{"id":10991,"date":"2018-12-15T19:55:15","date_gmt":"2018-12-15T18:55:15","guid":{"rendered":"https:\/\/www.elturistatranquil.com\/?p=10991"},"modified":"2025-08-04T19:36:19","modified_gmt":"2025-08-04T17:36:19","slug":"llivia","status":"publish","type":"post","link":"https:\/\/www.elturistatranquil.com\/ca\/llivia\/","title":{"rendered":"Ll\u00edvia (Girona)"},"content":{"rendered":"\t\t<div data-elementor-type=\"wp-post\" data-elementor-id=\"10991\" class=\"elementor elementor-10991 elementor-10882 elementor-bc-flex-widget\" data-elementor-post-type=\"post\">\n\t\t\t\t\t\t<section class=\"elementor-section elementor-top-section elementor-element elementor-element-111cc59e elementor-section-boxed elementor-section-height-default elementor-section-height-default\" data-id=\"111cc59e\" data-element_type=\"section\" data-e-type=\"section\">\n\t\t\t\t\t\t<div class=\"elementor-container elementor-column-gap-default\">\n\t\t\t\t\t<div class=\"elementor-column elementor-col-100 elementor-top-column elementor-element elementor-element-d36f28d\" data-id=\"d36f28d\" data-element_type=\"column\" data-e-type=\"column\">\n\t\t\t<div class=\"elementor-widget-wrap elementor-element-populated\">\n\t\t\t\t\t\t<section class=\"elementor-section elementor-inner-section elementor-element elementor-element-1f17a4b5 elementor-section-content-middle elementor-section-boxed elementor-section-height-default elementor-section-height-default\" data-id=\"1f17a4b5\" data-element_type=\"section\" data-e-type=\"section\">\n\t\t\t\t\t\t<div class=\"elementor-container elementor-column-gap-default\">\n\t\t\t\t\t<div class=\"elementor-column elementor-col-100 elementor-inner-column elementor-element elementor-element-6b5b8b14\" data-id=\"6b5b8b14\" data-element_type=\"column\" data-e-type=\"column\">\n\t\t\t<div class=\"elementor-widget-wrap elementor-element-populated\">\n\t\t\t\t\t\t<div class=\"elementor-element elementor-element-1d0b376 elementor-widget elementor-widget-text-editor\" data-id=\"1d0b376\" data-element_type=\"widget\" data-e-type=\"widget\" data-widget_type=\"text-editor.default\">\n\t\t\t\t<div class=\"elementor-widget-container\">\n\t\t\t\t\t\t\t\t\t<p><em>Ll\u00edvia<\/em>, a la Cerdanya gironina, te la singularitat de ser un enclavament a territori franc\u00e8s. Habitada des de la prehist\u00f2ria, havia estat un punt de control de pas per travessar els Pirineus per aquesta fossa tect\u00f2nica que els trenca.<\/p>\t\t\t\t\t\t\t\t<\/div>\n\t\t\t\t<\/div>\n\t\t\t\t\t<\/div>\n\t\t<\/div>\n\t\t\t\t\t<\/div>\n\t\t<\/section>\n\t\t\t\t<div class=\"elementor-element elementor-element-4bc11e30 elementor-widget elementor-widget-heading\" data-id=\"4bc11e30\" data-element_type=\"widget\" data-e-type=\"widget\" data-widget_type=\"heading.default\">\n\t\t\t\t<div class=\"elementor-widget-container\">\n\t\t\t\t\t<h1 class=\"elementor-heading-title elementor-size-default\">Ll\u00edvia<\/h1>\t\t\t\t<\/div>\n\t\t\t\t<\/div>\n\t\t\t\t\t<\/div>\n\t\t<\/div>\n\t\t\t\t\t<\/div>\n\t\t<\/section>\n\t\t\t\t<section class=\"elementor-section elementor-top-section elementor-element elementor-element-200bd7cb elementor-section-boxed elementor-section-height-default elementor-section-height-default\" data-id=\"200bd7cb\" data-element_type=\"section\" data-e-type=\"section\">\n\t\t\t\t\t\t<div class=\"elementor-container elementor-column-gap-default\">\n\t\t\t\t\t<div class=\"elementor-column elementor-col-100 elementor-top-column elementor-element elementor-element-5d641991\" data-id=\"5d641991\" data-element_type=\"column\" data-e-type=\"column\">\n\t\t\t<div class=\"elementor-widget-wrap elementor-element-populated\">\n\t\t\t\t\t\t<div class=\"elementor-element elementor-element-51131d6b elementor-widget elementor-widget-image\" data-id=\"51131d6b\" data-element_type=\"widget\" data-e-type=\"widget\" data-widget_type=\"image.default\">\n\t\t\t\t<div class=\"elementor-widget-container\">\n\t\t\t\t\t\t\t\t\t\t\t\t<figure class=\"wp-caption\">\n\t\t\t\t\t\t\t\t\t\t<img fetchpriority=\"high\" decoding=\"async\" width=\"800\" height=\"533\" src=\"https:\/\/www.elturistatranquil.com\/wp-content\/uploads\/F01-Llivia-Google-maps-2018-12-10-1.jpg\" class=\"attachment-large size-large wp-image-10993\" alt=\"\" srcset=\"https:\/\/www.elturistatranquil.com\/wp-content\/uploads\/F01-Llivia-Google-maps-2018-12-10-1.jpg 800w, https:\/\/www.elturistatranquil.com\/wp-content\/uploads\/F01-Llivia-Google-maps-2018-12-10-1-768x512.jpg 768w\" sizes=\"(max-width: 800px) 100vw, 800px\" \/>\t\t\t\t\t\t\t\t\t\t\t<figcaption class=\"widget-image-caption wp-caption-text\">Ll\u00edvia (Google maps 2018-12-10)<\/figcaption>\n\t\t\t\t\t\t\t\t\t\t<\/figure>\n\t\t\t\t\t\t\t\t\t<\/div>\n\t\t\t\t<\/div>\n\t\t\t\t<div class=\"elementor-element elementor-element-24e1b891 elementor-widget elementor-widget-spacer\" data-id=\"24e1b891\" data-element_type=\"widget\" data-e-type=\"widget\" data-widget_type=\"spacer.default\">\n\t\t\t\t<div class=\"elementor-widget-container\">\n\t\t\t\t\t\t\t<div class=\"elementor-spacer\">\n\t\t\t<div class=\"elementor-spacer-inner\"><\/div>\n\t\t<\/div>\n\t\t\t\t\t\t<\/div>\n\t\t\t\t<\/div>\n\t\t\t\t<div class=\"elementor-element elementor-element-3399bf46 elementor-widget elementor-widget-heading\" data-id=\"3399bf46\" data-element_type=\"widget\" data-e-type=\"widget\" data-widget_type=\"heading.default\">\n\t\t\t\t<div class=\"elementor-widget-container\">\n\t\t\t\t\t<h2 class=\"elementor-heading-title elementor-size-default\">Ll\u00edvia. La Cerdanya, Girona<\/h2>\t\t\t\t<\/div>\n\t\t\t\t<\/div>\n\t\t\t\t<section class=\"elementor-section elementor-inner-section elementor-element elementor-element-57e3c216 elementor-section-boxed elementor-section-height-default elementor-section-height-default\" data-id=\"57e3c216\" data-element_type=\"section\" data-e-type=\"section\" data-settings=\"{&quot;background_background&quot;:&quot;classic&quot;}\">\n\t\t\t\t\t\t\t<div class=\"elementor-background-overlay\"><\/div>\n\t\t\t\t\t\t\t<div class=\"elementor-container elementor-column-gap-default\">\n\t\t\t\t\t<div class=\"elementor-column elementor-col-100 elementor-inner-column elementor-element elementor-element-693c54ac\" data-id=\"693c54ac\" data-element_type=\"column\" data-e-type=\"column\" data-settings=\"{&quot;background_background&quot;:&quot;classic&quot;}\">\n\t\t\t<div class=\"elementor-widget-wrap elementor-element-populated\">\n\t\t\t\t\t\t<div class=\"elementor-element elementor-element-bfa87c4 elementor-widget elementor-widget-text-editor\" data-id=\"bfa87c4\" data-element_type=\"widget\" data-e-type=\"widget\" data-widget_type=\"text-editor.default\">\n\t\t\t\t<div class=\"elementor-widget-container\">\n\t\t\t\t\t\t\t\t\t<p>Ll\u00edvia. Comarca: La Cerdanya. Prov\u00edncia: Girona. Com. Aut\u00f2noma: Catalunya<\/p>\t\t\t\t\t\t\t\t<\/div>\n\t\t\t\t<\/div>\n\t\t\t\t<div class=\"elementor-element elementor-element-5443d1ec elementor-widget elementor-widget-text-editor\" data-id=\"5443d1ec\" data-element_type=\"widget\" data-e-type=\"widget\" data-widget_type=\"text-editor.default\">\n\t\t\t\t<div class=\"elementor-widget-container\">\n\t\t\t\t\t\t\t\t\t<p>Coordenades: 42\u00b027\u203250\u2033N 1\u00b058\u203245\u2033E. Altitud: 1.224 msnm. Poblaci\u00f3: 1.415 habitants (2017)<\/p>\t\t\t\t\t\t\t\t<\/div>\n\t\t\t\t<\/div>\n\t\t\t\t<div class=\"elementor-element elementor-element-4ac4f0bb elementor-widget elementor-widget-text-editor\" data-id=\"4ac4f0bb\" data-element_type=\"widget\" data-e-type=\"widget\" data-widget_type=\"text-editor.default\">\n\t\t\t\t<div class=\"elementor-widget-container\">\n\t\t\t\t\t\t\t\t\t<p>Web: <a href=\"http:\/\/llivia.org\/cat\/inici.html\" target=\"_blank\" rel=\"noopener\">Ll\u00edvia Ajuntament<\/a><\/p>\t\t\t\t\t\t\t\t<\/div>\n\t\t\t\t<\/div>\n\t\t\t\t<div class=\"elementor-element elementor-element-36f9a314 elementor-widget elementor-widget-text-editor\" data-id=\"36f9a314\" data-element_type=\"widget\" data-e-type=\"widget\" data-widget_type=\"text-editor.default\">\n\t\t\t\t<div class=\"elementor-widget-container\">\n\t\t\t\t\t\t\t\t\t<p>B\u00e9 Cultural d\u2019Inter\u00e9s Nacional. Classificat com a Conjunt Hist\u00f2ric (1968)<\/p>\t\t\t\t\t\t\t\t<\/div>\n\t\t\t\t<\/div>\n\t\t\t\t<div class=\"elementor-element elementor-element-1a4b51a3 elementor-widget elementor-widget-text-editor\" data-id=\"1a4b51a3\" data-element_type=\"widget\" data-e-type=\"widget\" data-widget_type=\"text-editor.default\">\n\t\t\t\t<div class=\"elementor-widget-container\">\n\t\t\t\t\t\t\t\t\t<p>Visita: 2018<\/p>\t\t\t\t\t\t\t\t<\/div>\n\t\t\t\t<\/div>\n\t\t\t\t\t<\/div>\n\t\t<\/div>\n\t\t\t\t\t<\/div>\n\t\t<\/section>\n\t\t\t\t<div class=\"elementor-element elementor-element-682b8505 elementor-widget elementor-widget-image\" data-id=\"682b8505\" data-element_type=\"widget\" data-e-type=\"widget\" data-widget_type=\"image.default\">\n\t\t\t\t<div class=\"elementor-widget-container\">\n\t\t\t\t\t\t\t\t\t\t\t\t<figure class=\"wp-caption\">\n\t\t\t\t\t\t\t\t\t\t<img decoding=\"async\" width=\"768\" height=\"513\" src=\"https:\/\/www.elturistatranquil.com\/wp-content\/uploads\/F02-Mapa-situaci\u00f3-de-Ll\u00edvia-Google-maps-2018-12-10-1-768x513.jpg\" class=\"attachment-medium_large size-medium_large wp-image-10995\" alt=\"\" srcset=\"https:\/\/www.elturistatranquil.com\/wp-content\/uploads\/F02-Mapa-situaci\u00f3-de-Ll\u00edvia-Google-maps-2018-12-10-1-768x513.jpg 768w, https:\/\/www.elturistatranquil.com\/wp-content\/uploads\/F02-Mapa-situaci\u00f3-de-Ll\u00edvia-Google-maps-2018-12-10-1.jpg 800w\" sizes=\"(max-width: 768px) 100vw, 768px\" \/>\t\t\t\t\t\t\t\t\t\t\t<figcaption class=\"widget-image-caption wp-caption-text\">Mapa situaci\u00f3 de Ll\u00edvia (Google maps 2018-12-10)<\/figcaption>\n\t\t\t\t\t\t\t\t\t\t<\/figure>\n\t\t\t\t\t\t\t\t\t<\/div>\n\t\t\t\t<\/div>\n\t\t\t\t<div class=\"elementor-element elementor-element-2b5e2274 elementor-widget elementor-widget-image\" data-id=\"2b5e2274\" data-element_type=\"widget\" data-e-type=\"widget\" data-widget_type=\"image.default\">\n\t\t\t\t<div class=\"elementor-widget-container\">\n\t\t\t\t\t\t\t\t\t\t\t\t<figure class=\"wp-caption\">\n\t\t\t\t\t\t\t\t\t\t<img decoding=\"async\" width=\"768\" height=\"512\" src=\"https:\/\/www.elturistatranquil.com\/wp-content\/uploads\/F03-Llivia-territori-Google-maps-2018-12-12-1-768x512.jpg\" class=\"attachment-medium_large size-medium_large wp-image-10997\" alt=\"\" srcset=\"https:\/\/www.elturistatranquil.com\/wp-content\/uploads\/F03-Llivia-territori-Google-maps-2018-12-12-1-768x512.jpg 768w, https:\/\/www.elturistatranquil.com\/wp-content\/uploads\/F03-Llivia-territori-Google-maps-2018-12-12-1.jpg 800w\" sizes=\"(max-width: 768px) 100vw, 768px\" \/>\t\t\t\t\t\t\t\t\t\t\t<figcaption class=\"widget-image-caption wp-caption-text\">El territori de Ll\u00edvia. En blau l\u00ednia de frontera amb Fran\u00e7a (Google maps 2018-12-12)<\/figcaption>\n\t\t\t\t\t\t\t\t\t\t<\/figure>\n\t\t\t\t\t\t\t\t\t<\/div>\n\t\t\t\t<\/div>\n\t\t\t\t<section class=\"elementor-section elementor-inner-section elementor-element elementor-element-6f191dc4 elementor-section-boxed elementor-section-height-default elementor-section-height-default\" data-id=\"6f191dc4\" data-element_type=\"section\" data-e-type=\"section\" data-settings=\"{&quot;background_background&quot;:&quot;classic&quot;}\">\n\t\t\t\t\t\t<div class=\"elementor-container elementor-column-gap-default\">\n\t\t\t\t\t<div class=\"elementor-column elementor-col-100 elementor-inner-column elementor-element elementor-element-5bc4a5c1\" data-id=\"5bc4a5c1\" data-element_type=\"column\" data-e-type=\"column\">\n\t\t\t<div class=\"elementor-widget-wrap elementor-element-populated\">\n\t\t\t\t\t\t<div class=\"elementor-element elementor-element-7ee7f700 elementor-widget elementor-widget-text-editor\" data-id=\"7ee7f700\" data-element_type=\"widget\" data-e-type=\"widget\" data-widget_type=\"text-editor.default\">\n\t\t\t\t<div class=\"elementor-widget-container\">\n\t\t\t\t\t\t\t\t\t<h6>\u00cdndex<\/h6>\t\t\t\t\t\t\t\t<\/div>\n\t\t\t\t<\/div>\n\t\t\t\t<div class=\"elementor-element elementor-element-3e0949b2 elementor-widget elementor-widget-text-editor\" data-id=\"3e0949b2\" data-element_type=\"widget\" data-e-type=\"widget\" data-widget_type=\"text-editor.default\">\n\t\t\t\t<div class=\"elementor-widget-container\">\n\t\t\t\t\t\t\t\t\t<p><a href=\"https:\/\/www.elturistatranquil.com\/ca\/llivia\/#c1901\">Ll\u00edvia. La Cerdanya, Girona<\/a><\/p>\t\t\t\t\t\t\t\t<\/div>\n\t\t\t\t<\/div>\n\t\t\t\t<div class=\"elementor-element elementor-element-50910c0d elementor-widget elementor-widget-text-editor\" data-id=\"50910c0d\" data-element_type=\"widget\" data-e-type=\"widget\" data-widget_type=\"text-editor.default\">\n\t\t\t\t<div class=\"elementor-widget-container\">\n\t\t\t\t\t\t\t\t\t<p><a href=\"https:\/\/www.elturistatranquil.com\/ca\/llivia\/#c1902\">Per qu\u00e8 un enclavament territorial a Fran\u00e7a<\/a><\/p>\t\t\t\t\t\t\t\t<\/div>\n\t\t\t\t<\/div>\n\t\t\t\t<div class=\"elementor-element elementor-element-7cac9cd4 elementor-widget elementor-widget-text-editor\" data-id=\"7cac9cd4\" data-element_type=\"widget\" data-e-type=\"widget\" data-widget_type=\"text-editor.default\">\n\t\t\t\t<div class=\"elementor-widget-container\">\n\t\t\t\t\t\t\t\t\t<p><a href=\"https:\/\/www.elturistatranquil.com\/ca\/llivia\/#c1903\">Una mica d&#8217;hist\u00f2ria<\/a><\/p>\t\t\t\t\t\t\t\t<\/div>\n\t\t\t\t<\/div>\n\t\t\t\t<div class=\"elementor-element elementor-element-bbe22b7 elementor-widget elementor-widget-text-editor\" data-id=\"bbe22b7\" data-element_type=\"widget\" data-e-type=\"widget\" data-widget_type=\"text-editor.default\">\n\t\t\t\t<div class=\"elementor-widget-container\">\n\t\t\t\t\t\t\t\t\t<p style=\"padding-left: 60px;\"><a href=\"https:\/\/www.elturistatranquil.com\/ca\/llivia\/#c1904\">Des de la Prehist\u00f2ria<\/a><\/p>\t\t\t\t\t\t\t\t<\/div>\n\t\t\t\t<\/div>\n\t\t\t\t<div class=\"elementor-element elementor-element-31c1db04 elementor-widget elementor-widget-text-editor\" data-id=\"31c1db04\" data-element_type=\"widget\" data-e-type=\"widget\" data-widget_type=\"text-editor.default\">\n\t\t\t\t<div class=\"elementor-widget-container\">\n\t\t\t\t\t\t\t\t\t<p style=\"padding-left: 60px;\"><a href=\"https:\/\/www.elturistatranquil.com\/ca\/llivia\/#c1905\">Els tractats dels Pirineus i de Ll\u00edvia<\/a><\/p>\t\t\t\t\t\t\t\t<\/div>\n\t\t\t\t<\/div>\n\t\t\t\t<div class=\"elementor-element elementor-element-496ecd5 elementor-widget elementor-widget-text-editor\" data-id=\"496ecd5\" data-element_type=\"widget\" data-e-type=\"widget\" data-widget_type=\"text-editor.default\">\n\t\t\t\t<div class=\"elementor-widget-container\">\n\t\t\t\t\t\t\t\t\t<p><a href=\"https:\/\/www.elturistatranquil.com\/ca\/llivia\/#c1906\">Recorregut per Ll\u00edvia<\/a><\/p>\t\t\t\t\t\t\t\t<\/div>\n\t\t\t\t<\/div>\n\t\t\t\t<div class=\"elementor-element elementor-element-6f748306 elementor-widget elementor-widget-text-editor\" data-id=\"6f748306\" data-element_type=\"widget\" data-e-type=\"widget\" data-widget_type=\"text-editor.default\">\n\t\t\t\t<div class=\"elementor-widget-container\">\n\t\t\t\t\t\t\t\t\t<p style=\"padding-left: 60px;\"><a href=\"https:\/\/www.elturistatranquil.com\/ca\/llivia\/#c1907\">L&#8217;eixample actual<\/a><\/p>\t\t\t\t\t\t\t\t<\/div>\n\t\t\t\t<\/div>\n\t\t\t\t<div class=\"elementor-element elementor-element-e076baa elementor-widget elementor-widget-text-editor\" data-id=\"e076baa\" data-element_type=\"widget\" data-e-type=\"widget\" data-widget_type=\"text-editor.default\">\n\t\t\t\t<div class=\"elementor-widget-container\">\n\t\t\t\t\t\t\t\t\t<p style=\"padding-left: 60px;\"><a href=\"https:\/\/www.elturistatranquil.com\/ca\/llivia\/#c1908\">El Barri Vell<\/a><\/p>\t\t\t\t\t\t\t\t<\/div>\n\t\t\t\t<\/div>\n\t\t\t\t<div class=\"elementor-element elementor-element-139515a6 elementor-widget elementor-widget-text-editor\" data-id=\"139515a6\" data-element_type=\"widget\" data-e-type=\"widget\" data-widget_type=\"text-editor.default\">\n\t\t\t\t<div class=\"elementor-widget-container\">\n\t\t\t\t\t\t\t\t\t<p style=\"padding-left: 60px;\"><a href=\"https:\/\/www.elturistatranquil.com\/ca\/llivia\/#c1909\">Esgl\u00e9sia parroquial de la Mare de D\u00e9u dels \u00c0ngels<\/a><\/p>\t\t\t\t\t\t\t\t<\/div>\n\t\t\t\t<\/div>\n\t\t\t\t<div class=\"elementor-element elementor-element-20b1427c elementor-widget elementor-widget-text-editor\" data-id=\"20b1427c\" data-element_type=\"widget\" data-e-type=\"widget\" data-widget_type=\"text-editor.default\">\n\t\t\t\t<div class=\"elementor-widget-container\">\n\t\t\t\t\t\t\t\t\t<p style=\"padding-left: 60px;\"><a href=\"https:\/\/www.elturistatranquil.com\/ca\/llivia\/#c1910\">Excavacions romanes a Iulia Lybica<\/a><\/p>\t\t\t\t\t\t\t\t<\/div>\n\t\t\t\t<\/div>\n\t\t\t\t<div class=\"elementor-element elementor-element-75c501eb elementor-widget elementor-widget-text-editor\" data-id=\"75c501eb\" data-element_type=\"widget\" data-e-type=\"widget\" data-widget_type=\"text-editor.default\">\n\t\t\t\t<div class=\"elementor-widget-container\">\n\t\t\t\t\t\t\t\t\t<p style=\"padding-left: 60px;\"><a href=\"https:\/\/www.elturistatranquil.com\/ca\/llivia\/#c1911\">La creu de Toret<\/a><\/p>\t\t\t\t\t\t\t\t<\/div>\n\t\t\t\t<\/div>\n\t\t\t\t<div class=\"elementor-element elementor-element-23a8b6de elementor-widget elementor-widget-text-editor\" data-id=\"23a8b6de\" data-element_type=\"widget\" data-e-type=\"widget\" data-widget_type=\"text-editor.default\">\n\t\t\t\t<div class=\"elementor-widget-container\">\n\t\t\t\t\t\t\t\t\t<p style=\"padding-left: 60px;\"><a href=\"https:\/\/www.elturistatranquil.com\/ca\/llivia\/#c1912\">Torre Bernat de So<\/a><\/p>\t\t\t\t\t\t\t\t<\/div>\n\t\t\t\t<\/div>\n\t\t\t\t<div class=\"elementor-element elementor-element-47db37a5 elementor-widget elementor-widget-text-editor\" data-id=\"47db37a5\" data-element_type=\"widget\" data-e-type=\"widget\" data-widget_type=\"text-editor.default\">\n\t\t\t\t<div class=\"elementor-widget-container\">\n\t\t\t\t\t\t\t\t\t<p style=\"padding-left: 60px;\"><a href=\"https:\/\/www.elturistatranquil.com\/ca\/llivia\/#c1913\">L&#8217;Ajuntament i el Museu de Ll\u00edvia<\/a><\/p>\t\t\t\t\t\t\t\t<\/div>\n\t\t\t\t<\/div>\n\t\t\t\t<div class=\"elementor-element elementor-element-684fc4da elementor-widget elementor-widget-text-editor\" data-id=\"684fc4da\" data-element_type=\"widget\" data-e-type=\"widget\" data-widget_type=\"text-editor.default\">\n\t\t\t\t<div class=\"elementor-widget-container\">\n\t\t\t\t\t\t\t\t\t<p style=\"padding-left: 90px;\"><a href=\"https:\/\/www.elturistatranquil.com\/ca\/llivia\/#c1914\">Els fons de la farm\u00e0cia Esteva<\/a><\/p>\t\t\t\t\t\t\t\t<\/div>\n\t\t\t\t<\/div>\n\t\t\t\t<div class=\"elementor-element elementor-element-39b06d5f elementor-widget elementor-widget-text-editor\" data-id=\"39b06d5f\" data-element_type=\"widget\" data-e-type=\"widget\" data-widget_type=\"text-editor.default\">\n\t\t\t\t<div class=\"elementor-widget-container\">\n\t\t\t\t\t\t\t\t\t<p style=\"padding-left: 90px;\"><a href=\"https:\/\/www.elturistatranquil.com\/ca\/llivia\/#c1915\">La rebotiga i el Farmac\u00e8utic<\/a><\/p>\t\t\t\t\t\t\t\t<\/div>\n\t\t\t\t<\/div>\n\t\t\t\t<div class=\"elementor-element elementor-element-1439ab2e elementor-widget elementor-widget-menu-anchor\" data-id=\"1439ab2e\" data-element_type=\"widget\" data-e-type=\"widget\" data-widget_type=\"menu-anchor.default\">\n\t\t\t\t<div class=\"elementor-widget-container\">\n\t\t\t\t\t\t\t<div class=\"elementor-menu-anchor\" id=\"c1901\"><\/div>\n\t\t\t\t\t\t<\/div>\n\t\t\t\t<\/div>\n\t\t\t\t<div class=\"elementor-element elementor-element-308392ab elementor-widget elementor-widget-text-editor\" data-id=\"308392ab\" data-element_type=\"widget\" data-e-type=\"widget\" data-widget_type=\"text-editor.default\">\n\t\t\t\t<div class=\"elementor-widget-container\">\n\t\t\t\t\t\t\t\t\t<p style=\"padding-left: 60px;\"><a href=\"https:\/\/www.elturistatranquil.com\/ca\/llivia\/#c1916\">Carrer del Raval<\/a><\/p>\t\t\t\t\t\t\t\t<\/div>\n\t\t\t\t<\/div>\n\t\t\t\t<div class=\"elementor-element elementor-element-7bfeb1dc elementor-widget elementor-widget-text-editor\" data-id=\"7bfeb1dc\" data-element_type=\"widget\" data-e-type=\"widget\" data-widget_type=\"text-editor.default\">\n\t\t\t\t<div class=\"elementor-widget-container\">\n\t\t\t\t\t\t\t\t\t<p style=\"padding-left: 60px;\"><a href=\"https:\/\/www.elturistatranquil.com\/ca\/llivia\/#c1917\">Avinguda de Catalunya<\/a><\/p>\t\t\t\t\t\t\t\t<\/div>\n\t\t\t\t<\/div>\n\t\t\t\t<div class=\"elementor-element elementor-element-39eaa447 elementor-widget elementor-widget-text-editor\" data-id=\"39eaa447\" data-element_type=\"widget\" data-e-type=\"widget\" data-widget_type=\"text-editor.default\">\n\t\t\t\t<div class=\"elementor-widget-container\">\n\t\t\t\t\t\t\t\t\t<p style=\"padding-left: 60px;\"><a href=\"https:\/\/www.elturistatranquil.com\/ca\/llivia\/#c1918\">El Castell<\/a><\/p>\t\t\t\t\t\t\t\t<\/div>\n\t\t\t\t<\/div>\n\t\t\t\t<div class=\"elementor-element elementor-element-1043d0b3 elementor-widget elementor-widget-text-editor\" data-id=\"1043d0b3\" data-element_type=\"widget\" data-e-type=\"widget\" data-widget_type=\"text-editor.default\">\n\t\t\t\t<div class=\"elementor-widget-container\">\n\t\t\t\t\t\t\t\t\t<p><a href=\"https:\/\/www.elturistatranquil.com\/ca\/llivia\/#c1919\">Fi de la visita<\/a><\/p>\t\t\t\t\t\t\t\t<\/div>\n\t\t\t\t<\/div>\n\t\t\t\t<div class=\"elementor-element elementor-element-56568b07 elementor-widget elementor-widget-text-editor\" data-id=\"56568b07\" data-element_type=\"widget\" data-e-type=\"widget\" data-widget_type=\"text-editor.default\">\n\t\t\t\t<div class=\"elementor-widget-container\">\n\t\t\t\t\t\t\t\t\t<p><a href=\"https:\/\/www.elturistatranquil.com\/ca\/llivia\/#c1920\">Bases d&#8217;informaci\u00f3<\/a><\/p>\t\t\t\t\t\t\t\t<\/div>\n\t\t\t\t<\/div>\n\t\t\t\t\t<\/div>\n\t\t<\/div>\n\t\t\t\t\t<\/div>\n\t\t<\/section>\n\t\t\t\t<div class=\"elementor-element elementor-element-64833fbb elementor-widget elementor-widget-spacer\" data-id=\"64833fbb\" data-element_type=\"widget\" data-e-type=\"widget\" data-widget_type=\"spacer.default\">\n\t\t\t\t<div class=\"elementor-widget-container\">\n\t\t\t\t\t\t\t<div class=\"elementor-spacer\">\n\t\t\t<div class=\"elementor-spacer-inner\"><\/div>\n\t\t<\/div>\n\t\t\t\t\t\t<\/div>\n\t\t\t\t<\/div>\n\t\t\t\t<div class=\"elementor-element elementor-element-407393c0 elementor-widget elementor-widget-menu-anchor\" data-id=\"407393c0\" data-element_type=\"widget\" data-e-type=\"widget\" data-widget_type=\"menu-anchor.default\">\n\t\t\t\t<div class=\"elementor-widget-container\">\n\t\t\t\t\t\t\t<div class=\"elementor-menu-anchor\" id=\"c1902\"><\/div>\n\t\t\t\t\t\t<\/div>\n\t\t\t\t<\/div>\n\t\t\t\t<div class=\"elementor-element elementor-element-286e05ec elementor-widget elementor-widget-menu-anchor\" data-id=\"286e05ec\" data-element_type=\"widget\" data-e-type=\"widget\" data-widget_type=\"menu-anchor.default\">\n\t\t\t\t<div class=\"elementor-widget-container\">\n\t\t\t\t\t\t\t<div class=\"elementor-menu-anchor\" id=\"a0101-EnlaceaunpuntodentrodelPost\"><\/div>\n\t\t\t\t\t\t<\/div>\n\t\t\t\t<\/div>\n\t\t\t\t<div class=\"elementor-element elementor-element-463f7d00 elementor-widget elementor-widget-heading\" data-id=\"463f7d00\" data-element_type=\"widget\" data-e-type=\"widget\" data-widget_type=\"heading.default\">\n\t\t\t\t<div class=\"elementor-widget-container\">\n\t\t\t\t\t<h2 class=\"elementor-heading-title elementor-size-default\">Ll\u00edvia. La Cerdanya, Girona<\/h2>\t\t\t\t<\/div>\n\t\t\t\t<\/div>\n\t\t\t\t<div class=\"elementor-element elementor-element-47b1ea6b elementor-widget elementor-widget-text-editor\" data-id=\"47b1ea6b\" data-element_type=\"widget\" data-e-type=\"widget\" data-widget_type=\"text-editor.default\">\n\t\t\t\t<div class=\"elementor-widget-container\">\n\t\t\t\t\t\t\t\t\t<p>Des de <a href=\"https:\/\/www.elturistatranquil.com\/ca\/la-fonda-de-cal-fuxet-la-cerdanya\/\" target=\"_blank\" rel=\"noopener\">La Fonda de Cal Fuxet<\/a> travessar\u00e9 tota la Cerdanya seguint el curs del riu Segre, per anar a visitar Ll\u00edvia, un enclavament espanyol a Fran\u00e7a.<\/p>\t\t\t\t\t\t\t\t<\/div>\n\t\t\t\t<\/div>\n\t\t\t\t<div class=\"elementor-element elementor-element-7120f9e elementor-widget elementor-widget-heading\" data-id=\"7120f9e\" data-element_type=\"widget\" data-e-type=\"widget\" data-widget_type=\"heading.default\">\n\t\t\t\t<div class=\"elementor-widget-container\">\n\t\t\t\t\t<h2 class=\"elementor-heading-title elementor-size-default\">Per qu\u00e8 un enclavament territorial a Fran\u00e7a<\/h2>\t\t\t\t<\/div>\n\t\t\t\t<\/div>\n\t\t\t\t<div class=\"elementor-element elementor-element-34ef82a1 elementor-widget elementor-widget-menu-anchor\" data-id=\"34ef82a1\" data-element_type=\"widget\" data-e-type=\"widget\" data-widget_type=\"menu-anchor.default\">\n\t\t\t\t<div class=\"elementor-widget-container\">\n\t\t\t\t\t\t\t<div class=\"elementor-menu-anchor\" id=\"c1903\"><\/div>\n\t\t\t\t\t\t<\/div>\n\t\t\t\t<\/div>\n\t\t\t\t<div class=\"elementor-element elementor-element-8fb23e3 elementor-widget elementor-widget-text-editor\" data-id=\"8fb23e3\" data-element_type=\"widget\" data-e-type=\"widget\" data-widget_type=\"text-editor.default\">\n\t\t\t\t<div class=\"elementor-widget-container\">\n\t\t\t\t\t\t\t\t\t<p>Ens hem de situar a Europa al segle XVIII, a la Guerra dels Trenta Anys (1618-1648), que es perllonga entre Fran\u00e7a i Espanya fins al 1659 amb el Tractat dels Pirineus, pel que s\u2019establia que la l\u00ednia fronterera entre Espanya i Fran\u00e7a seria els Pirineus. Per\u00f2 calia definir els l\u00edmits exactes.<\/p><p>Pel que fa a la Cerdanya s\u2019establ\u00ed que 33 <strong>pobles -no cap vil\u00b7la-<\/strong> de l\u2019Alta Cerdanya passarien a pert\u00e0nyer a Fran\u00e7a. Per\u00f2 en aquesta definici\u00f3 no encaixava Ll\u00edvia, ja el 1528 el rei Carles I li havia atorgat la categoria de <strong>vil\u00b7la<\/strong>. Aquesta circumst\u00e0ncia va comportar que no fos cedida i va romandre des de llavors com un enclavament en territori franc\u00e8s, amb una carretera de lliure circulaci\u00f3 pels espanyols, que la uneix amb Puigcerd\u00e0.<\/p><p>D\u2019aquesta forma, ha quedat un territori de 12,9 km\u00b2 de superf\u00edcie en un municipi format per la vil\u00b7la i diversos agregats: Cereja, Gorguja, Gorguja Petita (Mas Travis) i el Mas Jonquer.<\/p>\t\t\t\t\t\t\t\t<\/div>\n\t\t\t\t<\/div>\n\t\t\t\t<div class=\"elementor-element elementor-element-48708d01 elementor-widget elementor-widget-heading\" data-id=\"48708d01\" data-element_type=\"widget\" data-e-type=\"widget\" data-widget_type=\"heading.default\">\n\t\t\t\t<div class=\"elementor-widget-container\">\n\t\t\t\t\t<h2 class=\"elementor-heading-title elementor-size-default\">Una mica d\u2019hist\u00f2ria<\/h2>\t\t\t\t<\/div>\n\t\t\t\t<\/div>\n\t\t\t\t<div class=\"elementor-element elementor-element-24d13719 elementor-widget elementor-widget-text-editor\" data-id=\"24d13719\" data-element_type=\"widget\" data-e-type=\"widget\" data-widget_type=\"text-editor.default\">\n\t\t\t\t<div class=\"elementor-widget-container\">\n\t\t\t\t\t\t\t\t\t<p>La Cerdanya constitueix una fosa tect\u00f2nica ubicada en el Pirineu axial, orientada en direcci\u00f3 NE-SO. Aquesta fosa conforma el pas en\u00a0l\u2019\u00fanica ruta natural per l&#8217;interior que permet, seguint el riu Segre i el de la Tet \u2014la coneguda\u00a0<em>Strata Ceretana<\/em>\u2014 travessar la serralada pirinenca amb comoditat i facilitat tant per persones, com mercaderies i ex\u00e8rcits al llarg de la hist\u00f2ria..<\/p><p>L\u2019exist\u00e8ncia d\u2019un tur\u00f3 al mig de la vall, al costat del riu Segre, conferia a aquest indret un valor estrat\u00e8gic de control de la via i de tot el territori. Per aix\u00f2, des d\u2019antic, el\u00a0control d&#8217;aquests passos pirinencs fou estrat\u00e8gicament essencial.<\/p><p>La hist\u00f2ria de l\u2019assentament del poblament a Ll\u00edvia ha anat oscil\u00b7lant entre el cim del tur\u00f3, en les \u00e8poques que tenia m\u00e9s import\u00e0ncia estrat\u00e8gica de vigil\u00e0ncia i defensiva, i la plana, per desenvolupar-hi una activitat econ\u00f2mica, aprofitant les potencialitats agr\u00e0ries i ramaderes.<\/p>\t\t\t\t\t\t\t\t<\/div>\n\t\t\t\t<\/div>\n\t\t\t\t<div class=\"elementor-element elementor-element-b315eae elementor-widget elementor-widget-menu-anchor\" data-id=\"b315eae\" data-element_type=\"widget\" data-e-type=\"widget\" data-widget_type=\"menu-anchor.default\">\n\t\t\t\t<div class=\"elementor-widget-container\">\n\t\t\t\t\t\t\t<div class=\"elementor-menu-anchor\" id=\"c1904\"><\/div>\n\t\t\t\t\t\t<\/div>\n\t\t\t\t<\/div>\n\t\t\t\t<div class=\"elementor-element elementor-element-6cbc0cac elementor-widget elementor-widget-image\" data-id=\"6cbc0cac\" data-element_type=\"widget\" data-e-type=\"widget\" data-widget_type=\"image.default\">\n\t\t\t\t<div class=\"elementor-widget-container\">\n\t\t\t\t\t\t\t\t\t\t\t\t<figure class=\"wp-caption\">\n\t\t\t\t\t\t\t\t\t\t<img loading=\"lazy\" decoding=\"async\" width=\"800\" height=\"534\" src=\"https:\/\/www.elturistatranquil.com\/wp-content\/uploads\/F04-Llivia-1.jpg\" class=\"attachment-large size-large wp-image-10999\" alt=\"\" srcset=\"https:\/\/www.elturistatranquil.com\/wp-content\/uploads\/F04-Llivia-1.jpg 800w, https:\/\/www.elturistatranquil.com\/wp-content\/uploads\/F04-Llivia-1-768x513.jpg 768w\" sizes=\"(max-width: 800px) 100vw, 800px\" \/>\t\t\t\t\t\t\t\t\t\t\t<figcaption class=\"widget-image-caption wp-caption-text\">Vista de Ll\u00edvia des del turo del Castell. Es distingeix la plana de La Cerdana en direcci\u00f3 sud-oest, la carretera que l\u2019uneix amb Puigcerd\u00e0 i, al fons a l\u2019esquerra, la serra del Cad\u00ed i a la dreta els Pirineus. (Foto: Patrimoni Generalitat de Catalunya)<\/figcaption>\n\t\t\t\t\t\t\t\t\t\t<\/figure>\n\t\t\t\t\t\t\t\t\t<\/div>\n\t\t\t\t<\/div>\n\t\t\t\t<div class=\"elementor-element elementor-element-37c56da2 elementor-widget elementor-widget-heading\" data-id=\"37c56da2\" data-element_type=\"widget\" data-e-type=\"widget\" data-widget_type=\"heading.default\">\n\t\t\t\t<div class=\"elementor-widget-container\">\n\t\t\t\t\t<h3 class=\"elementor-heading-title elementor-size-default\">Des de la Prehist\u00f2ria<\/h3>\t\t\t\t<\/div>\n\t\t\t\t<\/div>\n\t\t\t\t<div class=\"elementor-element elementor-element-77fa9bca elementor-widget elementor-widget-text-editor\" data-id=\"77fa9bca\" data-element_type=\"widget\" data-e-type=\"widget\" data-widget_type=\"text-editor.default\">\n\t\t\t\t<div class=\"elementor-widget-container\">\n\t\t\t\t\t\t\t\t\t<p>Se sap que 3000 anys aC Ll\u00edvia ja estava poblada.<\/p><p>Si han trobat destrals de pedra polida i altres mostres d&#8217;eines neol\u00edtiques. Tamb\u00e9 han aparegut materials cer\u00e0mics dels \u00faltims moments de l&#8217;Edat del Bronze sobre el 1200 aC. Tamb\u00e9 s&#8217;ha trobat cer\u00e0mica t\u00edpica de l&#8217;Edat del Ferro i cer\u00e0miques locals fetes a m\u00e0 d&#8217;inspiraci\u00f3 hel\u00b7lenitzant. La cer\u00e0mica trobada parla d&#8217;uns incipients intercanvis amb el m\u00f3n mediterrani en un moment bastant tard\u00e0 en comparaci\u00f3 amb el que succeeix en la major part de Catalunya, la iberitzaci\u00f3 de Cerdanya tardar\u00e0 en produir-se.<\/p><p>Els romans constru\u00efren la\u00a0<em>Strata Confluetana<\/em>\u00a0des de Narbona, que perllongaren cap a Lleida seguint el curs del\u00a0<a href=\"https:\/\/ca.wikipedia.org\/wiki\/Segre\">Segre<\/a>. A aquest tram se l&#8217;anomen\u00e0\u00a0<em>Strata Ceretana<\/em>\u00a0i data del 250 aC, aproximadament.<\/p><p>Tamb\u00e9 van fortificar un <em>castrum<\/em> (campament rom\u00e0) a <em>Iulia Lybica<\/em>, l&#8217;actual Ll\u00edvia, l&#8217;elecci\u00f3 de l&#8217;indret no \u00e9s casual. <em>Iulia Lybica<\/em> es trobava a un tur\u00f3 molt estrat\u00e8gic, que servia per vigilar els passos per aquest territori.<\/p><p>La import\u00e0ncia estrat\u00e8gica es va mantenir en l\u2019\u00e8poca dels visigods i la ocupaci\u00f3 es va mantenir dalt del puig. Livia seguia sent la capital de la Cerdanya i el <em>Castrum Libyae<\/em> suposa una pe\u00e7a clau a mantenir pel regne visigot.<\/p><p>La Cerdanya va estar ocupada pels musulmans uns cinquanta anys, i en aquest temps fortific\u00e0 el <em>castrum<\/em>, que abans de la seva retirada ja havia estat destru\u00eft per lluites internes.<\/p><p>A la fi del segle VIII va esdevenir la capital del naixent comtat de Cerdanya. La seva situaci\u00f3 estrat\u00e8gica al cim del Puig de Ll\u00edvia o del Castell era vital per controlar el cam\u00ed natural de pas de la Cerdanya i el Rossell\u00f3 cap a la vall del Segre.<\/p><p>L&#8217;origen de l\u2019actual Ll\u00edvia cal cercar-lo en la concessi\u00f3 que, el 1257, Jaume I feu als seus habitants d&#8217;instal\u00b7lar-se al pla, assentament que en endavant no canvi\u00e0 malgrat els nous privilegis que, el 1305, don\u00e0 Jaume II de Mallorca, de qui aleshores depenien la Cerdanya i el Rossell\u00f3, als qui es tornessin a instal\u00b7lar al cim per defensar millor el Castell, el qual perdur\u00e0 fins el 1479, en qu\u00e8 fou destru\u00eft durant la guerra contra Joan II. En queden nom\u00e9s els fonaments.\u00a0<\/p>\t\t\t\t\t\t\t\t<\/div>\n\t\t\t\t<\/div>\n\t\t\t\t<div class=\"elementor-element elementor-element-49eb4287 elementor-widget elementor-widget-menu-anchor\" data-id=\"49eb4287\" data-element_type=\"widget\" data-e-type=\"widget\" data-widget_type=\"menu-anchor.default\">\n\t\t\t\t<div class=\"elementor-widget-container\">\n\t\t\t\t\t\t\t<div class=\"elementor-menu-anchor\" id=\"c1905\"><\/div>\n\t\t\t\t\t\t<\/div>\n\t\t\t\t<\/div>\n\t\t\t\t<div class=\"elementor-element elementor-element-65de06bb elementor-widget elementor-widget-text-editor\" data-id=\"65de06bb\" data-element_type=\"widget\" data-e-type=\"widget\" data-widget_type=\"text-editor.default\">\n\t\t\t\t<div class=\"elementor-widget-container\">\n\t\t\t\t\t\t\t\t\t<p>Amb la destrucci\u00f3 del Castell, Ll\u00edvia es converteix en una simple vila reial. Malgrat tot, \u00e9s un moment de certa prosperitat: el 1584-85 s&#8217;edifica la torre Bernat de So i el 1617 s&#8217;acaba la construcci\u00f3 de l&#8217;Esgl\u00e9sia parroquial. Arquitect\u00f2nicament, les torres que flanquegen la porta principal de l&#8217;Esgl\u00e9sia ens mostren el desig de fortificar de nou Ll\u00edvia.<\/p>\t\t\t\t\t\t\t\t<\/div>\n\t\t\t\t<\/div>\n\t\t\t\t<div class=\"elementor-element elementor-element-69a38eea elementor-widget elementor-widget-heading\" data-id=\"69a38eea\" data-element_type=\"widget\" data-e-type=\"widget\" data-widget_type=\"heading.default\">\n\t\t\t\t<div class=\"elementor-widget-container\">\n\t\t\t\t\t<h3 class=\"elementor-heading-title elementor-size-default\">Els tractats dels Pirineus i de Ll\u00edvia<\/h3>\t\t\t\t<\/div>\n\t\t\t\t<\/div>\n\t\t\t\t<div class=\"elementor-element elementor-element-e0ad64e elementor-widget elementor-widget-text-editor\" data-id=\"e0ad64e\" data-element_type=\"widget\" data-e-type=\"widget\" data-widget_type=\"text-editor.default\">\n\t\t\t\t<div class=\"elementor-widget-container\">\n\t\t\t\t\t\t\t\t\t<p>Arribats al segle XVII ja hem vist com pels tractats dels Pirineus i de Ll\u00edvia (1659 i 1660), Ll\u00edvia es va conformar en un enclavament dins de Fran\u00e7a.<\/p><p>Per temes de fiscalitat, foren molts els terratinents de Ll\u00edvia que compraren terres a Fran\u00e7a i molts els terratinents francesos que es nacionalitzaren i anaren a residir a la vila per eximir-se de certs impostos.<\/p><p>El 1787, un 52,6% de la poblaci\u00f3 es dedicava al sector secundari \u2014comerciants, fabricants i artesans\u2014; el 1853 hi tenim 17 fabricants de mitges, teixits, filats, cot\u00f3, pintes o gavardines; a m\u00e9s, a la segona meitat del segle XIX Ll\u00edvia es va convertir en capdavantera pel que fa l&#8217;evoluci\u00f3 t\u00e8cnica i industrial del camp.<\/p><p>L&#8217;auge econ\u00f2mic fou en augment fins al principi del segle XX.<\/p><p>La integraci\u00f3 econ\u00f2mica europea, la eliminaci\u00f3 de duanes i la moneda \u00fanica han afavorit el desenvolupament de Ll\u00edvia.<\/p>\t\t\t\t\t\t\t\t<\/div>\n\t\t\t\t<\/div>\n\t\t\t\t<div class=\"elementor-element elementor-element-61da3fc6 elementor-widget elementor-widget-menu-anchor\" data-id=\"61da3fc6\" data-element_type=\"widget\" data-e-type=\"widget\" data-widget_type=\"menu-anchor.default\">\n\t\t\t\t<div class=\"elementor-widget-container\">\n\t\t\t\t\t\t\t<div class=\"elementor-menu-anchor\" id=\"c1906\"><\/div>\n\t\t\t\t\t\t<\/div>\n\t\t\t\t<\/div>\n\t\t\t\t<div class=\"elementor-element elementor-element-7b94bf0b elementor-widget elementor-widget-text-editor\" data-id=\"7b94bf0b\" data-element_type=\"widget\" data-e-type=\"widget\" data-widget_type=\"text-editor.default\">\n\t\t\t\t<div class=\"elementor-widget-container\">\n\t\t\t\t\t\t\t\t\t<p>En l\u2019actualitat, l\u2019auge del turisme i dels esports de neu han fet de la Cerdanya en general, i de Ll\u00edvia en particular, un centre tur\u00edstic residencial de gran import\u00e0ncia. La proximitat a destacades estacions d\u2019esqu\u00ed franceses \u00e9s un atractiu per a Ll\u00edvia.<\/p><p>L&#8217;actual Vila de Ll\u00edvia \u00e9s un conjunt for\u00e7a ben arranjat. Els seus carrers -del Mercadal, de Fontcitrane, de Santa Maria-, i places -antiga pla\u00e7a Major- conserven l&#8217;aire dels temps passats.<\/p>\t\t\t\t\t\t\t\t<\/div>\n\t\t\t\t<\/div>\n\t\t\t\t<div class=\"elementor-element elementor-element-74bb2123 elementor-widget elementor-widget-heading\" data-id=\"74bb2123\" data-element_type=\"widget\" data-e-type=\"widget\" data-widget_type=\"heading.default\">\n\t\t\t\t<div class=\"elementor-widget-container\">\n\t\t\t\t\t<h2 class=\"elementor-heading-title elementor-size-default\">Recorregut per Ll\u00edvia<\/h2>\t\t\t\t<\/div>\n\t\t\t\t<\/div>\n\t\t\t\t<div class=\"elementor-element elementor-element-44070d12 elementor-widget elementor-widget-text-editor\" data-id=\"44070d12\" data-element_type=\"widget\" data-e-type=\"widget\" data-widget_type=\"text-editor.default\">\n\t\t\t\t<div class=\"elementor-widget-container\">\n\t\t\t\t\t\t\t\t\t<p>Vaig comen\u00e7ar el meu recorregut al punt (<strong>1<\/strong>), a l\u2019Avinguda de Catalunya, amb f\u00e0cil aparcament. Aix\u00f2 va comportar iniciar per la part m\u00e9s moderna que hem portar\u00e0 a nucli hist\u00f2ric.<\/p>\t\t\t\t\t\t\t\t<\/div>\n\t\t\t\t<\/div>\n\t\t\t\t<div class=\"elementor-element elementor-element-3586b361 elementor-widget elementor-widget-menu-anchor\" data-id=\"3586b361\" data-element_type=\"widget\" data-e-type=\"widget\" data-widget_type=\"menu-anchor.default\">\n\t\t\t\t<div class=\"elementor-widget-container\">\n\t\t\t\t\t\t\t<div class=\"elementor-menu-anchor\" id=\"c1907\"><\/div>\n\t\t\t\t\t\t<\/div>\n\t\t\t\t<\/div>\n\t\t\t\t<div class=\"elementor-element elementor-element-7497c8cb elementor-widget elementor-widget-image\" data-id=\"7497c8cb\" data-element_type=\"widget\" data-e-type=\"widget\" data-widget_type=\"image.default\">\n\t\t\t\t<div class=\"elementor-widget-container\">\n\t\t\t\t\t\t\t\t\t\t\t\t<figure class=\"wp-caption\">\n\t\t\t\t\t\t\t\t\t\t<img loading=\"lazy\" decoding=\"async\" width=\"800\" height=\"533\" src=\"https:\/\/www.elturistatranquil.com\/wp-content\/uploads\/F05-Llivia-ruta-Google-maps-2018-12-13-1.jpg\" class=\"attachment-large size-large wp-image-11001\" alt=\"\" srcset=\"https:\/\/www.elturistatranquil.com\/wp-content\/uploads\/F05-Llivia-ruta-Google-maps-2018-12-13-1.jpg 800w, https:\/\/www.elturistatranquil.com\/wp-content\/uploads\/F05-Llivia-ruta-Google-maps-2018-12-13-1-768x512.jpg 768w\" sizes=\"(max-width: 800px) 100vw, 800px\" \/>\t\t\t\t\t\t\t\t\t\t\t<figcaption class=\"widget-image-caption wp-caption-text\">Recorregut de la visita (Google maps 2018-12-13)<\/figcaption>\n\t\t\t\t\t\t\t\t\t\t<\/figure>\n\t\t\t\t\t\t\t\t\t<\/div>\n\t\t\t\t<\/div>\n\t\t\t\t<div class=\"elementor-element elementor-element-5cce0a77 elementor-widget elementor-widget-heading\" data-id=\"5cce0a77\" data-element_type=\"widget\" data-e-type=\"widget\" data-widget_type=\"heading.default\">\n\t\t\t\t<div class=\"elementor-widget-container\">\n\t\t\t\t\t<h3 class=\"elementor-heading-title elementor-size-default\">L\u2019eixample actual<\/h3>\t\t\t\t<\/div>\n\t\t\t\t<\/div>\n\t\t\t\t<div class=\"elementor-element elementor-element-65dd090b elementor-widget elementor-widget-text-editor\" data-id=\"65dd090b\" data-element_type=\"widget\" data-e-type=\"widget\" data-widget_type=\"text-editor.default\">\n\t\t\t\t<div class=\"elementor-widget-container\">\n\t\t\t\t\t\t\t\t\t<p>L\u2019expansi\u00f3 residencial tur\u00edstica es manifesta en amplies urbanitzacions a les zones d&#8217;eixample (<strong>2<\/strong>). En elles predomina el model arquitect\u00f2nic que denomino <em>neo-cerd\u00e0<\/em>, basat en els materials cl\u00e0ssics del territori -pedra, fusta i pissarra- per\u00f2 amb un estil arquitect\u00f2nica m\u00e9s modern i de qualitat.<\/p>\t\t\t\t\t\t\t\t<\/div>\n\t\t\t\t<\/div>\n\t\t\t\t<div class=\"elementor-element elementor-element-1cc340f7 elementor-widget elementor-widget-image\" data-id=\"1cc340f7\" data-element_type=\"widget\" data-e-type=\"widget\" data-widget_type=\"image.default\">\n\t\t\t\t<div class=\"elementor-widget-container\">\n\t\t\t\t\t\t\t\t\t\t\t\t<figure class=\"wp-caption\">\n\t\t\t\t\t\t\t\t\t\t<img loading=\"lazy\" decoding=\"async\" width=\"800\" height=\"533\" src=\"https:\/\/www.elturistatranquil.com\/wp-content\/uploads\/F06-Llivia-1.jpg\" class=\"attachment-large size-large wp-image-11003\" alt=\"\" srcset=\"https:\/\/www.elturistatranquil.com\/wp-content\/uploads\/F06-Llivia-1.jpg 800w, https:\/\/www.elturistatranquil.com\/wp-content\/uploads\/F06-Llivia-1-768x512.jpg 768w\" sizes=\"(max-width: 800px) 100vw, 800px\" \/>\t\t\t\t\t\t\t\t\t\t\t<figcaption class=\"widget-image-caption wp-caption-text\">Punt d\u2019inici (1) mirant en direcci\u00f3 a Espanya. Amb la serra del Cad\u00ed al fons<\/figcaption>\n\t\t\t\t\t\t\t\t\t\t<\/figure>\n\t\t\t\t\t\t\t\t\t<\/div>\n\t\t\t\t<\/div>\n\t\t\t\t<div class=\"elementor-element elementor-element-5430b665 elementor-widget elementor-widget-image\" data-id=\"5430b665\" data-element_type=\"widget\" data-e-type=\"widget\" data-widget_type=\"image.default\">\n\t\t\t\t<div class=\"elementor-widget-container\">\n\t\t\t\t\t\t\t\t\t\t\t\t<figure class=\"wp-caption\">\n\t\t\t\t\t\t\t\t\t\t<img loading=\"lazy\" decoding=\"async\" width=\"800\" height=\"533\" src=\"https:\/\/www.elturistatranquil.com\/wp-content\/uploads\/F07-Llivia-1.jpg\" class=\"attachment-large size-large wp-image-11005\" alt=\"\" srcset=\"https:\/\/www.elturistatranquil.com\/wp-content\/uploads\/F07-Llivia-1.jpg 800w, https:\/\/www.elturistatranquil.com\/wp-content\/uploads\/F07-Llivia-1-768x512.jpg 768w\" sizes=\"(max-width: 800px) 100vw, 800px\" \/>\t\t\t\t\t\t\t\t\t\t\t<figcaption class=\"widget-image-caption wp-caption-text\"><\/figcaption>\n\t\t\t\t\t\t\t\t\t\t<\/figure>\n\t\t\t\t\t\t\t\t\t<\/div>\n\t\t\t\t<\/div>\n\t\t\t\t<div class=\"elementor-element elementor-element-11ba8900 elementor-widget elementor-widget-menu-anchor\" data-id=\"11ba8900\" data-element_type=\"widget\" data-e-type=\"widget\" data-widget_type=\"menu-anchor.default\">\n\t\t\t\t<div class=\"elementor-widget-container\">\n\t\t\t\t\t\t\t<div class=\"elementor-menu-anchor\" id=\"c1908\"><\/div>\n\t\t\t\t\t\t<\/div>\n\t\t\t\t<\/div>\n\t\t\t\t<div class=\"elementor-element elementor-element-3a3b8e10 elementor-widget elementor-widget-image\" data-id=\"3a3b8e10\" data-element_type=\"widget\" data-e-type=\"widget\" data-widget_type=\"image.default\">\n\t\t\t\t<div class=\"elementor-widget-container\">\n\t\t\t\t\t\t\t\t\t\t\t\t<figure class=\"wp-caption\">\n\t\t\t\t\t\t\t\t\t\t<img loading=\"lazy\" decoding=\"async\" width=\"800\" height=\"533\" src=\"https:\/\/www.elturistatranquil.com\/wp-content\/uploads\/F08-Llivia-1.jpg\" class=\"attachment-large size-large wp-image-11007\" alt=\"\" srcset=\"https:\/\/www.elturistatranquil.com\/wp-content\/uploads\/F08-Llivia-1.jpg 800w, https:\/\/www.elturistatranquil.com\/wp-content\/uploads\/F08-Llivia-1-768x512.jpg 768w\" sizes=\"(max-width: 800px) 100vw, 800px\" \/>\t\t\t\t\t\t\t\t\t\t\t<figcaption class=\"widget-image-caption wp-caption-text\">Al fons es veu el tur\u00f3 del Castell<\/figcaption>\n\t\t\t\t\t\t\t\t\t\t<\/figure>\n\t\t\t\t\t\t\t\t\t<\/div>\n\t\t\t\t<\/div>\n\t\t\t\t<div class=\"elementor-element elementor-element-101970ab elementor-widget elementor-widget-heading\" data-id=\"101970ab\" data-element_type=\"widget\" data-e-type=\"widget\" data-widget_type=\"heading.default\">\n\t\t\t\t<div class=\"elementor-widget-container\">\n\t\t\t\t\t<h3 class=\"elementor-heading-title elementor-size-default\">El Barri Vell<\/h3>\t\t\t\t<\/div>\n\t\t\t\t<\/div>\n\t\t\t\t<div class=\"elementor-element elementor-element-4ff11c89 elementor-widget elementor-widget-text-editor\" data-id=\"4ff11c89\" data-element_type=\"widget\" data-e-type=\"widget\" data-widget_type=\"text-editor.default\">\n\t\t\t\t<div class=\"elementor-widget-container\">\n\t\t\t\t\t\t\t\t\t<p>A l&#8217;entorn de l&#8217;antiga pla\u00e7a Major, els carrers de Mercadal, Fontcitrana o Santa Maria, constitueixen un conjunt de gran inter\u00e8s, molt ben arranjat i conservat. Als seus carrerons (<strong>3<\/strong>) podem contemplar moltes cases t\u00edpicament cerdanes, amb les seves fa\u00e7anes de pedra, balconades i porticons de fusta o portals amb llindes i brancals de pedra gran\u00edtica. La part m\u00e9s antiga, bastida al peu del tur\u00f3, va comen\u00e7ar a formar-se a mitjan segle XIII.<\/p>\t\t\t\t\t\t\t\t<\/div>\n\t\t\t\t<\/div>\n\t\t\t\t<div class=\"elementor-element elementor-element-3eb89e41 elementor-widget elementor-widget-image\" data-id=\"3eb89e41\" data-element_type=\"widget\" data-e-type=\"widget\" data-widget_type=\"image.default\">\n\t\t\t\t<div class=\"elementor-widget-container\">\n\t\t\t\t\t\t\t\t\t\t\t\t<figure class=\"wp-caption\">\n\t\t\t\t\t\t\t\t\t\t<img loading=\"lazy\" decoding=\"async\" width=\"800\" height=\"534\" src=\"https:\/\/www.elturistatranquil.com\/wp-content\/uploads\/F00-Llivia-1.jpg\" class=\"attachment-large size-large wp-image-11009\" alt=\"\" srcset=\"https:\/\/www.elturistatranquil.com\/wp-content\/uploads\/F00-Llivia-1.jpg 800w, https:\/\/www.elturistatranquil.com\/wp-content\/uploads\/F00-Llivia-1-768x513.jpg 768w\" sizes=\"(max-width: 800px) 100vw, 800px\" \/>\t\t\t\t\t\t\t\t\t\t\t<figcaption class=\"widget-image-caption wp-caption-text\">Entrada al barri vell pel carrer de Puigcerd\u00e0, amb l\u2019Esgl\u00e9sia i el cim del Castell<\/figcaption>\n\t\t\t\t\t\t\t\t\t\t<\/figure>\n\t\t\t\t\t\t\t\t\t<\/div>\n\t\t\t\t<\/div>\n\t\t\t\t<div class=\"elementor-element elementor-element-18ebe92f elementor-widget elementor-widget-image\" data-id=\"18ebe92f\" data-element_type=\"widget\" data-e-type=\"widget\" data-widget_type=\"image.default\">\n\t\t\t\t<div class=\"elementor-widget-container\">\n\t\t\t\t\t\t\t\t\t\t\t\t<figure class=\"wp-caption\">\n\t\t\t\t\t\t\t\t\t\t<img loading=\"lazy\" decoding=\"async\" width=\"800\" height=\"533\" src=\"https:\/\/www.elturistatranquil.com\/wp-content\/uploads\/F10-Llivia-1.jpg\" class=\"attachment-large size-large wp-image-11011\" alt=\"\" srcset=\"https:\/\/www.elturistatranquil.com\/wp-content\/uploads\/F10-Llivia-1.jpg 800w, https:\/\/www.elturistatranquil.com\/wp-content\/uploads\/F10-Llivia-1-768x512.jpg 768w\" sizes=\"(max-width: 800px) 100vw, 800px\" \/>\t\t\t\t\t\t\t\t\t\t\t<figcaption class=\"widget-image-caption wp-caption-text\">Carrer Dorres<\/figcaption>\n\t\t\t\t\t\t\t\t\t\t<\/figure>\n\t\t\t\t\t\t\t\t\t<\/div>\n\t\t\t\t<\/div>\n\t\t\t\t<div class=\"elementor-element elementor-element-4af5163 elementor-widget elementor-widget-image\" data-id=\"4af5163\" data-element_type=\"widget\" data-e-type=\"widget\" data-widget_type=\"image.default\">\n\t\t\t\t<div class=\"elementor-widget-container\">\n\t\t\t\t\t\t\t\t\t\t\t\t<figure class=\"wp-caption\">\n\t\t\t\t\t\t\t\t\t\t<img loading=\"lazy\" decoding=\"async\" width=\"800\" height=\"533\" src=\"https:\/\/www.elturistatranquil.com\/wp-content\/uploads\/F11-Llivia-1.jpg\" class=\"attachment-large size-large wp-image-11013\" alt=\"\" srcset=\"https:\/\/www.elturistatranquil.com\/wp-content\/uploads\/F11-Llivia-1.jpg 800w, https:\/\/www.elturistatranquil.com\/wp-content\/uploads\/F11-Llivia-1-768x512.jpg 768w\" sizes=\"(max-width: 800px) 100vw, 800px\" \/>\t\t\t\t\t\t\t\t\t\t\t<figcaption class=\"widget-image-caption wp-caption-text\">Font de Cal Petitot al carrer Dorres en la conflu\u00e8ncia amb el carrer de Santa Maria<\/figcaption>\n\t\t\t\t\t\t\t\t\t\t<\/figure>\n\t\t\t\t\t\t\t\t\t<\/div>\n\t\t\t\t<\/div>\n\t\t\t\t<div class=\"elementor-element elementor-element-6cafb4c7 elementor-widget elementor-widget-image\" data-id=\"6cafb4c7\" data-element_type=\"widget\" data-e-type=\"widget\" data-widget_type=\"image.default\">\n\t\t\t\t<div class=\"elementor-widget-container\">\n\t\t\t\t\t\t\t\t\t\t\t\t<figure class=\"wp-caption\">\n\t\t\t\t\t\t\t\t\t\t<img loading=\"lazy\" decoding=\"async\" width=\"800\" height=\"533\" src=\"https:\/\/www.elturistatranquil.com\/wp-content\/uploads\/F12-Llivia-1.jpg\" class=\"attachment-large size-large wp-image-11015\" alt=\"\" srcset=\"https:\/\/www.elturistatranquil.com\/wp-content\/uploads\/F12-Llivia-1.jpg 800w, https:\/\/www.elturistatranquil.com\/wp-content\/uploads\/F12-Llivia-1-768x512.jpg 768w\" sizes=\"(max-width: 800px) 100vw, 800px\" \/>\t\t\t\t\t\t\t\t\t\t\t<figcaption class=\"widget-image-caption wp-caption-text\">Carrer de Santa Mar\u00eda en conflu\u00e8ncia amb el carrer de Cereja <\/figcaption>\n\t\t\t\t\t\t\t\t\t\t<\/figure>\n\t\t\t\t\t\t\t\t\t<\/div>\n\t\t\t\t<\/div>\n\t\t\t\t<div class=\"elementor-element elementor-element-500fb1ba elementor-widget elementor-widget-image\" data-id=\"500fb1ba\" data-element_type=\"widget\" data-e-type=\"widget\" data-widget_type=\"image.default\">\n\t\t\t\t<div class=\"elementor-widget-container\">\n\t\t\t\t\t\t\t\t\t\t\t\t<figure class=\"wp-caption\">\n\t\t\t\t\t\t\t\t\t\t<img loading=\"lazy\" decoding=\"async\" width=\"800\" height=\"533\" src=\"https:\/\/www.elturistatranquil.com\/wp-content\/uploads\/F13-Llivia-1.jpg\" class=\"attachment-large size-large wp-image-11017\" alt=\"\" srcset=\"https:\/\/www.elturistatranquil.com\/wp-content\/uploads\/F13-Llivia-1.jpg 800w, https:\/\/www.elturistatranquil.com\/wp-content\/uploads\/F13-Llivia-1-768x512.jpg 768w\" sizes=\"(max-width: 800px) 100vw, 800px\" \/>\t\t\t\t\t\t\t\t\t\t\t<figcaption class=\"widget-image-caption wp-caption-text\">Carrer dels Forns<\/figcaption>\n\t\t\t\t\t\t\t\t\t\t<\/figure>\n\t\t\t\t\t\t\t\t\t<\/div>\n\t\t\t\t<\/div>\n\t\t\t\t<div class=\"elementor-element elementor-element-125da879 elementor-widget elementor-widget-menu-anchor\" data-id=\"125da879\" data-element_type=\"widget\" data-e-type=\"widget\" data-widget_type=\"menu-anchor.default\">\n\t\t\t\t<div class=\"elementor-widget-container\">\n\t\t\t\t\t\t\t<div class=\"elementor-menu-anchor\" id=\"c1909\"><\/div>\n\t\t\t\t\t\t<\/div>\n\t\t\t\t<\/div>\n\t\t\t\t<div class=\"elementor-element elementor-element-6aa8dc1d elementor-widget elementor-widget-image\" data-id=\"6aa8dc1d\" data-element_type=\"widget\" data-e-type=\"widget\" data-widget_type=\"image.default\">\n\t\t\t\t<div class=\"elementor-widget-container\">\n\t\t\t\t\t\t\t\t\t\t\t\t<figure class=\"wp-caption\">\n\t\t\t\t\t\t\t\t\t\t<img loading=\"lazy\" decoding=\"async\" width=\"800\" height=\"533\" src=\"https:\/\/www.elturistatranquil.com\/wp-content\/uploads\/F14-Llivia-1.jpg\" class=\"attachment-large size-large wp-image-11019\" alt=\"\" srcset=\"https:\/\/www.elturistatranquil.com\/wp-content\/uploads\/F14-Llivia-1.jpg 800w, https:\/\/www.elturistatranquil.com\/wp-content\/uploads\/F14-Llivia-1-768x512.jpg 768w\" sizes=\"(max-width: 800px) 100vw, 800px\" \/>\t\t\t\t\t\t\t\t\t\t\t<figcaption class=\"widget-image-caption wp-caption-text\">Portada del 1732 al carrer dels Forns<\/figcaption>\n\t\t\t\t\t\t\t\t\t\t<\/figure>\n\t\t\t\t\t\t\t\t\t<\/div>\n\t\t\t\t<\/div>\n\t\t\t\t<div class=\"elementor-element elementor-element-23c55673 elementor-widget elementor-widget-heading\" data-id=\"23c55673\" data-element_type=\"widget\" data-e-type=\"widget\" data-widget_type=\"heading.default\">\n\t\t\t\t<div class=\"elementor-widget-container\">\n\t\t\t\t\t<h3 class=\"elementor-heading-title elementor-size-default\">Esgl\u00e9sia parr\u00f2quial de la Mare de D\u00e9u dels \u00c0ngels<\/h3>\t\t\t\t<\/div>\n\t\t\t\t<\/div>\n\t\t\t\t<div class=\"elementor-element elementor-element-7066f8f8 elementor-widget elementor-widget-text-editor\" data-id=\"7066f8f8\" data-element_type=\"widget\" data-e-type=\"widget\" data-widget_type=\"text-editor.default\">\n\t\t\t\t<div class=\"elementor-widget-container\">\n\t\t\t\t\t\t\t\t\t<p>En l&#8217;inici de l&#8217;\u00e8poca Comtal, el proc\u00e9s de cristianitzaci\u00f3 ja s&#8217;havia consolidat a la comarca. La primera Esgl\u00e9sia que es coneix de Ll\u00edvia \u00e9s la de Santa Maria del Puig, situada damunt del tur\u00f3 i fundada per la fam\u00edlia comtal de Cerdanya cap als segles IX-X. Al final del segle XIII, quan els habitants de Ll\u00edvia van passar a habitar la base del tur\u00f3 es va construir una nova Esgl\u00e9sia al voltant de la qual va cr\u00e9ixer el poble. Posteriorment, les pedres de la primera Esgl\u00e9sia i les del destru\u00eft Castell van ser aprofitades, al segle XVII, per construir l&#8217;actual parr\u00f2quia de la Mare de D\u00e9u dels \u00c0ngels (<strong>A<\/strong>).<\/p>\t\t\t\t\t\t\t\t<\/div>\n\t\t\t\t<\/div>\n\t\t\t\t<div class=\"elementor-element elementor-element-1448651e elementor-widget elementor-widget-image\" data-id=\"1448651e\" data-element_type=\"widget\" data-e-type=\"widget\" data-widget_type=\"image.default\">\n\t\t\t\t<div class=\"elementor-widget-container\">\n\t\t\t\t\t\t\t\t\t\t\t\t<figure class=\"wp-caption\">\n\t\t\t\t\t\t\t\t\t\t<img loading=\"lazy\" decoding=\"async\" width=\"800\" height=\"533\" src=\"https:\/\/www.elturistatranquil.com\/wp-content\/uploads\/F15-Llivia-Esglesia-de-la-Mare-de-Deu-dels-Angels-1-1.jpg\" class=\"attachment-large size-large wp-image-11021\" alt=\"\" srcset=\"https:\/\/www.elturistatranquil.com\/wp-content\/uploads\/F15-Llivia-Esglesia-de-la-Mare-de-Deu-dels-Angels-1-1.jpg 800w, https:\/\/www.elturistatranquil.com\/wp-content\/uploads\/F15-Llivia-Esglesia-de-la-Mare-de-Deu-dels-Angels-1-1-768x512.jpg 768w\" sizes=\"(max-width: 800px) 100vw, 800px\" \/>\t\t\t\t\t\t\t\t\t\t\t<figcaption class=\"widget-image-caption wp-caption-text\">Vista de l\u2019Esgl\u00e9sia de la Mare de D\u00e9u dels \u00c0ngels des del Carrer de Cereja<\/figcaption>\n\t\t\t\t\t\t\t\t\t\t<\/figure>\n\t\t\t\t\t\t\t\t\t<\/div>\n\t\t\t\t<\/div>\n\t\t\t\t<div class=\"elementor-element elementor-element-6eae27d elementor-widget elementor-widget-text-editor\" data-id=\"6eae27d\" data-element_type=\"widget\" data-e-type=\"widget\" data-widget_type=\"text-editor.default\">\n\t\t\t\t<div class=\"elementor-widget-container\">\n\t\t\t\t\t\t\t\t\t<p>La construcci\u00f3 de l&#8217;Esgl\u00e9sia de la Mare de D\u00e9u dels \u00c0ngels s&#8217;inicia a la fi del segle XVI i es perllonga al XVII. Externament es poden destacar les dues torres de planta circular d\u2019ampli di\u00e0metre, que flanquegen la porta d\u2019entrada principal, i li ofereixen l&#8217;aparen\u00e7a de fortalesa, fet no gaire habitual.<\/p><p>Ambd\u00f3s edificis estan catalogats de manera separada: l&#8217;Esgl\u00e9sia forma part de l&#8217;Inventari del Patrimoni Arquitect\u00f2nic de Catalunya i les Torres de l&#8217;Esgl\u00e9sia de Ll\u00edvia estan declarades b\u00e9 cultural d&#8217;inter\u00e8s nacional.<\/p>\t\t\t\t\t\t\t\t<\/div>\n\t\t\t\t<\/div>\n\t\t\t\t<div class=\"elementor-element elementor-element-4f467eed elementor-widget elementor-widget-image\" data-id=\"4f467eed\" data-element_type=\"widget\" data-e-type=\"widget\" data-widget_type=\"image.default\">\n\t\t\t\t<div class=\"elementor-widget-container\">\n\t\t\t\t\t\t\t\t\t\t\t\t<figure class=\"wp-caption\">\n\t\t\t\t\t\t\t\t\t\t<img loading=\"lazy\" decoding=\"async\" width=\"800\" height=\"533\" src=\"https:\/\/www.elturistatranquil.com\/wp-content\/uploads\/F16-Llivia-Esglesia-de-la-Mare-de-Deu-dels-Angels-1-1.jpg\" class=\"attachment-large size-large wp-image-11023\" alt=\"\" srcset=\"https:\/\/www.elturistatranquil.com\/wp-content\/uploads\/F16-Llivia-Esglesia-de-la-Mare-de-Deu-dels-Angels-1-1.jpg 800w, https:\/\/www.elturistatranquil.com\/wp-content\/uploads\/F16-Llivia-Esglesia-de-la-Mare-de-Deu-dels-Angels-1-1-768x512.jpg 768w\" sizes=\"(max-width: 800px) 100vw, 800px\" \/>\t\t\t\t\t\t\t\t\t\t\t<figcaption class=\"widget-image-caption wp-caption-text\"><\/figcaption>\n\t\t\t\t\t\t\t\t\t\t<\/figure>\n\t\t\t\t\t\t\t\t\t<\/div>\n\t\t\t\t<\/div>\n\t\t\t\t<div class=\"elementor-element elementor-element-482cbccf elementor-widget elementor-widget-image\" data-id=\"482cbccf\" data-element_type=\"widget\" data-e-type=\"widget\" data-widget_type=\"image.default\">\n\t\t\t\t<div class=\"elementor-widget-container\">\n\t\t\t\t\t\t\t\t\t\t\t\t<figure class=\"wp-caption\">\n\t\t\t\t\t\t\t\t\t\t<img loading=\"lazy\" decoding=\"async\" width=\"800\" height=\"533\" src=\"https:\/\/www.elturistatranquil.com\/wp-content\/uploads\/F17-Llivia-Esglesia-de-la-Mare-de-Deu-dels-Angels-1-1.jpg\" class=\"attachment-large size-large wp-image-11025\" alt=\"\" srcset=\"https:\/\/www.elturistatranquil.com\/wp-content\/uploads\/F17-Llivia-Esglesia-de-la-Mare-de-Deu-dels-Angels-1-1.jpg 800w, https:\/\/www.elturistatranquil.com\/wp-content\/uploads\/F17-Llivia-Esglesia-de-la-Mare-de-Deu-dels-Angels-1-1-768x512.jpg 768w\" sizes=\"(max-width: 800px) 100vw, 800px\" \/>\t\t\t\t\t\t\t\t\t\t\t<figcaption class=\"widget-image-caption wp-caption-text\"><\/figcaption>\n\t\t\t\t\t\t\t\t\t\t<\/figure>\n\t\t\t\t\t\t\t\t\t<\/div>\n\t\t\t\t<\/div>\n\t\t\t\t<div class=\"elementor-element elementor-element-205f9eff elementor-widget elementor-widget-text-editor\" data-id=\"205f9eff\" data-element_type=\"widget\" data-e-type=\"widget\" data-widget_type=\"text-editor.default\">\n\t\t\t\t<div class=\"elementor-widget-container\">\n\t\t\t\t\t\t\t\t\t<p>Presenta dues entrades, la principal d&#8217;estil renaixentista amb una portalada decorada amb ferro forjat d\u2019artesania medieval, a la fa\u00e7ana del cor, i una orientada a migdia, m\u00e9s petita.<\/p>\t\t\t\t\t\t\t\t<\/div>\n\t\t\t\t<\/div>\n\t\t\t\t<div class=\"elementor-element elementor-element-30678ee5 elementor-widget elementor-widget-image\" data-id=\"30678ee5\" data-element_type=\"widget\" data-e-type=\"widget\" data-widget_type=\"image.default\">\n\t\t\t\t<div class=\"elementor-widget-container\">\n\t\t\t\t\t\t\t\t\t\t\t\t<figure class=\"wp-caption\">\n\t\t\t\t\t\t\t\t\t\t<img loading=\"lazy\" decoding=\"async\" width=\"800\" height=\"533\" src=\"https:\/\/www.elturistatranquil.com\/wp-content\/uploads\/F18-Llivia-Esglesia-de-la-Mare-de-Deu-dels-Angels-1-1.jpg\" class=\"attachment-large size-large wp-image-11027\" alt=\"\" srcset=\"https:\/\/www.elturistatranquil.com\/wp-content\/uploads\/F18-Llivia-Esglesia-de-la-Mare-de-Deu-dels-Angels-1-1.jpg 800w, https:\/\/www.elturistatranquil.com\/wp-content\/uploads\/F18-Llivia-Esglesia-de-la-Mare-de-Deu-dels-Angels-1-1-768x512.jpg 768w\" sizes=\"(max-width: 800px) 100vw, 800px\" \/>\t\t\t\t\t\t\t\t\t\t\t<figcaption class=\"widget-image-caption wp-caption-text\"><\/figcaption>\n\t\t\t\t\t\t\t\t\t\t<\/figure>\n\t\t\t\t\t\t\t\t\t<\/div>\n\t\t\t\t<\/div>\n\t\t\t\t<div class=\"elementor-element elementor-element-4f89dfaa elementor-widget elementor-widget-image\" data-id=\"4f89dfaa\" data-element_type=\"widget\" data-e-type=\"widget\" data-widget_type=\"image.default\">\n\t\t\t\t<div class=\"elementor-widget-container\">\n\t\t\t\t\t\t\t\t\t\t\t\t<figure class=\"wp-caption\">\n\t\t\t\t\t\t\t\t\t\t<img loading=\"lazy\" decoding=\"async\" width=\"800\" height=\"533\" src=\"https:\/\/www.elturistatranquil.com\/wp-content\/uploads\/F19-Llivia-Esglesia-de-la-Mare-de-Deu-dels-Angels-1-1.jpg\" class=\"attachment-large size-large wp-image-11029\" alt=\"\" srcset=\"https:\/\/www.elturistatranquil.com\/wp-content\/uploads\/F19-Llivia-Esglesia-de-la-Mare-de-Deu-dels-Angels-1-1.jpg 800w, https:\/\/www.elturistatranquil.com\/wp-content\/uploads\/F19-Llivia-Esglesia-de-la-Mare-de-Deu-dels-Angels-1-1-768x512.jpg 768w\" sizes=\"(max-width: 800px) 100vw, 800px\" \/>\t\t\t\t\t\t\t\t\t\t\t<figcaption class=\"widget-image-caption wp-caption-text\"><\/figcaption>\n\t\t\t\t\t\t\t\t\t\t<\/figure>\n\t\t\t\t\t\t\t\t\t<\/div>\n\t\t\t\t<\/div>\n\t\t\t\t<div class=\"elementor-element elementor-element-179f4946 elementor-widget elementor-widget-image\" data-id=\"179f4946\" data-element_type=\"widget\" data-e-type=\"widget\" data-widget_type=\"image.default\">\n\t\t\t\t<div class=\"elementor-widget-container\">\n\t\t\t\t\t\t\t\t\t\t\t\t<figure class=\"wp-caption\">\n\t\t\t\t\t\t\t\t\t\t<img loading=\"lazy\" decoding=\"async\" width=\"367\" height=\"550\" src=\"https:\/\/www.elturistatranquil.com\/wp-content\/uploads\/F20-Llivia-Esglesia-de-la-Mare-de-Deu-dels-Angels-1-1.jpg\" class=\"attachment-large size-large wp-image-11031\" alt=\"\" \/>\t\t\t\t\t\t\t\t\t\t\t<figcaption class=\"widget-image-caption wp-caption-text\"><\/figcaption>\n\t\t\t\t\t\t\t\t\t\t<\/figure>\n\t\t\t\t\t\t\t\t\t<\/div>\n\t\t\t\t<\/div>\n\t\t\t\t<div class=\"elementor-element elementor-element-7abfbe41 elementor-widget elementor-widget-image\" data-id=\"7abfbe41\" data-element_type=\"widget\" data-e-type=\"widget\" data-widget_type=\"image.default\">\n\t\t\t\t<div class=\"elementor-widget-container\">\n\t\t\t\t\t\t\t\t\t\t\t\t<figure class=\"wp-caption\">\n\t\t\t\t\t\t\t\t\t\t<img loading=\"lazy\" decoding=\"async\" width=\"800\" height=\"533\" src=\"https:\/\/www.elturistatranquil.com\/wp-content\/uploads\/F21-Llivia-Esglesia-de-la-Mare-de-Deu-dels-Angels-1-1.jpg\" class=\"attachment-large size-large wp-image-11033\" alt=\"\" srcset=\"https:\/\/www.elturistatranquil.com\/wp-content\/uploads\/F21-Llivia-Esglesia-de-la-Mare-de-Deu-dels-Angels-1-1.jpg 800w, https:\/\/www.elturistatranquil.com\/wp-content\/uploads\/F21-Llivia-Esglesia-de-la-Mare-de-Deu-dels-Angels-1-1-768x512.jpg 768w\" sizes=\"(max-width: 800px) 100vw, 800px\" \/>\t\t\t\t\t\t\t\t\t\t\t<figcaption class=\"widget-image-caption wp-caption-text\"><\/figcaption>\n\t\t\t\t\t\t\t\t\t\t<\/figure>\n\t\t\t\t\t\t\t\t\t<\/div>\n\t\t\t\t<\/div>\n\t\t\t\t<div class=\"elementor-element elementor-element-541e790c elementor-widget elementor-widget-text-editor\" data-id=\"541e790c\" data-element_type=\"widget\" data-e-type=\"widget\" data-widget_type=\"text-editor.default\">\n\t\t\t\t<div class=\"elementor-widget-container\">\n\t\t\t\t\t\t\t\t\t<p>El lateral nord mostra una estructura emmurallada amb una torre al v\u00e8rtex.<\/p>\t\t\t\t\t\t\t\t<\/div>\n\t\t\t\t<\/div>\n\t\t\t\t<div class=\"elementor-element elementor-element-40bd1fa5 elementor-widget elementor-widget-image\" data-id=\"40bd1fa5\" data-element_type=\"widget\" data-e-type=\"widget\" data-widget_type=\"image.default\">\n\t\t\t\t<div class=\"elementor-widget-container\">\n\t\t\t\t\t\t\t\t\t\t\t\t<figure class=\"wp-caption\">\n\t\t\t\t\t\t\t\t\t\t<img loading=\"lazy\" decoding=\"async\" width=\"800\" height=\"533\" src=\"https:\/\/www.elturistatranquil.com\/wp-content\/uploads\/F21b-Llivia-Esglesia-de-la-Mare-de-Deu-dels-Angels-1-1.jpg\" class=\"attachment-large size-large wp-image-11035\" alt=\"\" srcset=\"https:\/\/www.elturistatranquil.com\/wp-content\/uploads\/F21b-Llivia-Esglesia-de-la-Mare-de-Deu-dels-Angels-1-1.jpg 800w, https:\/\/www.elturistatranquil.com\/wp-content\/uploads\/F21b-Llivia-Esglesia-de-la-Mare-de-Deu-dels-Angels-1-1-768x512.jpg 768w\" sizes=\"(max-width: 800px) 100vw, 800px\" \/>\t\t\t\t\t\t\t\t\t\t\t<figcaption class=\"widget-image-caption wp-caption-text\"><\/figcaption>\n\t\t\t\t\t\t\t\t\t\t<\/figure>\n\t\t\t\t\t\t\t\t\t<\/div>\n\t\t\t\t<\/div>\n\t\t\t\t<div class=\"elementor-element elementor-element-107373e2 elementor-widget elementor-widget-text-editor\" data-id=\"107373e2\" data-element_type=\"widget\" data-e-type=\"widget\" data-widget_type=\"text-editor.default\">\n\t\t\t\t<div class=\"elementor-widget-container\">\n\t\t\t\t\t\t\t\t\t<p>L\u2019entrada secund\u00e0ria es troba al lateral sud.<\/p>\t\t\t\t\t\t\t\t<\/div>\n\t\t\t\t<\/div>\n\t\t\t\t<div class=\"elementor-element elementor-element-104e1f50 elementor-widget elementor-widget-image\" data-id=\"104e1f50\" data-element_type=\"widget\" data-e-type=\"widget\" data-widget_type=\"image.default\">\n\t\t\t\t<div class=\"elementor-widget-container\">\n\t\t\t\t\t\t\t\t\t\t\t\t<figure class=\"wp-caption\">\n\t\t\t\t\t\t\t\t\t\t<img loading=\"lazy\" decoding=\"async\" width=\"800\" height=\"533\" src=\"https:\/\/www.elturistatranquil.com\/wp-content\/uploads\/F22-Llivia-Esglesia-de-la-Mare-de-Deu-dels-Angels-1-1.jpg\" class=\"attachment-large size-large wp-image-11037\" alt=\"\" srcset=\"https:\/\/www.elturistatranquil.com\/wp-content\/uploads\/F22-Llivia-Esglesia-de-la-Mare-de-Deu-dels-Angels-1-1.jpg 800w, https:\/\/www.elturistatranquil.com\/wp-content\/uploads\/F22-Llivia-Esglesia-de-la-Mare-de-Deu-dels-Angels-1-1-768x512.jpg 768w\" sizes=\"(max-width: 800px) 100vw, 800px\" \/>\t\t\t\t\t\t\t\t\t\t\t<figcaption class=\"widget-image-caption wp-caption-text\"><\/figcaption>\n\t\t\t\t\t\t\t\t\t\t<\/figure>\n\t\t\t\t\t\t\t\t\t<\/div>\n\t\t\t\t<\/div>\n\t\t\t\t<div class=\"elementor-element elementor-element-3fc603e6 elementor-widget elementor-widget-text-editor\" data-id=\"3fc603e6\" data-element_type=\"widget\" data-e-type=\"widget\" data-widget_type=\"text-editor.default\">\n\t\t\t\t<div class=\"elementor-widget-container\">\n\t\t\t\t\t\t\t\t\t<p>El campanar est\u00e0 situat al nord-est de l&#8217;Esgl\u00e9sia, \u00e9s de planta quadrada esvelt i auster. El nivell on hi ha les campanes est\u00e0 separat per motllures i constru\u00eft amb carreus. Els sis finestrals estan coronats per una barana, un al\u00e7at prism\u00e0tic i penell.<\/p>\t\t\t\t\t\t\t\t<\/div>\n\t\t\t\t<\/div>\n\t\t\t\t<div class=\"elementor-element elementor-element-4c1cac24 elementor-widget elementor-widget-image\" data-id=\"4c1cac24\" data-element_type=\"widget\" data-e-type=\"widget\" data-widget_type=\"image.default\">\n\t\t\t\t<div class=\"elementor-widget-container\">\n\t\t\t\t\t\t\t\t\t\t\t\t<figure class=\"wp-caption\">\n\t\t\t\t\t\t\t\t\t\t<img loading=\"lazy\" decoding=\"async\" width=\"800\" height=\"533\" src=\"https:\/\/www.elturistatranquil.com\/wp-content\/uploads\/F23-Llivia-Esglesia-de-la-Mare-de-Deu-dels-Angels-1-1.jpg\" class=\"attachment-large size-large wp-image-11039\" alt=\"\" srcset=\"https:\/\/www.elturistatranquil.com\/wp-content\/uploads\/F23-Llivia-Esglesia-de-la-Mare-de-Deu-dels-Angels-1-1.jpg 800w, https:\/\/www.elturistatranquil.com\/wp-content\/uploads\/F23-Llivia-Esglesia-de-la-Mare-de-Deu-dels-Angels-1-1-768x512.jpg 768w\" sizes=\"(max-width: 800px) 100vw, 800px\" \/>\t\t\t\t\t\t\t\t\t\t\t<figcaption class=\"widget-image-caption wp-caption-text\"><\/figcaption>\n\t\t\t\t\t\t\t\t\t\t<\/figure>\n\t\t\t\t\t\t\t\t\t<\/div>\n\t\t\t\t<\/div>\n\t\t\t\t<div class=\"elementor-element elementor-element-5e919a5b elementor-widget elementor-widget-image\" data-id=\"5e919a5b\" data-element_type=\"widget\" data-e-type=\"widget\" data-widget_type=\"image.default\">\n\t\t\t\t<div class=\"elementor-widget-container\">\n\t\t\t\t\t\t\t\t\t\t\t\t<figure class=\"wp-caption\">\n\t\t\t\t\t\t\t\t\t\t<img loading=\"lazy\" decoding=\"async\" width=\"800\" height=\"533\" src=\"https:\/\/www.elturistatranquil.com\/wp-content\/uploads\/F24-Llivia-Esglesia-de-la-Mare-de-Deu-dels-Angels-1-1.jpg\" class=\"attachment-large size-large wp-image-11041\" alt=\"\" srcset=\"https:\/\/www.elturistatranquil.com\/wp-content\/uploads\/F24-Llivia-Esglesia-de-la-Mare-de-Deu-dels-Angels-1-1.jpg 800w, https:\/\/www.elturistatranquil.com\/wp-content\/uploads\/F24-Llivia-Esglesia-de-la-Mare-de-Deu-dels-Angels-1-1-768x512.jpg 768w\" sizes=\"(max-width: 800px) 100vw, 800px\" \/>\t\t\t\t\t\t\t\t\t\t\t<figcaption class=\"widget-image-caption wp-caption-text\"><\/figcaption>\n\t\t\t\t\t\t\t\t\t\t<\/figure>\n\t\t\t\t\t\t\t\t\t<\/div>\n\t\t\t\t<\/div>\n\t\t\t\t<div class=\"elementor-element elementor-element-584eb9e0 elementor-widget elementor-widget-text-editor\" data-id=\"584eb9e0\" data-element_type=\"widget\" data-e-type=\"widget\" data-widget_type=\"text-editor.default\">\n\t\t\t\t<div class=\"elementor-widget-container\">\n\t\t\t\t\t\t\t\t\t<p>Presenta un absis semicircular per\u00f2 amb tres parets rectes.<\/p>\t\t\t\t\t\t\t\t<\/div>\n\t\t\t\t<\/div>\n\t\t\t\t<div class=\"elementor-element elementor-element-1db00e62 elementor-widget elementor-widget-image\" data-id=\"1db00e62\" data-element_type=\"widget\" data-e-type=\"widget\" data-widget_type=\"image.default\">\n\t\t\t\t<div class=\"elementor-widget-container\">\n\t\t\t\t\t\t\t\t\t\t\t\t<figure class=\"wp-caption\">\n\t\t\t\t\t\t\t\t\t\t<img loading=\"lazy\" decoding=\"async\" width=\"800\" height=\"533\" src=\"https:\/\/www.elturistatranquil.com\/wp-content\/uploads\/F25-Llivia-Esglesia-de-la-Mare-de-Deu-dels-Angels-1-1.jpg\" class=\"attachment-large size-large wp-image-11043\" alt=\"\" srcset=\"https:\/\/www.elturistatranquil.com\/wp-content\/uploads\/F25-Llivia-Esglesia-de-la-Mare-de-Deu-dels-Angels-1-1.jpg 800w, https:\/\/www.elturistatranquil.com\/wp-content\/uploads\/F25-Llivia-Esglesia-de-la-Mare-de-Deu-dels-Angels-1-1-768x512.jpg 768w\" sizes=\"(max-width: 800px) 100vw, 800px\" \/>\t\t\t\t\t\t\t\t\t\t\t<figcaption class=\"widget-image-caption wp-caption-text\"><\/figcaption>\n\t\t\t\t\t\t\t\t\t\t<\/figure>\n\t\t\t\t\t\t\t\t\t<\/div>\n\t\t\t\t<\/div>\n\t\t\t\t<div class=\"elementor-element elementor-element-56b6f74f elementor-widget elementor-widget-menu-anchor\" data-id=\"56b6f74f\" data-element_type=\"widget\" data-e-type=\"widget\" data-widget_type=\"menu-anchor.default\">\n\t\t\t\t<div class=\"elementor-widget-container\">\n\t\t\t\t\t\t\t<div class=\"elementor-menu-anchor\" id=\"c1910\"><\/div>\n\t\t\t\t\t\t<\/div>\n\t\t\t\t<\/div>\n\t\t\t\t<div class=\"elementor-element elementor-element-1e48dcab elementor-widget elementor-widget-menu-anchor\" data-id=\"1e48dcab\" data-element_type=\"widget\" data-e-type=\"widget\" data-widget_type=\"menu-anchor.default\">\n\t\t\t\t<div class=\"elementor-widget-container\">\n\t\t\t\t\t\t\t<div class=\"elementor-menu-anchor\" id=\"c1911\"><\/div>\n\t\t\t\t\t\t<\/div>\n\t\t\t\t<\/div>\n\t\t\t\t<div class=\"elementor-element elementor-element-65e0408b elementor-widget elementor-widget-text-editor\" data-id=\"65e0408b\" data-element_type=\"widget\" data-e-type=\"widget\" data-widget_type=\"text-editor.default\">\n\t\t\t\t<div class=\"elementor-widget-container\">\n\t\t\t\t\t\t\t\t\t<p>Internament podem dir que est\u00e0 formada per una nau central amb 5 capelles a cada lateral. Es recolza sobre una nervadura g\u00f2tica.<\/p>\t\t\t\t\t\t\t\t<\/div>\n\t\t\t\t<\/div>\n\t\t\t\t<div class=\"elementor-element elementor-element-723b9513 elementor-widget elementor-widget-heading\" data-id=\"723b9513\" data-element_type=\"widget\" data-e-type=\"widget\" data-widget_type=\"heading.default\">\n\t\t\t\t<div class=\"elementor-widget-container\">\n\t\t\t\t\t<h3 class=\"elementor-heading-title elementor-size-default\">Excavacions romanes a Iulia Lybica<\/h3>\t\t\t\t<\/div>\n\t\t\t\t<\/div>\n\t\t\t\t<div class=\"elementor-element elementor-element-66c94fce elementor-widget elementor-widget-text-editor\" data-id=\"66c94fce\" data-element_type=\"widget\" data-e-type=\"widget\" data-widget_type=\"text-editor.default\">\n\t\t\t\t<div class=\"elementor-widget-container\">\n\t\t\t\t\t\t\t\t\t<p>A l\u2019entorn de l\u2019Esgl\u00e9sia s\u2019est\u00e0 fent una\u00a0<a href=\"http:\/\/blogs.uab.cat\/iulialibica\/\" target=\"_blank\" rel=\"noopener\">excavaci\u00f3n arqueolog\u00eda\u00a0<\/a>en la que s\u2019ha establert l\u2019exist\u00e8ncia d\u2019un F\u00f2rum rom\u00e0.<\/p>\t\t\t\t\t\t\t\t<\/div>\n\t\t\t\t<\/div>\n\t\t\t\t<div class=\"elementor-element elementor-element-2cf0cf3f elementor-widget elementor-widget-heading\" data-id=\"2cf0cf3f\" data-element_type=\"widget\" data-e-type=\"widget\" data-widget_type=\"heading.default\">\n\t\t\t\t<div class=\"elementor-widget-container\">\n\t\t\t\t\t<h3 class=\"elementor-heading-title elementor-size-default\">La creu de Toret<\/h3>\t\t\t\t<\/div>\n\t\t\t\t<\/div>\n\t\t\t\t<div class=\"elementor-element elementor-element-2b97601c elementor-widget elementor-widget-text-editor\" data-id=\"2b97601c\" data-element_type=\"widget\" data-e-type=\"widget\" data-widget_type=\"text-editor.default\">\n\t\t\t\t<div class=\"elementor-widget-container\">\n\t\t\t\t\t\t\t\t\t<p>A l&#8217;exterior de l\u2019Esgl\u00e9sia, el conjunt es completa amb la creu de Toret (<strong>B<\/strong>), una creu de terme del segle XVI, segueix el model g\u00f2tic de creu de terme, i que pertanyia a la fam\u00edlia Toret, que reposa sobre un probable mil\u00b7liari rom\u00e0.<\/p>\t\t\t\t\t\t\t\t<\/div>\n\t\t\t\t<\/div>\n\t\t\t\t<div class=\"elementor-element elementor-element-1bda11fb elementor-widget elementor-widget-menu-anchor\" data-id=\"1bda11fb\" data-element_type=\"widget\" data-e-type=\"widget\" data-widget_type=\"menu-anchor.default\">\n\t\t\t\t<div class=\"elementor-widget-container\">\n\t\t\t\t\t\t\t<div class=\"elementor-menu-anchor\" id=\"c1912\"><\/div>\n\t\t\t\t\t\t<\/div>\n\t\t\t\t<\/div>\n\t\t\t\t<div class=\"elementor-element elementor-element-2b750d3a elementor-widget elementor-widget-image\" data-id=\"2b750d3a\" data-element_type=\"widget\" data-e-type=\"widget\" data-widget_type=\"image.default\">\n\t\t\t\t<div class=\"elementor-widget-container\">\n\t\t\t\t\t\t\t\t\t\t\t\t<figure class=\"wp-caption\">\n\t\t\t\t\t\t\t\t\t\t<img loading=\"lazy\" decoding=\"async\" width=\"800\" height=\"533\" src=\"https:\/\/www.elturistatranquil.com\/wp-content\/uploads\/F26-Llivia-La-creu-de-Toret-1.jpg\" class=\"attachment-large size-large wp-image-11045\" alt=\"\" srcset=\"https:\/\/www.elturistatranquil.com\/wp-content\/uploads\/F26-Llivia-La-creu-de-Toret-1.jpg 800w, https:\/\/www.elturistatranquil.com\/wp-content\/uploads\/F26-Llivia-La-creu-de-Toret-1-768x512.jpg 768w\" sizes=\"(max-width: 800px) 100vw, 800px\" \/>\t\t\t\t\t\t\t\t\t\t\t<figcaption class=\"widget-image-caption wp-caption-text\"><\/figcaption>\n\t\t\t\t\t\t\t\t\t\t<\/figure>\n\t\t\t\t\t\t\t\t\t<\/div>\n\t\t\t\t<\/div>\n\t\t\t\t<div class=\"elementor-element elementor-element-426b0e29 elementor-widget elementor-widget-heading\" data-id=\"426b0e29\" data-element_type=\"widget\" data-e-type=\"widget\" data-widget_type=\"heading.default\">\n\t\t\t\t<div class=\"elementor-widget-container\">\n\t\t\t\t\t<h3 class=\"elementor-heading-title elementor-size-default\">Torre Bernat de So<\/h3>\t\t\t\t<\/div>\n\t\t\t\t<\/div>\n\t\t\t\t<div class=\"elementor-element elementor-element-7e26171d elementor-widget elementor-widget-text-editor\" data-id=\"7e26171d\" data-element_type=\"widget\" data-e-type=\"widget\" data-widget_type=\"text-editor.default\">\n\t\t\t\t<div class=\"elementor-widget-container\">\n\t\t\t\t\t\t\t\t\t<p>La primera refer\u00e8ncia que es t\u00e9 de la Torre Bernat de So (<strong>C<\/strong>) \u00e9s de 1366.<\/p><p>Despr\u00e9s de la destrucci\u00f3 del Castell, Ll\u00edvia entra en una crisi econ\u00f2mica i social que remuntar\u00e0 durant els segles XVI i XVII. Habituats a la defensa del Castell i dels privilegis que confereix, el 1584 es construeix la Torre Bernat de So qu\u00e8, junto amb com l&#8217;Esgl\u00e9sia, va esdevenir la nova fortalesa de Ll\u00edvia. La intenci\u00f3 era mantenir els drets i privilegis antics, en conflicte amb la propera Puigcerd\u00e0. El 19 de juliol de 1654, se sap d\u2019una nova Ll\u00edvia protegida darrere dels murs davant un exercit franc\u00e8s.<\/p><p>Por tant, les torres de l\u2019Esgl\u00e9sia devien formar part de la idea de fortificaci\u00f3 de la vil\u00b7la de la plana.<\/p><p>Al llarg de la seva hist\u00f2ria, la Torre Bernat de So ha tingut diverses funcions: pres\u00f3 real a partir de 1834; Ajuntament de 1835 fins als anys 1950; museu despr\u00e9s de la compra el 1965 de tots els elements de l&#8217;antiga farm\u00e0cia; o sala del consell d&#8217;administraci\u00f3 del Museu.<\/p>\t\t\t\t\t\t\t\t<\/div>\n\t\t\t\t<\/div>\n\t\t\t\t<div class=\"elementor-element elementor-element-5546bb5a elementor-widget elementor-widget-image\" data-id=\"5546bb5a\" data-element_type=\"widget\" data-e-type=\"widget\" data-widget_type=\"image.default\">\n\t\t\t\t<div class=\"elementor-widget-container\">\n\t\t\t\t\t\t\t\t\t\t\t\t<figure class=\"wp-caption\">\n\t\t\t\t\t\t\t\t\t\t<img loading=\"lazy\" decoding=\"async\" width=\"800\" height=\"533\" src=\"https:\/\/www.elturistatranquil.com\/wp-content\/uploads\/F27-Llivia-Torre-Bernat-de-So-1.jpg\" class=\"attachment-large size-large wp-image-11047\" alt=\"\" srcset=\"https:\/\/www.elturistatranquil.com\/wp-content\/uploads\/F27-Llivia-Torre-Bernat-de-So-1.jpg 800w, https:\/\/www.elturistatranquil.com\/wp-content\/uploads\/F27-Llivia-Torre-Bernat-de-So-1-768x512.jpg 768w\" sizes=\"(max-width: 800px) 100vw, 800px\" \/>\t\t\t\t\t\t\t\t\t\t\t<figcaption class=\"widget-image-caption wp-caption-text\"><\/figcaption>\n\t\t\t\t\t\t\t\t\t\t<\/figure>\n\t\t\t\t\t\t\t\t\t<\/div>\n\t\t\t\t<\/div>\n\t\t\t\t<div class=\"elementor-element elementor-element-e1c8225 elementor-widget elementor-widget-image\" data-id=\"e1c8225\" data-element_type=\"widget\" data-e-type=\"widget\" data-widget_type=\"image.default\">\n\t\t\t\t<div class=\"elementor-widget-container\">\n\t\t\t\t\t\t\t\t\t\t\t\t<figure class=\"wp-caption\">\n\t\t\t\t\t\t\t\t\t\t<img loading=\"lazy\" decoding=\"async\" width=\"800\" height=\"533\" src=\"https:\/\/www.elturistatranquil.com\/wp-content\/uploads\/F28-Llivia-Torre-Bernat-de-So-1.jpg\" class=\"attachment-large size-large wp-image-11049\" alt=\"\" srcset=\"https:\/\/www.elturistatranquil.com\/wp-content\/uploads\/F28-Llivia-Torre-Bernat-de-So-1.jpg 800w, https:\/\/www.elturistatranquil.com\/wp-content\/uploads\/F28-Llivia-Torre-Bernat-de-So-1-768x512.jpg 768w\" sizes=\"(max-width: 800px) 100vw, 800px\" \/>\t\t\t\t\t\t\t\t\t\t\t<figcaption class=\"widget-image-caption wp-caption-text\"><\/figcaption>\n\t\t\t\t\t\t\t\t\t\t<\/figure>\n\t\t\t\t\t\t\t\t\t<\/div>\n\t\t\t\t<\/div>\n\t\t\t\t<div class=\"elementor-element elementor-element-131fdff4 elementor-widget elementor-widget-menu-anchor\" data-id=\"131fdff4\" data-element_type=\"widget\" data-e-type=\"widget\" data-widget_type=\"menu-anchor.default\">\n\t\t\t\t<div class=\"elementor-widget-container\">\n\t\t\t\t\t\t\t<div class=\"elementor-menu-anchor\" id=\"c1913\"><\/div>\n\t\t\t\t\t\t<\/div>\n\t\t\t\t<\/div>\n\t\t\t\t<div class=\"elementor-element elementor-element-3aad0e91 elementor-widget elementor-widget-image\" data-id=\"3aad0e91\" data-element_type=\"widget\" data-e-type=\"widget\" data-widget_type=\"image.default\">\n\t\t\t\t<div class=\"elementor-widget-container\">\n\t\t\t\t\t\t\t\t\t\t\t\t<figure class=\"wp-caption\">\n\t\t\t\t\t\t\t\t\t\t<img loading=\"lazy\" decoding=\"async\" width=\"800\" height=\"533\" src=\"https:\/\/www.elturistatranquil.com\/wp-content\/uploads\/F29-Llivia-Torre-Bernat-de-So-1.jpg\" class=\"attachment-large size-large wp-image-11051\" alt=\"\" srcset=\"https:\/\/www.elturistatranquil.com\/wp-content\/uploads\/F29-Llivia-Torre-Bernat-de-So-1.jpg 800w, https:\/\/www.elturistatranquil.com\/wp-content\/uploads\/F29-Llivia-Torre-Bernat-de-So-1-768x512.jpg 768w\" sizes=\"(max-width: 800px) 100vw, 800px\" \/>\t\t\t\t\t\t\t\t\t\t\t<figcaption class=\"widget-image-caption wp-caption-text\"><\/figcaption>\n\t\t\t\t\t\t\t\t\t\t<\/figure>\n\t\t\t\t\t\t\t\t\t<\/div>\n\t\t\t\t<\/div>\n\t\t\t\t<div class=\"elementor-element elementor-element-2fe016dc elementor-widget elementor-widget-heading\" data-id=\"2fe016dc\" data-element_type=\"widget\" data-e-type=\"widget\" data-widget_type=\"heading.default\">\n\t\t\t\t<div class=\"elementor-widget-container\">\n\t\t\t\t\t<h3 class=\"elementor-heading-title elementor-size-default\">L\u2019Ajuntament i el Museu de Ll\u00edvia<\/h3>\t\t\t\t<\/div>\n\t\t\t\t<\/div>\n\t\t\t\t<div class=\"elementor-element elementor-element-54a67de elementor-widget elementor-widget-text-editor\" data-id=\"54a67de\" data-element_type=\"widget\" data-e-type=\"widget\" data-widget_type=\"text-editor.default\">\n\t\t\t\t<div class=\"elementor-widget-container\">\n\t\t\t\t\t\t\t\t\t<p>Enfront de la Torre Bernat de So, en un edifici del segle XX, es troba la seu de l\u2019Ajuntament (<strong>D<\/strong>) que, al soterrani, alberga el Museu.<\/p>\t\t\t\t\t\t\t\t<\/div>\n\t\t\t\t<\/div>\n\t\t\t\t<div class=\"elementor-element elementor-element-2682315b elementor-widget elementor-widget-image\" data-id=\"2682315b\" data-element_type=\"widget\" data-e-type=\"widget\" data-widget_type=\"image.default\">\n\t\t\t\t<div class=\"elementor-widget-container\">\n\t\t\t\t\t\t\t\t\t\t\t\t<figure class=\"wp-caption\">\n\t\t\t\t\t\t\t\t\t\t<img loading=\"lazy\" decoding=\"async\" width=\"800\" height=\"533\" src=\"https:\/\/www.elturistatranquil.com\/wp-content\/uploads\/F30-Llivia-Ajuntament-i-Museu-1.jpg\" class=\"attachment-large size-large wp-image-11053\" alt=\"\" srcset=\"https:\/\/www.elturistatranquil.com\/wp-content\/uploads\/F30-Llivia-Ajuntament-i-Museu-1.jpg 800w, https:\/\/www.elturistatranquil.com\/wp-content\/uploads\/F30-Llivia-Ajuntament-i-Museu-1-768x512.jpg 768w\" sizes=\"(max-width: 800px) 100vw, 800px\" \/>\t\t\t\t\t\t\t\t\t\t\t<figcaption class=\"widget-image-caption wp-caption-text\"><\/figcaption>\n\t\t\t\t\t\t\t\t\t\t<\/figure>\n\t\t\t\t\t\t\t\t\t<\/div>\n\t\t\t\t<\/div>\n\t\t\t\t<div class=\"elementor-element elementor-element-4dc02dfe elementor-widget elementor-widget-text-editor\" data-id=\"4dc02dfe\" data-element_type=\"widget\" data-e-type=\"widget\" data-widget_type=\"text-editor.default\">\n\t\t\t\t<div class=\"elementor-widget-container\">\n\t\t\t\t\t\t\t\t\t<p>El Museu te dos \u00e0mbits diferenciats. Una primera part en la que hi han objectes que repassen la hist\u00f2ria de Ll\u00edvia amb objectes de les diverses \u00e8poques hist\u00f2riques. La segona la farm\u00e0cia Esteva<\/p>\t\t\t\t\t\t\t\t<\/div>\n\t\t\t\t<\/div>\n\t\t\t\t<div class=\"elementor-element elementor-element-73bfeba4 elementor-widget elementor-widget-image\" data-id=\"73bfeba4\" data-element_type=\"widget\" data-e-type=\"widget\" data-widget_type=\"image.default\">\n\t\t\t\t<div class=\"elementor-widget-container\">\n\t\t\t\t\t\t\t\t\t\t\t\t<figure class=\"wp-caption\">\n\t\t\t\t\t\t\t\t\t\t<img loading=\"lazy\" decoding=\"async\" width=\"800\" height=\"533\" src=\"https:\/\/www.elturistatranquil.com\/wp-content\/uploads\/F31-Llivia-Museu-1.jpg\" class=\"attachment-large size-large wp-image-11055\" alt=\"\" srcset=\"https:\/\/www.elturistatranquil.com\/wp-content\/uploads\/F31-Llivia-Museu-1.jpg 800w, https:\/\/www.elturistatranquil.com\/wp-content\/uploads\/F31-Llivia-Museu-1-768x512.jpg 768w\" sizes=\"(max-width: 800px) 100vw, 800px\" \/>\t\t\t\t\t\t\t\t\t\t\t<figcaption class=\"widget-image-caption wp-caption-text\"><\/figcaption>\n\t\t\t\t\t\t\t\t\t\t<\/figure>\n\t\t\t\t\t\t\t\t\t<\/div>\n\t\t\t\t<\/div>\n\t\t\t\t<div class=\"elementor-element elementor-element-75691740 elementor-widget elementor-widget-menu-anchor\" data-id=\"75691740\" data-element_type=\"widget\" data-e-type=\"widget\" data-widget_type=\"menu-anchor.default\">\n\t\t\t\t<div class=\"elementor-widget-container\">\n\t\t\t\t\t\t\t<div class=\"elementor-menu-anchor\" id=\"c1914\"><\/div>\n\t\t\t\t\t\t<\/div>\n\t\t\t\t<\/div>\n\t\t\t\t<div class=\"elementor-element elementor-element-26d6bdcc elementor-widget elementor-widget-image\" data-id=\"26d6bdcc\" data-element_type=\"widget\" data-e-type=\"widget\" data-widget_type=\"image.default\">\n\t\t\t\t<div class=\"elementor-widget-container\">\n\t\t\t\t\t\t\t\t\t\t\t\t<figure class=\"wp-caption\">\n\t\t\t\t\t\t\t\t\t\t<img loading=\"lazy\" decoding=\"async\" width=\"800\" height=\"533\" src=\"https:\/\/www.elturistatranquil.com\/wp-content\/uploads\/F32-Llivia-Museu-1.jpg\" class=\"attachment-large size-large wp-image-11057\" alt=\"\" srcset=\"https:\/\/www.elturistatranquil.com\/wp-content\/uploads\/F32-Llivia-Museu-1.jpg 800w, https:\/\/www.elturistatranquil.com\/wp-content\/uploads\/F32-Llivia-Museu-1-768x512.jpg 768w\" sizes=\"(max-width: 800px) 100vw, 800px\" \/>\t\t\t\t\t\t\t\t\t\t\t<figcaption class=\"widget-image-caption wp-caption-text\"><\/figcaption>\n\t\t\t\t\t\t\t\t\t\t<\/figure>\n\t\t\t\t\t\t\t\t\t<\/div>\n\t\t\t\t<\/div>\n\t\t\t\t<div class=\"elementor-element elementor-element-10560376 elementor-widget elementor-widget-heading\" data-id=\"10560376\" data-element_type=\"widget\" data-e-type=\"widget\" data-widget_type=\"heading.default\">\n\t\t\t\t<div class=\"elementor-widget-container\">\n\t\t\t\t\t<h4 class=\"elementor-heading-title elementor-size-default\">Els fons de la farm\u00e0cia Esteva<\/h4>\t\t\t\t<\/div>\n\t\t\t\t<\/div>\n\t\t\t\t<div class=\"elementor-element elementor-element-2aae57d7 elementor-widget elementor-widget-text-editor\" data-id=\"2aae57d7\" data-element_type=\"widget\" data-e-type=\"widget\" data-widget_type=\"text-editor.default\">\n\t\t\t\t<div class=\"elementor-widget-container\">\n\t\t\t\t\t\t\t\t\t<p>De fet, l&#8217;origen del Museu Municipal de Ll\u00edvia l&#8217;hem d&#8217;anar a buscar en l&#8217;adquisici\u00f3 que la Diputaci\u00f3 de Girona de tot el mobiliari i instrumental procedent de l&#8217;antiga Farm\u00e0cia Esteva, el 1965. La condici\u00f3 que els hereus Esteva van estipular per accedir a la venta va ser que el material de la farm\u00e0cia no sort\u00eds mai de Ll\u00edvia. A partir d&#8217;aquest moment l&#8217;Ajuntament se&#8217;n va fer c\u00e0rrec.<\/p><p>\u00a0<\/p><p>La Farm\u00e0cia de Ll\u00edvia, una de les m\u00e9s antigues d\u2019Europa, existia ja el 1415. El 1439 era dirigida per l\u2019apotecari Jaume Esteve, el llinatge del qual, d\u2019apotecaris, mantingu\u00e9 la farm\u00e0cia al llarg de vint-i-tres generacions, fins que el 1942 Lle\u00f3 Antoni Esteve tanc\u00e0 la botiga i es trasllad\u00e0 a Puigcerd\u00e0.<\/p><p>La col\u00b7lecci\u00f3 cont\u00e9 el mobiliari i l&#8217;instrumental dels segles, XVII, XVIII, XIX i principis del XX: caixes de fusta amb els retrats, pintats, de savis apotecaris i doctors, obra potser del segle XVII; pots de farm\u00e0cia de cer\u00e0mica decorada amb blau de cobalt, vidrada, etc.; el cordialer, moble policromat del segle XVIII per a guardar-hi els productes m\u00e9s preuats o perillosos. A la biblioteca de la farm\u00e0cia es guarda el llibre de f\u00f3rmules.\u00a0<\/p>\t\t\t\t\t\t\t\t<\/div>\n\t\t\t\t<\/div>\n\t\t\t\t<div class=\"elementor-element elementor-element-5a7c2293 elementor-widget elementor-widget-image\" data-id=\"5a7c2293\" data-element_type=\"widget\" data-e-type=\"widget\" data-widget_type=\"image.default\">\n\t\t\t\t<div class=\"elementor-widget-container\">\n\t\t\t\t\t\t\t\t\t\t\t\t<figure class=\"wp-caption\">\n\t\t\t\t\t\t\t\t\t\t<img loading=\"lazy\" decoding=\"async\" width=\"800\" height=\"533\" src=\"https:\/\/www.elturistatranquil.com\/wp-content\/uploads\/F33-Llivia-Museu-Farmacia-Esteva-1.jpg\" class=\"attachment-large size-large wp-image-11059\" alt=\"\" srcset=\"https:\/\/www.elturistatranquil.com\/wp-content\/uploads\/F33-Llivia-Museu-Farmacia-Esteva-1.jpg 800w, https:\/\/www.elturistatranquil.com\/wp-content\/uploads\/F33-Llivia-Museu-Farmacia-Esteva-1-768x512.jpg 768w\" sizes=\"(max-width: 800px) 100vw, 800px\" \/>\t\t\t\t\t\t\t\t\t\t\t<figcaption class=\"widget-image-caption wp-caption-text\"><\/figcaption>\n\t\t\t\t\t\t\t\t\t\t<\/figure>\n\t\t\t\t\t\t\t\t\t<\/div>\n\t\t\t\t<\/div>\n\t\t\t\t<div class=\"elementor-element elementor-element-1bb2ee22 elementor-widget elementor-widget-menu-anchor\" data-id=\"1bb2ee22\" data-element_type=\"widget\" data-e-type=\"widget\" data-widget_type=\"menu-anchor.default\">\n\t\t\t\t<div class=\"elementor-widget-container\">\n\t\t\t\t\t\t\t<div class=\"elementor-menu-anchor\" id=\"c1915\"><\/div>\n\t\t\t\t\t\t<\/div>\n\t\t\t\t<\/div>\n\t\t\t\t<div class=\"elementor-element elementor-element-231ddaf0 elementor-widget elementor-widget-image\" data-id=\"231ddaf0\" data-element_type=\"widget\" data-e-type=\"widget\" data-widget_type=\"image.default\">\n\t\t\t\t<div class=\"elementor-widget-container\">\n\t\t\t\t\t\t\t\t\t\t\t\t<figure class=\"wp-caption\">\n\t\t\t\t\t\t\t\t\t\t<img loading=\"lazy\" decoding=\"async\" width=\"800\" height=\"533\" src=\"https:\/\/www.elturistatranquil.com\/wp-content\/uploads\/F34-Llivia-Museu-Farmacia-Esteva-1.jpg\" class=\"attachment-large size-large wp-image-11061\" alt=\"\" srcset=\"https:\/\/www.elturistatranquil.com\/wp-content\/uploads\/F34-Llivia-Museu-Farmacia-Esteva-1.jpg 800w, https:\/\/www.elturistatranquil.com\/wp-content\/uploads\/F34-Llivia-Museu-Farmacia-Esteva-1-768x512.jpg 768w\" sizes=\"(max-width: 800px) 100vw, 800px\" \/>\t\t\t\t\t\t\t\t\t\t\t<figcaption class=\"widget-image-caption wp-caption-text\"><\/figcaption>\n\t\t\t\t\t\t\t\t\t\t<\/figure>\n\t\t\t\t\t\t\t\t\t<\/div>\n\t\t\t\t<\/div>\n\t\t\t\t<div class=\"elementor-element elementor-element-325850f0 elementor-widget elementor-widget-heading\" data-id=\"325850f0\" data-element_type=\"widget\" data-e-type=\"widget\" data-widget_type=\"heading.default\">\n\t\t\t\t<div class=\"elementor-widget-container\">\n\t\t\t\t\t<h4 class=\"elementor-heading-title elementor-size-default\">La rebotiga i el farmac\u00e8utic<\/h4>\t\t\t\t<\/div>\n\t\t\t\t<\/div>\n\t\t\t\t<div class=\"elementor-element elementor-element-5f95cbd7 elementor-widget elementor-widget-text-editor\" data-id=\"5f95cbd7\" data-element_type=\"widget\" data-e-type=\"widget\" data-widget_type=\"text-editor.default\">\n\t\t\t\t<div class=\"elementor-widget-container\">\n\t\t\t\t\t\t\t\t\t<p>La rebotiga era l&#8217;espai on el farmac\u00e8utic realitzava totes les tasques relacionades amb l&#8217;elaboraci\u00f3 dels productes farmacol\u00f2gics. Tamb\u00e9 era el seu espai de biblioteca de consulta i de gesti\u00f3 de la farm\u00e0cia.<\/p><p>Aqu\u00ed, el farmac\u00e8utic preparava el tractament espec\u00edfic per a cada malalt segons els seus particulars malalties i les indicacions del metge. Aquests tractaments podien ser en forma de pocions purgants, tisanes, liniments, Ung\u00fcents, xarops, emplastres, etc\u00e8tera<\/p><p>Fins al segle XIII, la separaci\u00f3 entre els farmac\u00e8utics i els metges no estava clarament delimitada. A poc a poc, la formaci\u00f3 i les exig\u00e8ncies van comen\u00e7ar a ser diferents per als dos grups i els farmac\u00e8utics es van arribar a formar de manera espec\u00edfica a les escoles i gremis propis. Amb el temps, les acad\u00e8mies i les facultats de farm\u00e0cia van ser substituint progressivament una formaci\u00f3 basada en l&#8217;empirisme, per una instrucci\u00f3 cient\u00edfica.<\/p>\t\t\t\t\t\t\t\t<\/div>\n\t\t\t\t<\/div>\n\t\t\t\t<div class=\"elementor-element elementor-element-1524d1aa elementor-widget elementor-widget-image\" data-id=\"1524d1aa\" data-element_type=\"widget\" data-e-type=\"widget\" data-widget_type=\"image.default\">\n\t\t\t\t<div class=\"elementor-widget-container\">\n\t\t\t\t\t\t\t\t\t\t\t\t<figure class=\"wp-caption\">\n\t\t\t\t\t\t\t\t\t\t<img loading=\"lazy\" decoding=\"async\" width=\"800\" height=\"533\" src=\"https:\/\/www.elturistatranquil.com\/wp-content\/uploads\/F35-Llivia-Museu-Farmacia-Esteva-1.jpg\" class=\"attachment-large size-large wp-image-11063\" alt=\"\" srcset=\"https:\/\/www.elturistatranquil.com\/wp-content\/uploads\/F35-Llivia-Museu-Farmacia-Esteva-1.jpg 800w, https:\/\/www.elturistatranquil.com\/wp-content\/uploads\/F35-Llivia-Museu-Farmacia-Esteva-1-768x512.jpg 768w\" sizes=\"(max-width: 800px) 100vw, 800px\" \/>\t\t\t\t\t\t\t\t\t\t\t<figcaption class=\"widget-image-caption wp-caption-text\"><\/figcaption>\n\t\t\t\t\t\t\t\t\t\t<\/figure>\n\t\t\t\t\t\t\t\t\t<\/div>\n\t\t\t\t<\/div>\n\t\t\t\t<div class=\"elementor-element elementor-element-5f691e19 elementor-widget elementor-widget-menu-anchor\" data-id=\"5f691e19\" data-element_type=\"widget\" data-e-type=\"widget\" data-widget_type=\"menu-anchor.default\">\n\t\t\t\t<div class=\"elementor-widget-container\">\n\t\t\t\t\t\t\t<div class=\"elementor-menu-anchor\" id=\"c1916\"><\/div>\n\t\t\t\t\t\t<\/div>\n\t\t\t\t<\/div>\n\t\t\t\t<div class=\"elementor-element elementor-element-69be07a3 elementor-widget elementor-widget-image\" data-id=\"69be07a3\" data-element_type=\"widget\" data-e-type=\"widget\" data-widget_type=\"image.default\">\n\t\t\t\t<div class=\"elementor-widget-container\">\n\t\t\t\t\t\t\t\t\t\t\t\t<figure class=\"wp-caption\">\n\t\t\t\t\t\t\t\t\t\t<img loading=\"lazy\" decoding=\"async\" width=\"800\" height=\"533\" src=\"https:\/\/www.elturistatranquil.com\/wp-content\/uploads\/F36-Llivia-Museu-Farmacia-Esteva-1.jpg\" class=\"attachment-large size-large wp-image-11065\" alt=\"\" srcset=\"https:\/\/www.elturistatranquil.com\/wp-content\/uploads\/F36-Llivia-Museu-Farmacia-Esteva-1.jpg 800w, https:\/\/www.elturistatranquil.com\/wp-content\/uploads\/F36-Llivia-Museu-Farmacia-Esteva-1-768x512.jpg 768w\" sizes=\"(max-width: 800px) 100vw, 800px\" \/>\t\t\t\t\t\t\t\t\t\t\t<figcaption class=\"widget-image-caption wp-caption-text\"><\/figcaption>\n\t\t\t\t\t\t\t\t\t\t<\/figure>\n\t\t\t\t\t\t\t\t\t<\/div>\n\t\t\t\t<\/div>\n\t\t\t\t<div class=\"elementor-element elementor-element-4a1d05b8 elementor-widget elementor-widget-heading\" data-id=\"4a1d05b8\" data-element_type=\"widget\" data-e-type=\"widget\" data-widget_type=\"heading.default\">\n\t\t\t\t<div class=\"elementor-widget-container\">\n\t\t\t\t\t<h3 class=\"elementor-heading-title elementor-size-default\">Carrer del Raval <\/h3>\t\t\t\t<\/div>\n\t\t\t\t<\/div>\n\t\t\t\t<div class=\"elementor-element elementor-element-38f8f602 elementor-widget elementor-widget-text-editor\" data-id=\"38f8f602\" data-element_type=\"widget\" data-e-type=\"widget\" data-widget_type=\"text-editor.default\">\n\t\t\t\t<div class=\"elementor-widget-container\">\n\t\t\t\t\t\t\t\t\t<p>El carrer que baixa des de l\u2019Ajuntament correspon a l\u2019Antic Raval, que li dona nom (<strong>4<\/strong>).<\/p><p>Mant\u00e9 l\u2019aspecte de carrer important, amb cases de tres plantes, i on si poden trobar cases modernistes.<\/p>\t\t\t\t\t\t\t\t<\/div>\n\t\t\t\t<\/div>\n\t\t\t\t<div class=\"elementor-element elementor-element-1298a36b elementor-widget elementor-widget-image\" data-id=\"1298a36b\" data-element_type=\"widget\" data-e-type=\"widget\" data-widget_type=\"image.default\">\n\t\t\t\t<div class=\"elementor-widget-container\">\n\t\t\t\t\t\t\t\t\t\t\t\t<figure class=\"wp-caption\">\n\t\t\t\t\t\t\t\t\t\t<img loading=\"lazy\" decoding=\"async\" width=\"800\" height=\"533\" src=\"https:\/\/www.elturistatranquil.com\/wp-content\/uploads\/F37-Llivia-1.jpg\" class=\"attachment-large size-large wp-image-11067\" alt=\"\" srcset=\"https:\/\/www.elturistatranquil.com\/wp-content\/uploads\/F37-Llivia-1.jpg 800w, https:\/\/www.elturistatranquil.com\/wp-content\/uploads\/F37-Llivia-1-768x512.jpg 768w\" sizes=\"(max-width: 800px) 100vw, 800px\" \/>\t\t\t\t\t\t\t\t\t\t\t<figcaption class=\"widget-image-caption wp-caption-text\"><\/figcaption>\n\t\t\t\t\t\t\t\t\t\t<\/figure>\n\t\t\t\t\t\t\t\t\t<\/div>\n\t\t\t\t<\/div>\n\t\t\t\t<div class=\"elementor-element elementor-element-2a4b4142 elementor-widget elementor-widget-image\" data-id=\"2a4b4142\" data-element_type=\"widget\" data-e-type=\"widget\" data-widget_type=\"image.default\">\n\t\t\t\t<div class=\"elementor-widget-container\">\n\t\t\t\t\t\t\t\t\t\t\t\t<figure class=\"wp-caption\">\n\t\t\t\t\t\t\t\t\t\t<img loading=\"lazy\" decoding=\"async\" width=\"800\" height=\"533\" src=\"https:\/\/www.elturistatranquil.com\/wp-content\/uploads\/F38-Llivia-1.jpg\" class=\"attachment-large size-large wp-image-11069\" alt=\"\" srcset=\"https:\/\/www.elturistatranquil.com\/wp-content\/uploads\/F38-Llivia-1.jpg 800w, https:\/\/www.elturistatranquil.com\/wp-content\/uploads\/F38-Llivia-1-768x512.jpg 768w\" sizes=\"(max-width: 800px) 100vw, 800px\" \/>\t\t\t\t\t\t\t\t\t\t\t<figcaption class=\"widget-image-caption wp-caption-text\"><\/figcaption>\n\t\t\t\t\t\t\t\t\t\t<\/figure>\n\t\t\t\t\t\t\t\t\t<\/div>\n\t\t\t\t<\/div>\n\t\t\t\t<div class=\"elementor-element elementor-element-3f47b634 elementor-widget elementor-widget-menu-anchor\" data-id=\"3f47b634\" data-element_type=\"widget\" data-e-type=\"widget\" data-widget_type=\"menu-anchor.default\">\n\t\t\t\t<div class=\"elementor-widget-container\">\n\t\t\t\t\t\t\t<div class=\"elementor-menu-anchor\" id=\"c1917\"><\/div>\n\t\t\t\t\t\t<\/div>\n\t\t\t\t<\/div>\n\t\t\t\t<div class=\"elementor-element elementor-element-27b3faa1 elementor-widget elementor-widget-image\" data-id=\"27b3faa1\" data-element_type=\"widget\" data-e-type=\"widget\" data-widget_type=\"image.default\">\n\t\t\t\t<div class=\"elementor-widget-container\">\n\t\t\t\t\t\t\t\t\t\t\t\t<figure class=\"wp-caption\">\n\t\t\t\t\t\t\t\t\t\t<img loading=\"lazy\" decoding=\"async\" width=\"800\" height=\"533\" src=\"https:\/\/www.elturistatranquil.com\/wp-content\/uploads\/F39-Llivia-1.jpg\" class=\"attachment-large size-large wp-image-11071\" alt=\"\" srcset=\"https:\/\/www.elturistatranquil.com\/wp-content\/uploads\/F39-Llivia-1.jpg 800w, https:\/\/www.elturistatranquil.com\/wp-content\/uploads\/F39-Llivia-1-768x512.jpg 768w\" sizes=\"(max-width: 800px) 100vw, 800px\" \/>\t\t\t\t\t\t\t\t\t\t\t<figcaption class=\"widget-image-caption wp-caption-text\">Casa modernista<\/figcaption>\n\t\t\t\t\t\t\t\t\t\t<\/figure>\n\t\t\t\t\t\t\t\t\t<\/div>\n\t\t\t\t<\/div>\n\t\t\t\t<div class=\"elementor-element elementor-element-409ec824 elementor-widget elementor-widget-heading\" data-id=\"409ec824\" data-element_type=\"widget\" data-e-type=\"widget\" data-widget_type=\"heading.default\">\n\t\t\t\t<div class=\"elementor-widget-container\">\n\t\t\t\t\t<h3 class=\"elementor-heading-title elementor-size-default\">Avinguda de Catalunya<\/h3>\t\t\t\t<\/div>\n\t\t\t\t<\/div>\n\t\t\t\t<div class=\"elementor-element elementor-element-41d56369 elementor-widget elementor-widget-text-editor\" data-id=\"41d56369\" data-element_type=\"widget\" data-e-type=\"widget\" data-widget_type=\"text-editor.default\">\n\t\t\t\t<div class=\"elementor-widget-container\">\n\t\t\t\t\t\t\t\t\t<p>El carrer Raval conflueix a l\u2019Avinguda de Catalunya (<strong>5<\/strong>), l\u2019art\u00e8ria actual m\u00e9s important i comercial. De fet, \u00e9s la carretera que uneix amb Puigcerd\u00e0 i que travessa el municipi.<\/p>\t\t\t\t\t\t\t\t<\/div>\n\t\t\t\t<\/div>\n\t\t\t\t<div class=\"elementor-element elementor-element-155dab5e elementor-widget elementor-widget-image\" data-id=\"155dab5e\" data-element_type=\"widget\" data-e-type=\"widget\" data-widget_type=\"image.default\">\n\t\t\t\t<div class=\"elementor-widget-container\">\n\t\t\t\t\t\t\t\t\t\t\t\t<figure class=\"wp-caption\">\n\t\t\t\t\t\t\t\t\t\t<img loading=\"lazy\" decoding=\"async\" width=\"800\" height=\"533\" src=\"https:\/\/www.elturistatranquil.com\/wp-content\/uploads\/F40-Llivia-1.jpg\" class=\"attachment-large size-large wp-image-11073\" alt=\"\" srcset=\"https:\/\/www.elturistatranquil.com\/wp-content\/uploads\/F40-Llivia-1.jpg 800w, https:\/\/www.elturistatranquil.com\/wp-content\/uploads\/F40-Llivia-1-768x512.jpg 768w\" sizes=\"(max-width: 800px) 100vw, 800px\" \/>\t\t\t\t\t\t\t\t\t\t\t<figcaption class=\"widget-image-caption wp-caption-text\">L\u2019entrada a l\u2019Avinguda de Catalunya, amb la Serra del Cad\u00ed al fons<\/figcaption>\n\t\t\t\t\t\t\t\t\t\t<\/figure>\n\t\t\t\t\t\t\t\t\t<\/div>\n\t\t\t\t<\/div>\n\t\t\t\t<div class=\"elementor-element elementor-element-291196b4 elementor-widget elementor-widget-menu-anchor\" data-id=\"291196b4\" data-element_type=\"widget\" data-e-type=\"widget\" data-widget_type=\"menu-anchor.default\">\n\t\t\t\t<div class=\"elementor-widget-container\">\n\t\t\t\t\t\t\t<div class=\"elementor-menu-anchor\" id=\"c1918\"><\/div>\n\t\t\t\t\t\t<\/div>\n\t\t\t\t<\/div>\n\t\t\t\t<div class=\"elementor-element elementor-element-2f569f elementor-widget elementor-widget-image\" data-id=\"2f569f\" data-element_type=\"widget\" data-e-type=\"widget\" data-widget_type=\"image.default\">\n\t\t\t\t<div class=\"elementor-widget-container\">\n\t\t\t\t\t\t\t\t\t\t\t\t<figure class=\"wp-caption\">\n\t\t\t\t\t\t\t\t\t\t<img loading=\"lazy\" decoding=\"async\" width=\"800\" height=\"533\" src=\"https:\/\/www.elturistatranquil.com\/wp-content\/uploads\/F41-Llivia-1.jpg\" class=\"attachment-large size-large wp-image-11075\" alt=\"\" srcset=\"https:\/\/www.elturistatranquil.com\/wp-content\/uploads\/F41-Llivia-1.jpg 800w, https:\/\/www.elturistatranquil.com\/wp-content\/uploads\/F41-Llivia-1-768x512.jpg 768w\" sizes=\"(max-width: 800px) 100vw, 800px\" \/>\t\t\t\t\t\t\t\t\t\t\t<figcaption class=\"widget-image-caption wp-caption-text\">El Tur\u00f3 del Castell al fons<\/figcaption>\n\t\t\t\t\t\t\t\t\t\t<\/figure>\n\t\t\t\t\t\t\t\t\t<\/div>\n\t\t\t\t<\/div>\n\t\t\t\t<div class=\"elementor-element elementor-element-37649fb elementor-widget elementor-widget-heading\" data-id=\"37649fb\" data-element_type=\"widget\" data-e-type=\"widget\" data-widget_type=\"heading.default\">\n\t\t\t\t<div class=\"elementor-widget-container\">\n\t\t\t\t\t<h3 class=\"elementor-heading-title elementor-size-default\">El Castell<\/h3>\t\t\t\t<\/div>\n\t\t\t\t<\/div>\n\t\t\t\t<div class=\"elementor-element elementor-element-671bf954 elementor-widget elementor-widget-text-editor\" data-id=\"671bf954\" data-element_type=\"widget\" data-e-type=\"widget\" data-widget_type=\"text-editor.default\">\n\t\t\t\t<div class=\"elementor-widget-container\">\n\t\t\t\t\t\t\t\t\t<p>Situat dalt del tur\u00f3 del Castell, o puig de Ll\u00edvia, sobre la vila.<\/p><p>De l&#8217;antic Castell de Ll\u00edvia, destru\u00eft pels francesos a la fi del segle XV, en resten escassos vestigis: els fonaments de la torre mestra, una sala coberta amb volta (segurament una cisterna) i restes d&#8217;una de les quatre torres circulars que defensaven la muralla. Per la seva tipologia, sembla que les restes corresponen a una construcci\u00f3 del segle XIII.<\/p><p>\u00c9s un clar exemple de <a href=\"https:\/\/www.elturistatranquil.com\/ca\/els-castells-medievals-a-espanya-tipologies\/\" target=\"_blank\" rel=\"noopener\">castell de tur\u00f3<\/a>. La seva situaci\u00f3 dominant l\u2019hem pogut apreciar a les fotografies anteriors des del Barri Vell (<strong>3<\/strong>).<\/p>\t\t\t\t\t\t\t\t<\/div>\n\t\t\t\t<\/div>\n\t\t\t\t<div class=\"elementor-element elementor-element-72d64731 elementor-widget elementor-widget-image\" data-id=\"72d64731\" data-element_type=\"widget\" data-e-type=\"widget\" data-widget_type=\"image.default\">\n\t\t\t\t<div class=\"elementor-widget-container\">\n\t\t\t\t\t\t\t\t\t\t\t\t<figure class=\"wp-caption\">\n\t\t\t\t\t\t\t\t\t\t<img loading=\"lazy\" decoding=\"async\" width=\"800\" height=\"533\" src=\"https:\/\/www.elturistatranquil.com\/wp-content\/uploads\/F42-Llivia-Castell-Google-earth-2018-12-14-1.jpg\" class=\"attachment-large size-large wp-image-11077\" alt=\"\" srcset=\"https:\/\/www.elturistatranquil.com\/wp-content\/uploads\/F42-Llivia-Castell-Google-earth-2018-12-14-1.jpg 800w, https:\/\/www.elturistatranquil.com\/wp-content\/uploads\/F42-Llivia-Castell-Google-earth-2018-12-14-1-768x512.jpg 768w\" sizes=\"(max-width: 800px) 100vw, 800px\" \/>\t\t\t\t\t\t\t\t\t\t\t<figcaption class=\"widget-image-caption wp-caption-text\"><\/figcaption>\n\t\t\t\t\t\t\t\t\t\t<\/figure>\n\t\t\t\t\t\t\t\t\t<\/div>\n\t\t\t\t<\/div>\n\t\t\t\t<div class=\"elementor-element elementor-element-b7633f6 elementor-widget elementor-widget-menu-anchor\" data-id=\"b7633f6\" data-element_type=\"widget\" data-e-type=\"widget\" data-widget_type=\"menu-anchor.default\">\n\t\t\t\t<div class=\"elementor-widget-container\">\n\t\t\t\t\t\t\t<div class=\"elementor-menu-anchor\" id=\"c1919\"><\/div>\n\t\t\t\t\t\t<\/div>\n\t\t\t\t<\/div>\n\t\t\t\t<div class=\"elementor-element elementor-element-79a6cf6d elementor-widget elementor-widget-image\" data-id=\"79a6cf6d\" data-element_type=\"widget\" data-e-type=\"widget\" data-widget_type=\"image.default\">\n\t\t\t\t<div class=\"elementor-widget-container\">\n\t\t\t\t\t\t\t\t\t\t\t\t<figure class=\"wp-caption\">\n\t\t\t\t\t\t\t\t\t\t<img loading=\"lazy\" decoding=\"async\" width=\"800\" height=\"533\" src=\"https:\/\/www.elturistatranquil.com\/wp-content\/uploads\/F43-Llivia-Castell-Google-earth-2018-12-14-1.jpg\" class=\"attachment-large size-large wp-image-11079\" alt=\"\" srcset=\"https:\/\/www.elturistatranquil.com\/wp-content\/uploads\/F43-Llivia-Castell-Google-earth-2018-12-14-1.jpg 800w, https:\/\/www.elturistatranquil.com\/wp-content\/uploads\/F43-Llivia-Castell-Google-earth-2018-12-14-1-768x512.jpg 768w\" sizes=\"(max-width: 800px) 100vw, 800px\" \/>\t\t\t\t\t\t\t\t\t\t\t<figcaption class=\"widget-image-caption wp-caption-text\"><\/figcaption>\n\t\t\t\t\t\t\t\t\t\t<\/figure>\n\t\t\t\t\t\t\t\t\t<\/div>\n\t\t\t\t<\/div>\n\t\t\t\t<div class=\"elementor-element elementor-element-6cc6d2e3 elementor-widget elementor-widget-heading\" data-id=\"6cc6d2e3\" data-element_type=\"widget\" data-e-type=\"widget\" data-widget_type=\"heading.default\">\n\t\t\t\t<div class=\"elementor-widget-container\">\n\t\t\t\t\t<h2 class=\"elementor-heading-title elementor-size-default\">Fi de la visita<\/h2>\t\t\t\t<\/div>\n\t\t\t\t<\/div>\n\t\t\t\t<div class=\"elementor-element elementor-element-5603687d elementor-widget elementor-widget-menu-anchor\" data-id=\"5603687d\" data-element_type=\"widget\" data-e-type=\"widget\" data-widget_type=\"menu-anchor.default\">\n\t\t\t\t<div class=\"elementor-widget-container\">\n\t\t\t\t\t\t\t<div class=\"elementor-menu-anchor\" id=\"c1920\"><\/div>\n\t\t\t\t\t\t<\/div>\n\t\t\t\t<\/div>\n\t\t\t\t<div class=\"elementor-element elementor-element-1bc4f846 elementor-widget elementor-widget-text-editor\" data-id=\"1bc4f846\" data-element_type=\"widget\" data-e-type=\"widget\" data-widget_type=\"text-editor.default\">\n\t\t\t\t<div class=\"elementor-widget-container\">\n\t\t\t\t\t\t\t\t\t<p>A Ll\u00edvia ens hem enfrontat a una circumst\u00e0ncia territorial excepcional, pel fet de ser un enclavament territorial en un altre Estat, el franc\u00e8s.<\/p><p>L&#8217;origen hist\u00f2ric del enclavament ja ens avisa que la seva hist\u00f2ria haur\u00e0 estat intensa.<\/p><p>Des dels seus or\u00edgens coneguts, ara fa uns 5000 anys, la seva hist\u00f2ria ha estat vinculada a una localitzaci\u00f3 estrat\u00e8gica en el pas pel pla a trav\u00e9s dels Pirineus, que representa la Cerdanya.<\/p><p>La hist\u00f2ria, el paisatge i l&#8217;entorn muntany\u00f3s l&#8217;han convertit en l&#8217;actualitat en un centre tur\u00edstic residencial de primer nivell, tant pel paisatge en tota \u00e8poca de l&#8217;any com per la neu i els esports de neu a l&#8217;hivern.<\/p><p>Aix\u00f2 vol dir que qualsevol moment de l&#8217;any \u00e9s bo per acostar-se a Ll\u00edvia en particular, i a la Cerdanya en general.<\/p>\t\t\t\t\t\t\t\t<\/div>\n\t\t\t\t<\/div>\n\t\t\t\t<div class=\"elementor-element elementor-element-57cc0c92 elementor-widget elementor-widget-heading\" data-id=\"57cc0c92\" data-element_type=\"widget\" data-e-type=\"widget\" data-widget_type=\"heading.default\">\n\t\t\t\t<div class=\"elementor-widget-container\">\n\t\t\t\t\t<h2 class=\"elementor-heading-title elementor-size-default\">Bases d\u2019informaci\u00f3<\/h2>\t\t\t\t<\/div>\n\t\t\t\t<\/div>\n\t\t\t\t<div class=\"elementor-element elementor-element-ca591a5 elementor-widget elementor-widget-text-editor\" data-id=\"ca591a5\" data-element_type=\"widget\" data-e-type=\"widget\" data-widget_type=\"text-editor.default\">\n\t\t\t\t<div class=\"elementor-widget-container\">\n\t\t\t\t\t\t\t\t\t<p><strong>Webs<\/strong><\/p><p><strong>Ll\u00edvia <\/strong><\/p><p><a href=\"http:\/\/llivia.org\/cat\/que-fer\/cultura\/esglesia-nostra-senyora-dels-angels.html\" target=\"_blank\" rel=\"noopener\">Ll\u00edvia. Ajuntament<\/a><\/p><p><a href=\"https:\/\/es.wikipedia.org\/wiki\/Iglesia_de_Nuestra_Se%C3%B1ora_de_los_%C3%81ngeles_(Llivia)\" target=\"_blank\" rel=\"noopener\">Ll\u00edvia. Wikipedia es<\/a><\/p><p><a href=\"https:\/\/ca.wikipedia.org\/wiki\/Mare_de_D%C3%A9u_dels_%C3%80ngels_de_Ll%C3%Advia\" target=\"_blank\" rel=\"noopener\">Ll\u00edvia. Wikipedia ca<\/a><\/p><p><a href=\"https:\/\/www.enciclopedia.cat\/EC-GEC-0037853.xml\" target=\"_blank\" rel=\"noopener\">Ll\u00edvia. GEC<\/a><\/p><p><a href=\"http:\/\/www.poblesdecatalunya.cat\/municipi.php?m=170947\" target=\"_blank\" rel=\"noopener\">Ll\u00edvia. Pobles de Catalunya<\/a><\/p><p><a href=\"https:\/\/fronterasblog.com\/2009\/02\/09\/un-trozo-de-espana-en-francia\/\" target=\"_blank\" rel=\"noopener\">Ll\u00edvia. Blog fronteras<\/a><\/p><p><a href=\"https:\/\/www.raco.cat\/index.php\/RevistaGirona\/article\/download\/78607\/102683\" target=\"_blank\" rel=\"noopener\">Ll\u00edvia. J Marques pbr<\/a><\/p>\t\t\t\t\t\t\t\t<\/div>\n\t\t\t\t<\/div>\n\t\t\t\t<div class=\"elementor-element elementor-element-72cddc03 elementor-widget elementor-widget-text-editor\" data-id=\"72cddc03\" data-element_type=\"widget\" data-e-type=\"widget\" data-widget_type=\"text-editor.default\">\n\t\t\t\t<div class=\"elementor-widget-container\">\n\t\t\t\t\t\t\t\t\t<p><strong>Castell<\/strong><\/p><p><a href=\"https:\/\/www.catalunyamedieval.es\/castell-de-llivia-la-cerdanya\/\" target=\"_blank\" rel=\"noopener\">Castell. Catalunya medieval<\/a><\/p><p><a href=\"https:\/\/www.lavanguardia.com\/cultura\/20130512\/54373438540\/llivia-castillo-restaurado.html\" target=\"_blank\" rel=\"noopener\">Castell. La vanguardia<\/a><\/p>\t\t\t\t\t\t\t\t<\/div>\n\t\t\t\t<\/div>\n\t\t\t\t<div class=\"elementor-element elementor-element-5b7709ac elementor-widget elementor-widget-text-editor\" data-id=\"5b7709ac\" data-element_type=\"widget\" data-e-type=\"widget\" data-widget_type=\"text-editor.default\">\n\t\t\t\t<div class=\"elementor-widget-container\">\n\t\t\t\t\t\t\t\t\t<p><strong>Esgl\u00e9sia<\/strong><\/p><p><a href=\"http:\/\/llivia.org\/cat\/que-fer\/cultura\/esglesia-nostra-senyora-dels-angels.html\" target=\"_blank\" rel=\"noopener\">Esgl\u00e9sia. Llivia org<\/a><\/p><p><a href=\"https:\/\/es.wikipedia.org\/wiki\/Iglesia_de_Nuestra_Se%C3%B1ora_de_los_%C3%81ngeles_(Llivia)\" target=\"_blank\" rel=\"noopener\">Esgl\u00e9sia. Wikipedia es<\/a><\/p><p><a href=\"https:\/\/ca.wikipedia.org\/wiki\/Mare_de_D%C3%A9u_dels_%C3%80ngels_de_Ll%C3%Advia\" target=\"_blank\" rel=\"noopener\">Esgl\u00e9sia. Wikipedia ca<\/a><\/p>\t\t\t\t\t\t\t\t<\/div>\n\t\t\t\t<\/div>\n\t\t\t\t<div class=\"elementor-element elementor-element-757690fb elementor-widget elementor-widget-text-editor\" data-id=\"757690fb\" data-element_type=\"widget\" data-e-type=\"widget\" data-widget_type=\"text-editor.default\">\n\t\t\t\t<div class=\"elementor-widget-container\">\n\t\t\t\t\t\t\t\t\t<p><strong>Museu i Farm\u00e0cia<\/strong><\/p><p><a href=\"https:\/\/visitmuseum.gencat.cat\/es\/museu-municipal-de-llivia\" target=\"_blank\" rel=\"noopener\">Museu. Gen cat<\/a><\/p><p><a href=\"https:\/\/es.wikipedia.org\/wiki\/Museo_Municipal_de_Ll%C3%Advia\" target=\"_blank\" rel=\"noopener\">Museu. Wikipedia es<\/a><\/p><p><a href=\"https:\/\/ca.wikipedia.org\/wiki\/Museu_Municipal_de_Ll%C3%Advia\" target=\"_blank\" rel=\"noopener\">Museu. Wikipedia ca<\/a><\/p><p><a href=\"http:\/\/patrimoni.gencat.cat\/es\/coleccion\/farmacia-esteve-de-llivia\" target=\"_blank\" rel=\"noopener\">Farmacia. Patrimoni<\/a><\/p>\t\t\t\t\t\t\t\t<\/div>\n\t\t\t\t<\/div>\n\t\t\t\t<div class=\"elementor-element elementor-element-225d9a6b elementor-widget elementor-widget-text-editor\" data-id=\"225d9a6b\" data-element_type=\"widget\" data-e-type=\"widget\" data-widget_type=\"text-editor.default\">\n\t\t\t\t<div class=\"elementor-widget-container\">\n\t\t\t\t\t\t\t\t\t<p><strong>Web Academic<\/strong><\/p><p>J. Capdevila i Subirana. <em><a href=\"http:\/\/www.ub.edu\/gehc\/pdf\/Deslinde.pdf\" target=\"_blank\" rel=\"noopener\">Historia del deslinde de la frontera hispano-francesa<\/a><\/em><\/p><p>Ll\u00edvia. <em><a href=\"https:\/\/seu-e.cat\/web\/cccerdanya\/govern-obert-i-transparencia\/informacio-institucional-i-organitzativa\/informacio-institucional\/informacio-historica-sobre-el-municipi\" target=\"_blank\" rel=\"noopener\">Informaci\u00f3 hist\u00f2rica sobre el municipi<\/a><\/em><\/p><p><a href=\"http:\/\/www.recercacerdanya.org\/fitxers\/querol\/querol-18.pdf\" target=\"_blank\" rel=\"noopener\">Dossier Ll\u00edvia<\/a><\/p>\t\t\t\t\t\t\t\t<\/div>\n\t\t\t\t<\/div>\n\t\t\t\t<div class=\"elementor-element elementor-element-270e1f64 elementor-widget elementor-widget-text-editor\" data-id=\"270e1f64\" data-element_type=\"widget\" data-e-type=\"widget\" data-widget_type=\"text-editor.default\">\n\t\t\t\t<div class=\"elementor-widget-container\">\n\t\t\t\t\t\t\t\t\t<p>Enlla\u00e7 amb el <em>Post<\/em>: <a href=\"https:\/\/www.elturistatranquil.com\/ca\/la-fonda-de-cal-fuxet-la-cerdanya\/\" target=\"_blank\" rel=\"noopener\"><strong>La Fonda de Cal Fuxet. La Cerdanya<\/strong><\/a><\/p>\t\t\t\t\t\t\t\t<\/div>\n\t\t\t\t<\/div>\n\t\t\t\t\t<\/div>\n\t\t<\/div>\n\t\t\t\t\t<\/div>\n\t\t<\/section>\n\t\t\t\t<\/div>\n\t\t","protected":false},"excerpt":{"rendered":"<p>Ll\u00edvia, a la Cerdanya gironina, te la singularitat de ser un enclavament a territori franc\u00e8s. Habitada des de la prehist\u00f2ria, havia estat un punt de control de pas per travessar &#8230; <a title=\"Ll\u00edvia (Girona)\" class=\"read-more\" href=\"https:\/\/www.elturistatranquil.com\/ca\/llivia\/\" aria-label=\"M\u00e9s informaci\u00f3 sobre Ll\u00edvia (Girona)\">[ &#8230; ]<\/a><\/p>\n","protected":false},"author":1,"featured_media":10892,"comment_status":"open","ping_status":"closed","sticky":false,"template":"","format":"standard","meta":{"footnotes":""},"categories":[71,72,75,77,145,135,83,86,89,92,100,96,97,101,103,139,106,107,110],"tags":[],"class_list":["post-10991","post","type-post","status-publish","format-standard","has-post-thumbnail","hentry","category-arquitectura-popular-ca","category-arquitectura-religiosa-ca","category-castells","category-conjunts-historics","category-edat-mitjana","category-girona-ca","category-historia-ca","category-islamic","category-modernisme","category-museus","category-pobles-i-ciutats-amb-interes","category-prehistoric","category-preroma","category-renaixement","category-roma","category-segle-xvi-xvii","category-segle-xviii-xix","category-segle-xx-xxi","category-vila","infinite-scroll-item","generate-columns","tablet-grid-50","mobile-grid-100","grid-parent","grid-50","no-featured-image-padding"],"yoast_head":"<!-- This site is optimized with the Yoast SEO plugin v27.4 - https:\/\/yoast.com\/product\/yoast-seo-wordpress\/ -->\n<title>Ll\u00edvia (Girona) - El turista tranquil<\/title>\n<meta name=\"description\" content=\"Ll\u00edvia, a la Cerdanya gironina, te la singularitat de ser un enclavament a territori franc\u00e8s. Habitada des de la prehist\u00f2ria, havia estat un punt de control de pas per travessar els Pirineus per aquesta fossa tect\u00f2nica que els trenca.\" \/>\n<meta name=\"robots\" content=\"index, follow, max-snippet:-1, max-image-preview:large, max-video-preview:-1\" \/>\n<link rel=\"canonical\" href=\"https:\/\/www.elturistatranquil.com\/ca\/llivia\/\" \/>\n<meta property=\"og:locale\" content=\"ca_ES\" \/>\n<meta property=\"og:type\" content=\"article\" \/>\n<meta property=\"og:title\" content=\"Ll\u00edvia (Girona) - El turista tranquil\" \/>\n<meta property=\"og:description\" content=\"Ll\u00edvia, a la Cerdanya gironina, te la singularitat de ser un enclavament a territori franc\u00e8s. Habitada des de la prehist\u00f2ria, havia estat un punt de control de pas per travessar els Pirineus per aquesta fossa tect\u00f2nica que els trenca.\" \/>\n<meta property=\"og:url\" content=\"https:\/\/www.elturistatranquil.com\/ca\/llivia\/\" \/>\n<meta property=\"og:site_name\" content=\"El turista tranquil\" \/>\n<meta property=\"article:publisher\" content=\"https:\/\/www.facebook.com\/elturistatranquilo\/\" \/>\n<meta property=\"article:published_time\" content=\"2018-12-15T18:55:15+00:00\" \/>\n<meta property=\"article:modified_time\" content=\"2025-08-04T17:36:19+00:00\" \/>\n<meta property=\"og:image\" content=\"https:\/\/www.elturistatranquil.com\/wp-content\/uploads\/F00-Llivia.jpg\" \/>\n\t<meta property=\"og:image:width\" content=\"800\" \/>\n\t<meta property=\"og:image:height\" content=\"534\" \/>\n\t<meta property=\"og:image:type\" content=\"image\/jpeg\" \/>\n<meta name=\"author\" content=\"admin\" \/>\n<meta name=\"twitter:card\" content=\"summary_large_image\" \/>\n<meta name=\"twitter:label1\" content=\"Escrit per\" \/>\n\t<meta name=\"twitter:data1\" content=\"admin\" \/>\n\t<meta name=\"twitter:label2\" content=\"Temps estimat de lectura\" \/>\n\t<meta name=\"twitter:data2\" content=\"16 minuts\" \/>\n<script type=\"application\/ld+json\" class=\"yoast-schema-graph\">{\"@context\":\"https:\\\/\\\/schema.org\",\"@graph\":[{\"@type\":\"Article\",\"@id\":\"https:\\\/\\\/www.elturistatranquil.com\\\/ca\\\/llivia\\\/#article\",\"isPartOf\":{\"@id\":\"https:\\\/\\\/www.elturistatranquil.com\\\/ca\\\/llivia\\\/\"},\"author\":{\"name\":\"admin\",\"@id\":\"https:\\\/\\\/www.elturistatranquil.com\\\/ca\\\/#\\\/schema\\\/person\\\/16f607c3079b96ed0c530a52e6b58bb5\"},\"headline\":\"Ll\u00edvia (Girona)\",\"datePublished\":\"2018-12-15T18:55:15+00:00\",\"dateModified\":\"2025-08-04T17:36:19+00:00\",\"mainEntityOfPage\":{\"@id\":\"https:\\\/\\\/www.elturistatranquil.com\\\/ca\\\/llivia\\\/\"},\"wordCount\":3198,\"commentCount\":0,\"image\":{\"@id\":\"https:\\\/\\\/www.elturistatranquil.com\\\/ca\\\/llivia\\\/#primaryimage\"},\"thumbnailUrl\":\"https:\\\/\\\/www.elturistatranquil.com\\\/wp-content\\\/uploads\\\/F00-Llivia.jpg\",\"articleSection\":[\"Arquitectura popular\",\"Arquitectura religiosa\",\"Castells, Muralles\",\"Conjunts hist\u00f2rics\",\"Edat mitjana\",\"Girona\",\"Hist\u00f2ria\",\"Isl\u00e0mic\",\"Modernisme\",\"Museus\",\"Pobles i ciutats amb inter\u00e9s\",\"Prehist\u00f2ric\",\"Prerom\u00e0\",\"Renaixement\",\"Rom\u00e0\",\"Segle XVI-XVII\",\"Segle XVIII-XIX\",\"Segle XX-XXI\",\"Vila\"],\"inLanguage\":\"ca\",\"potentialAction\":[{\"@type\":\"CommentAction\",\"name\":\"Comment\",\"target\":[\"https:\\\/\\\/www.elturistatranquil.com\\\/ca\\\/llivia\\\/#respond\"]}]},{\"@type\":\"WebPage\",\"@id\":\"https:\\\/\\\/www.elturistatranquil.com\\\/ca\\\/llivia\\\/\",\"url\":\"https:\\\/\\\/www.elturistatranquil.com\\\/ca\\\/llivia\\\/\",\"name\":\"Ll\u00edvia (Girona) - El turista tranquil\",\"isPartOf\":{\"@id\":\"https:\\\/\\\/www.elturistatranquil.com\\\/ca\\\/#website\"},\"primaryImageOfPage\":{\"@id\":\"https:\\\/\\\/www.elturistatranquil.com\\\/ca\\\/llivia\\\/#primaryimage\"},\"image\":{\"@id\":\"https:\\\/\\\/www.elturistatranquil.com\\\/ca\\\/llivia\\\/#primaryimage\"},\"thumbnailUrl\":\"https:\\\/\\\/www.elturistatranquil.com\\\/wp-content\\\/uploads\\\/F00-Llivia.jpg\",\"datePublished\":\"2018-12-15T18:55:15+00:00\",\"dateModified\":\"2025-08-04T17:36:19+00:00\",\"author\":{\"@id\":\"https:\\\/\\\/www.elturistatranquil.com\\\/ca\\\/#\\\/schema\\\/person\\\/16f607c3079b96ed0c530a52e6b58bb5\"},\"description\":\"Ll\u00edvia, a la Cerdanya gironina, te la singularitat de ser un enclavament a territori franc\u00e8s. Habitada des de la prehist\u00f2ria, havia estat un punt de control de pas per travessar els Pirineus per aquesta fossa tect\u00f2nica que els trenca.\",\"breadcrumb\":{\"@id\":\"https:\\\/\\\/www.elturistatranquil.com\\\/ca\\\/llivia\\\/#breadcrumb\"},\"inLanguage\":\"ca\",\"potentialAction\":[{\"@type\":\"ReadAction\",\"target\":[\"https:\\\/\\\/www.elturistatranquil.com\\\/ca\\\/llivia\\\/\"]}]},{\"@type\":\"ImageObject\",\"inLanguage\":\"ca\",\"@id\":\"https:\\\/\\\/www.elturistatranquil.com\\\/ca\\\/llivia\\\/#primaryimage\",\"url\":\"https:\\\/\\\/www.elturistatranquil.com\\\/wp-content\\\/uploads\\\/F00-Llivia.jpg\",\"contentUrl\":\"https:\\\/\\\/www.elturistatranquil.com\\\/wp-content\\\/uploads\\\/F00-Llivia.jpg\",\"width\":800,\"height\":534,\"caption\":\"Llivia\"},{\"@type\":\"BreadcrumbList\",\"@id\":\"https:\\\/\\\/www.elturistatranquil.com\\\/ca\\\/llivia\\\/#breadcrumb\",\"itemListElement\":[{\"@type\":\"ListItem\",\"position\":1,\"name\":\"Portada\",\"item\":\"https:\\\/\\\/www.elturistatranquil.com\\\/ca\\\/\"},{\"@type\":\"ListItem\",\"position\":2,\"name\":\"Ll\u00edvia (Girona)\"}]},{\"@type\":\"WebSite\",\"@id\":\"https:\\\/\\\/www.elturistatranquil.com\\\/ca\\\/#website\",\"url\":\"https:\\\/\\\/www.elturistatranquil.com\\\/ca\\\/\",\"name\":\"El turista tranquil\",\"description\":\"Blog de viatges\",\"potentialAction\":[{\"@type\":\"SearchAction\",\"target\":{\"@type\":\"EntryPoint\",\"urlTemplate\":\"https:\\\/\\\/www.elturistatranquil.com\\\/ca\\\/?s={search_term_string}\"},\"query-input\":{\"@type\":\"PropertyValueSpecification\",\"valueRequired\":true,\"valueName\":\"search_term_string\"}}],\"inLanguage\":\"ca\"},{\"@type\":\"Person\",\"@id\":\"https:\\\/\\\/www.elturistatranquil.com\\\/ca\\\/#\\\/schema\\\/person\\\/16f607c3079b96ed0c530a52e6b58bb5\",\"name\":\"admin\",\"image\":{\"@type\":\"ImageObject\",\"inLanguage\":\"ca\",\"@id\":\"https:\\\/\\\/secure.gravatar.com\\\/avatar\\\/1fbaf22aee75fcbb29a2f97b107f95d25d3a19b7c3416105be10269872673e8d?s=96&d=mm&r=g\",\"url\":\"https:\\\/\\\/secure.gravatar.com\\\/avatar\\\/1fbaf22aee75fcbb29a2f97b107f95d25d3a19b7c3416105be10269872673e8d?s=96&d=mm&r=g\",\"contentUrl\":\"https:\\\/\\\/secure.gravatar.com\\\/avatar\\\/1fbaf22aee75fcbb29a2f97b107f95d25d3a19b7c3416105be10269872673e8d?s=96&d=mm&r=g\",\"caption\":\"admin\"}}]}<\/script>\n<!-- \/ Yoast SEO plugin. -->","yoast_head_json":{"title":"Ll\u00edvia (Girona) - El turista tranquil","description":"Ll\u00edvia, a la Cerdanya gironina, te la singularitat de ser un enclavament a territori franc\u00e8s. Habitada des de la prehist\u00f2ria, havia estat un punt de control de pas per travessar els Pirineus per aquesta fossa tect\u00f2nica que els trenca.","robots":{"index":"index","follow":"follow","max-snippet":"max-snippet:-1","max-image-preview":"max-image-preview:large","max-video-preview":"max-video-preview:-1"},"canonical":"https:\/\/www.elturistatranquil.com\/ca\/llivia\/","og_locale":"ca_ES","og_type":"article","og_title":"Ll\u00edvia (Girona) - El turista tranquil","og_description":"Ll\u00edvia, a la Cerdanya gironina, te la singularitat de ser un enclavament a territori franc\u00e8s. Habitada des de la prehist\u00f2ria, havia estat un punt de control de pas per travessar els Pirineus per aquesta fossa tect\u00f2nica que els trenca.","og_url":"https:\/\/www.elturistatranquil.com\/ca\/llivia\/","og_site_name":"El turista tranquil","article_publisher":"https:\/\/www.facebook.com\/elturistatranquilo\/","article_published_time":"2018-12-15T18:55:15+00:00","article_modified_time":"2025-08-04T17:36:19+00:00","og_image":[{"width":800,"height":534,"url":"https:\/\/www.elturistatranquil.com\/wp-content\/uploads\/F00-Llivia.jpg","type":"image\/jpeg"}],"author":"admin","twitter_card":"summary_large_image","twitter_misc":{"Escrit per":"admin","Temps estimat de lectura":"16 minuts"},"schema":{"@context":"https:\/\/schema.org","@graph":[{"@type":"Article","@id":"https:\/\/www.elturistatranquil.com\/ca\/llivia\/#article","isPartOf":{"@id":"https:\/\/www.elturistatranquil.com\/ca\/llivia\/"},"author":{"name":"admin","@id":"https:\/\/www.elturistatranquil.com\/ca\/#\/schema\/person\/16f607c3079b96ed0c530a52e6b58bb5"},"headline":"Ll\u00edvia (Girona)","datePublished":"2018-12-15T18:55:15+00:00","dateModified":"2025-08-04T17:36:19+00:00","mainEntityOfPage":{"@id":"https:\/\/www.elturistatranquil.com\/ca\/llivia\/"},"wordCount":3198,"commentCount":0,"image":{"@id":"https:\/\/www.elturistatranquil.com\/ca\/llivia\/#primaryimage"},"thumbnailUrl":"https:\/\/www.elturistatranquil.com\/wp-content\/uploads\/F00-Llivia.jpg","articleSection":["Arquitectura popular","Arquitectura religiosa","Castells, Muralles","Conjunts hist\u00f2rics","Edat mitjana","Girona","Hist\u00f2ria","Isl\u00e0mic","Modernisme","Museus","Pobles i ciutats amb inter\u00e9s","Prehist\u00f2ric","Prerom\u00e0","Renaixement","Rom\u00e0","Segle XVI-XVII","Segle XVIII-XIX","Segle XX-XXI","Vila"],"inLanguage":"ca","potentialAction":[{"@type":"CommentAction","name":"Comment","target":["https:\/\/www.elturistatranquil.com\/ca\/llivia\/#respond"]}]},{"@type":"WebPage","@id":"https:\/\/www.elturistatranquil.com\/ca\/llivia\/","url":"https:\/\/www.elturistatranquil.com\/ca\/llivia\/","name":"Ll\u00edvia (Girona) - El turista tranquil","isPartOf":{"@id":"https:\/\/www.elturistatranquil.com\/ca\/#website"},"primaryImageOfPage":{"@id":"https:\/\/www.elturistatranquil.com\/ca\/llivia\/#primaryimage"},"image":{"@id":"https:\/\/www.elturistatranquil.com\/ca\/llivia\/#primaryimage"},"thumbnailUrl":"https:\/\/www.elturistatranquil.com\/wp-content\/uploads\/F00-Llivia.jpg","datePublished":"2018-12-15T18:55:15+00:00","dateModified":"2025-08-04T17:36:19+00:00","author":{"@id":"https:\/\/www.elturistatranquil.com\/ca\/#\/schema\/person\/16f607c3079b96ed0c530a52e6b58bb5"},"description":"Ll\u00edvia, a la Cerdanya gironina, te la singularitat de ser un enclavament a territori franc\u00e8s. Habitada des de la prehist\u00f2ria, havia estat un punt de control de pas per travessar els Pirineus per aquesta fossa tect\u00f2nica que els trenca.","breadcrumb":{"@id":"https:\/\/www.elturistatranquil.com\/ca\/llivia\/#breadcrumb"},"inLanguage":"ca","potentialAction":[{"@type":"ReadAction","target":["https:\/\/www.elturistatranquil.com\/ca\/llivia\/"]}]},{"@type":"ImageObject","inLanguage":"ca","@id":"https:\/\/www.elturistatranquil.com\/ca\/llivia\/#primaryimage","url":"https:\/\/www.elturistatranquil.com\/wp-content\/uploads\/F00-Llivia.jpg","contentUrl":"https:\/\/www.elturistatranquil.com\/wp-content\/uploads\/F00-Llivia.jpg","width":800,"height":534,"caption":"Llivia"},{"@type":"BreadcrumbList","@id":"https:\/\/www.elturistatranquil.com\/ca\/llivia\/#breadcrumb","itemListElement":[{"@type":"ListItem","position":1,"name":"Portada","item":"https:\/\/www.elturistatranquil.com\/ca\/"},{"@type":"ListItem","position":2,"name":"Ll\u00edvia (Girona)"}]},{"@type":"WebSite","@id":"https:\/\/www.elturistatranquil.com\/ca\/#website","url":"https:\/\/www.elturistatranquil.com\/ca\/","name":"El turista tranquil","description":"Blog de viatges","potentialAction":[{"@type":"SearchAction","target":{"@type":"EntryPoint","urlTemplate":"https:\/\/www.elturistatranquil.com\/ca\/?s={search_term_string}"},"query-input":{"@type":"PropertyValueSpecification","valueRequired":true,"valueName":"search_term_string"}}],"inLanguage":"ca"},{"@type":"Person","@id":"https:\/\/www.elturistatranquil.com\/ca\/#\/schema\/person\/16f607c3079b96ed0c530a52e6b58bb5","name":"admin","image":{"@type":"ImageObject","inLanguage":"ca","@id":"https:\/\/secure.gravatar.com\/avatar\/1fbaf22aee75fcbb29a2f97b107f95d25d3a19b7c3416105be10269872673e8d?s=96&d=mm&r=g","url":"https:\/\/secure.gravatar.com\/avatar\/1fbaf22aee75fcbb29a2f97b107f95d25d3a19b7c3416105be10269872673e8d?s=96&d=mm&r=g","contentUrl":"https:\/\/secure.gravatar.com\/avatar\/1fbaf22aee75fcbb29a2f97b107f95d25d3a19b7c3416105be10269872673e8d?s=96&d=mm&r=g","caption":"admin"}}]}},"_links":{"self":[{"href":"https:\/\/www.elturistatranquil.com\/ca\/wp-json\/wp\/v2\/posts\/10991","targetHints":{"allow":["GET"]}}],"collection":[{"href":"https:\/\/www.elturistatranquil.com\/ca\/wp-json\/wp\/v2\/posts"}],"about":[{"href":"https:\/\/www.elturistatranquil.com\/ca\/wp-json\/wp\/v2\/types\/post"}],"author":[{"embeddable":true,"href":"https:\/\/www.elturistatranquil.com\/ca\/wp-json\/wp\/v2\/users\/1"}],"replies":[{"embeddable":true,"href":"https:\/\/www.elturistatranquil.com\/ca\/wp-json\/wp\/v2\/comments?post=10991"}],"version-history":[{"count":1,"href":"https:\/\/www.elturistatranquil.com\/ca\/wp-json\/wp\/v2\/posts\/10991\/revisions"}],"predecessor-version":[{"id":60784,"href":"https:\/\/www.elturistatranquil.com\/ca\/wp-json\/wp\/v2\/posts\/10991\/revisions\/60784"}],"wp:featuredmedia":[{"embeddable":true,"href":"https:\/\/www.elturistatranquil.com\/ca\/wp-json\/wp\/v2\/media\/10892"}],"wp:attachment":[{"href":"https:\/\/www.elturistatranquil.com\/ca\/wp-json\/wp\/v2\/media?parent=10991"}],"wp:term":[{"taxonomy":"category","embeddable":true,"href":"https:\/\/www.elturistatranquil.com\/ca\/wp-json\/wp\/v2\/categories?post=10991"},{"taxonomy":"post_tag","embeddable":true,"href":"https:\/\/www.elturistatranquil.com\/ca\/wp-json\/wp\/v2\/tags?post=10991"}],"curies":[{"name":"wp","href":"https:\/\/api.w.org\/{rel}","templated":true}]}}