{"id":12988,"date":"2019-02-09T11:00:41","date_gmt":"2019-02-09T10:00:41","guid":{"rendered":"https:\/\/www.elturistatranquil.com\/?p=12988"},"modified":"2025-08-04T19:35:24","modified_gmt":"2025-08-04T17:35:24","slug":"baeza-monumental-jaen","status":"publish","type":"post","link":"https:\/\/www.elturistatranquil.com\/ca\/baeza-monumental-jaen\/","title":{"rendered":"Baeza monumental (Ja\u00e9n)"},"content":{"rendered":"\t\t<div data-elementor-type=\"wp-post\" data-elementor-id=\"12988\" class=\"elementor elementor-12988 elementor-12709 elementor-bc-flex-widget\" data-elementor-post-type=\"post\">\n\t\t\t\t\t\t<section class=\"elementor-section elementor-top-section elementor-element elementor-element-17dfea48 elementor-section-boxed elementor-section-height-default elementor-section-height-default\" data-id=\"17dfea48\" data-element_type=\"section\" data-e-type=\"section\">\n\t\t\t\t\t\t<div class=\"elementor-container elementor-column-gap-default\">\n\t\t\t\t\t<div class=\"elementor-column elementor-col-100 elementor-top-column elementor-element elementor-element-d3d460e\" data-id=\"d3d460e\" data-element_type=\"column\" data-e-type=\"column\">\n\t\t\t<div class=\"elementor-widget-wrap elementor-element-populated\">\n\t\t\t\t\t\t<section class=\"elementor-section elementor-inner-section elementor-element elementor-element-70ef94e3 elementor-section-content-middle elementor-section-boxed elementor-section-height-default elementor-section-height-default\" data-id=\"70ef94e3\" data-element_type=\"section\" data-e-type=\"section\">\n\t\t\t\t\t\t<div class=\"elementor-container elementor-column-gap-default\">\n\t\t\t\t\t<div class=\"elementor-column elementor-col-100 elementor-inner-column elementor-element elementor-element-4c843d97\" data-id=\"4c843d97\" data-element_type=\"column\" data-e-type=\"column\">\n\t\t\t<div class=\"elementor-widget-wrap elementor-element-populated\">\n\t\t\t\t\t\t<div class=\"elementor-element elementor-element-47fe8e64 elementor-widget elementor-widget-text-editor\" data-id=\"47fe8e64\" data-element_type=\"widget\" data-e-type=\"widget\" data-widget_type=\"text-editor.default\">\n\t\t\t\t<div class=\"elementor-widget-container\">\n\t\t\t\t\t\t\t\t\t<p><em>Baeza <\/em>i \u00dabeda (Ja\u00e9n) formen un conjunt de ciutats Patrimoni de la Humanitat de la UNESCO. Sobre l&#8217;alcassaba musulmana es va imposar l&#8217;estil renaixentista espanyol que li atorga el valor cultural reconegut.<\/p>\t\t\t\t\t\t\t\t<\/div>\n\t\t\t\t<\/div>\n\t\t\t\t\t<\/div>\n\t\t<\/div>\n\t\t\t\t\t<\/div>\n\t\t<\/section>\n\t\t\t\t<div class=\"elementor-element elementor-element-670896ce elementor-widget elementor-widget-heading\" data-id=\"670896ce\" data-element_type=\"widget\" data-e-type=\"widget\" data-widget_type=\"heading.default\">\n\t\t\t\t<div class=\"elementor-widget-container\">\n\t\t\t\t\t<h1 class=\"elementor-heading-title elementor-size-default\">Baeza monumental (Ja\u00e9n)<\/h1>\t\t\t\t<\/div>\n\t\t\t\t<\/div>\n\t\t\t\t\t<\/div>\n\t\t<\/div>\n\t\t\t\t\t<\/div>\n\t\t<\/section>\n\t\t\t\t<section class=\"elementor-section elementor-top-section elementor-element elementor-element-4bca297b elementor-section-boxed elementor-section-height-default elementor-section-height-default\" data-id=\"4bca297b\" data-element_type=\"section\" data-e-type=\"section\">\n\t\t\t\t\t\t<div class=\"elementor-container elementor-column-gap-default\">\n\t\t\t\t\t<div class=\"elementor-column elementor-col-100 elementor-top-column elementor-element elementor-element-1dd573a7\" data-id=\"1dd573a7\" data-element_type=\"column\" data-e-type=\"column\">\n\t\t\t<div class=\"elementor-widget-wrap elementor-element-populated\">\n\t\t\t\t\t\t<div class=\"elementor-element elementor-element-93e1e85 elementor-widget elementor-widget-image\" data-id=\"93e1e85\" data-element_type=\"widget\" data-e-type=\"widget\" data-widget_type=\"image.default\">\n\t\t\t\t<div class=\"elementor-widget-container\">\n\t\t\t\t\t\t\t\t\t\t\t\t<figure class=\"wp-caption\">\n\t\t\t\t\t\t\t\t\t\t<img fetchpriority=\"high\" decoding=\"async\" width=\"800\" height=\"533\" src=\"https:\/\/www.elturistatranquil.com\/wp-content\/uploads\/F001-Baeza-Google-earth-2019-30-01-1.jpg\" class=\"attachment-large size-large wp-image-12990\" alt=\"\" srcset=\"https:\/\/www.elturistatranquil.com\/wp-content\/uploads\/F001-Baeza-Google-earth-2019-30-01-1.jpg 800w, https:\/\/www.elturistatranquil.com\/wp-content\/uploads\/F001-Baeza-Google-earth-2019-30-01-1-768x512.jpg 768w\" sizes=\"(max-width: 800px) 100vw, 800px\" \/>\t\t\t\t\t\t\t\t\t\t\t<figcaption class=\"widget-image-caption wp-caption-text\">Baeza actual (Google earth 2019-01-30)<\/figcaption>\n\t\t\t\t\t\t\t\t\t\t<\/figure>\n\t\t\t\t\t\t\t\t\t<\/div>\n\t\t\t\t<\/div>\n\t\t\t\t<div class=\"elementor-element elementor-element-4ada3625 elementor-widget elementor-widget-spacer\" data-id=\"4ada3625\" data-element_type=\"widget\" data-e-type=\"widget\" data-widget_type=\"spacer.default\">\n\t\t\t\t<div class=\"elementor-widget-container\">\n\t\t\t\t\t\t\t<div class=\"elementor-spacer\">\n\t\t\t<div class=\"elementor-spacer-inner\"><\/div>\n\t\t<\/div>\n\t\t\t\t\t\t<\/div>\n\t\t\t\t<\/div>\n\t\t\t\t<div class=\"elementor-element elementor-element-19943668 elementor-widget elementor-widget-heading\" data-id=\"19943668\" data-element_type=\"widget\" data-e-type=\"widget\" data-widget_type=\"heading.default\">\n\t\t\t\t<div class=\"elementor-widget-container\">\n\t\t\t\t\t<h2 class=\"elementor-heading-title elementor-size-default\">Baeza monumental, La Loma, Ja\u00e9n<\/h2>\t\t\t\t<\/div>\n\t\t\t\t<\/div>\n\t\t\t\t<section class=\"elementor-section elementor-inner-section elementor-element elementor-element-4456a1d9 elementor-section-boxed elementor-section-height-default elementor-section-height-default\" data-id=\"4456a1d9\" data-element_type=\"section\" data-e-type=\"section\" data-settings=\"{&quot;background_background&quot;:&quot;classic&quot;}\">\n\t\t\t\t\t\t\t<div class=\"elementor-background-overlay\"><\/div>\n\t\t\t\t\t\t\t<div class=\"elementor-container elementor-column-gap-default\">\n\t\t\t\t\t<div class=\"elementor-column elementor-col-100 elementor-inner-column elementor-element elementor-element-3bdf653e\" data-id=\"3bdf653e\" data-element_type=\"column\" data-e-type=\"column\" data-settings=\"{&quot;background_background&quot;:&quot;classic&quot;}\">\n\t\t\t<div class=\"elementor-widget-wrap elementor-element-populated\">\n\t\t\t\t\t\t<div class=\"elementor-element elementor-element-2536806b elementor-widget elementor-widget-text-editor\" data-id=\"2536806b\" data-element_type=\"widget\" data-e-type=\"widget\" data-widget_type=\"text-editor.default\">\n\t\t\t\t<div class=\"elementor-widget-container\">\n\t\t\t\t\t\t\t\t\t<p>Baeza. Comarca: La Loma. Prov\u00edncia: Ja\u00e9n. Com. Aut\u00f2noma: Andalusia<\/p>\t\t\t\t\t\t\t\t<\/div>\n\t\t\t\t<\/div>\n\t\t\t\t<div class=\"elementor-element elementor-element-25578a93 elementor-widget elementor-widget-text-editor\" data-id=\"25578a93\" data-element_type=\"widget\" data-e-type=\"widget\" data-widget_type=\"text-editor.default\">\n\t\t\t\t<div class=\"elementor-widget-container\">\n\t\t\t\t\t\t\t\t\t<p>Coordenades: 37 \u00b0 59&#8217;00 &#8220;N 3 \u00b0 28&#8217;00&#8221; O. Altitud: 769 msnm. Poblaci\u00f3: 15.902 en el municipi; 15.229 a la localitat (2018)<\/p>\t\t\t\t\t\t\t\t<\/div>\n\t\t\t\t<\/div>\n\t\t\t\t<div class=\"elementor-element elementor-element-96618fc elementor-widget elementor-widget-text-editor\" data-id=\"96618fc\" data-element_type=\"widget\" data-e-type=\"widget\" data-widget_type=\"text-editor.default\">\n\t\t\t\t<div class=\"elementor-widget-container\">\n\t\t\t\t\t\t\t\t\t<p>Web: <a href=\"http:\/\/www.baeza.es\/baeza\/extranet\/\" target=\"_blank\" rel=\"noopener\">Ayuntamiento<\/a><\/p>\t\t\t\t\t\t\t\t<\/div>\n\t\t\t\t<\/div>\n\t\t\t\t<div class=\"elementor-element elementor-element-4141ac89 elementor-widget elementor-widget-text-editor\" data-id=\"4141ac89\" data-element_type=\"widget\" data-e-type=\"widget\" data-widget_type=\"text-editor.default\">\n\t\t\t\t<div class=\"elementor-widget-container\">\n\t\t\t\t\t\t\t\t\t<p>Ciutat Patrimoni de la Humanitat (2003) conjuntament amb \u00dabeda<\/p>\t\t\t\t\t\t\t\t<\/div>\n\t\t\t\t<\/div>\n\t\t\t\t<div class=\"elementor-element elementor-element-2a432827 elementor-widget elementor-widget-text-editor\" data-id=\"2a432827\" data-element_type=\"widget\" data-e-type=\"widget\" data-widget_type=\"text-editor.default\">\n\t\t\t\t<div class=\"elementor-widget-container\">\n\t\t\t\t\t\t\t\t\t<p>Visita: 2018<\/p>\t\t\t\t\t\t\t\t<\/div>\n\t\t\t\t<\/div>\n\t\t\t\t\t<\/div>\n\t\t<\/div>\n\t\t\t\t\t<\/div>\n\t\t<\/section>\n\t\t\t\t<div class=\"elementor-element elementor-element-5748d7c6 elementor-widget elementor-widget-image\" data-id=\"5748d7c6\" data-element_type=\"widget\" data-e-type=\"widget\" data-widget_type=\"image.default\">\n\t\t\t\t<div class=\"elementor-widget-container\">\n\t\t\t\t\t\t\t\t\t\t\t\t<figure class=\"wp-caption\">\n\t\t\t\t\t\t\t\t\t\t<img decoding=\"async\" width=\"768\" height=\"512\" src=\"https:\/\/www.elturistatranquil.com\/wp-content\/uploads\/F002-Mapa-de-situaci\u00f3n-de-Baeza-Google-maps-2019-01-30-1-768x512.jpg\" class=\"attachment-medium_large size-medium_large wp-image-12992\" alt=\"\" srcset=\"https:\/\/www.elturistatranquil.com\/wp-content\/uploads\/F002-Mapa-de-situaci\u00f3n-de-Baeza-Google-maps-2019-01-30-1-768x512.jpg 768w, https:\/\/www.elturistatranquil.com\/wp-content\/uploads\/F002-Mapa-de-situaci\u00f3n-de-Baeza-Google-maps-2019-01-30-1.jpg 800w\" sizes=\"(max-width: 768px) 100vw, 768px\" \/>\t\t\t\t\t\t\t\t\t\t\t<figcaption class=\"widget-image-caption wp-caption-text\">Mapa de situaci\u00f3 de Baeza (Google maps 2019-01-30)<\/figcaption>\n\t\t\t\t\t\t\t\t\t\t<\/figure>\n\t\t\t\t\t\t\t\t\t<\/div>\n\t\t\t\t<\/div>\n\t\t\t\t<section class=\"elementor-section elementor-inner-section elementor-element elementor-element-1924a19d elementor-section-boxed elementor-section-height-default elementor-section-height-default\" data-id=\"1924a19d\" data-element_type=\"section\" data-e-type=\"section\" data-settings=\"{&quot;background_background&quot;:&quot;classic&quot;}\">\n\t\t\t\t\t\t<div class=\"elementor-container elementor-column-gap-default\">\n\t\t\t\t\t<div class=\"elementor-column elementor-col-100 elementor-inner-column elementor-element elementor-element-4cd4a4db\" data-id=\"4cd4a4db\" data-element_type=\"column\" data-e-type=\"column\">\n\t\t\t<div class=\"elementor-widget-wrap elementor-element-populated\">\n\t\t\t\t\t\t<div class=\"elementor-element elementor-element-24393d52 elementor-widget elementor-widget-text-editor\" data-id=\"24393d52\" data-element_type=\"widget\" data-e-type=\"widget\" data-widget_type=\"text-editor.default\">\n\t\t\t\t<div class=\"elementor-widget-container\">\n\t\t\t\t\t\t\t\t\t<h6><strong>\u00cdndex<\/strong><\/h6>\t\t\t\t\t\t\t\t<\/div>\n\t\t\t\t<\/div>\n\t\t\t\t<div class=\"elementor-element elementor-element-14bdaac0 elementor-widget elementor-widget-text-editor\" data-id=\"14bdaac0\" data-element_type=\"widget\" data-e-type=\"widget\" data-widget_type=\"text-editor.default\">\n\t\t\t\t<div class=\"elementor-widget-container\">\n\t\t\t\t\t\t\t\t\t<p><a href=\"https:\/\/www.elturistatranquil.com\/ca\/baeza-monumental-jaen\/#c2401\">Baeza monumental, La Loma, Ja\u00e9n<\/a><\/p>\t\t\t\t\t\t\t\t<\/div>\n\t\t\t\t<\/div>\n\t\t\t\t<div class=\"elementor-element elementor-element-4e4c1df6 elementor-widget elementor-widget-text-editor\" data-id=\"4e4c1df6\" data-element_type=\"widget\" data-e-type=\"widget\" data-widget_type=\"text-editor.default\">\n\t\t\t\t<div class=\"elementor-widget-container\">\n\t\t\t\t\t\t\t\t\t<p><a href=\"https:\/\/www.elturistatranquil.com\/ca\/baeza-monumental-jaen\/#c2402\">El territori<\/a><\/p>\t\t\t\t\t\t\t\t<\/div>\n\t\t\t\t<\/div>\n\t\t\t\t<div class=\"elementor-element elementor-element-336e3ea6 elementor-widget elementor-widget-text-editor\" data-id=\"336e3ea6\" data-element_type=\"widget\" data-e-type=\"widget\" data-widget_type=\"text-editor.default\">\n\t\t\t\t<div class=\"elementor-widget-container\">\n\t\t\t\t\t\t\t\t\t<p><a href=\"https:\/\/www.elturistatranquil.com\/ca\/baeza-monumental-jaen\/#c2403\">Una mica d&#8217;hist\u00f2ria \u00a0 \u00a0<\/a> \u00a0 \u00a0 \u00a0 \u00a0\u00a0<\/p>\t\t\t\t\t\t\t\t<\/div>\n\t\t\t\t<\/div>\n\t\t\t\t<div class=\"elementor-element elementor-element-146fb8d9 elementor-widget elementor-widget-text-editor\" data-id=\"146fb8d9\" data-element_type=\"widget\" data-e-type=\"widget\" data-widget_type=\"text-editor.default\">\n\t\t\t\t<div class=\"elementor-widget-container\">\n\t\t\t\t\t\t\t\t\t<p><a href=\"https:\/\/www.elturistatranquil.com\/ca\/baeza-monumental-jaen\/#c2404\">Recorregut per Baeza<\/a><\/p>\t\t\t\t\t\t\t\t<\/div>\n\t\t\t\t<\/div>\n\t\t\t\t<div class=\"elementor-element elementor-element-44289b0f elementor-widget elementor-widget-text-editor\" data-id=\"44289b0f\" data-element_type=\"widget\" data-e-type=\"widget\" data-widget_type=\"text-editor.default\">\n\t\t\t\t<div class=\"elementor-widget-container\">\n\t\t\t\t\t\t\t\t\t<p><a href=\"https:\/\/www.elturistatranquil.com\/ca\/baeza-monumental-jaen\/#c2405\">Barri de San Pablo i Muralla (I)<\/a><\/p>\t\t\t\t\t\t\t\t<\/div>\n\t\t\t\t<\/div>\n\t\t\t\t<div class=\"elementor-element elementor-element-7208d822 elementor-widget elementor-widget-text-editor\" data-id=\"7208d822\" data-element_type=\"widget\" data-e-type=\"widget\" data-widget_type=\"text-editor.default\">\n\t\t\t\t<div class=\"elementor-widget-container\">\n\t\t\t\t\t\t\t\t\t<p style=\"padding-left: 60px;\"><a href=\"https:\/\/www.elturistatranquil.com\/ca\/baeza-monumental-jaen\/#c2406\">Punt de Partida: Carrer Compa\u00f1ia<\/a><\/p>\t\t\t\t\t\t\t\t<\/div>\n\t\t\t\t<\/div>\n\t\t\t\t<div class=\"elementor-element elementor-element-d4cd2e elementor-widget elementor-widget-text-editor\" data-id=\"d4cd2e\" data-element_type=\"widget\" data-e-type=\"widget\" data-widget_type=\"text-editor.default\">\n\t\t\t\t<div class=\"elementor-widget-container\">\n\t\t\t\t\t\t\t\t\t<p style=\"padding-left: 60px;\"><a href=\"https:\/\/www.elturistatranquil.com\/ca\/baeza-monumental-jaen\/#c2407\">Carrer Obispo Narv\u00e1ez, Pla\u00e7a C\u00e1novas del Castillo, Porta d&#8217;\u00dabeda, Muralla i entorn<\/a><\/p>\t\t\t\t\t\t\t\t<\/div>\n\t\t\t\t<\/div>\n\t\t\t\t<div class=\"elementor-element elementor-element-7f381808 elementor-widget elementor-widget-text-editor\" data-id=\"7f381808\" data-element_type=\"widget\" data-e-type=\"widget\" data-widget_type=\"text-editor.default\">\n\t\t\t\t<div class=\"elementor-widget-container\">\n\t\t\t\t\t\t\t\t\t<p style=\"padding-left: 60px;\"><a href=\"https:\/\/www.elturistatranquil.com\/ca\/baeza-monumental-jaen\/#c2408\">Carrer San Pablo i entorn<\/a><\/p>\t\t\t\t\t\t\t\t<\/div>\n\t\t\t\t<\/div>\n\t\t\t\t<div class=\"elementor-element elementor-element-58afefe6 elementor-widget elementor-widget-text-editor\" data-id=\"58afefe6\" data-element_type=\"widget\" data-e-type=\"widget\" data-widget_type=\"text-editor.default\">\n\t\t\t\t<div class=\"elementor-widget-container\">\n\t\t\t\t\t\t\t\t\t<p><a href=\"https:\/\/www.elturistatranquil.com\/ca\/baeza-monumental-jaen\/#c2409\">Barri de San Francisco i Passeig de la Constituci\u00f3n (II)<\/a><\/p>\t\t\t\t\t\t\t\t<\/div>\n\t\t\t\t<\/div>\n\t\t\t\t<div class=\"elementor-element elementor-element-30bba4ae elementor-widget elementor-widget-text-editor\" data-id=\"30bba4ae\" data-element_type=\"widget\" data-e-type=\"widget\" data-widget_type=\"text-editor.default\">\n\t\t\t\t<div class=\"elementor-widget-container\">\n\t\t\t\t\t\t\t\t\t<p style=\"padding-left: 60px;\"><a href=\"https:\/\/www.elturistatranquil.com\/ca\/baeza-monumental-jaen\/#c2410\">Pla\u00e7a de Espa\u00f1a<\/a><\/p>\t\t\t\t\t\t\t\t<\/div>\n\t\t\t\t<\/div>\n\t\t\t\t<div class=\"elementor-element elementor-element-259b5d4a elementor-widget elementor-widget-text-editor\" data-id=\"259b5d4a\" data-element_type=\"widget\" data-e-type=\"widget\" data-widget_type=\"text-editor.default\">\n\t\t\t\t<div class=\"elementor-widget-container\">\n\t\t\t\t\t\t\t\t\t<p style=\"padding-left: 60px;\"><a href=\"https:\/\/www.elturistatranquil.com\/ca\/baeza-monumental-jaen\/#c2411\">Carrer San Francisco<\/a><\/p>\t\t\t\t\t\t\t\t<\/div>\n\t\t\t\t<\/div>\n\t\t\t\t<div class=\"elementor-element elementor-element-1b1dd9bf elementor-widget elementor-widget-text-editor\" data-id=\"1b1dd9bf\" data-element_type=\"widget\" data-e-type=\"widget\" data-widget_type=\"text-editor.default\">\n\t\t\t\t<div class=\"elementor-widget-container\">\n\t\t\t\t\t\t\t\t\t<p style=\"padding-left: 60px;\"><a href=\"https:\/\/www.elturistatranquil.com\/ca\/baeza-monumental-jaen\/#c2412\">Carrer General Benavides<\/a><\/p>\t\t\t\t\t\t\t\t<\/div>\n\t\t\t\t<\/div>\n\t\t\t\t<div class=\"elementor-element elementor-element-71232906 elementor-widget elementor-widget-text-editor\" data-id=\"71232906\" data-element_type=\"widget\" data-e-type=\"widget\" data-widget_type=\"text-editor.default\">\n\t\t\t\t<div class=\"elementor-widget-container\">\n\t\t\t\t\t\t\t\t\t<p style=\"padding-left: 60px;\"><a href=\"https:\/\/www.elturistatranquil.com\/ca\/baeza-monumental-jaen\/#c2413\">Passeig de la Constituci\u00f3n<\/a><\/p>\t\t\t\t\t\t\t\t<\/div>\n\t\t\t\t<\/div>\n\t\t\t\t<div class=\"elementor-element elementor-element-436eaf90 elementor-widget elementor-widget-text-editor\" data-id=\"436eaf90\" data-element_type=\"widget\" data-e-type=\"widget\" data-widget_type=\"text-editor.default\">\n\t\t\t\t<div class=\"elementor-widget-container\">\n\t\t\t\t\t\t\t\t\t<p><a href=\"https:\/\/www.elturistatranquil.com\/ca\/baeza-monumental-jaen\/#c2414\">Pla\u00e7a de Los Leones o del P\u00f3pulo (III)<\/a><\/p>\t\t\t\t\t\t\t\t<\/div>\n\t\t\t\t<\/div>\n\t\t\t\t<div class=\"elementor-element elementor-element-3349d552 elementor-widget elementor-widget-text-editor\" data-id=\"3349d552\" data-element_type=\"widget\" data-e-type=\"widget\" data-widget_type=\"text-editor.default\">\n\t\t\t\t<div class=\"elementor-widget-container\">\n\t\t\t\t\t\t\t\t\t<p><a href=\"https:\/\/www.elturistatranquil.com\/ca\/baeza-monumental-jaen\/#c2415\">Barri de la Catedral Oest. Casc Antic (IV)<\/a><\/p>\t\t\t\t\t\t\t\t<\/div>\n\t\t\t\t<\/div>\n\t\t\t\t<div class=\"elementor-element elementor-element-5c79395b elementor-widget elementor-widget-text-editor\" data-id=\"5c79395b\" data-element_type=\"widget\" data-e-type=\"widget\" data-widget_type=\"text-editor.default\">\n\t\t\t\t<div class=\"elementor-widget-container\">\n\t\t\t\t\t\t\t\t\t<p style=\"padding-left: 60px;\"><a href=\"https:\/\/www.elturistatranquil.com\/ca\/baeza-monumental-jaen\/#c2416\">Passeig de Antonio Machado, Carrer Cases Noves<\/a><\/p>\t\t\t\t\t\t\t\t<\/div>\n\t\t\t\t<\/div>\n\t\t\t\t<div class=\"elementor-element elementor-element-539fe8c7 elementor-widget elementor-widget-text-editor\" data-id=\"539fe8c7\" data-element_type=\"widget\" data-e-type=\"widget\" data-widget_type=\"text-editor.default\">\n\t\t\t\t<div class=\"elementor-widget-container\">\n\t\t\t\t\t\t\t\t\t<p style=\"padding-left: 60px;\"><a href=\"https:\/\/www.elturistatranquil.com\/ca\/baeza-monumental-jaen\/#c2417\">Carrer Cuesta de San Gil, Carrer Santa Catalina<\/a><\/p>\t\t\t\t\t\t\t\t<\/div>\n\t\t\t\t<\/div>\n\t\t\t\t<div class=\"elementor-element elementor-element-53b8c0ec elementor-widget elementor-widget-text-editor\" data-id=\"53b8c0ec\" data-element_type=\"widget\" data-e-type=\"widget\" data-widget_type=\"text-editor.default\">\n\t\t\t\t<div class=\"elementor-widget-container\">\n\t\t\t\t\t\t\t\t\t<p style=\"padding-left: 60px;\"><a href=\"https:\/\/www.elturistatranquil.com\/ca\/baeza-monumental-jaen\/#c2418\">Calle Alta, Pla\u00e7a del Arcediano<\/a><\/p>\t\t\t\t\t\t\t\t<\/div>\n\t\t\t\t<\/div>\n\t\t\t\t<div class=\"elementor-element elementor-element-6bb31447 elementor-widget elementor-widget-text-editor\" data-id=\"6bb31447\" data-element_type=\"widget\" data-e-type=\"widget\" data-widget_type=\"text-editor.default\">\n\t\t\t\t<div class=\"elementor-widget-container\">\n\t\t\t\t\t\t\t\t\t<p style=\"padding-left: 60px;\"><a href=\"https:\/\/www.elturistatranquil.com\/ca\/baeza-monumental-jaen\/#c2419\">Carrer Profesor Juan Cruz Cruz<\/a><\/p>\t\t\t\t\t\t\t\t<\/div>\n\t\t\t\t<\/div>\n\t\t\t\t<div class=\"elementor-element elementor-element-46117483 elementor-widget elementor-widget-text-editor\" data-id=\"46117483\" data-element_type=\"widget\" data-e-type=\"widget\" data-widget_type=\"text-editor.default\">\n\t\t\t\t<div class=\"elementor-widget-container\">\n\t\t\t\t\t\t\t\t\t<p style=\"padding-left: 60px;\"><a href=\"https:\/\/www.elturistatranquil.com\/ca\/baeza-monumental-jaen\/#c2420\">Carrer Can\u00f3nigo Melgares<\/a><\/p>\t\t\t\t\t\t\t\t<\/div>\n\t\t\t\t<\/div>\n\t\t\t\t<div class=\"elementor-element elementor-element-6e20a93f elementor-widget elementor-widget-text-editor\" data-id=\"6e20a93f\" data-element_type=\"widget\" data-e-type=\"widget\" data-widget_type=\"text-editor.default\">\n\t\t\t\t<div class=\"elementor-widget-container\">\n\t\t\t\t\t\t\t\t\t<p><a href=\"https:\/\/www.elturistatranquil.com\/ca\/baeza-monumental-jaen\/#c2421\">Pla\u00e7a de Santa Mar\u00eda (V)<\/a><\/p>\t\t\t\t\t\t\t\t<\/div>\n\t\t\t\t<\/div>\n\t\t\t\t<div class=\"elementor-element elementor-element-6122b01e elementor-widget elementor-widget-menu-anchor\" data-id=\"6122b01e\" data-element_type=\"widget\" data-e-type=\"widget\" data-widget_type=\"menu-anchor.default\">\n\t\t\t\t<div class=\"elementor-widget-container\">\n\t\t\t\t\t\t\t<div class=\"elementor-menu-anchor\" id=\"c2401\"><\/div>\n\t\t\t\t\t\t<\/div>\n\t\t\t\t<\/div>\n\t\t\t\t<div class=\"elementor-element elementor-element-5ddbe5d6 elementor-widget elementor-widget-text-editor\" data-id=\"5ddbe5d6\" data-element_type=\"widget\" data-e-type=\"widget\" data-widget_type=\"text-editor.default\">\n\t\t\t\t<div class=\"elementor-widget-container\">\n\t\t\t\t\t\t\t\t\t<p><a href=\"https:\/\/www.elturistatranquil.com\/ca\/baeza-monumental-jaen\/#c2422\">Barri de la Catedral Est. Centre hist\u00f2ric (VI)<\/a><\/p>\t\t\t\t\t\t\t\t<\/div>\n\t\t\t\t<\/div>\n\t\t\t\t<div class=\"elementor-element elementor-element-7a3f1211 elementor-widget elementor-widget-text-editor\" data-id=\"7a3f1211\" data-element_type=\"widget\" data-e-type=\"widget\" data-widget_type=\"text-editor.default\">\n\t\t\t\t<div class=\"elementor-widget-container\">\n\t\t\t\t\t\t\t\t\t<p style=\"padding-left: 60px;\"><a href=\"https:\/\/www.elturistatranquil.com\/ca\/baeza-monumental-jaen\/#c2423\">Carrer Sacramento, Carrer Profesor Juan Cruz Cruz<\/a><\/p>\t\t\t\t\t\t\t\t<\/div>\n\t\t\t\t<\/div>\n\t\t\t\t<div class=\"elementor-element elementor-element-1b9be576 elementor-widget elementor-widget-text-editor\" data-id=\"1b9be576\" data-element_type=\"widget\" data-e-type=\"widget\" data-widget_type=\"text-editor.default\">\n\t\t\t\t<div class=\"elementor-widget-container\">\n\t\t\t\t\t\t\t\t\t<p style=\"padding-left: 60px;\"><a href=\"https:\/\/www.elturistatranquil.com\/ca\/baeza-monumental-jaen\/#c2424\">Pla\u00e7a Palacio, Carrer Sacramento i Passeig del Obispo<\/a><\/p>\t\t\t\t\t\t\t\t<\/div>\n\t\t\t\t<\/div>\n\t\t\t\t<div class=\"elementor-element elementor-element-6a88cb73 elementor-widget elementor-widget-text-editor\" data-id=\"6a88cb73\" data-element_type=\"widget\" data-e-type=\"widget\" data-widget_type=\"text-editor.default\">\n\t\t\t\t<div class=\"elementor-widget-container\">\n\t\t\t\t\t\t\t\t\t<p style=\"padding-left: 60px;\"><a href=\"https:\/\/www.elturistatranquil.com\/ca\/baeza-monumental-jaen\/#c2425\">Pla\u00e7a de Santa Cruz<\/a><\/p>\t\t\t\t\t\t\t\t<\/div>\n\t\t\t\t<\/div>\n\t\t\t\t<div class=\"elementor-element elementor-element-571cd440 elementor-widget elementor-widget-text-editor\" data-id=\"571cd440\" data-element_type=\"widget\" data-e-type=\"widget\" data-widget_type=\"text-editor.default\">\n\t\t\t\t<div class=\"elementor-widget-container\">\n\t\t\t\t\t\t\t\t\t<p style=\"padding-left: 60px;\"><a href=\"https:\/\/www.elturistatranquil.com\/ca\/baeza-monumental-jaen\/#c2426\">Carrer de Santa Cruz i Pla\u00e7a de Fernando III El Santo<\/a><\/p>\t\t\t\t\t\t\t\t<\/div>\n\t\t\t\t<\/div>\n\t\t\t\t<div class=\"elementor-element elementor-element-2ef297d0 elementor-widget elementor-widget-text-editor\" data-id=\"2ef297d0\" data-element_type=\"widget\" data-e-type=\"widget\" data-widget_type=\"text-editor.default\">\n\t\t\t\t<div class=\"elementor-widget-container\">\n\t\t\t\t\t\t\t\t\t<p style=\"padding-left: 60px;\"><a href=\"https:\/\/www.elturistatranquil.com\/ca\/baeza-monumental-jaen\/#c2427\">Carrer San Juan de \u00c1vila<\/a><\/p>\t\t\t\t\t\t\t\t<\/div>\n\t\t\t\t<\/div>\n\t\t\t\t<div class=\"elementor-element elementor-element-f693101 elementor-widget elementor-widget-text-editor\" data-id=\"f693101\" data-element_type=\"widget\" data-e-type=\"widget\" data-widget_type=\"text-editor.default\">\n\t\t\t\t<div class=\"elementor-widget-container\">\n\t\t\t\t\t\t\t\t\t<p><a href=\"https:\/\/www.elturistatranquil.com\/ca\/baeza-monumental-jaen\/#c2428\">Fi de la visita<\/a><\/p>\t\t\t\t\t\t\t\t<\/div>\n\t\t\t\t<\/div>\n\t\t\t\t<div class=\"elementor-element elementor-element-63677afa elementor-widget elementor-widget-text-editor\" data-id=\"63677afa\" data-element_type=\"widget\" data-e-type=\"widget\" data-widget_type=\"text-editor.default\">\n\t\t\t\t<div class=\"elementor-widget-container\">\n\t\t\t\t\t\t\t\t\t<p><a href=\"https:\/\/www.elturistatranquil.com\/ca\/baeza-monumental-jaen\/#c2429\">Bases d&#8217;informaci\u00f3<\/a><\/p>\t\t\t\t\t\t\t\t<\/div>\n\t\t\t\t<\/div>\n\t\t\t\t\t<\/div>\n\t\t<\/div>\n\t\t\t\t\t<\/div>\n\t\t<\/section>\n\t\t\t\t<div class=\"elementor-element elementor-element-6ca9a2de elementor-widget elementor-widget-spacer\" data-id=\"6ca9a2de\" data-element_type=\"widget\" data-e-type=\"widget\" data-widget_type=\"spacer.default\">\n\t\t\t\t<div class=\"elementor-widget-container\">\n\t\t\t\t\t\t\t<div class=\"elementor-spacer\">\n\t\t\t<div class=\"elementor-spacer-inner\"><\/div>\n\t\t<\/div>\n\t\t\t\t\t\t<\/div>\n\t\t\t\t<\/div>\n\t\t\t\t<div class=\"elementor-element elementor-element-4281d2c4 elementor-widget elementor-widget-heading\" data-id=\"4281d2c4\" data-element_type=\"widget\" data-e-type=\"widget\" data-widget_type=\"heading.default\">\n\t\t\t\t<div class=\"elementor-widget-container\">\n\t\t\t\t\t<h2 class=\"elementor-heading-title elementor-size-default\">Baeza monumental, La Loma, Ja\u00e9n<\/h2>\t\t\t\t<\/div>\n\t\t\t\t<\/div>\n\t\t\t\t<div class=\"elementor-element elementor-element-c688d8a elementor-widget elementor-widget-menu-anchor\" data-id=\"c688d8a\" data-element_type=\"widget\" data-e-type=\"widget\" data-widget_type=\"menu-anchor.default\">\n\t\t\t\t<div class=\"elementor-widget-container\">\n\t\t\t\t\t\t\t<div class=\"elementor-menu-anchor\" id=\"c2402\"><\/div>\n\t\t\t\t\t\t<\/div>\n\t\t\t\t<\/div>\n\t\t\t\t<div class=\"elementor-element elementor-element-587c862e elementor-widget elementor-widget-text-editor\" data-id=\"587c862e\" data-element_type=\"widget\" data-e-type=\"widget\" data-widget_type=\"text-editor.default\">\n\t\t\t\t<div class=\"elementor-widget-container\">\n\t\t\t\t\t\t\t\t\t<p>Dues ciutats de la prov\u00edncia de Ja\u00e9n, Baeza i \u00dabeda, van obtenir conjuntament el 2003 el reconeixement com a Ciutats Patrimoni de la Humanitat per part de la UNESCO per seu Conjunt Monumental Renaixentista.<\/p><p>Aquesta era ja una bona excusa per fer una visita. Per\u00f2 hi havia una altra motivaci\u00f3 complement\u00e0ria. Abans d&#8217;aquesta designaci\u00f3 havia tingut ocasi\u00f3 de residir a la ciutat uns dies per motius professionals, i em venia de gust revisitar i tornar a un dels edificis hist\u00f2rics ara revalorats, ara per\u00f2 com a turista.<\/p><p>A m\u00e9s, la zona ofereix altres atractius com \u00dabeda, <a href=\"https:\/\/www.elturistatranquil.com\/ca\/sabiote\/\" target=\"_blank\" rel=\"noopener\">Sabiote<\/a> o Ja\u00e9n, que formen un nucli potent del renaixement espanyol o andal\u00fas.<\/p>\t\t\t\t\t\t\t\t<\/div>\n\t\t\t\t<\/div>\n\t\t\t\t<div class=\"elementor-element elementor-element-3469d7f0 elementor-widget elementor-widget-heading\" data-id=\"3469d7f0\" data-element_type=\"widget\" data-e-type=\"widget\" data-widget_type=\"heading.default\">\n\t\t\t\t<div class=\"elementor-widget-container\">\n\t\t\t\t\t<h2 class=\"elementor-heading-title elementor-size-default\">El territori<\/h2>\t\t\t\t<\/div>\n\t\t\t\t<\/div>\n\t\t\t\t<div class=\"elementor-element elementor-element-4747ca63 elementor-widget elementor-widget-text-editor\" data-id=\"4747ca63\" data-element_type=\"widget\" data-e-type=\"widget\" data-widget_type=\"text-editor.default\">\n\t\t\t\t<div class=\"elementor-widget-container\">\n\t\t\t\t\t\t\t\t\t<p>Situada a la comarca de La Loma, en plena zona olivarera, el nucli original de la ciutat actual s&#8217;assenta sobre un terreny d\u2019altipla a uns 769 msnm, que li conferia potencialitats defensives com a <a href=\"https:\/\/www.elturistatranquil.com\/ca\/els-castells-medievals-a-espanya-tipologies\/\" target=\"_blank\" rel=\"noopener\">fortificaci\u00f3 d&#8217;altipl\u00e0<\/a>. La seva posici\u00f3 \u00e9s de lloc dominant sobre la vall del Guadalquivir en el seu costat nord.<\/p>\t\t\t\t\t\t\t\t<\/div>\n\t\t\t\t<\/div>\n\t\t\t\t<div class=\"elementor-element elementor-element-67130f6d elementor-widget elementor-widget-image\" data-id=\"67130f6d\" data-element_type=\"widget\" data-e-type=\"widget\" data-widget_type=\"image.default\">\n\t\t\t\t<div class=\"elementor-widget-container\">\n\t\t\t\t\t\t\t\t\t\t\t\t<figure class=\"wp-caption\">\n\t\t\t\t\t\t\t\t\t\t<img decoding=\"async\" width=\"800\" height=\"534\" src=\"https:\/\/www.elturistatranquil.com\/wp-content\/uploads\/F003-Baeza-foto-Ayto-de-Baeza-1.jpg\" class=\"attachment-large size-large wp-image-12994\" alt=\"\" srcset=\"https:\/\/www.elturistatranquil.com\/wp-content\/uploads\/F003-Baeza-foto-Ayto-de-Baeza-1.jpg 800w, https:\/\/www.elturistatranquil.com\/wp-content\/uploads\/F003-Baeza-foto-Ayto-de-Baeza-1-768x513.jpg 768w\" sizes=\"(max-width: 800px) 100vw, 800px\" \/>\t\t\t\t\t\t\t\t\t\t\t<figcaption class=\"widget-image-caption wp-caption-text\">Baeza. El per\u00edmetre de vegetaci\u00f3 delimita la plana de l'altipl\u00e0 que ocupava l'alcassaba. Unint els dos extrems es tancava la muralla. En el descampat del primer terme s'assentava l'Alc\u00e0sser (foto Ajuntament de Baeza)<\/figcaption>\n\t\t\t\t\t\t\t\t\t\t<\/figure>\n\t\t\t\t\t\t\t\t\t<\/div>\n\t\t\t\t<\/div>\n\t\t\t\t<div class=\"elementor-element elementor-element-53880ef2 elementor-widget elementor-widget-menu-anchor\" data-id=\"53880ef2\" data-element_type=\"widget\" data-e-type=\"widget\" data-widget_type=\"menu-anchor.default\">\n\t\t\t\t<div class=\"elementor-widget-container\">\n\t\t\t\t\t\t\t<div class=\"elementor-menu-anchor\" id=\"c2403\"><\/div>\n\t\t\t\t\t\t<\/div>\n\t\t\t\t<\/div>\n\t\t\t\t<div class=\"elementor-element elementor-element-6cc78ee elementor-widget elementor-widget-text-editor\" data-id=\"6cc78ee\" data-element_type=\"widget\" data-e-type=\"widget\" data-widget_type=\"text-editor.default\">\n\t\t\t\t<div class=\"elementor-widget-container\">\n\t\t\t\t\t\t\t\t\t<p>La seva poblaci\u00f3, d&#8217;uns 16.000 habitants, s&#8217;ha mantingut aproximadament estable al llarg del segle XX fins a l&#8217;actualitat.<\/p><p>Baeza \u00e9s el que s&#8217;anomena una agrociudad, ja que gaireb\u00e9 la meitat de la poblaci\u00f3 activa es dedica a tasques agr\u00edcoles, especialment vinculades a l&#8217;olivera. L&#8217;ingr\u00e9s a la Uni\u00f3 Europea i la pol\u00edtica de subvencions a l&#8217;olivera han influ\u00eft positivament en l&#8217;economia. L&#8217;ha acompanyat un cert impuls de la ind\u00fastria i, sobretot, el sector serveis i tur\u00edstics despr\u00e9s del seu reconeixement com a Ciutat Patrimoni.<\/p>\t\t\t\t\t\t\t\t<\/div>\n\t\t\t\t<\/div>\n\t\t\t\t<div class=\"elementor-element elementor-element-4a7936c9 elementor-widget elementor-widget-heading\" data-id=\"4a7936c9\" data-element_type=\"widget\" data-e-type=\"widget\" data-widget_type=\"heading.default\">\n\t\t\t\t<div class=\"elementor-widget-container\">\n\t\t\t\t\t<h2 class=\"elementor-heading-title elementor-size-default\">Una mica d'hist\u00f2ria<\/h2>\t\t\t\t<\/div>\n\t\t\t\t<\/div>\n\t\t\t\t<div class=\"elementor-element elementor-element-2ddaadd0 elementor-widget elementor-widget-text-editor\" data-id=\"2ddaadd0\" data-element_type=\"widget\" data-e-type=\"widget\" data-widget_type=\"text-editor.default\">\n\t\t\t\t<div class=\"elementor-widget-container\">\n\t\t\t\t\t\t\t\t\t<p>Des de temps prehist\u00f2rics es tenen not\u00edcies d&#8217;ocupaci\u00f3 humana del territori, amb restes trobades de l&#8217;Edat del Bronze a la localitat.<\/p><p>En el segon mil\u00b7lenni aC s&#8217;assenta un nucli de poblaci\u00f3 en el tur\u00f3 del Alc\u00e1zar.<\/p><p>La pres\u00e8ncia <a href=\"https:\/\/www.elturistatranquil.com\/ca\/els-pobles-ibers\/\" target=\"_blank\" rel=\"noopener\">ibera<\/a> es manifesta en un oppidum relacionat amb C\u00e1stulo, prop de Linares, territori dels Oretanos.<\/p><p>Iberos<\/p><p>Vivatia, Biatia, Viatia ser\u00e0 el nom evolutiu que rep la ciutat. Pot encunyar moneda i es converteix en un important centre administratiu i comercial.<\/p><p>En l&#8217;etapa visig\u00f2tica Biatia va arribar a ser seu episcopal que els \u00e0rabs van reconeixer fins al segle IX.<\/p><p>Ara anomenada Bayyasa, es construeixen i reforcen les muralles i l&#8217;<a href=\"https:\/\/www.elturistatranquil.com\/ca\/els-castells-medievals-a-espanya-tipologies\/\" target=\"_blank\" rel=\"noopener\">Alc\u00e0sser de la alcassaba<\/a>. Durant aquests segles \u00e9s un punt del territori sotm\u00e8s a incessants conflictes dins el m\u00f3n musulm\u00e0.<\/p>\t\t\t\t\t\t\t\t<\/div>\n\t\t\t\t<\/div>\n\t\t\t\t<div class=\"elementor-element elementor-element-17fe2740 elementor-widget elementor-widget-image\" data-id=\"17fe2740\" data-element_type=\"widget\" data-e-type=\"widget\" data-widget_type=\"image.default\">\n\t\t\t\t<div class=\"elementor-widget-container\">\n\t\t\t\t\t\t\t\t\t\t\t\t<figure class=\"wp-caption\">\n\t\t\t\t\t\t\t\t\t\t<img loading=\"lazy\" decoding=\"async\" width=\"800\" height=\"533\" src=\"https:\/\/www.elturistatranquil.com\/wp-content\/uploads\/F04-Baeza-1.jpg\" class=\"attachment-large size-large wp-image-12996\" alt=\"\" srcset=\"https:\/\/www.elturistatranquil.com\/wp-content\/uploads\/F04-Baeza-1.jpg 800w, https:\/\/www.elturistatranquil.com\/wp-content\/uploads\/F04-Baeza-1-768x512.jpg 768w\" sizes=\"(max-width: 800px) 100vw, 800px\" \/>\t\t\t\t\t\t\t\t\t\t\t<figcaption class=\"widget-image-caption wp-caption-text\">L'alcassaba amb la indicaci\u00f3 de les esgl\u00e9sies que es van construir despr\u00e9s de la conquesta cristiana<\/figcaption>\n\t\t\t\t\t\t\t\t\t\t<\/figure>\n\t\t\t\t\t\t\t\t\t<\/div>\n\t\t\t\t<\/div>\n\t\t\t\t<div class=\"elementor-element elementor-element-d795ea0 elementor-widget elementor-widget-text-editor\" data-id=\"d795ea0\" data-element_type=\"widget\" data-e-type=\"widget\" data-widget_type=\"text-editor.default\">\n\t\t\t\t<div class=\"elementor-widget-container\">\n\t\t\t\t\t\t\t\t\t<p>Des de 1146 passa per mans cristiana i musulmana fins que, en 1227, despr\u00e9s de la batalla de las Navas de Tolosa, Fernando III la conquesta definitivament, fent-se c\u00e0rrec del seu govern D. Lope D\u00edaz de Haro, arribant a obtenir Fur, privilegis reials i terres del consell, que impulsen el seu desenvolupament econ\u00f2mic posterior.<\/p><p>En ser la primera ciutat conquerida a Andalusia, es constitueix en capital civil i religiosa de l&#8217;Alt Guadalquivir fins a la conquesta de Ja\u00e9n. Com a seu episcopal es construir\u00e0 en ella la seva Catedral. Tamb\u00e9 es creen les primeres parr\u00f2quies, els temples s&#8217;edifiquen intramurs, entre ells els de la Santa Creu, Sant Pere i Sant Joan Baptista, constru\u00efts en estil rom\u00e0nic tard\u00e0 al segle XIII.<\/p><p>Pel seu important paper com a punt clau del territori el romancer la va recon\u00e8ixer amb el qualificatiu de &#8221; Nido Real de Gavilanes&#8221;.<\/p><p>Lloc d\u2019assentament de nombrosos nobles, les lluites entre les fam\u00edlies dels Benavides i els Carvajales, hi ha qui la qualifica de gaireb\u00e9 una guerra civil, porten a Isabel I al 1476 a decretar la demolici\u00f3 de l&#8217;Alc\u00e0sser i d&#8217;algunes de les torres m\u00e9s importants de la fortificaci\u00f3.<\/p><p>La m\u00e0xima esplendor de Baeza es dona en els segles XV i XVI, arribant a tenir 20.000 habitants. Una mostra \u00e9s la implantaci\u00f3 de la Universitat impulsada per San Juan de \u00c1vila, aix\u00ed com la construcci\u00f3 de nombrosos palaus, esgl\u00e9sies i convents davant la pres\u00e8ncia de les m\u00e9s importants ordes religiosos a la ciutat. Baeza al segle XVI, va arribar a tenir una Catedral, 11 esgl\u00e9sies, 18 convents, 6 fundacions i 8 ermites.<\/p><p>Ser\u00e0 un per\u00edode d&#8217;expansi\u00f3 de les \u00e0rees residencials extramurs de la ciutat sobre l&#8217;altipl\u00e0 del costat nord.<\/p><p>La base econ\u00f2mica la constitueix la producci\u00f3 agr\u00e0ria i un increment notable en la seva activitat manufacturera, especialment lligada a l&#8217;artesania dels draps i les pells. L&#8217;orfebreria era una altra activitat important. La propietat de la terra es reparteix entre grans propietaris latifundistes i l&#8217;Esgl\u00e9sia.<\/p><p>A partir de la decad\u00e8ncia general del segle XVII, s&#8217;entra en una situaci\u00f3 de crisi econ\u00f2mica amb repercussi\u00f3 institucional a la Universitat i el Cap\u00edtol catedralici. Arriba a perdre la meitat de la poblaci\u00f3 i l&#8217;ocupaci\u00f3 residencial es contreu.<\/p><p>Al llarg del segle XIX se succeeixen esdeveniments amb fortes implicacions. L&#8217;ocupaci\u00f3 francesa el 1810, el tancament de la Universitat en 1824, convertit en col\u00b7legi primer i institut a partir del 1868, o els processos desamortitzadors de mitjans de segle sobre un entramat fortament clerical, encara que molt disminu\u00eft per la crisi.<\/p>\t\t\t\t\t\t\t\t<\/div>\n\t\t\t\t<\/div>\n\t\t\t\t<div class=\"elementor-element elementor-element-2065ea48 elementor-widget elementor-widget-menu-anchor\" data-id=\"2065ea48\" data-element_type=\"widget\" data-e-type=\"widget\" data-widget_type=\"menu-anchor.default\">\n\t\t\t\t<div class=\"elementor-widget-container\">\n\t\t\t\t\t\t\t<div class=\"elementor-menu-anchor\" id=\"c2404\"><\/div>\n\t\t\t\t\t\t<\/div>\n\t\t\t\t<\/div>\n\t\t\t\t<div class=\"elementor-element elementor-element-1457af8 elementor-widget elementor-widget-text-editor\" data-id=\"1457af8\" data-element_type=\"widget\" data-e-type=\"widget\" data-widget_type=\"text-editor.default\">\n\t\t\t\t<div class=\"elementor-widget-container\">\n\t\t\t\t\t\t\t\t\t<p>Ja al segle XX, semblen sentir-se orgullosos de la pres\u00e8ncia de Antonio Machado com a professor d&#8217;Institut.<\/p><p>A la fi del segle s&#8217;inicia el reconeixement del valor art\u00edstic de la ciutat que culmina en 2003 en la seva declaraci\u00f3 al costat de \u00dabeda de Ciutats Patrimoni de la Humanitat.<\/p>\t\t\t\t\t\t\t\t<\/div>\n\t\t\t\t<\/div>\n\t\t\t\t<div class=\"elementor-element elementor-element-612ceb89 elementor-widget elementor-widget-heading\" data-id=\"612ceb89\" data-element_type=\"widget\" data-e-type=\"widget\" data-widget_type=\"heading.default\">\n\t\t\t\t<div class=\"elementor-widget-container\">\n\t\t\t\t\t<h2 class=\"elementor-heading-title elementor-size-default\">Recorregut per Baeza<\/h2>\t\t\t\t<\/div>\n\t\t\t\t<\/div>\n\t\t\t\t<div class=\"elementor-element elementor-element-1fdf35ef elementor-widget elementor-widget-image\" data-id=\"1fdf35ef\" data-element_type=\"widget\" data-e-type=\"widget\" data-widget_type=\"image.default\">\n\t\t\t\t<div class=\"elementor-widget-container\">\n\t\t\t\t\t\t\t\t\t\t\t\t<figure class=\"wp-caption\">\n\t\t\t\t\t\t\t\t\t\t<img loading=\"lazy\" decoding=\"async\" width=\"463\" height=\"600\" src=\"https:\/\/www.elturistatranquil.com\/wp-content\/uploads\/F005a-Baeza-1.jpg\" class=\"attachment-large size-large wp-image-12998\" alt=\"\" \/>\t\t\t\t\t\t\t\t\t\t\t<figcaption class=\"widget-image-caption wp-caption-text\">Pl\u00e0nol tur\u00edstic amb n\u00famero de refer\u00e8ncia de diversos monuments. entre par\u00e8ntesi en el text<\/figcaption>\n\t\t\t\t\t\t\t\t\t\t<\/figure>\n\t\t\t\t\t\t\t\t\t<\/div>\n\t\t\t\t<\/div>\n\t\t\t\t<div class=\"elementor-element elementor-element-6078ef6a elementor-widget elementor-widget-image\" data-id=\"6078ef6a\" data-element_type=\"widget\" data-e-type=\"widget\" data-widget_type=\"image.default\">\n\t\t\t\t<div class=\"elementor-widget-container\">\n\t\t\t\t\t\t\t\t\t\t\t\t<figure class=\"wp-caption\">\n\t\t\t\t\t\t\t\t\t\t<img loading=\"lazy\" decoding=\"async\" width=\"800\" height=\"534\" src=\"https:\/\/www.elturistatranquil.com\/wp-content\/uploads\/F005b-Baeza-1.jpg\" class=\"attachment-large size-large wp-image-13000\" alt=\"\" srcset=\"https:\/\/www.elturistatranquil.com\/wp-content\/uploads\/F005b-Baeza-1.jpg 800w, https:\/\/www.elturistatranquil.com\/wp-content\/uploads\/F005b-Baeza-1-768x513.jpg 768w\" sizes=\"(max-width: 800px) 100vw, 800px\" \/>\t\t\t\t\t\t\t\t\t\t\t<figcaption class=\"widget-image-caption wp-caption-text\">L\u00ednia blava: delimitaci\u00f3 de les zones en qu\u00e8 es presenta el Post. N\u00fameros romans grocs: numeraci\u00f3 de les zones. L\u00ednies vermelles: itinerari de la visita. L\u00ednia groga: delimitaci\u00f3 de les muralles medievals<\/figcaption>\n\t\t\t\t\t\t\t\t\t\t<\/figure>\n\t\t\t\t\t\t\t\t\t<\/div>\n\t\t\t\t<\/div>\n\t\t\t\t<div class=\"elementor-element elementor-element-33dccd6f elementor-widget elementor-widget-text-editor\" data-id=\"33dccd6f\" data-element_type=\"widget\" data-e-type=\"widget\" data-widget_type=\"text-editor.default\">\n\t\t\t\t<div class=\"elementor-widget-container\">\n\t\t\t\t\t\t\t\t\t<p>Encara que \u00a0Baeza ha estat inclosa com a Ciutat Patrimoni de la Humanitat pel seu Conjunt Monumental Renaixentista, conjuntament amb la ciutat d&#8217;\u00dabeda, certament el seu patrimoni abasta un per\u00edode m\u00e9s ampli partir del rom\u00e0nic.<\/p><p>Algunes de les manifestacions inicials del Renaixement a Andalusia es produeixen en una s\u00e8rie de construccions que combinen exteriors militars i fortificats amb un interior de car\u00e0cter palat\u00ed.<\/p><p>La pres\u00e8ncia musulmana a Andalusia fins a finals del XV, la influ\u00e8ncia de les seves construccions i la import\u00e0ncia dels mestres d&#8217;obres mud\u00e8jars van endarrerir l&#8217;arribada del classicisme al nostre s\u00f2l i li van conferir en molts casos una empremta especial.<\/p><p>L&#8217;arquitectura g\u00f2tica es va mantenir durant part de la XVI i va pugnar amb l&#8217;art del &#8220;rom\u00e0&#8221; en la resoluci\u00f3 de les grans catedrals. En aquest ambient art\u00edstic, els models cl\u00e0ssics importats d&#8217;It\u00e0lia no van comen\u00e7ar a triomfar plenament fins a l&#8217;arribada de Carlos V, amb qui la Pen\u00ednsula va entrar de ple en el m\u00f3n modern.<\/p><p>L&#8217;emperador va recolzar la nova arquitectura, com ho van fer importants fam\u00edlies de la noblesa i les institucions civils i eclesi\u00e0stics. Plateresc o protorrenacimiento, renaixement ple i manierisme, serien les tres fases a considerar.<\/p><p>En aquest context, \u00dabeda i Baeza es configuren com dos grans centres de l&#8217;arquitectura classicista.<\/p><p>Aquest proc\u00e9s hist\u00f2ric constructiu \u00e9s el que vaig a observar a la visita. Per a la identificaci\u00f3 dels edificis, sobretot els que no consten en el Pla tur\u00edstic m&#8217;ha estat de gran ajuda el \u201c<a href=\"http:\/\/www.baeza.es\/baeza\/extranet\/verContenido?al_men_pk=1723&amp;as_ruta_men_pk=1680,1723&amp;al_tpo_pk=null&amp;al_tfor_pk=null\" target=\"_blank\" rel=\"noopener\">Cat\u00e1logo del Centro Hist\u00f3rico de Baeza del Plan Especial de Protecci\u00f3n, Reforma Interior y mejora urbana<\/a>\u201d.<\/p><p>Els nombres entre par\u00e8ntesi que he incorporat en el text es corresponen amb els indicats en el Pla tur\u00edstic en relaci\u00f3 a diversos monuments. En el text he presentat alguns edificis m\u00e9s dels inclosos en l&#8217;esmentat Pla tur\u00edstic. Els nombres romans entre par\u00e8ntesis es corresponen amb les zones que he delimitat per presentar la visita, no es corresponen amb cap divisi\u00f3 oficial exacta , nom\u00e9s tenen car\u00e0cter orientatiu.<\/p>\t\t\t\t\t\t\t\t<\/div>\n\t\t\t\t<\/div>\n\t\t\t\t<div class=\"elementor-element elementor-element-320fb985 elementor-widget elementor-widget-menu-anchor\" data-id=\"320fb985\" data-element_type=\"widget\" data-e-type=\"widget\" data-widget_type=\"menu-anchor.default\">\n\t\t\t\t<div class=\"elementor-widget-container\">\n\t\t\t\t\t\t\t<div class=\"elementor-menu-anchor\" id=\"c2405\"><\/div>\n\t\t\t\t\t\t<\/div>\n\t\t\t\t<\/div>\n\t\t\t\t<div class=\"elementor-element elementor-element-68efdd5b elementor-widget elementor-widget-text-editor\" data-id=\"68efdd5b\" data-element_type=\"widget\" data-e-type=\"widget\" data-widget_type=\"text-editor.default\">\n\t\t\t\t<div class=\"elementor-widget-container\">\n\t\t\t\t\t\t\t\t\t<p>Si en aquest <em>Post<\/em> m&#8217;ha semblat m\u00e9s oport\u00fa presentar els elements patrimonials dins el recorregut per carrers i no en la seva individualitat \u00e9s perqu\u00e8, des del meu punt de vista, Baeza \u00e9s una ciutat en la qual, per sobre dels edificis singulars, <strong>sobresurt el conjunt<\/strong> , \u00e9s a dir, l&#8217;ambient que es respira al passejar i observar el conjunt dels seus carrers en el centre hist\u00f2ric.<\/p>\t\t\t\t\t\t\t\t<\/div>\n\t\t\t\t<\/div>\n\t\t\t\t<div class=\"elementor-element elementor-element-53fddd25 elementor-widget elementor-widget-heading\" data-id=\"53fddd25\" data-element_type=\"widget\" data-e-type=\"widget\" data-widget_type=\"heading.default\">\n\t\t\t\t<div class=\"elementor-widget-container\">\n\t\t\t\t\t<h2 class=\"elementor-heading-title elementor-size-default\">Barri de San Pablo i Muralla (I)<\/h2>\t\t\t\t<\/div>\n\t\t\t\t<\/div>\n\t\t\t\t<div class=\"elementor-element elementor-element-247a2a18 elementor-widget elementor-widget-menu-anchor\" data-id=\"247a2a18\" data-element_type=\"widget\" data-e-type=\"widget\" data-widget_type=\"menu-anchor.default\">\n\t\t\t\t<div class=\"elementor-widget-container\">\n\t\t\t\t\t\t\t<div class=\"elementor-menu-anchor\" id=\"c2406\"><\/div>\n\t\t\t\t\t\t<\/div>\n\t\t\t\t<\/div>\n\t\t\t\t<div class=\"elementor-element elementor-element-2ef140e2 elementor-widget elementor-widget-image\" data-id=\"2ef140e2\" data-element_type=\"widget\" data-e-type=\"widget\" data-widget_type=\"image.default\">\n\t\t\t\t<div class=\"elementor-widget-container\">\n\t\t\t\t\t\t\t\t\t\t\t\t<figure class=\"wp-caption\">\n\t\t\t\t\t\t\t\t\t\t<img loading=\"lazy\" decoding=\"async\" width=\"800\" height=\"533\" src=\"https:\/\/www.elturistatranquil.com\/wp-content\/uploads\/F006-Baeza-1.jpg\" class=\"attachment-large size-large wp-image-13002\" alt=\"\" srcset=\"https:\/\/www.elturistatranquil.com\/wp-content\/uploads\/F006-Baeza-1.jpg 800w, https:\/\/www.elturistatranquil.com\/wp-content\/uploads\/F006-Baeza-1-768x512.jpg 768w\" sizes=\"(max-width: 800px) 100vw, 800px\" \/>\t\t\t\t\t\t\t\t\t\t\t<figcaption class=\"widget-image-caption wp-caption-text\">En n\u00fameros romans les zones en qu\u00e8 he dividit Baeza per organitzar la presentaci\u00f3 del recorregut de la visita<\/figcaption>\n\t\t\t\t\t\t\t\t\t\t<\/figure>\n\t\t\t\t\t\t\t\t\t<\/div>\n\t\t\t\t<\/div>\n\t\t\t\t<div class=\"elementor-element elementor-element-35586a43 elementor-widget elementor-widget-heading\" data-id=\"35586a43\" data-element_type=\"widget\" data-e-type=\"widget\" data-widget_type=\"heading.default\">\n\t\t\t\t<div class=\"elementor-widget-container\">\n\t\t\t\t\t<h3 class=\"elementor-heading-title elementor-size-default\">Punt de Partida: Carrer Compa\u00f1\u00eda (P)<\/h3>\t\t\t\t<\/div>\n\t\t\t\t<\/div>\n\t\t\t\t<div class=\"elementor-element elementor-element-7d428f50 elementor-widget elementor-widget-menu-anchor\" data-id=\"7d428f50\" data-element_type=\"widget\" data-e-type=\"widget\" data-widget_type=\"menu-anchor.default\">\n\t\t\t\t<div class=\"elementor-widget-container\">\n\t\t\t\t\t\t\t<div class=\"elementor-menu-anchor\" id=\"c2407\"><\/div>\n\t\t\t\t\t\t<\/div>\n\t\t\t\t<\/div>\n\t\t\t\t<div class=\"elementor-element elementor-element-13c051b6 elementor-widget elementor-widget-text-editor\" data-id=\"13c051b6\" data-element_type=\"widget\" data-e-type=\"widget\" data-widget_type=\"text-editor.default\">\n\t\t\t\t<div class=\"elementor-widget-container\">\n\t\t\t\t\t\t\t\t\t<p>Arribo a Baeza amb el cotxe carregat amb reserves de bon oli de la zona i he de buscar un aparcament subterrani perqu\u00e8 el Sol no m&#8217;ho faci malb\u00e9. Aquest aparcament es troba al carrer Companyia (<strong>P<\/strong>).<\/p><p>Surto i em dirigeixo a la dreta, passant pel costat del edifici de l&#8217;antic Deposito de Caballos Sementales, actual Servicio Andaluz de Empleo fins arribar al carrer Obispo Narv\u00e1ez.<\/p>\t\t\t\t\t\t\t\t<\/div>\n\t\t\t\t<\/div>\n\t\t\t\t<div class=\"elementor-element elementor-element-fcf12d elementor-widget elementor-widget-heading\" data-id=\"fcf12d\" data-element_type=\"widget\" data-e-type=\"widget\" data-widget_type=\"heading.default\">\n\t\t\t\t<div class=\"elementor-widget-container\">\n\t\t\t\t\t<h3 class=\"elementor-heading-title elementor-size-default\">Carrer Obispo Narv\u00e1ez, Pla\u00e7a C\u00e1novas del Castillo, Porta de \u00dabeda, Muralla i entorn<\/h3>\t\t\t\t<\/div>\n\t\t\t\t<\/div>\n\t\t\t\t<div class=\"elementor-element elementor-element-65162061 elementor-widget elementor-widget-text-editor\" data-id=\"65162061\" data-element_type=\"widget\" data-e-type=\"widget\" data-widget_type=\"text-editor.default\">\n\t\t\t\t<div class=\"elementor-widget-container\">\n\t\t\t\t\t\t\t\t\t<p>Pujo pel carrer a la dreta i em trobo davant el primer edifici de valor art\u00edstic.<\/p>\t\t\t\t\t\t\t\t<\/div>\n\t\t\t\t<\/div>\n\t\t\t\t<div class=\"elementor-element elementor-element-1b83eae6 elementor-widget elementor-widget-heading\" data-id=\"1b83eae6\" data-element_type=\"widget\" data-e-type=\"widget\" data-widget_type=\"heading.default\">\n\t\t\t\t<div class=\"elementor-widget-container\">\n\t\t\t\t\t<h4 class=\"elementor-heading-title elementor-size-small\">Col\u00b7legi de Santiago de la Compa\u00f1\u00eda de Jes\u00fas (3)<\/h4>\t\t\t\t<\/div>\n\t\t\t\t<\/div>\n\t\t\t\t<div class=\"elementor-element elementor-element-1c5c7514 elementor-widget elementor-widget-text-editor\" data-id=\"1c5c7514\" data-element_type=\"widget\" data-e-type=\"widget\" data-widget_type=\"text-editor.default\">\n\t\t\t\t<div class=\"elementor-widget-container\">\n\t\t\t\t\t\t\t\t\t<p>Va ser un edifici per col\u00b7legi dels jesu\u00eftes fundat el 1570. Mai es va acabar i es conserven 2 fa\u00e7anes. T\u00e9 un arc d&#8217;entrada amb 2 columnes barroques sobre pedestals. L&#8217;edifici es va abandonar amb l&#8217;expulsi\u00f3 dels jesu\u00eftes en 1726.<\/p>\t\t\t\t\t\t\t\t<\/div>\n\t\t\t\t<\/div>\n\t\t\t\t<div class=\"elementor-element elementor-element-2e5e0bbf elementor-widget elementor-widget-image\" data-id=\"2e5e0bbf\" data-element_type=\"widget\" data-e-type=\"widget\" data-widget_type=\"image.default\">\n\t\t\t\t<div class=\"elementor-widget-container\">\n\t\t\t\t\t\t\t\t\t\t\t\t<figure class=\"wp-caption\">\n\t\t\t\t\t\t\t\t\t\t<img loading=\"lazy\" decoding=\"async\" width=\"366\" height=\"550\" src=\"https:\/\/www.elturistatranquil.com\/wp-content\/uploads\/F007-Baeza-1.jpg\" class=\"attachment-large size-large wp-image-13004\" alt=\"\" \/>\t\t\t\t\t\t\t\t\t\t\t<figcaption class=\"widget-image-caption wp-caption-text\"><\/figcaption>\n\t\t\t\t\t\t\t\t\t\t<\/figure>\n\t\t\t\t\t\t\t\t\t<\/div>\n\t\t\t\t<\/div>\n\t\t\t\t<div class=\"elementor-element elementor-element-bb4799f elementor-widget elementor-widget-text-editor\" data-id=\"bb4799f\" data-element_type=\"widget\" data-e-type=\"widget\" data-widget_type=\"text-editor.default\">\n\t\t\t\t<div class=\"elementor-widget-container\">\n\t\t\t\t\t\t\t\t\t<p>La pla\u00e7a C\u00e1novas del Castillo serveix d&#8217;uni\u00f3 entre el Barri antic interior de les muralles i l&#8217;eixample, amb cases del segle XIX i la Porta d&#8217;\u00dabeda.<\/p>\t\t\t\t\t\t\t\t<\/div>\n\t\t\t\t<\/div>\n\t\t\t\t<div class=\"elementor-element elementor-element-21a5a49d elementor-widget elementor-widget-heading\" data-id=\"21a5a49d\" data-element_type=\"widget\" data-e-type=\"widget\" data-widget_type=\"heading.default\">\n\t\t\t\t<div class=\"elementor-widget-container\">\n\t\t\t\t\t<h4 class=\"elementor-heading-title elementor-size-small\">Porta d'\u00dabeda, Torrassa i Muralles (1)<\/h4>\t\t\t\t<\/div>\n\t\t\t\t<\/div>\n\t\t\t\t<div class=\"elementor-element elementor-element-1e7e7602 elementor-widget elementor-widget-text-editor\" data-id=\"1e7e7602\" data-element_type=\"widget\" data-e-type=\"widget\" data-widget_type=\"text-editor.default\">\n\t\t\t\t<div class=\"elementor-widget-container\">\n\t\t\t\t\t\t\t\t\t<p>Muralla que tancava el segon recinte l\u00edmit entre el barri hisp\u00e0-\u00e0rab i el raval. Conserva un dels tres arcs i una torre albarrana.<\/p><p>Constru\u00efda en \u00e8poca musulmana, va ser una de les m\u00e9s importants de la ciutat. Va ser manada desmantellar per Isabel I en 1476.<\/p>\t\t\t\t\t\t\t\t<\/div>\n\t\t\t\t<\/div>\n\t\t\t\t<div class=\"elementor-element elementor-element-6da4fd33 elementor-widget elementor-widget-image\" data-id=\"6da4fd33\" data-element_type=\"widget\" data-e-type=\"widget\" data-widget_type=\"image.default\">\n\t\t\t\t<div class=\"elementor-widget-container\">\n\t\t\t\t\t\t\t\t\t\t\t\t<figure class=\"wp-caption\">\n\t\t\t\t\t\t\t\t\t\t<img loading=\"lazy\" decoding=\"async\" width=\"800\" height=\"533\" src=\"https:\/\/www.elturistatranquil.com\/wp-content\/uploads\/F008-Baeza-1.jpg\" class=\"attachment-large size-large wp-image-13006\" alt=\"\" srcset=\"https:\/\/www.elturistatranquil.com\/wp-content\/uploads\/F008-Baeza-1.jpg 800w, https:\/\/www.elturistatranquil.com\/wp-content\/uploads\/F008-Baeza-1-768x512.jpg 768w\" sizes=\"(max-width: 800px) 100vw, 800px\" \/>\t\t\t\t\t\t\t\t\t\t\t<figcaption class=\"widget-image-caption wp-caption-text\"><\/figcaption>\n\t\t\t\t\t\t\t\t\t\t<\/figure>\n\t\t\t\t\t\t\t\t\t<\/div>\n\t\t\t\t<\/div>\n\t\t\t\t<div class=\"elementor-element elementor-element-73ca12e6 elementor-widget elementor-widget-image\" data-id=\"73ca12e6\" data-element_type=\"widget\" data-e-type=\"widget\" data-widget_type=\"image.default\">\n\t\t\t\t<div class=\"elementor-widget-container\">\n\t\t\t\t\t\t\t\t\t\t\t\t<figure class=\"wp-caption\">\n\t\t\t\t\t\t\t\t\t\t<img loading=\"lazy\" decoding=\"async\" width=\"800\" height=\"533\" src=\"https:\/\/www.elturistatranquil.com\/wp-content\/uploads\/F009-Baeza-1.jpg\" class=\"attachment-large size-large wp-image-13008\" alt=\"\" srcset=\"https:\/\/www.elturistatranquil.com\/wp-content\/uploads\/F009-Baeza-1.jpg 800w, https:\/\/www.elturistatranquil.com\/wp-content\/uploads\/F009-Baeza-1-768x512.jpg 768w\" sizes=\"(max-width: 800px) 100vw, 800px\" \/>\t\t\t\t\t\t\t\t\t\t\t<figcaption class=\"widget-image-caption wp-caption-text\"><\/figcaption>\n\t\t\t\t\t\t\t\t\t\t<\/figure>\n\t\t\t\t\t\t\t\t\t<\/div>\n\t\t\t\t<\/div>\n\t\t\t\t<div class=\"elementor-element elementor-element-1050ace5 elementor-widget elementor-widget-image\" data-id=\"1050ace5\" data-element_type=\"widget\" data-e-type=\"widget\" data-widget_type=\"image.default\">\n\t\t\t\t<div class=\"elementor-widget-container\">\n\t\t\t\t\t\t\t\t\t\t\t\t<figure class=\"wp-caption\">\n\t\t\t\t\t\t\t\t\t\t<img loading=\"lazy\" decoding=\"async\" width=\"800\" height=\"533\" src=\"https:\/\/www.elturistatranquil.com\/wp-content\/uploads\/F010-Baeza-1.jpg\" class=\"attachment-large size-large wp-image-13010\" alt=\"\" srcset=\"https:\/\/www.elturistatranquil.com\/wp-content\/uploads\/F010-Baeza-1.jpg 800w, https:\/\/www.elturistatranquil.com\/wp-content\/uploads\/F010-Baeza-1-768x512.jpg 768w\" sizes=\"(max-width: 800px) 100vw, 800px\" \/>\t\t\t\t\t\t\t\t\t\t\t<figcaption class=\"widget-image-caption wp-caption-text\"><\/figcaption>\n\t\t\t\t\t\t\t\t\t\t<\/figure>\n\t\t\t\t\t\t\t\t\t<\/div>\n\t\t\t\t<\/div>\n\t\t\t\t<div class=\"elementor-element elementor-element-6e1fe870 elementor-widget elementor-widget-text-editor\" data-id=\"6e1fe870\" data-element_type=\"widget\" data-e-type=\"widget\" data-widget_type=\"text-editor.default\">\n\t\t\t\t<div class=\"elementor-widget-container\">\n\t\t\t\t\t\t\t\t\t<p>El llen\u00e7 de muralla que queda, nom\u00e9s \u00e9s visible per la part interior, ja que a la exterior s&#8217;han adossat a tota ella cases del segle XIX i algun edifici hist\u00f2ric que veur\u00e9 al resseguir-la.<\/p>\t\t\t\t\t\t\t\t<\/div>\n\t\t\t\t<\/div>\n\t\t\t\t<div class=\"elementor-element elementor-element-6e4fff49 elementor-widget elementor-widget-image\" data-id=\"6e4fff49\" data-element_type=\"widget\" data-e-type=\"widget\" data-widget_type=\"image.default\">\n\t\t\t\t<div class=\"elementor-widget-container\">\n\t\t\t\t\t\t\t\t\t\t\t\t<figure class=\"wp-caption\">\n\t\t\t\t\t\t\t\t\t\t<img loading=\"lazy\" decoding=\"async\" width=\"800\" height=\"533\" src=\"https:\/\/www.elturistatranquil.com\/wp-content\/uploads\/F011-Baeza-1.jpg\" class=\"attachment-large size-large wp-image-13012\" alt=\"\" srcset=\"https:\/\/www.elturistatranquil.com\/wp-content\/uploads\/F011-Baeza-1.jpg 800w, https:\/\/www.elturistatranquil.com\/wp-content\/uploads\/F011-Baeza-1-768x512.jpg 768w\" sizes=\"(max-width: 800px) 100vw, 800px\" \/>\t\t\t\t\t\t\t\t\t\t\t<figcaption class=\"widget-image-caption wp-caption-text\"><\/figcaption>\n\t\t\t\t\t\t\t\t\t\t<\/figure>\n\t\t\t\t\t\t\t\t\t<\/div>\n\t\t\t\t<\/div>\n\t\t\t\t<div class=\"elementor-element elementor-element-6f6fba2f elementor-widget elementor-widget-heading\" data-id=\"6f6fba2f\" data-element_type=\"widget\" data-e-type=\"widget\" data-widget_type=\"heading.default\">\n\t\t\t\t<div class=\"elementor-widget-container\">\n\t\t\t\t\t<h4 class=\"elementor-heading-title elementor-size-small\">Travessia Horno Merced. Casa del Vicario<\/h4>\t\t\t\t<\/div>\n\t\t\t\t<\/div>\n\t\t\t\t<div class=\"elementor-element elementor-element-59276bb0 elementor-widget elementor-widget-text-editor\" data-id=\"59276bb0\" data-element_type=\"widget\" data-e-type=\"widget\" data-widget_type=\"text-editor.default\">\n\t\t\t\t<div class=\"elementor-widget-container\">\n\t\t\t\t\t\t\t\t\t<p>Va ser la casa del Vicari Miguel Navarro que hi va viure el 1610. La fa\u00e7ana \u00e9s simple amb dues portes adovellades i mur de carreus.<\/p>\t\t\t\t\t\t\t\t<\/div>\n\t\t\t\t<\/div>\n\t\t\t\t<div class=\"elementor-element elementor-element-8ec1b7c elementor-widget elementor-widget-image\" data-id=\"8ec1b7c\" data-element_type=\"widget\" data-e-type=\"widget\" data-widget_type=\"image.default\">\n\t\t\t\t<div class=\"elementor-widget-container\">\n\t\t\t\t\t\t\t\t\t\t\t\t<figure class=\"wp-caption\">\n\t\t\t\t\t\t\t\t\t\t<img loading=\"lazy\" decoding=\"async\" width=\"800\" height=\"533\" src=\"https:\/\/www.elturistatranquil.com\/wp-content\/uploads\/F012-Baeza-1.jpg\" class=\"attachment-large size-large wp-image-13014\" alt=\"\" srcset=\"https:\/\/www.elturistatranquil.com\/wp-content\/uploads\/F012-Baeza-1.jpg 800w, https:\/\/www.elturistatranquil.com\/wp-content\/uploads\/F012-Baeza-1-768x512.jpg 768w\" sizes=\"(max-width: 800px) 100vw, 800px\" \/>\t\t\t\t\t\t\t\t\t\t\t<figcaption class=\"widget-image-caption wp-caption-text\"><\/figcaption>\n\t\t\t\t\t\t\t\t\t\t<\/figure>\n\t\t\t\t\t\t\t\t\t<\/div>\n\t\t\t\t<\/div>\n\t\t\t\t<div class=\"elementor-element elementor-element-656d1f80 elementor-widget elementor-widget-heading\" data-id=\"656d1f80\" data-element_type=\"widget\" data-e-type=\"widget\" data-widget_type=\"heading.default\">\n\t\t\t\t<div class=\"elementor-widget-container\">\n\t\t\t\t\t<h4 class=\"elementor-heading-title elementor-size-small\">Casa del Licenciado Pedraza (2)<\/h4>\t\t\t\t<\/div>\n\t\t\t\t<\/div>\n\t\t\t\t<div class=\"elementor-element elementor-element-688fa764 elementor-widget elementor-widget-text-editor\" data-id=\"688fa764\" data-element_type=\"widget\" data-e-type=\"widget\" data-widget_type=\"text-editor.default\">\n\t\t\t\t<div class=\"elementor-widget-container\">\n\t\t\t\t\t\t\t\t\t<p>En primer terme, a l&#8217;esquerra Casa del Llicenciat Pedraza que en 1634 l&#8217;habitaven el llicenciat Joan de Pedraza i la seva dona Maria de Quesada. Porta amb llinda en cadirat, balc\u00f3 amb escuts.<\/p><p>La seg\u00fcent casa \u00e9s de l&#8217;any 1767 amb una portada amb llinda de cadirat i fa\u00e7ana emblanquinada.<\/p>\t\t\t\t\t\t\t\t<\/div>\n\t\t\t\t<\/div>\n\t\t\t\t<div class=\"elementor-element elementor-element-208d6a48 elementor-widget elementor-widget-image\" data-id=\"208d6a48\" data-element_type=\"widget\" data-e-type=\"widget\" data-widget_type=\"image.default\">\n\t\t\t\t<div class=\"elementor-widget-container\">\n\t\t\t\t\t\t\t\t\t\t\t\t<figure class=\"wp-caption\">\n\t\t\t\t\t\t\t\t\t\t<img loading=\"lazy\" decoding=\"async\" width=\"800\" height=\"533\" src=\"https:\/\/www.elturistatranquil.com\/wp-content\/uploads\/F013-Baeza-1.jpg\" class=\"attachment-large size-large wp-image-13016\" alt=\"\" srcset=\"https:\/\/www.elturistatranquil.com\/wp-content\/uploads\/F013-Baeza-1.jpg 800w, https:\/\/www.elturistatranquil.com\/wp-content\/uploads\/F013-Baeza-1-768x512.jpg 768w\" sizes=\"(max-width: 800px) 100vw, 800px\" \/>\t\t\t\t\t\t\t\t\t\t\t<figcaption class=\"widget-image-caption wp-caption-text\"><\/figcaption>\n\t\t\t\t\t\t\t\t\t\t<\/figure>\n\t\t\t\t\t\t\t\t\t<\/div>\n\t\t\t\t<\/div>\n\t\t\t\t<div class=\"elementor-element elementor-element-2dc98fd1 elementor-widget elementor-widget-heading\" data-id=\"2dc98fd1\" data-element_type=\"widget\" data-e-type=\"widget\" data-widget_type=\"heading.default\">\n\t\t\t\t<div class=\"elementor-widget-container\">\n\t\t\t\t\t<h4 class=\"elementor-heading-title elementor-size-small\">Casalot carrer del Carmen<\/h4>\t\t\t\t<\/div>\n\t\t\t\t<\/div>\n\t\t\t\t<div class=\"elementor-element elementor-element-4620a114 elementor-widget elementor-widget-text-editor\" data-id=\"4620a114\" data-element_type=\"widget\" data-e-type=\"widget\" data-widget_type=\"text-editor.default\">\n\t\t\t\t<div class=\"elementor-widget-container\">\n\t\t\t\t\t\t\t\t\t<p>De retorn a la pla\u00e7a C\u00e1novas del Castillo, giro a la dreta pel carrer Carme. Estic entrant en el primer eixample de Baeza amb edificacions principalment del segle XIX, per\u00f2 amb alguna casona del segle XVII, com la de Don Pedro Nu\u00f1o.<\/p>\t\t\t\t\t\t\t\t<\/div>\n\t\t\t\t<\/div>\n\t\t\t\t<div class=\"elementor-element elementor-element-1cb2ae6c elementor-widget elementor-widget-image\" data-id=\"1cb2ae6c\" data-element_type=\"widget\" data-e-type=\"widget\" data-widget_type=\"image.default\">\n\t\t\t\t<div class=\"elementor-widget-container\">\n\t\t\t\t\t\t\t\t\t\t\t\t<figure class=\"wp-caption\">\n\t\t\t\t\t\t\t\t\t\t<img loading=\"lazy\" decoding=\"async\" width=\"800\" height=\"533\" src=\"https:\/\/www.elturistatranquil.com\/wp-content\/uploads\/F014-Baeza-1.jpg\" class=\"attachment-large size-large wp-image-13018\" alt=\"\" srcset=\"https:\/\/www.elturistatranquil.com\/wp-content\/uploads\/F014-Baeza-1.jpg 800w, https:\/\/www.elturistatranquil.com\/wp-content\/uploads\/F014-Baeza-1-768x512.jpg 768w\" sizes=\"(max-width: 800px) 100vw, 800px\" \/>\t\t\t\t\t\t\t\t\t\t\t<figcaption class=\"widget-image-caption wp-caption-text\"><\/figcaption>\n\t\t\t\t\t\t\t\t\t\t<\/figure>\n\t\t\t\t\t\t\t\t\t<\/div>\n\t\t\t\t<\/div>\n\t\t\t\t<div class=\"elementor-element elementor-element-4d78c7a6 elementor-widget elementor-widget-menu-anchor\" data-id=\"4d78c7a6\" data-element_type=\"widget\" data-e-type=\"widget\" data-widget_type=\"menu-anchor.default\">\n\t\t\t\t<div class=\"elementor-widget-container\">\n\t\t\t\t\t\t\t<div class=\"elementor-menu-anchor\" id=\"c2408\"><\/div>\n\t\t\t\t\t\t<\/div>\n\t\t\t\t<\/div>\n\t\t\t\t<div class=\"elementor-element elementor-element-301beebb elementor-widget elementor-widget-image\" data-id=\"301beebb\" data-element_type=\"widget\" data-e-type=\"widget\" data-widget_type=\"image.default\">\n\t\t\t\t<div class=\"elementor-widget-container\">\n\t\t\t\t\t\t\t\t\t\t\t\t<figure class=\"wp-caption\">\n\t\t\t\t\t\t\t\t\t\t<img loading=\"lazy\" decoding=\"async\" width=\"800\" height=\"533\" src=\"https:\/\/www.elturistatranquil.com\/wp-content\/uploads\/F015-Baeza-1.jpg\" class=\"attachment-large size-large wp-image-13020\" alt=\"\" srcset=\"https:\/\/www.elturistatranquil.com\/wp-content\/uploads\/F015-Baeza-1.jpg 800w, https:\/\/www.elturistatranquil.com\/wp-content\/uploads\/F015-Baeza-1-768x512.jpg 768w\" sizes=\"(max-width: 800px) 100vw, 800px\" \/>\t\t\t\t\t\t\t\t\t\t\t<figcaption class=\"widget-image-caption wp-caption-text\"><\/figcaption>\n\t\t\t\t\t\t\t\t\t\t<\/figure>\n\t\t\t\t\t\t\t\t\t<\/div>\n\t\t\t\t<\/div>\n\t\t\t\t<div class=\"elementor-element elementor-element-38505a53 elementor-widget elementor-widget-heading\" data-id=\"38505a53\" data-element_type=\"widget\" data-e-type=\"widget\" data-widget_type=\"heading.default\">\n\t\t\t\t<div class=\"elementor-widget-container\">\n\t\t\t\t\t<h3 class=\"elementor-heading-title elementor-size-default\">Carrer San Pablo i entorn<\/h3>\t\t\t\t<\/div>\n\t\t\t\t<\/div>\n\t\t\t\t<div class=\"elementor-element elementor-element-155db1ef elementor-widget elementor-widget-text-editor\" data-id=\"155db1ef\" data-element_type=\"widget\" data-e-type=\"widget\" data-widget_type=\"text-editor.default\">\n\t\t\t\t<div class=\"elementor-widget-container\">\n\t\t\t\t\t\t\t\t\t<p>En aquest tram el meu objectiu era arribar a l&#8217;extrem superior del carrer San Pablo i seguir tot el carrer, actualment per vianants, ja que es tracta d&#8217;un dels carrers que cont\u00e9 el major nombre de cases palatines de Baeza i cases urbanes del segle XIX.<\/p><p>De fet, el carrer s&#8217;adapta al recorregut que des de la sortida del recinte emmurallat per la Torre de Aliatares empalmava amb el cam\u00ed que partia de la Porta d&#8217;\u00dabeda unes desenes de metres m\u00e9s al nord-est.<\/p><p>Arribat a aquest extrem se m&#8217;ofereix una primera perspectiva, en la qual els casalots i palaus conviuen amb els aparadors comercials d&#8217;aquest c\u00e8ntric carrer.<\/p>\t\t\t\t\t\t\t\t<\/div>\n\t\t\t\t<\/div>\n\t\t\t\t<div class=\"elementor-element elementor-element-1826c1b elementor-widget elementor-widget-heading\" data-id=\"1826c1b\" data-element_type=\"widget\" data-e-type=\"widget\" data-widget_type=\"heading.default\">\n\t\t\t\t<div class=\"elementor-widget-container\">\n\t\t\t\t\t<h4 class=\"elementor-heading-title elementor-size-small\">Casa dels P\u00e9rez<\/h4>\t\t\t\t<\/div>\n\t\t\t\t<\/div>\n\t\t\t\t<div class=\"elementor-element elementor-element-29822e40 elementor-widget elementor-widget-text-editor\" data-id=\"29822e40\" data-element_type=\"widget\" data-e-type=\"widget\" data-widget_type=\"text-editor.default\">\n\t\t\t\t<div class=\"elementor-widget-container\">\n\t\t\t\t\t\t\t\t\t<p>La primera casa pairal correspon a la Casa dels P\u00e9rez. Casa parcialment de carreus i part emblanquinada, amb porta amb dovelles, balc\u00f3 amb l&#8217;escut dels P\u00e9rez i rematat per un front\u00f3 triangular.<\/p>\t\t\t\t\t\t\t\t<\/div>\n\t\t\t\t<\/div>\n\t\t\t\t<div class=\"elementor-element elementor-element-478e9cc6 elementor-widget elementor-widget-image\" data-id=\"478e9cc6\" data-element_type=\"widget\" data-e-type=\"widget\" data-widget_type=\"image.default\">\n\t\t\t\t<div class=\"elementor-widget-container\">\n\t\t\t\t\t\t\t\t\t\t\t\t<figure class=\"wp-caption\">\n\t\t\t\t\t\t\t\t\t\t<img loading=\"lazy\" decoding=\"async\" width=\"800\" height=\"533\" src=\"https:\/\/www.elturistatranquil.com\/wp-content\/uploads\/F016-Baeza-1.jpg\" class=\"attachment-large size-large wp-image-13022\" alt=\"\" srcset=\"https:\/\/www.elturistatranquil.com\/wp-content\/uploads\/F016-Baeza-1.jpg 800w, https:\/\/www.elturistatranquil.com\/wp-content\/uploads\/F016-Baeza-1-768x512.jpg 768w\" sizes=\"(max-width: 800px) 100vw, 800px\" \/>\t\t\t\t\t\t\t\t\t\t\t<figcaption class=\"widget-image-caption wp-caption-text\"><\/figcaption>\n\t\t\t\t\t\t\t\t\t\t<\/figure>\n\t\t\t\t\t\t\t\t\t<\/div>\n\t\t\t\t<\/div>\n\t\t\t\t<div class=\"elementor-element elementor-element-5e34e56c elementor-widget elementor-widget-heading\" data-id=\"5e34e56c\" data-element_type=\"widget\" data-e-type=\"widget\" data-widget_type=\"heading.default\">\n\t\t\t\t<div class=\"elementor-widget-container\">\n\t\t\t\t\t<h4 class=\"elementor-heading-title elementor-size-small\">Esgl\u00e9sia de San Pablo (43)<\/h4>\t\t\t\t<\/div>\n\t\t\t\t<\/div>\n\t\t\t\t<div class=\"elementor-element elementor-element-7d9d3c64 elementor-widget elementor-widget-text-editor\" data-id=\"7d9d3c64\" data-element_type=\"widget\" data-e-type=\"widget\" data-widget_type=\"text-editor.default\">\n\t\t\t\t<div class=\"elementor-widget-container\">\n\t\t\t\t\t\t\t\t\t<p>Data del segle XV. Aquest temple \u00e9s una bell\u00edssima mostra d&#8217;art g\u00f2tic al seu interior i renaixentista a l&#8217;exterior.<\/p><p>La seva portada \u00e9s renaixentista de 1665. Sobre un arc de mig punt flanquejat de pilastres se situa un n\u00ednxol amb la imatge de Sant Pau de mig cos.<\/p>\t\t\t\t\t\t\t\t<\/div>\n\t\t\t\t<\/div>\n\t\t\t\t<div class=\"elementor-element elementor-element-3d32f16d elementor-widget elementor-widget-image\" data-id=\"3d32f16d\" data-element_type=\"widget\" data-e-type=\"widget\" data-widget_type=\"image.default\">\n\t\t\t\t<div class=\"elementor-widget-container\">\n\t\t\t\t\t\t\t\t\t\t\t\t<figure class=\"wp-caption\">\n\t\t\t\t\t\t\t\t\t\t<img loading=\"lazy\" decoding=\"async\" width=\"800\" height=\"533\" src=\"https:\/\/www.elturistatranquil.com\/wp-content\/uploads\/F017-Baeza-1.jpg\" class=\"attachment-large size-large wp-image-13024\" alt=\"\" srcset=\"https:\/\/www.elturistatranquil.com\/wp-content\/uploads\/F017-Baeza-1.jpg 800w, https:\/\/www.elturistatranquil.com\/wp-content\/uploads\/F017-Baeza-1-768x512.jpg 768w\" sizes=\"(max-width: 800px) 100vw, 800px\" \/>\t\t\t\t\t\t\t\t\t\t\t<figcaption class=\"widget-image-caption wp-caption-text\"><\/figcaption>\n\t\t\t\t\t\t\t\t\t\t<\/figure>\n\t\t\t\t\t\t\t\t\t<\/div>\n\t\t\t\t<\/div>\n\t\t\t\t<div class=\"elementor-element elementor-element-51754944 elementor-widget elementor-widget-image\" data-id=\"51754944\" data-element_type=\"widget\" data-e-type=\"widget\" data-widget_type=\"image.default\">\n\t\t\t\t<div class=\"elementor-widget-container\">\n\t\t\t\t\t\t\t\t\t\t\t\t<figure class=\"wp-caption\">\n\t\t\t\t\t\t\t\t\t\t<img loading=\"lazy\" decoding=\"async\" width=\"800\" height=\"533\" src=\"https:\/\/www.elturistatranquil.com\/wp-content\/uploads\/F018-Baeza-1.jpg\" class=\"attachment-large size-large wp-image-13026\" alt=\"\" srcset=\"https:\/\/www.elturistatranquil.com\/wp-content\/uploads\/F018-Baeza-1.jpg 800w, https:\/\/www.elturistatranquil.com\/wp-content\/uploads\/F018-Baeza-1-768x512.jpg 768w\" sizes=\"(max-width: 800px) 100vw, 800px\" \/>\t\t\t\t\t\t\t\t\t\t\t<figcaption class=\"widget-image-caption wp-caption-text\"><\/figcaption>\n\t\t\t\t\t\t\t\t\t\t<\/figure>\n\t\t\t\t\t\t\t\t\t<\/div>\n\t\t\t\t<\/div>\n\t\t\t\t<div class=\"elementor-element elementor-element-3f9709dc elementor-widget elementor-widget-heading\" data-id=\"3f9709dc\" data-element_type=\"widget\" data-e-type=\"widget\" data-widget_type=\"heading.default\">\n\t\t\t\t<div class=\"elementor-widget-container\">\n\t\t\t\t\t<h4 class=\"elementor-heading-title elementor-size-small\">Palau dels Elorza (42)<\/h4>\t\t\t\t<\/div>\n\t\t\t\t<\/div>\n\t\t\t\t<div class=\"elementor-element elementor-element-4c526427 elementor-widget elementor-widget-text-editor\" data-id=\"4c526427\" data-element_type=\"widget\" data-e-type=\"widget\" data-widget_type=\"text-editor.default\">\n\t\t\t\t<div class=\"elementor-widget-container\">\n\t\t\t\t\t\t\t\t\t<p>A la Pla\u00e7a C\u00e1ndido Elorza, darrere de l&#8217;Esgl\u00e9sia de San Pablo, a l&#8217;eixample, es van construir diversos casalots entre els segles XVII i XIX.<\/p><p>El que dona nom a la pla\u00e7a, el Palau dels Elorza, \u00fanicament conserva la portada com tanca d&#8217;una placeta.<\/p>\t\t\t\t\t\t\t\t<\/div>\n\t\t\t\t<\/div>\n\t\t\t\t<div class=\"elementor-element elementor-element-f503ff7 elementor-widget elementor-widget-image\" data-id=\"f503ff7\" data-element_type=\"widget\" data-e-type=\"widget\" data-widget_type=\"image.default\">\n\t\t\t\t<div class=\"elementor-widget-container\">\n\t\t\t\t\t\t\t\t\t\t\t\t<figure class=\"wp-caption\">\n\t\t\t\t\t\t\t\t\t\t<img loading=\"lazy\" decoding=\"async\" width=\"800\" height=\"533\" src=\"https:\/\/www.elturistatranquil.com\/wp-content\/uploads\/F019-Baeza-1.jpg\" class=\"attachment-large size-large wp-image-13028\" alt=\"\" srcset=\"https:\/\/www.elturistatranquil.com\/wp-content\/uploads\/F019-Baeza-1.jpg 800w, https:\/\/www.elturistatranquil.com\/wp-content\/uploads\/F019-Baeza-1-768x512.jpg 768w\" sizes=\"(max-width: 800px) 100vw, 800px\" \/>\t\t\t\t\t\t\t\t\t\t\t<figcaption class=\"widget-image-caption wp-caption-text\"><\/figcaption>\n\t\t\t\t\t\t\t\t\t\t<\/figure>\n\t\t\t\t\t\t\t\t\t<\/div>\n\t\t\t\t<\/div>\n\t\t\t\t<div class=\"elementor-element elementor-element-58bdb067 elementor-widget elementor-widget-heading\" data-id=\"58bdb067\" data-element_type=\"widget\" data-e-type=\"widget\" data-widget_type=\"heading.default\">\n\t\t\t\t<div class=\"elementor-widget-container\">\n\t\t\t\t\t<h4 class=\"elementor-heading-title elementor-size-small\">Casa dels Cabrera y casalot (47)<\/h4>\t\t\t\t<\/div>\n\t\t\t\t<\/div>\n\t\t\t\t<div class=\"elementor-element elementor-element-1fb192b0 elementor-widget elementor-widget-text-editor\" data-id=\"1fb192b0\" data-element_type=\"widget\" data-e-type=\"widget\" data-widget_type=\"text-editor.default\">\n\t\t\t\t<div class=\"elementor-widget-container\">\n\t\t\t\t\t\t\t\t\t<p>Del segle XVI. D&#8217;aquesta casa pairal es conserva la fa\u00e7ana, d&#8217;estil plateresc, amb la seva llinda, les seves columnes amb capitells, i novament la signatura dels amos: els escuts de les fam\u00edlies Cabrera i Alf\u00e9rez. La resta \u00e9s del segle XIX.<\/p><p>Al seu costat un casalot palat\u00ed.<\/p>\t\t\t\t\t\t\t\t<\/div>\n\t\t\t\t<\/div>\n\t\t\t\t<div class=\"elementor-element elementor-element-501b1244 elementor-widget elementor-widget-image\" data-id=\"501b1244\" data-element_type=\"widget\" data-e-type=\"widget\" data-widget_type=\"image.default\">\n\t\t\t\t<div class=\"elementor-widget-container\">\n\t\t\t\t\t\t\t\t\t\t\t\t<figure class=\"wp-caption\">\n\t\t\t\t\t\t\t\t\t\t<img loading=\"lazy\" decoding=\"async\" width=\"800\" height=\"533\" src=\"https:\/\/www.elturistatranquil.com\/wp-content\/uploads\/F020-Baeza-CasaCabrera-1.jpg\" class=\"attachment-large size-large wp-image-13030\" alt=\"\" srcset=\"https:\/\/www.elturistatranquil.com\/wp-content\/uploads\/F020-Baeza-CasaCabrera-1.jpg 800w, https:\/\/www.elturistatranquil.com\/wp-content\/uploads\/F020-Baeza-CasaCabrera-1-768x512.jpg 768w\" sizes=\"(max-width: 800px) 100vw, 800px\" \/>\t\t\t\t\t\t\t\t\t\t\t<figcaption class=\"widget-image-caption wp-caption-text\"><\/figcaption>\n\t\t\t\t\t\t\t\t\t\t<\/figure>\n\t\t\t\t\t\t\t\t\t<\/div>\n\t\t\t\t<\/div>\n\t\t\t\t<div class=\"elementor-element elementor-element-7399251c elementor-widget elementor-widget-image\" data-id=\"7399251c\" data-element_type=\"widget\" data-e-type=\"widget\" data-widget_type=\"image.default\">\n\t\t\t\t<div class=\"elementor-widget-container\">\n\t\t\t\t\t\t\t\t\t\t\t\t<figure class=\"wp-caption\">\n\t\t\t\t\t\t\t\t\t\t<img loading=\"lazy\" decoding=\"async\" width=\"800\" height=\"533\" src=\"https:\/\/www.elturistatranquil.com\/wp-content\/uploads\/F021-Baeza-1.jpg\" class=\"attachment-large size-large wp-image-13032\" alt=\"\" srcset=\"https:\/\/www.elturistatranquil.com\/wp-content\/uploads\/F021-Baeza-1.jpg 800w, https:\/\/www.elturistatranquil.com\/wp-content\/uploads\/F021-Baeza-1-768x512.jpg 768w\" sizes=\"(max-width: 800px) 100vw, 800px\" \/>\t\t\t\t\t\t\t\t\t\t\t<figcaption class=\"widget-image-caption wp-caption-text\"><\/figcaption>\n\t\t\t\t\t\t\t\t\t\t<\/figure>\n\t\t\t\t\t\t\t\t\t<\/div>\n\t\t\t\t<\/div>\n\t\t\t\t<div class=\"elementor-element elementor-element-1026bca3 elementor-widget elementor-widget-heading\" data-id=\"1026bca3\" data-element_type=\"widget\" data-e-type=\"widget\" data-widget_type=\"heading.default\">\n\t\t\t\t<div class=\"elementor-widget-container\">\n\t\t\t\t\t<h4 class=\"elementor-heading-title elementor-size-small\">Casa Acu\u00f1a (46)<\/h4>\t\t\t\t<\/div>\n\t\t\t\t<\/div>\n\t\t\t\t<div class=\"elementor-element elementor-element-1fd612e9 elementor-widget elementor-widget-text-editor\" data-id=\"1fd612e9\" data-element_type=\"widget\" data-e-type=\"widget\" data-widget_type=\"text-editor.default\">\n\t\t\t\t<div class=\"elementor-widget-container\">\n\t\t\t\t\t\t\t\t\t<p>De finals del segle XVI, en la seva fa\u00e7ana veur\u00e0s una finestra amb el seu mainell de marbre i els emblemes de les fam\u00edlies Acu\u00f1a i Le\u00f3n. Continua sent la casa de la fam\u00edlia.<\/p>\t\t\t\t\t\t\t\t<\/div>\n\t\t\t\t<\/div>\n\t\t\t\t<div class=\"elementor-element elementor-element-4b7e4f4b elementor-widget elementor-widget-image\" data-id=\"4b7e4f4b\" data-element_type=\"widget\" data-e-type=\"widget\" data-widget_type=\"image.default\">\n\t\t\t\t<div class=\"elementor-widget-container\">\n\t\t\t\t\t\t\t\t\t\t\t\t<figure class=\"wp-caption\">\n\t\t\t\t\t\t\t\t\t\t<img loading=\"lazy\" decoding=\"async\" width=\"800\" height=\"533\" src=\"https:\/\/www.elturistatranquil.com\/wp-content\/uploads\/F022-Baeza-Casa-Acu\u00f1a-1.jpg\" class=\"attachment-large size-large wp-image-13034\" alt=\"\" srcset=\"https:\/\/www.elturistatranquil.com\/wp-content\/uploads\/F022-Baeza-Casa-Acu\u00f1a-1.jpg 800w, https:\/\/www.elturistatranquil.com\/wp-content\/uploads\/F022-Baeza-Casa-Acu\u00f1a-1-768x512.jpg 768w\" sizes=\"(max-width: 800px) 100vw, 800px\" \/>\t\t\t\t\t\t\t\t\t\t\t<figcaption class=\"widget-image-caption wp-caption-text\"><\/figcaption>\n\t\t\t\t\t\t\t\t\t\t<\/figure>\n\t\t\t\t\t\t\t\t\t<\/div>\n\t\t\t\t<\/div>\n\t\t\t\t<div class=\"elementor-element elementor-element-17256fab elementor-widget elementor-widget-image\" data-id=\"17256fab\" data-element_type=\"widget\" data-e-type=\"widget\" data-widget_type=\"image.default\">\n\t\t\t\t<div class=\"elementor-widget-container\">\n\t\t\t\t\t\t\t\t\t\t\t\t<figure class=\"wp-caption\">\n\t\t\t\t\t\t\t\t\t\t<img loading=\"lazy\" decoding=\"async\" width=\"800\" height=\"533\" src=\"https:\/\/www.elturistatranquil.com\/wp-content\/uploads\/F023-Baeza-1.jpg\" class=\"attachment-large size-large wp-image-13036\" alt=\"\" srcset=\"https:\/\/www.elturistatranquil.com\/wp-content\/uploads\/F023-Baeza-1.jpg 800w, https:\/\/www.elturistatranquil.com\/wp-content\/uploads\/F023-Baeza-1-768x512.jpg 768w\" sizes=\"(max-width: 800px) 100vw, 800px\" \/>\t\t\t\t\t\t\t\t\t\t\t<figcaption class=\"widget-image-caption wp-caption-text\">T\u00edpiques manilles a les fa\u00e7anes de les cases senyorials<\/figcaption>\n\t\t\t\t\t\t\t\t\t\t<\/figure>\n\t\t\t\t\t\t\t\t\t<\/div>\n\t\t\t\t<\/div>\n\t\t\t\t<div class=\"elementor-element elementor-element-7cc51784 elementor-widget elementor-widget-heading\" data-id=\"7cc51784\" data-element_type=\"widget\" data-e-type=\"widget\" data-widget_type=\"heading.default\">\n\t\t\t\t<div class=\"elementor-widget-container\">\n\t\t\t\t\t<h4 class=\"elementor-heading-title elementor-size-small\">Palau dels S\u00e1nchez Valenzuela (45)<\/h4>\t\t\t\t<\/div>\n\t\t\t\t<\/div>\n\t\t\t\t<div class=\"elementor-element elementor-element-6bf8fd67 elementor-widget elementor-widget-text-editor\" data-id=\"6bf8fd67\" data-element_type=\"widget\" data-e-type=\"widget\" data-widget_type=\"text-editor.default\">\n\t\t\t\t<div class=\"elementor-widget-container\">\n\t\t\t\t\t\t\t\t\t<p>L&#8217;estil del Palau dels S\u00e1nchez Valenzuela evoluciona del G\u00f2tic al Renaixement. L&#8217;edifici mant\u00e9 cert aspecte de fortalesa, amb les seves dues torres en els extrems. Per aquest palau van passar molts ocupants: des de la primera fam\u00edlia, els comtes de Gabia que en 1752 el van cedir a l&#8217;Ordre de Religioses M\u00ednimes de Sant Francesc de P\u00e0dua i despr\u00e9s de la desamortitzaci\u00f3 va passar a ser Casino i actualment restaurant.<br \/>\u00a0<\/p>\t\t\t\t\t\t\t\t<\/div>\n\t\t\t\t<\/div>\n\t\t\t\t<div class=\"elementor-element elementor-element-1c0c6270 elementor-widget elementor-widget-image\" data-id=\"1c0c6270\" data-element_type=\"widget\" data-e-type=\"widget\" data-widget_type=\"image.default\">\n\t\t\t\t<div class=\"elementor-widget-container\">\n\t\t\t\t\t\t\t\t\t\t\t\t<figure class=\"wp-caption\">\n\t\t\t\t\t\t\t\t\t\t<img loading=\"lazy\" decoding=\"async\" width=\"800\" height=\"533\" src=\"https:\/\/www.elturistatranquil.com\/wp-content\/uploads\/F024-Baeza-1.jpg\" class=\"attachment-large size-large wp-image-13038\" alt=\"\" srcset=\"https:\/\/www.elturistatranquil.com\/wp-content\/uploads\/F024-Baeza-1.jpg 800w, https:\/\/www.elturistatranquil.com\/wp-content\/uploads\/F024-Baeza-1-768x512.jpg 768w\" sizes=\"(max-width: 800px) 100vw, 800px\" \/>\t\t\t\t\t\t\t\t\t\t\t<figcaption class=\"widget-image-caption wp-caption-text\"><\/figcaption>\n\t\t\t\t\t\t\t\t\t\t<\/figure>\n\t\t\t\t\t\t\t\t\t<\/div>\n\t\t\t\t<\/div>\n\t\t\t\t<div class=\"elementor-element elementor-element-5b4d3acc elementor-widget elementor-widget-heading\" data-id=\"5b4d3acc\" data-element_type=\"widget\" data-e-type=\"widget\" data-widget_type=\"heading.default\">\n\t\t\t\t<div class=\"elementor-widget-container\">\n\t\t\t\t\t<h4 class=\"elementor-heading-title elementor-size-small\">Escultura urbana de Machado<\/h4>\t\t\t\t<\/div>\n\t\t\t\t<\/div>\n\t\t\t\t<div class=\"elementor-element elementor-element-32bf85da elementor-widget elementor-widget-text-editor\" data-id=\"32bf85da\" data-element_type=\"widget\" data-e-type=\"widget\" data-widget_type=\"text-editor.default\">\n\t\t\t\t<div class=\"elementor-widget-container\">\n\t\t\t\t\t\t\t\t\t<p>Davant del Palau dels S\u00e1nchez Valenzuela es situa un banc amb una escultura en bronze d&#8217;homenatge i record al poeta Antonio Machado, en commemoraci\u00f3 del 70 aniversari de la seva mort.<\/p>\t\t\t\t\t\t\t\t<\/div>\n\t\t\t\t<\/div>\n\t\t\t\t<div class=\"elementor-element elementor-element-6ffd0023 elementor-widget elementor-widget-image\" data-id=\"6ffd0023\" data-element_type=\"widget\" data-e-type=\"widget\" data-widget_type=\"image.default\">\n\t\t\t\t<div class=\"elementor-widget-container\">\n\t\t\t\t\t\t\t\t\t\t\t\t<figure class=\"wp-caption\">\n\t\t\t\t\t\t\t\t\t\t<img loading=\"lazy\" decoding=\"async\" width=\"800\" height=\"533\" src=\"https:\/\/www.elturistatranquil.com\/wp-content\/uploads\/F027-Baeza-Machado-1.jpg\" class=\"attachment-large size-large wp-image-13040\" alt=\"\" srcset=\"https:\/\/www.elturistatranquil.com\/wp-content\/uploads\/F027-Baeza-Machado-1.jpg 800w, https:\/\/www.elturistatranquil.com\/wp-content\/uploads\/F027-Baeza-Machado-1-768x512.jpg 768w\" sizes=\"(max-width: 800px) 100vw, 800px\" \/>\t\t\t\t\t\t\t\t\t\t\t<figcaption class=\"widget-image-caption wp-caption-text\">Escultura urbana d\u2019Antonio Machado de l\u2019escultor Antonio P\u00e9rez Almahan<\/figcaption>\n\t\t\t\t\t\t\t\t\t\t<\/figure>\n\t\t\t\t\t\t\t\t\t<\/div>\n\t\t\t\t<\/div>\n\t\t\t\t<div class=\"elementor-element elementor-element-543389ed elementor-widget elementor-widget-heading\" data-id=\"543389ed\" data-element_type=\"widget\" data-e-type=\"widget\" data-widget_type=\"heading.default\">\n\t\t\t\t<div class=\"elementor-widget-container\">\n\t\t\t\t\t<h4 class=\"elementor-heading-title elementor-size-small\">Palau dels Salcedo o dels Condes de Garc\u00edez (44)<\/h4>\t\t\t\t<\/div>\n\t\t\t\t<\/div>\n\t\t\t\t<div class=\"elementor-element elementor-element-1584f0e7 elementor-widget elementor-widget-text-editor\" data-id=\"1584f0e7\" data-element_type=\"widget\" data-e-type=\"widget\" data-widget_type=\"text-editor.default\">\n\t\t\t\t<div class=\"elementor-widget-container\">\n\t\t\t\t\t\t\t\t\t<p>Aquest edifici de principis del segle XVI, manat construir per D. Juan Rubio de Salcedo, mostra un estil g\u00f2tic tard\u00e0.<\/p><p>En la seva fa\u00e7ana es diferencien tres plantes amb tres decoracions: la baixa, amb la seva portada de mig punt amb dovelles, la seg\u00fcent amb els seus arcs conopials, i l&#8217;\u00faltima, decorada amb gust plateresc.<\/p>\t\t\t\t\t\t\t\t<\/div>\n\t\t\t\t<\/div>\n\t\t\t\t<div class=\"elementor-element elementor-element-3260f52d elementor-widget elementor-widget-image\" data-id=\"3260f52d\" data-element_type=\"widget\" data-e-type=\"widget\" data-widget_type=\"image.default\">\n\t\t\t\t<div class=\"elementor-widget-container\">\n\t\t\t\t\t\t\t\t\t\t\t\t<figure class=\"wp-caption\">\n\t\t\t\t\t\t\t\t\t\t<img loading=\"lazy\" decoding=\"async\" width=\"800\" height=\"533\" src=\"https:\/\/www.elturistatranquil.com\/wp-content\/uploads\/F025-Baeza-Palacio-de-los-Salcedo-1.jpg\" class=\"attachment-large size-large wp-image-13042\" alt=\"\" srcset=\"https:\/\/www.elturistatranquil.com\/wp-content\/uploads\/F025-Baeza-Palacio-de-los-Salcedo-1.jpg 800w, https:\/\/www.elturistatranquil.com\/wp-content\/uploads\/F025-Baeza-Palacio-de-los-Salcedo-1-768x512.jpg 768w\" sizes=\"(max-width: 800px) 100vw, 800px\" \/>\t\t\t\t\t\t\t\t\t\t\t<figcaption class=\"widget-image-caption wp-caption-text\"><\/figcaption>\n\t\t\t\t\t\t\t\t\t\t<\/figure>\n\t\t\t\t\t\t\t\t\t<\/div>\n\t\t\t\t<\/div>\n\t\t\t\t<div class=\"elementor-element elementor-element-74325834 elementor-widget elementor-widget-text-editor\" data-id=\"74325834\" data-element_type=\"widget\" data-e-type=\"widget\" data-widget_type=\"text-editor.default\">\n\t\t\t\t<div class=\"elementor-widget-container\">\n\t\t\t\t\t\t\t\t\t<p>Una porta de mig punt i grans dovelles s&#8217;obre a l&#8217;extrem dret de la fa\u00e7ana, havent substitu\u00eft la primitiva g\u00f2tica.<\/p>\t\t\t\t\t\t\t\t<\/div>\n\t\t\t\t<\/div>\n\t\t\t\t<div class=\"elementor-element elementor-element-13c6a6eb elementor-widget elementor-widget-image\" data-id=\"13c6a6eb\" data-element_type=\"widget\" data-e-type=\"widget\" data-widget_type=\"image.default\">\n\t\t\t\t<div class=\"elementor-widget-container\">\n\t\t\t\t\t\t\t\t\t\t\t\t<figure class=\"wp-caption\">\n\t\t\t\t\t\t\t\t\t\t<img loading=\"lazy\" decoding=\"async\" width=\"366\" height=\"550\" src=\"https:\/\/www.elturistatranquil.com\/wp-content\/uploads\/F026-Baeza-1.jpg\" class=\"attachment-large size-large wp-image-13044\" alt=\"\" \/>\t\t\t\t\t\t\t\t\t\t\t<figcaption class=\"widget-image-caption wp-caption-text\"><\/figcaption>\n\t\t\t\t\t\t\t\t\t\t<\/figure>\n\t\t\t\t\t\t\t\t\t<\/div>\n\t\t\t\t<\/div>\n\t\t\t\t<div class=\"elementor-element elementor-element-595f3560 elementor-widget elementor-widget-heading\" data-id=\"595f3560\" data-element_type=\"widget\" data-e-type=\"widget\" data-widget_type=\"heading.default\">\n\t\t\t\t<div class=\"elementor-widget-container\">\n\t\t\t\t\t<h4 class=\"elementor-heading-title elementor-size-small\">Vista del carrer San Pablo des de la Pla\u00e7a de Espa\u00f1a<\/h4>\t\t\t\t<\/div>\n\t\t\t\t<\/div>\n\t\t\t\t<div class=\"elementor-element elementor-element-32f712ea elementor-widget elementor-widget-text-editor\" data-id=\"32f712ea\" data-element_type=\"widget\" data-e-type=\"widget\" data-widget_type=\"text-editor.default\">\n\t\t\t\t<div class=\"elementor-widget-container\">\n\t\t\t\t\t\t\t\t\t<p>Des d&#8217;aquesta perspectiva s&#8217;observa clarament la seq\u00fc\u00e8ncia de palaus del costat dret d&#8217;aquest carrer important de l&#8217;eixample.<\/p>\t\t\t\t\t\t\t\t<\/div>\n\t\t\t\t<\/div>\n\t\t\t\t<div class=\"elementor-element elementor-element-11f37660 elementor-widget elementor-widget-image\" data-id=\"11f37660\" data-element_type=\"widget\" data-e-type=\"widget\" data-widget_type=\"image.default\">\n\t\t\t\t<div class=\"elementor-widget-container\">\n\t\t\t\t\t\t\t\t\t\t\t\t<figure class=\"wp-caption\">\n\t\t\t\t\t\t\t\t\t\t<img loading=\"lazy\" decoding=\"async\" width=\"800\" height=\"533\" src=\"https:\/\/www.elturistatranquil.com\/wp-content\/uploads\/F028-Baeza-1.jpg\" class=\"attachment-large size-large wp-image-13046\" alt=\"\" srcset=\"https:\/\/www.elturistatranquil.com\/wp-content\/uploads\/F028-Baeza-1.jpg 800w, https:\/\/www.elturistatranquil.com\/wp-content\/uploads\/F028-Baeza-1-768x512.jpg 768w\" sizes=\"(max-width: 800px) 100vw, 800px\" \/>\t\t\t\t\t\t\t\t\t\t\t<figcaption class=\"widget-image-caption wp-caption-text\"><\/figcaption>\n\t\t\t\t\t\t\t\t\t\t<\/figure>\n\t\t\t\t\t\t\t\t\t<\/div>\n\t\t\t\t<\/div>\n\t\t\t\t<div class=\"elementor-element elementor-element-5e1e6af2 elementor-widget elementor-widget-menu-anchor\" data-id=\"5e1e6af2\" data-element_type=\"widget\" data-e-type=\"widget\" data-widget_type=\"menu-anchor.default\">\n\t\t\t\t<div class=\"elementor-widget-container\">\n\t\t\t\t\t\t\t<div class=\"elementor-menu-anchor\" id=\"c2409\"><\/div>\n\t\t\t\t\t\t<\/div>\n\t\t\t\t<\/div>\n\t\t\t\t<div class=\"elementor-element elementor-element-6460c0b5 elementor-widget elementor-widget-text-editor\" data-id=\"6460c0b5\" data-element_type=\"widget\" data-e-type=\"widget\" data-widget_type=\"text-editor.default\">\n\t\t\t\t<div class=\"elementor-widget-container\">\n\t\t\t\t\t\t\t\t\t<p>Arribo al punt de contacte amb la muralla medieval de la alcassaba.<\/p><p>Deixo la Zona I de la meva divisi\u00f3 per endinsar-me en la Zona II del pl\u00e0nol.<\/p>\t\t\t\t\t\t\t\t<\/div>\n\t\t\t\t<\/div>\n\t\t\t\t<div class=\"elementor-element elementor-element-6d327300 elementor-widget elementor-widget-heading\" data-id=\"6d327300\" data-element_type=\"widget\" data-e-type=\"widget\" data-widget_type=\"heading.default\">\n\t\t\t\t<div class=\"elementor-widget-container\">\n\t\t\t\t\t<h2 class=\"elementor-heading-title elementor-size-default\">Barri de San Francisco i Passeig de la Constituci\u00f3n (II)<\/h2>\t\t\t\t<\/div>\n\t\t\t\t<\/div>\n\t\t\t\t<div class=\"elementor-element elementor-element-2096c9f2 elementor-widget elementor-widget-menu-anchor\" data-id=\"2096c9f2\" data-element_type=\"widget\" data-e-type=\"widget\" data-widget_type=\"menu-anchor.default\">\n\t\t\t\t<div class=\"elementor-widget-container\">\n\t\t\t\t\t\t\t<div class=\"elementor-menu-anchor\" id=\"c2410\"><\/div>\n\t\t\t\t\t\t<\/div>\n\t\t\t\t<\/div>\n\t\t\t\t<div class=\"elementor-element elementor-element-53257120 elementor-widget elementor-widget-image\" data-id=\"53257120\" data-element_type=\"widget\" data-e-type=\"widget\" data-widget_type=\"image.default\">\n\t\t\t\t<div class=\"elementor-widget-container\">\n\t\t\t\t\t\t\t\t\t\t\t\t<figure class=\"wp-caption\">\n\t\t\t\t\t\t\t\t\t\t<img loading=\"lazy\" decoding=\"async\" width=\"800\" height=\"533\" src=\"https:\/\/www.elturistatranquil.com\/wp-content\/uploads\/F006-Baeza-1.jpg\" class=\"attachment-large size-large wp-image-13002\" alt=\"\" srcset=\"https:\/\/www.elturistatranquil.com\/wp-content\/uploads\/F006-Baeza-1.jpg 800w, https:\/\/www.elturistatranquil.com\/wp-content\/uploads\/F006-Baeza-1-768x512.jpg 768w\" sizes=\"(max-width: 800px) 100vw, 800px\" \/>\t\t\t\t\t\t\t\t\t\t\t<figcaption class=\"widget-image-caption wp-caption-text\"><\/figcaption>\n\t\t\t\t\t\t\t\t\t\t<\/figure>\n\t\t\t\t\t\t\t\t\t<\/div>\n\t\t\t\t<\/div>\n\t\t\t\t<div class=\"elementor-element elementor-element-7cd27373 elementor-widget elementor-widget-heading\" data-id=\"7cd27373\" data-element_type=\"widget\" data-e-type=\"widget\" data-widget_type=\"heading.default\">\n\t\t\t\t<div class=\"elementor-widget-container\">\n\t\t\t\t\t<h3 class=\"elementor-heading-title elementor-size-default\">Pla\u00e7a de Espa\u00f1a<\/h3>\t\t\t\t<\/div>\n\t\t\t\t<\/div>\n\t\t\t\t<div class=\"elementor-element elementor-element-76918987 elementor-widget elementor-widget-text-editor\" data-id=\"76918987\" data-element_type=\"widget\" data-e-type=\"widget\" data-widget_type=\"text-editor.default\">\n\t\t\t\t<div class=\"elementor-widget-container\">\n\t\t\t\t\t\t\t\t\t<p>La Pla\u00e7a de Espa\u00f1a est\u00e0 situada a l&#8217;extrem nord del passeig de la Constituci\u00f3. En aquest punt podem observar la Torre dels Aliatares que es correspon amb el v\u00e8rtex nord de la muralla de l&#8217;Alcassaba.<\/p>\t\t\t\t\t\t\t\t<\/div>\n\t\t\t\t<\/div>\n\t\t\t\t<div class=\"elementor-element elementor-element-7a812c74 elementor-widget elementor-widget-heading\" data-id=\"7a812c74\" data-element_type=\"widget\" data-e-type=\"widget\" data-widget_type=\"heading.default\">\n\t\t\t\t<div class=\"elementor-widget-container\">\n\t\t\t\t\t<h4 class=\"elementor-heading-title elementor-size-small\">Torre de los Aliatares (5)<\/h4>\t\t\t\t<\/div>\n\t\t\t\t<\/div>\n\t\t\t\t<div class=\"elementor-element elementor-element-62d91a4e elementor-widget elementor-widget-text-editor\" data-id=\"62d91a4e\" data-element_type=\"widget\" data-e-type=\"widget\" data-widget_type=\"text-editor.default\">\n\t\t\t\t<div class=\"elementor-widget-container\">\n\t\t\t\t\t\t\t\t\t<p>Es va edificar unida a la muralla musulmana al segle XII. T\u00e9 una al\u00e7ada de 25 metres. Les merlets es van afegir al segle XX.<\/p><p>Com tamb\u00e9 \u00e9s for\u00e7a usual, es va aprofitar la torre per instal\u00b7lar un rellotge en el segle XIX.<\/p>\t\t\t\t\t\t\t\t<\/div>\n\t\t\t\t<\/div>\n\t\t\t\t<div class=\"elementor-element elementor-element-36c6546c elementor-widget elementor-widget-image\" data-id=\"36c6546c\" data-element_type=\"widget\" data-e-type=\"widget\" data-widget_type=\"image.default\">\n\t\t\t\t<div class=\"elementor-widget-container\">\n\t\t\t\t\t\t\t\t\t\t\t\t<figure class=\"wp-caption\">\n\t\t\t\t\t\t\t\t\t\t<img loading=\"lazy\" decoding=\"async\" width=\"800\" height=\"533\" src=\"https:\/\/www.elturistatranquil.com\/wp-content\/uploads\/F030-Baeza-1.jpg\" class=\"attachment-large size-large wp-image-13048\" alt=\"\" srcset=\"https:\/\/www.elturistatranquil.com\/wp-content\/uploads\/F030-Baeza-1.jpg 800w, https:\/\/www.elturistatranquil.com\/wp-content\/uploads\/F030-Baeza-1-768x512.jpg 768w\" sizes=\"(max-width: 800px) 100vw, 800px\" \/>\t\t\t\t\t\t\t\t\t\t\t<figcaption class=\"widget-image-caption wp-caption-text\"><\/figcaption>\n\t\t\t\t\t\t\t\t\t\t<\/figure>\n\t\t\t\t\t\t\t\t\t<\/div>\n\t\t\t\t<\/div>\n\t\t\t\t<div class=\"elementor-element elementor-element-748d2b56 elementor-widget elementor-widget-text-editor\" data-id=\"748d2b56\" data-element_type=\"widget\" data-e-type=\"widget\" data-widget_type=\"text-editor.default\">\n\t\t\t\t<div class=\"elementor-widget-container\">\n\t\t\t\t\t\t\t\t\t<p>El final del carrer Barbacanas desemboca a la torre de Los Aliatares i mitjan\u00e7ant el Passatge Barbacana enlla\u00e7a amb la Pla\u00e7a d&#8217;Espanya.<\/p>\t\t\t\t\t\t\t\t<\/div>\n\t\t\t\t<\/div>\n\t\t\t\t<div class=\"elementor-element elementor-element-47e2f7c4 elementor-widget elementor-widget-image\" data-id=\"47e2f7c4\" data-element_type=\"widget\" data-e-type=\"widget\" data-widget_type=\"image.default\">\n\t\t\t\t<div class=\"elementor-widget-container\">\n\t\t\t\t\t\t\t\t\t\t\t\t<figure class=\"wp-caption\">\n\t\t\t\t\t\t\t\t\t\t<img loading=\"lazy\" decoding=\"async\" width=\"800\" height=\"533\" src=\"https:\/\/www.elturistatranquil.com\/wp-content\/uploads\/F031-Baeza-1.jpg\" class=\"attachment-large size-large wp-image-13050\" alt=\"\" srcset=\"https:\/\/www.elturistatranquil.com\/wp-content\/uploads\/F031-Baeza-1.jpg 800w, https:\/\/www.elturistatranquil.com\/wp-content\/uploads\/F031-Baeza-1-768x512.jpg 768w\" sizes=\"(max-width: 800px) 100vw, 800px\" \/>\t\t\t\t\t\t\t\t\t\t\t<figcaption class=\"widget-image-caption wp-caption-text\"><\/figcaption>\n\t\t\t\t\t\t\t\t\t\t<\/figure>\n\t\t\t\t\t\t\t\t\t<\/div>\n\t\t\t\t<\/div>\n\t\t\t\t<div class=\"elementor-element elementor-element-2831b9fb elementor-widget elementor-widget-heading\" data-id=\"2831b9fb\" data-element_type=\"widget\" data-e-type=\"widget\" data-widget_type=\"heading.default\">\n\t\t\t\t<div class=\"elementor-widget-container\">\n\t\t\t\t\t<h4 class=\"elementor-heading-title elementor-size-small\">Porxos Pla\u00e7a de Espa\u00f1a, Carrer San Francisco<\/h4>\t\t\t\t<\/div>\n\t\t\t\t<\/div>\n\t\t\t\t<div class=\"elementor-element elementor-element-75b932a9 elementor-widget elementor-widget-text-editor\" data-id=\"75b932a9\" data-element_type=\"widget\" data-e-type=\"widget\" data-widget_type=\"text-editor.default\">\n\t\t\t\t<div class=\"elementor-widget-container\">\n\t\t\t\t\t\t\t\t\t<p>Els porxos del costat nord de la Pla\u00e7a de Espa\u00f1a condueixen al carrer San Francisco.<\/p>\t\t\t\t\t\t\t\t<\/div>\n\t\t\t\t<\/div>\n\t\t\t\t<div class=\"elementor-element elementor-element-28ce4056 elementor-widget elementor-widget-menu-anchor\" data-id=\"28ce4056\" data-element_type=\"widget\" data-e-type=\"widget\" data-widget_type=\"menu-anchor.default\">\n\t\t\t\t<div class=\"elementor-widget-container\">\n\t\t\t\t\t\t\t<div class=\"elementor-menu-anchor\" id=\"c2411\"><\/div>\n\t\t\t\t\t\t<\/div>\n\t\t\t\t<\/div>\n\t\t\t\t<div class=\"elementor-element elementor-element-158405ab elementor-widget elementor-widget-image\" data-id=\"158405ab\" data-element_type=\"widget\" data-e-type=\"widget\" data-widget_type=\"image.default\">\n\t\t\t\t<div class=\"elementor-widget-container\">\n\t\t\t\t\t\t\t\t\t\t\t\t<figure class=\"wp-caption\">\n\t\t\t\t\t\t\t\t\t\t<img loading=\"lazy\" decoding=\"async\" width=\"800\" height=\"533\" src=\"https:\/\/www.elturistatranquil.com\/wp-content\/uploads\/F032-Baeza-1.jpg\" class=\"attachment-large size-large wp-image-13052\" alt=\"\" srcset=\"https:\/\/www.elturistatranquil.com\/wp-content\/uploads\/F032-Baeza-1.jpg 800w, https:\/\/www.elturistatranquil.com\/wp-content\/uploads\/F032-Baeza-1-768x512.jpg 768w\" sizes=\"(max-width: 800px) 100vw, 800px\" \/>\t\t\t\t\t\t\t\t\t\t\t<figcaption class=\"widget-image-caption wp-caption-text\"><\/figcaption>\n\t\t\t\t\t\t\t\t\t\t<\/figure>\n\t\t\t\t\t\t\t\t\t<\/div>\n\t\t\t\t<\/div>\n\t\t\t\t<div class=\"elementor-element elementor-element-37360935 elementor-widget elementor-widget-heading\" data-id=\"37360935\" data-element_type=\"widget\" data-e-type=\"widget\" data-widget_type=\"heading.default\">\n\t\t\t\t<div class=\"elementor-widget-container\">\n\t\t\t\t\t<h3 class=\"elementor-heading-title elementor-size-default\">Carrer San Francisco<\/h3>\t\t\t\t<\/div>\n\t\t\t\t<\/div>\n\t\t\t\t<div class=\"elementor-element elementor-element-5ad4cb66 elementor-widget elementor-widget-text-editor\" data-id=\"5ad4cb66\" data-element_type=\"widget\" data-e-type=\"widget\" data-widget_type=\"text-editor.default\">\n\t\t\t\t<div class=\"elementor-widget-container\">\n\t\t\t\t\t\t\t\t\t<p>Seguint el carrer San Francisco continuem en la zona de l&#8217;eixample amb cases dels segles XIX i XX.<\/p>\t\t\t\t\t\t\t\t<\/div>\n\t\t\t\t<\/div>\n\t\t\t\t<div class=\"elementor-element elementor-element-14289a16 elementor-widget elementor-widget-heading\" data-id=\"14289a16\" data-element_type=\"widget\" data-e-type=\"widget\" data-widget_type=\"heading.default\">\n\t\t\t\t<div class=\"elementor-widget-container\">\n\t\t\t\t\t<h4 class=\"elementor-heading-title elementor-size-small\">Esgl\u00e9sia de l'Hospital de la Pur\u00edsima Concepci\u00f3n (38)<\/h4>\t\t\t\t<\/div>\n\t\t\t\t<\/div>\n\t\t\t\t<div class=\"elementor-element elementor-element-13e899fb elementor-widget elementor-widget-text-editor\" data-id=\"13e899fb\" data-element_type=\"widget\" data-e-type=\"widget\" data-widget_type=\"text-editor.default\">\n\t\t\t\t<div class=\"elementor-widget-container\">\n\t\t\t\t\t\t\t\t\t<p>De fundaci\u00f3 molt anterior al segle XVI, va ser l&#8217;antic hospital de la Concepci\u00f3n. La part que es conserva \u00e9s la de la primera meitat del segle XVII.<\/p><p>La portada t\u00e9 dues elevades pilastres flanquejant un gran arc i una porta de mig punt. A sobre un relleu de la Concepci\u00f3.<\/p><p>L&#8217;entrada a l&#8217;Esgl\u00e9sia s&#8217;efectua a trav\u00e9s d&#8217;un atri de quatre arcs.<\/p><p>Com hospital va deixar de funcionar el 1940.<\/p>\t\t\t\t\t\t\t\t<\/div>\n\t\t\t\t<\/div>\n\t\t\t\t<div class=\"elementor-element elementor-element-5c936005 elementor-widget elementor-widget-image\" data-id=\"5c936005\" data-element_type=\"widget\" data-e-type=\"widget\" data-widget_type=\"image.default\">\n\t\t\t\t<div class=\"elementor-widget-container\">\n\t\t\t\t\t\t\t\t\t\t\t\t<figure class=\"wp-caption\">\n\t\t\t\t\t\t\t\t\t\t<img loading=\"lazy\" decoding=\"async\" width=\"800\" height=\"533\" src=\"https:\/\/www.elturistatranquil.com\/wp-content\/uploads\/F033-Baeza-1.jpg\" class=\"attachment-large size-large wp-image-13054\" alt=\"\" srcset=\"https:\/\/www.elturistatranquil.com\/wp-content\/uploads\/F033-Baeza-1.jpg 800w, https:\/\/www.elturistatranquil.com\/wp-content\/uploads\/F033-Baeza-1-768x512.jpg 768w\" sizes=\"(max-width: 800px) 100vw, 800px\" \/>\t\t\t\t\t\t\t\t\t\t\t<figcaption class=\"widget-image-caption wp-caption-text\"><\/figcaption>\n\t\t\t\t\t\t\t\t\t\t<\/figure>\n\t\t\t\t\t\t\t\t\t<\/div>\n\t\t\t\t<\/div>\n\t\t\t\t<div class=\"elementor-element elementor-element-6be68544 elementor-widget elementor-widget-image\" data-id=\"6be68544\" data-element_type=\"widget\" data-e-type=\"widget\" data-widget_type=\"image.default\">\n\t\t\t\t<div class=\"elementor-widget-container\">\n\t\t\t\t\t\t\t\t\t\t\t\t<figure class=\"wp-caption\">\n\t\t\t\t\t\t\t\t\t\t<img loading=\"lazy\" decoding=\"async\" width=\"366\" height=\"550\" src=\"https:\/\/www.elturistatranquil.com\/wp-content\/uploads\/F034-Baeza-1.jpg\" class=\"attachment-large size-large wp-image-13056\" alt=\"\" \/>\t\t\t\t\t\t\t\t\t\t\t<figcaption class=\"widget-image-caption wp-caption-text\"><\/figcaption>\n\t\t\t\t\t\t\t\t\t\t<\/figure>\n\t\t\t\t\t\t\t\t\t<\/div>\n\t\t\t\t<\/div>\n\t\t\t\t<div class=\"elementor-element elementor-element-6f158c7e elementor-widget elementor-widget-heading\" data-id=\"6f158c7e\" data-element_type=\"widget\" data-e-type=\"widget\" data-widget_type=\"heading.default\">\n\t\t\t\t<div class=\"elementor-widget-container\">\n\t\t\t\t\t<h4 class=\"elementor-heading-title elementor-size-small\">Mercat de Abastos<\/h4>\t\t\t\t<\/div>\n\t\t\t\t<\/div>\n\t\t\t\t<div class=\"elementor-element elementor-element-4c8d0dae elementor-widget elementor-widget-text-editor\" data-id=\"4c8d0dae\" data-element_type=\"widget\" data-e-type=\"widget\" data-widget_type=\"text-editor.default\">\n\t\t\t\t<div class=\"elementor-widget-container\">\n\t\t\t\t\t\t\t\t\t<p>El Mercat de Abastos \u00e9s un edifici d&#8217;estil historicista constru\u00eft el 1950. Cont\u00e9 una llotja i una galeria de cinc obertures d&#8217;arc de mig punt motllurats.<\/p>\t\t\t\t\t\t\t\t<\/div>\n\t\t\t\t<\/div>\n\t\t\t\t<div class=\"elementor-element elementor-element-7d4c7edf elementor-widget elementor-widget-image\" data-id=\"7d4c7edf\" data-element_type=\"widget\" data-e-type=\"widget\" data-widget_type=\"image.default\">\n\t\t\t\t<div class=\"elementor-widget-container\">\n\t\t\t\t\t\t\t\t\t\t\t\t<figure class=\"wp-caption\">\n\t\t\t\t\t\t\t\t\t\t<img loading=\"lazy\" decoding=\"async\" width=\"800\" height=\"533\" src=\"https:\/\/www.elturistatranquil.com\/wp-content\/uploads\/F035-Baeza-1.jpg\" class=\"attachment-large size-large wp-image-13058\" alt=\"\" srcset=\"https:\/\/www.elturistatranquil.com\/wp-content\/uploads\/F035-Baeza-1.jpg 800w, https:\/\/www.elturistatranquil.com\/wp-content\/uploads\/F035-Baeza-1-768x512.jpg 768w\" sizes=\"(max-width: 800px) 100vw, 800px\" \/>\t\t\t\t\t\t\t\t\t\t\t<figcaption class=\"widget-image-caption wp-caption-text\"><\/figcaption>\n\t\t\t\t\t\t\t\t\t\t<\/figure>\n\t\t\t\t\t\t\t\t\t<\/div>\n\t\t\t\t<\/div>\n\t\t\t\t<div class=\"elementor-element elementor-element-7d033884 elementor-widget elementor-widget-heading\" data-id=\"7d033884\" data-element_type=\"widget\" data-e-type=\"widget\" data-widget_type=\"heading.default\">\n\t\t\t\t<div class=\"elementor-widget-container\">\n\t\t\t\t\t<h4 class=\"elementor-heading-title elementor-size-small\">Convent de San Francisco (37)<\/h4>\t\t\t\t<\/div>\n\t\t\t\t<\/div>\n\t\t\t\t<div class=\"elementor-element elementor-element-6266f2c0 elementor-widget elementor-widget-text-editor\" data-id=\"6266f2c0\" data-element_type=\"widget\" data-e-type=\"widget\" data-widget_type=\"text-editor.default\">\n\t\t\t\t<div class=\"elementor-widget-container\">\n\t\t\t\t\t\t\t\t\t<p>Fundat el 1538, va ser un convent francisc\u00e0 constru\u00eft en estil renaixentista andal\u00fas per Andr\u00e9s de Vandelvira. Remodelat despr\u00e9s d&#8217;un terratr\u00e8mol de principis del segle XIX.<\/p><p>La fa\u00e7ana principal consta d&#8217;un arc flanquejat per dobles pilastres. La porta de mig punt entre columnes d\u00f2riques aparellades.<\/p>\t\t\t\t\t\t\t\t<\/div>\n\t\t\t\t<\/div>\n\t\t\t\t<div class=\"elementor-element elementor-element-4966846d elementor-widget elementor-widget-menu-anchor\" data-id=\"4966846d\" data-element_type=\"widget\" data-e-type=\"widget\" data-widget_type=\"menu-anchor.default\">\n\t\t\t\t<div class=\"elementor-widget-container\">\n\t\t\t\t\t\t\t<div class=\"elementor-menu-anchor\" id=\"c2412\"><\/div>\n\t\t\t\t\t\t<\/div>\n\t\t\t\t<\/div>\n\t\t\t\t<div class=\"elementor-element elementor-element-5c7ee70d elementor-widget elementor-widget-image\" data-id=\"5c7ee70d\" data-element_type=\"widget\" data-e-type=\"widget\" data-widget_type=\"image.default\">\n\t\t\t\t<div class=\"elementor-widget-container\">\n\t\t\t\t\t\t\t\t\t\t\t\t<figure class=\"wp-caption\">\n\t\t\t\t\t\t\t\t\t\t<img loading=\"lazy\" decoding=\"async\" width=\"800\" height=\"533\" src=\"https:\/\/www.elturistatranquil.com\/wp-content\/uploads\/F037-Baeza-1.jpg\" class=\"attachment-large size-large wp-image-13060\" alt=\"\" srcset=\"https:\/\/www.elturistatranquil.com\/wp-content\/uploads\/F037-Baeza-1.jpg 800w, https:\/\/www.elturistatranquil.com\/wp-content\/uploads\/F037-Baeza-1-768x512.jpg 768w\" sizes=\"(max-width: 800px) 100vw, 800px\" \/>\t\t\t\t\t\t\t\t\t\t\t<figcaption class=\"widget-image-caption wp-caption-text\"><\/figcaption>\n\t\t\t\t\t\t\t\t\t\t<\/figure>\n\t\t\t\t\t\t\t\t\t<\/div>\n\t\t\t\t<\/div>\n\t\t\t\t<div class=\"elementor-element elementor-element-35737451 elementor-widget elementor-widget-heading\" data-id=\"35737451\" data-element_type=\"widget\" data-e-type=\"widget\" data-widget_type=\"heading.default\">\n\t\t\t\t<div class=\"elementor-widget-container\">\n\t\t\t\t\t<h3 class=\"elementor-heading-title elementor-size-default\">Carrer General Benavides<\/h3>\t\t\t\t<\/div>\n\t\t\t\t<\/div>\n\t\t\t\t<div class=\"elementor-element elementor-element-6c83066d elementor-widget elementor-widget-text-editor\" data-id=\"6c83066d\" data-element_type=\"widget\" data-e-type=\"widget\" data-widget_type=\"text-editor.default\">\n\t\t\t\t<div class=\"elementor-widget-container\">\n\t\t\t\t\t\t\t\t\t<p>Ampli carrer del primer eixample de Baeza amb una s\u00e8rie de cases del segle XIX.<\/p>\t\t\t\t\t\t\t\t<\/div>\n\t\t\t\t<\/div>\n\t\t\t\t<div class=\"elementor-element elementor-element-375879a elementor-widget elementor-widget-heading\" data-id=\"375879a\" data-element_type=\"widget\" data-e-type=\"widget\" data-widget_type=\"heading.default\">\n\t\t\t\t<div class=\"elementor-widget-container\">\n\t\t\t\t\t<h4 class=\"elementor-heading-title elementor-size-small\">Ajuntament. Antiga Pres\u00f3 i Casa de Corregidores (36)<\/h4>\t\t\t\t<\/div>\n\t\t\t\t<\/div>\n\t\t\t\t<div class=\"elementor-element elementor-element-2f77f616 elementor-widget elementor-widget-text-editor\" data-id=\"2f77f616\" data-element_type=\"widget\" data-e-type=\"widget\" data-widget_type=\"text-editor.default\">\n\t\t\t\t<div class=\"elementor-widget-container\">\n\t\t\t\t\t\t\t\t\t<p>Edifici d&#8217;estil itali\u00e0 amb adorns platerescs de l&#8217;any 1559. Antigament va ser una pres\u00f3 i la Casa de Just\u00edcia, transformant-se en Ajuntament en 1867.<\/p><p>T\u00e9 molt poc aspecte de pres\u00f3 per al qual va ser concebut.<\/p><p>La primera porta en arc de mig punt era la de la pres\u00f3 i la de la just\u00edcia en arc escarser.<\/p>\t\t\t\t\t\t\t\t<\/div>\n\t\t\t\t<\/div>\n\t\t\t\t<div class=\"elementor-element elementor-element-1c855a76 elementor-widget elementor-widget-image\" data-id=\"1c855a76\" data-element_type=\"widget\" data-e-type=\"widget\" data-widget_type=\"image.default\">\n\t\t\t\t<div class=\"elementor-widget-container\">\n\t\t\t\t\t\t\t\t\t\t\t\t<figure class=\"wp-caption\">\n\t\t\t\t\t\t\t\t\t\t<img loading=\"lazy\" decoding=\"async\" width=\"800\" height=\"533\" src=\"https:\/\/www.elturistatranquil.com\/wp-content\/uploads\/F038-Baeza-1.jpg\" class=\"attachment-large size-large wp-image-13062\" alt=\"\" srcset=\"https:\/\/www.elturistatranquil.com\/wp-content\/uploads\/F038-Baeza-1.jpg 800w, https:\/\/www.elturistatranquil.com\/wp-content\/uploads\/F038-Baeza-1-768x512.jpg 768w\" sizes=\"(max-width: 800px) 100vw, 800px\" \/>\t\t\t\t\t\t\t\t\t\t\t<figcaption class=\"widget-image-caption wp-caption-text\"><\/figcaption>\n\t\t\t\t\t\t\t\t\t\t<\/figure>\n\t\t\t\t\t\t\t\t\t<\/div>\n\t\t\t\t<\/div>\n\t\t\t\t<div class=\"elementor-element elementor-element-1eed2126 elementor-widget elementor-widget-menu-anchor\" data-id=\"1eed2126\" data-element_type=\"widget\" data-e-type=\"widget\" data-widget_type=\"menu-anchor.default\">\n\t\t\t\t<div class=\"elementor-widget-container\">\n\t\t\t\t\t\t\t<div class=\"elementor-menu-anchor\" id=\"c2413\"><\/div>\n\t\t\t\t\t\t<\/div>\n\t\t\t\t<\/div>\n\t\t\t\t<div class=\"elementor-element elementor-element-477dcb16 elementor-widget elementor-widget-image\" data-id=\"477dcb16\" data-element_type=\"widget\" data-e-type=\"widget\" data-widget_type=\"image.default\">\n\t\t\t\t<div class=\"elementor-widget-container\">\n\t\t\t\t\t\t\t\t\t\t\t\t<figure class=\"wp-caption\">\n\t\t\t\t\t\t\t\t\t\t<img loading=\"lazy\" decoding=\"async\" width=\"366\" height=\"550\" src=\"https:\/\/www.elturistatranquil.com\/wp-content\/uploads\/F039-Baeza-1.jpg\" class=\"attachment-large size-large wp-image-13064\" alt=\"\" \/>\t\t\t\t\t\t\t\t\t\t\t<figcaption class=\"widget-image-caption wp-caption-text\"><\/figcaption>\n\t\t\t\t\t\t\t\t\t\t<\/figure>\n\t\t\t\t\t\t\t\t\t<\/div>\n\t\t\t\t<\/div>\n\t\t\t\t<div class=\"elementor-element elementor-element-36b3e392 elementor-widget elementor-widget-heading\" data-id=\"36b3e392\" data-element_type=\"widget\" data-e-type=\"widget\" data-widget_type=\"heading.default\">\n\t\t\t\t<div class=\"elementor-widget-container\">\n\t\t\t\t\t<h3 class=\"elementor-heading-title elementor-size-default\">Passeig de la Constituci\u00f3n<\/h3>\t\t\t\t<\/div>\n\t\t\t\t<\/div>\n\t\t\t\t<div class=\"elementor-element elementor-element-2ea74cf elementor-widget elementor-widget-text-editor\" data-id=\"2ea74cf\" data-element_type=\"widget\" data-e-type=\"widget\" data-widget_type=\"text-editor.default\">\n\t\t\t\t<div class=\"elementor-widget-container\">\n\t\t\t\t\t\t\t\t\t<p>Pla\u00e7a central de la ciutat.<\/p>\t\t\t\t\t\t\t\t<\/div>\n\t\t\t\t<\/div>\n\t\t\t\t<div class=\"elementor-element elementor-element-5c696260 elementor-widget elementor-widget-heading\" data-id=\"5c696260\" data-element_type=\"widget\" data-e-type=\"widget\" data-widget_type=\"heading.default\">\n\t\t\t\t<div class=\"elementor-widget-container\">\n\t\t\t\t\t<h4 class=\"elementor-heading-title elementor-size-small\">Passeig de la  Constituci\u00f3n<\/h4>\t\t\t\t<\/div>\n\t\t\t\t<\/div>\n\t\t\t\t<div class=\"elementor-element elementor-element-3f139e6 elementor-widget elementor-widget-text-editor\" data-id=\"3f139e6\" data-element_type=\"widget\" data-e-type=\"widget\" data-widget_type=\"text-editor.default\">\n\t\t\t\t<div class=\"elementor-widget-container\">\n\t\t\t\t\t\t\t\t\t<p>Pla\u00e7a quasi triangular allargada amb diversos ambients situada al costat de les antigues muralles. El v\u00e8rtex sud-oest se situa prop de la pla\u00e7a de Los Leones, i la nord-est acaba a la pla\u00e7a de Espa\u00f1a al costat de la Torre de los Aliatares. Correspondria a la pla\u00e7a central de Baeza.<\/p><p>Dominen els porxos en cases del segle XIX.<\/p>\t\t\t\t\t\t\t\t<\/div>\n\t\t\t\t<\/div>\n\t\t\t\t<div class=\"elementor-element elementor-element-448930b1 elementor-widget elementor-widget-image\" data-id=\"448930b1\" data-element_type=\"widget\" data-e-type=\"widget\" data-widget_type=\"image.default\">\n\t\t\t\t<div class=\"elementor-widget-container\">\n\t\t\t\t\t\t\t\t\t\t\t\t<figure class=\"wp-caption\">\n\t\t\t\t\t\t\t\t\t\t<img loading=\"lazy\" decoding=\"async\" width=\"800\" height=\"533\" src=\"https:\/\/www.elturistatranquil.com\/wp-content\/uploads\/F040-Baeza-1.jpg\" class=\"attachment-large size-large wp-image-13066\" alt=\"\" srcset=\"https:\/\/www.elturistatranquil.com\/wp-content\/uploads\/F040-Baeza-1.jpg 800w, https:\/\/www.elturistatranquil.com\/wp-content\/uploads\/F040-Baeza-1-768x512.jpg 768w\" sizes=\"(max-width: 800px) 100vw, 800px\" \/>\t\t\t\t\t\t\t\t\t\t\t<figcaption class=\"widget-image-caption wp-caption-text\">Perspectiva nord-est<\/figcaption>\n\t\t\t\t\t\t\t\t\t\t<\/figure>\n\t\t\t\t\t\t\t\t\t<\/div>\n\t\t\t\t<\/div>\n\t\t\t\t<div class=\"elementor-element elementor-element-54b0c7b4 elementor-widget elementor-widget-image\" data-id=\"54b0c7b4\" data-element_type=\"widget\" data-e-type=\"widget\" data-widget_type=\"image.default\">\n\t\t\t\t<div class=\"elementor-widget-container\">\n\t\t\t\t\t\t\t\t\t\t\t\t<figure class=\"wp-caption\">\n\t\t\t\t\t\t\t\t\t\t<img loading=\"lazy\" decoding=\"async\" width=\"800\" height=\"533\" src=\"https:\/\/www.elturistatranquil.com\/wp-content\/uploads\/F041-Baeza-1.jpg\" class=\"attachment-large size-large wp-image-13068\" alt=\"\" srcset=\"https:\/\/www.elturistatranquil.com\/wp-content\/uploads\/F041-Baeza-1.jpg 800w, https:\/\/www.elturistatranquil.com\/wp-content\/uploads\/F041-Baeza-1-768x512.jpg 768w\" sizes=\"(max-width: 800px) 100vw, 800px\" \/>\t\t\t\t\t\t\t\t\t\t\t<figcaption class=\"widget-image-caption wp-caption-text\">Perspectiva sud-oest<\/figcaption>\n\t\t\t\t\t\t\t\t\t\t<\/figure>\n\t\t\t\t\t\t\t\t\t<\/div>\n\t\t\t\t<\/div>\n\t\t\t\t<div class=\"elementor-element elementor-element-277e9bc9 elementor-widget elementor-widget-text-editor\" data-id=\"277e9bc9\" data-element_type=\"widget\" data-e-type=\"widget\" data-widget_type=\"text-editor.default\">\n\t\t\t\t<div class=\"elementor-widget-container\">\n\t\t\t\t\t\t\t\t\t<p>Al centre de la pla\u00e7a hi trobem un Quiosc de M\u00fasica i la Font de la Estrella.<\/p>\t\t\t\t\t\t\t\t<\/div>\n\t\t\t\t<\/div>\n\t\t\t\t<div class=\"elementor-element elementor-element-14788839 elementor-widget elementor-widget-heading\" data-id=\"14788839\" data-element_type=\"widget\" data-e-type=\"widget\" data-widget_type=\"heading.default\">\n\t\t\t\t<div class=\"elementor-widget-container\">\n\t\t\t\t\t<h4 class=\"elementor-heading-title elementor-size-small\">Quiosc de M\u00fasica<\/h4>\t\t\t\t<\/div>\n\t\t\t\t<\/div>\n\t\t\t\t<div class=\"elementor-element elementor-element-75066682 elementor-widget elementor-widget-text-editor\" data-id=\"75066682\" data-element_type=\"widget\" data-e-type=\"widget\" data-widget_type=\"text-editor.default\">\n\t\t\t\t<div class=\"elementor-widget-container\">\n\t\t\t\t\t\t\t\t\t<p>De planta circular, constru\u00eft el 1951 per l&#8217;arquitecte municipal Ambrosio de la Vall.<\/p>\t\t\t\t\t\t\t\t<\/div>\n\t\t\t\t<\/div>\n\t\t\t\t<div class=\"elementor-element elementor-element-1e45185a elementor-widget elementor-widget-image\" data-id=\"1e45185a\" data-element_type=\"widget\" data-e-type=\"widget\" data-widget_type=\"image.default\">\n\t\t\t\t<div class=\"elementor-widget-container\">\n\t\t\t\t\t\t\t\t\t\t\t\t<figure class=\"wp-caption\">\n\t\t\t\t\t\t\t\t\t\t<img loading=\"lazy\" decoding=\"async\" width=\"800\" height=\"540\" src=\"https:\/\/www.elturistatranquil.com\/wp-content\/uploads\/F042-Baeza-1.jpg\" class=\"attachment-large size-large wp-image-13070\" alt=\"\" srcset=\"https:\/\/www.elturistatranquil.com\/wp-content\/uploads\/F042-Baeza-1.jpg 800w, https:\/\/www.elturistatranquil.com\/wp-content\/uploads\/F042-Baeza-1-768x518.jpg 768w\" sizes=\"(max-width: 800px) 100vw, 800px\" \/>\t\t\t\t\t\t\t\t\t\t\t<figcaption class=\"widget-image-caption wp-caption-text\"><\/figcaption>\n\t\t\t\t\t\t\t\t\t\t<\/figure>\n\t\t\t\t\t\t\t\t\t<\/div>\n\t\t\t\t<\/div>\n\t\t\t\t<div class=\"elementor-element elementor-element-4f29e33b elementor-widget elementor-widget-heading\" data-id=\"4f29e33b\" data-element_type=\"widget\" data-e-type=\"widget\" data-widget_type=\"heading.default\">\n\t\t\t\t<div class=\"elementor-widget-container\">\n\t\t\t\t\t<h4 class=\"elementor-heading-title elementor-size-small\">Font de la Estrella<\/h4>\t\t\t\t<\/div>\n\t\t\t\t<\/div>\n\t\t\t\t<div class=\"elementor-element elementor-element-56250ca0 elementor-widget elementor-widget-text-editor\" data-id=\"56250ca0\" data-element_type=\"widget\" data-e-type=\"widget\" data-widget_type=\"text-editor.default\">\n\t\t\t\t<div class=\"elementor-widget-container\">\n\t\t\t\t\t\t\t\t\t<p>Erigida en commemoraci\u00f3 de la Revoluci\u00f3 de 1868 despr\u00e9s del destronament d&#8217;Isabel II, i que va donar lloc a la Constituci\u00f3 de 1869. Sobre la seva base, decorada per quatre tritons, s&#8217;al\u00e7a un obelisc de forma piramidal amb inscripcions, rematat amb una estrella il\u00b7luminada de ferro fos.<\/p>\t\t\t\t\t\t\t\t<\/div>\n\t\t\t\t<\/div>\n\t\t\t\t<div class=\"elementor-element elementor-element-7f08d978 elementor-widget elementor-widget-image\" data-id=\"7f08d978\" data-element_type=\"widget\" data-e-type=\"widget\" data-widget_type=\"image.default\">\n\t\t\t\t<div class=\"elementor-widget-container\">\n\t\t\t\t\t\t\t\t\t\t\t\t<figure class=\"wp-caption\">\n\t\t\t\t\t\t\t\t\t\t<img loading=\"lazy\" decoding=\"async\" width=\"493\" height=\"550\" src=\"https:\/\/www.elturistatranquil.com\/wp-content\/uploads\/F043-Baeza-1.jpg\" class=\"attachment-large size-large wp-image-13072\" alt=\"\" \/>\t\t\t\t\t\t\t\t\t\t\t<figcaption class=\"widget-image-caption wp-caption-text\"><\/figcaption>\n\t\t\t\t\t\t\t\t\t\t<\/figure>\n\t\t\t\t\t\t\t\t\t<\/div>\n\t\t\t\t<\/div>\n\t\t\t\t<div class=\"elementor-element elementor-element-3038eb6f elementor-widget elementor-widget-heading\" data-id=\"3038eb6f\" data-element_type=\"widget\" data-e-type=\"widget\" data-widget_type=\"heading.default\">\n\t\t\t\t<div class=\"elementor-widget-container\">\n\t\t\t\t\t<h4 class=\"elementor-heading-title elementor-size-small\">Porxos<\/h4>\t\t\t\t<\/div>\n\t\t\t\t<\/div>\n\t\t\t\t<div class=\"elementor-element elementor-element-35ffcfc6 elementor-widget elementor-widget-text-editor\" data-id=\"35ffcfc6\" data-element_type=\"widget\" data-e-type=\"widget\" data-widget_type=\"text-editor.default\">\n\t\t\t\t<div class=\"elementor-widget-container\">\n\t\t\t\t\t\t\t\t\t<p>El costat esquerre en direcci\u00f3 nord cont\u00e9 edificis simples de dos i tres plantes sobre porxos.<\/p>\t\t\t\t\t\t\t\t<\/div>\n\t\t\t\t<\/div>\n\t\t\t\t<div class=\"elementor-element elementor-element-2dbdff29 elementor-widget elementor-widget-image\" data-id=\"2dbdff29\" data-element_type=\"widget\" data-e-type=\"widget\" data-widget_type=\"image.default\">\n\t\t\t\t<div class=\"elementor-widget-container\">\n\t\t\t\t\t\t\t\t\t\t\t\t<figure class=\"wp-caption\">\n\t\t\t\t\t\t\t\t\t\t<img loading=\"lazy\" decoding=\"async\" width=\"800\" height=\"533\" src=\"https:\/\/www.elturistatranquil.com\/wp-content\/uploads\/F044-Baeza-1.jpg\" class=\"attachment-large size-large wp-image-13074\" alt=\"\" srcset=\"https:\/\/www.elturistatranquil.com\/wp-content\/uploads\/F044-Baeza-1.jpg 800w, https:\/\/www.elturistatranquil.com\/wp-content\/uploads\/F044-Baeza-1-768x512.jpg 768w\" sizes=\"(max-width: 800px) 100vw, 800px\" \/>\t\t\t\t\t\t\t\t\t\t\t<figcaption class=\"widget-image-caption wp-caption-text\"><\/figcaption>\n\t\t\t\t\t\t\t\t\t\t<\/figure>\n\t\t\t\t\t\t\t\t\t<\/div>\n\t\t\t\t<\/div>\n\t\t\t\t<div class=\"elementor-element elementor-element-638709a0 elementor-widget elementor-widget-image\" data-id=\"638709a0\" data-element_type=\"widget\" data-e-type=\"widget\" data-widget_type=\"image.default\">\n\t\t\t\t<div class=\"elementor-widget-container\">\n\t\t\t\t\t\t\t\t\t\t\t\t<figure class=\"wp-caption\">\n\t\t\t\t\t\t\t\t\t\t<img loading=\"lazy\" decoding=\"async\" width=\"800\" height=\"533\" src=\"https:\/\/www.elturistatranquil.com\/wp-content\/uploads\/F045-Baeza-1.jpg\" class=\"attachment-large size-large wp-image-13076\" alt=\"\" srcset=\"https:\/\/www.elturistatranquil.com\/wp-content\/uploads\/F045-Baeza-1.jpg 800w, https:\/\/www.elturistatranquil.com\/wp-content\/uploads\/F045-Baeza-1-768x512.jpg 768w\" sizes=\"(max-width: 800px) 100vw, 800px\" \/>\t\t\t\t\t\t\t\t\t\t\t<figcaption class=\"widget-image-caption wp-caption-text\"><\/figcaption>\n\t\t\t\t\t\t\t\t\t\t<\/figure>\n\t\t\t\t\t\t\t\t\t<\/div>\n\t\t\t\t<\/div>\n\t\t\t\t<div class=\"elementor-element elementor-element-3991ebe9 elementor-widget elementor-widget-heading\" data-id=\"3991ebe9\" data-element_type=\"widget\" data-e-type=\"widget\" data-widget_type=\"heading.default\">\n\t\t\t\t<div class=\"elementor-widget-container\">\n\t\t\t\t\t<h4 class=\"elementor-heading-title elementor-size-small\">Balc\u00f3 del Concejo i Casas Consistoriales Bajas (29)<\/h4>\t\t\t\t<\/div>\n\t\t\t\t<\/div>\n\t\t\t\t<div class=\"elementor-element elementor-element-545f7a62 elementor-widget elementor-widget-text-editor\" data-id=\"545f7a62\" data-element_type=\"widget\" data-e-type=\"widget\" data-widget_type=\"text-editor.default\">\n\t\t\t\t<div class=\"elementor-widget-container\">\n\t\t\t\t\t\t\t\t\t<p>Seguint en el mateix costat esquerre cap al sud est\u00e0 situat el Balc\u00f3n del Concejo manat construir en 1648 pel Corregidor Fernando Lladre de Guevara a la fi de buscar un lloc fix per presenciar les celebracions a la Pla\u00e7a del Mercat, a la qual s&#8217;havia traslladat el centre d&#8217;activitats de la poblaci\u00f3. La seva inauguraci\u00f3 data de 1701.<\/p><p>Consta de doble arcuaci\u00f3 amb arcs de mig punt i columnes aparellades, un gran balc\u00f3 de ferro i els escuts de la ciutat i el corregidor.<\/p>\t\t\t\t\t\t\t\t<\/div>\n\t\t\t\t<\/div>\n\t\t\t\t<div class=\"elementor-element elementor-element-1add1b05 elementor-widget elementor-widget-image\" data-id=\"1add1b05\" data-element_type=\"widget\" data-e-type=\"widget\" data-widget_type=\"image.default\">\n\t\t\t\t<div class=\"elementor-widget-container\">\n\t\t\t\t\t\t\t\t\t\t\t\t<figure class=\"wp-caption\">\n\t\t\t\t\t\t\t\t\t\t<img loading=\"lazy\" decoding=\"async\" width=\"800\" height=\"533\" src=\"https:\/\/www.elturistatranquil.com\/wp-content\/uploads\/F046-Baeza-1.jpg\" class=\"attachment-large size-large wp-image-13078\" alt=\"\" srcset=\"https:\/\/www.elturistatranquil.com\/wp-content\/uploads\/F046-Baeza-1.jpg 800w, https:\/\/www.elturistatranquil.com\/wp-content\/uploads\/F046-Baeza-1-768x512.jpg 768w\" sizes=\"(max-width: 800px) 100vw, 800px\" \/>\t\t\t\t\t\t\t\t\t\t\t<figcaption class=\"widget-image-caption wp-caption-text\"><\/figcaption>\n\t\t\t\t\t\t\t\t\t\t<\/figure>\n\t\t\t\t\t\t\t\t\t<\/div>\n\t\t\t\t<\/div>\n\t\t\t\t<div class=\"elementor-element elementor-element-10eab507 elementor-widget elementor-widget-heading\" data-id=\"10eab507\" data-element_type=\"widget\" data-e-type=\"widget\" data-widget_type=\"heading.default\">\n\t\t\t\t<div class=\"elementor-widget-container\">\n\t\t\t\t\t<h4 class=\"elementor-heading-title elementor-size-small\">La Alh\u00f3ndiga (7)<\/h4>\t\t\t\t<\/div>\n\t\t\t\t<\/div>\n\t\t\t\t<div class=\"elementor-element elementor-element-712f5d9 elementor-widget elementor-widget-text-editor\" data-id=\"712f5d9\" data-element_type=\"widget\" data-e-type=\"widget\" data-widget_type=\"text-editor.default\">\n\t\t\t\t<div class=\"elementor-widget-container\">\n\t\t\t\t\t\t\t\t\t<p>Al davant, al costat dret del passeig hi ha l\u2019edifici de La Alh\u00f3ndiga. Es tracta d&#8217;un edifici constru\u00eft extramurs.<\/p><p>Va ser un edifici municipal destinat a la compra-venda del gra. Es va construir al segle XVI.<\/p><p>La fa\u00e7ana de pedra est\u00e0 formada per una doble arcuaci\u00f3 de capitells toscans i arcs de mig punt en l&#8217;inferior i rebaixats en el superior. El 1965 se li va agregar un tercer cos adovellat. Actualment acull habitatges.<\/p>\t\t\t\t\t\t\t\t<\/div>\n\t\t\t\t<\/div>\n\t\t\t\t<div class=\"elementor-element elementor-element-3d2ca442 elementor-widget elementor-widget-image\" data-id=\"3d2ca442\" data-element_type=\"widget\" data-e-type=\"widget\" data-widget_type=\"image.default\">\n\t\t\t\t<div class=\"elementor-widget-container\">\n\t\t\t\t\t\t\t\t\t\t\t\t<figure class=\"wp-caption\">\n\t\t\t\t\t\t\t\t\t\t<img loading=\"lazy\" decoding=\"async\" width=\"800\" height=\"553\" src=\"https:\/\/www.elturistatranquil.com\/wp-content\/uploads\/F047-Baeza-1.jpg\" class=\"attachment-large size-large wp-image-13080\" alt=\"\" srcset=\"https:\/\/www.elturistatranquil.com\/wp-content\/uploads\/F047-Baeza-1.jpg 800w, https:\/\/www.elturistatranquil.com\/wp-content\/uploads\/F047-Baeza-1-768x531.jpg 768w\" sizes=\"(max-width: 800px) 100vw, 800px\" \/>\t\t\t\t\t\t\t\t\t\t\t<figcaption class=\"widget-image-caption wp-caption-text\"><\/figcaption>\n\t\t\t\t\t\t\t\t\t\t<\/figure>\n\t\t\t\t\t\t\t\t\t<\/div>\n\t\t\t\t<\/div>\n\t\t\t\t<div class=\"elementor-element elementor-element-794ca378 elementor-widget elementor-widget-heading\" data-id=\"794ca378\" data-element_type=\"widget\" data-e-type=\"widget\" data-widget_type=\"heading.default\">\n\t\t\t\t<div class=\"elementor-widget-container\">\n\t\t\t\t\t<h4 class=\"elementor-heading-title elementor-size-small\">Porxos a la Pla\u00e7a de la Constituci\u00f3n Sur<\/h4>\t\t\t\t<\/div>\n\t\t\t\t<\/div>\n\t\t\t\t<div class=\"elementor-element elementor-element-b02fc07 elementor-widget elementor-widget-menu-anchor\" data-id=\"b02fc07\" data-element_type=\"widget\" data-e-type=\"widget\" data-widget_type=\"menu-anchor.default\">\n\t\t\t\t<div class=\"elementor-widget-container\">\n\t\t\t\t\t\t\t<div class=\"elementor-menu-anchor\" id=\"c2414\"><\/div>\n\t\t\t\t\t\t<\/div>\n\t\t\t\t<\/div>\n\t\t\t\t<div class=\"elementor-element elementor-element-6afcbaa4 elementor-widget elementor-widget-image\" data-id=\"6afcbaa4\" data-element_type=\"widget\" data-e-type=\"widget\" data-widget_type=\"image.default\">\n\t\t\t\t<div class=\"elementor-widget-container\">\n\t\t\t\t\t\t\t\t\t\t\t\t<figure class=\"wp-caption\">\n\t\t\t\t\t\t\t\t\t\t<img loading=\"lazy\" decoding=\"async\" width=\"800\" height=\"533\" src=\"https:\/\/www.elturistatranquil.com\/wp-content\/uploads\/F48-Baeza-1.jpg\" class=\"attachment-large size-large wp-image-13082\" alt=\"\" srcset=\"https:\/\/www.elturistatranquil.com\/wp-content\/uploads\/F48-Baeza-1.jpg 800w, https:\/\/www.elturistatranquil.com\/wp-content\/uploads\/F48-Baeza-1-768x512.jpg 768w\" sizes=\"(max-width: 800px) 100vw, 800px\" \/>\t\t\t\t\t\t\t\t\t\t\t<figcaption class=\"widget-image-caption wp-caption-text\"><\/figcaption>\n\t\t\t\t\t\t\t\t\t\t<\/figure>\n\t\t\t\t\t\t\t\t\t<\/div>\n\t\t\t\t<\/div>\n\t\t\t\t<div class=\"elementor-element elementor-element-3371cc64 elementor-widget elementor-widget-heading\" data-id=\"3371cc64\" data-element_type=\"widget\" data-e-type=\"widget\" data-widget_type=\"heading.default\">\n\t\t\t\t<div class=\"elementor-widget-container\">\n\t\t\t\t\t<h3 class=\"elementor-heading-title elementor-size-default\">Pla\u00e7a de Los Leones o del P\u00f3pulo (III)<\/h3>\t\t\t\t<\/div>\n\t\t\t\t<\/div>\n\t\t\t\t<div class=\"elementor-element elementor-element-2f452af6 elementor-widget elementor-widget-image\" data-id=\"2f452af6\" data-element_type=\"widget\" data-e-type=\"widget\" data-widget_type=\"image.default\">\n\t\t\t\t<div class=\"elementor-widget-container\">\n\t\t\t\t\t\t\t\t\t\t\t\t<figure class=\"wp-caption\">\n\t\t\t\t\t\t\t\t\t\t<img loading=\"lazy\" decoding=\"async\" width=\"800\" height=\"533\" src=\"https:\/\/www.elturistatranquil.com\/wp-content\/uploads\/F006-Baeza-1.jpg\" class=\"attachment-large size-large wp-image-13002\" alt=\"\" srcset=\"https:\/\/www.elturistatranquil.com\/wp-content\/uploads\/F006-Baeza-1.jpg 800w, https:\/\/www.elturistatranquil.com\/wp-content\/uploads\/F006-Baeza-1-768x512.jpg 768w\" sizes=\"(max-width: 800px) 100vw, 800px\" \/>\t\t\t\t\t\t\t\t\t\t\t<figcaption class=\"widget-image-caption wp-caption-text\"><\/figcaption>\n\t\t\t\t\t\t\t\t\t\t<\/figure>\n\t\t\t\t\t\t\t\t\t<\/div>\n\t\t\t\t<\/div>\n\t\t\t\t<div class=\"elementor-element elementor-element-4b171a2f elementor-widget elementor-widget-text-editor\" data-id=\"4b171a2f\" data-element_type=\"widget\" data-e-type=\"widget\" data-widget_type=\"text-editor.default\">\n\t\t\t\t<div class=\"elementor-widget-container\">\n\t\t\t\t\t\t\t\t\t<p>M&#8217;endinso a la zona III.<\/p>\t\t\t\t\t\t\t\t<\/div>\n\t\t\t\t<\/div>\n\t\t\t\t<div class=\"elementor-element elementor-element-673b2258 elementor-widget elementor-widget-heading\" data-id=\"673b2258\" data-element_type=\"widget\" data-e-type=\"widget\" data-widget_type=\"heading.default\">\n\t\t\t\t<div class=\"elementor-widget-container\">\n\t\t\t\t\t<h4 class=\"elementor-heading-title elementor-size-small\">Pla\u00e7a del P\u00f3pulo <\/h4>\t\t\t\t<\/div>\n\t\t\t\t<\/div>\n\t\t\t\t<div class=\"elementor-element elementor-element-67f55310 elementor-widget elementor-widget-text-editor\" data-id=\"67f55310\" data-element_type=\"widget\" data-e-type=\"widget\" data-widget_type=\"text-editor.default\">\n\t\t\t\t<div class=\"elementor-widget-container\">\n\t\t\t\t\t\t\t\t\t<p>Intensa pla\u00e7a al costat de la Porta de Ja\u00e9n a les muralles antigues. Est\u00e0 formada per alguns dels edificis m\u00e9s representatius de Baeza.<\/p><p>En el seu centre es troba la Fuente de Los Leones.<\/p>\t\t\t\t\t\t\t\t<\/div>\n\t\t\t\t<\/div>\n\t\t\t\t<div class=\"elementor-element elementor-element-717875f5 elementor-widget elementor-widget-image\" data-id=\"717875f5\" data-element_type=\"widget\" data-e-type=\"widget\" data-widget_type=\"image.default\">\n\t\t\t\t<div class=\"elementor-widget-container\">\n\t\t\t\t\t\t\t\t\t\t\t\t<figure class=\"wp-caption\">\n\t\t\t\t\t\t\t\t\t\t<img loading=\"lazy\" decoding=\"async\" width=\"800\" height=\"533\" src=\"https:\/\/www.elturistatranquil.com\/wp-content\/uploads\/F050-Baeza-1.jpg\" class=\"attachment-large size-large wp-image-13084\" alt=\"\" srcset=\"https:\/\/www.elturistatranquil.com\/wp-content\/uploads\/F050-Baeza-1.jpg 800w, https:\/\/www.elturistatranquil.com\/wp-content\/uploads\/F050-Baeza-1-768x512.jpg 768w\" sizes=\"(max-width: 800px) 100vw, 800px\" \/>\t\t\t\t\t\t\t\t\t\t\t<figcaption class=\"widget-image-caption wp-caption-text\"><\/figcaption>\n\t\t\t\t\t\t\t\t\t\t<\/figure>\n\t\t\t\t\t\t\t\t\t<\/div>\n\t\t\t\t<\/div>\n\t\t\t\t<div class=\"elementor-element elementor-element-7e88af9e elementor-widget elementor-widget-heading\" data-id=\"7e88af9e\" data-element_type=\"widget\" data-e-type=\"widget\" data-widget_type=\"heading.default\">\n\t\t\t\t<div class=\"elementor-widget-container\">\n\t\t\t\t\t<h4 class=\"elementor-heading-title elementor-size-small\">Font de Los Leones (27)<\/h4>\t\t\t\t<\/div>\n\t\t\t\t<\/div>\n\t\t\t\t<div class=\"elementor-element elementor-element-1a1e40ab elementor-widget elementor-widget-text-editor\" data-id=\"1a1e40ab\" data-element_type=\"widget\" data-e-type=\"widget\" data-widget_type=\"text-editor.default\">\n\t\t\t\t<div class=\"elementor-widget-container\">\n\t\t\t\t\t\t\t\t\t<p>Es pensa que procedeix de la ciutat iberoromana de C\u00e1stulo. Va ser traslladada durant el segle XVI. En la seva decoraci\u00f3 destaquen les seves petris lleons, a trav\u00e9s de la boca brolla l&#8217;aigua.<\/p><p>Segons la tradici\u00f3, la figura femenina representa Imilce, esposa d&#8217;An\u00edbal.<\/p>\t\t\t\t\t\t\t\t<\/div>\n\t\t\t\t<\/div>\n\t\t\t\t<div class=\"elementor-element elementor-element-429b1bba elementor-widget elementor-widget-image\" data-id=\"429b1bba\" data-element_type=\"widget\" data-e-type=\"widget\" data-widget_type=\"image.default\">\n\t\t\t\t<div class=\"elementor-widget-container\">\n\t\t\t\t\t\t\t\t\t\t\t\t<figure class=\"wp-caption\">\n\t\t\t\t\t\t\t\t\t\t<img loading=\"lazy\" decoding=\"async\" width=\"800\" height=\"533\" src=\"https:\/\/www.elturistatranquil.com\/wp-content\/uploads\/F051-Baeza-1.jpg\" class=\"attachment-large size-large wp-image-13086\" alt=\"\" srcset=\"https:\/\/www.elturistatranquil.com\/wp-content\/uploads\/F051-Baeza-1.jpg 800w, https:\/\/www.elturistatranquil.com\/wp-content\/uploads\/F051-Baeza-1-768x512.jpg 768w\" sizes=\"(max-width: 800px) 100vw, 800px\" \/>\t\t\t\t\t\t\t\t\t\t\t<figcaption class=\"widget-image-caption wp-caption-text\"><\/figcaption>\n\t\t\t\t\t\t\t\t\t\t<\/figure>\n\t\t\t\t\t\t\t\t\t<\/div>\n\t\t\t\t<\/div>\n\t\t\t\t<div class=\"elementor-element elementor-element-e823264 elementor-widget elementor-widget-heading\" data-id=\"e823264\" data-element_type=\"widget\" data-e-type=\"widget\" data-widget_type=\"heading.default\">\n\t\t\t\t<div class=\"elementor-widget-container\">\n\t\t\t\t\t<h4 class=\"elementor-heading-title elementor-size-small\">Antigues Carnicer\u00edas (28)<\/h4>\t\t\t\t<\/div>\n\t\t\t\t<\/div>\n\t\t\t\t<div class=\"elementor-element elementor-element-79b331eb elementor-widget elementor-widget-text-editor\" data-id=\"79b331eb\" data-element_type=\"widget\" data-e-type=\"widget\" data-widget_type=\"text-editor.default\">\n\t\t\t\t<div class=\"elementor-widget-container\">\n\t\t\t\t\t\t\t\t\t<p>Es tracta d&#8217;un edifici industrial comen\u00e7at a construir en 1547. Va funcionar com carnisseria des de 1550 a 1962. \u00c9s una de les poques mostres d&#8217;arquitectura industrial de l&#8217;\u00e8poca.<\/p><p>L&#8217;edifici es trobava 30 m. passada la Porta de Ja\u00e9n, i va ser traslladat i reconstru\u00eft el 1964.<\/p><p>Actualment \u00e9s la seu dels jutjats.<\/p>\t\t\t\t\t\t\t\t<\/div>\n\t\t\t\t<\/div>\n\t\t\t\t<div class=\"elementor-element elementor-element-7c5ec8ee elementor-widget elementor-widget-image\" data-id=\"7c5ec8ee\" data-element_type=\"widget\" data-e-type=\"widget\" data-widget_type=\"image.default\">\n\t\t\t\t<div class=\"elementor-widget-container\">\n\t\t\t\t\t\t\t\t\t\t\t\t<figure class=\"wp-caption\">\n\t\t\t\t\t\t\t\t\t\t<img loading=\"lazy\" decoding=\"async\" width=\"800\" height=\"533\" src=\"https:\/\/www.elturistatranquil.com\/wp-content\/uploads\/F052-Baeza-1.jpg\" class=\"attachment-large size-large wp-image-13088\" alt=\"\" srcset=\"https:\/\/www.elturistatranquil.com\/wp-content\/uploads\/F052-Baeza-1.jpg 800w, https:\/\/www.elturistatranquil.com\/wp-content\/uploads\/F052-Baeza-1-768x512.jpg 768w\" sizes=\"(max-width: 800px) 100vw, 800px\" \/>\t\t\t\t\t\t\t\t\t\t\t<figcaption class=\"widget-image-caption wp-caption-text\"><\/figcaption>\n\t\t\t\t\t\t\t\t\t\t<\/figure>\n\t\t\t\t\t\t\t\t\t<\/div>\n\t\t\t\t<\/div>\n\t\t\t\t<div class=\"elementor-element elementor-element-5315e2cd elementor-widget elementor-widget-text-editor\" data-id=\"5315e2cd\" data-element_type=\"widget\" data-e-type=\"widget\" data-widget_type=\"text-editor.default\">\n\t\t\t\t<div class=\"elementor-widget-container\">\n\t\t\t\t\t\t\t\t\t<p>Al centre l&#8217;escut imperial.<\/p>\t\t\t\t\t\t\t\t<\/div>\n\t\t\t\t<\/div>\n\t\t\t\t<div class=\"elementor-element elementor-element-69a3f602 elementor-widget elementor-widget-image\" data-id=\"69a3f602\" data-element_type=\"widget\" data-e-type=\"widget\" data-widget_type=\"image.default\">\n\t\t\t\t<div class=\"elementor-widget-container\">\n\t\t\t\t\t\t\t\t\t\t\t\t<figure class=\"wp-caption\">\n\t\t\t\t\t\t\t\t\t\t<img loading=\"lazy\" decoding=\"async\" width=\"800\" height=\"532\" src=\"https:\/\/www.elturistatranquil.com\/wp-content\/uploads\/F053-Baeza-1.jpg\" class=\"attachment-large size-large wp-image-13090\" alt=\"\" srcset=\"https:\/\/www.elturistatranquil.com\/wp-content\/uploads\/F053-Baeza-1.jpg 800w, https:\/\/www.elturistatranquil.com\/wp-content\/uploads\/F053-Baeza-1-768x511.jpg 768w\" sizes=\"(max-width: 800px) 100vw, 800px\" \/>\t\t\t\t\t\t\t\t\t\t\t<figcaption class=\"widget-image-caption wp-caption-text\"><\/figcaption>\n\t\t\t\t\t\t\t\t\t\t<\/figure>\n\t\t\t\t\t\t\t\t\t<\/div>\n\t\t\t\t<\/div>\n\t\t\t\t<div class=\"elementor-element elementor-element-4b5b222e elementor-widget elementor-widget-heading\" data-id=\"4b5b222e\" data-element_type=\"widget\" data-e-type=\"widget\" data-widget_type=\"heading.default\">\n\t\t\t\t<div class=\"elementor-widget-container\">\n\t\t\t\t\t<h4 class=\"elementor-heading-title elementor-size-small\">Escriban\u00edas i Audiencia civil. Casa del P\u00f3pulo (24)<\/h4>\t\t\t\t<\/div>\n\t\t\t\t<\/div>\n\t\t\t\t<div class=\"elementor-element elementor-element-2a88942f elementor-widget elementor-widget-text-editor\" data-id=\"2a88942f\" data-element_type=\"widget\" data-e-type=\"widget\" data-widget_type=\"text-editor.default\">\n\t\t\t\t<div class=\"elementor-widget-container\">\n\t\t\t\t\t\t\t\t\t<p>Es va construir entre 1511 i 1540. \u00c9s un edifici d&#8217;estil plateresc.<\/p><p>A la planta baixa hi ha l&#8217;Oficina de Turisme.<\/p>\t\t\t\t\t\t\t\t<\/div>\n\t\t\t\t<\/div>\n\t\t\t\t<div class=\"elementor-element elementor-element-60ebd3f8 elementor-widget elementor-widget-image\" data-id=\"60ebd3f8\" data-element_type=\"widget\" data-e-type=\"widget\" data-widget_type=\"image.default\">\n\t\t\t\t<div class=\"elementor-widget-container\">\n\t\t\t\t\t\t\t\t\t\t\t\t<figure class=\"wp-caption\">\n\t\t\t\t\t\t\t\t\t\t<img loading=\"lazy\" decoding=\"async\" width=\"800\" height=\"533\" src=\"https:\/\/www.elturistatranquil.com\/wp-content\/uploads\/F054-Baeza-1.jpg\" class=\"attachment-large size-large wp-image-13092\" alt=\"\" srcset=\"https:\/\/www.elturistatranquil.com\/wp-content\/uploads\/F054-Baeza-1.jpg 800w, https:\/\/www.elturistatranquil.com\/wp-content\/uploads\/F054-Baeza-1-768x512.jpg 768w\" sizes=\"(max-width: 800px) 100vw, 800px\" \/>\t\t\t\t\t\t\t\t\t\t\t<figcaption class=\"widget-image-caption wp-caption-text\"><\/figcaption>\n\t\t\t\t\t\t\t\t\t\t<\/figure>\n\t\t\t\t\t\t\t\t\t<\/div>\n\t\t\t\t<\/div>\n\t\t\t\t<div class=\"elementor-element elementor-element-2eae61cd elementor-widget elementor-widget-heading\" data-id=\"2eae61cd\" data-element_type=\"widget\" data-e-type=\"widget\" data-widget_type=\"heading.default\">\n\t\t\t\t<div class=\"elementor-widget-container\">\n\t\t\t\t\t<h4 class=\"elementor-heading-title elementor-size-small\">Porta de Ja\u00e9n i Arc de Villalar (25, 26)<\/h4>\t\t\t\t<\/div>\n\t\t\t\t<\/div>\n\t\t\t\t<div class=\"elementor-element elementor-element-e24f7b4 elementor-widget elementor-widget-text-editor\" data-id=\"e24f7b4\" data-element_type=\"widget\" data-e-type=\"widget\" data-widget_type=\"text-editor.default\">\n\t\t\t\t<div class=\"elementor-widget-container\">\n\t\t\t\t\t\t\t\t\t<p>Era la Porta d&#8217;acc\u00e9s des de Ja\u00e9n del recinte emmurallat, fins que Isabel I va manar destruir les seves defenses en 1476, com ja hem vist anteriorment. Dona acc\u00e9s a l&#8217;actual Pla\u00e7a de Los Lleons.<\/p><p>L&#8217;Arc de Villalar va ser manat construir per commemorar la vict\u00f2ria sobre els Comuneros en 1521.<\/p>\t\t\t\t\t\t\t\t<\/div>\n\t\t\t\t<\/div>\n\t\t\t\t<div class=\"elementor-element elementor-element-203d0462 elementor-widget elementor-widget-image\" data-id=\"203d0462\" data-element_type=\"widget\" data-e-type=\"widget\" data-widget_type=\"image.default\">\n\t\t\t\t<div class=\"elementor-widget-container\">\n\t\t\t\t\t\t\t\t\t\t\t\t<figure class=\"wp-caption\">\n\t\t\t\t\t\t\t\t\t\t<img loading=\"lazy\" decoding=\"async\" width=\"800\" height=\"533\" src=\"https:\/\/www.elturistatranquil.com\/wp-content\/uploads\/F055-Baeza-1.jpg\" class=\"attachment-large size-large wp-image-13094\" alt=\"\" srcset=\"https:\/\/www.elturistatranquil.com\/wp-content\/uploads\/F055-Baeza-1.jpg 800w, https:\/\/www.elturistatranquil.com\/wp-content\/uploads\/F055-Baeza-1-768x512.jpg 768w\" sizes=\"(max-width: 800px) 100vw, 800px\" \/>\t\t\t\t\t\t\t\t\t\t\t<figcaption class=\"widget-image-caption wp-caption-text\">Vista des de l'interior del recinte emmurallat a la pla\u00e7a de Los Leones<\/figcaption>\n\t\t\t\t\t\t\t\t\t\t<\/figure>\n\t\t\t\t\t\t\t\t\t<\/div>\n\t\t\t\t<\/div>\n\t\t\t\t<div class=\"elementor-element elementor-element-3944f999 elementor-widget elementor-widget-menu-anchor\" data-id=\"3944f999\" data-element_type=\"widget\" data-e-type=\"widget\" data-widget_type=\"menu-anchor.default\">\n\t\t\t\t<div class=\"elementor-widget-container\">\n\t\t\t\t\t\t\t<div class=\"elementor-menu-anchor\" id=\"c2415\"><\/div>\n\t\t\t\t\t\t<\/div>\n\t\t\t\t<\/div>\n\t\t\t\t<div class=\"elementor-element elementor-element-6b4048ac elementor-widget elementor-widget-image\" data-id=\"6b4048ac\" data-element_type=\"widget\" data-e-type=\"widget\" data-widget_type=\"image.default\">\n\t\t\t\t<div class=\"elementor-widget-container\">\n\t\t\t\t\t\t\t\t\t\t\t\t<figure class=\"wp-caption\">\n\t\t\t\t\t\t\t\t\t\t<img loading=\"lazy\" decoding=\"async\" width=\"800\" height=\"533\" src=\"https:\/\/www.elturistatranquil.com\/wp-content\/uploads\/F056-Baeza-1.jpg\" class=\"attachment-large size-large wp-image-13096\" alt=\"\" srcset=\"https:\/\/www.elturistatranquil.com\/wp-content\/uploads\/F056-Baeza-1.jpg 800w, https:\/\/www.elturistatranquil.com\/wp-content\/uploads\/F056-Baeza-1-768x512.jpg 768w\" sizes=\"(max-width: 800px) 100vw, 800px\" \/>\t\t\t\t\t\t\t\t\t\t\t<figcaption class=\"widget-image-caption wp-caption-text\">Vista des de l'exterior i acc\u00e9s a la pla\u00e7a de Los Leones<\/figcaption>\n\t\t\t\t\t\t\t\t\t\t<\/figure>\n\t\t\t\t\t\t\t\t\t<\/div>\n\t\t\t\t<\/div>\n\t\t\t\t<div class=\"elementor-element elementor-element-2a3e122 elementor-widget elementor-widget-heading\" data-id=\"2a3e122\" data-element_type=\"widget\" data-e-type=\"widget\" data-widget_type=\"heading.default\">\n\t\t\t\t<div class=\"elementor-widget-container\">\n\t\t\t\t\t<h2 class=\"elementor-heading-title elementor-size-default\">Barri de la Catedral sud-oest. Casc Antic (IV)<\/h2>\t\t\t\t<\/div>\n\t\t\t\t<\/div>\n\t\t\t\t<div class=\"elementor-element elementor-element-883b0a4 elementor-widget elementor-widget-image\" data-id=\"883b0a4\" data-element_type=\"widget\" data-e-type=\"widget\" data-widget_type=\"image.default\">\n\t\t\t\t<div class=\"elementor-widget-container\">\n\t\t\t\t\t\t\t\t\t\t\t\t<figure class=\"wp-caption\">\n\t\t\t\t\t\t\t\t\t\t<img loading=\"lazy\" decoding=\"async\" width=\"800\" height=\"533\" src=\"https:\/\/www.elturistatranquil.com\/wp-content\/uploads\/F058-Baeza-1.jpg\" class=\"attachment-large size-large wp-image-13098\" alt=\"\" srcset=\"https:\/\/www.elturistatranquil.com\/wp-content\/uploads\/F058-Baeza-1.jpg 800w, https:\/\/www.elturistatranquil.com\/wp-content\/uploads\/F058-Baeza-1-768x512.jpg 768w\" sizes=\"(max-width: 800px) 100vw, 800px\" \/>\t\t\t\t\t\t\t\t\t\t\t<figcaption class=\"widget-image-caption wp-caption-text\"><\/figcaption>\n\t\t\t\t\t\t\t\t\t\t<\/figure>\n\t\t\t\t\t\t\t\t\t<\/div>\n\t\t\t\t<\/div>\n\t\t\t\t<div class=\"elementor-element elementor-element-4572285 elementor-widget elementor-widget-menu-anchor\" data-id=\"4572285\" data-element_type=\"widget\" data-e-type=\"widget\" data-widget_type=\"menu-anchor.default\">\n\t\t\t\t<div class=\"elementor-widget-container\">\n\t\t\t\t\t\t\t<div class=\"elementor-menu-anchor\" id=\"c2416\"><\/div>\n\t\t\t\t\t\t<\/div>\n\t\t\t\t<\/div>\n\t\t\t\t<div class=\"elementor-element elementor-element-989d85c elementor-widget elementor-widget-text-editor\" data-id=\"989d85c\" data-element_type=\"widget\" data-e-type=\"widget\" data-widget_type=\"text-editor.default\">\n\t\t\t\t<div class=\"elementor-widget-container\">\n\t\t\t\t\t\t\t\t\t<p>Paso a la Zona IV a la part sud-oest del Barri de la Catedral.<\/p><p>La diversitat de carrerons que el formen convida a passejar sense necessitat d&#8217;un ordre molt r\u00edgid. No \u00e9s cap problema si es passa dues vegades per un mateix carrer\u00f3. El que es tracta \u00e9s d\u2019amarar-se de l&#8217;ambient que combina el popular amb l\u2019aristocr\u00e0tic. Per aix\u00f2 la presentaci\u00f3 es fa per carrers, sense un recorregut \u00fanic.<\/p><p>Aquesta zona t\u00e9 tot l&#8217;aire d&#8217;un tra\u00e7at urb\u00e0 d&#8217;arrels \u00e0rabs.<\/p>\t\t\t\t\t\t\t\t<\/div>\n\t\t\t\t<\/div>\n\t\t\t\t<div class=\"elementor-element elementor-element-6ea0ce0 elementor-widget elementor-widget-heading\" data-id=\"6ea0ce0\" data-element_type=\"widget\" data-e-type=\"widget\" data-widget_type=\"heading.default\">\n\t\t\t\t<div class=\"elementor-widget-container\">\n\t\t\t\t\t<h3 class=\"elementor-heading-title elementor-size-default\">Passeig de Antonio Machado, Carrer Casas Nuevas<\/h3>\t\t\t\t<\/div>\n\t\t\t\t<\/div>\n\t\t\t\t<div class=\"elementor-element elementor-element-40e63254 elementor-widget elementor-widget-text-editor\" data-id=\"40e63254\" data-element_type=\"widget\" data-e-type=\"widget\" data-widget_type=\"text-editor.default\">\n\t\t\t\t<div class=\"elementor-widget-container\">\n\t\t\t\t\t\t\t\t\t<p>El carrer Casas Nuevas \u00e9s una placeta oberta al passeig de la Muralla o d&#8217;Antonio Machado, on acaba el barri antic.<\/p><p>Les cases s\u00f3n populars amb l&#8217;edifici de la primera Universitat de Baeza enmig d&#8217;elles.<\/p>\t\t\t\t\t\t\t\t<\/div>\n\t\t\t\t<\/div>\n\t\t\t\t<div class=\"elementor-element elementor-element-18a652b9 elementor-widget elementor-widget-image\" data-id=\"18a652b9\" data-element_type=\"widget\" data-e-type=\"widget\" data-widget_type=\"image.default\">\n\t\t\t\t<div class=\"elementor-widget-container\">\n\t\t\t\t\t\t\t\t\t\t\t\t<figure class=\"wp-caption\">\n\t\t\t\t\t\t\t\t\t\t<img loading=\"lazy\" decoding=\"async\" width=\"800\" height=\"533\" src=\"https:\/\/www.elturistatranquil.com\/wp-content\/uploads\/F059-Baeza-1.jpg\" class=\"attachment-large size-large wp-image-13100\" alt=\"\" srcset=\"https:\/\/www.elturistatranquil.com\/wp-content\/uploads\/F059-Baeza-1.jpg 800w, https:\/\/www.elturistatranquil.com\/wp-content\/uploads\/F059-Baeza-1-768x512.jpg 768w\" sizes=\"(max-width: 800px) 100vw, 800px\" \/>\t\t\t\t\t\t\t\t\t\t\t<figcaption class=\"widget-image-caption wp-caption-text\"><\/figcaption>\n\t\t\t\t\t\t\t\t\t\t<\/figure>\n\t\t\t\t\t\t\t\t\t<\/div>\n\t\t\t\t<\/div>\n\t\t\t\t<div class=\"elementor-element elementor-element-30e0fa0d elementor-widget elementor-widget-heading\" data-id=\"30e0fa0d\" data-element_type=\"widget\" data-e-type=\"widget\" data-widget_type=\"heading.default\">\n\t\t\t\t<div class=\"elementor-widget-container\">\n\t\t\t\t\t<h4 class=\"elementor-heading-title elementor-size-small\">Museu de la Ciudad (22)<\/h4>\t\t\t\t<\/div>\n\t\t\t\t<\/div>\n\t\t\t\t<div class=\"elementor-element elementor-element-60e96555 elementor-widget elementor-widget-text-editor\" data-id=\"60e96555\" data-element_type=\"widget\" data-e-type=\"widget\" data-widget_type=\"text-editor.default\">\n\t\t\t\t<div class=\"elementor-widget-container\">\n\t\t\t\t\t\t\t\t\t<p>Seu de la primera Universitat de Baeza &#8220;Universidad vieja&#8221; que, en realitat, era un col\u00b7legi de primeres lletres dedicat a la Sant\u00edssima Trinitat, com es pot llegir en el fris de la portada. Edifici renaixentista de l&#8217;any 1538 amb una portada de mig punt amb columnes adossades.<\/p><p>Actualment alberga el Museu de Baeza, tancat temporalment. El cartell enganxat a la porta resa: \u201cCerrado por inventario perdonen las molestias\u201d.<\/p>\t\t\t\t\t\t\t\t<\/div>\n\t\t\t\t<\/div>\n\t\t\t\t<div class=\"elementor-element elementor-element-6dc1bc20 elementor-widget elementor-widget-image\" data-id=\"6dc1bc20\" data-element_type=\"widget\" data-e-type=\"widget\" data-widget_type=\"image.default\">\n\t\t\t\t<div class=\"elementor-widget-container\">\n\t\t\t\t\t\t\t\t\t\t\t\t<figure class=\"wp-caption\">\n\t\t\t\t\t\t\t\t\t\t<img loading=\"lazy\" decoding=\"async\" width=\"800\" height=\"533\" src=\"https:\/\/www.elturistatranquil.com\/wp-content\/uploads\/F060-Baeza-1.jpg\" class=\"attachment-large size-large wp-image-13102\" alt=\"\" srcset=\"https:\/\/www.elturistatranquil.com\/wp-content\/uploads\/F060-Baeza-1.jpg 800w, https:\/\/www.elturistatranquil.com\/wp-content\/uploads\/F060-Baeza-1-768x512.jpg 768w\" sizes=\"(max-width: 800px) 100vw, 800px\" \/>\t\t\t\t\t\t\t\t\t\t\t<figcaption class=\"widget-image-caption wp-caption-text\"><\/figcaption>\n\t\t\t\t\t\t\t\t\t\t<\/figure>\n\t\t\t\t\t\t\t\t\t<\/div>\n\t\t\t\t<\/div>\n\t\t\t\t<div class=\"elementor-element elementor-element-294ff493 elementor-widget elementor-widget-heading\" data-id=\"294ff493\" data-element_type=\"widget\" data-e-type=\"widget\" data-widget_type=\"heading.default\">\n\t\t\t\t<div class=\"elementor-widget-container\">\n\t\t\t\t\t<h4 class=\"elementor-heading-title elementor-size-small\">Cerro del Alc\u00e1zar (A)<\/h4>\t\t\t\t<\/div>\n\t\t\t\t<\/div>\n\t\t\t\t<div class=\"elementor-element elementor-element-6e23ee00 elementor-widget elementor-widget-text-editor\" data-id=\"6e23ee00\" data-element_type=\"widget\" data-e-type=\"widget\" data-widget_type=\"text-editor.default\">\n\t\t\t\t<div class=\"elementor-widget-container\">\n\t\t\t\t\t\t\t\t\t<p>M&#8217;acosto fins a l&#8217;extrem del carrer per contemplar un gran descampat. Es tracta del Cerro del Alc\u00e1zar, lloc en el qual es trobava l&#8217;Alc\u00e0sser \u00e0rab de la ciutat, que va ser destru\u00eft, com la resta de la muralla, per ordre d&#8217;Isabel I.<\/p><p>Correspon al primer assentament de la ciutat \u00e0rab, que posteriorment va ser una de les m\u00e9s importants fortaleses d&#8217;Andalusia.<\/p><p>Nom\u00e9s es poden observar algunes restes de muralla a la dreta, a la part nord.<\/p>\t\t\t\t\t\t\t\t<\/div>\n\t\t\t\t<\/div>\n\t\t\t\t<div class=\"elementor-element elementor-element-6e321366 elementor-widget elementor-widget-image\" data-id=\"6e321366\" data-element_type=\"widget\" data-e-type=\"widget\" data-widget_type=\"image.default\">\n\t\t\t\t<div class=\"elementor-widget-container\">\n\t\t\t\t\t\t\t\t\t\t\t\t<figure class=\"wp-caption\">\n\t\t\t\t\t\t\t\t\t\t<img loading=\"lazy\" decoding=\"async\" width=\"800\" height=\"533\" src=\"https:\/\/www.elturistatranquil.com\/wp-content\/uploads\/F061-Baeza-Cerro-del-Alcazar-1-1.jpg\" class=\"attachment-large size-large wp-image-13104\" alt=\"\" srcset=\"https:\/\/www.elturistatranquil.com\/wp-content\/uploads\/F061-Baeza-Cerro-del-Alcazar-1-1.jpg 800w, https:\/\/www.elturistatranquil.com\/wp-content\/uploads\/F061-Baeza-Cerro-del-Alcazar-1-1-768x512.jpg 768w\" sizes=\"(max-width: 800px) 100vw, 800px\" \/>\t\t\t\t\t\t\t\t\t\t\t<figcaption class=\"widget-image-caption wp-caption-text\"><\/figcaption>\n\t\t\t\t\t\t\t\t\t\t<\/figure>\n\t\t\t\t\t\t\t\t\t<\/div>\n\t\t\t\t<\/div>\n\t\t\t\t<div class=\"elementor-element elementor-element-4310dbd6 elementor-widget elementor-widget-heading\" data-id=\"4310dbd6\" data-element_type=\"widget\" data-e-type=\"widget\" data-widget_type=\"heading.default\">\n\t\t\t\t<div class=\"elementor-widget-container\">\n\t\t\t\t\t<h4 class=\"elementor-heading-title elementor-size-small\">Palau dels Villarreal (21)<\/h4>\t\t\t\t<\/div>\n\t\t\t\t<\/div>\n\t\t\t\t<div class=\"elementor-element elementor-element-7717ced9 elementor-widget elementor-widget-text-editor\" data-id=\"7717ced9\" data-element_type=\"widget\" data-e-type=\"widget\" data-widget_type=\"text-editor.default\">\n\t\t\t\t<div class=\"elementor-widget-container\">\n\t\t\t\t\t\t\t\t\t<p>Construcci\u00f3 dels segles XVI-XVIII com a resid\u00e8ncia dels marquesos de Villarealreal.<\/p><p>Va ser restaurat per habilitar dotze habitatges socials.<\/p>\t\t\t\t\t\t\t\t<\/div>\n\t\t\t\t<\/div>\n\t\t\t\t<div class=\"elementor-element elementor-element-63ca38e2 elementor-widget elementor-widget-image\" data-id=\"63ca38e2\" data-element_type=\"widget\" data-e-type=\"widget\" data-widget_type=\"image.default\">\n\t\t\t\t<div class=\"elementor-widget-container\">\n\t\t\t\t\t\t\t\t\t\t\t\t<figure class=\"wp-caption\">\n\t\t\t\t\t\t\t\t\t\t<img loading=\"lazy\" decoding=\"async\" width=\"800\" height=\"533\" src=\"https:\/\/www.elturistatranquil.com\/wp-content\/uploads\/F062-Baeza-1.jpg\" class=\"attachment-large size-large wp-image-13106\" alt=\"\" srcset=\"https:\/\/www.elturistatranquil.com\/wp-content\/uploads\/F062-Baeza-1.jpg 800w, https:\/\/www.elturistatranquil.com\/wp-content\/uploads\/F062-Baeza-1-768x512.jpg 768w\" sizes=\"(max-width: 800px) 100vw, 800px\" \/>\t\t\t\t\t\t\t\t\t\t\t<figcaption class=\"widget-image-caption wp-caption-text\"><\/figcaption>\n\t\t\t\t\t\t\t\t\t\t<\/figure>\n\t\t\t\t\t\t\t\t\t<\/div>\n\t\t\t\t<\/div>\n\t\t\t\t<div class=\"elementor-element elementor-element-3fab2743 elementor-widget elementor-widget-menu-anchor\" data-id=\"3fab2743\" data-element_type=\"widget\" data-e-type=\"widget\" data-widget_type=\"menu-anchor.default\">\n\t\t\t\t<div class=\"elementor-widget-container\">\n\t\t\t\t\t\t\t<div class=\"elementor-menu-anchor\" id=\"c2417\"><\/div>\n\t\t\t\t\t\t<\/div>\n\t\t\t\t<\/div>\n\t\t\t\t<div class=\"elementor-element elementor-element-19325994 elementor-widget elementor-widget-text-editor\" data-id=\"19325994\" data-element_type=\"widget\" data-e-type=\"widget\" data-widget_type=\"text-editor.default\">\n\t\t\t\t<div class=\"elementor-widget-container\">\n\t\t\t\t\t\t\t\t\t<p>A la cantonada em trobo al costat de l&#8217;Esgl\u00e9sia de San Pedro.<\/p>\t\t\t\t\t\t\t\t<\/div>\n\t\t\t\t<\/div>\n\t\t\t\t<div class=\"elementor-element elementor-element-518d6493 elementor-widget elementor-widget-heading\" data-id=\"518d6493\" data-element_type=\"widget\" data-e-type=\"widget\" data-widget_type=\"heading.default\">\n\t\t\t\t<div class=\"elementor-widget-container\">\n\t\t\t\t\t<h3 class=\"elementor-heading-title elementor-size-default\">Carrer Cuesta de San Gil, Carrer Santa Catalina<\/h3>\t\t\t\t<\/div>\n\t\t\t\t<\/div>\n\t\t\t\t<div class=\"elementor-element elementor-element-3d1477e8 elementor-widget elementor-widget-image\" data-id=\"3d1477e8\" data-element_type=\"widget\" data-e-type=\"widget\" data-widget_type=\"image.default\">\n\t\t\t\t<div class=\"elementor-widget-container\">\n\t\t\t\t\t\t\t\t\t\t\t\t<figure class=\"wp-caption\">\n\t\t\t\t\t\t\t\t\t\t<img loading=\"lazy\" decoding=\"async\" width=\"800\" height=\"533\" src=\"https:\/\/www.elturistatranquil.com\/wp-content\/uploads\/F063-Baeza-1.jpg\" class=\"attachment-large size-large wp-image-13108\" alt=\"\" srcset=\"https:\/\/www.elturistatranquil.com\/wp-content\/uploads\/F063-Baeza-1.jpg 800w, https:\/\/www.elturistatranquil.com\/wp-content\/uploads\/F063-Baeza-1-768x512.jpg 768w\" sizes=\"(max-width: 800px) 100vw, 800px\" \/>\t\t\t\t\t\t\t\t\t\t\t<figcaption class=\"widget-image-caption wp-caption-text\"><\/figcaption>\n\t\t\t\t\t\t\t\t\t\t<\/figure>\n\t\t\t\t\t\t\t\t\t<\/div>\n\t\t\t\t<\/div>\n\t\t\t\t<div class=\"elementor-element elementor-element-41a33a65 elementor-widget elementor-widget-heading\" data-id=\"41a33a65\" data-element_type=\"widget\" data-e-type=\"widget\" data-widget_type=\"heading.default\">\n\t\t\t\t<div class=\"elementor-widget-container\">\n\t\t\t\t\t<h4 class=\"elementor-heading-title elementor-size-small\">Pla\u00e7a de la Cruz Verde<\/h4>\t\t\t\t<\/div>\n\t\t\t\t<\/div>\n\t\t\t\t<div class=\"elementor-element elementor-element-6e6769e3 elementor-widget elementor-widget-text-editor\" data-id=\"6e6769e3\" data-element_type=\"widget\" data-e-type=\"widget\" data-widget_type=\"text-editor.default\">\n\t\t\t\t<div class=\"elementor-widget-container\">\n\t\t\t\t\t\t\t\t\t<p>Recollida placeta del barri antic. Els edificis s\u00f3n modestos i van perdre la portada de pedra. Enmig un pedestal que sost\u00e9 una creu de color verd, una mica descolorit en el moment de la visita.<\/p><p>Al fons la torre de la Catedral.<\/p>\t\t\t\t\t\t\t\t<\/div>\n\t\t\t\t<\/div>\n\t\t\t\t<div class=\"elementor-element elementor-element-5dc7a8ba elementor-widget elementor-widget-image\" data-id=\"5dc7a8ba\" data-element_type=\"widget\" data-e-type=\"widget\" data-widget_type=\"image.default\">\n\t\t\t\t<div class=\"elementor-widget-container\">\n\t\t\t\t\t\t\t\t\t\t\t\t<figure class=\"wp-caption\">\n\t\t\t\t\t\t\t\t\t\t<img loading=\"lazy\" decoding=\"async\" width=\"800\" height=\"533\" src=\"https:\/\/www.elturistatranquil.com\/wp-content\/uploads\/F064-Baeza-1.jpg\" class=\"attachment-large size-large wp-image-13110\" alt=\"\" srcset=\"https:\/\/www.elturistatranquil.com\/wp-content\/uploads\/F064-Baeza-1.jpg 800w, https:\/\/www.elturistatranquil.com\/wp-content\/uploads\/F064-Baeza-1-768x512.jpg 768w\" sizes=\"(max-width: 800px) 100vw, 800px\" \/>\t\t\t\t\t\t\t\t\t\t\t<figcaption class=\"widget-image-caption wp-caption-text\"><\/figcaption>\n\t\t\t\t\t\t\t\t\t\t<\/figure>\n\t\t\t\t\t\t\t\t\t<\/div>\n\t\t\t\t<\/div>\n\t\t\t\t<div class=\"elementor-element elementor-element-146d97bf elementor-widget elementor-widget-image\" data-id=\"146d97bf\" data-element_type=\"widget\" data-e-type=\"widget\" data-widget_type=\"image.default\">\n\t\t\t\t<div class=\"elementor-widget-container\">\n\t\t\t\t\t\t\t\t\t\t\t\t<figure class=\"wp-caption\">\n\t\t\t\t\t\t\t\t\t\t<img loading=\"lazy\" decoding=\"async\" width=\"800\" height=\"533\" src=\"https:\/\/www.elturistatranquil.com\/wp-content\/uploads\/F065-Baeza-1.jpg\" class=\"attachment-large size-large wp-image-13112\" alt=\"\" srcset=\"https:\/\/www.elturistatranquil.com\/wp-content\/uploads\/F065-Baeza-1.jpg 800w, https:\/\/www.elturistatranquil.com\/wp-content\/uploads\/F065-Baeza-1-768x512.jpg 768w\" sizes=\"(max-width: 800px) 100vw, 800px\" \/>\t\t\t\t\t\t\t\t\t\t\t<figcaption class=\"widget-image-caption wp-caption-text\"><\/figcaption>\n\t\t\t\t\t\t\t\t\t\t<\/figure>\n\t\t\t\t\t\t\t\t\t<\/div>\n\t\t\t\t<\/div>\n\t\t\t\t<div class=\"elementor-element elementor-element-6a6839fe elementor-widget elementor-widget-heading\" data-id=\"6a6839fe\" data-element_type=\"widget\" data-e-type=\"widget\" data-widget_type=\"heading.default\">\n\t\t\t\t<div class=\"elementor-widget-container\">\n\t\t\t\t\t<h4 class=\"elementor-heading-title elementor-size-small\">Esgl\u00e9sia de San Pedro (19)<\/h4>\t\t\t\t<\/div>\n\t\t\t\t<\/div>\n\t\t\t\t<div class=\"elementor-element elementor-element-4be7b14a elementor-widget elementor-widget-text-editor\" data-id=\"4be7b14a\" data-element_type=\"widget\" data-e-type=\"widget\" data-widget_type=\"text-editor.default\">\n\t\t\t\t<div class=\"elementor-widget-container\">\n\t\t\t\t\t\t\t\t\t<p>Com \u00e9s habitual, es tracta d&#8217;un temple rom\u00e0nic assentat sobre una antiga mesquita. Es va suprimir el seu culte en 1848, reconvertint-se en habitatge.<\/p><p>Es conserva l&#8217;absis i part del mur amb obertures posteriors que la desconfiguren.<\/p>\t\t\t\t\t\t\t\t<\/div>\n\t\t\t\t<\/div>\n\t\t\t\t<div class=\"elementor-element elementor-element-6bfe3cc6 elementor-widget elementor-widget-image\" data-id=\"6bfe3cc6\" data-element_type=\"widget\" data-e-type=\"widget\" data-widget_type=\"image.default\">\n\t\t\t\t<div class=\"elementor-widget-container\">\n\t\t\t\t\t\t\t\t\t\t\t\t<figure class=\"wp-caption\">\n\t\t\t\t\t\t\t\t\t\t<img loading=\"lazy\" decoding=\"async\" width=\"800\" height=\"533\" src=\"https:\/\/www.elturistatranquil.com\/wp-content\/uploads\/F066-Baeza-S-Pedro-1.jpg\" class=\"attachment-large size-large wp-image-13114\" alt=\"\" srcset=\"https:\/\/www.elturistatranquil.com\/wp-content\/uploads\/F066-Baeza-S-Pedro-1.jpg 800w, https:\/\/www.elturistatranquil.com\/wp-content\/uploads\/F066-Baeza-S-Pedro-1-768x512.jpg 768w\" sizes=\"(max-width: 800px) 100vw, 800px\" \/>\t\t\t\t\t\t\t\t\t\t\t<figcaption class=\"widget-image-caption wp-caption-text\"><\/figcaption>\n\t\t\t\t\t\t\t\t\t\t<\/figure>\n\t\t\t\t\t\t\t\t\t<\/div>\n\t\t\t\t<\/div>\n\t\t\t\t<div class=\"elementor-element elementor-element-274ba67c elementor-widget elementor-widget-menu-anchor\" data-id=\"274ba67c\" data-element_type=\"widget\" data-e-type=\"widget\" data-widget_type=\"menu-anchor.default\">\n\t\t\t\t<div class=\"elementor-widget-container\">\n\t\t\t\t\t\t\t<div class=\"elementor-menu-anchor\" id=\"c2418\"><\/div>\n\t\t\t\t\t\t<\/div>\n\t\t\t\t<\/div>\n\t\t\t\t<div class=\"elementor-element elementor-element-309f896a elementor-widget elementor-widget-image\" data-id=\"309f896a\" data-element_type=\"widget\" data-e-type=\"widget\" data-widget_type=\"image.default\">\n\t\t\t\t<div class=\"elementor-widget-container\">\n\t\t\t\t\t\t\t\t\t\t\t\t<figure class=\"wp-caption\">\n\t\t\t\t\t\t\t\t\t\t<img loading=\"lazy\" decoding=\"async\" width=\"800\" height=\"533\" src=\"https:\/\/www.elturistatranquil.com\/wp-content\/uploads\/F067-Baeza-1.jpg\" class=\"attachment-large size-large wp-image-13116\" alt=\"\" srcset=\"https:\/\/www.elturistatranquil.com\/wp-content\/uploads\/F067-Baeza-1.jpg 800w, https:\/\/www.elturistatranquil.com\/wp-content\/uploads\/F067-Baeza-1-768x512.jpg 768w\" sizes=\"(max-width: 800px) 100vw, 800px\" \/>\t\t\t\t\t\t\t\t\t\t\t<figcaption class=\"widget-image-caption wp-caption-text\"><\/figcaption>\n\t\t\t\t\t\t\t\t\t\t<\/figure>\n\t\t\t\t\t\t\t\t\t<\/div>\n\t\t\t\t<\/div>\n\t\t\t\t<div class=\"elementor-element elementor-element-3a97cd21 elementor-widget elementor-widget-heading\" data-id=\"3a97cd21\" data-element_type=\"widget\" data-e-type=\"widget\" data-widget_type=\"heading.default\">\n\t\t\t\t<div class=\"elementor-widget-container\">\n\t\t\t\t\t<h3 class=\"elementor-heading-title elementor-size-default\">Calle Alta,  Pla\u00e7a del Arcediano<\/h3>\t\t\t\t<\/div>\n\t\t\t\t<\/div>\n\t\t\t\t<div class=\"elementor-element elementor-element-7075f641 elementor-widget elementor-widget-heading\" data-id=\"7075f641\" data-element_type=\"widget\" data-e-type=\"widget\" data-widget_type=\"heading.default\">\n\t\t\t\t<div class=\"elementor-widget-container\">\n\t\t\t\t\t<h4 class=\"elementor-heading-title elementor-size-small\">Casa dels Aguilar<\/h4>\t\t\t\t<\/div>\n\t\t\t\t<\/div>\n\t\t\t\t<div class=\"elementor-element elementor-element-6b61e88f elementor-widget elementor-widget-text-editor\" data-id=\"6b61e88f\" data-element_type=\"widget\" data-e-type=\"widget\" data-widget_type=\"text-editor.default\">\n\t\t\t\t<div class=\"elementor-widget-container\">\n\t\t\t\t\t\t\t\t\t<p>Casa de carreus amb cornisa motllurada de pedra i l&#8217;escut dels Aguilar.<\/p>\t\t\t\t\t\t\t\t<\/div>\n\t\t\t\t<\/div>\n\t\t\t\t<div class=\"elementor-element elementor-element-1599114f elementor-widget elementor-widget-image\" data-id=\"1599114f\" data-element_type=\"widget\" data-e-type=\"widget\" data-widget_type=\"image.default\">\n\t\t\t\t<div class=\"elementor-widget-container\">\n\t\t\t\t\t\t\t\t\t\t\t\t<figure class=\"wp-caption\">\n\t\t\t\t\t\t\t\t\t\t<img loading=\"lazy\" decoding=\"async\" width=\"800\" height=\"533\" src=\"https:\/\/www.elturistatranquil.com\/wp-content\/uploads\/F068-Baeza-1.jpg\" class=\"attachment-large size-large wp-image-13118\" alt=\"\" srcset=\"https:\/\/www.elturistatranquil.com\/wp-content\/uploads\/F068-Baeza-1.jpg 800w, https:\/\/www.elturistatranquil.com\/wp-content\/uploads\/F068-Baeza-1-768x512.jpg 768w\" sizes=\"(max-width: 800px) 100vw, 800px\" \/>\t\t\t\t\t\t\t\t\t\t\t<figcaption class=\"widget-image-caption wp-caption-text\"><\/figcaption>\n\t\t\t\t\t\t\t\t\t\t<\/figure>\n\t\t\t\t\t\t\t\t\t<\/div>\n\t\t\t\t<\/div>\n\t\t\t\t<div class=\"elementor-element elementor-element-64aeb001 elementor-widget elementor-widget-image\" data-id=\"64aeb001\" data-element_type=\"widget\" data-e-type=\"widget\" data-widget_type=\"image.default\">\n\t\t\t\t<div class=\"elementor-widget-container\">\n\t\t\t\t\t\t\t\t\t\t\t\t<figure class=\"wp-caption\">\n\t\t\t\t\t\t\t\t\t\t<img loading=\"lazy\" decoding=\"async\" width=\"800\" height=\"533\" src=\"https:\/\/www.elturistatranquil.com\/wp-content\/uploads\/F069-Baeza-1.jpg\" class=\"attachment-large size-large wp-image-13120\" alt=\"\" srcset=\"https:\/\/www.elturistatranquil.com\/wp-content\/uploads\/F069-Baeza-1.jpg 800w, https:\/\/www.elturistatranquil.com\/wp-content\/uploads\/F069-Baeza-1-768x512.jpg 768w\" sizes=\"(max-width: 800px) 100vw, 800px\" \/>\t\t\t\t\t\t\t\t\t\t\t<figcaption class=\"widget-image-caption wp-caption-text\"><\/figcaption>\n\t\t\t\t\t\t\t\t\t\t<\/figure>\n\t\t\t\t\t\t\t\t\t<\/div>\n\t\t\t\t<\/div>\n\t\t\t\t<div class=\"elementor-element elementor-element-54cc9587 elementor-widget elementor-widget-text-editor\" data-id=\"54cc9587\" data-element_type=\"widget\" data-e-type=\"widget\" data-widget_type=\"text-editor.default\">\n\t\t\t\t<div class=\"elementor-widget-container\">\n\t\t\t\t\t\t\t\t\t<p>Moltes portes tenen claus amb forma de flor.<\/p>\t\t\t\t\t\t\t\t<\/div>\n\t\t\t\t<\/div>\n\t\t\t\t<div class=\"elementor-element elementor-element-71a2a187 elementor-widget elementor-widget-image\" data-id=\"71a2a187\" data-element_type=\"widget\" data-e-type=\"widget\" data-widget_type=\"image.default\">\n\t\t\t\t<div class=\"elementor-widget-container\">\n\t\t\t\t\t\t\t\t\t\t\t\t<figure class=\"wp-caption\">\n\t\t\t\t\t\t\t\t\t\t<img loading=\"lazy\" decoding=\"async\" width=\"800\" height=\"533\" src=\"https:\/\/www.elturistatranquil.com\/wp-content\/uploads\/F070-Baeza-1.jpg\" class=\"attachment-large size-large wp-image-13122\" alt=\"\" srcset=\"https:\/\/www.elturistatranquil.com\/wp-content\/uploads\/F070-Baeza-1.jpg 800w, https:\/\/www.elturistatranquil.com\/wp-content\/uploads\/F070-Baeza-1-768x512.jpg 768w\" sizes=\"(max-width: 800px) 100vw, 800px\" \/>\t\t\t\t\t\t\t\t\t\t\t<figcaption class=\"widget-image-caption wp-caption-text\"><\/figcaption>\n\t\t\t\t\t\t\t\t\t\t<\/figure>\n\t\t\t\t\t\t\t\t\t<\/div>\n\t\t\t\t<\/div>\n\t\t\t\t<div class=\"elementor-element elementor-element-10cb241b elementor-widget elementor-widget-text-editor\" data-id=\"10cb241b\" data-element_type=\"widget\" data-e-type=\"widget\" data-widget_type=\"text-editor.default\">\n\t\t\t\t<div class=\"elementor-widget-container\">\n\t\t\t\t\t\t\t\t\t<p>La Pla\u00e7a del Arcediano \u00e9s una recollida pla\u00e7a amb una gran unitat en les edificacions de cases populars. La torre de la Catedral domina el conjunt.<\/p>\t\t\t\t\t\t\t\t<\/div>\n\t\t\t\t<\/div>\n\t\t\t\t<div class=\"elementor-element elementor-element-54275564 elementor-widget elementor-widget-menu-anchor\" data-id=\"54275564\" data-element_type=\"widget\" data-e-type=\"widget\" data-widget_type=\"menu-anchor.default\">\n\t\t\t\t<div class=\"elementor-widget-container\">\n\t\t\t\t\t\t\t<div class=\"elementor-menu-anchor\" id=\"c2419\"><\/div>\n\t\t\t\t\t\t<\/div>\n\t\t\t\t<\/div>\n\t\t\t\t<div class=\"elementor-element elementor-element-2d572964 elementor-widget elementor-widget-image\" data-id=\"2d572964\" data-element_type=\"widget\" data-e-type=\"widget\" data-widget_type=\"image.default\">\n\t\t\t\t<div class=\"elementor-widget-container\">\n\t\t\t\t\t\t\t\t\t\t\t\t<figure class=\"wp-caption\">\n\t\t\t\t\t\t\t\t\t\t<img loading=\"lazy\" decoding=\"async\" width=\"800\" height=\"533\" src=\"https:\/\/www.elturistatranquil.com\/wp-content\/uploads\/F071-Baeza-1.jpg\" class=\"attachment-large size-large wp-image-13124\" alt=\"\" srcset=\"https:\/\/www.elturistatranquil.com\/wp-content\/uploads\/F071-Baeza-1.jpg 800w, https:\/\/www.elturistatranquil.com\/wp-content\/uploads\/F071-Baeza-1-768x512.jpg 768w\" sizes=\"(max-width: 800px) 100vw, 800px\" \/>\t\t\t\t\t\t\t\t\t\t\t<figcaption class=\"widget-image-caption wp-caption-text\"><\/figcaption>\n\t\t\t\t\t\t\t\t\t\t<\/figure>\n\t\t\t\t\t\t\t\t\t<\/div>\n\t\t\t\t<\/div>\n\t\t\t\t<div class=\"elementor-element elementor-element-26075487 elementor-widget elementor-widget-heading\" data-id=\"26075487\" data-element_type=\"widget\" data-e-type=\"widget\" data-widget_type=\"heading.default\">\n\t\t\t\t<div class=\"elementor-widget-container\">\n\t\t\t\t\t<h3 class=\"elementor-heading-title elementor-size-default\">Carrer Profesor Juan Cruz Cruz <\/h3>\t\t\t\t<\/div>\n\t\t\t\t<\/div>\n\t\t\t\t<div class=\"elementor-element elementor-element-8870345 elementor-widget elementor-widget-text-editor\" data-id=\"8870345\" data-element_type=\"widget\" data-e-type=\"widget\" data-widget_type=\"text-editor.default\">\n\t\t\t\t<div class=\"elementor-widget-container\">\n\t\t\t\t\t\t\t\t\t<p>Per la part posterior de la Catedral discorre aquest carrer\u00f3, al qual donen patis del darrere, creuat per un parell de ponts residencials.<\/p>\t\t\t\t\t\t\t\t<\/div>\n\t\t\t\t<\/div>\n\t\t\t\t<div class=\"elementor-element elementor-element-b200d1e elementor-widget elementor-widget-image\" data-id=\"b200d1e\" data-element_type=\"widget\" data-e-type=\"widget\" data-widget_type=\"image.default\">\n\t\t\t\t<div class=\"elementor-widget-container\">\n\t\t\t\t\t\t\t\t\t\t\t\t<figure class=\"wp-caption\">\n\t\t\t\t\t\t\t\t\t\t<img loading=\"lazy\" decoding=\"async\" width=\"800\" height=\"533\" src=\"https:\/\/www.elturistatranquil.com\/wp-content\/uploads\/F072-Baeza-1.jpg\" class=\"attachment-large size-large wp-image-13126\" alt=\"\" srcset=\"https:\/\/www.elturistatranquil.com\/wp-content\/uploads\/F072-Baeza-1.jpg 800w, https:\/\/www.elturistatranquil.com\/wp-content\/uploads\/F072-Baeza-1-768x512.jpg 768w\" sizes=\"(max-width: 800px) 100vw, 800px\" \/>\t\t\t\t\t\t\t\t\t\t\t<figcaption class=\"widget-image-caption wp-caption-text\"><\/figcaption>\n\t\t\t\t\t\t\t\t\t\t<\/figure>\n\t\t\t\t\t\t\t\t\t<\/div>\n\t\t\t\t<\/div>\n\t\t\t\t<div class=\"elementor-element elementor-element-4c1cb244 elementor-widget elementor-widget-image\" data-id=\"4c1cb244\" data-element_type=\"widget\" data-e-type=\"widget\" data-widget_type=\"image.default\">\n\t\t\t\t<div class=\"elementor-widget-container\">\n\t\t\t\t\t\t\t\t\t\t\t\t<figure class=\"wp-caption\">\n\t\t\t\t\t\t\t\t\t\t<img loading=\"lazy\" decoding=\"async\" width=\"415\" height=\"550\" src=\"https:\/\/www.elturistatranquil.com\/wp-content\/uploads\/F073-Baeza-Arco-del-Perd\u00f3n-1.jpg\" class=\"attachment-large size-large wp-image-13128\" alt=\"\" \/>\t\t\t\t\t\t\t\t\t\t\t<figcaption class=\"widget-image-caption wp-caption-text\">Arc del Perd\u00f3n<\/figcaption>\n\t\t\t\t\t\t\t\t\t\t<\/figure>\n\t\t\t\t\t\t\t\t\t<\/div>\n\t\t\t\t<\/div>\n\t\t\t\t<div class=\"elementor-element elementor-element-b4ad6d5 elementor-widget elementor-widget-menu-anchor\" data-id=\"b4ad6d5\" data-element_type=\"widget\" data-e-type=\"widget\" data-widget_type=\"menu-anchor.default\">\n\t\t\t\t<div class=\"elementor-widget-container\">\n\t\t\t\t\t\t\t<div class=\"elementor-menu-anchor\" id=\"c2420\"><\/div>\n\t\t\t\t\t\t<\/div>\n\t\t\t\t<\/div>\n\t\t\t\t<div class=\"elementor-element elementor-element-297e27e6 elementor-widget elementor-widget-image\" data-id=\"297e27e6\" data-element_type=\"widget\" data-e-type=\"widget\" data-widget_type=\"image.default\">\n\t\t\t\t<div class=\"elementor-widget-container\">\n\t\t\t\t\t\t\t\t\t\t\t\t<figure class=\"wp-caption\">\n\t\t\t\t\t\t\t\t\t\t<img loading=\"lazy\" decoding=\"async\" width=\"800\" height=\"533\" src=\"https:\/\/www.elturistatranquil.com\/wp-content\/uploads\/F074-Baeza-1.jpg\" class=\"attachment-large size-large wp-image-13130\" alt=\"\" srcset=\"https:\/\/www.elturistatranquil.com\/wp-content\/uploads\/F074-Baeza-1.jpg 800w, https:\/\/www.elturistatranquil.com\/wp-content\/uploads\/F074-Baeza-1-768x512.jpg 768w\" sizes=\"(max-width: 800px) 100vw, 800px\" \/>\t\t\t\t\t\t\t\t\t\t\t<figcaption class=\"widget-image-caption wp-caption-text\"><\/figcaption>\n\t\t\t\t\t\t\t\t\t\t<\/figure>\n\t\t\t\t\t\t\t\t\t<\/div>\n\t\t\t\t<\/div>\n\t\t\t\t<div class=\"elementor-element elementor-element-3b3e198f elementor-widget elementor-widget-heading\" data-id=\"3b3e198f\" data-element_type=\"widget\" data-e-type=\"widget\" data-widget_type=\"heading.default\">\n\t\t\t\t<div class=\"elementor-widget-container\">\n\t\t\t\t\t<h3 class=\"elementor-heading-title elementor-size-default\">Carrer Can\u00f3nigo Melgares<\/h3>\t\t\t\t<\/div>\n\t\t\t\t<\/div>\n\t\t\t\t<div class=\"elementor-element elementor-element-34da64c2 elementor-widget elementor-widget-text-editor\" data-id=\"34da64c2\" data-element_type=\"widget\" data-e-type=\"widget\" data-widget_type=\"text-editor.default\">\n\t\t\t\t<div class=\"elementor-widget-container\">\n\t\t\t\t\t\t\t\t\t<p>\u00c9s un carrer curt i tranquil que neix al carrer de Santa Catalina i desemboca a la Placeta de la Puerta de la Luna, a la banda oest de la Catedral.<\/p><p>Hi ha en ella tres casalots dels segles XVII i XVIII i cases m\u00e9s modestes.<\/p>\t\t\t\t\t\t\t\t<\/div>\n\t\t\t\t<\/div>\n\t\t\t\t<div class=\"elementor-element elementor-element-36382ac8 elementor-widget elementor-widget-image\" data-id=\"36382ac8\" data-element_type=\"widget\" data-e-type=\"widget\" data-widget_type=\"image.default\">\n\t\t\t\t<div class=\"elementor-widget-container\">\n\t\t\t\t\t\t\t\t\t\t\t\t<figure class=\"wp-caption\">\n\t\t\t\t\t\t\t\t\t\t<img loading=\"lazy\" decoding=\"async\" width=\"800\" height=\"533\" src=\"https:\/\/www.elturistatranquil.com\/wp-content\/uploads\/F075-Baeza-1.jpg\" class=\"attachment-large size-large wp-image-13132\" alt=\"\" srcset=\"https:\/\/www.elturistatranquil.com\/wp-content\/uploads\/F075-Baeza-1.jpg 800w, https:\/\/www.elturistatranquil.com\/wp-content\/uploads\/F075-Baeza-1-768x512.jpg 768w\" sizes=\"(max-width: 800px) 100vw, 800px\" \/>\t\t\t\t\t\t\t\t\t\t\t<figcaption class=\"widget-image-caption wp-caption-text\"><\/figcaption>\n\t\t\t\t\t\t\t\t\t\t<\/figure>\n\t\t\t\t\t\t\t\t\t<\/div>\n\t\t\t\t<\/div>\n\t\t\t\t<div class=\"elementor-element elementor-element-28cadf85 elementor-widget elementor-widget-image\" data-id=\"28cadf85\" data-element_type=\"widget\" data-e-type=\"widget\" data-widget_type=\"image.default\">\n\t\t\t\t<div class=\"elementor-widget-container\">\n\t\t\t\t\t\t\t\t\t\t\t\t<figure class=\"wp-caption\">\n\t\t\t\t\t\t\t\t\t\t<img loading=\"lazy\" decoding=\"async\" width=\"800\" height=\"533\" src=\"https:\/\/www.elturistatranquil.com\/wp-content\/uploads\/F076-Baeza-1.jpg\" class=\"attachment-large size-large wp-image-13134\" alt=\"\" srcset=\"https:\/\/www.elturistatranquil.com\/wp-content\/uploads\/F076-Baeza-1.jpg 800w, https:\/\/www.elturistatranquil.com\/wp-content\/uploads\/F076-Baeza-1-768x512.jpg 768w\" sizes=\"(max-width: 800px) 100vw, 800px\" \/>\t\t\t\t\t\t\t\t\t\t\t<figcaption class=\"widget-image-caption wp-caption-text\"><\/figcaption>\n\t\t\t\t\t\t\t\t\t\t<\/figure>\n\t\t\t\t\t\t\t\t\t<\/div>\n\t\t\t\t<\/div>\n\t\t\t\t<div class=\"elementor-element elementor-element-4b543769 elementor-widget elementor-widget-image\" data-id=\"4b543769\" data-element_type=\"widget\" data-e-type=\"widget\" data-widget_type=\"image.default\">\n\t\t\t\t<div class=\"elementor-widget-container\">\n\t\t\t\t\t\t\t\t\t\t\t\t<figure class=\"wp-caption\">\n\t\t\t\t\t\t\t\t\t\t<img loading=\"lazy\" decoding=\"async\" width=\"800\" height=\"533\" src=\"https:\/\/www.elturistatranquil.com\/wp-content\/uploads\/F077-Baeza-1.jpg\" class=\"attachment-large size-large wp-image-13136\" alt=\"\" srcset=\"https:\/\/www.elturistatranquil.com\/wp-content\/uploads\/F077-Baeza-1.jpg 800w, https:\/\/www.elturistatranquil.com\/wp-content\/uploads\/F077-Baeza-1-768x512.jpg 768w\" sizes=\"(max-width: 800px) 100vw, 800px\" \/>\t\t\t\t\t\t\t\t\t\t\t<figcaption class=\"widget-image-caption wp-caption-text\"><\/figcaption>\n\t\t\t\t\t\t\t\t\t\t<\/figure>\n\t\t\t\t\t\t\t\t\t<\/div>\n\t\t\t\t<\/div>\n\t\t\t\t<div class=\"elementor-element elementor-element-4ec7b50f elementor-widget elementor-widget-text-editor\" data-id=\"4ec7b50f\" data-element_type=\"widget\" data-e-type=\"widget\" data-widget_type=\"text-editor.default\">\n\t\t\t\t<div class=\"elementor-widget-container\">\n\t\t\t\t\t\t\t\t\t<p>A la cantonada amb la Pla\u00e7a de Santa Mar\u00eda o de la Catedral, destaca la Casa de los Can\u00f3nigos.<\/p>\t\t\t\t\t\t\t\t<\/div>\n\t\t\t\t<\/div>\n\t\t\t\t<div class=\"elementor-element elementor-element-2ad5bca5 elementor-widget elementor-widget-menu-anchor\" data-id=\"2ad5bca5\" data-element_type=\"widget\" data-e-type=\"widget\" data-widget_type=\"menu-anchor.default\">\n\t\t\t\t<div class=\"elementor-widget-container\">\n\t\t\t\t\t\t\t<div class=\"elementor-menu-anchor\" id=\"c2421\"><\/div>\n\t\t\t\t\t\t<\/div>\n\t\t\t\t<\/div>\n\t\t\t\t<div class=\"elementor-element elementor-element-65e50b26 elementor-widget elementor-widget-image\" data-id=\"65e50b26\" data-element_type=\"widget\" data-e-type=\"widget\" data-widget_type=\"image.default\">\n\t\t\t\t<div class=\"elementor-widget-container\">\n\t\t\t\t\t\t\t\t\t\t\t\t<figure class=\"wp-caption\">\n\t\t\t\t\t\t\t\t\t\t<img loading=\"lazy\" decoding=\"async\" width=\"800\" height=\"533\" src=\"https:\/\/www.elturistatranquil.com\/wp-content\/uploads\/F078-Baeza-1.jpg\" class=\"attachment-large size-large wp-image-13138\" alt=\"\" srcset=\"https:\/\/www.elturistatranquil.com\/wp-content\/uploads\/F078-Baeza-1.jpg 800w, https:\/\/www.elturistatranquil.com\/wp-content\/uploads\/F078-Baeza-1-768x512.jpg 768w\" sizes=\"(max-width: 800px) 100vw, 800px\" \/>\t\t\t\t\t\t\t\t\t\t\t<figcaption class=\"widget-image-caption wp-caption-text\"><\/figcaption>\n\t\t\t\t\t\t\t\t\t\t<\/figure>\n\t\t\t\t\t\t\t\t\t<\/div>\n\t\t\t\t<\/div>\n\t\t\t\t<div class=\"elementor-element elementor-element-3ed70a86 elementor-widget elementor-widget-heading\" data-id=\"3ed70a86\" data-element_type=\"widget\" data-e-type=\"widget\" data-widget_type=\"heading.default\">\n\t\t\t\t<div class=\"elementor-widget-container\">\n\t\t\t\t\t<h2 class=\"elementor-heading-title elementor-size-default\">Pla\u00e7a de Santa Mar\u00eda (V)<\/h2>\t\t\t\t<\/div>\n\t\t\t\t<\/div>\n\t\t\t\t<div class=\"elementor-element elementor-element-71d8b118 elementor-widget elementor-widget-image\" data-id=\"71d8b118\" data-element_type=\"widget\" data-e-type=\"widget\" data-widget_type=\"image.default\">\n\t\t\t\t<div class=\"elementor-widget-container\">\n\t\t\t\t\t\t\t\t\t\t\t\t<figure class=\"wp-caption\">\n\t\t\t\t\t\t\t\t\t\t<img loading=\"lazy\" decoding=\"async\" width=\"800\" height=\"533\" src=\"https:\/\/www.elturistatranquil.com\/wp-content\/uploads\/F058-Baeza-1.jpg\" class=\"attachment-large size-large wp-image-13098\" alt=\"\" srcset=\"https:\/\/www.elturistatranquil.com\/wp-content\/uploads\/F058-Baeza-1.jpg 800w, https:\/\/www.elturistatranquil.com\/wp-content\/uploads\/F058-Baeza-1-768x512.jpg 768w\" sizes=\"(max-width: 800px) 100vw, 800px\" \/>\t\t\t\t\t\t\t\t\t\t\t<figcaption class=\"widget-image-caption wp-caption-text\"><\/figcaption>\n\t\t\t\t\t\t\t\t\t\t<\/figure>\n\t\t\t\t\t\t\t\t\t<\/div>\n\t\t\t\t<\/div>\n\t\t\t\t<div class=\"elementor-element elementor-element-14e32eb2 elementor-widget elementor-widget-text-editor\" data-id=\"14e32eb2\" data-element_type=\"widget\" data-e-type=\"widget\" data-widget_type=\"text-editor.default\">\n\t\t\t\t<div class=\"elementor-widget-container\">\n\t\t\t\t\t\t\t\t\t<p>La Pla\u00e7a de Santa Maria l&#8217;he configurat com una zona, la V, per tractar-se d&#8217;una de les unitats urbanes m\u00e9s significatives de la Baeza monumental.<\/p>\t\t\t\t\t\t\t\t<\/div>\n\t\t\t\t<\/div>\n\t\t\t\t<div class=\"elementor-element elementor-element-74b13180 elementor-widget elementor-widget-heading\" data-id=\"74b13180\" data-element_type=\"widget\" data-e-type=\"widget\" data-widget_type=\"heading.default\">\n\t\t\t\t<div class=\"elementor-widget-container\">\n\t\t\t\t\t<h4 class=\"elementor-heading-title elementor-size-small\">Pla\u00e7a de Santa Mar\u00eda<\/h4>\t\t\t\t<\/div>\n\t\t\t\t<\/div>\n\t\t\t\t<div class=\"elementor-element elementor-element-81f6ec4 elementor-widget elementor-widget-text-editor\" data-id=\"81f6ec4\" data-element_type=\"widget\" data-e-type=\"widget\" data-widget_type=\"text-editor.default\">\n\t\t\t\t<div class=\"elementor-widget-container\">\n\t\t\t\t\t\t\t\t\t<p>La pla\u00e7a va ser constru\u00efda en 1564 i renovada el 1670, edificant-se al voltant de la primitiva mesquita. La seva configuraci\u00f3 actual s&#8217;ha anat modelant en anar construint-se els edificis que la delimiten.<\/p><p>Aquesta pla\u00e7a \u00e9s la m\u00e9s monumental de Baeza pel nombre i qualitat dels edificis que la circumden.<\/p>\t\t\t\t\t\t\t\t<\/div>\n\t\t\t\t<\/div>\n\t\t\t\t<div class=\"elementor-element elementor-element-55d32c56 elementor-widget elementor-widget-image\" data-id=\"55d32c56\" data-element_type=\"widget\" data-e-type=\"widget\" data-widget_type=\"image.default\">\n\t\t\t\t<div class=\"elementor-widget-container\">\n\t\t\t\t\t\t\t\t\t\t\t\t<figure class=\"wp-caption\">\n\t\t\t\t\t\t\t\t\t\t<img loading=\"lazy\" decoding=\"async\" width=\"800\" height=\"533\" src=\"https:\/\/www.elturistatranquil.com\/wp-content\/uploads\/F080-Baeza-1.jpg\" class=\"attachment-large size-large wp-image-13140\" alt=\"\" srcset=\"https:\/\/www.elturistatranquil.com\/wp-content\/uploads\/F080-Baeza-1.jpg 800w, https:\/\/www.elturistatranquil.com\/wp-content\/uploads\/F080-Baeza-1-768x512.jpg 768w\" sizes=\"(max-width: 800px) 100vw, 800px\" \/>\t\t\t\t\t\t\t\t\t\t\t<figcaption class=\"widget-image-caption wp-caption-text\"><\/figcaption>\n\t\t\t\t\t\t\t\t\t\t<\/figure>\n\t\t\t\t\t\t\t\t\t<\/div>\n\t\t\t\t<\/div>\n\t\t\t\t<div class=\"elementor-element elementor-element-41ad17b9 elementor-widget elementor-widget-image\" data-id=\"41ad17b9\" data-element_type=\"widget\" data-e-type=\"widget\" data-widget_type=\"image.default\">\n\t\t\t\t<div class=\"elementor-widget-container\">\n\t\t\t\t\t\t\t\t\t\t\t\t<figure class=\"wp-caption\">\n\t\t\t\t\t\t\t\t\t\t<img loading=\"lazy\" decoding=\"async\" width=\"800\" height=\"533\" src=\"https:\/\/www.elturistatranquil.com\/wp-content\/uploads\/F081-Baeza-1.jpg\" class=\"attachment-large size-large wp-image-13142\" alt=\"\" srcset=\"https:\/\/www.elturistatranquil.com\/wp-content\/uploads\/F081-Baeza-1.jpg 800w, https:\/\/www.elturistatranquil.com\/wp-content\/uploads\/F081-Baeza-1-768x512.jpg 768w\" sizes=\"(max-width: 800px) 100vw, 800px\" \/>\t\t\t\t\t\t\t\t\t\t\t<figcaption class=\"widget-image-caption wp-caption-text\"><\/figcaption>\n\t\t\t\t\t\t\t\t\t\t<\/figure>\n\t\t\t\t\t\t\t\t\t<\/div>\n\t\t\t\t<\/div>\n\t\t\t\t<div class=\"elementor-element elementor-element-636d0c49 elementor-widget elementor-widget-heading\" data-id=\"636d0c49\" data-element_type=\"widget\" data-e-type=\"widget\" data-widget_type=\"heading.default\">\n\t\t\t\t<div class=\"elementor-widget-container\">\n\t\t\t\t\t<h4 class=\"elementor-heading-title elementor-size-small\">Casas Consistoriales Altas (15)<\/h4>\t\t\t\t<\/div>\n\t\t\t\t<\/div>\n\t\t\t\t<div class=\"elementor-element elementor-element-4607d23 elementor-widget elementor-widget-text-editor\" data-id=\"4607d23\" data-element_type=\"widget\" data-e-type=\"widget\" data-widget_type=\"text-editor.default\">\n\t\t\t\t<div class=\"elementor-widget-container\">\n\t\t\t\t\t\t\t\t\t<p>Edifici assentat sobre l&#8217;antiga casa pairal dels Cabrera, es va iniciar la seva reforma el 1511 fins a 1526, amb estils g\u00f2tic i plateresc.<\/p><p>La fa\u00e7ana consta d&#8217;una porta g\u00f2tica de grans dovelles i dues finestres coronelles a la planta superior.<\/p>\t\t\t\t\t\t\t\t<\/div>\n\t\t\t\t<\/div>\n\t\t\t\t<div class=\"elementor-element elementor-element-136490f0 elementor-widget elementor-widget-image\" data-id=\"136490f0\" data-element_type=\"widget\" data-e-type=\"widget\" data-widget_type=\"image.default\">\n\t\t\t\t<div class=\"elementor-widget-container\">\n\t\t\t\t\t\t\t\t\t\t\t\t<figure class=\"wp-caption\">\n\t\t\t\t\t\t\t\t\t\t<img loading=\"lazy\" decoding=\"async\" width=\"800\" height=\"533\" src=\"https:\/\/www.elturistatranquil.com\/wp-content\/uploads\/F082-Baeza-1.jpg\" class=\"attachment-large size-large wp-image-13144\" alt=\"\" srcset=\"https:\/\/www.elturistatranquil.com\/wp-content\/uploads\/F082-Baeza-1.jpg 800w, https:\/\/www.elturistatranquil.com\/wp-content\/uploads\/F082-Baeza-1-768x512.jpg 768w\" sizes=\"(max-width: 800px) 100vw, 800px\" \/>\t\t\t\t\t\t\t\t\t\t\t<figcaption class=\"widget-image-caption wp-caption-text\"><\/figcaption>\n\t\t\t\t\t\t\t\t\t\t<\/figure>\n\t\t\t\t\t\t\t\t\t<\/div>\n\t\t\t\t<\/div>\n\t\t\t\t<div class=\"elementor-element elementor-element-35d2d071 elementor-widget elementor-widget-image\" data-id=\"35d2d071\" data-element_type=\"widget\" data-e-type=\"widget\" data-widget_type=\"image.default\">\n\t\t\t\t<div class=\"elementor-widget-container\">\n\t\t\t\t\t\t\t\t\t\t\t\t<figure class=\"wp-caption\">\n\t\t\t\t\t\t\t\t\t\t<img loading=\"lazy\" decoding=\"async\" width=\"366\" height=\"550\" src=\"https:\/\/www.elturistatranquil.com\/wp-content\/uploads\/F083-Baeza-1.jpg\" class=\"attachment-large size-large wp-image-13146\" alt=\"\" \/>\t\t\t\t\t\t\t\t\t\t\t<figcaption class=\"widget-image-caption wp-caption-text\"><\/figcaption>\n\t\t\t\t\t\t\t\t\t\t<\/figure>\n\t\t\t\t\t\t\t\t\t<\/div>\n\t\t\t\t<\/div>\n\t\t\t\t<div class=\"elementor-element elementor-element-7fa679db elementor-widget elementor-widget-image\" data-id=\"7fa679db\" data-element_type=\"widget\" data-e-type=\"widget\" data-widget_type=\"image.default\">\n\t\t\t\t<div class=\"elementor-widget-container\">\n\t\t\t\t\t\t\t\t\t\t\t\t<figure class=\"wp-caption\">\n\t\t\t\t\t\t\t\t\t\t<img loading=\"lazy\" decoding=\"async\" width=\"398\" height=\"550\" src=\"https:\/\/www.elturistatranquil.com\/wp-content\/uploads\/F084-Baeza-1.jpg\" class=\"attachment-large size-large wp-image-13148\" alt=\"\" \/>\t\t\t\t\t\t\t\t\t\t\t<figcaption class=\"widget-image-caption wp-caption-text\"><\/figcaption>\n\t\t\t\t\t\t\t\t\t\t<\/figure>\n\t\t\t\t\t\t\t\t\t<\/div>\n\t\t\t\t<\/div>\n\t\t\t\t<div class=\"elementor-element elementor-element-7e619cdb elementor-widget elementor-widget-heading\" data-id=\"7e619cdb\" data-element_type=\"widget\" data-e-type=\"widget\" data-widget_type=\"heading.default\">\n\t\t\t\t<div class=\"elementor-widget-container\">\n\t\t\t\t\t<h4 class=\"elementor-heading-title elementor-size-small\">Santa Esgl\u00e9sia Catedral de Santa Mar\u00eda (14)<\/h4>\t\t\t\t<\/div>\n\t\t\t\t<\/div>\n\t\t\t\t<div class=\"elementor-element elementor-element-5dce154a elementor-widget elementor-widget-text-editor\" data-id=\"5dce154a\" data-element_type=\"widget\" data-e-type=\"widget\" data-widget_type=\"text-editor.default\">\n\t\t\t\t<div class=\"elementor-widget-container\">\n\t\t\t\t\t\t\t\t\t<p>Edifici amb mostra dels diferents estils constru\u00efts a Baeza al llarg de les seves successives restauracions, sent el temple m\u00e9s important de la ciutat.<\/p><p>Constru\u00efda sobre una antiga mesquita major i la torre part del seu minaret. Despr\u00e9s de la conquesta cristiana la catedral es va refer en estil g\u00f2tic.<\/p><p>En 1567 es va enfonsar la part central i la va reconstruir l&#8217;arquitecte Andr\u00e9s de Vandelvira, acabant-se en 1593 en estil renaixentista.<\/p><p>El resultat \u00e9s un interessant edifici d&#8217;estil renaixentista que posseeix una torre g\u00f2tica. En el seu interior destaca l&#8217;altar major.<\/p>\t\t\t\t\t\t\t\t<\/div>\n\t\t\t\t<\/div>\n\t\t\t\t<div class=\"elementor-element elementor-element-2dd4348b elementor-widget elementor-widget-image\" data-id=\"2dd4348b\" data-element_type=\"widget\" data-e-type=\"widget\" data-widget_type=\"image.default\">\n\t\t\t\t<div class=\"elementor-widget-container\">\n\t\t\t\t\t\t\t\t\t\t\t\t<figure class=\"wp-caption\">\n\t\t\t\t\t\t\t\t\t\t<img loading=\"lazy\" decoding=\"async\" width=\"800\" height=\"532\" src=\"https:\/\/www.elturistatranquil.com\/wp-content\/uploads\/F085-Baeza-Catedral-.jpg\" class=\"attachment-large size-large wp-image-13248\" alt=\"Baeza Catedral\" srcset=\"https:\/\/www.elturistatranquil.com\/wp-content\/uploads\/F085-Baeza-Catedral-.jpg 800w, https:\/\/www.elturistatranquil.com\/wp-content\/uploads\/F085-Baeza-Catedral--768x511.jpg 768w\" sizes=\"(max-width: 800px) 100vw, 800px\" \/>\t\t\t\t\t\t\t\t\t\t\t<figcaption class=\"widget-image-caption wp-caption-text\">Planta de la Catedral<\/figcaption>\n\t\t\t\t\t\t\t\t\t\t<\/figure>\n\t\t\t\t\t\t\t\t\t<\/div>\n\t\t\t\t<\/div>\n\t\t\t\t<div class=\"elementor-element elementor-element-706b604f elementor-widget elementor-widget-image\" data-id=\"706b604f\" data-element_type=\"widget\" data-e-type=\"widget\" data-widget_type=\"image.default\">\n\t\t\t\t<div class=\"elementor-widget-container\">\n\t\t\t\t\t\t\t\t\t\t\t\t<figure class=\"wp-caption\">\n\t\t\t\t\t\t\t\t\t\t<img loading=\"lazy\" decoding=\"async\" width=\"800\" height=\"533\" src=\"https:\/\/www.elturistatranquil.com\/wp-content\/uploads\/F086-Baeza-Catedral-1.jpg\" class=\"attachment-large size-large wp-image-13152\" alt=\"\" srcset=\"https:\/\/www.elturistatranquil.com\/wp-content\/uploads\/F086-Baeza-Catedral-1.jpg 800w, https:\/\/www.elturistatranquil.com\/wp-content\/uploads\/F086-Baeza-Catedral-1-768x512.jpg 768w\" sizes=\"(max-width: 800px) 100vw, 800px\" \/>\t\t\t\t\t\t\t\t\t\t\t<figcaption class=\"widget-image-caption wp-caption-text\"><\/figcaption>\n\t\t\t\t\t\t\t\t\t\t<\/figure>\n\t\t\t\t\t\t\t\t\t<\/div>\n\t\t\t\t<\/div>\n\t\t\t\t<div class=\"elementor-element elementor-element-752d31d2 elementor-widget elementor-widget-image\" data-id=\"752d31d2\" data-element_type=\"widget\" data-e-type=\"widget\" data-widget_type=\"image.default\">\n\t\t\t\t<div class=\"elementor-widget-container\">\n\t\t\t\t\t\t\t\t\t\t\t\t<figure class=\"wp-caption\">\n\t\t\t\t\t\t\t\t\t\t<img loading=\"lazy\" decoding=\"async\" width=\"800\" height=\"533\" src=\"https:\/\/www.elturistatranquil.com\/wp-content\/uploads\/F087-Baeza-1.jpg\" class=\"attachment-large size-large wp-image-13154\" alt=\"\" srcset=\"https:\/\/www.elturistatranquil.com\/wp-content\/uploads\/F087-Baeza-1.jpg 800w, https:\/\/www.elturistatranquil.com\/wp-content\/uploads\/F087-Baeza-1-768x512.jpg 768w\" sizes=\"(max-width: 800px) 100vw, 800px\" \/>\t\t\t\t\t\t\t\t\t\t\t<figcaption class=\"widget-image-caption wp-caption-text\"><\/figcaption>\n\t\t\t\t\t\t\t\t\t\t<\/figure>\n\t\t\t\t\t\t\t\t\t<\/div>\n\t\t\t\t<\/div>\n\t\t\t\t<div class=\"elementor-element elementor-element-252b7a1b elementor-widget elementor-widget-image\" data-id=\"252b7a1b\" data-element_type=\"widget\" data-e-type=\"widget\" data-widget_type=\"image.default\">\n\t\t\t\t<div class=\"elementor-widget-container\">\n\t\t\t\t\t\t\t\t\t\t\t\t<figure class=\"wp-caption\">\n\t\t\t\t\t\t\t\t\t\t<img loading=\"lazy\" decoding=\"async\" width=\"800\" height=\"533\" src=\"https:\/\/www.elturistatranquil.com\/wp-content\/uploads\/F088-Baeza-Catedral-1.jpg\" class=\"attachment-large size-large wp-image-13156\" alt=\"\" srcset=\"https:\/\/www.elturistatranquil.com\/wp-content\/uploads\/F088-Baeza-Catedral-1.jpg 800w, https:\/\/www.elturistatranquil.com\/wp-content\/uploads\/F088-Baeza-Catedral-1-768x512.jpg 768w\" sizes=\"(max-width: 800px) 100vw, 800px\" \/>\t\t\t\t\t\t\t\t\t\t\t<figcaption class=\"widget-image-caption wp-caption-text\"><\/figcaption>\n\t\t\t\t\t\t\t\t\t\t<\/figure>\n\t\t\t\t\t\t\t\t\t<\/div>\n\t\t\t\t<\/div>\n\t\t\t\t<div class=\"elementor-element elementor-element-6e9180a9 elementor-widget elementor-widget-text-editor\" data-id=\"6e9180a9\" data-element_type=\"widget\" data-e-type=\"widget\" data-widget_type=\"text-editor.default\">\n\t\t\t\t<div class=\"elementor-widget-container\">\n\t\t\t\t\t\t\t\t\t<p>La fa\u00e7ana oest cont\u00e9 els elements m\u00e9s antics del recinte, amb la porta de la Luna.<\/p><p>Es tracta d&#8217;una porta d\u2019estil mud\u00e8jar del segle XIII.<\/p><p>A sobre est\u00e0 situat una rosassa g\u00f2tica de tra\u00e7a cistercenc i mud\u00e8jar.<\/p>\t\t\t\t\t\t\t\t<\/div>\n\t\t\t\t<\/div>\n\t\t\t\t<div class=\"elementor-element elementor-element-751923ca elementor-widget elementor-widget-image\" data-id=\"751923ca\" data-element_type=\"widget\" data-e-type=\"widget\" data-widget_type=\"image.default\">\n\t\t\t\t<div class=\"elementor-widget-container\">\n\t\t\t\t\t\t\t\t\t\t\t\t<figure class=\"wp-caption\">\n\t\t\t\t\t\t\t\t\t\t<img loading=\"lazy\" decoding=\"async\" width=\"800\" height=\"533\" src=\"https:\/\/www.elturistatranquil.com\/wp-content\/uploads\/F090-Baeza-Catedral-1.jpg\" class=\"attachment-large size-large wp-image-13158\" alt=\"\" srcset=\"https:\/\/www.elturistatranquil.com\/wp-content\/uploads\/F090-Baeza-Catedral-1.jpg 800w, https:\/\/www.elturistatranquil.com\/wp-content\/uploads\/F090-Baeza-Catedral-1-768x512.jpg 768w\" sizes=\"(max-width: 800px) 100vw, 800px\" \/>\t\t\t\t\t\t\t\t\t\t\t<figcaption class=\"widget-image-caption wp-caption-text\"><\/figcaption>\n\t\t\t\t\t\t\t\t\t\t<\/figure>\n\t\t\t\t\t\t\t\t\t<\/div>\n\t\t\t\t<\/div>\n\t\t\t\t<div class=\"elementor-element elementor-element-e1c7ea6 elementor-widget elementor-widget-image\" data-id=\"e1c7ea6\" data-element_type=\"widget\" data-e-type=\"widget\" data-widget_type=\"image.default\">\n\t\t\t\t<div class=\"elementor-widget-container\">\n\t\t\t\t\t\t\t\t\t\t\t\t<figure class=\"wp-caption\">\n\t\t\t\t\t\t\t\t\t\t<img loading=\"lazy\" decoding=\"async\" width=\"800\" height=\"533\" src=\"https:\/\/www.elturistatranquil.com\/wp-content\/uploads\/F091-Baeza-Catedral-1.jpg\" class=\"attachment-large size-large wp-image-13160\" alt=\"\" srcset=\"https:\/\/www.elturistatranquil.com\/wp-content\/uploads\/F091-Baeza-Catedral-1.jpg 800w, https:\/\/www.elturistatranquil.com\/wp-content\/uploads\/F091-Baeza-Catedral-1-768x512.jpg 768w\" sizes=\"(max-width: 800px) 100vw, 800px\" \/>\t\t\t\t\t\t\t\t\t\t\t<figcaption class=\"widget-image-caption wp-caption-text\"><\/figcaption>\n\t\t\t\t\t\t\t\t\t\t<\/figure>\n\t\t\t\t\t\t\t\t\t<\/div>\n\t\t\t\t<\/div>\n\t\t\t\t<div class=\"elementor-element elementor-element-5a8c267e elementor-widget elementor-widget-image\" data-id=\"5a8c267e\" data-element_type=\"widget\" data-e-type=\"widget\" data-widget_type=\"image.default\">\n\t\t\t\t<div class=\"elementor-widget-container\">\n\t\t\t\t\t\t\t\t\t\t\t\t<figure class=\"wp-caption\">\n\t\t\t\t\t\t\t\t\t\t<img loading=\"lazy\" decoding=\"async\" width=\"800\" height=\"533\" src=\"https:\/\/www.elturistatranquil.com\/wp-content\/uploads\/F092-Baeza-Catedral-1.jpg\" class=\"attachment-large size-large wp-image-13162\" alt=\"\" srcset=\"https:\/\/www.elturistatranquil.com\/wp-content\/uploads\/F092-Baeza-Catedral-1.jpg 800w, https:\/\/www.elturistatranquil.com\/wp-content\/uploads\/F092-Baeza-Catedral-1-768x512.jpg 768w\" sizes=\"(max-width: 800px) 100vw, 800px\" \/>\t\t\t\t\t\t\t\t\t\t\t<figcaption class=\"widget-image-caption wp-caption-text\"><\/figcaption>\n\t\t\t\t\t\t\t\t\t\t<\/figure>\n\t\t\t\t\t\t\t\t\t<\/div>\n\t\t\t\t<\/div>\n\t\t\t\t<div class=\"elementor-element elementor-element-7c833dff elementor-widget elementor-widget-image\" data-id=\"7c833dff\" data-element_type=\"widget\" data-e-type=\"widget\" data-widget_type=\"image.default\">\n\t\t\t\t<div class=\"elementor-widget-container\">\n\t\t\t\t\t\t\t\t\t\t\t\t<figure class=\"wp-caption\">\n\t\t\t\t\t\t\t\t\t\t<img loading=\"lazy\" decoding=\"async\" width=\"800\" height=\"533\" src=\"https:\/\/www.elturistatranquil.com\/wp-content\/uploads\/F093-Baeza-Catedral-1.jpg\" class=\"attachment-large size-large wp-image-13164\" alt=\"\" srcset=\"https:\/\/www.elturistatranquil.com\/wp-content\/uploads\/F093-Baeza-Catedral-1.jpg 800w, https:\/\/www.elturistatranquil.com\/wp-content\/uploads\/F093-Baeza-Catedral-1-768x512.jpg 768w\" sizes=\"(max-width: 800px) 100vw, 800px\" \/>\t\t\t\t\t\t\t\t\t\t\t<figcaption class=\"widget-image-caption wp-caption-text\"><\/figcaption>\n\t\t\t\t\t\t\t\t\t\t<\/figure>\n\t\t\t\t\t\t\t\t\t<\/div>\n\t\t\t\t<\/div>\n\t\t\t\t<div class=\"elementor-element elementor-element-39dd9fdc elementor-widget elementor-widget-heading\" data-id=\"39dd9fdc\" data-element_type=\"widget\" data-e-type=\"widget\" data-widget_type=\"heading.default\">\n\t\t\t\t<div class=\"elementor-widget-container\">\n\t\t\t\t\t<h4 class=\"elementor-heading-title elementor-size-small\">Font de Santa Mar\u00eda (13)<\/h4>\t\t\t\t<\/div>\n\t\t\t\t<\/div>\n\t\t\t\t<div class=\"elementor-element elementor-element-5b6395b elementor-widget elementor-widget-text-editor\" data-id=\"5b6395b\" data-element_type=\"widget\" data-e-type=\"widget\" data-widget_type=\"text-editor.default\">\n\t\t\t\t<div class=\"elementor-widget-container\">\n\t\t\t\t\t\t\t\t\t<p>La font \u00e9s un petit arc de triomf d\u2019estil renaixentista, que es recolza sobre quatre pilastres i vuit columnes, amb un segon cos flanquejat per dos grans m\u00e8nsules i rematat en front\u00f3, constru\u00efda en 1564 y remodelada en 1670.<\/p>\t\t\t\t\t\t\t\t<\/div>\n\t\t\t\t<\/div>\n\t\t\t\t<div class=\"elementor-element elementor-element-1518e270 elementor-widget elementor-widget-image\" data-id=\"1518e270\" data-element_type=\"widget\" data-e-type=\"widget\" data-widget_type=\"image.default\">\n\t\t\t\t<div class=\"elementor-widget-container\">\n\t\t\t\t\t\t\t\t\t\t\t\t<figure class=\"wp-caption\">\n\t\t\t\t\t\t\t\t\t\t<img loading=\"lazy\" decoding=\"async\" width=\"800\" height=\"533\" src=\"https:\/\/www.elturistatranquil.com\/wp-content\/uploads\/F094-Baeza-UIA-1.jpg\" class=\"attachment-large size-large wp-image-13166\" alt=\"\" srcset=\"https:\/\/www.elturistatranquil.com\/wp-content\/uploads\/F094-Baeza-UIA-1.jpg 800w, https:\/\/www.elturistatranquil.com\/wp-content\/uploads\/F094-Baeza-UIA-1-768x512.jpg 768w\" sizes=\"(max-width: 800px) 100vw, 800px\" \/>\t\t\t\t\t\t\t\t\t\t\t<figcaption class=\"widget-image-caption wp-caption-text\"><\/figcaption>\n\t\t\t\t\t\t\t\t\t\t<\/figure>\n\t\t\t\t\t\t\t\t\t<\/div>\n\t\t\t\t<\/div>\n\t\t\t\t<div class=\"elementor-element elementor-element-6b4ff711 elementor-widget elementor-widget-heading\" data-id=\"6b4ff711\" data-element_type=\"widget\" data-e-type=\"widget\" data-widget_type=\"heading.default\">\n\t\t\t\t<div class=\"elementor-widget-container\">\n\t\t\t\t\t<h4 class=\"elementor-heading-title elementor-size-small\">Seminari Conciliar San Felipe Neri. Actual Universidad Internacional de Andaluc\u00eda \"Antonio Machado\" (12)<\/h4>\t\t\t\t<\/div>\n\t\t\t\t<\/div>\n\t\t\t\t<div class=\"elementor-element elementor-element-53e51d1f elementor-widget elementor-widget-text-editor\" data-id=\"53e51d1f\" data-element_type=\"widget\" data-e-type=\"widget\" data-widget_type=\"text-editor.default\">\n\t\t\t\t<div class=\"elementor-widget-container\">\n\t\t\t\t\t\t\t\t\t<p>El Seminari va ser fundat en 1660 pel bisbe de Ja\u00e9n, D. Fernando de Andrade y Castro sota l&#8217;advocaci\u00f3 de Sant Felip Neri. La seva construcci\u00f3 es va perllongar fins al segle XVIII, quan es va completar amb la cessi\u00f3 per part dels comtes de Benavente del Palau Jabalquinto en 1720.<\/p><p>\u00c9s un edifici de planta rectangular amb tres patis interiors d&#8217;estil barroc.<\/p><p>Com en altres universitats castellanes, els murs estan coberts de \u201cv\u00edtores\u201d que els estudiants van escriure amb sang de bou en aprovar els seus estudis.<\/p>\t\t\t\t\t\t\t\t<\/div>\n\t\t\t\t<\/div>\n\t\t\t\t<div class=\"elementor-element elementor-element-1cfe6109 elementor-widget elementor-widget-image\" data-id=\"1cfe6109\" data-element_type=\"widget\" data-e-type=\"widget\" data-widget_type=\"image.default\">\n\t\t\t\t<div class=\"elementor-widget-container\">\n\t\t\t\t\t\t\t\t\t\t\t\t<figure class=\"wp-caption\">\n\t\t\t\t\t\t\t\t\t\t<img loading=\"lazy\" decoding=\"async\" width=\"800\" height=\"533\" src=\"https:\/\/www.elturistatranquil.com\/wp-content\/uploads\/F095-Baeza-UIA-1.jpg\" class=\"attachment-large size-large wp-image-13168\" alt=\"\" srcset=\"https:\/\/www.elturistatranquil.com\/wp-content\/uploads\/F095-Baeza-UIA-1.jpg 800w, https:\/\/www.elturistatranquil.com\/wp-content\/uploads\/F095-Baeza-UIA-1-768x512.jpg 768w\" sizes=\"(max-width: 800px) 100vw, 800px\" \/>\t\t\t\t\t\t\t\t\t\t\t<figcaption class=\"widget-image-caption wp-caption-text\"><\/figcaption>\n\t\t\t\t\t\t\t\t\t\t<\/figure>\n\t\t\t\t\t\t\t\t\t<\/div>\n\t\t\t\t<\/div>\n\t\t\t\t<div class=\"elementor-element elementor-element-4fad0ec0 elementor-widget elementor-widget-image\" data-id=\"4fad0ec0\" data-element_type=\"widget\" data-e-type=\"widget\" data-widget_type=\"image.default\">\n\t\t\t\t<div class=\"elementor-widget-container\">\n\t\t\t\t\t\t\t\t\t\t\t\t<figure class=\"wp-caption\">\n\t\t\t\t\t\t\t\t\t\t<img loading=\"lazy\" decoding=\"async\" width=\"800\" height=\"533\" src=\"https:\/\/www.elturistatranquil.com\/wp-content\/uploads\/F096-Baeza-UIA-1.jpg\" class=\"attachment-large size-large wp-image-13170\" alt=\"\" srcset=\"https:\/\/www.elturistatranquil.com\/wp-content\/uploads\/F096-Baeza-UIA-1.jpg 800w, https:\/\/www.elturistatranquil.com\/wp-content\/uploads\/F096-Baeza-UIA-1-768x512.jpg 768w\" sizes=\"(max-width: 800px) 100vw, 800px\" \/>\t\t\t\t\t\t\t\t\t\t\t<figcaption class=\"widget-image-caption wp-caption-text\"><\/figcaption>\n\t\t\t\t\t\t\t\t\t\t<\/figure>\n\t\t\t\t\t\t\t\t\t<\/div>\n\t\t\t\t<\/div>\n\t\t\t\t<div class=\"elementor-element elementor-element-44bf5e60 elementor-widget elementor-widget-text-editor\" data-id=\"44bf5e60\" data-element_type=\"widget\" data-e-type=\"widget\" data-widget_type=\"text-editor.default\">\n\t\t\t\t<div class=\"elementor-widget-container\">\n\t\t\t\t\t\t\t\t\t<p>El pati al que s&#8217;accedeix des de la porta d&#8217;entrada \u00e9s de doble arcuaci\u00f3 de columnes i una arrencada d&#8217;escala amb arcs i columnes.<\/p>\t\t\t\t\t\t\t\t<\/div>\n\t\t\t\t<\/div>\n\t\t\t\t<div class=\"elementor-element elementor-element-11179dba elementor-widget elementor-widget-image\" data-id=\"11179dba\" data-element_type=\"widget\" data-e-type=\"widget\" data-widget_type=\"image.default\">\n\t\t\t\t<div class=\"elementor-widget-container\">\n\t\t\t\t\t\t\t\t\t\t\t\t<figure class=\"wp-caption\">\n\t\t\t\t\t\t\t\t\t\t<img loading=\"lazy\" decoding=\"async\" width=\"800\" height=\"533\" src=\"https:\/\/www.elturistatranquil.com\/wp-content\/uploads\/F097-Baeza-UIA-1.jpg\" class=\"attachment-large size-large wp-image-13172\" alt=\"\" srcset=\"https:\/\/www.elturistatranquil.com\/wp-content\/uploads\/F097-Baeza-UIA-1.jpg 800w, https:\/\/www.elturistatranquil.com\/wp-content\/uploads\/F097-Baeza-UIA-1-768x512.jpg 768w\" sizes=\"(max-width: 800px) 100vw, 800px\" \/>\t\t\t\t\t\t\t\t\t\t\t<figcaption class=\"widget-image-caption wp-caption-text\"><\/figcaption>\n\t\t\t\t\t\t\t\t\t\t<\/figure>\n\t\t\t\t\t\t\t\t\t<\/div>\n\t\t\t\t<\/div>\n\t\t\t\t<div class=\"elementor-element elementor-element-4b9112cb elementor-widget elementor-widget-menu-anchor\" data-id=\"4b9112cb\" data-element_type=\"widget\" data-e-type=\"widget\" data-widget_type=\"menu-anchor.default\">\n\t\t\t\t<div class=\"elementor-widget-container\">\n\t\t\t\t\t\t\t<div class=\"elementor-menu-anchor\" id=\"c2422\"><\/div>\n\t\t\t\t\t\t<\/div>\n\t\t\t\t<\/div>\n\t\t\t\t<div class=\"elementor-element elementor-element-2da2554b elementor-widget elementor-widget-image\" data-id=\"2da2554b\" data-element_type=\"widget\" data-e-type=\"widget\" data-widget_type=\"image.default\">\n\t\t\t\t<div class=\"elementor-widget-container\">\n\t\t\t\t\t\t\t\t\t\t\t\t<figure class=\"wp-caption\">\n\t\t\t\t\t\t\t\t\t\t<img loading=\"lazy\" decoding=\"async\" width=\"800\" height=\"533\" src=\"https:\/\/www.elturistatranquil.com\/wp-content\/uploads\/F098-Baeza-UIA-1.jpg\" class=\"attachment-large size-large wp-image-13174\" alt=\"\" srcset=\"https:\/\/www.elturistatranquil.com\/wp-content\/uploads\/F098-Baeza-UIA-1.jpg 800w, https:\/\/www.elturistatranquil.com\/wp-content\/uploads\/F098-Baeza-UIA-1-768x512.jpg 768w\" sizes=\"(max-width: 800px) 100vw, 800px\" \/>\t\t\t\t\t\t\t\t\t\t\t<figcaption class=\"widget-image-caption wp-caption-text\"><\/figcaption>\n\t\t\t\t\t\t\t\t\t\t<\/figure>\n\t\t\t\t\t\t\t\t\t<\/div>\n\t\t\t\t<\/div>\n\t\t\t\t<div class=\"elementor-element elementor-element-78869b1d elementor-widget elementor-widget-heading\" data-id=\"78869b1d\" data-element_type=\"widget\" data-e-type=\"widget\" data-widget_type=\"heading.default\">\n\t\t\t\t<div class=\"elementor-widget-container\">\n\t\t\t\t\t<h2 class=\"elementor-heading-title elementor-size-default\">Barri de la Catedral Est. Centre hist\u00f2ric (VI)<\/h2>\t\t\t\t<\/div>\n\t\t\t\t<\/div>\n\t\t\t\t<div class=\"elementor-element elementor-element-5fa0bcf8 elementor-widget elementor-widget-image\" data-id=\"5fa0bcf8\" data-element_type=\"widget\" data-e-type=\"widget\" data-widget_type=\"image.default\">\n\t\t\t\t<div class=\"elementor-widget-container\">\n\t\t\t\t\t\t\t\t\t\t\t\t<figure class=\"wp-caption\">\n\t\t\t\t\t\t\t\t\t\t<img loading=\"lazy\" decoding=\"async\" width=\"800\" height=\"533\" src=\"https:\/\/www.elturistatranquil.com\/wp-content\/uploads\/F058-Baeza-1.jpg\" class=\"attachment-large size-large wp-image-13098\" alt=\"\" srcset=\"https:\/\/www.elturistatranquil.com\/wp-content\/uploads\/F058-Baeza-1.jpg 800w, https:\/\/www.elturistatranquil.com\/wp-content\/uploads\/F058-Baeza-1-768x512.jpg 768w\" sizes=\"(max-width: 800px) 100vw, 800px\" \/>\t\t\t\t\t\t\t\t\t\t\t<figcaption class=\"widget-image-caption wp-caption-text\"><\/figcaption>\n\t\t\t\t\t\t\t\t\t\t<\/figure>\n\t\t\t\t\t\t\t\t\t<\/div>\n\t\t\t\t<\/div>\n\t\t\t\t<div class=\"elementor-element elementor-element-5df256e7 elementor-widget elementor-widget-menu-anchor\" data-id=\"5df256e7\" data-element_type=\"widget\" data-e-type=\"widget\" data-widget_type=\"menu-anchor.default\">\n\t\t\t\t<div class=\"elementor-widget-container\">\n\t\t\t\t\t\t\t<div class=\"elementor-menu-anchor\" id=\"c2423\"><\/div>\n\t\t\t\t\t\t<\/div>\n\t\t\t\t<\/div>\n\t\t\t\t<div class=\"elementor-element elementor-element-64e53660 elementor-widget elementor-widget-text-editor\" data-id=\"64e53660\" data-element_type=\"widget\" data-e-type=\"widget\" data-widget_type=\"text-editor.default\">\n\t\t\t\t<div class=\"elementor-widget-container\">\n\t\t\t\t\t\t\t\t\t<p>La darrera Zona que visitar\u00e9, la VI, ocupa la part nord-est del barri de la Catedral. La morfologia urbana es lleugerament diferent, amb carrers m\u00e9s amples i llargs, per\u00f2 tamb\u00e9 de tra\u00e7at for\u00e7a irregular.<\/p>\t\t\t\t\t\t\t\t<\/div>\n\t\t\t\t<\/div>\n\t\t\t\t<div class=\"elementor-element elementor-element-566c1e31 elementor-widget elementor-widget-heading\" data-id=\"566c1e31\" data-element_type=\"widget\" data-e-type=\"widget\" data-widget_type=\"heading.default\">\n\t\t\t\t<div class=\"elementor-widget-container\">\n\t\t\t\t\t<h3 class=\"elementor-heading-title elementor-size-default\">Carrer Sacramento, Carrer Profesor Juan Cruz Cruz<\/h3>\t\t\t\t<\/div>\n\t\t\t\t<\/div>\n\t\t\t\t<div class=\"elementor-element elementor-element-76283a58 elementor-widget elementor-widget-heading\" data-id=\"76283a58\" data-element_type=\"widget\" data-e-type=\"widget\" data-widget_type=\"heading.default\">\n\t\t\t\t<div class=\"elementor-widget-container\">\n\t\t\t\t\t<h4 class=\"elementor-heading-title elementor-size-small\">Palau dels Rub\u00edn de Ceballos (18)<\/h4>\t\t\t\t<\/div>\n\t\t\t\t<\/div>\n\t\t\t\t<div class=\"elementor-element elementor-element-54fc24b6 elementor-widget elementor-widget-text-editor\" data-id=\"54fc24b6\" data-element_type=\"widget\" data-e-type=\"widget\" data-widget_type=\"text-editor.default\">\n\t\t\t\t<div class=\"elementor-widget-container\">\n\t\t\t\t\t\t\t\t\t<p>El Palau dels Rub\u00edn de Ceballos \u00e9s un edifici neocl\u00e0ssic de 1804, situat just al costat de l&#8217;absis de la Catedral.<\/p><p>De fa\u00e7ana neocl\u00e0ssica s\u00f2bria de pedra de cadirat i amb escuts a banda i banda de la balconada principal.<\/p>\t\t\t\t\t\t\t\t<\/div>\n\t\t\t\t<\/div>\n\t\t\t\t<div class=\"elementor-element elementor-element-4ae9a760 elementor-widget elementor-widget-menu-anchor\" data-id=\"4ae9a760\" data-element_type=\"widget\" data-e-type=\"widget\" data-widget_type=\"menu-anchor.default\">\n\t\t\t\t<div class=\"elementor-widget-container\">\n\t\t\t\t\t\t\t<div class=\"elementor-menu-anchor\" id=\"c2424\"><\/div>\n\t\t\t\t\t\t<\/div>\n\t\t\t\t<\/div>\n\t\t\t\t<div class=\"elementor-element elementor-element-4e25119f elementor-widget elementor-widget-image\" data-id=\"4e25119f\" data-element_type=\"widget\" data-e-type=\"widget\" data-widget_type=\"image.default\">\n\t\t\t\t<div class=\"elementor-widget-container\">\n\t\t\t\t\t\t\t\t\t\t\t\t<figure class=\"wp-caption\">\n\t\t\t\t\t\t\t\t\t\t<img loading=\"lazy\" decoding=\"async\" width=\"800\" height=\"533\" src=\"https:\/\/www.elturistatranquil.com\/wp-content\/uploads\/F100-Baeza-1.jpg\" class=\"attachment-large size-large wp-image-13176\" alt=\"\" srcset=\"https:\/\/www.elturistatranquil.com\/wp-content\/uploads\/F100-Baeza-1.jpg 800w, https:\/\/www.elturistatranquil.com\/wp-content\/uploads\/F100-Baeza-1-768x512.jpg 768w\" sizes=\"(max-width: 800px) 100vw, 800px\" \/>\t\t\t\t\t\t\t\t\t\t\t<figcaption class=\"widget-image-caption wp-caption-text\"><\/figcaption>\n\t\t\t\t\t\t\t\t\t\t<\/figure>\n\t\t\t\t\t\t\t\t\t<\/div>\n\t\t\t\t<\/div>\n\t\t\t\t<div class=\"elementor-element elementor-element-4e3041a1 elementor-widget elementor-widget-heading\" data-id=\"4e3041a1\" data-element_type=\"widget\" data-e-type=\"widget\" data-widget_type=\"heading.default\">\n\t\t\t\t<div class=\"elementor-widget-container\">\n\t\t\t\t\t<h3 class=\"elementor-heading-title elementor-size-default\">Pla\u00e7a Palacio ,Carrer Sacramento i Passeig del Obispo<\/h3>\t\t\t\t<\/div>\n\t\t\t\t<\/div>\n\t\t\t\t<div class=\"elementor-element elementor-element-36ff4703 elementor-widget elementor-widget-text-editor\" data-id=\"36ff4703\" data-element_type=\"widget\" data-e-type=\"widget\" data-widget_type=\"text-editor.default\">\n\t\t\t\t<div class=\"elementor-widget-container\">\n\t\t\t\t\t\t\t\t\t<p>Cap al sud ens portaria les ru\u00efnes de l&#8217;Esgl\u00e9sia de San Juan Bautista. Seguir\u00e9 en direcci\u00f3 est pel carrer Sacramento.<\/p><p>El del Sacramento \u00e9s un carrer llarg i estret en la qual desemboquen diversos carrerons. Es combinen cases populars amb diverses casalots.<\/p>\t\t\t\t\t\t\t\t<\/div>\n\t\t\t\t<\/div>\n\t\t\t\t<div class=\"elementor-element elementor-element-530048f5 elementor-widget elementor-widget-image\" data-id=\"530048f5\" data-element_type=\"widget\" data-e-type=\"widget\" data-widget_type=\"image.default\">\n\t\t\t\t<div class=\"elementor-widget-container\">\n\t\t\t\t\t\t\t\t\t\t\t\t<figure class=\"wp-caption\">\n\t\t\t\t\t\t\t\t\t\t<img loading=\"lazy\" decoding=\"async\" width=\"800\" height=\"533\" src=\"https:\/\/www.elturistatranquil.com\/wp-content\/uploads\/F101B-Baeza-1.jpg\" class=\"attachment-large size-large wp-image-13178\" alt=\"\" srcset=\"https:\/\/www.elturistatranquil.com\/wp-content\/uploads\/F101B-Baeza-1.jpg 800w, https:\/\/www.elturistatranquil.com\/wp-content\/uploads\/F101B-Baeza-1-768x512.jpg 768w\" sizes=\"(max-width: 800px) 100vw, 800px\" \/>\t\t\t\t\t\t\t\t\t\t\t<figcaption class=\"widget-image-caption wp-caption-text\"><\/figcaption>\n\t\t\t\t\t\t\t\t\t\t<\/figure>\n\t\t\t\t\t\t\t\t\t<\/div>\n\t\t\t\t<\/div>\n\t\t\t\t<div class=\"elementor-element elementor-element-15ad57ce elementor-widget elementor-widget-text-editor\" data-id=\"15ad57ce\" data-element_type=\"widget\" data-e-type=\"widget\" data-widget_type=\"text-editor.default\">\n\t\t\t\t<div class=\"elementor-widget-container\">\n\t\t\t\t\t\t\t\t\t<p>La del n\u00famero 51 \u00e9s del segle XVII, amb portada sim\u00e8trica. No molt com\u00fa, ja que en general es situa la porta a una banda de la fa\u00e7ana. A la planta superior sengles escuts.<\/p>\t\t\t\t\t\t\t\t<\/div>\n\t\t\t\t<\/div>\n\t\t\t\t<div class=\"elementor-element elementor-element-2eb96dd5 elementor-widget elementor-widget-image\" data-id=\"2eb96dd5\" data-element_type=\"widget\" data-e-type=\"widget\" data-widget_type=\"image.default\">\n\t\t\t\t<div class=\"elementor-widget-container\">\n\t\t\t\t\t\t\t\t\t\t\t\t<figure class=\"wp-caption\">\n\t\t\t\t\t\t\t\t\t\t<img loading=\"lazy\" decoding=\"async\" width=\"800\" height=\"533\" src=\"https:\/\/www.elturistatranquil.com\/wp-content\/uploads\/F101-Baeza-1.jpg\" class=\"attachment-large size-large wp-image-13180\" alt=\"\" srcset=\"https:\/\/www.elturistatranquil.com\/wp-content\/uploads\/F101-Baeza-1.jpg 800w, https:\/\/www.elturistatranquil.com\/wp-content\/uploads\/F101-Baeza-1-768x512.jpg 768w\" sizes=\"(max-width: 800px) 100vw, 800px\" \/>\t\t\t\t\t\t\t\t\t\t\t<figcaption class=\"widget-image-caption wp-caption-text\"><\/figcaption>\n\t\t\t\t\t\t\t\t\t\t<\/figure>\n\t\t\t\t\t\t\t\t\t<\/div>\n\t\t\t\t<\/div>\n\t\t\t\t<div class=\"elementor-element elementor-element-4c93cce5 elementor-widget elementor-widget-text-editor\" data-id=\"4c93cce5\" data-element_type=\"widget\" data-e-type=\"widget\" data-widget_type=\"text-editor.default\">\n\t\t\t\t<div class=\"elementor-widget-container\">\n\t\t\t\t\t\t\t\t\t<p>Casa del n\u00famero 16, datada en 1704, de carreus amb porta adovellada i dues pilastres amb capitells.<\/p>\t\t\t\t\t\t\t\t<\/div>\n\t\t\t\t<\/div>\n\t\t\t\t<div class=\"elementor-element elementor-element-583341c4 elementor-widget elementor-widget-image\" data-id=\"583341c4\" data-element_type=\"widget\" data-e-type=\"widget\" data-widget_type=\"image.default\">\n\t\t\t\t<div class=\"elementor-widget-container\">\n\t\t\t\t\t\t\t\t\t\t\t\t<figure class=\"wp-caption\">\n\t\t\t\t\t\t\t\t\t\t<img loading=\"lazy\" decoding=\"async\" width=\"366\" height=\"550\" src=\"https:\/\/www.elturistatranquil.com\/wp-content\/uploads\/F102-Baeza-1.jpg\" class=\"attachment-large size-large wp-image-13182\" alt=\"\" \/>\t\t\t\t\t\t\t\t\t\t\t<figcaption class=\"widget-image-caption wp-caption-text\"><\/figcaption>\n\t\t\t\t\t\t\t\t\t\t<\/figure>\n\t\t\t\t\t\t\t\t\t<\/div>\n\t\t\t\t<\/div>\n\t\t\t\t<div class=\"elementor-element elementor-element-7ddbd04 elementor-widget elementor-widget-text-editor\" data-id=\"7ddbd04\" data-element_type=\"widget\" data-e-type=\"widget\" data-widget_type=\"text-editor.default\">\n\t\t\t\t<div class=\"elementor-widget-container\">\n\t\t\t\t\t\t\t\t\t<p>Al final del carrer Sacramento giro a la dreta pel Carrer\u00f3 Sacramento i continu pel Carrer Jurado, fins al Passeig del Obispo.<\/p>\t\t\t\t\t\t\t\t<\/div>\n\t\t\t\t<\/div>\n\t\t\t\t<div class=\"elementor-element elementor-element-498c7bc2 elementor-widget elementor-widget-heading\" data-id=\"498c7bc2\" data-element_type=\"widget\" data-e-type=\"widget\" data-widget_type=\"heading.default\">\n\t\t\t\t<div class=\"elementor-widget-container\">\n\t\t\t\t\t<h4 class=\"elementor-heading-title elementor-size-small\">Vistes a la Vall del Guadalquivir i \u00dabeda (F)<\/h4>\t\t\t\t<\/div>\n\t\t\t\t<\/div>\n\t\t\t\t<div class=\"elementor-element elementor-element-5704a49 elementor-widget elementor-widget-text-editor\" data-id=\"5704a49\" data-element_type=\"widget\" data-e-type=\"widget\" data-widget_type=\"text-editor.default\">\n\t\t\t\t<div class=\"elementor-widget-container\">\n\t\t\t\t\t\t\t\t\t<p>El Passeig del Obispo es presenta com un mirador, i m&#8217;ofereix unes espectaculars vistes des de la seva posici\u00f3 d&#8217;altipl\u00e0 sobre la Vall del Guadalquivir.<\/p><p>Aquesta perspectiva reflecteix el seu paper com a element de control territorial sobre la vall en l&#8217;Edat Mitjana.<\/p>\t\t\t\t\t\t\t\t<\/div>\n\t\t\t\t<\/div>\n\t\t\t\t<div class=\"elementor-element elementor-element-62356be5 elementor-widget elementor-widget-image\" data-id=\"62356be5\" data-element_type=\"widget\" data-e-type=\"widget\" data-widget_type=\"image.default\">\n\t\t\t\t<div class=\"elementor-widget-container\">\n\t\t\t\t\t\t\t\t\t\t\t\t<figure class=\"wp-caption\">\n\t\t\t\t\t\t\t\t\t\t<img loading=\"lazy\" decoding=\"async\" width=\"800\" height=\"533\" src=\"https:\/\/www.elturistatranquil.com\/wp-content\/uploads\/F103-Baeza-1.jpg\" class=\"attachment-large size-large wp-image-13184\" alt=\"\" srcset=\"https:\/\/www.elturistatranquil.com\/wp-content\/uploads\/F103-Baeza-1.jpg 800w, https:\/\/www.elturistatranquil.com\/wp-content\/uploads\/F103-Baeza-1-768x512.jpg 768w\" sizes=\"(max-width: 800px) 100vw, 800px\" \/>\t\t\t\t\t\t\t\t\t\t\t<figcaption class=\"widget-image-caption wp-caption-text\"><\/figcaption>\n\t\t\t\t\t\t\t\t\t\t<\/figure>\n\t\t\t\t\t\t\t\t\t<\/div>\n\t\t\t\t<\/div>\n\t\t\t\t<div class=\"elementor-element elementor-element-189ab9c7 elementor-widget elementor-widget-text-editor\" data-id=\"189ab9c7\" data-element_type=\"widget\" data-e-type=\"widget\" data-widget_type=\"text-editor.default\">\n\t\t\t\t<div class=\"elementor-widget-container\">\n\t\t\t\t\t\t\t\t\t<p>Tamb\u00e9 des d&#8217;aquest punt es pot veure clarament a uns vuit quil\u00f2metres la ciutat d&#8217;\u00dabeda, amb la qual hist\u00f2ricament est\u00e0 \u00edntimament vinculada.<\/p>\t\t\t\t\t\t\t\t<\/div>\n\t\t\t\t<\/div>\n\t\t\t\t<div class=\"elementor-element elementor-element-c634e49 elementor-widget elementor-widget-image\" data-id=\"c634e49\" data-element_type=\"widget\" data-e-type=\"widget\" data-widget_type=\"image.default\">\n\t\t\t\t<div class=\"elementor-widget-container\">\n\t\t\t\t\t\t\t\t\t\t\t\t<figure class=\"wp-caption\">\n\t\t\t\t\t\t\t\t\t\t<img loading=\"lazy\" decoding=\"async\" width=\"800\" height=\"533\" src=\"https:\/\/www.elturistatranquil.com\/wp-content\/uploads\/F104-Ubeda-desde-Baeza-1.jpg\" class=\"attachment-large size-large wp-image-13186\" alt=\"Ubeda desde Baeza\" srcset=\"https:\/\/www.elturistatranquil.com\/wp-content\/uploads\/F104-Ubeda-desde-Baeza-1.jpg 800w, https:\/\/www.elturistatranquil.com\/wp-content\/uploads\/F104-Ubeda-desde-Baeza-1-768x512.jpg 768w\" sizes=\"(max-width: 800px) 100vw, 800px\" \/>\t\t\t\t\t\t\t\t\t\t\t<figcaption class=\"widget-image-caption wp-caption-text\"><\/figcaption>\n\t\t\t\t\t\t\t\t\t\t<\/figure>\n\t\t\t\t\t\t\t\t\t<\/div>\n\t\t\t\t<\/div>\n\t\t\t\t<div class=\"elementor-element elementor-element-113bd66c elementor-widget elementor-widget-text-editor\" data-id=\"113bd66c\" data-element_type=\"widget\" data-e-type=\"widget\" data-widget_type=\"text-editor.default\">\n\t\t\t\t<div class=\"elementor-widget-container\">\n\t\t\t\t\t\t\t\t\t<p>Despr\u00e9s d&#8217;aquest gaudi panor\u00e0mic retrocedeixo pel carrer Jurado fins al primer desviament a l&#8217;esquerra, al carrer San Juan Bautista, per arribar a les ru\u00efnes de l&#8217;Esgl\u00e9sia de San Juan Bautista.<\/p>\t\t\t\t\t\t\t\t<\/div>\n\t\t\t\t<\/div>\n\t\t\t\t<div class=\"elementor-element elementor-element-7be5a85e elementor-widget elementor-widget-heading\" data-id=\"7be5a85e\" data-element_type=\"widget\" data-e-type=\"widget\" data-widget_type=\"heading.default\">\n\t\t\t\t<div class=\"elementor-widget-container\">\n\t\t\t\t\t<h4 class=\"elementor-heading-title elementor-size-small\">Ru\u00efnes Esgl\u00e9sia San Juan Bautista (16)<\/h4>\t\t\t\t<\/div>\n\t\t\t\t<\/div>\n\t\t\t\t<div class=\"elementor-element elementor-element-64928f1b elementor-widget elementor-widget-text-editor\" data-id=\"64928f1b\" data-element_type=\"widget\" data-e-type=\"widget\" data-widget_type=\"text-editor.default\">\n\t\t\t\t<div class=\"elementor-widget-container\">\n\t\t\t\t\t\t\t\t\t<p>Va ser l&#8217;Esgl\u00e9sia rom\u00e0nica m\u00e9s important de la ciutat. Edificada en estil rom\u00e0nic tard\u00e0 o de transici\u00f3 entre els segles XIII al XV, sobre una antiga mesquita. Es va tancar al culte el 1843.<\/p><p>Posteriorment es va incorporar a la caserna de l&#8217;ex\u00e8rcit, sent utilitzada com cavallerisses.<\/p><p>S&#8217;han trobat enterraments que podrien correspondre a una necr\u00f2polis visigoda.<\/p>\t\t\t\t\t\t\t\t<\/div>\n\t\t\t\t<\/div>\n\t\t\t\t<div class=\"elementor-element elementor-element-6cac4aa1 elementor-widget elementor-widget-image\" data-id=\"6cac4aa1\" data-element_type=\"widget\" data-e-type=\"widget\" data-widget_type=\"image.default\">\n\t\t\t\t<div class=\"elementor-widget-container\">\n\t\t\t\t\t\t\t\t\t\t\t\t<figure class=\"wp-caption\">\n\t\t\t\t\t\t\t\t\t\t<img loading=\"lazy\" decoding=\"async\" width=\"800\" height=\"533\" src=\"https:\/\/www.elturistatranquil.com\/wp-content\/uploads\/F105-Baeza-S-Juan-Bautista-1.jpg\" class=\"attachment-large size-large wp-image-13188\" alt=\"\" srcset=\"https:\/\/www.elturistatranquil.com\/wp-content\/uploads\/F105-Baeza-S-Juan-Bautista-1.jpg 800w, https:\/\/www.elturistatranquil.com\/wp-content\/uploads\/F105-Baeza-S-Juan-Bautista-1-768x512.jpg 768w\" sizes=\"(max-width: 800px) 100vw, 800px\" \/>\t\t\t\t\t\t\t\t\t\t\t<figcaption class=\"widget-image-caption wp-caption-text\"><\/figcaption>\n\t\t\t\t\t\t\t\t\t\t<\/figure>\n\t\t\t\t\t\t\t\t\t<\/div>\n\t\t\t\t<\/div>\n\t\t\t\t<div class=\"elementor-element elementor-element-3be5e17 elementor-widget elementor-widget-image\" data-id=\"3be5e17\" data-element_type=\"widget\" data-e-type=\"widget\" data-widget_type=\"image.default\">\n\t\t\t\t<div class=\"elementor-widget-container\">\n\t\t\t\t\t\t\t\t\t\t\t\t<figure class=\"wp-caption\">\n\t\t\t\t\t\t\t\t\t\t<img loading=\"lazy\" decoding=\"async\" width=\"800\" height=\"533\" src=\"https:\/\/www.elturistatranquil.com\/wp-content\/uploads\/F106-Baeza-S-Juan-Bautista-1.jpg\" class=\"attachment-large size-large wp-image-13190\" alt=\"\" srcset=\"https:\/\/www.elturistatranquil.com\/wp-content\/uploads\/F106-Baeza-S-Juan-Bautista-1.jpg 800w, https:\/\/www.elturistatranquil.com\/wp-content\/uploads\/F106-Baeza-S-Juan-Bautista-1-768x512.jpg 768w\" sizes=\"(max-width: 800px) 100vw, 800px\" \/>\t\t\t\t\t\t\t\t\t\t\t<figcaption class=\"widget-image-caption wp-caption-text\"><\/figcaption>\n\t\t\t\t\t\t\t\t\t\t<\/figure>\n\t\t\t\t\t\t\t\t\t<\/div>\n\t\t\t\t<\/div>\n\t\t\t\t<div class=\"elementor-element elementor-element-69d1b929 elementor-widget elementor-widget-image\" data-id=\"69d1b929\" data-element_type=\"widget\" data-e-type=\"widget\" data-widget_type=\"image.default\">\n\t\t\t\t<div class=\"elementor-widget-container\">\n\t\t\t\t\t\t\t\t\t\t\t\t<figure class=\"wp-caption\">\n\t\t\t\t\t\t\t\t\t\t<img loading=\"lazy\" decoding=\"async\" width=\"800\" height=\"533\" src=\"https:\/\/www.elturistatranquil.com\/wp-content\/uploads\/F107-Baeza-S-Juan-Bautista-1.jpg\" class=\"attachment-large size-large wp-image-13192\" alt=\"\" srcset=\"https:\/\/www.elturistatranquil.com\/wp-content\/uploads\/F107-Baeza-S-Juan-Bautista-1.jpg 800w, https:\/\/www.elturistatranquil.com\/wp-content\/uploads\/F107-Baeza-S-Juan-Bautista-1-768x512.jpg 768w\" sizes=\"(max-width: 800px) 100vw, 800px\" \/>\t\t\t\t\t\t\t\t\t\t\t<figcaption class=\"widget-image-caption wp-caption-text\"><\/figcaption>\n\t\t\t\t\t\t\t\t\t\t<\/figure>\n\t\t\t\t\t\t\t\t\t<\/div>\n\t\t\t\t<\/div>\n\t\t\t\t<div class=\"elementor-element elementor-element-447ab8b6 elementor-widget elementor-widget-text-editor\" data-id=\"447ab8b6\" data-element_type=\"widget\" data-e-type=\"widget\" data-widget_type=\"text-editor.default\">\n\t\t\t\t<div class=\"elementor-widget-container\">\n\t\t\t\t\t\t\t\t\t<p>Capitells recuperats.<\/p>\t\t\t\t\t\t\t\t<\/div>\n\t\t\t\t<\/div>\n\t\t\t\t<div class=\"elementor-element elementor-element-12b892b4 elementor-widget elementor-widget-menu-anchor\" data-id=\"12b892b4\" data-element_type=\"widget\" data-e-type=\"widget\" data-widget_type=\"menu-anchor.default\">\n\t\t\t\t<div class=\"elementor-widget-container\">\n\t\t\t\t\t\t\t<div class=\"elementor-menu-anchor\" id=\"c2425\"><\/div>\n\t\t\t\t\t\t<\/div>\n\t\t\t\t<\/div>\n\t\t\t\t<div class=\"elementor-element elementor-element-589b6bc elementor-widget elementor-widget-image\" data-id=\"589b6bc\" data-element_type=\"widget\" data-e-type=\"widget\" data-widget_type=\"image.default\">\n\t\t\t\t<div class=\"elementor-widget-container\">\n\t\t\t\t\t\t\t\t\t\t\t\t<figure class=\"wp-caption\">\n\t\t\t\t\t\t\t\t\t\t<img loading=\"lazy\" decoding=\"async\" width=\"800\" height=\"533\" src=\"https:\/\/www.elturistatranquil.com\/wp-content\/uploads\/F108-Baeza-S-Juan-Bautista-1.jpg\" class=\"attachment-large size-large wp-image-13194\" alt=\"\" srcset=\"https:\/\/www.elturistatranquil.com\/wp-content\/uploads\/F108-Baeza-S-Juan-Bautista-1.jpg 800w, https:\/\/www.elturistatranquil.com\/wp-content\/uploads\/F108-Baeza-S-Juan-Bautista-1-768x512.jpg 768w\" sizes=\"(max-width: 800px) 100vw, 800px\" \/>\t\t\t\t\t\t\t\t\t\t\t<figcaption class=\"widget-image-caption wp-caption-text\"><\/figcaption>\n\t\t\t\t\t\t\t\t\t\t<\/figure>\n\t\t\t\t\t\t\t\t\t<\/div>\n\t\t\t\t<\/div>\n\t\t\t\t<div class=\"elementor-element elementor-element-52d18903 elementor-widget elementor-widget-heading\" data-id=\"52d18903\" data-element_type=\"widget\" data-e-type=\"widget\" data-widget_type=\"heading.default\">\n\t\t\t\t<div class=\"elementor-widget-container\">\n\t\t\t\t\t<h3 class=\"elementor-heading-title elementor-size-default\">Pla\u00e7a de Santa Cruz<\/h3>\t\t\t\t<\/div>\n\t\t\t\t<\/div>\n\t\t\t\t<div class=\"elementor-element elementor-element-ed4c324 elementor-widget elementor-widget-heading\" data-id=\"ed4c324\" data-element_type=\"widget\" data-e-type=\"widget\" data-widget_type=\"heading.default\">\n\t\t\t\t<div class=\"elementor-widget-container\">\n\t\t\t\t\t<h4 class=\"elementor-heading-title elementor-size-small\">Esgl\u00e9sia de Santa Cruz (10)<\/h4>\t\t\t\t<\/div>\n\t\t\t\t<\/div>\n\t\t\t\t<div class=\"elementor-element elementor-element-16a0126d elementor-widget elementor-widget-text-editor\" data-id=\"16a0126d\" data-element_type=\"widget\" data-e-type=\"widget\" data-widget_type=\"text-editor.default\">\n\t\t\t\t<div class=\"elementor-widget-container\">\n\t\t\t\t\t\t\t\t\t<p>Esgl\u00e9sia de tres naus amb la cap\u00e7alera amb volta de canelles i absis semicircular. D&#8217;estil rom\u00e0nic tard\u00e0, on destaca la portada sud, amb arquivolta de mig punt. Aquesta portada procedeix de les ru\u00efnes de l&#8217;Esgl\u00e9sia de Sant Joan.<\/p><p>\u00c9s l&#8217;\u00fanic temple rom\u00e0nic que es conserva a la ciutat dels erigits despr\u00e9s de la conquesta cristiana al 1227. Possiblement amb anterioritat havia estat esgl\u00e9sia visigoda i mesquita musulmana.<\/p>\t\t\t\t\t\t\t\t<\/div>\n\t\t\t\t<\/div>\n\t\t\t\t<div class=\"elementor-element elementor-element-2e2ce614 elementor-widget elementor-widget-image\" data-id=\"2e2ce614\" data-element_type=\"widget\" data-e-type=\"widget\" data-widget_type=\"image.default\">\n\t\t\t\t<div class=\"elementor-widget-container\">\n\t\t\t\t\t\t\t\t\t\t\t\t<figure class=\"wp-caption\">\n\t\t\t\t\t\t\t\t\t\t<img loading=\"lazy\" decoding=\"async\" width=\"800\" height=\"533\" src=\"https:\/\/www.elturistatranquil.com\/wp-content\/uploads\/F109-Baeza-Sta-Cruz-1.jpg\" class=\"attachment-large size-large wp-image-13196\" alt=\"\" srcset=\"https:\/\/www.elturistatranquil.com\/wp-content\/uploads\/F109-Baeza-Sta-Cruz-1.jpg 800w, https:\/\/www.elturistatranquil.com\/wp-content\/uploads\/F109-Baeza-Sta-Cruz-1-768x512.jpg 768w\" sizes=\"(max-width: 800px) 100vw, 800px\" \/>\t\t\t\t\t\t\t\t\t\t\t<figcaption class=\"widget-image-caption wp-caption-text\"><\/figcaption>\n\t\t\t\t\t\t\t\t\t\t<\/figure>\n\t\t\t\t\t\t\t\t\t<\/div>\n\t\t\t\t<\/div>\n\t\t\t\t<div class=\"elementor-element elementor-element-6ee56e9d elementor-widget elementor-widget-image\" data-id=\"6ee56e9d\" data-element_type=\"widget\" data-e-type=\"widget\" data-widget_type=\"image.default\">\n\t\t\t\t<div class=\"elementor-widget-container\">\n\t\t\t\t\t\t\t\t\t\t\t\t<figure class=\"wp-caption\">\n\t\t\t\t\t\t\t\t\t\t<img loading=\"lazy\" decoding=\"async\" width=\"800\" height=\"533\" src=\"https:\/\/www.elturistatranquil.com\/wp-content\/uploads\/F110-Baeza-Sta-Cruz-1.jpg\" class=\"attachment-large size-large wp-image-13198\" alt=\"\" srcset=\"https:\/\/www.elturistatranquil.com\/wp-content\/uploads\/F110-Baeza-Sta-Cruz-1.jpg 800w, https:\/\/www.elturistatranquil.com\/wp-content\/uploads\/F110-Baeza-Sta-Cruz-1-768x512.jpg 768w\" sizes=\"(max-width: 800px) 100vw, 800px\" \/>\t\t\t\t\t\t\t\t\t\t\t<figcaption class=\"widget-image-caption wp-caption-text\"><\/figcaption>\n\t\t\t\t\t\t\t\t\t\t<\/figure>\n\t\t\t\t\t\t\t\t\t<\/div>\n\t\t\t\t<\/div>\n\t\t\t\t<div class=\"elementor-element elementor-element-43df15c7 elementor-widget elementor-widget-image\" data-id=\"43df15c7\" data-element_type=\"widget\" data-e-type=\"widget\" data-widget_type=\"image.default\">\n\t\t\t\t<div class=\"elementor-widget-container\">\n\t\t\t\t\t\t\t\t\t\t\t\t<figure class=\"wp-caption\">\n\t\t\t\t\t\t\t\t\t\t<img loading=\"lazy\" decoding=\"async\" width=\"800\" height=\"533\" src=\"https:\/\/www.elturistatranquil.com\/wp-content\/uploads\/F111-Baeza-Sta-Cruz-1.jpg\" class=\"attachment-large size-large wp-image-13200\" alt=\"\" srcset=\"https:\/\/www.elturistatranquil.com\/wp-content\/uploads\/F111-Baeza-Sta-Cruz-1.jpg 800w, https:\/\/www.elturistatranquil.com\/wp-content\/uploads\/F111-Baeza-Sta-Cruz-1-768x512.jpg 768w\" sizes=\"(max-width: 800px) 100vw, 800px\" \/>\t\t\t\t\t\t\t\t\t\t\t<figcaption class=\"widget-image-caption wp-caption-text\"><\/figcaption>\n\t\t\t\t\t\t\t\t\t\t<\/figure>\n\t\t\t\t\t\t\t\t\t<\/div>\n\t\t\t\t<\/div>\n\t\t\t\t<div class=\"elementor-element elementor-element-37c5bc28 elementor-widget elementor-widget-menu-anchor\" data-id=\"37c5bc28\" data-element_type=\"widget\" data-e-type=\"widget\" data-widget_type=\"menu-anchor.default\">\n\t\t\t\t<div class=\"elementor-widget-container\">\n\t\t\t\t\t\t\t<div class=\"elementor-menu-anchor\" id=\"c2426\"><\/div>\n\t\t\t\t\t\t<\/div>\n\t\t\t\t<\/div>\n\t\t\t\t<div class=\"elementor-element elementor-element-706d1f4c elementor-widget elementor-widget-image\" data-id=\"706d1f4c\" data-element_type=\"widget\" data-e-type=\"widget\" data-widget_type=\"image.default\">\n\t\t\t\t<div class=\"elementor-widget-container\">\n\t\t\t\t\t\t\t\t\t\t\t\t<figure class=\"wp-caption\">\n\t\t\t\t\t\t\t\t\t\t<img loading=\"lazy\" decoding=\"async\" width=\"800\" height=\"533\" src=\"https:\/\/www.elturistatranquil.com\/wp-content\/uploads\/F112-Baeza-Sta-Cruz-1.jpg\" class=\"attachment-large size-large wp-image-13202\" alt=\"\" srcset=\"https:\/\/www.elturistatranquil.com\/wp-content\/uploads\/F112-Baeza-Sta-Cruz-1.jpg 800w, https:\/\/www.elturistatranquil.com\/wp-content\/uploads\/F112-Baeza-Sta-Cruz-1-768x512.jpg 768w\" sizes=\"(max-width: 800px) 100vw, 800px\" \/>\t\t\t\t\t\t\t\t\t\t\t<figcaption class=\"widget-image-caption wp-caption-text\"><\/figcaption>\n\t\t\t\t\t\t\t\t\t\t<\/figure>\n\t\t\t\t\t\t\t\t\t<\/div>\n\t\t\t\t<\/div>\n\t\t\t\t<div class=\"elementor-element elementor-element-19f43d11 elementor-widget elementor-widget-heading\" data-id=\"19f43d11\" data-element_type=\"widget\" data-e-type=\"widget\" data-widget_type=\"heading.default\">\n\t\t\t\t<div class=\"elementor-widget-container\">\n\t\t\t\t\t<h3 class=\"elementor-heading-title elementor-size-default\">Carrer de Santa Cruz i Pla\u00e7a de Fernando III El Santo<\/h3>\t\t\t\t<\/div>\n\t\t\t\t<\/div>\n\t\t\t\t<div class=\"elementor-element elementor-element-55e77eb2 elementor-widget elementor-widget-heading\" data-id=\"55e77eb2\" data-element_type=\"widget\" data-e-type=\"widget\" data-widget_type=\"heading.default\">\n\t\t\t\t<div class=\"elementor-widget-container\">\n\t\t\t\t\t<h4 class=\"elementor-heading-title elementor-size-small\">Antic Picadero <\/h4>\t\t\t\t<\/div>\n\t\t\t\t<\/div>\n\t\t\t\t<div class=\"elementor-element elementor-element-744a649a elementor-widget elementor-widget-text-editor\" data-id=\"744a649a\" data-element_type=\"widget\" data-e-type=\"widget\" data-widget_type=\"text-editor.default\">\n\t\t\t\t<div class=\"elementor-widget-container\">\n\t\t\t\t\t\t\t\t\t<p>Pla\u00e7a d&#8217;esquena a l&#8217;Esgl\u00e9sia de Santa Creu amb un edifici de l&#8217;antic Picadero de l&#8217;Ex\u00e8rcit, avui convertit en Centre d&#8217;Usos M\u00faltiples.<\/p>\t\t\t\t\t\t\t\t<\/div>\n\t\t\t\t<\/div>\n\t\t\t\t<div class=\"elementor-element elementor-element-505e6f20 elementor-widget elementor-widget-image\" data-id=\"505e6f20\" data-element_type=\"widget\" data-e-type=\"widget\" data-widget_type=\"image.default\">\n\t\t\t\t<div class=\"elementor-widget-container\">\n\t\t\t\t\t\t\t\t\t\t\t\t<figure class=\"wp-caption\">\n\t\t\t\t\t\t\t\t\t\t<img loading=\"lazy\" decoding=\"async\" width=\"800\" height=\"533\" src=\"https:\/\/www.elturistatranquil.com\/wp-content\/uploads\/F113-Baeza-1.jpg\" class=\"attachment-large size-large wp-image-13204\" alt=\"\" srcset=\"https:\/\/www.elturistatranquil.com\/wp-content\/uploads\/F113-Baeza-1.jpg 800w, https:\/\/www.elturistatranquil.com\/wp-content\/uploads\/F113-Baeza-1-768x512.jpg 768w\" sizes=\"(max-width: 800px) 100vw, 800px\" \/>\t\t\t\t\t\t\t\t\t\t\t<figcaption class=\"widget-image-caption wp-caption-text\"><\/figcaption>\n\t\t\t\t\t\t\t\t\t\t<\/figure>\n\t\t\t\t\t\t\t\t\t<\/div>\n\t\t\t\t<\/div>\n\t\t\t\t<div class=\"elementor-element elementor-element-362c011b elementor-widget elementor-widget-text-editor\" data-id=\"362c011b\" data-element_type=\"widget\" data-e-type=\"widget\" data-widget_type=\"text-editor.default\">\n\t\t\t\t<div class=\"elementor-widget-container\">\n\t\t\t\t\t\t\t\t\t<p>Envoltada d&#8217;edificis populars hi ha una senzilla creu de ferro.<\/p>\t\t\t\t\t\t\t\t<\/div>\n\t\t\t\t<\/div>\n\t\t\t\t<div class=\"elementor-element elementor-element-6fc0a5a3 elementor-widget elementor-widget-image\" data-id=\"6fc0a5a3\" data-element_type=\"widget\" data-e-type=\"widget\" data-widget_type=\"image.default\">\n\t\t\t\t<div class=\"elementor-widget-container\">\n\t\t\t\t\t\t\t\t\t\t\t\t<figure class=\"wp-caption\">\n\t\t\t\t\t\t\t\t\t\t<img loading=\"lazy\" decoding=\"async\" width=\"425\" height=\"550\" src=\"https:\/\/www.elturistatranquil.com\/wp-content\/uploads\/F114-Baeza-1.jpg\" class=\"attachment-large size-large wp-image-13206\" alt=\"\" \/>\t\t\t\t\t\t\t\t\t\t\t<figcaption class=\"widget-image-caption wp-caption-text\"><\/figcaption>\n\t\t\t\t\t\t\t\t\t\t<\/figure>\n\t\t\t\t\t\t\t\t\t<\/div>\n\t\t\t\t<\/div>\n\t\t\t\t<div class=\"elementor-element elementor-element-7deccaca elementor-widget elementor-widget-heading\" data-id=\"7deccaca\" data-element_type=\"widget\" data-e-type=\"widget\" data-widget_type=\"heading.default\">\n\t\t\t\t<div class=\"elementor-widget-container\">\n\t\t\t\t\t<h4 class=\"elementor-heading-title elementor-size-small\">Pla\u00e7a de Fernando III El Santo<\/h4>\t\t\t\t<\/div>\n\t\t\t\t<\/div>\n\t\t\t\t<div class=\"elementor-element elementor-element-657bfdc7 elementor-widget elementor-widget-text-editor\" data-id=\"657bfdc7\" data-element_type=\"widget\" data-e-type=\"widget\" data-widget_type=\"text-editor.default\">\n\t\t\t\t<div class=\"elementor-widget-container\">\n\t\t\t\t\t\t\t\t\t<p>Darrere de l&#8217;Antic Picadero s&#8217;ha constru\u00eft una recent pla\u00e7a dedicada a Fernando III el Santo, amb una escultura en mem\u00f2ria seva. Al fons, un cos lateral de l&#8217;Antiga Caserna de Sementals.<\/p>\t\t\t\t\t\t\t\t<\/div>\n\t\t\t\t<\/div>\n\t\t\t\t<div class=\"elementor-element elementor-element-7a8d3ab6 elementor-widget elementor-widget-image\" data-id=\"7a8d3ab6\" data-element_type=\"widget\" data-e-type=\"widget\" data-widget_type=\"image.default\">\n\t\t\t\t<div class=\"elementor-widget-container\">\n\t\t\t\t\t\t\t\t\t\t\t\t<figure class=\"wp-caption\">\n\t\t\t\t\t\t\t\t\t\t<img loading=\"lazy\" decoding=\"async\" width=\"800\" height=\"533\" src=\"https:\/\/www.elturistatranquil.com\/wp-content\/uploads\/F115-Baeza-1.jpg\" class=\"attachment-large size-large wp-image-13208\" alt=\"\" srcset=\"https:\/\/www.elturistatranquil.com\/wp-content\/uploads\/F115-Baeza-1.jpg 800w, https:\/\/www.elturistatranquil.com\/wp-content\/uploads\/F115-Baeza-1-768x512.jpg 768w\" sizes=\"(max-width: 800px) 100vw, 800px\" \/>\t\t\t\t\t\t\t\t\t\t\t<figcaption class=\"widget-image-caption wp-caption-text\"><\/figcaption>\n\t\t\t\t\t\t\t\t\t\t<\/figure>\n\t\t\t\t\t\t\t\t\t<\/div>\n\t\t\t\t<\/div>\n\t\t\t\t<div class=\"elementor-element elementor-element-6176c057 elementor-widget elementor-widget-heading\" data-id=\"6176c057\" data-element_type=\"widget\" data-e-type=\"widget\" data-widget_type=\"heading.default\">\n\t\t\t\t<div class=\"elementor-widget-container\">\n\t\t\t\t\t<h4 class=\"elementor-heading-title elementor-size-small\">Palau de Jabalquinto (11)<\/h4>\t\t\t\t<\/div>\n\t\t\t\t<\/div>\n\t\t\t\t<div class=\"elementor-element elementor-element-3ac9a431 elementor-widget elementor-widget-text-editor\" data-id=\"3ac9a431\" data-element_type=\"widget\" data-e-type=\"widget\" data-widget_type=\"text-editor.default\">\n\t\t\t\t<div class=\"elementor-widget-container\">\n\t\t\t\t\t\t\t\t\t<p>Constru\u00eft per la fam\u00edlia Benavides, \u00e9s un magn\u00edfic exponent del g\u00f2tic florit Isabel\u00ed amb un toc mud\u00e8jar.<\/p><p>La fa\u00e7ana est\u00e0 flanquejada per falses torres rematades en balconets. Un mirador renaixentista va ser afegit posteriorment.<\/p><p>En 1720 s&#8217;incorpora al seminari. Va ser confiscat en 1836 i es va cedir de nou al seminari en 1853.<\/p>\t\t\t\t\t\t\t\t<\/div>\n\t\t\t\t<\/div>\n\t\t\t\t<div class=\"elementor-element elementor-element-3439b46a elementor-widget elementor-widget-image\" data-id=\"3439b46a\" data-element_type=\"widget\" data-e-type=\"widget\" data-widget_type=\"image.default\">\n\t\t\t\t<div class=\"elementor-widget-container\">\n\t\t\t\t\t\t\t\t\t\t\t\t<figure class=\"wp-caption\">\n\t\t\t\t\t\t\t\t\t\t<img loading=\"lazy\" decoding=\"async\" width=\"800\" height=\"533\" src=\"https:\/\/www.elturistatranquil.com\/wp-content\/uploads\/F116-Baeza-1.jpg\" class=\"attachment-large size-large wp-image-13210\" alt=\"\" srcset=\"https:\/\/www.elturistatranquil.com\/wp-content\/uploads\/F116-Baeza-1.jpg 800w, https:\/\/www.elturistatranquil.com\/wp-content\/uploads\/F116-Baeza-1-768x512.jpg 768w\" sizes=\"(max-width: 800px) 100vw, 800px\" \/>\t\t\t\t\t\t\t\t\t\t\t<figcaption class=\"widget-image-caption wp-caption-text\"><\/figcaption>\n\t\t\t\t\t\t\t\t\t\t<\/figure>\n\t\t\t\t\t\t\t\t\t<\/div>\n\t\t\t\t<\/div>\n\t\t\t\t<div class=\"elementor-element elementor-element-4f6ae8af elementor-widget elementor-widget-menu-anchor\" data-id=\"4f6ae8af\" data-element_type=\"widget\" data-e-type=\"widget\" data-widget_type=\"menu-anchor.default\">\n\t\t\t\t<div class=\"elementor-widget-container\">\n\t\t\t\t\t\t\t<div class=\"elementor-menu-anchor\" id=\"c2427\"><\/div>\n\t\t\t\t\t\t<\/div>\n\t\t\t\t<\/div>\n\t\t\t\t<div class=\"elementor-element elementor-element-57723325 elementor-widget elementor-widget-image\" data-id=\"57723325\" data-element_type=\"widget\" data-e-type=\"widget\" data-widget_type=\"image.default\">\n\t\t\t\t<div class=\"elementor-widget-container\">\n\t\t\t\t\t\t\t\t\t\t\t\t<figure class=\"wp-caption\">\n\t\t\t\t\t\t\t\t\t\t<img loading=\"lazy\" decoding=\"async\" width=\"404\" height=\"550\" src=\"https:\/\/www.elturistatranquil.com\/wp-content\/uploads\/F117-Baeza-1.jpg\" class=\"attachment-large size-large wp-image-13212\" alt=\"\" \/>\t\t\t\t\t\t\t\t\t\t\t<figcaption class=\"widget-image-caption wp-caption-text\"><\/figcaption>\n\t\t\t\t\t\t\t\t\t\t<\/figure>\n\t\t\t\t\t\t\t\t\t<\/div>\n\t\t\t\t<\/div>\n\t\t\t\t<div class=\"elementor-element elementor-element-170f4f96 elementor-widget elementor-widget-heading\" data-id=\"170f4f96\" data-element_type=\"widget\" data-e-type=\"widget\" data-widget_type=\"heading.default\">\n\t\t\t\t<div class=\"elementor-widget-container\">\n\t\t\t\t\t<h3 class=\"elementor-heading-title elementor-size-default\">Carrer San Juan de \u00c1vila<\/h3>\t\t\t\t<\/div>\n\t\t\t\t<\/div>\n\t\t\t\t<div class=\"elementor-element elementor-element-17be8ff elementor-widget elementor-widget-text-editor\" data-id=\"17be8ff\" data-element_type=\"widget\" data-e-type=\"widget\" data-widget_type=\"text-editor.default\">\n\t\t\t\t<div class=\"elementor-widget-container\">\n\t\t\t\t\t\t\t\t\t<p>Carrer amb grans monuments, casalots i cases modestes, algunes edificades sobre l&#8217;antiga muralla.<\/p><p>T\u00e9 grans edificis com la Universitat i l&#8217;Esgl\u00e9sia de San Juan, i casalots com els dels Galeote i els Fuentecilla.<\/p>\t\t\t\t\t\t\t\t<\/div>\n\t\t\t\t<\/div>\n\t\t\t\t<div class=\"elementor-element elementor-element-590d1067 elementor-widget elementor-widget-heading\" data-id=\"590d1067\" data-element_type=\"widget\" data-e-type=\"widget\" data-widget_type=\"heading.default\">\n\t\t\t\t<div class=\"elementor-widget-container\">\n\t\t\t\t\t<h4 class=\"elementor-heading-title elementor-size-small\">Universitat (8)<\/h4>\t\t\t\t<\/div>\n\t\t\t\t<\/div>\n\t\t\t\t<div class=\"elementor-element elementor-element-374a1405 elementor-widget elementor-widget-text-editor\" data-id=\"374a1405\" data-element_type=\"widget\" data-e-type=\"widget\" data-widget_type=\"text-editor.default\">\n\t\t\t\t<div class=\"elementor-widget-container\">\n\t\t\t\t\t\t\t\t\t<p>Es va construir entre 1568 i 1593, i se&#8217;l considera un dels edificis m\u00e9s bells i representatius del renaixement a Baeza.<\/p><p>Al segle XVI va ser col\u00b7legi de primeres lletres, situant-se en la casa dels Acu\u00f1a. Es funda la Universitat definitivament en 1542, per San Juan de \u00c1vila. En 1807 se susp\u00e8n la Universitat, per\u00f2 es reprenen les classes entre 1815 i 1824, data en la qual se suspenen definitivament. Al cap d&#8217;un temps es va convertir en Institut d&#8217;Ensenyament Mitj\u00e0 i, actualment, continua sent un IES, el de la Sant\u00edssima Trinitat.<\/p><p>Val la pena visitar el seu pati.<\/p><p>L&#8217;actual edifici \u00e9s del segle XVII.<\/p>\t\t\t\t\t\t\t\t<\/div>\n\t\t\t\t<\/div>\n\t\t\t\t<div class=\"elementor-element elementor-element-4e64fbca elementor-widget elementor-widget-image\" data-id=\"4e64fbca\" data-element_type=\"widget\" data-e-type=\"widget\" data-widget_type=\"image.default\">\n\t\t\t\t<div class=\"elementor-widget-container\">\n\t\t\t\t\t\t\t\t\t\t\t\t<figure class=\"wp-caption\">\n\t\t\t\t\t\t\t\t\t\t<img loading=\"lazy\" decoding=\"async\" width=\"800\" height=\"533\" src=\"https:\/\/www.elturistatranquil.com\/wp-content\/uploads\/F118-Baeza-1.jpg\" class=\"attachment-large size-large wp-image-13214\" alt=\"\" srcset=\"https:\/\/www.elturistatranquil.com\/wp-content\/uploads\/F118-Baeza-1.jpg 800w, https:\/\/www.elturistatranquil.com\/wp-content\/uploads\/F118-Baeza-1-768x512.jpg 768w\" sizes=\"(max-width: 800px) 100vw, 800px\" \/>\t\t\t\t\t\t\t\t\t\t\t<figcaption class=\"widget-image-caption wp-caption-text\"><\/figcaption>\n\t\t\t\t\t\t\t\t\t\t<\/figure>\n\t\t\t\t\t\t\t\t\t<\/div>\n\t\t\t\t<\/div>\n\t\t\t\t<div class=\"elementor-element elementor-element-29179152 elementor-widget elementor-widget-image\" data-id=\"29179152\" data-element_type=\"widget\" data-e-type=\"widget\" data-widget_type=\"image.default\">\n\t\t\t\t<div class=\"elementor-widget-container\">\n\t\t\t\t\t\t\t\t\t\t\t\t<figure class=\"wp-caption\">\n\t\t\t\t\t\t\t\t\t\t<img loading=\"lazy\" decoding=\"async\" width=\"800\" height=\"533\" src=\"https:\/\/www.elturistatranquil.com\/wp-content\/uploads\/F119-Baeza-1.jpg\" class=\"attachment-large size-large wp-image-13216\" alt=\"\" srcset=\"https:\/\/www.elturistatranquil.com\/wp-content\/uploads\/F119-Baeza-1.jpg 800w, https:\/\/www.elturistatranquil.com\/wp-content\/uploads\/F119-Baeza-1-768x512.jpg 768w\" sizes=\"(max-width: 800px) 100vw, 800px\" \/>\t\t\t\t\t\t\t\t\t\t\t<figcaption class=\"widget-image-caption wp-caption-text\"><\/figcaption>\n\t\t\t\t\t\t\t\t\t\t<\/figure>\n\t\t\t\t\t\t\t\t\t<\/div>\n\t\t\t\t<\/div>\n\t\t\t\t<div class=\"elementor-element elementor-element-76864eee elementor-widget elementor-widget-text-editor\" data-id=\"76864eee\" data-element_type=\"widget\" data-e-type=\"widget\" data-widget_type=\"text-editor.default\">\n\t\t\t\t<div class=\"elementor-widget-container\">\n\t\t\t\t\t\t\t\t\t<p>En el flanc oest se situa la capella de San Juan Evangelista, formant un sol cos amb la resta de l&#8217;edifici.<\/p>\t\t\t\t\t\t\t\t<\/div>\n\t\t\t\t<\/div>\n\t\t\t\t<div class=\"elementor-element elementor-element-766cd051 elementor-widget elementor-widget-image\" data-id=\"766cd051\" data-element_type=\"widget\" data-e-type=\"widget\" data-widget_type=\"image.default\">\n\t\t\t\t<div class=\"elementor-widget-container\">\n\t\t\t\t\t\t\t\t\t\t\t\t<figure class=\"wp-caption\">\n\t\t\t\t\t\t\t\t\t\t<img loading=\"lazy\" decoding=\"async\" width=\"366\" height=\"550\" src=\"https:\/\/www.elturistatranquil.com\/wp-content\/uploads\/F120-Baeza-1.jpg\" class=\"attachment-large size-large wp-image-13218\" alt=\"\" \/>\t\t\t\t\t\t\t\t\t\t\t<figcaption class=\"widget-image-caption wp-caption-text\"><\/figcaption>\n\t\t\t\t\t\t\t\t\t\t<\/figure>\n\t\t\t\t\t\t\t\t\t<\/div>\n\t\t\t\t<\/div>\n\t\t\t\t<div class=\"elementor-element elementor-element-62853a32 elementor-widget elementor-widget-text-editor\" data-id=\"62853a32\" data-element_type=\"widget\" data-e-type=\"widget\" data-widget_type=\"text-editor.default\">\n\t\t\t\t<div class=\"elementor-widget-container\">\n\t\t\t\t\t\t\t\t\t<p>La fa\u00e7ana manierista de carreus, presenta una porta de mig punt. Els costats amb dobles pilars sostenen un entaulament amb un medall\u00f3 de la Sant\u00edssima Trinitat al centre.<\/p>\t\t\t\t\t\t\t\t<\/div>\n\t\t\t\t<\/div>\n\t\t\t\t<div class=\"elementor-element elementor-element-1fb8719c elementor-widget elementor-widget-image\" data-id=\"1fb8719c\" data-element_type=\"widget\" data-e-type=\"widget\" data-widget_type=\"image.default\">\n\t\t\t\t<div class=\"elementor-widget-container\">\n\t\t\t\t\t\t\t\t\t\t\t\t<figure class=\"wp-caption\">\n\t\t\t\t\t\t\t\t\t\t<img loading=\"lazy\" decoding=\"async\" width=\"366\" height=\"550\" src=\"https:\/\/www.elturistatranquil.com\/wp-content\/uploads\/F121-Baeza-1.jpg\" class=\"attachment-large size-large wp-image-13220\" alt=\"\" \/>\t\t\t\t\t\t\t\t\t\t\t<figcaption class=\"widget-image-caption wp-caption-text\"><\/figcaption>\n\t\t\t\t\t\t\t\t\t\t<\/figure>\n\t\t\t\t\t\t\t\t\t<\/div>\n\t\t\t\t<\/div>\n\t\t\t\t<div class=\"elementor-element elementor-element-38afe83d elementor-widget elementor-widget-text-editor\" data-id=\"38afe83d\" data-element_type=\"widget\" data-e-type=\"widget\" data-widget_type=\"text-editor.default\">\n\t\t\t\t<div class=\"elementor-widget-container\">\n\t\t\t\t\t\t\t\t\t<p>L&#8217;edifici, d&#8217;estil manierista, s&#8217;articula al voltant d&#8217;un claustre d\u2019esveltes columnes cl\u00e0ssiques en dues arcades.<\/p>\t\t\t\t\t\t\t\t<\/div>\n\t\t\t\t<\/div>\n\t\t\t\t<div class=\"elementor-element elementor-element-2af7cd78 elementor-widget elementor-widget-image\" data-id=\"2af7cd78\" data-element_type=\"widget\" data-e-type=\"widget\" data-widget_type=\"image.default\">\n\t\t\t\t<div class=\"elementor-widget-container\">\n\t\t\t\t\t\t\t\t\t\t\t\t<figure class=\"wp-caption\">\n\t\t\t\t\t\t\t\t\t\t<img loading=\"lazy\" decoding=\"async\" width=\"800\" height=\"533\" src=\"https:\/\/www.elturistatranquil.com\/wp-content\/uploads\/F122-Baeza-1.jpg\" class=\"attachment-large size-large wp-image-13222\" alt=\"\" srcset=\"https:\/\/www.elturistatranquil.com\/wp-content\/uploads\/F122-Baeza-1.jpg 800w, https:\/\/www.elturistatranquil.com\/wp-content\/uploads\/F122-Baeza-1-768x512.jpg 768w\" sizes=\"(max-width: 800px) 100vw, 800px\" \/>\t\t\t\t\t\t\t\t\t\t\t<figcaption class=\"widget-image-caption wp-caption-text\"><\/figcaption>\n\t\t\t\t\t\t\t\t\t\t<\/figure>\n\t\t\t\t\t\t\t\t\t<\/div>\n\t\t\t\t<\/div>\n\t\t\t\t<div class=\"elementor-element elementor-element-74e6de51 elementor-widget elementor-widget-text-editor\" data-id=\"74e6de51\" data-element_type=\"widget\" data-e-type=\"widget\" data-widget_type=\"text-editor.default\">\n\t\t\t\t<div class=\"elementor-widget-container\">\n\t\t\t\t\t\t\t\t\t<p>El poeta Antonio Machado, encara que va n\u00e9ixer a Sevilla, el 1875, va viure una etapa de la seva vida a Baeza, on va ser professor de llengua francesa de 1912 a 1919. Machado va passejar per entre els carrers d&#8217;aquesta ciutat, parlant amb els ve\u00efns, amarant d&#8217;un paisatge que es reflecteix en el seu llibre &#8220;Noves Can\u00e7ons&#8221;.<\/p><p>Set anys va estar impartint classes en aquesta aula. S&#8217;hi exhibeix diversa documentaci\u00f3 referida a la vida acad\u00e8mica de D. Antonio Machado.<\/p>\t\t\t\t\t\t\t\t<\/div>\n\t\t\t\t<\/div>\n\t\t\t\t<div class=\"elementor-element elementor-element-1c8a8602 elementor-widget elementor-widget-image\" data-id=\"1c8a8602\" data-element_type=\"widget\" data-e-type=\"widget\" data-widget_type=\"image.default\">\n\t\t\t\t<div class=\"elementor-widget-container\">\n\t\t\t\t\t\t\t\t\t\t\t\t<figure class=\"wp-caption\">\n\t\t\t\t\t\t\t\t\t\t<img loading=\"lazy\" decoding=\"async\" width=\"800\" height=\"533\" src=\"https:\/\/www.elturistatranquil.com\/wp-content\/uploads\/F123-Baeza-1.jpg\" class=\"attachment-large size-large wp-image-13224\" alt=\"\" srcset=\"https:\/\/www.elturistatranquil.com\/wp-content\/uploads\/F123-Baeza-1.jpg 800w, https:\/\/www.elturistatranquil.com\/wp-content\/uploads\/F123-Baeza-1-768x512.jpg 768w\" sizes=\"(max-width: 800px) 100vw, 800px\" \/>\t\t\t\t\t\t\t\t\t\t\t<figcaption class=\"widget-image-caption wp-caption-text\"><\/figcaption>\n\t\t\t\t\t\t\t\t\t\t<\/figure>\n\t\t\t\t\t\t\t\t\t<\/div>\n\t\t\t\t<\/div>\n\t\t\t\t<div class=\"elementor-element elementor-element-4d16b067 elementor-widget elementor-widget-image\" data-id=\"4d16b067\" data-element_type=\"widget\" data-e-type=\"widget\" data-widget_type=\"image.default\">\n\t\t\t\t<div class=\"elementor-widget-container\">\n\t\t\t\t\t\t\t\t\t\t\t\t<figure class=\"wp-caption\">\n\t\t\t\t\t\t\t\t\t\t<img loading=\"lazy\" decoding=\"async\" width=\"800\" height=\"533\" src=\"https:\/\/www.elturistatranquil.com\/wp-content\/uploads\/F124-Baeza-1.jpg\" class=\"attachment-large size-large wp-image-13226\" alt=\"\" srcset=\"https:\/\/www.elturistatranquil.com\/wp-content\/uploads\/F124-Baeza-1.jpg 800w, https:\/\/www.elturistatranquil.com\/wp-content\/uploads\/F124-Baeza-1-768x512.jpg 768w\" sizes=\"(max-width: 800px) 100vw, 800px\" \/>\t\t\t\t\t\t\t\t\t\t\t<figcaption class=\"widget-image-caption wp-caption-text\">Inst\u00e0ncia manuscrita d'Antonio Machado de sol\u00b7licitud per impartir ensenyament de franc\u00e8s en grau diferent del Batxillerat (28 de febrer de 1913)<\/figcaption>\n\t\t\t\t\t\t\t\t\t\t<\/figure>\n\t\t\t\t\t\t\t\t\t<\/div>\n\t\t\t\t<\/div>\n\t\t\t\t<div class=\"elementor-element elementor-element-dbe666f elementor-widget elementor-widget-image\" data-id=\"dbe666f\" data-element_type=\"widget\" data-e-type=\"widget\" data-widget_type=\"image.default\">\n\t\t\t\t<div class=\"elementor-widget-container\">\n\t\t\t\t\t\t\t\t\t\t\t\t<figure class=\"wp-caption\">\n\t\t\t\t\t\t\t\t\t\t<img loading=\"lazy\" decoding=\"async\" width=\"800\" height=\"533\" src=\"https:\/\/www.elturistatranquil.com\/wp-content\/uploads\/F125-Baeza-1.jpg\" class=\"attachment-large size-large wp-image-13228\" alt=\"\" srcset=\"https:\/\/www.elturistatranquil.com\/wp-content\/uploads\/F125-Baeza-1.jpg 800w, https:\/\/www.elturistatranquil.com\/wp-content\/uploads\/F125-Baeza-1-768x512.jpg 768w\" sizes=\"(max-width: 800px) 100vw, 800px\" \/>\t\t\t\t\t\t\t\t\t\t\t<figcaption class=\"widget-image-caption wp-caption-text\">Trasllat de D. Antonio Machado a la C\u00e0tedra de Llengua de l'Institut de Baeza, amb un sou anual de 3.500 pessetes (21,04 euros). Cessament a l'Institut de S\u00f2ria (11 octubre 1912)<\/figcaption>\n\t\t\t\t\t\t\t\t\t\t<\/figure>\n\t\t\t\t\t\t\t\t\t<\/div>\n\t\t\t\t<\/div>\n\t\t\t\t<div class=\"elementor-element elementor-element-9e7b2e9 elementor-widget elementor-widget-image\" data-id=\"9e7b2e9\" data-element_type=\"widget\" data-e-type=\"widget\" data-widget_type=\"image.default\">\n\t\t\t\t<div class=\"elementor-widget-container\">\n\t\t\t\t\t\t\t\t\t\t\t\t<figure class=\"wp-caption\">\n\t\t\t\t\t\t\t\t\t\t<img loading=\"lazy\" decoding=\"async\" width=\"800\" height=\"533\" src=\"https:\/\/www.elturistatranquil.com\/wp-content\/uploads\/F126-Baeza-1.jpg\" class=\"attachment-large size-large wp-image-13230\" alt=\"\" srcset=\"https:\/\/www.elturistatranquil.com\/wp-content\/uploads\/F126-Baeza-1.jpg 800w, https:\/\/www.elturistatranquil.com\/wp-content\/uploads\/F126-Baeza-1-768x512.jpg 768w\" sizes=\"(max-width: 800px) 100vw, 800px\" \/>\t\t\t\t\t\t\t\t\t\t\t<figcaption class=\"widget-image-caption wp-caption-text\">Reproducci\u00f3 d'Antonio Machado que es troba a l'aula<\/figcaption>\n\t\t\t\t\t\t\t\t\t\t<\/figure>\n\t\t\t\t\t\t\t\t\t<\/div>\n\t\t\t\t<\/div>\n\t\t\t\t<div class=\"elementor-element elementor-element-1afbe8ef elementor-widget elementor-widget-heading\" data-id=\"1afbe8ef\" data-element_type=\"widget\" data-e-type=\"widget\" data-widget_type=\"heading.default\">\n\t\t\t\t<div class=\"elementor-widget-container\">\n\t\t\t\t\t<h4 class=\"elementor-heading-title elementor-size-small\">Porta del Barbudo (9)<\/h4>\t\t\t\t<\/div>\n\t\t\t\t<\/div>\n\t\t\t\t<div class=\"elementor-element elementor-element-1aaa7995 elementor-widget elementor-widget-text-editor\" data-id=\"1aaa7995\" data-element_type=\"widget\" data-e-type=\"widget\" data-widget_type=\"text-editor.default\">\n\t\t\t\t<div class=\"elementor-widget-container\">\n\t\t\t\t\t\t\t\t\t<p>Restes de la Porta de Baeza. El nom li ve de Mart\u00edn Y\u00e1\u00f1ez de la Barbuda que, en 1394, va sortir per aquesta porta per lluitar contra els musulmans granadins, sent derrotat i mort.<\/p>\t\t\t\t\t\t\t\t<\/div>\n\t\t\t\t<\/div>\n\t\t\t\t<div class=\"elementor-element elementor-element-6b219025 elementor-widget elementor-widget-image\" data-id=\"6b219025\" data-element_type=\"widget\" data-e-type=\"widget\" data-widget_type=\"image.default\">\n\t\t\t\t<div class=\"elementor-widget-container\">\n\t\t\t\t\t\t\t\t\t\t\t\t<figure class=\"wp-caption\">\n\t\t\t\t\t\t\t\t\t\t<img loading=\"lazy\" decoding=\"async\" width=\"800\" height=\"533\" src=\"https:\/\/www.elturistatranquil.com\/wp-content\/uploads\/F127-Baeza-1.jpg\" class=\"attachment-large size-large wp-image-13232\" alt=\"\" srcset=\"https:\/\/www.elturistatranquil.com\/wp-content\/uploads\/F127-Baeza-1.jpg 800w, https:\/\/www.elturistatranquil.com\/wp-content\/uploads\/F127-Baeza-1-768x512.jpg 768w\" sizes=\"(max-width: 800px) 100vw, 800px\" \/>\t\t\t\t\t\t\t\t\t\t\t<figcaption class=\"widget-image-caption wp-caption-text\"><\/figcaption>\n\t\t\t\t\t\t\t\t\t\t<\/figure>\n\t\t\t\t\t\t\t\t\t<\/div>\n\t\t\t\t<\/div>\n\t\t\t\t<div class=\"elementor-element elementor-element-23a0092 elementor-widget elementor-widget-menu-anchor\" data-id=\"23a0092\" data-element_type=\"widget\" data-e-type=\"widget\" data-widget_type=\"menu-anchor.default\">\n\t\t\t\t<div class=\"elementor-widget-container\">\n\t\t\t\t\t\t\t<div class=\"elementor-menu-anchor\" id=\"c2428\"><\/div>\n\t\t\t\t\t\t<\/div>\n\t\t\t\t<\/div>\n\t\t\t\t<div class=\"elementor-element elementor-element-7accf4f6 elementor-widget elementor-widget-image\" data-id=\"7accf4f6\" data-element_type=\"widget\" data-e-type=\"widget\" data-widget_type=\"image.default\">\n\t\t\t\t<div class=\"elementor-widget-container\">\n\t\t\t\t\t\t\t\t\t\t\t\t<figure class=\"wp-caption\">\n\t\t\t\t\t\t\t\t\t\t<img loading=\"lazy\" decoding=\"async\" width=\"800\" height=\"533\" src=\"https:\/\/www.elturistatranquil.com\/wp-content\/uploads\/F128-Baeza-1.jpg\" class=\"attachment-large size-large wp-image-13234\" alt=\"\" srcset=\"https:\/\/www.elturistatranquil.com\/wp-content\/uploads\/F128-Baeza-1.jpg 800w, https:\/\/www.elturistatranquil.com\/wp-content\/uploads\/F128-Baeza-1-768x512.jpg 768w\" sizes=\"(max-width: 800px) 100vw, 800px\" \/>\t\t\t\t\t\t\t\t\t\t\t<figcaption class=\"widget-image-caption wp-caption-text\"><\/figcaption>\n\t\t\t\t\t\t\t\t\t\t<\/figure>\n\t\t\t\t\t\t\t\t\t<\/div>\n\t\t\t\t<\/div>\n\t\t\t\t<div class=\"elementor-element elementor-element-24819fd4 elementor-widget elementor-widget-heading\" data-id=\"24819fd4\" data-element_type=\"widget\" data-e-type=\"widget\" data-widget_type=\"heading.default\">\n\t\t\t\t<div class=\"elementor-widget-container\">\n\t\t\t\t\t<h2 class=\"elementor-heading-title elementor-size-default\">Fi de la visita<\/h2>\t\t\t\t<\/div>\n\t\t\t\t<\/div>\n\t\t\t\t<div class=\"elementor-element elementor-element-4b489c7a elementor-widget elementor-widget-menu-anchor\" data-id=\"4b489c7a\" data-element_type=\"widget\" data-e-type=\"widget\" data-widget_type=\"menu-anchor.default\">\n\t\t\t\t<div class=\"elementor-widget-container\">\n\t\t\t\t\t\t\t<div class=\"elementor-menu-anchor\" id=\"c2429\"><\/div>\n\t\t\t\t\t\t<\/div>\n\t\t\t\t<\/div>\n\t\t\t\t<div class=\"elementor-element elementor-element-5b3d993b elementor-widget elementor-widget-text-editor\" data-id=\"5b3d993b\" data-element_type=\"widget\" data-e-type=\"widget\" data-widget_type=\"text-editor.default\">\n\t\t\t\t<div class=\"elementor-widget-container\">\n\t\t\t\t\t\t\t\t\t<p>Des d&#8217;aquest punt retorno a la pla\u00e7a de la Constituci\u00f3 a passejar una estona per ella, i per dirigir-me al p\u00e0rquing a recollir el cotxe despr\u00e9s d&#8217;una agradable estada per una ciutat plena d&#8217;encant en la qual, a cada pas, trobes edificacions que recorden la seva \u00e8poca de major esplendor, aportant innombrables exemples d&#8217;arquitectura renaixentista -a alguns els agrada anomenar-lo renaixement andal\u00fas-, plateresc i barroc.<\/p><p>A cada carrer del centre hist\u00f2ric hi ha algun, o alguns, edificis que han merescut ser catalogats com a BIC (B\u00e9 d&#8217;Inter\u00e8s Cultural).<\/p><p>Per\u00f2, com he dit al principi, Baeza \u00e9s una ciutat en la qual, per sobre dels edificis singulars, sobresurt el conjunt, \u00e9s a dir, l&#8217;ambient que es respira al passejar i observar el conjunt dels seus carrers en el centre hist\u00f2ric.<\/p><p>Per aix\u00f2 ha estat reconeguda com a Patrimoni Cultural de la Humanitat conjuntament amb \u00dabeda.<\/p>\t\t\t\t\t\t\t\t<\/div>\n\t\t\t\t<\/div>\n\t\t\t\t<div class=\"elementor-element elementor-element-792a1c50 elementor-widget elementor-widget-heading\" data-id=\"792a1c50\" data-element_type=\"widget\" data-e-type=\"widget\" data-widget_type=\"heading.default\">\n\t\t\t\t<div class=\"elementor-widget-container\">\n\t\t\t\t\t<h2 class=\"elementor-heading-title elementor-size-default\">Bases d\u2019informaci\u00f3<\/h2>\t\t\t\t<\/div>\n\t\t\t\t<\/div>\n\t\t\t\t<div class=\"elementor-element elementor-element-6255152b elementor-widget elementor-widget-text-editor\" data-id=\"6255152b\" data-element_type=\"widget\" data-e-type=\"widget\" data-widget_type=\"text-editor.default\">\n\t\t\t\t<div class=\"elementor-widget-container\">\n\t\t\t\t\t\t\t\t\t<p><strong>Webs<\/strong><\/p><p><a href=\"https:\/\/es.wikipedia.org\/wiki\/Baeza_(Espa%C3%B1a)\" target=\"_blank\" rel=\"noopener\">Baeza. Wikipedia<\/a><\/p><p><a href=\"https:\/\/guiadigital.iaph.es\/municipio\/3505\" target=\"_blank\" rel=\"noopener\">Baeza. Gu\u00edadigital<\/a><\/p><p><a href=\"https:\/\/es.wikipedia.org\/wiki\/Patrimonio_hist%C3%B3rico_de_Baeza_(Ja%C3%A9n)\" target=\"_blank\" rel=\"noopener\">Baeza. Wikipediapatrimoniohist\u00f3rico<\/a><\/p><p><a href=\"http:\/\/www.baezaturismo.com\/\" target=\"_blank\" rel=\"noopener\">Baeza. Baezaturismo<\/a><\/p><p><a href=\"http:\/\/www.rutavirtualdelrenacimiento.es\/rutadelrenacimiento.pdf\" target=\"_blank\" rel=\"noopener\">Baeza. Rutadelrenacimiento<\/a><\/p><p><a href=\"http:\/\/www.jaenparaisointerior.es\/galerias\/galeriaDescargas\/diputacion\/promo-jaen\/multimedia\/documentos\/Renacimiento_del_Sur._Ubeda_Baeza_y_Jaen_xBx.pdf\" target=\"_blank\" rel=\"noopener\">Baeza. Jaenparaisointerior<\/a><\/p><p><a href=\"https:\/\/www.arteguias.com\/jaen\/baeza.htm\" target=\"_blank\" rel=\"noopener\">Baeza. Artegu\u00edas<\/a><\/p><p><a href=\"http:\/\/www.guiaarqueologicaciudadespatrimonio.org\/baeza\" target=\"_blank\" rel=\"noopener\">Baeza. Guiaarqueologicaciudadespatrimonio<\/a><\/p>\t\t\t\t\t\t\t\t<\/div>\n\t\t\t\t<\/div>\n\t\t\t\t<div class=\"elementor-element elementor-element-54f1cfa2 elementor-widget elementor-widget-text-editor\" data-id=\"54f1cfa2\" data-element_type=\"widget\" data-e-type=\"widget\" data-widget_type=\"text-editor.default\">\n\t\t\t\t<div class=\"elementor-widget-container\">\n\t\t\t\t\t\t\t\t\t<p><strong>Google Academic<\/strong><\/p><p><a href=\"http:\/\/www.ciudadespatrimonio.org\/publicaciones\/evolucion-urbana\/baeza.pdf\" target=\"_blank\" rel=\"noopener\">Baeza. Ciudadespatrimonio<\/a><\/p><p><a href=\"http:\/\/www.baeza.es\/baeza\/extranet\/verContenido?al_men_pk=1723&amp;as_ruta_men_pk=1680,1723&amp;al_tpo_pk=null&amp;al_tfor_pk=null\" target=\"_blank\" rel=\"noopener\">Plan Especial de Protecci\u00f3n, Reforma Interior y mejora urbana. Cat\u00e1logo del Centro Hist\u00f3rico de Baeza<\/a><\/p><p>A.B. Mudarra Fern\u00e1ndez, P.J. C\u00e1rdenas Garc\u00eda, J.I. Pulido Fern\u00e1ndez, <a href=\"http:\/\/www.fue.uji.es\/gesfue2\/doc_fue\/docs\/jornadas\/17turismo\/ubedaybaeza.pdf\" target=\"_blank\" rel=\"noopener\"><em>Aproximaci\u00f3n al an\u00e1lisis del impacto econ\u00f3mico del turismo en \u00dabeda y Baeza tras su declaraci\u00f3n como patrimonio de la humanidad<\/em><\/a><\/p>\t\t\t\t\t\t\t\t<\/div>\n\t\t\t\t<\/div>\n\t\t\t\t\t<\/div>\n\t\t<\/div>\n\t\t\t\t\t<\/div>\n\t\t<\/section>\n\t\t\t\t<\/div>\n\t\t","protected":false},"excerpt":{"rendered":"<p>Baeza i \u00dabeda (Ja\u00e9n) formen un conjunt de ciutats Patrimoni de la Humanitat de la UNESCO. Sobre l&#8217;alcassaba musulmana es va imposar l&#8217;estil renaixentista espanyol que li atorga el valor &#8230; <a title=\"Baeza monumental (Ja\u00e9n)\" class=\"read-more\" href=\"https:\/\/www.elturistatranquil.com\/ca\/baeza-monumental-jaen\/\" aria-label=\"M\u00e9s informaci\u00f3 sobre Baeza monumental (Ja\u00e9n)\">[ &#8230; ]<\/a><\/p>\n","protected":false},"author":1,"featured_media":12986,"comment_status":"open","ping_status":"closed","sticky":false,"template":"","format":"standard","meta":{"footnotes":""},"categories":[70,71,72,74,75,76,77,145,82,83,86,156,90,91,92,172,95,69,208,100,97,159,101,103,104,139,106,107],"tags":[],"class_list":["post-12988","post","type-post","status-publish","format-standard","has-post-thumbnail","hentry","category-arquitectura-civil-ca","category-arquitectura-popular-ca","category-arquitectura-religiosa-ca","category-barroc","category-castells","category-ciutat","category-conjunts-historics","category-edat-mitjana","category-gotic","category-historia-ca","category-islamic","category-jaen-ca","category-monestirs-catedrals","category-mudejar-ca","category-museus","category-neoclassic","category-paisatge","category-arqueologia-industrial-ca","category-patrimoni-mundial","category-pobles-i-ciutats-amb-interes","category-preroma","category-recintes-emmurallats","category-renaixement","category-roma","category-preromanic-ca","category-segle-xvi-xvii","category-segle-xviii-xix","category-segle-xx-xxi","infinite-scroll-item","generate-columns","tablet-grid-50","mobile-grid-100","grid-parent","grid-50","no-featured-image-padding"],"yoast_head":"<!-- This site is optimized with the Yoast SEO plugin v27.4 - https:\/\/yoast.com\/product\/yoast-seo-wordpress\/ -->\n<title>Baeza monumental (Ja\u00e9n) - El turista tranquil<\/title>\n<meta name=\"description\" content=\"Baeza i \u00dabeda (Ja\u00e9n) formen un conjunt de ciutats Patrimoni de la Humanitat de la UNESCO. Sobre l&#039;alcassaba musulmana es va imposar l&#039;estil renaixentista espanyol que li atorga el valor cultural reconegut.\" \/>\n<meta name=\"robots\" content=\"index, follow, max-snippet:-1, max-image-preview:large, max-video-preview:-1\" \/>\n<link rel=\"canonical\" href=\"https:\/\/www.elturistatranquil.com\/ca\/baeza-monumental-jaen\/\" \/>\n<meta property=\"og:locale\" content=\"ca_ES\" \/>\n<meta property=\"og:type\" content=\"article\" \/>\n<meta property=\"og:title\" content=\"Baeza monumental (Ja\u00e9n) - El turista tranquil\" \/>\n<meta property=\"og:description\" content=\"Baeza i \u00dabeda (Ja\u00e9n) formen un conjunt de ciutats Patrimoni de la Humanitat de la UNESCO. Sobre l&#039;alcassaba musulmana es va imposar l&#039;estil renaixentista espanyol que li atorga el valor cultural reconegut.\" \/>\n<meta property=\"og:url\" content=\"https:\/\/www.elturistatranquil.com\/ca\/baeza-monumental-jaen\/\" \/>\n<meta property=\"og:site_name\" content=\"El turista tranquil\" \/>\n<meta property=\"article:publisher\" content=\"https:\/\/www.facebook.com\/elturistatranquilo\/\" \/>\n<meta property=\"article:published_time\" content=\"2019-02-09T10:00:41+00:00\" \/>\n<meta property=\"article:modified_time\" content=\"2025-08-04T17:35:24+00:00\" \/>\n<meta property=\"og:image\" content=\"https:\/\/www.elturistatranquil.com\/wp-content\/uploads\/F000-Baeza.jpg\" \/>\n\t<meta property=\"og:image:width\" content=\"800\" \/>\n\t<meta property=\"og:image:height\" content=\"533\" \/>\n\t<meta property=\"og:image:type\" content=\"image\/jpeg\" \/>\n<meta name=\"author\" content=\"admin\" \/>\n<meta name=\"twitter:card\" content=\"summary_large_image\" \/>\n<meta name=\"twitter:label1\" content=\"Escrit per\" \/>\n\t<meta name=\"twitter:data1\" content=\"admin\" \/>\n\t<meta name=\"twitter:label2\" content=\"Temps estimat de lectura\" \/>\n\t<meta name=\"twitter:data2\" content=\"31 minuts\" \/>\n<script type=\"application\/ld+json\" class=\"yoast-schema-graph\">{\"@context\":\"https:\\\/\\\/schema.org\",\"@graph\":[{\"@type\":\"Article\",\"@id\":\"https:\\\/\\\/www.elturistatranquil.com\\\/ca\\\/baeza-monumental-jaen\\\/#article\",\"isPartOf\":{\"@id\":\"https:\\\/\\\/www.elturistatranquil.com\\\/ca\\\/baeza-monumental-jaen\\\/\"},\"author\":{\"name\":\"admin\",\"@id\":\"https:\\\/\\\/www.elturistatranquil.com\\\/ca\\\/#\\\/schema\\\/person\\\/16f607c3079b96ed0c530a52e6b58bb5\"},\"headline\":\"Baeza monumental (Ja\u00e9n)\",\"datePublished\":\"2019-02-09T10:00:41+00:00\",\"dateModified\":\"2025-08-04T17:35:24+00:00\",\"mainEntityOfPage\":{\"@id\":\"https:\\\/\\\/www.elturistatranquil.com\\\/ca\\\/baeza-monumental-jaen\\\/\"},\"wordCount\":6407,\"commentCount\":0,\"image\":{\"@id\":\"https:\\\/\\\/www.elturistatranquil.com\\\/ca\\\/baeza-monumental-jaen\\\/#primaryimage\"},\"thumbnailUrl\":\"https:\\\/\\\/www.elturistatranquil.com\\\/wp-content\\\/uploads\\\/F000-Baeza.jpg\",\"articleSection\":[\"Arquitectura civil\",\"Arquitectura popular\",\"Arquitectura religiosa\",\"Barroc\",\"Castells, Muralles\",\"Ciutat\",\"Conjunts hist\u00f2rics\",\"Edat mitjana\",\"G\u00f2tic\",\"Hist\u00f2ria\",\"Isl\u00e0mic\",\"Ja\u00e9n\",\"Monestirs, Catedrals\",\"Mud\u00e8jar\",\"Museus\",\"Neocl\u00e0ssic, Romanticisme\",\"Paisatge\",\"Patrimoni econ\u00f2mic\\\/productiu\",\"Patrimoni mundial\",\"Pobles i ciutats amb inter\u00e9s\",\"Prerom\u00e0\",\"Recintes emmurallats\",\"Renaixement\",\"Rom\u00e0\",\"Rom\u00e0nic\",\"Segle XVI-XVII\",\"Segle XVIII-XIX\",\"Segle XX-XXI\"],\"inLanguage\":\"ca\",\"potentialAction\":[{\"@type\":\"CommentAction\",\"name\":\"Comment\",\"target\":[\"https:\\\/\\\/www.elturistatranquil.com\\\/ca\\\/baeza-monumental-jaen\\\/#respond\"]}]},{\"@type\":\"WebPage\",\"@id\":\"https:\\\/\\\/www.elturistatranquil.com\\\/ca\\\/baeza-monumental-jaen\\\/\",\"url\":\"https:\\\/\\\/www.elturistatranquil.com\\\/ca\\\/baeza-monumental-jaen\\\/\",\"name\":\"Baeza monumental (Ja\u00e9n) - El turista tranquil\",\"isPartOf\":{\"@id\":\"https:\\\/\\\/www.elturistatranquil.com\\\/ca\\\/#website\"},\"primaryImageOfPage\":{\"@id\":\"https:\\\/\\\/www.elturistatranquil.com\\\/ca\\\/baeza-monumental-jaen\\\/#primaryimage\"},\"image\":{\"@id\":\"https:\\\/\\\/www.elturistatranquil.com\\\/ca\\\/baeza-monumental-jaen\\\/#primaryimage\"},\"thumbnailUrl\":\"https:\\\/\\\/www.elturistatranquil.com\\\/wp-content\\\/uploads\\\/F000-Baeza.jpg\",\"datePublished\":\"2019-02-09T10:00:41+00:00\",\"dateModified\":\"2025-08-04T17:35:24+00:00\",\"author\":{\"@id\":\"https:\\\/\\\/www.elturistatranquil.com\\\/ca\\\/#\\\/schema\\\/person\\\/16f607c3079b96ed0c530a52e6b58bb5\"},\"description\":\"Baeza i \u00dabeda (Ja\u00e9n) formen un conjunt de ciutats Patrimoni de la Humanitat de la UNESCO. Sobre l'alcassaba musulmana es va imposar l'estil renaixentista espanyol que li atorga el valor cultural reconegut.\",\"breadcrumb\":{\"@id\":\"https:\\\/\\\/www.elturistatranquil.com\\\/ca\\\/baeza-monumental-jaen\\\/#breadcrumb\"},\"inLanguage\":\"ca\",\"potentialAction\":[{\"@type\":\"ReadAction\",\"target\":[\"https:\\\/\\\/www.elturistatranquil.com\\\/ca\\\/baeza-monumental-jaen\\\/\"]}]},{\"@type\":\"ImageObject\",\"inLanguage\":\"ca\",\"@id\":\"https:\\\/\\\/www.elturistatranquil.com\\\/ca\\\/baeza-monumental-jaen\\\/#primaryimage\",\"url\":\"https:\\\/\\\/www.elturistatranquil.com\\\/wp-content\\\/uploads\\\/F000-Baeza.jpg\",\"contentUrl\":\"https:\\\/\\\/www.elturistatranquil.com\\\/wp-content\\\/uploads\\\/F000-Baeza.jpg\",\"width\":800,\"height\":533,\"caption\":\"Baeza\"},{\"@type\":\"BreadcrumbList\",\"@id\":\"https:\\\/\\\/www.elturistatranquil.com\\\/ca\\\/baeza-monumental-jaen\\\/#breadcrumb\",\"itemListElement\":[{\"@type\":\"ListItem\",\"position\":1,\"name\":\"Portada\",\"item\":\"https:\\\/\\\/www.elturistatranquil.com\\\/ca\\\/\"},{\"@type\":\"ListItem\",\"position\":2,\"name\":\"Baeza monumental (Ja\u00e9n)\"}]},{\"@type\":\"WebSite\",\"@id\":\"https:\\\/\\\/www.elturistatranquil.com\\\/ca\\\/#website\",\"url\":\"https:\\\/\\\/www.elturistatranquil.com\\\/ca\\\/\",\"name\":\"El turista tranquil\",\"description\":\"Blog de viatges\",\"potentialAction\":[{\"@type\":\"SearchAction\",\"target\":{\"@type\":\"EntryPoint\",\"urlTemplate\":\"https:\\\/\\\/www.elturistatranquil.com\\\/ca\\\/?s={search_term_string}\"},\"query-input\":{\"@type\":\"PropertyValueSpecification\",\"valueRequired\":true,\"valueName\":\"search_term_string\"}}],\"inLanguage\":\"ca\"},{\"@type\":\"Person\",\"@id\":\"https:\\\/\\\/www.elturistatranquil.com\\\/ca\\\/#\\\/schema\\\/person\\\/16f607c3079b96ed0c530a52e6b58bb5\",\"name\":\"admin\",\"image\":{\"@type\":\"ImageObject\",\"inLanguage\":\"ca\",\"@id\":\"https:\\\/\\\/secure.gravatar.com\\\/avatar\\\/1fbaf22aee75fcbb29a2f97b107f95d25d3a19b7c3416105be10269872673e8d?s=96&d=mm&r=g\",\"url\":\"https:\\\/\\\/secure.gravatar.com\\\/avatar\\\/1fbaf22aee75fcbb29a2f97b107f95d25d3a19b7c3416105be10269872673e8d?s=96&d=mm&r=g\",\"contentUrl\":\"https:\\\/\\\/secure.gravatar.com\\\/avatar\\\/1fbaf22aee75fcbb29a2f97b107f95d25d3a19b7c3416105be10269872673e8d?s=96&d=mm&r=g\",\"caption\":\"admin\"}}]}<\/script>\n<!-- \/ Yoast SEO plugin. -->","yoast_head_json":{"title":"Baeza monumental (Ja\u00e9n) - El turista tranquil","description":"Baeza i \u00dabeda (Ja\u00e9n) formen un conjunt de ciutats Patrimoni de la Humanitat de la UNESCO. Sobre l'alcassaba musulmana es va imposar l'estil renaixentista espanyol que li atorga el valor cultural reconegut.","robots":{"index":"index","follow":"follow","max-snippet":"max-snippet:-1","max-image-preview":"max-image-preview:large","max-video-preview":"max-video-preview:-1"},"canonical":"https:\/\/www.elturistatranquil.com\/ca\/baeza-monumental-jaen\/","og_locale":"ca_ES","og_type":"article","og_title":"Baeza monumental (Ja\u00e9n) - El turista tranquil","og_description":"Baeza i \u00dabeda (Ja\u00e9n) formen un conjunt de ciutats Patrimoni de la Humanitat de la UNESCO. Sobre l'alcassaba musulmana es va imposar l'estil renaixentista espanyol que li atorga el valor cultural reconegut.","og_url":"https:\/\/www.elturistatranquil.com\/ca\/baeza-monumental-jaen\/","og_site_name":"El turista tranquil","article_publisher":"https:\/\/www.facebook.com\/elturistatranquilo\/","article_published_time":"2019-02-09T10:00:41+00:00","article_modified_time":"2025-08-04T17:35:24+00:00","og_image":[{"width":800,"height":533,"url":"https:\/\/www.elturistatranquil.com\/wp-content\/uploads\/F000-Baeza.jpg","type":"image\/jpeg"}],"author":"admin","twitter_card":"summary_large_image","twitter_misc":{"Escrit per":"admin","Temps estimat de lectura":"31 minuts"},"schema":{"@context":"https:\/\/schema.org","@graph":[{"@type":"Article","@id":"https:\/\/www.elturistatranquil.com\/ca\/baeza-monumental-jaen\/#article","isPartOf":{"@id":"https:\/\/www.elturistatranquil.com\/ca\/baeza-monumental-jaen\/"},"author":{"name":"admin","@id":"https:\/\/www.elturistatranquil.com\/ca\/#\/schema\/person\/16f607c3079b96ed0c530a52e6b58bb5"},"headline":"Baeza monumental (Ja\u00e9n)","datePublished":"2019-02-09T10:00:41+00:00","dateModified":"2025-08-04T17:35:24+00:00","mainEntityOfPage":{"@id":"https:\/\/www.elturistatranquil.com\/ca\/baeza-monumental-jaen\/"},"wordCount":6407,"commentCount":0,"image":{"@id":"https:\/\/www.elturistatranquil.com\/ca\/baeza-monumental-jaen\/#primaryimage"},"thumbnailUrl":"https:\/\/www.elturistatranquil.com\/wp-content\/uploads\/F000-Baeza.jpg","articleSection":["Arquitectura civil","Arquitectura popular","Arquitectura religiosa","Barroc","Castells, Muralles","Ciutat","Conjunts hist\u00f2rics","Edat mitjana","G\u00f2tic","Hist\u00f2ria","Isl\u00e0mic","Ja\u00e9n","Monestirs, Catedrals","Mud\u00e8jar","Museus","Neocl\u00e0ssic, Romanticisme","Paisatge","Patrimoni econ\u00f2mic\/productiu","Patrimoni mundial","Pobles i ciutats amb inter\u00e9s","Prerom\u00e0","Recintes emmurallats","Renaixement","Rom\u00e0","Rom\u00e0nic","Segle XVI-XVII","Segle XVIII-XIX","Segle XX-XXI"],"inLanguage":"ca","potentialAction":[{"@type":"CommentAction","name":"Comment","target":["https:\/\/www.elturistatranquil.com\/ca\/baeza-monumental-jaen\/#respond"]}]},{"@type":"WebPage","@id":"https:\/\/www.elturistatranquil.com\/ca\/baeza-monumental-jaen\/","url":"https:\/\/www.elturistatranquil.com\/ca\/baeza-monumental-jaen\/","name":"Baeza monumental (Ja\u00e9n) - El turista tranquil","isPartOf":{"@id":"https:\/\/www.elturistatranquil.com\/ca\/#website"},"primaryImageOfPage":{"@id":"https:\/\/www.elturistatranquil.com\/ca\/baeza-monumental-jaen\/#primaryimage"},"image":{"@id":"https:\/\/www.elturistatranquil.com\/ca\/baeza-monumental-jaen\/#primaryimage"},"thumbnailUrl":"https:\/\/www.elturistatranquil.com\/wp-content\/uploads\/F000-Baeza.jpg","datePublished":"2019-02-09T10:00:41+00:00","dateModified":"2025-08-04T17:35:24+00:00","author":{"@id":"https:\/\/www.elturistatranquil.com\/ca\/#\/schema\/person\/16f607c3079b96ed0c530a52e6b58bb5"},"description":"Baeza i \u00dabeda (Ja\u00e9n) formen un conjunt de ciutats Patrimoni de la Humanitat de la UNESCO. Sobre l'alcassaba musulmana es va imposar l'estil renaixentista espanyol que li atorga el valor cultural reconegut.","breadcrumb":{"@id":"https:\/\/www.elturistatranquil.com\/ca\/baeza-monumental-jaen\/#breadcrumb"},"inLanguage":"ca","potentialAction":[{"@type":"ReadAction","target":["https:\/\/www.elturistatranquil.com\/ca\/baeza-monumental-jaen\/"]}]},{"@type":"ImageObject","inLanguage":"ca","@id":"https:\/\/www.elturistatranquil.com\/ca\/baeza-monumental-jaen\/#primaryimage","url":"https:\/\/www.elturistatranquil.com\/wp-content\/uploads\/F000-Baeza.jpg","contentUrl":"https:\/\/www.elturistatranquil.com\/wp-content\/uploads\/F000-Baeza.jpg","width":800,"height":533,"caption":"Baeza"},{"@type":"BreadcrumbList","@id":"https:\/\/www.elturistatranquil.com\/ca\/baeza-monumental-jaen\/#breadcrumb","itemListElement":[{"@type":"ListItem","position":1,"name":"Portada","item":"https:\/\/www.elturistatranquil.com\/ca\/"},{"@type":"ListItem","position":2,"name":"Baeza monumental (Ja\u00e9n)"}]},{"@type":"WebSite","@id":"https:\/\/www.elturistatranquil.com\/ca\/#website","url":"https:\/\/www.elturistatranquil.com\/ca\/","name":"El turista tranquil","description":"Blog de viatges","potentialAction":[{"@type":"SearchAction","target":{"@type":"EntryPoint","urlTemplate":"https:\/\/www.elturistatranquil.com\/ca\/?s={search_term_string}"},"query-input":{"@type":"PropertyValueSpecification","valueRequired":true,"valueName":"search_term_string"}}],"inLanguage":"ca"},{"@type":"Person","@id":"https:\/\/www.elturistatranquil.com\/ca\/#\/schema\/person\/16f607c3079b96ed0c530a52e6b58bb5","name":"admin","image":{"@type":"ImageObject","inLanguage":"ca","@id":"https:\/\/secure.gravatar.com\/avatar\/1fbaf22aee75fcbb29a2f97b107f95d25d3a19b7c3416105be10269872673e8d?s=96&d=mm&r=g","url":"https:\/\/secure.gravatar.com\/avatar\/1fbaf22aee75fcbb29a2f97b107f95d25d3a19b7c3416105be10269872673e8d?s=96&d=mm&r=g","contentUrl":"https:\/\/secure.gravatar.com\/avatar\/1fbaf22aee75fcbb29a2f97b107f95d25d3a19b7c3416105be10269872673e8d?s=96&d=mm&r=g","caption":"admin"}}]}},"_links":{"self":[{"href":"https:\/\/www.elturistatranquil.com\/ca\/wp-json\/wp\/v2\/posts\/12988","targetHints":{"allow":["GET"]}}],"collection":[{"href":"https:\/\/www.elturistatranquil.com\/ca\/wp-json\/wp\/v2\/posts"}],"about":[{"href":"https:\/\/www.elturistatranquil.com\/ca\/wp-json\/wp\/v2\/types\/post"}],"author":[{"embeddable":true,"href":"https:\/\/www.elturistatranquil.com\/ca\/wp-json\/wp\/v2\/users\/1"}],"replies":[{"embeddable":true,"href":"https:\/\/www.elturistatranquil.com\/ca\/wp-json\/wp\/v2\/comments?post=12988"}],"version-history":[{"count":1,"href":"https:\/\/www.elturistatranquil.com\/ca\/wp-json\/wp\/v2\/posts\/12988\/revisions"}],"predecessor-version":[{"id":60783,"href":"https:\/\/www.elturistatranquil.com\/ca\/wp-json\/wp\/v2\/posts\/12988\/revisions\/60783"}],"wp:featuredmedia":[{"embeddable":true,"href":"https:\/\/www.elturistatranquil.com\/ca\/wp-json\/wp\/v2\/media\/12986"}],"wp:attachment":[{"href":"https:\/\/www.elturistatranquil.com\/ca\/wp-json\/wp\/v2\/media?parent=12988"}],"wp:term":[{"taxonomy":"category","embeddable":true,"href":"https:\/\/www.elturistatranquil.com\/ca\/wp-json\/wp\/v2\/categories?post=12988"},{"taxonomy":"post_tag","embeddable":true,"href":"https:\/\/www.elturistatranquil.com\/ca\/wp-json\/wp\/v2\/tags?post=12988"}],"curies":[{"name":"wp","href":"https:\/\/api.w.org\/{rel}","templated":true}]}}