{"id":13623,"date":"2019-02-23T10:42:24","date_gmt":"2019-02-23T09:42:24","guid":{"rendered":"https:\/\/www.elturistatranquil.com\/?p=13623"},"modified":"2025-08-04T19:34:52","modified_gmt":"2025-08-04T17:34:52","slug":"ubeda-monumental-jaen","status":"publish","type":"post","link":"https:\/\/www.elturistatranquil.com\/ca\/ubeda-monumental-jaen\/","title":{"rendered":"\u00dabeda monumental (Ja\u00e9n)"},"content":{"rendered":"\t\t<div data-elementor-type=\"wp-post\" data-elementor-id=\"13623\" class=\"elementor elementor-13623 elementor-13331 elementor-bc-flex-widget\" data-elementor-post-type=\"post\">\n\t\t\t\t\t\t<section class=\"elementor-section elementor-top-section elementor-element elementor-element-cb9dbc7 elementor-section-boxed elementor-section-height-default elementor-section-height-default\" data-id=\"cb9dbc7\" data-element_type=\"section\" data-e-type=\"section\">\n\t\t\t\t\t\t<div class=\"elementor-container elementor-column-gap-default\">\n\t\t\t\t\t<div class=\"elementor-column elementor-col-100 elementor-top-column elementor-element elementor-element-1262e33\" data-id=\"1262e33\" data-element_type=\"column\" data-e-type=\"column\">\n\t\t\t<div class=\"elementor-widget-wrap elementor-element-populated\">\n\t\t\t\t\t\t<section class=\"elementor-section elementor-inner-section elementor-element elementor-element-7b6c8424 elementor-section-content-middle elementor-section-boxed elementor-section-height-default elementor-section-height-default\" data-id=\"7b6c8424\" data-element_type=\"section\" data-e-type=\"section\">\n\t\t\t\t\t\t<div class=\"elementor-container elementor-column-gap-default\">\n\t\t\t\t\t<div class=\"elementor-column elementor-col-100 elementor-inner-column elementor-element elementor-element-3bd47fd\" data-id=\"3bd47fd\" data-element_type=\"column\" data-e-type=\"column\">\n\t\t\t<div class=\"elementor-widget-wrap elementor-element-populated\">\n\t\t\t\t\t\t<div class=\"elementor-element elementor-element-4d16701b elementor-widget elementor-widget-text-editor\" data-id=\"4d16701b\" data-element_type=\"widget\" data-e-type=\"widget\" data-widget_type=\"text-editor.default\">\n\t\t\t\t<div class=\"elementor-widget-container\">\n\t\t\t\t\t\t\t\t\t<p><em>\u00dabeda <\/em>i Baeza (Ja\u00e9n) formen un conjunt de ciutats Patrimoni de la Humanitat de la UNESCO. Sobre l&#8217;alcassaba musulmana es va imposar l&#8217;estil renaixentista espanyol que li atorga el valor cultural reconegut.<\/p>\t\t\t\t\t\t\t\t<\/div>\n\t\t\t\t<\/div>\n\t\t\t\t\t<\/div>\n\t\t<\/div>\n\t\t\t\t\t<\/div>\n\t\t<\/section>\n\t\t\t\t<div class=\"elementor-element elementor-element-57c5e7d6 elementor-widget elementor-widget-heading\" data-id=\"57c5e7d6\" data-element_type=\"widget\" data-e-type=\"widget\" data-widget_type=\"heading.default\">\n\t\t\t\t<div class=\"elementor-widget-container\">\n\t\t\t\t\t<h1 class=\"elementor-heading-title elementor-size-default\">\u00dabeda monumental (Ja\u00e9n)<\/h1>\t\t\t\t<\/div>\n\t\t\t\t<\/div>\n\t\t\t\t\t<\/div>\n\t\t<\/div>\n\t\t\t\t\t<\/div>\n\t\t<\/section>\n\t\t\t\t<section class=\"elementor-section elementor-top-section elementor-element elementor-element-502f592a elementor-section-boxed elementor-section-height-default elementor-section-height-default\" data-id=\"502f592a\" data-element_type=\"section\" data-e-type=\"section\">\n\t\t\t\t\t\t<div class=\"elementor-container elementor-column-gap-default\">\n\t\t\t\t\t<div class=\"elementor-column elementor-col-100 elementor-top-column elementor-element elementor-element-5de84142\" data-id=\"5de84142\" data-element_type=\"column\" data-e-type=\"column\">\n\t\t\t<div class=\"elementor-widget-wrap elementor-element-populated\">\n\t\t\t\t\t\t<div class=\"elementor-element elementor-element-7aba597d elementor-widget elementor-widget-image\" data-id=\"7aba597d\" data-element_type=\"widget\" data-e-type=\"widget\" data-widget_type=\"image.default\">\n\t\t\t\t<div class=\"elementor-widget-container\">\n\t\t\t\t\t\t\t\t\t\t\t\t<figure class=\"wp-caption\">\n\t\t\t\t\t\t\t\t\t\t<img fetchpriority=\"high\" decoding=\"async\" width=\"800\" height=\"533\" src=\"https:\/\/www.elturistatranquil.com\/wp-content\/uploads\/F01-Ubeda-Google-earth-2019-02-09-1.jpg\" class=\"attachment-large size-large wp-image-13625\" alt=\"\" srcset=\"https:\/\/www.elturistatranquil.com\/wp-content\/uploads\/F01-Ubeda-Google-earth-2019-02-09-1.jpg 800w, https:\/\/www.elturistatranquil.com\/wp-content\/uploads\/F01-Ubeda-Google-earth-2019-02-09-1-768x512.jpg 768w\" sizes=\"(max-width: 800px) 100vw, 800px\" \/>\t\t\t\t\t\t\t\t\t\t\t<figcaption class=\"widget-image-caption wp-caption-text\">\u00dabeda (Google earth 2019-02-09)<\/figcaption>\n\t\t\t\t\t\t\t\t\t\t<\/figure>\n\t\t\t\t\t\t\t\t\t<\/div>\n\t\t\t\t<\/div>\n\t\t\t\t<div class=\"elementor-element elementor-element-3489694f elementor-widget elementor-widget-spacer\" data-id=\"3489694f\" data-element_type=\"widget\" data-e-type=\"widget\" data-widget_type=\"spacer.default\">\n\t\t\t\t<div class=\"elementor-widget-container\">\n\t\t\t\t\t\t\t<div class=\"elementor-spacer\">\n\t\t\t<div class=\"elementor-spacer-inner\"><\/div>\n\t\t<\/div>\n\t\t\t\t\t\t<\/div>\n\t\t\t\t<\/div>\n\t\t\t\t<div class=\"elementor-element elementor-element-19399664 elementor-widget elementor-widget-heading\" data-id=\"19399664\" data-element_type=\"widget\" data-e-type=\"widget\" data-widget_type=\"heading.default\">\n\t\t\t\t<div class=\"elementor-widget-container\">\n\t\t\t\t\t<h2 class=\"elementor-heading-title elementor-size-default\">\u00dabeda monumental, La Loma, Ja\u00e9n<\/h2>\t\t\t\t<\/div>\n\t\t\t\t<\/div>\n\t\t\t\t<section class=\"elementor-section elementor-inner-section elementor-element elementor-element-13630bd1 elementor-section-boxed elementor-section-height-default elementor-section-height-default\" data-id=\"13630bd1\" data-element_type=\"section\" data-e-type=\"section\" data-settings=\"{&quot;background_background&quot;:&quot;classic&quot;}\">\n\t\t\t\t\t\t\t<div class=\"elementor-background-overlay\"><\/div>\n\t\t\t\t\t\t\t<div class=\"elementor-container elementor-column-gap-default\">\n\t\t\t\t\t<div class=\"elementor-column elementor-col-100 elementor-inner-column elementor-element elementor-element-16da61ac\" data-id=\"16da61ac\" data-element_type=\"column\" data-e-type=\"column\" data-settings=\"{&quot;background_background&quot;:&quot;classic&quot;}\">\n\t\t\t<div class=\"elementor-widget-wrap elementor-element-populated\">\n\t\t\t\t\t\t<div class=\"elementor-element elementor-element-63fd3350 elementor-widget elementor-widget-text-editor\" data-id=\"63fd3350\" data-element_type=\"widget\" data-e-type=\"widget\" data-widget_type=\"text-editor.default\">\n\t\t\t\t<div class=\"elementor-widget-container\">\n\t\t\t\t\t\t\t\t\t<p>\u00dabeda. Comarca: La Loma. Prov\u00edncia: Ja\u00e9n. Com. Aut\u00f2noma: Andalusia<\/p>\t\t\t\t\t\t\t\t<\/div>\n\t\t\t\t<\/div>\n\t\t\t\t<div class=\"elementor-element elementor-element-210749db elementor-widget elementor-widget-text-editor\" data-id=\"210749db\" data-element_type=\"widget\" data-e-type=\"widget\" data-widget_type=\"text-editor.default\">\n\t\t\t\t<div class=\"elementor-widget-container\">\n\t\t\t\t\t\t\t\t\t<p>Coordenades: 38\u00b000\u203242\u2033N 3\u00b022\u203218\u2033O. Altitud: 751 msnm. Poblaci\u00f3: 34.603 en el municipi; 33.413 en la localidad\u00a0(2018)<\/p>\t\t\t\t\t\t\t\t<\/div>\n\t\t\t\t<\/div>\n\t\t\t\t<div class=\"elementor-element elementor-element-6f021e81 elementor-widget elementor-widget-text-editor\" data-id=\"6f021e81\" data-element_type=\"widget\" data-e-type=\"widget\" data-widget_type=\"text-editor.default\">\n\t\t\t\t<div class=\"elementor-widget-container\">\n\t\t\t\t\t\t\t\t\t<p>Web:\u00a0<a href=\"http:\/\/www.baeza.es\/baeza\/extranet\/\" target=\"_blank\" rel=\"noopener\">Turismodeubeda<\/a><\/p>\t\t\t\t\t\t\t\t<\/div>\n\t\t\t\t<\/div>\n\t\t\t\t<div class=\"elementor-element elementor-element-2c4616bd elementor-widget elementor-widget-text-editor\" data-id=\"2c4616bd\" data-element_type=\"widget\" data-e-type=\"widget\" data-widget_type=\"text-editor.default\">\n\t\t\t\t<div class=\"elementor-widget-container\">\n\t\t\t\t\t\t\t\t\t<p>Ciutat Patrimoni de la Humanitat (2003) conjuntament amb Baeza<\/p>\t\t\t\t\t\t\t\t<\/div>\n\t\t\t\t<\/div>\n\t\t\t\t<div class=\"elementor-element elementor-element-467468d3 elementor-widget elementor-widget-text-editor\" data-id=\"467468d3\" data-element_type=\"widget\" data-e-type=\"widget\" data-widget_type=\"text-editor.default\">\n\t\t\t\t<div class=\"elementor-widget-container\">\n\t\t\t\t\t\t\t\t\t<p>Visita: 2018<\/p>\t\t\t\t\t\t\t\t<\/div>\n\t\t\t\t<\/div>\n\t\t\t\t\t<\/div>\n\t\t<\/div>\n\t\t\t\t\t<\/div>\n\t\t<\/section>\n\t\t\t\t<div class=\"elementor-element elementor-element-12a586a8 elementor-widget elementor-widget-image\" data-id=\"12a586a8\" data-element_type=\"widget\" data-e-type=\"widget\" data-widget_type=\"image.default\">\n\t\t\t\t<div class=\"elementor-widget-container\">\n\t\t\t\t\t\t\t\t\t\t\t\t<figure class=\"wp-caption\">\n\t\t\t\t\t\t\t\t\t\t<img decoding=\"async\" width=\"768\" height=\"513\" src=\"https:\/\/www.elturistatranquil.com\/wp-content\/uploads\/F02-Ubeda-Google-maps-2019-0211-1-768x513.jpg\" class=\"attachment-medium_large size-medium_large wp-image-13627\" alt=\"\" srcset=\"https:\/\/www.elturistatranquil.com\/wp-content\/uploads\/F02-Ubeda-Google-maps-2019-0211-1-768x513.jpg 768w, https:\/\/www.elturistatranquil.com\/wp-content\/uploads\/F02-Ubeda-Google-maps-2019-0211-1.jpg 800w\" sizes=\"(max-width: 768px) 100vw, 768px\" \/>\t\t\t\t\t\t\t\t\t\t\t<figcaption class=\"widget-image-caption wp-caption-text\">Mapa de situaci\u00f3 d\u2019\u00dabeda (Google maps 2019-02-11)<\/figcaption>\n\t\t\t\t\t\t\t\t\t\t<\/figure>\n\t\t\t\t\t\t\t\t\t<\/div>\n\t\t\t\t<\/div>\n\t\t\t\t<section class=\"elementor-section elementor-inner-section elementor-element elementor-element-16656e7d elementor-section-boxed elementor-section-height-default elementor-section-height-default\" data-id=\"16656e7d\" data-element_type=\"section\" data-e-type=\"section\" data-settings=\"{&quot;background_background&quot;:&quot;classic&quot;}\">\n\t\t\t\t\t\t<div class=\"elementor-container elementor-column-gap-default\">\n\t\t\t\t\t<div class=\"elementor-column elementor-col-100 elementor-inner-column elementor-element elementor-element-1af22a9d\" data-id=\"1af22a9d\" data-element_type=\"column\" data-e-type=\"column\">\n\t\t\t<div class=\"elementor-widget-wrap elementor-element-populated\">\n\t\t\t\t\t\t<div class=\"elementor-element elementor-element-6325c52a elementor-widget elementor-widget-text-editor\" data-id=\"6325c52a\" data-element_type=\"widget\" data-e-type=\"widget\" data-widget_type=\"text-editor.default\">\n\t\t\t\t<div class=\"elementor-widget-container\">\n\t\t\t\t\t\t\t\t\t<h6>\u00cdndex<\/h6>\t\t\t\t\t\t\t\t<\/div>\n\t\t\t\t<\/div>\n\t\t\t\t<div class=\"elementor-element elementor-element-196f118 elementor-widget elementor-widget-text-editor\" data-id=\"196f118\" data-element_type=\"widget\" data-e-type=\"widget\" data-widget_type=\"text-editor.default\">\n\t\t\t\t<div class=\"elementor-widget-container\">\n\t\t\t\t\t\t\t\t\t<p><a href=\"https:\/\/www.elturistatranquil.com\/ca\/ubeda-monumental-(jaen)\/#c2501\">\u00dabeda monumental, La Loma, Ja\u00e9n<\/a><\/p>\t\t\t\t\t\t\t\t<\/div>\n\t\t\t\t<\/div>\n\t\t\t\t<div class=\"elementor-element elementor-element-69ccaa61 elementor-widget elementor-widget-text-editor\" data-id=\"69ccaa61\" data-element_type=\"widget\" data-e-type=\"widget\" data-widget_type=\"text-editor.default\">\n\t\t\t\t<div class=\"elementor-widget-container\">\n\t\t\t\t\t\t\t\t\t<p><a href=\"https:\/\/www.elturistatranquil.com\/ca\/ubeda-monumental-(jaen)\/#c2502\">El territori<\/a><\/p>\t\t\t\t\t\t\t\t<\/div>\n\t\t\t\t<\/div>\n\t\t\t\t<div class=\"elementor-element elementor-element-38e26c25 elementor-widget elementor-widget-text-editor\" data-id=\"38e26c25\" data-element_type=\"widget\" data-e-type=\"widget\" data-widget_type=\"text-editor.default\">\n\t\t\t\t<div class=\"elementor-widget-container\">\n\t\t\t\t\t\t\t\t\t<p><a href=\"https:\/\/www.elturistatranquil.com\/ca\/ubeda-monumental-(jaen)\/#c2503\">Una mica d&#8217;hist\u00f2ria<\/a><\/p>\t\t\t\t\t\t\t\t<\/div>\n\t\t\t\t<\/div>\n\t\t\t\t<div class=\"elementor-element elementor-element-7c1ce759 elementor-widget elementor-widget-text-editor\" data-id=\"7c1ce759\" data-element_type=\"widget\" data-e-type=\"widget\" data-widget_type=\"text-editor.default\">\n\t\t\t\t<div class=\"elementor-widget-container\">\n\t\t\t\t\t\t\t\t\t<p><a href=\"https:\/\/www.elturistatranquil.com\/ca\/ubeda-monumental-(jaen)\/#c2504\">Recorregut per \u00dabeda<\/a><\/p>\t\t\t\t\t\t\t\t<\/div>\n\t\t\t\t<\/div>\n\t\t\t\t<div class=\"elementor-element elementor-element-65f40742 elementor-widget elementor-widget-text-editor\" data-id=\"65f40742\" data-element_type=\"widget\" data-e-type=\"widget\" data-widget_type=\"text-editor.default\">\n\t\t\t\t<div class=\"elementor-widget-container\">\n\t\t\t\t\t\t\t\t\t<p><a href=\"https:\/\/www.elturistatranquil.com\/ca\/ubeda-monumental-(jaen)\/#c2505\">Muralla del recinte<\/a><\/p>\t\t\t\t\t\t\t\t<\/div>\n\t\t\t\t<\/div>\n\t\t\t\t<div class=\"elementor-element elementor-element-5a56c07 elementor-widget elementor-widget-text-editor\" data-id=\"5a56c07\" data-element_type=\"widget\" data-e-type=\"widget\" data-widget_type=\"text-editor.default\">\n\t\t\t\t<div class=\"elementor-widget-container\">\n\t\t\t\t\t\t\t\t\t<p style=\"padding-left: 90px;\"><a href=\"https:\/\/www.elturistatranquil.com\/ca\/ubeda-monumental-(jaen)\/#c2505a\">Convent de la Concepci\u00f3n<\/a><\/p>\t\t\t\t\t\t\t\t<\/div>\n\t\t\t\t<\/div>\n\t\t\t\t<div class=\"elementor-element elementor-element-fa46c21 elementor-widget elementor-widget-text-editor\" data-id=\"fa46c21\" data-element_type=\"widget\" data-e-type=\"widget\" data-widget_type=\"text-editor.default\">\n\t\t\t\t<div class=\"elementor-widget-container\">\n\t\t\t\t\t\t\t\t\t<p style=\"padding-left: 90px;\"><a href=\"https:\/\/www.elturistatranquil.com\/ca\/ubeda-monumental-(jaen)\/#c2505b\">Palau de Jos\u00e9 Luis de la Cueva<\/a><\/p>\t\t\t\t\t\t\t\t<\/div>\n\t\t\t\t<\/div>\n\t\t\t\t<div class=\"elementor-element elementor-element-2691bf6a elementor-widget elementor-widget-text-editor\" data-id=\"2691bf6a\" data-element_type=\"widget\" data-e-type=\"widget\" data-widget_type=\"text-editor.default\">\n\t\t\t\t<div class=\"elementor-widget-container\">\n\t\t\t\t\t\t\t\t\t<p><a href=\"https:\/\/www.elturistatranquil.com\/ca\/ubeda-monumental-(jaen)\/#c2506\">La ciutat monumental<\/a><\/p>\t\t\t\t\t\t\t\t<\/div>\n\t\t\t\t<\/div>\n\t\t\t\t<div class=\"elementor-element elementor-element-5882068e elementor-widget elementor-widget-text-editor\" data-id=\"5882068e\" data-element_type=\"widget\" data-e-type=\"widget\" data-widget_type=\"text-editor.default\">\n\t\t\t\t<div class=\"elementor-widget-container\">\n\t\t\t\t\t\t\t\t\t<p><a href=\"https:\/\/www.elturistatranquil.com\/ca\/ubeda-monumental-(jaen)\/#c2507\">Zona I. Entrada pel carrer Santa Luc\u00eda<\/a><\/p>\t\t\t\t\t\t\t\t<\/div>\n\t\t\t\t<\/div>\n\t\t\t\t<div class=\"elementor-element elementor-element-3acefb4b elementor-widget elementor-widget-text-editor\" data-id=\"3acefb4b\" data-element_type=\"widget\" data-e-type=\"widget\" data-widget_type=\"text-editor.default\">\n\t\t\t\t<div class=\"elementor-widget-container\">\n\t\t\t\t\t\t\t\t\t<p style=\"padding-left: 60px;\"><a href=\"https:\/\/www.elturistatranquil.com\/ca\/ubeda-monumental-(jaen)\/#c2508\">Hospital de los Honrados Viejos del Salvador<\/a><\/p>\t\t\t\t\t\t\t\t<\/div>\n\t\t\t\t<\/div>\n\t\t\t\t<div class=\"elementor-element elementor-element-2a19d54b elementor-widget elementor-widget-text-editor\" data-id=\"2a19d54b\" data-element_type=\"widget\" data-e-type=\"widget\" data-widget_type=\"text-editor.default\">\n\t\t\t\t<div class=\"elementor-widget-container\">\n\t\t\t\t\t\t\t\t\t<p style=\"padding-left: 60px;\"><a href=\"https:\/\/www.elturistatranquil.com\/ca\/ubeda-monumental-(jaen)\/#c2509\">Sacra Capilla del Salvador<\/a><\/p>\t\t\t\t\t\t\t\t<\/div>\n\t\t\t\t<\/div>\n\t\t\t\t<div class=\"elementor-element elementor-element-4ce5ffdb elementor-widget elementor-widget-text-editor\" data-id=\"4ce5ffdb\" data-element_type=\"widget\" data-e-type=\"widget\" data-widget_type=\"text-editor.default\">\n\t\t\t\t<div class=\"elementor-widget-container\">\n\t\t\t\t\t\t\t\t\t<p style=\"padding-left: 60px;\"><a href=\"https:\/\/www.elturistatranquil.com\/ca\/ubeda-monumental-(jaen)\/#c2510\">Palau Francisco de los Cobos<\/a><\/p>\t\t\t\t\t\t\t\t<\/div>\n\t\t\t\t<\/div>\n\t\t\t\t<div class=\"elementor-element elementor-element-26f1062c elementor-widget elementor-widget-text-editor\" data-id=\"26f1062c\" data-element_type=\"widget\" data-e-type=\"widget\" data-widget_type=\"text-editor.default\">\n\t\t\t\t<div class=\"elementor-widget-container\">\n\t\t\t\t\t\t\t\t\t<p style=\"padding-left: 60px;\"><a href=\"https:\/\/www.elturistatranquil.com\/ca\/ubeda-monumental-(jaen)\/#c2511\">Palau del De\u00e1n Ortega<\/a><\/p>\t\t\t\t\t\t\t\t<\/div>\n\t\t\t\t<\/div>\n\t\t\t\t<div class=\"elementor-element elementor-element-4301d5ac elementor-widget elementor-widget-text-editor\" data-id=\"4301d5ac\" data-element_type=\"widget\" data-e-type=\"widget\" data-widget_type=\"text-editor.default\">\n\t\t\t\t<div class=\"elementor-widget-container\">\n\t\t\t\t\t\t\t\t\t<p style=\"padding-left: 60px;\"><a href=\"https:\/\/www.elturistatranquil.com\/ca\/ubeda-monumental-(jaen)\/#c2512\">Palau Juan V\u00e1zquez de Molina o Palau de las Cadenas<\/a><\/p>\t\t\t\t\t\t\t\t<\/div>\n\t\t\t\t<\/div>\n\t\t\t\t<div class=\"elementor-element elementor-element-62dc3157 elementor-widget elementor-widget-text-editor\" data-id=\"62dc3157\" data-element_type=\"widget\" data-e-type=\"widget\" data-widget_type=\"text-editor.default\">\n\t\t\t\t<div class=\"elementor-widget-container\">\n\t\t\t\t\t\t\t\t\t<p style=\"padding-left: 60px;\"><a href=\"https:\/\/www.elturistatranquil.com\/ca\/ubeda-monumental-(jaen)\/#c2513\">Bas\u00edlica de Santa Mar\u00eda de los Reales Alc\u00e1zares<\/a><\/p>\t\t\t\t\t\t\t\t<\/div>\n\t\t\t\t<\/div>\n\t\t\t\t<div class=\"elementor-element elementor-element-447ad13e elementor-widget elementor-widget-text-editor\" data-id=\"447ad13e\" data-element_type=\"widget\" data-e-type=\"widget\" data-widget_type=\"text-editor.default\">\n\t\t\t\t<div class=\"elementor-widget-container\">\n\t\t\t\t\t\t\t\t\t<p><a href=\"https:\/\/www.elturistatranquil.com\/ca\/ubeda-monumental-(jaen)\/#c2514\">Zona II<\/a><\/p>\t\t\t\t\t\t\t\t<\/div>\n\t\t\t\t<\/div>\n\t\t\t\t<div class=\"elementor-element elementor-element-48b29b9f elementor-widget elementor-widget-text-editor\" data-id=\"48b29b9f\" data-element_type=\"widget\" data-e-type=\"widget\" data-widget_type=\"text-editor.default\">\n\t\t\t\t<div class=\"elementor-widget-container\">\n\t\t\t\t\t\t\t\t\t<p style=\"padding-left: 60px;\"><a href=\"https:\/\/www.elturistatranquil.com\/ca\/ubeda-monumental-(jaen)\/#c2515\">Puerta de Granada<\/a><\/p>\t\t\t\t\t\t\t\t<\/div>\n\t\t\t\t<\/div>\n\t\t\t\t<div class=\"elementor-element elementor-element-7323861d elementor-widget elementor-widget-text-editor\" data-id=\"7323861d\" data-element_type=\"widget\" data-e-type=\"widget\" data-widget_type=\"text-editor.default\">\n\t\t\t\t<div class=\"elementor-widget-container\">\n\t\t\t\t\t\t\t\t\t<p style=\"padding-left: 60px;\"><a href=\"https:\/\/www.elturistatranquil.com\/ca\/ubeda-monumental-(jaen)\/#c2516\">Casa de las Torres<\/a><\/p>\t\t\t\t\t\t\t\t<\/div>\n\t\t\t\t<\/div>\n\t\t\t\t<div class=\"elementor-element elementor-element-170a1b91 elementor-widget elementor-widget-text-editor\" data-id=\"170a1b91\" data-element_type=\"widget\" data-e-type=\"widget\" data-widget_type=\"text-editor.default\">\n\t\t\t\t<div class=\"elementor-widget-container\">\n\t\t\t\t\t\t\t\t\t<p style=\"padding-left: 60px;\"><a href=\"https:\/\/www.elturistatranquil.com\/ca\/ubeda-monumental-(jaen)\/#c2517\">Palau dels Medinilla<\/a><\/p>\t\t\t\t\t\t\t\t<\/div>\n\t\t\t\t<\/div>\n\t\t\t\t<div class=\"elementor-element elementor-element-5b8cca4d elementor-widget elementor-widget-text-editor\" data-id=\"5b8cca4d\" data-element_type=\"widget\" data-e-type=\"widget\" data-widget_type=\"text-editor.default\">\n\t\t\t\t<div class=\"elementor-widget-container\">\n\t\t\t\t\t\t\t\t\t<p style=\"padding-left: 60px;\"><a href=\"https:\/\/www.elturistatranquil.com\/ca\/ubeda-monumental-(jaen)\/#c2518\">Esgl\u00e9sia de Santo Domingo<\/a><\/p>\t\t\t\t\t\t\t\t<\/div>\n\t\t\t\t<\/div>\n\t\t\t\t<div class=\"elementor-element elementor-element-493bb587 elementor-widget elementor-widget-text-editor\" data-id=\"493bb587\" data-element_type=\"widget\" data-e-type=\"widget\" data-widget_type=\"text-editor.default\">\n\t\t\t\t<div class=\"elementor-widget-container\">\n\t\t\t\t\t\t\t\t\t<p style=\"padding-left: 60px;\"><a href=\"https:\/\/www.elturistatranquil.com\/ca\/ubeda-monumental-(jaen)\/#c2519\">Palau Marqu\u00e9s del Contadero<\/a><\/p>\t\t\t\t\t\t\t\t<\/div>\n\t\t\t\t<\/div>\n\t\t\t\t<div class=\"elementor-element elementor-element-345e614e elementor-widget elementor-widget-text-editor\" data-id=\"345e614e\" data-element_type=\"widget\" data-e-type=\"widget\" data-widget_type=\"text-editor.default\">\n\t\t\t\t<div class=\"elementor-widget-container\">\n\t\t\t\t\t\t\t\t\t<p style=\"padding-left: 60px;\"><a href=\"https:\/\/www.elturistatranquil.com\/ca\/ubeda-monumental-(jaen)\/#c2520\">Real Monasterio de Santa Clara<\/a><\/p>\t\t\t\t\t\t\t\t<\/div>\n\t\t\t\t<\/div>\n\t\t\t\t<div class=\"elementor-element elementor-element-1463ed2e elementor-widget elementor-widget-text-editor\" data-id=\"1463ed2e\" data-element_type=\"widget\" data-e-type=\"widget\" data-widget_type=\"text-editor.default\">\n\t\t\t\t<div class=\"elementor-widget-container\">\n\t\t\t\t\t\t\t\t\t<p><a href=\"https:\/\/www.elturistatranquil.com\/ca\/ubeda-monumental-(jaen)\/#c2521\">Zona III<\/a><\/p>\t\t\t\t\t\t\t\t<\/div>\n\t\t\t\t<\/div>\n\t\t\t\t<div class=\"elementor-element elementor-element-53a47064 elementor-widget elementor-widget-text-editor\" data-id=\"53a47064\" data-element_type=\"widget\" data-e-type=\"widget\" data-widget_type=\"text-editor.default\">\n\t\t\t\t<div class=\"elementor-widget-container\">\n\t\t\t\t\t\t\t\t\t<p style=\"padding-left: 60px;\"><a href=\"https:\/\/www.elturistatranquil.com\/ca\/ubeda-monumental-(jaen)\/#c2522\">Ayuntamiento viejo<\/a><\/p>\t\t\t\t\t\t\t\t<\/div>\n\t\t\t\t<\/div>\n\t\t\t\t<div class=\"elementor-element elementor-element-b14a84c elementor-widget elementor-widget-text-editor\" data-id=\"b14a84c\" data-element_type=\"widget\" data-e-type=\"widget\" data-widget_type=\"text-editor.default\">\n\t\t\t\t<div class=\"elementor-widget-container\">\n\t\t\t\t\t\t\t\t\t<p style=\"padding-left: 60px;\"><a href=\"https:\/\/www.elturistatranquil.com\/ca\/ubeda-monumental-(jaen)\/#c2523\">Esgl\u00e9sia de San Pablo<\/a><\/p>\t\t\t\t\t\t\t\t<\/div>\n\t\t\t\t<\/div>\n\t\t\t\t<div class=\"elementor-element elementor-element-3636544 elementor-widget elementor-widget-text-editor\" data-id=\"3636544\" data-element_type=\"widget\" data-e-type=\"widget\" data-widget_type=\"text-editor.default\">\n\t\t\t\t<div class=\"elementor-widget-container\">\n\t\t\t\t\t\t\t\t\t<p style=\"padding-left: 60px;\"><a href=\"https:\/\/www.elturistatranquil.com\/ca\/ubeda-monumental-(jaen)\/#c2524\">Museu Arqueol\u00f3gico.\u00a0Casa Mud\u00e9jar<\/a><\/p>\t\t\t\t\t\t\t\t<\/div>\n\t\t\t\t<\/div>\n\t\t\t\t<div class=\"elementor-element elementor-element-49a29644 elementor-widget elementor-widget-text-editor\" data-id=\"49a29644\" data-element_type=\"widget\" data-e-type=\"widget\" data-widget_type=\"text-editor.default\">\n\t\t\t\t<div class=\"elementor-widget-container\">\n\t\t\t\t\t\t\t\t\t<p style=\"padding-left: 60px;\"><a href=\"https:\/\/www.elturistatranquil.com\/ca\/ubeda-monumental-(jaen)\/#c2525\">Sinagoga del Agua<\/a><\/p>\t\t\t\t\t\t\t\t<\/div>\n\t\t\t\t<\/div>\n\t\t\t\t<div class=\"elementor-element elementor-element-69f1220d elementor-widget elementor-widget-text-editor\" data-id=\"69f1220d\" data-element_type=\"widget\" data-e-type=\"widget\" data-widget_type=\"text-editor.default\">\n\t\t\t\t<div class=\"elementor-widget-container\">\n\t\t\t\t\t\t\t\t\t<p style=\"padding-left: 60px;\"><a href=\"https:\/\/www.elturistatranquil.com\/ca\/ubeda-monumental-(jaen)\/#c2526\">Palau del Conde de Guadiana<\/a><\/p>\t\t\t\t\t\t\t\t<\/div>\n\t\t\t\t<\/div>\n\t\t\t\t<div class=\"elementor-element elementor-element-7d503628 elementor-widget elementor-widget-text-editor\" data-id=\"7d503628\" data-element_type=\"widget\" data-e-type=\"widget\" data-widget_type=\"text-editor.default\">\n\t\t\t\t<div class=\"elementor-widget-container\">\n\t\t\t\t\t\t\t\t\t<p><a href=\"https:\/\/www.elturistatranquil.com\/ca\/ubeda-monumental-(jaen)\/#c2527\">Zona IV<\/a><\/p>\t\t\t\t\t\t\t\t<\/div>\n\t\t\t\t<\/div>\n\t\t\t\t<div class=\"elementor-element elementor-element-146b0632 elementor-widget elementor-widget-text-editor\" data-id=\"146b0632\" data-element_type=\"widget\" data-e-type=\"widget\" data-widget_type=\"text-editor.default\">\n\t\t\t\t<div class=\"elementor-widget-container\">\n\t\t\t\t\t\t\t\t\t<p style=\"padding-left: 60px;\"><a href=\"https:\/\/www.elturistatranquil.com\/ca\/ubeda-monumental-(jaen)\/#c2528\">Esgl\u00e9sia de la Trinidad<\/a><\/p>\t\t\t\t\t\t\t\t<\/div>\n\t\t\t\t<\/div>\n\t\t\t\t<div class=\"elementor-element elementor-element-54e0a8e8 elementor-widget elementor-widget-text-editor\" data-id=\"54e0a8e8\" data-element_type=\"widget\" data-e-type=\"widget\" data-widget_type=\"text-editor.default\">\n\t\t\t\t<div class=\"elementor-widget-container\">\n\t\t\t\t\t\t\t\t\t<p style=\"padding-left: 60px;\"><a href=\"https:\/\/www.elturistatranquil.com\/ca\/ubeda-monumental-(jaen)\/#c2529\">Torre del Reloj y Plaza de Andaluc\u00eda<\/a><\/p>\t\t\t\t\t\t\t\t<\/div>\n\t\t\t\t<\/div>\n\t\t\t\t<div class=\"elementor-element elementor-element-2d48bfd2 elementor-widget elementor-widget-text-editor\" data-id=\"2d48bfd2\" data-element_type=\"widget\" data-e-type=\"widget\" data-widget_type=\"text-editor.default\">\n\t\t\t\t<div class=\"elementor-widget-container\">\n\t\t\t\t\t\t\t\t\t<p style=\"padding-left: 60px;\"><a href=\"https:\/\/www.elturistatranquil.com\/ca\/ubeda-monumental-(jaen)\/#c2530\">Sede UNED<\/a><\/p>\t\t\t\t\t\t\t\t<\/div>\n\t\t\t\t<\/div>\n\t\t\t\t<div class=\"elementor-element elementor-element-1527e638 elementor-widget elementor-widget-text-editor\" data-id=\"1527e638\" data-element_type=\"widget\" data-e-type=\"widget\" data-widget_type=\"text-editor.default\">\n\t\t\t\t<div class=\"elementor-widget-container\">\n\t\t\t\t\t\t\t\t\t<p style=\"padding-left: 60px;\"><a href=\"https:\/\/www.elturistatranquil.com\/ca\/ubeda-monumental-(jaen)\/#c2531\">Esgl\u00e9sia de San Isidoro<\/a><\/p>\t\t\t\t\t\t\t\t<\/div>\n\t\t\t\t<\/div>\n\t\t\t\t<div class=\"elementor-element elementor-element-53a7ed3e elementor-widget elementor-widget-menu-anchor\" data-id=\"53a7ed3e\" data-element_type=\"widget\" data-e-type=\"widget\" data-widget_type=\"menu-anchor.default\">\n\t\t\t\t<div class=\"elementor-widget-container\">\n\t\t\t\t\t\t\t<div class=\"elementor-menu-anchor\" id=\"c2501\"><\/div>\n\t\t\t\t\t\t<\/div>\n\t\t\t\t<\/div>\n\t\t\t\t<div class=\"elementor-element elementor-element-6b32421f elementor-widget elementor-widget-text-editor\" data-id=\"6b32421f\" data-element_type=\"widget\" data-e-type=\"widget\" data-widget_type=\"text-editor.default\">\n\t\t\t\t<div class=\"elementor-widget-container\">\n\t\t\t\t\t\t\t\t\t<p style=\"padding-left: 60px;\"><a href=\"https:\/\/www.elturistatranquil.com\/ca\/ubeda-monumental-(jaen)\/#c2532\">Carrer Obispo Cobos i Carrer Mesones<\/a><\/p>\t\t\t\t\t\t\t\t<\/div>\n\t\t\t\t<\/div>\n\t\t\t\t<div class=\"elementor-element elementor-element-4ecf74ad elementor-widget elementor-widget-text-editor\" data-id=\"4ecf74ad\" data-element_type=\"widget\" data-e-type=\"widget\" data-widget_type=\"text-editor.default\">\n\t\t\t\t<div class=\"elementor-widget-container\">\n\t\t\t\t\t\t\t\t\t<p style=\"padding-left: 60px;\"><a href=\"https:\/\/www.elturistatranquil.com\/ca\/ubeda-monumental-(jaen)\/#c2533\">Hospital de Santiago<\/a><\/p>\t\t\t\t\t\t\t\t<\/div>\n\t\t\t\t<\/div>\n\t\t\t\t<div class=\"elementor-element elementor-element-2c9f8fcb elementor-widget elementor-widget-text-editor\" data-id=\"2c9f8fcb\" data-element_type=\"widget\" data-e-type=\"widget\" data-widget_type=\"text-editor.default\">\n\t\t\t\t<div class=\"elementor-widget-container\">\n\t\t\t\t\t\t\t\t\t<p><a href=\"https:\/\/www.elturistatranquil.com\/ca\/ubeda-monumental-(jaen)\/#c2534\">\u201cIrse por los cerros de \u00dabeda\u201d<\/a><\/p>\t\t\t\t\t\t\t\t<\/div>\n\t\t\t\t<\/div>\n\t\t\t\t<div class=\"elementor-element elementor-element-5029d517 elementor-widget elementor-widget-text-editor\" data-id=\"5029d517\" data-element_type=\"widget\" data-e-type=\"widget\" data-widget_type=\"text-editor.default\">\n\t\t\t\t<div class=\"elementor-widget-container\">\n\t\t\t\t\t\t\t\t\t<p><a href=\"https:\/\/www.elturistatranquil.com\/ca\/ubeda-monumental-(jaen)\/#c2535\">Fi de la visita<\/a><\/p>\t\t\t\t\t\t\t\t<\/div>\n\t\t\t\t<\/div>\n\t\t\t\t<div class=\"elementor-element elementor-element-5ddf2697 elementor-widget elementor-widget-text-editor\" data-id=\"5ddf2697\" data-element_type=\"widget\" data-e-type=\"widget\" data-widget_type=\"text-editor.default\">\n\t\t\t\t<div class=\"elementor-widget-container\">\n\t\t\t\t\t\t\t\t\t<p><a href=\"https:\/\/www.elturistatranquil.com\/ca\/ubeda-monumental-(jaen)\/#c2536\">Bases d&#8217;informaci\u00f3<\/a><\/p>\t\t\t\t\t\t\t\t<\/div>\n\t\t\t\t<\/div>\n\t\t\t\t\t<\/div>\n\t\t<\/div>\n\t\t\t\t\t<\/div>\n\t\t<\/section>\n\t\t\t\t<div class=\"elementor-element elementor-element-1333d892 elementor-widget elementor-widget-spacer\" data-id=\"1333d892\" data-element_type=\"widget\" data-e-type=\"widget\" data-widget_type=\"spacer.default\">\n\t\t\t\t<div class=\"elementor-widget-container\">\n\t\t\t\t\t\t\t<div class=\"elementor-spacer\">\n\t\t\t<div class=\"elementor-spacer-inner\"><\/div>\n\t\t<\/div>\n\t\t\t\t\t\t<\/div>\n\t\t\t\t<\/div>\n\t\t\t\t<div class=\"elementor-element elementor-element-3ddaec5b elementor-widget elementor-widget-heading\" data-id=\"3ddaec5b\" data-element_type=\"widget\" data-e-type=\"widget\" data-widget_type=\"heading.default\">\n\t\t\t\t<div class=\"elementor-widget-container\">\n\t\t\t\t\t<h2 class=\"elementor-heading-title elementor-size-default\">\u00dabeda monumental, La Loma, Ja\u00e9n<\/h2>\t\t\t\t<\/div>\n\t\t\t\t<\/div>\n\t\t\t\t<div class=\"elementor-element elementor-element-9396f59 elementor-widget elementor-widget-menu-anchor\" data-id=\"9396f59\" data-element_type=\"widget\" data-e-type=\"widget\" data-widget_type=\"menu-anchor.default\">\n\t\t\t\t<div class=\"elementor-widget-container\">\n\t\t\t\t\t\t\t<div class=\"elementor-menu-anchor\" id=\"c2502\"><\/div>\n\t\t\t\t\t\t<\/div>\n\t\t\t\t<\/div>\n\t\t\t\t<div class=\"elementor-element elementor-element-305089f6 elementor-widget elementor-widget-text-editor\" data-id=\"305089f6\" data-element_type=\"widget\" data-e-type=\"widget\" data-widget_type=\"text-editor.default\">\n\t\t\t\t<div class=\"elementor-widget-container\">\n\t\t\t\t\t\t\t\t\t<p>Dues ciutats de Ja\u00e9n, Baeza i \u00dabeda, van obtenir conjuntament el 2003 el reconeixement com a Ciutats Patrimoni de la Humanitat per part de la UNESCO, pel seu Conjunt Monumental Renaixentista.<\/p><p>Visitar les dues ciutats en el mateix moment era un programa de viatge molt atractiu. Tenint en compte que, a m\u00e9s de <a href=\"https:\/\/www.elturistatranquil.com\/ca\/baeza-monumental-jaen\/\" target=\"_blank\" rel=\"noopener\">Baeza<\/a>, podia complementar-lo amb visites a <a href=\"https:\/\/www.elturistatranquil.com\/ca\/sabiote\/\" target=\"_blank\" rel=\"noopener\">Sabiote<\/a> i a Ja\u00e9n, formava ja el lot complet.<\/p>\t\t\t\t\t\t\t\t<\/div>\n\t\t\t\t<\/div>\n\t\t\t\t<div class=\"elementor-element elementor-element-12c3dfbd elementor-widget elementor-widget-heading\" data-id=\"12c3dfbd\" data-element_type=\"widget\" data-e-type=\"widget\" data-widget_type=\"heading.default\">\n\t\t\t\t<div class=\"elementor-widget-container\">\n\t\t\t\t\t<h2 class=\"elementor-heading-title elementor-size-default\">El territori<\/h2>\t\t\t\t<\/div>\n\t\t\t\t<\/div>\n\t\t\t\t<div class=\"elementor-element elementor-element-4835bb3d elementor-widget elementor-widget-text-editor\" data-id=\"4835bb3d\" data-element_type=\"widget\" data-e-type=\"widget\" data-widget_type=\"text-editor.default\">\n\t\t\t\t<div class=\"elementor-widget-container\">\n\t\t\t\t\t\t\t\t\t<p>Per l&#8217;assentament originari d&#8217;\u00dabeda, a la comarca de la Lloma, es va escollir un terreny d&#8217;altipl\u00e0 a uns 751 msnm, amb potencialitats defensives com a <a href=\"https:\/\/www.elturistatranquil.com\/ca\/els-castells-medievals-a-espanya-tipologies\/\" target=\"_blank\" rel=\"noopener\">fortificaci\u00f3 d&#8217;altipl\u00e0<\/a>, dominant la vall alta del Guadalquivir.<\/p><p>Com la major part de tot el territori es troba en plena zona olivarera.<\/p><p>\u00dabeda \u00e9s un nucli de poblaci\u00f3 important amb 34.603 habitants al municipi, gaireb\u00e9 tots ells, 33.413 habitants, concentrats a la localitat, segons dades de 2018.<\/p><p>Amb una lleugera devallada en els decennis de 1940 a 1980, \u00dabeda ha mantingut una poblaci\u00f3 lleugerament creixent des de principis del segle passat, encara que en els \u00faltims anys apunta un lleuger descens, situant-se una mica per sota dels 35.000 habitants, gaireb\u00e9 tots concentrats al nucli urb\u00e0.<\/p><p>Com altres ciutats de la regi\u00f3, podem considerar-la una agrociudad en la mesura que pr\u00e0cticament la meitat de la seva poblaci\u00f3 activa viu del camp, vinculada a l&#8217;oliverar i l&#8217;oli. La designaci\u00f3 com a Ciutat Patrimoni ha incidit en la potenciaci\u00f3 de l&#8217;activitat tur\u00edstica.<\/p>\t\t\t\t\t\t\t\t<\/div>\n\t\t\t\t<\/div>\n\t\t\t\t<div class=\"elementor-element elementor-element-7402744 elementor-widget elementor-widget-menu-anchor\" data-id=\"7402744\" data-element_type=\"widget\" data-e-type=\"widget\" data-widget_type=\"menu-anchor.default\">\n\t\t\t\t<div class=\"elementor-widget-container\">\n\t\t\t\t\t\t\t<div class=\"elementor-menu-anchor\" id=\"c2503\"><\/div>\n\t\t\t\t\t\t<\/div>\n\t\t\t\t<\/div>\n\t\t\t\t<div class=\"elementor-element elementor-element-dc51bad elementor-widget elementor-widget-image\" data-id=\"dc51bad\" data-element_type=\"widget\" data-e-type=\"widget\" data-widget_type=\"image.default\">\n\t\t\t\t<div class=\"elementor-widget-container\">\n\t\t\t\t\t\t\t\t\t\t\t\t<figure class=\"wp-caption\">\n\t\t\t\t\t\t\t\t\t\t<img decoding=\"async\" width=\"800\" height=\"533\" src=\"https:\/\/www.elturistatranquil.com\/wp-content\/uploads\/F104-Ubeda-desde-Baeza-1.jpg\" class=\"attachment-large size-large wp-image-13186\" alt=\"Ubeda desde Baeza\" srcset=\"https:\/\/www.elturistatranquil.com\/wp-content\/uploads\/F104-Ubeda-desde-Baeza-1.jpg 800w, https:\/\/www.elturistatranquil.com\/wp-content\/uploads\/F104-Ubeda-desde-Baeza-1-768x512.jpg 768w\" sizes=\"(max-width: 800px) 100vw, 800px\" \/>\t\t\t\t\t\t\t\t\t\t\t<figcaption class=\"widget-image-caption wp-caption-text\">\u00dabeda des de Baeza<\/figcaption>\n\t\t\t\t\t\t\t\t\t\t<\/figure>\n\t\t\t\t\t\t\t\t\t<\/div>\n\t\t\t\t<\/div>\n\t\t\t\t<div class=\"elementor-element elementor-element-269a5915 elementor-widget elementor-widget-heading\" data-id=\"269a5915\" data-element_type=\"widget\" data-e-type=\"widget\" data-widget_type=\"heading.default\">\n\t\t\t\t<div class=\"elementor-widget-container\">\n\t\t\t\t\t<h2 class=\"elementor-heading-title elementor-size-default\">Una mica d'hist\u00f2ria<\/h2>\t\t\t\t<\/div>\n\t\t\t\t<\/div>\n\t\t\t\t<div class=\"elementor-element elementor-element-369bdff9 elementor-widget elementor-widget-text-editor\" data-id=\"369bdff9\" data-element_type=\"widget\" data-e-type=\"widget\" data-widget_type=\"text-editor.default\">\n\t\t\t\t<div class=\"elementor-widget-container\">\n\t\t\t\t\t\t\t\t\t<p>Pels vestigis trobats, se sap que el lloc que ocupa \u00dabeda ho est\u00e0 almenys des del calcol\u00edtic, o edat del coure, sobre els anys 6000-4000 aC.<\/p><p>Des de llavors, i sense soluci\u00f3 de continu\u00eftat, l&#8217;ocupaci\u00f3 ha estat constant per les diverses cultures que es van anar succeint al llarg del temps, amb ocupaci\u00f3 ibera, romana i visigoda.<\/p><p>La <em>Salaria <\/em>romana, o \u00dabeda la Vella, va ser un dels centres econ\u00f2mics i administratius m\u00e9s importants de la zona.<\/p><p>Per\u00f2 seran els \u00e0rabs els que donaran forma a la ciutat que ha perviscut fins a l&#8217;actualitat.<\/p><p>Les primeres not\u00edcies recollides en la literatura hist\u00f2rica \u00e0rab atribueixen la fundaci\u00f3 de la ciutat i erecci\u00f3 de la muralla a Haxem ibn Abdalaziz, ministre de Muhammad I, emir de C\u00f2rdova, en temps d&#8217;Abd al-Rahman II (822- 852). Es tractaria d&#8217;una <a href=\"https:\/\/www.elturistatranquil.com\/ca\/els-castells-medievals-a-espanya-tipologies\/\" target=\"_blank\" rel=\"noopener\">alcassaba<\/a>.<\/p><p>En 1212 es va lliurar la Batalla de les Navas de Tolosa, tamb\u00e9 anomenada Batalla de \u00dabeda entre les tropes d&#8217;Alfonso VIII de Castella i els seus aliats cristians de la Pen\u00ednsula, contra el califa almohade Muhammad an-Nasir, que, despr\u00e9s de la vict\u00f2ria cristiana, per la historiografia es considera el punt d&#8217;inflexi\u00f3 del proc\u00e9s de reconquesta.<\/p><p>En els vaivens del per\u00edode de la reconquesta, finalment va ser conquerida pel rei Fernando III de Castilla en 1233, despr\u00e9s de dos intents anteriors en 1224 i 1226, mitjan\u00e7ant capitulaci\u00f3, el que va donar opci\u00f3 als seus habitants de quedar-se o marxar.<\/p><p>Se li donar\u00e0 la consideraci\u00f3 de ciutat realenga i els privilegis que li va atorgar el Fuero de Cuenca va atreure a la noblesa castellana en la repoblaci\u00f3 del territori.<\/p><p>La ciutat i les seves muralles es van consolidar durant els m\u00e9s de dos segles en qu\u00e8 va estar estabilitzada la frontera amb el regne Nazar\u00ed, fins l&#8217;ofensiva final del segle XV, amb la conquesta final de Granada.<\/p><p>Aquest per\u00edode va ser una \u00e8poca de fortes rivalitats internes entre les diverses fam\u00edlies de nobles pel control del poder, fins que Isabel I va manar destruir l&#8217;Alc\u00e0sser, igual que va fer a Baeza.<\/p>\t\t\t\t\t\t\t\t<\/div>\n\t\t\t\t<\/div>\n\t\t\t\t<div class=\"elementor-element elementor-element-196090b elementor-widget elementor-widget-image\" data-id=\"196090b\" data-element_type=\"widget\" data-e-type=\"widget\" data-widget_type=\"image.default\">\n\t\t\t\t<div class=\"elementor-widget-container\">\n\t\t\t\t\t\t\t\t\t\t\t\t<figure class=\"wp-caption\">\n\t\t\t\t\t\t\t\t\t\t<img loading=\"lazy\" decoding=\"async\" width=\"667\" height=\"500\" src=\"https:\/\/www.elturistatranquil.com\/wp-content\/uploads\/F03-Ubeda-plano-antiguamuralla-1.jpg\" class=\"attachment-large size-large wp-image-13629\" alt=\"\" \/>\t\t\t\t\t\t\t\t\t\t\t<figcaption class=\"widget-image-caption wp-caption-text\">\u00dabeda, plano antiguo de las murallas de la alcazaba<\/figcaption>\n\t\t\t\t\t\t\t\t\t\t<\/figure>\n\t\t\t\t\t\t\t\t\t<\/div>\n\t\t\t\t<\/div>\n\t\t\t\t<div class=\"elementor-element elementor-element-696d660b elementor-widget elementor-widget-text-editor\" data-id=\"696d660b\" data-element_type=\"widget\" data-e-type=\"widget\" data-widget_type=\"text-editor.default\">\n\t\t\t\t<div class=\"elementor-widget-container\">\n\t\t\t\t\t\t\t\t\t<p>El segle XVI ser\u00e0 el de m\u00e0xim apogeu de la ciutat, basat en una important activitat econ\u00f2mica cerealista, ramadera i artesanal.<\/p><p>En aquest per\u00edode alt Clergat, noblesa i el Consell rivalitzen en construccions que faran d&#8217;\u00dabeda una de les ciutats m\u00e9s importants d&#8217;implantaci\u00f3 de l&#8217;arquitectura renaixentista espanyola i andalusa. \u00c9s de ressaltar el paper de Francisco de los Cobos i del seu nebot Juan V\u00e1zquez de Molina, ambd\u00f3s ocupant el c\u00e0rrec de Secretari d&#8217;Estat de l&#8217;Emperador Carles I, i les obres de l&#8217;arquitecte Andr\u00e9s de Vandelvira, com tamb\u00e9 va passar a <a href=\"https:\/\/www.elturistatranquil.com\/ca\/sabiote\/\" target=\"_blank\" rel=\"noopener\">Sabiote<\/a>.<\/p><p>Com en la resta de la zona, els segles XVII i XVIII van ser d&#8217;estancament i declivi econ\u00f2mic i social.<\/p><p>Un impuls a l&#8217;economia i el comer\u00e7 es produeix en el segle XIX que es reflecteix en un auge de construccions, alhora que es destrueixen i degraden certes construccions i les muralles.<\/p>\t\t\t\t\t\t\t\t<\/div>\n\t\t\t\t<\/div>\n\t\t\t\t<div class=\"elementor-element elementor-element-7071ba7e elementor-widget elementor-widget-menu-anchor\" data-id=\"7071ba7e\" data-element_type=\"widget\" data-e-type=\"widget\" data-widget_type=\"menu-anchor.default\">\n\t\t\t\t<div class=\"elementor-widget-container\">\n\t\t\t\t\t\t\t<div class=\"elementor-menu-anchor\" id=\"c2504\"><\/div>\n\t\t\t\t\t\t<\/div>\n\t\t\t\t<\/div>\n\t\t\t\t<div class=\"elementor-element elementor-element-61479674 elementor-widget elementor-widget-text-editor\" data-id=\"61479674\" data-element_type=\"widget\" data-e-type=\"widget\" data-widget_type=\"text-editor.default\">\n\t\t\t\t<div class=\"elementor-widget-container\">\n\t\t\t\t\t\t\t\t\t<p>S&#8217;arriba a 1900 amb una poblaci\u00f3 de gaireb\u00e9 20.000 habitants que creixer\u00e0 fins als 31.000 el 1940. Els decennis seg\u00fcents s\u00f3n de grans dificultats econ\u00f2mica amb un lleuger descens de poblaci\u00f3, per\u00f2 molt inferior al d&#8217;altres zones, amb un m\u00ednim de 28.717 habitants el 1981 . Els decennis seg\u00fcents s\u00f3n de creixement, aconseguint la seva m\u00e0xima poblaci\u00f3 hist\u00f2rica el 2012 amb 35.866 habitants. Des d&#8217;aquest moment es detecta una lleugera disminuci\u00f3 fins als 34.603 actuals (2018).<\/p>\t\t\t\t\t\t\t\t<\/div>\n\t\t\t\t<\/div>\n\t\t\t\t<div class=\"elementor-element elementor-element-357f05c elementor-widget elementor-widget-heading\" data-id=\"357f05c\" data-element_type=\"widget\" data-e-type=\"widget\" data-widget_type=\"heading.default\">\n\t\t\t\t<div class=\"elementor-widget-container\">\n\t\t\t\t\t<h2 class=\"elementor-heading-title elementor-size-default\">Recorregut per \u00dabeda<\/h2>\t\t\t\t<\/div>\n\t\t\t\t<\/div>\n\t\t\t\t<div class=\"elementor-element elementor-element-66c7b35f elementor-widget elementor-widget-text-editor\" data-id=\"66c7b35f\" data-element_type=\"widget\" data-e-type=\"widget\" data-widget_type=\"text-editor.default\">\n\t\t\t\t<div class=\"elementor-widget-container\">\n\t\t\t\t\t\t\t\t\t<p>Per a la presentaci\u00f3 seg\u00fcent dividir\u00e9 la visita en dos recorreguts. Un seguint el circuit de les muralles. L&#8217;altre recorrent el casc hist\u00f2ric i la seva arquitectura monumental.<\/p><p>He de dir que, a la pr\u00e0ctica, el recorregut real va ser un mix entre tots dos, per\u00f2 recorrent en conjunt totes les parts presentades.<\/p><p>Per a tots dos circuits prendr\u00e9 com a punt de partida l&#8217;aparcament p\u00fablic (<strong>PK<\/strong>) situat al costat est, sobre la Vall del Guadalquivir.<\/p>\t\t\t\t\t\t\t\t<\/div>\n\t\t\t\t<\/div>\n\t\t\t\t<div class=\"elementor-element elementor-element-2b56efea elementor-widget elementor-widget-menu-anchor\" data-id=\"2b56efea\" data-element_type=\"widget\" data-e-type=\"widget\" data-widget_type=\"menu-anchor.default\">\n\t\t\t\t<div class=\"elementor-widget-container\">\n\t\t\t\t\t\t\t<div class=\"elementor-menu-anchor\" id=\"c2505\"><\/div>\n\t\t\t\t\t\t<\/div>\n\t\t\t\t<\/div>\n\t\t\t\t<div class=\"elementor-element elementor-element-11bf8d29 elementor-widget elementor-widget-image\" data-id=\"11bf8d29\" data-element_type=\"widget\" data-e-type=\"widget\" data-widget_type=\"image.default\">\n\t\t\t\t<div class=\"elementor-widget-container\">\n\t\t\t\t\t\t\t\t\t\t\t\t<figure class=\"wp-caption\">\n\t\t\t\t\t\t\t\t\t\t<img loading=\"lazy\" decoding=\"async\" width=\"800\" height=\"533\" src=\"https:\/\/www.elturistatranquil.com\/wp-content\/uploads\/F05-Ubeda-muralla-y-circuito-Google-maps-2019-02-11b-1.jpg\" class=\"attachment-large size-large wp-image-13631\" alt=\"\" srcset=\"https:\/\/www.elturistatranquil.com\/wp-content\/uploads\/F05-Ubeda-muralla-y-circuito-Google-maps-2019-02-11b-1.jpg 800w, https:\/\/www.elturistatranquil.com\/wp-content\/uploads\/F05-Ubeda-muralla-y-circuito-Google-maps-2019-02-11b-1-768x512.jpg 768w\" sizes=\"(max-width: 800px) 100vw, 800px\" \/>\t\t\t\t\t\t\t\t\t\t\t<figcaption class=\"widget-image-caption wp-caption-text\">\u00dabeda muralla i circuits de la visita (Google maps 2019-02-11)<\/figcaption>\n\t\t\t\t\t\t\t\t\t\t<\/figure>\n\t\t\t\t\t\t\t\t\t<\/div>\n\t\t\t\t<\/div>\n\t\t\t\t<div class=\"elementor-element elementor-element-468249e7 elementor-widget elementor-widget-heading\" data-id=\"468249e7\" data-element_type=\"widget\" data-e-type=\"widget\" data-widget_type=\"heading.default\">\n\t\t\t\t<div class=\"elementor-widget-container\">\n\t\t\t\t\t<h2 class=\"elementor-heading-title elementor-size-default\">Muralla del recinte<\/h2>\t\t\t\t<\/div>\n\t\t\t\t<\/div>\n\t\t\t\t<div class=\"elementor-element elementor-element-3546b776 elementor-widget elementor-widget-text-editor\" data-id=\"3546b776\" data-element_type=\"widget\" data-e-type=\"widget\" data-widget_type=\"text-editor.default\">\n\t\t\t\t<div class=\"elementor-widget-container\">\n\t\t\t\t\t\t\t\t\t<p>Tot i les nombroses devastacions i remodelacions esdevingudes a la ciutat, \u00dabeda conserva en la seva totalitat el tra\u00e7at originari del per\u00edmetre defensiu que protegia la ciutat medieval musulmana, i gran part de la muralla constru\u00efda, i que avui delimita el casc hist\u00f2ric. La muralla hist\u00f2rica perviu en un 80% dels aproximadament 2&#8217;5 kil\u00f2metres del seu tra\u00e7at.<\/p><p>La primera vegada que s&#8217;esmenta la muralla del segle XIII \u00e9s amb motiu de la batalla de les Navas de Tolosa, com a lloc de refugi davant les tropes cristianes.<\/p><p>La ciutat musulmana d&#8217;\u00dabeda corresponia al tipus &#8220;rabad al-hisn&#8221;, \u00e9s a dir, una medina presidida per una fortalesa o castell amb marcat car\u00e0cter geoestrat\u00e8gic, acompanyat per un extens espai emmurallat, conegut com &#8220;albacar&#8221;, destinat a donar protecci\u00f3 a la poblaci\u00f3 i el seu bestiar en cas de perill.<\/p><p>La trama urbana es compartimentaba definint tres recintes diferenciats: l&#8217;alc\u00e0sser o recinte fortificat, on es localitzava els principals edificis representatius del poder, aix\u00ed com la mesquita aljama; la medina o recinte intramurs, amb una extensi\u00f3 de 26 hect\u00e0rees, presidit per un espai obert amb car\u00e0cter comercial i comptant amb diverses mesquites de barri; i els ravals extramurs, relativament aut\u00f2noms i tancats. El tra\u00e7at viari es defineix sobre d&#8217;uns eixos radials que connecten la medina amb les principals portes d&#8217;acc\u00e9s, a les que s&#8217;obren altres secund\u00e0ries, transversals i adarves o carrers sense sortida.<\/p>\t\t\t\t\t\t\t\t<\/div>\n\t\t\t\t<\/div>\n\t\t\t\t<div class=\"elementor-element elementor-element-3439fd73 elementor-widget elementor-widget-image\" data-id=\"3439fd73\" data-element_type=\"widget\" data-e-type=\"widget\" data-widget_type=\"image.default\">\n\t\t\t\t<div class=\"elementor-widget-container\">\n\t\t\t\t\t\t\t\t\t\t\t\t<figure class=\"wp-caption\">\n\t\t\t\t\t\t\t\t\t\t<img loading=\"lazy\" decoding=\"async\" width=\"529\" height=\"550\" src=\"https:\/\/www.elturistatranquil.com\/wp-content\/uploads\/F06-Ubeda-hispano-musulmana-1.jpg\" class=\"attachment-large size-large wp-image-13633\" alt=\"\" \/>\t\t\t\t\t\t\t\t\t\t\t<figcaption class=\"widget-image-caption wp-caption-text\">\u00dabeda hispanomusulmana (segles IX-XIII d.C.) amb indicaci\u00f3 de la zona d'assentaments prehist\u00f2rics en ratllat<\/figcaption>\n\t\t\t\t\t\t\t\t\t\t<\/figure>\n\t\t\t\t\t\t\t\t\t<\/div>\n\t\t\t\t<\/div>\n\t\t\t\t<div class=\"elementor-element elementor-element-7b0df32f elementor-widget elementor-widget-text-editor\" data-id=\"7b0df32f\" data-element_type=\"widget\" data-e-type=\"widget\" data-widget_type=\"text-editor.default\">\n\t\t\t\t<div class=\"elementor-widget-container\">\n\t\t\t\t\t\t\t\t\t<p>\u00a0En els trams d\u2019altipl\u00e0 que aboquen sobre el Valle del Guadalquivir, a l&#8217;est i al sud, es conserven en gran mesura, ja que l&#8217;orografia del terreny no facilitava l&#8217;expansi\u00f3 urbana en aquesta direcci\u00f3. Per contra, la part plana que s&#8217;est\u00e9n pel nord i nord-oest, ja des d&#8217;un principi va ser lloc d&#8217;assentament de ravals i l&#8217;eixample al segle XIX.<\/p><p>El que passa \u00e9s que en molts trams la muralla que no va ser destru\u00efda va ser absorbida per les construccions que es van recolzar en ella, a cara i cara del mur.<\/p><p>El m\u00e9s visible que es conserva s\u00f3n les torrasses i algun llen\u00e7 de muralla que s&#8217;albira entre les construccions modernes.<\/p><p>El recorregut el realitzar\u00e9 seguint el sentit contrari al de les agulles del rellotge.<\/p>\t\t\t\t\t\t\t\t<\/div>\n\t\t\t\t<\/div>\n\t\t\t\t<div class=\"elementor-element elementor-element-120ee1d9 elementor-widget elementor-widget-image\" data-id=\"120ee1d9\" data-element_type=\"widget\" data-e-type=\"widget\" data-widget_type=\"image.default\">\n\t\t\t\t<div class=\"elementor-widget-container\">\n\t\t\t\t\t\t\t\t\t\t\t\t<figure class=\"wp-caption\">\n\t\t\t\t\t\t\t\t\t\t<img loading=\"lazy\" decoding=\"async\" width=\"800\" height=\"532\" src=\"https:\/\/www.elturistatranquil.com\/wp-content\/uploads\/F07a-Ubeda-muralla-Google-maps-2019-02-13-1.jpg\" class=\"attachment-large size-large wp-image-13635\" alt=\"\" srcset=\"https:\/\/www.elturistatranquil.com\/wp-content\/uploads\/F07a-Ubeda-muralla-Google-maps-2019-02-13-1.jpg 800w, https:\/\/www.elturistatranquil.com\/wp-content\/uploads\/F07a-Ubeda-muralla-Google-maps-2019-02-13-1-768x511.jpg 768w\" sizes=\"(max-width: 800px) 100vw, 800px\" \/>\t\t\t\t\t\t\t\t\t\t\t<figcaption class=\"widget-image-caption wp-caption-text\">En verd els trams de muralla, portes i torrasses que romanen. En taronja, recorregut estimat de la muralla de la alcassaba<\/figcaption>\n\t\t\t\t\t\t\t\t\t\t<\/figure>\n\t\t\t\t\t\t\t\t\t<\/div>\n\t\t\t\t<\/div>\n\t\t\t\t<div class=\"elementor-element elementor-element-75c61776 elementor-widget elementor-widget-text-editor\" data-id=\"75c61776\" data-element_type=\"widget\" data-e-type=\"widget\" data-widget_type=\"text-editor.default\">\n\t\t\t\t<div class=\"elementor-widget-container\">\n\t\t\t\t\t\t\t\t\t<p>Iniciant el circuit des de la <strong>Pla\u00e7a de Santa Luc\u00eda <\/strong>(<strong>PK<\/strong>).<\/p><p>Aquest lloc es correspon amb el punt en qu\u00e8 s&#8217;iniciava la muralla interior de delimitava l&#8217;alcassaba musulmana. El recorregut que seguir\u00e9 en aquest primer tram era el que delimitava aquesta alcassaba cap a l&#8217;exterior i que s&#8217;estenia fins al punt <strong>(K<\/strong>) d&#8217;aquest recorregut.<\/p><p>El primer tram del carrer <strong>Redonda de Miradores<\/strong> \u00e9s dels que amaga la muralla entre les cases i nom\u00e9s deixa visible algun torrassa, o la seva ru\u00efna, per deixar apar\u00e8ixer m\u00e9s endavant el mur visible darrera de les construccions (<strong>A-E<\/strong>).<\/p>\t\t\t\t\t\t\t\t<\/div>\n\t\t\t\t<\/div>\n\t\t\t\t<div class=\"elementor-element elementor-element-14cda6b3 elementor-widget elementor-widget-image\" data-id=\"14cda6b3\" data-element_type=\"widget\" data-e-type=\"widget\" data-widget_type=\"image.default\">\n\t\t\t\t<div class=\"elementor-widget-container\">\n\t\t\t\t\t\t\t\t\t\t\t\t<figure class=\"wp-caption\">\n\t\t\t\t\t\t\t\t\t\t<img loading=\"lazy\" decoding=\"async\" width=\"800\" height=\"533\" src=\"https:\/\/www.elturistatranquil.com\/wp-content\/uploads\/F07bA-Ubeda-muralla-1.jpg\" class=\"attachment-large size-large wp-image-13637\" alt=\"\" srcset=\"https:\/\/www.elturistatranquil.com\/wp-content\/uploads\/F07bA-Ubeda-muralla-1.jpg 800w, https:\/\/www.elturistatranquil.com\/wp-content\/uploads\/F07bA-Ubeda-muralla-1-768x512.jpg 768w\" sizes=\"(max-width: 800px) 100vw, 800px\" \/>\t\t\t\t\t\t\t\t\t\t\t<figcaption class=\"widget-image-caption wp-caption-text\">Refer\u00e8ncia (A)<\/figcaption>\n\t\t\t\t\t\t\t\t\t\t<\/figure>\n\t\t\t\t\t\t\t\t\t<\/div>\n\t\t\t\t<\/div>\n\t\t\t\t<div class=\"elementor-element elementor-element-6de1ec1b elementor-widget elementor-widget-image\" data-id=\"6de1ec1b\" data-element_type=\"widget\" data-e-type=\"widget\" data-widget_type=\"image.default\">\n\t\t\t\t<div class=\"elementor-widget-container\">\n\t\t\t\t\t\t\t\t\t\t\t\t<figure class=\"wp-caption\">\n\t\t\t\t\t\t\t\t\t\t<img loading=\"lazy\" decoding=\"async\" width=\"800\" height=\"533\" src=\"https:\/\/www.elturistatranquil.com\/wp-content\/uploads\/F08B-Ubeda-muralla-1.jpg\" class=\"attachment-large size-large wp-image-13639\" alt=\"\" srcset=\"https:\/\/www.elturistatranquil.com\/wp-content\/uploads\/F08B-Ubeda-muralla-1.jpg 800w, https:\/\/www.elturistatranquil.com\/wp-content\/uploads\/F08B-Ubeda-muralla-1-768x512.jpg 768w\" sizes=\"(max-width: 800px) 100vw, 800px\" \/>\t\t\t\t\t\t\t\t\t\t\t<figcaption class=\"widget-image-caption wp-caption-text\">Refer\u00e8ncia (B)<\/figcaption>\n\t\t\t\t\t\t\t\t\t\t<\/figure>\n\t\t\t\t\t\t\t\t\t<\/div>\n\t\t\t\t<\/div>\n\t\t\t\t<div class=\"elementor-element elementor-element-68f5f1ed elementor-widget elementor-widget-image\" data-id=\"68f5f1ed\" data-element_type=\"widget\" data-e-type=\"widget\" data-widget_type=\"image.default\">\n\t\t\t\t<div class=\"elementor-widget-container\">\n\t\t\t\t\t\t\t\t\t\t\t\t<figure class=\"wp-caption\">\n\t\t\t\t\t\t\t\t\t\t<img loading=\"lazy\" decoding=\"async\" width=\"800\" height=\"533\" src=\"https:\/\/www.elturistatranquil.com\/wp-content\/uploads\/F09B-Ubeda-muralla-1.jpg\" class=\"attachment-large size-large wp-image-13641\" alt=\"\" srcset=\"https:\/\/www.elturistatranquil.com\/wp-content\/uploads\/F09B-Ubeda-muralla-1.jpg 800w, https:\/\/www.elturistatranquil.com\/wp-content\/uploads\/F09B-Ubeda-muralla-1-768x512.jpg 768w\" sizes=\"(max-width: 800px) 100vw, 800px\" \/>\t\t\t\t\t\t\t\t\t\t\t<figcaption class=\"widget-image-caption wp-caption-text\">Refer\u00e8ncia (C)<\/figcaption>\n\t\t\t\t\t\t\t\t\t\t<\/figure>\n\t\t\t\t\t\t\t\t\t<\/div>\n\t\t\t\t<\/div>\n\t\t\t\t<div class=\"elementor-element elementor-element-722c12b elementor-widget elementor-widget-image\" data-id=\"722c12b\" data-element_type=\"widget\" data-e-type=\"widget\" data-widget_type=\"image.default\">\n\t\t\t\t<div class=\"elementor-widget-container\">\n\t\t\t\t\t\t\t\t\t\t\t\t<figure class=\"wp-caption\">\n\t\t\t\t\t\t\t\t\t\t<img loading=\"lazy\" decoding=\"async\" width=\"800\" height=\"533\" src=\"https:\/\/www.elturistatranquil.com\/wp-content\/uploads\/F10C-Ubeda-muralla-1.jpg\" class=\"attachment-large size-large wp-image-13643\" alt=\"\" srcset=\"https:\/\/www.elturistatranquil.com\/wp-content\/uploads\/F10C-Ubeda-muralla-1.jpg 800w, https:\/\/www.elturistatranquil.com\/wp-content\/uploads\/F10C-Ubeda-muralla-1-768x512.jpg 768w\" sizes=\"(max-width: 800px) 100vw, 800px\" \/>\t\t\t\t\t\t\t\t\t\t\t<figcaption class=\"widget-image-caption wp-caption-text\">Refer\u00e8ncia (D)<\/figcaption>\n\t\t\t\t\t\t\t\t\t\t<\/figure>\n\t\t\t\t\t\t\t\t\t<\/div>\n\t\t\t\t<\/div>\n\t\t\t\t<div class=\"elementor-element elementor-element-65c4d321 elementor-widget elementor-widget-image\" data-id=\"65c4d321\" data-element_type=\"widget\" data-e-type=\"widget\" data-widget_type=\"image.default\">\n\t\t\t\t<div class=\"elementor-widget-container\">\n\t\t\t\t\t\t\t\t\t\t\t\t<figure class=\"wp-caption\">\n\t\t\t\t\t\t\t\t\t\t<img loading=\"lazy\" decoding=\"async\" width=\"800\" height=\"533\" src=\"https:\/\/www.elturistatranquil.com\/wp-content\/uploads\/F11F-Ubeda-muralla-1.jpg\" class=\"attachment-large size-large wp-image-13645\" alt=\"\" srcset=\"https:\/\/www.elturistatranquil.com\/wp-content\/uploads\/F11F-Ubeda-muralla-1.jpg 800w, https:\/\/www.elturistatranquil.com\/wp-content\/uploads\/F11F-Ubeda-muralla-1-768x512.jpg 768w\" sizes=\"(max-width: 800px) 100vw, 800px\" \/>\t\t\t\t\t\t\t\t\t\t\t<figcaption class=\"widget-image-caption wp-caption-text\">Refer\u00e8ncia (E)<\/figcaption>\n\t\t\t\t\t\t\t\t\t\t<\/figure>\n\t\t\t\t\t\t\t\t\t<\/div>\n\t\t\t\t<\/div>\n\t\t\t\t<div class=\"elementor-element elementor-element-7e8e1e2f elementor-widget elementor-widget-text-editor\" data-id=\"7e8e1e2f\" data-element_type=\"widget\" data-e-type=\"widget\" data-widget_type=\"text-editor.default\">\n\t\t\t\t<div class=\"elementor-widget-container\">\n\t\t\t\t\t\t\t\t\t<p>En girar la punta sud comen\u00e7a un llen\u00e7 de muralla completa i visible (<strong>F<\/strong>).<\/p>\t\t\t\t\t\t\t\t<\/div>\n\t\t\t\t<\/div>\n\t\t\t\t<div class=\"elementor-element elementor-element-25b66ee5 elementor-widget elementor-widget-image\" data-id=\"25b66ee5\" data-element_type=\"widget\" data-e-type=\"widget\" data-widget_type=\"image.default\">\n\t\t\t\t<div class=\"elementor-widget-container\">\n\t\t\t\t\t\t\t\t\t\t\t\t<figure class=\"wp-caption\">\n\t\t\t\t\t\t\t\t\t\t<img loading=\"lazy\" decoding=\"async\" width=\"800\" height=\"533\" src=\"https:\/\/www.elturistatranquil.com\/wp-content\/uploads\/F12G-Ubeda-muralla-1.jpg\" class=\"attachment-large size-large wp-image-13647\" alt=\"\" srcset=\"https:\/\/www.elturistatranquil.com\/wp-content\/uploads\/F12G-Ubeda-muralla-1.jpg 800w, https:\/\/www.elturistatranquil.com\/wp-content\/uploads\/F12G-Ubeda-muralla-1-768x512.jpg 768w\" sizes=\"(max-width: 800px) 100vw, 800px\" \/>\t\t\t\t\t\t\t\t\t\t\t<figcaption class=\"widget-image-caption wp-caption-text\">Refer\u00e8ncia (F)<\/figcaption>\n\t\t\t\t\t\t\t\t\t\t<\/figure>\n\t\t\t\t\t\t\t\t\t<\/div>\n\t\t\t\t<\/div>\n\t\t\t\t<div class=\"elementor-element elementor-element-18d79185 elementor-widget elementor-widget-text-editor\" data-id=\"18d79185\" data-element_type=\"widget\" data-e-type=\"widget\" data-widget_type=\"text-editor.default\">\n\t\t\t\t<div class=\"elementor-widget-container\">\n\t\t\t\t\t\t\t\t\t<p>Des d&#8217;aqu\u00ed en aquest tram (<strong>F<\/strong> a <strong>K<\/strong>) s\u00f3n visibles cinc torrasses.<\/p>\t\t\t\t\t\t\t\t<\/div>\n\t\t\t\t<\/div>\n\t\t\t\t<div class=\"elementor-element elementor-element-72e8ea3e elementor-widget elementor-widget-image\" data-id=\"72e8ea3e\" data-element_type=\"widget\" data-e-type=\"widget\" data-widget_type=\"image.default\">\n\t\t\t\t<div class=\"elementor-widget-container\">\n\t\t\t\t\t\t\t\t\t\t\t\t<figure class=\"wp-caption\">\n\t\t\t\t\t\t\t\t\t\t<img loading=\"lazy\" decoding=\"async\" width=\"800\" height=\"533\" src=\"https:\/\/www.elturistatranquil.com\/wp-content\/uploads\/F13H-Ubeda-muralla-1.jpg\" class=\"attachment-large size-large wp-image-13649\" alt=\"\" srcset=\"https:\/\/www.elturistatranquil.com\/wp-content\/uploads\/F13H-Ubeda-muralla-1.jpg 800w, https:\/\/www.elturistatranquil.com\/wp-content\/uploads\/F13H-Ubeda-muralla-1-768x512.jpg 768w\" sizes=\"(max-width: 800px) 100vw, 800px\" \/>\t\t\t\t\t\t\t\t\t\t\t<figcaption class=\"widget-image-caption wp-caption-text\">Refer\u00e8ncia (G)<\/figcaption>\n\t\t\t\t\t\t\t\t\t\t<\/figure>\n\t\t\t\t\t\t\t\t\t<\/div>\n\t\t\t\t<\/div>\n\t\t\t\t<div class=\"elementor-element elementor-element-16d1959a elementor-widget elementor-widget-text-editor\" data-id=\"16d1959a\" data-element_type=\"widget\" data-e-type=\"widget\" data-widget_type=\"text-editor.default\">\n\t\t\t\t<div class=\"elementor-widget-container\">\n\t\t\t\t\t\t\t\t\t<p>En el punt on el carrer actual canvia de nom i passa a denominar-se <strong>carrer Saludeja<\/strong>, veiem com als peus de la muralla raja una deu (<strong>H<\/strong>).<\/p>\t\t\t\t\t\t\t\t<\/div>\n\t\t\t\t<\/div>\n\t\t\t\t<div class=\"elementor-element elementor-element-a803b32 elementor-widget elementor-widget-image\" data-id=\"a803b32\" data-element_type=\"widget\" data-e-type=\"widget\" data-widget_type=\"image.default\">\n\t\t\t\t<div class=\"elementor-widget-container\">\n\t\t\t\t\t\t\t\t\t\t\t\t<figure class=\"wp-caption\">\n\t\t\t\t\t\t\t\t\t\t<img loading=\"lazy\" decoding=\"async\" width=\"800\" height=\"533\" src=\"https:\/\/www.elturistatranquil.com\/wp-content\/uploads\/F14I-Ubeda-muralla-1.jpg\" class=\"attachment-large size-large wp-image-13651\" alt=\"\" srcset=\"https:\/\/www.elturistatranquil.com\/wp-content\/uploads\/F14I-Ubeda-muralla-1.jpg 800w, https:\/\/www.elturistatranquil.com\/wp-content\/uploads\/F14I-Ubeda-muralla-1-768x512.jpg 768w\" sizes=\"(max-width: 800px) 100vw, 800px\" \/>\t\t\t\t\t\t\t\t\t\t\t<figcaption class=\"widget-image-caption wp-caption-text\">Refer\u00e8ncia (H)<\/figcaption>\n\t\t\t\t\t\t\t\t\t\t<\/figure>\n\t\t\t\t\t\t\t\t\t<\/div>\n\t\t\t\t<\/div>\n\t\t\t\t<div class=\"elementor-element elementor-element-9577e5f elementor-widget elementor-widget-text-editor\" data-id=\"9577e5f\" data-element_type=\"widget\" data-e-type=\"widget\" data-widget_type=\"text-editor.default\">\n\t\t\t\t<div class=\"elementor-widget-container\">\n\t\t\t\t\t\t\t\t\t<p>Un tram m\u00e9s deteriorat (<strong>I<\/strong>) ens porta a la torrassa (<strong>J<\/strong>).<\/p>\t\t\t\t\t\t\t\t<\/div>\n\t\t\t\t<\/div>\n\t\t\t\t<div class=\"elementor-element elementor-element-6e27ea1a elementor-widget elementor-widget-image\" data-id=\"6e27ea1a\" data-element_type=\"widget\" data-e-type=\"widget\" data-widget_type=\"image.default\">\n\t\t\t\t<div class=\"elementor-widget-container\">\n\t\t\t\t\t\t\t\t\t\t\t\t<figure class=\"wp-caption\">\n\t\t\t\t\t\t\t\t\t\t<img loading=\"lazy\" decoding=\"async\" width=\"800\" height=\"533\" src=\"https:\/\/www.elturistatranquil.com\/wp-content\/uploads\/F15J-Ubeda-muralla-1.jpg\" class=\"attachment-large size-large wp-image-13653\" alt=\"\" srcset=\"https:\/\/www.elturistatranquil.com\/wp-content\/uploads\/F15J-Ubeda-muralla-1.jpg 800w, https:\/\/www.elturistatranquil.com\/wp-content\/uploads\/F15J-Ubeda-muralla-1-768x512.jpg 768w\" sizes=\"(max-width: 800px) 100vw, 800px\" \/>\t\t\t\t\t\t\t\t\t\t\t<figcaption class=\"widget-image-caption wp-caption-text\">Refer\u00e8ncia (I)<\/figcaption>\n\t\t\t\t\t\t\t\t\t\t<\/figure>\n\t\t\t\t\t\t\t\t\t<\/div>\n\t\t\t\t<\/div>\n\t\t\t\t<div class=\"elementor-element elementor-element-5bad8a19 elementor-widget elementor-widget-text-editor\" data-id=\"5bad8a19\" data-element_type=\"widget\" data-e-type=\"widget\" data-widget_type=\"text-editor.default\">\n\t\t\t\t<div class=\"elementor-widget-container\">\n\t\t\t\t\t\t\t\t\t<p>Dues torrasses (<strong>J<\/strong>, <strong>K<\/strong>) tanquen la muralla exterior del que va ser l&#8217;alcassaba. La muralla torna a situar-se despr\u00e9s de les edificacions que es van adossar a ella.<\/p>\t\t\t\t\t\t\t\t<\/div>\n\t\t\t\t<\/div>\n\t\t\t\t<div class=\"elementor-element elementor-element-53f72eb0 elementor-widget elementor-widget-image\" data-id=\"53f72eb0\" data-element_type=\"widget\" data-e-type=\"widget\" data-widget_type=\"image.default\">\n\t\t\t\t<div class=\"elementor-widget-container\">\n\t\t\t\t\t\t\t\t\t\t\t\t<figure class=\"wp-caption\">\n\t\t\t\t\t\t\t\t\t\t<img loading=\"lazy\" decoding=\"async\" width=\"800\" height=\"533\" src=\"https:\/\/www.elturistatranquil.com\/wp-content\/uploads\/F16K-Ubeda-muralla-1.jpg\" class=\"attachment-large size-large wp-image-13655\" alt=\"\" srcset=\"https:\/\/www.elturistatranquil.com\/wp-content\/uploads\/F16K-Ubeda-muralla-1.jpg 800w, https:\/\/www.elturistatranquil.com\/wp-content\/uploads\/F16K-Ubeda-muralla-1-768x512.jpg 768w\" sizes=\"(max-width: 800px) 100vw, 800px\" \/>\t\t\t\t\t\t\t\t\t\t\t<figcaption class=\"widget-image-caption wp-caption-text\">Refer\u00e8ncies (J, K)<\/figcaption>\n\t\t\t\t\t\t\t\t\t\t<\/figure>\n\t\t\t\t\t\t\t\t\t<\/div>\n\t\t\t\t<\/div>\n\t\t\t\t<div class=\"elementor-element elementor-element-5e6f0d83 elementor-widget elementor-widget-text-editor\" data-id=\"5e6f0d83\" data-element_type=\"widget\" data-e-type=\"widget\" data-widget_type=\"text-editor.default\">\n\t\t\t\t<div class=\"elementor-widget-container\">\n\t\t\t\t\t\t\t\t\t<p>Passada la torrassa (<strong>K<\/strong>) arribem al\u00a0<strong>carrer Prior Monteagudo<\/strong>. Aquest era el punt de tancament de la muralla de l&#8217;alcassaba amb la muralla exterior que s&#8217;havia iniciat a la <strong>pla\u00e7a Santa Luc\u00eda<\/strong> (<strong>A<\/strong>).<\/p><p>La muralla exterior segueix pel <strong>carrer Cortina<\/strong> on l &#8216;element significatiu la <strong>Puerta de Granada<\/strong> (<strong>L<\/strong>). D&#8217;aqu\u00ed partia el cam\u00ed cap a Granada, com el seu nom indica.<\/p><p>\u00c9s una senzilla porta d&#8217;arc de mig punt sobre el llen\u00e7 de la muralla.l<\/p>\t\t\t\t\t\t\t\t<\/div>\n\t\t\t\t<\/div>\n\t\t\t\t<div class=\"elementor-element elementor-element-63132302 elementor-widget elementor-widget-image\" data-id=\"63132302\" data-element_type=\"widget\" data-e-type=\"widget\" data-widget_type=\"image.default\">\n\t\t\t\t<div class=\"elementor-widget-container\">\n\t\t\t\t\t\t\t\t\t\t\t\t<figure class=\"wp-caption\">\n\t\t\t\t\t\t\t\t\t\t<img loading=\"lazy\" decoding=\"async\" width=\"800\" height=\"533\" src=\"https:\/\/www.elturistatranquil.com\/wp-content\/uploads\/F17L-Ubeda-muralla-Puerta-de-Granada-1.jpg\" class=\"attachment-large size-large wp-image-13657\" alt=\"\" srcset=\"https:\/\/www.elturistatranquil.com\/wp-content\/uploads\/F17L-Ubeda-muralla-Puerta-de-Granada-1.jpg 800w, https:\/\/www.elturistatranquil.com\/wp-content\/uploads\/F17L-Ubeda-muralla-Puerta-de-Granada-1-768x512.jpg 768w\" sizes=\"(max-width: 800px) 100vw, 800px\" \/>\t\t\t\t\t\t\t\t\t\t\t<figcaption class=\"widget-image-caption wp-caption-text\">Puerta de Granada (L)<\/figcaption>\n\t\t\t\t\t\t\t\t\t\t<\/figure>\n\t\t\t\t\t\t\t\t\t<\/div>\n\t\t\t\t<\/div>\n\t\t\t\t<div class=\"elementor-element elementor-element-eabefa7 elementor-widget elementor-widget-text-editor\" data-id=\"eabefa7\" data-element_type=\"widget\" data-e-type=\"widget\" data-widget_type=\"text-editor.default\">\n\t\t\t\t<div class=\"elementor-widget-container\">\n\t\t\t\t\t\t\t\t\t<p>Segueix un llen\u00e7 ben conservat amb un nou brollador.<\/p>\t\t\t\t\t\t\t\t<\/div>\n\t\t\t\t<\/div>\n\t\t\t\t<div class=\"elementor-element elementor-element-3afd53fc elementor-widget elementor-widget-image\" data-id=\"3afd53fc\" data-element_type=\"widget\" data-e-type=\"widget\" data-widget_type=\"image.default\">\n\t\t\t\t<div class=\"elementor-widget-container\">\n\t\t\t\t\t\t\t\t\t\t\t\t<figure class=\"wp-caption\">\n\t\t\t\t\t\t\t\t\t\t<img loading=\"lazy\" decoding=\"async\" width=\"800\" height=\"533\" src=\"https:\/\/www.elturistatranquil.com\/wp-content\/uploads\/F18L-Ubeda-muralla-Puerta-de-Granada-1.jpg\" class=\"attachment-large size-large wp-image-13659\" alt=\"\" srcset=\"https:\/\/www.elturistatranquil.com\/wp-content\/uploads\/F18L-Ubeda-muralla-Puerta-de-Granada-1.jpg 800w, https:\/\/www.elturistatranquil.com\/wp-content\/uploads\/F18L-Ubeda-muralla-Puerta-de-Granada-1-768x512.jpg 768w\" sizes=\"(max-width: 800px) 100vw, 800px\" \/>\t\t\t\t\t\t\t\t\t\t\t<figcaption class=\"widget-image-caption wp-caption-text\"><\/figcaption>\n\t\t\t\t\t\t\t\t\t\t<\/figure>\n\t\t\t\t\t\t\t\t\t<\/div>\n\t\t\t\t<\/div>\n\t\t\t\t<div class=\"elementor-element elementor-element-43521dc1 elementor-widget elementor-widget-text-editor\" data-id=\"43521dc1\" data-element_type=\"widget\" data-e-type=\"widget\" data-widget_type=\"text-editor.default\">\n\t\t\t\t<div class=\"elementor-widget-container\">\n\t\t\t\t\t\t\t\t\t<p>M&#8217;he situat en el punt (N), en els <strong>Miradores de San Lorenzo<\/strong>. Des d&#8217;aqu\u00ed s&#8217;observa panor\u00e0micament part del recorregut efectuat del tram (<strong>K-H<\/strong>).<\/p>\t\t\t\t\t\t\t\t<\/div>\n\t\t\t\t<\/div>\n\t\t\t\t<div class=\"elementor-element elementor-element-1f169f93 elementor-widget elementor-widget-image\" data-id=\"1f169f93\" data-element_type=\"widget\" data-e-type=\"widget\" data-widget_type=\"image.default\">\n\t\t\t\t<div class=\"elementor-widget-container\">\n\t\t\t\t\t\t\t\t\t\t\t\t<figure class=\"wp-caption\">\n\t\t\t\t\t\t\t\t\t\t<img loading=\"lazy\" decoding=\"async\" width=\"800\" height=\"533\" src=\"https:\/\/www.elturistatranquil.com\/wp-content\/uploads\/F19L-Ubeda-muralla-1.jpg\" class=\"attachment-large size-large wp-image-13661\" alt=\"\" srcset=\"https:\/\/www.elturistatranquil.com\/wp-content\/uploads\/F19L-Ubeda-muralla-1.jpg 800w, https:\/\/www.elturistatranquil.com\/wp-content\/uploads\/F19L-Ubeda-muralla-1-768x512.jpg 768w\" sizes=\"(max-width: 800px) 100vw, 800px\" \/>\t\t\t\t\t\t\t\t\t\t\t<figcaption class=\"widget-image-caption wp-caption-text\"><\/figcaption>\n\t\t\t\t\t\t\t\t\t\t<\/figure>\n\t\t\t\t\t\t\t\t\t<\/div>\n\t\t\t\t<\/div>\n\t\t\t\t<div class=\"elementor-element elementor-element-53131be9 elementor-widget elementor-widget-text-editor\" data-id=\"53131be9\" data-element_type=\"widget\" data-e-type=\"widget\" data-widget_type=\"text-editor.default\">\n\t\t\t\t<div class=\"elementor-widget-container\">\n\t\t\t\t\t\t\t\t\t<p>El Mirador seguiria la muralla per l&#8217;esquerra la l\u2019Esgl\u00e9sia de San Lorenzo, situada extramurs, sense que es conservin rastres de muralla.<\/p>\t\t\t\t\t\t\t\t<\/div>\n\t\t\t\t<\/div>\n\t\t\t\t<div class=\"elementor-element elementor-element-2a1fa9e elementor-widget elementor-widget-image\" data-id=\"2a1fa9e\" data-element_type=\"widget\" data-e-type=\"widget\" data-widget_type=\"image.default\">\n\t\t\t\t<div class=\"elementor-widget-container\">\n\t\t\t\t\t\t\t\t\t\t\t\t<figure class=\"wp-caption\">\n\t\t\t\t\t\t\t\t\t\t<img loading=\"lazy\" decoding=\"async\" width=\"800\" height=\"533\" src=\"https:\/\/www.elturistatranquil.com\/wp-content\/uploads\/F20L-Ubeda-muralla-1.jpg\" class=\"attachment-large size-large wp-image-13663\" alt=\"\" srcset=\"https:\/\/www.elturistatranquil.com\/wp-content\/uploads\/F20L-Ubeda-muralla-1.jpg 800w, https:\/\/www.elturistatranquil.com\/wp-content\/uploads\/F20L-Ubeda-muralla-1-768x512.jpg 768w\" sizes=\"(max-width: 800px) 100vw, 800px\" \/>\t\t\t\t\t\t\t\t\t\t\t<figcaption class=\"widget-image-caption wp-caption-text\">Refer\u00e8ncia (M)<\/figcaption>\n\t\t\t\t\t\t\t\t\t\t<\/figure>\n\t\t\t\t\t\t\t\t\t<\/div>\n\t\t\t\t<\/div>\n\t\t\t\t<div class=\"elementor-element elementor-element-77e500ff elementor-widget elementor-widget-text-editor\" data-id=\"77e500ff\" data-element_type=\"widget\" data-e-type=\"widget\" data-widget_type=\"text-editor.default\">\n\t\t\t\t<div class=\"elementor-widget-container\">\n\t\t\t\t\t\t\t\t\t<p>Tamb\u00e9 es pot constatar el domini visual sobre la Vall del Guadalquivir que la posici\u00f3 d&#8217;altipl\u00e0 ofereix fins a la Serra de Cazorla.<\/p>\t\t\t\t\t\t\t\t<\/div>\n\t\t\t\t<\/div>\n\t\t\t\t<div class=\"elementor-element elementor-element-319d9819 elementor-widget elementor-widget-image\" data-id=\"319d9819\" data-element_type=\"widget\" data-e-type=\"widget\" data-widget_type=\"image.default\">\n\t\t\t\t<div class=\"elementor-widget-container\">\n\t\t\t\t\t\t\t\t\t\t\t\t<figure class=\"wp-caption\">\n\t\t\t\t\t\t\t\t\t\t<img loading=\"lazy\" decoding=\"async\" width=\"800\" height=\"533\" src=\"https:\/\/www.elturistatranquil.com\/wp-content\/uploads\/F21-Ubeda-Valle-del-Guadalquivir-1.jpg\" class=\"attachment-large size-large wp-image-13665\" alt=\"\" srcset=\"https:\/\/www.elturistatranquil.com\/wp-content\/uploads\/F21-Ubeda-Valle-del-Guadalquivir-1.jpg 800w, https:\/\/www.elturistatranquil.com\/wp-content\/uploads\/F21-Ubeda-Valle-del-Guadalquivir-1-768x512.jpg 768w\" sizes=\"(max-width: 800px) 100vw, 800px\" \/>\t\t\t\t\t\t\t\t\t\t\t<figcaption class=\"widget-image-caption wp-caption-text\"><\/figcaption>\n\t\t\t\t\t\t\t\t\t\t<\/figure>\n\t\t\t\t\t\t\t\t\t<\/div>\n\t\t\t\t<\/div>\n\t\t\t\t<div class=\"elementor-element elementor-element-10973d14 elementor-widget elementor-widget-text-editor\" data-id=\"10973d14\" data-element_type=\"widget\" data-e-type=\"widget\" data-widget_type=\"text-editor.default\">\n\t\t\t\t<div class=\"elementor-widget-container\">\n\t\t\t\t\t\t\t\t\t<p>Entre els <strong>Miradores de San Lorenzo<\/strong> i el\u00a0<strong>carrer Cava<\/strong> la muralla forma un angle de 90<sup>0<\/sup>, reapareixent una torrassa en aquest punt (<strong>N<\/strong>).<\/p>\t\t\t\t\t\t\t\t<\/div>\n\t\t\t\t<\/div>\n\t\t\t\t<div class=\"elementor-element elementor-element-24e29fe9 elementor-widget elementor-widget-image\" data-id=\"24e29fe9\" data-element_type=\"widget\" data-e-type=\"widget\" data-widget_type=\"image.default\">\n\t\t\t\t<div class=\"elementor-widget-container\">\n\t\t\t\t\t\t\t\t\t\t\t\t<figure class=\"wp-caption\">\n\t\t\t\t\t\t\t\t\t\t<img loading=\"lazy\" decoding=\"async\" width=\"800\" height=\"533\" src=\"https:\/\/www.elturistatranquil.com\/wp-content\/uploads\/F22N-Ubeda-muralla-1.jpg\" class=\"attachment-large size-large wp-image-13667\" alt=\"\" srcset=\"https:\/\/www.elturistatranquil.com\/wp-content\/uploads\/F22N-Ubeda-muralla-1.jpg 800w, https:\/\/www.elturistatranquil.com\/wp-content\/uploads\/F22N-Ubeda-muralla-1-768x512.jpg 768w\" sizes=\"(max-width: 800px) 100vw, 800px\" \/>\t\t\t\t\t\t\t\t\t\t\t<figcaption class=\"widget-image-caption wp-caption-text\">Refer\u00e8ncia (N)<\/figcaption>\n\t\t\t\t\t\t\t\t\t\t<\/figure>\n\t\t\t\t\t\t\t\t\t<\/div>\n\t\t\t\t<\/div>\n\t\t\t\t<div class=\"elementor-element elementor-element-7da0fe2b elementor-widget elementor-widget-image\" data-id=\"7da0fe2b\" data-element_type=\"widget\" data-e-type=\"widget\" data-widget_type=\"image.default\">\n\t\t\t\t<div class=\"elementor-widget-container\">\n\t\t\t\t\t\t\t\t\t\t\t\t<figure class=\"wp-caption\">\n\t\t\t\t\t\t\t\t\t\t<img loading=\"lazy\" decoding=\"async\" width=\"800\" height=\"533\" src=\"https:\/\/www.elturistatranquil.com\/wp-content\/uploads\/F23N-Ubeda-muralla-1.jpg\" class=\"attachment-large size-large wp-image-13669\" alt=\"\" srcset=\"https:\/\/www.elturistatranquil.com\/wp-content\/uploads\/F23N-Ubeda-muralla-1.jpg 800w, https:\/\/www.elturistatranquil.com\/wp-content\/uploads\/F23N-Ubeda-muralla-1-768x512.jpg 768w\" sizes=\"(max-width: 800px) 100vw, 800px\" \/>\t\t\t\t\t\t\t\t\t\t\t<figcaption class=\"widget-image-caption wp-caption-text\">Refer\u00e8ncia (N)<\/figcaption>\n\t\t\t\t\t\t\t\t\t\t<\/figure>\n\t\t\t\t\t\t\t\t\t<\/div>\n\t\t\t\t<\/div>\n\t\t\t\t<div class=\"elementor-element elementor-element-714f6a30 elementor-widget elementor-widget-text-editor\" data-id=\"714f6a30\" data-element_type=\"widget\" data-e-type=\"widget\" data-widget_type=\"text-editor.default\">\n\t\t\t\t<div class=\"elementor-widget-container\">\n\t\t\t\t\t\t\t\t\t<p>El <strong>carrer Cava<\/strong> es va establir sobre els l\u00edmits de les cases que en tot el recorregut per la part plana de l&#8217;altipl\u00e0 es van anar adossant a banda i banda sobre la muralla en els trams en qu\u00e8 no va ser derru\u00efda, i que en diverses ocasions es fan visibles des el exterior.<\/p><p>Diverses torrasses no van ser enderrocats i, al sobresortir del llen\u00e7 de la muralla s&#8217;acosten o limiten amb l&#8217;alineament urb\u00e0.<\/p>\t\t\t\t\t\t\t\t<\/div>\n\t\t\t\t<\/div>\n\t\t\t\t<div class=\"elementor-element elementor-element-24ba8f0 elementor-widget elementor-widget-image\" data-id=\"24ba8f0\" data-element_type=\"widget\" data-e-type=\"widget\" data-widget_type=\"image.default\">\n\t\t\t\t<div class=\"elementor-widget-container\">\n\t\t\t\t\t\t\t\t\t\t\t\t<figure class=\"wp-caption\">\n\t\t\t\t\t\t\t\t\t\t<img loading=\"lazy\" decoding=\"async\" width=\"800\" height=\"533\" src=\"https:\/\/www.elturistatranquil.com\/wp-content\/uploads\/F24O-Ubeda-muralla-1.jpg\" class=\"attachment-large size-large wp-image-13671\" alt=\"\" srcset=\"https:\/\/www.elturistatranquil.com\/wp-content\/uploads\/F24O-Ubeda-muralla-1.jpg 800w, https:\/\/www.elturistatranquil.com\/wp-content\/uploads\/F24O-Ubeda-muralla-1-768x512.jpg 768w\" sizes=\"(max-width: 800px) 100vw, 800px\" \/>\t\t\t\t\t\t\t\t\t\t\t<figcaption class=\"widget-image-caption wp-caption-text\">Refer\u00e8ncia (O)<\/figcaption>\n\t\t\t\t\t\t\t\t\t\t<\/figure>\n\t\t\t\t\t\t\t\t\t<\/div>\n\t\t\t\t<\/div>\n\t\t\t\t<div class=\"elementor-element elementor-element-5d47acde elementor-widget elementor-widget-text-editor\" data-id=\"5d47acde\" data-element_type=\"widget\" data-e-type=\"widget\" data-widget_type=\"text-editor.default\">\n\t\t\t\t<div class=\"elementor-widget-container\">\n\t\t\t\t\t\t\t\t\t<p>La primera torrassa amb porta d&#8217;acc\u00e9s a la ciutat que trobo \u00e9s el <strong>Torre\u00f3n y Portillo del Santo Cristo<\/strong> (<strong>P<\/strong>), sotm\u00e8s a una recent restauraci\u00f3.<\/p>\t\t\t\t\t\t\t\t<\/div>\n\t\t\t\t<\/div>\n\t\t\t\t<div class=\"elementor-element elementor-element-6a62132 elementor-widget elementor-widget-image\" data-id=\"6a62132\" data-element_type=\"widget\" data-e-type=\"widget\" data-widget_type=\"image.default\">\n\t\t\t\t<div class=\"elementor-widget-container\">\n\t\t\t\t\t\t\t\t\t\t\t\t<figure class=\"wp-caption\">\n\t\t\t\t\t\t\t\t\t\t<img loading=\"lazy\" decoding=\"async\" width=\"800\" height=\"533\" src=\"https:\/\/www.elturistatranquil.com\/wp-content\/uploads\/F25P-Ubeda-Torre\u00f3n-y-Portillo-del-Santo-Cristo-1-1.jpg\" class=\"attachment-large size-large wp-image-13673\" alt=\"\" srcset=\"https:\/\/www.elturistatranquil.com\/wp-content\/uploads\/F25P-Ubeda-Torre\u00f3n-y-Portillo-del-Santo-Cristo-1-1.jpg 800w, https:\/\/www.elturistatranquil.com\/wp-content\/uploads\/F25P-Ubeda-Torre\u00f3n-y-Portillo-del-Santo-Cristo-1-1-768x512.jpg 768w\" sizes=\"(max-width: 800px) 100vw, 800px\" \/>\t\t\t\t\t\t\t\t\t\t\t<figcaption class=\"widget-image-caption wp-caption-text\">Refer\u00e8ncia (P)<\/figcaption>\n\t\t\t\t\t\t\t\t\t\t<\/figure>\n\t\t\t\t\t\t\t\t\t<\/div>\n\t\t\t\t<\/div>\n\t\t\t\t<div class=\"elementor-element elementor-element-610bce67 elementor-widget elementor-widget-image\" data-id=\"610bce67\" data-element_type=\"widget\" data-e-type=\"widget\" data-widget_type=\"image.default\">\n\t\t\t\t<div class=\"elementor-widget-container\">\n\t\t\t\t\t\t\t\t\t\t\t\t<figure class=\"wp-caption\">\n\t\t\t\t\t\t\t\t\t\t<img loading=\"lazy\" decoding=\"async\" width=\"800\" height=\"533\" src=\"https:\/\/www.elturistatranquil.com\/wp-content\/uploads\/F26P-Ubeda-Torre\u00f3n-y-Portillo-del-Santo-Cristo-1.jpg\" class=\"attachment-large size-large wp-image-13675\" alt=\"\" srcset=\"https:\/\/www.elturistatranquil.com\/wp-content\/uploads\/F26P-Ubeda-Torre\u00f3n-y-Portillo-del-Santo-Cristo-1.jpg 800w, https:\/\/www.elturistatranquil.com\/wp-content\/uploads\/F26P-Ubeda-Torre\u00f3n-y-Portillo-del-Santo-Cristo-1-768x512.jpg 768w\" sizes=\"(max-width: 800px) 100vw, 800px\" \/>\t\t\t\t\t\t\t\t\t\t\t<figcaption class=\"widget-image-caption wp-caption-text\">Refer\u00e8ncia (P)<\/figcaption>\n\t\t\t\t\t\t\t\t\t\t<\/figure>\n\t\t\t\t\t\t\t\t\t<\/div>\n\t\t\t\t<\/div>\n\t\t\t\t<div class=\"elementor-element elementor-element-7e0edc04 elementor-widget elementor-widget-text-editor\" data-id=\"7e0edc04\" data-element_type=\"widget\" data-e-type=\"widget\" data-widget_type=\"text-editor.default\">\n\t\t\t\t<div class=\"elementor-widget-container\">\n\t\t\t\t\t\t\t\t\t<p>Abans de finalitzar el tram del <strong>carrer Cava<\/strong> se&#8217;ns mostra una nova torre urban\u00edsticament alineada (<strong>Q<\/strong>).<\/p>\t\t\t\t\t\t\t\t<\/div>\n\t\t\t\t<\/div>\n\t\t\t\t<div class=\"elementor-element elementor-element-6131a1ee elementor-widget elementor-widget-image\" data-id=\"6131a1ee\" data-element_type=\"widget\" data-e-type=\"widget\" data-widget_type=\"image.default\">\n\t\t\t\t<div class=\"elementor-widget-container\">\n\t\t\t\t\t\t\t\t\t\t\t\t<figure class=\"wp-caption\">\n\t\t\t\t\t\t\t\t\t\t<img loading=\"lazy\" decoding=\"async\" width=\"800\" height=\"533\" src=\"https:\/\/www.elturistatranquil.com\/wp-content\/uploads\/F27Q-Ubeda-muralla-1.jpg\" class=\"attachment-large size-large wp-image-13677\" alt=\"\" srcset=\"https:\/\/www.elturistatranquil.com\/wp-content\/uploads\/F27Q-Ubeda-muralla-1.jpg 800w, https:\/\/www.elturistatranquil.com\/wp-content\/uploads\/F27Q-Ubeda-muralla-1-768x512.jpg 768w\" sizes=\"(max-width: 800px) 100vw, 800px\" \/>\t\t\t\t\t\t\t\t\t\t\t<figcaption class=\"widget-image-caption wp-caption-text\">Refer\u00e8ncia (Q)<\/figcaption>\n\t\t\t\t\t\t\t\t\t\t<\/figure>\n\t\t\t\t\t\t\t\t\t<\/div>\n\t\t\t\t<\/div>\n\t\t\t\t<div class=\"elementor-element elementor-element-65501cf8 elementor-widget elementor-widget-text-editor\" data-id=\"65501cf8\" data-element_type=\"widget\" data-e-type=\"widget\" data-widget_type=\"text-editor.default\">\n\t\t\t\t<div class=\"elementor-widget-container\">\n\t\t\t\t\t\t\t\t\t<p>He entrat en el tram de carrer ara anomenat <strong>carrer Rastro<\/strong>. Aquesta torrassa alberga actualment una botiga de mobles i ha estat modificada amb una porta d&#8217;acc\u00e9s.<\/p>\t\t\t\t\t\t\t\t<\/div>\n\t\t\t\t<\/div>\n\t\t\t\t<div class=\"elementor-element elementor-element-7c5fbcdf elementor-widget elementor-widget-image\" data-id=\"7c5fbcdf\" data-element_type=\"widget\" data-e-type=\"widget\" data-widget_type=\"image.default\">\n\t\t\t\t<div class=\"elementor-widget-container\">\n\t\t\t\t\t\t\t\t\t\t\t\t<figure class=\"wp-caption\">\n\t\t\t\t\t\t\t\t\t\t<img loading=\"lazy\" decoding=\"async\" width=\"800\" height=\"533\" src=\"https:\/\/www.elturistatranquil.com\/wp-content\/uploads\/F28R-Ubeda-muralla-1.jpg\" class=\"attachment-large size-large wp-image-13679\" alt=\"\" srcset=\"https:\/\/www.elturistatranquil.com\/wp-content\/uploads\/F28R-Ubeda-muralla-1.jpg 800w, https:\/\/www.elturistatranquil.com\/wp-content\/uploads\/F28R-Ubeda-muralla-1-768x512.jpg 768w\" sizes=\"(max-width: 800px) 100vw, 800px\" \/>\t\t\t\t\t\t\t\t\t\t\t<figcaption class=\"widget-image-caption wp-caption-text\">Refer\u00e8ncia (R)<\/figcaption>\n\t\t\t\t\t\t\t\t\t\t<\/figure>\n\t\t\t\t\t\t\t\t\t<\/div>\n\t\t\t\t<\/div>\n\t\t\t\t<div class=\"elementor-element elementor-element-4bcf4ab9 elementor-widget elementor-widget-text-editor\" data-id=\"4bcf4ab9\" data-element_type=\"widget\" data-e-type=\"widget\" data-widget_type=\"text-editor.default\">\n\t\t\t\t<div class=\"elementor-widget-container\">\n\t\t\t\t\t\t\t\t\t<p>La <strong>pla\u00e7a de Andaluc\u00eda<\/strong> apareix com el punt central de la ciutat actual.<\/p><p>Sobre una torrassa del segle XIII, que defensava la <strong>Puerta de Toledo<\/strong>, al segle XVI es va construir un rellotge i un campanar renaixentista. Per a aix\u00f2 s&#8217;afegeix un cos per allotjar el rellotge i la maquin\u00e0ria i un templet octogonal per al campanar del rellotge.<\/p>\t\t\t\t\t\t\t\t<\/div>\n\t\t\t\t<\/div>\n\t\t\t\t<div class=\"elementor-element elementor-element-39ee1fd6 elementor-widget elementor-widget-image\" data-id=\"39ee1fd6\" data-element_type=\"widget\" data-e-type=\"widget\" data-widget_type=\"image.default\">\n\t\t\t\t<div class=\"elementor-widget-container\">\n\t\t\t\t\t\t\t\t\t\t\t\t<figure class=\"wp-caption\">\n\t\t\t\t\t\t\t\t\t\t<img loading=\"lazy\" decoding=\"async\" width=\"800\" height=\"533\" src=\"https:\/\/www.elturistatranquil.com\/wp-content\/uploads\/F29Q-Ubeda-muralla-Torre-del-reloj-1.jpg\" class=\"attachment-large size-large wp-image-13681\" alt=\"\" srcset=\"https:\/\/www.elturistatranquil.com\/wp-content\/uploads\/F29Q-Ubeda-muralla-Torre-del-reloj-1.jpg 800w, https:\/\/www.elturistatranquil.com\/wp-content\/uploads\/F29Q-Ubeda-muralla-Torre-del-reloj-1-768x512.jpg 768w\" sizes=\"(max-width: 800px) 100vw, 800px\" \/>\t\t\t\t\t\t\t\t\t\t\t<figcaption class=\"widget-image-caption wp-caption-text\">Refer\u00e8ncia (S)<\/figcaption>\n\t\t\t\t\t\t\t\t\t\t<\/figure>\n\t\t\t\t\t\t\t\t\t<\/div>\n\t\t\t\t<\/div>\n\t\t\t\t<div class=\"elementor-element elementor-element-72e96be7 elementor-widget elementor-widget-text-editor\" data-id=\"72e96be7\" data-element_type=\"widget\" data-e-type=\"widget\" data-widget_type=\"text-editor.default\">\n\t\t\t\t<div class=\"elementor-widget-container\">\n\t\t\t\t\t\t\t\t\t<p>A partir d&#8217;aqu\u00ed, al v\u00e8rtex nord-oest de la muralla, aquesta gira cap a llevant per l&#8217;actual carrer <strong>Corredera de San Fernando<\/strong>. El llen\u00e7 cont\u00ednua inserit en les construccions, tornant a apar\u00e8ixer a la <strong>Torre de las Arcas<\/strong>.<\/p><p>Es tracta d&#8217;una torre albarrana de planta octogonal i matacans.<\/p>\t\t\t\t\t\t\t\t<\/div>\n\t\t\t\t<\/div>\n\t\t\t\t<div class=\"elementor-element elementor-element-1e61b9ea elementor-widget elementor-widget-image\" data-id=\"1e61b9ea\" data-element_type=\"widget\" data-e-type=\"widget\" data-widget_type=\"image.default\">\n\t\t\t\t<div class=\"elementor-widget-container\">\n\t\t\t\t\t\t\t\t\t\t\t\t<figure class=\"wp-caption\">\n\t\t\t\t\t\t\t\t\t\t<img loading=\"lazy\" decoding=\"async\" width=\"800\" height=\"533\" src=\"https:\/\/www.elturistatranquil.com\/wp-content\/uploads\/F31TUbeda-Torre-de-las-Arcas-1.jpg\" class=\"attachment-large size-large wp-image-13683\" alt=\"\" srcset=\"https:\/\/www.elturistatranquil.com\/wp-content\/uploads\/F31TUbeda-Torre-de-las-Arcas-1.jpg 800w, https:\/\/www.elturistatranquil.com\/wp-content\/uploads\/F31TUbeda-Torre-de-las-Arcas-1-768x512.jpg 768w\" sizes=\"(max-width: 800px) 100vw, 800px\" \/>\t\t\t\t\t\t\t\t\t\t\t<figcaption class=\"widget-image-caption wp-caption-text\">Refer\u00e8ncia (T)<\/figcaption>\n\t\t\t\t\t\t\t\t\t\t<\/figure>\n\t\t\t\t\t\t\t\t\t<\/div>\n\t\t\t\t<\/div>\n\t\t\t\t<div class=\"elementor-element elementor-element-3e7cd6ed elementor-widget elementor-widget-menu-anchor\" data-id=\"3e7cd6ed\" data-element_type=\"widget\" data-e-type=\"widget\" data-widget_type=\"menu-anchor.default\">\n\t\t\t\t<div class=\"elementor-widget-container\">\n\t\t\t\t\t\t\t<div class=\"elementor-menu-anchor\" id=\"c2505a\"><\/div>\n\t\t\t\t\t\t<\/div>\n\t\t\t\t<\/div>\n\t\t\t\t<div class=\"elementor-element elementor-element-6470f656 elementor-widget elementor-widget-text-editor\" data-id=\"6470f656\" data-element_type=\"widget\" data-e-type=\"widget\" data-widget_type=\"text-editor.default\">\n\t\t\t\t<div class=\"elementor-widget-container\">\n\t\t\t\t\t\t\t\t\t<p>En arribar a la <strong>pla\u00e7a Gallego D\u00edaz<\/strong> faig una petita incursi\u00f3 dins el recinte emmurallat per veure les fa\u00e7anes del Convent de la Concepci\u00f3 i el Palau de los Cueva.<\/p>\t\t\t\t\t\t\t\t<\/div>\n\t\t\t\t<\/div>\n\t\t\t\t<div class=\"elementor-element elementor-element-40990d11 elementor-widget elementor-widget-text-editor\" data-id=\"40990d11\" data-element_type=\"widget\" data-e-type=\"widget\" data-widget_type=\"text-editor.default\">\n\t\t\t\t<div class=\"elementor-widget-container\">\n\t\t\t\t\t\t\t\t\t<h4><em>Convent de la Concepci\u00f3n<\/em><\/h4>\t\t\t\t\t\t\t\t<\/div>\n\t\t\t\t<\/div>\n\t\t\t\t<div class=\"elementor-element elementor-element-355fe0e3 elementor-widget elementor-widget-text-editor\" data-id=\"355fe0e3\" data-element_type=\"widget\" data-e-type=\"widget\" data-widget_type=\"text-editor.default\">\n\t\t\t\t<div class=\"elementor-widget-container\">\n\t\t\t\t\t\t\t\t\t<p>El <strong>Convent de la Concepci\u00f3n<\/strong> (<strong>23<\/strong>) de les Carmelites Descalces \u00e9s del segle XVII. De fa\u00e7ana austera segons els criteris de l&#8217;ordre.<\/p>\t\t\t\t\t\t\t\t<\/div>\n\t\t\t\t<\/div>\n\t\t\t\t<div class=\"elementor-element elementor-element-755fc5e0 elementor-widget elementor-widget-menu-anchor\" data-id=\"755fc5e0\" data-element_type=\"widget\" data-e-type=\"widget\" data-widget_type=\"menu-anchor.default\">\n\t\t\t\t<div class=\"elementor-widget-container\">\n\t\t\t\t\t\t\t<div class=\"elementor-menu-anchor\" id=\"c2505b\"><\/div>\n\t\t\t\t\t\t<\/div>\n\t\t\t\t<\/div>\n\t\t\t\t<div class=\"elementor-element elementor-element-7776dabc elementor-widget elementor-widget-image\" data-id=\"7776dabc\" data-element_type=\"widget\" data-e-type=\"widget\" data-widget_type=\"image.default\">\n\t\t\t\t<div class=\"elementor-widget-container\">\n\t\t\t\t\t\t\t\t\t\t\t\t<figure class=\"wp-caption\">\n\t\t\t\t\t\t\t\t\t\t<img loading=\"lazy\" decoding=\"async\" width=\"800\" height=\"534\" src=\"https:\/\/www.elturistatranquil.com\/wp-content\/uploads\/F32a-Ubeda-Convento-de-la-Concepcion-1.jpg\" class=\"attachment-large size-large wp-image-13685\" alt=\"\" srcset=\"https:\/\/www.elturistatranquil.com\/wp-content\/uploads\/F32a-Ubeda-Convento-de-la-Concepcion-1.jpg 800w, https:\/\/www.elturistatranquil.com\/wp-content\/uploads\/F32a-Ubeda-Convento-de-la-Concepcion-1-768x513.jpg 768w\" sizes=\"(max-width: 800px) 100vw, 800px\" \/>\t\t\t\t\t\t\t\t\t\t\t<figcaption class=\"widget-image-caption wp-caption-text\"><\/figcaption>\n\t\t\t\t\t\t\t\t\t\t<\/figure>\n\t\t\t\t\t\t\t\t\t<\/div>\n\t\t\t\t<\/div>\n\t\t\t\t<div class=\"elementor-element elementor-element-7cbe5f13 elementor-widget elementor-widget-text-editor\" data-id=\"7cbe5f13\" data-element_type=\"widget\" data-e-type=\"widget\" data-widget_type=\"text-editor.default\">\n\t\t\t\t<div class=\"elementor-widget-container\">\n\t\t\t\t\t\t\t\t\t<h4><em>Palau de Jos\u00e9 Luis de la Cueva<\/em><\/h4>\t\t\t\t\t\t\t\t<\/div>\n\t\t\t\t<\/div>\n\t\t\t\t<div class=\"elementor-element elementor-element-57f54c33 elementor-widget elementor-widget-text-editor\" data-id=\"57f54c33\" data-element_type=\"widget\" data-e-type=\"widget\" data-widget_type=\"text-editor.default\">\n\t\t\t\t<div class=\"elementor-widget-container\">\n\t\t\t\t\t\t\t\t\t<p>El <strong>Palau de Jos\u00e9 Luis de la Cueva o Casa de los Cueva<\/strong> (<strong>24<\/strong>), \u00e9s una casa pairal, edificada al segle XV. La fa\u00e7ana, del segle XVII, presenta un arc amb gran dovellatge d&#8217;influ\u00e8ncia castellana i els blasons del llinatge com a \u00fanic ornament.<\/p><p>En l&#8217;actualitat \u00e9s un centre multifuncional municipal.<\/p>\t\t\t\t\t\t\t\t<\/div>\n\t\t\t\t<\/div>\n\t\t\t\t<div class=\"elementor-element elementor-element-44eaa359 elementor-widget elementor-widget-image\" data-id=\"44eaa359\" data-element_type=\"widget\" data-e-type=\"widget\" data-widget_type=\"image.default\">\n\t\t\t\t<div class=\"elementor-widget-container\">\n\t\t\t\t\t\t\t\t\t\t\t\t<figure class=\"wp-caption\">\n\t\t\t\t\t\t\t\t\t\t<img loading=\"lazy\" decoding=\"async\" width=\"800\" height=\"533\" src=\"https:\/\/www.elturistatranquil.com\/wp-content\/uploads\/F32b-Ubeda-Casa-de-los-Cueva-1.jpg\" class=\"attachment-large size-large wp-image-13687\" alt=\"\" srcset=\"https:\/\/www.elturistatranquil.com\/wp-content\/uploads\/F32b-Ubeda-Casa-de-los-Cueva-1.jpg 800w, https:\/\/www.elturistatranquil.com\/wp-content\/uploads\/F32b-Ubeda-Casa-de-los-Cueva-1-768x512.jpg 768w\" sizes=\"(max-width: 800px) 100vw, 800px\" \/>\t\t\t\t\t\t\t\t\t\t\t<figcaption class=\"widget-image-caption wp-caption-text\"><\/figcaption>\n\t\t\t\t\t\t\t\t\t\t<\/figure>\n\t\t\t\t\t\t\t\t\t<\/div>\n\t\t\t\t<\/div>\n\t\t\t\t<div class=\"elementor-element elementor-element-7b4fa512 elementor-widget elementor-widget-text-editor\" data-id=\"7b4fa512\" data-element_type=\"widget\" data-e-type=\"widget\" data-widget_type=\"text-editor.default\">\n\t\t\t\t<div class=\"elementor-widget-container\">\n\t\t\t\t\t\t\t\t\t<p>Retorn a <strong>pla\u00e7a Gallego D\u00edaz<\/strong> per seguir per l&#8217;esquerra pel <strong>carrer Cruz de Hierro<\/strong>, girant en direcci\u00f3 sud pel <strong>carrer Fuente Seca<\/strong>, on torna a visualitza-ser la muralla, amb una primera torrassa encaixonada (<strong>U<\/strong>) i, al fons, la Puerta del Losal (<strong>V<\/strong>).<\/p>\t\t\t\t\t\t\t\t<\/div>\n\t\t\t\t<\/div>\n\t\t\t\t<div class=\"elementor-element elementor-element-5e6f05b elementor-widget elementor-widget-image\" data-id=\"5e6f05b\" data-element_type=\"widget\" data-e-type=\"widget\" data-widget_type=\"image.default\">\n\t\t\t\t<div class=\"elementor-widget-container\">\n\t\t\t\t\t\t\t\t\t\t\t\t<figure class=\"wp-caption\">\n\t\t\t\t\t\t\t\t\t\t<img loading=\"lazy\" decoding=\"async\" width=\"800\" height=\"533\" src=\"https:\/\/www.elturistatranquil.com\/wp-content\/uploads\/F33U-Ubeda-muralla-1.jpg\" class=\"attachment-large size-large wp-image-13689\" alt=\"\" srcset=\"https:\/\/www.elturistatranquil.com\/wp-content\/uploads\/F33U-Ubeda-muralla-1.jpg 800w, https:\/\/www.elturistatranquil.com\/wp-content\/uploads\/F33U-Ubeda-muralla-1-768x512.jpg 768w\" sizes=\"(max-width: 800px) 100vw, 800px\" \/>\t\t\t\t\t\t\t\t\t\t\t<figcaption class=\"widget-image-caption wp-caption-text\">Refer\u00e8ncia (U)<\/figcaption>\n\t\t\t\t\t\t\t\t\t\t<\/figure>\n\t\t\t\t\t\t\t\t\t<\/div>\n\t\t\t\t<\/div>\n\t\t\t\t<div class=\"elementor-element elementor-element-68108aaf elementor-widget elementor-widget-text-editor\" data-id=\"68108aaf\" data-element_type=\"widget\" data-e-type=\"widget\" data-widget_type=\"text-editor.default\">\n\t\t\t\t<div class=\"elementor-widget-container\">\n\t\t\t\t\t\t\t\t\t<p>La <strong>Puerta del Losal<\/strong> (<strong>V<\/strong>) \u00e9s la m\u00e9s monumental de les portes conservades del recinte emmurallat. Aquesta porta d&#8217;estil mud\u00e8jar del segle XVI, tamb\u00e9 coneguda com a Puerta de Sabiote, \u00e9s un magn\u00edfic exemple de les formes i t\u00e8cniques constructives musulmanes que es van continuar utilitzant despr\u00e9s de la conquesta cristiana. Consta d&#8217;un doble arc de ferradura apuntada, precedit a l&#8217;exterior per un altre arc que connecta el llen\u00e7 de muralla amb la torrassa que la defensava, que fa de matac\u00e0.<\/p>\t\t\t\t\t\t\t\t<\/div>\n\t\t\t\t<\/div>\n\t\t\t\t<div class=\"elementor-element elementor-element-7b4fd440 elementor-widget elementor-widget-image\" data-id=\"7b4fd440\" data-element_type=\"widget\" data-e-type=\"widget\" data-widget_type=\"image.default\">\n\t\t\t\t<div class=\"elementor-widget-container\">\n\t\t\t\t\t\t\t\t\t\t\t\t<figure class=\"wp-caption\">\n\t\t\t\t\t\t\t\t\t\t<img loading=\"lazy\" decoding=\"async\" width=\"800\" height=\"533\" src=\"https:\/\/www.elturistatranquil.com\/wp-content\/uploads\/F34V-Ubeda-Puerta-del-Losal-1.jpg\" class=\"attachment-large size-large wp-image-13691\" alt=\"\" srcset=\"https:\/\/www.elturistatranquil.com\/wp-content\/uploads\/F34V-Ubeda-Puerta-del-Losal-1.jpg 800w, https:\/\/www.elturistatranquil.com\/wp-content\/uploads\/F34V-Ubeda-Puerta-del-Losal-1-768x512.jpg 768w\" sizes=\"(max-width: 800px) 100vw, 800px\" \/>\t\t\t\t\t\t\t\t\t\t\t<figcaption class=\"widget-image-caption wp-caption-text\">Refer\u00e8ncia (V)<\/figcaption>\n\t\t\t\t\t\t\t\t\t\t<\/figure>\n\t\t\t\t\t\t\t\t\t<\/div>\n\t\t\t\t<\/div>\n\t\t\t\t<div class=\"elementor-element elementor-element-3523eb5f elementor-widget elementor-widget-image\" data-id=\"3523eb5f\" data-element_type=\"widget\" data-e-type=\"widget\" data-widget_type=\"image.default\">\n\t\t\t\t<div class=\"elementor-widget-container\">\n\t\t\t\t\t\t\t\t\t\t\t\t<figure class=\"wp-caption\">\n\t\t\t\t\t\t\t\t\t\t<img loading=\"lazy\" decoding=\"async\" width=\"800\" height=\"533\" src=\"https:\/\/www.elturistatranquil.com\/wp-content\/uploads\/F35V-Ubeda-Puerta-del-Losal-1.jpg\" class=\"attachment-large size-large wp-image-13693\" alt=\"\" srcset=\"https:\/\/www.elturistatranquil.com\/wp-content\/uploads\/F35V-Ubeda-Puerta-del-Losal-1.jpg 800w, https:\/\/www.elturistatranquil.com\/wp-content\/uploads\/F35V-Ubeda-Puerta-del-Losal-1-768x512.jpg 768w\" sizes=\"(max-width: 800px) 100vw, 800px\" \/>\t\t\t\t\t\t\t\t\t\t\t<figcaption class=\"widget-image-caption wp-caption-text\"><\/figcaption>\n\t\t\t\t\t\t\t\t\t\t<\/figure>\n\t\t\t\t\t\t\t\t\t<\/div>\n\t\t\t\t<\/div>\n\t\t\t\t<div class=\"elementor-element elementor-element-636609d8 elementor-widget elementor-widget-image\" data-id=\"636609d8\" data-element_type=\"widget\" data-e-type=\"widget\" data-widget_type=\"image.default\">\n\t\t\t\t<div class=\"elementor-widget-container\">\n\t\t\t\t\t\t\t\t\t\t\t\t<figure class=\"wp-caption\">\n\t\t\t\t\t\t\t\t\t\t<img loading=\"lazy\" decoding=\"async\" width=\"800\" height=\"533\" src=\"https:\/\/www.elturistatranquil.com\/wp-content\/uploads\/F36V-Ubeda-Puerta-del-Losal-1.jpg\" class=\"attachment-large size-large wp-image-13695\" alt=\"\" srcset=\"https:\/\/www.elturistatranquil.com\/wp-content\/uploads\/F36V-Ubeda-Puerta-del-Losal-1.jpg 800w, https:\/\/www.elturistatranquil.com\/wp-content\/uploads\/F36V-Ubeda-Puerta-del-Losal-1-768x512.jpg 768w\" sizes=\"(max-width: 800px) 100vw, 800px\" \/>\t\t\t\t\t\t\t\t\t\t\t<figcaption class=\"widget-image-caption wp-caption-text\"><\/figcaption>\n\t\t\t\t\t\t\t\t\t\t<\/figure>\n\t\t\t\t\t\t\t\t\t<\/div>\n\t\t\t\t<\/div>\n\t\t\t\t<div class=\"elementor-element elementor-element-8e00c36 elementor-widget elementor-widget-text-editor\" data-id=\"8e00c36\" data-element_type=\"widget\" data-e-type=\"widget\" data-widget_type=\"text-editor.default\">\n\t\t\t\t<div class=\"elementor-widget-container\">\n\t\t\t\t\t\t\t\t\t<p>Vista des de l&#8217;interior.<\/p>\t\t\t\t\t\t\t\t<\/div>\n\t\t\t\t<\/div>\n\t\t\t\t<div class=\"elementor-element elementor-element-3a3900b2 elementor-widget elementor-widget-image\" data-id=\"3a3900b2\" data-element_type=\"widget\" data-e-type=\"widget\" data-widget_type=\"image.default\">\n\t\t\t\t<div class=\"elementor-widget-container\">\n\t\t\t\t\t\t\t\t\t\t\t\t<figure class=\"wp-caption\">\n\t\t\t\t\t\t\t\t\t\t<img loading=\"lazy\" decoding=\"async\" width=\"800\" height=\"533\" src=\"https:\/\/www.elturistatranquil.com\/wp-content\/uploads\/F38V-Ubeda-Puerta-del-Losal-1.jpg\" class=\"attachment-large size-large wp-image-13697\" alt=\"\" srcset=\"https:\/\/www.elturistatranquil.com\/wp-content\/uploads\/F38V-Ubeda-Puerta-del-Losal-1.jpg 800w, https:\/\/www.elturistatranquil.com\/wp-content\/uploads\/F38V-Ubeda-Puerta-del-Losal-1-768x512.jpg 768w\" sizes=\"(max-width: 800px) 100vw, 800px\" \/>\t\t\t\t\t\t\t\t\t\t\t<figcaption class=\"widget-image-caption wp-caption-text\"><\/figcaption>\n\t\t\t\t\t\t\t\t\t\t<\/figure>\n\t\t\t\t\t\t\t\t\t<\/div>\n\t\t\t\t<\/div>\n\t\t\t\t<div class=\"elementor-element elementor-element-7449deac elementor-widget elementor-widget-text-editor\" data-id=\"7449deac\" data-element_type=\"widget\" data-e-type=\"widget\" data-widget_type=\"text-editor.default\">\n\t\t\t\t<div class=\"elementor-widget-container\">\n\t\t\t\t\t\t\t\t\t<p>A partir de la Puerta del Losal la muralla es fa visible en un llarg llen\u00e7. El pendent del terreny en aquest tram va haver de dificultar adossar cases de la muralla per la seva part exterior.<\/p>\t\t\t\t\t\t\t\t<\/div>\n\t\t\t\t<\/div>\n\t\t\t\t<div class=\"elementor-element elementor-element-207fd243 elementor-widget elementor-widget-image\" data-id=\"207fd243\" data-element_type=\"widget\" data-e-type=\"widget\" data-widget_type=\"image.default\">\n\t\t\t\t<div class=\"elementor-widget-container\">\n\t\t\t\t\t\t\t\t\t\t\t\t<figure class=\"wp-caption\">\n\t\t\t\t\t\t\t\t\t\t<img loading=\"lazy\" decoding=\"async\" width=\"800\" height=\"533\" src=\"https:\/\/www.elturistatranquil.com\/wp-content\/uploads\/F38W-Ubeda-muralla-1.jpg\" class=\"attachment-large size-large wp-image-13699\" alt=\"\" srcset=\"https:\/\/www.elturistatranquil.com\/wp-content\/uploads\/F38W-Ubeda-muralla-1.jpg 800w, https:\/\/www.elturistatranquil.com\/wp-content\/uploads\/F38W-Ubeda-muralla-1-768x512.jpg 768w\" sizes=\"(max-width: 800px) 100vw, 800px\" \/>\t\t\t\t\t\t\t\t\t\t\t<figcaption class=\"widget-image-caption wp-caption-text\">Refer\u00e8ncia (V)<\/figcaption>\n\t\t\t\t\t\t\t\t\t\t<\/figure>\n\t\t\t\t\t\t\t\t\t<\/div>\n\t\t\t\t<\/div>\n\t\t\t\t<div class=\"elementor-element elementor-element-383336a2 elementor-widget elementor-widget-image\" data-id=\"383336a2\" data-element_type=\"widget\" data-e-type=\"widget\" data-widget_type=\"image.default\">\n\t\t\t\t<div class=\"elementor-widget-container\">\n\t\t\t\t\t\t\t\t\t\t\t\t<figure class=\"wp-caption\">\n\t\t\t\t\t\t\t\t\t\t<img loading=\"lazy\" decoding=\"async\" width=\"800\" height=\"533\" src=\"https:\/\/www.elturistatranquil.com\/wp-content\/uploads\/F39W-Ubeda-muralla-1.jpg\" class=\"attachment-large size-large wp-image-13701\" alt=\"\" srcset=\"https:\/\/www.elturistatranquil.com\/wp-content\/uploads\/F39W-Ubeda-muralla-1.jpg 800w, https:\/\/www.elturistatranquil.com\/wp-content\/uploads\/F39W-Ubeda-muralla-1-768x512.jpg 768w\" sizes=\"(max-width: 800px) 100vw, 800px\" \/>\t\t\t\t\t\t\t\t\t\t\t<figcaption class=\"widget-image-caption wp-caption-text\">Refer\u00e8ncia (W)<\/figcaption>\n\t\t\t\t\t\t\t\t\t\t<\/figure>\n\t\t\t\t\t\t\t\t\t<\/div>\n\t\t\t\t<\/div>\n\t\t\t\t<div class=\"elementor-element elementor-element-b38e47b elementor-widget elementor-widget-text-editor\" data-id=\"b38e47b\" data-element_type=\"widget\" data-e-type=\"widget\" data-widget_type=\"text-editor.default\">\n\t\t\t\t<div class=\"elementor-widget-container\">\n\t\t\t\t\t\t\t\t\t<p>El llen\u00e7 acaba a la <strong>Puerta de Santa Luc\u00eda o de Quesada<\/strong> (<strong>X<\/strong>). Porta mud\u00e8jar reconstru\u00efda, que donava acc\u00e9s al barri terrissaire de San Mill\u00e1n.<\/p>\t\t\t\t\t\t\t\t<\/div>\n\t\t\t\t<\/div>\n\t\t\t\t<div class=\"elementor-element elementor-element-359d8569 elementor-widget elementor-widget-image\" data-id=\"359d8569\" data-element_type=\"widget\" data-e-type=\"widget\" data-widget_type=\"image.default\">\n\t\t\t\t<div class=\"elementor-widget-container\">\n\t\t\t\t\t\t\t\t\t\t\t\t<figure class=\"wp-caption\">\n\t\t\t\t\t\t\t\t\t\t<img loading=\"lazy\" decoding=\"async\" width=\"800\" height=\"533\" src=\"https:\/\/www.elturistatranquil.com\/wp-content\/uploads\/F40X-Ubeda-\u00fberta-de-Santa-Lucia-1.jpg\" class=\"attachment-large size-large wp-image-13703\" alt=\"\" srcset=\"https:\/\/www.elturistatranquil.com\/wp-content\/uploads\/F40X-Ubeda-\u00fberta-de-Santa-Lucia-1.jpg 800w, https:\/\/www.elturistatranquil.com\/wp-content\/uploads\/F40X-Ubeda-\u00fberta-de-Santa-Lucia-1-768x512.jpg 768w\" sizes=\"(max-width: 800px) 100vw, 800px\" \/>\t\t\t\t\t\t\t\t\t\t\t<figcaption class=\"widget-image-caption wp-caption-text\">Refer\u00e8ncia (X)<\/figcaption>\n\t\t\t\t\t\t\t\t\t\t<\/figure>\n\t\t\t\t\t\t\t\t\t<\/div>\n\t\t\t\t<\/div>\n\t\t\t\t<div class=\"elementor-element elementor-element-7d1e8a0d elementor-widget elementor-widget-image\" data-id=\"7d1e8a0d\" data-element_type=\"widget\" data-e-type=\"widget\" data-widget_type=\"image.default\">\n\t\t\t\t<div class=\"elementor-widget-container\">\n\t\t\t\t\t\t\t\t\t\t\t\t<figure class=\"wp-caption\">\n\t\t\t\t\t\t\t\t\t\t<img loading=\"lazy\" decoding=\"async\" width=\"800\" height=\"533\" src=\"https:\/\/www.elturistatranquil.com\/wp-content\/uploads\/F41-Ubeda-\u00fberta-de-Santa-Lucia-1.jpg\" class=\"attachment-large size-large wp-image-13705\" alt=\"\" srcset=\"https:\/\/www.elturistatranquil.com\/wp-content\/uploads\/F41-Ubeda-\u00fberta-de-Santa-Lucia-1.jpg 800w, https:\/\/www.elturistatranquil.com\/wp-content\/uploads\/F41-Ubeda-\u00fberta-de-Santa-Lucia-1-768x512.jpg 768w\" sizes=\"(max-width: 800px) 100vw, 800px\" \/>\t\t\t\t\t\t\t\t\t\t\t<figcaption class=\"widget-image-caption wp-caption-text\"><\/figcaption>\n\t\t\t\t\t\t\t\t\t\t<\/figure>\n\t\t\t\t\t\t\t\t\t<\/div>\n\t\t\t\t<\/div>\n\t\t\t\t<div class=\"elementor-element elementor-element-7d15646 elementor-widget elementor-widget-text-editor\" data-id=\"7d15646\" data-element_type=\"widget\" data-e-type=\"widget\" data-widget_type=\"text-editor.default\">\n\t\t\t\t<div class=\"elementor-widget-container\">\n\t\t\t\t\t\t\t\t\t<p>A partir d&#8217;aquest punt s&#8217;ha perdut la muralla, i ens trobem a la <strong>pla\u00e7a de Santa Luc\u00eda<\/strong>, punt d&#8217;arrencada d&#8217;aquest recorregut i, com ja he indicat, era el punt d&#8217;uni\u00f3 de la muralla de l&#8217;alcassaba amb la muralla exterior. O, dit d&#8217;una altra manera, punt d&#8217;arrencada de la muralla de la medina que acabo de deixar, quan es va ampliar l&#8217;alcazaba.<\/p><p>Des d&#8217;aquest punt comencen a albirar-se els edificis renaixentistes que ens esperen a l&#8217;interior de la ciutat. Com la torre i l&#8217;absis de la Capella del Salvador, darrere de cases d&#8217;arquitectura popular.<\/p>\t\t\t\t\t\t\t\t<\/div>\n\t\t\t\t<\/div>\n\t\t\t\t<div class=\"elementor-element elementor-element-4443360b elementor-widget elementor-widget-menu-anchor\" data-id=\"4443360b\" data-element_type=\"widget\" data-e-type=\"widget\" data-widget_type=\"menu-anchor.default\">\n\t\t\t\t<div class=\"elementor-widget-container\">\n\t\t\t\t\t\t\t<div class=\"elementor-menu-anchor\" id=\"c2506\"><\/div>\n\t\t\t\t\t\t<\/div>\n\t\t\t\t<\/div>\n\t\t\t\t<div class=\"elementor-element elementor-element-491738b7 elementor-widget elementor-widget-image\" data-id=\"491738b7\" data-element_type=\"widget\" data-e-type=\"widget\" data-widget_type=\"image.default\">\n\t\t\t\t<div class=\"elementor-widget-container\">\n\t\t\t\t\t\t\t\t\t\t\t\t<figure class=\"wp-caption\">\n\t\t\t\t\t\t\t\t\t\t<img loading=\"lazy\" decoding=\"async\" width=\"800\" height=\"533\" src=\"https:\/\/www.elturistatranquil.com\/wp-content\/uploads\/F41b-Ubeda-Capilla-del-Salvador-1.jpg\" class=\"attachment-large size-large wp-image-13707\" alt=\"\" srcset=\"https:\/\/www.elturistatranquil.com\/wp-content\/uploads\/F41b-Ubeda-Capilla-del-Salvador-1.jpg 800w, https:\/\/www.elturistatranquil.com\/wp-content\/uploads\/F41b-Ubeda-Capilla-del-Salvador-1-768x512.jpg 768w\" sizes=\"(max-width: 800px) 100vw, 800px\" \/>\t\t\t\t\t\t\t\t\t\t\t<figcaption class=\"widget-image-caption wp-caption-text\"><\/figcaption>\n\t\t\t\t\t\t\t\t\t\t<\/figure>\n\t\t\t\t\t\t\t\t\t<\/div>\n\t\t\t\t<\/div>\n\t\t\t\t<div class=\"elementor-element elementor-element-687701d3 elementor-widget elementor-widget-heading\" data-id=\"687701d3\" data-element_type=\"widget\" data-e-type=\"widget\" data-widget_type=\"heading.default\">\n\t\t\t\t<div class=\"elementor-widget-container\">\n\t\t\t\t\t<h2 class=\"elementor-heading-title elementor-size-default\">La ciutat monumental<\/h2>\t\t\t\t<\/div>\n\t\t\t\t<\/div>\n\t\t\t\t<div class=\"elementor-element elementor-element-3b401766 elementor-widget elementor-widget-menu-anchor\" data-id=\"3b401766\" data-element_type=\"widget\" data-e-type=\"widget\" data-widget_type=\"menu-anchor.default\">\n\t\t\t\t<div class=\"elementor-widget-container\">\n\t\t\t\t\t\t\t<div class=\"elementor-menu-anchor\" id=\"c2507\"><\/div>\n\t\t\t\t\t\t<\/div>\n\t\t\t\t<\/div>\n\t\t\t\t<div class=\"elementor-element elementor-element-271113aa elementor-widget elementor-widget-image\" data-id=\"271113aa\" data-element_type=\"widget\" data-e-type=\"widget\" data-widget_type=\"image.default\">\n\t\t\t\t<div class=\"elementor-widget-container\">\n\t\t\t\t\t\t\t\t\t\t\t\t<figure class=\"wp-caption\">\n\t\t\t\t\t\t\t\t\t\t<img loading=\"lazy\" decoding=\"async\" width=\"800\" height=\"533\" src=\"https:\/\/www.elturistatranquil.com\/wp-content\/uploads\/F42-Ubeda-muralla-circuito-i-areas-Google-maps-2019-02-11m2-1.jpg\" class=\"attachment-large size-large wp-image-13709\" alt=\"\" srcset=\"https:\/\/www.elturistatranquil.com\/wp-content\/uploads\/F42-Ubeda-muralla-circuito-i-areas-Google-maps-2019-02-11m2-1.jpg 800w, https:\/\/www.elturistatranquil.com\/wp-content\/uploads\/F42-Ubeda-muralla-circuito-i-areas-Google-maps-2019-02-11m2-1-768x512.jpg 768w\" sizes=\"(max-width: 800px) 100vw, 800px\" \/>\t\t\t\t\t\t\t\t\t\t\t<figcaption class=\"widget-image-caption wp-caption-text\">L\u00ednia en vermell: representa l'itinerari de la visita monumental. L\u00ednia en verd: muralles. L\u00ednies en blau: delimitaci\u00f3 de les zones en qu\u00e8 es presenta el Post. N\u00fameros romans grocs: numeraci\u00f3 de les zones<\/figcaption>\n\t\t\t\t\t\t\t\t\t\t<\/figure>\n\t\t\t\t\t\t\t\t\t<\/div>\n\t\t\t\t<\/div>\n\t\t\t\t<div class=\"elementor-element elementor-element-384ccb14 elementor-widget elementor-widget-heading\" data-id=\"384ccb14\" data-element_type=\"widget\" data-e-type=\"widget\" data-widget_type=\"heading.default\">\n\t\t\t\t<div class=\"elementor-widget-container\">\n\t\t\t\t\t<h2 class=\"elementor-heading-title elementor-size-default\">Zona I. Entrada pel carrer Santa Luc\u00eda<\/h2>\t\t\t\t<\/div>\n\t\t\t\t<\/div>\n\t\t\t\t<div class=\"elementor-element elementor-element-23bbb29a elementor-widget elementor-widget-text-editor\" data-id=\"23bbb29a\" data-element_type=\"widget\" data-e-type=\"widget\" data-widget_type=\"text-editor.default\">\n\t\t\t\t<div class=\"elementor-widget-container\">\n\t\t\t\t\t\t\t\t\t<p>El punt d&#8217;arrencada del circuit monumental va ser la <strong>pla\u00e7a de Santa Luc\u00eda<\/strong> (<strong>PK<\/strong>).<\/p><p>Com ja he assenyalat anteriorment, aqu\u00ed es situaria l&#8217;inici de la muralla interior de l&#8217;alcassaba.<\/p><p>Aquesta primera etapa del recorregut, fins a la Bas\u00edlica de Santa Mar\u00eda la Mayor, ocupa el territori que seguia la muralla interior un cop substitu\u00efda despr\u00e9s de la conquesta cristiana pels edificis m\u00e9s emblem\u00e0tics d&#8217;\u00dabeda.<\/p><p>El conjunt irregular en forma de L de la gran <strong>pla\u00e7a V\u00e1zquez de Molina<\/strong> concentra la major sumptuositat renaixentista. \u00c9s la pe\u00e7a central de la declaraci\u00f3 d&#8217;\u00dabeda, juntament amb el ve\u00ed conjunt monumental de Baeza, com a Patrimoni de la Humanitat per la UNESCO l&#8217;any 2003.<\/p><p>M&#8217;endinso per una curta avinguda arbrada i de seguida em trobo, a la dreta, davant el primer edifici renaixentista.<\/p>\t\t\t\t\t\t\t\t<\/div>\n\t\t\t\t<\/div>\n\t\t\t\t<div class=\"elementor-element elementor-element-32c104c6 elementor-widget elementor-widget-menu-anchor\" data-id=\"32c104c6\" data-element_type=\"widget\" data-e-type=\"widget\" data-widget_type=\"menu-anchor.default\">\n\t\t\t\t<div class=\"elementor-widget-container\">\n\t\t\t\t\t\t\t<div class=\"elementor-menu-anchor\" id=\"c2508\"><\/div>\n\t\t\t\t\t\t<\/div>\n\t\t\t\t<\/div>\n\t\t\t\t<div class=\"elementor-element elementor-element-53f1ca15 elementor-widget elementor-widget-image\" data-id=\"53f1ca15\" data-element_type=\"widget\" data-e-type=\"widget\" data-widget_type=\"image.default\">\n\t\t\t\t<div class=\"elementor-widget-container\">\n\t\t\t\t\t\t\t\t\t\t\t\t<figure class=\"wp-caption\">\n\t\t\t\t\t\t\t\t\t\t<img loading=\"lazy\" decoding=\"async\" width=\"800\" height=\"533\" src=\"https:\/\/www.elturistatranquil.com\/wp-content\/uploads\/F43-Ubeda-1.jpg\" class=\"attachment-large size-large wp-image-13711\" alt=\"\" srcset=\"https:\/\/www.elturistatranquil.com\/wp-content\/uploads\/F43-Ubeda-1.jpg 800w, https:\/\/www.elturistatranquil.com\/wp-content\/uploads\/F43-Ubeda-1-768x512.jpg 768w\" sizes=\"(max-width: 800px) 100vw, 800px\" \/>\t\t\t\t\t\t\t\t\t\t\t<figcaption class=\"widget-image-caption wp-caption-text\"><\/figcaption>\n\t\t\t\t\t\t\t\t\t\t<\/figure>\n\t\t\t\t\t\t\t\t\t<\/div>\n\t\t\t\t<\/div>\n\t\t\t\t<div class=\"elementor-element elementor-element-45eabe25 elementor-widget elementor-widget-heading\" data-id=\"45eabe25\" data-element_type=\"widget\" data-e-type=\"widget\" data-widget_type=\"heading.default\">\n\t\t\t\t<div class=\"elementor-widget-container\">\n\t\t\t\t\t<h3 class=\"elementor-heading-title elementor-size-default\">Hospital de los Honrados Viejos del Salvador <\/h3>\t\t\t\t<\/div>\n\t\t\t\t<\/div>\n\t\t\t\t<div class=\"elementor-element elementor-element-75a25624 elementor-widget elementor-widget-text-editor\" data-id=\"75a25624\" data-element_type=\"widget\" data-e-type=\"widget\" data-widget_type=\"text-editor.default\">\n\t\t\t\t<div class=\"elementor-widget-container\">\n\t\t\t\t\t\t\t\t\t<p>L&#8217;edifici va ser el <strong>Hospital de los Honrados Viejos del Salvador <\/strong>(<strong>1<\/strong>), actualment Escola Municipal de Dansa &#8220;Conchita \u00c0lbers&#8221;.<\/p><p>Es tracta d&#8217;una edificaci\u00f3 hospital\u00e0ria constru\u00efda al segle XIV i remodelada en estil italianitzant al segle XVI.<\/p><p>La remodelaci\u00f3 es deu a l\u2019adquisici\u00f3 de terrenys de l&#8217;Hospital per part de Francisco dels Cobos, per tal d&#8217;edificar-hi la seva capella, alhora que remodelava l&#8217;Hospital a c\u00e0rrec de l&#8217;arquitecte Andr\u00e9s de Vandelvira.<\/p>\t\t\t\t\t\t\t\t<\/div>\n\t\t\t\t<\/div>\n\t\t\t\t<div class=\"elementor-element elementor-element-52151b17 elementor-widget elementor-widget-menu-anchor\" data-id=\"52151b17\" data-element_type=\"widget\" data-e-type=\"widget\" data-widget_type=\"menu-anchor.default\">\n\t\t\t\t<div class=\"elementor-widget-container\">\n\t\t\t\t\t\t\t<div class=\"elementor-menu-anchor\" id=\"c2509\"><\/div>\n\t\t\t\t\t\t<\/div>\n\t\t\t\t<\/div>\n\t\t\t\t<div class=\"elementor-element elementor-element-604a9ae4 elementor-widget elementor-widget-image\" data-id=\"604a9ae4\" data-element_type=\"widget\" data-e-type=\"widget\" data-widget_type=\"image.default\">\n\t\t\t\t<div class=\"elementor-widget-container\">\n\t\t\t\t\t\t\t\t\t\t\t\t<figure class=\"wp-caption\">\n\t\t\t\t\t\t\t\t\t\t<img loading=\"lazy\" decoding=\"async\" width=\"800\" height=\"533\" src=\"https:\/\/www.elturistatranquil.com\/wp-content\/uploads\/F44-Ubeda-Hospital-de-los-Honrados-Viejos-del-Salvador-1.jpg\" class=\"attachment-large size-large wp-image-13713\" alt=\"\" srcset=\"https:\/\/www.elturistatranquil.com\/wp-content\/uploads\/F44-Ubeda-Hospital-de-los-Honrados-Viejos-del-Salvador-1.jpg 800w, https:\/\/www.elturistatranquil.com\/wp-content\/uploads\/F44-Ubeda-Hospital-de-los-Honrados-Viejos-del-Salvador-1-768x512.jpg 768w\" sizes=\"(max-width: 800px) 100vw, 800px\" \/>\t\t\t\t\t\t\t\t\t\t\t<figcaption class=\"widget-image-caption wp-caption-text\"><\/figcaption>\n\t\t\t\t\t\t\t\t\t\t<\/figure>\n\t\t\t\t\t\t\t\t\t<\/div>\n\t\t\t\t<\/div>\n\t\t\t\t<div class=\"elementor-element elementor-element-49efd0f2 elementor-widget elementor-widget-heading\" data-id=\"49efd0f2\" data-element_type=\"widget\" data-e-type=\"widget\" data-widget_type=\"heading.default\">\n\t\t\t\t<div class=\"elementor-widget-container\">\n\t\t\t\t\t<h3 class=\"elementor-heading-title elementor-size-default\">Sacra Capilla del Salvador <\/h3>\t\t\t\t<\/div>\n\t\t\t\t<\/div>\n\t\t\t\t<div class=\"elementor-element elementor-element-5fcbac33 elementor-widget elementor-widget-text-editor\" data-id=\"5fcbac33\" data-element_type=\"widget\" data-e-type=\"widget\" data-widget_type=\"text-editor.default\">\n\t\t\t\t<div class=\"elementor-widget-container\">\n\t\t\t\t\t\t\t\t\t<p>Annexa a l&#8217;Hospital, Francisco dels Cobos, secretari universal de l&#8217;Emperador Carles V i el seu principal conseller en assumptes de la hisenda imperial, va fer construir la <strong>Sacra Capilla del Salvador<\/strong> (<strong>2<\/strong>) com a pante\u00f3.<\/p><p>\u00c9s un projecte de l&#8217;arquitecte Diego de Silo\u00e9, que en la planta sublima tot el simbolisme funerari que tanca la rotonda com a evocaci\u00f3 del Sant Sepulcre. El projecte de Silo\u00e9 el va executar Andr\u00e9s de Vandelvira a qui es deu enterament la Sagristia. El resultat \u00e9s una Esgl\u00e9sia que es considera que est\u00e0 a l&#8217;al\u00e7ada de la millor arquitectura italiana del Renaixement.<\/p><p>La Capella del Salvador apareix avui com una unitat a\u00efllada, per\u00f2 va ser concebuda per Francisco dels Cobos dins d&#8217;una complexa operaci\u00f3 urban\u00edstica que suposava la transformaci\u00f3 d&#8217;una illa completa de la irregular i saturada ret\u00edcula urbana de la collaci\u00f3n de Sant Tom\u00e0s, a la que inclo\u00efa l&#8217;Hospital que acabem de veure i una Universitat.<\/p><p>La planta \u00e9s basilical, amb una rotonda a la cap\u00e7alera s\u00edmbol funerari que es vincula a l&#8217;arquetip del Pante\u00f3 de Roma.<\/p>\t\t\t\t\t\t\t\t<\/div>\n\t\t\t\t<\/div>\n\t\t\t\t<div class=\"elementor-element elementor-element-2027cd53 elementor-widget elementor-widget-image\" data-id=\"2027cd53\" data-element_type=\"widget\" data-e-type=\"widget\" data-widget_type=\"image.default\">\n\t\t\t\t<div class=\"elementor-widget-container\">\n\t\t\t\t\t\t\t\t\t\t\t\t<figure class=\"wp-caption\">\n\t\t\t\t\t\t\t\t\t\t<img loading=\"lazy\" decoding=\"async\" width=\"735\" height=\"550\" src=\"https:\/\/www.elturistatranquil.com\/wp-content\/uploads\/F45-Ubeda-Planta-Capilla-del-Salvador-1.jpg\" class=\"attachment-large size-large wp-image-13715\" alt=\"\" \/>\t\t\t\t\t\t\t\t\t\t\t<figcaption class=\"widget-image-caption wp-caption-text\">Planta de la Sacra Capilla del Salvador<\/figcaption>\n\t\t\t\t\t\t\t\t\t\t<\/figure>\n\t\t\t\t\t\t\t\t\t<\/div>\n\t\t\t\t<\/div>\n\t\t\t\t<div class=\"elementor-element elementor-element-6e4b4eea elementor-widget elementor-widget-text-editor\" data-id=\"6e4b4eea\" data-element_type=\"widget\" data-e-type=\"widget\" data-widget_type=\"text-editor.default\">\n\t\t\t\t<div class=\"elementor-widget-container\">\n\t\t\t\t\t\t\t\t\t<p>La fa\u00e7ana principal s&#8217;atribueix a Andr\u00e9s de Vandelvira i se la considera l&#8217;emblema de la \u00dabeda renaixentista.<\/p><p>La forma \u00e9s d&#8217;un retaule obert a l&#8217;exterior.<\/p>\t\t\t\t\t\t\t\t<\/div>\n\t\t\t\t<\/div>\n\t\t\t\t<div class=\"elementor-element elementor-element-1b295566 elementor-widget elementor-widget-image\" data-id=\"1b295566\" data-element_type=\"widget\" data-e-type=\"widget\" data-widget_type=\"image.default\">\n\t\t\t\t<div class=\"elementor-widget-container\">\n\t\t\t\t\t\t\t\t\t\t\t\t<figure class=\"wp-caption\">\n\t\t\t\t\t\t\t\t\t\t<img loading=\"lazy\" decoding=\"async\" width=\"721\" height=\"550\" src=\"https:\/\/www.elturistatranquil.com\/wp-content\/uploads\/F46-Ubeda-Capilla-del-Salvador-1.jpg\" class=\"attachment-large size-large wp-image-13717\" alt=\"\" \/>\t\t\t\t\t\t\t\t\t\t\t<figcaption class=\"widget-image-caption wp-caption-text\"><\/figcaption>\n\t\t\t\t\t\t\t\t\t\t<\/figure>\n\t\t\t\t\t\t\t\t\t<\/div>\n\t\t\t\t<\/div>\n\t\t\t\t<div class=\"elementor-element elementor-element-42b20050 elementor-widget elementor-widget-text-editor\" data-id=\"42b20050\" data-element_type=\"widget\" data-e-type=\"widget\" data-widget_type=\"text-editor.default\">\n\t\t\t\t<div class=\"elementor-widget-container\">\n\t\t\t\t\t\t\t\t\t<p>Els dos laterals disposen de portes d&#8217;acc\u00e9s a la Capella.<\/p><p>El del costat de l&#8217;ep\u00edstola \u00e9s actualment la porta d&#8217;entrada per a la visita tur\u00edstica.<\/p><p>Les dues portades presenten una estructura d&#8217;arc de triomf. En ambdues portades hi ha al\u00b7lusions a l&#8217;Ordre de Santiago, de la qual era Comendador major de Lle\u00f3 don Francisco dels Cobos.<\/p>\t\t\t\t\t\t\t\t<\/div>\n\t\t\t\t<\/div>\n\t\t\t\t<div class=\"elementor-element elementor-element-1b2df25e elementor-widget elementor-widget-image\" data-id=\"1b2df25e\" data-element_type=\"widget\" data-e-type=\"widget\" data-widget_type=\"image.default\">\n\t\t\t\t<div class=\"elementor-widget-container\">\n\t\t\t\t\t\t\t\t\t\t\t\t<figure class=\"wp-caption\">\n\t\t\t\t\t\t\t\t\t\t<img loading=\"lazy\" decoding=\"async\" width=\"429\" height=\"550\" src=\"https:\/\/www.elturistatranquil.com\/wp-content\/uploads\/F47-Ubeda-Capilla-del-Salvador-1.jpg\" class=\"attachment-large size-large wp-image-13719\" alt=\"\" \/>\t\t\t\t\t\t\t\t\t\t\t<figcaption class=\"widget-image-caption wp-caption-text\"><\/figcaption>\n\t\t\t\t\t\t\t\t\t\t<\/figure>\n\t\t\t\t\t\t\t\t\t<\/div>\n\t\t\t\t<\/div>\n\t\t\t\t<div class=\"elementor-element elementor-element-3c62969 elementor-widget elementor-widget-image\" data-id=\"3c62969\" data-element_type=\"widget\" data-e-type=\"widget\" data-widget_type=\"image.default\">\n\t\t\t\t<div class=\"elementor-widget-container\">\n\t\t\t\t\t\t\t\t\t\t\t\t<figure class=\"wp-caption\">\n\t\t\t\t\t\t\t\t\t\t<img loading=\"lazy\" decoding=\"async\" width=\"800\" height=\"533\" src=\"https:\/\/www.elturistatranquil.com\/wp-content\/uploads\/F48-Ubeda-Capilla-del-Salvador-1.jpg\" class=\"attachment-large size-large wp-image-13721\" alt=\"\" srcset=\"https:\/\/www.elturistatranquil.com\/wp-content\/uploads\/F48-Ubeda-Capilla-del-Salvador-1.jpg 800w, https:\/\/www.elturistatranquil.com\/wp-content\/uploads\/F48-Ubeda-Capilla-del-Salvador-1-768x512.jpg 768w\" sizes=\"(max-width: 800px) 100vw, 800px\" \/>\t\t\t\t\t\t\t\t\t\t\t<figcaption class=\"widget-image-caption wp-caption-text\"><\/figcaption>\n\t\t\t\t\t\t\t\t\t\t<\/figure>\n\t\t\t\t\t\t\t\t\t<\/div>\n\t\t\t\t<\/div>\n\t\t\t\t<div class=\"elementor-element elementor-element-881c939 elementor-widget elementor-widget-text-editor\" data-id=\"881c939\" data-element_type=\"widget\" data-e-type=\"widget\" data-widget_type=\"text-editor.default\">\n\t\t\t\t<div class=\"elementor-widget-container\">\n\t\t\t\t\t\t\t\t\t<p>La nau t\u00e9 tres trams amb arcs de triomf i capelles.<\/p><p>La cap\u00e7alera correspon a la capella major, i \u00e9s l&#8217;espai pr\u00f2piament funerari, separada de la resta de l&#8217;Esgl\u00e9sia per una grandiosa reixa.<\/p><p>El corona una volta esf\u00e8rica sobre un tambor amb tres grans finestres.<\/p><p>Els sepulcres van ser col\u00b7locats en una senzilla cripta sota el presbiteri.<\/p>\t\t\t\t\t\t\t\t<\/div>\n\t\t\t\t<\/div>\n\t\t\t\t<div class=\"elementor-element elementor-element-2adbe413 elementor-widget elementor-widget-image\" data-id=\"2adbe413\" data-element_type=\"widget\" data-e-type=\"widget\" data-widget_type=\"image.default\">\n\t\t\t\t<div class=\"elementor-widget-container\">\n\t\t\t\t\t\t\t\t\t\t\t\t<figure class=\"wp-caption\">\n\t\t\t\t\t\t\t\t\t\t<img loading=\"lazy\" decoding=\"async\" width=\"800\" height=\"533\" src=\"https:\/\/www.elturistatranquil.com\/wp-content\/uploads\/F49-Ubeda-Capilla-del-Salvador-1.jpg\" class=\"attachment-large size-large wp-image-13723\" alt=\"\" srcset=\"https:\/\/www.elturistatranquil.com\/wp-content\/uploads\/F49-Ubeda-Capilla-del-Salvador-1.jpg 800w, https:\/\/www.elturistatranquil.com\/wp-content\/uploads\/F49-Ubeda-Capilla-del-Salvador-1-768x512.jpg 768w\" sizes=\"(max-width: 800px) 100vw, 800px\" \/>\t\t\t\t\t\t\t\t\t\t\t<figcaption class=\"widget-image-caption wp-caption-text\"><\/figcaption>\n\t\t\t\t\t\t\t\t\t\t<\/figure>\n\t\t\t\t\t\t\t\t\t<\/div>\n\t\t\t\t<\/div>\n\t\t\t\t<div class=\"elementor-element elementor-element-16e48a8a elementor-widget elementor-widget-image\" data-id=\"16e48a8a\" data-element_type=\"widget\" data-e-type=\"widget\" data-widget_type=\"image.default\">\n\t\t\t\t<div class=\"elementor-widget-container\">\n\t\t\t\t\t\t\t\t\t\t\t\t<figure class=\"wp-caption\">\n\t\t\t\t\t\t\t\t\t\t<img loading=\"lazy\" decoding=\"async\" width=\"800\" height=\"533\" src=\"https:\/\/www.elturistatranquil.com\/wp-content\/uploads\/F50-Ubeda-Capilla-del-Salvador-1.jpg\" class=\"attachment-large size-large wp-image-13725\" alt=\"\" srcset=\"https:\/\/www.elturistatranquil.com\/wp-content\/uploads\/F50-Ubeda-Capilla-del-Salvador-1.jpg 800w, https:\/\/www.elturistatranquil.com\/wp-content\/uploads\/F50-Ubeda-Capilla-del-Salvador-1-768x512.jpg 768w\" sizes=\"(max-width: 800px) 100vw, 800px\" \/>\t\t\t\t\t\t\t\t\t\t\t<figcaption class=\"widget-image-caption wp-caption-text\"><\/figcaption>\n\t\t\t\t\t\t\t\t\t\t<\/figure>\n\t\t\t\t\t\t\t\t\t<\/div>\n\t\t\t\t<\/div>\n\t\t\t\t<div class=\"elementor-element elementor-element-6a5793a9 elementor-widget elementor-widget-text-editor\" data-id=\"6a5793a9\" data-element_type=\"widget\" data-e-type=\"widget\" data-widget_type=\"text-editor.default\">\n\t\t\t\t<div class=\"elementor-widget-container\">\n\t\t\t\t\t\t\t\t\t<p>Est\u00e0 coberta per voltes de creueria de tradici\u00f3 g\u00f2tica.<\/p>\t\t\t\t\t\t\t\t<\/div>\n\t\t\t\t<\/div>\n\t\t\t\t<div class=\"elementor-element elementor-element-1d7e8907 elementor-widget elementor-widget-image\" data-id=\"1d7e8907\" data-element_type=\"widget\" data-e-type=\"widget\" data-widget_type=\"image.default\">\n\t\t\t\t<div class=\"elementor-widget-container\">\n\t\t\t\t\t\t\t\t\t\t\t\t<figure class=\"wp-caption\">\n\t\t\t\t\t\t\t\t\t\t<img loading=\"lazy\" decoding=\"async\" width=\"800\" height=\"533\" src=\"https:\/\/www.elturistatranquil.com\/wp-content\/uploads\/F51-Ubeda-Capilla-del-Salvador-1.jpg\" class=\"attachment-large size-large wp-image-13727\" alt=\"\" srcset=\"https:\/\/www.elturistatranquil.com\/wp-content\/uploads\/F51-Ubeda-Capilla-del-Salvador-1.jpg 800w, https:\/\/www.elturistatranquil.com\/wp-content\/uploads\/F51-Ubeda-Capilla-del-Salvador-1-768x512.jpg 768w\" sizes=\"(max-width: 800px) 100vw, 800px\" \/>\t\t\t\t\t\t\t\t\t\t\t<figcaption class=\"widget-image-caption wp-caption-text\"><\/figcaption>\n\t\t\t\t\t\t\t\t\t\t<\/figure>\n\t\t\t\t\t\t\t\t\t<\/div>\n\t\t\t\t<\/div>\n\t\t\t\t<div class=\"elementor-element elementor-element-ee8768a elementor-widget elementor-widget-text-editor\" data-id=\"ee8768a\" data-element_type=\"widget\" data-e-type=\"widget\" data-widget_type=\"text-editor.default\">\n\t\t\t\t<div class=\"elementor-widget-container\">\n\t\t\t\t\t\t\t\t\t<p>Als peus de la nau una volta de mig punt rebaixada suporta un ampli cor.<\/p>\t\t\t\t\t\t\t\t<\/div>\n\t\t\t\t<\/div>\n\t\t\t\t<div class=\"elementor-element elementor-element-78f4a88a elementor-widget elementor-widget-image\" data-id=\"78f4a88a\" data-element_type=\"widget\" data-e-type=\"widget\" data-widget_type=\"image.default\">\n\t\t\t\t<div class=\"elementor-widget-container\">\n\t\t\t\t\t\t\t\t\t\t\t\t<figure class=\"wp-caption\">\n\t\t\t\t\t\t\t\t\t\t<img loading=\"lazy\" decoding=\"async\" width=\"800\" height=\"533\" src=\"https:\/\/www.elturistatranquil.com\/wp-content\/uploads\/F52-Ubeda-Capilla-del-Salvador-1.jpg\" class=\"attachment-large size-large wp-image-13729\" alt=\"\" srcset=\"https:\/\/www.elturistatranquil.com\/wp-content\/uploads\/F52-Ubeda-Capilla-del-Salvador-1.jpg 800w, https:\/\/www.elturistatranquil.com\/wp-content\/uploads\/F52-Ubeda-Capilla-del-Salvador-1-768x512.jpg 768w\" sizes=\"(max-width: 800px) 100vw, 800px\" \/>\t\t\t\t\t\t\t\t\t\t\t<figcaption class=\"widget-image-caption wp-caption-text\"><\/figcaption>\n\t\t\t\t\t\t\t\t\t\t<\/figure>\n\t\t\t\t\t\t\t\t\t<\/div>\n\t\t\t\t<\/div>\n\t\t\t\t<div class=\"elementor-element elementor-element-2db408c4 elementor-widget elementor-widget-text-editor\" data-id=\"2db408c4\" data-element_type=\"widget\" data-e-type=\"widget\" data-widget_type=\"text-editor.default\">\n\t\t\t\t<div class=\"elementor-widget-container\">\n\t\t\t\t\t\t\t\t\t<p>Un gran retaule cont\u00e9 en la seva part central la transfiguraci\u00f3, obra d&#8217;Alonso Berruguete del segle XVI i dels evangelistes a les forn\u00edcules laterals obra de Pedro de Zayas al segle XVII.<\/p><p>Al segle XVIII es va reformar a l&#8217;estil barroc, desvirtuant el sentit cl\u00e0ssic que tenia el retaule.<\/p>\t\t\t\t\t\t\t\t<\/div>\n\t\t\t\t<\/div>\n\t\t\t\t<div class=\"elementor-element elementor-element-43a8a80f elementor-widget elementor-widget-image\" data-id=\"43a8a80f\" data-element_type=\"widget\" data-e-type=\"widget\" data-widget_type=\"image.default\">\n\t\t\t\t<div class=\"elementor-widget-container\">\n\t\t\t\t\t\t\t\t\t\t\t\t<figure class=\"wp-caption\">\n\t\t\t\t\t\t\t\t\t\t<img loading=\"lazy\" decoding=\"async\" width=\"352\" height=\"550\" src=\"https:\/\/www.elturistatranquil.com\/wp-content\/uploads\/F53-Ubeda-Capilla-del-Salvador-1.jpg\" class=\"attachment-large size-large wp-image-13731\" alt=\"\" \/>\t\t\t\t\t\t\t\t\t\t\t<figcaption class=\"widget-image-caption wp-caption-text\"><\/figcaption>\n\t\t\t\t\t\t\t\t\t\t<\/figure>\n\t\t\t\t\t\t\t\t\t<\/div>\n\t\t\t\t<\/div>\n\t\t\t\t<div class=\"elementor-element elementor-element-63d6fc8c elementor-widget elementor-widget-image\" data-id=\"63d6fc8c\" data-element_type=\"widget\" data-e-type=\"widget\" data-widget_type=\"image.default\">\n\t\t\t\t<div class=\"elementor-widget-container\">\n\t\t\t\t\t\t\t\t\t\t\t\t<figure class=\"wp-caption\">\n\t\t\t\t\t\t\t\t\t\t<img loading=\"lazy\" decoding=\"async\" width=\"441\" height=\"550\" src=\"https:\/\/www.elturistatranquil.com\/wp-content\/uploads\/F54-Ubeda-Capilla-del-Salvador-1.jpg\" class=\"attachment-large size-large wp-image-13733\" alt=\"\" \/>\t\t\t\t\t\t\t\t\t\t\t<figcaption class=\"widget-image-caption wp-caption-text\"><\/figcaption>\n\t\t\t\t\t\t\t\t\t\t<\/figure>\n\t\t\t\t\t\t\t\t\t<\/div>\n\t\t\t\t<\/div>\n\t\t\t\t<div class=\"elementor-element elementor-element-7c8163fd elementor-widget elementor-widget-text-editor\" data-id=\"7c8163fd\" data-element_type=\"widget\" data-e-type=\"widget\" data-widget_type=\"text-editor.default\">\n\t\t\t\t<div class=\"elementor-widget-container\">\n\t\t\t\t\t\t\t\t\t<p>L&#8217;orgue va ser constru\u00eft el 1795 per Francisco Javier Fern\u00e1ndez, espoliat durant la guerra civil i tornat a restaurar entre 2001 i 2008.<\/p>\t\t\t\t\t\t\t\t<\/div>\n\t\t\t\t<\/div>\n\t\t\t\t<div class=\"elementor-element elementor-element-294d6e26 elementor-widget elementor-widget-image\" data-id=\"294d6e26\" data-element_type=\"widget\" data-e-type=\"widget\" data-widget_type=\"image.default\">\n\t\t\t\t<div class=\"elementor-widget-container\">\n\t\t\t\t\t\t\t\t\t\t\t\t<figure class=\"wp-caption\">\n\t\t\t\t\t\t\t\t\t\t<img loading=\"lazy\" decoding=\"async\" width=\"800\" height=\"533\" src=\"https:\/\/www.elturistatranquil.com\/wp-content\/uploads\/F55-Ubeda-Capilla-del-Salvador-1.jpg\" class=\"attachment-large size-large wp-image-13735\" alt=\"\" srcset=\"https:\/\/www.elturistatranquil.com\/wp-content\/uploads\/F55-Ubeda-Capilla-del-Salvador-1.jpg 800w, https:\/\/www.elturistatranquil.com\/wp-content\/uploads\/F55-Ubeda-Capilla-del-Salvador-1-768x512.jpg 768w\" sizes=\"(max-width: 800px) 100vw, 800px\" \/>\t\t\t\t\t\t\t\t\t\t\t<figcaption class=\"widget-image-caption wp-caption-text\"><\/figcaption>\n\t\t\t\t\t\t\t\t\t\t<\/figure>\n\t\t\t\t\t\t\t\t\t<\/div>\n\t\t\t\t<\/div>\n\t\t\t\t<div class=\"elementor-element elementor-element-42ffe196 elementor-widget elementor-widget-text-editor\" data-id=\"42ffe196\" data-element_type=\"widget\" data-e-type=\"widget\" data-widget_type=\"text-editor.default\">\n\t\t\t\t<div class=\"elementor-widget-container\">\n\t\t\t\t\t\t\t\t\t<p>La Sagristia no estava prevista en els primers plans, i va ser incorporada per enc\u00e0rrec a Vandelvira. Es considera que aquesta sagristia t\u00e9 un precedent en la sagristia de les Cabezas a la Catedral de Sig\u00fcenza, obra de Covarrubias de 1532.<\/p><p>Articulada en tres trams amb arcs forn\u00edcules i coberta amb voltes ba\u00eddas.<\/p>\t\t\t\t\t\t\t\t<\/div>\n\t\t\t\t<\/div>\n\t\t\t\t<div class=\"elementor-element elementor-element-1682ff8f elementor-widget elementor-widget-image\" data-id=\"1682ff8f\" data-element_type=\"widget\" data-e-type=\"widget\" data-widget_type=\"image.default\">\n\t\t\t\t<div class=\"elementor-widget-container\">\n\t\t\t\t\t\t\t\t\t\t\t\t<figure class=\"wp-caption\">\n\t\t\t\t\t\t\t\t\t\t<img loading=\"lazy\" decoding=\"async\" width=\"366\" height=\"550\" src=\"https:\/\/www.elturistatranquil.com\/wp-content\/uploads\/F56-Ubeda-Capilla-del-Salvador-1.jpg\" class=\"attachment-large size-large wp-image-13737\" alt=\"\" \/>\t\t\t\t\t\t\t\t\t\t\t<figcaption class=\"widget-image-caption wp-caption-text\"><\/figcaption>\n\t\t\t\t\t\t\t\t\t\t<\/figure>\n\t\t\t\t\t\t\t\t\t<\/div>\n\t\t\t\t<\/div>\n\t\t\t\t<div class=\"elementor-element elementor-element-73c3de26 elementor-widget elementor-widget-image\" data-id=\"73c3de26\" data-element_type=\"widget\" data-e-type=\"widget\" data-widget_type=\"image.default\">\n\t\t\t\t<div class=\"elementor-widget-container\">\n\t\t\t\t\t\t\t\t\t\t\t\t<figure class=\"wp-caption\">\n\t\t\t\t\t\t\t\t\t\t<img loading=\"lazy\" decoding=\"async\" width=\"366\" height=\"550\" src=\"https:\/\/www.elturistatranquil.com\/wp-content\/uploads\/F57-Ubeda-Capilla-del-Salvador-1.jpg\" class=\"attachment-large size-large wp-image-13739\" alt=\"\" \/>\t\t\t\t\t\t\t\t\t\t\t<figcaption class=\"widget-image-caption wp-caption-text\"><\/figcaption>\n\t\t\t\t\t\t\t\t\t\t<\/figure>\n\t\t\t\t\t\t\t\t\t<\/div>\n\t\t\t\t<\/div>\n\t\t\t\t<div class=\"elementor-element elementor-element-6ef75218 elementor-widget elementor-widget-menu-anchor\" data-id=\"6ef75218\" data-element_type=\"widget\" data-e-type=\"widget\" data-widget_type=\"menu-anchor.default\">\n\t\t\t\t<div class=\"elementor-widget-container\">\n\t\t\t\t\t\t\t<div class=\"elementor-menu-anchor\" id=\"c2510\"><\/div>\n\t\t\t\t\t\t<\/div>\n\t\t\t\t<\/div>\n\t\t\t\t<div class=\"elementor-element elementor-element-43ec20a elementor-widget elementor-widget-image\" data-id=\"43ec20a\" data-element_type=\"widget\" data-e-type=\"widget\" data-widget_type=\"image.default\">\n\t\t\t\t<div class=\"elementor-widget-container\">\n\t\t\t\t\t\t\t\t\t\t\t\t<figure class=\"wp-caption\">\n\t\t\t\t\t\t\t\t\t\t<img loading=\"lazy\" decoding=\"async\" width=\"800\" height=\"533\" src=\"https:\/\/www.elturistatranquil.com\/wp-content\/uploads\/F58-Ubeda-Capilla-del-Salvador-1.jpg\" class=\"attachment-large size-large wp-image-13741\" alt=\"\" srcset=\"https:\/\/www.elturistatranquil.com\/wp-content\/uploads\/F58-Ubeda-Capilla-del-Salvador-1.jpg 800w, https:\/\/www.elturistatranquil.com\/wp-content\/uploads\/F58-Ubeda-Capilla-del-Salvador-1-768x512.jpg 768w\" sizes=\"(max-width: 800px) 100vw, 800px\" \/>\t\t\t\t\t\t\t\t\t\t\t<figcaption class=\"widget-image-caption wp-caption-text\"><\/figcaption>\n\t\t\t\t\t\t\t\t\t\t<\/figure>\n\t\t\t\t\t\t\t\t\t<\/div>\n\t\t\t\t<\/div>\n\t\t\t\t<div class=\"elementor-element elementor-element-6b872c7a elementor-widget elementor-widget-heading\" data-id=\"6b872c7a\" data-element_type=\"widget\" data-e-type=\"widget\" data-widget_type=\"heading.default\">\n\t\t\t\t<div class=\"elementor-widget-container\">\n\t\t\t\t\t<h3 class=\"elementor-heading-title elementor-size-default\">Palau Francisco de los Cobos <\/h3>\t\t\t\t<\/div>\n\t\t\t\t<\/div>\n\t\t\t\t<div class=\"elementor-element elementor-element-d12c7a7 elementor-widget elementor-widget-text-editor\" data-id=\"d12c7a7\" data-element_type=\"widget\" data-e-type=\"widget\" data-widget_type=\"text-editor.default\">\n\t\t\t\t<div class=\"elementor-widget-container\">\n\t\t\t\t\t\t\t\t\t<p>A la mateixa illa, a continuaci\u00f3 del costat de l&#8217;evangeli, Francisco de los Cobos va manar construir el seu <strong>Palau de \u00dabeda <\/strong>(<strong>3<\/strong>).<\/p><p>El conjunt havia de culminar amb la Universitat d&#8217;\u00dabeda, que no va arribar a executar-se.<\/p><p>Va encarregar les obres del Palau a l&#8217;arquitecte Luis de Vega.<\/p><p>La fa\u00e7ana s\u00f2bria del Palau contrasta amb la Capella.<\/p>\t\t\t\t\t\t\t\t<\/div>\n\t\t\t\t<\/div>\n\t\t\t\t<div class=\"elementor-element elementor-element-b610ea elementor-widget elementor-widget-image\" data-id=\"b610ea\" data-element_type=\"widget\" data-e-type=\"widget\" data-widget_type=\"image.default\">\n\t\t\t\t<div class=\"elementor-widget-container\">\n\t\t\t\t\t\t\t\t\t\t\t\t<figure class=\"wp-caption\">\n\t\t\t\t\t\t\t\t\t\t<img loading=\"lazy\" decoding=\"async\" width=\"800\" height=\"533\" src=\"https:\/\/www.elturistatranquil.com\/wp-content\/uploads\/F59-Ubeda-Palacio-de-Francisco-de-los-Cobos-1.jpg\" class=\"attachment-large size-large wp-image-13743\" alt=\"\" srcset=\"https:\/\/www.elturistatranquil.com\/wp-content\/uploads\/F59-Ubeda-Palacio-de-Francisco-de-los-Cobos-1.jpg 800w, https:\/\/www.elturistatranquil.com\/wp-content\/uploads\/F59-Ubeda-Palacio-de-Francisco-de-los-Cobos-1-768x512.jpg 768w\" sizes=\"(max-width: 800px) 100vw, 800px\" \/>\t\t\t\t\t\t\t\t\t\t\t<figcaption class=\"widget-image-caption wp-caption-text\"><\/figcaption>\n\t\t\t\t\t\t\t\t\t\t<\/figure>\n\t\t\t\t\t\t\t\t\t<\/div>\n\t\t\t\t<\/div>\n\t\t\t\t<div class=\"elementor-element elementor-element-59a86035 elementor-widget elementor-widget-image\" data-id=\"59a86035\" data-element_type=\"widget\" data-e-type=\"widget\" data-widget_type=\"image.default\">\n\t\t\t\t<div class=\"elementor-widget-container\">\n\t\t\t\t\t\t\t\t\t\t\t\t<figure class=\"wp-caption\">\n\t\t\t\t\t\t\t\t\t\t<img loading=\"lazy\" decoding=\"async\" width=\"379\" height=\"550\" src=\"https:\/\/www.elturistatranquil.com\/wp-content\/uploads\/F60-Ubeda-Palacio-de-Francisco-de-la-Cobos-1.jpg\" class=\"attachment-large size-large wp-image-13745\" alt=\"\" \/>\t\t\t\t\t\t\t\t\t\t\t<figcaption class=\"widget-image-caption wp-caption-text\"><\/figcaption>\n\t\t\t\t\t\t\t\t\t\t<\/figure>\n\t\t\t\t\t\t\t\t\t<\/div>\n\t\t\t\t<\/div>\n\t\t\t\t<div class=\"elementor-element elementor-element-5a868589 elementor-widget elementor-widget-text-editor\" data-id=\"5a868589\" data-element_type=\"widget\" data-e-type=\"widget\" data-widget_type=\"text-editor.default\">\n\t\t\t\t<div class=\"elementor-widget-container\">\n\t\t\t\t\t\t\t\t\t<p>Torno sobre els meus passos cap a la <strong>pla\u00e7a V\u00e1zquez de Molina<\/strong>, per passar entre el lateral de l&#8217;evangeli de la Capella del Salvador a l&#8217;esquerra i el Palau del Dean Ortega. Conformen entre tots dos, un peculiar joc espaial i arquitect\u00f2nic entre una de les torretes i tribunes de l&#8217;Esgl\u00e9sia, i la retallada cantonada de la fa\u00e7ana del Palau, amb el caracter\u00edstic i ubetense balc\u00f3 en cantonada.<\/p>\t\t\t\t\t\t\t\t<\/div>\n\t\t\t\t<\/div>\n\t\t\t\t<div class=\"elementor-element elementor-element-5a869ee0 elementor-widget elementor-widget-menu-anchor\" data-id=\"5a869ee0\" data-element_type=\"widget\" data-e-type=\"widget\" data-widget_type=\"menu-anchor.default\">\n\t\t\t\t<div class=\"elementor-widget-container\">\n\t\t\t\t\t\t\t<div class=\"elementor-menu-anchor\" id=\"c2511\"><\/div>\n\t\t\t\t\t\t<\/div>\n\t\t\t\t<\/div>\n\t\t\t\t<div class=\"elementor-element elementor-element-f3e9374 elementor-widget elementor-widget-image\" data-id=\"f3e9374\" data-element_type=\"widget\" data-e-type=\"widget\" data-widget_type=\"image.default\">\n\t\t\t\t<div class=\"elementor-widget-container\">\n\t\t\t\t\t\t\t\t\t\t\t\t<figure class=\"wp-caption\">\n\t\t\t\t\t\t\t\t\t\t<img loading=\"lazy\" decoding=\"async\" width=\"800\" height=\"533\" src=\"https:\/\/www.elturistatranquil.com\/wp-content\/uploads\/F61-Ubeda-1.jpg\" class=\"attachment-large size-large wp-image-13747\" alt=\"\" srcset=\"https:\/\/www.elturistatranquil.com\/wp-content\/uploads\/F61-Ubeda-1.jpg 800w, https:\/\/www.elturistatranquil.com\/wp-content\/uploads\/F61-Ubeda-1-768x512.jpg 768w\" sizes=\"(max-width: 800px) 100vw, 800px\" \/>\t\t\t\t\t\t\t\t\t\t\t<figcaption class=\"widget-image-caption wp-caption-text\"><\/figcaption>\n\t\t\t\t\t\t\t\t\t\t<\/figure>\n\t\t\t\t\t\t\t\t\t<\/div>\n\t\t\t\t<\/div>\n\t\t\t\t<div class=\"elementor-element elementor-element-dcf5fbe elementor-widget elementor-widget-heading\" data-id=\"dcf5fbe\" data-element_type=\"widget\" data-e-type=\"widget\" data-widget_type=\"heading.default\">\n\t\t\t\t<div class=\"elementor-widget-container\">\n\t\t\t\t\t<h3 class=\"elementor-heading-title elementor-size-default\">Palau del De\u00e1n Ortega <\/h3>\t\t\t\t<\/div>\n\t\t\t\t<\/div>\n\t\t\t\t<div class=\"elementor-element elementor-element-44210f57 elementor-widget elementor-widget-text-editor\" data-id=\"44210f57\" data-element_type=\"widget\" data-e-type=\"widget\" data-widget_type=\"text-editor.default\">\n\t\t\t\t<div class=\"elementor-widget-container\">\n\t\t\t\t\t\t\t\t\t<p>El seg\u00fcent edifici a considerar a la <strong>pla\u00e7a V\u00e1zquez de Molina<\/strong> \u00e9s al <strong>Palau del Dean Ortega<\/strong> (<strong>4<\/strong>), actualment Parador Nacional de Turisme des de 1930.<\/p><p>Aquest Palau, de mitjans segle XVI, va ser manat construir per Fernando Ortega, primer capell\u00e0 major de la Sacra Capilla Funeraria del Salvador.<\/p><p>De l&#8217;austera fa\u00e7ana nom\u00e9s sobresurt la portada principal amb escalinata, lleugerament despla\u00e7ada de l&#8217;eix central, amb columnes d\u00f2riques adovellada i obertures de llinda amb front\u00f3. A la planta superior un balc\u00f3 cantoner. Aquests balcons cantoners s\u00f3n molt t\u00edpics d&#8217;\u00dabeda.<\/p>\t\t\t\t\t\t\t\t<\/div>\n\t\t\t\t<\/div>\n\t\t\t\t<div class=\"elementor-element elementor-element-3b4a3d87 elementor-widget elementor-widget-image\" data-id=\"3b4a3d87\" data-element_type=\"widget\" data-e-type=\"widget\" data-widget_type=\"image.default\">\n\t\t\t\t<div class=\"elementor-widget-container\">\n\t\t\t\t\t\t\t\t\t\t\t\t<figure class=\"wp-caption\">\n\t\t\t\t\t\t\t\t\t\t<img loading=\"lazy\" decoding=\"async\" width=\"800\" height=\"533\" src=\"https:\/\/www.elturistatranquil.com\/wp-content\/uploads\/F62-Ubeda-Palacio-del-Dean-Ortega-1-1.jpg\" class=\"attachment-large size-large wp-image-13749\" alt=\"\" srcset=\"https:\/\/www.elturistatranquil.com\/wp-content\/uploads\/F62-Ubeda-Palacio-del-Dean-Ortega-1-1.jpg 800w, https:\/\/www.elturistatranquil.com\/wp-content\/uploads\/F62-Ubeda-Palacio-del-Dean-Ortega-1-1-768x512.jpg 768w\" sizes=\"(max-width: 800px) 100vw, 800px\" \/>\t\t\t\t\t\t\t\t\t\t\t<figcaption class=\"widget-image-caption wp-caption-text\"><\/figcaption>\n\t\t\t\t\t\t\t\t\t\t<\/figure>\n\t\t\t\t\t\t\t\t\t<\/div>\n\t\t\t\t<\/div>\n\t\t\t\t<div class=\"elementor-element elementor-element-3d1f9e0c elementor-widget elementor-widget-menu-anchor\" data-id=\"3d1f9e0c\" data-element_type=\"widget\" data-e-type=\"widget\" data-widget_type=\"menu-anchor.default\">\n\t\t\t\t<div class=\"elementor-widget-container\">\n\t\t\t\t\t\t\t<div class=\"elementor-menu-anchor\" id=\"c2512\"><\/div>\n\t\t\t\t\t\t<\/div>\n\t\t\t\t<\/div>\n\t\t\t\t<div class=\"elementor-element elementor-element-3d4c968e elementor-widget elementor-widget-image\" data-id=\"3d4c968e\" data-element_type=\"widget\" data-e-type=\"widget\" data-widget_type=\"image.default\">\n\t\t\t\t<div class=\"elementor-widget-container\">\n\t\t\t\t\t\t\t\t\t\t\t\t<figure class=\"wp-caption\">\n\t\t\t\t\t\t\t\t\t\t<img loading=\"lazy\" decoding=\"async\" width=\"800\" height=\"533\" src=\"https:\/\/www.elturistatranquil.com\/wp-content\/uploads\/F63-Ubeda-Palacio-del-Dean-Ortega-1.jpg\" class=\"attachment-large size-large wp-image-13751\" alt=\"\" srcset=\"https:\/\/www.elturistatranquil.com\/wp-content\/uploads\/F63-Ubeda-Palacio-del-Dean-Ortega-1.jpg 800w, https:\/\/www.elturistatranquil.com\/wp-content\/uploads\/F63-Ubeda-Palacio-del-Dean-Ortega-1-768x512.jpg 768w\" sizes=\"(max-width: 800px) 100vw, 800px\" \/>\t\t\t\t\t\t\t\t\t\t\t<figcaption class=\"widget-image-caption wp-caption-text\"><\/figcaption>\n\t\t\t\t\t\t\t\t\t\t<\/figure>\n\t\t\t\t\t\t\t\t\t<\/div>\n\t\t\t\t<\/div>\n\t\t\t\t<div class=\"elementor-element elementor-element-45343892 elementor-widget elementor-widget-heading\" data-id=\"45343892\" data-element_type=\"widget\" data-e-type=\"widget\" data-widget_type=\"heading.default\">\n\t\t\t\t<div class=\"elementor-widget-container\">\n\t\t\t\t\t<h3 class=\"elementor-heading-title elementor-size-default\">Palau Juan V\u00e1zquez de Molina o Palau de las Cadenas <\/h3>\t\t\t\t<\/div>\n\t\t\t\t<\/div>\n\t\t\t\t<div class=\"elementor-element elementor-element-69551e3b elementor-widget elementor-widget-text-editor\" data-id=\"69551e3b\" data-element_type=\"widget\" data-e-type=\"widget\" data-widget_type=\"text-editor.default\">\n\t\t\t\t<div class=\"elementor-widget-container\">\n\t\t\t\t\t\t\t\t\t<p>Una altra obra d&#8217;Andr\u00e9s de Vandelvira \u00e9s el <strong>Palau Juan V\u00e1zquez de Molina o Palau de las Cadenas<\/strong> (<strong>5<\/strong>), \u00a0renaixentista del segle XVI. Actualment \u00e9s la seu de l&#8217;Ajuntament.<\/p><p>Juan V\u00e1zquez de Molina, nascut a \u00dabeda, i nebot de Francisco dels Cobos, a qui va succeir com a secretari de Carles I. Va ser el personatge m\u00e9s important del Govern castell\u00e0 fins al retorn de Felip II a la Pen\u00ednsula en 1559.<\/p><p>En 1550 comen\u00e7a a construir aquest sumptu\u00f3s Palau a la seva ciutat natal.<\/p><p>La fa\u00e7ana principal est\u00e0 dividida en tres cossos en el pla horitzontal, corresponent amb els tres ordres arquitect\u00f2nics, apareixent l&#8217;estil corinti a les pilastres del primer pis, l&#8217;estil j\u00f2nic en el segon, per acabar amb cari\u00e0tides i atlants al tercer pis. La seva planta \u00e9s quadrada amb pati interior porticat i columnat a l&#8217;estil de la casa romana.<\/p>\t\t\t\t\t\t\t\t<\/div>\n\t\t\t\t<\/div>\n\t\t\t\t<div class=\"elementor-element elementor-element-38ea418c elementor-widget elementor-widget-menu-anchor\" data-id=\"38ea418c\" data-element_type=\"widget\" data-e-type=\"widget\" data-widget_type=\"menu-anchor.default\">\n\t\t\t\t<div class=\"elementor-widget-container\">\n\t\t\t\t\t\t\t<div class=\"elementor-menu-anchor\" id=\"c2513\"><\/div>\n\t\t\t\t\t\t<\/div>\n\t\t\t\t<\/div>\n\t\t\t\t<div class=\"elementor-element elementor-element-4003567f elementor-widget elementor-widget-image\" data-id=\"4003567f\" data-element_type=\"widget\" data-e-type=\"widget\" data-widget_type=\"image.default\">\n\t\t\t\t<div class=\"elementor-widget-container\">\n\t\t\t\t\t\t\t\t\t\t\t\t<figure class=\"wp-caption\">\n\t\t\t\t\t\t\t\t\t\t<img loading=\"lazy\" decoding=\"async\" width=\"800\" height=\"533\" src=\"https:\/\/www.elturistatranquil.com\/wp-content\/uploads\/F64-Ubeda-Palacio-de-las-Cadenas-1-1.jpg\" class=\"attachment-large size-large wp-image-13753\" alt=\"\" srcset=\"https:\/\/www.elturistatranquil.com\/wp-content\/uploads\/F64-Ubeda-Palacio-de-las-Cadenas-1-1.jpg 800w, https:\/\/www.elturistatranquil.com\/wp-content\/uploads\/F64-Ubeda-Palacio-de-las-Cadenas-1-1-768x512.jpg 768w\" sizes=\"(max-width: 800px) 100vw, 800px\" \/>\t\t\t\t\t\t\t\t\t\t\t<figcaption class=\"widget-image-caption wp-caption-text\"><\/figcaption>\n\t\t\t\t\t\t\t\t\t\t<\/figure>\n\t\t\t\t\t\t\t\t\t<\/div>\n\t\t\t\t<\/div>\n\t\t\t\t<div class=\"elementor-element elementor-element-7bdd6fc elementor-widget elementor-widget-heading\" data-id=\"7bdd6fc\" data-element_type=\"widget\" data-e-type=\"widget\" data-widget_type=\"heading.default\">\n\t\t\t\t<div class=\"elementor-widget-container\">\n\t\t\t\t\t<h3 class=\"elementor-heading-title elementor-size-default\">Bas\u00edlica de Santa Mar\u00eda de los Reales Alc\u00e1zares <\/h3>\t\t\t\t<\/div>\n\t\t\t\t<\/div>\n\t\t\t\t<div class=\"elementor-element elementor-element-6dba227d elementor-widget elementor-widget-text-editor\" data-id=\"6dba227d\" data-element_type=\"widget\" data-e-type=\"widget\" data-widget_type=\"text-editor.default\">\n\t\t\t\t<div class=\"elementor-widget-container\">\n\t\t\t\t\t\t\t\t\t<p>Davant del Palau de las Cadenas visualitzem la <strong>Bas\u00edlica de Santa Mar\u00eda de los Reales Alc\u00e1zares<\/strong> (<strong>6<\/strong>).<\/p><p>La Esgl\u00e9sia de Santa Mar\u00eda de los Reales Alc\u00e1zares d\u2019\u00dabeda s&#8217;assenta sobre un s\u00f2l arqueol\u00f2gic de l&#8217;Edat del Coure, lloc sagrat des de temps immemorials. Va ser edificada sobre les restes de la mesquita major, despr\u00e9s de la conquesta de la ciutat en 1233 per Fernando III el Santo i consagrada amb l&#8217;advocaci\u00f3 dels Reales Alc\u00e1zares y de Nuestra Se\u00f1ora de la Asunci\u00f3n.<\/p><p>La seva arquitectura \u00e9s de base g\u00f2tica florida, amb modificacions de tots els estils posteriors.<\/p><p>La fa\u00e7ana i portades, que daten de la primera meitat del segle XVII, constitueixen de fet l&#8217;\u00fanica part de l&#8217;edifici que respon a un pla previ i organitzat. La portada principal, de model d&#8217;arc de triomf, flanquejat per columnes cor\u00ednties. Est\u00e0 emmarcada per dos espadanyes de disseny classicista, constru\u00efdes al segle XIX, i el seu motiu central \u00e9s l&#8217;Adoraci\u00f3 dels Pastors.<\/p>\t\t\t\t\t\t\t\t<\/div>\n\t\t\t\t<\/div>\n\t\t\t\t<div class=\"elementor-element elementor-element-7f692f2b elementor-widget elementor-widget-menu-anchor\" data-id=\"7f692f2b\" data-element_type=\"widget\" data-e-type=\"widget\" data-widget_type=\"menu-anchor.default\">\n\t\t\t\t<div class=\"elementor-widget-container\">\n\t\t\t\t\t\t\t<div class=\"elementor-menu-anchor\" id=\"c2514\"><\/div>\n\t\t\t\t\t\t<\/div>\n\t\t\t\t<\/div>\n\t\t\t\t<div class=\"elementor-element elementor-element-112080c7 elementor-widget elementor-widget-image\" data-id=\"112080c7\" data-element_type=\"widget\" data-e-type=\"widget\" data-widget_type=\"image.default\">\n\t\t\t\t<div class=\"elementor-widget-container\">\n\t\t\t\t\t\t\t\t\t\t\t\t<figure class=\"wp-caption\">\n\t\t\t\t\t\t\t\t\t\t<img loading=\"lazy\" decoding=\"async\" width=\"366\" height=\"550\" src=\"https:\/\/www.elturistatranquil.com\/wp-content\/uploads\/F65-Ubeda-Bas\u00edlica-de-Santa-Mar\u00eda-de-los-Reales-Alc\u00e1zares-1.jpg\" class=\"attachment-large size-large wp-image-13755\" alt=\"\" \/>\t\t\t\t\t\t\t\t\t\t\t<figcaption class=\"widget-image-caption wp-caption-text\"><\/figcaption>\n\t\t\t\t\t\t\t\t\t\t<\/figure>\n\t\t\t\t\t\t\t\t\t<\/div>\n\t\t\t\t<\/div>\n\t\t\t\t<div class=\"elementor-element elementor-element-39e84d0a elementor-widget elementor-widget-heading\" data-id=\"39e84d0a\" data-element_type=\"widget\" data-e-type=\"widget\" data-widget_type=\"heading.default\">\n\t\t\t\t<div class=\"elementor-widget-container\">\n\t\t\t\t\t<h2 class=\"elementor-heading-title elementor-size-default\">Zona II<\/h2>\t\t\t\t<\/div>\n\t\t\t\t<\/div>\n\t\t\t\t<div class=\"elementor-element elementor-element-c83c98d elementor-widget elementor-widget-text-editor\" data-id=\"c83c98d\" data-element_type=\"widget\" data-e-type=\"widget\" data-widget_type=\"text-editor.default\">\n\t\t\t\t<div class=\"elementor-widget-container\">\n\t\t\t\t\t\t\t\t\t<p>Deixo enrere la <strong>pla\u00e7a V\u00e1zquez de Molina<\/strong> i em dirigeixo al barri de San Lorenzo, en direcci\u00f3 a ponent. Prenc el <strong>carrer Molinos<\/strong>, mostra de carrer popular del barri antic, que em condueix a la Puerta de Granada.<\/p>\t\t\t\t\t\t\t\t<\/div>\n\t\t\t\t<\/div>\n\t\t\t\t<div class=\"elementor-element elementor-element-2cd738a2 elementor-widget elementor-widget-menu-anchor\" data-id=\"2cd738a2\" data-element_type=\"widget\" data-e-type=\"widget\" data-widget_type=\"menu-anchor.default\">\n\t\t\t\t<div class=\"elementor-widget-container\">\n\t\t\t\t\t\t\t<div class=\"elementor-menu-anchor\" id=\"c2515\"><\/div>\n\t\t\t\t\t\t<\/div>\n\t\t\t\t<\/div>\n\t\t\t\t<div class=\"elementor-element elementor-element-7153df54 elementor-widget elementor-widget-image\" data-id=\"7153df54\" data-element_type=\"widget\" data-e-type=\"widget\" data-widget_type=\"image.default\">\n\t\t\t\t<div class=\"elementor-widget-container\">\n\t\t\t\t\t\t\t\t\t\t\t\t<figure class=\"wp-caption\">\n\t\t\t\t\t\t\t\t\t\t<img loading=\"lazy\" decoding=\"async\" width=\"800\" height=\"533\" src=\"https:\/\/www.elturistatranquil.com\/wp-content\/uploads\/F67-Ubeda-1.jpg\" class=\"attachment-large size-large wp-image-13757\" alt=\"\" srcset=\"https:\/\/www.elturistatranquil.com\/wp-content\/uploads\/F67-Ubeda-1.jpg 800w, https:\/\/www.elturistatranquil.com\/wp-content\/uploads\/F67-Ubeda-1-768x512.jpg 768w\" sizes=\"(max-width: 800px) 100vw, 800px\" \/>\t\t\t\t\t\t\t\t\t\t\t<figcaption class=\"widget-image-caption wp-caption-text\"><\/figcaption>\n\t\t\t\t\t\t\t\t\t\t<\/figure>\n\t\t\t\t\t\t\t\t\t<\/div>\n\t\t\t\t<\/div>\n\t\t\t\t<div class=\"elementor-element elementor-element-4939693a elementor-widget elementor-widget-heading\" data-id=\"4939693a\" data-element_type=\"widget\" data-e-type=\"widget\" data-widget_type=\"heading.default\">\n\t\t\t\t<div class=\"elementor-widget-container\">\n\t\t\t\t\t<h3 class=\"elementor-heading-title elementor-size-default\">Puerta de Granada <\/h3>\t\t\t\t<\/div>\n\t\t\t\t<\/div>\n\t\t\t\t<div class=\"elementor-element elementor-element-71c10cc9 elementor-widget elementor-widget-text-editor\" data-id=\"71c10cc9\" data-element_type=\"widget\" data-e-type=\"widget\" data-widget_type=\"text-editor.default\">\n\t\t\t\t<div class=\"elementor-widget-container\">\n\t\t\t\t\t\t\t\t\t<p>En el recorregut per la muralla ja havia passat davant de la <strong>Puerta de Granada<\/strong> (<strong>7, L<\/strong>) per l&#8217;exterior. Ara se m&#8217;ofereix des de l&#8217;interior del recinte.<\/p>\t\t\t\t\t\t\t\t<\/div>\n\t\t\t\t<\/div>\n\t\t\t\t<div class=\"elementor-element elementor-element-6ab68ad0 elementor-widget elementor-widget-menu-anchor\" data-id=\"6ab68ad0\" data-element_type=\"widget\" data-e-type=\"widget\" data-widget_type=\"menu-anchor.default\">\n\t\t\t\t<div class=\"elementor-widget-container\">\n\t\t\t\t\t\t\t<div class=\"elementor-menu-anchor\" id=\"c2516\"><\/div>\n\t\t\t\t\t\t<\/div>\n\t\t\t\t<\/div>\n\t\t\t\t<div class=\"elementor-element elementor-element-3fcaa70b elementor-widget elementor-widget-image\" data-id=\"3fcaa70b\" data-element_type=\"widget\" data-e-type=\"widget\" data-widget_type=\"image.default\">\n\t\t\t\t<div class=\"elementor-widget-container\">\n\t\t\t\t\t\t\t\t\t\t\t\t<figure class=\"wp-caption\">\n\t\t\t\t\t\t\t\t\t\t<img loading=\"lazy\" decoding=\"async\" width=\"800\" height=\"533\" src=\"https:\/\/www.elturistatranquil.com\/wp-content\/uploads\/F68-Ubeda-Puerta-de-Granada-1.jpg\" class=\"attachment-large size-large wp-image-13759\" alt=\"\" srcset=\"https:\/\/www.elturistatranquil.com\/wp-content\/uploads\/F68-Ubeda-Puerta-de-Granada-1.jpg 800w, https:\/\/www.elturistatranquil.com\/wp-content\/uploads\/F68-Ubeda-Puerta-de-Granada-1-768x512.jpg 768w\" sizes=\"(max-width: 800px) 100vw, 800px\" \/>\t\t\t\t\t\t\t\t\t\t\t<figcaption class=\"widget-image-caption wp-caption-text\"><\/figcaption>\n\t\t\t\t\t\t\t\t\t\t<\/figure>\n\t\t\t\t\t\t\t\t\t<\/div>\n\t\t\t\t<\/div>\n\t\t\t\t<div class=\"elementor-element elementor-element-1e83a44a elementor-widget elementor-widget-heading\" data-id=\"1e83a44a\" data-element_type=\"widget\" data-e-type=\"widget\" data-widget_type=\"heading.default\">\n\t\t\t\t<div class=\"elementor-widget-container\">\n\t\t\t\t\t<h3 class=\"elementor-heading-title elementor-size-default\">Casa de las Torres <\/h3>\t\t\t\t<\/div>\n\t\t\t\t<\/div>\n\t\t\t\t<div class=\"elementor-element elementor-element-73726c03 elementor-widget elementor-widget-text-editor\" data-id=\"73726c03\" data-element_type=\"widget\" data-e-type=\"widget\" data-widget_type=\"text-editor.default\">\n\t\t\t\t<div class=\"elementor-widget-container\">\n\t\t\t\t\t\t\t\t\t<p>Prossegueixo pel carrer <strong>Ventanas Bajas de San Lorenzo<\/strong> per situar-me a la <strong>pla\u00e7a de San Lorenzo<\/strong> davant la <strong>Casa de las Torres<\/strong> (<strong>8<\/strong>) que \u00e9s la seu de l&#8217;Escola d&#8217;Art.<\/p><p>Com \u00e9s habitual, aquesta imponent mansi\u00f3 palatina, constru\u00efda pel Condestable Ruy L\u00f3pez D\u00e1valos, ha sofert diversos canvis en la seva construcci\u00f3 al llarg dels segles.<\/p><p>L&#8217;estil arquitect\u00f2nic \u00e9s d&#8217;alc\u00e0sser urb\u00e0 amb torres de reminisc\u00e8ncies medievals, a partir d&#8217;un plantejament renaixentista.<\/p>\t\t\t\t\t\t\t\t<\/div>\n\t\t\t\t<\/div>\n\t\t\t\t<div class=\"elementor-element elementor-element-3d549ff7 elementor-widget elementor-widget-image\" data-id=\"3d549ff7\" data-element_type=\"widget\" data-e-type=\"widget\" data-widget_type=\"image.default\">\n\t\t\t\t<div class=\"elementor-widget-container\">\n\t\t\t\t\t\t\t\t\t\t\t\t<figure class=\"wp-caption\">\n\t\t\t\t\t\t\t\t\t\t<img loading=\"lazy\" decoding=\"async\" width=\"800\" height=\"533\" src=\"https:\/\/www.elturistatranquil.com\/wp-content\/uploads\/F69-Ubeda-Casa-de-las-Torres-1.jpg\" class=\"attachment-large size-large wp-image-13761\" alt=\"\" srcset=\"https:\/\/www.elturistatranquil.com\/wp-content\/uploads\/F69-Ubeda-Casa-de-las-Torres-1.jpg 800w, https:\/\/www.elturistatranquil.com\/wp-content\/uploads\/F69-Ubeda-Casa-de-las-Torres-1-768x512.jpg 768w\" sizes=\"(max-width: 800px) 100vw, 800px\" \/>\t\t\t\t\t\t\t\t\t\t\t<figcaption class=\"widget-image-caption wp-caption-text\"><\/figcaption>\n\t\t\t\t\t\t\t\t\t\t<\/figure>\n\t\t\t\t\t\t\t\t\t<\/div>\n\t\t\t\t<\/div>\n\t\t\t\t<div class=\"elementor-element elementor-element-3f43840d elementor-widget elementor-widget-text-editor\" data-id=\"3f43840d\" data-element_type=\"widget\" data-e-type=\"widget\" data-widget_type=\"text-editor.default\">\n\t\t\t\t<div class=\"elementor-widget-container\">\n\t\t\t\t\t\t\t\t\t<p>T\u00e9 una portada plateresca d&#8217;estil castell\u00e0 que recorda la famosa Casa de las Conchas de Salamanca, per la proliferaci\u00f3 de petxines, a causa que el seu promotor pertanyia a l&#8217;ordre de Sant Jaume.<\/p><p>La Portada, est\u00e0 dividida en tres cossos i flanquejada per dues torres que li donen nom. Aquestes torres constitueixen, en el prototip ideal de casa de la XVI, un element de gran prestigi. Actualment, la mida de les dues torres est\u00e0 una mica m\u00e9s rebaixat que el de les originals.<\/p><p>Presenta un primer cos amb una gran dovella de mig punt entre columnes. El segon dominat per un front\u00f3 circular amb l&#8217;escut de D\u00e1valos i Orozco i finestres amb columnes abalaustradas. El tercer cos compost per un gran frontis triangular amb les armes de la fam\u00edlia.<\/p>\t\t\t\t\t\t\t\t<\/div>\n\t\t\t\t<\/div>\n\t\t\t\t<div class=\"elementor-element elementor-element-24a886b9 elementor-widget elementor-widget-image\" data-id=\"24a886b9\" data-element_type=\"widget\" data-e-type=\"widget\" data-widget_type=\"image.default\">\n\t\t\t\t<div class=\"elementor-widget-container\">\n\t\t\t\t\t\t\t\t\t\t\t\t<figure class=\"wp-caption\">\n\t\t\t\t\t\t\t\t\t\t<img loading=\"lazy\" decoding=\"async\" width=\"407\" height=\"550\" src=\"https:\/\/www.elturistatranquil.com\/wp-content\/uploads\/F70-Ubeda-Casa-de-las-Torres-1.jpg\" class=\"attachment-large size-large wp-image-13763\" alt=\"\" \/>\t\t\t\t\t\t\t\t\t\t\t<figcaption class=\"widget-image-caption wp-caption-text\"><\/figcaption>\n\t\t\t\t\t\t\t\t\t\t<\/figure>\n\t\t\t\t\t\t\t\t\t<\/div>\n\t\t\t\t<\/div>\n\t\t\t\t<div class=\"elementor-element elementor-element-685d089d elementor-widget elementor-widget-text-editor\" data-id=\"685d089d\" data-element_type=\"widget\" data-e-type=\"widget\" data-widget_type=\"text-editor.default\">\n\t\t\t\t<div class=\"elementor-widget-container\">\n\t\t\t\t\t\t\t\t\t<p>A l&#8217;interior es troba un pati renaixentista amb una doble arcada de columnes.<\/p>\t\t\t\t\t\t\t\t<\/div>\n\t\t\t\t<\/div>\n\t\t\t\t<div class=\"elementor-element elementor-element-4437c95c elementor-widget elementor-widget-menu-anchor\" data-id=\"4437c95c\" data-element_type=\"widget\" data-e-type=\"widget\" data-widget_type=\"menu-anchor.default\">\n\t\t\t\t<div class=\"elementor-widget-container\">\n\t\t\t\t\t\t\t<div class=\"elementor-menu-anchor\" id=\"c2517\"><\/div>\n\t\t\t\t\t\t<\/div>\n\t\t\t\t<\/div>\n\t\t\t\t<div class=\"elementor-element elementor-element-3f3badf7 elementor-widget elementor-widget-image\" data-id=\"3f3badf7\" data-element_type=\"widget\" data-e-type=\"widget\" data-widget_type=\"image.default\">\n\t\t\t\t<div class=\"elementor-widget-container\">\n\t\t\t\t\t\t\t\t\t\t\t\t<figure class=\"wp-caption\">\n\t\t\t\t\t\t\t\t\t\t<img loading=\"lazy\" decoding=\"async\" width=\"800\" height=\"533\" src=\"https:\/\/www.elturistatranquil.com\/wp-content\/uploads\/F71-Ubeda-Casa-de-las-Torres-1.jpg\" class=\"attachment-large size-large wp-image-13765\" alt=\"\" srcset=\"https:\/\/www.elturistatranquil.com\/wp-content\/uploads\/F71-Ubeda-Casa-de-las-Torres-1.jpg 800w, https:\/\/www.elturistatranquil.com\/wp-content\/uploads\/F71-Ubeda-Casa-de-las-Torres-1-768x512.jpg 768w\" sizes=\"(max-width: 800px) 100vw, 800px\" \/>\t\t\t\t\t\t\t\t\t\t\t<figcaption class=\"widget-image-caption wp-caption-text\"><\/figcaption>\n\t\t\t\t\t\t\t\t\t\t<\/figure>\n\t\t\t\t\t\t\t\t\t<\/div>\n\t\t\t\t<\/div>\n\t\t\t\t<div class=\"elementor-element elementor-element-267e03ce elementor-widget elementor-widget-heading\" data-id=\"267e03ce\" data-element_type=\"widget\" data-e-type=\"widget\" data-widget_type=\"heading.default\">\n\t\t\t\t<div class=\"elementor-widget-container\">\n\t\t\t\t\t<h3 class=\"elementor-heading-title elementor-size-default\">Palau dels Medinilla <\/h3>\t\t\t\t<\/div>\n\t\t\t\t<\/div>\n\t\t\t\t<div class=\"elementor-element elementor-element-76a4eacd elementor-widget elementor-widget-text-editor\" data-id=\"76a4eacd\" data-element_type=\"widget\" data-e-type=\"widget\" data-widget_type=\"text-editor.default\">\n\t\t\t\t<div class=\"elementor-widget-container\">\n\t\t\t\t\t\t\t\t\t<p>Seguint cap al nord pel <strong>carrer Jurado G\u00f3mez<\/strong>, a la cantonada amb el <strong>carrer Luna y Sol<\/strong> comen\u00e7a al <strong>Palau dels Medinilla <\/strong>(<strong>9<\/strong>), una mansi\u00f3 palatina que tamb\u00e9 s&#8217;organitza, com \u00e9s t\u00edpic en l&#8217;arquitectura civil d&#8217;\u00dabeda, al voltant de un pati central amb columnes. A la fa\u00e7ana predomina el sentit d&#8217;horitzontalitat. Aquest Palau es mostra dividit en dos cossos. En el primer es troba la portada lleugerament despla\u00e7ada amb arc de mig punt de tradici\u00f3 plateresca, i als costats, dos parells de pilastres que l&#8217;emmarquen. En el segon, que \u00e9s el primer que visualitzo en el recorregut, la porta amb front\u00f3 d\u00f3na acc\u00e9s al pati de la mansi\u00f3.<\/p><p>El Palau dels Medinilla \u00e9s un exemple de renaixement tard\u00e0 amb elements ja barrocs, amb alternan\u00e7a de frontons partits i corbs.<\/p><p>L&#8217;atractiu del recinte i els seus patis s&#8217;aprofiten com a recinte de noces i celebracions.<\/p>\t\t\t\t\t\t\t\t<\/div>\n\t\t\t\t<\/div>\n\t\t\t\t<div class=\"elementor-element elementor-element-71efa8b8 elementor-widget elementor-widget-image\" data-id=\"71efa8b8\" data-element_type=\"widget\" data-e-type=\"widget\" data-widget_type=\"image.default\">\n\t\t\t\t<div class=\"elementor-widget-container\">\n\t\t\t\t\t\t\t\t\t\t\t\t<figure class=\"wp-caption\">\n\t\t\t\t\t\t\t\t\t\t<img loading=\"lazy\" decoding=\"async\" width=\"800\" height=\"533\" src=\"https:\/\/www.elturistatranquil.com\/wp-content\/uploads\/F72-Ubeda-Palacio-de-los-Medinilla-2.jpg\" class=\"attachment-large size-large wp-image-13767\" alt=\"\" srcset=\"https:\/\/www.elturistatranquil.com\/wp-content\/uploads\/F72-Ubeda-Palacio-de-los-Medinilla-2.jpg 800w, https:\/\/www.elturistatranquil.com\/wp-content\/uploads\/F72-Ubeda-Palacio-de-los-Medinilla-2-768x512.jpg 768w\" sizes=\"(max-width: 800px) 100vw, 800px\" \/>\t\t\t\t\t\t\t\t\t\t\t<figcaption class=\"widget-image-caption wp-caption-text\"><\/figcaption>\n\t\t\t\t\t\t\t\t\t\t<\/figure>\n\t\t\t\t\t\t\t\t\t<\/div>\n\t\t\t\t<\/div>\n\t\t\t\t<div class=\"elementor-element elementor-element-58d33f39 elementor-widget elementor-widget-menu-anchor\" data-id=\"58d33f39\" data-element_type=\"widget\" data-e-type=\"widget\" data-widget_type=\"menu-anchor.default\">\n\t\t\t\t<div class=\"elementor-widget-container\">\n\t\t\t\t\t\t\t<div class=\"elementor-menu-anchor\" id=\"c2518\"><\/div>\n\t\t\t\t\t\t<\/div>\n\t\t\t\t<\/div>\n\t\t\t\t<div class=\"elementor-element elementor-element-74570f88 elementor-widget elementor-widget-image\" data-id=\"74570f88\" data-element_type=\"widget\" data-e-type=\"widget\" data-widget_type=\"image.default\">\n\t\t\t\t<div class=\"elementor-widget-container\">\n\t\t\t\t\t\t\t\t\t\t\t\t<figure class=\"wp-caption\">\n\t\t\t\t\t\t\t\t\t\t<img loading=\"lazy\" decoding=\"async\" width=\"800\" height=\"533\" src=\"https:\/\/www.elturistatranquil.com\/wp-content\/uploads\/F73-Ubeda-Palacio-de-los-Medinilla-1.jpg\" class=\"attachment-large size-large wp-image-13769\" alt=\"\" srcset=\"https:\/\/www.elturistatranquil.com\/wp-content\/uploads\/F73-Ubeda-Palacio-de-los-Medinilla-1.jpg 800w, https:\/\/www.elturistatranquil.com\/wp-content\/uploads\/F73-Ubeda-Palacio-de-los-Medinilla-1-768x512.jpg 768w\" sizes=\"(max-width: 800px) 100vw, 800px\" \/>\t\t\t\t\t\t\t\t\t\t\t<figcaption class=\"widget-image-caption wp-caption-text\"><\/figcaption>\n\t\t\t\t\t\t\t\t\t\t<\/figure>\n\t\t\t\t\t\t\t\t\t<\/div>\n\t\t\t\t<\/div>\n\t\t\t\t<div class=\"elementor-element elementor-element-3da8eea2 elementor-widget elementor-widget-heading\" data-id=\"3da8eea2\" data-element_type=\"widget\" data-e-type=\"widget\" data-widget_type=\"heading.default\">\n\t\t\t\t<div class=\"elementor-widget-container\">\n\t\t\t\t\t<h3 class=\"elementor-heading-title elementor-size-default\">Esgl\u00e9sia de Santo Domingo <\/h3>\t\t\t\t<\/div>\n\t\t\t\t<\/div>\n\t\t\t\t<div class=\"elementor-element elementor-element-18c4c2ec elementor-widget elementor-widget-text-editor\" data-id=\"18c4c2ec\" data-element_type=\"widget\" data-e-type=\"widget\" data-widget_type=\"text-editor.default\">\n\t\t\t\t<div class=\"elementor-widget-container\">\n\t\t\t\t\t\t\t\t\t<p>El <strong>carrer\u00f3 Luna y Sol<\/strong> em condueix a l&#8217;<strong>Esgl\u00e9sia de Santo Domingo<\/strong> (<strong>10<\/strong>). El cos est\u00e0 lliure d&#8217;edificacions, amb una placeta davant la porta principal al costat de l&#8217;ep\u00edstola i una altra pel costat de l&#8217;evangeli, per\u00f2 amb l&#8217;absis enganxada a l&#8217;illa de cases posterior.<\/p><p>L&#8217;origen de l&#8217;Esgl\u00e9sia se situa entre els segles XIII i XVI, encara que l&#8217;estil \u00e9s g\u00f2tic-mud\u00e8jar del segle XV.<\/p><p>La portada pel costat de l&#8217;evangeli des del <strong>carrer Coraz\u00f3n de Jes\u00fas<\/strong>, \u00e9s renaixentista de finals del segle XVI, molt simple, del tipus d&#8217;arc del triomf.<\/p>\t\t\t\t\t\t\t\t<\/div>\n\t\t\t\t<\/div>\n\t\t\t\t<div class=\"elementor-element elementor-element-7483b5a4 elementor-widget elementor-widget-image\" data-id=\"7483b5a4\" data-element_type=\"widget\" data-e-type=\"widget\" data-widget_type=\"image.default\">\n\t\t\t\t<div class=\"elementor-widget-container\">\n\t\t\t\t\t\t\t\t\t\t\t\t<figure class=\"wp-caption\">\n\t\t\t\t\t\t\t\t\t\t<img loading=\"lazy\" decoding=\"async\" width=\"800\" height=\"533\" src=\"https:\/\/www.elturistatranquil.com\/wp-content\/uploads\/F74-Ubeda-Iglesia-de-Santo-Domingo-1.jpg\" class=\"attachment-large size-large wp-image-13771\" alt=\"\" srcset=\"https:\/\/www.elturistatranquil.com\/wp-content\/uploads\/F74-Ubeda-Iglesia-de-Santo-Domingo-1.jpg 800w, https:\/\/www.elturistatranquil.com\/wp-content\/uploads\/F74-Ubeda-Iglesia-de-Santo-Domingo-1-768x512.jpg 768w\" sizes=\"(max-width: 800px) 100vw, 800px\" \/>\t\t\t\t\t\t\t\t\t\t\t<figcaption class=\"widget-image-caption wp-caption-text\"><\/figcaption>\n\t\t\t\t\t\t\t\t\t\t<\/figure>\n\t\t\t\t\t\t\t\t\t<\/div>\n\t\t\t\t<\/div>\n\t\t\t\t<div class=\"elementor-element elementor-element-227d6777 elementor-widget elementor-widget-text-editor\" data-id=\"227d6777\" data-element_type=\"widget\" data-e-type=\"widget\" data-widget_type=\"text-editor.default\">\n\t\t\t\t<div class=\"elementor-widget-container\">\n\t\t\t\t\t\t\t\t\t<p>Entrada pel costat de l&#8217;ep\u00edstola des de la placeta al <strong>carrer Santo Domingo<\/strong> \u00e9s una de les primeres plateresques de la zona, de mig punt i grans dovelles decorades amb rosetes. Tamb\u00e9 de tipus arc de triomf.<\/p><p>La torre va ser reedificada en 1702.<\/p>\t\t\t\t\t\t\t\t<\/div>\n\t\t\t\t<\/div>\n\t\t\t\t<div class=\"elementor-element elementor-element-25a073a5 elementor-widget elementor-widget-image\" data-id=\"25a073a5\" data-element_type=\"widget\" data-e-type=\"widget\" data-widget_type=\"image.default\">\n\t\t\t\t<div class=\"elementor-widget-container\">\n\t\t\t\t\t\t\t\t\t\t\t\t<figure class=\"wp-caption\">\n\t\t\t\t\t\t\t\t\t\t<img loading=\"lazy\" decoding=\"async\" width=\"800\" height=\"533\" src=\"https:\/\/www.elturistatranquil.com\/wp-content\/uploads\/F75-Ubeda-Iglesia-de-Santo-Domingo-1.jpg\" class=\"attachment-large size-large wp-image-13773\" alt=\"\" srcset=\"https:\/\/www.elturistatranquil.com\/wp-content\/uploads\/F75-Ubeda-Iglesia-de-Santo-Domingo-1.jpg 800w, https:\/\/www.elturistatranquil.com\/wp-content\/uploads\/F75-Ubeda-Iglesia-de-Santo-Domingo-1-768x512.jpg 768w\" sizes=\"(max-width: 800px) 100vw, 800px\" \/>\t\t\t\t\t\t\t\t\t\t\t<figcaption class=\"widget-image-caption wp-caption-text\"><\/figcaption>\n\t\t\t\t\t\t\t\t\t\t<\/figure>\n\t\t\t\t\t\t\t\t\t<\/div>\n\t\t\t\t<\/div>\n\t\t\t\t<div class=\"elementor-element elementor-element-2cb9c8a3 elementor-widget elementor-widget-menu-anchor\" data-id=\"2cb9c8a3\" data-element_type=\"widget\" data-e-type=\"widget\" data-widget_type=\"menu-anchor.default\">\n\t\t\t\t<div class=\"elementor-widget-container\">\n\t\t\t\t\t\t\t<div class=\"elementor-menu-anchor\" id=\"c2519\"><\/div>\n\t\t\t\t\t\t<\/div>\n\t\t\t\t<\/div>\n\t\t\t\t<div class=\"elementor-element elementor-element-3d3a31d9 elementor-widget elementor-widget-image\" data-id=\"3d3a31d9\" data-element_type=\"widget\" data-e-type=\"widget\" data-widget_type=\"image.default\">\n\t\t\t\t<div class=\"elementor-widget-container\">\n\t\t\t\t\t\t\t\t\t\t\t\t<figure class=\"wp-caption\">\n\t\t\t\t\t\t\t\t\t\t<img loading=\"lazy\" decoding=\"async\" width=\"800\" height=\"533\" src=\"https:\/\/www.elturistatranquil.com\/wp-content\/uploads\/F75b-Ubeda-Iglesia-de-Santo-Domingo-1.jpg\" class=\"attachment-large size-large wp-image-13775\" alt=\"\" srcset=\"https:\/\/www.elturistatranquil.com\/wp-content\/uploads\/F75b-Ubeda-Iglesia-de-Santo-Domingo-1.jpg 800w, https:\/\/www.elturistatranquil.com\/wp-content\/uploads\/F75b-Ubeda-Iglesia-de-Santo-Domingo-1-768x512.jpg 768w\" sizes=\"(max-width: 800px) 100vw, 800px\" \/>\t\t\t\t\t\t\t\t\t\t\t<figcaption class=\"widget-image-caption wp-caption-text\"><\/figcaption>\n\t\t\t\t\t\t\t\t\t\t<\/figure>\n\t\t\t\t\t\t\t\t\t<\/div>\n\t\t\t\t<\/div>\n\t\t\t\t<div class=\"elementor-element elementor-element-5b48453d elementor-widget elementor-widget-heading\" data-id=\"5b48453d\" data-element_type=\"widget\" data-e-type=\"widget\" data-widget_type=\"heading.default\">\n\t\t\t\t<div class=\"elementor-widget-container\">\n\t\t\t\t\t<h3 class=\"elementor-heading-title elementor-size-default\">Palau Marqu\u00e9s del Contadero <\/h3>\t\t\t\t<\/div>\n\t\t\t\t<\/div>\n\t\t\t\t<div class=\"elementor-element elementor-element-7b029436 elementor-widget elementor-widget-text-editor\" data-id=\"7b029436\" data-element_type=\"widget\" data-e-type=\"widget\" data-widget_type=\"text-editor.default\">\n\t\t\t\t<div class=\"elementor-widget-container\">\n\t\t\t\t\t\t\t\t\t<p>La primera cantonada a l&#8217;esquerra del <strong>carrer Coraz\u00f3n de Jes\u00fas<\/strong> amb el <strong>carrer Baja del Marqu\u00e9s<\/strong>, alberga el <strong>Palau Marqu\u00e9s del Contadero<\/strong> (<strong>11<\/strong>).<\/p><p>Constru\u00eft l&#8217;any 1788, encara que segueix pautes renaixentistes del segle XVI.<\/p><p>La portada del Palau Marqu\u00e8s de Contadero \u00e9s d&#8217;arc de mig punt, flanquejada per columnes j\u00f2niques amb fust llis. Sobre l&#8217;entaulament se situa un balc\u00f3 corregut, coronat per un front\u00f3 partit amb escuts. Sobre aquest apareix un cos \u00e0tic a manera de solana (mirador orientat cap al sud), element molt caracter\u00edstic de les construccions d&#8217;aquesta zona.<\/p>\t\t\t\t\t\t\t\t<\/div>\n\t\t\t\t<\/div>\n\t\t\t\t<div class=\"elementor-element elementor-element-37322ff0 elementor-widget elementor-widget-menu-anchor\" data-id=\"37322ff0\" data-element_type=\"widget\" data-e-type=\"widget\" data-widget_type=\"menu-anchor.default\">\n\t\t\t\t<div class=\"elementor-widget-container\">\n\t\t\t\t\t\t\t<div class=\"elementor-menu-anchor\" id=\"c2520\"><\/div>\n\t\t\t\t\t\t<\/div>\n\t\t\t\t<\/div>\n\t\t\t\t<div class=\"elementor-element elementor-element-4004d09f elementor-widget elementor-widget-image\" data-id=\"4004d09f\" data-element_type=\"widget\" data-e-type=\"widget\" data-widget_type=\"image.default\">\n\t\t\t\t<div class=\"elementor-widget-container\">\n\t\t\t\t\t\t\t\t\t\t\t\t<figure class=\"wp-caption\">\n\t\t\t\t\t\t\t\t\t\t<img loading=\"lazy\" decoding=\"async\" width=\"800\" height=\"533\" src=\"https:\/\/www.elturistatranquil.com\/wp-content\/uploads\/F76-Ubeda-Palacio-Marqu\u00e9s-del-Contadero-1.jpg\" class=\"attachment-large size-large wp-image-13777\" alt=\"\" srcset=\"https:\/\/www.elturistatranquil.com\/wp-content\/uploads\/F76-Ubeda-Palacio-Marqu\u00e9s-del-Contadero-1.jpg 800w, https:\/\/www.elturistatranquil.com\/wp-content\/uploads\/F76-Ubeda-Palacio-Marqu\u00e9s-del-Contadero-1-768x512.jpg 768w\" sizes=\"(max-width: 800px) 100vw, 800px\" \/>\t\t\t\t\t\t\t\t\t\t\t<figcaption class=\"widget-image-caption wp-caption-text\"><\/figcaption>\n\t\t\t\t\t\t\t\t\t\t<\/figure>\n\t\t\t\t\t\t\t\t\t<\/div>\n\t\t\t\t<\/div>\n\t\t\t\t<div class=\"elementor-element elementor-element-70b9a97f elementor-widget elementor-widget-heading\" data-id=\"70b9a97f\" data-element_type=\"widget\" data-e-type=\"widget\" data-widget_type=\"heading.default\">\n\t\t\t\t<div class=\"elementor-widget-container\">\n\t\t\t\t\t<h3 class=\"elementor-heading-title elementor-size-default\">Real Monasterio de Santa Clara <\/h3>\t\t\t\t<\/div>\n\t\t\t\t<\/div>\n\t\t\t\t<div class=\"elementor-element elementor-element-283e720a elementor-widget elementor-widget-text-editor\" data-id=\"283e720a\" data-element_type=\"widget\" data-e-type=\"widget\" data-widget_type=\"text-editor.default\">\n\t\t\t\t<div class=\"elementor-widget-container\">\n\t\t\t\t\t\t\t\t\t<p>Seguint carrer amunt, i amb un petit gir en el carrer<strong> Horno de Santa Clara<\/strong>, apareix el <strong>Real Monasterio de Santa Clara<\/strong> (<strong>12<\/strong>), que es mant\u00e9 actualment com a Convent de clausura de les Clarisses Franciscanes.<\/p><p>Va ser el primer convent de monges a \u00dabeda, amb documentaci\u00f3 des de 1290.<\/p><p>D&#8217;estil g\u00f2tic-mud\u00e8jar, renaixentista i barroc, amb la portada a la pla\u00e7a barroca del segle XVIII.<\/p><p>Amb posterioritat he sabut que es poden adquirir productes de rebosteria fets per les monges. Una ll\u00e0stima.<\/p>\t\t\t\t\t\t\t\t<\/div>\n\t\t\t\t<\/div>\n\t\t\t\t<div class=\"elementor-element elementor-element-79a6fdf5 elementor-widget elementor-widget-image\" data-id=\"79a6fdf5\" data-element_type=\"widget\" data-e-type=\"widget\" data-widget_type=\"image.default\">\n\t\t\t\t<div class=\"elementor-widget-container\">\n\t\t\t\t\t\t\t\t\t\t\t\t<figure class=\"wp-caption\">\n\t\t\t\t\t\t\t\t\t\t<img loading=\"lazy\" decoding=\"async\" width=\"800\" height=\"533\" src=\"https:\/\/www.elturistatranquil.com\/wp-content\/uploads\/F77-Ubeda-Real-Monasterio-de-Santa-Clara-1.jpg\" class=\"attachment-large size-large wp-image-13779\" alt=\"\" srcset=\"https:\/\/www.elturistatranquil.com\/wp-content\/uploads\/F77-Ubeda-Real-Monasterio-de-Santa-Clara-1.jpg 800w, https:\/\/www.elturistatranquil.com\/wp-content\/uploads\/F77-Ubeda-Real-Monasterio-de-Santa-Clara-1-768x512.jpg 768w\" sizes=\"(max-width: 800px) 100vw, 800px\" \/>\t\t\t\t\t\t\t\t\t\t\t<figcaption class=\"widget-image-caption wp-caption-text\"><\/figcaption>\n\t\t\t\t\t\t\t\t\t\t<\/figure>\n\t\t\t\t\t\t\t\t\t<\/div>\n\t\t\t\t<\/div>\n\t\t\t\t<div class=\"elementor-element elementor-element-4af83b9c elementor-widget elementor-widget-text-editor\" data-id=\"4af83b9c\" data-element_type=\"widget\" data-e-type=\"widget\" data-widget_type=\"text-editor.default\">\n\t\t\t\t<div class=\"elementor-widget-container\">\n\t\t\t\t\t\t\t\t\t<p>Despr\u00e9s d&#8217;entrar a un petit pati apareix la portada mud\u00e8jar d&#8217;acc\u00e9s a l&#8217;Esgl\u00e9sia, amb l&#8217;escut dels \u00c0ustria.<\/p>\t\t\t\t\t\t\t\t<\/div>\n\t\t\t\t<\/div>\n\t\t\t\t<div class=\"elementor-element elementor-element-72bb558f elementor-widget elementor-widget-image\" data-id=\"72bb558f\" data-element_type=\"widget\" data-e-type=\"widget\" data-widget_type=\"image.default\">\n\t\t\t\t<div class=\"elementor-widget-container\">\n\t\t\t\t\t\t\t\t\t\t\t\t<figure class=\"wp-caption\">\n\t\t\t\t\t\t\t\t\t\t<img loading=\"lazy\" decoding=\"async\" width=\"391\" height=\"550\" src=\"https:\/\/www.elturistatranquil.com\/wp-content\/uploads\/F78-Ubeda-Real-Monasterio-de-Santa-Clara-1.jpg\" class=\"attachment-large size-large wp-image-13781\" alt=\"\" \/>\t\t\t\t\t\t\t\t\t\t\t<figcaption class=\"widget-image-caption wp-caption-text\"><\/figcaption>\n\t\t\t\t\t\t\t\t\t\t<\/figure>\n\t\t\t\t\t\t\t\t\t<\/div>\n\t\t\t\t<\/div>\n\t\t\t\t<div class=\"elementor-element elementor-element-59ef34c7 elementor-widget elementor-widget-text-editor\" data-id=\"59ef34c7\" data-element_type=\"widget\" data-e-type=\"widget\" data-widget_type=\"text-editor.default\">\n\t\t\t\t<div class=\"elementor-widget-container\">\n\t\t\t\t\t\t\t\t\t<p>Passant a la dreta per la <strong>pla\u00e7a \u00c1lvaro de Torres<\/strong>, i despr\u00e9s pel <strong>carrer Mar\u00eda de Molina<\/strong>, em dirigeixo cap a la <strong>pla\u00e7a 1\u00ba de Mayo<\/strong>.<\/p>\t\t\t\t\t\t\t\t<\/div>\n\t\t\t\t<\/div>\n\t\t\t\t<div class=\"elementor-element elementor-element-1451dd4f elementor-widget elementor-widget-menu-anchor\" data-id=\"1451dd4f\" data-element_type=\"widget\" data-e-type=\"widget\" data-widget_type=\"menu-anchor.default\">\n\t\t\t\t<div class=\"elementor-widget-container\">\n\t\t\t\t\t\t\t<div class=\"elementor-menu-anchor\" id=\"c2521\"><\/div>\n\t\t\t\t\t\t<\/div>\n\t\t\t\t<\/div>\n\t\t\t\t<div class=\"elementor-element elementor-element-41177048 elementor-widget elementor-widget-image\" data-id=\"41177048\" data-element_type=\"widget\" data-e-type=\"widget\" data-widget_type=\"image.default\">\n\t\t\t\t<div class=\"elementor-widget-container\">\n\t\t\t\t\t\t\t\t\t\t\t\t<figure class=\"wp-caption\">\n\t\t\t\t\t\t\t\t\t\t<img loading=\"lazy\" decoding=\"async\" width=\"800\" height=\"533\" src=\"https:\/\/www.elturistatranquil.com\/wp-content\/uploads\/F79-Ubeda-1.jpg\" class=\"attachment-large size-large wp-image-13783\" alt=\"\" srcset=\"https:\/\/www.elturistatranquil.com\/wp-content\/uploads\/F79-Ubeda-1.jpg 800w, https:\/\/www.elturistatranquil.com\/wp-content\/uploads\/F79-Ubeda-1-768x512.jpg 768w\" sizes=\"(max-width: 800px) 100vw, 800px\" \/>\t\t\t\t\t\t\t\t\t\t\t<figcaption class=\"widget-image-caption wp-caption-text\"><\/figcaption>\n\t\t\t\t\t\t\t\t\t\t<\/figure>\n\t\t\t\t\t\t\t\t\t<\/div>\n\t\t\t\t<\/div>\n\t\t\t\t<div class=\"elementor-element elementor-element-69850ffc elementor-widget elementor-widget-heading\" data-id=\"69850ffc\" data-element_type=\"widget\" data-e-type=\"widget\" data-widget_type=\"heading.default\">\n\t\t\t\t<div class=\"elementor-widget-container\">\n\t\t\t\t\t<h2 class=\"elementor-heading-title elementor-size-default\">Zona III<\/h2>\t\t\t\t<\/div>\n\t\t\t\t<\/div>\n\t\t\t\t<div class=\"elementor-element elementor-element-1e2af216 elementor-widget elementor-widget-text-editor\" data-id=\"1e2af216\" data-element_type=\"widget\" data-e-type=\"widget\" data-widget_type=\"text-editor.default\">\n\t\t\t\t<div class=\"elementor-widget-container\">\n\t\t\t\t\t\t\t\t\t<p>A l&#8217;entrar a la <strong>pla\u00e7a 1\u00ba de Mayo<\/strong> visualitzo a la dreta el <strong>carrer Juan Ru\u00edz Gonz\u00e1lez<\/strong>, art\u00e8ria que al fons mostra la <strong>pla\u00e7a V\u00e1zquez de Molina<\/strong>, on s&#8217;aprecia un conjunt d&#8217;edificacions del segle XIX.<\/p>\t\t\t\t\t\t\t\t<\/div>\n\t\t\t\t<\/div>\n\t\t\t\t<div class=\"elementor-element elementor-element-46947d9b elementor-widget elementor-widget-menu-anchor\" data-id=\"46947d9b\" data-element_type=\"widget\" data-e-type=\"widget\" data-widget_type=\"menu-anchor.default\">\n\t\t\t\t<div class=\"elementor-widget-container\">\n\t\t\t\t\t\t\t<div class=\"elementor-menu-anchor\" id=\"c2522\"><\/div>\n\t\t\t\t\t\t<\/div>\n\t\t\t\t<\/div>\n\t\t\t\t<div class=\"elementor-element elementor-element-199a12d9 elementor-widget elementor-widget-image\" data-id=\"199a12d9\" data-element_type=\"widget\" data-e-type=\"widget\" data-widget_type=\"image.default\">\n\t\t\t\t<div class=\"elementor-widget-container\">\n\t\t\t\t\t\t\t\t\t\t\t\t<figure class=\"wp-caption\">\n\t\t\t\t\t\t\t\t\t\t<img loading=\"lazy\" decoding=\"async\" width=\"800\" height=\"533\" src=\"https:\/\/www.elturistatranquil.com\/wp-content\/uploads\/F80-Ubeda-1.jpg\" class=\"attachment-large size-large wp-image-13785\" alt=\"\" srcset=\"https:\/\/www.elturistatranquil.com\/wp-content\/uploads\/F80-Ubeda-1.jpg 800w, https:\/\/www.elturistatranquil.com\/wp-content\/uploads\/F80-Ubeda-1-768x512.jpg 768w\" sizes=\"(max-width: 800px) 100vw, 800px\" \/>\t\t\t\t\t\t\t\t\t\t\t<figcaption class=\"widget-image-caption wp-caption-text\"><\/figcaption>\n\t\t\t\t\t\t\t\t\t\t<\/figure>\n\t\t\t\t\t\t\t\t\t<\/div>\n\t\t\t\t<\/div>\n\t\t\t\t<div class=\"elementor-element elementor-element-20a3dfaa elementor-widget elementor-widget-heading\" data-id=\"20a3dfaa\" data-element_type=\"widget\" data-e-type=\"widget\" data-widget_type=\"heading.default\">\n\t\t\t\t<div class=\"elementor-widget-container\">\n\t\t\t\t\t<h3 class=\"elementor-heading-title elementor-size-default\">Ayuntamiento viejo <\/h3>\t\t\t\t<\/div>\n\t\t\t\t<\/div>\n\t\t\t\t<div class=\"elementor-element elementor-element-654be7da elementor-widget elementor-widget-text-editor\" data-id=\"654be7da\" data-element_type=\"widget\" data-e-type=\"widget\" data-widget_type=\"text-editor.default\">\n\t\t\t\t<div class=\"elementor-widget-container\">\n\t\t\t\t\t\t\t\t\t<p>A l&#8217;esquerra em fixo en el <strong>Ayuntamiento Viejo<\/strong> (<strong>13<\/strong>).<\/p><p>La <strong>pla\u00e7a 1\u00ba de Mayo<\/strong>, abans <strong>pla\u00e7a del Mercado<\/strong>, havia estat fins al segle XV el lloc de reuni\u00f3 del Consell de la ciutat i els nobles a l&#8217;Esgl\u00e9sia de San Pablo, a l&#8217;extrem nord de la pla\u00e7a.<\/p><p>La pretensi\u00f3 de comptar amb un edifici representatiu del Consell va fer que des de 1505 s&#8217;inici\u00e9s el proc\u00e9s per construir un Ajuntament. Sobre 1514 es va disposar d&#8217;un primer. En 1680 s&#8217;acaba una profunda reforma, amb la incorporaci\u00f3 d&#8217;un segon cos amb arquer\u00eda i unes forn\u00edcules amb les imatges de Sant Miquel i Sant Joan de la Creu, patr\u00f3 i copatr\u00f3 de la ciutat respectivament.<\/p><p>La plata baixa presentava una l\u00f2gia, com van tenir molts ajuntaments del llevant espanyol d&#8217;aquesta \u00e8poca, amb tres arcs de mig punt sobre dobles columnes cor\u00ednties.<\/p>\t\t\t\t\t\t\t\t<\/div>\n\t\t\t\t<\/div>\n\t\t\t\t<div class=\"elementor-element elementor-element-7bd73339 elementor-widget elementor-widget-image\" data-id=\"7bd73339\" data-element_type=\"widget\" data-e-type=\"widget\" data-widget_type=\"image.default\">\n\t\t\t\t<div class=\"elementor-widget-container\">\n\t\t\t\t\t\t\t\t\t\t\t\t<figure class=\"wp-caption\">\n\t\t\t\t\t\t\t\t\t\t<img loading=\"lazy\" decoding=\"async\" width=\"800\" height=\"533\" src=\"https:\/\/www.elturistatranquil.com\/wp-content\/uploads\/F81-Ubeda-Ayuntamiento-Viejo-1.jpg\" class=\"attachment-large size-large wp-image-13787\" alt=\"\" srcset=\"https:\/\/www.elturistatranquil.com\/wp-content\/uploads\/F81-Ubeda-Ayuntamiento-Viejo-1.jpg 800w, https:\/\/www.elturistatranquil.com\/wp-content\/uploads\/F81-Ubeda-Ayuntamiento-Viejo-1-768x512.jpg 768w\" sizes=\"(max-width: 800px) 100vw, 800px\" \/>\t\t\t\t\t\t\t\t\t\t\t<figcaption class=\"widget-image-caption wp-caption-text\"><\/figcaption>\n\t\t\t\t\t\t\t\t\t\t<\/figure>\n\t\t\t\t\t\t\t\t\t<\/div>\n\t\t\t\t<\/div>\n\t\t\t\t<div class=\"elementor-element elementor-element-30820d68 elementor-widget elementor-widget-text-editor\" data-id=\"30820d68\" data-element_type=\"widget\" data-e-type=\"widget\" data-widget_type=\"text-editor.default\">\n\t\t\t\t<div class=\"elementor-widget-container\">\n\t\t\t\t\t\t\t\t\t<p>En l&#8217;\u00e0mplia pla\u00e7a que se situa davant de l&#8217;ajuntament un <strong>quiosc de m\u00fasica<\/strong> de forma octogonal i estructura de ferro.<\/p>\t\t\t\t\t\t\t\t<\/div>\n\t\t\t\t<\/div>\n\t\t\t\t<div class=\"elementor-element elementor-element-577c8965 elementor-widget elementor-widget-menu-anchor\" data-id=\"577c8965\" data-element_type=\"widget\" data-e-type=\"widget\" data-widget_type=\"menu-anchor.default\">\n\t\t\t\t<div class=\"elementor-widget-container\">\n\t\t\t\t\t\t\t<div class=\"elementor-menu-anchor\" id=\"c2523\"><\/div>\n\t\t\t\t\t\t<\/div>\n\t\t\t\t<\/div>\n\t\t\t\t<div class=\"elementor-element elementor-element-6f56fc70 elementor-widget elementor-widget-image\" data-id=\"6f56fc70\" data-element_type=\"widget\" data-e-type=\"widget\" data-widget_type=\"image.default\">\n\t\t\t\t<div class=\"elementor-widget-container\">\n\t\t\t\t\t\t\t\t\t\t\t\t<figure class=\"wp-caption\">\n\t\t\t\t\t\t\t\t\t\t<img loading=\"lazy\" decoding=\"async\" width=\"800\" height=\"533\" src=\"https:\/\/www.elturistatranquil.com\/wp-content\/uploads\/F82-Ubeda-1.jpg\" class=\"attachment-large size-large wp-image-13789\" alt=\"\" srcset=\"https:\/\/www.elturistatranquil.com\/wp-content\/uploads\/F82-Ubeda-1.jpg 800w, https:\/\/www.elturistatranquil.com\/wp-content\/uploads\/F82-Ubeda-1-768x512.jpg 768w\" sizes=\"(max-width: 800px) 100vw, 800px\" \/>\t\t\t\t\t\t\t\t\t\t\t<figcaption class=\"widget-image-caption wp-caption-text\"><\/figcaption>\n\t\t\t\t\t\t\t\t\t\t<\/figure>\n\t\t\t\t\t\t\t\t\t<\/div>\n\t\t\t\t<\/div>\n\t\t\t\t<div class=\"elementor-element elementor-element-64fe814c elementor-widget elementor-widget-heading\" data-id=\"64fe814c\" data-element_type=\"widget\" data-e-type=\"widget\" data-widget_type=\"heading.default\">\n\t\t\t\t<div class=\"elementor-widget-container\">\n\t\t\t\t\t<h3 class=\"elementor-heading-title elementor-size-default\">Esgl\u00e9sia de San Pablo <\/h3>\t\t\t\t<\/div>\n\t\t\t\t<\/div>\n\t\t\t\t<div class=\"elementor-element elementor-element-3febdf2b elementor-widget elementor-widget-text-editor\" data-id=\"3febdf2b\" data-element_type=\"widget\" data-e-type=\"widget\" data-widget_type=\"text-editor.default\">\n\t\t\t\t<div class=\"elementor-widget-container\">\n\t\t\t\t\t\t\t\t\t<p>El costat septentrional de la pla\u00e7a est\u00e0 ocupat pel costat de l&#8217;ep\u00edstola de l\u2019<strong>Esgl\u00e9sia de San Pablo<\/strong> (<strong>14<\/strong>), segon temple m\u00e9s antic i important d&#8217;\u00dabeda, en una de les onze parr\u00f2quies en qu\u00e8 es va dividir la ciutat en aquell moment.<\/p><p>\u00c9s un temple medieval del segle XIII d&#8217;estil tardo rom\u00e0nic i primer g\u00f2tic, constru\u00eft sobre una mesquita, i en qu\u00e8 van anar efectuant successives reformes i ampliacions.<\/p>\t\t\t\t\t\t\t\t<\/div>\n\t\t\t\t<\/div>\n\t\t\t\t<div class=\"elementor-element elementor-element-2355cb5f elementor-widget elementor-widget-image\" data-id=\"2355cb5f\" data-element_type=\"widget\" data-e-type=\"widget\" data-widget_type=\"image.default\">\n\t\t\t\t<div class=\"elementor-widget-container\">\n\t\t\t\t\t\t\t\t\t\t\t\t<figure class=\"wp-caption\">\n\t\t\t\t\t\t\t\t\t\t<img loading=\"lazy\" decoding=\"async\" width=\"800\" height=\"533\" src=\"https:\/\/www.elturistatranquil.com\/wp-content\/uploads\/F83-Ubeda-Iglesia-de-San-Pablo-1.jpg\" class=\"attachment-large size-large wp-image-13791\" alt=\"\" srcset=\"https:\/\/www.elturistatranquil.com\/wp-content\/uploads\/F83-Ubeda-Iglesia-de-San-Pablo-1.jpg 800w, https:\/\/www.elturistatranquil.com\/wp-content\/uploads\/F83-Ubeda-Iglesia-de-San-Pablo-1-768x512.jpg 768w\" sizes=\"(max-width: 800px) 100vw, 800px\" \/>\t\t\t\t\t\t\t\t\t\t\t<figcaption class=\"widget-image-caption wp-caption-text\"><\/figcaption>\n\t\t\t\t\t\t\t\t\t\t<\/figure>\n\t\t\t\t\t\t\t\t\t<\/div>\n\t\t\t\t<\/div>\n\t\t\t\t<div class=\"elementor-element elementor-element-388a484d elementor-widget elementor-widget-text-editor\" data-id=\"388a484d\" data-element_type=\"widget\" data-e-type=\"widget\" data-widget_type=\"text-editor.default\">\n\t\t\t\t<div class=\"elementor-widget-container\">\n\t\t\t\t\t\t\t\t\t<p>Als segles XV i XVI es construeixen diverses capelles i la porta principal a 1511, d&#8217;estil g\u00f2tic flam\u00edger.<\/p>\t\t\t\t\t\t\t\t<\/div>\n\t\t\t\t<\/div>\n\t\t\t\t<div class=\"elementor-element elementor-element-6d313ddf elementor-widget elementor-widget-image\" data-id=\"6d313ddf\" data-element_type=\"widget\" data-e-type=\"widget\" data-widget_type=\"image.default\">\n\t\t\t\t<div class=\"elementor-widget-container\">\n\t\t\t\t\t\t\t\t\t\t\t\t<figure class=\"wp-caption\">\n\t\t\t\t\t\t\t\t\t\t<img loading=\"lazy\" decoding=\"async\" width=\"800\" height=\"533\" src=\"https:\/\/www.elturistatranquil.com\/wp-content\/uploads\/F84-Ubeda-Iglesia-de-San-Pablo-1.jpg\" class=\"attachment-large size-large wp-image-13793\" alt=\"\" srcset=\"https:\/\/www.elturistatranquil.com\/wp-content\/uploads\/F84-Ubeda-Iglesia-de-San-Pablo-1.jpg 800w, https:\/\/www.elturistatranquil.com\/wp-content\/uploads\/F84-Ubeda-Iglesia-de-San-Pablo-1-768x512.jpg 768w\" sizes=\"(max-width: 800px) 100vw, 800px\" \/>\t\t\t\t\t\t\t\t\t\t\t<figcaption class=\"widget-image-caption wp-caption-text\"><\/figcaption>\n\t\t\t\t\t\t\t\t\t\t<\/figure>\n\t\t\t\t\t\t\t\t\t<\/div>\n\t\t\t\t<\/div>\n\t\t\t\t<div class=\"elementor-element elementor-element-1adad385 elementor-widget elementor-widget-text-editor\" data-id=\"1adad385\" data-element_type=\"widget\" data-e-type=\"widget\" data-widget_type=\"text-editor.default\">\n\t\t\t\t<div class=\"elementor-widget-container\">\n\t\t\t\t\t\t\t\t\t<p>El buit excavat a l&#8217;esquerra de la fa\u00e7ana es coneix com Tabladillo, per l&#8217;exist\u00e8ncia en origen d&#8217;una postam de fusta a manera d&#8217;escala per pujar-hi.<\/p><p>Tenia un doble \u00fas. El Consell el feia servir a manera de tribuna per emetre els bans municipals un cop es reunien dins, al seu torn, tamb\u00e9 s&#8217;utilitzava per emetre sermons i dirigir el r\u00e9s.<\/p>\t\t\t\t\t\t\t\t<\/div>\n\t\t\t\t<\/div>\n\t\t\t\t<div class=\"elementor-element elementor-element-77eb196f elementor-widget elementor-widget-image\" data-id=\"77eb196f\" data-element_type=\"widget\" data-e-type=\"widget\" data-widget_type=\"image.default\">\n\t\t\t\t<div class=\"elementor-widget-container\">\n\t\t\t\t\t\t\t\t\t\t\t\t<figure class=\"wp-caption\">\n\t\t\t\t\t\t\t\t\t\t<img loading=\"lazy\" decoding=\"async\" width=\"366\" height=\"550\" src=\"https:\/\/www.elturistatranquil.com\/wp-content\/uploads\/F85-Ubeda-Iglesia-de-San-Pablo-1.jpg\" class=\"attachment-large size-large wp-image-13795\" alt=\"\" \/>\t\t\t\t\t\t\t\t\t\t\t<figcaption class=\"widget-image-caption wp-caption-text\"><\/figcaption>\n\t\t\t\t\t\t\t\t\t\t<\/figure>\n\t\t\t\t\t\t\t\t\t<\/div>\n\t\t\t\t<\/div>\n\t\t\t\t<div class=\"elementor-element elementor-element-6515696c elementor-widget elementor-widget-text-editor\" data-id=\"6515696c\" data-element_type=\"widget\" data-e-type=\"widget\" data-widget_type=\"text-editor.default\">\n\t\t\t\t<div class=\"elementor-widget-container\">\n\t\t\t\t\t\t\t\t\t<p>El temple compta amb dues entrades m\u00e9s. Una al peu de l&#8217;Esgl\u00e9sia, coneguda com <em>Portada de los Carpinteros<\/em>, d&#8217;estil protog\u00f2tic \u00fanic a la ciutat.<\/p>\t\t\t\t\t\t\t\t<\/div>\n\t\t\t\t<\/div>\n\t\t\t\t<div class=\"elementor-element elementor-element-688e0689 elementor-widget elementor-widget-image\" data-id=\"688e0689\" data-element_type=\"widget\" data-e-type=\"widget\" data-widget_type=\"image.default\">\n\t\t\t\t<div class=\"elementor-widget-container\">\n\t\t\t\t\t\t\t\t\t\t\t\t<figure class=\"wp-caption\">\n\t\t\t\t\t\t\t\t\t\t<img loading=\"lazy\" decoding=\"async\" width=\"800\" height=\"533\" src=\"https:\/\/www.elturistatranquil.com\/wp-content\/uploads\/F86-Ubeda-Iglesia-de-San-Pablo-1.jpg\" class=\"attachment-large size-large wp-image-13797\" alt=\"\" srcset=\"https:\/\/www.elturistatranquil.com\/wp-content\/uploads\/F86-Ubeda-Iglesia-de-San-Pablo-1.jpg 800w, https:\/\/www.elturistatranquil.com\/wp-content\/uploads\/F86-Ubeda-Iglesia-de-San-Pablo-1-768x512.jpg 768w\" sizes=\"(max-width: 800px) 100vw, 800px\" \/>\t\t\t\t\t\t\t\t\t\t\t<figcaption class=\"widget-image-caption wp-caption-text\"><\/figcaption>\n\t\t\t\t\t\t\t\t\t\t<\/figure>\n\t\t\t\t\t\t\t\t\t<\/div>\n\t\t\t\t<\/div>\n\t\t\t\t<div class=\"elementor-element elementor-element-460fba4f elementor-widget elementor-widget-text-editor\" data-id=\"460fba4f\" data-element_type=\"widget\" data-e-type=\"widget\" data-widget_type=\"text-editor.default\">\n\t\t\t\t<div class=\"elementor-widget-container\">\n\t\t\t\t\t\t\t\t\t<p>Una altra pel costat de l&#8217;evangeli, ambdues d&#8217;estil g\u00f2tic.<\/p>\t\t\t\t\t\t\t\t<\/div>\n\t\t\t\t<\/div>\n\t\t\t\t<div class=\"elementor-element elementor-element-100c8f21 elementor-widget elementor-widget-menu-anchor\" data-id=\"100c8f21\" data-element_type=\"widget\" data-e-type=\"widget\" data-widget_type=\"menu-anchor.default\">\n\t\t\t\t<div class=\"elementor-widget-container\">\n\t\t\t\t\t\t\t<div class=\"elementor-menu-anchor\" id=\"c2524\"><\/div>\n\t\t\t\t\t\t<\/div>\n\t\t\t\t<\/div>\n\t\t\t\t<div class=\"elementor-element elementor-element-79da98af elementor-widget elementor-widget-image\" data-id=\"79da98af\" data-element_type=\"widget\" data-e-type=\"widget\" data-widget_type=\"image.default\">\n\t\t\t\t<div class=\"elementor-widget-container\">\n\t\t\t\t\t\t\t\t\t\t\t\t<figure class=\"wp-caption\">\n\t\t\t\t\t\t\t\t\t\t<img loading=\"lazy\" decoding=\"async\" width=\"800\" height=\"533\" src=\"https:\/\/www.elturistatranquil.com\/wp-content\/uploads\/F87-Ubeda-Iglesia-de-San-Pablo-1.jpg\" class=\"attachment-large size-large wp-image-13799\" alt=\"\" srcset=\"https:\/\/www.elturistatranquil.com\/wp-content\/uploads\/F87-Ubeda-Iglesia-de-San-Pablo-1.jpg 800w, https:\/\/www.elturistatranquil.com\/wp-content\/uploads\/F87-Ubeda-Iglesia-de-San-Pablo-1-768x512.jpg 768w\" sizes=\"(max-width: 800px) 100vw, 800px\" \/>\t\t\t\t\t\t\t\t\t\t\t<figcaption class=\"widget-image-caption wp-caption-text\"><\/figcaption>\n\t\t\t\t\t\t\t\t\t\t<\/figure>\n\t\t\t\t\t\t\t\t\t<\/div>\n\t\t\t\t<\/div>\n\t\t\t\t<div class=\"elementor-element elementor-element-1b416cff elementor-widget elementor-widget-heading\" data-id=\"1b416cff\" data-element_type=\"widget\" data-e-type=\"widget\" data-widget_type=\"heading.default\">\n\t\t\t\t<div class=\"elementor-widget-container\">\n\t\t\t\t\t<h3 class=\"elementor-heading-title elementor-size-default\">Museo Arqueol\u00f3gico. Casa Mud\u00e9jar<\/h3>\t\t\t\t<\/div>\n\t\t\t\t<\/div>\n\t\t\t\t<div class=\"elementor-element elementor-element-15346558 elementor-widget elementor-widget-text-editor\" data-id=\"15346558\" data-element_type=\"widget\" data-e-type=\"widget\" data-widget_type=\"text-editor.default\">\n\t\t\t\t<div class=\"elementor-widget-container\">\n\t\t\t\t\t\t\t\t\t<p>Carrer amunt pel <strong>carrer Cervantes<\/strong>, seguint el peu de l&#8217;Esgl\u00e9sia, arribo al <strong>Museo Arqueol\u00f3gico de \u00dabeda<\/strong> (<strong>15<\/strong>).<\/p><p>El Museu s&#8217;ubica en una casa datada entre els segles XIII i XV, en un entramat de carrers estrets i laber\u00edntics, amb adarves, distribu\u00efts en illes irregulars, el que remet a una trama urban\u00edstica pr\u00f2pia de l&#8217;\u00e8poca medieval.<\/p><p>Les edificacions combinen, com a la resta del cas antic, cases pairals amb senzills habitatges renaixentistes o mud\u00e8jars, amb portades de pedra picada, fa\u00e7anes emblanquinades i reixes.<\/p>\t\t\t\t\t\t\t\t<\/div>\n\t\t\t\t<\/div>\n\t\t\t\t<div class=\"elementor-element elementor-element-62ecdf64 elementor-widget elementor-widget-image\" data-id=\"62ecdf64\" data-element_type=\"widget\" data-e-type=\"widget\" data-widget_type=\"image.default\">\n\t\t\t\t<div class=\"elementor-widget-container\">\n\t\t\t\t\t\t\t\t\t\t\t\t<figure class=\"wp-caption\">\n\t\t\t\t\t\t\t\t\t\t<img loading=\"lazy\" decoding=\"async\" width=\"800\" height=\"533\" src=\"https:\/\/www.elturistatranquil.com\/wp-content\/uploads\/F88-Museo-Arqueologico-de-Ubeda-1.jpg\" class=\"attachment-large size-large wp-image-13801\" alt=\"\" srcset=\"https:\/\/www.elturistatranquil.com\/wp-content\/uploads\/F88-Museo-Arqueologico-de-Ubeda-1.jpg 800w, https:\/\/www.elturistatranquil.com\/wp-content\/uploads\/F88-Museo-Arqueologico-de-Ubeda-1-768x512.jpg 768w\" sizes=\"(max-width: 800px) 100vw, 800px\" \/>\t\t\t\t\t\t\t\t\t\t\t<figcaption class=\"widget-image-caption wp-caption-text\"><\/figcaption>\n\t\t\t\t\t\t\t\t\t\t<\/figure>\n\t\t\t\t\t\t\t\t\t<\/div>\n\t\t\t\t<\/div>\n\t\t\t\t<div class=\"elementor-element elementor-element-9d3b762 elementor-widget elementor-widget-text-editor\" data-id=\"9d3b762\" data-element_type=\"widget\" data-e-type=\"widget\" data-widget_type=\"text-editor.default\">\n\t\t\t\t<div class=\"elementor-widget-container\">\n\t\t\t\t\t\t\t\t\t<p>L&#8217;acc\u00e9s es fa a trav\u00e9s d&#8217;un pati amb porxos d&#8217;arcs t\u00famids.<\/p>\t\t\t\t\t\t\t\t<\/div>\n\t\t\t\t<\/div>\n\t\t\t\t<div class=\"elementor-element elementor-element-1323521d elementor-widget elementor-widget-image\" data-id=\"1323521d\" data-element_type=\"widget\" data-e-type=\"widget\" data-widget_type=\"image.default\">\n\t\t\t\t<div class=\"elementor-widget-container\">\n\t\t\t\t\t\t\t\t\t\t\t\t<figure class=\"wp-caption\">\n\t\t\t\t\t\t\t\t\t\t<img loading=\"lazy\" decoding=\"async\" width=\"366\" height=\"550\" src=\"https:\/\/www.elturistatranquil.com\/wp-content\/uploads\/F89-Museo-Arqueologico-de-Ubeda-1.jpg\" class=\"attachment-large size-large wp-image-13803\" alt=\"\" \/>\t\t\t\t\t\t\t\t\t\t\t<figcaption class=\"widget-image-caption wp-caption-text\"><\/figcaption>\n\t\t\t\t\t\t\t\t\t\t<\/figure>\n\t\t\t\t\t\t\t\t\t<\/div>\n\t\t\t\t<\/div>\n\t\t\t\t<div class=\"elementor-element elementor-element-62f78bdf elementor-widget elementor-widget-text-editor\" data-id=\"62f78bdf\" data-element_type=\"widget\" data-e-type=\"widget\" data-widget_type=\"text-editor.default\">\n\t\t\t\t<div class=\"elementor-widget-container\">\n\t\t\t\t\t\t\t\t\t<p>La casa, i per tant tamb\u00e9 ho fa el Museu, s&#8217;organitza al voltant d&#8217;un pati central, amb quatre galeries obertes a les que donen les diferents depend\u00e8ncies a dos nivells.<\/p>\t\t\t\t\t\t\t\t<\/div>\n\t\t\t\t<\/div>\n\t\t\t\t<div class=\"elementor-element elementor-element-27af2532 elementor-widget elementor-widget-image\" data-id=\"27af2532\" data-element_type=\"widget\" data-e-type=\"widget\" data-widget_type=\"image.default\">\n\t\t\t\t<div class=\"elementor-widget-container\">\n\t\t\t\t\t\t\t\t\t\t\t\t<figure class=\"wp-caption\">\n\t\t\t\t\t\t\t\t\t\t<img loading=\"lazy\" decoding=\"async\" width=\"366\" height=\"550\" src=\"https:\/\/www.elturistatranquil.com\/wp-content\/uploads\/F90-Museo-Arqueologico-de-Ubeda-1.jpg\" class=\"attachment-large size-large wp-image-13805\" alt=\"\" \/>\t\t\t\t\t\t\t\t\t\t\t<figcaption class=\"widget-image-caption wp-caption-text\"><\/figcaption>\n\t\t\t\t\t\t\t\t\t\t<\/figure>\n\t\t\t\t\t\t\t\t\t<\/div>\n\t\t\t\t<\/div>\n\t\t\t\t<div class=\"elementor-element elementor-element-18bd19e0 elementor-widget elementor-widget-text-editor\" data-id=\"18bd19e0\" data-element_type=\"widget\" data-e-type=\"widget\" data-widget_type=\"text-editor.default\">\n\t\t\t\t<div class=\"elementor-widget-container\">\n\t\t\t\t\t\t\t\t\t<p>Al fons un acc\u00e9s d\u00f3na pas a un jard\u00ed interior.<\/p>\t\t\t\t\t\t\t\t<\/div>\n\t\t\t\t<\/div>\n\t\t\t\t<div class=\"elementor-element elementor-element-4ef5305e elementor-widget elementor-widget-image\" data-id=\"4ef5305e\" data-element_type=\"widget\" data-e-type=\"widget\" data-widget_type=\"image.default\">\n\t\t\t\t<div class=\"elementor-widget-container\">\n\t\t\t\t\t\t\t\t\t\t\t\t<figure class=\"wp-caption\">\n\t\t\t\t\t\t\t\t\t\t<img loading=\"lazy\" decoding=\"async\" width=\"800\" height=\"533\" src=\"https:\/\/www.elturistatranquil.com\/wp-content\/uploads\/F91-Museo-Arqueologico-de-Ubeda-1.jpg\" class=\"attachment-large size-large wp-image-13807\" alt=\"\" srcset=\"https:\/\/www.elturistatranquil.com\/wp-content\/uploads\/F91-Museo-Arqueologico-de-Ubeda-1.jpg 800w, https:\/\/www.elturistatranquil.com\/wp-content\/uploads\/F91-Museo-Arqueologico-de-Ubeda-1-768x512.jpg 768w\" sizes=\"(max-width: 800px) 100vw, 800px\" \/>\t\t\t\t\t\t\t\t\t\t\t<figcaption class=\"widget-image-caption wp-caption-text\"><\/figcaption>\n\t\t\t\t\t\t\t\t\t\t<\/figure>\n\t\t\t\t\t\t\t\t\t<\/div>\n\t\t\t\t<\/div>\n\t\t\t\t<div class=\"elementor-element elementor-element-26e020 elementor-widget elementor-widget-text-editor\" data-id=\"26e020\" data-element_type=\"widget\" data-e-type=\"widget\" data-widget_type=\"text-editor.default\">\n\t\t\t\t<div class=\"elementor-widget-container\">\n\t\t\t\t\t\t\t\t\t<p>El nivell superior del pati tamb\u00e9 est\u00e0 format per una galeria oberta de porxos amb enteixinat de fusta.<\/p>\t\t\t\t\t\t\t\t<\/div>\n\t\t\t\t<\/div>\n\t\t\t\t<div class=\"elementor-element elementor-element-4e0e5e51 elementor-widget elementor-widget-image\" data-id=\"4e0e5e51\" data-element_type=\"widget\" data-e-type=\"widget\" data-widget_type=\"image.default\">\n\t\t\t\t<div class=\"elementor-widget-container\">\n\t\t\t\t\t\t\t\t\t\t\t\t<figure class=\"wp-caption\">\n\t\t\t\t\t\t\t\t\t\t<img loading=\"lazy\" decoding=\"async\" width=\"800\" height=\"533\" src=\"https:\/\/www.elturistatranquil.com\/wp-content\/uploads\/F91b-Museo-Arqueologico-de-Ubeda-1.jpg\" class=\"attachment-large size-large wp-image-13809\" alt=\"\" srcset=\"https:\/\/www.elturistatranquil.com\/wp-content\/uploads\/F91b-Museo-Arqueologico-de-Ubeda-1.jpg 800w, https:\/\/www.elturistatranquil.com\/wp-content\/uploads\/F91b-Museo-Arqueologico-de-Ubeda-1-768x512.jpg 768w\" sizes=\"(max-width: 800px) 100vw, 800px\" \/>\t\t\t\t\t\t\t\t\t\t\t<figcaption class=\"widget-image-caption wp-caption-text\"><\/figcaption>\n\t\t\t\t\t\t\t\t\t\t<\/figure>\n\t\t\t\t\t\t\t\t\t<\/div>\n\t\t\t\t<\/div>\n\t\t\t\t<div class=\"elementor-element elementor-element-1667ced6 elementor-widget elementor-widget-text-editor\" data-id=\"1667ced6\" data-element_type=\"widget\" data-e-type=\"widget\" data-widget_type=\"text-editor.default\">\n\t\t\t\t<div class=\"elementor-widget-container\">\n\t\t\t\t\t\t\t\t\t<p>El contenido del museo abarca la Prehistoria, el periodo ibero y de las colonizaciones, la etapa visig\u00f3tica, la musulmana y algunos elementos de la alta edad media.<\/p>\t\t\t\t\t\t\t\t<\/div>\n\t\t\t\t<\/div>\n\t\t\t\t<div class=\"elementor-element elementor-element-6e10c182 elementor-widget elementor-widget-image\" data-id=\"6e10c182\" data-element_type=\"widget\" data-e-type=\"widget\" data-widget_type=\"image.default\">\n\t\t\t\t<div class=\"elementor-widget-container\">\n\t\t\t\t\t\t\t\t\t\t\t\t<figure class=\"wp-caption\">\n\t\t\t\t\t\t\t\t\t\t<img loading=\"lazy\" decoding=\"async\" width=\"800\" height=\"533\" src=\"https:\/\/www.elturistatranquil.com\/wp-content\/uploads\/F92-Museo-Arqueologico-de-Ubeda-1.jpg\" class=\"attachment-large size-large wp-image-13811\" alt=\"\" srcset=\"https:\/\/www.elturistatranquil.com\/wp-content\/uploads\/F92-Museo-Arqueologico-de-Ubeda-1.jpg 800w, https:\/\/www.elturistatranquil.com\/wp-content\/uploads\/F92-Museo-Arqueologico-de-Ubeda-1-768x512.jpg 768w\" sizes=\"(max-width: 800px) 100vw, 800px\" \/>\t\t\t\t\t\t\t\t\t\t\t<figcaption class=\"widget-image-caption wp-caption-text\">Objectes prehist\u00f2rics<\/figcaption>\n\t\t\t\t\t\t\t\t\t\t<\/figure>\n\t\t\t\t\t\t\t\t\t<\/div>\n\t\t\t\t<\/div>\n\t\t\t\t<div class=\"elementor-element elementor-element-304dfa6a elementor-widget elementor-widget-image\" data-id=\"304dfa6a\" data-element_type=\"widget\" data-e-type=\"widget\" data-widget_type=\"image.default\">\n\t\t\t\t<div class=\"elementor-widget-container\">\n\t\t\t\t\t\t\t\t\t\t\t\t<figure class=\"wp-caption\">\n\t\t\t\t\t\t\t\t\t\t<img loading=\"lazy\" decoding=\"async\" width=\"800\" height=\"532\" src=\"https:\/\/www.elturistatranquil.com\/wp-content\/uploads\/F93-Museo-Arqueologico-de-Ubeda-1.jpg\" class=\"attachment-large size-large wp-image-13813\" alt=\"\" srcset=\"https:\/\/www.elturistatranquil.com\/wp-content\/uploads\/F93-Museo-Arqueologico-de-Ubeda-1.jpg 800w, https:\/\/www.elturistatranquil.com\/wp-content\/uploads\/F93-Museo-Arqueologico-de-Ubeda-1-768x511.jpg 768w\" sizes=\"(max-width: 800px) 100vw, 800px\" \/>\t\t\t\t\t\t\t\t\t\t\t<figcaption class=\"widget-image-caption wp-caption-text\">Cap iber d\u2019\u00dabeda la Vieja<\/figcaption>\n\t\t\t\t\t\t\t\t\t\t<\/figure>\n\t\t\t\t\t\t\t\t\t<\/div>\n\t\t\t\t<\/div>\n\t\t\t\t<div class=\"elementor-element elementor-element-753d72cc elementor-widget elementor-widget-image\" data-id=\"753d72cc\" data-element_type=\"widget\" data-e-type=\"widget\" data-widget_type=\"image.default\">\n\t\t\t\t<div class=\"elementor-widget-container\">\n\t\t\t\t\t\t\t\t\t\t\t\t<figure class=\"wp-caption\">\n\t\t\t\t\t\t\t\t\t\t<img loading=\"lazy\" decoding=\"async\" width=\"409\" height=\"550\" src=\"https:\/\/www.elturistatranquil.com\/wp-content\/uploads\/F94-Museo-Arqueologico-de-Ubeda-1.jpg\" class=\"attachment-large size-large wp-image-13815\" alt=\"\" \/>\t\t\t\t\t\t\t\t\t\t\t<figcaption class=\"widget-image-caption wp-caption-text\">Estela musulmana de la muralla d\u2019\u00dabeda<\/figcaption>\n\t\t\t\t\t\t\t\t\t\t<\/figure>\n\t\t\t\t\t\t\t\t\t<\/div>\n\t\t\t\t<\/div>\n\t\t\t\t<div class=\"elementor-element elementor-element-286ca63 elementor-widget elementor-widget-image\" data-id=\"286ca63\" data-element_type=\"widget\" data-e-type=\"widget\" data-widget_type=\"image.default\">\n\t\t\t\t<div class=\"elementor-widget-container\">\n\t\t\t\t\t\t\t\t\t\t\t\t<figure class=\"wp-caption\">\n\t\t\t\t\t\t\t\t\t\t<img loading=\"lazy\" decoding=\"async\" width=\"800\" height=\"533\" src=\"https:\/\/www.elturistatranquil.com\/wp-content\/uploads\/F95-Museo-Arqueologico-de-Ubeda-1.jpg\" class=\"attachment-large size-large wp-image-13817\" alt=\"\" srcset=\"https:\/\/www.elturistatranquil.com\/wp-content\/uploads\/F95-Museo-Arqueologico-de-Ubeda-1.jpg 800w, https:\/\/www.elturistatranquil.com\/wp-content\/uploads\/F95-Museo-Arqueologico-de-Ubeda-1-768x512.jpg 768w\" sizes=\"(max-width: 800px) 100vw, 800px\" \/>\t\t\t\t\t\t\t\t\t\t\t<figcaption class=\"widget-image-caption wp-caption-text\">Maqueta en pedra d'una fortificaci\u00f3 trobada en les muralles. Es desconeix si reprodu\u00efa algun lloc o era imagin\u00e0ria<\/figcaption>\n\t\t\t\t\t\t\t\t\t\t<\/figure>\n\t\t\t\t\t\t\t\t\t<\/div>\n\t\t\t\t<\/div>\n\t\t\t\t<div class=\"elementor-element elementor-element-75752361 elementor-widget elementor-widget-image\" data-id=\"75752361\" data-element_type=\"widget\" data-e-type=\"widget\" data-widget_type=\"image.default\">\n\t\t\t\t<div class=\"elementor-widget-container\">\n\t\t\t\t\t\t\t\t\t\t\t\t<figure class=\"wp-caption\">\n\t\t\t\t\t\t\t\t\t\t<img loading=\"lazy\" decoding=\"async\" width=\"423\" height=\"550\" src=\"https:\/\/www.elturistatranquil.com\/wp-content\/uploads\/F96-Museo-Arqueologico-de-Ubeda-1.jpg\" class=\"attachment-large size-large wp-image-13819\" alt=\"\" \/>\t\t\t\t\t\t\t\t\t\t\t<figcaption class=\"widget-image-caption wp-caption-text\">Portada mud\u00e8jar segle XIII<\/figcaption>\n\t\t\t\t\t\t\t\t\t\t<\/figure>\n\t\t\t\t\t\t\t\t\t<\/div>\n\t\t\t\t<\/div>\n\t\t\t\t<div class=\"elementor-element elementor-element-55afb60b elementor-widget elementor-widget-image\" data-id=\"55afb60b\" data-element_type=\"widget\" data-e-type=\"widget\" data-widget_type=\"image.default\">\n\t\t\t\t<div class=\"elementor-widget-container\">\n\t\t\t\t\t\t\t\t\t\t\t\t<figure class=\"wp-caption\">\n\t\t\t\t\t\t\t\t\t\t<img loading=\"lazy\" decoding=\"async\" width=\"800\" height=\"533\" src=\"https:\/\/www.elturistatranquil.com\/wp-content\/uploads\/F97-Museo-Arqueologico-de-Ubeda-Capitel-mozarabe-1.jpg\" class=\"attachment-large size-large wp-image-13821\" alt=\"\" srcset=\"https:\/\/www.elturistatranquil.com\/wp-content\/uploads\/F97-Museo-Arqueologico-de-Ubeda-Capitel-mozarabe-1.jpg 800w, https:\/\/www.elturistatranquil.com\/wp-content\/uploads\/F97-Museo-Arqueologico-de-Ubeda-Capitel-mozarabe-1-768x512.jpg 768w\" sizes=\"(max-width: 800px) 100vw, 800px\" \/>\t\t\t\t\t\t\t\t\t\t\t<figcaption class=\"widget-image-caption wp-caption-text\">Detall de capitell moss\u00e0rab de la casa<\/figcaption>\n\t\t\t\t\t\t\t\t\t\t<\/figure>\n\t\t\t\t\t\t\t\t\t<\/div>\n\t\t\t\t<\/div>\n\t\t\t\t<div class=\"elementor-element elementor-element-2ddb05a0 elementor-widget elementor-widget-image\" data-id=\"2ddb05a0\" data-element_type=\"widget\" data-e-type=\"widget\" data-widget_type=\"image.default\">\n\t\t\t\t<div class=\"elementor-widget-container\">\n\t\t\t\t\t\t\t\t\t\t\t\t<figure class=\"wp-caption\">\n\t\t\t\t\t\t\t\t\t\t<img loading=\"lazy\" decoding=\"async\" width=\"800\" height=\"533\" src=\"https:\/\/www.elturistatranquil.com\/wp-content\/uploads\/F99-Museo-Arqueologico-de-Ubeda-1.jpg\" class=\"attachment-large size-large wp-image-13823\" alt=\"\" srcset=\"https:\/\/www.elturistatranquil.com\/wp-content\/uploads\/F99-Museo-Arqueologico-de-Ubeda-1.jpg 800w, https:\/\/www.elturistatranquil.com\/wp-content\/uploads\/F99-Museo-Arqueologico-de-Ubeda-1-768x512.jpg 768w\" sizes=\"(max-width: 800px) 100vw, 800px\" \/>\t\t\t\t\t\t\t\t\t\t\t<figcaption class=\"widget-image-caption wp-caption-text\">Fusta policromada de la casa amb detall dels dibuixos geom\u00e8trics<\/figcaption>\n\t\t\t\t\t\t\t\t\t\t<\/figure>\n\t\t\t\t\t\t\t\t\t<\/div>\n\t\t\t\t<\/div>\n\t\t\t\t<div class=\"elementor-element elementor-element-751a5e8b elementor-widget elementor-widget-image\" data-id=\"751a5e8b\" data-element_type=\"widget\" data-e-type=\"widget\" data-widget_type=\"image.default\">\n\t\t\t\t<div class=\"elementor-widget-container\">\n\t\t\t\t\t\t\t\t\t\t\t\t<figure class=\"wp-caption\">\n\t\t\t\t\t\t\t\t\t\t<img loading=\"lazy\" decoding=\"async\" width=\"800\" height=\"533\" src=\"https:\/\/www.elturistatranquil.com\/wp-content\/uploads\/F100-Museo-Arqueologico-de-Ubeda-1.jpg\" class=\"attachment-large size-large wp-image-13825\" alt=\"\" srcset=\"https:\/\/www.elturistatranquil.com\/wp-content\/uploads\/F100-Museo-Arqueologico-de-Ubeda-1.jpg 800w, https:\/\/www.elturistatranquil.com\/wp-content\/uploads\/F100-Museo-Arqueologico-de-Ubeda-1-768x512.jpg 768w\" sizes=\"(max-width: 800px) 100vw, 800px\" \/>\t\t\t\t\t\t\t\t\t\t\t<figcaption class=\"widget-image-caption wp-caption-text\">Comp\u00e0s de bronze del segle XVI trobat al Palau de don Rodrigo Orozco<\/figcaption>\n\t\t\t\t\t\t\t\t\t\t<\/figure>\n\t\t\t\t\t\t\t\t\t<\/div>\n\t\t\t\t<\/div>\n\t\t\t\t<div class=\"elementor-element elementor-element-217d6084 elementor-widget elementor-widget-image\" data-id=\"217d6084\" data-element_type=\"widget\" data-e-type=\"widget\" data-widget_type=\"image.default\">\n\t\t\t\t<div class=\"elementor-widget-container\">\n\t\t\t\t\t\t\t\t\t\t\t\t<figure class=\"wp-caption\">\n\t\t\t\t\t\t\t\t\t\t<img loading=\"lazy\" decoding=\"async\" width=\"800\" height=\"533\" src=\"https:\/\/www.elturistatranquil.com\/wp-content\/uploads\/F101-Museo-Arqueologico-de-Ubeda-1.jpg\" class=\"attachment-large size-large wp-image-13827\" alt=\"\" srcset=\"https:\/\/www.elturistatranquil.com\/wp-content\/uploads\/F101-Museo-Arqueologico-de-Ubeda-1.jpg 800w, https:\/\/www.elturistatranquil.com\/wp-content\/uploads\/F101-Museo-Arqueologico-de-Ubeda-1-768x512.jpg 768w\" sizes=\"(max-width: 800px) 100vw, 800px\" \/>\t\t\t\t\t\t\t\t\t\t\t<figcaption class=\"widget-image-caption wp-caption-text\">\u00dabeda va ser. I encara \u00e9s, una localitat productora de cer\u00e0mica<\/figcaption>\n\t\t\t\t\t\t\t\t\t\t<\/figure>\n\t\t\t\t\t\t\t\t\t<\/div>\n\t\t\t\t<\/div>\n\t\t\t\t<div class=\"elementor-element elementor-element-53846c0d elementor-widget elementor-widget-text-editor\" data-id=\"53846c0d\" data-element_type=\"widget\" data-e-type=\"widget\" data-widget_type=\"text-editor.default\">\n\t\t\t\t<div class=\"elementor-widget-container\">\n\t\t\t\t\t\t\t\t\t<p>A la sortida del petit Museu, retrocedeixo fins a la cantonada per agafar a la dreta el carrer<strong> Roque Rojas<\/strong>.<\/p>\t\t\t\t\t\t\t\t<\/div>\n\t\t\t\t<\/div>\n\t\t\t\t<div class=\"elementor-element elementor-element-3cb6e6dc elementor-widget elementor-widget-menu-anchor\" data-id=\"3cb6e6dc\" data-element_type=\"widget\" data-e-type=\"widget\" data-widget_type=\"menu-anchor.default\">\n\t\t\t\t<div class=\"elementor-widget-container\">\n\t\t\t\t\t\t\t<div class=\"elementor-menu-anchor\" id=\"c2525\"><\/div>\n\t\t\t\t\t\t<\/div>\n\t\t\t\t<\/div>\n\t\t\t\t<div class=\"elementor-element elementor-element-26d46b03 elementor-widget elementor-widget-image\" data-id=\"26d46b03\" data-element_type=\"widget\" data-e-type=\"widget\" data-widget_type=\"image.default\">\n\t\t\t\t<div class=\"elementor-widget-container\">\n\t\t\t\t\t\t\t\t\t\t\t\t<figure class=\"wp-caption\">\n\t\t\t\t\t\t\t\t\t\t<img loading=\"lazy\" decoding=\"async\" width=\"800\" height=\"533\" src=\"https:\/\/www.elturistatranquil.com\/wp-content\/uploads\/F102-Ubeda-1.jpg\" class=\"attachment-large size-large wp-image-13829\" alt=\"\" srcset=\"https:\/\/www.elturistatranquil.com\/wp-content\/uploads\/F102-Ubeda-1.jpg 800w, https:\/\/www.elturistatranquil.com\/wp-content\/uploads\/F102-Ubeda-1-768x512.jpg 768w\" sizes=\"(max-width: 800px) 100vw, 800px\" \/>\t\t\t\t\t\t\t\t\t\t\t<figcaption class=\"widget-image-caption wp-caption-text\"><\/figcaption>\n\t\t\t\t\t\t\t\t\t\t<\/figure>\n\t\t\t\t\t\t\t\t\t<\/div>\n\t\t\t\t<\/div>\n\t\t\t\t<div class=\"elementor-element elementor-element-3b100b7f elementor-widget elementor-widget-heading\" data-id=\"3b100b7f\" data-element_type=\"widget\" data-e-type=\"widget\" data-widget_type=\"heading.default\">\n\t\t\t\t<div class=\"elementor-widget-container\">\n\t\t\t\t\t<h3 class=\"elementor-heading-title elementor-size-default\">Sinagoga del Agua <\/h3>\t\t\t\t<\/div>\n\t\t\t\t<\/div>\n\t\t\t\t<div class=\"elementor-element elementor-element-3928c505 elementor-widget elementor-widget-text-editor\" data-id=\"3928c505\" data-element_type=\"widget\" data-e-type=\"widget\" data-widget_type=\"text-editor.default\">\n\t\t\t\t<div class=\"elementor-widget-container\">\n\t\t\t\t\t\t\t\t\t<p>Com una mostra de la conviv\u00e8ncia hist\u00f2rica de les tres cultures, al final del carrer se situa la <strong>Sinagoga del Agua<\/strong> (<strong>16<\/strong>) que es data amb anterioritat al segle XIV.<\/p><p>Fins a finals del segle XX es desconeixia la seva exist\u00e8ncia, i l&#8217;entrada era ocupada per una perruqueria. Unes obres de car\u00e0cter immobiliari van treure a la llum la Sinagoga.<\/p>\t\t\t\t\t\t\t\t<\/div>\n\t\t\t\t<\/div>\n\t\t\t\t<div class=\"elementor-element elementor-element-50adbfcb elementor-widget elementor-widget-image\" data-id=\"50adbfcb\" data-element_type=\"widget\" data-e-type=\"widget\" data-widget_type=\"image.default\">\n\t\t\t\t<div class=\"elementor-widget-container\">\n\t\t\t\t\t\t\t\t\t\t\t\t<figure class=\"wp-caption\">\n\t\t\t\t\t\t\t\t\t\t<img loading=\"lazy\" decoding=\"async\" width=\"366\" height=\"550\" src=\"https:\/\/www.elturistatranquil.com\/wp-content\/uploads\/F103-Ubeda-Sinagoga-del-Agua-1.jpg\" class=\"attachment-large size-large wp-image-13831\" alt=\"\" \/>\t\t\t\t\t\t\t\t\t\t\t<figcaption class=\"widget-image-caption wp-caption-text\"><\/figcaption>\n\t\t\t\t\t\t\t\t\t\t<\/figure>\n\t\t\t\t\t\t\t\t\t<\/div>\n\t\t\t\t<\/div>\n\t\t\t\t<div class=\"elementor-element elementor-element-6e88d90f elementor-widget elementor-widget-text-editor\" data-id=\"6e88d90f\" data-element_type=\"widget\" data-e-type=\"widget\" data-widget_type=\"text-editor.default\">\n\t\t\t\t<div class=\"elementor-widget-container\">\n\t\t\t\t\t\t\t\t\t<p>Pel <strong>carrer de Las Parras<\/strong> arribo al <strong>carrer Real<\/strong>, l&#8217;art\u00e8ria m\u00e9s important que uneix el centre hist\u00f2ric amb la <strong>Pla\u00e7a de Andaluc\u00eda<\/strong>, com a centre de la ciutat actual.<\/p><p>Carrer de tradicional car\u00e0cter comercial, tot i que el comer\u00e7 es despla\u00e7a cap a noves \u00e0rees. Els edificis s\u00f3n fonamentalment vuitcentistes, de finals del segle XIX i principis del XX reflex de la burgesia del moment.<\/p>\t\t\t\t\t\t\t\t<\/div>\n\t\t\t\t<\/div>\n\t\t\t\t<div class=\"elementor-element elementor-element-31e7888d elementor-widget elementor-widget-image\" data-id=\"31e7888d\" data-element_type=\"widget\" data-e-type=\"widget\" data-widget_type=\"image.default\">\n\t\t\t\t<div class=\"elementor-widget-container\">\n\t\t\t\t\t\t\t\t\t\t\t\t<figure class=\"wp-caption\">\n\t\t\t\t\t\t\t\t\t\t<img loading=\"lazy\" decoding=\"async\" width=\"800\" height=\"533\" src=\"https:\/\/www.elturistatranquil.com\/wp-content\/uploads\/F104-Ubeda-1.jpg\" class=\"attachment-large size-large wp-image-13833\" alt=\"\" srcset=\"https:\/\/www.elturistatranquil.com\/wp-content\/uploads\/F104-Ubeda-1.jpg 800w, https:\/\/www.elturistatranquil.com\/wp-content\/uploads\/F104-Ubeda-1-768x512.jpg 768w\" sizes=\"(max-width: 800px) 100vw, 800px\" \/>\t\t\t\t\t\t\t\t\t\t\t<figcaption class=\"widget-image-caption wp-caption-text\"><\/figcaption>\n\t\t\t\t\t\t\t\t\t\t<\/figure>\n\t\t\t\t\t\t\t\t\t<\/div>\n\t\t\t\t<\/div>\n\t\t\t\t<div class=\"elementor-element elementor-element-18a037ef elementor-widget elementor-widget-menu-anchor\" data-id=\"18a037ef\" data-element_type=\"widget\" data-e-type=\"widget\" data-widget_type=\"menu-anchor.default\">\n\t\t\t\t<div class=\"elementor-widget-container\">\n\t\t\t\t\t\t\t<div class=\"elementor-menu-anchor\" id=\"c2526\"><\/div>\n\t\t\t\t\t\t<\/div>\n\t\t\t\t<\/div>\n\t\t\t\t<div class=\"elementor-element elementor-element-33024243 elementor-widget elementor-widget-image\" data-id=\"33024243\" data-element_type=\"widget\" data-e-type=\"widget\" data-widget_type=\"image.default\">\n\t\t\t\t<div class=\"elementor-widget-container\">\n\t\t\t\t\t\t\t\t\t\t\t\t<figure class=\"wp-caption\">\n\t\t\t\t\t\t\t\t\t\t<img loading=\"lazy\" decoding=\"async\" width=\"800\" height=\"533\" src=\"https:\/\/www.elturistatranquil.com\/wp-content\/uploads\/F105-Ubeda-1.jpg\" class=\"attachment-large size-large wp-image-13835\" alt=\"\" srcset=\"https:\/\/www.elturistatranquil.com\/wp-content\/uploads\/F105-Ubeda-1.jpg 800w, https:\/\/www.elturistatranquil.com\/wp-content\/uploads\/F105-Ubeda-1-768x512.jpg 768w\" sizes=\"(max-width: 800px) 100vw, 800px\" \/>\t\t\t\t\t\t\t\t\t\t\t<figcaption class=\"widget-image-caption wp-caption-text\"><\/figcaption>\n\t\t\t\t\t\t\t\t\t\t<\/figure>\n\t\t\t\t\t\t\t\t\t<\/div>\n\t\t\t\t<\/div>\n\t\t\t\t<div class=\"elementor-element elementor-element-4b774ec2 elementor-widget elementor-widget-heading\" data-id=\"4b774ec2\" data-element_type=\"widget\" data-e-type=\"widget\" data-widget_type=\"heading.default\">\n\t\t\t\t<div class=\"elementor-widget-container\">\n\t\t\t\t\t<h3 class=\"elementor-heading-title elementor-size-default\">Palau del Conde de Guadiana <\/h3>\t\t\t\t<\/div>\n\t\t\t\t<\/div>\n\t\t\t\t<div class=\"elementor-element elementor-element-4ee020b0 elementor-widget elementor-widget-text-editor\" data-id=\"4ee020b0\" data-element_type=\"widget\" data-e-type=\"widget\" data-widget_type=\"text-editor.default\">\n\t\t\t\t<div class=\"elementor-widget-container\">\n\t\t\t\t\t\t\t\t\t<p>Una reminisc\u00e8ncia d&#8217;antics palaus es troba a la cantonada amb el <strong>carrer Mu\u00f1oz Garnica<\/strong>, on s&#8217;aixeca el <strong>Palau del Conde de Guadiana<\/strong> (<strong>17<\/strong>)). L&#8217;edifici seria de l&#8217;\u00faltima d\u00e8cada del segle XVI, mentre que la torre s&#8217;afegiria entre 1611 i 1615 com una mostra d&#8217;arquitectura manierista. Destaquen les finestres acantonades.<\/p><p>Es considera que \u00e9s un exemple de similars palaus renaixentistes a \u00dabeda, amb torre com a element simb\u00f2lic representatiu de l&#8217;antiga noblesa en un context urb\u00e0 en que la seva funcionalitat ja no t\u00e9 sentit.<\/p>\t\t\t\t\t\t\t\t<\/div>\n\t\t\t\t<\/div>\n\t\t\t\t<div class=\"elementor-element elementor-element-1a59fcd6 elementor-widget elementor-widget-menu-anchor\" data-id=\"1a59fcd6\" data-element_type=\"widget\" data-e-type=\"widget\" data-widget_type=\"menu-anchor.default\">\n\t\t\t\t<div class=\"elementor-widget-container\">\n\t\t\t\t\t\t\t<div class=\"elementor-menu-anchor\" id=\"c2527\"><\/div>\n\t\t\t\t\t\t<\/div>\n\t\t\t\t<\/div>\n\t\t\t\t<div class=\"elementor-element elementor-element-6b148f2e elementor-widget elementor-widget-image\" data-id=\"6b148f2e\" data-element_type=\"widget\" data-e-type=\"widget\" data-widget_type=\"image.default\">\n\t\t\t\t<div class=\"elementor-widget-container\">\n\t\t\t\t\t\t\t\t\t\t\t\t<figure class=\"wp-caption\">\n\t\t\t\t\t\t\t\t\t\t<img loading=\"lazy\" decoding=\"async\" width=\"366\" height=\"550\" src=\"https:\/\/www.elturistatranquil.com\/wp-content\/uploads\/F106-Ubeda-Palacio-del-Conde-de-Guadiana-1.jpg\" class=\"attachment-large size-large wp-image-13837\" alt=\"\" \/>\t\t\t\t\t\t\t\t\t\t\t<figcaption class=\"widget-image-caption wp-caption-text\"><\/figcaption>\n\t\t\t\t\t\t\t\t\t\t<\/figure>\n\t\t\t\t\t\t\t\t\t<\/div>\n\t\t\t\t<\/div>\n\t\t\t\t<div class=\"elementor-element elementor-element-705667f2 elementor-widget elementor-widget-heading\" data-id=\"705667f2\" data-element_type=\"widget\" data-e-type=\"widget\" data-widget_type=\"heading.default\">\n\t\t\t\t<div class=\"elementor-widget-container\">\n\t\t\t\t\t<h2 class=\"elementor-heading-title elementor-size-default\">Zona IV<\/h2>\t\t\t\t<\/div>\n\t\t\t\t<\/div>\n\t\t\t\t<div class=\"elementor-element elementor-element-6587c7bb elementor-widget elementor-widget-text-editor\" data-id=\"6587c7bb\" data-element_type=\"widget\" data-e-type=\"widget\" data-widget_type=\"text-editor.default\">\n\t\t\t\t<div class=\"elementor-widget-container\">\n\t\t\t\t\t\t\t\t\t<p>Arribo al l\u00edmit de la ciutat emmurallada enfront de la <strong>pla\u00e7a de Andaluc\u00eda<\/strong>. A l&#8217;esquerra s&#8217;obre la <strong>corredera San Fernando<\/strong>, amb un primer tram de porxos seguint les cases adossades a la muralla.<\/p>\t\t\t\t\t\t\t\t<\/div>\n\t\t\t\t<\/div>\n\t\t\t\t<div class=\"elementor-element elementor-element-3e1d780b elementor-widget elementor-widget-menu-anchor\" data-id=\"3e1d780b\" data-element_type=\"widget\" data-e-type=\"widget\" data-widget_type=\"menu-anchor.default\">\n\t\t\t\t<div class=\"elementor-widget-container\">\n\t\t\t\t\t\t\t<div class=\"elementor-menu-anchor\" id=\"c2528\"><\/div>\n\t\t\t\t\t\t<\/div>\n\t\t\t\t<\/div>\n\t\t\t\t<div class=\"elementor-element elementor-element-4c0e8964 elementor-widget elementor-widget-image\" data-id=\"4c0e8964\" data-element_type=\"widget\" data-e-type=\"widget\" data-widget_type=\"image.default\">\n\t\t\t\t<div class=\"elementor-widget-container\">\n\t\t\t\t\t\t\t\t\t\t\t\t<figure class=\"wp-caption\">\n\t\t\t\t\t\t\t\t\t\t<img loading=\"lazy\" decoding=\"async\" width=\"800\" height=\"533\" src=\"https:\/\/www.elturistatranquil.com\/wp-content\/uploads\/F107-Ubeda-1.jpg\" class=\"attachment-large size-large wp-image-13839\" alt=\"\" srcset=\"https:\/\/www.elturistatranquil.com\/wp-content\/uploads\/F107-Ubeda-1.jpg 800w, https:\/\/www.elturistatranquil.com\/wp-content\/uploads\/F107-Ubeda-1-768x512.jpg 768w\" sizes=\"(max-width: 800px) 100vw, 800px\" \/>\t\t\t\t\t\t\t\t\t\t\t<figcaption class=\"widget-image-caption wp-caption-text\"><\/figcaption>\n\t\t\t\t\t\t\t\t\t\t<\/figure>\n\t\t\t\t\t\t\t\t\t<\/div>\n\t\t\t\t<\/div>\n\t\t\t\t<div class=\"elementor-element elementor-element-48d95a7f elementor-widget elementor-widget-heading\" data-id=\"48d95a7f\" data-element_type=\"widget\" data-e-type=\"widget\" data-widget_type=\"heading.default\">\n\t\t\t\t<div class=\"elementor-widget-container\">\n\t\t\t\t\t<h3 class=\"elementor-heading-title elementor-size-default\">Esgl\u00e9sia de la Trinidad <\/h3>\t\t\t\t<\/div>\n\t\t\t\t<\/div>\n\t\t\t\t<div class=\"elementor-element elementor-element-c1c5b6 elementor-widget elementor-widget-text-editor\" data-id=\"c1c5b6\" data-element_type=\"widget\" data-e-type=\"widget\" data-widget_type=\"text-editor.default\">\n\t\t\t\t<div class=\"elementor-widget-container\">\n\t\t\t\t\t\t\t\t\t<p>Al davant, l&#8217;<strong>Esgl\u00e9sia de la Trinidad<\/strong> (<strong>18<\/strong>) situada ja extramurs. \u00c9s un dels pocs exemples de barroc d&#8217;\u00dabeda.<\/p><p>Fundada el 1215 pels Trinitaris Redemptors Descal\u00e7os despr\u00e9s de la conquesta.<\/p><p>Al llarg de la seva hist\u00f2ria va patir diversos enfonsaments, sent l&#8217;\u00faltim en 1727. El conjunt est\u00e0 format per l&#8217;Esgl\u00e9sia i un convent amb claustre.<\/p><p>La sobrietat de la fa\u00e7ana contrasta amb les excel\u00b7lents portades barroques dels costats sud i oest.<\/p><p>A la cantonada s&#8217;eleva una torre campanar de quatre cossos.<\/p>\t\t\t\t\t\t\t\t<\/div>\n\t\t\t\t<\/div>\n\t\t\t\t<div class=\"elementor-element elementor-element-4bb8101c elementor-widget elementor-widget-image\" data-id=\"4bb8101c\" data-element_type=\"widget\" data-e-type=\"widget\" data-widget_type=\"image.default\">\n\t\t\t\t<div class=\"elementor-widget-container\">\n\t\t\t\t\t\t\t\t\t\t\t\t<figure class=\"wp-caption\">\n\t\t\t\t\t\t\t\t\t\t<img loading=\"lazy\" decoding=\"async\" width=\"800\" height=\"533\" src=\"https:\/\/www.elturistatranquil.com\/wp-content\/uploads\/F108-Ubeda-Iglesia-de-la-Trinidad-1.jpg\" class=\"attachment-large size-large wp-image-13841\" alt=\"\" srcset=\"https:\/\/www.elturistatranquil.com\/wp-content\/uploads\/F108-Ubeda-Iglesia-de-la-Trinidad-1.jpg 800w, https:\/\/www.elturistatranquil.com\/wp-content\/uploads\/F108-Ubeda-Iglesia-de-la-Trinidad-1-768x512.jpg 768w\" sizes=\"(max-width: 800px) 100vw, 800px\" \/>\t\t\t\t\t\t\t\t\t\t\t<figcaption class=\"widget-image-caption wp-caption-text\"><\/figcaption>\n\t\t\t\t\t\t\t\t\t\t<\/figure>\n\t\t\t\t\t\t\t\t\t<\/div>\n\t\t\t\t<\/div>\n\t\t\t\t<div class=\"elementor-element elementor-element-3c59dd0b elementor-widget elementor-widget-menu-anchor\" data-id=\"3c59dd0b\" data-element_type=\"widget\" data-e-type=\"widget\" data-widget_type=\"menu-anchor.default\">\n\t\t\t\t<div class=\"elementor-widget-container\">\n\t\t\t\t\t\t\t<div class=\"elementor-menu-anchor\" id=\"c2529\"><\/div>\n\t\t\t\t\t\t<\/div>\n\t\t\t\t<\/div>\n\t\t\t\t<div class=\"elementor-element elementor-element-73de44bc elementor-widget elementor-widget-image\" data-id=\"73de44bc\" data-element_type=\"widget\" data-e-type=\"widget\" data-widget_type=\"image.default\">\n\t\t\t\t<div class=\"elementor-widget-container\">\n\t\t\t\t\t\t\t\t\t\t\t\t<figure class=\"wp-caption\">\n\t\t\t\t\t\t\t\t\t\t<img loading=\"lazy\" decoding=\"async\" width=\"366\" height=\"550\" src=\"https:\/\/www.elturistatranquil.com\/wp-content\/uploads\/F109-Ubeda-Iglesia-de-la-Trinidad-1.jpg\" class=\"attachment-large size-large wp-image-13843\" alt=\"\" \/>\t\t\t\t\t\t\t\t\t\t\t<figcaption class=\"widget-image-caption wp-caption-text\"><\/figcaption>\n\t\t\t\t\t\t\t\t\t\t<\/figure>\n\t\t\t\t\t\t\t\t\t<\/div>\n\t\t\t\t<\/div>\n\t\t\t\t<div class=\"elementor-element elementor-element-4694e315 elementor-widget elementor-widget-heading\" data-id=\"4694e315\" data-element_type=\"widget\" data-e-type=\"widget\" data-widget_type=\"heading.default\">\n\t\t\t\t<div class=\"elementor-widget-container\">\n\t\t\t\t\t<h3 class=\"elementor-heading-title elementor-size-default\">Torre del Reloj i Pla\u00e7a de Andaluc\u00eda<\/h3>\t\t\t\t<\/div>\n\t\t\t\t<\/div>\n\t\t\t\t<div class=\"elementor-element elementor-element-ee6b22b elementor-widget elementor-widget-text-editor\" data-id=\"ee6b22b\" data-element_type=\"widget\" data-e-type=\"widget\" data-widget_type=\"text-editor.default\">\n\t\t\t\t<div class=\"elementor-widget-container\">\n\t\t\t\t\t\t\t\t\t<p>Des de l\u2019Esgl\u00e9sia de la Trinitat la panor\u00e0mica a ponent segueix el circuit de la muralla, amb la pres\u00e8ncia de la <strong>Torre del Reloj<\/strong> (<strong>19, S<\/strong>), al costat de la <strong>Pla\u00e7a de Andaluc\u00eda<\/strong>.<\/p><p>Ja he passat davant de la Torre del Reloj en el recorregut per la muralla (<strong>S<\/strong>).<\/p>\t\t\t\t\t\t\t\t<\/div>\n\t\t\t\t<\/div>\n\t\t\t\t<div class=\"elementor-element elementor-element-6077d95f elementor-widget elementor-widget-image\" data-id=\"6077d95f\" data-element_type=\"widget\" data-e-type=\"widget\" data-widget_type=\"image.default\">\n\t\t\t\t<div class=\"elementor-widget-container\">\n\t\t\t\t\t\t\t\t\t\t\t\t<figure class=\"wp-caption\">\n\t\t\t\t\t\t\t\t\t\t<img loading=\"lazy\" decoding=\"async\" width=\"800\" height=\"533\" src=\"https:\/\/www.elturistatranquil.com\/wp-content\/uploads\/F110-Ubeda-Torre-del-reloj-1.jpg\" class=\"attachment-large size-large wp-image-13845\" alt=\"\" srcset=\"https:\/\/www.elturistatranquil.com\/wp-content\/uploads\/F110-Ubeda-Torre-del-reloj-1.jpg 800w, https:\/\/www.elturistatranquil.com\/wp-content\/uploads\/F110-Ubeda-Torre-del-reloj-1-768x512.jpg 768w\" sizes=\"(max-width: 800px) 100vw, 800px\" \/>\t\t\t\t\t\t\t\t\t\t\t<figcaption class=\"widget-image-caption wp-caption-text\"><\/figcaption>\n\t\t\t\t\t\t\t\t\t\t<\/figure>\n\t\t\t\t\t\t\t\t\t<\/div>\n\t\t\t\t<\/div>\n\t\t\t\t<div class=\"elementor-element elementor-element-456a6f3e elementor-widget elementor-widget-text-editor\" data-id=\"456a6f3e\" data-element_type=\"widget\" data-e-type=\"widget\" data-widget_type=\"text-editor.default\">\n\t\t\t\t<div class=\"elementor-widget-container\">\n\t\t\t\t\t\t\t\t\t<p>La <strong>pla\u00e7a de Andaluc\u00eda<\/strong> \u00e9s el lloc central de la \u00dabeda actual, de la qual parteixen en forma radial els eixos viaris cap a l&#8217;exterior de la ciutat.<\/p><p>Enfront de la Puerta de Toledo, era en l&#8217;\u00e8poca medial lloc de mercat, mantenint aquest car\u00e0cter d&#8217;\u00e0rea comercial amb els seus porxos, amb algun edifici historicista en la seva combinaci\u00f3 d&#8217;estils arquitect\u00f2nics.<\/p>\t\t\t\t\t\t\t\t<\/div>\n\t\t\t\t<\/div>\n\t\t\t\t<div class=\"elementor-element elementor-element-775fa25 elementor-widget elementor-widget-menu-anchor\" data-id=\"775fa25\" data-element_type=\"widget\" data-e-type=\"widget\" data-widget_type=\"menu-anchor.default\">\n\t\t\t\t<div class=\"elementor-widget-container\">\n\t\t\t\t\t\t\t<div class=\"elementor-menu-anchor\" id=\"c2530\"><\/div>\n\t\t\t\t\t\t<\/div>\n\t\t\t\t<\/div>\n\t\t\t\t<div class=\"elementor-element elementor-element-45969a4b elementor-widget elementor-widget-image\" data-id=\"45969a4b\" data-element_type=\"widget\" data-e-type=\"widget\" data-widget_type=\"image.default\">\n\t\t\t\t<div class=\"elementor-widget-container\">\n\t\t\t\t\t\t\t\t\t\t\t\t<figure class=\"wp-caption\">\n\t\t\t\t\t\t\t\t\t\t<img loading=\"lazy\" decoding=\"async\" width=\"800\" height=\"533\" src=\"https:\/\/www.elturistatranquil.com\/wp-content\/uploads\/F110-Ubeda-Plaza-de-Andalucia-1.jpg\" class=\"attachment-large size-large wp-image-13847\" alt=\"\" srcset=\"https:\/\/www.elturistatranquil.com\/wp-content\/uploads\/F110-Ubeda-Plaza-de-Andalucia-1.jpg 800w, https:\/\/www.elturistatranquil.com\/wp-content\/uploads\/F110-Ubeda-Plaza-de-Andalucia-1-768x512.jpg 768w\" sizes=\"(max-width: 800px) 100vw, 800px\" \/>\t\t\t\t\t\t\t\t\t\t\t<figcaption class=\"widget-image-caption wp-caption-text\"><\/figcaption>\n\t\t\t\t\t\t\t\t\t\t<\/figure>\n\t\t\t\t\t\t\t\t\t<\/div>\n\t\t\t\t<\/div>\n\t\t\t\t<div class=\"elementor-element elementor-element-418ed35a elementor-widget elementor-widget-heading\" data-id=\"418ed35a\" data-element_type=\"widget\" data-e-type=\"widget\" data-widget_type=\"heading.default\">\n\t\t\t\t<div class=\"elementor-widget-container\">\n\t\t\t\t\t<h3 class=\"elementor-heading-title elementor-size-default\">Seu de la UNED <\/h3>\t\t\t\t<\/div>\n\t\t\t\t<\/div>\n\t\t\t\t<div class=\"elementor-element elementor-element-1a6fc674 elementor-widget elementor-widget-text-editor\" data-id=\"1a6fc674\" data-element_type=\"widget\" data-e-type=\"widget\" data-widget_type=\"text-editor.default\">\n\t\t\t\t<div class=\"elementor-widget-container\">\n\t\t\t\t\t\t\t\t\t<p>En el recorregut que em queda cap a l&#8217;Hospital de Santiago, dono una mica de volta pel <strong>carrer Gradas<\/strong> per passar davant de l&#8217;actual <strong>seu de la UNED<\/strong> (<strong>20<\/strong>).<\/p><p>La Portada Plateresca de l&#8217;edifici es va construir a principis del S. XVI. Segueix el model plateresc o del primer renaixement i est\u00e0 formada per arc de mig punt de gran dovellatge castell\u00e0, emmarcat per motllura conopial de reminisc\u00e8ncia g\u00f2tica. En el seu cos superior se situa una finestra b\u00edfora amb balustres i mainell de marbre.<\/p>\t\t\t\t\t\t\t\t<\/div>\n\t\t\t\t<\/div>\n\t\t\t\t<div class=\"elementor-element elementor-element-676fa7b3 elementor-widget elementor-widget-image\" data-id=\"676fa7b3\" data-element_type=\"widget\" data-e-type=\"widget\" data-widget_type=\"image.default\">\n\t\t\t\t<div class=\"elementor-widget-container\">\n\t\t\t\t\t\t\t\t\t\t\t\t<figure class=\"wp-caption\">\n\t\t\t\t\t\t\t\t\t\t<img loading=\"lazy\" decoding=\"async\" width=\"800\" height=\"533\" src=\"https:\/\/www.elturistatranquil.com\/wp-content\/uploads\/F111-Ubeda-Sede-UNED-1.jpg\" class=\"attachment-large size-large wp-image-13849\" alt=\"\" srcset=\"https:\/\/www.elturistatranquil.com\/wp-content\/uploads\/F111-Ubeda-Sede-UNED-1.jpg 800w, https:\/\/www.elturistatranquil.com\/wp-content\/uploads\/F111-Ubeda-Sede-UNED-1-768x512.jpg 768w\" sizes=\"(max-width: 800px) 100vw, 800px\" \/>\t\t\t\t\t\t\t\t\t\t\t<figcaption class=\"widget-image-caption wp-caption-text\"><\/figcaption>\n\t\t\t\t\t\t\t\t\t\t<\/figure>\n\t\t\t\t\t\t\t\t\t<\/div>\n\t\t\t\t<\/div>\n\t\t\t\t<div class=\"elementor-element elementor-element-6a17e4a2 elementor-widget elementor-widget-image\" data-id=\"6a17e4a2\" data-element_type=\"widget\" data-e-type=\"widget\" data-widget_type=\"image.default\">\n\t\t\t\t<div class=\"elementor-widget-container\">\n\t\t\t\t\t\t\t\t\t\t\t\t<figure class=\"wp-caption\">\n\t\t\t\t\t\t\t\t\t\t<img loading=\"lazy\" decoding=\"async\" width=\"800\" height=\"533\" src=\"https:\/\/www.elturistatranquil.com\/wp-content\/uploads\/F112-Ubeda-Sede-UNED-1.jpg\" class=\"attachment-large size-large wp-image-13851\" alt=\"\" srcset=\"https:\/\/www.elturistatranquil.com\/wp-content\/uploads\/F112-Ubeda-Sede-UNED-1.jpg 800w, https:\/\/www.elturistatranquil.com\/wp-content\/uploads\/F112-Ubeda-Sede-UNED-1-768x512.jpg 768w\" sizes=\"(max-width: 800px) 100vw, 800px\" \/>\t\t\t\t\t\t\t\t\t\t\t<figcaption class=\"widget-image-caption wp-caption-text\"><\/figcaption>\n\t\t\t\t\t\t\t\t\t\t<\/figure>\n\t\t\t\t\t\t\t\t\t<\/div>\n\t\t\t\t<\/div>\n\t\t\t\t<div class=\"elementor-element elementor-element-2b3d3d0b elementor-widget elementor-widget-text-editor\" data-id=\"2b3d3d0b\" data-element_type=\"widget\" data-e-type=\"widget\" data-widget_type=\"text-editor.default\">\n\t\t\t\t<div class=\"elementor-widget-container\">\n\t\t\t\t\t\t\t\t\t<p>Al tombant del <strong>carrer Moral<\/strong> observo un element t\u00edpic en els carrers andalusos en general com s\u00f3n les forn\u00edcules amb imatges religioses, en aquest cas de Crist Crucificat.<\/p>\t\t\t\t\t\t\t\t<\/div>\n\t\t\t\t<\/div>\n\t\t\t\t<div class=\"elementor-element elementor-element-3b8bc29c elementor-widget elementor-widget-menu-anchor\" data-id=\"3b8bc29c\" data-element_type=\"widget\" data-e-type=\"widget\" data-widget_type=\"menu-anchor.default\">\n\t\t\t\t<div class=\"elementor-widget-container\">\n\t\t\t\t\t\t\t<div class=\"elementor-menu-anchor\" id=\"c2531\"><\/div>\n\t\t\t\t\t\t<\/div>\n\t\t\t\t<\/div>\n\t\t\t\t<div class=\"elementor-element elementor-element-38fa8288 elementor-widget elementor-widget-image\" data-id=\"38fa8288\" data-element_type=\"widget\" data-e-type=\"widget\" data-widget_type=\"image.default\">\n\t\t\t\t<div class=\"elementor-widget-container\">\n\t\t\t\t\t\t\t\t\t\t\t\t<figure class=\"wp-caption\">\n\t\t\t\t\t\t\t\t\t\t<img loading=\"lazy\" decoding=\"async\" width=\"800\" height=\"533\" src=\"https:\/\/www.elturistatranquil.com\/wp-content\/uploads\/F113-Ubeda-1.jpg\" class=\"attachment-large size-large wp-image-13853\" alt=\"\" srcset=\"https:\/\/www.elturistatranquil.com\/wp-content\/uploads\/F113-Ubeda-1.jpg 800w, https:\/\/www.elturistatranquil.com\/wp-content\/uploads\/F113-Ubeda-1-768x512.jpg 768w\" sizes=\"(max-width: 800px) 100vw, 800px\" \/>\t\t\t\t\t\t\t\t\t\t\t<figcaption class=\"widget-image-caption wp-caption-text\"><\/figcaption>\n\t\t\t\t\t\t\t\t\t\t<\/figure>\n\t\t\t\t\t\t\t\t\t<\/div>\n\t\t\t\t<\/div>\n\t\t\t\t<div class=\"elementor-element elementor-element-4b15a41d elementor-widget elementor-widget-heading\" data-id=\"4b15a41d\" data-element_type=\"widget\" data-e-type=\"widget\" data-widget_type=\"heading.default\">\n\t\t\t\t<div class=\"elementor-widget-container\">\n\t\t\t\t\t<h3 class=\"elementor-heading-title elementor-size-default\">Esgl\u00e9sia de San Isidoro <\/h3>\t\t\t\t<\/div>\n\t\t\t\t<\/div>\n\t\t\t\t<div class=\"elementor-element elementor-element-74a5e53c elementor-widget elementor-widget-text-editor\" data-id=\"74a5e53c\" data-element_type=\"widget\" data-e-type=\"widget\" data-widget_type=\"text-editor.default\">\n\t\t\t\t<div class=\"elementor-widget-container\">\n\t\t\t\t\t\t\t\t\t<p>A la cantonada del <strong>carrer Cronista Muro<\/strong>, a la dreta al fons, apareix el costat de l&#8217;ep\u00edstola de l&#8217;<strong>Esgl\u00e9sia de San Isidoro<\/strong> (<strong>21<\/strong>).<\/p><p>Sobre una fortalesa \u00e0rab o una mesquita, hi ha dubtes, es va aixecar una Esgl\u00e9sia al segle XIV, tamb\u00e9 extramurs, de la que es conserven les seves dues portades. Remodelada despr\u00e9s, en els segles XVI-XVII. Sembla ser que Andr\u00e9s de Vandelvira va participar en el seu disseny.<\/p><p>La porta del costat sud, o del Sol, amb un estil tardog\u00f2tic, amb l&#8217;escut del bisbe fundador.<\/p><p>Presenta una torre campanar i una espadanya.<\/p>\t\t\t\t\t\t\t\t<\/div>\n\t\t\t\t<\/div>\n\t\t\t\t<div class=\"elementor-element elementor-element-1194659d elementor-widget elementor-widget-image\" data-id=\"1194659d\" data-element_type=\"widget\" data-e-type=\"widget\" data-widget_type=\"image.default\">\n\t\t\t\t<div class=\"elementor-widget-container\">\n\t\t\t\t\t\t\t\t\t\t\t\t<figure class=\"wp-caption\">\n\t\t\t\t\t\t\t\t\t\t<img loading=\"lazy\" decoding=\"async\" width=\"800\" height=\"533\" src=\"https:\/\/www.elturistatranquil.com\/wp-content\/uploads\/F114-Ubeda-Iglesia-de-San-Isidoro-1-1.jpg\" class=\"attachment-large size-large wp-image-13855\" alt=\"\" srcset=\"https:\/\/www.elturistatranquil.com\/wp-content\/uploads\/F114-Ubeda-Iglesia-de-San-Isidoro-1-1.jpg 800w, https:\/\/www.elturistatranquil.com\/wp-content\/uploads\/F114-Ubeda-Iglesia-de-San-Isidoro-1-1-768x512.jpg 768w\" sizes=\"(max-width: 800px) 100vw, 800px\" \/>\t\t\t\t\t\t\t\t\t\t\t<figcaption class=\"widget-image-caption wp-caption-text\"><\/figcaption>\n\t\t\t\t\t\t\t\t\t\t<\/figure>\n\t\t\t\t\t\t\t\t\t<\/div>\n\t\t\t\t<\/div>\n\t\t\t\t<div class=\"elementor-element elementor-element-7f92713a elementor-widget elementor-widget-text-editor\" data-id=\"7f92713a\" data-element_type=\"widget\" data-e-type=\"widget\" data-widget_type=\"text-editor.default\">\n\t\t\t\t<div class=\"elementor-widget-container\">\n\t\t\t\t\t\t\t\t\t<p>Un peu de Esgl\u00e9sia sense obertures i una porta a la cara nord.<\/p>\t\t\t\t\t\t\t\t<\/div>\n\t\t\t\t<\/div>\n\t\t\t\t<div class=\"elementor-element elementor-element-2c2482d8 elementor-widget elementor-widget-image\" data-id=\"2c2482d8\" data-element_type=\"widget\" data-e-type=\"widget\" data-widget_type=\"image.default\">\n\t\t\t\t<div class=\"elementor-widget-container\">\n\t\t\t\t\t\t\t\t\t\t\t\t<figure class=\"wp-caption\">\n\t\t\t\t\t\t\t\t\t\t<img loading=\"lazy\" decoding=\"async\" width=\"800\" height=\"533\" src=\"https:\/\/www.elturistatranquil.com\/wp-content\/uploads\/F115-Ubeda-Iglesia-de-San-Isidoro-1.jpg\" class=\"attachment-large size-large wp-image-13857\" alt=\"\" srcset=\"https:\/\/www.elturistatranquil.com\/wp-content\/uploads\/F115-Ubeda-Iglesia-de-San-Isidoro-1.jpg 800w, https:\/\/www.elturistatranquil.com\/wp-content\/uploads\/F115-Ubeda-Iglesia-de-San-Isidoro-1-768x512.jpg 768w\" sizes=\"(max-width: 800px) 100vw, 800px\" \/>\t\t\t\t\t\t\t\t\t\t\t<figcaption class=\"widget-image-caption wp-caption-text\"><\/figcaption>\n\t\t\t\t\t\t\t\t\t\t<\/figure>\n\t\t\t\t\t\t\t\t\t<\/div>\n\t\t\t\t<\/div>\n\t\t\t\t<div class=\"elementor-element elementor-element-7062d1c8 elementor-widget elementor-widget-menu-anchor\" data-id=\"7062d1c8\" data-element_type=\"widget\" data-e-type=\"widget\" data-widget_type=\"menu-anchor.default\">\n\t\t\t\t<div class=\"elementor-widget-container\">\n\t\t\t\t\t\t\t<div class=\"elementor-menu-anchor\" id=\"c2532\"><\/div>\n\t\t\t\t\t\t<\/div>\n\t\t\t\t<\/div>\n\t\t\t\t<div class=\"elementor-element elementor-element-4e61b37 elementor-widget elementor-widget-image\" data-id=\"4e61b37\" data-element_type=\"widget\" data-e-type=\"widget\" data-widget_type=\"image.default\">\n\t\t\t\t<div class=\"elementor-widget-container\">\n\t\t\t\t\t\t\t\t\t\t\t\t<figure class=\"wp-caption\">\n\t\t\t\t\t\t\t\t\t\t<img loading=\"lazy\" decoding=\"async\" width=\"446\" height=\"550\" src=\"https:\/\/www.elturistatranquil.com\/wp-content\/uploads\/F116-Ubeda-Iglesia-de-San-Isidoro-1.jpg\" class=\"attachment-large size-large wp-image-13859\" alt=\"\" \/>\t\t\t\t\t\t\t\t\t\t\t<figcaption class=\"widget-image-caption wp-caption-text\"><\/figcaption>\n\t\t\t\t\t\t\t\t\t\t<\/figure>\n\t\t\t\t\t\t\t\t\t<\/div>\n\t\t\t\t<\/div>\n\t\t\t\t<div class=\"elementor-element elementor-element-73e98fa2 elementor-widget elementor-widget-heading\" data-id=\"73e98fa2\" data-element_type=\"widget\" data-e-type=\"widget\" data-widget_type=\"heading.default\">\n\t\t\t\t<div class=\"elementor-widget-container\">\n\t\t\t\t\t<h3 class=\"elementor-heading-title elementor-size-default\">Carrer Obispo Cobos i Carrer Mesones<\/h3>\t\t\t\t<\/div>\n\t\t\t\t<\/div>\n\t\t\t\t<div class=\"elementor-element elementor-element-5bbd93bd elementor-widget elementor-widget-text-editor\" data-id=\"5bbd93bd\" data-element_type=\"widget\" data-e-type=\"widget\" data-widget_type=\"text-editor.default\">\n\t\t\t\t<div class=\"elementor-widget-container\">\n\t\t\t\t\t\t\t\t\t<p>Arribo al <strong>carrer Obispo Cobos<\/strong> i <strong>carrer Mesones<\/strong>, popularment carrer de <em>las Tiendas<\/em>, que constitueix l&#8217;art\u00e8ria comercial de la ciutat moderna actual.<\/p><p>\u00c9s una zona de vianants de la qual mostro dues vistes en les dues direccions del carrer.<\/p>\t\t\t\t\t\t\t\t<\/div>\n\t\t\t\t<\/div>\n\t\t\t\t<div class=\"elementor-element elementor-element-33858540 elementor-widget elementor-widget-image\" data-id=\"33858540\" data-element_type=\"widget\" data-e-type=\"widget\" data-widget_type=\"image.default\">\n\t\t\t\t<div class=\"elementor-widget-container\">\n\t\t\t\t\t\t\t\t\t\t\t\t<figure class=\"wp-caption\">\n\t\t\t\t\t\t\t\t\t\t<img loading=\"lazy\" decoding=\"async\" width=\"800\" height=\"533\" src=\"https:\/\/www.elturistatranquil.com\/wp-content\/uploads\/F117-Ubeda-1.jpg\" class=\"attachment-large size-large wp-image-13861\" alt=\"\" srcset=\"https:\/\/www.elturistatranquil.com\/wp-content\/uploads\/F117-Ubeda-1.jpg 800w, https:\/\/www.elturistatranquil.com\/wp-content\/uploads\/F117-Ubeda-1-768x512.jpg 768w\" sizes=\"(max-width: 800px) 100vw, 800px\" \/>\t\t\t\t\t\t\t\t\t\t\t<figcaption class=\"widget-image-caption wp-caption-text\"><\/figcaption>\n\t\t\t\t\t\t\t\t\t\t<\/figure>\n\t\t\t\t\t\t\t\t\t<\/div>\n\t\t\t\t<\/div>\n\t\t\t\t<div class=\"elementor-element elementor-element-5a868270 elementor-widget elementor-widget-image\" data-id=\"5a868270\" data-element_type=\"widget\" data-e-type=\"widget\" data-widget_type=\"image.default\">\n\t\t\t\t<div class=\"elementor-widget-container\">\n\t\t\t\t\t\t\t\t\t\t\t\t<figure class=\"wp-caption\">\n\t\t\t\t\t\t\t\t\t\t<img loading=\"lazy\" decoding=\"async\" width=\"800\" height=\"533\" src=\"https:\/\/www.elturistatranquil.com\/wp-content\/uploads\/F118-Ubeda-1.jpg\" class=\"attachment-large size-large wp-image-13863\" alt=\"\" srcset=\"https:\/\/www.elturistatranquil.com\/wp-content\/uploads\/F118-Ubeda-1.jpg 800w, https:\/\/www.elturistatranquil.com\/wp-content\/uploads\/F118-Ubeda-1-768x512.jpg 768w\" sizes=\"(max-width: 800px) 100vw, 800px\" \/>\t\t\t\t\t\t\t\t\t\t\t<figcaption class=\"widget-image-caption wp-caption-text\"><\/figcaption>\n\t\t\t\t\t\t\t\t\t\t<\/figure>\n\t\t\t\t\t\t\t\t\t<\/div>\n\t\t\t\t<\/div>\n\t\t\t\t<div class=\"elementor-element elementor-element-259049e7 elementor-widget elementor-widget-text-editor\" data-id=\"259049e7\" data-element_type=\"widget\" data-e-type=\"widget\" data-widget_type=\"text-editor.default\">\n\t\t\t\t<div class=\"elementor-widget-container\">\n\t\t\t\t\t\t\t\t\t<p>Carrer amb el seu toc de modernitat.<\/p>\t\t\t\t\t\t\t\t<\/div>\n\t\t\t\t<\/div>\n\t\t\t\t<div class=\"elementor-element elementor-element-72e8a47b elementor-widget elementor-widget-menu-anchor\" data-id=\"72e8a47b\" data-element_type=\"widget\" data-e-type=\"widget\" data-widget_type=\"menu-anchor.default\">\n\t\t\t\t<div class=\"elementor-widget-container\">\n\t\t\t\t\t\t\t<div class=\"elementor-menu-anchor\" id=\"c2533\"><\/div>\n\t\t\t\t\t\t<\/div>\n\t\t\t\t<\/div>\n\t\t\t\t<div class=\"elementor-element elementor-element-6bcd92c7 elementor-widget elementor-widget-image\" data-id=\"6bcd92c7\" data-element_type=\"widget\" data-e-type=\"widget\" data-widget_type=\"image.default\">\n\t\t\t\t<div class=\"elementor-widget-container\">\n\t\t\t\t\t\t\t\t\t\t\t\t<figure class=\"wp-caption\">\n\t\t\t\t\t\t\t\t\t\t<img loading=\"lazy\" decoding=\"async\" width=\"800\" height=\"533\" src=\"https:\/\/www.elturistatranquil.com\/wp-content\/uploads\/F119-Ubeda-1.jpg\" class=\"attachment-large size-large wp-image-13865\" alt=\"\" srcset=\"https:\/\/www.elturistatranquil.com\/wp-content\/uploads\/F119-Ubeda-1.jpg 800w, https:\/\/www.elturistatranquil.com\/wp-content\/uploads\/F119-Ubeda-1-768x512.jpg 768w\" sizes=\"(max-width: 800px) 100vw, 800px\" \/>\t\t\t\t\t\t\t\t\t\t\t<figcaption class=\"widget-image-caption wp-caption-text\"><\/figcaption>\n\t\t\t\t\t\t\t\t\t\t<\/figure>\n\t\t\t\t\t\t\t\t\t<\/div>\n\t\t\t\t<\/div>\n\t\t\t\t<div class=\"elementor-element elementor-element-2fc7f459 elementor-widget elementor-widget-heading\" data-id=\"2fc7f459\" data-element_type=\"widget\" data-e-type=\"widget\" data-widget_type=\"heading.default\">\n\t\t\t\t<div class=\"elementor-widget-container\">\n\t\t\t\t\t<h3 class=\"elementor-heading-title elementor-size-default\">Hospital de Santiago <\/h3>\t\t\t\t<\/div>\n\t\t\t\t<\/div>\n\t\t\t\t<div class=\"elementor-element elementor-element-77049157 elementor-widget elementor-widget-text-editor\" data-id=\"77049157\" data-element_type=\"widget\" data-e-type=\"widget\" data-widget_type=\"text-editor.default\">\n\t\t\t\t<div class=\"elementor-widget-container\">\n\t\t\t\t\t\t\t\t\t<p>Al final del <strong>carrer Obispo Cobos<\/strong> arribo a l&#8217;<strong>Hospital de Santiago<\/strong> (<strong>22<\/strong>), \u00faltim punt del recorregut de la visita urbana.<\/p><p>Considerada una joia arquitect\u00f2nica del Renaixement civil espanyol realitzada per Andr\u00e9s de Vandelvira i el seu pare, Pedro de Vandelvira.<\/p><p>Constru\u00efda entre 1562 i 1575, sota les ordres del Bisbe Diego de los Cobos, per ser hospital per a pobres malalts, aix\u00ed com Esgl\u00e9sia, pante\u00f3 i Palau. En l&#8217;actualitat, s&#8217;utilitza com a centre cultural, d&#8217;exposicions i de congressos.<\/p><p>S&#8217;observa una gran fa\u00e7ana flanquejada per dues torres recobertes de cer\u00e0mica vidriada i dues posteriors a la capella.<\/p><p>Per la seva forma de vegades se l&#8217;anomena <em>El Escorial de Andaluc\u00eda<\/em>.<\/p>\t\t\t\t\t\t\t\t<\/div>\n\t\t\t\t<\/div>\n\t\t\t\t<div class=\"elementor-element elementor-element-6ed111e1 elementor-widget elementor-widget-image\" data-id=\"6ed111e1\" data-element_type=\"widget\" data-e-type=\"widget\" data-widget_type=\"image.default\">\n\t\t\t\t<div class=\"elementor-widget-container\">\n\t\t\t\t\t\t\t\t\t\t\t\t<figure class=\"wp-caption\">\n\t\t\t\t\t\t\t\t\t\t<img loading=\"lazy\" decoding=\"async\" width=\"800\" height=\"533\" src=\"https:\/\/www.elturistatranquil.com\/wp-content\/uploads\/F120-Ubeda-Hospital-de-Santiago-1.jpg\" class=\"attachment-large size-large wp-image-13867\" alt=\"\" srcset=\"https:\/\/www.elturistatranquil.com\/wp-content\/uploads\/F120-Ubeda-Hospital-de-Santiago-1.jpg 800w, https:\/\/www.elturistatranquil.com\/wp-content\/uploads\/F120-Ubeda-Hospital-de-Santiago-1-768x512.jpg 768w\" sizes=\"(max-width: 800px) 100vw, 800px\" \/>\t\t\t\t\t\t\t\t\t\t\t<figcaption class=\"widget-image-caption wp-caption-text\"><\/figcaption>\n\t\t\t\t\t\t\t\t\t\t<\/figure>\n\t\t\t\t\t\t\t\t\t<\/div>\n\t\t\t\t<\/div>\n\t\t\t\t<div class=\"elementor-element elementor-element-a2f61e7 elementor-widget elementor-widget-text-editor\" data-id=\"a2f61e7\" data-element_type=\"widget\" data-e-type=\"widget\" data-widget_type=\"text-editor.default\">\n\t\t\t\t<div class=\"elementor-widget-container\">\n\t\t\t\t\t\t\t\t\t<p>L&#8217;entrada al recinte es fa a trav\u00e9s d&#8217;un arc de mig punt de grans dimensions, sobre el qual es troba una forn\u00edcula de <em>Santiago Matamoros<\/em>.<\/p>\t\t\t\t\t\t\t\t<\/div>\n\t\t\t\t<\/div>\n\t\t\t\t<div class=\"elementor-element elementor-element-2d31bf1c elementor-widget elementor-widget-image\" data-id=\"2d31bf1c\" data-element_type=\"widget\" data-e-type=\"widget\" data-widget_type=\"image.default\">\n\t\t\t\t<div class=\"elementor-widget-container\">\n\t\t\t\t\t\t\t\t\t\t\t\t<figure class=\"wp-caption\">\n\t\t\t\t\t\t\t\t\t\t<img loading=\"lazy\" decoding=\"async\" width=\"800\" height=\"533\" src=\"https:\/\/www.elturistatranquil.com\/wp-content\/uploads\/F121-Ubeda-Hospital-de-Santiago-1.jpg\" class=\"attachment-large size-large wp-image-13869\" alt=\"\" srcset=\"https:\/\/www.elturistatranquil.com\/wp-content\/uploads\/F121-Ubeda-Hospital-de-Santiago-1.jpg 800w, https:\/\/www.elturistatranquil.com\/wp-content\/uploads\/F121-Ubeda-Hospital-de-Santiago-1-768x512.jpg 768w\" sizes=\"(max-width: 800px) 100vw, 800px\" \/>\t\t\t\t\t\t\t\t\t\t\t<figcaption class=\"widget-image-caption wp-caption-text\"><\/figcaption>\n\t\t\t\t\t\t\t\t\t\t<\/figure>\n\t\t\t\t\t\t\t\t\t<\/div>\n\t\t\t\t<\/div>\n\t\t\t\t<div class=\"elementor-element elementor-element-420a90af elementor-widget elementor-widget-text-editor\" data-id=\"420a90af\" data-element_type=\"widget\" data-e-type=\"widget\" data-widget_type=\"text-editor.default\">\n\t\t\t\t<div class=\"elementor-widget-container\">\n\t\t\t\t\t\t\t\t\t<p>Al centre un pati porticat a dos nivells. Sobresurt al fons, despr\u00e9s del porticat, el peu de la Capella amb les dues torres.<\/p><p>Les columnes s\u00f3n de marbre de Carrara.<\/p>\t\t\t\t\t\t\t\t<\/div>\n\t\t\t\t<\/div>\n\t\t\t\t<div class=\"elementor-element elementor-element-b41fe95 elementor-widget elementor-widget-image\" data-id=\"b41fe95\" data-element_type=\"widget\" data-e-type=\"widget\" data-widget_type=\"image.default\">\n\t\t\t\t<div class=\"elementor-widget-container\">\n\t\t\t\t\t\t\t\t\t\t\t\t<figure class=\"wp-caption\">\n\t\t\t\t\t\t\t\t\t\t<img loading=\"lazy\" decoding=\"async\" width=\"800\" height=\"533\" src=\"https:\/\/www.elturistatranquil.com\/wp-content\/uploads\/F122-Ubeda-Hospital-de-Santiago-1.jpg\" class=\"attachment-large size-large wp-image-13871\" alt=\"\" srcset=\"https:\/\/www.elturistatranquil.com\/wp-content\/uploads\/F122-Ubeda-Hospital-de-Santiago-1.jpg 800w, https:\/\/www.elturistatranquil.com\/wp-content\/uploads\/F122-Ubeda-Hospital-de-Santiago-1-768x512.jpg 768w\" sizes=\"(max-width: 800px) 100vw, 800px\" \/>\t\t\t\t\t\t\t\t\t\t\t<figcaption class=\"widget-image-caption wp-caption-text\"><\/figcaption>\n\t\t\t\t\t\t\t\t\t\t<\/figure>\n\t\t\t\t\t\t\t\t\t<\/div>\n\t\t\t\t<\/div>\n\t\t\t\t<div class=\"elementor-element elementor-element-cb82fb5 elementor-widget elementor-widget-text-editor\" data-id=\"cb82fb5\" data-element_type=\"widget\" data-e-type=\"widget\" data-widget_type=\"text-editor.default\">\n\t\t\t\t<div class=\"elementor-widget-container\">\n\t\t\t\t\t\t\t\t\t<p>En el moment de la meva visita s&#8217;estava desenvolupant la <em>II Biennal Foto \u00dabeda<\/em> i una mostra de fotografies sota el denominador de &#8220;Espacio Propio&#8221;.<\/p><p>Els porxos donaven cobertura a diferents expositors de la mostra de fotografia.<\/p>\t\t\t\t\t\t\t\t<\/div>\n\t\t\t\t<\/div>\n\t\t\t\t<div class=\"elementor-element elementor-element-63e63a4f elementor-widget elementor-widget-image\" data-id=\"63e63a4f\" data-element_type=\"widget\" data-e-type=\"widget\" data-widget_type=\"image.default\">\n\t\t\t\t<div class=\"elementor-widget-container\">\n\t\t\t\t\t\t\t\t\t\t\t\t<figure class=\"wp-caption\">\n\t\t\t\t\t\t\t\t\t\t<img loading=\"lazy\" decoding=\"async\" width=\"800\" height=\"533\" src=\"https:\/\/www.elturistatranquil.com\/wp-content\/uploads\/F123-Ubeda-Hospital-de-Santiago-1.jpg\" class=\"attachment-large size-large wp-image-13873\" alt=\"\" srcset=\"https:\/\/www.elturistatranquil.com\/wp-content\/uploads\/F123-Ubeda-Hospital-de-Santiago-1.jpg 800w, https:\/\/www.elturistatranquil.com\/wp-content\/uploads\/F123-Ubeda-Hospital-de-Santiago-1-768x512.jpg 768w\" sizes=\"(max-width: 800px) 100vw, 800px\" \/>\t\t\t\t\t\t\t\t\t\t\t<figcaption class=\"widget-image-caption wp-caption-text\"><\/figcaption>\n\t\t\t\t\t\t\t\t\t\t<\/figure>\n\t\t\t\t\t\t\t\t\t<\/div>\n\t\t\t\t<\/div>\n\t\t\t\t<div class=\"elementor-element elementor-element-458a9871 elementor-widget elementor-widget-image\" data-id=\"458a9871\" data-element_type=\"widget\" data-e-type=\"widget\" data-widget_type=\"image.default\">\n\t\t\t\t<div class=\"elementor-widget-container\">\n\t\t\t\t\t\t\t\t\t\t\t\t<figure class=\"wp-caption\">\n\t\t\t\t\t\t\t\t\t\t<img loading=\"lazy\" decoding=\"async\" width=\"800\" height=\"533\" src=\"https:\/\/www.elturistatranquil.com\/wp-content\/uploads\/F124-Ubeda-Hospital-de-Santiago-1.jpg\" class=\"attachment-large size-large wp-image-13875\" alt=\"\" srcset=\"https:\/\/www.elturistatranquil.com\/wp-content\/uploads\/F124-Ubeda-Hospital-de-Santiago-1.jpg 800w, https:\/\/www.elturistatranquil.com\/wp-content\/uploads\/F124-Ubeda-Hospital-de-Santiago-1-768x512.jpg 768w\" sizes=\"(max-width: 800px) 100vw, 800px\" \/>\t\t\t\t\t\t\t\t\t\t\t<figcaption class=\"widget-image-caption wp-caption-text\"><\/figcaption>\n\t\t\t\t\t\t\t\t\t\t<\/figure>\n\t\t\t\t\t\t\t\t\t<\/div>\n\t\t\t\t<\/div>\n\t\t\t\t<div class=\"elementor-element elementor-element-df3f818 elementor-widget elementor-widget-text-editor\" data-id=\"df3f818\" data-element_type=\"widget\" data-e-type=\"widget\" data-widget_type=\"text-editor.default\">\n\t\t\t\t<div class=\"elementor-widget-container\">\n\t\t\t\t\t\t\t\t\t<p>Creuo la porta de l&#8217;Hospital i dono per tancada la ruta, no el recorregut de tornada fins a l&#8217;aparcament.<\/p>\t\t\t\t\t\t\t\t<\/div>\n\t\t\t\t<\/div>\n\t\t\t\t<div class=\"elementor-element elementor-element-280286e4 elementor-widget elementor-widget-image\" data-id=\"280286e4\" data-element_type=\"widget\" data-e-type=\"widget\" data-widget_type=\"image.default\">\n\t\t\t\t<div class=\"elementor-widget-container\">\n\t\t\t\t\t\t\t\t\t\t\t\t<figure class=\"wp-caption\">\n\t\t\t\t\t\t\t\t\t\t<img loading=\"lazy\" decoding=\"async\" width=\"800\" height=\"533\" src=\"https:\/\/www.elturistatranquil.com\/wp-content\/uploads\/F125-Ubeda-Hospital-de-Santiago-1.jpg\" class=\"attachment-large size-large wp-image-13877\" alt=\"\" srcset=\"https:\/\/www.elturistatranquil.com\/wp-content\/uploads\/F125-Ubeda-Hospital-de-Santiago-1.jpg 800w, https:\/\/www.elturistatranquil.com\/wp-content\/uploads\/F125-Ubeda-Hospital-de-Santiago-1-768x512.jpg 768w\" sizes=\"(max-width: 800px) 100vw, 800px\" \/>\t\t\t\t\t\t\t\t\t\t\t<figcaption class=\"widget-image-caption wp-caption-text\"><\/figcaption>\n\t\t\t\t\t\t\t\t\t\t<\/figure>\n\t\t\t\t\t\t\t\t\t<\/div>\n\t\t\t\t<\/div>\n\t\t\t\t<div class=\"elementor-element elementor-element-61389031 elementor-widget elementor-widget-menu-anchor\" data-id=\"61389031\" data-element_type=\"widget\" data-e-type=\"widget\" data-widget_type=\"menu-anchor.default\">\n\t\t\t\t<div class=\"elementor-widget-container\">\n\t\t\t\t\t\t\t<div class=\"elementor-menu-anchor\" id=\"c2534\"><\/div>\n\t\t\t\t\t\t<\/div>\n\t\t\t\t<\/div>\n\t\t\t\t<div class=\"elementor-element elementor-element-2cb9a107 elementor-widget elementor-widget-heading\" data-id=\"2cb9a107\" data-element_type=\"widget\" data-e-type=\"widget\" data-widget_type=\"heading.default\">\n\t\t\t\t<div class=\"elementor-widget-container\">\n\t\t\t\t\t<h2 class=\"elementor-heading-title elementor-size-default\">\u201cIrse por los cerros de \u00dabeda\u201d<\/h2>\t\t\t\t<\/div>\n\t\t\t\t<\/div>\n\t\t\t\t<div class=\"elementor-element elementor-element-138e2873 elementor-widget elementor-widget-text-editor\" data-id=\"138e2873\" data-element_type=\"widget\" data-e-type=\"widget\" data-widget_type=\"text-editor.default\">\n\t\t\t\t<div class=\"elementor-widget-container\">\n\t\t\t\t\t\t\t\t\t<p>No vull acabar sense fer rer\u00e8ncia a l&#8217;expressi\u00f3 \u201c<em>irse por los cerros de \u00dabeda<\/em>\u201d.<\/p><p>Al web <a href=\"https:\/\/www.visitaubedaybaeza.com\/historia\/irse-por-los-cerros-de-ubeda\" target=\"_blank\" rel=\"noopener\">visitabaezyubeda.com <\/a>ens proporcionen una versi\u00f3 del seu origen:<\/p><p><em>\u201cTiene su origen durante la reconquista de los almohades en 1233.<\/em><\/p><p><em>El Rey Fernando III \u201cel Santo\u201d manda a uno de sus m\u00e1s importantes capitanes \u00c1lvar F\u00e1\u00f1ez (alias el mozo) a vigilar uno de los cerros cercanos de la cuidad, en ese lugar se encontr\u00f3 a una bella y joven mora de la que se enamor\u00f3 perdidamente, motivo por el cual no llevo a cabo la misi\u00f3n encomendada por el rey. A la ma\u00f1ana siguiente se present\u00f3 ante el rey, que le reprendi\u00f3 por su falta. El joven sin pensarlo contest\u00f3 \u201cque se hab\u00eda perdido por los cerros de \u00dabeda\u201d.<\/em><\/p><p><em>Desde entonces la frase fue tomada ir\u00f3nicamente por los cortesanos, pues los cerros de \u00dabeda, aunque tienen entidad, no son lo suficientemente grandes como para justificar el extrav\u00edo de los soldados y se perpetu\u00f3 como signo de cobard\u00eda.<\/em><\/p><p><em>Actualmente se usa cuando alguien interviene en una conversaci\u00f3n con algo que no tiene nada que ver con lo que se est\u00e1 hablando.\u201d<\/em><\/p>\t\t\t\t\t\t\t\t<\/div>\n\t\t\t\t<\/div>\n\t\t\t\t<div class=\"elementor-element elementor-element-275acc2f elementor-widget elementor-widget-menu-anchor\" data-id=\"275acc2f\" data-element_type=\"widget\" data-e-type=\"widget\" data-widget_type=\"menu-anchor.default\">\n\t\t\t\t<div class=\"elementor-widget-container\">\n\t\t\t\t\t\t\t<div class=\"elementor-menu-anchor\" id=\"c2535\"><\/div>\n\t\t\t\t\t\t<\/div>\n\t\t\t\t<\/div>\n\t\t\t\t<div class=\"elementor-element elementor-element-26bead51 elementor-widget elementor-widget-text-editor\" data-id=\"26bead51\" data-element_type=\"widget\" data-e-type=\"widget\" data-widget_type=\"text-editor.default\">\n\t\t\t\t<div class=\"elementor-widget-container\">\n\t\t\t\t\t\t\t\t\t<p>Com acostuma a passar, hi ha moltes versions que giren al voltant del mateix incident.<\/p><p>Tamb\u00e9 Miguel de Cervantes a <em>El Quixot<\/em> introdueix en un parell d&#8217;ocasions l\u2019expesi\u00f3 &#8220;<em>por los cerros de \u00dabeda<\/em>&#8220;.<\/p>\t\t\t\t\t\t\t\t<\/div>\n\t\t\t\t<\/div>\n\t\t\t\t<div class=\"elementor-element elementor-element-644835cd elementor-widget elementor-widget-heading\" data-id=\"644835cd\" data-element_type=\"widget\" data-e-type=\"widget\" data-widget_type=\"heading.default\">\n\t\t\t\t<div class=\"elementor-widget-container\">\n\t\t\t\t\t<h2 class=\"elementor-heading-title elementor-size-default\">Fi de la visita<\/h2>\t\t\t\t<\/div>\n\t\t\t\t<\/div>\n\t\t\t\t<div class=\"elementor-element elementor-element-2923f038 elementor-widget elementor-widget-text-editor\" data-id=\"2923f038\" data-element_type=\"widget\" data-e-type=\"widget\" data-widget_type=\"text-editor.default\">\n\t\t\t\t<div class=\"elementor-widget-container\">\n\t\t\t\t\t\t\t\t\t<p>Despr\u00e9s de visitar \u00dabeda i Baeza, sobre les que la Unesco ha refor\u00e7at el seu agermanament al declarar-les conjuntament Patrimoni de la Humanitat, es fan evidents les seves difer\u00e8ncies, a partir d&#8217;una evoluci\u00f3 hist\u00f2rica particular de cadascuna, dins el per\u00edode hist\u00f2ric en qu\u00e8 es manifesta la riquesa que va suposar per a les dues, sobretot, el per\u00edode renaixentista.<\/p><p>Pel que fa a la relaci\u00f3 entre \u00dabeda i Baeza, he tingut la sensaci\u00f3 que es mant\u00e9 perfectament vigent la manera com les va definir Antonio Machado en el poema <em>Viejas Canciones<\/em>:<\/p>\t\t\t\t\t\t\t\t<\/div>\n\t\t\t\t<\/div>\n\t\t\t\t<div class=\"elementor-element elementor-element-34eb28fa elementor-widget elementor-widget-text-editor\" data-id=\"34eb28fa\" data-element_type=\"widget\" data-e-type=\"widget\" data-widget_type=\"text-editor.default\">\n\t\t\t\t<div class=\"elementor-widget-container\">\n\t\t\t\t\t\t\t\t\t<p style=\"padding-left: 180px;\"><span style=\"font-family: georgia, palatino, serif; font-size: 12pt;\"><em>Entre \u00dabeda y Baeza<\/em><\/span><\/p><p style=\"padding-left: 180px;\"><span style=\"font-family: georgia, palatino, serif; font-size: 12pt;\"><em>-loma de las dos hermanas:<\/em><\/span><\/p><p style=\"padding-left: 180px;\"><span style=\"font-family: georgia, palatino, serif; font-size: 12pt;\"><em>Baeza, pobre y se\u00f1ora;<\/em><\/span><\/p><p style=\"padding-left: 180px;\"><span style=\"font-family: georgia, palatino, serif; font-size: 12pt;\"><em>\u00dabeda, reina y gitana-.<\/em><\/span><\/p>\t\t\t\t\t\t\t\t<\/div>\n\t\t\t\t<\/div>\n\t\t\t\t<div class=\"elementor-element elementor-element-562bdb9 elementor-widget elementor-widget-text-editor\" data-id=\"562bdb9\" data-element_type=\"widget\" data-e-type=\"widget\" data-widget_type=\"text-editor.default\">\n\t\t\t\t<div class=\"elementor-widget-container\">\n\t\t\t\t\t\t\t\t\t<p>Resumeix clarament les dues sensacions que he tingut en el contrast entre totes dues.<\/p><p>En qualsevol cas, \u00dabeda mostra orgullosa el potencial que cal suposar que li va conferir ser el bressol de dos personatges hist\u00f2rics del m\u00e0xim poder pol\u00edtic a l&#8217;Espanya de Carles I, com van ser els seus secretaris d&#8217;Estat, Francisco dels Cobos i Molina i, seguidament, seu nebot Juan V\u00e1zquez de Molina.<\/p><p>Les seves obres, i les dels nobles que els van acompanyar, li van donar aquest aire de reina de la qual parlava Machado.<\/p><p>Finalment, com es pot haver constatat al llarg del text, la figura de l&#8217;arquitecte <strong>Andr\u00e9s de Vandelvira<\/strong> apareix com un referent constant en el potencial monumental d&#8217;\u00dabeda. La seva import\u00e0ncia en la ciutat, i en el territori de l&#8217;entorn, ha donat origen a la configuraci\u00f3 d&#8217;una <strong>Ruta del Renaixement &#8220;Andr\u00e9s de Vandelvira&#8221;<\/strong> com Ruta Tur\u00edstica amb la qual els municipis de Sabiote, \u00dabeda, Baeza, Canena i Villacarrillo, han batejat al ventall de monuments, racons i indrets de la comarca amb els quals es pret\u00e9n atreure al turista.<\/p>\t\t\t\t\t\t\t\t<\/div>\n\t\t\t\t<\/div>\n\t\t\t\t<div class=\"elementor-element elementor-element-586842e elementor-widget elementor-widget-menu-anchor\" data-id=\"586842e\" data-element_type=\"widget\" data-e-type=\"widget\" data-widget_type=\"menu-anchor.default\">\n\t\t\t\t<div class=\"elementor-widget-container\">\n\t\t\t\t\t\t\t<div class=\"elementor-menu-anchor\" id=\"c2536\"><\/div>\n\t\t\t\t\t\t<\/div>\n\t\t\t\t<\/div>\n\t\t\t\t<div class=\"elementor-element elementor-element-62b9d98b elementor-widget elementor-widget-text-editor\" data-id=\"62b9d98b\" data-element_type=\"widget\" data-e-type=\"widget\" data-widget_type=\"text-editor.default\">\n\t\t\t\t<div class=\"elementor-widget-container\">\n\t\t\t\t\t\t\t\t\t<p>Al marge d&#8217;operacions de m\u00e0rqueting, el meu sincer consell \u00e9s visitar-les, no perqu\u00e8 siguin ciutats Patrimoni, sin\u00f3 per apreciar per qu\u00e8 han arribat a ser-ho.<\/p>\t\t\t\t\t\t\t\t<\/div>\n\t\t\t\t<\/div>\n\t\t\t\t<div class=\"elementor-element elementor-element-798b21a2 elementor-widget elementor-widget-heading\" data-id=\"798b21a2\" data-element_type=\"widget\" data-e-type=\"widget\" data-widget_type=\"heading.default\">\n\t\t\t\t<div class=\"elementor-widget-container\">\n\t\t\t\t\t<h2 class=\"elementor-heading-title elementor-size-default\">Bases d'informaci\u00f3<\/h2>\t\t\t\t<\/div>\n\t\t\t\t<\/div>\n\t\t\t\t<div class=\"elementor-element elementor-element-603430b4 elementor-widget elementor-widget-text-editor\" data-id=\"603430b4\" data-element_type=\"widget\" data-e-type=\"widget\" data-widget_type=\"text-editor.default\">\n\t\t\t\t<div class=\"elementor-widget-container\">\n\t\t\t\t\t\t\t\t\t<p><strong>Webs<\/strong><\/p><p><a href=\"http:\/\/turismodeubeda.com\/index.php\/es\/\" target=\"_blank\" rel=\"noopener\">\u00dabeda. Turismodeubeda<\/a><\/p><p><a href=\"https:\/\/guiadigital.iaph.es\/busqueda\/ubeda\" target=\"_blank\" rel=\"noopener\">\u00dabeda. Gu\u00edadigital<\/a><\/p><p><a href=\"https:\/\/es.wikipedia.org\/wiki\/%C3%9Abeda\" target=\"_blank\" rel=\"noopener\">\u00dabeda. Wikipedia<\/a><\/p><p><a href=\"http:\/\/www.rutavirtualdelrenacimiento.es\/rutadelrenacimiento.pdf\" target=\"_blank\" rel=\"noopener\">\u00dabeda. Rutadelrenacimiento<\/a><\/p><p><a href=\"http:\/\/www.jaenparaisointerior.es\/galerias\/galeriaDescargas\/diputacion\/promo-jaen\/multimedia\/documentos\/Renacimiento_del_Sur._Ubeda_Baeza_y_Jaen_xBx.pdf\" target=\"_blank\" rel=\"noopener\">\u00dabeda. Jaenparaisointerior<\/a><\/p><p><a href=\"https:\/\/www.arteguias.com\/jaen\/ubeda.htm\" target=\"_blank\" rel=\"noopener\">\u00dabeda. Artegu\u00edas<\/a><\/p><p><a href=\"http:\/\/www.guiaarqueologicaciudadespatrimonio.org\/ubeda\" target=\"_blank\" rel=\"noopener\">\u00dabeda. Guiaarqueologicaciudadespatrimonio<\/a><\/p><p><a href=\"http:\/\/www.ciudadespatrimonio.org\/ciudades\/index.php?cd=15\" target=\"_blank\" rel=\"noopener\">\u00dabeda. Ciudadespatrimonio<\/a><\/p><p><a href=\"http:\/\/ubeda.com\/\" target=\"_blank\" rel=\"noopener\">\u00dabeda. \u00dabeda<\/a><\/p>\t\t\t\t\t\t\t\t<\/div>\n\t\t\t\t<\/div>\n\t\t\t\t<div class=\"elementor-element elementor-element-23297283 elementor-widget elementor-widget-text-editor\" data-id=\"23297283\" data-element_type=\"widget\" data-e-type=\"widget\" data-widget_type=\"text-editor.default\">\n\t\t\t\t<div class=\"elementor-widget-container\">\n\t\t\t\t\t\t\t\t\t<p><strong>Google Academic<\/strong><\/p><p><a href=\"http:\/\/www.ciudadespatrimonio.org\/publicaciones\/evolucion-urbana\/ubeda.pdf\" target=\"_blank\" rel=\"noopener\">\u00dabeda. Ciudadespatrimonio<\/a><\/p><p><a href=\"https:\/\/eblancooliva.com\/2018\/03\/21\/ubeda\/\" target=\"_blank\" rel=\"noopener\">\u00dabeda. Otropunto<\/a><\/p><p>A.B. Mudarra Fern\u00e1ndez, P.J. C\u00e1rdenas Garc\u00eda, J.I. Pulido Fern\u00e1ndez, <a href=\"http:\/\/www.fue.uji.es\/gesfue2\/doc_fue\/docs\/jornadas\/17turismo\/ubedaybaeza.pdf\" target=\"_blank\" rel=\"noopener\"><em>Aproximaci\u00f3n al an\u00e1lisis del impacto econ\u00f3mico del turismo en \u00dabeda y Baeza tras su declaraci\u00f3n como patrimonio de la humanidad<\/em><\/a><\/p>\t\t\t\t\t\t\t\t<\/div>\n\t\t\t\t<\/div>\n\t\t\t\t<div class=\"elementor-element elementor-element-21d9827e elementor-widget elementor-widget-text-editor\" data-id=\"21d9827e\" data-element_type=\"widget\" data-e-type=\"widget\" data-widget_type=\"text-editor.default\">\n\t\t\t\t<div class=\"elementor-widget-container\">\n\t\t\t\t\t\t\t\t\t<p>Enlace con el <em>Post<\/em>: <a href=\"https:\/\/www.elturistatranquil.com\/sabiote\/\" target=\"_blank\" rel=\"noopener\"><strong>Sabiote (Ja\u00e9n)<\/strong><\/a><\/p><p>Enlace con el <em>Post<\/em>: <a href=\"https:\/\/www.elturistatranquil.com\/ca\/baeza-monumental-jaen\/\" target=\"_blank\" rel=\"noopener\"><strong>Baeza monumental (Ja\u00e9n)<\/strong><\/a><\/p>\t\t\t\t\t\t\t\t<\/div>\n\t\t\t\t<\/div>\n\t\t\t\t\t<\/div>\n\t\t<\/div>\n\t\t\t\t\t<\/div>\n\t\t<\/section>\n\t\t\t\t<\/div>\n\t\t","protected":false},"excerpt":{"rendered":"<p>\u00dabeda i Baeza (Ja\u00e9n) formen un conjunt de ciutats Patrimoni de la Humanitat de la UNESCO. Sobre l&#8217;alcassaba musulmana es va imposar l&#8217;estil renaixentista espanyol que li atorga el valor &#8230; <a title=\"\u00dabeda monumental (Ja\u00e9n)\" class=\"read-more\" href=\"https:\/\/www.elturistatranquil.com\/ca\/ubeda-monumental-jaen\/\" aria-label=\"M\u00e9s informaci\u00f3 sobre \u00dabeda monumental (Ja\u00e9n)\">[ &#8230; ]<\/a><\/p>\n","protected":false},"author":1,"featured_media":13453,"comment_status":"open","ping_status":"closed","sticky":false,"template":"","format":"standard","meta":{"footnotes":""},"categories":[70,71,72,74,75,76,77,145,82,83,86,156,90,91,92,95,208,100,96,97,159,101,103,139,106,107],"tags":[],"class_list":["post-13623","post","type-post","status-publish","format-standard","has-post-thumbnail","hentry","category-arquitectura-civil-ca","category-arquitectura-popular-ca","category-arquitectura-religiosa-ca","category-barroc","category-castells","category-ciutat","category-conjunts-historics","category-edat-mitjana","category-gotic","category-historia-ca","category-islamic","category-jaen-ca","category-monestirs-catedrals","category-mudejar-ca","category-museus","category-paisatge","category-patrimoni-mundial","category-pobles-i-ciutats-amb-interes","category-prehistoric","category-preroma","category-recintes-emmurallats","category-renaixement","category-roma","category-segle-xvi-xvii","category-segle-xviii-xix","category-segle-xx-xxi","infinite-scroll-item","generate-columns","tablet-grid-50","mobile-grid-100","grid-parent","grid-50","no-featured-image-padding"],"yoast_head":"<!-- This site is optimized with the Yoast SEO plugin v27.4 - https:\/\/yoast.com\/product\/yoast-seo-wordpress\/ -->\n<title>\u00dabeda monumental (Ja\u00e9n) - El turista tranquil<\/title>\n<meta name=\"description\" content=\"\u00dabeda i Baeza (Ja\u00e9n) formen un conjunt de ciutats Patrimoni de la Humanitat de la UNESCO. Sobre l&#039;alcassaba musulmana es va imposar l&#039;estil renaixentista espanyol que li atorga el valor cultural reconegut.\" \/>\n<meta name=\"robots\" content=\"index, follow, max-snippet:-1, max-image-preview:large, max-video-preview:-1\" \/>\n<link rel=\"canonical\" href=\"https:\/\/www.elturistatranquil.com\/ca\/ubeda-monumental-jaen\/\" \/>\n<meta property=\"og:locale\" content=\"ca_ES\" \/>\n<meta property=\"og:type\" content=\"article\" \/>\n<meta property=\"og:title\" content=\"\u00dabeda monumental (Ja\u00e9n) - El turista tranquil\" \/>\n<meta property=\"og:description\" content=\"\u00dabeda i Baeza (Ja\u00e9n) formen un conjunt de ciutats Patrimoni de la Humanitat de la UNESCO. Sobre l&#039;alcassaba musulmana es va imposar l&#039;estil renaixentista espanyol que li atorga el valor cultural reconegut.\" \/>\n<meta property=\"og:url\" content=\"https:\/\/www.elturistatranquil.com\/ca\/ubeda-monumental-jaen\/\" \/>\n<meta property=\"og:site_name\" content=\"El turista tranquil\" \/>\n<meta property=\"article:publisher\" content=\"https:\/\/www.facebook.com\/elturistatranquilo\/\" \/>\n<meta property=\"article:published_time\" content=\"2019-02-23T09:42:24+00:00\" \/>\n<meta property=\"article:modified_time\" content=\"2025-08-04T17:34:52+00:00\" \/>\n<meta property=\"og:image\" content=\"https:\/\/www.elturistatranquil.com\/wp-content\/uploads\/F50-Ubeda-Capilla-del-Salvador.jpg\" \/>\n\t<meta property=\"og:image:width\" content=\"800\" \/>\n\t<meta property=\"og:image:height\" content=\"533\" \/>\n\t<meta property=\"og:image:type\" content=\"image\/jpeg\" \/>\n<meta name=\"author\" content=\"admin\" \/>\n<meta name=\"twitter:card\" content=\"summary_large_image\" \/>\n<meta name=\"twitter:label1\" content=\"Escrit per\" \/>\n\t<meta name=\"twitter:data1\" content=\"admin\" \/>\n\t<meta name=\"twitter:label2\" content=\"Temps estimat de lectura\" \/>\n\t<meta name=\"twitter:data2\" content=\"36 minuts\" \/>\n<script type=\"application\/ld+json\" class=\"yoast-schema-graph\">{\"@context\":\"https:\\\/\\\/schema.org\",\"@graph\":[{\"@type\":\"Article\",\"@id\":\"https:\\\/\\\/www.elturistatranquil.com\\\/ca\\\/ubeda-monumental-jaen\\\/#article\",\"isPartOf\":{\"@id\":\"https:\\\/\\\/www.elturistatranquil.com\\\/ca\\\/ubeda-monumental-jaen\\\/\"},\"author\":{\"name\":\"admin\",\"@id\":\"https:\\\/\\\/www.elturistatranquil.com\\\/ca\\\/#\\\/schema\\\/person\\\/16f607c3079b96ed0c530a52e6b58bb5\"},\"headline\":\"\u00dabeda monumental (Ja\u00e9n)\",\"datePublished\":\"2019-02-23T09:42:24+00:00\",\"dateModified\":\"2025-08-04T17:34:52+00:00\",\"mainEntityOfPage\":{\"@id\":\"https:\\\/\\\/www.elturistatranquil.com\\\/ca\\\/ubeda-monumental-jaen\\\/\"},\"wordCount\":7569,\"commentCount\":0,\"image\":{\"@id\":\"https:\\\/\\\/www.elturistatranquil.com\\\/ca\\\/ubeda-monumental-jaen\\\/#primaryimage\"},\"thumbnailUrl\":\"https:\\\/\\\/www.elturistatranquil.com\\\/wp-content\\\/uploads\\\/F50-Ubeda-Capilla-del-Salvador.jpg\",\"articleSection\":[\"Arquitectura civil\",\"Arquitectura popular\",\"Arquitectura religiosa\",\"Barroc\",\"Castells, Muralles\",\"Ciutat\",\"Conjunts hist\u00f2rics\",\"Edat mitjana\",\"G\u00f2tic\",\"Hist\u00f2ria\",\"Isl\u00e0mic\",\"Ja\u00e9n\",\"Monestirs, Catedrals\",\"Mud\u00e8jar\",\"Museus\",\"Paisatge\",\"Patrimoni mundial\",\"Pobles i ciutats amb inter\u00e9s\",\"Prehist\u00f2ric\",\"Prerom\u00e0\",\"Recintes emmurallats\",\"Renaixement\",\"Rom\u00e0\",\"Segle XVI-XVII\",\"Segle XVIII-XIX\",\"Segle XX-XXI\"],\"inLanguage\":\"ca\",\"potentialAction\":[{\"@type\":\"CommentAction\",\"name\":\"Comment\",\"target\":[\"https:\\\/\\\/www.elturistatranquil.com\\\/ca\\\/ubeda-monumental-jaen\\\/#respond\"]}]},{\"@type\":\"WebPage\",\"@id\":\"https:\\\/\\\/www.elturistatranquil.com\\\/ca\\\/ubeda-monumental-jaen\\\/\",\"url\":\"https:\\\/\\\/www.elturistatranquil.com\\\/ca\\\/ubeda-monumental-jaen\\\/\",\"name\":\"\u00dabeda monumental (Ja\u00e9n) - El turista tranquil\",\"isPartOf\":{\"@id\":\"https:\\\/\\\/www.elturistatranquil.com\\\/ca\\\/#website\"},\"primaryImageOfPage\":{\"@id\":\"https:\\\/\\\/www.elturistatranquil.com\\\/ca\\\/ubeda-monumental-jaen\\\/#primaryimage\"},\"image\":{\"@id\":\"https:\\\/\\\/www.elturistatranquil.com\\\/ca\\\/ubeda-monumental-jaen\\\/#primaryimage\"},\"thumbnailUrl\":\"https:\\\/\\\/www.elturistatranquil.com\\\/wp-content\\\/uploads\\\/F50-Ubeda-Capilla-del-Salvador.jpg\",\"datePublished\":\"2019-02-23T09:42:24+00:00\",\"dateModified\":\"2025-08-04T17:34:52+00:00\",\"author\":{\"@id\":\"https:\\\/\\\/www.elturistatranquil.com\\\/ca\\\/#\\\/schema\\\/person\\\/16f607c3079b96ed0c530a52e6b58bb5\"},\"description\":\"\u00dabeda i Baeza (Ja\u00e9n) formen un conjunt de ciutats Patrimoni de la Humanitat de la UNESCO. Sobre l'alcassaba musulmana es va imposar l'estil renaixentista espanyol que li atorga el valor cultural reconegut.\",\"breadcrumb\":{\"@id\":\"https:\\\/\\\/www.elturistatranquil.com\\\/ca\\\/ubeda-monumental-jaen\\\/#breadcrumb\"},\"inLanguage\":\"ca\",\"potentialAction\":[{\"@type\":\"ReadAction\",\"target\":[\"https:\\\/\\\/www.elturistatranquil.com\\\/ca\\\/ubeda-monumental-jaen\\\/\"]}]},{\"@type\":\"ImageObject\",\"inLanguage\":\"ca\",\"@id\":\"https:\\\/\\\/www.elturistatranquil.com\\\/ca\\\/ubeda-monumental-jaen\\\/#primaryimage\",\"url\":\"https:\\\/\\\/www.elturistatranquil.com\\\/wp-content\\\/uploads\\\/F50-Ubeda-Capilla-del-Salvador.jpg\",\"contentUrl\":\"https:\\\/\\\/www.elturistatranquil.com\\\/wp-content\\\/uploads\\\/F50-Ubeda-Capilla-del-Salvador.jpg\",\"width\":800,\"height\":533,\"caption\":\"Ubeda Capilla del Salvador\"},{\"@type\":\"BreadcrumbList\",\"@id\":\"https:\\\/\\\/www.elturistatranquil.com\\\/ca\\\/ubeda-monumental-jaen\\\/#breadcrumb\",\"itemListElement\":[{\"@type\":\"ListItem\",\"position\":1,\"name\":\"Portada\",\"item\":\"https:\\\/\\\/www.elturistatranquil.com\\\/ca\\\/\"},{\"@type\":\"ListItem\",\"position\":2,\"name\":\"\u00dabeda monumental (Ja\u00e9n)\"}]},{\"@type\":\"WebSite\",\"@id\":\"https:\\\/\\\/www.elturistatranquil.com\\\/ca\\\/#website\",\"url\":\"https:\\\/\\\/www.elturistatranquil.com\\\/ca\\\/\",\"name\":\"El turista tranquil\",\"description\":\"Blog de viatges\",\"potentialAction\":[{\"@type\":\"SearchAction\",\"target\":{\"@type\":\"EntryPoint\",\"urlTemplate\":\"https:\\\/\\\/www.elturistatranquil.com\\\/ca\\\/?s={search_term_string}\"},\"query-input\":{\"@type\":\"PropertyValueSpecification\",\"valueRequired\":true,\"valueName\":\"search_term_string\"}}],\"inLanguage\":\"ca\"},{\"@type\":\"Person\",\"@id\":\"https:\\\/\\\/www.elturistatranquil.com\\\/ca\\\/#\\\/schema\\\/person\\\/16f607c3079b96ed0c530a52e6b58bb5\",\"name\":\"admin\",\"image\":{\"@type\":\"ImageObject\",\"inLanguage\":\"ca\",\"@id\":\"https:\\\/\\\/secure.gravatar.com\\\/avatar\\\/1fbaf22aee75fcbb29a2f97b107f95d25d3a19b7c3416105be10269872673e8d?s=96&d=mm&r=g\",\"url\":\"https:\\\/\\\/secure.gravatar.com\\\/avatar\\\/1fbaf22aee75fcbb29a2f97b107f95d25d3a19b7c3416105be10269872673e8d?s=96&d=mm&r=g\",\"contentUrl\":\"https:\\\/\\\/secure.gravatar.com\\\/avatar\\\/1fbaf22aee75fcbb29a2f97b107f95d25d3a19b7c3416105be10269872673e8d?s=96&d=mm&r=g\",\"caption\":\"admin\"}}]}<\/script>\n<!-- \/ Yoast SEO plugin. -->","yoast_head_json":{"title":"\u00dabeda monumental (Ja\u00e9n) - El turista tranquil","description":"\u00dabeda i Baeza (Ja\u00e9n) formen un conjunt de ciutats Patrimoni de la Humanitat de la UNESCO. Sobre l'alcassaba musulmana es va imposar l'estil renaixentista espanyol que li atorga el valor cultural reconegut.","robots":{"index":"index","follow":"follow","max-snippet":"max-snippet:-1","max-image-preview":"max-image-preview:large","max-video-preview":"max-video-preview:-1"},"canonical":"https:\/\/www.elturistatranquil.com\/ca\/ubeda-monumental-jaen\/","og_locale":"ca_ES","og_type":"article","og_title":"\u00dabeda monumental (Ja\u00e9n) - El turista tranquil","og_description":"\u00dabeda i Baeza (Ja\u00e9n) formen un conjunt de ciutats Patrimoni de la Humanitat de la UNESCO. Sobre l'alcassaba musulmana es va imposar l'estil renaixentista espanyol que li atorga el valor cultural reconegut.","og_url":"https:\/\/www.elturistatranquil.com\/ca\/ubeda-monumental-jaen\/","og_site_name":"El turista tranquil","article_publisher":"https:\/\/www.facebook.com\/elturistatranquilo\/","article_published_time":"2019-02-23T09:42:24+00:00","article_modified_time":"2025-08-04T17:34:52+00:00","og_image":[{"width":800,"height":533,"url":"https:\/\/www.elturistatranquil.com\/wp-content\/uploads\/F50-Ubeda-Capilla-del-Salvador.jpg","type":"image\/jpeg"}],"author":"admin","twitter_card":"summary_large_image","twitter_misc":{"Escrit per":"admin","Temps estimat de lectura":"36 minuts"},"schema":{"@context":"https:\/\/schema.org","@graph":[{"@type":"Article","@id":"https:\/\/www.elturistatranquil.com\/ca\/ubeda-monumental-jaen\/#article","isPartOf":{"@id":"https:\/\/www.elturistatranquil.com\/ca\/ubeda-monumental-jaen\/"},"author":{"name":"admin","@id":"https:\/\/www.elturistatranquil.com\/ca\/#\/schema\/person\/16f607c3079b96ed0c530a52e6b58bb5"},"headline":"\u00dabeda monumental (Ja\u00e9n)","datePublished":"2019-02-23T09:42:24+00:00","dateModified":"2025-08-04T17:34:52+00:00","mainEntityOfPage":{"@id":"https:\/\/www.elturistatranquil.com\/ca\/ubeda-monumental-jaen\/"},"wordCount":7569,"commentCount":0,"image":{"@id":"https:\/\/www.elturistatranquil.com\/ca\/ubeda-monumental-jaen\/#primaryimage"},"thumbnailUrl":"https:\/\/www.elturistatranquil.com\/wp-content\/uploads\/F50-Ubeda-Capilla-del-Salvador.jpg","articleSection":["Arquitectura civil","Arquitectura popular","Arquitectura religiosa","Barroc","Castells, Muralles","Ciutat","Conjunts hist\u00f2rics","Edat mitjana","G\u00f2tic","Hist\u00f2ria","Isl\u00e0mic","Ja\u00e9n","Monestirs, Catedrals","Mud\u00e8jar","Museus","Paisatge","Patrimoni mundial","Pobles i ciutats amb inter\u00e9s","Prehist\u00f2ric","Prerom\u00e0","Recintes emmurallats","Renaixement","Rom\u00e0","Segle XVI-XVII","Segle XVIII-XIX","Segle XX-XXI"],"inLanguage":"ca","potentialAction":[{"@type":"CommentAction","name":"Comment","target":["https:\/\/www.elturistatranquil.com\/ca\/ubeda-monumental-jaen\/#respond"]}]},{"@type":"WebPage","@id":"https:\/\/www.elturistatranquil.com\/ca\/ubeda-monumental-jaen\/","url":"https:\/\/www.elturistatranquil.com\/ca\/ubeda-monumental-jaen\/","name":"\u00dabeda monumental (Ja\u00e9n) - El turista tranquil","isPartOf":{"@id":"https:\/\/www.elturistatranquil.com\/ca\/#website"},"primaryImageOfPage":{"@id":"https:\/\/www.elturistatranquil.com\/ca\/ubeda-monumental-jaen\/#primaryimage"},"image":{"@id":"https:\/\/www.elturistatranquil.com\/ca\/ubeda-monumental-jaen\/#primaryimage"},"thumbnailUrl":"https:\/\/www.elturistatranquil.com\/wp-content\/uploads\/F50-Ubeda-Capilla-del-Salvador.jpg","datePublished":"2019-02-23T09:42:24+00:00","dateModified":"2025-08-04T17:34:52+00:00","author":{"@id":"https:\/\/www.elturistatranquil.com\/ca\/#\/schema\/person\/16f607c3079b96ed0c530a52e6b58bb5"},"description":"\u00dabeda i Baeza (Ja\u00e9n) formen un conjunt de ciutats Patrimoni de la Humanitat de la UNESCO. Sobre l'alcassaba musulmana es va imposar l'estil renaixentista espanyol que li atorga el valor cultural reconegut.","breadcrumb":{"@id":"https:\/\/www.elturistatranquil.com\/ca\/ubeda-monumental-jaen\/#breadcrumb"},"inLanguage":"ca","potentialAction":[{"@type":"ReadAction","target":["https:\/\/www.elturistatranquil.com\/ca\/ubeda-monumental-jaen\/"]}]},{"@type":"ImageObject","inLanguage":"ca","@id":"https:\/\/www.elturistatranquil.com\/ca\/ubeda-monumental-jaen\/#primaryimage","url":"https:\/\/www.elturistatranquil.com\/wp-content\/uploads\/F50-Ubeda-Capilla-del-Salvador.jpg","contentUrl":"https:\/\/www.elturistatranquil.com\/wp-content\/uploads\/F50-Ubeda-Capilla-del-Salvador.jpg","width":800,"height":533,"caption":"Ubeda Capilla del Salvador"},{"@type":"BreadcrumbList","@id":"https:\/\/www.elturistatranquil.com\/ca\/ubeda-monumental-jaen\/#breadcrumb","itemListElement":[{"@type":"ListItem","position":1,"name":"Portada","item":"https:\/\/www.elturistatranquil.com\/ca\/"},{"@type":"ListItem","position":2,"name":"\u00dabeda monumental (Ja\u00e9n)"}]},{"@type":"WebSite","@id":"https:\/\/www.elturistatranquil.com\/ca\/#website","url":"https:\/\/www.elturistatranquil.com\/ca\/","name":"El turista tranquil","description":"Blog de viatges","potentialAction":[{"@type":"SearchAction","target":{"@type":"EntryPoint","urlTemplate":"https:\/\/www.elturistatranquil.com\/ca\/?s={search_term_string}"},"query-input":{"@type":"PropertyValueSpecification","valueRequired":true,"valueName":"search_term_string"}}],"inLanguage":"ca"},{"@type":"Person","@id":"https:\/\/www.elturistatranquil.com\/ca\/#\/schema\/person\/16f607c3079b96ed0c530a52e6b58bb5","name":"admin","image":{"@type":"ImageObject","inLanguage":"ca","@id":"https:\/\/secure.gravatar.com\/avatar\/1fbaf22aee75fcbb29a2f97b107f95d25d3a19b7c3416105be10269872673e8d?s=96&d=mm&r=g","url":"https:\/\/secure.gravatar.com\/avatar\/1fbaf22aee75fcbb29a2f97b107f95d25d3a19b7c3416105be10269872673e8d?s=96&d=mm&r=g","contentUrl":"https:\/\/secure.gravatar.com\/avatar\/1fbaf22aee75fcbb29a2f97b107f95d25d3a19b7c3416105be10269872673e8d?s=96&d=mm&r=g","caption":"admin"}}]}},"_links":{"self":[{"href":"https:\/\/www.elturistatranquil.com\/ca\/wp-json\/wp\/v2\/posts\/13623","targetHints":{"allow":["GET"]}}],"collection":[{"href":"https:\/\/www.elturistatranquil.com\/ca\/wp-json\/wp\/v2\/posts"}],"about":[{"href":"https:\/\/www.elturistatranquil.com\/ca\/wp-json\/wp\/v2\/types\/post"}],"author":[{"embeddable":true,"href":"https:\/\/www.elturistatranquil.com\/ca\/wp-json\/wp\/v2\/users\/1"}],"replies":[{"embeddable":true,"href":"https:\/\/www.elturistatranquil.com\/ca\/wp-json\/wp\/v2\/comments?post=13623"}],"version-history":[{"count":1,"href":"https:\/\/www.elturistatranquil.com\/ca\/wp-json\/wp\/v2\/posts\/13623\/revisions"}],"predecessor-version":[{"id":60782,"href":"https:\/\/www.elturistatranquil.com\/ca\/wp-json\/wp\/v2\/posts\/13623\/revisions\/60782"}],"wp:featuredmedia":[{"embeddable":true,"href":"https:\/\/www.elturistatranquil.com\/ca\/wp-json\/wp\/v2\/media\/13453"}],"wp:attachment":[{"href":"https:\/\/www.elturistatranquil.com\/ca\/wp-json\/wp\/v2\/media?parent=13623"}],"wp:term":[{"taxonomy":"category","embeddable":true,"href":"https:\/\/www.elturistatranquil.com\/ca\/wp-json\/wp\/v2\/categories?post=13623"},{"taxonomy":"post_tag","embeddable":true,"href":"https:\/\/www.elturistatranquil.com\/ca\/wp-json\/wp\/v2\/tags?post=13623"}],"curies":[{"name":"wp","href":"https:\/\/api.w.org\/{rel}","templated":true}]}}