{"id":14138,"date":"2019-03-09T11:36:13","date_gmt":"2019-03-09T10:36:13","guid":{"rendered":"https:\/\/www.elturistatranquil.com\/?p=14138"},"modified":"2019-04-25T18:03:35","modified_gmt":"2019-04-25T16:03:35","slug":"monestir-de-san-facundo-de-ribas-do-mino-lugo","status":"publish","type":"post","link":"https:\/\/www.elturistatranquil.com\/ca\/monestir-de-san-facundo-de-ribas-do-mino-lugo\/","title":{"rendered":"Monestir de San Facundo de Ribas do Mi\u00f1o (Lugo)"},"content":{"rendered":"\t\t<div data-elementor-type=\"wp-post\" data-elementor-id=\"14138\" class=\"elementor elementor-14138 elementor-14094 elementor-bc-flex-widget\" data-elementor-post-type=\"post\">\n\t\t\t\t\t\t<section class=\"elementor-section elementor-top-section elementor-element elementor-element-42430f9e elementor-section-boxed elementor-section-height-default elementor-section-height-default\" data-id=\"42430f9e\" data-element_type=\"section\" data-e-type=\"section\">\n\t\t\t\t\t\t<div class=\"elementor-container elementor-column-gap-default\">\n\t\t\t\t\t<div class=\"elementor-column elementor-col-100 elementor-top-column elementor-element elementor-element-408b09\" data-id=\"408b09\" data-element_type=\"column\" data-e-type=\"column\">\n\t\t\t<div class=\"elementor-widget-wrap elementor-element-populated\">\n\t\t\t\t\t\t<section class=\"elementor-section elementor-inner-section elementor-element elementor-element-27ffe1b8 elementor-section-content-middle elementor-section-boxed elementor-section-height-default elementor-section-height-default\" data-id=\"27ffe1b8\" data-element_type=\"section\" data-e-type=\"section\">\n\t\t\t\t\t\t<div class=\"elementor-container elementor-column-gap-default\">\n\t\t\t\t\t<div class=\"elementor-column elementor-col-100 elementor-inner-column elementor-element elementor-element-50d9ba5a\" data-id=\"50d9ba5a\" data-element_type=\"column\" data-e-type=\"column\">\n\t\t\t<div class=\"elementor-widget-wrap elementor-element-populated\">\n\t\t\t\t\t\t<div class=\"elementor-element elementor-element-674812b3 elementor-widget elementor-widget-text-editor\" data-id=\"674812b3\" data-element_type=\"widget\" data-e-type=\"widget\" data-widget_type=\"text-editor.default\">\n\t\t\t\t<div class=\"elementor-widget-container\">\n\t\t\t\t\t\t\t\t\t<p>El <em>Monestir de San Facundo de Ribas do Mi\u00f1o<\/em>, \u00e9s un amagat recinte a la Ribeira Sacra de Lugo. Amb una simplicitat funcional se\u2019l considera el primer exemple de g\u00f2tic peninsular.<\/p>\t\t\t\t\t\t\t\t<\/div>\n\t\t\t\t<\/div>\n\t\t\t\t\t<\/div>\n\t\t<\/div>\n\t\t\t\t\t<\/div>\n\t\t<\/section>\n\t\t\t\t<div class=\"elementor-element elementor-element-118d5a5e elementor-widget elementor-widget-heading\" data-id=\"118d5a5e\" data-element_type=\"widget\" data-e-type=\"widget\" data-widget_type=\"heading.default\">\n\t\t\t\t<div class=\"elementor-widget-container\">\n\t\t\t\t\t<h1 class=\"elementor-heading-title elementor-size-default\">Monestir de San Facundo de Ribas do Mi\u00f1o (Lugo)<\/h1>\t\t\t\t<\/div>\n\t\t\t\t<\/div>\n\t\t\t\t\t<\/div>\n\t\t<\/div>\n\t\t\t\t\t<\/div>\n\t\t<\/section>\n\t\t\t\t<section class=\"elementor-section elementor-top-section elementor-element elementor-element-17cad828 elementor-section-boxed elementor-section-height-default elementor-section-height-default\" data-id=\"17cad828\" data-element_type=\"section\" data-e-type=\"section\">\n\t\t\t\t\t\t<div class=\"elementor-container elementor-column-gap-default\">\n\t\t\t\t\t<div class=\"elementor-column elementor-col-100 elementor-top-column elementor-element elementor-element-6d6d755e\" data-id=\"6d6d755e\" data-element_type=\"column\" data-e-type=\"column\">\n\t\t\t<div class=\"elementor-widget-wrap elementor-element-populated\">\n\t\t\t\t\t\t<div class=\"elementor-element elementor-element-121bbb2d elementor-widget elementor-widget-image\" data-id=\"121bbb2d\" data-element_type=\"widget\" data-e-type=\"widget\" data-widget_type=\"image.default\">\n\t\t\t\t<div class=\"elementor-widget-container\">\n\t\t\t\t\t\t\t\t\t\t\t\t<figure class=\"wp-caption\">\n\t\t\t\t\t\t\t\t\t\t<img fetchpriority=\"high\" decoding=\"async\" width=\"800\" height=\"534\" src=\"https:\/\/www.elturistatranquil.com\/wp-content\/uploads\/F01Monasterio-de-San-Facundo-de-Ribas-do-Mi\u00f1o-Google-maps-2019-02-27-1.jpg\" class=\"attachment-large size-large wp-image-14142\" alt=\"\" srcset=\"https:\/\/www.elturistatranquil.com\/wp-content\/uploads\/F01Monasterio-de-San-Facundo-de-Ribas-do-Mi\u00f1o-Google-maps-2019-02-27-1.jpg 800w, https:\/\/www.elturistatranquil.com\/wp-content\/uploads\/F01Monasterio-de-San-Facundo-de-Ribas-do-Mi\u00f1o-Google-maps-2019-02-27-1-768x513.jpg 768w\" sizes=\"(max-width: 800px) 100vw, 800px\" \/>\t\t\t\t\t\t\t\t\t\t\t<figcaption class=\"widget-image-caption wp-caption-text\">(Google maps 2019-02-27)<\/figcaption>\n\t\t\t\t\t\t\t\t\t\t<\/figure>\n\t\t\t\t\t\t\t\t\t<\/div>\n\t\t\t\t<\/div>\n\t\t\t\t<div class=\"elementor-element elementor-element-26bfdd7f elementor-widget elementor-widget-spacer\" data-id=\"26bfdd7f\" data-element_type=\"widget\" data-e-type=\"widget\" data-widget_type=\"spacer.default\">\n\t\t\t\t<div class=\"elementor-widget-container\">\n\t\t\t\t\t\t\t<div class=\"elementor-spacer\">\n\t\t\t<div class=\"elementor-spacer-inner\"><\/div>\n\t\t<\/div>\n\t\t\t\t\t\t<\/div>\n\t\t\t\t<\/div>\n\t\t\t\t<div class=\"elementor-element elementor-element-7f2a22e elementor-widget elementor-widget-heading\" data-id=\"7f2a22e\" data-element_type=\"widget\" data-e-type=\"widget\" data-widget_type=\"heading.default\">\n\t\t\t\t<div class=\"elementor-widget-container\">\n\t\t\t\t\t<h2 class=\"elementor-heading-title elementor-size-default\">Monestir de San Facundo de Ribas do Mi\u00f1o, Paradela, Lugo <\/h2>\t\t\t\t<\/div>\n\t\t\t\t<\/div>\n\t\t\t\t<section class=\"elementor-section elementor-inner-section elementor-element elementor-element-41061c18 elementor-section-boxed elementor-section-height-default elementor-section-height-default\" data-id=\"41061c18\" data-element_type=\"section\" data-e-type=\"section\" data-settings=\"{&quot;background_background&quot;:&quot;classic&quot;}\">\n\t\t\t\t\t\t\t<div class=\"elementor-background-overlay\"><\/div>\n\t\t\t\t\t\t\t<div class=\"elementor-container elementor-column-gap-default\">\n\t\t\t\t\t<div class=\"elementor-column elementor-col-100 elementor-inner-column elementor-element elementor-element-70bdfe9c\" data-id=\"70bdfe9c\" data-element_type=\"column\" data-e-type=\"column\" data-settings=\"{&quot;background_background&quot;:&quot;classic&quot;}\">\n\t\t\t<div class=\"elementor-widget-wrap elementor-element-populated\">\n\t\t\t\t\t\t<div class=\"elementor-element elementor-element-7822ae13 elementor-widget elementor-widget-text-editor\" data-id=\"7822ae13\" data-element_type=\"widget\" data-e-type=\"widget\" data-widget_type=\"text-editor.default\">\n\t\t\t\t<div class=\"elementor-widget-container\">\n\t\t\t\t\t\t\t\t\t<p>Concello de Paradela. Comarca: Comarca de Sarria (Ribeira Sacra). Prov\u00edncia: Lugo. Com. Aut\u00f2noma: Galicia<\/p>\t\t\t\t\t\t\t\t<\/div>\n\t\t\t\t<\/div>\n\t\t\t\t<div class=\"elementor-element elementor-element-36dc1386 elementor-widget elementor-widget-text-editor\" data-id=\"36dc1386\" data-element_type=\"widget\" data-e-type=\"widget\" data-widget_type=\"text-editor.default\">\n\t\t\t\t<div class=\"elementor-widget-container\">\n\t\t\t\t\t\t\t\t\t<p>Coordenades: 42<sup>\u00ba<\/sup>46\u201926\u201dN 7<sup>\u00ba<\/sup>37\u201936\u201dO<\/p>\t\t\t\t\t\t\t\t<\/div>\n\t\t\t\t<\/div>\n\t\t\t\t<div class=\"elementor-element elementor-element-3d1de4ce elementor-widget elementor-widget-text-editor\" data-id=\"3d1de4ce\" data-element_type=\"widget\" data-e-type=\"widget\" data-widget_type=\"text-editor.default\">\n\t\t\t\t<div class=\"elementor-widget-container\">\n\t\t\t\t\t\t\t\t\t<p>Web: <a href=\"http:\/\/www.concelloparadela.es\/portal_localweb\/p_113_contenedor_ayto_paradela.jsp?seccion=s_fdes_d4_v2.jsp&amp;codbusqueda=269&amp;language=gl&amp;codResi=13&amp;codMenuPN=547&amp;codMenuSN=1045&amp;codMenu=595&amp;layout=p_113_contenedor_ayto_paradela.jsp&amp;level=1\" target=\"_blank\" rel=\"noopener\">Concello de Paradela<\/a><\/p>\t\t\t\t\t\t\t\t<\/div>\n\t\t\t\t<\/div>\n\t\t\t\t<div class=\"elementor-element elementor-element-69aacdd0 elementor-widget elementor-widget-text-editor\" data-id=\"69aacdd0\" data-element_type=\"widget\" data-e-type=\"widget\" data-widget_type=\"text-editor.default\">\n\t\t\t\t<div class=\"elementor-widget-container\">\n\t\t\t\t\t\t\t\t\t<p>Monument d\u2019Inter\u00e8s Nacional, 1982.<\/p>\t\t\t\t\t\t\t\t<\/div>\n\t\t\t\t<\/div>\n\t\t\t\t<div class=\"elementor-element elementor-element-74fdbbe elementor-widget elementor-widget-text-editor\" data-id=\"74fdbbe\" data-element_type=\"widget\" data-e-type=\"widget\" data-widget_type=\"text-editor.default\">\n\t\t\t\t<div class=\"elementor-widget-container\">\n\t\t\t\t\t\t\t\t\t<p>Visita: 2016<\/p>\t\t\t\t\t\t\t\t<\/div>\n\t\t\t\t<\/div>\n\t\t\t\t\t<\/div>\n\t\t<\/div>\n\t\t\t\t\t<\/div>\n\t\t<\/section>\n\t\t\t\t<div class=\"elementor-element elementor-element-7eb44a51 elementor-widget elementor-widget-image\" data-id=\"7eb44a51\" data-element_type=\"widget\" data-e-type=\"widget\" data-widget_type=\"image.default\">\n\t\t\t\t<div class=\"elementor-widget-container\">\n\t\t\t\t\t\t\t\t\t\t\t\t<figure class=\"wp-caption\">\n\t\t\t\t\t\t\t\t\t\t<img decoding=\"async\" width=\"768\" height=\"512\" src=\"https:\/\/www.elturistatranquil.com\/wp-content\/uploads\/F02Monasterio-de-San-Facundo-de-Ribas-do-Mi\u00f1o-Google-maps-2019-02-27-1-768x512.jpg\" class=\"attachment-medium_large size-medium_large wp-image-14144\" alt=\"\" srcset=\"https:\/\/www.elturistatranquil.com\/wp-content\/uploads\/F02Monasterio-de-San-Facundo-de-Ribas-do-Mi\u00f1o-Google-maps-2019-02-27-1-768x512.jpg 768w, https:\/\/www.elturistatranquil.com\/wp-content\/uploads\/F02Monasterio-de-San-Facundo-de-Ribas-do-Mi\u00f1o-Google-maps-2019-02-27-1.jpg 800w\" sizes=\"(max-width: 768px) 100vw, 768px\" \/>\t\t\t\t\t\t\t\t\t\t\t<figcaption class=\"widget-image-caption wp-caption-text\">Mapa de situaci\u00f3 (Google maps 2019-02-27)<\/figcaption>\n\t\t\t\t\t\t\t\t\t\t<\/figure>\n\t\t\t\t\t\t\t\t\t<\/div>\n\t\t\t\t<\/div>\n\t\t\t\t<section class=\"elementor-section elementor-inner-section elementor-element elementor-element-629b2013 elementor-section-boxed elementor-section-height-default elementor-section-height-default\" data-id=\"629b2013\" data-element_type=\"section\" data-e-type=\"section\" data-settings=\"{&quot;background_background&quot;:&quot;classic&quot;}\">\n\t\t\t\t\t\t<div class=\"elementor-container elementor-column-gap-default\">\n\t\t\t\t\t<div class=\"elementor-column elementor-col-100 elementor-inner-column elementor-element elementor-element-6c611aae\" data-id=\"6c611aae\" data-element_type=\"column\" data-e-type=\"column\">\n\t\t\t<div class=\"elementor-widget-wrap elementor-element-populated\">\n\t\t\t\t\t\t<div class=\"elementor-element elementor-element-3082446f elementor-widget elementor-widget-menu-anchor\" data-id=\"3082446f\" data-element_type=\"widget\" data-e-type=\"widget\" data-widget_type=\"menu-anchor.default\">\n\t\t\t\t<div class=\"elementor-widget-container\">\n\t\t\t\t\t\t\t<div class=\"elementor-menu-anchor\" id=\"b3101\"><\/div>\n\t\t\t\t\t\t<\/div>\n\t\t\t\t<\/div>\n\t\t\t\t<div class=\"elementor-element elementor-element-57e3a6e6 elementor-widget elementor-widget-text-editor\" data-id=\"57e3a6e6\" data-element_type=\"widget\" data-e-type=\"widget\" data-widget_type=\"text-editor.default\">\n\t\t\t\t<div class=\"elementor-widget-container\">\n\t\t\t\t\t\t\t\t\t<h6><strong>\u00cdndex<\/strong><\/h6>\t\t\t\t\t\t\t\t<\/div>\n\t\t\t\t<\/div>\n\t\t\t\t<div class=\"elementor-element elementor-element-7ea0d8c6 elementor-widget elementor-widget-text-editor\" data-id=\"7ea0d8c6\" data-element_type=\"widget\" data-e-type=\"widget\" data-widget_type=\"text-editor.default\">\n\t\t\t\t<div class=\"elementor-widget-container\">\n\t\t\t\t\t\t\t\t\t<p><a href=\"https:\/\/www.elturistatranquil.com\/ca\/monestir-de-san-facundo-de-ribas-do-mino-(lugo)\/#b3101\">Monasterio de San Facundo de Ribas do Mi\u00f1o, Lugo<\/a><\/p>\t\t\t\t\t\t\t\t<\/div>\n\t\t\t\t<\/div>\n\t\t\t\t<div class=\"elementor-element elementor-element-3a00c5bb elementor-widget elementor-widget-text-editor\" data-id=\"3a00c5bb\" data-element_type=\"widget\" data-e-type=\"widget\" data-widget_type=\"text-editor.default\">\n\t\t\t\t<div class=\"elementor-widget-container\">\n\t\t\t\t\t\t\t\t\t<p><a href=\"https:\/\/www.elturistatranquil.com\/ca\/monestir-de-san-facundo-de-ribas-do-mino-(lugo)\/#b3102\">L&#8217;edifici del Monestir<\/a><\/p>\t\t\t\t\t\t\t\t<\/div>\n\t\t\t\t<\/div>\n\t\t\t\t<div class=\"elementor-element elementor-element-2cc5942e elementor-widget elementor-widget-text-editor\" data-id=\"2cc5942e\" data-element_type=\"widget\" data-e-type=\"widget\" data-widget_type=\"text-editor.default\">\n\t\t\t\t<div class=\"elementor-widget-container\">\n\t\t\t\t\t\t\t\t\t<p><a href=\"https:\/\/www.elturistatranquil.com\/ca\/monestir-de-san-facundo-de-ribas-do-mino-(lugo)\/#b3103\">L\u2019entorn<\/a><\/p>\t\t\t\t\t\t\t\t<\/div>\n\t\t\t\t<\/div>\n\t\t\t\t<div class=\"elementor-element elementor-element-77f62f0d elementor-widget elementor-widget-text-editor\" data-id=\"77f62f0d\" data-element_type=\"widget\" data-e-type=\"widget\" data-widget_type=\"text-editor.default\">\n\t\t\t\t<div class=\"elementor-widget-container\">\n\t\t\t\t\t\t\t\t\t<p><a href=\"https:\/\/www.elturistatranquil.com\/ca\/monestir-de-san-facundo-de-ribas-do-mino-(lugo)\/#b3104\">Fi de la visita<\/a><\/p>\t\t\t\t\t\t\t\t<\/div>\n\t\t\t\t<\/div>\n\t\t\t\t<div class=\"elementor-element elementor-element-7513b688 elementor-widget elementor-widget-text-editor\" data-id=\"7513b688\" data-element_type=\"widget\" data-e-type=\"widget\" data-widget_type=\"text-editor.default\">\n\t\t\t\t<div class=\"elementor-widget-container\">\n\t\t\t\t\t\t\t\t\t<p><a href=\"https:\/\/www.elturistatranquil.com\/ca\/monestir-de-san-facundo-de-ribas-do-mino-(lugo)\/#b3105\">Bases d\u2019informaci\u00f3<\/a><\/p>\t\t\t\t\t\t\t\t<\/div>\n\t\t\t\t<\/div>\n\t\t\t\t\t<\/div>\n\t\t<\/div>\n\t\t\t\t\t<\/div>\n\t\t<\/section>\n\t\t\t\t<div class=\"elementor-element elementor-element-6359f1da elementor-widget elementor-widget-spacer\" data-id=\"6359f1da\" data-element_type=\"widget\" data-e-type=\"widget\" data-widget_type=\"spacer.default\">\n\t\t\t\t<div class=\"elementor-widget-container\">\n\t\t\t\t\t\t\t<div class=\"elementor-spacer\">\n\t\t\t<div class=\"elementor-spacer-inner\"><\/div>\n\t\t<\/div>\n\t\t\t\t\t\t<\/div>\n\t\t\t\t<\/div>\n\t\t\t\t<div class=\"elementor-element elementor-element-68d18dd2 elementor-widget elementor-widget-heading\" data-id=\"68d18dd2\" data-element_type=\"widget\" data-e-type=\"widget\" data-widget_type=\"heading.default\">\n\t\t\t\t<div class=\"elementor-widget-container\">\n\t\t\t\t\t<h2 class=\"elementor-heading-title elementor-size-default\">Monestir de San Facundo de Ribas do Mi\u00f1o, Paradela, Lugo<\/h2>\t\t\t\t<\/div>\n\t\t\t\t<\/div>\n\t\t\t\t<div class=\"elementor-element elementor-element-75839ad6 elementor-widget elementor-widget-text-editor\" data-id=\"75839ad6\" data-element_type=\"widget\" data-e-type=\"widget\" data-widget_type=\"text-editor.default\">\n\t\t\t\t<div class=\"elementor-widget-container\">\n\t\t\t\t\t\t\t\t\t<p>A l&#8217;\u00e0rea natural de la Ribeira Sacra m&#8217;acosto al <strong>Monestir de Sant Facundo de Ribas do Mi\u00f1o<\/strong>, a la vora del riu Sil. De fet, en l&#8217;actualitat el riu en aquest tram ha quedat subsumit a l&#8217;embassament de Belesar.<\/p><p>La Ribeira Sacra, est\u00e0 definida pel riu Sil, a cavall entre les prov\u00edncies de Lugo i Ourense, d&#8217;entre escarpades muntanyes i vessants de terrasses i vinyes, on es produeixen els vins de Denominaci\u00f3 d&#8217;Origen Ribeira Sacra, blancs i negres. La Ribeira Sacra rep aquest nom pel gran nombre de monestirs que es concentren al voltant dels rius Mi\u00f1o i Sil.<\/p><p>En aquest espectacular paisatge, es localitza el que va ser Monestir, a\u00efllat entre vinyes i boscos.<\/p><p>Cal dirigir-se al poble de la Paradela i agafar la carretera LU-4202.<\/p>\t\t\t\t\t\t\t\t<\/div>\n\t\t\t\t<\/div>\n\t\t\t\t<div class=\"elementor-element elementor-element-36313693 elementor-widget elementor-widget-menu-anchor\" data-id=\"36313693\" data-element_type=\"widget\" data-e-type=\"widget\" data-widget_type=\"menu-anchor.default\">\n\t\t\t\t<div class=\"elementor-widget-container\">\n\t\t\t\t\t\t\t<div class=\"elementor-menu-anchor\" id=\"b3102\"><\/div>\n\t\t\t\t\t\t<\/div>\n\t\t\t\t<\/div>\n\t\t\t\t<div class=\"elementor-element elementor-element-7fec93ac elementor-widget elementor-widget-image\" data-id=\"7fec93ac\" data-element_type=\"widget\" data-e-type=\"widget\" data-widget_type=\"image.default\">\n\t\t\t\t<div class=\"elementor-widget-container\">\n\t\t\t\t\t\t\t\t\t\t\t\t<figure class=\"wp-caption\">\n\t\t\t\t\t\t\t\t\t\t<img decoding=\"async\" width=\"800\" height=\"534\" src=\"https:\/\/www.elturistatranquil.com\/wp-content\/uploads\/F03Monasterio-de-San-Facundo-de-Ribas-do-Mi\u00f1o-Google-maps-2019-02-27-1.jpg\" class=\"attachment-large size-large wp-image-14146\" alt=\"\" srcset=\"https:\/\/www.elturistatranquil.com\/wp-content\/uploads\/F03Monasterio-de-San-Facundo-de-Ribas-do-Mi\u00f1o-Google-maps-2019-02-27-1.jpg 800w, https:\/\/www.elturistatranquil.com\/wp-content\/uploads\/F03Monasterio-de-San-Facundo-de-Ribas-do-Mi\u00f1o-Google-maps-2019-02-27-1-768x513.jpg 768w\" sizes=\"(max-width: 800px) 100vw, 800px\" \/>\t\t\t\t\t\t\t\t\t\t\t<figcaption class=\"widget-image-caption wp-caption-text\"><\/figcaption>\n\t\t\t\t\t\t\t\t\t\t<\/figure>\n\t\t\t\t\t\t\t\t\t<\/div>\n\t\t\t\t<\/div>\n\t\t\t\t<div class=\"elementor-element elementor-element-220dad16 elementor-widget elementor-widget-heading\" data-id=\"220dad16\" data-element_type=\"widget\" data-e-type=\"widget\" data-widget_type=\"heading.default\">\n\t\t\t\t<div class=\"elementor-widget-container\">\n\t\t\t\t\t<h2 class=\"elementor-heading-title elementor-size-default\">L'edifici del Monestir<\/h2>\t\t\t\t<\/div>\n\t\t\t\t<\/div>\n\t\t\t\t<div class=\"elementor-element elementor-element-505215d5 elementor-widget elementor-widget-text-editor\" data-id=\"505215d5\" data-element_type=\"widget\" data-e-type=\"widget\" data-widget_type=\"text-editor.default\">\n\t\t\t\t<div class=\"elementor-widget-container\">\n\t\t\t\t\t\t\t\t\t<p>El conjunt edificat actual est\u00e0 format per l&#8217;Esgl\u00e9sia i la Casa rectoral, havent estat restaurat en 1997.<\/p>\t\t\t\t\t\t\t\t<\/div>\n\t\t\t\t<\/div>\n\t\t\t\t<div class=\"elementor-element elementor-element-3765d50b elementor-widget elementor-widget-image\" data-id=\"3765d50b\" data-element_type=\"widget\" data-e-type=\"widget\" data-widget_type=\"image.default\">\n\t\t\t\t<div class=\"elementor-widget-container\">\n\t\t\t\t\t\t\t\t\t\t\t\t<figure class=\"wp-caption\">\n\t\t\t\t\t\t\t\t\t\t<img loading=\"lazy\" decoding=\"async\" width=\"800\" height=\"533\" src=\"https:\/\/www.elturistatranquil.com\/wp-content\/uploads\/F04Monasterio-de-San-Facundo-de-Ribas-do-Mi\u00f1o-1.jpg\" class=\"attachment-large size-large wp-image-14148\" alt=\"\" srcset=\"https:\/\/www.elturistatranquil.com\/wp-content\/uploads\/F04Monasterio-de-San-Facundo-de-Ribas-do-Mi\u00f1o-1.jpg 800w, https:\/\/www.elturistatranquil.com\/wp-content\/uploads\/F04Monasterio-de-San-Facundo-de-Ribas-do-Mi\u00f1o-1-768x512.jpg 768w\" sizes=\"(max-width: 800px) 100vw, 800px\" \/>\t\t\t\t\t\t\t\t\t\t\t<figcaption class=\"widget-image-caption wp-caption-text\"><\/figcaption>\n\t\t\t\t\t\t\t\t\t\t<\/figure>\n\t\t\t\t\t\t\t\t\t<\/div>\n\t\t\t\t<\/div>\n\t\t\t\t<div class=\"elementor-element elementor-element-78e20347 elementor-widget elementor-widget-image\" data-id=\"78e20347\" data-element_type=\"widget\" data-e-type=\"widget\" data-widget_type=\"image.default\">\n\t\t\t\t<div class=\"elementor-widget-container\">\n\t\t\t\t\t\t\t\t\t\t\t\t<figure class=\"wp-caption\">\n\t\t\t\t\t\t\t\t\t\t<img loading=\"lazy\" decoding=\"async\" width=\"800\" height=\"533\" src=\"https:\/\/www.elturistatranquil.com\/wp-content\/uploads\/F05-Monasterio-de-San-Facundo-de-Ribas-do-Mi\u00f1o-1.jpg\" class=\"attachment-large size-large wp-image-14150\" alt=\"\" srcset=\"https:\/\/www.elturistatranquil.com\/wp-content\/uploads\/F05-Monasterio-de-San-Facundo-de-Ribas-do-Mi\u00f1o-1.jpg 800w, https:\/\/www.elturistatranquil.com\/wp-content\/uploads\/F05-Monasterio-de-San-Facundo-de-Ribas-do-Mi\u00f1o-1-768x512.jpg 768w\" sizes=\"(max-width: 800px) 100vw, 800px\" \/>\t\t\t\t\t\t\t\t\t\t\t<figcaption class=\"widget-image-caption wp-caption-text\"><\/figcaption>\n\t\t\t\t\t\t\t\t\t\t<\/figure>\n\t\t\t\t\t\t\t\t\t<\/div>\n\t\t\t\t<\/div>\n\t\t\t\t<div class=\"elementor-element elementor-element-6040dafb elementor-widget elementor-widget-text-editor\" data-id=\"6040dafb\" data-element_type=\"widget\" data-e-type=\"widget\" data-widget_type=\"text-editor.default\">\n\t\t\t\t<div class=\"elementor-widget-container\">\n\t\t\t\t\t\t\t\t\t<p>La fundaci\u00f3 del monestir va ser entorn a l&#8217;any 1120, amb vocaci\u00f3 d&#8217;acollir pelegrins del Cam\u00ed de Sant Jaume.<\/p><p>En 1116 Do\u00f1a Urraca, reina de Lle\u00f3 i Castella, havia manat enderrocar el pont de Portomar\u00edn, com a repres\u00e0lia a l&#8217;arquebisbe Xelm\u00edrez per debilitar-lo evitant el cobrament dels ingressos que suposaven els pelegrins del cam\u00ed franc\u00e8s a Compostel\u00b7la i els drets de pontatge. Llavors, els <a href=\"https:\/\/www.elturistatranquil.com\/ca\/esglesies-monestirs-i-ordres-religioses-a-ledat-mitjana\/\" target=\"_blank\" rel=\"noopener\">monjos benedictins<\/a> es van instal\u00b7lar en un rec\u00e9s del riu i lloc m\u00e9s f\u00e0cil per travessar el riu Mi\u00f1o, facilitant el pas amb barques.<\/p><p>Quan es va tornar a reconstruir el pont de Portomar\u00edn, Sant Facundo va esdevenir el refugi d&#8217;aquells viatgers que no podien pagar el pontatge i que pernoctaven en l&#8217;Esgl\u00e9sia.<\/p>\t\t\t\t\t\t\t\t<\/div>\n\t\t\t\t<\/div>\n\t\t\t\t<div class=\"elementor-element elementor-element-3a80c6b8 elementor-widget elementor-widget-image\" data-id=\"3a80c6b8\" data-element_type=\"widget\" data-e-type=\"widget\" data-widget_type=\"image.default\">\n\t\t\t\t<div class=\"elementor-widget-container\">\n\t\t\t\t\t\t\t\t\t\t\t\t<figure class=\"wp-caption\">\n\t\t\t\t\t\t\t\t\t\t<img loading=\"lazy\" decoding=\"async\" width=\"800\" height=\"533\" src=\"https:\/\/www.elturistatranquil.com\/wp-content\/uploads\/F06Monasterio-de-San-Facundo-de-Ribas-do-Mi\u00f1o-Google-maps-2019-02-27-1.jpg\" class=\"attachment-large size-large wp-image-14152\" alt=\"\" srcset=\"https:\/\/www.elturistatranquil.com\/wp-content\/uploads\/F06Monasterio-de-San-Facundo-de-Ribas-do-Mi\u00f1o-Google-maps-2019-02-27-1.jpg 800w, https:\/\/www.elturistatranquil.com\/wp-content\/uploads\/F06Monasterio-de-San-Facundo-de-Ribas-do-Mi\u00f1o-Google-maps-2019-02-27-1-768x512.jpg 768w\" sizes=\"(max-width: 800px) 100vw, 800px\" \/>\t\t\t\t\t\t\t\t\t\t\t<figcaption class=\"widget-image-caption wp-caption-text\">Relaci\u00f3n con Portomar\u00edn<\/figcaption>\n\t\t\t\t\t\t\t\t\t\t<\/figure>\n\t\t\t\t\t\t\t\t\t<\/div>\n\t\t\t\t<\/div>\n\t\t\t\t<div class=\"elementor-element elementor-element-18883aa8 elementor-widget elementor-widget-text-editor\" data-id=\"18883aa8\" data-element_type=\"widget\" data-e-type=\"widget\" data-widget_type=\"text-editor.default\">\n\t\t\t\t<div class=\"elementor-widget-container\">\n\t\t\t\t\t\t\t\t\t<p>D&#8217;estil cistercenc, transici\u00f3 rom\u00e0nic- g\u00f2tic, els seus or\u00edgens s\u00f3n benedictins.<\/p><p>\u00c9s un temple simple, sense escultures monumentals ni grans cadirats.<\/p><p>En 1620 va passar a ser priorat del monestir cistercenc de Santa Maria de Montderramo.<\/p><p>El monestir va ser tancat en 1820 i definitivament exclaustrat el 1835<\/p><p>L&#8217;Esgl\u00e9sia \u00e9s de <a href=\"https:\/\/www.elturistatranquil.com\/ca\/esglesies-monestirs-i-ordres-religioses-a-ledat-mitjana\/\" target=\"_blank\" rel=\"noopener\">planta d&#8217;una nau<\/a> amb absis semicircular i coberta de fusta i pissarra a dues aig\u00fces.<\/p><p>Presenta dues portes d&#8217;acc\u00e9s. Una als peus, amb acc\u00e9s directe des de l&#8217;exterior i una altra al costat sud, que segurament havia de ser d&#8217;acc\u00e9s directe des del recinte monacal.<\/p>\t\t\t\t\t\t\t\t<\/div>\n\t\t\t\t<\/div>\n\t\t\t\t<div class=\"elementor-element elementor-element-2f97bc15 elementor-widget elementor-widget-image\" data-id=\"2f97bc15\" data-element_type=\"widget\" data-e-type=\"widget\" data-widget_type=\"image.default\">\n\t\t\t\t<div class=\"elementor-widget-container\">\n\t\t\t\t\t\t\t\t\t\t\t\t<figure class=\"wp-caption\">\n\t\t\t\t\t\t\t\t\t\t<img loading=\"lazy\" decoding=\"async\" width=\"800\" height=\"534\" src=\"https:\/\/www.elturistatranquil.com\/wp-content\/uploads\/F07-Monasterio-de-San-Facundo-de-Ribas-do-Mi\u00f1o-1.jpg\" class=\"attachment-large size-large wp-image-14154\" alt=\"\" srcset=\"https:\/\/www.elturistatranquil.com\/wp-content\/uploads\/F07-Monasterio-de-San-Facundo-de-Ribas-do-Mi\u00f1o-1.jpg 800w, https:\/\/www.elturistatranquil.com\/wp-content\/uploads\/F07-Monasterio-de-San-Facundo-de-Ribas-do-Mi\u00f1o-1-768x513.jpg 768w\" sizes=\"(max-width: 800px) 100vw, 800px\" \/>\t\t\t\t\t\t\t\t\t\t\t<figcaption class=\"widget-image-caption wp-caption-text\"><\/figcaption>\n\t\t\t\t\t\t\t\t\t\t<\/figure>\n\t\t\t\t\t\t\t\t\t<\/div>\n\t\t\t\t<\/div>\n\t\t\t\t<div class=\"elementor-element elementor-element-f424cb0 elementor-widget elementor-widget-text-editor\" data-id=\"f424cb0\" data-element_type=\"widget\" data-e-type=\"widget\" data-widget_type=\"text-editor.default\">\n\t\t\t\t<div class=\"elementor-widget-container\">\n\t\t\t\t\t\t\t\t\t<p>Presenta una porta amb una curiosa llinda semicircular molt r\u00fastica i una petita finestra circular. La part superior acaba amb una espadanya per a dues petites campanes, obra que va haver de construir-se en edat moderna.<\/p>\t\t\t\t\t\t\t\t<\/div>\n\t\t\t\t<\/div>\n\t\t\t\t<div class=\"elementor-element elementor-element-53ce8a78 elementor-widget elementor-widget-image\" data-id=\"53ce8a78\" data-element_type=\"widget\" data-e-type=\"widget\" data-widget_type=\"image.default\">\n\t\t\t\t<div class=\"elementor-widget-container\">\n\t\t\t\t\t\t\t\t\t\t\t\t<figure class=\"wp-caption\">\n\t\t\t\t\t\t\t\t\t\t<img loading=\"lazy\" decoding=\"async\" width=\"800\" height=\"533\" src=\"https:\/\/www.elturistatranquil.com\/wp-content\/uploads\/F08-Monasterio-de-San-Facundo-de-Ribas-do-Mi\u00f1o-1.jpg\" class=\"attachment-large size-large wp-image-14156\" alt=\"\" srcset=\"https:\/\/www.elturistatranquil.com\/wp-content\/uploads\/F08-Monasterio-de-San-Facundo-de-Ribas-do-Mi\u00f1o-1.jpg 800w, https:\/\/www.elturistatranquil.com\/wp-content\/uploads\/F08-Monasterio-de-San-Facundo-de-Ribas-do-Mi\u00f1o-1-768x512.jpg 768w\" sizes=\"(max-width: 800px) 100vw, 800px\" \/>\t\t\t\t\t\t\t\t\t\t\t<figcaption class=\"widget-image-caption wp-caption-text\"><\/figcaption>\n\t\t\t\t\t\t\t\t\t\t<\/figure>\n\t\t\t\t\t\t\t\t\t<\/div>\n\t\t\t\t<\/div>\n\t\t\t\t<div class=\"elementor-element elementor-element-26b84a0c elementor-widget elementor-widget-image\" data-id=\"26b84a0c\" data-element_type=\"widget\" data-e-type=\"widget\" data-widget_type=\"image.default\">\n\t\t\t\t<div class=\"elementor-widget-container\">\n\t\t\t\t\t\t\t\t\t\t\t\t<figure class=\"wp-caption\">\n\t\t\t\t\t\t\t\t\t\t<img loading=\"lazy\" decoding=\"async\" width=\"800\" height=\"533\" src=\"https:\/\/www.elturistatranquil.com\/wp-content\/uploads\/F09-Monasterio-de-San-Facundo-de-Ribas-do-Mi\u00f1o-1.jpg\" class=\"attachment-large size-large wp-image-14158\" alt=\"\" srcset=\"https:\/\/www.elturistatranquil.com\/wp-content\/uploads\/F09-Monasterio-de-San-Facundo-de-Ribas-do-Mi\u00f1o-1.jpg 800w, https:\/\/www.elturistatranquil.com\/wp-content\/uploads\/F09-Monasterio-de-San-Facundo-de-Ribas-do-Mi\u00f1o-1-768x512.jpg 768w\" sizes=\"(max-width: 800px) 100vw, 800px\" \/>\t\t\t\t\t\t\t\t\t\t\t<figcaption class=\"widget-image-caption wp-caption-text\"><\/figcaption>\n\t\t\t\t\t\t\t\t\t\t<\/figure>\n\t\t\t\t\t\t\t\t\t<\/div>\n\t\t\t\t<\/div>\n\t\t\t\t<div class=\"elementor-element elementor-element-6b224199 elementor-widget elementor-widget-text-editor\" data-id=\"6b224199\" data-element_type=\"widget\" data-e-type=\"widget\" data-widget_type=\"text-editor.default\">\n\t\t\t\t<div class=\"elementor-widget-container\">\n\t\t\t\t\t\t\t\t\t<p>La portada lateral del costat sud presenta una dovella de mig punt sobre columnes amb r\u00fastics capitells.<\/p>\t\t\t\t\t\t\t\t<\/div>\n\t\t\t\t<\/div>\n\t\t\t\t<div class=\"elementor-element elementor-element-7bd6fd9f elementor-widget elementor-widget-image\" data-id=\"7bd6fd9f\" data-element_type=\"widget\" data-e-type=\"widget\" data-widget_type=\"image.default\">\n\t\t\t\t<div class=\"elementor-widget-container\">\n\t\t\t\t\t\t\t\t\t\t\t\t<figure class=\"wp-caption\">\n\t\t\t\t\t\t\t\t\t\t<img loading=\"lazy\" decoding=\"async\" width=\"800\" height=\"533\" src=\"https:\/\/www.elturistatranquil.com\/wp-content\/uploads\/F10-Monasterio-de-San-Facundo-de-Ribas-do-Mi\u00f1o-1.jpg\" class=\"attachment-large size-large wp-image-14160\" alt=\"\" srcset=\"https:\/\/www.elturistatranquil.com\/wp-content\/uploads\/F10-Monasterio-de-San-Facundo-de-Ribas-do-Mi\u00f1o-1.jpg 800w, https:\/\/www.elturistatranquil.com\/wp-content\/uploads\/F10-Monasterio-de-San-Facundo-de-Ribas-do-Mi\u00f1o-1-768x512.jpg 768w\" sizes=\"(max-width: 800px) 100vw, 800px\" \/>\t\t\t\t\t\t\t\t\t\t\t<figcaption class=\"widget-image-caption wp-caption-text\"><\/figcaption>\n\t\t\t\t\t\t\t\t\t\t<\/figure>\n\t\t\t\t\t\t\t\t\t<\/div>\n\t\t\t\t<\/div>\n\t\t\t\t<div class=\"elementor-element elementor-element-4c3ddf6c elementor-widget elementor-widget-image\" data-id=\"4c3ddf6c\" data-element_type=\"widget\" data-e-type=\"widget\" data-widget_type=\"image.default\">\n\t\t\t\t<div class=\"elementor-widget-container\">\n\t\t\t\t\t\t\t\t\t\t\t\t<figure class=\"wp-caption\">\n\t\t\t\t\t\t\t\t\t\t<img loading=\"lazy\" decoding=\"async\" width=\"800\" height=\"533\" src=\"https:\/\/www.elturistatranquil.com\/wp-content\/uploads\/F11-Monasterio-de-San-Facundo-de-Ribas-do-Mi\u00f1o-1.jpg\" class=\"attachment-large size-large wp-image-14162\" alt=\"\" srcset=\"https:\/\/www.elturistatranquil.com\/wp-content\/uploads\/F11-Monasterio-de-San-Facundo-de-Ribas-do-Mi\u00f1o-1.jpg 800w, https:\/\/www.elturistatranquil.com\/wp-content\/uploads\/F11-Monasterio-de-San-Facundo-de-Ribas-do-Mi\u00f1o-1-768x512.jpg 768w\" sizes=\"(max-width: 800px) 100vw, 800px\" \/>\t\t\t\t\t\t\t\t\t\t\t<figcaption class=\"widget-image-caption wp-caption-text\"><\/figcaption>\n\t\t\t\t\t\t\t\t\t\t<\/figure>\n\t\t\t\t\t\t\t\t\t<\/div>\n\t\t\t\t<\/div>\n\t\t\t\t<div class=\"elementor-element elementor-element-b0b3b55 elementor-widget elementor-widget-image\" data-id=\"b0b3b55\" data-element_type=\"widget\" data-e-type=\"widget\" data-widget_type=\"image.default\">\n\t\t\t\t<div class=\"elementor-widget-container\">\n\t\t\t\t\t\t\t\t\t\t\t\t<figure class=\"wp-caption\">\n\t\t\t\t\t\t\t\t\t\t<img loading=\"lazy\" decoding=\"async\" width=\"800\" height=\"532\" src=\"https:\/\/www.elturistatranquil.com\/wp-content\/uploads\/F12-Monasterio-de-San-Facundo-de-Ribas-do-Mi\u00f1o-1.jpg\" class=\"attachment-large size-large wp-image-14164\" alt=\"\" srcset=\"https:\/\/www.elturistatranquil.com\/wp-content\/uploads\/F12-Monasterio-de-San-Facundo-de-Ribas-do-Mi\u00f1o-1.jpg 800w, https:\/\/www.elturistatranquil.com\/wp-content\/uploads\/F12-Monasterio-de-San-Facundo-de-Ribas-do-Mi\u00f1o-1-768x511.jpg 768w\" sizes=\"(max-width: 800px) 100vw, 800px\" \/>\t\t\t\t\t\t\t\t\t\t\t<figcaption class=\"widget-image-caption wp-caption-text\"><\/figcaption>\n\t\t\t\t\t\t\t\t\t\t<\/figure>\n\t\t\t\t\t\t\t\t\t<\/div>\n\t\t\t\t<\/div>\n\t\t\t\t<div class=\"elementor-element elementor-element-73dd1c14 elementor-widget elementor-widget-text-editor\" data-id=\"73dd1c14\" data-element_type=\"widget\" data-e-type=\"widget\" data-widget_type=\"text-editor.default\">\n\t\t\t\t<div class=\"elementor-widget-container\">\n\t\t\t\t\t\t\t\t\t<p>La volta de l&#8217;absis de l&#8217;esgl\u00e9sia de San Facundo de Ribas do Mi\u00f1o \u00e9s considerada la primera manifestaci\u00f3 de l&#8217;estil g\u00f2tic a la Pen\u00ednsula Ib\u00e8rica. Est\u00e0 constitu\u00efda per sis robustos arcs de pedra, que convergeixen en una clau col\u00b7locada a 5,30 m d&#8217;al\u00e7ada.<\/p>\t\t\t\t\t\t\t\t<\/div>\n\t\t\t\t<\/div>\n\t\t\t\t<div class=\"elementor-element elementor-element-1b80acb9 elementor-widget elementor-widget-image\" data-id=\"1b80acb9\" data-element_type=\"widget\" data-e-type=\"widget\" data-widget_type=\"image.default\">\n\t\t\t\t<div class=\"elementor-widget-container\">\n\t\t\t\t\t\t\t\t\t\t\t\t<figure class=\"wp-caption\">\n\t\t\t\t\t\t\t\t\t\t<img loading=\"lazy\" decoding=\"async\" width=\"800\" height=\"534\" src=\"https:\/\/www.elturistatranquil.com\/wp-content\/uploads\/F13-Monasterio-de-San-Facundo-de-Ribas-do-Mi\u00f1o-1.jpg\" class=\"attachment-large size-large wp-image-14166\" alt=\"\" srcset=\"https:\/\/www.elturistatranquil.com\/wp-content\/uploads\/F13-Monasterio-de-San-Facundo-de-Ribas-do-Mi\u00f1o-1.jpg 800w, https:\/\/www.elturistatranquil.com\/wp-content\/uploads\/F13-Monasterio-de-San-Facundo-de-Ribas-do-Mi\u00f1o-1-768x513.jpg 768w\" sizes=\"(max-width: 800px) 100vw, 800px\" \/>\t\t\t\t\t\t\t\t\t\t\t<figcaption class=\"widget-image-caption wp-caption-text\">(Foto: Turismo de Galicia)<\/figcaption>\n\t\t\t\t\t\t\t\t\t\t<\/figure>\n\t\t\t\t\t\t\t\t\t<\/div>\n\t\t\t\t<\/div>\n\t\t\t\t<div class=\"elementor-element elementor-element-1f56fda6 elementor-widget elementor-widget-menu-anchor\" data-id=\"1f56fda6\" data-element_type=\"widget\" data-e-type=\"widget\" data-widget_type=\"menu-anchor.default\">\n\t\t\t\t<div class=\"elementor-widget-container\">\n\t\t\t\t\t\t\t<div class=\"elementor-menu-anchor\" id=\"b3103\"><\/div>\n\t\t\t\t\t\t<\/div>\n\t\t\t\t<\/div>\n\t\t\t\t<div class=\"elementor-element elementor-element-30a827e9 elementor-widget elementor-widget-image\" data-id=\"30a827e9\" data-element_type=\"widget\" data-e-type=\"widget\" data-widget_type=\"image.default\">\n\t\t\t\t<div class=\"elementor-widget-container\">\n\t\t\t\t\t\t\t\t\t\t\t\t<figure class=\"wp-caption\">\n\t\t\t\t\t\t\t\t\t\t<img loading=\"lazy\" decoding=\"async\" width=\"800\" height=\"422\" src=\"https:\/\/www.elturistatranquil.com\/wp-content\/uploads\/F14-Monasterio-de-San-Facundo-de-Ribas-do-Mi\u00f1o-1.jpg\" class=\"attachment-large size-large wp-image-14168\" alt=\"\" srcset=\"https:\/\/www.elturistatranquil.com\/wp-content\/uploads\/F14-Monasterio-de-San-Facundo-de-Ribas-do-Mi\u00f1o-1.jpg 800w, https:\/\/www.elturistatranquil.com\/wp-content\/uploads\/F14-Monasterio-de-San-Facundo-de-Ribas-do-Mi\u00f1o-1-768x405.jpg 768w\" sizes=\"(max-width: 800px) 100vw, 800px\" \/>\t\t\t\t\t\t\t\t\t\t\t<figcaption class=\"widget-image-caption wp-caption-text\"><\/figcaption>\n\t\t\t\t\t\t\t\t\t\t<\/figure>\n\t\t\t\t\t\t\t\t\t<\/div>\n\t\t\t\t<\/div>\n\t\t\t\t<div class=\"elementor-element elementor-element-56bbe4d7 elementor-widget elementor-widget-text-editor\" data-id=\"56bbe4d7\" data-element_type=\"widget\" data-e-type=\"widget\" data-widget_type=\"text-editor.default\">\n\t\t\t\t<div class=\"elementor-widget-container\">\n\t\t\t\t\t\t\t\t\t<p>Posseeix pintures murals que es reparteixen pels murs de l&#8217;Esgl\u00e9sia, d&#8217;estil g\u00f2tic hisp\u00e0-flamenc realitzades sobre 1474.<\/p>\t\t\t\t\t\t\t\t<\/div>\n\t\t\t\t<\/div>\n\t\t\t\t<div class=\"elementor-element elementor-element-487286c elementor-widget elementor-widget-heading\" data-id=\"487286c\" data-element_type=\"widget\" data-e-type=\"widget\" data-widget_type=\"heading.default\">\n\t\t\t\t<div class=\"elementor-widget-container\">\n\t\t\t\t\t<h2 class=\"elementor-heading-title elementor-size-default\">L\u2019entorn<\/h2>\t\t\t\t<\/div>\n\t\t\t\t<\/div>\n\t\t\t\t<div class=\"elementor-element elementor-element-2ae069cf elementor-widget elementor-widget-text-editor\" data-id=\"2ae069cf\" data-element_type=\"widget\" data-e-type=\"widget\" data-widget_type=\"text-editor.default\">\n\t\t\t\t<div class=\"elementor-widget-container\">\n\t\t\t\t\t\t\t\t\t<p>A les vinyes que envolten el Monestir vaig poder apreciar una mostra d&#8217;arquitectura popular en aquesta cabana de vinya.<\/p>\t\t\t\t\t\t\t\t<\/div>\n\t\t\t\t<\/div>\n\t\t\t\t<div class=\"elementor-element elementor-element-5e3e9516 elementor-widget elementor-widget-image\" data-id=\"5e3e9516\" data-element_type=\"widget\" data-e-type=\"widget\" data-widget_type=\"image.default\">\n\t\t\t\t<div class=\"elementor-widget-container\">\n\t\t\t\t\t\t\t\t\t\t\t\t<figure class=\"wp-caption\">\n\t\t\t\t\t\t\t\t\t\t<img loading=\"lazy\" decoding=\"async\" width=\"800\" height=\"533\" src=\"https:\/\/www.elturistatranquil.com\/wp-content\/uploads\/F15-Monasterio-de-San-Facundo-de-Ribas-do-Mi\u00f1o-caba\u00f1a-1.jpg\" class=\"attachment-large size-large wp-image-14170\" alt=\"\" srcset=\"https:\/\/www.elturistatranquil.com\/wp-content\/uploads\/F15-Monasterio-de-San-Facundo-de-Ribas-do-Mi\u00f1o-caba\u00f1a-1.jpg 800w, https:\/\/www.elturistatranquil.com\/wp-content\/uploads\/F15-Monasterio-de-San-Facundo-de-Ribas-do-Mi\u00f1o-caba\u00f1a-1-768x512.jpg 768w\" sizes=\"(max-width: 800px) 100vw, 800px\" \/>\t\t\t\t\t\t\t\t\t\t\t<figcaption class=\"widget-image-caption wp-caption-text\"><\/figcaption>\n\t\t\t\t\t\t\t\t\t\t<\/figure>\n\t\t\t\t\t\t\t\t\t<\/div>\n\t\t\t\t<\/div>\n\t\t\t\t<div class=\"elementor-element elementor-element-3725db04 elementor-widget elementor-widget-text-editor\" data-id=\"3725db04\" data-element_type=\"widget\" data-e-type=\"widget\" data-widget_type=\"text-editor.default\">\n\t\t\t\t<div class=\"elementor-widget-container\">\n\t\t\t\t\t\t\t\t\t<p>En arribar al riu Mi\u00f1o, en forma la seva forma actual de l&#8217;embassament de Belesar es troba un embarcador.<\/p>\t\t\t\t\t\t\t\t<\/div>\n\t\t\t\t<\/div>\n\t\t\t\t<div class=\"elementor-element elementor-element-31d0f24c elementor-widget elementor-widget-menu-anchor\" data-id=\"31d0f24c\" data-element_type=\"widget\" data-e-type=\"widget\" data-widget_type=\"menu-anchor.default\">\n\t\t\t\t<div class=\"elementor-widget-container\">\n\t\t\t\t\t\t\t<div class=\"elementor-menu-anchor\" id=\"b3104\"><\/div>\n\t\t\t\t\t\t<\/div>\n\t\t\t\t<\/div>\n\t\t\t\t<div class=\"elementor-element elementor-element-756e5cd1 elementor-widget elementor-widget-image\" data-id=\"756e5cd1\" data-element_type=\"widget\" data-e-type=\"widget\" data-widget_type=\"image.default\">\n\t\t\t\t<div class=\"elementor-widget-container\">\n\t\t\t\t\t\t\t\t\t\t\t\t<figure class=\"wp-caption\">\n\t\t\t\t\t\t\t\t\t\t<img loading=\"lazy\" decoding=\"async\" width=\"800\" height=\"533\" src=\"https:\/\/www.elturistatranquil.com\/wp-content\/uploads\/F16-Monasterio-de-San-Facundo-de-Ribas-do-Mi\u00f1o-Embalse-de-Belesar-1.jpg\" class=\"attachment-large size-large wp-image-14172\" alt=\"\" srcset=\"https:\/\/www.elturistatranquil.com\/wp-content\/uploads\/F16-Monasterio-de-San-Facundo-de-Ribas-do-Mi\u00f1o-Embalse-de-Belesar-1.jpg 800w, https:\/\/www.elturistatranquil.com\/wp-content\/uploads\/F16-Monasterio-de-San-Facundo-de-Ribas-do-Mi\u00f1o-Embalse-de-Belesar-1-768x512.jpg 768w\" sizes=\"(max-width: 800px) 100vw, 800px\" \/>\t\t\t\t\t\t\t\t\t\t\t<figcaption class=\"widget-image-caption wp-caption-text\"><\/figcaption>\n\t\t\t\t\t\t\t\t\t\t<\/figure>\n\t\t\t\t\t\t\t\t\t<\/div>\n\t\t\t\t<\/div>\n\t\t\t\t<div class=\"elementor-element elementor-element-255623ec elementor-widget elementor-widget-heading\" data-id=\"255623ec\" data-element_type=\"widget\" data-e-type=\"widget\" data-widget_type=\"heading.default\">\n\t\t\t\t<div class=\"elementor-widget-container\">\n\t\t\t\t\t<h2 class=\"elementor-heading-title elementor-size-default\">Fi de la visita<\/h2>\t\t\t\t<\/div>\n\t\t\t\t<\/div>\n\t\t\t\t<div class=\"elementor-element elementor-element-aae307e elementor-widget elementor-widget-menu-anchor\" data-id=\"aae307e\" data-element_type=\"widget\" data-e-type=\"widget\" data-widget_type=\"menu-anchor.default\">\n\t\t\t\t<div class=\"elementor-widget-container\">\n\t\t\t\t\t\t\t<div class=\"elementor-menu-anchor\" id=\"b3105\"><\/div>\n\t\t\t\t\t\t<\/div>\n\t\t\t\t<\/div>\n\t\t\t\t<div class=\"elementor-element elementor-element-5840a538 elementor-widget elementor-widget-text-editor\" data-id=\"5840a538\" data-element_type=\"widget\" data-e-type=\"widget\" data-widget_type=\"text-editor.default\">\n\t\t\t\t<div class=\"elementor-widget-container\">\n\t\t\t\t\t\t\t\t\t<p>Va valer la pena acostar-se a aquest rec\u00f2ndit lloc per poder apreciar el contrast que es dona entre els grans monestirs medievals i altres menys publicitats, com aquest petit monestir que en la seva \u00e8poca es va construir per ser funcional al servei dels pelegrins en el cam\u00ed de Sant Jaume, i proporcionar-los refugi i poder sortejar el pas del riu per prosseguir el seu cam\u00ed d&#8217;anada o de tornada.<\/p>\t\t\t\t\t\t\t\t<\/div>\n\t\t\t\t<\/div>\n\t\t\t\t<div class=\"elementor-element elementor-element-25eef56e elementor-widget elementor-widget-heading\" data-id=\"25eef56e\" data-element_type=\"widget\" data-e-type=\"widget\" data-widget_type=\"heading.default\">\n\t\t\t\t<div class=\"elementor-widget-container\">\n\t\t\t\t\t<h2 class=\"elementor-heading-title elementor-size-default\">Bases d'informaci\u00f3<\/h2>\t\t\t\t<\/div>\n\t\t\t\t<\/div>\n\t\t\t\t<div class=\"elementor-element elementor-element-3bcacfd3 elementor-widget elementor-widget-text-editor\" data-id=\"3bcacfd3\" data-element_type=\"widget\" data-e-type=\"widget\" data-widget_type=\"text-editor.default\">\n\t\t\t\t<div class=\"elementor-widget-container\">\n\t\t\t\t\t\t\t\t\t<p><strong>Webs San Facundo de Ribas do Mi\u00f1o <\/strong><\/p><p><a href=\"http:\/\/www.concelloparadela.es\/portal_localweb\/p_113_contenedor_ayto_paradela.jsp?seccion=s_fdes_d4_v2.jsp&amp;codbusqueda=269&amp;language=gl&amp;codResi=13&amp;codMenuPN=547&amp;codMenuSN=1045&amp;codMenu=595&amp;layout=p_113_contenedor_ayto_paradela.jsp&amp;level=1\" target=\"_blank\" rel=\"noopener\">Concello de Paradela<\/a><\/p><p><a href=\"http:\/\/patrimoniogalego.net\/index.php\/47430\/2013\/07\/san-facundo-de-ribas-de-mino-2\/\" target=\"_blank\" rel=\"noopener\">Patrimonio galego<\/a><\/p><p><a href=\"https:\/\/turismo.ribeirasacra.org\/es\/iglesia-de-san-facundo-de-ribas-de-mino\" target=\"_blank\" rel=\"noopener\">Turismo ribeirasacra<\/a><\/p><p><a href=\"https:\/\/www.arteguias.com\/comarcasarrialugo.htm\" target=\"_blank\" rel=\"noopener\">Arteguias<\/a><\/p><p><a href=\"http:\/\/pares.mcu.es\/ParesBusquedas20\/catalogo\/autoridad\/59084\" target=\"_blank\" rel=\"noopener\">Portal de archivos espa\u00f1oles<\/a><\/p>\t\t\t\t\t\t\t\t<\/div>\n\t\t\t\t<\/div>\n\t\t\t\t<div class=\"elementor-element elementor-element-2c34a188 elementor-widget elementor-widget-text-editor\" data-id=\"2c34a188\" data-element_type=\"widget\" data-e-type=\"widget\" data-widget_type=\"text-editor.default\">\n\t\t\t\t<div class=\"elementor-widget-container\">\n\t\t\t\t\t\t\t\t\t<p><strong>Video San Facundo de Ribas do Mi\u00f1o <\/strong><\/p><p><a href=\"https:\/\/foros.xenealoxia.org\/viewtopic.php?t=10780\" target=\"_blank\" rel=\"noopener\">La Iglesia escondida. Xenealogia<\/a><\/p>\t\t\t\t\t\t\t\t<\/div>\n\t\t\t\t<\/div>\n\t\t\t\t\t<\/div>\n\t\t<\/div>\n\t\t\t\t\t<\/div>\n\t\t<\/section>\n\t\t\t\t<\/div>\n\t\t","protected":false},"excerpt":{"rendered":"<p>El Monestir de San Facundo de Ribas do Mi\u00f1o, \u00e9s un amagat recinte a la Ribeira Sacra de Lugo. Amb una simplicitat funcional se\u2019l considera el primer exemple de g\u00f2tic &#8230; <a title=\"Monestir de San Facundo de Ribas do Mi\u00f1o (Lugo)\" class=\"read-more\" href=\"https:\/\/www.elturistatranquil.com\/ca\/monestir-de-san-facundo-de-ribas-do-mino-lugo\/\" aria-label=\"M\u00e9s informaci\u00f3 sobre Monestir de San Facundo de Ribas do Mi\u00f1o (Lugo)\">[ &#8230; ]<\/a><\/p>\n","protected":false},"author":1,"featured_media":14139,"comment_status":"open","ping_status":"closed","sticky":false,"template":"","format":"standard","meta":{"footnotes":""},"categories":[71,72,145,80,82,87,171,90,95],"tags":[],"class_list":["post-14138","post","type-post","status-publish","format-standard","has-post-thumbnail","hentry","category-arquitectura-popular-ca","category-arquitectura-religiosa-ca","category-edat-mitjana","category-el-cami-de-sant-jaume","category-gotic","category-joies-al-territori","category-lugo-ca","category-monestirs-catedrals","category-paisatge","infinite-scroll-item","generate-columns","tablet-grid-50","mobile-grid-100","grid-parent","grid-50","no-featured-image-padding"],"yoast_head":"<!-- This site is optimized with the Yoast SEO plugin v27.4 - https:\/\/yoast.com\/product\/yoast-seo-wordpress\/ -->\n<title>Monestir de San Facundo de Ribas do Mi\u00f1o (Lugo) - El turista tranquil<\/title>\n<meta name=\"description\" content=\"El Monestir de San Facundo de Ribas do Mi\u00f1o, \u00e9s un amagat recinte a la Ribeira Sacra de Lugo. Amb una simplicitat funcional se\u2019l considera el primer exemple de g\u00f2tic peninsular.\" \/>\n<meta name=\"robots\" content=\"index, follow, max-snippet:-1, max-image-preview:large, max-video-preview:-1\" \/>\n<link rel=\"canonical\" href=\"https:\/\/www.elturistatranquil.com\/ca\/monestir-de-san-facundo-de-ribas-do-mino-lugo\/\" \/>\n<meta property=\"og:locale\" content=\"ca_ES\" \/>\n<meta property=\"og:type\" content=\"article\" \/>\n<meta property=\"og:title\" content=\"Monestir de San Facundo de Ribas do Mi\u00f1o (Lugo) - El turista tranquil\" \/>\n<meta property=\"og:description\" content=\"El Monestir de San Facundo de Ribas do Mi\u00f1o, \u00e9s un amagat recinte a la Ribeira Sacra de Lugo. Amb una simplicitat funcional se\u2019l considera el primer exemple de g\u00f2tic peninsular.\" \/>\n<meta property=\"og:url\" content=\"https:\/\/www.elturistatranquil.com\/ca\/monestir-de-san-facundo-de-ribas-do-mino-lugo\/\" \/>\n<meta property=\"og:site_name\" content=\"El turista tranquil\" \/>\n<meta property=\"article:publisher\" content=\"https:\/\/www.facebook.com\/elturistatranquilo\/\" \/>\n<meta property=\"article:published_time\" content=\"2019-03-09T10:36:13+00:00\" \/>\n<meta property=\"article:modified_time\" content=\"2019-04-25T16:03:35+00:00\" \/>\n<meta property=\"og:image\" content=\"https:\/\/www.elturistatranquil.com\/wp-content\/uploads\/F00-Monasterio-de-San-Facundo-de-Ribas-do-Mi\u00f1o.jpg\" \/>\n\t<meta property=\"og:image:width\" content=\"800\" \/>\n\t<meta property=\"og:image:height\" content=\"533\" \/>\n\t<meta property=\"og:image:type\" content=\"image\/jpeg\" \/>\n<meta name=\"author\" content=\"admin\" \/>\n<meta name=\"twitter:card\" content=\"summary_large_image\" \/>\n<meta name=\"twitter:label1\" content=\"Escrit per\" \/>\n\t<meta name=\"twitter:data1\" content=\"admin\" \/>\n\t<meta name=\"twitter:label2\" content=\"Temps estimat de lectura\" \/>\n\t<meta name=\"twitter:data2\" content=\"4 minuts\" \/>\n<script type=\"application\/ld+json\" class=\"yoast-schema-graph\">{\"@context\":\"https:\\\/\\\/schema.org\",\"@graph\":[{\"@type\":\"Article\",\"@id\":\"https:\\\/\\\/www.elturistatranquil.com\\\/ca\\\/monestir-de-san-facundo-de-ribas-do-mino-lugo\\\/#article\",\"isPartOf\":{\"@id\":\"https:\\\/\\\/www.elturistatranquil.com\\\/ca\\\/monestir-de-san-facundo-de-ribas-do-mino-lugo\\\/\"},\"author\":{\"name\":\"admin\",\"@id\":\"https:\\\/\\\/www.elturistatranquil.com\\\/ca\\\/#\\\/schema\\\/person\\\/16f607c3079b96ed0c530a52e6b58bb5\"},\"headline\":\"Monestir de San Facundo de Ribas do Mi\u00f1o (Lugo)\",\"datePublished\":\"2019-03-09T10:36:13+00:00\",\"dateModified\":\"2019-04-25T16:03:35+00:00\",\"mainEntityOfPage\":{\"@id\":\"https:\\\/\\\/www.elturistatranquil.com\\\/ca\\\/monestir-de-san-facundo-de-ribas-do-mino-lugo\\\/\"},\"wordCount\":832,\"commentCount\":0,\"image\":{\"@id\":\"https:\\\/\\\/www.elturistatranquil.com\\\/ca\\\/monestir-de-san-facundo-de-ribas-do-mino-lugo\\\/#primaryimage\"},\"thumbnailUrl\":\"https:\\\/\\\/www.elturistatranquil.com\\\/wp-content\\\/uploads\\\/F00-Monasterio-de-San-Facundo-de-Ribas-do-Mi\u00f1o.jpg\",\"articleSection\":[\"Arquitectura popular\",\"Arquitectura religiosa\",\"Edat mitjana\",\"El Cam\u00ed de Sant Jaume\",\"G\u00f2tic\",\"Joies al territori\",\"Lugo\",\"Monestirs, Catedrals\",\"Paisatge\"],\"inLanguage\":\"ca\",\"potentialAction\":[{\"@type\":\"CommentAction\",\"name\":\"Comment\",\"target\":[\"https:\\\/\\\/www.elturistatranquil.com\\\/ca\\\/monestir-de-san-facundo-de-ribas-do-mino-lugo\\\/#respond\"]}]},{\"@type\":\"WebPage\",\"@id\":\"https:\\\/\\\/www.elturistatranquil.com\\\/ca\\\/monestir-de-san-facundo-de-ribas-do-mino-lugo\\\/\",\"url\":\"https:\\\/\\\/www.elturistatranquil.com\\\/ca\\\/monestir-de-san-facundo-de-ribas-do-mino-lugo\\\/\",\"name\":\"Monestir de San Facundo de Ribas do Mi\u00f1o (Lugo) - El turista tranquil\",\"isPartOf\":{\"@id\":\"https:\\\/\\\/www.elturistatranquil.com\\\/ca\\\/#website\"},\"primaryImageOfPage\":{\"@id\":\"https:\\\/\\\/www.elturistatranquil.com\\\/ca\\\/monestir-de-san-facundo-de-ribas-do-mino-lugo\\\/#primaryimage\"},\"image\":{\"@id\":\"https:\\\/\\\/www.elturistatranquil.com\\\/ca\\\/monestir-de-san-facundo-de-ribas-do-mino-lugo\\\/#primaryimage\"},\"thumbnailUrl\":\"https:\\\/\\\/www.elturistatranquil.com\\\/wp-content\\\/uploads\\\/F00-Monasterio-de-San-Facundo-de-Ribas-do-Mi\u00f1o.jpg\",\"datePublished\":\"2019-03-09T10:36:13+00:00\",\"dateModified\":\"2019-04-25T16:03:35+00:00\",\"author\":{\"@id\":\"https:\\\/\\\/www.elturistatranquil.com\\\/ca\\\/#\\\/schema\\\/person\\\/16f607c3079b96ed0c530a52e6b58bb5\"},\"description\":\"El Monestir de San Facundo de Ribas do Mi\u00f1o, \u00e9s un amagat recinte a la Ribeira Sacra de Lugo. Amb una simplicitat funcional se\u2019l considera el primer exemple de g\u00f2tic peninsular.\",\"breadcrumb\":{\"@id\":\"https:\\\/\\\/www.elturistatranquil.com\\\/ca\\\/monestir-de-san-facundo-de-ribas-do-mino-lugo\\\/#breadcrumb\"},\"inLanguage\":\"ca\",\"potentialAction\":[{\"@type\":\"ReadAction\",\"target\":[\"https:\\\/\\\/www.elturistatranquil.com\\\/ca\\\/monestir-de-san-facundo-de-ribas-do-mino-lugo\\\/\"]}]},{\"@type\":\"ImageObject\",\"inLanguage\":\"ca\",\"@id\":\"https:\\\/\\\/www.elturistatranquil.com\\\/ca\\\/monestir-de-san-facundo-de-ribas-do-mino-lugo\\\/#primaryimage\",\"url\":\"https:\\\/\\\/www.elturistatranquil.com\\\/wp-content\\\/uploads\\\/F00-Monasterio-de-San-Facundo-de-Ribas-do-Mi\u00f1o.jpg\",\"contentUrl\":\"https:\\\/\\\/www.elturistatranquil.com\\\/wp-content\\\/uploads\\\/F00-Monasterio-de-San-Facundo-de-Ribas-do-Mi\u00f1o.jpg\",\"width\":800,\"height\":533,\"caption\":\"Monasterio de San Facundo de Ribas do Mi\u00f1o\"},{\"@type\":\"BreadcrumbList\",\"@id\":\"https:\\\/\\\/www.elturistatranquil.com\\\/ca\\\/monestir-de-san-facundo-de-ribas-do-mino-lugo\\\/#breadcrumb\",\"itemListElement\":[{\"@type\":\"ListItem\",\"position\":1,\"name\":\"Portada\",\"item\":\"https:\\\/\\\/www.elturistatranquil.com\\\/ca\\\/\"},{\"@type\":\"ListItem\",\"position\":2,\"name\":\"Monestir de San Facundo de Ribas do Mi\u00f1o (Lugo)\"}]},{\"@type\":\"WebSite\",\"@id\":\"https:\\\/\\\/www.elturistatranquil.com\\\/ca\\\/#website\",\"url\":\"https:\\\/\\\/www.elturistatranquil.com\\\/ca\\\/\",\"name\":\"El turista tranquil\",\"description\":\"Blog de viatges\",\"potentialAction\":[{\"@type\":\"SearchAction\",\"target\":{\"@type\":\"EntryPoint\",\"urlTemplate\":\"https:\\\/\\\/www.elturistatranquil.com\\\/ca\\\/?s={search_term_string}\"},\"query-input\":{\"@type\":\"PropertyValueSpecification\",\"valueRequired\":true,\"valueName\":\"search_term_string\"}}],\"inLanguage\":\"ca\"},{\"@type\":\"Person\",\"@id\":\"https:\\\/\\\/www.elturistatranquil.com\\\/ca\\\/#\\\/schema\\\/person\\\/16f607c3079b96ed0c530a52e6b58bb5\",\"name\":\"admin\",\"image\":{\"@type\":\"ImageObject\",\"inLanguage\":\"ca\",\"@id\":\"https:\\\/\\\/secure.gravatar.com\\\/avatar\\\/1fbaf22aee75fcbb29a2f97b107f95d25d3a19b7c3416105be10269872673e8d?s=96&d=mm&r=g\",\"url\":\"https:\\\/\\\/secure.gravatar.com\\\/avatar\\\/1fbaf22aee75fcbb29a2f97b107f95d25d3a19b7c3416105be10269872673e8d?s=96&d=mm&r=g\",\"contentUrl\":\"https:\\\/\\\/secure.gravatar.com\\\/avatar\\\/1fbaf22aee75fcbb29a2f97b107f95d25d3a19b7c3416105be10269872673e8d?s=96&d=mm&r=g\",\"caption\":\"admin\"}}]}<\/script>\n<!-- \/ Yoast SEO plugin. -->","yoast_head_json":{"title":"Monestir de San Facundo de Ribas do Mi\u00f1o (Lugo) - El turista tranquil","description":"El Monestir de San Facundo de Ribas do Mi\u00f1o, \u00e9s un amagat recinte a la Ribeira Sacra de Lugo. Amb una simplicitat funcional se\u2019l considera el primer exemple de g\u00f2tic peninsular.","robots":{"index":"index","follow":"follow","max-snippet":"max-snippet:-1","max-image-preview":"max-image-preview:large","max-video-preview":"max-video-preview:-1"},"canonical":"https:\/\/www.elturistatranquil.com\/ca\/monestir-de-san-facundo-de-ribas-do-mino-lugo\/","og_locale":"ca_ES","og_type":"article","og_title":"Monestir de San Facundo de Ribas do Mi\u00f1o (Lugo) - El turista tranquil","og_description":"El Monestir de San Facundo de Ribas do Mi\u00f1o, \u00e9s un amagat recinte a la Ribeira Sacra de Lugo. Amb una simplicitat funcional se\u2019l considera el primer exemple de g\u00f2tic peninsular.","og_url":"https:\/\/www.elturistatranquil.com\/ca\/monestir-de-san-facundo-de-ribas-do-mino-lugo\/","og_site_name":"El turista tranquil","article_publisher":"https:\/\/www.facebook.com\/elturistatranquilo\/","article_published_time":"2019-03-09T10:36:13+00:00","article_modified_time":"2019-04-25T16:03:35+00:00","og_image":[{"width":800,"height":533,"url":"https:\/\/www.elturistatranquil.com\/wp-content\/uploads\/F00-Monasterio-de-San-Facundo-de-Ribas-do-Mi\u00f1o.jpg","type":"image\/jpeg"}],"author":"admin","twitter_card":"summary_large_image","twitter_misc":{"Escrit per":"admin","Temps estimat de lectura":"4 minuts"},"schema":{"@context":"https:\/\/schema.org","@graph":[{"@type":"Article","@id":"https:\/\/www.elturistatranquil.com\/ca\/monestir-de-san-facundo-de-ribas-do-mino-lugo\/#article","isPartOf":{"@id":"https:\/\/www.elturistatranquil.com\/ca\/monestir-de-san-facundo-de-ribas-do-mino-lugo\/"},"author":{"name":"admin","@id":"https:\/\/www.elturistatranquil.com\/ca\/#\/schema\/person\/16f607c3079b96ed0c530a52e6b58bb5"},"headline":"Monestir de San Facundo de Ribas do Mi\u00f1o (Lugo)","datePublished":"2019-03-09T10:36:13+00:00","dateModified":"2019-04-25T16:03:35+00:00","mainEntityOfPage":{"@id":"https:\/\/www.elturistatranquil.com\/ca\/monestir-de-san-facundo-de-ribas-do-mino-lugo\/"},"wordCount":832,"commentCount":0,"image":{"@id":"https:\/\/www.elturistatranquil.com\/ca\/monestir-de-san-facundo-de-ribas-do-mino-lugo\/#primaryimage"},"thumbnailUrl":"https:\/\/www.elturistatranquil.com\/wp-content\/uploads\/F00-Monasterio-de-San-Facundo-de-Ribas-do-Mi\u00f1o.jpg","articleSection":["Arquitectura popular","Arquitectura religiosa","Edat mitjana","El Cam\u00ed de Sant Jaume","G\u00f2tic","Joies al territori","Lugo","Monestirs, Catedrals","Paisatge"],"inLanguage":"ca","potentialAction":[{"@type":"CommentAction","name":"Comment","target":["https:\/\/www.elturistatranquil.com\/ca\/monestir-de-san-facundo-de-ribas-do-mino-lugo\/#respond"]}]},{"@type":"WebPage","@id":"https:\/\/www.elturistatranquil.com\/ca\/monestir-de-san-facundo-de-ribas-do-mino-lugo\/","url":"https:\/\/www.elturistatranquil.com\/ca\/monestir-de-san-facundo-de-ribas-do-mino-lugo\/","name":"Monestir de San Facundo de Ribas do Mi\u00f1o (Lugo) - El turista tranquil","isPartOf":{"@id":"https:\/\/www.elturistatranquil.com\/ca\/#website"},"primaryImageOfPage":{"@id":"https:\/\/www.elturistatranquil.com\/ca\/monestir-de-san-facundo-de-ribas-do-mino-lugo\/#primaryimage"},"image":{"@id":"https:\/\/www.elturistatranquil.com\/ca\/monestir-de-san-facundo-de-ribas-do-mino-lugo\/#primaryimage"},"thumbnailUrl":"https:\/\/www.elturistatranquil.com\/wp-content\/uploads\/F00-Monasterio-de-San-Facundo-de-Ribas-do-Mi\u00f1o.jpg","datePublished":"2019-03-09T10:36:13+00:00","dateModified":"2019-04-25T16:03:35+00:00","author":{"@id":"https:\/\/www.elturistatranquil.com\/ca\/#\/schema\/person\/16f607c3079b96ed0c530a52e6b58bb5"},"description":"El Monestir de San Facundo de Ribas do Mi\u00f1o, \u00e9s un amagat recinte a la Ribeira Sacra de Lugo. Amb una simplicitat funcional se\u2019l considera el primer exemple de g\u00f2tic peninsular.","breadcrumb":{"@id":"https:\/\/www.elturistatranquil.com\/ca\/monestir-de-san-facundo-de-ribas-do-mino-lugo\/#breadcrumb"},"inLanguage":"ca","potentialAction":[{"@type":"ReadAction","target":["https:\/\/www.elturistatranquil.com\/ca\/monestir-de-san-facundo-de-ribas-do-mino-lugo\/"]}]},{"@type":"ImageObject","inLanguage":"ca","@id":"https:\/\/www.elturistatranquil.com\/ca\/monestir-de-san-facundo-de-ribas-do-mino-lugo\/#primaryimage","url":"https:\/\/www.elturistatranquil.com\/wp-content\/uploads\/F00-Monasterio-de-San-Facundo-de-Ribas-do-Mi\u00f1o.jpg","contentUrl":"https:\/\/www.elturistatranquil.com\/wp-content\/uploads\/F00-Monasterio-de-San-Facundo-de-Ribas-do-Mi\u00f1o.jpg","width":800,"height":533,"caption":"Monasterio de San Facundo de Ribas do Mi\u00f1o"},{"@type":"BreadcrumbList","@id":"https:\/\/www.elturistatranquil.com\/ca\/monestir-de-san-facundo-de-ribas-do-mino-lugo\/#breadcrumb","itemListElement":[{"@type":"ListItem","position":1,"name":"Portada","item":"https:\/\/www.elturistatranquil.com\/ca\/"},{"@type":"ListItem","position":2,"name":"Monestir de San Facundo de Ribas do Mi\u00f1o (Lugo)"}]},{"@type":"WebSite","@id":"https:\/\/www.elturistatranquil.com\/ca\/#website","url":"https:\/\/www.elturistatranquil.com\/ca\/","name":"El turista tranquil","description":"Blog de viatges","potentialAction":[{"@type":"SearchAction","target":{"@type":"EntryPoint","urlTemplate":"https:\/\/www.elturistatranquil.com\/ca\/?s={search_term_string}"},"query-input":{"@type":"PropertyValueSpecification","valueRequired":true,"valueName":"search_term_string"}}],"inLanguage":"ca"},{"@type":"Person","@id":"https:\/\/www.elturistatranquil.com\/ca\/#\/schema\/person\/16f607c3079b96ed0c530a52e6b58bb5","name":"admin","image":{"@type":"ImageObject","inLanguage":"ca","@id":"https:\/\/secure.gravatar.com\/avatar\/1fbaf22aee75fcbb29a2f97b107f95d25d3a19b7c3416105be10269872673e8d?s=96&d=mm&r=g","url":"https:\/\/secure.gravatar.com\/avatar\/1fbaf22aee75fcbb29a2f97b107f95d25d3a19b7c3416105be10269872673e8d?s=96&d=mm&r=g","contentUrl":"https:\/\/secure.gravatar.com\/avatar\/1fbaf22aee75fcbb29a2f97b107f95d25d3a19b7c3416105be10269872673e8d?s=96&d=mm&r=g","caption":"admin"}}]}},"_links":{"self":[{"href":"https:\/\/www.elturistatranquil.com\/ca\/wp-json\/wp\/v2\/posts\/14138","targetHints":{"allow":["GET"]}}],"collection":[{"href":"https:\/\/www.elturistatranquil.com\/ca\/wp-json\/wp\/v2\/posts"}],"about":[{"href":"https:\/\/www.elturistatranquil.com\/ca\/wp-json\/wp\/v2\/types\/post"}],"author":[{"embeddable":true,"href":"https:\/\/www.elturistatranquil.com\/ca\/wp-json\/wp\/v2\/users\/1"}],"replies":[{"embeddable":true,"href":"https:\/\/www.elturistatranquil.com\/ca\/wp-json\/wp\/v2\/comments?post=14138"}],"version-history":[{"count":0,"href":"https:\/\/www.elturistatranquil.com\/ca\/wp-json\/wp\/v2\/posts\/14138\/revisions"}],"wp:featuredmedia":[{"embeddable":true,"href":"https:\/\/www.elturistatranquil.com\/ca\/wp-json\/wp\/v2\/media\/14139"}],"wp:attachment":[{"href":"https:\/\/www.elturistatranquil.com\/ca\/wp-json\/wp\/v2\/media?parent=14138"}],"wp:term":[{"taxonomy":"category","embeddable":true,"href":"https:\/\/www.elturistatranquil.com\/ca\/wp-json\/wp\/v2\/categories?post=14138"},{"taxonomy":"post_tag","embeddable":true,"href":"https:\/\/www.elturistatranquil.com\/ca\/wp-json\/wp\/v2\/tags?post=14138"}],"curies":[{"name":"wp","href":"https:\/\/api.w.org\/{rel}","templated":true}]}}