{"id":15100,"date":"2019-03-30T09:52:55","date_gmt":"2019-03-30T08:52:55","guid":{"rendered":"https:\/\/www.elturistatranquil.com\/?p=15100"},"modified":"2021-09-01T13:46:27","modified_gmt":"2021-09-01T11:46:27","slug":"hostatgeria-del-monestir-de-poblet-conca-de-barbera","status":"publish","type":"post","link":"https:\/\/www.elturistatranquil.com\/ca\/hostatgeria-del-monestir-de-poblet-conca-de-barbera\/","title":{"rendered":"Hostatgeria del Monestir de Poblet. Conca de Barber\u00e0"},"content":{"rendered":"\t\t<div data-elementor-type=\"wp-post\" data-elementor-id=\"15100\" class=\"elementor elementor-15100 elementor-14960\" data-elementor-post-type=\"post\">\n\t\t\t\t\t\t<section class=\"elementor-section elementor-top-section elementor-element elementor-element-513b4621 elementor-section-boxed elementor-section-height-default elementor-section-height-default\" data-id=\"513b4621\" data-element_type=\"section\" data-e-type=\"section\">\n\t\t\t\t\t\t<div class=\"elementor-container elementor-column-gap-default\">\n\t\t\t\t\t<div class=\"elementor-column elementor-col-100 elementor-top-column elementor-element elementor-element-1df7bf97\" data-id=\"1df7bf97\" data-element_type=\"column\" data-e-type=\"column\">\n\t\t\t<div class=\"elementor-widget-wrap elementor-element-populated\">\n\t\t\t\t\t\t<section class=\"elementor-section elementor-inner-section elementor-element elementor-element-476a3ea2 elementor-section-content-middle elementor-section-boxed elementor-section-height-default elementor-section-height-default\" data-id=\"476a3ea2\" data-element_type=\"section\" data-e-type=\"section\">\n\t\t\t\t\t\t<div class=\"elementor-container elementor-column-gap-default\">\n\t\t\t\t\t<div class=\"elementor-column elementor-col-100 elementor-inner-column elementor-element elementor-element-195990d4\" data-id=\"195990d4\" data-element_type=\"column\" data-e-type=\"column\">\n\t\t\t<div class=\"elementor-widget-wrap elementor-element-populated\">\n\t\t\t\t\t\t<div class=\"elementor-element elementor-element-a4b30ff elementor-widget elementor-widget-text-editor\" data-id=\"a4b30ff\" data-element_type=\"widget\" data-e-type=\"widget\" data-widget_type=\"text-editor.default\">\n\t\t\t\t<div class=\"elementor-widget-container\">\n\t\t\t\t\t\t\t\t\t<p>L<em>a Hostatgeria del Monestir de Poblet<\/em>, a la Conca de Barber\u00e0 (Tarragona) te tots els requisits del concepte de turisme tranquil, en un ambient de serenitat monacal.<\/p>\t\t\t\t\t\t\t\t<\/div>\n\t\t\t\t<\/div>\n\t\t\t\t\t<\/div>\n\t\t<\/div>\n\t\t\t\t\t<\/div>\n\t\t<\/section>\n\t\t\t\t<div class=\"elementor-element elementor-element-7ec05e89 elementor-widget elementor-widget-heading\" data-id=\"7ec05e89\" data-element_type=\"widget\" data-e-type=\"widget\" data-widget_type=\"heading.default\">\n\t\t\t\t<div class=\"elementor-widget-container\">\n\t\t\t\t\t<h1 class=\"elementor-heading-title elementor-size-default\">Hostatgeria del Monestir de Poblet. Conca de Barber\u00e0<\/h1>\t\t\t\t<\/div>\n\t\t\t\t<\/div>\n\t\t\t\t\t<\/div>\n\t\t<\/div>\n\t\t\t\t\t<\/div>\n\t\t<\/section>\n\t\t\t\t<section class=\"elementor-section elementor-top-section elementor-element elementor-element-ff5872c elementor-section-boxed elementor-section-height-default elementor-section-height-default\" data-id=\"ff5872c\" data-element_type=\"section\" data-e-type=\"section\">\n\t\t\t\t\t\t<div class=\"elementor-container elementor-column-gap-default\">\n\t\t\t\t\t<div class=\"elementor-column elementor-col-100 elementor-top-column elementor-element elementor-element-3d4df478\" data-id=\"3d4df478\" data-element_type=\"column\" data-e-type=\"column\">\n\t\t\t<div class=\"elementor-widget-wrap elementor-element-populated\">\n\t\t\t\t\t\t<div class=\"elementor-element elementor-element-66ff837 elementor-widget elementor-widget-image\" data-id=\"66ff837\" data-element_type=\"widget\" data-e-type=\"widget\" data-widget_type=\"image.default\">\n\t\t\t\t<div class=\"elementor-widget-container\">\n\t\t\t\t\t\t\t\t\t\t\t\t<figure class=\"wp-caption\">\n\t\t\t\t\t\t\t\t\t\t<img fetchpriority=\"high\" decoding=\"async\" width=\"800\" height=\"533\" src=\"https:\/\/www.elturistatranquil.com\/wp-content\/uploads\/F01-Hostatgeria-Monestir-de-Poblet-1.jpg\" class=\"attachment-large size-large wp-image-15102\" alt=\"\" srcset=\"https:\/\/www.elturistatranquil.com\/wp-content\/uploads\/F01-Hostatgeria-Monestir-de-Poblet-1.jpg 800w, https:\/\/www.elturistatranquil.com\/wp-content\/uploads\/F01-Hostatgeria-Monestir-de-Poblet-1-768x512.jpg 768w\" sizes=\"(max-width: 800px) 100vw, 800px\" \/>\t\t\t\t\t\t\t\t\t\t\t<figcaption class=\"widget-image-caption wp-caption-text\"><\/figcaption>\n\t\t\t\t\t\t\t\t\t\t<\/figure>\n\t\t\t\t\t\t\t\t\t<\/div>\n\t\t\t\t<\/div>\n\t\t\t\t<div class=\"elementor-element elementor-element-20cecba8 elementor-widget elementor-widget-spacer\" data-id=\"20cecba8\" data-element_type=\"widget\" data-e-type=\"widget\" data-widget_type=\"spacer.default\">\n\t\t\t\t<div class=\"elementor-widget-container\">\n\t\t\t\t\t\t\t<div class=\"elementor-spacer\">\n\t\t\t<div class=\"elementor-spacer-inner\"><\/div>\n\t\t<\/div>\n\t\t\t\t\t\t<\/div>\n\t\t\t\t<\/div>\n\t\t\t\t<div class=\"elementor-element elementor-element-3b794302 elementor-widget elementor-widget-heading\" data-id=\"3b794302\" data-element_type=\"widget\" data-e-type=\"widget\" data-widget_type=\"heading.default\">\n\t\t\t\t<div class=\"elementor-widget-container\">\n\t\t\t\t\t<h2 class=\"elementor-heading-title elementor-size-default\">Hostatgeria del Monestir de Poblet. Conca de Barber\u00e0. Tarragona<\/h2>\t\t\t\t<\/div>\n\t\t\t\t<\/div>\n\t\t\t\t<section class=\"elementor-section elementor-inner-section elementor-element elementor-element-2e13995 elementor-section-boxed elementor-section-height-default elementor-section-height-default\" data-id=\"2e13995\" data-element_type=\"section\" data-e-type=\"section\" data-settings=\"{&quot;background_background&quot;:&quot;classic&quot;}\">\n\t\t\t\t\t\t\t<div class=\"elementor-background-overlay\"><\/div>\n\t\t\t\t\t\t\t<div class=\"elementor-container elementor-column-gap-default\">\n\t\t\t\t\t<div class=\"elementor-column elementor-col-100 elementor-inner-column elementor-element elementor-element-48eb74f7\" data-id=\"48eb74f7\" data-element_type=\"column\" data-e-type=\"column\" data-settings=\"{&quot;background_background&quot;:&quot;classic&quot;}\">\n\t\t\t<div class=\"elementor-widget-wrap elementor-element-populated\">\n\t\t\t\t\t\t<div class=\"elementor-element elementor-element-6765876e elementor-widget elementor-widget-text-editor\" data-id=\"6765876e\" data-element_type=\"widget\" data-e-type=\"widget\" data-widget_type=\"text-editor.default\">\n\t\t\t\t<div class=\"elementor-widget-container\">\n\t\t\t\t\t\t\t\t\t<p>Pla\u00e7a Corona d\u2019Arag\u00f3, 11. 43448 Vimbod\u00ed i Poblet. Comarca: Conca de Barber\u00e0. Prov\u00edncia: Tarragona. Com. Aut\u00f2noma: Catalunya<\/p>\t\t\t\t\t\t\t\t<\/div>\n\t\t\t\t<\/div>\n\t\t\t\t<div class=\"elementor-element elementor-element-3f6c302f elementor-widget elementor-widget-text-editor\" data-id=\"3f6c302f\" data-element_type=\"widget\" data-e-type=\"widget\" data-widget_type=\"text-editor.default\">\n\t\t\t\t<div class=\"elementor-widget-container\">\n\t\t\t\t\t\t\t\t\t<p>Tel: 977 87 12 01. E.Mail: hostatgeria@poblet.cat; restaurantbosseria@poblet.cat<\/p>\t\t\t\t\t\t\t\t<\/div>\n\t\t\t\t<\/div>\n\t\t\t\t<div class=\"elementor-element elementor-element-5ea4eaf elementor-widget elementor-widget-text-editor\" data-id=\"5ea4eaf\" data-element_type=\"widget\" data-e-type=\"widget\" data-widget_type=\"text-editor.default\">\n\t\t\t\t<div class=\"elementor-widget-container\">\n\t\t\t\t\t\t\t\t\t<p>Coordenades: 41\u00b022\u203251\u2033N 1\u00b004\u203257\u2033E. Altitud: 500 msnm<\/p>\t\t\t\t\t\t\t\t<\/div>\n\t\t\t\t<\/div>\n\t\t\t\t<div class=\"elementor-element elementor-element-791c94d6 elementor-widget elementor-widget-text-editor\" data-id=\"791c94d6\" data-element_type=\"widget\" data-e-type=\"widget\" data-widget_type=\"text-editor.default\">\n\t\t\t\t<div class=\"elementor-widget-container\">\n\t\t\t\t\t\t\t\t\t<p>Web: <a href=\"http:\/\/hostatgeriadepoblet.cat\/\" target=\"_blank\" rel=\"noopener\">hostatgeriadepoblet<\/a><\/p>\t\t\t\t\t\t\t\t<\/div>\n\t\t\t\t<\/div>\n\t\t\t\t<div class=\"elementor-element elementor-element-26b08e0b elementor-widget elementor-widget-text-editor\" data-id=\"26b08e0b\" data-element_type=\"widget\" data-e-type=\"widget\" data-widget_type=\"text-editor.default\">\n\t\t\t\t<div class=\"elementor-widget-container\">\n\t\t\t\t\t\t\t\t\t<p>Hostatgeria amb 42 habitacions.<\/p>\t\t\t\t\t\t\t\t<\/div>\n\t\t\t\t<\/div>\n\t\t\t\t<div class=\"elementor-element elementor-element-655ad18 elementor-widget elementor-widget-text-editor\" data-id=\"655ad18\" data-element_type=\"widget\" data-e-type=\"widget\" data-widget_type=\"text-editor.default\">\n\t\t\t\t<div class=\"elementor-widget-container\">\n\t\t\t\t\t\t\t\t\t<p>Estada: 2019<\/p>\t\t\t\t\t\t\t\t<\/div>\n\t\t\t\t<\/div>\n\t\t\t\t\t<\/div>\n\t\t<\/div>\n\t\t\t\t\t<\/div>\n\t\t<\/section>\n\t\t\t\t<div class=\"elementor-element elementor-element-214d5ea9 elementor-widget elementor-widget-image\" data-id=\"214d5ea9\" data-element_type=\"widget\" data-e-type=\"widget\" data-widget_type=\"image.default\">\n\t\t\t\t<div class=\"elementor-widget-container\">\n\t\t\t\t\t\t\t\t\t\t\t\t<figure class=\"wp-caption\">\n\t\t\t\t\t\t\t\t\t\t<img decoding=\"async\" width=\"768\" height=\"511\" src=\"https:\/\/www.elturistatranquil.com\/wp-content\/uploads\/F02-Situaci\u00f3-del-Monestir-de-Poblet-Google-maps-2019-03-05-1-768x511.jpg\" class=\"attachment-medium_large size-medium_large wp-image-15104\" alt=\"\" srcset=\"https:\/\/www.elturistatranquil.com\/wp-content\/uploads\/F02-Situaci\u00f3-del-Monestir-de-Poblet-Google-maps-2019-03-05-1-768x511.jpg 768w, https:\/\/www.elturistatranquil.com\/wp-content\/uploads\/F02-Situaci\u00f3-del-Monestir-de-Poblet-Google-maps-2019-03-05-1.jpg 800w\" sizes=\"(max-width: 768px) 100vw, 768px\" \/>\t\t\t\t\t\t\t\t\t\t\t<figcaption class=\"widget-image-caption wp-caption-text\">Mapa de situaci\u00f3 de la Hostatgeria de Poblet (Google maps 2019-03-26)<\/figcaption>\n\t\t\t\t\t\t\t\t\t\t<\/figure>\n\t\t\t\t\t\t\t\t\t<\/div>\n\t\t\t\t<\/div>\n\t\t\t\t<section class=\"elementor-section elementor-inner-section elementor-element elementor-element-422c23a2 elementor-section-boxed elementor-section-height-default elementor-section-height-default\" data-id=\"422c23a2\" data-element_type=\"section\" data-e-type=\"section\" data-settings=\"{&quot;background_background&quot;:&quot;classic&quot;}\">\n\t\t\t\t\t\t<div class=\"elementor-container elementor-column-gap-default\">\n\t\t\t\t\t<div class=\"elementor-column elementor-col-100 elementor-inner-column elementor-element elementor-element-7ba8b2bd\" data-id=\"7ba8b2bd\" data-element_type=\"column\" data-e-type=\"column\">\n\t\t\t<div class=\"elementor-widget-wrap elementor-element-populated\">\n\t\t\t\t\t\t<div class=\"elementor-element elementor-element-4a766da elementor-widget elementor-widget-text-editor\" data-id=\"4a766da\" data-element_type=\"widget\" data-e-type=\"widget\" data-widget_type=\"text-editor.default\">\n\t\t\t\t<div class=\"elementor-widget-container\">\n\t\t\t\t\t\t\t\t\t<h6>\u00cdndex<\/h6>\t\t\t\t\t\t\t\t<\/div>\n\t\t\t\t<\/div>\n\t\t\t\t<div class=\"elementor-element elementor-element-78f951bf elementor-widget elementor-widget-text-editor\" data-id=\"78f951bf\" data-element_type=\"widget\" data-e-type=\"widget\" data-widget_type=\"text-editor.default\">\n\t\t\t\t<div class=\"elementor-widget-container\">\n\t\t\t\t\t\t\t\t\t<p><a href=\"https:\/\/www.elturistatranquil.com\/ca\/hostatgeria-del-monestir-de-poblet-conca-de-barbera\/#a0901\">Hostatgeria del Monestir de Poblet. Conca de Barber\u00e0. Tarragona<\/a><\/p>\t\t\t\t\t\t\t\t<\/div>\n\t\t\t\t<\/div>\n\t\t\t\t<div class=\"elementor-element elementor-element-6c28b4b8 elementor-widget elementor-widget-text-editor\" data-id=\"6c28b4b8\" data-element_type=\"widget\" data-e-type=\"widget\" data-widget_type=\"text-editor.default\">\n\t\t\t\t<div class=\"elementor-widget-container\">\n\t\t\t\t\t\t\t\t\t<p><a href=\"https:\/\/www.elturistatranquil.com\/ca\/hostatgeria-del-monestir-de-poblet-conca-de-barbera\/#a0902\">Elecci\u00f3 de la sortida<\/a><\/p>\t\t\t\t\t\t\t\t<\/div>\n\t\t\t\t<\/div>\n\t\t\t\t<div class=\"elementor-element elementor-element-4dbb26b1 elementor-widget elementor-widget-text-editor\" data-id=\"4dbb26b1\" data-element_type=\"widget\" data-e-type=\"widget\" data-widget_type=\"text-editor.default\">\n\t\t\t\t<div class=\"elementor-widget-container\">\n\t\t\t\t\t\t\t\t\t<p><a href=\"https:\/\/www.elturistatranquil.com\/ca\/hostatgeria-del-monestir-de-poblet-conca-de-barbera\/#a0903\">L\u2019Allotjament: Hostatgeria del Monestir de Poblet<\/a><\/p>\t\t\t\t\t\t\t\t<\/div>\n\t\t\t\t<\/div>\n\t\t\t\t<div class=\"elementor-element elementor-element-12d331cb elementor-widget elementor-widget-text-editor\" data-id=\"12d331cb\" data-element_type=\"widget\" data-e-type=\"widget\" data-widget_type=\"text-editor.default\">\n\t\t\t\t<div class=\"elementor-widget-container\">\n\t\t\t\t\t\t\t\t\t<p style=\"padding-left: 80px;\"><a href=\"https:\/\/www.elturistatranquil.com\/ca\/hostatgeria-del-monestir-de-poblet-conca-de-barbera\/#a0904\">Un ambient de serenitat<\/a><\/p>\t\t\t\t\t\t\t\t<\/div>\n\t\t\t\t<\/div>\n\t\t\t\t<div class=\"elementor-element elementor-element-2de30f6a elementor-widget elementor-widget-text-editor\" data-id=\"2de30f6a\" data-element_type=\"widget\" data-e-type=\"widget\" data-widget_type=\"text-editor.default\">\n\t\t\t\t<div class=\"elementor-widget-container\">\n\t\t\t\t\t\t\t\t\t<p><a href=\"https:\/\/www.elturistatranquil.com\/ca\/hostatgeria-del-monestir-de-poblet-conca-de-barbera\/#a0905\">Propostes de sortides i activitats<\/a><\/p>\t\t\t\t\t\t\t\t<\/div>\n\t\t\t\t<\/div>\n\t\t\t\t<div class=\"elementor-element elementor-element-2e7dd761 elementor-widget elementor-widget-text-editor\" data-id=\"2e7dd761\" data-element_type=\"widget\" data-e-type=\"widget\" data-widget_type=\"text-editor.default\">\n\t\t\t\t<div class=\"elementor-widget-container\">\n\t\t\t\t\t\t\t\t\t<p><a href=\"https:\/\/www.elturistatranquil.com\/ca\/hostatgeria-del-monestir-de-poblet-conca-de-barbera\/#a0906\">Per l\u2019entorn<\/a><\/p>\t\t\t\t\t\t\t\t<\/div>\n\t\t\t\t<\/div>\n\t\t\t\t<div class=\"elementor-element elementor-element-1f244a88 elementor-widget elementor-widget-text-editor\" data-id=\"1f244a88\" data-element_type=\"widget\" data-e-type=\"widget\" data-widget_type=\"text-editor.default\">\n\t\t\t\t<div class=\"elementor-widget-container\">\n\t\t\t\t\t\t\t\t\t<p style=\"padding-left: 80px;\"><a href=\"https:\/\/www.elturistatranquil.com\/ca\/hostatgeria-del-monestir-de-poblet-conca-de-barbera\/#a0907\">Passejada pel recinte del Monestir i l\u2019Esgl\u00e9sia<\/a><\/p>\t\t\t\t\t\t\t\t<\/div>\n\t\t\t\t<\/div>\n\t\t\t\t<div class=\"elementor-element elementor-element-23c50527 elementor-widget elementor-widget-text-editor\" data-id=\"23c50527\" data-element_type=\"widget\" data-e-type=\"widget\" data-widget_type=\"text-editor.default\">\n\t\t\t\t<div class=\"elementor-widget-container\">\n\t\t\t\t\t\t\t\t\t<p style=\"padding-left: 80px;\"><a href=\"https:\/\/www.elturistatranquil.com\/ca\/hostatgeria-del-monestir-de-poblet-conca-de-barbera\/#a0908\">Visita al Monestir<\/a><\/p>\t\t\t\t\t\t\t\t<\/div>\n\t\t\t\t<\/div>\n\t\t\t\t<div class=\"elementor-element elementor-element-164e79b2 elementor-widget elementor-widget-text-editor\" data-id=\"164e79b2\" data-element_type=\"widget\" data-e-type=\"widget\" data-widget_type=\"text-editor.default\">\n\t\t\t\t<div class=\"elementor-widget-container\">\n\t\t\t\t\t\t\t\t\t<p style=\"padding-left: 80px;\"><a href=\"https:\/\/www.elturistatranquil.com\/ca\/hostatgeria-del-monestir-de-poblet-conca-de-barbera\/#a0909\">Passejar per l\u2019entorn del Monestir<\/a><\/p>\t\t\t\t\t\t\t\t<\/div>\n\t\t\t\t<\/div>\n\t\t\t\t<div class=\"elementor-element elementor-element-51a7a5e elementor-widget elementor-widget-text-editor\" data-id=\"51a7a5e\" data-element_type=\"widget\" data-e-type=\"widget\" data-widget_type=\"text-editor.default\">\n\t\t\t\t<div class=\"elementor-widget-container\">\n\t\t\t\t\t\t\t\t\t<p style=\"padding-left: 80px;\"><a href=\"https:\/\/www.elturistatranquil.com\/ca\/hostatgeria-del-monestir-de-poblet-conca-de-barbera\/#a0910\">Rutes pel Paratge Natural de Poblet<\/a><\/p>\t\t\t\t\t\t\t\t<\/div>\n\t\t\t\t<\/div>\n\t\t\t\t<div class=\"elementor-element elementor-element-def4240 elementor-widget elementor-widget-text-editor\" data-id=\"def4240\" data-element_type=\"widget\" data-e-type=\"widget\" data-widget_type=\"text-editor.default\">\n\t\t\t\t<div class=\"elementor-widget-container\">\n\t\t\t\t\t\t\t\t\t<p style=\"padding-left: 80px;\"><a href=\"https:\/\/www.elturistatranquil.com\/ca\/hostatgeria-del-monestir-de-poblet-conca-de-barbera\/#a0911\">Visita a Vimbod\u00ed. Museu del Vidre<\/a><\/p>\t\t\t\t\t\t\t\t<\/div>\n\t\t\t\t<\/div>\n\t\t\t\t<div class=\"elementor-element elementor-element-bedbfc5 elementor-widget elementor-widget-text-editor\" data-id=\"bedbfc5\" data-element_type=\"widget\" data-e-type=\"widget\" data-widget_type=\"text-editor.default\">\n\t\t\t\t<div class=\"elementor-widget-container\">\n\t\t\t\t\t\t\t\t\t<p><a href=\"https:\/\/www.elturistatranquil.com\/ca\/hostatgeria-del-monestir-de-poblet-conca-de-barbera\/#a0912\">Sortides de mitja jornada<\/a><\/p>\t\t\t\t\t\t\t\t<\/div>\n\t\t\t\t<\/div>\n\t\t\t\t<div class=\"elementor-element elementor-element-5afcf9ef elementor-widget elementor-widget-text-editor\" data-id=\"5afcf9ef\" data-element_type=\"widget\" data-e-type=\"widget\" data-widget_type=\"text-editor.default\">\n\t\t\t\t<div class=\"elementor-widget-container\">\n\t\t\t\t\t\t\t\t\t<p style=\"padding-left: 80px;\"><a href=\"https:\/\/www.elturistatranquil.com\/ca\/hostatgeria-del-monestir-de-poblet-conca-de-barbera\/#a0913\">L&#8217;Espluga de Francol\u00ed<\/a><\/p>\t\t\t\t\t\t\t\t<\/div>\n\t\t\t\t<\/div>\n\t\t\t\t<div class=\"elementor-element elementor-element-47131939 elementor-widget elementor-widget-text-editor\" data-id=\"47131939\" data-element_type=\"widget\" data-e-type=\"widget\" data-widget_type=\"text-editor.default\">\n\t\t\t\t<div class=\"elementor-widget-container\">\n\t\t\t\t\t\t\t\t\t<p style=\"padding-left: 80px;\"><a href=\"https:\/\/www.elturistatranquil.com\/ca\/hostatgeria-del-monestir-de-poblet-conca-de-barbera\/#a0914\">Montblanc<\/a><\/p>\t\t\t\t\t\t\t\t<\/div>\n\t\t\t\t<\/div>\n\t\t\t\t<div class=\"elementor-element elementor-element-5454d781 elementor-widget elementor-widget-text-editor\" data-id=\"5454d781\" data-element_type=\"widget\" data-e-type=\"widget\" data-widget_type=\"text-editor.default\">\n\t\t\t\t<div class=\"elementor-widget-container\">\n\t\t\t\t\t\t\t\t\t<p><a href=\"https:\/\/www.elturistatranquil.com\/ca\/hostatgeria-del-monestir-de-poblet-conca-de-barbera\/#a0915\">Sortides de jornada completa<\/a><\/p>\t\t\t\t\t\t\t\t<\/div>\n\t\t\t\t<\/div>\n\t\t\t\t<div class=\"elementor-element elementor-element-6aeed77b elementor-widget elementor-widget-text-editor\" data-id=\"6aeed77b\" data-element_type=\"widget\" data-e-type=\"widget\" data-widget_type=\"text-editor.default\">\n\t\t\t\t<div class=\"elementor-widget-container\">\n\t\t\t\t\t\t\t\t\t<p style=\"padding-left: 80px;\"><a href=\"https:\/\/www.elturistatranquil.com\/ca\/hostatgeria-del-monestir-de-poblet-conca-de-barbera\/#a0916\">Ruta per Prades &#8211; Cornudella de Montsant \u2013 Siurana \u2013 Albarca \u2013 Ulldemolins \u2013 Vilanova de Prades<\/a><\/p>\t\t\t\t\t\t\t\t<\/div>\n\t\t\t\t<\/div>\n\t\t\t\t<div class=\"elementor-element elementor-element-34995c15 elementor-widget elementor-widget-text-editor\" data-id=\"34995c15\" data-element_type=\"widget\" data-e-type=\"widget\" data-widget_type=\"text-editor.default\">\n\t\t\t\t<div class=\"elementor-widget-container\">\n\t\t\t\t\t\t\t\t\t<p style=\"padding-left: 80px;\"><a href=\"https:\/\/www.elturistatranquil.com\/ca\/hostatgeria-del-monestir-de-poblet-conca-de-barbera\/#a0917\">Una volta per Cellers Modernistes<\/a><\/p>\t\t\t\t\t\t\t\t<\/div>\n\t\t\t\t<\/div>\n\t\t\t\t<div class=\"elementor-element elementor-element-294b4f78 elementor-widget elementor-widget-menu-anchor\" data-id=\"294b4f78\" data-element_type=\"widget\" data-e-type=\"widget\" data-widget_type=\"menu-anchor.default\">\n\t\t\t\t<div class=\"elementor-widget-container\">\n\t\t\t\t\t\t\t<div class=\"elementor-menu-anchor\" id=\"a0901\"><\/div>\n\t\t\t\t\t\t<\/div>\n\t\t\t\t<\/div>\n\t\t\t\t<div class=\"elementor-element elementor-element-99f324b elementor-widget elementor-widget-text-editor\" data-id=\"99f324b\" data-element_type=\"widget\" data-e-type=\"widget\" data-widget_type=\"text-editor.default\">\n\t\t\t\t<div class=\"elementor-widget-container\">\n\t\t\t\t\t\t\t\t\t<p style=\"padding-left: 80px;\"><a href=\"https:\/\/www.elturistatranquil.com\/ca\/hostatgeria-del-monestir-de-poblet-conca-de-barbera\/#a0918\">Els altres Monestirs al territori<\/a><\/p>\t\t\t\t\t\t\t\t<\/div>\n\t\t\t\t<\/div>\n\t\t\t\t<div class=\"elementor-element elementor-element-5554d2ee elementor-widget elementor-widget-text-editor\" data-id=\"5554d2ee\" data-element_type=\"widget\" data-e-type=\"widget\" data-widget_type=\"text-editor.default\">\n\t\t\t\t<div class=\"elementor-widget-container\">\n\t\t\t\t\t\t\t\t\t<p style=\"padding-left: 80px;\"><a href=\"https:\/\/www.elturistatranquil.com\/ca\/hostatgeria-del-monestir-de-poblet-conca-de-barbera\/#a0919\">Un d\u00eda a Tarragona<\/a><\/p>\t\t\t\t\t\t\t\t<\/div>\n\t\t\t\t<\/div>\n\t\t\t\t<div class=\"elementor-element elementor-element-2f5cc92c elementor-widget elementor-widget-text-editor\" data-id=\"2f5cc92c\" data-element_type=\"widget\" data-e-type=\"widget\" data-widget_type=\"text-editor.default\">\n\t\t\t\t<div class=\"elementor-widget-container\">\n\t\t\t\t\t\t\t\t\t<p style=\"padding-left: 80px;\"><a href=\"https:\/\/www.elturistatranquil.com\/ca\/hostatgeria-del-monestir-de-poblet-conca-de-barbera\/#a0920\">Un d\u00eda a Reus i Valls<\/a><\/p>\t\t\t\t\t\t\t\t<\/div>\n\t\t\t\t<\/div>\n\t\t\t\t<div class=\"elementor-element elementor-element-710599de elementor-widget elementor-widget-text-editor\" data-id=\"710599de\" data-element_type=\"widget\" data-e-type=\"widget\" data-widget_type=\"text-editor.default\">\n\t\t\t\t<div class=\"elementor-widget-container\">\n\t\t\t\t\t\t\t\t\t<p><a href=\"https:\/\/www.elturistatranquil.com\/ca\/hostatgeria-del-monestir-de-poblet-conca-de-barbera\/#a0921\">Fi de la sortida: El retorn<\/a><\/p>\t\t\t\t\t\t\t\t<\/div>\n\t\t\t\t<\/div>\n\t\t\t\t\t<\/div>\n\t\t<\/div>\n\t\t\t\t\t<\/div>\n\t\t<\/section>\n\t\t\t\t<div class=\"elementor-element elementor-element-b990dab elementor-widget elementor-widget-spacer\" data-id=\"b990dab\" data-element_type=\"widget\" data-e-type=\"widget\" data-widget_type=\"spacer.default\">\n\t\t\t\t<div class=\"elementor-widget-container\">\n\t\t\t\t\t\t\t<div class=\"elementor-spacer\">\n\t\t\t<div class=\"elementor-spacer-inner\"><\/div>\n\t\t<\/div>\n\t\t\t\t\t\t<\/div>\n\t\t\t\t<\/div>\n\t\t\t\t<div class=\"elementor-element elementor-element-593887c4 elementor-widget elementor-widget-heading\" data-id=\"593887c4\" data-element_type=\"widget\" data-e-type=\"widget\" data-widget_type=\"heading.default\">\n\t\t\t\t<div class=\"elementor-widget-container\">\n\t\t\t\t\t<h2 class=\"elementor-heading-title elementor-size-default\">Hostatgeria del Monestir de Poblet. Conca de Barber\u00e0. Tarragona<\/h2>\t\t\t\t<\/div>\n\t\t\t\t<\/div>\n\t\t\t\t<div class=\"elementor-element elementor-element-42104683 elementor-widget elementor-widget-menu-anchor\" data-id=\"42104683\" data-element_type=\"widget\" data-e-type=\"widget\" data-widget_type=\"menu-anchor.default\">\n\t\t\t\t<div class=\"elementor-widget-container\">\n\t\t\t\t\t\t\t<div class=\"elementor-menu-anchor\" id=\"a0902\"><\/div>\n\t\t\t\t\t\t<\/div>\n\t\t\t\t<\/div>\n\t\t\t\t<div class=\"elementor-element elementor-element-7a40f0dd elementor-widget elementor-widget-text-editor\" data-id=\"7a40f0dd\" data-element_type=\"widget\" data-e-type=\"widget\" data-widget_type=\"text-editor.default\">\n\t\t\t\t<div class=\"elementor-widget-container\">\n\t\t\t\t\t\t\t\t\t<p>Les terres del Cister a la prov\u00edncia de Tarragona, a la Conca de Barber\u00e0, son el territori triat per aquesta sortida. La vinya, l\u2019olivera i la muntanya formaran l\u2019entorn del paisatge que van ocupar i que van adaptar els monjos des de l\u2019Edat Mitjana, i en el que encara i perviuen.<\/p><p>Amb un sentit actual de l\u2019acolliment, els monjos han creat una moderna <strong>Hostatgeria del Monestir de Poblet<\/strong>, que permet a homes, i tamb\u00e9 dones, participar en certa mesura de l\u2019esperit d\u2019un recinte monacal, amb totes les comoditats i llibertat de moviments d\u2019una instal\u00b7laci\u00f3 hotelera moderna.<\/p><p>Tinguis en compte que a l\u2019hostatgeria de l\u2019interior del recinte monacal nom\u00e9s hi poden accedir homes<\/p>\t\t\t\t\t\t\t\t<\/div>\n\t\t\t\t<\/div>\n\t\t\t\t<div class=\"elementor-element elementor-element-2ddff071 elementor-widget elementor-widget-heading\" data-id=\"2ddff071\" data-element_type=\"widget\" data-e-type=\"widget\" data-widget_type=\"heading.default\">\n\t\t\t\t<div class=\"elementor-widget-container\">\n\t\t\t\t\t<h2 class=\"elementor-heading-title elementor-size-default\">Elecci\u00f3 de la sortida<\/h2>\t\t\t\t<\/div>\n\t\t\t\t<\/div>\n\t\t\t\t<div class=\"elementor-element elementor-element-59599f5c elementor-widget elementor-widget-text-editor\" data-id=\"59599f5c\" data-element_type=\"widget\" data-e-type=\"widget\" data-widget_type=\"text-editor.default\">\n\t\t\t\t<div class=\"elementor-widget-container\">\n\t\t\t\t\t\t\t\t\t<p>La primera vegada que em vaig hostatjar al Monestir de Poblet, ja fa molts anys, va ser a la hostatgeria interior del Monestir, nom\u00e9s per a homes. Hav\u00edem fet una caminada de sis o set hores, amb el cansament corresponent. A l\u2019arribar i demanar allotjament ens van pregar que esper\u00e9ssim en el claustre mentre acabava el sopar dels monjos. Era ple estiu i, amb el cansament i la calor, l\u2019estona que v\u00e0rem restar al claustre, amb la fresca, la remor de l\u2019aigua al l<em>avatorium<\/em>, els refilets dels ocells, i la claror del dia que anava minvant, va fer que aquella estona qued\u00e9s en el meu record com un moment meravell\u00f3s i inoblidable de pau y benestar. Vaig tornar en una altre ocasi\u00f3 a l\u2019hostatgeria a la recerca de serenitat.<\/p>\t\t\t\t\t\t\t\t<\/div>\n\t\t\t\t<\/div>\n\t\t\t\t<div class=\"elementor-element elementor-element-467e3978 elementor-widget elementor-widget-menu-anchor\" data-id=\"467e3978\" data-element_type=\"widget\" data-e-type=\"widget\" data-widget_type=\"menu-anchor.default\">\n\t\t\t\t<div class=\"elementor-widget-container\">\n\t\t\t\t\t\t\t<div class=\"elementor-menu-anchor\" id=\"a0903\"><\/div>\n\t\t\t\t\t\t<\/div>\n\t\t\t\t<\/div>\n\t\t\t\t<div class=\"elementor-element elementor-element-6b9d039e elementor-widget elementor-widget-text-editor\" data-id=\"6b9d039e\" data-element_type=\"widget\" data-e-type=\"widget\" data-widget_type=\"text-editor.default\">\n\t\t\t\t<div class=\"elementor-widget-container\">\n\t\t\t\t\t\t\t\t\t<p>L\u2019any 2010 els monjos van obrir una hostatgeria per a tots el p\u00fablics fora del recinte monacal estricte, en el mateix indret en que havia estat la hostatgeria hist\u00f2rica.<\/p><p>Em vaig dir que algun dia hi aniria a allotjar-me, i aquesta ha estat la ocasi\u00f3.<\/p><p>A la <strong>Hostatgeria del Monestir de Poblet<\/strong>\u00a0 em trobo en un ambient en el que la tranquil\u00b7litat t\u00e9 una de les seves raons d\u2019\u00e9sser.<\/p>\t\t\t\t\t\t\t\t<\/div>\n\t\t\t\t<\/div>\n\t\t\t\t<div class=\"elementor-element elementor-element-5ec527e0 elementor-widget elementor-widget-heading\" data-id=\"5ec527e0\" data-element_type=\"widget\" data-e-type=\"widget\" data-widget_type=\"heading.default\">\n\t\t\t\t<div class=\"elementor-widget-container\">\n\t\t\t\t\t<h2 class=\"elementor-heading-title elementor-size-default\">L\u2019allotjament: Hostatgeria del Monestir de Poblet<\/h2>\t\t\t\t<\/div>\n\t\t\t\t<\/div>\n\t\t\t\t<div class=\"elementor-element elementor-element-b2e52de elementor-widget elementor-widget-text-editor\" data-id=\"b2e52de\" data-element_type=\"widget\" data-e-type=\"widget\" data-widget_type=\"text-editor.default\">\n\t\t\t\t<div class=\"elementor-widget-container\">\n\t\t\t\t\t\t\t\t\t<p>L\u2019Hostatgeria est\u00e0 situada a l\u2019interior del segon recinte del Monestir. El tercer recinte ja correspon al pr\u00f2piament monacal.<\/p><p>Situat al costat esquerra, l\u2019edifici es una construcci\u00f3 actual en el mateix lloc on s\u2019aixecava en el segle XIII l\u2019antic hospital de pobres i peregrins.<\/p>\t\t\t\t\t\t\t\t<\/div>\n\t\t\t\t<\/div>\n\t\t\t\t<div class=\"elementor-element elementor-element-4b6a6500 elementor-widget elementor-widget-image\" data-id=\"4b6a6500\" data-element_type=\"widget\" data-e-type=\"widget\" data-widget_type=\"image.default\">\n\t\t\t\t<div class=\"elementor-widget-container\">\n\t\t\t\t\t\t\t\t\t\t\t\t<figure class=\"wp-caption\">\n\t\t\t\t\t\t\t\t\t\t<img decoding=\"async\" width=\"800\" height=\"533\" src=\"https:\/\/www.elturistatranquil.com\/wp-content\/uploads\/F03-Hostatgeria-Monestir-de-Poblet-1.jpg\" class=\"attachment-large size-large wp-image-15106\" alt=\"\" srcset=\"https:\/\/www.elturistatranquil.com\/wp-content\/uploads\/F03-Hostatgeria-Monestir-de-Poblet-1.jpg 800w, https:\/\/www.elturistatranquil.com\/wp-content\/uploads\/F03-Hostatgeria-Monestir-de-Poblet-1-768x512.jpg 768w\" sizes=\"(max-width: 800px) 100vw, 800px\" \/>\t\t\t\t\t\t\t\t\t\t\t<figcaption class=\"widget-image-caption wp-caption-text\"><\/figcaption>\n\t\t\t\t\t\t\t\t\t\t<\/figure>\n\t\t\t\t\t\t\t\t\t<\/div>\n\t\t\t\t<\/div>\n\t\t\t\t<div class=\"elementor-element elementor-element-31a0b170 elementor-widget elementor-widget-text-editor\" data-id=\"31a0b170\" data-element_type=\"widget\" data-e-type=\"widget\" data-widget_type=\"text-editor.default\">\n\t\t\t\t<div class=\"elementor-widget-container\">\n\t\t\t\t\t\t\t\t\t<p>L\u2019Edifici \u00e9s annex a la <strong>Capella rom\u00e0nica de Santa Caterina<\/strong>, que sempre est\u00e0 oberta com espai de pregaria.<\/p><p>L\u2019acoblament amb una entrada de murs de base originals, est\u00e0 feta amb carreus llisos de pedra sorrenca del mateix tipus, per\u00f2 treballats amb les t\u00e8cniques actuals format parets completament llises amb obertures en forma rectangular per les finestres.<\/p><p>El marc d\u2019una entrada al restaurant o d\u2019algunes finestres han estat recuperats i clarament emmarcats en l\u2019estructura general.<\/p><p>Trobo que ha estat un encert construir aquest edifici neutre de l\u00ednies i materials respectu\u00f3s amb el conjunt, per\u00f2 amb la personalitat arquitect\u00f2nica del segle XXI.<\/p><p>En aquest sentit, valoro\u00a0 que aquesta edificaci\u00f3 participi de l\u2019esperit amb que s\u2019han anat construint al llarg del segles aquest tipus de complexos arquitect\u00f2nics.<\/p>\t\t\t\t\t\t\t\t<\/div>\n\t\t\t\t<\/div>\n\t\t\t\t<div class=\"elementor-element elementor-element-66a59351 elementor-widget elementor-widget-menu-anchor\" data-id=\"66a59351\" data-element_type=\"widget\" data-e-type=\"widget\" data-widget_type=\"menu-anchor.default\">\n\t\t\t\t<div class=\"elementor-widget-container\">\n\t\t\t\t\t\t\t<div class=\"elementor-menu-anchor\" id=\"a0904\"><\/div>\n\t\t\t\t\t\t<\/div>\n\t\t\t\t<\/div>\n\t\t\t\t<div class=\"elementor-element elementor-element-2cf71613 elementor-widget elementor-widget-text-editor\" data-id=\"2cf71613\" data-element_type=\"widget\" data-e-type=\"widget\" data-widget_type=\"text-editor.default\">\n\t\t\t\t<div class=\"elementor-widget-container\">\n\t\t\t\t\t\t\t\t\t<p>Si van arrencar al segle XII amb una arquitectura de transici\u00f3 rom\u00e0nic-g\u00f2tica, posteriorment si van afegir elements i edificacions constru\u00efdes amb l\u2019estil de la seva respectiva \u00e8poca -renaixement, barroc-, \u00e9s coherent que una aportaci\u00f3 del segle XXI ho hagi estat en l\u2019estil actual, per\u00f2 respectu\u00f3s amb mantenir una cohesi\u00f3 hist\u00f2rica amb tot el conjunt.<\/p><p>L\u2019entrada a l\u2019Hostatgeria reflexa la s\u00edntesi d\u2019aquest esperit.<\/p>\t\t\t\t\t\t\t\t<\/div>\n\t\t\t\t<\/div>\n\t\t\t\t<div class=\"elementor-element elementor-element-5139c27e elementor-widget elementor-widget-heading\" data-id=\"5139c27e\" data-element_type=\"widget\" data-e-type=\"widget\" data-widget_type=\"heading.default\">\n\t\t\t\t<div class=\"elementor-widget-container\">\n\t\t\t\t\t<h3 class=\"elementor-heading-title elementor-size-default\">Un ambient de serenitat<\/h3>\t\t\t\t<\/div>\n\t\t\t\t<\/div>\n\t\t\t\t<div class=\"elementor-element elementor-element-13ac8a04 elementor-widget elementor-widget-text-editor\" data-id=\"13ac8a04\" data-element_type=\"widget\" data-e-type=\"widget\" data-widget_type=\"text-editor.default\">\n\t\t\t\t<div class=\"elementor-widget-container\">\n\t\t\t\t\t\t\t\t\t<p>S\u2019entra per un recinte cobert sobre dos arcs originals al front i a l\u2019esquerra, i al fons una portalada rom\u00e0nica, mentre que a la dreta es situa la portalada rom\u00e0nica d\u2019acc\u00e9s a la Capella de Santa Caterina.<\/p><p>Retingueu la imatge de la finestra situada sobre la porta d\u2019entrada.<\/p>\t\t\t\t\t\t\t\t<\/div>\n\t\t\t\t<\/div>\n\t\t\t\t<div class=\"elementor-element elementor-element-b7b9566 elementor-widget elementor-widget-image\" data-id=\"b7b9566\" data-element_type=\"widget\" data-e-type=\"widget\" data-widget_type=\"image.default\">\n\t\t\t\t<div class=\"elementor-widget-container\">\n\t\t\t\t\t\t\t\t\t\t\t\t<figure class=\"wp-caption\">\n\t\t\t\t\t\t\t\t\t\t<img loading=\"lazy\" decoding=\"async\" width=\"800\" height=\"533\" src=\"https:\/\/www.elturistatranquil.com\/wp-content\/uploads\/F04-Hostatgeria-Monestir-de-Poblet-1.jpg\" class=\"attachment-large size-large wp-image-15108\" alt=\"\" srcset=\"https:\/\/www.elturistatranquil.com\/wp-content\/uploads\/F04-Hostatgeria-Monestir-de-Poblet-1.jpg 800w, https:\/\/www.elturistatranquil.com\/wp-content\/uploads\/F04-Hostatgeria-Monestir-de-Poblet-1-768x512.jpg 768w\" sizes=\"(max-width: 800px) 100vw, 800px\" \/>\t\t\t\t\t\t\t\t\t\t\t<figcaption class=\"widget-image-caption wp-caption-text\"><\/figcaption>\n\t\t\t\t\t\t\t\t\t\t<\/figure>\n\t\t\t\t\t\t\t\t\t<\/div>\n\t\t\t\t<\/div>\n\t\t\t\t<div class=\"elementor-element elementor-element-28cf64cf elementor-widget elementor-widget-image\" data-id=\"28cf64cf\" data-element_type=\"widget\" data-e-type=\"widget\" data-widget_type=\"image.default\">\n\t\t\t\t<div class=\"elementor-widget-container\">\n\t\t\t\t\t\t\t\t\t\t\t\t<figure class=\"wp-caption\">\n\t\t\t\t\t\t\t\t\t\t<img loading=\"lazy\" decoding=\"async\" width=\"800\" height=\"533\" src=\"https:\/\/www.elturistatranquil.com\/wp-content\/uploads\/F05-Hostatgeria-Monestir-de-Poblet-1.jpg\" class=\"attachment-large size-large wp-image-15110\" alt=\"\" srcset=\"https:\/\/www.elturistatranquil.com\/wp-content\/uploads\/F05-Hostatgeria-Monestir-de-Poblet-1.jpg 800w, https:\/\/www.elturistatranquil.com\/wp-content\/uploads\/F05-Hostatgeria-Monestir-de-Poblet-1-768x512.jpg 768w\" sizes=\"(max-width: 800px) 100vw, 800px\" \/>\t\t\t\t\t\t\t\t\t\t\t<figcaption class=\"widget-image-caption wp-caption-text\"><\/figcaption>\n\t\t\t\t\t\t\t\t\t\t<\/figure>\n\t\t\t\t\t\t\t\t\t<\/div>\n\t\t\t\t<\/div>\n\t\t\t\t<div class=\"elementor-element elementor-element-7065536 elementor-widget elementor-widget-image\" data-id=\"7065536\" data-element_type=\"widget\" data-e-type=\"widget\" data-widget_type=\"image.default\">\n\t\t\t\t<div class=\"elementor-widget-container\">\n\t\t\t\t\t\t\t\t\t\t\t\t<figure class=\"wp-caption\">\n\t\t\t\t\t\t\t\t\t\t<img loading=\"lazy\" decoding=\"async\" width=\"800\" height=\"533\" src=\"https:\/\/www.elturistatranquil.com\/wp-content\/uploads\/F06-Capella-de-Santa-Caterina-1.jpg\" class=\"attachment-large size-large wp-image-15112\" alt=\"\" srcset=\"https:\/\/www.elturistatranquil.com\/wp-content\/uploads\/F06-Capella-de-Santa-Caterina-1.jpg 800w, https:\/\/www.elturistatranquil.com\/wp-content\/uploads\/F06-Capella-de-Santa-Caterina-1-768x512.jpg 768w\" sizes=\"(max-width: 800px) 100vw, 800px\" \/>\t\t\t\t\t\t\t\t\t\t\t<figcaption class=\"widget-image-caption wp-caption-text\"><\/figcaption>\n\t\t\t\t\t\t\t\t\t\t<\/figure>\n\t\t\t\t\t\t\t\t\t<\/div>\n\t\t\t\t<\/div>\n\t\t\t\t<div class=\"elementor-element elementor-element-5b4aed50 elementor-widget elementor-widget-text-editor\" data-id=\"5b4aed50\" data-element_type=\"widget\" data-e-type=\"widget\" data-widget_type=\"text-editor.default\">\n\t\t\t\t<div class=\"elementor-widget-container\">\n\t\t\t\t\t\t\t\t\t<p>Passada la porta, accedeixo a una \u00e0mplia recepci\u00f3 del segle XXI.<\/p>\t\t\t\t\t\t\t\t<\/div>\n\t\t\t\t<\/div>\n\t\t\t\t<div class=\"elementor-element elementor-element-a99b204 elementor-widget elementor-widget-image\" data-id=\"a99b204\" data-element_type=\"widget\" data-e-type=\"widget\" data-widget_type=\"image.default\">\n\t\t\t\t<div class=\"elementor-widget-container\">\n\t\t\t\t\t\t\t\t\t\t\t\t<figure class=\"wp-caption\">\n\t\t\t\t\t\t\t\t\t\t<img loading=\"lazy\" decoding=\"async\" width=\"800\" height=\"533\" src=\"https:\/\/www.elturistatranquil.com\/wp-content\/uploads\/F07-Hostatgeria-Monestir-de-Poblet-1.jpg\" class=\"attachment-large size-large wp-image-15114\" alt=\"\" srcset=\"https:\/\/www.elturistatranquil.com\/wp-content\/uploads\/F07-Hostatgeria-Monestir-de-Poblet-1.jpg 800w, https:\/\/www.elturistatranquil.com\/wp-content\/uploads\/F07-Hostatgeria-Monestir-de-Poblet-1-768x512.jpg 768w\" sizes=\"(max-width: 800px) 100vw, 800px\" \/>\t\t\t\t\t\t\t\t\t\t\t<figcaption class=\"widget-image-caption wp-caption-text\"><\/figcaption>\n\t\t\t\t\t\t\t\t\t\t<\/figure>\n\t\t\t\t\t\t\t\t\t<\/div>\n\t\t\t\t<\/div>\n\t\t\t\t<div class=\"elementor-element elementor-element-59bf6ee3 elementor-widget elementor-widget-text-editor\" data-id=\"59bf6ee3\" data-element_type=\"widget\" data-e-type=\"widget\" data-widget_type=\"text-editor.default\">\n\t\t\t\t<div class=\"elementor-widget-container\">\n\t\t\t\t\t\t\t\t\t<p>La habitaci\u00f3 que em correspon \u00e9s la 113, \u00e9s s\u00f2bria, amb mobles de fusta de qualitat, i el matal\u00e0s ser\u00e0 c\u00f2mode.<\/p>\t\t\t\t\t\t\t\t<\/div>\n\t\t\t\t<\/div>\n\t\t\t\t<div class=\"elementor-element elementor-element-15ef90cf elementor-widget elementor-widget-image\" data-id=\"15ef90cf\" data-element_type=\"widget\" data-e-type=\"widget\" data-widget_type=\"image.default\">\n\t\t\t\t<div class=\"elementor-widget-container\">\n\t\t\t\t\t\t\t\t\t\t\t\t<figure class=\"wp-caption\">\n\t\t\t\t\t\t\t\t\t\t<img loading=\"lazy\" decoding=\"async\" width=\"800\" height=\"533\" src=\"https:\/\/www.elturistatranquil.com\/wp-content\/uploads\/F08-Hostatgeria-Monestir-de-Poblet-1.jpg\" class=\"attachment-large size-large wp-image-15116\" alt=\"\" srcset=\"https:\/\/www.elturistatranquil.com\/wp-content\/uploads\/F08-Hostatgeria-Monestir-de-Poblet-1.jpg 800w, https:\/\/www.elturistatranquil.com\/wp-content\/uploads\/F08-Hostatgeria-Monestir-de-Poblet-1-768x512.jpg 768w\" sizes=\"(max-width: 800px) 100vw, 800px\" \/>\t\t\t\t\t\t\t\t\t\t\t<figcaption class=\"widget-image-caption wp-caption-text\"><\/figcaption>\n\t\t\t\t\t\t\t\t\t\t<\/figure>\n\t\t\t\t\t\t\t\t\t<\/div>\n\t\t\t\t<\/div>\n\t\t\t\t<div class=\"elementor-element elementor-element-6107c8b1 elementor-widget elementor-widget-image\" data-id=\"6107c8b1\" data-element_type=\"widget\" data-e-type=\"widget\" data-widget_type=\"image.default\">\n\t\t\t\t<div class=\"elementor-widget-container\">\n\t\t\t\t\t\t\t\t\t\t\t\t<figure class=\"wp-caption\">\n\t\t\t\t\t\t\t\t\t\t<img loading=\"lazy\" decoding=\"async\" width=\"800\" height=\"533\" src=\"https:\/\/www.elturistatranquil.com\/wp-content\/uploads\/F09-Hostatgeria-Monestir-de-Poblet-1.jpg\" class=\"attachment-large size-large wp-image-15118\" alt=\"\" srcset=\"https:\/\/www.elturistatranquil.com\/wp-content\/uploads\/F09-Hostatgeria-Monestir-de-Poblet-1.jpg 800w, https:\/\/www.elturistatranquil.com\/wp-content\/uploads\/F09-Hostatgeria-Monestir-de-Poblet-1-768x512.jpg 768w\" sizes=\"(max-width: 800px) 100vw, 800px\" \/>\t\t\t\t\t\t\t\t\t\t\t<figcaption class=\"widget-image-caption wp-caption-text\"><\/figcaption>\n\t\t\t\t\t\t\t\t\t\t<\/figure>\n\t\t\t\t\t\t\t\t\t<\/div>\n\t\t\t\t<\/div>\n\t\t\t\t<div class=\"elementor-element elementor-element-62c13ca0 elementor-widget elementor-widget-text-editor\" data-id=\"62c13ca0\" data-element_type=\"widget\" data-e-type=\"widget\" data-widget_type=\"text-editor.default\">\n\t\t\t\t<div class=\"elementor-widget-container\">\n\t\t\t\t\t\t\t\t\t<p>La visi\u00f3 des de la finestra \u00e9s perfecta sobre la Porta Reial del Monestir i sobre el lateral de l\u2019evangeli de la Capella de Santa Caterina.<\/p>\t\t\t\t\t\t\t\t<\/div>\n\t\t\t\t<\/div>\n\t\t\t\t<div class=\"elementor-element elementor-element-31e75523 elementor-widget elementor-widget-image\" data-id=\"31e75523\" data-element_type=\"widget\" data-e-type=\"widget\" data-widget_type=\"image.default\">\n\t\t\t\t<div class=\"elementor-widget-container\">\n\t\t\t\t\t\t\t\t\t\t\t\t<figure class=\"wp-caption\">\n\t\t\t\t\t\t\t\t\t\t<img loading=\"lazy\" decoding=\"async\" width=\"396\" height=\"550\" src=\"https:\/\/www.elturistatranquil.com\/wp-content\/uploads\/F10-Hostatgeria-Monestir-de-Poblet-1.jpg\" class=\"attachment-large size-large wp-image-15120\" alt=\"\" \/>\t\t\t\t\t\t\t\t\t\t\t<figcaption class=\"widget-image-caption wp-caption-text\"><\/figcaption>\n\t\t\t\t\t\t\t\t\t\t<\/figure>\n\t\t\t\t\t\t\t\t\t<\/div>\n\t\t\t\t<\/div>\n\t\t\t\t<div class=\"elementor-element elementor-element-4d0b5801 elementor-widget elementor-widget-image\" data-id=\"4d0b5801\" data-element_type=\"widget\" data-e-type=\"widget\" data-widget_type=\"image.default\">\n\t\t\t\t<div class=\"elementor-widget-container\">\n\t\t\t\t\t\t\t\t\t\t\t\t<figure class=\"wp-caption\">\n\t\t\t\t\t\t\t\t\t\t<img loading=\"lazy\" decoding=\"async\" width=\"800\" height=\"533\" src=\"https:\/\/www.elturistatranquil.com\/wp-content\/uploads\/F11-Hostatgeria-Monestir-de-Poblet-1.jpg\" class=\"attachment-large size-large wp-image-15122\" alt=\"\" srcset=\"https:\/\/www.elturistatranquil.com\/wp-content\/uploads\/F11-Hostatgeria-Monestir-de-Poblet-1.jpg 800w, https:\/\/www.elturistatranquil.com\/wp-content\/uploads\/F11-Hostatgeria-Monestir-de-Poblet-1-768x512.jpg 768w\" sizes=\"(max-width: 800px) 100vw, 800px\" \/>\t\t\t\t\t\t\t\t\t\t\t<figcaption class=\"widget-image-caption wp-caption-text\"><\/figcaption>\n\t\t\t\t\t\t\t\t\t\t<\/figure>\n\t\t\t\t\t\t\t\t\t<\/div>\n\t\t\t\t<\/div>\n\t\t\t\t<div class=\"elementor-element elementor-element-190d3dd3 elementor-widget elementor-widget-text-editor\" data-id=\"190d3dd3\" data-element_type=\"widget\" data-e-type=\"widget\" data-widget_type=\"text-editor.default\">\n\t\t\t\t<div class=\"elementor-widget-container\">\n\t\t\t\t\t\t\t\t\t<p>Recordeu que he dit que us fix\u00e9ssiu en la finestra sobre la porta d\u2019entrada. Doncs aqu\u00ed la teniu des de l\u2019interior de l\u2019habitaci\u00f3.<\/p>\t\t\t\t\t\t\t\t<\/div>\n\t\t\t\t<\/div>\n\t\t\t\t<div class=\"elementor-element elementor-element-5873568f elementor-widget elementor-widget-image\" data-id=\"5873568f\" data-element_type=\"widget\" data-e-type=\"widget\" data-widget_type=\"image.default\">\n\t\t\t\t<div class=\"elementor-widget-container\">\n\t\t\t\t\t\t\t\t\t\t\t\t<figure class=\"wp-caption\">\n\t\t\t\t\t\t\t\t\t\t<img loading=\"lazy\" decoding=\"async\" width=\"800\" height=\"533\" src=\"https:\/\/www.elturistatranquil.com\/wp-content\/uploads\/F12-Hostatgeria-Monestir-de-Poblet-1.jpg\" class=\"attachment-large size-large wp-image-15124\" alt=\"\" srcset=\"https:\/\/www.elturistatranquil.com\/wp-content\/uploads\/F12-Hostatgeria-Monestir-de-Poblet-1.jpg 800w, https:\/\/www.elturistatranquil.com\/wp-content\/uploads\/F12-Hostatgeria-Monestir-de-Poblet-1-768x512.jpg 768w\" sizes=\"(max-width: 800px) 100vw, 800px\" \/>\t\t\t\t\t\t\t\t\t\t\t<figcaption class=\"widget-image-caption wp-caption-text\"><\/figcaption>\n\t\t\t\t\t\t\t\t\t\t<\/figure>\n\t\t\t\t\t\t\t\t\t<\/div>\n\t\t\t\t<\/div>\n\t\t\t\t<div class=\"elementor-element elementor-element-7852ed7 elementor-widget elementor-widget-image\" data-id=\"7852ed7\" data-element_type=\"widget\" data-e-type=\"widget\" data-widget_type=\"image.default\">\n\t\t\t\t<div class=\"elementor-widget-container\">\n\t\t\t\t\t\t\t\t\t\t\t\t<figure class=\"wp-caption\">\n\t\t\t\t\t\t\t\t\t\t<img loading=\"lazy\" decoding=\"async\" width=\"800\" height=\"533\" src=\"https:\/\/www.elturistatranquil.com\/wp-content\/uploads\/F13-Hostatgeria-Monestir-de-Poblet-1.jpg\" class=\"attachment-large size-large wp-image-15126\" alt=\"\" srcset=\"https:\/\/www.elturistatranquil.com\/wp-content\/uploads\/F13-Hostatgeria-Monestir-de-Poblet-1.jpg 800w, https:\/\/www.elturistatranquil.com\/wp-content\/uploads\/F13-Hostatgeria-Monestir-de-Poblet-1-768x512.jpg 768w\" sizes=\"(max-width: 800px) 100vw, 800px\" \/>\t\t\t\t\t\t\t\t\t\t\t<figcaption class=\"widget-image-caption wp-caption-text\"><\/figcaption>\n\t\t\t\t\t\t\t\t\t\t<\/figure>\n\t\t\t\t\t\t\t\t\t<\/div>\n\t\t\t\t<\/div>\n\t\t\t\t<div class=\"elementor-element elementor-element-6044a6bc elementor-widget elementor-widget-text-editor\" data-id=\"6044a6bc\" data-element_type=\"widget\" data-e-type=\"widget\" data-widget_type=\"text-editor.default\">\n\t\t\t\t<div class=\"elementor-widget-container\">\n\t\t\t\t\t\t\t\t\t<p>Darrera el capsal del llit hi ha un passad\u00eds amb dos amplis armaris i l\u2019acc\u00e9s al lavabo.<\/p><p>El menjador \u00e9s molt ampli i llumin\u00f3s.<\/p>\t\t\t\t\t\t\t\t<\/div>\n\t\t\t\t<\/div>\n\t\t\t\t<div class=\"elementor-element elementor-element-3ec44dcb elementor-widget elementor-widget-image\" data-id=\"3ec44dcb\" data-element_type=\"widget\" data-e-type=\"widget\" data-widget_type=\"image.default\">\n\t\t\t\t<div class=\"elementor-widget-container\">\n\t\t\t\t\t\t\t\t\t\t\t\t<figure class=\"wp-caption\">\n\t\t\t\t\t\t\t\t\t\t<img loading=\"lazy\" decoding=\"async\" width=\"800\" height=\"533\" src=\"https:\/\/www.elturistatranquil.com\/wp-content\/uploads\/F14-Hostatgeria-Monestir-de-Poblet-1.jpg\" class=\"attachment-large size-large wp-image-15128\" alt=\"\" srcset=\"https:\/\/www.elturistatranquil.com\/wp-content\/uploads\/F14-Hostatgeria-Monestir-de-Poblet-1.jpg 800w, https:\/\/www.elturistatranquil.com\/wp-content\/uploads\/F14-Hostatgeria-Monestir-de-Poblet-1-768x512.jpg 768w\" sizes=\"(max-width: 800px) 100vw, 800px\" \/>\t\t\t\t\t\t\t\t\t\t\t<figcaption class=\"widget-image-caption wp-caption-text\"><\/figcaption>\n\t\t\t\t\t\t\t\t\t\t<\/figure>\n\t\t\t\t\t\t\t\t\t<\/div>\n\t\t\t\t<\/div>\n\t\t\t\t<div class=\"elementor-element elementor-element-2a1b257b elementor-widget elementor-widget-image\" data-id=\"2a1b257b\" data-element_type=\"widget\" data-e-type=\"widget\" data-widget_type=\"image.default\">\n\t\t\t\t<div class=\"elementor-widget-container\">\n\t\t\t\t\t\t\t\t\t\t\t\t<figure class=\"wp-caption\">\n\t\t\t\t\t\t\t\t\t\t<img loading=\"lazy\" decoding=\"async\" width=\"800\" height=\"533\" src=\"https:\/\/www.elturistatranquil.com\/wp-content\/uploads\/F15-Hostatgeria-Monestir-de-Poblet-1.jpg\" class=\"attachment-large size-large wp-image-15130\" alt=\"\" srcset=\"https:\/\/www.elturistatranquil.com\/wp-content\/uploads\/F15-Hostatgeria-Monestir-de-Poblet-1.jpg 800w, https:\/\/www.elturistatranquil.com\/wp-content\/uploads\/F15-Hostatgeria-Monestir-de-Poblet-1-768x512.jpg 768w\" sizes=\"(max-width: 800px) 100vw, 800px\" \/>\t\t\t\t\t\t\t\t\t\t\t<figcaption class=\"widget-image-caption wp-caption-text\"><\/figcaption>\n\t\t\t\t\t\t\t\t\t\t<\/figure>\n\t\t\t\t\t\t\t\t\t<\/div>\n\t\t\t\t<\/div>\n\t\t\t\t<div class=\"elementor-element elementor-element-64fa6d17 elementor-widget elementor-widget-text-editor\" data-id=\"64fa6d17\" data-element_type=\"widget\" data-e-type=\"widget\" data-widget_type=\"text-editor.default\">\n\t\t\t\t<div class=\"elementor-widget-container\">\n\t\t\t\t\t\t\t\t\t<p>L\u2019esmorzar de bufet es correcte.<\/p>\t\t\t\t\t\t\t\t<\/div>\n\t\t\t\t<\/div>\n\t\t\t\t<div class=\"elementor-element elementor-element-6ed443a6 elementor-widget elementor-widget-image\" data-id=\"6ed443a6\" data-element_type=\"widget\" data-e-type=\"widget\" data-widget_type=\"image.default\">\n\t\t\t\t<div class=\"elementor-widget-container\">\n\t\t\t\t\t\t\t\t\t\t\t\t<figure class=\"wp-caption\">\n\t\t\t\t\t\t\t\t\t\t<img loading=\"lazy\" decoding=\"async\" width=\"800\" height=\"533\" src=\"https:\/\/www.elturistatranquil.com\/wp-content\/uploads\/F16-Hostatgeria-Monestir-de-Poblet-1.jpg\" class=\"attachment-large size-large wp-image-15132\" alt=\"\" srcset=\"https:\/\/www.elturistatranquil.com\/wp-content\/uploads\/F16-Hostatgeria-Monestir-de-Poblet-1.jpg 800w, https:\/\/www.elturistatranquil.com\/wp-content\/uploads\/F16-Hostatgeria-Monestir-de-Poblet-1-768x512.jpg 768w\" sizes=\"(max-width: 800px) 100vw, 800px\" \/>\t\t\t\t\t\t\t\t\t\t\t<figcaption class=\"widget-image-caption wp-caption-text\"><\/figcaption>\n\t\t\t\t\t\t\t\t\t\t<\/figure>\n\t\t\t\t\t\t\t\t\t<\/div>\n\t\t\t\t<\/div>\n\t\t\t\t<div class=\"elementor-element elementor-element-5191e297 elementor-widget elementor-widget-text-editor\" data-id=\"5191e297\" data-element_type=\"widget\" data-e-type=\"widget\" data-widget_type=\"text-editor.default\">\n\t\t\t\t<div class=\"elementor-widget-container\">\n\t\t\t\t\t\t\t\t\t<p>Ja sabeu que en el meu ideal de turisme tranquil la qualitat del menjar \u00e9s un dels tres elements fonamentals.<\/p><p>Cal dir que ja havia menjat en diverses ocasions al restaurant de l\u2019hostatgeria. Sempre amb resultat satisfactori.<\/p><p>Despr\u00e9s d\u2019aquesta estada continuo fent-ne una bona valoraci\u00f3. Al meu entendre personal, no d\u2019expert culinari, la cuina que m\u2019han ofert gaudia d\u2019una presentaci\u00f3 moderna en la forma, amb productes de qualitat\u00a0 i una elaboraci\u00f3 de cuina tradicional. Tot satisfactori. Per tornar-hi.<\/p><p>En el, diguem-ne, esperit monacal de les habitacions, no hi ha televisor. Per\u00f2 si teniu \u201cmono\u201d de TV, a la Biblioteca-Sala d\u2019estar hi ha un televisor. Sempre l\u2019he vist apagat.<\/p>\t\t\t\t\t\t\t\t<\/div>\n\t\t\t\t<\/div>\n\t\t\t\t<div class=\"elementor-element elementor-element-5d903873 elementor-widget elementor-widget-image\" data-id=\"5d903873\" data-element_type=\"widget\" data-e-type=\"widget\" data-widget_type=\"image.default\">\n\t\t\t\t<div class=\"elementor-widget-container\">\n\t\t\t\t\t\t\t\t\t\t\t\t<figure class=\"wp-caption\">\n\t\t\t\t\t\t\t\t\t\t<img loading=\"lazy\" decoding=\"async\" width=\"800\" height=\"533\" src=\"https:\/\/www.elturistatranquil.com\/wp-content\/uploads\/F17-Hostatgeria-Monestir-de-Poblet-1.jpg\" class=\"attachment-large size-large wp-image-15134\" alt=\"\" srcset=\"https:\/\/www.elturistatranquil.com\/wp-content\/uploads\/F17-Hostatgeria-Monestir-de-Poblet-1.jpg 800w, https:\/\/www.elturistatranquil.com\/wp-content\/uploads\/F17-Hostatgeria-Monestir-de-Poblet-1-768x512.jpg 768w\" sizes=\"(max-width: 800px) 100vw, 800px\" \/>\t\t\t\t\t\t\t\t\t\t\t<figcaption class=\"widget-image-caption wp-caption-text\"><\/figcaption>\n\t\t\t\t\t\t\t\t\t\t<\/figure>\n\t\t\t\t\t\t\t\t\t<\/div>\n\t\t\t\t<\/div>\n\t\t\t\t<div class=\"elementor-element elementor-element-549837b0 elementor-widget elementor-widget-image\" data-id=\"549837b0\" data-element_type=\"widget\" data-e-type=\"widget\" data-widget_type=\"image.default\">\n\t\t\t\t<div class=\"elementor-widget-container\">\n\t\t\t\t\t\t\t\t\t\t\t\t<figure class=\"wp-caption\">\n\t\t\t\t\t\t\t\t\t\t<img loading=\"lazy\" decoding=\"async\" width=\"800\" height=\"533\" src=\"https:\/\/www.elturistatranquil.com\/wp-content\/uploads\/F18-Hostatgeria-Monestir-de-Poblet-1.jpg\" class=\"attachment-large size-large wp-image-15136\" alt=\"\" srcset=\"https:\/\/www.elturistatranquil.com\/wp-content\/uploads\/F18-Hostatgeria-Monestir-de-Poblet-1.jpg 800w, https:\/\/www.elturistatranquil.com\/wp-content\/uploads\/F18-Hostatgeria-Monestir-de-Poblet-1-768x512.jpg 768w\" sizes=\"(max-width: 800px) 100vw, 800px\" \/>\t\t\t\t\t\t\t\t\t\t\t<figcaption class=\"widget-image-caption wp-caption-text\"><\/figcaption>\n\t\t\t\t\t\t\t\t\t\t<\/figure>\n\t\t\t\t\t\t\t\t\t<\/div>\n\t\t\t\t<\/div>\n\t\t\t\t<div class=\"elementor-element elementor-element-26b86cf4 elementor-widget elementor-widget-text-editor\" data-id=\"26b86cf4\" data-element_type=\"widget\" data-e-type=\"widget\" data-widget_type=\"text-editor.default\">\n\t\t\t\t<div class=\"elementor-widget-container\">\n\t\t\t\t\t\t\t\t\t<p>Hi ha disponibles altres espais confortables per estar, dins i a l\u2019exterior.<\/p>\t\t\t\t\t\t\t\t<\/div>\n\t\t\t\t<\/div>\n\t\t\t\t<div class=\"elementor-element elementor-element-8fbe33b elementor-widget elementor-widget-image\" data-id=\"8fbe33b\" data-element_type=\"widget\" data-e-type=\"widget\" data-widget_type=\"image.default\">\n\t\t\t\t<div class=\"elementor-widget-container\">\n\t\t\t\t\t\t\t\t\t\t\t\t<figure class=\"wp-caption\">\n\t\t\t\t\t\t\t\t\t\t<img loading=\"lazy\" decoding=\"async\" width=\"800\" height=\"533\" src=\"https:\/\/www.elturistatranquil.com\/wp-content\/uploads\/F19-Hostatgeria-Monestir-de-Poblet-1.jpg\" class=\"attachment-large size-large wp-image-15138\" alt=\"\" srcset=\"https:\/\/www.elturistatranquil.com\/wp-content\/uploads\/F19-Hostatgeria-Monestir-de-Poblet-1.jpg 800w, https:\/\/www.elturistatranquil.com\/wp-content\/uploads\/F19-Hostatgeria-Monestir-de-Poblet-1-768x512.jpg 768w\" sizes=\"(max-width: 800px) 100vw, 800px\" \/>\t\t\t\t\t\t\t\t\t\t\t<figcaption class=\"widget-image-caption wp-caption-text\"><\/figcaption>\n\t\t\t\t\t\t\t\t\t\t<\/figure>\n\t\t\t\t\t\t\t\t\t<\/div>\n\t\t\t\t<\/div>\n\t\t\t\t<div class=\"elementor-element elementor-element-67c00328 elementor-widget elementor-widget-image\" data-id=\"67c00328\" data-element_type=\"widget\" data-e-type=\"widget\" data-widget_type=\"image.default\">\n\t\t\t\t<div class=\"elementor-widget-container\">\n\t\t\t\t\t\t\t\t\t\t\t\t<figure class=\"wp-caption\">\n\t\t\t\t\t\t\t\t\t\t<img loading=\"lazy\" decoding=\"async\" width=\"800\" height=\"533\" src=\"https:\/\/www.elturistatranquil.com\/wp-content\/uploads\/F20-Hostatgeria-Monestir-de-Poblet-1.jpg\" class=\"attachment-large size-large wp-image-15140\" alt=\"\" srcset=\"https:\/\/www.elturistatranquil.com\/wp-content\/uploads\/F20-Hostatgeria-Monestir-de-Poblet-1.jpg 800w, https:\/\/www.elturistatranquil.com\/wp-content\/uploads\/F20-Hostatgeria-Monestir-de-Poblet-1-768x512.jpg 768w\" sizes=\"(max-width: 800px) 100vw, 800px\" \/>\t\t\t\t\t\t\t\t\t\t\t<figcaption class=\"widget-image-caption wp-caption-text\"><\/figcaption>\n\t\t\t\t\t\t\t\t\t\t<\/figure>\n\t\t\t\t\t\t\t\t\t<\/div>\n\t\t\t\t<\/div>\n\t\t\t\t<div class=\"elementor-element elementor-element-23d70e73 elementor-widget elementor-widget-text-editor\" data-id=\"23d70e73\" data-element_type=\"widget\" data-e-type=\"widget\" data-widget_type=\"text-editor.default\">\n\t\t\t\t<div class=\"elementor-widget-container\">\n\t\t\t\t\t\t\t\t\t<p>Pel que fa a aparcar el cotxe, et proporcionen una targeta que et permet entrar al primer recinte i dirigir-te a la part posterior de l\u2019Hostatgeria, on disposen d\u2019aparcament.<\/p><p>El tercer aspecte per \u201cel turista tranquil\u201d \u00e9s l\u2019entorn.<\/p><p>L\u2019entorn immediat, el que correspon al Monestir, nom\u00e9s dir que est\u00e0 considerat <em>Patrimoni de la Humanitat per la UNESCO<\/em>. No cal afegir-hi res m\u00e9s.<\/p><p>En quant es surt del recinte ens trobem en un territori ple d\u2019elements per visitar i gaudir, com exposar\u00e9 seguidament.<\/p><p>\u00c9s, per tant, un lloc altament recomanable per passar uns dies, amb independ\u00e8ncia de les teves conviccions religioses.<\/p><p>Un aspecte sobresortint \u00e9s el silenci. De dia nom\u00e9s interferit, si de cas, per la crid\u00f2ria d\u2019algun col\u00b7legi de visita cultural, per\u00f2 per la nit quasi absolut, nom\u00e9s trencat per les campanes, per\u00f2 amortides per l\u2019a\u00efllament dels vidres de la finestra.<\/p><p>De fet, un <a href=\"https:\/\/www.elturistatranquil.com\/ca\/esglesies-monestirs-i-ordres-religioses-a-ledat-mitjana\/\" target=\"_blank\" rel=\"noopener\">monestir cistercenc<\/a> \u00e9s un m\u00f3n de silenci, i l\u2019hostatgeria participa d\u2019aquest entorn, sense cap circulaci\u00f3 de vehicles pel seu interior, excepte el limitat i allunyat acc\u00e9s al p\u00e0rquing de l\u2019hostatgeria.<\/p><p>Si es desitja, es pot participar m\u00ednimament de l\u2019esperit monacal, assistint a alguna de les lit\u00fargies que la comunitat dels monjos desenvolupa a l\u2019Esgl\u00e9sia. A mi m\u2019agrada estar present durant la darrera oraci\u00f3 del dia, les <em>Completes i el cant de la Salve<\/em>, a les 20,30 hores, en la impressionant semi foscor i foscor del recinte a aquella hora. Et porta a pensar en el sentit de la vida mon\u00e0stica, transportant-te als temps de la construcci\u00f3 del temple i al seu sentit actual.<\/p>\t\t\t\t\t\t\t\t<\/div>\n\t\t\t\t<\/div>\n\t\t\t\t<div class=\"elementor-element elementor-element-42684639 elementor-widget elementor-widget-menu-anchor\" data-id=\"42684639\" data-element_type=\"widget\" data-e-type=\"widget\" data-widget_type=\"menu-anchor.default\">\n\t\t\t\t<div class=\"elementor-widget-container\">\n\t\t\t\t\t\t\t<div class=\"elementor-menu-anchor\" id=\"a0905\"><\/div>\n\t\t\t\t\t\t<\/div>\n\t\t\t\t<\/div>\n\t\t\t\t<div class=\"elementor-element elementor-element-3f07cbae elementor-widget elementor-widget-text-editor\" data-id=\"3f07cbae\" data-element_type=\"widget\" data-e-type=\"widget\" data-widget_type=\"text-editor.default\">\n\t\t\t\t<div class=\"elementor-widget-container\">\n\t\t\t\t\t\t\t\t\t<p>En resum, t\u2019allotges en un hotel amb totes les comoditats, del que pots entrar i sortir en qualsevol moment per despla\u00e7ar-te a desenvolupar qualsevol activitat, per\u00f2 en un entorn privilegiat dins del murs d\u2019un gran monestir amb 800 anys d\u2019hist\u00f2ria viva.<\/p><p>Immersos d\u2019aquesta calma monacal i enmig del Paratge Natural de Poblet.<\/p>\t\t\t\t\t\t\t\t<\/div>\n\t\t\t\t<\/div>\n\t\t\t\t<div class=\"elementor-element elementor-element-3d910c98 elementor-widget elementor-widget-heading\" data-id=\"3d910c98\" data-element_type=\"widget\" data-e-type=\"widget\" data-widget_type=\"heading.default\">\n\t\t\t\t<div class=\"elementor-widget-container\">\n\t\t\t\t\t<h2 class=\"elementor-heading-title elementor-size-default\">Propostes de sortides i activitats<\/h2>\t\t\t\t<\/div>\n\t\t\t\t<\/div>\n\t\t\t\t<div class=\"elementor-element elementor-element-205c4941 elementor-widget elementor-widget-text-editor\" data-id=\"205c4941\" data-element_type=\"widget\" data-e-type=\"widget\" data-widget_type=\"text-editor.default\">\n\t\t\t\t<div class=\"elementor-widget-container\">\n\t\t\t\t\t\t\t\t\t<p>Des d\u2019aquest punt de la comarca de la Conca de Barber\u00e0, a la prov\u00edncia de Tarragona, hi ha a l\u2019abast del visitant una infinitat de possibilitat de desenvolupar activitats de tot tipus, siguin vinculades a la natura, a la cultura o la hist\u00f2ria, aix\u00ed com a les formes de vida actuals.<\/p><p>Com sempre, presento a continuaci\u00f3 les que he realitzat en la meva estada, per\u00f2 tamb\u00e9 algunes de potencials. No cal ni dir que, a m\u00e9s d\u2019aquestes, les possibilitats s\u00f3n innumerables i que, en els serveis d\u2019Informaci\u00f3 Tur\u00edstica, del que n\u2019hi ha un al recinte, us podran informar-vos de moltes m\u00e9s possibilitats.<\/p>\t\t\t\t\t\t\t\t<\/div>\n\t\t\t\t<\/div>\n\t\t\t\t<div class=\"elementor-element elementor-element-688b517b elementor-widget elementor-widget-menu-anchor\" data-id=\"688b517b\" data-element_type=\"widget\" data-e-type=\"widget\" data-widget_type=\"menu-anchor.default\">\n\t\t\t\t<div class=\"elementor-widget-container\">\n\t\t\t\t\t\t\t<div class=\"elementor-menu-anchor\" id=\"a0906\"><\/div>\n\t\t\t\t\t\t<\/div>\n\t\t\t\t<\/div>\n\t\t\t\t<div class=\"elementor-element elementor-element-6d5c475a elementor-widget elementor-widget-menu-anchor\" data-id=\"6d5c475a\" data-element_type=\"widget\" data-e-type=\"widget\" data-widget_type=\"menu-anchor.default\">\n\t\t\t\t<div class=\"elementor-widget-container\">\n\t\t\t\t\t\t\t<div class=\"elementor-menu-anchor\" id=\"a0907\"><\/div>\n\t\t\t\t\t\t<\/div>\n\t\t\t\t<\/div>\n\t\t\t\t<div class=\"elementor-element elementor-element-d7a1361 elementor-widget elementor-widget-image\" data-id=\"d7a1361\" data-element_type=\"widget\" data-e-type=\"widget\" data-widget_type=\"image.default\">\n\t\t\t\t<div class=\"elementor-widget-container\">\n\t\t\t\t\t\t\t\t\t\t\t\t<figure class=\"wp-caption\">\n\t\t\t\t\t\t\t\t\t\t<img loading=\"lazy\" decoding=\"async\" width=\"800\" height=\"534\" src=\"https:\/\/www.elturistatranquil.com\/wp-content\/uploads\/F21-Hostatgeria-Monestir-de-Poblet-Sortides-1.jpg\" class=\"attachment-large size-large wp-image-15142\" alt=\"\" srcset=\"https:\/\/www.elturistatranquil.com\/wp-content\/uploads\/F21-Hostatgeria-Monestir-de-Poblet-Sortides-1.jpg 800w, https:\/\/www.elturistatranquil.com\/wp-content\/uploads\/F21-Hostatgeria-Monestir-de-Poblet-Sortides-1-768x513.jpg 768w\" sizes=\"(max-width: 800px) 100vw, 800px\" \/>\t\t\t\t\t\t\t\t\t\t\t<figcaption class=\"widget-image-caption wp-caption-text\">Mapa de punts de sortida. En blau llocs visitats. El lila les altres propostes<\/figcaption>\n\t\t\t\t\t\t\t\t\t\t<\/figure>\n\t\t\t\t\t\t\t\t\t<\/div>\n\t\t\t\t<\/div>\n\t\t\t\t<div class=\"elementor-element elementor-element-7f3cc095 elementor-widget elementor-widget-heading\" data-id=\"7f3cc095\" data-element_type=\"widget\" data-e-type=\"widget\" data-widget_type=\"heading.default\">\n\t\t\t\t<div class=\"elementor-widget-container\">\n\t\t\t\t\t<h2 class=\"elementor-heading-title elementor-size-default\">Per l\u2019entorn<\/h2>\t\t\t\t<\/div>\n\t\t\t\t<\/div>\n\t\t\t\t<div class=\"elementor-element elementor-element-2081f1b9 elementor-widget elementor-widget-heading\" data-id=\"2081f1b9\" data-element_type=\"widget\" data-e-type=\"widget\" data-widget_type=\"heading.default\">\n\t\t\t\t<div class=\"elementor-widget-container\">\n\t\t\t\t\t<h3 class=\"elementor-heading-title elementor-size-default\">Passejada pel recinte del Monestir i l\u2019Esgl\u00e9sia<\/h3>\t\t\t\t<\/div>\n\t\t\t\t<\/div>\n\t\t\t\t<div class=\"elementor-element elementor-element-1ae2dd6c elementor-widget elementor-widget-text-editor\" data-id=\"1ae2dd6c\" data-element_type=\"widget\" data-e-type=\"widget\" data-widget_type=\"text-editor.default\">\n\t\t\t\t<div class=\"elementor-widget-container\">\n\t\t\t\t\t\t\t\t\t<p>Enlla\u00e7 amb el <em>Post<\/em>: <a href=\"https:\/\/www.elturistatranquil.com\/ca\/monestir-de-santa-maria-de-poblet-tarragona\/\" target=\"_blank\" rel=\"noopener\"><strong>Monestir de Santa Maria de Poblet<\/strong><\/a><\/p>\t\t\t\t\t\t\t\t<\/div>\n\t\t\t\t<\/div>\n\t\t\t\t<div class=\"elementor-element elementor-element-1303a6a elementor-widget elementor-widget-text-editor\" data-id=\"1303a6a\" data-element_type=\"widget\" data-e-type=\"widget\" data-widget_type=\"text-editor.default\">\n\t\t\t\t<div class=\"elementor-widget-container\">\n\t\t\t\t\t\t\t\t\t<p>Un cop allotjat, es pot efectuar un recorregut pel primer i pel segon recinte del Monestir i entrar a l\u2019Esgl\u00e9sia, que sempre roman oberta.<\/p><p>Aquesta passejada permet un primer contacte amb l\u2019ambient que respirar\u00e9 durant l\u2019estada.<\/p>\t\t\t\t\t\t\t\t<\/div>\n\t\t\t\t<\/div>\n\t\t\t\t<div class=\"elementor-element elementor-element-2d7cb7eb elementor-widget elementor-widget-image\" data-id=\"2d7cb7eb\" data-element_type=\"widget\" data-e-type=\"widget\" data-widget_type=\"image.default\">\n\t\t\t\t<div class=\"elementor-widget-container\">\n\t\t\t\t\t\t\t\t\t\t\t\t<figure class=\"wp-caption\">\n\t\t\t\t\t\t\t\t\t\t<img loading=\"lazy\" decoding=\"async\" width=\"800\" height=\"533\" src=\"https:\/\/www.elturistatranquil.com\/wp-content\/uploads\/F21-Monestir-de-Poblet-1.jpg\" class=\"attachment-large size-large wp-image-15144\" alt=\"\" srcset=\"https:\/\/www.elturistatranquil.com\/wp-content\/uploads\/F21-Monestir-de-Poblet-1.jpg 800w, https:\/\/www.elturistatranquil.com\/wp-content\/uploads\/F21-Monestir-de-Poblet-1-768x512.jpg 768w\" sizes=\"(max-width: 800px) 100vw, 800px\" \/>\t\t\t\t\t\t\t\t\t\t\t<figcaption class=\"widget-image-caption wp-caption-text\">Porta del primer recinte<\/figcaption>\n\t\t\t\t\t\t\t\t\t\t<\/figure>\n\t\t\t\t\t\t\t\t\t<\/div>\n\t\t\t\t<\/div>\n\t\t\t\t<div class=\"elementor-element elementor-element-5acef8d7 elementor-widget elementor-widget-image\" data-id=\"5acef8d7\" data-element_type=\"widget\" data-e-type=\"widget\" data-widget_type=\"image.default\">\n\t\t\t\t<div class=\"elementor-widget-container\">\n\t\t\t\t\t\t\t\t\t\t\t\t<figure class=\"wp-caption\">\n\t\t\t\t\t\t\t\t\t\t<img loading=\"lazy\" decoding=\"async\" width=\"800\" height=\"533\" src=\"https:\/\/www.elturistatranquil.com\/wp-content\/uploads\/F22-Monestir-de-Poblet-1.jpg\" class=\"attachment-large size-large wp-image-15146\" alt=\"\" srcset=\"https:\/\/www.elturistatranquil.com\/wp-content\/uploads\/F22-Monestir-de-Poblet-1.jpg 800w, https:\/\/www.elturistatranquil.com\/wp-content\/uploads\/F22-Monestir-de-Poblet-1-768x512.jpg 768w\" sizes=\"(max-width: 800px) 100vw, 800px\" \/>\t\t\t\t\t\t\t\t\t\t\t<figcaption class=\"widget-image-caption wp-caption-text\">Porta del segon recinte<\/figcaption>\n\t\t\t\t\t\t\t\t\t\t<\/figure>\n\t\t\t\t\t\t\t\t\t<\/div>\n\t\t\t\t<\/div>\n\t\t\t\t<div class=\"elementor-element elementor-element-141d89ca elementor-widget elementor-widget-image\" data-id=\"141d89ca\" data-element_type=\"widget\" data-e-type=\"widget\" data-widget_type=\"image.default\">\n\t\t\t\t<div class=\"elementor-widget-container\">\n\t\t\t\t\t\t\t\t\t\t\t\t<figure class=\"wp-caption\">\n\t\t\t\t\t\t\t\t\t\t<img loading=\"lazy\" decoding=\"async\" width=\"800\" height=\"533\" src=\"https:\/\/www.elturistatranquil.com\/wp-content\/uploads\/F23-Monestir-de-Poblet-1.jpg\" class=\"attachment-large size-large wp-image-15148\" alt=\"\" srcset=\"https:\/\/www.elturistatranquil.com\/wp-content\/uploads\/F23-Monestir-de-Poblet-1.jpg 800w, https:\/\/www.elturistatranquil.com\/wp-content\/uploads\/F23-Monestir-de-Poblet-1-768x512.jpg 768w\" sizes=\"(max-width: 800px) 100vw, 800px\" \/>\t\t\t\t\t\t\t\t\t\t\t<figcaption class=\"widget-image-caption wp-caption-text\">Fa\u00e7ana de l\u2019Esgl\u00e9sia i recinte conventual. A l\u2019esquerra l\u2019entrada a la Hostatgeria<\/figcaption>\n\t\t\t\t\t\t\t\t\t\t<\/figure>\n\t\t\t\t\t\t\t\t\t<\/div>\n\t\t\t\t<\/div>\n\t\t\t\t<div class=\"elementor-element elementor-element-4b1d9a8a elementor-widget elementor-widget-menu-anchor\" data-id=\"4b1d9a8a\" data-element_type=\"widget\" data-e-type=\"widget\" data-widget_type=\"menu-anchor.default\">\n\t\t\t\t<div class=\"elementor-widget-container\">\n\t\t\t\t\t\t\t<div class=\"elementor-menu-anchor\" id=\"a0908\"><\/div>\n\t\t\t\t\t\t<\/div>\n\t\t\t\t<\/div>\n\t\t\t\t<div class=\"elementor-element elementor-element-28b4215a elementor-widget elementor-widget-image\" data-id=\"28b4215a\" data-element_type=\"widget\" data-e-type=\"widget\" data-widget_type=\"image.default\">\n\t\t\t\t<div class=\"elementor-widget-container\">\n\t\t\t\t\t\t\t\t\t\t\t\t<figure class=\"wp-caption\">\n\t\t\t\t\t\t\t\t\t\t<img loading=\"lazy\" decoding=\"async\" width=\"800\" height=\"533\" src=\"https:\/\/www.elturistatranquil.com\/wp-content\/uploads\/F24-Monestir-de-Poblet-1.jpg\" class=\"attachment-large size-large wp-image-15150\" alt=\"\" srcset=\"https:\/\/www.elturistatranquil.com\/wp-content\/uploads\/F24-Monestir-de-Poblet-1.jpg 800w, https:\/\/www.elturistatranquil.com\/wp-content\/uploads\/F24-Monestir-de-Poblet-1-768x512.jpg 768w\" sizes=\"(max-width: 800px) 100vw, 800px\" \/>\t\t\t\t\t\t\t\t\t\t\t<figcaption class=\"widget-image-caption wp-caption-text\">Interior de l\u2019Esgl\u00e9sia de Santa Maria de Poblet<\/figcaption>\n\t\t\t\t\t\t\t\t\t\t<\/figure>\n\t\t\t\t\t\t\t\t\t<\/div>\n\t\t\t\t<\/div>\n\t\t\t\t<div class=\"elementor-element elementor-element-4428d5cf elementor-widget elementor-widget-heading\" data-id=\"4428d5cf\" data-element_type=\"widget\" data-e-type=\"widget\" data-widget_type=\"heading.default\">\n\t\t\t\t<div class=\"elementor-widget-container\">\n\t\t\t\t\t<h3 class=\"elementor-heading-title elementor-size-default\">Visita al Monestir<\/h3>\t\t\t\t<\/div>\n\t\t\t\t<\/div>\n\t\t\t\t<div class=\"elementor-element elementor-element-5cb7c557 elementor-widget elementor-widget-text-editor\" data-id=\"5cb7c557\" data-element_type=\"widget\" data-e-type=\"widget\" data-widget_type=\"text-editor.default\">\n\t\t\t\t<div class=\"elementor-widget-container\">\n\t\t\t\t\t\t\t\t\t<p>Enlla\u00e7 amb el <em>Post<\/em>: <a href=\"https:\/\/www.elturistatranquil.com\/ca\/monestir-de-santa-maria-de-poblet-tarragona\/\" target=\"_blank\" rel=\"noopener\"><strong>Monestir de Santa Maria de Poblet<\/strong><\/a><\/p>\t\t\t\t\t\t\t\t<\/div>\n\t\t\t\t<\/div>\n\t\t\t\t<div class=\"elementor-element elementor-element-5b536b2 elementor-widget elementor-widget-text-editor\" data-id=\"5b536b2\" data-element_type=\"widget\" data-e-type=\"widget\" data-widget_type=\"text-editor.default\">\n\t\t\t\t<div class=\"elementor-widget-container\">\n\t\t\t\t\t\t\t\t\t<p>Es imprescindible efectuar una visita a l\u2019interior del <strong>Reial Monestir de Santa Maria de Poblet<\/strong>. Podeu triar entre fer-la per lliure o acompanyada per un guia. Jo recomanaria la visita guiada, que dura aproximadament 1 hora.<\/p><p>Demaneu a la recepci\u00f3 de la Hostatgeria un val descompte per comprar el tiquet d\u2019entrada al local d\u2019Informaci\u00f3 Tur\u00edstica.<\/p><p>La visita transcorre per depend\u00e8ncies\u00a0 que no formen part dels espais de vida monacal actual.<\/p>\t\t\t\t\t\t\t\t<\/div>\n\t\t\t\t<\/div>\n\t\t\t\t<div class=\"elementor-element elementor-element-1e5923d8 elementor-widget elementor-widget-image\" data-id=\"1e5923d8\" data-element_type=\"widget\" data-e-type=\"widget\" data-widget_type=\"image.default\">\n\t\t\t\t<div class=\"elementor-widget-container\">\n\t\t\t\t\t\t\t\t\t\t\t\t<figure class=\"wp-caption\">\n\t\t\t\t\t\t\t\t\t\t<img loading=\"lazy\" decoding=\"async\" width=\"800\" height=\"533\" src=\"https:\/\/www.elturistatranquil.com\/wp-content\/uploads\/F25-Monestir-de-Poblet-1.jpg\" class=\"attachment-large size-large wp-image-15152\" alt=\"\" srcset=\"https:\/\/www.elturistatranquil.com\/wp-content\/uploads\/F25-Monestir-de-Poblet-1.jpg 800w, https:\/\/www.elturistatranquil.com\/wp-content\/uploads\/F25-Monestir-de-Poblet-1-768x512.jpg 768w\" sizes=\"(max-width: 800px) 100vw, 800px\" \/>\t\t\t\t\t\t\t\t\t\t\t<figcaption class=\"widget-image-caption wp-caption-text\">Claustre major<\/figcaption>\n\t\t\t\t\t\t\t\t\t\t<\/figure>\n\t\t\t\t\t\t\t\t\t<\/div>\n\t\t\t\t<\/div>\n\t\t\t\t<div class=\"elementor-element elementor-element-2dbd9042 elementor-widget elementor-widget-menu-anchor\" data-id=\"2dbd9042\" data-element_type=\"widget\" data-e-type=\"widget\" data-widget_type=\"menu-anchor.default\">\n\t\t\t\t<div class=\"elementor-widget-container\">\n\t\t\t\t\t\t\t<div class=\"elementor-menu-anchor\" id=\"a0909\"><\/div>\n\t\t\t\t\t\t<\/div>\n\t\t\t\t<\/div>\n\t\t\t\t<div class=\"elementor-element elementor-element-1c580193 elementor-widget elementor-widget-image\" data-id=\"1c580193\" data-element_type=\"widget\" data-e-type=\"widget\" data-widget_type=\"image.default\">\n\t\t\t\t<div class=\"elementor-widget-container\">\n\t\t\t\t\t\t\t\t\t\t\t\t<figure class=\"wp-caption\">\n\t\t\t\t\t\t\t\t\t\t<img loading=\"lazy\" decoding=\"async\" width=\"800\" height=\"533\" src=\"https:\/\/www.elturistatranquil.com\/wp-content\/uploads\/F26-Monestir-de-Poblet-1.jpg\" class=\"attachment-large size-large wp-image-15154\" alt=\"\" srcset=\"https:\/\/www.elturistatranquil.com\/wp-content\/uploads\/F26-Monestir-de-Poblet-1.jpg 800w, https:\/\/www.elturistatranquil.com\/wp-content\/uploads\/F26-Monestir-de-Poblet-1-768x512.jpg 768w\" sizes=\"(max-width: 800px) 100vw, 800px\" \/>\t\t\t\t\t\t\t\t\t\t\t<figcaption class=\"widget-image-caption wp-caption-text\">Dormitori hist\u00f2ric<\/figcaption>\n\t\t\t\t\t\t\t\t\t\t<\/figure>\n\t\t\t\t\t\t\t\t\t<\/div>\n\t\t\t\t<\/div>\n\t\t\t\t<div class=\"elementor-element elementor-element-78e625fe elementor-widget elementor-widget-heading\" data-id=\"78e625fe\" data-element_type=\"widget\" data-e-type=\"widget\" data-widget_type=\"heading.default\">\n\t\t\t\t<div class=\"elementor-widget-container\">\n\t\t\t\t\t<h3 class=\"elementor-heading-title elementor-size-default\">Passejar per l\u2019entorn del Monestir<\/h3>\t\t\t\t<\/div>\n\t\t\t\t<\/div>\n\t\t\t\t<div class=\"elementor-element elementor-element-643bdb6f elementor-widget elementor-widget-text-editor\" data-id=\"643bdb6f\" data-element_type=\"widget\" data-e-type=\"widget\" data-widget_type=\"text-editor.default\">\n\t\t\t\t<div class=\"elementor-widget-container\">\n\t\t\t\t\t\t\t\t\t<p>Caminar per l\u2019entorn del mur que envolta el recinte s\u00f3n dues opcions, b\u00e9 en direcci\u00f3 nord, vers l\u2019Espluga de Francol\u00ed, a uns 3 kil\u00f2metres, o en direcci\u00f3 sud-est, en direcci\u00f3 a Les Masies a poc m\u00e9s d\u2019un kil\u00f2metre.<\/p>\t\t\t\t\t\t\t\t<\/div>\n\t\t\t\t<\/div>\n\t\t\t\t<div class=\"elementor-element elementor-element-11f94a08 elementor-widget elementor-widget-image\" data-id=\"11f94a08\" data-element_type=\"widget\" data-e-type=\"widget\" data-widget_type=\"image.default\">\n\t\t\t\t<div class=\"elementor-widget-container\">\n\t\t\t\t\t\t\t\t\t\t\t\t<figure class=\"wp-caption\">\n\t\t\t\t\t\t\t\t\t\t<img loading=\"lazy\" decoding=\"async\" width=\"800\" height=\"533\" src=\"https:\/\/www.elturistatranquil.com\/wp-content\/uploads\/F27-Monestir-de-Poblet-1.jpg\" class=\"attachment-large size-large wp-image-15156\" alt=\"\" srcset=\"https:\/\/www.elturistatranquil.com\/wp-content\/uploads\/F27-Monestir-de-Poblet-1.jpg 800w, https:\/\/www.elturistatranquil.com\/wp-content\/uploads\/F27-Monestir-de-Poblet-1-768x512.jpg 768w\" sizes=\"(max-width: 800px) 100vw, 800px\" \/>\t\t\t\t\t\t\t\t\t\t\t<figcaption class=\"widget-image-caption wp-caption-text\"><\/figcaption>\n\t\t\t\t\t\t\t\t\t\t<\/figure>\n\t\t\t\t\t\t\t\t\t<\/div>\n\t\t\t\t<\/div>\n\t\t\t\t<div class=\"elementor-element elementor-element-4505fd40 elementor-widget elementor-widget-menu-anchor\" data-id=\"4505fd40\" data-element_type=\"widget\" data-e-type=\"widget\" data-widget_type=\"menu-anchor.default\">\n\t\t\t\t<div class=\"elementor-widget-container\">\n\t\t\t\t\t\t\t<div class=\"elementor-menu-anchor\" id=\"a0910\"><\/div>\n\t\t\t\t\t\t<\/div>\n\t\t\t\t<\/div>\n\t\t\t\t<div class=\"elementor-element elementor-element-3397669f elementor-widget elementor-widget-image\" data-id=\"3397669f\" data-element_type=\"widget\" data-e-type=\"widget\" data-widget_type=\"image.default\">\n\t\t\t\t<div class=\"elementor-widget-container\">\n\t\t\t\t\t\t\t\t\t\t\t\t<figure class=\"wp-caption\">\n\t\t\t\t\t\t\t\t\t\t<img loading=\"lazy\" decoding=\"async\" width=\"800\" height=\"533\" src=\"https:\/\/www.elturistatranquil.com\/wp-content\/uploads\/F28-Monestir-de-Poblet-1.jpg\" class=\"attachment-large size-large wp-image-15158\" alt=\"\" srcset=\"https:\/\/www.elturistatranquil.com\/wp-content\/uploads\/F28-Monestir-de-Poblet-1.jpg 800w, https:\/\/www.elturistatranquil.com\/wp-content\/uploads\/F28-Monestir-de-Poblet-1-768x512.jpg 768w\" sizes=\"(max-width: 800px) 100vw, 800px\" \/>\t\t\t\t\t\t\t\t\t\t\t<figcaption class=\"widget-image-caption wp-caption-text\"><\/figcaption>\n\t\t\t\t\t\t\t\t\t\t<\/figure>\n\t\t\t\t\t\t\t\t\t<\/div>\n\t\t\t\t<\/div>\n\t\t\t\t<div class=\"elementor-element elementor-element-5bd3a297 elementor-widget elementor-widget-heading\" data-id=\"5bd3a297\" data-element_type=\"widget\" data-e-type=\"widget\" data-widget_type=\"heading.default\">\n\t\t\t\t<div class=\"elementor-widget-container\">\n\t\t\t\t\t<h3 class=\"elementor-heading-title elementor-size-default\">Rutes pel Paratge Natural de Poblet<\/h3>\t\t\t\t<\/div>\n\t\t\t\t<\/div>\n\t\t\t\t<div class=\"elementor-element elementor-element-4550a5df elementor-widget elementor-widget-text-editor\" data-id=\"4550a5df\" data-element_type=\"widget\" data-e-type=\"widget\" data-widget_type=\"text-editor.default\">\n\t\t\t\t<div class=\"elementor-widget-container\">\n\t\t\t\t\t\t\t\t\t<p>Si voleu una caminada m\u00e9s llarga podeu endinsar-vos en la natura del <strong>Paratge Natural de Poblet<\/strong>. A Informaci\u00f3 Tur\u00edstica us proporcionaran\u00a0 un mapa amb rutes.<\/p>\t\t\t\t\t\t\t\t<\/div>\n\t\t\t\t<\/div>\n\t\t\t\t<div class=\"elementor-element elementor-element-1925cc29 elementor-widget elementor-widget-menu-anchor\" data-id=\"1925cc29\" data-element_type=\"widget\" data-e-type=\"widget\" data-widget_type=\"menu-anchor.default\">\n\t\t\t\t<div class=\"elementor-widget-container\">\n\t\t\t\t\t\t\t<div class=\"elementor-menu-anchor\" id=\"a0911\"><\/div>\n\t\t\t\t\t\t<\/div>\n\t\t\t\t<\/div>\n\t\t\t\t<div class=\"elementor-element elementor-element-49a7a8a2 elementor-widget elementor-widget-image\" data-id=\"49a7a8a2\" data-element_type=\"widget\" data-e-type=\"widget\" data-widget_type=\"image.default\">\n\t\t\t\t<div class=\"elementor-widget-container\">\n\t\t\t\t\t\t\t\t\t\t\t\t<figure class=\"wp-caption\">\n\t\t\t\t\t\t\t\t\t\t<img loading=\"lazy\" decoding=\"async\" width=\"800\" height=\"533\" src=\"https:\/\/www.elturistatranquil.com\/wp-content\/uploads\/F29-Paratge-protegit-de-Poblet-1.jpg\" class=\"attachment-large size-large wp-image-15160\" alt=\"\" srcset=\"https:\/\/www.elturistatranquil.com\/wp-content\/uploads\/F29-Paratge-protegit-de-Poblet-1.jpg 800w, https:\/\/www.elturistatranquil.com\/wp-content\/uploads\/F29-Paratge-protegit-de-Poblet-1-768x512.jpg 768w\" sizes=\"(max-width: 800px) 100vw, 800px\" \/>\t\t\t\t\t\t\t\t\t\t\t<figcaption class=\"widget-image-caption wp-caption-text\"><\/figcaption>\n\t\t\t\t\t\t\t\t\t\t<\/figure>\n\t\t\t\t\t\t\t\t\t<\/div>\n\t\t\t\t<\/div>\n\t\t\t\t<div class=\"elementor-element elementor-element-55f57a66 elementor-widget elementor-widget-heading\" data-id=\"55f57a66\" data-element_type=\"widget\" data-e-type=\"widget\" data-widget_type=\"heading.default\">\n\t\t\t\t<div class=\"elementor-widget-container\">\n\t\t\t\t\t<h3 class=\"elementor-heading-title elementor-size-default\">Visita a Vimbod\u00ed. Museu del Vidre <\/h3>\t\t\t\t<\/div>\n\t\t\t\t<\/div>\n\t\t\t\t<div class=\"elementor-element elementor-element-74626909 elementor-widget elementor-widget-text-editor\" data-id=\"74626909\" data-element_type=\"widget\" data-e-type=\"widget\" data-widget_type=\"text-editor.default\">\n\t\t\t\t<div class=\"elementor-widget-container\">\n\t\t\t\t\t\t\t\t\t<p>Vimbod\u00ed, a 5 kil\u00f2metres, \u00e9s la localitat central del municipi, amb 828 habitants en 2018.<\/p><p>A part de passejar pel poble, el m\u00e9s destacables es l\u2019<strong>Esgl\u00e9sia de la Transfiguraci\u00f3<\/strong>, situada a la part mes alta del poble i dedicada a Sant Salvador, patr\u00f3 de la Vila. Es va comen\u00e7ar a construir l&#8217;any 1287, sota la tutela de Poblet.<\/p>\t\t\t\t\t\t\t\t<\/div>\n\t\t\t\t<\/div>\n\t\t\t\t<div class=\"elementor-element elementor-element-23bf127e elementor-widget elementor-widget-image\" data-id=\"23bf127e\" data-element_type=\"widget\" data-e-type=\"widget\" data-widget_type=\"image.default\">\n\t\t\t\t<div class=\"elementor-widget-container\">\n\t\t\t\t\t\t\t\t\t\t\t\t<figure class=\"wp-caption\">\n\t\t\t\t\t\t\t\t\t\t<img loading=\"lazy\" decoding=\"async\" width=\"800\" height=\"533\" src=\"https:\/\/www.elturistatranquil.com\/wp-content\/uploads\/F30-Vimbodi-1.jpg\" class=\"attachment-large size-large wp-image-15162\" alt=\"\" srcset=\"https:\/\/www.elturistatranquil.com\/wp-content\/uploads\/F30-Vimbodi-1.jpg 800w, https:\/\/www.elturistatranquil.com\/wp-content\/uploads\/F30-Vimbodi-1-768x512.jpg 768w\" sizes=\"(max-width: 800px) 100vw, 800px\" \/>\t\t\t\t\t\t\t\t\t\t\t<figcaption class=\"widget-image-caption wp-caption-text\"><\/figcaption>\n\t\t\t\t\t\t\t\t\t\t<\/figure>\n\t\t\t\t\t\t\t\t\t<\/div>\n\t\t\t\t<\/div>\n\t\t\t\t<div class=\"elementor-element elementor-element-161b49d7 elementor-widget elementor-widget-text-editor\" data-id=\"161b49d7\" data-element_type=\"widget\" data-e-type=\"widget\" data-widget_type=\"text-editor.default\">\n\t\t\t\t<div class=\"elementor-widget-container\">\n\t\t\t\t\t\t\t\t\t<p>Es pot visitar el <strong>Museu i Forn del Vidre <\/strong>\u00a0on es reconeix la import\u00e0ncia que el vidre bufat havia tingut a Vimbod\u00ed durant la primera meitat del segle XX.<\/p>\t\t\t\t\t\t\t\t<\/div>\n\t\t\t\t<\/div>\n\t\t\t\t<div class=\"elementor-element elementor-element-240f273f elementor-widget elementor-widget-image\" data-id=\"240f273f\" data-element_type=\"widget\" data-e-type=\"widget\" data-widget_type=\"image.default\">\n\t\t\t\t<div class=\"elementor-widget-container\">\n\t\t\t\t\t\t\t\t\t\t\t\t<figure class=\"wp-caption\">\n\t\t\t\t\t\t\t\t\t\t<img loading=\"lazy\" decoding=\"async\" width=\"800\" height=\"533\" src=\"https:\/\/www.elturistatranquil.com\/wp-content\/uploads\/F31-Vimbodi-1.jpg\" class=\"attachment-large size-large wp-image-15164\" alt=\"\" srcset=\"https:\/\/www.elturistatranquil.com\/wp-content\/uploads\/F31-Vimbodi-1.jpg 800w, https:\/\/www.elturistatranquil.com\/wp-content\/uploads\/F31-Vimbodi-1-768x512.jpg 768w\" sizes=\"(max-width: 800px) 100vw, 800px\" \/>\t\t\t\t\t\t\t\t\t\t\t<figcaption class=\"widget-image-caption wp-caption-text\"><\/figcaption>\n\t\t\t\t\t\t\t\t\t\t<\/figure>\n\t\t\t\t\t\t\t\t\t<\/div>\n\t\t\t\t<\/div>\n\t\t\t\t<div class=\"elementor-element elementor-element-6146cd8b elementor-widget elementor-widget-image\" data-id=\"6146cd8b\" data-element_type=\"widget\" data-e-type=\"widget\" data-widget_type=\"image.default\">\n\t\t\t\t<div class=\"elementor-widget-container\">\n\t\t\t\t\t\t\t\t\t\t\t\t<figure class=\"wp-caption\">\n\t\t\t\t\t\t\t\t\t\t<img loading=\"lazy\" decoding=\"async\" width=\"800\" height=\"533\" src=\"https:\/\/www.elturistatranquil.com\/wp-content\/uploads\/F32-Vimbodi-Museu-del-Vidre-1.jpg\" class=\"attachment-large size-large wp-image-15166\" alt=\"\" srcset=\"https:\/\/www.elturistatranquil.com\/wp-content\/uploads\/F32-Vimbodi-Museu-del-Vidre-1.jpg 800w, https:\/\/www.elturistatranquil.com\/wp-content\/uploads\/F32-Vimbodi-Museu-del-Vidre-1-768x512.jpg 768w\" sizes=\"(max-width: 800px) 100vw, 800px\" \/>\t\t\t\t\t\t\t\t\t\t\t<figcaption class=\"widget-image-caption wp-caption-text\"><\/figcaption>\n\t\t\t\t\t\t\t\t\t\t<\/figure>\n\t\t\t\t\t\t\t\t\t<\/div>\n\t\t\t\t<\/div>\n\t\t\t\t<div class=\"elementor-element elementor-element-6047e696 elementor-widget elementor-widget-text-editor\" data-id=\"6047e696\" data-element_type=\"widget\" data-e-type=\"widget\" data-widget_type=\"text-editor.default\">\n\t\t\t\t<div class=\"elementor-widget-container\">\n\t\t\t\t\t\t\t\t\t<p>Tamb\u00e9 us podreu atrevir a passar pel <strong>carrer Les Abra\u00e7ades<\/strong>, de 94 cm d\u2019amplada, un dels m\u00e9s estrets de Catalunya i Espanya, i que rep el seu nom perqu\u00e8 dues persones que es creuin no podran passar-hi si no s\u2019abracen.<\/p>\t\t\t\t\t\t\t\t<\/div>\n\t\t\t\t<\/div>\n\t\t\t\t<div class=\"elementor-element elementor-element-62c3f8ed elementor-widget elementor-widget-menu-anchor\" data-id=\"62c3f8ed\" data-element_type=\"widget\" data-e-type=\"widget\" data-widget_type=\"menu-anchor.default\">\n\t\t\t\t<div class=\"elementor-widget-container\">\n\t\t\t\t\t\t\t<div class=\"elementor-menu-anchor\" id=\"a0912\"><\/div>\n\t\t\t\t\t\t<\/div>\n\t\t\t\t<\/div>\n\t\t\t\t<div class=\"elementor-element elementor-element-5b97e8fd elementor-widget elementor-widget-menu-anchor\" data-id=\"5b97e8fd\" data-element_type=\"widget\" data-e-type=\"widget\" data-widget_type=\"menu-anchor.default\">\n\t\t\t\t<div class=\"elementor-widget-container\">\n\t\t\t\t\t\t\t<div class=\"elementor-menu-anchor\" id=\"a0913\"><\/div>\n\t\t\t\t\t\t<\/div>\n\t\t\t\t<\/div>\n\t\t\t\t<div class=\"elementor-element elementor-element-767bd1c4 elementor-widget elementor-widget-image\" data-id=\"767bd1c4\" data-element_type=\"widget\" data-e-type=\"widget\" data-widget_type=\"image.default\">\n\t\t\t\t<div class=\"elementor-widget-container\">\n\t\t\t\t\t\t\t\t\t\t\t\t<figure class=\"wp-caption\">\n\t\t\t\t\t\t\t\t\t\t<img loading=\"lazy\" decoding=\"async\" width=\"407\" height=\"550\" src=\"https:\/\/www.elturistatranquil.com\/wp-content\/uploads\/F33-Vimbodi-1.jpg\" class=\"attachment-large size-large wp-image-15168\" alt=\"\" \/>\t\t\t\t\t\t\t\t\t\t\t<figcaption class=\"widget-image-caption wp-caption-text\"><\/figcaption>\n\t\t\t\t\t\t\t\t\t\t<\/figure>\n\t\t\t\t\t\t\t\t\t<\/div>\n\t\t\t\t<\/div>\n\t\t\t\t<div class=\"elementor-element elementor-element-4a98fe95 elementor-widget elementor-widget-heading\" data-id=\"4a98fe95\" data-element_type=\"widget\" data-e-type=\"widget\" data-widget_type=\"heading.default\">\n\t\t\t\t<div class=\"elementor-widget-container\">\n\t\t\t\t\t<h2 class=\"elementor-heading-title elementor-size-default\">Sortides de mitja jornada <\/h2>\t\t\t\t<\/div>\n\t\t\t\t<\/div>\n\t\t\t\t<div class=\"elementor-element elementor-element-7bb620d elementor-widget elementor-widget-heading\" data-id=\"7bb620d\" data-element_type=\"widget\" data-e-type=\"widget\" data-widget_type=\"heading.default\">\n\t\t\t\t<div class=\"elementor-widget-container\">\n\t\t\t\t\t<h3 class=\"elementor-heading-title elementor-size-default\">L\u2019Espluga de Francol\u00ed<\/h3>\t\t\t\t<\/div>\n\t\t\t\t<\/div>\n\t\t\t\t<div class=\"elementor-element elementor-element-cf9eb3c elementor-widget elementor-widget-text-editor\" data-id=\"cf9eb3c\" data-element_type=\"widget\" data-e-type=\"widget\" data-widget_type=\"text-editor.default\">\n\t\t\t\t<div class=\"elementor-widget-container\">\n\t\t\t\t\t\t\t\t\t<p>A 3 kil\u00f2metres tenim el poble ve\u00ed de l\u2019<strong>Espluga de Francol\u00ed<\/strong>. La localitat tenia 3.658 habitants en 2018 i 3.742 el municipi al 2018, situada a una altitud de 411 msnm.<\/p><p>La vila actual cal situar-la en un origen medieval i va ser terra de domini de l\u2019<a href=\"https:\/\/www.elturistatranquil.com\/ca\/esglesies-monestirs-i-ordres-religioses-a-ledat-mitjana\/\" target=\"_blank\" rel=\"noopener\">Ordre de l\u2019Hospital de Sant Joan de Jerusalem<\/a>.<\/p><p>Monestirs<\/p><p>En el recorregut pel centre de la localitat podem veure els edificis de l\u2019\u00e8poca medieval com l\u2019<strong>Esgl\u00e9sia Vella<\/strong> del segle XIII i l\u2019<strong>Ajuntament<\/strong>.<\/p>\t\t\t\t\t\t\t\t<\/div>\n\t\t\t\t<\/div>\n\t\t\t\t<div class=\"elementor-element elementor-element-709ef782 elementor-widget elementor-widget-image\" data-id=\"709ef782\" data-element_type=\"widget\" data-e-type=\"widget\" data-widget_type=\"image.default\">\n\t\t\t\t<div class=\"elementor-widget-container\">\n\t\t\t\t\t\t\t\t\t\t\t\t<figure class=\"wp-caption\">\n\t\t\t\t\t\t\t\t\t\t<img loading=\"lazy\" decoding=\"async\" width=\"366\" height=\"550\" src=\"https:\/\/www.elturistatranquil.com\/wp-content\/uploads\/F34-LEspluga-de-francoli-1.jpg\" class=\"attachment-large size-large wp-image-15170\" alt=\"\" \/>\t\t\t\t\t\t\t\t\t\t\t<figcaption class=\"widget-image-caption wp-caption-text\"><\/figcaption>\n\t\t\t\t\t\t\t\t\t\t<\/figure>\n\t\t\t\t\t\t\t\t\t<\/div>\n\t\t\t\t<\/div>\n\t\t\t\t<div class=\"elementor-element elementor-element-7f9015a5 elementor-widget elementor-widget-text-editor\" data-id=\"7f9015a5\" data-element_type=\"widget\" data-e-type=\"widget\" data-widget_type=\"text-editor.default\">\n\t\t\t\t<div class=\"elementor-widget-container\">\n\t\t\t\t\t\t\t\t\t<p>Enfront es situa l\u2019<strong>Esgl\u00e9sia nova,<\/strong> \u00e9s neocl\u00e0ssica acabada el 1888.<\/p><p>Crec que \u00e9s summament interessant efectuar una visita <strong>al Museu de la Vida Rural<\/strong>, on en una instal\u00b7laci\u00f3 mod\u00e8lica, es mostra el passat, present i futur del m\u00f3n rural.<\/p>\t\t\t\t\t\t\t\t<\/div>\n\t\t\t\t<\/div>\n\t\t\t\t<div class=\"elementor-element elementor-element-220613ff elementor-widget elementor-widget-image\" data-id=\"220613ff\" data-element_type=\"widget\" data-e-type=\"widget\" data-widget_type=\"image.default\">\n\t\t\t\t<div class=\"elementor-widget-container\">\n\t\t\t\t\t\t\t\t\t\t\t\t<figure class=\"wp-caption\">\n\t\t\t\t\t\t\t\t\t\t<img loading=\"lazy\" decoding=\"async\" width=\"800\" height=\"533\" src=\"https:\/\/www.elturistatranquil.com\/wp-content\/uploads\/F35-LEspluga-de-francoli-Museu-de-la-vida-rural-1.jpg\" class=\"attachment-large size-large wp-image-15172\" alt=\"\" srcset=\"https:\/\/www.elturistatranquil.com\/wp-content\/uploads\/F35-LEspluga-de-francoli-Museu-de-la-vida-rural-1.jpg 800w, https:\/\/www.elturistatranquil.com\/wp-content\/uploads\/F35-LEspluga-de-francoli-Museu-de-la-vida-rural-1-768x512.jpg 768w\" sizes=\"(max-width: 800px) 100vw, 800px\" \/>\t\t\t\t\t\t\t\t\t\t\t<figcaption class=\"widget-image-caption wp-caption-text\"><\/figcaption>\n\t\t\t\t\t\t\t\t\t\t<\/figure>\n\t\t\t\t\t\t\t\t\t<\/div>\n\t\t\t\t<\/div>\n\t\t\t\t<div class=\"elementor-element elementor-element-67275d09 elementor-widget elementor-widget-text-editor\" data-id=\"67275d09\" data-element_type=\"widget\" data-e-type=\"widget\" data-widget_type=\"text-editor.default\">\n\t\t\t\t<div class=\"elementor-widget-container\">\n\t\t\t\t\t\t\t\t\t<p>Tamb\u00e9 es visitable el <strong>Museu Fassina Balany\u00e0, que<\/strong> \u00e9s una antiga f\u00e0brica d\u2019aiguardent restaurada.<\/p><p>Ja fora del recinte urb\u00e0 es localitzen diverses propostes de gran inter\u00e8s.<\/p><p>Un <strong>Celler modernista<\/strong> catal\u00e0 est\u00e0 ubicat a la localitat, obra de l\u2019arquitecte Pere Dom\u00e8nech i Roura, \u00e9s tamb\u00e9 Museu del Vi. Si voleu, podreu comprar els sues productes, com vi i oli.<\/p>\t\t\t\t\t\t\t\t<\/div>\n\t\t\t\t<\/div>\n\t\t\t\t<div class=\"elementor-element elementor-element-73b8bf54 elementor-widget elementor-widget-image\" data-id=\"73b8bf54\" data-element_type=\"widget\" data-e-type=\"widget\" data-widget_type=\"image.default\">\n\t\t\t\t<div class=\"elementor-widget-container\">\n\t\t\t\t\t\t\t\t\t\t\t\t<figure class=\"wp-caption\">\n\t\t\t\t\t\t\t\t\t\t<img loading=\"lazy\" decoding=\"async\" width=\"800\" height=\"533\" src=\"https:\/\/www.elturistatranquil.com\/wp-content\/uploads\/F36-LEspluga-de-francoli-Celler-1.jpg\" class=\"attachment-large size-large wp-image-15174\" alt=\"\" srcset=\"https:\/\/www.elturistatranquil.com\/wp-content\/uploads\/F36-LEspluga-de-francoli-Celler-1.jpg 800w, https:\/\/www.elturistatranquil.com\/wp-content\/uploads\/F36-LEspluga-de-francoli-Celler-1-768x512.jpg 768w\" sizes=\"(max-width: 800px) 100vw, 800px\" \/>\t\t\t\t\t\t\t\t\t\t\t<figcaption class=\"widget-image-caption wp-caption-text\"><\/figcaption>\n\t\t\t\t\t\t\t\t\t\t<\/figure>\n\t\t\t\t\t\t\t\t\t<\/div>\n\t\t\t\t<\/div>\n\t\t\t\t<div class=\"elementor-element elementor-element-3e64aa69 elementor-widget elementor-widget-menu-anchor\" data-id=\"3e64aa69\" data-element_type=\"widget\" data-e-type=\"widget\" data-widget_type=\"menu-anchor.default\">\n\t\t\t\t<div class=\"elementor-widget-container\">\n\t\t\t\t\t\t\t<div class=\"elementor-menu-anchor\" id=\"a0914\"><\/div>\n\t\t\t\t\t\t<\/div>\n\t\t\t\t<\/div>\n\t\t\t\t<div class=\"elementor-element elementor-element-5b4e4a20 elementor-widget elementor-widget-text-editor\" data-id=\"5b4e4a20\" data-element_type=\"widget\" data-e-type=\"widget\" data-widget_type=\"text-editor.default\">\n\t\t\t\t<div class=\"elementor-widget-container\">\n\t\t\t\t\t\t\t\t\t<p>La <strong>Font Major<\/strong> es considera el punt de naixement del riu Francol\u00ed.<\/p><p>La <strong>Cova Museu de la Font Major<\/strong> a m\u00e9s del seu inter\u00e8s geol\u00f2gic presenta indicis d\u2019haver estat ocupada ja per neandertals. \u00c9s un conjunt muse\u00eftzat.<\/p>\t\t\t\t\t\t\t\t<\/div>\n\t\t\t\t<\/div>\n\t\t\t\t<div class=\"elementor-element elementor-element-7afa69e4 elementor-widget elementor-widget-heading\" data-id=\"7afa69e4\" data-element_type=\"widget\" data-e-type=\"widget\" data-widget_type=\"heading.default\">\n\t\t\t\t<div class=\"elementor-widget-container\">\n\t\t\t\t\t<h3 class=\"elementor-heading-title elementor-size-default\">Montblanc<\/h3>\t\t\t\t<\/div>\n\t\t\t\t<\/div>\n\t\t\t\t<div class=\"elementor-element elementor-element-5c4f01cc elementor-widget elementor-widget-text-editor\" data-id=\"5c4f01cc\" data-element_type=\"widget\" data-e-type=\"widget\" data-widget_type=\"text-editor.default\">\n\t\t\t\t<div class=\"elementor-widget-container\">\n\t\t\t\t\t\t\t\t\t<p>Enlla\u00e7 amb el <em>Post<\/em>: <a href=\"https:\/\/www.elturistatranquil.com\/ca\/montblanc-tarragona\/\" target=\"_blank\" rel=\"noopener\"><strong>Montblanc (Tarragona)<\/strong><\/a><\/p>\t\t\t\t\t\t\t\t<\/div>\n\t\t\t\t<\/div>\n\t\t\t\t<div class=\"elementor-element elementor-element-3e86e16 elementor-widget elementor-widget-text-editor\" data-id=\"3e86e16\" data-element_type=\"widget\" data-e-type=\"widget\" data-widget_type=\"text-editor.default\">\n\t\t\t\t<div class=\"elementor-widget-container\">\n\t\t\t\t\t\t\t\t\t<p>Una visita interessant \u00e9s <strong>Montblanc<\/strong>, Vila Ducal des de 1387, i declarada\u00a0<em>Conjunt Hist\u00f2rico-Art\u00edstic<\/em> des de 1948.<\/p><p>Es troba a 10 kil\u00f2metres, a una altitud de 355 msnm. La localitat tenia 6.859 habitants i 7.384 el municipi al 2018, repartit en sis nuclis.<\/p><p>Des del Paleol\u00edtic el territori ha estat ocupada, aix\u00ed com por pobladors ibers i romans. Per\u00f2 \u00e9s el 1080 que es cre\u00e0 el primer nucli de poblaci\u00f3 amb continu\u00eftat fins al nostres dies.<\/p><p>La proposta usual de visita es seguir un recorregut que combina els monuments amb part de les muralles i museus.<\/p><p>Per la meva banda vaig preferir dedicar la primera part de la visita a rec\u00f3rrer tot l\u2019exterior de la <strong>muralla medieval<\/strong>, ja que es mant\u00e9 quasi completa, amb torrasses i portes.<\/p>\t\t\t\t\t\t\t\t<\/div>\n\t\t\t\t<\/div>\n\t\t\t\t<div class=\"elementor-element elementor-element-48162dda elementor-widget elementor-widget-image\" data-id=\"48162dda\" data-element_type=\"widget\" data-e-type=\"widget\" data-widget_type=\"image.default\">\n\t\t\t\t<div class=\"elementor-widget-container\">\n\t\t\t\t\t\t\t\t\t\t\t\t<figure class=\"wp-caption\">\n\t\t\t\t\t\t\t\t\t\t<img loading=\"lazy\" decoding=\"async\" width=\"800\" height=\"533\" src=\"https:\/\/www.elturistatranquil.com\/wp-content\/uploads\/F37-Montblanc-1.jpg\" class=\"attachment-large size-large wp-image-15176\" alt=\"\" srcset=\"https:\/\/www.elturistatranquil.com\/wp-content\/uploads\/F37-Montblanc-1.jpg 800w, https:\/\/www.elturistatranquil.com\/wp-content\/uploads\/F37-Montblanc-1-768x512.jpg 768w\" sizes=\"(max-width: 800px) 100vw, 800px\" \/>\t\t\t\t\t\t\t\t\t\t\t<figcaption class=\"widget-image-caption wp-caption-text\"><\/figcaption>\n\t\t\t\t\t\t\t\t\t\t<\/figure>\n\t\t\t\t\t\t\t\t\t<\/div>\n\t\t\t\t<\/div>\n\t\t\t\t<div class=\"elementor-element elementor-element-621c5fb4 elementor-widget elementor-widget-image\" data-id=\"621c5fb4\" data-element_type=\"widget\" data-e-type=\"widget\" data-widget_type=\"image.default\">\n\t\t\t\t<div class=\"elementor-widget-container\">\n\t\t\t\t\t\t\t\t\t\t\t\t<figure class=\"wp-caption\">\n\t\t\t\t\t\t\t\t\t\t<img loading=\"lazy\" decoding=\"async\" width=\"800\" height=\"533\" src=\"https:\/\/www.elturistatranquil.com\/wp-content\/uploads\/F38-Montblanc-1.jpg\" class=\"attachment-large size-large wp-image-15178\" alt=\"\" srcset=\"https:\/\/www.elturistatranquil.com\/wp-content\/uploads\/F38-Montblanc-1.jpg 800w, https:\/\/www.elturistatranquil.com\/wp-content\/uploads\/F38-Montblanc-1-768x512.jpg 768w\" sizes=\"(max-width: 800px) 100vw, 800px\" \/>\t\t\t\t\t\t\t\t\t\t\t<figcaption class=\"widget-image-caption wp-caption-text\"><\/figcaption>\n\t\t\t\t\t\t\t\t\t\t<\/figure>\n\t\t\t\t\t\t\t\t\t<\/div>\n\t\t\t\t<\/div>\n\t\t\t\t<div class=\"elementor-element elementor-element-7f6f6f02 elementor-widget elementor-widget-text-editor\" data-id=\"7f6f6f02\" data-element_type=\"widget\" data-e-type=\"widget\" data-widget_type=\"text-editor.default\">\n\t\t\t\t<div class=\"elementor-widget-container\">\n\t\t\t\t\t\t\t\t\t<p>El recorregit per l\u2019interior de la vila hem va permetre visitar monuments com el <strong>Celler Modernista<\/strong>, que \u00e9s el punt d\u2019Informaci\u00f3 Tur\u00edstica, l\u2019<strong>Esgl\u00e9sia de Santa Maria la Major<\/strong>, g\u00f2tica del segle XIV, amb una espl\u00e8ndida portada renaixentista.<\/p><p>A continuaci\u00f3 pujar al <strong>Pla de Santa B\u00e0rbara<\/strong>, cim on hi havia el Castell, per despr\u00e9s passejar pels carrers, la <strong>pla\u00e7a Major<\/strong> i pel <strong>Call<\/strong>.<\/p>\t\t\t\t\t\t\t\t<\/div>\n\t\t\t\t<\/div>\n\t\t\t\t<div class=\"elementor-element elementor-element-1d71df45 elementor-widget elementor-widget-image\" data-id=\"1d71df45\" data-element_type=\"widget\" data-e-type=\"widget\" data-widget_type=\"image.default\">\n\t\t\t\t<div class=\"elementor-widget-container\">\n\t\t\t\t\t\t\t\t\t\t\t\t<figure class=\"wp-caption\">\n\t\t\t\t\t\t\t\t\t\t<img loading=\"lazy\" decoding=\"async\" width=\"800\" height=\"533\" src=\"https:\/\/www.elturistatranquil.com\/wp-content\/uploads\/F39-Montblanc-1.jpg\" class=\"attachment-large size-large wp-image-15180\" alt=\"\" srcset=\"https:\/\/www.elturistatranquil.com\/wp-content\/uploads\/F39-Montblanc-1.jpg 800w, https:\/\/www.elturistatranquil.com\/wp-content\/uploads\/F39-Montblanc-1-768x512.jpg 768w\" sizes=\"(max-width: 800px) 100vw, 800px\" \/>\t\t\t\t\t\t\t\t\t\t\t<figcaption class=\"widget-image-caption wp-caption-text\"><\/figcaption>\n\t\t\t\t\t\t\t\t\t\t<\/figure>\n\t\t\t\t\t\t\t\t\t<\/div>\n\t\t\t\t<\/div>\n\t\t\t\t<div class=\"elementor-element elementor-element-5422a1d8 elementor-widget elementor-widget-image\" data-id=\"5422a1d8\" data-element_type=\"widget\" data-e-type=\"widget\" data-widget_type=\"image.default\">\n\t\t\t\t<div class=\"elementor-widget-container\">\n\t\t\t\t\t\t\t\t\t\t\t\t<figure class=\"wp-caption\">\n\t\t\t\t\t\t\t\t\t\t<img loading=\"lazy\" decoding=\"async\" width=\"800\" height=\"533\" src=\"https:\/\/www.elturistatranquil.com\/wp-content\/uploads\/F40-Montblanc-1.jpg\" class=\"attachment-large size-large wp-image-15182\" alt=\"\" srcset=\"https:\/\/www.elturistatranquil.com\/wp-content\/uploads\/F40-Montblanc-1.jpg 800w, https:\/\/www.elturistatranquil.com\/wp-content\/uploads\/F40-Montblanc-1-768x512.jpg 768w\" sizes=\"(max-width: 800px) 100vw, 800px\" \/>\t\t\t\t\t\t\t\t\t\t\t<figcaption class=\"widget-image-caption wp-caption-text\"><\/figcaption>\n\t\t\t\t\t\t\t\t\t\t<\/figure>\n\t\t\t\t\t\t\t\t\t<\/div>\n\t\t\t\t<\/div>\n\t\t\t\t<div class=\"elementor-element elementor-element-6b30923f elementor-widget elementor-widget-image\" data-id=\"6b30923f\" data-element_type=\"widget\" data-e-type=\"widget\" data-widget_type=\"image.default\">\n\t\t\t\t<div class=\"elementor-widget-container\">\n\t\t\t\t\t\t\t\t\t\t\t\t<figure class=\"wp-caption\">\n\t\t\t\t\t\t\t\t\t\t<img loading=\"lazy\" decoding=\"async\" width=\"800\" height=\"533\" src=\"https:\/\/www.elturistatranquil.com\/wp-content\/uploads\/F41-Montblanc-1.jpg\" class=\"attachment-large size-large wp-image-15184\" alt=\"\" srcset=\"https:\/\/www.elturistatranquil.com\/wp-content\/uploads\/F41-Montblanc-1.jpg 800w, https:\/\/www.elturistatranquil.com\/wp-content\/uploads\/F41-Montblanc-1-768x512.jpg 768w\" sizes=\"(max-width: 800px) 100vw, 800px\" \/>\t\t\t\t\t\t\t\t\t\t\t<figcaption class=\"widget-image-caption wp-caption-text\"><\/figcaption>\n\t\t\t\t\t\t\t\t\t\t<\/figure>\n\t\t\t\t\t\t\t\t\t<\/div>\n\t\t\t\t<\/div>\n\t\t\t\t<div class=\"elementor-element elementor-element-18debbca elementor-widget elementor-widget-text-editor\" data-id=\"18debbca\" data-element_type=\"widget\" data-e-type=\"widget\" data-widget_type=\"text-editor.default\">\n\t\t\t\t<div class=\"elementor-widget-container\">\n\t\t\t\t\t\t\t\t\t<p>Per acabar, \u00a0la visita a l\u2019interessant <strong>Museu Comarcal de la Conca de Barber\u00e0 (MCCB),<\/strong> amb un bloc de contingut etnogr\u00e0fic de tots els oficis hist\u00f2rics del territori, un segon d\u2019hist\u00f2ria de la Conca de Barber\u00e0, i un tercer de l\u2019art contemporani a la Conca.<\/p>\t\t\t\t\t\t\t\t<\/div>\n\t\t\t\t<\/div>\n\t\t\t\t<div class=\"elementor-element elementor-element-235ac3b8 elementor-widget elementor-widget-menu-anchor\" data-id=\"235ac3b8\" data-element_type=\"widget\" data-e-type=\"widget\" data-widget_type=\"menu-anchor.default\">\n\t\t\t\t<div class=\"elementor-widget-container\">\n\t\t\t\t\t\t\t<div class=\"elementor-menu-anchor\" id=\"a0915\"><\/div>\n\t\t\t\t\t\t<\/div>\n\t\t\t\t<\/div>\n\t\t\t\t<div class=\"elementor-element elementor-element-ed57cd1 elementor-widget elementor-widget-image\" data-id=\"ed57cd1\" data-element_type=\"widget\" data-e-type=\"widget\" data-widget_type=\"image.default\">\n\t\t\t\t<div class=\"elementor-widget-container\">\n\t\t\t\t\t\t\t\t\t\t\t\t<figure class=\"wp-caption\">\n\t\t\t\t\t\t\t\t\t\t<img loading=\"lazy\" decoding=\"async\" width=\"800\" height=\"533\" src=\"https:\/\/www.elturistatranquil.com\/wp-content\/uploads\/F42-Montblanc-1.jpg\" class=\"attachment-large size-large wp-image-15186\" alt=\"\" srcset=\"https:\/\/www.elturistatranquil.com\/wp-content\/uploads\/F42-Montblanc-1.jpg 800w, https:\/\/www.elturistatranquil.com\/wp-content\/uploads\/F42-Montblanc-1-768x512.jpg 768w\" sizes=\"(max-width: 800px) 100vw, 800px\" \/>\t\t\t\t\t\t\t\t\t\t\t<figcaption class=\"widget-image-caption wp-caption-text\"><\/figcaption>\n\t\t\t\t\t\t\t\t\t\t<\/figure>\n\t\t\t\t\t\t\t\t\t<\/div>\n\t\t\t\t<\/div>\n\t\t\t\t<div class=\"elementor-element elementor-element-63b79750 elementor-widget elementor-widget-heading\" data-id=\"63b79750\" data-element_type=\"widget\" data-e-type=\"widget\" data-widget_type=\"heading.default\">\n\t\t\t\t<div class=\"elementor-widget-container\">\n\t\t\t\t\t<h2 class=\"elementor-heading-title elementor-size-default\">Sortides de jornada completa<\/h2>\t\t\t\t<\/div>\n\t\t\t\t<\/div>\n\t\t\t\t<div class=\"elementor-element elementor-element-915d1a3 elementor-widget elementor-widget-menu-anchor\" data-id=\"915d1a3\" data-element_type=\"widget\" data-e-type=\"widget\" data-widget_type=\"menu-anchor.default\">\n\t\t\t\t<div class=\"elementor-widget-container\">\n\t\t\t\t\t\t\t<div class=\"elementor-menu-anchor\" id=\"a0916\"><\/div>\n\t\t\t\t\t\t<\/div>\n\t\t\t\t<\/div>\n\t\t\t\t<div class=\"elementor-element elementor-element-5ddd6c04 elementor-widget elementor-widget-text-editor\" data-id=\"5ddd6c04\" data-element_type=\"widget\" data-e-type=\"widget\" data-widget_type=\"text-editor.default\">\n\t\t\t\t<div class=\"elementor-widget-container\">\n\t\t\t\t\t\t\t\t\t<p>Per dedicar-hi un dia de visita hi ha nombroses possibilitats entre les que es fa dif\u00edcil triar.<\/p><p>Les dues primeres propostes han estat viscudes, i les seg\u00fcents formen part del cat\u00e0leg de possibilitats.<\/p>\t\t\t\t\t\t\t\t<\/div>\n\t\t\t\t<\/div>\n\t\t\t\t<div class=\"elementor-element elementor-element-5a950a60 elementor-widget elementor-widget-heading\" data-id=\"5a950a60\" data-element_type=\"widget\" data-e-type=\"widget\" data-widget_type=\"heading.default\">\n\t\t\t\t<div class=\"elementor-widget-container\">\n\t\t\t\t\t<h3 class=\"elementor-heading-title elementor-size-default\">Ruta per Prades - Cornudella de Montsant \u2013 Siurana \u2013 Albarca \u2013 Ulldemolins \u2013 Vilanova de Prades <\/h3>\t\t\t\t<\/div>\n\t\t\t\t<\/div>\n\t\t\t\t<div class=\"elementor-element elementor-element-23d66d7b elementor-widget elementor-widget-image\" data-id=\"23d66d7b\" data-element_type=\"widget\" data-e-type=\"widget\" data-widget_type=\"image.default\">\n\t\t\t\t<div class=\"elementor-widget-container\">\n\t\t\t\t\t\t\t\t\t\t\t\t<figure class=\"wp-caption\">\n\t\t\t\t\t\t\t\t\t\t<img loading=\"lazy\" decoding=\"async\" width=\"800\" height=\"534\" src=\"https:\/\/www.elturistatranquil.com\/wp-content\/uploads\/F43-ruta-Siurana-Prades-Google-maps-2019-03-05-1.jpg\" class=\"attachment-large size-large wp-image-15188\" alt=\"\" srcset=\"https:\/\/www.elturistatranquil.com\/wp-content\/uploads\/F43-ruta-Siurana-Prades-Google-maps-2019-03-05-1.jpg 800w, https:\/\/www.elturistatranquil.com\/wp-content\/uploads\/F43-ruta-Siurana-Prades-Google-maps-2019-03-05-1-768x513.jpg 768w\" sizes=\"(max-width: 800px) 100vw, 800px\" \/>\t\t\t\t\t\t\t\t\t\t\t<figcaption class=\"widget-image-caption wp-caption-text\">Recorregut de la sortida<\/figcaption>\n\t\t\t\t\t\t\t\t\t\t<\/figure>\n\t\t\t\t\t\t\t\t\t<\/div>\n\t\t\t\t<\/div>\n\t\t\t\t<div class=\"elementor-element elementor-element-1e91f5ab elementor-widget elementor-widget-text-editor\" data-id=\"1e91f5ab\" data-element_type=\"widget\" data-e-type=\"widget\" data-widget_type=\"text-editor.default\">\n\t\t\t\t<div class=\"elementor-widget-container\">\n\t\t\t\t\t\t\t\t\t<p>Aquesta sortida transcorre per uns 92 kil\u00f2metres, amb una durada de 2 hores, sense comptar-hi els temps de visites.<\/p><p>Va ser una sortida en que es van combinar paisatge, art, hist\u00f2ria i vida actual de manera perfecte.<\/p><p>La <strong>Serra de Prades<\/strong>, el <strong>Montsant<\/strong> i la <strong>Serra de la Llena<\/strong> van aportar la visi\u00f3 territorial i paisatg\u00edstica.<\/p><p>El circu\u00eft el vaig desenvolupar en les seg\u00fcents parades:<\/p><p><strong>Prades<\/strong> (<strong>B<\/strong>)\u00a0 amb el seu ambient medieval i la vermell\u00f3 de les seves construccions.<\/p>\t\t\t\t\t\t\t\t<\/div>\n\t\t\t\t<\/div>\n\t\t\t\t<div class=\"elementor-element elementor-element-76b2b1ec elementor-widget elementor-widget-image\" data-id=\"76b2b1ec\" data-element_type=\"widget\" data-e-type=\"widget\" data-widget_type=\"image.default\">\n\t\t\t\t<div class=\"elementor-widget-container\">\n\t\t\t\t\t\t\t\t\t\t\t\t<figure class=\"wp-caption\">\n\t\t\t\t\t\t\t\t\t\t<img loading=\"lazy\" decoding=\"async\" width=\"800\" height=\"533\" src=\"https:\/\/www.elturistatranquil.com\/wp-content\/uploads\/F44-Prades-1.jpg\" class=\"attachment-large size-large wp-image-15190\" alt=\"\" srcset=\"https:\/\/www.elturistatranquil.com\/wp-content\/uploads\/F44-Prades-1.jpg 800w, https:\/\/www.elturistatranquil.com\/wp-content\/uploads\/F44-Prades-1-768x512.jpg 768w\" sizes=\"(max-width: 800px) 100vw, 800px\" \/>\t\t\t\t\t\t\t\t\t\t\t<figcaption class=\"widget-image-caption wp-caption-text\"><\/figcaption>\n\t\t\t\t\t\t\t\t\t\t<\/figure>\n\t\t\t\t\t\t\t\t\t<\/div>\n\t\t\t\t<\/div>\n\t\t\t\t<div class=\"elementor-element elementor-element-26aaf840 elementor-widget elementor-widget-text-editor\" data-id=\"26aaf840\" data-element_type=\"widget\" data-e-type=\"widget\" data-widget_type=\"text-editor.default\">\n\t\t\t\t<div class=\"elementor-widget-container\">\n\t\t\t\t\t\t\t\t\t<p><strong>Cornudella de Montsant<\/strong> (<strong>C<\/strong>), d\u2019arrel igualment medieval, per\u00f2 amb l\u2019impronta del modernisme en el seu <strong>Celler<\/strong>, a m\u00e9s de veure el mercat setmanal.<\/p>\t\t\t\t\t\t\t\t<\/div>\n\t\t\t\t<\/div>\n\t\t\t\t<div class=\"elementor-element elementor-element-66b0e3b4 elementor-widget elementor-widget-image\" data-id=\"66b0e3b4\" data-element_type=\"widget\" data-e-type=\"widget\" data-widget_type=\"image.default\">\n\t\t\t\t<div class=\"elementor-widget-container\">\n\t\t\t\t\t\t\t\t\t\t\t\t<figure class=\"wp-caption\">\n\t\t\t\t\t\t\t\t\t\t<img loading=\"lazy\" decoding=\"async\" width=\"800\" height=\"533\" src=\"https:\/\/www.elturistatranquil.com\/wp-content\/uploads\/F45-Cpornudella-de-Montsant-1.jpg\" class=\"attachment-large size-large wp-image-15192\" alt=\"\" srcset=\"https:\/\/www.elturistatranquil.com\/wp-content\/uploads\/F45-Cpornudella-de-Montsant-1.jpg 800w, https:\/\/www.elturistatranquil.com\/wp-content\/uploads\/F45-Cpornudella-de-Montsant-1-768x512.jpg 768w\" sizes=\"(max-width: 800px) 100vw, 800px\" \/>\t\t\t\t\t\t\t\t\t\t\t<figcaption class=\"widget-image-caption wp-caption-text\"><\/figcaption>\n\t\t\t\t\t\t\t\t\t\t<\/figure>\n\t\t\t\t\t\t\t\t\t<\/div>\n\t\t\t\t<\/div>\n\t\t\t\t<div class=\"elementor-element elementor-element-34f9fabb elementor-widget elementor-widget-text-editor\" data-id=\"34f9fabb\" data-element_type=\"widget\" data-e-type=\"widget\" data-widget_type=\"text-editor.default\">\n\t\t\t\t<div class=\"elementor-widget-container\">\n\t\t\t\t\t\t\t\t\t<p>A <strong>Siurana<\/strong> (<strong>D<\/strong>), ancorada en el temps, per\u00f2 amb un bon restaurant, el Restaurant Siurana, i dominant sobre el territori del Montsant.<\/p>\t\t\t\t\t\t\t\t<\/div>\n\t\t\t\t<\/div>\n\t\t\t\t<div class=\"elementor-element elementor-element-4655e38 elementor-widget elementor-widget-text-editor\" data-id=\"4655e38\" data-element_type=\"widget\" data-e-type=\"widget\" data-widget_type=\"text-editor.default\">\n\t\t\t\t<div class=\"elementor-widget-container\">\n\t\t\t\t\t\t\t\t\t<p>Enlla\u00e7 amb el <em>Post<\/em>: <a href=\"https:\/\/www.elturistatranquil.com\/ca\/siurana-tarragona\/\" target=\"_blank\" rel=\"noopener\"><strong>Siurana (Tarragona)<\/strong><\/a><\/p>\t\t\t\t\t\t\t\t<\/div>\n\t\t\t\t<\/div>\n\t\t\t\t<div class=\"elementor-element elementor-element-16667adf elementor-widget elementor-widget-image\" data-id=\"16667adf\" data-element_type=\"widget\" data-e-type=\"widget\" data-widget_type=\"image.default\">\n\t\t\t\t<div class=\"elementor-widget-container\">\n\t\t\t\t\t\t\t\t\t\t\t\t<figure class=\"wp-caption\">\n\t\t\t\t\t\t\t\t\t\t<img loading=\"lazy\" decoding=\"async\" width=\"800\" height=\"533\" src=\"https:\/\/www.elturistatranquil.com\/wp-content\/uploads\/F52-Siurana-1.jpg\" class=\"attachment-large size-large wp-image-15194\" alt=\"\" srcset=\"https:\/\/www.elturistatranquil.com\/wp-content\/uploads\/F52-Siurana-1.jpg 800w, https:\/\/www.elturistatranquil.com\/wp-content\/uploads\/F52-Siurana-1-768x512.jpg 768w\" sizes=\"(max-width: 800px) 100vw, 800px\" \/>\t\t\t\t\t\t\t\t\t\t\t<figcaption class=\"widget-image-caption wp-caption-text\"><\/figcaption>\n\t\t\t\t\t\t\t\t\t\t<\/figure>\n\t\t\t\t\t\t\t\t\t<\/div>\n\t\t\t\t<\/div>\n\t\t\t\t<div class=\"elementor-element elementor-element-6c9680f4 elementor-widget elementor-widget-text-editor\" data-id=\"6c9680f4\" data-element_type=\"widget\" data-e-type=\"widget\" data-widget_type=\"text-editor.default\">\n\t\t\t\t<div class=\"elementor-widget-container\">\n\t\t\t\t\t\t\t\t\t<p><strong>Albarca<\/strong> (<strong>E<\/strong>), on nom\u00e9s hi ha censats dos homes.<\/p>\t\t\t\t\t\t\t\t<\/div>\n\t\t\t\t<\/div>\n\t\t\t\t<div class=\"elementor-element elementor-element-13c33258 elementor-widget elementor-widget-image\" data-id=\"13c33258\" data-element_type=\"widget\" data-e-type=\"widget\" data-widget_type=\"image.default\">\n\t\t\t\t<div class=\"elementor-widget-container\">\n\t\t\t\t\t\t\t\t\t\t\t\t<figure class=\"wp-caption\">\n\t\t\t\t\t\t\t\t\t\t<img loading=\"lazy\" decoding=\"async\" width=\"800\" height=\"533\" src=\"https:\/\/www.elturistatranquil.com\/wp-content\/uploads\/F53-Albarca-1.jpg\" class=\"attachment-large size-large wp-image-15196\" alt=\"\" srcset=\"https:\/\/www.elturistatranquil.com\/wp-content\/uploads\/F53-Albarca-1.jpg 800w, https:\/\/www.elturistatranquil.com\/wp-content\/uploads\/F53-Albarca-1-768x512.jpg 768w\" sizes=\"(max-width: 800px) 100vw, 800px\" \/>\t\t\t\t\t\t\t\t\t\t\t<figcaption class=\"widget-image-caption wp-caption-text\"><\/figcaption>\n\t\t\t\t\t\t\t\t\t\t<\/figure>\n\t\t\t\t\t\t\t\t\t<\/div>\n\t\t\t\t<\/div>\n\t\t\t\t<div class=\"elementor-element elementor-element-12b09b95 elementor-widget elementor-widget-text-editor\" data-id=\"12b09b95\" data-element_type=\"widget\" data-e-type=\"widget\" data-widget_type=\"text-editor.default\">\n\t\t\t\t<div class=\"elementor-widget-container\">\n\t\t\t\t\t\t\t\t\t<p><strong>Ulldemolins<\/strong> (<strong>F<\/strong>), on es pot gaudir d\u2019una de les primeres mostres de l\u2019estil renaixentista a Catalunya, a l\u2019<strong>Esgl\u00e9sia de Sant Jaume Ap\u00f2stol<\/strong>, obra de Mn. Joan Amig\u00f3.<\/p>\t\t\t\t\t\t\t\t<\/div>\n\t\t\t\t<\/div>\n\t\t\t\t<div class=\"elementor-element elementor-element-7dacb9f5 elementor-widget elementor-widget-image\" data-id=\"7dacb9f5\" data-element_type=\"widget\" data-e-type=\"widget\" data-widget_type=\"image.default\">\n\t\t\t\t<div class=\"elementor-widget-container\">\n\t\t\t\t\t\t\t\t\t\t\t\t<figure class=\"wp-caption\">\n\t\t\t\t\t\t\t\t\t\t<img loading=\"lazy\" decoding=\"async\" width=\"800\" height=\"533\" src=\"https:\/\/www.elturistatranquil.com\/wp-content\/uploads\/F56-Ulldemolins-1.jpg\" class=\"attachment-large size-large wp-image-15198\" alt=\"\" srcset=\"https:\/\/www.elturistatranquil.com\/wp-content\/uploads\/F56-Ulldemolins-1.jpg 800w, https:\/\/www.elturistatranquil.com\/wp-content\/uploads\/F56-Ulldemolins-1-768x512.jpg 768w\" sizes=\"(max-width: 800px) 100vw, 800px\" \/>\t\t\t\t\t\t\t\t\t\t\t<figcaption class=\"widget-image-caption wp-caption-text\"><\/figcaption>\n\t\t\t\t\t\t\t\t\t\t<\/figure>\n\t\t\t\t\t\t\t\t\t<\/div>\n\t\t\t\t<\/div>\n\t\t\t\t<div class=\"elementor-element elementor-element-5b142567 elementor-widget elementor-widget-text-editor\" data-id=\"5b142567\" data-element_type=\"widget\" data-e-type=\"widget\" data-widget_type=\"text-editor.default\">\n\t\t\t\t<div class=\"elementor-widget-container\">\n\t\t\t\t\t\t\t\t\t<p>Per \u00faltim, <strong>Vilanova de Prades<\/strong> (<strong>G<\/strong>), amb nombrosos <strong>portals adovellats<\/strong> dels segles XVI a XIX, i l\u2019<strong>Esgl\u00e9sia de Sant Salvador<\/strong>, actualment d\u2019estil barroc.<\/p>\t\t\t\t\t\t\t\t<\/div>\n\t\t\t\t<\/div>\n\t\t\t\t<div class=\"elementor-element elementor-element-47d89f18 elementor-widget elementor-widget-image\" data-id=\"47d89f18\" data-element_type=\"widget\" data-e-type=\"widget\" data-widget_type=\"image.default\">\n\t\t\t\t<div class=\"elementor-widget-container\">\n\t\t\t\t\t\t\t\t\t\t\t\t<figure class=\"wp-caption\">\n\t\t\t\t\t\t\t\t\t\t<img loading=\"lazy\" decoding=\"async\" width=\"768\" height=\"512\" src=\"https:\/\/www.elturistatranquil.com\/wp-content\/uploads\/F58-Vilanova-de-Prades-2.jpg\" class=\"attachment-large size-large wp-image-33886\" alt=\"Vilanova de Prades, Tarragona\" srcset=\"https:\/\/www.elturistatranquil.com\/wp-content\/uploads\/F58-Vilanova-de-Prades-2.jpg 768w, https:\/\/www.elturistatranquil.com\/wp-content\/uploads\/F58-Vilanova-de-Prades-2-339x226.jpg 339w\" sizes=\"(max-width: 768px) 100vw, 768px\" \/>\t\t\t\t\t\t\t\t\t\t\t<figcaption class=\"widget-image-caption wp-caption-text\"><\/figcaption>\n\t\t\t\t\t\t\t\t\t\t<\/figure>\n\t\t\t\t\t\t\t\t\t<\/div>\n\t\t\t\t<\/div>\n\t\t\t\t<div class=\"elementor-element elementor-element-13b5170f elementor-widget elementor-widget-menu-anchor\" data-id=\"13b5170f\" data-element_type=\"widget\" data-e-type=\"widget\" data-widget_type=\"menu-anchor.default\">\n\t\t\t\t<div class=\"elementor-widget-container\">\n\t\t\t\t\t\t\t<div class=\"elementor-menu-anchor\" id=\"a0917\"><\/div>\n\t\t\t\t\t\t<\/div>\n\t\t\t\t<\/div>\n\t\t\t\t<div class=\"elementor-element elementor-element-47157dcd elementor-widget elementor-widget-text-editor\" data-id=\"47157dcd\" data-element_type=\"widget\" data-e-type=\"widget\" data-widget_type=\"text-editor.default\">\n\t\t\t\t<div class=\"elementor-widget-container\">\n\t\t\t\t\t\t\t\t\t<p>Per tornar, a continuaci\u00f3, a la Hostatgeria del Monestir de Poblet.<\/p><p>Ha estat un dia molt interessant, tant pels paisatges muntanyosos recorreguts en tot el trajecte, com per gaudir de pobles que conserven un fort arrelament amb el passat i on es pot conviure amb la seva arquitectura tradicional.<\/p>\t\t\t\t\t\t\t\t<\/div>\n\t\t\t\t<\/div>\n\t\t\t\t<div class=\"elementor-element elementor-element-5854ee43 elementor-widget elementor-widget-heading\" data-id=\"5854ee43\" data-element_type=\"widget\" data-e-type=\"widget\" data-widget_type=\"heading.default\">\n\t\t\t\t<div class=\"elementor-widget-container\">\n\t\t\t\t\t<h3 class=\"elementor-heading-title elementor-size-default\">Una volta per Cellers Modernistes<\/h3>\t\t\t\t<\/div>\n\t\t\t\t<\/div>\n\t\t\t\t<div class=\"elementor-element elementor-element-ce25e93 elementor-widget elementor-widget-text-editor\" data-id=\"ce25e93\" data-element_type=\"widget\" data-e-type=\"widget\" data-widget_type=\"text-editor.default\">\n\t\t\t\t<div class=\"elementor-widget-container\">\n\t\t\t\t\t\t\t\t\t<p>Enlla\u00e7 amb el <em>Post<\/em>: <a href=\"https:\/\/www.elturistatranquil.com\/ca\/cellers-modernistes-a-tarragona\/\" target=\"_blank\" rel=\"noopener\"><strong>Cellers modernistes a Tarragona<\/strong><\/a><\/p>\t\t\t\t\t\t\t\t<\/div>\n\t\t\t\t<\/div>\n\t\t\t\t<div class=\"elementor-element elementor-element-5fb38ec elementor-widget elementor-widget-text-editor\" data-id=\"5fb38ec\" data-element_type=\"widget\" data-e-type=\"widget\" data-widget_type=\"text-editor.default\">\n\t\t\t\t<div class=\"elementor-widget-container\">\n\t\t\t\t\t\t\t\t\t<p>Aquesta proposta monogr\u00e0fica pot ser combinada amb altres activitats per all\u00e0 on es passa. De fet, jo la vaig realitzar d\u2019aquesta manera. En alguns casos combinant-la, en d\u2019altres nom\u00e9s atenent a visitar els cellers. Aqu\u00ed hi caben totes les possibilitats.<\/p><p>En el mapa seg\u00fcent mostro els cellers modernistes a l\u2019entorn del Monestir de Poblet. L\u2019elecci\u00f3 dels a visitar i el, o els, recorreguts quedar\u00e0 a la decisi\u00f3 personal. Els mes llunyans dels que aqu\u00ed presento estan a uns 35 kil\u00f2metres del Monestir de Poblet.<\/p><p>El punt vermell situa el Monestir de Poblet.<\/p><p>Els punts blaus corresponen a cellers obra de l\u2019arquitecte C\u00e8sar Martinell i Brunet; els dos punts verds s\u00f3n de l\u2019arquitecte Pere Dom\u00e8nech i Roura, i el punt lila de l\u2019arquitecte Claudi Duran i Ventosa.<\/p>\t\t\t\t\t\t\t\t<\/div>\n\t\t\t\t<\/div>\n\t\t\t\t<div class=\"elementor-element elementor-element-3d7a71b elementor-widget elementor-widget-image\" data-id=\"3d7a71b\" data-element_type=\"widget\" data-e-type=\"widget\" data-widget_type=\"image.default\">\n\t\t\t\t<div class=\"elementor-widget-container\">\n\t\t\t\t\t\t\t\t\t\t\t\t<figure class=\"wp-caption\">\n\t\t\t\t\t\t\t\t\t\t<img loading=\"lazy\" decoding=\"async\" width=\"800\" height=\"533\" src=\"https:\/\/www.elturistatranquil.com\/wp-content\/uploads\/F60-Cellers-entorn-de-Poblet-1.jpg\" class=\"attachment-large size-large wp-image-15202\" alt=\"\" srcset=\"https:\/\/www.elturistatranquil.com\/wp-content\/uploads\/F60-Cellers-entorn-de-Poblet-1.jpg 800w, https:\/\/www.elturistatranquil.com\/wp-content\/uploads\/F60-Cellers-entorn-de-Poblet-1-768x512.jpg 768w\" sizes=\"(max-width: 800px) 100vw, 800px\" \/>\t\t\t\t\t\t\t\t\t\t\t<figcaption class=\"widget-image-caption wp-caption-text\"><\/figcaption>\n\t\t\t\t\t\t\t\t\t\t<\/figure>\n\t\t\t\t\t\t\t\t\t<\/div>\n\t\t\t\t<\/div>\n\t\t\t\t<div class=\"elementor-element elementor-element-57d06c22 elementor-widget elementor-widget-text-editor\" data-id=\"57d06c22\" data-element_type=\"widget\" data-e-type=\"widget\" data-widget_type=\"text-editor.default\">\n\t\t\t\t<div class=\"elementor-widget-container\">\n\t\t\t\t\t\t\t\t\t<p>Com es pot apreciar, C\u00e9sar Martinell, deixeble de Gaud\u00ed i natural de Valls, va ser el m\u00e9s prol\u00edfic dissenyador de cellers, aix\u00ed com tamb\u00e9 a la resta de Catalunya.<\/p><p>Tots aquests cellers van ser constru\u00efts entre 1913 i 1919 i promoguts per Cooperatives o Sindicats Agraris.<\/p>\t\t\t\t\t\t\t\t<\/div>\n\t\t\t\t<\/div>\n\t\t\t\t<div class=\"elementor-element elementor-element-6db343cf elementor-widget elementor-widget-image\" data-id=\"6db343cf\" data-element_type=\"widget\" data-e-type=\"widget\" data-widget_type=\"image.default\">\n\t\t\t\t<div class=\"elementor-widget-container\">\n\t\t\t\t\t\t\t\t\t\t\t\t<figure class=\"wp-caption\">\n\t\t\t\t\t\t\t\t\t\t<img loading=\"lazy\" decoding=\"async\" width=\"800\" height=\"533\" src=\"https:\/\/www.elturistatranquil.com\/wp-content\/uploads\/F61-Celler-de-Vila-rodona-1.jpg\" class=\"attachment-large size-large wp-image-15204\" alt=\"\" srcset=\"https:\/\/www.elturistatranquil.com\/wp-content\/uploads\/F61-Celler-de-Vila-rodona-1.jpg 800w, https:\/\/www.elturistatranquil.com\/wp-content\/uploads\/F61-Celler-de-Vila-rodona-1-768x512.jpg 768w\" sizes=\"(max-width: 800px) 100vw, 800px\" \/>\t\t\t\t\t\t\t\t\t\t\t<figcaption class=\"widget-image-caption wp-caption-text\">Celler Cooperatiu de Vila-rodona, de C\u00e8sar Martinell i Brunet<\/figcaption>\n\t\t\t\t\t\t\t\t\t\t<\/figure>\n\t\t\t\t\t\t\t\t\t<\/div>\n\t\t\t\t<\/div>\n\t\t\t\t<div class=\"elementor-element elementor-element-2e506f90 elementor-widget elementor-widget-image\" data-id=\"2e506f90\" data-element_type=\"widget\" data-e-type=\"widget\" data-widget_type=\"image.default\">\n\t\t\t\t<div class=\"elementor-widget-container\">\n\t\t\t\t\t\t\t\t\t\t\t\t<figure class=\"wp-caption\">\n\t\t\t\t\t\t\t\t\t\t<img loading=\"lazy\" decoding=\"async\" width=\"800\" height=\"533\" src=\"https:\/\/www.elturistatranquil.com\/wp-content\/uploads\/F62-Celler-de-Rocafort-de-Queralt-1.jpg\" class=\"attachment-large size-large wp-image-15206\" alt=\"\" srcset=\"https:\/\/www.elturistatranquil.com\/wp-content\/uploads\/F62-Celler-de-Rocafort-de-Queralt-1.jpg 800w, https:\/\/www.elturistatranquil.com\/wp-content\/uploads\/F62-Celler-de-Rocafort-de-Queralt-1-768x512.jpg 768w\" sizes=\"(max-width: 800px) 100vw, 800px\" \/>\t\t\t\t\t\t\t\t\t\t\t<figcaption class=\"widget-image-caption wp-caption-text\">Sindical Agricol de Rocafort de Queralt, de C\u00e8sar Martinell i Brunet<\/figcaption>\n\t\t\t\t\t\t\t\t\t\t<\/figure>\n\t\t\t\t\t\t\t\t\t<\/div>\n\t\t\t\t<\/div>\n\t\t\t\t<div class=\"elementor-element elementor-element-2cc2c5c9 elementor-widget elementor-widget-image\" data-id=\"2cc2c5c9\" data-element_type=\"widget\" data-e-type=\"widget\" data-widget_type=\"image.default\">\n\t\t\t\t<div class=\"elementor-widget-container\">\n\t\t\t\t\t\t\t\t\t\t\t\t<figure class=\"wp-caption\">\n\t\t\t\t\t\t\t\t\t\t<img loading=\"lazy\" decoding=\"async\" width=\"800\" height=\"533\" src=\"https:\/\/www.elturistatranquil.com\/wp-content\/uploads\/F63-Celler-de-Sarral-1.jpg\" class=\"attachment-large size-large wp-image-15208\" alt=\"\" srcset=\"https:\/\/www.elturistatranquil.com\/wp-content\/uploads\/F63-Celler-de-Sarral-1.jpg 800w, https:\/\/www.elturistatranquil.com\/wp-content\/uploads\/F63-Celler-de-Sarral-1-768x512.jpg 768w\" sizes=\"(max-width: 800px) 100vw, 800px\" \/>\t\t\t\t\t\t\t\t\t\t\t<figcaption class=\"widget-image-caption wp-caption-text\">Sindicat de Viticultors de Sarral, de l\u2019arquitecte Pere Dom\u00e8nech i Roura<\/figcaption>\n\t\t\t\t\t\t\t\t\t\t<\/figure>\n\t\t\t\t\t\t\t\t\t<\/div>\n\t\t\t\t<\/div>\n\t\t\t\t<div class=\"elementor-element elementor-element-2c32263e elementor-widget elementor-widget-menu-anchor\" data-id=\"2c32263e\" data-element_type=\"widget\" data-e-type=\"widget\" data-widget_type=\"menu-anchor.default\">\n\t\t\t\t<div class=\"elementor-widget-container\">\n\t\t\t\t\t\t\t<div class=\"elementor-menu-anchor\" id=\"a0918\"><\/div>\n\t\t\t\t\t\t<\/div>\n\t\t\t\t<\/div>\n\t\t\t\t<div class=\"elementor-element elementor-element-4e89fbcb elementor-widget elementor-widget-image\" data-id=\"4e89fbcb\" data-element_type=\"widget\" data-e-type=\"widget\" data-widget_type=\"image.default\">\n\t\t\t\t<div class=\"elementor-widget-container\">\n\t\t\t\t\t\t\t\t\t\t\t\t<figure class=\"wp-caption\">\n\t\t\t\t\t\t\t\t\t\t<img loading=\"lazy\" decoding=\"async\" width=\"800\" height=\"533\" src=\"https:\/\/www.elturistatranquil.com\/wp-content\/uploads\/F64-Celler-de-El-Pla-de-Sta-Maria-1.jpg\" class=\"attachment-large size-large wp-image-15210\" alt=\"\" srcset=\"https:\/\/www.elturistatranquil.com\/wp-content\/uploads\/F64-Celler-de-El-Pla-de-Sta-Maria-1.jpg 800w, https:\/\/www.elturistatranquil.com\/wp-content\/uploads\/F64-Celler-de-El-Pla-de-Sta-Maria-1-768x512.jpg 768w\" sizes=\"(max-width: 800px) 100vw, 800px\" \/>\t\t\t\t\t\t\t\t\t\t\t<figcaption class=\"widget-image-caption wp-caption-text\">Cooperativa Agr\u00edcola de Pla de Santa Maria, de l\u2019arquitecte Claudi Duran i Ventosa<\/figcaption>\n\t\t\t\t\t\t\t\t\t\t<\/figure>\n\t\t\t\t\t\t\t\t\t<\/div>\n\t\t\t\t<\/div>\n\t\t\t\t<div class=\"elementor-element elementor-element-120d5d0b elementor-widget elementor-widget-heading\" data-id=\"120d5d0b\" data-element_type=\"widget\" data-e-type=\"widget\" data-widget_type=\"heading.default\">\n\t\t\t\t<div class=\"elementor-widget-container\">\n\t\t\t\t\t<h3 class=\"elementor-heading-title elementor-size-default\">Els altres Monestirs al territori<\/h3>\t\t\t\t<\/div>\n\t\t\t\t<\/div>\n\t\t\t\t<div class=\"elementor-element elementor-element-6e9ba867 elementor-widget elementor-widget-image\" data-id=\"6e9ba867\" data-element_type=\"widget\" data-e-type=\"widget\" data-widget_type=\"image.default\">\n\t\t\t\t<div class=\"elementor-widget-container\">\n\t\t\t\t\t\t\t\t\t\t\t\t<figure class=\"wp-caption\">\n\t\t\t\t\t\t\t\t\t\t<img loading=\"lazy\" decoding=\"async\" width=\"800\" height=\"534\" src=\"https:\/\/www.elturistatranquil.com\/wp-content\/uploads\/F65-Monestirs-Tarragona-1.jpg\" class=\"attachment-large size-large wp-image-15212\" alt=\"\" srcset=\"https:\/\/www.elturistatranquil.com\/wp-content\/uploads\/F65-Monestirs-Tarragona-1.jpg 800w, https:\/\/www.elturistatranquil.com\/wp-content\/uploads\/F65-Monestirs-Tarragona-1-768x513.jpg 768w\" sizes=\"(max-width: 800px) 100vw, 800px\" \/>\t\t\t\t\t\t\t\t\t\t\t<figcaption class=\"widget-image-caption wp-caption-text\"><\/figcaption>\n\t\t\t\t\t\t\t\t\t\t<\/figure>\n\t\t\t\t\t\t\t\t\t<\/div>\n\t\t\t\t<\/div>\n\t\t\t\t<div class=\"elementor-element elementor-element-32645eb5 elementor-widget elementor-widget-menu-anchor\" data-id=\"32645eb5\" data-element_type=\"widget\" data-e-type=\"widget\" data-widget_type=\"menu-anchor.default\">\n\t\t\t\t<div class=\"elementor-widget-container\">\n\t\t\t\t\t\t\t<div class=\"elementor-menu-anchor\" id=\"a0919\"><\/div>\n\t\t\t\t\t\t<\/div>\n\t\t\t\t<\/div>\n\t\t\t\t<div class=\"elementor-element elementor-element-a513cdc elementor-widget elementor-widget-text-editor\" data-id=\"a513cdc\" data-element_type=\"widget\" data-e-type=\"widget\" data-widget_type=\"text-editor.default\">\n\t\t\t\t<div class=\"elementor-widget-container\">\n\t\t\t\t\t\t\t\t\t<p>Per a qui hi estigui interessat, la zona es prol\u00edfica en monestirs medievals.<\/p><p>Els tres circumdants s\u00f3n:<\/p><p><strong>Monestir de Santa Maria de Vallbona<\/strong>, \u00e9s un cenobi cistercenc femen\u00ed que mant\u00e9 ocupaci\u00f3 mon\u00e0stica. La primera noticia \u00e9s de 1153. Est\u00e0 a 25 kil\u00f2metres. <em>Monument Hist\u00f2ric<\/em> des de 1931.<\/p><p><strong>Reial Monestir de Santes Creus<\/strong>, de l\u2019Ordre del Cister mascul\u00ed, sense ocupaci\u00f3 mon\u00e0stica actual. Fundat el 1160, mant\u00e9 les edificacions restaurades. A 35 kil\u00f2metres. <em>Monument Hist\u00f2ric<\/em> des de 1921.<\/p><p><strong>Cartoixa de Santa Maria d&#8217;Escaladei<\/strong>, de l\u2019Ordre dels Cartoixans, mascul\u00ed. Fundat el 1163, ru\u00efnes en part \u00a0restaurades sense ocupaci\u00f3 mon\u00e0stica. A 50 kil\u00f2metres. Va donar nom a la <strong>comarca del Priorat<\/strong>. Classificada com a <em>Monument Hist\u00f2ric<\/em> des de 1980.<\/p>\t\t\t\t\t\t\t\t<\/div>\n\t\t\t\t<\/div>\n\t\t\t\t<div class=\"elementor-element elementor-element-615cb0fa elementor-widget elementor-widget-heading\" data-id=\"615cb0fa\" data-element_type=\"widget\" data-e-type=\"widget\" data-widget_type=\"heading.default\">\n\t\t\t\t<div class=\"elementor-widget-container\">\n\t\t\t\t\t<h3 class=\"elementor-heading-title elementor-size-default\">Un d\u00eda a Tarragona<\/h3>\t\t\t\t<\/div>\n\t\t\t\t<\/div>\n\t\t\t\t<div class=\"elementor-element elementor-element-1e209e57 elementor-widget elementor-widget-menu-anchor\" data-id=\"1e209e57\" data-element_type=\"widget\" data-e-type=\"widget\" data-widget_type=\"menu-anchor.default\">\n\t\t\t\t<div class=\"elementor-widget-container\">\n\t\t\t\t\t\t\t<div class=\"elementor-menu-anchor\" id=\"a0920\"><\/div>\n\t\t\t\t\t\t<\/div>\n\t\t\t\t<\/div>\n\t\t\t\t<div class=\"elementor-element elementor-element-ff0ec52 elementor-widget elementor-widget-text-editor\" data-id=\"ff0ec52\" data-element_type=\"widget\" data-e-type=\"widget\" data-widget_type=\"text-editor.default\">\n\t\t\t\t<div class=\"elementor-widget-container\">\n\t\t\t\t\t\t\t\t\t<p>Una visita recomanable \u00e9s a la ciutat de <strong>Tarragona<\/strong>, catalogada com a ciutat <em>Patrimoni de la Humanitat per la UNESCO<\/em> pel seu patrimoni d\u2019\u00e8poca romana.<\/p><p>Tamb\u00e9 \u00e9s important la seva catedral g\u00f2tica, el llegat noucentista i modernista, i la seva localitzaci\u00f3 com balc\u00f3 de la Mediterr\u00e0nia.<\/p><p>A 50 kil\u00f2metres de dist\u00e0ncia.<\/p>\t\t\t\t\t\t\t\t<\/div>\n\t\t\t\t<\/div>\n\t\t\t\t<div class=\"elementor-element elementor-element-592436e1 elementor-widget elementor-widget-heading\" data-id=\"592436e1\" data-element_type=\"widget\" data-e-type=\"widget\" data-widget_type=\"heading.default\">\n\t\t\t\t<div class=\"elementor-widget-container\">\n\t\t\t\t\t<h3 class=\"elementor-heading-title elementor-size-default\">Un d\u00eda a Reus i Valls<\/h3>\t\t\t\t<\/div>\n\t\t\t\t<\/div>\n\t\t\t\t<div class=\"elementor-element elementor-element-7c00e07c elementor-widget elementor-widget-menu-anchor\" data-id=\"7c00e07c\" data-element_type=\"widget\" data-e-type=\"widget\" data-widget_type=\"menu-anchor.default\">\n\t\t\t\t<div class=\"elementor-widget-container\">\n\t\t\t\t\t\t\t<div class=\"elementor-menu-anchor\" id=\"a0921\"><\/div>\n\t\t\t\t\t\t<\/div>\n\t\t\t\t<\/div>\n\t\t\t\t<div class=\"elementor-element elementor-element-3b1555d8 elementor-widget elementor-widget-text-editor\" data-id=\"3b1555d8\" data-element_type=\"widget\" data-e-type=\"widget\" data-widget_type=\"text-editor.default\">\n\t\t\t\t<div class=\"elementor-widget-container\">\n\t\t\t\t\t\t\t\t\t<p>Un altre proposta seria visitar les ciutats de <strong>Reus<\/strong> i <strong>Valls.<\/strong><\/p><p>En total 92 kil\u00f2metres i 1 \u00bd hores.<\/p><p>La ciutat de <strong>Reus<\/strong> ha estat en constant compet\u00e8ncia amb Tarragona, com a centre emprenedor i comercial. Lloc de naixement de l\u2019arquitecte Antoni Gaud\u00ed. Es pot seguir el seu passat medieval fins al modernisme.<\/p><p><strong>Valls<\/strong>, ciutat moderna per\u00f2 que conserva el seu passat medieval i de l\u2019Edat Moderna. Bressol dels castellers (torres humanes) <em>Patrimoni Cultural Immaterial de la Humanitat por la UNESCO,<\/em> i terra dels cal\u00e7ots.<\/p>\t\t\t\t\t\t\t\t<\/div>\n\t\t\t\t<\/div>\n\t\t\t\t<div class=\"elementor-element elementor-element-606f03d2 elementor-widget elementor-widget-heading\" data-id=\"606f03d2\" data-element_type=\"widget\" data-e-type=\"widget\" data-widget_type=\"heading.default\">\n\t\t\t\t<div class=\"elementor-widget-container\">\n\t\t\t\t\t<h2 class=\"elementor-heading-title elementor-size-default\">Fi de la sortida: el retorn<\/h2>\t\t\t\t<\/div>\n\t\t\t\t<\/div>\n\t\t\t\t<div class=\"elementor-element elementor-element-7fb6516 elementor-widget elementor-widget-text-editor\" data-id=\"7fb6516\" data-element_type=\"widget\" data-e-type=\"widget\" data-widget_type=\"text-editor.default\">\n\t\t\t\t<div class=\"elementor-widget-container\">\n\t\t\t\t\t\t\t\t\t<p>Com espero haver reflectit, la sortida ha estat fructuosa.<\/p><p>B\u00e9 l\u2019allotjament\u00a0 a la Hostatgeria del Monestir de Poblet.<\/p><p>B\u00e9 l\u2019entorn, tant l\u2019immediat com el m\u00e9s ampli. Han quedat moltes coses interessants per poder fer. En tot cas, la dificultat \u00e9s triar entre tantes possibilitats paisatg\u00edstiques, culturals o socials.<\/p><p>Diguem que tot b\u00e9 en un lloc per anar-hi, i del que et quedaran ganes de tornar-hi.<\/p>\t\t\t\t\t\t\t\t<\/div>\n\t\t\t\t<\/div>\n\t\t\t\t\t<\/div>\n\t\t<\/div>\n\t\t\t\t\t<\/div>\n\t\t<\/section>\n\t\t\t\t<\/div>\n\t\t","protected":false},"excerpt":{"rendered":"<p>La Hostatgeria del Monestir de Poblet, a la Conca de Barber\u00e0 (Tarragona) te tots els requisits del concepte de turisme tranquil, en un ambient de serenitat monacal. Hostatgeria del Monestir &#8230; <a title=\"Hostatgeria del Monestir de Poblet. Conca de Barber\u00e0\" class=\"read-more\" href=\"https:\/\/www.elturistatranquil.com\/ca\/hostatgeria-del-monestir-de-poblet-conca-de-barbera\/\" aria-label=\"M\u00e9s informaci\u00f3 sobre Hostatgeria del Monestir de Poblet. Conca de Barber\u00e0\">[ &#8230; ]<\/a><\/p>\n","protected":false},"author":1,"featured_media":15059,"comment_status":"open","ping_status":"closed","sticky":false,"template":"","format":"standard","meta":{"footnotes":""},"categories":[84,102,170,108],"tags":[],"class_list":["post-15100","post","type-post","status-publish","format-standard","has-post-thumbnail","hentry","category-hotel-ca","category-restaurant","category-tarragona-ca","category-turisme-tranquil","infinite-scroll-item","generate-columns","tablet-grid-50","mobile-grid-100","grid-parent","grid-50","no-featured-image-padding"],"yoast_head":"<!-- This site is optimized with the Yoast SEO plugin v27.4 - https:\/\/yoast.com\/product\/yoast-seo-wordpress\/ -->\n<title>Hostatgeria del Monestir de Poblet. Conca de Barber\u00e0 - El turista tranquil<\/title>\n<meta name=\"description\" content=\"La Hostatgeria del Monestir de Poblet, a la Conca de Barber\u00e0 (Tarragona) te tots els requisits del concepte de turisme tranquil, en un ambient de serenitat monacal.\" \/>\n<meta name=\"robots\" content=\"index, follow, max-snippet:-1, max-image-preview:large, max-video-preview:-1\" \/>\n<link rel=\"canonical\" href=\"https:\/\/www.elturistatranquil.com\/ca\/hostatgeria-del-monestir-de-poblet-conca-de-barbera\/\" \/>\n<meta property=\"og:locale\" content=\"ca_ES\" \/>\n<meta property=\"og:type\" content=\"article\" \/>\n<meta property=\"og:title\" content=\"Hostatgeria del Monestir de Poblet. Conca de Barber\u00e0 - El turista tranquil\" \/>\n<meta property=\"og:description\" content=\"La Hostatgeria del Monestir de Poblet, a la Conca de Barber\u00e0 (Tarragona) te tots els requisits del concepte de turisme tranquil, en un ambient de serenitat monacal.\" \/>\n<meta property=\"og:url\" content=\"https:\/\/www.elturistatranquil.com\/ca\/hostatgeria-del-monestir-de-poblet-conca-de-barbera\/\" \/>\n<meta property=\"og:site_name\" content=\"El turista tranquil\" \/>\n<meta property=\"article:publisher\" content=\"https:\/\/www.facebook.com\/elturistatranquilo\/\" \/>\n<meta property=\"article:published_time\" content=\"2019-03-30T08:52:55+00:00\" \/>\n<meta property=\"article:modified_time\" content=\"2021-09-01T11:46:27+00:00\" \/>\n<meta property=\"og:image\" content=\"https:\/\/www.elturistatranquil.com\/wp-content\/uploads\/F00-Hostatgeria-Monestir-de-Poblet.jpg\" \/>\n\t<meta property=\"og:image:width\" content=\"800\" \/>\n\t<meta property=\"og:image:height\" content=\"533\" \/>\n\t<meta property=\"og:image:type\" content=\"image\/jpeg\" \/>\n<meta name=\"author\" content=\"admin\" \/>\n<meta name=\"twitter:card\" content=\"summary_large_image\" \/>\n<meta name=\"twitter:label1\" content=\"Escrit per\" \/>\n\t<meta name=\"twitter:data1\" content=\"admin\" \/>\n\t<meta name=\"twitter:label2\" content=\"Temps estimat de lectura\" \/>\n\t<meta name=\"twitter:data2\" content=\"26 minuts\" \/>\n<script type=\"application\/ld+json\" class=\"yoast-schema-graph\">{\"@context\":\"https:\\\/\\\/schema.org\",\"@graph\":[{\"@type\":\"Article\",\"@id\":\"https:\\\/\\\/www.elturistatranquil.com\\\/ca\\\/hostatgeria-del-monestir-de-poblet-conca-de-barbera\\\/#article\",\"isPartOf\":{\"@id\":\"https:\\\/\\\/www.elturistatranquil.com\\\/ca\\\/hostatgeria-del-monestir-de-poblet-conca-de-barbera\\\/\"},\"author\":{\"name\":\"admin\",\"@id\":\"https:\\\/\\\/www.elturistatranquil.com\\\/ca\\\/#\\\/schema\\\/person\\\/16f607c3079b96ed0c530a52e6b58bb5\"},\"headline\":\"Hostatgeria del Monestir de Poblet. Conca de Barber\u00e0\",\"datePublished\":\"2019-03-30T08:52:55+00:00\",\"dateModified\":\"2021-09-01T11:46:27+00:00\",\"mainEntityOfPage\":{\"@id\":\"https:\\\/\\\/www.elturistatranquil.com\\\/ca\\\/hostatgeria-del-monestir-de-poblet-conca-de-barbera\\\/\"},\"wordCount\":3449,\"commentCount\":0,\"image\":{\"@id\":\"https:\\\/\\\/www.elturistatranquil.com\\\/ca\\\/hostatgeria-del-monestir-de-poblet-conca-de-barbera\\\/#primaryimage\"},\"thumbnailUrl\":\"https:\\\/\\\/www.elturistatranquil.com\\\/wp-content\\\/uploads\\\/F00-Hostatgeria-Monestir-de-Poblet.jpg\",\"articleSection\":[\"Hotel, Allotjament\",\"Restaurant\",\"Tarragona\",\"Turisme tranquil\"],\"inLanguage\":\"ca\",\"potentialAction\":[{\"@type\":\"CommentAction\",\"name\":\"Comment\",\"target\":[\"https:\\\/\\\/www.elturistatranquil.com\\\/ca\\\/hostatgeria-del-monestir-de-poblet-conca-de-barbera\\\/#respond\"]}]},{\"@type\":\"WebPage\",\"@id\":\"https:\\\/\\\/www.elturistatranquil.com\\\/ca\\\/hostatgeria-del-monestir-de-poblet-conca-de-barbera\\\/\",\"url\":\"https:\\\/\\\/www.elturistatranquil.com\\\/ca\\\/hostatgeria-del-monestir-de-poblet-conca-de-barbera\\\/\",\"name\":\"Hostatgeria del Monestir de Poblet. Conca de Barber\u00e0 - El turista tranquil\",\"isPartOf\":{\"@id\":\"https:\\\/\\\/www.elturistatranquil.com\\\/ca\\\/#website\"},\"primaryImageOfPage\":{\"@id\":\"https:\\\/\\\/www.elturistatranquil.com\\\/ca\\\/hostatgeria-del-monestir-de-poblet-conca-de-barbera\\\/#primaryimage\"},\"image\":{\"@id\":\"https:\\\/\\\/www.elturistatranquil.com\\\/ca\\\/hostatgeria-del-monestir-de-poblet-conca-de-barbera\\\/#primaryimage\"},\"thumbnailUrl\":\"https:\\\/\\\/www.elturistatranquil.com\\\/wp-content\\\/uploads\\\/F00-Hostatgeria-Monestir-de-Poblet.jpg\",\"datePublished\":\"2019-03-30T08:52:55+00:00\",\"dateModified\":\"2021-09-01T11:46:27+00:00\",\"author\":{\"@id\":\"https:\\\/\\\/www.elturistatranquil.com\\\/ca\\\/#\\\/schema\\\/person\\\/16f607c3079b96ed0c530a52e6b58bb5\"},\"description\":\"La Hostatgeria del Monestir de Poblet, a la Conca de Barber\u00e0 (Tarragona) te tots els requisits del concepte de turisme tranquil, en un ambient de serenitat monacal.\",\"breadcrumb\":{\"@id\":\"https:\\\/\\\/www.elturistatranquil.com\\\/ca\\\/hostatgeria-del-monestir-de-poblet-conca-de-barbera\\\/#breadcrumb\"},\"inLanguage\":\"ca\",\"potentialAction\":[{\"@type\":\"ReadAction\",\"target\":[\"https:\\\/\\\/www.elturistatranquil.com\\\/ca\\\/hostatgeria-del-monestir-de-poblet-conca-de-barbera\\\/\"]}]},{\"@type\":\"ImageObject\",\"inLanguage\":\"ca\",\"@id\":\"https:\\\/\\\/www.elturistatranquil.com\\\/ca\\\/hostatgeria-del-monestir-de-poblet-conca-de-barbera\\\/#primaryimage\",\"url\":\"https:\\\/\\\/www.elturistatranquil.com\\\/wp-content\\\/uploads\\\/F00-Hostatgeria-Monestir-de-Poblet.jpg\",\"contentUrl\":\"https:\\\/\\\/www.elturistatranquil.com\\\/wp-content\\\/uploads\\\/F00-Hostatgeria-Monestir-de-Poblet.jpg\",\"width\":800,\"height\":533,\"caption\":\"Hospederia del Monasterio de Poblet\"},{\"@type\":\"BreadcrumbList\",\"@id\":\"https:\\\/\\\/www.elturistatranquil.com\\\/ca\\\/hostatgeria-del-monestir-de-poblet-conca-de-barbera\\\/#breadcrumb\",\"itemListElement\":[{\"@type\":\"ListItem\",\"position\":1,\"name\":\"Portada\",\"item\":\"https:\\\/\\\/www.elturistatranquil.com\\\/ca\\\/\"},{\"@type\":\"ListItem\",\"position\":2,\"name\":\"Hostatgeria del Monestir de Poblet. Conca de Barber\u00e0\"}]},{\"@type\":\"WebSite\",\"@id\":\"https:\\\/\\\/www.elturistatranquil.com\\\/ca\\\/#website\",\"url\":\"https:\\\/\\\/www.elturistatranquil.com\\\/ca\\\/\",\"name\":\"El turista tranquil\",\"description\":\"Blog de viatges\",\"potentialAction\":[{\"@type\":\"SearchAction\",\"target\":{\"@type\":\"EntryPoint\",\"urlTemplate\":\"https:\\\/\\\/www.elturistatranquil.com\\\/ca\\\/?s={search_term_string}\"},\"query-input\":{\"@type\":\"PropertyValueSpecification\",\"valueRequired\":true,\"valueName\":\"search_term_string\"}}],\"inLanguage\":\"ca\"},{\"@type\":\"Person\",\"@id\":\"https:\\\/\\\/www.elturistatranquil.com\\\/ca\\\/#\\\/schema\\\/person\\\/16f607c3079b96ed0c530a52e6b58bb5\",\"name\":\"admin\",\"image\":{\"@type\":\"ImageObject\",\"inLanguage\":\"ca\",\"@id\":\"https:\\\/\\\/secure.gravatar.com\\\/avatar\\\/1fbaf22aee75fcbb29a2f97b107f95d25d3a19b7c3416105be10269872673e8d?s=96&d=mm&r=g\",\"url\":\"https:\\\/\\\/secure.gravatar.com\\\/avatar\\\/1fbaf22aee75fcbb29a2f97b107f95d25d3a19b7c3416105be10269872673e8d?s=96&d=mm&r=g\",\"contentUrl\":\"https:\\\/\\\/secure.gravatar.com\\\/avatar\\\/1fbaf22aee75fcbb29a2f97b107f95d25d3a19b7c3416105be10269872673e8d?s=96&d=mm&r=g\",\"caption\":\"admin\"}}]}<\/script>\n<!-- \/ Yoast SEO plugin. -->","yoast_head_json":{"title":"Hostatgeria del Monestir de Poblet. Conca de Barber\u00e0 - El turista tranquil","description":"La Hostatgeria del Monestir de Poblet, a la Conca de Barber\u00e0 (Tarragona) te tots els requisits del concepte de turisme tranquil, en un ambient de serenitat monacal.","robots":{"index":"index","follow":"follow","max-snippet":"max-snippet:-1","max-image-preview":"max-image-preview:large","max-video-preview":"max-video-preview:-1"},"canonical":"https:\/\/www.elturistatranquil.com\/ca\/hostatgeria-del-monestir-de-poblet-conca-de-barbera\/","og_locale":"ca_ES","og_type":"article","og_title":"Hostatgeria del Monestir de Poblet. Conca de Barber\u00e0 - El turista tranquil","og_description":"La Hostatgeria del Monestir de Poblet, a la Conca de Barber\u00e0 (Tarragona) te tots els requisits del concepte de turisme tranquil, en un ambient de serenitat monacal.","og_url":"https:\/\/www.elturistatranquil.com\/ca\/hostatgeria-del-monestir-de-poblet-conca-de-barbera\/","og_site_name":"El turista tranquil","article_publisher":"https:\/\/www.facebook.com\/elturistatranquilo\/","article_published_time":"2019-03-30T08:52:55+00:00","article_modified_time":"2021-09-01T11:46:27+00:00","og_image":[{"width":800,"height":533,"url":"https:\/\/www.elturistatranquil.com\/wp-content\/uploads\/F00-Hostatgeria-Monestir-de-Poblet.jpg","type":"image\/jpeg"}],"author":"admin","twitter_card":"summary_large_image","twitter_misc":{"Escrit per":"admin","Temps estimat de lectura":"26 minuts"},"schema":{"@context":"https:\/\/schema.org","@graph":[{"@type":"Article","@id":"https:\/\/www.elturistatranquil.com\/ca\/hostatgeria-del-monestir-de-poblet-conca-de-barbera\/#article","isPartOf":{"@id":"https:\/\/www.elturistatranquil.com\/ca\/hostatgeria-del-monestir-de-poblet-conca-de-barbera\/"},"author":{"name":"admin","@id":"https:\/\/www.elturistatranquil.com\/ca\/#\/schema\/person\/16f607c3079b96ed0c530a52e6b58bb5"},"headline":"Hostatgeria del Monestir de Poblet. Conca de Barber\u00e0","datePublished":"2019-03-30T08:52:55+00:00","dateModified":"2021-09-01T11:46:27+00:00","mainEntityOfPage":{"@id":"https:\/\/www.elturistatranquil.com\/ca\/hostatgeria-del-monestir-de-poblet-conca-de-barbera\/"},"wordCount":3449,"commentCount":0,"image":{"@id":"https:\/\/www.elturistatranquil.com\/ca\/hostatgeria-del-monestir-de-poblet-conca-de-barbera\/#primaryimage"},"thumbnailUrl":"https:\/\/www.elturistatranquil.com\/wp-content\/uploads\/F00-Hostatgeria-Monestir-de-Poblet.jpg","articleSection":["Hotel, Allotjament","Restaurant","Tarragona","Turisme tranquil"],"inLanguage":"ca","potentialAction":[{"@type":"CommentAction","name":"Comment","target":["https:\/\/www.elturistatranquil.com\/ca\/hostatgeria-del-monestir-de-poblet-conca-de-barbera\/#respond"]}]},{"@type":"WebPage","@id":"https:\/\/www.elturistatranquil.com\/ca\/hostatgeria-del-monestir-de-poblet-conca-de-barbera\/","url":"https:\/\/www.elturistatranquil.com\/ca\/hostatgeria-del-monestir-de-poblet-conca-de-barbera\/","name":"Hostatgeria del Monestir de Poblet. Conca de Barber\u00e0 - El turista tranquil","isPartOf":{"@id":"https:\/\/www.elturistatranquil.com\/ca\/#website"},"primaryImageOfPage":{"@id":"https:\/\/www.elturistatranquil.com\/ca\/hostatgeria-del-monestir-de-poblet-conca-de-barbera\/#primaryimage"},"image":{"@id":"https:\/\/www.elturistatranquil.com\/ca\/hostatgeria-del-monestir-de-poblet-conca-de-barbera\/#primaryimage"},"thumbnailUrl":"https:\/\/www.elturistatranquil.com\/wp-content\/uploads\/F00-Hostatgeria-Monestir-de-Poblet.jpg","datePublished":"2019-03-30T08:52:55+00:00","dateModified":"2021-09-01T11:46:27+00:00","author":{"@id":"https:\/\/www.elturistatranquil.com\/ca\/#\/schema\/person\/16f607c3079b96ed0c530a52e6b58bb5"},"description":"La Hostatgeria del Monestir de Poblet, a la Conca de Barber\u00e0 (Tarragona) te tots els requisits del concepte de turisme tranquil, en un ambient de serenitat monacal.","breadcrumb":{"@id":"https:\/\/www.elturistatranquil.com\/ca\/hostatgeria-del-monestir-de-poblet-conca-de-barbera\/#breadcrumb"},"inLanguage":"ca","potentialAction":[{"@type":"ReadAction","target":["https:\/\/www.elturistatranquil.com\/ca\/hostatgeria-del-monestir-de-poblet-conca-de-barbera\/"]}]},{"@type":"ImageObject","inLanguage":"ca","@id":"https:\/\/www.elturistatranquil.com\/ca\/hostatgeria-del-monestir-de-poblet-conca-de-barbera\/#primaryimage","url":"https:\/\/www.elturistatranquil.com\/wp-content\/uploads\/F00-Hostatgeria-Monestir-de-Poblet.jpg","contentUrl":"https:\/\/www.elturistatranquil.com\/wp-content\/uploads\/F00-Hostatgeria-Monestir-de-Poblet.jpg","width":800,"height":533,"caption":"Hospederia del Monasterio de Poblet"},{"@type":"BreadcrumbList","@id":"https:\/\/www.elturistatranquil.com\/ca\/hostatgeria-del-monestir-de-poblet-conca-de-barbera\/#breadcrumb","itemListElement":[{"@type":"ListItem","position":1,"name":"Portada","item":"https:\/\/www.elturistatranquil.com\/ca\/"},{"@type":"ListItem","position":2,"name":"Hostatgeria del Monestir de Poblet. Conca de Barber\u00e0"}]},{"@type":"WebSite","@id":"https:\/\/www.elturistatranquil.com\/ca\/#website","url":"https:\/\/www.elturistatranquil.com\/ca\/","name":"El turista tranquil","description":"Blog de viatges","potentialAction":[{"@type":"SearchAction","target":{"@type":"EntryPoint","urlTemplate":"https:\/\/www.elturistatranquil.com\/ca\/?s={search_term_string}"},"query-input":{"@type":"PropertyValueSpecification","valueRequired":true,"valueName":"search_term_string"}}],"inLanguage":"ca"},{"@type":"Person","@id":"https:\/\/www.elturistatranquil.com\/ca\/#\/schema\/person\/16f607c3079b96ed0c530a52e6b58bb5","name":"admin","image":{"@type":"ImageObject","inLanguage":"ca","@id":"https:\/\/secure.gravatar.com\/avatar\/1fbaf22aee75fcbb29a2f97b107f95d25d3a19b7c3416105be10269872673e8d?s=96&d=mm&r=g","url":"https:\/\/secure.gravatar.com\/avatar\/1fbaf22aee75fcbb29a2f97b107f95d25d3a19b7c3416105be10269872673e8d?s=96&d=mm&r=g","contentUrl":"https:\/\/secure.gravatar.com\/avatar\/1fbaf22aee75fcbb29a2f97b107f95d25d3a19b7c3416105be10269872673e8d?s=96&d=mm&r=g","caption":"admin"}}]}},"_links":{"self":[{"href":"https:\/\/www.elturistatranquil.com\/ca\/wp-json\/wp\/v2\/posts\/15100","targetHints":{"allow":["GET"]}}],"collection":[{"href":"https:\/\/www.elturistatranquil.com\/ca\/wp-json\/wp\/v2\/posts"}],"about":[{"href":"https:\/\/www.elturistatranquil.com\/ca\/wp-json\/wp\/v2\/types\/post"}],"author":[{"embeddable":true,"href":"https:\/\/www.elturistatranquil.com\/ca\/wp-json\/wp\/v2\/users\/1"}],"replies":[{"embeddable":true,"href":"https:\/\/www.elturistatranquil.com\/ca\/wp-json\/wp\/v2\/comments?post=15100"}],"version-history":[{"count":5,"href":"https:\/\/www.elturistatranquil.com\/ca\/wp-json\/wp\/v2\/posts\/15100\/revisions"}],"predecessor-version":[{"id":36974,"href":"https:\/\/www.elturistatranquil.com\/ca\/wp-json\/wp\/v2\/posts\/15100\/revisions\/36974"}],"wp:featuredmedia":[{"embeddable":true,"href":"https:\/\/www.elturistatranquil.com\/ca\/wp-json\/wp\/v2\/media\/15059"}],"wp:attachment":[{"href":"https:\/\/www.elturistatranquil.com\/ca\/wp-json\/wp\/v2\/media?parent=15100"}],"wp:term":[{"taxonomy":"category","embeddable":true,"href":"https:\/\/www.elturistatranquil.com\/ca\/wp-json\/wp\/v2\/categories?post=15100"},{"taxonomy":"post_tag","embeddable":true,"href":"https:\/\/www.elturistatranquil.com\/ca\/wp-json\/wp\/v2\/tags?post=15100"}],"curies":[{"name":"wp","href":"https:\/\/api.w.org\/{rel}","templated":true}]}}