{"id":1571,"date":"2018-03-10T13:13:24","date_gmt":"2018-03-10T12:13:24","guid":{"rendered":"https:\/\/www.elturistatranquil.com\/?p=1571"},"modified":"2019-09-15T13:30:27","modified_gmt":"2019-09-15T11:30:27","slug":"malpica-de-bergantinos","status":"publish","type":"post","link":"https:\/\/www.elturistatranquil.com\/ca\/malpica-de-bergantinos\/","title":{"rendered":"Malpica de Berganti\u00f1os (A Coru\u00f1a)"},"content":{"rendered":"\t\t<div data-elementor-type=\"wp-post\" data-elementor-id=\"1571\" class=\"elementor elementor-1571 elementor-1548\" data-elementor-post-type=\"post\">\n\t\t\t\t\t\t<section class=\"elementor-section elementor-top-section elementor-element elementor-element-6aa267ff elementor-section-boxed elementor-section-height-default elementor-section-height-default\" data-id=\"6aa267ff\" data-element_type=\"section\" data-e-type=\"section\">\n\t\t\t\t\t\t<div class=\"elementor-container elementor-column-gap-default\">\n\t\t\t\t\t<div class=\"elementor-column elementor-col-100 elementor-top-column elementor-element elementor-element-3437f2f3\" data-id=\"3437f2f3\" data-element_type=\"column\" data-e-type=\"column\">\n\t\t\t<div class=\"elementor-widget-wrap elementor-element-populated\">\n\t\t\t\t\t\t<section class=\"elementor-section elementor-inner-section elementor-element elementor-element-2f9bc662 elementor-section-content-middle elementor-section-boxed elementor-section-height-default elementor-section-height-default\" data-id=\"2f9bc662\" data-element_type=\"section\" data-e-type=\"section\">\n\t\t\t\t\t\t<div class=\"elementor-container elementor-column-gap-default\">\n\t\t\t\t\t<div class=\"elementor-column elementor-col-100 elementor-inner-column elementor-element elementor-element-41d83b77\" data-id=\"41d83b77\" data-element_type=\"column\" data-e-type=\"column\">\n\t\t\t<div class=\"elementor-widget-wrap elementor-element-populated\">\n\t\t\t\t\t\t<div class=\"elementor-element elementor-element-1cdd74d0 elementor-widget elementor-widget-text-editor\" data-id=\"1cdd74d0\" data-element_type=\"widget\" data-e-type=\"widget\" data-widget_type=\"text-editor.default\">\n\t\t\t\t<div class=\"elementor-widget-container\">\n\t\t\t\t\t\t\t\t\t<p>Malpica de Berganti\u00f1os (A Coru\u00f1a), porta d&#8217;entrada al nord de la Costa da Morte. Centre pesquer de primer nivell per a les exquisides esp\u00e8cies gallegues de marisc i pop.<\/p>\t\t\t\t\t\t\t\t<\/div>\n\t\t\t\t<\/div>\n\t\t\t\t\t<\/div>\n\t\t<\/div>\n\t\t\t\t\t<\/div>\n\t\t<\/section>\n\t\t\t\t<div class=\"elementor-element elementor-element-5abc6685 elementor-widget elementor-widget-heading\" data-id=\"5abc6685\" data-element_type=\"widget\" data-e-type=\"widget\" data-widget_type=\"heading.default\">\n\t\t\t\t<div class=\"elementor-widget-container\">\n\t\t\t\t\t<h1 class=\"elementor-heading-title elementor-size-default\">Malpica de Berganti\u00f1os<\/h1>\t\t\t\t<\/div>\n\t\t\t\t<\/div>\n\t\t\t\t\t<\/div>\n\t\t<\/div>\n\t\t\t\t\t<\/div>\n\t\t<\/section>\n\t\t\t\t<section class=\"elementor-section elementor-top-section elementor-element elementor-element-69865b6f elementor-section-boxed elementor-section-height-default elementor-section-height-default\" data-id=\"69865b6f\" data-element_type=\"section\" data-e-type=\"section\">\n\t\t\t\t\t\t<div class=\"elementor-container elementor-column-gap-default\">\n\t\t\t\t\t<div class=\"elementor-column elementor-col-100 elementor-top-column elementor-element elementor-element-6be07574\" data-id=\"6be07574\" data-element_type=\"column\" data-e-type=\"column\">\n\t\t\t<div class=\"elementor-widget-wrap elementor-element-populated\">\n\t\t\t\t\t\t<div class=\"elementor-element elementor-element-5fc21a16 elementor-widget elementor-widget-image\" data-id=\"5fc21a16\" data-element_type=\"widget\" data-e-type=\"widget\" data-widget_type=\"image.default\">\n\t\t\t\t<div class=\"elementor-widget-container\">\n\t\t\t\t\t\t\t\t\t\t\t\t<figure class=\"wp-caption\">\n\t\t\t\t\t\t\t\t\t\t<img fetchpriority=\"high\" decoding=\"async\" width=\"800\" height=\"540\" src=\"https:\/\/www.elturistatranquil.com\/wp-content\/uploads\/F01-Malpica-de-Berganti\u00f1os-Google-Esrth-2018-02-27.jpg\" class=\"attachment-large size-large wp-image-1841\" alt=\"\" srcset=\"https:\/\/www.elturistatranquil.com\/wp-content\/uploads\/F01-Malpica-de-Berganti\u00f1os-Google-Esrth-2018-02-27.jpg 800w, https:\/\/www.elturistatranquil.com\/wp-content\/uploads\/F01-Malpica-de-Berganti\u00f1os-Google-Esrth-2018-02-27-768x518.jpg 768w\" sizes=\"(max-width: 800px) 100vw, 800px\" \/>\t\t\t\t\t\t\t\t\t\t\t<figcaption class=\"widget-image-caption wp-caption-text\">Malpica de Berganti\u00f1os (Google Earth 27-02-2018)<\/figcaption>\n\t\t\t\t\t\t\t\t\t\t<\/figure>\n\t\t\t\t\t\t\t\t\t<\/div>\n\t\t\t\t<\/div>\n\t\t\t\t<div class=\"elementor-element elementor-element-49919a82 elementor-widget elementor-widget-spacer\" data-id=\"49919a82\" data-element_type=\"widget\" data-e-type=\"widget\" data-widget_type=\"spacer.default\">\n\t\t\t\t<div class=\"elementor-widget-container\">\n\t\t\t\t\t\t\t<div class=\"elementor-spacer\">\n\t\t\t<div class=\"elementor-spacer-inner\"><\/div>\n\t\t<\/div>\n\t\t\t\t\t\t<\/div>\n\t\t\t\t<\/div>\n\t\t\t\t<div class=\"elementor-element elementor-element-15b5749f elementor-widget elementor-widget-heading\" data-id=\"15b5749f\" data-element_type=\"widget\" data-e-type=\"widget\" data-widget_type=\"heading.default\">\n\t\t\t\t<div class=\"elementor-widget-container\">\n\t\t\t\t\t<h2 class=\"elementor-heading-title elementor-size-default\">Malpica de Berganti\u00f1os<\/h2>\t\t\t\t<\/div>\n\t\t\t\t<\/div>\n\t\t\t\t<section class=\"elementor-section elementor-inner-section elementor-element elementor-element-57080b89 elementor-section-boxed elementor-section-height-default elementor-section-height-default\" data-id=\"57080b89\" data-element_type=\"section\" data-e-type=\"section\" data-settings=\"{&quot;background_background&quot;:&quot;classic&quot;}\">\n\t\t\t\t\t\t<div class=\"elementor-container elementor-column-gap-default\">\n\t\t\t\t\t<div class=\"elementor-column elementor-col-100 elementor-inner-column elementor-element elementor-element-4fadea03\" data-id=\"4fadea03\" data-element_type=\"column\" data-e-type=\"column\">\n\t\t\t<div class=\"elementor-widget-wrap elementor-element-populated\">\n\t\t\t\t\t\t<div class=\"elementor-element elementor-element-5476cff4 elementor-widget elementor-widget-text-editor\" data-id=\"5476cff4\" data-element_type=\"widget\" data-e-type=\"widget\" data-widget_type=\"text-editor.default\">\n\t\t\t\t<div class=\"elementor-widget-container\">\n\t\t\t\t\t\t\t\t\t<p>Comarca: Berganti\u00f1os: Prov\u00edncia: A Coru\u00f1a. Com. Aut\u00f2noma: Galicia.<\/p>\t\t\t\t\t\t\t\t<\/div>\n\t\t\t\t<\/div>\n\t\t\t\t<div class=\"elementor-element elementor-element-1beee2c elementor-widget elementor-widget-text-editor\" data-id=\"1beee2c\" data-element_type=\"widget\" data-e-type=\"widget\" data-widget_type=\"text-editor.default\">\n\t\t\t\t<div class=\"elementor-widget-container\">\n\t\t\t\t\t\t\t\t\t<p>Coordenades 43\u00b017\u203254\u2033N 8\u00b049\u203229\u2033O. Poblaci\u00f3: 5.518 hab. (2017).<\/p>\t\t\t\t\t\t\t\t<\/div>\n\t\t\t\t<\/div>\n\t\t\t\t<div class=\"elementor-element elementor-element-d155baa elementor-widget elementor-widget-text-editor\" data-id=\"d155baa\" data-element_type=\"widget\" data-e-type=\"widget\" data-widget_type=\"text-editor.default\">\n\t\t\t\t<div class=\"elementor-widget-container\">\n\t\t\t\t\t\t\t\t\t<p>Web: <a href=\"http:\/\/www.concellomalpica.com\/gl\/\" target=\"_blank\" rel=\"noopener\">www.concellomalpica.com<\/a><\/p>\t\t\t\t\t\t\t\t<\/div>\n\t\t\t\t<\/div>\n\t\t\t\t\t<\/div>\n\t\t<\/div>\n\t\t\t\t\t<\/div>\n\t\t<\/section>\n\t\t\t\t<div class=\"elementor-element elementor-element-f79a3f elementor-widget elementor-widget-image\" data-id=\"f79a3f\" data-element_type=\"widget\" data-e-type=\"widget\" data-widget_type=\"image.default\">\n\t\t\t\t<div class=\"elementor-widget-container\">\n\t\t\t\t\t\t\t\t\t\t\t\t<figure class=\"wp-caption\">\n\t\t\t\t\t\t\t\t\t\t<img decoding=\"async\" width=\"768\" height=\"636\" src=\"https:\/\/www.elturistatranquil.com\/wp-content\/uploads\/F02-Mapa-de-Situaci\u00f3n-de-Malpica-de-Berganti\u00f1os-Google-Maps-2018-03-07-F-768x636.jpg\" class=\"attachment-medium_large size-medium_large wp-image-1842\" alt=\"\" srcset=\"https:\/\/www.elturistatranquil.com\/wp-content\/uploads\/F02-Mapa-de-Situaci\u00f3n-de-Malpica-de-Berganti\u00f1os-Google-Maps-2018-03-07-F-768x636.jpg 768w, https:\/\/www.elturistatranquil.com\/wp-content\/uploads\/F02-Mapa-de-Situaci\u00f3n-de-Malpica-de-Berganti\u00f1os-Google-Maps-2018-03-07-F.jpg 800w\" sizes=\"(max-width: 768px) 100vw, 768px\" \/>\t\t\t\t\t\t\t\t\t\t\t<figcaption class=\"widget-image-caption wp-caption-text\">Pl\u00e0nol de situaci\u00f3 de Malpica de Berganti\u00f1os (Google maps 2018-03-07)<\/figcaption>\n\t\t\t\t\t\t\t\t\t\t<\/figure>\n\t\t\t\t\t\t\t\t\t<\/div>\n\t\t\t\t<\/div>\n\t\t\t\t<div class=\"elementor-element elementor-element-184ad5bb elementor-widget elementor-widget-text-editor\" data-id=\"184ad5bb\" data-element_type=\"widget\" data-e-type=\"widget\" data-widget_type=\"text-editor.default\">\n\t\t\t\t<div class=\"elementor-widget-container\">\n\t\t\t\t\t\t\t\t\t<p class=\"MsoNormal\">Malpica es la capital del <i>concello<\/i> (municipi) de Malpica de Berganti\u00f1os. Per entendre la forma de distribuci\u00f3 del poblament a Galicia i com s\u2019estructuren els <i>concellos<\/i> podem prendre Malpica com a exemple que ens mostrar\u00e0 amb claredat la forma particular de l\u2019assentament dispers de la poblaci\u00f3 de Galicia.<\/p>\t\t\t\t\t\t\t\t<\/div>\n\t\t\t\t<\/div>\n\t\t\t\t<div class=\"elementor-element elementor-element-8a4522a elementor-widget elementor-widget-image\" data-id=\"8a4522a\" data-element_type=\"widget\" data-e-type=\"widget\" data-widget_type=\"image.default\">\n\t\t\t\t<div class=\"elementor-widget-container\">\n\t\t\t\t\t\t\t\t\t\t\t\t\t\t\t<img decoding=\"async\" width=\"648\" height=\"342\" src=\"https:\/\/www.elturistatranquil.com\/wp-content\/uploads\/Malpica-Poblacion-Cat.jpg\" class=\"attachment-large size-large wp-image-21621\" alt=\"Malpica Poblacio\" srcset=\"https:\/\/www.elturistatranquil.com\/wp-content\/uploads\/Malpica-Poblacion-Cat.jpg 648w, https:\/\/www.elturistatranquil.com\/wp-content\/uploads\/Malpica-Poblacion-Cat-339x179.jpg 339w\" sizes=\"(max-width: 648px) 100vw, 648px\" \/>\t\t\t\t\t\t\t\t\t\t\t\t\t\t\t<\/div>\n\t\t\t\t<\/div>\n\t\t\t\t<div class=\"elementor-element elementor-element-509cc990 elementor-widget elementor-widget-text-editor\" data-id=\"509cc990\" data-element_type=\"widget\" data-e-type=\"widget\" data-widget_type=\"text-editor.default\">\n\t\t\t\t<div class=\"elementor-widget-container\">\n\t\t\t\t\t\t\t\t\t<p>Com he dit, Malpica \u00e9s el centre del <em>concello<\/em> (municipi) on es concentra nom\u00e9s el 34,1% de la poblaci\u00f3 (1.884 hab. el 2017).<\/p><p>Els <em>concellos<\/em>, a partir d\u2019una tradici\u00f3 hist\u00f2rica, estan dividits en parr\u00f2quies. En el cas de Malpica est\u00e0 constitu\u00eft per 8 parr\u00f2quies. Els nuclis principals de les altres 7 parr\u00f2quies tenen una dimensi\u00f3 mitja de 217 habitants que representa el 27,6% de la poblaci\u00f3 total. A m\u00e9s es troben 27 altres nuclis d\u2019una mitjana de 68 habitants que aglutinen el 34,4% del total. Per \u00faltim cal afegir-hi un 4,9% dels habitants del municipi que resideixen en casals disseminats.<\/p><p>Al marge de la capital del <em>concello<\/em> \u2013que al mateix temps \u00e9s la parr\u00f2quia de Sant Xuli\u00e1n-, el centre parroquial m\u00e9s nombr\u00f3s \u00e9s Bu\u00f1o amb 517 habitants, tots concentrats en el nucli, especialitzat en la producci\u00f3 de cer\u00e0mica tradicional. Mentre que el m\u00e9s petit \u00e9s la parr\u00f2quia de S. Cristobo (Cerqueda) amb 53 habitants sobre 495 habitants dispersos, sent la parr\u00f2quia m\u00e9s disseminada.<\/p><p>El resultat es un paisatge en que, en general, es veuen cases per tot arreu, siguin de petits nuclis o de casals a\u00efllats, i on els nuclis m\u00e9s poblats tampoc s\u00f3n molt compactes i s\u2019estenen seguint els camins o amb assentaments puntuals, donant formes aleat\u00f2ries i adaptant-se al minifundisme de la propietat agr\u00e0ria que caracteritza a Galicia.<\/p>\t\t\t\t\t\t\t\t<\/div>\n\t\t\t\t<\/div>\n\t\t\t\t<div class=\"elementor-element elementor-element-7ef8a138 elementor-widget elementor-widget-image\" data-id=\"7ef8a138\" data-element_type=\"widget\" data-e-type=\"widget\" data-widget_type=\"image.default\">\n\t\t\t\t<div class=\"elementor-widget-container\">\n\t\t\t\t\t\t\t\t\t\t\t\t<figure class=\"wp-caption\">\n\t\t\t\t\t\t\t\t\t\t<img loading=\"lazy\" decoding=\"async\" width=\"800\" height=\"540\" src=\"https:\/\/www.elturistatranquil.com\/wp-content\/uploads\/F03-Malpica-de-Berganti\u00f1os-Google-earth-2018-03-07.jpg\" class=\"attachment-large size-large wp-image-1843\" alt=\"\" srcset=\"https:\/\/www.elturistatranquil.com\/wp-content\/uploads\/F03-Malpica-de-Berganti\u00f1os-Google-earth-2018-03-07.jpg 800w, https:\/\/www.elturistatranquil.com\/wp-content\/uploads\/F03-Malpica-de-Berganti\u00f1os-Google-earth-2018-03-07-768x518.jpg 768w\" sizes=\"(max-width: 800px) 100vw, 800px\" \/>\t\t\t\t\t\t\t\t\t\t\t<figcaption class=\"widget-image-caption wp-caption-text\">La imatge mostra una clara visi\u00f3 de l\u2019estructura del poblament dispers i poc concentrat t\u00edpicament gallec, en aquest cas a Malpica de Berganti\u00f1os (Google eahrt 07-03-2018)<\/figcaption>\n\t\t\t\t\t\t\t\t\t\t<\/figure>\n\t\t\t\t\t\t\t\t\t<\/div>\n\t\t\t\t<\/div>\n\t\t\t\t<div class=\"elementor-element elementor-element-372f669b elementor-widget elementor-widget-image\" data-id=\"372f669b\" data-element_type=\"widget\" data-e-type=\"widget\" data-widget_type=\"image.default\">\n\t\t\t\t<div class=\"elementor-widget-container\">\n\t\t\t\t\t\t\t\t\t\t\t\t<figure class=\"wp-caption\">\n\t\t\t\t\t\t\t\t\t\t<img loading=\"lazy\" decoding=\"async\" width=\"800\" height=\"475\" src=\"https:\/\/www.elturistatranquil.com\/wp-content\/uploads\/F04-Porto-de-Barizo.jpg\" class=\"attachment-large size-large wp-image-1844\" alt=\"\" srcset=\"https:\/\/www.elturistatranquil.com\/wp-content\/uploads\/F04-Porto-de-Barizo.jpg 800w, https:\/\/www.elturistatranquil.com\/wp-content\/uploads\/F04-Porto-de-Barizo-768x456.jpg 768w\" sizes=\"(max-width: 800px) 100vw, 800px\" \/>\t\t\t\t\t\t\t\t\t\t\t<figcaption class=\"widget-image-caption wp-caption-text\">Exemple de poblament dispers a Barizo (Parr\u00f2quia de San Pedro)<\/figcaption>\n\t\t\t\t\t\t\t\t\t\t<\/figure>\n\t\t\t\t\t\t\t\t\t<\/div>\n\t\t\t\t<\/div>\n\t\t\t\t<div class=\"elementor-element elementor-element-23b7dec2 elementor-widget elementor-widget-text-editor\" data-id=\"23b7dec2\" data-element_type=\"widget\" data-e-type=\"widget\" data-widget_type=\"text-editor.default\">\n\t\t\t\t<div class=\"elementor-widget-container\">\n\t\t\t\t\t\t\t\t\t<p>El nucli urb\u00e0 de Malpica ocupa una part d&#8217;una pen\u00ednsula acabada en forma d\u2019illot. El sud d\u2019aquesta pen\u00ednsula forma un port natural mentre que, en contrast, a la vessant nord s&#8217;est\u00e9n el passeig mar\u00edtim i una amplia platja.<\/p><p>A l&#8217;arribar a Malpica es pot aparcar al carrer d&#8217;entrada -rua Emilio Gonz\u00e1lez L\u00f3pez- abans d&#8217;arribar al centre, o b\u00e9 baixar al port, on hi ha un ampli aparcament. La visita al port \u00e9s obligada. Havia estat el port balener m\u00e9s important de Galicia quan es practicava aquest tipus de captures. El port pesquer \u00e9s ple d&#8217;activitat i a la tarda, a partir de les 17h, es pot assistir a la subhasta a l\u2019estil tradicional i sobre les 19h a la del percebe en un espai adjunt.<\/p>\t\t\t\t\t\t\t\t<\/div>\n\t\t\t\t<\/div>\n\t\t\t\t<div class=\"elementor-element elementor-element-12596cdd elementor-widget elementor-widget-image\" data-id=\"12596cdd\" data-element_type=\"widget\" data-e-type=\"widget\" data-widget_type=\"image.default\">\n\t\t\t\t<div class=\"elementor-widget-container\">\n\t\t\t\t\t\t\t\t\t\t\t\t\t\t\t<img loading=\"lazy\" decoding=\"async\" width=\"800\" height=\"534\" src=\"https:\/\/www.elturistatranquil.com\/wp-content\/uploads\/F05-Malpica-de-Berganti\u00f1os-.jpg\" class=\"attachment-large size-large wp-image-1845\" alt=\"\" srcset=\"https:\/\/www.elturistatranquil.com\/wp-content\/uploads\/F05-Malpica-de-Berganti\u00f1os-.jpg 800w, https:\/\/www.elturistatranquil.com\/wp-content\/uploads\/F05-Malpica-de-Berganti\u00f1os--768x513.jpg 768w\" sizes=\"(max-width: 800px) 100vw, 800px\" \/>\t\t\t\t\t\t\t\t\t\t\t\t\t\t\t<\/div>\n\t\t\t\t<\/div>\n\t\t\t\t<div class=\"elementor-element elementor-element-50aac8b elementor-widget elementor-widget-image\" data-id=\"50aac8b\" data-element_type=\"widget\" data-e-type=\"widget\" data-widget_type=\"image.default\">\n\t\t\t\t<div class=\"elementor-widget-container\">\n\t\t\t\t\t\t\t\t\t\t\t\t<figure class=\"wp-caption\">\n\t\t\t\t\t\t\t\t\t\t<img loading=\"lazy\" decoding=\"async\" width=\"800\" height=\"717\" src=\"https:\/\/www.elturistatranquil.com\/wp-content\/uploads\/F06-Malpica-de-Berganti\u00f1os.jpg\" class=\"attachment-large size-large wp-image-1846\" alt=\"\" srcset=\"https:\/\/www.elturistatranquil.com\/wp-content\/uploads\/F06-Malpica-de-Berganti\u00f1os.jpg 800w, https:\/\/www.elturistatranquil.com\/wp-content\/uploads\/F06-Malpica-de-Berganti\u00f1os-768x688.jpg 768w\" sizes=\"(max-width: 800px) 100vw, 800px\" \/>\t\t\t\t\t\t\t\t\t\t\t<figcaption class=\"widget-image-caption wp-caption-text\">Malpica de Berganti\u00f1os des del port<\/figcaption>\n\t\t\t\t\t\t\t\t\t\t<\/figure>\n\t\t\t\t\t\t\t\t\t<\/div>\n\t\t\t\t<\/div>\n\t\t\t\t<div class=\"elementor-element elementor-element-21be5e22 elementor-widget elementor-widget-text-editor\" data-id=\"21be5e22\" data-element_type=\"widget\" data-e-type=\"widget\" data-widget_type=\"text-editor.default\">\n\t\t\t\t<div class=\"elementor-widget-container\">\n\t\t\t\t\t\t\t\t\t<p>Des del port \u00e9s espectacular la vista de tot l&#8217;entorn de cases encavalcades que formen una imatge exclusiva de paisatge humanitzat.<\/p>\t\t\t\t\t\t\t\t<\/div>\n\t\t\t\t<\/div>\n\t\t\t\t<div class=\"elementor-element elementor-element-22743595 elementor-widget elementor-widget-image\" data-id=\"22743595\" data-element_type=\"widget\" data-e-type=\"widget\" data-widget_type=\"image.default\">\n\t\t\t\t<div class=\"elementor-widget-container\">\n\t\t\t\t\t\t\t\t\t\t\t\t\t\t\t<img loading=\"lazy\" decoding=\"async\" width=\"800\" height=\"606\" src=\"https:\/\/www.elturistatranquil.com\/wp-content\/uploads\/F07-Malpica-de-Berganti\u00f1os.jpg\" class=\"attachment-large size-large wp-image-1847\" alt=\"\" srcset=\"https:\/\/www.elturistatranquil.com\/wp-content\/uploads\/F07-Malpica-de-Berganti\u00f1os.jpg 800w, https:\/\/www.elturistatranquil.com\/wp-content\/uploads\/F07-Malpica-de-Berganti\u00f1os-768x582.jpg 768w\" sizes=\"(max-width: 800px) 100vw, 800px\" \/>\t\t\t\t\t\t\t\t\t\t\t\t\t\t\t<\/div>\n\t\t\t\t<\/div>\n\t\t\t\t<div class=\"elementor-element elementor-element-4cc6f866 elementor-widget elementor-widget-image\" data-id=\"4cc6f866\" data-element_type=\"widget\" data-e-type=\"widget\" data-widget_type=\"image.default\">\n\t\t\t\t<div class=\"elementor-widget-container\">\n\t\t\t\t\t\t\t\t\t\t\t\t\t\t\t<img loading=\"lazy\" decoding=\"async\" width=\"800\" height=\"533\" src=\"https:\/\/www.elturistatranquil.com\/wp-content\/uploads\/F08-Malpica-de-Berganti\u00f1os.jpg\" class=\"attachment-large size-large wp-image-1848\" alt=\"\" srcset=\"https:\/\/www.elturistatranquil.com\/wp-content\/uploads\/F08-Malpica-de-Berganti\u00f1os.jpg 800w, https:\/\/www.elturistatranquil.com\/wp-content\/uploads\/F08-Malpica-de-Berganti\u00f1os-768x512.jpg 768w\" sizes=\"(max-width: 800px) 100vw, 800px\" \/>\t\t\t\t\t\t\t\t\t\t\t\t\t\t\t<\/div>\n\t\t\t\t<\/div>\n\t\t\t\t<div class=\"elementor-element elementor-element-670f4eb2 elementor-widget elementor-widget-image\" data-id=\"670f4eb2\" data-element_type=\"widget\" data-e-type=\"widget\" data-widget_type=\"image.default\">\n\t\t\t\t<div class=\"elementor-widget-container\">\n\t\t\t\t\t\t\t\t\t\t\t\t<figure class=\"wp-caption\">\n\t\t\t\t\t\t\t\t\t\t<img loading=\"lazy\" decoding=\"async\" width=\"800\" height=\"533\" src=\"https:\/\/www.elturistatranquil.com\/wp-content\/uploads\/F09-Malpica-de-Berganti\u00f1os.jpg\" class=\"attachment-large size-large wp-image-1849\" alt=\"\" srcset=\"https:\/\/www.elturistatranquil.com\/wp-content\/uploads\/F09-Malpica-de-Berganti\u00f1os.jpg 800w, https:\/\/www.elturistatranquil.com\/wp-content\/uploads\/F09-Malpica-de-Berganti\u00f1os-768x512.jpg 768w\" sizes=\"(max-width: 800px) 100vw, 800px\" \/>\t\t\t\t\t\t\t\t\t\t\t<figcaption class=\"widget-image-caption wp-caption-text\">Altres imatges del port<\/figcaption>\n\t\t\t\t\t\t\t\t\t\t<\/figure>\n\t\t\t\t\t\t\t\t\t<\/div>\n\t\t\t\t<\/div>\n\t\t\t\t<div class=\"elementor-element elementor-element-3161f4d8 elementor-widget elementor-widget-text-editor\" data-id=\"3161f4d8\" data-element_type=\"widget\" data-e-type=\"widget\" data-widget_type=\"text-editor.default\">\n\t\t\t\t<div class=\"elementor-widget-container\">\n\t\t\t\t\t\t\t\t\t<p class=\"MsoNormal\">Una altra opci\u00f3 \u00e9s dirigir-se al passeig mar\u00edtim i a la platja, on s&#8217;hi poden trobar bars per prendre alguna cosa. Des del passeig hi ha una bona perspectiva de les illes Sisargas.<\/p>\t\t\t\t\t\t\t\t<\/div>\n\t\t\t\t<\/div>\n\t\t\t\t<div class=\"elementor-element elementor-element-1870f3ac elementor-widget elementor-widget-image\" data-id=\"1870f3ac\" data-element_type=\"widget\" data-e-type=\"widget\" data-widget_type=\"image.default\">\n\t\t\t\t<div class=\"elementor-widget-container\">\n\t\t\t\t\t\t\t\t\t\t\t\t<figure class=\"wp-caption\">\n\t\t\t\t\t\t\t\t\t\t<img loading=\"lazy\" decoding=\"async\" width=\"800\" height=\"533\" src=\"https:\/\/www.elturistatranquil.com\/wp-content\/uploads\/F10-Malpica-de-Berganti\u00f1os-platja.jpg\" class=\"attachment-large size-large wp-image-1850\" alt=\"\" srcset=\"https:\/\/www.elturistatranquil.com\/wp-content\/uploads\/F10-Malpica-de-Berganti\u00f1os-platja.jpg 800w, https:\/\/www.elturistatranquil.com\/wp-content\/uploads\/F10-Malpica-de-Berganti\u00f1os-platja-768x512.jpg 768w\" sizes=\"(max-width: 800px) 100vw, 800px\" \/>\t\t\t\t\t\t\t\t\t\t\t<figcaption class=\"widget-image-caption wp-caption-text\">Platja de Malpica de Berganti\u00f1os (Foto de Sgarrido1980 (Own work) [<a href=\"https:\/\/creativecommons.org\/licenses\/by-sa\/3.0\">CC BY-SA 3.0<\/a>], <a href=\"https:\/\/commons.wikimedia.org\/wiki\/File%3APraiaGrande.JPG\">via Wikimedia Commons<\/a>)<\/figcaption>\n\t\t\t\t\t\t\t\t\t\t<\/figure>\n\t\t\t\t\t\t\t\t\t<\/div>\n\t\t\t\t<\/div>\n\t\t\t\t<div class=\"elementor-element elementor-element-419da76d elementor-widget elementor-widget-text-editor\" data-id=\"419da76d\" data-element_type=\"widget\" data-e-type=\"widget\" data-widget_type=\"text-editor.default\">\n\t\t\t\t<div class=\"elementor-widget-container\">\n\t\t\t\t\t\t\t\t\t<p>\u00c9s tamb\u00e9 aconsellable passejar pels carrerons d\u2019aquest poble mariner.<\/p>\t\t\t\t\t\t\t\t<\/div>\n\t\t\t\t<\/div>\n\t\t\t\t<div class=\"elementor-element elementor-element-c1e5b5d elementor-widget elementor-widget-text-editor\" data-id=\"c1e5b5d\" data-element_type=\"widget\" data-e-type=\"widget\" data-widget_type=\"text-editor.default\">\n\t\t\t\t<div class=\"elementor-widget-container\">\n\t\t\t\t\t\t\t\t\t<p><strong>Podeu consultar l\u2019enlla\u00e7 al Post<\/strong>:<strong> <a href=\"https:\/\/www.elturistatranquil.com\/ca\/costa-da-morte-as-garzas\/#a0106\" target=\"_blank\" rel=\"noopener\">COSTA DA MORTE: RESTAURANT-ALLOTJAMENT AS GARZAS<\/a><\/strong><\/p>\t\t\t\t\t\t\t\t<\/div>\n\t\t\t\t<\/div>\n\t\t\t\t<div class=\"elementor-element elementor-element-2c400f6c elementor-widget elementor-widget-text-editor\" data-id=\"2c400f6c\" data-element_type=\"widget\" data-e-type=\"widget\" data-widget_type=\"text-editor.default\">\n\t\t\t\t<div class=\"elementor-widget-container\">\n\t\t\t\t\t\t\t\t\t<h6>Webs:<\/h6><p>Alguns enlla\u00e7os a Internet sobre Malpica a: <a href=\"http:\/\/www.concellomalpica.com\/turismo\/es\/\" target=\"_blank\" rel=\"noopener\">Concello de Malpica<\/a>; <a href=\"https:\/\/es.wikipedia.org\/wiki\/Malpica_de_Berganti%C3%B1os\" target=\"_blank\" rel=\"noopener\">Wikipedia<\/a>; <a href=\"http:\/\/www.agalicia.com\/malpica\/index.htm\" target=\"_blank\" rel=\"noopener\">AGalicia<\/a> y <a href=\"https:\/\/es.wikiloc.com\/rutas\/senderismo?t=&amp;d=&amp;lfr=&amp;lto=&amp;a=senderismo&amp;q=malpica+de+berganti%C3%B1os\" target=\"_blank\" rel=\"noopener\">wikiloc<\/a>.<\/p>\t\t\t\t\t\t\t\t<\/div>\n\t\t\t\t<\/div>\n\t\t\t\t\t<\/div>\n\t\t<\/div>\n\t\t\t\t\t<\/div>\n\t\t<\/section>\n\t\t\t\t<section class=\"elementor-section elementor-top-section elementor-element elementor-element-1b7c3bd6 elementor-section-boxed elementor-section-height-default elementor-section-height-default\" data-id=\"1b7c3bd6\" data-element_type=\"section\" data-e-type=\"section\">\n\t\t\t\t\t\t<div class=\"elementor-container elementor-column-gap-default\">\n\t\t\t\t\t<div class=\"elementor-column elementor-col-100 elementor-top-column elementor-element elementor-element-6e184ae3\" data-id=\"6e184ae3\" data-element_type=\"column\" data-e-type=\"column\">\n\t\t\t<div class=\"elementor-widget-wrap\">\n\t\t\t\t\t\t\t<\/div>\n\t\t<\/div>\n\t\t\t\t\t<\/div>\n\t\t<\/section>\n\t\t\t\t<section class=\"elementor-section elementor-top-section elementor-element elementor-element-2c5dff5 elementor-section-boxed elementor-section-height-default elementor-section-height-default\" data-id=\"2c5dff5\" data-element_type=\"section\" data-e-type=\"section\">\n\t\t\t\t\t\t<div class=\"elementor-container elementor-column-gap-default\">\n\t\t\t\t\t<div class=\"elementor-column elementor-col-100 elementor-top-column elementor-element elementor-element-3cdbf83\" data-id=\"3cdbf83\" data-element_type=\"column\" data-e-type=\"column\">\n\t\t\t<div class=\"elementor-widget-wrap elementor-element-populated\">\n\t\t\t\t\t\t<div class=\"elementor-element elementor-element-3317f5f2 elementor-share-buttons--view-icon elementor-share-buttons--skin-minimal elementor-share-buttons--shape-circle elementor-grid-0 elementor-share-buttons--color-official elementor-widget elementor-widget-global elementor-global-398 elementor-widget-share-buttons\" data-id=\"3317f5f2\" data-element_type=\"widget\" data-e-type=\"widget\" data-widget_type=\"share-buttons.default\">\n\t\t\t\t<div class=\"elementor-widget-container\">\n\t\t\t\t\t\t\t<div class=\"elementor-grid\" role=\"list\">\n\t\t\t\t\t\t\t\t<div class=\"elementor-grid-item\" role=\"listitem\">\n\t\t\t\t\t\t<div class=\"elementor-share-btn elementor-share-btn_facebook\" role=\"button\" tabindex=\"0\" aria-label=\"Compartici\u00f3 en facebook\">\n\t\t\t\t\t\t\t\t\t\t\t\t\t\t\t<span class=\"elementor-share-btn__icon\">\n\t\t\t\t\t\t\t\t<i class=\"fab fa-facebook\" aria-hidden=\"true\"><\/i>\t\t\t\t\t\t\t<\/span>\n\t\t\t\t\t\t\t\t\t\t\t\t\t\t\t\t\t\t\t\t<\/div>\n\t\t\t\t\t<\/div>\n\t\t\t\t\t\t\t\t\t<div class=\"elementor-grid-item\" role=\"listitem\">\n\t\t\t\t\t\t<div class=\"elementor-share-btn elementor-share-btn_twitter\" role=\"button\" tabindex=\"0\" aria-label=\"Compartici\u00f3 en twitter\">\n\t\t\t\t\t\t\t\t\t\t\t\t\t\t\t<span class=\"elementor-share-btn__icon\">\n\t\t\t\t\t\t\t\t<i class=\"fab fa-twitter\" aria-hidden=\"true\"><\/i>\t\t\t\t\t\t\t<\/span>\n\t\t\t\t\t\t\t\t\t\t\t\t\t\t\t\t\t\t\t\t<\/div>\n\t\t\t\t\t<\/div>\n\t\t\t\t\t\t\t\t\t<div class=\"elementor-grid-item\" role=\"listitem\">\n\t\t\t\t\t\t<div class=\"elementor-share-btn elementor-share-btn_pinterest\" role=\"button\" tabindex=\"0\" aria-label=\"Compartici\u00f3 en pinterest\">\n\t\t\t\t\t\t\t\t\t\t\t\t\t\t\t<span class=\"elementor-share-btn__icon\">\n\t\t\t\t\t\t\t\t<i class=\"fab fa-pinterest\" aria-hidden=\"true\"><\/i>\t\t\t\t\t\t\t<\/span>\n\t\t\t\t\t\t\t\t\t\t\t\t\t\t\t\t\t\t\t\t<\/div>\n\t\t\t\t\t<\/div>\n\t\t\t\t\t\t\t\t\t<div class=\"elementor-grid-item\" role=\"listitem\">\n\t\t\t\t\t\t<div class=\"elementor-share-btn elementor-share-btn_whatsapp\" role=\"button\" tabindex=\"0\" aria-label=\"Compartici\u00f3 en whatsapp\">\n\t\t\t\t\t\t\t\t\t\t\t\t\t\t\t<span class=\"elementor-share-btn__icon\">\n\t\t\t\t\t\t\t\t<i class=\"fab fa-whatsapp\" aria-hidden=\"true\"><\/i>\t\t\t\t\t\t\t<\/span>\n\t\t\t\t\t\t\t\t\t\t\t\t\t\t\t\t\t\t\t\t<\/div>\n\t\t\t\t\t<\/div>\n\t\t\t\t\t\t\t\t\t<div class=\"elementor-grid-item\" role=\"listitem\">\n\t\t\t\t\t\t<div class=\"elementor-share-btn elementor-share-btn_email\" role=\"button\" tabindex=\"0\" aria-label=\"Compartici\u00f3 en email\">\n\t\t\t\t\t\t\t\t\t\t\t\t\t\t\t<span class=\"elementor-share-btn__icon\">\n\t\t\t\t\t\t\t\t<i class=\"fas fa-envelope\" aria-hidden=\"true\"><\/i>\t\t\t\t\t\t\t<\/span>\n\t\t\t\t\t\t\t\t\t\t\t\t\t\t\t\t\t\t\t\t<\/div>\n\t\t\t\t\t<\/div>\n\t\t\t\t\t\t<\/div>\n\t\t\t\t\t\t<\/div>\n\t\t\t\t<\/div>\n\t\t\t\t\t<\/div>\n\t\t<\/div>\n\t\t\t\t\t<\/div>\n\t\t<\/section>\n\t\t\t\t<\/div>\n\t\t","protected":false},"excerpt":{"rendered":"<p>Malpica de Berganti\u00f1os (A Coru\u00f1a), porta d&#8217;entrada al nord de la Costa da Morte. Centre pesquer de primer nivell per a les exquisides esp\u00e8cies gallegues de marisc i pop. Malpica &#8230; <a title=\"Malpica de Berganti\u00f1os (A Coru\u00f1a)\" class=\"read-more\" href=\"https:\/\/www.elturistatranquil.com\/ca\/malpica-de-bergantinos\/\" aria-label=\"M\u00e9s informaci\u00f3 sobre Malpica de Berganti\u00f1os (A Coru\u00f1a)\">[ &#8230; ]<\/a><\/p>\n","protected":false},"author":1,"featured_media":1560,"comment_status":"open","ping_status":"closed","sticky":false,"template":"","format":"standard","meta":{"footnotes":""},"categories":[121,71,78,95,99,100],"tags":[],"class_list":["post-1571","post","type-post","status-publish","format-standard","has-post-thumbnail","hentry","category-a-coruna-ca-2","category-arquitectura-popular-ca","category-cultura-rural-ca","category-paisatge","category-poble","category-pobles-i-ciutats-amb-interes","infinite-scroll-item","generate-columns","tablet-grid-50","mobile-grid-100","grid-parent","grid-50","no-featured-image-padding"],"yoast_head":"<!-- This site is optimized with the Yoast SEO plugin v27.4 - https:\/\/yoast.com\/product\/yoast-seo-wordpress\/ -->\n<title>Malpica de Berganti\u00f1os (A Coru\u00f1a) - El turistat tranquil<\/title>\n<meta name=\"description\" content=\"Malpica de Berganti\u00f1os (A Coru\u00f1a), porta d&#039;entrada al nord de la Costa da Morte. Centre pesquer de primer nivell per a les exquisides esp\u00e8cies gallegues de marisc i pop.\" \/>\n<meta name=\"robots\" content=\"index, follow, max-snippet:-1, max-image-preview:large, max-video-preview:-1\" \/>\n<link rel=\"canonical\" href=\"https:\/\/www.elturistatranquil.com\/ca\/malpica-de-bergantinos\/\" \/>\n<meta property=\"og:locale\" content=\"ca_ES\" \/>\n<meta property=\"og:type\" content=\"article\" \/>\n<meta property=\"og:title\" content=\"Malpica de Berganti\u00f1os (A Coru\u00f1a) - El turistat tranquil\" \/>\n<meta property=\"og:description\" content=\"Malpica de Berganti\u00f1os (A Coru\u00f1a), porta d&#039;entrada al nord de la Costa da Morte. Centre pesquer de primer nivell per a les exquisides esp\u00e8cies gallegues de marisc i pop.\" \/>\n<meta property=\"og:url\" content=\"https:\/\/www.elturistatranquil.com\/ca\/malpica-de-bergantinos\/\" \/>\n<meta property=\"og:site_name\" content=\"El turista tranquil\" \/>\n<meta property=\"article:publisher\" content=\"https:\/\/www.facebook.com\/elturistatranquilo\/\" \/>\n<meta property=\"article:published_time\" content=\"2018-03-10T12:13:24+00:00\" \/>\n<meta property=\"article:modified_time\" content=\"2019-09-15T11:30:27+00:00\" \/>\n<meta property=\"og:image\" content=\"https:\/\/www.elturistatranquil.com\/wp-content\/uploads\/F05-Malpica-de-Berganti\u00f1os-.jpg\" \/>\n\t<meta property=\"og:image:width\" content=\"800\" \/>\n\t<meta property=\"og:image:height\" content=\"534\" \/>\n\t<meta property=\"og:image:type\" content=\"image\/jpeg\" \/>\n<meta name=\"author\" content=\"admin\" \/>\n<meta name=\"twitter:card\" content=\"summary_large_image\" \/>\n<meta name=\"twitter:label1\" content=\"Escrit per\" \/>\n\t<meta name=\"twitter:data1\" content=\"admin\" \/>\n\t<meta name=\"twitter:label2\" content=\"Temps estimat de lectura\" \/>\n\t<meta name=\"twitter:data2\" content=\"3 minuts\" \/>\n<script type=\"application\/ld+json\" class=\"yoast-schema-graph\">{\"@context\":\"https:\\\/\\\/schema.org\",\"@graph\":[{\"@type\":\"Article\",\"@id\":\"https:\\\/\\\/www.elturistatranquil.com\\\/ca\\\/malpica-de-bergantinos\\\/#article\",\"isPartOf\":{\"@id\":\"https:\\\/\\\/www.elturistatranquil.com\\\/ca\\\/malpica-de-bergantinos\\\/\"},\"author\":{\"name\":\"admin\",\"@id\":\"https:\\\/\\\/www.elturistatranquil.com\\\/ca\\\/#\\\/schema\\\/person\\\/16f607c3079b96ed0c530a52e6b58bb5\"},\"headline\":\"Malpica de Berganti\u00f1os (A Coru\u00f1a)\",\"datePublished\":\"2018-03-10T12:13:24+00:00\",\"dateModified\":\"2019-09-15T11:30:27+00:00\",\"mainEntityOfPage\":{\"@id\":\"https:\\\/\\\/www.elturistatranquil.com\\\/ca\\\/malpica-de-bergantinos\\\/\"},\"wordCount\":692,\"commentCount\":0,\"image\":{\"@id\":\"https:\\\/\\\/www.elturistatranquil.com\\\/ca\\\/malpica-de-bergantinos\\\/#primaryimage\"},\"thumbnailUrl\":\"https:\\\/\\\/www.elturistatranquil.com\\\/wp-content\\\/uploads\\\/F05-Malpica-de-Berganti\u00f1os-.jpg\",\"articleSection\":[\"A Coru\u00f1a\",\"Arquitectura popular\",\"Cultura rural\",\"Paisatge\",\"Poble\",\"Pobles i ciutats amb inter\u00e9s\"],\"inLanguage\":\"ca\",\"potentialAction\":[{\"@type\":\"CommentAction\",\"name\":\"Comment\",\"target\":[\"https:\\\/\\\/www.elturistatranquil.com\\\/ca\\\/malpica-de-bergantinos\\\/#respond\"]}]},{\"@type\":\"WebPage\",\"@id\":\"https:\\\/\\\/www.elturistatranquil.com\\\/ca\\\/malpica-de-bergantinos\\\/\",\"url\":\"https:\\\/\\\/www.elturistatranquil.com\\\/ca\\\/malpica-de-bergantinos\\\/\",\"name\":\"Malpica de Berganti\u00f1os (A Coru\u00f1a) - El turistat tranquil\",\"isPartOf\":{\"@id\":\"https:\\\/\\\/www.elturistatranquil.com\\\/ca\\\/#website\"},\"primaryImageOfPage\":{\"@id\":\"https:\\\/\\\/www.elturistatranquil.com\\\/ca\\\/malpica-de-bergantinos\\\/#primaryimage\"},\"image\":{\"@id\":\"https:\\\/\\\/www.elturistatranquil.com\\\/ca\\\/malpica-de-bergantinos\\\/#primaryimage\"},\"thumbnailUrl\":\"https:\\\/\\\/www.elturistatranquil.com\\\/wp-content\\\/uploads\\\/F05-Malpica-de-Berganti\u00f1os-.jpg\",\"datePublished\":\"2018-03-10T12:13:24+00:00\",\"dateModified\":\"2019-09-15T11:30:27+00:00\",\"author\":{\"@id\":\"https:\\\/\\\/www.elturistatranquil.com\\\/ca\\\/#\\\/schema\\\/person\\\/16f607c3079b96ed0c530a52e6b58bb5\"},\"description\":\"Malpica de Berganti\u00f1os (A Coru\u00f1a), porta d'entrada al nord de la Costa da Morte. Centre pesquer de primer nivell per a les exquisides esp\u00e8cies gallegues de marisc i pop.\",\"breadcrumb\":{\"@id\":\"https:\\\/\\\/www.elturistatranquil.com\\\/ca\\\/malpica-de-bergantinos\\\/#breadcrumb\"},\"inLanguage\":\"ca\",\"potentialAction\":[{\"@type\":\"ReadAction\",\"target\":[\"https:\\\/\\\/www.elturistatranquil.com\\\/ca\\\/malpica-de-bergantinos\\\/\"]}]},{\"@type\":\"ImageObject\",\"inLanguage\":\"ca\",\"@id\":\"https:\\\/\\\/www.elturistatranquil.com\\\/ca\\\/malpica-de-bergantinos\\\/#primaryimage\",\"url\":\"https:\\\/\\\/www.elturistatranquil.com\\\/wp-content\\\/uploads\\\/F05-Malpica-de-Berganti\u00f1os-.jpg\",\"contentUrl\":\"https:\\\/\\\/www.elturistatranquil.com\\\/wp-content\\\/uploads\\\/F05-Malpica-de-Berganti\u00f1os-.jpg\",\"width\":800,\"height\":534,\"caption\":\"F05 Malpica de Berganti\u00f1os\"},{\"@type\":\"BreadcrumbList\",\"@id\":\"https:\\\/\\\/www.elturistatranquil.com\\\/ca\\\/malpica-de-bergantinos\\\/#breadcrumb\",\"itemListElement\":[{\"@type\":\"ListItem\",\"position\":1,\"name\":\"Portada\",\"item\":\"https:\\\/\\\/www.elturistatranquil.com\\\/ca\\\/\"},{\"@type\":\"ListItem\",\"position\":2,\"name\":\"Malpica de Berganti\u00f1os (A Coru\u00f1a)\"}]},{\"@type\":\"WebSite\",\"@id\":\"https:\\\/\\\/www.elturistatranquil.com\\\/ca\\\/#website\",\"url\":\"https:\\\/\\\/www.elturistatranquil.com\\\/ca\\\/\",\"name\":\"El turista tranquil\",\"description\":\"Blog de viatges\",\"potentialAction\":[{\"@type\":\"SearchAction\",\"target\":{\"@type\":\"EntryPoint\",\"urlTemplate\":\"https:\\\/\\\/www.elturistatranquil.com\\\/ca\\\/?s={search_term_string}\"},\"query-input\":{\"@type\":\"PropertyValueSpecification\",\"valueRequired\":true,\"valueName\":\"search_term_string\"}}],\"inLanguage\":\"ca\"},{\"@type\":\"Person\",\"@id\":\"https:\\\/\\\/www.elturistatranquil.com\\\/ca\\\/#\\\/schema\\\/person\\\/16f607c3079b96ed0c530a52e6b58bb5\",\"name\":\"admin\",\"image\":{\"@type\":\"ImageObject\",\"inLanguage\":\"ca\",\"@id\":\"https:\\\/\\\/secure.gravatar.com\\\/avatar\\\/1fbaf22aee75fcbb29a2f97b107f95d25d3a19b7c3416105be10269872673e8d?s=96&d=mm&r=g\",\"url\":\"https:\\\/\\\/secure.gravatar.com\\\/avatar\\\/1fbaf22aee75fcbb29a2f97b107f95d25d3a19b7c3416105be10269872673e8d?s=96&d=mm&r=g\",\"contentUrl\":\"https:\\\/\\\/secure.gravatar.com\\\/avatar\\\/1fbaf22aee75fcbb29a2f97b107f95d25d3a19b7c3416105be10269872673e8d?s=96&d=mm&r=g\",\"caption\":\"admin\"}}]}<\/script>\n<!-- \/ Yoast SEO plugin. -->","yoast_head_json":{"title":"Malpica de Berganti\u00f1os (A Coru\u00f1a) - El turistat tranquil","description":"Malpica de Berganti\u00f1os (A Coru\u00f1a), porta d'entrada al nord de la Costa da Morte. Centre pesquer de primer nivell per a les exquisides esp\u00e8cies gallegues de marisc i pop.","robots":{"index":"index","follow":"follow","max-snippet":"max-snippet:-1","max-image-preview":"max-image-preview:large","max-video-preview":"max-video-preview:-1"},"canonical":"https:\/\/www.elturistatranquil.com\/ca\/malpica-de-bergantinos\/","og_locale":"ca_ES","og_type":"article","og_title":"Malpica de Berganti\u00f1os (A Coru\u00f1a) - El turistat tranquil","og_description":"Malpica de Berganti\u00f1os (A Coru\u00f1a), porta d'entrada al nord de la Costa da Morte. Centre pesquer de primer nivell per a les exquisides esp\u00e8cies gallegues de marisc i pop.","og_url":"https:\/\/www.elturistatranquil.com\/ca\/malpica-de-bergantinos\/","og_site_name":"El turista tranquil","article_publisher":"https:\/\/www.facebook.com\/elturistatranquilo\/","article_published_time":"2018-03-10T12:13:24+00:00","article_modified_time":"2019-09-15T11:30:27+00:00","og_image":[{"width":800,"height":534,"url":"https:\/\/www.elturistatranquil.com\/wp-content\/uploads\/F05-Malpica-de-Berganti\u00f1os-.jpg","type":"image\/jpeg"}],"author":"admin","twitter_card":"summary_large_image","twitter_misc":{"Escrit per":"admin","Temps estimat de lectura":"3 minuts"},"schema":{"@context":"https:\/\/schema.org","@graph":[{"@type":"Article","@id":"https:\/\/www.elturistatranquil.com\/ca\/malpica-de-bergantinos\/#article","isPartOf":{"@id":"https:\/\/www.elturistatranquil.com\/ca\/malpica-de-bergantinos\/"},"author":{"name":"admin","@id":"https:\/\/www.elturistatranquil.com\/ca\/#\/schema\/person\/16f607c3079b96ed0c530a52e6b58bb5"},"headline":"Malpica de Berganti\u00f1os (A Coru\u00f1a)","datePublished":"2018-03-10T12:13:24+00:00","dateModified":"2019-09-15T11:30:27+00:00","mainEntityOfPage":{"@id":"https:\/\/www.elturistatranquil.com\/ca\/malpica-de-bergantinos\/"},"wordCount":692,"commentCount":0,"image":{"@id":"https:\/\/www.elturistatranquil.com\/ca\/malpica-de-bergantinos\/#primaryimage"},"thumbnailUrl":"https:\/\/www.elturistatranquil.com\/wp-content\/uploads\/F05-Malpica-de-Berganti\u00f1os-.jpg","articleSection":["A Coru\u00f1a","Arquitectura popular","Cultura rural","Paisatge","Poble","Pobles i ciutats amb inter\u00e9s"],"inLanguage":"ca","potentialAction":[{"@type":"CommentAction","name":"Comment","target":["https:\/\/www.elturistatranquil.com\/ca\/malpica-de-bergantinos\/#respond"]}]},{"@type":"WebPage","@id":"https:\/\/www.elturistatranquil.com\/ca\/malpica-de-bergantinos\/","url":"https:\/\/www.elturistatranquil.com\/ca\/malpica-de-bergantinos\/","name":"Malpica de Berganti\u00f1os (A Coru\u00f1a) - El turistat tranquil","isPartOf":{"@id":"https:\/\/www.elturistatranquil.com\/ca\/#website"},"primaryImageOfPage":{"@id":"https:\/\/www.elturistatranquil.com\/ca\/malpica-de-bergantinos\/#primaryimage"},"image":{"@id":"https:\/\/www.elturistatranquil.com\/ca\/malpica-de-bergantinos\/#primaryimage"},"thumbnailUrl":"https:\/\/www.elturistatranquil.com\/wp-content\/uploads\/F05-Malpica-de-Berganti\u00f1os-.jpg","datePublished":"2018-03-10T12:13:24+00:00","dateModified":"2019-09-15T11:30:27+00:00","author":{"@id":"https:\/\/www.elturistatranquil.com\/ca\/#\/schema\/person\/16f607c3079b96ed0c530a52e6b58bb5"},"description":"Malpica de Berganti\u00f1os (A Coru\u00f1a), porta d'entrada al nord de la Costa da Morte. Centre pesquer de primer nivell per a les exquisides esp\u00e8cies gallegues de marisc i pop.","breadcrumb":{"@id":"https:\/\/www.elturistatranquil.com\/ca\/malpica-de-bergantinos\/#breadcrumb"},"inLanguage":"ca","potentialAction":[{"@type":"ReadAction","target":["https:\/\/www.elturistatranquil.com\/ca\/malpica-de-bergantinos\/"]}]},{"@type":"ImageObject","inLanguage":"ca","@id":"https:\/\/www.elturistatranquil.com\/ca\/malpica-de-bergantinos\/#primaryimage","url":"https:\/\/www.elturistatranquil.com\/wp-content\/uploads\/F05-Malpica-de-Berganti\u00f1os-.jpg","contentUrl":"https:\/\/www.elturistatranquil.com\/wp-content\/uploads\/F05-Malpica-de-Berganti\u00f1os-.jpg","width":800,"height":534,"caption":"F05 Malpica de Berganti\u00f1os"},{"@type":"BreadcrumbList","@id":"https:\/\/www.elturistatranquil.com\/ca\/malpica-de-bergantinos\/#breadcrumb","itemListElement":[{"@type":"ListItem","position":1,"name":"Portada","item":"https:\/\/www.elturistatranquil.com\/ca\/"},{"@type":"ListItem","position":2,"name":"Malpica de Berganti\u00f1os (A Coru\u00f1a)"}]},{"@type":"WebSite","@id":"https:\/\/www.elturistatranquil.com\/ca\/#website","url":"https:\/\/www.elturistatranquil.com\/ca\/","name":"El turista tranquil","description":"Blog de viatges","potentialAction":[{"@type":"SearchAction","target":{"@type":"EntryPoint","urlTemplate":"https:\/\/www.elturistatranquil.com\/ca\/?s={search_term_string}"},"query-input":{"@type":"PropertyValueSpecification","valueRequired":true,"valueName":"search_term_string"}}],"inLanguage":"ca"},{"@type":"Person","@id":"https:\/\/www.elturistatranquil.com\/ca\/#\/schema\/person\/16f607c3079b96ed0c530a52e6b58bb5","name":"admin","image":{"@type":"ImageObject","inLanguage":"ca","@id":"https:\/\/secure.gravatar.com\/avatar\/1fbaf22aee75fcbb29a2f97b107f95d25d3a19b7c3416105be10269872673e8d?s=96&d=mm&r=g","url":"https:\/\/secure.gravatar.com\/avatar\/1fbaf22aee75fcbb29a2f97b107f95d25d3a19b7c3416105be10269872673e8d?s=96&d=mm&r=g","contentUrl":"https:\/\/secure.gravatar.com\/avatar\/1fbaf22aee75fcbb29a2f97b107f95d25d3a19b7c3416105be10269872673e8d?s=96&d=mm&r=g","caption":"admin"}}]}},"_links":{"self":[{"href":"https:\/\/www.elturistatranquil.com\/ca\/wp-json\/wp\/v2\/posts\/1571","targetHints":{"allow":["GET"]}}],"collection":[{"href":"https:\/\/www.elturistatranquil.com\/ca\/wp-json\/wp\/v2\/posts"}],"about":[{"href":"https:\/\/www.elturistatranquil.com\/ca\/wp-json\/wp\/v2\/types\/post"}],"author":[{"embeddable":true,"href":"https:\/\/www.elturistatranquil.com\/ca\/wp-json\/wp\/v2\/users\/1"}],"replies":[{"embeddable":true,"href":"https:\/\/www.elturistatranquil.com\/ca\/wp-json\/wp\/v2\/comments?post=1571"}],"version-history":[{"count":0,"href":"https:\/\/www.elturistatranquil.com\/ca\/wp-json\/wp\/v2\/posts\/1571\/revisions"}],"wp:featuredmedia":[{"embeddable":true,"href":"https:\/\/www.elturistatranquil.com\/ca\/wp-json\/wp\/v2\/media\/1560"}],"wp:attachment":[{"href":"https:\/\/www.elturistatranquil.com\/ca\/wp-json\/wp\/v2\/media?parent=1571"}],"wp:term":[{"taxonomy":"category","embeddable":true,"href":"https:\/\/www.elturistatranquil.com\/ca\/wp-json\/wp\/v2\/categories?post=1571"},{"taxonomy":"post_tag","embeddable":true,"href":"https:\/\/www.elturistatranquil.com\/ca\/wp-json\/wp\/v2\/tags?post=1571"}],"curies":[{"name":"wp","href":"https:\/\/api.w.org\/{rel}","templated":true}]}}