{"id":16292,"date":"2019-04-27T11:19:13","date_gmt":"2019-04-27T09:19:13","guid":{"rendered":"https:\/\/www.elturistatranquil.com\/?p=16292"},"modified":"2019-05-02T16:45:58","modified_gmt":"2019-05-02T14:45:58","slug":"castell-de-lorca-murcia","status":"publish","type":"post","link":"https:\/\/www.elturistatranquil.com\/ca\/castell-de-lorca-murcia\/","title":{"rendered":"Castell de Lorca (M\u00farcia)"},"content":{"rendered":"\t\t<div data-elementor-type=\"wp-post\" data-elementor-id=\"16292\" class=\"elementor elementor-16292 elementor-16033\" data-elementor-post-type=\"post\">\n\t\t\t\t\t\t<section class=\"elementor-section elementor-top-section elementor-element elementor-element-15ea5af4 elementor-section-boxed elementor-section-height-default elementor-section-height-default\" data-id=\"15ea5af4\" data-element_type=\"section\" data-e-type=\"section\">\n\t\t\t\t\t\t<div class=\"elementor-container elementor-column-gap-default\">\n\t\t\t\t\t<div class=\"elementor-column elementor-col-100 elementor-top-column elementor-element elementor-element-51c1ce59\" data-id=\"51c1ce59\" data-element_type=\"column\" data-e-type=\"column\">\n\t\t\t<div class=\"elementor-widget-wrap elementor-element-populated\">\n\t\t\t\t\t\t<section class=\"elementor-section elementor-inner-section elementor-element elementor-element-9bfb8ad elementor-section-content-middle elementor-section-boxed elementor-section-height-default elementor-section-height-default\" data-id=\"9bfb8ad\" data-element_type=\"section\" data-e-type=\"section\">\n\t\t\t\t\t\t<div class=\"elementor-container elementor-column-gap-default\">\n\t\t\t\t\t<div class=\"elementor-column elementor-col-100 elementor-inner-column elementor-element elementor-element-549c15e9\" data-id=\"549c15e9\" data-element_type=\"column\" data-e-type=\"column\">\n\t\t\t<div class=\"elementor-widget-wrap elementor-element-populated\">\n\t\t\t\t\t\t<div class=\"elementor-element elementor-element-230fc5a3 elementor-widget elementor-widget-text-editor\" data-id=\"230fc5a3\" data-element_type=\"widget\" data-e-type=\"widget\" data-widget_type=\"text-editor.default\">\n\t\t\t\t<div class=\"elementor-widget-container\">\n\t\t\t\t\t\t\t\t\t<p>El <em>Castell de Lorca<\/em> (M\u00farcia), \u00e9s una de les fortificacions m\u00e9s imponents amb un grau de conservaci\u00f3 molt apreciable i promocionada sota la marca &#8220;La Fortaleza del Sol&#8221;.<\/p>\t\t\t\t\t\t\t\t<\/div>\n\t\t\t\t<\/div>\n\t\t\t\t\t<\/div>\n\t\t<\/div>\n\t\t\t\t\t<\/div>\n\t\t<\/section>\n\t\t\t\t<div class=\"elementor-element elementor-element-258bb2cc elementor-widget elementor-widget-heading\" data-id=\"258bb2cc\" data-element_type=\"widget\" data-e-type=\"widget\" data-widget_type=\"heading.default\">\n\t\t\t\t<div class=\"elementor-widget-container\">\n\t\t\t\t\t<h1 class=\"elementor-heading-title elementor-size-default\">Castell de Lorca (M\u00farcia)<\/h1>\t\t\t\t<\/div>\n\t\t\t\t<\/div>\n\t\t\t\t\t<\/div>\n\t\t<\/div>\n\t\t\t\t\t<\/div>\n\t\t<\/section>\n\t\t\t\t<section class=\"elementor-section elementor-top-section elementor-element elementor-element-48f264b9 elementor-section-boxed elementor-section-height-default elementor-section-height-default\" data-id=\"48f264b9\" data-element_type=\"section\" data-e-type=\"section\">\n\t\t\t\t\t\t<div class=\"elementor-container elementor-column-gap-default\">\n\t\t\t\t\t<div class=\"elementor-column elementor-col-100 elementor-top-column elementor-element elementor-element-6cec9e3b\" data-id=\"6cec9e3b\" data-element_type=\"column\" data-e-type=\"column\">\n\t\t\t<div class=\"elementor-widget-wrap elementor-element-populated\">\n\t\t\t\t\t\t<div class=\"elementor-element elementor-element-7e9ab0a elementor-widget elementor-widget-image\" data-id=\"7e9ab0a\" data-element_type=\"widget\" data-e-type=\"widget\" data-widget_type=\"image.default\">\n\t\t\t\t<div class=\"elementor-widget-container\">\n\t\t\t\t\t\t\t\t\t\t\t\t<figure class=\"wp-caption\">\n\t\t\t\t\t\t\t\t\t\t<img fetchpriority=\"high\" decoding=\"async\" width=\"800\" height=\"533\" src=\"https:\/\/www.elturistatranquil.com\/wp-content\/uploads\/F01-Castillo-de-Lorca-Google-earth-2019-04-17-1.jpg\" class=\"attachment-large size-large wp-image-16294\" alt=\"\" srcset=\"https:\/\/www.elturistatranquil.com\/wp-content\/uploads\/F01-Castillo-de-Lorca-Google-earth-2019-04-17-1.jpg 800w, https:\/\/www.elturistatranquil.com\/wp-content\/uploads\/F01-Castillo-de-Lorca-Google-earth-2019-04-17-1-768x512.jpg 768w\" sizes=\"(max-width: 800px) 100vw, 800px\" \/>\t\t\t\t\t\t\t\t\t\t\t<figcaption class=\"widget-image-caption wp-caption-text\">Castell de Lorca (Google earth 2019-04-17)<\/figcaption>\n\t\t\t\t\t\t\t\t\t\t<\/figure>\n\t\t\t\t\t\t\t\t\t<\/div>\n\t\t\t\t<\/div>\n\t\t\t\t<div class=\"elementor-element elementor-element-531764e3 elementor-widget elementor-widget-spacer\" data-id=\"531764e3\" data-element_type=\"widget\" data-e-type=\"widget\" data-widget_type=\"spacer.default\">\n\t\t\t\t<div class=\"elementor-widget-container\">\n\t\t\t\t\t\t\t<div class=\"elementor-spacer\">\n\t\t\t<div class=\"elementor-spacer-inner\"><\/div>\n\t\t<\/div>\n\t\t\t\t\t\t<\/div>\n\t\t\t\t<\/div>\n\t\t\t\t<div class=\"elementor-element elementor-element-48d5f96b elementor-widget elementor-widget-heading\" data-id=\"48d5f96b\" data-element_type=\"widget\" data-e-type=\"widget\" data-widget_type=\"heading.default\">\n\t\t\t\t<div class=\"elementor-widget-container\">\n\t\t\t\t\t<h2 class=\"elementor-heading-title elementor-size-default\">Castell de Lorca. Lorca. M\u00farcia<\/h2>\t\t\t\t<\/div>\n\t\t\t\t<\/div>\n\t\t\t\t<section class=\"elementor-section elementor-inner-section elementor-element elementor-element-5d378ebe elementor-section-boxed elementor-section-height-default elementor-section-height-default\" data-id=\"5d378ebe\" data-element_type=\"section\" data-e-type=\"section\" data-settings=\"{&quot;background_background&quot;:&quot;classic&quot;}\">\n\t\t\t\t\t\t\t<div class=\"elementor-background-overlay\"><\/div>\n\t\t\t\t\t\t\t<div class=\"elementor-container elementor-column-gap-default\">\n\t\t\t\t\t<div class=\"elementor-column elementor-col-100 elementor-inner-column elementor-element elementor-element-1493714a\" data-id=\"1493714a\" data-element_type=\"column\" data-e-type=\"column\" data-settings=\"{&quot;background_background&quot;:&quot;classic&quot;}\">\n\t\t\t<div class=\"elementor-widget-wrap elementor-element-populated\">\n\t\t\t\t\t\t<div class=\"elementor-element elementor-element-1fab0ded elementor-widget elementor-widget-text-editor\" data-id=\"1fab0ded\" data-element_type=\"widget\" data-e-type=\"widget\" data-widget_type=\"text-editor.default\">\n\t\t\t\t<div class=\"elementor-widget-container\">\n\t\t\t\t\t\t\t\t\t<p>Municipi: Lorca. Comarca: Alt Guadalent\u00edn \/ Comarca de Lorca. Prov\u00edncia: M\u00farcia. Com. Aut\u00f2noma: Regi\u00f3n de Murcia<\/p><p>Coordenades: 37\u00b041\u203200\u2033N 1\u00b042\u203200\u2033O. Altitud: 480 msnm<\/p><p>Web: <a href=\"http:\/\/lorcatallerdeltiempo.es\/bensakar\/fortaleza_del_sol\" target=\"_blank\" rel=\"noopener\">Lorcatallerdeltiempo<\/a><\/p><p><em>Valor Hist\u00f2ric Patrimonial des de 1931<\/em><\/p><p>Visita: 2019<\/p>\t\t\t\t\t\t\t\t<\/div>\n\t\t\t\t<\/div>\n\t\t\t\t\t<\/div>\n\t\t<\/div>\n\t\t\t\t\t<\/div>\n\t\t<\/section>\n\t\t\t\t<div class=\"elementor-element elementor-element-d953298 elementor-widget elementor-widget-image\" data-id=\"d953298\" data-element_type=\"widget\" data-e-type=\"widget\" data-widget_type=\"image.default\">\n\t\t\t\t<div class=\"elementor-widget-container\">\n\t\t\t\t\t\t\t\t\t\t\t\t<figure class=\"wp-caption\">\n\t\t\t\t\t\t\t\t\t\t<img decoding=\"async\" width=\"768\" height=\"512\" src=\"https:\/\/www.elturistatranquil.com\/wp-content\/uploads\/F02-Situaci\u00f3n-del-Castillo-de-LorcaGoogle-maps-2019-04-17-1-768x512.jpg\" class=\"attachment-medium_large size-medium_large wp-image-16296\" alt=\"\" srcset=\"https:\/\/www.elturistatranquil.com\/wp-content\/uploads\/F02-Situaci\u00f3n-del-Castillo-de-LorcaGoogle-maps-2019-04-17-1-768x512.jpg 768w, https:\/\/www.elturistatranquil.com\/wp-content\/uploads\/F02-Situaci\u00f3n-del-Castillo-de-LorcaGoogle-maps-2019-04-17-1.jpg 800w\" sizes=\"(max-width: 768px) 100vw, 768px\" \/>\t\t\t\t\t\t\t\t\t\t\t<figcaption class=\"widget-image-caption wp-caption-text\">Situaci\u00f3 del Castell de Lorca (Google maps 2019-04-17)<\/figcaption>\n\t\t\t\t\t\t\t\t\t\t<\/figure>\n\t\t\t\t\t\t\t\t\t<\/div>\n\t\t\t\t<\/div>\n\t\t\t\t<section class=\"elementor-section elementor-inner-section elementor-element elementor-element-75b1fd9 elementor-section-boxed elementor-section-height-default elementor-section-height-default\" data-id=\"75b1fd9\" data-element_type=\"section\" data-e-type=\"section\" data-settings=\"{&quot;background_background&quot;:&quot;classic&quot;}\">\n\t\t\t\t\t\t<div class=\"elementor-container elementor-column-gap-default\">\n\t\t\t\t\t<div class=\"elementor-column elementor-col-100 elementor-inner-column elementor-element elementor-element-6a4a0a26\" data-id=\"6a4a0a26\" data-element_type=\"column\" data-e-type=\"column\">\n\t\t\t<div class=\"elementor-widget-wrap elementor-element-populated\">\n\t\t\t\t\t\t<div class=\"elementor-element elementor-element-7bae05e0 elementor-widget elementor-widget-text-editor\" data-id=\"7bae05e0\" data-element_type=\"widget\" data-e-type=\"widget\" data-widget_type=\"text-editor.default\">\n\t\t\t\t<div class=\"elementor-widget-container\">\n\t\t\t\t\t\t\t\t\t<p><strong>\u00cdndex<\/strong><\/p>\t\t\t\t\t\t\t\t<\/div>\n\t\t\t\t<\/div>\n\t\t\t\t<div class=\"elementor-element elementor-element-34e324e elementor-widget elementor-widget-text-editor\" data-id=\"34e324e\" data-element_type=\"widget\" data-e-type=\"widget\" data-widget_type=\"text-editor.default\">\n\t\t\t\t<div class=\"elementor-widget-container\">\n\t\t\t\t\t\t\t\t\t<p><a href=\"https:\/\/www.elturistatranquil.com\/ca\/castell-de-lorca-(murcia)\/#b3301\">Castell de Lorca. Lorca. M\u00farcia<\/a><\/p><p><a href=\"https:\/\/www.elturistatranquil.com\/ca\/castell-de-lorca-(murcia)\/#b3302\">Una mica d&#8217;hist\u00f2ria<\/a><\/p><p style=\"padding-left: 40px;\"><a href=\"https:\/\/www.elturistatranquil.com\/ca\/castell-de-lorca-(murcia)\/#b3303\">L&#8217;Alcassaba isl\u00e0mica<\/a><\/p><p style=\"padding-left: 40px;\"><a href=\"https:\/\/www.elturistatranquil.com\/ca\/castell-de-lorca-(murcia)\/#b3304\">El Castell cristi\u00e0<\/a><\/p><p style=\"padding-left: 40px;\"><a href=\"https:\/\/www.elturistatranquil.com\/ca\/castell-de-lorca-(murcia)\/#b3305\">Abandonament i recuperaci\u00f3<\/a><\/p><p><a href=\"https:\/\/www.elturistatranquil.com\/ca\/castell-de-lorca-(murcia)\/#b3306\">Visita al Castell<\/a><\/p><p style=\"padding-left: 40px;\"><a href=\"https:\/\/www.elturistatranquil.com\/ca\/castell-de-lorca-(murcia)\/#b3307\">Pujada al Castell<\/a><\/p><p><a href=\"https:\/\/www.elturistatranquil.com\/ca\/castell-de-lorca-(murcia)\/#b3308\">Inici del recorregut<\/a><\/p><p style=\"padding-left: 40px;\"><a href=\"https:\/\/www.elturistatranquil.com\/ca\/castell-de-lorca-(murcia)\/#b3309\">Almajneque o llan\u00e7apedras<\/a><\/p><p style=\"padding-left: 40px;\"><a href=\"https:\/\/www.elturistatranquil.com\/ca\/castell-de-lorca-(murcia)\/#b3310\">El mestre picapedrer<\/a><\/p><p style=\"padding-left: 40px;\"><a href=\"https:\/\/www.elturistatranquil.com\/ca\/castell-de-lorca-(murcia)\/#b3311\">La Torre del Espol\u00f3n<\/a><\/p><p style=\"padding-left: 40px;\"><a href=\"https:\/\/www.elturistatranquil.com\/ca\/castell-de-lorca-(murcia)\/#b3312\">La fortificaci\u00f3 amb baluard<\/a><\/p><p style=\"padding-left: 40px;\"><a href=\"https:\/\/www.elturistatranquil.com\/ca\/castell-de-lorca-(murcia)\/#b3313\">La Muralla nord<\/a><\/p><p style=\"padding-left: 40px;\"><a href=\"https:\/\/www.elturistatranquil.com\/ca\/castell-de-lorca-(murcia)\/#b3314\">La Esplanada<\/a><\/p><p style=\"padding-left: 40px;\"><a href=\"https:\/\/www.elturistatranquil.com\/ca\/castell-de-lorca-(murcia)\/#b3315\">La Muralla del Espald\u00f3n<\/a><\/p><p style=\"padding-left: 40px;\"><a href=\"https:\/\/www.elturistatranquil.com\/ca\/castell-de-lorca-(murcia)\/#b3316\">L\u2019Aljub del Espald\u00f3n<\/a><\/p><p style=\"padding-left: 40px;\"><a href=\"https:\/\/www.elturistatranquil.com\/ca\/castell-de-lorca-(murcia)\/#b3317\">El Rac\u00f3 del Arque\u00f2leg<\/a><\/p><p style=\"padding-left: 40px;\"><a href=\"https:\/\/www.elturistatranquil.com\/ca\/castell-de-lorca-(murcia)\/#b3318\">L\u2019Aljub Gran<\/a><\/p><p style=\"padding-left: 40px;\"><a href=\"https:\/\/www.elturistatranquil.com\/ca\/castell-de-lorca-(murcia)\/#b3319\">El Hortus conclusus<\/a><\/p><p style=\"padding-left: 40px;\"><a href=\"https:\/\/www.elturistatranquil.com\/ca\/castell-de-lorca-(murcia)\/#b3320\">El Alquimista<\/a><\/p><p style=\"padding-left: 40px;\"><a href=\"https:\/\/www.elturistatranquil.com\/ca\/castell-de-lorca-(murcia)\/#b3321\">La Jueria<\/a><\/p><p style=\"padding-left: 40px;\"><a href=\"https:\/\/www.elturistatranquil.com\/ca\/castell-de-lorca-(murcia)\/#b3322\">La Sinagoga<\/a><\/p><p style=\"padding-left: 40px;\"><a href=\"https:\/\/www.elturistatranquil.com\/ca\/castell-de-lorca-(murcia)\/#b3323\">La pedrera<\/a><\/p><p style=\"padding-left: 40px;\"><a href=\"https:\/\/www.elturistatranquil.com\/ca\/castell-de-lorca-(murcia)\/#b3324\">Els Hornos de Pancocer<\/a><\/p><p style=\"padding-left: 40px;\"><a href=\"https:\/\/www.elturistatranquil.com\/ca\/castell-de-lorca-(murcia)\/#b3325\">L\u2019Aljub Petit<\/a><\/p><p style=\"padding-left: 40px;\"><a href=\"https:\/\/www.elturistatranquil.com\/ca\/castell-de-lorca-(murcia)\/#b3326\">La Torre Alfonsina<\/a><\/p><p style=\"padding-left: 40px;\"><a href=\"https:\/\/www.elturistatranquil.com\/ca\/castell-de-lorca-(murcia)\/#b3327\">Vers la sortida<\/a><\/p><p><a href=\"https:\/\/www.elturistatranquil.com\/ca\/castell-de-lorca-(murcia)\/#b3328\">Fi de la visita<\/a><\/p><p><a href=\"https:\/\/www.elturistatranquil.com\/ca\/castell-de-lorca-(murcia)\/#b3329\">Bases d&#8217;informaci\u00f3\u00a0<\/a><\/p>\t\t\t\t\t\t\t\t<\/div>\n\t\t\t\t<\/div>\n\t\t\t\t\t<\/div>\n\t\t<\/div>\n\t\t\t\t\t<\/div>\n\t\t<\/section>\n\t\t\t\t<div class=\"elementor-element elementor-element-10c986e2 elementor-widget elementor-widget-spacer\" data-id=\"10c986e2\" data-element_type=\"widget\" data-e-type=\"widget\" data-widget_type=\"spacer.default\">\n\t\t\t\t<div class=\"elementor-widget-container\">\n\t\t\t\t\t\t\t<div class=\"elementor-spacer\">\n\t\t\t<div class=\"elementor-spacer-inner\"><\/div>\n\t\t<\/div>\n\t\t\t\t\t\t<\/div>\n\t\t\t\t<\/div>\n\t\t\t\t<div class=\"elementor-element elementor-element-3b39568a elementor-widget elementor-widget-menu-anchor\" data-id=\"3b39568a\" data-element_type=\"widget\" data-e-type=\"widget\" data-widget_type=\"menu-anchor.default\">\n\t\t\t\t<div class=\"elementor-widget-container\">\n\t\t\t\t\t\t\t<div class=\"elementor-menu-anchor\" id=\"b3301\"><\/div>\n\t\t\t\t\t\t<\/div>\n\t\t\t\t<\/div>\n\t\t\t\t<div class=\"elementor-element elementor-element-300b7404 elementor-widget elementor-widget-heading\" data-id=\"300b7404\" data-element_type=\"widget\" data-e-type=\"widget\" data-widget_type=\"heading.default\">\n\t\t\t\t<div class=\"elementor-widget-container\">\n\t\t\t\t\t<h2 class=\"elementor-heading-title elementor-size-default\">Castell de Lorca. Lorca. M\u00farcia<\/h2>\t\t\t\t<\/div>\n\t\t\t\t<\/div>\n\t\t\t\t<div class=\"elementor-element elementor-element-46880a36 elementor-widget elementor-widget-menu-anchor\" data-id=\"46880a36\" data-element_type=\"widget\" data-e-type=\"widget\" data-widget_type=\"menu-anchor.default\">\n\t\t\t\t<div class=\"elementor-widget-container\">\n\t\t\t\t\t\t\t<div class=\"elementor-menu-anchor\" id=\"b3302\"><\/div>\n\t\t\t\t\t\t<\/div>\n\t\t\t\t<\/div>\n\t\t\t\t<div class=\"elementor-element elementor-element-4d0c1607 elementor-widget elementor-widget-text-editor\" data-id=\"4d0c1607\" data-element_type=\"widget\" data-e-type=\"widget\" data-widget_type=\"text-editor.default\">\n\t\t\t\t<div class=\"elementor-widget-container\">\n\t\t\t\t\t\t\t\t\t<p>Aquest <em>Post<\/em> el dedicar\u00e9 al <strong>Castell de Lorca<\/strong>, una de les fortificacions de major magnitud a Espanya, que va tenir el seu origen en una alcassaba musulmana i, posteriorment, resid\u00e8ncia reial ja en \u00e8poca cristiana.<\/p><p>En els \u00faltims anys s&#8217;ha fet un esfor\u00e7 de recuperaci\u00f3 d&#8217;aquest enclavament monumental, procurant fer d&#8217;ell un lloc d&#8217;esplai cultural i amb funci\u00f3 did\u00e0ctica en la seva organitzaci\u00f3.<\/p>\t\t\t\t\t\t\t\t<\/div>\n\t\t\t\t<\/div>\n\t\t\t\t<div class=\"elementor-element elementor-element-7d61674 elementor-widget elementor-widget-heading\" data-id=\"7d61674\" data-element_type=\"widget\" data-e-type=\"widget\" data-widget_type=\"heading.default\">\n\t\t\t\t<div class=\"elementor-widget-container\">\n\t\t\t\t\t<h2 class=\"elementor-heading-title elementor-size-default\">Una mica d'hist\u00f2ria<\/h2>\t\t\t\t<\/div>\n\t\t\t\t<\/div>\n\t\t\t\t<div class=\"elementor-element elementor-element-13ef6ed5 elementor-widget elementor-widget-text-editor\" data-id=\"13ef6ed5\" data-element_type=\"widget\" data-e-type=\"widget\" data-widget_type=\"text-editor.default\">\n\t\t\t\t<div class=\"elementor-widget-container\">\n\t\t\t\t\t\t\t\t\t<p>Tot i que el tur\u00f3 on s&#8217;assenta el Castell va estar ocupat des del Eneol\u00edtic, i per un poblat arg\u00e0ric de l&#8217;Edat del Bronze, segons els vestigis trobats en les excavacions arqueol\u00f2giques, el recinte que ha arribat fins als nostres dies t\u00e9 l&#8217;origen en una fortificaci\u00f3 andalusina iniciada al segle IX, i posteriorment readaptada despr\u00e9s de l&#8217;ocupaci\u00f3 pel regne de Castella, i encara en temps de la guerra d&#8217;Independ\u00e8ncia al segle XIX.<\/p><p>\u00a0Les primeres not\u00edcies escrites sobre una fortificaci\u00f3 andalusina corresponen al segle IX, referides a la ciutat de <em>Lurga<\/em> a la Cora de Tudmir.<\/p><p>\u00a0\u00c9s un punt estrat\u00e8gic situat a la serra del Ca\u00f1o, sobre el riu Guadalent\u00edn en la seva cara nord quan aquest passa a despla\u00e7ar-se per la plana. Des d&#8217;ell es dominen les vies naturals de comunicaci\u00f3 a trav\u00e9s de la vall del riu Guadalent\u00edn entre la costa l&#8217;interior i el llevant. En un tur\u00f3 d\u2019altipl\u00e0 de forma allargada es va construir una gran alcassaba, que es considerava inexpugnable.<\/p><p>\u00a0En 1244 Lorca \u00e9s conquerida per l&#8217;infant Don Alfonso, el futur Alfons X, i s&#8217;integra en la Corona de Castella, mantenint-se com un important enclavament a la zona de frontera oriental amb el regne de Granada fins a la seva caiguda en el segle XV.<\/p>\t\t\t\t\t\t\t\t<\/div>\n\t\t\t\t<\/div>\n\t\t\t\t<div class=\"elementor-element elementor-element-b651c70 elementor-widget elementor-widget-image\" data-id=\"b651c70\" data-element_type=\"widget\" data-e-type=\"widget\" data-widget_type=\"image.default\">\n\t\t\t\t<div class=\"elementor-widget-container\">\n\t\t\t\t\t\t\t\t\t\t\t\t<figure class=\"wp-caption\">\n\t\t\t\t\t\t\t\t\t\t<img decoding=\"async\" width=\"800\" height=\"533\" src=\"https:\/\/www.elturistatranquil.com\/wp-content\/uploads\/F03-Lorca-en-la-zona-de-frontera-con-el-Reino-de-Granada-1.jpg\" class=\"attachment-large size-large wp-image-16298\" alt=\"\" srcset=\"https:\/\/www.elturistatranquil.com\/wp-content\/uploads\/F03-Lorca-en-la-zona-de-frontera-con-el-Reino-de-Granada-1.jpg 800w, https:\/\/www.elturistatranquil.com\/wp-content\/uploads\/F03-Lorca-en-la-zona-de-frontera-con-el-Reino-de-Granada-1-768x512.jpg 768w\" sizes=\"(max-width: 800px) 100vw, 800px\" \/>\t\t\t\t\t\t\t\t\t\t\t<figcaption class=\"widget-image-caption wp-caption-text\">Lorca a la zona de frontera amb el Regne de Granada<\/figcaption>\n\t\t\t\t\t\t\t\t\t\t<\/figure>\n\t\t\t\t\t\t\t\t\t<\/div>\n\t\t\t\t<\/div>\n\t\t\t\t<div class=\"elementor-element elementor-element-5997b5db elementor-widget elementor-widget-text-editor\" data-id=\"5997b5db\" data-element_type=\"widget\" data-e-type=\"widget\" data-widget_type=\"text-editor.default\">\n\t\t\t\t<div class=\"elementor-widget-container\">\n\t\t\t\t\t\t\t\t\t<p>Com passa en aquests casos, un cop finalitzada la reconquesta, el castell de Lorca perd la seva funci\u00f3 i entrar\u00e0 en un llarg per\u00edode d&#8217;aband\u00f3 progressiu. M\u00e9s tenint en compte la magnitud de les seves grans dimensions. A aix\u00f2 cal afegir l&#8217;expulsi\u00f3 dels jueus el 1492, que ocupaven una part important del recinte en la seva jueria.<\/p><p>En el moment de la guerra del Franc\u00e8s, se li assigna un cert paper defensiu, incorporant alguns elements de fortificaci\u00f3 adaptada a l&#8217;\u00e8poca. Passat l&#8217;\u00faltim contratemps, retorna a l&#8217;abandonament fins que en 1931 se li atribueix un nou paper com a valor hist\u00f2ric patrimonial. Deixa de tenir qualsevol funci\u00f3 militar per passar a convertir-se progressivament un seu nou paper de monument al servei de la hist\u00f2ria i del turisme.<\/p><p>\u00a0Fins a tal punt \u00e9s aix\u00ed, que malgrat la seva catalogaci\u00f3 com a B\u00e9 d&#8217;Inter\u00e8s Cultural es permet la construcci\u00f3 a l&#8217;interior del recinte d&#8217;un monumental edifici de nova planta per Parador de Turisme.<\/p><p>\u00a0Aquest fet obre una interessant controv\u00e8rsia. Amb nombrosos interrogants: \u00bfEs pot, o no, introduir dins d&#8217;un recinte hist\u00f2ric una edificaci\u00f3 d&#8217;estil arquitect\u00f2nic del moment? De fet, la immensa majoria de conjunts hist\u00f2rics s\u00f3n el resultat de la incorporaci\u00f3 successiva d&#8217;actuacions amb l&#8217;estil de cada moment en qu\u00e8 es produeixen. Es t\u00e9 &#8220;dret&#8221; a continuar fent-ho per passar d&#8217;un espai fossilitzat a un espai viu? \u00bfSi al llarg de la hist\u00f2ria sempre s&#8217;ha actuat d&#8217;aquesta manera, per qu\u00e8 no podr\u00edem continuar fent-ho ara?<\/p><p>La incorporaci\u00f3 del Parador pot mesurar-se amb aquests par\u00e0metres? \u00bfFins a quin punt aix\u00f2 ha perm\u00e8s disposar de l&#8217;inter\u00e8s i recursos econ\u00f2mics per recuperar l&#8217;espai hist\u00f2ric?<\/p><p>Ni tinc la informaci\u00f3 suficient per a respondre, ni crec que sigui aquest el lloc per plantejar-lo a fons, per\u00f2 si, almenys, per incitar a la reflexi\u00f3.<\/p>\t\t\t\t\t\t\t\t<\/div>\n\t\t\t\t<\/div>\n\t\t\t\t<div class=\"elementor-element elementor-element-56b24555 elementor-widget elementor-widget-menu-anchor\" data-id=\"56b24555\" data-element_type=\"widget\" data-e-type=\"widget\" data-widget_type=\"menu-anchor.default\">\n\t\t\t\t<div class=\"elementor-widget-container\">\n\t\t\t\t\t\t\t<div class=\"elementor-menu-anchor\" id=\"b3303\"><\/div>\n\t\t\t\t\t\t<\/div>\n\t\t\t\t<\/div>\n\t\t\t\t<div class=\"elementor-element elementor-element-462e8b2 elementor-widget elementor-widget-text-editor\" data-id=\"462e8b2\" data-element_type=\"widget\" data-e-type=\"widget\" data-widget_type=\"text-editor.default\">\n\t\t\t\t<div class=\"elementor-widget-container\">\n\t\t\t\t\t\t\t\t\t<p>La problem\u00e0tica de la <em>re-historitzaci\u00f3<\/em> del territori \u00e9s un tema apassionant i, en nombroses ocasions dram\u00e0ticament conflictiu.<\/p><p>D&#8217;alguna manera coincideix amb la reflexi\u00f3 semblant que em vaig plantejar respecte a la <a href=\"https:\/\/www.elturistatranquil.com\/ca\/hostatgeria-del-monestir-de-poblet-conca-de-barbera\/\" target=\"_blank\" rel=\"noopener\">Hostatgeria del Monestir de Poblet<\/a>.<\/p>\t\t\t\t\t\t\t\t<\/div>\n\t\t\t\t<\/div>\n\t\t\t\t<div class=\"elementor-element elementor-element-18105208 elementor-widget elementor-widget-heading\" data-id=\"18105208\" data-element_type=\"widget\" data-e-type=\"widget\" data-widget_type=\"heading.default\">\n\t\t\t\t<div class=\"elementor-widget-container\">\n\t\t\t\t\t<h3 class=\"elementor-heading-title elementor-size-default\">L'Alcassaba isl\u00e0mica<\/h3>\t\t\t\t<\/div>\n\t\t\t\t<\/div>\n\t\t\t\t<div class=\"elementor-element elementor-element-7574001a elementor-widget elementor-widget-text-editor\" data-id=\"7574001a\" data-element_type=\"widget\" data-e-type=\"widget\" data-widget_type=\"text-editor.default\">\n\t\t\t\t<div class=\"elementor-widget-container\">\n\t\t\t\t\t\t\t\t\t<p>Encara que se sap que el seu origen es remunta almenys al segle IX, els segles XII i XIII s\u00f3n els de m\u00e0xima activitat i extensi\u00f3.<\/p><p>Lorca constitueix una important alcassaba fortificada al capdamunt del tur\u00f3 amb una <em>madina<\/em>, o ciutat, emmurallada en el vessant oriental i ravals, zones artesanals i cementiris a l&#8217;exterior.<\/p>\t\t\t\t\t\t\t\t<\/div>\n\t\t\t\t<\/div>\n\t\t\t\t<div class=\"elementor-element elementor-element-7f56f376 elementor-widget elementor-widget-image\" data-id=\"7f56f376\" data-element_type=\"widget\" data-e-type=\"widget\" data-widget_type=\"image.default\">\n\t\t\t\t<div class=\"elementor-widget-container\">\n\t\t\t\t\t\t\t\t\t\t\t\t<figure class=\"wp-caption\">\n\t\t\t\t\t\t\t\t\t\t<img loading=\"lazy\" decoding=\"async\" width=\"800\" height=\"385\" src=\"https:\/\/www.elturistatranquil.com\/wp-content\/uploads\/F04-Alcazaba-de-Lorca-1.jpg\" class=\"attachment-large size-large wp-image-16300\" alt=\"\" srcset=\"https:\/\/www.elturistatranquil.com\/wp-content\/uploads\/F04-Alcazaba-de-Lorca-1.jpg 800w, https:\/\/www.elturistatranquil.com\/wp-content\/uploads\/F04-Alcazaba-de-Lorca-1-768x370.jpg 768w\" sizes=\"(max-width: 800px) 100vw, 800px\" \/>\t\t\t\t\t\t\t\t\t\t\t<figcaption class=\"widget-image-caption wp-caption-text\">(Font: Andr\u00e9s Mart\u00ednez Rodr\u00edguez. Realizaci\u00f3n: Arqueolog\u00eda y Dise\u00f1o Web S.L.)<\/figcaption>\n\t\t\t\t\t\t\t\t\t\t<\/figure>\n\t\t\t\t\t\t\t\t\t<\/div>\n\t\t\t\t<\/div>\n\t\t\t\t<div class=\"elementor-element elementor-element-2d9afdf7 elementor-widget elementor-widget-text-editor\" data-id=\"2d9afdf7\" data-element_type=\"widget\" data-e-type=\"widget\" data-widget_type=\"text-editor.default\">\n\t\t\t\t<div class=\"elementor-widget-container\">\n\t\t\t\t\t\t\t\t\t<p>La planta de l&#8217;alcassaba ha d&#8217;adoptar la forma de l&#8217;orografia de la part m\u00e9s planera del penyal, en forma allargada d&#8217;est a oest d&#8217;uns 640 metres de llarg per 120 metres en la seva part m\u00e9s ampla. En total, la superf\u00edcie intramurs del Castell de Lorca \u00e9s aproximadament d&#8217;uns 50.000 m<sup>2<\/sup>.<\/p><p>\u00a0De les muralles d&#8217;\u00e8poca andalus\u00ed, constru\u00efdes en t\u00e0pia, queden pocs vestigis, ja que posteriorment van ser refetes i refor\u00e7ades sota domini cristi\u00e0.<\/p><p>Com \u00e9s habitual en la forma de les <a href=\"https:\/\/www.elturistatranquil.com\/ca\/els-castells-medievals-a-espanya-tipologies\/\" target=\"_blank\" rel=\"noopener\">alcassabes<\/a>, els murs del recinte poblat s&#8217;unien als de l&#8217;alcassaba, deixant-la situada en un extrem, amb sortida directa a l&#8217;exterior.<\/p><p>\u00a0No se sap amb exactitud, per\u00f2 havia d&#8217;haver almenys dues portes. Una que unia amb la poblaci\u00f3 (madina) pel costat est, i una altra a l&#8217;extrem oest (Porta Falsa).<\/p><p>A la primera meitat del segle XIII es va construir una l\u00ednia defensiva interna, anomenada el Espald\u00f3n (<strong>12<\/strong>), que divideix el recinte en dos, amb una porta colzada. A l&#8217;est d&#8217;aquesta muralla el barri residencial, ia l&#8217;oest una gran extensi\u00f3 que es considera com una albacar.<\/p><p>A la part m\u00e9s elevada del penyal hi havia una torre exempta, que posteriorment va ser substitu\u00efda per una de m\u00e9s gran: la Torre Alfonsina (<strong>26<\/strong>). Una altra torre exempta estava situada a la zona que ara ocupa el Parador Nacional.<\/p><p>\u00a0\u00a0L&#8217;alc\u00e0sser almohade estava situat al sector oriental de l&#8217;alcassaba que hauria de disposar d&#8217;una muralla que ho separ\u00e9s de la resta de l&#8217;alcassaba.<\/p><p>\u00a0La zona oest estava formada per una gran esplanada que a l&#8217;extrem m\u00e9s occidental havia d&#8217;haver una torrassa on ara s&#8217;aixeca la torre de l&#8217;Esper\u00f3, i que havia de protegir la porta Falsa (<strong>4<\/strong>) abans esmentada.<\/p><p>\u00a0Aquesta esplanada, d&#8217;uns 100 metres de longitud, havia d&#8217;actuar com l&#8217;albacar, per acollir la poblaci\u00f3 exterior i el bestiar en cas de perill. En aquesta zona es van construir unes bateries, i un recinte per polvor\u00ed que se\u2019l coneix com les cavallerisses (<strong>6, 7<\/strong>).<\/p><p>Els aljubs van ser un altre element important, com passa en tota fortificaci\u00f3. Sembla que hi va haver vuit aljubs en \u00e8poca andalus\u00ed, als quals van afegir-se posteriorment dos m\u00e9s.<\/p>\t\t\t\t\t\t\t\t<\/div>\n\t\t\t\t<\/div>\n\t\t\t\t<div class=\"elementor-element elementor-element-3c4728f9 elementor-widget elementor-widget-menu-anchor\" data-id=\"3c4728f9\" data-element_type=\"widget\" data-e-type=\"widget\" data-widget_type=\"menu-anchor.default\">\n\t\t\t\t<div class=\"elementor-widget-container\">\n\t\t\t\t\t\t\t<div class=\"elementor-menu-anchor\" id=\"b3304\"><\/div>\n\t\t\t\t\t\t<\/div>\n\t\t\t\t<\/div>\n\t\t\t\t<div class=\"elementor-element elementor-element-762aa858 elementor-widget elementor-widget-text-editor\" data-id=\"762aa858\" data-element_type=\"widget\" data-e-type=\"widget\" data-widget_type=\"text-editor.default\">\n\t\t\t\t<div class=\"elementor-widget-container\">\n\t\t\t\t\t\t\t\t\t<p>Els tres m\u00e9s interessants s\u00f3n la Gran cisterna o dels vuit aljubs (<strong>15<\/strong>) amb una dimensi\u00f3 exterior de 12.80 x 25.20 metres, l&#8217;aljub del Espald\u00f3n (<strong>13<\/strong>) i l&#8217;aljub petit (<strong>25<\/strong>).<\/p><p>\u00a0Tamb\u00e9 va disposar d&#8217;un cementiri (maqbara) a la zona de l&#8217;albacar.<\/p><p>En l&#8217;extrem m\u00e9s oriental, on actualment s&#8217;ubica l&#8217;ermita de San Clemente (no visitable), devia haver-hi una mesquita.<\/p>\t\t\t\t\t\t\t\t<\/div>\n\t\t\t\t<\/div>\n\t\t\t\t<div class=\"elementor-element elementor-element-326165f8 elementor-widget elementor-widget-heading\" data-id=\"326165f8\" data-element_type=\"widget\" data-e-type=\"widget\" data-widget_type=\"heading.default\">\n\t\t\t\t<div class=\"elementor-widget-container\">\n\t\t\t\t\t<h3 class=\"elementor-heading-title elementor-size-default\">El Castell cristi\u00e0<\/h3>\t\t\t\t<\/div>\n\t\t\t\t<\/div>\n\t\t\t\t<div class=\"elementor-element elementor-element-42e7b435 elementor-widget elementor-widget-text-editor\" data-id=\"42e7b435\" data-element_type=\"widget\" data-e-type=\"widget\" data-widget_type=\"text-editor.default\">\n\t\t\t\t<div class=\"elementor-widget-container\">\n\t\t\t\t\t\t\t\t\t<p>Sobre l&#8217;estructura descrita, despr\u00e9s de la presa de la fortalesa es va procedir al seu refor\u00e7ament, amb les conseg\u00fcents modificacions.<\/p><p>\u00a0Cal tenir en compte que el lloc continuava sent extremadament estrat\u00e8gic, ara per als interessos de Castella, com a zona fronterera oriental amb el regne de Granada, durant m\u00e9s de dos segles.<\/p><p>\u00a0D&#8217;una banda, es reforcen les muralles, de manera que no han quedat gaireb\u00e9 traces de la muralla almohade.<\/p><p>D&#8217;altra, Alfonso X fa construir tres grans torres, una d&#8217;ella desapareguda. La m\u00e9s important de les tres, la torre de l&#8217;Homenatge, o Torre Alfonsina (<strong>26<\/strong>), li servir\u00e0 de resid\u00e8ncia durant les seves estades a Lorca.<\/p>\t\t\t\t\t\t\t\t<\/div>\n\t\t\t\t<\/div>\n\t\t\t\t<div class=\"elementor-element elementor-element-625be0de elementor-widget elementor-widget-menu-anchor\" data-id=\"625be0de\" data-element_type=\"widget\" data-e-type=\"widget\" data-widget_type=\"menu-anchor.default\">\n\t\t\t\t<div class=\"elementor-widget-container\">\n\t\t\t\t\t\t\t<div class=\"elementor-menu-anchor\" id=\"b3305\"><\/div>\n\t\t\t\t\t\t<\/div>\n\t\t\t\t<\/div>\n\t\t\t\t<div class=\"elementor-element elementor-element-64768395 elementor-widget elementor-widget-text-editor\" data-id=\"64768395\" data-element_type=\"widget\" data-e-type=\"widget\" data-widget_type=\"text-editor.default\">\n\t\t\t\t<div class=\"elementor-widget-container\">\n\t\t\t\t\t\t\t\t\t<p>\u00a0La consolidaci\u00f3 del Regne de M\u00farcia havia de venir acompanyada per la repoblaci\u00f3 del territori, aix\u00ed com l&#8217;establiment de nombroses fortaleses i talaies per tot el territori.<\/p><p>\u00a0Uns d&#8217;aquests repobladors van ser fam\u00edlies jueves. Com era norma en l&#8217;\u00e8poca, aquestes vivien en comunitats tancades sota la protecci\u00f3 directa del Monarca. Amb les obres del Parador ha sortit a la llum la jueria que ocupava la part oriental de l&#8217;alcassaba.<\/p>\t\t\t\t\t\t\t\t<\/div>\n\t\t\t\t<\/div>\n\t\t\t\t<div class=\"elementor-element elementor-element-1648c5bb elementor-widget elementor-widget-heading\" data-id=\"1648c5bb\" data-element_type=\"widget\" data-e-type=\"widget\" data-widget_type=\"heading.default\">\n\t\t\t\t<div class=\"elementor-widget-container\">\n\t\t\t\t\t<h3 class=\"elementor-heading-title elementor-size-default\">Abandonament i recuperaci\u00f3<\/h3>\t\t\t\t<\/div>\n\t\t\t\t<\/div>\n\t\t\t\t<div class=\"elementor-element elementor-element-ac5fbd5 elementor-widget elementor-widget-text-editor\" data-id=\"ac5fbd5\" data-element_type=\"widget\" data-e-type=\"widget\" data-widget_type=\"text-editor.default\">\n\t\t\t\t<div class=\"elementor-widget-container\">\n\t\t\t\t\t\t\t\t\t<p>Com ja s&#8217;ha apuntat, la p\u00e8rdua de la seva funci\u00f3 acabada la reconquesta, m\u00e9s el buidatge del call per l&#8217;expulsi\u00f3 de jueus decretada pels Reis Cat\u00f2lics en 1492, va portar a l&#8217;abandonament i a la degradaci\u00f3 de la fortalesa, ja que la poblaci\u00f3 de Llorca sense l&#8217;amena\u00e7a d&#8217;invasions, es concentrar\u00e0 a la part baixa vers el terreny planer.<\/p><p>\u00a0En el moment de la guerra del Franc\u00e8s es construeixen en el seu interior una bateria per batre la zona de Murvidero, amb un polvor\u00ed o cavallerisses, ja que des d&#8217;aquest punt es dominava la via de penetraci\u00f3 natural cap a Andalusia.<\/p><p>\u00a0Al segle XX canvia el sentit de la funcionalitat del castell. Deixa de valorar-se com enclavament militar per considerar-lo com a element historicocultural. Per aix\u00f2 en 1931 va ser declarat <em>Monument Nacional<\/em>. Valoraci\u00f3 que es refor\u00e7a en 1949 i 1985 com a <em>B\u00e9 d&#8217;Inter\u00e8s Cultural del Patrimoni Hist\u00f2ric Espanyol<\/em>.<\/p><p>El terratr\u00e8mol de Llorca de 2011 va afectar part de la muralla i a la Torre del Espol\u00f3n, actualment ja reconstru\u00efda amb certa pol\u00e8mica, at\u00e8s que no s&#8217;han incorporat els merlets que tenia abans del terratr\u00e8mol, per considerar que havien estat un afegit posterior a la seva forma original.<\/p><p>Al segle XXI s&#8217;incorpora funcionalment plenament al circuit tur\u00edstic despr\u00e9s de la seva restauraci\u00f3, amb l&#8217;apel\u00b7latiu de <em>Fortalezsa del Sol<\/em>.<\/p>\t\t\t\t\t\t\t\t<\/div>\n\t\t\t\t<\/div>\n\t\t\t\t<div class=\"elementor-element elementor-element-4d0576ab elementor-widget elementor-widget-menu-anchor\" data-id=\"4d0576ab\" data-element_type=\"widget\" data-e-type=\"widget\" data-widget_type=\"menu-anchor.default\">\n\t\t\t\t<div class=\"elementor-widget-container\">\n\t\t\t\t\t\t\t<div class=\"elementor-menu-anchor\" id=\"b3306\"><\/div>\n\t\t\t\t\t\t<\/div>\n\t\t\t\t<\/div>\n\t\t\t\t<div class=\"elementor-element elementor-element-7829f115 elementor-widget elementor-widget-text-editor\" data-id=\"7829f115\" data-element_type=\"widget\" data-e-type=\"widget\" data-widget_type=\"text-editor.default\">\n\t\t\t\t<div class=\"elementor-widget-container\">\n\t\t\t\t\t\t\t\t\t<p>D&#8217;altra banda, pateix el que alguns consideren una incomprensible i injustificable intervenci\u00f3 al permetre, l&#8217;any 2012, construir al seu interior un volumin\u00f3s edifici hoteler de nova planta per allotjar un Parador de Turisme. L&#8217;entramat d&#8217;acer que cobreix la fa\u00e7ana t\u00e9 una funci\u00f3 antis\u00edsmica que es van incorporar al disseny despr\u00e9s del sisme.<\/p>\t\t\t\t\t\t\t\t<\/div>\n\t\t\t\t<\/div>\n\t\t\t\t<div class=\"elementor-element elementor-element-19585269 elementor-widget elementor-widget-heading\" data-id=\"19585269\" data-element_type=\"widget\" data-e-type=\"widget\" data-widget_type=\"heading.default\">\n\t\t\t\t<div class=\"elementor-widget-container\">\n\t\t\t\t\t<h2 class=\"elementor-heading-title elementor-size-default\">Visita al Castell<\/h2>\t\t\t\t<\/div>\n\t\t\t\t<\/div>\n\t\t\t\t<div class=\"elementor-element elementor-element-211e4dab elementor-widget elementor-widget-text-editor\" data-id=\"211e4dab\" data-element_type=\"widget\" data-e-type=\"widget\" data-widget_type=\"text-editor.default\">\n\t\t\t\t<div class=\"elementor-widget-container\">\n\t\t\t\t\t\t\t\t\t<p>Despr\u00e9s d&#8217;aquestes pinzellades de marc hist\u00f2ric \u00e9s el moment que comenci el recorregut pel recinte del Castell.<\/p><p>\u00a0La visita al Castell est\u00e0 planificada i adequada com a espai tem\u00e0tic &#8220;La Fortaleza del Sol&#8221;. Aix\u00f2 vol dir que, al costat de les habituals explicacions al peu de les parts m\u00e9s significatives del recinte, s&#8217;han incorporat representacions de situacions pr\u00f2pies de la vida en un castell, aix\u00ed com exposicions tem\u00e0tiques permanents relacionades amb ell. Les anir\u00e9 trobant al llarg del recorregut.<\/p><p>Una audioguia que es facilita a l&#8217;entrada permet anar seguint les explicacions de tot el recorregut.<\/p><p>\u00a0Com ja disposem d&#8217;una visi\u00f3 hist\u00f2rica de conjunt optar\u00e9 per una presentaci\u00f3 seguint aproximadament l&#8217;itinerari proposat en el fullet\u00f3 que es lliura a l&#8217;entrada.<\/p>\t\t\t\t\t\t\t\t<\/div>\n\t\t\t\t<\/div>\n\t\t\t\t<div class=\"elementor-element elementor-element-3bc943a7 elementor-widget elementor-widget-menu-anchor\" data-id=\"3bc943a7\" data-element_type=\"widget\" data-e-type=\"widget\" data-widget_type=\"menu-anchor.default\">\n\t\t\t\t<div class=\"elementor-widget-container\">\n\t\t\t\t\t\t\t<div class=\"elementor-menu-anchor\" id=\"b3307\"><\/div>\n\t\t\t\t\t\t<\/div>\n\t\t\t\t<\/div>\n\t\t\t\t<div class=\"elementor-element elementor-element-58e91fa5 elementor-widget elementor-widget-text-editor\" data-id=\"58e91fa5\" data-element_type=\"widget\" data-e-type=\"widget\" data-widget_type=\"text-editor.default\">\n\t\t\t\t<div class=\"elementor-widget-container\">\n\t\t\t\t\t\t\t\t\t<p>Al plantejar la visita cal tenir en compte que dos dels espais m\u00e9s significatius del recinte -La Torre Alfonsina i la Juder\u00eda- no s\u00f3n d&#8217;entrada lliure, sin\u00f3 que nom\u00e9s pot accedir-se a ells en visita guiada, per a aix\u00f2 en la recepci\u00f3 s\u2019haur\u00e0 de contractar aquest servei i apuntant-se als horaris que estiguin programats el dia de la visita. El recorregut per cada un d&#8217;ells \u00e9s d&#8217;uns tres quarts d&#8217;hora.<\/p>\t\t\t\t\t\t\t\t<\/div>\n\t\t\t\t<\/div>\n\t\t\t\t<div class=\"elementor-element elementor-element-1934b3f4 elementor-widget elementor-widget-heading\" data-id=\"1934b3f4\" data-element_type=\"widget\" data-e-type=\"widget\" data-widget_type=\"heading.default\">\n\t\t\t\t<div class=\"elementor-widget-container\">\n\t\t\t\t\t<h3 class=\"elementor-heading-title elementor-size-default\">Pujada al Castell<\/h3>\t\t\t\t<\/div>\n\t\t\t\t<\/div>\n\t\t\t\t<div class=\"elementor-element elementor-element-78e2a83e elementor-widget elementor-widget-text-editor\" data-id=\"78e2a83e\" data-element_type=\"widget\" data-e-type=\"widget\" data-widget_type=\"text-editor.default\">\n\t\t\t\t<div class=\"elementor-widget-container\">\n\t\t\t\t\t\t\t\t\t<p>La pujada des del centre de Lorca amb autom\u00f2bil em permet entrar en contacte amb la ciutat medieval mitjan\u00e7ant el tra\u00e7at sinu\u00f3s dels seus carrers.<\/p><p>Arribat als peus del Castell, he de deixar aparcat el cotxe en un ampli aparcament. Queden una mica m\u00e9s 500 metres d&#8217;ascens per la carretera fins arribar al punt de recepci\u00f3.<\/p><p>En aquest recorregut s&#8217;estableix un primer contacte exterior amb la Torre del Espol\u00f3n (<strong>4<\/strong>), on es troba la Porta Falsa, i un ampli llen\u00e7 de muralla amb torrasses.<\/p>\t\t\t\t\t\t\t\t<\/div>\n\t\t\t\t<\/div>\n\t\t\t\t<div class=\"elementor-element elementor-element-50ef846 elementor-widget elementor-widget-image\" data-id=\"50ef846\" data-element_type=\"widget\" data-e-type=\"widget\" data-widget_type=\"image.default\">\n\t\t\t\t<div class=\"elementor-widget-container\">\n\t\t\t\t\t\t\t\t\t\t\t\t<figure class=\"wp-caption\">\n\t\t\t\t\t\t\t\t\t\t<img loading=\"lazy\" decoding=\"async\" width=\"800\" height=\"533\" src=\"https:\/\/www.elturistatranquil.com\/wp-content\/uploads\/F05-Castillo-de-Lorca-1.jpg\" class=\"attachment-large size-large wp-image-16302\" alt=\"\" srcset=\"https:\/\/www.elturistatranquil.com\/wp-content\/uploads\/F05-Castillo-de-Lorca-1.jpg 800w, https:\/\/www.elturistatranquil.com\/wp-content\/uploads\/F05-Castillo-de-Lorca-1-768x512.jpg 768w\" sizes=\"(max-width: 800px) 100vw, 800px\" \/>\t\t\t\t\t\t\t\t\t\t\t<figcaption class=\"widget-image-caption wp-caption-text\"><\/figcaption>\n\t\t\t\t\t\t\t\t\t\t<\/figure>\n\t\t\t\t\t\t\t\t\t<\/div>\n\t\t\t\t<\/div>\n\t\t\t\t<div class=\"elementor-element elementor-element-3f50e7e8 elementor-widget elementor-widget-image\" data-id=\"3f50e7e8\" data-element_type=\"widget\" data-e-type=\"widget\" data-widget_type=\"image.default\">\n\t\t\t\t<div class=\"elementor-widget-container\">\n\t\t\t\t\t\t\t\t\t\t\t\t<figure class=\"wp-caption\">\n\t\t\t\t\t\t\t\t\t\t<img loading=\"lazy\" decoding=\"async\" width=\"800\" height=\"533\" src=\"https:\/\/www.elturistatranquil.com\/wp-content\/uploads\/F06-Castillo-de-Lorca-1.jpg\" class=\"attachment-large size-large wp-image-16304\" alt=\"\" srcset=\"https:\/\/www.elturistatranquil.com\/wp-content\/uploads\/F06-Castillo-de-Lorca-1.jpg 800w, https:\/\/www.elturistatranquil.com\/wp-content\/uploads\/F06-Castillo-de-Lorca-1-768x512.jpg 768w\" sizes=\"(max-width: 800px) 100vw, 800px\" \/>\t\t\t\t\t\t\t\t\t\t\t<figcaption class=\"widget-image-caption wp-caption-text\"><\/figcaption>\n\t\t\t\t\t\t\t\t\t\t<\/figure>\n\t\t\t\t\t\t\t\t\t<\/div>\n\t\t\t\t<\/div>\n\t\t\t\t<div class=\"elementor-element elementor-element-547e256e elementor-widget elementor-widget-image\" data-id=\"547e256e\" data-element_type=\"widget\" data-e-type=\"widget\" data-widget_type=\"image.default\">\n\t\t\t\t<div class=\"elementor-widget-container\">\n\t\t\t\t\t\t\t\t\t\t\t\t<figure class=\"wp-caption\">\n\t\t\t\t\t\t\t\t\t\t<img loading=\"lazy\" decoding=\"async\" width=\"800\" height=\"533\" src=\"https:\/\/www.elturistatranquil.com\/wp-content\/uploads\/F07-Castillo-de-Lorca-1.jpg\" class=\"attachment-large size-large wp-image-16306\" alt=\"\" srcset=\"https:\/\/www.elturistatranquil.com\/wp-content\/uploads\/F07-Castillo-de-Lorca-1.jpg 800w, https:\/\/www.elturistatranquil.com\/wp-content\/uploads\/F07-Castillo-de-Lorca-1-768x512.jpg 768w\" sizes=\"(max-width: 800px) 100vw, 800px\" \/>\t\t\t\t\t\t\t\t\t\t\t<figcaption class=\"widget-image-caption wp-caption-text\"><\/figcaption>\n\t\t\t\t\t\t\t\t\t\t<\/figure>\n\t\t\t\t\t\t\t\t\t<\/div>\n\t\t\t\t<\/div>\n\t\t\t\t<div class=\"elementor-element elementor-element-2cff9af0 elementor-widget elementor-widget-image\" data-id=\"2cff9af0\" data-element_type=\"widget\" data-e-type=\"widget\" data-widget_type=\"image.default\">\n\t\t\t\t<div class=\"elementor-widget-container\">\n\t\t\t\t\t\t\t\t\t\t\t\t<figure class=\"wp-caption\">\n\t\t\t\t\t\t\t\t\t\t<img loading=\"lazy\" decoding=\"async\" width=\"800\" height=\"533\" src=\"https:\/\/www.elturistatranquil.com\/wp-content\/uploads\/F08-Castillo-de-Lorca-1.jpg\" class=\"attachment-large size-large wp-image-16308\" alt=\"\" srcset=\"https:\/\/www.elturistatranquil.com\/wp-content\/uploads\/F08-Castillo-de-Lorca-1.jpg 800w, https:\/\/www.elturistatranquil.com\/wp-content\/uploads\/F08-Castillo-de-Lorca-1-768x512.jpg 768w\" sizes=\"(max-width: 800px) 100vw, 800px\" \/>\t\t\t\t\t\t\t\t\t\t\t<figcaption class=\"widget-image-caption wp-caption-text\"><\/figcaption>\n\t\t\t\t\t\t\t\t\t\t<\/figure>\n\t\t\t\t\t\t\t\t\t<\/div>\n\t\t\t\t<\/div>\n\t\t\t\t<div class=\"elementor-element elementor-element-2b7f6f02 elementor-widget elementor-widget-image\" data-id=\"2b7f6f02\" data-element_type=\"widget\" data-e-type=\"widget\" data-widget_type=\"image.default\">\n\t\t\t\t<div class=\"elementor-widget-container\">\n\t\t\t\t\t\t\t\t\t\t\t\t<figure class=\"wp-caption\">\n\t\t\t\t\t\t\t\t\t\t<img loading=\"lazy\" decoding=\"async\" width=\"800\" height=\"533\" src=\"https:\/\/www.elturistatranquil.com\/wp-content\/uploads\/F09-Castillo-de-Lorca-1.jpg\" class=\"attachment-large size-large wp-image-16310\" alt=\"\" srcset=\"https:\/\/www.elturistatranquil.com\/wp-content\/uploads\/F09-Castillo-de-Lorca-1.jpg 800w, https:\/\/www.elturistatranquil.com\/wp-content\/uploads\/F09-Castillo-de-Lorca-1-768x512.jpg 768w\" sizes=\"(max-width: 800px) 100vw, 800px\" \/>\t\t\t\t\t\t\t\t\t\t\t<figcaption class=\"widget-image-caption wp-caption-text\"><\/figcaption>\n\t\t\t\t\t\t\t\t\t\t<\/figure>\n\t\t\t\t\t\t\t\t\t<\/div>\n\t\t\t\t<\/div>\n\t\t\t\t<div class=\"elementor-element elementor-element-22884331 elementor-widget elementor-widget-text-editor\" data-id=\"22884331\" data-element_type=\"widget\" data-e-type=\"widget\" data-widget_type=\"text-editor.default\">\n\t\t\t\t<div class=\"elementor-widget-container\">\n\t\t\t\t\t\t\t\t\t<p>Arribo a la porta de recepci\u00f3 del Castell (<strong>1<\/strong>), denominada tur\u00edsticament <em>Fortalesa del Sol<\/em>.<\/p>\t\t\t\t\t\t\t\t<\/div>\n\t\t\t\t<\/div>\n\t\t\t\t<div class=\"elementor-element elementor-element-5d0cdec4 elementor-widget elementor-widget-menu-anchor\" data-id=\"5d0cdec4\" data-element_type=\"widget\" data-e-type=\"widget\" data-widget_type=\"menu-anchor.default\">\n\t\t\t\t<div class=\"elementor-widget-container\">\n\t\t\t\t\t\t\t<div class=\"elementor-menu-anchor\" id=\"b3308\"><\/div>\n\t\t\t\t\t\t<\/div>\n\t\t\t\t<\/div>\n\t\t\t\t<div class=\"elementor-element elementor-element-2485da09 elementor-widget elementor-widget-image\" data-id=\"2485da09\" data-element_type=\"widget\" data-e-type=\"widget\" data-widget_type=\"image.default\">\n\t\t\t\t<div class=\"elementor-widget-container\">\n\t\t\t\t\t\t\t\t\t\t\t\t<figure class=\"wp-caption\">\n\t\t\t\t\t\t\t\t\t\t<img loading=\"lazy\" decoding=\"async\" width=\"800\" height=\"533\" src=\"https:\/\/www.elturistatranquil.com\/wp-content\/uploads\/F10-Castillo-de-Lorca-1.jpg\" class=\"attachment-large size-large wp-image-16312\" alt=\"\" srcset=\"https:\/\/www.elturistatranquil.com\/wp-content\/uploads\/F10-Castillo-de-Lorca-1.jpg 800w, https:\/\/www.elturistatranquil.com\/wp-content\/uploads\/F10-Castillo-de-Lorca-1-768x512.jpg 768w\" sizes=\"(max-width: 800px) 100vw, 800px\" \/>\t\t\t\t\t\t\t\t\t\t\t<figcaption class=\"widget-image-caption wp-caption-text\"><\/figcaption>\n\t\t\t\t\t\t\t\t\t\t<\/figure>\n\t\t\t\t\t\t\t\t\t<\/div>\n\t\t\t\t<\/div>\n\t\t\t\t<div class=\"elementor-element elementor-element-dec6bea elementor-widget elementor-widget-heading\" data-id=\"dec6bea\" data-element_type=\"widget\" data-e-type=\"widget\" data-widget_type=\"heading.default\">\n\t\t\t\t<div class=\"elementor-widget-container\">\n\t\t\t\t\t<h2 class=\"elementor-heading-title elementor-size-default\">Inici del recorregut<\/h2>\t\t\t\t<\/div>\n\t\t\t\t<\/div>\n\t\t\t\t<div class=\"elementor-element elementor-element-a1bcda5 elementor-widget elementor-widget-image\" data-id=\"a1bcda5\" data-element_type=\"widget\" data-e-type=\"widget\" data-widget_type=\"image.default\">\n\t\t\t\t<div class=\"elementor-widget-container\">\n\t\t\t\t\t\t\t\t\t\t\t\t<figure class=\"wp-caption\">\n\t\t\t\t\t\t\t\t\t\t<img loading=\"lazy\" decoding=\"async\" width=\"800\" height=\"533\" src=\"https:\/\/www.elturistatranquil.com\/wp-content\/uploads\/F10b-Referencias-visita.jpg\" class=\"attachment-large size-large wp-image-16540\" alt=\"Castillo de Lorca Referencias visita\" srcset=\"https:\/\/www.elturistatranquil.com\/wp-content\/uploads\/F10b-Referencias-visita.jpg 800w, https:\/\/www.elturistatranquil.com\/wp-content\/uploads\/F10b-Referencias-visita-768x512.jpg 768w\" sizes=\"(max-width: 800px) 100vw, 800px\" \/>\t\t\t\t\t\t\t\t\t\t\t<figcaption class=\"widget-image-caption wp-caption-text\"><\/figcaption>\n\t\t\t\t\t\t\t\t\t\t<\/figure>\n\t\t\t\t\t\t\t\t\t<\/div>\n\t\t\t\t<\/div>\n\t\t\t\t<div class=\"elementor-element elementor-element-6b48b3bb elementor-widget elementor-widget-menu-anchor\" data-id=\"6b48b3bb\" data-element_type=\"widget\" data-e-type=\"widget\" data-widget_type=\"menu-anchor.default\">\n\t\t\t\t<div class=\"elementor-widget-container\">\n\t\t\t\t\t\t\t<div class=\"elementor-menu-anchor\" id=\"b3309\"><\/div>\n\t\t\t\t\t\t<\/div>\n\t\t\t\t<\/div>\n\t\t\t\t<div class=\"elementor-element elementor-element-70588b5 elementor-widget elementor-widget-text-editor\" data-id=\"70588b5\" data-element_type=\"widget\" data-e-type=\"widget\" data-widget_type=\"text-editor.default\">\n\t\t\t\t<div class=\"elementor-widget-container\">\n\t\t\t\t\t\t\t\t\t<p>El recorregut proposat pels responsables del recinte et convida a iniciar la visita per l&#8217;extrem oest del recinte, en un recorregut oest-est, seguint la planta estreta i allargada del recinte.<\/p><p>\u00a0Una caracter\u00edstica que vol aportar la muse\u00eftzaci\u00f3 del Castell de Lorca \u00e9s la de complementar els continguts arqueol\u00f2gics amb informacions complement\u00e0ria que ajudin a comprendre el recinte i els seus moments hist\u00f2rics. Per a aix\u00f2 es serviran de muntatges, escenificacions o reproduccions puntuals en diversos punts del recorregut o de les depend\u00e8ncies, acompanyats amb explicacions.<\/p>\t\t\t\t\t\t\t\t<\/div>\n\t\t\t\t<\/div>\n\t\t\t\t<div class=\"elementor-element elementor-element-1f5d97c5 elementor-widget elementor-widget-heading\" data-id=\"1f5d97c5\" data-element_type=\"widget\" data-e-type=\"widget\" data-widget_type=\"heading.default\">\n\t\t\t\t<div class=\"elementor-widget-container\">\n\t\t\t\t\t<h3 class=\"elementor-heading-title elementor-size-default\">Almanjanec o llan\u00e7apedres <\/h3>\t\t\t\t<\/div>\n\t\t\t\t<\/div>\n\t\t\t\t<div class=\"elementor-element elementor-element-25877d79 elementor-widget elementor-widget-text-editor\" data-id=\"25877d79\" data-element_type=\"widget\" data-e-type=\"widget\" data-widget_type=\"text-editor.default\">\n\t\t\t\t<div class=\"elementor-widget-container\">\n\t\t\t\t\t\t\t\t\t<p>La primera reproducci\u00f3 la trobada abans d&#8217;arribar al v\u00e8rtex oest. Es tracta d&#8217;un <strong>almanjanec<\/strong> o <strong>manganell<\/strong> (llan\u00e7a pedres) (<strong>2<\/strong>), arma d&#8217;atac medieval a mida natural.<\/p><p>Llan\u00e7ava pedres de m\u00e9s de 500 quilos contra les muralles per enderrocar-les.<\/p><p>\u00a0De fons el mur de la bateria que es va construir al segle XIX (<strong>6<\/strong>).<\/p>\t\t\t\t\t\t\t\t<\/div>\n\t\t\t\t<\/div>\n\t\t\t\t<div class=\"elementor-element elementor-element-3740f4d elementor-widget elementor-widget-menu-anchor\" data-id=\"3740f4d\" data-element_type=\"widget\" data-e-type=\"widget\" data-widget_type=\"menu-anchor.default\">\n\t\t\t\t<div class=\"elementor-widget-container\">\n\t\t\t\t\t\t\t<div class=\"elementor-menu-anchor\" id=\"b3310\"><\/div>\n\t\t\t\t\t\t<\/div>\n\t\t\t\t<\/div>\n\t\t\t\t<div class=\"elementor-element elementor-element-25970aba elementor-widget elementor-widget-image\" data-id=\"25970aba\" data-element_type=\"widget\" data-e-type=\"widget\" data-widget_type=\"image.default\">\n\t\t\t\t<div class=\"elementor-widget-container\">\n\t\t\t\t\t\t\t\t\t\t\t\t<figure class=\"wp-caption\">\n\t\t\t\t\t\t\t\t\t\t<img loading=\"lazy\" decoding=\"async\" width=\"800\" height=\"533\" src=\"https:\/\/www.elturistatranquil.com\/wp-content\/uploads\/F11-Castillo-de-Lorca-1.jpg\" class=\"attachment-large size-large wp-image-16314\" alt=\"\" srcset=\"https:\/\/www.elturistatranquil.com\/wp-content\/uploads\/F11-Castillo-de-Lorca-1.jpg 800w, https:\/\/www.elturistatranquil.com\/wp-content\/uploads\/F11-Castillo-de-Lorca-1-768x512.jpg 768w\" sizes=\"(max-width: 800px) 100vw, 800px\" \/>\t\t\t\t\t\t\t\t\t\t\t<figcaption class=\"widget-image-caption wp-caption-text\"><\/figcaption>\n\t\t\t\t\t\t\t\t\t\t<\/figure>\n\t\t\t\t\t\t\t\t\t<\/div>\n\t\t\t\t<\/div>\n\t\t\t\t<div class=\"elementor-element elementor-element-4dcc5ab4 elementor-widget elementor-widget-heading\" data-id=\"4dcc5ab4\" data-element_type=\"widget\" data-e-type=\"widget\" data-widget_type=\"heading.default\">\n\t\t\t\t<div class=\"elementor-widget-container\">\n\t\t\t\t\t<h3 class=\"elementor-heading-title elementor-size-default\">El mestre picapedrer<\/h3>\t\t\t\t<\/div>\n\t\t\t\t<\/div>\n\t\t\t\t<div class=\"elementor-element elementor-element-5eaa2d49 elementor-widget elementor-widget-text-editor\" data-id=\"5eaa2d49\" data-element_type=\"widget\" data-e-type=\"widget\" data-widget_type=\"text-editor.default\">\n\t\t\t\t<div class=\"elementor-widget-container\">\n\t\t\t\t\t\t\t\t\t<p>Al costat esquerre de la Torre del Espol\u00f3n s&#8217;ha situat un altre element did\u00e0ctic referit al <strong>Mestre picapedrer<\/strong> (<strong>3<\/strong>). Se&#8217;ns explica el paper d&#8217;aquest ofici, la seva import\u00e0ncia en dissenyar i dirigir construccions i obres de gran dificultat, els gremis, i el prestigi que va arribar a tenir l&#8217;ofici, que va donar origen al terme &#8220;pedrera&#8221; com a atribut de proced\u00e8ncia d&#8217;individus especialment dotats per a una activitat.<\/p><p>S&#8217;inclou un llistat de les eines de l&#8217;ofici de picapedrer.<\/p>\t\t\t\t\t\t\t\t<\/div>\n\t\t\t\t<\/div>\n\t\t\t\t<div class=\"elementor-element elementor-element-4e9691c8 elementor-widget elementor-widget-menu-anchor\" data-id=\"4e9691c8\" data-element_type=\"widget\" data-e-type=\"widget\" data-widget_type=\"menu-anchor.default\">\n\t\t\t\t<div class=\"elementor-widget-container\">\n\t\t\t\t\t\t\t<div class=\"elementor-menu-anchor\" id=\"b3311\"><\/div>\n\t\t\t\t\t\t<\/div>\n\t\t\t\t<\/div>\n\t\t\t\t<div class=\"elementor-element elementor-element-3e83d7cf elementor-widget elementor-widget-image\" data-id=\"3e83d7cf\" data-element_type=\"widget\" data-e-type=\"widget\" data-widget_type=\"image.default\">\n\t\t\t\t<div class=\"elementor-widget-container\">\n\t\t\t\t\t\t\t\t\t\t\t\t<figure class=\"wp-caption\">\n\t\t\t\t\t\t\t\t\t\t<img loading=\"lazy\" decoding=\"async\" width=\"800\" height=\"533\" src=\"https:\/\/www.elturistatranquil.com\/wp-content\/uploads\/F11b-Castillo-de-Lorca-1.jpg\" class=\"attachment-large size-large wp-image-16316\" alt=\"\" srcset=\"https:\/\/www.elturistatranquil.com\/wp-content\/uploads\/F11b-Castillo-de-Lorca-1.jpg 800w, https:\/\/www.elturistatranquil.com\/wp-content\/uploads\/F11b-Castillo-de-Lorca-1-768x512.jpg 768w\" sizes=\"(max-width: 800px) 100vw, 800px\" \/>\t\t\t\t\t\t\t\t\t\t\t<figcaption class=\"widget-image-caption wp-caption-text\"><\/figcaption>\n\t\t\t\t\t\t\t\t\t\t<\/figure>\n\t\t\t\t\t\t\t\t\t<\/div>\n\t\t\t\t<\/div>\n\t\t\t\t<div class=\"elementor-element elementor-element-2ad1b2a4 elementor-widget elementor-widget-heading\" data-id=\"2ad1b2a4\" data-element_type=\"widget\" data-e-type=\"widget\" data-widget_type=\"heading.default\">\n\t\t\t\t<div class=\"elementor-widget-container\">\n\t\t\t\t\t<h3 class=\"elementor-heading-title elementor-size-default\">La Torre del Espol\u00f3n <\/h3>\t\t\t\t<\/div>\n\t\t\t\t<\/div>\n\t\t\t\t<div class=\"elementor-element elementor-element-b5400c7 elementor-widget elementor-widget-text-editor\" data-id=\"b5400c7\" data-element_type=\"widget\" data-e-type=\"widget\" data-widget_type=\"text-editor.default\">\n\t\t\t\t<div class=\"elementor-widget-container\">\n\t\t\t\t\t\t\t\t\t<p>La <strong>Torre del Espol\u00f3n<\/strong> (<strong>4<\/strong>), del segle XIII, situada al v\u00e8rtex occidental, encarada cap al Regne de Granada i vigilant sobre les muntanyes confrontants.<\/p><p>Va ser manada construir pel rei Alfons X, al mateix temps que la Torre Alfonsina.<\/p><p>\u00c9s de planta quadrada de 13 metres de costat, constru\u00efda amb carreus de pedra.<\/p><p>Es tracta de la Torre que rep el visitant des de l&#8217;aparcament, com he mostrat.<\/p>\t\t\t\t\t\t\t\t<\/div>\n\t\t\t\t<\/div>\n\t\t\t\t<div class=\"elementor-element elementor-element-26578100 elementor-widget elementor-widget-image\" data-id=\"26578100\" data-element_type=\"widget\" data-e-type=\"widget\" data-widget_type=\"image.default\">\n\t\t\t\t<div class=\"elementor-widget-container\">\n\t\t\t\t\t\t\t\t\t\t\t\t<figure class=\"wp-caption\">\n\t\t\t\t\t\t\t\t\t\t<img loading=\"lazy\" decoding=\"async\" width=\"800\" height=\"533\" src=\"https:\/\/www.elturistatranquil.com\/wp-content\/uploads\/F12-Castillo-de-Lorca-Torre-del-Espolon-1.jpg\" class=\"attachment-large size-large wp-image-16318\" alt=\"\" srcset=\"https:\/\/www.elturistatranquil.com\/wp-content\/uploads\/F12-Castillo-de-Lorca-Torre-del-Espolon-1.jpg 800w, https:\/\/www.elturistatranquil.com\/wp-content\/uploads\/F12-Castillo-de-Lorca-Torre-del-Espolon-1-768x512.jpg 768w\" sizes=\"(max-width: 800px) 100vw, 800px\" \/>\t\t\t\t\t\t\t\t\t\t\t<figcaption class=\"widget-image-caption wp-caption-text\"><\/figcaption>\n\t\t\t\t\t\t\t\t\t\t<\/figure>\n\t\t\t\t\t\t\t\t\t<\/div>\n\t\t\t\t<\/div>\n\t\t\t\t<div class=\"elementor-element elementor-element-384d1e5d elementor-widget elementor-widget-text-editor\" data-id=\"384d1e5d\" data-element_type=\"widget\" data-e-type=\"widget\" data-widget_type=\"text-editor.default\">\n\t\t\t\t<div class=\"elementor-widget-container\">\n\t\t\t\t\t\t\t\t\t<p>El terratr\u00e8mol de 2011 la va afectar a la part superior, reconstru\u00efda com s&#8217;aprecia en la fotografia. Com ja he comentat, amb la reconstrucci\u00f3 es van eliminar els merlets per considerar-se que no formaven part del disseny original i que havien estat afegides posteriorment.<\/p>\t\t\t\t\t\t\t\t<\/div>\n\t\t\t\t<\/div>\n\t\t\t\t<div class=\"elementor-element elementor-element-5b392459 elementor-widget elementor-widget-image\" data-id=\"5b392459\" data-element_type=\"widget\" data-e-type=\"widget\" data-widget_type=\"image.default\">\n\t\t\t\t<div class=\"elementor-widget-container\">\n\t\t\t\t\t\t\t\t\t\t\t\t<figure class=\"wp-caption\">\n\t\t\t\t\t\t\t\t\t\t<img loading=\"lazy\" decoding=\"async\" width=\"366\" height=\"550\" src=\"https:\/\/www.elturistatranquil.com\/wp-content\/uploads\/F13-Castillo-de-Lorca-Torre-del-Espolon-1.jpg\" class=\"attachment-large size-large wp-image-16320\" alt=\"\" \/>\t\t\t\t\t\t\t\t\t\t\t<figcaption class=\"widget-image-caption wp-caption-text\"><\/figcaption>\n\t\t\t\t\t\t\t\t\t\t<\/figure>\n\t\t\t\t\t\t\t\t\t<\/div>\n\t\t\t\t<\/div>\n\t\t\t\t<div class=\"elementor-element elementor-element-6eb409bf elementor-widget elementor-widget-image\" data-id=\"6eb409bf\" data-element_type=\"widget\" data-e-type=\"widget\" data-widget_type=\"image.default\">\n\t\t\t\t<div class=\"elementor-widget-container\">\n\t\t\t\t\t\t\t\t\t\t\t\t<figure class=\"wp-caption\">\n\t\t\t\t\t\t\t\t\t\t<img loading=\"lazy\" decoding=\"async\" width=\"800\" height=\"533\" src=\"https:\/\/www.elturistatranquil.com\/wp-content\/uploads\/F14-Castillo-de-Lorca-Torre-del-Espolon-1.jpg\" class=\"attachment-large size-large wp-image-16322\" alt=\"\" srcset=\"https:\/\/www.elturistatranquil.com\/wp-content\/uploads\/F14-Castillo-de-Lorca-Torre-del-Espolon-1.jpg 800w, https:\/\/www.elturistatranquil.com\/wp-content\/uploads\/F14-Castillo-de-Lorca-Torre-del-Espolon-1-768x512.jpg 768w\" sizes=\"(max-width: 800px) 100vw, 800px\" \/>\t\t\t\t\t\t\t\t\t\t\t<figcaption class=\"widget-image-caption wp-caption-text\"><\/figcaption>\n\t\t\t\t\t\t\t\t\t\t<\/figure>\n\t\t\t\t\t\t\t\t\t<\/div>\n\t\t\t\t<\/div>\n\t\t\t\t<div class=\"elementor-element elementor-element-6f5b2e86 elementor-widget elementor-widget-text-editor\" data-id=\"6f5b2e86\" data-element_type=\"widget\" data-e-type=\"widget\" data-widget_type=\"text-editor.default\">\n\t\t\t\t<div class=\"elementor-widget-container\">\n\t\t\t\t\t\t\t\t\t<p>Consta de dues plantes, una terrassa i un aljub al soterrani, que en moments va servir de masmorra.<\/p><p>El gruix de les parets permet que l&#8217;escala d&#8217;ascens es desplaci per l&#8217;interior del mur.<\/p><p>Les sageteres permeten l&#8217;entrada de llum per a l&#8217;escala o les sales.<\/p><p>En el primer tram d&#8217;escala s&#8217;ha col\u00b7locat una escultura representant un arquer en acci\u00f3.<\/p>\t\t\t\t\t\t\t\t<\/div>\n\t\t\t\t<\/div>\n\t\t\t\t<section class=\"elementor-section elementor-inner-section elementor-element elementor-element-38b0e16a elementor-section-boxed elementor-section-height-default elementor-section-height-default\" data-id=\"38b0e16a\" data-element_type=\"section\" data-e-type=\"section\">\n\t\t\t\t\t\t<div class=\"elementor-container elementor-column-gap-default\">\n\t\t\t\t\t<div class=\"elementor-column elementor-col-50 elementor-inner-column elementor-element elementor-element-7b6d083a\" data-id=\"7b6d083a\" data-element_type=\"column\" data-e-type=\"column\">\n\t\t\t<div class=\"elementor-widget-wrap elementor-element-populated\">\n\t\t\t\t\t\t<div class=\"elementor-element elementor-element-78b16fee elementor-widget elementor-widget-image\" data-id=\"78b16fee\" data-element_type=\"widget\" data-e-type=\"widget\" data-widget_type=\"image.default\">\n\t\t\t\t<div class=\"elementor-widget-container\">\n\t\t\t\t\t\t\t\t\t\t\t\t\t\t\t<img loading=\"lazy\" decoding=\"async\" width=\"366\" height=\"550\" src=\"https:\/\/www.elturistatranquil.com\/wp-content\/uploads\/F15m-Castillo-de-Lorca-Torre-del-Espolon-1.jpg\" class=\"attachment-large size-large wp-image-16324\" alt=\"\" \/>\t\t\t\t\t\t\t\t\t\t\t\t\t\t\t<\/div>\n\t\t\t\t<\/div>\n\t\t\t\t\t<\/div>\n\t\t<\/div>\n\t\t\t\t<div class=\"elementor-column elementor-col-50 elementor-inner-column elementor-element elementor-element-23aa27a0\" data-id=\"23aa27a0\" data-element_type=\"column\" data-e-type=\"column\">\n\t\t\t<div class=\"elementor-widget-wrap elementor-element-populated\">\n\t\t\t\t\t\t<div class=\"elementor-element elementor-element-4d7bf29f elementor-widget elementor-widget-image\" data-id=\"4d7bf29f\" data-element_type=\"widget\" data-e-type=\"widget\" data-widget_type=\"image.default\">\n\t\t\t\t<div class=\"elementor-widget-container\">\n\t\t\t\t\t\t\t\t\t\t\t\t\t\t\t<img loading=\"lazy\" decoding=\"async\" width=\"366\" height=\"550\" src=\"https:\/\/www.elturistatranquil.com\/wp-content\/uploads\/F15n-Castillo-de-Lorca-Torre-del-Espolon-1.jpg\" class=\"attachment-large size-large wp-image-16326\" alt=\"\" \/>\t\t\t\t\t\t\t\t\t\t\t\t\t\t\t<\/div>\n\t\t\t\t<\/div>\n\t\t\t\t\t<\/div>\n\t\t<\/div>\n\t\t\t\t\t<\/div>\n\t\t<\/section>\n\t\t\t\t<div class=\"elementor-element elementor-element-14a16ce4 elementor-widget elementor-widget-spacer\" data-id=\"14a16ce4\" data-element_type=\"widget\" data-e-type=\"widget\" data-widget_type=\"spacer.default\">\n\t\t\t\t<div class=\"elementor-widget-container\">\n\t\t\t\t\t\t\t<div class=\"elementor-spacer\">\n\t\t\t<div class=\"elementor-spacer-inner\"><\/div>\n\t\t<\/div>\n\t\t\t\t\t\t<\/div>\n\t\t\t\t<\/div>\n\t\t\t\t<div class=\"elementor-element elementor-element-16e5b546 elementor-widget elementor-widget-text-editor\" data-id=\"16e5b546\" data-element_type=\"widget\" data-e-type=\"widget\" data-widget_type=\"text-editor.default\">\n\t\t\t\t<div class=\"elementor-widget-container\">\n\t\t\t\t\t\t\t\t\t<p>Les plantes estan cobertes amb volta de creueria.<\/p>\t\t\t\t\t\t\t\t<\/div>\n\t\t\t\t<\/div>\n\t\t\t\t<div class=\"elementor-element elementor-element-5c284e95 elementor-widget elementor-widget-image\" data-id=\"5c284e95\" data-element_type=\"widget\" data-e-type=\"widget\" data-widget_type=\"image.default\">\n\t\t\t\t<div class=\"elementor-widget-container\">\n\t\t\t\t\t\t\t\t\t\t\t\t<figure class=\"wp-caption\">\n\t\t\t\t\t\t\t\t\t\t<img loading=\"lazy\" decoding=\"async\" width=\"800\" height=\"533\" src=\"https:\/\/www.elturistatranquil.com\/wp-content\/uploads\/F17-Castillo-de-Lorca-Torre-del-Espolon-1.jpg\" class=\"attachment-large size-large wp-image-16328\" alt=\"\" srcset=\"https:\/\/www.elturistatranquil.com\/wp-content\/uploads\/F17-Castillo-de-Lorca-Torre-del-Espolon-1.jpg 800w, https:\/\/www.elturistatranquil.com\/wp-content\/uploads\/F17-Castillo-de-Lorca-Torre-del-Espolon-1-768x512.jpg 768w\" sizes=\"(max-width: 800px) 100vw, 800px\" \/>\t\t\t\t\t\t\t\t\t\t\t<figcaption class=\"widget-image-caption wp-caption-text\"><\/figcaption>\n\t\t\t\t\t\t\t\t\t\t<\/figure>\n\t\t\t\t\t\t\t\t\t<\/div>\n\t\t\t\t<\/div>\n\t\t\t\t<div class=\"elementor-element elementor-element-1a85d890 elementor-widget elementor-widget-text-editor\" data-id=\"1a85d890\" data-element_type=\"widget\" data-e-type=\"widget\" data-widget_type=\"text-editor.default\">\n\t\t\t\t<div class=\"elementor-widget-container\">\n\t\t\t\t\t\t\t\t\t<p>El dia de la meva visita eren nombrosos els grups d&#8217;estudiants que estaven visitant el Castell. A la terrassa es veu a un grup rebent explicacions i sotmesos a un petit exercici de t\u00e0ctica. La guanyadora va ser nomenada &#8220;cavallera&#8221;.<\/p>\t\t\t\t\t\t\t\t<\/div>\n\t\t\t\t<\/div>\n\t\t\t\t<div class=\"elementor-element elementor-element-4a9bb51c elementor-widget elementor-widget-image\" data-id=\"4a9bb51c\" data-element_type=\"widget\" data-e-type=\"widget\" data-widget_type=\"image.default\">\n\t\t\t\t<div class=\"elementor-widget-container\">\n\t\t\t\t\t\t\t\t\t\t\t\t<figure class=\"wp-caption\">\n\t\t\t\t\t\t\t\t\t\t<img loading=\"lazy\" decoding=\"async\" width=\"800\" height=\"533\" src=\"https:\/\/www.elturistatranquil.com\/wp-content\/uploads\/F18-Castillo-de-Lorca-Torre-del-Espolon-1.jpg\" class=\"attachment-large size-large wp-image-16330\" alt=\"\" srcset=\"https:\/\/www.elturistatranquil.com\/wp-content\/uploads\/F18-Castillo-de-Lorca-Torre-del-Espolon-1.jpg 800w, https:\/\/www.elturistatranquil.com\/wp-content\/uploads\/F18-Castillo-de-Lorca-Torre-del-Espolon-1-768x512.jpg 768w\" sizes=\"(max-width: 800px) 100vw, 800px\" \/>\t\t\t\t\t\t\t\t\t\t\t<figcaption class=\"widget-image-caption wp-caption-text\"><\/figcaption>\n\t\t\t\t\t\t\t\t\t\t<\/figure>\n\t\t\t\t\t\t\t\t\t<\/div>\n\t\t\t\t<\/div>\n\t\t\t\t<div class=\"elementor-element elementor-element-a431889 elementor-widget elementor-widget-text-editor\" data-id=\"a431889\" data-element_type=\"widget\" data-e-type=\"widget\" data-widget_type=\"text-editor.default\">\n\t\t\t\t<div class=\"elementor-widget-container\">\n\t\t\t\t\t\t\t\t\t<p>Com no pot ser d&#8217;altra manera, la visi\u00f3 sobre el territori \u00e9s una de les seves funcions principals.<\/p><p>Sobre la vall del Guadalent\u00edn&#8230;<\/p>\t\t\t\t\t\t\t\t<\/div>\n\t\t\t\t<\/div>\n\t\t\t\t<div class=\"elementor-element elementor-element-3ddedf62 elementor-widget elementor-widget-image\" data-id=\"3ddedf62\" data-element_type=\"widget\" data-e-type=\"widget\" data-widget_type=\"image.default\">\n\t\t\t\t<div class=\"elementor-widget-container\">\n\t\t\t\t\t\t\t\t\t\t\t\t<figure class=\"wp-caption\">\n\t\t\t\t\t\t\t\t\t\t<img loading=\"lazy\" decoding=\"async\" width=\"800\" height=\"533\" src=\"https:\/\/www.elturistatranquil.com\/wp-content\/uploads\/F19-Castillo-de-Lorca-1.jpg\" class=\"attachment-large size-large wp-image-16332\" alt=\"\" srcset=\"https:\/\/www.elturistatranquil.com\/wp-content\/uploads\/F19-Castillo-de-Lorca-1.jpg 800w, https:\/\/www.elturistatranquil.com\/wp-content\/uploads\/F19-Castillo-de-Lorca-1-768x512.jpg 768w\" sizes=\"(max-width: 800px) 100vw, 800px\" \/>\t\t\t\t\t\t\t\t\t\t\t<figcaption class=\"widget-image-caption wp-caption-text\"><\/figcaption>\n\t\t\t\t\t\t\t\t\t\t<\/figure>\n\t\t\t\t\t\t\t\t\t<\/div>\n\t\t\t\t<\/div>\n\t\t\t\t<div class=\"elementor-element elementor-element-779baebc elementor-widget elementor-widget-text-editor\" data-id=\"779baebc\" data-element_type=\"widget\" data-e-type=\"widget\" data-widget_type=\"text-editor.default\">\n\t\t\t\t<div class=\"elementor-widget-container\">\n\t\t\t\t\t\t\t\t\t<p>&#8230; o sobre la resta del recinte. En primer terme, s&#8217;aprecia la transformaci\u00f3 en recinte del baluard del segle XIX, i darrere, en el punt m\u00e9s elevat, la Torre Alfonsina.<\/p><p>Al fons la vall del Guadalent\u00edn confluint sobre la plana.<\/p>\t\t\t\t\t\t\t\t<\/div>\n\t\t\t\t<\/div>\n\t\t\t\t<div class=\"elementor-element elementor-element-76e4f3ce elementor-widget elementor-widget-image\" data-id=\"76e4f3ce\" data-element_type=\"widget\" data-e-type=\"widget\" data-widget_type=\"image.default\">\n\t\t\t\t<div class=\"elementor-widget-container\">\n\t\t\t\t\t\t\t\t\t\t\t\t<figure class=\"wp-caption\">\n\t\t\t\t\t\t\t\t\t\t<img loading=\"lazy\" decoding=\"async\" width=\"800\" height=\"533\" src=\"https:\/\/www.elturistatranquil.com\/wp-content\/uploads\/F20-Castillo-de-Lorca-1.jpg\" class=\"attachment-large size-large wp-image-16334\" alt=\"\" srcset=\"https:\/\/www.elturistatranquil.com\/wp-content\/uploads\/F20-Castillo-de-Lorca-1.jpg 800w, https:\/\/www.elturistatranquil.com\/wp-content\/uploads\/F20-Castillo-de-Lorca-1-768x512.jpg 768w\" sizes=\"(max-width: 800px) 100vw, 800px\" \/>\t\t\t\t\t\t\t\t\t\t\t<figcaption class=\"widget-image-caption wp-caption-text\"><\/figcaption>\n\t\t\t\t\t\t\t\t\t\t<\/figure>\n\t\t\t\t\t\t\t\t\t<\/div>\n\t\t\t\t<\/div>\n\t\t\t\t<div class=\"elementor-element elementor-element-7191e4b4 elementor-widget elementor-widget-menu-anchor\" data-id=\"7191e4b4\" data-element_type=\"widget\" data-e-type=\"widget\" data-widget_type=\"menu-anchor.default\">\n\t\t\t\t<div class=\"elementor-widget-container\">\n\t\t\t\t\t\t\t<div class=\"elementor-menu-anchor\" id=\"b3312\"><\/div>\n\t\t\t\t\t\t<\/div>\n\t\t\t\t<\/div>\n\t\t\t\t<div class=\"elementor-element elementor-element-3afab123 elementor-widget elementor-widget-text-editor\" data-id=\"3afab123\" data-element_type=\"widget\" data-e-type=\"widget\" data-widget_type=\"text-editor.default\">\n\t\t\t\t<div class=\"elementor-widget-container\">\n\t\t\t\t\t\t\t\t\t<p>Surto de la Torre i em dirigeixo cap a la porta de la fortificaci\u00f3 amb baluards (<strong>5<\/strong>) seguint el lateral nord.<\/p>\t\t\t\t\t\t\t\t<\/div>\n\t\t\t\t<\/div>\n\t\t\t\t<div class=\"elementor-element elementor-element-4d7d7ee7 elementor-widget elementor-widget-heading\" data-id=\"4d7d7ee7\" data-element_type=\"widget\" data-e-type=\"widget\" data-widget_type=\"heading.default\">\n\t\t\t\t<div class=\"elementor-widget-container\">\n\t\t\t\t\t<h3 class=\"elementor-heading-title elementor-size-default\">La fortificaci\u00f3 amb baluard<\/h3>\t\t\t\t<\/div>\n\t\t\t\t<\/div>\n\t\t\t\t<div class=\"elementor-element elementor-element-b3e9298 elementor-widget elementor-widget-text-editor\" data-id=\"b3e9298\" data-element_type=\"widget\" data-e-type=\"widget\" data-widget_type=\"text-editor.default\">\n\t\t\t\t<div class=\"elementor-widget-container\">\n\t\t\t\t\t\t\t\t\t<p>Ens traslladem al segle XIX, \u00e8poca de la guerra del Franc\u00e8s.<\/p><p>La <strong>fortificaci\u00f3 amb baluard<\/strong> (<strong>6<\/strong>) consta de dos cossos articulats per un baluard central de planta poligonal irregular per incorporar canons com elements de l&#8217;artilleria de l&#8217;\u00e8poca.<\/p><p>L&#8217;ala nord-occidental estava dotada amb sis canoneres, orientades per batre l&#8217;artilleria enemiga empla\u00e7ada en els alts del Murviedro.<\/p>\t\t\t\t\t\t\t\t<\/div>\n\t\t\t\t<\/div>\n\t\t\t\t<div class=\"elementor-element elementor-element-477ccba6 elementor-widget elementor-widget-image\" data-id=\"477ccba6\" data-element_type=\"widget\" data-e-type=\"widget\" data-widget_type=\"image.default\">\n\t\t\t\t<div class=\"elementor-widget-container\">\n\t\t\t\t\t\t\t\t\t\t\t\t<figure class=\"wp-caption\">\n\t\t\t\t\t\t\t\t\t\t<img loading=\"lazy\" decoding=\"async\" width=\"800\" height=\"533\" src=\"https:\/\/www.elturistatranquil.com\/wp-content\/uploads\/F21-Castillo-de-Lorca-1.jpg\" class=\"attachment-large size-large wp-image-16336\" alt=\"\" srcset=\"https:\/\/www.elturistatranquil.com\/wp-content\/uploads\/F21-Castillo-de-Lorca-1.jpg 800w, https:\/\/www.elturistatranquil.com\/wp-content\/uploads\/F21-Castillo-de-Lorca-1-768x512.jpg 768w\" sizes=\"(max-width: 800px) 100vw, 800px\" \/>\t\t\t\t\t\t\t\t\t\t\t<figcaption class=\"widget-image-caption wp-caption-text\"><\/figcaption>\n\t\t\t\t\t\t\t\t\t\t<\/figure>\n\t\t\t\t\t\t\t\t\t<\/div>\n\t\t\t\t<\/div>\n\t\t\t\t<div class=\"elementor-element elementor-element-3f7657d2 elementor-widget elementor-widget-text-editor\" data-id=\"3f7657d2\" data-element_type=\"widget\" data-e-type=\"widget\" data-widget_type=\"text-editor.default\">\n\t\t\t\t<div class=\"elementor-widget-container\">\n\t\t\t\t\t\t\t\t\t<p>Una <strong>porta<\/strong> (<strong>5<\/strong>) tancava el pas cap a l&#8217;extrem occidental.<\/p>\t\t\t\t\t\t\t\t<\/div>\n\t\t\t\t<\/div>\n\t\t\t\t<div class=\"elementor-element elementor-element-33d6246 elementor-widget elementor-widget-image\" data-id=\"33d6246\" data-element_type=\"widget\" data-e-type=\"widget\" data-widget_type=\"image.default\">\n\t\t\t\t<div class=\"elementor-widget-container\">\n\t\t\t\t\t\t\t\t\t\t\t\t<figure class=\"wp-caption\">\n\t\t\t\t\t\t\t\t\t\t<img loading=\"lazy\" decoding=\"async\" width=\"800\" height=\"533\" src=\"https:\/\/www.elturistatranquil.com\/wp-content\/uploads\/F22-Castillo-de-Lorca-1.jpg\" class=\"attachment-large size-large wp-image-16338\" alt=\"\" srcset=\"https:\/\/www.elturistatranquil.com\/wp-content\/uploads\/F22-Castillo-de-Lorca-1.jpg 800w, https:\/\/www.elturistatranquil.com\/wp-content\/uploads\/F22-Castillo-de-Lorca-1-768x512.jpg 768w\" sizes=\"(max-width: 800px) 100vw, 800px\" \/>\t\t\t\t\t\t\t\t\t\t\t<figcaption class=\"widget-image-caption wp-caption-text\"><\/figcaption>\n\t\t\t\t\t\t\t\t\t\t<\/figure>\n\t\t\t\t\t\t\t\t\t<\/div>\n\t\t\t\t<\/div>\n\t\t\t\t<div class=\"elementor-element elementor-element-72f38ad7 elementor-widget elementor-widget-text-editor\" data-id=\"72f38ad7\" data-element_type=\"widget\" data-e-type=\"widget\" data-widget_type=\"text-editor.default\">\n\t\t\t\t<div class=\"elementor-widget-container\">\n\t\t\t\t\t\t\t\t\t<p>El costat sud-oriental estava ocupat pel <strong>polvor\u00ed i cavallerisses<\/strong> (<strong>7<\/strong>). Actualment est\u00e0 destinat a cafeteria, botiga de regals i serveis.<\/p>\t\t\t\t\t\t\t\t<\/div>\n\t\t\t\t<\/div>\n\t\t\t\t<div class=\"elementor-element elementor-element-34a3ae42 elementor-widget elementor-widget-image\" data-id=\"34a3ae42\" data-element_type=\"widget\" data-e-type=\"widget\" data-widget_type=\"image.default\">\n\t\t\t\t<div class=\"elementor-widget-container\">\n\t\t\t\t\t\t\t\t\t\t\t\t<figure class=\"wp-caption\">\n\t\t\t\t\t\t\t\t\t\t<img loading=\"lazy\" decoding=\"async\" width=\"800\" height=\"533\" src=\"https:\/\/www.elturistatranquil.com\/wp-content\/uploads\/F23-Castillo-de-Lorca-1.jpg\" class=\"attachment-large size-large wp-image-16340\" alt=\"\" srcset=\"https:\/\/www.elturistatranquil.com\/wp-content\/uploads\/F23-Castillo-de-Lorca-1.jpg 800w, https:\/\/www.elturistatranquil.com\/wp-content\/uploads\/F23-Castillo-de-Lorca-1-768x512.jpg 768w\" sizes=\"(max-width: 800px) 100vw, 800px\" \/>\t\t\t\t\t\t\t\t\t\t\t<figcaption class=\"widget-image-caption wp-caption-text\"><\/figcaption>\n\t\t\t\t\t\t\t\t\t\t<\/figure>\n\t\t\t\t\t\t\t\t\t<\/div>\n\t\t\t\t<\/div>\n\t\t\t\t<div class=\"elementor-element elementor-element-627b4ef3 elementor-widget elementor-widget-menu-anchor\" data-id=\"627b4ef3\" data-element_type=\"widget\" data-e-type=\"widget\" data-widget_type=\"menu-anchor.default\">\n\t\t\t\t<div class=\"elementor-widget-container\">\n\t\t\t\t\t\t\t<div class=\"elementor-menu-anchor\" id=\"b3313\"><\/div>\n\t\t\t\t\t\t<\/div>\n\t\t\t\t<\/div>\n\t\t\t\t<div class=\"elementor-element elementor-element-1388fcbd elementor-widget elementor-widget-text-editor\" data-id=\"1388fcbd\" data-element_type=\"widget\" data-e-type=\"widget\" data-widget_type=\"text-editor.default\">\n\t\t\t\t<div class=\"elementor-widget-container\">\n\t\t\t\t\t\t\t\t\t<p>M\u00e9s endavant, des de dalt de la Torre Alfonsina podr\u00e9 contemplar la disposici\u00f3 d&#8217;aquest conjunt, que la seg\u00fcent fotografia presenta.<\/p>\t\t\t\t\t\t\t\t<\/div>\n\t\t\t\t<\/div>\n\t\t\t\t<div class=\"elementor-element elementor-element-55b91fe1 elementor-widget elementor-widget-image\" data-id=\"55b91fe1\" data-element_type=\"widget\" data-e-type=\"widget\" data-widget_type=\"image.default\">\n\t\t\t\t<div class=\"elementor-widget-container\">\n\t\t\t\t\t\t\t\t\t\t\t\t<figure class=\"wp-caption\">\n\t\t\t\t\t\t\t\t\t\t<img loading=\"lazy\" decoding=\"async\" width=\"800\" height=\"533\" src=\"https:\/\/www.elturistatranquil.com\/wp-content\/uploads\/F23b-Castillo-de-Lorca-1.jpg\" class=\"attachment-large size-large wp-image-16342\" alt=\"\" srcset=\"https:\/\/www.elturistatranquil.com\/wp-content\/uploads\/F23b-Castillo-de-Lorca-1.jpg 800w, https:\/\/www.elturistatranquil.com\/wp-content\/uploads\/F23b-Castillo-de-Lorca-1-768x512.jpg 768w\" sizes=\"(max-width: 800px) 100vw, 800px\" \/>\t\t\t\t\t\t\t\t\t\t\t<figcaption class=\"widget-image-caption wp-caption-text\"><\/figcaption>\n\t\t\t\t\t\t\t\t\t\t<\/figure>\n\t\t\t\t\t\t\t\t\t<\/div>\n\t\t\t\t<\/div>\n\t\t\t\t<div class=\"elementor-element elementor-element-7981c122 elementor-widget elementor-widget-heading\" data-id=\"7981c122\" data-element_type=\"widget\" data-e-type=\"widget\" data-widget_type=\"heading.default\">\n\t\t\t\t<div class=\"elementor-widget-container\">\n\t\t\t\t\t<h3 class=\"elementor-heading-title elementor-size-default\">La Muralla nord<\/h3>\t\t\t\t<\/div>\n\t\t\t\t<\/div>\n\t\t\t\t<div class=\"elementor-element elementor-element-30697c3 elementor-widget elementor-widget-text-editor\" data-id=\"30697c3\" data-element_type=\"widget\" data-e-type=\"widget\" data-widget_type=\"text-editor.default\">\n\t\t\t\t<div class=\"elementor-widget-container\">\n\t\t\t\t\t\t\t\t\t<p>Al llarg recorregut de la <strong>muralla nord<\/strong> (<strong>8<\/strong>), seguint el cam\u00ed de ronda, sobre la vall del Guadalent\u00edn, hi ha disposades torrasses rectangulars o semicirculars a unes dist\u00e0ncies que s&#8217;adapten a l&#8217;orografia del terreny.<\/p>\t\t\t\t\t\t\t\t<\/div>\n\t\t\t\t<\/div>\n\t\t\t\t<div class=\"elementor-element elementor-element-3888518e elementor-widget elementor-widget-image\" data-id=\"3888518e\" data-element_type=\"widget\" data-e-type=\"widget\" data-widget_type=\"image.default\">\n\t\t\t\t<div class=\"elementor-widget-container\">\n\t\t\t\t\t\t\t\t\t\t\t\t<figure class=\"wp-caption\">\n\t\t\t\t\t\t\t\t\t\t<img loading=\"lazy\" decoding=\"async\" width=\"800\" height=\"533\" src=\"https:\/\/www.elturistatranquil.com\/wp-content\/uploads\/F24-Castillo-de-Lorca-1.jpg\" class=\"attachment-large size-large wp-image-16344\" alt=\"\" srcset=\"https:\/\/www.elturistatranquil.com\/wp-content\/uploads\/F24-Castillo-de-Lorca-1.jpg 800w, https:\/\/www.elturistatranquil.com\/wp-content\/uploads\/F24-Castillo-de-Lorca-1-768x512.jpg 768w\" sizes=\"(max-width: 800px) 100vw, 800px\" \/>\t\t\t\t\t\t\t\t\t\t\t<figcaption class=\"widget-image-caption wp-caption-text\"><\/figcaption>\n\t\t\t\t\t\t\t\t\t\t<\/figure>\n\t\t\t\t\t\t\t\t\t<\/div>\n\t\t\t\t<\/div>\n\t\t\t\t<div class=\"elementor-element elementor-element-191e4b2 elementor-widget elementor-widget-image\" data-id=\"191e4b2\" data-element_type=\"widget\" data-e-type=\"widget\" data-widget_type=\"image.default\">\n\t\t\t\t<div class=\"elementor-widget-container\">\n\t\t\t\t\t\t\t\t\t\t\t\t<figure class=\"wp-caption\">\n\t\t\t\t\t\t\t\t\t\t<img loading=\"lazy\" decoding=\"async\" width=\"800\" height=\"533\" src=\"https:\/\/www.elturistatranquil.com\/wp-content\/uploads\/F25-Castillo-de-Lorca-1.jpg\" class=\"attachment-large size-large wp-image-16346\" alt=\"\" srcset=\"https:\/\/www.elturistatranquil.com\/wp-content\/uploads\/F25-Castillo-de-Lorca-1.jpg 800w, https:\/\/www.elturistatranquil.com\/wp-content\/uploads\/F25-Castillo-de-Lorca-1-768x512.jpg 768w\" sizes=\"(max-width: 800px) 100vw, 800px\" \/>\t\t\t\t\t\t\t\t\t\t\t<figcaption class=\"widget-image-caption wp-caption-text\"><\/figcaption>\n\t\t\t\t\t\t\t\t\t\t<\/figure>\n\t\t\t\t\t\t\t\t\t<\/div>\n\t\t\t\t<\/div>\n\t\t\t\t<div class=\"elementor-element elementor-element-18df7b7c elementor-widget elementor-widget-image\" data-id=\"18df7b7c\" data-element_type=\"widget\" data-e-type=\"widget\" data-widget_type=\"image.default\">\n\t\t\t\t<div class=\"elementor-widget-container\">\n\t\t\t\t\t\t\t\t\t\t\t\t<figure class=\"wp-caption\">\n\t\t\t\t\t\t\t\t\t\t<img loading=\"lazy\" decoding=\"async\" width=\"800\" height=\"533\" src=\"https:\/\/www.elturistatranquil.com\/wp-content\/uploads\/F26-Castillo-de-Lorca-1.jpg\" class=\"attachment-large size-large wp-image-16348\" alt=\"\" srcset=\"https:\/\/www.elturistatranquil.com\/wp-content\/uploads\/F26-Castillo-de-Lorca-1.jpg 800w, https:\/\/www.elturistatranquil.com\/wp-content\/uploads\/F26-Castillo-de-Lorca-1-768x512.jpg 768w\" sizes=\"(max-width: 800px) 100vw, 800px\" \/>\t\t\t\t\t\t\t\t\t\t\t<figcaption class=\"widget-image-caption wp-caption-text\"><\/figcaption>\n\t\t\t\t\t\t\t\t\t\t<\/figure>\n\t\t\t\t\t\t\t\t\t<\/div>\n\t\t\t\t<\/div>\n\t\t\t\t<div class=\"elementor-element elementor-element-2f59ce9f elementor-widget elementor-widget-image\" data-id=\"2f59ce9f\" data-element_type=\"widget\" data-e-type=\"widget\" data-widget_type=\"image.default\">\n\t\t\t\t<div class=\"elementor-widget-container\">\n\t\t\t\t\t\t\t\t\t\t\t\t<figure class=\"wp-caption\">\n\t\t\t\t\t\t\t\t\t\t<img loading=\"lazy\" decoding=\"async\" width=\"800\" height=\"533\" src=\"https:\/\/www.elturistatranquil.com\/wp-content\/uploads\/F27-Castillo-de-Lorca-1.jpg\" class=\"attachment-large size-large wp-image-16350\" alt=\"\" srcset=\"https:\/\/www.elturistatranquil.com\/wp-content\/uploads\/F27-Castillo-de-Lorca-1.jpg 800w, https:\/\/www.elturistatranquil.com\/wp-content\/uploads\/F27-Castillo-de-Lorca-1-768x512.jpg 768w\" sizes=\"(max-width: 800px) 100vw, 800px\" \/>\t\t\t\t\t\t\t\t\t\t\t<figcaption class=\"widget-image-caption wp-caption-text\"><\/figcaption>\n\t\t\t\t\t\t\t\t\t\t<\/figure>\n\t\t\t\t\t\t\t\t\t<\/div>\n\t\t\t\t<\/div>\n\t\t\t\t<div class=\"elementor-element elementor-element-4f155285 elementor-widget elementor-widget-text-editor\" data-id=\"4f155285\" data-element_type=\"widget\" data-e-type=\"widget\" data-widget_type=\"text-editor.default\">\n\t\t\t\t<div class=\"elementor-widget-container\">\n\t\t\t\t\t\t\t\t\t<p>En el paisatge des d&#8217;aquest costat s&#8217;aprecia la Vall entre turons erosionats, sotm\u00e8s a constants inundacions, canalitzat quan arriba al nucli urb\u00e0, els cultius, basses per a reserva d&#8217;aigua, l&#8217;expansi\u00f3 urbana i industrial i el tra\u00e7at de l&#8217;autovia M\u00farcia-Andalusia per la qual es van practicar dos t\u00fanels que passen per la base de la fortalesa.<\/p>\t\t\t\t\t\t\t\t<\/div>\n\t\t\t\t<\/div>\n\t\t\t\t<div class=\"elementor-element elementor-element-7c6daa6c elementor-widget elementor-widget-image\" data-id=\"7c6daa6c\" data-element_type=\"widget\" data-e-type=\"widget\" data-widget_type=\"image.default\">\n\t\t\t\t<div class=\"elementor-widget-container\">\n\t\t\t\t\t\t\t\t\t\t\t\t<figure class=\"wp-caption\">\n\t\t\t\t\t\t\t\t\t\t<img loading=\"lazy\" decoding=\"async\" width=\"800\" height=\"533\" src=\"https:\/\/www.elturistatranquil.com\/wp-content\/uploads\/F28-Castillo-de-Lorca-1.jpg\" class=\"attachment-large size-large wp-image-16352\" alt=\"\" srcset=\"https:\/\/www.elturistatranquil.com\/wp-content\/uploads\/F28-Castillo-de-Lorca-1.jpg 800w, https:\/\/www.elturistatranquil.com\/wp-content\/uploads\/F28-Castillo-de-Lorca-1-768x512.jpg 768w\" sizes=\"(max-width: 800px) 100vw, 800px\" \/>\t\t\t\t\t\t\t\t\t\t\t<figcaption class=\"widget-image-caption wp-caption-text\"><\/figcaption>\n\t\t\t\t\t\t\t\t\t\t<\/figure>\n\t\t\t\t\t\t\t\t\t<\/div>\n\t\t\t\t<\/div>\n\t\t\t\t<div class=\"elementor-element elementor-element-32b2ff7a elementor-widget elementor-widget-image\" data-id=\"32b2ff7a\" data-element_type=\"widget\" data-e-type=\"widget\" data-widget_type=\"image.default\">\n\t\t\t\t<div class=\"elementor-widget-container\">\n\t\t\t\t\t\t\t\t\t\t\t\t<figure class=\"wp-caption\">\n\t\t\t\t\t\t\t\t\t\t<img loading=\"lazy\" decoding=\"async\" width=\"800\" height=\"533\" src=\"https:\/\/www.elturistatranquil.com\/wp-content\/uploads\/F29-Castillo-de-Lorca-1.jpg\" class=\"attachment-large size-large wp-image-16354\" alt=\"\" srcset=\"https:\/\/www.elturistatranquil.com\/wp-content\/uploads\/F29-Castillo-de-Lorca-1.jpg 800w, https:\/\/www.elturistatranquil.com\/wp-content\/uploads\/F29-Castillo-de-Lorca-1-768x512.jpg 768w\" sizes=\"(max-width: 800px) 100vw, 800px\" \/>\t\t\t\t\t\t\t\t\t\t\t<figcaption class=\"widget-image-caption wp-caption-text\"><\/figcaption>\n\t\t\t\t\t\t\t\t\t\t<\/figure>\n\t\t\t\t\t\t\t\t\t<\/div>\n\t\t\t\t<\/div>\n\t\t\t\t<div class=\"elementor-element elementor-element-7d6995e elementor-widget elementor-widget-menu-anchor\" data-id=\"7d6995e\" data-element_type=\"widget\" data-e-type=\"widget\" data-widget_type=\"menu-anchor.default\">\n\t\t\t\t<div class=\"elementor-widget-container\">\n\t\t\t\t\t\t\t<div class=\"elementor-menu-anchor\" id=\"b3314\"><\/div>\n\t\t\t\t\t\t<\/div>\n\t\t\t\t<\/div>\n\t\t\t\t<div class=\"elementor-element elementor-element-63fd624c elementor-widget elementor-widget-image\" data-id=\"63fd624c\" data-element_type=\"widget\" data-e-type=\"widget\" data-widget_type=\"image.default\">\n\t\t\t\t<div class=\"elementor-widget-container\">\n\t\t\t\t\t\t\t\t\t\t\t\t<figure class=\"wp-caption\">\n\t\t\t\t\t\t\t\t\t\t<img loading=\"lazy\" decoding=\"async\" width=\"800\" height=\"533\" src=\"https:\/\/www.elturistatranquil.com\/wp-content\/uploads\/F30-Castillo-de-Lorca-1.jpg\" class=\"attachment-large size-large wp-image-16356\" alt=\"\" srcset=\"https:\/\/www.elturistatranquil.com\/wp-content\/uploads\/F30-Castillo-de-Lorca-1.jpg 800w, https:\/\/www.elturistatranquil.com\/wp-content\/uploads\/F30-Castillo-de-Lorca-1-768x512.jpg 768w\" sizes=\"(max-width: 800px) 100vw, 800px\" \/>\t\t\t\t\t\t\t\t\t\t\t<figcaption class=\"widget-image-caption wp-caption-text\"><\/figcaption>\n\t\t\t\t\t\t\t\t\t\t<\/figure>\n\t\t\t\t\t\t\t\t\t<\/div>\n\t\t\t\t<\/div>\n\t\t\t\t<div class=\"elementor-element elementor-element-76d38f77 elementor-widget elementor-widget-heading\" data-id=\"76d38f77\" data-element_type=\"widget\" data-e-type=\"widget\" data-widget_type=\"heading.default\">\n\t\t\t\t<div class=\"elementor-widget-container\">\n\t\t\t\t\t<h3 class=\"elementor-heading-title elementor-size-default\">La Esplanada <\/h3>\t\t\t\t<\/div>\n\t\t\t\t<\/div>\n\t\t\t\t<div class=\"elementor-element elementor-element-8a70459 elementor-widget elementor-widget-text-editor\" data-id=\"8a70459\" data-element_type=\"widget\" data-e-type=\"widget\" data-widget_type=\"text-editor.default\">\n\t\t\t\t<div class=\"elementor-widget-container\">\n\t\t\t\t\t\t\t\t\t<p>L&#8217;espai interior d&#8217;aquesta zona central, o <strong>esplanada<\/strong>, est\u00e0 destinat actualment <strong>a zona d&#8217;estar i jocs<\/strong> (<strong>9<\/strong>), a un <strong>rellotge de sol gegant<\/strong> (<strong>10<\/strong>) i a una <strong>zona infantil<\/strong> (<strong>11<\/strong>) amb tem\u00e0tica adient.<\/p>\t\t\t\t\t\t\t\t<\/div>\n\t\t\t\t<\/div>\n\t\t\t\t<div class=\"elementor-element elementor-element-750cd838 elementor-widget elementor-widget-image\" data-id=\"750cd838\" data-element_type=\"widget\" data-e-type=\"widget\" data-widget_type=\"image.default\">\n\t\t\t\t<div class=\"elementor-widget-container\">\n\t\t\t\t\t\t\t\t\t\t\t\t<figure class=\"wp-caption\">\n\t\t\t\t\t\t\t\t\t\t<img loading=\"lazy\" decoding=\"async\" width=\"800\" height=\"533\" src=\"https:\/\/www.elturistatranquil.com\/wp-content\/uploads\/F30a-Castillo-de-Lorca-1.jpg\" class=\"attachment-large size-large wp-image-16358\" alt=\"\" srcset=\"https:\/\/www.elturistatranquil.com\/wp-content\/uploads\/F30a-Castillo-de-Lorca-1.jpg 800w, https:\/\/www.elturistatranquil.com\/wp-content\/uploads\/F30a-Castillo-de-Lorca-1-768x512.jpg 768w\" sizes=\"(max-width: 800px) 100vw, 800px\" \/>\t\t\t\t\t\t\t\t\t\t\t<figcaption class=\"widget-image-caption wp-caption-text\"><\/figcaption>\n\t\t\t\t\t\t\t\t\t\t<\/figure>\n\t\t\t\t\t\t\t\t\t<\/div>\n\t\t\t\t<\/div>\n\t\t\t\t<div class=\"elementor-element elementor-element-29d3cca3 elementor-widget elementor-widget-text-editor\" data-id=\"29d3cca3\" data-element_type=\"widget\" data-e-type=\"widget\" data-widget_type=\"text-editor.default\">\n\t\t\t\t<div class=\"elementor-widget-container\">\n\t\t\t\t\t\t\t\t\t<p>Una espasa com a gn\u00f2mon del rellotge de Sol.<\/p>\t\t\t\t\t\t\t\t<\/div>\n\t\t\t\t<\/div>\n\t\t\t\t<div class=\"elementor-element elementor-element-56eaedad elementor-widget elementor-widget-image\" data-id=\"56eaedad\" data-element_type=\"widget\" data-e-type=\"widget\" data-widget_type=\"image.default\">\n\t\t\t\t<div class=\"elementor-widget-container\">\n\t\t\t\t\t\t\t\t\t\t\t\t<figure class=\"wp-caption\">\n\t\t\t\t\t\t\t\t\t\t<img loading=\"lazy\" decoding=\"async\" width=\"800\" height=\"533\" src=\"https:\/\/www.elturistatranquil.com\/wp-content\/uploads\/F30b-Castillo-de-Lorca-1.jpg\" class=\"attachment-large size-large wp-image-16360\" alt=\"\" srcset=\"https:\/\/www.elturistatranquil.com\/wp-content\/uploads\/F30b-Castillo-de-Lorca-1.jpg 800w, https:\/\/www.elturistatranquil.com\/wp-content\/uploads\/F30b-Castillo-de-Lorca-1-768x512.jpg 768w\" sizes=\"(max-width: 800px) 100vw, 800px\" \/>\t\t\t\t\t\t\t\t\t\t\t<figcaption class=\"widget-image-caption wp-caption-text\"><\/figcaption>\n\t\t\t\t\t\t\t\t\t\t<\/figure>\n\t\t\t\t\t\t\t\t\t<\/div>\n\t\t\t\t<\/div>\n\t\t\t\t<div class=\"elementor-element elementor-element-721803cf elementor-widget elementor-widget-menu-anchor\" data-id=\"721803cf\" data-element_type=\"widget\" data-e-type=\"widget\" data-widget_type=\"menu-anchor.default\">\n\t\t\t\t<div class=\"elementor-widget-container\">\n\t\t\t\t\t\t\t<div class=\"elementor-menu-anchor\" id=\"b3315\"><\/div>\n\t\t\t\t\t\t<\/div>\n\t\t\t\t<\/div>\n\t\t\t\t<div class=\"elementor-element elementor-element-1fc5e7cf elementor-widget elementor-widget-image\" data-id=\"1fc5e7cf\" data-element_type=\"widget\" data-e-type=\"widget\" data-widget_type=\"image.default\">\n\t\t\t\t<div class=\"elementor-widget-container\">\n\t\t\t\t\t\t\t\t\t\t\t\t<figure class=\"wp-caption\">\n\t\t\t\t\t\t\t\t\t\t<img loading=\"lazy\" decoding=\"async\" width=\"800\" height=\"533\" src=\"https:\/\/www.elturistatranquil.com\/wp-content\/uploads\/F31-Castillo-de-Lorca-1.jpg\" class=\"attachment-large size-large wp-image-16362\" alt=\"\" srcset=\"https:\/\/www.elturistatranquil.com\/wp-content\/uploads\/F31-Castillo-de-Lorca-1.jpg 800w, https:\/\/www.elturistatranquil.com\/wp-content\/uploads\/F31-Castillo-de-Lorca-1-768x512.jpg 768w\" sizes=\"(max-width: 800px) 100vw, 800px\" \/>\t\t\t\t\t\t\t\t\t\t\t<figcaption class=\"widget-image-caption wp-caption-text\"><\/figcaption>\n\t\t\t\t\t\t\t\t\t\t<\/figure>\n\t\t\t\t\t\t\t\t\t<\/div>\n\t\t\t\t<\/div>\n\t\t\t\t<div class=\"elementor-element elementor-element-55777569 elementor-widget elementor-widget-heading\" data-id=\"55777569\" data-element_type=\"widget\" data-e-type=\"widget\" data-widget_type=\"heading.default\">\n\t\t\t\t<div class=\"elementor-widget-container\">\n\t\t\t\t\t<h3 class=\"elementor-heading-title elementor-size-default\">La Muralla del Espald\u00f3n <\/h3>\t\t\t\t<\/div>\n\t\t\t\t<\/div>\n\t\t\t\t<div class=\"elementor-element elementor-element-2010c6c elementor-widget elementor-widget-text-editor\" data-id=\"2010c6c\" data-element_type=\"widget\" data-e-type=\"widget\" data-widget_type=\"text-editor.default\">\n\t\t\t\t<div class=\"elementor-widget-container\">\n\t\t\t\t\t\t\t\t\t<p>Dividint el recinte en dos se situava la <strong>muralla del Espald\u00f3n<\/strong> (<strong>12<\/strong>), que separava la zona de l&#8217;albacar a ponent i la zona residencial (Alcal\u00e1) i l&#8217;Alc\u00e0sser. Va ser constru\u00efda al final del per\u00edode Almohade als segles XII-XIII.<\/p>\t\t\t\t\t\t\t\t<\/div>\n\t\t\t\t<\/div>\n\t\t\t\t<div class=\"elementor-element elementor-element-3cc46aa4 elementor-widget elementor-widget-image\" data-id=\"3cc46aa4\" data-element_type=\"widget\" data-e-type=\"widget\" data-widget_type=\"image.default\">\n\t\t\t\t<div class=\"elementor-widget-container\">\n\t\t\t\t\t\t\t\t\t\t\t\t<figure class=\"wp-caption\">\n\t\t\t\t\t\t\t\t\t\t<img loading=\"lazy\" decoding=\"async\" width=\"800\" height=\"533\" src=\"https:\/\/www.elturistatranquil.com\/wp-content\/uploads\/F32-Castillo-de-Lorca-1.jpg\" class=\"attachment-large size-large wp-image-16364\" alt=\"\" srcset=\"https:\/\/www.elturistatranquil.com\/wp-content\/uploads\/F32-Castillo-de-Lorca-1.jpg 800w, https:\/\/www.elturistatranquil.com\/wp-content\/uploads\/F32-Castillo-de-Lorca-1-768x512.jpg 768w\" sizes=\"(max-width: 800px) 100vw, 800px\" \/>\t\t\t\t\t\t\t\t\t\t\t<figcaption class=\"widget-image-caption wp-caption-text\"><\/figcaption>\n\t\t\t\t\t\t\t\t\t\t<\/figure>\n\t\t\t\t\t\t\t\t\t<\/div>\n\t\t\t\t<\/div>\n\t\t\t\t<div class=\"elementor-element elementor-element-450707f2 elementor-widget elementor-widget-text-editor\" data-id=\"450707f2\" data-element_type=\"widget\" data-e-type=\"widget\" data-widget_type=\"text-editor.default\">\n\t\t\t\t<div class=\"elementor-widget-container\">\n\t\t\t\t\t\t\t\t\t<p>Una porta colzada unia ambd\u00f3s costats. La forma colzada facilitava la defensa en dificultar l&#8217;entrada de l&#8217;atacant.<\/p>\t\t\t\t\t\t\t\t<\/div>\n\t\t\t\t<\/div>\n\t\t\t\t<div class=\"elementor-element elementor-element-5d43ca16 elementor-widget elementor-widget-image\" data-id=\"5d43ca16\" data-element_type=\"widget\" data-e-type=\"widget\" data-widget_type=\"image.default\">\n\t\t\t\t<div class=\"elementor-widget-container\">\n\t\t\t\t\t\t\t\t\t\t\t\t<figure class=\"wp-caption\">\n\t\t\t\t\t\t\t\t\t\t<img loading=\"lazy\" decoding=\"async\" width=\"800\" height=\"533\" src=\"https:\/\/www.elturistatranquil.com\/wp-content\/uploads\/F33-Castillo-de-Lorca-1.jpg\" class=\"attachment-large size-large wp-image-16366\" alt=\"\" srcset=\"https:\/\/www.elturistatranquil.com\/wp-content\/uploads\/F33-Castillo-de-Lorca-1.jpg 800w, https:\/\/www.elturistatranquil.com\/wp-content\/uploads\/F33-Castillo-de-Lorca-1-768x512.jpg 768w\" sizes=\"(max-width: 800px) 100vw, 800px\" \/>\t\t\t\t\t\t\t\t\t\t\t<figcaption class=\"widget-image-caption wp-caption-text\"><\/figcaption>\n\t\t\t\t\t\t\t\t\t\t<\/figure>\n\t\t\t\t\t\t\t\t\t<\/div>\n\t\t\t\t<\/div>\n\t\t\t\t<div class=\"elementor-element elementor-element-2b6b1400 elementor-widget elementor-widget-menu-anchor\" data-id=\"2b6b1400\" data-element_type=\"widget\" data-e-type=\"widget\" data-widget_type=\"menu-anchor.default\">\n\t\t\t\t<div class=\"elementor-widget-container\">\n\t\t\t\t\t\t\t<div class=\"elementor-menu-anchor\" id=\"b3316\"><\/div>\n\t\t\t\t\t\t<\/div>\n\t\t\t\t<\/div>\n\t\t\t\t<div class=\"elementor-element elementor-element-3b60e3a7 elementor-widget elementor-widget-image\" data-id=\"3b60e3a7\" data-element_type=\"widget\" data-e-type=\"widget\" data-widget_type=\"image.default\">\n\t\t\t\t<div class=\"elementor-widget-container\">\n\t\t\t\t\t\t\t\t\t\t\t\t<figure class=\"wp-caption\">\n\t\t\t\t\t\t\t\t\t\t<img loading=\"lazy\" decoding=\"async\" width=\"800\" height=\"533\" src=\"https:\/\/www.elturistatranquil.com\/wp-content\/uploads\/F34-Castillo-de-Lorca-1.jpg\" class=\"attachment-large size-large wp-image-16368\" alt=\"\" srcset=\"https:\/\/www.elturistatranquil.com\/wp-content\/uploads\/F34-Castillo-de-Lorca-1.jpg 800w, https:\/\/www.elturistatranquil.com\/wp-content\/uploads\/F34-Castillo-de-Lorca-1-768x512.jpg 768w\" sizes=\"(max-width: 800px) 100vw, 800px\" \/>\t\t\t\t\t\t\t\t\t\t\t<figcaption class=\"widget-image-caption wp-caption-text\"><\/figcaption>\n\t\t\t\t\t\t\t\t\t\t<\/figure>\n\t\t\t\t\t\t\t\t\t<\/div>\n\t\t\t\t<\/div>\n\t\t\t\t<div class=\"elementor-element elementor-element-365079a3 elementor-widget elementor-widget-heading\" data-id=\"365079a3\" data-element_type=\"widget\" data-e-type=\"widget\" data-widget_type=\"heading.default\">\n\t\t\t\t<div class=\"elementor-widget-container\">\n\t\t\t\t\t<h3 class=\"elementor-heading-title elementor-size-default\">L\u2019Aljub del Espald\u00f3n <\/h3>\t\t\t\t<\/div>\n\t\t\t\t<\/div>\n\t\t\t\t<div class=\"elementor-element elementor-element-7fd5c7d2 elementor-widget elementor-widget-text-editor\" data-id=\"7fd5c7d2\" data-element_type=\"widget\" data-e-type=\"widget\" data-widget_type=\"text-editor.default\">\n\t\t\t\t<div class=\"elementor-widget-container\">\n\t\t\t\t\t\t\t\t\t<p>L\u2019<strong>Aljub del Espald\u00f3n<\/strong> (<strong>13<\/strong>) va ser un aljub medieval isl\u00e0mic, constru\u00eft abans del segle XII. Va tenir el seu \u00fas fins que es va construir el nou sistema defensiu del Espald\u00f3n. La muralla del Espald\u00f3n va aprofitar els murs de la cisterna i va instal\u00b7lar la porta colzada sobre el sistema de captaci\u00f3 d&#8217;aigua.<\/p><p>Tot indica que a l&#8217;inutilitzar-se aquest aljub, els musulmans necessitarien un altre magatzem d&#8217;aigua, de manera que van construir un de grans dimensions una mica m\u00e9s al nord: l&#8217;Aljub Gran que veur\u00e9 m\u00e9s endavant.<\/p><p>Al segle XIX aquest espai va ser habilitat com a caserna. Es va ampliar i es van obrir una porta central i dues finestres.<\/p><p>Actualment aquest espai rehabilitat est\u00e0 destinat a sala multiusos culturals.<\/p>\t\t\t\t\t\t\t\t<\/div>\n\t\t\t\t<\/div>\n\t\t\t\t<div class=\"elementor-element elementor-element-59abe61 elementor-widget elementor-widget-image\" data-id=\"59abe61\" data-element_type=\"widget\" data-e-type=\"widget\" data-widget_type=\"image.default\">\n\t\t\t\t<div class=\"elementor-widget-container\">\n\t\t\t\t\t\t\t\t\t\t\t\t<figure class=\"wp-caption\">\n\t\t\t\t\t\t\t\t\t\t<img loading=\"lazy\" decoding=\"async\" width=\"800\" height=\"533\" src=\"https:\/\/www.elturistatranquil.com\/wp-content\/uploads\/F35-Castillo-de-Lorca-1.jpg\" class=\"attachment-large size-large wp-image-16370\" alt=\"\" srcset=\"https:\/\/www.elturistatranquil.com\/wp-content\/uploads\/F35-Castillo-de-Lorca-1.jpg 800w, https:\/\/www.elturistatranquil.com\/wp-content\/uploads\/F35-Castillo-de-Lorca-1-768x512.jpg 768w\" sizes=\"(max-width: 800px) 100vw, 800px\" \/>\t\t\t\t\t\t\t\t\t\t\t<figcaption class=\"widget-image-caption wp-caption-text\"><\/figcaption>\n\t\t\t\t\t\t\t\t\t\t<\/figure>\n\t\t\t\t\t\t\t\t\t<\/div>\n\t\t\t\t<\/div>\n\t\t\t\t<div class=\"elementor-element elementor-element-3fa04cd4 elementor-widget elementor-widget-image\" data-id=\"3fa04cd4\" data-element_type=\"widget\" data-e-type=\"widget\" data-widget_type=\"image.default\">\n\t\t\t\t<div class=\"elementor-widget-container\">\n\t\t\t\t\t\t\t\t\t\t\t\t<figure class=\"wp-caption\">\n\t\t\t\t\t\t\t\t\t\t<img loading=\"lazy\" decoding=\"async\" width=\"800\" height=\"533\" src=\"https:\/\/www.elturistatranquil.com\/wp-content\/uploads\/F36-Castillo-de-Lorca-1.jpg\" class=\"attachment-large size-large wp-image-16372\" alt=\"\" srcset=\"https:\/\/www.elturistatranquil.com\/wp-content\/uploads\/F36-Castillo-de-Lorca-1.jpg 800w, https:\/\/www.elturistatranquil.com\/wp-content\/uploads\/F36-Castillo-de-Lorca-1-768x512.jpg 768w\" sizes=\"(max-width: 800px) 100vw, 800px\" \/>\t\t\t\t\t\t\t\t\t\t\t<figcaption class=\"widget-image-caption wp-caption-text\"><\/figcaption>\n\t\t\t\t\t\t\t\t\t\t<\/figure>\n\t\t\t\t\t\t\t\t\t<\/div>\n\t\t\t\t<\/div>\n\t\t\t\t<div class=\"elementor-element elementor-element-1393f609 elementor-widget elementor-widget-text-editor\" data-id=\"1393f609\" data-element_type=\"widget\" data-e-type=\"widget\" data-widget_type=\"text-editor.default\">\n\t\t\t\t<div class=\"elementor-widget-container\">\n\t\t\t\t\t\t\t\t\t<p>A la porta em rep una <em>Princesa<\/em> preparada per explicar la seva hist\u00f2ria als adolescents del segle XXI.<\/p>\t\t\t\t\t\t\t\t<\/div>\n\t\t\t\t<\/div>\n\t\t\t\t<div class=\"elementor-element elementor-element-175361c4 elementor-widget elementor-widget-image\" data-id=\"175361c4\" data-element_type=\"widget\" data-e-type=\"widget\" data-widget_type=\"image.default\">\n\t\t\t\t<div class=\"elementor-widget-container\">\n\t\t\t\t\t\t\t\t\t\t\t\t<figure class=\"wp-caption\">\n\t\t\t\t\t\t\t\t\t\t<img loading=\"lazy\" decoding=\"async\" width=\"800\" height=\"533\" src=\"https:\/\/www.elturistatranquil.com\/wp-content\/uploads\/F37-Castillo-de-Lorca-1.jpg\" class=\"attachment-large size-large wp-image-16374\" alt=\"\" srcset=\"https:\/\/www.elturistatranquil.com\/wp-content\/uploads\/F37-Castillo-de-Lorca-1.jpg 800w, https:\/\/www.elturistatranquil.com\/wp-content\/uploads\/F37-Castillo-de-Lorca-1-768x512.jpg 768w\" sizes=\"(max-width: 800px) 100vw, 800px\" \/>\t\t\t\t\t\t\t\t\t\t\t<figcaption class=\"widget-image-caption wp-caption-text\"><\/figcaption>\n\t\t\t\t\t\t\t\t\t\t<\/figure>\n\t\t\t\t\t\t\t\t\t<\/div>\n\t\t\t\t<\/div>\n\t\t\t\t<div class=\"elementor-element elementor-element-722c61d9 elementor-widget elementor-widget-menu-anchor\" data-id=\"722c61d9\" data-element_type=\"widget\" data-e-type=\"widget\" data-widget_type=\"menu-anchor.default\">\n\t\t\t\t<div class=\"elementor-widget-container\">\n\t\t\t\t\t\t\t<div class=\"elementor-menu-anchor\" id=\"b3317\"><\/div>\n\t\t\t\t\t\t<\/div>\n\t\t\t\t<\/div>\n\t\t\t\t<div class=\"elementor-element elementor-element-6066c6f1 elementor-widget elementor-widget-image\" data-id=\"6066c6f1\" data-element_type=\"widget\" data-e-type=\"widget\" data-widget_type=\"image.default\">\n\t\t\t\t<div class=\"elementor-widget-container\">\n\t\t\t\t\t\t\t\t\t\t\t\t<figure class=\"wp-caption\">\n\t\t\t\t\t\t\t\t\t\t<img loading=\"lazy\" decoding=\"async\" width=\"800\" height=\"533\" src=\"https:\/\/www.elturistatranquil.com\/wp-content\/uploads\/F38-Castillo-de-Lorca-1.jpg\" class=\"attachment-large size-large wp-image-16376\" alt=\"\" srcset=\"https:\/\/www.elturistatranquil.com\/wp-content\/uploads\/F38-Castillo-de-Lorca-1.jpg 800w, https:\/\/www.elturistatranquil.com\/wp-content\/uploads\/F38-Castillo-de-Lorca-1-768x512.jpg 768w\" sizes=\"(max-width: 800px) 100vw, 800px\" \/>\t\t\t\t\t\t\t\t\t\t\t<figcaption class=\"widget-image-caption wp-caption-text\"><\/figcaption>\n\t\t\t\t\t\t\t\t\t\t<\/figure>\n\t\t\t\t\t\t\t\t\t<\/div>\n\t\t\t\t<\/div>\n\t\t\t\t<div class=\"elementor-element elementor-element-369d457e elementor-widget elementor-widget-heading\" data-id=\"369d457e\" data-element_type=\"widget\" data-e-type=\"widget\" data-widget_type=\"heading.default\">\n\t\t\t\t<div class=\"elementor-widget-container\">\n\t\t\t\t\t<h3 class=\"elementor-heading-title elementor-size-default\">El Rac\u00f3 del Arque\u00f2leg<\/h3>\t\t\t\t<\/div>\n\t\t\t\t<\/div>\n\t\t\t\t<div class=\"elementor-element elementor-element-5ab2fc14 elementor-widget elementor-widget-text-editor\" data-id=\"5ab2fc14\" data-element_type=\"widget\" data-e-type=\"widget\" data-widget_type=\"text-editor.default\">\n\t\t\t\t<div class=\"elementor-widget-container\">\n\t\t\t\t\t\t\t\t\t<p>Als peus de l&#8217;Aljub anterior, i adossat al mur del Espald\u00f3n per la seva cara est, s&#8217;ha constru\u00eft de nova planta un recinte que han anomenat <strong>Rac\u00f3 de l&#8217;Arque\u00f2leg<\/strong> (<strong>14<\/strong>). En ell hi ha disposats en vitrines 4 diorames a mida natural de les diferents etapes del treball d&#8217;una excavaci\u00f3 arqueol\u00f2gica.<\/p><p>Tot i els reflexos que es superposen a les fotografies, m&#8217;ha semblat interessant mostrar parcialment aquests diorames.<\/p>\t\t\t\t\t\t\t\t<\/div>\n\t\t\t\t<\/div>\n\t\t\t\t<div class=\"elementor-element elementor-element-4c01b50c elementor-widget elementor-widget-image\" data-id=\"4c01b50c\" data-element_type=\"widget\" data-e-type=\"widget\" data-widget_type=\"image.default\">\n\t\t\t\t<div class=\"elementor-widget-container\">\n\t\t\t\t\t\t\t\t\t\t\t\t<figure class=\"wp-caption\">\n\t\t\t\t\t\t\t\t\t\t<img loading=\"lazy\" decoding=\"async\" width=\"800\" height=\"533\" src=\"https:\/\/www.elturistatranquil.com\/wp-content\/uploads\/F39-Castillo-de-Lorca-1.jpg\" class=\"attachment-large size-large wp-image-16378\" alt=\"\" srcset=\"https:\/\/www.elturistatranquil.com\/wp-content\/uploads\/F39-Castillo-de-Lorca-1.jpg 800w, https:\/\/www.elturistatranquil.com\/wp-content\/uploads\/F39-Castillo-de-Lorca-1-768x512.jpg 768w\" sizes=\"(max-width: 800px) 100vw, 800px\" \/>\t\t\t\t\t\t\t\t\t\t\t<figcaption class=\"widget-image-caption wp-caption-text\"><\/figcaption>\n\t\t\t\t\t\t\t\t\t\t<\/figure>\n\t\t\t\t\t\t\t\t\t<\/div>\n\t\t\t\t<\/div>\n\t\t\t\t<div class=\"elementor-element elementor-element-51a3ac82 elementor-widget elementor-widget-text-editor\" data-id=\"51a3ac82\" data-element_type=\"widget\" data-e-type=\"widget\" data-widget_type=\"text-editor.default\">\n\t\t\t\t<div class=\"elementor-widget-container\">\n\t\t\t\t\t\t\t\t\t<p><em>Primer cal situar-se\u2026<\/em><\/p>\t\t\t\t\t\t\t\t<\/div>\n\t\t\t\t<\/div>\n\t\t\t\t<div class=\"elementor-element elementor-element-adea9c9 elementor-widget elementor-widget-image\" data-id=\"adea9c9\" data-element_type=\"widget\" data-e-type=\"widget\" data-widget_type=\"image.default\">\n\t\t\t\t<div class=\"elementor-widget-container\">\n\t\t\t\t\t\t\t\t\t\t\t\t<figure class=\"wp-caption\">\n\t\t\t\t\t\t\t\t\t\t<img loading=\"lazy\" decoding=\"async\" width=\"800\" height=\"533\" src=\"https:\/\/www.elturistatranquil.com\/wp-content\/uploads\/F40-Castillo-de-Lorca-1.jpg\" class=\"attachment-large size-large wp-image-16380\" alt=\"\" srcset=\"https:\/\/www.elturistatranquil.com\/wp-content\/uploads\/F40-Castillo-de-Lorca-1.jpg 800w, https:\/\/www.elturistatranquil.com\/wp-content\/uploads\/F40-Castillo-de-Lorca-1-768x512.jpg 768w\" sizes=\"(max-width: 800px) 100vw, 800px\" \/>\t\t\t\t\t\t\t\t\t\t\t<figcaption class=\"widget-image-caption wp-caption-text\"><\/figcaption>\n\t\t\t\t\t\t\t\t\t\t<\/figure>\n\t\t\t\t\t\t\t\t\t<\/div>\n\t\t\t\t<\/div>\n\t\t\t\t<div class=\"elementor-element elementor-element-2f0ffd16 elementor-widget elementor-widget-text-editor\" data-id=\"2f0ffd16\" data-element_type=\"widget\" data-e-type=\"widget\" data-widget_type=\"text-editor.default\">\n\t\t\t\t<div class=\"elementor-widget-container\">\n\t\t\t\t\t\t\t\t\t<p><em>&#8230; despr\u00e9s excavar i treure les restes amb compte &#8230;<\/em><\/p>\t\t\t\t\t\t\t\t<\/div>\n\t\t\t\t<\/div>\n\t\t\t\t<div class=\"elementor-element elementor-element-68c95bcb elementor-widget elementor-widget-image\" data-id=\"68c95bcb\" data-element_type=\"widget\" data-e-type=\"widget\" data-widget_type=\"image.default\">\n\t\t\t\t<div class=\"elementor-widget-container\">\n\t\t\t\t\t\t\t\t\t\t\t\t<figure class=\"wp-caption\">\n\t\t\t\t\t\t\t\t\t\t<img loading=\"lazy\" decoding=\"async\" width=\"800\" height=\"533\" src=\"https:\/\/www.elturistatranquil.com\/wp-content\/uploads\/F41-Castillo-de-Lorca-1.jpg\" class=\"attachment-large size-large wp-image-16382\" alt=\"\" srcset=\"https:\/\/www.elturistatranquil.com\/wp-content\/uploads\/F41-Castillo-de-Lorca-1.jpg 800w, https:\/\/www.elturistatranquil.com\/wp-content\/uploads\/F41-Castillo-de-Lorca-1-768x512.jpg 768w\" sizes=\"(max-width: 800px) 100vw, 800px\" \/>\t\t\t\t\t\t\t\t\t\t\t<figcaption class=\"widget-image-caption wp-caption-text\"><\/figcaption>\n\t\t\t\t\t\t\t\t\t\t<\/figure>\n\t\t\t\t\t\t\t\t\t<\/div>\n\t\t\t\t<\/div>\n\t\t\t\t<div class=\"elementor-element elementor-element-6e78e104 elementor-widget elementor-widget-text-editor\" data-id=\"6e78e104\" data-element_type=\"widget\" data-e-type=\"widget\" data-widget_type=\"text-editor.default\">\n\t\t\t\t<div class=\"elementor-widget-container\">\n\t\t\t\t\t\t\t\t\t<p><em>&#8230; despr\u00e9s estudiar amb detall &#8230;<\/em><\/p>\t\t\t\t\t\t\t\t<\/div>\n\t\t\t\t<\/div>\n\t\t\t\t<div class=\"elementor-element elementor-element-958dfff elementor-widget elementor-widget-image\" data-id=\"958dfff\" data-element_type=\"widget\" data-e-type=\"widget\" data-widget_type=\"image.default\">\n\t\t\t\t<div class=\"elementor-widget-container\">\n\t\t\t\t\t\t\t\t\t\t\t\t<figure class=\"wp-caption\">\n\t\t\t\t\t\t\t\t\t\t<img loading=\"lazy\" decoding=\"async\" width=\"800\" height=\"533\" src=\"https:\/\/www.elturistatranquil.com\/wp-content\/uploads\/F42-Castillo-de-Lorca-1.jpg\" class=\"attachment-large size-large wp-image-16384\" alt=\"\" srcset=\"https:\/\/www.elturistatranquil.com\/wp-content\/uploads\/F42-Castillo-de-Lorca-1.jpg 800w, https:\/\/www.elturistatranquil.com\/wp-content\/uploads\/F42-Castillo-de-Lorca-1-768x512.jpg 768w\" sizes=\"(max-width: 800px) 100vw, 800px\" \/>\t\t\t\t\t\t\t\t\t\t\t<figcaption class=\"widget-image-caption wp-caption-text\"><\/figcaption>\n\t\t\t\t\t\t\t\t\t\t<\/figure>\n\t\t\t\t\t\t\t\t\t<\/div>\n\t\t\t\t<\/div>\n\t\t\t\t<div class=\"elementor-element elementor-element-5879baec elementor-widget elementor-widget-text-editor\" data-id=\"5879baec\" data-element_type=\"widget\" data-e-type=\"widget\" data-widget_type=\"text-editor.default\">\n\t\t\t\t<div class=\"elementor-widget-container\">\n\t\t\t\t\t\t\t\t\t<p><em>&#8230; i al final, de vegades, calia restaurar.<\/em><\/p>\t\t\t\t\t\t\t\t<\/div>\n\t\t\t\t<\/div>\n\t\t\t\t<div class=\"elementor-element elementor-element-29ee7a01 elementor-widget elementor-widget-menu-anchor\" data-id=\"29ee7a01\" data-element_type=\"widget\" data-e-type=\"widget\" data-widget_type=\"menu-anchor.default\">\n\t\t\t\t<div class=\"elementor-widget-container\">\n\t\t\t\t\t\t\t<div class=\"elementor-menu-anchor\" id=\"b3318\"><\/div>\n\t\t\t\t\t\t<\/div>\n\t\t\t\t<\/div>\n\t\t\t\t<div class=\"elementor-element elementor-element-71349c33 elementor-widget elementor-widget-image\" data-id=\"71349c33\" data-element_type=\"widget\" data-e-type=\"widget\" data-widget_type=\"image.default\">\n\t\t\t\t<div class=\"elementor-widget-container\">\n\t\t\t\t\t\t\t\t\t\t\t\t<figure class=\"wp-caption\">\n\t\t\t\t\t\t\t\t\t\t<img loading=\"lazy\" decoding=\"async\" width=\"800\" height=\"533\" src=\"https:\/\/www.elturistatranquil.com\/wp-content\/uploads\/F43-Castillo-de-Lorca-1.jpg\" class=\"attachment-large size-large wp-image-16386\" alt=\"\" srcset=\"https:\/\/www.elturistatranquil.com\/wp-content\/uploads\/F43-Castillo-de-Lorca-1.jpg 800w, https:\/\/www.elturistatranquil.com\/wp-content\/uploads\/F43-Castillo-de-Lorca-1-768x512.jpg 768w\" sizes=\"(max-width: 800px) 100vw, 800px\" \/>\t\t\t\t\t\t\t\t\t\t\t<figcaption class=\"widget-image-caption wp-caption-text\"><\/figcaption>\n\t\t\t\t\t\t\t\t\t\t<\/figure>\n\t\t\t\t\t\t\t\t\t<\/div>\n\t\t\t\t<\/div>\n\t\t\t\t<div class=\"elementor-element elementor-element-40b9c680 elementor-widget elementor-widget-heading\" data-id=\"40b9c680\" data-element_type=\"widget\" data-e-type=\"widget\" data-widget_type=\"heading.default\">\n\t\t\t\t<div class=\"elementor-widget-container\">\n\t\t\t\t\t<h3 class=\"elementor-heading-title elementor-size-default\">L\u2019Aljub Gran<\/h3>\t\t\t\t<\/div>\n\t\t\t\t<\/div>\n\t\t\t\t<div class=\"elementor-element elementor-element-409c8976 elementor-widget elementor-widget-text-editor\" data-id=\"409c8976\" data-element_type=\"widget\" data-e-type=\"widget\" data-widget_type=\"text-editor.default\">\n\t\t\t\t<div class=\"elementor-widget-container\">\n\t\t\t\t\t\t\t\t\t<p>Prossegueixo cap al <strong>Aljub Gran<\/strong> (<strong>15<\/strong>), d&#8217;origen musulm\u00e0, situat al costat de la muralla.<\/p><p>Com el nom que se li ha donat vol indicar, \u00e9s un dip\u00f2sit de grans dimensions de 12,80 x 25,20 metres exteriors, amb una al\u00e7ada de voltes de m\u00e9s de 3 metres.<\/p><p>L&#8217;aljub va ser concebut exempt al costat d&#8217;una zona pr\u00f2xima al lateral roc\u00f3s on no hi havia muralla. Quan l&#8217;alcassaba va passar a mans castellanes es va construir adossat al tancament septentrional de l&#8217;aljub un llen\u00e7 de muralla de ma\u00e7oneria.<\/p>\t\t\t\t\t\t\t\t<\/div>\n\t\t\t\t<\/div>\n\t\t\t\t<div class=\"elementor-element elementor-element-2f23a058 elementor-widget elementor-widget-image\" data-id=\"2f23a058\" data-element_type=\"widget\" data-e-type=\"widget\" data-widget_type=\"image.default\">\n\t\t\t\t<div class=\"elementor-widget-container\">\n\t\t\t\t\t\t\t\t\t\t\t\t<figure class=\"wp-caption\">\n\t\t\t\t\t\t\t\t\t\t<img loading=\"lazy\" decoding=\"async\" width=\"800\" height=\"533\" src=\"https:\/\/www.elturistatranquil.com\/wp-content\/uploads\/F44-Castillo-de-Lorca-1.jpg\" class=\"attachment-large size-large wp-image-16388\" alt=\"\" srcset=\"https:\/\/www.elturistatranquil.com\/wp-content\/uploads\/F44-Castillo-de-Lorca-1.jpg 800w, https:\/\/www.elturistatranquil.com\/wp-content\/uploads\/F44-Castillo-de-Lorca-1-768x512.jpg 768w\" sizes=\"(max-width: 800px) 100vw, 800px\" \/>\t\t\t\t\t\t\t\t\t\t\t<figcaption class=\"widget-image-caption wp-caption-text\"><\/figcaption>\n\t\t\t\t\t\t\t\t\t\t<\/figure>\n\t\t\t\t\t\t\t\t\t<\/div>\n\t\t\t\t<\/div>\n\t\t\t\t<div class=\"elementor-element elementor-element-335a579c elementor-widget elementor-widget-image\" data-id=\"335a579c\" data-element_type=\"widget\" data-e-type=\"widget\" data-widget_type=\"image.default\">\n\t\t\t\t<div class=\"elementor-widget-container\">\n\t\t\t\t\t\t\t\t\t\t\t\t<figure class=\"wp-caption\">\n\t\t\t\t\t\t\t\t\t\t<img loading=\"lazy\" decoding=\"async\" width=\"800\" height=\"533\" src=\"https:\/\/www.elturistatranquil.com\/wp-content\/uploads\/F45-Castillo-de-Lorca-1.jpg\" class=\"attachment-large size-large wp-image-16390\" alt=\"\" srcset=\"https:\/\/www.elturistatranquil.com\/wp-content\/uploads\/F45-Castillo-de-Lorca-1.jpg 800w, https:\/\/www.elturistatranquil.com\/wp-content\/uploads\/F45-Castillo-de-Lorca-1-768x512.jpg 768w\" sizes=\"(max-width: 800px) 100vw, 800px\" \/>\t\t\t\t\t\t\t\t\t\t\t<figcaption class=\"widget-image-caption wp-caption-text\"><\/figcaption>\n\t\t\t\t\t\t\t\t\t\t<\/figure>\n\t\t\t\t\t\t\t\t\t<\/div>\n\t\t\t\t<\/div>\n\t\t\t\t<div class=\"elementor-element elementor-element-701fa3ec elementor-widget elementor-widget-text-editor\" data-id=\"701fa3ec\" data-element_type=\"widget\" data-e-type=\"widget\" data-widget_type=\"text-editor.default\">\n\t\t\t\t<div class=\"elementor-widget-container\">\n\t\t\t\t\t\t\t\t\t<p>El sostre est\u00e0 sostingut per set murs amb dos arcuacions de mig punt en cada un, el que configura vuit naus rectangulars amb voltes de mig can\u00f3.<\/p>\t\t\t\t\t\t\t\t<\/div>\n\t\t\t\t<\/div>\n\t\t\t\t<div class=\"elementor-element elementor-element-60d935cc elementor-widget elementor-widget-image\" data-id=\"60d935cc\" data-element_type=\"widget\" data-e-type=\"widget\" data-widget_type=\"image.default\">\n\t\t\t\t<div class=\"elementor-widget-container\">\n\t\t\t\t\t\t\t\t\t\t\t\t<figure class=\"wp-caption\">\n\t\t\t\t\t\t\t\t\t\t<img loading=\"lazy\" decoding=\"async\" width=\"800\" height=\"533\" src=\"https:\/\/www.elturistatranquil.com\/wp-content\/uploads\/F46-Castillo-de-Lorca-1.jpg\" class=\"attachment-large size-large wp-image-16392\" alt=\"\" srcset=\"https:\/\/www.elturistatranquil.com\/wp-content\/uploads\/F46-Castillo-de-Lorca-1.jpg 800w, https:\/\/www.elturistatranquil.com\/wp-content\/uploads\/F46-Castillo-de-Lorca-1-768x512.jpg 768w\" sizes=\"(max-width: 800px) 100vw, 800px\" \/>\t\t\t\t\t\t\t\t\t\t\t<figcaption class=\"widget-image-caption wp-caption-text\"><\/figcaption>\n\t\t\t\t\t\t\t\t\t\t<\/figure>\n\t\t\t\t\t\t\t\t\t<\/div>\n\t\t\t\t<\/div>\n\t\t\t\t<div class=\"elementor-element elementor-element-54697424 elementor-widget elementor-widget-image\" data-id=\"54697424\" data-element_type=\"widget\" data-e-type=\"widget\" data-widget_type=\"image.default\">\n\t\t\t\t<div class=\"elementor-widget-container\">\n\t\t\t\t\t\t\t\t\t\t\t\t<figure class=\"wp-caption\">\n\t\t\t\t\t\t\t\t\t\t<img loading=\"lazy\" decoding=\"async\" width=\"800\" height=\"533\" src=\"https:\/\/www.elturistatranquil.com\/wp-content\/uploads\/F47-Castillo-de-Lorca-1.jpg\" class=\"attachment-large size-large wp-image-16394\" alt=\"\" srcset=\"https:\/\/www.elturistatranquil.com\/wp-content\/uploads\/F47-Castillo-de-Lorca-1.jpg 800w, https:\/\/www.elturistatranquil.com\/wp-content\/uploads\/F47-Castillo-de-Lorca-1-768x512.jpg 768w\" sizes=\"(max-width: 800px) 100vw, 800px\" \/>\t\t\t\t\t\t\t\t\t\t\t<figcaption class=\"widget-image-caption wp-caption-text\"><\/figcaption>\n\t\t\t\t\t\t\t\t\t\t<\/figure>\n\t\t\t\t\t\t\t\t\t<\/div>\n\t\t\t\t<\/div>\n\t\t\t\t<div class=\"elementor-element elementor-element-765b1b57 elementor-widget elementor-widget-image\" data-id=\"765b1b57\" data-element_type=\"widget\" data-e-type=\"widget\" data-widget_type=\"image.default\">\n\t\t\t\t<div class=\"elementor-widget-container\">\n\t\t\t\t\t\t\t\t\t\t\t\t<figure class=\"wp-caption\">\n\t\t\t\t\t\t\t\t\t\t<img loading=\"lazy\" decoding=\"async\" width=\"800\" height=\"533\" src=\"https:\/\/www.elturistatranquil.com\/wp-content\/uploads\/F48-Castillo-de-Lorca-1.jpg\" class=\"attachment-large size-large wp-image-16396\" alt=\"\" srcset=\"https:\/\/www.elturistatranquil.com\/wp-content\/uploads\/F48-Castillo-de-Lorca-1.jpg 800w, https:\/\/www.elturistatranquil.com\/wp-content\/uploads\/F48-Castillo-de-Lorca-1-768x512.jpg 768w\" sizes=\"(max-width: 800px) 100vw, 800px\" \/>\t\t\t\t\t\t\t\t\t\t\t<figcaption class=\"widget-image-caption wp-caption-text\"><\/figcaption>\n\t\t\t\t\t\t\t\t\t\t<\/figure>\n\t\t\t\t\t\t\t\t\t<\/div>\n\t\t\t\t<\/div>\n\t\t\t\t<div class=\"elementor-element elementor-element-86935fc elementor-widget elementor-widget-menu-anchor\" data-id=\"86935fc\" data-element_type=\"widget\" data-e-type=\"widget\" data-widget_type=\"menu-anchor.default\">\n\t\t\t\t<div class=\"elementor-widget-container\">\n\t\t\t\t\t\t\t<div class=\"elementor-menu-anchor\" id=\"b3319\"><\/div>\n\t\t\t\t\t\t<\/div>\n\t\t\t\t<\/div>\n\t\t\t\t<div class=\"elementor-element elementor-element-1cfe6c0c elementor-widget elementor-widget-text-editor\" data-id=\"1cfe6c0c\" data-element_type=\"widget\" data-e-type=\"widget\" data-widget_type=\"text-editor.default\">\n\t\t\t\t<div class=\"elementor-widget-container\">\n\t\t\t\t\t\t\t\t\t<p>En el seu interior s&#8217;ha instal\u00b7lat una exposici\u00f3 permanent que reflecteix les dues cultures dominants en la hist\u00f2ria de Lorca: La musulmana i la cristiana. I tamb\u00e9 grans personatges relacionats amb el Castell.<\/p><p>Al costat del Aljub s&#8217;han habilitat dos espais de representaci\u00f3: el <em>Hortus conclusus<\/em> i l&#8217;espai de <em>El Aquimista<\/em>.<\/p>\t\t\t\t\t\t\t\t<\/div>\n\t\t\t\t<\/div>\n\t\t\t\t<div class=\"elementor-element elementor-element-5a60d3f0 elementor-widget elementor-widget-heading\" data-id=\"5a60d3f0\" data-element_type=\"widget\" data-e-type=\"widget\" data-widget_type=\"heading.default\">\n\t\t\t\t<div class=\"elementor-widget-container\">\n\t\t\t\t\t<h3 class=\"elementor-heading-title elementor-size-default\">El Hortus conclusus<\/h3>\t\t\t\t<\/div>\n\t\t\t\t<\/div>\n\t\t\t\t<div class=\"elementor-element elementor-element-52f08e48 elementor-widget elementor-widget-text-editor\" data-id=\"52f08e48\" data-element_type=\"widget\" data-e-type=\"widget\" data-widget_type=\"text-editor.default\">\n\t\t\t\t<div class=\"elementor-widget-container\">\n\t\t\t\t\t\t\t\t\t<p>A les fortaleses medievals militars no existien jardins, per\u00f2 s\u00ed petits <strong>horts<\/strong> (<strong>16<\/strong>) per al prove\u00efment de la tropa. Es plantaven alguns fruiters, hortalisses i esp\u00e8cies medicinals i condiment\u00e0ries, gaireb\u00e9 totes arom\u00e0tiques.<\/p><p>Aquests horts estaven lleugerament elevats sobre el terreny mitjan\u00e7ant l&#8217;aportaci\u00f3 de terra, a causa de l&#8217;escassetat de s\u00f2l f\u00e8rtil. El per\u00edmetre de cada parcel\u00b7la es protegia de l&#8217;erosi\u00f3 mitjan\u00e7ant murets de pedra o branques entrella\u00e7ades.<\/p>\t\t\t\t\t\t\t\t<\/div>\n\t\t\t\t<\/div>\n\t\t\t\t<div class=\"elementor-element elementor-element-73798ae7 elementor-widget elementor-widget-menu-anchor\" data-id=\"73798ae7\" data-element_type=\"widget\" data-e-type=\"widget\" data-widget_type=\"menu-anchor.default\">\n\t\t\t\t<div class=\"elementor-widget-container\">\n\t\t\t\t\t\t\t<div class=\"elementor-menu-anchor\" id=\"b3320\"><\/div>\n\t\t\t\t\t\t<\/div>\n\t\t\t\t<\/div>\n\t\t\t\t<div class=\"elementor-element elementor-element-7706d420 elementor-widget elementor-widget-image\" data-id=\"7706d420\" data-element_type=\"widget\" data-e-type=\"widget\" data-widget_type=\"image.default\">\n\t\t\t\t<div class=\"elementor-widget-container\">\n\t\t\t\t\t\t\t\t\t\t\t\t<figure class=\"wp-caption\">\n\t\t\t\t\t\t\t\t\t\t<img loading=\"lazy\" decoding=\"async\" width=\"800\" height=\"533\" src=\"https:\/\/www.elturistatranquil.com\/wp-content\/uploads\/F49-Castillo-de-Lorca-1.jpg\" class=\"attachment-large size-large wp-image-16398\" alt=\"\" srcset=\"https:\/\/www.elturistatranquil.com\/wp-content\/uploads\/F49-Castillo-de-Lorca-1.jpg 800w, https:\/\/www.elturistatranquil.com\/wp-content\/uploads\/F49-Castillo-de-Lorca-1-768x512.jpg 768w\" sizes=\"(max-width: 800px) 100vw, 800px\" \/>\t\t\t\t\t\t\t\t\t\t\t<figcaption class=\"widget-image-caption wp-caption-text\"><\/figcaption>\n\t\t\t\t\t\t\t\t\t\t<\/figure>\n\t\t\t\t\t\t\t\t\t<\/div>\n\t\t\t\t<\/div>\n\t\t\t\t<div class=\"elementor-element elementor-element-698cdc8c elementor-widget elementor-widget-heading\" data-id=\"698cdc8c\" data-element_type=\"widget\" data-e-type=\"widget\" data-widget_type=\"heading.default\">\n\t\t\t\t<div class=\"elementor-widget-container\">\n\t\t\t\t\t<h3 class=\"elementor-heading-title elementor-size-default\">El Alquimista<\/h3>\t\t\t\t<\/div>\n\t\t\t\t<\/div>\n\t\t\t\t<div class=\"elementor-element elementor-element-36287ed6 elementor-widget elementor-widget-text-editor\" data-id=\"36287ed6\" data-element_type=\"widget\" data-e-type=\"widget\" data-widget_type=\"text-editor.default\">\n\t\t\t\t<div class=\"elementor-widget-container\">\n\t\t\t\t\t\t\t\t\t<p>Al costat es presenta el territori de <strong>El Alquimista<\/strong> (<strong>17<\/strong>).<\/p><p>Provinent de la cultura \u00e0rab, l&#8217;alqu\u00edmia apareix en la cultura llatina occidental a partir del segle XII. Els alquimistes s\u00f3n persones que atresoren un saber, meitat pr\u00e0ctic i meitat filos\u00f2fic, l&#8217;objectiu fonamental seria transformar i perfeccionar la mat\u00e8ria.<\/p><p>Els alquimistes solien treballar en laboratoris ocults al p\u00fablic, que els garantia el misteri i la discreci\u00f3 i el protegien de les protestes dels ve\u00efns pel fum, el soroll i les pudors.<\/p>\t\t\t\t\t\t\t\t<\/div>\n\t\t\t\t<\/div>\n\t\t\t\t<div class=\"elementor-element elementor-element-8840d84 elementor-widget elementor-widget-menu-anchor\" data-id=\"8840d84\" data-element_type=\"widget\" data-e-type=\"widget\" data-widget_type=\"menu-anchor.default\">\n\t\t\t\t<div class=\"elementor-widget-container\">\n\t\t\t\t\t\t\t<div class=\"elementor-menu-anchor\" id=\"b3321\"><\/div>\n\t\t\t\t\t\t<\/div>\n\t\t\t\t<\/div>\n\t\t\t\t<div class=\"elementor-element elementor-element-3e419086 elementor-widget elementor-widget-image\" data-id=\"3e419086\" data-element_type=\"widget\" data-e-type=\"widget\" data-widget_type=\"image.default\">\n\t\t\t\t<div class=\"elementor-widget-container\">\n\t\t\t\t\t\t\t\t\t\t\t\t<figure class=\"wp-caption\">\n\t\t\t\t\t\t\t\t\t\t<img loading=\"lazy\" decoding=\"async\" width=\"800\" height=\"533\" src=\"https:\/\/www.elturistatranquil.com\/wp-content\/uploads\/F50-Castillo-de-Lorca-1.jpg\" class=\"attachment-large size-large wp-image-16400\" alt=\"\" srcset=\"https:\/\/www.elturistatranquil.com\/wp-content\/uploads\/F50-Castillo-de-Lorca-1.jpg 800w, https:\/\/www.elturistatranquil.com\/wp-content\/uploads\/F50-Castillo-de-Lorca-1-768x512.jpg 768w\" sizes=\"(max-width: 800px) 100vw, 800px\" \/>\t\t\t\t\t\t\t\t\t\t\t<figcaption class=\"widget-image-caption wp-caption-text\"><\/figcaption>\n\t\t\t\t\t\t\t\t\t\t<\/figure>\n\t\t\t\t\t\t\t\t\t<\/div>\n\t\t\t\t<\/div>\n\t\t\t\t<div class=\"elementor-element elementor-element-7b8cabbf elementor-widget elementor-widget-heading\" data-id=\"7b8cabbf\" data-element_type=\"widget\" data-e-type=\"widget\" data-widget_type=\"heading.default\">\n\t\t\t\t<div class=\"elementor-widget-container\">\n\t\t\t\t\t<h3 class=\"elementor-heading-title elementor-size-default\">La Jueria <\/h3>\t\t\t\t<\/div>\n\t\t\t\t<\/div>\n\t\t\t\t<div class=\"elementor-element elementor-element-1d93288d elementor-widget elementor-widget-text-editor\" data-id=\"1d93288d\" data-element_type=\"widget\" data-e-type=\"widget\" data-widget_type=\"text-editor.default\">\n\t\t\t\t<div class=\"elementor-widget-container\">\n\t\t\t\t\t\t\t\t\t<p>Al final del cam\u00ed, a la part m\u00e9s oriental del recinte accessible, se situa el punt de trobada (<strong>18<\/strong>) per accedir a la visita guiada a la Jueria. El m\u00e9s probable \u00e9s que el recorregut que estic descrivint en aquest Post hagi d\u2019adequar-se als horaris d&#8217;aquesta visita i la de la Torre Alfonsina. Les entrades per a aquestes visites hem d\u2019haver-les comprat en el moment de l&#8217;arribada.<\/p><p>Traspassada la porta d&#8217;acc\u00e9s, al costat de la qual s&#8217;ha habilitat una edificaci\u00f3 amb serveis p\u00fablics, s&#8217;accedeix de fet al recinte del Parador de Turisme, en la part inferior es troba la jueria.<\/p><p>\u00a0Sobrevolant aquest conjunt tenim el gran edifici del Parador (<strong>P<\/strong>). Recordar que l&#8217;entramat met\u00e0l\u00b7lic que envolta l&#8217;edifici principal es va afegir en el moment de la construcci\u00f3 despr\u00e9s del terratr\u00e8mol de 2011 per garantir l&#8217;edifici de moviments s\u00edsmics. A la base es distingeixen les primeres restes del call. A la dreta la tanca que limita el terreny del Parador.<\/p>\t\t\t\t\t\t\t\t<\/div>\n\t\t\t\t<\/div>\n\t\t\t\t<div class=\"elementor-element elementor-element-67114956 elementor-widget elementor-widget-image\" data-id=\"67114956\" data-element_type=\"widget\" data-e-type=\"widget\" data-widget_type=\"image.default\">\n\t\t\t\t<div class=\"elementor-widget-container\">\n\t\t\t\t\t\t\t\t\t\t\t\t<figure class=\"wp-caption\">\n\t\t\t\t\t\t\t\t\t\t<img loading=\"lazy\" decoding=\"async\" width=\"800\" height=\"533\" src=\"https:\/\/www.elturistatranquil.com\/wp-content\/uploads\/F51-Castillo-de-Lorca-1.jpg\" class=\"attachment-large size-large wp-image-16402\" alt=\"\" srcset=\"https:\/\/www.elturistatranquil.com\/wp-content\/uploads\/F51-Castillo-de-Lorca-1.jpg 800w, https:\/\/www.elturistatranquil.com\/wp-content\/uploads\/F51-Castillo-de-Lorca-1-768x512.jpg 768w\" sizes=\"(max-width: 800px) 100vw, 800px\" \/>\t\t\t\t\t\t\t\t\t\t\t<figcaption class=\"widget-image-caption wp-caption-text\"><\/figcaption>\n\t\t\t\t\t\t\t\t\t\t<\/figure>\n\t\t\t\t\t\t\t\t\t<\/div>\n\t\t\t\t<\/div>\n\t\t\t\t<div class=\"elementor-element elementor-element-3da01461 elementor-widget elementor-widget-text-editor\" data-id=\"3da01461\" data-element_type=\"widget\" data-e-type=\"widget\" data-widget_type=\"text-editor.default\">\n\t\t\t\t<div class=\"elementor-widget-container\">\n\t\t\t\t\t\t\t\t\t<p>La <strong>jueria baix medieval<\/strong> (<strong>19<\/strong>) del Castell de Lorca va sortir a la llum arran de les obres que es van realitzar per a la construcci\u00f3 del Parador el 2003. S&#8217;est\u00e9n des dels baixos de l&#8217;edifici, que havien de ser l&#8217;aparcament del Parador, fins als l\u00edmits de la muralla nord-est.<\/p><p>\u00a0En general, els calls apareixen com recintes tancats en el si de les ciutats on s&#8217;estableixen. En el cas de Lorca, van ocupar una part de l&#8217;alcassaba, el barri d&#8217;Alcal\u00e1, on, alhora que quedava protegida pel murs del Castell restaven controlats en aquesta al\u00e7ada.<\/p><p>\u00a0En el seu si es constitu\u00efa una <em>aljama<\/em> amb certa autonomia i regint-se per les seves pr\u00f2pies normes conforme a les seves creences religioses. El call de Lorca depenia de l&#8217;aljama de M\u00farcia.<\/p><p>\u00a0La pres\u00e8ncia de jueus a Lorca se situa al segle XIII, en el moment de la conquesta i la repoblaci\u00f3 alfonsina, sense que s&#8217;hagi pogut precisar amb exactitud el moment de la ubicaci\u00f3 del call a l&#8217;interior del Castell, encara que les refer\u00e8ncies documentals s\u00f3n nombroses a partir de 1412.<\/p><p>La jueria no est\u00e0 clar si ocupa tot l&#8217;extrem oriental, ja que en el seu extrem es troben les ru\u00efnes de l&#8217;ermita de San Clemente, que no es visiten.<\/p><p>En el recorregut, s&#8217;entra al call pel seu recinte residencial.<\/p>\t\t\t\t\t\t\t\t<\/div>\n\t\t\t\t<\/div>\n\t\t\t\t<div class=\"elementor-element elementor-element-4db53b8 elementor-widget elementor-widget-image\" data-id=\"4db53b8\" data-element_type=\"widget\" data-e-type=\"widget\" data-widget_type=\"image.default\">\n\t\t\t\t<div class=\"elementor-widget-container\">\n\t\t\t\t\t\t\t\t\t\t\t\t<figure class=\"wp-caption\">\n\t\t\t\t\t\t\t\t\t\t<img loading=\"lazy\" decoding=\"async\" width=\"660\" height=\"550\" src=\"https:\/\/www.elturistatranquil.com\/wp-content\/uploads\/F52-Castillo-de-Lorca-Juderia-Gallardo-Gonzalez-p116-1.jpg\" class=\"attachment-large size-large wp-image-16404\" alt=\"\" \/>\t\t\t\t\t\t\t\t\t\t\t<figcaption class=\"widget-image-caption wp-caption-text\">(Font: Gallardo \u2013 Gonz\u00e1lez, p. 116)<\/figcaption>\n\t\t\t\t\t\t\t\t\t\t<\/figure>\n\t\t\t\t\t\t\t\t\t<\/div>\n\t\t\t\t<\/div>\n\t\t\t\t<div class=\"elementor-element elementor-element-7167bcae elementor-widget elementor-widget-image\" data-id=\"7167bcae\" data-element_type=\"widget\" data-e-type=\"widget\" data-widget_type=\"image.default\">\n\t\t\t\t<div class=\"elementor-widget-container\">\n\t\t\t\t\t\t\t\t\t\t\t\t<figure class=\"wp-caption\">\n\t\t\t\t\t\t\t\t\t\t<img loading=\"lazy\" decoding=\"async\" width=\"800\" height=\"533\" src=\"https:\/\/www.elturistatranquil.com\/wp-content\/uploads\/F53-Castillo-de-Lorca-Juderia-1.jpg\" class=\"attachment-large size-large wp-image-16406\" alt=\"\" srcset=\"https:\/\/www.elturistatranquil.com\/wp-content\/uploads\/F53-Castillo-de-Lorca-Juderia-1.jpg 800w, https:\/\/www.elturistatranquil.com\/wp-content\/uploads\/F53-Castillo-de-Lorca-Juderia-1-768x512.jpg 768w\" sizes=\"(max-width: 800px) 100vw, 800px\" \/>\t\t\t\t\t\t\t\t\t\t\t<figcaption class=\"widget-image-caption wp-caption-text\"><\/figcaption>\n\t\t\t\t\t\t\t\t\t\t<\/figure>\n\t\t\t\t\t\t\t\t\t<\/div>\n\t\t\t\t<\/div>\n\t\t\t\t<div class=\"elementor-element elementor-element-174459ee elementor-widget elementor-widget-text-editor\" data-id=\"174459ee\" data-element_type=\"widget\" data-e-type=\"widget\" data-widget_type=\"text-editor.default\">\n\t\t\t\t<div class=\"elementor-widget-container\">\n\t\t\t\t\t\t\t\t\t<p>A trav\u00e9s de les restes de les cases s&#8217;arriba als baixos de l&#8217;edifici del Parador, en el que havia de ser l&#8217;aparcament. En el seu interior es localitzen dos espais significatius. A la dreta les restes de la Casa VII i a l&#8217;esquerra la Sinagoga.<\/p><p>La <strong>Casa VII<\/strong> (<strong>20<\/strong>) est\u00e0 formada per un gran sal\u00f3, diverses sales, la cuina, amb un espai per a l&#8217;emmagatzematge d&#8217;aliments, peces pertanyents a l&#8217;aixovar de l&#8217;habitatge i una gran tina, aix\u00ed com un estable al qual s&#8217;accedia per una porta diferenciada.<\/p>\t\t\t\t\t\t\t\t<\/div>\n\t\t\t\t<\/div>\n\t\t\t\t<div class=\"elementor-element elementor-element-431819a elementor-widget elementor-widget-image\" data-id=\"431819a\" data-element_type=\"widget\" data-e-type=\"widget\" data-widget_type=\"image.default\">\n\t\t\t\t<div class=\"elementor-widget-container\">\n\t\t\t\t\t\t\t\t\t\t\t\t<figure class=\"wp-caption\">\n\t\t\t\t\t\t\t\t\t\t<img loading=\"lazy\" decoding=\"async\" width=\"571\" height=\"550\" src=\"https:\/\/www.elturistatranquil.com\/wp-content\/uploads\/F54-Castillo-de-Lorca-Juderia-1.jpg\" class=\"attachment-large size-large wp-image-16408\" alt=\"\" \/>\t\t\t\t\t\t\t\t\t\t\t<figcaption class=\"widget-image-caption wp-caption-text\">Espai 1: Galeria; Espai 2: Galeria; Espai 3: Vest\u00edbul; Espai 4: Cuina; Espai 5: Gran sal\u00f3; Espai 6: Sala; Espai 7: Estable; Espai 8: Habitaci\u00f3<\/figcaption>\n\t\t\t\t\t\t\t\t\t\t<\/figure>\n\t\t\t\t\t\t\t\t\t<\/div>\n\t\t\t\t<\/div>\n\t\t\t\t<div class=\"elementor-element elementor-element-4803ae9c elementor-widget elementor-widget-image\" data-id=\"4803ae9c\" data-element_type=\"widget\" data-e-type=\"widget\" data-widget_type=\"image.default\">\n\t\t\t\t<div class=\"elementor-widget-container\">\n\t\t\t\t\t\t\t\t\t\t\t\t<figure class=\"wp-caption\">\n\t\t\t\t\t\t\t\t\t\t<img loading=\"lazy\" decoding=\"async\" width=\"800\" height=\"533\" src=\"https:\/\/www.elturistatranquil.com\/wp-content\/uploads\/F55-Castillo-de-Lorca-Juderia-1.jpg\" class=\"attachment-large size-large wp-image-16410\" alt=\"\" srcset=\"https:\/\/www.elturistatranquil.com\/wp-content\/uploads\/F55-Castillo-de-Lorca-Juderia-1.jpg 800w, https:\/\/www.elturistatranquil.com\/wp-content\/uploads\/F55-Castillo-de-Lorca-Juderia-1-768x512.jpg 768w\" sizes=\"(max-width: 800px) 100vw, 800px\" \/>\t\t\t\t\t\t\t\t\t\t\t<figcaption class=\"widget-image-caption wp-caption-text\"><\/figcaption>\n\t\t\t\t\t\t\t\t\t\t<\/figure>\n\t\t\t\t\t\t\t\t\t<\/div>\n\t\t\t\t<\/div>\n\t\t\t\t<div class=\"elementor-element elementor-element-35fff7f4 elementor-widget elementor-widget-image\" data-id=\"35fff7f4\" data-element_type=\"widget\" data-e-type=\"widget\" data-widget_type=\"image.default\">\n\t\t\t\t<div class=\"elementor-widget-container\">\n\t\t\t\t\t\t\t\t\t\t\t\t<figure class=\"wp-caption\">\n\t\t\t\t\t\t\t\t\t\t<img loading=\"lazy\" decoding=\"async\" width=\"800\" height=\"533\" src=\"https:\/\/www.elturistatranquil.com\/wp-content\/uploads\/F56-Castillo-de-Lorca-Juderia-1.jpg\" class=\"attachment-large size-large wp-image-16412\" alt=\"\" srcset=\"https:\/\/www.elturistatranquil.com\/wp-content\/uploads\/F56-Castillo-de-Lorca-Juderia-1.jpg 800w, https:\/\/www.elturistatranquil.com\/wp-content\/uploads\/F56-Castillo-de-Lorca-Juderia-1-768x512.jpg 768w\" sizes=\"(max-width: 800px) 100vw, 800px\" \/>\t\t\t\t\t\t\t\t\t\t\t<figcaption class=\"widget-image-caption wp-caption-text\"><\/figcaption>\n\t\t\t\t\t\t\t\t\t\t<\/figure>\n\t\t\t\t\t\t\t\t\t<\/div>\n\t\t\t\t<\/div>\n\t\t\t\t<div class=\"elementor-element elementor-element-495f4a03 elementor-widget elementor-widget-menu-anchor\" data-id=\"495f4a03\" data-element_type=\"widget\" data-e-type=\"widget\" data-widget_type=\"menu-anchor.default\">\n\t\t\t\t<div class=\"elementor-widget-container\">\n\t\t\t\t\t\t\t<div class=\"elementor-menu-anchor\" id=\"b3322\"><\/div>\n\t\t\t\t\t\t<\/div>\n\t\t\t\t<\/div>\n\t\t\t\t<div class=\"elementor-element elementor-element-7cd4202f elementor-widget elementor-widget-image\" data-id=\"7cd4202f\" data-element_type=\"widget\" data-e-type=\"widget\" data-widget_type=\"image.default\">\n\t\t\t\t<div class=\"elementor-widget-container\">\n\t\t\t\t\t\t\t\t\t\t\t\t<figure class=\"wp-caption\">\n\t\t\t\t\t\t\t\t\t\t<img loading=\"lazy\" decoding=\"async\" width=\"800\" height=\"533\" src=\"https:\/\/www.elturistatranquil.com\/wp-content\/uploads\/F57-Castillo-de-Lorca-Juderia-1.jpg\" class=\"attachment-large size-large wp-image-16414\" alt=\"\" srcset=\"https:\/\/www.elturistatranquil.com\/wp-content\/uploads\/F57-Castillo-de-Lorca-Juderia-1.jpg 800w, https:\/\/www.elturistatranquil.com\/wp-content\/uploads\/F57-Castillo-de-Lorca-Juderia-1-768x512.jpg 768w\" sizes=\"(max-width: 800px) 100vw, 800px\" \/>\t\t\t\t\t\t\t\t\t\t\t<figcaption class=\"widget-image-caption wp-caption-text\"><\/figcaption>\n\t\t\t\t\t\t\t\t\t\t<\/figure>\n\t\t\t\t\t\t\t\t\t<\/div>\n\t\t\t\t<\/div>\n\t\t\t\t<div class=\"elementor-element elementor-element-1b91719c elementor-widget elementor-widget-heading\" data-id=\"1b91719c\" data-element_type=\"widget\" data-e-type=\"widget\" data-widget_type=\"heading.default\">\n\t\t\t\t<div class=\"elementor-widget-container\">\n\t\t\t\t\t<h3 class=\"elementor-heading-title elementor-size-default\">La Sinagoga <\/h3>\t\t\t\t<\/div>\n\t\t\t\t<\/div>\n\t\t\t\t<div class=\"elementor-element elementor-element-4c58f47e elementor-widget elementor-widget-text-editor\" data-id=\"4c58f47e\" data-element_type=\"widget\" data-e-type=\"widget\" data-widget_type=\"text-editor.default\">\n\t\t\t\t<div class=\"elementor-widget-container\">\n\t\t\t\t\t\t\t\t\t<p>Entrant a l&#8217;esquerra se situa la <strong>Sinagoga del segle XV<\/strong> (<strong>21<\/strong>) muse\u00eftzada.<\/p>\t\t\t\t\t\t\t\t<\/div>\n\t\t\t\t<\/div>\n\t\t\t\t<div class=\"elementor-element elementor-element-3ff15001 elementor-widget elementor-widget-image\" data-id=\"3ff15001\" data-element_type=\"widget\" data-e-type=\"widget\" data-widget_type=\"image.default\">\n\t\t\t\t<div class=\"elementor-widget-container\">\n\t\t\t\t\t\t\t\t\t\t\t\t<figure class=\"wp-caption\">\n\t\t\t\t\t\t\t\t\t\t<img loading=\"lazy\" decoding=\"async\" width=\"800\" height=\"533\" src=\"https:\/\/www.elturistatranquil.com\/wp-content\/uploads\/F58-Castillo-de-Lorca-Juderia-Sinagoga-1.jpg\" class=\"attachment-large size-large wp-image-16416\" alt=\"\" srcset=\"https:\/\/www.elturistatranquil.com\/wp-content\/uploads\/F58-Castillo-de-Lorca-Juderia-Sinagoga-1.jpg 800w, https:\/\/www.elturistatranquil.com\/wp-content\/uploads\/F58-Castillo-de-Lorca-Juderia-Sinagoga-1-768x512.jpg 768w\" sizes=\"(max-width: 800px) 100vw, 800px\" \/>\t\t\t\t\t\t\t\t\t\t\t<figcaption class=\"widget-image-caption wp-caption-text\"><\/figcaption>\n\t\t\t\t\t\t\t\t\t\t<\/figure>\n\t\t\t\t\t\t\t\t\t<\/div>\n\t\t\t\t<\/div>\n\t\t\t\t<div class=\"elementor-element elementor-element-4fbe4a57 elementor-widget elementor-widget-text-editor\" data-id=\"4fbe4a57\" data-element_type=\"widget\" data-e-type=\"widget\" data-widget_type=\"text-editor.default\">\n\t\t\t\t<div class=\"elementor-widget-container\">\n\t\t\t\t\t\t\t\t\t<p>Aquests s\u00f3n les restes de la planta posats al descobert durant l&#8217;excavaci\u00f3. Al fons es distingeixen les runes de l&#8217;ermita de Sant Climent.<\/p><p>La sinagoga es va construir rebaixant el terreny perqu\u00e8 per la seva al\u00e7ada no sobresort\u00eds de les cases del call, en estar prohibit que es disting\u00eds en al\u00e7ada.<\/p>\t\t\t\t\t\t\t\t<\/div>\n\t\t\t\t<\/div>\n\t\t\t\t<div class=\"elementor-element elementor-element-1a2efc44 elementor-widget elementor-widget-image\" data-id=\"1a2efc44\" data-element_type=\"widget\" data-e-type=\"widget\" data-widget_type=\"image.default\">\n\t\t\t\t<div class=\"elementor-widget-container\">\n\t\t\t\t\t\t\t\t\t\t\t\t<figure class=\"wp-caption\">\n\t\t\t\t\t\t\t\t\t\t<img loading=\"lazy\" decoding=\"async\" width=\"800\" height=\"534\" src=\"https:\/\/www.elturistatranquil.com\/wp-content\/uploads\/F59-Castillo-de-Lorca-Juderia-Sinagoga-1.jpg\" class=\"attachment-large size-large wp-image-16418\" alt=\"\" srcset=\"https:\/\/www.elturistatranquil.com\/wp-content\/uploads\/F59-Castillo-de-Lorca-Juderia-Sinagoga-1.jpg 800w, https:\/\/www.elturistatranquil.com\/wp-content\/uploads\/F59-Castillo-de-Lorca-Juderia-Sinagoga-1-768x513.jpg 768w\" sizes=\"(max-width: 800px) 100vw, 800px\" \/>\t\t\t\t\t\t\t\t\t\t\t<figcaption class=\"widget-image-caption wp-caption-text\">(Font: Pujante, p. 298)<\/figcaption>\n\t\t\t\t\t\t\t\t\t\t<\/figure>\n\t\t\t\t\t\t\t\t\t<\/div>\n\t\t\t\t<\/div>\n\t\t\t\t<div class=\"elementor-element elementor-element-3e0aa782 elementor-widget elementor-widget-text-editor\" data-id=\"3e0aa782\" data-element_type=\"widget\" data-e-type=\"widget\" data-widget_type=\"text-editor.default\">\n\t\t\t\t<div class=\"elementor-widget-container\">\n\t\t\t\t\t\t\t\t\t<p>La muse\u00eftzaci\u00f3 ha consistit en una construcci\u00f3 en fusta d\u2019una maqueta a mida natural sobreposada a les restes arqueol\u00f2giques, per oferir una idea de la dimensi\u00f3, forma i estructura del recinte.<\/p><p>Una maqueta pr\u00e8via a l&#8217;entrada ens situa en l&#8217;estructura de l&#8217;edifici.<\/p><p>La planta \u00e9s rectangular, amb els v\u00e8rtexs orientats als quatre punts cardinals, amb l&#8217;eix major en sentit sud-oest a nord-est.<\/p>\t\t\t\t\t\t\t\t<\/div>\n\t\t\t\t<\/div>\n\t\t\t\t<div class=\"elementor-element elementor-element-2db874d elementor-widget elementor-widget-image\" data-id=\"2db874d\" data-element_type=\"widget\" data-e-type=\"widget\" data-widget_type=\"image.default\">\n\t\t\t\t<div class=\"elementor-widget-container\">\n\t\t\t\t\t\t\t\t\t\t\t\t<figure class=\"wp-caption\">\n\t\t\t\t\t\t\t\t\t\t<img loading=\"lazy\" decoding=\"async\" width=\"482\" height=\"550\" src=\"https:\/\/www.elturistatranquil.com\/wp-content\/uploads\/F60-Castillo-de-Lorca-Juderia-Sinagoga-Pujante-302-b4-1.jpg\" class=\"attachment-large size-large wp-image-16420\" alt=\"\" \/>\t\t\t\t\t\t\t\t\t\t\t<figcaption class=\"widget-image-caption wp-caption-text\">(Font: Pujante, p. 302)<\/figcaption>\n\t\t\t\t\t\t\t\t\t\t<\/figure>\n\t\t\t\t\t\t\t\t\t<\/div>\n\t\t\t\t<\/div>\n\t\t\t\t<div class=\"elementor-element elementor-element-573ac3f elementor-widget elementor-widget-text-editor\" data-id=\"573ac3f\" data-element_type=\"widget\" data-e-type=\"widget\" data-widget_type=\"text-editor.default\">\n\t\t\t\t<div class=\"elementor-widget-container\">\n\t\t\t\t\t\t\t\t\t<p>A la banda esquerra dues portes d&#8217;acc\u00e9s a l&#8217;oratori principal i vest\u00edbul i diverses finestres i a la part posterior una porta m\u00e9s elevada d&#8217;acc\u00e9s a un pis superior.<\/p>\t\t\t\t\t\t\t\t<\/div>\n\t\t\t\t<\/div>\n\t\t\t\t<div class=\"elementor-element elementor-element-16584c13 elementor-widget elementor-widget-image\" data-id=\"16584c13\" data-element_type=\"widget\" data-e-type=\"widget\" data-widget_type=\"image.default\">\n\t\t\t\t<div class=\"elementor-widget-container\">\n\t\t\t\t\t\t\t\t\t\t\t\t<figure class=\"wp-caption\">\n\t\t\t\t\t\t\t\t\t\t<img loading=\"lazy\" decoding=\"async\" width=\"800\" height=\"533\" src=\"https:\/\/www.elturistatranquil.com\/wp-content\/uploads\/F61-Castillo-de-Lorca-Juderia-Sinagoga-1.jpg\" class=\"attachment-large size-large wp-image-16422\" alt=\"\" srcset=\"https:\/\/www.elturistatranquil.com\/wp-content\/uploads\/F61-Castillo-de-Lorca-Juderia-Sinagoga-1.jpg 800w, https:\/\/www.elturistatranquil.com\/wp-content\/uploads\/F61-Castillo-de-Lorca-Juderia-Sinagoga-1-768x512.jpg 768w\" sizes=\"(max-width: 800px) 100vw, 800px\" \/>\t\t\t\t\t\t\t\t\t\t\t<figcaption class=\"widget-image-caption wp-caption-text\"><\/figcaption>\n\t\t\t\t\t\t\t\t\t\t<\/figure>\n\t\t\t\t\t\t\t\t\t<\/div>\n\t\t\t\t<\/div>\n\t\t\t\t<div class=\"elementor-element elementor-element-31b79ddd elementor-widget elementor-widget-image\" data-id=\"31b79ddd\" data-element_type=\"widget\" data-e-type=\"widget\" data-widget_type=\"image.default\">\n\t\t\t\t<div class=\"elementor-widget-container\">\n\t\t\t\t\t\t\t\t\t\t\t\t<figure class=\"wp-caption\">\n\t\t\t\t\t\t\t\t\t\t<img loading=\"lazy\" decoding=\"async\" width=\"800\" height=\"533\" src=\"https:\/\/www.elturistatranquil.com\/wp-content\/uploads\/F61b-Castillo-de-Lorca-Juderia-Sinagoga-1.jpg\" class=\"attachment-large size-large wp-image-16424\" alt=\"\" srcset=\"https:\/\/www.elturistatranquil.com\/wp-content\/uploads\/F61b-Castillo-de-Lorca-Juderia-Sinagoga-1.jpg 800w, https:\/\/www.elturistatranquil.com\/wp-content\/uploads\/F61b-Castillo-de-Lorca-Juderia-Sinagoga-1-768x512.jpg 768w\" sizes=\"(max-width: 800px) 100vw, 800px\" \/>\t\t\t\t\t\t\t\t\t\t\t<figcaption class=\"widget-image-caption wp-caption-text\"><\/figcaption>\n\t\t\t\t\t\t\t\t\t\t<\/figure>\n\t\t\t\t\t\t\t\t\t<\/div>\n\t\t\t\t<\/div>\n\t\t\t\t<div class=\"elementor-element elementor-element-deac710 elementor-widget elementor-widget-text-editor\" data-id=\"deac710\" data-element_type=\"widget\" data-e-type=\"widget\" data-widget_type=\"text-editor.default\">\n\t\t\t\t<div class=\"elementor-widget-container\">\n\t\t\t\t\t\t\t\t\t<p>M\u00e9s centrada la porta a l&#8217;oratori principal.<\/p>\t\t\t\t\t\t\t\t<\/div>\n\t\t\t\t<\/div>\n\t\t\t\t<div class=\"elementor-element elementor-element-312277e6 elementor-widget elementor-widget-image\" data-id=\"312277e6\" data-element_type=\"widget\" data-e-type=\"widget\" data-widget_type=\"image.default\">\n\t\t\t\t<div class=\"elementor-widget-container\">\n\t\t\t\t\t\t\t\t\t\t\t\t<figure class=\"wp-caption\">\n\t\t\t\t\t\t\t\t\t\t<img loading=\"lazy\" decoding=\"async\" width=\"800\" height=\"533\" src=\"https:\/\/www.elturistatranquil.com\/wp-content\/uploads\/F62-Castillo-de-Lorca-Juderia-Sinagoga-1.jpg\" class=\"attachment-large size-large wp-image-16426\" alt=\"\" srcset=\"https:\/\/www.elturistatranquil.com\/wp-content\/uploads\/F62-Castillo-de-Lorca-Juderia-Sinagoga-1.jpg 800w, https:\/\/www.elturistatranquil.com\/wp-content\/uploads\/F62-Castillo-de-Lorca-Juderia-Sinagoga-1-768x512.jpg 768w\" sizes=\"(max-width: 800px) 100vw, 800px\" \/>\t\t\t\t\t\t\t\t\t\t\t<figcaption class=\"widget-image-caption wp-caption-text\"><\/figcaption>\n\t\t\t\t\t\t\t\t\t\t<\/figure>\n\t\t\t\t\t\t\t\t\t<\/div>\n\t\t\t\t<\/div>\n\t\t\t\t<div class=\"elementor-element elementor-element-8814f8e elementor-widget elementor-widget-text-editor\" data-id=\"8814f8e\" data-element_type=\"widget\" data-e-type=\"widget\" data-widget_type=\"text-editor.default\">\n\t\t\t\t<div class=\"elementor-widget-container\">\n\t\t\t\t\t\t\t\t\t<p>A l&#8217;extrem sud de l&#8217;edifici l&#8217;entrada al vest\u00edbul, havent d&#8217;ocupar la <em>netilat iadaim<\/em>, on es realitzava el rentat.<\/p><p>Aquestes dues entrades estaven reservades als homes.<\/p><p>Les dones accedien, per la porta posterior, a un altell sobre el vest\u00edbul, amb un finestral sobre l&#8217;oratori principal.<\/p>\t\t\t\t\t\t\t\t<\/div>\n\t\t\t\t<\/div>\n\t\t\t\t<div class=\"elementor-element elementor-element-7712901b elementor-widget elementor-widget-image\" data-id=\"7712901b\" data-element_type=\"widget\" data-e-type=\"widget\" data-widget_type=\"image.default\">\n\t\t\t\t<div class=\"elementor-widget-container\">\n\t\t\t\t\t\t\t\t\t\t\t\t<figure class=\"wp-caption\">\n\t\t\t\t\t\t\t\t\t\t<img loading=\"lazy\" decoding=\"async\" width=\"800\" height=\"533\" src=\"https:\/\/www.elturistatranquil.com\/wp-content\/uploads\/F63-Castillo-de-Lorca-Juderia-Sinagoga-1.jpg\" class=\"attachment-large size-large wp-image-16428\" alt=\"\" srcset=\"https:\/\/www.elturistatranquil.com\/wp-content\/uploads\/F63-Castillo-de-Lorca-Juderia-Sinagoga-1.jpg 800w, https:\/\/www.elturistatranquil.com\/wp-content\/uploads\/F63-Castillo-de-Lorca-Juderia-Sinagoga-1-768x512.jpg 768w\" sizes=\"(max-width: 800px) 100vw, 800px\" \/>\t\t\t\t\t\t\t\t\t\t\t<figcaption class=\"widget-image-caption wp-caption-text\"><\/figcaption>\n\t\t\t\t\t\t\t\t\t\t<\/figure>\n\t\t\t\t\t\t\t\t\t<\/div>\n\t\t\t\t<\/div>\n\t\t\t\t<div class=\"elementor-element elementor-element-302853b9 elementor-widget elementor-widget-image\" data-id=\"302853b9\" data-element_type=\"widget\" data-e-type=\"widget\" data-widget_type=\"image.default\">\n\t\t\t\t<div class=\"elementor-widget-container\">\n\t\t\t\t\t\t\t\t\t\t\t\t<figure class=\"wp-caption\">\n\t\t\t\t\t\t\t\t\t\t<img loading=\"lazy\" decoding=\"async\" width=\"366\" height=\"550\" src=\"https:\/\/www.elturistatranquil.com\/wp-content\/uploads\/F64-Castillo-de-Lorca-Juderia-Sinagoga-1.jpg\" class=\"attachment-large size-large wp-image-16430\" alt=\"\" \/>\t\t\t\t\t\t\t\t\t\t\t<figcaption class=\"widget-image-caption wp-caption-text\"><\/figcaption>\n\t\t\t\t\t\t\t\t\t\t<\/figure>\n\t\t\t\t\t\t\t\t\t<\/div>\n\t\t\t\t<\/div>\n\t\t\t\t<div class=\"elementor-element elementor-element-7929a3da elementor-widget elementor-widget-text-editor\" data-id=\"7929a3da\" data-element_type=\"widget\" data-e-type=\"widget\" data-widget_type=\"text-editor.default\">\n\t\t\t\t<div class=\"elementor-widget-container\">\n\t\t\t\t\t\t\t\t\t<p>Al llarg de les parets bancs d&#8217;obra i pilars.<\/p>\t\t\t\t\t\t\t\t<\/div>\n\t\t\t\t<\/div>\n\t\t\t\t<div class=\"elementor-element elementor-element-7f91716b elementor-widget elementor-widget-image\" data-id=\"7f91716b\" data-element_type=\"widget\" data-e-type=\"widget\" data-widget_type=\"image.default\">\n\t\t\t\t<div class=\"elementor-widget-container\">\n\t\t\t\t\t\t\t\t\t\t\t\t<figure class=\"wp-caption\">\n\t\t\t\t\t\t\t\t\t\t<img loading=\"lazy\" decoding=\"async\" width=\"800\" height=\"533\" src=\"https:\/\/www.elturistatranquil.com\/wp-content\/uploads\/F65-Castillo-de-Lorca-Juderia-Sinagoga-1.jpg\" class=\"attachment-large size-large wp-image-16432\" alt=\"\" srcset=\"https:\/\/www.elturistatranquil.com\/wp-content\/uploads\/F65-Castillo-de-Lorca-Juderia-Sinagoga-1.jpg 800w, https:\/\/www.elturistatranquil.com\/wp-content\/uploads\/F65-Castillo-de-Lorca-Juderia-Sinagoga-1-768x512.jpg 768w\" sizes=\"(max-width: 800px) 100vw, 800px\" \/>\t\t\t\t\t\t\t\t\t\t\t<figcaption class=\"widget-image-caption wp-caption-text\"><\/figcaption>\n\t\t\t\t\t\t\t\t\t\t<\/figure>\n\t\t\t\t\t\t\t\t\t<\/div>\n\t\t\t\t<\/div>\n\t\t\t\t<div class=\"elementor-element elementor-element-31ece88e elementor-widget elementor-widget-image\" data-id=\"31ece88e\" data-element_type=\"widget\" data-e-type=\"widget\" data-widget_type=\"image.default\">\n\t\t\t\t<div class=\"elementor-widget-container\">\n\t\t\t\t\t\t\t\t\t\t\t\t<figure class=\"wp-caption\">\n\t\t\t\t\t\t\t\t\t\t<img loading=\"lazy\" decoding=\"async\" width=\"800\" height=\"533\" src=\"https:\/\/www.elturistatranquil.com\/wp-content\/uploads\/F66-Castillo-de-Lorca-Juderia-Sinagoga-1.jpg\" class=\"attachment-large size-large wp-image-16434\" alt=\"\" srcset=\"https:\/\/www.elturistatranquil.com\/wp-content\/uploads\/F66-Castillo-de-Lorca-Juderia-Sinagoga-1.jpg 800w, https:\/\/www.elturistatranquil.com\/wp-content\/uploads\/F66-Castillo-de-Lorca-Juderia-Sinagoga-1-768x512.jpg 768w\" sizes=\"(max-width: 800px) 100vw, 800px\" \/>\t\t\t\t\t\t\t\t\t\t\t<figcaption class=\"widget-image-caption wp-caption-text\"><\/figcaption>\n\t\t\t\t\t\t\t\t\t\t<\/figure>\n\t\t\t\t\t\t\t\t\t<\/div>\n\t\t\t\t<\/div>\n\t\t\t\t<div class=\"elementor-element elementor-element-7142d93b elementor-widget elementor-widget-text-editor\" data-id=\"7142d93b\" data-element_type=\"widget\" data-e-type=\"widget\" data-widget_type=\"text-editor.default\">\n\t\t\t\t<div class=\"elementor-widget-container\">\n\t\t\t\t\t\t\t\t\t<p>Al centre la infraestructura de guix que va sostenir la <em>bima<\/em> o estrada, amb un acc\u00e9s escalonat. Al fons <em>ar\u00f3n akodes<\/em>, lloc on es guardaven els rotlles de la Tor\u00e0.<\/p>\t\t\t\t\t\t\t\t<\/div>\n\t\t\t\t<\/div>\n\t\t\t\t<div class=\"elementor-element elementor-element-45a61f4b elementor-widget elementor-widget-image\" data-id=\"45a61f4b\" data-element_type=\"widget\" data-e-type=\"widget\" data-widget_type=\"image.default\">\n\t\t\t\t<div class=\"elementor-widget-container\">\n\t\t\t\t\t\t\t\t\t\t\t\t<figure class=\"wp-caption\">\n\t\t\t\t\t\t\t\t\t\t<img loading=\"lazy\" decoding=\"async\" width=\"800\" height=\"533\" src=\"https:\/\/www.elturistatranquil.com\/wp-content\/uploads\/F67-Castillo-de-Lorca-Juderia-Sinagoga-1.jpg\" class=\"attachment-large size-large wp-image-16436\" alt=\"\" srcset=\"https:\/\/www.elturistatranquil.com\/wp-content\/uploads\/F67-Castillo-de-Lorca-Juderia-Sinagoga-1.jpg 800w, https:\/\/www.elturistatranquil.com\/wp-content\/uploads\/F67-Castillo-de-Lorca-Juderia-Sinagoga-1-768x512.jpg 768w\" sizes=\"(max-width: 800px) 100vw, 800px\" \/>\t\t\t\t\t\t\t\t\t\t\t<figcaption class=\"widget-image-caption wp-caption-text\"><\/figcaption>\n\t\t\t\t\t\t\t\t\t\t<\/figure>\n\t\t\t\t\t\t\t\t\t<\/div>\n\t\t\t\t<\/div>\n\t\t\t\t<div class=\"elementor-element elementor-element-6bb16bc8 elementor-widget elementor-widget-menu-anchor\" data-id=\"6bb16bc8\" data-element_type=\"widget\" data-e-type=\"widget\" data-widget_type=\"menu-anchor.default\">\n\t\t\t\t<div class=\"elementor-widget-container\">\n\t\t\t\t\t\t\t<div class=\"elementor-menu-anchor\" id=\"b3323\"><\/div>\n\t\t\t\t\t\t<\/div>\n\t\t\t\t<\/div>\n\t\t\t\t<div class=\"elementor-element elementor-element-734946a elementor-widget elementor-widget-text-editor\" data-id=\"734946a\" data-element_type=\"widget\" data-e-type=\"widget\" data-widget_type=\"text-editor.default\">\n\t\t\t\t<div class=\"elementor-widget-container\">\n\t\t\t\t\t\t\t\t\t<p>La forma dels arcs \u00e9s estimada, ja que no hi ha const\u00e0ncia d&#8217;aquesta.<\/p><p>En 1492 es produeix l&#8217;expulsi\u00f3 dels jueus, de manera que abandonen aquest assentament, produint-se la di\u00e0spora.<\/p><p>El call s&#8217;ha mantingut en la seva estructura sense transformacions ja que el des\u00fas de la fortificaci\u00f3 va deixar abandonada aquesta zona en la que, amb el temps, les restes van quedar coberts de terra. A l&#8217;extrem que fins al descobriment durant les obres es dubtava de quin havia estat exactament la seva ubicaci\u00f3.<\/p>\t\t\t\t\t\t\t\t<\/div>\n\t\t\t\t<\/div>\n\t\t\t\t<div class=\"elementor-element elementor-element-3cb2cf2c elementor-widget elementor-widget-heading\" data-id=\"3cb2cf2c\" data-element_type=\"widget\" data-e-type=\"widget\" data-widget_type=\"heading.default\">\n\t\t\t\t<div class=\"elementor-widget-container\">\n\t\t\t\t\t<h3 class=\"elementor-heading-title elementor-size-default\">La pedrera<\/h3>\t\t\t\t<\/div>\n\t\t\t\t<\/div>\n\t\t\t\t<div class=\"elementor-element elementor-element-f7fb42d elementor-widget elementor-widget-text-editor\" data-id=\"f7fb42d\" data-element_type=\"widget\" data-e-type=\"widget\" data-widget_type=\"text-editor.default\">\n\t\t\t\t<div class=\"elementor-widget-container\">\n\t\t\t\t\t\t\t\t\t<p>Retornem al punt d&#8217;entrada i prossegueixo el recorregut, ara pel costat sud de la fortalesa.<\/p><p>Si al principi del recorregut s&#8217;havia fet refer\u00e8ncia al mestre picapedrer, aqu\u00ed es presenten alguns elements de la <strong>pedrera medieval<\/strong> (<strong>23<\/strong>) del segle XIII.<\/p><p>L&#8217;explicaci\u00f3 fa refer\u00e8ncia a les dificultats d&#8217;extreure els blocs i la forma d&#8217;executar-ho.<\/p>\t\t\t\t\t\t\t\t<\/div>\n\t\t\t\t<\/div>\n\t\t\t\t<div class=\"elementor-element elementor-element-6cb03a0e elementor-widget elementor-widget-image\" data-id=\"6cb03a0e\" data-element_type=\"widget\" data-e-type=\"widget\" data-widget_type=\"image.default\">\n\t\t\t\t<div class=\"elementor-widget-container\">\n\t\t\t\t\t\t\t\t\t\t\t\t<figure class=\"wp-caption\">\n\t\t\t\t\t\t\t\t\t\t<img loading=\"lazy\" decoding=\"async\" width=\"800\" height=\"533\" src=\"https:\/\/www.elturistatranquil.com\/wp-content\/uploads\/F68-Castillo-de-Lorca-1.jpg\" class=\"attachment-large size-large wp-image-16438\" alt=\"\" srcset=\"https:\/\/www.elturistatranquil.com\/wp-content\/uploads\/F68-Castillo-de-Lorca-1.jpg 800w, https:\/\/www.elturistatranquil.com\/wp-content\/uploads\/F68-Castillo-de-Lorca-1-768x512.jpg 768w\" sizes=\"(max-width: 800px) 100vw, 800px\" \/>\t\t\t\t\t\t\t\t\t\t\t<figcaption class=\"widget-image-caption wp-caption-text\"><\/figcaption>\n\t\t\t\t\t\t\t\t\t\t<\/figure>\n\t\t\t\t\t\t\t\t\t<\/div>\n\t\t\t\t<\/div>\n\t\t\t\t<div class=\"elementor-element elementor-element-3c8a1581 elementor-widget elementor-widget-text-editor\" data-id=\"3c8a1581\" data-element_type=\"widget\" data-e-type=\"widget\" data-widget_type=\"text-editor.default\">\n\t\t\t\t<div class=\"elementor-widget-container\">\n\t\t\t\t\t\t\t\t\t<p>En una perspectiva global, puc veure per sobre la pedrera una perspectiva de l&#8217;edifici del Parador de Turisme en di\u00e0leg amb la Torre Alfonsina. Al fons del cam\u00ed, i sota de la Torre, l&#8217;Aljub del Espald\u00f3n.<\/p>\t\t\t\t\t\t\t\t<\/div>\n\t\t\t\t<\/div>\n\t\t\t\t<div class=\"elementor-element elementor-element-26dbf089 elementor-widget elementor-widget-menu-anchor\" data-id=\"26dbf089\" data-element_type=\"widget\" data-e-type=\"widget\" data-widget_type=\"menu-anchor.default\">\n\t\t\t\t<div class=\"elementor-widget-container\">\n\t\t\t\t\t\t\t<div class=\"elementor-menu-anchor\" id=\"b3324\"><\/div>\n\t\t\t\t\t\t<\/div>\n\t\t\t\t<\/div>\n\t\t\t\t<div class=\"elementor-element elementor-element-1dfad525 elementor-widget elementor-widget-image\" data-id=\"1dfad525\" data-element_type=\"widget\" data-e-type=\"widget\" data-widget_type=\"image.default\">\n\t\t\t\t<div class=\"elementor-widget-container\">\n\t\t\t\t\t\t\t\t\t\t\t\t<figure class=\"wp-caption\">\n\t\t\t\t\t\t\t\t\t\t<img loading=\"lazy\" decoding=\"async\" width=\"800\" height=\"533\" src=\"https:\/\/www.elturistatranquil.com\/wp-content\/uploads\/F68b-Castillo-de-Lorca-1.jpg\" class=\"attachment-large size-large wp-image-16440\" alt=\"\" srcset=\"https:\/\/www.elturistatranquil.com\/wp-content\/uploads\/F68b-Castillo-de-Lorca-1.jpg 800w, https:\/\/www.elturistatranquil.com\/wp-content\/uploads\/F68b-Castillo-de-Lorca-1-768x512.jpg 768w\" sizes=\"(max-width: 800px) 100vw, 800px\" \/>\t\t\t\t\t\t\t\t\t\t\t<figcaption class=\"widget-image-caption wp-caption-text\"><\/figcaption>\n\t\t\t\t\t\t\t\t\t\t<\/figure>\n\t\t\t\t\t\t\t\t\t<\/div>\n\t\t\t\t<\/div>\n\t\t\t\t<div class=\"elementor-element elementor-element-3c87e928 elementor-widget elementor-widget-heading\" data-id=\"3c87e928\" data-element_type=\"widget\" data-e-type=\"widget\" data-widget_type=\"heading.default\">\n\t\t\t\t<div class=\"elementor-widget-container\">\n\t\t\t\t\t<h3 class=\"elementor-heading-title elementor-size-default\">Els Hornos de Pancocer<\/h3>\t\t\t\t<\/div>\n\t\t\t\t<\/div>\n\t\t\t\t<div class=\"elementor-element elementor-element-1f426cb8 elementor-widget elementor-widget-text-editor\" data-id=\"1f426cb8\" data-element_type=\"widget\" data-e-type=\"widget\" data-widget_type=\"text-editor.default\">\n\t\t\t\t<div class=\"elementor-widget-container\">\n\t\t\t\t\t\t\t\t\t<p>El cam\u00ed de sobre em porta fins als <strong>Hornos de Pancocer<\/strong> (<strong>24<\/strong>). Abans m&#8217;espera un ruc dels que ajudaven a transportar la llenya per al forn.<\/p>\t\t\t\t\t\t\t\t<\/div>\n\t\t\t\t<\/div>\n\t\t\t\t<div class=\"elementor-element elementor-element-24a5e67c elementor-widget elementor-widget-image\" data-id=\"24a5e67c\" data-element_type=\"widget\" data-e-type=\"widget\" data-widget_type=\"image.default\">\n\t\t\t\t<div class=\"elementor-widget-container\">\n\t\t\t\t\t\t\t\t\t\t\t\t<figure class=\"wp-caption\">\n\t\t\t\t\t\t\t\t\t\t<img loading=\"lazy\" decoding=\"async\" width=\"800\" height=\"533\" src=\"https:\/\/www.elturistatranquil.com\/wp-content\/uploads\/F69-Castillo-de-Lorca-1.jpg\" class=\"attachment-large size-large wp-image-16442\" alt=\"\" srcset=\"https:\/\/www.elturistatranquil.com\/wp-content\/uploads\/F69-Castillo-de-Lorca-1.jpg 800w, https:\/\/www.elturistatranquil.com\/wp-content\/uploads\/F69-Castillo-de-Lorca-1-768x512.jpg 768w\" sizes=\"(max-width: 800px) 100vw, 800px\" \/>\t\t\t\t\t\t\t\t\t\t\t<figcaption class=\"widget-image-caption wp-caption-text\"><\/figcaption>\n\t\t\t\t\t\t\t\t\t\t<\/figure>\n\t\t\t\t\t\t\t\t\t<\/div>\n\t\t\t\t<\/div>\n\t\t\t\t<div class=\"elementor-element elementor-element-10d4b7ea elementor-widget elementor-widget-text-editor\" data-id=\"10d4b7ea\" data-element_type=\"widget\" data-e-type=\"widget\" data-widget_type=\"text-editor.default\">\n\t\t\t\t<div class=\"elementor-widget-container\">\n\t\t\t\t\t\t\t\t\t<p>Dos forns de pa, un de restes originals i l&#8217;altre restaurat, amb una recreaci\u00f3 amb dues figures de la fornera pastant i del forner coent el pa, al costat dels estris propis, ens porten al segle XIX.<\/p>\t\t\t\t\t\t\t\t<\/div>\n\t\t\t\t<\/div>\n\t\t\t\t<div class=\"elementor-element elementor-element-7a632f29 elementor-widget elementor-widget-image\" data-id=\"7a632f29\" data-element_type=\"widget\" data-e-type=\"widget\" data-widget_type=\"image.default\">\n\t\t\t\t<div class=\"elementor-widget-container\">\n\t\t\t\t\t\t\t\t\t\t\t\t<figure class=\"wp-caption\">\n\t\t\t\t\t\t\t\t\t\t<img loading=\"lazy\" decoding=\"async\" width=\"800\" height=\"533\" src=\"https:\/\/www.elturistatranquil.com\/wp-content\/uploads\/F70-Castillo-de-Lorca-1.jpg\" class=\"attachment-large size-large wp-image-16444\" alt=\"\" srcset=\"https:\/\/www.elturistatranquil.com\/wp-content\/uploads\/F70-Castillo-de-Lorca-1.jpg 800w, https:\/\/www.elturistatranquil.com\/wp-content\/uploads\/F70-Castillo-de-Lorca-1-768x512.jpg 768w\" sizes=\"(max-width: 800px) 100vw, 800px\" \/>\t\t\t\t\t\t\t\t\t\t\t<figcaption class=\"widget-image-caption wp-caption-text\"><\/figcaption>\n\t\t\t\t\t\t\t\t\t\t<\/figure>\n\t\t\t\t\t\t\t\t\t<\/div>\n\t\t\t\t<\/div>\n\t\t\t\t<div class=\"elementor-element elementor-element-7587c24e elementor-widget elementor-widget-image\" data-id=\"7587c24e\" data-element_type=\"widget\" data-e-type=\"widget\" data-widget_type=\"image.default\">\n\t\t\t\t<div class=\"elementor-widget-container\">\n\t\t\t\t\t\t\t\t\t\t\t\t<figure class=\"wp-caption\">\n\t\t\t\t\t\t\t\t\t\t<img loading=\"lazy\" decoding=\"async\" width=\"800\" height=\"533\" src=\"https:\/\/www.elturistatranquil.com\/wp-content\/uploads\/F71-Castillo-de-Lorca-1.jpg\" class=\"attachment-large size-large wp-image-16446\" alt=\"\" srcset=\"https:\/\/www.elturistatranquil.com\/wp-content\/uploads\/F71-Castillo-de-Lorca-1.jpg 800w, https:\/\/www.elturistatranquil.com\/wp-content\/uploads\/F71-Castillo-de-Lorca-1-768x512.jpg 768w\" sizes=\"(max-width: 800px) 100vw, 800px\" \/>\t\t\t\t\t\t\t\t\t\t\t<figcaption class=\"widget-image-caption wp-caption-text\"><\/figcaption>\n\t\t\t\t\t\t\t\t\t\t<\/figure>\n\t\t\t\t\t\t\t\t\t<\/div>\n\t\t\t\t<\/div>\n\t\t\t\t<div class=\"elementor-element elementor-element-31646c54 elementor-widget elementor-widget-image\" data-id=\"31646c54\" data-element_type=\"widget\" data-e-type=\"widget\" data-widget_type=\"image.default\">\n\t\t\t\t<div class=\"elementor-widget-container\">\n\t\t\t\t\t\t\t\t\t\t\t\t<figure class=\"wp-caption\">\n\t\t\t\t\t\t\t\t\t\t<img loading=\"lazy\" decoding=\"async\" width=\"800\" height=\"533\" src=\"https:\/\/www.elturistatranquil.com\/wp-content\/uploads\/F72-Castillo-de-Lorca-1.jpg\" class=\"attachment-large size-large wp-image-16448\" alt=\"\" srcset=\"https:\/\/www.elturistatranquil.com\/wp-content\/uploads\/F72-Castillo-de-Lorca-1.jpg 800w, https:\/\/www.elturistatranquil.com\/wp-content\/uploads\/F72-Castillo-de-Lorca-1-768x512.jpg 768w\" sizes=\"(max-width: 800px) 100vw, 800px\" \/>\t\t\t\t\t\t\t\t\t\t\t<figcaption class=\"widget-image-caption wp-caption-text\"><\/figcaption>\n\t\t\t\t\t\t\t\t\t\t<\/figure>\n\t\t\t\t\t\t\t\t\t<\/div>\n\t\t\t\t<\/div>\n\t\t\t\t<div class=\"elementor-element elementor-element-2c777d57 elementor-widget elementor-widget-text-editor\" data-id=\"2c777d57\" data-element_type=\"widget\" data-e-type=\"widget\" data-widget_type=\"text-editor.default\">\n\t\t\t\t<div class=\"elementor-widget-container\">\n\t\t\t\t\t\t\t\t\t<p>Les restes d&#8217;aquests forns de principis de segle XIX van ser trobades l&#8217;any 2000. El conjunt ha estat restaurat seguint les mateixes t\u00e8cniques tradicionals.<\/p>\t\t\t\t\t\t\t\t<\/div>\n\t\t\t\t<\/div>\n\t\t\t\t<div class=\"elementor-element elementor-element-628dc10 elementor-widget elementor-widget-image\" data-id=\"628dc10\" data-element_type=\"widget\" data-e-type=\"widget\" data-widget_type=\"image.default\">\n\t\t\t\t<div class=\"elementor-widget-container\">\n\t\t\t\t\t\t\t\t\t\t\t\t<figure class=\"wp-caption\">\n\t\t\t\t\t\t\t\t\t\t<img loading=\"lazy\" decoding=\"async\" width=\"800\" height=\"533\" src=\"https:\/\/www.elturistatranquil.com\/wp-content\/uploads\/F73-Castillo-de-Lorca-1.jpg\" class=\"attachment-large size-large wp-image-16450\" alt=\"\" srcset=\"https:\/\/www.elturistatranquil.com\/wp-content\/uploads\/F73-Castillo-de-Lorca-1.jpg 800w, https:\/\/www.elturistatranquil.com\/wp-content\/uploads\/F73-Castillo-de-Lorca-1-768x512.jpg 768w\" sizes=\"(max-width: 800px) 100vw, 800px\" \/>\t\t\t\t\t\t\t\t\t\t\t<figcaption class=\"widget-image-caption wp-caption-text\"><\/figcaption>\n\t\t\t\t\t\t\t\t\t\t<\/figure>\n\t\t\t\t\t\t\t\t\t<\/div>\n\t\t\t\t<\/div>\n\t\t\t\t<div class=\"elementor-element elementor-element-b89f3 elementor-widget elementor-widget-menu-anchor\" data-id=\"b89f3\" data-element_type=\"widget\" data-e-type=\"widget\" data-widget_type=\"menu-anchor.default\">\n\t\t\t\t<div class=\"elementor-widget-container\">\n\t\t\t\t\t\t\t<div class=\"elementor-menu-anchor\" id=\"b3325\"><\/div>\n\t\t\t\t\t\t<\/div>\n\t\t\t\t<\/div>\n\t\t\t\t<div class=\"elementor-element elementor-element-619fc5f1 elementor-widget elementor-widget-text-editor\" data-id=\"619fc5f1\" data-element_type=\"widget\" data-e-type=\"widget\" data-widget_type=\"text-editor.default\">\n\t\t\t\t<div class=\"elementor-widget-container\">\n\t\t\t\t\t\t\t\t\t<p>Aquests forns es van realitzar juntament amb altres obres militars, per preparar la defensa de la Fortalesa, probablement durant la guerra del Franc\u00e8s.<\/p><p>La fleca, al costat de les cuines que estaven situades als voltants, procurava l&#8217;avituallament diari de la tropa i els treballadors de la fortalesa.<\/p>\t\t\t\t\t\t\t\t<\/div>\n\t\t\t\t<\/div>\n\t\t\t\t<div class=\"elementor-element elementor-element-4dad0f10 elementor-widget elementor-widget-heading\" data-id=\"4dad0f10\" data-element_type=\"widget\" data-e-type=\"widget\" data-widget_type=\"heading.default\">\n\t\t\t\t<div class=\"elementor-widget-container\">\n\t\t\t\t\t<h3 class=\"elementor-heading-title elementor-size-default\">L\u2019Aljub Petit<\/h3>\t\t\t\t<\/div>\n\t\t\t\t<\/div>\n\t\t\t\t<div class=\"elementor-element elementor-element-43e8d160 elementor-widget elementor-widget-text-editor\" data-id=\"43e8d160\" data-element_type=\"widget\" data-e-type=\"widget\" data-widget_type=\"text-editor.default\">\n\t\t\t\t<div class=\"elementor-widget-container\">\n\t\t\t\t\t\t\t\t\t<p>La seg\u00fcent parada te lloc a l\u2019<strong>Aljub Petit<\/strong> (<strong>25<\/strong>).<\/p><p>Aquest \u00e9s el tercer i \u00faltim aljub que observar\u00e9. S&#8217;hi exposen les explicacions sobre la construcci\u00f3 i funcionament d&#8217;un aljub medieval.<\/p>\t\t\t\t\t\t\t\t<\/div>\n\t\t\t\t<\/div>\n\t\t\t\t<div class=\"elementor-element elementor-element-667c778d elementor-widget elementor-widget-image\" data-id=\"667c778d\" data-element_type=\"widget\" data-e-type=\"widget\" data-widget_type=\"image.default\">\n\t\t\t\t<div class=\"elementor-widget-container\">\n\t\t\t\t\t\t\t\t\t\t\t\t<figure class=\"wp-caption\">\n\t\t\t\t\t\t\t\t\t\t<img loading=\"lazy\" decoding=\"async\" width=\"800\" height=\"533\" src=\"https:\/\/www.elturistatranquil.com\/wp-content\/uploads\/F74-Castillo-de-Lorca-1.jpg\" class=\"attachment-large size-large wp-image-16452\" alt=\"\" srcset=\"https:\/\/www.elturistatranquil.com\/wp-content\/uploads\/F74-Castillo-de-Lorca-1.jpg 800w, https:\/\/www.elturistatranquil.com\/wp-content\/uploads\/F74-Castillo-de-Lorca-1-768x512.jpg 768w\" sizes=\"(max-width: 800px) 100vw, 800px\" \/>\t\t\t\t\t\t\t\t\t\t\t<figcaption class=\"widget-image-caption wp-caption-text\"><\/figcaption>\n\t\t\t\t\t\t\t\t\t\t<\/figure>\n\t\t\t\t\t\t\t\t\t<\/div>\n\t\t\t\t<\/div>\n\t\t\t\t<div class=\"elementor-element elementor-element-71e64b2c elementor-widget elementor-widget-text-editor\" data-id=\"71e64b2c\" data-element_type=\"widget\" data-e-type=\"widget\" data-widget_type=\"text-editor.default\">\n\t\t\t\t<div class=\"elementor-widget-container\">\n\t\t\t\t\t\t\t\t\t<p>Aquestes construccions estaven realitzades amb ma\u00e7oneria de pedra i argamassa de cal\u00e7. Els murs interiors es recobrien per impermeabilitzar la cisterna.<\/p><p>L&#8217;aigua de pluja arribava fins a un petit dip\u00f2sit decantador, situat a les portes de l&#8217;aljub, perqu\u00e8 es dipositessin en el seu fons els materials arrossegats i nom\u00e9s penetr\u00e9s a la cisterna l&#8217;aigua que vessava.<\/p>\t\t\t\t\t\t\t\t<\/div>\n\t\t\t\t<\/div>\n\t\t\t\t<div class=\"elementor-element elementor-element-6155f829 elementor-widget elementor-widget-image\" data-id=\"6155f829\" data-element_type=\"widget\" data-e-type=\"widget\" data-widget_type=\"image.default\">\n\t\t\t\t<div class=\"elementor-widget-container\">\n\t\t\t\t\t\t\t\t\t\t\t\t<figure class=\"wp-caption\">\n\t\t\t\t\t\t\t\t\t\t<img loading=\"lazy\" decoding=\"async\" width=\"800\" height=\"533\" src=\"https:\/\/www.elturistatranquil.com\/wp-content\/uploads\/F75-Castillo-de-Lorca-1.jpg\" class=\"attachment-large size-large wp-image-16454\" alt=\"\" srcset=\"https:\/\/www.elturistatranquil.com\/wp-content\/uploads\/F75-Castillo-de-Lorca-1.jpg 800w, https:\/\/www.elturistatranquil.com\/wp-content\/uploads\/F75-Castillo-de-Lorca-1-768x512.jpg 768w\" sizes=\"(max-width: 800px) 100vw, 800px\" \/>\t\t\t\t\t\t\t\t\t\t\t<figcaption class=\"widget-image-caption wp-caption-text\"><\/figcaption>\n\t\t\t\t\t\t\t\t\t\t<\/figure>\n\t\t\t\t\t\t\t\t\t<\/div>\n\t\t\t\t<\/div>\n\t\t\t\t<div class=\"elementor-element elementor-element-668392e9 elementor-widget elementor-widget-text-editor\" data-id=\"668392e9\" data-element_type=\"widget\" data-e-type=\"widget\" data-widget_type=\"text-editor.default\">\n\t\t\t\t<div class=\"elementor-widget-container\">\n\t\t\t\t\t\t\t\t\t<p>Decantador.<\/p>\t\t\t\t\t\t\t\t<\/div>\n\t\t\t\t<\/div>\n\t\t\t\t<div class=\"elementor-element elementor-element-2c884385 elementor-widget elementor-widget-image\" data-id=\"2c884385\" data-element_type=\"widget\" data-e-type=\"widget\" data-widget_type=\"image.default\">\n\t\t\t\t<div class=\"elementor-widget-container\">\n\t\t\t\t\t\t\t\t\t\t\t\t<figure class=\"wp-caption\">\n\t\t\t\t\t\t\t\t\t\t<img loading=\"lazy\" decoding=\"async\" width=\"800\" height=\"533\" src=\"https:\/\/www.elturistatranquil.com\/wp-content\/uploads\/F76-Castillo-de-Lorca-1.jpg\" class=\"attachment-large size-large wp-image-16456\" alt=\"\" srcset=\"https:\/\/www.elturistatranquil.com\/wp-content\/uploads\/F76-Castillo-de-Lorca-1.jpg 800w, https:\/\/www.elturistatranquil.com\/wp-content\/uploads\/F76-Castillo-de-Lorca-1-768x512.jpg 768w\" sizes=\"(max-width: 800px) 100vw, 800px\" \/>\t\t\t\t\t\t\t\t\t\t\t<figcaption class=\"widget-image-caption wp-caption-text\"><\/figcaption>\n\t\t\t\t\t\t\t\t\t\t<\/figure>\n\t\t\t\t\t\t\t\t\t<\/div>\n\t\t\t\t<\/div>\n\t\t\t\t<div class=\"elementor-element elementor-element-33f4f3e1 elementor-widget elementor-widget-text-editor\" data-id=\"33f4f3e1\" data-element_type=\"widget\" data-e-type=\"widget\" data-widget_type=\"text-editor.default\">\n\t\t\t\t<div class=\"elementor-widget-container\">\n\t\t\t\t\t\t\t\t\t<p>Per facilitar la neteja de l&#8217;aljub es van construir unes escales que avui permeten l&#8217;acc\u00e9s al seu interior per a la visita.<\/p>\t\t\t\t\t\t\t\t<\/div>\n\t\t\t\t<\/div>\n\t\t\t\t<div class=\"elementor-element elementor-element-19e7799b elementor-widget elementor-widget-image\" data-id=\"19e7799b\" data-element_type=\"widget\" data-e-type=\"widget\" data-widget_type=\"image.default\">\n\t\t\t\t<div class=\"elementor-widget-container\">\n\t\t\t\t\t\t\t\t\t\t\t\t<figure class=\"wp-caption\">\n\t\t\t\t\t\t\t\t\t\t<img loading=\"lazy\" decoding=\"async\" width=\"800\" height=\"533\" src=\"https:\/\/www.elturistatranquil.com\/wp-content\/uploads\/F77-Castillo-de-Lorca-1.jpg\" class=\"attachment-large size-large wp-image-16458\" alt=\"\" srcset=\"https:\/\/www.elturistatranquil.com\/wp-content\/uploads\/F77-Castillo-de-Lorca-1.jpg 800w, https:\/\/www.elturistatranquil.com\/wp-content\/uploads\/F77-Castillo-de-Lorca-1-768x512.jpg 768w\" sizes=\"(max-width: 800px) 100vw, 800px\" \/>\t\t\t\t\t\t\t\t\t\t\t<figcaption class=\"widget-image-caption wp-caption-text\"><\/figcaption>\n\t\t\t\t\t\t\t\t\t\t<\/figure>\n\t\t\t\t\t\t\t\t\t<\/div>\n\t\t\t\t<\/div>\n\t\t\t\t<div class=\"elementor-element elementor-element-68bb0563 elementor-widget elementor-widget-text-editor\" data-id=\"68bb0563\" data-element_type=\"widget\" data-e-type=\"widget\" data-widget_type=\"text-editor.default\">\n\t\t\t\t<div class=\"elementor-widget-container\">\n\t\t\t\t\t\t\t\t\t<p>Al fons l&#8217;entrada d&#8217;aigua des del decantador.<\/p>\t\t\t\t\t\t\t\t<\/div>\n\t\t\t\t<\/div>\n\t\t\t\t<div class=\"elementor-element elementor-element-697117f6 elementor-widget elementor-widget-menu-anchor\" data-id=\"697117f6\" data-element_type=\"widget\" data-e-type=\"widget\" data-widget_type=\"menu-anchor.default\">\n\t\t\t\t<div class=\"elementor-widget-container\">\n\t\t\t\t\t\t\t<div class=\"elementor-menu-anchor\" id=\"b3326\"><\/div>\n\t\t\t\t\t\t<\/div>\n\t\t\t\t<\/div>\n\t\t\t\t<div class=\"elementor-element elementor-element-526823e elementor-widget elementor-widget-image\" data-id=\"526823e\" data-element_type=\"widget\" data-e-type=\"widget\" data-widget_type=\"image.default\">\n\t\t\t\t<div class=\"elementor-widget-container\">\n\t\t\t\t\t\t\t\t\t\t\t\t<figure class=\"wp-caption\">\n\t\t\t\t\t\t\t\t\t\t<img loading=\"lazy\" decoding=\"async\" width=\"800\" height=\"533\" src=\"https:\/\/www.elturistatranquil.com\/wp-content\/uploads\/F78-Castillo-de-Lorca-1.jpg\" class=\"attachment-large size-large wp-image-16460\" alt=\"\" srcset=\"https:\/\/www.elturistatranquil.com\/wp-content\/uploads\/F78-Castillo-de-Lorca-1.jpg 800w, https:\/\/www.elturistatranquil.com\/wp-content\/uploads\/F78-Castillo-de-Lorca-1-768x512.jpg 768w\" sizes=\"(max-width: 800px) 100vw, 800px\" \/>\t\t\t\t\t\t\t\t\t\t\t<figcaption class=\"widget-image-caption wp-caption-text\"><\/figcaption>\n\t\t\t\t\t\t\t\t\t\t<\/figure>\n\t\t\t\t\t\t\t\t\t<\/div>\n\t\t\t\t<\/div>\n\t\t\t\t<div class=\"elementor-element elementor-element-4f2593a3 elementor-widget elementor-widget-heading\" data-id=\"4f2593a3\" data-element_type=\"widget\" data-e-type=\"widget\" data-widget_type=\"heading.default\">\n\t\t\t\t<div class=\"elementor-widget-container\">\n\t\t\t\t\t<h3 class=\"elementor-heading-title elementor-size-default\">La Torre Alfonsina <\/h3>\t\t\t\t<\/div>\n\t\t\t\t<\/div>\n\t\t\t\t<div class=\"elementor-element elementor-element-b902cad elementor-widget elementor-widget-text-editor\" data-id=\"b902cad\" data-element_type=\"widget\" data-e-type=\"widget\" data-widget_type=\"text-editor.default\">\n\t\t\t\t<div class=\"elementor-widget-container\">\n\t\t\t\t\t\t\t\t\t<p>La seva visita \u00e9s guiada, pel que hem de reunir-nos a la porta del recinte (<strong>26<\/strong>) d&#8217;aquest alc\u00e0sser, a l&#8217;hora convinguda.<\/p>\t\t\t\t\t\t\t\t<\/div>\n\t\t\t\t<\/div>\n\t\t\t\t<div class=\"elementor-element elementor-element-42aba27b elementor-widget elementor-widget-image\" data-id=\"42aba27b\" data-element_type=\"widget\" data-e-type=\"widget\" data-widget_type=\"image.default\">\n\t\t\t\t<div class=\"elementor-widget-container\">\n\t\t\t\t\t\t\t\t\t\t\t\t<figure class=\"wp-caption\">\n\t\t\t\t\t\t\t\t\t\t<img loading=\"lazy\" decoding=\"async\" width=\"800\" height=\"533\" src=\"https:\/\/www.elturistatranquil.com\/wp-content\/uploads\/F79-Castillo-de-Lorca-Torre-Alfonsina-1.jpg\" class=\"attachment-large size-large wp-image-16462\" alt=\"\" srcset=\"https:\/\/www.elturistatranquil.com\/wp-content\/uploads\/F79-Castillo-de-Lorca-Torre-Alfonsina-1.jpg 800w, https:\/\/www.elturistatranquil.com\/wp-content\/uploads\/F79-Castillo-de-Lorca-Torre-Alfonsina-1-768x512.jpg 768w\" sizes=\"(max-width: 800px) 100vw, 800px\" \/>\t\t\t\t\t\t\t\t\t\t\t<figcaption class=\"widget-image-caption wp-caption-text\"><\/figcaption>\n\t\t\t\t\t\t\t\t\t\t<\/figure>\n\t\t\t\t\t\t\t\t\t<\/div>\n\t\t\t\t<\/div>\n\t\t\t\t<div class=\"elementor-element elementor-element-54e6c59 elementor-widget elementor-widget-image\" data-id=\"54e6c59\" data-element_type=\"widget\" data-e-type=\"widget\" data-widget_type=\"image.default\">\n\t\t\t\t<div class=\"elementor-widget-container\">\n\t\t\t\t\t\t\t\t\t\t\t\t<figure class=\"wp-caption\">\n\t\t\t\t\t\t\t\t\t\t<img loading=\"lazy\" decoding=\"async\" width=\"800\" height=\"533\" src=\"https:\/\/www.elturistatranquil.com\/wp-content\/uploads\/F80-Castillo-de-Lorca-Torre-Alfonsina-1.jpg\" class=\"attachment-large size-large wp-image-16464\" alt=\"\" srcset=\"https:\/\/www.elturistatranquil.com\/wp-content\/uploads\/F80-Castillo-de-Lorca-Torre-Alfonsina-1.jpg 800w, https:\/\/www.elturistatranquil.com\/wp-content\/uploads\/F80-Castillo-de-Lorca-Torre-Alfonsina-1-768x512.jpg 768w\" sizes=\"(max-width: 800px) 100vw, 800px\" \/>\t\t\t\t\t\t\t\t\t\t\t<figcaption class=\"widget-image-caption wp-caption-text\"><\/figcaption>\n\t\t\t\t\t\t\t\t\t\t<\/figure>\n\t\t\t\t\t\t\t\t\t<\/div>\n\t\t\t\t<\/div>\n\t\t\t\t<div class=\"elementor-element elementor-element-e803b48 elementor-widget elementor-widget-text-editor\" data-id=\"e803b48\" data-element_type=\"widget\" data-e-type=\"widget\" data-widget_type=\"text-editor.default\">\n\t\t\t\t<div class=\"elementor-widget-container\">\n\t\t\t\t\t\t\t\t\t<p>Tres van ser les torres que es van construir en \u00e8poca d&#8217;Alfons X, la del Espol\u00f3n, una altra desapareguda, i aquesta, La Alfonsina.<\/p><p>La m\u00e9s important ser\u00e0 la <strong>Torre de l&#8217;Homenatge<\/strong> o <strong>Torre Alfonsina<\/strong> (<strong>26<\/strong>), manada construir pel rei Alfons X en la segona meitat del segle XIII per a residir-hi durant les seves estades a Lorca, d&#8217;aqu\u00ed el seu nom.<\/p><p>Al\u00e7ada en el lloc que ocupava una de les torres albarranes \u00e0rabs, en el punt de major altitud de tot el recinte. Es va construir de nova planta i de majors dimensions que la precedent.<\/p><p>\u00a0L&#8217;entrada est\u00e0 protegida per un doble pati emmurallat, formant un recinte tancat, o alc\u00e0sser, dins el recinte general. El pati de davant de la torre, o pati d&#8217;armes, cont\u00e9 un petit aljub.<\/p>\t\t\t\t\t\t\t\t<\/div>\n\t\t\t\t<\/div>\n\t\t\t\t<div class=\"elementor-element elementor-element-36f0743e elementor-widget elementor-widget-image\" data-id=\"36f0743e\" data-element_type=\"widget\" data-e-type=\"widget\" data-widget_type=\"image.default\">\n\t\t\t\t<div class=\"elementor-widget-container\">\n\t\t\t\t\t\t\t\t\t\t\t\t<figure class=\"wp-caption\">\n\t\t\t\t\t\t\t\t\t\t<img loading=\"lazy\" decoding=\"async\" width=\"800\" height=\"533\" src=\"https:\/\/www.elturistatranquil.com\/wp-content\/uploads\/F81-Castillo-de-Lorca-Torre-Alfonsina-1.jpg\" class=\"attachment-large size-large wp-image-16466\" alt=\"\" srcset=\"https:\/\/www.elturistatranquil.com\/wp-content\/uploads\/F81-Castillo-de-Lorca-Torre-Alfonsina-1.jpg 800w, https:\/\/www.elturistatranquil.com\/wp-content\/uploads\/F81-Castillo-de-Lorca-Torre-Alfonsina-1-768x512.jpg 768w\" sizes=\"(max-width: 800px) 100vw, 800px\" \/>\t\t\t\t\t\t\t\t\t\t\t<figcaption class=\"widget-image-caption wp-caption-text\"><\/figcaption>\n\t\t\t\t\t\t\t\t\t\t<\/figure>\n\t\t\t\t\t\t\t\t\t<\/div>\n\t\t\t\t<\/div>\n\t\t\t\t<div class=\"elementor-element elementor-element-5ee51ae1 elementor-widget elementor-widget-image\" data-id=\"5ee51ae1\" data-element_type=\"widget\" data-e-type=\"widget\" data-widget_type=\"image.default\">\n\t\t\t\t<div class=\"elementor-widget-container\">\n\t\t\t\t\t\t\t\t\t\t\t\t<figure class=\"wp-caption\">\n\t\t\t\t\t\t\t\t\t\t<img loading=\"lazy\" decoding=\"async\" width=\"800\" height=\"533\" src=\"https:\/\/www.elturistatranquil.com\/wp-content\/uploads\/F82-Castillo-de-Lorca-Torre-Alfonsina-1.jpg\" class=\"attachment-large size-large wp-image-16468\" alt=\"\" srcset=\"https:\/\/www.elturistatranquil.com\/wp-content\/uploads\/F82-Castillo-de-Lorca-Torre-Alfonsina-1.jpg 800w, https:\/\/www.elturistatranquil.com\/wp-content\/uploads\/F82-Castillo-de-Lorca-Torre-Alfonsina-1-768x512.jpg 768w\" sizes=\"(max-width: 800px) 100vw, 800px\" \/>\t\t\t\t\t\t\t\t\t\t\t<figcaption class=\"widget-image-caption wp-caption-text\"><\/figcaption>\n\t\t\t\t\t\t\t\t\t\t<\/figure>\n\t\t\t\t\t\t\t\t\t<\/div>\n\t\t\t\t<\/div>\n\t\t\t\t<div class=\"elementor-element elementor-element-317114b9 elementor-widget elementor-widget-text-editor\" data-id=\"317114b9\" data-element_type=\"widget\" data-e-type=\"widget\" data-widget_type=\"text-editor.default\">\n\t\t\t\t<div class=\"elementor-widget-container\">\n\t\t\t\t\t\t\t\t\t<p>De 30 metres d&#8217;al\u00e7ada, amb tres nivells i una terrassa, s&#8217;articula al voltant d&#8217;un pilar central (mach\u00f3n) compacte rectangular de carreus i ma\u00e7oneria, i amb un per\u00edmetre exterior rectangular de 6 x 3.25 metres.<\/p>\t\t\t\t\t\t\t\t<\/div>\n\t\t\t\t<\/div>\n\t\t\t\t<div class=\"elementor-element elementor-element-2942e410 elementor-widget elementor-widget-image\" data-id=\"2942e410\" data-element_type=\"widget\" data-e-type=\"widget\" data-widget_type=\"image.default\">\n\t\t\t\t<div class=\"elementor-widget-container\">\n\t\t\t\t\t\t\t\t\t\t\t\t<figure class=\"wp-caption\">\n\t\t\t\t\t\t\t\t\t\t<img loading=\"lazy\" decoding=\"async\" width=\"366\" height=\"550\" src=\"https:\/\/www.elturistatranquil.com\/wp-content\/uploads\/F83-Castillo-de-Lorca-Torre-Alfonsina-1.jpg\" class=\"attachment-large size-large wp-image-16470\" alt=\"\" \/>\t\t\t\t\t\t\t\t\t\t\t<figcaption class=\"widget-image-caption wp-caption-text\"><\/figcaption>\n\t\t\t\t\t\t\t\t\t\t<\/figure>\n\t\t\t\t\t\t\t\t\t<\/div>\n\t\t\t\t<\/div>\n\t\t\t\t<div class=\"elementor-element elementor-element-6267e71b elementor-widget elementor-widget-text-editor\" data-id=\"6267e71b\" data-element_type=\"widget\" data-e-type=\"widget\" data-widget_type=\"text-editor.default\">\n\t\t\t\t<div class=\"elementor-widget-container\">\n\t\t\t\t\t\t\t\t\t<p>Una porta amb llinda d\u00f3na acc\u00e9s a la torre.<\/p>\t\t\t\t\t\t\t\t<\/div>\n\t\t\t\t<\/div>\n\t\t\t\t<div class=\"elementor-element elementor-element-33eac30b elementor-widget elementor-widget-image\" data-id=\"33eac30b\" data-element_type=\"widget\" data-e-type=\"widget\" data-widget_type=\"image.default\">\n\t\t\t\t<div class=\"elementor-widget-container\">\n\t\t\t\t\t\t\t\t\t\t\t\t<figure class=\"wp-caption\">\n\t\t\t\t\t\t\t\t\t\t<img loading=\"lazy\" decoding=\"async\" width=\"800\" height=\"533\" src=\"https:\/\/www.elturistatranquil.com\/wp-content\/uploads\/F84-Castillo-de-Lorca-Torre-Alfonsina-1.jpg\" class=\"attachment-large size-large wp-image-16472\" alt=\"\" srcset=\"https:\/\/www.elturistatranquil.com\/wp-content\/uploads\/F84-Castillo-de-Lorca-Torre-Alfonsina-1.jpg 800w, https:\/\/www.elturistatranquil.com\/wp-content\/uploads\/F84-Castillo-de-Lorca-Torre-Alfonsina-1-768x512.jpg 768w\" sizes=\"(max-width: 800px) 100vw, 800px\" \/>\t\t\t\t\t\t\t\t\t\t\t<figcaption class=\"widget-image-caption wp-caption-text\"><\/figcaption>\n\t\t\t\t\t\t\t\t\t\t<\/figure>\n\t\t\t\t\t\t\t\t\t<\/div>\n\t\t\t\t<\/div>\n\t\t\t\t<div class=\"elementor-element elementor-element-538a8301 elementor-widget elementor-widget-text-editor\" data-id=\"538a8301\" data-element_type=\"widget\" data-e-type=\"widget\" data-widget_type=\"text-editor.default\">\n\t\t\t\t<div class=\"elementor-widget-container\">\n\t\t\t\t\t\t\t\t\t<p>El finestral superior assenyala la localitzaci\u00f3 de la tercera planta, la residencial real.<\/p>\t\t\t\t\t\t\t\t<\/div>\n\t\t\t\t<\/div>\n\t\t\t\t<div class=\"elementor-element elementor-element-434e5c17 elementor-widget elementor-widget-image\" data-id=\"434e5c17\" data-element_type=\"widget\" data-e-type=\"widget\" data-widget_type=\"image.default\">\n\t\t\t\t<div class=\"elementor-widget-container\">\n\t\t\t\t\t\t\t\t\t\t\t\t<figure class=\"wp-caption\">\n\t\t\t\t\t\t\t\t\t\t<img loading=\"lazy\" decoding=\"async\" width=\"800\" height=\"533\" src=\"https:\/\/www.elturistatranquil.com\/wp-content\/uploads\/F85-Castillo-de-Lorca-Torre-Alfonsina-1.jpg\" class=\"attachment-large size-large wp-image-16474\" alt=\"\" srcset=\"https:\/\/www.elturistatranquil.com\/wp-content\/uploads\/F85-Castillo-de-Lorca-Torre-Alfonsina-1.jpg 800w, https:\/\/www.elturistatranquil.com\/wp-content\/uploads\/F85-Castillo-de-Lorca-Torre-Alfonsina-1-768x512.jpg 768w\" sizes=\"(max-width: 800px) 100vw, 800px\" \/>\t\t\t\t\t\t\t\t\t\t\t<figcaption class=\"widget-image-caption wp-caption-text\"><\/figcaption>\n\t\t\t\t\t\t\t\t\t\t<\/figure>\n\t\t\t\t\t\t\t\t\t<\/div>\n\t\t\t\t<\/div>\n\t\t\t\t<div class=\"elementor-element elementor-element-7c85b832 elementor-widget elementor-widget-text-editor\" data-id=\"7c85b832\" data-element_type=\"widget\" data-e-type=\"widget\" data-widget_type=\"text-editor.default\">\n\t\t\t\t<div class=\"elementor-widget-container\">\n\t\t\t\t\t\t\t\t\t<p>Les dues primeres plantes s&#8217;il\u00b7luminen a trav\u00e9s de sageteres, mentre que la tercera planta, per a la resid\u00e8ncia reial, t\u00e9 grans finestrals que permeten il\u00b7luminar i dotar d&#8217;una immillorable vista a la qu\u00e8 seria l&#8217;estan\u00e7a principal de la torre.<\/p><p>Per accedir a totes les plantes i a la terrassa superior es va realitzar una escala de 114 esglaons a l&#8217;interior dels murs, de 4 metres, que formen les fa\u00e7anes orientades a l&#8217;est, sud i oest, il\u00b7luminada per estretes espitlleres i la finestra de la segona planta.<\/p><p>A l&#8217;esquerra de l&#8217;entrada comen\u00e7a l&#8217;escala. La dist\u00e0ncia fins a la cantonada de la paret interior permet apreciar el gruix del mur.<\/p>\t\t\t\t\t\t\t\t<\/div>\n\t\t\t\t<\/div>\n\t\t\t\t<div class=\"elementor-element elementor-element-7d71454a elementor-widget elementor-widget-image\" data-id=\"7d71454a\" data-element_type=\"widget\" data-e-type=\"widget\" data-widget_type=\"image.default\">\n\t\t\t\t<div class=\"elementor-widget-container\">\n\t\t\t\t\t\t\t\t\t\t\t\t<figure class=\"wp-caption\">\n\t\t\t\t\t\t\t\t\t\t<img loading=\"lazy\" decoding=\"async\" width=\"388\" height=\"550\" src=\"https:\/\/www.elturistatranquil.com\/wp-content\/uploads\/F86-Castillo-de-Lorca-Torre-Alfonsina-1.jpg\" class=\"attachment-large size-large wp-image-16476\" alt=\"\" \/>\t\t\t\t\t\t\t\t\t\t\t<figcaption class=\"widget-image-caption wp-caption-text\"><\/figcaption>\n\t\t\t\t\t\t\t\t\t\t<\/figure>\n\t\t\t\t\t\t\t\t\t<\/div>\n\t\t\t\t<\/div>\n\t\t\t\t<section class=\"elementor-section elementor-inner-section elementor-element elementor-element-6f95acfc elementor-section-boxed elementor-section-height-default elementor-section-height-default\" data-id=\"6f95acfc\" data-element_type=\"section\" data-e-type=\"section\">\n\t\t\t\t\t\t<div class=\"elementor-container elementor-column-gap-default\">\n\t\t\t\t\t<div class=\"elementor-column elementor-col-50 elementor-inner-column elementor-element elementor-element-27dcee55\" data-id=\"27dcee55\" data-element_type=\"column\" data-e-type=\"column\">\n\t\t\t<div class=\"elementor-widget-wrap elementor-element-populated\">\n\t\t\t\t\t\t<div class=\"elementor-element elementor-element-ffcffab elementor-widget elementor-widget-image\" data-id=\"ffcffab\" data-element_type=\"widget\" data-e-type=\"widget\" data-widget_type=\"image.default\">\n\t\t\t\t<div class=\"elementor-widget-container\">\n\t\t\t\t\t\t\t\t\t\t\t\t\t\t\t<img loading=\"lazy\" decoding=\"async\" width=\"366\" height=\"550\" src=\"https:\/\/www.elturistatranquil.com\/wp-content\/uploads\/F87-Castillo-de-Lorca-Torre-Alfonsina-1.jpg\" class=\"attachment-large size-large wp-image-16478\" alt=\"\" \/>\t\t\t\t\t\t\t\t\t\t\t\t\t\t\t<\/div>\n\t\t\t\t<\/div>\n\t\t\t\t\t<\/div>\n\t\t<\/div>\n\t\t\t\t<div class=\"elementor-column elementor-col-50 elementor-inner-column elementor-element elementor-element-43e024f9\" data-id=\"43e024f9\" data-element_type=\"column\" data-e-type=\"column\">\n\t\t\t<div class=\"elementor-widget-wrap elementor-element-populated\">\n\t\t\t\t\t\t<div class=\"elementor-element elementor-element-2a7119fe elementor-widget elementor-widget-image\" data-id=\"2a7119fe\" data-element_type=\"widget\" data-e-type=\"widget\" data-widget_type=\"image.default\">\n\t\t\t\t<div class=\"elementor-widget-container\">\n\t\t\t\t\t\t\t\t\t\t\t\t\t\t\t<img loading=\"lazy\" decoding=\"async\" width=\"366\" height=\"550\" src=\"https:\/\/www.elturistatranquil.com\/wp-content\/uploads\/F88-Castillo-de-Lorca-Torre-Alfonsina-1.jpg\" class=\"attachment-large size-large wp-image-16480\" alt=\"\" \/>\t\t\t\t\t\t\t\t\t\t\t\t\t\t\t<\/div>\n\t\t\t\t<\/div>\n\t\t\t\t\t<\/div>\n\t\t<\/div>\n\t\t\t\t\t<\/div>\n\t\t<\/section>\n\t\t\t\t<div class=\"elementor-element elementor-element-28ed1ab3 elementor-widget elementor-widget-spacer\" data-id=\"28ed1ab3\" data-element_type=\"widget\" data-e-type=\"widget\" data-widget_type=\"spacer.default\">\n\t\t\t\t<div class=\"elementor-widget-container\">\n\t\t\t\t\t\t\t<div class=\"elementor-spacer\">\n\t\t\t<div class=\"elementor-spacer-inner\"><\/div>\n\t\t<\/div>\n\t\t\t\t\t\t<\/div>\n\t\t\t\t<\/div>\n\t\t\t\t<div class=\"elementor-element elementor-element-1e1f0213 elementor-widget elementor-widget-text-editor\" data-id=\"1e1f0213\" data-element_type=\"widget\" data-e-type=\"widget\" data-widget_type=\"text-editor.default\">\n\t\t\t\t<div class=\"elementor-widget-container\">\n\t\t\t\t\t\t\t\t\t<p>Les plantes de cada nivell s\u00f3n id\u00e8ntiques, formades per un ampli passad\u00eds quadrangular al voltant del pilar central i d&#8217;uns 8 metres d&#8217;al\u00e7ada.<\/p>\t\t\t\t\t\t\t\t<\/div>\n\t\t\t\t<\/div>\n\t\t\t\t<div class=\"elementor-element elementor-element-643993a5 elementor-widget elementor-widget-image\" data-id=\"643993a5\" data-element_type=\"widget\" data-e-type=\"widget\" data-widget_type=\"image.default\">\n\t\t\t\t<div class=\"elementor-widget-container\">\n\t\t\t\t\t\t\t\t\t\t\t\t<figure class=\"wp-caption\">\n\t\t\t\t\t\t\t\t\t\t<img loading=\"lazy\" decoding=\"async\" width=\"800\" height=\"271\" src=\"https:\/\/www.elturistatranquil.com\/wp-content\/uploads\/F89-Castillo-de-Lorca-Torre-Alfonsina-Francisco-Jurado-Jim\u00e9nez-1.jpg\" class=\"attachment-large size-large wp-image-16482\" alt=\"\" srcset=\"https:\/\/www.elturistatranquil.com\/wp-content\/uploads\/F89-Castillo-de-Lorca-Torre-Alfonsina-Francisco-Jurado-Jim\u00e9nez-1.jpg 800w, https:\/\/www.elturistatranquil.com\/wp-content\/uploads\/F89-Castillo-de-Lorca-Torre-Alfonsina-Francisco-Jurado-Jim\u00e9nez-1-768x260.jpg 768w\" sizes=\"(max-width: 800px) 100vw, 800px\" \/>\t\t\t\t\t\t\t\t\t\t\t<figcaption class=\"widget-image-caption wp-caption-text\">Planta de la torre Alfonsina, esquema del desenvolupament de l'escala perimetral dins el mur i volumetria interior seccionada. (Font: Francisco Jurado Jim\u00e9nez) <\/figcaption>\n\t\t\t\t\t\t\t\t\t\t<\/figure>\n\t\t\t\t\t\t\t\t\t<\/div>\n\t\t\t\t<\/div>\n\t\t\t\t<div class=\"elementor-element elementor-element-41ea7f6f elementor-widget elementor-widget-text-editor\" data-id=\"41ea7f6f\" data-element_type=\"widget\" data-e-type=\"widget\" data-widget_type=\"text-editor.default\">\n\t\t\t\t<div class=\"elementor-widget-container\">\n\t\t\t\t\t\t\t\t\t<p>Les cobertes estan realitzades mitjan\u00e7ant una volta esquifada de ma\u00f3. A la fotografia s&#8217;observa l&#8217;entrada de llum a trav\u00e9s de la sagetera.<\/p>\t\t\t\t\t\t\t\t<\/div>\n\t\t\t\t<\/div>\n\t\t\t\t<div class=\"elementor-element elementor-element-660b42fe elementor-widget elementor-widget-image\" data-id=\"660b42fe\" data-element_type=\"widget\" data-e-type=\"widget\" data-widget_type=\"image.default\">\n\t\t\t\t<div class=\"elementor-widget-container\">\n\t\t\t\t\t\t\t\t\t\t\t\t<figure class=\"wp-caption\">\n\t\t\t\t\t\t\t\t\t\t<img loading=\"lazy\" decoding=\"async\" width=\"606\" height=\"550\" src=\"https:\/\/www.elturistatranquil.com\/wp-content\/uploads\/F89-Castillo-de-Lorca-Torre-Alfonsina-1.jpg\" class=\"attachment-large size-large wp-image-16484\" alt=\"\" \/>\t\t\t\t\t\t\t\t\t\t\t<figcaption class=\"widget-image-caption wp-caption-text\"><\/figcaption>\n\t\t\t\t\t\t\t\t\t\t<\/figure>\n\t\t\t\t\t\t\t\t\t<\/div>\n\t\t\t\t<\/div>\n\t\t\t\t<div class=\"elementor-element elementor-element-3677419f elementor-widget elementor-widget-image\" data-id=\"3677419f\" data-element_type=\"widget\" data-e-type=\"widget\" data-widget_type=\"image.default\">\n\t\t\t\t<div class=\"elementor-widget-container\">\n\t\t\t\t\t\t\t\t\t\t\t\t<figure class=\"wp-caption\">\n\t\t\t\t\t\t\t\t\t\t<img loading=\"lazy\" decoding=\"async\" width=\"800\" height=\"533\" src=\"https:\/\/www.elturistatranquil.com\/wp-content\/uploads\/F90-Castillo-de-Lorca-Torre-Alfonsina-1.jpg\" class=\"attachment-large size-large wp-image-16486\" alt=\"\" srcset=\"https:\/\/www.elturistatranquil.com\/wp-content\/uploads\/F90-Castillo-de-Lorca-Torre-Alfonsina-1.jpg 800w, https:\/\/www.elturistatranquil.com\/wp-content\/uploads\/F90-Castillo-de-Lorca-Torre-Alfonsina-1-768x512.jpg 768w\" sizes=\"(max-width: 800px) 100vw, 800px\" \/>\t\t\t\t\t\t\t\t\t\t\t<figcaption class=\"widget-image-caption wp-caption-text\"><\/figcaption>\n\t\t\t\t\t\t\t\t\t\t<\/figure>\n\t\t\t\t\t\t\t\t\t<\/div>\n\t\t\t\t<\/div>\n\t\t\t\t<div class=\"elementor-element elementor-element-1d3c7173 elementor-widget elementor-widget-text-editor\" data-id=\"1d3c7173\" data-element_type=\"widget\" data-e-type=\"widget\" data-widget_type=\"text-editor.default\">\n\t\t\t\t<div class=\"elementor-widget-container\">\n\t\t\t\t\t\t\t\t\t<p>La primera planta, o planta baixa, cont\u00e9 una exposici\u00f3 dedicada a la reconquesta.<\/p>\t\t\t\t\t\t\t\t<\/div>\n\t\t\t\t<\/div>\n\t\t\t\t<div class=\"elementor-element elementor-element-6a943262 elementor-widget elementor-widget-image\" data-id=\"6a943262\" data-element_type=\"widget\" data-e-type=\"widget\" data-widget_type=\"image.default\">\n\t\t\t\t<div class=\"elementor-widget-container\">\n\t\t\t\t\t\t\t\t\t\t\t\t<figure class=\"wp-caption\">\n\t\t\t\t\t\t\t\t\t\t<img loading=\"lazy\" decoding=\"async\" width=\"434\" height=\"550\" src=\"https:\/\/www.elturistatranquil.com\/wp-content\/uploads\/F91-Castillo-de-Lorca-Torre-Alfonsina-1.jpg\" class=\"attachment-large size-large wp-image-16488\" alt=\"\" \/>\t\t\t\t\t\t\t\t\t\t\t<figcaption class=\"widget-image-caption wp-caption-text\"><\/figcaption>\n\t\t\t\t\t\t\t\t\t\t<\/figure>\n\t\t\t\t\t\t\t\t\t<\/div>\n\t\t\t\t<\/div>\n\t\t\t\t<div class=\"elementor-element elementor-element-426f00a2 elementor-widget elementor-widget-text-editor\" data-id=\"426f00a2\" data-element_type=\"widget\" data-e-type=\"widget\" data-widget_type=\"text-editor.default\">\n\t\t\t\t<div class=\"elementor-widget-container\">\n\t\t\t\t\t\t\t\t\t<p>A la segona planta, una altra exposici\u00f3, est\u00e0 dedicada al rei Savi, amb la Il\u00b7luminaci\u00f3 per sageteres.<\/p>\t\t\t\t\t\t\t\t<\/div>\n\t\t\t\t<\/div>\n\t\t\t\t<div class=\"elementor-element elementor-element-5261c280 elementor-widget elementor-widget-image\" data-id=\"5261c280\" data-element_type=\"widget\" data-e-type=\"widget\" data-widget_type=\"image.default\">\n\t\t\t\t<div class=\"elementor-widget-container\">\n\t\t\t\t\t\t\t\t\t\t\t\t<figure class=\"wp-caption\">\n\t\t\t\t\t\t\t\t\t\t<img loading=\"lazy\" decoding=\"async\" width=\"366\" height=\"550\" src=\"https:\/\/www.elturistatranquil.com\/wp-content\/uploads\/F92-Castillo-de-Lorca-Torre-Alfonsina-1.jpg\" class=\"attachment-large size-large wp-image-16490\" alt=\"\" \/>\t\t\t\t\t\t\t\t\t\t\t<figcaption class=\"widget-image-caption wp-caption-text\"><\/figcaption>\n\t\t\t\t\t\t\t\t\t\t<\/figure>\n\t\t\t\t\t\t\t\t\t<\/div>\n\t\t\t\t<\/div>\n\t\t\t\t<div class=\"elementor-element elementor-element-271c5219 elementor-widget elementor-widget-image\" data-id=\"271c5219\" data-element_type=\"widget\" data-e-type=\"widget\" data-widget_type=\"image.default\">\n\t\t\t\t<div class=\"elementor-widget-container\">\n\t\t\t\t\t\t\t\t\t\t\t\t<figure class=\"wp-caption\">\n\t\t\t\t\t\t\t\t\t\t<img loading=\"lazy\" decoding=\"async\" width=\"800\" height=\"533\" src=\"https:\/\/www.elturistatranquil.com\/wp-content\/uploads\/F93-Castillo-de-Lorca-Torre-Alfonsina-2.jpg\" class=\"attachment-large size-large wp-image-16492\" alt=\"\" srcset=\"https:\/\/www.elturistatranquil.com\/wp-content\/uploads\/F93-Castillo-de-Lorca-Torre-Alfonsina-2.jpg 800w, https:\/\/www.elturistatranquil.com\/wp-content\/uploads\/F93-Castillo-de-Lorca-Torre-Alfonsina-2-768x512.jpg 768w\" sizes=\"(max-width: 800px) 100vw, 800px\" \/>\t\t\t\t\t\t\t\t\t\t\t<figcaption class=\"widget-image-caption wp-caption-text\"><\/figcaption>\n\t\t\t\t\t\t\t\t\t\t<\/figure>\n\t\t\t\t\t\t\t\t\t<\/div>\n\t\t\t\t<\/div>\n\t\t\t\t<div class=\"elementor-element elementor-element-6a464d1 elementor-widget elementor-widget-image\" data-id=\"6a464d1\" data-element_type=\"widget\" data-e-type=\"widget\" data-widget_type=\"image.default\">\n\t\t\t\t<div class=\"elementor-widget-container\">\n\t\t\t\t\t\t\t\t\t\t\t\t<figure class=\"wp-caption\">\n\t\t\t\t\t\t\t\t\t\t<img loading=\"lazy\" decoding=\"async\" width=\"800\" height=\"533\" src=\"https:\/\/www.elturistatranquil.com\/wp-content\/uploads\/F94-Castillo-de-Lorca-Torre-Alfonsina-1.jpg\" class=\"attachment-large size-large wp-image-16494\" alt=\"\" srcset=\"https:\/\/www.elturistatranquil.com\/wp-content\/uploads\/F94-Castillo-de-Lorca-Torre-Alfonsina-1.jpg 800w, https:\/\/www.elturistatranquil.com\/wp-content\/uploads\/F94-Castillo-de-Lorca-Torre-Alfonsina-1-768x512.jpg 768w\" sizes=\"(max-width: 800px) 100vw, 800px\" \/>\t\t\t\t\t\t\t\t\t\t\t<figcaption class=\"widget-image-caption wp-caption-text\"><\/figcaption>\n\t\t\t\t\t\t\t\t\t\t<\/figure>\n\t\t\t\t\t\t\t\t\t<\/div>\n\t\t\t\t<\/div>\n\t\t\t\t<div class=\"elementor-element elementor-element-657bf5dc elementor-widget elementor-widget-text-editor\" data-id=\"657bf5dc\" data-element_type=\"widget\" data-e-type=\"widget\" data-widget_type=\"text-editor.default\">\n\t\t\t\t<div class=\"elementor-widget-container\">\n\t\t\t\t\t\t\t\t\t<p>Aquesta petita mostra ressalta els atributs culturals del Rei Savi i de les <em>Cantigas<\/em>.<\/p>\t\t\t\t\t\t\t\t<\/div>\n\t\t\t\t<\/div>\n\t\t\t\t<div class=\"elementor-element elementor-element-63bcec67 elementor-widget elementor-widget-image\" data-id=\"63bcec67\" data-element_type=\"widget\" data-e-type=\"widget\" data-widget_type=\"image.default\">\n\t\t\t\t<div class=\"elementor-widget-container\">\n\t\t\t\t\t\t\t\t\t\t\t\t<figure class=\"wp-caption\">\n\t\t\t\t\t\t\t\t\t\t<img loading=\"lazy\" decoding=\"async\" width=\"800\" height=\"533\" src=\"https:\/\/www.elturistatranquil.com\/wp-content\/uploads\/F95-Castillo-de-Lorca-Torre-Alfonsina-1.jpg\" class=\"attachment-large size-large wp-image-16496\" alt=\"\" srcset=\"https:\/\/www.elturistatranquil.com\/wp-content\/uploads\/F95-Castillo-de-Lorca-Torre-Alfonsina-1.jpg 800w, https:\/\/www.elturistatranquil.com\/wp-content\/uploads\/F95-Castillo-de-Lorca-Torre-Alfonsina-1-768x512.jpg 768w\" sizes=\"(max-width: 800px) 100vw, 800px\" \/>\t\t\t\t\t\t\t\t\t\t\t<figcaption class=\"widget-image-caption wp-caption-text\"><\/figcaption>\n\t\t\t\t\t\t\t\t\t\t<\/figure>\n\t\t\t\t\t\t\t\t\t<\/div>\n\t\t\t\t<\/div>\n\t\t\t\t<div class=\"elementor-element elementor-element-d82c2d2 elementor-widget elementor-widget-image\" data-id=\"d82c2d2\" data-element_type=\"widget\" data-e-type=\"widget\" data-widget_type=\"image.default\">\n\t\t\t\t<div class=\"elementor-widget-container\">\n\t\t\t\t\t\t\t\t\t\t\t\t<figure class=\"wp-caption\">\n\t\t\t\t\t\t\t\t\t\t<img loading=\"lazy\" decoding=\"async\" width=\"800\" height=\"533\" src=\"https:\/\/www.elturistatranquil.com\/wp-content\/uploads\/F97-Castillo-de-Lorca-Torre-Alfonsina-2.jpg\" class=\"attachment-large size-large wp-image-16498\" alt=\"\" srcset=\"https:\/\/www.elturistatranquil.com\/wp-content\/uploads\/F97-Castillo-de-Lorca-Torre-Alfonsina-2.jpg 800w, https:\/\/www.elturistatranquil.com\/wp-content\/uploads\/F97-Castillo-de-Lorca-Torre-Alfonsina-2-768x512.jpg 768w\" sizes=\"(max-width: 800px) 100vw, 800px\" \/>\t\t\t\t\t\t\t\t\t\t\t<figcaption class=\"widget-image-caption wp-caption-text\"><\/figcaption>\n\t\t\t\t\t\t\t\t\t\t<\/figure>\n\t\t\t\t\t\t\t\t\t<\/div>\n\t\t\t\t<\/div>\n\t\t\t\t<div class=\"elementor-element elementor-element-74b19ad1 elementor-widget elementor-widget-image\" data-id=\"74b19ad1\" data-element_type=\"widget\" data-e-type=\"widget\" data-widget_type=\"image.default\">\n\t\t\t\t<div class=\"elementor-widget-container\">\n\t\t\t\t\t\t\t\t\t\t\t\t<figure class=\"wp-caption\">\n\t\t\t\t\t\t\t\t\t\t<img loading=\"lazy\" decoding=\"async\" width=\"800\" height=\"533\" src=\"https:\/\/www.elturistatranquil.com\/wp-content\/uploads\/F97-Castillo-de-Lorca-Torre-Alfonsina-1-1.jpg\" class=\"attachment-large size-large wp-image-16500\" alt=\"\" srcset=\"https:\/\/www.elturistatranquil.com\/wp-content\/uploads\/F97-Castillo-de-Lorca-Torre-Alfonsina-1-1.jpg 800w, https:\/\/www.elturistatranquil.com\/wp-content\/uploads\/F97-Castillo-de-Lorca-Torre-Alfonsina-1-1-768x512.jpg 768w\" sizes=\"(max-width: 800px) 100vw, 800px\" \/>\t\t\t\t\t\t\t\t\t\t\t<figcaption class=\"widget-image-caption wp-caption-text\"><\/figcaption>\n\t\t\t\t\t\t\t\t\t\t<\/figure>\n\t\t\t\t\t\t\t\t\t<\/div>\n\t\t\t\t<\/div>\n\t\t\t\t<div class=\"elementor-element elementor-element-3e5ba5de elementor-widget elementor-widget-image\" data-id=\"3e5ba5de\" data-element_type=\"widget\" data-e-type=\"widget\" data-widget_type=\"image.default\">\n\t\t\t\t<div class=\"elementor-widget-container\">\n\t\t\t\t\t\t\t\t\t\t\t\t<figure class=\"wp-caption\">\n\t\t\t\t\t\t\t\t\t\t<img loading=\"lazy\" decoding=\"async\" width=\"800\" height=\"533\" src=\"https:\/\/www.elturistatranquil.com\/wp-content\/uploads\/F98-Castillo-de-Lorca-Torre-Alfonsina-1.jpg\" class=\"attachment-large size-large wp-image-16502\" alt=\"\" srcset=\"https:\/\/www.elturistatranquil.com\/wp-content\/uploads\/F98-Castillo-de-Lorca-Torre-Alfonsina-1.jpg 800w, https:\/\/www.elturistatranquil.com\/wp-content\/uploads\/F98-Castillo-de-Lorca-Torre-Alfonsina-1-768x512.jpg 768w\" sizes=\"(max-width: 800px) 100vw, 800px\" \/>\t\t\t\t\t\t\t\t\t\t\t<figcaption class=\"widget-image-caption wp-caption-text\"><\/figcaption>\n\t\t\t\t\t\t\t\t\t\t<\/figure>\n\t\t\t\t\t\t\t\t\t<\/div>\n\t\t\t\t<\/div>\n\t\t\t\t<div class=\"elementor-element elementor-element-692a4758 elementor-widget elementor-widget-text-editor\" data-id=\"692a4758\" data-element_type=\"widget\" data-e-type=\"widget\" data-widget_type=\"text-editor.default\">\n\t\t\t\t<div class=\"elementor-widget-container\">\n\t\t\t\t\t\t\t\t\t<p>Tercera planta superior, \u00e0rea de resid\u00e8ncia reial, amb una finestra per costat, que il\u00b7luminen plenament l&#8217;espai.<\/p>\t\t\t\t\t\t\t\t<\/div>\n\t\t\t\t<\/div>\n\t\t\t\t<div class=\"elementor-element elementor-element-5bcee5c1 elementor-widget elementor-widget-image\" data-id=\"5bcee5c1\" data-element_type=\"widget\" data-e-type=\"widget\" data-widget_type=\"image.default\">\n\t\t\t\t<div class=\"elementor-widget-container\">\n\t\t\t\t\t\t\t\t\t\t\t\t<figure class=\"wp-caption\">\n\t\t\t\t\t\t\t\t\t\t<img loading=\"lazy\" decoding=\"async\" width=\"800\" height=\"533\" src=\"https:\/\/www.elturistatranquil.com\/wp-content\/uploads\/F99-Castillo-de-Lorca-Torre-Alfonsina-1.jpg\" class=\"attachment-large size-large wp-image-16504\" alt=\"\" srcset=\"https:\/\/www.elturistatranquil.com\/wp-content\/uploads\/F99-Castillo-de-Lorca-Torre-Alfonsina-1.jpg 800w, https:\/\/www.elturistatranquil.com\/wp-content\/uploads\/F99-Castillo-de-Lorca-Torre-Alfonsina-1-768x512.jpg 768w\" sizes=\"(max-width: 800px) 100vw, 800px\" \/>\t\t\t\t\t\t\t\t\t\t\t<figcaption class=\"widget-image-caption wp-caption-text\"><\/figcaption>\n\t\t\t\t\t\t\t\t\t\t<\/figure>\n\t\t\t\t\t\t\t\t\t<\/div>\n\t\t\t\t<\/div>\n\t\t\t\t<div class=\"elementor-element elementor-element-705b2ecc elementor-widget elementor-widget-text-editor\" data-id=\"705b2ecc\" data-element_type=\"widget\" data-e-type=\"widget\" data-widget_type=\"text-editor.default\">\n\t\t\t\t<div class=\"elementor-widget-container\">\n\t\t\t\t\t\t\t\t\t<p>Nova ocasi\u00f3 per apreciar el gruix dels murs exteriors en una de les finestres de la planta.<\/p>\t\t\t\t\t\t\t\t<\/div>\n\t\t\t\t<\/div>\n\t\t\t\t<div class=\"elementor-element elementor-element-10194046 elementor-widget elementor-widget-image\" data-id=\"10194046\" data-element_type=\"widget\" data-e-type=\"widget\" data-widget_type=\"image.default\">\n\t\t\t\t<div class=\"elementor-widget-container\">\n\t\t\t\t\t\t\t\t\t\t\t\t<figure class=\"wp-caption\">\n\t\t\t\t\t\t\t\t\t\t<img loading=\"lazy\" decoding=\"async\" width=\"800\" height=\"1201\" src=\"https:\/\/www.elturistatranquil.com\/wp-content\/uploads\/F100-Castillo-de-Lorca-Torre-Alfonsina-1.jpg\" class=\"attachment-large size-large wp-image-16506\" alt=\"\" srcset=\"https:\/\/www.elturistatranquil.com\/wp-content\/uploads\/F100-Castillo-de-Lorca-Torre-Alfonsina-1.jpg 800w, https:\/\/www.elturistatranquil.com\/wp-content\/uploads\/F100-Castillo-de-Lorca-Torre-Alfonsina-1-768x1153.jpg 768w\" sizes=\"(max-width: 800px) 100vw, 800px\" \/>\t\t\t\t\t\t\t\t\t\t\t<figcaption class=\"widget-image-caption wp-caption-text\"><\/figcaption>\n\t\t\t\t\t\t\t\t\t\t<\/figure>\n\t\t\t\t\t\t\t\t\t<\/div>\n\t\t\t\t<\/div>\n\t\t\t\t<div class=\"elementor-element elementor-element-3b78e30b elementor-widget elementor-widget-image\" data-id=\"3b78e30b\" data-element_type=\"widget\" data-e-type=\"widget\" data-widget_type=\"image.default\">\n\t\t\t\t<div class=\"elementor-widget-container\">\n\t\t\t\t\t\t\t\t\t\t\t\t<figure class=\"wp-caption\">\n\t\t\t\t\t\t\t\t\t\t<img loading=\"lazy\" decoding=\"async\" width=\"800\" height=\"533\" src=\"https:\/\/www.elturistatranquil.com\/wp-content\/uploads\/F101-Castillo-de-Lorca-Torre-Alfonsina-1.jpg\" class=\"attachment-large size-large wp-image-16508\" alt=\"\" srcset=\"https:\/\/www.elturistatranquil.com\/wp-content\/uploads\/F101-Castillo-de-Lorca-Torre-Alfonsina-1.jpg 800w, https:\/\/www.elturistatranquil.com\/wp-content\/uploads\/F101-Castillo-de-Lorca-Torre-Alfonsina-1-768x512.jpg 768w\" sizes=\"(max-width: 800px) 100vw, 800px\" \/>\t\t\t\t\t\t\t\t\t\t\t<figcaption class=\"widget-image-caption wp-caption-text\"><\/figcaption>\n\t\t\t\t\t\t\t\t\t\t<\/figure>\n\t\t\t\t\t\t\t\t\t<\/div>\n\t\t\t\t<\/div>\n\t\t\t\t<div class=\"elementor-element elementor-element-2c744529 elementor-widget elementor-widget-image\" data-id=\"2c744529\" data-element_type=\"widget\" data-e-type=\"widget\" data-widget_type=\"image.default\">\n\t\t\t\t<div class=\"elementor-widget-container\">\n\t\t\t\t\t\t\t\t\t\t\t\t<figure class=\"wp-caption\">\n\t\t\t\t\t\t\t\t\t\t<img loading=\"lazy\" decoding=\"async\" width=\"800\" height=\"533\" src=\"https:\/\/www.elturistatranquil.com\/wp-content\/uploads\/F102-Castillo-de-Lorca-Torre-Alfonsina-1.jpg\" class=\"attachment-large size-large wp-image-16510\" alt=\"\" srcset=\"https:\/\/www.elturistatranquil.com\/wp-content\/uploads\/F102-Castillo-de-Lorca-Torre-Alfonsina-1.jpg 800w, https:\/\/www.elturistatranquil.com\/wp-content\/uploads\/F102-Castillo-de-Lorca-Torre-Alfonsina-1-768x512.jpg 768w\" sizes=\"(max-width: 800px) 100vw, 800px\" \/>\t\t\t\t\t\t\t\t\t\t\t<figcaption class=\"widget-image-caption wp-caption-text\"><\/figcaption>\n\t\t\t\t\t\t\t\t\t\t<\/figure>\n\t\t\t\t\t\t\t\t\t<\/div>\n\t\t\t\t<\/div>\n\t\t\t\t<div class=\"elementor-element elementor-element-55a7bb13 elementor-widget elementor-widget-text-editor\" data-id=\"55a7bb13\" data-element_type=\"widget\" data-e-type=\"widget\" data-widget_type=\"text-editor.default\">\n\t\t\t\t<div class=\"elementor-widget-container\">\n\t\t\t\t\t\t\t\t\t<p>Des de la terrassa superior es constata l&#8217;espectacularitat de les vistes sobre el propi Castell i sobre l&#8217;entorn que calia defensar i del que calia\u00a0 defensar-se.<\/p>\t\t\t\t\t\t\t\t<\/div>\n\t\t\t\t<\/div>\n\t\t\t\t<div class=\"elementor-element elementor-element-29510aa2 elementor-widget elementor-widget-image\" data-id=\"29510aa2\" data-element_type=\"widget\" data-e-type=\"widget\" data-widget_type=\"image.default\">\n\t\t\t\t<div class=\"elementor-widget-container\">\n\t\t\t\t\t\t\t\t\t\t\t\t<figure class=\"wp-caption\">\n\t\t\t\t\t\t\t\t\t\t<img loading=\"lazy\" decoding=\"async\" width=\"800\" height=\"533\" src=\"https:\/\/www.elturistatranquil.com\/wp-content\/uploads\/F103-Castillo-de-Lorca-Torre-Alfonsina-1.jpg\" class=\"attachment-large size-large wp-image-16512\" alt=\"\" srcset=\"https:\/\/www.elturistatranquil.com\/wp-content\/uploads\/F103-Castillo-de-Lorca-Torre-Alfonsina-1.jpg 800w, https:\/\/www.elturistatranquil.com\/wp-content\/uploads\/F103-Castillo-de-Lorca-Torre-Alfonsina-1-768x512.jpg 768w\" sizes=\"(max-width: 800px) 100vw, 800px\" \/>\t\t\t\t\t\t\t\t\t\t\t<figcaption class=\"widget-image-caption wp-caption-text\"><\/figcaption>\n\t\t\t\t\t\t\t\t\t\t<\/figure>\n\t\t\t\t\t\t\t\t\t<\/div>\n\t\t\t\t<\/div>\n\t\t\t\t<div class=\"elementor-element elementor-element-57640908 elementor-widget elementor-widget-text-editor\" data-id=\"57640908\" data-element_type=\"widget\" data-e-type=\"widget\" data-widget_type=\"text-editor.default\">\n\t\t\t\t<div class=\"elementor-widget-container\">\n\t\t\t\t\t\t\t\t\t<p>En direcci\u00f3 a terres musulmanes i les Torres del Espol\u00f3n.<\/p>\t\t\t\t\t\t\t\t<\/div>\n\t\t\t\t<\/div>\n\t\t\t\t<div class=\"elementor-element elementor-element-3cf9f2c9 elementor-widget elementor-widget-image\" data-id=\"3cf9f2c9\" data-element_type=\"widget\" data-e-type=\"widget\" data-widget_type=\"image.default\">\n\t\t\t\t<div class=\"elementor-widget-container\">\n\t\t\t\t\t\t\t\t\t\t\t\t<figure class=\"wp-caption\">\n\t\t\t\t\t\t\t\t\t\t<img loading=\"lazy\" decoding=\"async\" width=\"800\" height=\"533\" src=\"https:\/\/www.elturistatranquil.com\/wp-content\/uploads\/F104-Castillo-de-Lorca-1.jpg\" class=\"attachment-large size-large wp-image-16514\" alt=\"\" srcset=\"https:\/\/www.elturistatranquil.com\/wp-content\/uploads\/F104-Castillo-de-Lorca-1.jpg 800w, https:\/\/www.elturistatranquil.com\/wp-content\/uploads\/F104-Castillo-de-Lorca-1-768x512.jpg 768w\" sizes=\"(max-width: 800px) 100vw, 800px\" \/>\t\t\t\t\t\t\t\t\t\t\t<figcaption class=\"widget-image-caption wp-caption-text\"><\/figcaption>\n\t\t\t\t\t\t\t\t\t\t<\/figure>\n\t\t\t\t\t\t\t\t\t<\/div>\n\t\t\t\t<\/div>\n\t\t\t\t<div class=\"elementor-element elementor-element-329bcc39 elementor-widget elementor-widget-text-editor\" data-id=\"329bcc39\" data-element_type=\"widget\" data-e-type=\"widget\" data-widget_type=\"text-editor.default\">\n\t\t\t\t<div class=\"elementor-widget-container\">\n\t\t\t\t\t\t\t\t\t<p>Sobre la ciutat de Lorca.<\/p>\t\t\t\t\t\t\t\t<\/div>\n\t\t\t\t<\/div>\n\t\t\t\t<div class=\"elementor-element elementor-element-e7e8357 elementor-widget elementor-widget-image\" data-id=\"e7e8357\" data-element_type=\"widget\" data-e-type=\"widget\" data-widget_type=\"image.default\">\n\t\t\t\t<div class=\"elementor-widget-container\">\n\t\t\t\t\t\t\t\t\t\t\t\t<figure class=\"wp-caption\">\n\t\t\t\t\t\t\t\t\t\t<img loading=\"lazy\" decoding=\"async\" width=\"800\" height=\"533\" src=\"https:\/\/www.elturistatranquil.com\/wp-content\/uploads\/F105-Castillo-de-Lorca-1.jpg\" class=\"attachment-large size-large wp-image-16516\" alt=\"\" srcset=\"https:\/\/www.elturistatranquil.com\/wp-content\/uploads\/F105-Castillo-de-Lorca-1.jpg 800w, https:\/\/www.elturistatranquil.com\/wp-content\/uploads\/F105-Castillo-de-Lorca-1-768x512.jpg 768w\" sizes=\"(max-width: 800px) 100vw, 800px\" \/>\t\t\t\t\t\t\t\t\t\t\t<figcaption class=\"widget-image-caption wp-caption-text\"><\/figcaption>\n\t\t\t\t\t\t\t\t\t\t<\/figure>\n\t\t\t\t\t\t\t\t\t<\/div>\n\t\t\t\t<\/div>\n\t\t\t\t<div class=\"elementor-element elementor-element-57571e17 elementor-widget elementor-widget-text-editor\" data-id=\"57571e17\" data-element_type=\"widget\" data-e-type=\"widget\" data-widget_type=\"text-editor.default\">\n\t\t\t\t<div class=\"elementor-widget-container\">\n\t\t\t\t\t\t\t\t\t<p>En direcci\u00f3 est, amb el Parador en primer terme.<\/p>\t\t\t\t\t\t\t\t<\/div>\n\t\t\t\t<\/div>\n\t\t\t\t<div class=\"elementor-element elementor-element-415ff7ac elementor-widget elementor-widget-image\" data-id=\"415ff7ac\" data-element_type=\"widget\" data-e-type=\"widget\" data-widget_type=\"image.default\">\n\t\t\t\t<div class=\"elementor-widget-container\">\n\t\t\t\t\t\t\t\t\t\t\t\t<figure class=\"wp-caption\">\n\t\t\t\t\t\t\t\t\t\t<img loading=\"lazy\" decoding=\"async\" width=\"800\" height=\"533\" src=\"https:\/\/www.elturistatranquil.com\/wp-content\/uploads\/F106-Castillo-de-Lorca-1.jpg\" class=\"attachment-large size-large wp-image-16518\" alt=\"\" srcset=\"https:\/\/www.elturistatranquil.com\/wp-content\/uploads\/F106-Castillo-de-Lorca-1.jpg 800w, https:\/\/www.elturistatranquil.com\/wp-content\/uploads\/F106-Castillo-de-Lorca-1-768x512.jpg 768w\" sizes=\"(max-width: 800px) 100vw, 800px\" \/>\t\t\t\t\t\t\t\t\t\t\t<figcaption class=\"widget-image-caption wp-caption-text\"><\/figcaption>\n\t\t\t\t\t\t\t\t\t\t<\/figure>\n\t\t\t\t\t\t\t\t\t<\/div>\n\t\t\t\t<\/div>\n\t\t\t\t<div class=\"elementor-element elementor-element-2cfd0c9a elementor-widget elementor-widget-text-editor\" data-id=\"2cfd0c9a\" data-element_type=\"widget\" data-e-type=\"widget\" data-widget_type=\"text-editor.default\">\n\t\t\t\t<div class=\"elementor-widget-container\">\n\t\t\t\t\t\t\t\t\t<p>O sobre la vall del Guadalentin.<\/p>\t\t\t\t\t\t\t\t<\/div>\n\t\t\t\t<\/div>\n\t\t\t\t<div class=\"elementor-element elementor-element-3f16038a elementor-widget elementor-widget-menu-anchor\" data-id=\"3f16038a\" data-element_type=\"widget\" data-e-type=\"widget\" data-widget_type=\"menu-anchor.default\">\n\t\t\t\t<div class=\"elementor-widget-container\">\n\t\t\t\t\t\t\t<div class=\"elementor-menu-anchor\" id=\"b3327\"><\/div>\n\t\t\t\t\t\t<\/div>\n\t\t\t\t<\/div>\n\t\t\t\t<div class=\"elementor-element elementor-element-312dd623 elementor-widget elementor-widget-image\" data-id=\"312dd623\" data-element_type=\"widget\" data-e-type=\"widget\" data-widget_type=\"image.default\">\n\t\t\t\t<div class=\"elementor-widget-container\">\n\t\t\t\t\t\t\t\t\t\t\t\t<figure class=\"wp-caption\">\n\t\t\t\t\t\t\t\t\t\t<img loading=\"lazy\" decoding=\"async\" width=\"800\" height=\"533\" src=\"https:\/\/www.elturistatranquil.com\/wp-content\/uploads\/F107-Castillo-de-Lorca-1.jpg\" class=\"attachment-large size-large wp-image-16520\" alt=\"\" srcset=\"https:\/\/www.elturistatranquil.com\/wp-content\/uploads\/F107-Castillo-de-Lorca-1.jpg 800w, https:\/\/www.elturistatranquil.com\/wp-content\/uploads\/F107-Castillo-de-Lorca-1-768x512.jpg 768w\" sizes=\"(max-width: 800px) 100vw, 800px\" \/>\t\t\t\t\t\t\t\t\t\t\t<figcaption class=\"widget-image-caption wp-caption-text\"><\/figcaption>\n\t\t\t\t\t\t\t\t\t\t<\/figure>\n\t\t\t\t\t\t\t\t\t<\/div>\n\t\t\t\t<\/div>\n\t\t\t\t<div class=\"elementor-element elementor-element-71556a16 elementor-widget elementor-widget-heading\" data-id=\"71556a16\" data-element_type=\"widget\" data-e-type=\"widget\" data-widget_type=\"heading.default\">\n\t\t\t\t<div class=\"elementor-widget-container\">\n\t\t\t\t\t<h3 class=\"elementor-heading-title elementor-size-default\">Vers la sortida<\/h3>\t\t\t\t<\/div>\n\t\t\t\t<\/div>\n\t\t\t\t<div class=\"elementor-element elementor-element-3ee07730 elementor-widget elementor-widget-text-editor\" data-id=\"3ee07730\" data-element_type=\"widget\" data-e-type=\"widget\" data-widget_type=\"text-editor.default\">\n\t\t\t\t<div class=\"elementor-widget-container\">\n\t\t\t\t\t\t\t\t\t<p>Un cop enlluernat per l&#8217;espectacle de les vistes des de la Torre Alfonsina, i d&#8217;haver intentat imaginar com havien de viure els reis en l&#8217;Edat Mitjana, dono per acabat el recorregut i visita al recinte, creuant amb algun dels grups que hem compartit el mat\u00ed aprenent i gaudint en aquest magn\u00edfic Castell de Lorca.<\/p>\t\t\t\t\t\t\t\t<\/div>\n\t\t\t\t<\/div>\n\t\t\t\t<div class=\"elementor-element elementor-element-62c4698a elementor-widget elementor-widget-image\" data-id=\"62c4698a\" data-element_type=\"widget\" data-e-type=\"widget\" data-widget_type=\"image.default\">\n\t\t\t\t<div class=\"elementor-widget-container\">\n\t\t\t\t\t\t\t\t\t\t\t\t<figure class=\"wp-caption\">\n\t\t\t\t\t\t\t\t\t\t<img loading=\"lazy\" decoding=\"async\" width=\"800\" height=\"533\" src=\"https:\/\/www.elturistatranquil.com\/wp-content\/uploads\/F108-Castillo-de-Lorca-1.jpg\" class=\"attachment-large size-large wp-image-16522\" alt=\"\" srcset=\"https:\/\/www.elturistatranquil.com\/wp-content\/uploads\/F108-Castillo-de-Lorca-1.jpg 800w, https:\/\/www.elturistatranquil.com\/wp-content\/uploads\/F108-Castillo-de-Lorca-1-768x512.jpg 768w\" sizes=\"(max-width: 800px) 100vw, 800px\" \/>\t\t\t\t\t\t\t\t\t\t\t<figcaption class=\"widget-image-caption wp-caption-text\"><\/figcaption>\n\t\t\t\t\t\t\t\t\t\t<\/figure>\n\t\t\t\t\t\t\t\t\t<\/div>\n\t\t\t\t<\/div>\n\t\t\t\t<div class=\"elementor-element elementor-element-3f471a0f elementor-widget elementor-widget-text-editor\" data-id=\"3f471a0f\" data-element_type=\"widget\" data-e-type=\"widget\" data-widget_type=\"text-editor.default\">\n\t\t\t\t<div class=\"elementor-widget-container\">\n\t\t\t\t\t\t\t\t\t<p>Encara m&#8217;acosto a mirar la perspectiva de la Torre des del rellotge de Sol.<\/p>\t\t\t\t\t\t\t\t<\/div>\n\t\t\t\t<\/div>\n\t\t\t\t<div class=\"elementor-element elementor-element-4a95def0 elementor-widget elementor-widget-image\" data-id=\"4a95def0\" data-element_type=\"widget\" data-e-type=\"widget\" data-widget_type=\"image.default\">\n\t\t\t\t<div class=\"elementor-widget-container\">\n\t\t\t\t\t\t\t\t\t\t\t\t<figure class=\"wp-caption\">\n\t\t\t\t\t\t\t\t\t\t<img loading=\"lazy\" decoding=\"async\" width=\"800\" height=\"533\" src=\"https:\/\/www.elturistatranquil.com\/wp-content\/uploads\/F109-Castillo-de-Lorca-1.jpg\" class=\"attachment-large size-large wp-image-16524\" alt=\"Castell de Lorca\" srcset=\"https:\/\/www.elturistatranquil.com\/wp-content\/uploads\/F109-Castillo-de-Lorca-1.jpg 800w, https:\/\/www.elturistatranquil.com\/wp-content\/uploads\/F109-Castillo-de-Lorca-1-768x512.jpg 768w\" sizes=\"(max-width: 800px) 100vw, 800px\" \/>\t\t\t\t\t\t\t\t\t\t\t<figcaption class=\"widget-image-caption wp-caption-text\"><\/figcaption>\n\t\t\t\t\t\t\t\t\t\t<\/figure>\n\t\t\t\t\t\t\t\t\t<\/div>\n\t\t\t\t<\/div>\n\t\t\t\t<div class=\"elementor-element elementor-element-24bac93f elementor-widget elementor-widget-text-editor\" data-id=\"24bac93f\" data-element_type=\"widget\" data-e-type=\"widget\" data-widget_type=\"text-editor.default\">\n\t\t\t\t<div class=\"elementor-widget-container\">\n\t\t\t\t\t\t\t\t\t<p>I la sortida entre muralles (<strong>27<\/strong>) per anar a tornar la audioguia.<\/p>\t\t\t\t\t\t\t\t<\/div>\n\t\t\t\t<\/div>\n\t\t\t\t<div class=\"elementor-element elementor-element-78897af9 elementor-widget elementor-widget-menu-anchor\" data-id=\"78897af9\" data-element_type=\"widget\" data-e-type=\"widget\" data-widget_type=\"menu-anchor.default\">\n\t\t\t\t<div class=\"elementor-widget-container\">\n\t\t\t\t\t\t\t<div class=\"elementor-menu-anchor\" id=\"b3328\"><\/div>\n\t\t\t\t\t\t<\/div>\n\t\t\t\t<\/div>\n\t\t\t\t<div class=\"elementor-element elementor-element-369298b9 elementor-widget elementor-widget-image\" data-id=\"369298b9\" data-element_type=\"widget\" data-e-type=\"widget\" data-widget_type=\"image.default\">\n\t\t\t\t<div class=\"elementor-widget-container\">\n\t\t\t\t\t\t\t\t\t\t\t\t<figure class=\"wp-caption\">\n\t\t\t\t\t\t\t\t\t\t<img loading=\"lazy\" decoding=\"async\" width=\"800\" height=\"533\" src=\"https:\/\/www.elturistatranquil.com\/wp-content\/uploads\/F110-Castillo-de-Lorca-1.jpg\" class=\"attachment-large size-large wp-image-16526\" alt=\"\" srcset=\"https:\/\/www.elturistatranquil.com\/wp-content\/uploads\/F110-Castillo-de-Lorca-1.jpg 800w, https:\/\/www.elturistatranquil.com\/wp-content\/uploads\/F110-Castillo-de-Lorca-1-768x512.jpg 768w\" sizes=\"(max-width: 800px) 100vw, 800px\" \/>\t\t\t\t\t\t\t\t\t\t\t<figcaption class=\"widget-image-caption wp-caption-text\"><\/figcaption>\n\t\t\t\t\t\t\t\t\t\t<\/figure>\n\t\t\t\t\t\t\t\t\t<\/div>\n\t\t\t\t<\/div>\n\t\t\t\t<div class=\"elementor-element elementor-element-7ce70e98 elementor-widget elementor-widget-heading\" data-id=\"7ce70e98\" data-element_type=\"widget\" data-e-type=\"widget\" data-widget_type=\"heading.default\">\n\t\t\t\t<div class=\"elementor-widget-container\">\n\t\t\t\t\t<h2 class=\"elementor-heading-title elementor-size-default\">Fi de la visita<\/h2>\t\t\t\t<\/div>\n\t\t\t\t<\/div>\n\t\t\t\t<div class=\"elementor-element elementor-element-213b4ef3 elementor-widget elementor-widget-menu-anchor\" data-id=\"213b4ef3\" data-element_type=\"widget\" data-e-type=\"widget\" data-widget_type=\"menu-anchor.default\">\n\t\t\t\t<div class=\"elementor-widget-container\">\n\t\t\t\t\t\t\t<div class=\"elementor-menu-anchor\" id=\"b3329\"><\/div>\n\t\t\t\t\t\t<\/div>\n\t\t\t\t<\/div>\n\t\t\t\t<div class=\"elementor-element elementor-element-42f91fa9 elementor-widget elementor-widget-text-editor\" data-id=\"42f91fa9\" data-element_type=\"widget\" data-e-type=\"widget\" data-widget_type=\"text-editor.default\">\n\t\t\t\t<div class=\"elementor-widget-container\">\n\t\t\t\t\t\t\t\t\t<p>Per completar realment el coneixement del Castell de Lorca, hauria de realitzar una visita al Museu Arqueol\u00f2gic Municipal, que est\u00e0 ubicat a la ciutat. En ell estan dipositats els objectes trobats al Castell. Aquesta visita no la vaig realitzar, amb el que em queda pendent per a una altra ocasi\u00f3.<\/p><p>\u00a0Ha estat un mat\u00ed complert i instructiu, en un marc especialment cuidat, i amb unes vistes espectaculars.<\/p><p>\u00a0Com haur\u00e0 pogut apreciar-se al llarg del text, \u00e9s un espai que permet plantejar-se moltes reflexions de divers tipus, referides al passat, per\u00f2 tamb\u00e9 a la forma d&#8217;actuar en el present en aquest tipus d&#8217;entorns, quan el turisme i la cultura passen a ser els justificants del seu manteniment, a l&#8217;haver perdut, en aquest cas, \u00a0la funcionalitat militar per la qual van ser concebuts.<\/p>\t\t\t\t\t\t\t\t<\/div>\n\t\t\t\t<\/div>\n\t\t\t\t<div class=\"elementor-element elementor-element-564687e2 elementor-widget elementor-widget-heading\" data-id=\"564687e2\" data-element_type=\"widget\" data-e-type=\"widget\" data-widget_type=\"heading.default\">\n\t\t\t\t<div class=\"elementor-widget-container\">\n\t\t\t\t\t<h2 class=\"elementor-heading-title elementor-size-default\">Bases d'informaci\u00f3<\/h2>\t\t\t\t<\/div>\n\t\t\t\t<\/div>\n\t\t\t\t<div class=\"elementor-element elementor-element-3f6cc8f7 elementor-widget elementor-widget-text-editor\" data-id=\"3f6cc8f7\" data-element_type=\"widget\" data-e-type=\"widget\" data-widget_type=\"text-editor.default\">\n\t\t\t\t<div class=\"elementor-widget-container\">\n\t\t\t\t\t\t\t\t\t<p><strong>Webs<\/strong><\/p><p><a href=\"http:\/\/lorcatallerdeltiempo.es\/bensakar\/fortaleza_del_sol\" target=\"_blank\" rel=\"noopener\">Lorcatallerdeltiempo<\/a><\/p><p><a href=\"http:\/\/www.regmurcia.com\/servlet\/s.Sl?sit=c,522,m,166&amp;r=CeAP-1792-C_239_DETALLE_CENTRO\" target=\"_blank\" rel=\"noopener\">Regiondemurcia<\/a><\/p><p><a href=\"https:\/\/es.wikipedia.org\/wiki\/Castillo_de_Lorca\" target=\"_blank\" rel=\"noopener\">Wikipedia<\/a><\/p><p><a href=\"https:\/\/www.castillosnet.org\/espana\/informacion.php?ref=MU-CAS-005\" target=\"_blank\" rel=\"noopener\">Castillosnet<\/a><\/p><p><a href=\"https:\/\/www.xn--castillosdeespaa-lub.es\/es\/content\/lorca-castillo-de\" target=\"_blank\" rel=\"noopener\">Castillosdeespa\u00f1a<\/a><\/p>\t\t\t\t\t\t\t\t<\/div>\n\t\t\t\t<\/div>\n\t\t\t\t<div class=\"elementor-element elementor-element-3e18c4b8 elementor-widget elementor-widget-text-editor\" data-id=\"3e18c4b8\" data-element_type=\"widget\" data-e-type=\"widget\" data-widget_type=\"text-editor.default\">\n\t\t\t\t<div class=\"elementor-widget-container\">\n\t\t\t\t\t\t\t\t\t<p><strong>Google academic<\/strong><\/p><p>Andr\u00e9s Mart\u00ednez Rodr\u00edguez, <a href=\"https:\/\/www.murciaturistica.es\/webs\/museos\/publicaciones\/PUBLICACION_es_17442.pdf#page=105\" target=\"_blank\" rel=\"noopener\"><em>La Alcazaba de Lorca en \u00e9poca almohade<\/em><\/a><\/p><p>Juan Gallardo Carrillo, Jos\u00e9 \u00c1ngel Gonz\u00e1lez Ballesteros, <a href=\"http:\/\/www.amigosdelmuseoarqueologicodelorca.com\/alberca\/pdf\/alberca6\/7_113-153.pdf\" target=\"_blank\" rel=\"noopener\"><em>El Castillo de Lorca en el siglo XIII a partir de las excavaciones arqueol\u00f3gicas<\/em><\/a><\/p><p>Juan Gallardo Carrillo, Jos\u00e9 \u00c1ngel Gonz\u00e1lez Ballesteros, <a href=\"https:\/\/www.academia.edu\/1478845\/La_juder%C3%ADa_del_castillo_de_Lorca_en_la_Baja_Edad_Media._Estudio_arqueol%C3%B3gico\" target=\"_blank\" rel=\"noopener\"><em>La juder\u00eda del castillo de Lorca en la Baja Edad Media<\/em><\/a><\/p><p>Ana Pujante Mart\u00ednez, <a href=\"https:\/\/www.murciaturistica.es\/webs\/museos\/publicaciones\/PUBLICACION_es_4482.pdf\" target=\"_blank\" rel=\"noopener\"><em>La sinagoga del castillo de Lorca (Murcia)<\/em><\/a><\/p><p>Francisco Jurado Jim\u00e9nez, <a href=\"http:\/\/www.franciscojurado.es\/ARTICULOS\/El%20Castillo%20de%20Lorca.pdf\" target=\"_blank\" rel=\"noopener\"><em>El Castillo de Lorca. Restauraciones realizadas en su recinto tras el terremoto<\/em><\/a><\/p>\t\t\t\t\t\t\t\t<\/div>\n\t\t\t\t<\/div>\n\t\t\t\t\t<\/div>\n\t\t<\/div>\n\t\t\t\t\t<\/div>\n\t\t<\/section>\n\t\t\t\t<\/div>\n\t\t","protected":false},"excerpt":{"rendered":"<p>El Castell de Lorca (M\u00farcia), \u00e9s una de les fortificacions m\u00e9s imponents amb un grau de conservaci\u00f3 molt apreciable i promocionada sota la marca &#8220;La Fortaleza del Sol&#8221;. Castell de &#8230; <a title=\"Castell de Lorca (M\u00farcia)\" class=\"read-more\" href=\"https:\/\/www.elturistatranquil.com\/ca\/castell-de-lorca-murcia\/\" aria-label=\"M\u00e9s informaci\u00f3 sobre Castell de Lorca (M\u00farcia)\">[ &#8230; ]<\/a><\/p>\n","protected":false},"author":1,"featured_media":16524,"comment_status":"open","ping_status":"closed","sticky":false,"template":"","format":"standard","meta":{"footnotes":""},"categories":[75,76,145,83,86,87,179,177,95,106,107],"tags":[],"class_list":["post-16292","post","type-post","status-publish","format-standard","has-post-thumbnail","hentry","category-castells","category-ciutat","category-edat-mitjana","category-historia-ca","category-islamic","category-joies-al-territori","category-murcia-ca","category-murcia","category-paisatge","category-segle-xviii-xix","category-segle-xx-xxi","infinite-scroll-item","generate-columns","tablet-grid-50","mobile-grid-100","grid-parent","grid-50","no-featured-image-padding"],"yoast_head":"<!-- This site is optimized with the Yoast SEO plugin v27.4 - https:\/\/yoast.com\/product\/yoast-seo-wordpress\/ -->\n<title>Castell de Lorca (M\u00farcia) - El turista tranquil<\/title>\n<meta name=\"description\" content=\"El Castell de Lorca (M\u00farcia), \u00e9s una de les fortificacions m\u00e9s imponents amb un grau de conservaci\u00f3 molt apreciable i promocionada sota la marca &quot;La Fortaleza del Sol&quot;.\" \/>\n<meta name=\"robots\" content=\"index, follow, max-snippet:-1, max-image-preview:large, max-video-preview:-1\" \/>\n<link rel=\"canonical\" href=\"https:\/\/www.elturistatranquil.com\/ca\/castell-de-lorca-murcia\/\" \/>\n<meta property=\"og:locale\" content=\"ca_ES\" \/>\n<meta property=\"og:type\" content=\"article\" \/>\n<meta property=\"og:title\" content=\"Castell de Lorca (M\u00farcia) - El turista tranquil\" \/>\n<meta property=\"og:description\" content=\"El Castell de Lorca (M\u00farcia), \u00e9s una de les fortificacions m\u00e9s imponents amb un grau de conservaci\u00f3 molt apreciable i promocionada sota la marca &quot;La Fortaleza del Sol&quot;.\" \/>\n<meta property=\"og:url\" content=\"https:\/\/www.elturistatranquil.com\/ca\/castell-de-lorca-murcia\/\" \/>\n<meta property=\"og:site_name\" content=\"El turista tranquil\" \/>\n<meta property=\"article:publisher\" content=\"https:\/\/www.facebook.com\/elturistatranquilo\/\" \/>\n<meta property=\"article:published_time\" content=\"2019-04-27T09:19:13+00:00\" \/>\n<meta property=\"article:modified_time\" content=\"2019-05-02T14:45:58+00:00\" \/>\n<meta property=\"og:image\" content=\"https:\/\/www.elturistatranquil.com\/wp-content\/uploads\/F109-Castillo-de-Lorca-1.jpg\" \/>\n\t<meta property=\"og:image:width\" content=\"800\" \/>\n\t<meta property=\"og:image:height\" content=\"533\" \/>\n\t<meta property=\"og:image:type\" content=\"image\/jpeg\" \/>\n<meta name=\"author\" content=\"admin\" \/>\n<meta name=\"twitter:card\" content=\"summary_large_image\" \/>\n<meta name=\"twitter:label1\" content=\"Escrit per\" \/>\n\t<meta name=\"twitter:data1\" content=\"admin\" \/>\n\t<meta name=\"twitter:label2\" content=\"Temps estimat de lectura\" \/>\n\t<meta name=\"twitter:data2\" content=\"28 minuts\" \/>\n<script type=\"application\/ld+json\" class=\"yoast-schema-graph\">{\"@context\":\"https:\\\/\\\/schema.org\",\"@graph\":[{\"@type\":\"Article\",\"@id\":\"https:\\\/\\\/www.elturistatranquil.com\\\/ca\\\/castell-de-lorca-murcia\\\/#article\",\"isPartOf\":{\"@id\":\"https:\\\/\\\/www.elturistatranquil.com\\\/ca\\\/castell-de-lorca-murcia\\\/\"},\"author\":{\"name\":\"admin\",\"@id\":\"https:\\\/\\\/www.elturistatranquil.com\\\/ca\\\/#\\\/schema\\\/person\\\/16f607c3079b96ed0c530a52e6b58bb5\"},\"headline\":\"Castell de Lorca (M\u00farcia)\",\"datePublished\":\"2019-04-27T09:19:13+00:00\",\"dateModified\":\"2019-05-02T14:45:58+00:00\",\"mainEntityOfPage\":{\"@id\":\"https:\\\/\\\/www.elturistatranquil.com\\\/ca\\\/castell-de-lorca-murcia\\\/\"},\"wordCount\":5949,\"commentCount\":0,\"image\":{\"@id\":\"https:\\\/\\\/www.elturistatranquil.com\\\/ca\\\/castell-de-lorca-murcia\\\/#primaryimage\"},\"thumbnailUrl\":\"https:\\\/\\\/www.elturistatranquil.com\\\/wp-content\\\/uploads\\\/F109-Castillo-de-Lorca-1.jpg\",\"articleSection\":[\"Castells, Muralles\",\"Ciutat\",\"Edat mitjana\",\"Hist\u00f2ria\",\"Isl\u00e0mic\",\"Joies al territori\",\"M\u00farcia\",\"Murcia\",\"Paisatge\",\"Segle XVIII-XIX\",\"Segle XX-XXI\"],\"inLanguage\":\"ca\",\"potentialAction\":[{\"@type\":\"CommentAction\",\"name\":\"Comment\",\"target\":[\"https:\\\/\\\/www.elturistatranquil.com\\\/ca\\\/castell-de-lorca-murcia\\\/#respond\"]}]},{\"@type\":\"WebPage\",\"@id\":\"https:\\\/\\\/www.elturistatranquil.com\\\/ca\\\/castell-de-lorca-murcia\\\/\",\"url\":\"https:\\\/\\\/www.elturistatranquil.com\\\/ca\\\/castell-de-lorca-murcia\\\/\",\"name\":\"Castell de Lorca (M\u00farcia) - El turista tranquil\",\"isPartOf\":{\"@id\":\"https:\\\/\\\/www.elturistatranquil.com\\\/ca\\\/#website\"},\"primaryImageOfPage\":{\"@id\":\"https:\\\/\\\/www.elturistatranquil.com\\\/ca\\\/castell-de-lorca-murcia\\\/#primaryimage\"},\"image\":{\"@id\":\"https:\\\/\\\/www.elturistatranquil.com\\\/ca\\\/castell-de-lorca-murcia\\\/#primaryimage\"},\"thumbnailUrl\":\"https:\\\/\\\/www.elturistatranquil.com\\\/wp-content\\\/uploads\\\/F109-Castillo-de-Lorca-1.jpg\",\"datePublished\":\"2019-04-27T09:19:13+00:00\",\"dateModified\":\"2019-05-02T14:45:58+00:00\",\"author\":{\"@id\":\"https:\\\/\\\/www.elturistatranquil.com\\\/ca\\\/#\\\/schema\\\/person\\\/16f607c3079b96ed0c530a52e6b58bb5\"},\"description\":\"El Castell de Lorca (M\u00farcia), \u00e9s una de les fortificacions m\u00e9s imponents amb un grau de conservaci\u00f3 molt apreciable i promocionada sota la marca \\\"La Fortaleza del Sol\\\".\",\"breadcrumb\":{\"@id\":\"https:\\\/\\\/www.elturistatranquil.com\\\/ca\\\/castell-de-lorca-murcia\\\/#breadcrumb\"},\"inLanguage\":\"ca\",\"potentialAction\":[{\"@type\":\"ReadAction\",\"target\":[\"https:\\\/\\\/www.elturistatranquil.com\\\/ca\\\/castell-de-lorca-murcia\\\/\"]}]},{\"@type\":\"ImageObject\",\"inLanguage\":\"ca\",\"@id\":\"https:\\\/\\\/www.elturistatranquil.com\\\/ca\\\/castell-de-lorca-murcia\\\/#primaryimage\",\"url\":\"https:\\\/\\\/www.elturistatranquil.com\\\/wp-content\\\/uploads\\\/F109-Castillo-de-Lorca-1.jpg\",\"contentUrl\":\"https:\\\/\\\/www.elturistatranquil.com\\\/wp-content\\\/uploads\\\/F109-Castillo-de-Lorca-1.jpg\",\"width\":800,\"height\":533,\"caption\":\"Castell de Lorca\"},{\"@type\":\"BreadcrumbList\",\"@id\":\"https:\\\/\\\/www.elturistatranquil.com\\\/ca\\\/castell-de-lorca-murcia\\\/#breadcrumb\",\"itemListElement\":[{\"@type\":\"ListItem\",\"position\":1,\"name\":\"Portada\",\"item\":\"https:\\\/\\\/www.elturistatranquil.com\\\/ca\\\/\"},{\"@type\":\"ListItem\",\"position\":2,\"name\":\"Castell de Lorca (M\u00farcia)\"}]},{\"@type\":\"WebSite\",\"@id\":\"https:\\\/\\\/www.elturistatranquil.com\\\/ca\\\/#website\",\"url\":\"https:\\\/\\\/www.elturistatranquil.com\\\/ca\\\/\",\"name\":\"El turista tranquil\",\"description\":\"Blog de viatges\",\"potentialAction\":[{\"@type\":\"SearchAction\",\"target\":{\"@type\":\"EntryPoint\",\"urlTemplate\":\"https:\\\/\\\/www.elturistatranquil.com\\\/ca\\\/?s={search_term_string}\"},\"query-input\":{\"@type\":\"PropertyValueSpecification\",\"valueRequired\":true,\"valueName\":\"search_term_string\"}}],\"inLanguage\":\"ca\"},{\"@type\":\"Person\",\"@id\":\"https:\\\/\\\/www.elturistatranquil.com\\\/ca\\\/#\\\/schema\\\/person\\\/16f607c3079b96ed0c530a52e6b58bb5\",\"name\":\"admin\",\"image\":{\"@type\":\"ImageObject\",\"inLanguage\":\"ca\",\"@id\":\"https:\\\/\\\/secure.gravatar.com\\\/avatar\\\/1fbaf22aee75fcbb29a2f97b107f95d25d3a19b7c3416105be10269872673e8d?s=96&d=mm&r=g\",\"url\":\"https:\\\/\\\/secure.gravatar.com\\\/avatar\\\/1fbaf22aee75fcbb29a2f97b107f95d25d3a19b7c3416105be10269872673e8d?s=96&d=mm&r=g\",\"contentUrl\":\"https:\\\/\\\/secure.gravatar.com\\\/avatar\\\/1fbaf22aee75fcbb29a2f97b107f95d25d3a19b7c3416105be10269872673e8d?s=96&d=mm&r=g\",\"caption\":\"admin\"}}]}<\/script>\n<!-- \/ Yoast SEO plugin. -->","yoast_head_json":{"title":"Castell de Lorca (M\u00farcia) - El turista tranquil","description":"El Castell de Lorca (M\u00farcia), \u00e9s una de les fortificacions m\u00e9s imponents amb un grau de conservaci\u00f3 molt apreciable i promocionada sota la marca \"La Fortaleza del Sol\".","robots":{"index":"index","follow":"follow","max-snippet":"max-snippet:-1","max-image-preview":"max-image-preview:large","max-video-preview":"max-video-preview:-1"},"canonical":"https:\/\/www.elturistatranquil.com\/ca\/castell-de-lorca-murcia\/","og_locale":"ca_ES","og_type":"article","og_title":"Castell de Lorca (M\u00farcia) - El turista tranquil","og_description":"El Castell de Lorca (M\u00farcia), \u00e9s una de les fortificacions m\u00e9s imponents amb un grau de conservaci\u00f3 molt apreciable i promocionada sota la marca \"La Fortaleza del Sol\".","og_url":"https:\/\/www.elturistatranquil.com\/ca\/castell-de-lorca-murcia\/","og_site_name":"El turista tranquil","article_publisher":"https:\/\/www.facebook.com\/elturistatranquilo\/","article_published_time":"2019-04-27T09:19:13+00:00","article_modified_time":"2019-05-02T14:45:58+00:00","og_image":[{"width":800,"height":533,"url":"https:\/\/www.elturistatranquil.com\/wp-content\/uploads\/F109-Castillo-de-Lorca-1.jpg","type":"image\/jpeg"}],"author":"admin","twitter_card":"summary_large_image","twitter_misc":{"Escrit per":"admin","Temps estimat de lectura":"28 minuts"},"schema":{"@context":"https:\/\/schema.org","@graph":[{"@type":"Article","@id":"https:\/\/www.elturistatranquil.com\/ca\/castell-de-lorca-murcia\/#article","isPartOf":{"@id":"https:\/\/www.elturistatranquil.com\/ca\/castell-de-lorca-murcia\/"},"author":{"name":"admin","@id":"https:\/\/www.elturistatranquil.com\/ca\/#\/schema\/person\/16f607c3079b96ed0c530a52e6b58bb5"},"headline":"Castell de Lorca (M\u00farcia)","datePublished":"2019-04-27T09:19:13+00:00","dateModified":"2019-05-02T14:45:58+00:00","mainEntityOfPage":{"@id":"https:\/\/www.elturistatranquil.com\/ca\/castell-de-lorca-murcia\/"},"wordCount":5949,"commentCount":0,"image":{"@id":"https:\/\/www.elturistatranquil.com\/ca\/castell-de-lorca-murcia\/#primaryimage"},"thumbnailUrl":"https:\/\/www.elturistatranquil.com\/wp-content\/uploads\/F109-Castillo-de-Lorca-1.jpg","articleSection":["Castells, Muralles","Ciutat","Edat mitjana","Hist\u00f2ria","Isl\u00e0mic","Joies al territori","M\u00farcia","Murcia","Paisatge","Segle XVIII-XIX","Segle XX-XXI"],"inLanguage":"ca","potentialAction":[{"@type":"CommentAction","name":"Comment","target":["https:\/\/www.elturistatranquil.com\/ca\/castell-de-lorca-murcia\/#respond"]}]},{"@type":"WebPage","@id":"https:\/\/www.elturistatranquil.com\/ca\/castell-de-lorca-murcia\/","url":"https:\/\/www.elturistatranquil.com\/ca\/castell-de-lorca-murcia\/","name":"Castell de Lorca (M\u00farcia) - El turista tranquil","isPartOf":{"@id":"https:\/\/www.elturistatranquil.com\/ca\/#website"},"primaryImageOfPage":{"@id":"https:\/\/www.elturistatranquil.com\/ca\/castell-de-lorca-murcia\/#primaryimage"},"image":{"@id":"https:\/\/www.elturistatranquil.com\/ca\/castell-de-lorca-murcia\/#primaryimage"},"thumbnailUrl":"https:\/\/www.elturistatranquil.com\/wp-content\/uploads\/F109-Castillo-de-Lorca-1.jpg","datePublished":"2019-04-27T09:19:13+00:00","dateModified":"2019-05-02T14:45:58+00:00","author":{"@id":"https:\/\/www.elturistatranquil.com\/ca\/#\/schema\/person\/16f607c3079b96ed0c530a52e6b58bb5"},"description":"El Castell de Lorca (M\u00farcia), \u00e9s una de les fortificacions m\u00e9s imponents amb un grau de conservaci\u00f3 molt apreciable i promocionada sota la marca \"La Fortaleza del Sol\".","breadcrumb":{"@id":"https:\/\/www.elturistatranquil.com\/ca\/castell-de-lorca-murcia\/#breadcrumb"},"inLanguage":"ca","potentialAction":[{"@type":"ReadAction","target":["https:\/\/www.elturistatranquil.com\/ca\/castell-de-lorca-murcia\/"]}]},{"@type":"ImageObject","inLanguage":"ca","@id":"https:\/\/www.elturistatranquil.com\/ca\/castell-de-lorca-murcia\/#primaryimage","url":"https:\/\/www.elturistatranquil.com\/wp-content\/uploads\/F109-Castillo-de-Lorca-1.jpg","contentUrl":"https:\/\/www.elturistatranquil.com\/wp-content\/uploads\/F109-Castillo-de-Lorca-1.jpg","width":800,"height":533,"caption":"Castell de Lorca"},{"@type":"BreadcrumbList","@id":"https:\/\/www.elturistatranquil.com\/ca\/castell-de-lorca-murcia\/#breadcrumb","itemListElement":[{"@type":"ListItem","position":1,"name":"Portada","item":"https:\/\/www.elturistatranquil.com\/ca\/"},{"@type":"ListItem","position":2,"name":"Castell de Lorca (M\u00farcia)"}]},{"@type":"WebSite","@id":"https:\/\/www.elturistatranquil.com\/ca\/#website","url":"https:\/\/www.elturistatranquil.com\/ca\/","name":"El turista tranquil","description":"Blog de viatges","potentialAction":[{"@type":"SearchAction","target":{"@type":"EntryPoint","urlTemplate":"https:\/\/www.elturistatranquil.com\/ca\/?s={search_term_string}"},"query-input":{"@type":"PropertyValueSpecification","valueRequired":true,"valueName":"search_term_string"}}],"inLanguage":"ca"},{"@type":"Person","@id":"https:\/\/www.elturistatranquil.com\/ca\/#\/schema\/person\/16f607c3079b96ed0c530a52e6b58bb5","name":"admin","image":{"@type":"ImageObject","inLanguage":"ca","@id":"https:\/\/secure.gravatar.com\/avatar\/1fbaf22aee75fcbb29a2f97b107f95d25d3a19b7c3416105be10269872673e8d?s=96&d=mm&r=g","url":"https:\/\/secure.gravatar.com\/avatar\/1fbaf22aee75fcbb29a2f97b107f95d25d3a19b7c3416105be10269872673e8d?s=96&d=mm&r=g","contentUrl":"https:\/\/secure.gravatar.com\/avatar\/1fbaf22aee75fcbb29a2f97b107f95d25d3a19b7c3416105be10269872673e8d?s=96&d=mm&r=g","caption":"admin"}}]}},"_links":{"self":[{"href":"https:\/\/www.elturistatranquil.com\/ca\/wp-json\/wp\/v2\/posts\/16292","targetHints":{"allow":["GET"]}}],"collection":[{"href":"https:\/\/www.elturistatranquil.com\/ca\/wp-json\/wp\/v2\/posts"}],"about":[{"href":"https:\/\/www.elturistatranquil.com\/ca\/wp-json\/wp\/v2\/types\/post"}],"author":[{"embeddable":true,"href":"https:\/\/www.elturistatranquil.com\/ca\/wp-json\/wp\/v2\/users\/1"}],"replies":[{"embeddable":true,"href":"https:\/\/www.elturistatranquil.com\/ca\/wp-json\/wp\/v2\/comments?post=16292"}],"version-history":[{"count":0,"href":"https:\/\/www.elturistatranquil.com\/ca\/wp-json\/wp\/v2\/posts\/16292\/revisions"}],"wp:featuredmedia":[{"embeddable":true,"href":"https:\/\/www.elturistatranquil.com\/ca\/wp-json\/wp\/v2\/media\/16524"}],"wp:attachment":[{"href":"https:\/\/www.elturistatranquil.com\/ca\/wp-json\/wp\/v2\/media?parent=16292"}],"wp:term":[{"taxonomy":"category","embeddable":true,"href":"https:\/\/www.elturistatranquil.com\/ca\/wp-json\/wp\/v2\/categories?post=16292"},{"taxonomy":"post_tag","embeddable":true,"href":"https:\/\/www.elturistatranquil.com\/ca\/wp-json\/wp\/v2\/tags?post=16292"}],"curies":[{"name":"wp","href":"https:\/\/api.w.org\/{rel}","templated":true}]}}