{"id":16719,"date":"2019-05-04T10:20:17","date_gmt":"2019-05-04T08:20:17","guid":{"rendered":"https:\/\/www.elturistatranquil.com\/?p=16719"},"modified":"2021-09-01T13:44:23","modified_gmt":"2021-09-01T11:44:23","slug":"casona-granado-allojament-boutique-levante-almeriense","status":"publish","type":"post","link":"https:\/\/www.elturistatranquil.com\/ca\/casona-granado-allojament-boutique-levante-almeriense\/","title":{"rendered":"Casona Granado, Allotjament boutique. Levante Almeriense"},"content":{"rendered":"\t\t<div data-elementor-type=\"wp-post\" data-elementor-id=\"16719\" class=\"elementor elementor-16719 elementor-16560\" data-elementor-post-type=\"post\">\n\t\t\t\t\t\t<section class=\"elementor-section elementor-top-section elementor-element elementor-element-6fc5ca94 elementor-section-boxed elementor-section-height-default elementor-section-height-default\" data-id=\"6fc5ca94\" data-element_type=\"section\" data-e-type=\"section\">\n\t\t\t\t\t\t<div class=\"elementor-container elementor-column-gap-default\">\n\t\t\t\t\t<div class=\"elementor-column elementor-col-100 elementor-top-column elementor-element elementor-element-6d7e0a03\" data-id=\"6d7e0a03\" data-element_type=\"column\" data-e-type=\"column\">\n\t\t\t<div class=\"elementor-widget-wrap elementor-element-populated\">\n\t\t\t\t\t\t<section class=\"elementor-section elementor-inner-section elementor-element elementor-element-263b6deb elementor-section-content-middle elementor-section-boxed elementor-section-height-default elementor-section-height-default\" data-id=\"263b6deb\" data-element_type=\"section\" data-e-type=\"section\">\n\t\t\t\t\t\t<div class=\"elementor-container elementor-column-gap-default\">\n\t\t\t\t\t<div class=\"elementor-column elementor-col-100 elementor-inner-column elementor-element elementor-element-1dfa7ba6\" data-id=\"1dfa7ba6\" data-element_type=\"column\" data-e-type=\"column\">\n\t\t\t<div class=\"elementor-widget-wrap elementor-element-populated\">\n\t\t\t\t\t\t<div class=\"elementor-element elementor-element-1b4f2efb elementor-widget elementor-widget-text-editor\" data-id=\"1b4f2efb\" data-element_type=\"widget\" data-e-type=\"widget\" data-widget_type=\"text-editor.default\">\n\t\t\t\t<div class=\"elementor-widget-container\">\n\t\t\t\t\t\t\t\t\t<p><em>Casona Granado<\/em>, en el Levante Almeriense, al costat de la Serra de los Filabres, \u00e9s un allotjament boutique per passar en ell unes jornades de tranquil\u00b7litat, menjant en un bon restaurant.<\/p>\t\t\t\t\t\t\t\t<\/div>\n\t\t\t\t<\/div>\n\t\t\t\t\t<\/div>\n\t\t<\/div>\n\t\t\t\t\t<\/div>\n\t\t<\/section>\n\t\t\t\t<div class=\"elementor-element elementor-element-6f16bacf elementor-widget elementor-widget-heading\" data-id=\"6f16bacf\" data-element_type=\"widget\" data-e-type=\"widget\" data-widget_type=\"heading.default\">\n\t\t\t\t<div class=\"elementor-widget-container\">\n\t\t\t\t\t<h1 class=\"elementor-heading-title elementor-size-default\">Casona Granado, Allotjament boutique. Levante Almeriense<\/h1>\t\t\t\t<\/div>\n\t\t\t\t<\/div>\n\t\t\t\t\t<\/div>\n\t\t<\/div>\n\t\t\t\t\t<\/div>\n\t\t<\/section>\n\t\t\t\t<section class=\"elementor-section elementor-top-section elementor-element elementor-element-730fb77b elementor-section-boxed elementor-section-height-default elementor-section-height-default\" data-id=\"730fb77b\" data-element_type=\"section\" data-e-type=\"section\">\n\t\t\t\t\t\t<div class=\"elementor-container elementor-column-gap-default\">\n\t\t\t\t\t<div class=\"elementor-column elementor-col-100 elementor-top-column elementor-element elementor-element-618808f9\" data-id=\"618808f9\" data-element_type=\"column\" data-e-type=\"column\">\n\t\t\t<div class=\"elementor-widget-wrap elementor-element-populated\">\n\t\t\t\t\t\t<div class=\"elementor-element elementor-element-23379409 elementor-widget elementor-widget-image\" data-id=\"23379409\" data-element_type=\"widget\" data-e-type=\"widget\" data-widget_type=\"image.default\">\n\t\t\t\t<div class=\"elementor-widget-container\">\n\t\t\t\t\t\t\t\t\t\t\t\t<figure class=\"wp-caption\">\n\t\t\t\t\t\t\t\t\t\t<img fetchpriority=\"high\" decoding=\"async\" width=\"800\" height=\"534\" src=\"https:\/\/www.elturistatranquil.com\/wp-content\/uploads\/F01-Casona-Granado-1.jpg\" class=\"attachment-large size-large wp-image-16721\" alt=\"\" srcset=\"https:\/\/www.elturistatranquil.com\/wp-content\/uploads\/F01-Casona-Granado-1.jpg 800w, https:\/\/www.elturistatranquil.com\/wp-content\/uploads\/F01-Casona-Granado-1-768x513.jpg 768w\" sizes=\"(max-width: 800px) 100vw, 800px\" \/>\t\t\t\t\t\t\t\t\t\t\t<figcaption class=\"widget-image-caption wp-caption-text\"><\/figcaption>\n\t\t\t\t\t\t\t\t\t\t<\/figure>\n\t\t\t\t\t\t\t\t\t<\/div>\n\t\t\t\t<\/div>\n\t\t\t\t<div class=\"elementor-element elementor-element-c0cba0d elementor-widget elementor-widget-spacer\" data-id=\"c0cba0d\" data-element_type=\"widget\" data-e-type=\"widget\" data-widget_type=\"spacer.default\">\n\t\t\t\t<div class=\"elementor-widget-container\">\n\t\t\t\t\t\t\t<div class=\"elementor-spacer\">\n\t\t\t<div class=\"elementor-spacer-inner\"><\/div>\n\t\t<\/div>\n\t\t\t\t\t\t<\/div>\n\t\t\t\t<\/div>\n\t\t\t\t<div class=\"elementor-element elementor-element-71675f33 elementor-widget elementor-widget-heading\" data-id=\"71675f33\" data-element_type=\"widget\" data-e-type=\"widget\" data-widget_type=\"heading.default\">\n\t\t\t\t<div class=\"elementor-widget-container\">\n\t\t\t\t\t<h2 class=\"elementor-heading-title elementor-size-default\">Casona Granado, Allotjament boutique. El Pilar\/Lubr\u00edn. Levante Almeriense. Almeria<\/h2>\t\t\t\t<\/div>\n\t\t\t\t<\/div>\n\t\t\t\t<section class=\"elementor-section elementor-inner-section elementor-element elementor-element-378e8a02 elementor-section-boxed elementor-section-height-default elementor-section-height-default\" data-id=\"378e8a02\" data-element_type=\"section\" data-e-type=\"section\" data-settings=\"{&quot;background_background&quot;:&quot;classic&quot;}\">\n\t\t\t\t\t\t\t<div class=\"elementor-background-overlay\"><\/div>\n\t\t\t\t\t\t\t<div class=\"elementor-container elementor-column-gap-default\">\n\t\t\t\t\t<div class=\"elementor-column elementor-col-100 elementor-inner-column elementor-element elementor-element-6bafdbc5\" data-id=\"6bafdbc5\" data-element_type=\"column\" data-e-type=\"column\" data-settings=\"{&quot;background_background&quot;:&quot;classic&quot;}\">\n\t\t\t<div class=\"elementor-widget-wrap elementor-element-populated\">\n\t\t\t\t\t\t<div class=\"elementor-element elementor-element-8f31390 elementor-widget elementor-widget-text-editor\" data-id=\"8f31390\" data-element_type=\"widget\" data-e-type=\"widget\" data-widget_type=\"text-editor.default\">\n\t\t\t\t<div class=\"elementor-widget-container\">\n\t\t\t\t\t\t\t\t\t<p>El Pilar, Barriada de Lubr\u00edn, 04271. Comarca: Levante Almeriense. Prov\u00edncia: Almeria. Com. Aut\u00f2noma: Andalusia<\/p><p>Tel\u00e8fon: 950 069 077, 647 877 091.<\/p><p>Coordenades: 37<sup>0<\/sup>11\u201919\u201dN 20<sup>0<\/sup>6\u201900\u201dO. Altitud: 600 msnm. El Pilar: 45 habitants (2018)<\/p><p>Web: <a href=\"https:\/\/casonagranado.com\/es\/\" target=\"_blank\" rel=\"noopener\">Casonagranado<\/a><\/p><p>Video: <a href=\"https:\/\/www.youtube.com\/watch?v=6dHwA2V0ACw\" target=\"_blank\" rel=\"noopener\">Casonagranado<\/a><\/p><p>8 habitacions<\/p><p>Estada: 2019<\/p>\t\t\t\t\t\t\t\t<\/div>\n\t\t\t\t<\/div>\n\t\t\t\t\t<\/div>\n\t\t<\/div>\n\t\t\t\t\t<\/div>\n\t\t<\/section>\n\t\t\t\t<div class=\"elementor-element elementor-element-3cd1db0e elementor-widget elementor-widget-image\" data-id=\"3cd1db0e\" data-element_type=\"widget\" data-e-type=\"widget\" data-widget_type=\"image.default\">\n\t\t\t\t<div class=\"elementor-widget-container\">\n\t\t\t\t\t\t\t\t\t\t\t\t<figure class=\"wp-caption\">\n\t\t\t\t\t\t\t\t\t\t<img decoding=\"async\" width=\"768\" height=\"513\" src=\"https:\/\/www.elturistatranquil.com\/wp-content\/uploads\/F02-Casona-Granado-Mapa-situaci\u00f3n-Google-maps-2019-04-27-1-768x513.jpg\" class=\"attachment-medium_large size-medium_large wp-image-16723\" alt=\"\" srcset=\"https:\/\/www.elturistatranquil.com\/wp-content\/uploads\/F02-Casona-Granado-Mapa-situaci\u00f3n-Google-maps-2019-04-27-1-768x513.jpg 768w, https:\/\/www.elturistatranquil.com\/wp-content\/uploads\/F02-Casona-Granado-Mapa-situaci\u00f3n-Google-maps-2019-04-27-1.jpg 800w\" sizes=\"(max-width: 768px) 100vw, 768px\" \/>\t\t\t\t\t\t\t\t\t\t\t<figcaption class=\"widget-image-caption wp-caption-text\">Mapa de situaci\u00f3 de Casona Granado (Google maps 2019-04-27)<\/figcaption>\n\t\t\t\t\t\t\t\t\t\t<\/figure>\n\t\t\t\t\t\t\t\t\t<\/div>\n\t\t\t\t<\/div>\n\t\t\t\t<section class=\"elementor-section elementor-inner-section elementor-element elementor-element-7a429b2b elementor-section-boxed elementor-section-height-default elementor-section-height-default\" data-id=\"7a429b2b\" data-element_type=\"section\" data-e-type=\"section\" data-settings=\"{&quot;background_background&quot;:&quot;classic&quot;}\">\n\t\t\t\t\t\t<div class=\"elementor-container elementor-column-gap-default\">\n\t\t\t\t\t<div class=\"elementor-column elementor-col-100 elementor-inner-column elementor-element elementor-element-fed2ff5\" data-id=\"fed2ff5\" data-element_type=\"column\" data-e-type=\"column\">\n\t\t\t<div class=\"elementor-widget-wrap elementor-element-populated\">\n\t\t\t\t\t\t<div class=\"elementor-element elementor-element-40a28166 elementor-widget elementor-widget-text-editor\" data-id=\"40a28166\" data-element_type=\"widget\" data-e-type=\"widget\" data-widget_type=\"text-editor.default\">\n\t\t\t\t<div class=\"elementor-widget-container\">\n\t\t\t\t\t\t\t\t\t<p><strong>\u00cdndex<\/strong><\/p>\t\t\t\t\t\t\t\t<\/div>\n\t\t\t\t<\/div>\n\t\t\t\t<div class=\"elementor-element elementor-element-4b125614 elementor-widget elementor-widget-text-editor\" data-id=\"4b125614\" data-element_type=\"widget\" data-e-type=\"widget\" data-widget_type=\"text-editor.default\">\n\t\t\t\t<div class=\"elementor-widget-container\">\n\t\t\t\t\t\t\t\t\t<p><a href=\"https:\/\/www.elturistatranquil.com\/ca\/casona-granado,-allojament-boutique-levante-almeriense\/#a1001\">Casona Granado, Allotjament boutique. El Pilar \/ Lubr\u00edn. Levante Almeriense. Almeria<\/a><\/p><p><a href=\"https:\/\/www.elturistatranquil.com\/ca\/casona-granado,-allojament-boutique-levante-almeriense\/#a1002\">Elecci\u00f3 de la sortida<\/a><\/p><p><a href=\"https:\/\/www.elturistatranquil.com\/ca\/casona-granado,-allojament-boutique-levante-almeriense\/#a1003\">L&#8217;Allotjament: Casona Granado, Allotjament boutique i Restaurant Albar<\/a><\/p><p><a href=\"https:\/\/www.elturistatranquil.com\/ca\/casona-granado,-allojament-boutique-levante-almeriense\/#a1004\">El territori. Llevant D&#8217;Almeria i Cap de Gata<\/a><\/p><p><a href=\"https:\/\/www.elturistatranquil.com\/ca\/casona-granado,-allojament-boutique-levante-almeriense\/#a1005\">Propostes de sortides i activitats<\/a><\/p><p><a href=\"https:\/\/www.elturistatranquil.com\/ca\/casona-granado,-allojament-boutique-levante-almeriense\/#a1006\">Sortides per l&#8217;entorn<\/a><\/p><p style=\"padding-left: 40px;\"><a href=\"https:\/\/www.elturistatranquil.com\/ca\/casona-granado,-allojament-boutique-levante-almeriense\/#a1007\">A la mateixa Casona Granado<\/a><\/p><p style=\"padding-left: 40px;\"><a href=\"https:\/\/www.elturistatranquil.com\/ca\/casona-granado,-allojament-boutique-levante-almeriense\/#a1008\">Passeig pel Barri El Pilar<\/a><\/p><p style=\"padding-left: 40px;\"><a href=\"https:\/\/www.elturistatranquil.com\/ca\/casona-granado,-allojament-boutique-levante-almeriense\/#a1009\">Apropar-se a Lubr\u00edn<\/a><\/p><p><a href=\"https:\/\/www.elturistatranquil.com\/ca\/casona-granado,-allojament-boutique-levante-almeriense\/#a1010\">Sortides de mitja jornada<\/a><\/p><p style=\"padding-left: 40px;\"><a href=\"https:\/\/www.elturistatranquil.com\/ca\/casona-granado,-allojament-boutique-levante-almeriense\/#a1011\">Sorbas i Parc Natural Karst en Yesos de Sorbas<\/a><\/p><p><a href=\"https:\/\/www.elturistatranquil.com\/ca\/casona-granado,-allojament-boutique-levante-almeriense\/#a1012\">Sortides de jornada completa<\/a><\/p><p style=\"padding-left: 40px;\"><a href=\"https:\/\/www.elturistatranquil.com\/ca\/casona-granado,-allojament-boutique-levante-almeriense\/#a1013\">Parc Natural del Cabo de Gata<\/a><\/p><p style=\"padding-left: 80px;\"><a href=\"https:\/\/www.elturistatranquil.com\/ca\/casona-granado,-allojament-boutique-levante-almeriense\/#a1014\">Recorregut pel Parc Natural del Cabo de Gata<\/a><\/p><p style=\"padding-left: 80px;\"><a href=\"https:\/\/www.elturistatranquil.com\/ca\/casona-granado,-allojament-boutique-levante-almeriense\/#a1015\">Retorn per Tabernas<\/a><\/p><p style=\"padding-left: 40px;\"><a href=\"https:\/\/www.elturistatranquil.com\/ca\/casona-granado,-allojament-boutique-levante-almeriense\/#a1016\">Sortida pel Levante de Almeria: Cuevas del Almanzora, Garrucha i Moj\u00e1car<\/a><\/p><p style=\"padding-left: 40px;\"><a href=\"https:\/\/www.elturistatranquil.com\/ca\/casona-granado,-allojament-boutique-levante-almeriense\/#a1017\">Un dia a Almeria<\/a><\/p><p><a href=\"https:\/\/www.elturistatranquil.com\/ca\/casona-granado,-allojament-boutique-levante-almeriense\/#a1018\">Fi de la sortida: el retorn<\/a><\/p>\t\t\t\t\t\t\t\t<\/div>\n\t\t\t\t<\/div>\n\t\t\t\t\t<\/div>\n\t\t<\/div>\n\t\t\t\t\t<\/div>\n\t\t<\/section>\n\t\t\t\t<div class=\"elementor-element elementor-element-173d607f elementor-widget elementor-widget-spacer\" data-id=\"173d607f\" data-element_type=\"widget\" data-e-type=\"widget\" data-widget_type=\"spacer.default\">\n\t\t\t\t<div class=\"elementor-widget-container\">\n\t\t\t\t\t\t\t<div class=\"elementor-spacer\">\n\t\t\t<div class=\"elementor-spacer-inner\"><\/div>\n\t\t<\/div>\n\t\t\t\t\t\t<\/div>\n\t\t\t\t<\/div>\n\t\t\t\t<div class=\"elementor-element elementor-element-5e3a93c4 elementor-widget elementor-widget-menu-anchor\" data-id=\"5e3a93c4\" data-element_type=\"widget\" data-e-type=\"widget\" data-widget_type=\"menu-anchor.default\">\n\t\t\t\t<div class=\"elementor-widget-container\">\n\t\t\t\t\t\t\t<div class=\"elementor-menu-anchor\" id=\"a1001\"><\/div>\n\t\t\t\t\t\t<\/div>\n\t\t\t\t<\/div>\n\t\t\t\t<div class=\"elementor-element elementor-element-2a757d2c elementor-widget elementor-widget-heading\" data-id=\"2a757d2c\" data-element_type=\"widget\" data-e-type=\"widget\" data-widget_type=\"heading.default\">\n\t\t\t\t<div class=\"elementor-widget-container\">\n\t\t\t\t\t<h2 class=\"elementor-heading-title elementor-size-default\">Casona Granado, Allotjament boutique. El Pilar\/Lubr\u00edn. Levante Almeriense. Almeria<\/h2>\t\t\t\t<\/div>\n\t\t\t\t<\/div>\n\t\t\t\t<div class=\"elementor-element elementor-element-54110d86 elementor-widget elementor-widget-menu-anchor\" data-id=\"54110d86\" data-element_type=\"widget\" data-e-type=\"widget\" data-widget_type=\"menu-anchor.default\">\n\t\t\t\t<div class=\"elementor-widget-container\">\n\t\t\t\t\t\t\t<div class=\"elementor-menu-anchor\" id=\"a1002\"><\/div>\n\t\t\t\t\t\t<\/div>\n\t\t\t\t<\/div>\n\t\t\t\t<div class=\"elementor-element elementor-element-54a24001 elementor-widget elementor-widget-text-editor\" data-id=\"54a24001\" data-element_type=\"widget\" data-e-type=\"widget\" data-widget_type=\"text-editor.default\">\n\t\t\t\t<div class=\"elementor-widget-container\">\n\t\t\t\t\t\t\t\t\t<p>Les terres d&#8217;Almeria, per motius diversos, sempre han reclamat la meva atenci\u00f3. En aquesta ocasi\u00f3, en la recerca d&#8217;un allotjament tranquil segons els meus criteris, em vaig decantar per la comarca del Levante Almeriense, per\u00f2 no a la costa, sin\u00f3 a l&#8217;interior, el que em permetia endinsar-me en el territori de l&#8217;espart, aix\u00ed com efectuar sortides en diverses direccions.<\/p><p>El municipi de <strong>Lubr\u00edn<\/strong>, va ser el finalment l&#8217;escollit en funci\u00f3 de la localitzaci\u00f3 de l&#8217;allotjament, que m&#8217;oferia sobre el paper els criteris que complien els meus interessos.<\/p>\t\t\t\t\t\t\t\t<\/div>\n\t\t\t\t<\/div>\n\t\t\t\t<div class=\"elementor-element elementor-element-10c100e0 elementor-widget elementor-widget-heading\" data-id=\"10c100e0\" data-element_type=\"widget\" data-e-type=\"widget\" data-widget_type=\"heading.default\">\n\t\t\t\t<div class=\"elementor-widget-container\">\n\t\t\t\t\t<h2 class=\"elementor-heading-title elementor-size-default\">Elecci\u00f3 de la sortida<\/h2>\t\t\t\t<\/div>\n\t\t\t\t<\/div>\n\t\t\t\t<div class=\"elementor-element elementor-element-61c8ae82 elementor-widget elementor-widget-text-editor\" data-id=\"61c8ae82\" data-element_type=\"widget\" data-e-type=\"widget\" data-widget_type=\"text-editor.default\">\n\t\t\t\t<div class=\"elementor-widget-container\">\n\t\t\t\t\t\t\t\t\t<p>Les recerques a Internet d&#8217;allotjaments a la zona em van portar a fixar-me en la <strong>Casona Granado<\/strong>, un Allotjament Boutique, al <strong>Barri del Pilar<\/strong>, al municipi de <strong>Lubr\u00edn<\/strong>, en la <strong>Serra de los Filabres<\/strong>, que acull el <strong>Restaurant Albar<\/strong>.<\/p><p>El Barri del Pilar, amb les caracter\u00edstiques d&#8217;un poble blanc andal\u00fas, est\u00e0 format per un petit nucli amb 47 habitants a 4 quil\u00f2metres de Lubr\u00edn (1.431 habitants el 2018).<\/p>\t\t\t\t\t\t\t\t<\/div>\n\t\t\t\t<\/div>\n\t\t\t\t<div class=\"elementor-element elementor-element-10b989e7 elementor-widget elementor-widget-image\" data-id=\"10b989e7\" data-element_type=\"widget\" data-e-type=\"widget\" data-widget_type=\"image.default\">\n\t\t\t\t<div class=\"elementor-widget-container\">\n\t\t\t\t\t\t\t\t\t\t\t\t<figure class=\"wp-caption\">\n\t\t\t\t\t\t\t\t\t\t<img decoding=\"async\" width=\"800\" height=\"533\" src=\"https:\/\/www.elturistatranquil.com\/wp-content\/uploads\/F03-Casona-Granado-1.jpg\" class=\"attachment-large size-large wp-image-16725\" alt=\"\" srcset=\"https:\/\/www.elturistatranquil.com\/wp-content\/uploads\/F03-Casona-Granado-1.jpg 800w, https:\/\/www.elturistatranquil.com\/wp-content\/uploads\/F03-Casona-Granado-1-768x512.jpg 768w\" sizes=\"(max-width: 800px) 100vw, 800px\" \/>\t\t\t\t\t\t\t\t\t\t\t<figcaption class=\"widget-image-caption wp-caption-text\"><\/figcaption>\n\t\t\t\t\t\t\t\t\t\t<\/figure>\n\t\t\t\t\t\t\t\t\t<\/div>\n\t\t\t\t<\/div>\n\t\t\t\t<div class=\"elementor-element elementor-element-11273b78 elementor-widget elementor-widget-menu-anchor\" data-id=\"11273b78\" data-element_type=\"widget\" data-e-type=\"widget\" data-widget_type=\"menu-anchor.default\">\n\t\t\t\t<div class=\"elementor-widget-container\">\n\t\t\t\t\t\t\t<div class=\"elementor-menu-anchor\" id=\"a1003\"><\/div>\n\t\t\t\t\t\t<\/div>\n\t\t\t\t<\/div>\n\t\t\t\t<div class=\"elementor-element elementor-element-2b62a64b elementor-widget elementor-widget-text-editor\" data-id=\"2b62a64b\" data-element_type=\"widget\" data-e-type=\"widget\" data-widget_type=\"text-editor.default\">\n\t\t\t\t<div class=\"elementor-widget-container\">\n\t\t\t\t\t\t\t\t\t<p>En aquest punt el lector ja ha de saber que la <em>Casona Granado<\/em> ha complert amb escreix amb els tres criteris en el que baso la meva valoraci\u00f3 particular: <a href=\"https:\/\/www.elturistatranquil.com\/ca\/el-per-que-daquest-blog\/\" target=\"_blank\" rel=\"noopener\">B\u00e9 estar, ben menjar i bon entorn<\/a>. Per aix\u00f2, vaig a dedicar-li aquest Post.<\/p>\t\t\t\t\t\t\t\t<\/div>\n\t\t\t\t<\/div>\n\t\t\t\t<div class=\"elementor-element elementor-element-2c1acd4f elementor-widget elementor-widget-heading\" data-id=\"2c1acd4f\" data-element_type=\"widget\" data-e-type=\"widget\" data-widget_type=\"heading.default\">\n\t\t\t\t<div class=\"elementor-widget-container\">\n\t\t\t\t\t<h2 class=\"elementor-heading-title elementor-size-default\">L'Allotjament: Casona Granado, Allotjament boutique i Restaurant Albar<\/h2>\t\t\t\t<\/div>\n\t\t\t\t<\/div>\n\t\t\t\t<div class=\"elementor-element elementor-element-c97b3ee elementor-widget elementor-widget-text-editor\" data-id=\"c97b3ee\" data-element_type=\"widget\" data-e-type=\"widget\" data-widget_type=\"text-editor.default\">\n\t\t\t\t<div class=\"elementor-widget-container\">\n\t\t\t\t\t\t\t\t\t<p>A l&#8217;extrem sud del nucli urb\u00e0, obert al paisatge de l&#8217;entorn, est\u00e0 situat l&#8217;edifici, un casalot del segle XIX, totalment renovat al seu interior, per\u00f2 conservant l&#8217;ess\u00e8ncia original.<\/p><p>Com a la resta de la localitat, la casona t\u00e9 dos nivells. A la planta baixa la recepci\u00f3, el bar-restaurant i la cuina, i les 8 habitacions a la planta superior, i en un semisoterrani una sala multiusos.<\/p><p><strong>Rachel<\/strong> em d\u00f3na la benvinguda i despr\u00e9s coneixer\u00e9 a en <strong>Clayton<\/strong>. Aquest matrimoni angl\u00e8s, amb les seves dues filles, fa anys que van decidir integrar-se al territori, i fa un parell d&#8217;anys que van acabar obrint aquest allotjament boutique.\u00a0<\/p><p>Si considerem que les caracter\u00edstiques d&#8217;un hotel boutique siguin fer sentir al client com a casa, en instal\u00b7lacions amb personalitat pr\u00f2pia i ambients \u00edntims, en edificacions antigues, <strong>Rachel<\/strong> i <strong>Clayton<\/strong> ho aconsegueixen a <strong>Casona Granado<\/strong> a un preu raonable.<\/p><p>Des de la recepci\u00f3, purament funcional, Rachel m&#8217;acompanya a l&#8217;habitaci\u00f3 n\u00famero 5.<\/p>\t\t\t\t\t\t\t\t<\/div>\n\t\t\t\t<\/div>\n\t\t\t\t<div class=\"elementor-element elementor-element-43417c13 elementor-widget elementor-widget-image\" data-id=\"43417c13\" data-element_type=\"widget\" data-e-type=\"widget\" data-widget_type=\"image.default\">\n\t\t\t\t<div class=\"elementor-widget-container\">\n\t\t\t\t\t\t\t\t\t\t\t\t<figure class=\"wp-caption\">\n\t\t\t\t\t\t\t\t\t\t<img loading=\"lazy\" decoding=\"async\" width=\"800\" height=\"533\" src=\"https:\/\/www.elturistatranquil.com\/wp-content\/uploads\/F04-Casona-Granado-1.jpg\" class=\"attachment-large size-large wp-image-16727\" alt=\"\" srcset=\"https:\/\/www.elturistatranquil.com\/wp-content\/uploads\/F04-Casona-Granado-1.jpg 800w, https:\/\/www.elturistatranquil.com\/wp-content\/uploads\/F04-Casona-Granado-1-768x512.jpg 768w\" sizes=\"(max-width: 800px) 100vw, 800px\" \/>\t\t\t\t\t\t\t\t\t\t\t<figcaption class=\"widget-image-caption wp-caption-text\"><\/figcaption>\n\t\t\t\t\t\t\t\t\t\t<\/figure>\n\t\t\t\t\t\t\t\t\t<\/div>\n\t\t\t\t<\/div>\n\t\t\t\t<div class=\"elementor-element elementor-element-6e997bc6 elementor-widget elementor-widget-text-editor\" data-id=\"6e997bc6\" data-element_type=\"widget\" data-e-type=\"widget\" data-widget_type=\"text-editor.default\">\n\t\t\t\t<div class=\"elementor-widget-container\">\n\t\t\t\t\t\t\t\t\t<p>L&#8217;habitaci\u00f3 \u00e9s c\u00f2moda i agradable, amb dos finestrals d&#8217;estil \u00e0rab, sota sostre de bigues de fusta, i fotografies d&#8217;autor, com podr\u00e9 observar tamb\u00e9 per la resta de la decoraci\u00f3 de l&#8217;edifici.<\/p>\t\t\t\t\t\t\t\t<\/div>\n\t\t\t\t<\/div>\n\t\t\t\t<div class=\"elementor-element elementor-element-63d2e090 elementor-widget elementor-widget-image\" data-id=\"63d2e090\" data-element_type=\"widget\" data-e-type=\"widget\" data-widget_type=\"image.default\">\n\t\t\t\t<div class=\"elementor-widget-container\">\n\t\t\t\t\t\t\t\t\t\t\t\t<figure class=\"wp-caption\">\n\t\t\t\t\t\t\t\t\t\t<img loading=\"lazy\" decoding=\"async\" width=\"800\" height=\"533\" src=\"https:\/\/www.elturistatranquil.com\/wp-content\/uploads\/F05-Casona-Granado-1.jpg\" class=\"attachment-large size-large wp-image-16729\" alt=\"\" srcset=\"https:\/\/www.elturistatranquil.com\/wp-content\/uploads\/F05-Casona-Granado-1.jpg 800w, https:\/\/www.elturistatranquil.com\/wp-content\/uploads\/F05-Casona-Granado-1-768x512.jpg 768w\" sizes=\"(max-width: 800px) 100vw, 800px\" \/>\t\t\t\t\t\t\t\t\t\t\t<figcaption class=\"widget-image-caption wp-caption-text\"><\/figcaption>\n\t\t\t\t\t\t\t\t\t\t<\/figure>\n\t\t\t\t\t\t\t\t\t<\/div>\n\t\t\t\t<\/div>\n\t\t\t\t<div class=\"elementor-element elementor-element-33f9aaee elementor-widget elementor-widget-image\" data-id=\"33f9aaee\" data-element_type=\"widget\" data-e-type=\"widget\" data-widget_type=\"image.default\">\n\t\t\t\t<div class=\"elementor-widget-container\">\n\t\t\t\t\t\t\t\t\t\t\t\t<figure class=\"wp-caption\">\n\t\t\t\t\t\t\t\t\t\t<img loading=\"lazy\" decoding=\"async\" width=\"800\" height=\"533\" src=\"https:\/\/www.elturistatranquil.com\/wp-content\/uploads\/F06-Casona-Granado-1.jpg\" class=\"attachment-large size-large wp-image-16731\" alt=\"\" srcset=\"https:\/\/www.elturistatranquil.com\/wp-content\/uploads\/F06-Casona-Granado-1.jpg 800w, https:\/\/www.elturistatranquil.com\/wp-content\/uploads\/F06-Casona-Granado-1-768x512.jpg 768w\" sizes=\"(max-width: 800px) 100vw, 800px\" \/>\t\t\t\t\t\t\t\t\t\t\t<figcaption class=\"widget-image-caption wp-caption-text\"><\/figcaption>\n\t\t\t\t\t\t\t\t\t\t<\/figure>\n\t\t\t\t\t\t\t\t\t<\/div>\n\t\t\t\t<\/div>\n\t\t\t\t<div class=\"elementor-element elementor-element-2b005c7 elementor-widget elementor-widget-image\" data-id=\"2b005c7\" data-element_type=\"widget\" data-e-type=\"widget\" data-widget_type=\"image.default\">\n\t\t\t\t<div class=\"elementor-widget-container\">\n\t\t\t\t\t\t\t\t\t\t\t\t<figure class=\"wp-caption\">\n\t\t\t\t\t\t\t\t\t\t<img loading=\"lazy\" decoding=\"async\" width=\"800\" height=\"533\" src=\"https:\/\/www.elturistatranquil.com\/wp-content\/uploads\/F07-Casona-Granado-1.jpg\" class=\"attachment-large size-large wp-image-16733\" alt=\"\" srcset=\"https:\/\/www.elturistatranquil.com\/wp-content\/uploads\/F07-Casona-Granado-1.jpg 800w, https:\/\/www.elturistatranquil.com\/wp-content\/uploads\/F07-Casona-Granado-1-768x512.jpg 768w\" sizes=\"(max-width: 800px) 100vw, 800px\" \/>\t\t\t\t\t\t\t\t\t\t\t<figcaption class=\"widget-image-caption wp-caption-text\"><\/figcaption>\n\t\t\t\t\t\t\t\t\t\t<\/figure>\n\t\t\t\t\t\t\t\t\t<\/div>\n\t\t\t\t<\/div>\n\t\t\t\t<div class=\"elementor-element elementor-element-92752f5 elementor-widget elementor-widget-image\" data-id=\"92752f5\" data-element_type=\"widget\" data-e-type=\"widget\" data-widget_type=\"image.default\">\n\t\t\t\t<div class=\"elementor-widget-container\">\n\t\t\t\t\t\t\t\t\t\t\t\t<figure class=\"wp-caption\">\n\t\t\t\t\t\t\t\t\t\t<img loading=\"lazy\" decoding=\"async\" width=\"800\" height=\"533\" src=\"https:\/\/www.elturistatranquil.com\/wp-content\/uploads\/F08-Casona-Granado-1.jpg\" class=\"attachment-large size-large wp-image-16735\" alt=\"\" srcset=\"https:\/\/www.elturistatranquil.com\/wp-content\/uploads\/F08-Casona-Granado-1.jpg 800w, https:\/\/www.elturistatranquil.com\/wp-content\/uploads\/F08-Casona-Granado-1-768x512.jpg 768w\" sizes=\"(max-width: 800px) 100vw, 800px\" \/>\t\t\t\t\t\t\t\t\t\t\t<figcaption class=\"widget-image-caption wp-caption-text\"><\/figcaption>\n\t\t\t\t\t\t\t\t\t\t<\/figure>\n\t\t\t\t\t\t\t\t\t<\/div>\n\t\t\t\t<\/div>\n\t\t\t\t<div class=\"elementor-element elementor-element-4187725 elementor-widget elementor-widget-image\" data-id=\"4187725\" data-element_type=\"widget\" data-e-type=\"widget\" data-widget_type=\"image.default\">\n\t\t\t\t<div class=\"elementor-widget-container\">\n\t\t\t\t\t\t\t\t\t\t\t\t<figure class=\"wp-caption\">\n\t\t\t\t\t\t\t\t\t\t<img loading=\"lazy\" decoding=\"async\" width=\"800\" height=\"533\" src=\"https:\/\/www.elturistatranquil.com\/wp-content\/uploads\/F09-Casona-Granado-1.jpg\" class=\"attachment-large size-large wp-image-16737\" alt=\"\" srcset=\"https:\/\/www.elturistatranquil.com\/wp-content\/uploads\/F09-Casona-Granado-1.jpg 800w, https:\/\/www.elturistatranquil.com\/wp-content\/uploads\/F09-Casona-Granado-1-768x512.jpg 768w\" sizes=\"(max-width: 800px) 100vw, 800px\" \/>\t\t\t\t\t\t\t\t\t\t\t<figcaption class=\"widget-image-caption wp-caption-text\"><\/figcaption>\n\t\t\t\t\t\t\t\t\t\t<\/figure>\n\t\t\t\t\t\t\t\t\t<\/div>\n\t\t\t\t<\/div>\n\t\t\t\t<div class=\"elementor-element elementor-element-1b27aeac elementor-widget elementor-widget-text-editor\" data-id=\"1b27aeac\" data-element_type=\"widget\" data-e-type=\"widget\" data-widget_type=\"text-editor.default\">\n\t\t\t\t<div class=\"elementor-widget-container\">\n\t\t\t\t\t\t\t\t\t<p>Un detall amb personalitat del bany \u00e9s l&#8217;obertura a la paret original que han mantingut a la zona de la dutxa.<\/p>\t\t\t\t\t\t\t\t<\/div>\n\t\t\t\t<\/div>\n\t\t\t\t<div class=\"elementor-element elementor-element-5da1d698 elementor-widget elementor-widget-image\" data-id=\"5da1d698\" data-element_type=\"widget\" data-e-type=\"widget\" data-widget_type=\"image.default\">\n\t\t\t\t<div class=\"elementor-widget-container\">\n\t\t\t\t\t\t\t\t\t\t\t\t<figure class=\"wp-caption\">\n\t\t\t\t\t\t\t\t\t\t<img loading=\"lazy\" decoding=\"async\" width=\"366\" height=\"550\" src=\"https:\/\/www.elturistatranquil.com\/wp-content\/uploads\/F10-Casona-Granado-1.jpg\" class=\"attachment-large size-large wp-image-16739\" alt=\"\" \/>\t\t\t\t\t\t\t\t\t\t\t<figcaption class=\"widget-image-caption wp-caption-text\"><\/figcaption>\n\t\t\t\t\t\t\t\t\t\t<\/figure>\n\t\t\t\t\t\t\t\t\t<\/div>\n\t\t\t\t<\/div>\n\t\t\t\t<div class=\"elementor-element elementor-element-22a85478 elementor-widget elementor-widget-text-editor\" data-id=\"22a85478\" data-element_type=\"widget\" data-e-type=\"widget\" data-widget_type=\"text-editor.default\">\n\t\t\t\t<div class=\"elementor-widget-container\">\n\t\t\t\t\t\t\t\t\t<p>L&#8217;esmorzar se serveix en un menjador exclusiu. Un finestral cap a l&#8217;exterior ens d\u00f3na el bon dia.<\/p>\t\t\t\t\t\t\t\t<\/div>\n\t\t\t\t<\/div>\n\t\t\t\t<div class=\"elementor-element elementor-element-2c6f3948 elementor-widget elementor-widget-image\" data-id=\"2c6f3948\" data-element_type=\"widget\" data-e-type=\"widget\" data-widget_type=\"image.default\">\n\t\t\t\t<div class=\"elementor-widget-container\">\n\t\t\t\t\t\t\t\t\t\t\t\t<figure class=\"wp-caption\">\n\t\t\t\t\t\t\t\t\t\t<img loading=\"lazy\" decoding=\"async\" width=\"800\" height=\"533\" src=\"https:\/\/www.elturistatranquil.com\/wp-content\/uploads\/F11-Casona-Granado-1.jpg\" class=\"attachment-large size-large wp-image-16741\" alt=\"\" srcset=\"https:\/\/www.elturistatranquil.com\/wp-content\/uploads\/F11-Casona-Granado-1.jpg 800w, https:\/\/www.elturistatranquil.com\/wp-content\/uploads\/F11-Casona-Granado-1-768x512.jpg 768w\" sizes=\"(max-width: 800px) 100vw, 800px\" \/>\t\t\t\t\t\t\t\t\t\t\t<figcaption class=\"widget-image-caption wp-caption-text\"><\/figcaption>\n\t\t\t\t\t\t\t\t\t\t<\/figure>\n\t\t\t\t\t\t\t\t\t<\/div>\n\t\t\t\t<\/div>\n\t\t\t\t<div class=\"elementor-element elementor-element-5e98e7 elementor-widget elementor-widget-text-editor\" data-id=\"5e98e7\" data-element_type=\"widget\" data-e-type=\"widget\" data-widget_type=\"text-editor.default\">\n\t\t\t\t<div class=\"elementor-widget-container\">\n\t\t\t\t\t\t\t\t\t<p>Un cartellet a la taula proporciona una primera distracci\u00f3 per no avorrir-se.<\/p>\t\t\t\t\t\t\t\t<\/div>\n\t\t\t\t<\/div>\n\t\t\t\t<div class=\"elementor-element elementor-element-55c111d1 elementor-widget elementor-widget-image\" data-id=\"55c111d1\" data-element_type=\"widget\" data-e-type=\"widget\" data-widget_type=\"image.default\">\n\t\t\t\t<div class=\"elementor-widget-container\">\n\t\t\t\t\t\t\t\t\t\t\t\t<figure class=\"wp-caption\">\n\t\t\t\t\t\t\t\t\t\t<img loading=\"lazy\" decoding=\"async\" width=\"800\" height=\"533\" src=\"https:\/\/www.elturistatranquil.com\/wp-content\/uploads\/F12-Casona-Granado-1.jpg\" class=\"attachment-large size-large wp-image-16743\" alt=\"\" srcset=\"https:\/\/www.elturistatranquil.com\/wp-content\/uploads\/F12-Casona-Granado-1.jpg 800w, https:\/\/www.elturistatranquil.com\/wp-content\/uploads\/F12-Casona-Granado-1-768x512.jpg 768w\" sizes=\"(max-width: 800px) 100vw, 800px\" \/>\t\t\t\t\t\t\t\t\t\t\t<figcaption class=\"widget-image-caption wp-caption-text\"><\/figcaption>\n\t\t\t\t\t\t\t\t\t\t<\/figure>\n\t\t\t\t\t\t\t\t\t<\/div>\n\t\t\t\t<\/div>\n\t\t\t\t<div class=\"elementor-element elementor-element-1607b8e4 elementor-widget elementor-widget-text-editor\" data-id=\"1607b8e4\" data-element_type=\"widget\" data-e-type=\"widget\" data-widget_type=\"text-editor.default\">\n\t\t\t\t<div class=\"elementor-widget-container\">\n\t\t\t\t\t\t\t\t\t<p>En efecte, a la paret lateral una gran representaci\u00f3 reprodueix el paisatge del finestral, amb les picades d&#8217;ullet amagats del joc.<\/p>\t\t\t\t\t\t\t\t<\/div>\n\t\t\t\t<\/div>\n\t\t\t\t<div class=\"elementor-element elementor-element-5eaaa000 elementor-widget elementor-widget-image\" data-id=\"5eaaa000\" data-element_type=\"widget\" data-e-type=\"widget\" data-widget_type=\"image.default\">\n\t\t\t\t<div class=\"elementor-widget-container\">\n\t\t\t\t\t\t\t\t\t\t\t\t<figure class=\"wp-caption\">\n\t\t\t\t\t\t\t\t\t\t<img loading=\"lazy\" decoding=\"async\" width=\"800\" height=\"533\" src=\"https:\/\/www.elturistatranquil.com\/wp-content\/uploads\/F13-Casona-Granado-1.jpg\" class=\"attachment-large size-large wp-image-16745\" alt=\"\" srcset=\"https:\/\/www.elturistatranquil.com\/wp-content\/uploads\/F13-Casona-Granado-1.jpg 800w, https:\/\/www.elturistatranquil.com\/wp-content\/uploads\/F13-Casona-Granado-1-768x512.jpg 768w\" sizes=\"(max-width: 800px) 100vw, 800px\" \/>\t\t\t\t\t\t\t\t\t\t\t<figcaption class=\"widget-image-caption wp-caption-text\"><\/figcaption>\n\t\t\t\t\t\t\t\t\t\t<\/figure>\n\t\t\t\t\t\t\t\t\t<\/div>\n\t\t\t\t<\/div>\n\t\t\t\t<div class=\"elementor-element elementor-element-1701f31e elementor-widget elementor-widget-text-editor\" data-id=\"1701f31e\" data-element_type=\"widget\" data-e-type=\"widget\" data-widget_type=\"text-editor.default\">\n\t\t\t\t<div class=\"elementor-widget-container\">\n\t\t\t\t\t\t\t\t\t<p>El contingut dels esmorzars va ser molt complet.<\/p>\t\t\t\t\t\t\t\t<\/div>\n\t\t\t\t<\/div>\n\t\t\t\t<div class=\"elementor-element elementor-element-11d43226 elementor-widget elementor-widget-image\" data-id=\"11d43226\" data-element_type=\"widget\" data-e-type=\"widget\" data-widget_type=\"image.default\">\n\t\t\t\t<div class=\"elementor-widget-container\">\n\t\t\t\t\t\t\t\t\t\t\t\t<figure class=\"wp-caption\">\n\t\t\t\t\t\t\t\t\t\t<img loading=\"lazy\" decoding=\"async\" width=\"800\" height=\"534\" src=\"https:\/\/www.elturistatranquil.com\/wp-content\/uploads\/F14-Casona-Granado-1.jpg\" class=\"attachment-large size-large wp-image-16747\" alt=\"\" srcset=\"https:\/\/www.elturistatranquil.com\/wp-content\/uploads\/F14-Casona-Granado-1.jpg 800w, https:\/\/www.elturistatranquil.com\/wp-content\/uploads\/F14-Casona-Granado-1-768x513.jpg 768w\" sizes=\"(max-width: 800px) 100vw, 800px\" \/>\t\t\t\t\t\t\t\t\t\t\t<figcaption class=\"widget-image-caption wp-caption-text\"><\/figcaption>\n\t\t\t\t\t\t\t\t\t\t<\/figure>\n\t\t\t\t\t\t\t\t\t<\/div>\n\t\t\t\t<\/div>\n\t\t\t\t<div class=\"elementor-element elementor-element-4e95004f elementor-widget elementor-widget-image\" data-id=\"4e95004f\" data-element_type=\"widget\" data-e-type=\"widget\" data-widget_type=\"image.default\">\n\t\t\t\t<div class=\"elementor-widget-container\">\n\t\t\t\t\t\t\t\t\t\t\t\t<figure class=\"wp-caption\">\n\t\t\t\t\t\t\t\t\t\t<img loading=\"lazy\" decoding=\"async\" width=\"800\" height=\"533\" src=\"https:\/\/www.elturistatranquil.com\/wp-content\/uploads\/F15-Casona-Granado-1.jpg\" class=\"attachment-large size-large wp-image-16749\" alt=\"\" srcset=\"https:\/\/www.elturistatranquil.com\/wp-content\/uploads\/F15-Casona-Granado-1.jpg 800w, https:\/\/www.elturistatranquil.com\/wp-content\/uploads\/F15-Casona-Granado-1-768x512.jpg 768w\" sizes=\"(max-width: 800px) 100vw, 800px\" \/>\t\t\t\t\t\t\t\t\t\t\t<figcaption class=\"widget-image-caption wp-caption-text\"><\/figcaption>\n\t\t\t\t\t\t\t\t\t\t<\/figure>\n\t\t\t\t\t\t\t\t\t<\/div>\n\t\t\t\t<\/div>\n\t\t\t\t<div class=\"elementor-element elementor-element-153cf8b4 elementor-widget elementor-widget-text-editor\" data-id=\"153cf8b4\" data-element_type=\"widget\" data-e-type=\"widget\" data-widget_type=\"text-editor.default\">\n\t\t\t\t<div class=\"elementor-widget-container\">\n\t\t\t\t\t\t\t\t\t<p>Al restaurant et rep una barra de bar que s&#8217;obre sobre un ampli menjador.<\/p>\t\t\t\t\t\t\t\t<\/div>\n\t\t\t\t<\/div>\n\t\t\t\t<div class=\"elementor-element elementor-element-4d5024f elementor-widget elementor-widget-image\" data-id=\"4d5024f\" data-element_type=\"widget\" data-e-type=\"widget\" data-widget_type=\"image.default\">\n\t\t\t\t<div class=\"elementor-widget-container\">\n\t\t\t\t\t\t\t\t\t\t\t\t<figure class=\"wp-caption\">\n\t\t\t\t\t\t\t\t\t\t<img loading=\"lazy\" decoding=\"async\" width=\"800\" height=\"533\" src=\"https:\/\/www.elturistatranquil.com\/wp-content\/uploads\/F16-Casona-Granado-1.jpg\" class=\"attachment-large size-large wp-image-16751\" alt=\"\" srcset=\"https:\/\/www.elturistatranquil.com\/wp-content\/uploads\/F16-Casona-Granado-1.jpg 800w, https:\/\/www.elturistatranquil.com\/wp-content\/uploads\/F16-Casona-Granado-1-768x512.jpg 768w\" sizes=\"(max-width: 800px) 100vw, 800px\" \/>\t\t\t\t\t\t\t\t\t\t\t<figcaption class=\"widget-image-caption wp-caption-text\"><\/figcaption>\n\t\t\t\t\t\t\t\t\t\t<\/figure>\n\t\t\t\t\t\t\t\t\t<\/div>\n\t\t\t\t<\/div>\n\t\t\t\t<div class=\"elementor-element elementor-element-2f430ad1 elementor-widget elementor-widget-text-editor\" data-id=\"2f430ad1\" data-element_type=\"widget\" data-e-type=\"widget\" data-widget_type=\"text-editor.default\">\n\t\t\t\t<div class=\"elementor-widget-container\">\n\t\t\t\t\t\t\t\t\t<p>Al fons d&#8217;un dels costats del menjador est\u00e0 Situat un ampli espai de <em>Mise en Place<\/em> de la cuina al costat d&#8217;un forn de llenya, tant per cuinar com per fer pa o pizzes.<\/p>\t\t\t\t\t\t\t\t<\/div>\n\t\t\t\t<\/div>\n\t\t\t\t<div class=\"elementor-element elementor-element-3930feba elementor-widget elementor-widget-image\" data-id=\"3930feba\" data-element_type=\"widget\" data-e-type=\"widget\" data-widget_type=\"image.default\">\n\t\t\t\t<div class=\"elementor-widget-container\">\n\t\t\t\t\t\t\t\t\t\t\t\t<figure class=\"wp-caption\">\n\t\t\t\t\t\t\t\t\t\t<img loading=\"lazy\" decoding=\"async\" width=\"800\" height=\"533\" src=\"https:\/\/www.elturistatranquil.com\/wp-content\/uploads\/F17-Casona-Granado-1.jpg\" class=\"attachment-large size-large wp-image-16753\" alt=\"\" srcset=\"https:\/\/www.elturistatranquil.com\/wp-content\/uploads\/F17-Casona-Granado-1.jpg 800w, https:\/\/www.elturistatranquil.com\/wp-content\/uploads\/F17-Casona-Granado-1-768x512.jpg 768w\" sizes=\"(max-width: 800px) 100vw, 800px\" \/>\t\t\t\t\t\t\t\t\t\t\t<figcaption class=\"widget-image-caption wp-caption-text\"><\/figcaption>\n\t\t\t\t\t\t\t\t\t\t<\/figure>\n\t\t\t\t\t\t\t\t\t<\/div>\n\t\t\t\t<\/div>\n\t\t\t\t<div class=\"elementor-element elementor-element-2eff0745 elementor-widget elementor-widget-image\" data-id=\"2eff0745\" data-element_type=\"widget\" data-e-type=\"widget\" data-widget_type=\"image.default\">\n\t\t\t\t<div class=\"elementor-widget-container\">\n\t\t\t\t\t\t\t\t\t\t\t\t<figure class=\"wp-caption\">\n\t\t\t\t\t\t\t\t\t\t<img loading=\"lazy\" decoding=\"async\" width=\"800\" height=\"533\" src=\"https:\/\/www.elturistatranquil.com\/wp-content\/uploads\/F18-Casona-Granado-1.jpg\" class=\"attachment-large size-large wp-image-16755\" alt=\"\" srcset=\"https:\/\/www.elturistatranquil.com\/wp-content\/uploads\/F18-Casona-Granado-1.jpg 800w, https:\/\/www.elturistatranquil.com\/wp-content\/uploads\/F18-Casona-Granado-1-768x512.jpg 768w\" sizes=\"(max-width: 800px) 100vw, 800px\" \/>\t\t\t\t\t\t\t\t\t\t\t<figcaption class=\"widget-image-caption wp-caption-text\"><\/figcaption>\n\t\t\t\t\t\t\t\t\t\t<\/figure>\n\t\t\t\t\t\t\t\t\t<\/div>\n\t\t\t\t<\/div>\n\t\t\t\t<div class=\"elementor-element elementor-element-7483db0f elementor-widget elementor-widget-text-editor\" data-id=\"7483db0f\" data-element_type=\"widget\" data-e-type=\"widget\" data-widget_type=\"text-editor.default\">\n\t\t\t\t<div class=\"elementor-widget-container\">\n\t\t\t\t\t\t\t\t\t<p>Clayton, un xef amb experi\u00e8ncia internacional, proposa una carta internacional, per\u00f2 amb accent local. Producte de qualitat, amb \u00e8mfasi en la potenciaci\u00f3 dels productors de l&#8217;entorn, com a forma de contribuci\u00f3 al desenvolupament de la zona, en el qual destaca l&#8217;oli.<\/p><p>Els sopars poden ser m\u00e9s informals, amb suggeriments personalitzades per Clayton.<\/p><p>Si es desitja, una bona pizza de pasta fina al forn de llenya pot ser una opci\u00f3.<\/p><p>Despla\u00e7ar-se pels passadissos de l&#8217;hotel \u00e9s com despla\u00e7ar-se per una exposici\u00f3 fotogr\u00e0fica, mentre busques un rac\u00f3 per descansar o prendre una beguda calenta en un espai a disposici\u00f3 dels clients, a qualsevol hora.<\/p>\t\t\t\t\t\t\t\t<\/div>\n\t\t\t\t<\/div>\n\t\t\t\t<div class=\"elementor-element elementor-element-9234bd3 elementor-widget elementor-widget-image\" data-id=\"9234bd3\" data-element_type=\"widget\" data-e-type=\"widget\" data-widget_type=\"image.default\">\n\t\t\t\t<div class=\"elementor-widget-container\">\n\t\t\t\t\t\t\t\t\t\t\t\t<figure class=\"wp-caption\">\n\t\t\t\t\t\t\t\t\t\t<img loading=\"lazy\" decoding=\"async\" width=\"800\" height=\"533\" src=\"https:\/\/www.elturistatranquil.com\/wp-content\/uploads\/F19-Casona-Granado-1.jpg\" class=\"attachment-large size-large wp-image-16757\" alt=\"\" srcset=\"https:\/\/www.elturistatranquil.com\/wp-content\/uploads\/F19-Casona-Granado-1.jpg 800w, https:\/\/www.elturistatranquil.com\/wp-content\/uploads\/F19-Casona-Granado-1-768x512.jpg 768w\" sizes=\"(max-width: 800px) 100vw, 800px\" \/>\t\t\t\t\t\t\t\t\t\t\t<figcaption class=\"widget-image-caption wp-caption-text\"><\/figcaption>\n\t\t\t\t\t\t\t\t\t\t<\/figure>\n\t\t\t\t\t\t\t\t\t<\/div>\n\t\t\t\t<\/div>\n\t\t\t\t<div class=\"elementor-element elementor-element-2a55b65f elementor-widget elementor-widget-image\" data-id=\"2a55b65f\" data-element_type=\"widget\" data-e-type=\"widget\" data-widget_type=\"image.default\">\n\t\t\t\t<div class=\"elementor-widget-container\">\n\t\t\t\t\t\t\t\t\t\t\t\t<figure class=\"wp-caption\">\n\t\t\t\t\t\t\t\t\t\t<img loading=\"lazy\" decoding=\"async\" width=\"800\" height=\"533\" src=\"https:\/\/www.elturistatranquil.com\/wp-content\/uploads\/F20-Casona-Granado-1.jpg\" class=\"attachment-large size-large wp-image-16759\" alt=\"\" srcset=\"https:\/\/www.elturistatranquil.com\/wp-content\/uploads\/F20-Casona-Granado-1.jpg 800w, https:\/\/www.elturistatranquil.com\/wp-content\/uploads\/F20-Casona-Granado-1-768x512.jpg 768w\" sizes=\"(max-width: 800px) 100vw, 800px\" \/>\t\t\t\t\t\t\t\t\t\t\t<figcaption class=\"widget-image-caption wp-caption-text\"><\/figcaption>\n\t\t\t\t\t\t\t\t\t\t<\/figure>\n\t\t\t\t\t\t\t\t\t<\/div>\n\t\t\t\t<\/div>\n\t\t\t\t<div class=\"elementor-element elementor-element-7f150bcc elementor-widget elementor-widget-image\" data-id=\"7f150bcc\" data-element_type=\"widget\" data-e-type=\"widget\" data-widget_type=\"image.default\">\n\t\t\t\t<div class=\"elementor-widget-container\">\n\t\t\t\t\t\t\t\t\t\t\t\t<figure class=\"wp-caption\">\n\t\t\t\t\t\t\t\t\t\t<img loading=\"lazy\" decoding=\"async\" width=\"800\" height=\"533\" src=\"https:\/\/www.elturistatranquil.com\/wp-content\/uploads\/F21-Casona-Granado-1.jpg\" class=\"attachment-large size-large wp-image-16761\" alt=\"\" srcset=\"https:\/\/www.elturistatranquil.com\/wp-content\/uploads\/F21-Casona-Granado-1.jpg 800w, https:\/\/www.elturistatranquil.com\/wp-content\/uploads\/F21-Casona-Granado-1-768x512.jpg 768w\" sizes=\"(max-width: 800px) 100vw, 800px\" \/>\t\t\t\t\t\t\t\t\t\t\t<figcaption class=\"widget-image-caption wp-caption-text\"><\/figcaption>\n\t\t\t\t\t\t\t\t\t\t<\/figure>\n\t\t\t\t\t\t\t\t\t<\/div>\n\t\t\t\t<\/div>\n\t\t\t\t<div class=\"elementor-element elementor-element-26d7a2ce elementor-widget elementor-widget-text-editor\" data-id=\"26d7a2ce\" data-element_type=\"widget\" data-e-type=\"widget\" data-widget_type=\"text-editor.default\">\n\t\t\t\t<div class=\"elementor-widget-container\">\n\t\t\t\t\t\t\t\t\t<p>Especialment important, en un clima mediterrani com el de la zona, s\u00f3n els espais exteriors que envolten l&#8217;edifici.<\/p>\t\t\t\t\t\t\t\t<\/div>\n\t\t\t\t<\/div>\n\t\t\t\t<div class=\"elementor-element elementor-element-589a491d elementor-widget elementor-widget-image\" data-id=\"589a491d\" data-element_type=\"widget\" data-e-type=\"widget\" data-widget_type=\"image.default\">\n\t\t\t\t<div class=\"elementor-widget-container\">\n\t\t\t\t\t\t\t\t\t\t\t\t<figure class=\"wp-caption\">\n\t\t\t\t\t\t\t\t\t\t<img loading=\"lazy\" decoding=\"async\" width=\"800\" height=\"533\" src=\"https:\/\/www.elturistatranquil.com\/wp-content\/uploads\/F22-Casona-Granado-1.jpg\" class=\"attachment-large size-large wp-image-16763\" alt=\"\" srcset=\"https:\/\/www.elturistatranquil.com\/wp-content\/uploads\/F22-Casona-Granado-1.jpg 800w, https:\/\/www.elturistatranquil.com\/wp-content\/uploads\/F22-Casona-Granado-1-768x512.jpg 768w\" sizes=\"(max-width: 800px) 100vw, 800px\" \/>\t\t\t\t\t\t\t\t\t\t\t<figcaption class=\"widget-image-caption wp-caption-text\"><\/figcaption>\n\t\t\t\t\t\t\t\t\t\t<\/figure>\n\t\t\t\t\t\t\t\t\t<\/div>\n\t\t\t\t<\/div>\n\t\t\t\t<div class=\"elementor-element elementor-element-77e56f62 elementor-widget elementor-widget-text-editor\" data-id=\"77e56f62\" data-element_type=\"widget\" data-e-type=\"widget\" data-widget_type=\"text-editor.default\">\n\t\t\t\t<div class=\"elementor-widget-container\">\n\t\t\t\t\t\t\t\t\t<p>Un detall que per a mi va ser molt relaxant per la nit va ser el so d&#8217;aigua que arribava a la meva habitaci\u00f3 des de la bassa situada a l&#8217;entrada.<\/p>\t\t\t\t\t\t\t\t<\/div>\n\t\t\t\t<\/div>\n\t\t\t\t<div class=\"elementor-element elementor-element-18de3f20 elementor-widget elementor-widget-image\" data-id=\"18de3f20\" data-element_type=\"widget\" data-e-type=\"widget\" data-widget_type=\"image.default\">\n\t\t\t\t<div class=\"elementor-widget-container\">\n\t\t\t\t\t\t\t\t\t\t\t\t<figure class=\"wp-caption\">\n\t\t\t\t\t\t\t\t\t\t<img loading=\"lazy\" decoding=\"async\" width=\"800\" height=\"533\" src=\"https:\/\/www.elturistatranquil.com\/wp-content\/uploads\/F23-Casona-Granado-1.jpg\" class=\"attachment-large size-large wp-image-16765\" alt=\"\" srcset=\"https:\/\/www.elturistatranquil.com\/wp-content\/uploads\/F23-Casona-Granado-1.jpg 800w, https:\/\/www.elturistatranquil.com\/wp-content\/uploads\/F23-Casona-Granado-1-768x512.jpg 768w\" sizes=\"(max-width: 800px) 100vw, 800px\" \/>\t\t\t\t\t\t\t\t\t\t\t<figcaption class=\"widget-image-caption wp-caption-text\"><\/figcaption>\n\t\t\t\t\t\t\t\t\t\t<\/figure>\n\t\t\t\t\t\t\t\t\t<\/div>\n\t\t\t\t<\/div>\n\t\t\t\t<div class=\"elementor-element elementor-element-575438b2 elementor-widget elementor-widget-image\" data-id=\"575438b2\" data-element_type=\"widget\" data-e-type=\"widget\" data-widget_type=\"image.default\">\n\t\t\t\t<div class=\"elementor-widget-container\">\n\t\t\t\t\t\t\t\t\t\t\t\t<figure class=\"wp-caption\">\n\t\t\t\t\t\t\t\t\t\t<img loading=\"lazy\" decoding=\"async\" width=\"800\" height=\"533\" src=\"https:\/\/www.elturistatranquil.com\/wp-content\/uploads\/F24-Casona-Granado-1.jpg\" class=\"attachment-large size-large wp-image-16767\" alt=\"\" srcset=\"https:\/\/www.elturistatranquil.com\/wp-content\/uploads\/F24-Casona-Granado-1.jpg 800w, https:\/\/www.elturistatranquil.com\/wp-content\/uploads\/F24-Casona-Granado-1-768x512.jpg 768w\" sizes=\"(max-width: 800px) 100vw, 800px\" \/>\t\t\t\t\t\t\t\t\t\t\t<figcaption class=\"widget-image-caption wp-caption-text\"><\/figcaption>\n\t\t\t\t\t\t\t\t\t\t<\/figure>\n\t\t\t\t\t\t\t\t\t<\/div>\n\t\t\t\t<\/div>\n\t\t\t\t<div class=\"elementor-element elementor-element-59139fab elementor-widget elementor-widget-image\" data-id=\"59139fab\" data-element_type=\"widget\" data-e-type=\"widget\" data-widget_type=\"image.default\">\n\t\t\t\t<div class=\"elementor-widget-container\">\n\t\t\t\t\t\t\t\t\t\t\t\t<figure class=\"wp-caption\">\n\t\t\t\t\t\t\t\t\t\t<img loading=\"lazy\" decoding=\"async\" width=\"800\" height=\"533\" src=\"https:\/\/www.elturistatranquil.com\/wp-content\/uploads\/F25-Casona-Granado-1.jpg\" class=\"attachment-large size-large wp-image-16769\" alt=\"\" srcset=\"https:\/\/www.elturistatranquil.com\/wp-content\/uploads\/F25-Casona-Granado-1.jpg 800w, https:\/\/www.elturistatranquil.com\/wp-content\/uploads\/F25-Casona-Granado-1-768x512.jpg 768w\" sizes=\"(max-width: 800px) 100vw, 800px\" \/>\t\t\t\t\t\t\t\t\t\t\t<figcaption class=\"widget-image-caption wp-caption-text\"><\/figcaption>\n\t\t\t\t\t\t\t\t\t\t<\/figure>\n\t\t\t\t\t\t\t\t\t<\/div>\n\t\t\t\t<\/div>\n\t\t\t\t<div class=\"elementor-element elementor-element-3b52908f elementor-widget elementor-widget-image\" data-id=\"3b52908f\" data-element_type=\"widget\" data-e-type=\"widget\" data-widget_type=\"image.default\">\n\t\t\t\t<div class=\"elementor-widget-container\">\n\t\t\t\t\t\t\t\t\t\t\t\t<figure class=\"wp-caption\">\n\t\t\t\t\t\t\t\t\t\t<img loading=\"lazy\" decoding=\"async\" width=\"800\" height=\"533\" src=\"https:\/\/www.elturistatranquil.com\/wp-content\/uploads\/F26-Casona-Granado-1.jpg\" class=\"attachment-large size-large wp-image-16771\" alt=\"\" srcset=\"https:\/\/www.elturistatranquil.com\/wp-content\/uploads\/F26-Casona-Granado-1.jpg 800w, https:\/\/www.elturistatranquil.com\/wp-content\/uploads\/F26-Casona-Granado-1-768x512.jpg 768w\" sizes=\"(max-width: 800px) 100vw, 800px\" \/>\t\t\t\t\t\t\t\t\t\t\t<figcaption class=\"widget-image-caption wp-caption-text\"><\/figcaption>\n\t\t\t\t\t\t\t\t\t\t<\/figure>\n\t\t\t\t\t\t\t\t\t<\/div>\n\t\t\t\t<\/div>\n\t\t\t\t<div class=\"elementor-element elementor-element-6e090385 elementor-widget elementor-widget-text-editor\" data-id=\"6e090385\" data-element_type=\"widget\" data-e-type=\"widget\" data-widget_type=\"text-editor.default\">\n\t\t\t\t<div class=\"elementor-widget-container\">\n\t\t\t\t\t\t\t\t\t<p>En aquest ambient no podia faltar la piscina, un jacuzzi, sauna i una zona de relax.<\/p>\t\t\t\t\t\t\t\t<\/div>\n\t\t\t\t<\/div>\n\t\t\t\t<div class=\"elementor-element elementor-element-43f13a42 elementor-widget elementor-widget-image\" data-id=\"43f13a42\" data-element_type=\"widget\" data-e-type=\"widget\" data-widget_type=\"image.default\">\n\t\t\t\t<div class=\"elementor-widget-container\">\n\t\t\t\t\t\t\t\t\t\t\t\t<figure class=\"wp-caption\">\n\t\t\t\t\t\t\t\t\t\t<img loading=\"lazy\" decoding=\"async\" width=\"800\" height=\"533\" src=\"https:\/\/www.elturistatranquil.com\/wp-content\/uploads\/F27-Casona-Granado-1.jpg\" class=\"attachment-large size-large wp-image-16773\" alt=\"\" srcset=\"https:\/\/www.elturistatranquil.com\/wp-content\/uploads\/F27-Casona-Granado-1.jpg 800w, https:\/\/www.elturistatranquil.com\/wp-content\/uploads\/F27-Casona-Granado-1-768x512.jpg 768w\" sizes=\"(max-width: 800px) 100vw, 800px\" \/>\t\t\t\t\t\t\t\t\t\t\t<figcaption class=\"widget-image-caption wp-caption-text\"><\/figcaption>\n\t\t\t\t\t\t\t\t\t\t<\/figure>\n\t\t\t\t\t\t\t\t\t<\/div>\n\t\t\t\t<\/div>\n\t\t\t\t<div class=\"elementor-element elementor-element-71bbf870 elementor-widget elementor-widget-image\" data-id=\"71bbf870\" data-element_type=\"widget\" data-e-type=\"widget\" data-widget_type=\"image.default\">\n\t\t\t\t<div class=\"elementor-widget-container\">\n\t\t\t\t\t\t\t\t\t\t\t\t<figure class=\"wp-caption\">\n\t\t\t\t\t\t\t\t\t\t<img loading=\"lazy\" decoding=\"async\" width=\"800\" height=\"533\" src=\"https:\/\/www.elturistatranquil.com\/wp-content\/uploads\/F28-Casona-Granado-1.jpg\" class=\"attachment-large size-large wp-image-16775\" alt=\"\" srcset=\"https:\/\/www.elturistatranquil.com\/wp-content\/uploads\/F28-Casona-Granado-1.jpg 800w, https:\/\/www.elturistatranquil.com\/wp-content\/uploads\/F28-Casona-Granado-1-768x512.jpg 768w\" sizes=\"(max-width: 800px) 100vw, 800px\" \/>\t\t\t\t\t\t\t\t\t\t\t<figcaption class=\"widget-image-caption wp-caption-text\"><\/figcaption>\n\t\t\t\t\t\t\t\t\t\t<\/figure>\n\t\t\t\t\t\t\t\t\t<\/div>\n\t\t\t\t<\/div>\n\t\t\t\t<div class=\"elementor-element elementor-element-583e3aea elementor-widget elementor-widget-text-editor\" data-id=\"583e3aea\" data-element_type=\"widget\" data-e-type=\"widget\" data-widget_type=\"text-editor.default\">\n\t\t\t\t<div class=\"elementor-widget-container\">\n\t\t\t\t\t\t\t\t\t<p>Finalment, l&#8217;edifici disposa d&#8217;una sala on organitzar esdeveniments, reunions empresarials o exposicions.<\/p>\t\t\t\t\t\t\t\t<\/div>\n\t\t\t\t<\/div>\n\t\t\t\t<div class=\"elementor-element elementor-element-75b36e31 elementor-widget elementor-widget-image\" data-id=\"75b36e31\" data-element_type=\"widget\" data-e-type=\"widget\" data-widget_type=\"image.default\">\n\t\t\t\t<div class=\"elementor-widget-container\">\n\t\t\t\t\t\t\t\t\t\t\t\t<figure class=\"wp-caption\">\n\t\t\t\t\t\t\t\t\t\t<img loading=\"lazy\" decoding=\"async\" width=\"800\" height=\"533\" src=\"https:\/\/www.elturistatranquil.com\/wp-content\/uploads\/F29-Casona-Granado-1.jpg\" class=\"attachment-large size-large wp-image-16777\" alt=\"\" srcset=\"https:\/\/www.elturistatranquil.com\/wp-content\/uploads\/F29-Casona-Granado-1.jpg 800w, https:\/\/www.elturistatranquil.com\/wp-content\/uploads\/F29-Casona-Granado-1-768x512.jpg 768w\" sizes=\"(max-width: 800px) 100vw, 800px\" \/>\t\t\t\t\t\t\t\t\t\t\t<figcaption class=\"widget-image-caption wp-caption-text\"><\/figcaption>\n\t\t\t\t\t\t\t\t\t\t<\/figure>\n\t\t\t\t\t\t\t\t\t<\/div>\n\t\t\t\t<\/div>\n\t\t\t\t<div class=\"elementor-element elementor-element-4c5454a0 elementor-widget elementor-widget-text-editor\" data-id=\"4c5454a0\" data-element_type=\"widget\" data-e-type=\"widget\" data-widget_type=\"text-editor.default\">\n\t\t\t\t<div class=\"elementor-widget-container\">\n\t\t\t\t\t\t\t\t\t<p>En la temporada corresponent, tarongers o magraners, amb l&#8217;olor de tarongina en l&#8217;ambient.<\/p>\t\t\t\t\t\t\t\t<\/div>\n\t\t\t\t<\/div>\n\t\t\t\t<div class=\"elementor-element elementor-element-6ede6ca0 elementor-widget elementor-widget-image\" data-id=\"6ede6ca0\" data-element_type=\"widget\" data-e-type=\"widget\" data-widget_type=\"image.default\">\n\t\t\t\t<div class=\"elementor-widget-container\">\n\t\t\t\t\t\t\t\t\t\t\t\t<figure class=\"wp-caption\">\n\t\t\t\t\t\t\t\t\t\t<img loading=\"lazy\" decoding=\"async\" width=\"800\" height=\"534\" src=\"https:\/\/www.elturistatranquil.com\/wp-content\/uploads\/F30-Casona-Granado-1.jpg\" class=\"attachment-large size-large wp-image-16779\" alt=\"\" srcset=\"https:\/\/www.elturistatranquil.com\/wp-content\/uploads\/F30-Casona-Granado-1.jpg 800w, https:\/\/www.elturistatranquil.com\/wp-content\/uploads\/F30-Casona-Granado-1-768x513.jpg 768w\" sizes=\"(max-width: 800px) 100vw, 800px\" \/>\t\t\t\t\t\t\t\t\t\t\t<figcaption class=\"widget-image-caption wp-caption-text\">(Foto: Casona Granado)<\/figcaption>\n\t\t\t\t\t\t\t\t\t\t<\/figure>\n\t\t\t\t\t\t\t\t\t<\/div>\n\t\t\t\t<\/div>\n\t\t\t\t<div class=\"elementor-element elementor-element-1dc1297b elementor-widget elementor-widget-image\" data-id=\"1dc1297b\" data-element_type=\"widget\" data-e-type=\"widget\" data-widget_type=\"image.default\">\n\t\t\t\t<div class=\"elementor-widget-container\">\n\t\t\t\t\t\t\t\t\t\t\t\t<figure class=\"wp-caption\">\n\t\t\t\t\t\t\t\t\t\t<img loading=\"lazy\" decoding=\"async\" width=\"800\" height=\"533\" src=\"https:\/\/www.elturistatranquil.com\/wp-content\/uploads\/F31-Casona-Granado-1.jpg\" class=\"attachment-large size-large wp-image-16781\" alt=\"\" srcset=\"https:\/\/www.elturistatranquil.com\/wp-content\/uploads\/F31-Casona-Granado-1.jpg 800w, https:\/\/www.elturistatranquil.com\/wp-content\/uploads\/F31-Casona-Granado-1-768x512.jpg 768w\" sizes=\"(max-width: 800px) 100vw, 800px\" \/>\t\t\t\t\t\t\t\t\t\t\t<figcaption class=\"widget-image-caption wp-caption-text\">(Foto: Casona Granado)<\/figcaption>\n\t\t\t\t\t\t\t\t\t\t<\/figure>\n\t\t\t\t\t\t\t\t\t<\/div>\n\t\t\t\t<\/div>\n\t\t\t\t<div class=\"elementor-element elementor-element-4989cf85 elementor-widget elementor-widget-menu-anchor\" data-id=\"4989cf85\" data-element_type=\"widget\" data-e-type=\"widget\" data-widget_type=\"menu-anchor.default\">\n\t\t\t\t<div class=\"elementor-widget-container\">\n\t\t\t\t\t\t\t<div class=\"elementor-menu-anchor\" id=\"a1004\"><\/div>\n\t\t\t\t\t\t<\/div>\n\t\t\t\t<\/div>\n\t\t\t\t<div class=\"elementor-element elementor-element-7a415f3a elementor-widget elementor-widget-text-editor\" data-id=\"7a415f3a\" data-element_type=\"widget\" data-e-type=\"widget\" data-widget_type=\"text-editor.default\">\n\t\t\t\t<div class=\"elementor-widget-container\">\n\t\t\t\t\t\t\t\t\t<p>En tot moment <strong>Rachel<\/strong> i <strong>Clayton<\/strong> van estar atents a les meves necessitats i en converses informals durant els dies de la meva estada.<\/p><p>Cal assenyalar que les persones que els assisteixen s\u00f3n igualment eficients i agradables de tracte.<\/p><p>Una cosa que em va impressionar d&#8217;aquesta parella \u00e9s la seva implicaci\u00f3 en el desenvolupament d&#8217;aquest territori que han escollit per viure la seva vida familiar.<\/p><p>Gr\u00e0cies per tot.<\/p><p>Com sempre, deixar const\u00e0ncia que expresso la meva opini\u00f3 particular i sincera, sense cap tipus de patrocini.<\/p>\t\t\t\t\t\t\t\t<\/div>\n\t\t\t\t<\/div>\n\t\t\t\t<div class=\"elementor-element elementor-element-80d604a elementor-widget elementor-widget-heading\" data-id=\"80d604a\" data-element_type=\"widget\" data-e-type=\"widget\" data-widget_type=\"heading.default\">\n\t\t\t\t<div class=\"elementor-widget-container\">\n\t\t\t\t\t<h2 class=\"elementor-heading-title elementor-size-default\">El territori. Levante Almeriense i Cabo de Gata<\/h2>\t\t\t\t<\/div>\n\t\t\t\t<\/div>\n\t\t\t\t<div class=\"elementor-element elementor-element-2e6c51ab elementor-widget elementor-widget-menu-anchor\" data-id=\"2e6c51ab\" data-element_type=\"widget\" data-e-type=\"widget\" data-widget_type=\"menu-anchor.default\">\n\t\t\t\t<div class=\"elementor-widget-container\">\n\t\t\t\t\t\t\t<div class=\"elementor-menu-anchor\" id=\"a1005\"><\/div>\n\t\t\t\t\t\t<\/div>\n\t\t\t\t<\/div>\n\t\t\t\t<div class=\"elementor-element elementor-element-70788fc5 elementor-widget elementor-widget-menu-anchor\" data-id=\"70788fc5\" data-element_type=\"widget\" data-e-type=\"widget\" data-widget_type=\"menu-anchor.default\">\n\t\t\t\t<div class=\"elementor-widget-container\">\n\t\t\t\t\t\t\t<div class=\"elementor-menu-anchor\" id=\"a1006\"><\/div>\n\t\t\t\t\t\t<\/div>\n\t\t\t\t<\/div>\n\t\t\t\t<div class=\"elementor-element elementor-element-2183718e elementor-widget elementor-widget-menu-anchor\" data-id=\"2183718e\" data-element_type=\"widget\" data-e-type=\"widget\" data-widget_type=\"menu-anchor.default\">\n\t\t\t\t<div class=\"elementor-widget-container\">\n\t\t\t\t\t\t\t<div class=\"elementor-menu-anchor\" id=\"a1007\"><\/div>\n\t\t\t\t\t\t<\/div>\n\t\t\t\t<\/div>\n\t\t\t\t<div class=\"elementor-element elementor-element-729f9546 elementor-widget elementor-widget-text-editor\" data-id=\"729f9546\" data-element_type=\"widget\" data-e-type=\"widget\" data-widget_type=\"text-editor.default\">\n\t\t\t\t<div class=\"elementor-widget-container\">\n\t\t\t\t\t\t\t\t\t<p>En aquesta sortida em mour\u00e9 per la comarca del Levante Almeriense i el Cabo de Gata.<\/p><p>Ens situem a l&#8217;Espanya semi\u00e0rida i el domini de l&#8217;espart, amb escassa vegetaci\u00f3 arb\u00f2ria i una agricultura basada en cereals, vinya, olivera, tarongers, ametllers, ovelles i cabres.<\/p>\t\t\t\t\t\t\t\t<\/div>\n\t\t\t\t<\/div>\n\t\t\t\t<div class=\"elementor-element elementor-element-41f3e57e elementor-widget elementor-widget-heading\" data-id=\"41f3e57e\" data-element_type=\"widget\" data-e-type=\"widget\" data-widget_type=\"heading.default\">\n\t\t\t\t<div class=\"elementor-widget-container\">\n\t\t\t\t\t<h2 class=\"elementor-heading-title elementor-size-default\">Propostes de sortides i activitats<\/h2>\t\t\t\t<\/div>\n\t\t\t\t<\/div>\n\t\t\t\t<div class=\"elementor-element elementor-element-72dc6cd6 elementor-widget elementor-widget-heading\" data-id=\"72dc6cd6\" data-element_type=\"widget\" data-e-type=\"widget\" data-widget_type=\"heading.default\">\n\t\t\t\t<div class=\"elementor-widget-container\">\n\t\t\t\t\t<h2 class=\"elementor-heading-title elementor-size-default\">Sortides per l'entorn<\/h2>\t\t\t\t<\/div>\n\t\t\t\t<\/div>\n\t\t\t\t<div class=\"elementor-element elementor-element-6d219120 elementor-widget elementor-widget-heading\" data-id=\"6d219120\" data-element_type=\"widget\" data-e-type=\"widget\" data-widget_type=\"heading.default\">\n\t\t\t\t<div class=\"elementor-widget-container\">\n\t\t\t\t\t<h3 class=\"elementor-heading-title elementor-size-default\">A la mateixa Casona Granado<\/h3>\t\t\t\t<\/div>\n\t\t\t\t<\/div>\n\t\t\t\t<div class=\"elementor-element elementor-element-5b389825 elementor-widget elementor-widget-menu-anchor\" data-id=\"5b389825\" data-element_type=\"widget\" data-e-type=\"widget\" data-widget_type=\"menu-anchor.default\">\n\t\t\t\t<div class=\"elementor-widget-container\">\n\t\t\t\t\t\t\t<div class=\"elementor-menu-anchor\" id=\"a1008\"><\/div>\n\t\t\t\t\t\t<\/div>\n\t\t\t\t<\/div>\n\t\t\t\t<div class=\"elementor-element elementor-element-7cdf0627 elementor-widget elementor-widget-text-editor\" data-id=\"7cdf0627\" data-element_type=\"widget\" data-e-type=\"widget\" data-widget_type=\"text-editor.default\">\n\t\t\t\t<div class=\"elementor-widget-container\">\n\t\t\t\t\t\t\t\t\t<p>Banyar-se a la piscina, o fer servir al jacuzzi o a la sauna. Prendre el Sol, prendre una copa a l&#8217;ombra o relaxar-se a l&#8217;habitaci\u00f3 o al estar, \u00e9s una primera opci\u00f3.<\/p>\t\t\t\t\t\t\t\t<\/div>\n\t\t\t\t<\/div>\n\t\t\t\t<div class=\"elementor-element elementor-element-650bdccd elementor-widget elementor-widget-heading\" data-id=\"650bdccd\" data-element_type=\"widget\" data-e-type=\"widget\" data-widget_type=\"heading.default\">\n\t\t\t\t<div class=\"elementor-widget-container\">\n\t\t\t\t\t<h3 class=\"elementor-heading-title elementor-size-default\">Passeig pel Barri El Pilar<\/h3>\t\t\t\t<\/div>\n\t\t\t\t<\/div>\n\t\t\t\t<div class=\"elementor-element elementor-element-3fc13ac elementor-widget elementor-widget-text-editor\" data-id=\"3fc13ac\" data-element_type=\"widget\" data-e-type=\"widget\" data-widget_type=\"text-editor.default\">\n\t\t\t\t<div class=\"elementor-widget-container\">\n\t\t\t\t\t\t\t\t\t<p>Estem en un petit poble blanc d&#8217;Andalusia.<\/p>\t\t\t\t\t\t\t\t<\/div>\n\t\t\t\t<\/div>\n\t\t\t\t<div class=\"elementor-element elementor-element-54c7cb57 elementor-widget elementor-widget-image\" data-id=\"54c7cb57\" data-element_type=\"widget\" data-e-type=\"widget\" data-widget_type=\"image.default\">\n\t\t\t\t<div class=\"elementor-widget-container\">\n\t\t\t\t\t\t\t\t\t\t\t\t<figure class=\"wp-caption\">\n\t\t\t\t\t\t\t\t\t\t<img loading=\"lazy\" decoding=\"async\" width=\"800\" height=\"534\" src=\"https:\/\/www.elturistatranquil.com\/wp-content\/uploads\/F32-El-Pilar-Lubrin-Google-earth-2019-04-29-1.jpg\" class=\"attachment-large size-large wp-image-16783\" alt=\"\" srcset=\"https:\/\/www.elturistatranquil.com\/wp-content\/uploads\/F32-El-Pilar-Lubrin-Google-earth-2019-04-29-1.jpg 800w, https:\/\/www.elturistatranquil.com\/wp-content\/uploads\/F32-El-Pilar-Lubrin-Google-earth-2019-04-29-1-768x513.jpg 768w\" sizes=\"(max-width: 800px) 100vw, 800px\" \/>\t\t\t\t\t\t\t\t\t\t\t<figcaption class=\"widget-image-caption wp-caption-text\">El Pilar (Google earth 2019-04-29)<\/figcaption>\n\t\t\t\t\t\t\t\t\t\t<\/figure>\n\t\t\t\t\t\t\t\t\t<\/div>\n\t\t\t\t<\/div>\n\t\t\t\t<div class=\"elementor-element elementor-element-4fffc40e elementor-widget elementor-widget-image\" data-id=\"4fffc40e\" data-element_type=\"widget\" data-e-type=\"widget\" data-widget_type=\"image.default\">\n\t\t\t\t<div class=\"elementor-widget-container\">\n\t\t\t\t\t\t\t\t\t\t\t\t<figure class=\"wp-caption\">\n\t\t\t\t\t\t\t\t\t\t<img loading=\"lazy\" decoding=\"async\" width=\"800\" height=\"533\" src=\"https:\/\/www.elturistatranquil.com\/wp-content\/uploads\/F33-El-Pilar-Lubrin-1.jpg\" class=\"attachment-large size-large wp-image-16785\" alt=\"\" srcset=\"https:\/\/www.elturistatranquil.com\/wp-content\/uploads\/F33-El-Pilar-Lubrin-1.jpg 800w, https:\/\/www.elturistatranquil.com\/wp-content\/uploads\/F33-El-Pilar-Lubrin-1-768x512.jpg 768w\" sizes=\"(max-width: 800px) 100vw, 800px\" \/>\t\t\t\t\t\t\t\t\t\t\t<figcaption class=\"widget-image-caption wp-caption-text\">(Foto: Casona Granado)<\/figcaption>\n\t\t\t\t\t\t\t\t\t\t<\/figure>\n\t\t\t\t\t\t\t\t\t<\/div>\n\t\t\t\t<\/div>\n\t\t\t\t<div class=\"elementor-element elementor-element-66e37981 elementor-widget elementor-widget-text-editor\" data-id=\"66e37981\" data-element_type=\"widget\" data-e-type=\"widget\" data-widget_type=\"text-editor.default\">\n\t\t\t\t<div class=\"elementor-widget-container\">\n\t\t\t\t\t\t\t\t\t<p>Des de la finestra puc apreciar el safareig p\u00fablic, l&#8217;olor de la tarongina en el moment de la sortida del Sol.<\/p>\t\t\t\t\t\t\t\t<\/div>\n\t\t\t\t<\/div>\n\t\t\t\t<div class=\"elementor-element elementor-element-28371859 elementor-widget elementor-widget-image\" data-id=\"28371859\" data-element_type=\"widget\" data-e-type=\"widget\" data-widget_type=\"image.default\">\n\t\t\t\t<div class=\"elementor-widget-container\">\n\t\t\t\t\t\t\t\t\t\t\t\t<figure class=\"wp-caption\">\n\t\t\t\t\t\t\t\t\t\t<img loading=\"lazy\" decoding=\"async\" width=\"800\" height=\"533\" src=\"https:\/\/www.elturistatranquil.com\/wp-content\/uploads\/F34-El-Pilar-Lubrin-1.jpg\" class=\"attachment-large size-large wp-image-16787\" alt=\"\" srcset=\"https:\/\/www.elturistatranquil.com\/wp-content\/uploads\/F34-El-Pilar-Lubrin-1.jpg 800w, https:\/\/www.elturistatranquil.com\/wp-content\/uploads\/F34-El-Pilar-Lubrin-1-768x512.jpg 768w\" sizes=\"(max-width: 800px) 100vw, 800px\" \/>\t\t\t\t\t\t\t\t\t\t\t<figcaption class=\"widget-image-caption wp-caption-text\"><\/figcaption>\n\t\t\t\t\t\t\t\t\t\t<\/figure>\n\t\t\t\t\t\t\t\t\t<\/div>\n\t\t\t\t<\/div>\n\t\t\t\t<div class=\"elementor-element elementor-element-b091a5c elementor-widget elementor-widget-text-editor\" data-id=\"b091a5c\" data-element_type=\"widget\" data-e-type=\"widget\" data-widget_type=\"text-editor.default\">\n\t\t\t\t<div class=\"elementor-widget-container\">\n\t\t\t\t\t\t\t\t\t<p>Aprofito per passejar per la carretera, pels seus pocs carrers i pujar fins la senzilla Ermita.<\/p>\t\t\t\t\t\t\t\t<\/div>\n\t\t\t\t<\/div>\n\t\t\t\t<div class=\"elementor-element elementor-element-660fd8d1 elementor-widget elementor-widget-image\" data-id=\"660fd8d1\" data-element_type=\"widget\" data-e-type=\"widget\" data-widget_type=\"image.default\">\n\t\t\t\t<div class=\"elementor-widget-container\">\n\t\t\t\t\t\t\t\t\t\t\t\t<figure class=\"wp-caption\">\n\t\t\t\t\t\t\t\t\t\t<img loading=\"lazy\" decoding=\"async\" width=\"800\" height=\"533\" src=\"https:\/\/www.elturistatranquil.com\/wp-content\/uploads\/F35-El-Pilar-Lubrin-1.jpg\" class=\"attachment-large size-large wp-image-16789\" alt=\"\" srcset=\"https:\/\/www.elturistatranquil.com\/wp-content\/uploads\/F35-El-Pilar-Lubrin-1.jpg 800w, https:\/\/www.elturistatranquil.com\/wp-content\/uploads\/F35-El-Pilar-Lubrin-1-768x512.jpg 768w\" sizes=\"(max-width: 800px) 100vw, 800px\" \/>\t\t\t\t\t\t\t\t\t\t\t<figcaption class=\"widget-image-caption wp-caption-text\"><\/figcaption>\n\t\t\t\t\t\t\t\t\t\t<\/figure>\n\t\t\t\t\t\t\t\t\t<\/div>\n\t\t\t\t<\/div>\n\t\t\t\t<div class=\"elementor-element elementor-element-54f0b2a2 elementor-widget elementor-widget-image\" data-id=\"54f0b2a2\" data-element_type=\"widget\" data-e-type=\"widget\" data-widget_type=\"image.default\">\n\t\t\t\t<div class=\"elementor-widget-container\">\n\t\t\t\t\t\t\t\t\t\t\t\t<figure class=\"wp-caption\">\n\t\t\t\t\t\t\t\t\t\t<img loading=\"lazy\" decoding=\"async\" width=\"800\" height=\"533\" src=\"https:\/\/www.elturistatranquil.com\/wp-content\/uploads\/F36-El-Pilar-Lubrin-1.jpg\" class=\"attachment-large size-large wp-image-16791\" alt=\"\" srcset=\"https:\/\/www.elturistatranquil.com\/wp-content\/uploads\/F36-El-Pilar-Lubrin-1.jpg 800w, https:\/\/www.elturistatranquil.com\/wp-content\/uploads\/F36-El-Pilar-Lubrin-1-768x512.jpg 768w\" sizes=\"(max-width: 800px) 100vw, 800px\" \/>\t\t\t\t\t\t\t\t\t\t\t<figcaption class=\"widget-image-caption wp-caption-text\"><\/figcaption>\n\t\t\t\t\t\t\t\t\t\t<\/figure>\n\t\t\t\t\t\t\t\t\t<\/div>\n\t\t\t\t<\/div>\n\t\t\t\t<div class=\"elementor-element elementor-element-3174130c elementor-widget elementor-widget-image\" data-id=\"3174130c\" data-element_type=\"widget\" data-e-type=\"widget\" data-widget_type=\"image.default\">\n\t\t\t\t<div class=\"elementor-widget-container\">\n\t\t\t\t\t\t\t\t\t\t\t\t<figure class=\"wp-caption\">\n\t\t\t\t\t\t\t\t\t\t<img loading=\"lazy\" decoding=\"async\" width=\"800\" height=\"533\" src=\"https:\/\/www.elturistatranquil.com\/wp-content\/uploads\/F37-El-Pilar-Lubrin-1.jpg\" class=\"attachment-large size-large wp-image-16793\" alt=\"\" srcset=\"https:\/\/www.elturistatranquil.com\/wp-content\/uploads\/F37-El-Pilar-Lubrin-1.jpg 800w, https:\/\/www.elturistatranquil.com\/wp-content\/uploads\/F37-El-Pilar-Lubrin-1-768x512.jpg 768w\" sizes=\"(max-width: 800px) 100vw, 800px\" \/>\t\t\t\t\t\t\t\t\t\t\t<figcaption class=\"widget-image-caption wp-caption-text\"><\/figcaption>\n\t\t\t\t\t\t\t\t\t\t<\/figure>\n\t\t\t\t\t\t\t\t\t<\/div>\n\t\t\t\t<\/div>\n\t\t\t\t<div class=\"elementor-element elementor-element-27f3e30 elementor-widget elementor-widget-menu-anchor\" data-id=\"27f3e30\" data-element_type=\"widget\" data-e-type=\"widget\" data-widget_type=\"menu-anchor.default\">\n\t\t\t\t<div class=\"elementor-widget-container\">\n\t\t\t\t\t\t\t<div class=\"elementor-menu-anchor\" id=\"a1009\"><\/div>\n\t\t\t\t\t\t<\/div>\n\t\t\t\t<\/div>\n\t\t\t\t<div class=\"elementor-element elementor-element-68980f72 elementor-widget elementor-widget-image\" data-id=\"68980f72\" data-element_type=\"widget\" data-e-type=\"widget\" data-widget_type=\"image.default\">\n\t\t\t\t<div class=\"elementor-widget-container\">\n\t\t\t\t\t\t\t\t\t\t\t\t<figure class=\"wp-caption\">\n\t\t\t\t\t\t\t\t\t\t<img loading=\"lazy\" decoding=\"async\" width=\"800\" height=\"533\" src=\"https:\/\/www.elturistatranquil.com\/wp-content\/uploads\/F38-El-Pilar-Lubrin-1.jpg\" class=\"attachment-large size-large wp-image-16795\" alt=\"\" srcset=\"https:\/\/www.elturistatranquil.com\/wp-content\/uploads\/F38-El-Pilar-Lubrin-1.jpg 800w, https:\/\/www.elturistatranquil.com\/wp-content\/uploads\/F38-El-Pilar-Lubrin-1-768x512.jpg 768w\" sizes=\"(max-width: 800px) 100vw, 800px\" \/>\t\t\t\t\t\t\t\t\t\t\t<figcaption class=\"widget-image-caption wp-caption-text\"><\/figcaption>\n\t\t\t\t\t\t\t\t\t\t<\/figure>\n\t\t\t\t\t\t\t\t\t<\/div>\n\t\t\t\t<\/div>\n\t\t\t\t<div class=\"elementor-element elementor-element-34c9b1d6 elementor-widget elementor-widget-heading\" data-id=\"34c9b1d6\" data-element_type=\"widget\" data-e-type=\"widget\" data-widget_type=\"heading.default\">\n\t\t\t\t<div class=\"elementor-widget-container\">\n\t\t\t\t\t<h3 class=\"elementor-heading-title elementor-size-default\">Apropar-se a Lubr\u00edn<\/h3>\t\t\t\t<\/div>\n\t\t\t\t<\/div>\n\t\t\t\t<div class=\"elementor-element elementor-element-625320ce elementor-widget elementor-widget-text-editor\" data-id=\"625320ce\" data-element_type=\"widget\" data-e-type=\"widget\" data-widget_type=\"text-editor.default\">\n\t\t\t\t<div class=\"elementor-widget-container\">\n\t\t\t\t\t\t\t\t\t<p>Enlla\u00e7 amb el <em>Post<\/em>: <a href=\"https:\/\/www.elturistatranquil.com\/ca\/lubrin-almeria\/\" target=\"_blank\" rel=\"noopener\"><strong>Lubr\u00edn (Almeria)<\/strong><\/a><\/p>\t\t\t\t\t\t\t\t<\/div>\n\t\t\t\t<\/div>\n\t\t\t\t<div class=\"elementor-element elementor-element-635dcae elementor-widget elementor-widget-text-editor\" data-id=\"635dcae\" data-element_type=\"widget\" data-e-type=\"widget\" data-widget_type=\"text-editor.default\">\n\t\t\t\t<div class=\"elementor-widget-container\">\n\t\t\t\t\t\t\t\t\t<p>A 4 quil\u00f2metres se situa <strong>Lubr\u00edn<\/strong>, la capital del municipi, amb 678 habitants sobre els 1.431 del total del municipi, repartits en 3 llogarets i setze cortijadas.<\/p><p>Cam\u00ed de Lubr\u00edn podem apreciar el conjunt del paisatge amb predomini del matoll, en el qual \u00e9s f\u00e0cil trobar casalors distribu\u00efts pel territori, molts d&#8217;ells abandonats.<\/p>\t\t\t\t\t\t\t\t<\/div>\n\t\t\t\t<\/div>\n\t\t\t\t<div class=\"elementor-element elementor-element-47dbf324 elementor-widget elementor-widget-image\" data-id=\"47dbf324\" data-element_type=\"widget\" data-e-type=\"widget\" data-widget_type=\"image.default\">\n\t\t\t\t<div class=\"elementor-widget-container\">\n\t\t\t\t\t\t\t\t\t\t\t\t<figure class=\"wp-caption\">\n\t\t\t\t\t\t\t\t\t\t<img loading=\"lazy\" decoding=\"async\" width=\"800\" height=\"533\" src=\"https:\/\/www.elturistatranquil.com\/wp-content\/uploads\/F39-Lubrin-1.jpg\" class=\"attachment-large size-large wp-image-16797\" alt=\"\" srcset=\"https:\/\/www.elturistatranquil.com\/wp-content\/uploads\/F39-Lubrin-1.jpg 800w, https:\/\/www.elturistatranquil.com\/wp-content\/uploads\/F39-Lubrin-1-768x512.jpg 768w\" sizes=\"(max-width: 800px) 100vw, 800px\" \/>\t\t\t\t\t\t\t\t\t\t\t<figcaption class=\"widget-image-caption wp-caption-text\"><\/figcaption>\n\t\t\t\t\t\t\t\t\t\t<\/figure>\n\t\t\t\t\t\t\t\t\t<\/div>\n\t\t\t\t<\/div>\n\t\t\t\t<div class=\"elementor-element elementor-element-209127a8 elementor-widget elementor-widget-image\" data-id=\"209127a8\" data-element_type=\"widget\" data-e-type=\"widget\" data-widget_type=\"image.default\">\n\t\t\t\t<div class=\"elementor-widget-container\">\n\t\t\t\t\t\t\t\t\t\t\t\t<figure class=\"wp-caption\">\n\t\t\t\t\t\t\t\t\t\t<img loading=\"lazy\" decoding=\"async\" width=\"800\" height=\"533\" src=\"https:\/\/www.elturistatranquil.com\/wp-content\/uploads\/F40-Lubrin-1.jpg\" class=\"attachment-large size-large wp-image-16799\" alt=\"\" srcset=\"https:\/\/www.elturistatranquil.com\/wp-content\/uploads\/F40-Lubrin-1.jpg 800w, https:\/\/www.elturistatranquil.com\/wp-content\/uploads\/F40-Lubrin-1-768x512.jpg 768w\" sizes=\"(max-width: 800px) 100vw, 800px\" \/>\t\t\t\t\t\t\t\t\t\t\t<figcaption class=\"widget-image-caption wp-caption-text\"><\/figcaption>\n\t\t\t\t\t\t\t\t\t\t<\/figure>\n\t\t\t\t\t\t\t\t\t<\/div>\n\t\t\t\t<\/div>\n\t\t\t\t<div class=\"elementor-element elementor-element-6ac95820 elementor-widget elementor-widget-text-editor\" data-id=\"6ac95820\" data-element_type=\"widget\" data-e-type=\"widget\" data-widget_type=\"text-editor.default\">\n\t\t\t\t<div class=\"elementor-widget-container\">\n\t\t\t\t\t\t\t\t\t<p>A l&#8217;ombra d&#8217;un <strong>castell \u00e0rab<\/strong>, del qual resta la <strong>torre del rellotge<\/strong>, Lubr\u00edn s&#8217;assenta sobre costeruts carrers. Tot i que no menysprea el turisme, hi ha un gran inter\u00e8s en potenciar les activitats de transformaci\u00f3 dels productes agropecuaris de la localitat per la creaci\u00f3 d&#8217;ocupaci\u00f3.<\/p>\t\t\t\t\t\t\t\t<\/div>\n\t\t\t\t<\/div>\n\t\t\t\t<div class=\"elementor-element elementor-element-2ef53d69 elementor-widget elementor-widget-image\" data-id=\"2ef53d69\" data-element_type=\"widget\" data-e-type=\"widget\" data-widget_type=\"image.default\">\n\t\t\t\t<div class=\"elementor-widget-container\">\n\t\t\t\t\t\t\t\t\t\t\t\t<figure class=\"wp-caption\">\n\t\t\t\t\t\t\t\t\t\t<img loading=\"lazy\" decoding=\"async\" width=\"800\" height=\"533\" src=\"https:\/\/www.elturistatranquil.com\/wp-content\/uploads\/F41-Lubrin-1.jpg\" class=\"attachment-large size-large wp-image-16801\" alt=\"\" srcset=\"https:\/\/www.elturistatranquil.com\/wp-content\/uploads\/F41-Lubrin-1.jpg 800w, https:\/\/www.elturistatranquil.com\/wp-content\/uploads\/F41-Lubrin-1-768x512.jpg 768w\" sizes=\"(max-width: 800px) 100vw, 800px\" \/>\t\t\t\t\t\t\t\t\t\t\t<figcaption class=\"widget-image-caption wp-caption-text\"><\/figcaption>\n\t\t\t\t\t\t\t\t\t\t<\/figure>\n\t\t\t\t\t\t\t\t\t<\/div>\n\t\t\t\t<\/div>\n\t\t\t\t<div class=\"elementor-element elementor-element-3cf90b40 elementor-widget elementor-widget-image\" data-id=\"3cf90b40\" data-element_type=\"widget\" data-e-type=\"widget\" data-widget_type=\"image.default\">\n\t\t\t\t<div class=\"elementor-widget-container\">\n\t\t\t\t\t\t\t\t\t\t\t\t<figure class=\"wp-caption\">\n\t\t\t\t\t\t\t\t\t\t<img loading=\"lazy\" decoding=\"async\" width=\"800\" height=\"533\" src=\"https:\/\/www.elturistatranquil.com\/wp-content\/uploads\/F42-Lubrin-1.jpg\" class=\"attachment-large size-large wp-image-16803\" alt=\"\" srcset=\"https:\/\/www.elturistatranquil.com\/wp-content\/uploads\/F42-Lubrin-1.jpg 800w, https:\/\/www.elturistatranquil.com\/wp-content\/uploads\/F42-Lubrin-1-768x512.jpg 768w\" sizes=\"(max-width: 800px) 100vw, 800px\" \/>\t\t\t\t\t\t\t\t\t\t\t<figcaption class=\"widget-image-caption wp-caption-text\"><\/figcaption>\n\t\t\t\t\t\t\t\t\t\t<\/figure>\n\t\t\t\t\t\t\t\t\t<\/div>\n\t\t\t\t<\/div>\n\t\t\t\t<div class=\"elementor-element elementor-element-15ae0916 elementor-widget elementor-widget-text-editor\" data-id=\"15ae0916\" data-element_type=\"widget\" data-e-type=\"widget\" data-widget_type=\"text-editor.default\">\n\t\t\t\t<div class=\"elementor-widget-container\">\n\t\t\t\t\t\t\t\t\t<p>L&#8217;<strong>Esgl\u00e9sia de Nuestra Se\u00f1ora del Rosario<\/strong>, de ma\u00f3, \u00e9s del segle XIX.<\/p>\t\t\t\t\t\t\t\t<\/div>\n\t\t\t\t<\/div>\n\t\t\t\t<div class=\"elementor-element elementor-element-3bdad437 elementor-widget elementor-widget-image\" data-id=\"3bdad437\" data-element_type=\"widget\" data-e-type=\"widget\" data-widget_type=\"image.default\">\n\t\t\t\t<div class=\"elementor-widget-container\">\n\t\t\t\t\t\t\t\t\t\t\t\t<figure class=\"wp-caption\">\n\t\t\t\t\t\t\t\t\t\t<img loading=\"lazy\" decoding=\"async\" width=\"441\" height=\"550\" src=\"https:\/\/www.elturistatranquil.com\/wp-content\/uploads\/F43-Lubrin-1.jpg\" class=\"attachment-large size-large wp-image-16805\" alt=\"\" \/>\t\t\t\t\t\t\t\t\t\t\t<figcaption class=\"widget-image-caption wp-caption-text\"><\/figcaption>\n\t\t\t\t\t\t\t\t\t\t<\/figure>\n\t\t\t\t\t\t\t\t\t<\/div>\n\t\t\t\t<\/div>\n\t\t\t\t<div class=\"elementor-element elementor-element-61b0a717 elementor-widget elementor-widget-text-editor\" data-id=\"61b0a717\" data-element_type=\"widget\" data-e-type=\"widget\" data-widget_type=\"text-editor.default\">\n\t\t\t\t<div class=\"elementor-widget-container\">\n\t\t\t\t\t\t\t\t\t<p>Al costat de la rambla es troba el que va ser <strong>Teatre Sotomayor<\/strong> i posteriorment f\u00e0brica de formatges, en els baixos estaven situats els <strong>safareigs p\u00fablics<\/strong>.<\/p>\t\t\t\t\t\t\t\t<\/div>\n\t\t\t\t<\/div>\n\t\t\t\t<div class=\"elementor-element elementor-element-64e36e9e elementor-widget elementor-widget-menu-anchor\" data-id=\"64e36e9e\" data-element_type=\"widget\" data-e-type=\"widget\" data-widget_type=\"menu-anchor.default\">\n\t\t\t\t<div class=\"elementor-widget-container\">\n\t\t\t\t\t\t\t<div class=\"elementor-menu-anchor\" id=\"a1010\"><\/div>\n\t\t\t\t\t\t<\/div>\n\t\t\t\t<\/div>\n\t\t\t\t<div class=\"elementor-element elementor-element-664f63d4 elementor-widget elementor-widget-menu-anchor\" data-id=\"664f63d4\" data-element_type=\"widget\" data-e-type=\"widget\" data-widget_type=\"menu-anchor.default\">\n\t\t\t\t<div class=\"elementor-widget-container\">\n\t\t\t\t\t\t\t<div class=\"elementor-menu-anchor\" id=\"a1011\"><\/div>\n\t\t\t\t\t\t<\/div>\n\t\t\t\t<\/div>\n\t\t\t\t<div class=\"elementor-element elementor-element-6a9e28b3 elementor-widget elementor-widget-image\" data-id=\"6a9e28b3\" data-element_type=\"widget\" data-e-type=\"widget\" data-widget_type=\"image.default\">\n\t\t\t\t<div class=\"elementor-widget-container\">\n\t\t\t\t\t\t\t\t\t\t\t\t<figure class=\"wp-caption\">\n\t\t\t\t\t\t\t\t\t\t<img loading=\"lazy\" decoding=\"async\" width=\"800\" height=\"533\" src=\"https:\/\/www.elturistatranquil.com\/wp-content\/uploads\/F44-Lubrin-1.jpg\" class=\"attachment-large size-large wp-image-16807\" alt=\"\" srcset=\"https:\/\/www.elturistatranquil.com\/wp-content\/uploads\/F44-Lubrin-1.jpg 800w, https:\/\/www.elturistatranquil.com\/wp-content\/uploads\/F44-Lubrin-1-768x512.jpg 768w\" sizes=\"(max-width: 800px) 100vw, 800px\" \/>\t\t\t\t\t\t\t\t\t\t\t<figcaption class=\"widget-image-caption wp-caption-text\"><\/figcaption>\n\t\t\t\t\t\t\t\t\t\t<\/figure>\n\t\t\t\t\t\t\t\t\t<\/div>\n\t\t\t\t<\/div>\n\t\t\t\t<div class=\"elementor-element elementor-element-77eba305 elementor-widget elementor-widget-heading\" data-id=\"77eba305\" data-element_type=\"widget\" data-e-type=\"widget\" data-widget_type=\"heading.default\">\n\t\t\t\t<div class=\"elementor-widget-container\">\n\t\t\t\t\t<h2 class=\"elementor-heading-title elementor-size-default\">Sortides de mitja jornada<\/h2>\t\t\t\t<\/div>\n\t\t\t\t<\/div>\n\t\t\t\t<div class=\"elementor-element elementor-element-7ecbbae7 elementor-widget elementor-widget-heading\" data-id=\"7ecbbae7\" data-element_type=\"widget\" data-e-type=\"widget\" data-widget_type=\"heading.default\">\n\t\t\t\t<div class=\"elementor-widget-container\">\n\t\t\t\t\t<h3 class=\"elementor-heading-title elementor-size-default\">Sorbas i Parc Natural Karst en Yesos de Sorbas<\/h3>\t\t\t\t<\/div>\n\t\t\t\t<\/div>\n\t\t\t\t<div class=\"elementor-element elementor-element-1ce5e07a elementor-widget elementor-widget-text-editor\" data-id=\"1ce5e07a\" data-element_type=\"widget\" data-e-type=\"widget\" data-widget_type=\"text-editor.default\">\n\t\t\t\t<div class=\"elementor-widget-container\">\n\t\t\t\t\t\t\t\t\t<p>Enlla\u00e7 amb el <em>Post<\/em>:\u00a0<a href=\"https:\/\/www.elturistatranquil.com\/ca\/sorbas-parc-natural-karst-en-yesos-de-sorbas-almeria\/\" target=\"_blank\" rel=\"noopener\"><strong>Sorbas. Parc Natural Karst en Yesos de Sorbas (Almeria)<\/strong><\/a><\/p>\t\t\t\t\t\t\t\t<\/div>\n\t\t\t\t<\/div>\n\t\t\t\t<div class=\"elementor-element elementor-element-21cd1cc elementor-widget elementor-widget-text-editor\" data-id=\"21cd1cc\" data-element_type=\"widget\" data-e-type=\"widget\" data-widget_type=\"text-editor.default\">\n\t\t\t\t<div class=\"elementor-widget-container\">\n\t\t\t\t\t\t\t\t\t<p>A 14 quil\u00f2metres (20 minuts) en direcci\u00f3 sud es troba <strong>Sorbas<\/strong>. Al municipi 2.389 habitants, dels quals 1.422 a la localitat central (2018)<\/p><p>Aquesta sortida consta de dos centres d&#8217;inter\u00e8s molt diferenciats, de manera que pot escollir-se entre cada un d&#8217;ells, o tots dos, segons el criteri personal del visitant i el temps a destinar-hi. D&#8217;una banda, el recinte de la vila, d&#8217;altra el Parc Natural Karst en Yesos de Sorbas.<\/p>\t\t\t\t\t\t\t\t<\/div>\n\t\t\t\t<\/div>\n\t\t\t\t<div class=\"elementor-element elementor-element-765143f4 elementor-widget elementor-widget-heading\" data-id=\"765143f4\" data-element_type=\"widget\" data-e-type=\"widget\" data-widget_type=\"heading.default\">\n\t\t\t\t<div class=\"elementor-widget-container\">\n\t\t\t\t\t<h4 class=\"elementor-heading-title elementor-size-default\">Sorbas<\/h4>\t\t\t\t<\/div>\n\t\t\t\t<\/div>\n\t\t\t\t<div class=\"elementor-element elementor-element-6aa9299c elementor-widget elementor-widget-text-editor\" data-id=\"6aa9299c\" data-element_type=\"widget\" data-e-type=\"widget\" data-widget_type=\"text-editor.default\">\n\t\t\t\t<div class=\"elementor-widget-container\">\n\t\t\t\t\t\t\t\t\t<p>En apropar-nos, des de la carretera veiem en nucli urb\u00e0 de <strong>Sorbas<\/strong> enfilada en un sortint penya-segat del terreny c\u00e0rstic erosionat pel riu.<\/p>\t\t\t\t\t\t\t\t<\/div>\n\t\t\t\t<\/div>\n\t\t\t\t<div class=\"elementor-element elementor-element-70a7bc75 elementor-widget elementor-widget-image\" data-id=\"70a7bc75\" data-element_type=\"widget\" data-e-type=\"widget\" data-widget_type=\"image.default\">\n\t\t\t\t<div class=\"elementor-widget-container\">\n\t\t\t\t\t\t\t\t\t\t\t\t<figure class=\"wp-caption\">\n\t\t\t\t\t\t\t\t\t\t<img loading=\"lazy\" decoding=\"async\" width=\"800\" height=\"533\" src=\"https:\/\/www.elturistatranquil.com\/wp-content\/uploads\/F45-Sorbas-1.jpg\" class=\"attachment-large size-large wp-image-16809\" alt=\"\" srcset=\"https:\/\/www.elturistatranquil.com\/wp-content\/uploads\/F45-Sorbas-1.jpg 800w, https:\/\/www.elturistatranquil.com\/wp-content\/uploads\/F45-Sorbas-1-768x512.jpg 768w\" sizes=\"(max-width: 800px) 100vw, 800px\" \/>\t\t\t\t\t\t\t\t\t\t\t<figcaption class=\"widget-image-caption wp-caption-text\"><\/figcaption>\n\t\t\t\t\t\t\t\t\t\t<\/figure>\n\t\t\t\t\t\t\t\t\t<\/div>\n\t\t\t\t<\/div>\n\t\t\t\t<div class=\"elementor-element elementor-element-14ea2846 elementor-widget elementor-widget-text-editor\" data-id=\"14ea2846\" data-element_type=\"widget\" data-e-type=\"widget\" data-widget_type=\"text-editor.default\">\n\t\t\t\t<div class=\"elementor-widget-container\">\n\t\t\t\t\t\t\t\t\t<p>Vist des del fons de la vall continua sent igual d&#8217;impressionant.<\/p>\t\t\t\t\t\t\t\t<\/div>\n\t\t\t\t<\/div>\n\t\t\t\t<div class=\"elementor-element elementor-element-11f39e95 elementor-widget elementor-widget-image\" data-id=\"11f39e95\" data-element_type=\"widget\" data-e-type=\"widget\" data-widget_type=\"image.default\">\n\t\t\t\t<div class=\"elementor-widget-container\">\n\t\t\t\t\t\t\t\t\t\t\t\t<figure class=\"wp-caption\">\n\t\t\t\t\t\t\t\t\t\t<img loading=\"lazy\" decoding=\"async\" width=\"800\" height=\"533\" src=\"https:\/\/www.elturistatranquil.com\/wp-content\/uploads\/F56-Sorbas-1.jpg\" class=\"attachment-large size-large wp-image-16811\" alt=\"\" srcset=\"https:\/\/www.elturistatranquil.com\/wp-content\/uploads\/F56-Sorbas-1.jpg 800w, https:\/\/www.elturistatranquil.com\/wp-content\/uploads\/F56-Sorbas-1-768x512.jpg 768w\" sizes=\"(max-width: 800px) 100vw, 800px\" \/>\t\t\t\t\t\t\t\t\t\t\t<figcaption class=\"widget-image-caption wp-caption-text\"><\/figcaption>\n\t\t\t\t\t\t\t\t\t\t<\/figure>\n\t\t\t\t\t\t\t\t\t<\/div>\n\t\t\t\t<\/div>\n\t\t\t\t<div class=\"elementor-element elementor-element-17965d4e elementor-widget elementor-widget-text-editor\" data-id=\"17965d4e\" data-element_type=\"widget\" data-e-type=\"widget\" data-widget_type=\"text-editor.default\">\n\t\t\t\t<div class=\"elementor-widget-container\">\n\t\t\t\t\t\t\t\t\t<p>La vila va tenir el seu moment d&#8217;esplendor, que es manifesta en les nombroses cases senyorials que aporten la seva solera al paisatge urb\u00e0. Sobre totes elles la <strong>Casa del Duques de Alba<\/strong>, d&#8217;estil neocl\u00e0ssic, dels segles XVIII-XIX.<\/p>\t\t\t\t\t\t\t\t<\/div>\n\t\t\t\t<\/div>\n\t\t\t\t<div class=\"elementor-element elementor-element-e3fe0a4 elementor-widget elementor-widget-image\" data-id=\"e3fe0a4\" data-element_type=\"widget\" data-e-type=\"widget\" data-widget_type=\"image.default\">\n\t\t\t\t<div class=\"elementor-widget-container\">\n\t\t\t\t\t\t\t\t\t\t\t\t<figure class=\"wp-caption\">\n\t\t\t\t\t\t\t\t\t\t<img loading=\"lazy\" decoding=\"async\" width=\"800\" height=\"533\" src=\"https:\/\/www.elturistatranquil.com\/wp-content\/uploads\/F57-Sorbas-1.jpg\" class=\"attachment-large size-large wp-image-16813\" alt=\"\" srcset=\"https:\/\/www.elturistatranquil.com\/wp-content\/uploads\/F57-Sorbas-1.jpg 800w, https:\/\/www.elturistatranquil.com\/wp-content\/uploads\/F57-Sorbas-1-768x512.jpg 768w\" sizes=\"(max-width: 800px) 100vw, 800px\" \/>\t\t\t\t\t\t\t\t\t\t\t<figcaption class=\"widget-image-caption wp-caption-text\"><\/figcaption>\n\t\t\t\t\t\t\t\t\t\t<\/figure>\n\t\t\t\t\t\t\t\t\t<\/div>\n\t\t\t\t<\/div>\n\t\t\t\t<div class=\"elementor-element elementor-element-19cbe043 elementor-widget elementor-widget-text-editor\" data-id=\"19cbe043\" data-element_type=\"widget\" data-e-type=\"widget\" data-widget_type=\"text-editor.default\">\n\t\t\t\t<div class=\"elementor-widget-container\">\n\t\t\t\t\t\t\t\t\t<p>A la mateixa pla\u00e7a, l&#8217;<strong>Esgl\u00e9sia de Santa Maria<\/strong>, d&#8217;origen mud\u00e8jar del segle XVII, amb successives aportacions barroques al segle XVIII i neocl\u00e0ssiques en el XIX.<\/p><p>No entenc quina mania els ha agafat als jardiners de deformar l&#8217;ess\u00e8ncia dels arbres -la forma natural del seu bracatge- amb aquestes rid\u00edcules formes de corona, com si fossin la cua de \u201cgos pijo\u201d.<\/p>\t\t\t\t\t\t\t\t<\/div>\n\t\t\t\t<\/div>\n\t\t\t\t<div class=\"elementor-element elementor-element-7161ca0 elementor-widget elementor-widget-image\" data-id=\"7161ca0\" data-element_type=\"widget\" data-e-type=\"widget\" data-widget_type=\"image.default\">\n\t\t\t\t<div class=\"elementor-widget-container\">\n\t\t\t\t\t\t\t\t\t\t\t\t<figure class=\"wp-caption\">\n\t\t\t\t\t\t\t\t\t\t<img loading=\"lazy\" decoding=\"async\" width=\"800\" height=\"533\" src=\"https:\/\/www.elturistatranquil.com\/wp-content\/uploads\/F58-Sorbas-1.jpg\" class=\"attachment-large size-large wp-image-16815\" alt=\"\" srcset=\"https:\/\/www.elturistatranquil.com\/wp-content\/uploads\/F58-Sorbas-1.jpg 800w, https:\/\/www.elturistatranquil.com\/wp-content\/uploads\/F58-Sorbas-1-768x512.jpg 768w\" sizes=\"(max-width: 800px) 100vw, 800px\" \/>\t\t\t\t\t\t\t\t\t\t\t<figcaption class=\"widget-image-caption wp-caption-text\"><\/figcaption>\n\t\t\t\t\t\t\t\t\t\t<\/figure>\n\t\t\t\t\t\t\t\t\t<\/div>\n\t\t\t\t<\/div>\n\t\t\t\t<div class=\"elementor-element elementor-element-5db223af elementor-widget elementor-widget-text-editor\" data-id=\"5db223af\" data-element_type=\"widget\" data-e-type=\"widget\" data-widget_type=\"text-editor.default\">\n\t\t\t\t<div class=\"elementor-widget-container\">\n\t\t\t\t\t\t\t\t\t<p>\u00c9s aconsellable passejar pels seus cuidats carrers fins al balc\u00f3 sobre el riu.<\/p>\t\t\t\t\t\t\t\t<\/div>\n\t\t\t\t<\/div>\n\t\t\t\t<div class=\"elementor-element elementor-element-1cacd3aa elementor-widget elementor-widget-image\" data-id=\"1cacd3aa\" data-element_type=\"widget\" data-e-type=\"widget\" data-widget_type=\"image.default\">\n\t\t\t\t<div class=\"elementor-widget-container\">\n\t\t\t\t\t\t\t\t\t\t\t\t<figure class=\"wp-caption\">\n\t\t\t\t\t\t\t\t\t\t<img loading=\"lazy\" decoding=\"async\" width=\"800\" height=\"533\" src=\"https:\/\/www.elturistatranquil.com\/wp-content\/uploads\/F59-Sorbas-1.jpg\" class=\"attachment-large size-large wp-image-16817\" alt=\"\" srcset=\"https:\/\/www.elturistatranquil.com\/wp-content\/uploads\/F59-Sorbas-1.jpg 800w, https:\/\/www.elturistatranquil.com\/wp-content\/uploads\/F59-Sorbas-1-768x512.jpg 768w\" sizes=\"(max-width: 800px) 100vw, 800px\" \/>\t\t\t\t\t\t\t\t\t\t\t<figcaption class=\"widget-image-caption wp-caption-text\"><\/figcaption>\n\t\t\t\t\t\t\t\t\t\t<\/figure>\n\t\t\t\t\t\t\t\t\t<\/div>\n\t\t\t\t<\/div>\n\t\t\t\t<div class=\"elementor-element elementor-element-2e740b98 elementor-widget elementor-widget-heading\" data-id=\"2e740b98\" data-element_type=\"widget\" data-e-type=\"widget\" data-widget_type=\"heading.default\">\n\t\t\t\t<div class=\"elementor-widget-container\">\n\t\t\t\t\t<h4 class=\"elementor-heading-title elementor-size-default\">Parc Natural Karst en Yesos de Sorbas<\/h4>\t\t\t\t<\/div>\n\t\t\t\t<\/div>\n\t\t\t\t<div class=\"elementor-element elementor-element-2f8c89b3 elementor-widget elementor-widget-text-editor\" data-id=\"2f8c89b3\" data-element_type=\"widget\" data-e-type=\"widget\" data-widget_type=\"text-editor.default\">\n\t\t\t\t<div class=\"elementor-widget-container\">\n\t\t\t\t\t\t\t\t\t<p>L&#8217;altre atractiu de Sorbas \u00e9s el seu paisatge c\u00e0rstic, que ha estat reconegut amb la figura de <strong><a href=\"https:\/\/www.elturistatranquil.com\/ca\/sorbas-parc-natural-karst-en-yesos-de-sorbas-almeria\/#c6216\" target=\"_blank\" rel=\"noopener\">Parc Natural Karst en Yesos de Sorbas<\/a><\/strong>, entre la Serra de los Filabres i la Serra Cabrera, en un paratge semides\u00e8rtic.<\/p><p>Es tracta d&#8217;un paisatge de penya-segats rocosos i talussos molt caracter\u00edstics d&#8217;aquest territori, amb un m\u00f3n subterrani llaurat per l&#8217;acci\u00f3 mil\u00b7len\u00e0ria de l&#8217;aigua de pluja sobre una potent roca de guix, a la llera del <strong>riu Aguas<\/strong>.<\/p><p>El <strong>Mirador Urra<\/strong> i les <strong>Coves de Sorbas<\/strong> corresponen a dos punts de localitzaci\u00f3 per a l&#8217;observaci\u00f3 d&#8217;aquest paisatge.<\/p><p>La recepci\u00f3 de les <strong>Coves de Sorbas<\/strong> s\u00f3n a 3 quil\u00f2metres de la localitat en un desviament a la dreta de l&#8217;A-1102 en direcci\u00f3 est, cap a Almocaizar.<\/p><p>Al paratge hi ha m\u00e9s de 1.000 cavitats excavades en guix, amb gran quantitat de galeries de les que s&#8217;han explorat uns 8 quil\u00f2metres.<\/p>\t\t\t\t\t\t\t\t<\/div>\n\t\t\t\t<\/div>\n\t\t\t\t<div class=\"elementor-element elementor-element-75fcfb4 elementor-widget elementor-widget-image\" data-id=\"75fcfb4\" data-element_type=\"widget\" data-e-type=\"widget\" data-widget_type=\"image.default\">\n\t\t\t\t<div class=\"elementor-widget-container\">\n\t\t\t\t\t\t\t\t\t\t\t\t<figure class=\"wp-caption\">\n\t\t\t\t\t\t\t\t\t\t<img loading=\"lazy\" decoding=\"async\" width=\"800\" height=\"533\" src=\"https:\/\/www.elturistatranquil.com\/wp-content\/uploads\/F60-Cuevas-de-Sorbas-1.jpg\" class=\"attachment-large size-large wp-image-16819\" alt=\"\" srcset=\"https:\/\/www.elturistatranquil.com\/wp-content\/uploads\/F60-Cuevas-de-Sorbas-1.jpg 800w, https:\/\/www.elturistatranquil.com\/wp-content\/uploads\/F60-Cuevas-de-Sorbas-1-768x512.jpg 768w\" sizes=\"(max-width: 800px) 100vw, 800px\" \/>\t\t\t\t\t\t\t\t\t\t\t<figcaption class=\"widget-image-caption wp-caption-text\"><\/figcaption>\n\t\t\t\t\t\t\t\t\t\t<\/figure>\n\t\t\t\t\t\t\t\t\t<\/div>\n\t\t\t\t<\/div>\n\t\t\t\t<div class=\"elementor-element elementor-element-667b19b5 elementor-widget elementor-widget-text-editor\" data-id=\"667b19b5\" data-element_type=\"widget\" data-e-type=\"widget\" data-widget_type=\"text-editor.default\">\n\t\t\t\t<div class=\"elementor-widget-container\">\n\t\t\t\t\t\t\t\t\t<p>Pel barranc s&#8217;entra a la <strong>Cova del Agua<\/strong>.<\/p>\t\t\t\t\t\t\t\t<\/div>\n\t\t\t\t<\/div>\n\t\t\t\t<div class=\"elementor-element elementor-element-3c841ab3 elementor-widget elementor-widget-image\" data-id=\"3c841ab3\" data-element_type=\"widget\" data-e-type=\"widget\" data-widget_type=\"image.default\">\n\t\t\t\t<div class=\"elementor-widget-container\">\n\t\t\t\t\t\t\t\t\t\t\t\t<figure class=\"wp-caption\">\n\t\t\t\t\t\t\t\t\t\t<img loading=\"lazy\" decoding=\"async\" width=\"800\" height=\"533\" src=\"https:\/\/www.elturistatranquil.com\/wp-content\/uploads\/F61-Cuevas-de-Sorbas-1.jpg\" class=\"attachment-large size-large wp-image-16821\" alt=\"\" srcset=\"https:\/\/www.elturistatranquil.com\/wp-content\/uploads\/F61-Cuevas-de-Sorbas-1.jpg 800w, https:\/\/www.elturistatranquil.com\/wp-content\/uploads\/F61-Cuevas-de-Sorbas-1-768x512.jpg 768w\" sizes=\"(max-width: 800px) 100vw, 800px\" \/>\t\t\t\t\t\t\t\t\t\t\t<figcaption class=\"widget-image-caption wp-caption-text\"><\/figcaption>\n\t\t\t\t\t\t\t\t\t\t<\/figure>\n\t\t\t\t\t\t\t\t\t<\/div>\n\t\t\t\t<\/div>\n\t\t\t\t<div class=\"elementor-element elementor-element-1575c6f4 elementor-widget elementor-widget-text-editor\" data-id=\"1575c6f4\" data-element_type=\"widget\" data-e-type=\"widget\" data-widget_type=\"text-editor.default\">\n\t\t\t\t<div class=\"elementor-widget-container\">\n\t\t\t\t\t\t\t\t\t<p>Hi ha visites tots els dies en diferents horaris depenent del tipus de ruta.<\/p><p>Dos quil\u00f2metres m\u00e9s endavant, a la banda esquerra de la carretera se situa al <strong>Mirador Urra<\/strong> del Parc, que ofereix una perspectiva sobre aquest paisatge semi\u00e0rid, en qu\u00e8 l&#8217;espart ens envoltar\u00e0.<\/p>\t\t\t\t\t\t\t\t<\/div>\n\t\t\t\t<\/div>\n\t\t\t\t<div class=\"elementor-element elementor-element-4af76d42 elementor-widget elementor-widget-image\" data-id=\"4af76d42\" data-element_type=\"widget\" data-e-type=\"widget\" data-widget_type=\"image.default\">\n\t\t\t\t<div class=\"elementor-widget-container\">\n\t\t\t\t\t\t\t\t\t\t\t\t<figure class=\"wp-caption\">\n\t\t\t\t\t\t\t\t\t\t<img loading=\"lazy\" decoding=\"async\" width=\"529\" height=\"550\" src=\"https:\/\/www.elturistatranquil.com\/wp-content\/uploads\/F62-Sorbas-Mirador-Urra-1.jpg\" class=\"attachment-large size-large wp-image-16823\" alt=\"\" \/>\t\t\t\t\t\t\t\t\t\t\t<figcaption class=\"widget-image-caption wp-caption-text\"><\/figcaption>\n\t\t\t\t\t\t\t\t\t\t<\/figure>\n\t\t\t\t\t\t\t\t\t<\/div>\n\t\t\t\t<\/div>\n\t\t\t\t<div class=\"elementor-element elementor-element-573d4b0d elementor-widget elementor-widget-image\" data-id=\"573d4b0d\" data-element_type=\"widget\" data-e-type=\"widget\" data-widget_type=\"image.default\">\n\t\t\t\t<div class=\"elementor-widget-container\">\n\t\t\t\t\t\t\t\t\t\t\t\t<figure class=\"wp-caption\">\n\t\t\t\t\t\t\t\t\t\t<img loading=\"lazy\" decoding=\"async\" width=\"800\" height=\"533\" src=\"https:\/\/www.elturistatranquil.com\/wp-content\/uploads\/F63-Sorbas-Mirador-Urra-1.jpg\" class=\"attachment-large size-large wp-image-16825\" alt=\"\" srcset=\"https:\/\/www.elturistatranquil.com\/wp-content\/uploads\/F63-Sorbas-Mirador-Urra-1.jpg 800w, https:\/\/www.elturistatranquil.com\/wp-content\/uploads\/F63-Sorbas-Mirador-Urra-1-768x512.jpg 768w\" sizes=\"(max-width: 800px) 100vw, 800px\" \/>\t\t\t\t\t\t\t\t\t\t\t<figcaption class=\"widget-image-caption wp-caption-text\"><\/figcaption>\n\t\t\t\t\t\t\t\t\t\t<\/figure>\n\t\t\t\t\t\t\t\t\t<\/div>\n\t\t\t\t<\/div>\n\t\t\t\t<div class=\"elementor-element elementor-element-6bc6e5cd elementor-widget elementor-widget-menu-anchor\" data-id=\"6bc6e5cd\" data-element_type=\"widget\" data-e-type=\"widget\" data-widget_type=\"menu-anchor.default\">\n\t\t\t\t<div class=\"elementor-widget-container\">\n\t\t\t\t\t\t\t<div class=\"elementor-menu-anchor\" id=\"a1012\"><\/div>\n\t\t\t\t\t\t<\/div>\n\t\t\t\t<\/div>\n\t\t\t\t<div class=\"elementor-element elementor-element-61b0b1cf elementor-widget elementor-widget-menu-anchor\" data-id=\"61b0b1cf\" data-element_type=\"widget\" data-e-type=\"widget\" data-widget_type=\"menu-anchor.default\">\n\t\t\t\t<div class=\"elementor-widget-container\">\n\t\t\t\t\t\t\t<div class=\"elementor-menu-anchor\" id=\"a1013\"><\/div>\n\t\t\t\t\t\t<\/div>\n\t\t\t\t<\/div>\n\t\t\t\t<div class=\"elementor-element elementor-element-5a3a2267 elementor-widget elementor-widget-image\" data-id=\"5a3a2267\" data-element_type=\"widget\" data-e-type=\"widget\" data-widget_type=\"image.default\">\n\t\t\t\t<div class=\"elementor-widget-container\">\n\t\t\t\t\t\t\t\t\t\t\t\t<figure class=\"wp-caption\">\n\t\t\t\t\t\t\t\t\t\t<img loading=\"lazy\" decoding=\"async\" width=\"800\" height=\"533\" src=\"https:\/\/www.elturistatranquil.com\/wp-content\/uploads\/F64-Sorbas-Mirador-Urra-1.jpg\" class=\"attachment-large size-large wp-image-16827\" alt=\"\" srcset=\"https:\/\/www.elturistatranquil.com\/wp-content\/uploads\/F64-Sorbas-Mirador-Urra-1.jpg 800w, https:\/\/www.elturistatranquil.com\/wp-content\/uploads\/F64-Sorbas-Mirador-Urra-1-768x512.jpg 768w\" sizes=\"(max-width: 800px) 100vw, 800px\" \/>\t\t\t\t\t\t\t\t\t\t\t<figcaption class=\"widget-image-caption wp-caption-text\"><\/figcaption>\n\t\t\t\t\t\t\t\t\t\t<\/figure>\n\t\t\t\t\t\t\t\t\t<\/div>\n\t\t\t\t<\/div>\n\t\t\t\t<div class=\"elementor-element elementor-element-5cfc2b45 elementor-widget elementor-widget-heading\" data-id=\"5cfc2b45\" data-element_type=\"widget\" data-e-type=\"widget\" data-widget_type=\"heading.default\">\n\t\t\t\t<div class=\"elementor-widget-container\">\n\t\t\t\t\t<h2 class=\"elementor-heading-title elementor-size-default\">Sortides de jornada completa<\/h2>\t\t\t\t<\/div>\n\t\t\t\t<\/div>\n\t\t\t\t<div class=\"elementor-element elementor-element-611a49f8 elementor-widget elementor-widget-heading\" data-id=\"611a49f8\" data-element_type=\"widget\" data-e-type=\"widget\" data-widget_type=\"heading.default\">\n\t\t\t\t<div class=\"elementor-widget-container\">\n\t\t\t\t\t<h3 class=\"elementor-heading-title elementor-size-default\">Parc Natural del Cabo de Gata<\/h3>\t\t\t\t<\/div>\n\t\t\t\t<\/div>\n\t\t\t\t<div class=\"elementor-element elementor-element-3d727d25 elementor-widget elementor-widget-image\" data-id=\"3d727d25\" data-element_type=\"widget\" data-e-type=\"widget\" data-widget_type=\"image.default\">\n\t\t\t\t<div class=\"elementor-widget-container\">\n\t\t\t\t\t\t\t\t\t\t\t\t<figure class=\"wp-caption\">\n\t\t\t\t\t\t\t\t\t\t<img loading=\"lazy\" decoding=\"async\" width=\"800\" height=\"533\" src=\"https:\/\/www.elturistatranquil.com\/wp-content\/uploads\/F65-Cabo-de-Gata-Google-maps-2019-04-30-1.jpg\" class=\"attachment-large size-large wp-image-16829\" alt=\"\" srcset=\"https:\/\/www.elturistatranquil.com\/wp-content\/uploads\/F65-Cabo-de-Gata-Google-maps-2019-04-30-1.jpg 800w, https:\/\/www.elturistatranquil.com\/wp-content\/uploads\/F65-Cabo-de-Gata-Google-maps-2019-04-30-1-768x512.jpg 768w\" sizes=\"(max-width: 800px) 100vw, 800px\" \/>\t\t\t\t\t\t\t\t\t\t\t<figcaption class=\"widget-image-caption wp-caption-text\">Ruta de la sortida a Cabo de Gata (Google maps 2019-04-30)<\/figcaption>\n\t\t\t\t\t\t\t\t\t\t<\/figure>\n\t\t\t\t\t\t\t\t\t<\/div>\n\t\t\t\t<\/div>\n\t\t\t\t<div class=\"elementor-element elementor-element-5ca2fe9f elementor-widget elementor-widget-menu-anchor\" data-id=\"5ca2fe9f\" data-element_type=\"widget\" data-e-type=\"widget\" data-widget_type=\"menu-anchor.default\">\n\t\t\t\t<div class=\"elementor-widget-container\">\n\t\t\t\t\t\t\t<div class=\"elementor-menu-anchor\" id=\"a1014\"><\/div>\n\t\t\t\t\t\t<\/div>\n\t\t\t\t<\/div>\n\t\t\t\t<div class=\"elementor-element elementor-element-36bbe06b elementor-widget elementor-widget-text-editor\" data-id=\"36bbe06b\" data-element_type=\"widget\" data-e-type=\"widget\" data-widget_type=\"text-editor.default\">\n\t\t\t\t<div class=\"elementor-widget-container\">\n\t\t\t\t\t\t\t\t\t<p>Aquesta visita la vaig realitzar en dues etapes. La visita pr\u00f2piament dita a la costa est del Cabo de Gata, amb les seves corresponents parades. I la tornada fent una volta per disc\u00f3rrer pel paisatge interior, gaireb\u00e9 sense aturar-me.<\/p><p>Es tracta d&#8217;una visita eminentment paisatg\u00edstica, amb component d&#8217;assentaments i arquitectura popular, mediatitzada per la penetraci\u00f3 tur\u00edstica.<\/p>\t\t\t\t\t\t\t\t<\/div>\n\t\t\t\t<\/div>\n\t\t\t\t<div class=\"elementor-element elementor-element-dd9b990 elementor-widget elementor-widget-heading\" data-id=\"dd9b990\" data-element_type=\"widget\" data-e-type=\"widget\" data-widget_type=\"heading.default\">\n\t\t\t\t<div class=\"elementor-widget-container\">\n\t\t\t\t\t<h4 class=\"elementor-heading-title elementor-size-default\">Recorregut pel Parc Natural de Cabo de Gata<\/h4>\t\t\t\t<\/div>\n\t\t\t\t<\/div>\n\t\t\t\t<div class=\"elementor-element elementor-element-d381084 elementor-widget elementor-widget-text-editor\" data-id=\"d381084\" data-element_type=\"widget\" data-e-type=\"widget\" data-widget_type=\"text-editor.default\">\n\t\t\t\t<div class=\"elementor-widget-container\">\n\t\t\t\t\t\t\t\t\t<p>Enlla\u00e7 amb el <em>Post<\/em>:<a href=\"https:\/\/www.elturistatranquil.com\/ca\/parc-natural-del-cabo-de-gata-nijar-almeria\/\" target=\"_blank\" rel=\"noopener\"><strong> Parc Natural del Cabo de Gata-N\u00edjar (Alamer\u00eda)<\/strong><\/a><\/p>\t\t\t\t\t\t\t\t<\/div>\n\t\t\t\t<\/div>\n\t\t\t\t<div class=\"elementor-element elementor-element-c67a3f4 elementor-widget elementor-widget-text-editor\" data-id=\"c67a3f4\" data-element_type=\"widget\" data-e-type=\"widget\" data-widget_type=\"text-editor.default\">\n\t\t\t\t<div class=\"elementor-widget-container\">\n\t\t\t\t\t\t\t\t\t<p>El primer recorregut, entre Casona Granado i Sant Josep, va representar un trajecte de 95 quil\u00f2metres, amb una durada de 1h 45min sense comptar les parades.<\/p><p>Primera parada a <strong>Agua Amarga<\/strong> (<strong>B<\/strong>), a la zona septentrional del <strong>Parc Natural del Cabo de Gata<\/strong>.<\/p><p>El paisatge del <strong>Cabo de Gata<\/strong> \u00e9s d&#8217;una gran for\u00e7a tel\u00b7l\u00farica, acompanyat el dia de la visita per un fort vent que refor\u00e7ava la pot\u00e8ncia de la natura.<\/p>\t\t\t\t\t\t\t\t<\/div>\n\t\t\t\t<\/div>\n\t\t\t\t<div class=\"elementor-element elementor-element-2b2f0e55 elementor-widget elementor-widget-image\" data-id=\"2b2f0e55\" data-element_type=\"widget\" data-e-type=\"widget\" data-widget_type=\"image.default\">\n\t\t\t\t<div class=\"elementor-widget-container\">\n\t\t\t\t\t\t\t\t\t\t\t\t<figure class=\"wp-caption\">\n\t\t\t\t\t\t\t\t\t\t<img loading=\"lazy\" decoding=\"async\" width=\"800\" height=\"533\" src=\"https:\/\/www.elturistatranquil.com\/wp-content\/uploads\/F66-Cabo-de-Gata-1.jpg\" class=\"attachment-large size-large wp-image-16831\" alt=\"\" srcset=\"https:\/\/www.elturistatranquil.com\/wp-content\/uploads\/F66-Cabo-de-Gata-1.jpg 800w, https:\/\/www.elturistatranquil.com\/wp-content\/uploads\/F66-Cabo-de-Gata-1-768x512.jpg 768w\" sizes=\"(max-width: 800px) 100vw, 800px\" \/>\t\t\t\t\t\t\t\t\t\t\t<figcaption class=\"widget-image-caption wp-caption-text\"><\/figcaption>\n\t\t\t\t\t\t\t\t\t\t<\/figure>\n\t\t\t\t\t\t\t\t\t<\/div>\n\t\t\t\t<\/div>\n\t\t\t\t<div class=\"elementor-element elementor-element-62cbd760 elementor-widget elementor-widget-text-editor\" data-id=\"62cbd760\" data-element_type=\"widget\" data-e-type=\"widget\" data-widget_type=\"text-editor.default\">\n\t\t\t\t<div class=\"elementor-widget-container\">\n\t\t\t\t\t\t\t\t\t<p>Va ser interessant pujar fins a les ru\u00efnes del <strong>carregador de mineral de<\/strong> <strong>Agua Amarga<\/strong>.<\/p>\t\t\t\t\t\t\t\t<\/div>\n\t\t\t\t<\/div>\n\t\t\t\t<div class=\"elementor-element elementor-element-cb3c4ae elementor-widget elementor-widget-image\" data-id=\"cb3c4ae\" data-element_type=\"widget\" data-e-type=\"widget\" data-widget_type=\"image.default\">\n\t\t\t\t<div class=\"elementor-widget-container\">\n\t\t\t\t\t\t\t\t\t\t\t\t<figure class=\"wp-caption\">\n\t\t\t\t\t\t\t\t\t\t<img loading=\"lazy\" decoding=\"async\" width=\"800\" height=\"533\" src=\"https:\/\/www.elturistatranquil.com\/wp-content\/uploads\/F67-Cabo-de-Gata-1.jpg\" class=\"attachment-large size-large wp-image-16833\" alt=\"\" srcset=\"https:\/\/www.elturistatranquil.com\/wp-content\/uploads\/F67-Cabo-de-Gata-1.jpg 800w, https:\/\/www.elturistatranquil.com\/wp-content\/uploads\/F67-Cabo-de-Gata-1-768x512.jpg 768w\" sizes=\"(max-width: 800px) 100vw, 800px\" \/>\t\t\t\t\t\t\t\t\t\t\t<figcaption class=\"widget-image-caption wp-caption-text\"><\/figcaption>\n\t\t\t\t\t\t\t\t\t\t<\/figure>\n\t\t\t\t\t\t\t\t\t<\/div>\n\t\t\t\t<\/div>\n\t\t\t\t<div class=\"elementor-element elementor-element-415203d4 elementor-widget elementor-widget-text-editor\" data-id=\"415203d4\" data-element_type=\"widget\" data-e-type=\"widget\" data-widget_type=\"text-editor.default\">\n\t\t\t\t<div class=\"elementor-widget-container\">\n\t\t\t\t\t\t\t\t\t<p>El recorregut fins <strong>Las Negras<\/strong> et posa en contacte amb una realitat actual de la zona representada pels &#8220;mars&#8221; d&#8217;hivernacles, que a la llunyania sobre una terra plana semblen llacs quan el Sol es reflecteix en ells.<\/p>\t\t\t\t\t\t\t\t<\/div>\n\t\t\t\t<\/div>\n\t\t\t\t<div class=\"elementor-element elementor-element-23e17 elementor-widget elementor-widget-image\" data-id=\"23e17\" data-element_type=\"widget\" data-e-type=\"widget\" data-widget_type=\"image.default\">\n\t\t\t\t<div class=\"elementor-widget-container\">\n\t\t\t\t\t\t\t\t\t\t\t\t<figure class=\"wp-caption\">\n\t\t\t\t\t\t\t\t\t\t<img loading=\"lazy\" decoding=\"async\" width=\"800\" height=\"533\" src=\"https:\/\/www.elturistatranquil.com\/wp-content\/uploads\/F68-Cabo-de-Gata-1.jpg\" class=\"attachment-large size-large wp-image-16835\" alt=\"\" srcset=\"https:\/\/www.elturistatranquil.com\/wp-content\/uploads\/F68-Cabo-de-Gata-1.jpg 800w, https:\/\/www.elturistatranquil.com\/wp-content\/uploads\/F68-Cabo-de-Gata-1-768x512.jpg 768w\" sizes=\"(max-width: 800px) 100vw, 800px\" \/>\t\t\t\t\t\t\t\t\t\t\t<figcaption class=\"widget-image-caption wp-caption-text\"><\/figcaption>\n\t\t\t\t\t\t\t\t\t\t<\/figure>\n\t\t\t\t\t\t\t\t\t<\/div>\n\t\t\t\t<\/div>\n\t\t\t\t<div class=\"elementor-element elementor-element-1fdb1540 elementor-widget elementor-widget-text-editor\" data-id=\"1fdb1540\" data-element_type=\"widget\" data-e-type=\"widget\" data-widget_type=\"text-editor.default\">\n\t\t\t\t<div class=\"elementor-widget-container\">\n\t\t\t\t\t\t\t\t\t<p><strong>Las Negras<\/strong> (<strong>C<\/strong>), seg\u00fcent poble costaner.<\/p>\t\t\t\t\t\t\t\t<\/div>\n\t\t\t\t<\/div>\n\t\t\t\t<div class=\"elementor-element elementor-element-6876c678 elementor-widget elementor-widget-image\" data-id=\"6876c678\" data-element_type=\"widget\" data-e-type=\"widget\" data-widget_type=\"image.default\">\n\t\t\t\t<div class=\"elementor-widget-container\">\n\t\t\t\t\t\t\t\t\t\t\t\t<figure class=\"wp-caption\">\n\t\t\t\t\t\t\t\t\t\t<img loading=\"lazy\" decoding=\"async\" width=\"800\" height=\"533\" src=\"https:\/\/www.elturistatranquil.com\/wp-content\/uploads\/F69-Cabo-de-Gata-1.jpg\" class=\"attachment-large size-large wp-image-16837\" alt=\"\" srcset=\"https:\/\/www.elturistatranquil.com\/wp-content\/uploads\/F69-Cabo-de-Gata-1.jpg 800w, https:\/\/www.elturistatranquil.com\/wp-content\/uploads\/F69-Cabo-de-Gata-1-768x512.jpg 768w\" sizes=\"(max-width: 800px) 100vw, 800px\" \/>\t\t\t\t\t\t\t\t\t\t\t<figcaption class=\"widget-image-caption wp-caption-text\"><\/figcaption>\n\t\t\t\t\t\t\t\t\t\t<\/figure>\n\t\t\t\t\t\t\t\t\t<\/div>\n\t\t\t\t<\/div>\n\t\t\t\t<div class=\"elementor-element elementor-element-e85d173 elementor-widget elementor-widget-text-editor\" data-id=\"e85d173\" data-element_type=\"widget\" data-e-type=\"widget\" data-widget_type=\"text-editor.default\">\n\t\t\t\t<div class=\"elementor-widget-container\">\n\t\t\t\t\t\t\t\t\t<p>El vulcanisme caracter\u00edstic de la zona t\u00e9 un punt de m\u00e0xima expressi\u00f3 en el mirador de <strong>La Amatista<\/strong>, on val la pena aturar-se al costat de la carretera.<\/p>\t\t\t\t\t\t\t\t<\/div>\n\t\t\t\t<\/div>\n\t\t\t\t<div class=\"elementor-element elementor-element-60643364 elementor-widget elementor-widget-image\" data-id=\"60643364\" data-element_type=\"widget\" data-e-type=\"widget\" data-widget_type=\"image.default\">\n\t\t\t\t<div class=\"elementor-widget-container\">\n\t\t\t\t\t\t\t\t\t\t\t\t<figure class=\"wp-caption\">\n\t\t\t\t\t\t\t\t\t\t<img loading=\"lazy\" decoding=\"async\" width=\"800\" height=\"533\" src=\"https:\/\/www.elturistatranquil.com\/wp-content\/uploads\/F70-Cabo-de-Gata-1.jpg\" class=\"attachment-large size-large wp-image-16839\" alt=\"\" srcset=\"https:\/\/www.elturistatranquil.com\/wp-content\/uploads\/F70-Cabo-de-Gata-1.jpg 800w, https:\/\/www.elturistatranquil.com\/wp-content\/uploads\/F70-Cabo-de-Gata-1-768x512.jpg 768w\" sizes=\"(max-width: 800px) 100vw, 800px\" \/>\t\t\t\t\t\t\t\t\t\t\t<figcaption class=\"widget-image-caption wp-caption-text\"><\/figcaption>\n\t\t\t\t\t\t\t\t\t\t<\/figure>\n\t\t\t\t\t\t\t\t\t<\/div>\n\t\t\t\t<\/div>\n\t\t\t\t<div class=\"elementor-element elementor-element-3c6cc89a elementor-widget elementor-widget-text-editor\" data-id=\"3c6cc89a\" data-element_type=\"widget\" data-e-type=\"widget\" data-widget_type=\"text-editor.default\">\n\t\t\t\t<div class=\"elementor-widget-container\">\n\t\t\t\t\t\t\t\t\t<p>El seg\u00fcent antic port pesquer \u00e9s <strong>La Isleta del Moro<\/strong> (<strong>D<\/strong>), on encara es veuen algunes barques de pesca. A la fotografia vista des de <strong>Los Escullos<\/strong>.<\/p>\t\t\t\t\t\t\t\t<\/div>\n\t\t\t\t<\/div>\n\t\t\t\t<div class=\"elementor-element elementor-element-8053865 elementor-widget elementor-widget-image\" data-id=\"8053865\" data-element_type=\"widget\" data-e-type=\"widget\" data-widget_type=\"image.default\">\n\t\t\t\t<div class=\"elementor-widget-container\">\n\t\t\t\t\t\t\t\t\t\t\t\t<figure class=\"wp-caption\">\n\t\t\t\t\t\t\t\t\t\t<img loading=\"lazy\" decoding=\"async\" width=\"800\" height=\"533\" src=\"https:\/\/www.elturistatranquil.com\/wp-content\/uploads\/F71-Cabo-de-Gata-1.jpg\" class=\"attachment-large size-large wp-image-16841\" alt=\"\" srcset=\"https:\/\/www.elturistatranquil.com\/wp-content\/uploads\/F71-Cabo-de-Gata-1.jpg 800w, https:\/\/www.elturistatranquil.com\/wp-content\/uploads\/F71-Cabo-de-Gata-1-768x512.jpg 768w\" sizes=\"(max-width: 800px) 100vw, 800px\" \/>\t\t\t\t\t\t\t\t\t\t\t<figcaption class=\"widget-image-caption wp-caption-text\"><\/figcaption>\n\t\t\t\t\t\t\t\t\t\t<\/figure>\n\t\t\t\t\t\t\t\t\t<\/div>\n\t\t\t\t<\/div>\n\t\t\t\t<div class=\"elementor-element elementor-element-b4511b7 elementor-widget elementor-widget-text-editor\" data-id=\"b4511b7\" data-element_type=\"widget\" data-e-type=\"widget\" data-widget_type=\"text-editor.default\">\n\t\t\t\t<div class=\"elementor-widget-container\">\n\t\t\t\t\t\t\t\t\t<p>Al fons de la badia <strong>Los Escullos<\/strong> (<strong>E<\/strong>)<\/p>\t\t\t\t\t\t\t\t<\/div>\n\t\t\t\t<\/div>\n\t\t\t\t<div class=\"elementor-element elementor-element-616bd8a4 elementor-widget elementor-widget-image\" data-id=\"616bd8a4\" data-element_type=\"widget\" data-e-type=\"widget\" data-widget_type=\"image.default\">\n\t\t\t\t<div class=\"elementor-widget-container\">\n\t\t\t\t\t\t\t\t\t\t\t\t<figure class=\"wp-caption\">\n\t\t\t\t\t\t\t\t\t\t<img loading=\"lazy\" decoding=\"async\" width=\"800\" height=\"533\" src=\"https:\/\/www.elturistatranquil.com\/wp-content\/uploads\/F72-Cabo-de-Gata-1.jpg\" class=\"attachment-large size-large wp-image-16843\" alt=\"\" srcset=\"https:\/\/www.elturistatranquil.com\/wp-content\/uploads\/F72-Cabo-de-Gata-1.jpg 800w, https:\/\/www.elturistatranquil.com\/wp-content\/uploads\/F72-Cabo-de-Gata-1-768x512.jpg 768w\" sizes=\"(max-width: 800px) 100vw, 800px\" \/>\t\t\t\t\t\t\t\t\t\t\t<figcaption class=\"widget-image-caption wp-caption-text\"><\/figcaption>\n\t\t\t\t\t\t\t\t\t\t<\/figure>\n\t\t\t\t\t\t\t\t\t<\/div>\n\t\t\t\t<\/div>\n\t\t\t\t<div class=\"elementor-element elementor-element-6de877ac elementor-widget elementor-widget-text-editor\" data-id=\"6de877ac\" data-element_type=\"widget\" data-e-type=\"widget\" data-widget_type=\"text-editor.default\">\n\t\t\t\t<div class=\"elementor-widget-container\">\n\t\t\t\t\t\t\t\t\t<p>A <strong>San Jos\u00e9<\/strong> (<strong>F<\/strong>), arribo al final d&#8217;aquesta primera etapa. Es tracta d&#8217;un poble plenament tur\u00edstic.<\/p>\t\t\t\t\t\t\t\t<\/div>\n\t\t\t\t<\/div>\n\t\t\t\t<div class=\"elementor-element elementor-element-ec6fc30 elementor-widget elementor-widget-image\" data-id=\"ec6fc30\" data-element_type=\"widget\" data-e-type=\"widget\" data-widget_type=\"image.default\">\n\t\t\t\t<div class=\"elementor-widget-container\">\n\t\t\t\t\t\t\t\t\t\t\t\t<figure class=\"wp-caption\">\n\t\t\t\t\t\t\t\t\t\t<img loading=\"lazy\" decoding=\"async\" width=\"800\" height=\"533\" src=\"https:\/\/www.elturistatranquil.com\/wp-content\/uploads\/F73-Cabo-de-Gata-1.jpg\" class=\"attachment-large size-large wp-image-16845\" alt=\"\" srcset=\"https:\/\/www.elturistatranquil.com\/wp-content\/uploads\/F73-Cabo-de-Gata-1.jpg 800w, https:\/\/www.elturistatranquil.com\/wp-content\/uploads\/F73-Cabo-de-Gata-1-768x512.jpg 768w\" sizes=\"(max-width: 800px) 100vw, 800px\" \/>\t\t\t\t\t\t\t\t\t\t\t<figcaption class=\"widget-image-caption wp-caption-text\"><\/figcaption>\n\t\t\t\t\t\t\t\t\t\t<\/figure>\n\t\t\t\t\t\t\t\t\t<\/div>\n\t\t\t\t<\/div>\n\t\t\t\t<div class=\"elementor-element elementor-element-6c5536a4 elementor-widget elementor-widget-menu-anchor\" data-id=\"6c5536a4\" data-element_type=\"widget\" data-e-type=\"widget\" data-widget_type=\"menu-anchor.default\">\n\t\t\t\t<div class=\"elementor-widget-container\">\n\t\t\t\t\t\t\t<div class=\"elementor-menu-anchor\" id=\"a1015\"><\/div>\n\t\t\t\t\t\t<\/div>\n\t\t\t\t<\/div>\n\t\t\t\t<div class=\"elementor-element elementor-element-274c4964 elementor-widget elementor-widget-text-editor\" data-id=\"274c4964\" data-element_type=\"widget\" data-e-type=\"widget\" data-widget_type=\"text-editor.default\">\n\t\t\t\t<div class=\"elementor-widget-container\">\n\t\t\t\t\t\t\t\t\t<p>Aqu\u00ed acaba la carretera asfaltada. Per una pista de terra es pot accedir fins a les platges de <strong>Los Genoveses<\/strong> y de <strong>El Mosul<\/strong>.<\/p><p>Per\u00f2 per anar a la localitat de <strong>Cabo de Gata<\/strong>, al vessant occidental, s\u2019ha de retrocedir i fer-ho per l&#8217;interior.<\/p>\t\t\t\t\t\t\t\t<\/div>\n\t\t\t\t<\/div>\n\t\t\t\t<div class=\"elementor-element elementor-element-124d3669 elementor-widget elementor-widget-heading\" data-id=\"124d3669\" data-element_type=\"widget\" data-e-type=\"widget\" data-widget_type=\"heading.default\">\n\t\t\t\t<div class=\"elementor-widget-container\">\n\t\t\t\t\t<h4 class=\"elementor-heading-title elementor-size-default\">Retorn per Tabernas<\/h4>\t\t\t\t<\/div>\n\t\t\t\t<\/div>\n\t\t\t\t<div class=\"elementor-element elementor-element-1c990def elementor-widget elementor-widget-text-editor\" data-id=\"1c990def\" data-element_type=\"widget\" data-e-type=\"widget\" data-widget_type=\"text-editor.default\">\n\t\t\t\t<div class=\"elementor-widget-container\">\n\t\t\t\t\t\t\t\t\t<p>Despr\u00e9s de dinar a San Jos\u00e9, la meva opci\u00f3 va ser efectuar el trajecte de retorn, des de San Jos\u00e9, passant per l&#8217;interior fins a <strong>Tabernas<\/strong>, en un recorregut d&#8217;uns 70 quil\u00f2metres i poc m\u00e9s d&#8217;1 hora sense parades.<\/p><p>Els hivernacles primer, i el territori semi des\u00e8rtic despr\u00e9s, seran els dos paisatges per con\u00e8ixer en aquesta zona. La meva intenci\u00f3 va ser veure&#8217;ls de passada, sense aturar-me espec\u00edficament.<\/p><p>Abans d&#8217;arribar a Tabernas, a l&#8217;esquerra es distingeix <strong>Fort Bravo<\/strong>, una de les atraccions d&#8217;estudis cinematogr\u00e0fics de <em>Spaguetti Western<\/em> de la zona, amb el seu poblat i els seus tipis indis.<\/p>\t\t\t\t\t\t\t\t<\/div>\n\t\t\t\t<\/div>\n\t\t\t\t<div class=\"elementor-element elementor-element-4d5cf6e7 elementor-widget elementor-widget-image\" data-id=\"4d5cf6e7\" data-element_type=\"widget\" data-e-type=\"widget\" data-widget_type=\"image.default\">\n\t\t\t\t<div class=\"elementor-widget-container\">\n\t\t\t\t\t\t\t\t\t\t\t\t<figure class=\"wp-caption\">\n\t\t\t\t\t\t\t\t\t\t<img loading=\"lazy\" decoding=\"async\" width=\"800\" height=\"533\" src=\"https:\/\/www.elturistatranquil.com\/wp-content\/uploads\/F74-Tabernas-1.jpg\" class=\"attachment-large size-large wp-image-16847\" alt=\"\" srcset=\"https:\/\/www.elturistatranquil.com\/wp-content\/uploads\/F74-Tabernas-1.jpg 800w, https:\/\/www.elturistatranquil.com\/wp-content\/uploads\/F74-Tabernas-1-768x512.jpg 768w\" sizes=\"(max-width: 800px) 100vw, 800px\" \/>\t\t\t\t\t\t\t\t\t\t\t<figcaption class=\"widget-image-caption wp-caption-text\"><\/figcaption>\n\t\t\t\t\t\t\t\t\t\t<\/figure>\n\t\t\t\t\t\t\t\t\t<\/div>\n\t\t\t\t<\/div>\n\t\t\t\t<div class=\"elementor-element elementor-element-48c1d8c elementor-widget elementor-widget-text-editor\" data-id=\"48c1d8c\" data-element_type=\"widget\" data-e-type=\"widget\" data-widget_type=\"text-editor.default\">\n\t\t\t\t<div class=\"elementor-widget-container\">\n\t\t\t\t\t\t\t\t\t<p>I el <strong>Castell de Tabernas<\/strong>, en una tarda amena\u00e7ant de tempesta.<\/p>\t\t\t\t\t\t\t\t<\/div>\n\t\t\t\t<\/div>\n\t\t\t\t<div class=\"elementor-element elementor-element-4acdeccd elementor-widget elementor-widget-image\" data-id=\"4acdeccd\" data-element_type=\"widget\" data-e-type=\"widget\" data-widget_type=\"image.default\">\n\t\t\t\t<div class=\"elementor-widget-container\">\n\t\t\t\t\t\t\t\t\t\t\t\t<figure class=\"wp-caption\">\n\t\t\t\t\t\t\t\t\t\t<img loading=\"lazy\" decoding=\"async\" width=\"800\" height=\"533\" src=\"https:\/\/www.elturistatranquil.com\/wp-content\/uploads\/F75-Tabernas-1.jpg\" class=\"attachment-large size-large wp-image-16849\" alt=\"\" srcset=\"https:\/\/www.elturistatranquil.com\/wp-content\/uploads\/F75-Tabernas-1.jpg 800w, https:\/\/www.elturistatranquil.com\/wp-content\/uploads\/F75-Tabernas-1-768x512.jpg 768w\" sizes=\"(max-width: 800px) 100vw, 800px\" \/>\t\t\t\t\t\t\t\t\t\t\t<figcaption class=\"widget-image-caption wp-caption-text\"><\/figcaption>\n\t\t\t\t\t\t\t\t\t\t<\/figure>\n\t\t\t\t\t\t\t\t\t<\/div>\n\t\t\t\t<\/div>\n\t\t\t\t<div class=\"elementor-element elementor-element-734c6035 elementor-widget elementor-widget-text-editor\" data-id=\"734c6035\" data-element_type=\"widget\" data-e-type=\"widget\" data-widget_type=\"text-editor.default\">\n\t\t\t\t<div class=\"elementor-widget-container\">\n\t\t\t\t\t\t\t\t\t<p>Finalment, passar\u00e9 per <strong>Uleila del Campo<\/strong>, al costat ja de Casona Granado.<\/p>\t\t\t\t\t\t\t\t<\/div>\n\t\t\t\t<\/div>\n\t\t\t\t<div class=\"elementor-element elementor-element-2a5a6810 elementor-widget elementor-widget-image\" data-id=\"2a5a6810\" data-element_type=\"widget\" data-e-type=\"widget\" data-widget_type=\"image.default\">\n\t\t\t\t<div class=\"elementor-widget-container\">\n\t\t\t\t\t\t\t\t\t\t\t\t<figure class=\"wp-caption\">\n\t\t\t\t\t\t\t\t\t\t<img loading=\"lazy\" decoding=\"async\" width=\"800\" height=\"532\" src=\"https:\/\/www.elturistatranquil.com\/wp-content\/uploads\/F76-Uleila-del-Campo-1.jpg\" class=\"attachment-large size-large wp-image-16851\" alt=\"\" srcset=\"https:\/\/www.elturistatranquil.com\/wp-content\/uploads\/F76-Uleila-del-Campo-1.jpg 800w, https:\/\/www.elturistatranquil.com\/wp-content\/uploads\/F76-Uleila-del-Campo-1-768x511.jpg 768w\" sizes=\"(max-width: 800px) 100vw, 800px\" \/>\t\t\t\t\t\t\t\t\t\t\t<figcaption class=\"widget-image-caption wp-caption-text\"><\/figcaption>\n\t\t\t\t\t\t\t\t\t\t<\/figure>\n\t\t\t\t\t\t\t\t\t<\/div>\n\t\t\t\t<\/div>\n\t\t\t\t<div class=\"elementor-element elementor-element-2050bcc6 elementor-widget elementor-widget-menu-anchor\" data-id=\"2050bcc6\" data-element_type=\"widget\" data-e-type=\"widget\" data-widget_type=\"menu-anchor.default\">\n\t\t\t\t<div class=\"elementor-widget-container\">\n\t\t\t\t\t\t\t<div class=\"elementor-menu-anchor\" id=\"a1016\"><\/div>\n\t\t\t\t\t\t<\/div>\n\t\t\t\t<\/div>\n\t\t\t\t<div class=\"elementor-element elementor-element-4f1c0758 elementor-widget elementor-widget-text-editor\" data-id=\"4f1c0758\" data-element_type=\"widget\" data-e-type=\"widget\" data-widget_type=\"text-editor.default\">\n\t\t\t\t<div class=\"elementor-widget-container\">\n\t\t\t\t\t\t\t\t\t<p>Ha finalitzat aix\u00ed una jornada de percepci\u00f3 d&#8217;un paisatge dur i intens.<\/p>\t\t\t\t\t\t\t\t<\/div>\n\t\t\t\t<\/div>\n\t\t\t\t<div class=\"elementor-element elementor-element-580d1b4d elementor-widget elementor-widget-heading\" data-id=\"580d1b4d\" data-element_type=\"widget\" data-e-type=\"widget\" data-widget_type=\"heading.default\">\n\t\t\t\t<div class=\"elementor-widget-container\">\n\t\t\t\t\t<h3 class=\"elementor-heading-title elementor-size-default\">Sortida per el Levante Almeriense: Cuevas del Almanzora, Garrucha i Moj\u00e1car<\/h3>\t\t\t\t<\/div>\n\t\t\t\t<\/div>\n\t\t\t\t<div class=\"elementor-element elementor-element-5ab82bd5 elementor-widget elementor-widget-image\" data-id=\"5ab82bd5\" data-element_type=\"widget\" data-e-type=\"widget\" data-widget_type=\"image.default\">\n\t\t\t\t<div class=\"elementor-widget-container\">\n\t\t\t\t\t\t\t\t\t\t\t\t<figure class=\"wp-caption\">\n\t\t\t\t\t\t\t\t\t\t<img loading=\"lazy\" decoding=\"async\" width=\"800\" height=\"533\" src=\"https:\/\/www.elturistatranquil.com\/wp-content\/uploads\/F77-Ruta-por-el-Levante-Almeriense-Google-maps-2019-04-30-1.jpg\" class=\"attachment-large size-large wp-image-16853\" alt=\"\" srcset=\"https:\/\/www.elturistatranquil.com\/wp-content\/uploads\/F77-Ruta-por-el-Levante-Almeriense-Google-maps-2019-04-30-1.jpg 800w, https:\/\/www.elturistatranquil.com\/wp-content\/uploads\/F77-Ruta-por-el-Levante-Almeriense-Google-maps-2019-04-30-1-768x512.jpg 768w\" sizes=\"(max-width: 800px) 100vw, 800px\" \/>\t\t\t\t\t\t\t\t\t\t\t<figcaption class=\"widget-image-caption wp-caption-text\">Ruta per el Levante Almeriense (Google maps 2019-04-30) <\/figcaption>\n\t\t\t\t\t\t\t\t\t\t<\/figure>\n\t\t\t\t\t\t\t\t\t<\/div>\n\t\t\t\t<\/div>\n\t\t\t\t<div class=\"elementor-element elementor-element-533f8ca2 elementor-widget elementor-widget-text-editor\" data-id=\"533f8ca2\" data-element_type=\"widget\" data-e-type=\"widget\" data-widget_type=\"text-editor.default\">\n\t\t\t\t<div class=\"elementor-widget-container\">\n\t\t\t\t\t\t\t\t\t<p>Aquesta sortida, de recorregut circular per la comarca del Levante Almeriense, va tenir un trajecte base d&#8217;uns 95 quil\u00f2metres amb una durada d&#8217;1 hora 45 minuts, sense comptar les parades.<\/p><p>L&#8217;objectiu fonamental era rec\u00f3rrer aquesta part d&#8217;Almeria i visitar tres pobles molt diferents entre si: <strong>Cuevas del Almanzora<\/strong> a l&#8217;interior, <strong>Garrucha<\/strong> a la costa i <strong>Moj\u00e1car<\/strong> sobre la costa.<\/p><p>La ciutat de <strong>Cuevas del Almanzora <\/strong>(<strong>B<\/strong>) est\u00e0 allunyada del mar, tot i que el seu terme municipal arribi fins a la costa, amb la hist\u00f2ricament coneguda platja de <strong>Palomares<\/strong>, on el 1966 van caure al mar 4 bombes termonuclears en un accident aeri, sense que, evidentment , no explosionesin.<\/p><p>El <strong>Castell del marqu\u00e9s de los V\u00e9lez<\/strong>, del segle XVI, domina la ciutat, al costat d&#8217;altres elements interessants per visitar, com <strong>l&#8217;Ajuntament<\/strong>.<\/p>\t\t\t\t\t\t\t\t<\/div>\n\t\t\t\t<\/div>\n\t\t\t\t<div class=\"elementor-element elementor-element-0d78db3 elementor-widget elementor-widget-text-editor\" data-id=\"0d78db3\" data-element_type=\"widget\" data-e-type=\"widget\" data-widget_type=\"text-editor.default\">\n\t\t\t\t<div class=\"elementor-widget-container\">\n\t\t\t\t\t\t\t\t\t<p>Enlla\u00e7 amb el <em>Post<\/em>: <a href=\"https:\/\/www.elturistatranquil.com\/ca\/cuevas-del-almanzora-almeria\/\" target=\"_blank\" rel=\"noopener\"><strong>Cuevas del Almanzora (Almeria) <\/strong><\/a><\/p>\t\t\t\t\t\t\t\t<\/div>\n\t\t\t\t<\/div>\n\t\t\t\t<div class=\"elementor-element elementor-element-760a3c29 elementor-widget elementor-widget-image\" data-id=\"760a3c29\" data-element_type=\"widget\" data-e-type=\"widget\" data-widget_type=\"image.default\">\n\t\t\t\t<div class=\"elementor-widget-container\">\n\t\t\t\t\t\t\t\t\t\t\t\t<figure class=\"wp-caption\">\n\t\t\t\t\t\t\t\t\t\t<img loading=\"lazy\" decoding=\"async\" width=\"800\" height=\"533\" src=\"https:\/\/www.elturistatranquil.com\/wp-content\/uploads\/F78-Cuevas-del-Almenzora-1.jpg\" class=\"attachment-large size-large wp-image-16855\" alt=\"\" srcset=\"https:\/\/www.elturistatranquil.com\/wp-content\/uploads\/F78-Cuevas-del-Almenzora-1.jpg 800w, https:\/\/www.elturistatranquil.com\/wp-content\/uploads\/F78-Cuevas-del-Almenzora-1-768x512.jpg 768w\" sizes=\"(max-width: 800px) 100vw, 800px\" \/>\t\t\t\t\t\t\t\t\t\t\t<figcaption class=\"widget-image-caption wp-caption-text\"><\/figcaption>\n\t\t\t\t\t\t\t\t\t\t<\/figure>\n\t\t\t\t\t\t\t\t\t<\/div>\n\t\t\t\t<\/div>\n\t\t\t\t<div class=\"elementor-element elementor-element-58887809 elementor-widget elementor-widget-image\" data-id=\"58887809\" data-element_type=\"widget\" data-e-type=\"widget\" data-widget_type=\"image.default\">\n\t\t\t\t<div class=\"elementor-widget-container\">\n\t\t\t\t\t\t\t\t\t\t\t\t<figure class=\"wp-caption\">\n\t\t\t\t\t\t\t\t\t\t<img loading=\"lazy\" decoding=\"async\" width=\"800\" height=\"533\" src=\"https:\/\/www.elturistatranquil.com\/wp-content\/uploads\/F79-Cuevas-del-Almanzora-1.jpg\" class=\"attachment-large size-large wp-image-16857\" alt=\"\" srcset=\"https:\/\/www.elturistatranquil.com\/wp-content\/uploads\/F79-Cuevas-del-Almanzora-1.jpg 800w, https:\/\/www.elturistatranquil.com\/wp-content\/uploads\/F79-Cuevas-del-Almanzora-1-768x512.jpg 768w\" sizes=\"(max-width: 800px) 100vw, 800px\" \/>\t\t\t\t\t\t\t\t\t\t\t<figcaption class=\"widget-image-caption wp-caption-text\"><\/figcaption>\n\t\t\t\t\t\t\t\t\t\t<\/figure>\n\t\t\t\t\t\t\t\t\t<\/div>\n\t\t\t\t<\/div>\n\t\t\t\t<div class=\"elementor-element elementor-element-5b0b1daa elementor-widget elementor-widget-text-editor\" data-id=\"5b0b1daa\" data-element_type=\"widget\" data-e-type=\"widget\" data-widget_type=\"text-editor.default\">\n\t\t\t\t<div class=\"elementor-widget-container\">\n\t\t\t\t\t\t\t\t\t<p>Per menjar em despla\u00e7o a <strong>Garrucha <\/strong>(<strong>C<\/strong>) (8.838 habitants el 2018), buscant algun lloc al Passeig Mar\u00edtim.<\/p>\t\t\t\t\t\t\t\t<\/div>\n\t\t\t\t<\/div>\n\t\t\t\t<div class=\"elementor-element elementor-element-688ca0d6 elementor-widget elementor-widget-image\" data-id=\"688ca0d6\" data-element_type=\"widget\" data-e-type=\"widget\" data-widget_type=\"image.default\">\n\t\t\t\t<div class=\"elementor-widget-container\">\n\t\t\t\t\t\t\t\t\t\t\t\t<figure class=\"wp-caption\">\n\t\t\t\t\t\t\t\t\t\t<img loading=\"lazy\" decoding=\"async\" width=\"800\" height=\"533\" src=\"https:\/\/www.elturistatranquil.com\/wp-content\/uploads\/F80-Garrucha-1.jpg\" class=\"attachment-large size-large wp-image-16859\" alt=\"\" srcset=\"https:\/\/www.elturistatranquil.com\/wp-content\/uploads\/F80-Garrucha-1.jpg 800w, https:\/\/www.elturistatranquil.com\/wp-content\/uploads\/F80-Garrucha-1-768x512.jpg 768w\" sizes=\"(max-width: 800px) 100vw, 800px\" \/>\t\t\t\t\t\t\t\t\t\t\t<figcaption class=\"widget-image-caption wp-caption-text\"><\/figcaption>\n\t\t\t\t\t\t\t\t\t\t<\/figure>\n\t\t\t\t\t\t\t\t\t<\/div>\n\t\t\t\t<\/div>\n\t\t\t\t<div class=\"elementor-element elementor-element-6d08ce26 elementor-widget elementor-widget-text-editor\" data-id=\"6d08ce26\" data-element_type=\"widget\" data-e-type=\"widget\" data-widget_type=\"text-editor.default\">\n\t\t\t\t<div class=\"elementor-widget-container\">\n\t\t\t\t\t\t\t\t\t<p>La tarda la dedique a <strong>Moj\u00e1car<\/strong> (<strong>D<\/strong>) (1.520 habitants en el nucli i 6.301 al municipi, el 2018). Poble fam\u00f3s per l&#8217;espectacularitat de la seva localitzaci\u00f3. La zona de platja \u00e9s la m\u00e9s ocupada, amb 4.480 censats a <strong>Moj\u00e1car Playa<\/strong>.<\/p>\t\t\t\t\t\t\t\t<\/div>\n\t\t\t\t<\/div>\n\t\t\t\t<div class=\"elementor-element elementor-element-292c90e elementor-widget elementor-widget-text-editor\" data-id=\"292c90e\" data-element_type=\"widget\" data-e-type=\"widget\" data-widget_type=\"text-editor.default\">\n\t\t\t\t<div class=\"elementor-widget-container\">\n\t\t\t\t\t\t\t\t\t<p>Enlla\u00e7 amb el <em>Post<\/em>: <a href=\"https:\/\/www.elturistatranquil.com\/ca\/mojacar-i-museu-casa-de-la-canana-almeria\/\" target=\"_blank\" rel=\"noopener\"><strong>Moj\u00e1car i Museu Casa de la Canana<\/strong><\/a><\/p>\t\t\t\t\t\t\t\t<\/div>\n\t\t\t\t<\/div>\n\t\t\t\t<div class=\"elementor-element elementor-element-497389f8 elementor-widget elementor-widget-image\" data-id=\"497389f8\" data-element_type=\"widget\" data-e-type=\"widget\" data-widget_type=\"image.default\">\n\t\t\t\t<div class=\"elementor-widget-container\">\n\t\t\t\t\t\t\t\t\t\t\t\t<figure class=\"wp-caption\">\n\t\t\t\t\t\t\t\t\t\t<img loading=\"lazy\" decoding=\"async\" width=\"800\" height=\"533\" src=\"https:\/\/www.elturistatranquil.com\/wp-content\/uploads\/F81-Mojacar-1.jpg\" class=\"attachment-large size-large wp-image-16861\" alt=\"\" srcset=\"https:\/\/www.elturistatranquil.com\/wp-content\/uploads\/F81-Mojacar-1.jpg 800w, https:\/\/www.elturistatranquil.com\/wp-content\/uploads\/F81-Mojacar-1-768x512.jpg 768w\" sizes=\"(max-width: 800px) 100vw, 800px\" \/>\t\t\t\t\t\t\t\t\t\t\t<figcaption class=\"widget-image-caption wp-caption-text\"><\/figcaption>\n\t\t\t\t\t\t\t\t\t\t<\/figure>\n\t\t\t\t\t\t\t\t\t<\/div>\n\t\t\t\t<\/div>\n\t\t\t\t<div class=\"elementor-element elementor-element-2aa1b646 elementor-widget elementor-widget-menu-anchor\" data-id=\"2aa1b646\" data-element_type=\"widget\" data-e-type=\"widget\" data-widget_type=\"menu-anchor.default\">\n\t\t\t\t<div class=\"elementor-widget-container\">\n\t\t\t\t\t\t\t<div class=\"elementor-menu-anchor\" id=\"a1017\"><\/div>\n\t\t\t\t\t\t<\/div>\n\t\t\t\t<\/div>\n\t\t\t\t<div class=\"elementor-element elementor-element-2c7f3321 elementor-widget elementor-widget-image\" data-id=\"2c7f3321\" data-element_type=\"widget\" data-e-type=\"widget\" data-widget_type=\"image.default\">\n\t\t\t\t<div class=\"elementor-widget-container\">\n\t\t\t\t\t\t\t\t\t\t\t\t<figure class=\"wp-caption\">\n\t\t\t\t\t\t\t\t\t\t<img loading=\"lazy\" decoding=\"async\" width=\"800\" height=\"533\" src=\"https:\/\/www.elturistatranquil.com\/wp-content\/uploads\/F82-Mojacar-1.jpg\" class=\"attachment-large size-large wp-image-16863\" alt=\"\" srcset=\"https:\/\/www.elturistatranquil.com\/wp-content\/uploads\/F82-Mojacar-1.jpg 800w, https:\/\/www.elturistatranquil.com\/wp-content\/uploads\/F82-Mojacar-1-768x512.jpg 768w\" sizes=\"(max-width: 800px) 100vw, 800px\" \/>\t\t\t\t\t\t\t\t\t\t\t<figcaption class=\"widget-image-caption wp-caption-text\"><\/figcaption>\n\t\t\t\t\t\t\t\t\t\t<\/figure>\n\t\t\t\t\t\t\t\t\t<\/div>\n\t\t\t\t<\/div>\n\t\t\t\t<div class=\"elementor-element elementor-element-2da5191c elementor-widget elementor-widget-heading\" data-id=\"2da5191c\" data-element_type=\"widget\" data-e-type=\"widget\" data-widget_type=\"heading.default\">\n\t\t\t\t<div class=\"elementor-widget-container\">\n\t\t\t\t\t<h3 class=\"elementor-heading-title elementor-size-default\">Un d\u00eda a Almer\u00eda<\/h3>\t\t\t\t<\/div>\n\t\t\t\t<\/div>\n\t\t\t\t<div class=\"elementor-element elementor-element-3349d532 elementor-widget elementor-widget-menu-anchor\" data-id=\"3349d532\" data-element_type=\"widget\" data-e-type=\"widget\" data-widget_type=\"menu-anchor.default\">\n\t\t\t\t<div class=\"elementor-widget-container\">\n\t\t\t\t\t\t\t<div class=\"elementor-menu-anchor\" id=\"a1018\"><\/div>\n\t\t\t\t\t\t<\/div>\n\t\t\t\t<\/div>\n\t\t\t\t<div class=\"elementor-element elementor-element-6fb275b3 elementor-widget elementor-widget-text-editor\" data-id=\"6fb275b3\" data-element_type=\"widget\" data-e-type=\"widget\" data-widget_type=\"text-editor.default\">\n\t\t\t\t<div class=\"elementor-widget-container\">\n\t\t\t\t\t\t\t\t\t<p>A 70 quil\u00f2metres i 1 hora, es t\u00e9 a m\u00e0 visitar la ciutat d&#8217;<strong>Almeria<\/strong>.<\/p><p>Ciutat que es remunta al neol\u00edtic, amb pres\u00e8ncia fen\u00edcia, romana i musulmana, abans de la reconquesta cristiana al segle XV.<\/p><p>T\u00e9 d&#8217;inter\u00e8s, entre d&#8217;altres, l&#8217;Alcassaba medieval, la Catedral de l&#8217;Encarnaci\u00f3 o el Museu d&#8217;Almeria.<\/p>\t\t\t\t\t\t\t\t<\/div>\n\t\t\t\t<\/div>\n\t\t\t\t<div class=\"elementor-element elementor-element-14cc1638 elementor-widget elementor-widget-heading\" data-id=\"14cc1638\" data-element_type=\"widget\" data-e-type=\"widget\" data-widget_type=\"heading.default\">\n\t\t\t\t<div class=\"elementor-widget-container\">\n\t\t\t\t\t<h2 class=\"elementor-heading-title elementor-size-default\">Fi de la sortida: el retorn<\/h2>\t\t\t\t<\/div>\n\t\t\t\t<\/div>\n\t\t\t\t<div class=\"elementor-element elementor-element-6151eded elementor-widget elementor-widget-text-editor\" data-id=\"6151eded\" data-element_type=\"widget\" data-e-type=\"widget\" data-widget_type=\"text-editor.default\">\n\t\t\t\t<div class=\"elementor-widget-container\">\n\t\t\t\t\t\t\t\t\t<p>La m\u00e9s oriental de les prov\u00edncies andaluses ofereix la particularitat de ser la zona m\u00e9s semi\u00e0rida del continent europeu i on el vulcanisme es troba molt present.<\/p><p>El Cabo de Gata i la zona de Tabernes s\u00f3n especialment significatius en aquests aspectes.<\/p><p>Si Espanya \u00e9s una terra de contrastos, aqu\u00ed tenim un dels seus extrems. \u00c9s un territori dur, per\u00f2 que atrapa.<\/p><p>En els \u00faltims anys ha canviat molt. Els hivernacles, els cultius ecol\u00f2gics, el turisme, estan sent factors de canvi, per\u00f2 on encara es poden trobar racons amb una forta ess\u00e8ncia de territori ancestral.<\/p><p>\u00c9s possible que els europeus de m\u00e9s al nord siguin els que m\u00e9s valoren aquest territori, en comparaci\u00f3 amb els hispans, sobretot les zones m\u00e9s \u00e0rides.<\/p><p>En qualsevol cas, m&#8217;ha complagut tornar a aquestes terres i trobar gent tan interessant com <strong>Rachel<\/strong> i <strong>Clayton<\/strong>, vibrant amb aquest territori, i un allotjament com <strong>Casona Granado<\/strong>.<\/p>\t\t\t\t\t\t\t\t<\/div>\n\t\t\t\t<\/div>\n\t\t\t\t\t<\/div>\n\t\t<\/div>\n\t\t\t\t\t<\/div>\n\t\t<\/section>\n\t\t\t\t<\/div>\n\t\t","protected":false},"excerpt":{"rendered":"<p>Casona Granado, en el Levante Almeriense, al costat de la Serra de los Filabres, \u00e9s un allotjament boutique per passar en ell unes jornades de tranquil\u00b7litat, menjant en un bon &#8230; <a title=\"Casona Granado, Allotjament boutique. Levante Almeriense\" class=\"read-more\" href=\"https:\/\/www.elturistatranquil.com\/ca\/casona-granado-allojament-boutique-levante-almeriense\/\" aria-label=\"M\u00e9s informaci\u00f3 sobre Casona Granado, Allotjament boutique. Levante Almeriense\">[ &#8230; ]<\/a><\/p>\n","protected":false},"author":1,"featured_media":16567,"comment_status":"open","ping_status":"closed","sticky":false,"template":"","format":"standard","meta":{"footnotes":""},"categories":[178,84,102,108],"tags":[],"class_list":["post-16719","post","type-post","status-publish","format-standard","has-post-thumbnail","hentry","category-almeria-ca","category-hotel-ca","category-restaurant","category-turisme-tranquil","infinite-scroll-item","generate-columns","tablet-grid-50","mobile-grid-100","grid-parent","grid-50","no-featured-image-padding"],"yoast_head":"<!-- This site is optimized with the Yoast SEO plugin v27.4 - https:\/\/yoast.com\/product\/yoast-seo-wordpress\/ -->\n<title>Casona Granado, Allotjament boutique. Levante Almeriense - El turista tranquil<\/title>\n<meta name=\"description\" content=\"Casona Granado, en el Levante Almeriense, al costat de la Serra de los Fillambres, \u00e9s un allotjament boutique per passar en ell unes jornades de tranquil\u00b7litat, menjant en un bon restaurant.\" \/>\n<meta name=\"robots\" content=\"index, follow, max-snippet:-1, max-image-preview:large, max-video-preview:-1\" \/>\n<link rel=\"canonical\" href=\"https:\/\/www.elturistatranquil.com\/ca\/casona-granado-allojament-boutique-levante-almeriense\/\" \/>\n<meta property=\"og:locale\" content=\"ca_ES\" \/>\n<meta property=\"og:type\" content=\"article\" \/>\n<meta property=\"og:title\" content=\"Casona Granado, Allotjament boutique. Levante Almeriense - El turista tranquil\" \/>\n<meta property=\"og:description\" content=\"Casona Granado, en el Levante Almeriense, al costat de la Serra de los Fillambres, \u00e9s un allotjament boutique per passar en ell unes jornades de tranquil\u00b7litat, menjant en un bon restaurant.\" \/>\n<meta property=\"og:url\" content=\"https:\/\/www.elturistatranquil.com\/ca\/casona-granado-allojament-boutique-levante-almeriense\/\" \/>\n<meta property=\"og:site_name\" content=\"El turista tranquil\" \/>\n<meta property=\"article:publisher\" content=\"https:\/\/www.facebook.com\/elturistatranquilo\/\" \/>\n<meta property=\"article:published_time\" content=\"2019-05-04T08:20:17+00:00\" \/>\n<meta property=\"article:modified_time\" content=\"2021-09-01T11:44:23+00:00\" \/>\n<meta property=\"og:image\" content=\"https:\/\/www.elturistatranquil.com\/wp-content\/uploads\/F01-Casona-Granado.jpg\" \/>\n\t<meta property=\"og:image:width\" content=\"800\" \/>\n\t<meta property=\"og:image:height\" content=\"534\" \/>\n\t<meta property=\"og:image:type\" content=\"image\/jpeg\" \/>\n<meta name=\"author\" content=\"admin\" \/>\n<meta name=\"twitter:card\" content=\"summary_large_image\" \/>\n<meta name=\"twitter:label1\" content=\"Escrit per\" \/>\n\t<meta name=\"twitter:data1\" content=\"admin\" \/>\n\t<meta name=\"twitter:label2\" content=\"Temps estimat de lectura\" \/>\n\t<meta name=\"twitter:data2\" content=\"27 minuts\" \/>\n<script type=\"application\/ld+json\" class=\"yoast-schema-graph\">{\"@context\":\"https:\\\/\\\/schema.org\",\"@graph\":[{\"@type\":\"Article\",\"@id\":\"https:\\\/\\\/www.elturistatranquil.com\\\/ca\\\/casona-granado-allojament-boutique-levante-almeriense\\\/#article\",\"isPartOf\":{\"@id\":\"https:\\\/\\\/www.elturistatranquil.com\\\/ca\\\/casona-granado-allojament-boutique-levante-almeriense\\\/\"},\"author\":{\"name\":\"admin\",\"@id\":\"https:\\\/\\\/www.elturistatranquil.com\\\/ca\\\/#\\\/schema\\\/person\\\/16f607c3079b96ed0c530a52e6b58bb5\"},\"headline\":\"Casona Granado, Allotjament boutique. Levante Almeriense\",\"datePublished\":\"2019-05-04T08:20:17+00:00\",\"dateModified\":\"2021-09-01T11:44:23+00:00\",\"mainEntityOfPage\":{\"@id\":\"https:\\\/\\\/www.elturistatranquil.com\\\/ca\\\/casona-granado-allojament-boutique-levante-almeriense\\\/\"},\"wordCount\":2890,\"commentCount\":0,\"image\":{\"@id\":\"https:\\\/\\\/www.elturistatranquil.com\\\/ca\\\/casona-granado-allojament-boutique-levante-almeriense\\\/#primaryimage\"},\"thumbnailUrl\":\"https:\\\/\\\/www.elturistatranquil.com\\\/wp-content\\\/uploads\\\/F01-Casona-Granado.jpg\",\"articleSection\":[\"Almeria\",\"Hotel, Allotjament\",\"Restaurant\",\"Turisme tranquil\"],\"inLanguage\":\"ca\",\"potentialAction\":[{\"@type\":\"CommentAction\",\"name\":\"Comment\",\"target\":[\"https:\\\/\\\/www.elturistatranquil.com\\\/ca\\\/casona-granado-allojament-boutique-levante-almeriense\\\/#respond\"]}]},{\"@type\":\"WebPage\",\"@id\":\"https:\\\/\\\/www.elturistatranquil.com\\\/ca\\\/casona-granado-allojament-boutique-levante-almeriense\\\/\",\"url\":\"https:\\\/\\\/www.elturistatranquil.com\\\/ca\\\/casona-granado-allojament-boutique-levante-almeriense\\\/\",\"name\":\"Casona Granado, Allotjament boutique. Levante Almeriense - El turista tranquil\",\"isPartOf\":{\"@id\":\"https:\\\/\\\/www.elturistatranquil.com\\\/ca\\\/#website\"},\"primaryImageOfPage\":{\"@id\":\"https:\\\/\\\/www.elturistatranquil.com\\\/ca\\\/casona-granado-allojament-boutique-levante-almeriense\\\/#primaryimage\"},\"image\":{\"@id\":\"https:\\\/\\\/www.elturistatranquil.com\\\/ca\\\/casona-granado-allojament-boutique-levante-almeriense\\\/#primaryimage\"},\"thumbnailUrl\":\"https:\\\/\\\/www.elturistatranquil.com\\\/wp-content\\\/uploads\\\/F01-Casona-Granado.jpg\",\"datePublished\":\"2019-05-04T08:20:17+00:00\",\"dateModified\":\"2021-09-01T11:44:23+00:00\",\"author\":{\"@id\":\"https:\\\/\\\/www.elturistatranquil.com\\\/ca\\\/#\\\/schema\\\/person\\\/16f607c3079b96ed0c530a52e6b58bb5\"},\"description\":\"Casona Granado, en el Levante Almeriense, al costat de la Serra de los Fillambres, \u00e9s un allotjament boutique per passar en ell unes jornades de tranquil\u00b7litat, menjant en un bon restaurant.\",\"breadcrumb\":{\"@id\":\"https:\\\/\\\/www.elturistatranquil.com\\\/ca\\\/casona-granado-allojament-boutique-levante-almeriense\\\/#breadcrumb\"},\"inLanguage\":\"ca\",\"potentialAction\":[{\"@type\":\"ReadAction\",\"target\":[\"https:\\\/\\\/www.elturistatranquil.com\\\/ca\\\/casona-granado-allojament-boutique-levante-almeriense\\\/\"]}]},{\"@type\":\"ImageObject\",\"inLanguage\":\"ca\",\"@id\":\"https:\\\/\\\/www.elturistatranquil.com\\\/ca\\\/casona-granado-allojament-boutique-levante-almeriense\\\/#primaryimage\",\"url\":\"https:\\\/\\\/www.elturistatranquil.com\\\/wp-content\\\/uploads\\\/F01-Casona-Granado.jpg\",\"contentUrl\":\"https:\\\/\\\/www.elturistatranquil.com\\\/wp-content\\\/uploads\\\/F01-Casona-Granado.jpg\",\"width\":800,\"height\":534,\"caption\":\"Casona Granado\"},{\"@type\":\"BreadcrumbList\",\"@id\":\"https:\\\/\\\/www.elturistatranquil.com\\\/ca\\\/casona-granado-allojament-boutique-levante-almeriense\\\/#breadcrumb\",\"itemListElement\":[{\"@type\":\"ListItem\",\"position\":1,\"name\":\"Portada\",\"item\":\"https:\\\/\\\/www.elturistatranquil.com\\\/ca\\\/\"},{\"@type\":\"ListItem\",\"position\":2,\"name\":\"Casona Granado, Allotjament boutique. Levante Almeriense\"}]},{\"@type\":\"WebSite\",\"@id\":\"https:\\\/\\\/www.elturistatranquil.com\\\/ca\\\/#website\",\"url\":\"https:\\\/\\\/www.elturistatranquil.com\\\/ca\\\/\",\"name\":\"El turista tranquil\",\"description\":\"Blog de viatges\",\"potentialAction\":[{\"@type\":\"SearchAction\",\"target\":{\"@type\":\"EntryPoint\",\"urlTemplate\":\"https:\\\/\\\/www.elturistatranquil.com\\\/ca\\\/?s={search_term_string}\"},\"query-input\":{\"@type\":\"PropertyValueSpecification\",\"valueRequired\":true,\"valueName\":\"search_term_string\"}}],\"inLanguage\":\"ca\"},{\"@type\":\"Person\",\"@id\":\"https:\\\/\\\/www.elturistatranquil.com\\\/ca\\\/#\\\/schema\\\/person\\\/16f607c3079b96ed0c530a52e6b58bb5\",\"name\":\"admin\",\"image\":{\"@type\":\"ImageObject\",\"inLanguage\":\"ca\",\"@id\":\"https:\\\/\\\/secure.gravatar.com\\\/avatar\\\/1fbaf22aee75fcbb29a2f97b107f95d25d3a19b7c3416105be10269872673e8d?s=96&d=mm&r=g\",\"url\":\"https:\\\/\\\/secure.gravatar.com\\\/avatar\\\/1fbaf22aee75fcbb29a2f97b107f95d25d3a19b7c3416105be10269872673e8d?s=96&d=mm&r=g\",\"contentUrl\":\"https:\\\/\\\/secure.gravatar.com\\\/avatar\\\/1fbaf22aee75fcbb29a2f97b107f95d25d3a19b7c3416105be10269872673e8d?s=96&d=mm&r=g\",\"caption\":\"admin\"}}]}<\/script>\n<!-- \/ Yoast SEO plugin. -->","yoast_head_json":{"title":"Casona Granado, Allotjament boutique. Levante Almeriense - El turista tranquil","description":"Casona Granado, en el Levante Almeriense, al costat de la Serra de los Fillambres, \u00e9s un allotjament boutique per passar en ell unes jornades de tranquil\u00b7litat, menjant en un bon restaurant.","robots":{"index":"index","follow":"follow","max-snippet":"max-snippet:-1","max-image-preview":"max-image-preview:large","max-video-preview":"max-video-preview:-1"},"canonical":"https:\/\/www.elturistatranquil.com\/ca\/casona-granado-allojament-boutique-levante-almeriense\/","og_locale":"ca_ES","og_type":"article","og_title":"Casona Granado, Allotjament boutique. Levante Almeriense - El turista tranquil","og_description":"Casona Granado, en el Levante Almeriense, al costat de la Serra de los Fillambres, \u00e9s un allotjament boutique per passar en ell unes jornades de tranquil\u00b7litat, menjant en un bon restaurant.","og_url":"https:\/\/www.elturistatranquil.com\/ca\/casona-granado-allojament-boutique-levante-almeriense\/","og_site_name":"El turista tranquil","article_publisher":"https:\/\/www.facebook.com\/elturistatranquilo\/","article_published_time":"2019-05-04T08:20:17+00:00","article_modified_time":"2021-09-01T11:44:23+00:00","og_image":[{"width":800,"height":534,"url":"https:\/\/www.elturistatranquil.com\/wp-content\/uploads\/F01-Casona-Granado.jpg","type":"image\/jpeg"}],"author":"admin","twitter_card":"summary_large_image","twitter_misc":{"Escrit per":"admin","Temps estimat de lectura":"27 minuts"},"schema":{"@context":"https:\/\/schema.org","@graph":[{"@type":"Article","@id":"https:\/\/www.elturistatranquil.com\/ca\/casona-granado-allojament-boutique-levante-almeriense\/#article","isPartOf":{"@id":"https:\/\/www.elturistatranquil.com\/ca\/casona-granado-allojament-boutique-levante-almeriense\/"},"author":{"name":"admin","@id":"https:\/\/www.elturistatranquil.com\/ca\/#\/schema\/person\/16f607c3079b96ed0c530a52e6b58bb5"},"headline":"Casona Granado, Allotjament boutique. Levante Almeriense","datePublished":"2019-05-04T08:20:17+00:00","dateModified":"2021-09-01T11:44:23+00:00","mainEntityOfPage":{"@id":"https:\/\/www.elturistatranquil.com\/ca\/casona-granado-allojament-boutique-levante-almeriense\/"},"wordCount":2890,"commentCount":0,"image":{"@id":"https:\/\/www.elturistatranquil.com\/ca\/casona-granado-allojament-boutique-levante-almeriense\/#primaryimage"},"thumbnailUrl":"https:\/\/www.elturistatranquil.com\/wp-content\/uploads\/F01-Casona-Granado.jpg","articleSection":["Almeria","Hotel, Allotjament","Restaurant","Turisme tranquil"],"inLanguage":"ca","potentialAction":[{"@type":"CommentAction","name":"Comment","target":["https:\/\/www.elturistatranquil.com\/ca\/casona-granado-allojament-boutique-levante-almeriense\/#respond"]}]},{"@type":"WebPage","@id":"https:\/\/www.elturistatranquil.com\/ca\/casona-granado-allojament-boutique-levante-almeriense\/","url":"https:\/\/www.elturistatranquil.com\/ca\/casona-granado-allojament-boutique-levante-almeriense\/","name":"Casona Granado, Allotjament boutique. Levante Almeriense - El turista tranquil","isPartOf":{"@id":"https:\/\/www.elturistatranquil.com\/ca\/#website"},"primaryImageOfPage":{"@id":"https:\/\/www.elturistatranquil.com\/ca\/casona-granado-allojament-boutique-levante-almeriense\/#primaryimage"},"image":{"@id":"https:\/\/www.elturistatranquil.com\/ca\/casona-granado-allojament-boutique-levante-almeriense\/#primaryimage"},"thumbnailUrl":"https:\/\/www.elturistatranquil.com\/wp-content\/uploads\/F01-Casona-Granado.jpg","datePublished":"2019-05-04T08:20:17+00:00","dateModified":"2021-09-01T11:44:23+00:00","author":{"@id":"https:\/\/www.elturistatranquil.com\/ca\/#\/schema\/person\/16f607c3079b96ed0c530a52e6b58bb5"},"description":"Casona Granado, en el Levante Almeriense, al costat de la Serra de los Fillambres, \u00e9s un allotjament boutique per passar en ell unes jornades de tranquil\u00b7litat, menjant en un bon restaurant.","breadcrumb":{"@id":"https:\/\/www.elturistatranquil.com\/ca\/casona-granado-allojament-boutique-levante-almeriense\/#breadcrumb"},"inLanguage":"ca","potentialAction":[{"@type":"ReadAction","target":["https:\/\/www.elturistatranquil.com\/ca\/casona-granado-allojament-boutique-levante-almeriense\/"]}]},{"@type":"ImageObject","inLanguage":"ca","@id":"https:\/\/www.elturistatranquil.com\/ca\/casona-granado-allojament-boutique-levante-almeriense\/#primaryimage","url":"https:\/\/www.elturistatranquil.com\/wp-content\/uploads\/F01-Casona-Granado.jpg","contentUrl":"https:\/\/www.elturistatranquil.com\/wp-content\/uploads\/F01-Casona-Granado.jpg","width":800,"height":534,"caption":"Casona Granado"},{"@type":"BreadcrumbList","@id":"https:\/\/www.elturistatranquil.com\/ca\/casona-granado-allojament-boutique-levante-almeriense\/#breadcrumb","itemListElement":[{"@type":"ListItem","position":1,"name":"Portada","item":"https:\/\/www.elturistatranquil.com\/ca\/"},{"@type":"ListItem","position":2,"name":"Casona Granado, Allotjament boutique. Levante Almeriense"}]},{"@type":"WebSite","@id":"https:\/\/www.elturistatranquil.com\/ca\/#website","url":"https:\/\/www.elturistatranquil.com\/ca\/","name":"El turista tranquil","description":"Blog de viatges","potentialAction":[{"@type":"SearchAction","target":{"@type":"EntryPoint","urlTemplate":"https:\/\/www.elturistatranquil.com\/ca\/?s={search_term_string}"},"query-input":{"@type":"PropertyValueSpecification","valueRequired":true,"valueName":"search_term_string"}}],"inLanguage":"ca"},{"@type":"Person","@id":"https:\/\/www.elturistatranquil.com\/ca\/#\/schema\/person\/16f607c3079b96ed0c530a52e6b58bb5","name":"admin","image":{"@type":"ImageObject","inLanguage":"ca","@id":"https:\/\/secure.gravatar.com\/avatar\/1fbaf22aee75fcbb29a2f97b107f95d25d3a19b7c3416105be10269872673e8d?s=96&d=mm&r=g","url":"https:\/\/secure.gravatar.com\/avatar\/1fbaf22aee75fcbb29a2f97b107f95d25d3a19b7c3416105be10269872673e8d?s=96&d=mm&r=g","contentUrl":"https:\/\/secure.gravatar.com\/avatar\/1fbaf22aee75fcbb29a2f97b107f95d25d3a19b7c3416105be10269872673e8d?s=96&d=mm&r=g","caption":"admin"}}]}},"_links":{"self":[{"href":"https:\/\/www.elturistatranquil.com\/ca\/wp-json\/wp\/v2\/posts\/16719","targetHints":{"allow":["GET"]}}],"collection":[{"href":"https:\/\/www.elturistatranquil.com\/ca\/wp-json\/wp\/v2\/posts"}],"about":[{"href":"https:\/\/www.elturistatranquil.com\/ca\/wp-json\/wp\/v2\/types\/post"}],"author":[{"embeddable":true,"href":"https:\/\/www.elturistatranquil.com\/ca\/wp-json\/wp\/v2\/users\/1"}],"replies":[{"embeddable":true,"href":"https:\/\/www.elturistatranquil.com\/ca\/wp-json\/wp\/v2\/comments?post=16719"}],"version-history":[{"count":5,"href":"https:\/\/www.elturistatranquil.com\/ca\/wp-json\/wp\/v2\/posts\/16719\/revisions"}],"predecessor-version":[{"id":36973,"href":"https:\/\/www.elturistatranquil.com\/ca\/wp-json\/wp\/v2\/posts\/16719\/revisions\/36973"}],"wp:featuredmedia":[{"embeddable":true,"href":"https:\/\/www.elturistatranquil.com\/ca\/wp-json\/wp\/v2\/media\/16567"}],"wp:attachment":[{"href":"https:\/\/www.elturistatranquil.com\/ca\/wp-json\/wp\/v2\/media?parent=16719"}],"wp:term":[{"taxonomy":"category","embeddable":true,"href":"https:\/\/www.elturistatranquil.com\/ca\/wp-json\/wp\/v2\/categories?post=16719"},{"taxonomy":"post_tag","embeddable":true,"href":"https:\/\/www.elturistatranquil.com\/ca\/wp-json\/wp\/v2\/tags?post=16719"}],"curies":[{"name":"wp","href":"https:\/\/api.w.org\/{rel}","templated":true}]}}