{"id":18680,"date":"2019-06-26T13:36:44","date_gmt":"2019-06-26T11:36:44","guid":{"rendered":"https:\/\/www.elturistatranquil.com\/?p=18680"},"modified":"2019-06-26T13:36:50","modified_gmt":"2019-06-26T11:36:50","slug":"ayerbe-osca","status":"publish","type":"post","link":"https:\/\/www.elturistatranquil.com\/ca\/ayerbe-osca\/","title":{"rendered":"Ayerbe (Osca)"},"content":{"rendered":"\t\t<div data-elementor-type=\"wp-post\" data-elementor-id=\"18680\" class=\"elementor elementor-18680 elementor-18582\" data-elementor-post-type=\"post\">\n\t\t\t\t\t\t<section class=\"elementor-section elementor-top-section elementor-element elementor-element-43ecfb3e elementor-section-boxed elementor-section-height-default elementor-section-height-default\" data-id=\"43ecfb3e\" data-element_type=\"section\" data-e-type=\"section\">\n\t\t\t\t\t\t<div class=\"elementor-container elementor-column-gap-default\">\n\t\t\t\t\t<div class=\"elementor-column elementor-col-100 elementor-top-column elementor-element elementor-element-1abe7d15\" data-id=\"1abe7d15\" data-element_type=\"column\" data-e-type=\"column\">\n\t\t\t<div class=\"elementor-widget-wrap elementor-element-populated\">\n\t\t\t\t\t\t<section class=\"elementor-section elementor-inner-section elementor-element elementor-element-45fcd050 elementor-section-content-middle elementor-section-boxed elementor-section-height-default elementor-section-height-default\" data-id=\"45fcd050\" data-element_type=\"section\" data-e-type=\"section\">\n\t\t\t\t\t\t<div class=\"elementor-container elementor-column-gap-default\">\n\t\t\t\t\t<div class=\"elementor-column elementor-col-100 elementor-inner-column elementor-element elementor-element-1d7a5348\" data-id=\"1d7a5348\" data-element_type=\"column\" data-e-type=\"column\">\n\t\t\t<div class=\"elementor-widget-wrap elementor-element-populated\">\n\t\t\t\t\t\t<div class=\"elementor-element elementor-element-7112e75c elementor-widget elementor-widget-text-editor\" data-id=\"7112e75c\" data-element_type=\"widget\" data-e-type=\"widget\" data-widget_type=\"text-editor.default\">\n\t\t\t\t<div class=\"elementor-widget-container\">\n\t\t\t\t\t\t\t\t\t<p><em>Ayerbe<\/em>, a la Hoya de Huesca, cont\u00e9 els elements d&#8217;una vila aragonesa de la zona, amb el Palau de Ayerbe, cases senyorials i arquitectura popular. Compta amb un <em>Centre d&#8217;Interpretaci\u00f3 Santiago Ram\u00f3n i Cajal<\/em>.<\/p>\t\t\t\t\t\t\t\t<\/div>\n\t\t\t\t<\/div>\n\t\t\t\t\t<\/div>\n\t\t<\/div>\n\t\t\t\t\t<\/div>\n\t\t<\/section>\n\t\t\t\t<div class=\"elementor-element elementor-element-7f277d57 elementor-widget elementor-widget-heading\" data-id=\"7f277d57\" data-element_type=\"widget\" data-e-type=\"widget\" data-widget_type=\"heading.default\">\n\t\t\t\t<div class=\"elementor-widget-container\">\n\t\t\t\t\t<h1 class=\"elementor-heading-title elementor-size-default\">Ayerbe (Osca)<\/h1>\t\t\t\t<\/div>\n\t\t\t\t<\/div>\n\t\t\t\t\t<\/div>\n\t\t<\/div>\n\t\t\t\t\t<\/div>\n\t\t<\/section>\n\t\t\t\t<section class=\"elementor-section elementor-top-section elementor-element elementor-element-63c906c6 elementor-section-boxed elementor-section-height-default elementor-section-height-default\" data-id=\"63c906c6\" data-element_type=\"section\" data-e-type=\"section\">\n\t\t\t\t\t\t<div class=\"elementor-container elementor-column-gap-default\">\n\t\t\t\t\t<div class=\"elementor-column elementor-col-100 elementor-top-column elementor-element elementor-element-1302801a\" data-id=\"1302801a\" data-element_type=\"column\" data-e-type=\"column\">\n\t\t\t<div class=\"elementor-widget-wrap elementor-element-populated\">\n\t\t\t\t\t\t<div class=\"elementor-element elementor-element-7cec6a62 elementor-widget elementor-widget-image\" data-id=\"7cec6a62\" data-element_type=\"widget\" data-e-type=\"widget\" data-widget_type=\"image.default\">\n\t\t\t\t<div class=\"elementor-widget-container\">\n\t\t\t\t\t\t\t\t\t\t\t\t<figure class=\"wp-caption\">\n\t\t\t\t\t\t\t\t\t\t<img fetchpriority=\"high\" decoding=\"async\" width=\"800\" height=\"533\" src=\"https:\/\/www.elturistatranquil.com\/wp-content\/uploads\/F01-Ayerbe-Google-earth-2019-06-24-1.jpg\" class=\"attachment-large size-large wp-image-18682\" alt=\"\" srcset=\"https:\/\/www.elturistatranquil.com\/wp-content\/uploads\/F01-Ayerbe-Google-earth-2019-06-24-1.jpg 800w, https:\/\/www.elturistatranquil.com\/wp-content\/uploads\/F01-Ayerbe-Google-earth-2019-06-24-1-768x512.jpg 768w\" sizes=\"(max-width: 800px) 100vw, 800px\" \/>\t\t\t\t\t\t\t\t\t\t\t<figcaption class=\"widget-image-caption wp-caption-text\">Ayerbe (Google earth 2019-06-24)<\/figcaption>\n\t\t\t\t\t\t\t\t\t\t<\/figure>\n\t\t\t\t\t\t\t\t\t<\/div>\n\t\t\t\t<\/div>\n\t\t\t\t<div class=\"elementor-element elementor-element-69cb4987 elementor-widget elementor-widget-spacer\" data-id=\"69cb4987\" data-element_type=\"widget\" data-e-type=\"widget\" data-widget_type=\"spacer.default\">\n\t\t\t\t<div class=\"elementor-widget-container\">\n\t\t\t\t\t\t\t<div class=\"elementor-spacer\">\n\t\t\t<div class=\"elementor-spacer-inner\"><\/div>\n\t\t<\/div>\n\t\t\t\t\t\t<\/div>\n\t\t\t\t<\/div>\n\t\t\t\t<div class=\"elementor-element elementor-element-6188a818 elementor-widget elementor-widget-heading\" data-id=\"6188a818\" data-element_type=\"widget\" data-e-type=\"widget\" data-widget_type=\"heading.default\">\n\t\t\t\t<div class=\"elementor-widget-container\">\n\t\t\t\t\t<h2 class=\"elementor-heading-title elementor-size-default\">Ayerbe. La Hoya de Huesca. Osca<\/h2>\t\t\t\t<\/div>\n\t\t\t\t<\/div>\n\t\t\t\t<section class=\"elementor-section elementor-inner-section elementor-element elementor-element-5ed306ba elementor-section-boxed elementor-section-height-default elementor-section-height-default\" data-id=\"5ed306ba\" data-element_type=\"section\" data-e-type=\"section\" data-settings=\"{&quot;background_background&quot;:&quot;classic&quot;}\">\n\t\t\t\t\t\t\t<div class=\"elementor-background-overlay\"><\/div>\n\t\t\t\t\t\t\t<div class=\"elementor-container elementor-column-gap-default\">\n\t\t\t\t\t<div class=\"elementor-column elementor-col-100 elementor-inner-column elementor-element elementor-element-458bec18\" data-id=\"458bec18\" data-element_type=\"column\" data-e-type=\"column\" data-settings=\"{&quot;background_background&quot;:&quot;classic&quot;}\">\n\t\t\t<div class=\"elementor-widget-wrap elementor-element-populated\">\n\t\t\t\t\t\t<div class=\"elementor-element elementor-element-23fa2df3 elementor-widget elementor-widget-text-editor\" data-id=\"23fa2df3\" data-element_type=\"widget\" data-e-type=\"widget\" data-widget_type=\"text-editor.default\">\n\t\t\t\t<div class=\"elementor-widget-container\">\n\t\t\t\t\t\t\t\t\t<p>Ayerbe. Comarca: La Hoya de Huesca. Prov\u00edncia: Osca. Com. Aut\u00f3noma: Arag\u00f2<\/p><p>Coordenades: 42\u00b016\u203236\u2033N 0\u00b041\u203221\u2033O. Altitud: 582 msnm. Poblaci\u00f3: n\u00facli 972 habitants, municipi 1.041 habitants (2018)<\/p><p>Web: <a href=\"http:\/\/www.ayerbe.es\/\" target=\"_blank\" rel=\"noopener\">Ayuntamiento<\/a><\/p><p>Visita: 2019<\/p>\t\t\t\t\t\t\t\t<\/div>\n\t\t\t\t<\/div>\n\t\t\t\t\t<\/div>\n\t\t<\/div>\n\t\t\t\t\t<\/div>\n\t\t<\/section>\n\t\t\t\t<div class=\"elementor-element elementor-element-6201e526 elementor-widget elementor-widget-image\" data-id=\"6201e526\" data-element_type=\"widget\" data-e-type=\"widget\" data-widget_type=\"image.default\">\n\t\t\t\t<div class=\"elementor-widget-container\">\n\t\t\t\t\t\t\t\t\t\t\t\t<figure class=\"wp-caption\">\n\t\t\t\t\t\t\t\t\t\t<img decoding=\"async\" width=\"768\" height=\"512\" src=\"https:\/\/www.elturistatranquil.com\/wp-content\/uploads\/F02-Mapa-de-situaci\u00f3n-de-Ayerbe-Google-maps-2019-06-24-1-768x512.jpg\" class=\"attachment-medium_large size-medium_large wp-image-18684\" alt=\"\" srcset=\"https:\/\/www.elturistatranquil.com\/wp-content\/uploads\/F02-Mapa-de-situaci\u00f3n-de-Ayerbe-Google-maps-2019-06-24-1-768x512.jpg 768w, https:\/\/www.elturistatranquil.com\/wp-content\/uploads\/F02-Mapa-de-situaci\u00f3n-de-Ayerbe-Google-maps-2019-06-24-1.jpg 800w\" sizes=\"(max-width: 768px) 100vw, 768px\" \/>\t\t\t\t\t\t\t\t\t\t\t<figcaption class=\"widget-image-caption wp-caption-text\">Mapa de situaci\u00f3 de Ayerbe (Google maps 2019-06-24)<\/figcaption>\n\t\t\t\t\t\t\t\t\t\t<\/figure>\n\t\t\t\t\t\t\t\t\t<\/div>\n\t\t\t\t<\/div>\n\t\t\t\t<section class=\"elementor-section elementor-inner-section elementor-element elementor-element-749b03bb elementor-section-boxed elementor-section-height-default elementor-section-height-default\" data-id=\"749b03bb\" data-element_type=\"section\" data-e-type=\"section\" data-settings=\"{&quot;background_background&quot;:&quot;classic&quot;}\">\n\t\t\t\t\t\t<div class=\"elementor-container elementor-column-gap-default\">\n\t\t\t\t\t<div class=\"elementor-column elementor-col-100 elementor-inner-column elementor-element elementor-element-76932b8c\" data-id=\"76932b8c\" data-element_type=\"column\" data-e-type=\"column\">\n\t\t\t<div class=\"elementor-widget-wrap elementor-element-populated\">\n\t\t\t\t\t\t<div class=\"elementor-element elementor-element-2ba39b22 elementor-widget elementor-widget-text-editor\" data-id=\"2ba39b22\" data-element_type=\"widget\" data-e-type=\"widget\" data-widget_type=\"text-editor.default\">\n\t\t\t\t<div class=\"elementor-widget-container\">\n\t\t\t\t\t\t\t\t\t<p style=\"text-align: center;\"><strong>\u00cdndex<\/strong><\/p>\t\t\t\t\t\t\t\t<\/div>\n\t\t\t\t<\/div>\n\t\t\t\t<div class=\"elementor-element elementor-element-469160f0 elementor-widget elementor-widget-text-editor\" data-id=\"469160f0\" data-element_type=\"widget\" data-e-type=\"widget\" data-widget_type=\"text-editor.default\">\n\t\t\t\t<div class=\"elementor-widget-container\">\n\t\t\t\t\t\t\t\t\t<p><a href=\"https:\/\/www.elturistatranquil.com\/ca\/ayerbe-(osca)\/#c3101\">Ayerbe. La Hoya de Huesca. Osca<\/a><\/p><p><a href=\"https:\/\/www.elturistatranquil.com\/ca\/ayerbe-(osca)\/#c3102\">El territori<\/a><\/p><p><a href=\"https:\/\/www.elturistatranquil.com\/ca\/ayerbe-(osca)\/#c3103\">Una mica d&#8217;hist\u00f2ria<\/a><\/p><p><a href=\"https:\/\/www.elturistatranquil.com\/ca\/ayerbe-(osca)\/#c3104\">Recorregut per Ayerbe<\/a><\/p><p style=\"padding-left: 40px;\"><a href=\"https:\/\/www.elturistatranquil.com\/ca\/ayerbe-(osca)\/#c3105\">Torre de la Col\u00b7legiata de San Pedro<\/a><\/p><p style=\"padding-left: 40px;\"><a href=\"https:\/\/www.elturistatranquil.com\/ca\/ayerbe-(osca)\/#c3106\">Pla\u00e7a Alta i Pla\u00e7a Baja<\/a><\/p><p style=\"padding-left: 40px;\"><a href=\"https:\/\/www.elturistatranquil.com\/ca\/ayerbe-(osca)\/#c3107\">Palau dels Marquesos d&#8217;Ayerbe o d&#8217;Urri\u00e9s<\/a><\/p><p style=\"padding-left: 40px;\"><a href=\"https:\/\/www.elturistatranquil.com\/ca\/ayerbe-(osca)\/#c3108\">Torre del rellotge<\/a><\/p><p style=\"padding-left: 40px;\"><a href=\"https:\/\/www.elturistatranquil.com\/ca\/ayerbe-(osca)\/#c3109\">Antic Ajuntament<\/a><\/p><p style=\"padding-left: 40px;\"><a href=\"https:\/\/www.elturistatranquil.com\/ca\/ayerbe-(osca)\/#c3110\">Arquitectura civil. Passeig per la zona vella<\/a><\/p><p style=\"padding-left: 40px;\"><a href=\"https:\/\/www.elturistatranquil.com\/ca\/ayerbe-(osca)\/#c3111\">Esgl\u00e9sia Parroquial de San Pedro<\/a><\/p><p style=\"padding-left: 40px;\"><a href=\"https:\/\/www.elturistatranquil.com\/ca\/ayerbe-(osca)\/#c3112\">F\u00e0brica de farines i Electra Ayerbe<\/a><\/p><p style=\"padding-left: 40px;\"><a href=\"https:\/\/www.elturistatranquil.com\/ca\/ayerbe-(osca)\/#c3113\">Centre d&#8217;Interpretaci\u00f3 Santiago Ram\u00f3n i Cajal. Oficina de Turisme<\/a><\/p><p style=\"padding-left: 40px;\"><a href=\"https:\/\/www.elturistatranquil.com\/ca\/ayerbe-(osca)\/#c3114\">Castell i ermita de San Miguel<\/a><\/p><p><a href=\"https:\/\/www.elturistatranquil.com\/ca\/ayerbe-(osca)\/#c3115\">Fi de la visita<\/a><\/p><p><a href=\"https:\/\/www.elturistatranquil.com\/ca\/ayerbe-(osca)\/#c3116\">Bases d&#8217;informaci\u00f3<\/a><\/p>\t\t\t\t\t\t\t\t<\/div>\n\t\t\t\t<\/div>\n\t\t\t\t\t<\/div>\n\t\t<\/div>\n\t\t\t\t\t<\/div>\n\t\t<\/section>\n\t\t\t\t<div class=\"elementor-element elementor-element-132e7f65 elementor-widget elementor-widget-spacer\" data-id=\"132e7f65\" data-element_type=\"widget\" data-e-type=\"widget\" data-widget_type=\"spacer.default\">\n\t\t\t\t<div class=\"elementor-widget-container\">\n\t\t\t\t\t\t\t<div class=\"elementor-spacer\">\n\t\t\t<div class=\"elementor-spacer-inner\"><\/div>\n\t\t<\/div>\n\t\t\t\t\t\t<\/div>\n\t\t\t\t<\/div>\n\t\t\t\t<div class=\"elementor-element elementor-element-c9c9a7a elementor-widget elementor-widget-menu-anchor\" data-id=\"c9c9a7a\" data-element_type=\"widget\" data-e-type=\"widget\" data-widget_type=\"menu-anchor.default\">\n\t\t\t\t<div class=\"elementor-widget-container\">\n\t\t\t\t\t\t\t<div class=\"elementor-menu-anchor\" id=\"c3101\"><\/div>\n\t\t\t\t\t\t<\/div>\n\t\t\t\t<\/div>\n\t\t\t\t<div class=\"elementor-element elementor-element-18b68706 elementor-widget elementor-widget-menu-anchor\" data-id=\"18b68706\" data-element_type=\"widget\" data-e-type=\"widget\" data-widget_type=\"menu-anchor.default\">\n\t\t\t\t<div class=\"elementor-widget-container\">\n\t\t\t\t\t\t\t<div class=\"elementor-menu-anchor\" id=\"c3102\"><\/div>\n\t\t\t\t\t\t<\/div>\n\t\t\t\t<\/div>\n\t\t\t\t<div class=\"elementor-element elementor-element-261787ce elementor-widget elementor-widget-spacer\" data-id=\"261787ce\" data-element_type=\"widget\" data-e-type=\"widget\" data-widget_type=\"spacer.default\">\n\t\t\t\t<div class=\"elementor-widget-container\">\n\t\t\t\t\t\t\t<div class=\"elementor-spacer\">\n\t\t\t<div class=\"elementor-spacer-inner\"><\/div>\n\t\t<\/div>\n\t\t\t\t\t\t<\/div>\n\t\t\t\t<\/div>\n\t\t\t\t<div class=\"elementor-element elementor-element-4d1e923b elementor-widget elementor-widget-heading\" data-id=\"4d1e923b\" data-element_type=\"widget\" data-e-type=\"widget\" data-widget_type=\"heading.default\">\n\t\t\t\t<div class=\"elementor-widget-container\">\n\t\t\t\t\t<h2 class=\"elementor-heading-title elementor-size-default\">Ayerbe. La Hoya de Huesca. Osca<\/h2>\t\t\t\t<\/div>\n\t\t\t\t<\/div>\n\t\t\t\t<div class=\"elementor-element elementor-element-4ad6aeda elementor-widget elementor-widget-text-editor\" data-id=\"4ad6aeda\" data-element_type=\"widget\" data-e-type=\"widget\" data-widget_type=\"text-editor.default\">\n\t\t\t\t<div class=\"elementor-widget-container\">\n\t\t\t\t\t\t\t\t\t<p>Enlla\u00e7 amb el <em>Post<\/em>:<a href=\"https:\/\/www.elturistatranquil.com\/ca\/el-corral-de-concilio-hotel-con-encanto-restaurante-reino-de-los-mallos\/\" target=\"_blank\" rel=\"noopener\"><b> El Corral de Concilio, Hotel con Encanto Restaurante. Reino de los Mallos<\/b><\/a><\/p>\t\t\t\t\t\t\t\t<\/div>\n\t\t\t\t<\/div>\n\t\t\t\t<div class=\"elementor-element elementor-element-2822ead5 elementor-widget elementor-widget-text-editor\" data-id=\"2822ead5\" data-element_type=\"widget\" data-e-type=\"widget\" data-widget_type=\"text-editor.default\">\n\t\t\t\t<div class=\"elementor-widget-container\">\n\t\t\t\t\t\t\t\t\t<p>Ayerbe \u00e9s una vila de la prov\u00edncia d&#8217;Osca pertanyent a la comarca de la Hoya de Huesca, a 582 msnm.<\/p><p>Va ser motiu per a una de les sortides des del <strong>Hotel con Encanto Restaurante. El Corral de Concilio<\/strong>.<\/p>\t\t\t\t\t\t\t\t<\/div>\n\t\t\t\t<\/div>\n\t\t\t\t<div class=\"elementor-element elementor-element-6ea733cd elementor-widget elementor-widget-heading\" data-id=\"6ea733cd\" data-element_type=\"widget\" data-e-type=\"widget\" data-widget_type=\"heading.default\">\n\t\t\t\t<div class=\"elementor-widget-container\">\n\t\t\t\t\t<h2 class=\"elementor-heading-title elementor-size-default\">El territori<\/h2>\t\t\t\t<\/div>\n\t\t\t\t<\/div>\n\t\t\t\t<div class=\"elementor-element elementor-element-2d545303 elementor-widget elementor-widget-menu-anchor\" data-id=\"2d545303\" data-element_type=\"widget\" data-e-type=\"widget\" data-widget_type=\"menu-anchor.default\">\n\t\t\t\t<div class=\"elementor-widget-container\">\n\t\t\t\t\t\t\t<div class=\"elementor-menu-anchor\" id=\"c3103\"><\/div>\n\t\t\t\t\t\t<\/div>\n\t\t\t\t<\/div>\n\t\t\t\t<div class=\"elementor-element elementor-element-1b60f37f elementor-widget elementor-widget-text-editor\" data-id=\"1b60f37f\" data-element_type=\"widget\" data-e-type=\"widget\" data-widget_type=\"text-editor.default\">\n\t\t\t\t<div class=\"elementor-widget-container\">\n\t\t\t\t\t\t\t\t\t<p>Est\u00e0 empla\u00e7ada entre les serres de Loarre, les Penyes de Riglos i l&#8217;embassament de la Sotonera, a la llera del riu G\u00e1llego.<\/p><p>Com a pas de la cal\u00e7ada romana que condu\u00efa de <em>Caesaraugusta<\/em> (Saragossa) a <em>Summum Portus<\/em> (Somport) a la frontera amb Fran\u00e7a, ha constitu\u00eft des de sempre el &#8220;llindar del Pirineu&#8221;.<\/p><p>\u00c9s una localitat de 972 habitants, que juntament amb els agregats de Fontellas i Losanglis arriba als 1.041 habitants (2018). Es correspon amb el t\u00edpic assentament aragon\u00e8s al Somontano pirinenc.<\/p><p>La l\u00ednia f\u00e8rria entre Saragossa i Canfranc t\u00e9 estaci\u00f3 a Ayerbe.<\/p>\t\t\t\t\t\t\t\t<\/div>\n\t\t\t\t<\/div>\n\t\t\t\t<div class=\"elementor-element elementor-element-3cb3a8ac elementor-widget elementor-widget-heading\" data-id=\"3cb3a8ac\" data-element_type=\"widget\" data-e-type=\"widget\" data-widget_type=\"heading.default\">\n\t\t\t\t<div class=\"elementor-widget-container\">\n\t\t\t\t\t<h2 class=\"elementor-heading-title elementor-size-default\">Una mica d'hist\u00f2ria<\/h2>\t\t\t\t<\/div>\n\t\t\t\t<\/div>\n\t\t\t\t<div class=\"elementor-element elementor-element-52fd89fd elementor-widget elementor-widget-text-editor\" data-id=\"52fd89fd\" data-element_type=\"widget\" data-e-type=\"widget\" data-widget_type=\"text-editor.default\">\n\t\t\t\t<div class=\"elementor-widget-container\">\n\t\t\t\t\t\t\t\t\t<p>En el tur\u00f3 situat al sud-oest de l&#8217;assentament actual a la plana, va estar localitzat un castell musulm\u00e0 en el l\u00edmit septentrional del seu avan\u00e7, en una posici\u00f3 que controlava el cam\u00ed de pas cap als Pirineus, alhora que es mantenia vigilant sobre el castell de Loarre , a les muntanyes del fons. Per tant, cal atribuir al primitiu Ayerbe un origen militar musulm\u00e0, sense que hi hagi evid\u00e8ncies de poblament anterior en el lloc.<\/p>\t\t\t\t\t\t\t\t<\/div>\n\t\t\t\t<\/div>\n\t\t\t\t<div class=\"elementor-element elementor-element-f5fe83a elementor-widget elementor-widget-image\" data-id=\"f5fe83a\" data-element_type=\"widget\" data-e-type=\"widget\" data-widget_type=\"image.default\">\n\t\t\t\t<div class=\"elementor-widget-container\">\n\t\t\t\t\t\t\t\t\t\t\t\t<figure class=\"wp-caption\">\n\t\t\t\t\t\t\t\t\t\t<img decoding=\"async\" width=\"800\" height=\"534\" src=\"https:\/\/www.elturistatranquil.com\/wp-content\/uploads\/F03-Panoramica-desde-el-castillo-de-Ayerbe-foto-Ayuntamiento-1.jpg\" class=\"attachment-large size-large wp-image-18686\" alt=\"\" srcset=\"https:\/\/www.elturistatranquil.com\/wp-content\/uploads\/F03-Panoramica-desde-el-castillo-de-Ayerbe-foto-Ayuntamiento-1.jpg 800w, https:\/\/www.elturistatranquil.com\/wp-content\/uploads\/F03-Panoramica-desde-el-castillo-de-Ayerbe-foto-Ayuntamiento-1-768x513.jpg 768w\" sizes=\"(max-width: 800px) 100vw, 800px\" \/>\t\t\t\t\t\t\t\t\t\t\t<figcaption class=\"widget-image-caption wp-caption-text\">Panor\u00e0mica des del castell de Ayerbe (Foto: Ayuntamiento)<\/figcaption>\n\t\t\t\t\t\t\t\t\t\t<\/figure>\n\t\t\t\t\t\t\t\t\t<\/div>\n\t\t\t\t<\/div>\n\t\t\t\t<div class=\"elementor-element elementor-element-7004c9e2 elementor-widget elementor-widget-text-editor\" data-id=\"7004c9e2\" data-element_type=\"widget\" data-e-type=\"widget\" data-widget_type=\"text-editor.default\">\n\t\t\t\t<div class=\"elementor-widget-container\">\n\t\t\t\t\t\t\t\t\t<p>En 1083 el castell \u00e9s conquistat per Sancho Ram\u00edrez donant lloc al nucli primitiu de la localitat de Ayerbe.<\/p><p>A partir de l&#8217;\u00e8poca de Alfonso I El Batallador, i de la conquesta de Saragossa (1118), s&#8217;inicia la construcci\u00f3 de Ayerbe a la localitzaci\u00f3 actual en forma de reialenc propiciat per Alfonso I com a centre de descans i avituallament dels viatgers, donada la seva posici\u00f3 interm\u00e8dia entre els Pirineus i Saragossa. Va ser un lloc d\u2019assentament de francs dedicats al comer\u00e7, aix\u00ed com diversos instituts religiosos.<\/p><p>L&#8217;Esgl\u00e9sia parroquial rom\u00e0nica que s&#8217;havia constru\u00eft al costat del castell des de finals del segle XI, va ser relegada a la funci\u00f3 d&#8217;ermita que, molt modificada, constitueix l&#8217;ermita de Sant Miquel actual.<\/p><p>La bonan\u00e7a econ\u00f2mica d&#8217;Arag\u00f3 en el segle XVI es reflecteix en Ayerbe amb la construcci\u00f3 de diverses resid\u00e8ncies senyorials. D&#8217;aquesta \u00e8poca prov\u00e9 la fisonomia actual de Ayerbe.<\/p><p>L&#8217;edificaci\u00f3 m\u00e9s destacada correspon al palau que els marquesos de Ayerbe van construir al centre de la localitat. Amb posterioritat van manar construir el convent dels Dominics.<\/p>\t\t\t\t\t\t\t\t<\/div>\n\t\t\t\t<\/div>\n\t\t\t\t<div class=\"elementor-element elementor-element-42e0039 elementor-widget elementor-widget-menu-anchor\" data-id=\"42e0039\" data-element_type=\"widget\" data-e-type=\"widget\" data-widget_type=\"menu-anchor.default\">\n\t\t\t\t<div class=\"elementor-widget-container\">\n\t\t\t\t\t\t\t<div class=\"elementor-menu-anchor\" id=\"c3104\"><\/div>\n\t\t\t\t\t\t<\/div>\n\t\t\t\t<\/div>\n\t\t\t\t<div class=\"elementor-element elementor-element-5da875b2 elementor-widget elementor-widget-text-editor\" data-id=\"5da875b2\" data-element_type=\"widget\" data-e-type=\"widget\" data-widget_type=\"text-editor.default\">\n\t\t\t\t<div class=\"elementor-widget-container\">\n\t\t\t\t\t\t\t\t\t<p>L&#8217;arribada del ferrocarril al 1891 obre una \u00e8poca de rellan\u00e7ament, especialment del comer\u00e7, i es desenvolupa un petit nucli al costat de l&#8217;estaci\u00f3 amb activitat industrial, especialment a partir de 1920.<\/p><p>Per\u00f2 quan en els anys 70 del segle passat es tanca l&#8217;estaci\u00f3 internacional de Canfranc, significa un cop a l&#8217;economia i l&#8217;ocupaci\u00f3, perdent gaireb\u00e9 la meitat de la poblaci\u00f3, fins als poc m\u00e9s de mil habitants actuals.<\/p>\t\t\t\t\t\t\t\t<\/div>\n\t\t\t\t<\/div>\n\t\t\t\t<div class=\"elementor-element elementor-element-5d500523 elementor-widget elementor-widget-heading\" data-id=\"5d500523\" data-element_type=\"widget\" data-e-type=\"widget\" data-widget_type=\"heading.default\">\n\t\t\t\t<div class=\"elementor-widget-container\">\n\t\t\t\t\t<h2 class=\"elementor-heading-title elementor-size-default\">Recorregut per Ayerbe<\/h2>\t\t\t\t<\/div>\n\t\t\t\t<\/div>\n\t\t\t\t<div class=\"elementor-element elementor-element-3c5badb1 elementor-widget elementor-widget-image\" data-id=\"3c5badb1\" data-element_type=\"widget\" data-e-type=\"widget\" data-widget_type=\"image.default\">\n\t\t\t\t<div class=\"elementor-widget-container\">\n\t\t\t\t\t\t\t\t\t\t\t\t<figure class=\"wp-caption\">\n\t\t\t\t\t\t\t\t\t\t<img loading=\"lazy\" decoding=\"async\" width=\"800\" height=\"533\" src=\"https:\/\/www.elturistatranquil.com\/wp-content\/uploads\/F04-Ayerbe-Google-earth-2019-06-24-1.jpg\" class=\"attachment-large size-large wp-image-18688\" alt=\"\" srcset=\"https:\/\/www.elturistatranquil.com\/wp-content\/uploads\/F04-Ayerbe-Google-earth-2019-06-24-1.jpg 800w, https:\/\/www.elturistatranquil.com\/wp-content\/uploads\/F04-Ayerbe-Google-earth-2019-06-24-1-768x512.jpg 768w\" sizes=\"(max-width: 800px) 100vw, 800px\" \/>\t\t\t\t\t\t\t\t\t\t\t<figcaption class=\"widget-image-caption wp-caption-text\"><\/figcaption>\n\t\t\t\t\t\t\t\t\t\t<\/figure>\n\t\t\t\t\t\t\t\t\t<\/div>\n\t\t\t\t<\/div>\n\t\t\t\t<div class=\"elementor-element elementor-element-1d6860b2 elementor-widget elementor-widget-menu-anchor\" data-id=\"1d6860b2\" data-element_type=\"widget\" data-e-type=\"widget\" data-widget_type=\"menu-anchor.default\">\n\t\t\t\t<div class=\"elementor-widget-container\">\n\t\t\t\t\t\t\t<div class=\"elementor-menu-anchor\" id=\"c3105\"><\/div>\n\t\t\t\t\t\t<\/div>\n\t\t\t\t<\/div>\n\t\t\t\t<div class=\"elementor-element elementor-element-6210dbac elementor-widget elementor-widget-text-editor\" data-id=\"6210dbac\" data-element_type=\"widget\" data-e-type=\"widget\" data-widget_type=\"text-editor.default\">\n\t\t\t\t<div class=\"elementor-widget-container\">\n\t\t\t\t\t\t\t\t\t<p>La morfologia urbana de Ayerbe s&#8217;articula sobre un eix nord-sud als peus de llevant de la muntanya San Miguel, per on travessa la carretera.<\/p><p>A la part sud-est el nucli s&#8217;expandeix, seguint la carretera, en direcci\u00f3 a l&#8217;estaci\u00f3 de ferrocarril.<\/p><p>L&#8217;eix central de la part nord, a esquena del palau de Urri\u00e9, forma la pla\u00e7a Arag\u00f3n (Pla\u00e7a Alta) (<strong>A<\/strong>), mentre al sud del palau, cap a la qual s&#8217;orienta la seva entrada principal, el forma la pla\u00e7a Ramon i Cajal (pla\u00e7a Baixa) (<strong>B<\/strong>). En aquesta pla\u00e7a s&#8217;assenta el centre de la vida ayerbense, com a lloc de fires, mercats i celebracions p\u00fabliques i populars.<\/p><p>Al final de la pla\u00e7a, la carretera fa un gir de 90<sup>o<\/sup> cap a l&#8217;est per apropar-se a l&#8217;estaci\u00f3 del ferrocarril (<strong>D<\/strong>). \u00c9s en aquest lateral que s&#8217;ha assentat primordialment l&#8217;activitat industrial.<\/p><p>En canvi, la continuaci\u00f3 lineal de la Pla\u00e7a Ram\u00f3n i Cajal (<strong>E<\/strong>), ens endinsa en el nucli residencial m\u00e9s antic de la vila, amb nombroses cases senyorials en ell.<\/p><p>El recorregut que proposo ser\u00e0 de nord a sud, comen\u00e7ant per la Torre de San Pedro.<\/p>\t\t\t\t\t\t\t\t<\/div>\n\t\t\t\t<\/div>\n\t\t\t\t<div class=\"elementor-element elementor-element-2d2f0ee9 elementor-widget elementor-widget-heading\" data-id=\"2d2f0ee9\" data-element_type=\"widget\" data-e-type=\"widget\" data-widget_type=\"heading.default\">\n\t\t\t\t<div class=\"elementor-widget-container\">\n\t\t\t\t\t<h3 class=\"elementor-heading-title elementor-size-default\">Torre de la Col\u00b7legiata de San Pedro  <\/h3>\t\t\t\t<\/div>\n\t\t\t\t<\/div>\n\t\t\t\t<div class=\"elementor-element elementor-element-25c50610 elementor-widget elementor-widget-text-editor\" data-id=\"25c50610\" data-element_type=\"widget\" data-e-type=\"widget\" data-widget_type=\"text-editor.default\">\n\t\t\t\t<div class=\"elementor-widget-container\">\n\t\t\t\t\t\t\t\t\t<p>La <strong>Torre<\/strong> (<strong>1<\/strong>) que es conserva, pertany a l&#8217;antiga <strong>Col\u00b7legiata de San Pedro<\/strong> del segle XII d&#8217;estil rom\u00e0nic, que va ser demolida al segle XIX en amena\u00e7ar ru\u00efna.<\/p><p>La torre rom\u00e0nica, declarada <em>Monument Nacional<\/em> en 1924, consta de tres cossos, sent els dos \u00faltims els cossos de campanes.<\/p>\t\t\t\t\t\t\t\t<\/div>\n\t\t\t\t<\/div>\n\t\t\t\t<div class=\"elementor-element elementor-element-6897fdd9 elementor-widget elementor-widget-image\" data-id=\"6897fdd9\" data-element_type=\"widget\" data-e-type=\"widget\" data-widget_type=\"image.default\">\n\t\t\t\t<div class=\"elementor-widget-container\">\n\t\t\t\t\t\t\t\t\t\t\t\t<figure class=\"wp-caption\">\n\t\t\t\t\t\t\t\t\t\t<img loading=\"lazy\" decoding=\"async\" width=\"800\" height=\"533\" src=\"https:\/\/www.elturistatranquil.com\/wp-content\/uploads\/F05-Ayerbe-1.jpg\" class=\"attachment-large size-large wp-image-18690\" alt=\"\" srcset=\"https:\/\/www.elturistatranquil.com\/wp-content\/uploads\/F05-Ayerbe-1.jpg 800w, https:\/\/www.elturistatranquil.com\/wp-content\/uploads\/F05-Ayerbe-1-768x512.jpg 768w\" sizes=\"(max-width: 800px) 100vw, 800px\" \/>\t\t\t\t\t\t\t\t\t\t\t<figcaption class=\"widget-image-caption wp-caption-text\"><\/figcaption>\n\t\t\t\t\t\t\t\t\t\t<\/figure>\n\t\t\t\t\t\t\t\t\t<\/div>\n\t\t\t\t<\/div>\n\t\t\t\t<div class=\"elementor-element elementor-element-47e93603 elementor-widget elementor-widget-image\" data-id=\"47e93603\" data-element_type=\"widget\" data-e-type=\"widget\" data-widget_type=\"image.default\">\n\t\t\t\t<div class=\"elementor-widget-container\">\n\t\t\t\t\t\t\t\t\t\t\t\t<figure class=\"wp-caption\">\n\t\t\t\t\t\t\t\t\t\t<img loading=\"lazy\" decoding=\"async\" width=\"800\" height=\"533\" src=\"https:\/\/www.elturistatranquil.com\/wp-content\/uploads\/F06-Ayerbe-1.jpg\" class=\"attachment-large size-large wp-image-18692\" alt=\"\" srcset=\"https:\/\/www.elturistatranquil.com\/wp-content\/uploads\/F06-Ayerbe-1.jpg 800w, https:\/\/www.elturistatranquil.com\/wp-content\/uploads\/F06-Ayerbe-1-768x512.jpg 768w\" sizes=\"(max-width: 800px) 100vw, 800px\" \/>\t\t\t\t\t\t\t\t\t\t\t<figcaption class=\"widget-image-caption wp-caption-text\"><\/figcaption>\n\t\t\t\t\t\t\t\t\t\t<\/figure>\n\t\t\t\t\t\t\t\t\t<\/div>\n\t\t\t\t<\/div>\n\t\t\t\t<div class=\"elementor-element elementor-element-3f272d0b elementor-widget elementor-widget-menu-anchor\" data-id=\"3f272d0b\" data-element_type=\"widget\" data-e-type=\"widget\" data-widget_type=\"menu-anchor.default\">\n\t\t\t\t<div class=\"elementor-widget-container\">\n\t\t\t\t\t\t\t<div class=\"elementor-menu-anchor\" id=\"c3106\"><\/div>\n\t\t\t\t\t\t<\/div>\n\t\t\t\t<\/div>\n\t\t\t\t<div class=\"elementor-element elementor-element-68be42d3 elementor-widget elementor-widget-text-editor\" data-id=\"68be42d3\" data-element_type=\"widget\" data-e-type=\"widget\" data-widget_type=\"text-editor.default\">\n\t\t\t\t<div class=\"elementor-widget-container\">\n\t\t\t\t\t\t\t\t\t<p>L&#8217;interior de la torre est\u00e0 recorregut per una escala de pedra. Aquest \u00faltim pis es cobreix amb una volta de can\u00f3 refor\u00e7ada amb nervadures creuades.<\/p><p>Dos dels fronts de la torre estan oberts amb arcs geminats superposats recolzats en diferent nombre de columnetes. Els capitells s\u00f3n llisos i en el front oest els arcs s&#8217;emmarquen per una motllura de escacat jaqu\u00e9s, igual que la cornisa sobre la qual es recolza la teulada.<\/p>\t\t\t\t\t\t\t\t<\/div>\n\t\t\t\t<\/div>\n\t\t\t\t<div class=\"elementor-element elementor-element-59682837 elementor-widget elementor-widget-heading\" data-id=\"59682837\" data-element_type=\"widget\" data-e-type=\"widget\" data-widget_type=\"heading.default\">\n\t\t\t\t<div class=\"elementor-widget-container\">\n\t\t\t\t\t<h3 class=\"elementor-heading-title elementor-size-default\">Pla\u00e7a Alta i Pla\u00e7a Baja<\/h3>\t\t\t\t<\/div>\n\t\t\t\t<\/div>\n\t\t\t\t<div class=\"elementor-element elementor-element-73a75928 elementor-widget elementor-widget-text-editor\" data-id=\"73a75928\" data-element_type=\"widget\" data-e-type=\"widget\" data-widget_type=\"text-editor.default\">\n\t\t\t\t<div class=\"elementor-widget-container\">\n\t\t\t\t\t\t\t\t\t<p>L&#8217;espai desocupat a esquena del Palau de Urri\u00e9s s&#8217;ha urbanitzat formant la <strong>Pla\u00e7a Arag\u00f3n<\/strong> (o Pla\u00e7a Alta, o Pla\u00e7a Nova) (<strong>A<\/strong>), a l&#8217;extrem nord hem vista la Torre de Sant Pere. A ella d\u00f3na l&#8217;esquena al Palau.<\/p>\t\t\t\t\t\t\t\t<\/div>\n\t\t\t\t<\/div>\n\t\t\t\t<div class=\"elementor-element elementor-element-412c084e elementor-widget elementor-widget-image\" data-id=\"412c084e\" data-element_type=\"widget\" data-e-type=\"widget\" data-widget_type=\"image.default\">\n\t\t\t\t<div class=\"elementor-widget-container\">\n\t\t\t\t\t\t\t\t\t\t\t\t<figure class=\"wp-caption\">\n\t\t\t\t\t\t\t\t\t\t<img loading=\"lazy\" decoding=\"async\" width=\"800\" height=\"533\" src=\"https:\/\/www.elturistatranquil.com\/wp-content\/uploads\/F07-Ayerbe-1.jpg\" class=\"attachment-large size-large wp-image-18694\" alt=\"\" srcset=\"https:\/\/www.elturistatranquil.com\/wp-content\/uploads\/F07-Ayerbe-1.jpg 800w, https:\/\/www.elturistatranquil.com\/wp-content\/uploads\/F07-Ayerbe-1-768x512.jpg 768w\" sizes=\"(max-width: 800px) 100vw, 800px\" \/>\t\t\t\t\t\t\t\t\t\t\t<figcaption class=\"widget-image-caption wp-caption-text\"><\/figcaption>\n\t\t\t\t\t\t\t\t\t\t<\/figure>\n\t\t\t\t\t\t\t\t\t<\/div>\n\t\t\t\t<\/div>\n\t\t\t\t<div class=\"elementor-element elementor-element-31e6b3f8 elementor-widget elementor-widget-text-editor\" data-id=\"31e6b3f8\" data-element_type=\"widget\" data-e-type=\"widget\" data-widget_type=\"text-editor.default\">\n\t\t\t\t<div class=\"elementor-widget-container\">\n\t\t\t\t\t\t\t\t\t<p>Per la seva banda, al front del palau s&#8217;articula una veritable pla\u00e7a en l&#8217;entramat urb\u00e0 presidida pel palau. Tot i que el resultat actual fa l&#8217;efecte que el Palau s&#8217;hagi interposat entre les dues places en la seva configuraci\u00f3 actual.<\/p><p>La pla\u00e7a <strong>Ramon i Cajal<\/strong> (Pla\u00e7a Baja) (<strong>B<\/strong>), \u00e9s el centre de la vida ayerbense, on s&#8217;han celebrat al llarg dels segles fires i mercats, actes civils, religiosos i festius.<\/p>\t\t\t\t\t\t\t\t<\/div>\n\t\t\t\t<\/div>\n\t\t\t\t<div class=\"elementor-element elementor-element-72f1718d elementor-widget elementor-widget-image\" data-id=\"72f1718d\" data-element_type=\"widget\" data-e-type=\"widget\" data-widget_type=\"image.default\">\n\t\t\t\t<div class=\"elementor-widget-container\">\n\t\t\t\t\t\t\t\t\t\t\t\t<figure class=\"wp-caption\">\n\t\t\t\t\t\t\t\t\t\t<img loading=\"lazy\" decoding=\"async\" width=\"800\" height=\"533\" src=\"https:\/\/www.elturistatranquil.com\/wp-content\/uploads\/F46-Ayerbe-1-1.jpg\" class=\"attachment-large size-large wp-image-18696\" alt=\"\" srcset=\"https:\/\/www.elturistatranquil.com\/wp-content\/uploads\/F46-Ayerbe-1-1.jpg 800w, https:\/\/www.elturistatranquil.com\/wp-content\/uploads\/F46-Ayerbe-1-1-768x512.jpg 768w\" sizes=\"(max-width: 800px) 100vw, 800px\" \/>\t\t\t\t\t\t\t\t\t\t\t<figcaption class=\"widget-image-caption wp-caption-text\"><\/figcaption>\n\t\t\t\t\t\t\t\t\t\t<\/figure>\n\t\t\t\t\t\t\t\t\t<\/div>\n\t\t\t\t<\/div>\n\t\t\t\t<div class=\"elementor-element elementor-element-30814c78 elementor-widget elementor-widget-image\" data-id=\"30814c78\" data-element_type=\"widget\" data-e-type=\"widget\" data-widget_type=\"image.default\">\n\t\t\t\t<div class=\"elementor-widget-container\">\n\t\t\t\t\t\t\t\t\t\t\t\t<figure class=\"wp-caption\">\n\t\t\t\t\t\t\t\t\t\t<img loading=\"lazy\" decoding=\"async\" width=\"800\" height=\"533\" src=\"https:\/\/www.elturistatranquil.com\/wp-content\/uploads\/F09-Ayerbe-1.jpg\" class=\"attachment-large size-large wp-image-18698\" alt=\"\" srcset=\"https:\/\/www.elturistatranquil.com\/wp-content\/uploads\/F09-Ayerbe-1.jpg 800w, https:\/\/www.elturistatranquil.com\/wp-content\/uploads\/F09-Ayerbe-1-768x512.jpg 768w\" sizes=\"(max-width: 800px) 100vw, 800px\" \/>\t\t\t\t\t\t\t\t\t\t\t<figcaption class=\"widget-image-caption wp-caption-text\"><\/figcaption>\n\t\t\t\t\t\t\t\t\t\t<\/figure>\n\t\t\t\t\t\t\t\t\t<\/div>\n\t\t\t\t<\/div>\n\t\t\t\t<div class=\"elementor-element elementor-element-1513fd88 elementor-widget elementor-widget-menu-anchor\" data-id=\"1513fd88\" data-element_type=\"widget\" data-e-type=\"widget\" data-widget_type=\"menu-anchor.default\">\n\t\t\t\t<div class=\"elementor-widget-container\">\n\t\t\t\t\t\t\t<div class=\"elementor-menu-anchor\" id=\"c3107\"><\/div>\n\t\t\t\t\t\t<\/div>\n\t\t\t\t<\/div>\n\t\t\t\t<div class=\"elementor-element elementor-element-2d1b7c62 elementor-widget elementor-widget-image\" data-id=\"2d1b7c62\" data-element_type=\"widget\" data-e-type=\"widget\" data-widget_type=\"image.default\">\n\t\t\t\t<div class=\"elementor-widget-container\">\n\t\t\t\t\t\t\t\t\t\t\t\t<figure class=\"wp-caption\">\n\t\t\t\t\t\t\t\t\t\t<img loading=\"lazy\" decoding=\"async\" width=\"800\" height=\"533\" src=\"https:\/\/www.elturistatranquil.com\/wp-content\/uploads\/F10-Ayerbe-1.jpg\" class=\"attachment-large size-large wp-image-18700\" alt=\"\" srcset=\"https:\/\/www.elturistatranquil.com\/wp-content\/uploads\/F10-Ayerbe-1.jpg 800w, https:\/\/www.elturistatranquil.com\/wp-content\/uploads\/F10-Ayerbe-1-768x512.jpg 768w\" sizes=\"(max-width: 800px) 100vw, 800px\" \/>\t\t\t\t\t\t\t\t\t\t\t<figcaption class=\"widget-image-caption wp-caption-text\"><\/figcaption>\n\t\t\t\t\t\t\t\t\t\t<\/figure>\n\t\t\t\t\t\t\t\t\t<\/div>\n\t\t\t\t<\/div>\n\t\t\t\t<div class=\"elementor-element elementor-element-32fef560 elementor-widget elementor-widget-heading\" data-id=\"32fef560\" data-element_type=\"widget\" data-e-type=\"widget\" data-widget_type=\"heading.default\">\n\t\t\t\t<div class=\"elementor-widget-container\">\n\t\t\t\t\t<h3 class=\"elementor-heading-title elementor-size-default\">Palau dels Marquesos de Ayerbe o de Urri\u00e9s<\/h3>\t\t\t\t<\/div>\n\t\t\t\t<\/div>\n\t\t\t\t<div class=\"elementor-element elementor-element-31526622 elementor-widget elementor-widget-text-editor\" data-id=\"31526622\" data-element_type=\"widget\" data-e-type=\"widget\" data-widget_type=\"text-editor.default\">\n\t\t\t\t<div class=\"elementor-widget-container\">\n\t\t\t\t\t\t\t\t\t<p><em>Monument Hist\u00f2ric Art\u00edstic <\/em>des de 1931<\/p><p>Un dels millors exemples d&#8217;arquitectura palacial renaixentista a Arag\u00f3 \u00e9s el <strong>Palau dels marquesos de Ayerbe o d&#8217;Urri\u00e9s<\/strong> (<strong>2<\/strong>), dels segles XV-XVI. Els Urri\u00e9s van ser els \u00faltims propietaris.<\/p><p>Murs de carreus, porta de mig punt amb grans dovelles a l&#8217;estil aragon\u00e8s. Galeria superior d&#8217;arcs aragonesos i una mena de merlets que vol donar-li un aire de castell, per\u00f2 nom\u00e9s a la fa\u00e7ana i en l&#8217;esb\u00f3s de torres laterals.<\/p>\t\t\t\t\t\t\t\t<\/div>\n\t\t\t\t<\/div>\n\t\t\t\t<div class=\"elementor-element elementor-element-29a7a5e9 elementor-widget elementor-widget-image\" data-id=\"29a7a5e9\" data-element_type=\"widget\" data-e-type=\"widget\" data-widget_type=\"image.default\">\n\t\t\t\t<div class=\"elementor-widget-container\">\n\t\t\t\t\t\t\t\t\t\t\t\t<figure class=\"wp-caption\">\n\t\t\t\t\t\t\t\t\t\t<img loading=\"lazy\" decoding=\"async\" width=\"800\" height=\"533\" src=\"https:\/\/www.elturistatranquil.com\/wp-content\/uploads\/F11-Ayerbe-1.jpg\" class=\"attachment-large size-large wp-image-18702\" alt=\"\" srcset=\"https:\/\/www.elturistatranquil.com\/wp-content\/uploads\/F11-Ayerbe-1.jpg 800w, https:\/\/www.elturistatranquil.com\/wp-content\/uploads\/F11-Ayerbe-1-768x512.jpg 768w\" sizes=\"(max-width: 800px) 100vw, 800px\" \/>\t\t\t\t\t\t\t\t\t\t\t<figcaption class=\"widget-image-caption wp-caption-text\"><\/figcaption>\n\t\t\t\t\t\t\t\t\t\t<\/figure>\n\t\t\t\t\t\t\t\t\t<\/div>\n\t\t\t\t<\/div>\n\t\t\t\t<div class=\"elementor-element elementor-element-41319bc5 elementor-widget elementor-widget-text-editor\" data-id=\"41319bc5\" data-element_type=\"widget\" data-e-type=\"widget\" data-widget_type=\"text-editor.default\">\n\t\t\t\t<div class=\"elementor-widget-container\">\n\t\t\t\t\t\t\t\t\t<p>Actualment la porta principal \u00e9s l&#8217;entrada a un carrer\u00f3 que travessa el palau i desemboca a la pla\u00e7a de Arag\u00f3n.<\/p>\t\t\t\t\t\t\t\t<\/div>\n\t\t\t\t<\/div>\n\t\t\t\t<div class=\"elementor-element elementor-element-7da463d8 elementor-widget elementor-widget-menu-anchor\" data-id=\"7da463d8\" data-element_type=\"widget\" data-e-type=\"widget\" data-widget_type=\"menu-anchor.default\">\n\t\t\t\t<div class=\"elementor-widget-container\">\n\t\t\t\t\t\t\t<div class=\"elementor-menu-anchor\" id=\"c3108\"><\/div>\n\t\t\t\t\t\t<\/div>\n\t\t\t\t<\/div>\n\t\t\t\t<div class=\"elementor-element elementor-element-798b9b54 elementor-widget elementor-widget-image\" data-id=\"798b9b54\" data-element_type=\"widget\" data-e-type=\"widget\" data-widget_type=\"image.default\">\n\t\t\t\t<div class=\"elementor-widget-container\">\n\t\t\t\t\t\t\t\t\t\t\t\t<figure class=\"wp-caption\">\n\t\t\t\t\t\t\t\t\t\t<img loading=\"lazy\" decoding=\"async\" width=\"800\" height=\"533\" src=\"https:\/\/www.elturistatranquil.com\/wp-content\/uploads\/F12-Ayerbe-1.jpg\" class=\"attachment-large size-large wp-image-18704\" alt=\"\" srcset=\"https:\/\/www.elturistatranquil.com\/wp-content\/uploads\/F12-Ayerbe-1.jpg 800w, https:\/\/www.elturistatranquil.com\/wp-content\/uploads\/F12-Ayerbe-1-768x512.jpg 768w\" sizes=\"(max-width: 800px) 100vw, 800px\" \/>\t\t\t\t\t\t\t\t\t\t\t<figcaption class=\"widget-image-caption wp-caption-text\"><\/figcaption>\n\t\t\t\t\t\t\t\t\t\t<\/figure>\n\t\t\t\t\t\t\t\t\t<\/div>\n\t\t\t\t<\/div>\n\t\t\t\t<div class=\"elementor-element elementor-element-7920e875 elementor-widget elementor-widget-heading\" data-id=\"7920e875\" data-element_type=\"widget\" data-e-type=\"widget\" data-widget_type=\"heading.default\">\n\t\t\t\t<div class=\"elementor-widget-container\">\n\t\t\t\t\t<h3 class=\"elementor-heading-title elementor-size-default\">Torre del rellotge<\/h3>\t\t\t\t<\/div>\n\t\t\t\t<\/div>\n\t\t\t\t<div class=\"elementor-element elementor-element-5b71f6b7 elementor-widget elementor-widget-text-editor\" data-id=\"5b71f6b7\" data-element_type=\"widget\" data-e-type=\"widget\" data-widget_type=\"text-editor.default\">\n\t\t\t\t<div class=\"elementor-widget-container\">\n\t\t\t\t\t\t\t\t\t<p>Al lateral esquerre de del nord de la pla\u00e7a, s&#8217;observa una torre exempta, constru\u00efda per a albergar el rellotge del Consell.<\/p><p>La <strong>Torre del Rellotge<\/strong> (1798-1799) (<strong>3<\/strong>), guarda semblances en el seu estil arquitect\u00f2nic amb altres torres d&#8217;esgl\u00e9sies de la zona.<\/p>\t\t\t\t\t\t\t\t<\/div>\n\t\t\t\t<\/div>\n\t\t\t\t<div class=\"elementor-element elementor-element-97cad0a elementor-widget elementor-widget-image\" data-id=\"97cad0a\" data-element_type=\"widget\" data-e-type=\"widget\" data-widget_type=\"image.default\">\n\t\t\t\t<div class=\"elementor-widget-container\">\n\t\t\t\t\t\t\t\t\t\t\t\t<figure class=\"wp-caption\">\n\t\t\t\t\t\t\t\t\t\t<img loading=\"lazy\" decoding=\"async\" width=\"800\" height=\"533\" src=\"https:\/\/www.elturistatranquil.com\/wp-content\/uploads\/F13-Ayerbe-1.jpg\" class=\"attachment-large size-large wp-image-18706\" alt=\"\" srcset=\"https:\/\/www.elturistatranquil.com\/wp-content\/uploads\/F13-Ayerbe-1.jpg 800w, https:\/\/www.elturistatranquil.com\/wp-content\/uploads\/F13-Ayerbe-1-768x512.jpg 768w\" sizes=\"(max-width: 800px) 100vw, 800px\" \/>\t\t\t\t\t\t\t\t\t\t\t<figcaption class=\"widget-image-caption wp-caption-text\"><\/figcaption>\n\t\t\t\t\t\t\t\t\t\t<\/figure>\n\t\t\t\t\t\t\t\t\t<\/div>\n\t\t\t\t<\/div>\n\t\t\t\t<div class=\"elementor-element elementor-element-5adae339 elementor-widget elementor-widget-image\" data-id=\"5adae339\" data-element_type=\"widget\" data-e-type=\"widget\" data-widget_type=\"image.default\">\n\t\t\t\t<div class=\"elementor-widget-container\">\n\t\t\t\t\t\t\t\t\t\t\t\t<figure class=\"wp-caption\">\n\t\t\t\t\t\t\t\t\t\t<img loading=\"lazy\" decoding=\"async\" width=\"800\" height=\"533\" src=\"https:\/\/www.elturistatranquil.com\/wp-content\/uploads\/F14-Ayerbe-1.jpg\" class=\"attachment-large size-large wp-image-18708\" alt=\"\" srcset=\"https:\/\/www.elturistatranquil.com\/wp-content\/uploads\/F14-Ayerbe-1.jpg 800w, https:\/\/www.elturistatranquil.com\/wp-content\/uploads\/F14-Ayerbe-1-768x512.jpg 768w\" sizes=\"(max-width: 800px) 100vw, 800px\" \/>\t\t\t\t\t\t\t\t\t\t\t<figcaption class=\"widget-image-caption wp-caption-text\"><\/figcaption>\n\t\t\t\t\t\t\t\t\t\t<\/figure>\n\t\t\t\t\t\t\t\t\t<\/div>\n\t\t\t\t<\/div>\n\t\t\t\t<div class=\"elementor-element elementor-element-6b42783c elementor-widget elementor-widget-menu-anchor\" data-id=\"6b42783c\" data-element_type=\"widget\" data-e-type=\"widget\" data-widget_type=\"menu-anchor.default\">\n\t\t\t\t<div class=\"elementor-widget-container\">\n\t\t\t\t\t\t\t<div class=\"elementor-menu-anchor\" id=\"c3109\"><\/div>\n\t\t\t\t\t\t<\/div>\n\t\t\t\t<\/div>\n\t\t\t\t<div class=\"elementor-element elementor-element-61050d49 elementor-widget elementor-widget-text-editor\" data-id=\"61050d49\" data-element_type=\"widget\" data-e-type=\"widget\" data-widget_type=\"text-editor.default\">\n\t\t\t\t<div class=\"elementor-widget-container\">\n\t\t\t\t\t\t\t\t\t<p>Des de l&#8217;Edat Mitjana els tocs de campanes de Ayerbe han estat determinants per al desenvolupament de la vida quotidiana de la Vila: marcaven les hores dels resos, el ritme de treball, la jornada laboral, l&#8217;horari dels comer\u00e7os, els avisos d&#8217;incendi , etc.<\/p><p>En origen, el rellotge era mec\u00e0nic, accionat per un pes que penjava d&#8217;una cadena. El 1960 es va substituir per un d&#8217;el\u00e8ctric i el 2006 es va instal\u00b7lar un d&#8217;electr\u00f2nic.<\/p>\t\t\t\t\t\t\t\t<\/div>\n\t\t\t\t<\/div>\n\t\t\t\t<div class=\"elementor-element elementor-element-b3c02a3 elementor-widget elementor-widget-heading\" data-id=\"b3c02a3\" data-element_type=\"widget\" data-e-type=\"widget\" data-widget_type=\"heading.default\">\n\t\t\t\t<div class=\"elementor-widget-container\">\n\t\t\t\t\t<h3 class=\"elementor-heading-title elementor-size-default\">Antic Ajuntament<\/h3>\t\t\t\t<\/div>\n\t\t\t\t<\/div>\n\t\t\t\t<div class=\"elementor-element elementor-element-2a08c8f0 elementor-widget elementor-widget-text-editor\" data-id=\"2a08c8f0\" data-element_type=\"widget\" data-e-type=\"widget\" data-widget_type=\"text-editor.default\">\n\t\t\t\t<div class=\"elementor-widget-container\">\n\t\t\t\t\t\t\t\t\t<p>Darrere de la Torre del rellotge es troba l&#8217;edifici de l&#8217;antiga seu del <strong>Consell de Ayerbe<\/strong> (<strong>4<\/strong>), on tamb\u00e9 va estar situada la seu de Just\u00edcia i la seua Cort.<\/p><p><em>La C\u00e1rcel<\/em> \u00e9s el nom amb qu\u00e8 es coneix a aquest edifici de la Vila de Ayerbe. Va ser constru\u00eft el 1616 per ser la seu del Consell municipal i pres\u00f3 local. Entre 1776 i 1777 va ser remodelada. Va funcionar com a Ajuntament fins a finals del segle XIX i com a pres\u00f3 fins a meitat del segle XX. En l&#8217;actualitat alberga la Notaria i les oficines de la Societat de la Sarda.<\/p>\t\t\t\t\t\t\t\t<\/div>\n\t\t\t\t<\/div>\n\t\t\t\t<div class=\"elementor-element elementor-element-43e70ea8 elementor-widget elementor-widget-menu-anchor\" data-id=\"43e70ea8\" data-element_type=\"widget\" data-e-type=\"widget\" data-widget_type=\"menu-anchor.default\">\n\t\t\t\t<div class=\"elementor-widget-container\">\n\t\t\t\t\t\t\t<div class=\"elementor-menu-anchor\" id=\"c3110\"><\/div>\n\t\t\t\t\t\t<\/div>\n\t\t\t\t<\/div>\n\t\t\t\t<div class=\"elementor-element elementor-element-3e025d92 elementor-widget elementor-widget-image\" data-id=\"3e025d92\" data-element_type=\"widget\" data-e-type=\"widget\" data-widget_type=\"image.default\">\n\t\t\t\t<div class=\"elementor-widget-container\">\n\t\t\t\t\t\t\t\t\t\t\t\t<figure class=\"wp-caption\">\n\t\t\t\t\t\t\t\t\t\t<img loading=\"lazy\" decoding=\"async\" width=\"800\" height=\"533\" src=\"https:\/\/www.elturistatranquil.com\/wp-content\/uploads\/F15-Ayerbe-1.jpg\" class=\"attachment-large size-large wp-image-18710\" alt=\"\" srcset=\"https:\/\/www.elturistatranquil.com\/wp-content\/uploads\/F15-Ayerbe-1.jpg 800w, https:\/\/www.elturistatranquil.com\/wp-content\/uploads\/F15-Ayerbe-1-768x512.jpg 768w\" sizes=\"(max-width: 800px) 100vw, 800px\" \/>\t\t\t\t\t\t\t\t\t\t\t<figcaption class=\"widget-image-caption wp-caption-text\"><\/figcaption>\n\t\t\t\t\t\t\t\t\t\t<\/figure>\n\t\t\t\t\t\t\t\t\t<\/div>\n\t\t\t\t<\/div>\n\t\t\t\t<div class=\"elementor-element elementor-element-28b4b25a elementor-widget elementor-widget-heading\" data-id=\"28b4b25a\" data-element_type=\"widget\" data-e-type=\"widget\" data-widget_type=\"heading.default\">\n\t\t\t\t<div class=\"elementor-widget-container\">\n\t\t\t\t\t<h3 class=\"elementor-heading-title elementor-size-default\">Arquitectura civil. Passeig per la zona vella<\/h3>\t\t\t\t<\/div>\n\t\t\t\t<\/div>\n\t\t\t\t<div class=\"elementor-element elementor-element-37fc494d elementor-widget elementor-widget-text-editor\" data-id=\"37fc494d\" data-element_type=\"widget\" data-e-type=\"widget\" data-widget_type=\"text-editor.default\">\n\t\t\t\t<div class=\"elementor-widget-container\">\n\t\t\t\t\t\t\t\t\t<p>Ayerbe compta amb un magn\u00edfic conjunt d&#8217;arquitectura civil que segueix el model establert al segle XVI que es mant\u00e9 fins al segle XIX. Les formes d&#8217;aquesta arquitectura s\u00f3n comuns a tot el Somontano altaragon\u00e8s, la zona d&#8217;Osca situada a les portes del Pirineu.<\/p><p>Endinsem-nos en la continuaci\u00f3 lineal de la Pla\u00e7a de Santiago Ram\u00f3n i Cajal (Pla\u00e7a Baja), pels <strong>carrers Luis Espada<\/strong> i <strong>Rafael Gasset<\/strong> (Carrer Nou) (<strong>E<\/strong>), s\u00f3n els espais urbans de Ayerbe amb els millors exemples d&#8217;aquest tipus d&#8217;arquitectura civil .<\/p>\t\t\t\t\t\t\t\t<\/div>\n\t\t\t\t<\/div>\n\t\t\t\t<div class=\"elementor-element elementor-element-67232370 elementor-widget elementor-widget-image\" data-id=\"67232370\" data-element_type=\"widget\" data-e-type=\"widget\" data-widget_type=\"image.default\">\n\t\t\t\t<div class=\"elementor-widget-container\">\n\t\t\t\t\t\t\t\t\t\t\t\t<figure class=\"wp-caption\">\n\t\t\t\t\t\t\t\t\t\t<img loading=\"lazy\" decoding=\"async\" width=\"800\" height=\"533\" src=\"https:\/\/www.elturistatranquil.com\/wp-content\/uploads\/F16-Ayerbe-1.jpg\" class=\"attachment-large size-large wp-image-18712\" alt=\"\" srcset=\"https:\/\/www.elturistatranquil.com\/wp-content\/uploads\/F16-Ayerbe-1.jpg 800w, https:\/\/www.elturistatranquil.com\/wp-content\/uploads\/F16-Ayerbe-1-768x512.jpg 768w\" sizes=\"(max-width: 800px) 100vw, 800px\" \/>\t\t\t\t\t\t\t\t\t\t\t<figcaption class=\"widget-image-caption wp-caption-text\">Carrer de Rafael Gasset<\/figcaption>\n\t\t\t\t\t\t\t\t\t\t<\/figure>\n\t\t\t\t\t\t\t\t\t<\/div>\n\t\t\t\t<\/div>\n\t\t\t\t<div class=\"elementor-element elementor-element-7a735944 elementor-widget elementor-widget-image\" data-id=\"7a735944\" data-element_type=\"widget\" data-e-type=\"widget\" data-widget_type=\"image.default\">\n\t\t\t\t<div class=\"elementor-widget-container\">\n\t\t\t\t\t\t\t\t\t\t\t\t<figure class=\"wp-caption\">\n\t\t\t\t\t\t\t\t\t\t<img loading=\"lazy\" decoding=\"async\" width=\"800\" height=\"533\" src=\"https:\/\/www.elturistatranquil.com\/wp-content\/uploads\/F17-Ayerbe-1.jpg\" class=\"attachment-large size-large wp-image-18714\" alt=\"\" srcset=\"https:\/\/www.elturistatranquil.com\/wp-content\/uploads\/F17-Ayerbe-1.jpg 800w, https:\/\/www.elturistatranquil.com\/wp-content\/uploads\/F17-Ayerbe-1-768x512.jpg 768w\" sizes=\"(max-width: 800px) 100vw, 800px\" \/>\t\t\t\t\t\t\t\t\t\t\t<figcaption class=\"widget-image-caption wp-caption-text\">Carrer de Luis Espada<\/figcaption>\n\t\t\t\t\t\t\t\t\t\t<\/figure>\n\t\t\t\t\t\t\t\t\t<\/div>\n\t\t\t\t<\/div>\n\t\t\t\t<div class=\"elementor-element elementor-element-2c44089b elementor-widget elementor-widget-text-editor\" data-id=\"2c44089b\" data-element_type=\"widget\" data-e-type=\"widget\" data-widget_type=\"text-editor.default\">\n\t\t\t\t<div class=\"elementor-widget-container\">\n\t\t\t\t\t\t\t\t\t<p>Aquests exemples s\u00f3n cases pairals de fam\u00edlies nobili\u00e0ries i <em>infanzonas<\/em> i de propietaris pagesos que, tot i que no comptaven amb un t\u00edtol nobiliari disposaven de fortes rendes i patrimonis. Els models constructius, d&#8217;una elegant simplicitat, es conformen al segle XVI, \u00e8poca en la qual es construeixen els millors exemples. Al segle XVIII hi haur\u00e0 un important fenomen de renovaci\u00f3 de les mateixes amb dimensions, acabats i organitzaci\u00f3 interior que pretenien emular als palaus dels grans senyors.<\/p><p>Distribuci\u00f3 interior en tres nivells. Planta baixa, despr\u00e9s de creuar generalment un arc de mig punt, s&#8217;obre un espai\u00f3s vest\u00edbul que d\u00f3na pas a les quadres i al celler. A la primera planta es disposa la sala principal amb la llar al voltant de la qual s&#8217;organitzen les alcoves. L&#8217;\u00faltima planta estava destinada a graners i falses.<\/p><p>Acabaments de grans r\u00e0fecs volats de fusta, en alguns casos amb espl\u00e8ndids treballs de fusteria, o amb cornises de composicions de maons.<\/p><p>Galeria d&#8217;arcs aragonesa, \u00e9s a dir, d&#8217;arcs de mig punt, generalment de totxo.<\/p><p>Sobre l&#8217;arc, en molts casos, es disposa l&#8217;escut d&#8217;armes dels propietaris.<\/p><p>A la cantonada del carrer Rafel Gasset es troba la <strong>casa Ponz o Palau de los Luna <\/strong>(<strong>5<\/strong>), renaixentista aragon\u00e8s.<\/p>\t\t\t\t\t\t\t\t<\/div>\n\t\t\t\t<\/div>\n\t\t\t\t<div class=\"elementor-element elementor-element-1018148 elementor-widget elementor-widget-image\" data-id=\"1018148\" data-element_type=\"widget\" data-e-type=\"widget\" data-widget_type=\"image.default\">\n\t\t\t\t<div class=\"elementor-widget-container\">\n\t\t\t\t\t\t\t\t\t\t\t\t<figure class=\"wp-caption\">\n\t\t\t\t\t\t\t\t\t\t<img loading=\"lazy\" decoding=\"async\" width=\"800\" height=\"533\" src=\"https:\/\/www.elturistatranquil.com\/wp-content\/uploads\/F18-Ayerbe-Palacio-de-los-Luna-1.jpg\" class=\"attachment-large size-large wp-image-18716\" alt=\"\" srcset=\"https:\/\/www.elturistatranquil.com\/wp-content\/uploads\/F18-Ayerbe-Palacio-de-los-Luna-1.jpg 800w, https:\/\/www.elturistatranquil.com\/wp-content\/uploads\/F18-Ayerbe-Palacio-de-los-Luna-1-768x512.jpg 768w\" sizes=\"(max-width: 800px) 100vw, 800px\" \/>\t\t\t\t\t\t\t\t\t\t\t<figcaption class=\"widget-image-caption wp-caption-text\"><\/figcaption>\n\t\t\t\t\t\t\t\t\t\t<\/figure>\n\t\t\t\t\t\t\t\t\t<\/div>\n\t\t\t\t<\/div>\n\t\t\t\t<div class=\"elementor-element elementor-element-6f529640 elementor-widget elementor-widget-text-editor\" data-id=\"6f529640\" data-element_type=\"widget\" data-e-type=\"widget\" data-widget_type=\"text-editor.default\">\n\t\t\t\t<div class=\"elementor-widget-container\">\n\t\t\t\t\t\t\t\t\t<p>A la cantonada del carrer Luis Espada s&#8217;al\u00e7a la <strong>Casa Normante<\/strong> (<strong>6<\/strong>), amb el seu corresponent escut d&#8217;armes, com la gran majoria.<\/p>\t\t\t\t\t\t\t\t<\/div>\n\t\t\t\t<\/div>\n\t\t\t\t<div class=\"elementor-element elementor-element-a2b725d elementor-widget elementor-widget-image\" data-id=\"a2b725d\" data-element_type=\"widget\" data-e-type=\"widget\" data-widget_type=\"image.default\">\n\t\t\t\t<div class=\"elementor-widget-container\">\n\t\t\t\t\t\t\t\t\t\t\t\t<figure class=\"wp-caption\">\n\t\t\t\t\t\t\t\t\t\t<img loading=\"lazy\" decoding=\"async\" width=\"800\" height=\"533\" src=\"https:\/\/www.elturistatranquil.com\/wp-content\/uploads\/F19-Ayerbe-1.jpg\" class=\"attachment-large size-large wp-image-18718\" alt=\"\" srcset=\"https:\/\/www.elturistatranquil.com\/wp-content\/uploads\/F19-Ayerbe-1.jpg 800w, https:\/\/www.elturistatranquil.com\/wp-content\/uploads\/F19-Ayerbe-1-768x512.jpg 768w\" sizes=\"(max-width: 800px) 100vw, 800px\" \/>\t\t\t\t\t\t\t\t\t\t\t<figcaption class=\"widget-image-caption wp-caption-text\"><\/figcaption>\n\t\t\t\t\t\t\t\t\t\t<\/figure>\n\t\t\t\t\t\t\t\t\t<\/div>\n\t\t\t\t<\/div>\n\t\t\t\t<div class=\"elementor-element elementor-element-48553cdf elementor-widget elementor-widget-image\" data-id=\"48553cdf\" data-element_type=\"widget\" data-e-type=\"widget\" data-widget_type=\"image.default\">\n\t\t\t\t<div class=\"elementor-widget-container\">\n\t\t\t\t\t\t\t\t\t\t\t\t<figure class=\"wp-caption\">\n\t\t\t\t\t\t\t\t\t\t<img loading=\"lazy\" decoding=\"async\" width=\"800\" height=\"533\" src=\"https:\/\/www.elturistatranquil.com\/wp-content\/uploads\/F20-Ayerbe-1.jpg\" class=\"attachment-large size-large wp-image-18720\" alt=\"\" srcset=\"https:\/\/www.elturistatranquil.com\/wp-content\/uploads\/F20-Ayerbe-1.jpg 800w, https:\/\/www.elturistatranquil.com\/wp-content\/uploads\/F20-Ayerbe-1-768x512.jpg 768w\" sizes=\"(max-width: 800px) 100vw, 800px\" \/>\t\t\t\t\t\t\t\t\t\t\t<figcaption class=\"widget-image-caption wp-caption-text\"><\/figcaption>\n\t\t\t\t\t\t\t\t\t\t<\/figure>\n\t\t\t\t\t\t\t\t\t<\/div>\n\t\t\t\t<\/div>\n\t\t\t\t<div class=\"elementor-element elementor-element-1daa10f6 elementor-widget elementor-widget-text-editor\" data-id=\"1daa10f6\" data-element_type=\"widget\" data-e-type=\"widget\" data-widget_type=\"text-editor.default\">\n\t\t\t\t<div class=\"elementor-widget-container\">\n\t\t\t\t\t\t\t\t\t<p>Els exemples de cases pairals i escuts es repeteixen al llarg d&#8217;aquests carrers, intercalades amb cases d&#8217;arquitectura popular (<strong>E<\/strong>).<\/p>\t\t\t\t\t\t\t\t<\/div>\n\t\t\t\t<\/div>\n\t\t\t\t<div class=\"elementor-element elementor-element-1fb10c42 elementor-widget elementor-widget-image\" data-id=\"1fb10c42\" data-element_type=\"widget\" data-e-type=\"widget\" data-widget_type=\"image.default\">\n\t\t\t\t<div class=\"elementor-widget-container\">\n\t\t\t\t\t\t\t\t\t\t\t\t<figure class=\"wp-caption\">\n\t\t\t\t\t\t\t\t\t\t<img loading=\"lazy\" decoding=\"async\" width=\"800\" height=\"533\" src=\"https:\/\/www.elturistatranquil.com\/wp-content\/uploads\/F21-Ayerbe-1.jpg\" class=\"attachment-large size-large wp-image-18722\" alt=\"\" srcset=\"https:\/\/www.elturistatranquil.com\/wp-content\/uploads\/F21-Ayerbe-1.jpg 800w, https:\/\/www.elturistatranquil.com\/wp-content\/uploads\/F21-Ayerbe-1-768x512.jpg 768w\" sizes=\"(max-width: 800px) 100vw, 800px\" \/>\t\t\t\t\t\t\t\t\t\t\t<figcaption class=\"widget-image-caption wp-caption-text\"><\/figcaption>\n\t\t\t\t\t\t\t\t\t\t<\/figure>\n\t\t\t\t\t\t\t\t\t<\/div>\n\t\t\t\t<\/div>\n\t\t\t\t<div class=\"elementor-element elementor-element-6b2349be elementor-widget elementor-widget-image\" data-id=\"6b2349be\" data-element_type=\"widget\" data-e-type=\"widget\" data-widget_type=\"image.default\">\n\t\t\t\t<div class=\"elementor-widget-container\">\n\t\t\t\t\t\t\t\t\t\t\t\t<figure class=\"wp-caption\">\n\t\t\t\t\t\t\t\t\t\t<img loading=\"lazy\" decoding=\"async\" width=\"404\" height=\"550\" src=\"https:\/\/www.elturistatranquil.com\/wp-content\/uploads\/F22-Ayerbe-1.jpg\" class=\"attachment-large size-large wp-image-18724\" alt=\"\" \/>\t\t\t\t\t\t\t\t\t\t\t<figcaption class=\"widget-image-caption wp-caption-text\"><\/figcaption>\n\t\t\t\t\t\t\t\t\t\t<\/figure>\n\t\t\t\t\t\t\t\t\t<\/div>\n\t\t\t\t<\/div>\n\t\t\t\t<div class=\"elementor-element elementor-element-6fb5b86a elementor-widget elementor-widget-image\" data-id=\"6fb5b86a\" data-element_type=\"widget\" data-e-type=\"widget\" data-widget_type=\"image.default\">\n\t\t\t\t<div class=\"elementor-widget-container\">\n\t\t\t\t\t\t\t\t\t\t\t\t<figure class=\"wp-caption\">\n\t\t\t\t\t\t\t\t\t\t<img loading=\"lazy\" decoding=\"async\" width=\"800\" height=\"533\" src=\"https:\/\/www.elturistatranquil.com\/wp-content\/uploads\/F23-Ayerbe-1.jpg\" class=\"attachment-large size-large wp-image-18726\" alt=\"\" srcset=\"https:\/\/www.elturistatranquil.com\/wp-content\/uploads\/F23-Ayerbe-1.jpg 800w, https:\/\/www.elturistatranquil.com\/wp-content\/uploads\/F23-Ayerbe-1-768x512.jpg 768w\" sizes=\"(max-width: 800px) 100vw, 800px\" \/>\t\t\t\t\t\t\t\t\t\t\t<figcaption class=\"widget-image-caption wp-caption-text\"><\/figcaption>\n\t\t\t\t\t\t\t\t\t\t<\/figure>\n\t\t\t\t\t\t\t\t\t<\/div>\n\t\t\t\t<\/div>\n\t\t\t\t<div class=\"elementor-element elementor-element-515db5c1 elementor-widget elementor-widget-image\" data-id=\"515db5c1\" data-element_type=\"widget\" data-e-type=\"widget\" data-widget_type=\"image.default\">\n\t\t\t\t<div class=\"elementor-widget-container\">\n\t\t\t\t\t\t\t\t\t\t\t\t<figure class=\"wp-caption\">\n\t\t\t\t\t\t\t\t\t\t<img loading=\"lazy\" decoding=\"async\" width=\"800\" height=\"533\" src=\"https:\/\/www.elturistatranquil.com\/wp-content\/uploads\/F24-Ayerbe-1.jpg\" class=\"attachment-large size-large wp-image-18728\" alt=\"\" srcset=\"https:\/\/www.elturistatranquil.com\/wp-content\/uploads\/F24-Ayerbe-1.jpg 800w, https:\/\/www.elturistatranquil.com\/wp-content\/uploads\/F24-Ayerbe-1-768x512.jpg 768w\" sizes=\"(max-width: 800px) 100vw, 800px\" \/>\t\t\t\t\t\t\t\t\t\t\t<figcaption class=\"widget-image-caption wp-caption-text\"><\/figcaption>\n\t\t\t\t\t\t\t\t\t\t<\/figure>\n\t\t\t\t\t\t\t\t\t<\/div>\n\t\t\t\t<\/div>\n\t\t\t\t<div class=\"elementor-element elementor-element-797f659d elementor-widget elementor-widget-image\" data-id=\"797f659d\" data-element_type=\"widget\" data-e-type=\"widget\" data-widget_type=\"image.default\">\n\t\t\t\t<div class=\"elementor-widget-container\">\n\t\t\t\t\t\t\t\t\t\t\t\t<figure class=\"wp-caption\">\n\t\t\t\t\t\t\t\t\t\t<img loading=\"lazy\" decoding=\"async\" width=\"800\" height=\"533\" src=\"https:\/\/www.elturistatranquil.com\/wp-content\/uploads\/F25-Ayerbe-1.jpg\" class=\"attachment-large size-large wp-image-18730\" alt=\"\" srcset=\"https:\/\/www.elturistatranquil.com\/wp-content\/uploads\/F25-Ayerbe-1.jpg 800w, https:\/\/www.elturistatranquil.com\/wp-content\/uploads\/F25-Ayerbe-1-768x512.jpg 768w\" sizes=\"(max-width: 800px) 100vw, 800px\" \/>\t\t\t\t\t\t\t\t\t\t\t<figcaption class=\"widget-image-caption wp-caption-text\"><\/figcaption>\n\t\t\t\t\t\t\t\t\t\t<\/figure>\n\t\t\t\t\t\t\t\t\t<\/div>\n\t\t\t\t<\/div>\n\t\t\t\t<div class=\"elementor-element elementor-element-e9081f5 elementor-widget elementor-widget-image\" data-id=\"e9081f5\" data-element_type=\"widget\" data-e-type=\"widget\" data-widget_type=\"image.default\">\n\t\t\t\t<div class=\"elementor-widget-container\">\n\t\t\t\t\t\t\t\t\t\t\t\t<figure class=\"wp-caption\">\n\t\t\t\t\t\t\t\t\t\t<img loading=\"lazy\" decoding=\"async\" width=\"800\" height=\"533\" src=\"https:\/\/www.elturistatranquil.com\/wp-content\/uploads\/F26-Ayerbe-1.jpg\" class=\"attachment-large size-large wp-image-18732\" alt=\"\" srcset=\"https:\/\/www.elturistatranquil.com\/wp-content\/uploads\/F26-Ayerbe-1.jpg 800w, https:\/\/www.elturistatranquil.com\/wp-content\/uploads\/F26-Ayerbe-1-768x512.jpg 768w\" sizes=\"(max-width: 800px) 100vw, 800px\" \/>\t\t\t\t\t\t\t\t\t\t\t<figcaption class=\"widget-image-caption wp-caption-text\"><\/figcaption>\n\t\t\t\t\t\t\t\t\t\t<\/figure>\n\t\t\t\t\t\t\t\t\t<\/div>\n\t\t\t\t<\/div>\n\t\t\t\t<div class=\"elementor-element elementor-element-5c3d7c40 elementor-widget elementor-widget-image\" data-id=\"5c3d7c40\" data-element_type=\"widget\" data-e-type=\"widget\" data-widget_type=\"image.default\">\n\t\t\t\t<div class=\"elementor-widget-container\">\n\t\t\t\t\t\t\t\t\t\t\t\t<figure class=\"wp-caption\">\n\t\t\t\t\t\t\t\t\t\t<img loading=\"lazy\" decoding=\"async\" width=\"800\" height=\"533\" src=\"https:\/\/www.elturistatranquil.com\/wp-content\/uploads\/F27-Ayerbe-1.jpg\" class=\"attachment-large size-large wp-image-18734\" alt=\"\" srcset=\"https:\/\/www.elturistatranquil.com\/wp-content\/uploads\/F27-Ayerbe-1.jpg 800w, https:\/\/www.elturistatranquil.com\/wp-content\/uploads\/F27-Ayerbe-1-768x512.jpg 768w\" sizes=\"(max-width: 800px) 100vw, 800px\" \/>\t\t\t\t\t\t\t\t\t\t\t<figcaption class=\"widget-image-caption wp-caption-text\"><\/figcaption>\n\t\t\t\t\t\t\t\t\t\t<\/figure>\n\t\t\t\t\t\t\t\t\t<\/div>\n\t\t\t\t<\/div>\n\t\t\t\t<div class=\"elementor-element elementor-element-7a17e889 elementor-widget elementor-widget-menu-anchor\" data-id=\"7a17e889\" data-element_type=\"widget\" data-e-type=\"widget\" data-widget_type=\"menu-anchor.default\">\n\t\t\t\t<div class=\"elementor-widget-container\">\n\t\t\t\t\t\t\t<div class=\"elementor-menu-anchor\" id=\"c3111\"><\/div>\n\t\t\t\t\t\t<\/div>\n\t\t\t\t<\/div>\n\t\t\t\t<div class=\"elementor-element elementor-element-573859e0 elementor-widget elementor-widget-image\" data-id=\"573859e0\" data-element_type=\"widget\" data-e-type=\"widget\" data-widget_type=\"image.default\">\n\t\t\t\t<div class=\"elementor-widget-container\">\n\t\t\t\t\t\t\t\t\t\t\t\t<figure class=\"wp-caption\">\n\t\t\t\t\t\t\t\t\t\t<img loading=\"lazy\" decoding=\"async\" width=\"800\" height=\"533\" src=\"https:\/\/www.elturistatranquil.com\/wp-content\/uploads\/F28-Ayerbe-1.jpg\" class=\"attachment-large size-large wp-image-18736\" alt=\"\" srcset=\"https:\/\/www.elturistatranquil.com\/wp-content\/uploads\/F28-Ayerbe-1.jpg 800w, https:\/\/www.elturistatranquil.com\/wp-content\/uploads\/F28-Ayerbe-1-768x512.jpg 768w\" sizes=\"(max-width: 800px) 100vw, 800px\" \/>\t\t\t\t\t\t\t\t\t\t\t<figcaption class=\"widget-image-caption wp-caption-text\"><\/figcaption>\n\t\t\t\t\t\t\t\t\t\t<\/figure>\n\t\t\t\t\t\t\t\t\t<\/div>\n\t\t\t\t<\/div>\n\t\t\t\t<div class=\"elementor-element elementor-element-11630068 elementor-widget elementor-widget-heading\" data-id=\"11630068\" data-element_type=\"widget\" data-e-type=\"widget\" data-widget_type=\"heading.default\">\n\t\t\t\t<div class=\"elementor-widget-container\">\n\t\t\t\t\t<h3 class=\"elementor-heading-title elementor-size-default\">Esgl\u00e9sia Parroquial de San Pedro<\/h3>\t\t\t\t<\/div>\n\t\t\t\t<\/div>\n\t\t\t\t<div class=\"elementor-element elementor-element-71c82477 elementor-widget elementor-widget-text-editor\" data-id=\"71c82477\" data-element_type=\"widget\" data-e-type=\"widget\" data-widget_type=\"text-editor.default\">\n\t\t\t\t<div class=\"elementor-widget-container\">\n\t\t\t\t\t\t\t\t\t<p>Al final de la pla\u00e7a, el carrer principal fa un revolt de 90<sup>0<\/sup> al carrer Joaquim Costa. A mig carrer es troba l&#8217;<strong>Esgl\u00e9sia Parroquial de San Pedro<\/strong> (<strong>7<\/strong>).<\/p><p>Es tracta de l&#8217;antic <strong>convent de Dominics<\/strong> que els marquesos de Ayerbe, Don Hugo de Urri\u00e9 i donya Greyda de Lanuza, van fer construir entre 1543 i 1548, amb una portada en pedra i carreus, del segle XVII.<\/p>\t\t\t\t\t\t\t\t<\/div>\n\t\t\t\t<\/div>\n\t\t\t\t<div class=\"elementor-element elementor-element-5cc3c095 elementor-widget elementor-widget-image\" data-id=\"5cc3c095\" data-element_type=\"widget\" data-e-type=\"widget\" data-widget_type=\"image.default\">\n\t\t\t\t<div class=\"elementor-widget-container\">\n\t\t\t\t\t\t\t\t\t\t\t\t<figure class=\"wp-caption\">\n\t\t\t\t\t\t\t\t\t\t<img loading=\"lazy\" decoding=\"async\" width=\"800\" height=\"533\" src=\"https:\/\/www.elturistatranquil.com\/wp-content\/uploads\/F29-Ayerbe-1.jpg\" class=\"attachment-large size-large wp-image-18738\" alt=\"\" srcset=\"https:\/\/www.elturistatranquil.com\/wp-content\/uploads\/F29-Ayerbe-1.jpg 800w, https:\/\/www.elturistatranquil.com\/wp-content\/uploads\/F29-Ayerbe-1-768x512.jpg 768w\" sizes=\"(max-width: 800px) 100vw, 800px\" \/>\t\t\t\t\t\t\t\t\t\t\t<figcaption class=\"widget-image-caption wp-caption-text\"><\/figcaption>\n\t\t\t\t\t\t\t\t\t\t<\/figure>\n\t\t\t\t\t\t\t\t\t<\/div>\n\t\t\t\t<\/div>\n\t\t\t\t<div class=\"elementor-element elementor-element-1cad5fa6 elementor-widget elementor-widget-image\" data-id=\"1cad5fa6\" data-element_type=\"widget\" data-e-type=\"widget\" data-widget_type=\"image.default\">\n\t\t\t\t<div class=\"elementor-widget-container\">\n\t\t\t\t\t\t\t\t\t\t\t\t<figure class=\"wp-caption\">\n\t\t\t\t\t\t\t\t\t\t<img loading=\"lazy\" decoding=\"async\" width=\"800\" height=\"533\" src=\"https:\/\/www.elturistatranquil.com\/wp-content\/uploads\/F30-Ayerbe-1.jpg\" class=\"attachment-large size-large wp-image-18740\" alt=\"\" srcset=\"https:\/\/www.elturistatranquil.com\/wp-content\/uploads\/F30-Ayerbe-1.jpg 800w, https:\/\/www.elturistatranquil.com\/wp-content\/uploads\/F30-Ayerbe-1-768x512.jpg 768w\" sizes=\"(max-width: 800px) 100vw, 800px\" \/>\t\t\t\t\t\t\t\t\t\t\t<figcaption class=\"widget-image-caption wp-caption-text\"><\/figcaption>\n\t\t\t\t\t\t\t\t\t\t<\/figure>\n\t\t\t\t\t\t\t\t\t<\/div>\n\t\t\t\t<\/div>\n\t\t\t\t<div class=\"elementor-element elementor-element-5886f494 elementor-widget elementor-widget-menu-anchor\" data-id=\"5886f494\" data-element_type=\"widget\" data-e-type=\"widget\" data-widget_type=\"menu-anchor.default\">\n\t\t\t\t<div class=\"elementor-widget-container\">\n\t\t\t\t\t\t\t<div class=\"elementor-menu-anchor\" id=\"c3112\"><\/div>\n\t\t\t\t\t\t<\/div>\n\t\t\t\t<\/div>\n\t\t\t\t<div class=\"elementor-element elementor-element-60429a20 elementor-widget elementor-widget-text-editor\" data-id=\"60429a20\" data-element_type=\"widget\" data-e-type=\"widget\" data-widget_type=\"text-editor.default\">\n\t\t\t\t<div class=\"elementor-widget-container\">\n\t\t\t\t\t\t\t\t\t<p>Com ja he indicat, davant el perill d&#8217;enfonsament de l&#8217;esgl\u00e9sia rom\u00e0nica de San Pedro, a mitjan segle XIX es va convertir l&#8217;esgl\u00e9sia del convent en parr\u00f2quia.<\/p>\t\t\t\t\t\t\t\t<\/div>\n\t\t\t\t<\/div>\n\t\t\t\t<div class=\"elementor-element elementor-element-57bf7cb2 elementor-widget elementor-widget-heading\" data-id=\"57bf7cb2\" data-element_type=\"widget\" data-e-type=\"widget\" data-widget_type=\"heading.default\">\n\t\t\t\t<div class=\"elementor-widget-container\">\n\t\t\t\t\t<h3 class=\"elementor-heading-title elementor-size-default\">F\u00e0brica de farines i Electra Ayerbe<\/h3>\t\t\t\t<\/div>\n\t\t\t\t<\/div>\n\t\t\t\t<div class=\"elementor-element elementor-element-2281b6b elementor-widget elementor-widget-text-editor\" data-id=\"2281b6b\" data-element_type=\"widget\" data-e-type=\"widget\" data-widget_type=\"text-editor.default\">\n\t\t\t\t<div class=\"elementor-widget-container\">\n\t\t\t\t\t\t\t\t\t<p>En arribar al primer revolt del carrer Joaquim Costa es troba una primitiva edificaci\u00f3 industrial corresponent a la <strong>F\u00e0brica de farines i Electra Ayerbe<\/strong> (<strong>8<\/strong>). L&#8217;edifici est\u00e0 molt transformat al reconvertir-lo en apartaments. Realitzat en pedra, ma\u00f3 i forja, exemple de patrimoni industrial.<\/p>\t\t\t\t\t\t\t\t<\/div>\n\t\t\t\t<\/div>\n\t\t\t\t<div class=\"elementor-element elementor-element-32562ca0 elementor-widget elementor-widget-image\" data-id=\"32562ca0\" data-element_type=\"widget\" data-e-type=\"widget\" data-widget_type=\"image.default\">\n\t\t\t\t<div class=\"elementor-widget-container\">\n\t\t\t\t\t\t\t\t\t\t\t\t<figure class=\"wp-caption\">\n\t\t\t\t\t\t\t\t\t\t<img loading=\"lazy\" decoding=\"async\" width=\"800\" height=\"532\" src=\"https:\/\/www.elturistatranquil.com\/wp-content\/uploads\/F31-Ayerbe-1.jpg\" class=\"attachment-large size-large wp-image-18742\" alt=\"\" srcset=\"https:\/\/www.elturistatranquil.com\/wp-content\/uploads\/F31-Ayerbe-1.jpg 800w, https:\/\/www.elturistatranquil.com\/wp-content\/uploads\/F31-Ayerbe-1-768x511.jpg 768w\" sizes=\"(max-width: 800px) 100vw, 800px\" \/>\t\t\t\t\t\t\t\t\t\t\t<figcaption class=\"widget-image-caption wp-caption-text\"><\/figcaption>\n\t\t\t\t\t\t\t\t\t\t<\/figure>\n\t\t\t\t\t\t\t\t\t<\/div>\n\t\t\t\t<\/div>\n\t\t\t\t<div class=\"elementor-element elementor-element-7c213f24 elementor-widget elementor-widget-menu-anchor\" data-id=\"7c213f24\" data-element_type=\"widget\" data-e-type=\"widget\" data-widget_type=\"menu-anchor.default\">\n\t\t\t\t<div class=\"elementor-widget-container\">\n\t\t\t\t\t\t\t<div class=\"elementor-menu-anchor\" id=\"c3113\"><\/div>\n\t\t\t\t\t\t<\/div>\n\t\t\t\t<\/div>\n\t\t\t\t<div class=\"elementor-element elementor-element-517ea749 elementor-widget elementor-widget-image\" data-id=\"517ea749\" data-element_type=\"widget\" data-e-type=\"widget\" data-widget_type=\"image.default\">\n\t\t\t\t<div class=\"elementor-widget-container\">\n\t\t\t\t\t\t\t\t\t\t\t\t<figure class=\"wp-caption\">\n\t\t\t\t\t\t\t\t\t\t<img loading=\"lazy\" decoding=\"async\" width=\"800\" height=\"533\" src=\"https:\/\/www.elturistatranquil.com\/wp-content\/uploads\/F32-Ayerbe-1.jpg\" class=\"attachment-large size-large wp-image-18744\" alt=\"\" srcset=\"https:\/\/www.elturistatranquil.com\/wp-content\/uploads\/F32-Ayerbe-1.jpg 800w, https:\/\/www.elturistatranquil.com\/wp-content\/uploads\/F32-Ayerbe-1-768x512.jpg 768w\" sizes=\"(max-width: 800px) 100vw, 800px\" \/>\t\t\t\t\t\t\t\t\t\t\t<figcaption class=\"widget-image-caption wp-caption-text\"><\/figcaption>\n\t\t\t\t\t\t\t\t\t\t<\/figure>\n\t\t\t\t\t\t\t\t\t<\/div>\n\t\t\t\t<\/div>\n\t\t\t\t<div class=\"elementor-element elementor-element-777b1966 elementor-widget elementor-widget-heading\" data-id=\"777b1966\" data-element_type=\"widget\" data-e-type=\"widget\" data-widget_type=\"heading.default\">\n\t\t\t\t<div class=\"elementor-widget-container\">\n\t\t\t\t\t<h3 class=\"elementor-heading-title elementor-size-default\">Centre d'Interpretaci\u00f3 Santiago Ram\u00f3n i Cajal. Oficina de Turisme<\/h3>\t\t\t\t<\/div>\n\t\t\t\t<\/div>\n\t\t\t\t<div class=\"elementor-element elementor-element-4d97cce2 elementor-widget elementor-widget-text-editor\" data-id=\"4d97cce2\" data-element_type=\"widget\" data-e-type=\"widget\" data-widget_type=\"text-editor.default\">\n\t\t\t\t<div class=\"elementor-widget-container\">\n\t\t\t\t\t\t\t\t\t<p>Situem-nos de nou al carrer de Rafel Gasset. Al n\u00famero 19, una casa simple d&#8217;un cos, allargada i amb quatre nivells, va viure els seus anys d&#8217;inf\u00e0ncia i joventut el que seria Premi Nobel de Medicina, Santiago Ram\u00f3n i Cajal.<\/p><p>La casa acull un <strong>Centre d&#8217;Interpretaci\u00f3 Santiago Ram\u00f3n i Cajal<\/strong> (<strong>9<\/strong>), dedicat a la vida i obra del premi Nobel, inaugurat el 1999.<\/p>\t\t\t\t\t\t\t\t<\/div>\n\t\t\t\t<\/div>\n\t\t\t\t<div class=\"elementor-element elementor-element-7a34356c elementor-widget elementor-widget-image\" data-id=\"7a34356c\" data-element_type=\"widget\" data-e-type=\"widget\" data-widget_type=\"image.default\">\n\t\t\t\t<div class=\"elementor-widget-container\">\n\t\t\t\t\t\t\t\t\t\t\t\t<figure class=\"wp-caption\">\n\t\t\t\t\t\t\t\t\t\t<img loading=\"lazy\" decoding=\"async\" width=\"366\" height=\"550\" src=\"https:\/\/www.elturistatranquil.com\/wp-content\/uploads\/F33-Ayerbe-Centro-Ramon-y-Cajal-1.jpg\" class=\"attachment-large size-large wp-image-18746\" alt=\"\" \/>\t\t\t\t\t\t\t\t\t\t\t<figcaption class=\"widget-image-caption wp-caption-text\"><\/figcaption>\n\t\t\t\t\t\t\t\t\t\t<\/figure>\n\t\t\t\t\t\t\t\t\t<\/div>\n\t\t\t\t<\/div>\n\t\t\t\t<div class=\"elementor-element elementor-element-ba656a8 elementor-widget elementor-widget-text-editor\" data-id=\"ba656a8\" data-element_type=\"widget\" data-e-type=\"widget\" data-widget_type=\"text-editor.default\">\n\t\t\t\t<div class=\"elementor-widget-container\">\n\t\t\t\t\t\t\t\t\t<p>A trav\u00e9s del recorregut per les diferents plantes recorrem tamb\u00e9 la seva inf\u00e0ncia i joventut, les seves investigacions i descobriments cient\u00edfics, aix\u00ed com els m\u00faltiples reconeixements, homenatges i premis amb els quals va ser guardonat al llarg de la seva vida, com el premi Nobel que li va ser concedit en l&#8217;any 1906.<\/p><p>Aix\u00ed mateix, el museu disposa d&#8217;una pantalla t\u00e0ctil on es mostren experiments i la biografia del premi Nobel. Es tracta d&#8217;un m\u00f2dul interactiu en el qual, a trav\u00e9s de la pantalla t\u00e0ctil amb diferents jocs, es descobreixen diverses facetes de Ram\u00f3n i Cajal.<\/p><p>Ens introdueix en la seva vida fragments de les seves mem\u00f2ries escrits a les parets.<\/p><p>L&#8217;entrada a l&#8217;edifici acull l&#8217;<strong>Oficina de Turisme<\/strong>.<\/p>\t\t\t\t\t\t\t\t<\/div>\n\t\t\t\t<\/div>\n\t\t\t\t<div class=\"elementor-element elementor-element-6c76eba2 elementor-widget elementor-widget-image\" data-id=\"6c76eba2\" data-element_type=\"widget\" data-e-type=\"widget\" data-widget_type=\"image.default\">\n\t\t\t\t<div class=\"elementor-widget-container\">\n\t\t\t\t\t\t\t\t\t\t\t\t<figure class=\"wp-caption\">\n\t\t\t\t\t\t\t\t\t\t<img loading=\"lazy\" decoding=\"async\" width=\"800\" height=\"533\" src=\"https:\/\/www.elturistatranquil.com\/wp-content\/uploads\/F34-Ayerbe-Centro-Ramon-y-Cajal-1.jpg\" class=\"attachment-large size-large wp-image-18748\" alt=\"\" srcset=\"https:\/\/www.elturistatranquil.com\/wp-content\/uploads\/F34-Ayerbe-Centro-Ramon-y-Cajal-1.jpg 800w, https:\/\/www.elturistatranquil.com\/wp-content\/uploads\/F34-Ayerbe-Centro-Ramon-y-Cajal-1-768x512.jpg 768w\" sizes=\"(max-width: 800px) 100vw, 800px\" \/>\t\t\t\t\t\t\t\t\t\t\t<figcaption class=\"widget-image-caption wp-caption-text\"><\/figcaption>\n\t\t\t\t\t\t\t\t\t\t<\/figure>\n\t\t\t\t\t\t\t\t\t<\/div>\n\t\t\t\t<\/div>\n\t\t\t\t<div class=\"elementor-element elementor-element-68194e5b elementor-widget elementor-widget-image\" data-id=\"68194e5b\" data-element_type=\"widget\" data-e-type=\"widget\" data-widget_type=\"image.default\">\n\t\t\t\t<div class=\"elementor-widget-container\">\n\t\t\t\t\t\t\t\t\t\t\t\t<figure class=\"wp-caption\">\n\t\t\t\t\t\t\t\t\t\t<img loading=\"lazy\" decoding=\"async\" width=\"800\" height=\"533\" src=\"https:\/\/www.elturistatranquil.com\/wp-content\/uploads\/F35-Ayerbe-Centro-Ramon-y-Cajal-1.jpg\" class=\"attachment-large size-large wp-image-18750\" alt=\"\" srcset=\"https:\/\/www.elturistatranquil.com\/wp-content\/uploads\/F35-Ayerbe-Centro-Ramon-y-Cajal-1.jpg 800w, https:\/\/www.elturistatranquil.com\/wp-content\/uploads\/F35-Ayerbe-Centro-Ramon-y-Cajal-1-768x512.jpg 768w\" sizes=\"(max-width: 800px) 100vw, 800px\" \/>\t\t\t\t\t\t\t\t\t\t\t<figcaption class=\"widget-image-caption wp-caption-text\"><\/figcaption>\n\t\t\t\t\t\t\t\t\t\t<\/figure>\n\t\t\t\t\t\t\t\t\t<\/div>\n\t\t\t\t<\/div>\n\t\t\t\t<div class=\"elementor-element elementor-element-6166e3cc elementor-widget elementor-widget-image\" data-id=\"6166e3cc\" data-element_type=\"widget\" data-e-type=\"widget\" data-widget_type=\"image.default\">\n\t\t\t\t<div class=\"elementor-widget-container\">\n\t\t\t\t\t\t\t\t\t\t\t\t<figure class=\"wp-caption\">\n\t\t\t\t\t\t\t\t\t\t<img loading=\"lazy\" decoding=\"async\" width=\"800\" height=\"533\" src=\"https:\/\/www.elturistatranquil.com\/wp-content\/uploads\/F36-Ayerbe-Centro-Ramon-y-Cajal-1.jpg\" class=\"attachment-large size-large wp-image-18752\" alt=\"\" srcset=\"https:\/\/www.elturistatranquil.com\/wp-content\/uploads\/F36-Ayerbe-Centro-Ramon-y-Cajal-1.jpg 800w, https:\/\/www.elturistatranquil.com\/wp-content\/uploads\/F36-Ayerbe-Centro-Ramon-y-Cajal-1-768x512.jpg 768w\" sizes=\"(max-width: 800px) 100vw, 800px\" \/>\t\t\t\t\t\t\t\t\t\t\t<figcaption class=\"widget-image-caption wp-caption-text\"><\/figcaption>\n\t\t\t\t\t\t\t\t\t\t<\/figure>\n\t\t\t\t\t\t\t\t\t<\/div>\n\t\t\t\t<\/div>\n\t\t\t\t<div class=\"elementor-element elementor-element-32a59e09 elementor-widget elementor-widget-image\" data-id=\"32a59e09\" data-element_type=\"widget\" data-e-type=\"widget\" data-widget_type=\"image.default\">\n\t\t\t\t<div class=\"elementor-widget-container\">\n\t\t\t\t\t\t\t\t\t\t\t\t<figure class=\"wp-caption\">\n\t\t\t\t\t\t\t\t\t\t<img loading=\"lazy\" decoding=\"async\" width=\"800\" height=\"533\" src=\"https:\/\/www.elturistatranquil.com\/wp-content\/uploads\/F37-Ayerbe-Centro-Ramon-y-Cajal-1.jpg\" class=\"attachment-large size-large wp-image-18754\" alt=\"\" srcset=\"https:\/\/www.elturistatranquil.com\/wp-content\/uploads\/F37-Ayerbe-Centro-Ramon-y-Cajal-1.jpg 800w, https:\/\/www.elturistatranquil.com\/wp-content\/uploads\/F37-Ayerbe-Centro-Ramon-y-Cajal-1-768x512.jpg 768w\" sizes=\"(max-width: 800px) 100vw, 800px\" \/>\t\t\t\t\t\t\t\t\t\t\t<figcaption class=\"widget-image-caption wp-caption-text\"><\/figcaption>\n\t\t\t\t\t\t\t\t\t\t<\/figure>\n\t\t\t\t\t\t\t\t\t<\/div>\n\t\t\t\t<\/div>\n\t\t\t\t<div class=\"elementor-element elementor-element-127252a elementor-widget elementor-widget-image\" data-id=\"127252a\" data-element_type=\"widget\" data-e-type=\"widget\" data-widget_type=\"image.default\">\n\t\t\t\t<div class=\"elementor-widget-container\">\n\t\t\t\t\t\t\t\t\t\t\t\t<figure class=\"wp-caption\">\n\t\t\t\t\t\t\t\t\t\t<img loading=\"lazy\" decoding=\"async\" width=\"800\" height=\"533\" src=\"https:\/\/www.elturistatranquil.com\/wp-content\/uploads\/F38-Ayerbe-Centro-Ramon-y-Cajal-1.jpg\" class=\"attachment-large size-large wp-image-18756\" alt=\"\" srcset=\"https:\/\/www.elturistatranquil.com\/wp-content\/uploads\/F38-Ayerbe-Centro-Ramon-y-Cajal-1.jpg 800w, https:\/\/www.elturistatranquil.com\/wp-content\/uploads\/F38-Ayerbe-Centro-Ramon-y-Cajal-1-768x512.jpg 768w\" sizes=\"(max-width: 800px) 100vw, 800px\" \/>\t\t\t\t\t\t\t\t\t\t\t<figcaption class=\"widget-image-caption wp-caption-text\"><\/figcaption>\n\t\t\t\t\t\t\t\t\t\t<\/figure>\n\t\t\t\t\t\t\t\t\t<\/div>\n\t\t\t\t<\/div>\n\t\t\t\t<div class=\"elementor-element elementor-element-3d90be4e elementor-widget elementor-widget-image\" data-id=\"3d90be4e\" data-element_type=\"widget\" data-e-type=\"widget\" data-widget_type=\"image.default\">\n\t\t\t\t<div class=\"elementor-widget-container\">\n\t\t\t\t\t\t\t\t\t\t\t\t<figure class=\"wp-caption\">\n\t\t\t\t\t\t\t\t\t\t<img loading=\"lazy\" decoding=\"async\" width=\"800\" height=\"533\" src=\"https:\/\/www.elturistatranquil.com\/wp-content\/uploads\/F39-Ayerbe-Centro-Ramon-y-Cajal-1.jpg\" class=\"attachment-large size-large wp-image-18758\" alt=\"\" srcset=\"https:\/\/www.elturistatranquil.com\/wp-content\/uploads\/F39-Ayerbe-Centro-Ramon-y-Cajal-1.jpg 800w, https:\/\/www.elturistatranquil.com\/wp-content\/uploads\/F39-Ayerbe-Centro-Ramon-y-Cajal-1-768x512.jpg 768w\" sizes=\"(max-width: 800px) 100vw, 800px\" \/>\t\t\t\t\t\t\t\t\t\t\t<figcaption class=\"widget-image-caption wp-caption-text\"><\/figcaption>\n\t\t\t\t\t\t\t\t\t\t<\/figure>\n\t\t\t\t\t\t\t\t\t<\/div>\n\t\t\t\t<\/div>\n\t\t\t\t<div class=\"elementor-element elementor-element-2f31545d elementor-widget elementor-widget-image\" data-id=\"2f31545d\" data-element_type=\"widget\" data-e-type=\"widget\" data-widget_type=\"image.default\">\n\t\t\t\t<div class=\"elementor-widget-container\">\n\t\t\t\t\t\t\t\t\t\t\t\t<figure class=\"wp-caption\">\n\t\t\t\t\t\t\t\t\t\t<img loading=\"lazy\" decoding=\"async\" width=\"800\" height=\"533\" src=\"https:\/\/www.elturistatranquil.com\/wp-content\/uploads\/F40-Ayerbe-Centro-Ramon-y-Cajal-1.jpg\" class=\"attachment-large size-large wp-image-18760\" alt=\"\" srcset=\"https:\/\/www.elturistatranquil.com\/wp-content\/uploads\/F40-Ayerbe-Centro-Ramon-y-Cajal-1.jpg 800w, https:\/\/www.elturistatranquil.com\/wp-content\/uploads\/F40-Ayerbe-Centro-Ramon-y-Cajal-1-768x512.jpg 768w\" sizes=\"(max-width: 800px) 100vw, 800px\" \/>\t\t\t\t\t\t\t\t\t\t\t<figcaption class=\"widget-image-caption wp-caption-text\"><\/figcaption>\n\t\t\t\t\t\t\t\t\t\t<\/figure>\n\t\t\t\t\t\t\t\t\t<\/div>\n\t\t\t\t<\/div>\n\t\t\t\t<div class=\"elementor-element elementor-element-2a3f3d76 elementor-widget elementor-widget-menu-anchor\" data-id=\"2a3f3d76\" data-element_type=\"widget\" data-e-type=\"widget\" data-widget_type=\"menu-anchor.default\">\n\t\t\t\t<div class=\"elementor-widget-container\">\n\t\t\t\t\t\t\t<div class=\"elementor-menu-anchor\" id=\"c3114\"><\/div>\n\t\t\t\t\t\t<\/div>\n\t\t\t\t<\/div>\n\t\t\t\t<div class=\"elementor-element elementor-element-28aa5c12 elementor-widget elementor-widget-image\" data-id=\"28aa5c12\" data-element_type=\"widget\" data-e-type=\"widget\" data-widget_type=\"image.default\">\n\t\t\t\t<div class=\"elementor-widget-container\">\n\t\t\t\t\t\t\t\t\t\t\t\t<figure class=\"wp-caption\">\n\t\t\t\t\t\t\t\t\t\t<img loading=\"lazy\" decoding=\"async\" width=\"800\" height=\"533\" src=\"https:\/\/www.elturistatranquil.com\/wp-content\/uploads\/F41-Ayerbe-Centro-Ramon-y-Cajal-1.jpg\" class=\"attachment-large size-large wp-image-18762\" alt=\"\" srcset=\"https:\/\/www.elturistatranquil.com\/wp-content\/uploads\/F41-Ayerbe-Centro-Ramon-y-Cajal-1.jpg 800w, https:\/\/www.elturistatranquil.com\/wp-content\/uploads\/F41-Ayerbe-Centro-Ramon-y-Cajal-1-768x512.jpg 768w\" sizes=\"(max-width: 800px) 100vw, 800px\" \/>\t\t\t\t\t\t\t\t\t\t\t<figcaption class=\"widget-image-caption wp-caption-text\"><\/figcaption>\n\t\t\t\t\t\t\t\t\t\t<\/figure>\n\t\t\t\t\t\t\t\t\t<\/div>\n\t\t\t\t<\/div>\n\t\t\t\t<div class=\"elementor-element elementor-element-5c215249 elementor-widget elementor-widget-heading\" data-id=\"5c215249\" data-element_type=\"widget\" data-e-type=\"widget\" data-widget_type=\"heading.default\">\n\t\t\t\t<div class=\"elementor-widget-container\">\n\t\t\t\t\t<h3 class=\"elementor-heading-title elementor-size-default\">Castell i ermita de San Miguel<\/h3>\t\t\t\t<\/div>\n\t\t\t\t<\/div>\n\t\t\t\t<div class=\"elementor-element elementor-element-6ed21d52 elementor-widget elementor-widget-menu-anchor\" data-id=\"6ed21d52\" data-element_type=\"widget\" data-e-type=\"widget\" data-widget_type=\"menu-anchor.default\">\n\t\t\t\t<div class=\"elementor-widget-container\">\n\t\t\t\t\t\t\t<div class=\"elementor-menu-anchor\" id=\"c3115\"><\/div>\n\t\t\t\t\t\t<\/div>\n\t\t\t\t<\/div>\n\t\t\t\t<div class=\"elementor-element elementor-element-34ae3453 elementor-widget elementor-widget-text-editor\" data-id=\"34ae3453\" data-element_type=\"widget\" data-e-type=\"widget\" data-widget_type=\"text-editor.default\">\n\t\t\t\t<div class=\"elementor-widget-container\">\n\t\t\t\t\t\t\t\t\t<p>Sobre el tur\u00f3 de San Miguel, als peus del qual s&#8217;est\u00e9n la poblaci\u00f3, s&#8217;erigia un important castell musulm\u00e0 oponent del cristi\u00e0 de Loarre en la pugna pel control de la Sotonera, amb cap\u00e7alera en Bolea. En 1083 Sancho Ram\u00edrez va prendre el castell i el va refer.<\/p><p>El tur\u00f3 \u00e9s compartit per les <strong>restes del castell<\/strong>, i la seva <strong>esgl\u00e9sia<\/strong>, i l&#8217;<strong>ermita de San Miguel<\/strong> que \u00e9s el que es conserva de la primitiva esgl\u00e9sia parroquial de finals del segle XI i principis de XII<\/p><p>A les restes del castell d&#8217;origen musulm\u00e0 se&#8217;ls anomena &#8220;os muros&#8221;.<\/p><p>Cito aquest indret, tot i que no el vaig visitar.<\/p>\t\t\t\t\t\t\t\t<\/div>\n\t\t\t\t<\/div>\n\t\t\t\t<div class=\"elementor-element elementor-element-63a3ea5f elementor-widget elementor-widget-heading\" data-id=\"63a3ea5f\" data-element_type=\"widget\" data-e-type=\"widget\" data-widget_type=\"heading.default\">\n\t\t\t\t<div class=\"elementor-widget-container\">\n\t\t\t\t\t<h2 class=\"elementor-heading-title elementor-size-default\">Fi de la visita<\/h2>\t\t\t\t<\/div>\n\t\t\t\t<\/div>\n\t\t\t\t<div class=\"elementor-element elementor-element-61368e97 elementor-widget elementor-widget-menu-anchor\" data-id=\"61368e97\" data-element_type=\"widget\" data-e-type=\"widget\" data-widget_type=\"menu-anchor.default\">\n\t\t\t\t<div class=\"elementor-widget-container\">\n\t\t\t\t\t\t\t<div class=\"elementor-menu-anchor\" id=\"c3116\"><\/div>\n\t\t\t\t\t\t<\/div>\n\t\t\t\t<\/div>\n\t\t\t\t<div class=\"elementor-element elementor-element-551a717f elementor-widget elementor-widget-text-editor\" data-id=\"551a717f\" data-element_type=\"widget\" data-e-type=\"widget\" data-widget_type=\"text-editor.default\">\n\t\t\t\t<div class=\"elementor-widget-container\">\n\t\t\t\t\t\t\t\t\t<p>La visita m&#8217;ha perm\u00e8s recon\u00e8ixer una t\u00edpica vila aragonesa de la Hoya de Huesca, en els l\u00edmits hist\u00f2rics del domini musulm\u00e0 a les terres d&#8217;Arag\u00f3.<\/p><p>L&#8217;empla\u00e7ament a la plana, a la via entre Saragossa i els Pirineus com a lloc de parada, marcar\u00e0 la seva hist\u00f2ria i la seva morfologia al servei del comer\u00e7 i del transport.<\/p><p>Pels seus carrers podrem constatar la combinaci\u00f3 entre noblesa, riquesa i base popular de les seves edificacions.<\/p><p>Va ser el lloc on es va formar el car\u00e0cter juvenil de Santiago Ram\u00f3n y Cajal.<\/p>\t\t\t\t\t\t\t\t<\/div>\n\t\t\t\t<\/div>\n\t\t\t\t<div class=\"elementor-element elementor-element-40918c00 elementor-widget elementor-widget-heading\" data-id=\"40918c00\" data-element_type=\"widget\" data-e-type=\"widget\" data-widget_type=\"heading.default\">\n\t\t\t\t<div class=\"elementor-widget-container\">\n\t\t\t\t\t<h2 class=\"elementor-heading-title elementor-size-default\">Bases d\u2019informaci\u00f3<\/h2>\t\t\t\t<\/div>\n\t\t\t\t<\/div>\n\t\t\t\t<div class=\"elementor-element elementor-element-5f2ae5a7 elementor-widget elementor-widget-text-editor\" data-id=\"5f2ae5a7\" data-element_type=\"widget\" data-e-type=\"widget\" data-widget_type=\"text-editor.default\">\n\t\t\t\t<div class=\"elementor-widget-container\">\n\t\t\t\t\t\t\t\t\t<p><strong>Webs<\/strong><\/p><p><a href=\"http:\/\/www.ayerbe.es\/\" target=\"_blank\" rel=\"noopener\">Ayuntamiento<\/a><\/p><p><a href=\"https:\/\/es.wikipedia.org\/wiki\/Ayerbe\" target=\"_blank\" rel=\"noopener\">Wikipedia<\/a><\/p><p><a href=\"https:\/\/www.escapadarural.com\/que-hacer\/ayerbe\" target=\"_blank\" rel=\"noopener\">Escapadarural<\/a><\/p><p><a href=\"http:\/\/www.enciclopedia-aragonesa.com\/voz.asp?voz_id=1648&amp;voz_id_origen=50\" target=\"_blank\" rel=\"noopener\">Enciclopedia aragonesa<\/a><\/p><p><a href=\"https:\/\/www.descubrehuesca.com\/huesca\/centro-de-interpretacion-ramon-y-cajal-ayerbe\/\" target=\"_blank\" rel=\"noopener\">Descubrehuesca<\/a><\/p>\t\t\t\t\t\t\t\t<\/div>\n\t\t\t\t<\/div>\n\t\t\t\t<div class=\"elementor-element elementor-element-42fc767c elementor-widget elementor-widget-text-editor\" data-id=\"42fc767c\" data-element_type=\"widget\" data-e-type=\"widget\" data-widget_type=\"text-editor.default\">\n\t\t\t\t<div class=\"elementor-widget-container\">\n\t\t\t\t\t\t\t\t\t<p><strong>Google academic<\/strong><\/p><p>Antonio Ubieto Arteta. <a href=\"http:\/\/revistas.iea.es\/index.php\/ARG\/article\/download\/1097\/1092\" target=\"_blank\" rel=\"noopener\"><em>Ayerbe: notas y sugerencias<\/em><\/a><\/p><p>Manuel Medrano Marqu\u00e9s, Mar\u00eda Antonia D\u00edaz Sanz. <a href=\"https:\/\/dialnet.unirioja.es\/servlet\/articulo?codigo=5639729\" target=\"_blank\" rel=\"noopener\"><em>El top\u00f3nimo, el castillo y los recintos ganaderos de Ayerbe<\/em><\/a><\/p><p>Miguel Dol\u00e7. <a href=\"https:\/\/dialnet.unirioja.es\/descarga\/articulo\/2110927.pdf\" target=\"_blank\" rel=\"noopener\"><em>Ram\u00f3n y Cajal en Ayerbe<\/em><\/a><\/p>\t\t\t\t\t\t\t\t<\/div>\n\t\t\t\t<\/div>\n\t\t\t\t<div class=\"elementor-element elementor-element-147228d4 elementor-widget elementor-widget-text-editor\" data-id=\"147228d4\" data-element_type=\"widget\" data-e-type=\"widget\" data-widget_type=\"text-editor.default\">\n\t\t\t\t<div class=\"elementor-widget-container\">\n\t\t\t\t\t\t\t\t\t<p>Enlla\u00e7 amb el <em>Post<\/em>: <a href=\"https:\/\/www.elturistatranquil.com\/ca\/el-corral-de-concilio-hotel-con-encanto-restaurante-reino-de-los-mallos\/\" target=\"_blank\" rel=\"noopener\"><strong>El Corral de Concilio, Hotel con Encanto Restaurante. Reino de los Mallos<\/strong><\/a><\/p>\t\t\t\t\t\t\t\t<\/div>\n\t\t\t\t<\/div>\n\t\t\t\t\t<\/div>\n\t\t<\/div>\n\t\t\t\t\t<\/div>\n\t\t<\/section>\n\t\t\t\t<\/div>\n\t\t","protected":false},"excerpt":{"rendered":"<p>Ayerbe, a la Hoya de Huesca, cont\u00e9 els elements d&#8217;una vila aragonesa de la zona, amb el Palau de Ayerbe, cases senyorials i arquitectura popular. Compta amb un Centre d&#8217;Interpretaci\u00f3 &#8230; <a title=\"Ayerbe (Osca)\" class=\"read-more\" href=\"https:\/\/www.elturistatranquil.com\/ca\/ayerbe-osca\/\" aria-label=\"M\u00e9s informaci\u00f3 sobre Ayerbe (Osca)\">[ &#8230; ]<\/a><\/p>\n","protected":false},"author":1,"featured_media":18457,"comment_status":"open","ping_status":"closed","sticky":false,"template":"","format":"standard","meta":{"footnotes":""},"categories":[70,60,59,71,61,72,75,63,144,145,83,43,136,86,53,64,92,138,69,42,100,9,54,101,104,50,139,137,110,40],"tags":[],"class_list":["post-18680","post","type-post","status-publish","format-standard","has-post-thumbnail","hentry","category-arquitectura-civil-ca","category-arquitectura-civil","category-arquitectura-popular","category-arquitectura-popular-ca","category-arquitectura-religiosa","category-arquitectura-religiosa-ca","category-castells","category-castillos-murallas","category-edad-media","category-edat-mitjana","category-historia-ca","category-historia","category-huesca","category-islamic","category-islamico","category-museos","category-museus","category-osca","category-arqueologia-industrial-ca","category-arqueologia-industrial","category-pobles-i-ciutats-amb-interes","category-pueblos-y-ciudades-con-interes","category-renacimiento","category-renaixement","category-preromanic-ca","category-romanico","category-segle-xvi-xvii","category-siglo-xvi-xvii","category-vila","category-villa","infinite-scroll-item","generate-columns","tablet-grid-50","mobile-grid-100","grid-parent","grid-50","no-featured-image-padding"],"yoast_head":"<!-- This site is optimized with the Yoast SEO plugin v27.4 - https:\/\/yoast.com\/product\/yoast-seo-wordpress\/ -->\n<title>Ayerbe (Osca) - El turista tranquil<\/title>\n<meta name=\"description\" content=\"Ayerbe, a la Hoya de Huesca, cont\u00e9 els elements d&#039;una vila aragonesa de la zona, amb el Palau de Ayerbe, cases senyorials i arquitectura popular. Compta amb un Centre d&#039;Interpretaci\u00f3 Santiago Ram\u00f3n i Cajal.\" \/>\n<meta name=\"robots\" content=\"index, follow, max-snippet:-1, max-image-preview:large, max-video-preview:-1\" \/>\n<link rel=\"canonical\" href=\"https:\/\/www.elturistatranquil.com\/ca\/ayerbe-osca\/\" \/>\n<meta property=\"og:locale\" content=\"ca_ES\" \/>\n<meta property=\"og:type\" content=\"article\" \/>\n<meta property=\"og:title\" content=\"Ayerbe (Osca) - El turista tranquil\" \/>\n<meta property=\"og:description\" content=\"Ayerbe, a la Hoya de Huesca, cont\u00e9 els elements d&#039;una vila aragonesa de la zona, amb el Palau de Ayerbe, cases senyorials i arquitectura popular. Compta amb un Centre d&#039;Interpretaci\u00f3 Santiago Ram\u00f3n i Cajal.\" \/>\n<meta property=\"og:url\" content=\"https:\/\/www.elturistatranquil.com\/ca\/ayerbe-osca\/\" \/>\n<meta property=\"og:site_name\" content=\"El turista tranquil\" \/>\n<meta property=\"article:publisher\" content=\"https:\/\/www.facebook.com\/elturistatranquilo\/\" \/>\n<meta property=\"article:published_time\" content=\"2019-06-26T11:36:44+00:00\" \/>\n<meta property=\"article:modified_time\" content=\"2019-06-26T11:36:50+00:00\" \/>\n<meta property=\"og:image\" content=\"https:\/\/www.elturistatranquil.com\/wp-content\/uploads\/F46-Ayerbe-1.jpg\" \/>\n\t<meta property=\"og:image:width\" content=\"800\" \/>\n\t<meta property=\"og:image:height\" content=\"533\" \/>\n\t<meta property=\"og:image:type\" content=\"image\/jpeg\" \/>\n<meta name=\"author\" content=\"admin\" \/>\n<meta name=\"twitter:card\" content=\"summary_large_image\" \/>\n<meta name=\"twitter:label1\" content=\"Escrit per\" \/>\n\t<meta name=\"twitter:data1\" content=\"admin\" \/>\n\t<meta name=\"twitter:label2\" content=\"Temps estimat de lectura\" \/>\n\t<meta name=\"twitter:data2\" content=\"12 minuts\" \/>\n<script type=\"application\/ld+json\" class=\"yoast-schema-graph\">{\"@context\":\"https:\\\/\\\/schema.org\",\"@graph\":[{\"@type\":\"Article\",\"@id\":\"https:\\\/\\\/www.elturistatranquil.com\\\/ca\\\/ayerbe-osca\\\/#article\",\"isPartOf\":{\"@id\":\"https:\\\/\\\/www.elturistatranquil.com\\\/ca\\\/ayerbe-osca\\\/\"},\"author\":{\"name\":\"admin\",\"@id\":\"https:\\\/\\\/www.elturistatranquil.com\\\/ca\\\/#\\\/schema\\\/person\\\/16f607c3079b96ed0c530a52e6b58bb5\"},\"headline\":\"Ayerbe (Osca)\",\"datePublished\":\"2019-06-26T11:36:44+00:00\",\"dateModified\":\"2019-06-26T11:36:50+00:00\",\"mainEntityOfPage\":{\"@id\":\"https:\\\/\\\/www.elturistatranquil.com\\\/ca\\\/ayerbe-osca\\\/\"},\"wordCount\":2558,\"commentCount\":0,\"image\":{\"@id\":\"https:\\\/\\\/www.elturistatranquil.com\\\/ca\\\/ayerbe-osca\\\/#primaryimage\"},\"thumbnailUrl\":\"https:\\\/\\\/www.elturistatranquil.com\\\/wp-content\\\/uploads\\\/F46-Ayerbe-1.jpg\",\"articleSection\":[\"Arquitectura civil\",\"Arquitectura civil\",\"Arquitectura popular\",\"Arquitectura popular\",\"Arquitectura religiosa\",\"Arquitectura religiosa\",\"Castells, Muralles\",\"Castillos, Murallas\",\"Edad media\",\"Edat mitjana\",\"Hist\u00f2ria\",\"Historia\",\"Huesca\",\"Isl\u00e0mic\",\"Isl\u00e1mico\",\"Museos\",\"Museus\",\"Osca\",\"Patrimoni econ\u00f2mic\\\/productiu\",\"Patrimonio econ\u00f3mico\\\/productivo\",\"Pobles i ciutats amb inter\u00e9s\",\"Pueblos y ciudades con inter\u00e9s\",\"Renacimiento\",\"Renaixement\",\"Rom\u00e0nic\",\"Rom\u00e1nico\",\"Segle XVI-XVII\",\"Siglo XVI-XVII\",\"Vila\",\"Villa\"],\"inLanguage\":\"ca\",\"potentialAction\":[{\"@type\":\"CommentAction\",\"name\":\"Comment\",\"target\":[\"https:\\\/\\\/www.elturistatranquil.com\\\/ca\\\/ayerbe-osca\\\/#respond\"]}]},{\"@type\":\"WebPage\",\"@id\":\"https:\\\/\\\/www.elturistatranquil.com\\\/ca\\\/ayerbe-osca\\\/\",\"url\":\"https:\\\/\\\/www.elturistatranquil.com\\\/ca\\\/ayerbe-osca\\\/\",\"name\":\"Ayerbe (Osca) - El turista tranquil\",\"isPartOf\":{\"@id\":\"https:\\\/\\\/www.elturistatranquil.com\\\/ca\\\/#website\"},\"primaryImageOfPage\":{\"@id\":\"https:\\\/\\\/www.elturistatranquil.com\\\/ca\\\/ayerbe-osca\\\/#primaryimage\"},\"image\":{\"@id\":\"https:\\\/\\\/www.elturistatranquil.com\\\/ca\\\/ayerbe-osca\\\/#primaryimage\"},\"thumbnailUrl\":\"https:\\\/\\\/www.elturistatranquil.com\\\/wp-content\\\/uploads\\\/F46-Ayerbe-1.jpg\",\"datePublished\":\"2019-06-26T11:36:44+00:00\",\"dateModified\":\"2019-06-26T11:36:50+00:00\",\"author\":{\"@id\":\"https:\\\/\\\/www.elturistatranquil.com\\\/ca\\\/#\\\/schema\\\/person\\\/16f607c3079b96ed0c530a52e6b58bb5\"},\"description\":\"Ayerbe, a la Hoya de Huesca, cont\u00e9 els elements d'una vila aragonesa de la zona, amb el Palau de Ayerbe, cases senyorials i arquitectura popular. Compta amb un Centre d'Interpretaci\u00f3 Santiago Ram\u00f3n i Cajal.\",\"breadcrumb\":{\"@id\":\"https:\\\/\\\/www.elturistatranquil.com\\\/ca\\\/ayerbe-osca\\\/#breadcrumb\"},\"inLanguage\":\"ca\",\"potentialAction\":[{\"@type\":\"ReadAction\",\"target\":[\"https:\\\/\\\/www.elturistatranquil.com\\\/ca\\\/ayerbe-osca\\\/\"]}]},{\"@type\":\"ImageObject\",\"inLanguage\":\"ca\",\"@id\":\"https:\\\/\\\/www.elturistatranquil.com\\\/ca\\\/ayerbe-osca\\\/#primaryimage\",\"url\":\"https:\\\/\\\/www.elturistatranquil.com\\\/wp-content\\\/uploads\\\/F46-Ayerbe-1.jpg\",\"contentUrl\":\"https:\\\/\\\/www.elturistatranquil.com\\\/wp-content\\\/uploads\\\/F46-Ayerbe-1.jpg\",\"width\":800,\"height\":533,\"caption\":\"Ayerbe\"},{\"@type\":\"BreadcrumbList\",\"@id\":\"https:\\\/\\\/www.elturistatranquil.com\\\/ca\\\/ayerbe-osca\\\/#breadcrumb\",\"itemListElement\":[{\"@type\":\"ListItem\",\"position\":1,\"name\":\"Portada\",\"item\":\"https:\\\/\\\/www.elturistatranquil.com\\\/ca\\\/\"},{\"@type\":\"ListItem\",\"position\":2,\"name\":\"Ayerbe (Osca)\"}]},{\"@type\":\"WebSite\",\"@id\":\"https:\\\/\\\/www.elturistatranquil.com\\\/ca\\\/#website\",\"url\":\"https:\\\/\\\/www.elturistatranquil.com\\\/ca\\\/\",\"name\":\"El turista tranquil\",\"description\":\"Blog de viatges\",\"potentialAction\":[{\"@type\":\"SearchAction\",\"target\":{\"@type\":\"EntryPoint\",\"urlTemplate\":\"https:\\\/\\\/www.elturistatranquil.com\\\/ca\\\/?s={search_term_string}\"},\"query-input\":{\"@type\":\"PropertyValueSpecification\",\"valueRequired\":true,\"valueName\":\"search_term_string\"}}],\"inLanguage\":\"ca\"},{\"@type\":\"Person\",\"@id\":\"https:\\\/\\\/www.elturistatranquil.com\\\/ca\\\/#\\\/schema\\\/person\\\/16f607c3079b96ed0c530a52e6b58bb5\",\"name\":\"admin\",\"image\":{\"@type\":\"ImageObject\",\"inLanguage\":\"ca\",\"@id\":\"https:\\\/\\\/secure.gravatar.com\\\/avatar\\\/1fbaf22aee75fcbb29a2f97b107f95d25d3a19b7c3416105be10269872673e8d?s=96&d=mm&r=g\",\"url\":\"https:\\\/\\\/secure.gravatar.com\\\/avatar\\\/1fbaf22aee75fcbb29a2f97b107f95d25d3a19b7c3416105be10269872673e8d?s=96&d=mm&r=g\",\"contentUrl\":\"https:\\\/\\\/secure.gravatar.com\\\/avatar\\\/1fbaf22aee75fcbb29a2f97b107f95d25d3a19b7c3416105be10269872673e8d?s=96&d=mm&r=g\",\"caption\":\"admin\"}}]}<\/script>\n<!-- \/ Yoast SEO plugin. -->","yoast_head_json":{"title":"Ayerbe (Osca) - El turista tranquil","description":"Ayerbe, a la Hoya de Huesca, cont\u00e9 els elements d'una vila aragonesa de la zona, amb el Palau de Ayerbe, cases senyorials i arquitectura popular. Compta amb un Centre d'Interpretaci\u00f3 Santiago Ram\u00f3n i Cajal.","robots":{"index":"index","follow":"follow","max-snippet":"max-snippet:-1","max-image-preview":"max-image-preview:large","max-video-preview":"max-video-preview:-1"},"canonical":"https:\/\/www.elturistatranquil.com\/ca\/ayerbe-osca\/","og_locale":"ca_ES","og_type":"article","og_title":"Ayerbe (Osca) - El turista tranquil","og_description":"Ayerbe, a la Hoya de Huesca, cont\u00e9 els elements d'una vila aragonesa de la zona, amb el Palau de Ayerbe, cases senyorials i arquitectura popular. Compta amb un Centre d'Interpretaci\u00f3 Santiago Ram\u00f3n i Cajal.","og_url":"https:\/\/www.elturistatranquil.com\/ca\/ayerbe-osca\/","og_site_name":"El turista tranquil","article_publisher":"https:\/\/www.facebook.com\/elturistatranquilo\/","article_published_time":"2019-06-26T11:36:44+00:00","article_modified_time":"2019-06-26T11:36:50+00:00","og_image":[{"width":800,"height":533,"url":"https:\/\/www.elturistatranquil.com\/wp-content\/uploads\/F46-Ayerbe-1.jpg","type":"image\/jpeg"}],"author":"admin","twitter_card":"summary_large_image","twitter_misc":{"Escrit per":"admin","Temps estimat de lectura":"12 minuts"},"schema":{"@context":"https:\/\/schema.org","@graph":[{"@type":"Article","@id":"https:\/\/www.elturistatranquil.com\/ca\/ayerbe-osca\/#article","isPartOf":{"@id":"https:\/\/www.elturistatranquil.com\/ca\/ayerbe-osca\/"},"author":{"name":"admin","@id":"https:\/\/www.elturistatranquil.com\/ca\/#\/schema\/person\/16f607c3079b96ed0c530a52e6b58bb5"},"headline":"Ayerbe (Osca)","datePublished":"2019-06-26T11:36:44+00:00","dateModified":"2019-06-26T11:36:50+00:00","mainEntityOfPage":{"@id":"https:\/\/www.elturistatranquil.com\/ca\/ayerbe-osca\/"},"wordCount":2558,"commentCount":0,"image":{"@id":"https:\/\/www.elturistatranquil.com\/ca\/ayerbe-osca\/#primaryimage"},"thumbnailUrl":"https:\/\/www.elturistatranquil.com\/wp-content\/uploads\/F46-Ayerbe-1.jpg","articleSection":["Arquitectura civil","Arquitectura civil","Arquitectura popular","Arquitectura popular","Arquitectura religiosa","Arquitectura religiosa","Castells, Muralles","Castillos, Murallas","Edad media","Edat mitjana","Hist\u00f2ria","Historia","Huesca","Isl\u00e0mic","Isl\u00e1mico","Museos","Museus","Osca","Patrimoni econ\u00f2mic\/productiu","Patrimonio econ\u00f3mico\/productivo","Pobles i ciutats amb inter\u00e9s","Pueblos y ciudades con inter\u00e9s","Renacimiento","Renaixement","Rom\u00e0nic","Rom\u00e1nico","Segle XVI-XVII","Siglo XVI-XVII","Vila","Villa"],"inLanguage":"ca","potentialAction":[{"@type":"CommentAction","name":"Comment","target":["https:\/\/www.elturistatranquil.com\/ca\/ayerbe-osca\/#respond"]}]},{"@type":"WebPage","@id":"https:\/\/www.elturistatranquil.com\/ca\/ayerbe-osca\/","url":"https:\/\/www.elturistatranquil.com\/ca\/ayerbe-osca\/","name":"Ayerbe (Osca) - El turista tranquil","isPartOf":{"@id":"https:\/\/www.elturistatranquil.com\/ca\/#website"},"primaryImageOfPage":{"@id":"https:\/\/www.elturistatranquil.com\/ca\/ayerbe-osca\/#primaryimage"},"image":{"@id":"https:\/\/www.elturistatranquil.com\/ca\/ayerbe-osca\/#primaryimage"},"thumbnailUrl":"https:\/\/www.elturistatranquil.com\/wp-content\/uploads\/F46-Ayerbe-1.jpg","datePublished":"2019-06-26T11:36:44+00:00","dateModified":"2019-06-26T11:36:50+00:00","author":{"@id":"https:\/\/www.elturistatranquil.com\/ca\/#\/schema\/person\/16f607c3079b96ed0c530a52e6b58bb5"},"description":"Ayerbe, a la Hoya de Huesca, cont\u00e9 els elements d'una vila aragonesa de la zona, amb el Palau de Ayerbe, cases senyorials i arquitectura popular. Compta amb un Centre d'Interpretaci\u00f3 Santiago Ram\u00f3n i Cajal.","breadcrumb":{"@id":"https:\/\/www.elturistatranquil.com\/ca\/ayerbe-osca\/#breadcrumb"},"inLanguage":"ca","potentialAction":[{"@type":"ReadAction","target":["https:\/\/www.elturistatranquil.com\/ca\/ayerbe-osca\/"]}]},{"@type":"ImageObject","inLanguage":"ca","@id":"https:\/\/www.elturistatranquil.com\/ca\/ayerbe-osca\/#primaryimage","url":"https:\/\/www.elturistatranquil.com\/wp-content\/uploads\/F46-Ayerbe-1.jpg","contentUrl":"https:\/\/www.elturistatranquil.com\/wp-content\/uploads\/F46-Ayerbe-1.jpg","width":800,"height":533,"caption":"Ayerbe"},{"@type":"BreadcrumbList","@id":"https:\/\/www.elturistatranquil.com\/ca\/ayerbe-osca\/#breadcrumb","itemListElement":[{"@type":"ListItem","position":1,"name":"Portada","item":"https:\/\/www.elturistatranquil.com\/ca\/"},{"@type":"ListItem","position":2,"name":"Ayerbe (Osca)"}]},{"@type":"WebSite","@id":"https:\/\/www.elturistatranquil.com\/ca\/#website","url":"https:\/\/www.elturistatranquil.com\/ca\/","name":"El turista tranquil","description":"Blog de viatges","potentialAction":[{"@type":"SearchAction","target":{"@type":"EntryPoint","urlTemplate":"https:\/\/www.elturistatranquil.com\/ca\/?s={search_term_string}"},"query-input":{"@type":"PropertyValueSpecification","valueRequired":true,"valueName":"search_term_string"}}],"inLanguage":"ca"},{"@type":"Person","@id":"https:\/\/www.elturistatranquil.com\/ca\/#\/schema\/person\/16f607c3079b96ed0c530a52e6b58bb5","name":"admin","image":{"@type":"ImageObject","inLanguage":"ca","@id":"https:\/\/secure.gravatar.com\/avatar\/1fbaf22aee75fcbb29a2f97b107f95d25d3a19b7c3416105be10269872673e8d?s=96&d=mm&r=g","url":"https:\/\/secure.gravatar.com\/avatar\/1fbaf22aee75fcbb29a2f97b107f95d25d3a19b7c3416105be10269872673e8d?s=96&d=mm&r=g","contentUrl":"https:\/\/secure.gravatar.com\/avatar\/1fbaf22aee75fcbb29a2f97b107f95d25d3a19b7c3416105be10269872673e8d?s=96&d=mm&r=g","caption":"admin"}}]}},"_links":{"self":[{"href":"https:\/\/www.elturistatranquil.com\/ca\/wp-json\/wp\/v2\/posts\/18680","targetHints":{"allow":["GET"]}}],"collection":[{"href":"https:\/\/www.elturistatranquil.com\/ca\/wp-json\/wp\/v2\/posts"}],"about":[{"href":"https:\/\/www.elturistatranquil.com\/ca\/wp-json\/wp\/v2\/types\/post"}],"author":[{"embeddable":true,"href":"https:\/\/www.elturistatranquil.com\/ca\/wp-json\/wp\/v2\/users\/1"}],"replies":[{"embeddable":true,"href":"https:\/\/www.elturistatranquil.com\/ca\/wp-json\/wp\/v2\/comments?post=18680"}],"version-history":[{"count":0,"href":"https:\/\/www.elturistatranquil.com\/ca\/wp-json\/wp\/v2\/posts\/18680\/revisions"}],"wp:featuredmedia":[{"embeddable":true,"href":"https:\/\/www.elturistatranquil.com\/ca\/wp-json\/wp\/v2\/media\/18457"}],"wp:attachment":[{"href":"https:\/\/www.elturistatranquil.com\/ca\/wp-json\/wp\/v2\/media?parent=18680"}],"wp:term":[{"taxonomy":"category","embeddable":true,"href":"https:\/\/www.elturistatranquil.com\/ca\/wp-json\/wp\/v2\/categories?post=18680"},{"taxonomy":"post_tag","embeddable":true,"href":"https:\/\/www.elturistatranquil.com\/ca\/wp-json\/wp\/v2\/tags?post=18680"}],"curies":[{"name":"wp","href":"https:\/\/api.w.org\/{rel}","templated":true}]}}