{"id":18856,"date":"2019-06-29T09:58:45","date_gmt":"2019-06-29T07:58:45","guid":{"rendered":"https:\/\/www.elturistatranquil.com\/?p=18856"},"modified":"2019-07-05T17:14:31","modified_gmt":"2019-07-05T15:14:31","slug":"museo-de-arte-contemporaneo-el-mercado-de-villanueva-de-los-infantes-ciudad-real","status":"publish","type":"post","link":"https:\/\/www.elturistatranquil.com\/ca\/museo-de-arte-contemporaneo-el-mercado-de-villanueva-de-los-infantes-ciudad-real\/","title":{"rendered":"Museo de Arte Contempor\u00e1neo \u201cEl Mercado\u201d de Villanueva de los Infantes (Ciudad Real)"},"content":{"rendered":"\t\t<div data-elementor-type=\"wp-post\" data-elementor-id=\"18856\" class=\"elementor elementor-18856 elementor-18780\" data-elementor-post-type=\"post\">\n\t\t\t\t\t\t<section class=\"elementor-section elementor-top-section elementor-element elementor-element-8e285b4 elementor-section-boxed elementor-section-height-default elementor-section-height-default\" data-id=\"8e285b4\" data-element_type=\"section\" data-e-type=\"section\">\n\t\t\t\t\t\t<div class=\"elementor-container elementor-column-gap-default\">\n\t\t\t\t\t<div class=\"elementor-column elementor-col-100 elementor-top-column elementor-element elementor-element-1e441d8f\" data-id=\"1e441d8f\" data-element_type=\"column\" data-e-type=\"column\">\n\t\t\t<div class=\"elementor-widget-wrap elementor-element-populated\">\n\t\t\t\t\t\t<section class=\"elementor-section elementor-inner-section elementor-element elementor-element-4dece457 elementor-section-content-middle elementor-section-boxed elementor-section-height-default elementor-section-height-default\" data-id=\"4dece457\" data-element_type=\"section\" data-e-type=\"section\">\n\t\t\t\t\t\t<div class=\"elementor-container elementor-column-gap-default\">\n\t\t\t\t\t<div class=\"elementor-column elementor-col-100 elementor-inner-column elementor-element elementor-element-36df18b7\" data-id=\"36df18b7\" data-element_type=\"column\" data-e-type=\"column\">\n\t\t\t<div class=\"elementor-widget-wrap elementor-element-populated\">\n\t\t\t\t\t\t<div class=\"elementor-element elementor-element-3017b58b elementor-widget elementor-widget-text-editor\" data-id=\"3017b58b\" data-element_type=\"widget\" data-e-type=\"widget\" data-widget_type=\"text-editor.default\">\n\t\t\t\t<div class=\"elementor-widget-container\">\n\t\t\t\t\t\t\t\t\t<p>El<em> Museo de Arte Contempor\u00e1neo \u201cEl Mercado\u201d<\/em> de Villanueva de los Infantes (Ciudad Real), \u00e9s una joia de modernitat enmig de la Manxa del Quixot.<\/p>\t\t\t\t\t\t\t\t<\/div>\n\t\t\t\t<\/div>\n\t\t\t\t\t<\/div>\n\t\t<\/div>\n\t\t\t\t\t<\/div>\n\t\t<\/section>\n\t\t\t\t<div class=\"elementor-element elementor-element-737c420e elementor-widget elementor-widget-heading\" data-id=\"737c420e\" data-element_type=\"widget\" data-e-type=\"widget\" data-widget_type=\"heading.default\">\n\t\t\t\t<div class=\"elementor-widget-container\">\n\t\t\t\t\t<h1 class=\"elementor-heading-title elementor-size-default\">Museo de Arte Contempor\u00e1neo \u201cEl Mercado\u201d de Villanueva de los Infantes (Ciudad Real)<\/h1>\t\t\t\t<\/div>\n\t\t\t\t<\/div>\n\t\t\t\t\t<\/div>\n\t\t<\/div>\n\t\t\t\t\t<\/div>\n\t\t<\/section>\n\t\t\t\t<section class=\"elementor-section elementor-top-section elementor-element elementor-element-6f008efd elementor-section-boxed elementor-section-height-default elementor-section-height-default\" data-id=\"6f008efd\" data-element_type=\"section\" data-e-type=\"section\">\n\t\t\t\t\t\t<div class=\"elementor-container elementor-column-gap-default\">\n\t\t\t\t\t<div class=\"elementor-column elementor-col-100 elementor-top-column elementor-element elementor-element-93b317d\" data-id=\"93b317d\" data-element_type=\"column\" data-e-type=\"column\">\n\t\t\t<div class=\"elementor-widget-wrap elementor-element-populated\">\n\t\t\t\t\t\t<div class=\"elementor-element elementor-element-11c83b37 elementor-widget elementor-widget-image\" data-id=\"11c83b37\" data-element_type=\"widget\" data-e-type=\"widget\" data-widget_type=\"image.default\">\n\t\t\t\t<div class=\"elementor-widget-container\">\n\t\t\t\t\t\t\t\t\t\t\t\t<figure class=\"wp-caption\">\n\t\t\t\t\t\t\t\t\t\t<img fetchpriority=\"high\" decoding=\"async\" width=\"768\" height=\"511\" src=\"https:\/\/www.elturistatranquil.com\/wp-content\/uploads\/F01-Museo-de-Arte-Contemporaneo-de-Villanueva-de-los-Infantes-1.jpg\" class=\"attachment-large size-large wp-image-18860\" alt=\"\" \/>\t\t\t\t\t\t\t\t\t\t\t<figcaption class=\"widget-image-caption wp-caption-text\"><\/figcaption>\n\t\t\t\t\t\t\t\t\t\t<\/figure>\n\t\t\t\t\t\t\t\t\t<\/div>\n\t\t\t\t<\/div>\n\t\t\t\t<div class=\"elementor-element elementor-element-64822387 elementor-widget elementor-widget-spacer\" data-id=\"64822387\" data-element_type=\"widget\" data-e-type=\"widget\" data-widget_type=\"spacer.default\">\n\t\t\t\t<div class=\"elementor-widget-container\">\n\t\t\t\t\t\t\t<div class=\"elementor-spacer\">\n\t\t\t<div class=\"elementor-spacer-inner\"><\/div>\n\t\t<\/div>\n\t\t\t\t\t\t<\/div>\n\t\t\t\t<\/div>\n\t\t\t\t<div class=\"elementor-element elementor-element-2035cd97 elementor-widget elementor-widget-heading\" data-id=\"2035cd97\" data-element_type=\"widget\" data-e-type=\"widget\" data-widget_type=\"heading.default\">\n\t\t\t\t<div class=\"elementor-widget-container\">\n\t\t\t\t\t<h2 class=\"elementor-heading-title elementor-size-default\">Museo de Arte Contempor\u00e1neo \u201cEl Mercado\u201d de Villanueva de los Infantes. Campo de Montiel. Ciudad Real<\/h2>\t\t\t\t<\/div>\n\t\t\t\t<\/div>\n\t\t\t\t<section class=\"elementor-section elementor-inner-section elementor-element elementor-element-536cd833 elementor-section-boxed elementor-section-height-default elementor-section-height-default\" data-id=\"536cd833\" data-element_type=\"section\" data-e-type=\"section\" data-settings=\"{&quot;background_background&quot;:&quot;classic&quot;}\">\n\t\t\t\t\t\t\t<div class=\"elementor-background-overlay\"><\/div>\n\t\t\t\t\t\t\t<div class=\"elementor-container elementor-column-gap-default\">\n\t\t\t\t\t<div class=\"elementor-column elementor-col-100 elementor-inner-column elementor-element elementor-element-3366b886\" data-id=\"3366b886\" data-element_type=\"column\" data-e-type=\"column\" data-settings=\"{&quot;background_background&quot;:&quot;classic&quot;}\">\n\t\t\t<div class=\"elementor-widget-wrap elementor-element-populated\">\n\t\t\t\t\t\t<div class=\"elementor-element elementor-element-474f7516 elementor-widget elementor-widget-text-editor\" data-id=\"474f7516\" data-element_type=\"widget\" data-e-type=\"widget\" data-widget_type=\"text-editor.default\">\n\t\t\t\t<div class=\"elementor-widget-container\">\n\t\t\t\t\t\t\t\t\t<p>C. Cervantes, 16, 13320 Villanueva de los Infantes. Comarca: Campo de Montiel. Prov\u00edncia: Ciudad Real. Com. Aut\u00f2noma: Castilla la Mancha<\/p><p>Tel\u00e8fon: 926 36 13 21<\/p><p>Web: <a href=\"https:\/\/www.villanuevadelosinfantes.es\/educacion-y-cultura\/cultura\/museo\" target=\"_blank\" rel=\"noopener\">Ayuntamiento<\/a><\/p><p>Visita: 2019<\/p>\t\t\t\t\t\t\t\t<\/div>\n\t\t\t\t<\/div>\n\t\t\t\t\t<\/div>\n\t\t<\/div>\n\t\t\t\t\t<\/div>\n\t\t<\/section>\n\t\t\t\t<div class=\"elementor-element elementor-element-2b931731 elementor-widget elementor-widget-image\" data-id=\"2b931731\" data-element_type=\"widget\" data-e-type=\"widget\" data-widget_type=\"image.default\">\n\t\t\t\t<div class=\"elementor-widget-container\">\n\t\t\t\t\t\t\t\t\t\t\t\t<figure class=\"wp-caption\">\n\t\t\t\t\t\t\t\t\t\t<img decoding=\"async\" width=\"768\" height=\"512\" src=\"https:\/\/www.elturistatranquil.com\/wp-content\/uploads\/F02-Situacion-del-Museo-de-Arte-Contemporaneo-de-Villanueva-de-los-InfantesGoogle-maps-2019-06-27-1-768x512.jpg\" class=\"attachment-medium_large size-medium_large wp-image-18862\" alt=\"\" \/>\t\t\t\t\t\t\t\t\t\t\t<figcaption class=\"widget-image-caption wp-caption-text\">Situaci\u00f3 del Museo de Arte Contempor\u00e1neo de Villanueva de los Infantes (Google maps 2019-06-27)<\/figcaption>\n\t\t\t\t\t\t\t\t\t\t<\/figure>\n\t\t\t\t\t\t\t\t\t<\/div>\n\t\t\t\t<\/div>\n\t\t\t\t<section class=\"elementor-section elementor-inner-section elementor-element elementor-element-ad1b844 elementor-section-boxed elementor-section-height-default elementor-section-height-default\" data-id=\"ad1b844\" data-element_type=\"section\" data-e-type=\"section\" data-settings=\"{&quot;background_background&quot;:&quot;classic&quot;}\">\n\t\t\t\t\t\t<div class=\"elementor-container elementor-column-gap-default\">\n\t\t\t\t\t<div class=\"elementor-column elementor-col-100 elementor-inner-column elementor-element elementor-element-7ac0d2bb\" data-id=\"7ac0d2bb\" data-element_type=\"column\" data-e-type=\"column\">\n\t\t\t<div class=\"elementor-widget-wrap elementor-element-populated\">\n\t\t\t\t\t\t<div class=\"elementor-element elementor-element-440dc4de elementor-widget elementor-widget-text-editor\" data-id=\"440dc4de\" data-element_type=\"widget\" data-e-type=\"widget\" data-widget_type=\"text-editor.default\">\n\t\t\t\t<div class=\"elementor-widget-container\">\n\t\t\t\t\t\t\t\t\t<p style=\"text-align: center;\"><strong>\u00cdndex<\/strong><\/p>\t\t\t\t\t\t\t\t<\/div>\n\t\t\t\t<\/div>\n\t\t\t\t<div class=\"elementor-element elementor-element-29ecddea elementor-widget elementor-widget-text-editor\" data-id=\"29ecddea\" data-element_type=\"widget\" data-e-type=\"widget\" data-widget_type=\"text-editor.default\">\n\t\t\t\t<div class=\"elementor-widget-container\">\n\t\t\t\t\t\t\t\t\t<p><a href=\"https:\/\/www.elturistatranquil.com\/ca\/museo-de-arte-contemporaneo-el-mercado-de-villanueva-de-los-infantes-ciudad-real\/#b3501\">Museo de Arte Contempor\u00e1neo \u201cEl Mercado\u201d de Villanueva de los Infantes. Campo de Montiel. Ciudad Real<\/a><\/p><p><a href=\"https:\/\/www.elturistatranquil.com\/ca\/museo-de-arte-contemporaneo-el-mercado-de-villanueva-de-los-infantes-ciudad-real\/#b3502\">El Museo de Arte Contempor\u00e1neo \u201cEl Mercado\u201d<\/a><\/p><p style=\"padding-left: 40px;\"><a href=\"https:\/\/www.elturistatranquil.com\/ca\/museo-de-arte-contemporaneo-el-mercado-de-villanueva-de-los-infantes-ciudad-real\/#b3503\">Espacio de Arte Contempor\u00e1neo<\/a><\/p><p style=\"padding-left: 40px;\"><a href=\"https:\/\/www.elturistatranquil.com\/ca\/museo-de-arte-contemporaneo-el-mercado-de-villanueva-de-los-infantes-ciudad-real\/#b3504\">Asociaci\u00f3n de Artistas Pl\u00e1sticos Infante\u00f1os \u201cArteaga Alfaro\u201d<\/a><\/p><p style=\"padding-left: 40px;\"><a href=\"https:\/\/www.elturistatranquil.com\/ca\/museo-de-arte-contemporaneo-el-mercado-de-villanueva-de-los-infantes-ciudad-real\/#b3505\">Mostra permanent \u2018Sudor\u2019<\/a><\/p><p><a href=\"https:\/\/www.elturistatranquil.com\/ca\/museo-de-arte-contemporaneo-el-mercado-de-villanueva-de-los-infantes-ciudad-real\/#b3506\">Fi de la visita<\/a><\/p>\t\t\t\t\t\t\t\t<\/div>\n\t\t\t\t<\/div>\n\t\t\t\t\t<\/div>\n\t\t<\/div>\n\t\t\t\t\t<\/div>\n\t\t<\/section>\n\t\t\t\t<div class=\"elementor-element elementor-element-1c9a83cb elementor-widget elementor-widget-spacer\" data-id=\"1c9a83cb\" data-element_type=\"widget\" data-e-type=\"widget\" data-widget_type=\"spacer.default\">\n\t\t\t\t<div class=\"elementor-widget-container\">\n\t\t\t\t\t\t\t<div class=\"elementor-spacer\">\n\t\t\t<div class=\"elementor-spacer-inner\"><\/div>\n\t\t<\/div>\n\t\t\t\t\t\t<\/div>\n\t\t\t\t<\/div>\n\t\t\t\t<div class=\"elementor-element elementor-element-451cd588 elementor-widget elementor-widget-menu-anchor\" data-id=\"451cd588\" data-element_type=\"widget\" data-e-type=\"widget\" data-widget_type=\"menu-anchor.default\">\n\t\t\t\t<div class=\"elementor-widget-container\">\n\t\t\t\t\t\t\t<div class=\"elementor-menu-anchor\" id=\"b3501\"><\/div>\n\t\t\t\t\t\t<\/div>\n\t\t\t\t<\/div>\n\t\t\t\t<div class=\"elementor-element elementor-element-58832dd4 elementor-widget elementor-widget-spacer\" data-id=\"58832dd4\" data-element_type=\"widget\" data-e-type=\"widget\" data-widget_type=\"spacer.default\">\n\t\t\t\t<div class=\"elementor-widget-container\">\n\t\t\t\t\t\t\t<div class=\"elementor-spacer\">\n\t\t\t<div class=\"elementor-spacer-inner\"><\/div>\n\t\t<\/div>\n\t\t\t\t\t\t<\/div>\n\t\t\t\t<\/div>\n\t\t\t\t<div class=\"elementor-element elementor-element-27c9c2b1 elementor-widget elementor-widget-heading\" data-id=\"27c9c2b1\" data-element_type=\"widget\" data-e-type=\"widget\" data-widget_type=\"heading.default\">\n\t\t\t\t<div class=\"elementor-widget-container\">\n\t\t\t\t\t<h2 class=\"elementor-heading-title elementor-size-default\">Museo de Arte Contempor\u00e1neo \u201cEl Mercado\u201d de Villanueva de los Infantes. Campo de Montiel. Ciudad Real<\/h2>\t\t\t\t<\/div>\n\t\t\t\t<\/div>\n\t\t\t\t<div class=\"elementor-element elementor-element-2401e352 elementor-widget elementor-widget-menu-anchor\" data-id=\"2401e352\" data-element_type=\"widget\" data-e-type=\"widget\" data-widget_type=\"menu-anchor.default\">\n\t\t\t\t<div class=\"elementor-widget-container\">\n\t\t\t\t\t\t\t<div class=\"elementor-menu-anchor\" id=\"b3502\"><\/div>\n\t\t\t\t\t\t<\/div>\n\t\t\t\t<\/div>\n\t\t\t\t<div class=\"elementor-element elementor-element-725d3d96 elementor-widget elementor-widget-text-editor\" data-id=\"725d3d96\" data-element_type=\"widget\" data-e-type=\"widget\" data-widget_type=\"text-editor.default\">\n\t\t\t\t<div class=\"elementor-widget-container\">\n\t\t\t\t\t\t\t\t\t<p>Va un a Villanueva de los Infantes per con\u00e8ixer la seva hist\u00f2ria, plasmada en la gran riquesa dels diferents edificis que es conserven i en la seva morfologia urbana, i es troba amb una <strong>joia<\/strong> en forma de <strong>Museo de Arte Contempor\u00e1neo \u201cEl Mercado\u201d<\/strong>.<\/p><p>L&#8217;agradable sorpresa que vaig rebre em motiva a publicar aquest <em>Post<\/em> monogr\u00e0fic.<\/p>\t\t\t\t\t\t\t\t<\/div>\n\t\t\t\t<\/div>\n\t\t\t\t<div class=\"elementor-element elementor-element-5dd83167 elementor-widget elementor-widget-heading\" data-id=\"5dd83167\" data-element_type=\"widget\" data-e-type=\"widget\" data-widget_type=\"heading.default\">\n\t\t\t\t<div class=\"elementor-widget-container\">\n\t\t\t\t\t<h2 class=\"elementor-heading-title elementor-size-default\">El Museo de Arte Contempor\u00e1neo 'El Mercado'<\/h2>\t\t\t\t<\/div>\n\t\t\t\t<\/div>\n\t\t\t\t<div class=\"elementor-element elementor-element-6c9557ee elementor-widget elementor-widget-menu-anchor\" data-id=\"6c9557ee\" data-element_type=\"widget\" data-e-type=\"widget\" data-widget_type=\"menu-anchor.default\">\n\t\t\t\t<div class=\"elementor-widget-container\">\n\t\t\t\t\t\t\t<div class=\"elementor-menu-anchor\" id=\"b3503\"><\/div>\n\t\t\t\t\t\t<\/div>\n\t\t\t\t<\/div>\n\t\t\t\t<div class=\"elementor-element elementor-element-4a14639 elementor-widget elementor-widget-text-editor\" data-id=\"4a14639\" data-element_type=\"widget\" data-e-type=\"widget\" data-widget_type=\"text-editor.default\">\n\t\t\t\t<div class=\"elementor-widget-container\">\n\t\t\t\t\t\t\t\t\t<p>Al c\u00e8ntric carrer Cervantes, es troba el Mercat Municipal de Villanueva de los Infantes. L&#8217;espai destinat a mercat es va anar reduint i el 2011 es va efectuar una remodelaci\u00f3 deixant la part baixa per les parades del mercat i la planta superior es va habilitar per a Museu d&#8217;Art Contemporani.<\/p><p>L&#8217;edifici \u00e9s una construcci\u00f3 sota encavallades de formig\u00f3 dels anys 60 del segle passat.<\/p><p>En aquesta planta es van distribuir 3 espais d&#8217;exposici\u00f3: una gran sala central per a Museu i dos espais laterals.<\/p>\t\t\t\t\t\t\t\t<\/div>\n\t\t\t\t<\/div>\n\t\t\t\t<div class=\"elementor-element elementor-element-4a4b0f4c elementor-widget elementor-widget-heading\" data-id=\"4a4b0f4c\" data-element_type=\"widget\" data-e-type=\"widget\" data-widget_type=\"heading.default\">\n\t\t\t\t<div class=\"elementor-widget-container\">\n\t\t\t\t\t<h3 class=\"elementor-heading-title elementor-size-default\">Espai d\u2019Art Contemporani<\/h3>\t\t\t\t<\/div>\n\t\t\t\t<\/div>\n\t\t\t\t<div class=\"elementor-element elementor-element-192eddba elementor-widget elementor-widget-text-editor\" data-id=\"192eddba\" data-element_type=\"widget\" data-e-type=\"widget\" data-widget_type=\"text-editor.default\">\n\t\t\t\t<div class=\"elementor-widget-container\">\n\t\t\t\t\t\t\t\t\t<p>La sala central, un gran espai di\u00e0fan, s&#8217;ha organitzat de forma modular, i \u00e9s el destinat al Museu. Alhora, la recepci\u00f3 del Museu fa les funcions d&#8217;<strong>Oficina de Turisme<\/strong>.<\/p>\t\t\t\t\t\t\t\t<\/div>\n\t\t\t\t<\/div>\n\t\t\t\t<div class=\"elementor-element elementor-element-17901a07 elementor-widget elementor-widget-image\" data-id=\"17901a07\" data-element_type=\"widget\" data-e-type=\"widget\" data-widget_type=\"image.default\">\n\t\t\t\t<div class=\"elementor-widget-container\">\n\t\t\t\t\t\t\t\t\t\t\t\t<figure class=\"wp-caption\">\n\t\t\t\t\t\t\t\t\t\t<img decoding=\"async\" width=\"768\" height=\"511\" src=\"https:\/\/www.elturistatranquil.com\/wp-content\/uploads\/F03-Museo-de-Arte-Contemporaneo-de-Villanueva-de-los-Infantes-1.jpg\" class=\"attachment-large size-large wp-image-18864\" alt=\"\" \/>\t\t\t\t\t\t\t\t\t\t\t<figcaption class=\"widget-image-caption wp-caption-text\"><\/figcaption>\n\t\t\t\t\t\t\t\t\t\t<\/figure>\n\t\t\t\t\t\t\t\t\t<\/div>\n\t\t\t\t<\/div>\n\t\t\t\t<div class=\"elementor-element elementor-element-127e808f elementor-widget elementor-widget-text-editor\" data-id=\"127e808f\" data-element_type=\"widget\" data-e-type=\"widget\" data-widget_type=\"text-editor.default\">\n\t\t\t\t<div class=\"elementor-widget-container\">\n\t\t\t\t\t\t\t\t\t<p>El Museu es nodreix dels fons de la <strong>Colecci\u00f3n Himalaya<\/strong> de <strong>Juli\u00e1n Castilla. <\/strong><\/p><p>No \u00e9s un museu est\u00e0tic, sin\u00f3 que va renovant-se cada cert temps, mostrant diferents parts de la col\u00b7lecci\u00f3, que abasta pintura, escultura i fotografia d&#8217;autors espanyols des de la segona meitat del segle XX fins als nostres dies.<\/p><p>La mostra que vaig admirar s&#8217;acull sota el t\u00edtol gen\u00e8ric de <em>Miradas de un Coleccionista<\/em>, i abasta art informalista, resist\u00e8ncia figurativa, art pop i nova figuraci\u00f3.<\/p><p>Entre d&#8217;altres, hi ha obres de Joan Mir\u00f3, Rafael Canogar, Luis Feit\u00f3, Antonio Saura, Manolo Vald\u00e9s, Eduardo Arroyo, Juan Genov\u00e9s, Equipo Cr\u00f2nica, Jos\u00e9 M\u00aa Sicilia, Juan Ust\u00e9, Jaume Plensa, Guillermo P\u00e9rez o Miquel Barcel\u00f3.<\/p><p>Les seg\u00fcents fotografies mostren un recorregut informal pel cos del Museu.<\/p>\t\t\t\t\t\t\t\t<\/div>\n\t\t\t\t<\/div>\n\t\t\t\t<div class=\"elementor-element elementor-element-20aee22f elementor-widget elementor-widget-image\" data-id=\"20aee22f\" data-element_type=\"widget\" data-e-type=\"widget\" data-widget_type=\"image.default\">\n\t\t\t\t<div class=\"elementor-widget-container\">\n\t\t\t\t\t\t\t\t\t\t\t\t<figure class=\"wp-caption\">\n\t\t\t\t\t\t\t\t\t\t<img loading=\"lazy\" decoding=\"async\" width=\"768\" height=\"511\" src=\"https:\/\/www.elturistatranquil.com\/wp-content\/uploads\/F04-Museo-de-Arte-Contemporaneo-de-Villanueva-de-los-Infantes-1.jpg\" class=\"attachment-large size-large wp-image-18866\" alt=\"\" \/>\t\t\t\t\t\t\t\t\t\t\t<figcaption class=\"widget-image-caption wp-caption-text\"><\/figcaption>\n\t\t\t\t\t\t\t\t\t\t<\/figure>\n\t\t\t\t\t\t\t\t\t<\/div>\n\t\t\t\t<\/div>\n\t\t\t\t<div class=\"elementor-element elementor-element-26151ee6 elementor-widget elementor-widget-image\" data-id=\"26151ee6\" data-element_type=\"widget\" data-e-type=\"widget\" data-widget_type=\"image.default\">\n\t\t\t\t<div class=\"elementor-widget-container\">\n\t\t\t\t\t\t\t\t\t\t\t\t<figure class=\"wp-caption\">\n\t\t\t\t\t\t\t\t\t\t<img loading=\"lazy\" decoding=\"async\" width=\"768\" height=\"512\" src=\"https:\/\/www.elturistatranquil.com\/wp-content\/uploads\/F05-Museo-de-Arte-Contemporaneo-de-Villanueva-de-los-Infantes-1.jpg\" class=\"attachment-large size-large wp-image-18868\" alt=\"\" \/>\t\t\t\t\t\t\t\t\t\t\t<figcaption class=\"widget-image-caption wp-caption-text\"><\/figcaption>\n\t\t\t\t\t\t\t\t\t\t<\/figure>\n\t\t\t\t\t\t\t\t\t<\/div>\n\t\t\t\t<\/div>\n\t\t\t\t<div class=\"elementor-element elementor-element-173ed0eb elementor-widget elementor-widget-image\" data-id=\"173ed0eb\" data-element_type=\"widget\" data-e-type=\"widget\" data-widget_type=\"image.default\">\n\t\t\t\t<div class=\"elementor-widget-container\">\n\t\t\t\t\t\t\t\t\t\t\t\t<figure class=\"wp-caption\">\n\t\t\t\t\t\t\t\t\t\t<img loading=\"lazy\" decoding=\"async\" width=\"768\" height=\"512\" src=\"https:\/\/www.elturistatranquil.com\/wp-content\/uploads\/F06-Museo-de-Arte-Contemporaneo-de-Villanueva-de-los-Infantes-1.jpg\" class=\"attachment-large size-large wp-image-18870\" alt=\"\" \/>\t\t\t\t\t\t\t\t\t\t\t<figcaption class=\"widget-image-caption wp-caption-text\"><\/figcaption>\n\t\t\t\t\t\t\t\t\t\t<\/figure>\n\t\t\t\t\t\t\t\t\t<\/div>\n\t\t\t\t<\/div>\n\t\t\t\t<div class=\"elementor-element elementor-element-31e16ec0 elementor-widget elementor-widget-image\" data-id=\"31e16ec0\" data-element_type=\"widget\" data-e-type=\"widget\" data-widget_type=\"image.default\">\n\t\t\t\t<div class=\"elementor-widget-container\">\n\t\t\t\t\t\t\t\t\t\t\t\t<figure class=\"wp-caption\">\n\t\t\t\t\t\t\t\t\t\t<img loading=\"lazy\" decoding=\"async\" width=\"768\" height=\"511\" src=\"https:\/\/www.elturistatranquil.com\/wp-content\/uploads\/F07-Museo-de-Arte-Contemporaneo-de-Villanueva-de-los-Infantes-1.jpg\" class=\"attachment-large size-large wp-image-18872\" alt=\"\" \/>\t\t\t\t\t\t\t\t\t\t\t<figcaption class=\"widget-image-caption wp-caption-text\"><\/figcaption>\n\t\t\t\t\t\t\t\t\t\t<\/figure>\n\t\t\t\t\t\t\t\t\t<\/div>\n\t\t\t\t<\/div>\n\t\t\t\t<div class=\"elementor-element elementor-element-5d28e96e elementor-widget elementor-widget-image\" data-id=\"5d28e96e\" data-element_type=\"widget\" data-e-type=\"widget\" data-widget_type=\"image.default\">\n\t\t\t\t<div class=\"elementor-widget-container\">\n\t\t\t\t\t\t\t\t\t\t\t\t<figure class=\"wp-caption\">\n\t\t\t\t\t\t\t\t\t\t<img loading=\"lazy\" decoding=\"async\" width=\"768\" height=\"511\" src=\"https:\/\/www.elturistatranquil.com\/wp-content\/uploads\/F08-Museo-de-Arte-Contemporaneo-de-Villanueva-de-los-Infantes-1.jpg\" class=\"attachment-large size-large wp-image-18874\" alt=\"\" \/>\t\t\t\t\t\t\t\t\t\t\t<figcaption class=\"widget-image-caption wp-caption-text\"><\/figcaption>\n\t\t\t\t\t\t\t\t\t\t<\/figure>\n\t\t\t\t\t\t\t\t\t<\/div>\n\t\t\t\t<\/div>\n\t\t\t\t<div class=\"elementor-element elementor-element-9051b7d elementor-widget elementor-widget-image\" data-id=\"9051b7d\" data-element_type=\"widget\" data-e-type=\"widget\" data-widget_type=\"image.default\">\n\t\t\t\t<div class=\"elementor-widget-container\">\n\t\t\t\t\t\t\t\t\t\t\t\t<figure class=\"wp-caption\">\n\t\t\t\t\t\t\t\t\t\t<img loading=\"lazy\" decoding=\"async\" width=\"768\" height=\"512\" src=\"https:\/\/www.elturistatranquil.com\/wp-content\/uploads\/F09-Museo-de-Arte-Contemporaneo-de-Villanueva-de-los-Infantes-1.jpg\" class=\"attachment-large size-large wp-image-18876\" alt=\"\" \/>\t\t\t\t\t\t\t\t\t\t\t<figcaption class=\"widget-image-caption wp-caption-text\"><\/figcaption>\n\t\t\t\t\t\t\t\t\t\t<\/figure>\n\t\t\t\t\t\t\t\t\t<\/div>\n\t\t\t\t<\/div>\n\t\t\t\t<div class=\"elementor-element elementor-element-555e87a4 elementor-widget elementor-widget-image\" data-id=\"555e87a4\" data-element_type=\"widget\" data-e-type=\"widget\" data-widget_type=\"image.default\">\n\t\t\t\t<div class=\"elementor-widget-container\">\n\t\t\t\t\t\t\t\t\t\t\t\t<figure class=\"wp-caption\">\n\t\t\t\t\t\t\t\t\t\t<img loading=\"lazy\" decoding=\"async\" width=\"768\" height=\"512\" src=\"https:\/\/www.elturistatranquil.com\/wp-content\/uploads\/F10-Museo-de-Arte-Contemporaneo-de-Villanueva-de-los-Infantes-1.jpg\" class=\"attachment-large size-large wp-image-18878\" alt=\"\" \/>\t\t\t\t\t\t\t\t\t\t\t<figcaption class=\"widget-image-caption wp-caption-text\"><\/figcaption>\n\t\t\t\t\t\t\t\t\t\t<\/figure>\n\t\t\t\t\t\t\t\t\t<\/div>\n\t\t\t\t<\/div>\n\t\t\t\t<div class=\"elementor-element elementor-element-7a2ebba8 elementor-widget elementor-widget-image\" data-id=\"7a2ebba8\" data-element_type=\"widget\" data-e-type=\"widget\" data-widget_type=\"image.default\">\n\t\t\t\t<div class=\"elementor-widget-container\">\n\t\t\t\t\t\t\t\t\t\t\t\t<figure class=\"wp-caption\">\n\t\t\t\t\t\t\t\t\t\t<img loading=\"lazy\" decoding=\"async\" width=\"768\" height=\"512\" src=\"https:\/\/www.elturistatranquil.com\/wp-content\/uploads\/F11-Museo-de-Arte-Contemporaneo-de-Villanueva-de-los-Infantes-1.jpg\" class=\"attachment-large size-large wp-image-18880\" alt=\"\" \/>\t\t\t\t\t\t\t\t\t\t\t<figcaption class=\"widget-image-caption wp-caption-text\"><\/figcaption>\n\t\t\t\t\t\t\t\t\t\t<\/figure>\n\t\t\t\t\t\t\t\t\t<\/div>\n\t\t\t\t<\/div>\n\t\t\t\t<div class=\"elementor-element elementor-element-570c9f34 elementor-widget elementor-widget-image\" data-id=\"570c9f34\" data-element_type=\"widget\" data-e-type=\"widget\" data-widget_type=\"image.default\">\n\t\t\t\t<div class=\"elementor-widget-container\">\n\t\t\t\t\t\t\t\t\t\t\t\t<figure class=\"wp-caption\">\n\t\t\t\t\t\t\t\t\t\t<img loading=\"lazy\" decoding=\"async\" width=\"768\" height=\"511\" src=\"https:\/\/www.elturistatranquil.com\/wp-content\/uploads\/F12-Museo-de-Arte-Contemporaneo-de-Villanueva-de-los-Infantes-1.jpg\" class=\"attachment-large size-large wp-image-18882\" alt=\"\" \/>\t\t\t\t\t\t\t\t\t\t\t<figcaption class=\"widget-image-caption wp-caption-text\"><\/figcaption>\n\t\t\t\t\t\t\t\t\t\t<\/figure>\n\t\t\t\t\t\t\t\t\t<\/div>\n\t\t\t\t<\/div>\n\t\t\t\t<div class=\"elementor-element elementor-element-1c821e60 elementor-widget elementor-widget-image\" data-id=\"1c821e60\" data-element_type=\"widget\" data-e-type=\"widget\" data-widget_type=\"image.default\">\n\t\t\t\t<div class=\"elementor-widget-container\">\n\t\t\t\t\t\t\t\t\t\t\t\t<figure class=\"wp-caption\">\n\t\t\t\t\t\t\t\t\t\t<img loading=\"lazy\" decoding=\"async\" width=\"768\" height=\"512\" src=\"https:\/\/www.elturistatranquil.com\/wp-content\/uploads\/F13-Museo-de-Arte-Contemporaneo-de-Villanueva-de-los-Infantes-1.jpg\" class=\"attachment-large size-large wp-image-18884\" alt=\"\" \/>\t\t\t\t\t\t\t\t\t\t\t<figcaption class=\"widget-image-caption wp-caption-text\"><\/figcaption>\n\t\t\t\t\t\t\t\t\t\t<\/figure>\n\t\t\t\t\t\t\t\t\t<\/div>\n\t\t\t\t<\/div>\n\t\t\t\t<div class=\"elementor-element elementor-element-608b7291 elementor-widget elementor-widget-image\" data-id=\"608b7291\" data-element_type=\"widget\" data-e-type=\"widget\" data-widget_type=\"image.default\">\n\t\t\t\t<div class=\"elementor-widget-container\">\n\t\t\t\t\t\t\t\t\t\t\t\t<figure class=\"wp-caption\">\n\t\t\t\t\t\t\t\t\t\t<img loading=\"lazy\" decoding=\"async\" width=\"768\" height=\"511\" src=\"https:\/\/www.elturistatranquil.com\/wp-content\/uploads\/F14-Museo-de-Arte-Contemporaneo-de-Villanueva-de-los-Infantes-1.jpg\" class=\"attachment-large size-large wp-image-18886\" alt=\"\" \/>\t\t\t\t\t\t\t\t\t\t\t<figcaption class=\"widget-image-caption wp-caption-text\"><\/figcaption>\n\t\t\t\t\t\t\t\t\t\t<\/figure>\n\t\t\t\t\t\t\t\t\t<\/div>\n\t\t\t\t<\/div>\n\t\t\t\t<div class=\"elementor-element elementor-element-691cd530 elementor-widget elementor-widget-image\" data-id=\"691cd530\" data-element_type=\"widget\" data-e-type=\"widget\" data-widget_type=\"image.default\">\n\t\t\t\t<div class=\"elementor-widget-container\">\n\t\t\t\t\t\t\t\t\t\t\t\t<figure class=\"wp-caption\">\n\t\t\t\t\t\t\t\t\t\t<img loading=\"lazy\" decoding=\"async\" width=\"768\" height=\"511\" src=\"https:\/\/www.elturistatranquil.com\/wp-content\/uploads\/F15-Museo-de-Arte-Contemporaneo-de-Villanueva-de-los-Infantes-1.jpg\" class=\"attachment-large size-large wp-image-18888\" alt=\"\" \/>\t\t\t\t\t\t\t\t\t\t\t<figcaption class=\"widget-image-caption wp-caption-text\"><\/figcaption>\n\t\t\t\t\t\t\t\t\t\t<\/figure>\n\t\t\t\t\t\t\t\t\t<\/div>\n\t\t\t\t<\/div>\n\t\t\t\t<div class=\"elementor-element elementor-element-79539eba elementor-widget elementor-widget-image\" data-id=\"79539eba\" data-element_type=\"widget\" data-e-type=\"widget\" data-widget_type=\"image.default\">\n\t\t\t\t<div class=\"elementor-widget-container\">\n\t\t\t\t\t\t\t\t\t\t\t\t<figure class=\"wp-caption\">\n\t\t\t\t\t\t\t\t\t\t<img loading=\"lazy\" decoding=\"async\" width=\"768\" height=\"511\" src=\"https:\/\/www.elturistatranquil.com\/wp-content\/uploads\/F16-Museo-de-Arte-Contemporaneo-de-Villanueva-de-los-Infantes-1.jpg\" class=\"attachment-large size-large wp-image-18890\" alt=\"\" \/>\t\t\t\t\t\t\t\t\t\t\t<figcaption class=\"widget-image-caption wp-caption-text\"><\/figcaption>\n\t\t\t\t\t\t\t\t\t\t<\/figure>\n\t\t\t\t\t\t\t\t\t<\/div>\n\t\t\t\t<\/div>\n\t\t\t\t<div class=\"elementor-element elementor-element-3241b36b elementor-widget elementor-widget-image\" data-id=\"3241b36b\" data-element_type=\"widget\" data-e-type=\"widget\" data-widget_type=\"image.default\">\n\t\t\t\t<div class=\"elementor-widget-container\">\n\t\t\t\t\t\t\t\t\t\t\t\t<figure class=\"wp-caption\">\n\t\t\t\t\t\t\t\t\t\t<img loading=\"lazy\" decoding=\"async\" width=\"768\" height=\"511\" src=\"https:\/\/www.elturistatranquil.com\/wp-content\/uploads\/F17-Museo-de-Arte-Contemporaneo-de-Villanueva-de-los-Infantes-1.jpg\" class=\"attachment-large size-large wp-image-18892\" alt=\"\" \/>\t\t\t\t\t\t\t\t\t\t\t<figcaption class=\"widget-image-caption wp-caption-text\"><\/figcaption>\n\t\t\t\t\t\t\t\t\t\t<\/figure>\n\t\t\t\t\t\t\t\t\t<\/div>\n\t\t\t\t<\/div>\n\t\t\t\t<div class=\"elementor-element elementor-element-3522c666 elementor-widget elementor-widget-image\" data-id=\"3522c666\" data-element_type=\"widget\" data-e-type=\"widget\" data-widget_type=\"image.default\">\n\t\t\t\t<div class=\"elementor-widget-container\">\n\t\t\t\t\t\t\t\t\t\t\t\t<figure class=\"wp-caption\">\n\t\t\t\t\t\t\t\t\t\t<img loading=\"lazy\" decoding=\"async\" width=\"768\" height=\"512\" src=\"https:\/\/www.elturistatranquil.com\/wp-content\/uploads\/F18-Museo-de-Arte-Contemporaneo-de-Villanueva-de-los-Infantes-1.jpg\" class=\"attachment-large size-large wp-image-18894\" alt=\"\" \/>\t\t\t\t\t\t\t\t\t\t\t<figcaption class=\"widget-image-caption wp-caption-text\"><\/figcaption>\n\t\t\t\t\t\t\t\t\t\t<\/figure>\n\t\t\t\t\t\t\t\t\t<\/div>\n\t\t\t\t<\/div>\n\t\t\t\t<div class=\"elementor-element elementor-element-57e21709 elementor-widget elementor-widget-image\" data-id=\"57e21709\" data-element_type=\"widget\" data-e-type=\"widget\" data-widget_type=\"image.default\">\n\t\t\t\t<div class=\"elementor-widget-container\">\n\t\t\t\t\t\t\t\t\t\t\t\t<figure class=\"wp-caption\">\n\t\t\t\t\t\t\t\t\t\t<img loading=\"lazy\" decoding=\"async\" width=\"768\" height=\"511\" src=\"https:\/\/www.elturistatranquil.com\/wp-content\/uploads\/F19-Museo-de-Arte-Contemporaneo-de-Villanueva-de-los-Infantes-1.jpg\" class=\"attachment-large size-large wp-image-18896\" alt=\"\" \/>\t\t\t\t\t\t\t\t\t\t\t<figcaption class=\"widget-image-caption wp-caption-text\"><\/figcaption>\n\t\t\t\t\t\t\t\t\t\t<\/figure>\n\t\t\t\t\t\t\t\t\t<\/div>\n\t\t\t\t<\/div>\n\t\t\t\t<div class=\"elementor-element elementor-element-370989e1 elementor-widget elementor-widget-image\" data-id=\"370989e1\" data-element_type=\"widget\" data-e-type=\"widget\" data-widget_type=\"image.default\">\n\t\t\t\t<div class=\"elementor-widget-container\">\n\t\t\t\t\t\t\t\t\t\t\t\t<figure class=\"wp-caption\">\n\t\t\t\t\t\t\t\t\t\t<img loading=\"lazy\" decoding=\"async\" width=\"768\" height=\"511\" src=\"https:\/\/www.elturistatranquil.com\/wp-content\/uploads\/F20-Museo-de-Arte-Contemporaneo-de-Villanueva-de-los-Infantes-1.jpg\" class=\"attachment-large size-large wp-image-18898\" alt=\"\" \/>\t\t\t\t\t\t\t\t\t\t\t<figcaption class=\"widget-image-caption wp-caption-text\"><\/figcaption>\n\t\t\t\t\t\t\t\t\t\t<\/figure>\n\t\t\t\t\t\t\t\t\t<\/div>\n\t\t\t\t<\/div>\n\t\t\t\t<div class=\"elementor-element elementor-element-6dbb3715 elementor-widget elementor-widget-image\" data-id=\"6dbb3715\" data-element_type=\"widget\" data-e-type=\"widget\" data-widget_type=\"image.default\">\n\t\t\t\t<div class=\"elementor-widget-container\">\n\t\t\t\t\t\t\t\t\t\t\t\t<figure class=\"wp-caption\">\n\t\t\t\t\t\t\t\t\t\t<img loading=\"lazy\" decoding=\"async\" width=\"768\" height=\"511\" src=\"https:\/\/www.elturistatranquil.com\/wp-content\/uploads\/F21-Museo-de-Arte-Contemporaneo-de-Villanueva-de-los-Infantes-1.jpg\" class=\"attachment-large size-large wp-image-18900\" alt=\"\" \/>\t\t\t\t\t\t\t\t\t\t\t<figcaption class=\"widget-image-caption wp-caption-text\"><\/figcaption>\n\t\t\t\t\t\t\t\t\t\t<\/figure>\n\t\t\t\t\t\t\t\t\t<\/div>\n\t\t\t\t<\/div>\n\t\t\t\t<div class=\"elementor-element elementor-element-2ec08af2 elementor-widget elementor-widget-menu-anchor\" data-id=\"2ec08af2\" data-element_type=\"widget\" data-e-type=\"widget\" data-widget_type=\"menu-anchor.default\">\n\t\t\t\t<div class=\"elementor-widget-container\">\n\t\t\t\t\t\t\t<div class=\"elementor-menu-anchor\" id=\"b3504\"><\/div>\n\t\t\t\t\t\t<\/div>\n\t\t\t\t<\/div>\n\t\t\t\t<div class=\"elementor-element elementor-element-db3b1b2 elementor-widget elementor-widget-image\" data-id=\"db3b1b2\" data-element_type=\"widget\" data-e-type=\"widget\" data-widget_type=\"image.default\">\n\t\t\t\t<div class=\"elementor-widget-container\">\n\t\t\t\t\t\t\t\t\t\t\t\t<figure class=\"wp-caption\">\n\t\t\t\t\t\t\t\t\t\t<img loading=\"lazy\" decoding=\"async\" width=\"768\" height=\"511\" src=\"https:\/\/www.elturistatranquil.com\/wp-content\/uploads\/F22-Museo-de-Arte-Contemporaneo-de-Villanueva-de-los-Infantes-1.jpg\" class=\"attachment-large size-large wp-image-18902\" alt=\"\" \/>\t\t\t\t\t\t\t\t\t\t\t<figcaption class=\"widget-image-caption wp-caption-text\"><\/figcaption>\n\t\t\t\t\t\t\t\t\t\t<\/figure>\n\t\t\t\t\t\t\t\t\t<\/div>\n\t\t\t\t<\/div>\n\t\t\t\t<div class=\"elementor-element elementor-element-63d180aa elementor-widget elementor-widget-heading\" data-id=\"63d180aa\" data-element_type=\"widget\" data-e-type=\"widget\" data-widget_type=\"heading.default\">\n\t\t\t\t<div class=\"elementor-widget-container\">\n\t\t\t\t\t<h3 class=\"elementor-heading-title elementor-size-default\">Asociaci\u00f3n de Artistas Pl\u00e1sticos Infante\u00f1os \u201cArteaga Alfaro\u201d<\/h3>\t\t\t\t<\/div>\n\t\t\t\t<\/div>\n\t\t\t\t<div class=\"elementor-element elementor-element-373a148b elementor-widget elementor-widget-text-editor\" data-id=\"373a148b\" data-element_type=\"widget\" data-e-type=\"widget\" data-widget_type=\"text-editor.default\">\n\t\t\t\t<div class=\"elementor-widget-container\">\n\t\t\t\t\t\t\t\t\t<p>Un ampli altell amb vistes sobre la sala est\u00e0 reservat per a ser gestionat per la <strong>Asociaci\u00f3n de Artistas Pl\u00e1sticos Infante\u00f1os \u201cArteaga Alfaro\u201d<\/strong>.<\/p><p>S&#8217;hi organitzen exposicions temporals dedicades als artistes locals.<\/p>\t\t\t\t\t\t\t\t<\/div>\n\t\t\t\t<\/div>\n\t\t\t\t<div class=\"elementor-element elementor-element-3d60fcd3 elementor-widget elementor-widget-image\" data-id=\"3d60fcd3\" data-element_type=\"widget\" data-e-type=\"widget\" data-widget_type=\"image.default\">\n\t\t\t\t<div class=\"elementor-widget-container\">\n\t\t\t\t\t\t\t\t\t\t\t\t<figure class=\"wp-caption\">\n\t\t\t\t\t\t\t\t\t\t<img loading=\"lazy\" decoding=\"async\" width=\"768\" height=\"512\" src=\"https:\/\/www.elturistatranquil.com\/wp-content\/uploads\/F23-Museo-de-Arte-Contemporaneo-de-Villanueva-de-los-Infantes-1.jpg\" class=\"attachment-large size-large wp-image-18904\" alt=\"\" \/>\t\t\t\t\t\t\t\t\t\t\t<figcaption class=\"widget-image-caption wp-caption-text\"><\/figcaption>\n\t\t\t\t\t\t\t\t\t\t<\/figure>\n\t\t\t\t\t\t\t\t\t<\/div>\n\t\t\t\t<\/div>\n\t\t\t\t<div class=\"elementor-element elementor-element-13b4c12 elementor-widget elementor-widget-text-editor\" data-id=\"13b4c12\" data-element_type=\"widget\" data-e-type=\"widget\" data-widget_type=\"text-editor.default\">\n\t\t\t\t<div class=\"elementor-widget-container\">\n\t\t\t\t\t\t\t\t\t<p>Presideix l&#8217;entrada a aquest espai el quadre <em>Anunciaci\u00f3<\/em>, del pintor <strong>Mat\u00edas de Arteaga Alfaro<\/strong>, nascut a Villanueva de los Infanets en 1633 i mort a Sevilla en 1703, a qui homenatja l&#8217;Associaci\u00f3. Pintor barroc adscrit a l&#8217;escola sevillana i deixeble de Vald\u00e9s Leal.<\/p>\t\t\t\t\t\t\t\t<\/div>\n\t\t\t\t<\/div>\n\t\t\t\t<div class=\"elementor-element elementor-element-743bdf1b elementor-widget elementor-widget-image\" data-id=\"743bdf1b\" data-element_type=\"widget\" data-e-type=\"widget\" data-widget_type=\"image.default\">\n\t\t\t\t<div class=\"elementor-widget-container\">\n\t\t\t\t\t\t\t\t\t\t\t\t<figure class=\"wp-caption\">\n\t\t\t\t\t\t\t\t\t\t<img loading=\"lazy\" decoding=\"async\" width=\"768\" height=\"512\" src=\"https:\/\/www.elturistatranquil.com\/wp-content\/uploads\/F24-Museo-de-Arte-Contemporaneo-de-Villanueva-de-los-Infantes-Asociacion-Arteaga-Alfaro-1.jpg\" class=\"attachment-large size-large wp-image-18906\" alt=\"\" \/>\t\t\t\t\t\t\t\t\t\t\t<figcaption class=\"widget-image-caption wp-caption-text\"><\/figcaption>\n\t\t\t\t\t\t\t\t\t\t<\/figure>\n\t\t\t\t\t\t\t\t\t<\/div>\n\t\t\t\t<\/div>\n\t\t\t\t<div class=\"elementor-element elementor-element-c82823 elementor-widget elementor-widget-text-editor\" data-id=\"c82823\" data-element_type=\"widget\" data-e-type=\"widget\" data-widget_type=\"text-editor.default\">\n\t\t\t\t<div class=\"elementor-widget-container\">\n\t\t\t\t\t\t\t\t\t<p>Com he indicat, el conjunt de l&#8217;exposici\u00f3 est\u00e0 dedicat a artistes actuals locals.<\/p>\t\t\t\t\t\t\t\t<\/div>\n\t\t\t\t<\/div>\n\t\t\t\t<div class=\"elementor-element elementor-element-635cc868 elementor-widget elementor-widget-image\" data-id=\"635cc868\" data-element_type=\"widget\" data-e-type=\"widget\" data-widget_type=\"image.default\">\n\t\t\t\t<div class=\"elementor-widget-container\">\n\t\t\t\t\t\t\t\t\t\t\t\t<figure class=\"wp-caption\">\n\t\t\t\t\t\t\t\t\t\t<img loading=\"lazy\" decoding=\"async\" width=\"768\" height=\"511\" src=\"https:\/\/www.elturistatranquil.com\/wp-content\/uploads\/F25-Museo-de-Arte-Contemporaneo-de-Villanueva-de-los-Infantes-Asociacion-Arteaga-Alfaro-1.jpg\" class=\"attachment-large size-large wp-image-18908\" alt=\"\" \/>\t\t\t\t\t\t\t\t\t\t\t<figcaption class=\"widget-image-caption wp-caption-text\"><\/figcaption>\n\t\t\t\t\t\t\t\t\t\t<\/figure>\n\t\t\t\t\t\t\t\t\t<\/div>\n\t\t\t\t<\/div>\n\t\t\t\t<div class=\"elementor-element elementor-element-46356bd7 elementor-widget elementor-widget-image\" data-id=\"46356bd7\" data-element_type=\"widget\" data-e-type=\"widget\" data-widget_type=\"image.default\">\n\t\t\t\t<div class=\"elementor-widget-container\">\n\t\t\t\t\t\t\t\t\t\t\t\t<figure class=\"wp-caption\">\n\t\t\t\t\t\t\t\t\t\t<img loading=\"lazy\" decoding=\"async\" width=\"768\" height=\"511\" src=\"https:\/\/www.elturistatranquil.com\/wp-content\/uploads\/F27-Museo-de-Arte-Contemporaneo-de-Villanueva-de-los-Infantes-Asociacion-Arteaga-Alfaro-1.jpg\" class=\"attachment-large size-large wp-image-18910\" alt=\"\" \/>\t\t\t\t\t\t\t\t\t\t\t<figcaption class=\"widget-image-caption wp-caption-text\"><\/figcaption>\n\t\t\t\t\t\t\t\t\t\t<\/figure>\n\t\t\t\t\t\t\t\t\t<\/div>\n\t\t\t\t<\/div>\n\t\t\t\t<div class=\"elementor-element elementor-element-49eed5fa elementor-widget elementor-widget-image\" data-id=\"49eed5fa\" data-element_type=\"widget\" data-e-type=\"widget\" data-widget_type=\"image.default\">\n\t\t\t\t<div class=\"elementor-widget-container\">\n\t\t\t\t\t\t\t\t\t\t\t\t<figure class=\"wp-caption\">\n\t\t\t\t\t\t\t\t\t\t<img loading=\"lazy\" decoding=\"async\" width=\"768\" height=\"511\" src=\"https:\/\/www.elturistatranquil.com\/wp-content\/uploads\/F29-Museo-de-Arte-Contemporaneo-de-Villanueva-de-los-Infantes-Exposicion-Sudor-1.jpg\" class=\"attachment-large size-large wp-image-18912\" alt=\"\" \/>\t\t\t\t\t\t\t\t\t\t\t<figcaption class=\"widget-image-caption wp-caption-text\"><\/figcaption>\n\t\t\t\t\t\t\t\t\t\t<\/figure>\n\t\t\t\t\t\t\t\t\t<\/div>\n\t\t\t\t<\/div>\n\t\t\t\t<div class=\"elementor-element elementor-element-19cf7a08 elementor-widget elementor-widget-image\" data-id=\"19cf7a08\" data-element_type=\"widget\" data-e-type=\"widget\" data-widget_type=\"image.default\">\n\t\t\t\t<div class=\"elementor-widget-container\">\n\t\t\t\t\t\t\t\t\t\t\t\t<figure class=\"wp-caption\">\n\t\t\t\t\t\t\t\t\t\t<img loading=\"lazy\" decoding=\"async\" width=\"768\" height=\"511\" src=\"https:\/\/www.elturistatranquil.com\/wp-content\/uploads\/F26-Museo-de-Arte-Contemporaneo-de-Villanueva-de-los-Infantes-Asociacion-Arteaga-Alfaro-1.jpg\" class=\"attachment-large size-large wp-image-18914\" alt=\"\" \/>\t\t\t\t\t\t\t\t\t\t\t<figcaption class=\"widget-image-caption wp-caption-text\"><\/figcaption>\n\t\t\t\t\t\t\t\t\t\t<\/figure>\n\t\t\t\t\t\t\t\t\t<\/div>\n\t\t\t\t<\/div>\n\t\t\t\t<div class=\"elementor-element elementor-element-63f7bca8 elementor-widget elementor-widget-menu-anchor\" data-id=\"63f7bca8\" data-element_type=\"widget\" data-e-type=\"widget\" data-widget_type=\"menu-anchor.default\">\n\t\t\t\t<div class=\"elementor-widget-container\">\n\t\t\t\t\t\t\t<div class=\"elementor-menu-anchor\" id=\"b3505\"><\/div>\n\t\t\t\t\t\t<\/div>\n\t\t\t\t<\/div>\n\t\t\t\t<div class=\"elementor-element elementor-element-a450926 elementor-widget elementor-widget-image\" data-id=\"a450926\" data-element_type=\"widget\" data-e-type=\"widget\" data-widget_type=\"image.default\">\n\t\t\t\t<div class=\"elementor-widget-container\">\n\t\t\t\t\t\t\t\t\t\t\t\t<figure class=\"wp-caption\">\n\t\t\t\t\t\t\t\t\t\t<img loading=\"lazy\" decoding=\"async\" width=\"768\" height=\"511\" src=\"https:\/\/www.elturistatranquil.com\/wp-content\/uploads\/F28-Museo-de-Arte-Contemporaneo-de-Villanueva-de-los-Infantes-Asociacion-Arteaga-Alfaro-1.jpg\" class=\"attachment-large size-large wp-image-18916\" alt=\"\" \/>\t\t\t\t\t\t\t\t\t\t\t<figcaption class=\"widget-image-caption wp-caption-text\"><\/figcaption>\n\t\t\t\t\t\t\t\t\t\t<\/figure>\n\t\t\t\t\t\t\t\t\t<\/div>\n\t\t\t\t<\/div>\n\t\t\t\t<div class=\"elementor-element elementor-element-201e3a32 elementor-widget elementor-widget-heading\" data-id=\"201e3a32\" data-element_type=\"widget\" data-e-type=\"widget\" data-widget_type=\"heading.default\">\n\t\t\t\t<div class=\"elementor-widget-container\">\n\t\t\t\t\t<h3 class=\"elementor-heading-title elementor-size-default\">Mostra permanent \u2018Sudor\u2019<\/h3>\t\t\t\t<\/div>\n\t\t\t\t<\/div>\n\t\t\t\t<div class=\"elementor-element elementor-element-5e0ced0 elementor-widget elementor-widget-text-editor\" data-id=\"5e0ced0\" data-element_type=\"widget\" data-e-type=\"widget\" data-widget_type=\"text-editor.default\">\n\t\t\t\t<div class=\"elementor-widget-container\">\n\t\t\t\t\t\t\t\t\t<p>El tercer espai \u00e9s una sala adjunta per a exposicions, en qu\u00e8 de forma indefinida s&#8217;exhibeix la mostra <strong>Sudor<\/strong>, de l&#8217;artista d&#8217;origen local <strong>Juan Antonio Giraldo<\/strong>.<\/p><p>Es tracta d&#8217;un conjunt de 60 fotografies en blanc i negre sobre treballadors de Infantes de diferents sectors per al qual ha creat diferents objectes: feixos de sembrats, garbes, ra\u00efm, olives, pebrots &#8230;<\/p><p>\u00c9s un homenatge al treball i als treballadors de Villanueva de los Infantes.<\/p>\t\t\t\t\t\t\t\t<\/div>\n\t\t\t\t<\/div>\n\t\t\t\t<div class=\"elementor-element elementor-element-6291254f elementor-widget elementor-widget-image\" data-id=\"6291254f\" data-element_type=\"widget\" data-e-type=\"widget\" data-widget_type=\"image.default\">\n\t\t\t\t<div class=\"elementor-widget-container\">\n\t\t\t\t\t\t\t\t\t\t\t\t<figure class=\"wp-caption\">\n\t\t\t\t\t\t\t\t\t\t<img loading=\"lazy\" decoding=\"async\" width=\"768\" height=\"512\" src=\"https:\/\/www.elturistatranquil.com\/wp-content\/uploads\/F30-Museo-de-Arte-Contemporaneo-de-Villanueva-de-los-Infantes-Exposicion-Sudor-1.jpg\" class=\"attachment-large size-large wp-image-18918\" alt=\"\" \/>\t\t\t\t\t\t\t\t\t\t\t<figcaption class=\"widget-image-caption wp-caption-text\"><\/figcaption>\n\t\t\t\t\t\t\t\t\t\t<\/figure>\n\t\t\t\t\t\t\t\t\t<\/div>\n\t\t\t\t<\/div>\n\t\t\t\t<div class=\"elementor-element elementor-element-4fa10a7c elementor-widget elementor-widget-image\" data-id=\"4fa10a7c\" data-element_type=\"widget\" data-e-type=\"widget\" data-widget_type=\"image.default\">\n\t\t\t\t<div class=\"elementor-widget-container\">\n\t\t\t\t\t\t\t\t\t\t\t\t<figure class=\"wp-caption\">\n\t\t\t\t\t\t\t\t\t\t<img loading=\"lazy\" decoding=\"async\" width=\"768\" height=\"511\" src=\"https:\/\/www.elturistatranquil.com\/wp-content\/uploads\/F31-Museo-de-Arte-Contemporaneo-de-Villanueva-de-los-Infantes-Exposicion-Sudor-1.jpg\" class=\"attachment-large size-large wp-image-18920\" alt=\"\" \/>\t\t\t\t\t\t\t\t\t\t\t<figcaption class=\"widget-image-caption wp-caption-text\"><\/figcaption>\n\t\t\t\t\t\t\t\t\t\t<\/figure>\n\t\t\t\t\t\t\t\t\t<\/div>\n\t\t\t\t<\/div>\n\t\t\t\t<div class=\"elementor-element elementor-element-577d675 elementor-widget elementor-widget-image\" data-id=\"577d675\" data-element_type=\"widget\" data-e-type=\"widget\" data-widget_type=\"image.default\">\n\t\t\t\t<div class=\"elementor-widget-container\">\n\t\t\t\t\t\t\t\t\t\t\t\t<figure class=\"wp-caption\">\n\t\t\t\t\t\t\t\t\t\t<img loading=\"lazy\" decoding=\"async\" width=\"768\" height=\"511\" src=\"https:\/\/www.elturistatranquil.com\/wp-content\/uploads\/F32-Museo-de-Arte-Contemporaneo-de-Villanueva-de-los-Infantes-Exposicion-Sudor-1.jpg\" class=\"attachment-large size-large wp-image-18922\" alt=\"\" \/>\t\t\t\t\t\t\t\t\t\t\t<figcaption class=\"widget-image-caption wp-caption-text\"><\/figcaption>\n\t\t\t\t\t\t\t\t\t\t<\/figure>\n\t\t\t\t\t\t\t\t\t<\/div>\n\t\t\t\t<\/div>\n\t\t\t\t<div class=\"elementor-element elementor-element-43ba73d3 elementor-widget elementor-widget-image\" data-id=\"43ba73d3\" data-element_type=\"widget\" data-e-type=\"widget\" data-widget_type=\"image.default\">\n\t\t\t\t<div class=\"elementor-widget-container\">\n\t\t\t\t\t\t\t\t\t\t\t\t<figure class=\"wp-caption\">\n\t\t\t\t\t\t\t\t\t\t<img loading=\"lazy\" decoding=\"async\" width=\"768\" height=\"511\" src=\"https:\/\/www.elturistatranquil.com\/wp-content\/uploads\/F33-Museo-de-Arte-Contemporaneo-de-Villanueva-de-los-Infantes-Exposicion-Sudor-1.jpg\" class=\"attachment-large size-large wp-image-18924\" alt=\"\" \/>\t\t\t\t\t\t\t\t\t\t\t<figcaption class=\"widget-image-caption wp-caption-text\"><\/figcaption>\n\t\t\t\t\t\t\t\t\t\t<\/figure>\n\t\t\t\t\t\t\t\t\t<\/div>\n\t\t\t\t<\/div>\n\t\t\t\t<div class=\"elementor-element elementor-element-49e1515 elementor-widget elementor-widget-menu-anchor\" data-id=\"49e1515\" data-element_type=\"widget\" data-e-type=\"widget\" data-widget_type=\"menu-anchor.default\">\n\t\t\t\t<div class=\"elementor-widget-container\">\n\t\t\t\t\t\t\t<div class=\"elementor-menu-anchor\" id=\"b3506\"><\/div>\n\t\t\t\t\t\t<\/div>\n\t\t\t\t<\/div>\n\t\t\t\t<div class=\"elementor-element elementor-element-4a449f98 elementor-widget elementor-widget-text-editor\" data-id=\"4a449f98\" data-element_type=\"widget\" data-e-type=\"widget\" data-widget_type=\"text-editor.default\">\n\t\t\t\t<div class=\"elementor-widget-container\">\n\t\t\t\t\t\t\t\t\t<p>De la seva faceta d&#8217;escultor poden veure\u2019s a la pla\u00e7a major de Villanueva de los Infantes un conjunt de quatre escultures a mida natural del <em>Quixot, Sancho i el cavall i l&#8217;ase.<\/em><\/p>\t\t\t\t\t\t\t\t<\/div>\n\t\t\t\t<\/div>\n\t\t\t\t<div class=\"elementor-element elementor-element-38eeb7ff elementor-widget elementor-widget-heading\" data-id=\"38eeb7ff\" data-element_type=\"widget\" data-e-type=\"widget\" data-widget_type=\"heading.default\">\n\t\t\t\t<div class=\"elementor-widget-container\">\n\t\t\t\t\t<h2 class=\"elementor-heading-title elementor-size-default\">Fi de la visita<\/h2>\t\t\t\t<\/div>\n\t\t\t\t<\/div>\n\t\t\t\t<div class=\"elementor-element elementor-element-354e1d53 elementor-widget elementor-widget-text-editor\" data-id=\"354e1d53\" data-element_type=\"widget\" data-e-type=\"widget\" data-widget_type=\"text-editor.default\">\n\t\t\t\t<div class=\"elementor-widget-container\">\n\t\t\t\t\t\t\t\t\t<p>M&#8217;ha semblat oport\u00fa presentar aquest <em>Post<\/em> monogr\u00e0fic sobre el <strong>Museo de Arte Contempor\u00e1neo \u2018El Mercado\u2019<\/strong> per considerar-ho una joia que entronca la hist\u00f2ria amb la modernitat en una vila de la Manxa del Quixot, sota una iniciativa totalment local.<\/p><p>\u00c9s un exemple del que pot aconseguir-se si hi ha persones interessades en la potenciaci\u00f3 del seu territori.<\/p>\t\t\t\t\t\t\t\t<\/div>\n\t\t\t\t<\/div>\n\t\t\t\t\t<\/div>\n\t\t<\/div>\n\t\t\t\t\t<\/div>\n\t\t<\/section>\n\t\t\t\t<\/div>\n\t\t","protected":false},"excerpt":{"rendered":"<p>El Museo de Arte Contempor\u00e1neo \u201cEl Mercado\u201d de Villanueva de los Infantes (Ciudad Real), \u00e9s una joia de modernitat enmig de la Manxa del Quixot. Museo de Arte Contempor\u00e1neo \u201cEl &#8230; <a title=\"Museo de Arte Contempor\u00e1neo \u201cEl Mercado\u201d de Villanueva de los Infantes (Ciudad Real)\" class=\"read-more\" href=\"https:\/\/www.elturistatranquil.com\/ca\/museo-de-arte-contemporaneo-el-mercado-de-villanueva-de-los-infantes-ciudad-real\/\" aria-label=\"M\u00e9s informaci\u00f3 sobre Museo de Arte Contempor\u00e1neo \u201cEl Mercado\u201d de Villanueva de los Infantes (Ciudad Real)\">[ &#8230; ]<\/a><\/p>\n","protected":false},"author":1,"featured_media":18857,"comment_status":"open","ping_status":"closed","sticky":false,"template":"","format":"standard","meta":{"footnotes":""},"categories":[187,188,87,8,64,92,107,58],"tags":[],"class_list":["post-18856","post","type-post","status-publish","format-standard","has-post-thumbnail","hentry","category-ciudad-real","category-ciudad-real-ca","category-joies-al-territori","category-joyas-en-el-territorio","category-museos","category-museus","category-segle-xx-xxi","category-siglo-xx-xxi","infinite-scroll-item","generate-columns","tablet-grid-50","mobile-grid-100","grid-parent","grid-50","no-featured-image-padding"],"yoast_head":"<!-- This site is optimized with the Yoast SEO plugin v27.4 - https:\/\/yoast.com\/product\/yoast-seo-wordpress\/ -->\n<title>Museo de Arte Contempor\u00e1neo \u201cEl Mercado\u201d de Villanueva de los Infantes (Ciudad Real) - El turista tranquil<\/title>\n<meta name=\"description\" content=\"El Museo de Arte Contempor\u00e1neo \u201cEl Mercado\u201d de Villanueva de los Infantes (Ciudad Real), \u00e9s una joia de modernitat enmig de la Manxa del Quixot.\" \/>\n<meta name=\"robots\" content=\"index, follow, max-snippet:-1, max-image-preview:large, max-video-preview:-1\" \/>\n<link rel=\"canonical\" href=\"https:\/\/www.elturistatranquil.com\/ca\/museo-de-arte-contemporaneo-el-mercado-de-villanueva-de-los-infantes-ciudad-real\/\" \/>\n<meta property=\"og:locale\" content=\"ca_ES\" \/>\n<meta property=\"og:type\" content=\"article\" \/>\n<meta property=\"og:title\" content=\"Museo de Arte Contempor\u00e1neo \u201cEl Mercado\u201d de Villanueva de los Infantes (Ciudad Real) - El turista tranquil\" \/>\n<meta property=\"og:description\" content=\"El Museo de Arte Contempor\u00e1neo \u201cEl Mercado\u201d de Villanueva de los Infantes (Ciudad Real), \u00e9s una joia de modernitat enmig de la Manxa del Quixot.\" \/>\n<meta property=\"og:url\" content=\"https:\/\/www.elturistatranquil.com\/ca\/museo-de-arte-contemporaneo-el-mercado-de-villanueva-de-los-infantes-ciudad-real\/\" \/>\n<meta property=\"og:site_name\" content=\"El turista tranquil\" \/>\n<meta property=\"article:publisher\" content=\"https:\/\/www.facebook.com\/elturistatranquilo\/\" \/>\n<meta property=\"article:published_time\" content=\"2019-06-29T07:58:45+00:00\" \/>\n<meta property=\"article:modified_time\" content=\"2019-07-05T15:14:31+00:00\" \/>\n<meta property=\"og:image\" content=\"https:\/\/www.elturistatranquil.com\/wp-content\/uploads\/F00-Museo-de-Arte-Contemporaneo-de-Villanueva-de-los-Infantes.jpg\" \/>\n\t<meta property=\"og:image:width\" content=\"768\" \/>\n\t<meta property=\"og:image:height\" content=\"511\" \/>\n\t<meta property=\"og:image:type\" content=\"image\/jpeg\" \/>\n<meta name=\"author\" content=\"admin\" \/>\n<meta name=\"twitter:card\" content=\"summary_large_image\" \/>\n<meta name=\"twitter:label1\" content=\"Escrit per\" \/>\n\t<meta name=\"twitter:data1\" content=\"admin\" \/>\n\t<meta name=\"twitter:label2\" content=\"Temps estimat de lectura\" \/>\n\t<meta name=\"twitter:data2\" content=\"4 minuts\" \/>\n<script type=\"application\/ld+json\" class=\"yoast-schema-graph\">{\"@context\":\"https:\\\/\\\/schema.org\",\"@graph\":[{\"@type\":\"Article\",\"@id\":\"https:\\\/\\\/www.elturistatranquil.com\\\/ca\\\/museo-de-arte-contemporaneo-el-mercado-de-villanueva-de-los-infantes-ciudad-real\\\/#article\",\"isPartOf\":{\"@id\":\"https:\\\/\\\/www.elturistatranquil.com\\\/ca\\\/museo-de-arte-contemporaneo-el-mercado-de-villanueva-de-los-infantes-ciudad-real\\\/\"},\"author\":{\"name\":\"admin\",\"@id\":\"https:\\\/\\\/www.elturistatranquil.com\\\/ca\\\/#\\\/schema\\\/person\\\/16f607c3079b96ed0c530a52e6b58bb5\"},\"headline\":\"Museo de Arte Contempor\u00e1neo \u201cEl Mercado\u201d de Villanueva de los Infantes (Ciudad Real)\",\"datePublished\":\"2019-06-29T07:58:45+00:00\",\"dateModified\":\"2019-07-05T15:14:31+00:00\",\"mainEntityOfPage\":{\"@id\":\"https:\\\/\\\/www.elturistatranquil.com\\\/ca\\\/museo-de-arte-contemporaneo-el-mercado-de-villanueva-de-los-infantes-ciudad-real\\\/\"},\"wordCount\":790,\"commentCount\":0,\"image\":{\"@id\":\"https:\\\/\\\/www.elturistatranquil.com\\\/ca\\\/museo-de-arte-contemporaneo-el-mercado-de-villanueva-de-los-infantes-ciudad-real\\\/#primaryimage\"},\"thumbnailUrl\":\"https:\\\/\\\/www.elturistatranquil.com\\\/wp-content\\\/uploads\\\/F00-Museo-de-Arte-Contemporaneo-de-Villanueva-de-los-Infantes.jpg\",\"articleSection\":[\"Ciudad Real\",\"Ciudad Real\",\"Joies al territori\",\"Joyas en el territorio\",\"Museos\",\"Museus\",\"Segle XX-XXI\",\"Siglo XX-XXI\"],\"inLanguage\":\"ca\",\"potentialAction\":[{\"@type\":\"CommentAction\",\"name\":\"Comment\",\"target\":[\"https:\\\/\\\/www.elturistatranquil.com\\\/ca\\\/museo-de-arte-contemporaneo-el-mercado-de-villanueva-de-los-infantes-ciudad-real\\\/#respond\"]}]},{\"@type\":\"WebPage\",\"@id\":\"https:\\\/\\\/www.elturistatranquil.com\\\/ca\\\/museo-de-arte-contemporaneo-el-mercado-de-villanueva-de-los-infantes-ciudad-real\\\/\",\"url\":\"https:\\\/\\\/www.elturistatranquil.com\\\/ca\\\/museo-de-arte-contemporaneo-el-mercado-de-villanueva-de-los-infantes-ciudad-real\\\/\",\"name\":\"Museo de Arte Contempor\u00e1neo \u201cEl Mercado\u201d de Villanueva de los Infantes (Ciudad Real) - El turista tranquil\",\"isPartOf\":{\"@id\":\"https:\\\/\\\/www.elturistatranquil.com\\\/ca\\\/#website\"},\"primaryImageOfPage\":{\"@id\":\"https:\\\/\\\/www.elturistatranquil.com\\\/ca\\\/museo-de-arte-contemporaneo-el-mercado-de-villanueva-de-los-infantes-ciudad-real\\\/#primaryimage\"},\"image\":{\"@id\":\"https:\\\/\\\/www.elturistatranquil.com\\\/ca\\\/museo-de-arte-contemporaneo-el-mercado-de-villanueva-de-los-infantes-ciudad-real\\\/#primaryimage\"},\"thumbnailUrl\":\"https:\\\/\\\/www.elturistatranquil.com\\\/wp-content\\\/uploads\\\/F00-Museo-de-Arte-Contemporaneo-de-Villanueva-de-los-Infantes.jpg\",\"datePublished\":\"2019-06-29T07:58:45+00:00\",\"dateModified\":\"2019-07-05T15:14:31+00:00\",\"author\":{\"@id\":\"https:\\\/\\\/www.elturistatranquil.com\\\/ca\\\/#\\\/schema\\\/person\\\/16f607c3079b96ed0c530a52e6b58bb5\"},\"description\":\"El Museo de Arte Contempor\u00e1neo \u201cEl Mercado\u201d de Villanueva de los Infantes (Ciudad Real), \u00e9s una joia de modernitat enmig de la Manxa del Quixot.\",\"breadcrumb\":{\"@id\":\"https:\\\/\\\/www.elturistatranquil.com\\\/ca\\\/museo-de-arte-contemporaneo-el-mercado-de-villanueva-de-los-infantes-ciudad-real\\\/#breadcrumb\"},\"inLanguage\":\"ca\",\"potentialAction\":[{\"@type\":\"ReadAction\",\"target\":[\"https:\\\/\\\/www.elturistatranquil.com\\\/ca\\\/museo-de-arte-contemporaneo-el-mercado-de-villanueva-de-los-infantes-ciudad-real\\\/\"]}]},{\"@type\":\"ImageObject\",\"inLanguage\":\"ca\",\"@id\":\"https:\\\/\\\/www.elturistatranquil.com\\\/ca\\\/museo-de-arte-contemporaneo-el-mercado-de-villanueva-de-los-infantes-ciudad-real\\\/#primaryimage\",\"url\":\"https:\\\/\\\/www.elturistatranquil.com\\\/wp-content\\\/uploads\\\/F00-Museo-de-Arte-Contemporaneo-de-Villanueva-de-los-Infantes.jpg\",\"contentUrl\":\"https:\\\/\\\/www.elturistatranquil.com\\\/wp-content\\\/uploads\\\/F00-Museo-de-Arte-Contemporaneo-de-Villanueva-de-los-Infantes.jpg\",\"width\":768,\"height\":511,\"caption\":\"Museo de Arte Contemporaneo de Villanueva de los Infantes\"},{\"@type\":\"BreadcrumbList\",\"@id\":\"https:\\\/\\\/www.elturistatranquil.com\\\/ca\\\/museo-de-arte-contemporaneo-el-mercado-de-villanueva-de-los-infantes-ciudad-real\\\/#breadcrumb\",\"itemListElement\":[{\"@type\":\"ListItem\",\"position\":1,\"name\":\"Portada\",\"item\":\"https:\\\/\\\/www.elturistatranquil.com\\\/ca\\\/\"},{\"@type\":\"ListItem\",\"position\":2,\"name\":\"Museo de Arte Contempor\u00e1neo \u201cEl Mercado\u201d de Villanueva de los Infantes (Ciudad Real)\"}]},{\"@type\":\"WebSite\",\"@id\":\"https:\\\/\\\/www.elturistatranquil.com\\\/ca\\\/#website\",\"url\":\"https:\\\/\\\/www.elturistatranquil.com\\\/ca\\\/\",\"name\":\"El turista tranquil\",\"description\":\"Blog de viatges\",\"potentialAction\":[{\"@type\":\"SearchAction\",\"target\":{\"@type\":\"EntryPoint\",\"urlTemplate\":\"https:\\\/\\\/www.elturistatranquil.com\\\/ca\\\/?s={search_term_string}\"},\"query-input\":{\"@type\":\"PropertyValueSpecification\",\"valueRequired\":true,\"valueName\":\"search_term_string\"}}],\"inLanguage\":\"ca\"},{\"@type\":\"Person\",\"@id\":\"https:\\\/\\\/www.elturistatranquil.com\\\/ca\\\/#\\\/schema\\\/person\\\/16f607c3079b96ed0c530a52e6b58bb5\",\"name\":\"admin\",\"image\":{\"@type\":\"ImageObject\",\"inLanguage\":\"ca\",\"@id\":\"https:\\\/\\\/secure.gravatar.com\\\/avatar\\\/1fbaf22aee75fcbb29a2f97b107f95d25d3a19b7c3416105be10269872673e8d?s=96&d=mm&r=g\",\"url\":\"https:\\\/\\\/secure.gravatar.com\\\/avatar\\\/1fbaf22aee75fcbb29a2f97b107f95d25d3a19b7c3416105be10269872673e8d?s=96&d=mm&r=g\",\"contentUrl\":\"https:\\\/\\\/secure.gravatar.com\\\/avatar\\\/1fbaf22aee75fcbb29a2f97b107f95d25d3a19b7c3416105be10269872673e8d?s=96&d=mm&r=g\",\"caption\":\"admin\"}}]}<\/script>\n<!-- \/ Yoast SEO plugin. -->","yoast_head_json":{"title":"Museo de Arte Contempor\u00e1neo \u201cEl Mercado\u201d de Villanueva de los Infantes (Ciudad Real) - El turista tranquil","description":"El Museo de Arte Contempor\u00e1neo \u201cEl Mercado\u201d de Villanueva de los Infantes (Ciudad Real), \u00e9s una joia de modernitat enmig de la Manxa del Quixot.","robots":{"index":"index","follow":"follow","max-snippet":"max-snippet:-1","max-image-preview":"max-image-preview:large","max-video-preview":"max-video-preview:-1"},"canonical":"https:\/\/www.elturistatranquil.com\/ca\/museo-de-arte-contemporaneo-el-mercado-de-villanueva-de-los-infantes-ciudad-real\/","og_locale":"ca_ES","og_type":"article","og_title":"Museo de Arte Contempor\u00e1neo \u201cEl Mercado\u201d de Villanueva de los Infantes (Ciudad Real) - El turista tranquil","og_description":"El Museo de Arte Contempor\u00e1neo \u201cEl Mercado\u201d de Villanueva de los Infantes (Ciudad Real), \u00e9s una joia de modernitat enmig de la Manxa del Quixot.","og_url":"https:\/\/www.elturistatranquil.com\/ca\/museo-de-arte-contemporaneo-el-mercado-de-villanueva-de-los-infantes-ciudad-real\/","og_site_name":"El turista tranquil","article_publisher":"https:\/\/www.facebook.com\/elturistatranquilo\/","article_published_time":"2019-06-29T07:58:45+00:00","article_modified_time":"2019-07-05T15:14:31+00:00","og_image":[{"width":768,"height":511,"url":"https:\/\/www.elturistatranquil.com\/wp-content\/uploads\/F00-Museo-de-Arte-Contemporaneo-de-Villanueva-de-los-Infantes.jpg","type":"image\/jpeg"}],"author":"admin","twitter_card":"summary_large_image","twitter_misc":{"Escrit per":"admin","Temps estimat de lectura":"4 minuts"},"schema":{"@context":"https:\/\/schema.org","@graph":[{"@type":"Article","@id":"https:\/\/www.elturistatranquil.com\/ca\/museo-de-arte-contemporaneo-el-mercado-de-villanueva-de-los-infantes-ciudad-real\/#article","isPartOf":{"@id":"https:\/\/www.elturistatranquil.com\/ca\/museo-de-arte-contemporaneo-el-mercado-de-villanueva-de-los-infantes-ciudad-real\/"},"author":{"name":"admin","@id":"https:\/\/www.elturistatranquil.com\/ca\/#\/schema\/person\/16f607c3079b96ed0c530a52e6b58bb5"},"headline":"Museo de Arte Contempor\u00e1neo \u201cEl Mercado\u201d de Villanueva de los Infantes (Ciudad Real)","datePublished":"2019-06-29T07:58:45+00:00","dateModified":"2019-07-05T15:14:31+00:00","mainEntityOfPage":{"@id":"https:\/\/www.elturistatranquil.com\/ca\/museo-de-arte-contemporaneo-el-mercado-de-villanueva-de-los-infantes-ciudad-real\/"},"wordCount":790,"commentCount":0,"image":{"@id":"https:\/\/www.elturistatranquil.com\/ca\/museo-de-arte-contemporaneo-el-mercado-de-villanueva-de-los-infantes-ciudad-real\/#primaryimage"},"thumbnailUrl":"https:\/\/www.elturistatranquil.com\/wp-content\/uploads\/F00-Museo-de-Arte-Contemporaneo-de-Villanueva-de-los-Infantes.jpg","articleSection":["Ciudad Real","Ciudad Real","Joies al territori","Joyas en el territorio","Museos","Museus","Segle XX-XXI","Siglo XX-XXI"],"inLanguage":"ca","potentialAction":[{"@type":"CommentAction","name":"Comment","target":["https:\/\/www.elturistatranquil.com\/ca\/museo-de-arte-contemporaneo-el-mercado-de-villanueva-de-los-infantes-ciudad-real\/#respond"]}]},{"@type":"WebPage","@id":"https:\/\/www.elturistatranquil.com\/ca\/museo-de-arte-contemporaneo-el-mercado-de-villanueva-de-los-infantes-ciudad-real\/","url":"https:\/\/www.elturistatranquil.com\/ca\/museo-de-arte-contemporaneo-el-mercado-de-villanueva-de-los-infantes-ciudad-real\/","name":"Museo de Arte Contempor\u00e1neo \u201cEl Mercado\u201d de Villanueva de los Infantes (Ciudad Real) - El turista tranquil","isPartOf":{"@id":"https:\/\/www.elturistatranquil.com\/ca\/#website"},"primaryImageOfPage":{"@id":"https:\/\/www.elturistatranquil.com\/ca\/museo-de-arte-contemporaneo-el-mercado-de-villanueva-de-los-infantes-ciudad-real\/#primaryimage"},"image":{"@id":"https:\/\/www.elturistatranquil.com\/ca\/museo-de-arte-contemporaneo-el-mercado-de-villanueva-de-los-infantes-ciudad-real\/#primaryimage"},"thumbnailUrl":"https:\/\/www.elturistatranquil.com\/wp-content\/uploads\/F00-Museo-de-Arte-Contemporaneo-de-Villanueva-de-los-Infantes.jpg","datePublished":"2019-06-29T07:58:45+00:00","dateModified":"2019-07-05T15:14:31+00:00","author":{"@id":"https:\/\/www.elturistatranquil.com\/ca\/#\/schema\/person\/16f607c3079b96ed0c530a52e6b58bb5"},"description":"El Museo de Arte Contempor\u00e1neo \u201cEl Mercado\u201d de Villanueva de los Infantes (Ciudad Real), \u00e9s una joia de modernitat enmig de la Manxa del Quixot.","breadcrumb":{"@id":"https:\/\/www.elturistatranquil.com\/ca\/museo-de-arte-contemporaneo-el-mercado-de-villanueva-de-los-infantes-ciudad-real\/#breadcrumb"},"inLanguage":"ca","potentialAction":[{"@type":"ReadAction","target":["https:\/\/www.elturistatranquil.com\/ca\/museo-de-arte-contemporaneo-el-mercado-de-villanueva-de-los-infantes-ciudad-real\/"]}]},{"@type":"ImageObject","inLanguage":"ca","@id":"https:\/\/www.elturistatranquil.com\/ca\/museo-de-arte-contemporaneo-el-mercado-de-villanueva-de-los-infantes-ciudad-real\/#primaryimage","url":"https:\/\/www.elturistatranquil.com\/wp-content\/uploads\/F00-Museo-de-Arte-Contemporaneo-de-Villanueva-de-los-Infantes.jpg","contentUrl":"https:\/\/www.elturistatranquil.com\/wp-content\/uploads\/F00-Museo-de-Arte-Contemporaneo-de-Villanueva-de-los-Infantes.jpg","width":768,"height":511,"caption":"Museo de Arte Contemporaneo de Villanueva de los Infantes"},{"@type":"BreadcrumbList","@id":"https:\/\/www.elturistatranquil.com\/ca\/museo-de-arte-contemporaneo-el-mercado-de-villanueva-de-los-infantes-ciudad-real\/#breadcrumb","itemListElement":[{"@type":"ListItem","position":1,"name":"Portada","item":"https:\/\/www.elturistatranquil.com\/ca\/"},{"@type":"ListItem","position":2,"name":"Museo de Arte Contempor\u00e1neo \u201cEl Mercado\u201d de Villanueva de los Infantes (Ciudad Real)"}]},{"@type":"WebSite","@id":"https:\/\/www.elturistatranquil.com\/ca\/#website","url":"https:\/\/www.elturistatranquil.com\/ca\/","name":"El turista tranquil","description":"Blog de viatges","potentialAction":[{"@type":"SearchAction","target":{"@type":"EntryPoint","urlTemplate":"https:\/\/www.elturistatranquil.com\/ca\/?s={search_term_string}"},"query-input":{"@type":"PropertyValueSpecification","valueRequired":true,"valueName":"search_term_string"}}],"inLanguage":"ca"},{"@type":"Person","@id":"https:\/\/www.elturistatranquil.com\/ca\/#\/schema\/person\/16f607c3079b96ed0c530a52e6b58bb5","name":"admin","image":{"@type":"ImageObject","inLanguage":"ca","@id":"https:\/\/secure.gravatar.com\/avatar\/1fbaf22aee75fcbb29a2f97b107f95d25d3a19b7c3416105be10269872673e8d?s=96&d=mm&r=g","url":"https:\/\/secure.gravatar.com\/avatar\/1fbaf22aee75fcbb29a2f97b107f95d25d3a19b7c3416105be10269872673e8d?s=96&d=mm&r=g","contentUrl":"https:\/\/secure.gravatar.com\/avatar\/1fbaf22aee75fcbb29a2f97b107f95d25d3a19b7c3416105be10269872673e8d?s=96&d=mm&r=g","caption":"admin"}}]}},"_links":{"self":[{"href":"https:\/\/www.elturistatranquil.com\/ca\/wp-json\/wp\/v2\/posts\/18856","targetHints":{"allow":["GET"]}}],"collection":[{"href":"https:\/\/www.elturistatranquil.com\/ca\/wp-json\/wp\/v2\/posts"}],"about":[{"href":"https:\/\/www.elturistatranquil.com\/ca\/wp-json\/wp\/v2\/types\/post"}],"author":[{"embeddable":true,"href":"https:\/\/www.elturistatranquil.com\/ca\/wp-json\/wp\/v2\/users\/1"}],"replies":[{"embeddable":true,"href":"https:\/\/www.elturistatranquil.com\/ca\/wp-json\/wp\/v2\/comments?post=18856"}],"version-history":[{"count":0,"href":"https:\/\/www.elturistatranquil.com\/ca\/wp-json\/wp\/v2\/posts\/18856\/revisions"}],"wp:featuredmedia":[{"embeddable":true,"href":"https:\/\/www.elturistatranquil.com\/ca\/wp-json\/wp\/v2\/media\/18857"}],"wp:attachment":[{"href":"https:\/\/www.elturistatranquil.com\/ca\/wp-json\/wp\/v2\/media?parent=18856"}],"wp:term":[{"taxonomy":"category","embeddable":true,"href":"https:\/\/www.elturistatranquil.com\/ca\/wp-json\/wp\/v2\/categories?post=18856"},{"taxonomy":"post_tag","embeddable":true,"href":"https:\/\/www.elturistatranquil.com\/ca\/wp-json\/wp\/v2\/tags?post=18856"}],"curies":[{"name":"wp","href":"https:\/\/api.w.org\/{rel}","templated":true}]}}