{"id":2121,"date":"2018-03-12T20:22:45","date_gmt":"2018-03-12T19:22:45","guid":{"rendered":"https:\/\/www.elturistatranquil.com\/?p=2121"},"modified":"2025-09-29T10:00:13","modified_gmt":"2025-09-29T08:00:13","slug":"laxe-lage","status":"publish","type":"post","link":"https:\/\/www.elturistatranquil.com\/ca\/laxe-lage\/","title":{"rendered":"Laxe \/ Lage (A Coru\u00f1a)"},"content":{"rendered":"\t\t<div data-elementor-type=\"wp-post\" data-elementor-id=\"2121\" class=\"elementor elementor-2121 elementor-2048\" data-elementor-post-type=\"post\">\n\t\t\t\t\t\t<section class=\"elementor-section elementor-top-section elementor-element elementor-element-23a8bfd1 elementor-section-boxed elementor-section-height-default elementor-section-height-default\" data-id=\"23a8bfd1\" data-element_type=\"section\" data-e-type=\"section\">\n\t\t\t\t\t\t<div class=\"elementor-container elementor-column-gap-default\">\n\t\t\t\t\t<div class=\"elementor-column elementor-col-100 elementor-top-column elementor-element elementor-element-31a7c026\" data-id=\"31a7c026\" data-element_type=\"column\" data-e-type=\"column\">\n\t\t\t<div class=\"elementor-widget-wrap elementor-element-populated\">\n\t\t\t\t\t\t<section class=\"elementor-section elementor-inner-section elementor-element elementor-element-66f70078 elementor-section-content-middle elementor-section-boxed elementor-section-height-default elementor-section-height-default\" data-id=\"66f70078\" data-element_type=\"section\" data-e-type=\"section\">\n\t\t\t\t\t\t<div class=\"elementor-container elementor-column-gap-default\">\n\t\t\t\t\t<div class=\"elementor-column elementor-col-100 elementor-inner-column elementor-element elementor-element-50bffb4a\" data-id=\"50bffb4a\" data-element_type=\"column\" data-e-type=\"column\">\n\t\t\t<div class=\"elementor-widget-wrap elementor-element-populated\">\n\t\t\t\t\t\t<div class=\"elementor-element elementor-element-443b525a elementor-widget elementor-widget-text-editor\" data-id=\"443b525a\" data-element_type=\"widget\" data-e-type=\"widget\" data-widget_type=\"text-editor.default\">\n\t\t\t\t<div class=\"elementor-widget-container\">\n\t\t\t\t\t\t\t\t\t<p>Laxe (A Coru\u00f1a) poble pesquer actiu que ha sabut combinar la bellesa natural del seu entorn i de la seva platja, un port actiu i una vila s\u00f2bria per\u00f2 alegre, per fer-ne un atractiu tur\u00edstic. Un lloc ideal de turisme tranquil.<\/p>\t\t\t\t\t\t\t\t<\/div>\n\t\t\t\t<\/div>\n\t\t\t\t\t<\/div>\n\t\t<\/div>\n\t\t\t\t\t<\/div>\n\t\t<\/section>\n\t\t\t\t\t<\/div>\n\t\t<\/div>\n\t\t\t\t\t<\/div>\n\t\t<\/section>\n\t\t\t\t<section class=\"elementor-section elementor-top-section elementor-element elementor-element-7a5b14cf elementor-section-boxed elementor-section-height-default elementor-section-height-default\" data-id=\"7a5b14cf\" data-element_type=\"section\" data-e-type=\"section\">\n\t\t\t\t\t\t<div class=\"elementor-container elementor-column-gap-default\">\n\t\t\t\t\t<div class=\"elementor-column elementor-col-100 elementor-top-column elementor-element elementor-element-7dce11e7\" data-id=\"7dce11e7\" data-element_type=\"column\" data-e-type=\"column\">\n\t\t\t<div class=\"elementor-widget-wrap elementor-element-populated\">\n\t\t\t\t\t\t<div class=\"elementor-element elementor-element-475d8bfb elementor-widget elementor-widget-heading\" data-id=\"475d8bfb\" data-element_type=\"widget\" data-e-type=\"widget\" data-widget_type=\"heading.default\">\n\t\t\t\t<div class=\"elementor-widget-container\">\n\t\t\t\t\t<h1 class=\"elementor-heading-title elementor-size-default\"><h1>Laxe (Lage)<\/h1><\/h1>\t\t\t\t<\/div>\n\t\t\t\t<\/div>\n\t\t\t\t<div class=\"elementor-element elementor-element-4a79a1de elementor-widget elementor-widget-image\" data-id=\"4a79a1de\" data-element_type=\"widget\" data-e-type=\"widget\" data-widget_type=\"image.default\">\n\t\t\t\t<div class=\"elementor-widget-container\">\n\t\t\t\t\t\t\t\t\t\t\t\t<figure class=\"wp-caption\">\n\t\t\t\t\t\t\t\t\t\t<img fetchpriority=\"high\" decoding=\"async\" width=\"800\" height=\"543\" src=\"https:\/\/www.elturistatranquil.com\/wp-content\/uploads\/F01-Laxe-Google-Earth-27-02-2018-1.jpg\" class=\"attachment-large size-large wp-image-2103\" alt=\"Laxe-(Google-Earth-27-02-2018)\" srcset=\"https:\/\/www.elturistatranquil.com\/wp-content\/uploads\/F01-Laxe-Google-Earth-27-02-2018-1.jpg 800w, https:\/\/www.elturistatranquil.com\/wp-content\/uploads\/F01-Laxe-Google-Earth-27-02-2018-1-768x521.jpg 768w\" sizes=\"(max-width: 800px) 100vw, 800px\" \/>\t\t\t\t\t\t\t\t\t\t\t<figcaption class=\"widget-image-caption wp-caption-text\">Laxe (Google Earth 27-02-2018)<\/figcaption>\n\t\t\t\t\t\t\t\t\t\t<\/figure>\n\t\t\t\t\t\t\t\t\t<\/div>\n\t\t\t\t<\/div>\n\t\t\t\t<div class=\"elementor-element elementor-element-67b92605 elementor-widget elementor-widget-spacer\" data-id=\"67b92605\" data-element_type=\"widget\" data-e-type=\"widget\" data-widget_type=\"spacer.default\">\n\t\t\t\t<div class=\"elementor-widget-container\">\n\t\t\t\t\t\t\t<div class=\"elementor-spacer\">\n\t\t\t<div class=\"elementor-spacer-inner\"><\/div>\n\t\t<\/div>\n\t\t\t\t\t\t<\/div>\n\t\t\t\t<\/div>\n\t\t\t\t<div class=\"elementor-element elementor-element-762618b6 elementor-widget elementor-widget-heading\" data-id=\"762618b6\" data-element_type=\"widget\" data-e-type=\"widget\" data-widget_type=\"heading.default\">\n\t\t\t\t<div class=\"elementor-widget-container\">\n\t\t\t\t\t<h2 class=\"elementor-heading-title elementor-size-default\">Laxe (Lage)<\/h2>\t\t\t\t<\/div>\n\t\t\t\t<\/div>\n\t\t\t\t<section class=\"elementor-section elementor-inner-section elementor-element elementor-element-10709a40 elementor-section-boxed elementor-section-height-default elementor-section-height-default\" data-id=\"10709a40\" data-element_type=\"section\" data-e-type=\"section\" data-settings=\"{&quot;background_background&quot;:&quot;classic&quot;}\">\n\t\t\t\t\t\t<div class=\"elementor-container elementor-column-gap-default\">\n\t\t\t\t\t<div class=\"elementor-column elementor-col-100 elementor-inner-column elementor-element elementor-element-96038b9\" data-id=\"96038b9\" data-element_type=\"column\" data-e-type=\"column\">\n\t\t\t<div class=\"elementor-widget-wrap elementor-element-populated\">\n\t\t\t\t\t\t<div class=\"elementor-element elementor-element-8b64d01 elementor-widget elementor-widget-text-editor\" data-id=\"8b64d01\" data-element_type=\"widget\" data-e-type=\"widget\" data-widget_type=\"text-editor.default\">\n\t\t\t\t<div class=\"elementor-widget-container\">\n\t\t\t\t\t\t\t\t\t<p>Comarca: Berganti\u00f1os. Prov\u00edncia: A Coru\u00f1a. Com. aut\u00f2noma: Galicia<\/p>\t\t\t\t\t\t\t\t<\/div>\n\t\t\t\t<\/div>\n\t\t\t\t<div class=\"elementor-element elementor-element-cb8a2b1 elementor-widget elementor-widget-text-editor\" data-id=\"cb8a2b1\" data-element_type=\"widget\" data-e-type=\"widget\" data-widget_type=\"text-editor.default\">\n\t\t\t\t<div class=\"elementor-widget-container\">\n\t\t\t\t\t\t\t\t\t<p>Coordenades: 43\u00b013\u203211N 9\u00b000\u203218\u2033O . Poblaci\u00f3.3.090 hab. (2017).<\/p>\t\t\t\t\t\t\t\t<\/div>\n\t\t\t\t<\/div>\n\t\t\t\t<div class=\"elementor-element elementor-element-a545e67 elementor-widget elementor-widget-text-editor\" data-id=\"a545e67\" data-element_type=\"widget\" data-e-type=\"widget\" data-widget_type=\"text-editor.default\">\n\t\t\t\t<div class=\"elementor-widget-container\">\n\t\t\t\t\t\t\t\t\t<p><a href=\"http:\/\/www.concellodelaxe.com\/\">www.concellodelaxe.com<\/a><\/p>\t\t\t\t\t\t\t\t<\/div>\n\t\t\t\t<\/div>\n\t\t\t\t<div class=\"elementor-element elementor-element-67a5ad5 elementor-widget elementor-widget-text-editor\" data-id=\"67a5ad5\" data-element_type=\"widget\" data-e-type=\"widget\" data-widget_type=\"text-editor.default\">\n\t\t\t\t<div class=\"elementor-widget-container\">\n\t\t\t\t\t\t\t\t\t<p>Darrera estada: 2015<\/p>\t\t\t\t\t\t\t\t<\/div>\n\t\t\t\t<\/div>\n\t\t\t\t\t<\/div>\n\t\t<\/div>\n\t\t\t\t\t<\/div>\n\t\t<\/section>\n\t\t\t\t<div class=\"elementor-element elementor-element-6e197e71 elementor-widget elementor-widget-image\" data-id=\"6e197e71\" data-element_type=\"widget\" data-e-type=\"widget\" data-widget_type=\"image.default\">\n\t\t\t\t<div class=\"elementor-widget-container\">\n\t\t\t\t\t\t\t\t\t\t\t\t<figure class=\"wp-caption\">\n\t\t\t\t\t\t\t\t\t\t<img decoding=\"async\" width=\"768\" height=\"505\" src=\"https:\/\/www.elturistatranquil.com\/wp-content\/uploads\/F02-Plano-de-Situaci\u00f3n-de-Laxe-Google-maps-27-02-2018-1-768x505.jpg\" class=\"attachment-medium_large size-medium_large wp-image-2104\" alt=\"\" srcset=\"https:\/\/www.elturistatranquil.com\/wp-content\/uploads\/F02-Plano-de-Situaci\u00f3n-de-Laxe-Google-maps-27-02-2018-1-768x505.jpg 768w, https:\/\/www.elturistatranquil.com\/wp-content\/uploads\/F02-Plano-de-Situaci\u00f3n-de-Laxe-Google-maps-27-02-2018-1.jpg 800w\" sizes=\"(max-width: 768px) 100vw, 768px\" \/>\t\t\t\t\t\t\t\t\t\t\t<figcaption class=\"widget-image-caption wp-caption-text\">Mapa de situaci\u00f3 de Laxe (Google maps 27-02-2018)<\/figcaption>\n\t\t\t\t\t\t\t\t\t\t<\/figure>\n\t\t\t\t\t\t\t\t\t<\/div>\n\t\t\t\t<\/div>\n\t\t\t\t<div class=\"elementor-element elementor-element-4808f89e elementor-widget elementor-widget-text-editor\" data-id=\"4808f89e\" data-element_type=\"widget\" data-e-type=\"widget\" data-widget_type=\"text-editor.default\">\n\t\t\t\t<div class=\"elementor-widget-container\">\n\t\t\t\t\t\t\t\t\t<p class=\"MsoNormal\"><span lang=\"CA\">Laxe \u00e9s la capital municipal del <i>concello<\/i> de Laxe. Al 2017 hi residien 1.753 persones del total de les 3.090 del municipi (56.7%). La resta estan repartides de forma for\u00e7a dispersa per el total de les 6 parr\u00f2quies.<\/span><\/p>\t\t\t\t\t\t\t\t<\/div>\n\t\t\t\t<\/div>\n\t\t\t\t<div class=\"elementor-element elementor-element-7e31d717 elementor-widget elementor-widget-image\" data-id=\"7e31d717\" data-element_type=\"widget\" data-e-type=\"widget\" data-widget_type=\"image.default\">\n\t\t\t\t<div class=\"elementor-widget-container\">\n\t\t\t\t\t\t\t\t\t\t\t\t\t\t\t<img decoding=\"async\" width=\"768\" height=\"513\" src=\"https:\/\/www.elturistatranquil.com\/wp-content\/uploads\/F03-Laxe-1-768x513.jpg\" class=\"attachment-medium_large size-medium_large wp-image-2105\" alt=\"Laxe\" srcset=\"https:\/\/www.elturistatranquil.com\/wp-content\/uploads\/F03-Laxe-1-768x513.jpg 768w, https:\/\/www.elturistatranquil.com\/wp-content\/uploads\/F03-Laxe-1.jpg 800w\" sizes=\"(max-width: 768px) 100vw, 768px\" \/>\t\t\t\t\t\t\t\t\t\t\t\t\t\t\t<\/div>\n\t\t\t\t<\/div>\n\t\t\t\t<div class=\"elementor-element elementor-element-1e6bf50 elementor-widget elementor-widget-image\" data-id=\"1e6bf50\" data-element_type=\"widget\" data-e-type=\"widget\" data-widget_type=\"image.default\">\n\t\t\t\t<div class=\"elementor-widget-container\">\n\t\t\t\t\t\t\t\t\t\t\t\t<figure class=\"wp-caption\">\n\t\t\t\t\t\t\t\t\t\t<img loading=\"lazy\" decoding=\"async\" width=\"768\" height=\"512\" src=\"https:\/\/www.elturistatranquil.com\/wp-content\/uploads\/F04-Laxe-1-768x512.jpg\" class=\"attachment-medium_large size-medium_large wp-image-2106\" alt=\"\" srcset=\"https:\/\/www.elturistatranquil.com\/wp-content\/uploads\/F04-Laxe-1-768x512.jpg 768w, https:\/\/www.elturistatranquil.com\/wp-content\/uploads\/F04-Laxe-1.jpg 800w\" sizes=\"(max-width: 768px) 100vw, 768px\" \/>\t\t\t\t\t\t\t\t\t\t\t<figcaption class=\"widget-image-caption wp-caption-text\">Laxe i platja de dunes<\/figcaption>\n\t\t\t\t\t\t\t\t\t\t<\/figure>\n\t\t\t\t\t\t\t\t\t<\/div>\n\t\t\t\t<\/div>\n\t\t\t\t<div class=\"elementor-element elementor-element-5f17c98d elementor-widget elementor-widget-image\" data-id=\"5f17c98d\" data-element_type=\"widget\" data-e-type=\"widget\" data-widget_type=\"image.default\">\n\t\t\t\t<div class=\"elementor-widget-container\">\n\t\t\t\t\t\t\t\t\t\t\t\t<figure class=\"wp-caption\">\n\t\t\t\t\t\t\t\t\t\t<img loading=\"lazy\" decoding=\"async\" width=\"768\" height=\"513\" src=\"https:\/\/www.elturistatranquil.com\/wp-content\/uploads\/F05-Laxe-1-768x513.jpg\" class=\"attachment-medium_large size-medium_large wp-image-2107\" alt=\"\" srcset=\"https:\/\/www.elturistatranquil.com\/wp-content\/uploads\/F05-Laxe-1-768x513.jpg 768w, https:\/\/www.elturistatranquil.com\/wp-content\/uploads\/F05-Laxe-1.jpg 800w\" sizes=\"(max-width: 768px) 100vw, 768px\" \/>\t\t\t\t\t\t\t\t\t\t\t<figcaption class=\"widget-image-caption wp-caption-text\">Cases del front mar\u00edtim<\/figcaption>\n\t\t\t\t\t\t\t\t\t\t<\/figure>\n\t\t\t\t\t\t\t\t\t<\/div>\n\t\t\t\t<\/div>\n\t\t\t\t<div class=\"elementor-element elementor-element-7c4849d2 elementor-widget elementor-widget-image\" data-id=\"7c4849d2\" data-element_type=\"widget\" data-e-type=\"widget\" data-widget_type=\"image.default\">\n\t\t\t\t<div class=\"elementor-widget-container\">\n\t\t\t\t\t\t\t\t\t\t\t\t<figure class=\"wp-caption\">\n\t\t\t\t\t\t\t\t\t\t<img loading=\"lazy\" decoding=\"async\" width=\"768\" height=\"512\" src=\"https:\/\/www.elturistatranquil.com\/wp-content\/uploads\/F06-Laxe-puerto-1-768x512.jpg\" class=\"attachment-medium_large size-medium_large wp-image-2108\" alt=\"Laxe puerto\" srcset=\"https:\/\/www.elturistatranquil.com\/wp-content\/uploads\/F06-Laxe-puerto-1-768x512.jpg 768w, https:\/\/www.elturistatranquil.com\/wp-content\/uploads\/F06-Laxe-puerto-1.jpg 800w\" sizes=\"(max-width: 768px) 100vw, 768px\" \/>\t\t\t\t\t\t\t\t\t\t\t<figcaption class=\"widget-image-caption wp-caption-text\">Perspectiva des del port<\/figcaption>\n\t\t\t\t\t\t\t\t\t\t<\/figure>\n\t\t\t\t\t\t\t\t\t<\/div>\n\t\t\t\t<\/div>\n\t\t\t\t<div class=\"elementor-element elementor-element-234bfeb9 elementor-widget elementor-widget-image\" data-id=\"234bfeb9\" data-element_type=\"widget\" data-e-type=\"widget\" data-widget_type=\"image.default\">\n\t\t\t\t<div class=\"elementor-widget-container\">\n\t\t\t\t\t\t\t\t\t\t\t\t<figure class=\"wp-caption\">\n\t\t\t\t\t\t\t\t\t\t<img loading=\"lazy\" decoding=\"async\" width=\"768\" height=\"699\" src=\"https:\/\/www.elturistatranquil.com\/wp-content\/uploads\/F07-Pescador-de-Laxe-1-768x699.jpg\" class=\"attachment-medium_large size-medium_large wp-image-2109\" alt=\"Pescador de Laxe\" srcset=\"https:\/\/www.elturistatranquil.com\/wp-content\/uploads\/F07-Pescador-de-Laxe-1-768x699.jpg 768w, https:\/\/www.elturistatranquil.com\/wp-content\/uploads\/F07-Pescador-de-Laxe-1.jpg 800w\" sizes=\"(max-width: 768px) 100vw, 768px\" \/>\t\t\t\t\t\t\t\t\t\t\t<figcaption class=\"widget-image-caption wp-caption-text\">Pescador de Laxe<\/figcaption>\n\t\t\t\t\t\t\t\t\t\t<\/figure>\n\t\t\t\t\t\t\t\t\t<\/div>\n\t\t\t\t<\/div>\n\t\t\t\t<div class=\"elementor-element elementor-element-7807599 elementor-widget elementor-widget-text-editor\" data-id=\"7807599\" data-element_type=\"widget\" data-e-type=\"widget\" data-widget_type=\"text-editor.default\">\n\t\t\t\t<div class=\"elementor-widget-container\">\n\t\t\t\t\t\t\t\t\t<p class=\"MsoNormal\"><span lang=\"CA\">En front del port es fa perfectament visible l\u2019esgl\u00e9sia de Santa Maria da Atalaia ampliada al segle \u00a0XV en estil g\u00f2tic sobre l\u2019anterior del segle \u00a0XIII. Com el seu nom fa veure, havia estat un lloc de vigil\u00e0ncia i defensa del port donada la seva situaci\u00f3 elevada sobre aquest. Crida l\u2019atenci\u00f3 les lloses sepulcrals que cobreixen el davant de la fa\u00e7ana d\u2019entrada a l\u2019esgl\u00e9sia.<\/span><\/p>\t\t\t\t\t\t\t\t<\/div>\n\t\t\t\t<\/div>\n\t\t\t\t<div class=\"elementor-element elementor-element-75c4829c elementor-widget elementor-widget-image\" data-id=\"75c4829c\" data-element_type=\"widget\" data-e-type=\"widget\" data-widget_type=\"image.default\">\n\t\t\t\t<div class=\"elementor-widget-container\">\n\t\t\t\t\t\t\t\t\t\t\t\t<figure class=\"wp-caption\">\n\t\t\t\t\t\t\t\t\t\t<img loading=\"lazy\" decoding=\"async\" width=\"768\" height=\"512\" src=\"https:\/\/www.elturistatranquil.com\/wp-content\/uploads\/F08-Laxe-1-768x512.jpg\" class=\"attachment-medium_large size-medium_large wp-image-2110\" alt=\"\" srcset=\"https:\/\/www.elturistatranquil.com\/wp-content\/uploads\/F08-Laxe-1-768x512.jpg 768w, https:\/\/www.elturistatranquil.com\/wp-content\/uploads\/F08-Laxe-1.jpg 800w\" sizes=\"(max-width: 768px) 100vw, 768px\" \/>\t\t\t\t\t\t\t\t\t\t\t<figcaption class=\"widget-image-caption wp-caption-text\">La r\u00eda de Corme-Laxe des de la Atalaia<\/figcaption>\n\t\t\t\t\t\t\t\t\t\t<\/figure>\n\t\t\t\t\t\t\t\t\t<\/div>\n\t\t\t\t<\/div>\n\t\t\t\t<div class=\"elementor-element elementor-element-24297580 elementor-widget elementor-widget-image\" data-id=\"24297580\" data-element_type=\"widget\" data-e-type=\"widget\" data-widget_type=\"image.default\">\n\t\t\t\t<div class=\"elementor-widget-container\">\n\t\t\t\t\t\t\t\t\t\t\t\t\t\t\t<img loading=\"lazy\" decoding=\"async\" width=\"768\" height=\"673\" src=\"https:\/\/www.elturistatranquil.com\/wp-content\/uploads\/F09-Sta-Mar\u00eda-da-Atalaia-Laxe-768x673.jpg\" class=\"attachment-medium_large size-medium_large wp-image-2116\" alt=\"Sta Mar\u00eda da Atalaia Laxe\" srcset=\"https:\/\/www.elturistatranquil.com\/wp-content\/uploads\/F09-Sta-Mar\u00eda-da-Atalaia-Laxe-768x673.jpg 768w, https:\/\/www.elturistatranquil.com\/wp-content\/uploads\/F09-Sta-Mar\u00eda-da-Atalaia-Laxe.jpg 800w\" sizes=\"(max-width: 768px) 100vw, 768px\" \/>\t\t\t\t\t\t\t\t\t\t\t\t\t\t\t<\/div>\n\t\t\t\t<\/div>\n\t\t\t\t<div class=\"elementor-element elementor-element-f24f4d7 elementor-widget elementor-widget-image\" data-id=\"f24f4d7\" data-element_type=\"widget\" data-e-type=\"widget\" data-widget_type=\"image.default\">\n\t\t\t\t<div class=\"elementor-widget-container\">\n\t\t\t\t\t\t\t\t\t\t\t\t\t\t\t<img loading=\"lazy\" decoding=\"async\" width=\"768\" height=\"576\" src=\"https:\/\/www.elturistatranquil.com\/wp-content\/uploads\/F10-La-iglesia-de-Santa-Mar\u00eda-da-Atalaia-Laxe-768x576.jpg\" class=\"attachment-medium_large size-medium_large wp-image-2117\" alt=\"\" srcset=\"https:\/\/www.elturistatranquil.com\/wp-content\/uploads\/F10-La-iglesia-de-Santa-Mar\u00eda-da-Atalaia-Laxe-768x576.jpg 768w, https:\/\/www.elturistatranquil.com\/wp-content\/uploads\/F10-La-iglesia-de-Santa-Mar\u00eda-da-Atalaia-Laxe.jpg 800w\" sizes=\"(max-width: 768px) 100vw, 768px\" \/>\t\t\t\t\t\t\t\t\t\t\t\t\t\t\t<\/div>\n\t\t\t\t<\/div>\n\t\t\t\t<div class=\"elementor-element elementor-element-4e0cbc9d elementor-widget elementor-widget-image\" data-id=\"4e0cbc9d\" data-element_type=\"widget\" data-e-type=\"widget\" data-widget_type=\"image.default\">\n\t\t\t\t<div class=\"elementor-widget-container\">\n\t\t\t\t\t\t\t\t\t\t\t\t\t\t\t<img loading=\"lazy\" decoding=\"async\" width=\"768\" height=\"676\" src=\"https:\/\/www.elturistatranquil.com\/wp-content\/uploads\/F11-Sta-Mar\u00eda-da-Atalaia-Laxe-768x676.jpg\" class=\"attachment-medium_large size-medium_large wp-image-2118\" alt=\"\" srcset=\"https:\/\/www.elturistatranquil.com\/wp-content\/uploads\/F11-Sta-Mar\u00eda-da-Atalaia-Laxe-768x676.jpg 768w, https:\/\/www.elturistatranquil.com\/wp-content\/uploads\/F11-Sta-Mar\u00eda-da-Atalaia-Laxe.jpg 800w\" sizes=\"(max-width: 768px) 100vw, 768px\" \/>\t\t\t\t\t\t\t\t\t\t\t\t\t\t\t<\/div>\n\t\t\t\t<\/div>\n\t\t\t\t<div class=\"elementor-element elementor-element-fb8dd2b elementor-widget elementor-widget-image\" data-id=\"fb8dd2b\" data-element_type=\"widget\" data-e-type=\"widget\" data-widget_type=\"image.default\">\n\t\t\t\t<div class=\"elementor-widget-container\">\n\t\t\t\t\t\t\t\t\t\t\t\t<figure class=\"wp-caption\">\n\t\t\t\t\t\t\t\t\t\t<img loading=\"lazy\" decoding=\"async\" width=\"768\" height=\"513\" src=\"https:\/\/www.elturistatranquil.com\/wp-content\/uploads\/F12-La-iglesia-de-Santa-Mar\u00eda-da-Atalaia-Laxe-768x513.jpg\" class=\"attachment-medium_large size-medium_large wp-image-2119\" alt=\"\" srcset=\"https:\/\/www.elturistatranquil.com\/wp-content\/uploads\/F12-La-iglesia-de-Santa-Mar\u00eda-da-Atalaia-Laxe-768x513.jpg 768w, https:\/\/www.elturistatranquil.com\/wp-content\/uploads\/F12-La-iglesia-de-Santa-Mar\u00eda-da-Atalaia-Laxe.jpg 800w\" sizes=\"(max-width: 768px) 100vw, 768px\" \/>\t\t\t\t\t\t\t\t\t\t\t<figcaption class=\"widget-image-caption wp-caption-text\">L\u2019Esgl\u00e9sia de Santa Maria da Atalaia i lloses funer\u00e0ries<\/figcaption>\n\t\t\t\t\t\t\t\t\t\t<\/figure>\n\t\t\t\t\t\t\t\t\t<\/div>\n\t\t\t\t<\/div>\n\t\t\t\t<div class=\"elementor-element elementor-element-124d2a20 elementor-widget elementor-widget-text-editor\" data-id=\"124d2a20\" data-element_type=\"widget\" data-e-type=\"widget\" data-widget_type=\"text-editor.default\">\n\t\t\t\t<div class=\"elementor-widget-container\">\n\t\t\t\t\t\t\t\t\t<p>Sobre una hist\u00f2rica base agr\u00e0ria i pesquera el poble s\u2019ha anat transformant en un important centre tur\u00edstic amb for\u00e7a activitat comercial. Com en tots aquests pobles, la part antiga mostra les caracter\u00edstiques d\u2019un poble mariner tradicional.<\/p>\t\t\t\t\t\t\t\t<\/div>\n\t\t\t\t<\/div>\n\t\t\t\t<div class=\"elementor-element elementor-element-1de33c53 elementor-widget elementor-widget-text-editor\" data-id=\"1de33c53\" data-element_type=\"widget\" data-e-type=\"widget\" data-widget_type=\"text-editor.default\">\n\t\t\t\t<div class=\"elementor-widget-container\">\n\t\t\t\t\t\t\t\t\t<p><strong>Webs<\/strong><\/p><p>Sobre Laxe es poden consultar les webs de <a href=\"http:\/\/www.concellodelaxe.com\/turismo\/info.php?id_seccionweb=194&amp;id_language=1\" target=\"_blank\" rel=\"noopener\">Concello de Laxe<\/a> i de <a href=\"https:\/\/www.escapadarural.com\/que-hacer\/laxe\" target=\"_blank\" rel=\"noopener\">escapada rural<\/a>.<\/p>\t\t\t\t\t\t\t\t<\/div>\n\t\t\t\t<\/div>\n\t\t\t\t<div class=\"elementor-element elementor-element-76ccf389 elementor-widget elementor-widget-text-editor\" data-id=\"76ccf389\" data-element_type=\"widget\" data-e-type=\"widget\" data-widget_type=\"text-editor.default\">\n\t\t\t\t<div class=\"elementor-widget-container\">\n\t\t\t\t\t\t\t\t\t<p><strong>Podeu consultar l\u2019enlla\u00e7 al Post: <a href=\"https:\/\/www.elturistatranquil.com\/ca\/costa-da-morte-as-garzas\/#a0110\" target=\"_blank\" rel=\"noopener\">COSTA DA MORTE: RESTAURANT-ALLOTJAMENT AS GARZAS<\/a><\/strong><\/p>\t\t\t\t\t\t\t\t<\/div>\n\t\t\t\t<\/div>\n\t\t\t\t\t<\/div>\n\t\t<\/div>\n\t\t\t\t\t<\/div>\n\t\t<\/section>\n\t\t\t\t<section class=\"elementor-section elementor-top-section elementor-element elementor-element-1ed5b9f9 elementor-section-boxed elementor-section-height-default elementor-section-height-default\" data-id=\"1ed5b9f9\" data-element_type=\"section\" data-e-type=\"section\">\n\t\t\t\t\t\t<div class=\"elementor-container elementor-column-gap-default\">\n\t\t\t\t\t<div class=\"elementor-column elementor-col-100 elementor-top-column elementor-element elementor-element-3729a7e8\" data-id=\"3729a7e8\" data-element_type=\"column\" data-e-type=\"column\">\n\t\t\t<div class=\"elementor-widget-wrap elementor-element-populated\">\n\t\t\t\t\t\t<div class=\"elementor-element elementor-element-28afa142 elementor-share-buttons--view-icon elementor-share-buttons--skin-minimal elementor-share-buttons--shape-circle elementor-grid-0 elementor-share-buttons--color-official elementor-widget elementor-widget-global elementor-global-398 elementor-widget-share-buttons\" data-id=\"28afa142\" data-element_type=\"widget\" data-e-type=\"widget\" data-widget_type=\"share-buttons.default\">\n\t\t\t\t<div class=\"elementor-widget-container\">\n\t\t\t\t\t\t\t<div class=\"elementor-grid\" role=\"list\">\n\t\t\t\t\t\t\t\t<div class=\"elementor-grid-item\" role=\"listitem\">\n\t\t\t\t\t\t<div class=\"elementor-share-btn elementor-share-btn_facebook\" role=\"button\" tabindex=\"0\" aria-label=\"Compartici\u00f3 en facebook\">\n\t\t\t\t\t\t\t\t\t\t\t\t\t\t\t<span class=\"elementor-share-btn__icon\">\n\t\t\t\t\t\t\t\t<i class=\"fab fa-facebook\" aria-hidden=\"true\"><\/i>\t\t\t\t\t\t\t<\/span>\n\t\t\t\t\t\t\t\t\t\t\t\t\t\t\t\t\t\t\t\t<\/div>\n\t\t\t\t\t<\/div>\n\t\t\t\t\t\t\t\t\t<div class=\"elementor-grid-item\" role=\"listitem\">\n\t\t\t\t\t\t<div class=\"elementor-share-btn elementor-share-btn_twitter\" role=\"button\" tabindex=\"0\" aria-label=\"Compartici\u00f3 en twitter\">\n\t\t\t\t\t\t\t\t\t\t\t\t\t\t\t<span class=\"elementor-share-btn__icon\">\n\t\t\t\t\t\t\t\t<i class=\"fab fa-twitter\" aria-hidden=\"true\"><\/i>\t\t\t\t\t\t\t<\/span>\n\t\t\t\t\t\t\t\t\t\t\t\t\t\t\t\t\t\t\t\t<\/div>\n\t\t\t\t\t<\/div>\n\t\t\t\t\t\t\t\t\t<div class=\"elementor-grid-item\" role=\"listitem\">\n\t\t\t\t\t\t<div class=\"elementor-share-btn elementor-share-btn_pinterest\" role=\"button\" tabindex=\"0\" aria-label=\"Compartici\u00f3 en pinterest\">\n\t\t\t\t\t\t\t\t\t\t\t\t\t\t\t<span class=\"elementor-share-btn__icon\">\n\t\t\t\t\t\t\t\t<i class=\"fab fa-pinterest\" aria-hidden=\"true\"><\/i>\t\t\t\t\t\t\t<\/span>\n\t\t\t\t\t\t\t\t\t\t\t\t\t\t\t\t\t\t\t\t<\/div>\n\t\t\t\t\t<\/div>\n\t\t\t\t\t\t\t\t\t<div class=\"elementor-grid-item\" role=\"listitem\">\n\t\t\t\t\t\t<div class=\"elementor-share-btn elementor-share-btn_whatsapp\" role=\"button\" tabindex=\"0\" aria-label=\"Compartici\u00f3 en whatsapp\">\n\t\t\t\t\t\t\t\t\t\t\t\t\t\t\t<span class=\"elementor-share-btn__icon\">\n\t\t\t\t\t\t\t\t<i class=\"fab fa-whatsapp\" aria-hidden=\"true\"><\/i>\t\t\t\t\t\t\t<\/span>\n\t\t\t\t\t\t\t\t\t\t\t\t\t\t\t\t\t\t\t\t<\/div>\n\t\t\t\t\t<\/div>\n\t\t\t\t\t\t\t\t\t<div class=\"elementor-grid-item\" role=\"listitem\">\n\t\t\t\t\t\t<div class=\"elementor-share-btn elementor-share-btn_email\" role=\"button\" tabindex=\"0\" aria-label=\"Compartici\u00f3 en email\">\n\t\t\t\t\t\t\t\t\t\t\t\t\t\t\t<span class=\"elementor-share-btn__icon\">\n\t\t\t\t\t\t\t\t<i class=\"fas fa-envelope\" aria-hidden=\"true\"><\/i>\t\t\t\t\t\t\t<\/span>\n\t\t\t\t\t\t\t\t\t\t\t\t\t\t\t\t\t\t\t\t<\/div>\n\t\t\t\t\t<\/div>\n\t\t\t\t\t\t<\/div>\n\t\t\t\t\t\t<\/div>\n\t\t\t\t<\/div>\n\t\t\t\t\t<\/div>\n\t\t<\/div>\n\t\t\t\t\t<\/div>\n\t\t<\/section>\n\t\t\t\t<\/div>\n\t\t","protected":false},"excerpt":{"rendered":"<p>Laxe (A Coru\u00f1a) poble pesquer actiu que ha sabut combinar la bellesa natural del seu entorn i de la seva platja, un port actiu i una vila s\u00f2bria per\u00f2 alegre, &#8230; <a title=\"Laxe \/ Lage (A Coru\u00f1a)\" class=\"read-more\" href=\"https:\/\/www.elturistatranquil.com\/ca\/laxe-lage\/\" aria-label=\"M\u00e9s informaci\u00f3 sobre Laxe \/ Lage (A Coru\u00f1a)\">[ &#8230; ]<\/a><\/p>\n","protected":false},"author":1,"featured_media":2105,"comment_status":"open","ping_status":"closed","sticky":false,"template":"","format":"standard","meta":{"footnotes":""},"categories":[121,70,71,72,78,82,95,99,100],"tags":[],"class_list":["post-2121","post","type-post","status-publish","format-standard","has-post-thumbnail","hentry","category-a-coruna-ca-2","category-arquitectura-civil-ca","category-arquitectura-popular-ca","category-arquitectura-religiosa-ca","category-cultura-rural-ca","category-gotic","category-paisatge","category-poble","category-pobles-i-ciutats-amb-interes","infinite-scroll-item","generate-columns","tablet-grid-50","mobile-grid-100","grid-parent","grid-50","no-featured-image-padding"],"yoast_head":"<!-- This site is optimized with the Yoast SEO plugin v27.4 - https:\/\/yoast.com\/product\/yoast-seo-wordpress\/ -->\n<title>Laxe \/ Lage (A Coru\u00f1a) - El turista tranquil<\/title>\n<meta name=\"description\" content=\"Laxe (A Coru\u00f1a) poble pesquer actiu que ha sabut combinar la bellesa natural del seu entorn i de la seva platja, un port actiu i una vila s\u00f2bria per\u00f2 alegre, per fer-ne un atractiu tur\u00edstic. Un lloc ideal de turisme tranquil.\" \/>\n<meta name=\"robots\" content=\"index, follow, max-snippet:-1, max-image-preview:large, max-video-preview:-1\" \/>\n<link rel=\"canonical\" href=\"https:\/\/www.elturistatranquil.com\/ca\/laxe-lage\/\" \/>\n<meta property=\"og:locale\" content=\"ca_ES\" \/>\n<meta property=\"og:type\" content=\"article\" \/>\n<meta property=\"og:title\" content=\"Laxe \/ Lage (A Coru\u00f1a) - El turista tranquil\" \/>\n<meta property=\"og:description\" content=\"Laxe (A Coru\u00f1a) poble pesquer actiu que ha sabut combinar la bellesa natural del seu entorn i de la seva platja, un port actiu i una vila s\u00f2bria per\u00f2 alegre, per fer-ne un atractiu tur\u00edstic. Un lloc ideal de turisme tranquil.\" \/>\n<meta property=\"og:url\" content=\"https:\/\/www.elturistatranquil.com\/ca\/laxe-lage\/\" \/>\n<meta property=\"og:site_name\" content=\"El turista tranquil\" \/>\n<meta property=\"article:publisher\" content=\"https:\/\/www.facebook.com\/elturistatranquilo\/\" \/>\n<meta property=\"article:published_time\" content=\"2018-03-12T19:22:45+00:00\" \/>\n<meta property=\"article:modified_time\" content=\"2025-09-29T08:00:13+00:00\" \/>\n<meta property=\"og:image\" content=\"https:\/\/www.elturistatranquil.com\/wp-content\/uploads\/F03-Laxe-1.jpg\" \/>\n\t<meta property=\"og:image:width\" content=\"800\" \/>\n\t<meta property=\"og:image:height\" content=\"534\" \/>\n\t<meta property=\"og:image:type\" content=\"image\/jpeg\" \/>\n<meta name=\"author\" content=\"admin\" \/>\n<meta name=\"twitter:card\" content=\"summary_large_image\" \/>\n<meta name=\"twitter:label1\" content=\"Escrit per\" \/>\n\t<meta name=\"twitter:data1\" content=\"admin\" \/>\n\t<meta name=\"twitter:label2\" content=\"Temps estimat de lectura\" \/>\n\t<meta name=\"twitter:data2\" content=\"4 minuts\" \/>\n<script type=\"application\/ld+json\" class=\"yoast-schema-graph\">{\"@context\":\"https:\\\/\\\/schema.org\",\"@graph\":[{\"@type\":\"Article\",\"@id\":\"https:\\\/\\\/www.elturistatranquil.com\\\/ca\\\/laxe-lage\\\/#article\",\"isPartOf\":{\"@id\":\"https:\\\/\\\/www.elturistatranquil.com\\\/ca\\\/laxe-lage\\\/\"},\"author\":{\"name\":\"admin\",\"@id\":\"https:\\\/\\\/www.elturistatranquil.com\\\/ca\\\/#\\\/schema\\\/person\\\/16f607c3079b96ed0c530a52e6b58bb5\"},\"headline\":\"Laxe \\\/ Lage (A Coru\u00f1a)\",\"datePublished\":\"2018-03-12T19:22:45+00:00\",\"dateModified\":\"2025-09-29T08:00:13+00:00\",\"mainEntityOfPage\":{\"@id\":\"https:\\\/\\\/www.elturistatranquil.com\\\/ca\\\/laxe-lage\\\/\"},\"wordCount\":307,\"commentCount\":0,\"image\":{\"@id\":\"https:\\\/\\\/www.elturistatranquil.com\\\/ca\\\/laxe-lage\\\/#primaryimage\"},\"thumbnailUrl\":\"https:\\\/\\\/www.elturistatranquil.com\\\/wp-content\\\/uploads\\\/F03-Laxe-1.jpg\",\"articleSection\":[\"A Coru\u00f1a\",\"Arquitectura civil\",\"Arquitectura popular\",\"Arquitectura religiosa\",\"Cultura rural\",\"G\u00f2tic\",\"Paisatge\",\"Poble\",\"Pobles i ciutats amb inter\u00e9s\"],\"inLanguage\":\"ca\",\"potentialAction\":[{\"@type\":\"CommentAction\",\"name\":\"Comment\",\"target\":[\"https:\\\/\\\/www.elturistatranquil.com\\\/ca\\\/laxe-lage\\\/#respond\"]}]},{\"@type\":\"WebPage\",\"@id\":\"https:\\\/\\\/www.elturistatranquil.com\\\/ca\\\/laxe-lage\\\/\",\"url\":\"https:\\\/\\\/www.elturistatranquil.com\\\/ca\\\/laxe-lage\\\/\",\"name\":\"Laxe \\\/ Lage (A Coru\u00f1a) - El turista tranquil\",\"isPartOf\":{\"@id\":\"https:\\\/\\\/www.elturistatranquil.com\\\/ca\\\/#website\"},\"primaryImageOfPage\":{\"@id\":\"https:\\\/\\\/www.elturistatranquil.com\\\/ca\\\/laxe-lage\\\/#primaryimage\"},\"image\":{\"@id\":\"https:\\\/\\\/www.elturistatranquil.com\\\/ca\\\/laxe-lage\\\/#primaryimage\"},\"thumbnailUrl\":\"https:\\\/\\\/www.elturistatranquil.com\\\/wp-content\\\/uploads\\\/F03-Laxe-1.jpg\",\"datePublished\":\"2018-03-12T19:22:45+00:00\",\"dateModified\":\"2025-09-29T08:00:13+00:00\",\"author\":{\"@id\":\"https:\\\/\\\/www.elturistatranquil.com\\\/ca\\\/#\\\/schema\\\/person\\\/16f607c3079b96ed0c530a52e6b58bb5\"},\"description\":\"Laxe (A Coru\u00f1a) poble pesquer actiu que ha sabut combinar la bellesa natural del seu entorn i de la seva platja, un port actiu i una vila s\u00f2bria per\u00f2 alegre, per fer-ne un atractiu tur\u00edstic. Un lloc ideal de turisme tranquil.\",\"breadcrumb\":{\"@id\":\"https:\\\/\\\/www.elturistatranquil.com\\\/ca\\\/laxe-lage\\\/#breadcrumb\"},\"inLanguage\":\"ca\",\"potentialAction\":[{\"@type\":\"ReadAction\",\"target\":[\"https:\\\/\\\/www.elturistatranquil.com\\\/ca\\\/laxe-lage\\\/\"]}]},{\"@type\":\"ImageObject\",\"inLanguage\":\"ca\",\"@id\":\"https:\\\/\\\/www.elturistatranquil.com\\\/ca\\\/laxe-lage\\\/#primaryimage\",\"url\":\"https:\\\/\\\/www.elturistatranquil.com\\\/wp-content\\\/uploads\\\/F03-Laxe-1.jpg\",\"contentUrl\":\"https:\\\/\\\/www.elturistatranquil.com\\\/wp-content\\\/uploads\\\/F03-Laxe-1.jpg\",\"width\":800,\"height\":534,\"caption\":\"Laxe\"},{\"@type\":\"BreadcrumbList\",\"@id\":\"https:\\\/\\\/www.elturistatranquil.com\\\/ca\\\/laxe-lage\\\/#breadcrumb\",\"itemListElement\":[{\"@type\":\"ListItem\",\"position\":1,\"name\":\"Portada\",\"item\":\"https:\\\/\\\/www.elturistatranquil.com\\\/ca\\\/\"},{\"@type\":\"ListItem\",\"position\":2,\"name\":\"Laxe \\\/ Lage (A Coru\u00f1a)\"}]},{\"@type\":\"WebSite\",\"@id\":\"https:\\\/\\\/www.elturistatranquil.com\\\/ca\\\/#website\",\"url\":\"https:\\\/\\\/www.elturistatranquil.com\\\/ca\\\/\",\"name\":\"El turista tranquil\",\"description\":\"Blog de viatges\",\"potentialAction\":[{\"@type\":\"SearchAction\",\"target\":{\"@type\":\"EntryPoint\",\"urlTemplate\":\"https:\\\/\\\/www.elturistatranquil.com\\\/ca\\\/?s={search_term_string}\"},\"query-input\":{\"@type\":\"PropertyValueSpecification\",\"valueRequired\":true,\"valueName\":\"search_term_string\"}}],\"inLanguage\":\"ca\"},{\"@type\":\"Person\",\"@id\":\"https:\\\/\\\/www.elturistatranquil.com\\\/ca\\\/#\\\/schema\\\/person\\\/16f607c3079b96ed0c530a52e6b58bb5\",\"name\":\"admin\",\"image\":{\"@type\":\"ImageObject\",\"inLanguage\":\"ca\",\"@id\":\"https:\\\/\\\/secure.gravatar.com\\\/avatar\\\/1fbaf22aee75fcbb29a2f97b107f95d25d3a19b7c3416105be10269872673e8d?s=96&d=mm&r=g\",\"url\":\"https:\\\/\\\/secure.gravatar.com\\\/avatar\\\/1fbaf22aee75fcbb29a2f97b107f95d25d3a19b7c3416105be10269872673e8d?s=96&d=mm&r=g\",\"contentUrl\":\"https:\\\/\\\/secure.gravatar.com\\\/avatar\\\/1fbaf22aee75fcbb29a2f97b107f95d25d3a19b7c3416105be10269872673e8d?s=96&d=mm&r=g\",\"caption\":\"admin\"}}]}<\/script>\n<!-- \/ Yoast SEO plugin. -->","yoast_head_json":{"title":"Laxe \/ Lage (A Coru\u00f1a) - El turista tranquil","description":"Laxe (A Coru\u00f1a) poble pesquer actiu que ha sabut combinar la bellesa natural del seu entorn i de la seva platja, un port actiu i una vila s\u00f2bria per\u00f2 alegre, per fer-ne un atractiu tur\u00edstic. Un lloc ideal de turisme tranquil.","robots":{"index":"index","follow":"follow","max-snippet":"max-snippet:-1","max-image-preview":"max-image-preview:large","max-video-preview":"max-video-preview:-1"},"canonical":"https:\/\/www.elturistatranquil.com\/ca\/laxe-lage\/","og_locale":"ca_ES","og_type":"article","og_title":"Laxe \/ Lage (A Coru\u00f1a) - El turista tranquil","og_description":"Laxe (A Coru\u00f1a) poble pesquer actiu que ha sabut combinar la bellesa natural del seu entorn i de la seva platja, un port actiu i una vila s\u00f2bria per\u00f2 alegre, per fer-ne un atractiu tur\u00edstic. Un lloc ideal de turisme tranquil.","og_url":"https:\/\/www.elturistatranquil.com\/ca\/laxe-lage\/","og_site_name":"El turista tranquil","article_publisher":"https:\/\/www.facebook.com\/elturistatranquilo\/","article_published_time":"2018-03-12T19:22:45+00:00","article_modified_time":"2025-09-29T08:00:13+00:00","og_image":[{"width":800,"height":534,"url":"https:\/\/www.elturistatranquil.com\/wp-content\/uploads\/F03-Laxe-1.jpg","type":"image\/jpeg"}],"author":"admin","twitter_card":"summary_large_image","twitter_misc":{"Escrit per":"admin","Temps estimat de lectura":"4 minuts"},"schema":{"@context":"https:\/\/schema.org","@graph":[{"@type":"Article","@id":"https:\/\/www.elturistatranquil.com\/ca\/laxe-lage\/#article","isPartOf":{"@id":"https:\/\/www.elturistatranquil.com\/ca\/laxe-lage\/"},"author":{"name":"admin","@id":"https:\/\/www.elturistatranquil.com\/ca\/#\/schema\/person\/16f607c3079b96ed0c530a52e6b58bb5"},"headline":"Laxe \/ Lage (A Coru\u00f1a)","datePublished":"2018-03-12T19:22:45+00:00","dateModified":"2025-09-29T08:00:13+00:00","mainEntityOfPage":{"@id":"https:\/\/www.elturistatranquil.com\/ca\/laxe-lage\/"},"wordCount":307,"commentCount":0,"image":{"@id":"https:\/\/www.elturistatranquil.com\/ca\/laxe-lage\/#primaryimage"},"thumbnailUrl":"https:\/\/www.elturistatranquil.com\/wp-content\/uploads\/F03-Laxe-1.jpg","articleSection":["A Coru\u00f1a","Arquitectura civil","Arquitectura popular","Arquitectura religiosa","Cultura rural","G\u00f2tic","Paisatge","Poble","Pobles i ciutats amb inter\u00e9s"],"inLanguage":"ca","potentialAction":[{"@type":"CommentAction","name":"Comment","target":["https:\/\/www.elturistatranquil.com\/ca\/laxe-lage\/#respond"]}]},{"@type":"WebPage","@id":"https:\/\/www.elturistatranquil.com\/ca\/laxe-lage\/","url":"https:\/\/www.elturistatranquil.com\/ca\/laxe-lage\/","name":"Laxe \/ Lage (A Coru\u00f1a) - El turista tranquil","isPartOf":{"@id":"https:\/\/www.elturistatranquil.com\/ca\/#website"},"primaryImageOfPage":{"@id":"https:\/\/www.elturistatranquil.com\/ca\/laxe-lage\/#primaryimage"},"image":{"@id":"https:\/\/www.elturistatranquil.com\/ca\/laxe-lage\/#primaryimage"},"thumbnailUrl":"https:\/\/www.elturistatranquil.com\/wp-content\/uploads\/F03-Laxe-1.jpg","datePublished":"2018-03-12T19:22:45+00:00","dateModified":"2025-09-29T08:00:13+00:00","author":{"@id":"https:\/\/www.elturistatranquil.com\/ca\/#\/schema\/person\/16f607c3079b96ed0c530a52e6b58bb5"},"description":"Laxe (A Coru\u00f1a) poble pesquer actiu que ha sabut combinar la bellesa natural del seu entorn i de la seva platja, un port actiu i una vila s\u00f2bria per\u00f2 alegre, per fer-ne un atractiu tur\u00edstic. Un lloc ideal de turisme tranquil.","breadcrumb":{"@id":"https:\/\/www.elturistatranquil.com\/ca\/laxe-lage\/#breadcrumb"},"inLanguage":"ca","potentialAction":[{"@type":"ReadAction","target":["https:\/\/www.elturistatranquil.com\/ca\/laxe-lage\/"]}]},{"@type":"ImageObject","inLanguage":"ca","@id":"https:\/\/www.elturistatranquil.com\/ca\/laxe-lage\/#primaryimage","url":"https:\/\/www.elturistatranquil.com\/wp-content\/uploads\/F03-Laxe-1.jpg","contentUrl":"https:\/\/www.elturistatranquil.com\/wp-content\/uploads\/F03-Laxe-1.jpg","width":800,"height":534,"caption":"Laxe"},{"@type":"BreadcrumbList","@id":"https:\/\/www.elturistatranquil.com\/ca\/laxe-lage\/#breadcrumb","itemListElement":[{"@type":"ListItem","position":1,"name":"Portada","item":"https:\/\/www.elturistatranquil.com\/ca\/"},{"@type":"ListItem","position":2,"name":"Laxe \/ Lage (A Coru\u00f1a)"}]},{"@type":"WebSite","@id":"https:\/\/www.elturistatranquil.com\/ca\/#website","url":"https:\/\/www.elturistatranquil.com\/ca\/","name":"El turista tranquil","description":"Blog de viatges","potentialAction":[{"@type":"SearchAction","target":{"@type":"EntryPoint","urlTemplate":"https:\/\/www.elturistatranquil.com\/ca\/?s={search_term_string}"},"query-input":{"@type":"PropertyValueSpecification","valueRequired":true,"valueName":"search_term_string"}}],"inLanguage":"ca"},{"@type":"Person","@id":"https:\/\/www.elturistatranquil.com\/ca\/#\/schema\/person\/16f607c3079b96ed0c530a52e6b58bb5","name":"admin","image":{"@type":"ImageObject","inLanguage":"ca","@id":"https:\/\/secure.gravatar.com\/avatar\/1fbaf22aee75fcbb29a2f97b107f95d25d3a19b7c3416105be10269872673e8d?s=96&d=mm&r=g","url":"https:\/\/secure.gravatar.com\/avatar\/1fbaf22aee75fcbb29a2f97b107f95d25d3a19b7c3416105be10269872673e8d?s=96&d=mm&r=g","contentUrl":"https:\/\/secure.gravatar.com\/avatar\/1fbaf22aee75fcbb29a2f97b107f95d25d3a19b7c3416105be10269872673e8d?s=96&d=mm&r=g","caption":"admin"}}]}},"_links":{"self":[{"href":"https:\/\/www.elturistatranquil.com\/ca\/wp-json\/wp\/v2\/posts\/2121","targetHints":{"allow":["GET"]}}],"collection":[{"href":"https:\/\/www.elturistatranquil.com\/ca\/wp-json\/wp\/v2\/posts"}],"about":[{"href":"https:\/\/www.elturistatranquil.com\/ca\/wp-json\/wp\/v2\/types\/post"}],"author":[{"embeddable":true,"href":"https:\/\/www.elturistatranquil.com\/ca\/wp-json\/wp\/v2\/users\/1"}],"replies":[{"embeddable":true,"href":"https:\/\/www.elturistatranquil.com\/ca\/wp-json\/wp\/v2\/comments?post=2121"}],"version-history":[{"count":1,"href":"https:\/\/www.elturistatranquil.com\/ca\/wp-json\/wp\/v2\/posts\/2121\/revisions"}],"predecessor-version":[{"id":62094,"href":"https:\/\/www.elturistatranquil.com\/ca\/wp-json\/wp\/v2\/posts\/2121\/revisions\/62094"}],"wp:featuredmedia":[{"embeddable":true,"href":"https:\/\/www.elturistatranquil.com\/ca\/wp-json\/wp\/v2\/media\/2105"}],"wp:attachment":[{"href":"https:\/\/www.elturistatranquil.com\/ca\/wp-json\/wp\/v2\/media?parent=2121"}],"wp:term":[{"taxonomy":"category","embeddable":true,"href":"https:\/\/www.elturistatranquil.com\/ca\/wp-json\/wp\/v2\/categories?post=2121"},{"taxonomy":"post_tag","embeddable":true,"href":"https:\/\/www.elturistatranquil.com\/ca\/wp-json\/wp\/v2\/tags?post=2121"}],"curies":[{"name":"wp","href":"https:\/\/api.w.org\/{rel}","templated":true}]}}