{"id":21337,"date":"2019-08-27T11:15:47","date_gmt":"2019-08-27T09:15:47","guid":{"rendered":"https:\/\/www.elturistatranquil.com\/?p=21337"},"modified":"2019-09-02T21:06:12","modified_gmt":"2019-09-02T19:06:12","slug":"san-carlos-del-valle-ciudad-real","status":"publish","type":"post","link":"https:\/\/www.elturistatranquil.com\/ca\/san-carlos-del-valle-ciudad-real\/","title":{"rendered":"San Carlos del Valle (Ciudad Real)"},"content":{"rendered":"\t\t<div data-elementor-type=\"wp-post\" data-elementor-id=\"21337\" class=\"elementor elementor-21337 elementor-21327\" data-elementor-post-type=\"post\">\n\t\t\t\t\t\t<section class=\"elementor-section elementor-top-section elementor-element elementor-element-4cde49f8 elementor-section-boxed elementor-section-height-default elementor-section-height-default\" data-id=\"4cde49f8\" data-element_type=\"section\" data-e-type=\"section\">\n\t\t\t\t\t\t<div class=\"elementor-container elementor-column-gap-default\">\n\t\t\t\t\t<div class=\"elementor-column elementor-col-100 elementor-top-column elementor-element elementor-element-37a3af5a\" data-id=\"37a3af5a\" data-element_type=\"column\" data-e-type=\"column\">\n\t\t\t<div class=\"elementor-widget-wrap elementor-element-populated\">\n\t\t\t\t\t\t<section class=\"elementor-section elementor-inner-section elementor-element elementor-element-2c233df9 elementor-section-content-middle elementor-section-boxed elementor-section-height-default elementor-section-height-default\" data-id=\"2c233df9\" data-element_type=\"section\" data-e-type=\"section\">\n\t\t\t\t\t\t<div class=\"elementor-container elementor-column-gap-default\">\n\t\t\t\t\t<div class=\"elementor-column elementor-col-100 elementor-inner-column elementor-element elementor-element-7831713\" data-id=\"7831713\" data-element_type=\"column\" data-e-type=\"column\">\n\t\t\t<div class=\"elementor-widget-wrap elementor-element-populated\">\n\t\t\t\t\t\t<div class=\"elementor-element elementor-element-3fb09f3 elementor-widget elementor-widget-text-editor\" data-id=\"3fb09f3\" data-element_type=\"widget\" data-e-type=\"widget\" data-widget_type=\"text-editor.default\">\n\t\t\t\t<div class=\"elementor-widget-container\">\n\t\t\t\t\t\t\t\t\t<p><em>San Carlos del Valle<\/em> en el Campo de Montiel (Ciudad Real), una vila de colonitzaci\u00f3 del per\u00edode de Carlos III creada al voltant del \u201cVaticano de la Mancha\u201d.<\/p>\t\t\t\t\t\t\t\t<\/div>\n\t\t\t\t<\/div>\n\t\t\t\t\t<\/div>\n\t\t<\/div>\n\t\t\t\t\t<\/div>\n\t\t<\/section>\n\t\t\t\t<div class=\"elementor-element elementor-element-2fe8ecfd elementor-widget elementor-widget-heading\" data-id=\"2fe8ecfd\" data-element_type=\"widget\" data-e-type=\"widget\" data-widget_type=\"heading.default\">\n\t\t\t\t<div class=\"elementor-widget-container\">\n\t\t\t\t\t<h1 class=\"elementor-heading-title elementor-size-default\">San Carlos del Valle (Ciudad Real)<\/h1>\t\t\t\t<\/div>\n\t\t\t\t<\/div>\n\t\t\t\t\t<\/div>\n\t\t<\/div>\n\t\t\t\t\t<\/div>\n\t\t<\/section>\n\t\t\t\t<section class=\"elementor-section elementor-top-section elementor-element elementor-element-749bf403 elementor-section-boxed elementor-section-height-default elementor-section-height-default\" data-id=\"749bf403\" data-element_type=\"section\" data-e-type=\"section\">\n\t\t\t\t\t\t<div class=\"elementor-container elementor-column-gap-default\">\n\t\t\t\t\t<div class=\"elementor-column elementor-col-100 elementor-top-column elementor-element elementor-element-74afa2da\" data-id=\"74afa2da\" data-element_type=\"column\" data-e-type=\"column\">\n\t\t\t<div class=\"elementor-widget-wrap elementor-element-populated\">\n\t\t\t\t\t\t<div class=\"elementor-element elementor-element-38dea6a6 elementor-widget elementor-widget-image\" data-id=\"38dea6a6\" data-element_type=\"widget\" data-e-type=\"widget\" data-widget_type=\"image.default\">\n\t\t\t\t<div class=\"elementor-widget-container\">\n\t\t\t\t\t\t\t\t\t\t\t\t<figure class=\"wp-caption\">\n\t\t\t\t\t\t\t\t\t\t<img fetchpriority=\"high\" decoding=\"async\" width=\"768\" height=\"512\" src=\"https:\/\/www.elturistatranquil.com\/wp-content\/uploads\/F01-San-Carlos-del-Valle-Google-earth-2019-08-08-1.jpg\" class=\"attachment-large size-large wp-image-21470\" alt=\"\" srcset=\"https:\/\/www.elturistatranquil.com\/wp-content\/uploads\/F01-San-Carlos-del-Valle-Google-earth-2019-08-08-1.jpg 768w, https:\/\/www.elturistatranquil.com\/wp-content\/uploads\/F01-San-Carlos-del-Valle-Google-earth-2019-08-08-1-339x226.jpg 339w\" sizes=\"(max-width: 768px) 100vw, 768px\" \/>\t\t\t\t\t\t\t\t\t\t\t<figcaption class=\"widget-image-caption wp-caption-text\">San Carlos del Valle (Google earth 2019-08-08)<\/figcaption>\n\t\t\t\t\t\t\t\t\t\t<\/figure>\n\t\t\t\t\t\t\t\t\t<\/div>\n\t\t\t\t<\/div>\n\t\t\t\t<div class=\"elementor-element elementor-element-5c0df8f2 elementor-widget elementor-widget-spacer\" data-id=\"5c0df8f2\" data-element_type=\"widget\" data-e-type=\"widget\" data-widget_type=\"spacer.default\">\n\t\t\t\t<div class=\"elementor-widget-container\">\n\t\t\t\t\t\t\t<div class=\"elementor-spacer\">\n\t\t\t<div class=\"elementor-spacer-inner\"><\/div>\n\t\t<\/div>\n\t\t\t\t\t\t<\/div>\n\t\t\t\t<\/div>\n\t\t\t\t<div class=\"elementor-element elementor-element-55091acd elementor-widget elementor-widget-heading\" data-id=\"55091acd\" data-element_type=\"widget\" data-e-type=\"widget\" data-widget_type=\"heading.default\">\n\t\t\t\t<div class=\"elementor-widget-container\">\n\t\t\t\t\t<h2 class=\"elementor-heading-title elementor-size-default\">San Carlos del Valle, Campo de Montiel, Ciudad Real<\/h2>\t\t\t\t<\/div>\n\t\t\t\t<\/div>\n\t\t\t\t<section class=\"elementor-section elementor-inner-section elementor-element elementor-element-329dc668 elementor-section-boxed elementor-section-height-default elementor-section-height-default\" data-id=\"329dc668\" data-element_type=\"section\" data-e-type=\"section\" data-settings=\"{&quot;background_background&quot;:&quot;classic&quot;}\">\n\t\t\t\t\t\t\t<div class=\"elementor-background-overlay\"><\/div>\n\t\t\t\t\t\t\t<div class=\"elementor-container elementor-column-gap-default\">\n\t\t\t\t\t<div class=\"elementor-column elementor-col-100 elementor-inner-column elementor-element elementor-element-2af7d362\" data-id=\"2af7d362\" data-element_type=\"column\" data-e-type=\"column\" data-settings=\"{&quot;background_background&quot;:&quot;classic&quot;}\">\n\t\t\t<div class=\"elementor-widget-wrap elementor-element-populated\">\n\t\t\t\t\t\t<div class=\"elementor-element elementor-element-327f71bf elementor-widget elementor-widget-text-editor\" data-id=\"327f71bf\" data-element_type=\"widget\" data-e-type=\"widget\" data-widget_type=\"text-editor.default\">\n\t\t\t\t<div class=\"elementor-widget-container\">\n\t\t\t\t\t\t\t\t\t<p>San Carlos del Valle. Comarca: Campo de Montiel. Prov\u00edncia: Ciudad Real. Com. Aut\u00f2noma: Castilla la Mancha<\/p><p>Coordenades: 38\u00b050\u203240\u2033N 3\u00b014\u203229\u2033O. Altitud: 837 msnm. Poblaci\u00f3: 1.128 habitants en 2018<\/p><p>Web: <a href=\"http:\/\/turismo.infomancha.com\/pueblos\/san-carlos-del-valle-13.html\" target=\"_blank\" rel=\"noopener\">ayuntamiento<\/a><\/p><p>Visita: 2019<\/p>\t\t\t\t\t\t\t\t<\/div>\n\t\t\t\t<\/div>\n\t\t\t\t\t<\/div>\n\t\t<\/div>\n\t\t\t\t\t<\/div>\n\t\t<\/section>\n\t\t\t\t<div class=\"elementor-element elementor-element-69a6c0b elementor-widget elementor-widget-image\" data-id=\"69a6c0b\" data-element_type=\"widget\" data-e-type=\"widget\" data-widget_type=\"image.default\">\n\t\t\t\t<div class=\"elementor-widget-container\">\n\t\t\t\t\t\t\t\t\t\t\t\t<figure class=\"wp-caption\">\n\t\t\t\t\t\t\t\t\t\t<img decoding=\"async\" width=\"768\" height=\"513\" src=\"https:\/\/www.elturistatranquil.com\/wp-content\/uploads\/F02-Mapa-de-situaci\u00f3n-de-San-Carlos-del-Valle-Google-maps-2018-08-11-1-768x513.jpg\" class=\"attachment-medium_large size-medium_large wp-image-21472\" alt=\"\" srcset=\"https:\/\/www.elturistatranquil.com\/wp-content\/uploads\/F02-Mapa-de-situaci\u00f3n-de-San-Carlos-del-Valle-Google-maps-2018-08-11-1.jpg 768w, https:\/\/www.elturistatranquil.com\/wp-content\/uploads\/F02-Mapa-de-situaci\u00f3n-de-San-Carlos-del-Valle-Google-maps-2018-08-11-1-339x226.jpg 339w\" sizes=\"(max-width: 768px) 100vw, 768px\" \/>\t\t\t\t\t\t\t\t\t\t\t<figcaption class=\"widget-image-caption wp-caption-text\">Mapa de situaci\u00f3 de San Carlos del Valle (Google maps 2018-08-11)<\/figcaption>\n\t\t\t\t\t\t\t\t\t\t<\/figure>\n\t\t\t\t\t\t\t\t\t<\/div>\n\t\t\t\t<\/div>\n\t\t\t\t<section class=\"elementor-section elementor-inner-section elementor-element elementor-element-5880ba78 elementor-section-boxed elementor-section-height-default elementor-section-height-default\" data-id=\"5880ba78\" data-element_type=\"section\" data-e-type=\"section\" data-settings=\"{&quot;background_background&quot;:&quot;classic&quot;}\">\n\t\t\t\t\t\t<div class=\"elementor-container elementor-column-gap-default\">\n\t\t\t\t\t<div class=\"elementor-column elementor-col-100 elementor-inner-column elementor-element elementor-element-16b6a427\" data-id=\"16b6a427\" data-element_type=\"column\" data-e-type=\"column\">\n\t\t\t<div class=\"elementor-widget-wrap elementor-element-populated\">\n\t\t\t\t\t\t<div class=\"elementor-element elementor-element-162a7cfb elementor-widget elementor-widget-text-editor\" data-id=\"162a7cfb\" data-element_type=\"widget\" data-e-type=\"widget\" data-widget_type=\"text-editor.default\">\n\t\t\t\t<div class=\"elementor-widget-container\">\n\t\t\t\t\t\t\t\t\t<p style=\"text-align: center;\"><strong>\u00cdndex<\/strong><\/p>\t\t\t\t\t\t\t\t<\/div>\n\t\t\t\t<\/div>\n\t\t\t\t<div class=\"elementor-element elementor-element-51892ec1 elementor-widget elementor-widget-text-editor\" data-id=\"51892ec1\" data-element_type=\"widget\" data-e-type=\"widget\" data-widget_type=\"text-editor.default\">\n\t\t\t\t<div class=\"elementor-widget-container\">\n\t\t\t\t\t\t\t\t\t<p><a href=\"https:\/\/www.elturistatranquil.com\/ca\/san-carlos-del-valle-(ciudad-real)\/#c3501\" target=\"_blank\" rel=\"noopener\">San Carlos del Valle, Campo de Montiel, Ciudad Real<\/a><\/p><p><a href=\"https:\/\/www.elturistatranquil.com\/ca\/san-carlos-del-valle-(ciudad-real)\/#c3502\" target=\"_blank\" rel=\"noopener\">El territori: La Mancha i Campo de Montiel<\/a><\/p><p><a href=\"https:\/\/www.elturistatranquil.com\/ca\/san-carlos-del-valle-(ciudad-real)\/#c3503\" target=\"_blank\" rel=\"noopener\">L&#8217;Esgl\u00e9sia i el primer poblat<\/a><\/p><p style=\"padding-left: 40px;\"><a href=\"https:\/\/www.elturistatranquil.com\/ca\/san-carlos-del-valle-(ciudad-real)\/#c3504\" target=\"_blank\" rel=\"noopener\">Primer nucli<\/a><\/p><p style=\"padding-left: 40px;\"><a href=\"https:\/\/www.elturistatranquil.com\/ca\/san-carlos-del-valle-(ciudad-real)\/#c3505\" target=\"_blank\" rel=\"noopener\">L\u2019Esgl\u00e9sia del Santo Cristo del Valle de Santa Elena<\/a><\/p><p style=\"padding-left: 40px;\"><a href=\"https:\/\/www.elturistatranquil.com\/ca\/san-carlos-del-valle-(ciudad-real)\/#c3506\" target=\"_blank\" rel=\"noopener\">La Pla\u00e7a<\/a><\/p><p><a href=\"https:\/\/www.elturistatranquil.com\/ca\/san-carlos-del-valle-(ciudad-real)\/#c3507\" target=\"_blank\" rel=\"noopener\">El poblat de colonitzaci\u00f3<\/a><\/p><p><a href=\"https:\/\/www.elturistatranquil.com\/ca\/san-carlos-del-valle-(ciudad-real)\/#c3508\" target=\"_blank\" rel=\"noopener\">Expansi\u00f3 posterior<\/a><\/p><p><a href=\"https:\/\/www.elturistatranquil.com\/ca\/san-carlos-del-valle-(ciudad-real)\/#c3509\" target=\"_blank\" rel=\"noopener\">Fi de la visita<\/a><\/p><p><a href=\"https:\/\/www.elturistatranquil.com\/ca\/san-carlos-del-valle-(ciudad-real)\/#c3510\" target=\"_blank\" rel=\"noopener\">Bases d&#8217;informaci\u00f3<\/a><\/p>\t\t\t\t\t\t\t\t<\/div>\n\t\t\t\t<\/div>\n\t\t\t\t\t<\/div>\n\t\t<\/div>\n\t\t\t\t\t<\/div>\n\t\t<\/section>\n\t\t\t\t<div class=\"elementor-element elementor-element-2db935ca elementor-widget elementor-widget-spacer\" data-id=\"2db935ca\" data-element_type=\"widget\" data-e-type=\"widget\" data-widget_type=\"spacer.default\">\n\t\t\t\t<div class=\"elementor-widget-container\">\n\t\t\t\t\t\t\t<div class=\"elementor-spacer\">\n\t\t\t<div class=\"elementor-spacer-inner\"><\/div>\n\t\t<\/div>\n\t\t\t\t\t\t<\/div>\n\t\t\t\t<\/div>\n\t\t\t\t<div class=\"elementor-element elementor-element-28712711 elementor-widget elementor-widget-menu-anchor\" data-id=\"28712711\" data-element_type=\"widget\" data-e-type=\"widget\" data-widget_type=\"menu-anchor.default\">\n\t\t\t\t<div class=\"elementor-widget-container\">\n\t\t\t\t\t\t\t<div class=\"elementor-menu-anchor\" id=\"c3501\"><\/div>\n\t\t\t\t\t\t<\/div>\n\t\t\t\t<\/div>\n\t\t\t\t<div class=\"elementor-element elementor-element-8cd25f4 elementor-widget elementor-widget-spacer\" data-id=\"8cd25f4\" data-element_type=\"widget\" data-e-type=\"widget\" data-widget_type=\"spacer.default\">\n\t\t\t\t<div class=\"elementor-widget-container\">\n\t\t\t\t\t\t\t<div class=\"elementor-spacer\">\n\t\t\t<div class=\"elementor-spacer-inner\"><\/div>\n\t\t<\/div>\n\t\t\t\t\t\t<\/div>\n\t\t\t\t<\/div>\n\t\t\t\t<div class=\"elementor-element elementor-element-30781ad4 elementor-widget elementor-widget-heading\" data-id=\"30781ad4\" data-element_type=\"widget\" data-e-type=\"widget\" data-widget_type=\"heading.default\">\n\t\t\t\t<div class=\"elementor-widget-container\">\n\t\t\t\t\t<h2 class=\"elementor-heading-title elementor-size-default\">San Carlos del Valle, Campo de Montiel, Ciudad Real<\/h2>\t\t\t\t<\/div>\n\t\t\t\t<\/div>\n\t\t\t\t<div class=\"elementor-element elementor-element-22fa2d96 elementor-widget elementor-widget-text-editor\" data-id=\"22fa2d96\" data-element_type=\"widget\" data-e-type=\"widget\" data-widget_type=\"text-editor.default\">\n\t\t\t\t<div class=\"elementor-widget-container\">\n\t\t\t\t\t\t\t\t\t<p>Enlla\u00e7 amb el <em>Post<\/em>: <a href=\"https:\/\/www.elturistatranquil.com\/ca\/hospederia-santa-elena-tierra-de-montiel\/\" target=\"_blank\" rel=\"noopener\"><strong>Hospeder\u00eda Santa Elena. Campo de Montiel<\/strong><\/a><\/p>\t\t\t\t\t\t\t\t<\/div>\n\t\t\t\t<\/div>\n\t\t\t\t<div class=\"elementor-element elementor-element-6e22f3d6 elementor-widget elementor-widget-menu-anchor\" data-id=\"6e22f3d6\" data-element_type=\"widget\" data-e-type=\"widget\" data-widget_type=\"menu-anchor.default\">\n\t\t\t\t<div class=\"elementor-widget-container\">\n\t\t\t\t\t\t\t<div class=\"elementor-menu-anchor\" id=\"c3502\"><\/div>\n\t\t\t\t\t\t<\/div>\n\t\t\t\t<\/div>\n\t\t\t\t<div class=\"elementor-element elementor-element-409ebc7e elementor-widget elementor-widget-text-editor\" data-id=\"409ebc7e\" data-element_type=\"widget\" data-e-type=\"widget\" data-widget_type=\"text-editor.default\">\n\t\t\t\t<div class=\"elementor-widget-container\">\n\t\t\t\t\t\t\t\t\t<p>L&#8217;estada a la <strong>Hospeder\u00eda Santa Elena <\/strong>tenia com a primer objectiu con\u00e8ixer <strong>San Carlos del Valle<\/strong>, la vila on es localitza, per tractar-se d&#8217;un dels poblats de colonitzaci\u00f3 del regnat de Carles III i una de les plasmacions de les idees il\u00b7lustrades.<\/p>\t\t\t\t\t\t\t\t<\/div>\n\t\t\t\t<\/div>\n\t\t\t\t<div class=\"elementor-element elementor-element-663039f7 elementor-widget elementor-widget-heading\" data-id=\"663039f7\" data-element_type=\"widget\" data-e-type=\"widget\" data-widget_type=\"heading.default\">\n\t\t\t\t<div class=\"elementor-widget-container\">\n\t\t\t\t\t<h2 class=\"elementor-heading-title elementor-size-default\">El territori: La Mancha i Campo de Montiel<\/h2>\t\t\t\t<\/div>\n\t\t\t\t<\/div>\n\t\t\t\t<div class=\"elementor-element elementor-element-7895f595 elementor-widget elementor-widget-text-editor\" data-id=\"7895f595\" data-element_type=\"widget\" data-e-type=\"widget\" data-widget_type=\"text-editor.default\">\n\t\t\t\t<div class=\"elementor-widget-container\">\n\t\t\t\t\t\t\t\t\t<p>El lloc i el territori \u00e9s atractiu per diversos motius.<\/p><p>Per La Mancha. Un territori amb una personalitat pr\u00f2pia. Un territori predominantment pla ondulat d&#8217;una altitud mitjana entre els 600 i 700 msnm, amb algunes elevacions, com les serres del Cristo i Los Bailones on, a la vall que les uneix, se situa San Carlos del Valle, per\u00f2 a 837 metres d&#8217;altitud .<\/p><p>On es manifesta intensament la tr\u00edada mediterr\u00e0nia, com en aquests camps als afores de San Carlos del Valle.<\/p>\t\t\t\t\t\t\t\t<\/div>\n\t\t\t\t<\/div>\n\t\t\t\t<div class=\"elementor-element elementor-element-7cba1bb5 elementor-widget elementor-widget-image\" data-id=\"7cba1bb5\" data-element_type=\"widget\" data-e-type=\"widget\" data-widget_type=\"image.default\">\n\t\t\t\t<div class=\"elementor-widget-container\">\n\t\t\t\t\t\t\t\t\t\t\t\t<figure class=\"wp-caption\">\n\t\t\t\t\t\t\t\t\t\t<img decoding=\"async\" width=\"768\" height=\"512\" src=\"https:\/\/www.elturistatranquil.com\/wp-content\/uploads\/F35b-San-Carlos-del-Valle.jpg\" class=\"attachment-large size-large wp-image-21120\" alt=\"San Carlos del Valle\" srcset=\"https:\/\/www.elturistatranquil.com\/wp-content\/uploads\/F35b-San-Carlos-del-Valle.jpg 768w, https:\/\/www.elturistatranquil.com\/wp-content\/uploads\/F35b-San-Carlos-del-Valle-339x226.jpg 339w\" sizes=\"(max-width: 768px) 100vw, 768px\" \/>\t\t\t\t\t\t\t\t\t\t\t<figcaption class=\"widget-image-caption wp-caption-text\"><\/figcaption>\n\t\t\t\t\t\t\t\t\t\t<\/figure>\n\t\t\t\t\t\t\t\t\t<\/div>\n\t\t\t\t<\/div>\n\t\t\t\t<div class=\"elementor-element elementor-element-f3064cd elementor-widget elementor-widget-text-editor\" data-id=\"f3064cd\" data-element_type=\"widget\" data-e-type=\"widget\" data-widget_type=\"text-editor.default\">\n\t\t\t\t<div class=\"elementor-widget-container\">\n\t\t\t\t\t\t\t\t\t<p>Atractiu tamb\u00e9 per la comarca del Campo de Montiel, h\u00e0bitat modelat per l&#8217;Ordre de Santiago al llarg de segles, i que ser\u00e0 l&#8217;executora del poblat de colonitzaci\u00f3 de San Carlos del Valle.<\/p><p>Per ser terra universal, despr\u00e9s dels passos del Quixot de Cervantes.<\/p><p>Finalment, a l&#8217;acostar-me per la carretera a San Carlos del Valle, el seu perfil a l&#8217;horitz\u00f3 ja em fa adonar que em dirigeixo a un lloc espacial. A l&#8217;horitz\u00f3 sobresurt una grandiosa c\u00fapula i el perfil d&#8217;una Esgl\u00e9sia que no \u00e9s l&#8217;habitual d&#8217;aquestes terres. Comen\u00e7o a entendre per qu\u00e8 se\u2019l l\u2019anomena el \u201cVaticano de La Mancha\u201d.<\/p>\t\t\t\t\t\t\t\t<\/div>\n\t\t\t\t<\/div>\n\t\t\t\t<div class=\"elementor-element elementor-element-79d7ab63 elementor-widget elementor-widget-image\" data-id=\"79d7ab63\" data-element_type=\"widget\" data-e-type=\"widget\" data-widget_type=\"image.default\">\n\t\t\t\t<div class=\"elementor-widget-container\">\n\t\t\t\t\t\t\t\t\t\t\t\t<figure class=\"wp-caption\">\n\t\t\t\t\t\t\t\t\t\t<img loading=\"lazy\" decoding=\"async\" width=\"768\" height=\"511\" src=\"https:\/\/www.elturistatranquil.com\/wp-content\/uploads\/F04-San-Carlos-del-Valle-1.jpg\" class=\"attachment-large size-large wp-image-21476\" alt=\"\" srcset=\"https:\/\/www.elturistatranquil.com\/wp-content\/uploads\/F04-San-Carlos-del-Valle-1.jpg 768w, https:\/\/www.elturistatranquil.com\/wp-content\/uploads\/F04-San-Carlos-del-Valle-1-339x226.jpg 339w\" sizes=\"(max-width: 768px) 100vw, 768px\" \/>\t\t\t\t\t\t\t\t\t\t\t<figcaption class=\"widget-image-caption wp-caption-text\"><\/figcaption>\n\t\t\t\t\t\t\t\t\t\t<\/figure>\n\t\t\t\t\t\t\t\t\t<\/div>\n\t\t\t\t<\/div>\n\t\t\t\t<div class=\"elementor-element elementor-element-18957f71 elementor-widget elementor-widget-menu-anchor\" data-id=\"18957f71\" data-element_type=\"widget\" data-e-type=\"widget\" data-widget_type=\"menu-anchor.default\">\n\t\t\t\t<div class=\"elementor-widget-container\">\n\t\t\t\t\t\t\t<div class=\"elementor-menu-anchor\" id=\"c3503\"><\/div>\n\t\t\t\t\t\t<\/div>\n\t\t\t\t<\/div>\n\t\t\t\t<div class=\"elementor-element elementor-element-7b482af7 elementor-widget elementor-widget-image\" data-id=\"7b482af7\" data-element_type=\"widget\" data-e-type=\"widget\" data-widget_type=\"image.default\">\n\t\t\t\t<div class=\"elementor-widget-container\">\n\t\t\t\t\t\t\t\t\t\t\t\t<figure class=\"wp-caption\">\n\t\t\t\t\t\t\t\t\t\t<img loading=\"lazy\" decoding=\"async\" width=\"768\" height=\"511\" src=\"https:\/\/www.elturistatranquil.com\/wp-content\/uploads\/F05-San-Carlos-del-Valle-1.jpg\" class=\"attachment-large size-large wp-image-21478\" alt=\"\" srcset=\"https:\/\/www.elturistatranquil.com\/wp-content\/uploads\/F05-San-Carlos-del-Valle-1.jpg 768w, https:\/\/www.elturistatranquil.com\/wp-content\/uploads\/F05-San-Carlos-del-Valle-1-339x226.jpg 339w\" sizes=\"(max-width: 768px) 100vw, 768px\" \/>\t\t\t\t\t\t\t\t\t\t\t<figcaption class=\"widget-image-caption wp-caption-text\"><\/figcaption>\n\t\t\t\t\t\t\t\t\t\t<\/figure>\n\t\t\t\t\t\t\t\t\t<\/div>\n\t\t\t\t<\/div>\n\t\t\t\t<div class=\"elementor-element elementor-element-776f0232 elementor-widget elementor-widget-heading\" data-id=\"776f0232\" data-element_type=\"widget\" data-e-type=\"widget\" data-widget_type=\"heading.default\">\n\t\t\t\t<div class=\"elementor-widget-container\">\n\t\t\t\t\t<h2 class=\"elementor-heading-title elementor-size-default\">L'Esgl\u00e9sia i el primer poblat<\/h2>\t\t\t\t<\/div>\n\t\t\t\t<\/div>\n\t\t\t\t<div class=\"elementor-element elementor-element-2e9a6308 elementor-widget elementor-widget-text-editor\" data-id=\"2e9a6308\" data-element_type=\"widget\" data-e-type=\"widget\" data-widget_type=\"text-editor.default\">\n\t\t\t\t<div class=\"elementor-widget-container\">\n\t\t\t\t\t\t\t\t\t<p>Si m\u00e9s no des del segle XVI, al lloc hi havia una ermita amb una imatge pintada del Sant\u00edssim Cristo del Valle que era motiu de pelegrinatge per considerar-se-la miraculosa. Aquest origen fa que tamb\u00e9 es conegui a la vila com &#8220;El Cristo&#8221;.<\/p><p>Segons resa una l\u00e0pida, situada a l&#8217;avinguda del Azuer, al costat de la primitiva ermita es va construir en 1704 una hostatgeria \u201c<em>como lugar de reposo de peregrinos y viajeros del Camino Real<\/em>\u201d.<\/p>\t\t\t\t\t\t\t\t<\/div>\n\t\t\t\t<\/div>\n\t\t\t\t<div class=\"elementor-element elementor-element-20e7d4f1 elementor-widget elementor-widget-image\" data-id=\"20e7d4f1\" data-element_type=\"widget\" data-e-type=\"widget\" data-widget_type=\"image.default\">\n\t\t\t\t<div class=\"elementor-widget-container\">\n\t\t\t\t\t\t\t\t\t\t\t\t<figure class=\"wp-caption\">\n\t\t\t\t\t\t\t\t\t\t<img loading=\"lazy\" decoding=\"async\" width=\"768\" height=\"512\" src=\"https:\/\/www.elturistatranquil.com\/wp-content\/uploads\/F06a-San-Carlos-del-Valle-1.jpg\" class=\"attachment-large size-large wp-image-21480\" alt=\"\" srcset=\"https:\/\/www.elturistatranquil.com\/wp-content\/uploads\/F06a-San-Carlos-del-Valle-1.jpg 768w, https:\/\/www.elturistatranquil.com\/wp-content\/uploads\/F06a-San-Carlos-del-Valle-1-339x226.jpg 339w\" sizes=\"(max-width: 768px) 100vw, 768px\" \/>\t\t\t\t\t\t\t\t\t\t\t<figcaption class=\"widget-image-caption wp-caption-text\"><\/figcaption>\n\t\t\t\t\t\t\t\t\t\t<\/figure>\n\t\t\t\t\t\t\t\t\t<\/div>\n\t\t\t\t<\/div>\n\t\t\t\t<div class=\"elementor-element elementor-element-5ded9113 elementor-widget elementor-widget-menu-anchor\" data-id=\"5ded9113\" data-element_type=\"widget\" data-e-type=\"widget\" data-widget_type=\"menu-anchor.default\">\n\t\t\t\t<div class=\"elementor-widget-container\">\n\t\t\t\t\t\t\t<div class=\"elementor-menu-anchor\" id=\"c3504\"><\/div>\n\t\t\t\t\t\t<\/div>\n\t\t\t\t<\/div>\n\t\t\t\t<div class=\"elementor-element elementor-element-3cef4c4b elementor-widget elementor-widget-text-editor\" data-id=\"3cef4c4b\" data-element_type=\"widget\" data-e-type=\"widget\" data-widget_type=\"text-editor.default\">\n\t\t\t\t<div class=\"elementor-widget-container\">\n\t\t\t\t\t\t\t\t\t<p>A partir de 1713 es produiran tres actuacions urban\u00edstiques rellevants i planificades, de les que sorgir\u00e0 la vila de San Carlos del Valle.<\/p>\t\t\t\t\t\t\t\t<\/div>\n\t\t\t\t<\/div>\n\t\t\t\t<div class=\"elementor-element elementor-element-51582150 elementor-widget elementor-widget-heading\" data-id=\"51582150\" data-element_type=\"widget\" data-e-type=\"widget\" data-widget_type=\"heading.default\">\n\t\t\t\t<div class=\"elementor-widget-container\">\n\t\t\t\t\t<h3 class=\"elementor-heading-title elementor-size-default\">Primer nucli<\/h3>\t\t\t\t<\/div>\n\t\t\t\t<\/div>\n\t\t\t\t<div class=\"elementor-element elementor-element-6fe84a69 elementor-widget elementor-widget-text-editor\" data-id=\"6fe84a69\" data-element_type=\"widget\" data-e-type=\"widget\" data-widget_type=\"text-editor.default\">\n\t\t\t\t<div class=\"elementor-widget-container\">\n\t\t\t\t\t\t\t\t\t<p>Un article del professor\u00a0<a href=\"http:\/\/biblioteca2.uclm.es\/biblioteca\/CECLM\/ARTREVISTAS\/CEM\/CEM221Mu%C3%B1ozJimenez.pdf\" target=\"_blank\" rel=\"noopener\">Mu\u00f1oz Jim\u00e9nez\u00a0<\/a>aporta detallada informaci\u00f3 sobre la formaci\u00f3 de San Carlos del Valle, de la qual em servir\u00e9.<\/p><p>El primer nucli del Santuari estava format per una Esgl\u00e9sia de peregrinaci\u00f3 (<strong>A<\/strong>), una pla\u00e7a (<strong>B<\/strong>), amb una fonda o parador (<strong>C<\/strong>) i cases (<strong>D<\/strong>) per pagesos de les terres propietat de l&#8217;Esgl\u00e9sia, procedents de Membrilla, municipi al qual pertanyia el Santuari.<\/p>\t\t\t\t\t\t\t\t<\/div>\n\t\t\t\t<\/div>\n\t\t\t\t<div class=\"elementor-element elementor-element-64382621 elementor-widget elementor-widget-image\" data-id=\"64382621\" data-element_type=\"widget\" data-e-type=\"widget\" data-widget_type=\"image.default\">\n\t\t\t\t<div class=\"elementor-widget-container\">\n\t\t\t\t\t\t\t\t\t\t\t\t<figure class=\"wp-caption\">\n\t\t\t\t\t\t\t\t\t\t<img loading=\"lazy\" decoding=\"async\" width=\"481\" height=\"475\" src=\"https:\/\/www.elturistatranquil.com\/wp-content\/uploads\/F06b-San-Carlos-del-Valle-Planos-historicos-Mu\u00f1oz-Jimenez-1.jpg\" class=\"attachment-large size-large wp-image-21482\" alt=\"\" srcset=\"https:\/\/www.elturistatranquil.com\/wp-content\/uploads\/F06b-San-Carlos-del-Valle-Planos-historicos-Mu\u00f1oz-Jimenez-1.jpg 481w, https:\/\/www.elturistatranquil.com\/wp-content\/uploads\/F06b-San-Carlos-del-Valle-Planos-historicos-Mu\u00f1oz-Jimenez-1-229x226.jpg 229w\" sizes=\"(max-width: 481px) 100vw, 481px\" \/>\t\t\t\t\t\t\t\t\t\t\t<figcaption class=\"widget-image-caption wp-caption-text\">Primer nucli de San Carlos del Valle (Font: <a href=\"http:\/\/biblioteca2.uclm.es\/biblioteca\/CECLM\/ARTREVISTAS\/CEM\/CEM221Mu%C3%B1ozJimenez.pdf\" target=\"_blank\" rel=\"noopener\">J.M. Mu\u00f1oz Jim\u00e9nez<\/a>)<\/figcaption>\n\t\t\t\t\t\t\t\t\t\t<\/figure>\n\t\t\t\t\t\t\t\t\t<\/div>\n\t\t\t\t<\/div>\n\t\t\t\t<div class=\"elementor-element elementor-element-55c5af2f elementor-widget elementor-widget-menu-anchor\" data-id=\"55c5af2f\" data-element_type=\"widget\" data-e-type=\"widget\" data-widget_type=\"menu-anchor.default\">\n\t\t\t\t<div class=\"elementor-widget-container\">\n\t\t\t\t\t\t\t<div class=\"elementor-menu-anchor\" id=\"c3505\"><\/div>\n\t\t\t\t\t\t<\/div>\n\t\t\t\t<\/div>\n\t\t\t\t<div class=\"elementor-element elementor-element-3c3b347c elementor-widget elementor-widget-image\" data-id=\"3c3b347c\" data-element_type=\"widget\" data-e-type=\"widget\" data-widget_type=\"image.default\">\n\t\t\t\t<div class=\"elementor-widget-container\">\n\t\t\t\t\t\t\t\t\t\t\t\t<figure class=\"wp-caption\">\n\t\t\t\t\t\t\t\t\t\t<img loading=\"lazy\" decoding=\"async\" width=\"768\" height=\"512\" src=\"https:\/\/www.elturistatranquil.com\/wp-content\/uploads\/F06c-San-Carlos-del-Valle-Google-earth-2019-08-12-1.jpg\" class=\"attachment-large size-large wp-image-21484\" alt=\"\" srcset=\"https:\/\/www.elturistatranquil.com\/wp-content\/uploads\/F06c-San-Carlos-del-Valle-Google-earth-2019-08-12-1.jpg 768w, https:\/\/www.elturistatranquil.com\/wp-content\/uploads\/F06c-San-Carlos-del-Valle-Google-earth-2019-08-12-1-339x226.jpg 339w\" sizes=\"(max-width: 768px) 100vw, 768px\" \/>\t\t\t\t\t\t\t\t\t\t\t<figcaption class=\"widget-image-caption wp-caption-text\">San Carlos del Valle (Google earth 2019-08-12)<\/figcaption>\n\t\t\t\t\t\t\t\t\t\t<\/figure>\n\t\t\t\t\t\t\t\t\t<\/div>\n\t\t\t\t<\/div>\n\t\t\t\t<div class=\"elementor-element elementor-element-4dbceb06 elementor-widget elementor-widget-heading\" data-id=\"4dbceb06\" data-element_type=\"widget\" data-e-type=\"widget\" data-widget_type=\"heading.default\">\n\t\t\t\t<div class=\"elementor-widget-container\">\n\t\t\t\t\t<h3 class=\"elementor-heading-title elementor-size-default\">L\u2019Esgl\u00e9sia del Santo Cristo del Valle de Santa Elena<\/h3>\t\t\t\t<\/div>\n\t\t\t\t<\/div>\n\t\t\t\t<div class=\"elementor-element elementor-element-e3ac0fc elementor-widget elementor-widget-text-editor\" data-id=\"e3ac0fc\" data-element_type=\"widget\" data-e-type=\"widget\" data-widget_type=\"text-editor.default\">\n\t\t\t\t<div class=\"elementor-widget-container\">\n\t\t\t\t\t\t\t\t\t<p>A partir de 1713 i fins 1729, durant el regnat de Felipe V, s&#8217;erigeix un santuari de romeria en honor del Santo Cristo del Valle de Santa Elena adossat a l&#8217;ermita.<\/p><p>Estar\u00e0 organitzat al voltant d&#8217;una pla\u00e7a amb la nova Esgl\u00e9sia i la casa del capell\u00e0, l&#8217;hostatgeria o fonda i un conjunt de cases per als pagesos de les terres de l&#8217;Esgl\u00e9sia.<\/p><p>Es tractar\u00e0 d&#8217;una construcci\u00f3 de grans dimensions al mig del camp, per potenciar l&#8217;ermita amb atribucions miraculoses vinculades al Crist pintat en una paret.<\/p><p>D&#8217;autoria desconeguda, tant de l&#8217;arquitectura com del pla escult\u00f2ric, el resultat va ser un edifici barroc amb influ\u00e8ncies neocl\u00e0ssics, en un context rural i contrareformista.<\/p><p>A les fotografies d&#8217;arribada a San Carlos del Valle ja he mostrat com s&#8217;imposa en el paisatge la magnitud de l&#8217;edifici. No \u00e9s estrany que se\u2019l hagi anomenat tamb\u00e9 el \u201cVaticano de La Mancha\u201d.<\/p><p>L&#8217;element dominant de l&#8217;edifici \u00e9s l&#8217;altura, de 28 metres fins a l&#8217;interior de la c\u00fapula central, i 47 fins a l&#8217;extrem del chapitel d&#8217;aquesta c\u00fapula. La planta \u00e9s quadrada, d&#8217;uns 20 metres de costat, amb el temple en forma de creu grega. L&#8217;obra \u00e9s de pedra i ma\u00f3.<\/p><p>La gran c\u00fapula central octogonal est\u00e0 acompanyada de quatre torres tamb\u00e9 octogonals, una a cada v\u00e8rtex del quadrat. Una d&#8217;elles, la frontal de l&#8217;esquerra, rematada amb un petit campanar i el rellotge.<\/p>\t\t\t\t\t\t\t\t<\/div>\n\t\t\t\t<\/div>\n\t\t\t\t<div class=\"elementor-element elementor-element-c79ee95 elementor-widget elementor-widget-image\" data-id=\"c79ee95\" data-element_type=\"widget\" data-e-type=\"widget\" data-widget_type=\"image.default\">\n\t\t\t\t<div class=\"elementor-widget-container\">\n\t\t\t\t\t\t\t\t\t\t\t\t<figure class=\"wp-caption\">\n\t\t\t\t\t\t\t\t\t\t<img loading=\"lazy\" decoding=\"async\" width=\"768\" height=\"511\" src=\"https:\/\/www.elturistatranquil.com\/wp-content\/uploads\/F07-San-Carlos-del-Valleplanta-iglesia-Google-earth-2019-08-13-1.jpg\" class=\"attachment-large size-large wp-image-21486\" alt=\"\" srcset=\"https:\/\/www.elturistatranquil.com\/wp-content\/uploads\/F07-San-Carlos-del-Valleplanta-iglesia-Google-earth-2019-08-13-1.jpg 768w, https:\/\/www.elturistatranquil.com\/wp-content\/uploads\/F07-San-Carlos-del-Valleplanta-iglesia-Google-earth-2019-08-13-1-339x226.jpg 339w\" sizes=\"(max-width: 768px) 100vw, 768px\" \/>\t\t\t\t\t\t\t\t\t\t\t<figcaption class=\"widget-image-caption wp-caption-text\">Planta de l'esgl\u00e9sia del Santo Cristo del Valle, amb la primitiva ermita de Santa Elena al costat nord (Google earth 2019-08-13)<\/figcaption>\n\t\t\t\t\t\t\t\t\t\t<\/figure>\n\t\t\t\t\t\t\t\t\t<\/div>\n\t\t\t\t<\/div>\n\t\t\t\t<div class=\"elementor-element elementor-element-2405a9f2 elementor-widget elementor-widget-text-editor\" data-id=\"2405a9f2\" data-element_type=\"widget\" data-e-type=\"widget\" data-widget_type=\"text-editor.default\">\n\t\t\t\t<div class=\"elementor-widget-container\">\n\t\t\t\t\t\t\t\t\t<p>D&#8217;est\u00e8tica barroca amb elements neocl\u00e0ssics, combina amb el casticisme madrileny de les seves quatre torres amb chapitels en els v\u00e8rtexs coberts amb pissarra, i l&#8217;aspecte centreeuropeu en el chapitel de la seva c\u00fapula central, tota recoberta de zinc.<\/p>\t\t\t\t\t\t\t\t<\/div>\n\t\t\t\t<\/div>\n\t\t\t\t<div class=\"elementor-element elementor-element-376d6ae9 elementor-widget elementor-widget-image\" data-id=\"376d6ae9\" data-element_type=\"widget\" data-e-type=\"widget\" data-widget_type=\"image.default\">\n\t\t\t\t<div class=\"elementor-widget-container\">\n\t\t\t\t\t\t\t\t\t\t\t\t<figure class=\"wp-caption\">\n\t\t\t\t\t\t\t\t\t\t<img loading=\"lazy\" decoding=\"async\" width=\"768\" height=\"511\" src=\"https:\/\/www.elturistatranquil.com\/wp-content\/uploads\/F08-Iglesia-del-Santo-Cristo-de-San-Carlos-del-Valle-1.jpg\" class=\"attachment-large size-large wp-image-21488\" alt=\"\" srcset=\"https:\/\/www.elturistatranquil.com\/wp-content\/uploads\/F08-Iglesia-del-Santo-Cristo-de-San-Carlos-del-Valle-1.jpg 768w, https:\/\/www.elturistatranquil.com\/wp-content\/uploads\/F08-Iglesia-del-Santo-Cristo-de-San-Carlos-del-Valle-1-339x226.jpg 339w\" sizes=\"(max-width: 768px) 100vw, 768px\" \/>\t\t\t\t\t\t\t\t\t\t\t<figcaption class=\"widget-image-caption wp-caption-text\"><\/figcaption>\n\t\t\t\t\t\t\t\t\t\t<\/figure>\n\t\t\t\t\t\t\t\t\t<\/div>\n\t\t\t\t<\/div>\n\t\t\t\t<div class=\"elementor-element elementor-element-568a971a elementor-widget elementor-widget-image\" data-id=\"568a971a\" data-element_type=\"widget\" data-e-type=\"widget\" data-widget_type=\"image.default\">\n\t\t\t\t<div class=\"elementor-widget-container\">\n\t\t\t\t\t\t\t\t\t\t\t\t<figure class=\"wp-caption\">\n\t\t\t\t\t\t\t\t\t\t<img loading=\"lazy\" decoding=\"async\" width=\"768\" height=\"511\" src=\"https:\/\/www.elturistatranquil.com\/wp-content\/uploads\/F09-Iglesia-del-Santo-Cristo-de-San-Carlos-del-Valle-1.jpg\" class=\"attachment-large size-large wp-image-21490\" alt=\"\" srcset=\"https:\/\/www.elturistatranquil.com\/wp-content\/uploads\/F09-Iglesia-del-Santo-Cristo-de-San-Carlos-del-Valle-1.jpg 768w, https:\/\/www.elturistatranquil.com\/wp-content\/uploads\/F09-Iglesia-del-Santo-Cristo-de-San-Carlos-del-Valle-1-339x226.jpg 339w\" sizes=\"(max-width: 768px) 100vw, 768px\" \/>\t\t\t\t\t\t\t\t\t\t\t<figcaption class=\"widget-image-caption wp-caption-text\"><\/figcaption>\n\t\t\t\t\t\t\t\t\t\t<\/figure>\n\t\t\t\t\t\t\t\t\t<\/div>\n\t\t\t\t<\/div>\n\t\t\t\t<div class=\"elementor-element elementor-element-3c300519 elementor-widget elementor-widget-text-editor\" data-id=\"3c300519\" data-element_type=\"widget\" data-e-type=\"widget\" data-widget_type=\"text-editor.default\">\n\t\t\t\t<div class=\"elementor-widget-container\">\n\t\t\t\t\t\t\t\t\t<p>T\u00e9 dues portades. Una als peus de l&#8217;Esgl\u00e9sia, sobre la pla\u00e7a, i una altra lateral en el costat de l&#8217;ep\u00edstola, d&#8217;estructura i dimensions similars.<\/p>\t\t\t\t\t\t\t\t<\/div>\n\t\t\t\t<\/div>\n\t\t\t\t<div class=\"elementor-element elementor-element-f353cc1 elementor-widget elementor-widget-image\" data-id=\"f353cc1\" data-element_type=\"widget\" data-e-type=\"widget\" data-widget_type=\"image.default\">\n\t\t\t\t<div class=\"elementor-widget-container\">\n\t\t\t\t\t\t\t\t\t\t\t\t<figure class=\"wp-caption\">\n\t\t\t\t\t\t\t\t\t\t<img loading=\"lazy\" decoding=\"async\" width=\"768\" height=\"511\" src=\"https:\/\/www.elturistatranquil.com\/wp-content\/uploads\/F10-Iglesia-del-Santo-Cristo-de-San-Carlos-del-Valle-1.jpg\" class=\"attachment-large size-large wp-image-21492\" alt=\"\" srcset=\"https:\/\/www.elturistatranquil.com\/wp-content\/uploads\/F10-Iglesia-del-Santo-Cristo-de-San-Carlos-del-Valle-1.jpg 768w, https:\/\/www.elturistatranquil.com\/wp-content\/uploads\/F10-Iglesia-del-Santo-Cristo-de-San-Carlos-del-Valle-1-339x226.jpg 339w\" sizes=\"(max-width: 768px) 100vw, 768px\" \/>\t\t\t\t\t\t\t\t\t\t\t<figcaption class=\"widget-image-caption wp-caption-text\"><\/figcaption>\n\t\t\t\t\t\t\t\t\t\t<\/figure>\n\t\t\t\t\t\t\t\t\t<\/div>\n\t\t\t\t<\/div>\n\t\t\t\t<div class=\"elementor-element elementor-element-12cd5246 elementor-widget elementor-widget-image\" data-id=\"12cd5246\" data-element_type=\"widget\" data-e-type=\"widget\" data-widget_type=\"image.default\">\n\t\t\t\t<div class=\"elementor-widget-container\">\n\t\t\t\t\t\t\t\t\t\t\t\t<figure class=\"wp-caption\">\n\t\t\t\t\t\t\t\t\t\t<img loading=\"lazy\" decoding=\"async\" width=\"426\" height=\"550\" src=\"https:\/\/www.elturistatranquil.com\/wp-content\/uploads\/F11-Iglesia-del-Santo-Cristo-de-San-Carlos-del-Valle-1.jpg\" class=\"attachment-large size-large wp-image-21494\" alt=\"\" srcset=\"https:\/\/www.elturistatranquil.com\/wp-content\/uploads\/F11-Iglesia-del-Santo-Cristo-de-San-Carlos-del-Valle-1.jpg 426w, https:\/\/www.elturistatranquil.com\/wp-content\/uploads\/F11-Iglesia-del-Santo-Cristo-de-San-Carlos-del-Valle-1-175x226.jpg 175w\" sizes=\"(max-width: 426px) 100vw, 426px\" \/>\t\t\t\t\t\t\t\t\t\t\t<figcaption class=\"widget-image-caption wp-caption-text\"><\/figcaption>\n\t\t\t\t\t\t\t\t\t\t<\/figure>\n\t\t\t\t\t\t\t\t\t<\/div>\n\t\t\t\t<\/div>\n\t\t\t\t<div class=\"elementor-element elementor-element-39a7b2e2 elementor-widget elementor-widget-text-editor\" data-id=\"39a7b2e2\" data-element_type=\"widget\" data-e-type=\"widget\" data-widget_type=\"text-editor.default\">\n\t\t\t\t<div class=\"elementor-widget-container\">\n\t\t\t\t\t\t\t\t\t<p>La orientada a ponent, al lateral de la pla\u00e7a, dedicat al Sant Crist, amb dos devots als seus peus.<\/p>\t\t\t\t\t\t\t\t<\/div>\n\t\t\t\t<\/div>\n\t\t\t\t<div class=\"elementor-element elementor-element-22efdf6a elementor-widget elementor-widget-image\" data-id=\"22efdf6a\" data-element_type=\"widget\" data-e-type=\"widget\" data-widget_type=\"image.default\">\n\t\t\t\t<div class=\"elementor-widget-container\">\n\t\t\t\t\t\t\t\t\t\t\t\t<figure class=\"wp-caption\">\n\t\t\t\t\t\t\t\t\t\t<img loading=\"lazy\" decoding=\"async\" width=\"768\" height=\"512\" src=\"https:\/\/www.elturistatranquil.com\/wp-content\/uploads\/F12-Iglesia-del-Santo-Cristo-de-San-Carlos-del-Valle-1.jpg\" class=\"attachment-large size-large wp-image-21496\" alt=\"\" srcset=\"https:\/\/www.elturistatranquil.com\/wp-content\/uploads\/F12-Iglesia-del-Santo-Cristo-de-San-Carlos-del-Valle-1.jpg 768w, https:\/\/www.elturistatranquil.com\/wp-content\/uploads\/F12-Iglesia-del-Santo-Cristo-de-San-Carlos-del-Valle-1-339x226.jpg 339w\" sizes=\"(max-width: 768px) 100vw, 768px\" \/>\t\t\t\t\t\t\t\t\t\t\t<figcaption class=\"widget-image-caption wp-caption-text\"><\/figcaption>\n\t\t\t\t\t\t\t\t\t\t<\/figure>\n\t\t\t\t\t\t\t\t\t<\/div>\n\t\t\t\t<\/div>\n\t\t\t\t<div class=\"elementor-element elementor-element-530c47d5 elementor-widget elementor-widget-image\" data-id=\"530c47d5\" data-element_type=\"widget\" data-e-type=\"widget\" data-widget_type=\"image.default\">\n\t\t\t\t<div class=\"elementor-widget-container\">\n\t\t\t\t\t\t\t\t\t\t\t\t<figure class=\"wp-caption\">\n\t\t\t\t\t\t\t\t\t\t<img loading=\"lazy\" decoding=\"async\" width=\"768\" height=\"511\" src=\"https:\/\/www.elturistatranquil.com\/wp-content\/uploads\/F13-Iglesia-del-Santo-Cristo-de-San-Carlos-del-Valle-1.jpg\" class=\"attachment-large size-large wp-image-21498\" alt=\"\" srcset=\"https:\/\/www.elturistatranquil.com\/wp-content\/uploads\/F13-Iglesia-del-Santo-Cristo-de-San-Carlos-del-Valle-1.jpg 768w, https:\/\/www.elturistatranquil.com\/wp-content\/uploads\/F13-Iglesia-del-Santo-Cristo-de-San-Carlos-del-Valle-1-339x226.jpg 339w\" sizes=\"(max-width: 768px) 100vw, 768px\" \/>\t\t\t\t\t\t\t\t\t\t\t<figcaption class=\"widget-image-caption wp-caption-text\"><\/figcaption>\n\t\t\t\t\t\t\t\t\t\t<\/figure>\n\t\t\t\t\t\t\t\t\t<\/div>\n\t\t\t\t<\/div>\n\t\t\t\t<div class=\"elementor-element elementor-element-59b3becc elementor-widget elementor-widget-text-editor\" data-id=\"59b3becc\" data-element_type=\"widget\" data-e-type=\"widget\" data-widget_type=\"text-editor.default\">\n\t\t\t\t<div class=\"elementor-widget-container\">\n\t\t\t\t\t\t\t\t\t<p>L&#8217;altra, al costat de l&#8217;ep\u00edstola, dedicada a Santiago <em>Matamoros<\/em>, que d\u00f3na a una pla\u00e7a lateral.<\/p>\t\t\t\t\t\t\t\t<\/div>\n\t\t\t\t<\/div>\n\t\t\t\t<div class=\"elementor-element elementor-element-64fb1810 elementor-widget elementor-widget-image\" data-id=\"64fb1810\" data-element_type=\"widget\" data-e-type=\"widget\" data-widget_type=\"image.default\">\n\t\t\t\t<div class=\"elementor-widget-container\">\n\t\t\t\t\t\t\t\t\t\t\t\t<figure class=\"wp-caption\">\n\t\t\t\t\t\t\t\t\t\t<img loading=\"lazy\" decoding=\"async\" width=\"768\" height=\"511\" src=\"https:\/\/www.elturistatranquil.com\/wp-content\/uploads\/F14-Iglesia-del-Santo-Cristo-de-San-Carlos-del-Valle-1.jpg\" class=\"attachment-large size-large wp-image-21500\" alt=\"\" srcset=\"https:\/\/www.elturistatranquil.com\/wp-content\/uploads\/F14-Iglesia-del-Santo-Cristo-de-San-Carlos-del-Valle-1.jpg 768w, https:\/\/www.elturistatranquil.com\/wp-content\/uploads\/F14-Iglesia-del-Santo-Cristo-de-San-Carlos-del-Valle-1-339x226.jpg 339w\" sizes=\"(max-width: 768px) 100vw, 768px\" \/>\t\t\t\t\t\t\t\t\t\t\t<figcaption class=\"widget-image-caption wp-caption-text\"><\/figcaption>\n\t\t\t\t\t\t\t\t\t\t<\/figure>\n\t\t\t\t\t\t\t\t\t<\/div>\n\t\t\t\t<\/div>\n\t\t\t\t<div class=\"elementor-element elementor-element-66108a90 elementor-widget elementor-widget-image\" data-id=\"66108a90\" data-element_type=\"widget\" data-e-type=\"widget\" data-widget_type=\"image.default\">\n\t\t\t\t<div class=\"elementor-widget-container\">\n\t\t\t\t\t\t\t\t\t\t\t\t<figure class=\"wp-caption\">\n\t\t\t\t\t\t\t\t\t\t<img loading=\"lazy\" decoding=\"async\" width=\"768\" height=\"512\" src=\"https:\/\/www.elturistatranquil.com\/wp-content\/uploads\/F15-Iglesia-del-Santo-Cristo-de-San-Carlos-del-Valle-1.jpg\" class=\"attachment-large size-large wp-image-21502\" alt=\"\" srcset=\"https:\/\/www.elturistatranquil.com\/wp-content\/uploads\/F15-Iglesia-del-Santo-Cristo-de-San-Carlos-del-Valle-1.jpg 768w, https:\/\/www.elturistatranquil.com\/wp-content\/uploads\/F15-Iglesia-del-Santo-Cristo-de-San-Carlos-del-Valle-1-339x226.jpg 339w\" sizes=\"(max-width: 768px) 100vw, 768px\" \/>\t\t\t\t\t\t\t\t\t\t\t<figcaption class=\"widget-image-caption wp-caption-text\"><\/figcaption>\n\t\t\t\t\t\t\t\t\t\t<\/figure>\n\t\t\t\t\t\t\t\t\t<\/div>\n\t\t\t\t<\/div>\n\t\t\t\t<div class=\"elementor-element elementor-element-561e3482 elementor-widget elementor-widget-text-editor\" data-id=\"561e3482\" data-element_type=\"widget\" data-e-type=\"widget\" data-widget_type=\"text-editor.default\">\n\t\t\t\t<div class=\"elementor-widget-container\">\n\t\t\t\t\t\t\t\t\t<p>A la iconografia exterior destaquen a cada cantonada quatre est\u00e0tues d&#8217;embalum, o exemptes, d&#8217;aspecte poc religi\u00f3s, o prof\u00e0, amb aparen\u00e7a de figures de c\u00f2mics.<\/p>\t\t\t\t\t\t\t\t<\/div>\n\t\t\t\t<\/div>\n\t\t\t\t<section class=\"elementor-section elementor-inner-section elementor-element elementor-element-51f5029a elementor-section-boxed elementor-section-height-default elementor-section-height-default\" data-id=\"51f5029a\" data-element_type=\"section\" data-e-type=\"section\">\n\t\t\t\t\t\t<div class=\"elementor-container elementor-column-gap-default\">\n\t\t\t\t\t<div class=\"elementor-column elementor-col-50 elementor-inner-column elementor-element elementor-element-2ed9649f\" data-id=\"2ed9649f\" data-element_type=\"column\" data-e-type=\"column\">\n\t\t\t<div class=\"elementor-widget-wrap elementor-element-populated\">\n\t\t\t\t\t\t<div class=\"elementor-element elementor-element-43fc6816 elementor-widget elementor-widget-image\" data-id=\"43fc6816\" data-element_type=\"widget\" data-e-type=\"widget\" data-widget_type=\"image.default\">\n\t\t\t\t<div class=\"elementor-widget-container\">\n\t\t\t\t\t\t\t\t\t\t\t\t\t\t\t<img loading=\"lazy\" decoding=\"async\" width=\"380\" height=\"380\" src=\"https:\/\/www.elturistatranquil.com\/wp-content\/uploads\/F16m-Iglesia-del-Santo-Cristo-de-San-Carlos-del-Valle-1.jpg\" class=\"attachment-large size-large wp-image-21504\" alt=\"\" srcset=\"https:\/\/www.elturistatranquil.com\/wp-content\/uploads\/F16m-Iglesia-del-Santo-Cristo-de-San-Carlos-del-Valle-1.jpg 380w, https:\/\/www.elturistatranquil.com\/wp-content\/uploads\/F16m-Iglesia-del-Santo-Cristo-de-San-Carlos-del-Valle-1-226x226.jpg 226w\" sizes=\"(max-width: 380px) 100vw, 380px\" \/>\t\t\t\t\t\t\t\t\t\t\t\t\t\t\t<\/div>\n\t\t\t\t<\/div>\n\t\t\t\t\t<\/div>\n\t\t<\/div>\n\t\t\t\t<div class=\"elementor-column elementor-col-50 elementor-inner-column elementor-element elementor-element-7696297f\" data-id=\"7696297f\" data-element_type=\"column\" data-e-type=\"column\">\n\t\t\t<div class=\"elementor-widget-wrap elementor-element-populated\">\n\t\t\t\t\t\t<div class=\"elementor-element elementor-element-eeaf15f elementor-widget elementor-widget-image\" data-id=\"eeaf15f\" data-element_type=\"widget\" data-e-type=\"widget\" data-widget_type=\"image.default\">\n\t\t\t\t<div class=\"elementor-widget-container\">\n\t\t\t\t\t\t\t\t\t\t\t\t\t\t\t<img loading=\"lazy\" decoding=\"async\" width=\"380\" height=\"380\" src=\"https:\/\/www.elturistatranquil.com\/wp-content\/uploads\/F16n-Iglesia-del-Santo-Cristo-de-San-Carlos-del-Valle-1.jpg\" class=\"attachment-large size-large wp-image-21506\" alt=\"\" srcset=\"https:\/\/www.elturistatranquil.com\/wp-content\/uploads\/F16n-Iglesia-del-Santo-Cristo-de-San-Carlos-del-Valle-1.jpg 380w, https:\/\/www.elturistatranquil.com\/wp-content\/uploads\/F16n-Iglesia-del-Santo-Cristo-de-San-Carlos-del-Valle-1-226x226.jpg 226w\" sizes=\"(max-width: 380px) 100vw, 380px\" \/>\t\t\t\t\t\t\t\t\t\t\t\t\t\t\t<\/div>\n\t\t\t\t<\/div>\n\t\t\t\t\t<\/div>\n\t\t<\/div>\n\t\t\t\t\t<\/div>\n\t\t<\/section>\n\t\t\t\t<section class=\"elementor-section elementor-inner-section elementor-element elementor-element-2573b46 elementor-section-boxed elementor-section-height-default elementor-section-height-default\" data-id=\"2573b46\" data-element_type=\"section\" data-e-type=\"section\">\n\t\t\t\t\t\t<div class=\"elementor-container elementor-column-gap-default\">\n\t\t\t\t\t<div class=\"elementor-column elementor-col-50 elementor-inner-column elementor-element elementor-element-2c6c2037\" data-id=\"2c6c2037\" data-element_type=\"column\" data-e-type=\"column\">\n\t\t\t<div class=\"elementor-widget-wrap elementor-element-populated\">\n\t\t\t\t\t\t<div class=\"elementor-element elementor-element-1d65c348 elementor-widget elementor-widget-image\" data-id=\"1d65c348\" data-element_type=\"widget\" data-e-type=\"widget\" data-widget_type=\"image.default\">\n\t\t\t\t<div class=\"elementor-widget-container\">\n\t\t\t\t\t\t\t\t\t\t\t\t\t\t\t<img loading=\"lazy\" decoding=\"async\" width=\"380\" height=\"380\" src=\"https:\/\/www.elturistatranquil.com\/wp-content\/uploads\/F16o-Iglesia-del-Santo-Cristo-de-San-Carlos-del-Valle-1.jpg\" class=\"attachment-large size-large wp-image-21508\" alt=\"\" srcset=\"https:\/\/www.elturistatranquil.com\/wp-content\/uploads\/F16o-Iglesia-del-Santo-Cristo-de-San-Carlos-del-Valle-1.jpg 380w, https:\/\/www.elturistatranquil.com\/wp-content\/uploads\/F16o-Iglesia-del-Santo-Cristo-de-San-Carlos-del-Valle-1-226x226.jpg 226w\" sizes=\"(max-width: 380px) 100vw, 380px\" \/>\t\t\t\t\t\t\t\t\t\t\t\t\t\t\t<\/div>\n\t\t\t\t<\/div>\n\t\t\t\t\t<\/div>\n\t\t<\/div>\n\t\t\t\t<div class=\"elementor-column elementor-col-50 elementor-inner-column elementor-element elementor-element-3f1e459d\" data-id=\"3f1e459d\" data-element_type=\"column\" data-e-type=\"column\">\n\t\t\t<div class=\"elementor-widget-wrap elementor-element-populated\">\n\t\t\t\t\t\t<div class=\"elementor-element elementor-element-2f8f21ec elementor-widget elementor-widget-image\" data-id=\"2f8f21ec\" data-element_type=\"widget\" data-e-type=\"widget\" data-widget_type=\"image.default\">\n\t\t\t\t<div class=\"elementor-widget-container\">\n\t\t\t\t\t\t\t\t\t\t\t\t\t\t\t<img loading=\"lazy\" decoding=\"async\" width=\"380\" height=\"380\" src=\"https:\/\/www.elturistatranquil.com\/wp-content\/uploads\/F16p-Iglesia-del-Santo-Cristo-de-San-Carlos-del-Valle-1.jpg\" class=\"attachment-large size-large wp-image-21510\" alt=\"\" srcset=\"https:\/\/www.elturistatranquil.com\/wp-content\/uploads\/F16p-Iglesia-del-Santo-Cristo-de-San-Carlos-del-Valle-1.jpg 380w, https:\/\/www.elturistatranquil.com\/wp-content\/uploads\/F16p-Iglesia-del-Santo-Cristo-de-San-Carlos-del-Valle-1-226x226.jpg 226w\" sizes=\"(max-width: 380px) 100vw, 380px\" \/>\t\t\t\t\t\t\t\t\t\t\t\t\t\t\t<\/div>\n\t\t\t\t<\/div>\n\t\t\t\t\t<\/div>\n\t\t<\/div>\n\t\t\t\t\t<\/div>\n\t\t<\/section>\n\t\t\t\t<div class=\"elementor-element elementor-element-19ef9c92 elementor-widget elementor-widget-text-editor\" data-id=\"19ef9c92\" data-element_type=\"widget\" data-e-type=\"widget\" data-widget_type=\"text-editor.default\">\n\t\t\t\t<div class=\"elementor-widget-container\">\n\t\t\t\t\t\t\t\t\t<p>Diversos retaules adornaven l&#8217;interior, avui desapareguts despr\u00e9s dels avatars de la hist\u00f2ria.<\/p><p>L&#8217;interior, de planta de creu grega. De gran senzillesa, amb revestiment de color blanc, amb algunes pintures murals.<\/p><p>L&#8217;entrada pel bra\u00e7 de ponent, correspon al portal del Sant Crist, davant, al bra\u00e7 de llevant, se situa l&#8217;altar.<\/p>\t\t\t\t\t\t\t\t<\/div>\n\t\t\t\t<\/div>\n\t\t\t\t<div class=\"elementor-element elementor-element-5db0762f elementor-widget elementor-widget-image\" data-id=\"5db0762f\" data-element_type=\"widget\" data-e-type=\"widget\" data-widget_type=\"image.default\">\n\t\t\t\t<div class=\"elementor-widget-container\">\n\t\t\t\t\t\t\t\t\t\t\t\t<figure class=\"wp-caption\">\n\t\t\t\t\t\t\t\t\t\t<img loading=\"lazy\" decoding=\"async\" width=\"768\" height=\"511\" src=\"https:\/\/www.elturistatranquil.com\/wp-content\/uploads\/F17-Iglesia-del-Santo-Cristo-de-San-Carlos-del-Valle-1.jpg\" class=\"attachment-large size-large wp-image-21512\" alt=\"\" srcset=\"https:\/\/www.elturistatranquil.com\/wp-content\/uploads\/F17-Iglesia-del-Santo-Cristo-de-San-Carlos-del-Valle-1.jpg 768w, https:\/\/www.elturistatranquil.com\/wp-content\/uploads\/F17-Iglesia-del-Santo-Cristo-de-San-Carlos-del-Valle-1-339x226.jpg 339w\" sizes=\"(max-width: 768px) 100vw, 768px\" \/>\t\t\t\t\t\t\t\t\t\t\t<figcaption class=\"widget-image-caption wp-caption-text\"><\/figcaption>\n\t\t\t\t\t\t\t\t\t\t<\/figure>\n\t\t\t\t\t\t\t\t\t<\/div>\n\t\t\t\t<\/div>\n\t\t\t\t<div class=\"elementor-element elementor-element-5b4abf0f elementor-widget elementor-widget-text-editor\" data-id=\"5b4abf0f\" data-element_type=\"widget\" data-e-type=\"widget\" data-widget_type=\"text-editor.default\">\n\t\t\t\t<div class=\"elementor-widget-container\">\n\t\t\t\t\t\t\t\t\t<p>En el bra\u00e7 de l&#8217;ep\u00edstola, l&#8217;entrada per la porta de Santiago <em>Matamoros<\/em> i el cor.<\/p>\t\t\t\t\t\t\t\t<\/div>\n\t\t\t\t<\/div>\n\t\t\t\t<div class=\"elementor-element elementor-element-184aa01 elementor-widget elementor-widget-image\" data-id=\"184aa01\" data-element_type=\"widget\" data-e-type=\"widget\" data-widget_type=\"image.default\">\n\t\t\t\t<div class=\"elementor-widget-container\">\n\t\t\t\t\t\t\t\t\t\t\t\t<figure class=\"wp-caption\">\n\t\t\t\t\t\t\t\t\t\t<img loading=\"lazy\" decoding=\"async\" width=\"768\" height=\"511\" src=\"https:\/\/www.elturistatranquil.com\/wp-content\/uploads\/F18-Iglesia-del-Santo-Cristo-de-San-Carlos-del-Valle-1.jpg\" class=\"attachment-large size-large wp-image-21514\" alt=\"\" srcset=\"https:\/\/www.elturistatranquil.com\/wp-content\/uploads\/F18-Iglesia-del-Santo-Cristo-de-San-Carlos-del-Valle-1.jpg 768w, https:\/\/www.elturistatranquil.com\/wp-content\/uploads\/F18-Iglesia-del-Santo-Cristo-de-San-Carlos-del-Valle-1-339x226.jpg 339w\" sizes=\"(max-width: 768px) 100vw, 768px\" \/>\t\t\t\t\t\t\t\t\t\t\t<figcaption class=\"widget-image-caption wp-caption-text\"><\/figcaption>\n\t\t\t\t\t\t\t\t\t\t<\/figure>\n\t\t\t\t\t\t\t\t\t<\/div>\n\t\t\t\t<\/div>\n\t\t\t\t<div class=\"elementor-element elementor-element-f073d20 elementor-widget elementor-widget-text-editor\" data-id=\"f073d20\" data-element_type=\"widget\" data-e-type=\"widget\" data-widget_type=\"text-editor.default\">\n\t\t\t\t<div class=\"elementor-widget-container\">\n\t\t\t\t\t\t\t\t\t<p>El bra\u00e7 de l&#8217;evangeli comunica amb el recinte de l&#8217;antiga ermita de Santa Elena, on es troba pintada a la paret la imatge miraculosa del Crist, que per mala informaci\u00f3 meva no vaig visitar.<\/p>\t\t\t\t\t\t\t\t<\/div>\n\t\t\t\t<\/div>\n\t\t\t\t<div class=\"elementor-element elementor-element-a0cb5b5 elementor-widget elementor-widget-image\" data-id=\"a0cb5b5\" data-element_type=\"widget\" data-e-type=\"widget\" data-widget_type=\"image.default\">\n\t\t\t\t<div class=\"elementor-widget-container\">\n\t\t\t\t\t\t\t\t\t\t\t\t<figure class=\"wp-caption\">\n\t\t\t\t\t\t\t\t\t\t<img loading=\"lazy\" decoding=\"async\" width=\"768\" height=\"511\" src=\"https:\/\/www.elturistatranquil.com\/wp-content\/uploads\/F19-Iglesia-del-Santo-Cristo-de-San-Carlos-del-Valle-1.jpg\" class=\"attachment-large size-large wp-image-21516\" alt=\"\" srcset=\"https:\/\/www.elturistatranquil.com\/wp-content\/uploads\/F19-Iglesia-del-Santo-Cristo-de-San-Carlos-del-Valle-1.jpg 768w, https:\/\/www.elturistatranquil.com\/wp-content\/uploads\/F19-Iglesia-del-Santo-Cristo-de-San-Carlos-del-Valle-1-339x226.jpg 339w\" sizes=\"(max-width: 768px) 100vw, 768px\" \/>\t\t\t\t\t\t\t\t\t\t\t<figcaption class=\"widget-image-caption wp-caption-text\"><\/figcaption>\n\t\t\t\t\t\t\t\t\t\t<\/figure>\n\t\t\t\t\t\t\t\t\t<\/div>\n\t\t\t\t<\/div>\n\t\t\t\t<div class=\"elementor-element elementor-element-6947a0a2 elementor-widget elementor-widget-text-editor\" data-id=\"6947a0a2\" data-element_type=\"widget\" data-e-type=\"widget\" data-widget_type=\"text-editor.default\">\n\t\t\t\t<div class=\"elementor-widget-container\">\n\t\t\t\t\t\t\t\t\t<p>A la reixa es mostra la vinculaci\u00f3 amb l&#8217;Ordre de Santiago.<\/p>\t\t\t\t\t\t\t\t<\/div>\n\t\t\t\t<\/div>\n\t\t\t\t<div class=\"elementor-element elementor-element-13af0029 elementor-widget elementor-widget-image\" data-id=\"13af0029\" data-element_type=\"widget\" data-e-type=\"widget\" data-widget_type=\"image.default\">\n\t\t\t\t<div class=\"elementor-widget-container\">\n\t\t\t\t\t\t\t\t\t\t\t\t<figure class=\"wp-caption\">\n\t\t\t\t\t\t\t\t\t\t<img loading=\"lazy\" decoding=\"async\" width=\"768\" height=\"512\" src=\"https:\/\/www.elturistatranquil.com\/wp-content\/uploads\/F20-Iglesia-del-Santo-Cristo-de-San-Carlos-del-Valle-1.jpg\" class=\"attachment-large size-large wp-image-21518\" alt=\"\" srcset=\"https:\/\/www.elturistatranquil.com\/wp-content\/uploads\/F20-Iglesia-del-Santo-Cristo-de-San-Carlos-del-Valle-1.jpg 768w, https:\/\/www.elturistatranquil.com\/wp-content\/uploads\/F20-Iglesia-del-Santo-Cristo-de-San-Carlos-del-Valle-1-339x226.jpg 339w\" sizes=\"(max-width: 768px) 100vw, 768px\" \/>\t\t\t\t\t\t\t\t\t\t\t<figcaption class=\"widget-image-caption wp-caption-text\"><\/figcaption>\n\t\t\t\t\t\t\t\t\t\t<\/figure>\n\t\t\t\t\t\t\t\t\t<\/div>\n\t\t\t\t<\/div>\n\t\t\t\t<div class=\"elementor-element elementor-element-11489a34 elementor-widget elementor-widget-text-editor\" data-id=\"11489a34\" data-element_type=\"widget\" data-e-type=\"widget\" data-widget_type=\"text-editor.default\">\n\t\t\t\t<div class=\"elementor-widget-container\">\n\t\t\t\t\t\t\t\t\t<p>L&#8217;espectacularitat de l&#8217;Esgl\u00e9sia es manifesta a la c\u00fapula interior, amb les pintures murals dels quatre evangelistes.<\/p>\t\t\t\t\t\t\t\t<\/div>\n\t\t\t\t<\/div>\n\t\t\t\t<div class=\"elementor-element elementor-element-57ef88af elementor-widget elementor-widget-image\" data-id=\"57ef88af\" data-element_type=\"widget\" data-e-type=\"widget\" data-widget_type=\"image.default\">\n\t\t\t\t<div class=\"elementor-widget-container\">\n\t\t\t\t\t\t\t\t\t\t\t\t<figure class=\"wp-caption\">\n\t\t\t\t\t\t\t\t\t\t<img loading=\"lazy\" decoding=\"async\" width=\"768\" height=\"511\" src=\"https:\/\/www.elturistatranquil.com\/wp-content\/uploads\/F21-Iglesia-del-Santo-Cristo-de-San-Carlos-del-Valle-1.jpg\" class=\"attachment-large size-large wp-image-21520\" alt=\"\" srcset=\"https:\/\/www.elturistatranquil.com\/wp-content\/uploads\/F21-Iglesia-del-Santo-Cristo-de-San-Carlos-del-Valle-1.jpg 768w, https:\/\/www.elturistatranquil.com\/wp-content\/uploads\/F21-Iglesia-del-Santo-Cristo-de-San-Carlos-del-Valle-1-339x226.jpg 339w\" sizes=\"(max-width: 768px) 100vw, 768px\" \/>\t\t\t\t\t\t\t\t\t\t\t<figcaption class=\"widget-image-caption wp-caption-text\"><\/figcaption>\n\t\t\t\t\t\t\t\t\t\t<\/figure>\n\t\t\t\t\t\t\t\t\t<\/div>\n\t\t\t\t<\/div>\n\t\t\t\t<section class=\"elementor-section elementor-inner-section elementor-element elementor-element-14f44ed1 elementor-section-boxed elementor-section-height-default elementor-section-height-default\" data-id=\"14f44ed1\" data-element_type=\"section\" data-e-type=\"section\">\n\t\t\t\t\t\t<div class=\"elementor-container elementor-column-gap-default\">\n\t\t\t\t\t<div class=\"elementor-column elementor-col-50 elementor-inner-column elementor-element elementor-element-49f45f7f\" data-id=\"49f45f7f\" data-element_type=\"column\" data-e-type=\"column\">\n\t\t\t<div class=\"elementor-widget-wrap elementor-element-populated\">\n\t\t\t\t\t\t<div class=\"elementor-element elementor-element-2d1ca102 elementor-widget elementor-widget-image\" data-id=\"2d1ca102\" data-element_type=\"widget\" data-e-type=\"widget\" data-widget_type=\"image.default\">\n\t\t\t\t<div class=\"elementor-widget-container\">\n\t\t\t\t\t\t\t\t\t\t\t\t\t\t\t<img loading=\"lazy\" decoding=\"async\" width=\"380\" height=\"380\" src=\"https:\/\/www.elturistatranquil.com\/wp-content\/uploads\/F22m-Iglesia-del-Santo-Cristo-de-San-Carlos-del-Valle-1.jpg\" class=\"attachment-large size-large wp-image-21522\" alt=\"\" srcset=\"https:\/\/www.elturistatranquil.com\/wp-content\/uploads\/F22m-Iglesia-del-Santo-Cristo-de-San-Carlos-del-Valle-1.jpg 380w, https:\/\/www.elturistatranquil.com\/wp-content\/uploads\/F22m-Iglesia-del-Santo-Cristo-de-San-Carlos-del-Valle-1-226x226.jpg 226w\" sizes=\"(max-width: 380px) 100vw, 380px\" \/>\t\t\t\t\t\t\t\t\t\t\t\t\t\t\t<\/div>\n\t\t\t\t<\/div>\n\t\t\t\t\t<\/div>\n\t\t<\/div>\n\t\t\t\t<div class=\"elementor-column elementor-col-50 elementor-inner-column elementor-element elementor-element-656386a3\" data-id=\"656386a3\" data-element_type=\"column\" data-e-type=\"column\">\n\t\t\t<div class=\"elementor-widget-wrap elementor-element-populated\">\n\t\t\t\t\t\t<div class=\"elementor-element elementor-element-11586da3 elementor-widget elementor-widget-image\" data-id=\"11586da3\" data-element_type=\"widget\" data-e-type=\"widget\" data-widget_type=\"image.default\">\n\t\t\t\t<div class=\"elementor-widget-container\">\n\t\t\t\t\t\t\t\t\t\t\t\t\t\t\t<img loading=\"lazy\" decoding=\"async\" width=\"380\" height=\"380\" src=\"https:\/\/www.elturistatranquil.com\/wp-content\/uploads\/F22n-Iglesia-del-Santo-Cristo-de-San-Carlos-del-Valle-1.jpg\" class=\"attachment-large size-large wp-image-21524\" alt=\"\" srcset=\"https:\/\/www.elturistatranquil.com\/wp-content\/uploads\/F22n-Iglesia-del-Santo-Cristo-de-San-Carlos-del-Valle-1.jpg 380w, https:\/\/www.elturistatranquil.com\/wp-content\/uploads\/F22n-Iglesia-del-Santo-Cristo-de-San-Carlos-del-Valle-1-226x226.jpg 226w\" sizes=\"(max-width: 380px) 100vw, 380px\" \/>\t\t\t\t\t\t\t\t\t\t\t\t\t\t\t<\/div>\n\t\t\t\t<\/div>\n\t\t\t\t\t<\/div>\n\t\t<\/div>\n\t\t\t\t\t<\/div>\n\t\t<\/section>\n\t\t\t\t<section class=\"elementor-section elementor-inner-section elementor-element elementor-element-97fe7bc elementor-section-boxed elementor-section-height-default elementor-section-height-default\" data-id=\"97fe7bc\" data-element_type=\"section\" data-e-type=\"section\">\n\t\t\t\t\t\t<div class=\"elementor-container elementor-column-gap-default\">\n\t\t\t\t\t<div class=\"elementor-column elementor-col-50 elementor-inner-column elementor-element elementor-element-7a13d1c9\" data-id=\"7a13d1c9\" data-element_type=\"column\" data-e-type=\"column\">\n\t\t\t<div class=\"elementor-widget-wrap elementor-element-populated\">\n\t\t\t\t\t\t<div class=\"elementor-element elementor-element-7d35d26c elementor-widget elementor-widget-image\" data-id=\"7d35d26c\" data-element_type=\"widget\" data-e-type=\"widget\" data-widget_type=\"image.default\">\n\t\t\t\t<div class=\"elementor-widget-container\">\n\t\t\t\t\t\t\t\t\t\t\t\t\t\t\t<img loading=\"lazy\" decoding=\"async\" width=\"380\" height=\"380\" src=\"https:\/\/www.elturistatranquil.com\/wp-content\/uploads\/F22o-Iglesia-del-Santo-Cristo-de-San-Carlos-del-Valle-1.jpg\" class=\"attachment-large size-large wp-image-21526\" alt=\"\" srcset=\"https:\/\/www.elturistatranquil.com\/wp-content\/uploads\/F22o-Iglesia-del-Santo-Cristo-de-San-Carlos-del-Valle-1.jpg 380w, https:\/\/www.elturistatranquil.com\/wp-content\/uploads\/F22o-Iglesia-del-Santo-Cristo-de-San-Carlos-del-Valle-1-226x226.jpg 226w\" sizes=\"(max-width: 380px) 100vw, 380px\" \/>\t\t\t\t\t\t\t\t\t\t\t\t\t\t\t<\/div>\n\t\t\t\t<\/div>\n\t\t\t\t\t<\/div>\n\t\t<\/div>\n\t\t\t\t<div class=\"elementor-column elementor-col-50 elementor-inner-column elementor-element elementor-element-27eb77c7\" data-id=\"27eb77c7\" data-element_type=\"column\" data-e-type=\"column\">\n\t\t\t<div class=\"elementor-widget-wrap elementor-element-populated\">\n\t\t\t\t\t\t<div class=\"elementor-element elementor-element-30bab2d1 elementor-widget elementor-widget-menu-anchor\" data-id=\"30bab2d1\" data-element_type=\"widget\" data-e-type=\"widget\" data-widget_type=\"menu-anchor.default\">\n\t\t\t\t<div class=\"elementor-widget-container\">\n\t\t\t\t\t\t\t<div class=\"elementor-menu-anchor\" id=\"c3506\"><\/div>\n\t\t\t\t\t\t<\/div>\n\t\t\t\t<\/div>\n\t\t\t\t<div class=\"elementor-element elementor-element-59b82d9e elementor-widget elementor-widget-image\" data-id=\"59b82d9e\" data-element_type=\"widget\" data-e-type=\"widget\" data-widget_type=\"image.default\">\n\t\t\t\t<div class=\"elementor-widget-container\">\n\t\t\t\t\t\t\t\t\t\t\t\t\t\t\t<img loading=\"lazy\" decoding=\"async\" width=\"380\" height=\"380\" src=\"https:\/\/www.elturistatranquil.com\/wp-content\/uploads\/F22p-Iglesia-del-Santo-Cristo-de-San-Carlos-del-Valle-1.jpg\" class=\"attachment-large size-large wp-image-21528\" alt=\"\" srcset=\"https:\/\/www.elturistatranquil.com\/wp-content\/uploads\/F22p-Iglesia-del-Santo-Cristo-de-San-Carlos-del-Valle-1.jpg 380w, https:\/\/www.elturistatranquil.com\/wp-content\/uploads\/F22p-Iglesia-del-Santo-Cristo-de-San-Carlos-del-Valle-1-226x226.jpg 226w\" sizes=\"(max-width: 380px) 100vw, 380px\" \/>\t\t\t\t\t\t\t\t\t\t\t\t\t\t\t<\/div>\n\t\t\t\t<\/div>\n\t\t\t\t\t<\/div>\n\t\t<\/div>\n\t\t\t\t\t<\/div>\n\t\t<\/section>\n\t\t\t\t<div class=\"elementor-element elementor-element-2e67a055 elementor-widget elementor-widget-heading\" data-id=\"2e67a055\" data-element_type=\"widget\" data-e-type=\"widget\" data-widget_type=\"heading.default\">\n\t\t\t\t<div class=\"elementor-widget-container\">\n\t\t\t\t\t<h3 class=\"elementor-heading-title elementor-size-default\">\n<\/h3>\t\t\t\t<\/div>\n\t\t\t\t<\/div>\n\t\t\t\t<div class=\"elementor-element elementor-element-7d12aadb elementor-widget elementor-widget-heading\" data-id=\"7d12aadb\" data-element_type=\"widget\" data-e-type=\"widget\" data-widget_type=\"heading.default\">\n\t\t\t\t<div class=\"elementor-widget-container\">\n\t\t\t\t\t<h3 class=\"elementor-heading-title elementor-size-default\">La Pla\u00e7a<\/h3>\t\t\t\t<\/div>\n\t\t\t\t<\/div>\n\t\t\t\t<div class=\"elementor-element elementor-element-3ada23ad elementor-widget elementor-widget-text-editor\" data-id=\"3ada23ad\" data-element_type=\"widget\" data-e-type=\"widget\" data-widget_type=\"text-editor.default\">\n\t\t\t\t<div class=\"elementor-widget-container\">\n\t\t\t\t\t\t\t\t\t<p>Com en altres santuaris, la pla\u00e7a estava concebuda per a espectacles (en la majoria dels casos per curses de braus), per\u00f2 que aqu\u00ed adopta una forma de corral de com\u00e8dies.<\/p><p>Al mateix temps serveix d&#8217;atri de l&#8217;Esgl\u00e9sia.<\/p><p>La seva forma \u00e9s lleugerament trapezoidal allargada, amb la seva part m\u00e9s estreta a la part baixa del desnivell de la pla\u00e7a a la zona nord, d&#8217;unes dimensions de 53 per 21 metres aproximadament<\/p><p>La impressi\u00f3 que s&#8217;obt\u00e9 \u00e9s la d&#8217;una platea que convergeix sobre el costat m\u00e9s estret i baix.<\/p>\t\t\t\t\t\t\t\t<\/div>\n\t\t\t\t<\/div>\n\t\t\t\t<div class=\"elementor-element elementor-element-1c07e16f elementor-widget elementor-widget-image\" data-id=\"1c07e16f\" data-element_type=\"widget\" data-e-type=\"widget\" data-widget_type=\"image.default\">\n\t\t\t\t<div class=\"elementor-widget-container\">\n\t\t\t\t\t\t\t\t\t\t\t\t<figure class=\"wp-caption\">\n\t\t\t\t\t\t\t\t\t\t<img loading=\"lazy\" decoding=\"async\" width=\"768\" height=\"511\" src=\"https:\/\/www.elturistatranquil.com\/wp-content\/uploads\/F23-Plaza-de-San-Carlos-del-Valle-1.jpg\" class=\"attachment-large size-large wp-image-21530\" alt=\"\" srcset=\"https:\/\/www.elturistatranquil.com\/wp-content\/uploads\/F23-Plaza-de-San-Carlos-del-Valle-1.jpg 768w, https:\/\/www.elturistatranquil.com\/wp-content\/uploads\/F23-Plaza-de-San-Carlos-del-Valle-1-339x226.jpg 339w\" sizes=\"(max-width: 768px) 100vw, 768px\" \/>\t\t\t\t\t\t\t\t\t\t\t<figcaption class=\"widget-image-caption wp-caption-text\"><\/figcaption>\n\t\t\t\t\t\t\t\t\t\t<\/figure>\n\t\t\t\t\t\t\t\t\t<\/div>\n\t\t\t\t<\/div>\n\t\t\t\t<div class=\"elementor-element elementor-element-65dc6677 elementor-widget elementor-widget-text-editor\" data-id=\"65dc6677\" data-element_type=\"widget\" data-e-type=\"widget\" data-widget_type=\"text-editor.default\">\n\t\t\t\t<div class=\"elementor-widget-container\">\n\t\t\t\t\t\t\t\t\t<p>S&#8217;hi representarien actuacions sacramentals i obres profanes, el que enlla\u00e7aria aquest espai per a l&#8217;espectacle amb les quatre figures dels angles de l&#8217;Esgl\u00e9sia.<\/p><p>En la seva distribuci\u00f3, la pla\u00e7a est\u00e0 formada per la fa\u00e7ana del Sant Crist de l&#8217;Esgl\u00e9sia i la casa del capell\u00e0 ocupant el lateral est, en el costat m\u00e9s llarg del trapezi. La casa del capell\u00e0, adossada al costat de l&#8217;evangeli de l&#8217;Esgl\u00e9sia, compta amb un gran balc\u00f3 cobert amb un volat r\u00e0fec.<\/p><p>A la cantonada, un arc sota la casa del capell\u00e0 permet l&#8217;acc\u00e9s a la pla\u00e7a.<\/p>\t\t\t\t\t\t\t\t<\/div>\n\t\t\t\t<\/div>\n\t\t\t\t<div class=\"elementor-element elementor-element-7cc00619 elementor-widget elementor-widget-image\" data-id=\"7cc00619\" data-element_type=\"widget\" data-e-type=\"widget\" data-widget_type=\"image.default\">\n\t\t\t\t<div class=\"elementor-widget-container\">\n\t\t\t\t\t\t\t\t\t\t\t\t<figure class=\"wp-caption\">\n\t\t\t\t\t\t\t\t\t\t<img loading=\"lazy\" decoding=\"async\" width=\"768\" height=\"512\" src=\"https:\/\/www.elturistatranquil.com\/wp-content\/uploads\/F24-Iglesia-del-Santo-Cristo-de-San-Carlos-del-Valle-1.jpg\" class=\"attachment-large size-large wp-image-21532\" alt=\"\" srcset=\"https:\/\/www.elturistatranquil.com\/wp-content\/uploads\/F24-Iglesia-del-Santo-Cristo-de-San-Carlos-del-Valle-1.jpg 768w, https:\/\/www.elturistatranquil.com\/wp-content\/uploads\/F24-Iglesia-del-Santo-Cristo-de-San-Carlos-del-Valle-1-339x226.jpg 339w\" sizes=\"(max-width: 768px) 100vw, 768px\" \/>\t\t\t\t\t\t\t\t\t\t\t<figcaption class=\"widget-image-caption wp-caption-text\"><\/figcaption>\n\t\t\t\t\t\t\t\t\t\t<\/figure>\n\t\t\t\t\t\t\t\t\t<\/div>\n\t\t\t\t<\/div>\n\t\t\t\t<div class=\"elementor-element elementor-element-2532d919 elementor-widget elementor-widget-text-editor\" data-id=\"2532d919\" data-element_type=\"widget\" data-e-type=\"widget\" data-widget_type=\"text-editor.default\">\n\t\t\t\t<div class=\"elementor-widget-container\">\n\t\t\t\t\t\t\t\t\t<p>L&#8217;angle sud-est enlla\u00e7a amb una altra pla\u00e7a, sobre la qual d\u00f3na l&#8217;altra portada de l&#8217;Esgl\u00e9sia, la de Santiago.<\/p>\t\t\t\t\t\t\t\t<\/div>\n\t\t\t\t<\/div>\n\t\t\t\t<div class=\"elementor-element elementor-element-6f21e8f0 elementor-widget elementor-widget-image\" data-id=\"6f21e8f0\" data-element_type=\"widget\" data-e-type=\"widget\" data-widget_type=\"image.default\">\n\t\t\t\t<div class=\"elementor-widget-container\">\n\t\t\t\t\t\t\t\t\t\t\t\t<figure class=\"wp-caption\">\n\t\t\t\t\t\t\t\t\t\t<img loading=\"lazy\" decoding=\"async\" width=\"768\" height=\"512\" src=\"https:\/\/www.elturistatranquil.com\/wp-content\/uploads\/F25-Plaza-de-San-Carlos-del-Valle-1.jpg\" class=\"attachment-large size-large wp-image-21534\" alt=\"\" srcset=\"https:\/\/www.elturistatranquil.com\/wp-content\/uploads\/F25-Plaza-de-San-Carlos-del-Valle-1.jpg 768w, https:\/\/www.elturistatranquil.com\/wp-content\/uploads\/F25-Plaza-de-San-Carlos-del-Valle-1-339x226.jpg 339w\" sizes=\"(max-width: 768px) 100vw, 768px\" \/>\t\t\t\t\t\t\t\t\t\t\t<figcaption class=\"widget-image-caption wp-caption-text\"><\/figcaption>\n\t\t\t\t\t\t\t\t\t\t<\/figure>\n\t\t\t\t\t\t\t\t\t<\/div>\n\t\t\t\t<\/div>\n\t\t\t\t<div class=\"elementor-element elementor-element-39e1da8c elementor-widget elementor-widget-text-editor\" data-id=\"39e1da8c\" data-element_type=\"widget\" data-e-type=\"widget\" data-widget_type=\"text-editor.default\">\n\t\t\t\t<div class=\"elementor-widget-container\">\n\t\t\t\t\t\t\t\t\t<p>En aquesta petita pla\u00e7a se situa actualment l&#8217;Ajuntament, ocupant un discret edifici.<\/p><p>A la banda sud es va construir el parador, de dos nivells, sense porxos, per\u00f2 amb balc\u00f3 corregut a la planta superior. A la cantonada un altre arc d&#8217;acc\u00e9s a la pla\u00e7a.<\/p>\t\t\t\t\t\t\t\t<\/div>\n\t\t\t\t<\/div>\n\t\t\t\t<div class=\"elementor-element elementor-element-2bdcb206 elementor-widget elementor-widget-image\" data-id=\"2bdcb206\" data-element_type=\"widget\" data-e-type=\"widget\" data-widget_type=\"image.default\">\n\t\t\t\t<div class=\"elementor-widget-container\">\n\t\t\t\t\t\t\t\t\t\t\t\t<figure class=\"wp-caption\">\n\t\t\t\t\t\t\t\t\t\t<img loading=\"lazy\" decoding=\"async\" width=\"768\" height=\"511\" src=\"https:\/\/www.elturistatranquil.com\/wp-content\/uploads\/F26a-Plaza-de-San-Carlos-del-Valle-1.jpg\" class=\"attachment-large size-large wp-image-21536\" alt=\"\" srcset=\"https:\/\/www.elturistatranquil.com\/wp-content\/uploads\/F26a-Plaza-de-San-Carlos-del-Valle-1.jpg 768w, https:\/\/www.elturistatranquil.com\/wp-content\/uploads\/F26a-Plaza-de-San-Carlos-del-Valle-1-339x226.jpg 339w\" sizes=\"(max-width: 768px) 100vw, 768px\" \/>\t\t\t\t\t\t\t\t\t\t\t<figcaption class=\"widget-image-caption wp-caption-text\"><\/figcaption>\n\t\t\t\t\t\t\t\t\t\t<\/figure>\n\t\t\t\t\t\t\t\t\t<\/div>\n\t\t\t\t<\/div>\n\t\t\t\t<div class=\"elementor-element elementor-element-4cf98cb elementor-widget elementor-widget-text-editor\" data-id=\"4cf98cb\" data-element_type=\"widget\" data-e-type=\"widget\" data-widget_type=\"text-editor.default\">\n\t\t\t\t<div class=\"elementor-widget-container\">\n\t\t\t\t\t\t\t\t\t<p>A la pla\u00e7a annexa, en un edifici simple, se situa a l&#8217;actual Ajuntament.<\/p>\t\t\t\t\t\t\t\t<\/div>\n\t\t\t\t<\/div>\n\t\t\t\t<div class=\"elementor-element elementor-element-42114e9b elementor-widget elementor-widget-image\" data-id=\"42114e9b\" data-element_type=\"widget\" data-e-type=\"widget\" data-widget_type=\"image.default\">\n\t\t\t\t<div class=\"elementor-widget-container\">\n\t\t\t\t\t\t\t\t\t\t\t\t<figure class=\"wp-caption\">\n\t\t\t\t\t\t\t\t\t\t<img loading=\"lazy\" decoding=\"async\" width=\"768\" height=\"512\" src=\"https:\/\/www.elturistatranquil.com\/wp-content\/uploads\/F26b-Plaza-de-San-Carlos-del-Valle-1.jpg\" class=\"attachment-large size-large wp-image-21538\" alt=\"\" srcset=\"https:\/\/www.elturistatranquil.com\/wp-content\/uploads\/F26b-Plaza-de-San-Carlos-del-Valle-1.jpg 768w, https:\/\/www.elturistatranquil.com\/wp-content\/uploads\/F26b-Plaza-de-San-Carlos-del-Valle-1-339x226.jpg 339w\" sizes=\"(max-width: 768px) 100vw, 768px\" \/>\t\t\t\t\t\t\t\t\t\t\t<figcaption class=\"widget-image-caption wp-caption-text\"><\/figcaption>\n\t\t\t\t\t\t\t\t\t\t<\/figure>\n\t\t\t\t\t\t\t\t\t<\/div>\n\t\t\t\t<\/div>\n\t\t\t\t<div class=\"elementor-element elementor-element-5635b65a elementor-widget elementor-widget-text-editor\" data-id=\"5635b65a\" data-element_type=\"widget\" data-e-type=\"widget\" data-widget_type=\"text-editor.default\">\n\t\t\t\t<div class=\"elementor-widget-container\">\n\t\t\t\t\t\t\t\t\t<p>El llarg lateral oest, enfrontat a l&#8217;Esgl\u00e9sia, est\u00e0 ocupat per les cases dels ve\u00efns, constru\u00eft en tres nivells. Als baixos una porxada amb columnes d&#8217;ordre tosc\u00e0, i els dos superiors, passadissos coberts i correguts d&#8217;estructura de fusta. Els dos nivells inferiors tenen la mateixa al\u00e7ada que la planta baixa del parador, de manera que el corredor superior s&#8217;uneix amb el del parador, formant un conjunt continu en angle.<\/p>\t\t\t\t\t\t\t\t<\/div>\n\t\t\t\t<\/div>\n\t\t\t\t<div class=\"elementor-element elementor-element-69a12f96 elementor-widget elementor-widget-image\" data-id=\"69a12f96\" data-element_type=\"widget\" data-e-type=\"widget\" data-widget_type=\"image.default\">\n\t\t\t\t<div class=\"elementor-widget-container\">\n\t\t\t\t\t\t\t\t\t\t\t\t<figure class=\"wp-caption\">\n\t\t\t\t\t\t\t\t\t\t<img loading=\"lazy\" decoding=\"async\" width=\"768\" height=\"511\" src=\"https:\/\/www.elturistatranquil.com\/wp-content\/uploads\/F27-Plaza-de-San-Carlos-del-Valle-1.jpg\" class=\"attachment-large size-large wp-image-21540\" alt=\"\" srcset=\"https:\/\/www.elturistatranquil.com\/wp-content\/uploads\/F27-Plaza-de-San-Carlos-del-Valle-1.jpg 768w, https:\/\/www.elturistatranquil.com\/wp-content\/uploads\/F27-Plaza-de-San-Carlos-del-Valle-1-339x226.jpg 339w\" sizes=\"(max-width: 768px) 100vw, 768px\" \/>\t\t\t\t\t\t\t\t\t\t\t<figcaption class=\"widget-image-caption wp-caption-text\"><\/figcaption>\n\t\t\t\t\t\t\t\t\t\t<\/figure>\n\t\t\t\t\t\t\t\t\t<\/div>\n\t\t\t\t<\/div>\n\t\t\t\t<div class=\"elementor-element elementor-element-ac46f85 elementor-widget elementor-widget-image\" data-id=\"ac46f85\" data-element_type=\"widget\" data-e-type=\"widget\" data-widget_type=\"image.default\">\n\t\t\t\t<div class=\"elementor-widget-container\">\n\t\t\t\t\t\t\t\t\t\t\t\t<figure class=\"wp-caption\">\n\t\t\t\t\t\t\t\t\t\t<img loading=\"lazy\" decoding=\"async\" width=\"768\" height=\"511\" src=\"https:\/\/www.elturistatranquil.com\/wp-content\/uploads\/F28-Plaza-de-San-Carlos-del-Valle-1.jpg\" class=\"attachment-large size-large wp-image-21542\" alt=\"\" srcset=\"https:\/\/www.elturistatranquil.com\/wp-content\/uploads\/F28-Plaza-de-San-Carlos-del-Valle-1.jpg 768w, https:\/\/www.elturistatranquil.com\/wp-content\/uploads\/F28-Plaza-de-San-Carlos-del-Valle-1-339x226.jpg 339w\" sizes=\"(max-width: 768px) 100vw, 768px\" \/>\t\t\t\t\t\t\t\t\t\t\t<figcaption class=\"widget-image-caption wp-caption-text\"><\/figcaption>\n\t\t\t\t\t\t\t\t\t\t<\/figure>\n\t\t\t\t\t\t\t\t\t<\/div>\n\t\t\t\t<\/div>\n\t\t\t\t<div class=\"elementor-element elementor-element-5d9de215 elementor-widget elementor-widget-text-editor\" data-id=\"5d9de215\" data-element_type=\"widget\" data-e-type=\"widget\" data-widget_type=\"text-editor.default\">\n\t\t\t\t<div class=\"elementor-widget-container\">\n\t\t\t\t\t\t\t\t\t<p>La pen\u00faltima casa trenca la continu\u00eftat dels corredors, es converteix en una edificaci\u00f3 de dues plantes, mantenint la continu\u00eftat de la teulada. Una porta de majors dimensions, i un balc\u00f3 particular, a nivell intermedi, donen senyal de tractar-se d&#8217;un allotjament per a algun personatges o funci\u00f3 principal.<\/p>\t\t\t\t\t\t\t\t<\/div>\n\t\t\t\t<\/div>\n\t\t\t\t<div class=\"elementor-element elementor-element-34081f0b elementor-widget elementor-widget-image\" data-id=\"34081f0b\" data-element_type=\"widget\" data-e-type=\"widget\" data-widget_type=\"image.default\">\n\t\t\t\t<div class=\"elementor-widget-container\">\n\t\t\t\t\t\t\t\t\t\t\t\t<figure class=\"wp-caption\">\n\t\t\t\t\t\t\t\t\t\t<img loading=\"lazy\" decoding=\"async\" width=\"768\" height=\"511\" src=\"https:\/\/www.elturistatranquil.com\/wp-content\/uploads\/F29-Plaza-de-San-Carlos-del-Valle-1.jpg\" class=\"attachment-large size-large wp-image-21544\" alt=\"\" srcset=\"https:\/\/www.elturistatranquil.com\/wp-content\/uploads\/F29-Plaza-de-San-Carlos-del-Valle-1.jpg 768w, https:\/\/www.elturistatranquil.com\/wp-content\/uploads\/F29-Plaza-de-San-Carlos-del-Valle-1-339x226.jpg 339w\" sizes=\"(max-width: 768px) 100vw, 768px\" \/>\t\t\t\t\t\t\t\t\t\t\t<figcaption class=\"widget-image-caption wp-caption-text\"><\/figcaption>\n\t\t\t\t\t\t\t\t\t\t<\/figure>\n\t\t\t\t\t\t\t\t\t<\/div>\n\t\t\t\t<\/div>\n\t\t\t\t<div class=\"elementor-element elementor-element-68663c1e elementor-widget elementor-widget-text-editor\" data-id=\"68663c1e\" data-element_type=\"widget\" data-e-type=\"widget\" data-widget_type=\"text-editor.default\">\n\t\t\t\t<div class=\"elementor-widget-container\">\n\t\t\t\t\t\t\t\t\t<p>Finalment, el costat nord l&#8217;ocupa el tercer arc d&#8217;acc\u00e9s a la pla\u00e7a, sota l&#8217;edifici del primer ajuntament, de dues plantes, sense porxos i corredor superior, com al parador, per\u00f2 de menor altura i sense correspond\u00e8ncia entre corredors.<\/p><p>Per la dreta s&#8217;uneix a la casa del capell\u00e0. S\u00f3n visibles els dos arcs d&#8217;entrada.<\/p>\t\t\t\t\t\t\t\t<\/div>\n\t\t\t\t<\/div>\n\t\t\t\t<div class=\"elementor-element elementor-element-fec90c9 elementor-widget elementor-widget-image\" data-id=\"fec90c9\" data-element_type=\"widget\" data-e-type=\"widget\" data-widget_type=\"image.default\">\n\t\t\t\t<div class=\"elementor-widget-container\">\n\t\t\t\t\t\t\t\t\t\t\t\t<figure class=\"wp-caption\">\n\t\t\t\t\t\t\t\t\t\t<img loading=\"lazy\" decoding=\"async\" width=\"768\" height=\"512\" src=\"https:\/\/www.elturistatranquil.com\/wp-content\/uploads\/F30-Plaza-de-San-Carlos-del-Valle-1.jpg\" class=\"attachment-large size-large wp-image-21546\" alt=\"\" srcset=\"https:\/\/www.elturistatranquil.com\/wp-content\/uploads\/F30-Plaza-de-San-Carlos-del-Valle-1.jpg 768w, https:\/\/www.elturistatranquil.com\/wp-content\/uploads\/F30-Plaza-de-San-Carlos-del-Valle-1-339x226.jpg 339w\" sizes=\"(max-width: 768px) 100vw, 768px\" \/>\t\t\t\t\t\t\t\t\t\t\t<figcaption class=\"widget-image-caption wp-caption-text\"><\/figcaption>\n\t\t\t\t\t\t\t\t\t\t<\/figure>\n\t\t\t\t\t\t\t\t\t<\/div>\n\t\t\t\t<\/div>\n\t\t\t\t<div class=\"elementor-element elementor-element-7551480c elementor-widget elementor-widget-text-editor\" data-id=\"7551480c\" data-element_type=\"widget\" data-e-type=\"widget\" data-widget_type=\"text-editor.default\">\n\t\t\t\t<div class=\"elementor-widget-container\">\n\t\t\t\t\t\t\t\t\t<p>El resultat arquitect\u00f2nic va ser una combinaci\u00f3 de pla\u00e7a popular, t\u00edpicament manxega, amb els seus passadissos coberts i correguts de fusta, en contrast amb les columnes d&#8217;ordre tosc\u00e0 de la seva base, enfront del costat eclesial de la pla\u00e7a, amb una fa\u00e7ana m\u00e9s &#8220;culta&#8221;.<\/p><p>Des de l&#8217;exterior, cap dels tres arcs d&#8217;acc\u00e9s a la pla\u00e7a em va donar la impressi\u00f3 que mostressin la magnitud de la pla\u00e7a que es troba al traspassar-los.<\/p><p>\u00c9s el mateix que passa en altres places barroques tancades, que nom\u00e9s es descobreix la seva magnitud un cop al seu interior.<\/p><p>Aquest \u00e9s l&#8217;exterior de l&#8217;entrada sud-oest, sota l&#8217;Hostatgeria.<\/p>\t\t\t\t\t\t\t\t<\/div>\n\t\t\t\t<\/div>\n\t\t\t\t<div class=\"elementor-element elementor-element-123bf80b elementor-widget elementor-widget-image\" data-id=\"123bf80b\" data-element_type=\"widget\" data-e-type=\"widget\" data-widget_type=\"image.default\">\n\t\t\t\t<div class=\"elementor-widget-container\">\n\t\t\t\t\t\t\t\t\t\t\t\t<figure class=\"wp-caption\">\n\t\t\t\t\t\t\t\t\t\t<img loading=\"lazy\" decoding=\"async\" width=\"768\" height=\"511\" src=\"https:\/\/www.elturistatranquil.com\/wp-content\/uploads\/F31-Plaza-de-San-Carlos-del-Valle-1.jpg\" class=\"attachment-large size-large wp-image-21548\" alt=\"\" srcset=\"https:\/\/www.elturistatranquil.com\/wp-content\/uploads\/F31-Plaza-de-San-Carlos-del-Valle-1.jpg 768w, https:\/\/www.elturistatranquil.com\/wp-content\/uploads\/F31-Plaza-de-San-Carlos-del-Valle-1-339x226.jpg 339w\" sizes=\"(max-width: 768px) 100vw, 768px\" \/>\t\t\t\t\t\t\t\t\t\t\t<figcaption class=\"widget-image-caption wp-caption-text\"><\/figcaption>\n\t\t\t\t\t\t\t\t\t\t<\/figure>\n\t\t\t\t\t\t\t\t\t<\/div>\n\t\t\t\t<\/div>\n\t\t\t\t<div class=\"elementor-element elementor-element-79232d0f elementor-widget elementor-widget-text-editor\" data-id=\"79232d0f\" data-element_type=\"widget\" data-e-type=\"widget\" data-widget_type=\"text-editor.default\">\n\t\t\t\t<div class=\"elementor-widget-container\">\n\t\t\t\t\t\t\t\t\t<p>Entrada nord-oest, sota l&#8217;Ajuntament, des de la pla\u00e7a Rasillo de La Mancha.<\/p>\t\t\t\t\t\t\t\t<\/div>\n\t\t\t\t<\/div>\n\t\t\t\t<div class=\"elementor-element elementor-element-1d7ddf46 elementor-widget elementor-widget-image\" data-id=\"1d7ddf46\" data-element_type=\"widget\" data-e-type=\"widget\" data-widget_type=\"image.default\">\n\t\t\t\t<div class=\"elementor-widget-container\">\n\t\t\t\t\t\t\t\t\t\t\t\t<figure class=\"wp-caption\">\n\t\t\t\t\t\t\t\t\t\t<img loading=\"lazy\" decoding=\"async\" width=\"768\" height=\"511\" src=\"https:\/\/www.elturistatranquil.com\/wp-content\/uploads\/F32a-Plaza-de-San-Carlos-del-Valle-1.jpg\" class=\"attachment-large size-large wp-image-21550\" alt=\"\" srcset=\"https:\/\/www.elturistatranquil.com\/wp-content\/uploads\/F32a-Plaza-de-San-Carlos-del-Valle-1.jpg 768w, https:\/\/www.elturistatranquil.com\/wp-content\/uploads\/F32a-Plaza-de-San-Carlos-del-Valle-1-339x226.jpg 339w\" sizes=\"(max-width: 768px) 100vw, 768px\" \/>\t\t\t\t\t\t\t\t\t\t\t<figcaption class=\"widget-image-caption wp-caption-text\"><\/figcaption>\n\t\t\t\t\t\t\t\t\t\t<\/figure>\n\t\t\t\t\t\t\t\t\t<\/div>\n\t\t\t\t<\/div>\n\t\t\t\t<div class=\"elementor-element elementor-element-1bdf7a36 elementor-widget elementor-widget-text-editor\" data-id=\"1bdf7a36\" data-element_type=\"widget\" data-e-type=\"widget\" data-widget_type=\"text-editor.default\">\n\t\t\t\t<div class=\"elementor-widget-container\">\n\t\t\t\t\t\t\t\t\t<p>Una vista de la pla\u00e7a exterior, Rasillo de La Mancha, des de l&#8217;arc d&#8217;entrada.<\/p>\t\t\t\t\t\t\t\t<\/div>\n\t\t\t\t<\/div>\n\t\t\t\t<div class=\"elementor-element elementor-element-18057237 elementor-widget elementor-widget-image\" data-id=\"18057237\" data-element_type=\"widget\" data-e-type=\"widget\" data-widget_type=\"image.default\">\n\t\t\t\t<div class=\"elementor-widget-container\">\n\t\t\t\t\t\t\t\t\t\t\t\t<figure class=\"wp-caption\">\n\t\t\t\t\t\t\t\t\t\t<img loading=\"lazy\" decoding=\"async\" width=\"768\" height=\"511\" src=\"https:\/\/www.elturistatranquil.com\/wp-content\/uploads\/F32b-Plaza-de-San-Carlos-del-Valle-1.jpg\" class=\"attachment-large size-large wp-image-21552\" alt=\"\" srcset=\"https:\/\/www.elturistatranquil.com\/wp-content\/uploads\/F32b-Plaza-de-San-Carlos-del-Valle-1.jpg 768w, https:\/\/www.elturistatranquil.com\/wp-content\/uploads\/F32b-Plaza-de-San-Carlos-del-Valle-1-339x226.jpg 339w\" sizes=\"(max-width: 768px) 100vw, 768px\" \/>\t\t\t\t\t\t\t\t\t\t\t<figcaption class=\"widget-image-caption wp-caption-text\"><\/figcaption>\n\t\t\t\t\t\t\t\t\t\t<\/figure>\n\t\t\t\t\t\t\t\t\t<\/div>\n\t\t\t\t<\/div>\n\t\t\t\t<div class=\"elementor-element elementor-element-2483f922 elementor-widget elementor-widget-text-editor\" data-id=\"2483f922\" data-element_type=\"widget\" data-e-type=\"widget\" data-widget_type=\"text-editor.default\">\n\t\t\t\t<div class=\"elementor-widget-container\">\n\t\t\t\t\t\t\t\t\t<p>Exterior nord-est, arc sota la casa del capell\u00e0 a la cantonada amb l&#8217;antic Ajuntament. Al costat d&#8217;aquest arc la placa amb l&#8217;historial de la Vila, presentada a l&#8217;inici del <em>Post<\/em>.<\/p>\t\t\t\t\t\t\t\t<\/div>\n\t\t\t\t<\/div>\n\t\t\t\t<div class=\"elementor-element elementor-element-7d933740 elementor-widget elementor-widget-image\" data-id=\"7d933740\" data-element_type=\"widget\" data-e-type=\"widget\" data-widget_type=\"image.default\">\n\t\t\t\t<div class=\"elementor-widget-container\">\n\t\t\t\t\t\t\t\t\t\t\t\t<figure class=\"wp-caption\">\n\t\t\t\t\t\t\t\t\t\t<img loading=\"lazy\" decoding=\"async\" width=\"768\" height=\"511\" src=\"https:\/\/www.elturistatranquil.com\/wp-content\/uploads\/F33-Plaza-de-San-Carlos-del-Valle-1.jpg\" class=\"attachment-large size-large wp-image-21554\" alt=\"\" srcset=\"https:\/\/www.elturistatranquil.com\/wp-content\/uploads\/F33-Plaza-de-San-Carlos-del-Valle-1.jpg 768w, https:\/\/www.elturistatranquil.com\/wp-content\/uploads\/F33-Plaza-de-San-Carlos-del-Valle-1-339x226.jpg 339w\" sizes=\"(max-width: 768px) 100vw, 768px\" \/>\t\t\t\t\t\t\t\t\t\t\t<figcaption class=\"widget-image-caption wp-caption-text\"><\/figcaption>\n\t\t\t\t\t\t\t\t\t\t<\/figure>\n\t\t\t\t\t\t\t\t\t<\/div>\n\t\t\t\t<\/div>\n\t\t\t\t<div class=\"elementor-element elementor-element-1d62679e elementor-widget elementor-widget-menu-anchor\" data-id=\"1d62679e\" data-element_type=\"widget\" data-e-type=\"widget\" data-widget_type=\"menu-anchor.default\">\n\t\t\t\t<div class=\"elementor-widget-container\">\n\t\t\t\t\t\t\t<div class=\"elementor-menu-anchor\" id=\"c3507\"><\/div>\n\t\t\t\t\t\t<\/div>\n\t\t\t\t<\/div>\n\t\t\t\t<div class=\"elementor-element elementor-element-b4900d4 elementor-widget elementor-widget-text-editor\" data-id=\"b4900d4\" data-element_type=\"widget\" data-e-type=\"widget\" data-widget_type=\"text-editor.default\">\n\t\t\t\t<div class=\"elementor-widget-container\">\n\t\t\t\t\t\t\t\t\t<p>A les fotografies anteriors s&#8217;aprecia tamb\u00e9 que l&#8217;estil arquitect\u00f2nic de les edificacions es mant\u00e9 en totes les construccions de la pla\u00e7a.<\/p>\t\t\t\t\t\t\t\t<\/div>\n\t\t\t\t<\/div>\n\t\t\t\t<div class=\"elementor-element elementor-element-37f5fe3e elementor-widget elementor-widget-heading\" data-id=\"37f5fe3e\" data-element_type=\"widget\" data-e-type=\"widget\" data-widget_type=\"heading.default\">\n\t\t\t\t<div class=\"elementor-widget-container\">\n\t\t\t\t\t<h2 class=\"elementor-heading-title elementor-size-default\">El poblat de colonitzaci\u00f3<\/h2>\t\t\t\t<\/div>\n\t\t\t\t<\/div>\n\t\t\t\t<div class=\"elementor-element elementor-element-193c33b2 elementor-widget elementor-widget-text-editor\" data-id=\"193c33b2\" data-element_type=\"widget\" data-e-type=\"widget\" data-widget_type=\"text-editor.default\">\n\t\t\t\t<div class=\"elementor-widget-container\">\n\t\t\t\t\t\t\t\t\t<p>El posterior augment de poblaci\u00f3 va fer que, en el marc de les noves poblacions carolines propiciades per Carlos III, es proced\u00eds a una reordenaci\u00f3 l&#8217;any 1786, que es va iniciar el 1787.<\/p><p>A la nova poblaci\u00f3 se la dotava de pres\u00f3, ajuntament, cementiri i p\u00f2sit, aix\u00ed com de cases per als colons (en aquell moment n\u2019hi havia trenta-set), que serien atesos per un metge, un cirurgi\u00e0 i un mestre.<\/p><p>En el marc del nou poblat de colonitzaci\u00f3 es va establir la senyalitzaci\u00f3 d&#8217;una llegua al voltant, per al seu repartiment als nous colons.<\/p><p>La promoci\u00f3 del nou poblat va ser a c\u00e0rrec de l&#8217;<a href=\"https:\/\/www.elturistatranquil.com\/ca\/esglesies-monestirs-i-ordres-religioses-a-ledat-mitjana\/\" target=\"_blank\" rel=\"noopener\">Ordre Militar de Santiago<\/a>, que controlava el territori del Campo de Montiel.<\/p><p>El citat professor Mu\u00f1oz Jim\u00e9nez considera que l&#8217;aparici\u00f3 de San Carlos del Valle, com a municipi de colons emancipats, va representar una mena de desamortitzaci\u00f3 volunt\u00e0ria per part de l&#8217;Ordre de Santiago.<\/p><p>L&#8217;escut de la vila recull la import\u00e0ncia de l&#8217;Esgl\u00e9sia de San Carlos, i el paper de l&#8217;Ordre de Santiago.<\/p>\t\t\t\t\t\t\t\t<\/div>\n\t\t\t\t<\/div>\n\t\t\t\t<div class=\"elementor-element elementor-element-50dd2338 elementor-widget elementor-widget-image\" data-id=\"50dd2338\" data-element_type=\"widget\" data-e-type=\"widget\" data-widget_type=\"image.default\">\n\t\t\t\t<div class=\"elementor-widget-container\">\n\t\t\t\t\t\t\t\t\t\t\t\t<figure class=\"wp-caption\">\n\t\t\t\t\t\t\t\t\t\t<img loading=\"lazy\" decoding=\"async\" width=\"349\" height=\"450\" src=\"https:\/\/www.elturistatranquil.com\/wp-content\/uploads\/F34a-San-Carlos-del-Valle-1.jpg\" class=\"attachment-large size-large wp-image-21556\" alt=\"\" srcset=\"https:\/\/www.elturistatranquil.com\/wp-content\/uploads\/F34a-San-Carlos-del-Valle-1.jpg 349w, https:\/\/www.elturistatranquil.com\/wp-content\/uploads\/F34a-San-Carlos-del-Valle-1-175x226.jpg 175w\" sizes=\"(max-width: 349px) 100vw, 349px\" \/>\t\t\t\t\t\t\t\t\t\t\t<figcaption class=\"widget-image-caption wp-caption-text\"><\/figcaption>\n\t\t\t\t\t\t\t\t\t\t<\/figure>\n\t\t\t\t\t\t\t\t\t<\/div>\n\t\t\t\t<\/div>\n\t\t\t\t<div class=\"elementor-element elementor-element-3206e99 elementor-widget elementor-widget-text-editor\" data-id=\"3206e99\" data-element_type=\"widget\" data-e-type=\"widget\" data-widget_type=\"text-editor.default\">\n\t\t\t\t<div class=\"elementor-widget-container\">\n\t\t\t\t\t\t\t\t\t<p>La dimensi\u00f3 creixent del nou poblat, va portar a convertir-lo en la vila independent de <strong>San Carlos del Valle de Santa Elena<\/strong> al 1800, amb 80 ve\u00efns.<\/p><p>Un element que diferencia l&#8217;urbanisme de San Carlos del Valle dels altres nous poblats de la zona, especialment del conjunt de Sierra Morena, \u00e9s que combina el model barroc de la pla\u00e7a tancada del santuari ja existent, amb el model m\u00e9s racional dels nous poblats. Aix\u00f2 vol dir que el nou poblat s&#8217;articula al voltant de la pla\u00e7a i de l&#8217;Esgl\u00e9sia, com a punt centrat en si mateix, per\u00f2 que no articula el conjunt urbanitzat circumdant.<\/p><p>Urban\u00edsticament, doncs, la pla\u00e7a barroca no \u00e9s un lloc central de pas, ja que a ella hem vist que s&#8217;accedeix a trav\u00e9s de tres arcs sota els edificis, i nom\u00e9s queda oberta a una altra pla\u00e7a a la cantonada de l&#8217;Esgl\u00e9sia que s&#8217;obre a la fa\u00e7ana de Sant Jaume.<\/p><p>El pla assenyalaria l&#8217;estructura del nou poblat de 1787 en relaci\u00f3 amb el nucli primitiu del Santuari. Zona en gris.<\/p>\t\t\t\t\t\t\t\t<\/div>\n\t\t\t\t<\/div>\n\t\t\t\t<div class=\"elementor-element elementor-element-21d1c3f7 elementor-widget elementor-widget-image\" data-id=\"21d1c3f7\" data-element_type=\"widget\" data-e-type=\"widget\" data-widget_type=\"image.default\">\n\t\t\t\t<div class=\"elementor-widget-container\">\n\t\t\t\t\t\t\t\t\t\t\t\t<figure class=\"wp-caption\">\n\t\t\t\t\t\t\t\t\t\t<img loading=\"lazy\" decoding=\"async\" width=\"476\" height=\"550\" src=\"https:\/\/www.elturistatranquil.com\/wp-content\/uploads\/F34b-San-Carlos-del-Valle-Planos-historicos-Mu\u00f1oz-Jimenez-1787-1.jpg\" class=\"attachment-large size-large wp-image-21558\" alt=\"\" srcset=\"https:\/\/www.elturistatranquil.com\/wp-content\/uploads\/F34b-San-Carlos-del-Valle-Planos-historicos-Mu\u00f1oz-Jimenez-1787-1.jpg 476w, https:\/\/www.elturistatranquil.com\/wp-content\/uploads\/F34b-San-Carlos-del-Valle-Planos-historicos-Mu\u00f1oz-Jimenez-1787-1-196x226.jpg 196w\" sizes=\"(max-width: 476px) 100vw, 476px\" \/>\t\t\t\t\t\t\t\t\t\t\t<figcaption class=\"widget-image-caption wp-caption-text\">El poblat de colonitzaci\u00f3 de 1787 (Fuente: <a href=\"http:\/\/biblioteca2.uclm.es\/biblioteca\/CECLM\/ARTREVISTAS\/CEM\/CEM221Mu%C3%B1ozJimenez.pdf\" target=\"_blank\" rel=\"noopener\">J.M. Mu\u00f1oz Jim\u00e9nez<\/a>)<\/figcaption>\n\t\t\t\t\t\t\t\t\t\t<\/figure>\n\t\t\t\t\t\t\t\t\t<\/div>\n\t\t\t\t<\/div>\n\t\t\t\t<div class=\"elementor-element elementor-element-2e4661e4 elementor-widget elementor-widget-text-editor\" data-id=\"2e4661e4\" data-element_type=\"widget\" data-e-type=\"widget\" data-widget_type=\"text-editor.default\">\n\t\t\t\t<div class=\"elementor-widget-container\">\n\t\t\t\t\t\t\t\t\t<p>L&#8217;estructura de carrers dominant s&#8217;articula de nord a sud.<\/p><p>Es van dissenyar carrers amples, el que permetia la incorporaci\u00f3 d&#8217;arbrat, com s&#8217;havia assajat en altres poblats.<\/p>\t\t\t\t\t\t\t\t<\/div>\n\t\t\t\t<\/div>\n\t\t\t\t<div class=\"elementor-element elementor-element-509ef00 elementor-widget elementor-widget-menu-anchor\" data-id=\"509ef00\" data-element_type=\"widget\" data-e-type=\"widget\" data-widget_type=\"menu-anchor.default\">\n\t\t\t\t<div class=\"elementor-widget-container\">\n\t\t\t\t\t\t\t<div class=\"elementor-menu-anchor\" id=\"c3508\"><\/div>\n\t\t\t\t\t\t<\/div>\n\t\t\t\t<\/div>\n\t\t\t\t<div class=\"elementor-element elementor-element-7874654f elementor-widget elementor-widget-image\" data-id=\"7874654f\" data-element_type=\"widget\" data-e-type=\"widget\" data-widget_type=\"image.default\">\n\t\t\t\t<div class=\"elementor-widget-container\">\n\t\t\t\t\t\t\t\t\t\t\t\t<figure class=\"wp-caption\">\n\t\t\t\t\t\t\t\t\t\t<img loading=\"lazy\" decoding=\"async\" width=\"768\" height=\"511\" src=\"https:\/\/www.elturistatranquil.com\/wp-content\/uploads\/F35-San-Carlos-del-Valle-1.jpg\" class=\"attachment-large size-large wp-image-21560\" alt=\"\" srcset=\"https:\/\/www.elturistatranquil.com\/wp-content\/uploads\/F35-San-Carlos-del-Valle-1.jpg 768w, https:\/\/www.elturistatranquil.com\/wp-content\/uploads\/F35-San-Carlos-del-Valle-1-339x226.jpg 339w\" sizes=\"(max-width: 768px) 100vw, 768px\" \/>\t\t\t\t\t\t\t\t\t\t\t<figcaption class=\"widget-image-caption wp-caption-text\"><\/figcaption>\n\t\t\t\t\t\t\t\t\t\t<\/figure>\n\t\t\t\t\t\t\t\t\t<\/div>\n\t\t\t\t<\/div>\n\t\t\t\t<div class=\"elementor-element elementor-element-3b42add5 elementor-widget elementor-widget-heading\" data-id=\"3b42add5\" data-element_type=\"widget\" data-e-type=\"widget\" data-widget_type=\"heading.default\">\n\t\t\t\t<div class=\"elementor-widget-container\">\n\t\t\t\t\t<h2 class=\"elementor-heading-title elementor-size-default\">Expansi\u00f3 posterior<\/h2>\t\t\t\t<\/div>\n\t\t\t\t<\/div>\n\t\t\t\t<div class=\"elementor-element elementor-element-1f464f81 elementor-widget elementor-widget-text-editor\" data-id=\"1f464f81\" data-element_type=\"widget\" data-e-type=\"widget\" data-widget_type=\"text-editor.default\">\n\t\t\t\t<div class=\"elementor-widget-container\">\n\t\t\t\t\t\t\t\t\t<p>El continuat creixement de poblaci\u00f3 va portar, entre 1850 i 1990 a una tercera etapa de expansi\u00f3 urbana, que ha respectat el plantejament racionalista de 1787, que permet l&#8217;ampliaci\u00f3 mantenint l&#8217;ordre inicial, per a una poblaci\u00f3 de m\u00e9s de mil habitants com l&#8217;actual.<\/p><p>Sobre el pla actual he assenyalat la part central que correspondria als l\u00edmits de la urbanitzaci\u00f3 de 1787. Es visualitza la facilitat que el model racionalista ortogonal atorga per permetre l&#8217;expansi\u00f3 urbana sota els mateixos criteris racionalistes, per extensi\u00f3 dels carrers originals.<\/p>\t\t\t\t\t\t\t\t<\/div>\n\t\t\t\t<\/div>\n\t\t\t\t<div class=\"elementor-element elementor-element-543adc60 elementor-widget elementor-widget-image\" data-id=\"543adc60\" data-element_type=\"widget\" data-e-type=\"widget\" data-widget_type=\"image.default\">\n\t\t\t\t<div class=\"elementor-widget-container\">\n\t\t\t\t\t\t\t\t\t\t\t\t<figure class=\"wp-caption\">\n\t\t\t\t\t\t\t\t\t\t<img loading=\"lazy\" decoding=\"async\" width=\"768\" height=\"512\" src=\"https:\/\/www.elturistatranquil.com\/wp-content\/uploads\/F36-San-Carlos-del-Valle-Google-earth-2019-08-08-1-1.jpg\" class=\"attachment-large size-large wp-image-21562\" alt=\"\" srcset=\"https:\/\/www.elturistatranquil.com\/wp-content\/uploads\/F36-San-Carlos-del-Valle-Google-earth-2019-08-08-1-1.jpg 768w, https:\/\/www.elturistatranquil.com\/wp-content\/uploads\/F36-San-Carlos-del-Valle-Google-earth-2019-08-08-1-1-339x226.jpg 339w\" sizes=\"(max-width: 768px) 100vw, 768px\" \/>\t\t\t\t\t\t\t\t\t\t\t<figcaption class=\"widget-image-caption wp-caption-text\">San Carlos del Valle: estat actual i nucli de colontzaci\u00f3 (Google earth 2019-08-08)<\/figcaption>\n\t\t\t\t\t\t\t\t\t\t<\/figure>\n\t\t\t\t\t\t\t\t\t<\/div>\n\t\t\t\t<\/div>\n\t\t\t\t<div class=\"elementor-element elementor-element-433384d0 elementor-widget elementor-widget-text-editor\" data-id=\"433384d0\" data-element_type=\"widget\" data-e-type=\"widget\" data-widget_type=\"text-editor.default\">\n\t\t\t\t<div class=\"elementor-widget-container\">\n\t\t\t\t\t\t\t\t\t<p>Les fotografies seg\u00fcents permeten apreciar el paper de la linealitat dels carrers.<\/p>\t\t\t\t\t\t\t\t<\/div>\n\t\t\t\t<\/div>\n\t\t\t\t<div class=\"elementor-element elementor-element-cd68f8e elementor-widget elementor-widget-image\" data-id=\"cd68f8e\" data-element_type=\"widget\" data-e-type=\"widget\" data-widget_type=\"image.default\">\n\t\t\t\t<div class=\"elementor-widget-container\">\n\t\t\t\t\t\t\t\t\t\t\t\t<figure class=\"wp-caption\">\n\t\t\t\t\t\t\t\t\t\t<img loading=\"lazy\" decoding=\"async\" width=\"768\" height=\"511\" src=\"https:\/\/www.elturistatranquil.com\/wp-content\/uploads\/F37-San-Carlos-del-Valle-1.jpg\" class=\"attachment-large size-large wp-image-21564\" alt=\"\" srcset=\"https:\/\/www.elturistatranquil.com\/wp-content\/uploads\/F37-San-Carlos-del-Valle-1.jpg 768w, https:\/\/www.elturistatranquil.com\/wp-content\/uploads\/F37-San-Carlos-del-Valle-1-339x226.jpg 339w\" sizes=\"(max-width: 768px) 100vw, 768px\" \/>\t\t\t\t\t\t\t\t\t\t\t<figcaption class=\"widget-image-caption wp-caption-text\"><\/figcaption>\n\t\t\t\t\t\t\t\t\t\t<\/figure>\n\t\t\t\t\t\t\t\t\t<\/div>\n\t\t\t\t<\/div>\n\t\t\t\t<div class=\"elementor-element elementor-element-3f903e86 elementor-widget elementor-widget-image\" data-id=\"3f903e86\" data-element_type=\"widget\" data-e-type=\"widget\" data-widget_type=\"image.default\">\n\t\t\t\t<div class=\"elementor-widget-container\">\n\t\t\t\t\t\t\t\t\t\t\t\t<figure class=\"wp-caption\">\n\t\t\t\t\t\t\t\t\t\t<img loading=\"lazy\" decoding=\"async\" width=\"768\" height=\"511\" src=\"https:\/\/www.elturistatranquil.com\/wp-content\/uploads\/F38-San-Carlos-del-Valle-1.jpg\" class=\"attachment-large size-large wp-image-21566\" alt=\"\" srcset=\"https:\/\/www.elturistatranquil.com\/wp-content\/uploads\/F38-San-Carlos-del-Valle-1.jpg 768w, https:\/\/www.elturistatranquil.com\/wp-content\/uploads\/F38-San-Carlos-del-Valle-1-339x226.jpg 339w\" sizes=\"(max-width: 768px) 100vw, 768px\" \/>\t\t\t\t\t\t\t\t\t\t\t<figcaption class=\"widget-image-caption wp-caption-text\"><\/figcaption>\n\t\t\t\t\t\t\t\t\t\t<\/figure>\n\t\t\t\t\t\t\t\t\t<\/div>\n\t\t\t\t<\/div>\n\t\t\t\t<div class=\"elementor-element elementor-element-65ee0ed8 elementor-widget elementor-widget-image\" data-id=\"65ee0ed8\" data-element_type=\"widget\" data-e-type=\"widget\" data-widget_type=\"image.default\">\n\t\t\t\t<div class=\"elementor-widget-container\">\n\t\t\t\t\t\t\t\t\t\t\t\t<figure class=\"wp-caption\">\n\t\t\t\t\t\t\t\t\t\t<img loading=\"lazy\" decoding=\"async\" width=\"768\" height=\"511\" src=\"https:\/\/www.elturistatranquil.com\/wp-content\/uploads\/F39-San-Carlos-del-Valle-1.jpg\" class=\"attachment-large size-large wp-image-21568\" alt=\"\" srcset=\"https:\/\/www.elturistatranquil.com\/wp-content\/uploads\/F39-San-Carlos-del-Valle-1.jpg 768w, https:\/\/www.elturistatranquil.com\/wp-content\/uploads\/F39-San-Carlos-del-Valle-1-339x226.jpg 339w\" sizes=\"(max-width: 768px) 100vw, 768px\" \/>\t\t\t\t\t\t\t\t\t\t\t<figcaption class=\"widget-image-caption wp-caption-text\"><\/figcaption>\n\t\t\t\t\t\t\t\t\t\t<\/figure>\n\t\t\t\t\t\t\t\t\t<\/div>\n\t\t\t\t<\/div>\n\t\t\t\t<div class=\"elementor-element elementor-element-2f3441ed elementor-widget elementor-widget-text-editor\" data-id=\"2f3441ed\" data-element_type=\"widget\" data-e-type=\"widget\" data-widget_type=\"text-editor.default\">\n\t\t\t\t<div class=\"elementor-widget-container\">\n\t\t\t\t\t\t\t\t\t<p>I dels carrers transversals, secundaris.<\/p>\t\t\t\t\t\t\t\t<\/div>\n\t\t\t\t<\/div>\n\t\t\t\t<div class=\"elementor-element elementor-element-74690f76 elementor-widget elementor-widget-image\" data-id=\"74690f76\" data-element_type=\"widget\" data-e-type=\"widget\" data-widget_type=\"image.default\">\n\t\t\t\t<div class=\"elementor-widget-container\">\n\t\t\t\t\t\t\t\t\t\t\t\t<figure class=\"wp-caption\">\n\t\t\t\t\t\t\t\t\t\t<img loading=\"lazy\" decoding=\"async\" width=\"768\" height=\"511\" src=\"https:\/\/www.elturistatranquil.com\/wp-content\/uploads\/F40-San-Carlos-del-Valle-1.jpg\" class=\"attachment-large size-large wp-image-21570\" alt=\"\" srcset=\"https:\/\/www.elturistatranquil.com\/wp-content\/uploads\/F40-San-Carlos-del-Valle-1.jpg 768w, https:\/\/www.elturistatranquil.com\/wp-content\/uploads\/F40-San-Carlos-del-Valle-1-339x226.jpg 339w\" sizes=\"(max-width: 768px) 100vw, 768px\" \/>\t\t\t\t\t\t\t\t\t\t\t<figcaption class=\"widget-image-caption wp-caption-text\"><\/figcaption>\n\t\t\t\t\t\t\t\t\t\t<\/figure>\n\t\t\t\t\t\t\t\t\t<\/div>\n\t\t\t\t<\/div>\n\t\t\t\t<div class=\"elementor-element elementor-element-f8d8127 elementor-widget elementor-widget-text-editor\" data-id=\"f8d8127\" data-element_type=\"widget\" data-e-type=\"widget\" data-widget_type=\"text-editor.default\">\n\t\t\t\t<div class=\"elementor-widget-container\">\n\t\t\t\t\t\t\t\t\t<p>La baixa al\u00e7ada de les cases en relaci\u00f3 amb la gran al\u00e7ada de la c\u00fapula i torres de l&#8217;Esgl\u00e9sia, fa que el seu perfil sigui dominant des de moltes parts de la vila.<\/p>\t\t\t\t\t\t\t\t<\/div>\n\t\t\t\t<\/div>\n\t\t\t\t<div class=\"elementor-element elementor-element-2c82e559 elementor-widget elementor-widget-image\" data-id=\"2c82e559\" data-element_type=\"widget\" data-e-type=\"widget\" data-widget_type=\"image.default\">\n\t\t\t\t<div class=\"elementor-widget-container\">\n\t\t\t\t\t\t\t\t\t\t\t\t<figure class=\"wp-caption\">\n\t\t\t\t\t\t\t\t\t\t<img loading=\"lazy\" decoding=\"async\" width=\"768\" height=\"511\" src=\"https:\/\/www.elturistatranquil.com\/wp-content\/uploads\/F41-San-Carlos-del-Valle-1.jpg\" class=\"attachment-large size-large wp-image-21572\" alt=\"\" srcset=\"https:\/\/www.elturistatranquil.com\/wp-content\/uploads\/F41-San-Carlos-del-Valle-1.jpg 768w, https:\/\/www.elturistatranquil.com\/wp-content\/uploads\/F41-San-Carlos-del-Valle-1-339x226.jpg 339w\" sizes=\"(max-width: 768px) 100vw, 768px\" \/>\t\t\t\t\t\t\t\t\t\t\t<figcaption class=\"widget-image-caption wp-caption-text\"><\/figcaption>\n\t\t\t\t\t\t\t\t\t\t<\/figure>\n\t\t\t\t\t\t\t\t\t<\/div>\n\t\t\t\t<\/div>\n\t\t\t\t<div class=\"elementor-element elementor-element-2af69fe7 elementor-widget elementor-widget-image\" data-id=\"2af69fe7\" data-element_type=\"widget\" data-e-type=\"widget\" data-widget_type=\"image.default\">\n\t\t\t\t<div class=\"elementor-widget-container\">\n\t\t\t\t\t\t\t\t\t\t\t\t<figure class=\"wp-caption\">\n\t\t\t\t\t\t\t\t\t\t<img loading=\"lazy\" decoding=\"async\" width=\"768\" height=\"511\" src=\"https:\/\/www.elturistatranquil.com\/wp-content\/uploads\/F42-San-Carlos-del-Valle-1.jpg\" class=\"attachment-large size-large wp-image-21574\" alt=\"\" srcset=\"https:\/\/www.elturistatranquil.com\/wp-content\/uploads\/F42-San-Carlos-del-Valle-1.jpg 768w, https:\/\/www.elturistatranquil.com\/wp-content\/uploads\/F42-San-Carlos-del-Valle-1-339x226.jpg 339w\" sizes=\"(max-width: 768px) 100vw, 768px\" \/>\t\t\t\t\t\t\t\t\t\t\t<figcaption class=\"widget-image-caption wp-caption-text\"><\/figcaption>\n\t\t\t\t\t\t\t\t\t\t<\/figure>\n\t\t\t\t\t\t\t\t\t<\/div>\n\t\t\t\t<\/div>\n\t\t\t\t<div class=\"elementor-element elementor-element-2becedce elementor-widget elementor-widget-text-editor\" data-id=\"2becedce\" data-element_type=\"widget\" data-e-type=\"widget\" data-widget_type=\"text-editor.default\">\n\t\t\t\t<div class=\"elementor-widget-container\">\n\t\t\t\t\t\t\t\t\t<p>L&#8217;arquitectura popular de les cases \u00e9s simple, d&#8217;un o dos nivells, mantenint el mateix model de simplicitat gaireb\u00e9 constant, fins i tot en les construccions m\u00e9s actuals.<\/p><p>Aquesta casa fa la impressi\u00f3 de correspondre a una de les cases originals.<\/p>\t\t\t\t\t\t\t\t<\/div>\n\t\t\t\t<\/div>\n\t\t\t\t<div class=\"elementor-element elementor-element-ee579b9 elementor-widget elementor-widget-image\" data-id=\"ee579b9\" data-element_type=\"widget\" data-e-type=\"widget\" data-widget_type=\"image.default\">\n\t\t\t\t<div class=\"elementor-widget-container\">\n\t\t\t\t\t\t\t\t\t\t\t\t<figure class=\"wp-caption\">\n\t\t\t\t\t\t\t\t\t\t<img loading=\"lazy\" decoding=\"async\" width=\"768\" height=\"511\" src=\"https:\/\/www.elturistatranquil.com\/wp-content\/uploads\/F43-San-Carlos-del-Valle-1.jpg\" class=\"attachment-large size-large wp-image-21576\" alt=\"\" srcset=\"https:\/\/www.elturistatranquil.com\/wp-content\/uploads\/F43-San-Carlos-del-Valle-1.jpg 768w, https:\/\/www.elturistatranquil.com\/wp-content\/uploads\/F43-San-Carlos-del-Valle-1-339x226.jpg 339w\" sizes=\"(max-width: 768px) 100vw, 768px\" \/>\t\t\t\t\t\t\t\t\t\t\t<figcaption class=\"widget-image-caption wp-caption-text\"><\/figcaption>\n\t\t\t\t\t\t\t\t\t\t<\/figure>\n\t\t\t\t\t\t\t\t\t<\/div>\n\t\t\t\t<\/div>\n\t\t\t\t<div class=\"elementor-element elementor-element-2da5fdb1 elementor-widget elementor-widget-text-editor\" data-id=\"2da5fdb1\" data-element_type=\"widget\" data-e-type=\"widget\" data-widget_type=\"text-editor.default\">\n\t\t\t\t<div class=\"elementor-widget-container\">\n\t\t\t\t\t\t\t\t\t<p>Tamb\u00e9 hi ha alguna mostra de casa de certa prest\u00e0ncia del segle XIX.<\/p>\t\t\t\t\t\t\t\t<\/div>\n\t\t\t\t<\/div>\n\t\t\t\t<div class=\"elementor-element elementor-element-3fba3bcd elementor-widget elementor-widget-image\" data-id=\"3fba3bcd\" data-element_type=\"widget\" data-e-type=\"widget\" data-widget_type=\"image.default\">\n\t\t\t\t<div class=\"elementor-widget-container\">\n\t\t\t\t\t\t\t\t\t\t\t\t<figure class=\"wp-caption\">\n\t\t\t\t\t\t\t\t\t\t<img loading=\"lazy\" decoding=\"async\" width=\"768\" height=\"511\" src=\"https:\/\/www.elturistatranquil.com\/wp-content\/uploads\/F44-San-Carlos-del-Valle-1.jpg\" class=\"attachment-large size-large wp-image-21578\" alt=\"\" srcset=\"https:\/\/www.elturistatranquil.com\/wp-content\/uploads\/F44-San-Carlos-del-Valle-1.jpg 768w, https:\/\/www.elturistatranquil.com\/wp-content\/uploads\/F44-San-Carlos-del-Valle-1-339x226.jpg 339w\" sizes=\"(max-width: 768px) 100vw, 768px\" \/>\t\t\t\t\t\t\t\t\t\t\t<figcaption class=\"widget-image-caption wp-caption-text\"><\/figcaption>\n\t\t\t\t\t\t\t\t\t\t<\/figure>\n\t\t\t\t\t\t\t\t\t<\/div>\n\t\t\t\t<\/div>\n\t\t\t\t<div class=\"elementor-element elementor-element-4ba18847 elementor-widget elementor-widget-menu-anchor\" data-id=\"4ba18847\" data-element_type=\"widget\" data-e-type=\"widget\" data-widget_type=\"menu-anchor.default\">\n\t\t\t\t<div class=\"elementor-widget-container\">\n\t\t\t\t\t\t\t<div class=\"elementor-menu-anchor\" id=\"c3509\"><\/div>\n\t\t\t\t\t\t<\/div>\n\t\t\t\t<\/div>\n\t\t\t\t<div class=\"elementor-element elementor-element-66f5425f elementor-widget elementor-widget-image\" data-id=\"66f5425f\" data-element_type=\"widget\" data-e-type=\"widget\" data-widget_type=\"image.default\">\n\t\t\t\t<div class=\"elementor-widget-container\">\n\t\t\t\t\t\t\t\t\t\t\t\t<figure class=\"wp-caption\">\n\t\t\t\t\t\t\t\t\t\t<img loading=\"lazy\" decoding=\"async\" width=\"768\" height=\"510\" src=\"https:\/\/www.elturistatranquil.com\/wp-content\/uploads\/F45-San-Carlos-del-Valle-1.jpg\" class=\"attachment-large size-large wp-image-21580\" alt=\"\" srcset=\"https:\/\/www.elturistatranquil.com\/wp-content\/uploads\/F45-San-Carlos-del-Valle-1.jpg 768w, https:\/\/www.elturistatranquil.com\/wp-content\/uploads\/F45-San-Carlos-del-Valle-1-339x226.jpg 339w\" sizes=\"(max-width: 768px) 100vw, 768px\" \/>\t\t\t\t\t\t\t\t\t\t\t<figcaption class=\"widget-image-caption wp-caption-text\"><\/figcaption>\n\t\t\t\t\t\t\t\t\t\t<\/figure>\n\t\t\t\t\t\t\t\t\t<\/div>\n\t\t\t\t<\/div>\n\t\t\t\t<div class=\"elementor-element elementor-element-713fc879 elementor-widget elementor-widget-heading\" data-id=\"713fc879\" data-element_type=\"widget\" data-e-type=\"widget\" data-widget_type=\"heading.default\">\n\t\t\t\t<div class=\"elementor-widget-container\">\n\t\t\t\t\t<h2 class=\"elementor-heading-title elementor-size-default\">Fi de la visita<\/h2>\t\t\t\t<\/div>\n\t\t\t\t<\/div>\n\t\t\t\t<div class=\"elementor-element elementor-element-4ff0a98e elementor-widget elementor-widget-menu-anchor\" data-id=\"4ff0a98e\" data-element_type=\"widget\" data-e-type=\"widget\" data-widget_type=\"menu-anchor.default\">\n\t\t\t\t<div class=\"elementor-widget-container\">\n\t\t\t\t\t\t\t<div class=\"elementor-menu-anchor\" id=\"c3510\"><\/div>\n\t\t\t\t\t\t<\/div>\n\t\t\t\t<\/div>\n\t\t\t\t<div class=\"elementor-element elementor-element-67efbf57 elementor-widget elementor-widget-text-editor\" data-id=\"67efbf57\" data-element_type=\"widget\" data-e-type=\"widget\" data-widget_type=\"text-editor.default\">\n\t\t\t\t<div class=\"elementor-widget-container\">\n\t\t\t\t\t\t\t\t\t<p>En resum, una vila recomanable per visitar pels motius inicialment apuntats: el Campo de Montiel; a La Mancha; l&#8217;Ordre de Santiago organitzadora del territori; terra del Quixot; territori exemplar de la cultura agr\u00edcola mediterr\u00e0nia; camp d&#8217;aplicaci\u00f3 de les idees il\u00b7lustrades de repoblament sota Carlos III i lloc de pelegrinatge.<\/p><p>S\u00f3n molts els al\u00b7licients, materials i immaterials, que ofereix la vila. I un dels paisatges propis de la Meseta castellana.<\/p><p>A m\u00e9s, podem menjar i allotjar-nos en l&#8217;hist\u00f2ric edifici, interiorment modernitzat, de la <strong>Hospeder\u00eda Santa Elena<\/strong>.<\/p>\t\t\t\t\t\t\t\t<\/div>\n\t\t\t\t<\/div>\n\t\t\t\t<div class=\"elementor-element elementor-element-38fb97f elementor-widget elementor-widget-heading\" data-id=\"38fb97f\" data-element_type=\"widget\" data-e-type=\"widget\" data-widget_type=\"heading.default\">\n\t\t\t\t<div class=\"elementor-widget-container\">\n\t\t\t\t\t<h2 class=\"elementor-heading-title elementor-size-default\">Bases d\u2019informaci\u00f3<\/h2>\t\t\t\t<\/div>\n\t\t\t\t<\/div>\n\t\t\t\t<div class=\"elementor-element elementor-element-7c7c27cf elementor-widget elementor-widget-text-editor\" data-id=\"7c7c27cf\" data-element_type=\"widget\" data-e-type=\"widget\" data-widget_type=\"text-editor.default\">\n\t\t\t\t<div class=\"elementor-widget-container\">\n\t\t\t\t\t\t\t\t\t<p><strong>Webs<\/strong><\/p><p><a href=\"http:\/\/turismo.infomancha.com\/pueblos\/san-carlos-del-valle-13.html\" target=\"_blank\" rel=\"noopener\">ayuntamiento<\/a><\/p><p><a href=\"https:\/\/es.wikipedia.org\/wiki\/San_Carlos_del_Valle\" target=\"_blank\" rel=\"noopener\">wikipedia<\/a><\/p><p><a href=\"https:\/\/www.turismociudadreal.com\/pueblos\/san-carlos-del-valle\" target=\"_blank\" rel=\"noopener\">turismociudadreal<\/a><\/p><p><a href=\"http:\/\/cofrades.sevilla.abc.es\/profiles\/blogs\/san-carlos-del-valle-y-su\" target=\"_blank\" rel=\"noopener\">cofradessevilla<\/a><\/p>\t\t\t\t\t\t\t\t<\/div>\n\t\t\t\t<\/div>\n\t\t\t\t<div class=\"elementor-element elementor-element-7db38af6 elementor-widget elementor-widget-text-editor\" data-id=\"7db38af6\" data-element_type=\"widget\" data-e-type=\"widget\" data-widget_type=\"text-editor.default\">\n\t\t\t\t<div class=\"elementor-widget-container\">\n\t\t\t\t\t\t\t\t\t<p><strong>Webs academic<\/strong><\/p><p>A. Romero Velasco, <a href=\"http:\/\/biblioteca2.uclm.es\/biblioteca\/CECLM\/ARTREVISTAS\/CEM\/CEM209RomeroVelasco.pdf\" target=\"_blank\" rel=\"noopener\"><em>San Carlos del Valle de Santa Elena y su emancipaci\u00f3n de Membrilla<\/em><\/a><\/p><p>A. Olivera Poll, A. Abell\u00e1n Garc\u00eda, <a href=\"https:\/\/revistas.ucm.es\/index.php\/AGUC\/article\/download\/AGUC8787110655A\/32054\" target=\"_blank\" rel=\"noopener\"><em>Consecuencias geogr\u00e1ficas de las nuevas poblaciones del siglo XVIII<\/em><\/a><\/p><p>J.M. Mu\u00f1oz Jim\u00e9nez, <a href=\"http:\/\/biblioteca2.uclm.es\/biblioteca\/CECLM\/ARTREVISTAS\/CEM\/CEM221Mu%C3%B1ozJimenez.pdf\" target=\"_blank\" rel=\"noopener\"><em>La nueva poblaci\u00f3n de San Carlos del Valle (Ciudad Real): Ilustraci\u00f3n y urbanismo en la Espa\u00f1a del siglo XVIII<\/em><\/a><\/p><p>M. del C. Ca\u00f1izares Ru\u00edz, <a href=\"http:\/\/repositorio.ual.es\/bitstream\/handle\/10835\/1510\/Ca%C3%B1izares%20Ruta.pdf?sequence=1\" target=\"_blank\" rel=\"noopener\"><em>La &#8220;Ruta de Don Quijote&#8221; en Castilla-La Mancha (Espa\u00f1a): Nuevo itinerario cultural europeo<\/em><\/a><\/p><p>P. Navascu\u00e9s Palacio, <a href=\"http:\/\/oa.upm.es\/10929\/1\/plazamayor.pdf\" target=\"_blank\" rel=\"noopener\"><em>La Plaza Mayor en Espa\u00f1a<\/em><\/a><\/p>\t\t\t\t\t\t\t\t<\/div>\n\t\t\t\t<\/div>\n\t\t\t\t<div class=\"elementor-element elementor-element-14597fa8 elementor-widget elementor-widget-text-editor\" data-id=\"14597fa8\" data-element_type=\"widget\" data-e-type=\"widget\" data-widget_type=\"text-editor.default\">\n\t\t\t\t<div class=\"elementor-widget-container\">\n\t\t\t\t\t\t\t\t\t<p>Enlla\u00e7 amb el <em>Post<\/em>: <a href=\"https:\/\/www.elturistatranquil.com\/ca\/hospederia-santa-elena-tierra-de-montiel\/\" target=\"_blank\" rel=\"noopener\"><strong>Hospeder\u00eda Santa Elena. Campo de Montiel<\/strong><\/a><\/p>\t\t\t\t\t\t\t\t<\/div>\n\t\t\t\t<\/div>\n\t\t\t\t\t<\/div>\n\t\t<\/div>\n\t\t\t\t\t<\/div>\n\t\t<\/section>\n\t\t\t\t<\/div>\n\t\t","protected":false},"excerpt":{"rendered":"<p>San Carlos del Valle en el Campo de Montiel (Ciudad Real), una vila de colonitzaci\u00f3 del per\u00edode de Carlos III creada al voltant del \u201cVaticano de la Mancha\u201d. San Carlos &#8230; <a title=\"San Carlos del Valle (Ciudad Real)\" class=\"read-more\" href=\"https:\/\/www.elturistatranquil.com\/ca\/san-carlos-del-valle-ciudad-real\/\" aria-label=\"M\u00e9s informaci\u00f3 sobre San Carlos del Valle (Ciudad Real)\">[ &#8230; ]<\/a><\/p>\n","protected":false},"author":1,"featured_media":21338,"comment_status":"open","ping_status":"closed","sticky":false,"template":"","format":"standard","meta":{"footnotes":""},"categories":[70,71,72,249,74,188,83,172,95,100,139,106,107,152,110],"tags":[],"class_list":["post-21337","post","type-post","status-publish","format-standard","has-post-thumbnail","hentry","category-arquitectura-civil-ca","category-arquitectura-popular-ca","category-arquitectura-religiosa-ca","category-assentments-programats","category-barroc","category-ciudad-real-ca","category-historia-ca","category-neoclassic","category-paisatge","category-pobles-i-ciutats-amb-interes","category-segle-xvi-xvii","category-segle-xviii-xix","category-segle-xx-xxi","category-urbanisme","category-vila","infinite-scroll-item","generate-columns","tablet-grid-50","mobile-grid-100","grid-parent","grid-50","no-featured-image-padding"],"yoast_head":"<!-- This site is optimized with the Yoast SEO plugin v27.4 - https:\/\/yoast.com\/product\/yoast-seo-wordpress\/ -->\n<title>San Carlos del Valle (Ciudad Real) - El turista tranquil<\/title>\n<meta name=\"description\" content=\"San Carlos del Valle en el Campo de Montiel (Ciudad Real), una vila de colonitzaci\u00f3 del per\u00edode de Carlos III creada al voltant del \u201cVaticano de la Mancha\u201d.\" \/>\n<meta name=\"robots\" content=\"index, follow, max-snippet:-1, max-image-preview:large, max-video-preview:-1\" \/>\n<link rel=\"canonical\" href=\"https:\/\/www.elturistatranquil.com\/ca\/san-carlos-del-valle-ciudad-real\/\" \/>\n<meta property=\"og:locale\" content=\"ca_ES\" \/>\n<meta property=\"og:type\" content=\"article\" \/>\n<meta property=\"og:title\" content=\"San Carlos del Valle (Ciudad Real) - El turista tranquil\" \/>\n<meta property=\"og:description\" content=\"San Carlos del Valle en el Campo de Montiel (Ciudad Real), una vila de colonitzaci\u00f3 del per\u00edode de Carlos III creada al voltant del \u201cVaticano de la Mancha\u201d.\" \/>\n<meta property=\"og:url\" content=\"https:\/\/www.elturistatranquil.com\/ca\/san-carlos-del-valle-ciudad-real\/\" \/>\n<meta property=\"og:site_name\" content=\"El turista tranquil\" \/>\n<meta property=\"article:publisher\" content=\"https:\/\/www.facebook.com\/elturistatranquilo\/\" \/>\n<meta property=\"article:published_time\" content=\"2019-08-27T09:15:47+00:00\" \/>\n<meta property=\"article:modified_time\" content=\"2019-09-02T19:06:12+00:00\" \/>\n<meta property=\"og:image\" content=\"https:\/\/www.elturistatranquil.com\/wp-content\/uploads\/F09-Iglesia-del-Santo-Cristo-de-San-Carlos-del-Valle.jpg\" \/>\n\t<meta property=\"og:image:width\" content=\"768\" \/>\n\t<meta property=\"og:image:height\" content=\"511\" \/>\n\t<meta property=\"og:image:type\" content=\"image\/jpeg\" \/>\n<meta name=\"author\" content=\"admin\" \/>\n<meta name=\"twitter:card\" content=\"summary_large_image\" \/>\n<meta name=\"twitter:label1\" content=\"Escrit per\" \/>\n\t<meta name=\"twitter:data1\" content=\"admin\" \/>\n\t<meta name=\"twitter:label2\" content=\"Temps estimat de lectura\" \/>\n\t<meta name=\"twitter:data2\" content=\"13 minuts\" \/>\n<script type=\"application\/ld+json\" class=\"yoast-schema-graph\">{\"@context\":\"https:\\\/\\\/schema.org\",\"@graph\":[{\"@type\":\"Article\",\"@id\":\"https:\\\/\\\/www.elturistatranquil.com\\\/ca\\\/san-carlos-del-valle-ciudad-real\\\/#article\",\"isPartOf\":{\"@id\":\"https:\\\/\\\/www.elturistatranquil.com\\\/ca\\\/san-carlos-del-valle-ciudad-real\\\/\"},\"author\":{\"name\":\"admin\",\"@id\":\"https:\\\/\\\/www.elturistatranquil.com\\\/ca\\\/#\\\/schema\\\/person\\\/16f607c3079b96ed0c530a52e6b58bb5\"},\"headline\":\"San Carlos del Valle (Ciudad Real)\",\"datePublished\":\"2019-08-27T09:15:47+00:00\",\"dateModified\":\"2019-09-02T19:06:12+00:00\",\"mainEntityOfPage\":{\"@id\":\"https:\\\/\\\/www.elturistatranquil.com\\\/ca\\\/san-carlos-del-valle-ciudad-real\\\/\"},\"wordCount\":2739,\"commentCount\":0,\"image\":{\"@id\":\"https:\\\/\\\/www.elturistatranquil.com\\\/ca\\\/san-carlos-del-valle-ciudad-real\\\/#primaryimage\"},\"thumbnailUrl\":\"https:\\\/\\\/www.elturistatranquil.com\\\/wp-content\\\/uploads\\\/F09-Iglesia-del-Santo-Cristo-de-San-Carlos-del-Valle.jpg\",\"articleSection\":[\"Arquitectura civil\",\"Arquitectura popular\",\"Arquitectura religiosa\",\"Assentaments programats\",\"Barroc\",\"Ciudad Real\",\"Hist\u00f2ria\",\"Neocl\u00e0ssic, Romanticisme\",\"Paisatge\",\"Pobles i ciutats amb inter\u00e9s\",\"Segle XVI-XVII\",\"Segle XVIII-XIX\",\"Segle XX-XXI\",\"Urbanisme\",\"Vila\"],\"inLanguage\":\"ca\",\"potentialAction\":[{\"@type\":\"CommentAction\",\"name\":\"Comment\",\"target\":[\"https:\\\/\\\/www.elturistatranquil.com\\\/ca\\\/san-carlos-del-valle-ciudad-real\\\/#respond\"]}]},{\"@type\":\"WebPage\",\"@id\":\"https:\\\/\\\/www.elturistatranquil.com\\\/ca\\\/san-carlos-del-valle-ciudad-real\\\/\",\"url\":\"https:\\\/\\\/www.elturistatranquil.com\\\/ca\\\/san-carlos-del-valle-ciudad-real\\\/\",\"name\":\"San Carlos del Valle (Ciudad Real) - El turista tranquil\",\"isPartOf\":{\"@id\":\"https:\\\/\\\/www.elturistatranquil.com\\\/ca\\\/#website\"},\"primaryImageOfPage\":{\"@id\":\"https:\\\/\\\/www.elturistatranquil.com\\\/ca\\\/san-carlos-del-valle-ciudad-real\\\/#primaryimage\"},\"image\":{\"@id\":\"https:\\\/\\\/www.elturistatranquil.com\\\/ca\\\/san-carlos-del-valle-ciudad-real\\\/#primaryimage\"},\"thumbnailUrl\":\"https:\\\/\\\/www.elturistatranquil.com\\\/wp-content\\\/uploads\\\/F09-Iglesia-del-Santo-Cristo-de-San-Carlos-del-Valle.jpg\",\"datePublished\":\"2019-08-27T09:15:47+00:00\",\"dateModified\":\"2019-09-02T19:06:12+00:00\",\"author\":{\"@id\":\"https:\\\/\\\/www.elturistatranquil.com\\\/ca\\\/#\\\/schema\\\/person\\\/16f607c3079b96ed0c530a52e6b58bb5\"},\"description\":\"San Carlos del Valle en el Campo de Montiel (Ciudad Real), una vila de colonitzaci\u00f3 del per\u00edode de Carlos III creada al voltant del \u201cVaticano de la Mancha\u201d.\",\"breadcrumb\":{\"@id\":\"https:\\\/\\\/www.elturistatranquil.com\\\/ca\\\/san-carlos-del-valle-ciudad-real\\\/#breadcrumb\"},\"inLanguage\":\"ca\",\"potentialAction\":[{\"@type\":\"ReadAction\",\"target\":[\"https:\\\/\\\/www.elturistatranquil.com\\\/ca\\\/san-carlos-del-valle-ciudad-real\\\/\"]}]},{\"@type\":\"ImageObject\",\"inLanguage\":\"ca\",\"@id\":\"https:\\\/\\\/www.elturistatranquil.com\\\/ca\\\/san-carlos-del-valle-ciudad-real\\\/#primaryimage\",\"url\":\"https:\\\/\\\/www.elturistatranquil.com\\\/wp-content\\\/uploads\\\/F09-Iglesia-del-Santo-Cristo-de-San-Carlos-del-Valle.jpg\",\"contentUrl\":\"https:\\\/\\\/www.elturistatranquil.com\\\/wp-content\\\/uploads\\\/F09-Iglesia-del-Santo-Cristo-de-San-Carlos-del-Valle.jpg\",\"width\":768,\"height\":511,\"caption\":\"Iglesia del Santo Cristo de San Carlos del Valle\"},{\"@type\":\"BreadcrumbList\",\"@id\":\"https:\\\/\\\/www.elturistatranquil.com\\\/ca\\\/san-carlos-del-valle-ciudad-real\\\/#breadcrumb\",\"itemListElement\":[{\"@type\":\"ListItem\",\"position\":1,\"name\":\"Portada\",\"item\":\"https:\\\/\\\/www.elturistatranquil.com\\\/ca\\\/\"},{\"@type\":\"ListItem\",\"position\":2,\"name\":\"San Carlos del Valle (Ciudad Real)\"}]},{\"@type\":\"WebSite\",\"@id\":\"https:\\\/\\\/www.elturistatranquil.com\\\/ca\\\/#website\",\"url\":\"https:\\\/\\\/www.elturistatranquil.com\\\/ca\\\/\",\"name\":\"El turista tranquil\",\"description\":\"Blog de viatges\",\"potentialAction\":[{\"@type\":\"SearchAction\",\"target\":{\"@type\":\"EntryPoint\",\"urlTemplate\":\"https:\\\/\\\/www.elturistatranquil.com\\\/ca\\\/?s={search_term_string}\"},\"query-input\":{\"@type\":\"PropertyValueSpecification\",\"valueRequired\":true,\"valueName\":\"search_term_string\"}}],\"inLanguage\":\"ca\"},{\"@type\":\"Person\",\"@id\":\"https:\\\/\\\/www.elturistatranquil.com\\\/ca\\\/#\\\/schema\\\/person\\\/16f607c3079b96ed0c530a52e6b58bb5\",\"name\":\"admin\",\"image\":{\"@type\":\"ImageObject\",\"inLanguage\":\"ca\",\"@id\":\"https:\\\/\\\/secure.gravatar.com\\\/avatar\\\/1fbaf22aee75fcbb29a2f97b107f95d25d3a19b7c3416105be10269872673e8d?s=96&d=mm&r=g\",\"url\":\"https:\\\/\\\/secure.gravatar.com\\\/avatar\\\/1fbaf22aee75fcbb29a2f97b107f95d25d3a19b7c3416105be10269872673e8d?s=96&d=mm&r=g\",\"contentUrl\":\"https:\\\/\\\/secure.gravatar.com\\\/avatar\\\/1fbaf22aee75fcbb29a2f97b107f95d25d3a19b7c3416105be10269872673e8d?s=96&d=mm&r=g\",\"caption\":\"admin\"}}]}<\/script>\n<!-- \/ Yoast SEO plugin. -->","yoast_head_json":{"title":"San Carlos del Valle (Ciudad Real) - El turista tranquil","description":"San Carlos del Valle en el Campo de Montiel (Ciudad Real), una vila de colonitzaci\u00f3 del per\u00edode de Carlos III creada al voltant del \u201cVaticano de la Mancha\u201d.","robots":{"index":"index","follow":"follow","max-snippet":"max-snippet:-1","max-image-preview":"max-image-preview:large","max-video-preview":"max-video-preview:-1"},"canonical":"https:\/\/www.elturistatranquil.com\/ca\/san-carlos-del-valle-ciudad-real\/","og_locale":"ca_ES","og_type":"article","og_title":"San Carlos del Valle (Ciudad Real) - El turista tranquil","og_description":"San Carlos del Valle en el Campo de Montiel (Ciudad Real), una vila de colonitzaci\u00f3 del per\u00edode de Carlos III creada al voltant del \u201cVaticano de la Mancha\u201d.","og_url":"https:\/\/www.elturistatranquil.com\/ca\/san-carlos-del-valle-ciudad-real\/","og_site_name":"El turista tranquil","article_publisher":"https:\/\/www.facebook.com\/elturistatranquilo\/","article_published_time":"2019-08-27T09:15:47+00:00","article_modified_time":"2019-09-02T19:06:12+00:00","og_image":[{"width":768,"height":511,"url":"https:\/\/www.elturistatranquil.com\/wp-content\/uploads\/F09-Iglesia-del-Santo-Cristo-de-San-Carlos-del-Valle.jpg","type":"image\/jpeg"}],"author":"admin","twitter_card":"summary_large_image","twitter_misc":{"Escrit per":"admin","Temps estimat de lectura":"13 minuts"},"schema":{"@context":"https:\/\/schema.org","@graph":[{"@type":"Article","@id":"https:\/\/www.elturistatranquil.com\/ca\/san-carlos-del-valle-ciudad-real\/#article","isPartOf":{"@id":"https:\/\/www.elturistatranquil.com\/ca\/san-carlos-del-valle-ciudad-real\/"},"author":{"name":"admin","@id":"https:\/\/www.elturistatranquil.com\/ca\/#\/schema\/person\/16f607c3079b96ed0c530a52e6b58bb5"},"headline":"San Carlos del Valle (Ciudad Real)","datePublished":"2019-08-27T09:15:47+00:00","dateModified":"2019-09-02T19:06:12+00:00","mainEntityOfPage":{"@id":"https:\/\/www.elturistatranquil.com\/ca\/san-carlos-del-valle-ciudad-real\/"},"wordCount":2739,"commentCount":0,"image":{"@id":"https:\/\/www.elturistatranquil.com\/ca\/san-carlos-del-valle-ciudad-real\/#primaryimage"},"thumbnailUrl":"https:\/\/www.elturistatranquil.com\/wp-content\/uploads\/F09-Iglesia-del-Santo-Cristo-de-San-Carlos-del-Valle.jpg","articleSection":["Arquitectura civil","Arquitectura popular","Arquitectura religiosa","Assentaments programats","Barroc","Ciudad Real","Hist\u00f2ria","Neocl\u00e0ssic, Romanticisme","Paisatge","Pobles i ciutats amb inter\u00e9s","Segle XVI-XVII","Segle XVIII-XIX","Segle XX-XXI","Urbanisme","Vila"],"inLanguage":"ca","potentialAction":[{"@type":"CommentAction","name":"Comment","target":["https:\/\/www.elturistatranquil.com\/ca\/san-carlos-del-valle-ciudad-real\/#respond"]}]},{"@type":"WebPage","@id":"https:\/\/www.elturistatranquil.com\/ca\/san-carlos-del-valle-ciudad-real\/","url":"https:\/\/www.elturistatranquil.com\/ca\/san-carlos-del-valle-ciudad-real\/","name":"San Carlos del Valle (Ciudad Real) - El turista tranquil","isPartOf":{"@id":"https:\/\/www.elturistatranquil.com\/ca\/#website"},"primaryImageOfPage":{"@id":"https:\/\/www.elturistatranquil.com\/ca\/san-carlos-del-valle-ciudad-real\/#primaryimage"},"image":{"@id":"https:\/\/www.elturistatranquil.com\/ca\/san-carlos-del-valle-ciudad-real\/#primaryimage"},"thumbnailUrl":"https:\/\/www.elturistatranquil.com\/wp-content\/uploads\/F09-Iglesia-del-Santo-Cristo-de-San-Carlos-del-Valle.jpg","datePublished":"2019-08-27T09:15:47+00:00","dateModified":"2019-09-02T19:06:12+00:00","author":{"@id":"https:\/\/www.elturistatranquil.com\/ca\/#\/schema\/person\/16f607c3079b96ed0c530a52e6b58bb5"},"description":"San Carlos del Valle en el Campo de Montiel (Ciudad Real), una vila de colonitzaci\u00f3 del per\u00edode de Carlos III creada al voltant del \u201cVaticano de la Mancha\u201d.","breadcrumb":{"@id":"https:\/\/www.elturistatranquil.com\/ca\/san-carlos-del-valle-ciudad-real\/#breadcrumb"},"inLanguage":"ca","potentialAction":[{"@type":"ReadAction","target":["https:\/\/www.elturistatranquil.com\/ca\/san-carlos-del-valle-ciudad-real\/"]}]},{"@type":"ImageObject","inLanguage":"ca","@id":"https:\/\/www.elturistatranquil.com\/ca\/san-carlos-del-valle-ciudad-real\/#primaryimage","url":"https:\/\/www.elturistatranquil.com\/wp-content\/uploads\/F09-Iglesia-del-Santo-Cristo-de-San-Carlos-del-Valle.jpg","contentUrl":"https:\/\/www.elturistatranquil.com\/wp-content\/uploads\/F09-Iglesia-del-Santo-Cristo-de-San-Carlos-del-Valle.jpg","width":768,"height":511,"caption":"Iglesia del Santo Cristo de San Carlos del Valle"},{"@type":"BreadcrumbList","@id":"https:\/\/www.elturistatranquil.com\/ca\/san-carlos-del-valle-ciudad-real\/#breadcrumb","itemListElement":[{"@type":"ListItem","position":1,"name":"Portada","item":"https:\/\/www.elturistatranquil.com\/ca\/"},{"@type":"ListItem","position":2,"name":"San Carlos del Valle (Ciudad Real)"}]},{"@type":"WebSite","@id":"https:\/\/www.elturistatranquil.com\/ca\/#website","url":"https:\/\/www.elturistatranquil.com\/ca\/","name":"El turista tranquil","description":"Blog de viatges","potentialAction":[{"@type":"SearchAction","target":{"@type":"EntryPoint","urlTemplate":"https:\/\/www.elturistatranquil.com\/ca\/?s={search_term_string}"},"query-input":{"@type":"PropertyValueSpecification","valueRequired":true,"valueName":"search_term_string"}}],"inLanguage":"ca"},{"@type":"Person","@id":"https:\/\/www.elturistatranquil.com\/ca\/#\/schema\/person\/16f607c3079b96ed0c530a52e6b58bb5","name":"admin","image":{"@type":"ImageObject","inLanguage":"ca","@id":"https:\/\/secure.gravatar.com\/avatar\/1fbaf22aee75fcbb29a2f97b107f95d25d3a19b7c3416105be10269872673e8d?s=96&d=mm&r=g","url":"https:\/\/secure.gravatar.com\/avatar\/1fbaf22aee75fcbb29a2f97b107f95d25d3a19b7c3416105be10269872673e8d?s=96&d=mm&r=g","contentUrl":"https:\/\/secure.gravatar.com\/avatar\/1fbaf22aee75fcbb29a2f97b107f95d25d3a19b7c3416105be10269872673e8d?s=96&d=mm&r=g","caption":"admin"}}]}},"_links":{"self":[{"href":"https:\/\/www.elturistatranquil.com\/ca\/wp-json\/wp\/v2\/posts\/21337","targetHints":{"allow":["GET"]}}],"collection":[{"href":"https:\/\/www.elturistatranquil.com\/ca\/wp-json\/wp\/v2\/posts"}],"about":[{"href":"https:\/\/www.elturistatranquil.com\/ca\/wp-json\/wp\/v2\/types\/post"}],"author":[{"embeddable":true,"href":"https:\/\/www.elturistatranquil.com\/ca\/wp-json\/wp\/v2\/users\/1"}],"replies":[{"embeddable":true,"href":"https:\/\/www.elturistatranquil.com\/ca\/wp-json\/wp\/v2\/comments?post=21337"}],"version-history":[{"count":0,"href":"https:\/\/www.elturistatranquil.com\/ca\/wp-json\/wp\/v2\/posts\/21337\/revisions"}],"wp:featuredmedia":[{"embeddable":true,"href":"https:\/\/www.elturistatranquil.com\/ca\/wp-json\/wp\/v2\/media\/21338"}],"wp:attachment":[{"href":"https:\/\/www.elturistatranquil.com\/ca\/wp-json\/wp\/v2\/media?parent=21337"}],"wp:term":[{"taxonomy":"category","embeddable":true,"href":"https:\/\/www.elturistatranquil.com\/ca\/wp-json\/wp\/v2\/categories?post=21337"},{"taxonomy":"post_tag","embeddable":true,"href":"https:\/\/www.elturistatranquil.com\/ca\/wp-json\/wp\/v2\/tags?post=21337"}],"curies":[{"name":"wp","href":"https:\/\/api.w.org\/{rel}","templated":true}]}}