{"id":2227,"date":"2018-03-13T17:16:25","date_gmt":"2018-03-13T16:16:25","guid":{"rendered":"https:\/\/www.elturistatranquil.com\/?p=2227"},"modified":"2018-12-29T12:19:55","modified_gmt":"2018-12-29T11:19:55","slug":"muxia","status":"publish","type":"post","link":"https:\/\/www.elturistatranquil.com\/ca\/muxia\/","title":{"rendered":"Mux\u00eda (A Coru\u00f1a)"},"content":{"rendered":"\t\t<div data-elementor-type=\"wp-post\" data-elementor-id=\"2227\" class=\"elementor elementor-2227 elementor-2206 elementor-bc-flex-widget\" data-elementor-post-type=\"post\">\n\t\t\t\t\t\t<section class=\"elementor-section elementor-top-section elementor-element elementor-element-2449f16b elementor-section-boxed elementor-section-height-default elementor-section-height-default\" data-id=\"2449f16b\" data-element_type=\"section\" data-e-type=\"section\">\n\t\t\t\t\t\t<div class=\"elementor-container elementor-column-gap-default\">\n\t\t\t\t\t<div class=\"elementor-column elementor-col-100 elementor-top-column elementor-element elementor-element-49beca3\" data-id=\"49beca3\" data-element_type=\"column\" data-e-type=\"column\">\n\t\t\t<div class=\"elementor-widget-wrap elementor-element-populated\">\n\t\t\t\t\t\t<section class=\"elementor-section elementor-inner-section elementor-element elementor-element-204ca940 elementor-section-content-middle elementor-section-boxed elementor-section-height-default elementor-section-height-default\" data-id=\"204ca940\" data-element_type=\"section\" data-e-type=\"section\">\n\t\t\t\t\t\t<div class=\"elementor-container elementor-column-gap-default\">\n\t\t\t\t\t<div class=\"elementor-column elementor-col-100 elementor-inner-column elementor-element elementor-element-534fe33a\" data-id=\"534fe33a\" data-element_type=\"column\" data-e-type=\"column\">\n\t\t\t<div class=\"elementor-widget-wrap elementor-element-populated\">\n\t\t\t\t\t\t<div class=\"elementor-element elementor-element-6aadd247 elementor-widget elementor-widget-text-editor\" data-id=\"6aadd247\" data-element_type=\"widget\" data-e-type=\"widget\" data-widget_type=\"text-editor.default\">\n\t\t\t\t<div class=\"elementor-widget-container\">\n\t\t\t\t\t\t\t\t\t<p>Mux\u00eda (A Coru\u00f1a). On es reuneix lo ancestral de la cultura celta en simbiosi amb la tradici\u00f3 cristiana vinculada al Cam\u00ed de Sant Jaume. Tamb\u00e9 funest record del naufragi del <em>Prestige<\/em>.<\/p>\t\t\t\t\t\t\t\t<\/div>\n\t\t\t\t<\/div>\n\t\t\t\t\t<\/div>\n\t\t<\/div>\n\t\t\t\t\t<\/div>\n\t\t<\/section>\n\t\t\t\t<div class=\"elementor-element elementor-element-147e33a9 elementor-widget elementor-widget-heading\" data-id=\"147e33a9\" data-element_type=\"widget\" data-e-type=\"widget\" data-widget_type=\"heading.default\">\n\t\t\t\t<div class=\"elementor-widget-container\">\n\t\t\t\t\t<h1 class=\"elementor-heading-title elementor-size-default\">Mux\u00eda<\/h1>\t\t\t\t<\/div>\n\t\t\t\t<\/div>\n\t\t\t\t\t<\/div>\n\t\t<\/div>\n\t\t\t\t\t<\/div>\n\t\t<\/section>\n\t\t\t\t<section class=\"elementor-section elementor-top-section elementor-element elementor-element-2ac6d2c2 elementor-section-boxed elementor-section-height-default elementor-section-height-default\" data-id=\"2ac6d2c2\" data-element_type=\"section\" data-e-type=\"section\">\n\t\t\t\t\t\t<div class=\"elementor-container elementor-column-gap-default\">\n\t\t\t\t\t<div class=\"elementor-column elementor-col-100 elementor-top-column elementor-element elementor-element-54e541a5\" data-id=\"54e541a5\" data-element_type=\"column\" data-e-type=\"column\">\n\t\t\t<div class=\"elementor-widget-wrap elementor-element-populated\">\n\t\t\t\t\t\t<div class=\"elementor-element elementor-element-58971457 elementor-widget elementor-widget-image\" data-id=\"58971457\" data-element_type=\"widget\" data-e-type=\"widget\" data-widget_type=\"image.default\">\n\t\t\t\t<div class=\"elementor-widget-container\">\n\t\t\t\t\t\t\t\t\t\t\t\t<figure class=\"wp-caption\">\n\t\t\t\t\t\t\t\t\t\t<img fetchpriority=\"high\" decoding=\"async\" width=\"800\" height=\"543\" src=\"https:\/\/www.elturistatranquil.com\/wp-content\/uploads\/F01-Cabo-de-Touri\u00f1\u00e1n-y-Mux\u00eda-Google-Earth-27-02-2018.jpg\" class=\"attachment-large size-large wp-image-2209\" alt=\"Cabo de Touri\u00f1\u00e1n y Mux\u00eda (Google Earth 27-02-2018)\" srcset=\"https:\/\/www.elturistatranquil.com\/wp-content\/uploads\/F01-Cabo-de-Touri\u00f1\u00e1n-y-Mux\u00eda-Google-Earth-27-02-2018.jpg 800w, https:\/\/www.elturistatranquil.com\/wp-content\/uploads\/F01-Cabo-de-Touri\u00f1\u00e1n-y-Mux\u00eda-Google-Earth-27-02-2018-768x521.jpg 768w\" sizes=\"(max-width: 800px) 100vw, 800px\" \/>\t\t\t\t\t\t\t\t\t\t\t<figcaption class=\"widget-image-caption wp-caption-text\">F01 Cap de Touri\u00f1\u00e1n i Mux\u00eda (Google Earth 27-02-2018)<\/figcaption>\n\t\t\t\t\t\t\t\t\t\t<\/figure>\n\t\t\t\t\t\t\t\t\t<\/div>\n\t\t\t\t<\/div>\n\t\t\t\t<div class=\"elementor-element elementor-element-49fc15b2 elementor-widget elementor-widget-spacer\" data-id=\"49fc15b2\" data-element_type=\"widget\" data-e-type=\"widget\" data-widget_type=\"spacer.default\">\n\t\t\t\t<div class=\"elementor-widget-container\">\n\t\t\t\t\t\t\t<div class=\"elementor-spacer\">\n\t\t\t<div class=\"elementor-spacer-inner\"><\/div>\n\t\t<\/div>\n\t\t\t\t\t\t<\/div>\n\t\t\t\t<\/div>\n\t\t\t\t<div class=\"elementor-element elementor-element-253c1be elementor-widget elementor-widget-heading\" data-id=\"253c1be\" data-element_type=\"widget\" data-e-type=\"widget\" data-widget_type=\"heading.default\">\n\t\t\t\t<div class=\"elementor-widget-container\">\n\t\t\t\t\t<h2 class=\"elementor-heading-title elementor-size-default\">Mux\u00eda\n<\/h2>\t\t\t\t<\/div>\n\t\t\t\t<\/div>\n\t\t\t\t<section class=\"elementor-section elementor-inner-section elementor-element elementor-element-2c873300 elementor-section-boxed elementor-section-height-default elementor-section-height-default\" data-id=\"2c873300\" data-element_type=\"section\" data-e-type=\"section\" data-settings=\"{&quot;background_background&quot;:&quot;classic&quot;}\">\n\t\t\t\t\t\t<div class=\"elementor-container elementor-column-gap-default\">\n\t\t\t\t\t<div class=\"elementor-column elementor-col-100 elementor-inner-column elementor-element elementor-element-11ea3f75\" data-id=\"11ea3f75\" data-element_type=\"column\" data-e-type=\"column\" data-settings=\"{&quot;background_background&quot;:&quot;classic&quot;}\">\n\t\t\t<div class=\"elementor-widget-wrap elementor-element-populated\">\n\t\t\t\t\t\t<div class=\"elementor-element elementor-element-5d9f83ce elementor-widget elementor-widget-text-editor\" data-id=\"5d9f83ce\" data-element_type=\"widget\" data-e-type=\"widget\" data-widget_type=\"text-editor.default\">\n\t\t\t\t<div class=\"elementor-widget-container\">\n\t\t\t\t\t\t\t\t\t<p>Comarca: Finisterre. Prov\u00edncia: A Coru\u00f1a. Com. Aut\u00f2noma: Galicia<\/p>\t\t\t\t\t\t\t\t<\/div>\n\t\t\t\t<\/div>\n\t\t\t\t<div class=\"elementor-element elementor-element-4588740 elementor-widget elementor-widget-text-editor\" data-id=\"4588740\" data-element_type=\"widget\" data-e-type=\"widget\" data-widget_type=\"text-editor.default\">\n\t\t\t\t<div class=\"elementor-widget-container\">\n\t\t\t\t\t\t\t\t\t<p>Coordenades: 43\u00b006\u203222\u2033N 9\u00b013\u203203\u2033O. Poblaci\u00f3: 4.852 hab. (2017).<\/p>\t\t\t\t\t\t\t\t<\/div>\n\t\t\t\t<\/div>\n\t\t\t\t<div class=\"elementor-element elementor-element-c39c72e elementor-widget elementor-widget-text-editor\" data-id=\"c39c72e\" data-element_type=\"widget\" data-e-type=\"widget\" data-widget_type=\"text-editor.default\">\n\t\t\t\t<div class=\"elementor-widget-container\">\n\t\t\t\t\t\t\t\t\t<p>Web oficial: <a href=\"http:\/\/concellomuxia.com\/\" target=\"_blank\" rel=\"noopener\">www.concellomuxia.com<\/a><\/p>\t\t\t\t\t\t\t\t<\/div>\n\t\t\t\t<\/div>\n\t\t\t\t<div class=\"elementor-element elementor-element-a545e97 elementor-widget elementor-widget-text-editor\" data-id=\"a545e97\" data-element_type=\"widget\" data-e-type=\"widget\" data-widget_type=\"text-editor.default\">\n\t\t\t\t<div class=\"elementor-widget-container\">\n\t\t\t\t\t\t\t\t\t<p>Visita: 2014<\/p>\t\t\t\t\t\t\t\t<\/div>\n\t\t\t\t<\/div>\n\t\t\t\t\t<\/div>\n\t\t<\/div>\n\t\t\t\t\t<\/div>\n\t\t<\/section>\n\t\t\t\t<div class=\"elementor-element elementor-element-6beebc3f elementor-widget elementor-widget-image\" data-id=\"6beebc3f\" data-element_type=\"widget\" data-e-type=\"widget\" data-widget_type=\"image.default\">\n\t\t\t\t<div class=\"elementor-widget-container\">\n\t\t\t\t\t\t\t\t\t\t\t\t<figure class=\"wp-caption\">\n\t\t\t\t\t\t\t\t\t\t<img decoding=\"async\" width=\"768\" height=\"513\" src=\"https:\/\/www.elturistatranquil.com\/wp-content\/uploads\/F02-Mapa-de-Situaci\u00f3n-de-Mux\u00eda-Google-maps-27-02-2018-768x513.jpg\" class=\"attachment-medium_large size-medium_large wp-image-2210\" alt=\"Mapa de Situaci\u00f3n de Mux\u00eda (Google maps 27-02-2018)\" srcset=\"https:\/\/www.elturistatranquil.com\/wp-content\/uploads\/F02-Mapa-de-Situaci\u00f3n-de-Mux\u00eda-Google-maps-27-02-2018-768x513.jpg 768w, https:\/\/www.elturistatranquil.com\/wp-content\/uploads\/F02-Mapa-de-Situaci\u00f3n-de-Mux\u00eda-Google-maps-27-02-2018.jpg 800w\" sizes=\"(max-width: 768px) 100vw, 768px\" \/>\t\t\t\t\t\t\t\t\t\t\t<figcaption class=\"widget-image-caption wp-caption-text\">Mapa de situaci\u00f3 de Mux\u00eda (Google maps 27-02-2018)<\/figcaption>\n\t\t\t\t\t\t\t\t\t\t<\/figure>\n\t\t\t\t\t\t\t\t\t<\/div>\n\t\t\t\t<\/div>\n\t\t\t\t<div class=\"elementor-element elementor-element-4e775a8 elementor-widget elementor-widget-text-editor\" data-id=\"4e775a8\" data-element_type=\"widget\" data-e-type=\"widget\" data-widget_type=\"text-editor.default\">\n\t\t\t\t<div class=\"elementor-widget-container\">\n\t\t\t\t\t\t\t\t\t<p>A la part central de la Costa da Morte est\u00e0 situat Mux\u00eda, on podrem dirigirnos al <em>Cap de Touri\u00f1\u00e1n<\/em> i visitar el <em>Santuario da Virxe da Barca<\/em>. Es tracta d\u2019una construcci\u00f3 barroca iniciada l\u2019any 1717 sobre les restes d\u2019una ermita d\u2019or\u00edgens rom\u00e0nics.<\/p>\t\t\t\t\t\t\t\t<\/div>\n\t\t\t\t<\/div>\n\t\t\t\t<div class=\"elementor-element elementor-element-1d8b841a elementor-widget elementor-widget-text-editor\" data-id=\"1d8b841a\" data-element_type=\"widget\" data-e-type=\"widget\" data-widget_type=\"text-editor.default\">\n\t\t\t\t<div class=\"elementor-widget-container\">\n\t\t\t\t\t\t\t\t\t<p>Entroncant amb la mitologia celta estan situades les <em>Pedres m\u00edtiques de Mux\u00eda<\/em> , aix\u00ed com el far de <em>Punta da Barca<\/em>. En aquest territori cada cap de la costa reclama un far (o moltes vegades en realitat una balisa).<\/p>\t\t\t\t\t\t\t\t<\/div>\n\t\t\t\t<\/div>\n\t\t\t\t<div class=\"elementor-element elementor-element-46ab5ce5 elementor-widget elementor-widget-text-editor\" data-id=\"46ab5ce5\" data-element_type=\"widget\" data-e-type=\"widget\" data-widget_type=\"text-editor.default\">\n\t\t\t\t<div class=\"elementor-widget-container\">\n\t\t\t\t\t\t\t\t\t<p>El cap te forma de pen\u00ednsula i sobre de l\u2019istme s\u2019ha anat configurant el poble de Mux\u00eda. La orientaci\u00f3 es perfectament direcci\u00f3 nord, el que ha portat a que la cara est, per tant la part arrecerada de l\u2019impetu\u00f3s Atl\u00e0ntic, sigui sobre la que s\u2019ha produ\u00eft l\u2019assentament hum\u00e0, amb el port m\u00e9s protegit. La cara oest penya-segada no permet les construccions urbanes. En aquest cas a l\u2019oest hi ha abs\u00e8ncia de qualsevol platja, que si les trobarem a la cara est.<\/p>\t\t\t\t\t\t\t\t<\/div>\n\t\t\t\t<\/div>\n\t\t\t\t<div class=\"elementor-element elementor-element-22aa70cb elementor-widget elementor-widget-text-editor\" data-id=\"22aa70cb\" data-element_type=\"widget\" data-e-type=\"widget\" data-widget_type=\"text-editor.default\">\n\t\t\t\t<div class=\"elementor-widget-container\">\n\t\t\t\t\t\t\t\t\t<p>A l\u2019oest, l\u2019Oce\u00e0 reclama la seva contemplaci\u00f3. Al nord, s\u2019obre la ria entre Mux\u00eda, al sud, i Camari\u00f1as al nord, al fons de la qual es troba la desemboca del riu Grande, en el poble de la parr\u00f2quia de A Ponto do Porto.<\/p>\t\t\t\t\t\t\t\t<\/div>\n\t\t\t\t<\/div>\n\t\t\t\t<div class=\"elementor-element elementor-element-75bf5088 elementor-widget elementor-widget-image\" data-id=\"75bf5088\" data-element_type=\"widget\" data-e-type=\"widget\" data-widget_type=\"image.default\">\n\t\t\t\t<div class=\"elementor-widget-container\">\n\t\t\t\t\t\t\t\t\t\t\t\t<figure class=\"wp-caption\">\n\t\t\t\t\t\t\t\t\t\t<img decoding=\"async\" width=\"800\" height=\"532\" src=\"https:\/\/www.elturistatranquil.com\/wp-content\/uploads\/F03-Mux\u00eda.jpg\" class=\"attachment-large size-large wp-image-2207\" alt=\"Mux\u00eda (foto de Adri\u00e1n Est\u00e9vez)\" srcset=\"https:\/\/www.elturistatranquil.com\/wp-content\/uploads\/F03-Mux\u00eda.jpg 800w, https:\/\/www.elturistatranquil.com\/wp-content\/uploads\/F03-Mux\u00eda-768x511.jpg 768w\" sizes=\"(max-width: 800px) 100vw, 800px\" \/>\t\t\t\t\t\t\t\t\t\t\t<figcaption class=\"widget-image-caption wp-caption-text\">Mux\u00eda (foto de Adri\u00e1n Est\u00e9vez (Estevoaei) (Own work (Original text: self made)) [<a href=\"http:\/\/www.gnu.org\/copyleft\/fdl.html\">GFDL<\/a> or <a href=\"http:\/\/creativecommons.org\/licenses\/by-sa\/3.0\/\">CC-BY-SA-3.0<\/a>], <a href=\"https:\/\/commons.wikimedia.org\/wiki\/File%3AMuxia%2C_Spain_-_view_from_hill.jpg\">via Wikimedia Commons<\/a><\/figcaption>\n\t\t\t\t\t\t\t\t\t\t<\/figure>\n\t\t\t\t\t\t\t\t\t<\/div>\n\t\t\t\t<\/div>\n\t\t\t\t<div class=\"elementor-element elementor-element-5ec7c46b elementor-widget elementor-widget-text-editor\" data-id=\"5ec7c46b\" data-element_type=\"widget\" data-e-type=\"widget\" data-widget_type=\"text-editor.default\">\n\t\t\t\t<div class=\"elementor-widget-container\">\n\t\t\t\t\t\t\t\t\t<p>Sobre les roques del <em>Cap de <\/em><em>Touri\u00f1\u00e1n<\/em> s\u2019apleguen quatre elementes significatius i simb\u00f2lics que es corresponen a quatre moments hist\u00f2rics ben diferenciats.<\/p>\t\t\t\t\t\t\t\t<\/div>\n\t\t\t\t<\/div>\n\t\t\t\t<div class=\"elementor-element elementor-element-5177aa06 elementor-widget elementor-widget-text-editor\" data-id=\"5177aa06\" data-element_type=\"widget\" data-e-type=\"widget\" data-widget_type=\"text-editor.default\">\n\t\t\t\t<div class=\"elementor-widget-container\">\n\t\t\t\t\t\t\t\t\t<p>Arrencant de la tradici\u00f3 celta i rehistoriat per la tradici\u00f3 cat\u00f2lica, trobem les roques que, per les seves formes singulars, han estat considerades com a pedres m\u00edtiques. En disposici\u00f3 lineal orientada al nord l\u2019home ha implantat tres construccions de significaci\u00f3 molt diversa. Al centre d\u2019aquesta alienaci\u00f3 es troba una primera capella rom\u00e0nica transformada al segle XVIII en Santuari dedicat a la <em>Virxe da Barca<\/em>, entroncant amb la simbologia de les pedres i Sant Jaume. Posteriorment, a la punta del cap un element de vida, el far, constru\u00eft el 1898 i reconstru\u00eft el 1981. Mentre que en l\u2019extrem sud d\u2019aquest eix s\u2019ha situat un element que simbolitza la destrucci\u00f3,\u00a0 un monument commemoratiu dedicat a la cat\u00e0strofe del<em> Prestige<\/em> que se li ha posat per nom<em> Pedra da Ferida<\/em>.<\/p>\t\t\t\t\t\t\t\t<\/div>\n\t\t\t\t<\/div>\n\t\t\t\t<div class=\"elementor-element elementor-element-4c074e6d elementor-widget elementor-widget-image\" data-id=\"4c074e6d\" data-element_type=\"widget\" data-e-type=\"widget\" data-widget_type=\"image.default\">\n\t\t\t\t<div class=\"elementor-widget-container\">\n\t\t\t\t\t\t\t\t\t\t\t\t<figure class=\"wp-caption\">\n\t\t\t\t\t\t\t\t\t\t<img loading=\"lazy\" decoding=\"async\" width=\"800\" height=\"533\" src=\"https:\/\/www.elturistatranquil.com\/wp-content\/uploads\/F04-Vistas_do_Santuario_da_Virxe_da_Barca_Mux\u00eda_Galiza.jpg\" class=\"attachment-large size-large wp-image-2212\" alt=\"\" srcset=\"https:\/\/www.elturistatranquil.com\/wp-content\/uploads\/F04-Vistas_do_Santuario_da_Virxe_da_Barca_Mux\u00eda_Galiza.jpg 800w, https:\/\/www.elturistatranquil.com\/wp-content\/uploads\/F04-Vistas_do_Santuario_da_Virxe_da_Barca_Mux\u00eda_Galiza-768x512.jpg 768w\" sizes=\"(max-width: 800px) 100vw, 800px\" \/>\t\t\t\t\t\t\t\t\t\t\t<figcaption class=\"widget-image-caption wp-caption-text\">Santuari da Virxe da Barca . A la dreta al fons Pedra da Ferida, monument commemoratiu per la cat\u00e0strofe del Prestige  (foto de Mario S\u00e1nchez [<a href=\"https:\/\/creativecommons.org\/licenses\/by-sa\/2.0\">CC BY-SA 2.0<\/a>], <a href=\"https:\/\/commons.wikimedia.org\/wiki\/File%3AVistas_do_Santuario_da_Virxe_da_Barca%2C_Mux%C3%ADa%2C_Galiza.jpg\">via Wikimedia Commons<\/a><\/figcaption>\n\t\t\t\t\t\t\t\t\t\t<\/figure>\n\t\t\t\t\t\t\t\t\t<\/div>\n\t\t\t\t<\/div>\n\t\t\t\t<div class=\"elementor-element elementor-element-1bc0377e elementor-widget elementor-widget-image\" data-id=\"1bc0377e\" data-element_type=\"widget\" data-e-type=\"widget\" data-widget_type=\"image.default\">\n\t\t\t\t<div class=\"elementor-widget-container\">\n\t\t\t\t\t\t\t\t\t\t\t\t<figure class=\"wp-caption\">\n\t\t\t\t\t\t\t\t\t\t<img loading=\"lazy\" decoding=\"async\" width=\"800\" height=\"533\" src=\"https:\/\/www.elturistatranquil.com\/wp-content\/uploads\/F05-Punta-da-Barca-Muxia-Google-earth-2018-03-09.jpg\" class=\"attachment-large size-large wp-image-2213\" alt=\"\" srcset=\"https:\/\/www.elturistatranquil.com\/wp-content\/uploads\/F05-Punta-da-Barca-Muxia-Google-earth-2018-03-09.jpg 800w, https:\/\/www.elturistatranquil.com\/wp-content\/uploads\/F05-Punta-da-Barca-Muxia-Google-earth-2018-03-09-768x512.jpg 768w\" sizes=\"(max-width: 800px) 100vw, 800px\" \/>\t\t\t\t\t\t\t\t\t\t\t<figcaption class=\"widget-image-caption wp-caption-text\">F05 Els tres elements alineats a la Punta da Barca: Pedra da Ferida en primer terme, Santuario da Virxe da Barca (davant les Pedres m\u00edtiques de Mux\u00eda) i el far de Punta da Barca al fons (Google earth 2018-03-09)<\/figcaption>\n\t\t\t\t\t\t\t\t\t\t<\/figure>\n\t\t\t\t\t\t\t\t\t<\/div>\n\t\t\t\t<\/div>\n\t\t\t\t<div class=\"elementor-element elementor-element-2f986849 elementor-widget elementor-widget-image\" data-id=\"2f986849\" data-element_type=\"widget\" data-e-type=\"widget\" data-widget_type=\"image.default\">\n\t\t\t\t<div class=\"elementor-widget-container\">\n\t\t\t\t\t\t\t\t\t\t\t\t<figure class=\"wp-caption\">\n\t\t\t\t\t\t\t\t\t\t<img loading=\"lazy\" decoding=\"async\" width=\"800\" height=\"355\" src=\"https:\/\/www.elturistatranquil.com\/wp-content\/uploads\/F06-Faro-de-Mux\u00eda.jpg\" class=\"attachment-large size-large wp-image-2214\" alt=\"Faro de Mux\u00eda\" srcset=\"https:\/\/www.elturistatranquil.com\/wp-content\/uploads\/F06-Faro-de-Mux\u00eda.jpg 800w, https:\/\/www.elturistatranquil.com\/wp-content\/uploads\/F06-Faro-de-Mux\u00eda-768x341.jpg 768w\" sizes=\"(max-width: 800px) 100vw, 800px\" \/>\t\t\t\t\t\t\t\t\t\t\t<figcaption class=\"widget-image-caption wp-caption-text\">El Far de Mux\u00eda \u00e9s sin\u00f2nim de vida i protecci\u00f3  (Foto de <a href> Fjmc65<\/a>)<\/figcaption>\n\t\t\t\t\t\t\t\t\t\t<\/figure>\n\t\t\t\t\t\t\t\t\t<\/div>\n\t\t\t\t<\/div>\n\t\t\t\t<div class=\"elementor-element elementor-element-64131d13 elementor-widget elementor-widget-text-editor\" data-id=\"64131d13\" data-element_type=\"widget\" data-e-type=\"widget\" data-widget_type=\"text-editor.default\">\n\t\t\t\t<div class=\"elementor-widget-container\">\n\t\t\t\t\t\t\t\t\t<p>Com es \u00a0sabut, la Costa da Morte concentra un elevat nombre de llegendes. Aquest lloc per\u00f2 es significativament important a l&#8217;entorn de la interpretaci\u00f3 del simbolisme de les pedres m\u00edtiques. Una de les llegendes diu que, trobant-se Sant Jaume pregant, se li va apar\u00e8ixer la Verge en una barca de pedra, que resta en aquest punt. Per\u00f2 aquesta llegenda cristiana se sobreposa a les llegendes precristianes sobre aquest indret.<\/p>\t\t\t\t\t\t\t\t<\/div>\n\t\t\t\t<\/div>\n\t\t\t\t<div class=\"elementor-element elementor-element-7ab44d96 elementor-widget elementor-widget-image\" data-id=\"7ab44d96\" data-element_type=\"widget\" data-e-type=\"widget\" data-widget_type=\"image.default\">\n\t\t\t\t<div class=\"elementor-widget-container\">\n\t\t\t\t\t\t\t\t\t\t\t\t<figure class=\"wp-caption\">\n\t\t\t\t\t\t\t\t\t\t<img loading=\"lazy\" decoding=\"async\" width=\"800\" height=\"395\" src=\"https:\/\/www.elturistatranquil.com\/wp-content\/uploads\/F07-A-pedra-dos-cadr\u00eds-en-Mux\u00eda-CRONICAS.jpg\" class=\"attachment-large size-large wp-image-2216\" alt=\"\" srcset=\"https:\/\/www.elturistatranquil.com\/wp-content\/uploads\/F07-A-pedra-dos-cadr\u00eds-en-Mux\u00eda-CRONICAS.jpg 800w, https:\/\/www.elturistatranquil.com\/wp-content\/uploads\/F07-A-pedra-dos-cadr\u00eds-en-Mux\u00eda-CRONICAS-768x379.jpg 768w\" sizes=\"(max-width: 800px) 100vw, 800px\" \/>\t\t\t\t\t\t\t\t\t\t\t<figcaption class=\"widget-image-caption wp-caption-text\">\u201cPedra dos Cadr\u00eds\u201d una de les Pedres m\u00edtiques de Mux\u00eda (foto Galicia unica)<\/figcaption>\n\t\t\t\t\t\t\t\t\t\t<\/figure>\n\t\t\t\t\t\t\t\t\t<\/div>\n\t\t\t\t<\/div>\n\t\t\t\t<div class=\"elementor-element elementor-element-33c8c52c elementor-widget elementor-widget-text-editor\" data-id=\"33c8c52c\" data-element_type=\"widget\" data-e-type=\"widget\" data-widget_type=\"text-editor.default\">\n\t\t\t\t<div class=\"elementor-widget-container\">\n\t\t\t\t\t\t\t\t\t<p>Retornant a Mux\u00eda podem passejar pel passeig mar\u00edtim i pel poble.<\/p>\t\t\t\t\t\t\t\t<\/div>\n\t\t\t\t<\/div>\n\t\t\t\t<div class=\"elementor-element elementor-element-6a376f5d elementor-widget elementor-widget-image\" data-id=\"6a376f5d\" data-element_type=\"widget\" data-e-type=\"widget\" data-widget_type=\"image.default\">\n\t\t\t\t<div class=\"elementor-widget-container\">\n\t\t\t\t\t\t\t\t\t\t\t\t<figure class=\"wp-caption\">\n\t\t\t\t\t\t\t\t\t\t<img loading=\"lazy\" decoding=\"async\" width=\"800\" height=\"527\" src=\"https:\/\/www.elturistatranquil.com\/wp-content\/uploads\/F08-Mux\u00eda.jpg\" class=\"attachment-large size-large wp-image-2218\" alt=\"Mux\u00eda\" srcset=\"https:\/\/www.elturistatranquil.com\/wp-content\/uploads\/F08-Mux\u00eda.jpg 800w, https:\/\/www.elturistatranquil.com\/wp-content\/uploads\/F08-Mux\u00eda-768x506.jpg 768w\" sizes=\"(max-width: 800px) 100vw, 800px\" \/>\t\t\t\t\t\t\t\t\t\t\t<figcaption class=\"widget-image-caption wp-caption-text\">Mux\u00eda (foto de <a href> Andre Skibinski <\/a>)<\/figcaption>\n\t\t\t\t\t\t\t\t\t\t<\/figure>\n\t\t\t\t\t\t\t\t\t<\/div>\n\t\t\t\t<\/div>\n\t\t\t\t<div class=\"elementor-element elementor-element-5776ef87 elementor-widget elementor-widget-text-editor\" data-id=\"5776ef87\" data-element_type=\"widget\" data-e-type=\"widget\" data-widget_type=\"text-editor.default\">\n\t\t\t\t<div class=\"elementor-widget-container\">\n\t\t\t\t\t\t\t\t\t<p><strong>Webs<\/strong><\/p><p>Tres webs sobre Mux\u00eda: <a href=\"http:\/\/concellomuxia.com\/\" target=\"_blank\" rel=\"noopener\">concellomuxia<\/a>; <a href=\"http:\/\/www.finisterrae.org\/info.php?informacion=34&amp;idioma=es&amp;sec=5\" target=\"_blank\" rel=\"noopener\">finisterrae<\/a> y <a href=\"https:\/\/www.escapadarural.com\/que-hacer\/muxia\" target=\"_blank\" rel=\"noopener\">escapada rural<\/a><\/p><p>Sobre el Santuario da Virxe da Barca: <a href=\"https:\/\/gl.wikipedia.org\/wiki\/Santuario_da_Virxe_da_Barca\" target=\"_blank\" rel=\"noopener\">Wikipedia<\/a><\/p><p>Sobre llegendes i pedres a Mux\u00eda veure:\u00a0 <a href=\"http:\/\/bluscus.es\/leyendas-y-piedras-en-muxia\/\" target=\"_blank\" rel=\"noopener\">bluscus<\/a><\/p>\t\t\t\t\t\t\t\t<\/div>\n\t\t\t\t<\/div>\n\t\t\t\t<div class=\"elementor-element elementor-element-5a482cef elementor-widget elementor-widget-text-editor\" data-id=\"5a482cef\" data-element_type=\"widget\" data-e-type=\"widget\" data-widget_type=\"text-editor.default\">\n\t\t\t\t<div class=\"elementor-widget-container\">\n\t\t\t\t\t\t\t\t\t<p><strong>Podeu consultar l\u2019enlla\u00e7 al Post: <a href=\"https:\/\/www.elturistatranquil.com\/ca\/costa-da-morte-as-garzas\/#a0113\" target=\"_blank\" rel=\"noopener\">COSTA DA MORTE: RESTAURANT-ALLOTJAMENT AS GARZAS<\/a><\/strong><\/p>\t\t\t\t\t\t\t\t<\/div>\n\t\t\t\t<\/div>\n\t\t\t\t\t<\/div>\n\t\t<\/div>\n\t\t\t\t\t<\/div>\n\t\t<\/section>\n\t\t\t\t<section class=\"elementor-section elementor-top-section elementor-element elementor-element-2f62bf65 elementor-section-boxed elementor-section-height-default elementor-section-height-default\" data-id=\"2f62bf65\" data-element_type=\"section\" data-e-type=\"section\">\n\t\t\t\t\t\t<div class=\"elementor-container elementor-column-gap-default\">\n\t\t\t\t\t<div class=\"elementor-column elementor-col-100 elementor-top-column elementor-element elementor-element-6963754e\" data-id=\"6963754e\" data-element_type=\"column\" data-e-type=\"column\">\n\t\t\t<div class=\"elementor-widget-wrap elementor-element-populated\">\n\t\t\t\t\t\t<div class=\"elementor-element elementor-element-7a94d62f elementor-share-buttons--view-icon elementor-share-buttons--skin-minimal elementor-share-buttons--shape-circle elementor-grid-0 elementor-share-buttons--color-official elementor-widget elementor-widget-global elementor-global-398 elementor-widget-share-buttons\" data-id=\"7a94d62f\" data-element_type=\"widget\" data-e-type=\"widget\" data-widget_type=\"share-buttons.default\">\n\t\t\t\t<div class=\"elementor-widget-container\">\n\t\t\t\t\t\t\t<div class=\"elementor-grid\" role=\"list\">\n\t\t\t\t\t\t\t\t<div class=\"elementor-grid-item\" role=\"listitem\">\n\t\t\t\t\t\t<div class=\"elementor-share-btn elementor-share-btn_facebook\" role=\"button\" tabindex=\"0\" aria-label=\"Compartici\u00f3 en facebook\">\n\t\t\t\t\t\t\t\t\t\t\t\t\t\t\t<span class=\"elementor-share-btn__icon\">\n\t\t\t\t\t\t\t\t<i class=\"fab fa-facebook\" aria-hidden=\"true\"><\/i>\t\t\t\t\t\t\t<\/span>\n\t\t\t\t\t\t\t\t\t\t\t\t\t\t\t\t\t\t\t\t<\/div>\n\t\t\t\t\t<\/div>\n\t\t\t\t\t\t\t\t\t<div class=\"elementor-grid-item\" role=\"listitem\">\n\t\t\t\t\t\t<div class=\"elementor-share-btn elementor-share-btn_twitter\" role=\"button\" tabindex=\"0\" aria-label=\"Compartici\u00f3 en twitter\">\n\t\t\t\t\t\t\t\t\t\t\t\t\t\t\t<span class=\"elementor-share-btn__icon\">\n\t\t\t\t\t\t\t\t<i class=\"fab fa-twitter\" aria-hidden=\"true\"><\/i>\t\t\t\t\t\t\t<\/span>\n\t\t\t\t\t\t\t\t\t\t\t\t\t\t\t\t\t\t\t\t<\/div>\n\t\t\t\t\t<\/div>\n\t\t\t\t\t\t\t\t\t<div class=\"elementor-grid-item\" role=\"listitem\">\n\t\t\t\t\t\t<div class=\"elementor-share-btn elementor-share-btn_pinterest\" role=\"button\" tabindex=\"0\" aria-label=\"Compartici\u00f3 en pinterest\">\n\t\t\t\t\t\t\t\t\t\t\t\t\t\t\t<span class=\"elementor-share-btn__icon\">\n\t\t\t\t\t\t\t\t<i class=\"fab fa-pinterest\" aria-hidden=\"true\"><\/i>\t\t\t\t\t\t\t<\/span>\n\t\t\t\t\t\t\t\t\t\t\t\t\t\t\t\t\t\t\t\t<\/div>\n\t\t\t\t\t<\/div>\n\t\t\t\t\t\t\t\t\t<div class=\"elementor-grid-item\" role=\"listitem\">\n\t\t\t\t\t\t<div class=\"elementor-share-btn elementor-share-btn_whatsapp\" role=\"button\" tabindex=\"0\" aria-label=\"Compartici\u00f3 en whatsapp\">\n\t\t\t\t\t\t\t\t\t\t\t\t\t\t\t<span class=\"elementor-share-btn__icon\">\n\t\t\t\t\t\t\t\t<i class=\"fab fa-whatsapp\" aria-hidden=\"true\"><\/i>\t\t\t\t\t\t\t<\/span>\n\t\t\t\t\t\t\t\t\t\t\t\t\t\t\t\t\t\t\t\t<\/div>\n\t\t\t\t\t<\/div>\n\t\t\t\t\t\t\t\t\t<div class=\"elementor-grid-item\" role=\"listitem\">\n\t\t\t\t\t\t<div class=\"elementor-share-btn elementor-share-btn_email\" role=\"button\" tabindex=\"0\" aria-label=\"Compartici\u00f3 en email\">\n\t\t\t\t\t\t\t\t\t\t\t\t\t\t\t<span class=\"elementor-share-btn__icon\">\n\t\t\t\t\t\t\t\t<i class=\"fas fa-envelope\" aria-hidden=\"true\"><\/i>\t\t\t\t\t\t\t<\/span>\n\t\t\t\t\t\t\t\t\t\t\t\t\t\t\t\t\t\t\t\t<\/div>\n\t\t\t\t\t<\/div>\n\t\t\t\t\t\t<\/div>\n\t\t\t\t\t\t<\/div>\n\t\t\t\t<\/div>\n\t\t\t\t\t<\/div>\n\t\t<\/div>\n\t\t\t\t\t<\/div>\n\t\t<\/section>\n\t\t\t\t<\/div>\n\t\t","protected":false},"excerpt":{"rendered":"<p>Mux\u00eda (A Coru\u00f1a). On es reuneix lo ancestral de la cultura celta en simbiosi amb la tradici\u00f3 cristiana vinculada al Cam\u00ed de Sant Jaume. Tamb\u00e9 funest record del naufragi del &#8230; <a title=\"Mux\u00eda (A Coru\u00f1a)\" class=\"read-more\" href=\"https:\/\/www.elturistatranquil.com\/ca\/muxia\/\" aria-label=\"M\u00e9s informaci\u00f3 sobre Mux\u00eda (A Coru\u00f1a)\">[ &#8230; ]<\/a><\/p>\n","protected":false},"author":1,"featured_media":2207,"comment_status":"open","ping_status":"closed","sticky":false,"template":"","format":"standard","meta":{"footnotes":""},"categories":[121,70,72,81,83,95,99,100,106,107],"tags":[],"class_list":["post-2227","post","type-post","status-publish","format-standard","has-post-thumbnail","hentry","category-a-coruna-ca-2","category-arquitectura-civil-ca","category-arquitectura-religiosa-ca","category-etnografia-ca","category-historia-ca","category-paisatge","category-poble","category-pobles-i-ciutats-amb-interes","category-segle-xviii-xix","category-segle-xx-xxi","infinite-scroll-item","generate-columns","tablet-grid-50","mobile-grid-100","grid-parent","grid-50","no-featured-image-padding"],"yoast_head":"<!-- This site is optimized with the Yoast SEO plugin v27.4 - https:\/\/yoast.com\/product\/yoast-seo-wordpress\/ -->\n<title>Mux\u00eda (A Coru\u00f1a) - El turista tranquil<\/title>\n<meta name=\"description\" content=\"Mux\u00eda (A Coru\u00f1a). On es reuneix lo ancestral de la cultura celta en simbiosi amb la tradici\u00f3 cristiana vinculada al Cam\u00ed de Sant Jaume. Tamb\u00e9 funest record del naufragi del Prestige.\" \/>\n<meta name=\"robots\" content=\"index, follow, max-snippet:-1, max-image-preview:large, max-video-preview:-1\" \/>\n<link rel=\"canonical\" href=\"https:\/\/www.elturistatranquil.com\/ca\/muxia\/\" \/>\n<meta property=\"og:locale\" content=\"ca_ES\" \/>\n<meta property=\"og:type\" content=\"article\" \/>\n<meta property=\"og:title\" content=\"Mux\u00eda (A Coru\u00f1a) - El turista tranquil\" \/>\n<meta property=\"og:description\" content=\"Mux\u00eda (A Coru\u00f1a). On es reuneix lo ancestral de la cultura celta en simbiosi amb la tradici\u00f3 cristiana vinculada al Cam\u00ed de Sant Jaume. Tamb\u00e9 funest record del naufragi del Prestige.\" \/>\n<meta property=\"og:url\" content=\"https:\/\/www.elturistatranquil.com\/ca\/muxia\/\" \/>\n<meta property=\"og:site_name\" content=\"El turista tranquil\" \/>\n<meta property=\"article:publisher\" content=\"https:\/\/www.facebook.com\/elturistatranquilo\/\" \/>\n<meta property=\"article:published_time\" content=\"2018-03-13T16:16:25+00:00\" \/>\n<meta property=\"article:modified_time\" content=\"2018-12-29T11:19:55+00:00\" \/>\n<meta property=\"og:image\" content=\"https:\/\/www.elturistatranquil.com\/wp-content\/uploads\/F03-Mux\u00eda.jpg\" \/>\n\t<meta property=\"og:image:width\" content=\"800\" \/>\n\t<meta property=\"og:image:height\" content=\"532\" \/>\n\t<meta property=\"og:image:type\" content=\"image\/jpeg\" \/>\n<meta name=\"author\" content=\"admin\" \/>\n<meta name=\"twitter:card\" content=\"summary_large_image\" \/>\n<meta name=\"twitter:label1\" content=\"Escrit per\" \/>\n\t<meta name=\"twitter:data1\" content=\"admin\" \/>\n\t<meta name=\"twitter:label2\" content=\"Temps estimat de lectura\" \/>\n\t<meta name=\"twitter:data2\" content=\"4 minuts\" \/>\n<script type=\"application\/ld+json\" class=\"yoast-schema-graph\">{\"@context\":\"https:\\\/\\\/schema.org\",\"@graph\":[{\"@type\":\"Article\",\"@id\":\"https:\\\/\\\/www.elturistatranquil.com\\\/ca\\\/muxia\\\/#article\",\"isPartOf\":{\"@id\":\"https:\\\/\\\/www.elturistatranquil.com\\\/ca\\\/muxia\\\/\"},\"author\":{\"name\":\"admin\",\"@id\":\"https:\\\/\\\/www.elturistatranquil.com\\\/ca\\\/#\\\/schema\\\/person\\\/16f607c3079b96ed0c530a52e6b58bb5\"},\"headline\":\"Mux\u00eda (A Coru\u00f1a)\",\"datePublished\":\"2018-03-13T16:16:25+00:00\",\"dateModified\":\"2018-12-29T11:19:55+00:00\",\"mainEntityOfPage\":{\"@id\":\"https:\\\/\\\/www.elturistatranquil.com\\\/ca\\\/muxia\\\/\"},\"wordCount\":736,\"commentCount\":0,\"image\":{\"@id\":\"https:\\\/\\\/www.elturistatranquil.com\\\/ca\\\/muxia\\\/#primaryimage\"},\"thumbnailUrl\":\"https:\\\/\\\/www.elturistatranquil.com\\\/wp-content\\\/uploads\\\/F03-Mux\u00eda.jpg\",\"articleSection\":[\"A Coru\u00f1a\",\"Arquitectura civil\",\"Arquitectura religiosa\",\"Etnografia\",\"Hist\u00f2ria\",\"Paisatge\",\"Poble\",\"Pobles i ciutats amb inter\u00e9s\",\"Segle XVIII-XIX\",\"Segle XX-XXI\"],\"inLanguage\":\"ca\",\"potentialAction\":[{\"@type\":\"CommentAction\",\"name\":\"Comment\",\"target\":[\"https:\\\/\\\/www.elturistatranquil.com\\\/ca\\\/muxia\\\/#respond\"]}]},{\"@type\":\"WebPage\",\"@id\":\"https:\\\/\\\/www.elturistatranquil.com\\\/ca\\\/muxia\\\/\",\"url\":\"https:\\\/\\\/www.elturistatranquil.com\\\/ca\\\/muxia\\\/\",\"name\":\"Mux\u00eda (A Coru\u00f1a) - El turista tranquil\",\"isPartOf\":{\"@id\":\"https:\\\/\\\/www.elturistatranquil.com\\\/ca\\\/#website\"},\"primaryImageOfPage\":{\"@id\":\"https:\\\/\\\/www.elturistatranquil.com\\\/ca\\\/muxia\\\/#primaryimage\"},\"image\":{\"@id\":\"https:\\\/\\\/www.elturistatranquil.com\\\/ca\\\/muxia\\\/#primaryimage\"},\"thumbnailUrl\":\"https:\\\/\\\/www.elturistatranquil.com\\\/wp-content\\\/uploads\\\/F03-Mux\u00eda.jpg\",\"datePublished\":\"2018-03-13T16:16:25+00:00\",\"dateModified\":\"2018-12-29T11:19:55+00:00\",\"author\":{\"@id\":\"https:\\\/\\\/www.elturistatranquil.com\\\/ca\\\/#\\\/schema\\\/person\\\/16f607c3079b96ed0c530a52e6b58bb5\"},\"description\":\"Mux\u00eda (A Coru\u00f1a). On es reuneix lo ancestral de la cultura celta en simbiosi amb la tradici\u00f3 cristiana vinculada al Cam\u00ed de Sant Jaume. Tamb\u00e9 funest record del naufragi del Prestige.\",\"breadcrumb\":{\"@id\":\"https:\\\/\\\/www.elturistatranquil.com\\\/ca\\\/muxia\\\/#breadcrumb\"},\"inLanguage\":\"ca\",\"potentialAction\":[{\"@type\":\"ReadAction\",\"target\":[\"https:\\\/\\\/www.elturistatranquil.com\\\/ca\\\/muxia\\\/\"]}]},{\"@type\":\"ImageObject\",\"inLanguage\":\"ca\",\"@id\":\"https:\\\/\\\/www.elturistatranquil.com\\\/ca\\\/muxia\\\/#primaryimage\",\"url\":\"https:\\\/\\\/www.elturistatranquil.com\\\/wp-content\\\/uploads\\\/F03-Mux\u00eda.jpg\",\"contentUrl\":\"https:\\\/\\\/www.elturistatranquil.com\\\/wp-content\\\/uploads\\\/F03-Mux\u00eda.jpg\",\"width\":800,\"height\":532,\"caption\":\"Mux\u00eda (foto de Adri\u00e1n Est\u00e9vez)\"},{\"@type\":\"BreadcrumbList\",\"@id\":\"https:\\\/\\\/www.elturistatranquil.com\\\/ca\\\/muxia\\\/#breadcrumb\",\"itemListElement\":[{\"@type\":\"ListItem\",\"position\":1,\"name\":\"Portada\",\"item\":\"https:\\\/\\\/www.elturistatranquil.com\\\/ca\\\/\"},{\"@type\":\"ListItem\",\"position\":2,\"name\":\"Mux\u00eda (A Coru\u00f1a)\"}]},{\"@type\":\"WebSite\",\"@id\":\"https:\\\/\\\/www.elturistatranquil.com\\\/ca\\\/#website\",\"url\":\"https:\\\/\\\/www.elturistatranquil.com\\\/ca\\\/\",\"name\":\"El turista tranquil\",\"description\":\"Blog de viatges\",\"potentialAction\":[{\"@type\":\"SearchAction\",\"target\":{\"@type\":\"EntryPoint\",\"urlTemplate\":\"https:\\\/\\\/www.elturistatranquil.com\\\/ca\\\/?s={search_term_string}\"},\"query-input\":{\"@type\":\"PropertyValueSpecification\",\"valueRequired\":true,\"valueName\":\"search_term_string\"}}],\"inLanguage\":\"ca\"},{\"@type\":\"Person\",\"@id\":\"https:\\\/\\\/www.elturistatranquil.com\\\/ca\\\/#\\\/schema\\\/person\\\/16f607c3079b96ed0c530a52e6b58bb5\",\"name\":\"admin\",\"image\":{\"@type\":\"ImageObject\",\"inLanguage\":\"ca\",\"@id\":\"https:\\\/\\\/secure.gravatar.com\\\/avatar\\\/1fbaf22aee75fcbb29a2f97b107f95d25d3a19b7c3416105be10269872673e8d?s=96&d=mm&r=g\",\"url\":\"https:\\\/\\\/secure.gravatar.com\\\/avatar\\\/1fbaf22aee75fcbb29a2f97b107f95d25d3a19b7c3416105be10269872673e8d?s=96&d=mm&r=g\",\"contentUrl\":\"https:\\\/\\\/secure.gravatar.com\\\/avatar\\\/1fbaf22aee75fcbb29a2f97b107f95d25d3a19b7c3416105be10269872673e8d?s=96&d=mm&r=g\",\"caption\":\"admin\"}}]}<\/script>\n<!-- \/ Yoast SEO plugin. -->","yoast_head_json":{"title":"Mux\u00eda (A Coru\u00f1a) - El turista tranquil","description":"Mux\u00eda (A Coru\u00f1a). On es reuneix lo ancestral de la cultura celta en simbiosi amb la tradici\u00f3 cristiana vinculada al Cam\u00ed de Sant Jaume. Tamb\u00e9 funest record del naufragi del Prestige.","robots":{"index":"index","follow":"follow","max-snippet":"max-snippet:-1","max-image-preview":"max-image-preview:large","max-video-preview":"max-video-preview:-1"},"canonical":"https:\/\/www.elturistatranquil.com\/ca\/muxia\/","og_locale":"ca_ES","og_type":"article","og_title":"Mux\u00eda (A Coru\u00f1a) - El turista tranquil","og_description":"Mux\u00eda (A Coru\u00f1a). On es reuneix lo ancestral de la cultura celta en simbiosi amb la tradici\u00f3 cristiana vinculada al Cam\u00ed de Sant Jaume. Tamb\u00e9 funest record del naufragi del Prestige.","og_url":"https:\/\/www.elturistatranquil.com\/ca\/muxia\/","og_site_name":"El turista tranquil","article_publisher":"https:\/\/www.facebook.com\/elturistatranquilo\/","article_published_time":"2018-03-13T16:16:25+00:00","article_modified_time":"2018-12-29T11:19:55+00:00","og_image":[{"width":800,"height":532,"url":"https:\/\/www.elturistatranquil.com\/wp-content\/uploads\/F03-Mux\u00eda.jpg","type":"image\/jpeg"}],"author":"admin","twitter_card":"summary_large_image","twitter_misc":{"Escrit per":"admin","Temps estimat de lectura":"4 minuts"},"schema":{"@context":"https:\/\/schema.org","@graph":[{"@type":"Article","@id":"https:\/\/www.elturistatranquil.com\/ca\/muxia\/#article","isPartOf":{"@id":"https:\/\/www.elturistatranquil.com\/ca\/muxia\/"},"author":{"name":"admin","@id":"https:\/\/www.elturistatranquil.com\/ca\/#\/schema\/person\/16f607c3079b96ed0c530a52e6b58bb5"},"headline":"Mux\u00eda (A Coru\u00f1a)","datePublished":"2018-03-13T16:16:25+00:00","dateModified":"2018-12-29T11:19:55+00:00","mainEntityOfPage":{"@id":"https:\/\/www.elturistatranquil.com\/ca\/muxia\/"},"wordCount":736,"commentCount":0,"image":{"@id":"https:\/\/www.elturistatranquil.com\/ca\/muxia\/#primaryimage"},"thumbnailUrl":"https:\/\/www.elturistatranquil.com\/wp-content\/uploads\/F03-Mux\u00eda.jpg","articleSection":["A Coru\u00f1a","Arquitectura civil","Arquitectura religiosa","Etnografia","Hist\u00f2ria","Paisatge","Poble","Pobles i ciutats amb inter\u00e9s","Segle XVIII-XIX","Segle XX-XXI"],"inLanguage":"ca","potentialAction":[{"@type":"CommentAction","name":"Comment","target":["https:\/\/www.elturistatranquil.com\/ca\/muxia\/#respond"]}]},{"@type":"WebPage","@id":"https:\/\/www.elturistatranquil.com\/ca\/muxia\/","url":"https:\/\/www.elturistatranquil.com\/ca\/muxia\/","name":"Mux\u00eda (A Coru\u00f1a) - El turista tranquil","isPartOf":{"@id":"https:\/\/www.elturistatranquil.com\/ca\/#website"},"primaryImageOfPage":{"@id":"https:\/\/www.elturistatranquil.com\/ca\/muxia\/#primaryimage"},"image":{"@id":"https:\/\/www.elturistatranquil.com\/ca\/muxia\/#primaryimage"},"thumbnailUrl":"https:\/\/www.elturistatranquil.com\/wp-content\/uploads\/F03-Mux\u00eda.jpg","datePublished":"2018-03-13T16:16:25+00:00","dateModified":"2018-12-29T11:19:55+00:00","author":{"@id":"https:\/\/www.elturistatranquil.com\/ca\/#\/schema\/person\/16f607c3079b96ed0c530a52e6b58bb5"},"description":"Mux\u00eda (A Coru\u00f1a). On es reuneix lo ancestral de la cultura celta en simbiosi amb la tradici\u00f3 cristiana vinculada al Cam\u00ed de Sant Jaume. Tamb\u00e9 funest record del naufragi del Prestige.","breadcrumb":{"@id":"https:\/\/www.elturistatranquil.com\/ca\/muxia\/#breadcrumb"},"inLanguage":"ca","potentialAction":[{"@type":"ReadAction","target":["https:\/\/www.elturistatranquil.com\/ca\/muxia\/"]}]},{"@type":"ImageObject","inLanguage":"ca","@id":"https:\/\/www.elturistatranquil.com\/ca\/muxia\/#primaryimage","url":"https:\/\/www.elturistatranquil.com\/wp-content\/uploads\/F03-Mux\u00eda.jpg","contentUrl":"https:\/\/www.elturistatranquil.com\/wp-content\/uploads\/F03-Mux\u00eda.jpg","width":800,"height":532,"caption":"Mux\u00eda (foto de Adri\u00e1n Est\u00e9vez)"},{"@type":"BreadcrumbList","@id":"https:\/\/www.elturistatranquil.com\/ca\/muxia\/#breadcrumb","itemListElement":[{"@type":"ListItem","position":1,"name":"Portada","item":"https:\/\/www.elturistatranquil.com\/ca\/"},{"@type":"ListItem","position":2,"name":"Mux\u00eda (A Coru\u00f1a)"}]},{"@type":"WebSite","@id":"https:\/\/www.elturistatranquil.com\/ca\/#website","url":"https:\/\/www.elturistatranquil.com\/ca\/","name":"El turista tranquil","description":"Blog de viatges","potentialAction":[{"@type":"SearchAction","target":{"@type":"EntryPoint","urlTemplate":"https:\/\/www.elturistatranquil.com\/ca\/?s={search_term_string}"},"query-input":{"@type":"PropertyValueSpecification","valueRequired":true,"valueName":"search_term_string"}}],"inLanguage":"ca"},{"@type":"Person","@id":"https:\/\/www.elturistatranquil.com\/ca\/#\/schema\/person\/16f607c3079b96ed0c530a52e6b58bb5","name":"admin","image":{"@type":"ImageObject","inLanguage":"ca","@id":"https:\/\/secure.gravatar.com\/avatar\/1fbaf22aee75fcbb29a2f97b107f95d25d3a19b7c3416105be10269872673e8d?s=96&d=mm&r=g","url":"https:\/\/secure.gravatar.com\/avatar\/1fbaf22aee75fcbb29a2f97b107f95d25d3a19b7c3416105be10269872673e8d?s=96&d=mm&r=g","contentUrl":"https:\/\/secure.gravatar.com\/avatar\/1fbaf22aee75fcbb29a2f97b107f95d25d3a19b7c3416105be10269872673e8d?s=96&d=mm&r=g","caption":"admin"}}]}},"_links":{"self":[{"href":"https:\/\/www.elturistatranquil.com\/ca\/wp-json\/wp\/v2\/posts\/2227","targetHints":{"allow":["GET"]}}],"collection":[{"href":"https:\/\/www.elturistatranquil.com\/ca\/wp-json\/wp\/v2\/posts"}],"about":[{"href":"https:\/\/www.elturistatranquil.com\/ca\/wp-json\/wp\/v2\/types\/post"}],"author":[{"embeddable":true,"href":"https:\/\/www.elturistatranquil.com\/ca\/wp-json\/wp\/v2\/users\/1"}],"replies":[{"embeddable":true,"href":"https:\/\/www.elturistatranquil.com\/ca\/wp-json\/wp\/v2\/comments?post=2227"}],"version-history":[{"count":0,"href":"https:\/\/www.elturistatranquil.com\/ca\/wp-json\/wp\/v2\/posts\/2227\/revisions"}],"wp:featuredmedia":[{"embeddable":true,"href":"https:\/\/www.elturistatranquil.com\/ca\/wp-json\/wp\/v2\/media\/2207"}],"wp:attachment":[{"href":"https:\/\/www.elturistatranquil.com\/ca\/wp-json\/wp\/v2\/media?parent=2227"}],"wp:term":[{"taxonomy":"category","embeddable":true,"href":"https:\/\/www.elturistatranquil.com\/ca\/wp-json\/wp\/v2\/categories?post=2227"},{"taxonomy":"post_tag","embeddable":true,"href":"https:\/\/www.elturistatranquil.com\/ca\/wp-json\/wp\/v2\/tags?post=2227"}],"curies":[{"name":"wp","href":"https:\/\/api.w.org\/{rel}","templated":true}]}}