{"id":22305,"date":"2019-09-10T17:58:40","date_gmt":"2019-09-10T15:58:40","guid":{"rendered":"https:\/\/www.elturistatranquil.com\/?p=22305"},"modified":"2025-08-04T19:34:17","modified_gmt":"2025-08-04T17:34:17","slug":"cuevas-del-almanzora-almeria","status":"publish","type":"post","link":"https:\/\/www.elturistatranquil.com\/ca\/cuevas-del-almanzora-almeria\/","title":{"rendered":"Cuevas del Almanzora (Almer\u00eda)"},"content":{"rendered":"\t\t<div data-elementor-type=\"wp-post\" data-elementor-id=\"22305\" class=\"elementor elementor-22305 elementor-22064\" data-elementor-post-type=\"post\">\n\t\t\t\t\t\t<section class=\"elementor-section elementor-top-section elementor-element elementor-element-f8318c1 elementor-section-boxed elementor-section-height-default elementor-section-height-default\" data-id=\"f8318c1\" data-element_type=\"section\" data-e-type=\"section\">\n\t\t\t\t\t\t<div class=\"elementor-container elementor-column-gap-default\">\n\t\t\t\t\t<div class=\"elementor-column elementor-col-100 elementor-top-column elementor-element elementor-element-6e1dd012\" data-id=\"6e1dd012\" data-element_type=\"column\" data-e-type=\"column\">\n\t\t\t<div class=\"elementor-widget-wrap elementor-element-populated\">\n\t\t\t\t\t\t<section class=\"elementor-section elementor-inner-section elementor-element elementor-element-680e55d1 elementor-section-content-middle elementor-section-boxed elementor-section-height-default elementor-section-height-default\" data-id=\"680e55d1\" data-element_type=\"section\" data-e-type=\"section\">\n\t\t\t\t\t\t<div class=\"elementor-container elementor-column-gap-default\">\n\t\t\t\t\t<div class=\"elementor-column elementor-col-100 elementor-inner-column elementor-element elementor-element-1499a695\" data-id=\"1499a695\" data-element_type=\"column\" data-e-type=\"column\">\n\t\t\t<div class=\"elementor-widget-wrap elementor-element-populated\">\n\t\t\t\t\t\t<div class=\"elementor-element elementor-element-67d3bf57 elementor-widget elementor-widget-text-editor\" data-id=\"67d3bf57\" data-element_type=\"widget\" data-e-type=\"widget\" data-widget_type=\"text-editor.default\">\n\t\t\t\t<div class=\"elementor-widget-container\">\n\t\t\t\t\t\t\t\t\t<p><em>Cuevas del Almanzora<\/em>, en el Levante Almeriense, en la seva configuraci\u00f3 actual \u00e9s producte del senyoriu dels V\u00e9lez, amb el seu castell del segle XVI i altres obres que van promoure, i la burgesia del segle XIX basada en la mineria, sense oblidar les seves coves-habitatge.<\/p>\t\t\t\t\t\t\t\t<\/div>\n\t\t\t\t<\/div>\n\t\t\t\t\t<\/div>\n\t\t<\/div>\n\t\t\t\t\t<\/div>\n\t\t<\/section>\n\t\t\t\t<div class=\"elementor-element elementor-element-3bcb9de2 elementor-widget elementor-widget-heading\" data-id=\"3bcb9de2\" data-element_type=\"widget\" data-e-type=\"widget\" data-widget_type=\"heading.default\">\n\t\t\t\t<div class=\"elementor-widget-container\">\n\t\t\t\t\t<h1 class=\"elementor-heading-title elementor-size-default\">Cuevas del Almanzora (Almer\u00eda)<\/h1>\t\t\t\t<\/div>\n\t\t\t\t<\/div>\n\t\t\t\t\t<\/div>\n\t\t<\/div>\n\t\t\t\t\t<\/div>\n\t\t<\/section>\n\t\t\t\t<section class=\"elementor-section elementor-top-section elementor-element elementor-element-48947825 elementor-section-boxed elementor-section-height-default elementor-section-height-default\" data-id=\"48947825\" data-element_type=\"section\" data-e-type=\"section\">\n\t\t\t\t\t\t<div class=\"elementor-container elementor-column-gap-default\">\n\t\t\t\t\t<div class=\"elementor-column elementor-col-100 elementor-top-column elementor-element elementor-element-1551e59e\" data-id=\"1551e59e\" data-element_type=\"column\" data-e-type=\"column\">\n\t\t\t<div class=\"elementor-widget-wrap elementor-element-populated\">\n\t\t\t\t\t\t<div class=\"elementor-element elementor-element-39062118 elementor-widget elementor-widget-image\" data-id=\"39062118\" data-element_type=\"widget\" data-e-type=\"widget\" data-widget_type=\"image.default\">\n\t\t\t\t<div class=\"elementor-widget-container\">\n\t\t\t\t\t\t\t\t\t\t\t\t<figure class=\"wp-caption\">\n\t\t\t\t\t\t\t\t\t\t<img fetchpriority=\"high\" decoding=\"async\" width=\"768\" height=\"512\" src=\"https:\/\/www.elturistatranquil.com\/wp-content\/uploads\/F01-Cuevas-del-Almanzora-Google-earth-2019-09-05-1.jpg\" class=\"attachment-large size-large wp-image-22307\" alt=\"\" srcset=\"https:\/\/www.elturistatranquil.com\/wp-content\/uploads\/F01-Cuevas-del-Almanzora-Google-earth-2019-09-05-1.jpg 768w, https:\/\/www.elturistatranquil.com\/wp-content\/uploads\/F01-Cuevas-del-Almanzora-Google-earth-2019-09-05-1-339x226.jpg 339w\" sizes=\"(max-width: 768px) 100vw, 768px\" \/>\t\t\t\t\t\t\t\t\t\t\t<figcaption class=\"widget-image-caption wp-caption-text\">Cuevas del Almanzora (Google earth 2019-09-05)<\/figcaption>\n\t\t\t\t\t\t\t\t\t\t<\/figure>\n\t\t\t\t\t\t\t\t\t<\/div>\n\t\t\t\t<\/div>\n\t\t\t\t<div class=\"elementor-element elementor-element-61c308cd elementor-widget elementor-widget-spacer\" data-id=\"61c308cd\" data-element_type=\"widget\" data-e-type=\"widget\" data-widget_type=\"spacer.default\">\n\t\t\t\t<div class=\"elementor-widget-container\">\n\t\t\t\t\t\t\t<div class=\"elementor-spacer\">\n\t\t\t<div class=\"elementor-spacer-inner\"><\/div>\n\t\t<\/div>\n\t\t\t\t\t\t<\/div>\n\t\t\t\t<\/div>\n\t\t\t\t<div class=\"elementor-element elementor-element-46d942ae elementor-widget elementor-widget-heading\" data-id=\"46d942ae\" data-element_type=\"widget\" data-e-type=\"widget\" data-widget_type=\"heading.default\">\n\t\t\t\t<div class=\"elementor-widget-container\">\n\t\t\t\t\t<h2 class=\"elementor-heading-title elementor-size-default\">Cuevas del Almanzora. Levante Almeriense. Almer\u00eda<\/h2>\t\t\t\t<\/div>\n\t\t\t\t<\/div>\n\t\t\t\t<section class=\"elementor-section elementor-inner-section elementor-element elementor-element-19d40727 elementor-section-boxed elementor-section-height-default elementor-section-height-default\" data-id=\"19d40727\" data-element_type=\"section\" data-e-type=\"section\" data-settings=\"{&quot;background_background&quot;:&quot;classic&quot;}\">\n\t\t\t\t\t\t\t<div class=\"elementor-background-overlay\"><\/div>\n\t\t\t\t\t\t\t<div class=\"elementor-container elementor-column-gap-default\">\n\t\t\t\t\t<div class=\"elementor-column elementor-col-100 elementor-inner-column elementor-element elementor-element-4ab6a806\" data-id=\"4ab6a806\" data-element_type=\"column\" data-e-type=\"column\" data-settings=\"{&quot;background_background&quot;:&quot;classic&quot;}\">\n\t\t\t<div class=\"elementor-widget-wrap elementor-element-populated\">\n\t\t\t\t\t\t<div class=\"elementor-element elementor-element-7ce234b elementor-widget elementor-widget-text-editor\" data-id=\"7ce234b\" data-element_type=\"widget\" data-e-type=\"widget\" data-widget_type=\"text-editor.default\">\n\t\t\t\t<div class=\"elementor-widget-container\">\n\t\t\t\t\t\t\t\t\t<p>Cuevas del Almanzora. Comarca: Levante Almeriense. Prov\u00edncia: Almer\u00eda. Com. Aut\u00f2noma: Andalusia<\/p><p>Coordenades: 37\u00b017\u203249\u2033N 1\u00b052\u203247\u2033O. Altitud: 88 msnm. Poblaci\u00f3: a la localitat 6.462 habitants el 2018; 13.776 habitants al municipi.<\/p><p>Web: <a href=\"https:\/\/www.cuevasdelalmanzora.es\/\" target=\"_blank\" rel=\"noopener\">ayuntamiento<\/a><\/p><p>Visita: 2019<\/p>\t\t\t\t\t\t\t\t<\/div>\n\t\t\t\t<\/div>\n\t\t\t\t\t<\/div>\n\t\t<\/div>\n\t\t\t\t\t<\/div>\n\t\t<\/section>\n\t\t\t\t<div class=\"elementor-element elementor-element-1872a3a3 elementor-widget elementor-widget-image\" data-id=\"1872a3a3\" data-element_type=\"widget\" data-e-type=\"widget\" data-widget_type=\"image.default\">\n\t\t\t\t<div class=\"elementor-widget-container\">\n\t\t\t\t\t\t\t\t\t\t\t\t<figure class=\"wp-caption\">\n\t\t\t\t\t\t\t\t\t\t<img decoding=\"async\" width=\"768\" height=\"512\" src=\"https:\/\/www.elturistatranquil.com\/wp-content\/uploads\/F02-Situaci\u00f3n-de-Cuevas-del-Almanzora-Google-maps-2019-09-05-1-768x512.jpg\" class=\"attachment-medium_large size-medium_large wp-image-22309\" alt=\"\" srcset=\"https:\/\/www.elturistatranquil.com\/wp-content\/uploads\/F02-Situaci\u00f3n-de-Cuevas-del-Almanzora-Google-maps-2019-09-05-1.jpg 768w, https:\/\/www.elturistatranquil.com\/wp-content\/uploads\/F02-Situaci\u00f3n-de-Cuevas-del-Almanzora-Google-maps-2019-09-05-1-339x226.jpg 339w\" sizes=\"(max-width: 768px) 100vw, 768px\" \/>\t\t\t\t\t\t\t\t\t\t\t<figcaption class=\"widget-image-caption wp-caption-text\">Mapa de situaci\u00f3 de Cuevas del Almanzora (Google maps 2019-09-05)<\/figcaption>\n\t\t\t\t\t\t\t\t\t\t<\/figure>\n\t\t\t\t\t\t\t\t\t<\/div>\n\t\t\t\t<\/div>\n\t\t\t\t<section class=\"elementor-section elementor-inner-section elementor-element elementor-element-6fd8a45 elementor-section-boxed elementor-section-height-default elementor-section-height-default\" data-id=\"6fd8a45\" data-element_type=\"section\" data-e-type=\"section\" data-settings=\"{&quot;background_background&quot;:&quot;classic&quot;}\">\n\t\t\t\t\t\t<div class=\"elementor-container elementor-column-gap-default\">\n\t\t\t\t\t<div class=\"elementor-column elementor-col-100 elementor-inner-column elementor-element elementor-element-3aaed821\" data-id=\"3aaed821\" data-element_type=\"column\" data-e-type=\"column\">\n\t\t\t<div class=\"elementor-widget-wrap elementor-element-populated\">\n\t\t\t\t\t\t<div class=\"elementor-element elementor-element-5c4b6165 elementor-widget elementor-widget-text-editor\" data-id=\"5c4b6165\" data-element_type=\"widget\" data-e-type=\"widget\" data-widget_type=\"text-editor.default\">\n\t\t\t\t<div class=\"elementor-widget-container\">\n\t\t\t\t\t\t\t\t\t<p style=\"text-align: center;\"><strong>\u00cdndex<\/strong><\/p>\t\t\t\t\t\t\t\t<\/div>\n\t\t\t\t<\/div>\n\t\t\t\t<div class=\"elementor-element elementor-element-4fe7f404 elementor-widget elementor-widget-text-editor\" data-id=\"4fe7f404\" data-element_type=\"widget\" data-e-type=\"widget\" data-widget_type=\"text-editor.default\">\n\t\t\t\t<div class=\"elementor-widget-container\">\n\t\t\t\t\t\t\t\t\t<p><a href=\"https:\/\/www.elturistatranquil.com\/ca\/cuevas-del-almanzora-(almeria)\/#c3701\">Cuevas del Almanzora. Levante Almeriense. Almer\u00eda<\/a><\/p><p><a href=\"https:\/\/www.elturistatranquil.com\/ca\/cuevas-del-almanzora-(almeria)\/#c3702\">El territori<\/a><\/p><p><a href=\"https:\/\/www.elturistatranquil.com\/ca\/cuevas-del-almanzora-(almeria)\/#c3703\">Una mica d&#8217;hist\u00f2ria<\/a><\/p><p><a href=\"https:\/\/www.elturistatranquil.com\/ca\/cuevas-del-almanzora-(almeria)\/#c3704\">Recorregut per Cuevas del Almanzora<\/a><\/p><p style=\"padding-left: 40px;\"><a href=\"https:\/\/www.elturistatranquil.com\/ca\/cuevas-del-almanzora-(almeria)\/#c3705\">Castell del marqu\u00e8s de los V\u00e9lez<\/a><\/p><p style=\"padding-left: 40px;\"><a href=\"https:\/\/www.elturistatranquil.com\/ca\/cuevas-del-almanzora-(almeria)\/#c3706\">Museu Antonio Manuel Campoy<\/a><\/p><p style=\"padding-left: 40px;\"><a href=\"https:\/\/www.elturistatranquil.com\/ca\/cuevas-del-almanzora-(almeria)\/#c3707\">Museu Arqueol\u00f2gic Municipal. Sala d&#8217;Interpretaci\u00f3 del poblat arg\u00e0ric de Fuente \u00c1lamo<\/a><\/p><p style=\"padding-left: 40px;\"><a href=\"https:\/\/www.elturistatranquil.com\/ca\/cuevas-del-almanzora-(almeria)\/#c3708\">Sala Goya<\/a><\/p><p style=\"padding-left: 40px;\"><a href=\"https:\/\/www.elturistatranquil.com\/ca\/cuevas-del-almanzora-(almeria)\/#c3709\">Sala d&#8217;Exposicions La Tercia<\/a><\/p><p style=\"padding-left: 40px;\"><a href=\"https:\/\/www.elturistatranquil.com\/ca\/cuevas-del-almanzora-(almeria)\/#c3710\">Cuesta del Calvario<\/a><\/p><p style=\"padding-left: 40px;\"><a href=\"https:\/\/www.elturistatranquil.com\/ca\/cuevas-del-almanzora-(almeria)\/#c3711\">Safareig p\u00fablic del Calvario<\/a><\/p><p style=\"padding-left: 40px;\"><a href=\"https:\/\/www.elturistatranquil.com\/ca\/cuevas-del-almanzora-(almeria)\/#c3712\">Ermita de San Diego o El Calvario<\/a><\/p><p style=\"padding-left: 40px;\"><a href=\"https:\/\/www.elturistatranquil.com\/ca\/cuevas-del-almanzora-(almeria)\/#c3713\">Cova Museu<\/a><\/p><p style=\"padding-left: 40px;\"><a href=\"https:\/\/www.elturistatranquil.com\/ca\/cuevas-del-almanzora-(almeria)\/#c3714\">Cuesta del Castillo-Pla\u00e7a de la Constituci\u00f3<\/a><\/p><p style=\"padding-left: 40px;\"><a href=\"https:\/\/www.elturistatranquil.com\/ca\/cuevas-del-almanzora-(almeria)\/#c3715\">Ajuntament i Palauet de Torcuato Soler Bolea<\/a><\/p><p style=\"padding-left: 40px;\"><a href=\"https:\/\/www.elturistatranquil.com\/ca\/cuevas-del-almanzora-(almeria)\/#c3716\">Esgl\u00e9sia de Nuestra Se\u00f1ora de la Encarnaci\u00f3n<\/a><\/p><p style=\"padding-left: 40px;\"><a href=\"https:\/\/www.elturistatranquil.com\/ca\/cuevas-del-almanzora-(almeria)\/#c3717\">Museu J.M. \u00c1lvarez de Sotomoyor<\/a><\/p><p style=\"padding-left: 40px;\"><a href=\"https:\/\/www.elturistatranquil.com\/ca\/cuevas-del-almanzora-(almeria)\/#c3718\">Carrers i places<\/a><\/p><p style=\"padding-left: 40px;\"><a href=\"https:\/\/www.elturistatranquil.com\/ca\/cuevas-del-almanzora-(almeria)\/#c3719\">L&#8217;entorn i les coves<\/a><\/p><p><a href=\"https:\/\/www.elturistatranquil.com\/ca\/cuevas-del-almanzora-(almeria)\/#c3720\">Fi de la visita<\/a><\/p><p><a href=\"https:\/\/www.elturistatranquil.com\/ca\/cuevas-del-almanzora-(almeria)\/#c3721\">Bases d&#8217;informaci\u00f3<\/a><\/p>\t\t\t\t\t\t\t\t<\/div>\n\t\t\t\t<\/div>\n\t\t\t\t\t<\/div>\n\t\t<\/div>\n\t\t\t\t\t<\/div>\n\t\t<\/section>\n\t\t\t\t<div class=\"elementor-element elementor-element-10f6f9c3 elementor-widget elementor-widget-spacer\" data-id=\"10f6f9c3\" data-element_type=\"widget\" data-e-type=\"widget\" data-widget_type=\"spacer.default\">\n\t\t\t\t<div class=\"elementor-widget-container\">\n\t\t\t\t\t\t\t<div class=\"elementor-spacer\">\n\t\t\t<div class=\"elementor-spacer-inner\"><\/div>\n\t\t<\/div>\n\t\t\t\t\t\t<\/div>\n\t\t\t\t<\/div>\n\t\t\t\t<div class=\"elementor-element elementor-element-7dc67b05 elementor-widget elementor-widget-menu-anchor\" data-id=\"7dc67b05\" data-element_type=\"widget\" data-e-type=\"widget\" data-widget_type=\"menu-anchor.default\">\n\t\t\t\t<div class=\"elementor-widget-container\">\n\t\t\t\t\t\t\t<div class=\"elementor-menu-anchor\" id=\"c3701\"><\/div>\n\t\t\t\t\t\t<\/div>\n\t\t\t\t<\/div>\n\t\t\t\t<div class=\"elementor-element elementor-element-6a7ba62c elementor-widget elementor-widget-spacer\" data-id=\"6a7ba62c\" data-element_type=\"widget\" data-e-type=\"widget\" data-widget_type=\"spacer.default\">\n\t\t\t\t<div class=\"elementor-widget-container\">\n\t\t\t\t\t\t\t<div class=\"elementor-spacer\">\n\t\t\t<div class=\"elementor-spacer-inner\"><\/div>\n\t\t<\/div>\n\t\t\t\t\t\t<\/div>\n\t\t\t\t<\/div>\n\t\t\t\t<div class=\"elementor-element elementor-element-2dd6659c elementor-widget elementor-widget-heading\" data-id=\"2dd6659c\" data-element_type=\"widget\" data-e-type=\"widget\" data-widget_type=\"heading.default\">\n\t\t\t\t<div class=\"elementor-widget-container\">\n\t\t\t\t\t<h2 class=\"elementor-heading-title elementor-size-default\">Cuevas del Almanzora. Levante Almeriense. Almer\u00eda<\/h2>\t\t\t\t<\/div>\n\t\t\t\t<\/div>\n\t\t\t\t<div class=\"elementor-element elementor-element-3993ae78 elementor-widget elementor-widget-text-editor\" data-id=\"3993ae78\" data-element_type=\"widget\" data-e-type=\"widget\" data-widget_type=\"text-editor.default\">\n\t\t\t\t<div class=\"elementor-widget-container\">\n\t\t\t\t\t\t\t\t\t<p>Enlla\u00e7 amb el\u00a0<em>Post<\/em>:\u00a0<strong><a href=\"https:\/\/www.elturistatranquil.com\/ca\/casona-granado-allojament-boutique-levante-almeriense\/\" target=\"_blank\" rel=\"noopener\">Casona Granado, Allojament boutique. Levante Almeriense<\/a><\/strong><\/p>\t\t\t\t\t\t\t\t<\/div>\n\t\t\t\t<\/div>\n\t\t\t\t<div class=\"elementor-element elementor-element-62394a46 elementor-widget elementor-widget-menu-anchor\" data-id=\"62394a46\" data-element_type=\"widget\" data-e-type=\"widget\" data-widget_type=\"menu-anchor.default\">\n\t\t\t\t<div class=\"elementor-widget-container\">\n\t\t\t\t\t\t\t<div class=\"elementor-menu-anchor\" id=\"c3702\"><\/div>\n\t\t\t\t\t\t<\/div>\n\t\t\t\t<\/div>\n\t\t\t\t<div class=\"elementor-element elementor-element-12b46594 elementor-widget elementor-widget-text-editor\" data-id=\"12b46594\" data-element_type=\"widget\" data-e-type=\"widget\" data-widget_type=\"text-editor.default\">\n\t\t\t\t<div class=\"elementor-widget-container\">\n\t\t\t\t\t\t\t\t\t<p>Des de <strong>Casona Granado. Alojamiento Boutique <\/strong>vaig poder aprofitar per acostar-me fins Cuevas del Almanzora, a la mateixa comarca del Levante Almeriense.<\/p><p>\u00c9s un municipi extens, de 263 km2, format per un total de 44 unitats de poblaci\u00f3 habitades, barris i pedanies, inclosa Cuevas del Almanzora, la capital del municipi.<\/p><p>El terme municipal s&#8217;est\u00e9n fins al litoral, amb 17 quil\u00f2metres de costa.<\/p>\t\t\t\t\t\t\t\t<\/div>\n\t\t\t\t<\/div>\n\t\t\t\t<div class=\"elementor-element elementor-element-346fdb54 elementor-widget elementor-widget-heading\" data-id=\"346fdb54\" data-element_type=\"widget\" data-e-type=\"widget\" data-widget_type=\"heading.default\">\n\t\t\t\t<div class=\"elementor-widget-container\">\n\t\t\t\t\t<h2 class=\"elementor-heading-title elementor-size-default\">El territori<\/h2>\t\t\t\t<\/div>\n\t\t\t\t<\/div>\n\t\t\t\t<div class=\"elementor-element elementor-element-74c6e7b8 elementor-widget elementor-widget-menu-anchor\" data-id=\"74c6e7b8\" data-element_type=\"widget\" data-e-type=\"widget\" data-widget_type=\"menu-anchor.default\">\n\t\t\t\t<div class=\"elementor-widget-container\">\n\t\t\t\t\t\t\t<div class=\"elementor-menu-anchor\" id=\"c3703\"><\/div>\n\t\t\t\t\t\t<\/div>\n\t\t\t\t<\/div>\n\t\t\t\t<div class=\"elementor-element elementor-element-652b401d elementor-widget elementor-widget-text-editor\" data-id=\"652b401d\" data-element_type=\"widget\" data-e-type=\"widget\" data-widget_type=\"text-editor.default\">\n\t\t\t\t<div class=\"elementor-widget-container\">\n\t\t\t\t\t\t\t\t\t<p>L&#8217;orografia sinuosa del territori aquesta dominada al nord per la Serra d&#8217;Almagro, amb una altitud m\u00e0xima de 711 msnm a El Cuchar\u00f3n. En ella es troba el jaciment arqueol\u00f2gic de Fuente \u00c1lamo.<\/p><p>A l&#8217;est, limitant amb el Mediterrani, la Serra Almagrera, districte miner de plata.<\/p>\t\t\t\t\t\t\t\t<\/div>\n\t\t\t\t<\/div>\n\t\t\t\t<div class=\"elementor-element elementor-element-5cf9e647 elementor-widget elementor-widget-heading\" data-id=\"5cf9e647\" data-element_type=\"widget\" data-e-type=\"widget\" data-widget_type=\"heading.default\">\n\t\t\t\t<div class=\"elementor-widget-container\">\n\t\t\t\t\t<h2 class=\"elementor-heading-title elementor-size-default\">Una mica d'hist\u00f2ria<\/h2>\t\t\t\t<\/div>\n\t\t\t\t<\/div>\n\t\t\t\t<div class=\"elementor-element elementor-element-3d73db35 elementor-widget elementor-widget-text-editor\" data-id=\"3d73db35\" data-element_type=\"widget\" data-e-type=\"widget\" data-widget_type=\"text-editor.default\">\n\t\t\t\t<div class=\"elementor-widget-container\">\n\t\t\t\t\t\t\t\t\t<p>La zona es troba habitada des del paleol\u00edtic, ocupant coves altes.<\/p><p>El jaciment arg\u00e0ric de Fuente \u00c1lamo, al nord, mostra la pres\u00e8ncia d\u2019aquesta cultura en una Sala del Museu. Per la import\u00e0ncia de la seva riquesa minera, especialment de plata, va ser lloc d&#8217;atracci\u00f3 per als fenicis, fundant la ciutat de Baria (Villaricos) al segle VII aC, a l&#8217;est, al costat de la desembocadura del riu Almanzora, on es pot visitar la Necr\u00f2polis i les ru\u00efnes de la col\u00f2nia romana de Baria.<\/p><p>Despr\u00e9s van continuar explotant la riquesa minera cartaginesos, romans i musulmans. El descobriment en 1838 d&#8217;un fil\u00f3 de galena argent\u00edfera torn\u00e0 l&#8217;activitat minera al municipi, que es perllong\u00e0 fins a principis del segle XX.<\/p><p>L&#8217;actual Cuevas del Almazora tindria el seu origen a partir de 711 amb el major inter\u00e8s per l&#8217;agricultura que beneficia aquest nou empla\u00e7ament m\u00e9s interior en un tur\u00f3 sobre la vall aprofitant les aig\u00fces del riu Almanzora per a regadiu. D&#8217;aquesta \u00e8poca \u00e9s l&#8217;aprofitament de les coves naturals que van donar origen al nom de la vila, per la facilitat d&#8217;excavaci\u00f3. Per la seva banda, la morfologia urbana del baluard defensiu correspondria al model musulm\u00e0 de carrers estrets i sinuosos. Recordem que els musulmans no feien servir carros i se servien de cavalleries.<\/p><p>Fins 1488 es mant\u00e9 el domini \u00e0rab, quan \u00e9s conquistada pels Reis Cat\u00f2lics, i cedida en senyoriu el 1503 al primer Marqu\u00e8s de los V\u00e9lez.<\/p><p>El Marqu\u00e8s mana construir un castell fortificat en 1507, sobre el que es creu que va ser una torre romana, remodelada posteriorment pels musulmans.<\/p><p>Un canvi important tindr\u00e0 lloc despr\u00e9s de l&#8217;expulsi\u00f3 dels moriscos i \u00e9s repoblada per 200 fam\u00edlies procedents de M\u00farcia.<\/p><p>Entre 1753 i 1762, promoguda pel Marqu\u00e8s, es construeix l&#8217;Esgl\u00e9sia de Nuestra Se\u00f1ora de la Encarnaci\u00f3n.<\/p><p>El senyoriu finalitza en el regnat d&#8217;Isabel II.<\/p><p>\u00a0La recuperaci\u00f3 de la mineria al segle XIX aportar\u00e0 un important desenvolupament econ\u00f2mic, i demogr\u00e0fic. La florida d&#8217;una burgesia local es manifestar\u00e0 en la renovaci\u00f3 urbana i la construcci\u00f3 de cases senyorials, mentre que la poblaci\u00f3 del municipi va arribar a superar els 26.000 habitants. En 1842 es van enderrocar la meitat de les cases per reformar-les amb aspecte senyorial, mentre que els carrers es van fer m\u00e9s amples i lineals. El creixement urb\u00e0 va portar a crear l&#8217;eixample al barri Bravo, acollint a habitants de les coves.<\/p><p>L&#8217;any 1885 marca l&#8217;inici de la decad\u00e8ncia de les mines de Almagrera, i a partir de 1910 s&#8217;inicia un proc\u00e9s de despoblaci\u00f3 fins a 1940, amb un m\u00ednim de 7.795 habitants en 1970. Des d&#8217;aquest moment s&#8217;ha anat experimentat un constant creixement fins als 13.776 habitants de 2018, dels quals 6.462 corresponen al nucli de la Vila.<\/p>\t\t\t\t\t\t\t\t<\/div>\n\t\t\t\t<\/div>\n\t\t\t\t<div class=\"elementor-element elementor-element-40c5d46f elementor-widget elementor-widget-menu-anchor\" data-id=\"40c5d46f\" data-element_type=\"widget\" data-e-type=\"widget\" data-widget_type=\"menu-anchor.default\">\n\t\t\t\t<div class=\"elementor-widget-container\">\n\t\t\t\t\t\t\t<div class=\"elementor-menu-anchor\" id=\"c3704\"><\/div>\n\t\t\t\t\t\t<\/div>\n\t\t\t\t<\/div>\n\t\t\t\t<div class=\"elementor-element elementor-element-2fc80994 elementor-widget elementor-widget-text-editor\" data-id=\"2fc80994\" data-element_type=\"widget\" data-e-type=\"widget\" data-widget_type=\"text-editor.default\">\n\t\t\t\t<div class=\"elementor-widget-container\">\n\t\t\t\t\t\t\t\t\t<p>Com va ser l\u2019usual, el descens de poblaci\u00f3 va venir acompanyat d&#8217;un proc\u00e9s migratori cap a altres parts d&#8217;Espanya, especialment Catalunya, i a pa\u00efsos europeus.<\/p>\t\t\t\t\t\t\t\t<\/div>\n\t\t\t\t<\/div>\n\t\t\t\t<div class=\"elementor-element elementor-element-3f41e7c7 elementor-widget elementor-widget-heading\" data-id=\"3f41e7c7\" data-element_type=\"widget\" data-e-type=\"widget\" data-widget_type=\"heading.default\">\n\t\t\t\t<div class=\"elementor-widget-container\">\n\t\t\t\t\t<h2 class=\"elementor-heading-title elementor-size-default\">Recorregut per Cuevas del Almanzora<\/h2>\t\t\t\t<\/div>\n\t\t\t\t<\/div>\n\t\t\t\t<div class=\"elementor-element elementor-element-7b12a025 elementor-widget elementor-widget-image\" data-id=\"7b12a025\" data-element_type=\"widget\" data-e-type=\"widget\" data-widget_type=\"image.default\">\n\t\t\t\t<div class=\"elementor-widget-container\">\n\t\t\t\t\t\t\t\t\t\t\t\t<figure class=\"wp-caption\">\n\t\t\t\t\t\t\t\t\t\t<img decoding=\"async\" width=\"768\" height=\"512\" src=\"https:\/\/www.elturistatranquil.com\/wp-content\/uploads\/F03-Cuevas-del-Almanzora-Google-earth-2019-09-05-1.jpg\" class=\"attachment-large size-large wp-image-22311\" alt=\"\" srcset=\"https:\/\/www.elturistatranquil.com\/wp-content\/uploads\/F03-Cuevas-del-Almanzora-Google-earth-2019-09-05-1.jpg 768w, https:\/\/www.elturistatranquil.com\/wp-content\/uploads\/F03-Cuevas-del-Almanzora-Google-earth-2019-09-05-1-339x226.jpg 339w\" sizes=\"(max-width: 768px) 100vw, 768px\" \/>\t\t\t\t\t\t\t\t\t\t\t<figcaption class=\"widget-image-caption wp-caption-text\">Casc antic de Cuevas del Almanzora (Google earth 2019-09-05)<\/figcaption>\n\t\t\t\t\t\t\t\t\t\t<\/figure>\n\t\t\t\t\t\t\t\t\t<\/div>\n\t\t\t\t<\/div>\n\t\t\t\t<div class=\"elementor-element elementor-element-395a9979 elementor-widget elementor-widget-menu-anchor\" data-id=\"395a9979\" data-element_type=\"widget\" data-e-type=\"widget\" data-widget_type=\"menu-anchor.default\">\n\t\t\t\t<div class=\"elementor-widget-container\">\n\t\t\t\t\t\t\t<div class=\"elementor-menu-anchor\" id=\"c3705\"><\/div>\n\t\t\t\t\t\t<\/div>\n\t\t\t\t<\/div>\n\t\t\t\t<div class=\"elementor-element elementor-element-377e5563 elementor-widget elementor-widget-text-editor\" data-id=\"377e5563\" data-element_type=\"widget\" data-e-type=\"widget\" data-widget_type=\"text-editor.default\">\n\t\t\t\t<div class=\"elementor-widget-container\">\n\t\t\t\t\t\t\t\t\t<p>El casc antic de Cuevas del Almanzora es dibuixa clarament sobre el pl\u00e0nol actual de la Vila. En la seva forma i tra\u00e7at es poden apreciar alguns elements hist\u00f2rics caracter\u00edstics que romanen en el seu tra\u00e7at.<\/p><p>Un perfil irregular en el seu tra\u00e7at exterior, que es manifesta igualment en la morfologia dels seus carrers que fan pensar en el model de urbanismes musulm\u00e0. Sobre aquesta base, es va sobreposar al segle XIX l&#8217;obertura de carrers m\u00e9s amples que travessen o creuen tot el conjunt, en qu\u00e8 es va establir la burgesia local del moment.<\/p><p>El Castell, del segle XVI, ocupa l&#8217;extrem nord-oest del recinte, en una disposici\u00f3 d&#8217;ap\u00e8ndix sobre el costat exterior, que b\u00e9 podria correspondre a la posici\u00f3 d&#8217;una alm\u00e0ssera, i diuen que d&#8217;una anterior torre romana.<\/p><p>Iniciar\u00e9 el recorregut de la visita pel Castell, a la pla\u00e7a de la Llibertat. En els voltants \u00e9s f\u00e0cil aparcar.<\/p>\t\t\t\t\t\t\t\t<\/div>\n\t\t\t\t<\/div>\n\t\t\t\t<div class=\"elementor-element elementor-element-3fece77f elementor-widget elementor-widget-heading\" data-id=\"3fece77f\" data-element_type=\"widget\" data-e-type=\"widget\" data-widget_type=\"heading.default\">\n\t\t\t\t<div class=\"elementor-widget-container\">\n\t\t\t\t\t<h3 class=\"elementor-heading-title elementor-size-default\">Castell del marqu\u00e9s de los V\u00e9lez<\/h3>\t\t\t\t<\/div>\n\t\t\t\t<\/div>\n\t\t\t\t<div class=\"elementor-element elementor-element-11fa1fdd elementor-widget elementor-widget-text-editor\" data-id=\"11fa1fdd\" data-element_type=\"widget\" data-e-type=\"widget\" data-widget_type=\"text-editor.default\">\n\t\t\t\t<div class=\"elementor-widget-container\">\n\t\t\t\t\t\t\t\t\t<p><em>B\u00e9 d&#8217;Inter\u00e8s Cultural, categoria Monument.<\/em><\/p><p>El <strong>Castell de Almanzora<\/strong>, o tamb\u00e9 <strong>Castell del marqu\u00e8s de los V\u00e9lez<\/strong> (<strong>A<\/strong>), ja que va ser manat construir pel primer Marqu\u00e8s de los V\u00e9lez, D. Pedro Fajardo. Situat a la part alta d&#8217;un tur\u00f3, a la part m\u00e9s elevada de Cuevas. Es tracta d&#8217;un exemple de <a href=\"https:\/\/www.elturistatranquil.com\/ca\/els-castells-medievals-a-espanya-tipologies\/\" target=\"_blank\" rel=\"noopener\">castell-palau<\/a>.<\/p><p>\u00c9s l&#8217;edifici m\u00e9s emblem\u00e0tic i sobresortint de Cuevas.<\/p><p>La seva planta \u00e9s quadrangular, per\u00f2 irregular.<\/p>\t\t\t\t\t\t\t\t<\/div>\n\t\t\t\t<\/div>\n\t\t\t\t<div class=\"elementor-element elementor-element-681dfc6a elementor-widget elementor-widget-image\" data-id=\"681dfc6a\" data-element_type=\"widget\" data-e-type=\"widget\" data-widget_type=\"image.default\">\n\t\t\t\t<div class=\"elementor-widget-container\">\n\t\t\t\t\t\t\t\t\t\t\t\t<figure class=\"wp-caption\">\n\t\t\t\t\t\t\t\t\t\t<img loading=\"lazy\" decoding=\"async\" width=\"768\" height=\"512\" src=\"https:\/\/www.elturistatranquil.com\/wp-content\/uploads\/F04-Cuevas-del-Almanzora-Castillo-de-los-Velez-Google-earth-2019-09-07-1.jpg\" class=\"attachment-large size-large wp-image-22313\" alt=\"\" srcset=\"https:\/\/www.elturistatranquil.com\/wp-content\/uploads\/F04-Cuevas-del-Almanzora-Castillo-de-los-Velez-Google-earth-2019-09-07-1.jpg 768w, https:\/\/www.elturistatranquil.com\/wp-content\/uploads\/F04-Cuevas-del-Almanzora-Castillo-de-los-Velez-Google-earth-2019-09-07-1-339x226.jpg 339w\" sizes=\"(max-width: 768px) 100vw, 768px\" \/>\t\t\t\t\t\t\t\t\t\t\t<figcaption class=\"widget-image-caption wp-caption-text\">Planta del Castell de los Velez (Google earth 2019-09-07)<\/figcaption>\n\t\t\t\t\t\t\t\t\t\t<\/figure>\n\t\t\t\t\t\t\t\t\t<\/div>\n\t\t\t\t<\/div>\n\t\t\t\t<div class=\"elementor-element elementor-element-a7e7147 elementor-widget elementor-widget-text-editor\" data-id=\"a7e7147\" data-element_type=\"widget\" data-e-type=\"widget\" data-widget_type=\"text-editor.default\">\n\t\t\t\t<div class=\"elementor-widget-container\">\n\t\t\t\t\t\t\t\t\t<p>\u00c9s una obra d&#8217;estil g\u00f2tic del segle XVI, amb reformes posteriors dels segles XVIII i XX.<\/p><p>En l&#8217;actualitat les depend\u00e8ncies internes s&#8217;han adaptat a diverses funcions culturals i socials: Biblioteca, Museu Arqueol\u00f2gic, Sala d&#8217;exposicions &#8220;La Tercia&#8221;, Sala Goya, Museu d&#8217;Art Contemporani Antonio Manuel Campoy, Policia Local, Oficina de Turisme i Amfiteatre.<\/p><p>Sembla haver-se excavat tot el per\u00edmetre exterior per augmentar l&#8217;altura de les muralles.<\/p><p>Cap a l&#8217;exterior, orientat a l&#8217;oest, imposa la seva sup\u00e8rbia pres\u00e8ncia.<\/p>\t\t\t\t\t\t\t\t<\/div>\n\t\t\t\t<\/div>\n\t\t\t\t<div class=\"elementor-element elementor-element-30153eb0 elementor-widget elementor-widget-image\" data-id=\"30153eb0\" data-element_type=\"widget\" data-e-type=\"widget\" data-widget_type=\"image.default\">\n\t\t\t\t<div class=\"elementor-widget-container\">\n\t\t\t\t\t\t\t\t\t\t\t\t<figure class=\"wp-caption\">\n\t\t\t\t\t\t\t\t\t\t<img loading=\"lazy\" decoding=\"async\" width=\"768\" height=\"511\" src=\"https:\/\/www.elturistatranquil.com\/wp-content\/uploads\/F05-Cuevas-del-Almanzora-Castillo-1.jpg\" class=\"attachment-large size-large wp-image-22315\" alt=\"\" srcset=\"https:\/\/www.elturistatranquil.com\/wp-content\/uploads\/F05-Cuevas-del-Almanzora-Castillo-1.jpg 768w, https:\/\/www.elturistatranquil.com\/wp-content\/uploads\/F05-Cuevas-del-Almanzora-Castillo-1-339x226.jpg 339w\" sizes=\"(max-width: 768px) 100vw, 768px\" \/>\t\t\t\t\t\t\t\t\t\t\t<figcaption class=\"widget-image-caption wp-caption-text\"><\/figcaption>\n\t\t\t\t\t\t\t\t\t\t<\/figure>\n\t\t\t\t\t\t\t\t\t<\/div>\n\t\t\t\t<\/div>\n\t\t\t\t<div class=\"elementor-element elementor-element-792ed6ac elementor-widget elementor-widget-text-editor\" data-id=\"792ed6ac\" data-element_type=\"widget\" data-e-type=\"widget\" data-widget_type=\"text-editor.default\">\n\t\t\t\t<div class=\"elementor-widget-container\">\n\t\t\t\t\t\t\t\t\t<p>Continuant pel lateral sud.<\/p>\t\t\t\t\t\t\t\t<\/div>\n\t\t\t\t<\/div>\n\t\t\t\t<div class=\"elementor-element elementor-element-4275b66d elementor-widget elementor-widget-image\" data-id=\"4275b66d\" data-element_type=\"widget\" data-e-type=\"widget\" data-widget_type=\"image.default\">\n\t\t\t\t<div class=\"elementor-widget-container\">\n\t\t\t\t\t\t\t\t\t\t\t\t<figure class=\"wp-caption\">\n\t\t\t\t\t\t\t\t\t\t<img loading=\"lazy\" decoding=\"async\" width=\"768\" height=\"511\" src=\"https:\/\/www.elturistatranquil.com\/wp-content\/uploads\/F06-Cuevas-del-Almanzora-Castillo-1.jpg\" class=\"attachment-large size-large wp-image-22317\" alt=\"\" srcset=\"https:\/\/www.elturistatranquil.com\/wp-content\/uploads\/F06-Cuevas-del-Almanzora-Castillo-1.jpg 768w, https:\/\/www.elturistatranquil.com\/wp-content\/uploads\/F06-Cuevas-del-Almanzora-Castillo-1-339x226.jpg 339w\" sizes=\"(max-width: 768px) 100vw, 768px\" \/>\t\t\t\t\t\t\t\t\t\t\t<figcaption class=\"widget-image-caption wp-caption-text\"><\/figcaption>\n\t\t\t\t\t\t\t\t\t\t<\/figure>\n\t\t\t\t\t\t\t\t\t<\/div>\n\t\t\t\t<\/div>\n\t\t\t\t<div class=\"elementor-element elementor-element-32dcca9 elementor-widget elementor-widget-text-editor\" data-id=\"32dcca9\" data-element_type=\"widget\" data-e-type=\"widget\" data-widget_type=\"text-editor.default\">\n\t\t\t\t<div class=\"elementor-widget-container\">\n\t\t\t\t\t\t\t\t\t<p>Arribo a l&#8217;entrada, orientada a l&#8217;est i encarada al nucli de la Vila. La torre de l&#8217;homenatge es troba encaixada a la muralla. Aquest dia \u00e9s de mercat.<\/p>\t\t\t\t\t\t\t\t<\/div>\n\t\t\t\t<\/div>\n\t\t\t\t<div class=\"elementor-element elementor-element-183d5a98 elementor-widget elementor-widget-image\" data-id=\"183d5a98\" data-element_type=\"widget\" data-e-type=\"widget\" data-widget_type=\"image.default\">\n\t\t\t\t<div class=\"elementor-widget-container\">\n\t\t\t\t\t\t\t\t\t\t\t\t<figure class=\"wp-caption\">\n\t\t\t\t\t\t\t\t\t\t<img loading=\"lazy\" decoding=\"async\" width=\"768\" height=\"511\" src=\"https:\/\/www.elturistatranquil.com\/wp-content\/uploads\/F07-Cuevas-del-Almanzora-Castillo-1.jpg\" class=\"attachment-large size-large wp-image-22319\" alt=\"\" srcset=\"https:\/\/www.elturistatranquil.com\/wp-content\/uploads\/F07-Cuevas-del-Almanzora-Castillo-1.jpg 768w, https:\/\/www.elturistatranquil.com\/wp-content\/uploads\/F07-Cuevas-del-Almanzora-Castillo-1-339x226.jpg 339w\" sizes=\"(max-width: 768px) 100vw, 768px\" \/>\t\t\t\t\t\t\t\t\t\t\t<figcaption class=\"widget-image-caption wp-caption-text\"><\/figcaption>\n\t\t\t\t\t\t\t\t\t\t<\/figure>\n\t\t\t\t\t\t\t\t\t<\/div>\n\t\t\t\t<\/div>\n\t\t\t\t<div class=\"elementor-element elementor-element-598d562d elementor-widget elementor-widget-image\" data-id=\"598d562d\" data-element_type=\"widget\" data-e-type=\"widget\" data-widget_type=\"image.default\">\n\t\t\t\t<div class=\"elementor-widget-container\">\n\t\t\t\t\t\t\t\t\t\t\t\t<figure class=\"wp-caption\">\n\t\t\t\t\t\t\t\t\t\t<img loading=\"lazy\" decoding=\"async\" width=\"768\" height=\"511\" src=\"https:\/\/www.elturistatranquil.com\/wp-content\/uploads\/F08a-Cuevas-del-Almanzora-Castillo-1.jpg\" class=\"attachment-large size-large wp-image-22321\" alt=\"\" srcset=\"https:\/\/www.elturistatranquil.com\/wp-content\/uploads\/F08a-Cuevas-del-Almanzora-Castillo-1.jpg 768w, https:\/\/www.elturistatranquil.com\/wp-content\/uploads\/F08a-Cuevas-del-Almanzora-Castillo-1-339x226.jpg 339w\" sizes=\"(max-width: 768px) 100vw, 768px\" \/>\t\t\t\t\t\t\t\t\t\t\t<figcaption class=\"widget-image-caption wp-caption-text\"><\/figcaption>\n\t\t\t\t\t\t\t\t\t\t<\/figure>\n\t\t\t\t\t\t\t\t\t<\/div>\n\t\t\t\t<\/div>\n\t\t\t\t<div class=\"elementor-element elementor-element-33f605e2 elementor-widget elementor-widget-text-editor\" data-id=\"33f605e2\" data-element_type=\"widget\" data-e-type=\"widget\" data-widget_type=\"text-editor.default\">\n\t\t\t\t<div class=\"elementor-widget-container\">\n\t\t\t\t\t\t\t\t\t<p>I el costat nord.<\/p>\t\t\t\t\t\t\t\t<\/div>\n\t\t\t\t<\/div>\n\t\t\t\t<div class=\"elementor-element elementor-element-66b2db42 elementor-widget elementor-widget-image\" data-id=\"66b2db42\" data-element_type=\"widget\" data-e-type=\"widget\" data-widget_type=\"image.default\">\n\t\t\t\t<div class=\"elementor-widget-container\">\n\t\t\t\t\t\t\t\t\t\t\t\t<figure class=\"wp-caption\">\n\t\t\t\t\t\t\t\t\t\t<img loading=\"lazy\" decoding=\"async\" width=\"768\" height=\"511\" src=\"https:\/\/www.elturistatranquil.com\/wp-content\/uploads\/F08b-Cuevas-del-Almanzora-Castillo-1.jpg\" class=\"attachment-large size-large wp-image-22323\" alt=\"\" srcset=\"https:\/\/www.elturistatranquil.com\/wp-content\/uploads\/F08b-Cuevas-del-Almanzora-Castillo-1.jpg 768w, https:\/\/www.elturistatranquil.com\/wp-content\/uploads\/F08b-Cuevas-del-Almanzora-Castillo-1-339x226.jpg 339w\" sizes=\"(max-width: 768px) 100vw, 768px\" \/>\t\t\t\t\t\t\t\t\t\t\t<figcaption class=\"widget-image-caption wp-caption-text\"><\/figcaption>\n\t\t\t\t\t\t\t\t\t\t<\/figure>\n\t\t\t\t\t\t\t\t\t<\/div>\n\t\t\t\t<\/div>\n\t\t\t\t<div class=\"elementor-element elementor-element-6daa63e4 elementor-widget elementor-widget-text-editor\" data-id=\"6daa63e4\" data-element_type=\"widget\" data-e-type=\"widget\" data-widget_type=\"text-editor.default\">\n\t\t\t\t<div class=\"elementor-widget-container\">\n\t\t\t\t\t\t\t\t\t<p>La porta d&#8217;entrada \u00e9s simple, amb els escuts de la fam\u00edlia Fajardo sobre ella.<\/p>\t\t\t\t\t\t\t\t<\/div>\n\t\t\t\t<\/div>\n\t\t\t\t<div class=\"elementor-element elementor-element-1a03dd94 elementor-widget elementor-widget-image\" data-id=\"1a03dd94\" data-element_type=\"widget\" data-e-type=\"widget\" data-widget_type=\"image.default\">\n\t\t\t\t<div class=\"elementor-widget-container\">\n\t\t\t\t\t\t\t\t\t\t\t\t<figure class=\"wp-caption\">\n\t\t\t\t\t\t\t\t\t\t<img loading=\"lazy\" decoding=\"async\" width=\"768\" height=\"512\" src=\"https:\/\/www.elturistatranquil.com\/wp-content\/uploads\/F09-Cuevas-del-Almanzora-Castillo-1.jpg\" class=\"attachment-large size-large wp-image-22325\" alt=\"\" srcset=\"https:\/\/www.elturistatranquil.com\/wp-content\/uploads\/F09-Cuevas-del-Almanzora-Castillo-1.jpg 768w, https:\/\/www.elturistatranquil.com\/wp-content\/uploads\/F09-Cuevas-del-Almanzora-Castillo-1-339x226.jpg 339w\" sizes=\"(max-width: 768px) 100vw, 768px\" \/>\t\t\t\t\t\t\t\t\t\t\t<figcaption class=\"widget-image-caption wp-caption-text\"><\/figcaption>\n\t\t\t\t\t\t\t\t\t\t<\/figure>\n\t\t\t\t\t\t\t\t\t<\/div>\n\t\t\t\t<\/div>\n\t\t\t\t<div class=\"elementor-element elementor-element-49a7afda elementor-widget elementor-widget-text-editor\" data-id=\"49a7afda\" data-element_type=\"widget\" data-e-type=\"widget\" data-widget_type=\"text-editor.default\">\n\t\t\t\t<div class=\"elementor-widget-container\">\n\t\t\t\t\t\t\t\t\t<p>En la seva configuraci\u00f3 actual, passada l&#8217;\u00fanica porta d&#8217;acc\u00e9s al recinte, s&#8217;entra en un gran espai obert on el primer que destaca \u00e9s un <strong>amfiteatre a l&#8217;aire lliure<\/strong>, i la distribuci\u00f3 de diferents edificis.<\/p><p>A l&#8217;esquerra les depend\u00e8ncies de la Policia Local, al centre la Casa de la Tercia i a la dreta el Palau del Marqu\u00e8s.<\/p>\t\t\t\t\t\t\t\t<\/div>\n\t\t\t\t<\/div>\n\t\t\t\t<div class=\"elementor-element elementor-element-496ccd1d elementor-widget elementor-widget-image\" data-id=\"496ccd1d\" data-element_type=\"widget\" data-e-type=\"widget\" data-widget_type=\"image.default\">\n\t\t\t\t<div class=\"elementor-widget-container\">\n\t\t\t\t\t\t\t\t\t\t\t\t<figure class=\"wp-caption\">\n\t\t\t\t\t\t\t\t\t\t<img loading=\"lazy\" decoding=\"async\" width=\"768\" height=\"511\" src=\"https:\/\/www.elturistatranquil.com\/wp-content\/uploads\/F10-Cuevas-del-Almanzora-Castillo-1.jpg\" class=\"attachment-large size-large wp-image-22327\" alt=\"\" srcset=\"https:\/\/www.elturistatranquil.com\/wp-content\/uploads\/F10-Cuevas-del-Almanzora-Castillo-1.jpg 768w, https:\/\/www.elturistatranquil.com\/wp-content\/uploads\/F10-Cuevas-del-Almanzora-Castillo-1-339x226.jpg 339w\" sizes=\"(max-width: 768px) 100vw, 768px\" \/>\t\t\t\t\t\t\t\t\t\t\t<figcaption class=\"widget-image-caption wp-caption-text\"><\/figcaption>\n\t\t\t\t\t\t\t\t\t\t<\/figure>\n\t\t\t\t\t\t\t\t\t<\/div>\n\t\t\t\t<\/div>\n\t\t\t\t<div class=\"elementor-element elementor-element-2ada16a6 elementor-widget elementor-widget-text-editor\" data-id=\"2ada16a6\" data-element_type=\"widget\" data-e-type=\"widget\" data-widget_type=\"text-editor.default\">\n\t\t\t\t<div class=\"elementor-widget-container\">\n\t\t\t\t\t\t\t\t\t<p>L&#8217;edificaci\u00f3 al costat de la Porta acull l&#8217;Oficina de Turisme.<\/p>\t\t\t\t\t\t\t\t<\/div>\n\t\t\t\t<\/div>\n\t\t\t\t<div class=\"elementor-element elementor-element-578c0b74 elementor-widget elementor-widget-image\" data-id=\"578c0b74\" data-element_type=\"widget\" data-e-type=\"widget\" data-widget_type=\"image.default\">\n\t\t\t\t<div class=\"elementor-widget-container\">\n\t\t\t\t\t\t\t\t\t\t\t\t<figure class=\"wp-caption\">\n\t\t\t\t\t\t\t\t\t\t<img loading=\"lazy\" decoding=\"async\" width=\"768\" height=\"511\" src=\"https:\/\/www.elturistatranquil.com\/wp-content\/uploads\/F11-Cuevas-del-Almanzora-Castillo-1.jpg\" class=\"attachment-large size-large wp-image-22329\" alt=\"\" srcset=\"https:\/\/www.elturistatranquil.com\/wp-content\/uploads\/F11-Cuevas-del-Almanzora-Castillo-1.jpg 768w, https:\/\/www.elturistatranquil.com\/wp-content\/uploads\/F11-Cuevas-del-Almanzora-Castillo-1-339x226.jpg 339w\" sizes=\"(max-width: 768px) 100vw, 768px\" \/>\t\t\t\t\t\t\t\t\t\t\t<figcaption class=\"widget-image-caption wp-caption-text\"><\/figcaption>\n\t\t\t\t\t\t\t\t\t\t<\/figure>\n\t\t\t\t\t\t\t\t\t<\/div>\n\t\t\t\t<\/div>\n\t\t\t\t<div class=\"elementor-element elementor-element-3c120a93 elementor-widget elementor-widget-text-editor\" data-id=\"3c120a93\" data-element_type=\"widget\" data-e-type=\"widget\" data-widget_type=\"text-editor.default\">\n\t\t\t\t<div class=\"elementor-widget-container\">\n\t\t\t\t\t\t\t\t\t<p>La Torre de l&#8217;Homenatge queda unida per un pont al Palau.<\/p>\t\t\t\t\t\t\t\t<\/div>\n\t\t\t\t<\/div>\n\t\t\t\t<div class=\"elementor-element elementor-element-53e7b48e elementor-widget elementor-widget-image\" data-id=\"53e7b48e\" data-element_type=\"widget\" data-e-type=\"widget\" data-widget_type=\"image.default\">\n\t\t\t\t<div class=\"elementor-widget-container\">\n\t\t\t\t\t\t\t\t\t\t\t\t<figure class=\"wp-caption\">\n\t\t\t\t\t\t\t\t\t\t<img loading=\"lazy\" decoding=\"async\" width=\"768\" height=\"511\" src=\"https:\/\/www.elturistatranquil.com\/wp-content\/uploads\/F12-Cuevas-del-Almanzora-Castillo-1.jpg\" class=\"attachment-large size-large wp-image-22331\" alt=\"\" srcset=\"https:\/\/www.elturistatranquil.com\/wp-content\/uploads\/F12-Cuevas-del-Almanzora-Castillo-1.jpg 768w, https:\/\/www.elturistatranquil.com\/wp-content\/uploads\/F12-Cuevas-del-Almanzora-Castillo-1-339x226.jpg 339w\" sizes=\"(max-width: 768px) 100vw, 768px\" \/>\t\t\t\t\t\t\t\t\t\t\t<figcaption class=\"widget-image-caption wp-caption-text\"><\/figcaption>\n\t\t\t\t\t\t\t\t\t\t<\/figure>\n\t\t\t\t\t\t\t\t\t<\/div>\n\t\t\t\t<\/div>\n\t\t\t\t<div class=\"elementor-element elementor-element-2f9448a3 elementor-widget elementor-widget-text-editor\" data-id=\"2f9448a3\" data-element_type=\"widget\" data-e-type=\"widget\" data-widget_type=\"text-editor.default\">\n\t\t\t\t<div class=\"elementor-widget-container\">\n\t\t\t\t\t\t\t\t\t<p>La <strong>Casa de la Tercia<\/strong> \u00e9s un edifici d&#8217;estil neocl\u00e0ssic constru\u00eft al segle XVIII com a graner i lloc on el poble tributava el delme al marqu\u00e8s.<\/p><p>En aquest edifici se situen la Biblioteca, el Museu Arqueol\u00f2gic, la Sala d&#8217;exposicions &#8220;La Tercia&#8221; i la Sala Goya.<\/p>\t\t\t\t\t\t\t\t<\/div>\n\t\t\t\t<\/div>\n\t\t\t\t<div class=\"elementor-element elementor-element-1b7e5f17 elementor-widget elementor-widget-image\" data-id=\"1b7e5f17\" data-element_type=\"widget\" data-e-type=\"widget\" data-widget_type=\"image.default\">\n\t\t\t\t<div class=\"elementor-widget-container\">\n\t\t\t\t\t\t\t\t\t\t\t\t<figure class=\"wp-caption\">\n\t\t\t\t\t\t\t\t\t\t<img loading=\"lazy\" decoding=\"async\" width=\"768\" height=\"511\" src=\"https:\/\/www.elturistatranquil.com\/wp-content\/uploads\/F13-Cuevas-del-Almanzora-Castillo-1.jpg\" class=\"attachment-large size-large wp-image-22333\" alt=\"\" srcset=\"https:\/\/www.elturistatranquil.com\/wp-content\/uploads\/F13-Cuevas-del-Almanzora-Castillo-1.jpg 768w, https:\/\/www.elturistatranquil.com\/wp-content\/uploads\/F13-Cuevas-del-Almanzora-Castillo-1-339x226.jpg 339w\" sizes=\"(max-width: 768px) 100vw, 768px\" \/>\t\t\t\t\t\t\t\t\t\t\t<figcaption class=\"widget-image-caption wp-caption-text\"><\/figcaption>\n\t\t\t\t\t\t\t\t\t\t<\/figure>\n\t\t\t\t\t\t\t\t\t<\/div>\n\t\t\t\t<\/div>\n\t\t\t\t<div class=\"elementor-element elementor-element-2a583de5 elementor-widget elementor-widget-text-editor\" data-id=\"2a583de5\" data-element_type=\"widget\" data-e-type=\"widget\" data-widget_type=\"text-editor.default\">\n\t\t\t\t<div class=\"elementor-widget-container\">\n\t\t\t\t\t\t\t\t\t<p>La construcci\u00f3 m\u00e9s emblem\u00e0tica correspon al <strong>Palau del Marqu\u00e8s de los V\u00e9lez<\/strong>, que acull el Museu d&#8217;Art Contemporani Antonio Manuel Campoy.<\/p><p>\u00c9s un edifici de planta rectangular irregular i dos nivells, amb quatre bastions circulars, un a cada cantonada, d&#8217;una altura fins al primer nivell. Edificat en cadirat.<\/p>\t\t\t\t\t\t\t\t<\/div>\n\t\t\t\t<\/div>\n\t\t\t\t<div class=\"elementor-element elementor-element-49cd5ae3 elementor-widget elementor-widget-image\" data-id=\"49cd5ae3\" data-element_type=\"widget\" data-e-type=\"widget\" data-widget_type=\"image.default\">\n\t\t\t\t<div class=\"elementor-widget-container\">\n\t\t\t\t\t\t\t\t\t\t\t\t<figure class=\"wp-caption\">\n\t\t\t\t\t\t\t\t\t\t<img loading=\"lazy\" decoding=\"async\" width=\"768\" height=\"511\" src=\"https:\/\/www.elturistatranquil.com\/wp-content\/uploads\/F14a-Cuevas-del-Almanzora-Castillo-1.jpg\" class=\"attachment-large size-large wp-image-22335\" alt=\"\" srcset=\"https:\/\/www.elturistatranquil.com\/wp-content\/uploads\/F14a-Cuevas-del-Almanzora-Castillo-1.jpg 768w, https:\/\/www.elturistatranquil.com\/wp-content\/uploads\/F14a-Cuevas-del-Almanzora-Castillo-1-339x226.jpg 339w\" sizes=\"(max-width: 768px) 100vw, 768px\" \/>\t\t\t\t\t\t\t\t\t\t\t<figcaption class=\"widget-image-caption wp-caption-text\"><\/figcaption>\n\t\t\t\t\t\t\t\t\t\t<\/figure>\n\t\t\t\t\t\t\t\t\t<\/div>\n\t\t\t\t<\/div>\n\t\t\t\t<div class=\"elementor-element elementor-element-1c60cc88 elementor-widget elementor-widget-image\" data-id=\"1c60cc88\" data-element_type=\"widget\" data-e-type=\"widget\" data-widget_type=\"image.default\">\n\t\t\t\t<div class=\"elementor-widget-container\">\n\t\t\t\t\t\t\t\t\t\t\t\t<figure class=\"wp-caption\">\n\t\t\t\t\t\t\t\t\t\t<img loading=\"lazy\" decoding=\"async\" width=\"366\" height=\"550\" src=\"https:\/\/www.elturistatranquil.com\/wp-content\/uploads\/F14b-Cuevas-del-Almanzora-Castillo-1.jpg\" class=\"attachment-large size-large wp-image-22337\" alt=\"\" srcset=\"https:\/\/www.elturistatranquil.com\/wp-content\/uploads\/F14b-Cuevas-del-Almanzora-Castillo-1.jpg 366w, https:\/\/www.elturistatranquil.com\/wp-content\/uploads\/F14b-Cuevas-del-Almanzora-Castillo-1-150x226.jpg 150w\" sizes=\"(max-width: 366px) 100vw, 366px\" \/>\t\t\t\t\t\t\t\t\t\t\t<figcaption class=\"widget-image-caption wp-caption-text\"><\/figcaption>\n\t\t\t\t\t\t\t\t\t\t<\/figure>\n\t\t\t\t\t\t\t\t\t<\/div>\n\t\t\t\t<\/div>\n\t\t\t\t<div class=\"elementor-element elementor-element-2d5182e3 elementor-widget elementor-widget-image\" data-id=\"2d5182e3\" data-element_type=\"widget\" data-e-type=\"widget\" data-widget_type=\"image.default\">\n\t\t\t\t<div class=\"elementor-widget-container\">\n\t\t\t\t\t\t\t\t\t\t\t\t<figure class=\"wp-caption\">\n\t\t\t\t\t\t\t\t\t\t<img loading=\"lazy\" decoding=\"async\" width=\"768\" height=\"511\" src=\"https:\/\/www.elturistatranquil.com\/wp-content\/uploads\/F15-Cuevas-del-Almanzora-Castillo-1.jpg\" class=\"attachment-large size-large wp-image-22339\" alt=\"\" srcset=\"https:\/\/www.elturistatranquil.com\/wp-content\/uploads\/F15-Cuevas-del-Almanzora-Castillo-1.jpg 768w, https:\/\/www.elturistatranquil.com\/wp-content\/uploads\/F15-Cuevas-del-Almanzora-Castillo-1-339x226.jpg 339w\" sizes=\"(max-width: 768px) 100vw, 768px\" \/>\t\t\t\t\t\t\t\t\t\t\t<figcaption class=\"widget-image-caption wp-caption-text\"><\/figcaption>\n\t\t\t\t\t\t\t\t\t\t<\/figure>\n\t\t\t\t\t\t\t\t\t<\/div>\n\t\t\t\t<\/div>\n\t\t\t\t<div class=\"elementor-element elementor-element-4aad77c6 elementor-widget elementor-widget-text-editor\" data-id=\"4aad77c6\" data-element_type=\"widget\" data-e-type=\"widget\" data-widget_type=\"text-editor.default\">\n\t\t\t\t<div class=\"elementor-widget-container\">\n\t\t\t\t\t\t\t\t\t<p>Una escala exterior permet pujar fins a una passarel\u00b7la met\u00e0l\u00b7lica situada a l&#8217;altura de la qual hauria de ser el cam\u00ed de ronda sobre la muralla.<\/p>\t\t\t\t\t\t\t\t<\/div>\n\t\t\t\t<\/div>\n\t\t\t\t<div class=\"elementor-element elementor-element-202a9a58 elementor-widget elementor-widget-image\" data-id=\"202a9a58\" data-element_type=\"widget\" data-e-type=\"widget\" data-widget_type=\"image.default\">\n\t\t\t\t<div class=\"elementor-widget-container\">\n\t\t\t\t\t\t\t\t\t\t\t\t<figure class=\"wp-caption\">\n\t\t\t\t\t\t\t\t\t\t<img loading=\"lazy\" decoding=\"async\" width=\"768\" height=\"511\" src=\"https:\/\/www.elturistatranquil.com\/wp-content\/uploads\/F16-Cuevas-del-Almanzora-Castillo-1.jpg\" class=\"attachment-large size-large wp-image-22341\" alt=\"\" srcset=\"https:\/\/www.elturistatranquil.com\/wp-content\/uploads\/F16-Cuevas-del-Almanzora-Castillo-1.jpg 768w, https:\/\/www.elturistatranquil.com\/wp-content\/uploads\/F16-Cuevas-del-Almanzora-Castillo-1-339x226.jpg 339w\" sizes=\"(max-width: 768px) 100vw, 768px\" \/>\t\t\t\t\t\t\t\t\t\t\t<figcaption class=\"widget-image-caption wp-caption-text\"><\/figcaption>\n\t\t\t\t\t\t\t\t\t\t<\/figure>\n\t\t\t\t\t\t\t\t\t<\/div>\n\t\t\t\t<\/div>\n\t\t\t\t<div class=\"elementor-element elementor-element-462e46e3 elementor-widget elementor-widget-text-editor\" data-id=\"462e46e3\" data-element_type=\"widget\" data-e-type=\"widget\" data-widget_type=\"text-editor.default\">\n\t\t\t\t<div class=\"elementor-widget-container\">\n\t\t\t\t\t\t\t\t\t<p>La <strong>Torre de l&#8217;Homenatge<\/strong> es creu que \u00e9s d&#8217;origen rom\u00e0 remodelada en \u00e8poca musulmana i reconvertida en Torre de l&#8217;Homenatge als segles XV-XVI, sent usada com a pres\u00f3 al segle XVIII.<\/p>\t\t\t\t\t\t\t\t<\/div>\n\t\t\t\t<\/div>\n\t\t\t\t<div class=\"elementor-element elementor-element-66321221 elementor-widget elementor-widget-image\" data-id=\"66321221\" data-element_type=\"widget\" data-e-type=\"widget\" data-widget_type=\"image.default\">\n\t\t\t\t<div class=\"elementor-widget-container\">\n\t\t\t\t\t\t\t\t\t\t\t\t<figure class=\"wp-caption\">\n\t\t\t\t\t\t\t\t\t\t<img loading=\"lazy\" decoding=\"async\" width=\"768\" height=\"512\" src=\"https:\/\/www.elturistatranquil.com\/wp-content\/uploads\/F17-Cuevas-del-Almanzora-Castillo-1.jpg\" class=\"attachment-large size-large wp-image-22343\" alt=\"\" srcset=\"https:\/\/www.elturistatranquil.com\/wp-content\/uploads\/F17-Cuevas-del-Almanzora-Castillo-1.jpg 768w, https:\/\/www.elturistatranquil.com\/wp-content\/uploads\/F17-Cuevas-del-Almanzora-Castillo-1-339x226.jpg 339w\" sizes=\"(max-width: 768px) 100vw, 768px\" \/>\t\t\t\t\t\t\t\t\t\t\t<figcaption class=\"widget-image-caption wp-caption-text\"><\/figcaption>\n\t\t\t\t\t\t\t\t\t\t<\/figure>\n\t\t\t\t\t\t\t\t\t<\/div>\n\t\t\t\t<\/div>\n\t\t\t\t<div class=\"elementor-element elementor-element-1a5dbd9d elementor-widget elementor-widget-menu-anchor\" data-id=\"1a5dbd9d\" data-element_type=\"widget\" data-e-type=\"widget\" data-widget_type=\"menu-anchor.default\">\n\t\t\t\t<div class=\"elementor-widget-container\">\n\t\t\t\t\t\t\t<div class=\"elementor-menu-anchor\" id=\"c3706\"><\/div>\n\t\t\t\t\t\t<\/div>\n\t\t\t\t<\/div>\n\t\t\t\t<div class=\"elementor-element elementor-element-2f35e52 elementor-widget elementor-widget-image\" data-id=\"2f35e52\" data-element_type=\"widget\" data-e-type=\"widget\" data-widget_type=\"image.default\">\n\t\t\t\t<div class=\"elementor-widget-container\">\n\t\t\t\t\t\t\t\t\t\t\t\t<figure class=\"wp-caption\">\n\t\t\t\t\t\t\t\t\t\t<img loading=\"lazy\" decoding=\"async\" width=\"768\" height=\"511\" src=\"https:\/\/www.elturistatranquil.com\/wp-content\/uploads\/F18-Cuevas-del-Almanzora-Castillo-1.jpg\" class=\"attachment-large size-large wp-image-22345\" alt=\"\" srcset=\"https:\/\/www.elturistatranquil.com\/wp-content\/uploads\/F18-Cuevas-del-Almanzora-Castillo-1.jpg 768w, https:\/\/www.elturistatranquil.com\/wp-content\/uploads\/F18-Cuevas-del-Almanzora-Castillo-1-339x226.jpg 339w\" sizes=\"(max-width: 768px) 100vw, 768px\" \/>\t\t\t\t\t\t\t\t\t\t\t<figcaption class=\"widget-image-caption wp-caption-text\"><\/figcaption>\n\t\t\t\t\t\t\t\t\t\t<\/figure>\n\t\t\t\t\t\t\t\t\t<\/div>\n\t\t\t\t<\/div>\n\t\t\t\t<div class=\"elementor-element elementor-element-aa333d7 elementor-widget elementor-widget-heading\" data-id=\"aa333d7\" data-element_type=\"widget\" data-e-type=\"widget\" data-widget_type=\"heading.default\">\n\t\t\t\t<div class=\"elementor-widget-container\">\n\t\t\t\t\t<h3 class=\"elementor-heading-title elementor-size-default\">Museu Antonio Manuel Campoy<\/h3>\t\t\t\t<\/div>\n\t\t\t\t<\/div>\n\t\t\t\t<div class=\"elementor-element elementor-element-1cca208d elementor-widget elementor-widget-text-editor\" data-id=\"1cca208d\" data-element_type=\"widget\" data-e-type=\"widget\" data-widget_type=\"text-editor.default\">\n\t\t\t\t<div class=\"elementor-widget-container\">\n\t\t\t\t\t\t\t\t\t<p>Al Palau estan instal\u00b7lades les diferents col\u00b7leccions que formen la <strong>donaci\u00f3 d&#8217;Antonio Manuel Campoy<\/strong> al municipi, fill de la localitat.<\/p>\t\t\t\t\t\t\t\t<\/div>\n\t\t\t\t<\/div>\n\t\t\t\t<div class=\"elementor-element elementor-element-47122ef3 elementor-widget elementor-widget-image\" data-id=\"47122ef3\" data-element_type=\"widget\" data-e-type=\"widget\" data-widget_type=\"image.default\">\n\t\t\t\t<div class=\"elementor-widget-container\">\n\t\t\t\t\t\t\t\t\t\t\t\t<figure class=\"wp-caption\">\n\t\t\t\t\t\t\t\t\t\t<img loading=\"lazy\" decoding=\"async\" width=\"768\" height=\"511\" src=\"https:\/\/www.elturistatranquil.com\/wp-content\/uploads\/F19-Cuevas-del-Almanzora-Museo-Antonio-Manuel-Campoy-1.jpg\" class=\"attachment-large size-large wp-image-22347\" alt=\"\" srcset=\"https:\/\/www.elturistatranquil.com\/wp-content\/uploads\/F19-Cuevas-del-Almanzora-Museo-Antonio-Manuel-Campoy-1.jpg 768w, https:\/\/www.elturistatranquil.com\/wp-content\/uploads\/F19-Cuevas-del-Almanzora-Museo-Antonio-Manuel-Campoy-1-339x226.jpg 339w\" sizes=\"(max-width: 768px) 100vw, 768px\" \/>\t\t\t\t\t\t\t\t\t\t\t<figcaption class=\"widget-image-caption wp-caption-text\"><\/figcaption>\n\t\t\t\t\t\t\t\t\t\t<\/figure>\n\t\t\t\t\t\t\t\t\t<\/div>\n\t\t\t\t<\/div>\n\t\t\t\t<div class=\"elementor-element elementor-element-179265bf elementor-widget elementor-widget-text-editor\" data-id=\"179265bf\" data-element_type=\"widget\" data-e-type=\"widget\" data-widget_type=\"text-editor.default\">\n\t\t\t\t<div class=\"elementor-widget-container\">\n\t\t\t\t\t\t\t\t\t<p>El museu consta de diverses col\u00b7leccions, entre les quals destaca la de pintura, amb unes 400 obres d&#8217;autors contemporanis tan significatius com Picasso, Solana, Mir\u00f3, Pedro B\u00e9, T\u00e0pies, Revello de Toro, Vela Zanetti, Crist\u00f3bal Toral, Mat\u00edas Quetglas, C\u00e9sar Enric, Barcel\u00f3, Benjam\u00ed Palencia, \u00c1lvaro Delgado, Lapayese, Clau o Redondela.<\/p><p>Les altres col\u00b7leccions se centren en aiguaforts, escultures de bronze, aix\u00ed com el despatx personal d&#8217;Antonio Manuel Campoy, que va ser cr\u00edtic d&#8217;art del diari ABC, la seva biblioteca i altres objectes.<\/p><p>No est\u00e0 perm\u00e8s efectuar fotografies.<\/p>\t\t\t\t\t\t\t\t<\/div>\n\t\t\t\t<\/div>\n\t\t\t\t<section class=\"elementor-section elementor-inner-section elementor-element elementor-element-1bd64f62 elementor-section-boxed elementor-section-height-default elementor-section-height-default\" data-id=\"1bd64f62\" data-element_type=\"section\" data-e-type=\"section\">\n\t\t\t\t\t\t<div class=\"elementor-container elementor-column-gap-default\">\n\t\t\t\t\t<div class=\"elementor-column elementor-col-50 elementor-inner-column elementor-element elementor-element-13e4a580\" data-id=\"13e4a580\" data-element_type=\"column\" data-e-type=\"column\">\n\t\t\t<div class=\"elementor-widget-wrap elementor-element-populated\">\n\t\t\t\t\t\t<div class=\"elementor-element elementor-element-f726d9 elementor-widget elementor-widget-image\" data-id=\"f726d9\" data-element_type=\"widget\" data-e-type=\"widget\" data-widget_type=\"image.default\">\n\t\t\t\t<div class=\"elementor-widget-container\">\n\t\t\t\t\t\t\t\t\t\t\t\t\t\t\t<img loading=\"lazy\" decoding=\"async\" width=\"365\" height=\"550\" src=\"https:\/\/www.elturistatranquil.com\/wp-content\/uploads\/F20m-Cuevas-del-Almanzora-Museo-Antonio-Manuel-Campoy-1.jpg\" class=\"attachment-large size-large wp-image-22349\" alt=\"\" srcset=\"https:\/\/www.elturistatranquil.com\/wp-content\/uploads\/F20m-Cuevas-del-Almanzora-Museo-Antonio-Manuel-Campoy-1.jpg 365w, https:\/\/www.elturistatranquil.com\/wp-content\/uploads\/F20m-Cuevas-del-Almanzora-Museo-Antonio-Manuel-Campoy-1-150x226.jpg 150w\" sizes=\"(max-width: 365px) 100vw, 365px\" \/>\t\t\t\t\t\t\t\t\t\t\t\t\t\t\t<\/div>\n\t\t\t\t<\/div>\n\t\t\t\t\t<\/div>\n\t\t<\/div>\n\t\t\t\t<div class=\"elementor-column elementor-col-50 elementor-inner-column elementor-element elementor-element-7fac673f\" data-id=\"7fac673f\" data-element_type=\"column\" data-e-type=\"column\">\n\t\t\t<div class=\"elementor-widget-wrap elementor-element-populated\">\n\t\t\t\t\t\t<div class=\"elementor-element elementor-element-a8ef2e4 elementor-widget elementor-widget-image\" data-id=\"a8ef2e4\" data-element_type=\"widget\" data-e-type=\"widget\" data-widget_type=\"image.default\">\n\t\t\t\t<div class=\"elementor-widget-container\">\n\t\t\t\t\t\t\t\t\t\t\t\t\t\t\t<img loading=\"lazy\" decoding=\"async\" width=\"367\" height=\"550\" src=\"https:\/\/www.elturistatranquil.com\/wp-content\/uploads\/F20n-Cuevas-del-Almanzora-Museo-Antonio-Manuel-Campoy-1.jpg\" class=\"attachment-large size-large wp-image-22351\" alt=\"\" srcset=\"https:\/\/www.elturistatranquil.com\/wp-content\/uploads\/F20n-Cuevas-del-Almanzora-Museo-Antonio-Manuel-Campoy-1.jpg 367w, https:\/\/www.elturistatranquil.com\/wp-content\/uploads\/F20n-Cuevas-del-Almanzora-Museo-Antonio-Manuel-Campoy-1-151x226.jpg 151w\" sizes=\"(max-width: 367px) 100vw, 367px\" \/>\t\t\t\t\t\t\t\t\t\t\t\t\t\t\t<\/div>\n\t\t\t\t<\/div>\n\t\t\t\t\t<\/div>\n\t\t<\/div>\n\t\t\t\t\t<\/div>\n\t\t<\/section>\n\t\t\t\t<div class=\"elementor-element elementor-element-16681852 elementor-widget elementor-widget-menu-anchor\" data-id=\"16681852\" data-element_type=\"widget\" data-e-type=\"widget\" data-widget_type=\"menu-anchor.default\">\n\t\t\t\t<div class=\"elementor-widget-container\">\n\t\t\t\t\t\t\t<div class=\"elementor-menu-anchor\" id=\"c3707\"><\/div>\n\t\t\t\t\t\t<\/div>\n\t\t\t\t<\/div>\n\t\t\t\t<div class=\"elementor-element elementor-element-42f7c9aa elementor-widget elementor-widget-text-editor\" data-id=\"42f7c9aa\" data-element_type=\"widget\" data-e-type=\"widget\" data-widget_type=\"text-editor.default\">\n\t\t\t\t<div class=\"elementor-widget-container\">\n\t\t\t\t\t\t\t\t\t<p>La col\u00b7leccions del Museu Antonio Manuel Campoy es completen amb la Sala Goya, que es troba empla\u00e7ada al seg\u00fcent edifici de La Tercia.<\/p><p>Em dirigeixo ara a l&#8217;edifici La Tercia per contemplar les tres exposicions que alberga a la planta baixa.<\/p><p>La planta superior est\u00e0 destinada a <strong>Biblioteca Municipal Poeta \u00c1lvarez de Sotomayor<\/strong>.<\/p>\t\t\t\t\t\t\t\t<\/div>\n\t\t\t\t<\/div>\n\t\t\t\t<div class=\"elementor-element elementor-element-1a32f40d elementor-widget elementor-widget-heading\" data-id=\"1a32f40d\" data-element_type=\"widget\" data-e-type=\"widget\" data-widget_type=\"heading.default\">\n\t\t\t\t<div class=\"elementor-widget-container\">\n\t\t\t\t\t<h3 class=\"elementor-heading-title elementor-size-default\">Museu Arqueol\u00f2gica Municipal. Sala de Interpretaci\u00f3 del poblat arg\u00e0ric de Fuente \u00c1lamo<\/h3>\t\t\t\t<\/div>\n\t\t\t\t<\/div>\n\t\t\t\t<div class=\"elementor-element elementor-element-35c1e623 elementor-widget elementor-widget-text-editor\" data-id=\"35c1e623\" data-element_type=\"widget\" data-e-type=\"widget\" data-widget_type=\"text-editor.default\">\n\t\t\t\t<div class=\"elementor-widget-container\">\n\t\t\t\t\t\t\t\t\t<p>El primer \u00e0mbit del costat esquerre de la planta baixa de l&#8217;edifici est\u00e0 destinat a la <strong>Sala d&#8217;Interpretaci\u00f3 del poblat arg\u00e0ric de Fuente \u00c1lamo del Museu Arqueol\u00f2gic Municipal<\/strong>.<\/p><p>En una \u00e0mplia sala de dues naus s&#8217;efectua un recorregut interpretatiu de la <em>Cultura de l&#8217;Argar<\/em>. L&#8217;assentament d&#8217;aquesta cultura a Fuente \u00c1lamo, al terme municipal de Cuevas, se&#8217;l considera com un dels m\u00e9s emblem\u00e0tics de l&#8217;Edat del Bronze en el Sud-est de la Pen\u00ednsula Ib\u00e8rica.<\/p>\t\t\t\t\t\t\t\t<\/div>\n\t\t\t\t<\/div>\n\t\t\t\t<div class=\"elementor-element elementor-element-5157e18d elementor-widget elementor-widget-image\" data-id=\"5157e18d\" data-element_type=\"widget\" data-e-type=\"widget\" data-widget_type=\"image.default\">\n\t\t\t\t<div class=\"elementor-widget-container\">\n\t\t\t\t\t\t\t\t\t\t\t\t<figure class=\"wp-caption\">\n\t\t\t\t\t\t\t\t\t\t<img loading=\"lazy\" decoding=\"async\" width=\"768\" height=\"512\" src=\"https:\/\/www.elturistatranquil.com\/wp-content\/uploads\/F21-Cuevas-del-Almanzora-MuseoArqueologico-Municipal-1.jpg\" class=\"attachment-large size-large wp-image-22353\" alt=\"\" srcset=\"https:\/\/www.elturistatranquil.com\/wp-content\/uploads\/F21-Cuevas-del-Almanzora-MuseoArqueologico-Municipal-1.jpg 768w, https:\/\/www.elturistatranquil.com\/wp-content\/uploads\/F21-Cuevas-del-Almanzora-MuseoArqueologico-Municipal-1-339x226.jpg 339w\" sizes=\"(max-width: 768px) 100vw, 768px\" \/>\t\t\t\t\t\t\t\t\t\t\t<figcaption class=\"widget-image-caption wp-caption-text\"><\/figcaption>\n\t\t\t\t\t\t\t\t\t\t<\/figure>\n\t\t\t\t\t\t\t\t\t<\/div>\n\t\t\t\t<\/div>\n\t\t\t\t<div class=\"elementor-element elementor-element-5411c396 elementor-widget elementor-widget-text-editor\" data-id=\"5411c396\" data-element_type=\"widget\" data-e-type=\"widget\" data-widget_type=\"text-editor.default\">\n\t\t\t\t<div class=\"elementor-widget-container\">\n\t\t\t\t\t\t\t\t\t<p>Sobretot a partir de 1890 quan els germans belgues Enrique i Luis Siret van donar a con\u00e8ixer la seva obra <em>Las Primeras Edades del Metal en el Sudeste de Espa\u00f1a<\/em>.<\/p><p>Com a espai d&#8217;interpretaci\u00f3, s&#8217;exhibeixen una s\u00e8rie sistem\u00e0tica de panells informatius sobre la cultura arg\u00e0rica, acompanyats de mostres arqueol\u00f2giques de cada aspecte trobades a <em>El \u00c1lamo<\/em>, aix\u00ed com fotografia, gr\u00e0fics i maquetes il\u00b7lustratius.<\/p>\t\t\t\t\t\t\t\t<\/div>\n\t\t\t\t<\/div>\n\t\t\t\t<div class=\"elementor-element elementor-element-4e500d88 elementor-widget elementor-widget-image\" data-id=\"4e500d88\" data-element_type=\"widget\" data-e-type=\"widget\" data-widget_type=\"image.default\">\n\t\t\t\t<div class=\"elementor-widget-container\">\n\t\t\t\t\t\t\t\t\t\t\t\t<figure class=\"wp-caption\">\n\t\t\t\t\t\t\t\t\t\t<img loading=\"lazy\" decoding=\"async\" width=\"768\" height=\"511\" src=\"https:\/\/www.elturistatranquil.com\/wp-content\/uploads\/F22-Cuevas-del-Almanzora-MuseoArqueologico-Municipal-1.jpg\" class=\"attachment-large size-large wp-image-22355\" alt=\"\" srcset=\"https:\/\/www.elturistatranquil.com\/wp-content\/uploads\/F22-Cuevas-del-Almanzora-MuseoArqueologico-Municipal-1.jpg 768w, https:\/\/www.elturistatranquil.com\/wp-content\/uploads\/F22-Cuevas-del-Almanzora-MuseoArqueologico-Municipal-1-339x226.jpg 339w\" sizes=\"(max-width: 768px) 100vw, 768px\" \/>\t\t\t\t\t\t\t\t\t\t\t<figcaption class=\"widget-image-caption wp-caption-text\"><\/figcaption>\n\t\t\t\t\t\t\t\t\t\t<\/figure>\n\t\t\t\t\t\t\t\t\t<\/div>\n\t\t\t\t<\/div>\n\t\t\t\t<div class=\"elementor-element elementor-element-45b3d5e0 elementor-widget elementor-widget-image\" data-id=\"45b3d5e0\" data-element_type=\"widget\" data-e-type=\"widget\" data-widget_type=\"image.default\">\n\t\t\t\t<div class=\"elementor-widget-container\">\n\t\t\t\t\t\t\t\t\t\t\t\t<figure class=\"wp-caption\">\n\t\t\t\t\t\t\t\t\t\t<img loading=\"lazy\" decoding=\"async\" width=\"768\" height=\"511\" src=\"https:\/\/www.elturistatranquil.com\/wp-content\/uploads\/F23-Cuevas-del-Almanzora-MuseoArqueologico-Municipal-1.jpg\" class=\"attachment-large size-large wp-image-22357\" alt=\"\" srcset=\"https:\/\/www.elturistatranquil.com\/wp-content\/uploads\/F23-Cuevas-del-Almanzora-MuseoArqueologico-Municipal-1.jpg 768w, https:\/\/www.elturistatranquil.com\/wp-content\/uploads\/F23-Cuevas-del-Almanzora-MuseoArqueologico-Municipal-1-339x226.jpg 339w\" sizes=\"(max-width: 768px) 100vw, 768px\" \/>\t\t\t\t\t\t\t\t\t\t\t<figcaption class=\"widget-image-caption wp-caption-text\"><\/figcaption>\n\t\t\t\t\t\t\t\t\t\t<\/figure>\n\t\t\t\t\t\t\t\t\t<\/div>\n\t\t\t\t<\/div>\n\t\t\t\t<div class=\"elementor-element elementor-element-735fa14f elementor-widget elementor-widget-image\" data-id=\"735fa14f\" data-element_type=\"widget\" data-e-type=\"widget\" data-widget_type=\"image.default\">\n\t\t\t\t<div class=\"elementor-widget-container\">\n\t\t\t\t\t\t\t\t\t\t\t\t<figure class=\"wp-caption\">\n\t\t\t\t\t\t\t\t\t\t<img loading=\"lazy\" decoding=\"async\" width=\"768\" height=\"511\" src=\"https:\/\/www.elturistatranquil.com\/wp-content\/uploads\/F24-Cuevas-del-Almanzora-MuseoArqueologico-Municipal-1.jpg\" class=\"attachment-large size-large wp-image-22359\" alt=\"\" srcset=\"https:\/\/www.elturistatranquil.com\/wp-content\/uploads\/F24-Cuevas-del-Almanzora-MuseoArqueologico-Municipal-1.jpg 768w, https:\/\/www.elturistatranquil.com\/wp-content\/uploads\/F24-Cuevas-del-Almanzora-MuseoArqueologico-Municipal-1-339x226.jpg 339w\" sizes=\"(max-width: 768px) 100vw, 768px\" \/>\t\t\t\t\t\t\t\t\t\t\t<figcaption class=\"widget-image-caption wp-caption-text\"><\/figcaption>\n\t\t\t\t\t\t\t\t\t\t<\/figure>\n\t\t\t\t\t\t\t\t\t<\/div>\n\t\t\t\t<\/div>\n\t\t\t\t<div class=\"elementor-element elementor-element-7f038a8a elementor-widget elementor-widget-image\" data-id=\"7f038a8a\" data-element_type=\"widget\" data-e-type=\"widget\" data-widget_type=\"image.default\">\n\t\t\t\t<div class=\"elementor-widget-container\">\n\t\t\t\t\t\t\t\t\t\t\t\t<figure class=\"wp-caption\">\n\t\t\t\t\t\t\t\t\t\t<img loading=\"lazy\" decoding=\"async\" width=\"768\" height=\"512\" src=\"https:\/\/www.elturistatranquil.com\/wp-content\/uploads\/F25-Cuevas-del-Almanzora-MuseoArqueologico-Municipal-1.jpg\" class=\"attachment-large size-large wp-image-22361\" alt=\"\" srcset=\"https:\/\/www.elturistatranquil.com\/wp-content\/uploads\/F25-Cuevas-del-Almanzora-MuseoArqueologico-Municipal-1.jpg 768w, https:\/\/www.elturistatranquil.com\/wp-content\/uploads\/F25-Cuevas-del-Almanzora-MuseoArqueologico-Municipal-1-339x226.jpg 339w\" sizes=\"(max-width: 768px) 100vw, 768px\" \/>\t\t\t\t\t\t\t\t\t\t\t<figcaption class=\"widget-image-caption wp-caption-text\"><\/figcaption>\n\t\t\t\t\t\t\t\t\t\t<\/figure>\n\t\t\t\t\t\t\t\t\t<\/div>\n\t\t\t\t<\/div>\n\t\t\t\t<div class=\"elementor-element elementor-element-7eb69033 elementor-widget elementor-widget-image\" data-id=\"7eb69033\" data-element_type=\"widget\" data-e-type=\"widget\" data-widget_type=\"image.default\">\n\t\t\t\t<div class=\"elementor-widget-container\">\n\t\t\t\t\t\t\t\t\t\t\t\t<figure class=\"wp-caption\">\n\t\t\t\t\t\t\t\t\t\t<img loading=\"lazy\" decoding=\"async\" width=\"768\" height=\"511\" src=\"https:\/\/www.elturistatranquil.com\/wp-content\/uploads\/F26-Cuevas-del-Almanzora-MuseoArqueologico-Municipal-1.jpg\" class=\"attachment-large size-large wp-image-22363\" alt=\"\" srcset=\"https:\/\/www.elturistatranquil.com\/wp-content\/uploads\/F26-Cuevas-del-Almanzora-MuseoArqueologico-Municipal-1.jpg 768w, https:\/\/www.elturistatranquil.com\/wp-content\/uploads\/F26-Cuevas-del-Almanzora-MuseoArqueologico-Municipal-1-339x226.jpg 339w\" sizes=\"(max-width: 768px) 100vw, 768px\" \/>\t\t\t\t\t\t\t\t\t\t\t<figcaption class=\"widget-image-caption wp-caption-text\"><\/figcaption>\n\t\t\t\t\t\t\t\t\t\t<\/figure>\n\t\t\t\t\t\t\t\t\t<\/div>\n\t\t\t\t<\/div>\n\t\t\t\t<div class=\"elementor-element elementor-element-6ade7215 elementor-widget elementor-widget-image\" data-id=\"6ade7215\" data-element_type=\"widget\" data-e-type=\"widget\" data-widget_type=\"image.default\">\n\t\t\t\t<div class=\"elementor-widget-container\">\n\t\t\t\t\t\t\t\t\t\t\t\t<figure class=\"wp-caption\">\n\t\t\t\t\t\t\t\t\t\t<img loading=\"lazy\" decoding=\"async\" width=\"768\" height=\"511\" src=\"https:\/\/www.elturistatranquil.com\/wp-content\/uploads\/F27-Cuevas-del-Almanzora-MuseoArqueologico-Municipal-1.jpg\" class=\"attachment-large size-large wp-image-22365\" alt=\"\" srcset=\"https:\/\/www.elturistatranquil.com\/wp-content\/uploads\/F27-Cuevas-del-Almanzora-MuseoArqueologico-Municipal-1.jpg 768w, https:\/\/www.elturistatranquil.com\/wp-content\/uploads\/F27-Cuevas-del-Almanzora-MuseoArqueologico-Municipal-1-339x226.jpg 339w\" sizes=\"(max-width: 768px) 100vw, 768px\" \/>\t\t\t\t\t\t\t\t\t\t\t<figcaption class=\"widget-image-caption wp-caption-text\"><\/figcaption>\n\t\t\t\t\t\t\t\t\t\t<\/figure>\n\t\t\t\t\t\t\t\t\t<\/div>\n\t\t\t\t<\/div>\n\t\t\t\t<div class=\"elementor-element elementor-element-42928272 elementor-widget elementor-widget-image\" data-id=\"42928272\" data-element_type=\"widget\" data-e-type=\"widget\" data-widget_type=\"image.default\">\n\t\t\t\t<div class=\"elementor-widget-container\">\n\t\t\t\t\t\t\t\t\t\t\t\t<figure class=\"wp-caption\">\n\t\t\t\t\t\t\t\t\t\t<img loading=\"lazy\" decoding=\"async\" width=\"768\" height=\"511\" src=\"https:\/\/www.elturistatranquil.com\/wp-content\/uploads\/F28a-Cuevas-del-Almanzora-MuseoArqueologico-Municipal-1.jpg\" class=\"attachment-large size-large wp-image-22367\" alt=\"\" srcset=\"https:\/\/www.elturistatranquil.com\/wp-content\/uploads\/F28a-Cuevas-del-Almanzora-MuseoArqueologico-Municipal-1.jpg 768w, https:\/\/www.elturistatranquil.com\/wp-content\/uploads\/F28a-Cuevas-del-Almanzora-MuseoArqueologico-Municipal-1-339x226.jpg 339w\" sizes=\"(max-width: 768px) 100vw, 768px\" \/>\t\t\t\t\t\t\t\t\t\t\t<figcaption class=\"widget-image-caption wp-caption-text\"><\/figcaption>\n\t\t\t\t\t\t\t\t\t\t<\/figure>\n\t\t\t\t\t\t\t\t\t<\/div>\n\t\t\t\t<\/div>\n\t\t\t\t<div class=\"elementor-element elementor-element-b7426b9 elementor-widget elementor-widget-menu-anchor\" data-id=\"b7426b9\" data-element_type=\"widget\" data-e-type=\"widget\" data-widget_type=\"menu-anchor.default\">\n\t\t\t\t<div class=\"elementor-widget-container\">\n\t\t\t\t\t\t\t<div class=\"elementor-menu-anchor\" id=\"c3708\"><\/div>\n\t\t\t\t\t\t<\/div>\n\t\t\t\t<\/div>\n\t\t\t\t<div class=\"elementor-element elementor-element-6c341f32 elementor-widget elementor-widget-image\" data-id=\"6c341f32\" data-element_type=\"widget\" data-e-type=\"widget\" data-widget_type=\"image.default\">\n\t\t\t\t<div class=\"elementor-widget-container\">\n\t\t\t\t\t\t\t\t\t\t\t\t<figure class=\"wp-caption\">\n\t\t\t\t\t\t\t\t\t\t<img loading=\"lazy\" decoding=\"async\" width=\"768\" height=\"511\" src=\"https:\/\/www.elturistatranquil.com\/wp-content\/uploads\/F28b-Cuevas-del-Almanzora-MuseoArqueologico-Municipal-1.jpg\" class=\"attachment-large size-large wp-image-22369\" alt=\"\" srcset=\"https:\/\/www.elturistatranquil.com\/wp-content\/uploads\/F28b-Cuevas-del-Almanzora-MuseoArqueologico-Municipal-1.jpg 768w, https:\/\/www.elturistatranquil.com\/wp-content\/uploads\/F28b-Cuevas-del-Almanzora-MuseoArqueologico-Municipal-1-339x226.jpg 339w\" sizes=\"(max-width: 768px) 100vw, 768px\" \/>\t\t\t\t\t\t\t\t\t\t\t<figcaption class=\"widget-image-caption wp-caption-text\"><\/figcaption>\n\t\t\t\t\t\t\t\t\t\t<\/figure>\n\t\t\t\t\t\t\t\t\t<\/div>\n\t\t\t\t<\/div>\n\t\t\t\t<div class=\"elementor-element elementor-element-6c5bc6ff elementor-widget elementor-widget-heading\" data-id=\"6c5bc6ff\" data-element_type=\"widget\" data-e-type=\"widget\" data-widget_type=\"heading.default\">\n\t\t\t\t<div class=\"elementor-widget-container\">\n\t\t\t\t\t<h3 class=\"elementor-heading-title elementor-size-default\">Sala Goya<\/h3>\t\t\t\t<\/div>\n\t\t\t\t<\/div>\n\t\t\t\t<div class=\"elementor-element elementor-element-5b75af74 elementor-widget elementor-widget-text-editor\" data-id=\"5b75af74\" data-element_type=\"widget\" data-e-type=\"widget\" data-widget_type=\"text-editor.default\">\n\t\t\t\t<div class=\"elementor-widget-container\">\n\t\t\t\t\t\t\t\t\t<p>Al fons del Museu Arqueol\u00f2gic s&#8217;obre la <strong>Sala Goya<\/strong>, que pertany tamb\u00e9 al Museu Antonio Manuel Campoy.<\/p>\t\t\t\t\t\t\t\t<\/div>\n\t\t\t\t<\/div>\n\t\t\t\t<div class=\"elementor-element elementor-element-7e24b382 elementor-widget elementor-widget-image\" data-id=\"7e24b382\" data-element_type=\"widget\" data-e-type=\"widget\" data-widget_type=\"image.default\">\n\t\t\t\t<div class=\"elementor-widget-container\">\n\t\t\t\t\t\t\t\t\t\t\t\t<figure class=\"wp-caption\">\n\t\t\t\t\t\t\t\t\t\t<img loading=\"lazy\" decoding=\"async\" width=\"768\" height=\"512\" src=\"https:\/\/www.elturistatranquil.com\/wp-content\/uploads\/F29-Cuevas-del-Almanzora-Sala-Goya-1.jpg\" class=\"attachment-large size-large wp-image-22371\" alt=\"\" srcset=\"https:\/\/www.elturistatranquil.com\/wp-content\/uploads\/F29-Cuevas-del-Almanzora-Sala-Goya-1.jpg 768w, https:\/\/www.elturistatranquil.com\/wp-content\/uploads\/F29-Cuevas-del-Almanzora-Sala-Goya-1-339x226.jpg 339w\" sizes=\"(max-width: 768px) 100vw, 768px\" \/>\t\t\t\t\t\t\t\t\t\t\t<figcaption class=\"widget-image-caption wp-caption-text\"><\/figcaption>\n\t\t\t\t\t\t\t\t\t\t<\/figure>\n\t\t\t\t\t\t\t\t\t<\/div>\n\t\t\t\t<\/div>\n\t\t\t\t<div class=\"elementor-element elementor-element-7e0e1c2b elementor-widget elementor-widget-image\" data-id=\"7e0e1c2b\" data-element_type=\"widget\" data-e-type=\"widget\" data-widget_type=\"image.default\">\n\t\t\t\t<div class=\"elementor-widget-container\">\n\t\t\t\t\t\t\t\t\t\t\t\t<figure class=\"wp-caption\">\n\t\t\t\t\t\t\t\t\t\t<img loading=\"lazy\" decoding=\"async\" width=\"768\" height=\"511\" src=\"https:\/\/www.elturistatranquil.com\/wp-content\/uploads\/F30-Cuevas-del-Almanzora-Sala-Goya-1.jpg\" class=\"attachment-large size-large wp-image-22373\" alt=\"\" srcset=\"https:\/\/www.elturistatranquil.com\/wp-content\/uploads\/F30-Cuevas-del-Almanzora-Sala-Goya-1.jpg 768w, https:\/\/www.elturistatranquil.com\/wp-content\/uploads\/F30-Cuevas-del-Almanzora-Sala-Goya-1-339x226.jpg 339w\" sizes=\"(max-width: 768px) 100vw, 768px\" \/>\t\t\t\t\t\t\t\t\t\t\t<figcaption class=\"widget-image-caption wp-caption-text\">Francisco de Goya en bronze fos, bust de Agust\u00edn de la Herr\u00e1n<\/figcaption>\n\t\t\t\t\t\t\t\t\t\t<\/figure>\n\t\t\t\t\t\t\t\t\t<\/div>\n\t\t\t\t<\/div>\n\t\t\t\t<div class=\"elementor-element elementor-element-616220e6 elementor-widget elementor-widget-text-editor\" data-id=\"616220e6\" data-element_type=\"widget\" data-e-type=\"widget\" data-widget_type=\"text-editor.default\">\n\t\t\t\t<div class=\"elementor-widget-container\">\n\t\t\t\t\t\t\t\t\t<p>Est\u00e0 formada per l&#8217;exposici\u00f3 de dues carpetes de gravats de <strong>Francisco Jos\u00e9 de Goya i Lucientes<\/strong>.<\/p><p>A la primera sala hi ha els gravats <strong>Los Proverbios o Disparates<\/strong> del per\u00edode entre 1816 i 1823. S\u00f3n 22 l\u00e0mines d&#8217;aquests gravats d&#8217;una edici\u00f3 de l&#8217;any 1976.<\/p>\t\t\t\t\t\t\t\t<\/div>\n\t\t\t\t<\/div>\n\t\t\t\t<div class=\"elementor-element elementor-element-32ced031 elementor-widget elementor-widget-image\" data-id=\"32ced031\" data-element_type=\"widget\" data-e-type=\"widget\" data-widget_type=\"image.default\">\n\t\t\t\t<div class=\"elementor-widget-container\">\n\t\t\t\t\t\t\t\t\t\t\t\t<figure class=\"wp-caption\">\n\t\t\t\t\t\t\t\t\t\t<img loading=\"lazy\" decoding=\"async\" width=\"768\" height=\"512\" src=\"https:\/\/www.elturistatranquil.com\/wp-content\/uploads\/F31-Cuevas-del-Almanzora-Sala-Goya-1.jpg\" class=\"attachment-large size-large wp-image-22375\" alt=\"\" srcset=\"https:\/\/www.elturistatranquil.com\/wp-content\/uploads\/F31-Cuevas-del-Almanzora-Sala-Goya-1.jpg 768w, https:\/\/www.elturistatranquil.com\/wp-content\/uploads\/F31-Cuevas-del-Almanzora-Sala-Goya-1-339x226.jpg 339w\" sizes=\"(max-width: 768px) 100vw, 768px\" \/>\t\t\t\t\t\t\t\t\t\t\t<figcaption class=\"widget-image-caption wp-caption-text\"><\/figcaption>\n\t\t\t\t\t\t\t\t\t\t<\/figure>\n\t\t\t\t\t\t\t\t\t<\/div>\n\t\t\t\t<\/div>\n\t\t\t\t<div class=\"elementor-element elementor-element-5fadd384 elementor-widget elementor-widget-text-editor\" data-id=\"5fadd384\" data-element_type=\"widget\" data-e-type=\"widget\" data-widget_type=\"text-editor.default\">\n\t\t\t\t<div class=\"elementor-widget-container\">\n\t\t\t\t\t\t\t\t\t<p>El segon bloc ocupa una gran sala en forma de L que a m\u00e9s cont\u00e9 un gran nombre de gerres fixades a terra.<\/p><p>Mostra 47 gravats de la primera i \u00fanica edici\u00f3 acolorida de la s\u00e8rie <strong>La Taurom\u00e1quia<\/strong>, que Goya va dibuixar i va gravar entre 1814 i 1816.<\/p>\t\t\t\t\t\t\t\t<\/div>\n\t\t\t\t<\/div>\n\t\t\t\t<div class=\"elementor-element elementor-element-2c8fd99e elementor-widget elementor-widget-image\" data-id=\"2c8fd99e\" data-element_type=\"widget\" data-e-type=\"widget\" data-widget_type=\"image.default\">\n\t\t\t\t<div class=\"elementor-widget-container\">\n\t\t\t\t\t\t\t\t\t\t\t\t<figure class=\"wp-caption\">\n\t\t\t\t\t\t\t\t\t\t<img loading=\"lazy\" decoding=\"async\" width=\"768\" height=\"511\" src=\"https:\/\/www.elturistatranquil.com\/wp-content\/uploads\/F32-Cuevas-del-Almanzora-Sala-Goya-1.jpg\" class=\"attachment-large size-large wp-image-22377\" alt=\"\" srcset=\"https:\/\/www.elturistatranquil.com\/wp-content\/uploads\/F32-Cuevas-del-Almanzora-Sala-Goya-1.jpg 768w, https:\/\/www.elturistatranquil.com\/wp-content\/uploads\/F32-Cuevas-del-Almanzora-Sala-Goya-1-339x226.jpg 339w\" sizes=\"(max-width: 768px) 100vw, 768px\" \/>\t\t\t\t\t\t\t\t\t\t\t<figcaption class=\"widget-image-caption wp-caption-text\"><\/figcaption>\n\t\t\t\t\t\t\t\t\t\t<\/figure>\n\t\t\t\t\t\t\t\t\t<\/div>\n\t\t\t\t<\/div>\n\t\t\t\t<div class=\"elementor-element elementor-element-5df6c74a elementor-widget elementor-widget-image\" data-id=\"5df6c74a\" data-element_type=\"widget\" data-e-type=\"widget\" data-widget_type=\"image.default\">\n\t\t\t\t<div class=\"elementor-widget-container\">\n\t\t\t\t\t\t\t\t\t\t\t\t<figure class=\"wp-caption\">\n\t\t\t\t\t\t\t\t\t\t<img loading=\"lazy\" decoding=\"async\" width=\"768\" height=\"511\" src=\"https:\/\/www.elturistatranquil.com\/wp-content\/uploads\/F33-Cuevas-del-Almanzora-Sala-Goya-1.jpg\" class=\"attachment-large size-large wp-image-22379\" alt=\"\" srcset=\"https:\/\/www.elturistatranquil.com\/wp-content\/uploads\/F33-Cuevas-del-Almanzora-Sala-Goya-1.jpg 768w, https:\/\/www.elturistatranquil.com\/wp-content\/uploads\/F33-Cuevas-del-Almanzora-Sala-Goya-1-339x226.jpg 339w\" sizes=\"(max-width: 768px) 100vw, 768px\" \/>\t\t\t\t\t\t\t\t\t\t\t<figcaption class=\"widget-image-caption wp-caption-text\"><\/figcaption>\n\t\t\t\t\t\t\t\t\t\t<\/figure>\n\t\t\t\t\t\t\t\t\t<\/div>\n\t\t\t\t<\/div>\n\t\t\t\t<div class=\"elementor-element elementor-element-3b9d6e38 elementor-widget elementor-widget-menu-anchor\" data-id=\"3b9d6e38\" data-element_type=\"widget\" data-e-type=\"widget\" data-widget_type=\"menu-anchor.default\">\n\t\t\t\t<div class=\"elementor-widget-container\">\n\t\t\t\t\t\t\t<div class=\"elementor-menu-anchor\" id=\"c3709\"><\/div>\n\t\t\t\t\t\t<\/div>\n\t\t\t\t<\/div>\n\t\t\t\t<div class=\"elementor-element elementor-element-61da2388 elementor-widget elementor-widget-text-editor\" data-id=\"61da2388\" data-element_type=\"widget\" data-e-type=\"widget\" data-widget_type=\"text-editor.default\">\n\t\t\t\t<div class=\"elementor-widget-container\">\n\t\t\t\t\t\t\t\t\t<p>Durant la restauraci\u00f3 del castell van apar\u00e8ixer una s\u00e8rie de gerres del segle XVI en les quals el Marqu\u00e8s guardava els delmes. Les gerres estan alineades de la mateixa manera que van ser trobades.<\/p>\t\t\t\t\t\t\t\t<\/div>\n\t\t\t\t<\/div>\n\t\t\t\t<div class=\"elementor-element elementor-element-6b1dc165 elementor-widget elementor-widget-heading\" data-id=\"6b1dc165\" data-element_type=\"widget\" data-e-type=\"widget\" data-widget_type=\"heading.default\">\n\t\t\t\t<div class=\"elementor-widget-container\">\n\t\t\t\t\t<h3 class=\"elementor-heading-title elementor-size-default\">Sala d\u2019Exposicions La Tercia<\/h3>\t\t\t\t<\/div>\n\t\t\t\t<\/div>\n\t\t\t\t<div class=\"elementor-element elementor-element-714848f2 elementor-widget elementor-widget-text-editor\" data-id=\"714848f2\" data-element_type=\"widget\" data-e-type=\"widget\" data-widget_type=\"text-editor.default\">\n\t\t\t\t<div class=\"elementor-widget-container\">\n\t\t\t\t\t\t\t\t\t<p>A la part dreta de la planta la <strong>Sala d&#8217;Exposicions La Tercia<\/strong> est\u00e0 dedicada a exposicions temporals.<\/p><p>En el moment de la meva visita vaig poder apreciar l&#8217;exposici\u00f3 &#8220;<em>La Mirada Sorpendida<\/em>&#8220;, en lal qual es mostra una mica m\u00e9s d&#8217;un segle de fotografia a Cuevas, entre 1868 i 1973, amb fotografies sobre Cuevas i instrumental relacionat amb l&#8217;evoluci\u00f3 de la fotografia durant aquest per\u00edode.<\/p>\t\t\t\t\t\t\t\t<\/div>\n\t\t\t\t<\/div>\n\t\t\t\t<div class=\"elementor-element elementor-element-6293d093 elementor-widget elementor-widget-image\" data-id=\"6293d093\" data-element_type=\"widget\" data-e-type=\"widget\" data-widget_type=\"image.default\">\n\t\t\t\t<div class=\"elementor-widget-container\">\n\t\t\t\t\t\t\t\t\t\t\t\t<figure class=\"wp-caption\">\n\t\t\t\t\t\t\t\t\t\t<img loading=\"lazy\" decoding=\"async\" width=\"768\" height=\"511\" src=\"https:\/\/www.elturistatranquil.com\/wp-content\/uploads\/F34-Cuevas-del-Almanzora-Sala-Exposiciones-La-Tercia-1.jpg\" class=\"attachment-large size-large wp-image-22381\" alt=\"\" srcset=\"https:\/\/www.elturistatranquil.com\/wp-content\/uploads\/F34-Cuevas-del-Almanzora-Sala-Exposiciones-La-Tercia-1.jpg 768w, https:\/\/www.elturistatranquil.com\/wp-content\/uploads\/F34-Cuevas-del-Almanzora-Sala-Exposiciones-La-Tercia-1-339x226.jpg 339w\" sizes=\"(max-width: 768px) 100vw, 768px\" \/>\t\t\t\t\t\t\t\t\t\t\t<figcaption class=\"widget-image-caption wp-caption-text\"><\/figcaption>\n\t\t\t\t\t\t\t\t\t\t<\/figure>\n\t\t\t\t\t\t\t\t\t<\/div>\n\t\t\t\t<\/div>\n\t\t\t\t<div class=\"elementor-element elementor-element-21e23f97 elementor-widget elementor-widget-image\" data-id=\"21e23f97\" data-element_type=\"widget\" data-e-type=\"widget\" data-widget_type=\"image.default\">\n\t\t\t\t<div class=\"elementor-widget-container\">\n\t\t\t\t\t\t\t\t\t\t\t\t<figure class=\"wp-caption\">\n\t\t\t\t\t\t\t\t\t\t<img loading=\"lazy\" decoding=\"async\" width=\"768\" height=\"511\" src=\"https:\/\/www.elturistatranquil.com\/wp-content\/uploads\/F35-Cuevas-del-Almanzora-Sala-Exposiciones-La-Tercia-1.jpg\" class=\"attachment-large size-large wp-image-22383\" alt=\"\" srcset=\"https:\/\/www.elturistatranquil.com\/wp-content\/uploads\/F35-Cuevas-del-Almanzora-Sala-Exposiciones-La-Tercia-1.jpg 768w, https:\/\/www.elturistatranquil.com\/wp-content\/uploads\/F35-Cuevas-del-Almanzora-Sala-Exposiciones-La-Tercia-1-339x226.jpg 339w\" sizes=\"(max-width: 768px) 100vw, 768px\" \/>\t\t\t\t\t\t\t\t\t\t\t<figcaption class=\"widget-image-caption wp-caption-text\"><\/figcaption>\n\t\t\t\t\t\t\t\t\t\t<\/figure>\n\t\t\t\t\t\t\t\t\t<\/div>\n\t\t\t\t<\/div>\n\t\t\t\t<div class=\"elementor-element elementor-element-ff426d4 elementor-widget elementor-widget-menu-anchor\" data-id=\"ff426d4\" data-element_type=\"widget\" data-e-type=\"widget\" data-widget_type=\"menu-anchor.default\">\n\t\t\t\t<div class=\"elementor-widget-container\">\n\t\t\t\t\t\t\t<div class=\"elementor-menu-anchor\" id=\"c3710\"><\/div>\n\t\t\t\t\t\t<\/div>\n\t\t\t\t<\/div>\n\t\t\t\t<div class=\"elementor-element elementor-element-53e229c3 elementor-widget elementor-widget-image\" data-id=\"53e229c3\" data-element_type=\"widget\" data-e-type=\"widget\" data-widget_type=\"image.default\">\n\t\t\t\t<div class=\"elementor-widget-container\">\n\t\t\t\t\t\t\t\t\t\t\t\t<figure class=\"wp-caption\">\n\t\t\t\t\t\t\t\t\t\t<img loading=\"lazy\" decoding=\"async\" width=\"768\" height=\"511\" src=\"https:\/\/www.elturistatranquil.com\/wp-content\/uploads\/F36-Cuevas-del-Almanzora-Sala-Exposiciones-La-Tercia-1.jpg\" class=\"attachment-large size-large wp-image-22385\" alt=\"\" srcset=\"https:\/\/www.elturistatranquil.com\/wp-content\/uploads\/F36-Cuevas-del-Almanzora-Sala-Exposiciones-La-Tercia-1.jpg 768w, https:\/\/www.elturistatranquil.com\/wp-content\/uploads\/F36-Cuevas-del-Almanzora-Sala-Exposiciones-La-Tercia-1-339x226.jpg 339w\" sizes=\"(max-width: 768px) 100vw, 768px\" \/>\t\t\t\t\t\t\t\t\t\t\t<figcaption class=\"widget-image-caption wp-caption-text\"><\/figcaption>\n\t\t\t\t\t\t\t\t\t\t<\/figure>\n\t\t\t\t\t\t\t\t\t<\/div>\n\t\t\t\t<\/div>\n\t\t\t\t<div class=\"elementor-element elementor-element-79c5a6e0 elementor-widget elementor-widget-heading\" data-id=\"79c5a6e0\" data-element_type=\"widget\" data-e-type=\"widget\" data-widget_type=\"heading.default\">\n\t\t\t\t<div class=\"elementor-widget-container\">\n\t\t\t\t\t<h3 class=\"elementor-heading-title elementor-size-default\">Cuesta del Calvario<\/h3>\t\t\t\t<\/div>\n\t\t\t\t<\/div>\n\t\t\t\t<div class=\"elementor-element elementor-element-2e5e9e16 elementor-widget elementor-widget-menu-anchor\" data-id=\"2e5e9e16\" data-element_type=\"widget\" data-e-type=\"widget\" data-widget_type=\"menu-anchor.default\">\n\t\t\t\t<div class=\"elementor-widget-container\">\n\t\t\t\t\t\t\t<div class=\"elementor-menu-anchor\" id=\"c3711\"><\/div>\n\t\t\t\t\t\t<\/div>\n\t\t\t\t<\/div>\n\t\t\t\t<div class=\"elementor-element elementor-element-11efb82e elementor-widget elementor-widget-text-editor\" data-id=\"11efb82e\" data-element_type=\"widget\" data-e-type=\"widget\" data-widget_type=\"text-editor.default\">\n\t\t\t\t<div class=\"elementor-widget-container\">\n\t\t\t\t\t\t\t\t\t<p>Sortint del castell em dirigeixo a la part nord per enfilar la <strong>Cuesta del Calvario<\/strong>.<\/p>\t\t\t\t\t\t\t\t<\/div>\n\t\t\t\t<\/div>\n\t\t\t\t<div class=\"elementor-element elementor-element-6714a530 elementor-widget elementor-widget-heading\" data-id=\"6714a530\" data-element_type=\"widget\" data-e-type=\"widget\" data-widget_type=\"heading.default\">\n\t\t\t\t<div class=\"elementor-widget-container\">\n\t\t\t\t\t<h3 class=\"elementor-heading-title elementor-size-default\">Safareig p\u00fablic del Calvario<\/h3>\t\t\t\t<\/div>\n\t\t\t\t<\/div>\n\t\t\t\t<div class=\"elementor-element elementor-element-1750023a elementor-widget elementor-widget-text-editor\" data-id=\"1750023a\" data-element_type=\"widget\" data-e-type=\"widget\" data-widget_type=\"text-editor.default\">\n\t\t\t\t<div class=\"elementor-widget-container\">\n\t\t\t\t\t\t\t\t\t<p>La primera parada ser\u00e0 davant el <strong>safareig p\u00fablic del Calvario<\/strong> (<strong>B<\/strong>).<\/p>\t\t\t\t\t\t\t\t<\/div>\n\t\t\t\t<\/div>\n\t\t\t\t<div class=\"elementor-element elementor-element-5edbcce0 elementor-widget elementor-widget-image\" data-id=\"5edbcce0\" data-element_type=\"widget\" data-e-type=\"widget\" data-widget_type=\"image.default\">\n\t\t\t\t<div class=\"elementor-widget-container\">\n\t\t\t\t\t\t\t\t\t\t\t\t<figure class=\"wp-caption\">\n\t\t\t\t\t\t\t\t\t\t<img loading=\"lazy\" decoding=\"async\" width=\"768\" height=\"511\" src=\"https:\/\/www.elturistatranquil.com\/wp-content\/uploads\/F37-Cuevas-del-Almanzora-Lavadero-publico-1.jpg\" class=\"attachment-large size-large wp-image-22387\" alt=\"\" srcset=\"https:\/\/www.elturistatranquil.com\/wp-content\/uploads\/F37-Cuevas-del-Almanzora-Lavadero-publico-1.jpg 768w, https:\/\/www.elturistatranquil.com\/wp-content\/uploads\/F37-Cuevas-del-Almanzora-Lavadero-publico-1-339x226.jpg 339w\" sizes=\"(max-width: 768px) 100vw, 768px\" \/>\t\t\t\t\t\t\t\t\t\t\t<figcaption class=\"widget-image-caption wp-caption-text\"><\/figcaption>\n\t\t\t\t\t\t\t\t\t\t<\/figure>\n\t\t\t\t\t\t\t\t\t<\/div>\n\t\t\t\t<\/div>\n\t\t\t\t<div class=\"elementor-element elementor-element-1fbaecd5 elementor-widget elementor-widget-text-editor\" data-id=\"1fbaecd5\" data-element_type=\"widget\" data-e-type=\"widget\" data-widget_type=\"text-editor.default\">\n\t\t\t\t<div class=\"elementor-widget-container\">\n\t\t\t\t\t\t\t\t\t<p>El web de turisme de Cuevas explica el seu funcionament que crec interessant reproduir:<\/p><p><em>\u201cEl Lavadero p\u00fablico del Calvario ha sido durante d\u00e9cadas punto de encuentro de las mujeres de la localidad, donde diariamente hac\u00edan la colada. Las pilas de lavar estaban ocupadas durante toda la semana por vecinas que las ten\u00edan asignadas, previo pago de las mismas. El precio establecido en esa \u00e9poca era de una perra chica (5 c\u00e9ntimos de peseta) la pila. El agua usada en el lavadero se subastaba diariamente, a las 12 en punto de la ma\u00f1ana, para su uso en los pagos agr\u00edcolas del entorno. El precio de la subasta pod\u00eda llegar hasta las 300 pesetas.\u201d<\/em><\/p>\t\t\t\t\t\t\t\t<\/div>\n\t\t\t\t<\/div>\n\t\t\t\t<div class=\"elementor-element elementor-element-4389daa2 elementor-widget elementor-widget-menu-anchor\" data-id=\"4389daa2\" data-element_type=\"widget\" data-e-type=\"widget\" data-widget_type=\"menu-anchor.default\">\n\t\t\t\t<div class=\"elementor-widget-container\">\n\t\t\t\t\t\t\t<div class=\"elementor-menu-anchor\" id=\"c3712\"><\/div>\n\t\t\t\t\t\t<\/div>\n\t\t\t\t<\/div>\n\t\t\t\t<div class=\"elementor-element elementor-element-525535db elementor-widget elementor-widget-image\" data-id=\"525535db\" data-element_type=\"widget\" data-e-type=\"widget\" data-widget_type=\"image.default\">\n\t\t\t\t<div class=\"elementor-widget-container\">\n\t\t\t\t\t\t\t\t\t\t\t\t<figure class=\"wp-caption\">\n\t\t\t\t\t\t\t\t\t\t<img loading=\"lazy\" decoding=\"async\" width=\"768\" height=\"475\" src=\"https:\/\/www.elturistatranquil.com\/wp-content\/uploads\/F38-Cuevas-del-Almanzora-Lavadero-publico-1.jpg\" class=\"attachment-large size-large wp-image-22389\" alt=\"\" srcset=\"https:\/\/www.elturistatranquil.com\/wp-content\/uploads\/F38-Cuevas-del-Almanzora-Lavadero-publico-1.jpg 768w, https:\/\/www.elturistatranquil.com\/wp-content\/uploads\/F38-Cuevas-del-Almanzora-Lavadero-publico-1-339x210.jpg 339w\" sizes=\"(max-width: 768px) 100vw, 768px\" \/>\t\t\t\t\t\t\t\t\t\t\t<figcaption class=\"widget-image-caption wp-caption-text\">Fotografia dels anys 1950<\/figcaption>\n\t\t\t\t\t\t\t\t\t\t<\/figure>\n\t\t\t\t\t\t\t\t\t<\/div>\n\t\t\t\t<\/div>\n\t\t\t\t<div class=\"elementor-element elementor-element-25baba2f elementor-widget elementor-widget-heading\" data-id=\"25baba2f\" data-element_type=\"widget\" data-e-type=\"widget\" data-widget_type=\"heading.default\">\n\t\t\t\t<div class=\"elementor-widget-container\">\n\t\t\t\t\t<h3 class=\"elementor-heading-title elementor-size-default\">Ermita de San Diego o El Calvario<\/h3>\t\t\t\t<\/div>\n\t\t\t\t<\/div>\n\t\t\t\t<div class=\"elementor-element elementor-element-12878bcf elementor-widget elementor-widget-text-editor\" data-id=\"12878bcf\" data-element_type=\"widget\" data-e-type=\"widget\" data-widget_type=\"text-editor.default\">\n\t\t\t\t<div class=\"elementor-widget-container\">\n\t\t\t\t\t\t\t\t\t<p>Una mica m\u00e9s amunt es distingeix a la part alta del tur\u00f3 del Calvari la <strong>Ermita de San Diego o El Calvario <\/strong>(<strong>C<\/strong>), del segle XVI.<\/p>\t\t\t\t\t\t\t\t<\/div>\n\t\t\t\t<\/div>\n\t\t\t\t<div class=\"elementor-element elementor-element-5b3b2424 elementor-widget elementor-widget-image\" data-id=\"5b3b2424\" data-element_type=\"widget\" data-e-type=\"widget\" data-widget_type=\"image.default\">\n\t\t\t\t<div class=\"elementor-widget-container\">\n\t\t\t\t\t\t\t\t\t\t\t\t<figure class=\"wp-caption\">\n\t\t\t\t\t\t\t\t\t\t<img loading=\"lazy\" decoding=\"async\" width=\"768\" height=\"512\" src=\"https:\/\/www.elturistatranquil.com\/wp-content\/uploads\/F39-Cuevas-del-Almanzora-El-Calvario-1.jpg\" class=\"attachment-large size-large wp-image-22391\" alt=\"\" srcset=\"https:\/\/www.elturistatranquil.com\/wp-content\/uploads\/F39-Cuevas-del-Almanzora-El-Calvario-1.jpg 768w, https:\/\/www.elturistatranquil.com\/wp-content\/uploads\/F39-Cuevas-del-Almanzora-El-Calvario-1-339x226.jpg 339w\" sizes=\"(max-width: 768px) 100vw, 768px\" \/>\t\t\t\t\t\t\t\t\t\t\t<figcaption class=\"widget-image-caption wp-caption-text\"><\/figcaption>\n\t\t\t\t\t\t\t\t\t\t<\/figure>\n\t\t\t\t\t\t\t\t\t<\/div>\n\t\t\t\t<\/div>\n\t\t\t\t<div class=\"elementor-element elementor-element-628ce4ff elementor-widget elementor-widget-menu-anchor\" data-id=\"628ce4ff\" data-element_type=\"widget\" data-e-type=\"widget\" data-widget_type=\"menu-anchor.default\">\n\t\t\t\t<div class=\"elementor-widget-container\">\n\t\t\t\t\t\t\t<div class=\"elementor-menu-anchor\" id=\"c3713\"><\/div>\n\t\t\t\t\t\t<\/div>\n\t\t\t\t<\/div>\n\t\t\t\t<div class=\"elementor-element elementor-element-6bbd2c19 elementor-widget elementor-widget-image\" data-id=\"6bbd2c19\" data-element_type=\"widget\" data-e-type=\"widget\" data-widget_type=\"image.default\">\n\t\t\t\t<div class=\"elementor-widget-container\">\n\t\t\t\t\t\t\t\t\t\t\t\t<figure class=\"wp-caption\">\n\t\t\t\t\t\t\t\t\t\t<img loading=\"lazy\" decoding=\"async\" width=\"768\" height=\"512\" src=\"https:\/\/www.elturistatranquil.com\/wp-content\/uploads\/F40-Cuevas-del-Almanzora-El-Calvario-1.jpg\" class=\"attachment-large size-large wp-image-22393\" alt=\"\" srcset=\"https:\/\/www.elturistatranquil.com\/wp-content\/uploads\/F40-Cuevas-del-Almanzora-El-Calvario-1.jpg 768w, https:\/\/www.elturistatranquil.com\/wp-content\/uploads\/F40-Cuevas-del-Almanzora-El-Calvario-1-339x226.jpg 339w\" sizes=\"(max-width: 768px) 100vw, 768px\" \/>\t\t\t\t\t\t\t\t\t\t\t<figcaption class=\"widget-image-caption wp-caption-text\"><\/figcaption>\n\t\t\t\t\t\t\t\t\t\t<\/figure>\n\t\t\t\t\t\t\t\t\t<\/div>\n\t\t\t\t<\/div>\n\t\t\t\t<div class=\"elementor-element elementor-element-ca27783 elementor-widget elementor-widget-heading\" data-id=\"ca27783\" data-element_type=\"widget\" data-e-type=\"widget\" data-widget_type=\"heading.default\">\n\t\t\t\t<div class=\"elementor-widget-container\">\n\t\t\t\t\t<h3 class=\"elementor-heading-title elementor-size-default\">Cova Museu<\/h3>\t\t\t\t<\/div>\n\t\t\t\t<\/div>\n\t\t\t\t<div class=\"elementor-element elementor-element-40a05e1a elementor-widget elementor-widget-text-editor\" data-id=\"40a05e1a\" data-element_type=\"widget\" data-e-type=\"widget\" data-widget_type=\"text-editor.default\">\n\t\t\t\t<div class=\"elementor-widget-container\">\n\t\t\t\t\t\t\t\t\t<p>El meu inter\u00e8s se centrar\u00e0 en la <strong>Cova Museu<\/strong> (<strong>D<\/strong>) excavada a la falda del tur\u00f3 del Calvario.<\/p>\t\t\t\t\t\t\t\t<\/div>\n\t\t\t\t<\/div>\n\t\t\t\t<div class=\"elementor-element elementor-element-3cbaa5cf elementor-widget elementor-widget-image\" data-id=\"3cbaa5cf\" data-element_type=\"widget\" data-e-type=\"widget\" data-widget_type=\"image.default\">\n\t\t\t\t<div class=\"elementor-widget-container\">\n\t\t\t\t\t\t\t\t\t\t\t\t<figure class=\"wp-caption\">\n\t\t\t\t\t\t\t\t\t\t<img loading=\"lazy\" decoding=\"async\" width=\"768\" height=\"511\" src=\"https:\/\/www.elturistatranquil.com\/wp-content\/uploads\/F41-Cuevas-del-Almanzora-Cueva-museo-1.jpg\" class=\"attachment-large size-large wp-image-22395\" alt=\"\" srcset=\"https:\/\/www.elturistatranquil.com\/wp-content\/uploads\/F41-Cuevas-del-Almanzora-Cueva-museo-1.jpg 768w, https:\/\/www.elturistatranquil.com\/wp-content\/uploads\/F41-Cuevas-del-Almanzora-Cueva-museo-1-339x226.jpg 339w\" sizes=\"(max-width: 768px) 100vw, 768px\" \/>\t\t\t\t\t\t\t\t\t\t\t<figcaption class=\"widget-image-caption wp-caption-text\"><\/figcaption>\n\t\t\t\t\t\t\t\t\t\t<\/figure>\n\t\t\t\t\t\t\t\t\t<\/div>\n\t\t\t\t<\/div>\n\t\t\t\t<div class=\"elementor-element elementor-element-310b11a7 elementor-widget elementor-widget-text-editor\" data-id=\"310b11a7\" data-element_type=\"widget\" data-e-type=\"widget\" data-widget_type=\"text-editor.default\">\n\t\t\t\t<div class=\"elementor-widget-container\">\n\t\t\t\t\t\t\t\t\t<p>L&#8217;habitacle de la cova est\u00e0 format per quatre estances. La casa-museu aquesta condicionada amb tots els elements que podien formar part de l&#8217;aixovar d&#8217;una fam\u00edlia, aix\u00ed com una \u00e0mplia mostra d&#8217;eines de treball agr\u00edcola.<\/p>\t\t\t\t\t\t\t\t<\/div>\n\t\t\t\t<\/div>\n\t\t\t\t<div class=\"elementor-element elementor-element-5c2d498 elementor-widget elementor-widget-image\" data-id=\"5c2d498\" data-element_type=\"widget\" data-e-type=\"widget\" data-widget_type=\"image.default\">\n\t\t\t\t<div class=\"elementor-widget-container\">\n\t\t\t\t\t\t\t\t\t\t\t\t<figure class=\"wp-caption\">\n\t\t\t\t\t\t\t\t\t\t<img loading=\"lazy\" decoding=\"async\" width=\"644\" height=\"450\" src=\"https:\/\/www.elturistatranquil.com\/wp-content\/uploads\/F42-Cuevas-del-Almanzora-Cueva-museo-1.jpg\" class=\"attachment-large size-large wp-image-22397\" alt=\"\" srcset=\"https:\/\/www.elturistatranquil.com\/wp-content\/uploads\/F42-Cuevas-del-Almanzora-Cueva-museo-1.jpg 644w, https:\/\/www.elturistatranquil.com\/wp-content\/uploads\/F42-Cuevas-del-Almanzora-Cueva-museo-1-323x226.jpg 323w\" sizes=\"(max-width: 644px) 100vw, 644px\" \/>\t\t\t\t\t\t\t\t\t\t\t<figcaption class=\"widget-image-caption wp-caption-text\"><\/figcaption>\n\t\t\t\t\t\t\t\t\t\t<\/figure>\n\t\t\t\t\t\t\t\t\t<\/div>\n\t\t\t\t<\/div>\n\t\t\t\t<div class=\"elementor-element elementor-element-726c3b4b elementor-widget elementor-widget-text-editor\" data-id=\"726c3b4b\" data-element_type=\"widget\" data-e-type=\"widget\" data-widget_type=\"text-editor.default\">\n\t\t\t\t<div class=\"elementor-widget-container\">\n\t\t\t\t\t\t\t\t\t<p>L&#8217;entrada, on es troba el punt d&#8217;informaci\u00f3 (<strong>1<\/strong>), \u00e9s la m\u00e9s gran i on s&#8217;ubicaven la zona de treball i l\u2019utillatge (<strong>2<\/strong>).<\/p>\t\t\t\t\t\t\t\t<\/div>\n\t\t\t\t<\/div>\n\t\t\t\t<div class=\"elementor-element elementor-element-2033d8c elementor-widget elementor-widget-image\" data-id=\"2033d8c\" data-element_type=\"widget\" data-e-type=\"widget\" data-widget_type=\"image.default\">\n\t\t\t\t<div class=\"elementor-widget-container\">\n\t\t\t\t\t\t\t\t\t\t\t\t<figure class=\"wp-caption\">\n\t\t\t\t\t\t\t\t\t\t<img loading=\"lazy\" decoding=\"async\" width=\"768\" height=\"511\" src=\"https:\/\/www.elturistatranquil.com\/wp-content\/uploads\/F43-Cuevas-del-Almanzora-Cueva-museo-1.jpg\" class=\"attachment-large size-large wp-image-22399\" alt=\"\" srcset=\"https:\/\/www.elturistatranquil.com\/wp-content\/uploads\/F43-Cuevas-del-Almanzora-Cueva-museo-1.jpg 768w, https:\/\/www.elturistatranquil.com\/wp-content\/uploads\/F43-Cuevas-del-Almanzora-Cueva-museo-1-339x226.jpg 339w\" sizes=\"(max-width: 768px) 100vw, 768px\" \/>\t\t\t\t\t\t\t\t\t\t\t<figcaption class=\"widget-image-caption wp-caption-text\"><\/figcaption>\n\t\t\t\t\t\t\t\t\t\t<\/figure>\n\t\t\t\t\t\t\t\t\t<\/div>\n\t\t\t\t<\/div>\n\t\t\t\t<div class=\"elementor-element elementor-element-55c0e3d elementor-widget elementor-widget-text-editor\" data-id=\"55c0e3d\" data-element_type=\"widget\" data-e-type=\"widget\" data-widget_type=\"text-editor.default\">\n\t\t\t\t<div class=\"elementor-widget-container\">\n\t\t\t\t\t\t\t\t\t<p>A l&#8217;esquerra una obertura comunica amb la sala d&#8217;estar (<strong>3<\/strong>).<\/p>\t\t\t\t\t\t\t\t<\/div>\n\t\t\t\t<\/div>\n\t\t\t\t<div class=\"elementor-element elementor-element-11ad7372 elementor-widget elementor-widget-image\" data-id=\"11ad7372\" data-element_type=\"widget\" data-e-type=\"widget\" data-widget_type=\"image.default\">\n\t\t\t\t<div class=\"elementor-widget-container\">\n\t\t\t\t\t\t\t\t\t\t\t\t<figure class=\"wp-caption\">\n\t\t\t\t\t\t\t\t\t\t<img loading=\"lazy\" decoding=\"async\" width=\"768\" height=\"511\" src=\"https:\/\/www.elturistatranquil.com\/wp-content\/uploads\/F44-Cuevas-del-Almanzora-Cueva-museo-1.jpg\" class=\"attachment-large size-large wp-image-22401\" alt=\"\" srcset=\"https:\/\/www.elturistatranquil.com\/wp-content\/uploads\/F44-Cuevas-del-Almanzora-Cueva-museo-1.jpg 768w, https:\/\/www.elturistatranquil.com\/wp-content\/uploads\/F44-Cuevas-del-Almanzora-Cueva-museo-1-339x226.jpg 339w\" sizes=\"(max-width: 768px) 100vw, 768px\" \/>\t\t\t\t\t\t\t\t\t\t\t<figcaption class=\"widget-image-caption wp-caption-text\"><\/figcaption>\n\t\t\t\t\t\t\t\t\t\t<\/figure>\n\t\t\t\t\t\t\t\t\t<\/div>\n\t\t\t\t<\/div>\n\t\t\t\t<div class=\"elementor-element elementor-element-79b02bb0 elementor-widget elementor-widget-image\" data-id=\"79b02bb0\" data-element_type=\"widget\" data-e-type=\"widget\" data-widget_type=\"image.default\">\n\t\t\t\t<div class=\"elementor-widget-container\">\n\t\t\t\t\t\t\t\t\t\t\t\t<figure class=\"wp-caption\">\n\t\t\t\t\t\t\t\t\t\t<img loading=\"lazy\" decoding=\"async\" width=\"768\" height=\"511\" src=\"https:\/\/www.elturistatranquil.com\/wp-content\/uploads\/F45-Cuevas-del-Almanzora-Cueva-museo-1.jpg\" class=\"attachment-large size-large wp-image-22403\" alt=\"\" srcset=\"https:\/\/www.elturistatranquil.com\/wp-content\/uploads\/F45-Cuevas-del-Almanzora-Cueva-museo-1.jpg 768w, https:\/\/www.elturistatranquil.com\/wp-content\/uploads\/F45-Cuevas-del-Almanzora-Cueva-museo-1-339x226.jpg 339w\" sizes=\"(max-width: 768px) 100vw, 768px\" \/>\t\t\t\t\t\t\t\t\t\t\t<figcaption class=\"widget-image-caption wp-caption-text\"><\/figcaption>\n\t\t\t\t\t\t\t\t\t\t<\/figure>\n\t\t\t\t\t\t\t\t\t<\/div>\n\t\t\t\t<\/div>\n\t\t\t\t<div class=\"elementor-element elementor-element-5e9eba4f elementor-widget elementor-widget-image\" data-id=\"5e9eba4f\" data-element_type=\"widget\" data-e-type=\"widget\" data-widget_type=\"image.default\">\n\t\t\t\t<div class=\"elementor-widget-container\">\n\t\t\t\t\t\t\t\t\t\t\t\t<figure class=\"wp-caption\">\n\t\t\t\t\t\t\t\t\t\t<img loading=\"lazy\" decoding=\"async\" width=\"768\" height=\"511\" src=\"https:\/\/www.elturistatranquil.com\/wp-content\/uploads\/F46-Cuevas-del-Almanzora-Cueva-museo-1.jpg\" class=\"attachment-large size-large wp-image-22405\" alt=\"\" srcset=\"https:\/\/www.elturistatranquil.com\/wp-content\/uploads\/F46-Cuevas-del-Almanzora-Cueva-museo-1.jpg 768w, https:\/\/www.elturistatranquil.com\/wp-content\/uploads\/F46-Cuevas-del-Almanzora-Cueva-museo-1-339x226.jpg 339w\" sizes=\"(max-width: 768px) 100vw, 768px\" \/>\t\t\t\t\t\t\t\t\t\t\t<figcaption class=\"widget-image-caption wp-caption-text\"><\/figcaption>\n\t\t\t\t\t\t\t\t\t\t<\/figure>\n\t\t\t\t\t\t\t\t\t<\/div>\n\t\t\t\t<\/div>\n\t\t\t\t<div class=\"elementor-element elementor-element-3f718f84 elementor-widget elementor-widget-image\" data-id=\"3f718f84\" data-element_type=\"widget\" data-e-type=\"widget\" data-widget_type=\"image.default\">\n\t\t\t\t<div class=\"elementor-widget-container\">\n\t\t\t\t\t\t\t\t\t\t\t\t<figure class=\"wp-caption\">\n\t\t\t\t\t\t\t\t\t\t<img loading=\"lazy\" decoding=\"async\" width=\"768\" height=\"511\" src=\"https:\/\/www.elturistatranquil.com\/wp-content\/uploads\/F47-Cuevas-del-Almanzora-Cueva-museo-1.jpg\" class=\"attachment-large size-large wp-image-22407\" alt=\"\" srcset=\"https:\/\/www.elturistatranquil.com\/wp-content\/uploads\/F47-Cuevas-del-Almanzora-Cueva-museo-1.jpg 768w, https:\/\/www.elturistatranquil.com\/wp-content\/uploads\/F47-Cuevas-del-Almanzora-Cueva-museo-1-339x226.jpg 339w\" sizes=\"(max-width: 768px) 100vw, 768px\" \/>\t\t\t\t\t\t\t\t\t\t\t<figcaption class=\"widget-image-caption wp-caption-text\"><\/figcaption>\n\t\t\t\t\t\t\t\t\t\t<\/figure>\n\t\t\t\t\t\t\t\t\t<\/div>\n\t\t\t\t<\/div>\n\t\t\t\t<div class=\"elementor-element elementor-element-29eb8333 elementor-widget elementor-widget-image\" data-id=\"29eb8333\" data-element_type=\"widget\" data-e-type=\"widget\" data-widget_type=\"image.default\">\n\t\t\t\t<div class=\"elementor-widget-container\">\n\t\t\t\t\t\t\t\t\t\t\t\t<figure class=\"wp-caption\">\n\t\t\t\t\t\t\t\t\t\t<img loading=\"lazy\" decoding=\"async\" width=\"768\" height=\"511\" src=\"https:\/\/www.elturistatranquil.com\/wp-content\/uploads\/F48-Cuevas-del-Almanzora-Cueva-museo-1.jpg\" class=\"attachment-large size-large wp-image-22409\" alt=\"\" srcset=\"https:\/\/www.elturistatranquil.com\/wp-content\/uploads\/F48-Cuevas-del-Almanzora-Cueva-museo-1.jpg 768w, https:\/\/www.elturistatranquil.com\/wp-content\/uploads\/F48-Cuevas-del-Almanzora-Cueva-museo-1-339x226.jpg 339w\" sizes=\"(max-width: 768px) 100vw, 768px\" \/>\t\t\t\t\t\t\t\t\t\t\t<figcaption class=\"widget-image-caption wp-caption-text\"><\/figcaption>\n\t\t\t\t\t\t\t\t\t\t<\/figure>\n\t\t\t\t\t\t\t\t\t<\/div>\n\t\t\t\t<\/div>\n\t\t\t\t<div class=\"elementor-element elementor-element-3b57a163 elementor-widget elementor-widget-text-editor\" data-id=\"3b57a163\" data-element_type=\"widget\" data-e-type=\"widget\" data-widget_type=\"text-editor.default\">\n\t\t\t\t<div class=\"elementor-widget-container\">\n\t\t\t\t\t\t\t\t\t<p>Al costat es va excavar el dormitori (<strong>4<\/strong>), que en aquest cas t\u00e9 doble entrada, des de la sala i des de la zona de treball.<\/p>\t\t\t\t\t\t\t\t<\/div>\n\t\t\t\t<\/div>\n\t\t\t\t<div class=\"elementor-element elementor-element-39c0d391 elementor-widget elementor-widget-image\" data-id=\"39c0d391\" data-element_type=\"widget\" data-e-type=\"widget\" data-widget_type=\"image.default\">\n\t\t\t\t<div class=\"elementor-widget-container\">\n\t\t\t\t\t\t\t\t\t\t\t\t<figure class=\"wp-caption\">\n\t\t\t\t\t\t\t\t\t\t<img loading=\"lazy\" decoding=\"async\" width=\"768\" height=\"511\" src=\"https:\/\/www.elturistatranquil.com\/wp-content\/uploads\/F49-Cuevas-del-Almanzora-Cueva-museo-1.jpg\" class=\"attachment-large size-large wp-image-22411\" alt=\"\" srcset=\"https:\/\/www.elturistatranquil.com\/wp-content\/uploads\/F49-Cuevas-del-Almanzora-Cueva-museo-1.jpg 768w, https:\/\/www.elturistatranquil.com\/wp-content\/uploads\/F49-Cuevas-del-Almanzora-Cueva-museo-1-339x226.jpg 339w\" sizes=\"(max-width: 768px) 100vw, 768px\" \/>\t\t\t\t\t\t\t\t\t\t\t<figcaption class=\"widget-image-caption wp-caption-text\"><\/figcaption>\n\t\t\t\t\t\t\t\t\t\t<\/figure>\n\t\t\t\t\t\t\t\t\t<\/div>\n\t\t\t\t<\/div>\n\t\t\t\t<div class=\"elementor-element elementor-element-566344bf elementor-widget elementor-widget-image\" data-id=\"566344bf\" data-element_type=\"widget\" data-e-type=\"widget\" data-widget_type=\"image.default\">\n\t\t\t\t<div class=\"elementor-widget-container\">\n\t\t\t\t\t\t\t\t\t\t\t\t<figure class=\"wp-caption\">\n\t\t\t\t\t\t\t\t\t\t<img loading=\"lazy\" decoding=\"async\" width=\"768\" height=\"511\" src=\"https:\/\/www.elturistatranquil.com\/wp-content\/uploads\/F50-Cuevas-del-Almanzora-Cueva-museo-1.jpg\" class=\"attachment-large size-large wp-image-22413\" alt=\"\" srcset=\"https:\/\/www.elturistatranquil.com\/wp-content\/uploads\/F50-Cuevas-del-Almanzora-Cueva-museo-1.jpg 768w, https:\/\/www.elturistatranquil.com\/wp-content\/uploads\/F50-Cuevas-del-Almanzora-Cueva-museo-1-339x226.jpg 339w\" sizes=\"(max-width: 768px) 100vw, 768px\" \/>\t\t\t\t\t\t\t\t\t\t\t<figcaption class=\"widget-image-caption wp-caption-text\"><\/figcaption>\n\t\t\t\t\t\t\t\t\t\t<\/figure>\n\t\t\t\t\t\t\t\t\t<\/div>\n\t\t\t\t<\/div>\n\t\t\t\t<div class=\"elementor-element elementor-element-326f8098 elementor-widget elementor-widget-image\" data-id=\"326f8098\" data-element_type=\"widget\" data-e-type=\"widget\" data-widget_type=\"image.default\">\n\t\t\t\t<div class=\"elementor-widget-container\">\n\t\t\t\t\t\t\t\t\t\t\t\t<figure class=\"wp-caption\">\n\t\t\t\t\t\t\t\t\t\t<img loading=\"lazy\" decoding=\"async\" width=\"768\" height=\"511\" src=\"https:\/\/www.elturistatranquil.com\/wp-content\/uploads\/F51-Cuevas-del-Almanzora-Cueva-museo-1.jpg\" class=\"attachment-large size-large wp-image-22415\" alt=\"\" srcset=\"https:\/\/www.elturistatranquil.com\/wp-content\/uploads\/F51-Cuevas-del-Almanzora-Cueva-museo-1.jpg 768w, https:\/\/www.elturistatranquil.com\/wp-content\/uploads\/F51-Cuevas-del-Almanzora-Cueva-museo-1-339x226.jpg 339w\" sizes=\"(max-width: 768px) 100vw, 768px\" \/>\t\t\t\t\t\t\t\t\t\t\t<figcaption class=\"widget-image-caption wp-caption-text\"><\/figcaption>\n\t\t\t\t\t\t\t\t\t\t<\/figure>\n\t\t\t\t\t\t\t\t\t<\/div>\n\t\t\t\t<\/div>\n\t\t\t\t<div class=\"elementor-element elementor-element-4cf54593 elementor-widget elementor-widget-image\" data-id=\"4cf54593\" data-element_type=\"widget\" data-e-type=\"widget\" data-widget_type=\"image.default\">\n\t\t\t\t<div class=\"elementor-widget-container\">\n\t\t\t\t\t\t\t\t\t\t\t\t<figure class=\"wp-caption\">\n\t\t\t\t\t\t\t\t\t\t<img loading=\"lazy\" decoding=\"async\" width=\"768\" height=\"511\" src=\"https:\/\/www.elturistatranquil.com\/wp-content\/uploads\/F52-Cuevas-del-Almanzora-Cueva-museo-1.jpg\" class=\"attachment-large size-large wp-image-22417\" alt=\"\" srcset=\"https:\/\/www.elturistatranquil.com\/wp-content\/uploads\/F52-Cuevas-del-Almanzora-Cueva-museo-1.jpg 768w, https:\/\/www.elturistatranquil.com\/wp-content\/uploads\/F52-Cuevas-del-Almanzora-Cueva-museo-1-339x226.jpg 339w\" sizes=\"(max-width: 768px) 100vw, 768px\" \/>\t\t\t\t\t\t\t\t\t\t\t<figcaption class=\"widget-image-caption wp-caption-text\"><\/figcaption>\n\t\t\t\t\t\t\t\t\t\t<\/figure>\n\t\t\t\t\t\t\t\t\t<\/div>\n\t\t\t\t<\/div>\n\t\t\t\t<div class=\"elementor-element elementor-element-2fb4249e elementor-widget elementor-widget-image\" data-id=\"2fb4249e\" data-element_type=\"widget\" data-e-type=\"widget\" data-widget_type=\"image.default\">\n\t\t\t\t<div class=\"elementor-widget-container\">\n\t\t\t\t\t\t\t\t\t\t\t\t<figure class=\"wp-caption\">\n\t\t\t\t\t\t\t\t\t\t<img loading=\"lazy\" decoding=\"async\" width=\"768\" height=\"512\" src=\"https:\/\/www.elturistatranquil.com\/wp-content\/uploads\/F53-Cuevas-del-Almanzora-Cueva-museo-1.jpg\" class=\"attachment-large size-large wp-image-22419\" alt=\"\" srcset=\"https:\/\/www.elturistatranquil.com\/wp-content\/uploads\/F53-Cuevas-del-Almanzora-Cueva-museo-1.jpg 768w, https:\/\/www.elturistatranquil.com\/wp-content\/uploads\/F53-Cuevas-del-Almanzora-Cueva-museo-1-339x226.jpg 339w\" sizes=\"(max-width: 768px) 100vw, 768px\" \/>\t\t\t\t\t\t\t\t\t\t\t<figcaption class=\"widget-image-caption wp-caption-text\"><\/figcaption>\n\t\t\t\t\t\t\t\t\t\t<\/figure>\n\t\t\t\t\t\t\t\t\t<\/div>\n\t\t\t\t<\/div>\n\t\t\t\t<div class=\"elementor-element elementor-element-a4db97a elementor-widget elementor-widget-image\" data-id=\"a4db97a\" data-element_type=\"widget\" data-e-type=\"widget\" data-widget_type=\"image.default\">\n\t\t\t\t<div class=\"elementor-widget-container\">\n\t\t\t\t\t\t\t\t\t\t\t\t<figure class=\"wp-caption\">\n\t\t\t\t\t\t\t\t\t\t<img loading=\"lazy\" decoding=\"async\" width=\"768\" height=\"511\" src=\"https:\/\/www.elturistatranquil.com\/wp-content\/uploads\/F54-Cuevas-del-Almanzora-Cueva-museo-1.jpg\" class=\"attachment-large size-large wp-image-22421\" alt=\"\" srcset=\"https:\/\/www.elturistatranquil.com\/wp-content\/uploads\/F54-Cuevas-del-Almanzora-Cueva-museo-1.jpg 768w, https:\/\/www.elturistatranquil.com\/wp-content\/uploads\/F54-Cuevas-del-Almanzora-Cueva-museo-1-339x226.jpg 339w\" sizes=\"(max-width: 768px) 100vw, 768px\" \/>\t\t\t\t\t\t\t\t\t\t\t<figcaption class=\"widget-image-caption wp-caption-text\"><\/figcaption>\n\t\t\t\t\t\t\t\t\t\t<\/figure>\n\t\t\t\t\t\t\t\t\t<\/div>\n\t\t\t\t<\/div>\n\t\t\t\t<div class=\"elementor-element elementor-element-507e7d29 elementor-widget elementor-widget-image\" data-id=\"507e7d29\" data-element_type=\"widget\" data-e-type=\"widget\" data-widget_type=\"image.default\">\n\t\t\t\t<div class=\"elementor-widget-container\">\n\t\t\t\t\t\t\t\t\t\t\t\t<figure class=\"wp-caption\">\n\t\t\t\t\t\t\t\t\t\t<img loading=\"lazy\" decoding=\"async\" width=\"768\" height=\"511\" src=\"https:\/\/www.elturistatranquil.com\/wp-content\/uploads\/F55-Cuevas-del-Almanzora-Cueva-museo-1.jpg\" class=\"attachment-large size-large wp-image-22423\" alt=\"\" srcset=\"https:\/\/www.elturistatranquil.com\/wp-content\/uploads\/F55-Cuevas-del-Almanzora-Cueva-museo-1.jpg 768w, https:\/\/www.elturistatranquil.com\/wp-content\/uploads\/F55-Cuevas-del-Almanzora-Cueva-museo-1-339x226.jpg 339w\" sizes=\"(max-width: 768px) 100vw, 768px\" \/>\t\t\t\t\t\t\t\t\t\t\t<figcaption class=\"widget-image-caption wp-caption-text\"><\/figcaption>\n\t\t\t\t\t\t\t\t\t\t<\/figure>\n\t\t\t\t\t\t\t\t\t<\/div>\n\t\t\t\t<\/div>\n\t\t\t\t<div class=\"elementor-element elementor-element-6ac868e8 elementor-widget elementor-widget-image\" data-id=\"6ac868e8\" data-element_type=\"widget\" data-e-type=\"widget\" data-widget_type=\"image.default\">\n\t\t\t\t<div class=\"elementor-widget-container\">\n\t\t\t\t\t\t\t\t\t\t\t\t<figure class=\"wp-caption\">\n\t\t\t\t\t\t\t\t\t\t<img loading=\"lazy\" decoding=\"async\" width=\"768\" height=\"511\" src=\"https:\/\/www.elturistatranquil.com\/wp-content\/uploads\/F56-Cuevas-del-Almanzora-Cueva-museo-1.jpg\" class=\"attachment-large size-large wp-image-22425\" alt=\"\" srcset=\"https:\/\/www.elturistatranquil.com\/wp-content\/uploads\/F56-Cuevas-del-Almanzora-Cueva-museo-1.jpg 768w, https:\/\/www.elturistatranquil.com\/wp-content\/uploads\/F56-Cuevas-del-Almanzora-Cueva-museo-1-339x226.jpg 339w\" sizes=\"(max-width: 768px) 100vw, 768px\" \/>\t\t\t\t\t\t\t\t\t\t\t<figcaption class=\"widget-image-caption wp-caption-text\"><\/figcaption>\n\t\t\t\t\t\t\t\t\t\t<\/figure>\n\t\t\t\t\t\t\t\t\t<\/div>\n\t\t\t\t<\/div>\n\t\t\t\t<div class=\"elementor-element elementor-element-48e7680f elementor-widget elementor-widget-text-editor\" data-id=\"48e7680f\" data-element_type=\"widget\" data-e-type=\"widget\" data-widget_type=\"text-editor.default\">\n\t\t\t\t<div class=\"elementor-widget-container\">\n\t\t\t\t\t\t\t\t\t<p>L&#8217;espai de treball (<strong>2<\/strong>) recull una col\u00b7lecci\u00f3 d&#8217;eines vinculats a l&#8217;activitat agr\u00edcola.<\/p>\t\t\t\t\t\t\t\t<\/div>\n\t\t\t\t<\/div>\n\t\t\t\t<div class=\"elementor-element elementor-element-21a7a79c elementor-widget elementor-widget-image\" data-id=\"21a7a79c\" data-element_type=\"widget\" data-e-type=\"widget\" data-widget_type=\"image.default\">\n\t\t\t\t<div class=\"elementor-widget-container\">\n\t\t\t\t\t\t\t\t\t\t\t\t<figure class=\"wp-caption\">\n\t\t\t\t\t\t\t\t\t\t<img loading=\"lazy\" decoding=\"async\" width=\"768\" height=\"511\" src=\"https:\/\/www.elturistatranquil.com\/wp-content\/uploads\/F57-Cuevas-del-Almanzora-Cueva-museo-1.jpg\" class=\"attachment-large size-large wp-image-22427\" alt=\"\" srcset=\"https:\/\/www.elturistatranquil.com\/wp-content\/uploads\/F57-Cuevas-del-Almanzora-Cueva-museo-1.jpg 768w, https:\/\/www.elturistatranquil.com\/wp-content\/uploads\/F57-Cuevas-del-Almanzora-Cueva-museo-1-339x226.jpg 339w\" sizes=\"(max-width: 768px) 100vw, 768px\" \/>\t\t\t\t\t\t\t\t\t\t\t<figcaption class=\"widget-image-caption wp-caption-text\"><\/figcaption>\n\t\t\t\t\t\t\t\t\t\t<\/figure>\n\t\t\t\t\t\t\t\t\t<\/div>\n\t\t\t\t<\/div>\n\t\t\t\t<div class=\"elementor-element elementor-element-37a4b1c8 elementor-widget elementor-widget-image\" data-id=\"37a4b1c8\" data-element_type=\"widget\" data-e-type=\"widget\" data-widget_type=\"image.default\">\n\t\t\t\t<div class=\"elementor-widget-container\">\n\t\t\t\t\t\t\t\t\t\t\t\t<figure class=\"wp-caption\">\n\t\t\t\t\t\t\t\t\t\t<img loading=\"lazy\" decoding=\"async\" width=\"768\" height=\"511\" src=\"https:\/\/www.elturistatranquil.com\/wp-content\/uploads\/F58-Cuevas-del-Almanzora-Cueva-museo-1.jpg\" class=\"attachment-large size-large wp-image-22429\" alt=\"\" srcset=\"https:\/\/www.elturistatranquil.com\/wp-content\/uploads\/F58-Cuevas-del-Almanzora-Cueva-museo-1.jpg 768w, https:\/\/www.elturistatranquil.com\/wp-content\/uploads\/F58-Cuevas-del-Almanzora-Cueva-museo-1-339x226.jpg 339w\" sizes=\"(max-width: 768px) 100vw, 768px\" \/>\t\t\t\t\t\t\t\t\t\t\t<figcaption class=\"widget-image-caption wp-caption-text\"><\/figcaption>\n\t\t\t\t\t\t\t\t\t\t<\/figure>\n\t\t\t\t\t\t\t\t\t<\/div>\n\t\t\t\t<\/div>\n\t\t\t\t<div class=\"elementor-element elementor-element-45598781 elementor-widget elementor-widget-image\" data-id=\"45598781\" data-element_type=\"widget\" data-e-type=\"widget\" data-widget_type=\"image.default\">\n\t\t\t\t<div class=\"elementor-widget-container\">\n\t\t\t\t\t\t\t\t\t\t\t\t<figure class=\"wp-caption\">\n\t\t\t\t\t\t\t\t\t\t<img loading=\"lazy\" decoding=\"async\" width=\"768\" height=\"511\" src=\"https:\/\/www.elturistatranquil.com\/wp-content\/uploads\/F59-Cuevas-del-Almanzora-Cueva-museo-1.jpg\" class=\"attachment-large size-large wp-image-22431\" alt=\"\" srcset=\"https:\/\/www.elturistatranquil.com\/wp-content\/uploads\/F59-Cuevas-del-Almanzora-Cueva-museo-1.jpg 768w, https:\/\/www.elturistatranquil.com\/wp-content\/uploads\/F59-Cuevas-del-Almanzora-Cueva-museo-1-339x226.jpg 339w\" sizes=\"(max-width: 768px) 100vw, 768px\" \/>\t\t\t\t\t\t\t\t\t\t\t<figcaption class=\"widget-image-caption wp-caption-text\"><\/figcaption>\n\t\t\t\t\t\t\t\t\t\t<\/figure>\n\t\t\t\t\t\t\t\t\t<\/div>\n\t\t\t\t<\/div>\n\t\t\t\t<div class=\"elementor-element elementor-element-1ad44709 elementor-widget elementor-widget-image\" data-id=\"1ad44709\" data-element_type=\"widget\" data-e-type=\"widget\" data-widget_type=\"image.default\">\n\t\t\t\t<div class=\"elementor-widget-container\">\n\t\t\t\t\t\t\t\t\t\t\t\t<figure class=\"wp-caption\">\n\t\t\t\t\t\t\t\t\t\t<img loading=\"lazy\" decoding=\"async\" width=\"768\" height=\"511\" src=\"https:\/\/www.elturistatranquil.com\/wp-content\/uploads\/F60Cuevas-del-Almanzora-Cueva-museo-1.jpg\" class=\"attachment-large size-large wp-image-22433\" alt=\"\" srcset=\"https:\/\/www.elturistatranquil.com\/wp-content\/uploads\/F60Cuevas-del-Almanzora-Cueva-museo-1.jpg 768w, https:\/\/www.elturistatranquil.com\/wp-content\/uploads\/F60Cuevas-del-Almanzora-Cueva-museo-1-339x226.jpg 339w\" sizes=\"(max-width: 768px) 100vw, 768px\" \/>\t\t\t\t\t\t\t\t\t\t\t<figcaption class=\"widget-image-caption wp-caption-text\"><\/figcaption>\n\t\t\t\t\t\t\t\t\t\t<\/figure>\n\t\t\t\t\t\t\t\t\t<\/div>\n\t\t\t\t<\/div>\n\t\t\t\t<div class=\"elementor-element elementor-element-70e428b6 elementor-widget elementor-widget-image\" data-id=\"70e428b6\" data-element_type=\"widget\" data-e-type=\"widget\" data-widget_type=\"image.default\">\n\t\t\t\t<div class=\"elementor-widget-container\">\n\t\t\t\t\t\t\t\t\t\t\t\t<figure class=\"wp-caption\">\n\t\t\t\t\t\t\t\t\t\t<img loading=\"lazy\" decoding=\"async\" width=\"768\" height=\"511\" src=\"https:\/\/www.elturistatranquil.com\/wp-content\/uploads\/F61-Cuevas-del-Almanzora-Cueva-museo-1.jpg\" class=\"attachment-large size-large wp-image-22435\" alt=\"\" srcset=\"https:\/\/www.elturistatranquil.com\/wp-content\/uploads\/F61-Cuevas-del-Almanzora-Cueva-museo-1.jpg 768w, https:\/\/www.elturistatranquil.com\/wp-content\/uploads\/F61-Cuevas-del-Almanzora-Cueva-museo-1-339x226.jpg 339w\" sizes=\"(max-width: 768px) 100vw, 768px\" \/>\t\t\t\t\t\t\t\t\t\t\t<figcaption class=\"widget-image-caption wp-caption-text\"><\/figcaption>\n\t\t\t\t\t\t\t\t\t\t<\/figure>\n\t\t\t\t\t\t\t\t\t<\/div>\n\t\t\t\t<\/div>\n\t\t\t\t<div class=\"elementor-element elementor-element-504f16a5 elementor-widget elementor-widget-image\" data-id=\"504f16a5\" data-element_type=\"widget\" data-e-type=\"widget\" data-widget_type=\"image.default\">\n\t\t\t\t<div class=\"elementor-widget-container\">\n\t\t\t\t\t\t\t\t\t\t\t\t<figure class=\"wp-caption\">\n\t\t\t\t\t\t\t\t\t\t<img loading=\"lazy\" decoding=\"async\" width=\"768\" height=\"511\" src=\"https:\/\/www.elturistatranquil.com\/wp-content\/uploads\/F62-Cuevas-del-Almanzora-Cueva-museo-1.jpg\" class=\"attachment-large size-large wp-image-22437\" alt=\"\" srcset=\"https:\/\/www.elturistatranquil.com\/wp-content\/uploads\/F62-Cuevas-del-Almanzora-Cueva-museo-1.jpg 768w, https:\/\/www.elturistatranquil.com\/wp-content\/uploads\/F62-Cuevas-del-Almanzora-Cueva-museo-1-339x226.jpg 339w\" sizes=\"(max-width: 768px) 100vw, 768px\" \/>\t\t\t\t\t\t\t\t\t\t\t<figcaption class=\"widget-image-caption wp-caption-text\"><\/figcaption>\n\t\t\t\t\t\t\t\t\t\t<\/figure>\n\t\t\t\t\t\t\t\t\t<\/div>\n\t\t\t\t<\/div>\n\t\t\t\t<div class=\"elementor-element elementor-element-62e122a3 elementor-widget elementor-widget-image\" data-id=\"62e122a3\" data-element_type=\"widget\" data-e-type=\"widget\" data-widget_type=\"image.default\">\n\t\t\t\t<div class=\"elementor-widget-container\">\n\t\t\t\t\t\t\t\t\t\t\t\t<figure class=\"wp-caption\">\n\t\t\t\t\t\t\t\t\t\t<img loading=\"lazy\" decoding=\"async\" width=\"768\" height=\"511\" src=\"https:\/\/www.elturistatranquil.com\/wp-content\/uploads\/F63-Cuevas-del-Almanzora-Cueva-museo-1.jpg\" class=\"attachment-large size-large wp-image-22439\" alt=\"\" srcset=\"https:\/\/www.elturistatranquil.com\/wp-content\/uploads\/F63-Cuevas-del-Almanzora-Cueva-museo-1.jpg 768w, https:\/\/www.elturistatranquil.com\/wp-content\/uploads\/F63-Cuevas-del-Almanzora-Cueva-museo-1-339x226.jpg 339w\" sizes=\"(max-width: 768px) 100vw, 768px\" \/>\t\t\t\t\t\t\t\t\t\t\t<figcaption class=\"widget-image-caption wp-caption-text\"><\/figcaption>\n\t\t\t\t\t\t\t\t\t\t<\/figure>\n\t\t\t\t\t\t\t\t\t<\/div>\n\t\t\t\t<\/div>\n\t\t\t\t<div class=\"elementor-element elementor-element-3a29a280 elementor-widget elementor-widget-text-editor\" data-id=\"3a29a280\" data-element_type=\"widget\" data-e-type=\"widget\" data-widget_type=\"text-editor.default\">\n\t\t\t\t<div class=\"elementor-widget-container\">\n\t\t\t\t\t\t\t\t\t<p>A la part dreta una altra obertura porta a la cuina (<strong>5<\/strong>). El lloc en el qual es passava m\u00e9s temps, sobretot en les llargues jornades hivernals.<\/p>\t\t\t\t\t\t\t\t<\/div>\n\t\t\t\t<\/div>\n\t\t\t\t<div class=\"elementor-element elementor-element-28af398b elementor-widget elementor-widget-image\" data-id=\"28af398b\" data-element_type=\"widget\" data-e-type=\"widget\" data-widget_type=\"image.default\">\n\t\t\t\t<div class=\"elementor-widget-container\">\n\t\t\t\t\t\t\t\t\t\t\t\t<figure class=\"wp-caption\">\n\t\t\t\t\t\t\t\t\t\t<img loading=\"lazy\" decoding=\"async\" width=\"768\" height=\"511\" src=\"https:\/\/www.elturistatranquil.com\/wp-content\/uploads\/F64-Cuevas-del-Almanzora-Cueva-museo-1.jpg\" class=\"attachment-large size-large wp-image-22441\" alt=\"\" srcset=\"https:\/\/www.elturistatranquil.com\/wp-content\/uploads\/F64-Cuevas-del-Almanzora-Cueva-museo-1.jpg 768w, https:\/\/www.elturistatranquil.com\/wp-content\/uploads\/F64-Cuevas-del-Almanzora-Cueva-museo-1-339x226.jpg 339w\" sizes=\"(max-width: 768px) 100vw, 768px\" \/>\t\t\t\t\t\t\t\t\t\t\t<figcaption class=\"widget-image-caption wp-caption-text\"><\/figcaption>\n\t\t\t\t\t\t\t\t\t\t<\/figure>\n\t\t\t\t\t\t\t\t\t<\/div>\n\t\t\t\t<\/div>\n\t\t\t\t<div class=\"elementor-element elementor-element-21e7c9a3 elementor-widget elementor-widget-image\" data-id=\"21e7c9a3\" data-element_type=\"widget\" data-e-type=\"widget\" data-widget_type=\"image.default\">\n\t\t\t\t<div class=\"elementor-widget-container\">\n\t\t\t\t\t\t\t\t\t\t\t\t<figure class=\"wp-caption\">\n\t\t\t\t\t\t\t\t\t\t<img loading=\"lazy\" decoding=\"async\" width=\"768\" height=\"511\" src=\"https:\/\/www.elturistatranquil.com\/wp-content\/uploads\/F65-Cuevas-del-Almanzora-Cueva-museo-1.jpg\" class=\"attachment-large size-large wp-image-22443\" alt=\"\" srcset=\"https:\/\/www.elturistatranquil.com\/wp-content\/uploads\/F65-Cuevas-del-Almanzora-Cueva-museo-1.jpg 768w, https:\/\/www.elturistatranquil.com\/wp-content\/uploads\/F65-Cuevas-del-Almanzora-Cueva-museo-1-339x226.jpg 339w\" sizes=\"(max-width: 768px) 100vw, 768px\" \/>\t\t\t\t\t\t\t\t\t\t\t<figcaption class=\"widget-image-caption wp-caption-text\"><\/figcaption>\n\t\t\t\t\t\t\t\t\t\t<\/figure>\n\t\t\t\t\t\t\t\t\t<\/div>\n\t\t\t\t<\/div>\n\t\t\t\t<div class=\"elementor-element elementor-element-43a30afa elementor-widget elementor-widget-image\" data-id=\"43a30afa\" data-element_type=\"widget\" data-e-type=\"widget\" data-widget_type=\"image.default\">\n\t\t\t\t<div class=\"elementor-widget-container\">\n\t\t\t\t\t\t\t\t\t\t\t\t<figure class=\"wp-caption\">\n\t\t\t\t\t\t\t\t\t\t<img loading=\"lazy\" decoding=\"async\" width=\"768\" height=\"511\" src=\"https:\/\/www.elturistatranquil.com\/wp-content\/uploads\/F66-Cuevas-del-Almanzora-Cueva-museo-1.jpg\" class=\"attachment-large size-large wp-image-22445\" alt=\"\" srcset=\"https:\/\/www.elturistatranquil.com\/wp-content\/uploads\/F66-Cuevas-del-Almanzora-Cueva-museo-1.jpg 768w, https:\/\/www.elturistatranquil.com\/wp-content\/uploads\/F66-Cuevas-del-Almanzora-Cueva-museo-1-339x226.jpg 339w\" sizes=\"(max-width: 768px) 100vw, 768px\" \/>\t\t\t\t\t\t\t\t\t\t\t<figcaption class=\"widget-image-caption wp-caption-text\"><\/figcaption>\n\t\t\t\t\t\t\t\t\t\t<\/figure>\n\t\t\t\t\t\t\t\t\t<\/div>\n\t\t\t\t<\/div>\n\t\t\t\t<div class=\"elementor-element elementor-element-4812089c elementor-widget elementor-widget-image\" data-id=\"4812089c\" data-element_type=\"widget\" data-e-type=\"widget\" data-widget_type=\"image.default\">\n\t\t\t\t<div class=\"elementor-widget-container\">\n\t\t\t\t\t\t\t\t\t\t\t\t<figure class=\"wp-caption\">\n\t\t\t\t\t\t\t\t\t\t<img loading=\"lazy\" decoding=\"async\" width=\"768\" height=\"511\" src=\"https:\/\/www.elturistatranquil.com\/wp-content\/uploads\/F67-Cuevas-del-Almanzora-Cueva-museo-1.jpg\" class=\"attachment-large size-large wp-image-22447\" alt=\"\" srcset=\"https:\/\/www.elturistatranquil.com\/wp-content\/uploads\/F67-Cuevas-del-Almanzora-Cueva-museo-1.jpg 768w, https:\/\/www.elturistatranquil.com\/wp-content\/uploads\/F67-Cuevas-del-Almanzora-Cueva-museo-1-339x226.jpg 339w\" sizes=\"(max-width: 768px) 100vw, 768px\" \/>\t\t\t\t\t\t\t\t\t\t\t<figcaption class=\"widget-image-caption wp-caption-text\"><\/figcaption>\n\t\t\t\t\t\t\t\t\t\t<\/figure>\n\t\t\t\t\t\t\t\t\t<\/div>\n\t\t\t\t<\/div>\n\t\t\t\t<div class=\"elementor-element elementor-element-6cd40e0f elementor-widget elementor-widget-image\" data-id=\"6cd40e0f\" data-element_type=\"widget\" data-e-type=\"widget\" data-widget_type=\"image.default\">\n\t\t\t\t<div class=\"elementor-widget-container\">\n\t\t\t\t\t\t\t\t\t\t\t\t<figure class=\"wp-caption\">\n\t\t\t\t\t\t\t\t\t\t<img loading=\"lazy\" decoding=\"async\" width=\"768\" height=\"511\" src=\"https:\/\/www.elturistatranquil.com\/wp-content\/uploads\/F68-Cuevas-del-Almanzora-Cueva-museo-1.jpg\" class=\"attachment-large size-large wp-image-22449\" alt=\"\" srcset=\"https:\/\/www.elturistatranquil.com\/wp-content\/uploads\/F68-Cuevas-del-Almanzora-Cueva-museo-1.jpg 768w, https:\/\/www.elturistatranquil.com\/wp-content\/uploads\/F68-Cuevas-del-Almanzora-Cueva-museo-1-339x226.jpg 339w\" sizes=\"(max-width: 768px) 100vw, 768px\" \/>\t\t\t\t\t\t\t\t\t\t\t<figcaption class=\"widget-image-caption wp-caption-text\"><\/figcaption>\n\t\t\t\t\t\t\t\t\t\t<\/figure>\n\t\t\t\t\t\t\t\t\t<\/div>\n\t\t\t\t<\/div>\n\t\t\t\t<div class=\"elementor-element elementor-element-6bf52747 elementor-widget elementor-widget-menu-anchor\" data-id=\"6bf52747\" data-element_type=\"widget\" data-e-type=\"widget\" data-widget_type=\"menu-anchor.default\">\n\t\t\t\t<div class=\"elementor-widget-container\">\n\t\t\t\t\t\t\t<div class=\"elementor-menu-anchor\" id=\"c3714\"><\/div>\n\t\t\t\t\t\t<\/div>\n\t\t\t\t<\/div>\n\t\t\t\t<div class=\"elementor-element elementor-element-3fcde502 elementor-widget elementor-widget-image\" data-id=\"3fcde502\" data-element_type=\"widget\" data-e-type=\"widget\" data-widget_type=\"image.default\">\n\t\t\t\t<div class=\"elementor-widget-container\">\n\t\t\t\t\t\t\t\t\t\t\t\t<figure class=\"wp-caption\">\n\t\t\t\t\t\t\t\t\t\t<img loading=\"lazy\" decoding=\"async\" width=\"768\" height=\"511\" src=\"https:\/\/www.elturistatranquil.com\/wp-content\/uploads\/F69-Cuevas-del-Almanzora-Cueva-museo-1.jpg\" class=\"attachment-large size-large wp-image-22451\" alt=\"\" srcset=\"https:\/\/www.elturistatranquil.com\/wp-content\/uploads\/F69-Cuevas-del-Almanzora-Cueva-museo-1.jpg 768w, https:\/\/www.elturistatranquil.com\/wp-content\/uploads\/F69-Cuevas-del-Almanzora-Cueva-museo-1-339x226.jpg 339w\" sizes=\"(max-width: 768px) 100vw, 768px\" \/>\t\t\t\t\t\t\t\t\t\t\t<figcaption class=\"widget-image-caption wp-caption-text\"><\/figcaption>\n\t\t\t\t\t\t\t\t\t\t<\/figure>\n\t\t\t\t\t\t\t\t\t<\/div>\n\t\t\t\t<\/div>\n\t\t\t\t<div class=\"elementor-element elementor-element-73981e33 elementor-widget elementor-widget-heading\" data-id=\"73981e33\" data-element_type=\"widget\" data-e-type=\"widget\" data-widget_type=\"heading.default\">\n\t\t\t\t<div class=\"elementor-widget-container\">\n\t\t\t\t\t<h3 class=\"elementor-heading-title elementor-size-default\">Cuesta del Castillo - Pla\u00e7a de la Constituci\u00f3<\/h3>\t\t\t\t<\/div>\n\t\t\t\t<\/div>\n\t\t\t\t<div class=\"elementor-element elementor-element-3f214be2 elementor-widget elementor-widget-text-editor\" data-id=\"3f214be2\" data-element_type=\"widget\" data-e-type=\"widget\" data-widget_type=\"text-editor.default\">\n\t\t\t\t<div class=\"elementor-widget-container\">\n\t\t\t\t\t\t\t\t\t<p>Retorn a la pla\u00e7a de la Llibertat, a la porta del Castell, per baixar pel carrer Cuesta del Castillo cap a la Pla\u00e7a de la Constituci\u00f3.<\/p>\t\t\t\t\t\t\t\t<\/div>\n\t\t\t\t<\/div>\n\t\t\t\t<div class=\"elementor-element elementor-element-36592552 elementor-widget elementor-widget-image\" data-id=\"36592552\" data-element_type=\"widget\" data-e-type=\"widget\" data-widget_type=\"image.default\">\n\t\t\t\t<div class=\"elementor-widget-container\">\n\t\t\t\t\t\t\t\t\t\t\t\t<figure class=\"wp-caption\">\n\t\t\t\t\t\t\t\t\t\t<img loading=\"lazy\" decoding=\"async\" width=\"768\" height=\"511\" src=\"https:\/\/www.elturistatranquil.com\/wp-content\/uploads\/F70-Cuevas-del-Almanzora-Plaza-constitucion-1.jpg\" class=\"attachment-large size-large wp-image-22453\" alt=\"\" srcset=\"https:\/\/www.elturistatranquil.com\/wp-content\/uploads\/F70-Cuevas-del-Almanzora-Plaza-constitucion-1.jpg 768w, https:\/\/www.elturistatranquil.com\/wp-content\/uploads\/F70-Cuevas-del-Almanzora-Plaza-constitucion-1-339x226.jpg 339w\" sizes=\"(max-width: 768px) 100vw, 768px\" \/>\t\t\t\t\t\t\t\t\t\t\t<figcaption class=\"widget-image-caption wp-caption-text\"><\/figcaption>\n\t\t\t\t\t\t\t\t\t\t<\/figure>\n\t\t\t\t\t\t\t\t\t<\/div>\n\t\t\t\t<\/div>\n\t\t\t\t<div class=\"elementor-element elementor-element-7cfb7289 elementor-widget elementor-widget-text-editor\" data-id=\"7cfb7289\" data-element_type=\"widget\" data-e-type=\"widget\" data-widget_type=\"text-editor.default\">\n\t\t\t\t<div class=\"elementor-widget-container\">\n\t\t\t\t\t\t\t\t\t<p>A La <strong>pla\u00e7a de la Constituci\u00f3<\/strong> (<strong>E<\/strong>) tenen la seva seu els dos edificis de l&#8217;Ajuntament, l&#8217;antic, al fons de la fotografia, i l&#8217;actual, a la paret de l&#8217;esquerra.<\/p>\t\t\t\t\t\t\t\t<\/div>\n\t\t\t\t<\/div>\n\t\t\t\t<div class=\"elementor-element elementor-element-534a18a1 elementor-widget elementor-widget-menu-anchor\" data-id=\"534a18a1\" data-element_type=\"widget\" data-e-type=\"widget\" data-widget_type=\"menu-anchor.default\">\n\t\t\t\t<div class=\"elementor-widget-container\">\n\t\t\t\t\t\t\t<div class=\"elementor-menu-anchor\" id=\"c3715\"><\/div>\n\t\t\t\t\t\t<\/div>\n\t\t\t\t<\/div>\n\t\t\t\t<div class=\"elementor-element elementor-element-58924b38 elementor-widget elementor-widget-image\" data-id=\"58924b38\" data-element_type=\"widget\" data-e-type=\"widget\" data-widget_type=\"image.default\">\n\t\t\t\t<div class=\"elementor-widget-container\">\n\t\t\t\t\t\t\t\t\t\t\t\t<figure class=\"wp-caption\">\n\t\t\t\t\t\t\t\t\t\t<img loading=\"lazy\" decoding=\"async\" width=\"768\" height=\"511\" src=\"https:\/\/www.elturistatranquil.com\/wp-content\/uploads\/F71-Cuevas-del-Almanzora-Plaza-constitucion-1.jpg\" class=\"attachment-large size-large wp-image-22455\" alt=\"\" srcset=\"https:\/\/www.elturistatranquil.com\/wp-content\/uploads\/F71-Cuevas-del-Almanzora-Plaza-constitucion-1.jpg 768w, https:\/\/www.elturistatranquil.com\/wp-content\/uploads\/F71-Cuevas-del-Almanzora-Plaza-constitucion-1-339x226.jpg 339w\" sizes=\"(max-width: 768px) 100vw, 768px\" \/>\t\t\t\t\t\t\t\t\t\t\t<figcaption class=\"widget-image-caption wp-caption-text\"><\/figcaption>\n\t\t\t\t\t\t\t\t\t\t<\/figure>\n\t\t\t\t\t\t\t\t\t<\/div>\n\t\t\t\t<\/div>\n\t\t\t\t<div class=\"elementor-element elementor-element-2ff2e6e1 elementor-widget elementor-widget-heading\" data-id=\"2ff2e6e1\" data-element_type=\"widget\" data-e-type=\"widget\" data-widget_type=\"heading.default\">\n\t\t\t\t<div class=\"elementor-widget-container\">\n\t\t\t\t\t<h3 class=\"elementor-heading-title elementor-size-default\">Ajuntament i Palauet de Torcuato Soler Bolea<\/h3>\t\t\t\t<\/div>\n\t\t\t\t<\/div>\n\t\t\t\t<div class=\"elementor-element elementor-element-5d834225 elementor-widget elementor-widget-text-editor\" data-id=\"5d834225\" data-element_type=\"widget\" data-e-type=\"widget\" data-widget_type=\"text-editor.default\">\n\t\t\t\t<div class=\"elementor-widget-container\">\n\t\t\t\t\t\t\t\t\t<p>A l&#8217;oest l&#8217;edifici de l&#8217;<strong>antic Ajuntament<\/strong> (<strong>F<\/strong>), un edifici neocl\u00e0ssic del segle XIX.<\/p>\t\t\t\t\t\t\t\t<\/div>\n\t\t\t\t<\/div>\n\t\t\t\t<div class=\"elementor-element elementor-element-1ba4436b elementor-widget elementor-widget-image\" data-id=\"1ba4436b\" data-element_type=\"widget\" data-e-type=\"widget\" data-widget_type=\"image.default\">\n\t\t\t\t<div class=\"elementor-widget-container\">\n\t\t\t\t\t\t\t\t\t\t\t\t<figure class=\"wp-caption\">\n\t\t\t\t\t\t\t\t\t\t<img loading=\"lazy\" decoding=\"async\" width=\"768\" height=\"511\" src=\"https:\/\/www.elturistatranquil.com\/wp-content\/uploads\/F72-Cuevas-del-Almanzora-Ayuntamiento-1.jpg\" class=\"attachment-large size-large wp-image-22457\" alt=\"\" srcset=\"https:\/\/www.elturistatranquil.com\/wp-content\/uploads\/F72-Cuevas-del-Almanzora-Ayuntamiento-1.jpg 768w, https:\/\/www.elturistatranquil.com\/wp-content\/uploads\/F72-Cuevas-del-Almanzora-Ayuntamiento-1-339x226.jpg 339w\" sizes=\"(max-width: 768px) 100vw, 768px\" \/>\t\t\t\t\t\t\t\t\t\t\t<figcaption class=\"widget-image-caption wp-caption-text\"><\/figcaption>\n\t\t\t\t\t\t\t\t\t\t<\/figure>\n\t\t\t\t\t\t\t\t\t<\/div>\n\t\t\t\t<\/div>\n\t\t\t\t<div class=\"elementor-element elementor-element-3a88df13 elementor-widget elementor-widget-text-editor\" data-id=\"3a88df13\" data-element_type=\"widget\" data-e-type=\"widget\" data-widget_type=\"text-editor.default\">\n\t\t\t\t<div class=\"elementor-widget-container\">\n\t\t\t\t\t\t\t\t\t<p>Al sud, l&#8217;<strong>Ajuntament actual<\/strong> que ocupa el <strong>Palauet de Torcuato Soler Bolea<\/strong> (<strong>G<\/strong>).<\/p><p>El palauet del prevere Torcuato Soler Bolea \u00e9s el millor exemple d&#8217;habitatge burgesa pertanyent al segle XIX. Sobre la porta hi consta l&#8217;any 1844.<\/p><p>Compost de tres plantes destaquen les columnes que escorten l&#8217;entrada principal i les reixes trenades de les obertures.<\/p>\t\t\t\t\t\t\t\t<\/div>\n\t\t\t\t<\/div>\n\t\t\t\t<div class=\"elementor-element elementor-element-180fa0f elementor-widget elementor-widget-image\" data-id=\"180fa0f\" data-element_type=\"widget\" data-e-type=\"widget\" data-widget_type=\"image.default\">\n\t\t\t\t<div class=\"elementor-widget-container\">\n\t\t\t\t\t\t\t\t\t\t\t\t<figure class=\"wp-caption\">\n\t\t\t\t\t\t\t\t\t\t<img loading=\"lazy\" decoding=\"async\" width=\"768\" height=\"511\" src=\"https:\/\/www.elturistatranquil.com\/wp-content\/uploads\/F73-Cuevas-del-Almanzora-Ayuntamiento-1.jpg\" class=\"attachment-large size-large wp-image-22459\" alt=\"\" srcset=\"https:\/\/www.elturistatranquil.com\/wp-content\/uploads\/F73-Cuevas-del-Almanzora-Ayuntamiento-1.jpg 768w, https:\/\/www.elturistatranquil.com\/wp-content\/uploads\/F73-Cuevas-del-Almanzora-Ayuntamiento-1-339x226.jpg 339w\" sizes=\"(max-width: 768px) 100vw, 768px\" \/>\t\t\t\t\t\t\t\t\t\t\t<figcaption class=\"widget-image-caption wp-caption-text\"><\/figcaption>\n\t\t\t\t\t\t\t\t\t\t<\/figure>\n\t\t\t\t\t\t\t\t\t<\/div>\n\t\t\t\t<\/div>\n\t\t\t\t<div class=\"elementor-element elementor-element-adf9bee elementor-widget elementor-widget-image\" data-id=\"adf9bee\" data-element_type=\"widget\" data-e-type=\"widget\" data-widget_type=\"image.default\">\n\t\t\t\t<div class=\"elementor-widget-container\">\n\t\t\t\t\t\t\t\t\t\t\t\t<figure class=\"wp-caption\">\n\t\t\t\t\t\t\t\t\t\t<img loading=\"lazy\" decoding=\"async\" width=\"768\" height=\"512\" src=\"https:\/\/www.elturistatranquil.com\/wp-content\/uploads\/F74-Cuevas-del-Almanzora-Ayuntamiento-1.jpg\" class=\"attachment-large size-large wp-image-22461\" alt=\"\" srcset=\"https:\/\/www.elturistatranquil.com\/wp-content\/uploads\/F74-Cuevas-del-Almanzora-Ayuntamiento-1.jpg 768w, https:\/\/www.elturistatranquil.com\/wp-content\/uploads\/F74-Cuevas-del-Almanzora-Ayuntamiento-1-339x226.jpg 339w\" sizes=\"(max-width: 768px) 100vw, 768px\" \/>\t\t\t\t\t\t\t\t\t\t\t<figcaption class=\"widget-image-caption wp-caption-text\"><\/figcaption>\n\t\t\t\t\t\t\t\t\t\t<\/figure>\n\t\t\t\t\t\t\t\t\t<\/div>\n\t\t\t\t<\/div>\n\t\t\t\t<div class=\"elementor-element elementor-element-7c6d54a5 elementor-widget elementor-widget-text-editor\" data-id=\"7c6d54a5\" data-element_type=\"widget\" data-e-type=\"widget\" data-widget_type=\"text-editor.default\">\n\t\t\t\t<div class=\"elementor-widget-container\">\n\t\t\t\t\t\t\t\t\t<p>A l&#8217;interior, l&#8217;escala d&#8217;acc\u00e9s a la primera planta est\u00e0 realitzada en marbre i escortada per dues columnes aparellades del mateix material.<\/p>\t\t\t\t\t\t\t\t<\/div>\n\t\t\t\t<\/div>\n\t\t\t\t<div class=\"elementor-element elementor-element-3cb89d83 elementor-widget elementor-widget-image\" data-id=\"3cb89d83\" data-element_type=\"widget\" data-e-type=\"widget\" data-widget_type=\"image.default\">\n\t\t\t\t<div class=\"elementor-widget-container\">\n\t\t\t\t\t\t\t\t\t\t\t\t<figure class=\"wp-caption\">\n\t\t\t\t\t\t\t\t\t\t<img loading=\"lazy\" decoding=\"async\" width=\"768\" height=\"512\" src=\"https:\/\/www.elturistatranquil.com\/wp-content\/uploads\/F75-Cuevas-del-Almanzora-Ayuntamiento-1.jpg\" class=\"attachment-large size-large wp-image-22463\" alt=\"\" srcset=\"https:\/\/www.elturistatranquil.com\/wp-content\/uploads\/F75-Cuevas-del-Almanzora-Ayuntamiento-1.jpg 768w, https:\/\/www.elturistatranquil.com\/wp-content\/uploads\/F75-Cuevas-del-Almanzora-Ayuntamiento-1-339x226.jpg 339w\" sizes=\"(max-width: 768px) 100vw, 768px\" \/>\t\t\t\t\t\t\t\t\t\t\t<figcaption class=\"widget-image-caption wp-caption-text\"><\/figcaption>\n\t\t\t\t\t\t\t\t\t\t<\/figure>\n\t\t\t\t\t\t\t\t\t<\/div>\n\t\t\t\t<\/div>\n\t\t\t\t<div class=\"elementor-element elementor-element-59a58b8b elementor-widget elementor-widget-image\" data-id=\"59a58b8b\" data-element_type=\"widget\" data-e-type=\"widget\" data-widget_type=\"image.default\">\n\t\t\t\t<div class=\"elementor-widget-container\">\n\t\t\t\t\t\t\t\t\t\t\t\t<figure class=\"wp-caption\">\n\t\t\t\t\t\t\t\t\t\t<img loading=\"lazy\" decoding=\"async\" width=\"768\" height=\"512\" src=\"https:\/\/www.elturistatranquil.com\/wp-content\/uploads\/F76-Cuevas-del-Almanzora-Ayuntamiento-1.jpg\" class=\"attachment-large size-large wp-image-22465\" alt=\"\" srcset=\"https:\/\/www.elturistatranquil.com\/wp-content\/uploads\/F76-Cuevas-del-Almanzora-Ayuntamiento-1.jpg 768w, https:\/\/www.elturistatranquil.com\/wp-content\/uploads\/F76-Cuevas-del-Almanzora-Ayuntamiento-1-339x226.jpg 339w\" sizes=\"(max-width: 768px) 100vw, 768px\" \/>\t\t\t\t\t\t\t\t\t\t\t<figcaption class=\"widget-image-caption wp-caption-text\"><\/figcaption>\n\t\t\t\t\t\t\t\t\t\t<\/figure>\n\t\t\t\t\t\t\t\t\t<\/div>\n\t\t\t\t<\/div>\n\t\t\t\t<div class=\"elementor-element elementor-element-b4ad90e elementor-widget elementor-widget-text-editor\" data-id=\"b4ad90e\" data-element_type=\"widget\" data-e-type=\"widget\" data-widget_type=\"text-editor.default\">\n\t\t\t\t<div class=\"elementor-widget-container\">\n\t\t\t\t\t\t\t\t\t<p>El conjunt de l&#8217;escalinata i el repl\u00e0 de la planta superior, perfectament restaurat, d\u00f3na mostra de la magnific\u00e8ncia del palauet i dels gustos de la burgesia local.<\/p>\t\t\t\t\t\t\t\t<\/div>\n\t\t\t\t<\/div>\n\t\t\t\t<div class=\"elementor-element elementor-element-12fba914 elementor-widget elementor-widget-image\" data-id=\"12fba914\" data-element_type=\"widget\" data-e-type=\"widget\" data-widget_type=\"image.default\">\n\t\t\t\t<div class=\"elementor-widget-container\">\n\t\t\t\t\t\t\t\t\t\t\t\t<figure class=\"wp-caption\">\n\t\t\t\t\t\t\t\t\t\t<img loading=\"lazy\" decoding=\"async\" width=\"768\" height=\"511\" src=\"https:\/\/www.elturistatranquil.com\/wp-content\/uploads\/F77-Cuevas-del-Almanzora-Ayuntamiento-1.jpg\" class=\"attachment-large size-large wp-image-22467\" alt=\"\" srcset=\"https:\/\/www.elturistatranquil.com\/wp-content\/uploads\/F77-Cuevas-del-Almanzora-Ayuntamiento-1.jpg 768w, https:\/\/www.elturistatranquil.com\/wp-content\/uploads\/F77-Cuevas-del-Almanzora-Ayuntamiento-1-339x226.jpg 339w\" sizes=\"(max-width: 768px) 100vw, 768px\" \/>\t\t\t\t\t\t\t\t\t\t\t<figcaption class=\"widget-image-caption wp-caption-text\"><\/figcaption>\n\t\t\t\t\t\t\t\t\t\t<\/figure>\n\t\t\t\t\t\t\t\t\t<\/div>\n\t\t\t\t<\/div>\n\t\t\t\t<div class=\"elementor-element elementor-element-3af93082 elementor-widget elementor-widget-image\" data-id=\"3af93082\" data-element_type=\"widget\" data-e-type=\"widget\" data-widget_type=\"image.default\">\n\t\t\t\t<div class=\"elementor-widget-container\">\n\t\t\t\t\t\t\t\t\t\t\t\t<figure class=\"wp-caption\">\n\t\t\t\t\t\t\t\t\t\t<img loading=\"lazy\" decoding=\"async\" width=\"768\" height=\"511\" src=\"https:\/\/www.elturistatranquil.com\/wp-content\/uploads\/F78-Cuevas-del-Almanzora-Ayuntamiento-1.jpg\" class=\"attachment-large size-large wp-image-22469\" alt=\"\" srcset=\"https:\/\/www.elturistatranquil.com\/wp-content\/uploads\/F78-Cuevas-del-Almanzora-Ayuntamiento-1.jpg 768w, https:\/\/www.elturistatranquil.com\/wp-content\/uploads\/F78-Cuevas-del-Almanzora-Ayuntamiento-1-339x226.jpg 339w\" sizes=\"(max-width: 768px) 100vw, 768px\" \/>\t\t\t\t\t\t\t\t\t\t\t<figcaption class=\"widget-image-caption wp-caption-text\"><\/figcaption>\n\t\t\t\t\t\t\t\t\t\t<\/figure>\n\t\t\t\t\t\t\t\t\t<\/div>\n\t\t\t\t<\/div>\n\t\t\t\t<div class=\"elementor-element elementor-element-1a124f2f elementor-widget elementor-widget-image\" data-id=\"1a124f2f\" data-element_type=\"widget\" data-e-type=\"widget\" data-widget_type=\"image.default\">\n\t\t\t\t<div class=\"elementor-widget-container\">\n\t\t\t\t\t\t\t\t\t\t\t\t<figure class=\"wp-caption\">\n\t\t\t\t\t\t\t\t\t\t<img loading=\"lazy\" decoding=\"async\" width=\"768\" height=\"511\" src=\"https:\/\/www.elturistatranquil.com\/wp-content\/uploads\/F79-Cuevas-del-Almanzora-Ayuntamiento-1.jpg\" class=\"attachment-large size-large wp-image-22471\" alt=\"\" srcset=\"https:\/\/www.elturistatranquil.com\/wp-content\/uploads\/F79-Cuevas-del-Almanzora-Ayuntamiento-1.jpg 768w, https:\/\/www.elturistatranquil.com\/wp-content\/uploads\/F79-Cuevas-del-Almanzora-Ayuntamiento-1-339x226.jpg 339w\" sizes=\"(max-width: 768px) 100vw, 768px\" \/>\t\t\t\t\t\t\t\t\t\t\t<figcaption class=\"widget-image-caption wp-caption-text\"><\/figcaption>\n\t\t\t\t\t\t\t\t\t\t<\/figure>\n\t\t\t\t\t\t\t\t\t<\/div>\n\t\t\t\t<\/div>\n\t\t\t\t<div class=\"elementor-element elementor-element-65e67b27 elementor-widget elementor-widget-image\" data-id=\"65e67b27\" data-element_type=\"widget\" data-e-type=\"widget\" data-widget_type=\"image.default\">\n\t\t\t\t<div class=\"elementor-widget-container\">\n\t\t\t\t\t\t\t\t\t\t\t\t<figure class=\"wp-caption\">\n\t\t\t\t\t\t\t\t\t\t<img loading=\"lazy\" decoding=\"async\" width=\"768\" height=\"511\" src=\"https:\/\/www.elturistatranquil.com\/wp-content\/uploads\/F80-Cuevas-del-Almanzora-Ayuntamiento-1.jpg\" class=\"attachment-large size-large wp-image-22473\" alt=\"\" srcset=\"https:\/\/www.elturistatranquil.com\/wp-content\/uploads\/F80-Cuevas-del-Almanzora-Ayuntamiento-1.jpg 768w, https:\/\/www.elturistatranquil.com\/wp-content\/uploads\/F80-Cuevas-del-Almanzora-Ayuntamiento-1-339x226.jpg 339w\" sizes=\"(max-width: 768px) 100vw, 768px\" \/>\t\t\t\t\t\t\t\t\t\t\t<figcaption class=\"widget-image-caption wp-caption-text\"><\/figcaption>\n\t\t\t\t\t\t\t\t\t\t<\/figure>\n\t\t\t\t\t\t\t\t\t<\/div>\n\t\t\t\t<\/div>\n\t\t\t\t<div class=\"elementor-element elementor-element-74761797 elementor-widget elementor-widget-image\" data-id=\"74761797\" data-element_type=\"widget\" data-e-type=\"widget\" data-widget_type=\"image.default\">\n\t\t\t\t<div class=\"elementor-widget-container\">\n\t\t\t\t\t\t\t\t\t\t\t\t<figure class=\"wp-caption\">\n\t\t\t\t\t\t\t\t\t\t<img loading=\"lazy\" decoding=\"async\" width=\"768\" height=\"511\" src=\"https:\/\/www.elturistatranquil.com\/wp-content\/uploads\/F81-Cuevas-del-Almanzora-Ayuntamiento-1.jpg\" class=\"attachment-large size-large wp-image-22475\" alt=\"\" srcset=\"https:\/\/www.elturistatranquil.com\/wp-content\/uploads\/F81-Cuevas-del-Almanzora-Ayuntamiento-1.jpg 768w, https:\/\/www.elturistatranquil.com\/wp-content\/uploads\/F81-Cuevas-del-Almanzora-Ayuntamiento-1-339x226.jpg 339w\" sizes=\"(max-width: 768px) 100vw, 768px\" \/>\t\t\t\t\t\t\t\t\t\t\t<figcaption class=\"widget-image-caption wp-caption-text\"><\/figcaption>\n\t\t\t\t\t\t\t\t\t\t<\/figure>\n\t\t\t\t\t\t\t\t\t<\/div>\n\t\t\t\t<\/div>\n\t\t\t\t<div class=\"elementor-element elementor-element-53842056 elementor-widget elementor-widget-image\" data-id=\"53842056\" data-element_type=\"widget\" data-e-type=\"widget\" data-widget_type=\"image.default\">\n\t\t\t\t<div class=\"elementor-widget-container\">\n\t\t\t\t\t\t\t\t\t\t\t\t<figure class=\"wp-caption\">\n\t\t\t\t\t\t\t\t\t\t<img loading=\"lazy\" decoding=\"async\" width=\"768\" height=\"512\" src=\"https:\/\/www.elturistatranquil.com\/wp-content\/uploads\/F82-Cuevas-del-Almanzora-Ayuntamiento-1.jpg\" class=\"attachment-large size-large wp-image-22477\" alt=\"\" srcset=\"https:\/\/www.elturistatranquil.com\/wp-content\/uploads\/F82-Cuevas-del-Almanzora-Ayuntamiento-1.jpg 768w, https:\/\/www.elturistatranquil.com\/wp-content\/uploads\/F82-Cuevas-del-Almanzora-Ayuntamiento-1-339x226.jpg 339w\" sizes=\"(max-width: 768px) 100vw, 768px\" \/>\t\t\t\t\t\t\t\t\t\t\t<figcaption class=\"widget-image-caption wp-caption-text\"><\/figcaption>\n\t\t\t\t\t\t\t\t\t\t<\/figure>\n\t\t\t\t\t\t\t\t\t<\/div>\n\t\t\t\t<\/div>\n\t\t\t\t<div class=\"elementor-element elementor-element-2af6f53b elementor-widget elementor-widget-text-editor\" data-id=\"2af6f53b\" data-element_type=\"widget\" data-e-type=\"widget\" data-widget_type=\"text-editor.default\">\n\t\t\t\t<div class=\"elementor-widget-container\">\n\t\t\t\t\t\t\t\t\t<p>Continuant carrer avall, a continuaci\u00f3 de l&#8217;edifici del Jutjat de Pau i Registre Civil, antiga Caserna de la Gu\u00e0rdia Civil, s&#8217;albira al Esgl\u00e9sia de l&#8217;Encarnaci\u00f3.<\/p>\t\t\t\t\t\t\t\t<\/div>\n\t\t\t\t<\/div>\n\t\t\t\t<div class=\"elementor-element elementor-element-74b7a667 elementor-widget elementor-widget-menu-anchor\" data-id=\"74b7a667\" data-element_type=\"widget\" data-e-type=\"widget\" data-widget_type=\"menu-anchor.default\">\n\t\t\t\t<div class=\"elementor-widget-container\">\n\t\t\t\t\t\t\t<div class=\"elementor-menu-anchor\" id=\"c3716\"><\/div>\n\t\t\t\t\t\t<\/div>\n\t\t\t\t<\/div>\n\t\t\t\t<div class=\"elementor-element elementor-element-6c3c98c7 elementor-widget elementor-widget-image\" data-id=\"6c3c98c7\" data-element_type=\"widget\" data-e-type=\"widget\" data-widget_type=\"image.default\">\n\t\t\t\t<div class=\"elementor-widget-container\">\n\t\t\t\t\t\t\t\t\t\t\t\t<figure class=\"wp-caption\">\n\t\t\t\t\t\t\t\t\t\t<img loading=\"lazy\" decoding=\"async\" width=\"768\" height=\"511\" src=\"https:\/\/www.elturistatranquil.com\/wp-content\/uploads\/F83-Cuevas-del-Almanzora-Ayuntamiento-1.jpg\" class=\"attachment-large size-large wp-image-22479\" alt=\"\" srcset=\"https:\/\/www.elturistatranquil.com\/wp-content\/uploads\/F83-Cuevas-del-Almanzora-Ayuntamiento-1.jpg 768w, https:\/\/www.elturistatranquil.com\/wp-content\/uploads\/F83-Cuevas-del-Almanzora-Ayuntamiento-1-339x226.jpg 339w\" sizes=\"(max-width: 768px) 100vw, 768px\" \/>\t\t\t\t\t\t\t\t\t\t\t<figcaption class=\"widget-image-caption wp-caption-text\"><\/figcaption>\n\t\t\t\t\t\t\t\t\t\t<\/figure>\n\t\t\t\t\t\t\t\t\t<\/div>\n\t\t\t\t<\/div>\n\t\t\t\t<div class=\"elementor-element elementor-element-2dd4b1a0 elementor-widget elementor-widget-heading\" data-id=\"2dd4b1a0\" data-element_type=\"widget\" data-e-type=\"widget\" data-widget_type=\"heading.default\">\n\t\t\t\t<div class=\"elementor-widget-container\">\n\t\t\t\t\t<h3 class=\"elementor-heading-title elementor-size-default\">Esgl\u00e9sia de Nuestra Se\u00f1ora de la Encarnaci\u00f3n<\/h3>\t\t\t\t<\/div>\n\t\t\t\t<\/div>\n\t\t\t\t<div class=\"elementor-element elementor-element-69a831aa elementor-widget elementor-widget-text-editor\" data-id=\"69a831aa\" data-element_type=\"widget\" data-e-type=\"widget\" data-widget_type=\"text-editor.default\">\n\t\t\t\t<div class=\"elementor-widget-container\">\n\t\t\t\t\t\t\t\t\t<p>La <strong>Esgl\u00e9sia de Nuestra Se\u00f1ora de la Encarnaci\u00f3n<\/strong> (<strong>H<\/strong>), est\u00e0 catalogada com a <em>Monument Hist\u00f2ric Art\u00edstic Nacional<\/em> des de 1983 i actualment <em>B\u00e9 d&#8217;Inter\u00e8s Cultural en la categoria de Monument<\/em>.<\/p><p>Constru\u00efda entre 1754 i 1762 en el lloc que havia ocupat la mesquita \u00e0rab, enderrocada per construir l&#8217;Esgl\u00e9sia. La seva construcci\u00f3 va ser promoguda pel marqu\u00e8s don Antonio de Toledo.<\/p><p>La portada principal \u00e9s d&#8217;estil neocl\u00e0ssic i la lateral barroca.<\/p>\t\t\t\t\t\t\t\t<\/div>\n\t\t\t\t<\/div>\n\t\t\t\t<div class=\"elementor-element elementor-element-ff2251 elementor-widget elementor-widget-image\" data-id=\"ff2251\" data-element_type=\"widget\" data-e-type=\"widget\" data-widget_type=\"image.default\">\n\t\t\t\t<div class=\"elementor-widget-container\">\n\t\t\t\t\t\t\t\t\t\t\t\t<figure class=\"wp-caption\">\n\t\t\t\t\t\t\t\t\t\t<img loading=\"lazy\" decoding=\"async\" width=\"768\" height=\"511\" src=\"https:\/\/www.elturistatranquil.com\/wp-content\/uploads\/F84-Cuevas-del-Almanzora-Plaza-constitucion-1.jpg\" class=\"attachment-large size-large wp-image-22481\" alt=\"\" srcset=\"https:\/\/www.elturistatranquil.com\/wp-content\/uploads\/F84-Cuevas-del-Almanzora-Plaza-constitucion-1.jpg 768w, https:\/\/www.elturistatranquil.com\/wp-content\/uploads\/F84-Cuevas-del-Almanzora-Plaza-constitucion-1-339x226.jpg 339w\" sizes=\"(max-width: 768px) 100vw, 768px\" \/>\t\t\t\t\t\t\t\t\t\t\t<figcaption class=\"widget-image-caption wp-caption-text\"><\/figcaption>\n\t\t\t\t\t\t\t\t\t\t<\/figure>\n\t\t\t\t\t\t\t\t\t<\/div>\n\t\t\t\t<\/div>\n\t\t\t\t<section class=\"elementor-section elementor-inner-section elementor-element elementor-element-2ffe7a9 elementor-section-boxed elementor-section-height-default elementor-section-height-default\" data-id=\"2ffe7a9\" data-element_type=\"section\" data-e-type=\"section\">\n\t\t\t\t\t\t<div class=\"elementor-container elementor-column-gap-default\">\n\t\t\t\t\t<div class=\"elementor-column elementor-col-50 elementor-inner-column elementor-element elementor-element-64b94318\" data-id=\"64b94318\" data-element_type=\"column\" data-e-type=\"column\">\n\t\t\t<div class=\"elementor-widget-wrap elementor-element-populated\">\n\t\t\t\t\t\t<div class=\"elementor-element elementor-element-5ec84897 elementor-widget elementor-widget-image\" data-id=\"5ec84897\" data-element_type=\"widget\" data-e-type=\"widget\" data-widget_type=\"image.default\">\n\t\t\t\t<div class=\"elementor-widget-container\">\n\t\t\t\t\t\t\t\t\t\t\t\t\t\t\t<img loading=\"lazy\" decoding=\"async\" width=\"366\" height=\"550\" src=\"https:\/\/www.elturistatranquil.com\/wp-content\/uploads\/F85m-Cuevas-del-Almanzora-Iglesia-Nuestra-Se\u00f1ora-de-la-Encarnacion-1.jpg\" class=\"attachment-large size-large wp-image-22483\" alt=\"\" srcset=\"https:\/\/www.elturistatranquil.com\/wp-content\/uploads\/F85m-Cuevas-del-Almanzora-Iglesia-Nuestra-Se\u00f1ora-de-la-Encarnacion-1.jpg 366w, https:\/\/www.elturistatranquil.com\/wp-content\/uploads\/F85m-Cuevas-del-Almanzora-Iglesia-Nuestra-Se\u00f1ora-de-la-Encarnacion-1-150x226.jpg 150w\" sizes=\"(max-width: 366px) 100vw, 366px\" \/>\t\t\t\t\t\t\t\t\t\t\t\t\t\t\t<\/div>\n\t\t\t\t<\/div>\n\t\t\t\t\t<\/div>\n\t\t<\/div>\n\t\t\t\t<div class=\"elementor-column elementor-col-50 elementor-inner-column elementor-element elementor-element-698369ea\" data-id=\"698369ea\" data-element_type=\"column\" data-e-type=\"column\">\n\t\t\t<div class=\"elementor-widget-wrap elementor-element-populated\">\n\t\t\t\t\t\t<div class=\"elementor-element elementor-element-4695f766 elementor-widget elementor-widget-image\" data-id=\"4695f766\" data-element_type=\"widget\" data-e-type=\"widget\" data-widget_type=\"image.default\">\n\t\t\t\t<div class=\"elementor-widget-container\">\n\t\t\t\t\t\t\t\t\t\t\t\t\t\t\t<img loading=\"lazy\" decoding=\"async\" width=\"366\" height=\"550\" src=\"https:\/\/www.elturistatranquil.com\/wp-content\/uploads\/F85n-Cuevas-del-Almanzora-Iglesia-Nuestra-Se\u00f1ora-de-la-Encarnacion-1.jpg\" class=\"attachment-large size-large wp-image-22485\" alt=\"\" srcset=\"https:\/\/www.elturistatranquil.com\/wp-content\/uploads\/F85n-Cuevas-del-Almanzora-Iglesia-Nuestra-Se\u00f1ora-de-la-Encarnacion-1.jpg 366w, https:\/\/www.elturistatranquil.com\/wp-content\/uploads\/F85n-Cuevas-del-Almanzora-Iglesia-Nuestra-Se\u00f1ora-de-la-Encarnacion-1-150x226.jpg 150w\" sizes=\"(max-width: 366px) 100vw, 366px\" \/>\t\t\t\t\t\t\t\t\t\t\t\t\t\t\t<\/div>\n\t\t\t\t<\/div>\n\t\t\t\t\t<\/div>\n\t\t<\/div>\n\t\t\t\t\t<\/div>\n\t\t<\/section>\n\t\t\t\t<div class=\"elementor-element elementor-element-2ba072b elementor-widget elementor-widget-image\" data-id=\"2ba072b\" data-element_type=\"widget\" data-e-type=\"widget\" data-widget_type=\"image.default\">\n\t\t\t\t<div class=\"elementor-widget-container\">\n\t\t\t\t\t\t\t\t\t\t\t\t<figure class=\"wp-caption\">\n\t\t\t\t\t\t\t\t\t\t<img loading=\"lazy\" decoding=\"async\" width=\"768\" height=\"512\" src=\"https:\/\/www.elturistatranquil.com\/wp-content\/uploads\/F86-Cuevas-del-Almanzora-Iglesia-Nuestra-Se\u00f1ora-de-la-Encarnacion-1.jpg\" class=\"attachment-large size-large wp-image-22487\" alt=\"\" srcset=\"https:\/\/www.elturistatranquil.com\/wp-content\/uploads\/F86-Cuevas-del-Almanzora-Iglesia-Nuestra-Se\u00f1ora-de-la-Encarnacion-1.jpg 768w, https:\/\/www.elturistatranquil.com\/wp-content\/uploads\/F86-Cuevas-del-Almanzora-Iglesia-Nuestra-Se\u00f1ora-de-la-Encarnacion-1-339x226.jpg 339w\" sizes=\"(max-width: 768px) 100vw, 768px\" \/>\t\t\t\t\t\t\t\t\t\t\t<figcaption class=\"widget-image-caption wp-caption-text\"><\/figcaption>\n\t\t\t\t\t\t\t\t\t\t<\/figure>\n\t\t\t\t\t\t\t\t\t<\/div>\n\t\t\t\t<\/div>\n\t\t\t\t<div class=\"elementor-element elementor-element-468fb576 elementor-widget elementor-widget-text-editor\" data-id=\"468fb576\" data-element_type=\"widget\" data-e-type=\"widget\" data-widget_type=\"text-editor.default\">\n\t\t\t\t<div class=\"elementor-widget-container\">\n\t\t\t\t\t\t\t\t\t<p>L&#8217;interior, d&#8217;estil barroc \u00e9s de planta de creu llatina, formada per tres naus i deu capelles. La nau central est\u00e0 coberta amb una volta de mig can\u00f3 i una c\u00fapula de mitja taronja sobre el creuer.<\/p>\t\t\t\t\t\t\t\t<\/div>\n\t\t\t\t<\/div>\n\t\t\t\t<div class=\"elementor-element elementor-element-13734582 elementor-widget elementor-widget-image\" data-id=\"13734582\" data-element_type=\"widget\" data-e-type=\"widget\" data-widget_type=\"image.default\">\n\t\t\t\t<div class=\"elementor-widget-container\">\n\t\t\t\t\t\t\t\t\t\t\t\t<figure class=\"wp-caption\">\n\t\t\t\t\t\t\t\t\t\t<img loading=\"lazy\" decoding=\"async\" width=\"768\" height=\"511\" src=\"https:\/\/www.elturistatranquil.com\/wp-content\/uploads\/F87-Cuevas-del-Almanzora-Iglesia-Nuestra-Se\u00f1ora-de-la-Encarnacion-1.jpg\" class=\"attachment-large size-large wp-image-22489\" alt=\"\" srcset=\"https:\/\/www.elturistatranquil.com\/wp-content\/uploads\/F87-Cuevas-del-Almanzora-Iglesia-Nuestra-Se\u00f1ora-de-la-Encarnacion-1.jpg 768w, https:\/\/www.elturistatranquil.com\/wp-content\/uploads\/F87-Cuevas-del-Almanzora-Iglesia-Nuestra-Se\u00f1ora-de-la-Encarnacion-1-339x226.jpg 339w\" sizes=\"(max-width: 768px) 100vw, 768px\" \/>\t\t\t\t\t\t\t\t\t\t\t<figcaption class=\"widget-image-caption wp-caption-text\"><\/figcaption>\n\t\t\t\t\t\t\t\t\t\t<\/figure>\n\t\t\t\t\t\t\t\t\t<\/div>\n\t\t\t\t<\/div>\n\t\t\t\t<div class=\"elementor-element elementor-element-16e9be0f elementor-widget elementor-widget-image\" data-id=\"16e9be0f\" data-element_type=\"widget\" data-e-type=\"widget\" data-widget_type=\"image.default\">\n\t\t\t\t<div class=\"elementor-widget-container\">\n\t\t\t\t\t\t\t\t\t\t\t\t<figure class=\"wp-caption\">\n\t\t\t\t\t\t\t\t\t\t<img loading=\"lazy\" decoding=\"async\" width=\"768\" height=\"512\" src=\"https:\/\/www.elturistatranquil.com\/wp-content\/uploads\/F88-Cuevas-del-Almanzora-Iglesia-Nuestra-Se\u00f1ora-de-la-Encarnacion-1.jpg\" class=\"attachment-large size-large wp-image-22491\" alt=\"\" srcset=\"https:\/\/www.elturistatranquil.com\/wp-content\/uploads\/F88-Cuevas-del-Almanzora-Iglesia-Nuestra-Se\u00f1ora-de-la-Encarnacion-1.jpg 768w, https:\/\/www.elturistatranquil.com\/wp-content\/uploads\/F88-Cuevas-del-Almanzora-Iglesia-Nuestra-Se\u00f1ora-de-la-Encarnacion-1-339x226.jpg 339w\" sizes=\"(max-width: 768px) 100vw, 768px\" \/>\t\t\t\t\t\t\t\t\t\t\t<figcaption class=\"widget-image-caption wp-caption-text\"><\/figcaption>\n\t\t\t\t\t\t\t\t\t\t<\/figure>\n\t\t\t\t\t\t\t\t\t<\/div>\n\t\t\t\t<\/div>\n\t\t\t\t<div class=\"elementor-element elementor-element-758541d7 elementor-widget elementor-widget-text-editor\" data-id=\"758541d7\" data-element_type=\"widget\" data-e-type=\"widget\" data-widget_type=\"text-editor.default\">\n\t\t\t\t<div class=\"elementor-widget-container\">\n\t\t\t\t\t\t\t\t\t<p>L&#8217;absis est\u00e0 cobert per frescos, que es conserven parcialment.<\/p><p>El templet de marbre, jaspi i bronze acull una imatge de Nuestra Se\u00f1ora de la Encarnaci\u00f3n.<\/p>\t\t\t\t\t\t\t\t<\/div>\n\t\t\t\t<\/div>\n\t\t\t\t<div class=\"elementor-element elementor-element-63b56c30 elementor-widget elementor-widget-image\" data-id=\"63b56c30\" data-element_type=\"widget\" data-e-type=\"widget\" data-widget_type=\"image.default\">\n\t\t\t\t<div class=\"elementor-widget-container\">\n\t\t\t\t\t\t\t\t\t\t\t\t<figure class=\"wp-caption\">\n\t\t\t\t\t\t\t\t\t\t<img loading=\"lazy\" decoding=\"async\" width=\"366\" height=\"550\" src=\"https:\/\/www.elturistatranquil.com\/wp-content\/uploads\/F89-Cuevas-del-Almanzora-Iglesia-Nuestra-Se\u00f1ora-de-la-Encarnacion-1.jpg\" class=\"attachment-large size-large wp-image-22493\" alt=\"\" srcset=\"https:\/\/www.elturistatranquil.com\/wp-content\/uploads\/F89-Cuevas-del-Almanzora-Iglesia-Nuestra-Se\u00f1ora-de-la-Encarnacion-1.jpg 366w, https:\/\/www.elturistatranquil.com\/wp-content\/uploads\/F89-Cuevas-del-Almanzora-Iglesia-Nuestra-Se\u00f1ora-de-la-Encarnacion-1-150x226.jpg 150w\" sizes=\"(max-width: 366px) 100vw, 366px\" \/>\t\t\t\t\t\t\t\t\t\t\t<figcaption class=\"widget-image-caption wp-caption-text\"><\/figcaption>\n\t\t\t\t\t\t\t\t\t\t<\/figure>\n\t\t\t\t\t\t\t\t\t<\/div>\n\t\t\t\t<\/div>\n\t\t\t\t<div class=\"elementor-element elementor-element-728da950 elementor-widget elementor-widget-text-editor\" data-id=\"728da950\" data-element_type=\"widget\" data-e-type=\"widget\" data-widget_type=\"text-editor.default\">\n\t\t\t\t<div class=\"elementor-widget-container\">\n\t\t\t\t\t\t\t\t\t<p>El cl\u00e0ssic p\u00falpit barroc, cremat el 1963 i reconstru\u00eft.<\/p>\t\t\t\t\t\t\t\t<\/div>\n\t\t\t\t<\/div>\n\t\t\t\t<div class=\"elementor-element elementor-element-17fb6b97 elementor-widget elementor-widget-image\" data-id=\"17fb6b97\" data-element_type=\"widget\" data-e-type=\"widget\" data-widget_type=\"image.default\">\n\t\t\t\t<div class=\"elementor-widget-container\">\n\t\t\t\t\t\t\t\t\t\t\t\t<figure class=\"wp-caption\">\n\t\t\t\t\t\t\t\t\t\t<img loading=\"lazy\" decoding=\"async\" width=\"498\" height=\"550\" src=\"https:\/\/www.elturistatranquil.com\/wp-content\/uploads\/F90-Cuevas-del-Almanzora-Iglesia-Nuestra-Se\u00f1ora-de-la-Encarnacion-1.jpg\" class=\"attachment-large size-large wp-image-22495\" alt=\"\" srcset=\"https:\/\/www.elturistatranquil.com\/wp-content\/uploads\/F90-Cuevas-del-Almanzora-Iglesia-Nuestra-Se\u00f1ora-de-la-Encarnacion-1.jpg 498w, https:\/\/www.elturistatranquil.com\/wp-content\/uploads\/F90-Cuevas-del-Almanzora-Iglesia-Nuestra-Se\u00f1ora-de-la-Encarnacion-1-205x226.jpg 205w\" sizes=\"(max-width: 498px) 100vw, 498px\" \/>\t\t\t\t\t\t\t\t\t\t\t<figcaption class=\"widget-image-caption wp-caption-text\"><\/figcaption>\n\t\t\t\t\t\t\t\t\t\t<\/figure>\n\t\t\t\t\t\t\t\t\t<\/div>\n\t\t\t\t<\/div>\n\t\t\t\t<div class=\"elementor-element elementor-element-28e38ac3 elementor-widget elementor-widget-text-editor\" data-id=\"28e38ac3\" data-element_type=\"widget\" data-e-type=\"widget\" data-widget_type=\"text-editor.default\">\n\t\t\t\t<div class=\"elementor-widget-container\">\n\t\t\t\t\t\t\t\t\t<p>Els laterals estan ocupats per capelles.<\/p>\t\t\t\t\t\t\t\t<\/div>\n\t\t\t\t<\/div>\n\t\t\t\t<div class=\"elementor-element elementor-element-291b2e0c elementor-widget elementor-widget-image\" data-id=\"291b2e0c\" data-element_type=\"widget\" data-e-type=\"widget\" data-widget_type=\"image.default\">\n\t\t\t\t<div class=\"elementor-widget-container\">\n\t\t\t\t\t\t\t\t\t\t\t\t<figure class=\"wp-caption\">\n\t\t\t\t\t\t\t\t\t\t<img loading=\"lazy\" decoding=\"async\" width=\"768\" height=\"511\" src=\"https:\/\/www.elturistatranquil.com\/wp-content\/uploads\/F91-Cuevas-del-Almanzora-Iglesia-Nuestra-Se\u00f1ora-de-la-Encarnacion-1.jpg\" class=\"attachment-large size-large wp-image-22497\" alt=\"\" srcset=\"https:\/\/www.elturistatranquil.com\/wp-content\/uploads\/F91-Cuevas-del-Almanzora-Iglesia-Nuestra-Se\u00f1ora-de-la-Encarnacion-1.jpg 768w, https:\/\/www.elturistatranquil.com\/wp-content\/uploads\/F91-Cuevas-del-Almanzora-Iglesia-Nuestra-Se\u00f1ora-de-la-Encarnacion-1-339x226.jpg 339w\" sizes=\"(max-width: 768px) 100vw, 768px\" \/>\t\t\t\t\t\t\t\t\t\t\t<figcaption class=\"widget-image-caption wp-caption-text\"><\/figcaption>\n\t\t\t\t\t\t\t\t\t\t<\/figure>\n\t\t\t\t\t\t\t\t\t<\/div>\n\t\t\t\t<\/div>\n\t\t\t\t<div class=\"elementor-element elementor-element-353f31bc elementor-widget elementor-widget-text-editor\" data-id=\"353f31bc\" data-element_type=\"widget\" data-e-type=\"widget\" data-widget_type=\"text-editor.default\">\n\t\t\t\t<div class=\"elementor-widget-container\">\n\t\t\t\t\t\t\t\t\t<p>La riquesa del contingut de l&#8217;Esgl\u00e9sia a partir del segle XIX s&#8217;explica per l&#8217;eclosi\u00f3 de riquesa minera que va viure la Vila a partir de 1838, on diversos particulars van pagar obres i imatges en l&#8217;Esgl\u00e9sia, per\u00f2 sobretot perqu\u00e8 la mina Esperan\u00e7a era propietat dels eclesi\u00e0stics de Cuevas.<\/p><p>Per exemple, el Jes\u00fas Natzar\u00e8, en un retaule neocl\u00e0ssic amb columnes salom\u00f2niques es discuteix si \u00e9s oba de Salzillo, d&#8217;alguna deixeble o de Monta\u00f1\u00e9s.<\/p>\t\t\t\t\t\t\t\t<\/div>\n\t\t\t\t<\/div>\n\t\t\t\t<div class=\"elementor-element elementor-element-9e2a3d6 elementor-widget elementor-widget-image\" data-id=\"9e2a3d6\" data-element_type=\"widget\" data-e-type=\"widget\" data-widget_type=\"image.default\">\n\t\t\t\t<div class=\"elementor-widget-container\">\n\t\t\t\t\t\t\t\t\t\t\t\t<figure class=\"wp-caption\">\n\t\t\t\t\t\t\t\t\t\t<img loading=\"lazy\" decoding=\"async\" width=\"768\" height=\"512\" src=\"https:\/\/www.elturistatranquil.com\/wp-content\/uploads\/F92-Cuevas-del-Almanzora-Iglesia-Nuestra-Se\u00f1ora-de-la-Encarnacion-1-1.jpg\" class=\"attachment-large size-large wp-image-22499\" alt=\"\" srcset=\"https:\/\/www.elturistatranquil.com\/wp-content\/uploads\/F92-Cuevas-del-Almanzora-Iglesia-Nuestra-Se\u00f1ora-de-la-Encarnacion-1-1.jpg 768w, https:\/\/www.elturistatranquil.com\/wp-content\/uploads\/F92-Cuevas-del-Almanzora-Iglesia-Nuestra-Se\u00f1ora-de-la-Encarnacion-1-1-339x226.jpg 339w\" sizes=\"(max-width: 768px) 100vw, 768px\" \/>\t\t\t\t\t\t\t\t\t\t\t<figcaption class=\"widget-image-caption wp-caption-text\"><\/figcaption>\n\t\t\t\t\t\t\t\t\t\t<\/figure>\n\t\t\t\t\t\t\t\t\t<\/div>\n\t\t\t\t<\/div>\n\t\t\t\t<div class=\"elementor-element elementor-element-749713d2 elementor-widget elementor-widget-text-editor\" data-id=\"749713d2\" data-element_type=\"widget\" data-e-type=\"widget\" data-widget_type=\"text-editor.default\">\n\t\t\t\t<div class=\"elementor-widget-container\">\n\t\t\t\t\t\t\t\t\t<p>Capella de la Verge de las Angustias.<\/p>\t\t\t\t\t\t\t\t<\/div>\n\t\t\t\t<\/div>\n\t\t\t\t<div class=\"elementor-element elementor-element-2d6de8ad elementor-widget elementor-widget-menu-anchor\" data-id=\"2d6de8ad\" data-element_type=\"widget\" data-e-type=\"widget\" data-widget_type=\"menu-anchor.default\">\n\t\t\t\t<div class=\"elementor-widget-container\">\n\t\t\t\t\t\t\t<div class=\"elementor-menu-anchor\" id=\"c3717\"><\/div>\n\t\t\t\t\t\t<\/div>\n\t\t\t\t<\/div>\n\t\t\t\t<div class=\"elementor-element elementor-element-4952cbb7 elementor-widget elementor-widget-image\" data-id=\"4952cbb7\" data-element_type=\"widget\" data-e-type=\"widget\" data-widget_type=\"image.default\">\n\t\t\t\t<div class=\"elementor-widget-container\">\n\t\t\t\t\t\t\t\t\t\t\t\t<figure class=\"wp-caption\">\n\t\t\t\t\t\t\t\t\t\t<img loading=\"lazy\" decoding=\"async\" width=\"768\" height=\"511\" src=\"https:\/\/www.elturistatranquil.com\/wp-content\/uploads\/F93-Cuevas-del-Almanzora-Iglesia-Nuestra-Se\u00f1ora-de-la-Encarnacion-1.jpg\" class=\"attachment-large size-large wp-image-22501\" alt=\"\" srcset=\"https:\/\/www.elturistatranquil.com\/wp-content\/uploads\/F93-Cuevas-del-Almanzora-Iglesia-Nuestra-Se\u00f1ora-de-la-Encarnacion-1.jpg 768w, https:\/\/www.elturistatranquil.com\/wp-content\/uploads\/F93-Cuevas-del-Almanzora-Iglesia-Nuestra-Se\u00f1ora-de-la-Encarnacion-1-339x226.jpg 339w\" sizes=\"(max-width: 768px) 100vw, 768px\" \/>\t\t\t\t\t\t\t\t\t\t\t<figcaption class=\"widget-image-caption wp-caption-text\"><\/figcaption>\n\t\t\t\t\t\t\t\t\t\t<\/figure>\n\t\t\t\t\t\t\t\t\t<\/div>\n\t\t\t\t<\/div>\n\t\t\t\t<div class=\"elementor-element elementor-element-11588153 elementor-widget elementor-widget-heading\" data-id=\"11588153\" data-element_type=\"widget\" data-e-type=\"widget\" data-widget_type=\"heading.default\">\n\t\t\t\t<div class=\"elementor-widget-container\">\n\t\t\t\t\t<h3 class=\"elementor-heading-title elementor-size-default\">Museu J.M. \u00c1lvarez de Sotomayor<\/h3>\t\t\t\t<\/div>\n\t\t\t\t<\/div>\n\t\t\t\t<div class=\"elementor-element elementor-element-6904b4d1 elementor-widget elementor-widget-text-editor\" data-id=\"6904b4d1\" data-element_type=\"widget\" data-e-type=\"widget\" data-widget_type=\"text-editor.default\">\n\t\t\t\t<div class=\"elementor-widget-container\">\n\t\t\t\t\t\t\t\t\t<p>El <strong>Museu Jos\u00e9 Mar\u00eda \u00c1lvarez de Sotomayor<\/strong> (<strong>I<\/strong>), est\u00e0 ubicat a la Casa Figueres, al costat de la pla\u00e7a que porta el nom del poeta.<\/p><p>Exposa obres i material que daten dels segles XVIII a XX. Est\u00e0 format per quatre sales d&#8217;exposici\u00f3 permanent en qu\u00e8 es recrea l&#8217;ambient de treball del poeta, amb mobiliari del seu propi despatx, menjador, dormitori i biblioteca. S&#8217;exposen tamb\u00e9 m\u00e9s de 200 obres liter\u00e0ries dels segles XVIII i XIX, que componien la biblioteca personal de Sotomayor, i una s\u00e8rie d&#8217;imatges, gravats i quadres del poeta.<\/p>\t\t\t\t\t\t\t\t<\/div>\n\t\t\t\t<\/div>\n\t\t\t\t<div class=\"elementor-element elementor-element-578d29a9 elementor-widget elementor-widget-image\" data-id=\"578d29a9\" data-element_type=\"widget\" data-e-type=\"widget\" data-widget_type=\"image.default\">\n\t\t\t\t<div class=\"elementor-widget-container\">\n\t\t\t\t\t\t\t\t\t\t\t\t<figure class=\"wp-caption\">\n\t\t\t\t\t\t\t\t\t\t<img loading=\"lazy\" decoding=\"async\" width=\"768\" height=\"511\" src=\"https:\/\/www.elturistatranquil.com\/wp-content\/uploads\/F94-Cuevas-del-Almanzora-Museo-JM-Alvarez-de-Sotomayor-1.jpg\" class=\"attachment-large size-large wp-image-22503\" alt=\"\" srcset=\"https:\/\/www.elturistatranquil.com\/wp-content\/uploads\/F94-Cuevas-del-Almanzora-Museo-JM-Alvarez-de-Sotomayor-1.jpg 768w, https:\/\/www.elturistatranquil.com\/wp-content\/uploads\/F94-Cuevas-del-Almanzora-Museo-JM-Alvarez-de-Sotomayor-1-339x226.jpg 339w\" sizes=\"(max-width: 768px) 100vw, 768px\" \/>\t\t\t\t\t\t\t\t\t\t\t<figcaption class=\"widget-image-caption wp-caption-text\"><\/figcaption>\n\t\t\t\t\t\t\t\t\t\t<\/figure>\n\t\t\t\t\t\t\t\t\t<\/div>\n\t\t\t\t<\/div>\n\t\t\t\t<section class=\"elementor-section elementor-inner-section elementor-element elementor-element-42c5af elementor-section-boxed elementor-section-height-default elementor-section-height-default\" data-id=\"42c5af\" data-element_type=\"section\" data-e-type=\"section\">\n\t\t\t\t\t\t<div class=\"elementor-container elementor-column-gap-default\">\n\t\t\t\t\t<div class=\"elementor-column elementor-col-50 elementor-inner-column elementor-element elementor-element-37f73843\" data-id=\"37f73843\" data-element_type=\"column\" data-e-type=\"column\">\n\t\t\t<div class=\"elementor-widget-wrap elementor-element-populated\">\n\t\t\t\t\t\t<div class=\"elementor-element elementor-element-1d37c94f elementor-widget elementor-widget-image\" data-id=\"1d37c94f\" data-element_type=\"widget\" data-e-type=\"widget\" data-widget_type=\"image.default\">\n\t\t\t\t<div class=\"elementor-widget-container\">\n\t\t\t\t\t\t\t\t\t\t\t\t\t\t\t<img loading=\"lazy\" decoding=\"async\" width=\"366\" height=\"550\" src=\"https:\/\/www.elturistatranquil.com\/wp-content\/uploads\/F95m-Cuevas-del-Almanzora-Museo-JM-Alvarez-de-Sotomayor-1-1.jpg\" class=\"attachment-large size-large wp-image-22505\" alt=\"\" srcset=\"https:\/\/www.elturistatranquil.com\/wp-content\/uploads\/F95m-Cuevas-del-Almanzora-Museo-JM-Alvarez-de-Sotomayor-1-1.jpg 366w, https:\/\/www.elturistatranquil.com\/wp-content\/uploads\/F95m-Cuevas-del-Almanzora-Museo-JM-Alvarez-de-Sotomayor-1-1-150x226.jpg 150w\" sizes=\"(max-width: 366px) 100vw, 366px\" \/>\t\t\t\t\t\t\t\t\t\t\t\t\t\t\t<\/div>\n\t\t\t\t<\/div>\n\t\t\t\t\t<\/div>\n\t\t<\/div>\n\t\t\t\t<div class=\"elementor-column elementor-col-50 elementor-inner-column elementor-element elementor-element-34ef4fb3\" data-id=\"34ef4fb3\" data-element_type=\"column\" data-e-type=\"column\">\n\t\t\t<div class=\"elementor-widget-wrap elementor-element-populated\">\n\t\t\t\t\t\t<div class=\"elementor-element elementor-element-57c257b4 elementor-widget elementor-widget-image\" data-id=\"57c257b4\" data-element_type=\"widget\" data-e-type=\"widget\" data-widget_type=\"image.default\">\n\t\t\t\t<div class=\"elementor-widget-container\">\n\t\t\t\t\t\t\t\t\t\t\t\t\t\t\t<img loading=\"lazy\" decoding=\"async\" width=\"366\" height=\"550\" src=\"https:\/\/www.elturistatranquil.com\/wp-content\/uploads\/F95n-Cuevas-del-Almanzora-Museo-JM-Alvarez-de-Sotomayor-1-1.jpg\" class=\"attachment-large size-large wp-image-22507\" alt=\"\" srcset=\"https:\/\/www.elturistatranquil.com\/wp-content\/uploads\/F95n-Cuevas-del-Almanzora-Museo-JM-Alvarez-de-Sotomayor-1-1.jpg 366w, https:\/\/www.elturistatranquil.com\/wp-content\/uploads\/F95n-Cuevas-del-Almanzora-Museo-JM-Alvarez-de-Sotomayor-1-1-150x226.jpg 150w\" sizes=\"(max-width: 366px) 100vw, 366px\" \/>\t\t\t\t\t\t\t\t\t\t\t\t\t\t\t<\/div>\n\t\t\t\t<\/div>\n\t\t\t\t\t<\/div>\n\t\t<\/div>\n\t\t\t\t\t<\/div>\n\t\t<\/section>\n\t\t\t\t<div class=\"elementor-element elementor-element-5f893fbe elementor-widget elementor-widget-menu-anchor\" data-id=\"5f893fbe\" data-element_type=\"widget\" data-e-type=\"widget\" data-widget_type=\"menu-anchor.default\">\n\t\t\t\t<div class=\"elementor-widget-container\">\n\t\t\t\t\t\t\t<div class=\"elementor-menu-anchor\" id=\"c3718\"><\/div>\n\t\t\t\t\t\t<\/div>\n\t\t\t\t<\/div>\n\t\t\t\t<div class=\"elementor-element elementor-element-23054a3b elementor-widget elementor-widget-text-editor\" data-id=\"23054a3b\" data-element_type=\"widget\" data-e-type=\"widget\" data-widget_type=\"text-editor.default\">\n\t\t\t\t<div class=\"elementor-widget-container\">\n\t\t\t\t\t\t\t\t\t<p>No vaig arribar a visitar-lo.<\/p>\t\t\t\t\t\t\t\t<\/div>\n\t\t\t\t<\/div>\n\t\t\t\t<div class=\"elementor-element elementor-element-3b9c9fc3 elementor-widget elementor-widget-heading\" data-id=\"3b9c9fc3\" data-element_type=\"widget\" data-e-type=\"widget\" data-widget_type=\"heading.default\">\n\t\t\t\t<div class=\"elementor-widget-container\">\n\t\t\t\t\t<h3 class=\"elementor-heading-title elementor-size-default\">Carrers i places<\/h3>\t\t\t\t<\/div>\n\t\t\t\t<\/div>\n\t\t\t\t<div class=\"elementor-element elementor-element-41675dfb elementor-widget elementor-widget-text-editor\" data-id=\"41675dfb\" data-element_type=\"widget\" data-e-type=\"widget\" data-widget_type=\"text-editor.default\">\n\t\t\t\t<div class=\"elementor-widget-container\">\n\t\t\t\t\t\t\t\t\t<p>Al mateix temps que es recorren els punts d&#8217;inter\u00e8s tur\u00edstic, \u00e9s bo anar-fixant en els carrers, on es pot apreciar l&#8217;esperit del lloc.<\/p><p>Es pot anar a la recerca d&#8217;una llibreria on buscar algun llibre que tracti del lloc amb una certa profunditat, que, com passa en la majoria dels casos, o no existeix, o est\u00e0 esgotat, o no es disposa d&#8217;ell en aquest moment. I un es queda amb les ganes de poder aprofundir una mica m\u00e9s en el lloc que s&#8217;acaba de visitar.<\/p>\t\t\t\t\t\t\t\t<\/div>\n\t\t\t\t<\/div>\n\t\t\t\t<div class=\"elementor-element elementor-element-1f934faf elementor-widget elementor-widget-image\" data-id=\"1f934faf\" data-element_type=\"widget\" data-e-type=\"widget\" data-widget_type=\"image.default\">\n\t\t\t\t<div class=\"elementor-widget-container\">\n\t\t\t\t\t\t\t\t\t\t\t\t<figure class=\"wp-caption\">\n\t\t\t\t\t\t\t\t\t\t<img loading=\"lazy\" decoding=\"async\" width=\"768\" height=\"511\" src=\"https:\/\/www.elturistatranquil.com\/wp-content\/uploads\/F96-Cuevas-del-Almanzora-1.jpg\" class=\"attachment-large size-large wp-image-22509\" alt=\"\" srcset=\"https:\/\/www.elturistatranquil.com\/wp-content\/uploads\/F96-Cuevas-del-Almanzora-1.jpg 768w, https:\/\/www.elturistatranquil.com\/wp-content\/uploads\/F96-Cuevas-del-Almanzora-1-339x226.jpg 339w\" sizes=\"(max-width: 768px) 100vw, 768px\" \/>\t\t\t\t\t\t\t\t\t\t\t<figcaption class=\"widget-image-caption wp-caption-text\">Carrer El Pilar<\/figcaption>\n\t\t\t\t\t\t\t\t\t\t<\/figure>\n\t\t\t\t\t\t\t\t\t<\/div>\n\t\t\t\t<\/div>\n\t\t\t\t<div class=\"elementor-element elementor-element-4f67ea15 elementor-widget elementor-widget-image\" data-id=\"4f67ea15\" data-element_type=\"widget\" data-e-type=\"widget\" data-widget_type=\"image.default\">\n\t\t\t\t<div class=\"elementor-widget-container\">\n\t\t\t\t\t\t\t\t\t\t\t\t<figure class=\"wp-caption\">\n\t\t\t\t\t\t\t\t\t\t<img loading=\"lazy\" decoding=\"async\" width=\"768\" height=\"511\" src=\"https:\/\/www.elturistatranquil.com\/wp-content\/uploads\/F97-Cuevas-del-Almanzora-1.jpg\" class=\"attachment-large size-large wp-image-22511\" alt=\"\" srcset=\"https:\/\/www.elturistatranquil.com\/wp-content\/uploads\/F97-Cuevas-del-Almanzora-1.jpg 768w, https:\/\/www.elturistatranquil.com\/wp-content\/uploads\/F97-Cuevas-del-Almanzora-1-339x226.jpg 339w\" sizes=\"(max-width: 768px) 100vw, 768px\" \/>\t\t\t\t\t\t\t\t\t\t\t<figcaption class=\"widget-image-caption wp-caption-text\">Pla\u00e7a P. \u00c1lvarez de Sotomayor<\/figcaption>\n\t\t\t\t\t\t\t\t\t\t<\/figure>\n\t\t\t\t\t\t\t\t\t<\/div>\n\t\t\t\t<\/div>\n\t\t\t\t<div class=\"elementor-element elementor-element-3bc2bc95 elementor-widget elementor-widget-image\" data-id=\"3bc2bc95\" data-element_type=\"widget\" data-e-type=\"widget\" data-widget_type=\"image.default\">\n\t\t\t\t<div class=\"elementor-widget-container\">\n\t\t\t\t\t\t\t\t\t\t\t\t<figure class=\"wp-caption\">\n\t\t\t\t\t\t\t\t\t\t<img loading=\"lazy\" decoding=\"async\" width=\"768\" height=\"511\" src=\"https:\/\/www.elturistatranquil.com\/wp-content\/uploads\/F98-Cuevas-del-Almanzora-1.jpg\" class=\"attachment-large size-large wp-image-22513\" alt=\"\" srcset=\"https:\/\/www.elturistatranquil.com\/wp-content\/uploads\/F98-Cuevas-del-Almanzora-1.jpg 768w, https:\/\/www.elturistatranquil.com\/wp-content\/uploads\/F98-Cuevas-del-Almanzora-1-339x226.jpg 339w\" sizes=\"(max-width: 768px) 100vw, 768px\" \/>\t\t\t\t\t\t\t\t\t\t\t<figcaption class=\"widget-image-caption wp-caption-text\">Carrer Rambla<\/figcaption>\n\t\t\t\t\t\t\t\t\t\t<\/figure>\n\t\t\t\t\t\t\t\t\t<\/div>\n\t\t\t\t<\/div>\n\t\t\t\t<div class=\"elementor-element elementor-element-4deee8c3 elementor-widget elementor-widget-menu-anchor\" data-id=\"4deee8c3\" data-element_type=\"widget\" data-e-type=\"widget\" data-widget_type=\"menu-anchor.default\">\n\t\t\t\t<div class=\"elementor-widget-container\">\n\t\t\t\t\t\t\t<div class=\"elementor-menu-anchor\" id=\"c3719\"><\/div>\n\t\t\t\t\t\t<\/div>\n\t\t\t\t<\/div>\n\t\t\t\t<div class=\"elementor-element elementor-element-450031f0 elementor-widget elementor-widget-image\" data-id=\"450031f0\" data-element_type=\"widget\" data-e-type=\"widget\" data-widget_type=\"image.default\">\n\t\t\t\t<div class=\"elementor-widget-container\">\n\t\t\t\t\t\t\t\t\t\t\t\t<figure class=\"wp-caption\">\n\t\t\t\t\t\t\t\t\t\t<img loading=\"lazy\" decoding=\"async\" width=\"366\" height=\"550\" src=\"https:\/\/www.elturistatranquil.com\/wp-content\/uploads\/F99-Cuevas-del-Almanzora-1.jpg\" class=\"attachment-large size-large wp-image-22515\" alt=\"\" srcset=\"https:\/\/www.elturistatranquil.com\/wp-content\/uploads\/F99-Cuevas-del-Almanzora-1.jpg 366w, https:\/\/www.elturistatranquil.com\/wp-content\/uploads\/F99-Cuevas-del-Almanzora-1-150x226.jpg 150w\" sizes=\"(max-width: 366px) 100vw, 366px\" \/>\t\t\t\t\t\t\t\t\t\t\t<figcaption class=\"widget-image-caption wp-caption-text\"><\/figcaption>\n\t\t\t\t\t\t\t\t\t\t<\/figure>\n\t\t\t\t\t\t\t\t\t<\/div>\n\t\t\t\t<\/div>\n\t\t\t\t<div class=\"elementor-element elementor-element-3f65d246 elementor-widget elementor-widget-heading\" data-id=\"3f65d246\" data-element_type=\"widget\" data-e-type=\"widget\" data-widget_type=\"heading.default\">\n\t\t\t\t<div class=\"elementor-widget-container\">\n\t\t\t\t\t<h3 class=\"elementor-heading-title elementor-size-default\">L'entorn i les coves<\/h3>\t\t\t\t<\/div>\n\t\t\t\t<\/div>\n\t\t\t\t<div class=\"elementor-element elementor-element-5c8ea452 elementor-widget elementor-widget-text-editor\" data-id=\"5c8ea452\" data-element_type=\"widget\" data-e-type=\"widget\" data-widget_type=\"text-editor.default\">\n\t\t\t\t<div class=\"elementor-widget-container\">\n\t\t\t\t\t\t\t\t\t<p>Per finalitzar, recollir un exemple de l&#8217;entorn i de coves que poden apreciar-se des dels alts de Cuevas del Almanzora, i que justifiquen el seu nom.<\/p>\t\t\t\t\t\t\t\t<\/div>\n\t\t\t\t<\/div>\n\t\t\t\t<div class=\"elementor-element elementor-element-85e1fdb elementor-widget elementor-widget-image\" data-id=\"85e1fdb\" data-element_type=\"widget\" data-e-type=\"widget\" data-widget_type=\"image.default\">\n\t\t\t\t<div class=\"elementor-widget-container\">\n\t\t\t\t\t\t\t\t\t\t\t\t<figure class=\"wp-caption\">\n\t\t\t\t\t\t\t\t\t\t<img loading=\"lazy\" decoding=\"async\" width=\"768\" height=\"511\" src=\"https:\/\/www.elturistatranquil.com\/wp-content\/uploads\/F100-Cuevas-del-Almanzora-1.jpg\" class=\"attachment-large size-large wp-image-22517\" alt=\"\" srcset=\"https:\/\/www.elturistatranquil.com\/wp-content\/uploads\/F100-Cuevas-del-Almanzora-1.jpg 768w, https:\/\/www.elturistatranquil.com\/wp-content\/uploads\/F100-Cuevas-del-Almanzora-1-339x226.jpg 339w\" sizes=\"(max-width: 768px) 100vw, 768px\" \/>\t\t\t\t\t\t\t\t\t\t\t<figcaption class=\"widget-image-caption wp-caption-text\"><\/figcaption>\n\t\t\t\t\t\t\t\t\t\t<\/figure>\n\t\t\t\t\t\t\t\t\t<\/div>\n\t\t\t\t<\/div>\n\t\t\t\t<div class=\"elementor-element elementor-element-5dce33a8 elementor-widget elementor-widget-menu-anchor\" data-id=\"5dce33a8\" data-element_type=\"widget\" data-e-type=\"widget\" data-widget_type=\"menu-anchor.default\">\n\t\t\t\t<div class=\"elementor-widget-container\">\n\t\t\t\t\t\t\t<div class=\"elementor-menu-anchor\" id=\"c3720\"><\/div>\n\t\t\t\t\t\t<\/div>\n\t\t\t\t<\/div>\n\t\t\t\t<div class=\"elementor-element elementor-element-394fc255 elementor-widget elementor-widget-image\" data-id=\"394fc255\" data-element_type=\"widget\" data-e-type=\"widget\" data-widget_type=\"image.default\">\n\t\t\t\t<div class=\"elementor-widget-container\">\n\t\t\t\t\t\t\t\t\t\t\t\t<figure class=\"wp-caption\">\n\t\t\t\t\t\t\t\t\t\t<img loading=\"lazy\" decoding=\"async\" width=\"768\" height=\"511\" src=\"https:\/\/www.elturistatranquil.com\/wp-content\/uploads\/F101-Cuevas-del-Almanzora-1.jpg\" class=\"attachment-large size-large wp-image-22519\" alt=\"\" srcset=\"https:\/\/www.elturistatranquil.com\/wp-content\/uploads\/F101-Cuevas-del-Almanzora-1.jpg 768w, https:\/\/www.elturistatranquil.com\/wp-content\/uploads\/F101-Cuevas-del-Almanzora-1-339x226.jpg 339w\" sizes=\"(max-width: 768px) 100vw, 768px\" \/>\t\t\t\t\t\t\t\t\t\t\t<figcaption class=\"widget-image-caption wp-caption-text\"><\/figcaption>\n\t\t\t\t\t\t\t\t\t\t<\/figure>\n\t\t\t\t\t\t\t\t\t<\/div>\n\t\t\t\t<\/div>\n\t\t\t\t<div class=\"elementor-element elementor-element-5169f2fd elementor-widget elementor-widget-heading\" data-id=\"5169f2fd\" data-element_type=\"widget\" data-e-type=\"widget\" data-widget_type=\"heading.default\">\n\t\t\t\t<div class=\"elementor-widget-container\">\n\t\t\t\t\t<h2 class=\"elementor-heading-title elementor-size-default\">Fi de la visita<\/h2>\t\t\t\t<\/div>\n\t\t\t\t<\/div>\n\t\t\t\t<div class=\"elementor-element elementor-element-cd2da93 elementor-widget elementor-widget-menu-anchor\" data-id=\"cd2da93\" data-element_type=\"widget\" data-e-type=\"widget\" data-widget_type=\"menu-anchor.default\">\n\t\t\t\t<div class=\"elementor-widget-container\">\n\t\t\t\t\t\t\t<div class=\"elementor-menu-anchor\" id=\"c3721\"><\/div>\n\t\t\t\t\t\t<\/div>\n\t\t\t\t<\/div>\n\t\t\t\t<div class=\"elementor-element elementor-element-5e47ad64 elementor-widget elementor-widget-text-editor\" data-id=\"5e47ad64\" data-element_type=\"widget\" data-e-type=\"widget\" data-widget_type=\"text-editor.default\">\n\t\t\t\t<div class=\"elementor-widget-container\">\n\t\t\t\t\t\t\t\t\t<p>Visitar Cuevas del Almanzora ha estat molt interessant.<\/p><p>Em quedo amb el pesar de no haver visitat el jaciment arg\u00e0ric de &#8220;El \u00c1lamo&#8221;, la necr\u00f2polis fen\u00edcia o les ru\u00efnes de Baria a Villaricos.<\/p><p>Un comentari al fil que he apuntat a l&#8217;apartat anterior sobre publicacions informatives. Deu ser per que es llegeix poc, i es compra menys, per\u00f2 a les Oficines de Turisme estaria b\u00e9, al meu parer, que disposessin de la m\u00e0xima oferta de publicacions sobre cada lloc que els pertoca. Tampoc seria una gran inversi\u00f3 tenir un fons de dos o tres exemplars de cada publicaci\u00f3, si n&#8217;hi ha. Hi ha excepcions, \u00e9s clar, per\u00f2 escasses segons la meva experi\u00e8ncia.<\/p><p>Tamb\u00e9 podria ser interessant que, de no existir, motivin a algun escriptor local a redactar una monografia, no gaire extensa, per\u00f2 ben informada sobre cada lloc, la seva geografia, la seva hist\u00f2ria, la evoluci\u00f3 de la morfologia urbana, la seva base econ\u00f2mica, els trets i monuments destacats i significatius, etc. I despr\u00e9s, donar publicitat sobre la seva exist\u00e8ncia en cada oficina, perqu\u00e8 fos suggestiva la seva compra pels innombrables visitants que ens acostem a la recerca del pla gratu\u00eft i de la informaci\u00f3 verbal, gaireb\u00e9 sempre oferta amb amabilitat i entusiasme, a m\u00e9s de preguntar-nos d&#8217;on venim.<\/p>\t\t\t\t\t\t\t\t<\/div>\n\t\t\t\t<\/div>\n\t\t\t\t<div class=\"elementor-element elementor-element-73bb0642 elementor-widget elementor-widget-heading\" data-id=\"73bb0642\" data-element_type=\"widget\" data-e-type=\"widget\" data-widget_type=\"heading.default\">\n\t\t\t\t<div class=\"elementor-widget-container\">\n\t\t\t\t\t<h2 class=\"elementor-heading-title elementor-size-default\">Bases d\u2019informaci\u00f3<\/h2>\t\t\t\t<\/div>\n\t\t\t\t<\/div>\n\t\t\t\t<div class=\"elementor-element elementor-element-119cf1a7 elementor-widget elementor-widget-text-editor\" data-id=\"119cf1a7\" data-element_type=\"widget\" data-e-type=\"widget\" data-widget_type=\"text-editor.default\">\n\t\t\t\t<div class=\"elementor-widget-container\">\n\t\t\t\t\t\t\t\t\t<p><strong>Webs<\/strong><\/p><p><a href=\"http:\/\/www.turismo.cuevasdelalmanzora.es\/Servicios\/cmsdipro\/index.nsf\/informacion.xsp?p=CuevasdeAlmanzora-Turismo&amp;documentId=6D620B4E0EF0D079C1257F3B00339199\" target=\"_blank\" rel=\"noopener\">ayuntamiento<\/a><\/p><p><a href=\"https:\/\/es.wikipedia.org\/wiki\/Cuevas_del_Almanzora\" target=\"_blank\" rel=\"noopener\">wikipedia<\/a><\/p><p><a href=\"https:\/\/espanafascinante.com\/lugar-para-visitar\/que-ver-en-andalucia\/que-ver-en-almeria\/que-ver-en-cuevas-del-almanzora\/#1495189933621-e39060b2-110cfd17-1478\" target=\"_blank\" rel=\"noopener\">espa\u00f1afascinante<\/a><\/p><p><a href=\"http:\/\/www.andalucia.org\/es\/destinos\/provincias\/almeria\/municipios\/cuevas-del-almanzora\/\" target=\"_blank\" rel=\"noopener\">andaluciaorg<\/a><\/p>\t\t\t\t\t\t\t\t<\/div>\n\t\t\t\t<\/div>\n\t\t\t\t<div class=\"elementor-element elementor-element-57bf000a elementor-widget elementor-widget-text-editor\" data-id=\"57bf000a\" data-element_type=\"widget\" data-e-type=\"widget\" data-widget_type=\"text-editor.default\">\n\t\t\t\t<div class=\"elementor-widget-container\">\n\t\t\t\t\t\t\t\t\t<p><strong>Webs academic<\/strong><\/p><p>J.M.R. L\u00f3pez, L.C. Barrionuevo, <a href=\"https:\/\/dialnet.unirioja.es\/descarga\/articulo\/81758.pdf\" target=\"_blank\" rel=\"noopener\"><em>Introducci\u00f3n al estudio de las cuevas artificiales medievales de la provincia de Almer\u00eda<\/em><\/a><\/p><p>J.G. Latorre, <em>R<a href=\"https:\/\/dialnet.unirioja.es\/descarga\/articulo\/994408.pdf\" target=\"_blank\" rel=\"noopener\">epoblaci\u00f3n y frontera como factores de sociog\u00e9nesis<\/a><\/em><\/p><p>E.Fern\u00e1ndez Bolea, <a href=\"http:\/\/ojs.ual.es\/ojs\/index.php\/ESPIRAL\/article\/viewFile\/887\/806\" target=\"_blank\" rel=\"noopener\"><em>G\u00e9nesis y desarrollo de una burgues\u00eda local: El caso de Cuevas del Almanzora durante el siglo XIX<\/em><\/a><\/p>\t\t\t\t\t\t\t\t<\/div>\n\t\t\t\t<\/div>\n\t\t\t\t<div class=\"elementor-element elementor-element-2349996f elementor-widget elementor-widget-text-editor\" data-id=\"2349996f\" data-element_type=\"widget\" data-e-type=\"widget\" data-widget_type=\"text-editor.default\">\n\t\t\t\t<div class=\"elementor-widget-container\">\n\t\t\t\t\t\t\t\t\t<p>Enlla\u00e7 amb el\u00a0<em>Post<\/em>:\u00a0<strong><a href=\"https:\/\/www.elturistatranquil.com\/ca\/casona-granado-allojament-boutique-levante-almeriense\/\" target=\"_blank\" rel=\"noopener\">Casona Granado, Allojament boutique. Levante Almeriense<\/a><\/strong><\/p><p>\u00a0<\/p><p style=\"text-align: right;\">\u00a0<\/p>\t\t\t\t\t\t\t\t<\/div>\n\t\t\t\t<\/div>\n\t\t\t\t\t<\/div>\n\t\t<\/div>\n\t\t\t\t\t<\/div>\n\t\t<\/section>\n\t\t\t\t<\/div>\n\t\t","protected":false},"excerpt":{"rendered":"<p>Cuevas del Almanzora, en el Levante Almeriense, en la seva configuraci\u00f3 actual \u00e9s producte del senyoriu dels V\u00e9lez, amb el seu castell del segle XVI i altres obres que van &#8230; <a title=\"Cuevas del Almanzora (Almer\u00eda)\" class=\"read-more\" href=\"https:\/\/www.elturistatranquil.com\/ca\/cuevas-del-almanzora-almeria\/\" aria-label=\"M\u00e9s informaci\u00f3 sobre Cuevas del Almanzora (Almer\u00eda)\">[ &#8230; ]<\/a><\/p>\n","protected":false},"author":1,"featured_media":22237,"comment_status":"open","ping_status":"closed","sticky":false,"template":"","format":"standard","meta":{"footnotes":""},"categories":[178,70,71,72,74,75,78,79,145,81,82,83,86,92,172,100,96,97,101,139,106,110],"tags":[],"class_list":["post-22305","post","type-post","status-publish","format-standard","has-post-thumbnail","hentry","category-almeria-ca","category-arquitectura-civil-ca","category-arquitectura-popular-ca","category-arquitectura-religiosa-ca","category-barroc","category-castells","category-cultura-rural-ca","category-cultura-urbana-ca","category-edat-mitjana","category-etnografia-ca","category-gotic","category-historia-ca","category-islamic","category-museus","category-neoclassic","category-pobles-i-ciutats-amb-interes","category-prehistoric","category-preroma","category-renaixement","category-segle-xvi-xvii","category-segle-xviii-xix","category-vila","infinite-scroll-item","generate-columns","tablet-grid-50","mobile-grid-100","grid-parent","grid-50","no-featured-image-padding"],"yoast_head":"<!-- This site is optimized with the Yoast SEO plugin v27.4 - https:\/\/yoast.com\/product\/yoast-seo-wordpress\/ -->\n<title>Cuevas del Almanzora (Almer\u00eda) - El turista tranquil<\/title>\n<meta name=\"description\" content=\"Cuevas del Almanzora, en el Levante Almeriense, en la seva configuraci\u00f3 actual \u00e9s producte del senyoriu dels V\u00e9lez, amb el seu castell del segle XVI i altres obres que van promoure, i la burgesia del segle XIX basada en la mineria, sense oblidar les seves coves-habitatge.\" \/>\n<meta name=\"robots\" content=\"index, follow, max-snippet:-1, max-image-preview:large, max-video-preview:-1\" \/>\n<link rel=\"canonical\" href=\"https:\/\/www.elturistatranquil.com\/ca\/cuevas-del-almanzora-almeria\/\" \/>\n<meta property=\"og:locale\" content=\"ca_ES\" \/>\n<meta property=\"og:type\" content=\"article\" \/>\n<meta property=\"og:title\" content=\"Cuevas del Almanzora (Almer\u00eda) - El turista tranquil\" \/>\n<meta property=\"og:description\" content=\"Cuevas del Almanzora, en el Levante Almeriense, en la seva configuraci\u00f3 actual \u00e9s producte del senyoriu dels V\u00e9lez, amb el seu castell del segle XVI i altres obres que van promoure, i la burgesia del segle XIX basada en la mineria, sense oblidar les seves coves-habitatge.\" \/>\n<meta property=\"og:url\" content=\"https:\/\/www.elturistatranquil.com\/ca\/cuevas-del-almanzora-almeria\/\" \/>\n<meta property=\"og:site_name\" content=\"El turista tranquil\" \/>\n<meta property=\"article:publisher\" content=\"https:\/\/www.facebook.com\/elturistatranquilo\/\" \/>\n<meta property=\"article:published_time\" content=\"2019-09-10T15:58:40+00:00\" \/>\n<meta property=\"article:modified_time\" content=\"2025-08-04T17:34:17+00:00\" \/>\n<meta property=\"og:image\" content=\"https:\/\/www.elturistatranquil.com\/wp-content\/uploads\/F77-Cuevas-del-Almanzora-Ayuntamiento.jpg\" \/>\n\t<meta property=\"og:image:width\" content=\"768\" \/>\n\t<meta property=\"og:image:height\" content=\"511\" \/>\n\t<meta property=\"og:image:type\" content=\"image\/jpeg\" \/>\n<meta name=\"author\" content=\"admin\" \/>\n<meta name=\"twitter:card\" content=\"summary_large_image\" \/>\n<meta name=\"twitter:label1\" content=\"Escrit per\" \/>\n\t<meta name=\"twitter:data1\" content=\"admin\" \/>\n\t<meta name=\"twitter:label2\" content=\"Temps estimat de lectura\" \/>\n\t<meta name=\"twitter:data2\" content=\"17 minuts\" \/>\n<script type=\"application\/ld+json\" class=\"yoast-schema-graph\">{\"@context\":\"https:\\\/\\\/schema.org\",\"@graph\":[{\"@type\":\"Article\",\"@id\":\"https:\\\/\\\/www.elturistatranquil.com\\\/ca\\\/cuevas-del-almanzora-almeria\\\/#article\",\"isPartOf\":{\"@id\":\"https:\\\/\\\/www.elturistatranquil.com\\\/ca\\\/cuevas-del-almanzora-almeria\\\/\"},\"author\":{\"name\":\"admin\",\"@id\":\"https:\\\/\\\/www.elturistatranquil.com\\\/ca\\\/#\\\/schema\\\/person\\\/16f607c3079b96ed0c530a52e6b58bb5\"},\"headline\":\"Cuevas del Almanzora (Almer\u00eda)\",\"datePublished\":\"2019-09-10T15:58:40+00:00\",\"dateModified\":\"2025-08-04T17:34:17+00:00\",\"mainEntityOfPage\":{\"@id\":\"https:\\\/\\\/www.elturistatranquil.com\\\/ca\\\/cuevas-del-almanzora-almeria\\\/\"},\"wordCount\":3557,\"commentCount\":0,\"image\":{\"@id\":\"https:\\\/\\\/www.elturistatranquil.com\\\/ca\\\/cuevas-del-almanzora-almeria\\\/#primaryimage\"},\"thumbnailUrl\":\"https:\\\/\\\/www.elturistatranquil.com\\\/wp-content\\\/uploads\\\/F77-Cuevas-del-Almanzora-Ayuntamiento.jpg\",\"articleSection\":[\"Almeria\",\"Arquitectura civil\",\"Arquitectura popular\",\"Arquitectura religiosa\",\"Barroc\",\"Castells, Muralles\",\"Cultura rural\",\"Cultura urbana\",\"Edat mitjana\",\"Etnografia\",\"G\u00f2tic\",\"Hist\u00f2ria\",\"Isl\u00e0mic\",\"Museus\",\"Neocl\u00e0ssic, Romanticisme\",\"Pobles i ciutats amb inter\u00e9s\",\"Prehist\u00f2ric\",\"Prerom\u00e0\",\"Renaixement\",\"Segle XVI-XVII\",\"Segle XVIII-XIX\",\"Vila\"],\"inLanguage\":\"ca\",\"potentialAction\":[{\"@type\":\"CommentAction\",\"name\":\"Comment\",\"target\":[\"https:\\\/\\\/www.elturistatranquil.com\\\/ca\\\/cuevas-del-almanzora-almeria\\\/#respond\"]}]},{\"@type\":\"WebPage\",\"@id\":\"https:\\\/\\\/www.elturistatranquil.com\\\/ca\\\/cuevas-del-almanzora-almeria\\\/\",\"url\":\"https:\\\/\\\/www.elturistatranquil.com\\\/ca\\\/cuevas-del-almanzora-almeria\\\/\",\"name\":\"Cuevas del Almanzora (Almer\u00eda) - El turista tranquil\",\"isPartOf\":{\"@id\":\"https:\\\/\\\/www.elturistatranquil.com\\\/ca\\\/#website\"},\"primaryImageOfPage\":{\"@id\":\"https:\\\/\\\/www.elturistatranquil.com\\\/ca\\\/cuevas-del-almanzora-almeria\\\/#primaryimage\"},\"image\":{\"@id\":\"https:\\\/\\\/www.elturistatranquil.com\\\/ca\\\/cuevas-del-almanzora-almeria\\\/#primaryimage\"},\"thumbnailUrl\":\"https:\\\/\\\/www.elturistatranquil.com\\\/wp-content\\\/uploads\\\/F77-Cuevas-del-Almanzora-Ayuntamiento.jpg\",\"datePublished\":\"2019-09-10T15:58:40+00:00\",\"dateModified\":\"2025-08-04T17:34:17+00:00\",\"author\":{\"@id\":\"https:\\\/\\\/www.elturistatranquil.com\\\/ca\\\/#\\\/schema\\\/person\\\/16f607c3079b96ed0c530a52e6b58bb5\"},\"description\":\"Cuevas del Almanzora, en el Levante Almeriense, en la seva configuraci\u00f3 actual \u00e9s producte del senyoriu dels V\u00e9lez, amb el seu castell del segle XVI i altres obres que van promoure, i la burgesia del segle XIX basada en la mineria, sense oblidar les seves coves-habitatge.\",\"breadcrumb\":{\"@id\":\"https:\\\/\\\/www.elturistatranquil.com\\\/ca\\\/cuevas-del-almanzora-almeria\\\/#breadcrumb\"},\"inLanguage\":\"ca\",\"potentialAction\":[{\"@type\":\"ReadAction\",\"target\":[\"https:\\\/\\\/www.elturistatranquil.com\\\/ca\\\/cuevas-del-almanzora-almeria\\\/\"]}]},{\"@type\":\"ImageObject\",\"inLanguage\":\"ca\",\"@id\":\"https:\\\/\\\/www.elturistatranquil.com\\\/ca\\\/cuevas-del-almanzora-almeria\\\/#primaryimage\",\"url\":\"https:\\\/\\\/www.elturistatranquil.com\\\/wp-content\\\/uploads\\\/F77-Cuevas-del-Almanzora-Ayuntamiento.jpg\",\"contentUrl\":\"https:\\\/\\\/www.elturistatranquil.com\\\/wp-content\\\/uploads\\\/F77-Cuevas-del-Almanzora-Ayuntamiento.jpg\",\"width\":768,\"height\":511,\"caption\":\"Cuevas del Almanzora Ayuntamiento\"},{\"@type\":\"BreadcrumbList\",\"@id\":\"https:\\\/\\\/www.elturistatranquil.com\\\/ca\\\/cuevas-del-almanzora-almeria\\\/#breadcrumb\",\"itemListElement\":[{\"@type\":\"ListItem\",\"position\":1,\"name\":\"Portada\",\"item\":\"https:\\\/\\\/www.elturistatranquil.com\\\/ca\\\/\"},{\"@type\":\"ListItem\",\"position\":2,\"name\":\"Cuevas del Almanzora (Almer\u00eda)\"}]},{\"@type\":\"WebSite\",\"@id\":\"https:\\\/\\\/www.elturistatranquil.com\\\/ca\\\/#website\",\"url\":\"https:\\\/\\\/www.elturistatranquil.com\\\/ca\\\/\",\"name\":\"El turista tranquil\",\"description\":\"Blog de viatges\",\"potentialAction\":[{\"@type\":\"SearchAction\",\"target\":{\"@type\":\"EntryPoint\",\"urlTemplate\":\"https:\\\/\\\/www.elturistatranquil.com\\\/ca\\\/?s={search_term_string}\"},\"query-input\":{\"@type\":\"PropertyValueSpecification\",\"valueRequired\":true,\"valueName\":\"search_term_string\"}}],\"inLanguage\":\"ca\"},{\"@type\":\"Person\",\"@id\":\"https:\\\/\\\/www.elturistatranquil.com\\\/ca\\\/#\\\/schema\\\/person\\\/16f607c3079b96ed0c530a52e6b58bb5\",\"name\":\"admin\",\"image\":{\"@type\":\"ImageObject\",\"inLanguage\":\"ca\",\"@id\":\"https:\\\/\\\/secure.gravatar.com\\\/avatar\\\/1fbaf22aee75fcbb29a2f97b107f95d25d3a19b7c3416105be10269872673e8d?s=96&d=mm&r=g\",\"url\":\"https:\\\/\\\/secure.gravatar.com\\\/avatar\\\/1fbaf22aee75fcbb29a2f97b107f95d25d3a19b7c3416105be10269872673e8d?s=96&d=mm&r=g\",\"contentUrl\":\"https:\\\/\\\/secure.gravatar.com\\\/avatar\\\/1fbaf22aee75fcbb29a2f97b107f95d25d3a19b7c3416105be10269872673e8d?s=96&d=mm&r=g\",\"caption\":\"admin\"}}]}<\/script>\n<!-- \/ Yoast SEO plugin. -->","yoast_head_json":{"title":"Cuevas del Almanzora (Almer\u00eda) - El turista tranquil","description":"Cuevas del Almanzora, en el Levante Almeriense, en la seva configuraci\u00f3 actual \u00e9s producte del senyoriu dels V\u00e9lez, amb el seu castell del segle XVI i altres obres que van promoure, i la burgesia del segle XIX basada en la mineria, sense oblidar les seves coves-habitatge.","robots":{"index":"index","follow":"follow","max-snippet":"max-snippet:-1","max-image-preview":"max-image-preview:large","max-video-preview":"max-video-preview:-1"},"canonical":"https:\/\/www.elturistatranquil.com\/ca\/cuevas-del-almanzora-almeria\/","og_locale":"ca_ES","og_type":"article","og_title":"Cuevas del Almanzora (Almer\u00eda) - El turista tranquil","og_description":"Cuevas del Almanzora, en el Levante Almeriense, en la seva configuraci\u00f3 actual \u00e9s producte del senyoriu dels V\u00e9lez, amb el seu castell del segle XVI i altres obres que van promoure, i la burgesia del segle XIX basada en la mineria, sense oblidar les seves coves-habitatge.","og_url":"https:\/\/www.elturistatranquil.com\/ca\/cuevas-del-almanzora-almeria\/","og_site_name":"El turista tranquil","article_publisher":"https:\/\/www.facebook.com\/elturistatranquilo\/","article_published_time":"2019-09-10T15:58:40+00:00","article_modified_time":"2025-08-04T17:34:17+00:00","og_image":[{"width":768,"height":511,"url":"https:\/\/www.elturistatranquil.com\/wp-content\/uploads\/F77-Cuevas-del-Almanzora-Ayuntamiento.jpg","type":"image\/jpeg"}],"author":"admin","twitter_card":"summary_large_image","twitter_misc":{"Escrit per":"admin","Temps estimat de lectura":"17 minuts"},"schema":{"@context":"https:\/\/schema.org","@graph":[{"@type":"Article","@id":"https:\/\/www.elturistatranquil.com\/ca\/cuevas-del-almanzora-almeria\/#article","isPartOf":{"@id":"https:\/\/www.elturistatranquil.com\/ca\/cuevas-del-almanzora-almeria\/"},"author":{"name":"admin","@id":"https:\/\/www.elturistatranquil.com\/ca\/#\/schema\/person\/16f607c3079b96ed0c530a52e6b58bb5"},"headline":"Cuevas del Almanzora (Almer\u00eda)","datePublished":"2019-09-10T15:58:40+00:00","dateModified":"2025-08-04T17:34:17+00:00","mainEntityOfPage":{"@id":"https:\/\/www.elturistatranquil.com\/ca\/cuevas-del-almanzora-almeria\/"},"wordCount":3557,"commentCount":0,"image":{"@id":"https:\/\/www.elturistatranquil.com\/ca\/cuevas-del-almanzora-almeria\/#primaryimage"},"thumbnailUrl":"https:\/\/www.elturistatranquil.com\/wp-content\/uploads\/F77-Cuevas-del-Almanzora-Ayuntamiento.jpg","articleSection":["Almeria","Arquitectura civil","Arquitectura popular","Arquitectura religiosa","Barroc","Castells, Muralles","Cultura rural","Cultura urbana","Edat mitjana","Etnografia","G\u00f2tic","Hist\u00f2ria","Isl\u00e0mic","Museus","Neocl\u00e0ssic, Romanticisme","Pobles i ciutats amb inter\u00e9s","Prehist\u00f2ric","Prerom\u00e0","Renaixement","Segle XVI-XVII","Segle XVIII-XIX","Vila"],"inLanguage":"ca","potentialAction":[{"@type":"CommentAction","name":"Comment","target":["https:\/\/www.elturistatranquil.com\/ca\/cuevas-del-almanzora-almeria\/#respond"]}]},{"@type":"WebPage","@id":"https:\/\/www.elturistatranquil.com\/ca\/cuevas-del-almanzora-almeria\/","url":"https:\/\/www.elturistatranquil.com\/ca\/cuevas-del-almanzora-almeria\/","name":"Cuevas del Almanzora (Almer\u00eda) - El turista tranquil","isPartOf":{"@id":"https:\/\/www.elturistatranquil.com\/ca\/#website"},"primaryImageOfPage":{"@id":"https:\/\/www.elturistatranquil.com\/ca\/cuevas-del-almanzora-almeria\/#primaryimage"},"image":{"@id":"https:\/\/www.elturistatranquil.com\/ca\/cuevas-del-almanzora-almeria\/#primaryimage"},"thumbnailUrl":"https:\/\/www.elturistatranquil.com\/wp-content\/uploads\/F77-Cuevas-del-Almanzora-Ayuntamiento.jpg","datePublished":"2019-09-10T15:58:40+00:00","dateModified":"2025-08-04T17:34:17+00:00","author":{"@id":"https:\/\/www.elturistatranquil.com\/ca\/#\/schema\/person\/16f607c3079b96ed0c530a52e6b58bb5"},"description":"Cuevas del Almanzora, en el Levante Almeriense, en la seva configuraci\u00f3 actual \u00e9s producte del senyoriu dels V\u00e9lez, amb el seu castell del segle XVI i altres obres que van promoure, i la burgesia del segle XIX basada en la mineria, sense oblidar les seves coves-habitatge.","breadcrumb":{"@id":"https:\/\/www.elturistatranquil.com\/ca\/cuevas-del-almanzora-almeria\/#breadcrumb"},"inLanguage":"ca","potentialAction":[{"@type":"ReadAction","target":["https:\/\/www.elturistatranquil.com\/ca\/cuevas-del-almanzora-almeria\/"]}]},{"@type":"ImageObject","inLanguage":"ca","@id":"https:\/\/www.elturistatranquil.com\/ca\/cuevas-del-almanzora-almeria\/#primaryimage","url":"https:\/\/www.elturistatranquil.com\/wp-content\/uploads\/F77-Cuevas-del-Almanzora-Ayuntamiento.jpg","contentUrl":"https:\/\/www.elturistatranquil.com\/wp-content\/uploads\/F77-Cuevas-del-Almanzora-Ayuntamiento.jpg","width":768,"height":511,"caption":"Cuevas del Almanzora Ayuntamiento"},{"@type":"BreadcrumbList","@id":"https:\/\/www.elturistatranquil.com\/ca\/cuevas-del-almanzora-almeria\/#breadcrumb","itemListElement":[{"@type":"ListItem","position":1,"name":"Portada","item":"https:\/\/www.elturistatranquil.com\/ca\/"},{"@type":"ListItem","position":2,"name":"Cuevas del Almanzora (Almer\u00eda)"}]},{"@type":"WebSite","@id":"https:\/\/www.elturistatranquil.com\/ca\/#website","url":"https:\/\/www.elturistatranquil.com\/ca\/","name":"El turista tranquil","description":"Blog de viatges","potentialAction":[{"@type":"SearchAction","target":{"@type":"EntryPoint","urlTemplate":"https:\/\/www.elturistatranquil.com\/ca\/?s={search_term_string}"},"query-input":{"@type":"PropertyValueSpecification","valueRequired":true,"valueName":"search_term_string"}}],"inLanguage":"ca"},{"@type":"Person","@id":"https:\/\/www.elturistatranquil.com\/ca\/#\/schema\/person\/16f607c3079b96ed0c530a52e6b58bb5","name":"admin","image":{"@type":"ImageObject","inLanguage":"ca","@id":"https:\/\/secure.gravatar.com\/avatar\/1fbaf22aee75fcbb29a2f97b107f95d25d3a19b7c3416105be10269872673e8d?s=96&d=mm&r=g","url":"https:\/\/secure.gravatar.com\/avatar\/1fbaf22aee75fcbb29a2f97b107f95d25d3a19b7c3416105be10269872673e8d?s=96&d=mm&r=g","contentUrl":"https:\/\/secure.gravatar.com\/avatar\/1fbaf22aee75fcbb29a2f97b107f95d25d3a19b7c3416105be10269872673e8d?s=96&d=mm&r=g","caption":"admin"}}]}},"_links":{"self":[{"href":"https:\/\/www.elturistatranquil.com\/ca\/wp-json\/wp\/v2\/posts\/22305","targetHints":{"allow":["GET"]}}],"collection":[{"href":"https:\/\/www.elturistatranquil.com\/ca\/wp-json\/wp\/v2\/posts"}],"about":[{"href":"https:\/\/www.elturistatranquil.com\/ca\/wp-json\/wp\/v2\/types\/post"}],"author":[{"embeddable":true,"href":"https:\/\/www.elturistatranquil.com\/ca\/wp-json\/wp\/v2\/users\/1"}],"replies":[{"embeddable":true,"href":"https:\/\/www.elturistatranquil.com\/ca\/wp-json\/wp\/v2\/comments?post=22305"}],"version-history":[{"count":1,"href":"https:\/\/www.elturistatranquil.com\/ca\/wp-json\/wp\/v2\/posts\/22305\/revisions"}],"predecessor-version":[{"id":60781,"href":"https:\/\/www.elturistatranquil.com\/ca\/wp-json\/wp\/v2\/posts\/22305\/revisions\/60781"}],"wp:featuredmedia":[{"embeddable":true,"href":"https:\/\/www.elturistatranquil.com\/ca\/wp-json\/wp\/v2\/media\/22237"}],"wp:attachment":[{"href":"https:\/\/www.elturistatranquil.com\/ca\/wp-json\/wp\/v2\/media?parent=22305"}],"wp:term":[{"taxonomy":"category","embeddable":true,"href":"https:\/\/www.elturistatranquil.com\/ca\/wp-json\/wp\/v2\/categories?post=22305"},{"taxonomy":"post_tag","embeddable":true,"href":"https:\/\/www.elturistatranquil.com\/ca\/wp-json\/wp\/v2\/tags?post=22305"}],"curies":[{"name":"wp","href":"https:\/\/api.w.org\/{rel}","templated":true}]}}