{"id":23124,"date":"2019-09-21T11:44:16","date_gmt":"2019-09-21T09:44:16","guid":{"rendered":"https:\/\/www.elturistatranquil.com\/?p=23124"},"modified":"2019-09-21T11:47:36","modified_gmt":"2019-09-21T09:47:36","slug":"bera-navarra","status":"publish","type":"post","link":"https:\/\/www.elturistatranquil.com\/ca\/bera-navarra\/","title":{"rendered":"Bera (Navarra)"},"content":{"rendered":"\t\t<div data-elementor-type=\"wp-post\" data-elementor-id=\"23124\" class=\"elementor elementor-23124 elementor-22938\" data-elementor-post-type=\"post\">\n\t\t\t\t\t\t<section class=\"elementor-section elementor-top-section elementor-element elementor-element-78b9c356 elementor-section-boxed elementor-section-height-default elementor-section-height-default\" data-id=\"78b9c356\" data-element_type=\"section\" data-e-type=\"section\">\n\t\t\t\t\t\t<div class=\"elementor-container elementor-column-gap-default\">\n\t\t\t\t\t<div class=\"elementor-column elementor-col-100 elementor-top-column elementor-element elementor-element-31994ce7\" data-id=\"31994ce7\" data-element_type=\"column\" data-e-type=\"column\">\n\t\t\t<div class=\"elementor-widget-wrap elementor-element-populated\">\n\t\t\t\t\t\t<section class=\"elementor-section elementor-inner-section elementor-element elementor-element-7d8c517d elementor-section-content-middle elementor-section-boxed elementor-section-height-default elementor-section-height-default\" data-id=\"7d8c517d\" data-element_type=\"section\" data-e-type=\"section\">\n\t\t\t\t\t\t<div class=\"elementor-container elementor-column-gap-default\">\n\t\t\t\t\t<div class=\"elementor-column elementor-col-100 elementor-inner-column elementor-element elementor-element-1ecf720b\" data-id=\"1ecf720b\" data-element_type=\"column\" data-e-type=\"column\">\n\t\t\t<div class=\"elementor-widget-wrap elementor-element-populated\">\n\t\t\t\t\t\t<div class=\"elementor-element elementor-element-564d7137 elementor-widget elementor-widget-text-editor\" data-id=\"564d7137\" data-element_type=\"widget\" data-e-type=\"widget\" data-widget_type=\"text-editor.default\">\n\t\t\t\t<div class=\"elementor-widget-container\">\n\t\t\t\t\t\t\t\t\t<p><em>Bera, <\/em>a la comarca de les<em> Cinco Villas de Navarra<\/em>, presenta un patrimoni urban\u00edstic i arquitect\u00f2nic fortament arrelat en la cultura local, sobretot des del s. XVIII, que es mant\u00e9 viu i din\u00e0mic en la seva personalitat.<\/p>\t\t\t\t\t\t\t\t<\/div>\n\t\t\t\t<\/div>\n\t\t\t\t\t<\/div>\n\t\t<\/div>\n\t\t\t\t\t<\/div>\n\t\t<\/section>\n\t\t\t\t<div class=\"elementor-element elementor-element-41f0d5b3 elementor-widget elementor-widget-heading\" data-id=\"41f0d5b3\" data-element_type=\"widget\" data-e-type=\"widget\" data-widget_type=\"heading.default\">\n\t\t\t\t<div class=\"elementor-widget-container\">\n\t\t\t\t\t<h1 class=\"elementor-heading-title elementor-size-default\">Bera (Navarra)<\/h1>\t\t\t\t<\/div>\n\t\t\t\t<\/div>\n\t\t\t\t\t<\/div>\n\t\t<\/div>\n\t\t\t\t\t<\/div>\n\t\t<\/section>\n\t\t\t\t<section class=\"elementor-section elementor-top-section elementor-element elementor-element-3528685c elementor-section-boxed elementor-section-height-default elementor-section-height-default\" data-id=\"3528685c\" data-element_type=\"section\" data-e-type=\"section\">\n\t\t\t\t\t\t<div class=\"elementor-container elementor-column-gap-default\">\n\t\t\t\t\t<div class=\"elementor-column elementor-col-100 elementor-top-column elementor-element elementor-element-7a6ea3e\" data-id=\"7a6ea3e\" data-element_type=\"column\" data-e-type=\"column\">\n\t\t\t<div class=\"elementor-widget-wrap elementor-element-populated\">\n\t\t\t\t\t\t<div class=\"elementor-element elementor-element-355bbe47 elementor-widget elementor-widget-image\" data-id=\"355bbe47\" data-element_type=\"widget\" data-e-type=\"widget\" data-widget_type=\"image.default\">\n\t\t\t\t<div class=\"elementor-widget-container\">\n\t\t\t\t\t\t\t\t\t\t\t\t<figure class=\"wp-caption\">\n\t\t\t\t\t\t\t\t\t\t<img fetchpriority=\"high\" decoding=\"async\" width=\"768\" height=\"512\" src=\"https:\/\/www.elturistatranquil.com\/wp-content\/uploads\/F01-Bera-Navarra-Google-earth-2019-09-16-1.jpg\" class=\"attachment-large size-large wp-image-23126\" alt=\"\" srcset=\"https:\/\/www.elturistatranquil.com\/wp-content\/uploads\/F01-Bera-Navarra-Google-earth-2019-09-16-1.jpg 768w, https:\/\/www.elturistatranquil.com\/wp-content\/uploads\/F01-Bera-Navarra-Google-earth-2019-09-16-1-339x226.jpg 339w\" sizes=\"(max-width: 768px) 100vw, 768px\" \/>\t\t\t\t\t\t\t\t\t\t\t<figcaption class=\"widget-image-caption wp-caption-text\">Bera (Google earth 2019-09-16)<\/figcaption>\n\t\t\t\t\t\t\t\t\t\t<\/figure>\n\t\t\t\t\t\t\t\t\t<\/div>\n\t\t\t\t<\/div>\n\t\t\t\t<div class=\"elementor-element elementor-element-1d5eb717 elementor-widget elementor-widget-spacer\" data-id=\"1d5eb717\" data-element_type=\"widget\" data-e-type=\"widget\" data-widget_type=\"spacer.default\">\n\t\t\t\t<div class=\"elementor-widget-container\">\n\t\t\t\t\t\t\t<div class=\"elementor-spacer\">\n\t\t\t<div class=\"elementor-spacer-inner\"><\/div>\n\t\t<\/div>\n\t\t\t\t\t\t<\/div>\n\t\t\t\t<\/div>\n\t\t\t\t<div class=\"elementor-element elementor-element-48f5d8f8 elementor-widget elementor-widget-heading\" data-id=\"48f5d8f8\" data-element_type=\"widget\" data-e-type=\"widget\" data-widget_type=\"heading.default\">\n\t\t\t\t<div class=\"elementor-widget-container\">\n\t\t\t\t\t<h2 class=\"elementor-heading-title elementor-size-default\">Bera. Cinco Villas. Navarra<\/h2>\t\t\t\t<\/div>\n\t\t\t\t<\/div>\n\t\t\t\t<section class=\"elementor-section elementor-inner-section elementor-element elementor-element-3f6e34f8 elementor-section-boxed elementor-section-height-default elementor-section-height-default\" data-id=\"3f6e34f8\" data-element_type=\"section\" data-e-type=\"section\" data-settings=\"{&quot;background_background&quot;:&quot;classic&quot;}\">\n\t\t\t\t\t\t\t<div class=\"elementor-background-overlay\"><\/div>\n\t\t\t\t\t\t\t<div class=\"elementor-container elementor-column-gap-default\">\n\t\t\t\t\t<div class=\"elementor-column elementor-col-100 elementor-inner-column elementor-element elementor-element-3b982a09\" data-id=\"3b982a09\" data-element_type=\"column\" data-e-type=\"column\" data-settings=\"{&quot;background_background&quot;:&quot;classic&quot;}\">\n\t\t\t<div class=\"elementor-widget-wrap elementor-element-populated\">\n\t\t\t\t\t\t<div class=\"elementor-element elementor-element-5a1f5906 elementor-widget elementor-widget-text-editor\" data-id=\"5a1f5906\" data-element_type=\"widget\" data-e-type=\"widget\" data-widget_type=\"text-editor.default\">\n\t\t\t\t<div class=\"elementor-widget-container\">\n\t\t\t\t\t\t\t\t\t<p>Bera. Comarca: Cinco Villas. Prov\u00edncia: Navarra. Com. Aut\u00f2noma: Comunidad Foral de Navarra<\/p><p>Coordenades: 43\u00b016\u203242\u2033N 1\u00b040\u203257\u2033O. Altitud: 56 msnm. Poblaci\u00f3: 3.033 habitants en la localitat; 3.761 en el municipi (2018)<\/p><p>Web: <a href=\"http:\/\/bera.eus\/es\/\" target=\"_blank\" rel=\"noopener\">ayuntamiento<\/a><\/p><p>Visita: 2019<\/p>\t\t\t\t\t\t\t\t<\/div>\n\t\t\t\t<\/div>\n\t\t\t\t\t<\/div>\n\t\t<\/div>\n\t\t\t\t\t<\/div>\n\t\t<\/section>\n\t\t\t\t<div class=\"elementor-element elementor-element-640657cc elementor-widget elementor-widget-image\" data-id=\"640657cc\" data-element_type=\"widget\" data-e-type=\"widget\" data-widget_type=\"image.default\">\n\t\t\t\t<div class=\"elementor-widget-container\">\n\t\t\t\t\t\t\t\t\t\t\t\t<figure class=\"wp-caption\">\n\t\t\t\t\t\t\t\t\t\t<img decoding=\"async\" width=\"768\" height=\"512\" src=\"https:\/\/www.elturistatranquil.com\/wp-content\/uploads\/F02-Mapa-de-situaci\u00f3n-de-Bera-NavarraGoogle-maps-2019-09-13-1-768x512.jpg\" class=\"attachment-medium_large size-medium_large wp-image-23128\" alt=\"\" srcset=\"https:\/\/www.elturistatranquil.com\/wp-content\/uploads\/F02-Mapa-de-situaci\u00f3n-de-Bera-NavarraGoogle-maps-2019-09-13-1.jpg 768w, https:\/\/www.elturistatranquil.com\/wp-content\/uploads\/F02-Mapa-de-situaci\u00f3n-de-Bera-NavarraGoogle-maps-2019-09-13-1-339x226.jpg 339w\" sizes=\"(max-width: 768px) 100vw, 768px\" \/>\t\t\t\t\t\t\t\t\t\t\t<figcaption class=\"widget-image-caption wp-caption-text\">Mapa de situaci\u00f3 de Bera (Google maps 2019-09-13)<\/figcaption>\n\t\t\t\t\t\t\t\t\t\t<\/figure>\n\t\t\t\t\t\t\t\t\t<\/div>\n\t\t\t\t<\/div>\n\t\t\t\t<section class=\"elementor-section elementor-inner-section elementor-element elementor-element-1b8be345 elementor-section-boxed elementor-section-height-default elementor-section-height-default\" data-id=\"1b8be345\" data-element_type=\"section\" data-e-type=\"section\" data-settings=\"{&quot;background_background&quot;:&quot;classic&quot;}\">\n\t\t\t\t\t\t<div class=\"elementor-container elementor-column-gap-default\">\n\t\t\t\t\t<div class=\"elementor-column elementor-col-100 elementor-inner-column elementor-element elementor-element-499c81f8\" data-id=\"499c81f8\" data-element_type=\"column\" data-e-type=\"column\">\n\t\t\t<div class=\"elementor-widget-wrap elementor-element-populated\">\n\t\t\t\t\t\t<div class=\"elementor-element elementor-element-2ff0060 elementor-widget elementor-widget-text-editor\" data-id=\"2ff0060\" data-element_type=\"widget\" data-e-type=\"widget\" data-widget_type=\"text-editor.default\">\n\t\t\t\t<div class=\"elementor-widget-container\">\n\t\t\t\t\t\t\t\t\t<p style=\"text-align: center;\"><strong>\u00cdndex<\/strong><\/p>\t\t\t\t\t\t\t\t<\/div>\n\t\t\t\t<\/div>\n\t\t\t\t<div class=\"elementor-element elementor-element-7e153aec elementor-widget elementor-widget-text-editor\" data-id=\"7e153aec\" data-element_type=\"widget\" data-e-type=\"widget\" data-widget_type=\"text-editor.default\">\n\t\t\t\t<div class=\"elementor-widget-container\">\n\t\t\t\t\t\t\t\t\t<p><a href=\"https:\/\/www.elturistatranquil.com\/ca\/bera-(navarra)\/#c3801\">Bera. Cinco Villas. Navarra<\/a><\/p><p><a href=\"https:\/\/www.elturistatranquil.com\/ca\/bera-(navarra)\/#c3802\">Una mica d&#8217;hist\u00f2ria<\/a><\/p><p><a href=\"https:\/\/www.elturistatranquil.com\/ca\/bera-(navarra)\/#c3803\">Recorregut per Bera<\/a><\/p><p style=\"padding-left: 40px;\"><a href=\"https:\/\/www.elturistatranquil.com\/ca\/bera-(navarra)\/#c3804\">Morfologia urbana<\/a><\/p><p style=\"padding-left: 40px;\"><a href=\"https:\/\/www.elturistatranquil.com\/ca\/bera-(navarra)\/#c3805\">Regata Zia \/ Zia erreka<\/a><\/p><p style=\"padding-left: 40px;\"><a href=\"https:\/\/www.elturistatranquil.com\/ca\/bera-(navarra)\/#c3806\">Pla\u00e7a de los Fueros<\/a><\/p><p style=\"padding-left: 40px;\"><a href=\"https:\/\/www.elturistatranquil.com\/ca\/bera-(navarra)\/#c3807\">Pla\u00e7a de l&#8217;Ajuntament<\/a><\/p><p style=\"padding-left: 40px;\"><a href=\"https:\/\/www.elturistatranquil.com\/ca\/bera-(navarra)\/#c3808\">Esgl\u00e9sia de San Esteban<\/a><\/p><p style=\"padding-left: 40px;\"><a href=\"https:\/\/www.elturistatranquil.com\/ca\/bera-(navarra)\/#c3809\">Marge esquerra de la regata Zia: carrer Legia<\/a><\/p><p style=\"padding-left: 40px;\"><a href=\"https:\/\/www.elturistatranquil.com\/ca\/bera-(navarra)\/#c3810\">Cam\u00ed del barri Eltzaurdia<\/a><\/p><p style=\"padding-left: 40px;\"><a href=\"https:\/\/www.elturistatranquil.com\/ca\/bera-(navarra)\/#c3811\">Barri Alzate<\/a><\/p><p style=\"padding-left: 40px;\"><a href=\"https:\/\/www.elturistatranquil.com\/ca\/bera-(navarra)\/#c3812\">Pla\u00e7a de Jaun de Alzate<\/a><\/p><p style=\"padding-left: 40px;\"><a href=\"https:\/\/www.elturistatranquil.com\/ca\/bera-(navarra)\/#c3813\">Carretera de Lizuniaga i carrer P\u00edo Baroja<\/a><\/p><p style=\"padding-left: 40px;\"><a href=\"https:\/\/www.elturistatranquil.com\/ca\/bera-(navarra)\/#c3814\">El marge dret: Passeig Eztegara<\/a><\/p><p style=\"padding-left: 40px;\"><a href=\"https:\/\/www.elturistatranquil.com\/ca\/bera-(navarra)\/#c3815\">Carrer Bidasoa<\/a><\/p><p style=\"padding-left: 40px;\"><a href=\"https:\/\/www.elturistatranquil.com\/ca\/bera-(navarra)\/#c3816\">Pont de San Miguel<\/a><\/p><p><a href=\"https:\/\/www.elturistatranquil.com\/ca\/bera-(navarra)\/#c3817\">Fi de la sortida<\/a><\/p><p><a href=\"https:\/\/www.elturistatranquil.com\/ca\/bera-(navarra)\/#c3818\">Bases d&#8217;informaci\u00f3<\/a><\/p>\t\t\t\t\t\t\t\t<\/div>\n\t\t\t\t<\/div>\n\t\t\t\t\t<\/div>\n\t\t<\/div>\n\t\t\t\t\t<\/div>\n\t\t<\/section>\n\t\t\t\t<div class=\"elementor-element elementor-element-2d184212 elementor-widget elementor-widget-spacer\" data-id=\"2d184212\" data-element_type=\"widget\" data-e-type=\"widget\" data-widget_type=\"spacer.default\">\n\t\t\t\t<div class=\"elementor-widget-container\">\n\t\t\t\t\t\t\t<div class=\"elementor-spacer\">\n\t\t\t<div class=\"elementor-spacer-inner\"><\/div>\n\t\t<\/div>\n\t\t\t\t\t\t<\/div>\n\t\t\t\t<\/div>\n\t\t\t\t<div class=\"elementor-element elementor-element-2b3cb1cd elementor-widget elementor-widget-menu-anchor\" data-id=\"2b3cb1cd\" data-element_type=\"widget\" data-e-type=\"widget\" data-widget_type=\"menu-anchor.default\">\n\t\t\t\t<div class=\"elementor-widget-container\">\n\t\t\t\t\t\t\t<div class=\"elementor-menu-anchor\" id=\"c3801\"><\/div>\n\t\t\t\t\t\t<\/div>\n\t\t\t\t<\/div>\n\t\t\t\t<div class=\"elementor-element elementor-element-7898d390 elementor-widget elementor-widget-spacer\" data-id=\"7898d390\" data-element_type=\"widget\" data-e-type=\"widget\" data-widget_type=\"spacer.default\">\n\t\t\t\t<div class=\"elementor-widget-container\">\n\t\t\t\t\t\t\t<div class=\"elementor-spacer\">\n\t\t\t<div class=\"elementor-spacer-inner\"><\/div>\n\t\t<\/div>\n\t\t\t\t\t\t<\/div>\n\t\t\t\t<\/div>\n\t\t\t\t<div class=\"elementor-element elementor-element-1a7f4d8a elementor-widget elementor-widget-heading\" data-id=\"1a7f4d8a\" data-element_type=\"widget\" data-e-type=\"widget\" data-widget_type=\"heading.default\">\n\t\t\t\t<div class=\"elementor-widget-container\">\n\t\t\t\t\t<h2 class=\"elementor-heading-title elementor-size-default\">Bera. Cinco Villas. Navarra<\/h2>\t\t\t\t<\/div>\n\t\t\t\t<\/div>\n\t\t\t\t<div class=\"elementor-element elementor-element-299bd2a6 elementor-widget elementor-widget-text-editor\" data-id=\"299bd2a6\" data-element_type=\"widget\" data-e-type=\"widget\" data-widget_type=\"text-editor.default\">\n\t\t\t\t<div class=\"elementor-widget-container\">\n\t\t\t\t\t\t\t\t\t<p>Enlla\u00e7 amb con el <em>Post<\/em>: <a href=\"https:\/\/www.elturistatranquil.com\/ca\/hotel-churrut-restaurant-lenkonea-cinco-villas\/\" target=\"_blank\" rel=\"noopener\"><strong>Hotel Churrut-Restaurant Lenkonea. Cinco Villas<\/strong><\/a><\/p>\t\t\t\t\t\t\t\t<\/div>\n\t\t\t\t<\/div>\n\t\t\t\t<div class=\"elementor-element elementor-element-726c2309 elementor-widget elementor-widget-menu-anchor\" data-id=\"726c2309\" data-element_type=\"widget\" data-e-type=\"widget\" data-widget_type=\"menu-anchor.default\">\n\t\t\t\t<div class=\"elementor-widget-container\">\n\t\t\t\t\t\t\t<div class=\"elementor-menu-anchor\" id=\"c3802\"><\/div>\n\t\t\t\t\t\t<\/div>\n\t\t\t\t<\/div>\n\t\t\t\t<div class=\"elementor-element elementor-element-4aa0f094 elementor-widget elementor-widget-text-editor\" data-id=\"4aa0f094\" data-element_type=\"widget\" data-e-type=\"widget\" data-widget_type=\"text-editor.default\">\n\t\t\t\t<div class=\"elementor-widget-container\">\n\t\t\t\t\t\t\t\t\t<p>En el v\u00e8rtex m\u00e9s septentrional d&#8217;aquest rectangle tort amb peu, que \u00e9s Navarra, es troba situada la localitat de <strong>Bera<\/strong>. Fa frontera amb Fran\u00e7a a trav\u00e9s dels passos fronterers d&#8217;Ibardin i Lizuniaga a m\u00e9s de per nombrosos camins que condueixen als ve\u00efns pobles francesos, i amb Guip\u00fascoa. En aquesta part nord se situa el mass\u00eds de Larrun (898 metres).<\/p><p>Al trobar-al costat del riu Bidasoa, ja prop de la mar, la seva altitud \u00e9s de nom\u00e9s 56 msnm, tot i que l&#8217;entorn \u00e9s muntany\u00f3s per correspondre\u2019s amb els Pirineus Atl\u00e0ntics.<\/p><p>A m\u00e9s de Bera, el municipi compta amb 8 barris i nombrosos masos (caser\u00edos) disseminats.<\/p><p>El nucli urb\u00e0, m\u00e9s o menys compacte, adopta la forma d&#8217;una &#8220;L&#8221;, deixant de banda la zona industrial a l&#8217;oest que s\u2019adapta al territori que formen els meandres del riu Bidasoa.<\/p><p>Bera es va articular al llarg de la regata Zia (Zia erreka) en direcci\u00f3 oest est, mentre que l&#8217;eixample ho va fer de nord a sud, seguint el riu Bidasoa. Al costat oest del Bidasoa, quan efectua un gir de 90<sup>0<\/sup> per encaminar-se al Cant\u00e0bric, es van implantar les zones industrials.<\/p>\t\t\t\t\t\t\t\t<\/div>\n\t\t\t\t<\/div>\n\t\t\t\t<div class=\"elementor-element elementor-element-590f983e elementor-widget elementor-widget-heading\" data-id=\"590f983e\" data-element_type=\"widget\" data-e-type=\"widget\" data-widget_type=\"heading.default\">\n\t\t\t\t<div class=\"elementor-widget-container\">\n\t\t\t\t\t<h2 class=\"elementor-heading-title elementor-size-default\">Una mica d'hist\u00f2ria<\/h2>\t\t\t\t<\/div>\n\t\t\t\t<\/div>\n\t\t\t\t<div class=\"elementor-element elementor-element-761a64e6 elementor-widget elementor-widget-text-editor\" data-id=\"761a64e6\" data-element_type=\"widget\" data-e-type=\"widget\" data-widget_type=\"text-editor.default\">\n\t\t\t\t<div class=\"elementor-widget-container\">\n\t\t\t\t\t\t\t\t\t<p>El territori ha estat ocupat des de la prehist\u00f2ria, per\u00f2 la hist\u00f2ria de Bera se centra a partir de l&#8217;Edat Mitjana.<\/p><p>Les refer\u00e8ncies hist\u00f2riques de l&#8217;actual Vila arrenquen de principis del segle XV, quan en 1402 el rei de Navarra Carles III el Noble va concedir als seus habitants diversos privilegis per la defensa de les seves terres davant guipuscoans a l&#8217;oest i labortans al nord.<\/p><p>Al segle XVII la Inquisici\u00f3 va caure sobre els habitants de Bera al proc\u00e9s inquisitorial de Logronyo (1610).<\/p><p>La seva posici\u00f3 fronterera la va convertir en terra de conflictes, destruccions i cremes fins al segle XX tant en els conflictes hisp\u00e0 francesos, com en els que van enfrontar a carlins i liberals, sobretot entre 1638, amb l&#8217;incendi de Bera per les tropes del duc de Saint Sim\u00f3 i 1872 quan Carles de Borb\u00f3 entra a Bera per proclamar la guerra contra Amadeu de Savoia. S\u00f3n moments importants: 1793-1795, Guerra de la Convenci\u00f3, amb alternan\u00e7a en el domini territorial entre francesos i espanyols; 1813-1814, quan s&#8217;instal\u00b7len les tropes del duc de Wellington; 1830, amb l&#8217;entrada del general Espoz i Mina des de Fran\u00e7a amb la intenci\u00f3 de proclamar la constituci\u00f3 liberal i 1838, quan en la retirada dels liberals durant la Primera Guerra Carlista, incendien l&#8217;Esgl\u00e9sia de Bera.<\/p><p>Tamb\u00e9 va ser un enclavament estrat\u00e8gic en els processos migratoris transfronterers clandest\u00ed a trav\u00e9s dels Pirineus durant la guerra de 1936-1939 i la Segona Guerra Mundial, en un i altre sentit.<\/p><p>Amb la revoluci\u00f3 ind\u00fastria, Bera assumeix un paper econ\u00f2mic mixt entre l&#8217;agricultura, especialment la ramaderia bovina, ovina i porcina, i la ind\u00fastria metal\u00b7l\u00fargica, recolzades en les explotacions mineres de la zona.<\/p><p>En l&#8217;actualitat, territorialment es constata la pres\u00e8ncia de la ramaderia extensiva, i sembla que \u00faltimament s&#8217;est\u00e0 incrementant l&#8217;engreix d&#8217;\u00e0necs per elaborar foie, tot i que el seu pes econ\u00f2mic i laboral \u00e9s molt inferior al de les activitats industrials i de serveis.<\/p>\t\t\t\t\t\t\t\t<\/div>\n\t\t\t\t<\/div>\n\t\t\t\t<div class=\"elementor-element elementor-element-1ab0003d elementor-widget elementor-widget-menu-anchor\" data-id=\"1ab0003d\" data-element_type=\"widget\" data-e-type=\"widget\" data-widget_type=\"menu-anchor.default\">\n\t\t\t\t<div class=\"elementor-widget-container\">\n\t\t\t\t\t\t\t<div class=\"elementor-menu-anchor\" id=\"c3803\"><\/div>\n\t\t\t\t\t\t<\/div>\n\t\t\t\t<\/div>\n\t\t\t\t<div class=\"elementor-element elementor-element-52dd45f7 elementor-widget elementor-widget-heading\" data-id=\"52dd45f7\" data-element_type=\"widget\" data-e-type=\"widget\" data-widget_type=\"heading.default\">\n\t\t\t\t<div class=\"elementor-widget-container\">\n\t\t\t\t\t<h2 class=\"elementor-heading-title elementor-size-default\">Recorregut per Bera<\/h2>\t\t\t\t<\/div>\n\t\t\t\t<\/div>\n\t\t\t\t<div class=\"elementor-element elementor-element-3a7acf56 elementor-widget elementor-widget-image\" data-id=\"3a7acf56\" data-element_type=\"widget\" data-e-type=\"widget\" data-widget_type=\"image.default\">\n\t\t\t\t<div class=\"elementor-widget-container\">\n\t\t\t\t\t\t\t\t\t\t\t\t<figure class=\"wp-caption\">\n\t\t\t\t\t\t\t\t\t\t<img decoding=\"async\" width=\"768\" height=\"512\" src=\"https:\/\/www.elturistatranquil.com\/wp-content\/uploads\/F03a-Bera-Navarra-Google-earth-2019-09-16-1.jpg\" class=\"attachment-large size-large wp-image-23130\" alt=\"\" srcset=\"https:\/\/www.elturistatranquil.com\/wp-content\/uploads\/F03a-Bera-Navarra-Google-earth-2019-09-16-1.jpg 768w, https:\/\/www.elturistatranquil.com\/wp-content\/uploads\/F03a-Bera-Navarra-Google-earth-2019-09-16-1-339x226.jpg 339w\" sizes=\"(max-width: 768px) 100vw, 768px\" \/>\t\t\t\t\t\t\t\t\t\t\t<figcaption class=\"widget-image-caption wp-caption-text\"><\/figcaption>\n\t\t\t\t\t\t\t\t\t\t<\/figure>\n\t\t\t\t\t\t\t\t\t<\/div>\n\t\t\t\t<\/div>\n\t\t\t\t<div class=\"elementor-element elementor-element-3bb9cab3 elementor-widget elementor-widget-image\" data-id=\"3bb9cab3\" data-element_type=\"widget\" data-e-type=\"widget\" data-widget_type=\"image.default\">\n\t\t\t\t<div class=\"elementor-widget-container\">\n\t\t\t\t\t\t\t\t\t\t\t\t<figure class=\"wp-caption\">\n\t\t\t\t\t\t\t\t\t\t<img loading=\"lazy\" decoding=\"async\" width=\"768\" height=\"332\" src=\"https:\/\/www.elturistatranquil.com\/wp-content\/uploads\/F03b-Bera-Navarra-1.jpg\" class=\"attachment-large size-large wp-image-23132\" alt=\"\" srcset=\"https:\/\/www.elturistatranquil.com\/wp-content\/uploads\/F03b-Bera-Navarra-1.jpg 768w, https:\/\/www.elturistatranquil.com\/wp-content\/uploads\/F03b-Bera-Navarra-1-339x147.jpg 339w\" sizes=\"(max-width: 768px) 100vw, 768px\" \/>\t\t\t\t\t\t\t\t\t\t\t<figcaption class=\"widget-image-caption wp-caption-text\"><\/figcaption>\n\t\t\t\t\t\t\t\t\t\t<\/figure>\n\t\t\t\t\t\t\t\t\t<\/div>\n\t\t\t\t<\/div>\n\t\t\t\t<div class=\"elementor-element elementor-element-3acbef49 elementor-widget elementor-widget-menu-anchor\" data-id=\"3acbef49\" data-element_type=\"widget\" data-e-type=\"widget\" data-widget_type=\"menu-anchor.default\">\n\t\t\t\t<div class=\"elementor-widget-container\">\n\t\t\t\t\t\t\t<div class=\"elementor-menu-anchor\" id=\"c3804\"><\/div>\n\t\t\t\t\t\t<\/div>\n\t\t\t\t<\/div>\n\t\t\t\t<div class=\"elementor-element elementor-element-7c727315 elementor-widget elementor-widget-text-editor\" data-id=\"7c727315\" data-element_type=\"widget\" data-e-type=\"widget\" data-widget_type=\"text-editor.default\">\n\t\t\t\t<div class=\"elementor-widget-container\">\n\t\t\t\t\t\t\t\t\t<p>Plantejar\u00e9 un recorregut continu, que vaig realitzar a la pr\u00e0ctica per trams, durant els diversos dies que vaig romandre al <strong>Hotel Churrut<\/strong>.<\/p>\t\t\t\t\t\t\t\t<\/div>\n\t\t\t\t<\/div>\n\t\t\t\t<div class=\"elementor-element elementor-element-331b87f8 elementor-widget elementor-widget-heading\" data-id=\"331b87f8\" data-element_type=\"widget\" data-e-type=\"widget\" data-widget_type=\"heading.default\">\n\t\t\t\t<div class=\"elementor-widget-container\">\n\t\t\t\t\t<h3 class=\"elementor-heading-title elementor-size-default\">Morfologia urbana<\/h3>\t\t\t\t<\/div>\n\t\t\t\t<\/div>\n\t\t\t\t<div class=\"elementor-element elementor-element-751fa84 elementor-widget elementor-widget-menu-anchor\" data-id=\"751fa84\" data-element_type=\"widget\" data-e-type=\"widget\" data-widget_type=\"menu-anchor.default\">\n\t\t\t\t<div class=\"elementor-widget-container\">\n\t\t\t\t\t\t\t<div class=\"elementor-menu-anchor\" id=\"c3805\"><\/div>\n\t\t\t\t\t\t<\/div>\n\t\t\t\t<\/div>\n\t\t\t\t<div class=\"elementor-element elementor-element-4acacac0 elementor-widget elementor-widget-text-editor\" data-id=\"4acacac0\" data-element_type=\"widget\" data-e-type=\"widget\" data-widget_type=\"text-editor.default\">\n\t\t\t\t<div class=\"elementor-widget-container\">\n\t\t\t\t\t\t\t\t\t<p>Aquesta part de Navarra es caracteritza per una morfologia urbana formada per casalots o masos (caser\u00edos) independents o adossats, alineats, m\u00e9s o menys regularment al llarg de carrers sinuosos que s&#8217;han format hist\u00f2ricament seguint camins, al seu torn condicionats per les corbes de nivell i els rius o rierols.<\/p><p>Resulta un tra\u00e7at dels seus carrers &#8220;laber\u00edntic&#8221; per\u00f2 obert, no tancat com ho s\u00f3n les localitats musulmanes. No hi ha muralles que tanquin el nucli urb\u00e0. Els carrers no formen illes, en el sentit racionalista del terme, sin\u00f3 que s\u00f3n, en general, una l\u00ednia sinuosa en la qual a cada costat es van col\u00b7locant els casalots, sense excessiva orientaci\u00f3 comuna ni dist\u00e0ncies r\u00edgides i normatives.<\/p><p>En poblacions grans, com Bera, es troba un nucli central m\u00e9s compacte, i amb blocs d&#8217;habitatges, formant la zona comercial. Per\u00f2 fins i tot aqu\u00ed, predomina un estil arquitect\u00f2nic propi, que m&#8217;atreviria a qualificar de neo-rural, per les seves formes, materials i sostrada. L&#8217;arquitectura &#8220;moderna&#8221; i ca\u00f2tica, impersonal i sense qualitat de molts altres llocs d&#8217;Espanya, aqu\u00ed a adoptat bastant aquest estil neo-rural propi del pa\u00eds.<\/p>\t\t\t\t\t\t\t\t<\/div>\n\t\t\t\t<\/div>\n\t\t\t\t<div class=\"elementor-element elementor-element-2ad0b0da elementor-widget elementor-widget-heading\" data-id=\"2ad0b0da\" data-element_type=\"widget\" data-e-type=\"widget\" data-widget_type=\"heading.default\">\n\t\t\t\t<div class=\"elementor-widget-container\">\n\t\t\t\t\t<h3 class=\"elementor-heading-title elementor-size-default\">Regata Zia \/ Zia erreka<\/h3>\t\t\t\t<\/div>\n\t\t\t\t<\/div>\n\t\t\t\t<div class=\"elementor-element elementor-element-25ef40c4 elementor-widget elementor-widget-text-editor\" data-id=\"25ef40c4\" data-element_type=\"widget\" data-e-type=\"widget\" data-widget_type=\"text-editor.default\">\n\t\t\t\t<div class=\"elementor-widget-container\">\n\t\t\t\t\t\t\t\t\t<p>Prendr\u00e9 com a punt de partida la <strong>regata Zia<\/strong> (Zia erreka) (<strong>1<\/strong>). Surto de l&#8217;hotel (<strong>H<\/strong>) i em despla\u00e7o cinquanta metres a l&#8217;esquerra. En aquest punt la regata Zia creua per sota del carrer.<\/p><p>Prenc aquest punt com a refer\u00e8ncia ja que la <strong>Zia erreka<\/strong> \u00e9s l&#8217;eix articulador de Bera. En el seu marge esquerra s&#8217;assenta la Bera antiga, a la dreta la Bera m\u00e9s moderna, i el conjunt d&#8217;afluents que conflueixen a partir d&#8217;uns 500 metres m\u00e9s amunt aniran definint els diferents espais de l&#8217;eix oest est de la localitat.<\/p>\t\t\t\t\t\t\t\t<\/div>\n\t\t\t\t<\/div>\n\t\t\t\t<div class=\"elementor-element elementor-element-655f54c0 elementor-widget elementor-widget-menu-anchor\" data-id=\"655f54c0\" data-element_type=\"widget\" data-e-type=\"widget\" data-widget_type=\"menu-anchor.default\">\n\t\t\t\t<div class=\"elementor-widget-container\">\n\t\t\t\t\t\t\t<div class=\"elementor-menu-anchor\" id=\"c3806\"><\/div>\n\t\t\t\t\t\t<\/div>\n\t\t\t\t<\/div>\n\t\t\t\t<div class=\"elementor-element elementor-element-679a8ddc elementor-widget elementor-widget-image\" data-id=\"679a8ddc\" data-element_type=\"widget\" data-e-type=\"widget\" data-widget_type=\"image.default\">\n\t\t\t\t<div class=\"elementor-widget-container\">\n\t\t\t\t\t\t\t\t\t\t\t\t<figure class=\"wp-caption\">\n\t\t\t\t\t\t\t\t\t\t<img loading=\"lazy\" decoding=\"async\" width=\"768\" height=\"511\" src=\"https:\/\/www.elturistatranquil.com\/wp-content\/uploads\/F04a-Bera-Navarra-1.jpg\" class=\"attachment-large size-large wp-image-23134\" alt=\"\" srcset=\"https:\/\/www.elturistatranquil.com\/wp-content\/uploads\/F04a-Bera-Navarra-1.jpg 768w, https:\/\/www.elturistatranquil.com\/wp-content\/uploads\/F04a-Bera-Navarra-1-339x226.jpg 339w\" sizes=\"(max-width: 768px) 100vw, 768px\" \/>\t\t\t\t\t\t\t\t\t\t\t<figcaption class=\"widget-image-caption wp-caption-text\"><\/figcaption>\n\t\t\t\t\t\t\t\t\t\t<\/figure>\n\t\t\t\t\t\t\t\t\t<\/div>\n\t\t\t\t<\/div>\n\t\t\t\t<div class=\"elementor-element elementor-element-455fd5d7 elementor-widget elementor-widget-heading\" data-id=\"455fd5d7\" data-element_type=\"widget\" data-e-type=\"widget\" data-widget_type=\"heading.default\">\n\t\t\t\t<div class=\"elementor-widget-container\">\n\t\t\t\t\t<h3 class=\"elementor-heading-title elementor-size-default\">Pla\u00e7a de los Fueros<\/h3>\t\t\t\t<\/div>\n\t\t\t\t<\/div>\n\t\t\t\t<div class=\"elementor-element elementor-element-62a984d elementor-widget elementor-widget-text-editor\" data-id=\"62a984d\" data-element_type=\"widget\" data-e-type=\"widget\" data-widget_type=\"text-editor.default\">\n\t\t\t\t<div class=\"elementor-widget-container\">\n\t\t\t\t\t\t\t\t\t<p>Retrocedeixo fins a la <strong>Pla\u00e7a de los Fueros<\/strong> (<strong>2<\/strong>), al costat del <strong>Hotel Churrut<\/strong> (<strong>H<\/strong>).<\/p><p>Quan en 1841 es van modificar els furs, convertint a Navarra en prov\u00edncia, encara que mantenint privilegis fiscals, es van crear en molts municipis, entre ells Bera, les Places dels Furs.<\/p>\t\t\t\t\t\t\t\t<\/div>\n\t\t\t\t<\/div>\n\t\t\t\t<div class=\"elementor-element elementor-element-3282c021 elementor-widget elementor-widget-image\" data-id=\"3282c021\" data-element_type=\"widget\" data-e-type=\"widget\" data-widget_type=\"image.default\">\n\t\t\t\t<div class=\"elementor-widget-container\">\n\t\t\t\t\t\t\t\t\t\t\t\t<figure class=\"wp-caption\">\n\t\t\t\t\t\t\t\t\t\t<img loading=\"lazy\" decoding=\"async\" width=\"610\" height=\"550\" src=\"https:\/\/www.elturistatranquil.com\/wp-content\/uploads\/F04b-Bera-Navarra-1.jpg\" class=\"attachment-large size-large wp-image-23136\" alt=\"\" srcset=\"https:\/\/www.elturistatranquil.com\/wp-content\/uploads\/F04b-Bera-Navarra-1.jpg 610w, https:\/\/www.elturistatranquil.com\/wp-content\/uploads\/F04b-Bera-Navarra-1-251x226.jpg 251w\" sizes=\"(max-width: 610px) 100vw, 610px\" \/>\t\t\t\t\t\t\t\t\t\t\t<figcaption class=\"widget-image-caption wp-caption-text\"><\/figcaption>\n\t\t\t\t\t\t\t\t\t\t<\/figure>\n\t\t\t\t\t\t\t\t\t<\/div>\n\t\t\t\t<\/div>\n\t\t\t\t<div class=\"elementor-element elementor-element-1cded14e elementor-widget elementor-widget-text-editor\" data-id=\"1cded14e\" data-element_type=\"widget\" data-e-type=\"widget\" data-widget_type=\"text-editor.default\">\n\t\t\t\t<div class=\"elementor-widget-container\">\n\t\t\t\t\t\t\t\t\t<p>La pla\u00e7a en el sentit de les agulles del rellotge, comen\u00e7ant per l&#8217;Hotel Churrut.<\/p>\t\t\t\t\t\t\t\t<\/div>\n\t\t\t\t<\/div>\n\t\t\t\t<div class=\"elementor-element elementor-element-65beb2fb elementor-widget elementor-widget-image\" data-id=\"65beb2fb\" data-element_type=\"widget\" data-e-type=\"widget\" data-widget_type=\"image.default\">\n\t\t\t\t<div class=\"elementor-widget-container\">\n\t\t\t\t\t\t\t\t\t\t\t\t<figure class=\"wp-caption\">\n\t\t\t\t\t\t\t\t\t\t<img loading=\"lazy\" decoding=\"async\" width=\"768\" height=\"511\" src=\"https:\/\/www.elturistatranquil.com\/wp-content\/uploads\/F05-Bera-Navarra-1.jpg\" class=\"attachment-large size-large wp-image-23138\" alt=\"\" srcset=\"https:\/\/www.elturistatranquil.com\/wp-content\/uploads\/F05-Bera-Navarra-1.jpg 768w, https:\/\/www.elturistatranquil.com\/wp-content\/uploads\/F05-Bera-Navarra-1-339x226.jpg 339w\" sizes=\"(max-width: 768px) 100vw, 768px\" \/>\t\t\t\t\t\t\t\t\t\t\t<figcaption class=\"widget-image-caption wp-caption-text\"><\/figcaption>\n\t\t\t\t\t\t\t\t\t\t<\/figure>\n\t\t\t\t\t\t\t\t\t<\/div>\n\t\t\t\t<\/div>\n\t\t\t\t<div class=\"elementor-element elementor-element-106b9c42 elementor-widget elementor-widget-text-editor\" data-id=\"106b9c42\" data-element_type=\"widget\" data-e-type=\"widget\" data-widget_type=\"text-editor.default\">\n\t\t\t\t<div class=\"elementor-widget-container\">\n\t\t\t\t\t\t\t\t\t<p>L&#8217;estil de tots els edificis de la zona es correspon a l&#8217;arquitectura tradicional navarresa dels segles XVIII i XIX.<\/p>\t\t\t\t\t\t\t\t<\/div>\n\t\t\t\t<\/div>\n\t\t\t\t<div class=\"elementor-element elementor-element-7efb4a4a elementor-widget elementor-widget-image\" data-id=\"7efb4a4a\" data-element_type=\"widget\" data-e-type=\"widget\" data-widget_type=\"image.default\">\n\t\t\t\t<div class=\"elementor-widget-container\">\n\t\t\t\t\t\t\t\t\t\t\t\t<figure class=\"wp-caption\">\n\t\t\t\t\t\t\t\t\t\t<img loading=\"lazy\" decoding=\"async\" width=\"768\" height=\"512\" src=\"https:\/\/www.elturistatranquil.com\/wp-content\/uploads\/F06-Bera-Navarra-1.jpg\" class=\"attachment-large size-large wp-image-23140\" alt=\"\" srcset=\"https:\/\/www.elturistatranquil.com\/wp-content\/uploads\/F06-Bera-Navarra-1.jpg 768w, https:\/\/www.elturistatranquil.com\/wp-content\/uploads\/F06-Bera-Navarra-1-339x226.jpg 339w\" sizes=\"(max-width: 768px) 100vw, 768px\" \/>\t\t\t\t\t\t\t\t\t\t\t<figcaption class=\"widget-image-caption wp-caption-text\"><\/figcaption>\n\t\t\t\t\t\t\t\t\t\t<\/figure>\n\t\t\t\t\t\t\t\t\t<\/div>\n\t\t\t\t<\/div>\n\t\t\t\t<div class=\"elementor-element elementor-element-5ab4a8b5 elementor-widget elementor-widget-image\" data-id=\"5ab4a8b5\" data-element_type=\"widget\" data-e-type=\"widget\" data-widget_type=\"image.default\">\n\t\t\t\t<div class=\"elementor-widget-container\">\n\t\t\t\t\t\t\t\t\t\t\t\t<figure class=\"wp-caption\">\n\t\t\t\t\t\t\t\t\t\t<img loading=\"lazy\" decoding=\"async\" width=\"768\" height=\"511\" src=\"https:\/\/www.elturistatranquil.com\/wp-content\/uploads\/F07-Bera-Navarra-1.jpg\" class=\"attachment-large size-large wp-image-23142\" alt=\"\" srcset=\"https:\/\/www.elturistatranquil.com\/wp-content\/uploads\/F07-Bera-Navarra-1.jpg 768w, https:\/\/www.elturistatranquil.com\/wp-content\/uploads\/F07-Bera-Navarra-1-339x226.jpg 339w\" sizes=\"(max-width: 768px) 100vw, 768px\" \/>\t\t\t\t\t\t\t\t\t\t\t<figcaption class=\"widget-image-caption wp-caption-text\"><\/figcaption>\n\t\t\t\t\t\t\t\t\t\t<\/figure>\n\t\t\t\t\t\t\t\t\t<\/div>\n\t\t\t\t<\/div>\n\t\t\t\t<div class=\"elementor-element elementor-element-79c13185 elementor-widget elementor-widget-text-editor\" data-id=\"79c13185\" data-element_type=\"widget\" data-e-type=\"widget\" data-widget_type=\"text-editor.default\">\n\t\t\t\t<div class=\"elementor-widget-container\">\n\t\t\t\t\t\t\t\t\t<p>A la cantonada amb el carrer es troba el bust de Ferm\u00edn Legia, militar de Bera nascut el 1787 i que, en 1813, al comandament de 15 homes, va conquerir el castell d&#8217;Hondarribia als francesos.<\/p>\t\t\t\t\t\t\t\t<\/div>\n\t\t\t\t<\/div>\n\t\t\t\t<div class=\"elementor-element elementor-element-d983464 elementor-widget elementor-widget-menu-anchor\" data-id=\"d983464\" data-element_type=\"widget\" data-e-type=\"widget\" data-widget_type=\"menu-anchor.default\">\n\t\t\t\t<div class=\"elementor-widget-container\">\n\t\t\t\t\t\t\t<div class=\"elementor-menu-anchor\" id=\"c3807\"><\/div>\n\t\t\t\t\t\t<\/div>\n\t\t\t\t<\/div>\n\t\t\t\t<div class=\"elementor-element elementor-element-77dd3e8f elementor-widget elementor-widget-image\" data-id=\"77dd3e8f\" data-element_type=\"widget\" data-e-type=\"widget\" data-widget_type=\"image.default\">\n\t\t\t\t<div class=\"elementor-widget-container\">\n\t\t\t\t\t\t\t\t\t\t\t\t<figure class=\"wp-caption\">\n\t\t\t\t\t\t\t\t\t\t<img loading=\"lazy\" decoding=\"async\" width=\"768\" height=\"511\" src=\"https:\/\/www.elturistatranquil.com\/wp-content\/uploads\/F08-Bera-Navarra-1.jpg\" class=\"attachment-large size-large wp-image-23144\" alt=\"\" srcset=\"https:\/\/www.elturistatranquil.com\/wp-content\/uploads\/F08-Bera-Navarra-1.jpg 768w, https:\/\/www.elturistatranquil.com\/wp-content\/uploads\/F08-Bera-Navarra-1-339x226.jpg 339w\" sizes=\"(max-width: 768px) 100vw, 768px\" \/>\t\t\t\t\t\t\t\t\t\t\t<figcaption class=\"widget-image-caption wp-caption-text\"><\/figcaption>\n\t\t\t\t\t\t\t\t\t\t<\/figure>\n\t\t\t\t\t\t\t\t\t<\/div>\n\t\t\t\t<\/div>\n\t\t\t\t<div class=\"elementor-element elementor-element-3641be51 elementor-widget elementor-widget-heading\" data-id=\"3641be51\" data-element_type=\"widget\" data-e-type=\"widget\" data-widget_type=\"heading.default\">\n\t\t\t\t<div class=\"elementor-widget-container\">\n\t\t\t\t\t<h3 class=\"elementor-heading-title elementor-size-default\">Pla\u00e7a de l'Ajuntament<\/h3>\t\t\t\t<\/div>\n\t\t\t\t<\/div>\n\t\t\t\t<div class=\"elementor-element elementor-element-51194edf elementor-widget elementor-widget-text-editor\" data-id=\"51194edf\" data-element_type=\"widget\" data-e-type=\"widget\" data-widget_type=\"text-editor.default\">\n\t\t\t\t<div class=\"elementor-widget-container\">\n\t\t\t\t\t\t\t\t\t<p>La <strong>pla\u00e7a de l&#8217;Ajuntament<\/strong> (<strong>3<\/strong>) es tracta d&#8217;una pla\u00e7a irregular, no tancada, presidida des de l&#8217;altura per l&#8217;Esgl\u00e9sia de San Esteban, i adaptada al pendent del terreny.<\/p><p>A la banda oest est\u00e0 situat l&#8217;<strong>Ajuntament<\/strong> (<strong>4<\/strong>), l&#8217;edifici m\u00e9s emblem\u00e0tic, amb forma de gran casalot de tres nivells, amb porxos a la planta baixa formats per sis arcs rebaixats. A la fa\u00e7ana consten dues dates: 1776, que correspon al de la seva construcci\u00f3 en estil neocl\u00e0ssic, i 1983, el de la seva rehabilitaci\u00f3, on es van trobar a la fa\u00e7ana restes de pintures. En elles es va basar Julio Caro Baroja per realitzar uns dibuixos que Juan Ignacio Larramendi, fill de Bera, va pintar.<\/p>\t\t\t\t\t\t\t\t<\/div>\n\t\t\t\t<\/div>\n\t\t\t\t<div class=\"elementor-element elementor-element-8f588a1 elementor-widget elementor-widget-image\" data-id=\"8f588a1\" data-element_type=\"widget\" data-e-type=\"widget\" data-widget_type=\"image.default\">\n\t\t\t\t<div class=\"elementor-widget-container\">\n\t\t\t\t\t\t\t\t\t\t\t\t<figure class=\"wp-caption\">\n\t\t\t\t\t\t\t\t\t\t<img loading=\"lazy\" decoding=\"async\" width=\"768\" height=\"511\" src=\"https:\/\/www.elturistatranquil.com\/wp-content\/uploads\/F09-Bera-Navarra-Ayuntamiento-1.jpg\" class=\"attachment-large size-large wp-image-23146\" alt=\"\" srcset=\"https:\/\/www.elturistatranquil.com\/wp-content\/uploads\/F09-Bera-Navarra-Ayuntamiento-1.jpg 768w, https:\/\/www.elturistatranquil.com\/wp-content\/uploads\/F09-Bera-Navarra-Ayuntamiento-1-339x226.jpg 339w\" sizes=\"(max-width: 768px) 100vw, 768px\" \/>\t\t\t\t\t\t\t\t\t\t\t<figcaption class=\"widget-image-caption wp-caption-text\"><\/figcaption>\n\t\t\t\t\t\t\t\t\t\t<\/figure>\n\t\t\t\t\t\t\t\t\t<\/div>\n\t\t\t\t<\/div>\n\t\t\t\t<div class=\"elementor-element elementor-element-1a8bf96f elementor-widget elementor-widget-image\" data-id=\"1a8bf96f\" data-element_type=\"widget\" data-e-type=\"widget\" data-widget_type=\"image.default\">\n\t\t\t\t<div class=\"elementor-widget-container\">\n\t\t\t\t\t\t\t\t\t\t\t\t<figure class=\"wp-caption\">\n\t\t\t\t\t\t\t\t\t\t<img loading=\"lazy\" decoding=\"async\" width=\"768\" height=\"511\" src=\"https:\/\/www.elturistatranquil.com\/wp-content\/uploads\/F10-Bera-Navarra-Ayuntamiento-1.jpg\" class=\"attachment-large size-large wp-image-23148\" alt=\"\" srcset=\"https:\/\/www.elturistatranquil.com\/wp-content\/uploads\/F10-Bera-Navarra-Ayuntamiento-1.jpg 768w, https:\/\/www.elturistatranquil.com\/wp-content\/uploads\/F10-Bera-Navarra-Ayuntamiento-1-339x226.jpg 339w\" sizes=\"(max-width: 768px) 100vw, 768px\" \/>\t\t\t\t\t\t\t\t\t\t\t<figcaption class=\"widget-image-caption wp-caption-text\"><\/figcaption>\n\t\t\t\t\t\t\t\t\t\t<\/figure>\n\t\t\t\t\t\t\t\t\t<\/div>\n\t\t\t\t<\/div>\n\t\t\t\t<div class=\"elementor-element elementor-element-283771e elementor-widget elementor-widget-text-editor\" data-id=\"283771e\" data-element_type=\"widget\" data-e-type=\"widget\" data-widget_type=\"text-editor.default\">\n\t\t\t\t<div class=\"elementor-widget-container\">\n\t\t\t\t\t\t\t\t\t<p>Al lateral dret una escultura i dues l\u00e0pides a terra honra als oblidats de la Guerra espanyola de 1936-1939: <em>Ahantzien oroimenez 1936-1939<\/em> (En mem\u00f2ria de l&#8217;oblit 1936-1939).<\/p>\t\t\t\t\t\t\t\t<\/div>\n\t\t\t\t<\/div>\n\t\t\t\t<div class=\"elementor-element elementor-element-7a249d7a elementor-widget elementor-widget-image\" data-id=\"7a249d7a\" data-element_type=\"widget\" data-e-type=\"widget\" data-widget_type=\"image.default\">\n\t\t\t\t<div class=\"elementor-widget-container\">\n\t\t\t\t\t\t\t\t\t\t\t\t<figure class=\"wp-caption\">\n\t\t\t\t\t\t\t\t\t\t<img loading=\"lazy\" decoding=\"async\" width=\"768\" height=\"512\" src=\"https:\/\/www.elturistatranquil.com\/wp-content\/uploads\/F11a-Bera-Navarra-Ayuntamiento-1.jpg\" class=\"attachment-large size-large wp-image-23150\" alt=\"\" srcset=\"https:\/\/www.elturistatranquil.com\/wp-content\/uploads\/F11a-Bera-Navarra-Ayuntamiento-1.jpg 768w, https:\/\/www.elturistatranquil.com\/wp-content\/uploads\/F11a-Bera-Navarra-Ayuntamiento-1-339x226.jpg 339w\" sizes=\"(max-width: 768px) 100vw, 768px\" \/>\t\t\t\t\t\t\t\t\t\t\t<figcaption class=\"widget-image-caption wp-caption-text\"><\/figcaption>\n\t\t\t\t\t\t\t\t\t\t<\/figure>\n\t\t\t\t\t\t\t\t\t<\/div>\n\t\t\t\t<\/div>\n\t\t\t\t<div class=\"elementor-element elementor-element-79c8ef9e elementor-widget elementor-widget-text-editor\" data-id=\"79c8ef9e\" data-element_type=\"widget\" data-e-type=\"widget\" data-widget_type=\"text-editor.default\">\n\t\t\t\t<div class=\"elementor-widget-container\">\n\t\t\t\t\t\t\t\t\t<p><em>Akantziak 1963-1939 <\/em>(L&#8217;oblit 1936-1939)<\/p>\t\t\t\t\t\t\t\t<\/div>\n\t\t\t\t<\/div>\n\t\t\t\t<div class=\"elementor-element elementor-element-3946f767 elementor-widget elementor-widget-image\" data-id=\"3946f767\" data-element_type=\"widget\" data-e-type=\"widget\" data-widget_type=\"image.default\">\n\t\t\t\t<div class=\"elementor-widget-container\">\n\t\t\t\t\t\t\t\t\t\t\t\t<figure class=\"wp-caption\">\n\t\t\t\t\t\t\t\t\t\t<img loading=\"lazy\" decoding=\"async\" width=\"768\" height=\"512\" src=\"https:\/\/www.elturistatranquil.com\/wp-content\/uploads\/F11b-Bera-Navarra-Ayuntamiento-1.jpg\" class=\"attachment-large size-large wp-image-23152\" alt=\"\" srcset=\"https:\/\/www.elturistatranquil.com\/wp-content\/uploads\/F11b-Bera-Navarra-Ayuntamiento-1.jpg 768w, https:\/\/www.elturistatranquil.com\/wp-content\/uploads\/F11b-Bera-Navarra-Ayuntamiento-1-339x226.jpg 339w\" sizes=\"(max-width: 768px) 100vw, 768px\" \/>\t\t\t\t\t\t\t\t\t\t\t<figcaption class=\"widget-image-caption wp-caption-text\"><\/figcaption>\n\t\t\t\t\t\t\t\t\t\t<\/figure>\n\t\t\t\t\t\t\t\t\t<\/div>\n\t\t\t\t<\/div>\n\t\t\t\t<div class=\"elementor-element elementor-element-64f85d38 elementor-widget elementor-widget-text-editor\" data-id=\"64f85d38\" data-element_type=\"widget\" data-e-type=\"widget\" data-widget_type=\"text-editor.default\">\n\t\t\t\t<div class=\"elementor-widget-container\">\n\t\t\t\t\t\t\t\t\t<p>A la dreta de l&#8217;Ajuntament, a l&#8217;altre costat del carrer i una mica al fons, la <strong>casa Aroztegia<\/strong> (casa Larunbe) (<strong>5<\/strong>). Aquest palauet, constru\u00eft al 1796, exhibeix l\u2019escut d&#8217;armes de Legia. En ella van pernoctar Jos\u00e9 Bonaparte i el duc de Wellington.<\/p><p>Al costat, cases menys senyorials, d&#8217;estil d&#8217;arquitectura local.<\/p>\t\t\t\t\t\t\t\t<\/div>\n\t\t\t\t<\/div>\n\t\t\t\t<div class=\"elementor-element elementor-element-11c91b4f elementor-widget elementor-widget-image\" data-id=\"11c91b4f\" data-element_type=\"widget\" data-e-type=\"widget\" data-widget_type=\"image.default\">\n\t\t\t\t<div class=\"elementor-widget-container\">\n\t\t\t\t\t\t\t\t\t\t\t\t<figure class=\"wp-caption\">\n\t\t\t\t\t\t\t\t\t\t<img loading=\"lazy\" decoding=\"async\" width=\"768\" height=\"512\" src=\"https:\/\/www.elturistatranquil.com\/wp-content\/uploads\/F12-Bera-Navarra-1.jpg\" class=\"attachment-large size-large wp-image-23154\" alt=\"\" srcset=\"https:\/\/www.elturistatranquil.com\/wp-content\/uploads\/F12-Bera-Navarra-1.jpg 768w, https:\/\/www.elturistatranquil.com\/wp-content\/uploads\/F12-Bera-Navarra-1-339x226.jpg 339w\" sizes=\"(max-width: 768px) 100vw, 768px\" \/>\t\t\t\t\t\t\t\t\t\t\t<figcaption class=\"widget-image-caption wp-caption-text\"><\/figcaption>\n\t\t\t\t\t\t\t\t\t\t<\/figure>\n\t\t\t\t\t\t\t\t\t<\/div>\n\t\t\t\t<\/div>\n\t\t\t\t<div class=\"elementor-element elementor-element-57341324 elementor-widget elementor-widget-image\" data-id=\"57341324\" data-element_type=\"widget\" data-e-type=\"widget\" data-widget_type=\"image.default\">\n\t\t\t\t<div class=\"elementor-widget-container\">\n\t\t\t\t\t\t\t\t\t\t\t\t<figure class=\"wp-caption\">\n\t\t\t\t\t\t\t\t\t\t<img loading=\"lazy\" decoding=\"async\" width=\"768\" height=\"511\" src=\"https:\/\/www.elturistatranquil.com\/wp-content\/uploads\/F13-Bera-Navarra-1.jpg\" class=\"attachment-large size-large wp-image-23156\" alt=\"\" srcset=\"https:\/\/www.elturistatranquil.com\/wp-content\/uploads\/F13-Bera-Navarra-1.jpg 768w, https:\/\/www.elturistatranquil.com\/wp-content\/uploads\/F13-Bera-Navarra-1-339x226.jpg 339w\" sizes=\"(max-width: 768px) 100vw, 768px\" \/>\t\t\t\t\t\t\t\t\t\t\t<figcaption class=\"widget-image-caption wp-caption-text\"><\/figcaption>\n\t\t\t\t\t\t\t\t\t\t<\/figure>\n\t\t\t\t\t\t\t\t\t<\/div>\n\t\t\t\t<\/div>\n\t\t\t\t<div class=\"elementor-element elementor-element-5e2183f0 elementor-widget elementor-widget-text-editor\" data-id=\"5e2183f0\" data-element_type=\"widget\" data-e-type=\"widget\" data-widget_type=\"text-editor.default\">\n\t\t\t\t<div class=\"elementor-widget-container\">\n\t\t\t\t\t\t\t\t\t<p>A continuaci\u00f3 d&#8217;aquestes cases es troba un dels <strong>safareigs p\u00fablics<\/strong> (<strong>6<\/strong>) de Bera.<\/p>\t\t\t\t\t\t\t\t<\/div>\n\t\t\t\t<\/div>\n\t\t\t\t<div class=\"elementor-element elementor-element-295f28bb elementor-widget elementor-widget-image\" data-id=\"295f28bb\" data-element_type=\"widget\" data-e-type=\"widget\" data-widget_type=\"image.default\">\n\t\t\t\t<div class=\"elementor-widget-container\">\n\t\t\t\t\t\t\t\t\t\t\t\t<figure class=\"wp-caption\">\n\t\t\t\t\t\t\t\t\t\t<img loading=\"lazy\" decoding=\"async\" width=\"768\" height=\"511\" src=\"https:\/\/www.elturistatranquil.com\/wp-content\/uploads\/F14-Bera-Navarra-1.jpg\" class=\"attachment-large size-large wp-image-23158\" alt=\"\" srcset=\"https:\/\/www.elturistatranquil.com\/wp-content\/uploads\/F14-Bera-Navarra-1.jpg 768w, https:\/\/www.elturistatranquil.com\/wp-content\/uploads\/F14-Bera-Navarra-1-339x226.jpg 339w\" sizes=\"(max-width: 768px) 100vw, 768px\" \/>\t\t\t\t\t\t\t\t\t\t\t<figcaption class=\"widget-image-caption wp-caption-text\"><\/figcaption>\n\t\t\t\t\t\t\t\t\t\t<\/figure>\n\t\t\t\t\t\t\t\t\t<\/div>\n\t\t\t\t<\/div>\n\t\t\t\t<div class=\"elementor-element elementor-element-3355b62a elementor-widget elementor-widget-text-editor\" data-id=\"3355b62a\" data-element_type=\"widget\" data-e-type=\"widget\" data-widget_type=\"text-editor.default\">\n\t\t\t\t<div class=\"elementor-widget-container\">\n\t\t\t\t\t\t\t\t\t<p>Abans de pujar a l&#8217;Esgl\u00e9sia dono una volta per darrere de l&#8217;Ajuntament, per contemplar la casa <strong>Donfelipebaita<\/strong> (casa Larratxe) (<strong>7<\/strong>), \u00e9s un exemple d&#8217;arquitectura del segle XVIII, amb reformes posteriors.<\/p>\t\t\t\t\t\t\t\t<\/div>\n\t\t\t\t<\/div>\n\t\t\t\t<div class=\"elementor-element elementor-element-7900dacd elementor-widget elementor-widget-image\" data-id=\"7900dacd\" data-element_type=\"widget\" data-e-type=\"widget\" data-widget_type=\"image.default\">\n\t\t\t\t<div class=\"elementor-widget-container\">\n\t\t\t\t\t\t\t\t\t\t\t\t<figure class=\"wp-caption\">\n\t\t\t\t\t\t\t\t\t\t<img loading=\"lazy\" decoding=\"async\" width=\"768\" height=\"511\" src=\"https:\/\/www.elturistatranquil.com\/wp-content\/uploads\/F15-Bera-Navarra-1.jpg\" class=\"attachment-large size-large wp-image-23160\" alt=\"\" srcset=\"https:\/\/www.elturistatranquil.com\/wp-content\/uploads\/F15-Bera-Navarra-1.jpg 768w, https:\/\/www.elturistatranquil.com\/wp-content\/uploads\/F15-Bera-Navarra-1-339x226.jpg 339w\" sizes=\"(max-width: 768px) 100vw, 768px\" \/>\t\t\t\t\t\t\t\t\t\t\t<figcaption class=\"widget-image-caption wp-caption-text\"><\/figcaption>\n\t\t\t\t\t\t\t\t\t\t<\/figure>\n\t\t\t\t\t\t\t\t\t<\/div>\n\t\t\t\t<\/div>\n\t\t\t\t<div class=\"elementor-element elementor-element-3f4f2b88 elementor-widget elementor-widget-text-editor\" data-id=\"3f4f2b88\" data-element_type=\"widget\" data-e-type=\"widget\" data-widget_type=\"text-editor.default\">\n\t\t\t\t<div class=\"elementor-widget-container\">\n\t\t\t\t\t\t\t\t\t<p>Amb el caracter\u00edstic ample aler doble, i escut d&#8217;armes.<\/p>\t\t\t\t\t\t\t\t<\/div>\n\t\t\t\t<\/div>\n\t\t\t\t<div class=\"elementor-element elementor-element-34c683b0 elementor-widget elementor-widget-image\" data-id=\"34c683b0\" data-element_type=\"widget\" data-e-type=\"widget\" data-widget_type=\"image.default\">\n\t\t\t\t<div class=\"elementor-widget-container\">\n\t\t\t\t\t\t\t\t\t\t\t\t<figure class=\"wp-caption\">\n\t\t\t\t\t\t\t\t\t\t<img loading=\"lazy\" decoding=\"async\" width=\"768\" height=\"511\" src=\"https:\/\/www.elturistatranquil.com\/wp-content\/uploads\/F16-Bera-Navarra-1.jpg\" class=\"attachment-large size-large wp-image-23162\" alt=\"\" srcset=\"https:\/\/www.elturistatranquil.com\/wp-content\/uploads\/F16-Bera-Navarra-1.jpg 768w, https:\/\/www.elturistatranquil.com\/wp-content\/uploads\/F16-Bera-Navarra-1-339x226.jpg 339w\" sizes=\"(max-width: 768px) 100vw, 768px\" \/>\t\t\t\t\t\t\t\t\t\t\t<figcaption class=\"widget-image-caption wp-caption-text\"><\/figcaption>\n\t\t\t\t\t\t\t\t\t\t<\/figure>\n\t\t\t\t\t\t\t\t\t<\/div>\n\t\t\t\t<\/div>\n\t\t\t\t<div class=\"elementor-element elementor-element-2b323870 elementor-widget elementor-widget-image\" data-id=\"2b323870\" data-element_type=\"widget\" data-e-type=\"widget\" data-widget_type=\"image.default\">\n\t\t\t\t<div class=\"elementor-widget-container\">\n\t\t\t\t\t\t\t\t\t\t\t\t<figure class=\"wp-caption\">\n\t\t\t\t\t\t\t\t\t\t<img loading=\"lazy\" decoding=\"async\" width=\"768\" height=\"511\" src=\"https:\/\/www.elturistatranquil.com\/wp-content\/uploads\/F17-Bera-Navarra-1.jpg\" class=\"attachment-large size-large wp-image-23164\" alt=\"\" srcset=\"https:\/\/www.elturistatranquil.com\/wp-content\/uploads\/F17-Bera-Navarra-1.jpg 768w, https:\/\/www.elturistatranquil.com\/wp-content\/uploads\/F17-Bera-Navarra-1-339x226.jpg 339w\" sizes=\"(max-width: 768px) 100vw, 768px\" \/>\t\t\t\t\t\t\t\t\t\t\t<figcaption class=\"widget-image-caption wp-caption-text\"><\/figcaption>\n\t\t\t\t\t\t\t\t\t\t<\/figure>\n\t\t\t\t\t\t\t\t\t<\/div>\n\t\t\t\t<\/div>\n\t\t\t\t<div class=\"elementor-element elementor-element-9baf616 elementor-widget elementor-widget-menu-anchor\" data-id=\"9baf616\" data-element_type=\"widget\" data-e-type=\"widget\" data-widget_type=\"menu-anchor.default\">\n\t\t\t\t<div class=\"elementor-widget-container\">\n\t\t\t\t\t\t\t<div class=\"elementor-menu-anchor\" id=\"c3808\"><\/div>\n\t\t\t\t\t\t<\/div>\n\t\t\t\t<\/div>\n\t\t\t\t<div class=\"elementor-element elementor-element-c45095a elementor-widget elementor-widget-image\" data-id=\"c45095a\" data-element_type=\"widget\" data-e-type=\"widget\" data-widget_type=\"image.default\">\n\t\t\t\t<div class=\"elementor-widget-container\">\n\t\t\t\t\t\t\t\t\t\t\t\t<figure class=\"wp-caption\">\n\t\t\t\t\t\t\t\t\t\t<img loading=\"lazy\" decoding=\"async\" width=\"768\" height=\"511\" src=\"https:\/\/www.elturistatranquil.com\/wp-content\/uploads\/F18-Bera-Navarra-1.jpg\" class=\"attachment-large size-large wp-image-23166\" alt=\"\" srcset=\"https:\/\/www.elturistatranquil.com\/wp-content\/uploads\/F18-Bera-Navarra-1.jpg 768w, https:\/\/www.elturistatranquil.com\/wp-content\/uploads\/F18-Bera-Navarra-1-339x226.jpg 339w\" sizes=\"(max-width: 768px) 100vw, 768px\" \/>\t\t\t\t\t\t\t\t\t\t\t<figcaption class=\"widget-image-caption wp-caption-text\"><\/figcaption>\n\t\t\t\t\t\t\t\t\t\t<\/figure>\n\t\t\t\t\t\t\t\t\t<\/div>\n\t\t\t\t<\/div>\n\t\t\t\t<div class=\"elementor-element elementor-element-29294fc7 elementor-widget elementor-widget-heading\" data-id=\"29294fc7\" data-element_type=\"widget\" data-e-type=\"widget\" data-widget_type=\"heading.default\">\n\t\t\t\t<div class=\"elementor-widget-container\">\n\t\t\t\t\t<h3 class=\"elementor-heading-title elementor-size-default\">Esgl\u00e9sia de San Esteban<\/h3>\t\t\t\t<\/div>\n\t\t\t\t<\/div>\n\t\t\t\t<div class=\"elementor-element elementor-element-3677a074 elementor-widget elementor-widget-text-editor\" data-id=\"3677a074\" data-element_type=\"widget\" data-e-type=\"widget\" data-widget_type=\"text-editor.default\">\n\t\t\t\t<div class=\"elementor-widget-container\">\n\t\t\t\t\t\t\t\t\t<p>En tornar a la pla\u00e7a m\u2019enfronto amb l&#8217; <strong>Esgl\u00e9sia de San Esteban<\/strong> (<strong>8<\/strong>), situada a la part elevada de la zona.<\/p>\t\t\t\t\t\t\t\t<\/div>\n\t\t\t\t<\/div>\n\t\t\t\t<div class=\"elementor-element elementor-element-29446a3 elementor-widget elementor-widget-image\" data-id=\"29446a3\" data-element_type=\"widget\" data-e-type=\"widget\" data-widget_type=\"image.default\">\n\t\t\t\t<div class=\"elementor-widget-container\">\n\t\t\t\t\t\t\t\t\t\t\t\t<figure class=\"wp-caption\">\n\t\t\t\t\t\t\t\t\t\t<img loading=\"lazy\" decoding=\"async\" width=\"768\" height=\"512\" src=\"https:\/\/www.elturistatranquil.com\/wp-content\/uploads\/F19-Bera-Navarra-Iglesia-de-San-Esteban-1.jpg\" class=\"attachment-large size-large wp-image-23168\" alt=\"\" srcset=\"https:\/\/www.elturistatranquil.com\/wp-content\/uploads\/F19-Bera-Navarra-Iglesia-de-San-Esteban-1.jpg 768w, https:\/\/www.elturistatranquil.com\/wp-content\/uploads\/F19-Bera-Navarra-Iglesia-de-San-Esteban-1-339x226.jpg 339w\" sizes=\"(max-width: 768px) 100vw, 768px\" \/>\t\t\t\t\t\t\t\t\t\t\t<figcaption class=\"widget-image-caption wp-caption-text\"><\/figcaption>\n\t\t\t\t\t\t\t\t\t\t<\/figure>\n\t\t\t\t\t\t\t\t\t<\/div>\n\t\t\t\t<\/div>\n\t\t\t\t<div class=\"elementor-element elementor-element-3ad79fd5 elementor-widget elementor-widget-image\" data-id=\"3ad79fd5\" data-element_type=\"widget\" data-e-type=\"widget\" data-widget_type=\"image.default\">\n\t\t\t\t<div class=\"elementor-widget-container\">\n\t\t\t\t\t\t\t\t\t\t\t\t<figure class=\"wp-caption\">\n\t\t\t\t\t\t\t\t\t\t<img loading=\"lazy\" decoding=\"async\" width=\"768\" height=\"511\" src=\"https:\/\/www.elturistatranquil.com\/wp-content\/uploads\/F20-Bera-Navarra-Iglesia-de-San-Esteban-1.jpg\" class=\"attachment-large size-large wp-image-23170\" alt=\"\" srcset=\"https:\/\/www.elturistatranquil.com\/wp-content\/uploads\/F20-Bera-Navarra-Iglesia-de-San-Esteban-1.jpg 768w, https:\/\/www.elturistatranquil.com\/wp-content\/uploads\/F20-Bera-Navarra-Iglesia-de-San-Esteban-1-339x226.jpg 339w\" sizes=\"(max-width: 768px) 100vw, 768px\" \/>\t\t\t\t\t\t\t\t\t\t\t<figcaption class=\"widget-image-caption wp-caption-text\"><\/figcaption>\n\t\t\t\t\t\t\t\t\t\t<\/figure>\n\t\t\t\t\t\t\t\t\t<\/div>\n\t\t\t\t<\/div>\n\t\t\t\t<div class=\"elementor-element elementor-element-7d49919f elementor-widget elementor-widget-text-editor\" data-id=\"7d49919f\" data-element_type=\"widget\" data-e-type=\"widget\" data-widget_type=\"text-editor.default\">\n\t\t\t\t<div class=\"elementor-widget-container\">\n\t\t\t\t\t\t\t\t\t<p>Construcci\u00f3 d&#8217;origen medieval g\u00f2tic, que b\u00e9 va poder haver estat una casa-torre de car\u00e0cter defensiu, o una primitiva esgl\u00e9sia g\u00f2tica. A partir d&#8217;aquest nucli medieval, l&#8217;esgl\u00e9sia es va ampliar al segle XVI amb dos trams i una cap\u00e7alera. Va tornar a ampliar-se en 1632 amb un ampli creuer. El 4 d&#8217;abril de 1838, en el marc de la primera guerra Carlina, els liberals en la seva retirada van incendiar l&#8217;esgl\u00e9sia, que va patir importants danys. Al segle XIX es va enfonsar la volta del tram dels peus de la nau, reconstruint-se tot seguit guardant una continu\u00eftat d&#8217;estil. En 1964-1965 es va dur a terme una restauraci\u00f3 deixant el carreu dels murs a la vista.<\/p><p>Presenta planta de creu llatina, amb una nau molt espaiosa i de gran al\u00e7ada, amb tres trams, incl\u00f2s el creuer, m\u00e9s cap\u00e7alera recta.<\/p>\t\t\t\t\t\t\t\t<\/div>\n\t\t\t\t<\/div>\n\t\t\t\t<div class=\"elementor-element elementor-element-46e579b2 elementor-widget elementor-widget-image\" data-id=\"46e579b2\" data-element_type=\"widget\" data-e-type=\"widget\" data-widget_type=\"image.default\">\n\t\t\t\t<div class=\"elementor-widget-container\">\n\t\t\t\t\t\t\t\t\t\t\t\t<figure class=\"wp-caption\">\n\t\t\t\t\t\t\t\t\t\t<img loading=\"lazy\" decoding=\"async\" width=\"768\" height=\"514\" src=\"https:\/\/www.elturistatranquil.com\/wp-content\/uploads\/F21-Bera-Navarra-Iglesia-de-San-Esteban-1.jpg\" class=\"attachment-large size-large wp-image-23172\" alt=\"\" srcset=\"https:\/\/www.elturistatranquil.com\/wp-content\/uploads\/F21-Bera-Navarra-Iglesia-de-San-Esteban-1.jpg 768w, https:\/\/www.elturistatranquil.com\/wp-content\/uploads\/F21-Bera-Navarra-Iglesia-de-San-Esteban-1-339x226.jpg 339w\" sizes=\"(max-width: 768px) 100vw, 768px\" \/>\t\t\t\t\t\t\t\t\t\t\t<figcaption class=\"widget-image-caption wp-caption-text\"><\/figcaption>\n\t\t\t\t\t\t\t\t\t\t<\/figure>\n\t\t\t\t\t\t\t\t\t<\/div>\n\t\t\t\t<\/div>\n\t\t\t\t<div class=\"elementor-element elementor-element-38956291 elementor-widget elementor-widget-text-editor\" data-id=\"38956291\" data-element_type=\"widget\" data-e-type=\"widget\" data-widget_type=\"text-editor.default\">\n\t\t\t\t<div class=\"elementor-widget-container\">\n\t\t\t\t\t\t\t\t\t<p>L&#8217;habitual porxo de les zones plujoses situat al costat de l&#8217;ep\u00edstola, amb la porta principal apuntada. El porxo, del segle XIX se sost\u00e9 sobre cinc columnes d\u00f2riques.<\/p>\t\t\t\t\t\t\t\t<\/div>\n\t\t\t\t<\/div>\n\t\t\t\t<div class=\"elementor-element elementor-element-2c421b29 elementor-widget elementor-widget-image\" data-id=\"2c421b29\" data-element_type=\"widget\" data-e-type=\"widget\" data-widget_type=\"image.default\">\n\t\t\t\t<div class=\"elementor-widget-container\">\n\t\t\t\t\t\t\t\t\t\t\t\t<figure class=\"wp-caption\">\n\t\t\t\t\t\t\t\t\t\t<img loading=\"lazy\" decoding=\"async\" width=\"768\" height=\"512\" src=\"https:\/\/www.elturistatranquil.com\/wp-content\/uploads\/F22-Bera-Navarra-Iglesia-de-San-Esteban-1.jpg\" class=\"attachment-large size-large wp-image-23174\" alt=\"\" srcset=\"https:\/\/www.elturistatranquil.com\/wp-content\/uploads\/F22-Bera-Navarra-Iglesia-de-San-Esteban-1.jpg 768w, https:\/\/www.elturistatranquil.com\/wp-content\/uploads\/F22-Bera-Navarra-Iglesia-de-San-Esteban-1-339x226.jpg 339w\" sizes=\"(max-width: 768px) 100vw, 768px\" \/>\t\t\t\t\t\t\t\t\t\t\t<figcaption class=\"widget-image-caption wp-caption-text\"><\/figcaption>\n\t\t\t\t\t\t\t\t\t\t<\/figure>\n\t\t\t\t\t\t\t\t\t<\/div>\n\t\t\t\t<\/div>\n\t\t\t\t<div class=\"elementor-element elementor-element-44ff833b elementor-widget elementor-widget-text-editor\" data-id=\"44ff833b\" data-element_type=\"widget\" data-e-type=\"widget\" data-widget_type=\"text-editor.default\">\n\t\t\t\t<div class=\"elementor-widget-container\">\n\t\t\t\t\t\t\t\t\t<p>Sota el mateix porxo, en el creuer s&#8217;obre una altra porta de mig punt amb dovelles. Al seu costat, per l&#8217;exterior ascendeix una escala de pedra fins a un primer nivell de la torre que est\u00e0 adossada al creuer en el seu costat orientat a l&#8217;est.<\/p><p>Davant, un camp amb esteles discoideas que pertanyien a l&#8217;antic cementiri que envoltava a l&#8217;Esgl\u00e9sia.<\/p>\t\t\t\t\t\t\t\t<\/div>\n\t\t\t\t<\/div>\n\t\t\t\t<div class=\"elementor-element elementor-element-3270fa7b elementor-widget elementor-widget-image\" data-id=\"3270fa7b\" data-element_type=\"widget\" data-e-type=\"widget\" data-widget_type=\"image.default\">\n\t\t\t\t<div class=\"elementor-widget-container\">\n\t\t\t\t\t\t\t\t\t\t\t\t<figure class=\"wp-caption\">\n\t\t\t\t\t\t\t\t\t\t<img loading=\"lazy\" decoding=\"async\" width=\"768\" height=\"512\" src=\"https:\/\/www.elturistatranquil.com\/wp-content\/uploads\/F23-Bera-Navarra-Iglesia-de-San-Esteban-1.jpg\" class=\"attachment-large size-large wp-image-23176\" alt=\"\" srcset=\"https:\/\/www.elturistatranquil.com\/wp-content\/uploads\/F23-Bera-Navarra-Iglesia-de-San-Esteban-1.jpg 768w, https:\/\/www.elturistatranquil.com\/wp-content\/uploads\/F23-Bera-Navarra-Iglesia-de-San-Esteban-1-339x226.jpg 339w\" sizes=\"(max-width: 768px) 100vw, 768px\" \/>\t\t\t\t\t\t\t\t\t\t\t<figcaption class=\"widget-image-caption wp-caption-text\"><\/figcaption>\n\t\t\t\t\t\t\t\t\t\t<\/figure>\n\t\t\t\t\t\t\t\t\t<\/div>\n\t\t\t\t<\/div>\n\t\t\t\t<div class=\"elementor-element elementor-element-137a4073 elementor-widget elementor-widget-image\" data-id=\"137a4073\" data-element_type=\"widget\" data-e-type=\"widget\" data-widget_type=\"image.default\">\n\t\t\t\t<div class=\"elementor-widget-container\">\n\t\t\t\t\t\t\t\t\t\t\t\t<figure class=\"wp-caption\">\n\t\t\t\t\t\t\t\t\t\t<img loading=\"lazy\" decoding=\"async\" width=\"768\" height=\"511\" src=\"https:\/\/www.elturistatranquil.com\/wp-content\/uploads\/F24-Bera-Navarra-Iglesia-de-San-Esteban-1.jpg\" class=\"attachment-large size-large wp-image-23178\" alt=\"\" srcset=\"https:\/\/www.elturistatranquil.com\/wp-content\/uploads\/F24-Bera-Navarra-Iglesia-de-San-Esteban-1.jpg 768w, https:\/\/www.elturistatranquil.com\/wp-content\/uploads\/F24-Bera-Navarra-Iglesia-de-San-Esteban-1-339x226.jpg 339w\" sizes=\"(max-width: 768px) 100vw, 768px\" \/>\t\t\t\t\t\t\t\t\t\t\t<figcaption class=\"widget-image-caption wp-caption-text\"><\/figcaption>\n\t\t\t\t\t\t\t\t\t\t<\/figure>\n\t\t\t\t\t\t\t\t\t<\/div>\n\t\t\t\t<\/div>\n\t\t\t\t<div class=\"elementor-element elementor-element-4b52efa9 elementor-widget elementor-widget-text-editor\" data-id=\"4b52efa9\" data-element_type=\"widget\" data-e-type=\"widget\" data-widget_type=\"text-editor.default\">\n\t\t\t\t<div class=\"elementor-widget-container\">\n\t\t\t\t\t\t\t\t\t<p>La torre campanar, adossada al creuer i l&#8217;absis, \u00e9s del segle XVII, amb dos cossos superiors que sobresurten, el dels rellotges i el de les campanes. Disposa de dos rellotges, un cap al sud i un altre cap a l&#8217;est, orientats vers al poble.<\/p>\t\t\t\t\t\t\t\t<\/div>\n\t\t\t\t<\/div>\n\t\t\t\t<div class=\"elementor-element elementor-element-1a3068f5 elementor-widget elementor-widget-image\" data-id=\"1a3068f5\" data-element_type=\"widget\" data-e-type=\"widget\" data-widget_type=\"image.default\">\n\t\t\t\t<div class=\"elementor-widget-container\">\n\t\t\t\t\t\t\t\t\t\t\t\t<figure class=\"wp-caption\">\n\t\t\t\t\t\t\t\t\t\t<img loading=\"lazy\" decoding=\"async\" width=\"768\" height=\"511\" src=\"https:\/\/www.elturistatranquil.com\/wp-content\/uploads\/F25-Bera-Navarra-Iglesia-de-San-Esteban-1.jpg\" class=\"attachment-large size-large wp-image-23180\" alt=\"\" srcset=\"https:\/\/www.elturistatranquil.com\/wp-content\/uploads\/F25-Bera-Navarra-Iglesia-de-San-Esteban-1.jpg 768w, https:\/\/www.elturistatranquil.com\/wp-content\/uploads\/F25-Bera-Navarra-Iglesia-de-San-Esteban-1-339x226.jpg 339w\" sizes=\"(max-width: 768px) 100vw, 768px\" \/>\t\t\t\t\t\t\t\t\t\t\t<figcaption class=\"widget-image-caption wp-caption-text\"><\/figcaption>\n\t\t\t\t\t\t\t\t\t\t<\/figure>\n\t\t\t\t\t\t\t\t\t<\/div>\n\t\t\t\t<\/div>\n\t\t\t\t<div class=\"elementor-element elementor-element-45e16155 elementor-widget elementor-widget-text-editor\" data-id=\"45e16155\" data-element_type=\"widget\" data-e-type=\"widget\" data-widget_type=\"text-editor.default\">\n\t\t\t\t<div class=\"elementor-widget-container\">\n\t\t\t\t\t\t\t\t\t<p>A l&#8217;absis pla i la torre, se li va adossar la casa parroquial.<\/p>\t\t\t\t\t\t\t\t<\/div>\n\t\t\t\t<\/div>\n\t\t\t\t<div class=\"elementor-element elementor-element-7a35b4b6 elementor-widget elementor-widget-image\" data-id=\"7a35b4b6\" data-element_type=\"widget\" data-e-type=\"widget\" data-widget_type=\"image.default\">\n\t\t\t\t<div class=\"elementor-widget-container\">\n\t\t\t\t\t\t\t\t\t\t\t\t<figure class=\"wp-caption\">\n\t\t\t\t\t\t\t\t\t\t<img loading=\"lazy\" decoding=\"async\" width=\"768\" height=\"511\" src=\"https:\/\/www.elturistatranquil.com\/wp-content\/uploads\/F26-Bera-Navarra-Iglesia-de-San-Esteban-1.jpg\" class=\"attachment-large size-large wp-image-23182\" alt=\"\" srcset=\"https:\/\/www.elturistatranquil.com\/wp-content\/uploads\/F26-Bera-Navarra-Iglesia-de-San-Esteban-1.jpg 768w, https:\/\/www.elturistatranquil.com\/wp-content\/uploads\/F26-Bera-Navarra-Iglesia-de-San-Esteban-1-339x226.jpg 339w\" sizes=\"(max-width: 768px) 100vw, 768px\" \/>\t\t\t\t\t\t\t\t\t\t\t<figcaption class=\"widget-image-caption wp-caption-text\"><\/figcaption>\n\t\t\t\t\t\t\t\t\t\t<\/figure>\n\t\t\t\t\t\t\t\t\t<\/div>\n\t\t\t\t<\/div>\n\t\t\t\t<div class=\"elementor-element elementor-element-770b395b elementor-widget elementor-widget-text-editor\" data-id=\"770b395b\" data-element_type=\"widget\" data-e-type=\"widget\" data-widget_type=\"text-editor.default\">\n\t\t\t\t<div class=\"elementor-widget-container\">\n\t\t\t\t\t\t\t\t\t<p>La part exterior del peu de l&#8217;Esgl\u00e9sia tamb\u00e9 t\u00e9 adossada una construcci\u00f3 amb porxo.<\/p>\t\t\t\t\t\t\t\t<\/div>\n\t\t\t\t<\/div>\n\t\t\t\t<div class=\"elementor-element elementor-element-1556c56f elementor-widget elementor-widget-image\" data-id=\"1556c56f\" data-element_type=\"widget\" data-e-type=\"widget\" data-widget_type=\"image.default\">\n\t\t\t\t<div class=\"elementor-widget-container\">\n\t\t\t\t\t\t\t\t\t\t\t\t<figure class=\"wp-caption\">\n\t\t\t\t\t\t\t\t\t\t<img loading=\"lazy\" decoding=\"async\" width=\"768\" height=\"511\" src=\"https:\/\/www.elturistatranquil.com\/wp-content\/uploads\/F27-Bera-Navarra-Iglesia-de-San-Esteban-1.jpg\" class=\"attachment-large size-large wp-image-23184\" alt=\"\" srcset=\"https:\/\/www.elturistatranquil.com\/wp-content\/uploads\/F27-Bera-Navarra-Iglesia-de-San-Esteban-1.jpg 768w, https:\/\/www.elturistatranquil.com\/wp-content\/uploads\/F27-Bera-Navarra-Iglesia-de-San-Esteban-1-339x226.jpg 339w\" sizes=\"(max-width: 768px) 100vw, 768px\" \/>\t\t\t\t\t\t\t\t\t\t\t<figcaption class=\"widget-image-caption wp-caption-text\"><\/figcaption>\n\t\t\t\t\t\t\t\t\t\t<\/figure>\n\t\t\t\t\t\t\t\t\t<\/div>\n\t\t\t\t<\/div>\n\t\t\t\t<div class=\"elementor-element elementor-element-f52d08e elementor-widget elementor-widget-text-editor\" data-id=\"f52d08e\" data-element_type=\"widget\" data-e-type=\"widget\" data-widget_type=\"text-editor.default\">\n\t\t\t\t<div class=\"elementor-widget-container\">\n\t\t\t\t\t\t\t\t\t<p>L&#8217;interior, amb planta de creu llatina amb cap\u00e7alera plana, presenta els murs de cadirat vista i la volta de forma estelada, de ma\u00f3 tamb\u00e9 vist, constru\u00efda cap a 1632, excepte el tram del cor que es va reconstruir despr\u00e9s del seu enfonsament, seguint el model del tram anterior del segle XVI.<\/p>\t\t\t\t\t\t\t\t<\/div>\n\t\t\t\t<\/div>\n\t\t\t\t<div class=\"elementor-element elementor-element-39d1afef elementor-widget elementor-widget-image\" data-id=\"39d1afef\" data-element_type=\"widget\" data-e-type=\"widget\" data-widget_type=\"image.default\">\n\t\t\t\t<div class=\"elementor-widget-container\">\n\t\t\t\t\t\t\t\t\t\t\t\t<figure class=\"wp-caption\">\n\t\t\t\t\t\t\t\t\t\t<img loading=\"lazy\" decoding=\"async\" width=\"768\" height=\"512\" src=\"https:\/\/www.elturistatranquil.com\/wp-content\/uploads\/F28-Bera-Navarra-Iglesia-de-San-Esteban-1.jpg\" class=\"attachment-large size-large wp-image-23186\" alt=\"\" srcset=\"https:\/\/www.elturistatranquil.com\/wp-content\/uploads\/F28-Bera-Navarra-Iglesia-de-San-Esteban-1.jpg 768w, https:\/\/www.elturistatranquil.com\/wp-content\/uploads\/F28-Bera-Navarra-Iglesia-de-San-Esteban-1-339x226.jpg 339w\" sizes=\"(max-width: 768px) 100vw, 768px\" \/>\t\t\t\t\t\t\t\t\t\t\t<figcaption class=\"widget-image-caption wp-caption-text\"><\/figcaption>\n\t\t\t\t\t\t\t\t\t\t<\/figure>\n\t\t\t\t\t\t\t\t\t<\/div>\n\t\t\t\t<\/div>\n\t\t\t\t<div class=\"elementor-element elementor-element-52da0ec3 elementor-widget elementor-widget-image\" data-id=\"52da0ec3\" data-element_type=\"widget\" data-e-type=\"widget\" data-widget_type=\"image.default\">\n\t\t\t\t<div class=\"elementor-widget-container\">\n\t\t\t\t\t\t\t\t\t\t\t\t<figure class=\"wp-caption\">\n\t\t\t\t\t\t\t\t\t\t<img loading=\"lazy\" decoding=\"async\" width=\"366\" height=\"550\" src=\"https:\/\/www.elturistatranquil.com\/wp-content\/uploads\/F29-Bera-Navarra-Iglesia-de-San-Esteban-1.jpg\" class=\"attachment-large size-large wp-image-23188\" alt=\"\" srcset=\"https:\/\/www.elturistatranquil.com\/wp-content\/uploads\/F29-Bera-Navarra-Iglesia-de-San-Esteban-1.jpg 366w, https:\/\/www.elturistatranquil.com\/wp-content\/uploads\/F29-Bera-Navarra-Iglesia-de-San-Esteban-1-150x226.jpg 150w\" sizes=\"(max-width: 366px) 100vw, 366px\" \/>\t\t\t\t\t\t\t\t\t\t\t<figcaption class=\"widget-image-caption wp-caption-text\"><\/figcaption>\n\t\t\t\t\t\t\t\t\t\t<\/figure>\n\t\t\t\t\t\t\t\t\t<\/div>\n\t\t\t\t<\/div>\n\t\t\t\t<div class=\"elementor-element elementor-element-441d4e57 elementor-widget elementor-widget-image\" data-id=\"441d4e57\" data-element_type=\"widget\" data-e-type=\"widget\" data-widget_type=\"image.default\">\n\t\t\t\t<div class=\"elementor-widget-container\">\n\t\t\t\t\t\t\t\t\t\t\t\t<figure class=\"wp-caption\">\n\t\t\t\t\t\t\t\t\t\t<img loading=\"lazy\" decoding=\"async\" width=\"768\" height=\"511\" src=\"https:\/\/www.elturistatranquil.com\/wp-content\/uploads\/F30-Bera-Navarra-Iglesia-de-San-Esteban-1.jpg\" class=\"attachment-large size-large wp-image-23190\" alt=\"\" srcset=\"https:\/\/www.elturistatranquil.com\/wp-content\/uploads\/F30-Bera-Navarra-Iglesia-de-San-Esteban-1.jpg 768w, https:\/\/www.elturistatranquil.com\/wp-content\/uploads\/F30-Bera-Navarra-Iglesia-de-San-Esteban-1-339x226.jpg 339w\" sizes=\"(max-width: 768px) 100vw, 768px\" \/>\t\t\t\t\t\t\t\t\t\t\t<figcaption class=\"widget-image-caption wp-caption-text\"><\/figcaption>\n\t\t\t\t\t\t\t\t\t\t<\/figure>\n\t\t\t\t\t\t\t\t\t<\/div>\n\t\t\t\t<\/div>\n\t\t\t\t<div class=\"elementor-element elementor-element-553711ab elementor-widget elementor-widget-text-editor\" data-id=\"553711ab\" data-element_type=\"widget\" data-e-type=\"widget\" data-widget_type=\"text-editor.default\">\n\t\t\t\t<div class=\"elementor-widget-container\">\n\t\t\t\t\t\t\t\t\t<p>Un cor modern d&#8217;obra presenta dues tribunes laterals avan\u00e7ades. Al sotacor s&#8217;obren tres arcs apuntats que donen acc\u00e9s a l&#8217;escala del cor.<\/p><p>L&#8217;\u00f2rgan \u00e9s d&#8217;estil ecl\u00e8ctic de finals del segle XIX i principis del XX.<\/p>\t\t\t\t\t\t\t\t<\/div>\n\t\t\t\t<\/div>\n\t\t\t\t<div class=\"elementor-element elementor-element-62998664 elementor-widget elementor-widget-image\" data-id=\"62998664\" data-element_type=\"widget\" data-e-type=\"widget\" data-widget_type=\"image.default\">\n\t\t\t\t<div class=\"elementor-widget-container\">\n\t\t\t\t\t\t\t\t\t\t\t\t<figure class=\"wp-caption\">\n\t\t\t\t\t\t\t\t\t\t<img loading=\"lazy\" decoding=\"async\" width=\"768\" height=\"511\" src=\"https:\/\/www.elturistatranquil.com\/wp-content\/uploads\/F31-Bera-Navarra-Iglesia-de-San-Esteban-1.jpg\" class=\"attachment-large size-large wp-image-23192\" alt=\"\" srcset=\"https:\/\/www.elturistatranquil.com\/wp-content\/uploads\/F31-Bera-Navarra-Iglesia-de-San-Esteban-1.jpg 768w, https:\/\/www.elturistatranquil.com\/wp-content\/uploads\/F31-Bera-Navarra-Iglesia-de-San-Esteban-1-339x226.jpg 339w\" sizes=\"(max-width: 768px) 100vw, 768px\" \/>\t\t\t\t\t\t\t\t\t\t\t<figcaption class=\"widget-image-caption wp-caption-text\"><\/figcaption>\n\t\t\t\t\t\t\t\t\t\t<\/figure>\n\t\t\t\t\t\t\t\t\t<\/div>\n\t\t\t\t<\/div>\n\t\t\t\t<div class=\"elementor-element elementor-element-512351b5 elementor-widget elementor-widget-text-editor\" data-id=\"512351b5\" data-element_type=\"widget\" data-e-type=\"widget\" data-widget_type=\"text-editor.default\">\n\t\t\t\t<div class=\"elementor-widget-container\">\n\t\t\t\t\t\t\t\t\t<p>Presideix el presbiteri un retaule major neocl\u00e0ssic del segle XIX, en el qual s&#8217;inscriuen tres llen\u00e7os: el Davallament, c\u00f2pia de Rubens, l&#8217;Assumpci\u00f3, c\u00f2pia de Tiziano i l&#8217;Ascensi\u00f3, inspirada en la de Rafael.<\/p>\t\t\t\t\t\t\t\t<\/div>\n\t\t\t\t<\/div>\n\t\t\t\t<div class=\"elementor-element elementor-element-7b9a3ede elementor-widget elementor-widget-image\" data-id=\"7b9a3ede\" data-element_type=\"widget\" data-e-type=\"widget\" data-widget_type=\"image.default\">\n\t\t\t\t<div class=\"elementor-widget-container\">\n\t\t\t\t\t\t\t\t\t\t\t\t<figure class=\"wp-caption\">\n\t\t\t\t\t\t\t\t\t\t<img loading=\"lazy\" decoding=\"async\" width=\"768\" height=\"511\" src=\"https:\/\/www.elturistatranquil.com\/wp-content\/uploads\/F32-Bera-Navarra-Iglesia-de-San-Esteban-1.jpg\" class=\"attachment-large size-large wp-image-23194\" alt=\"\" srcset=\"https:\/\/www.elturistatranquil.com\/wp-content\/uploads\/F32-Bera-Navarra-Iglesia-de-San-Esteban-1.jpg 768w, https:\/\/www.elturistatranquil.com\/wp-content\/uploads\/F32-Bera-Navarra-Iglesia-de-San-Esteban-1-339x226.jpg 339w\" sizes=\"(max-width: 768px) 100vw, 768px\" \/>\t\t\t\t\t\t\t\t\t\t\t<figcaption class=\"widget-image-caption wp-caption-text\"><\/figcaption>\n\t\t\t\t\t\t\t\t\t\t<\/figure>\n\t\t\t\t\t\t\t\t\t<\/div>\n\t\t\t\t<\/div>\n\t\t\t\t<div class=\"elementor-element elementor-element-e930b10 elementor-widget elementor-widget-text-editor\" data-id=\"e930b10\" data-element_type=\"widget\" data-e-type=\"widget\" data-widget_type=\"text-editor.default\">\n\t\t\t\t<div class=\"elementor-widget-container\">\n\t\t\t\t\t\t\t\t\t<p>En aquest mateix \u00e0mbit presbiteral se situa una pila baptismal tardo g\u00f2tica de pedra, del segle XV o principis del XVI.<\/p>\t\t\t\t\t\t\t\t<\/div>\n\t\t\t\t<\/div>\n\t\t\t\t<div class=\"elementor-element elementor-element-1447d18c elementor-widget elementor-widget-menu-anchor\" data-id=\"1447d18c\" data-element_type=\"widget\" data-e-type=\"widget\" data-widget_type=\"menu-anchor.default\">\n\t\t\t\t<div class=\"elementor-widget-container\">\n\t\t\t\t\t\t\t<div class=\"elementor-menu-anchor\" id=\"c3809\"><\/div>\n\t\t\t\t\t\t<\/div>\n\t\t\t\t<\/div>\n\t\t\t\t<div class=\"elementor-element elementor-element-7f7ea744 elementor-widget elementor-widget-image\" data-id=\"7f7ea744\" data-element_type=\"widget\" data-e-type=\"widget\" data-widget_type=\"image.default\">\n\t\t\t\t<div class=\"elementor-widget-container\">\n\t\t\t\t\t\t\t\t\t\t\t\t<figure class=\"wp-caption\">\n\t\t\t\t\t\t\t\t\t\t<img loading=\"lazy\" decoding=\"async\" width=\"768\" height=\"511\" src=\"https:\/\/www.elturistatranquil.com\/wp-content\/uploads\/F33-Bera-Navarra-Iglesia-de-San-Esteban-1.jpg\" class=\"attachment-large size-large wp-image-23196\" alt=\"\" srcset=\"https:\/\/www.elturistatranquil.com\/wp-content\/uploads\/F33-Bera-Navarra-Iglesia-de-San-Esteban-1.jpg 768w, https:\/\/www.elturistatranquil.com\/wp-content\/uploads\/F33-Bera-Navarra-Iglesia-de-San-Esteban-1-339x226.jpg 339w\" sizes=\"(max-width: 768px) 100vw, 768px\" \/>\t\t\t\t\t\t\t\t\t\t\t<figcaption class=\"widget-image-caption wp-caption-text\"><\/figcaption>\n\t\t\t\t\t\t\t\t\t\t<\/figure>\n\t\t\t\t\t\t\t\t\t<\/div>\n\t\t\t\t<\/div>\n\t\t\t\t<div class=\"elementor-element elementor-element-63e784fa elementor-widget elementor-widget-heading\" data-id=\"63e784fa\" data-element_type=\"widget\" data-e-type=\"widget\" data-widget_type=\"heading.default\">\n\t\t\t\t<div class=\"elementor-widget-container\">\n\t\t\t\t\t<h3 class=\"elementor-heading-title elementor-size-default\">Marge esquerra de la regata Zia: carrer Legia<\/h3>\t\t\t\t<\/div>\n\t\t\t\t<\/div>\n\t\t\t\t<div class=\"elementor-element elementor-element-46c2d2af elementor-widget elementor-widget-text-editor\" data-id=\"46c2d2af\" data-element_type=\"widget\" data-e-type=\"widget\" data-widget_type=\"text-editor.default\">\n\t\t\t\t<div class=\"elementor-widget-container\">\n\t\t\t\t\t\t\t\t\t<p>Sortint de l&#8217;Esgl\u00e9sia vaig a buscar el <strong>carrer Legia<\/strong> (<strong>9<\/strong>) per seguir pel costat esquerre de la regata Zia. Aquest carrer uneix el barri hist\u00f2ric de l&#8217;Esgl\u00e9sia amb el barri de Alzate.<\/p><p>Al n\u00famero 8 del carrer es troba l&#8217;\u00fanica casa g\u00f2tica, <strong>Elzaurpechiqu\u00eda<\/strong> (<strong>10<\/strong>) de 1638, que es conserva a Bera.<\/p>\t\t\t\t\t\t\t\t<\/div>\n\t\t\t\t<\/div>\n\t\t\t\t<div class=\"elementor-element elementor-element-6fd7ab9b elementor-widget elementor-widget-image\" data-id=\"6fd7ab9b\" data-element_type=\"widget\" data-e-type=\"widget\" data-widget_type=\"image.default\">\n\t\t\t\t<div class=\"elementor-widget-container\">\n\t\t\t\t\t\t\t\t\t\t\t\t<figure class=\"wp-caption\">\n\t\t\t\t\t\t\t\t\t\t<img loading=\"lazy\" decoding=\"async\" width=\"366\" height=\"550\" src=\"https:\/\/www.elturistatranquil.com\/wp-content\/uploads\/F34-Bera-Navarra-1.jpg\" class=\"attachment-large size-large wp-image-23198\" alt=\"\" srcset=\"https:\/\/www.elturistatranquil.com\/wp-content\/uploads\/F34-Bera-Navarra-1.jpg 366w, https:\/\/www.elturistatranquil.com\/wp-content\/uploads\/F34-Bera-Navarra-1-150x226.jpg 150w\" sizes=\"(max-width: 366px) 100vw, 366px\" \/>\t\t\t\t\t\t\t\t\t\t\t<figcaption class=\"widget-image-caption wp-caption-text\"><\/figcaption>\n\t\t\t\t\t\t\t\t\t\t<\/figure>\n\t\t\t\t\t\t\t\t\t<\/div>\n\t\t\t\t<\/div>\n\t\t\t\t<div class=\"elementor-element elementor-element-49da2d70 elementor-widget elementor-widget-image\" data-id=\"49da2d70\" data-element_type=\"widget\" data-e-type=\"widget\" data-widget_type=\"image.default\">\n\t\t\t\t<div class=\"elementor-widget-container\">\n\t\t\t\t\t\t\t\t\t\t\t\t<figure class=\"wp-caption\">\n\t\t\t\t\t\t\t\t\t\t<img loading=\"lazy\" decoding=\"async\" width=\"768\" height=\"511\" src=\"https:\/\/www.elturistatranquil.com\/wp-content\/uploads\/F35-Bera-Navarra-1.jpg\" class=\"attachment-large size-large wp-image-23200\" alt=\"\" srcset=\"https:\/\/www.elturistatranquil.com\/wp-content\/uploads\/F35-Bera-Navarra-1.jpg 768w, https:\/\/www.elturistatranquil.com\/wp-content\/uploads\/F35-Bera-Navarra-1-339x226.jpg 339w\" sizes=\"(max-width: 768px) 100vw, 768px\" \/>\t\t\t\t\t\t\t\t\t\t\t<figcaption class=\"widget-image-caption wp-caption-text\"><\/figcaption>\n\t\t\t\t\t\t\t\t\t\t<\/figure>\n\t\t\t\t\t\t\t\t\t<\/div>\n\t\t\t\t<\/div>\n\t\t\t\t<div class=\"elementor-element elementor-element-76d46d5d elementor-widget elementor-widget-text-editor\" data-id=\"76d46d5d\" data-element_type=\"widget\" data-e-type=\"widget\" data-widget_type=\"text-editor.default\">\n\t\t\t\t<div class=\"elementor-widget-container\">\n\t\t\t\t\t\t\t\t\t<p>Al costat la <strong>casa Elzaurpea<\/strong> (<strong>11<\/strong>), amb els carreus dels marcs ben treballats, a difer\u00e8ncia de l&#8217;estil m\u00e9s bast de la construcci\u00f3 t\u00edpica de la zona.<\/p>\t\t\t\t\t\t\t\t<\/div>\n\t\t\t\t<\/div>\n\t\t\t\t<div class=\"elementor-element elementor-element-6a5eb853 elementor-widget elementor-widget-image\" data-id=\"6a5eb853\" data-element_type=\"widget\" data-e-type=\"widget\" data-widget_type=\"image.default\">\n\t\t\t\t<div class=\"elementor-widget-container\">\n\t\t\t\t\t\t\t\t\t\t\t\t<figure class=\"wp-caption\">\n\t\t\t\t\t\t\t\t\t\t<img loading=\"lazy\" decoding=\"async\" width=\"768\" height=\"511\" src=\"https:\/\/www.elturistatranquil.com\/wp-content\/uploads\/F36-Bera-Navarra-1.jpg\" class=\"attachment-large size-large wp-image-23202\" alt=\"\" srcset=\"https:\/\/www.elturistatranquil.com\/wp-content\/uploads\/F36-Bera-Navarra-1.jpg 768w, https:\/\/www.elturistatranquil.com\/wp-content\/uploads\/F36-Bera-Navarra-1-339x226.jpg 339w\" sizes=\"(max-width: 768px) 100vw, 768px\" \/>\t\t\t\t\t\t\t\t\t\t\t<figcaption class=\"widget-image-caption wp-caption-text\"><\/figcaption>\n\t\t\t\t\t\t\t\t\t\t<\/figure>\n\t\t\t\t\t\t\t\t\t<\/div>\n\t\t\t\t<\/div>\n\t\t\t\t<div class=\"elementor-element elementor-element-1ce23ca8 elementor-widget elementor-widget-image\" data-id=\"1ce23ca8\" data-element_type=\"widget\" data-e-type=\"widget\" data-widget_type=\"image.default\">\n\t\t\t\t<div class=\"elementor-widget-container\">\n\t\t\t\t\t\t\t\t\t\t\t\t<figure class=\"wp-caption\">\n\t\t\t\t\t\t\t\t\t\t<img loading=\"lazy\" decoding=\"async\" width=\"768\" height=\"511\" src=\"https:\/\/www.elturistatranquil.com\/wp-content\/uploads\/F37-Bera-Navarra-1.jpg\" class=\"attachment-large size-large wp-image-23204\" alt=\"\" srcset=\"https:\/\/www.elturistatranquil.com\/wp-content\/uploads\/F37-Bera-Navarra-1.jpg 768w, https:\/\/www.elturistatranquil.com\/wp-content\/uploads\/F37-Bera-Navarra-1-339x226.jpg 339w\" sizes=\"(max-width: 768px) 100vw, 768px\" \/>\t\t\t\t\t\t\t\t\t\t\t<figcaption class=\"widget-image-caption wp-caption-text\"><\/figcaption>\n\t\t\t\t\t\t\t\t\t\t<\/figure>\n\t\t\t\t\t\t\t\t\t<\/div>\n\t\t\t\t<\/div>\n\t\t\t\t<div class=\"elementor-element elementor-element-2e1bc30 elementor-widget elementor-widget-text-editor\" data-id=\"2e1bc30\" data-element_type=\"widget\" data-e-type=\"widget\" data-widget_type=\"text-editor.default\">\n\t\t\t\t<div class=\"elementor-widget-container\">\n\t\t\t\t\t\t\t\t\t<p>Segueixo fins a arribar al <strong>Col\u00b7legi Sagrado Coraz\u00f3n de Jes\u00fas i la seva capella <\/strong>(<strong>12<\/strong>). El Col\u00b7legi arrenca el 1858, quan la beretana Maria Baptista de Uhalde test\u00e0 a favor d&#8217;una fundaci\u00f3 creada amb la finalitat de fomentar &#8220;l&#8217;educaci\u00f3 cristiana per les nenes&#8221; de la localitat.<\/p>\t\t\t\t\t\t\t\t<\/div>\n\t\t\t\t<\/div>\n\t\t\t\t<div class=\"elementor-element elementor-element-1bde460f elementor-widget elementor-widget-image\" data-id=\"1bde460f\" data-element_type=\"widget\" data-e-type=\"widget\" data-widget_type=\"image.default\">\n\t\t\t\t<div class=\"elementor-widget-container\">\n\t\t\t\t\t\t\t\t\t\t\t\t<figure class=\"wp-caption\">\n\t\t\t\t\t\t\t\t\t\t<img loading=\"lazy\" decoding=\"async\" width=\"768\" height=\"511\" src=\"https:\/\/www.elturistatranquil.com\/wp-content\/uploads\/F38-Bera-Navarra-2-1.jpg\" class=\"attachment-large size-large wp-image-23206\" alt=\"\" srcset=\"https:\/\/www.elturistatranquil.com\/wp-content\/uploads\/F38-Bera-Navarra-2-1.jpg 768w, https:\/\/www.elturistatranquil.com\/wp-content\/uploads\/F38-Bera-Navarra-2-1-339x226.jpg 339w\" sizes=\"(max-width: 768px) 100vw, 768px\" \/>\t\t\t\t\t\t\t\t\t\t\t<figcaption class=\"widget-image-caption wp-caption-text\"><\/figcaption>\n\t\t\t\t\t\t\t\t\t\t<\/figure>\n\t\t\t\t\t\t\t\t\t<\/div>\n\t\t\t\t<\/div>\n\t\t\t\t<div class=\"elementor-element elementor-element-3b3d44ef elementor-widget elementor-widget-image\" data-id=\"3b3d44ef\" data-element_type=\"widget\" data-e-type=\"widget\" data-widget_type=\"image.default\">\n\t\t\t\t<div class=\"elementor-widget-container\">\n\t\t\t\t\t\t\t\t\t\t\t\t<figure class=\"wp-caption\">\n\t\t\t\t\t\t\t\t\t\t<img loading=\"lazy\" decoding=\"async\" width=\"366\" height=\"550\" src=\"https:\/\/www.elturistatranquil.com\/wp-content\/uploads\/F39-Bera-Navarra-2-1.jpg\" class=\"attachment-large size-large wp-image-23208\" alt=\"\" srcset=\"https:\/\/www.elturistatranquil.com\/wp-content\/uploads\/F39-Bera-Navarra-2-1.jpg 366w, https:\/\/www.elturistatranquil.com\/wp-content\/uploads\/F39-Bera-Navarra-2-1-150x226.jpg 150w\" sizes=\"(max-width: 366px) 100vw, 366px\" \/>\t\t\t\t\t\t\t\t\t\t\t<figcaption class=\"widget-image-caption wp-caption-text\"><\/figcaption>\n\t\t\t\t\t\t\t\t\t\t<\/figure>\n\t\t\t\t\t\t\t\t\t<\/div>\n\t\t\t\t<\/div>\n\t\t\t\t<div class=\"elementor-element elementor-element-5a3595f3 elementor-widget elementor-widget-text-editor\" data-id=\"5a3595f3\" data-element_type=\"widget\" data-e-type=\"widget\" data-widget_type=\"text-editor.default\">\n\t\t\t\t<div class=\"elementor-widget-container\">\n\t\t\t\t\t\t\t\t\t<p>Davant l&#8217;encreuament del <strong>carrer Kanttonberri<\/strong> (<strong>13<\/strong>).<\/p>\t\t\t\t\t\t\t\t<\/div>\n\t\t\t\t<\/div>\n\t\t\t\t<div class=\"elementor-element elementor-element-5d78313f elementor-widget elementor-widget-image\" data-id=\"5d78313f\" data-element_type=\"widget\" data-e-type=\"widget\" data-widget_type=\"image.default\">\n\t\t\t\t<div class=\"elementor-widget-container\">\n\t\t\t\t\t\t\t\t\t\t\t\t<figure class=\"wp-caption\">\n\t\t\t\t\t\t\t\t\t\t<img loading=\"lazy\" decoding=\"async\" width=\"768\" height=\"511\" src=\"https:\/\/www.elturistatranquil.com\/wp-content\/uploads\/F40-Bera-Navarra-2-1.jpg\" class=\"attachment-large size-large wp-image-23210\" alt=\"\" srcset=\"https:\/\/www.elturistatranquil.com\/wp-content\/uploads\/F40-Bera-Navarra-2-1.jpg 768w, https:\/\/www.elturistatranquil.com\/wp-content\/uploads\/F40-Bera-Navarra-2-1-339x226.jpg 339w\" sizes=\"(max-width: 768px) 100vw, 768px\" \/>\t\t\t\t\t\t\t\t\t\t\t<figcaption class=\"widget-image-caption wp-caption-text\"><\/figcaption>\n\t\t\t\t\t\t\t\t\t\t<\/figure>\n\t\t\t\t\t\t\t\t\t<\/div>\n\t\t\t\t<\/div>\n\t\t\t\t<div class=\"elementor-element elementor-element-2f7357a1 elementor-widget elementor-widget-text-editor\" data-id=\"2f7357a1\" data-element_type=\"widget\" data-e-type=\"widget\" data-widget_type=\"text-editor.default\">\n\t\t\t\t<div class=\"elementor-widget-container\">\n\t\t\t\t\t\t\t\t\t<p>En el n\u00famero 32 la <strong>casa Lazarobaita<\/strong> (<strong>14<\/strong>) de finals del segle XVII i principis de XVIII, amb talles en l&#8217;entramat t\u00edpiques de l&#8217;\u00e8poca. La gran porta central flanquejada per dues columnes toscanes. S&#8217;hi hauria allotjat el pretendent Carles VII durant la Segona Guerra Carlista.<\/p>\t\t\t\t\t\t\t\t<\/div>\n\t\t\t\t<\/div>\n\t\t\t\t<div class=\"elementor-element elementor-element-5fd25bef elementor-widget elementor-widget-image\" data-id=\"5fd25bef\" data-element_type=\"widget\" data-e-type=\"widget\" data-widget_type=\"image.default\">\n\t\t\t\t<div class=\"elementor-widget-container\">\n\t\t\t\t\t\t\t\t\t\t\t\t<figure class=\"wp-caption\">\n\t\t\t\t\t\t\t\t\t\t<img loading=\"lazy\" decoding=\"async\" width=\"768\" height=\"511\" src=\"https:\/\/www.elturistatranquil.com\/wp-content\/uploads\/F41-Bera-Navarra-2-1.jpg\" class=\"attachment-large size-large wp-image-23212\" alt=\"\" srcset=\"https:\/\/www.elturistatranquil.com\/wp-content\/uploads\/F41-Bera-Navarra-2-1.jpg 768w, https:\/\/www.elturistatranquil.com\/wp-content\/uploads\/F41-Bera-Navarra-2-1-339x226.jpg 339w\" sizes=\"(max-width: 768px) 100vw, 768px\" \/>\t\t\t\t\t\t\t\t\t\t\t<figcaption class=\"widget-image-caption wp-caption-text\"><\/figcaption>\n\t\t\t\t\t\t\t\t\t\t<\/figure>\n\t\t\t\t\t\t\t\t\t<\/div>\n\t\t\t\t<\/div>\n\t\t\t\t<div class=\"elementor-element elementor-element-1286f7e elementor-widget elementor-widget-image\" data-id=\"1286f7e\" data-element_type=\"widget\" data-e-type=\"widget\" data-widget_type=\"image.default\">\n\t\t\t\t<div class=\"elementor-widget-container\">\n\t\t\t\t\t\t\t\t\t\t\t\t<figure class=\"wp-caption\">\n\t\t\t\t\t\t\t\t\t\t<img loading=\"lazy\" decoding=\"async\" width=\"768\" height=\"512\" src=\"https:\/\/www.elturistatranquil.com\/wp-content\/uploads\/F42-Bera-Navarra-2-1.jpg\" class=\"attachment-large size-large wp-image-23214\" alt=\"\" srcset=\"https:\/\/www.elturistatranquil.com\/wp-content\/uploads\/F42-Bera-Navarra-2-1.jpg 768w, https:\/\/www.elturistatranquil.com\/wp-content\/uploads\/F42-Bera-Navarra-2-1-339x226.jpg 339w\" sizes=\"(max-width: 768px) 100vw, 768px\" \/>\t\t\t\t\t\t\t\t\t\t\t<figcaption class=\"widget-image-caption wp-caption-text\"><\/figcaption>\n\t\t\t\t\t\t\t\t\t\t<\/figure>\n\t\t\t\t\t\t\t\t\t<\/div>\n\t\t\t\t<\/div>\n\t\t\t\t<div class=\"elementor-element elementor-element-748aacc7 elementor-widget elementor-widget-text-editor\" data-id=\"748aacc7\" data-element_type=\"widget\" data-e-type=\"widget\" data-widget_type=\"text-editor.default\">\n\t\t\t\t<div class=\"elementor-widget-container\">\n\t\t\t\t\t\t\t\t\t<p>Davant de la casa surt una carretera que porta cap al barri Eltzaurdia, amb masos disseminats pel cam\u00ed (<strong>15<\/strong>).<\/p>\t\t\t\t\t\t\t\t<\/div>\n\t\t\t\t<\/div>\n\t\t\t\t<div class=\"elementor-element elementor-element-56edf4f4 elementor-widget elementor-widget-menu-anchor\" data-id=\"56edf4f4\" data-element_type=\"widget\" data-e-type=\"widget\" data-widget_type=\"menu-anchor.default\">\n\t\t\t\t<div class=\"elementor-widget-container\">\n\t\t\t\t\t\t\t<div class=\"elementor-menu-anchor\" id=\"c3810\"><\/div>\n\t\t\t\t\t\t<\/div>\n\t\t\t\t<\/div>\n\t\t\t\t<div class=\"elementor-element elementor-element-3762e8b6 elementor-widget elementor-widget-image\" data-id=\"3762e8b6\" data-element_type=\"widget\" data-e-type=\"widget\" data-widget_type=\"image.default\">\n\t\t\t\t<div class=\"elementor-widget-container\">\n\t\t\t\t\t\t\t\t\t\t\t\t<figure class=\"wp-caption\">\n\t\t\t\t\t\t\t\t\t\t<img loading=\"lazy\" decoding=\"async\" width=\"768\" height=\"511\" src=\"https:\/\/www.elturistatranquil.com\/wp-content\/uploads\/F43a-Bera-Navarra-1.jpg\" class=\"attachment-large size-large wp-image-23216\" alt=\"\" srcset=\"https:\/\/www.elturistatranquil.com\/wp-content\/uploads\/F43a-Bera-Navarra-1.jpg 768w, https:\/\/www.elturistatranquil.com\/wp-content\/uploads\/F43a-Bera-Navarra-1-339x226.jpg 339w\" sizes=\"(max-width: 768px) 100vw, 768px\" \/>\t\t\t\t\t\t\t\t\t\t\t<figcaption class=\"widget-image-caption wp-caption-text\"><\/figcaption>\n\t\t\t\t\t\t\t\t\t\t<\/figure>\n\t\t\t\t\t\t\t\t\t<\/div>\n\t\t\t\t<\/div>\n\t\t\t\t<div class=\"elementor-element elementor-element-712b069e elementor-widget elementor-widget-heading\" data-id=\"712b069e\" data-element_type=\"widget\" data-e-type=\"widget\" data-widget_type=\"heading.default\">\n\t\t\t\t<div class=\"elementor-widget-container\">\n\t\t\t\t\t<h3 class=\"elementor-heading-title elementor-size-default\">Cam\u00ed del barri Eltzaurdia<\/h3>\t\t\t\t<\/div>\n\t\t\t\t<\/div>\n\t\t\t\t<div class=\"elementor-element elementor-element-a9eef48 elementor-widget elementor-widget-image\" data-id=\"a9eef48\" data-element_type=\"widget\" data-e-type=\"widget\" data-widget_type=\"image.default\">\n\t\t\t\t<div class=\"elementor-widget-container\">\n\t\t\t\t\t\t\t\t\t\t\t\t<figure class=\"wp-caption\">\n\t\t\t\t\t\t\t\t\t\t<img loading=\"lazy\" decoding=\"async\" width=\"768\" height=\"511\" src=\"https:\/\/www.elturistatranquil.com\/wp-content\/uploads\/F43b-Bera-Navarra-1.jpg\" class=\"attachment-large size-large wp-image-23218\" alt=\"\" srcset=\"https:\/\/www.elturistatranquil.com\/wp-content\/uploads\/F43b-Bera-Navarra-1.jpg 768w, https:\/\/www.elturistatranquil.com\/wp-content\/uploads\/F43b-Bera-Navarra-1-339x226.jpg 339w\" sizes=\"(max-width: 768px) 100vw, 768px\" \/>\t\t\t\t\t\t\t\t\t\t\t<figcaption class=\"widget-image-caption wp-caption-text\"><\/figcaption>\n\t\t\t\t\t\t\t\t\t\t<\/figure>\n\t\t\t\t\t\t\t\t\t<\/div>\n\t\t\t\t<\/div>\n\t\t\t\t<div class=\"elementor-element elementor-element-6c5386f0 elementor-widget elementor-widget-text-editor\" data-id=\"6c5386f0\" data-element_type=\"widget\" data-e-type=\"widget\" data-widget_type=\"text-editor.default\">\n\t\t\t\t<div class=\"elementor-widget-container\">\n\t\t\t\t\t\t\t\t\t<p>Des del cam\u00ed \u00e9s possible contemplar Bera per la part posterior encaixonada a la vall de la regata Zia.<\/p>\t\t\t\t\t\t\t\t<\/div>\n\t\t\t\t<\/div>\n\t\t\t\t<div class=\"elementor-element elementor-element-a990d54 elementor-widget elementor-widget-image\" data-id=\"a990d54\" data-element_type=\"widget\" data-e-type=\"widget\" data-widget_type=\"image.default\">\n\t\t\t\t<div class=\"elementor-widget-container\">\n\t\t\t\t\t\t\t\t\t\t\t\t<figure class=\"wp-caption\">\n\t\t\t\t\t\t\t\t\t\t<img loading=\"lazy\" decoding=\"async\" width=\"768\" height=\"511\" src=\"https:\/\/www.elturistatranquil.com\/wp-content\/uploads\/F44-Bera-Navarra-2-1.jpg\" class=\"attachment-large size-large wp-image-23220\" alt=\"\" srcset=\"https:\/\/www.elturistatranquil.com\/wp-content\/uploads\/F44-Bera-Navarra-2-1.jpg 768w, https:\/\/www.elturistatranquil.com\/wp-content\/uploads\/F44-Bera-Navarra-2-1-339x226.jpg 339w\" sizes=\"(max-width: 768px) 100vw, 768px\" \/>\t\t\t\t\t\t\t\t\t\t\t<figcaption class=\"widget-image-caption wp-caption-text\"><\/figcaption>\n\t\t\t\t\t\t\t\t\t\t<\/figure>\n\t\t\t\t\t\t\t\t\t<\/div>\n\t\t\t\t<\/div>\n\t\t\t\t<div class=\"elementor-element elementor-element-7ffa159e elementor-widget elementor-widget-text-editor\" data-id=\"7ffa159e\" data-element_type=\"widget\" data-e-type=\"widget\" data-widget_type=\"text-editor.default\">\n\t\t\t\t<div class=\"elementor-widget-container\">\n\t\t\t\t\t\t\t\t\t<p>I acostar-se fins als primers masos (<strong>16<\/strong>).<\/p>\t\t\t\t\t\t\t\t<\/div>\n\t\t\t\t<\/div>\n\t\t\t\t<div class=\"elementor-element elementor-element-5a21549e elementor-widget elementor-widget-image\" data-id=\"5a21549e\" data-element_type=\"widget\" data-e-type=\"widget\" data-widget_type=\"image.default\">\n\t\t\t\t<div class=\"elementor-widget-container\">\n\t\t\t\t\t\t\t\t\t\t\t\t<figure class=\"wp-caption\">\n\t\t\t\t\t\t\t\t\t\t<img loading=\"lazy\" decoding=\"async\" width=\"768\" height=\"511\" src=\"https:\/\/www.elturistatranquil.com\/wp-content\/uploads\/F45-Bera-Navarra-1.jpg\" class=\"attachment-large size-large wp-image-23222\" alt=\"\" srcset=\"https:\/\/www.elturistatranquil.com\/wp-content\/uploads\/F45-Bera-Navarra-1.jpg 768w, https:\/\/www.elturistatranquil.com\/wp-content\/uploads\/F45-Bera-Navarra-1-339x226.jpg 339w\" sizes=\"(max-width: 768px) 100vw, 768px\" \/>\t\t\t\t\t\t\t\t\t\t\t<figcaption class=\"widget-image-caption wp-caption-text\"><\/figcaption>\n\t\t\t\t\t\t\t\t\t\t<\/figure>\n\t\t\t\t\t\t\t\t\t<\/div>\n\t\t\t\t<\/div>\n\t\t\t\t<div class=\"elementor-element elementor-element-614bfc6c elementor-widget elementor-widget-menu-anchor\" data-id=\"614bfc6c\" data-element_type=\"widget\" data-e-type=\"widget\" data-widget_type=\"menu-anchor.default\">\n\t\t\t\t<div class=\"elementor-widget-container\">\n\t\t\t\t\t\t\t<div class=\"elementor-menu-anchor\" id=\"c3811\"><\/div>\n\t\t\t\t\t\t<\/div>\n\t\t\t\t<\/div>\n\t\t\t\t<div class=\"elementor-element elementor-element-67e127 elementor-widget elementor-widget-text-editor\" data-id=\"67e127\" data-element_type=\"widget\" data-e-type=\"widget\" data-widget_type=\"text-editor.default\">\n\t\t\t\t<div class=\"elementor-widget-container\">\n\t\t\t\t\t\t\t\t\t<p>Despr\u00e9s d&#8217;aquest petit passeig per la muntanya retorno fins al carrer Legia i continu fins a creuar el pont sobre el Xantel erreka, afluent esquerra de la regata Zia, per entrar al barri Altzate.<\/p>\t\t\t\t\t\t\t\t<\/div>\n\t\t\t\t<\/div>\n\t\t\t\t<div class=\"elementor-element elementor-element-31540c1d elementor-widget elementor-widget-heading\" data-id=\"31540c1d\" data-element_type=\"widget\" data-e-type=\"widget\" data-widget_type=\"heading.default\">\n\t\t\t\t<div class=\"elementor-widget-container\">\n\t\t\t\t\t<h3 class=\"elementor-heading-title elementor-size-default\">Barri Alzate<\/h3>\t\t\t\t<\/div>\n\t\t\t\t<\/div>\n\t\t\t\t<div class=\"elementor-element elementor-element-40f746af elementor-widget elementor-widget-text-editor\" data-id=\"40f746af\" data-element_type=\"widget\" data-e-type=\"widget\" data-widget_type=\"text-editor.default\">\n\t\t\t\t<div class=\"elementor-widget-container\">\n\t\t\t\t\t\t\t\t\t<p>El <strong>barri Alzate<\/strong> (<strong>17<\/strong>) \u00e9s un conjunt residencial amb harmonioses cases molt cuidades. Es troba enclavat ens el Xantel erreka i la Zia erreka.<\/p><p>A l&#8217;entrada del carrer Alzate apareix l&#8217;<strong>Esgl\u00e9sia de San Antonio de Padua<\/strong> (<strong>18<\/strong>) que havia format part d\u2019un convent de caputxins.<\/p>\t\t\t\t\t\t\t\t<\/div>\n\t\t\t\t<\/div>\n\t\t\t\t<div class=\"elementor-element elementor-element-6b012dac elementor-widget elementor-widget-image\" data-id=\"6b012dac\" data-element_type=\"widget\" data-e-type=\"widget\" data-widget_type=\"image.default\">\n\t\t\t\t<div class=\"elementor-widget-container\">\n\t\t\t\t\t\t\t\t\t\t\t\t<figure class=\"wp-caption\">\n\t\t\t\t\t\t\t\t\t\t<img loading=\"lazy\" decoding=\"async\" width=\"768\" height=\"511\" src=\"https:\/\/www.elturistatranquil.com\/wp-content\/uploads\/F46-Bera-Navarra-1.jpg\" class=\"attachment-large size-large wp-image-23224\" alt=\"\" srcset=\"https:\/\/www.elturistatranquil.com\/wp-content\/uploads\/F46-Bera-Navarra-1.jpg 768w, https:\/\/www.elturistatranquil.com\/wp-content\/uploads\/F46-Bera-Navarra-1-339x226.jpg 339w\" sizes=\"(max-width: 768px) 100vw, 768px\" \/>\t\t\t\t\t\t\t\t\t\t\t<figcaption class=\"widget-image-caption wp-caption-text\"><\/figcaption>\n\t\t\t\t\t\t\t\t\t\t<\/figure>\n\t\t\t\t\t\t\t\t\t<\/div>\n\t\t\t\t<\/div>\n\t\t\t\t<div class=\"elementor-element elementor-element-211cad elementor-widget elementor-widget-text-editor\" data-id=\"211cad\" data-element_type=\"widget\" data-e-type=\"widget\" data-widget_type=\"text-editor.default\">\n\t\t\t\t<div class=\"elementor-widget-container\">\n\t\t\t\t\t\t\t\t\t<p>D&#8217;estil neog\u00f2tic, d&#8217;una sola nau.<\/p>\t\t\t\t\t\t\t\t<\/div>\n\t\t\t\t<\/div>\n\t\t\t\t<div class=\"elementor-element elementor-element-70e8bd25 elementor-widget elementor-widget-image\" data-id=\"70e8bd25\" data-element_type=\"widget\" data-e-type=\"widget\" data-widget_type=\"image.default\">\n\t\t\t\t<div class=\"elementor-widget-container\">\n\t\t\t\t\t\t\t\t\t\t\t\t<figure class=\"wp-caption\">\n\t\t\t\t\t\t\t\t\t\t<img loading=\"lazy\" decoding=\"async\" width=\"366\" height=\"550\" src=\"https:\/\/www.elturistatranquil.com\/wp-content\/uploads\/F47-Bera-Navarra-1.jpg\" class=\"attachment-large size-large wp-image-23226\" alt=\"\" srcset=\"https:\/\/www.elturistatranquil.com\/wp-content\/uploads\/F47-Bera-Navarra-1.jpg 366w, https:\/\/www.elturistatranquil.com\/wp-content\/uploads\/F47-Bera-Navarra-1-150x226.jpg 150w\" sizes=\"(max-width: 366px) 100vw, 366px\" \/>\t\t\t\t\t\t\t\t\t\t\t<figcaption class=\"widget-image-caption wp-caption-text\"><\/figcaption>\n\t\t\t\t\t\t\t\t\t\t<\/figure>\n\t\t\t\t\t\t\t\t\t<\/div>\n\t\t\t\t<\/div>\n\t\t\t\t<div class=\"elementor-element elementor-element-1cecef9 elementor-widget elementor-widget-text-editor\" data-id=\"1cecef9\" data-element_type=\"widget\" data-e-type=\"widget\" data-widget_type=\"text-editor.default\">\n\t\t\t\t<div class=\"elementor-widget-container\">\n\t\t\t\t\t\t\t\t\t<p>En avan\u00e7ar el carrer es bifurca i continu per l&#8217;esquerra, pel <strong>carrer Iparraldea<\/strong>, que em portar\u00e0 a la casa de la fam\u00edlia Baroja, en Itzea.<\/p>\t\t\t\t\t\t\t\t<\/div>\n\t\t\t\t<\/div>\n\t\t\t\t<div class=\"elementor-element elementor-element-3218e245 elementor-widget elementor-widget-image\" data-id=\"3218e245\" data-element_type=\"widget\" data-e-type=\"widget\" data-widget_type=\"image.default\">\n\t\t\t\t<div class=\"elementor-widget-container\">\n\t\t\t\t\t\t\t\t\t\t\t\t<figure class=\"wp-caption\">\n\t\t\t\t\t\t\t\t\t\t<img loading=\"lazy\" decoding=\"async\" width=\"768\" height=\"512\" src=\"https:\/\/www.elturistatranquil.com\/wp-content\/uploads\/F48-Bera-Navarra-1.jpg\" class=\"attachment-large size-large wp-image-23228\" alt=\"\" srcset=\"https:\/\/www.elturistatranquil.com\/wp-content\/uploads\/F48-Bera-Navarra-1.jpg 768w, https:\/\/www.elturistatranquil.com\/wp-content\/uploads\/F48-Bera-Navarra-1-339x226.jpg 339w\" sizes=\"(max-width: 768px) 100vw, 768px\" \/>\t\t\t\t\t\t\t\t\t\t\t<figcaption class=\"widget-image-caption wp-caption-text\"><\/figcaption>\n\t\t\t\t\t\t\t\t\t\t<\/figure>\n\t\t\t\t\t\t\t\t\t<\/div>\n\t\t\t\t<\/div>\n\t\t\t\t<div class=\"elementor-element elementor-element-5bb7d2e9 elementor-widget elementor-widget-text-editor\" data-id=\"5bb7d2e9\" data-element_type=\"widget\" data-e-type=\"widget\" data-widget_type=\"text-editor.default\">\n\t\t\t\t<div class=\"elementor-widget-container\">\n\t\t\t\t\t\t\t\t\t<p>El 1912 la <strong>fam\u00edlia Baroja<\/strong> es va instal\u00b7lar en aquesta casa (<strong>19<\/strong>) de la segona meitat del segle XVII. Hi van desenvolupar gran part de la seva obra Carmen, P\u00edo i Ricardo Baroja, aix\u00ed com Julio Caro Baroja.<\/p>\t\t\t\t\t\t\t\t<\/div>\n\t\t\t\t<\/div>\n\t\t\t\t<div class=\"elementor-element elementor-element-4b435cb elementor-widget elementor-widget-image\" data-id=\"4b435cb\" data-element_type=\"widget\" data-e-type=\"widget\" data-widget_type=\"image.default\">\n\t\t\t\t<div class=\"elementor-widget-container\">\n\t\t\t\t\t\t\t\t\t\t\t\t<figure class=\"wp-caption\">\n\t\t\t\t\t\t\t\t\t\t<img loading=\"lazy\" decoding=\"async\" width=\"768\" height=\"512\" src=\"https:\/\/www.elturistatranquil.com\/wp-content\/uploads\/F49-Bera-Navarra-1.jpg\" class=\"attachment-large size-large wp-image-23230\" alt=\"\" srcset=\"https:\/\/www.elturistatranquil.com\/wp-content\/uploads\/F49-Bera-Navarra-1.jpg 768w, https:\/\/www.elturistatranquil.com\/wp-content\/uploads\/F49-Bera-Navarra-1-339x226.jpg 339w\" sizes=\"(max-width: 768px) 100vw, 768px\" \/>\t\t\t\t\t\t\t\t\t\t\t<figcaption class=\"widget-image-caption wp-caption-text\"><\/figcaption>\n\t\t\t\t\t\t\t\t\t\t<\/figure>\n\t\t\t\t\t\t\t\t\t<\/div>\n\t\t\t\t<\/div>\n\t\t\t\t<div class=\"elementor-element elementor-element-6d498fa2 elementor-widget elementor-widget-image\" data-id=\"6d498fa2\" data-element_type=\"widget\" data-e-type=\"widget\" data-widget_type=\"image.default\">\n\t\t\t\t<div class=\"elementor-widget-container\">\n\t\t\t\t\t\t\t\t\t\t\t\t<figure class=\"wp-caption\">\n\t\t\t\t\t\t\t\t\t\t<img loading=\"lazy\" decoding=\"async\" width=\"768\" height=\"511\" src=\"https:\/\/www.elturistatranquil.com\/wp-content\/uploads\/F50-Bera-Navarra-1.jpg\" class=\"attachment-large size-large wp-image-23232\" alt=\"\" srcset=\"https:\/\/www.elturistatranquil.com\/wp-content\/uploads\/F50-Bera-Navarra-1.jpg 768w, https:\/\/www.elturistatranquil.com\/wp-content\/uploads\/F50-Bera-Navarra-1-339x226.jpg 339w\" sizes=\"(max-width: 768px) 100vw, 768px\" \/>\t\t\t\t\t\t\t\t\t\t\t<figcaption class=\"widget-image-caption wp-caption-text\"><\/figcaption>\n\t\t\t\t\t\t\t\t\t\t<\/figure>\n\t\t\t\t\t\t\t\t\t<\/div>\n\t\t\t\t<\/div>\n\t\t\t\t<div class=\"elementor-element elementor-element-5e30e4a6 elementor-widget elementor-widget-text-editor\" data-id=\"5e30e4a6\" data-element_type=\"widget\" data-e-type=\"widget\" data-widget_type=\"text-editor.default\">\n\t\t\t\t<div class=\"elementor-widget-container\">\n\t\t\t\t\t\t\t\t\t<p>\u00c9s interessant la cornisa doble de fusta, derivada dels models renaixentistes freq\u00fcents a les cases i palaus navarresos i aragonesos de finals del segle XVI i principis del XVII.<\/p>\t\t\t\t\t\t\t\t<\/div>\n\t\t\t\t<\/div>\n\t\t\t\t<div class=\"elementor-element elementor-element-296b70ea elementor-widget elementor-widget-image\" data-id=\"296b70ea\" data-element_type=\"widget\" data-e-type=\"widget\" data-widget_type=\"image.default\">\n\t\t\t\t<div class=\"elementor-widget-container\">\n\t\t\t\t\t\t\t\t\t\t\t\t<figure class=\"wp-caption\">\n\t\t\t\t\t\t\t\t\t\t<img loading=\"lazy\" decoding=\"async\" width=\"768\" height=\"512\" src=\"https:\/\/www.elturistatranquil.com\/wp-content\/uploads\/F51-Bera-Navarra-1.jpg\" class=\"attachment-large size-large wp-image-23234\" alt=\"\" srcset=\"https:\/\/www.elturistatranquil.com\/wp-content\/uploads\/F51-Bera-Navarra-1.jpg 768w, https:\/\/www.elturistatranquil.com\/wp-content\/uploads\/F51-Bera-Navarra-1-339x226.jpg 339w\" sizes=\"(max-width: 768px) 100vw, 768px\" \/>\t\t\t\t\t\t\t\t\t\t\t<figcaption class=\"widget-image-caption wp-caption-text\"><\/figcaption>\n\t\t\t\t\t\t\t\t\t\t<\/figure>\n\t\t\t\t\t\t\t\t\t<\/div>\n\t\t\t\t<\/div>\n\t\t\t\t<div class=\"elementor-element elementor-element-2afd9a9c elementor-widget elementor-widget-text-editor\" data-id=\"2afd9a9c\" data-element_type=\"widget\" data-e-type=\"widget\" data-widget_type=\"text-editor.default\">\n\t\t\t\t<div class=\"elementor-widget-container\">\n\t\t\t\t\t\t\t\t\t<p>Davant de la casa dels Baroja, un casalot sense rehabilitar (<strong>20<\/strong>) mostra l&#8217;ess\u00e8ncia de l&#8217;arquitectura popular en el seu origen, sense haver passat per les mans dels restauradors.<\/p>\t\t\t\t\t\t\t\t<\/div>\n\t\t\t\t<\/div>\n\t\t\t\t<div class=\"elementor-element elementor-element-33fd114e elementor-widget elementor-widget-image\" data-id=\"33fd114e\" data-element_type=\"widget\" data-e-type=\"widget\" data-widget_type=\"image.default\">\n\t\t\t\t<div class=\"elementor-widget-container\">\n\t\t\t\t\t\t\t\t\t\t\t\t<figure class=\"wp-caption\">\n\t\t\t\t\t\t\t\t\t\t<img loading=\"lazy\" decoding=\"async\" width=\"366\" height=\"550\" src=\"https:\/\/www.elturistatranquil.com\/wp-content\/uploads\/F52-Bera-Navarra-1.jpg\" class=\"attachment-large size-large wp-image-23236\" alt=\"\" srcset=\"https:\/\/www.elturistatranquil.com\/wp-content\/uploads\/F52-Bera-Navarra-1.jpg 366w, https:\/\/www.elturistatranquil.com\/wp-content\/uploads\/F52-Bera-Navarra-1-150x226.jpg 150w\" sizes=\"(max-width: 366px) 100vw, 366px\" \/>\t\t\t\t\t\t\t\t\t\t\t<figcaption class=\"widget-image-caption wp-caption-text\"><\/figcaption>\n\t\t\t\t\t\t\t\t\t\t<\/figure>\n\t\t\t\t\t\t\t\t\t<\/div>\n\t\t\t\t<\/div>\n\t\t\t\t<div class=\"elementor-element elementor-element-28e5e17c elementor-widget elementor-widget-text-editor\" data-id=\"28e5e17c\" data-element_type=\"widget\" data-e-type=\"widget\" data-widget_type=\"text-editor.default\">\n\t\t\t\t<div class=\"elementor-widget-container\">\n\t\t\t\t\t\t\t\t\t<p>Al costat d&#8217;elles, s&#8217;est\u00e0 ja en contacte amb l&#8217;activitat ramadera i l&#8217;aprofitament de les pastures.<\/p>\t\t\t\t\t\t\t\t<\/div>\n\t\t\t\t<\/div>\n\t\t\t\t<div class=\"elementor-element elementor-element-39c93af8 elementor-widget elementor-widget-image\" data-id=\"39c93af8\" data-element_type=\"widget\" data-e-type=\"widget\" data-widget_type=\"image.default\">\n\t\t\t\t<div class=\"elementor-widget-container\">\n\t\t\t\t\t\t\t\t\t\t\t\t<figure class=\"wp-caption\">\n\t\t\t\t\t\t\t\t\t\t<img loading=\"lazy\" decoding=\"async\" width=\"768\" height=\"511\" src=\"https:\/\/www.elturistatranquil.com\/wp-content\/uploads\/F53-Bera-Navarra-1.jpg\" class=\"attachment-large size-large wp-image-23238\" alt=\"\" srcset=\"https:\/\/www.elturistatranquil.com\/wp-content\/uploads\/F53-Bera-Navarra-1.jpg 768w, https:\/\/www.elturistatranquil.com\/wp-content\/uploads\/F53-Bera-Navarra-1-339x226.jpg 339w\" sizes=\"(max-width: 768px) 100vw, 768px\" \/>\t\t\t\t\t\t\t\t\t\t\t<figcaption class=\"widget-image-caption wp-caption-text\"><\/figcaption>\n\t\t\t\t\t\t\t\t\t\t<\/figure>\n\t\t\t\t\t\t\t\t\t<\/div>\n\t\t\t\t<\/div>\n\t\t\t\t<div class=\"elementor-element elementor-element-2705c5ca elementor-widget elementor-widget-text-editor\" data-id=\"2705c5ca\" data-element_type=\"widget\" data-e-type=\"widget\" data-widget_type=\"text-editor.default\">\n\t\t\t\t<div class=\"elementor-widget-container\">\n\t\t\t\t\t\t\t\t\t<p>Dono mitja volta i un cartell, amb l&#8217;escut, em d\u00f3na la benvinguda (<em>ongi etorri<\/em>), i un retolat sobre les cases d&#8217;entrada a la Vila em fa veure que amb anterioritat es denominava Vera de Bidasoa (<strong>21<\/strong>).<\/p>\t\t\t\t\t\t\t\t<\/div>\n\t\t\t\t<\/div>\n\t\t\t\t<div class=\"elementor-element elementor-element-5f3236f6 elementor-widget elementor-widget-image\" data-id=\"5f3236f6\" data-element_type=\"widget\" data-e-type=\"widget\" data-widget_type=\"image.default\">\n\t\t\t\t<div class=\"elementor-widget-container\">\n\t\t\t\t\t\t\t\t\t\t\t\t<figure class=\"wp-caption\">\n\t\t\t\t\t\t\t\t\t\t<img loading=\"lazy\" decoding=\"async\" width=\"768\" height=\"512\" src=\"https:\/\/www.elturistatranquil.com\/wp-content\/uploads\/F54-Bera-Navarra-1.jpg\" class=\"attachment-large size-large wp-image-23240\" alt=\"\" srcset=\"https:\/\/www.elturistatranquil.com\/wp-content\/uploads\/F54-Bera-Navarra-1.jpg 768w, https:\/\/www.elturistatranquil.com\/wp-content\/uploads\/F54-Bera-Navarra-1-339x226.jpg 339w\" sizes=\"(max-width: 768px) 100vw, 768px\" \/>\t\t\t\t\t\t\t\t\t\t\t<figcaption class=\"widget-image-caption wp-caption-text\"><\/figcaption>\n\t\t\t\t\t\t\t\t\t\t<\/figure>\n\t\t\t\t\t\t\t\t\t<\/div>\n\t\t\t\t<\/div>\n\t\t\t\t<div class=\"elementor-element elementor-element-3114fda5 elementor-widget elementor-widget-menu-anchor\" data-id=\"3114fda5\" data-element_type=\"widget\" data-e-type=\"widget\" data-widget_type=\"menu-anchor.default\">\n\t\t\t\t<div class=\"elementor-widget-container\">\n\t\t\t\t\t\t\t<div class=\"elementor-menu-anchor\" id=\"c3812\"><\/div>\n\t\t\t\t\t\t<\/div>\n\t\t\t\t<\/div>\n\t\t\t\t<div class=\"elementor-element elementor-element-20947210 elementor-widget elementor-widget-image\" data-id=\"20947210\" data-element_type=\"widget\" data-e-type=\"widget\" data-widget_type=\"image.default\">\n\t\t\t\t<div class=\"elementor-widget-container\">\n\t\t\t\t\t\t\t\t\t\t\t\t<figure class=\"wp-caption\">\n\t\t\t\t\t\t\t\t\t\t<img loading=\"lazy\" decoding=\"async\" width=\"768\" height=\"512\" src=\"https:\/\/www.elturistatranquil.com\/wp-content\/uploads\/F55-Bera-Navarra-1.jpg\" class=\"attachment-large size-large wp-image-23242\" alt=\"\" srcset=\"https:\/\/www.elturistatranquil.com\/wp-content\/uploads\/F55-Bera-Navarra-1.jpg 768w, https:\/\/www.elturistatranquil.com\/wp-content\/uploads\/F55-Bera-Navarra-1-339x226.jpg 339w\" sizes=\"(max-width: 768px) 100vw, 768px\" \/>\t\t\t\t\t\t\t\t\t\t\t<figcaption class=\"widget-image-caption wp-caption-text\"><\/figcaption>\n\t\t\t\t\t\t\t\t\t\t<\/figure>\n\t\t\t\t\t\t\t\t\t<\/div>\n\t\t\t\t<\/div>\n\t\t\t\t<div class=\"elementor-element elementor-element-2d8dfac2 elementor-widget elementor-widget-heading\" data-id=\"2d8dfac2\" data-element_type=\"widget\" data-e-type=\"widget\" data-widget_type=\"heading.default\">\n\t\t\t\t<div class=\"elementor-widget-container\">\n\t\t\t\t\t<h3 class=\"elementor-heading-title elementor-size-default\">Pla\u00e7a de Jaun de Alzate <\/h3>\t\t\t\t<\/div>\n\t\t\t\t<\/div>\n\t\t\t\t<div class=\"elementor-element elementor-element-6d4eb230 elementor-widget elementor-widget-text-editor\" data-id=\"6d4eb230\" data-element_type=\"widget\" data-e-type=\"widget\" data-widget_type=\"text-editor.default\">\n\t\t\t\t<div class=\"elementor-widget-container\">\n\t\t\t\t\t\t\t\t\t<p>Continu el recorregut cap a la <strong>Altzateko jaunaren pla\u00e7a<\/strong> (pla\u00e7a del senyor de Altzateko) (<strong>25<\/strong>) centre senyorial de la Vila on tenien la seva resid\u00e8ncia els Alzate o Altzateko, avui desapareguda, al costat de la regata Zia. Avui convertida en pla\u00e7a.<\/p><p>Abans d&#8217;arribar, al <strong>carrer Alzate<\/strong> (<strong>22<\/strong>) es pot constatar l&#8217;antiguitat del lloc per les indicacions de data de moltes dels seus casalots blasonats, de principis del segle XVIII (<strong>23<\/strong> i <strong>24<\/strong>).<\/p>\t\t\t\t\t\t\t\t<\/div>\n\t\t\t\t<\/div>\n\t\t\t\t<div class=\"elementor-element elementor-element-3dcd2a9d elementor-widget elementor-widget-image\" data-id=\"3dcd2a9d\" data-element_type=\"widget\" data-e-type=\"widget\" data-widget_type=\"image.default\">\n\t\t\t\t<div class=\"elementor-widget-container\">\n\t\t\t\t\t\t\t\t\t\t\t\t<figure class=\"wp-caption\">\n\t\t\t\t\t\t\t\t\t\t<img loading=\"lazy\" decoding=\"async\" width=\"384\" height=\"550\" src=\"https:\/\/www.elturistatranquil.com\/wp-content\/uploads\/F56-Bera-Navarra-1.jpg\" class=\"attachment-large size-large wp-image-23244\" alt=\"\" srcset=\"https:\/\/www.elturistatranquil.com\/wp-content\/uploads\/F56-Bera-Navarra-1.jpg 384w, https:\/\/www.elturistatranquil.com\/wp-content\/uploads\/F56-Bera-Navarra-1-158x226.jpg 158w\" sizes=\"(max-width: 384px) 100vw, 384px\" \/>\t\t\t\t\t\t\t\t\t\t\t<figcaption class=\"widget-image-caption wp-caption-text\"><\/figcaption>\n\t\t\t\t\t\t\t\t\t\t<\/figure>\n\t\t\t\t\t\t\t\t\t<\/div>\n\t\t\t\t<\/div>\n\t\t\t\t<div class=\"elementor-element elementor-element-606f966e elementor-widget elementor-widget-image\" data-id=\"606f966e\" data-element_type=\"widget\" data-e-type=\"widget\" data-widget_type=\"image.default\">\n\t\t\t\t<div class=\"elementor-widget-container\">\n\t\t\t\t\t\t\t\t\t\t\t\t<figure class=\"wp-caption\">\n\t\t\t\t\t\t\t\t\t\t<img loading=\"lazy\" decoding=\"async\" width=\"768\" height=\"511\" src=\"https:\/\/www.elturistatranquil.com\/wp-content\/uploads\/F57-Bera-Navarra-1.jpg\" class=\"attachment-large size-large wp-image-23246\" alt=\"\" srcset=\"https:\/\/www.elturistatranquil.com\/wp-content\/uploads\/F57-Bera-Navarra-1.jpg 768w, https:\/\/www.elturistatranquil.com\/wp-content\/uploads\/F57-Bera-Navarra-1-339x226.jpg 339w\" sizes=\"(max-width: 768px) 100vw, 768px\" \/>\t\t\t\t\t\t\t\t\t\t\t<figcaption class=\"widget-image-caption wp-caption-text\"><\/figcaption>\n\t\t\t\t\t\t\t\t\t\t<\/figure>\n\t\t\t\t\t\t\t\t\t<\/div>\n\t\t\t\t<\/div>\n\t\t\t\t<div class=\"elementor-element elementor-element-c30c3f1 elementor-widget elementor-widget-image\" data-id=\"c30c3f1\" data-element_type=\"widget\" data-e-type=\"widget\" data-widget_type=\"image.default\">\n\t\t\t\t<div class=\"elementor-widget-container\">\n\t\t\t\t\t\t\t\t\t\t\t\t<figure class=\"wp-caption\">\n\t\t\t\t\t\t\t\t\t\t<img loading=\"lazy\" decoding=\"async\" width=\"768\" height=\"511\" src=\"https:\/\/www.elturistatranquil.com\/wp-content\/uploads\/F58-Bera-Navarra-1.jpg\" class=\"attachment-large size-large wp-image-23248\" alt=\"\" srcset=\"https:\/\/www.elturistatranquil.com\/wp-content\/uploads\/F58-Bera-Navarra-1.jpg 768w, https:\/\/www.elturistatranquil.com\/wp-content\/uploads\/F58-Bera-Navarra-1-339x226.jpg 339w\" sizes=\"(max-width: 768px) 100vw, 768px\" \/>\t\t\t\t\t\t\t\t\t\t\t<figcaption class=\"widget-image-caption wp-caption-text\"><\/figcaption>\n\t\t\t\t\t\t\t\t\t\t<\/figure>\n\t\t\t\t\t\t\t\t\t<\/div>\n\t\t\t\t<\/div>\n\t\t\t\t<div class=\"elementor-element elementor-element-31e7aeae elementor-widget elementor-widget-text-editor\" data-id=\"31e7aeae\" data-element_type=\"widget\" data-e-type=\"widget\" data-widget_type=\"text-editor.default\">\n\t\t\t\t<div class=\"elementor-widget-container\">\n\t\t\t\t\t\t\t\t\t<p>El costat nord de la pla\u00e7a completa la mostra de casalots de l&#8217;\u00e8poca (<strong>26<\/strong>).<\/p>\t\t\t\t\t\t\t\t<\/div>\n\t\t\t\t<\/div>\n\t\t\t\t<div class=\"elementor-element elementor-element-4899819b elementor-widget elementor-widget-image\" data-id=\"4899819b\" data-element_type=\"widget\" data-e-type=\"widget\" data-widget_type=\"image.default\">\n\t\t\t\t<div class=\"elementor-widget-container\">\n\t\t\t\t\t\t\t\t\t\t\t\t<figure class=\"wp-caption\">\n\t\t\t\t\t\t\t\t\t\t<img loading=\"lazy\" decoding=\"async\" width=\"768\" height=\"511\" src=\"https:\/\/www.elturistatranquil.com\/wp-content\/uploads\/F59-Bera-Navarra-1.jpg\" class=\"attachment-large size-large wp-image-23250\" alt=\"\" srcset=\"https:\/\/www.elturistatranquil.com\/wp-content\/uploads\/F59-Bera-Navarra-1.jpg 768w, https:\/\/www.elturistatranquil.com\/wp-content\/uploads\/F59-Bera-Navarra-1-339x226.jpg 339w\" sizes=\"(max-width: 768px) 100vw, 768px\" \/>\t\t\t\t\t\t\t\t\t\t\t<figcaption class=\"widget-image-caption wp-caption-text\"><\/figcaption>\n\t\t\t\t\t\t\t\t\t\t<\/figure>\n\t\t\t\t\t\t\t\t\t<\/div>\n\t\t\t\t<\/div>\n\t\t\t\t<div class=\"elementor-element elementor-element-3dd924f4 elementor-widget elementor-widget-text-editor\" data-id=\"3dd924f4\" data-element_type=\"widget\" data-e-type=\"widget\" data-widget_type=\"text-editor.default\">\n\t\t\t\t<div class=\"elementor-widget-container\">\n\t\t\t\t\t\t\t\t\t<p>El de l&#8217;esquerra, amb les entrades en arc de mig punt, tamb\u00e9 reflecteix aquesta antiguitat, de 1731.<\/p>\t\t\t\t\t\t\t\t<\/div>\n\t\t\t\t<\/div>\n\t\t\t\t<div class=\"elementor-element elementor-element-7b81209f elementor-widget elementor-widget-image\" data-id=\"7b81209f\" data-element_type=\"widget\" data-e-type=\"widget\" data-widget_type=\"image.default\">\n\t\t\t\t<div class=\"elementor-widget-container\">\n\t\t\t\t\t\t\t\t\t\t\t\t<figure class=\"wp-caption\">\n\t\t\t\t\t\t\t\t\t\t<img loading=\"lazy\" decoding=\"async\" width=\"366\" height=\"550\" src=\"https:\/\/www.elturistatranquil.com\/wp-content\/uploads\/F60-Bera-Navarra-1.jpg\" class=\"attachment-large size-large wp-image-23252\" alt=\"\" srcset=\"https:\/\/www.elturistatranquil.com\/wp-content\/uploads\/F60-Bera-Navarra-1.jpg 366w, https:\/\/www.elturistatranquil.com\/wp-content\/uploads\/F60-Bera-Navarra-1-150x226.jpg 150w\" sizes=\"(max-width: 366px) 100vw, 366px\" \/>\t\t\t\t\t\t\t\t\t\t\t<figcaption class=\"widget-image-caption wp-caption-text\"><\/figcaption>\n\t\t\t\t\t\t\t\t\t\t<\/figure>\n\t\t\t\t\t\t\t\t\t<\/div>\n\t\t\t\t<\/div>\n\t\t\t\t<div class=\"elementor-element elementor-element-40ecfa73 elementor-widget elementor-widget-menu-anchor\" data-id=\"40ecfa73\" data-element_type=\"widget\" data-e-type=\"widget\" data-widget_type=\"menu-anchor.default\">\n\t\t\t\t<div class=\"elementor-widget-container\">\n\t\t\t\t\t\t\t<div class=\"elementor-menu-anchor\" id=\"c3813\"><\/div>\n\t\t\t\t\t\t<\/div>\n\t\t\t\t<\/div>\n\t\t\t\t<div class=\"elementor-element elementor-element-7ac8d2f7 elementor-widget elementor-widget-image\" data-id=\"7ac8d2f7\" data-element_type=\"widget\" data-e-type=\"widget\" data-widget_type=\"image.default\">\n\t\t\t\t<div class=\"elementor-widget-container\">\n\t\t\t\t\t\t\t\t\t\t\t\t<figure class=\"wp-caption\">\n\t\t\t\t\t\t\t\t\t\t<img loading=\"lazy\" decoding=\"async\" width=\"768\" height=\"512\" src=\"https:\/\/www.elturistatranquil.com\/wp-content\/uploads\/F61-Bera-Navarra-1.jpg\" class=\"attachment-large size-large wp-image-23254\" alt=\"\" srcset=\"https:\/\/www.elturistatranquil.com\/wp-content\/uploads\/F61-Bera-Navarra-1.jpg 768w, https:\/\/www.elturistatranquil.com\/wp-content\/uploads\/F61-Bera-Navarra-1-339x226.jpg 339w\" sizes=\"(max-width: 768px) 100vw, 768px\" \/>\t\t\t\t\t\t\t\t\t\t\t<figcaption class=\"widget-image-caption wp-caption-text\"><\/figcaption>\n\t\t\t\t\t\t\t\t\t\t<\/figure>\n\t\t\t\t\t\t\t\t\t<\/div>\n\t\t\t\t<\/div>\n\t\t\t\t<div class=\"elementor-element elementor-element-362998c4 elementor-widget elementor-widget-heading\" data-id=\"362998c4\" data-element_type=\"widget\" data-e-type=\"widget\" data-widget_type=\"heading.default\">\n\t\t\t\t<div class=\"elementor-widget-container\">\n\t\t\t\t\t<h3 class=\"elementor-heading-title elementor-size-default\">Carretera de Lizuniaga i carrer P\u00edo Baroja<\/h3>\t\t\t\t<\/div>\n\t\t\t\t<\/div>\n\t\t\t\t<div class=\"elementor-element elementor-element-300a085b elementor-widget elementor-widget-text-editor\" data-id=\"300a085b\" data-element_type=\"widget\" data-e-type=\"widget\" data-widget_type=\"text-editor.default\">\n\t\t\t\t<div class=\"elementor-widget-container\">\n\t\t\t\t\t\t\t\t\t<p>Seguint endavant recupero el contacte amb la regata Zia per la banda esquerra. Passada la pla\u00e7a un primer pont de pedra d&#8217;arc de mig punt per vianants (<strong>27<\/strong>).<\/p>\t\t\t\t\t\t\t\t<\/div>\n\t\t\t\t<\/div>\n\t\t\t\t<div class=\"elementor-element elementor-element-61882f1f elementor-widget elementor-widget-image\" data-id=\"61882f1f\" data-element_type=\"widget\" data-e-type=\"widget\" data-widget_type=\"image.default\">\n\t\t\t\t<div class=\"elementor-widget-container\">\n\t\t\t\t\t\t\t\t\t\t\t\t<figure class=\"wp-caption\">\n\t\t\t\t\t\t\t\t\t\t<img loading=\"lazy\" decoding=\"async\" width=\"768\" height=\"511\" src=\"https:\/\/www.elturistatranquil.com\/wp-content\/uploads\/F62-Bera-Navarra-1.jpg\" class=\"attachment-large size-large wp-image-23256\" alt=\"\" srcset=\"https:\/\/www.elturistatranquil.com\/wp-content\/uploads\/F62-Bera-Navarra-1.jpg 768w, https:\/\/www.elturistatranquil.com\/wp-content\/uploads\/F62-Bera-Navarra-1-339x226.jpg 339w\" sizes=\"(max-width: 768px) 100vw, 768px\" \/>\t\t\t\t\t\t\t\t\t\t\t<figcaption class=\"widget-image-caption wp-caption-text\"><\/figcaption>\n\t\t\t\t\t\t\t\t\t\t<\/figure>\n\t\t\t\t\t\t\t\t\t<\/div>\n\t\t\t\t<\/div>\n\t\t\t\t<div class=\"elementor-element elementor-element-a2a76fa elementor-widget elementor-widget-text-editor\" data-id=\"a2a76fa\" data-element_type=\"widget\" data-e-type=\"widget\" data-widget_type=\"text-editor.default\">\n\t\t\t\t<div class=\"elementor-widget-container\">\n\t\t\t\t\t\t\t\t\t<p>Paso a l&#8217;altre costat per admirar els casalots, amb enteixinats i suports de fusta bellament treballats (<strong>28<\/strong>).<\/p>\t\t\t\t\t\t\t\t<\/div>\n\t\t\t\t<\/div>\n\t\t\t\t<div class=\"elementor-element elementor-element-6455a824 elementor-widget elementor-widget-image\" data-id=\"6455a824\" data-element_type=\"widget\" data-e-type=\"widget\" data-widget_type=\"image.default\">\n\t\t\t\t<div class=\"elementor-widget-container\">\n\t\t\t\t\t\t\t\t\t\t\t\t<figure class=\"wp-caption\">\n\t\t\t\t\t\t\t\t\t\t<img loading=\"lazy\" decoding=\"async\" width=\"366\" height=\"550\" src=\"https:\/\/www.elturistatranquil.com\/wp-content\/uploads\/F63-Bera-Navarra-1.jpg\" class=\"attachment-large size-large wp-image-23258\" alt=\"\" srcset=\"https:\/\/www.elturistatranquil.com\/wp-content\/uploads\/F63-Bera-Navarra-1.jpg 366w, https:\/\/www.elturistatranquil.com\/wp-content\/uploads\/F63-Bera-Navarra-1-150x226.jpg 150w\" sizes=\"(max-width: 366px) 100vw, 366px\" \/>\t\t\t\t\t\t\t\t\t\t\t<figcaption class=\"widget-image-caption wp-caption-text\"><\/figcaption>\n\t\t\t\t\t\t\t\t\t\t<\/figure>\n\t\t\t\t\t\t\t\t\t<\/div>\n\t\t\t\t<\/div>\n\t\t\t\t<div class=\"elementor-element elementor-element-1ab3a59d elementor-widget elementor-widget-image\" data-id=\"1ab3a59d\" data-element_type=\"widget\" data-e-type=\"widget\" data-widget_type=\"image.default\">\n\t\t\t\t<div class=\"elementor-widget-container\">\n\t\t\t\t\t\t\t\t\t\t\t\t<figure class=\"wp-caption\">\n\t\t\t\t\t\t\t\t\t\t<img loading=\"lazy\" decoding=\"async\" width=\"768\" height=\"511\" src=\"https:\/\/www.elturistatranquil.com\/wp-content\/uploads\/F64-Bera-Navarra-1.jpg\" class=\"attachment-large size-large wp-image-23260\" alt=\"\" srcset=\"https:\/\/www.elturistatranquil.com\/wp-content\/uploads\/F64-Bera-Navarra-1.jpg 768w, https:\/\/www.elturistatranquil.com\/wp-content\/uploads\/F64-Bera-Navarra-1-339x226.jpg 339w\" sizes=\"(max-width: 768px) 100vw, 768px\" \/>\t\t\t\t\t\t\t\t\t\t\t<figcaption class=\"widget-image-caption wp-caption-text\"><\/figcaption>\n\t\t\t\t\t\t\t\t\t\t<\/figure>\n\t\t\t\t\t\t\t\t\t<\/div>\n\t\t\t\t<\/div>\n\t\t\t\t<div class=\"elementor-element elementor-element-6f4e3803 elementor-widget elementor-widget-text-editor\" data-id=\"6f4e3803\" data-element_type=\"widget\" data-e-type=\"widget\" data-widget_type=\"text-editor.default\">\n\t\t\t\t<div class=\"elementor-widget-container\">\n\t\t\t\t\t\t\t\t\t<p>El carrer continua fins a aconseguir un pont modern de pas de vehicles.<\/p><p>Davant l&#8217;encreuament es troba, a l&#8217;esquerra, el <strong>caser\u00edo Zelaia<\/strong> (casa Celaya) (<strong>29<\/strong>), de pedra picada fina. Sembla ser que la porta central abans era una servitud de pas.<\/p>\t\t\t\t\t\t\t\t<\/div>\n\t\t\t\t<\/div>\n\t\t\t\t<div class=\"elementor-element elementor-element-732cdc2f elementor-widget elementor-widget-image\" data-id=\"732cdc2f\" data-element_type=\"widget\" data-e-type=\"widget\" data-widget_type=\"image.default\">\n\t\t\t\t<div class=\"elementor-widget-container\">\n\t\t\t\t\t\t\t\t\t\t\t\t<figure class=\"wp-caption\">\n\t\t\t\t\t\t\t\t\t\t<img loading=\"lazy\" decoding=\"async\" width=\"768\" height=\"512\" src=\"https:\/\/www.elturistatranquil.com\/wp-content\/uploads\/F65-Bera-Navarra-1.jpg\" class=\"attachment-large size-large wp-image-23262\" alt=\"\" srcset=\"https:\/\/www.elturistatranquil.com\/wp-content\/uploads\/F65-Bera-Navarra-1.jpg 768w, https:\/\/www.elturistatranquil.com\/wp-content\/uploads\/F65-Bera-Navarra-1-339x226.jpg 339w\" sizes=\"(max-width: 768px) 100vw, 768px\" \/>\t\t\t\t\t\t\t\t\t\t\t<figcaption class=\"widget-image-caption wp-caption-text\"><\/figcaption>\n\t\t\t\t\t\t\t\t\t\t<\/figure>\n\t\t\t\t\t\t\t\t\t<\/div>\n\t\t\t\t<\/div>\n\t\t\t\t<div class=\"elementor-element elementor-element-2f803018 elementor-widget elementor-widget-text-editor\" data-id=\"2f803018\" data-element_type=\"widget\" data-e-type=\"widget\" data-widget_type=\"text-editor.default\">\n\t\t\t\t<div class=\"elementor-widget-container\">\n\t\t\t\t\t\t\t\t\t<p>Al costat es troba un <strong>humilladero<\/strong> (<strong>30<\/strong>) en forma de templet neocl\u00e0ssic amb pedestal i front\u00f3 triangular. La forn\u00edcula alberga un Crist Crucificat.<\/p>\t\t\t\t\t\t\t\t<\/div>\n\t\t\t\t<\/div>\n\t\t\t\t<div class=\"elementor-element elementor-element-62410fc4 elementor-widget elementor-widget-image\" data-id=\"62410fc4\" data-element_type=\"widget\" data-e-type=\"widget\" data-widget_type=\"image.default\">\n\t\t\t\t<div class=\"elementor-widget-container\">\n\t\t\t\t\t\t\t\t\t\t\t\t<figure class=\"wp-caption\">\n\t\t\t\t\t\t\t\t\t\t<img loading=\"lazy\" decoding=\"async\" width=\"768\" height=\"512\" src=\"https:\/\/www.elturistatranquil.com\/wp-content\/uploads\/F66-Bera-Navarra-1.jpg\" class=\"attachment-large size-large wp-image-23264\" alt=\"\" srcset=\"https:\/\/www.elturistatranquil.com\/wp-content\/uploads\/F66-Bera-Navarra-1.jpg 768w, https:\/\/www.elturistatranquil.com\/wp-content\/uploads\/F66-Bera-Navarra-1-339x226.jpg 339w\" sizes=\"(max-width: 768px) 100vw, 768px\" \/>\t\t\t\t\t\t\t\t\t\t\t<figcaption class=\"widget-image-caption wp-caption-text\"><\/figcaption>\n\t\t\t\t\t\t\t\t\t\t<\/figure>\n\t\t\t\t\t\t\t\t\t<\/div>\n\t\t\t\t<\/div>\n\t\t\t\t<div class=\"elementor-element elementor-element-188976ce elementor-widget elementor-widget-text-editor\" data-id=\"188976ce\" data-element_type=\"widget\" data-e-type=\"widget\" data-widget_type=\"text-editor.default\">\n\t\t\t\t<div class=\"elementor-widget-container\">\n\t\t\t\t\t\t\t\t\t<p>Segueixo fins a arribar a la seg\u00fcent cantonada carrer P\u00edo Baroja.<\/p><p>El mas que es troba al capdavant \u00e9s el <strong>&#8220;Garraiko Errota&#8221; Baserria<\/strong> (Caserio Garraiko Errota) (<strong>31<\/strong>), popularment conegut com &#8220;Errotta&#8221; (mol\u00ed).<\/p><p>\u00c9s l&#8217;\u00fanic mol\u00ed que es mant\u00e9 en funcionament a Bera, destinat a la m\u00f2lta de blat de moro. Segons el cartell informatiu, porta m\u00e9s de 300 anys de funcionament i \u00e9s la quarta generaci\u00f3 de la fam\u00edlia que el gestiona. Les filoses es mouen accionades per l&#8217;aigua, i el gra es molt per fricci\u00f3 en passar entre pedres. Informa que no \u00e9s visitable.<\/p>\t\t\t\t\t\t\t\t<\/div>\n\t\t\t\t<\/div>\n\t\t\t\t<div class=\"elementor-element elementor-element-29aceecb elementor-widget elementor-widget-image\" data-id=\"29aceecb\" data-element_type=\"widget\" data-e-type=\"widget\" data-widget_type=\"image.default\">\n\t\t\t\t<div class=\"elementor-widget-container\">\n\t\t\t\t\t\t\t\t\t\t\t\t<figure class=\"wp-caption\">\n\t\t\t\t\t\t\t\t\t\t<img loading=\"lazy\" decoding=\"async\" width=\"768\" height=\"512\" src=\"https:\/\/www.elturistatranquil.com\/wp-content\/uploads\/F67-Bera-Navarra-1.jpg\" class=\"attachment-large size-large wp-image-23266\" alt=\"\" srcset=\"https:\/\/www.elturistatranquil.com\/wp-content\/uploads\/F67-Bera-Navarra-1.jpg 768w, https:\/\/www.elturistatranquil.com\/wp-content\/uploads\/F67-Bera-Navarra-1-339x226.jpg 339w\" sizes=\"(max-width: 768px) 100vw, 768px\" \/>\t\t\t\t\t\t\t\t\t\t\t<figcaption class=\"widget-image-caption wp-caption-text\"><\/figcaption>\n\t\t\t\t\t\t\t\t\t\t<\/figure>\n\t\t\t\t\t\t\t\t\t<\/div>\n\t\t\t\t<\/div>\n\t\t\t\t<div class=\"elementor-element elementor-element-1de126c0 elementor-widget elementor-widget-text-editor\" data-id=\"1de126c0\" data-element_type=\"widget\" data-e-type=\"widget\" data-widget_type=\"text-editor.default\">\n\t\t\t\t<div class=\"elementor-widget-container\">\n\t\t\t\t\t\t\t\t\t<p>Avan\u00e7o pel carrer on va disminuint la forma d&#8217;ocupaci\u00f3 aparellada, per guanyar pes les cases a\u00efllades, amb bells exemples d&#8217;arquitectura popular (<strong>32<\/strong>, <strong>33<\/strong>).<\/p>\t\t\t\t\t\t\t\t<\/div>\n\t\t\t\t<\/div>\n\t\t\t\t<div class=\"elementor-element elementor-element-7b0d9795 elementor-widget elementor-widget-image\" data-id=\"7b0d9795\" data-element_type=\"widget\" data-e-type=\"widget\" data-widget_type=\"image.default\">\n\t\t\t\t<div class=\"elementor-widget-container\">\n\t\t\t\t\t\t\t\t\t\t\t\t<figure class=\"wp-caption\">\n\t\t\t\t\t\t\t\t\t\t<img loading=\"lazy\" decoding=\"async\" width=\"768\" height=\"511\" src=\"https:\/\/www.elturistatranquil.com\/wp-content\/uploads\/F68-Bera-Navarra-1.jpg\" class=\"attachment-large size-large wp-image-23268\" alt=\"\" srcset=\"https:\/\/www.elturistatranquil.com\/wp-content\/uploads\/F68-Bera-Navarra-1.jpg 768w, https:\/\/www.elturistatranquil.com\/wp-content\/uploads\/F68-Bera-Navarra-1-339x226.jpg 339w\" sizes=\"(max-width: 768px) 100vw, 768px\" \/>\t\t\t\t\t\t\t\t\t\t\t<figcaption class=\"widget-image-caption wp-caption-text\"><\/figcaption>\n\t\t\t\t\t\t\t\t\t\t<\/figure>\n\t\t\t\t\t\t\t\t\t<\/div>\n\t\t\t\t<\/div>\n\t\t\t\t<div class=\"elementor-element elementor-element-5ac09df8 elementor-widget elementor-widget-image\" data-id=\"5ac09df8\" data-element_type=\"widget\" data-e-type=\"widget\" data-widget_type=\"image.default\">\n\t\t\t\t<div class=\"elementor-widget-container\">\n\t\t\t\t\t\t\t\t\t\t\t\t<figure class=\"wp-caption\">\n\t\t\t\t\t\t\t\t\t\t<img loading=\"lazy\" decoding=\"async\" width=\"768\" height=\"512\" src=\"https:\/\/www.elturistatranquil.com\/wp-content\/uploads\/F69-Bera-Navarra-1.jpg\" class=\"attachment-large size-large wp-image-23270\" alt=\"\" srcset=\"https:\/\/www.elturistatranquil.com\/wp-content\/uploads\/F69-Bera-Navarra-1.jpg 768w, https:\/\/www.elturistatranquil.com\/wp-content\/uploads\/F69-Bera-Navarra-1-339x226.jpg 339w\" sizes=\"(max-width: 768px) 100vw, 768px\" \/>\t\t\t\t\t\t\t\t\t\t\t<figcaption class=\"widget-image-caption wp-caption-text\"><\/figcaption>\n\t\t\t\t\t\t\t\t\t\t<\/figure>\n\t\t\t\t\t\t\t\t\t<\/div>\n\t\t\t\t<\/div>\n\t\t\t\t<div class=\"elementor-element elementor-element-3e8bb68f elementor-widget elementor-widget-text-editor\" data-id=\"3e8bb68f\" data-element_type=\"widget\" data-e-type=\"widget\" data-widget_type=\"text-editor.default\">\n\t\t\t\t<div class=\"elementor-widget-container\">\n\t\t\t\t\t\t\t\t\t<p>M&#8217;endinso al carrer i a uns 200 metres apareix una casa (<strong>34<\/strong>) que desperta el meu inter\u00e8s. Es tracta d&#8217;una casa recent, constru\u00efda d&#8217;acord amb l&#8217;estructura de l&#8217;arquitectura popular local, per\u00f2 dotant-la d&#8217;elements evolutius de modernitat.<\/p>\t\t\t\t\t\t\t\t<\/div>\n\t\t\t\t<\/div>\n\t\t\t\t<div class=\"elementor-element elementor-element-3960a1d7 elementor-widget elementor-widget-image\" data-id=\"3960a1d7\" data-element_type=\"widget\" data-e-type=\"widget\" data-widget_type=\"image.default\">\n\t\t\t\t<div class=\"elementor-widget-container\">\n\t\t\t\t\t\t\t\t\t\t\t\t<figure class=\"wp-caption\">\n\t\t\t\t\t\t\t\t\t\t<img loading=\"lazy\" decoding=\"async\" width=\"768\" height=\"512\" src=\"https:\/\/www.elturistatranquil.com\/wp-content\/uploads\/F70-Bera-Navarra-1.jpg\" class=\"attachment-large size-large wp-image-23272\" alt=\"\" srcset=\"https:\/\/www.elturistatranquil.com\/wp-content\/uploads\/F70-Bera-Navarra-1.jpg 768w, https:\/\/www.elturistatranquil.com\/wp-content\/uploads\/F70-Bera-Navarra-1-339x226.jpg 339w\" sizes=\"(max-width: 768px) 100vw, 768px\" \/>\t\t\t\t\t\t\t\t\t\t\t<figcaption class=\"widget-image-caption wp-caption-text\"><\/figcaption>\n\t\t\t\t\t\t\t\t\t\t<\/figure>\n\t\t\t\t\t\t\t\t\t<\/div>\n\t\t\t\t<\/div>\n\t\t\t\t<div class=\"elementor-element elementor-element-23487ccf elementor-widget elementor-widget-image\" data-id=\"23487ccf\" data-element_type=\"widget\" data-e-type=\"widget\" data-widget_type=\"image.default\">\n\t\t\t\t<div class=\"elementor-widget-container\">\n\t\t\t\t\t\t\t\t\t\t\t\t<figure class=\"wp-caption\">\n\t\t\t\t\t\t\t\t\t\t<img loading=\"lazy\" decoding=\"async\" width=\"768\" height=\"511\" src=\"https:\/\/www.elturistatranquil.com\/wp-content\/uploads\/F71-Bera-Navarra-1.jpg\" class=\"attachment-large size-large wp-image-23274\" alt=\"\" srcset=\"https:\/\/www.elturistatranquil.com\/wp-content\/uploads\/F71-Bera-Navarra-1.jpg 768w, https:\/\/www.elturistatranquil.com\/wp-content\/uploads\/F71-Bera-Navarra-1-339x226.jpg 339w\" sizes=\"(max-width: 768px) 100vw, 768px\" \/>\t\t\t\t\t\t\t\t\t\t\t<figcaption class=\"widget-image-caption wp-caption-text\"><\/figcaption>\n\t\t\t\t\t\t\t\t\t\t<\/figure>\n\t\t\t\t\t\t\t\t\t<\/div>\n\t\t\t\t<\/div>\n\t\t\t\t<div class=\"elementor-element elementor-element-7e98ba92 elementor-widget elementor-widget-text-editor\" data-id=\"7e98ba92\" data-element_type=\"widget\" data-e-type=\"widget\" data-widget_type=\"text-editor.default\">\n\t\t\t\t<div class=\"elementor-widget-container\">\n\t\t\t\t\t\t\t\t\t<p>El conjunt em sembla significativament bell i atractiu, i ben resolt en l&#8217;entroncament entre tradici\u00f3 i modernitat.<\/p><p>De retorn ja, observo un altre signe de modernitat entroncat amb la tend\u00e8ncia de l&#8217;escultura basca a l&#8217;\u00fas de la pedra i l&#8217;acer, concretat en una <strong>font p\u00fablica<\/strong> (<strong>35<\/strong>).<\/p>\t\t\t\t\t\t\t\t<\/div>\n\t\t\t\t<\/div>\n\t\t\t\t<div class=\"elementor-element elementor-element-15e678ba elementor-widget elementor-widget-menu-anchor\" data-id=\"15e678ba\" data-element_type=\"widget\" data-e-type=\"widget\" data-widget_type=\"menu-anchor.default\">\n\t\t\t\t<div class=\"elementor-widget-container\">\n\t\t\t\t\t\t\t<div class=\"elementor-menu-anchor\" id=\"c3814\"><\/div>\n\t\t\t\t\t\t<\/div>\n\t\t\t\t<\/div>\n\t\t\t\t<div class=\"elementor-element elementor-element-4abbd0a3 elementor-widget elementor-widget-image\" data-id=\"4abbd0a3\" data-element_type=\"widget\" data-e-type=\"widget\" data-widget_type=\"image.default\">\n\t\t\t\t<div class=\"elementor-widget-container\">\n\t\t\t\t\t\t\t\t\t\t\t\t<figure class=\"wp-caption\">\n\t\t\t\t\t\t\t\t\t\t<img loading=\"lazy\" decoding=\"async\" width=\"768\" height=\"512\" src=\"https:\/\/www.elturistatranquil.com\/wp-content\/uploads\/F72-Bera-Navarra-1.jpg\" class=\"attachment-large size-large wp-image-23276\" alt=\"\" srcset=\"https:\/\/www.elturistatranquil.com\/wp-content\/uploads\/F72-Bera-Navarra-1.jpg 768w, https:\/\/www.elturistatranquil.com\/wp-content\/uploads\/F72-Bera-Navarra-1-339x226.jpg 339w\" sizes=\"(max-width: 768px) 100vw, 768px\" \/>\t\t\t\t\t\t\t\t\t\t\t<figcaption class=\"widget-image-caption wp-caption-text\"><\/figcaption>\n\t\t\t\t\t\t\t\t\t\t<\/figure>\n\t\t\t\t\t\t\t\t\t<\/div>\n\t\t\t\t<\/div>\n\t\t\t\t<div class=\"elementor-element elementor-element-6ec1025e elementor-widget elementor-widget-heading\" data-id=\"6ec1025e\" data-element_type=\"widget\" data-e-type=\"widget\" data-widget_type=\"heading.default\">\n\t\t\t\t<div class=\"elementor-widget-container\">\n\t\t\t\t\t<h3 class=\"elementor-heading-title elementor-size-default\">El marge dret: Passeig Eztegara<\/h3>\t\t\t\t<\/div>\n\t\t\t\t<\/div>\n\t\t\t\t<div class=\"elementor-element elementor-element-46c6bd5 elementor-widget elementor-widget-text-editor\" data-id=\"46c6bd5\" data-element_type=\"widget\" data-e-type=\"widget\" data-widget_type=\"text-editor.default\">\n\t\t\t\t<div class=\"elementor-widget-container\">\n\t\t\t\t\t\t\t\t\t<p>Refaig el cam\u00ed, per\u00f2 tornar\u00e9 pel costat dret de la regata Zia, pel <strong>passeig Eztegara <\/strong>(<strong>36<\/strong>)<\/p><p>\u00c9s una zona m\u00e9s moderna, amb un carrer-passeig per territori pla, m\u00e9s ampli i rectilini que la part antiga.<\/p><p>Vista en direcci\u00f3 oest.<\/p>\t\t\t\t\t\t\t\t<\/div>\n\t\t\t\t<\/div>\n\t\t\t\t<div class=\"elementor-element elementor-element-543625fd elementor-widget elementor-widget-image\" data-id=\"543625fd\" data-element_type=\"widget\" data-e-type=\"widget\" data-widget_type=\"image.default\">\n\t\t\t\t<div class=\"elementor-widget-container\">\n\t\t\t\t\t\t\t\t\t\t\t\t<figure class=\"wp-caption\">\n\t\t\t\t\t\t\t\t\t\t<img loading=\"lazy\" decoding=\"async\" width=\"768\" height=\"511\" src=\"https:\/\/www.elturistatranquil.com\/wp-content\/uploads\/F73-Bera-Navarra-1.jpg\" class=\"attachment-large size-large wp-image-23278\" alt=\"\" srcset=\"https:\/\/www.elturistatranquil.com\/wp-content\/uploads\/F73-Bera-Navarra-1.jpg 768w, https:\/\/www.elturistatranquil.com\/wp-content\/uploads\/F73-Bera-Navarra-1-339x226.jpg 339w\" sizes=\"(max-width: 768px) 100vw, 768px\" \/>\t\t\t\t\t\t\t\t\t\t\t<figcaption class=\"widget-image-caption wp-caption-text\"><\/figcaption>\n\t\t\t\t\t\t\t\t\t\t<\/figure>\n\t\t\t\t\t\t\t\t\t<\/div>\n\t\t\t\t<\/div>\n\t\t\t\t<div class=\"elementor-element elementor-element-70ad41d2 elementor-widget elementor-widget-text-editor\" data-id=\"70ad41d2\" data-element_type=\"widget\" data-e-type=\"widget\" data-widget_type=\"text-editor.default\">\n\t\t\t\t<div class=\"elementor-widget-container\">\n\t\t\t\t\t\t\t\t\t<p>Vista en direcci\u00f3 este.<\/p>\t\t\t\t\t\t\t\t<\/div>\n\t\t\t\t<\/div>\n\t\t\t\t<div class=\"elementor-element elementor-element-21ceb14c elementor-widget elementor-widget-image\" data-id=\"21ceb14c\" data-element_type=\"widget\" data-e-type=\"widget\" data-widget_type=\"image.default\">\n\t\t\t\t<div class=\"elementor-widget-container\">\n\t\t\t\t\t\t\t\t\t\t\t\t<figure class=\"wp-caption\">\n\t\t\t\t\t\t\t\t\t\t<img loading=\"lazy\" decoding=\"async\" width=\"768\" height=\"511\" src=\"https:\/\/www.elturistatranquil.com\/wp-content\/uploads\/F74-Bera-Navarra-1.jpg\" class=\"attachment-large size-large wp-image-23280\" alt=\"\" srcset=\"https:\/\/www.elturistatranquil.com\/wp-content\/uploads\/F74-Bera-Navarra-1.jpg 768w, https:\/\/www.elturistatranquil.com\/wp-content\/uploads\/F74-Bera-Navarra-1-339x226.jpg 339w\" sizes=\"(max-width: 768px) 100vw, 768px\" \/>\t\t\t\t\t\t\t\t\t\t\t<figcaption class=\"widget-image-caption wp-caption-text\"><\/figcaption>\n\t\t\t\t\t\t\t\t\t\t<\/figure>\n\t\t\t\t\t\t\t\t\t<\/div>\n\t\t\t\t<\/div>\n\t\t\t\t<div class=\"elementor-element elementor-element-59377ae1 elementor-widget elementor-widget-menu-anchor\" data-id=\"59377ae1\" data-element_type=\"widget\" data-e-type=\"widget\" data-widget_type=\"menu-anchor.default\">\n\t\t\t\t<div class=\"elementor-widget-container\">\n\t\t\t\t\t\t\t<div class=\"elementor-menu-anchor\" id=\"c3815\"><\/div>\n\t\t\t\t\t\t<\/div>\n\t\t\t\t<\/div>\n\t\t\t\t<div class=\"elementor-element elementor-element-71ecf762 elementor-widget elementor-widget-text-editor\" data-id=\"71ecf762\" data-element_type=\"widget\" data-e-type=\"widget\" data-widget_type=\"text-editor.default\">\n\t\t\t\t<div class=\"elementor-widget-container\">\n\t\t\t\t\t\t\t\t\t<p>En aquest passeig es troba l&#8217;Oficina de Turisme, oberta nom\u00e9s a l&#8217;estiu. La resta de l&#8217;any ens diuen que hem de disculpar les mol\u00e8sties.<\/p>\t\t\t\t\t\t\t\t<\/div>\n\t\t\t\t<\/div>\n\t\t\t\t<div class=\"elementor-element elementor-element-7c5eaad3 elementor-widget elementor-widget-heading\" data-id=\"7c5eaad3\" data-element_type=\"widget\" data-e-type=\"widget\" data-widget_type=\"heading.default\">\n\t\t\t\t<div class=\"elementor-widget-container\">\n\t\t\t\t\t<h3 class=\"elementor-heading-title elementor-size-default\">Carrer Bidasoa<\/h3>\t\t\t\t<\/div>\n\t\t\t\t<\/div>\n\t\t\t\t<div class=\"elementor-element elementor-element-28675e06 elementor-widget elementor-widget-text-editor\" data-id=\"28675e06\" data-element_type=\"widget\" data-e-type=\"widget\" data-widget_type=\"text-editor.default\">\n\t\t\t\t<div class=\"elementor-widget-container\">\n\t\t\t\t\t\t\t\t\t<p>El passeig enlla\u00e7a amb el <strong>carrer de Bidasoa<\/strong> (<strong>37<\/strong>), que \u00e9s la que porta a l&#8217;Hotel Churrut.<\/p><p>Aquest \u00e9s el punt del v\u00e8rtex de la L que he dit que formava l&#8217;estructura urbana de Bera. Cap a l&#8217;esquerra, en direcci\u00f3 sud, el bra\u00e7 de la L s&#8217;allarga 1 quil\u00f2metre. L&#8217;ocupaci\u00f3 urbana d&#8217;aquest recorregut \u00e9s desigual en intensitat, mentre que a la part final l&#8217;ocupaci\u00f3 \u00e9s industrial i de serveis.<\/p>\t\t\t\t\t\t\t\t<\/div>\n\t\t\t\t<\/div>\n\t\t\t\t<div class=\"elementor-element elementor-element-1433c95e elementor-widget elementor-widget-image\" data-id=\"1433c95e\" data-element_type=\"widget\" data-e-type=\"widget\" data-widget_type=\"image.default\">\n\t\t\t\t<div class=\"elementor-widget-container\">\n\t\t\t\t\t\t\t\t\t\t\t\t<figure class=\"wp-caption\">\n\t\t\t\t\t\t\t\t\t\t<img loading=\"lazy\" decoding=\"async\" width=\"768\" height=\"511\" src=\"https:\/\/www.elturistatranquil.com\/wp-content\/uploads\/F75-Bera-Navarra-1.jpg\" class=\"attachment-large size-large wp-image-23282\" alt=\"\" srcset=\"https:\/\/www.elturistatranquil.com\/wp-content\/uploads\/F75-Bera-Navarra-1.jpg 768w, https:\/\/www.elturistatranquil.com\/wp-content\/uploads\/F75-Bera-Navarra-1-339x226.jpg 339w\" sizes=\"(max-width: 768px) 100vw, 768px\" \/>\t\t\t\t\t\t\t\t\t\t\t<figcaption class=\"widget-image-caption wp-caption-text\"><\/figcaption>\n\t\t\t\t\t\t\t\t\t\t<\/figure>\n\t\t\t\t\t\t\t\t\t<\/div>\n\t\t\t\t<\/div>\n\t\t\t\t<div class=\"elementor-element elementor-element-331a72a7 elementor-widget elementor-widget-text-editor\" data-id=\"331a72a7\" data-element_type=\"widget\" data-e-type=\"widget\" data-widget_type=\"text-editor.default\">\n\t\t\t\t<div class=\"elementor-widget-container\">\n\t\t\t\t\t\t\t\t\t<p>En prendre aquesta direcci\u00f3 es presenten construccions des del segle XIX.<\/p><p><strong>Echandi-Enea<\/strong> (<strong>38<\/strong>) se la considera una mansi\u00f3 per a la burgesia urbana del segle XIX, d&#8217;estil ecl\u00e8ctic seguint l&#8217;estil II Imperi o Napole\u00f3 III. Sembla que la fortuna la va aconseguir a Am\u00e8rica.<\/p>\t\t\t\t\t\t\t\t<\/div>\n\t\t\t\t<\/div>\n\t\t\t\t<div class=\"elementor-element elementor-element-793a13d8 elementor-widget elementor-widget-image\" data-id=\"793a13d8\" data-element_type=\"widget\" data-e-type=\"widget\" data-widget_type=\"image.default\">\n\t\t\t\t<div class=\"elementor-widget-container\">\n\t\t\t\t\t\t\t\t\t\t\t\t<figure class=\"wp-caption\">\n\t\t\t\t\t\t\t\t\t\t<img loading=\"lazy\" decoding=\"async\" width=\"768\" height=\"512\" src=\"https:\/\/www.elturistatranquil.com\/wp-content\/uploads\/F76-Bera-Navarra-1.jpg\" class=\"attachment-large size-large wp-image-23284\" alt=\"\" srcset=\"https:\/\/www.elturistatranquil.com\/wp-content\/uploads\/F76-Bera-Navarra-1.jpg 768w, https:\/\/www.elturistatranquil.com\/wp-content\/uploads\/F76-Bera-Navarra-1-339x226.jpg 339w\" sizes=\"(max-width: 768px) 100vw, 768px\" \/>\t\t\t\t\t\t\t\t\t\t\t<figcaption class=\"widget-image-caption wp-caption-text\"><\/figcaption>\n\t\t\t\t\t\t\t\t\t\t<\/figure>\n\t\t\t\t\t\t\t\t\t<\/div>\n\t\t\t\t<\/div>\n\t\t\t\t<div class=\"elementor-element elementor-element-c42093d elementor-widget elementor-widget-image\" data-id=\"c42093d\" data-element_type=\"widget\" data-e-type=\"widget\" data-widget_type=\"image.default\">\n\t\t\t\t<div class=\"elementor-widget-container\">\n\t\t\t\t\t\t\t\t\t\t\t\t<figure class=\"wp-caption\">\n\t\t\t\t\t\t\t\t\t\t<img loading=\"lazy\" decoding=\"async\" width=\"768\" height=\"511\" src=\"https:\/\/www.elturistatranquil.com\/wp-content\/uploads\/F77-Bera-Navarra-1.jpg\" class=\"attachment-large size-large wp-image-23286\" alt=\"\" srcset=\"https:\/\/www.elturistatranquil.com\/wp-content\/uploads\/F77-Bera-Navarra-1.jpg 768w, https:\/\/www.elturistatranquil.com\/wp-content\/uploads\/F77-Bera-Navarra-1-339x226.jpg 339w\" sizes=\"(max-width: 768px) 100vw, 768px\" \/>\t\t\t\t\t\t\t\t\t\t\t<figcaption class=\"widget-image-caption wp-caption-text\"><\/figcaption>\n\t\t\t\t\t\t\t\t\t\t<\/figure>\n\t\t\t\t\t\t\t\t\t<\/div>\n\t\t\t\t<\/div>\n\t\t\t\t<div class=\"elementor-element elementor-element-7a5ef869 elementor-widget elementor-widget-image\" data-id=\"7a5ef869\" data-element_type=\"widget\" data-e-type=\"widget\" data-widget_type=\"image.default\">\n\t\t\t\t<div class=\"elementor-widget-container\">\n\t\t\t\t\t\t\t\t\t\t\t\t<figure class=\"wp-caption\">\n\t\t\t\t\t\t\t\t\t\t<img loading=\"lazy\" decoding=\"async\" width=\"768\" height=\"511\" src=\"https:\/\/www.elturistatranquil.com\/wp-content\/uploads\/F78-Bera-Navarra-1.jpg\" class=\"attachment-large size-large wp-image-23288\" alt=\"\" srcset=\"https:\/\/www.elturistatranquil.com\/wp-content\/uploads\/F78-Bera-Navarra-1.jpg 768w, https:\/\/www.elturistatranquil.com\/wp-content\/uploads\/F78-Bera-Navarra-1-339x226.jpg 339w\" sizes=\"(max-width: 768px) 100vw, 768px\" \/>\t\t\t\t\t\t\t\t\t\t\t<figcaption class=\"widget-image-caption wp-caption-text\"><\/figcaption>\n\t\t\t\t\t\t\t\t\t\t<\/figure>\n\t\t\t\t\t\t\t\t\t<\/div>\n\t\t\t\t<\/div>\n\t\t\t\t<div class=\"elementor-element elementor-element-62588466 elementor-widget elementor-widget-text-editor\" data-id=\"62588466\" data-element_type=\"widget\" data-e-type=\"widget\" data-widget_type=\"text-editor.default\">\n\t\t\t\t<div class=\"elementor-widget-container\">\n\t\t\t\t\t\t\t\t\t<p>Model d&#8217;ocupaci\u00f3 recent.<\/p>\t\t\t\t\t\t\t\t<\/div>\n\t\t\t\t<\/div>\n\t\t\t\t<div class=\"elementor-element elementor-element-34aba9c7 elementor-widget elementor-widget-menu-anchor\" data-id=\"34aba9c7\" data-element_type=\"widget\" data-e-type=\"widget\" data-widget_type=\"menu-anchor.default\">\n\t\t\t\t<div class=\"elementor-widget-container\">\n\t\t\t\t\t\t\t<div class=\"elementor-menu-anchor\" id=\"c3816\"><\/div>\n\t\t\t\t\t\t<\/div>\n\t\t\t\t<\/div>\n\t\t\t\t<div class=\"elementor-element elementor-element-1676db6b elementor-widget elementor-widget-image\" data-id=\"1676db6b\" data-element_type=\"widget\" data-e-type=\"widget\" data-widget_type=\"image.default\">\n\t\t\t\t<div class=\"elementor-widget-container\">\n\t\t\t\t\t\t\t\t\t\t\t\t<figure class=\"wp-caption\">\n\t\t\t\t\t\t\t\t\t\t<img loading=\"lazy\" decoding=\"async\" width=\"768\" height=\"511\" src=\"https:\/\/www.elturistatranquil.com\/wp-content\/uploads\/F79-Bera-Navarra-1.jpg\" class=\"attachment-large size-large wp-image-23290\" alt=\"\" srcset=\"https:\/\/www.elturistatranquil.com\/wp-content\/uploads\/F79-Bera-Navarra-1.jpg 768w, https:\/\/www.elturistatranquil.com\/wp-content\/uploads\/F79-Bera-Navarra-1-339x226.jpg 339w\" sizes=\"(max-width: 768px) 100vw, 768px\" \/>\t\t\t\t\t\t\t\t\t\t\t<figcaption class=\"widget-image-caption wp-caption-text\"><\/figcaption>\n\t\t\t\t\t\t\t\t\t\t<\/figure>\n\t\t\t\t\t\t\t\t\t<\/div>\n\t\t\t\t<\/div>\n\t\t\t\t<div class=\"elementor-element elementor-element-2f8f5140 elementor-widget elementor-widget-heading\" data-id=\"2f8f5140\" data-element_type=\"widget\" data-e-type=\"widget\" data-widget_type=\"heading.default\">\n\t\t\t\t<div class=\"elementor-widget-container\">\n\t\t\t\t\t<h3 class=\"elementor-heading-title elementor-size-default\">Pont de San Miguel<\/h3>\t\t\t\t<\/div>\n\t\t\t\t<\/div>\n\t\t\t\t<div class=\"elementor-element elementor-element-2aa3f5b8 elementor-widget elementor-widget-text-editor\" data-id=\"2aa3f5b8\" data-element_type=\"widget\" data-e-type=\"widget\" data-widget_type=\"text-editor.default\">\n\t\t\t\t<div class=\"elementor-widget-container\">\n\t\t\t\t\t\t\t\t\t<p>Em dirigeixo a l&#8217;\u00faltim punt de visita: El <strong>pont de San Miguel<\/strong> (<strong>39<\/strong>).<\/p><p>Per arribar al pont cal tor\u00e7a a m\u00e0 dreta a uns 200 metres, pel <strong>carrer Sector 5<\/strong>, per acostar-se fins al riu Bidasoa.<\/p><p>En el pont es va lliurar una important batalla entre les tropes franceses i les aliades, s&#8217;explica que amb conseq\u00fc\u00e8ncies molt greus per a la poblaci\u00f3 beratarra.<\/p>\t\t\t\t\t\t\t\t<\/div>\n\t\t\t\t<\/div>\n\t\t\t\t<div class=\"elementor-element elementor-element-4c448c52 elementor-widget elementor-widget-image\" data-id=\"4c448c52\" data-element_type=\"widget\" data-e-type=\"widget\" data-widget_type=\"image.default\">\n\t\t\t\t<div class=\"elementor-widget-container\">\n\t\t\t\t\t\t\t\t\t\t\t\t<figure class=\"wp-caption\">\n\t\t\t\t\t\t\t\t\t\t<img loading=\"lazy\" decoding=\"async\" width=\"768\" height=\"511\" src=\"https:\/\/www.elturistatranquil.com\/wp-content\/uploads\/F80-Bera-Navarra-Puente-de-San-Miguel-1.jpg\" class=\"attachment-large size-large wp-image-23292\" alt=\"\" srcset=\"https:\/\/www.elturistatranquil.com\/wp-content\/uploads\/F80-Bera-Navarra-Puente-de-San-Miguel-1.jpg 768w, https:\/\/www.elturistatranquil.com\/wp-content\/uploads\/F80-Bera-Navarra-Puente-de-San-Miguel-1-339x226.jpg 339w\" sizes=\"(max-width: 768px) 100vw, 768px\" \/>\t\t\t\t\t\t\t\t\t\t\t<figcaption class=\"widget-image-caption wp-caption-text\"><\/figcaption>\n\t\t\t\t\t\t\t\t\t\t<\/figure>\n\t\t\t\t\t\t\t\t\t<\/div>\n\t\t\t\t<\/div>\n\t\t\t\t<div class=\"elementor-element elementor-element-e1fd224 elementor-widget elementor-widget-text-editor\" data-id=\"e1fd224\" data-element_type=\"widget\" data-e-type=\"widget\" data-widget_type=\"text-editor.default\">\n\t\t\t\t<div class=\"elementor-widget-container\">\n\t\t\t\t\t\t\t\t\t<p>Al centre del pont es troba la tomba d&#8217;un dels militars morts, el capit\u00e0 angl\u00e8s <em>Daniel Cordoux<\/em> que va morir defensant el pont.<\/p>\t\t\t\t\t\t\t\t<\/div>\n\t\t\t\t<\/div>\n\t\t\t\t<div class=\"elementor-element elementor-element-7c947466 elementor-widget elementor-widget-image\" data-id=\"7c947466\" data-element_type=\"widget\" data-e-type=\"widget\" data-widget_type=\"image.default\">\n\t\t\t\t<div class=\"elementor-widget-container\">\n\t\t\t\t\t\t\t\t\t\t\t\t<figure class=\"wp-caption\">\n\t\t\t\t\t\t\t\t\t\t<img loading=\"lazy\" decoding=\"async\" width=\"768\" height=\"511\" src=\"https:\/\/www.elturistatranquil.com\/wp-content\/uploads\/F81-Bera-Navarra-Puente-de-San-Miguel-1.jpg\" class=\"attachment-large size-large wp-image-23294\" alt=\"\" srcset=\"https:\/\/www.elturistatranquil.com\/wp-content\/uploads\/F81-Bera-Navarra-Puente-de-San-Miguel-1.jpg 768w, https:\/\/www.elturistatranquil.com\/wp-content\/uploads\/F81-Bera-Navarra-Puente-de-San-Miguel-1-339x226.jpg 339w\" sizes=\"(max-width: 768px) 100vw, 768px\" \/>\t\t\t\t\t\t\t\t\t\t\t<figcaption class=\"widget-image-caption wp-caption-text\"><\/figcaption>\n\t\t\t\t\t\t\t\t\t\t<\/figure>\n\t\t\t\t\t\t\t\t\t<\/div>\n\t\t\t\t<\/div>\n\t\t\t\t<div class=\"elementor-element elementor-element-162cef66 elementor-widget elementor-widget-image\" data-id=\"162cef66\" data-element_type=\"widget\" data-e-type=\"widget\" data-widget_type=\"image.default\">\n\t\t\t\t<div class=\"elementor-widget-container\">\n\t\t\t\t\t\t\t\t\t\t\t\t<figure class=\"wp-caption\">\n\t\t\t\t\t\t\t\t\t\t<img loading=\"lazy\" decoding=\"async\" width=\"768\" height=\"511\" src=\"https:\/\/www.elturistatranquil.com\/wp-content\/uploads\/F82-Bera-Navarra-Puente-de-San-Miguel-Bidasoa-1.jpg\" class=\"attachment-large size-large wp-image-23296\" alt=\"\" srcset=\"https:\/\/www.elturistatranquil.com\/wp-content\/uploads\/F82-Bera-Navarra-Puente-de-San-Miguel-Bidasoa-1.jpg 768w, https:\/\/www.elturistatranquil.com\/wp-content\/uploads\/F82-Bera-Navarra-Puente-de-San-Miguel-Bidasoa-1-339x226.jpg 339w\" sizes=\"(max-width: 768px) 100vw, 768px\" \/>\t\t\t\t\t\t\t\t\t\t\t<figcaption class=\"widget-image-caption wp-caption-text\"><\/figcaption>\n\t\t\t\t\t\t\t\t\t\t<\/figure>\n\t\t\t\t\t\t\t\t\t<\/div>\n\t\t\t\t<\/div>\n\t\t\t\t<div class=\"elementor-element elementor-element-2a191471 elementor-widget elementor-widget-menu-anchor\" data-id=\"2a191471\" data-element_type=\"widget\" data-e-type=\"widget\" data-widget_type=\"menu-anchor.default\">\n\t\t\t\t<div class=\"elementor-widget-container\">\n\t\t\t\t\t\t\t<div class=\"elementor-menu-anchor\" id=\"c3817\"><\/div>\n\t\t\t\t\t\t<\/div>\n\t\t\t\t<\/div>\n\t\t\t\t<div class=\"elementor-element elementor-element-1d1678d0 elementor-widget elementor-widget-text-editor\" data-id=\"1d1678d0\" data-element_type=\"widget\" data-e-type=\"widget\" data-widget_type=\"text-editor.default\">\n\t\t\t\t<div class=\"elementor-widget-container\">\n\t\t\t\t\t\t\t\t\t<p>Amb aquesta imatge sobre el <strong>riu Bidasoa<\/strong> vaig donar per conclosa la visita a Bera.<\/p>\t\t\t\t\t\t\t\t<\/div>\n\t\t\t\t<\/div>\n\t\t\t\t<div class=\"elementor-element elementor-element-12f52ee8 elementor-widget elementor-widget-heading\" data-id=\"12f52ee8\" data-element_type=\"widget\" data-e-type=\"widget\" data-widget_type=\"heading.default\">\n\t\t\t\t<div class=\"elementor-widget-container\">\n\t\t\t\t\t<h2 class=\"elementor-heading-title elementor-size-default\">Fi de la sortida<\/h2>\t\t\t\t<\/div>\n\t\t\t\t<\/div>\n\t\t\t\t<div class=\"elementor-element elementor-element-6870b3f1 elementor-widget elementor-widget-menu-anchor\" data-id=\"6870b3f1\" data-element_type=\"widget\" data-e-type=\"widget\" data-widget_type=\"menu-anchor.default\">\n\t\t\t\t<div class=\"elementor-widget-container\">\n\t\t\t\t\t\t\t<div class=\"elementor-menu-anchor\" id=\"c3818\"><\/div>\n\t\t\t\t\t\t<\/div>\n\t\t\t\t<\/div>\n\t\t\t\t<div class=\"elementor-element elementor-element-1cb71d51 elementor-widget elementor-widget-text-editor\" data-id=\"1cb71d51\" data-element_type=\"widget\" data-e-type=\"widget\" data-widget_type=\"text-editor.default\">\n\t\t\t\t<div class=\"elementor-widget-container\">\n\t\t\t\t\t\t\t\t\t<p><strong>Bera<\/strong>, una de les Cinco Villas de Navarra, \u00e9s vila fronterera amb Fran\u00e7a i Guip\u00fascoa, el que li ha reportat al llarg de la hist\u00f2ria nombrosos problemes de destrucci\u00f3 i incendis en les innombrables conteses entre Espanya i Fran\u00e7a. Segurament aquest fet ha fet cr\u00e9ixer la seva personalitat.<\/p><p>De totes les destruccions s&#8217;ha refet, deixant pocs vestigis del seu passat m\u00e9s lluny\u00e0, nom\u00e9s a l&#8217;Esgl\u00e9sia de San Esteban i un casalot, per\u00f2 molt compacta d&#8217;estil a partir dels segles XVIII i XIX.<\/p><p>\u00c9s molt interessant observar la coher\u00e8ncia arquitect\u00f2nica entre les seves cases pairals (caser\u00edos) i palauets, i l&#8217;arquitectura popular.<\/p><p>\u00c9s un plaer passejar pels seus carrers per poder admirar la bellesa de les seves construccions, envoltats d&#8217;un paisatge agrari ramader que la verdor dels seus prats converteix en un jard\u00ed natural.<\/p>\t\t\t\t\t\t\t\t<\/div>\n\t\t\t\t<\/div>\n\t\t\t\t<div class=\"elementor-element elementor-element-7601e258 elementor-widget elementor-widget-heading\" data-id=\"7601e258\" data-element_type=\"widget\" data-e-type=\"widget\" data-widget_type=\"heading.default\">\n\t\t\t\t<div class=\"elementor-widget-container\">\n\t\t\t\t\t<h2 class=\"elementor-heading-title elementor-size-default\">Bases d\u2019informaci\u00f3<\/h2>\t\t\t\t<\/div>\n\t\t\t\t<\/div>\n\t\t\t\t<div class=\"elementor-element elementor-element-32d113a4 elementor-widget elementor-widget-text-editor\" data-id=\"32d113a4\" data-element_type=\"widget\" data-e-type=\"widget\" data-widget_type=\"text-editor.default\">\n\t\t\t\t<div class=\"elementor-widget-container\">\n\t\t\t\t\t\t\t\t\t<p><strong>Webs<\/strong><\/p><p><a href=\"http:\/\/bera.eus\/es\/\" target=\"_blank\" rel=\"noopener\">ayuntamiento<\/a><\/p><p><a href=\"https:\/\/es.wikipedia.org\/wiki\/Vera_de_Bidasoa\" target=\"_blank\" rel=\"noopener\">wikipedia<\/a><\/p><p><a href=\"http:\/\/www.enciclopedianavarra.com\/?page_id=20587\" target=\"_blank\" rel=\"noopener\">granebciclopedianavarra<\/a><\/p><p><a href=\"http:\/\/www.lebrelblanco.com\/anexos\/atlas-VeradeBidasoa-Pamplona.htm\" target=\"_blank\" rel=\"noopener\">lebrelblanco<\/a><\/p>\t\t\t\t\t\t\t\t<\/div>\n\t\t\t\t<\/div>\n\t\t\t\t<div class=\"elementor-element elementor-element-698d5ca1 elementor-widget elementor-widget-text-editor\" data-id=\"698d5ca1\" data-element_type=\"widget\" data-e-type=\"widget\" data-widget_type=\"text-editor.default\">\n\t\t\t\t<div class=\"elementor-widget-container\">\n\t\t\t\t\t\t\t\t\t<p><strong>Web academic<\/strong><\/p><p>Lebrelblanco, <a href=\"http:\/\/www.lebrelblanco.com\/indice.php\" target=\"_blank\" rel=\"noopener\"><em>Historia medieval del Reyno de Navarra; Atlas del Patrimonio Hist\u00f3rico-Cultural<\/em><\/a><\/p><p>J.J. Azanza L\u00f3pez, <a href=\"https:\/\/www.unav.edu\/web\/catedra-patrimonio\/mansiones-para-la-burguesia-urbana-de-los-siglos-xix-y-xx\" target=\"_blank\" rel=\"noopener\"><em>Casas se\u00f1oriales y palacios de Navarra. Mansiones para la burgues\u00eda urbana de los siglos XIX y XX<\/em><\/a><\/p>\t\t\t\t\t\t\t\t<\/div>\n\t\t\t\t<\/div>\n\t\t\t\t<div class=\"elementor-element elementor-element-6909922 elementor-widget elementor-widget-text-editor\" data-id=\"6909922\" data-element_type=\"widget\" data-e-type=\"widget\" data-widget_type=\"text-editor.default\">\n\t\t\t\t<div class=\"elementor-widget-container\">\n\t\t\t\t\t\t\t\t\t<p>Enlla\u00e7 amb el <em>Post<\/em>: <a href=\"https:\/\/www.elturistatranquil.com\/ca\/hotel-churrut-restaurant-lenkonea-cinco-villas\/\" target=\"_blank\" rel=\"noopener\"><strong>Hotel Churrut-Restaurant Lenkonea. Cinco Villas<\/strong><\/a><\/p><p style=\"text-align: right;\">\u00a0<\/p>\t\t\t\t\t\t\t\t<\/div>\n\t\t\t\t<\/div>\n\t\t\t\t\t<\/div>\n\t\t<\/div>\n\t\t\t\t\t<\/div>\n\t\t<\/section>\n\t\t\t\t<\/div>\n\t\t","protected":false},"excerpt":{"rendered":"<p>Bera, a la comarca de les Cinco Villas de Navarra, presenta un patrimoni urban\u00edstic i arquitect\u00f2nic fortament arrelat en la cultura local, sobretot des del s. XVIII, que es mant\u00e9 &#8230; <a title=\"Bera (Navarra)\" class=\"read-more\" href=\"https:\/\/www.elturistatranquil.com\/ca\/bera-navarra\/\" aria-label=\"M\u00e9s informaci\u00f3 sobre Bera (Navarra)\">[ &#8230; ]<\/a><\/p>\n","protected":false},"author":1,"featured_media":22944,"comment_status":"open","ping_status":"closed","sticky":false,"template":"","format":"standard","meta":{"footnotes":""},"categories":[70,71,72,82,83,182,172,100,139,106,107,152,110],"tags":[],"class_list":["post-23124","post","type-post","status-publish","format-standard","has-post-thumbnail","hentry","category-arquitectura-civil-ca","category-arquitectura-popular-ca","category-arquitectura-religiosa-ca","category-gotic","category-historia-ca","category-navarra-ca","category-neoclassic","category-pobles-i-ciutats-amb-interes","category-segle-xvi-xvii","category-segle-xviii-xix","category-segle-xx-xxi","category-urbanisme","category-vila","infinite-scroll-item","generate-columns","tablet-grid-50","mobile-grid-100","grid-parent","grid-50","no-featured-image-padding"],"yoast_head":"<!-- This site is optimized with the Yoast SEO plugin v27.4 - https:\/\/yoast.com\/product\/yoast-seo-wordpress\/ -->\n<title>Bera (Navarra) - El turista tranquil<\/title>\n<meta name=\"description\" content=\"Bera, a la comarca de les Cinco Villas de Navarra, presenta un patrimoni urban\u00edstic i arquitect\u00f2nic fortament arrelat en la cultura local, sobretot des del s. XVIII, que es mant\u00e9 viu i din\u00e0mic en la seva personalitat.\" \/>\n<meta name=\"robots\" content=\"index, follow, max-snippet:-1, max-image-preview:large, max-video-preview:-1\" \/>\n<link rel=\"canonical\" href=\"https:\/\/www.elturistatranquil.com\/ca\/bera-navarra\/\" \/>\n<meta property=\"og:locale\" content=\"ca_ES\" \/>\n<meta property=\"og:type\" content=\"article\" \/>\n<meta property=\"og:title\" content=\"Bera (Navarra) - El turista tranquil\" \/>\n<meta property=\"og:description\" content=\"Bera, a la comarca de les Cinco Villas de Navarra, presenta un patrimoni urban\u00edstic i arquitect\u00f2nic fortament arrelat en la cultura local, sobretot des del s. XVIII, que es mant\u00e9 viu i din\u00e0mic en la seva personalitat.\" \/>\n<meta property=\"og:url\" content=\"https:\/\/www.elturistatranquil.com\/ca\/bera-navarra\/\" \/>\n<meta property=\"og:site_name\" content=\"El turista tranquil\" \/>\n<meta property=\"article:publisher\" content=\"https:\/\/www.facebook.com\/elturistatranquilo\/\" \/>\n<meta property=\"article:published_time\" content=\"2019-09-21T09:44:16+00:00\" \/>\n<meta property=\"article:modified_time\" content=\"2019-09-21T09:47:36+00:00\" \/>\n<meta property=\"og:image\" content=\"https:\/\/www.elturistatranquil.com\/wp-content\/uploads\/F10-Bera-Navarra-Ayuntamiento.jpg\" \/>\n\t<meta property=\"og:image:width\" content=\"768\" \/>\n\t<meta property=\"og:image:height\" content=\"511\" \/>\n\t<meta property=\"og:image:type\" content=\"image\/jpeg\" \/>\n<meta name=\"author\" content=\"admin\" \/>\n<meta name=\"twitter:card\" content=\"summary_large_image\" \/>\n<meta name=\"twitter:label1\" content=\"Escrit per\" \/>\n\t<meta name=\"twitter:data1\" content=\"admin\" \/>\n\t<meta name=\"twitter:label2\" content=\"Temps estimat de lectura\" \/>\n\t<meta name=\"twitter:data2\" content=\"17 minuts\" \/>\n<script type=\"application\/ld+json\" class=\"yoast-schema-graph\">{\"@context\":\"https:\\\/\\\/schema.org\",\"@graph\":[{\"@type\":\"Article\",\"@id\":\"https:\\\/\\\/www.elturistatranquil.com\\\/ca\\\/bera-navarra\\\/#article\",\"isPartOf\":{\"@id\":\"https:\\\/\\\/www.elturistatranquil.com\\\/ca\\\/bera-navarra\\\/\"},\"author\":{\"name\":\"admin\",\"@id\":\"https:\\\/\\\/www.elturistatranquil.com\\\/ca\\\/#\\\/schema\\\/person\\\/16f607c3079b96ed0c530a52e6b58bb5\"},\"headline\":\"Bera (Navarra)\",\"datePublished\":\"2019-09-21T09:44:16+00:00\",\"dateModified\":\"2019-09-21T09:47:36+00:00\",\"mainEntityOfPage\":{\"@id\":\"https:\\\/\\\/www.elturistatranquil.com\\\/ca\\\/bera-navarra\\\/\"},\"wordCount\":3476,\"commentCount\":0,\"image\":{\"@id\":\"https:\\\/\\\/www.elturistatranquil.com\\\/ca\\\/bera-navarra\\\/#primaryimage\"},\"thumbnailUrl\":\"https:\\\/\\\/www.elturistatranquil.com\\\/wp-content\\\/uploads\\\/F10-Bera-Navarra-Ayuntamiento.jpg\",\"articleSection\":[\"Arquitectura civil\",\"Arquitectura popular\",\"Arquitectura religiosa\",\"G\u00f2tic\",\"Hist\u00f2ria\",\"Navarra\",\"Neocl\u00e0ssic, Romanticisme\",\"Pobles i ciutats amb inter\u00e9s\",\"Segle XVI-XVII\",\"Segle XVIII-XIX\",\"Segle XX-XXI\",\"Urbanisme\",\"Vila\"],\"inLanguage\":\"ca\",\"potentialAction\":[{\"@type\":\"CommentAction\",\"name\":\"Comment\",\"target\":[\"https:\\\/\\\/www.elturistatranquil.com\\\/ca\\\/bera-navarra\\\/#respond\"]}]},{\"@type\":\"WebPage\",\"@id\":\"https:\\\/\\\/www.elturistatranquil.com\\\/ca\\\/bera-navarra\\\/\",\"url\":\"https:\\\/\\\/www.elturistatranquil.com\\\/ca\\\/bera-navarra\\\/\",\"name\":\"Bera (Navarra) - El turista tranquil\",\"isPartOf\":{\"@id\":\"https:\\\/\\\/www.elturistatranquil.com\\\/ca\\\/#website\"},\"primaryImageOfPage\":{\"@id\":\"https:\\\/\\\/www.elturistatranquil.com\\\/ca\\\/bera-navarra\\\/#primaryimage\"},\"image\":{\"@id\":\"https:\\\/\\\/www.elturistatranquil.com\\\/ca\\\/bera-navarra\\\/#primaryimage\"},\"thumbnailUrl\":\"https:\\\/\\\/www.elturistatranquil.com\\\/wp-content\\\/uploads\\\/F10-Bera-Navarra-Ayuntamiento.jpg\",\"datePublished\":\"2019-09-21T09:44:16+00:00\",\"dateModified\":\"2019-09-21T09:47:36+00:00\",\"author\":{\"@id\":\"https:\\\/\\\/www.elturistatranquil.com\\\/ca\\\/#\\\/schema\\\/person\\\/16f607c3079b96ed0c530a52e6b58bb5\"},\"description\":\"Bera, a la comarca de les Cinco Villas de Navarra, presenta un patrimoni urban\u00edstic i arquitect\u00f2nic fortament arrelat en la cultura local, sobretot des del s. XVIII, que es mant\u00e9 viu i din\u00e0mic en la seva personalitat.\",\"breadcrumb\":{\"@id\":\"https:\\\/\\\/www.elturistatranquil.com\\\/ca\\\/bera-navarra\\\/#breadcrumb\"},\"inLanguage\":\"ca\",\"potentialAction\":[{\"@type\":\"ReadAction\",\"target\":[\"https:\\\/\\\/www.elturistatranquil.com\\\/ca\\\/bera-navarra\\\/\"]}]},{\"@type\":\"ImageObject\",\"inLanguage\":\"ca\",\"@id\":\"https:\\\/\\\/www.elturistatranquil.com\\\/ca\\\/bera-navarra\\\/#primaryimage\",\"url\":\"https:\\\/\\\/www.elturistatranquil.com\\\/wp-content\\\/uploads\\\/F10-Bera-Navarra-Ayuntamiento.jpg\",\"contentUrl\":\"https:\\\/\\\/www.elturistatranquil.com\\\/wp-content\\\/uploads\\\/F10-Bera-Navarra-Ayuntamiento.jpg\",\"width\":768,\"height\":511,\"caption\":\"Bera Navarra Ayuntamiento\"},{\"@type\":\"BreadcrumbList\",\"@id\":\"https:\\\/\\\/www.elturistatranquil.com\\\/ca\\\/bera-navarra\\\/#breadcrumb\",\"itemListElement\":[{\"@type\":\"ListItem\",\"position\":1,\"name\":\"Portada\",\"item\":\"https:\\\/\\\/www.elturistatranquil.com\\\/ca\\\/\"},{\"@type\":\"ListItem\",\"position\":2,\"name\":\"Bera (Navarra)\"}]},{\"@type\":\"WebSite\",\"@id\":\"https:\\\/\\\/www.elturistatranquil.com\\\/ca\\\/#website\",\"url\":\"https:\\\/\\\/www.elturistatranquil.com\\\/ca\\\/\",\"name\":\"El turista tranquil\",\"description\":\"Blog de viatges\",\"potentialAction\":[{\"@type\":\"SearchAction\",\"target\":{\"@type\":\"EntryPoint\",\"urlTemplate\":\"https:\\\/\\\/www.elturistatranquil.com\\\/ca\\\/?s={search_term_string}\"},\"query-input\":{\"@type\":\"PropertyValueSpecification\",\"valueRequired\":true,\"valueName\":\"search_term_string\"}}],\"inLanguage\":\"ca\"},{\"@type\":\"Person\",\"@id\":\"https:\\\/\\\/www.elturistatranquil.com\\\/ca\\\/#\\\/schema\\\/person\\\/16f607c3079b96ed0c530a52e6b58bb5\",\"name\":\"admin\",\"image\":{\"@type\":\"ImageObject\",\"inLanguage\":\"ca\",\"@id\":\"https:\\\/\\\/secure.gravatar.com\\\/avatar\\\/1fbaf22aee75fcbb29a2f97b107f95d25d3a19b7c3416105be10269872673e8d?s=96&d=mm&r=g\",\"url\":\"https:\\\/\\\/secure.gravatar.com\\\/avatar\\\/1fbaf22aee75fcbb29a2f97b107f95d25d3a19b7c3416105be10269872673e8d?s=96&d=mm&r=g\",\"contentUrl\":\"https:\\\/\\\/secure.gravatar.com\\\/avatar\\\/1fbaf22aee75fcbb29a2f97b107f95d25d3a19b7c3416105be10269872673e8d?s=96&d=mm&r=g\",\"caption\":\"admin\"}}]}<\/script>\n<!-- \/ Yoast SEO plugin. -->","yoast_head_json":{"title":"Bera (Navarra) - El turista tranquil","description":"Bera, a la comarca de les Cinco Villas de Navarra, presenta un patrimoni urban\u00edstic i arquitect\u00f2nic fortament arrelat en la cultura local, sobretot des del s. XVIII, que es mant\u00e9 viu i din\u00e0mic en la seva personalitat.","robots":{"index":"index","follow":"follow","max-snippet":"max-snippet:-1","max-image-preview":"max-image-preview:large","max-video-preview":"max-video-preview:-1"},"canonical":"https:\/\/www.elturistatranquil.com\/ca\/bera-navarra\/","og_locale":"ca_ES","og_type":"article","og_title":"Bera (Navarra) - El turista tranquil","og_description":"Bera, a la comarca de les Cinco Villas de Navarra, presenta un patrimoni urban\u00edstic i arquitect\u00f2nic fortament arrelat en la cultura local, sobretot des del s. XVIII, que es mant\u00e9 viu i din\u00e0mic en la seva personalitat.","og_url":"https:\/\/www.elturistatranquil.com\/ca\/bera-navarra\/","og_site_name":"El turista tranquil","article_publisher":"https:\/\/www.facebook.com\/elturistatranquilo\/","article_published_time":"2019-09-21T09:44:16+00:00","article_modified_time":"2019-09-21T09:47:36+00:00","og_image":[{"width":768,"height":511,"url":"https:\/\/www.elturistatranquil.com\/wp-content\/uploads\/F10-Bera-Navarra-Ayuntamiento.jpg","type":"image\/jpeg"}],"author":"admin","twitter_card":"summary_large_image","twitter_misc":{"Escrit per":"admin","Temps estimat de lectura":"17 minuts"},"schema":{"@context":"https:\/\/schema.org","@graph":[{"@type":"Article","@id":"https:\/\/www.elturistatranquil.com\/ca\/bera-navarra\/#article","isPartOf":{"@id":"https:\/\/www.elturistatranquil.com\/ca\/bera-navarra\/"},"author":{"name":"admin","@id":"https:\/\/www.elturistatranquil.com\/ca\/#\/schema\/person\/16f607c3079b96ed0c530a52e6b58bb5"},"headline":"Bera (Navarra)","datePublished":"2019-09-21T09:44:16+00:00","dateModified":"2019-09-21T09:47:36+00:00","mainEntityOfPage":{"@id":"https:\/\/www.elturistatranquil.com\/ca\/bera-navarra\/"},"wordCount":3476,"commentCount":0,"image":{"@id":"https:\/\/www.elturistatranquil.com\/ca\/bera-navarra\/#primaryimage"},"thumbnailUrl":"https:\/\/www.elturistatranquil.com\/wp-content\/uploads\/F10-Bera-Navarra-Ayuntamiento.jpg","articleSection":["Arquitectura civil","Arquitectura popular","Arquitectura religiosa","G\u00f2tic","Hist\u00f2ria","Navarra","Neocl\u00e0ssic, Romanticisme","Pobles i ciutats amb inter\u00e9s","Segle XVI-XVII","Segle XVIII-XIX","Segle XX-XXI","Urbanisme","Vila"],"inLanguage":"ca","potentialAction":[{"@type":"CommentAction","name":"Comment","target":["https:\/\/www.elturistatranquil.com\/ca\/bera-navarra\/#respond"]}]},{"@type":"WebPage","@id":"https:\/\/www.elturistatranquil.com\/ca\/bera-navarra\/","url":"https:\/\/www.elturistatranquil.com\/ca\/bera-navarra\/","name":"Bera (Navarra) - El turista tranquil","isPartOf":{"@id":"https:\/\/www.elturistatranquil.com\/ca\/#website"},"primaryImageOfPage":{"@id":"https:\/\/www.elturistatranquil.com\/ca\/bera-navarra\/#primaryimage"},"image":{"@id":"https:\/\/www.elturistatranquil.com\/ca\/bera-navarra\/#primaryimage"},"thumbnailUrl":"https:\/\/www.elturistatranquil.com\/wp-content\/uploads\/F10-Bera-Navarra-Ayuntamiento.jpg","datePublished":"2019-09-21T09:44:16+00:00","dateModified":"2019-09-21T09:47:36+00:00","author":{"@id":"https:\/\/www.elturistatranquil.com\/ca\/#\/schema\/person\/16f607c3079b96ed0c530a52e6b58bb5"},"description":"Bera, a la comarca de les Cinco Villas de Navarra, presenta un patrimoni urban\u00edstic i arquitect\u00f2nic fortament arrelat en la cultura local, sobretot des del s. XVIII, que es mant\u00e9 viu i din\u00e0mic en la seva personalitat.","breadcrumb":{"@id":"https:\/\/www.elturistatranquil.com\/ca\/bera-navarra\/#breadcrumb"},"inLanguage":"ca","potentialAction":[{"@type":"ReadAction","target":["https:\/\/www.elturistatranquil.com\/ca\/bera-navarra\/"]}]},{"@type":"ImageObject","inLanguage":"ca","@id":"https:\/\/www.elturistatranquil.com\/ca\/bera-navarra\/#primaryimage","url":"https:\/\/www.elturistatranquil.com\/wp-content\/uploads\/F10-Bera-Navarra-Ayuntamiento.jpg","contentUrl":"https:\/\/www.elturistatranquil.com\/wp-content\/uploads\/F10-Bera-Navarra-Ayuntamiento.jpg","width":768,"height":511,"caption":"Bera Navarra Ayuntamiento"},{"@type":"BreadcrumbList","@id":"https:\/\/www.elturistatranquil.com\/ca\/bera-navarra\/#breadcrumb","itemListElement":[{"@type":"ListItem","position":1,"name":"Portada","item":"https:\/\/www.elturistatranquil.com\/ca\/"},{"@type":"ListItem","position":2,"name":"Bera (Navarra)"}]},{"@type":"WebSite","@id":"https:\/\/www.elturistatranquil.com\/ca\/#website","url":"https:\/\/www.elturistatranquil.com\/ca\/","name":"El turista tranquil","description":"Blog de viatges","potentialAction":[{"@type":"SearchAction","target":{"@type":"EntryPoint","urlTemplate":"https:\/\/www.elturistatranquil.com\/ca\/?s={search_term_string}"},"query-input":{"@type":"PropertyValueSpecification","valueRequired":true,"valueName":"search_term_string"}}],"inLanguage":"ca"},{"@type":"Person","@id":"https:\/\/www.elturistatranquil.com\/ca\/#\/schema\/person\/16f607c3079b96ed0c530a52e6b58bb5","name":"admin","image":{"@type":"ImageObject","inLanguage":"ca","@id":"https:\/\/secure.gravatar.com\/avatar\/1fbaf22aee75fcbb29a2f97b107f95d25d3a19b7c3416105be10269872673e8d?s=96&d=mm&r=g","url":"https:\/\/secure.gravatar.com\/avatar\/1fbaf22aee75fcbb29a2f97b107f95d25d3a19b7c3416105be10269872673e8d?s=96&d=mm&r=g","contentUrl":"https:\/\/secure.gravatar.com\/avatar\/1fbaf22aee75fcbb29a2f97b107f95d25d3a19b7c3416105be10269872673e8d?s=96&d=mm&r=g","caption":"admin"}}]}},"_links":{"self":[{"href":"https:\/\/www.elturistatranquil.com\/ca\/wp-json\/wp\/v2\/posts\/23124","targetHints":{"allow":["GET"]}}],"collection":[{"href":"https:\/\/www.elturistatranquil.com\/ca\/wp-json\/wp\/v2\/posts"}],"about":[{"href":"https:\/\/www.elturistatranquil.com\/ca\/wp-json\/wp\/v2\/types\/post"}],"author":[{"embeddable":true,"href":"https:\/\/www.elturistatranquil.com\/ca\/wp-json\/wp\/v2\/users\/1"}],"replies":[{"embeddable":true,"href":"https:\/\/www.elturistatranquil.com\/ca\/wp-json\/wp\/v2\/comments?post=23124"}],"version-history":[{"count":0,"href":"https:\/\/www.elturistatranquil.com\/ca\/wp-json\/wp\/v2\/posts\/23124\/revisions"}],"wp:featuredmedia":[{"embeddable":true,"href":"https:\/\/www.elturistatranquil.com\/ca\/wp-json\/wp\/v2\/media\/22944"}],"wp:attachment":[{"href":"https:\/\/www.elturistatranquil.com\/ca\/wp-json\/wp\/v2\/media?parent=23124"}],"wp:term":[{"taxonomy":"category","embeddable":true,"href":"https:\/\/www.elturistatranquil.com\/ca\/wp-json\/wp\/v2\/categories?post=23124"},{"taxonomy":"post_tag","embeddable":true,"href":"https:\/\/www.elturistatranquil.com\/ca\/wp-json\/wp\/v2\/tags?post=23124"}],"curies":[{"name":"wp","href":"https:\/\/api.w.org\/{rel}","templated":true}]}}