{"id":23509,"date":"2019-09-28T11:30:27","date_gmt":"2019-09-28T09:30:27","guid":{"rendered":"https:\/\/www.elturistatranquil.com\/?p=23509"},"modified":"2019-09-28T11:39:38","modified_gmt":"2019-09-28T09:39:38","slug":"monestir-de-leyre-navarra","status":"publish","type":"post","link":"https:\/\/www.elturistatranquil.com\/ca\/monestir-de-leyre-navarra\/","title":{"rendered":"Monestir de Leyre (Navarra)"},"content":{"rendered":"\t\t<div data-elementor-type=\"wp-post\" data-elementor-id=\"23509\" class=\"elementor elementor-23509 elementor-23380\" data-elementor-post-type=\"post\">\n\t\t\t\t\t\t<section class=\"elementor-section elementor-top-section elementor-element elementor-element-2918f5fc elementor-section-boxed elementor-section-height-default elementor-section-height-default\" data-id=\"2918f5fc\" data-element_type=\"section\" data-e-type=\"section\">\n\t\t\t\t\t\t<div class=\"elementor-container elementor-column-gap-default\">\n\t\t\t\t\t<div class=\"elementor-column elementor-col-100 elementor-top-column elementor-element elementor-element-5a506a0f\" data-id=\"5a506a0f\" data-element_type=\"column\" data-e-type=\"column\">\n\t\t\t<div class=\"elementor-widget-wrap elementor-element-populated\">\n\t\t\t\t\t\t<section class=\"elementor-section elementor-inner-section elementor-element elementor-element-1fb76942 elementor-section-content-middle elementor-section-boxed elementor-section-height-default elementor-section-height-default\" data-id=\"1fb76942\" data-element_type=\"section\" data-e-type=\"section\">\n\t\t\t\t\t\t<div class=\"elementor-container elementor-column-gap-default\">\n\t\t\t\t\t<div class=\"elementor-column elementor-col-100 elementor-inner-column elementor-element elementor-element-34fc0b0d\" data-id=\"34fc0b0d\" data-element_type=\"column\" data-e-type=\"column\">\n\t\t\t<div class=\"elementor-widget-wrap elementor-element-populated\">\n\t\t\t\t\t\t<div class=\"elementor-element elementor-element-76551410 elementor-widget elementor-widget-text-editor\" data-id=\"76551410\" data-element_type=\"widget\" data-e-type=\"widget\" data-widget_type=\"text-editor.default\">\n\t\t\t\t<div class=\"elementor-widget-container\">\n\t\t\t\t\t\t\t\t\t<p><em>Monestir de Leyre<\/em> o de <em>San Salvador de Leyre<\/em> (Navarra), un dels primers monestirs rom\u00e0nics en el Cam\u00ed de Sant Jaume i vinculat als or\u00edgens del Regne de Navarra. La seva cripta \u00e9s una obra que impressiona.<\/p>\t\t\t\t\t\t\t\t<\/div>\n\t\t\t\t<\/div>\n\t\t\t\t\t<\/div>\n\t\t<\/div>\n\t\t\t\t\t<\/div>\n\t\t<\/section>\n\t\t\t\t<div class=\"elementor-element elementor-element-1509415f elementor-widget elementor-widget-heading\" data-id=\"1509415f\" data-element_type=\"widget\" data-e-type=\"widget\" data-widget_type=\"heading.default\">\n\t\t\t\t<div class=\"elementor-widget-container\">\n\t\t\t\t\t<h1 class=\"elementor-heading-title elementor-size-default\">Monestir de Leyre (Navarra)<\/h1>\t\t\t\t<\/div>\n\t\t\t\t<\/div>\n\t\t\t\t\t<\/div>\n\t\t<\/div>\n\t\t\t\t\t<\/div>\n\t\t<\/section>\n\t\t\t\t<section class=\"elementor-section elementor-top-section elementor-element elementor-element-508431a1 elementor-section-boxed elementor-section-height-default elementor-section-height-default\" data-id=\"508431a1\" data-element_type=\"section\" data-e-type=\"section\">\n\t\t\t\t\t\t<div class=\"elementor-container elementor-column-gap-default\">\n\t\t\t\t\t<div class=\"elementor-column elementor-col-100 elementor-top-column elementor-element elementor-element-3c3f8027\" data-id=\"3c3f8027\" data-element_type=\"column\" data-e-type=\"column\">\n\t\t\t<div class=\"elementor-widget-wrap elementor-element-populated\">\n\t\t\t\t\t\t<div class=\"elementor-element elementor-element-5c2e805c elementor-widget elementor-widget-image\" data-id=\"5c2e805c\" data-element_type=\"widget\" data-e-type=\"widget\" data-widget_type=\"image.default\">\n\t\t\t\t<div class=\"elementor-widget-container\">\n\t\t\t\t\t\t\t\t\t\t\t\t<figure class=\"wp-caption\">\n\t\t\t\t\t\t\t\t\t\t<img fetchpriority=\"high\" decoding=\"async\" width=\"768\" height=\"511\" src=\"https:\/\/www.elturistatranquil.com\/wp-content\/uploads\/F01-Monasterio-de-Leyre-Navarra-1.jpg\" class=\"attachment-large size-large wp-image-23511\" alt=\"\" srcset=\"https:\/\/www.elturistatranquil.com\/wp-content\/uploads\/F01-Monasterio-de-Leyre-Navarra-1.jpg 768w, https:\/\/www.elturistatranquil.com\/wp-content\/uploads\/F01-Monasterio-de-Leyre-Navarra-1-339x226.jpg 339w\" sizes=\"(max-width: 768px) 100vw, 768px\" \/>\t\t\t\t\t\t\t\t\t\t\t<figcaption class=\"widget-image-caption wp-caption-text\"><\/figcaption>\n\t\t\t\t\t\t\t\t\t\t<\/figure>\n\t\t\t\t\t\t\t\t\t<\/div>\n\t\t\t\t<\/div>\n\t\t\t\t<div class=\"elementor-element elementor-element-27ea982c elementor-widget elementor-widget-spacer\" data-id=\"27ea982c\" data-element_type=\"widget\" data-e-type=\"widget\" data-widget_type=\"spacer.default\">\n\t\t\t\t<div class=\"elementor-widget-container\">\n\t\t\t\t\t\t\t<div class=\"elementor-spacer\">\n\t\t\t<div class=\"elementor-spacer-inner\"><\/div>\n\t\t<\/div>\n\t\t\t\t\t\t<\/div>\n\t\t\t\t<\/div>\n\t\t\t\t<div class=\"elementor-element elementor-element-3f54bb11 elementor-widget elementor-widget-heading\" data-id=\"3f54bb11\" data-element_type=\"widget\" data-e-type=\"widget\" data-widget_type=\"heading.default\">\n\t\t\t\t<div class=\"elementor-widget-container\">\n\t\t\t\t\t<h2 class=\"elementor-heading-title elementor-size-default\">Monestir de Leyre. Yesa. Navarra<\/h2>\t\t\t\t<\/div>\n\t\t\t\t<\/div>\n\t\t\t\t<section class=\"elementor-section elementor-inner-section elementor-element elementor-element-43750dec elementor-section-boxed elementor-section-height-default elementor-section-height-default\" data-id=\"43750dec\" data-element_type=\"section\" data-e-type=\"section\" data-settings=\"{&quot;background_background&quot;:&quot;classic&quot;}\">\n\t\t\t\t\t\t\t<div class=\"elementor-background-overlay\"><\/div>\n\t\t\t\t\t\t\t<div class=\"elementor-container elementor-column-gap-default\">\n\t\t\t\t\t<div class=\"elementor-column elementor-col-100 elementor-inner-column elementor-element elementor-element-23bc68a2\" data-id=\"23bc68a2\" data-element_type=\"column\" data-e-type=\"column\" data-settings=\"{&quot;background_background&quot;:&quot;classic&quot;}\">\n\t\t\t<div class=\"elementor-widget-wrap elementor-element-populated\">\n\t\t\t\t\t\t<div class=\"elementor-element elementor-element-2a03bb30 elementor-widget elementor-widget-text-editor\" data-id=\"2a03bb30\" data-element_type=\"widget\" data-e-type=\"widget\" data-widget_type=\"text-editor.default\">\n\t\t\t\t<div class=\"elementor-widget-container\">\n\t\t\t\t\t\t\t\t\t<p>Municipi: Yesa. Comarca: Comarca de Sang\u00fcesa. Prov\u00edncia: Navarra. Com. Aut\u00f2noma: Comunidad Foral de Navarra<\/p><p>Coordenades; 42\u00b038&#8217;10 N 1\u00b010&#8217;16 O<\/p><p>Web: <a href=\"https:\/\/www.monasteriodeleyre.com\/\" target=\"_blank\" rel=\"noopener\">monasteriodeleyre<\/a><\/p><p><em>Monument Nacional des de 1867<\/em><\/p><p>\u00daltima visita: 2019<\/p>\t\t\t\t\t\t\t\t<\/div>\n\t\t\t\t<\/div>\n\t\t\t\t\t<\/div>\n\t\t<\/div>\n\t\t\t\t\t<\/div>\n\t\t<\/section>\n\t\t\t\t<div class=\"elementor-element elementor-element-11d85ed6 elementor-widget elementor-widget-image\" data-id=\"11d85ed6\" data-element_type=\"widget\" data-e-type=\"widget\" data-widget_type=\"image.default\">\n\t\t\t\t<div class=\"elementor-widget-container\">\n\t\t\t\t\t\t\t\t\t\t\t\t<figure class=\"wp-caption\">\n\t\t\t\t\t\t\t\t\t\t<img decoding=\"async\" width=\"768\" height=\"512\" src=\"https:\/\/www.elturistatranquil.com\/wp-content\/uploads\/F02-Mapa-de-situacion-del-Monasterio-de-Leyre-Google-maps-2019-09-22-1-768x512.jpg\" class=\"attachment-medium_large size-medium_large wp-image-23513\" alt=\"\" srcset=\"https:\/\/www.elturistatranquil.com\/wp-content\/uploads\/F02-Mapa-de-situacion-del-Monasterio-de-Leyre-Google-maps-2019-09-22-1.jpg 768w, https:\/\/www.elturistatranquil.com\/wp-content\/uploads\/F02-Mapa-de-situacion-del-Monasterio-de-Leyre-Google-maps-2019-09-22-1-339x226.jpg 339w\" sizes=\"(max-width: 768px) 100vw, 768px\" \/>\t\t\t\t\t\t\t\t\t\t\t<figcaption class=\"widget-image-caption wp-caption-text\">Mapa de situaci\u00f3 del Monestir de Leyre (Google maps 2019-09-22)<\/figcaption>\n\t\t\t\t\t\t\t\t\t\t<\/figure>\n\t\t\t\t\t\t\t\t\t<\/div>\n\t\t\t\t<\/div>\n\t\t\t\t<section class=\"elementor-section elementor-inner-section elementor-element elementor-element-7b2656a4 elementor-section-boxed elementor-section-height-default elementor-section-height-default\" data-id=\"7b2656a4\" data-element_type=\"section\" data-e-type=\"section\" data-settings=\"{&quot;background_background&quot;:&quot;classic&quot;}\">\n\t\t\t\t\t\t<div class=\"elementor-container elementor-column-gap-default\">\n\t\t\t\t\t<div class=\"elementor-column elementor-col-100 elementor-inner-column elementor-element elementor-element-402f2b6d\" data-id=\"402f2b6d\" data-element_type=\"column\" data-e-type=\"column\">\n\t\t\t<div class=\"elementor-widget-wrap elementor-element-populated\">\n\t\t\t\t\t\t<div class=\"elementor-element elementor-element-54ae7cc9 elementor-widget elementor-widget-text-editor\" data-id=\"54ae7cc9\" data-element_type=\"widget\" data-e-type=\"widget\" data-widget_type=\"text-editor.default\">\n\t\t\t\t<div class=\"elementor-widget-container\">\n\t\t\t\t\t\t\t\t\t<p style=\"text-align: center;\"><strong>\u00cdndex<\/strong><\/p>\t\t\t\t\t\t\t\t<\/div>\n\t\t\t\t<\/div>\n\t\t\t\t<div class=\"elementor-element elementor-element-12c0cec1 elementor-widget elementor-widget-text-editor\" data-id=\"12c0cec1\" data-element_type=\"widget\" data-e-type=\"widget\" data-widget_type=\"text-editor.default\">\n\t\t\t\t<div class=\"elementor-widget-container\">\n\t\t\t\t\t\t\t\t\t<p><a href=\"https:\/\/www.elturistatranquil.com\/ca\/monestir-de-leyre-(navarra)\/#b3701\">Monestir de Leyre. Yesa. Navarra<\/a><\/p><p><a href=\"https:\/\/www.elturistatranquil.com\/ca\/monestir-de-leyre-(navarra)\/#b3702\">El territori<\/a><\/p><p><a href=\"https:\/\/www.elturistatranquil.com\/ca\/monestir-de-leyre-(navarra)\/#b3703\">Una mica d&#8217;hist\u00f2ria<\/a><\/p><p><a href=\"https:\/\/www.elturistatranquil.com\/ca\/monestir-de-leyre-(navarra)\/#b3704\">El recinte mon\u00e0stic de San Salvador de Leyre, o Monestir de Leyre<\/a><\/p><p style=\"padding-left: 40px;\"><a href=\"https:\/\/www.elturistatranquil.com\/ca\/monestir-de-leyre-(navarra)\/#b3705\">Conjunt exterior<\/a><\/p><p style=\"padding-left: 40px;\"><a href=\"https:\/\/www.elturistatranquil.com\/ca\/monestir-de-leyre-(navarra)\/#b3706\">El temple<\/a><\/p><p style=\"padding-left: 80px;\"><a href=\"https:\/\/www.elturistatranquil.com\/ca\/monestir-de-leyre-(navarra)\/#b3707\">Evoluci\u00f3 de l&#8217;edifici del temple<\/a><\/p><p style=\"padding-left: 80px;\"><a href=\"https:\/\/www.elturistatranquil.com\/ca\/monestir-de-leyre-(navarra)\/#b3708\">Cripta<\/a><\/p><p style=\"padding-left: 80px;\"><a href=\"https:\/\/www.elturistatranquil.com\/ca\/monestir-de-leyre-(navarra)\/#b3709\">Porta Speciosa<\/a><\/p><p style=\"padding-left: 80px;\"><a href=\"https:\/\/www.elturistatranquil.com\/ca\/monestir-de-leyre-(navarra)\/#b3710\">Interior del temple<\/a><\/p><p><a href=\"https:\/\/www.elturistatranquil.com\/ca\/monestir-de-leyre-(navarra)\/#b3711\">Enlla\u00e7 web<\/a><\/p><p><a href=\"https:\/\/www.elturistatranquil.com\/ca\/monestir-de-leyre-(navarra)\/#b3712\">Fi de la visita<\/a><\/p><p><a href=\"https:\/\/www.elturistatranquil.com\/ca\/monestir-de-leyre-(navarra)\/#b3713\">Bases d&#8217;informaci\u00f3<\/a><\/p>\t\t\t\t\t\t\t\t<\/div>\n\t\t\t\t<\/div>\n\t\t\t\t\t<\/div>\n\t\t<\/div>\n\t\t\t\t\t<\/div>\n\t\t<\/section>\n\t\t\t\t<div class=\"elementor-element elementor-element-70c01ae3 elementor-widget elementor-widget-spacer\" data-id=\"70c01ae3\" data-element_type=\"widget\" data-e-type=\"widget\" data-widget_type=\"spacer.default\">\n\t\t\t\t<div class=\"elementor-widget-container\">\n\t\t\t\t\t\t\t<div class=\"elementor-spacer\">\n\t\t\t<div class=\"elementor-spacer-inner\"><\/div>\n\t\t<\/div>\n\t\t\t\t\t\t<\/div>\n\t\t\t\t<\/div>\n\t\t\t\t<div class=\"elementor-element elementor-element-73cf6221 elementor-widget elementor-widget-menu-anchor\" data-id=\"73cf6221\" data-element_type=\"widget\" data-e-type=\"widget\" data-widget_type=\"menu-anchor.default\">\n\t\t\t\t<div class=\"elementor-widget-container\">\n\t\t\t\t\t\t\t<div class=\"elementor-menu-anchor\" id=\"b3701\"><\/div>\n\t\t\t\t\t\t<\/div>\n\t\t\t\t<\/div>\n\t\t\t\t<div class=\"elementor-element elementor-element-5e6e0a55 elementor-widget elementor-widget-spacer\" data-id=\"5e6e0a55\" data-element_type=\"widget\" data-e-type=\"widget\" data-widget_type=\"spacer.default\">\n\t\t\t\t<div class=\"elementor-widget-container\">\n\t\t\t\t\t\t\t<div class=\"elementor-spacer\">\n\t\t\t<div class=\"elementor-spacer-inner\"><\/div>\n\t\t<\/div>\n\t\t\t\t\t\t<\/div>\n\t\t\t\t<\/div>\n\t\t\t\t<div class=\"elementor-element elementor-element-3f0a1b40 elementor-widget elementor-widget-heading\" data-id=\"3f0a1b40\" data-element_type=\"widget\" data-e-type=\"widget\" data-widget_type=\"heading.default\">\n\t\t\t\t<div class=\"elementor-widget-container\">\n\t\t\t\t\t<h2 class=\"elementor-heading-title elementor-size-default\">Monestir de Leyre. Yesa. Navarra<\/h2>\t\t\t\t<\/div>\n\t\t\t\t<\/div>\n\t\t\t\t<div class=\"elementor-element elementor-element-24cca9f1 elementor-widget elementor-widget-text-editor\" data-id=\"24cca9f1\" data-element_type=\"widget\" data-e-type=\"widget\" data-widget_type=\"text-editor.default\">\n\t\t\t\t<div class=\"elementor-widget-container\">\n\t\t\t\t\t\t\t\t\t<p>Enlla\u00e7 amb el\u00a0<em>Post<\/em>:\u00a0<strong><a href=\"https:\/\/www.elturistatranquil.com\/ca\/el-corral-de-concilio-hotel-con-encanto-restaurante-reino-de-los-mallos\/\" target=\"_blank\" rel=\"noopener\">El Corral de Concilio, Hotel con Encanto Restaurante. Reino de los Mallos<\/a><\/strong><\/p>\t\t\t\t\t\t\t\t<\/div>\n\t\t\t\t<\/div>\n\t\t\t\t<div class=\"elementor-element elementor-element-2aa37dec elementor-widget elementor-widget-menu-anchor\" data-id=\"2aa37dec\" data-element_type=\"widget\" data-e-type=\"widget\" data-widget_type=\"menu-anchor.default\">\n\t\t\t\t<div class=\"elementor-widget-container\">\n\t\t\t\t\t\t\t<div class=\"elementor-menu-anchor\" id=\"b3702\"><\/div>\n\t\t\t\t\t\t<\/div>\n\t\t\t\t<\/div>\n\t\t\t\t<div class=\"elementor-element elementor-element-43119729 elementor-widget elementor-widget-text-editor\" data-id=\"43119729\" data-element_type=\"widget\" data-e-type=\"widget\" data-widget_type=\"text-editor.default\">\n\t\t\t\t<div class=\"elementor-widget-container\">\n\t\t\t\t\t\t\t\t\t<p>Fa alguns anys vaig tenir la intenci\u00f3 d\u2019allotjar-me a la Hostatgeria del Monestir de Leyre, per\u00f2 en aquelles dates estava completa. Vaig haver de conformar-me amb visitar-lo i assistir a un concert d&#8217;orgue. Pr\u00e8viament els monjos van celebrar un dels seus resos diaris, de manera que va ser possible tamb\u00e9 gaudir del cant gregori\u00e0 que utilitzen.<\/p><p>En la meva recent estada a <strong>El Corral de Concilio<\/strong>, em va semblar una bona idea tornar a Leyre i tornar a meravellar-me, especialment amb la seva Cripta.<\/p><p>Aquest <em>Post<\/em> recollir\u00e0 un petit resum de la visita, per\u00f2 m\u00e9s breu en la presentaci\u00f3 de fotografies ja que, preparant-lo, he descobert els treballs el professor <em>Francisco Javier Oca\u00f1a Eiroa<\/em>. Un d&#8217;ells, que enlla\u00e7ar\u00e9 al <strong>final del Post<\/strong>, presenta una complet\u00edssima col\u00b7lecci\u00f3 de fotografies, antigues i actuals, del Monestir de Leyre que \u00e9s dif\u00edcil superar. Per aix\u00f2, proposo que enllaceu amb aquesta p\u00e0gina com a ap\u00e8ndix documental i visual complet\u00edssim.<\/p><p>Efectuada aquesta observaci\u00f3, prossegueixo amb la presentaci\u00f3.<\/p>\t\t\t\t\t\t\t\t<\/div>\n\t\t\t\t<\/div>\n\t\t\t\t<div class=\"elementor-element elementor-element-427af25e elementor-widget elementor-widget-heading\" data-id=\"427af25e\" data-element_type=\"widget\" data-e-type=\"widget\" data-widget_type=\"heading.default\">\n\t\t\t\t<div class=\"elementor-widget-container\">\n\t\t\t\t\t<h2 class=\"elementor-heading-title elementor-size-default\">El territori<\/h2>\t\t\t\t<\/div>\n\t\t\t\t<\/div>\n\t\t\t\t<div class=\"elementor-element elementor-element-638a1749 elementor-widget elementor-widget-text-editor\" data-id=\"638a1749\" data-element_type=\"widget\" data-e-type=\"widget\" data-widget_type=\"text-editor.default\">\n\t\t\t\t<div class=\"elementor-widget-container\">\n\t\t\t\t\t\t\t\t\t<p>El Monestir de Leyre, o de Sant Salvador de Leyre, es troba situat al sud-est de Navarra, proper a Arag\u00f3. Localitzat en una zona muntanyosa al sud dels Pirineus, entre la Serra de Errant al nord i les muntanyes de Sos del Rei Cat\u00f2lic al sud.<\/p>\t\t\t\t\t\t\t\t<\/div>\n\t\t\t\t<\/div>\n\t\t\t\t<div class=\"elementor-element elementor-element-10d2e3cb elementor-widget elementor-widget-image\" data-id=\"10d2e3cb\" data-element_type=\"widget\" data-e-type=\"widget\" data-widget_type=\"image.default\">\n\t\t\t\t<div class=\"elementor-widget-container\">\n\t\t\t\t\t\t\t\t\t\t\t\t<figure class=\"wp-caption\">\n\t\t\t\t\t\t\t\t\t\t<img decoding=\"async\" width=\"768\" height=\"512\" src=\"https:\/\/www.elturistatranquil.com\/wp-content\/uploads\/F03-Localizaci\u00f3n-del-Monasterio-de-Leyre-Google-maps-2019-09-23-1.jpg\" class=\"attachment-large size-large wp-image-23515\" alt=\"\" srcset=\"https:\/\/www.elturistatranquil.com\/wp-content\/uploads\/F03-Localizaci\u00f3n-del-Monasterio-de-Leyre-Google-maps-2019-09-23-1.jpg 768w, https:\/\/www.elturistatranquil.com\/wp-content\/uploads\/F03-Localizaci\u00f3n-del-Monasterio-de-Leyre-Google-maps-2019-09-23-1-339x226.jpg 339w\" sizes=\"(max-width: 768px) 100vw, 768px\" \/>\t\t\t\t\t\t\t\t\t\t\t<figcaption class=\"widget-image-caption wp-caption-text\">Localitzaci\u00f3 del Monestir de Leyre (Google maps 2019-09-23)<\/figcaption>\n\t\t\t\t\t\t\t\t\t\t<\/figure>\n\t\t\t\t\t\t\t\t\t<\/div>\n\t\t\t\t<\/div>\n\t\t\t\t<div class=\"elementor-element elementor-element-3f7420a2 elementor-widget elementor-widget-text-editor\" data-id=\"3f7420a2\" data-element_type=\"widget\" data-e-type=\"widget\" data-widget_type=\"text-editor.default\">\n\t\t\t\t<div class=\"elementor-widget-container\">\n\t\t\t\t\t\t\t\t\t<p>El Monestir sota l&#8217;ombra de la Serra de Errando.<\/p>\t\t\t\t\t\t\t\t<\/div>\n\t\t\t\t<\/div>\n\t\t\t\t<div class=\"elementor-element elementor-element-36cc0170 elementor-widget elementor-widget-image\" data-id=\"36cc0170\" data-element_type=\"widget\" data-e-type=\"widget\" data-widget_type=\"image.default\">\n\t\t\t\t<div class=\"elementor-widget-container\">\n\t\t\t\t\t\t\t\t\t\t\t\t<figure class=\"wp-caption\">\n\t\t\t\t\t\t\t\t\t\t<img loading=\"lazy\" decoding=\"async\" width=\"768\" height=\"511\" src=\"https:\/\/www.elturistatranquil.com\/wp-content\/uploads\/F04-Monasterio-de-Leyre-Navarra-1.jpg\" class=\"attachment-large size-large wp-image-23517\" alt=\"\" srcset=\"https:\/\/www.elturistatranquil.com\/wp-content\/uploads\/F04-Monasterio-de-Leyre-Navarra-1.jpg 768w, https:\/\/www.elturistatranquil.com\/wp-content\/uploads\/F04-Monasterio-de-Leyre-Navarra-1-339x226.jpg 339w\" sizes=\"(max-width: 768px) 100vw, 768px\" \/>\t\t\t\t\t\t\t\t\t\t\t<figcaption class=\"widget-image-caption wp-caption-text\"><\/figcaption>\n\t\t\t\t\t\t\t\t\t\t<\/figure>\n\t\t\t\t\t\t\t\t\t<\/div>\n\t\t\t\t<\/div>\n\t\t\t\t<div class=\"elementor-element elementor-element-633c53d1 elementor-widget elementor-widget-image\" data-id=\"633c53d1\" data-element_type=\"widget\" data-e-type=\"widget\" data-widget_type=\"image.default\">\n\t\t\t\t<div class=\"elementor-widget-container\">\n\t\t\t\t\t\t\t\t\t\t\t\t<figure class=\"wp-caption\">\n\t\t\t\t\t\t\t\t\t\t<img loading=\"lazy\" decoding=\"async\" width=\"768\" height=\"511\" src=\"https:\/\/www.elturistatranquil.com\/wp-content\/uploads\/F05-Monasterio-de-Leyre-Navarra-1.jpg\" class=\"attachment-large size-large wp-image-23519\" alt=\"\" srcset=\"https:\/\/www.elturistatranquil.com\/wp-content\/uploads\/F05-Monasterio-de-Leyre-Navarra-1.jpg 768w, https:\/\/www.elturistatranquil.com\/wp-content\/uploads\/F05-Monasterio-de-Leyre-Navarra-1-339x226.jpg 339w\" sizes=\"(max-width: 768px) 100vw, 768px\" \/>\t\t\t\t\t\t\t\t\t\t\t<figcaption class=\"widget-image-caption wp-caption-text\"><\/figcaption>\n\t\t\t\t\t\t\t\t\t\t<\/figure>\n\t\t\t\t\t\t\t\t\t<\/div>\n\t\t\t\t<\/div>\n\t\t\t\t<div class=\"elementor-element elementor-element-56d45e99 elementor-widget elementor-widget-text-editor\" data-id=\"56d45e99\" data-element_type=\"widget\" data-e-type=\"widget\" data-widget_type=\"text-editor.default\">\n\t\t\t\t<div class=\"elementor-widget-container\">\n\t\t\t\t\t\t\t\t\t<p>Des Leyre es t\u00e9 una magn\u00edfica perspectiva sobre la vall del riu Arag\u00f3, des dels Pirineus pel canal de Berd\u00fan.<\/p><p>En l&#8217;actualitat, sobre el riu Arag\u00f3 s&#8217;ha constru\u00eft l&#8217;embassament de Yesa.<\/p>\t\t\t\t\t\t\t\t<\/div>\n\t\t\t\t<\/div>\n\t\t\t\t<div class=\"elementor-element elementor-element-61595946 elementor-widget elementor-widget-image\" data-id=\"61595946\" data-element_type=\"widget\" data-e-type=\"widget\" data-widget_type=\"image.default\">\n\t\t\t\t<div class=\"elementor-widget-container\">\n\t\t\t\t\t\t\t\t\t\t\t\t<figure class=\"wp-caption\">\n\t\t\t\t\t\t\t\t\t\t<img loading=\"lazy\" decoding=\"async\" width=\"768\" height=\"511\" src=\"https:\/\/www.elturistatranquil.com\/wp-content\/uploads\/F06-Monasterio-de-Leyre-Navarra-1.jpg\" class=\"attachment-large size-large wp-image-23521\" alt=\"\" srcset=\"https:\/\/www.elturistatranquil.com\/wp-content\/uploads\/F06-Monasterio-de-Leyre-Navarra-1.jpg 768w, https:\/\/www.elturistatranquil.com\/wp-content\/uploads\/F06-Monasterio-de-Leyre-Navarra-1-339x226.jpg 339w\" sizes=\"(max-width: 768px) 100vw, 768px\" \/>\t\t\t\t\t\t\t\t\t\t\t<figcaption class=\"widget-image-caption wp-caption-text\"><\/figcaption>\n\t\t\t\t\t\t\t\t\t\t<\/figure>\n\t\t\t\t\t\t\t\t\t<\/div>\n\t\t\t\t<\/div>\n\t\t\t\t<div class=\"elementor-element elementor-element-1959c5e elementor-widget elementor-widget-text-editor\" data-id=\"1959c5e\" data-element_type=\"widget\" data-e-type=\"widget\" data-widget_type=\"text-editor.default\">\n\t\t\t\t<div class=\"elementor-widget-container\">\n\t\t\t\t\t\t\t\t\t<p>Perspectiva en direcci\u00f3 a ponent.<\/p>\t\t\t\t\t\t\t\t<\/div>\n\t\t\t\t<\/div>\n\t\t\t\t<div class=\"elementor-element elementor-element-126331f5 elementor-widget elementor-widget-image\" data-id=\"126331f5\" data-element_type=\"widget\" data-e-type=\"widget\" data-widget_type=\"image.default\">\n\t\t\t\t<div class=\"elementor-widget-container\">\n\t\t\t\t\t\t\t\t\t\t\t\t<figure class=\"wp-caption\">\n\t\t\t\t\t\t\t\t\t\t<img loading=\"lazy\" decoding=\"async\" width=\"768\" height=\"511\" src=\"https:\/\/www.elturistatranquil.com\/wp-content\/uploads\/F07-Monasterio-de-Leyre-Navarra-1.jpg\" class=\"attachment-large size-large wp-image-23523\" alt=\"\" srcset=\"https:\/\/www.elturistatranquil.com\/wp-content\/uploads\/F07-Monasterio-de-Leyre-Navarra-1.jpg 768w, https:\/\/www.elturistatranquil.com\/wp-content\/uploads\/F07-Monasterio-de-Leyre-Navarra-1-339x226.jpg 339w\" sizes=\"(max-width: 768px) 100vw, 768px\" \/>\t\t\t\t\t\t\t\t\t\t\t<figcaption class=\"widget-image-caption wp-caption-text\"><\/figcaption>\n\t\t\t\t\t\t\t\t\t\t<\/figure>\n\t\t\t\t\t\t\t\t\t<\/div>\n\t\t\t\t<\/div>\n\t\t\t\t<div class=\"elementor-element elementor-element-787fe453 elementor-widget elementor-widget-menu-anchor\" data-id=\"787fe453\" data-element_type=\"widget\" data-e-type=\"widget\" data-widget_type=\"menu-anchor.default\">\n\t\t\t\t<div class=\"elementor-widget-container\">\n\t\t\t\t\t\t\t<div class=\"elementor-menu-anchor\" id=\"b3703\"><\/div>\n\t\t\t\t\t\t<\/div>\n\t\t\t\t<\/div>\n\t\t\t\t<div class=\"elementor-element elementor-element-434f37c3 elementor-widget elementor-widget-text-editor\" data-id=\"434f37c3\" data-element_type=\"widget\" data-e-type=\"widget\" data-widget_type=\"text-editor.default\">\n\t\t\t\t<div class=\"elementor-widget-container\">\n\t\t\t\t\t\t\t\t\t<p>La seva localitzaci\u00f3 la convertia en un bon observatori i en lloc de refugi i replegament en la convulsa Edat Mitjana.<\/p>\t\t\t\t\t\t\t\t<\/div>\n\t\t\t\t<\/div>\n\t\t\t\t<div class=\"elementor-element elementor-element-33e1ef5c elementor-widget elementor-widget-heading\" data-id=\"33e1ef5c\" data-element_type=\"widget\" data-e-type=\"widget\" data-widget_type=\"heading.default\">\n\t\t\t\t<div class=\"elementor-widget-container\">\n\t\t\t\t\t<h2 class=\"elementor-heading-title elementor-size-default\">Una mica d'hist\u00f2ria<\/h2>\t\t\t\t<\/div>\n\t\t\t\t<\/div>\n\t\t\t\t<div class=\"elementor-element elementor-element-7837d742 elementor-widget elementor-widget-text-editor\" data-id=\"7837d742\" data-element_type=\"widget\" data-e-type=\"widget\" data-widget_type=\"text-editor.default\">\n\t\t\t\t<div class=\"elementor-widget-container\">\n\t\t\t\t\t\t\t\t\t<p>No es t\u00e9 not\u00edcia del moment de creaci\u00f3 de Leyre. La primera refer\u00e8ncia escrita \u00e9s de l&#8217;any 848 de la m\u00e0 de Sant Eulogi de C\u00f2rdova.<\/p><p>Sembla que arrenca del Renaixement Carolingi sobre la base d&#8217;algun centre de vida anacor\u00e8tica a la falda de la muntanya, com va ser habitual en el moment i la zona.<\/p><p>Cap a 851 es documenta el trasllat a Leyre dels cossos de les Santes Nulino i Alodia. A les que es tenia una gran devoci\u00f3.<\/p><p>Abans del final del segle IX es va establir el monestir femen\u00ed de Sant Crist\u00f2fol de Leyre a uns cinc-cents metres.<\/p><p>Despr\u00e9s de la pujada al poder de Sancho Garc\u00e9s I en 905, el rei deposat, Fort\u00fan Garc\u00e9s es va recollir en Leyre i va acabar all\u00e0 els seus dies com a monjo.<\/p><p>Al segle X un dels abats m\u00e9s significatius va ser Sant Virila.<\/p>\t\t\t\t\t\t\t\t<\/div>\n\t\t\t\t<\/div>\n\t\t\t\t<div class=\"elementor-element elementor-element-5f26d8a2 elementor-widget elementor-widget-image\" data-id=\"5f26d8a2\" data-element_type=\"widget\" data-e-type=\"widget\" data-widget_type=\"image.default\">\n\t\t\t\t<div class=\"elementor-widget-container\">\n\t\t\t\t\t\t\t\t\t\t\t\t<figure class=\"wp-caption\">\n\t\t\t\t\t\t\t\t\t\t<img loading=\"lazy\" decoding=\"async\" width=\"768\" height=\"511\" src=\"https:\/\/www.elturistatranquil.com\/wp-content\/uploads\/F08-Monasterio-de-Leyre-San-Virila-1.jpg\" class=\"attachment-large size-large wp-image-23525\" alt=\"\" srcset=\"https:\/\/www.elturistatranquil.com\/wp-content\/uploads\/F08-Monasterio-de-Leyre-San-Virila-1.jpg 768w, https:\/\/www.elturistatranquil.com\/wp-content\/uploads\/F08-Monasterio-de-Leyre-San-Virila-1-339x226.jpg 339w\" sizes=\"(max-width: 768px) 100vw, 768px\" \/>\t\t\t\t\t\t\t\t\t\t\t<figcaption class=\"widget-image-caption wp-caption-text\">Sant Virila escoltant el cant de l'ocell. Obra del segle XX al passad\u00eds d'acc\u00e9s a la cripta del Monestir. A sota la llegenda del sant<\/figcaption>\n\t\t\t\t\t\t\t\t\t\t<\/figure>\n\t\t\t\t\t\t\t\t\t<\/div>\n\t\t\t\t<\/div>\n\t\t\t\t<div class=\"elementor-element elementor-element-6a0d13e3 elementor-widget elementor-widget-text-editor\" data-id=\"6a0d13e3\" data-element_type=\"widget\" data-e-type=\"widget\" data-widget_type=\"text-editor.default\">\n\t\t\t\t<div class=\"elementor-widget-container\">\n\t\t\t\t\t\t\t\t\t<p>Encara que no va ser una abadia reial, s\u00ed que va estar molt vinculada a la reialesa navarresa com patronat regi i pante\u00f3 real d&#8217;alguns reis anteriors a 1079.<\/p><p>En els \u00faltims anys del segle X el monestir va ser espoliat i cremat en una de les incursions d&#8217;Amir al-Mansur (Almansor) o del seu fill Abd-al-Malik.<\/p><p>La crema d&#8217;aquest tipus d&#8217;edificis era f\u00e0cil, ja que les cobertes de les esgl\u00e9sies eren de fusta. Per\u00f2 els murs es mantenien en peu, pel que va ser f\u00e0cil la seva reconstrucci\u00f3, i els murs de l&#8217;esgl\u00e9sia es van acoblar a l&#8217;actual cap\u00e7alera.<\/p><p>El segle XI va ser el d&#8217;hegemonia i preponder\u00e0ncia de Leyre sobre la resta de monestirs de Navarra sota la protecci\u00f3 de Sancho III el Mayor, fins a l&#8217;adveniment dels reis aragonesos en 1076, gr\u00e0cies a donacions i rendes.<\/p><p>En aquest moment del conflicte amb els musulmans, els reis efectuaven donacions als monestirs de terres i viles conquistades, per a la seva repoblaci\u00f3 i evangelitzaci\u00f3. Com va succeir amb Leyre.<\/p><p>Sancho III va impulsar la introducci\u00f3 de la reforma cluniacenca. La <a href=\"https:\/\/www.elturistatranquil.com\/ca\/esglesies-monestirs-i-ordres-religioses-a-ledat-mitjana\/\" target=\"_blank\" rel=\"noopener\">Regla de Sant Benet<\/a> es va introduir en l&#8217;observan\u00e7a mon\u00e0stica de Leyre, encara que sense integrar-se en l&#8217;Ordre cluniacenc i constituint una congregaci\u00f3 de monestirs al voltant de Leire (Ordo de Leyre).<\/p><p>En el moment d&#8217;impuls del Cam\u00ed de Sant Jaume, Leyre va dedicar atenci\u00f3 als pelegrins jacobeus en punt estrat\u00e8gics del seu itinerari per Navarra.<\/p><p>En 1057 es produeix la primera consagraci\u00f3 de l&#8217;Esgl\u00e9sia, que havia ampliat la primitiva esgl\u00e9sia moss\u00e0rab carol\u00edngia amb els absis i la cripta que poden admirar-se. S&#8217;introdueix l&#8217;estil rom\u00e0nic, per\u00f2 allunyat de les formes del moment.<\/p><p>En 1098 es produeix una segona consagraci\u00f3 de l&#8217;Esgl\u00e9sia, despr\u00e9s d&#8217;haver procedit a enderrocar l&#8217;esgl\u00e9sia moss\u00e0rab i substituir-la per una nau rom\u00e0nica m\u00e9s \u00e0mplia i llarga i a la construcci\u00f3 posterior d&#8217;una gran portada que rebr\u00e0 el nom de &#8220;Porta Speciosa&#8221;.<\/p><p>En aquell moment va ser l&#8217;esgl\u00e9sia m\u00e9s llarga del regne, amb 47,30 metres.<\/p><p>Entre 1083 i 1134 s&#8217;arriba a la culminaci\u00f3 patrimonial en la hist\u00f2ria del Monestir de Leyre, desbordant les possessions de Leyre el seu \u00e0mbit geogr\u00e0fic circumdant per estendre\u2019s fins a les rodalies d&#8217;\u00c0laba, Tudela, Saragossa i Osca, vinculats a l&#8217;avan\u00e7 de la Reconquesta. Aquest domini era, per\u00f2, molt fragmentat i disseminat, el que a la llarga va comportar problemes de gesti\u00f3 i conservaci\u00f3 d&#8217;aquest patrimoni. D&#8217;aquesta manera, Leyre es va convertir en un Senyoria mon\u00e0stic.<\/p><p>Per exemple, els principals b\u00e9ns patrimonials eren 72 viles amb la seva casa o palau senyorial, i tenia 86 monestirs, malgrat que nom\u00e9s en una dotzena vivien monjos.<\/p><p>A partir de 1134, augmenta el poder de Pamplona i s&#8217;inicia el declivi d&#8217;influ\u00e8ncia i del poder de Leyre. A aix\u00f2 &#8216;s&#8217;afegir\u00e0 el conflicte entre els cluniacencs i els cistercencs en proposar integrar-se en l&#8217;orde del Cister. Com aix\u00f2 afectava a qui anirien a per als b\u00e9ns del monestir es va obrir una batalla entre els &#8220;monjos negres&#8221; d&#8217;observan\u00e7a cluniacencs i els &#8220;monjos blancs&#8221; d&#8217;observan\u00e7a cistercencs (pel color dels seus h\u00e0bits), que no es va resoldre fins a l&#8217;any 1300, passant definitivament a les mans dels blancs.<\/p><p>L&#8217;annexi\u00f3 de Navarra a la Corona de Castella en 1515 va suposar un canvi important per Leyre, que havia estat sempre vinculat als reis de Navarra i que, a trav\u00e9s del seu abat, ocupaven un lloc important en l&#8217;entramat institucional del Regne com a membre nat del bra\u00e7 eclesi\u00e0stic de les Corts de Navarra. Aix\u00f2 va reduir la seva influ\u00e8ncia i suports, mentre que l\u2019Abad deixava de pert\u00e0nyer al bra\u00e7 eclesi\u00e0stic en el nou ordenament.<\/p><p>En aquest moment, els monjos van procedir a amagar les restes dels reis de Navarra per por que fossin profanades. Van apar\u00e8ixer quan en 1613, per obrir la porta que havia de comunicar amb la nova sagristia en el mur van apar\u00e8ixer dos sarc\u00f2fags amb les restes.<\/p><p>Una certa recuperaci\u00f3 econ\u00f2mica durant els segles XV i XVI va permetre la construcci\u00f3 de la volta tardo g\u00f2tica, aix\u00ed com la construcci\u00f3 d&#8217;un nou convent al costat sud de l&#8217;esgl\u00e9sia, iniciat el 1567.<\/p><p>Els dos segles seg\u00fcents van ser d&#8217;ordre i observan\u00e7a, consolidant la comunitat.<\/p><p>El segle XIX portar\u00e0 canvis fonamentals a aquesta situaci\u00f3. Primer amb Napole\u00f3, que el 1809 va saquejar el monestir, i immediatament despr\u00e9s, per l&#8217;ordre de supressi\u00f3 i confiscaci\u00f3 de totes les ordres religioses i la confiscaci\u00f3 dels seus b\u00e9ns.<\/p><p>Amb Ferran VII, es restitueix la situaci\u00f3 anterior, i els monjos tornen a Leyre en 1814.<\/p><p>El segon i definitiu va respondre a la desamortitzaci\u00f3 de Mendiz\u00e1bal, executant-se en 1836.<\/p><p>A continuaci\u00f3, es procedeix a la venda dels b\u00e9ns, quedant Leyre deshabitat durant 25 anys, entrant en ru\u00efna.<\/p><p>El 1844 s&#8217;havien constitu\u00eft per prov\u00edncies les Comissions de Monuments Hist\u00f2rics i Art\u00edstics. La de Navarra ja des de 1845 es va interessar per l&#8217;estat de Leyre.<\/p><p>A partir de 1863 s&#8217;iniciar\u00e0 el proc\u00e9s de recuperaci\u00f3 dels edificis, que en 25 anys s&#8217;havien convertit en &#8220;ru\u00efnes venerables&#8221; sotmesos a les inclem\u00e8ncies del temps i als saquejos.<\/p><p>Per fi, en 1867 \u00e9s el primer monument de Navarra que arriba a la categoria de &#8220;Monument Nacional&#8221;. A partir d&#8217;aqu\u00ed s&#8217;iniciaria el proc\u00e9s de restauraci\u00f3 en 1874.<\/p><p>El 1945 es procedeix a la restauraci\u00f3 definitiva, i en 1954 monjos benedictins procedents del Monestir de Silos, tornaven a introduir la vida mon\u00e0stica a Leyre. La restauraci\u00f3 es va donar per finalitzada el 1979.<\/p>\t\t\t\t\t\t\t\t<\/div>\n\t\t\t\t<\/div>\n\t\t\t\t<div class=\"elementor-element elementor-element-2d8e05d4 elementor-widget elementor-widget-menu-anchor\" data-id=\"2d8e05d4\" data-element_type=\"widget\" data-e-type=\"widget\" data-widget_type=\"menu-anchor.default\">\n\t\t\t\t<div class=\"elementor-widget-container\">\n\t\t\t\t\t\t\t<div class=\"elementor-menu-anchor\" id=\"b3704\"><\/div>\n\t\t\t\t\t\t<\/div>\n\t\t\t\t<\/div>\n\t\t\t\t<div class=\"elementor-element elementor-element-15a2ed57 elementor-widget elementor-widget-heading\" data-id=\"15a2ed57\" data-element_type=\"widget\" data-e-type=\"widget\" data-widget_type=\"heading.default\">\n\t\t\t\t<div class=\"elementor-widget-container\">\n\t\t\t\t\t<h2 class=\"elementor-heading-title elementor-size-default\">El recinte mon\u00e0stic de San Salvador de Leyre, o Monestir de Leyre<\/h2>\t\t\t\t<\/div>\n\t\t\t\t<\/div>\n\t\t\t\t<div class=\"elementor-element elementor-element-4a134fa elementor-widget elementor-widget-menu-anchor\" data-id=\"4a134fa\" data-element_type=\"widget\" data-e-type=\"widget\" data-widget_type=\"menu-anchor.default\">\n\t\t\t\t<div class=\"elementor-widget-container\">\n\t\t\t\t\t\t\t<div class=\"elementor-menu-anchor\" id=\"b3705\"><\/div>\n\t\t\t\t\t\t<\/div>\n\t\t\t\t<\/div>\n\t\t\t\t<div class=\"elementor-element elementor-element-150e284c elementor-widget elementor-widget-text-editor\" data-id=\"150e284c\" data-element_type=\"widget\" data-e-type=\"widget\" data-widget_type=\"text-editor.default\">\n\t\t\t\t<div class=\"elementor-widget-container\">\n\t\t\t\t\t\t\t\t\t<p>El treball del professor <em>Oca\u00f1a Eiroa<\/em> que enlla\u00e7ar\u00e9 al final de la presentaci\u00f3 m&#8217;excusar\u00e0 d&#8217;efectuar una presentaci\u00f3 fotogr\u00e0fica extensa, que no podria competir amb la seva, minuciosa i de qualitat.<\/p>\t\t\t\t\t\t\t\t<\/div>\n\t\t\t\t<\/div>\n\t\t\t\t<div class=\"elementor-element elementor-element-374973d5 elementor-widget elementor-widget-heading\" data-id=\"374973d5\" data-element_type=\"widget\" data-e-type=\"widget\" data-widget_type=\"heading.default\">\n\t\t\t\t<div class=\"elementor-widget-container\">\n\t\t\t\t\t<h3 class=\"elementor-heading-title elementor-size-default\">Conjunt exterior<\/h3>\t\t\t\t<\/div>\n\t\t\t\t<\/div>\n\t\t\t\t<div class=\"elementor-element elementor-element-679f1e63 elementor-widget elementor-widget-text-editor\" data-id=\"679f1e63\" data-element_type=\"widget\" data-e-type=\"widget\" data-widget_type=\"text-editor.default\">\n\t\t\t\t<div class=\"elementor-widget-container\">\n\t\t\t\t\t\t\t\t\t<p>La fotografia sat\u00e8l\u00b7lit mostra la disposici\u00f3 del conjunt del Monestir en la seva situaci\u00f3 actual, que pot comparar-se amb el pl\u00e0nol efectuat per la Comissi\u00f3 de Monuments de Navarra en 1867. \u00c9s curi\u00f3s observar la disposici\u00f3 regular dels elements en el pl\u00e0nol, que no es d\u00f3na en la realitat.<\/p>\t\t\t\t\t\t\t\t<\/div>\n\t\t\t\t<\/div>\n\t\t\t\t<div class=\"elementor-element elementor-element-70e2ebb7 elementor-widget elementor-widget-image\" data-id=\"70e2ebb7\" data-element_type=\"widget\" data-e-type=\"widget\" data-widget_type=\"image.default\">\n\t\t\t\t<div class=\"elementor-widget-container\">\n\t\t\t\t\t\t\t\t\t\t\t\t<figure class=\"wp-caption\">\n\t\t\t\t\t\t\t\t\t\t<img loading=\"lazy\" decoding=\"async\" width=\"768\" height=\"512\" src=\"https:\/\/www.elturistatranquil.com\/wp-content\/uploads\/F09-Monasterio-de-Leyre-Google-maps-2019-09-22-1.jpg\" class=\"attachment-large size-large wp-image-23527\" alt=\"\" srcset=\"https:\/\/www.elturistatranquil.com\/wp-content\/uploads\/F09-Monasterio-de-Leyre-Google-maps-2019-09-22-1.jpg 768w, https:\/\/www.elturistatranquil.com\/wp-content\/uploads\/F09-Monasterio-de-Leyre-Google-maps-2019-09-22-1-339x226.jpg 339w\" sizes=\"(max-width: 768px) 100vw, 768px\" \/>\t\t\t\t\t\t\t\t\t\t\t<figcaption class=\"widget-image-caption wp-caption-text\">Monestir de Leyre (Google maps 2019-09-22)<\/figcaption>\n\t\t\t\t\t\t\t\t\t\t<\/figure>\n\t\t\t\t\t\t\t\t\t<\/div>\n\t\t\t\t<\/div>\n\t\t\t\t<div class=\"elementor-element elementor-element-193e2647 elementor-widget elementor-widget-image\" data-id=\"193e2647\" data-element_type=\"widget\" data-e-type=\"widget\" data-widget_type=\"image.default\">\n\t\t\t\t<div class=\"elementor-widget-container\">\n\t\t\t\t\t\t\t\t\t\t\t\t<figure class=\"wp-caption\">\n\t\t\t\t\t\t\t\t\t\t<img loading=\"lazy\" decoding=\"async\" width=\"768\" height=\"539\" src=\"https:\/\/www.elturistatranquil.com\/wp-content\/uploads\/F10-Plano-del-Monasterio-levantado-por-la-Comisi\u00f3n-de-Monumentos-de-Navarra-en-1867-1.jpg\" class=\"attachment-large size-large wp-image-23529\" alt=\"\" srcset=\"https:\/\/www.elturistatranquil.com\/wp-content\/uploads\/F10-Plano-del-Monasterio-levantado-por-la-Comisi\u00f3n-de-Monumentos-de-Navarra-en-1867-1.jpg 768w, https:\/\/www.elturistatranquil.com\/wp-content\/uploads\/F10-Plano-del-Monasterio-levantado-por-la-Comisi\u00f3n-de-Monumentos-de-Navarra-en-1867-1-322x226.jpg 322w\" sizes=\"(max-width: 768px) 100vw, 768px\" \/>\t\t\t\t\t\t\t\t\t\t\t<figcaption class=\"widget-image-caption wp-caption-text\">Pl\u00e0nol del Monestir realitzat por la Comissi\u00f3 de Monuments de Navarra en 1867<\/figcaption>\n\t\t\t\t\t\t\t\t\t\t<\/figure>\n\t\t\t\t\t\t\t\t\t<\/div>\n\t\t\t\t<\/div>\n\t\t\t\t<div class=\"elementor-element elementor-element-52467efc elementor-widget elementor-widget-text-editor\" data-id=\"52467efc\" data-element_type=\"widget\" data-e-type=\"widget\" data-widget_type=\"text-editor.default\">\n\t\t\t\t<div class=\"elementor-widget-container\">\n\t\t\t\t\t\t\t\t\t<p>Podem distingir els grans elements estructurals del conjunt monacal: <strong>A<\/strong>: claustre vell; <strong>B<\/strong>: depend\u00e8ncies del monestir vell; <strong>C<\/strong>: primera esgl\u00e9sia rom\u00e0nica amb els absis; <strong>D<\/strong>: segona esgl\u00e9sia rom\u00e0nica; <strong>E<\/strong>: &#8220;Porta Speciosa&#8221;; <strong>F<\/strong>: monestir nou, i <strong>G<\/strong>: recepci\u00f3 de visitants.<\/p><p>Una visi\u00f3 de conjunt presa des del nord-est reflecteix l&#8217;estructura compacta del conjunt.<\/p>\t\t\t\t\t\t\t\t<\/div>\n\t\t\t\t<\/div>\n\t\t\t\t<div class=\"elementor-element elementor-element-6c951ed0 elementor-widget elementor-widget-image\" data-id=\"6c951ed0\" data-element_type=\"widget\" data-e-type=\"widget\" data-widget_type=\"image.default\">\n\t\t\t\t<div class=\"elementor-widget-container\">\n\t\t\t\t\t\t\t\t\t\t\t\t<figure class=\"wp-caption\">\n\t\t\t\t\t\t\t\t\t\t<img loading=\"lazy\" decoding=\"async\" width=\"768\" height=\"511\" src=\"https:\/\/www.elturistatranquil.com\/wp-content\/uploads\/F11-Monasterio-de-Leyre-Navarra-1.jpg\" class=\"attachment-large size-large wp-image-23531\" alt=\"\" srcset=\"https:\/\/www.elturistatranquil.com\/wp-content\/uploads\/F11-Monasterio-de-Leyre-Navarra-1.jpg 768w, https:\/\/www.elturistatranquil.com\/wp-content\/uploads\/F11-Monasterio-de-Leyre-Navarra-1-339x226.jpg 339w\" sizes=\"(max-width: 768px) 100vw, 768px\" \/>\t\t\t\t\t\t\t\t\t\t\t<figcaption class=\"widget-image-caption wp-caption-text\"><\/figcaption>\n\t\t\t\t\t\t\t\t\t\t<\/figure>\n\t\t\t\t\t\t\t\t\t<\/div>\n\t\t\t\t<\/div>\n\t\t\t\t<div class=\"elementor-element elementor-element-73513da0 elementor-widget elementor-widget-text-editor\" data-id=\"73513da0\" data-element_type=\"widget\" data-e-type=\"widget\" data-widget_type=\"text-editor.default\">\n\t\t\t\t<div class=\"elementor-widget-container\">\n\t\t\t\t\t\t\t\t\t<p>Com \u00e9s la norma, el presbiteri de l&#8217;Esgl\u00e9sia est\u00e0 orientat a llevant. Les depend\u00e8ncies mon\u00e0stiques del primer monestir, amb el seu claustre, va ser situat a la banda nord, mentre que les depend\u00e8ncies del nou, tamb\u00e9 amb claustre, es van disposar en l&#8217;ala sud. Per la seva banda, el gran portal d&#8217;entrada, la &#8220;Porta Speciosa&#8221;, es va col\u00b7locar als peus de l&#8217;Esgl\u00e9sia, a la banda de ponent.<\/p><p>Com l&#8217;aparcament est\u00e0 situat al v\u00e8rtex nord-est, comen\u00e7o el recorregut exterior pel costat de llevant.<\/p><p>El primer ser\u00e0 dirigir-se a la Recepci\u00f3 de Visitants, situada a la zona que havien ocupat les granges, per\u00f2 en una construcci\u00f3 totalment nova i recent.<\/p>\t\t\t\t\t\t\t\t<\/div>\n\t\t\t\t<\/div>\n\t\t\t\t<div class=\"elementor-element elementor-element-e77798f elementor-widget elementor-widget-image\" data-id=\"e77798f\" data-element_type=\"widget\" data-e-type=\"widget\" data-widget_type=\"image.default\">\n\t\t\t\t<div class=\"elementor-widget-container\">\n\t\t\t\t\t\t\t\t\t\t\t\t<figure class=\"wp-caption\">\n\t\t\t\t\t\t\t\t\t\t<img loading=\"lazy\" decoding=\"async\" width=\"768\" height=\"511\" src=\"https:\/\/www.elturistatranquil.com\/wp-content\/uploads\/F12-Monasterio-de-Leyre-Navarra-1.jpg\" class=\"attachment-large size-large wp-image-23533\" alt=\"\" srcset=\"https:\/\/www.elturistatranquil.com\/wp-content\/uploads\/F12-Monasterio-de-Leyre-Navarra-1.jpg 768w, https:\/\/www.elturistatranquil.com\/wp-content\/uploads\/F12-Monasterio-de-Leyre-Navarra-1-339x226.jpg 339w\" sizes=\"(max-width: 768px) 100vw, 768px\" \/>\t\t\t\t\t\t\t\t\t\t\t<figcaption class=\"widget-image-caption wp-caption-text\"><\/figcaption>\n\t\t\t\t\t\t\t\t\t\t<\/figure>\n\t\t\t\t\t\t\t\t\t<\/div>\n\t\t\t\t<\/div>\n\t\t\t\t<div class=\"elementor-element elementor-element-33d79267 elementor-widget elementor-widget-text-editor\" data-id=\"33d79267\" data-element_type=\"widget\" data-e-type=\"widget\" data-widget_type=\"text-editor.default\">\n\t\t\t\t<div class=\"elementor-widget-container\">\n\t\t\t\t\t\t\t\t\t<p>En el moment de comprar l&#8217;entrada per visitar el monestir em trobo amb una gran sorpresa. Tant la Cripta com el Temple s\u00f3n els dos \u00fanics espais interiors a visitar. La visita pot efectuar-se en grup amb guia o individualment. En el meu cas opto per la visita individual i la gran sorpresa \u00e9s que, en aquesta ocasi\u00f3, em lliuren una clau perqu\u00e8 pugui accedir pel meu compte tant a la Cripta com al Temple.<\/p>\t\t\t\t\t\t\t\t<\/div>\n\t\t\t\t<\/div>\n\t\t\t\t<div class=\"elementor-element elementor-element-1b6e8e34 elementor-widget elementor-widget-image\" data-id=\"1b6e8e34\" data-element_type=\"widget\" data-e-type=\"widget\" data-widget_type=\"image.default\">\n\t\t\t\t<div class=\"elementor-widget-container\">\n\t\t\t\t\t\t\t\t\t\t\t\t<figure class=\"wp-caption\">\n\t\t\t\t\t\t\t\t\t\t<img loading=\"lazy\" decoding=\"async\" width=\"768\" height=\"512\" src=\"https:\/\/www.elturistatranquil.com\/wp-content\/uploads\/F13-Monasterio-de-Leyre-Navarra-1.jpg\" class=\"attachment-large size-large wp-image-23535\" alt=\"\" srcset=\"https:\/\/www.elturistatranquil.com\/wp-content\/uploads\/F13-Monasterio-de-Leyre-Navarra-1.jpg 768w, https:\/\/www.elturistatranquil.com\/wp-content\/uploads\/F13-Monasterio-de-Leyre-Navarra-1-339x226.jpg 339w\" sizes=\"(max-width: 768px) 100vw, 768px\" \/>\t\t\t\t\t\t\t\t\t\t\t<figcaption class=\"widget-image-caption wp-caption-text\">Porta i clau d\u2019entrada a la Cripta<\/figcaption>\n\t\t\t\t\t\t\t\t\t\t<\/figure>\n\t\t\t\t\t\t\t\t\t<\/div>\n\t\t\t\t<\/div>\n\t\t\t\t<div class=\"elementor-element elementor-element-24812daa elementor-widget elementor-widget-text-editor\" data-id=\"24812daa\" data-element_type=\"widget\" data-e-type=\"widget\" data-widget_type=\"text-editor.default\">\n\t\t\t\t<div class=\"elementor-widget-container\">\n\t\t\t\t\t\t\t\t\t<p>El resultat per a mi va ser una experi\u00e8ncia fascinant. Poder entrar sol en els dos recintes, tancant la porta rere meu i moure\u2019m lliurement per tots dos \u00e0mbits en soledat, va ser una experi\u00e8ncia \u00fanica de les que no s&#8217;obliden.<\/p><p>Per\u00f2 seguim a l&#8217;exterior.<\/p><p>La banda de llevant cont\u00e9 els absis i a cada costat els cossos dels dos convents.<\/p>\t\t\t\t\t\t\t\t<\/div>\n\t\t\t\t<\/div>\n\t\t\t\t<div class=\"elementor-element elementor-element-236dcddd elementor-widget elementor-widget-image\" data-id=\"236dcddd\" data-element_type=\"widget\" data-e-type=\"widget\" data-widget_type=\"image.default\">\n\t\t\t\t<div class=\"elementor-widget-container\">\n\t\t\t\t\t\t\t\t\t\t\t\t<figure class=\"wp-caption\">\n\t\t\t\t\t\t\t\t\t\t<img loading=\"lazy\" decoding=\"async\" width=\"768\" height=\"512\" src=\"https:\/\/www.elturistatranquil.com\/wp-content\/uploads\/F14-Monasterio-de-Leyre-Navarra-1.jpg\" class=\"attachment-large size-large wp-image-23537\" alt=\"\" srcset=\"https:\/\/www.elturistatranquil.com\/wp-content\/uploads\/F14-Monasterio-de-Leyre-Navarra-1.jpg 768w, https:\/\/www.elturistatranquil.com\/wp-content\/uploads\/F14-Monasterio-de-Leyre-Navarra-1-339x226.jpg 339w\" sizes=\"(max-width: 768px) 100vw, 768px\" \/>\t\t\t\t\t\t\t\t\t\t\t<figcaption class=\"widget-image-caption wp-caption-text\"><\/figcaption>\n\t\t\t\t\t\t\t\t\t\t<\/figure>\n\t\t\t\t\t\t\t\t\t<\/div>\n\t\t\t\t<\/div>\n\t\t\t\t<div class=\"elementor-element elementor-element-24beb2fb elementor-widget elementor-widget-text-editor\" data-id=\"24beb2fb\" data-element_type=\"widget\" data-e-type=\"widget\" data-widget_type=\"text-editor.default\">\n\t\t\t\t<div class=\"elementor-widget-container\">\n\t\t\t\t\t\t\t\t\t<p>En la seva part central els tres absis del primer temple rom\u00e0nic.<\/p>\t\t\t\t\t\t\t\t<\/div>\n\t\t\t\t<\/div>\n\t\t\t\t<div class=\"elementor-element elementor-element-4290d7e9 elementor-widget elementor-widget-image\" data-id=\"4290d7e9\" data-element_type=\"widget\" data-e-type=\"widget\" data-widget_type=\"image.default\">\n\t\t\t\t<div class=\"elementor-widget-container\">\n\t\t\t\t\t\t\t\t\t\t\t\t<figure class=\"wp-caption\">\n\t\t\t\t\t\t\t\t\t\t<img loading=\"lazy\" decoding=\"async\" width=\"768\" height=\"511\" src=\"https:\/\/www.elturistatranquil.com\/wp-content\/uploads\/F15a-Monasterio-de-Leyre-Absides-1.jpg\" class=\"attachment-large size-large wp-image-23539\" alt=\"\" srcset=\"https:\/\/www.elturistatranquil.com\/wp-content\/uploads\/F15a-Monasterio-de-Leyre-Absides-1.jpg 768w, https:\/\/www.elturistatranquil.com\/wp-content\/uploads\/F15a-Monasterio-de-Leyre-Absides-1-339x226.jpg 339w\" sizes=\"(max-width: 768px) 100vw, 768px\" \/>\t\t\t\t\t\t\t\t\t\t\t<figcaption class=\"widget-image-caption wp-caption-text\"><\/figcaption>\n\t\t\t\t\t\t\t\t\t\t<\/figure>\n\t\t\t\t\t\t\t\t\t<\/div>\n\t\t\t\t<\/div>\n\t\t\t\t<div class=\"elementor-element elementor-element-67d6f5f elementor-widget elementor-widget-text-editor\" data-id=\"67d6f5f\" data-element_type=\"widget\" data-e-type=\"widget\" data-widget_type=\"text-editor.default\">\n\t\t\t\t<div class=\"elementor-widget-container\">\n\t\t\t\t\t\t\t\t\t<p>Darrere dels absis emergeix la torre rom\u00e0nica adossada al que va ser el recinte moss\u00e0rab abans de la primera ampliaci\u00f3 rom\u00e0nica. De cos quadrangular mass\u00eds i una finestra per costat de triple arquet, sense decoracions, i la part alta petites obertures per a les campanes. Al costat el mur que sobresurt de la planta de la segona ampliaci\u00f3 rom\u00e0nica i la posterior coberta g\u00f2tica, amb una espadanya del segle XVI a l&#8217;estil cistercenc.<\/p>\t\t\t\t\t\t\t\t<\/div>\n\t\t\t\t<\/div>\n\t\t\t\t<div class=\"elementor-element elementor-element-24cfe8f2 elementor-widget elementor-widget-image\" data-id=\"24cfe8f2\" data-element_type=\"widget\" data-e-type=\"widget\" data-widget_type=\"image.default\">\n\t\t\t\t<div class=\"elementor-widget-container\">\n\t\t\t\t\t\t\t\t\t\t\t\t<figure class=\"wp-caption\">\n\t\t\t\t\t\t\t\t\t\t<img loading=\"lazy\" decoding=\"async\" width=\"768\" height=\"511\" src=\"https:\/\/www.elturistatranquil.com\/wp-content\/uploads\/F15b-Monasterio-de-Leyre-Navarra-1.jpg\" class=\"attachment-large size-large wp-image-23541\" alt=\"\" srcset=\"https:\/\/www.elturistatranquil.com\/wp-content\/uploads\/F15b-Monasterio-de-Leyre-Navarra-1.jpg 768w, https:\/\/www.elturistatranquil.com\/wp-content\/uploads\/F15b-Monasterio-de-Leyre-Navarra-1-339x226.jpg 339w\" sizes=\"(max-width: 768px) 100vw, 768px\" \/>\t\t\t\t\t\t\t\t\t\t\t<figcaption class=\"widget-image-caption wp-caption-text\"><\/figcaption>\n\t\t\t\t\t\t\t\t\t\t<\/figure>\n\t\t\t\t\t\t\t\t\t<\/div>\n\t\t\t\t<\/div>\n\t\t\t\t<div class=\"elementor-element elementor-element-41795ef1 elementor-widget elementor-widget-text-editor\" data-id=\"41795ef1\" data-element_type=\"widget\" data-e-type=\"widget\" data-widget_type=\"text-editor.default\">\n\t\t\t\t<div class=\"elementor-widget-container\">\n\t\t\t\t\t\t\t\t\t<p>Adossat al costat sud (esquerra) el gran edifici del convent nou, amb la porta d&#8217;entrada a les depend\u00e8ncies dels monjos benedictins.<\/p><p>Una tanca barra el pas per dirigir-se cap al costat sud, a on aboca el convent nou. Un edifici d&#8217;estil aragon\u00e8s de quatre plantes, la superior amb arcades, i un gran r\u00e0fec, com correspon a aquest estil.<\/p>\t\t\t\t\t\t\t\t<\/div>\n\t\t\t\t<\/div>\n\t\t\t\t<div class=\"elementor-element elementor-element-20c9772c elementor-widget elementor-widget-image\" data-id=\"20c9772c\" data-element_type=\"widget\" data-e-type=\"widget\" data-widget_type=\"image.default\">\n\t\t\t\t<div class=\"elementor-widget-container\">\n\t\t\t\t\t\t\t\t\t\t\t\t<figure class=\"wp-caption\">\n\t\t\t\t\t\t\t\t\t\t<img loading=\"lazy\" decoding=\"async\" width=\"768\" height=\"511\" src=\"https:\/\/www.elturistatranquil.com\/wp-content\/uploads\/F16-Monasterio-de-Leyre-Convento-nuevo-1.jpg\" class=\"attachment-large size-large wp-image-23543\" alt=\"\" srcset=\"https:\/\/www.elturistatranquil.com\/wp-content\/uploads\/F16-Monasterio-de-Leyre-Convento-nuevo-1.jpg 768w, https:\/\/www.elturistatranquil.com\/wp-content\/uploads\/F16-Monasterio-de-Leyre-Convento-nuevo-1-339x226.jpg 339w\" sizes=\"(max-width: 768px) 100vw, 768px\" \/>\t\t\t\t\t\t\t\t\t\t\t<figcaption class=\"widget-image-caption wp-caption-text\"><\/figcaption>\n\t\t\t\t\t\t\t\t\t\t<\/figure>\n\t\t\t\t\t\t\t\t\t<\/div>\n\t\t\t\t<\/div>\n\t\t\t\t<div class=\"elementor-element elementor-element-68c610e2 elementor-widget elementor-widget-text-editor\" data-id=\"68c610e2\" data-element_type=\"widget\" data-e-type=\"widget\" data-widget_type=\"text-editor.default\">\n\t\t\t\t<div class=\"elementor-widget-container\">\n\t\t\t\t\t\t\t\t\t<p>A la banda nord (dreta) l&#8217;edifici del primer convent, i actualment convertit en l&#8217;Hostatgeria externa i el restaurant, on t\u00e9 l&#8217;entrada.<\/p>\t\t\t\t\t\t\t\t<\/div>\n\t\t\t\t<\/div>\n\t\t\t\t<div class=\"elementor-element elementor-element-747f0ef5 elementor-widget elementor-widget-image\" data-id=\"747f0ef5\" data-element_type=\"widget\" data-e-type=\"widget\" data-widget_type=\"image.default\">\n\t\t\t\t<div class=\"elementor-widget-container\">\n\t\t\t\t\t\t\t\t\t\t\t\t<figure class=\"wp-caption\">\n\t\t\t\t\t\t\t\t\t\t<img loading=\"lazy\" decoding=\"async\" width=\"768\" height=\"511\" src=\"https:\/\/www.elturistatranquil.com\/wp-content\/uploads\/F17-Monasterio-de-Leyre-Navarra-1.jpg\" class=\"attachment-large size-large wp-image-23545\" alt=\"\" srcset=\"https:\/\/www.elturistatranquil.com\/wp-content\/uploads\/F17-Monasterio-de-Leyre-Navarra-1.jpg 768w, https:\/\/www.elturistatranquil.com\/wp-content\/uploads\/F17-Monasterio-de-Leyre-Navarra-1-339x226.jpg 339w\" sizes=\"(max-width: 768px) 100vw, 768px\" \/>\t\t\t\t\t\t\t\t\t\t\t<figcaption class=\"widget-image-caption wp-caption-text\"><\/figcaption>\n\t\t\t\t\t\t\t\t\t\t<\/figure>\n\t\t\t\t\t\t\t\t\t<\/div>\n\t\t\t\t<\/div>\n\t\t\t\t<div class=\"elementor-element elementor-element-3cb6205 elementor-widget elementor-widget-text-editor\" data-id=\"3cb6205\" data-element_type=\"widget\" data-e-type=\"widget\" data-widget_type=\"text-editor.default\">\n\t\t\t\t<div class=\"elementor-widget-container\">\n\t\t\t\t\t\t\t\t\t<p>Em dirigeixo a l&#8217;ala nord, que correspon amb l&#8217;exterior del primer convent.<\/p><p>A l&#8217;esquerra una torre original, amb un cos d&#8217;edifici adossat cap a l&#8217;est. A l&#8217;extrem dret s&#8217;ha col\u00b7locat una altra torre de nova construcci\u00f3, que no respon a cap element arquitect\u00f2nic preexistent. Com ja s&#8217;ha indicat, aquesta part actualment destinada a hostatgeria externa i la primera planta a restaurant.<\/p>\t\t\t\t\t\t\t\t<\/div>\n\t\t\t\t<\/div>\n\t\t\t\t<div class=\"elementor-element elementor-element-5cc84322 elementor-widget elementor-widget-image\" data-id=\"5cc84322\" data-element_type=\"widget\" data-e-type=\"widget\" data-widget_type=\"image.default\">\n\t\t\t\t<div class=\"elementor-widget-container\">\n\t\t\t\t\t\t\t\t\t\t\t\t<figure class=\"wp-caption\">\n\t\t\t\t\t\t\t\t\t\t<img loading=\"lazy\" decoding=\"async\" width=\"768\" height=\"511\" src=\"https:\/\/www.elturistatranquil.com\/wp-content\/uploads\/F18-Monasterio-de-Leyre-Navarra-1.jpg\" class=\"attachment-large size-large wp-image-23547\" alt=\"\" srcset=\"https:\/\/www.elturistatranquil.com\/wp-content\/uploads\/F18-Monasterio-de-Leyre-Navarra-1.jpg 768w, https:\/\/www.elturistatranquil.com\/wp-content\/uploads\/F18-Monasterio-de-Leyre-Navarra-1-339x226.jpg 339w\" sizes=\"(max-width: 768px) 100vw, 768px\" \/>\t\t\t\t\t\t\t\t\t\t\t<figcaption class=\"widget-image-caption wp-caption-text\"><\/figcaption>\n\t\t\t\t\t\t\t\t\t\t<\/figure>\n\t\t\t\t\t\t\t\t\t<\/div>\n\t\t\t\t<\/div>\n\t\t\t\t<div class=\"elementor-element elementor-element-145d940a elementor-widget elementor-widget-image\" data-id=\"145d940a\" data-element_type=\"widget\" data-e-type=\"widget\" data-widget_type=\"image.default\">\n\t\t\t\t<div class=\"elementor-widget-container\">\n\t\t\t\t\t\t\t\t\t\t\t\t<figure class=\"wp-caption\">\n\t\t\t\t\t\t\t\t\t\t<img loading=\"lazy\" decoding=\"async\" width=\"768\" height=\"511\" src=\"https:\/\/www.elturistatranquil.com\/wp-content\/uploads\/F19-Monasterio-de-Leyre-Navarra-1.jpg\" class=\"attachment-large size-large wp-image-23549\" alt=\"\" srcset=\"https:\/\/www.elturistatranquil.com\/wp-content\/uploads\/F19-Monasterio-de-Leyre-Navarra-1.jpg 768w, https:\/\/www.elturistatranquil.com\/wp-content\/uploads\/F19-Monasterio-de-Leyre-Navarra-1-339x226.jpg 339w\" sizes=\"(max-width: 768px) 100vw, 768px\" \/>\t\t\t\t\t\t\t\t\t\t\t<figcaption class=\"widget-image-caption wp-caption-text\"><\/figcaption>\n\t\t\t\t\t\t\t\t\t\t<\/figure>\n\t\t\t\t\t\t\t\t\t<\/div>\n\t\t\t\t<\/div>\n\t\t\t\t<div class=\"elementor-element elementor-element-74f6572f elementor-widget elementor-widget-text-editor\" data-id=\"74f6572f\" data-element_type=\"widget\" data-e-type=\"widget\" data-widget_type=\"text-editor.default\">\n\t\t\t\t<div class=\"elementor-widget-container\">\n\t\t\t\t\t\t\t\t\t<p>Gir a l&#8217;esquerra pel costat oest i, passat al lateral de l&#8217;hostatgeria, un gran espai obert assenyala el lloc on es trobava el claustre del primer convent, adossat al mur de l&#8217;evangeli de l&#8217;Esgl\u00e9sia.<\/p>\t\t\t\t\t\t\t\t<\/div>\n\t\t\t\t<\/div>\n\t\t\t\t<div class=\"elementor-element elementor-element-4892ae92 elementor-widget elementor-widget-image\" data-id=\"4892ae92\" data-element_type=\"widget\" data-e-type=\"widget\" data-widget_type=\"image.default\">\n\t\t\t\t<div class=\"elementor-widget-container\">\n\t\t\t\t\t\t\t\t\t\t\t\t<figure class=\"wp-caption\">\n\t\t\t\t\t\t\t\t\t\t<img loading=\"lazy\" decoding=\"async\" width=\"768\" height=\"511\" src=\"https:\/\/www.elturistatranquil.com\/wp-content\/uploads\/F20-Monasterio-de-Leyre-Navarra-1.jpg\" class=\"attachment-large size-large wp-image-23551\" alt=\"\" srcset=\"https:\/\/www.elturistatranquil.com\/wp-content\/uploads\/F20-Monasterio-de-Leyre-Navarra-1.jpg 768w, https:\/\/www.elturistatranquil.com\/wp-content\/uploads\/F20-Monasterio-de-Leyre-Navarra-1-339x226.jpg 339w\" sizes=\"(max-width: 768px) 100vw, 768px\" \/>\t\t\t\t\t\t\t\t\t\t\t<figcaption class=\"widget-image-caption wp-caption-text\"><\/figcaption>\n\t\t\t\t\t\t\t\t\t\t<\/figure>\n\t\t\t\t\t\t\t\t\t<\/div>\n\t\t\t\t<\/div>\n\t\t\t\t<div class=\"elementor-element elementor-element-5d768ee8 elementor-widget elementor-widget-text-editor\" data-id=\"5d768ee8\" data-element_type=\"widget\" data-e-type=\"widget\" data-widget_type=\"text-editor.default\">\n\t\t\t\t<div class=\"elementor-widget-container\">\n\t\t\t\t\t\t\t\t\t<p>No queda cap resta d&#8217;aquest claustre, i nom\u00e9s un gran arcbotant i contraforts de l&#8217;\u00e8poca en qu\u00e8 es va construir la coberta trigo g\u00f2tica.<\/p><p>\u00a0Al fons la porta rom\u00e0nica que unia el claustre amb el recinte del temple.<\/p>\t\t\t\t\t\t\t\t<\/div>\n\t\t\t\t<\/div>\n\t\t\t\t<div class=\"elementor-element elementor-element-41dac27c elementor-widget elementor-widget-image\" data-id=\"41dac27c\" data-element_type=\"widget\" data-e-type=\"widget\" data-widget_type=\"image.default\">\n\t\t\t\t<div class=\"elementor-widget-container\">\n\t\t\t\t\t\t\t\t\t\t\t\t<figure class=\"wp-caption\">\n\t\t\t\t\t\t\t\t\t\t<img loading=\"lazy\" decoding=\"async\" width=\"768\" height=\"512\" src=\"https:\/\/www.elturistatranquil.com\/wp-content\/uploads\/F21a-Monasterio-de-Leyre-Navarra-1.jpg\" class=\"attachment-large size-large wp-image-23553\" alt=\"\" srcset=\"https:\/\/www.elturistatranquil.com\/wp-content\/uploads\/F21a-Monasterio-de-Leyre-Navarra-1.jpg 768w, https:\/\/www.elturistatranquil.com\/wp-content\/uploads\/F21a-Monasterio-de-Leyre-Navarra-1-339x226.jpg 339w\" sizes=\"(max-width: 768px) 100vw, 768px\" \/>\t\t\t\t\t\t\t\t\t\t\t<figcaption class=\"widget-image-caption wp-caption-text\"><\/figcaption>\n\t\t\t\t\t\t\t\t\t\t<\/figure>\n\t\t\t\t\t\t\t\t\t<\/div>\n\t\t\t\t<\/div>\n\t\t\t\t<div class=\"elementor-element elementor-element-41f981bc elementor-widget elementor-widget-text-editor\" data-id=\"41f981bc\" data-element_type=\"widget\" data-e-type=\"widget\" data-widget_type=\"text-editor.default\">\n\t\t\t\t<div class=\"elementor-widget-container\">\n\t\t\t\t\t\t\t\t\t<p>La porta comunicava el temple amb el convent antic. \u00c9s d&#8217;arc de mig punt i el m\u00e9s particular s\u00f3n els dos arcs que es recolzen en un sol capitell.<\/p>\t\t\t\t\t\t\t\t<\/div>\n\t\t\t\t<\/div>\n\t\t\t\t<div class=\"elementor-element elementor-element-6fb33690 elementor-widget elementor-widget-image\" data-id=\"6fb33690\" data-element_type=\"widget\" data-e-type=\"widget\" data-widget_type=\"image.default\">\n\t\t\t\t<div class=\"elementor-widget-container\">\n\t\t\t\t\t\t\t\t\t\t\t\t<figure class=\"wp-caption\">\n\t\t\t\t\t\t\t\t\t\t<img loading=\"lazy\" decoding=\"async\" width=\"366\" height=\"550\" src=\"https:\/\/www.elturistatranquil.com\/wp-content\/uploads\/F21b-Monasterio-de-Leyre-Navarra-1.jpg\" class=\"attachment-large size-large wp-image-23555\" alt=\"\" srcset=\"https:\/\/www.elturistatranquil.com\/wp-content\/uploads\/F21b-Monasterio-de-Leyre-Navarra-1.jpg 366w, https:\/\/www.elturistatranquil.com\/wp-content\/uploads\/F21b-Monasterio-de-Leyre-Navarra-1-150x226.jpg 150w\" sizes=\"(max-width: 366px) 100vw, 366px\" \/>\t\t\t\t\t\t\t\t\t\t\t<figcaption class=\"widget-image-caption wp-caption-text\"><\/figcaption>\n\t\t\t\t\t\t\t\t\t\t<\/figure>\n\t\t\t\t\t\t\t\t\t<\/div>\n\t\t\t\t<\/div>\n\t\t\t\t<div class=\"elementor-element elementor-element-27f76540 elementor-widget elementor-widget-text-editor\" data-id=\"27f76540\" data-element_type=\"widget\" data-e-type=\"widget\" data-widget_type=\"text-editor.default\">\n\t\t\t\t<div class=\"elementor-widget-container\">\n\t\t\t\t\t\t\t\t\t<p>L&#8217;edificaci\u00f3 que tanca els costats est i nord d&#8217;aquest espai corresponia a les depend\u00e8ncies conventuals, i adaptades a l&#8217;Hostatgeria externa.<\/p>\t\t\t\t\t\t\t\t<\/div>\n\t\t\t\t<\/div>\n\t\t\t\t<div class=\"elementor-element elementor-element-62dfb8bd elementor-widget elementor-widget-image\" data-id=\"62dfb8bd\" data-element_type=\"widget\" data-e-type=\"widget\" data-widget_type=\"image.default\">\n\t\t\t\t<div class=\"elementor-widget-container\">\n\t\t\t\t\t\t\t\t\t\t\t\t<figure class=\"wp-caption\">\n\t\t\t\t\t\t\t\t\t\t<img loading=\"lazy\" decoding=\"async\" width=\"768\" height=\"511\" src=\"https:\/\/www.elturistatranquil.com\/wp-content\/uploads\/F22a-Monasterio-de-Leyre-Navarra-1.jpg\" class=\"attachment-large size-large wp-image-23557\" alt=\"\" srcset=\"https:\/\/www.elturistatranquil.com\/wp-content\/uploads\/F22a-Monasterio-de-Leyre-Navarra-1.jpg 768w, https:\/\/www.elturistatranquil.com\/wp-content\/uploads\/F22a-Monasterio-de-Leyre-Navarra-1-339x226.jpg 339w\" sizes=\"(max-width: 768px) 100vw, 768px\" \/>\t\t\t\t\t\t\t\t\t\t\t<figcaption class=\"widget-image-caption wp-caption-text\"><\/figcaption>\n\t\t\t\t\t\t\t\t\t\t<\/figure>\n\t\t\t\t\t\t\t\t\t<\/div>\n\t\t\t\t<\/div>\n\t\t\t\t<div class=\"elementor-element elementor-element-1df451c3 elementor-widget elementor-widget-text-editor\" data-id=\"1df451c3\" data-element_type=\"widget\" data-e-type=\"widget\" data-widget_type=\"text-editor.default\">\n\t\t\t\t<div class=\"elementor-widget-container\">\n\t\t\t\t\t\t\t\t\t<p>Aquesta \u00e9s la visi\u00f3 que es t\u00e9 d&#8217;aquest espai des de la sala del restaurant, on vaig menjar molt b\u00e9.<\/p>\t\t\t\t\t\t\t\t<\/div>\n\t\t\t\t<\/div>\n\t\t\t\t<div class=\"elementor-element elementor-element-54a2a982 elementor-widget elementor-widget-image\" data-id=\"54a2a982\" data-element_type=\"widget\" data-e-type=\"widget\" data-widget_type=\"image.default\">\n\t\t\t\t<div class=\"elementor-widget-container\">\n\t\t\t\t\t\t\t\t\t\t\t\t<figure class=\"wp-caption\">\n\t\t\t\t\t\t\t\t\t\t<img loading=\"lazy\" decoding=\"async\" width=\"768\" height=\"512\" src=\"https:\/\/www.elturistatranquil.com\/wp-content\/uploads\/F22b-Monasterio-de-Leyre-Navarra-1.jpg\" class=\"attachment-large size-large wp-image-23559\" alt=\"\" srcset=\"https:\/\/www.elturistatranquil.com\/wp-content\/uploads\/F22b-Monasterio-de-Leyre-Navarra-1.jpg 768w, https:\/\/www.elturistatranquil.com\/wp-content\/uploads\/F22b-Monasterio-de-Leyre-Navarra-1-339x226.jpg 339w\" sizes=\"(max-width: 768px) 100vw, 768px\" \/>\t\t\t\t\t\t\t\t\t\t\t<figcaption class=\"widget-image-caption wp-caption-text\"><\/figcaption>\n\t\t\t\t\t\t\t\t\t\t<\/figure>\n\t\t\t\t\t\t\t\t\t<\/div>\n\t\t\t\t<\/div>\n\t\t\t\t<div class=\"elementor-element elementor-element-77aa9417 elementor-widget elementor-widget-text-editor\" data-id=\"77aa9417\" data-element_type=\"widget\" data-e-type=\"widget\" data-widget_type=\"text-editor.default\">\n\t\t\t\t<div class=\"elementor-widget-container\">\n\t\t\t\t\t\t\t\t\t<p>Els peus del temple acullen la magn\u00edfica portada rom\u00e0nica, l&#8217;anomenada &#8220;Porta Speciosa&#8221;.<\/p>\t\t\t\t\t\t\t\t<\/div>\n\t\t\t\t<\/div>\n\t\t\t\t<div class=\"elementor-element elementor-element-8edc50e elementor-widget elementor-widget-image\" data-id=\"8edc50e\" data-element_type=\"widget\" data-e-type=\"widget\" data-widget_type=\"image.default\">\n\t\t\t\t<div class=\"elementor-widget-container\">\n\t\t\t\t\t\t\t\t\t\t\t\t<figure class=\"wp-caption\">\n\t\t\t\t\t\t\t\t\t\t<img loading=\"lazy\" decoding=\"async\" width=\"768\" height=\"511\" src=\"https:\/\/www.elturistatranquil.com\/wp-content\/uploads\/F23-Monasterio-de-Leyre-Porta-Speciosa-1.jpg\" class=\"attachment-large size-large wp-image-23561\" alt=\"\" srcset=\"https:\/\/www.elturistatranquil.com\/wp-content\/uploads\/F23-Monasterio-de-Leyre-Porta-Speciosa-1.jpg 768w, https:\/\/www.elturistatranquil.com\/wp-content\/uploads\/F23-Monasterio-de-Leyre-Porta-Speciosa-1-339x226.jpg 339w\" sizes=\"(max-width: 768px) 100vw, 768px\" \/>\t\t\t\t\t\t\t\t\t\t\t<figcaption class=\"widget-image-caption wp-caption-text\"><\/figcaption>\n\t\t\t\t\t\t\t\t\t\t<\/figure>\n\t\t\t\t\t\t\t\t\t<\/div>\n\t\t\t\t<\/div>\n\t\t\t\t<div class=\"elementor-element elementor-element-2e90c801 elementor-widget elementor-widget-menu-anchor\" data-id=\"2e90c801\" data-element_type=\"widget\" data-e-type=\"widget\" data-widget_type=\"menu-anchor.default\">\n\t\t\t\t<div class=\"elementor-widget-container\">\n\t\t\t\t\t\t\t<div class=\"elementor-menu-anchor\" id=\"b3706\"><\/div>\n\t\t\t\t\t\t<\/div>\n\t\t\t\t<\/div>\n\t\t\t\t<div class=\"elementor-element elementor-element-6361c469 elementor-widget elementor-widget-menu-anchor\" data-id=\"6361c469\" data-element_type=\"widget\" data-e-type=\"widget\" data-widget_type=\"menu-anchor.default\">\n\t\t\t\t<div class=\"elementor-widget-container\">\n\t\t\t\t\t\t\t<div class=\"elementor-menu-anchor\" id=\"b3707\"><\/div>\n\t\t\t\t\t\t<\/div>\n\t\t\t\t<\/div>\n\t\t\t\t<div class=\"elementor-element elementor-element-d33d4ca elementor-widget elementor-widget-text-editor\" data-id=\"d33d4ca\" data-element_type=\"widget\" data-e-type=\"widget\" data-widget_type=\"text-editor.default\">\n\t\t\t\t<div class=\"elementor-widget-container\">\n\t\t\t\t\t\t\t\t\t<p>En aquest punt s&#8217;acaba el recorregut exterior, ja que una reixa barra el pas cap al recinte del convent nou.<\/p>\t\t\t\t\t\t\t\t<\/div>\n\t\t\t\t<\/div>\n\t\t\t\t<div class=\"elementor-element elementor-element-2b0742ff elementor-widget elementor-widget-heading\" data-id=\"2b0742ff\" data-element_type=\"widget\" data-e-type=\"widget\" data-widget_type=\"heading.default\">\n\t\t\t\t<div class=\"elementor-widget-container\">\n\t\t\t\t\t<h3 class=\"elementor-heading-title elementor-size-default\">El temple<\/h3>\t\t\t\t<\/div>\n\t\t\t\t<\/div>\n\t\t\t\t<div class=\"elementor-element elementor-element-6654e73b elementor-widget elementor-widget-heading\" data-id=\"6654e73b\" data-element_type=\"widget\" data-e-type=\"widget\" data-widget_type=\"heading.default\">\n\t\t\t\t<div class=\"elementor-widget-container\">\n\t\t\t\t\t<h4 class=\"elementor-heading-title elementor-size-default\">Evoluci\u00f3 de l'edifici del temple<\/h4>\t\t\t\t<\/div>\n\t\t\t\t<\/div>\n\t\t\t\t<div class=\"elementor-element elementor-element-1d9f11c9 elementor-widget elementor-widget-text-editor\" data-id=\"1d9f11c9\" data-element_type=\"widget\" data-e-type=\"widget\" data-widget_type=\"text-editor.default\">\n\t\t\t\t<div class=\"elementor-widget-container\">\n\t\t\t\t\t\t\t\t\t<p>\u00c9s el moment de rec\u00f3rrer els elements arquitect\u00f2nics significatius del recinte.<\/p><p>Sabem que en conjunt va evolucionar a trav\u00e9s de quatre etapes, que es reflecteixen clarament a trav\u00e9s de l&#8217;evoluci\u00f3 de la planta del temple.<\/p>\t\t\t\t\t\t\t\t<\/div>\n\t\t\t\t<\/div>\n\t\t\t\t<section class=\"elementor-section elementor-inner-section elementor-element elementor-element-79afc466 elementor-section-boxed elementor-section-height-default elementor-section-height-default\" data-id=\"79afc466\" data-element_type=\"section\" data-e-type=\"section\">\n\t\t\t\t\t\t<div class=\"elementor-container elementor-column-gap-default\">\n\t\t\t\t\t<div class=\"elementor-column elementor-col-100 elementor-inner-column elementor-element elementor-element-52f8918b\" data-id=\"52f8918b\" data-element_type=\"column\" data-e-type=\"column\">\n\t\t\t<div class=\"elementor-widget-wrap elementor-element-populated\">\n\t\t\t\t\t\t<div class=\"elementor-element elementor-element-69d54320 elementor-widget elementor-widget-image\" data-id=\"69d54320\" data-element_type=\"widget\" data-e-type=\"widget\" data-widget_type=\"image.default\">\n\t\t\t\t<div class=\"elementor-widget-container\">\n\t\t\t\t\t\t\t\t\t\t\t\t\t\t\t<img loading=\"lazy\" decoding=\"async\" width=\"768\" height=\"435\" src=\"https:\/\/www.elturistatranquil.com\/wp-content\/uploads\/F24-Monasterio-de-Leyre-Navarra-Alzado-1.jpg\" class=\"attachment-large size-large wp-image-23563\" alt=\"\" srcset=\"https:\/\/www.elturistatranquil.com\/wp-content\/uploads\/F24-Monasterio-de-Leyre-Navarra-Alzado-1.jpg 768w, https:\/\/www.elturistatranquil.com\/wp-content\/uploads\/F24-Monasterio-de-Leyre-Navarra-Alzado-1-339x192.jpg 339w\" sizes=\"(max-width: 768px) 100vw, 768px\" \/>\t\t\t\t\t\t\t\t\t\t\t\t\t\t\t<\/div>\n\t\t\t\t<\/div>\n\t\t\t\t<div class=\"elementor-element elementor-element-35b2315a elementor-widget elementor-widget-image\" data-id=\"35b2315a\" data-element_type=\"widget\" data-e-type=\"widget\" data-widget_type=\"image.default\">\n\t\t\t\t<div class=\"elementor-widget-container\">\n\t\t\t\t\t\t\t\t\t\t\t\t\t\t\t<img loading=\"lazy\" decoding=\"async\" width=\"768\" height=\"334\" src=\"https:\/\/www.elturistatranquil.com\/wp-content\/uploads\/F25-Monasterio-de-Leyre-Navarra-planta-1.jpg\" class=\"attachment-large size-large wp-image-23565\" alt=\"\" srcset=\"https:\/\/www.elturistatranquil.com\/wp-content\/uploads\/F25-Monasterio-de-Leyre-Navarra-planta-1.jpg 768w, https:\/\/www.elturistatranquil.com\/wp-content\/uploads\/F25-Monasterio-de-Leyre-Navarra-planta-1-339x147.jpg 339w\" sizes=\"(max-width: 768px) 100vw, 768px\" \/>\t\t\t\t\t\t\t\t\t\t\t\t\t\t\t<\/div>\n\t\t\t\t<\/div>\n\t\t\t\t\t<\/div>\n\t\t<\/div>\n\t\t\t\t\t<\/div>\n\t\t<\/section>\n\t\t\t\t<section class=\"elementor-section elementor-inner-section elementor-element elementor-element-7d1fc0c2 elementor-section-boxed elementor-section-height-default elementor-section-height-default\" data-id=\"7d1fc0c2\" data-element_type=\"section\" data-e-type=\"section\">\n\t\t\t\t\t\t<div class=\"elementor-container elementor-column-gap-default\">\n\t\t\t\t\t<div class=\"elementor-column elementor-col-50 elementor-inner-column elementor-element elementor-element-7f4639\" data-id=\"7f4639\" data-element_type=\"column\" data-e-type=\"column\">\n\t\t\t<div class=\"elementor-widget-wrap\">\n\t\t\t\t\t\t\t<\/div>\n\t\t<\/div>\n\t\t\t\t<div class=\"elementor-column elementor-col-50 elementor-inner-column elementor-element elementor-element-4443c4a\" data-id=\"4443c4a\" data-element_type=\"column\" data-e-type=\"column\">\n\t\t\t<div class=\"elementor-widget-wrap elementor-element-populated\">\n\t\t\t\t\t\t<div class=\"elementor-element elementor-element-5e763afc elementor-widget elementor-widget-image\" data-id=\"5e763afc\" data-element_type=\"widget\" data-e-type=\"widget\" data-widget_type=\"image.default\">\n\t\t\t\t<div class=\"elementor-widget-container\">\n\t\t\t\t\t\t\t\t\t\t\t\t\t\t\t<img loading=\"lazy\" decoding=\"async\" width=\"351\" height=\"320\" src=\"https:\/\/www.elturistatranquil.com\/wp-content\/uploads\/F26-Monasterio-de-Leyre-Navarra-Cripta-1.jpg\" class=\"attachment-large size-large wp-image-23567\" alt=\"\" srcset=\"https:\/\/www.elturistatranquil.com\/wp-content\/uploads\/F26-Monasterio-de-Leyre-Navarra-Cripta-1.jpg 351w, https:\/\/www.elturistatranquil.com\/wp-content\/uploads\/F26-Monasterio-de-Leyre-Navarra-Cripta-1-248x226.jpg 248w\" sizes=\"(max-width: 351px) 100vw, 351px\" \/>\t\t\t\t\t\t\t\t\t\t\t\t\t\t\t<\/div>\n\t\t\t\t<\/div>\n\t\t\t\t\t<\/div>\n\t\t<\/div>\n\t\t\t\t\t<\/div>\n\t\t<\/section>\n\t\t\t\t<div class=\"elementor-element elementor-element-4c3256d7 elementor-widget elementor-widget-text-editor\" data-id=\"4c3256d7\" data-element_type=\"widget\" data-e-type=\"widget\" data-widget_type=\"text-editor.default\">\n\t\t\t\t<div class=\"elementor-widget-container\">\n\t\t\t\t\t\t\t\t\t<p>La vida mon\u00e0stica es va iniciar a partir d&#8217;una Esgl\u00e9sia carol\u00edngia o moss\u00e0rab (zona en blau) de <a href=\"https:\/\/www.elturistatranquil.com\/ca\/esglesies-monestirs-i-ordres-religioses-a-ledat-mitjana\/\" target=\"_blank\" rel=\"noopener\">planta basilical<\/a> amb tres naus.<\/p><p>En 1058 es consagra una primera ampliaci\u00f3 rom\u00e0nica (<strong>R1<\/strong>) amb la construcci\u00f3 dels absis rom\u00e0nics que allarguen el temple en direcci\u00f3 cap a l&#8217;est (zona en negre).<\/p><p>Com sembla que havia de superar un desnivell del terreny, es va construir la cripta (<strong>C<\/strong>) per suportar els absis (tamb\u00e9 en negre en el dibuix inferior).<\/p><p>La import\u00e0ncia que adquireix el monestir porta a una segona ampliaci\u00f3 rom\u00e0nica (<strong>R2<\/strong>). Per a aix\u00f2 s&#8217;enderroca el temple moss\u00e0rab i se substitueix per una construcci\u00f3 d&#8217;una sola nau, prolongaci\u00f3 dels murs exteriors dels absis de quatre cossos, amb una amplada de 14 metres, amb la portada principal als peus (Porta Speciosa).<\/p><p>La planta de l&#8217;esgl\u00e9sia moss\u00e0rab es va posar al descobert durant les obres de restauraci\u00f3 i han quedat enterrades sota el paviment actual.<\/p><p>Al mateix temps es va construir la capella del Sant\u00edssim, per l&#8217;exterior sud, a continuaci\u00f3 de la porta rom\u00e0nica que existiu en aquest lloc.<\/p><p>Al segle XVI se substitueix la coberta de fusta per una volta de creueria dividida en quatre trams (<strong>G<\/strong>), d&#8217;estil tardo g\u00f2tic, refor\u00e7ant els murs, incloent un gran contrafort que sobresurt per l&#8217;exterior, visible a la part nord per\u00f2 no visibles a la part sud, a l&#8217;estar adossada a ella del convent nou. Tamb\u00e9 es va construir la volta de la capella del Sant\u00edssim.<\/p><p>En el que segueix, em limitar\u00e9 a presentar succintament aquestes parts, deixant al lector l&#8217;opci\u00f3 de visitar la p\u00e0gina del professor <em>Oca\u00f1a <\/em>que enlla\u00e7ar\u00e9 al final, molt m\u00e9s rica i documentada que el que podria aportar.<\/p>\t\t\t\t\t\t\t\t<\/div>\n\t\t\t\t<\/div>\n\t\t\t\t<div class=\"elementor-element elementor-element-7a3d0e3f elementor-widget elementor-widget-menu-anchor\" data-id=\"7a3d0e3f\" data-element_type=\"widget\" data-e-type=\"widget\" data-widget_type=\"menu-anchor.default\">\n\t\t\t\t<div class=\"elementor-widget-container\">\n\t\t\t\t\t\t\t<div class=\"elementor-menu-anchor\" id=\"b3708\"><\/div>\n\t\t\t\t\t\t<\/div>\n\t\t\t\t<\/div>\n\t\t\t\t<div class=\"elementor-element elementor-element-14aec02f elementor-widget elementor-widget-heading\" data-id=\"14aec02f\" data-element_type=\"widget\" data-e-type=\"widget\" data-widget_type=\"heading.default\">\n\t\t\t\t<div class=\"elementor-widget-container\">\n\t\t\t\t\t<h4 class=\"elementor-heading-title elementor-size-default\">Cripta<\/h4>\t\t\t\t<\/div>\n\t\t\t\t<\/div>\n\t\t\t\t<div class=\"elementor-element elementor-element-add904c elementor-widget elementor-widget-text-editor\" data-id=\"add904c\" data-element_type=\"widget\" data-e-type=\"widget\" data-widget_type=\"text-editor.default\">\n\t\t\t\t<div class=\"elementor-widget-container\">\n\t\t\t\t\t\t\t\t\t<p>\u00c9s hora d&#8217;utilitzar la clau que m&#8217;han proporcionat a la Recepci\u00f3 de Visitants per entrar en primer lloc a la cripta pel costat est.<\/p>\t\t\t\t\t\t\t\t<\/div>\n\t\t\t\t<\/div>\n\t\t\t\t<div class=\"elementor-element elementor-element-697a826a elementor-widget elementor-widget-image\" data-id=\"697a826a\" data-element_type=\"widget\" data-e-type=\"widget\" data-widget_type=\"image.default\">\n\t\t\t\t<div class=\"elementor-widget-container\">\n\t\t\t\t\t\t\t\t\t\t\t\t<figure class=\"wp-caption\">\n\t\t\t\t\t\t\t\t\t\t<img loading=\"lazy\" decoding=\"async\" width=\"497\" height=\"550\" src=\"https:\/\/www.elturistatranquil.com\/wp-content\/uploads\/F27-Monasterio-de-Leyre-Absides-1.jpg\" class=\"attachment-large size-large wp-image-23569\" alt=\"\" srcset=\"https:\/\/www.elturistatranquil.com\/wp-content\/uploads\/F27-Monasterio-de-Leyre-Absides-1.jpg 497w, https:\/\/www.elturistatranquil.com\/wp-content\/uploads\/F27-Monasterio-de-Leyre-Absides-1-204x226.jpg 204w\" sizes=\"(max-width: 497px) 100vw, 497px\" \/>\t\t\t\t\t\t\t\t\t\t\t<figcaption class=\"widget-image-caption wp-caption-text\"><\/figcaption>\n\t\t\t\t\t\t\t\t\t\t<\/figure>\n\t\t\t\t\t\t\t\t\t<\/div>\n\t\t\t\t<\/div>\n\t\t\t\t<div class=\"elementor-element elementor-element-2a6f2868 elementor-widget elementor-widget-text-editor\" data-id=\"2a6f2868\" data-element_type=\"widget\" data-e-type=\"widget\" data-widget_type=\"text-editor.default\">\n\t\t\t\t<div class=\"elementor-widget-container\">\n\t\t\t\t\t\t\t\t\t<p>Les quatre obertures inferiors corresponen a la cripta i tres superiors als absis del temple.<\/p><p>El passad\u00eds d&#8217;entrada condu\u00efa a les depend\u00e8ncies del primer convent. A l&#8217;esquerra s&#8217;obre una porta que baixa fins a la cripta.<\/p>\t\t\t\t\t\t\t\t<\/div>\n\t\t\t\t<\/div>\n\t\t\t\t<div class=\"elementor-element elementor-element-79e33b2e elementor-widget elementor-widget-image\" data-id=\"79e33b2e\" data-element_type=\"widget\" data-e-type=\"widget\" data-widget_type=\"image.default\">\n\t\t\t\t<div class=\"elementor-widget-container\">\n\t\t\t\t\t\t\t\t\t\t\t\t<figure class=\"wp-caption\">\n\t\t\t\t\t\t\t\t\t\t<img loading=\"lazy\" decoding=\"async\" width=\"768\" height=\"511\" src=\"https:\/\/www.elturistatranquil.com\/wp-content\/uploads\/F28-Monasterio-de-Leyre-Cripta-1.jpg\" class=\"attachment-large size-large wp-image-23571\" alt=\"\" srcset=\"https:\/\/www.elturistatranquil.com\/wp-content\/uploads\/F28-Monasterio-de-Leyre-Cripta-1.jpg 768w, https:\/\/www.elturistatranquil.com\/wp-content\/uploads\/F28-Monasterio-de-Leyre-Cripta-1-339x226.jpg 339w\" sizes=\"(max-width: 768px) 100vw, 768px\" \/>\t\t\t\t\t\t\t\t\t\t\t<figcaption class=\"widget-image-caption wp-caption-text\"><\/figcaption>\n\t\t\t\t\t\t\t\t\t\t<\/figure>\n\t\t\t\t\t\t\t\t\t<\/div>\n\t\t\t\t<\/div>\n\t\t\t\t<div class=\"elementor-element elementor-element-59b2fdd4 elementor-widget elementor-widget-image\" data-id=\"59b2fdd4\" data-element_type=\"widget\" data-e-type=\"widget\" data-widget_type=\"image.default\">\n\t\t\t\t<div class=\"elementor-widget-container\">\n\t\t\t\t\t\t\t\t\t\t\t\t<figure class=\"wp-caption\">\n\t\t\t\t\t\t\t\t\t\t<img loading=\"lazy\" decoding=\"async\" width=\"768\" height=\"511\" src=\"https:\/\/www.elturistatranquil.com\/wp-content\/uploads\/F29-Monasterio-de-Leyre-Cripta-1.jpg\" class=\"attachment-large size-large wp-image-23573\" alt=\"\" srcset=\"https:\/\/www.elturistatranquil.com\/wp-content\/uploads\/F29-Monasterio-de-Leyre-Cripta-1.jpg 768w, https:\/\/www.elturistatranquil.com\/wp-content\/uploads\/F29-Monasterio-de-Leyre-Cripta-1-339x226.jpg 339w\" sizes=\"(max-width: 768px) 100vw, 768px\" \/>\t\t\t\t\t\t\t\t\t\t\t<figcaption class=\"widget-image-caption wp-caption-text\"><\/figcaption>\n\t\t\t\t\t\t\t\t\t\t<\/figure>\n\t\t\t\t\t\t\t\t\t<\/div>\n\t\t\t\t<\/div>\n\t\t\t\t<div class=\"elementor-element elementor-element-5b3c6dd elementor-widget elementor-widget-image\" data-id=\"5b3c6dd\" data-element_type=\"widget\" data-e-type=\"widget\" data-widget_type=\"image.default\">\n\t\t\t\t<div class=\"elementor-widget-container\">\n\t\t\t\t\t\t\t\t\t\t\t\t<figure class=\"wp-caption\">\n\t\t\t\t\t\t\t\t\t\t<img loading=\"lazy\" decoding=\"async\" width=\"768\" height=\"511\" src=\"https:\/\/www.elturistatranquil.com\/wp-content\/uploads\/F30-Monasterio-de-Leyre-Cripta-1.jpg\" class=\"attachment-large size-large wp-image-23575\" alt=\"\" srcset=\"https:\/\/www.elturistatranquil.com\/wp-content\/uploads\/F30-Monasterio-de-Leyre-Cripta-1.jpg 768w, https:\/\/www.elturistatranquil.com\/wp-content\/uploads\/F30-Monasterio-de-Leyre-Cripta-1-339x226.jpg 339w\" sizes=\"(max-width: 768px) 100vw, 768px\" \/>\t\t\t\t\t\t\t\t\t\t\t<figcaption class=\"widget-image-caption wp-caption-text\"><\/figcaption>\n\t\t\t\t\t\t\t\t\t\t<\/figure>\n\t\t\t\t\t\t\t\t\t<\/div>\n\t\t\t\t<\/div>\n\t\t\t\t<div class=\"elementor-element elementor-element-62f6863e elementor-widget elementor-widget-text-editor\" data-id=\"62f6863e\" data-element_type=\"widget\" data-e-type=\"widget\" data-widget_type=\"text-editor.default\">\n\t\t\t\t<div class=\"elementor-widget-container\">\n\t\t\t\t\t\t\t\t\t<p>La cripta divideix en dues parts cadascun dels trams del temple per aix\u00ed refor\u00e7ar el seu paper de suport.<\/p><p>Les columnes de poca al\u00e7ada, i en elles es recolzen els capitells sobre els quals s&#8217;assenten els arcs.<\/p><p>\u00c9s interessant observar el diferent tractament de l&#8217;embelliment dels capitells. M\u00e9s treballats els de les dues files m\u00e9s properes a la cap\u00e7alera, i sense elaborar els posteriors.<\/p><p>No sembla que hi hagu\u00e9s una gran preocupaci\u00f3 est\u00e8tica, sin\u00f3 m\u00e9s aviat funcional.<\/p><p>Per\u00f2 el resultat impressiona, potser m\u00e9s per la seva tosquedat.<\/p>\t\t\t\t\t\t\t\t<\/div>\n\t\t\t\t<\/div>\n\t\t\t\t<div class=\"elementor-element elementor-element-72979275 elementor-widget elementor-widget-image\" data-id=\"72979275\" data-element_type=\"widget\" data-e-type=\"widget\" data-widget_type=\"image.default\">\n\t\t\t\t<div class=\"elementor-widget-container\">\n\t\t\t\t\t\t\t\t\t\t\t\t<figure class=\"wp-caption\">\n\t\t\t\t\t\t\t\t\t\t<img loading=\"lazy\" decoding=\"async\" width=\"768\" height=\"511\" src=\"https:\/\/www.elturistatranquil.com\/wp-content\/uploads\/F31-Monasterio-de-Leyre-Cripta-1.jpg\" class=\"attachment-large size-large wp-image-23577\" alt=\"\" srcset=\"https:\/\/www.elturistatranquil.com\/wp-content\/uploads\/F31-Monasterio-de-Leyre-Cripta-1.jpg 768w, https:\/\/www.elturistatranquil.com\/wp-content\/uploads\/F31-Monasterio-de-Leyre-Cripta-1-339x226.jpg 339w\" sizes=\"(max-width: 768px) 100vw, 768px\" \/>\t\t\t\t\t\t\t\t\t\t\t<figcaption class=\"widget-image-caption wp-caption-text\"><\/figcaption>\n\t\t\t\t\t\t\t\t\t\t<\/figure>\n\t\t\t\t\t\t\t\t\t<\/div>\n\t\t\t\t<\/div>\n\t\t\t\t<div class=\"elementor-element elementor-element-4efef17f elementor-widget elementor-widget-image\" data-id=\"4efef17f\" data-element_type=\"widget\" data-e-type=\"widget\" data-widget_type=\"image.default\">\n\t\t\t\t<div class=\"elementor-widget-container\">\n\t\t\t\t\t\t\t\t\t\t\t\t<figure class=\"wp-caption\">\n\t\t\t\t\t\t\t\t\t\t<img loading=\"lazy\" decoding=\"async\" width=\"768\" height=\"511\" src=\"https:\/\/www.elturistatranquil.com\/wp-content\/uploads\/F32-Monasterio-de-Leyre-Cripta-1.jpg\" class=\"attachment-large size-large wp-image-23579\" alt=\"\" srcset=\"https:\/\/www.elturistatranquil.com\/wp-content\/uploads\/F32-Monasterio-de-Leyre-Cripta-1.jpg 768w, https:\/\/www.elturistatranquil.com\/wp-content\/uploads\/F32-Monasterio-de-Leyre-Cripta-1-339x226.jpg 339w\" sizes=\"(max-width: 768px) 100vw, 768px\" \/>\t\t\t\t\t\t\t\t\t\t\t<figcaption class=\"widget-image-caption wp-caption-text\"><\/figcaption>\n\t\t\t\t\t\t\t\t\t\t<\/figure>\n\t\t\t\t\t\t\t\t\t<\/div>\n\t\t\t\t<\/div>\n\t\t\t\t<section class=\"elementor-section elementor-inner-section elementor-element elementor-element-64544517 elementor-section-boxed elementor-section-height-default elementor-section-height-default\" data-id=\"64544517\" data-element_type=\"section\" data-e-type=\"section\">\n\t\t\t\t\t\t<div class=\"elementor-container elementor-column-gap-default\">\n\t\t\t\t\t<div class=\"elementor-column elementor-col-50 elementor-inner-column elementor-element elementor-element-12411f65\" data-id=\"12411f65\" data-element_type=\"column\" data-e-type=\"column\">\n\t\t\t<div class=\"elementor-widget-wrap elementor-element-populated\">\n\t\t\t\t\t\t<div class=\"elementor-element elementor-element-3a377399 elementor-widget elementor-widget-image\" data-id=\"3a377399\" data-element_type=\"widget\" data-e-type=\"widget\" data-widget_type=\"image.default\">\n\t\t\t\t<div class=\"elementor-widget-container\">\n\t\t\t\t\t\t\t\t\t\t\t\t\t\t\t<img loading=\"lazy\" decoding=\"async\" width=\"366\" height=\"550\" src=\"https:\/\/www.elturistatranquil.com\/wp-content\/uploads\/F33m-Monasterio-de-Leyre-Cripta-2.jpg\" class=\"attachment-large size-large wp-image-23581\" alt=\"\" srcset=\"https:\/\/www.elturistatranquil.com\/wp-content\/uploads\/F33m-Monasterio-de-Leyre-Cripta-2.jpg 366w, https:\/\/www.elturistatranquil.com\/wp-content\/uploads\/F33m-Monasterio-de-Leyre-Cripta-2-150x226.jpg 150w\" sizes=\"(max-width: 366px) 100vw, 366px\" \/>\t\t\t\t\t\t\t\t\t\t\t\t\t\t\t<\/div>\n\t\t\t\t<\/div>\n\t\t\t\t\t<\/div>\n\t\t<\/div>\n\t\t\t\t<div class=\"elementor-column elementor-col-50 elementor-inner-column elementor-element elementor-element-6b0cfef9\" data-id=\"6b0cfef9\" data-element_type=\"column\" data-e-type=\"column\">\n\t\t\t<div class=\"elementor-widget-wrap elementor-element-populated\">\n\t\t\t\t\t\t<div class=\"elementor-element elementor-element-5697d29a elementor-widget elementor-widget-image\" data-id=\"5697d29a\" data-element_type=\"widget\" data-e-type=\"widget\" data-widget_type=\"image.default\">\n\t\t\t\t<div class=\"elementor-widget-container\">\n\t\t\t\t\t\t\t\t\t\t\t\t\t\t\t<img loading=\"lazy\" decoding=\"async\" width=\"366\" height=\"550\" src=\"https:\/\/www.elturistatranquil.com\/wp-content\/uploads\/F33n-Monasterio-de-Leyre-Cripta-1.jpg\" class=\"attachment-large size-large wp-image-23583\" alt=\"\" srcset=\"https:\/\/www.elturistatranquil.com\/wp-content\/uploads\/F33n-Monasterio-de-Leyre-Cripta-1.jpg 366w, https:\/\/www.elturistatranquil.com\/wp-content\/uploads\/F33n-Monasterio-de-Leyre-Cripta-1-150x226.jpg 150w\" sizes=\"(max-width: 366px) 100vw, 366px\" \/>\t\t\t\t\t\t\t\t\t\t\t\t\t\t\t<\/div>\n\t\t\t\t<\/div>\n\t\t\t\t\t<\/div>\n\t\t<\/div>\n\t\t\t\t\t<\/div>\n\t\t<\/section>\n\t\t\t\t<div class=\"elementor-element elementor-element-4c6d1587 elementor-widget elementor-widget-image\" data-id=\"4c6d1587\" data-element_type=\"widget\" data-e-type=\"widget\" data-widget_type=\"image.default\">\n\t\t\t\t<div class=\"elementor-widget-container\">\n\t\t\t\t\t\t\t\t\t\t\t\t<figure class=\"wp-caption\">\n\t\t\t\t\t\t\t\t\t\t<img loading=\"lazy\" decoding=\"async\" width=\"768\" height=\"514\" src=\"https:\/\/www.elturistatranquil.com\/wp-content\/uploads\/F34-Monasterio-de-Leyre-Cripta-1.jpg\" class=\"attachment-large size-large wp-image-23585\" alt=\"\" srcset=\"https:\/\/www.elturistatranquil.com\/wp-content\/uploads\/F34-Monasterio-de-Leyre-Cripta-1.jpg 768w, https:\/\/www.elturistatranquil.com\/wp-content\/uploads\/F34-Monasterio-de-Leyre-Cripta-1-339x226.jpg 339w\" sizes=\"(max-width: 768px) 100vw, 768px\" \/>\t\t\t\t\t\t\t\t\t\t\t<figcaption class=\"widget-image-caption wp-caption-text\"><\/figcaption>\n\t\t\t\t\t\t\t\t\t\t<\/figure>\n\t\t\t\t\t\t\t\t\t<\/div>\n\t\t\t\t<\/div>\n\t\t\t\t<div class=\"elementor-element elementor-element-68ab45f3 elementor-widget elementor-widget-text-editor\" data-id=\"68ab45f3\" data-element_type=\"widget\" data-e-type=\"widget\" data-widget_type=\"text-editor.default\">\n\t\t\t\t<div class=\"elementor-widget-container\">\n\t\t\t\t\t\t\t\t\t<p>Al fons del passad\u00eds d&#8217;entrada s&#8217;obre, a l&#8217;esquerra, per darrera de la cripta, el t\u00fanel de Sant Virila del segle XI, avui sense sortida, que porta cap al sud, on, abans del convent nou, devia situar-se la porteria i l&#8217;hostatgeria.<\/p><p>Al fons del t\u00fanel s&#8217;ha col\u00b7locat una imatge de Sant Virila del segle XVIII.<\/p>\t\t\t\t\t\t\t\t<\/div>\n\t\t\t\t<\/div>\n\t\t\t\t<div class=\"elementor-element elementor-element-f7c04f4 elementor-widget elementor-widget-image\" data-id=\"f7c04f4\" data-element_type=\"widget\" data-e-type=\"widget\" data-widget_type=\"image.default\">\n\t\t\t\t<div class=\"elementor-widget-container\">\n\t\t\t\t\t\t\t\t\t\t\t\t<figure class=\"wp-caption\">\n\t\t\t\t\t\t\t\t\t\t<img loading=\"lazy\" decoding=\"async\" width=\"768\" height=\"511\" src=\"https:\/\/www.elturistatranquil.com\/wp-content\/uploads\/F35-Monasterio-de-Leyre-Tunel-de-San-Virila-1.jpg\" class=\"attachment-large size-large wp-image-23587\" alt=\"\" srcset=\"https:\/\/www.elturistatranquil.com\/wp-content\/uploads\/F35-Monasterio-de-Leyre-Tunel-de-San-Virila-1.jpg 768w, https:\/\/www.elturistatranquil.com\/wp-content\/uploads\/F35-Monasterio-de-Leyre-Tunel-de-San-Virila-1-339x226.jpg 339w\" sizes=\"(max-width: 768px) 100vw, 768px\" \/>\t\t\t\t\t\t\t\t\t\t\t<figcaption class=\"widget-image-caption wp-caption-text\"><\/figcaption>\n\t\t\t\t\t\t\t\t\t\t<\/figure>\n\t\t\t\t\t\t\t\t\t<\/div>\n\t\t\t\t<\/div>\n\t\t\t\t<div class=\"elementor-element elementor-element-57038255 elementor-widget elementor-widget-menu-anchor\" data-id=\"57038255\" data-element_type=\"widget\" data-e-type=\"widget\" data-widget_type=\"menu-anchor.default\">\n\t\t\t\t<div class=\"elementor-widget-container\">\n\t\t\t\t\t\t\t<div class=\"elementor-menu-anchor\" id=\"b3709\"><\/div>\n\t\t\t\t\t\t<\/div>\n\t\t\t\t<\/div>\n\t\t\t\t<div class=\"elementor-element elementor-element-6ca2d1ca elementor-widget elementor-widget-image\" data-id=\"6ca2d1ca\" data-element_type=\"widget\" data-e-type=\"widget\" data-widget_type=\"image.default\">\n\t\t\t\t<div class=\"elementor-widget-container\">\n\t\t\t\t\t\t\t\t\t\t\t\t<figure class=\"wp-caption\">\n\t\t\t\t\t\t\t\t\t\t<img loading=\"lazy\" decoding=\"async\" width=\"768\" height=\"512\" src=\"https:\/\/www.elturistatranquil.com\/wp-content\/uploads\/F36-Monasterio-de-Leyre-Tunel-de-San-Virila-1.jpg\" class=\"attachment-large size-large wp-image-23589\" alt=\"\" srcset=\"https:\/\/www.elturistatranquil.com\/wp-content\/uploads\/F36-Monasterio-de-Leyre-Tunel-de-San-Virila-1.jpg 768w, https:\/\/www.elturistatranquil.com\/wp-content\/uploads\/F36-Monasterio-de-Leyre-Tunel-de-San-Virila-1-339x226.jpg 339w\" sizes=\"(max-width: 768px) 100vw, 768px\" \/>\t\t\t\t\t\t\t\t\t\t\t<figcaption class=\"widget-image-caption wp-caption-text\"><\/figcaption>\n\t\t\t\t\t\t\t\t\t\t<\/figure>\n\t\t\t\t\t\t\t\t\t<\/div>\n\t\t\t\t<\/div>\n\t\t\t\t<div class=\"elementor-element elementor-element-2d50abd4 elementor-widget elementor-widget-heading\" data-id=\"2d50abd4\" data-element_type=\"widget\" data-e-type=\"widget\" data-widget_type=\"heading.default\">\n\t\t\t\t<div class=\"elementor-widget-container\">\n\t\t\t\t\t<h4 class=\"elementor-heading-title elementor-size-default\">Porta Speciosa<\/h4>\t\t\t\t<\/div>\n\t\t\t\t<\/div>\n\t\t\t\t<div class=\"elementor-element elementor-element-1c70eab5 elementor-widget elementor-widget-text-editor\" data-id=\"1c70eab5\" data-element_type=\"widget\" data-e-type=\"widget\" data-widget_type=\"text-editor.default\">\n\t\t\t\t<div class=\"elementor-widget-container\">\n\t\t\t\t\t\t\t\t\t<p>Seguint el recorregut, encara que no sigui en ordre cronol\u00f2gic, em dirigir\u00e9 al temple, amb l&#8217;entrada al costat oposat a la cripta, als peus a la banda de ponent.<\/p><p>El p\u00f2rtic principal el constitueix la &#8220;Porta Speciosa&#8221;, que seria l&#8217;obra final de la segona ampliaci\u00f3 rom\u00e0nica del primer ter\u00e7 del segle XII.<\/p><p>Unes escalinates ascendeixen fins a la portada.<\/p>\t\t\t\t\t\t\t\t<\/div>\n\t\t\t\t<\/div>\n\t\t\t\t<div class=\"elementor-element elementor-element-2271f16 elementor-widget elementor-widget-image\" data-id=\"2271f16\" data-element_type=\"widget\" data-e-type=\"widget\" data-widget_type=\"image.default\">\n\t\t\t\t<div class=\"elementor-widget-container\">\n\t\t\t\t\t\t\t\t\t\t\t\t<figure class=\"wp-caption\">\n\t\t\t\t\t\t\t\t\t\t<img loading=\"lazy\" decoding=\"async\" width=\"366\" height=\"550\" src=\"https:\/\/www.elturistatranquil.com\/wp-content\/uploads\/F37-Monasterio-de-Leyre-Porta-Speciosa-1.jpg\" class=\"attachment-large size-large wp-image-23591\" alt=\"\" srcset=\"https:\/\/www.elturistatranquil.com\/wp-content\/uploads\/F37-Monasterio-de-Leyre-Porta-Speciosa-1.jpg 366w, https:\/\/www.elturistatranquil.com\/wp-content\/uploads\/F37-Monasterio-de-Leyre-Porta-Speciosa-1-150x226.jpg 150w\" sizes=\"(max-width: 366px) 100vw, 366px\" \/>\t\t\t\t\t\t\t\t\t\t\t<figcaption class=\"widget-image-caption wp-caption-text\"><\/figcaption>\n\t\t\t\t\t\t\t\t\t\t<\/figure>\n\t\t\t\t\t\t\t\t\t<\/div>\n\t\t\t\t<\/div>\n\t\t\t\t<div class=\"elementor-element elementor-element-09e42cb elementor-widget elementor-widget-text-editor\" data-id=\"09e42cb\" data-element_type=\"widget\" data-e-type=\"widget\" data-widget_type=\"text-editor.default\">\n\t\t\t\t<div class=\"elementor-widget-container\">\n\t\t\t\t\t\t\t\t\t<p>La porta forma part del model de portades rom\u00e0niques que es van realitzar al llarg del Cam\u00ed de Sant Jaume, de les quals el P\u00f2rtic de la Gl\u00f2ria de Santiago de Compostel\u00b7la \u00e9s la m\u00e9s famosa, a la de l&#8217;Esgl\u00e9sia de Santa Maria la Real, de la propera Sang\u00fcesa.<\/p><p>Tres columnes a cada costat de la porta sostenen tres arquivoltes, m\u00e9s una d&#8217;exterior. \u00c9s de doble porta dividida per un mainell amb capitell decorat. Sis figures ocupen el timp\u00e0, i en la part superior un fris.<\/p><p>En total m\u00e9s de dues-centes peces esculpides.<\/p>\t\t\t\t\t\t\t\t<\/div>\n\t\t\t\t<\/div>\n\t\t\t\t<div class=\"elementor-element elementor-element-38d3bd6e elementor-widget elementor-widget-image\" data-id=\"38d3bd6e\" data-element_type=\"widget\" data-e-type=\"widget\" data-widget_type=\"image.default\">\n\t\t\t\t<div class=\"elementor-widget-container\">\n\t\t\t\t\t\t\t\t\t\t\t\t<figure class=\"wp-caption\">\n\t\t\t\t\t\t\t\t\t\t<img loading=\"lazy\" decoding=\"async\" width=\"768\" height=\"512\" src=\"https:\/\/www.elturistatranquil.com\/wp-content\/uploads\/F38-Monasterio-de-Leyre-Porta-Speciosa-1.jpg\" class=\"attachment-large size-large wp-image-23593\" alt=\"\" srcset=\"https:\/\/www.elturistatranquil.com\/wp-content\/uploads\/F38-Monasterio-de-Leyre-Porta-Speciosa-1.jpg 768w, https:\/\/www.elturistatranquil.com\/wp-content\/uploads\/F38-Monasterio-de-Leyre-Porta-Speciosa-1-339x226.jpg 339w\" sizes=\"(max-width: 768px) 100vw, 768px\" \/>\t\t\t\t\t\t\t\t\t\t\t<figcaption class=\"widget-image-caption wp-caption-text\"><\/figcaption>\n\t\t\t\t\t\t\t\t\t\t<\/figure>\n\t\t\t\t\t\t\t\t\t<\/div>\n\t\t\t\t<\/div>\n\t\t\t\t<div class=\"elementor-element elementor-element-2e2baf1f elementor-widget elementor-widget-image\" data-id=\"2e2baf1f\" data-element_type=\"widget\" data-e-type=\"widget\" data-widget_type=\"image.default\">\n\t\t\t\t<div class=\"elementor-widget-container\">\n\t\t\t\t\t\t\t\t\t\t\t\t<figure class=\"wp-caption\">\n\t\t\t\t\t\t\t\t\t\t<img loading=\"lazy\" decoding=\"async\" width=\"768\" height=\"511\" src=\"https:\/\/www.elturistatranquil.com\/wp-content\/uploads\/F39-Monasterio-de-Leyre-Porta-Speciosa-1.jpg\" class=\"attachment-large size-large wp-image-23595\" alt=\"\" srcset=\"https:\/\/www.elturistatranquil.com\/wp-content\/uploads\/F39-Monasterio-de-Leyre-Porta-Speciosa-1.jpg 768w, https:\/\/www.elturistatranquil.com\/wp-content\/uploads\/F39-Monasterio-de-Leyre-Porta-Speciosa-1-339x226.jpg 339w\" sizes=\"(max-width: 768px) 100vw, 768px\" \/>\t\t\t\t\t\t\t\t\t\t\t<figcaption class=\"widget-image-caption wp-caption-text\"><\/figcaption>\n\t\t\t\t\t\t\t\t\t\t<\/figure>\n\t\t\t\t\t\t\t\t\t<\/div>\n\t\t\t\t<\/div>\n\t\t\t\t<div class=\"elementor-element elementor-element-628c1d4c elementor-widget elementor-widget-text-editor\" data-id=\"628c1d4c\" data-element_type=\"widget\" data-e-type=\"widget\" data-widget_type=\"text-editor.default\">\n\t\t\t\t<div class=\"elementor-widget-container\">\n\t\t\t\t\t\t\t\t\t<p>A sobre de la portada un finestral i un matac\u00e0 g\u00f2tics. A continuaci\u00f3, a la dreta, es pot veure l&#8217;inici de l&#8217;edifici del convent nou.<\/p>\t\t\t\t\t\t\t\t<\/div>\n\t\t\t\t<\/div>\n\t\t\t\t<div class=\"elementor-element elementor-element-ff92342 elementor-widget elementor-widget-menu-anchor\" data-id=\"ff92342\" data-element_type=\"widget\" data-e-type=\"widget\" data-widget_type=\"menu-anchor.default\">\n\t\t\t\t<div class=\"elementor-widget-container\">\n\t\t\t\t\t\t\t<div class=\"elementor-menu-anchor\" id=\"b3710\"><\/div>\n\t\t\t\t\t\t<\/div>\n\t\t\t\t<\/div>\n\t\t\t\t<div class=\"elementor-element elementor-element-cc7893a elementor-widget elementor-widget-image\" data-id=\"cc7893a\" data-element_type=\"widget\" data-e-type=\"widget\" data-widget_type=\"image.default\">\n\t\t\t\t<div class=\"elementor-widget-container\">\n\t\t\t\t\t\t\t\t\t\t\t\t<figure class=\"wp-caption\">\n\t\t\t\t\t\t\t\t\t\t<img loading=\"lazy\" decoding=\"async\" width=\"768\" height=\"512\" src=\"https:\/\/www.elturistatranquil.com\/wp-content\/uploads\/F40-Monasterio-de-Leyre-Porta-Speciosa-1.jpg\" class=\"attachment-large size-large wp-image-23597\" alt=\"\" srcset=\"https:\/\/www.elturistatranquil.com\/wp-content\/uploads\/F40-Monasterio-de-Leyre-Porta-Speciosa-1.jpg 768w, https:\/\/www.elturistatranquil.com\/wp-content\/uploads\/F40-Monasterio-de-Leyre-Porta-Speciosa-1-339x226.jpg 339w\" sizes=\"(max-width: 768px) 100vw, 768px\" \/>\t\t\t\t\t\t\t\t\t\t\t<figcaption class=\"widget-image-caption wp-caption-text\"><\/figcaption>\n\t\t\t\t\t\t\t\t\t\t<\/figure>\n\t\t\t\t\t\t\t\t\t<\/div>\n\t\t\t\t<\/div>\n\t\t\t\t<div class=\"elementor-element elementor-element-f34566f elementor-widget elementor-widget-heading\" data-id=\"f34566f\" data-element_type=\"widget\" data-e-type=\"widget\" data-widget_type=\"heading.default\">\n\t\t\t\t<div class=\"elementor-widget-container\">\n\t\t\t\t\t<h4 class=\"elementor-heading-title elementor-size-default\">Interior del temple<\/h4>\t\t\t\t<\/div>\n\t\t\t\t<\/div>\n\t\t\t\t<div class=\"elementor-element elementor-element-1e580f3d elementor-widget elementor-widget-text-editor\" data-id=\"1e580f3d\" data-element_type=\"widget\" data-e-type=\"widget\" data-widget_type=\"text-editor.default\">\n\t\t\t\t<div class=\"elementor-widget-container\">\n\t\t\t\t\t\t\t\t\t<p>En arribar a l&#8217;Esgl\u00e9sia la porta est\u00e0 oberta perqu\u00e8 un grup de visitants segueix un dels moments de preg\u00e0ria que al llarg del dia realitzen els monjos en comunitat al temple.<\/p>\t\t\t\t\t\t\t\t<\/div>\n\t\t\t\t<\/div>\n\t\t\t\t<div class=\"elementor-element elementor-element-37147ca6 elementor-widget elementor-widget-image\" data-id=\"37147ca6\" data-element_type=\"widget\" data-e-type=\"widget\" data-widget_type=\"image.default\">\n\t\t\t\t<div class=\"elementor-widget-container\">\n\t\t\t\t\t\t\t\t\t\t\t\t<figure class=\"wp-caption\">\n\t\t\t\t\t\t\t\t\t\t<img loading=\"lazy\" decoding=\"async\" width=\"768\" height=\"511\" src=\"https:\/\/www.elturistatranquil.com\/wp-content\/uploads\/F41-Monasterio-de-Leyre-Navarra-1.jpg\" class=\"attachment-large size-large wp-image-23599\" alt=\"\" srcset=\"https:\/\/www.elturistatranquil.com\/wp-content\/uploads\/F41-Monasterio-de-Leyre-Navarra-1.jpg 768w, https:\/\/www.elturistatranquil.com\/wp-content\/uploads\/F41-Monasterio-de-Leyre-Navarra-1-339x226.jpg 339w\" sizes=\"(max-width: 768px) 100vw, 768px\" \/>\t\t\t\t\t\t\t\t\t\t\t<figcaption class=\"widget-image-caption wp-caption-text\"><\/figcaption>\n\t\t\t\t\t\t\t\t\t\t<\/figure>\n\t\t\t\t\t\t\t\t\t<\/div>\n\t\t\t\t<\/div>\n\t\t\t\t<div class=\"elementor-element elementor-element-5c2b7e1a elementor-widget elementor-widget-text-editor\" data-id=\"5c2b7e1a\" data-element_type=\"widget\" data-e-type=\"widget\" data-widget_type=\"text-editor.default\">\n\t\t\t\t<div class=\"elementor-widget-container\">\n\t\t\t\t\t\t\t\t\t<p>Quan finalitzin les oracions, el temple es buidar\u00e0, i jo em quedar\u00e9 sol en la profunditat del seu silenci. En sortir tancar\u00e9 amb la clau de la qual disposo.<\/p><p>Com ja s&#8217;ha vist, l&#8217;esgl\u00e9sia est\u00e0 formada per dues grans unitats.<\/p><p>La zona del presbiteri correspon a la primera ampliaci\u00f3 rom\u00e0nica (<strong>R1<\/strong>) de la primera meitat del segle XI, i est\u00e0 formada per dues naus i dos cossos, amb tres absis.<\/p><p>A la prolongaci\u00f3 cap als peus del temple, corresponent a la segona ampliaci\u00f3 de finals del mateix segle (<strong>R2<\/strong>), van optar per construir-la d&#8217;una sola nau de major altura, amb quatre cossos i un gran p\u00f2rtic, que acabo de presentar.<\/p><p>Abans, nom\u00e9s recordar la perspectiva exterior dels absis.<\/p>\t\t\t\t\t\t\t\t<\/div>\n\t\t\t\t<\/div>\n\t\t\t\t<div class=\"elementor-element elementor-element-486b746c elementor-widget elementor-widget-image\" data-id=\"486b746c\" data-element_type=\"widget\" data-e-type=\"widget\" data-widget_type=\"image.default\">\n\t\t\t\t<div class=\"elementor-widget-container\">\n\t\t\t\t\t\t\t\t\t\t\t\t<figure class=\"wp-caption\">\n\t\t\t\t\t\t\t\t\t\t<img loading=\"lazy\" decoding=\"async\" width=\"405\" height=\"550\" src=\"https:\/\/www.elturistatranquil.com\/wp-content\/uploads\/F42-Monasterio-de-Leyre-Navarra-1.jpg\" class=\"attachment-large size-large wp-image-23601\" alt=\"\" srcset=\"https:\/\/www.elturistatranquil.com\/wp-content\/uploads\/F42-Monasterio-de-Leyre-Navarra-1.jpg 405w, https:\/\/www.elturistatranquil.com\/wp-content\/uploads\/F42-Monasterio-de-Leyre-Navarra-1-166x226.jpg 166w\" sizes=\"(max-width: 405px) 100vw, 405px\" \/>\t\t\t\t\t\t\t\t\t\t\t<figcaption class=\"widget-image-caption wp-caption-text\"><\/figcaption>\n\t\t\t\t\t\t\t\t\t\t<\/figure>\n\t\t\t\t\t\t\t\t\t<\/div>\n\t\t\t\t<\/div>\n\t\t\t\t<div class=\"elementor-element elementor-element-4ebbc28f elementor-widget elementor-widget-image\" data-id=\"4ebbc28f\" data-element_type=\"widget\" data-e-type=\"widget\" data-widget_type=\"image.default\">\n\t\t\t\t<div class=\"elementor-widget-container\">\n\t\t\t\t\t\t\t\t\t\t\t\t<figure class=\"wp-caption\">\n\t\t\t\t\t\t\t\t\t\t<img loading=\"lazy\" decoding=\"async\" width=\"768\" height=\"511\" src=\"https:\/\/www.elturistatranquil.com\/wp-content\/uploads\/F43-Monasterio-de-Leyre-Navarra-1.jpg\" class=\"attachment-large size-large wp-image-23603\" alt=\"\" srcset=\"https:\/\/www.elturistatranquil.com\/wp-content\/uploads\/F43-Monasterio-de-Leyre-Navarra-1.jpg 768w, https:\/\/www.elturistatranquil.com\/wp-content\/uploads\/F43-Monasterio-de-Leyre-Navarra-1-339x226.jpg 339w\" sizes=\"(max-width: 768px) 100vw, 768px\" \/>\t\t\t\t\t\t\t\t\t\t\t<figcaption class=\"widget-image-caption wp-caption-text\"><\/figcaption>\n\t\t\t\t\t\t\t\t\t\t<\/figure>\n\t\t\t\t\t\t\t\t\t<\/div>\n\t\t\t\t<\/div>\n\t\t\t\t<div class=\"elementor-element elementor-element-257f9234 elementor-widget elementor-widget-image\" data-id=\"257f9234\" data-element_type=\"widget\" data-e-type=\"widget\" data-widget_type=\"image.default\">\n\t\t\t\t<div class=\"elementor-widget-container\">\n\t\t\t\t\t\t\t\t\t\t\t\t<figure class=\"wp-caption\">\n\t\t\t\t\t\t\t\t\t\t<img loading=\"lazy\" decoding=\"async\" width=\"366\" height=\"550\" src=\"https:\/\/www.elturistatranquil.com\/wp-content\/uploads\/F44-Monasterio-de-Leyre-Navarra-1.jpg\" class=\"attachment-large size-large wp-image-23605\" alt=\"\" srcset=\"https:\/\/www.elturistatranquil.com\/wp-content\/uploads\/F44-Monasterio-de-Leyre-Navarra-1.jpg 366w, https:\/\/www.elturistatranquil.com\/wp-content\/uploads\/F44-Monasterio-de-Leyre-Navarra-1-150x226.jpg 150w\" sizes=\"(max-width: 366px) 100vw, 366px\" \/>\t\t\t\t\t\t\t\t\t\t\t<figcaption class=\"widget-image-caption wp-caption-text\"><\/figcaption>\n\t\t\t\t\t\t\t\t\t\t<\/figure>\n\t\t\t\t\t\t\t\t\t<\/div>\n\t\t\t\t<\/div>\n\t\t\t\t<div class=\"elementor-element elementor-element-4b01a753 elementor-widget elementor-widget-image\" data-id=\"4b01a753\" data-element_type=\"widget\" data-e-type=\"widget\" data-widget_type=\"image.default\">\n\t\t\t\t<div class=\"elementor-widget-container\">\n\t\t\t\t\t\t\t\t\t\t\t\t<figure class=\"wp-caption\">\n\t\t\t\t\t\t\t\t\t\t<img loading=\"lazy\" decoding=\"async\" width=\"768\" height=\"511\" src=\"https:\/\/www.elturistatranquil.com\/wp-content\/uploads\/F45-Monasterio-de-Leyre-Navarra-1.jpg\" class=\"attachment-large size-large wp-image-23607\" alt=\"\" srcset=\"https:\/\/www.elturistatranquil.com\/wp-content\/uploads\/F45-Monasterio-de-Leyre-Navarra-1.jpg 768w, https:\/\/www.elturistatranquil.com\/wp-content\/uploads\/F45-Monasterio-de-Leyre-Navarra-1-339x226.jpg 339w\" sizes=\"(max-width: 768px) 100vw, 768px\" \/>\t\t\t\t\t\t\t\t\t\t\t<figcaption class=\"widget-image-caption wp-caption-text\"><\/figcaption>\n\t\t\t\t\t\t\t\t\t\t<\/figure>\n\t\t\t\t\t\t\t\t\t<\/div>\n\t\t\t\t<\/div>\n\t\t\t\t<div class=\"elementor-element elementor-element-4d59140 elementor-widget elementor-widget-text-editor\" data-id=\"4d59140\" data-element_type=\"widget\" data-e-type=\"widget\" data-widget_type=\"text-editor.default\">\n\t\t\t\t<div class=\"elementor-widget-container\">\n\t\t\t\t\t\t\t\t\t<p>La imatge de la Mare de D\u00e9u de Leyre presideix l&#8217;altar major sobre un pilar cruciforme.<\/p><p>Tant la imatge com el pilar s\u00f3n obres modernes de L\u00f3pez Furi\u00f3 i Dionisio Ros. La imatge s&#8217;inspira en models rom\u00e0nics propis del segle XIII.<\/p>\t\t\t\t\t\t\t\t<\/div>\n\t\t\t\t<\/div>\n\t\t\t\t<div class=\"elementor-element elementor-element-4de15911 elementor-widget elementor-widget-image\" data-id=\"4de15911\" data-element_type=\"widget\" data-e-type=\"widget\" data-widget_type=\"image.default\">\n\t\t\t\t<div class=\"elementor-widget-container\">\n\t\t\t\t\t\t\t\t\t\t\t\t<figure class=\"wp-caption\">\n\t\t\t\t\t\t\t\t\t\t<img loading=\"lazy\" decoding=\"async\" width=\"768\" height=\"511\" src=\"https:\/\/www.elturistatranquil.com\/wp-content\/uploads\/F46-Monasterio-de-Leyre-Navarra-1.jpg\" class=\"attachment-large size-large wp-image-23609\" alt=\"\" srcset=\"https:\/\/www.elturistatranquil.com\/wp-content\/uploads\/F46-Monasterio-de-Leyre-Navarra-1.jpg 768w, https:\/\/www.elturistatranquil.com\/wp-content\/uploads\/F46-Monasterio-de-Leyre-Navarra-1-339x226.jpg 339w\" sizes=\"(max-width: 768px) 100vw, 768px\" \/>\t\t\t\t\t\t\t\t\t\t\t<figcaption class=\"widget-image-caption wp-caption-text\"><\/figcaption>\n\t\t\t\t\t\t\t\t\t\t<\/figure>\n\t\t\t\t\t\t\t\t\t<\/div>\n\t\t\t\t<\/div>\n\t\t\t\t<div class=\"elementor-element elementor-element-3924f5fa elementor-widget elementor-widget-text-editor\" data-id=\"3924f5fa\" data-element_type=\"widget\" data-e-type=\"widget\" data-widget_type=\"text-editor.default\">\n\t\t\t\t<div class=\"elementor-widget-container\">\n\t\t\t\t\t\t\t\t\t<p>Per a la construcci\u00f3 de la volta de creueria tardo g\u00f2tica (<strong>G<\/strong>) a principis de segle XVI es van elevar i refor\u00e7ar els murs.<\/p>\t\t\t\t\t\t\t\t<\/div>\n\t\t\t\t<\/div>\n\t\t\t\t<div class=\"elementor-element elementor-element-5d1a632a elementor-widget elementor-widget-image\" data-id=\"5d1a632a\" data-element_type=\"widget\" data-e-type=\"widget\" data-widget_type=\"image.default\">\n\t\t\t\t<div class=\"elementor-widget-container\">\n\t\t\t\t\t\t\t\t\t\t\t\t<figure class=\"wp-caption\">\n\t\t\t\t\t\t\t\t\t\t<img loading=\"lazy\" decoding=\"async\" width=\"768\" height=\"511\" src=\"https:\/\/www.elturistatranquil.com\/wp-content\/uploads\/F47-Monasterio-de-Leyre-Navarra-1.jpg\" class=\"attachment-large size-large wp-image-23611\" alt=\"\" srcset=\"https:\/\/www.elturistatranquil.com\/wp-content\/uploads\/F47-Monasterio-de-Leyre-Navarra-1.jpg 768w, https:\/\/www.elturistatranquil.com\/wp-content\/uploads\/F47-Monasterio-de-Leyre-Navarra-1-339x226.jpg 339w\" sizes=\"(max-width: 768px) 100vw, 768px\" \/>\t\t\t\t\t\t\t\t\t\t\t<figcaption class=\"widget-image-caption wp-caption-text\"><\/figcaption>\n\t\t\t\t\t\t\t\t\t\t<\/figure>\n\t\t\t\t\t\t\t\t\t<\/div>\n\t\t\t\t<\/div>\n\t\t\t\t<div class=\"elementor-element elementor-element-6ad66823 elementor-widget elementor-widget-image\" data-id=\"6ad66823\" data-element_type=\"widget\" data-e-type=\"widget\" data-widget_type=\"image.default\">\n\t\t\t\t<div class=\"elementor-widget-container\">\n\t\t\t\t\t\t\t\t\t\t\t\t<figure class=\"wp-caption\">\n\t\t\t\t\t\t\t\t\t\t<img loading=\"lazy\" decoding=\"async\" width=\"768\" height=\"511\" src=\"https:\/\/www.elturistatranquil.com\/wp-content\/uploads\/F48-Monasterio-de-Leyre-Navarra-1.jpg\" class=\"attachment-large size-large wp-image-23613\" alt=\"\" srcset=\"https:\/\/www.elturistatranquil.com\/wp-content\/uploads\/F48-Monasterio-de-Leyre-Navarra-1.jpg 768w, https:\/\/www.elturistatranquil.com\/wp-content\/uploads\/F48-Monasterio-de-Leyre-Navarra-1-339x226.jpg 339w\" sizes=\"(max-width: 768px) 100vw, 768px\" \/>\t\t\t\t\t\t\t\t\t\t\t<figcaption class=\"widget-image-caption wp-caption-text\"><\/figcaption>\n\t\t\t\t\t\t\t\t\t\t<\/figure>\n\t\t\t\t\t\t\t\t\t<\/div>\n\t\t\t\t<\/div>\n\t\t\t\t<div class=\"elementor-element elementor-element-67f33bea elementor-widget elementor-widget-text-editor\" data-id=\"67f33bea\" data-element_type=\"widget\" data-e-type=\"widget\" data-widget_type=\"text-editor.default\">\n\t\t\t\t<div class=\"elementor-widget-container\">\n\t\t\t\t\t\t\t\t\t<p>S&#8217;observa a la part baixa els arcs rom\u00e0nics i els ogivals g\u00f2tics a la part superior.<\/p>\t\t\t\t\t\t\t\t<\/div>\n\t\t\t\t<\/div>\n\t\t\t\t<div class=\"elementor-element elementor-element-44305c35 elementor-widget elementor-widget-image\" data-id=\"44305c35\" data-element_type=\"widget\" data-e-type=\"widget\" data-widget_type=\"image.default\">\n\t\t\t\t<div class=\"elementor-widget-container\">\n\t\t\t\t\t\t\t\t\t\t\t\t<figure class=\"wp-caption\">\n\t\t\t\t\t\t\t\t\t\t<img loading=\"lazy\" decoding=\"async\" width=\"768\" height=\"511\" src=\"https:\/\/www.elturistatranquil.com\/wp-content\/uploads\/F49-Monasterio-de-Leyre-Navarra-1.jpg\" class=\"attachment-large size-large wp-image-23615\" alt=\"\" srcset=\"https:\/\/www.elturistatranquil.com\/wp-content\/uploads\/F49-Monasterio-de-Leyre-Navarra-1.jpg 768w, https:\/\/www.elturistatranquil.com\/wp-content\/uploads\/F49-Monasterio-de-Leyre-Navarra-1-339x226.jpg 339w\" sizes=\"(max-width: 768px) 100vw, 768px\" \/>\t\t\t\t\t\t\t\t\t\t\t<figcaption class=\"widget-image-caption wp-caption-text\"><\/figcaption>\n\t\t\t\t\t\t\t\t\t\t<\/figure>\n\t\t\t\t\t\t\t\t\t<\/div>\n\t\t\t\t<\/div>\n\t\t\t\t<div class=\"elementor-element elementor-element-52fd8669 elementor-widget elementor-widget-text-editor\" data-id=\"52fd8669\" data-element_type=\"widget\" data-e-type=\"widget\" data-widget_type=\"text-editor.default\">\n\t\t\t\t<div class=\"elementor-widget-container\">\n\t\t\t\t\t\t\t\t\t<p>En l&#8217;orgue, de 1966, situat als peus, es desenvolupen cicles de concerts habitualment.<\/p><p>La porta que s&#8217;obre en el costat de l&#8217;ep\u00edstola correspondria a la primera entrada al temple i en obrir la &#8220;Porta Speciosa&#8221; es va construir, adossada a l&#8217;exterior, la capella del Sant\u00edssim.<\/p>\t\t\t\t\t\t\t\t<\/div>\n\t\t\t\t<\/div>\n\t\t\t\t<div class=\"elementor-element elementor-element-27536b9f elementor-widget elementor-widget-image\" data-id=\"27536b9f\" data-element_type=\"widget\" data-e-type=\"widget\" data-widget_type=\"image.default\">\n\t\t\t\t<div class=\"elementor-widget-container\">\n\t\t\t\t\t\t\t\t\t\t\t\t<figure class=\"wp-caption\">\n\t\t\t\t\t\t\t\t\t\t<img loading=\"lazy\" decoding=\"async\" width=\"768\" height=\"512\" src=\"https:\/\/www.elturistatranquil.com\/wp-content\/uploads\/F50-Monasterio-de-Leyre-Navarra-1.jpg\" class=\"attachment-large size-large wp-image-23617\" alt=\"\" srcset=\"https:\/\/www.elturistatranquil.com\/wp-content\/uploads\/F50-Monasterio-de-Leyre-Navarra-1.jpg 768w, https:\/\/www.elturistatranquil.com\/wp-content\/uploads\/F50-Monasterio-de-Leyre-Navarra-1-339x226.jpg 339w\" sizes=\"(max-width: 768px) 100vw, 768px\" \/>\t\t\t\t\t\t\t\t\t\t\t<figcaption class=\"widget-image-caption wp-caption-text\"><\/figcaption>\n\t\t\t\t\t\t\t\t\t\t<\/figure>\n\t\t\t\t\t\t\t\t\t<\/div>\n\t\t\t\t<\/div>\n\t\t\t\t<div class=\"elementor-element elementor-element-1e52c024 elementor-widget elementor-widget-text-editor\" data-id=\"1e52c024\" data-element_type=\"widget\" data-e-type=\"widget\" data-widget_type=\"text-editor.default\">\n\t\t\t\t<div class=\"elementor-widget-container\">\n\t\t\t\t\t\t\t\t\t<p>La capella del Sant\u00edssim la presideix el retaule manierista de les santes Nunilo i Alodia, obra de Juan de Berroeta de l&#8217;any 1633.<\/p>\t\t\t\t\t\t\t\t<\/div>\n\t\t\t\t<\/div>\n\t\t\t\t<div class=\"elementor-element elementor-element-62c4e07d elementor-widget elementor-widget-image\" data-id=\"62c4e07d\" data-element_type=\"widget\" data-e-type=\"widget\" data-widget_type=\"image.default\">\n\t\t\t\t<div class=\"elementor-widget-container\">\n\t\t\t\t\t\t\t\t\t\t\t\t<figure class=\"wp-caption\">\n\t\t\t\t\t\t\t\t\t\t<img loading=\"lazy\" decoding=\"async\" width=\"421\" height=\"550\" src=\"https:\/\/www.elturistatranquil.com\/wp-content\/uploads\/F51-Monasterio-de-Leyre-Capilla-del-Santisimo-1.jpg\" class=\"attachment-large size-large wp-image-23619\" alt=\"\" srcset=\"https:\/\/www.elturistatranquil.com\/wp-content\/uploads\/F51-Monasterio-de-Leyre-Capilla-del-Santisimo-1.jpg 421w, https:\/\/www.elturistatranquil.com\/wp-content\/uploads\/F51-Monasterio-de-Leyre-Capilla-del-Santisimo-1-173x226.jpg 173w\" sizes=\"(max-width: 421px) 100vw, 421px\" \/>\t\t\t\t\t\t\t\t\t\t\t<figcaption class=\"widget-image-caption wp-caption-text\"><\/figcaption>\n\t\t\t\t\t\t\t\t\t\t<\/figure>\n\t\t\t\t\t\t\t\t\t<\/div>\n\t\t\t\t<\/div>\n\t\t\t\t<div class=\"elementor-element elementor-element-1a21d171 elementor-widget elementor-widget-text-editor\" data-id=\"1a21d171\" data-element_type=\"widget\" data-e-type=\"widget\" data-widget_type=\"text-editor.default\">\n\t\t\t\t<div class=\"elementor-widget-container\">\n\t\t\t\t\t\t\t\t\t<p>A la fotografia de la porta pot apreciar-se, a l&#8217;altra banda del temple, el Pante\u00f3 dels reis de Navarra. Les restes es troben contingudes en una sola arqueta, ja que les diverses espoliacions al llarg del temps no permet diferenciar-los.<\/p>\t\t\t\t\t\t\t\t<\/div>\n\t\t\t\t<\/div>\n\t\t\t\t<div class=\"elementor-element elementor-element-45cef562 elementor-widget elementor-widget-menu-anchor\" data-id=\"45cef562\" data-element_type=\"widget\" data-e-type=\"widget\" data-widget_type=\"menu-anchor.default\">\n\t\t\t\t<div class=\"elementor-widget-container\">\n\t\t\t\t\t\t\t<div class=\"elementor-menu-anchor\" id=\"b3711\"><\/div>\n\t\t\t\t\t\t<\/div>\n\t\t\t\t<\/div>\n\t\t\t\t<div class=\"elementor-element elementor-element-21c809ae elementor-widget elementor-widget-image\" data-id=\"21c809ae\" data-element_type=\"widget\" data-e-type=\"widget\" data-widget_type=\"image.default\">\n\t\t\t\t<div class=\"elementor-widget-container\">\n\t\t\t\t\t\t\t\t\t\t\t\t<figure class=\"wp-caption\">\n\t\t\t\t\t\t\t\t\t\t<img loading=\"lazy\" decoding=\"async\" width=\"768\" height=\"511\" src=\"https:\/\/www.elturistatranquil.com\/wp-content\/uploads\/F52-Monasterio-de-Leyre-Panteon-reyes-de-Navarra-1.jpg\" class=\"attachment-large size-large wp-image-23621\" alt=\"\" srcset=\"https:\/\/www.elturistatranquil.com\/wp-content\/uploads\/F52-Monasterio-de-Leyre-Panteon-reyes-de-Navarra-1.jpg 768w, https:\/\/www.elturistatranquil.com\/wp-content\/uploads\/F52-Monasterio-de-Leyre-Panteon-reyes-de-Navarra-1-339x226.jpg 339w\" sizes=\"(max-width: 768px) 100vw, 768px\" \/>\t\t\t\t\t\t\t\t\t\t\t<figcaption class=\"widget-image-caption wp-caption-text\"><\/figcaption>\n\t\t\t\t\t\t\t\t\t\t<\/figure>\n\t\t\t\t\t\t\t\t\t<\/div>\n\t\t\t\t<\/div>\n\t\t\t\t<div class=\"elementor-element elementor-element-635a34e5 elementor-widget elementor-widget-heading\" data-id=\"635a34e5\" data-element_type=\"widget\" data-e-type=\"widget\" data-widget_type=\"heading.default\">\n\t\t\t\t<div class=\"elementor-widget-container\">\n\t\t\t\t\t<h2 class=\"elementor-heading-title elementor-size-default\">Enlla\u00e7 web<\/h2>\t\t\t\t<\/div>\n\t\t\t\t<\/div>\n\t\t\t\t<div class=\"elementor-element elementor-element-4d3d6d32 elementor-widget elementor-widget-text-editor\" data-id=\"4d3d6d32\" data-element_type=\"widget\" data-e-type=\"widget\" data-widget_type=\"text-editor.default\">\n\t\t\t\t<div class=\"elementor-widget-container\">\n\t\t\t\t\t\t\t\t\t<p>Com he indicat en diverses ocasions, he limitat l&#8217;aportaci\u00f3 de fotografies i contingut at\u00e8s que pot consultar-se a Internet la publicaci\u00f3 del professor <em>F.J. Oca\u00f1a Eiroa<\/em>, <strong>Abad\u00eda Benedictina de San Salvador de Leyre,<\/strong> amb una detallada i complet\u00edssima col\u00b7lecci\u00f3 d&#8217;imatges que mereixen ser visualitzades.<\/p>\t\t\t\t\t\t\t\t<\/div>\n\t\t\t\t<\/div>\n\t\t\t\t<div class=\"elementor-element elementor-element-3a909b81 elementor-widget elementor-widget-menu-anchor\" data-id=\"3a909b81\" data-element_type=\"widget\" data-e-type=\"widget\" data-widget_type=\"menu-anchor.default\">\n\t\t\t\t<div class=\"elementor-widget-container\">\n\t\t\t\t\t\t\t<div class=\"elementor-menu-anchor\" id=\"b3712\"><\/div>\n\t\t\t\t\t\t<\/div>\n\t\t\t\t<\/div>\n\t\t\t\t<section class=\"elementor-section elementor-inner-section elementor-element elementor-element-e1f95ea elementor-section-boxed elementor-section-height-default elementor-section-height-default\" data-id=\"e1f95ea\" data-element_type=\"section\" data-e-type=\"section\">\n\t\t\t\t\t\t<div class=\"elementor-container elementor-column-gap-default\">\n\t\t\t\t\t<div class=\"elementor-column elementor-col-50 elementor-inner-column elementor-element elementor-element-3c517f2\" data-id=\"3c517f2\" data-element_type=\"column\" data-e-type=\"column\">\n\t\t\t<div class=\"elementor-widget-wrap elementor-element-populated\">\n\t\t\t\t\t\t<div class=\"elementor-element elementor-element-56544a59 elementor-widget elementor-widget-image\" data-id=\"56544a59\" data-element_type=\"widget\" data-e-type=\"widget\" data-widget_type=\"image.default\">\n\t\t\t\t<div class=\"elementor-widget-container\">\n\t\t\t\t\t\t\t\t\t\t\t\t\t\t\t\t<a href=\"https:\/\/www.romanicoennavarra.info\/Leyre.pdf\" target=\"_blank\">\n\t\t\t\t\t\t\t<img loading=\"lazy\" decoding=\"async\" width=\"665\" height=\"500\" src=\"https:\/\/www.elturistatranquil.com\/wp-content\/uploads\/F53-Monasterio-de-Leyre-Navarra-1.jpg\" class=\"attachment-large size-large wp-image-23623\" alt=\"\" srcset=\"https:\/\/www.elturistatranquil.com\/wp-content\/uploads\/F53-Monasterio-de-Leyre-Navarra-1.jpg 665w, https:\/\/www.elturistatranquil.com\/wp-content\/uploads\/F53-Monasterio-de-Leyre-Navarra-1-301x226.jpg 301w\" sizes=\"(max-width: 665px) 100vw, 665px\" \/>\t\t\t\t\t\t\t\t<\/a>\n\t\t\t\t\t\t\t\t\t\t\t\t\t\t\t<\/div>\n\t\t\t\t<\/div>\n\t\t\t\t\t<\/div>\n\t\t<\/div>\n\t\t\t\t<div class=\"elementor-column elementor-col-50 elementor-inner-column elementor-element elementor-element-ffeab24\" data-id=\"ffeab24\" data-element_type=\"column\" data-e-type=\"column\">\n\t\t\t<div class=\"elementor-widget-wrap elementor-element-populated\">\n\t\t\t\t\t\t<div class=\"elementor-element elementor-element-40c54c88 elementor-view-default elementor-widget elementor-widget-icon\" data-id=\"40c54c88\" data-element_type=\"widget\" data-e-type=\"widget\" data-widget_type=\"icon.default\">\n\t\t\t\t<div class=\"elementor-widget-container\">\n\t\t\t\t\t\t\t<div class=\"elementor-icon-wrapper\">\n\t\t\t<a class=\"elementor-icon\" href=\"https:\/\/www.romanicoennavarra.info\/Leyre.pdf\" target=\"_blank\" rel=\"nofollow\">\n\t\t\t<i aria-hidden=\"true\" class=\"far fa-play-circle\"><\/i>\t\t\t<\/a>\n\t\t<\/div>\n\t\t\t\t\t\t<\/div>\n\t\t\t\t<\/div>\n\t\t\t\t\t<\/div>\n\t\t<\/div>\n\t\t\t\t\t<\/div>\n\t\t<\/section>\n\t\t\t\t<div class=\"elementor-element elementor-element-46ac39a5 elementor-widget elementor-widget-heading\" data-id=\"46ac39a5\" data-element_type=\"widget\" data-e-type=\"widget\" data-widget_type=\"heading.default\">\n\t\t\t\t<div class=\"elementor-widget-container\">\n\t\t\t\t\t<h2 class=\"elementor-heading-title elementor-size-default\">Fi de la visita<\/h2>\t\t\t\t<\/div>\n\t\t\t\t<\/div>\n\t\t\t\t<div class=\"elementor-element elementor-element-305c7b03 elementor-widget elementor-widget-menu-anchor\" data-id=\"305c7b03\" data-element_type=\"widget\" data-e-type=\"widget\" data-widget_type=\"menu-anchor.default\">\n\t\t\t\t<div class=\"elementor-widget-container\">\n\t\t\t\t\t\t\t<div class=\"elementor-menu-anchor\" id=\"b3713\"><\/div>\n\t\t\t\t\t\t<\/div>\n\t\t\t\t<\/div>\n\t\t\t\t<div class=\"elementor-element elementor-element-6701347 elementor-widget elementor-widget-text-editor\" data-id=\"6701347\" data-element_type=\"widget\" data-e-type=\"widget\" data-widget_type=\"text-editor.default\">\n\t\t\t\t<div class=\"elementor-widget-container\">\n\t\t\t\t\t\t\t\t\t<p>No quedava m\u00e9s que tornar la clau a la Recepci\u00f3 de Visitants.<\/p><p>Si es disposa de temps i ganes \u00e9s un lloc per passejar pels seus voltants i contemplar els magn\u00edfics paisatges o les perspectives sobre el conjunto del Monestir.<\/p><p>Si s&#8217;est\u00e0 allotjat en els voltants, \u00e9s un bon lloc per apropar-se a escoltar algun dels freq\u00fcents concerts d&#8217;orgue que amb assidu\u00eftat se celebren. Us ho dic per experi\u00e8ncia.<\/p>\t\t\t\t\t\t\t\t<\/div>\n\t\t\t\t<\/div>\n\t\t\t\t<div class=\"elementor-element elementor-element-37a4f0f5 elementor-widget elementor-widget-heading\" data-id=\"37a4f0f5\" data-element_type=\"widget\" data-e-type=\"widget\" data-widget_type=\"heading.default\">\n\t\t\t\t<div class=\"elementor-widget-container\">\n\t\t\t\t\t<h2 class=\"elementor-heading-title elementor-size-default\">Bases d\u2019informaci\u00f3<\/h2>\t\t\t\t<\/div>\n\t\t\t\t<\/div>\n\t\t\t\t<div class=\"elementor-element elementor-element-1f716ef2 elementor-widget elementor-widget-text-editor\" data-id=\"1f716ef2\" data-element_type=\"widget\" data-e-type=\"widget\" data-widget_type=\"text-editor.default\">\n\t\t\t\t<div class=\"elementor-widget-container\">\n\t\t\t\t\t\t\t\t\t<p><strong>Webs<\/strong><\/p><p><a href=\"https:\/\/www.monasteriodeleyre.com\/\" target=\"_blank\" rel=\"noopener\">monasteriodeleyre<\/a><\/p><p><a href=\"https:\/\/es.wikipedia.org\/wiki\/Monasterio_de_Leyre\" target=\"_blank\" rel=\"noopener\">wikipedia<\/a><\/p><p><a href=\"https:\/\/www--turismo--navarra--es.insuit.net\/esp\/organice-viaje\/recurso\/Patrimonio\/3152\/Monasterio-de-San-Salvador-de-Leyre.htm\" target=\"_blank\" rel=\"noopener\">turismonavarra<\/a><\/p><p><a href=\"https:\/\/www.arteguias.com\/monasterio\/leyre.htm\" target=\"_blank\" rel=\"noopener\">arteguias<\/a><\/p><p><a href=\"http:\/\/www.lebrelblanco.com\/anexos\/a0316.htm\" target=\"_blank\" rel=\"noopener\">lebrelblanco<\/a><\/p><p><a href=\"http:\/\/www.enciclopedianavarra.com\/?page_id=13031\" target=\"_blank\" rel=\"noopener\">granenciclopediadenavarra<\/a><\/p>\t\t\t\t\t\t\t\t<\/div>\n\t\t\t\t<\/div>\n\t\t\t\t<div class=\"elementor-element elementor-element-72de3304 elementor-widget elementor-widget-text-editor\" data-id=\"72de3304\" data-element_type=\"widget\" data-e-type=\"widget\" data-widget_type=\"text-editor.default\">\n\t\t\t\t<div class=\"elementor-widget-container\">\n\t\t\t\t\t\t\t\t\t<p><strong>Webs academic<\/strong><\/p><p>F.J. Oca\u00f1a Eiroa, <a href=\"https:\/\/www.romanicoennavarra.info\/Leyre.pdf\" target=\"_blank\" rel=\"noopener\"><em>Abad\u00eda Benedictina de San Salvador de Leyre<\/em><\/a><\/p><p>F.J. Oca\u00f1a Eiroa, <a href=\"https:\/\/dialnet.unirioja.es\/descarga\/articulo\/2100193.pdf\" target=\"_blank\" rel=\"noopener\"><em>Planimetr\u00eda de la iglesia miz\u00e1rabe del monasterio de San Salvador de Leyre<\/em><\/a><\/p><p>M. Ordu\u00f1a Cuevas.<a href=\"https:\/\/www.academia.edu\/7092656\/Monasterio_de_San_Salvador_de_Leire\" target=\"_blank\" rel=\"noopener\"><em> Monasterio de San Salvador de Leire<\/em><\/a><\/p><p>F.L. Almech, <a href=\"https:\/\/dialnet.unirioja.es\/descarga\/articulo\/1301505.pdf\" target=\"_blank\" rel=\"noopener\"><em>El monasterio de San Salvador de Leyre<\/em><\/a><\/p><p>E. Tyrrel, <a href=\"https:\/\/dialnet.unirioja.es\/descarga\/articulo\/2255963.pdf\" target=\"_blank\" rel=\"noopener\"><em>Historia de la arquitectura rom\u00e1nica del Monasterio de San Salvador de Leyre<\/em><\/a><\/p><p>J.R. de Oyaga, <a href=\"https:\/\/dialnet.unirioja.es\/descarga\/articulo\/2253800.pdf\" target=\"_blank\" rel=\"noopener\"><em>Maestros constructores del monasterio nuevo de San Salvador de Leyre<\/em><\/a><\/p>\t\t\t\t\t\t\t\t<\/div>\n\t\t\t\t<\/div>\n\t\t\t\t<div class=\"elementor-element elementor-element-76e9b876 elementor-widget elementor-widget-text-editor\" data-id=\"76e9b876\" data-element_type=\"widget\" data-e-type=\"widget\" data-widget_type=\"text-editor.default\">\n\t\t\t\t<div class=\"elementor-widget-container\">\n\t\t\t\t\t\t\t\t\t<p><strong>Libro<\/strong><\/p><p>Fray Ram\u00f3n Molina Pi\u00f1edo O.S.B., <em>Leyre. Historia, arte y vida mon\u00e1stica<\/em><\/p>\t\t\t\t\t\t\t\t<\/div>\n\t\t\t\t<\/div>\n\t\t\t\t<div class=\"elementor-element elementor-element-7159e558 elementor-widget elementor-widget-text-editor\" data-id=\"7159e558\" data-element_type=\"widget\" data-e-type=\"widget\" data-widget_type=\"text-editor.default\">\n\t\t\t\t<div class=\"elementor-widget-container\">\n\t\t\t\t\t\t\t\t\t<p>Enlla\u00e7 amb el\u00a0<em>Post<\/em>:\u00a0<strong><a href=\"https:\/\/www.elturistatranquil.com\/ca\/el-corral-de-concilio-hotel-con-encanto-restaurante-reino-de-los-mallos\/\" target=\"_blank\" rel=\"noopener\">El Corral de Concilio, Hotel con Encanto Restaurante. Reino de los Mallos<\/a><\/strong><\/p><p style=\"text-align: right;\">\u00a0<\/p>\t\t\t\t\t\t\t\t<\/div>\n\t\t\t\t<\/div>\n\t\t\t\t\t<\/div>\n\t\t<\/div>\n\t\t\t\t\t<\/div>\n\t\t<\/section>\n\t\t\t\t<section class=\"elementor-section elementor-inner-section elementor-element elementor-element-33357a37 elementor-section-boxed elementor-section-height-default elementor-section-height-default\" data-id=\"33357a37\" data-element_type=\"section\" data-e-type=\"section\">\n\t\t\t\t\t\t<div class=\"elementor-container elementor-column-gap-default\">\n\t\t\t\t\t<div class=\"elementor-column elementor-col-50 elementor-inner-column elementor-element elementor-element-7009cf42\" data-id=\"7009cf42\" data-element_type=\"column\" data-e-type=\"column\">\n\t\t\t<div class=\"elementor-widget-wrap\">\n\t\t\t\t\t\t\t<\/div>\n\t\t<\/div>\n\t\t\t\t<div class=\"elementor-column elementor-col-50 elementor-inner-column elementor-element elementor-element-61652a8a\" data-id=\"61652a8a\" data-element_type=\"column\" data-e-type=\"column\">\n\t\t\t<div class=\"elementor-widget-wrap\">\n\t\t\t\t\t\t\t<\/div>\n\t\t<\/div>\n\t\t\t\t\t<\/div>\n\t\t<\/section>\n\t\t\t\t<\/div>\n\t\t","protected":false},"excerpt":{"rendered":"<p>Monestir de Leyre o de San Salvador de Leyre (Navarra), un dels primers monestirs rom\u00e0nics en el Cam\u00ed de Sant Jaume i vinculat als or\u00edgens del Regne de Navarra. La &#8230; <a title=\"Monestir de Leyre (Navarra)\" class=\"read-more\" href=\"https:\/\/www.elturistatranquil.com\/ca\/monestir-de-leyre-navarra\/\" aria-label=\"M\u00e9s informaci\u00f3 sobre Monestir de Leyre (Navarra)\">[ &#8230; ]<\/a><\/p>\n","protected":false},"author":1,"featured_media":23386,"comment_status":"open","ping_status":"closed","sticky":false,"template":"","format":"standard","meta":{"footnotes":""},"categories":[72,145,80,82,83,87,90,182,95,98,102,104],"tags":[],"class_list":["post-23509","post","type-post","status-publish","format-standard","has-post-thumbnail","hentry","category-arquitectura-religiosa-ca","category-edat-mitjana","category-el-cami-de-sant-jaume","category-gotic","category-historia-ca","category-joies-al-territori","category-monestirs-catedrals","category-navarra-ca","category-paisatge","category-preromanic","category-restaurant","category-preromanic-ca","infinite-scroll-item","generate-columns","tablet-grid-50","mobile-grid-100","grid-parent","grid-50","no-featured-image-padding"],"yoast_head":"<!-- This site is optimized with the Yoast SEO plugin v27.4 - https:\/\/yoast.com\/product\/yoast-seo-wordpress\/ -->\n<title>Monestir de Leyre (Navarra) - El turista tranquil<\/title>\n<meta name=\"description\" content=\"Monestir de Leyre o de San Salvador de Leyre (Navarra), un dels primers monestirs rom\u00e0nics en el Cam\u00ed de Sant Jaume i vinculat als or\u00edgens del Regne de Navarra. La seva cripta \u00e9s una obra que impressiona.\" \/>\n<meta name=\"robots\" content=\"index, follow, max-snippet:-1, max-image-preview:large, max-video-preview:-1\" \/>\n<link rel=\"canonical\" href=\"https:\/\/www.elturistatranquil.com\/ca\/monestir-de-leyre-navarra\/\" \/>\n<meta property=\"og:locale\" content=\"ca_ES\" \/>\n<meta property=\"og:type\" content=\"article\" \/>\n<meta property=\"og:title\" content=\"Monestir de Leyre (Navarra) - El turista tranquil\" \/>\n<meta property=\"og:description\" content=\"Monestir de Leyre o de San Salvador de Leyre (Navarra), un dels primers monestirs rom\u00e0nics en el Cam\u00ed de Sant Jaume i vinculat als or\u00edgens del Regne de Navarra. La seva cripta \u00e9s una obra que impressiona.\" \/>\n<meta property=\"og:url\" content=\"https:\/\/www.elturistatranquil.com\/ca\/monestir-de-leyre-navarra\/\" \/>\n<meta property=\"og:site_name\" content=\"El turista tranquil\" \/>\n<meta property=\"article:publisher\" content=\"https:\/\/www.facebook.com\/elturistatranquilo\/\" \/>\n<meta property=\"article:published_time\" content=\"2019-09-28T09:30:27+00:00\" \/>\n<meta property=\"article:modified_time\" content=\"2019-09-28T09:39:38+00:00\" \/>\n<meta property=\"og:image\" content=\"https:\/\/www.elturistatranquil.com\/wp-content\/uploads\/F01-Monasterio-de-Leyre-Navarra.jpg\" \/>\n\t<meta property=\"og:image:width\" content=\"768\" \/>\n\t<meta property=\"og:image:height\" content=\"511\" \/>\n\t<meta property=\"og:image:type\" content=\"image\/jpeg\" \/>\n<meta name=\"author\" content=\"admin\" \/>\n<meta name=\"twitter:card\" content=\"summary_large_image\" \/>\n<meta name=\"twitter:label1\" content=\"Escrit per\" \/>\n\t<meta name=\"twitter:data1\" content=\"admin\" \/>\n\t<meta name=\"twitter:label2\" content=\"Temps estimat de lectura\" \/>\n\t<meta name=\"twitter:data2\" content=\"19 minuts\" \/>\n<script type=\"application\/ld+json\" class=\"yoast-schema-graph\">{\"@context\":\"https:\\\/\\\/schema.org\",\"@graph\":[{\"@type\":\"Article\",\"@id\":\"https:\\\/\\\/www.elturistatranquil.com\\\/ca\\\/monestir-de-leyre-navarra\\\/#article\",\"isPartOf\":{\"@id\":\"https:\\\/\\\/www.elturistatranquil.com\\\/ca\\\/monestir-de-leyre-navarra\\\/\"},\"author\":{\"name\":\"admin\",\"@id\":\"https:\\\/\\\/www.elturistatranquil.com\\\/ca\\\/#\\\/schema\\\/person\\\/16f607c3079b96ed0c530a52e6b58bb5\"},\"headline\":\"Monestir de Leyre (Navarra)\",\"datePublished\":\"2019-09-28T09:30:27+00:00\",\"dateModified\":\"2019-09-28T09:39:38+00:00\",\"mainEntityOfPage\":{\"@id\":\"https:\\\/\\\/www.elturistatranquil.com\\\/ca\\\/monestir-de-leyre-navarra\\\/\"},\"wordCount\":3933,\"commentCount\":0,\"image\":{\"@id\":\"https:\\\/\\\/www.elturistatranquil.com\\\/ca\\\/monestir-de-leyre-navarra\\\/#primaryimage\"},\"thumbnailUrl\":\"https:\\\/\\\/www.elturistatranquil.com\\\/wp-content\\\/uploads\\\/F01-Monasterio-de-Leyre-Navarra.jpg\",\"articleSection\":[\"Arquitectura religiosa\",\"Edat mitjana\",\"El Cam\u00ed de Sant Jaume\",\"G\u00f2tic\",\"Hist\u00f2ria\",\"Joies al territori\",\"Monestirs, Catedrals\",\"Navarra\",\"Paisatge\",\"Prerom\u00e0nic\",\"Restaurant\",\"Rom\u00e0nic\"],\"inLanguage\":\"ca\",\"potentialAction\":[{\"@type\":\"CommentAction\",\"name\":\"Comment\",\"target\":[\"https:\\\/\\\/www.elturistatranquil.com\\\/ca\\\/monestir-de-leyre-navarra\\\/#respond\"]}]},{\"@type\":\"WebPage\",\"@id\":\"https:\\\/\\\/www.elturistatranquil.com\\\/ca\\\/monestir-de-leyre-navarra\\\/\",\"url\":\"https:\\\/\\\/www.elturistatranquil.com\\\/ca\\\/monestir-de-leyre-navarra\\\/\",\"name\":\"Monestir de Leyre (Navarra) - El turista tranquil\",\"isPartOf\":{\"@id\":\"https:\\\/\\\/www.elturistatranquil.com\\\/ca\\\/#website\"},\"primaryImageOfPage\":{\"@id\":\"https:\\\/\\\/www.elturistatranquil.com\\\/ca\\\/monestir-de-leyre-navarra\\\/#primaryimage\"},\"image\":{\"@id\":\"https:\\\/\\\/www.elturistatranquil.com\\\/ca\\\/monestir-de-leyre-navarra\\\/#primaryimage\"},\"thumbnailUrl\":\"https:\\\/\\\/www.elturistatranquil.com\\\/wp-content\\\/uploads\\\/F01-Monasterio-de-Leyre-Navarra.jpg\",\"datePublished\":\"2019-09-28T09:30:27+00:00\",\"dateModified\":\"2019-09-28T09:39:38+00:00\",\"author\":{\"@id\":\"https:\\\/\\\/www.elturistatranquil.com\\\/ca\\\/#\\\/schema\\\/person\\\/16f607c3079b96ed0c530a52e6b58bb5\"},\"description\":\"Monestir de Leyre o de San Salvador de Leyre (Navarra), un dels primers monestirs rom\u00e0nics en el Cam\u00ed de Sant Jaume i vinculat als or\u00edgens del Regne de Navarra. La seva cripta \u00e9s una obra que impressiona.\",\"breadcrumb\":{\"@id\":\"https:\\\/\\\/www.elturistatranquil.com\\\/ca\\\/monestir-de-leyre-navarra\\\/#breadcrumb\"},\"inLanguage\":\"ca\",\"potentialAction\":[{\"@type\":\"ReadAction\",\"target\":[\"https:\\\/\\\/www.elturistatranquil.com\\\/ca\\\/monestir-de-leyre-navarra\\\/\"]}]},{\"@type\":\"ImageObject\",\"inLanguage\":\"ca\",\"@id\":\"https:\\\/\\\/www.elturistatranquil.com\\\/ca\\\/monestir-de-leyre-navarra\\\/#primaryimage\",\"url\":\"https:\\\/\\\/www.elturistatranquil.com\\\/wp-content\\\/uploads\\\/F01-Monasterio-de-Leyre-Navarra.jpg\",\"contentUrl\":\"https:\\\/\\\/www.elturistatranquil.com\\\/wp-content\\\/uploads\\\/F01-Monasterio-de-Leyre-Navarra.jpg\",\"width\":768,\"height\":511,\"caption\":\"Monasterio de Leyre, Navarra\"},{\"@type\":\"BreadcrumbList\",\"@id\":\"https:\\\/\\\/www.elturistatranquil.com\\\/ca\\\/monestir-de-leyre-navarra\\\/#breadcrumb\",\"itemListElement\":[{\"@type\":\"ListItem\",\"position\":1,\"name\":\"Portada\",\"item\":\"https:\\\/\\\/www.elturistatranquil.com\\\/ca\\\/\"},{\"@type\":\"ListItem\",\"position\":2,\"name\":\"Monestir de Leyre (Navarra)\"}]},{\"@type\":\"WebSite\",\"@id\":\"https:\\\/\\\/www.elturistatranquil.com\\\/ca\\\/#website\",\"url\":\"https:\\\/\\\/www.elturistatranquil.com\\\/ca\\\/\",\"name\":\"El turista tranquil\",\"description\":\"Blog de viatges\",\"potentialAction\":[{\"@type\":\"SearchAction\",\"target\":{\"@type\":\"EntryPoint\",\"urlTemplate\":\"https:\\\/\\\/www.elturistatranquil.com\\\/ca\\\/?s={search_term_string}\"},\"query-input\":{\"@type\":\"PropertyValueSpecification\",\"valueRequired\":true,\"valueName\":\"search_term_string\"}}],\"inLanguage\":\"ca\"},{\"@type\":\"Person\",\"@id\":\"https:\\\/\\\/www.elturistatranquil.com\\\/ca\\\/#\\\/schema\\\/person\\\/16f607c3079b96ed0c530a52e6b58bb5\",\"name\":\"admin\",\"image\":{\"@type\":\"ImageObject\",\"inLanguage\":\"ca\",\"@id\":\"https:\\\/\\\/secure.gravatar.com\\\/avatar\\\/1fbaf22aee75fcbb29a2f97b107f95d25d3a19b7c3416105be10269872673e8d?s=96&d=mm&r=g\",\"url\":\"https:\\\/\\\/secure.gravatar.com\\\/avatar\\\/1fbaf22aee75fcbb29a2f97b107f95d25d3a19b7c3416105be10269872673e8d?s=96&d=mm&r=g\",\"contentUrl\":\"https:\\\/\\\/secure.gravatar.com\\\/avatar\\\/1fbaf22aee75fcbb29a2f97b107f95d25d3a19b7c3416105be10269872673e8d?s=96&d=mm&r=g\",\"caption\":\"admin\"}}]}<\/script>\n<!-- \/ Yoast SEO plugin. -->","yoast_head_json":{"title":"Monestir de Leyre (Navarra) - El turista tranquil","description":"Monestir de Leyre o de San Salvador de Leyre (Navarra), un dels primers monestirs rom\u00e0nics en el Cam\u00ed de Sant Jaume i vinculat als or\u00edgens del Regne de Navarra. La seva cripta \u00e9s una obra que impressiona.","robots":{"index":"index","follow":"follow","max-snippet":"max-snippet:-1","max-image-preview":"max-image-preview:large","max-video-preview":"max-video-preview:-1"},"canonical":"https:\/\/www.elturistatranquil.com\/ca\/monestir-de-leyre-navarra\/","og_locale":"ca_ES","og_type":"article","og_title":"Monestir de Leyre (Navarra) - El turista tranquil","og_description":"Monestir de Leyre o de San Salvador de Leyre (Navarra), un dels primers monestirs rom\u00e0nics en el Cam\u00ed de Sant Jaume i vinculat als or\u00edgens del Regne de Navarra. La seva cripta \u00e9s una obra que impressiona.","og_url":"https:\/\/www.elturistatranquil.com\/ca\/monestir-de-leyre-navarra\/","og_site_name":"El turista tranquil","article_publisher":"https:\/\/www.facebook.com\/elturistatranquilo\/","article_published_time":"2019-09-28T09:30:27+00:00","article_modified_time":"2019-09-28T09:39:38+00:00","og_image":[{"width":768,"height":511,"url":"https:\/\/www.elturistatranquil.com\/wp-content\/uploads\/F01-Monasterio-de-Leyre-Navarra.jpg","type":"image\/jpeg"}],"author":"admin","twitter_card":"summary_large_image","twitter_misc":{"Escrit per":"admin","Temps estimat de lectura":"19 minuts"},"schema":{"@context":"https:\/\/schema.org","@graph":[{"@type":"Article","@id":"https:\/\/www.elturistatranquil.com\/ca\/monestir-de-leyre-navarra\/#article","isPartOf":{"@id":"https:\/\/www.elturistatranquil.com\/ca\/monestir-de-leyre-navarra\/"},"author":{"name":"admin","@id":"https:\/\/www.elturistatranquil.com\/ca\/#\/schema\/person\/16f607c3079b96ed0c530a52e6b58bb5"},"headline":"Monestir de Leyre (Navarra)","datePublished":"2019-09-28T09:30:27+00:00","dateModified":"2019-09-28T09:39:38+00:00","mainEntityOfPage":{"@id":"https:\/\/www.elturistatranquil.com\/ca\/monestir-de-leyre-navarra\/"},"wordCount":3933,"commentCount":0,"image":{"@id":"https:\/\/www.elturistatranquil.com\/ca\/monestir-de-leyre-navarra\/#primaryimage"},"thumbnailUrl":"https:\/\/www.elturistatranquil.com\/wp-content\/uploads\/F01-Monasterio-de-Leyre-Navarra.jpg","articleSection":["Arquitectura religiosa","Edat mitjana","El Cam\u00ed de Sant Jaume","G\u00f2tic","Hist\u00f2ria","Joies al territori","Monestirs, Catedrals","Navarra","Paisatge","Prerom\u00e0nic","Restaurant","Rom\u00e0nic"],"inLanguage":"ca","potentialAction":[{"@type":"CommentAction","name":"Comment","target":["https:\/\/www.elturistatranquil.com\/ca\/monestir-de-leyre-navarra\/#respond"]}]},{"@type":"WebPage","@id":"https:\/\/www.elturistatranquil.com\/ca\/monestir-de-leyre-navarra\/","url":"https:\/\/www.elturistatranquil.com\/ca\/monestir-de-leyre-navarra\/","name":"Monestir de Leyre (Navarra) - El turista tranquil","isPartOf":{"@id":"https:\/\/www.elturistatranquil.com\/ca\/#website"},"primaryImageOfPage":{"@id":"https:\/\/www.elturistatranquil.com\/ca\/monestir-de-leyre-navarra\/#primaryimage"},"image":{"@id":"https:\/\/www.elturistatranquil.com\/ca\/monestir-de-leyre-navarra\/#primaryimage"},"thumbnailUrl":"https:\/\/www.elturistatranquil.com\/wp-content\/uploads\/F01-Monasterio-de-Leyre-Navarra.jpg","datePublished":"2019-09-28T09:30:27+00:00","dateModified":"2019-09-28T09:39:38+00:00","author":{"@id":"https:\/\/www.elturistatranquil.com\/ca\/#\/schema\/person\/16f607c3079b96ed0c530a52e6b58bb5"},"description":"Monestir de Leyre o de San Salvador de Leyre (Navarra), un dels primers monestirs rom\u00e0nics en el Cam\u00ed de Sant Jaume i vinculat als or\u00edgens del Regne de Navarra. La seva cripta \u00e9s una obra que impressiona.","breadcrumb":{"@id":"https:\/\/www.elturistatranquil.com\/ca\/monestir-de-leyre-navarra\/#breadcrumb"},"inLanguage":"ca","potentialAction":[{"@type":"ReadAction","target":["https:\/\/www.elturistatranquil.com\/ca\/monestir-de-leyre-navarra\/"]}]},{"@type":"ImageObject","inLanguage":"ca","@id":"https:\/\/www.elturistatranquil.com\/ca\/monestir-de-leyre-navarra\/#primaryimage","url":"https:\/\/www.elturistatranquil.com\/wp-content\/uploads\/F01-Monasterio-de-Leyre-Navarra.jpg","contentUrl":"https:\/\/www.elturistatranquil.com\/wp-content\/uploads\/F01-Monasterio-de-Leyre-Navarra.jpg","width":768,"height":511,"caption":"Monasterio de Leyre, Navarra"},{"@type":"BreadcrumbList","@id":"https:\/\/www.elturistatranquil.com\/ca\/monestir-de-leyre-navarra\/#breadcrumb","itemListElement":[{"@type":"ListItem","position":1,"name":"Portada","item":"https:\/\/www.elturistatranquil.com\/ca\/"},{"@type":"ListItem","position":2,"name":"Monestir de Leyre (Navarra)"}]},{"@type":"WebSite","@id":"https:\/\/www.elturistatranquil.com\/ca\/#website","url":"https:\/\/www.elturistatranquil.com\/ca\/","name":"El turista tranquil","description":"Blog de viatges","potentialAction":[{"@type":"SearchAction","target":{"@type":"EntryPoint","urlTemplate":"https:\/\/www.elturistatranquil.com\/ca\/?s={search_term_string}"},"query-input":{"@type":"PropertyValueSpecification","valueRequired":true,"valueName":"search_term_string"}}],"inLanguage":"ca"},{"@type":"Person","@id":"https:\/\/www.elturistatranquil.com\/ca\/#\/schema\/person\/16f607c3079b96ed0c530a52e6b58bb5","name":"admin","image":{"@type":"ImageObject","inLanguage":"ca","@id":"https:\/\/secure.gravatar.com\/avatar\/1fbaf22aee75fcbb29a2f97b107f95d25d3a19b7c3416105be10269872673e8d?s=96&d=mm&r=g","url":"https:\/\/secure.gravatar.com\/avatar\/1fbaf22aee75fcbb29a2f97b107f95d25d3a19b7c3416105be10269872673e8d?s=96&d=mm&r=g","contentUrl":"https:\/\/secure.gravatar.com\/avatar\/1fbaf22aee75fcbb29a2f97b107f95d25d3a19b7c3416105be10269872673e8d?s=96&d=mm&r=g","caption":"admin"}}]}},"_links":{"self":[{"href":"https:\/\/www.elturistatranquil.com\/ca\/wp-json\/wp\/v2\/posts\/23509","targetHints":{"allow":["GET"]}}],"collection":[{"href":"https:\/\/www.elturistatranquil.com\/ca\/wp-json\/wp\/v2\/posts"}],"about":[{"href":"https:\/\/www.elturistatranquil.com\/ca\/wp-json\/wp\/v2\/types\/post"}],"author":[{"embeddable":true,"href":"https:\/\/www.elturistatranquil.com\/ca\/wp-json\/wp\/v2\/users\/1"}],"replies":[{"embeddable":true,"href":"https:\/\/www.elturistatranquil.com\/ca\/wp-json\/wp\/v2\/comments?post=23509"}],"version-history":[{"count":0,"href":"https:\/\/www.elturistatranquil.com\/ca\/wp-json\/wp\/v2\/posts\/23509\/revisions"}],"wp:featuredmedia":[{"embeddable":true,"href":"https:\/\/www.elturistatranquil.com\/ca\/wp-json\/wp\/v2\/media\/23386"}],"wp:attachment":[{"href":"https:\/\/www.elturistatranquil.com\/ca\/wp-json\/wp\/v2\/media?parent=23509"}],"wp:term":[{"taxonomy":"category","embeddable":true,"href":"https:\/\/www.elturistatranquil.com\/ca\/wp-json\/wp\/v2\/categories?post=23509"},{"taxonomy":"post_tag","embeddable":true,"href":"https:\/\/www.elturistatranquil.com\/ca\/wp-json\/wp\/v2\/tags?post=23509"}],"curies":[{"name":"wp","href":"https:\/\/api.w.org\/{rel}","templated":true}]}}