{"id":24235,"date":"2019-10-12T12:22:17","date_gmt":"2019-10-12T10:22:17","guid":{"rendered":"https:\/\/www.elturistatranquil.com\/?p=24235"},"modified":"2019-10-12T12:42:53","modified_gmt":"2019-10-12T10:42:53","slug":"museu-chillida-leku-gipuzkoa","status":"publish","type":"post","link":"https:\/\/www.elturistatranquil.com\/ca\/museu-chillida-leku-gipuzkoa\/","title":{"rendered":"Museu Chillida Leku (Gipuzkoa)"},"content":{"rendered":"\t\t<div data-elementor-type=\"wp-post\" data-elementor-id=\"24235\" class=\"elementor elementor-24235 elementor-23869\" data-elementor-post-type=\"post\">\n\t\t\t\t\t\t<section class=\"elementor-section elementor-top-section elementor-element elementor-element-64bb1ca5 elementor-section-boxed elementor-section-height-default elementor-section-height-default\" data-id=\"64bb1ca5\" data-element_type=\"section\" data-e-type=\"section\">\n\t\t\t\t\t\t<div class=\"elementor-container elementor-column-gap-default\">\n\t\t\t\t\t<div class=\"elementor-column elementor-col-100 elementor-top-column elementor-element elementor-element-14bf69e0\" data-id=\"14bf69e0\" data-element_type=\"column\" data-e-type=\"column\">\n\t\t\t<div class=\"elementor-widget-wrap elementor-element-populated\">\n\t\t\t\t\t\t<section class=\"elementor-section elementor-inner-section elementor-element elementor-element-71d0ea5a elementor-section-content-middle elementor-section-boxed elementor-section-height-default elementor-section-height-default\" data-id=\"71d0ea5a\" data-element_type=\"section\" data-e-type=\"section\">\n\t\t\t\t\t\t<div class=\"elementor-container elementor-column-gap-default\">\n\t\t\t\t\t<div class=\"elementor-column elementor-col-100 elementor-inner-column elementor-element elementor-element-5cdef2bd\" data-id=\"5cdef2bd\" data-element_type=\"column\" data-e-type=\"column\">\n\t\t\t<div class=\"elementor-widget-wrap elementor-element-populated\">\n\t\t\t\t\t\t<div class=\"elementor-element elementor-element-6a01c7ac elementor-widget elementor-widget-text-editor\" data-id=\"6a01c7ac\" data-element_type=\"widget\" data-e-type=\"widget\" data-widget_type=\"text-editor.default\">\n\t\t\t\t<div class=\"elementor-widget-container\">\n\t\t\t\t\t\t\t\t\t<p>El <em>Museu Chillida Leku<\/em>, a Hernani (Gipuzkoa), \u00e9s un espai \u00fanic en el qual es poden admirar una gran col\u00b7lecci\u00f3 de peces de l&#8217;escultor <em>Eduardo Chillida<\/em> en un gran jard\u00ed de 11 hect\u00e0rees i un caseriu reconvertit.<\/p>\t\t\t\t\t\t\t\t<\/div>\n\t\t\t\t<\/div>\n\t\t\t\t\t<\/div>\n\t\t<\/div>\n\t\t\t\t\t<\/div>\n\t\t<\/section>\n\t\t\t\t<div class=\"elementor-element elementor-element-474547b2 elementor-widget elementor-widget-heading\" data-id=\"474547b2\" data-element_type=\"widget\" data-e-type=\"widget\" data-widget_type=\"heading.default\">\n\t\t\t\t<div class=\"elementor-widget-container\">\n\t\t\t\t\t<h1 class=\"elementor-heading-title elementor-size-default\">Museu Chillida Leku (Gipuzkoa)<\/h1>\t\t\t\t<\/div>\n\t\t\t\t<\/div>\n\t\t\t\t\t<\/div>\n\t\t<\/div>\n\t\t\t\t\t<\/div>\n\t\t<\/section>\n\t\t\t\t<section class=\"elementor-section elementor-top-section elementor-element elementor-element-1cdf9c23 elementor-section-boxed elementor-section-height-default elementor-section-height-default\" data-id=\"1cdf9c23\" data-element_type=\"section\" data-e-type=\"section\">\n\t\t\t\t\t\t<div class=\"elementor-container elementor-column-gap-default\">\n\t\t\t\t\t<div class=\"elementor-column elementor-col-100 elementor-top-column elementor-element elementor-element-297a0831\" data-id=\"297a0831\" data-element_type=\"column\" data-e-type=\"column\">\n\t\t\t<div class=\"elementor-widget-wrap elementor-element-populated\">\n\t\t\t\t\t\t<div class=\"elementor-element elementor-element-4284aa45 elementor-widget elementor-widget-image\" data-id=\"4284aa45\" data-element_type=\"widget\" data-e-type=\"widget\" data-widget_type=\"image.default\">\n\t\t\t\t<div class=\"elementor-widget-container\">\n\t\t\t\t\t\t\t\t\t\t\t\t<figure class=\"wp-caption\">\n\t\t\t\t\t\t\t\t\t\t<img fetchpriority=\"high\" decoding=\"async\" width=\"768\" height=\"512\" src=\"https:\/\/www.elturistatranquil.com\/wp-content\/uploads\/F01-Museo-Chillida-Leku-1.jpg\" class=\"attachment-large size-large wp-image-24060\" alt=\"\" srcset=\"https:\/\/www.elturistatranquil.com\/wp-content\/uploads\/F01-Museo-Chillida-Leku-1.jpg 768w, https:\/\/www.elturistatranquil.com\/wp-content\/uploads\/F01-Museo-Chillida-Leku-1-339x226.jpg 339w\" sizes=\"(max-width: 768px) 100vw, 768px\" \/>\t\t\t\t\t\t\t\t\t\t\t<figcaption class=\"widget-image-caption wp-caption-text\"><\/figcaption>\n\t\t\t\t\t\t\t\t\t\t<\/figure>\n\t\t\t\t\t\t\t\t\t<\/div>\n\t\t\t\t<\/div>\n\t\t\t\t<div class=\"elementor-element elementor-element-6c1c1fa1 elementor-widget elementor-widget-spacer\" data-id=\"6c1c1fa1\" data-element_type=\"widget\" data-e-type=\"widget\" data-widget_type=\"spacer.default\">\n\t\t\t\t<div class=\"elementor-widget-container\">\n\t\t\t\t\t\t\t<div class=\"elementor-spacer\">\n\t\t\t<div class=\"elementor-spacer-inner\"><\/div>\n\t\t<\/div>\n\t\t\t\t\t\t<\/div>\n\t\t\t\t<\/div>\n\t\t\t\t<div class=\"elementor-element elementor-element-35f90093 elementor-widget elementor-widget-heading\" data-id=\"35f90093\" data-element_type=\"widget\" data-e-type=\"widget\" data-widget_type=\"heading.default\">\n\t\t\t\t<div class=\"elementor-widget-container\">\n\t\t\t\t\t<h2 class=\"elementor-heading-title elementor-size-default\">Museu Chillida Leku. Hernani. Gipuzkoa<\/h2>\t\t\t\t<\/div>\n\t\t\t\t<\/div>\n\t\t\t\t<section class=\"elementor-section elementor-inner-section elementor-element elementor-element-6fdc32f8 elementor-section-boxed elementor-section-height-default elementor-section-height-default\" data-id=\"6fdc32f8\" data-element_type=\"section\" data-e-type=\"section\" data-settings=\"{&quot;background_background&quot;:&quot;classic&quot;}\">\n\t\t\t\t\t\t\t<div class=\"elementor-background-overlay\"><\/div>\n\t\t\t\t\t\t\t<div class=\"elementor-container elementor-column-gap-default\">\n\t\t\t\t\t<div class=\"elementor-column elementor-col-100 elementor-inner-column elementor-element elementor-element-1d98a248\" data-id=\"1d98a248\" data-element_type=\"column\" data-e-type=\"column\" data-settings=\"{&quot;background_background&quot;:&quot;classic&quot;}\">\n\t\t\t<div class=\"elementor-widget-wrap elementor-element-populated\">\n\t\t\t\t\t\t<div class=\"elementor-element elementor-element-76997cca elementor-widget elementor-widget-text-editor\" data-id=\"76997cca\" data-element_type=\"widget\" data-e-type=\"widget\" data-widget_type=\"text-editor.default\">\n\t\t\t\t<div class=\"elementor-widget-container\">\n\t\t\t\t\t\t\t\t\t<p>Barrio J\u00e1uregui, 66. 20120 Municipi: Hernani. Prov\u00edncia: Gipuzkoa. Com. Aut\u00f2noma: Pa\u00eds Basc<\/p><p>Coordenadas: 43\u00b016\u203243\u2033N 1\u00b059\u203255\u2033O<\/p><p>Web: <a href=\"https:\/\/www.museochillidaleku.com\/home-dev\/\" target=\"_blank\" rel=\"noopener\">museochillidaleku<\/a><\/p><p>Visita: 2019<\/p>\t\t\t\t\t\t\t\t<\/div>\n\t\t\t\t<\/div>\n\t\t\t\t\t<\/div>\n\t\t<\/div>\n\t\t\t\t\t<\/div>\n\t\t<\/section>\n\t\t\t\t<div class=\"elementor-element elementor-element-36823a0b elementor-widget elementor-widget-image\" data-id=\"36823a0b\" data-element_type=\"widget\" data-e-type=\"widget\" data-widget_type=\"image.default\">\n\t\t\t\t<div class=\"elementor-widget-container\">\n\t\t\t\t\t\t\t\t\t\t\t\t<figure class=\"wp-caption\">\n\t\t\t\t\t\t\t\t\t\t<img decoding=\"async\" width=\"768\" height=\"511\" src=\"https:\/\/www.elturistatranquil.com\/wp-content\/uploads\/F02-Mapa-de-situaci\u00f3n-del-Museo-Chillida-Leku-Google-maps-2019-10-07-1-768x511.jpg\" class=\"attachment-medium_large size-medium_large wp-image-24062\" alt=\"\" srcset=\"https:\/\/www.elturistatranquil.com\/wp-content\/uploads\/F02-Mapa-de-situaci\u00f3n-del-Museo-Chillida-Leku-Google-maps-2019-10-07-1.jpg 768w, https:\/\/www.elturistatranquil.com\/wp-content\/uploads\/F02-Mapa-de-situaci\u00f3n-del-Museo-Chillida-Leku-Google-maps-2019-10-07-1-339x226.jpg 339w\" sizes=\"(max-width: 768px) 100vw, 768px\" \/>\t\t\t\t\t\t\t\t\t\t\t<figcaption class=\"widget-image-caption wp-caption-text\">Mapa de situaci\u00f3 del Museu Chillida Leku (Google maps 2019-10-07)<\/figcaption>\n\t\t\t\t\t\t\t\t\t\t<\/figure>\n\t\t\t\t\t\t\t\t\t<\/div>\n\t\t\t\t<\/div>\n\t\t\t\t<section class=\"elementor-section elementor-inner-section elementor-element elementor-element-4b973b9f elementor-section-boxed elementor-section-height-default elementor-section-height-default\" data-id=\"4b973b9f\" data-element_type=\"section\" data-e-type=\"section\" data-settings=\"{&quot;background_background&quot;:&quot;classic&quot;}\">\n\t\t\t\t\t\t<div class=\"elementor-container elementor-column-gap-default\">\n\t\t\t\t\t<div class=\"elementor-column elementor-col-100 elementor-inner-column elementor-element elementor-element-2c11175\" data-id=\"2c11175\" data-element_type=\"column\" data-e-type=\"column\">\n\t\t\t<div class=\"elementor-widget-wrap elementor-element-populated\">\n\t\t\t\t\t\t<div class=\"elementor-element elementor-element-7abe416a elementor-widget elementor-widget-text-editor\" data-id=\"7abe416a\" data-element_type=\"widget\" data-e-type=\"widget\" data-widget_type=\"text-editor.default\">\n\t\t\t\t<div class=\"elementor-widget-container\">\n\t\t\t\t\t\t\t\t\t<p style=\"text-align: center;\"><strong>\u00cdndex<\/strong><\/p>\t\t\t\t\t\t\t\t<\/div>\n\t\t\t\t<\/div>\n\t\t\t\t<div class=\"elementor-element elementor-element-49264739 elementor-widget elementor-widget-text-editor\" data-id=\"49264739\" data-element_type=\"widget\" data-e-type=\"widget\" data-widget_type=\"text-editor.default\">\n\t\t\t\t<div class=\"elementor-widget-container\">\n\t\t\t\t\t\t\t\t\t<p><a href=\"https:\/\/www.elturistatranquil.com\/ca\/museu-chillida-leku-(gipuzkoa)\/#b3901\">Museu Chillida Leku. Hernani. Gipuzkoa<\/a><\/p><p><a href=\"https:\/\/www.elturistatranquil.com\/ca\/museu-chillida-leku-(gipuzkoa)\/#b3902\">Eduardo Chillida<\/a><\/p><p><a href=\"https:\/\/www.elturistatranquil.com\/ca\/museu-chillida-leku-(gipuzkoa)\/#b3903\">El museu-jard\u00ed<\/a><\/p><p><a href=\"https:\/\/www.elturistatranquil.com\/ca\/museu-chillida-leku-(gipuzkoa)\/#b3904\">Recorregut de la visita<\/a><\/p><p style=\"padding-left: 40px;\"><a href=\"https:\/\/www.elturistatranquil.com\/ca\/museu-chillida-leku-(gipuzkoa)\/#b3905\">Escultures exteriors<\/a><\/p><p style=\"padding-left: 80px;\"><a href=\"https:\/\/www.elturistatranquil.com\/ca\/museu-chillida-leku-(gipuzkoa)\/#b3906\">Lo profundo es el aire<\/a><\/p><p style=\"padding-left: 80px;\"><a href=\"https:\/\/www.elturistatranquil.com\/ca\/museu-chillida-leku-(gipuzkoa)\/#b3907\">Buscando la luz<\/a><\/p><p style=\"padding-left: 80px;\"><a href=\"https:\/\/www.elturistatranquil.com\/ca\/museu-chillida-leku-(gipuzkoa)\/#b3908\">Lotura (nus o uni\u00f3)<\/a><\/p><p style=\"padding-left: 80px;\"><a href=\"https:\/\/www.elturistatranquil.com\/ca\/museu-chillida-leku-(gipuzkoa)\/#b3909\">Harri (pedra)<\/a><\/p><p style=\"padding-left: 80px;\"><a href=\"https:\/\/www.elturistatranquil.com\/ca\/museu-chillida-leku-(gipuzkoa)\/#b3910\">De m\u00fasica<\/a><\/p><p style=\"padding-left: 80px;\"><a href=\"https:\/\/www.elturistatranquil.com\/ca\/museu-chillida-leku-(gipuzkoa)\/#b3911\">La casa del poeta<\/a><\/p><p style=\"padding-left: 80px;\"><a href=\"https:\/\/www.elturistatranquil.com\/ca\/museu-chillida-leku-(gipuzkoa)\/#b3912\">Escuchando la piedra<\/a><\/p><p style=\"padding-left: 80px;\"><a href=\"https:\/\/www.elturistatranquil.com\/ca\/museu-chillida-leku-(gipuzkoa)\/#b3913\">Homenajes<\/a><\/p><p style=\"padding-left: 80px;\"><a href=\"https:\/\/www.elturistatranquil.com\/ca\/museu-chillida-leku-(gipuzkoa)\/#b3914\">Consejo al espacio<\/a><\/p><p style=\"padding-left: 80px;\"><a href=\"https:\/\/www.elturistatranquil.com\/ca\/museu-chillida-leku-(gipuzkoa)\/#b3915\">Gora bera (Dalt Baix)<\/a><\/p><p style=\"padding-left: 80px;\"><a href=\"https:\/\/www.elturistatranquil.com\/ca\/museu-chillida-leku-(gipuzkoa)\/#b3916\">Peine del viento<\/a><\/p><p style=\"padding-left: 80px;\"><a href=\"https:\/\/www.elturistatranquil.com\/ca\/museu-chillida-leku-(gipuzkoa)\/#b3917\">Relieve<\/a><\/p><p style=\"padding-left: 80px;\"><a href=\"https:\/\/www.elturistatranquil.com\/ca\/museu-chillida-leku-(gipuzkoa)\/#b3918\">Basoa (bosc)<\/a><\/p><p style=\"padding-left: 80px;\"><a href=\"https:\/\/www.elturistatranquil.com\/ca\/museu-chillida-leku-(gipuzkoa)\/#b3919\">Elogios<\/a><\/p><p style=\"padding-left: 80px;\"><a href=\"https:\/\/www.elturistatranquil.com\/ca\/museu-chillida-leku-(gipuzkoa)\/#b3920\">Iru burni (tres hierros)<\/a><\/p><p style=\"padding-left: 80px;\"><a href=\"https:\/\/www.elturistatranquil.com\/ca\/museu-chillida-leku-(gipuzkoa)\/#b3921\">Locmariaquer<\/a><\/p><p style=\"padding-left: 80px;\"><a href=\"https:\/\/www.elturistatranquil.com\/ca\/museu-chillida-leku-(gipuzkoa)\/#b3922\">Besarkada (abra\u00e7ada)<\/a><\/p><p style=\"padding-left: 80px;\"><a href=\"https:\/\/www.elturistatranquil.com\/ca\/museu-chillida-leku-(gipuzkoa)\/#b3923\">Arco de la libertad<\/a><\/p><p style=\"padding-left: 80px;\"><a href=\"https:\/\/www.elturistatranquil.com\/ca\/museu-chillida-leku-(gipuzkoa)\/#b3924\">Esertoki (seient)<\/a><\/p><p style=\"padding-left: 40px;\"><a href=\"https:\/\/www.elturistatranquil.com\/ca\/museu-chillida-leku-(gipuzkoa)\/#b3925\">Caser\u00edo Zabalaga, Museu interior<\/a><\/p><p style=\"padding-left: 80px;\"><a href=\"https:\/\/www.elturistatranquil.com\/ca\/museu-chillida-leku-(gipuzkoa)\/#b3926\">Etapa de Par\u00eds 1948-1951<\/a><\/p><p style=\"padding-left: 80px;\"><a href=\"https:\/\/www.elturistatranquil.com\/ca\/museu-chillida-leku-(gipuzkoa)\/#b3927\">Homenajes<\/a><\/p><p style=\"padding-left: 80px;\"><a href=\"https:\/\/www.elturistatranquil.com\/ca\/museu-chillida-leku-(gipuzkoa)\/#b3928\">Espacios perforados<\/a><\/p><p style=\"padding-left: 80px;\"><a href=\"https:\/\/www.elturistatranquil.com\/ca\/museu-chillida-leku-(gipuzkoa)\/#b3929\">Itarik i los Yunques del sue\u00f1o<\/a><\/p><p style=\"padding-left: 80px;\"><a href=\"https:\/\/www.elturistatranquil.com\/ca\/museu-chillida-leku-(gipuzkoa)\/#b3930\">Hierros de temblor<\/a><\/p><p style=\"padding-left: 80px;\"><a href=\"https:\/\/www.elturistatranquil.com\/ca\/museu-chillida-leku-(gipuzkoa)\/#b3931\">Rumor de l\u00edmites<\/a><\/p><p style=\"padding-left: 80px;\"><a href=\"https:\/\/www.elturistatranquil.com\/ca\/museu-chillida-leku-(gipuzkoa)\/#b3932\">Campo Espacio de Paz<\/a><\/p><p style=\"padding-left: 80px;\"><a href=\"https:\/\/www.elturistatranquil.com\/ca\/museu-chillida-leku-(gipuzkoa)\/#b3933\">Lo profundo es el aire<\/a><\/p><p style=\"padding-left: 80px;\"><a href=\"https:\/\/www.elturistatranquil.com\/ca\/museu-chillida-leku-(gipuzkoa)\/#b3934\">Gurutz (creu)<\/a><\/p><p style=\"padding-left: 80px;\"><a href=\"https:\/\/www.elturistatranquil.com\/ca\/museu-chillida-leku-(gipuzkoa)\/#b3935\">Peine del viento<\/a><\/p><p style=\"padding-left: 80px;\"><a href=\"https:\/\/www.elturistatranquil.com\/ca\/museu-chillida-leku-(gipuzkoa)\/#b3936\">Altres materials<\/a><\/p><p><a href=\"https:\/\/www.elturistatranquil.com\/ca\/museu-chillida-leku-(gipuzkoa)\/#b3937\">Fi de la visita<\/a><\/p><p><a href=\"https:\/\/www.elturistatranquil.com\/ca\/museu-chillida-leku-(gipuzkoa)\/#b3938\">Av\u00eds PER VISITAR Chillida Leku<\/a><\/p><p><a href=\"https:\/\/www.elturistatranquil.com\/ca\/museu-chillida-leku-(gipuzkoa)\/#b3939\">Bases d\u2019informaci\u00f3<\/a><\/p>\t\t\t\t\t\t\t\t<\/div>\n\t\t\t\t<\/div>\n\t\t\t\t\t<\/div>\n\t\t<\/div>\n\t\t\t\t\t<\/div>\n\t\t<\/section>\n\t\t\t\t<div class=\"elementor-element elementor-element-521d843d elementor-widget elementor-widget-spacer\" data-id=\"521d843d\" data-element_type=\"widget\" data-e-type=\"widget\" data-widget_type=\"spacer.default\">\n\t\t\t\t<div class=\"elementor-widget-container\">\n\t\t\t\t\t\t\t<div class=\"elementor-spacer\">\n\t\t\t<div class=\"elementor-spacer-inner\"><\/div>\n\t\t<\/div>\n\t\t\t\t\t\t<\/div>\n\t\t\t\t<\/div>\n\t\t\t\t<div class=\"elementor-element elementor-element-311c9863 elementor-widget elementor-widget-menu-anchor\" data-id=\"311c9863\" data-element_type=\"widget\" data-e-type=\"widget\" data-widget_type=\"menu-anchor.default\">\n\t\t\t\t<div class=\"elementor-widget-container\">\n\t\t\t\t\t\t\t<div class=\"elementor-menu-anchor\" id=\"b3901\"><\/div>\n\t\t\t\t\t\t<\/div>\n\t\t\t\t<\/div>\n\t\t\t\t<div class=\"elementor-element elementor-element-586e6b42 elementor-widget elementor-widget-spacer\" data-id=\"586e6b42\" data-element_type=\"widget\" data-e-type=\"widget\" data-widget_type=\"spacer.default\">\n\t\t\t\t<div class=\"elementor-widget-container\">\n\t\t\t\t\t\t\t<div class=\"elementor-spacer\">\n\t\t\t<div class=\"elementor-spacer-inner\"><\/div>\n\t\t<\/div>\n\t\t\t\t\t\t<\/div>\n\t\t\t\t<\/div>\n\t\t\t\t<div class=\"elementor-element elementor-element-34c8e772 elementor-widget elementor-widget-heading\" data-id=\"34c8e772\" data-element_type=\"widget\" data-e-type=\"widget\" data-widget_type=\"heading.default\">\n\t\t\t\t<div class=\"elementor-widget-container\">\n\t\t\t\t\t<h2 class=\"elementor-heading-title elementor-size-default\">Museu Chillida Leku. Hernani. Gipuzkoa<\/h2>\t\t\t\t<\/div>\n\t\t\t\t<\/div>\n\t\t\t\t<div class=\"elementor-element elementor-element-44638cb5 elementor-widget elementor-widget-text-editor\" data-id=\"44638cb5\" data-element_type=\"widget\" data-e-type=\"widget\" data-widget_type=\"text-editor.default\">\n\t\t\t\t<div class=\"elementor-widget-container\">\n\t\t\t\t\t\t\t\t\t<p>Enlla\u00e7 amb el <em>Post<\/em>: <a href=\"https:\/\/www.elturistatranquil.com\/ca\/hotel-churrut-restaurant-lenkonea-cinco-villas\/\" target=\"_blank\" rel=\"noopener\"><strong>Hotel Churrut-Restaurant Lenkonea. Cinco Villas<\/strong><\/a><\/p>\t\t\t\t\t\t\t\t<\/div>\n\t\t\t\t<\/div>\n\t\t\t\t<div class=\"elementor-element elementor-element-4ddaebbf elementor-widget elementor-widget-menu-anchor\" data-id=\"4ddaebbf\" data-element_type=\"widget\" data-e-type=\"widget\" data-widget_type=\"menu-anchor.default\">\n\t\t\t\t<div class=\"elementor-widget-container\">\n\t\t\t\t\t\t\t<div class=\"elementor-menu-anchor\" id=\"b3902\"><\/div>\n\t\t\t\t\t\t<\/div>\n\t\t\t\t<\/div>\n\t\t\t\t<div class=\"elementor-element elementor-element-5e59c0ae elementor-widget elementor-widget-text-editor\" data-id=\"5e59c0ae\" data-element_type=\"widget\" data-e-type=\"widget\" data-widget_type=\"text-editor.default\">\n\t\t\t\t<div class=\"elementor-widget-container\">\n\t\t\t\t\t\t\t\t\t<p>Una de les visites que tenia m\u00e9s inter\u00e8s a efectuar en la meva estada a l&#8217;<strong>Hotel Churrut<\/strong>, era el <strong>Museu Chillida Leku<\/strong>, a Hernani, a 38 quil\u00f2metres i poc m\u00e9s de mitja hora de Churrut.<\/p><p>Un gran jard\u00ed-museu de 11 hect\u00e0rees acull m\u00e9s de 40 monumentals escultures, m\u00e9s les contingudes en el <strong>caseriu Zabalaga<\/strong>, al centre del jard\u00ed, reformat i tractat el seu interior com si fos una escultura, s&#8217;exposen obres de menor format i materials m\u00e9s delicats com l&#8217;alabastre, la terra xamota o el paper.<\/p><p>En el seu origen, el caseriu Zabalaga estava dividit en dues parts. El costat est ocupat per una finca d&#8217;esbarjo del segle XIX d&#8217;estil angl\u00e8s, i una zona boscosa. Una frontera vegetal la separava del mas del segle XVI, on vivien el masover i el bestiar i la zona de pastura per aquest bestiar, a la banda oest.<\/p><p>A Chillida li va interessar el caseriu, que va prendre com a punt de refer\u00e8ncia central del jard\u00ed-museu, i que va reconvertir en la part coberta del Museu.<\/p><p>La vila residencial \u00e9s perfectament visible en el recorregut, per\u00f2 no la va integrar en el projecte muse\u00edstic.<\/p>\t\t\t\t\t\t\t\t<\/div>\n\t\t\t\t<\/div>\n\t\t\t\t<div class=\"elementor-element elementor-element-203099ee elementor-widget elementor-widget-heading\" data-id=\"203099ee\" data-element_type=\"widget\" data-e-type=\"widget\" data-widget_type=\"heading.default\">\n\t\t\t\t<div class=\"elementor-widget-container\">\n\t\t\t\t\t<h2 class=\"elementor-heading-title elementor-size-default\">Eduardo Chillida<\/h2>\t\t\t\t<\/div>\n\t\t\t\t<\/div>\n\t\t\t\t<div class=\"elementor-element elementor-element-1d49137c elementor-widget elementor-widget-menu-anchor\" data-id=\"1d49137c\" data-element_type=\"widget\" data-e-type=\"widget\" data-widget_type=\"menu-anchor.default\">\n\t\t\t\t<div class=\"elementor-widget-container\">\n\t\t\t\t\t\t\t<div class=\"elementor-menu-anchor\" id=\"b3903\"><\/div>\n\t\t\t\t\t\t<\/div>\n\t\t\t\t<\/div>\n\t\t\t\t<div class=\"elementor-element elementor-element-2c1f000f elementor-widget elementor-widget-text-editor\" data-id=\"2c1f000f\" data-element_type=\"widget\" data-e-type=\"widget\" data-widget_type=\"text-editor.default\">\n\t\t\t\t<div class=\"elementor-widget-container\">\n\t\t\t\t\t\t\t\t\t<p><strong>Chillida Leku<\/strong> (Lloc Chillida) \u00e9s un espai monogr\u00e0fic creat per l&#8217;escultor <strong>Eduardo Chillida<\/strong> (Donostia\/Sant Sebasti\u00e0 1924-2002) que va n\u00e9ixer com a projecte el 1983, quan Chillida i la seva dona Pilar Belzunce van comprar la finca Zabalaga, en qu\u00e8 exposar una \u00e0mplia mostra de les seves escultures en di\u00e0leg amb la natura.<\/p><p>Es va obrir el Museu a l&#8217;any 2000 i va tancar el 2010 per problemes econ\u00f2mics. En 2019 ha tornat a obrir les seves portes, i \u00e9s quan he tingut ocasi\u00f3 de visitar-lo.<\/p>\t\t\t\t\t\t\t\t<\/div>\n\t\t\t\t<\/div>\n\t\t\t\t<div class=\"elementor-element elementor-element-420da7fd elementor-widget elementor-widget-heading\" data-id=\"420da7fd\" data-element_type=\"widget\" data-e-type=\"widget\" data-widget_type=\"heading.default\">\n\t\t\t\t<div class=\"elementor-widget-container\">\n\t\t\t\t\t<h2 class=\"elementor-heading-title elementor-size-default\">El museu-jard\u00ed<\/h2>\t\t\t\t<\/div>\n\t\t\t\t<\/div>\n\t\t\t\t<div class=\"elementor-element elementor-element-7339dc28 elementor-widget elementor-widget-text-editor\" data-id=\"7339dc28\" data-element_type=\"widget\" data-e-type=\"widget\" data-widget_type=\"text-editor.default\">\n\t\t\t\t<div class=\"elementor-widget-container\">\n\t\t\t\t\t\t\t\t\t<p>Les obres estan disposades en un di\u00e0leg amb l&#8217;entorn, el prat i els arbres, i amb les altres obres que se situen al seu voltant, a dist\u00e0ncies indeterminades.<\/p><p>Encara que l&#8217;orografia i la visual del territori porta de forma gaireb\u00e9 espont\u00e0nia a seguir un recorregut en forma d&#8217;espiral que condueix al punt central de l&#8217;espai, on es troba el Caser\u00edo Zabalaga -que forma un museu cobert per a obres m\u00e9s fr\u00e0gils-, el visitant pot triar el recorregut que vulgui, deixant-se portar per l&#8217;atracci\u00f3 que exerceixin les obres que es van veient en la dist\u00e0ncia. Ser &#8220;<em>guiado por una aroma<\/em>&#8221; en paraules de Chillida.<\/p><p>Aix\u00f2 \u00e9s f\u00e0cil constatar-ho si s&#8217;observen els moviments aparentment aleatoris dels visitants pel parc. \u00c9s aix\u00ed que els senders serveixen com una refer\u00e8ncia, per\u00f2 el moviment dels visitants creua per la gespa a la recerca de cada obra i, un cop arribat, la necess\u00e0ria circumval\u00b7laci\u00f3 a ella, i en alguns casos poder penetrar-hi, per descobrir els m\u00faltiples matisos i perspectives que ofereixen i, com se&#8217;ns diu en el fullet de la visita, tocar-les per aconseguir una simbiosi amb elles.<\/p><p>En el moment de la vista, va ser molt curi\u00f3s poder observar com uns nens i els seus pares utilitzaven el camp d&#8217;escultures per jugar l\u00fadicament amb elles i entre elles.<\/p><p>Observant fotos antigues, crec que ha estat un encert eliminar les tanques arbustius que es veia en elles, deixant net i clara la gespa, de la qual sobresurten les peces, mentre que els arbres dialoguen amb les obres.<\/p><p>Al jard\u00ed es diferencien dues zones. La meitat esquerra \u00e9s un prat que es correspon amb el que antigament eren zona de pastures. Despr\u00e9s del caseriu i el costat dret correspon a la zona boscosa, on les escultures dialoguen realment amb els arbres del bosc.<\/p><p>Al centre el caseriu reconvertit en museu interior.<\/p><p>Les obres exteriors s\u00f3n fonamentalment d&#8217;acer Corten i de granit de l&#8217;\u00cdndia.<\/p><p>L&#8217;acer Corten t\u00e9 una composici\u00f3 qu\u00edmica amb alt contingut en coure, crom i n\u00edquel fan que la seva oxidaci\u00f3 serveixi en realitat per a la creaci\u00f3 d&#8217;una capa de protecci\u00f3 natural enfront de la corrosi\u00f3. El ferro el treballava a la forja, mai fos ni soldat, desenvolupant els seus treballs en la forja industrial de Patricio Echevarr\u00eda, en Legazpia i a la f\u00e0brica Sidenor de Reinosa, a Cant\u00e0bria.<\/p><p>Cal tenir en compte que moltes d&#8217;elles s\u00f3n peces de grans dimensions que poden arribar a superar les 64 tones, com en la colossal escultura <strong>Lotura XXXII<\/strong>.<\/p><p>En les escultures de pedra el material que va triar va ser un granet rosa procedent de l&#8217;\u00cdndia. A m\u00e9s de la seva solidesa i la resist\u00e8ncia a l&#8217;erosi\u00f3, el que va atreure a Chillida va ser el m\u00e8tode d&#8217;extracci\u00f3, seguint l&#8217;ancestral sistema de seguir els plans d&#8217;exfoliaci\u00f3 de la roca, introduint falques de fusta a les esquerdes naturals, i que per humectaci\u00f3 es dilataven i facilitaven el trencament. Aquest sistema li permetia aprofitar l&#8217;exterior rug\u00f3s de la pedra que podia contrastar amb els espais llisos que l&#8217;artista creava al seu interior.<\/p><p>Chillida treballava per s\u00e8ries o &#8220;fam\u00edlies&#8221; sota un mateix lema. Per aquest motiu trobem les obres del mateix lema, numerades per n\u00fameros romans.<\/p><p>Les s\u00e8ries li permetien oferir diferents respostes a la pregunta que guiava cada s\u00e8rie: <em>Lo profundo es el aire<\/em>, <em>Harri<\/em>, <em>Escuchando la piedra<\/em>, realizadas en granit. <em>Lotura<\/em>, <em>Besarkada<\/em>, <em>Consejo al espacio<\/em>, <em>Peine del viento<\/em> o <em>Buscando la luz<\/em>, en acer Corten.<\/p><p>Al Museu es poden contemplar, i reflexionar, sobre cadascuna d&#8217;aquestes s\u00e8ries amb una o diverses obres. En alguns casos presents a la zona exterior i en la interior.<\/p>\t\t\t\t\t\t\t\t<\/div>\n\t\t\t\t<\/div>\n\t\t\t\t<div class=\"elementor-element elementor-element-6cddc919 elementor-widget elementor-widget-menu-anchor\" data-id=\"6cddc919\" data-element_type=\"widget\" data-e-type=\"widget\" data-widget_type=\"menu-anchor.default\">\n\t\t\t\t<div class=\"elementor-widget-container\">\n\t\t\t\t\t\t\t<div class=\"elementor-menu-anchor\" id=\"b3904\"><\/div>\n\t\t\t\t\t\t<\/div>\n\t\t\t\t<\/div>\n\t\t\t\t<div class=\"elementor-element elementor-element-b8fa639 elementor-widget elementor-widget-heading\" data-id=\"b8fa639\" data-element_type=\"widget\" data-e-type=\"widget\" data-widget_type=\"heading.default\">\n\t\t\t\t<div class=\"elementor-widget-container\">\n\t\t\t\t\t<h2 class=\"elementor-heading-title elementor-size-default\">Recorregut de la visita<\/h2>\t\t\t\t<\/div>\n\t\t\t\t<\/div>\n\t\t\t\t<div class=\"elementor-element elementor-element-118121b7 elementor-widget elementor-widget-image\" data-id=\"118121b7\" data-element_type=\"widget\" data-e-type=\"widget\" data-widget_type=\"image.default\">\n\t\t\t\t<div class=\"elementor-widget-container\">\n\t\t\t\t\t\t\t\t\t\t\t\t<figure class=\"wp-caption\">\n\t\t\t\t\t\t\t\t\t\t<img decoding=\"async\" width=\"768\" height=\"512\" src=\"https:\/\/www.elturistatranquil.com\/wp-content\/uploads\/F03-Museo-Chillida-Leku-Google-earth-2019-10-08-1.jpg\" class=\"attachment-large size-large wp-image-24064\" alt=\"\" srcset=\"https:\/\/www.elturistatranquil.com\/wp-content\/uploads\/F03-Museo-Chillida-Leku-Google-earth-2019-10-08-1.jpg 768w, https:\/\/www.elturistatranquil.com\/wp-content\/uploads\/F03-Museo-Chillida-Leku-Google-earth-2019-10-08-1-339x226.jpg 339w\" sizes=\"(max-width: 768px) 100vw, 768px\" \/>\t\t\t\t\t\t\t\t\t\t\t<figcaption class=\"widget-image-caption wp-caption-text\">Museu Chillida Leku (Google earth 2019-10-08)<\/figcaption>\n\t\t\t\t\t\t\t\t\t\t<\/figure>\n\t\t\t\t\t\t\t\t\t<\/div>\n\t\t\t\t<\/div>\n\t\t\t\t<div class=\"elementor-element elementor-element-d0bbc65 elementor-widget elementor-widget-text-editor\" data-id=\"d0bbc65\" data-element_type=\"widget\" data-e-type=\"widget\" data-widget_type=\"text-editor.default\">\n\t\t\t\t<div class=\"elementor-widget-container\">\n\t\t\t\t\t\t\t\t\t<p>L&#8217;entrada al recinte (<strong>A<\/strong>), amb aparcament interior (<strong>PK<\/strong>), ja ens situa en la tem\u00e0tica del que anem a contemplar.<\/p>\t\t\t\t\t\t\t\t<\/div>\n\t\t\t\t<\/div>\n\t\t\t\t<div class=\"elementor-element elementor-element-23d3abe9 elementor-widget elementor-widget-image\" data-id=\"23d3abe9\" data-element_type=\"widget\" data-e-type=\"widget\" data-widget_type=\"image.default\">\n\t\t\t\t<div class=\"elementor-widget-container\">\n\t\t\t\t\t\t\t\t\t\t\t\t<figure class=\"wp-caption\">\n\t\t\t\t\t\t\t\t\t\t<img loading=\"lazy\" decoding=\"async\" width=\"768\" height=\"512\" src=\"https:\/\/www.elturistatranquil.com\/wp-content\/uploads\/F04-Museo-Chillida-Leku-1.jpg\" class=\"attachment-large size-large wp-image-24066\" alt=\"\" srcset=\"https:\/\/www.elturistatranquil.com\/wp-content\/uploads\/F04-Museo-Chillida-Leku-1.jpg 768w, https:\/\/www.elturistatranquil.com\/wp-content\/uploads\/F04-Museo-Chillida-Leku-1-339x226.jpg 339w\" sizes=\"(max-width: 768px) 100vw, 768px\" \/>\t\t\t\t\t\t\t\t\t\t\t<figcaption class=\"widget-image-caption wp-caption-text\"><\/figcaption>\n\t\t\t\t\t\t\t\t\t\t<\/figure>\n\t\t\t\t\t\t\t\t\t<\/div>\n\t\t\t\t<\/div>\n\t\t\t\t<div class=\"elementor-element elementor-element-3db4acc6 elementor-widget elementor-widget-text-editor\" data-id=\"3db4acc6\" data-element_type=\"widget\" data-e-type=\"widget\" data-widget_type=\"text-editor.default\">\n\t\t\t\t<div class=\"elementor-widget-container\">\n\t\t\t\t\t\t\t\t\t<p>El recorregut que farem seguir\u00e0 una mena d&#8217;espiral des de (<strong>A<\/strong>) fins a (<strong>F<\/strong>).<\/p><p>Un contenidor ben adaptat i un edifici modern (<strong>B<\/strong>) acullen la recepci\u00f3 i els serveis als visitants.<\/p>\t\t\t\t\t\t\t\t<\/div>\n\t\t\t\t<\/div>\n\t\t\t\t<div class=\"elementor-element elementor-element-6f36c90a elementor-widget elementor-widget-image\" data-id=\"6f36c90a\" data-element_type=\"widget\" data-e-type=\"widget\" data-widget_type=\"image.default\">\n\t\t\t\t<div class=\"elementor-widget-container\">\n\t\t\t\t\t\t\t\t\t\t\t\t<figure class=\"wp-caption\">\n\t\t\t\t\t\t\t\t\t\t<img loading=\"lazy\" decoding=\"async\" width=\"768\" height=\"511\" src=\"https:\/\/www.elturistatranquil.com\/wp-content\/uploads\/F05-Museo-Chillida-Leku-1.jpg\" class=\"attachment-large size-large wp-image-24068\" alt=\"\" srcset=\"https:\/\/www.elturistatranquil.com\/wp-content\/uploads\/F05-Museo-Chillida-Leku-1.jpg 768w, https:\/\/www.elturistatranquil.com\/wp-content\/uploads\/F05-Museo-Chillida-Leku-1-339x226.jpg 339w\" sizes=\"(max-width: 768px) 100vw, 768px\" \/>\t\t\t\t\t\t\t\t\t\t\t<figcaption class=\"widget-image-caption wp-caption-text\"><\/figcaption>\n\t\t\t\t\t\t\t\t\t\t<\/figure>\n\t\t\t\t\t\t\t\t\t<\/div>\n\t\t\t\t<\/div>\n\t\t\t\t<div class=\"elementor-element elementor-element-3257abaa elementor-widget elementor-widget-image\" data-id=\"3257abaa\" data-element_type=\"widget\" data-e-type=\"widget\" data-widget_type=\"image.default\">\n\t\t\t\t<div class=\"elementor-widget-container\">\n\t\t\t\t\t\t\t\t\t\t\t\t<figure class=\"wp-caption\">\n\t\t\t\t\t\t\t\t\t\t<img loading=\"lazy\" decoding=\"async\" width=\"768\" height=\"512\" src=\"https:\/\/www.elturistatranquil.com\/wp-content\/uploads\/F06-Museo-Chillida-Leku-1.jpg\" class=\"attachment-large size-large wp-image-24070\" alt=\"\" srcset=\"https:\/\/www.elturistatranquil.com\/wp-content\/uploads\/F06-Museo-Chillida-Leku-1.jpg 768w, https:\/\/www.elturistatranquil.com\/wp-content\/uploads\/F06-Museo-Chillida-Leku-1-339x226.jpg 339w\" sizes=\"(max-width: 768px) 100vw, 768px\" \/>\t\t\t\t\t\t\t\t\t\t\t<figcaption class=\"widget-image-caption wp-caption-text\"><\/figcaption>\n\t\t\t\t\t\t\t\t\t\t<\/figure>\n\t\t\t\t\t\t\t\t\t<\/div>\n\t\t\t\t<\/div>\n\t\t\t\t<div class=\"elementor-element elementor-element-bb04373 elementor-widget elementor-widget-text-editor\" data-id=\"bb04373\" data-element_type=\"widget\" data-e-type=\"widget\" data-widget_type=\"text-editor.default\">\n\t\t\t\t<div class=\"elementor-widget-container\">\n\t\t\t\t\t\t\t\t\t<p>En front se&#8217;ns ofereix una primera perspectiva de la zona de prats que ocupa tota la zona oest (<strong>C<\/strong>).<\/p><p>A mesura que ens anem despla\u00e7ant per aquest immens territori podrem anar apreciant les diverses imatges que Chillida va imaginar per a aquesta zona.<\/p>\t\t\t\t\t\t\t\t<\/div>\n\t\t\t\t<\/div>\n\t\t\t\t<div class=\"elementor-element elementor-element-505bcb7e elementor-widget elementor-widget-image\" data-id=\"505bcb7e\" data-element_type=\"widget\" data-e-type=\"widget\" data-widget_type=\"image.default\">\n\t\t\t\t<div class=\"elementor-widget-container\">\n\t\t\t\t\t\t\t\t\t\t\t\t<figure class=\"wp-caption\">\n\t\t\t\t\t\t\t\t\t\t<img loading=\"lazy\" decoding=\"async\" width=\"768\" height=\"511\" src=\"https:\/\/www.elturistatranquil.com\/wp-content\/uploads\/F07-Museo-Chillida-Leku-1.jpg\" class=\"attachment-large size-large wp-image-24072\" alt=\"\" srcset=\"https:\/\/www.elturistatranquil.com\/wp-content\/uploads\/F07-Museo-Chillida-Leku-1.jpg 768w, https:\/\/www.elturistatranquil.com\/wp-content\/uploads\/F07-Museo-Chillida-Leku-1-339x226.jpg 339w\" sizes=\"(max-width: 768px) 100vw, 768px\" \/>\t\t\t\t\t\t\t\t\t\t\t<figcaption class=\"widget-image-caption wp-caption-text\"><\/figcaption>\n\t\t\t\t\t\t\t\t\t\t<\/figure>\n\t\t\t\t\t\t\t\t\t<\/div>\n\t\t\t\t<\/div>\n\t\t\t\t<div class=\"elementor-element elementor-element-4bd690cd elementor-widget elementor-widget-image\" data-id=\"4bd690cd\" data-element_type=\"widget\" data-e-type=\"widget\" data-widget_type=\"image.default\">\n\t\t\t\t<div class=\"elementor-widget-container\">\n\t\t\t\t\t\t\t\t\t\t\t\t<figure class=\"wp-caption\">\n\t\t\t\t\t\t\t\t\t\t<img loading=\"lazy\" decoding=\"async\" width=\"768\" height=\"511\" src=\"https:\/\/www.elturistatranquil.com\/wp-content\/uploads\/F08-Museo-Chillida-Leku-1.jpg\" class=\"attachment-large size-large wp-image-24074\" alt=\"\" srcset=\"https:\/\/www.elturistatranquil.com\/wp-content\/uploads\/F08-Museo-Chillida-Leku-1.jpg 768w, https:\/\/www.elturistatranquil.com\/wp-content\/uploads\/F08-Museo-Chillida-Leku-1-339x226.jpg 339w\" sizes=\"(max-width: 768px) 100vw, 768px\" \/>\t\t\t\t\t\t\t\t\t\t\t<figcaption class=\"widget-image-caption wp-caption-text\"><\/figcaption>\n\t\t\t\t\t\t\t\t\t\t<\/figure>\n\t\t\t\t\t\t\t\t\t<\/div>\n\t\t\t\t<\/div>\n\t\t\t\t<div class=\"elementor-element elementor-element-3b6ff09b elementor-widget elementor-widget-image\" data-id=\"3b6ff09b\" data-element_type=\"widget\" data-e-type=\"widget\" data-widget_type=\"image.default\">\n\t\t\t\t<div class=\"elementor-widget-container\">\n\t\t\t\t\t\t\t\t\t\t\t\t<figure class=\"wp-caption\">\n\t\t\t\t\t\t\t\t\t\t<img loading=\"lazy\" decoding=\"async\" width=\"768\" height=\"511\" src=\"https:\/\/www.elturistatranquil.com\/wp-content\/uploads\/F09-Museo-Chillida-Leku-1.jpg\" class=\"attachment-large size-large wp-image-24076\" alt=\"\" srcset=\"https:\/\/www.elturistatranquil.com\/wp-content\/uploads\/F09-Museo-Chillida-Leku-1.jpg 768w, https:\/\/www.elturistatranquil.com\/wp-content\/uploads\/F09-Museo-Chillida-Leku-1-339x226.jpg 339w\" sizes=\"(max-width: 768px) 100vw, 768px\" \/>\t\t\t\t\t\t\t\t\t\t\t<figcaption class=\"widget-image-caption wp-caption-text\"><\/figcaption>\n\t\t\t\t\t\t\t\t\t\t<\/figure>\n\t\t\t\t\t\t\t\t\t<\/div>\n\t\t\t\t<\/div>\n\t\t\t\t<div class=\"elementor-element elementor-element-414ce895 elementor-widget elementor-widget-image\" data-id=\"414ce895\" data-element_type=\"widget\" data-e-type=\"widget\" data-widget_type=\"image.default\">\n\t\t\t\t<div class=\"elementor-widget-container\">\n\t\t\t\t\t\t\t\t\t\t\t\t<figure class=\"wp-caption\">\n\t\t\t\t\t\t\t\t\t\t<img loading=\"lazy\" decoding=\"async\" width=\"768\" height=\"511\" src=\"https:\/\/www.elturistatranquil.com\/wp-content\/uploads\/F10-Museo-Chillida-Leku-1.jpg\" class=\"attachment-large size-large wp-image-24078\" alt=\"\" srcset=\"https:\/\/www.elturistatranquil.com\/wp-content\/uploads\/F10-Museo-Chillida-Leku-1.jpg 768w, https:\/\/www.elturistatranquil.com\/wp-content\/uploads\/F10-Museo-Chillida-Leku-1-339x226.jpg 339w\" sizes=\"(max-width: 768px) 100vw, 768px\" \/>\t\t\t\t\t\t\t\t\t\t\t<figcaption class=\"widget-image-caption wp-caption-text\"><\/figcaption>\n\t\t\t\t\t\t\t\t\t\t<\/figure>\n\t\t\t\t\t\t\t\t\t<\/div>\n\t\t\t\t<\/div>\n\t\t\t\t<div class=\"elementor-element elementor-element-707453a9 elementor-widget elementor-widget-text-editor\" data-id=\"707453a9\" data-element_type=\"widget\" data-e-type=\"widget\" data-widget_type=\"text-editor.default\">\n\t\t\t\t<div class=\"elementor-widget-container\">\n\t\t\t\t\t\t\t\t\t<p>En arribar a la zona nord-est ens endinsem en la part boscosa (<strong>D<\/strong>).<\/p><p>A l&#8217;extrem est (<strong>G<\/strong>) es localitza la casa d&#8217;estil angl\u00e8s que van habitar els Zabalaga.<\/p>\t\t\t\t\t\t\t\t<\/div>\n\t\t\t\t<\/div>\n\t\t\t\t<div class=\"elementor-element elementor-element-e1e44f7 elementor-widget elementor-widget-image\" data-id=\"e1e44f7\" data-element_type=\"widget\" data-e-type=\"widget\" data-widget_type=\"image.default\">\n\t\t\t\t<div class=\"elementor-widget-container\">\n\t\t\t\t\t\t\t\t\t\t\t\t<figure class=\"wp-caption\">\n\t\t\t\t\t\t\t\t\t\t<img loading=\"lazy\" decoding=\"async\" width=\"768\" height=\"511\" src=\"https:\/\/www.elturistatranquil.com\/wp-content\/uploads\/F11-Museo-Chillida-Leku-1.jpg\" class=\"attachment-large size-large wp-image-24080\" alt=\"\" srcset=\"https:\/\/www.elturistatranquil.com\/wp-content\/uploads\/F11-Museo-Chillida-Leku-1.jpg 768w, https:\/\/www.elturistatranquil.com\/wp-content\/uploads\/F11-Museo-Chillida-Leku-1-339x226.jpg 339w\" sizes=\"(max-width: 768px) 100vw, 768px\" \/>\t\t\t\t\t\t\t\t\t\t\t<figcaption class=\"widget-image-caption wp-caption-text\"><\/figcaption>\n\t\t\t\t\t\t\t\t\t\t<\/figure>\n\t\t\t\t\t\t\t\t\t<\/div>\n\t\t\t\t<\/div>\n\t\t\t\t<div class=\"elementor-element elementor-element-7e24f0c5 elementor-widget elementor-widget-image\" data-id=\"7e24f0c5\" data-element_type=\"widget\" data-e-type=\"widget\" data-widget_type=\"image.default\">\n\t\t\t\t<div class=\"elementor-widget-container\">\n\t\t\t\t\t\t\t\t\t\t\t\t<figure class=\"wp-caption\">\n\t\t\t\t\t\t\t\t\t\t<img loading=\"lazy\" decoding=\"async\" width=\"768\" height=\"511\" src=\"https:\/\/www.elturistatranquil.com\/wp-content\/uploads\/F12-Museo-Chillida-Leku-1.jpg\" class=\"attachment-large size-large wp-image-24082\" alt=\"\" srcset=\"https:\/\/www.elturistatranquil.com\/wp-content\/uploads\/F12-Museo-Chillida-Leku-1.jpg 768w, https:\/\/www.elturistatranquil.com\/wp-content\/uploads\/F12-Museo-Chillida-Leku-1-339x226.jpg 339w\" sizes=\"(max-width: 768px) 100vw, 768px\" \/>\t\t\t\t\t\t\t\t\t\t\t<figcaption class=\"widget-image-caption wp-caption-text\"><\/figcaption>\n\t\t\t\t\t\t\t\t\t\t<\/figure>\n\t\t\t\t\t\t\t\t\t<\/div>\n\t\t\t\t<\/div>\n\t\t\t\t<div class=\"elementor-element elementor-element-4c0d8900 elementor-widget elementor-widget-text-editor\" data-id=\"4c0d8900\" data-element_type=\"widget\" data-e-type=\"widget\" data-widget_type=\"text-editor.default\">\n\t\t\t\t<div class=\"elementor-widget-container\">\n\t\t\t\t\t\t\t\t\t<p>En aquest entorn (<strong>E<\/strong>), les escultures passen a dialogar amb l&#8217;arbreda.<\/p>\t\t\t\t\t\t\t\t<\/div>\n\t\t\t\t<\/div>\n\t\t\t\t<div class=\"elementor-element elementor-element-382fe504 elementor-widget elementor-widget-image\" data-id=\"382fe504\" data-element_type=\"widget\" data-e-type=\"widget\" data-widget_type=\"image.default\">\n\t\t\t\t<div class=\"elementor-widget-container\">\n\t\t\t\t\t\t\t\t\t\t\t\t<figure class=\"wp-caption\">\n\t\t\t\t\t\t\t\t\t\t<img loading=\"lazy\" decoding=\"async\" width=\"768\" height=\"511\" src=\"https:\/\/www.elturistatranquil.com\/wp-content\/uploads\/F13-Museo-Chillida-Leku-1.jpg\" class=\"attachment-large size-large wp-image-24084\" alt=\"\" srcset=\"https:\/\/www.elturistatranquil.com\/wp-content\/uploads\/F13-Museo-Chillida-Leku-1.jpg 768w, https:\/\/www.elturistatranquil.com\/wp-content\/uploads\/F13-Museo-Chillida-Leku-1-339x226.jpg 339w\" sizes=\"(max-width: 768px) 100vw, 768px\" \/>\t\t\t\t\t\t\t\t\t\t\t<figcaption class=\"widget-image-caption wp-caption-text\"><\/figcaption>\n\t\t\t\t\t\t\t\t\t\t<\/figure>\n\t\t\t\t\t\t\t\t\t<\/div>\n\t\t\t\t<\/div>\n\t\t\t\t<div class=\"elementor-element elementor-element-14332cf9 elementor-widget elementor-widget-image\" data-id=\"14332cf9\" data-element_type=\"widget\" data-e-type=\"widget\" data-widget_type=\"image.default\">\n\t\t\t\t<div class=\"elementor-widget-container\">\n\t\t\t\t\t\t\t\t\t\t\t\t<figure class=\"wp-caption\">\n\t\t\t\t\t\t\t\t\t\t<img loading=\"lazy\" decoding=\"async\" width=\"768\" height=\"511\" src=\"https:\/\/www.elturistatranquil.com\/wp-content\/uploads\/F14-Museo-Chillida-Leku-1.jpg\" class=\"attachment-large size-large wp-image-24086\" alt=\"\" srcset=\"https:\/\/www.elturistatranquil.com\/wp-content\/uploads\/F14-Museo-Chillida-Leku-1.jpg 768w, https:\/\/www.elturistatranquil.com\/wp-content\/uploads\/F14-Museo-Chillida-Leku-1-339x226.jpg 339w\" sizes=\"(max-width: 768px) 100vw, 768px\" \/>\t\t\t\t\t\t\t\t\t\t\t<figcaption class=\"widget-image-caption wp-caption-text\"><\/figcaption>\n\t\t\t\t\t\t\t\t\t\t<\/figure>\n\t\t\t\t\t\t\t\t\t<\/div>\n\t\t\t\t<\/div>\n\t\t\t\t<div class=\"elementor-element elementor-element-3c5d03ad elementor-widget elementor-widget-image\" data-id=\"3c5d03ad\" data-element_type=\"widget\" data-e-type=\"widget\" data-widget_type=\"image.default\">\n\t\t\t\t<div class=\"elementor-widget-container\">\n\t\t\t\t\t\t\t\t\t\t\t\t<figure class=\"wp-caption\">\n\t\t\t\t\t\t\t\t\t\t<img loading=\"lazy\" decoding=\"async\" width=\"768\" height=\"511\" src=\"https:\/\/www.elturistatranquil.com\/wp-content\/uploads\/F15-Museo-Chillida-Leku-1.jpg\" class=\"attachment-large size-large wp-image-24088\" alt=\"\" srcset=\"https:\/\/www.elturistatranquil.com\/wp-content\/uploads\/F15-Museo-Chillida-Leku-1.jpg 768w, https:\/\/www.elturistatranquil.com\/wp-content\/uploads\/F15-Museo-Chillida-Leku-1-339x226.jpg 339w\" sizes=\"(max-width: 768px) 100vw, 768px\" \/>\t\t\t\t\t\t\t\t\t\t\t<figcaption class=\"widget-image-caption wp-caption-text\"><\/figcaption>\n\t\t\t\t\t\t\t\t\t\t<\/figure>\n\t\t\t\t\t\t\t\t\t<\/div>\n\t\t\t\t<\/div>\n\t\t\t\t<div class=\"elementor-element elementor-element-1c4a5f57 elementor-widget elementor-widget-text-editor\" data-id=\"1c4a5f57\" data-element_type=\"widget\" data-e-type=\"widget\" data-widget_type=\"text-editor.default\">\n\t\t\t\t<div class=\"elementor-widget-container\">\n\t\t\t\t\t\t\t\t\t<p>S&#8217;arriba aqu\u00ed al final del recorregut exterior. Ser\u00e0 el moment d&#8217;observar el <strong>caseriu Zabalaga<\/strong> \u00a0(<strong>F<\/strong>) i entrar al museu interior.<\/p>\t\t\t\t\t\t\t\t<\/div>\n\t\t\t\t<\/div>\n\t\t\t\t<div class=\"elementor-element elementor-element-65ef906f elementor-widget elementor-widget-menu-anchor\" data-id=\"65ef906f\" data-element_type=\"widget\" data-e-type=\"widget\" data-widget_type=\"menu-anchor.default\">\n\t\t\t\t<div class=\"elementor-widget-container\">\n\t\t\t\t\t\t\t<div class=\"elementor-menu-anchor\" id=\"b3905\"><\/div>\n\t\t\t\t\t\t<\/div>\n\t\t\t\t<\/div>\n\t\t\t\t<div class=\"elementor-element elementor-element-22abbbc0 elementor-widget elementor-widget-image\" data-id=\"22abbbc0\" data-element_type=\"widget\" data-e-type=\"widget\" data-widget_type=\"image.default\">\n\t\t\t\t<div class=\"elementor-widget-container\">\n\t\t\t\t\t\t\t\t\t\t\t\t<figure class=\"wp-caption\">\n\t\t\t\t\t\t\t\t\t\t<img loading=\"lazy\" decoding=\"async\" width=\"768\" height=\"512\" src=\"https:\/\/www.elturistatranquil.com\/wp-content\/uploads\/F16-Museo-Chillida-Leku-1.jpg\" class=\"attachment-large size-large wp-image-24090\" alt=\"\" srcset=\"https:\/\/www.elturistatranquil.com\/wp-content\/uploads\/F16-Museo-Chillida-Leku-1.jpg 768w, https:\/\/www.elturistatranquil.com\/wp-content\/uploads\/F16-Museo-Chillida-Leku-1-339x226.jpg 339w\" sizes=\"(max-width: 768px) 100vw, 768px\" \/>\t\t\t\t\t\t\t\t\t\t\t<figcaption class=\"widget-image-caption wp-caption-text\"><\/figcaption>\n\t\t\t\t\t\t\t\t\t\t<\/figure>\n\t\t\t\t\t\t\t\t\t<\/div>\n\t\t\t\t<\/div>\n\t\t\t\t<div class=\"elementor-element elementor-element-713396ae elementor-widget elementor-widget-heading\" data-id=\"713396ae\" data-element_type=\"widget\" data-e-type=\"widget\" data-widget_type=\"heading.default\">\n\t\t\t\t<div class=\"elementor-widget-container\">\n\t\t\t\t\t<h3 class=\"elementor-heading-title elementor-size-default\">Escultures exteriors<\/h3>\t\t\t\t<\/div>\n\t\t\t\t<\/div>\n\t\t\t\t<div class=\"elementor-element elementor-element-60618f4c elementor-widget elementor-widget-menu-anchor\" data-id=\"60618f4c\" data-element_type=\"widget\" data-e-type=\"widget\" data-widget_type=\"menu-anchor.default\">\n\t\t\t\t<div class=\"elementor-widget-container\">\n\t\t\t\t\t\t\t<div class=\"elementor-menu-anchor\" id=\"b3906\"><\/div>\n\t\t\t\t\t\t<\/div>\n\t\t\t\t<\/div>\n\t\t\t\t<div class=\"elementor-element elementor-element-3bbd33ac elementor-widget elementor-widget-text-editor\" data-id=\"3bbd33ac\" data-element_type=\"widget\" data-e-type=\"widget\" data-widget_type=\"text-editor.default\">\n\t\t\t\t<div class=\"elementor-widget-container\">\n\t\t\t\t\t\t\t\t\t<p>Ja he indicat que Chillida no va establir cap recorregut definit per visitar el Museu. La presentaci\u00f3 de les fotografies seguir\u00e0 el recorregut que vaig efectuar amb el mat\u00eds que en presentar una obra de la qual hi ha diversos exemples d&#8217;aquesta s\u00e8rie els agrupar\u00e9, amb independ\u00e8ncia de la seva posici\u00f3 dispersa al jard\u00ed,<\/p><p>No s\u00e9 si trair\u00e9 l&#8217;esperit de la concepci\u00f3 que Chillida va voler donar a la seva distribuci\u00f3 espacial, per\u00f2 crec que pot ajudar a penetrar en certa mesura en l&#8217;esperit d&#8217;aquesta s\u00e8rie, amb independ\u00e8ncia de la seva cronologia.<\/p><p>Les obres exposades a l\u2019exterior comprenen un per\u00edode des de 1986 fins a l&#8217;any 2000.<\/p>\t\t\t\t\t\t\t\t<\/div>\n\t\t\t\t<\/div>\n\t\t\t\t<div class=\"elementor-element elementor-element-792c6e66 elementor-widget elementor-widget-heading\" data-id=\"792c6e66\" data-element_type=\"widget\" data-e-type=\"widget\" data-widget_type=\"heading.default\">\n\t\t\t\t<div class=\"elementor-widget-container\">\n\t\t\t\t\t<h4 class=\"elementor-heading-title elementor-size-default\">Lo profundo es el aire<\/h4>\t\t\t\t<\/div>\n\t\t\t\t<\/div>\n\t\t\t\t<div class=\"elementor-element elementor-element-53b4cb0c elementor-widget elementor-widget-text-editor\" data-id=\"53b4cb0c\" data-element_type=\"widget\" data-e-type=\"widget\" data-widget_type=\"text-editor.default\">\n\t\t\t\t<div class=\"elementor-widget-container\">\n\t\t\t\t\t\t\t\t\t<p>El nom d&#8217;aquesta s\u00e8rie iniciada el 1984, <strong>Lo profundo del aire<\/strong>, procedeix del vers de Jorge Guill\u00e9n: &#8220;<em> M\u00e1s all\u00e1 lo profundo es el aire<\/em> &#8221; i el va prendre per fer un homenatge al poeta.<\/p><p>Per Chillida l&#8217;espai i l&#8217;aire s\u00f3n materials tan essencials com la pedra o la fusta.<\/p><p>Trobem cinc escultures d&#8217;aquesta s\u00e8rie, i un altre al Museu interior.<\/p>\t\t\t\t\t\t\t\t<\/div>\n\t\t\t\t<\/div>\n\t\t\t\t<div class=\"elementor-element elementor-element-4dc3c10e elementor-widget elementor-widget-image\" data-id=\"4dc3c10e\" data-element_type=\"widget\" data-e-type=\"widget\" data-widget_type=\"image.default\">\n\t\t\t\t<div class=\"elementor-widget-container\">\n\t\t\t\t\t\t\t\t\t\t\t\t<figure class=\"wp-caption\">\n\t\t\t\t\t\t\t\t\t\t<img loading=\"lazy\" decoding=\"async\" width=\"768\" height=\"511\" src=\"https:\/\/www.elturistatranquil.com\/wp-content\/uploads\/F17-Chillida-Lo-profundo-es-el-aire-IV-1.jpg\" class=\"attachment-large size-large wp-image-24092\" alt=\"\" srcset=\"https:\/\/www.elturistatranquil.com\/wp-content\/uploads\/F17-Chillida-Lo-profundo-es-el-aire-IV-1.jpg 768w, https:\/\/www.elturistatranquil.com\/wp-content\/uploads\/F17-Chillida-Lo-profundo-es-el-aire-IV-1-339x226.jpg 339w\" sizes=\"(max-width: 768px) 100vw, 768px\" \/>\t\t\t\t\t\t\t\t\t\t\t<figcaption class=\"widget-image-caption wp-caption-text\">Lo profundo es el aire IV, 1987, granit<\/figcaption>\n\t\t\t\t\t\t\t\t\t\t<\/figure>\n\t\t\t\t\t\t\t\t\t<\/div>\n\t\t\t\t<\/div>\n\t\t\t\t<div class=\"elementor-element elementor-element-27424dca elementor-widget elementor-widget-text-editor\" data-id=\"27424dca\" data-element_type=\"widget\" data-e-type=\"widget\" data-widget_type=\"text-editor.default\">\n\t\t\t\t<div class=\"elementor-widget-container\">\n\t\t\t\t\t\t\t\t\t<p>Es admirable la compenetraci\u00f3 entre escultura i caseriu.<\/p>\t\t\t\t\t\t\t\t<\/div>\n\t\t\t\t<\/div>\n\t\t\t\t<div class=\"elementor-element elementor-element-7d5d8604 elementor-widget elementor-widget-image\" data-id=\"7d5d8604\" data-element_type=\"widget\" data-e-type=\"widget\" data-widget_type=\"image.default\">\n\t\t\t\t<div class=\"elementor-widget-container\">\n\t\t\t\t\t\t\t\t\t\t\t\t<figure class=\"wp-caption\">\n\t\t\t\t\t\t\t\t\t\t<img loading=\"lazy\" decoding=\"async\" width=\"768\" height=\"511\" src=\"https:\/\/www.elturistatranquil.com\/wp-content\/uploads\/F18-Chillida-Lo-profundo-es-el-aire-Estela-XII-1.jpg\" class=\"attachment-large size-large wp-image-24094\" alt=\"\" srcset=\"https:\/\/www.elturistatranquil.com\/wp-content\/uploads\/F18-Chillida-Lo-profundo-es-el-aire-Estela-XII-1.jpg 768w, https:\/\/www.elturistatranquil.com\/wp-content\/uploads\/F18-Chillida-Lo-profundo-es-el-aire-Estela-XII-1-339x226.jpg 339w\" sizes=\"(max-width: 768px) 100vw, 768px\" \/>\t\t\t\t\t\t\t\t\t\t\t<figcaption class=\"widget-image-caption wp-caption-text\">Lo profundo es el aire, Estela XII, 1990, granit<\/figcaption>\n\t\t\t\t\t\t\t\t\t\t<\/figure>\n\t\t\t\t\t\t\t\t\t<\/div>\n\t\t\t\t<\/div>\n\t\t\t\t<div class=\"elementor-element elementor-element-610ccb60 elementor-widget elementor-widget-image\" data-id=\"610ccb60\" data-element_type=\"widget\" data-e-type=\"widget\" data-widget_type=\"image.default\">\n\t\t\t\t<div class=\"elementor-widget-container\">\n\t\t\t\t\t\t\t\t\t\t\t\t<figure class=\"wp-caption\">\n\t\t\t\t\t\t\t\t\t\t<img loading=\"lazy\" decoding=\"async\" width=\"768\" height=\"511\" src=\"https:\/\/www.elturistatranquil.com\/wp-content\/uploads\/F19-Chillida-Lo-profundo-es-el-aire-XIV-1-1.jpg\" class=\"attachment-large size-large wp-image-24096\" alt=\"\" srcset=\"https:\/\/www.elturistatranquil.com\/wp-content\/uploads\/F19-Chillida-Lo-profundo-es-el-aire-XIV-1-1.jpg 768w, https:\/\/www.elturistatranquil.com\/wp-content\/uploads\/F19-Chillida-Lo-profundo-es-el-aire-XIV-1-1-339x226.jpg 339w\" sizes=\"(max-width: 768px) 100vw, 768px\" \/>\t\t\t\t\t\t\t\t\t\t\t<figcaption class=\"widget-image-caption wp-caption-text\">Lo profundo es el aire XIV, 1991, granit<\/figcaption>\n\t\t\t\t\t\t\t\t\t\t<\/figure>\n\t\t\t\t\t\t\t\t\t<\/div>\n\t\t\t\t<\/div>\n\t\t\t\t<div class=\"elementor-element elementor-element-41f1e7d8 elementor-widget elementor-widget-image\" data-id=\"41f1e7d8\" data-element_type=\"widget\" data-e-type=\"widget\" data-widget_type=\"image.default\">\n\t\t\t\t<div class=\"elementor-widget-container\">\n\t\t\t\t\t\t\t\t\t\t\t\t<figure class=\"wp-caption\">\n\t\t\t\t\t\t\t\t\t\t<img loading=\"lazy\" decoding=\"async\" width=\"768\" height=\"511\" src=\"https:\/\/www.elturistatranquil.com\/wp-content\/uploads\/F20-Chillida-Lo-profundo-es-el-aire-XVII-1.jpg\" class=\"attachment-large size-large wp-image-24098\" alt=\"\" srcset=\"https:\/\/www.elturistatranquil.com\/wp-content\/uploads\/F20-Chillida-Lo-profundo-es-el-aire-XVII-1.jpg 768w, https:\/\/www.elturistatranquil.com\/wp-content\/uploads\/F20-Chillida-Lo-profundo-es-el-aire-XVII-1-339x226.jpg 339w\" sizes=\"(max-width: 768px) 100vw, 768px\" \/>\t\t\t\t\t\t\t\t\t\t\t<figcaption class=\"widget-image-caption wp-caption-text\">Lo profundo es el aire XVII, 1997, granit<\/figcaption>\n\t\t\t\t\t\t\t\t\t\t<\/figure>\n\t\t\t\t\t\t\t\t\t<\/div>\n\t\t\t\t<\/div>\n\t\t\t\t<div class=\"elementor-element elementor-element-61816893 elementor-widget elementor-widget-menu-anchor\" data-id=\"61816893\" data-element_type=\"widget\" data-e-type=\"widget\" data-widget_type=\"menu-anchor.default\">\n\t\t\t\t<div class=\"elementor-widget-container\">\n\t\t\t\t\t\t\t<div class=\"elementor-menu-anchor\" id=\"b3907\"><\/div>\n\t\t\t\t\t\t<\/div>\n\t\t\t\t<\/div>\n\t\t\t\t<div class=\"elementor-element elementor-element-444af3e8 elementor-widget elementor-widget-image\" data-id=\"444af3e8\" data-element_type=\"widget\" data-e-type=\"widget\" data-widget_type=\"image.default\">\n\t\t\t\t<div class=\"elementor-widget-container\">\n\t\t\t\t\t\t\t\t\t\t\t\t<figure class=\"wp-caption\">\n\t\t\t\t\t\t\t\t\t\t<img loading=\"lazy\" decoding=\"async\" width=\"768\" height=\"511\" src=\"https:\/\/www.elturistatranquil.com\/wp-content\/uploads\/F21-Chillida-Lo-profundo-es-el-aire-XVIII-1-1.jpg\" class=\"attachment-large size-large wp-image-24100\" alt=\"\" srcset=\"https:\/\/www.elturistatranquil.com\/wp-content\/uploads\/F21-Chillida-Lo-profundo-es-el-aire-XVIII-1-1.jpg 768w, https:\/\/www.elturistatranquil.com\/wp-content\/uploads\/F21-Chillida-Lo-profundo-es-el-aire-XVIII-1-1-339x226.jpg 339w\" sizes=\"(max-width: 768px) 100vw, 768px\" \/>\t\t\t\t\t\t\t\t\t\t\t<figcaption class=\"widget-image-caption wp-caption-text\">Lo profundo es el aire XVIII, 1998, granit<\/figcaption>\n\t\t\t\t\t\t\t\t\t\t<\/figure>\n\t\t\t\t\t\t\t\t\t<\/div>\n\t\t\t\t<\/div>\n\t\t\t\t<div class=\"elementor-element elementor-element-2fc46a91 elementor-widget elementor-widget-heading\" data-id=\"2fc46a91\" data-element_type=\"widget\" data-e-type=\"widget\" data-widget_type=\"heading.default\">\n\t\t\t\t<div class=\"elementor-widget-container\">\n\t\t\t\t\t<h4 class=\"elementor-heading-title elementor-size-default\">Buscando la luz<\/h4>\t\t\t\t<\/div>\n\t\t\t\t<\/div>\n\t\t\t\t<div class=\"elementor-element elementor-element-3312391b elementor-widget elementor-widget-text-editor\" data-id=\"3312391b\" data-element_type=\"widget\" data-e-type=\"widget\" data-widget_type=\"text-editor.default\">\n\t\t\t\t<div class=\"elementor-widget-container\">\n\t\t\t\t\t\t\t\t\t<p>Es tracta de peces que miren cap amunt, <strong>Buscando la luz<\/strong>. Inverteix la din\u00e0mica iniciada en la s\u00e8rie <em>Locmariaquer<\/em>, i aqu\u00ed les planxes s&#8217;obren cap al cel de forma natural.<\/p><p><strong>Buscando la luz I<\/strong> \u00e9s una monumental obra de 22 tones. Est\u00e0 formada per tres l\u00e0mines unides per rebl\u00f3. Havia de representar el ple i el buit. Des d&#8217;una perspectiva sembla una obra massissa, mentre que de l&#8217;altra mostra el buit, i situats en el seu interior les onades de les l\u00e0mines condueixen la mirada cap amunt buscant la llum.<\/p><p>.<\/p>\t\t\t\t\t\t\t\t<\/div>\n\t\t\t\t<\/div>\n\t\t\t\t<div class=\"elementor-element elementor-element-232dbd83 elementor-widget elementor-widget-image\" data-id=\"232dbd83\" data-element_type=\"widget\" data-e-type=\"widget\" data-widget_type=\"image.default\">\n\t\t\t\t<div class=\"elementor-widget-container\">\n\t\t\t\t\t\t\t\t\t\t\t\t<figure class=\"wp-caption\">\n\t\t\t\t\t\t\t\t\t\t<img loading=\"lazy\" decoding=\"async\" width=\"768\" height=\"512\" src=\"https:\/\/www.elturistatranquil.com\/wp-content\/uploads\/F22-Chillida-Buscando-la-luz-I-1.jpg\" class=\"attachment-large size-large wp-image-24102\" alt=\"\" srcset=\"https:\/\/www.elturistatranquil.com\/wp-content\/uploads\/F22-Chillida-Buscando-la-luz-I-1.jpg 768w, https:\/\/www.elturistatranquil.com\/wp-content\/uploads\/F22-Chillida-Buscando-la-luz-I-1-339x226.jpg 339w\" sizes=\"(max-width: 768px) 100vw, 768px\" \/>\t\t\t\t\t\t\t\t\t\t\t<figcaption class=\"widget-image-caption wp-caption-text\">Buscando la luz I, 1997, acer Corten<\/figcaption>\n\t\t\t\t\t\t\t\t\t\t<\/figure>\n\t\t\t\t\t\t\t\t\t<\/div>\n\t\t\t\t<\/div>\n\t\t\t\t<div class=\"elementor-element elementor-element-32fb88b9 elementor-widget elementor-widget-menu-anchor\" data-id=\"32fb88b9\" data-element_type=\"widget\" data-e-type=\"widget\" data-widget_type=\"menu-anchor.default\">\n\t\t\t\t<div class=\"elementor-widget-container\">\n\t\t\t\t\t\t\t<div class=\"elementor-menu-anchor\" id=\"b3908\"><\/div>\n\t\t\t\t\t\t<\/div>\n\t\t\t\t<\/div>\n\t\t\t\t<div class=\"elementor-element elementor-element-3444050a elementor-widget elementor-widget-image\" data-id=\"3444050a\" data-element_type=\"widget\" data-e-type=\"widget\" data-widget_type=\"image.default\">\n\t\t\t\t<div class=\"elementor-widget-container\">\n\t\t\t\t\t\t\t\t\t\t\t\t<figure class=\"wp-caption\">\n\t\t\t\t\t\t\t\t\t\t<img loading=\"lazy\" decoding=\"async\" width=\"768\" height=\"511\" src=\"https:\/\/www.elturistatranquil.com\/wp-content\/uploads\/F23-Chillida-Buscando-la-luz-III-1.jpg\" class=\"attachment-large size-large wp-image-24104\" alt=\"\" srcset=\"https:\/\/www.elturistatranquil.com\/wp-content\/uploads\/F23-Chillida-Buscando-la-luz-III-1.jpg 768w, https:\/\/www.elturistatranquil.com\/wp-content\/uploads\/F23-Chillida-Buscando-la-luz-III-1-339x226.jpg 339w\" sizes=\"(max-width: 768px) 100vw, 768px\" \/>\t\t\t\t\t\t\t\t\t\t\t<figcaption class=\"widget-image-caption wp-caption-text\">Buscando la luz III, 2000, acer Corten<\/figcaption>\n\t\t\t\t\t\t\t\t\t\t<\/figure>\n\t\t\t\t\t\t\t\t\t<\/div>\n\t\t\t\t<\/div>\n\t\t\t\t<div class=\"elementor-element elementor-element-19bc4b43 elementor-widget elementor-widget-heading\" data-id=\"19bc4b43\" data-element_type=\"widget\" data-e-type=\"widget\" data-widget_type=\"heading.default\">\n\t\t\t\t<div class=\"elementor-widget-container\">\n\t\t\t\t\t<h4 class=\"elementor-heading-title elementor-size-default\">Lotura (nus o uni\u00f3)<\/h4>\t\t\t\t<\/div>\n\t\t\t\t<\/div>\n\t\t\t\t<div class=\"elementor-element elementor-element-6bab1487 elementor-widget elementor-widget-text-editor\" data-id=\"6bab1487\" data-element_type=\"widget\" data-e-type=\"widget\" data-widget_type=\"text-editor.default\">\n\t\t\t\t<div class=\"elementor-widget-container\">\n\t\t\t\t\t\t\t\t\t<p>L&#8217;obra <strong>Lotura XXXII<\/strong>, \u00e9s una monumental pe\u00e7a de 64 tones d\u2019acer Corten, realitzada a la forja industrial de Sidenor de Reinosa.<\/p>\t\t\t\t\t\t\t\t<\/div>\n\t\t\t\t<\/div>\n\t\t\t\t<div class=\"elementor-element elementor-element-38bbb0df elementor-widget elementor-widget-image\" data-id=\"38bbb0df\" data-element_type=\"widget\" data-e-type=\"widget\" data-widget_type=\"image.default\">\n\t\t\t\t<div class=\"elementor-widget-container\">\n\t\t\t\t\t\t\t\t\t\t\t\t<figure class=\"wp-caption\">\n\t\t\t\t\t\t\t\t\t\t<img loading=\"lazy\" decoding=\"async\" width=\"768\" height=\"512\" src=\"https:\/\/www.elturistatranquil.com\/wp-content\/uploads\/F24-Chillida-Lotura-XVIII-1.jpg\" class=\"attachment-large size-large wp-image-24106\" alt=\"\" srcset=\"https:\/\/www.elturistatranquil.com\/wp-content\/uploads\/F24-Chillida-Lotura-XVIII-1.jpg 768w, https:\/\/www.elturistatranquil.com\/wp-content\/uploads\/F24-Chillida-Lotura-XVIII-1-339x226.jpg 339w\" sizes=\"(max-width: 768px) 100vw, 768px\" \/>\t\t\t\t\t\t\t\t\t\t\t<figcaption class=\"widget-image-caption wp-caption-text\">Lotura XVIII, 1991, acer Corten<\/figcaption>\n\t\t\t\t\t\t\t\t\t\t<\/figure>\n\t\t\t\t\t\t\t\t\t<\/div>\n\t\t\t\t<\/div>\n\t\t\t\t<div class=\"elementor-element elementor-element-2467ff07 elementor-widget elementor-widget-image\" data-id=\"2467ff07\" data-element_type=\"widget\" data-e-type=\"widget\" data-widget_type=\"image.default\">\n\t\t\t\t<div class=\"elementor-widget-container\">\n\t\t\t\t\t\t\t\t\t\t\t\t<figure class=\"wp-caption\">\n\t\t\t\t\t\t\t\t\t\t<img loading=\"lazy\" decoding=\"async\" width=\"768\" height=\"511\" src=\"https:\/\/www.elturistatranquil.com\/wp-content\/uploads\/F25-Chillida-Lotura-XXVI-1.jpg\" class=\"attachment-large size-large wp-image-24108\" alt=\"\" srcset=\"https:\/\/www.elturistatranquil.com\/wp-content\/uploads\/F25-Chillida-Lotura-XXVI-1.jpg 768w, https:\/\/www.elturistatranquil.com\/wp-content\/uploads\/F25-Chillida-Lotura-XXVI-1-339x226.jpg 339w\" sizes=\"(max-width: 768px) 100vw, 768px\" \/>\t\t\t\t\t\t\t\t\t\t\t<figcaption class=\"widget-image-caption wp-caption-text\">Lotura XXVI, 1992, acer Corten<\/figcaption>\n\t\t\t\t\t\t\t\t\t\t<\/figure>\n\t\t\t\t\t\t\t\t\t<\/div>\n\t\t\t\t<\/div>\n\t\t\t\t<div class=\"elementor-element elementor-element-41e0da85 elementor-widget elementor-widget-image\" data-id=\"41e0da85\" data-element_type=\"widget\" data-e-type=\"widget\" data-widget_type=\"image.default\">\n\t\t\t\t<div class=\"elementor-widget-container\">\n\t\t\t\t\t\t\t\t\t\t\t\t<figure class=\"wp-caption\">\n\t\t\t\t\t\t\t\t\t\t<img loading=\"lazy\" decoding=\"async\" width=\"768\" height=\"511\" src=\"https:\/\/www.elturistatranquil.com\/wp-content\/uploads\/F26-Chillida-Lotura-XXVII-1.jpg\" class=\"attachment-large size-large wp-image-24110\" alt=\"\" srcset=\"https:\/\/www.elturistatranquil.com\/wp-content\/uploads\/F26-Chillida-Lotura-XXVII-1.jpg 768w, https:\/\/www.elturistatranquil.com\/wp-content\/uploads\/F26-Chillida-Lotura-XXVII-1-339x226.jpg 339w\" sizes=\"(max-width: 768px) 100vw, 768px\" \/>\t\t\t\t\t\t\t\t\t\t\t<figcaption class=\"widget-image-caption wp-caption-text\">Lotura XXVII, 1992, acer Corten<\/figcaption>\n\t\t\t\t\t\t\t\t\t\t<\/figure>\n\t\t\t\t\t\t\t\t\t<\/div>\n\t\t\t\t<\/div>\n\t\t\t\t<div class=\"elementor-element elementor-element-14495313 elementor-widget elementor-widget-text-editor\" data-id=\"14495313\" data-element_type=\"widget\" data-e-type=\"widget\" data-widget_type=\"text-editor.default\">\n\t\t\t\t<div class=\"elementor-widget-container\">\n\t\t\t\t\t\t\t\t\t<p>La obra <strong>Lotura XXXII<\/strong>, es una monumental pieza de 64 toneladas de acero Corten, realizada en la forja industrial de Sidenor de Reinosa.<\/p>\t\t\t\t\t\t\t\t<\/div>\n\t\t\t\t<\/div>\n\t\t\t\t<div class=\"elementor-element elementor-element-56090e10 elementor-widget elementor-widget-menu-anchor\" data-id=\"56090e10\" data-element_type=\"widget\" data-e-type=\"widget\" data-widget_type=\"menu-anchor.default\">\n\t\t\t\t<div class=\"elementor-widget-container\">\n\t\t\t\t\t\t\t<div class=\"elementor-menu-anchor\" id=\"b3909\"><\/div>\n\t\t\t\t\t\t<\/div>\n\t\t\t\t<\/div>\n\t\t\t\t<div class=\"elementor-element elementor-element-5c5376a0 elementor-widget elementor-widget-image\" data-id=\"5c5376a0\" data-element_type=\"widget\" data-e-type=\"widget\" data-widget_type=\"image.default\">\n\t\t\t\t<div class=\"elementor-widget-container\">\n\t\t\t\t\t\t\t\t\t\t\t\t<figure class=\"wp-caption\">\n\t\t\t\t\t\t\t\t\t\t<img loading=\"lazy\" decoding=\"async\" width=\"768\" height=\"511\" src=\"https:\/\/www.elturistatranquil.com\/wp-content\/uploads\/F27-Chillida-Lotura-XXXII-1.jpg\" class=\"attachment-large size-large wp-image-24112\" alt=\"\" srcset=\"https:\/\/www.elturistatranquil.com\/wp-content\/uploads\/F27-Chillida-Lotura-XXXII-1.jpg 768w, https:\/\/www.elturistatranquil.com\/wp-content\/uploads\/F27-Chillida-Lotura-XXXII-1-339x226.jpg 339w\" sizes=\"(max-width: 768px) 100vw, 768px\" \/>\t\t\t\t\t\t\t\t\t\t\t<figcaption class=\"widget-image-caption wp-caption-text\">Lotura XXXII, 1998, acer Corten<\/figcaption>\n\t\t\t\t\t\t\t\t\t\t<\/figure>\n\t\t\t\t\t\t\t\t\t<\/div>\n\t\t\t\t<\/div>\n\t\t\t\t<div class=\"elementor-element elementor-element-11ab43d3 elementor-widget elementor-widget-heading\" data-id=\"11ab43d3\" data-element_type=\"widget\" data-e-type=\"widget\" data-widget_type=\"heading.default\">\n\t\t\t\t<div class=\"elementor-widget-container\">\n\t\t\t\t\t<h4 class=\"elementor-heading-title elementor-size-default\">Harri (pedra)<\/h4>\t\t\t\t<\/div>\n\t\t\t\t<\/div>\n\t\t\t\t<div class=\"elementor-element elementor-element-1432be39 elementor-widget elementor-widget-text-editor\" data-id=\"1432be39\" data-element_type=\"widget\" data-e-type=\"widget\" data-widget_type=\"text-editor.default\">\n\t\t\t\t<div class=\"elementor-widget-container\">\n\t\t\t\t\t\t\t\t\t<p>En tota la s\u00e8rie <strong>Harri<\/strong> (pedra) tota la pedra est\u00e0 treballada.<\/p><p>A primera vista semblen estar formades per elements diferenciats encaixats, per\u00f2 en realitat s\u00f3n incisions en un \u00fanic bloc.<\/p><p>En la seva obra, treballava en la idea de donar lleugeresa a les voluminoses masses de pedra o acer, dotant-les d&#8217;una espiritualitat que les eleva per sobre del seu \u00e9sser.<\/p>\t\t\t\t\t\t\t\t<\/div>\n\t\t\t\t<\/div>\n\t\t\t\t<div class=\"elementor-element elementor-element-59ba6a0d elementor-widget elementor-widget-image\" data-id=\"59ba6a0d\" data-element_type=\"widget\" data-e-type=\"widget\" data-widget_type=\"image.default\">\n\t\t\t\t<div class=\"elementor-widget-container\">\n\t\t\t\t\t\t\t\t\t\t\t\t<figure class=\"wp-caption\">\n\t\t\t\t\t\t\t\t\t\t<img loading=\"lazy\" decoding=\"async\" width=\"768\" height=\"511\" src=\"https:\/\/www.elturistatranquil.com\/wp-content\/uploads\/F28-Chillida-Harri-I-1.jpg\" class=\"attachment-large size-large wp-image-24114\" alt=\"\" srcset=\"https:\/\/www.elturistatranquil.com\/wp-content\/uploads\/F28-Chillida-Harri-I-1.jpg 768w, https:\/\/www.elturistatranquil.com\/wp-content\/uploads\/F28-Chillida-Harri-I-1-339x226.jpg 339w\" sizes=\"(max-width: 768px) 100vw, 768px\" \/>\t\t\t\t\t\t\t\t\t\t\t<figcaption class=\"widget-image-caption wp-caption-text\">Harri I, 1991, granit<\/figcaption>\n\t\t\t\t\t\t\t\t\t\t<\/figure>\n\t\t\t\t\t\t\t\t\t<\/div>\n\t\t\t\t<\/div>\n\t\t\t\t<div class=\"elementor-element elementor-element-677704a0 elementor-widget elementor-widget-image\" data-id=\"677704a0\" data-element_type=\"widget\" data-e-type=\"widget\" data-widget_type=\"image.default\">\n\t\t\t\t<div class=\"elementor-widget-container\">\n\t\t\t\t\t\t\t\t\t\t\t\t<figure class=\"wp-caption\">\n\t\t\t\t\t\t\t\t\t\t<img loading=\"lazy\" decoding=\"async\" width=\"768\" height=\"511\" src=\"https:\/\/www.elturistatranquil.com\/wp-content\/uploads\/F29-Chillida-Harri-IV-1.jpg\" class=\"attachment-large size-large wp-image-24116\" alt=\"\" srcset=\"https:\/\/www.elturistatranquil.com\/wp-content\/uploads\/F29-Chillida-Harri-IV-1.jpg 768w, https:\/\/www.elturistatranquil.com\/wp-content\/uploads\/F29-Chillida-Harri-IV-1-339x226.jpg 339w\" sizes=\"(max-width: 768px) 100vw, 768px\" \/>\t\t\t\t\t\t\t\t\t\t\t<figcaption class=\"widget-image-caption wp-caption-text\">Harri IV, 1993, granit<\/figcaption>\n\t\t\t\t\t\t\t\t\t\t<\/figure>\n\t\t\t\t\t\t\t\t\t<\/div>\n\t\t\t\t<\/div>\n\t\t\t\t<div class=\"elementor-element elementor-element-20a01919 elementor-widget elementor-widget-menu-anchor\" data-id=\"20a01919\" data-element_type=\"widget\" data-e-type=\"widget\" data-widget_type=\"menu-anchor.default\">\n\t\t\t\t<div class=\"elementor-widget-container\">\n\t\t\t\t\t\t\t<div class=\"elementor-menu-anchor\" id=\"b3910\"><\/div>\n\t\t\t\t\t\t<\/div>\n\t\t\t\t<\/div>\n\t\t\t\t<div class=\"elementor-element elementor-element-2b04bd21 elementor-widget elementor-widget-image\" data-id=\"2b04bd21\" data-element_type=\"widget\" data-e-type=\"widget\" data-widget_type=\"image.default\">\n\t\t\t\t<div class=\"elementor-widget-container\">\n\t\t\t\t\t\t\t\t\t\t\t\t<figure class=\"wp-caption\">\n\t\t\t\t\t\t\t\t\t\t<img loading=\"lazy\" decoding=\"async\" width=\"768\" height=\"512\" src=\"https:\/\/www.elturistatranquil.com\/wp-content\/uploads\/F30-Chillida-Harri-VI-1-1.jpg\" class=\"attachment-large size-large wp-image-24118\" alt=\"\" srcset=\"https:\/\/www.elturistatranquil.com\/wp-content\/uploads\/F30-Chillida-Harri-VI-1-1.jpg 768w, https:\/\/www.elturistatranquil.com\/wp-content\/uploads\/F30-Chillida-Harri-VI-1-1-339x226.jpg 339w\" sizes=\"(max-width: 768px) 100vw, 768px\" \/>\t\t\t\t\t\t\t\t\t\t\t<figcaption class=\"widget-image-caption wp-caption-text\">Harri VI, 1996, granit<\/figcaption>\n\t\t\t\t\t\t\t\t\t\t<\/figure>\n\t\t\t\t\t\t\t\t\t<\/div>\n\t\t\t\t<\/div>\n\t\t\t\t<div class=\"elementor-element elementor-element-4fa6d333 elementor-widget elementor-widget-heading\" data-id=\"4fa6d333\" data-element_type=\"widget\" data-e-type=\"widget\" data-widget_type=\"heading.default\">\n\t\t\t\t<div class=\"elementor-widget-container\">\n\t\t\t\t\t<h4 class=\"elementor-heading-title elementor-size-default\">De m\u00fasica<\/h4>\t\t\t\t<\/div>\n\t\t\t\t<\/div>\n\t\t\t\t<div class=\"elementor-element elementor-element-2662a903 elementor-widget elementor-widget-text-editor\" data-id=\"2662a903\" data-element_type=\"widget\" data-e-type=\"widget\" data-widget_type=\"text-editor.default\">\n\t\t\t\t<div class=\"elementor-widget-container\">\n\t\t\t\t\t\t\t\t\t<p>La pres\u00e8ncia de la m\u00fasica a l&#8217;obra de Chillida va ser una constant: <em>Contrapunto, M\u00fasica de las esferas, M\u00fasica callada<\/em>.<\/p><p>En la s\u00e8rie <strong>De m\u00fasica<\/strong>, s&#8217;inspira en Sant Agust\u00ed, el qual abordava la m\u00fasica i les seves particularitats m\u00e8triques com un mitj\u00e0 per comunicar-se amb la divinitat.<\/p>\t\t\t\t\t\t\t\t<\/div>\n\t\t\t\t<\/div>\n\t\t\t\t<div class=\"elementor-element elementor-element-a0e549f elementor-widget elementor-widget-menu-anchor\" data-id=\"a0e549f\" data-element_type=\"widget\" data-e-type=\"widget\" data-widget_type=\"menu-anchor.default\">\n\t\t\t\t<div class=\"elementor-widget-container\">\n\t\t\t\t\t\t\t<div class=\"elementor-menu-anchor\" id=\"b3911\"><\/div>\n\t\t\t\t\t\t<\/div>\n\t\t\t\t<\/div>\n\t\t\t\t<div class=\"elementor-element elementor-element-41bb381d elementor-widget elementor-widget-image\" data-id=\"41bb381d\" data-element_type=\"widget\" data-e-type=\"widget\" data-widget_type=\"image.default\">\n\t\t\t\t<div class=\"elementor-widget-container\">\n\t\t\t\t\t\t\t\t\t\t\t\t<figure class=\"wp-caption\">\n\t\t\t\t\t\t\t\t\t\t<img loading=\"lazy\" decoding=\"async\" width=\"768\" height=\"511\" src=\"https:\/\/www.elturistatranquil.com\/wp-content\/uploads\/F31-Chillida-De-Musica-III-1.jpg\" class=\"attachment-large size-large wp-image-24120\" alt=\"\" srcset=\"https:\/\/www.elturistatranquil.com\/wp-content\/uploads\/F31-Chillida-De-Musica-III-1.jpg 768w, https:\/\/www.elturistatranquil.com\/wp-content\/uploads\/F31-Chillida-De-Musica-III-1-339x226.jpg 339w\" sizes=\"(max-width: 768px) 100vw, 768px\" \/>\t\t\t\t\t\t\t\t\t\t\t<figcaption class=\"widget-image-caption wp-caption-text\">De m\u00fasica III., 1989, acer Corten<\/figcaption>\n\t\t\t\t\t\t\t\t\t\t<\/figure>\n\t\t\t\t\t\t\t\t\t<\/div>\n\t\t\t\t<\/div>\n\t\t\t\t<div class=\"elementor-element elementor-element-61b86d50 elementor-widget elementor-widget-heading\" data-id=\"61b86d50\" data-element_type=\"widget\" data-e-type=\"widget\" data-widget_type=\"heading.default\">\n\t\t\t\t<div class=\"elementor-widget-container\">\n\t\t\t\t\t<h4 class=\"elementor-heading-title elementor-size-default\">La casa del poeta<\/h4>\t\t\t\t<\/div>\n\t\t\t\t<\/div>\n\t\t\t\t<div class=\"elementor-element elementor-element-3e63c377 elementor-widget elementor-widget-text-editor\" data-id=\"3e63c377\" data-element_type=\"widget\" data-e-type=\"widget\" data-widget_type=\"text-editor.default\">\n\t\t\t\t<div class=\"elementor-widget-container\">\n\t\t\t\t\t\t\t\t\t<p>Maquetes d&#8217;habitacles imaginaris en miniatura.<\/p>\t\t\t\t\t\t\t\t<\/div>\n\t\t\t\t<\/div>\n\t\t\t\t<div class=\"elementor-element elementor-element-63e3c868 elementor-widget elementor-widget-menu-anchor\" data-id=\"63e3c868\" data-element_type=\"widget\" data-e-type=\"widget\" data-widget_type=\"menu-anchor.default\">\n\t\t\t\t<div class=\"elementor-widget-container\">\n\t\t\t\t\t\t\t<div class=\"elementor-menu-anchor\" id=\"b3912\"><\/div>\n\t\t\t\t\t\t<\/div>\n\t\t\t\t<\/div>\n\t\t\t\t<div class=\"elementor-element elementor-element-110a16fc elementor-widget elementor-widget-image\" data-id=\"110a16fc\" data-element_type=\"widget\" data-e-type=\"widget\" data-widget_type=\"image.default\">\n\t\t\t\t<div class=\"elementor-widget-container\">\n\t\t\t\t\t\t\t\t\t\t\t\t<figure class=\"wp-caption\">\n\t\t\t\t\t\t\t\t\t\t<img loading=\"lazy\" decoding=\"async\" width=\"768\" height=\"511\" src=\"https:\/\/www.elturistatranquil.com\/wp-content\/uploads\/F32-Chillida-La-casa-del-poeta-Estela-VII-1.jpg\" class=\"attachment-large size-large wp-image-24122\" alt=\"\" srcset=\"https:\/\/www.elturistatranquil.com\/wp-content\/uploads\/F32-Chillida-La-casa-del-poeta-Estela-VII-1.jpg 768w, https:\/\/www.elturistatranquil.com\/wp-content\/uploads\/F32-Chillida-La-casa-del-poeta-Estela-VII-1-339x226.jpg 339w\" sizes=\"(max-width: 768px) 100vw, 768px\" \/>\t\t\t\t\t\t\t\t\t\t\t<figcaption class=\"widget-image-caption wp-caption-text\">La Casa del poeta, Estela VII, 1991, acer Corten<\/figcaption>\n\t\t\t\t\t\t\t\t\t\t<\/figure>\n\t\t\t\t\t\t\t\t\t<\/div>\n\t\t\t\t<\/div>\n\t\t\t\t<div class=\"elementor-element elementor-element-8259c9 elementor-widget elementor-widget-heading\" data-id=\"8259c9\" data-element_type=\"widget\" data-e-type=\"widget\" data-widget_type=\"heading.default\">\n\t\t\t\t<div class=\"elementor-widget-container\">\n\t\t\t\t\t<h4 class=\"elementor-heading-title elementor-size-default\">Escuchando la piedra<\/h4>\t\t\t\t<\/div>\n\t\t\t\t<\/div>\n\t\t\t\t<div class=\"elementor-element elementor-element-107ba9da elementor-widget elementor-widget-text-editor\" data-id=\"107ba9da\" data-element_type=\"widget\" data-e-type=\"widget\" data-widget_type=\"text-editor.default\">\n\t\t\t\t<div class=\"elementor-widget-container\">\n\t\t\t\t\t\t\t\t\t<p>Fa l&#8217;efecte que Chillida escolta la pedra per poder treballar-la i penetrar-hi.<\/p><p>Parlava amb les pedres abans de transformar-les: &#8220;<em>Qu\u00e8 vols que et faci?<\/em>&#8221; els preguntava.<\/p>\t\t\t\t\t\t\t\t<\/div>\n\t\t\t\t<\/div>\n\t\t\t\t<div class=\"elementor-element elementor-element-40dff409 elementor-widget elementor-widget-menu-anchor\" data-id=\"40dff409\" data-element_type=\"widget\" data-e-type=\"widget\" data-widget_type=\"menu-anchor.default\">\n\t\t\t\t<div class=\"elementor-widget-container\">\n\t\t\t\t\t\t\t<div class=\"elementor-menu-anchor\" id=\"b3913\"><\/div>\n\t\t\t\t\t\t<\/div>\n\t\t\t\t<\/div>\n\t\t\t\t<div class=\"elementor-element elementor-element-6f314b63 elementor-widget elementor-widget-image\" data-id=\"6f314b63\" data-element_type=\"widget\" data-e-type=\"widget\" data-widget_type=\"image.default\">\n\t\t\t\t<div class=\"elementor-widget-container\">\n\t\t\t\t\t\t\t\t\t\t\t\t<figure class=\"wp-caption\">\n\t\t\t\t\t\t\t\t\t\t<img loading=\"lazy\" decoding=\"async\" width=\"768\" height=\"511\" src=\"https:\/\/www.elturistatranquil.com\/wp-content\/uploads\/F33-Chillida-Escuchando-la-piedra-IV-1.jpg\" class=\"attachment-large size-large wp-image-24124\" alt=\"\" srcset=\"https:\/\/www.elturistatranquil.com\/wp-content\/uploads\/F33-Chillida-Escuchando-la-piedra-IV-1.jpg 768w, https:\/\/www.elturistatranquil.com\/wp-content\/uploads\/F33-Chillida-Escuchando-la-piedra-IV-1-339x226.jpg 339w\" sizes=\"(max-width: 768px) 100vw, 768px\" \/>\t\t\t\t\t\t\t\t\t\t\t<figcaption class=\"widget-image-caption wp-caption-text\">Escuchando la piedra IV, 1996, granit<\/figcaption>\n\t\t\t\t\t\t\t\t\t\t<\/figure>\n\t\t\t\t\t\t\t\t\t<\/div>\n\t\t\t\t<\/div>\n\t\t\t\t<div class=\"elementor-element elementor-element-34f31da7 elementor-widget elementor-widget-heading\" data-id=\"34f31da7\" data-element_type=\"widget\" data-e-type=\"widget\" data-widget_type=\"heading.default\">\n\t\t\t\t<div class=\"elementor-widget-container\">\n\t\t\t\t\t<h4 class=\"elementor-heading-title elementor-size-default\">Homenajes<\/h4>\t\t\t\t<\/div>\n\t\t\t\t<\/div>\n\t\t\t\t<div class=\"elementor-element elementor-element-66dec848 elementor-widget elementor-widget-text-editor\" data-id=\"66dec848\" data-element_type=\"widget\" data-e-type=\"widget\" data-widget_type=\"text-editor.default\">\n\t\t\t\t<div class=\"elementor-widget-container\">\n\t\t\t\t\t\t\t\t\t<p>L&#8217;artista va realitzar m\u00e9s d&#8217;un centenar d&#8217;obres dedicades a diverses personalitats que van tenir una espacial import\u00e0ncia per a ell.<\/p><p>Al Museu hi ha diversos exemples, tant al jard\u00ed com en el caseriu.<\/p>\t\t\t\t\t\t\t\t<\/div>\n\t\t\t\t<\/div>\n\t\t\t\t<div class=\"elementor-element elementor-element-6b788a24 elementor-widget elementor-widget-image\" data-id=\"6b788a24\" data-element_type=\"widget\" data-e-type=\"widget\" data-widget_type=\"image.default\">\n\t\t\t\t<div class=\"elementor-widget-container\">\n\t\t\t\t\t\t\t\t\t\t\t\t<figure class=\"wp-caption\">\n\t\t\t\t\t\t\t\t\t\t<img loading=\"lazy\" decoding=\"async\" width=\"768\" height=\"512\" src=\"https:\/\/www.elturistatranquil.com\/wp-content\/uploads\/F34-Chillida-Homenaje-a-Balenciaga-1.jpg\" class=\"attachment-large size-large wp-image-24126\" alt=\"\" srcset=\"https:\/\/www.elturistatranquil.com\/wp-content\/uploads\/F34-Chillida-Homenaje-a-Balenciaga-1.jpg 768w, https:\/\/www.elturistatranquil.com\/wp-content\/uploads\/F34-Chillida-Homenaje-a-Balenciaga-1-339x226.jpg 339w\" sizes=\"(max-width: 768px) 100vw, 768px\" \/>\t\t\t\t\t\t\t\t\t\t\t<figcaption class=\"widget-image-caption wp-caption-text\">Homenaje a Balenciaga, 1990, acer Corten<\/figcaption>\n\t\t\t\t\t\t\t\t\t\t<\/figure>\n\t\t\t\t\t\t\t\t\t<\/div>\n\t\t\t\t<\/div>\n\t\t\t\t<div class=\"elementor-element elementor-element-7d376310 elementor-widget elementor-widget-image\" data-id=\"7d376310\" data-element_type=\"widget\" data-e-type=\"widget\" data-widget_type=\"image.default\">\n\t\t\t\t<div class=\"elementor-widget-container\">\n\t\t\t\t\t\t\t\t\t\t\t\t<figure class=\"wp-caption\">\n\t\t\t\t\t\t\t\t\t\t<img loading=\"lazy\" decoding=\"async\" width=\"768\" height=\"511\" src=\"https:\/\/www.elturistatranquil.com\/wp-content\/uploads\/F35-Chillida-Homenaje-a-Luca-Pacioli-1-1.jpg\" class=\"attachment-large size-large wp-image-24128\" alt=\"\" srcset=\"https:\/\/www.elturistatranquil.com\/wp-content\/uploads\/F35-Chillida-Homenaje-a-Luca-Pacioli-1-1.jpg 768w, https:\/\/www.elturistatranquil.com\/wp-content\/uploads\/F35-Chillida-Homenaje-a-Luca-Pacioli-1-1-339x226.jpg 339w\" sizes=\"(max-width: 768px) 100vw, 768px\" \/>\t\t\t\t\t\t\t\t\t\t\t<figcaption class=\"widget-image-caption wp-caption-text\">Homenaje a Luca Pacioli, 1986, acer Corten<\/figcaption>\n\t\t\t\t\t\t\t\t\t\t<\/figure>\n\t\t\t\t\t\t\t\t\t<\/div>\n\t\t\t\t<\/div>\n\t\t\t\t<div class=\"elementor-element elementor-element-2ee81045 elementor-widget elementor-widget-menu-anchor\" data-id=\"2ee81045\" data-element_type=\"widget\" data-e-type=\"widget\" data-widget_type=\"menu-anchor.default\">\n\t\t\t\t<div class=\"elementor-widget-container\">\n\t\t\t\t\t\t\t<div class=\"elementor-menu-anchor\" id=\"b3914\"><\/div>\n\t\t\t\t\t\t<\/div>\n\t\t\t\t<\/div>\n\t\t\t\t<div class=\"elementor-element elementor-element-23e455b elementor-widget elementor-widget-image\" data-id=\"23e455b\" data-element_type=\"widget\" data-e-type=\"widget\" data-widget_type=\"image.default\">\n\t\t\t\t<div class=\"elementor-widget-container\">\n\t\t\t\t\t\t\t\t\t\t\t\t<figure class=\"wp-caption\">\n\t\t\t\t\t\t\t\t\t\t<img loading=\"lazy\" decoding=\"async\" width=\"768\" height=\"512\" src=\"https:\/\/www.elturistatranquil.com\/wp-content\/uploads\/F36-Chillida-Homenaje-a-Braque-1.jpg\" class=\"attachment-large size-large wp-image-24130\" alt=\"\" srcset=\"https:\/\/www.elturistatranquil.com\/wp-content\/uploads\/F36-Chillida-Homenaje-a-Braque-1.jpg 768w, https:\/\/www.elturistatranquil.com\/wp-content\/uploads\/F36-Chillida-Homenaje-a-Braque-1-339x226.jpg 339w\" sizes=\"(max-width: 768px) 100vw, 768px\" \/>\t\t\t\t\t\t\t\t\t\t\t<figcaption class=\"widget-image-caption wp-caption-text\">Homenaje a Braque, 1990, acer Corten<\/figcaption>\n\t\t\t\t\t\t\t\t\t\t<\/figure>\n\t\t\t\t\t\t\t\t\t<\/div>\n\t\t\t\t<\/div>\n\t\t\t\t<div class=\"elementor-element elementor-element-3d4e8c7b elementor-widget elementor-widget-heading\" data-id=\"3d4e8c7b\" data-element_type=\"widget\" data-e-type=\"widget\" data-widget_type=\"heading.default\">\n\t\t\t\t<div class=\"elementor-widget-container\">\n\t\t\t\t\t<h4 class=\"elementor-heading-title elementor-size-default\">Consejo al espacio<\/h4>\t\t\t\t<\/div>\n\t\t\t\t<\/div>\n\t\t\t\t<div class=\"elementor-element elementor-element-4b41c160 elementor-widget elementor-widget-text-editor\" data-id=\"4b41c160\" data-element_type=\"widget\" data-e-type=\"widget\" data-widget_type=\"text-editor.default\">\n\t\t\t\t<div class=\"elementor-widget-container\">\n\t\t\t\t\t\t\t\t\t<p>Segons Chillida: &#8220;C<em>onstruir \u00e9s crear espai. En aix\u00f2 consisteix l&#8217;escultura i, en termes generals, l&#8217;escultura i l&#8217;arquitectura<\/em> &#8220;.<\/p><p>Tota l&#8217;obra de Chillida est\u00e0 marcada per la dial\u00e8ctica entre la mat\u00e8ria i l&#8217;espai. Entre el ple i el buit, on la mat\u00e8ria nom\u00e9s pot ser massissa, ja que si fos buida contindria al seu interior un espai amagat i inaccessible. Els espais de la seva escultura havien de ser habitables per l&#8217;esperit.<\/p>\t\t\t\t\t\t\t\t<\/div>\n\t\t\t\t<\/div>\n\t\t\t\t<div class=\"elementor-element elementor-element-86926d4 elementor-widget elementor-widget-image\" data-id=\"86926d4\" data-element_type=\"widget\" data-e-type=\"widget\" data-widget_type=\"image.default\">\n\t\t\t\t<div class=\"elementor-widget-container\">\n\t\t\t\t\t\t\t\t\t\t\t\t<figure class=\"wp-caption\">\n\t\t\t\t\t\t\t\t\t\t<img loading=\"lazy\" decoding=\"async\" width=\"768\" height=\"511\" src=\"https:\/\/www.elturistatranquil.com\/wp-content\/uploads\/F37-Chillida-Consejo-al-espacio-IV-1-1.jpg\" class=\"attachment-large size-large wp-image-24132\" alt=\"\" srcset=\"https:\/\/www.elturistatranquil.com\/wp-content\/uploads\/F37-Chillida-Consejo-al-espacio-IV-1-1.jpg 768w, https:\/\/www.elturistatranquil.com\/wp-content\/uploads\/F37-Chillida-Consejo-al-espacio-IV-1-1-339x226.jpg 339w\" sizes=\"(max-width: 768px) 100vw, 768px\" \/>\t\t\t\t\t\t\t\t\t\t\t<figcaption class=\"widget-image-caption wp-caption-text\">Consejo al espacio IV, 1987, acer Corten<\/figcaption>\n\t\t\t\t\t\t\t\t\t\t<\/figure>\n\t\t\t\t\t\t\t\t\t<\/div>\n\t\t\t\t<\/div>\n\t\t\t\t<div class=\"elementor-element elementor-element-6eabf374 elementor-widget elementor-widget-image\" data-id=\"6eabf374\" data-element_type=\"widget\" data-e-type=\"widget\" data-widget_type=\"image.default\">\n\t\t\t\t<div class=\"elementor-widget-container\">\n\t\t\t\t\t\t\t\t\t\t\t\t<figure class=\"wp-caption\">\n\t\t\t\t\t\t\t\t\t\t<img loading=\"lazy\" decoding=\"async\" width=\"768\" height=\"512\" src=\"https:\/\/www.elturistatranquil.com\/wp-content\/uploads\/F38-Chillida-Consejo-al-espacio-VII-1.jpg\" class=\"attachment-large size-large wp-image-24134\" alt=\"\" srcset=\"https:\/\/www.elturistatranquil.com\/wp-content\/uploads\/F38-Chillida-Consejo-al-espacio-VII-1.jpg 768w, https:\/\/www.elturistatranquil.com\/wp-content\/uploads\/F38-Chillida-Consejo-al-espacio-VII-1-339x226.jpg 339w\" sizes=\"(max-width: 768px) 100vw, 768px\" \/>\t\t\t\t\t\t\t\t\t\t\t<figcaption class=\"widget-image-caption wp-caption-text\">Consejo al espacio VII, 1996, acer Corten<\/figcaption>\n\t\t\t\t\t\t\t\t\t\t<\/figure>\n\t\t\t\t\t\t\t\t\t<\/div>\n\t\t\t\t<\/div>\n\t\t\t\t<div class=\"elementor-element elementor-element-66851905 elementor-widget elementor-widget-menu-anchor\" data-id=\"66851905\" data-element_type=\"widget\" data-e-type=\"widget\" data-widget_type=\"menu-anchor.default\">\n\t\t\t\t<div class=\"elementor-widget-container\">\n\t\t\t\t\t\t\t<div class=\"elementor-menu-anchor\" id=\"b3915\"><\/div>\n\t\t\t\t\t\t<\/div>\n\t\t\t\t<\/div>\n\t\t\t\t<div class=\"elementor-element elementor-element-7d71ce46 elementor-widget elementor-widget-image\" data-id=\"7d71ce46\" data-element_type=\"widget\" data-e-type=\"widget\" data-widget_type=\"image.default\">\n\t\t\t\t<div class=\"elementor-widget-container\">\n\t\t\t\t\t\t\t\t\t\t\t\t<figure class=\"wp-caption\">\n\t\t\t\t\t\t\t\t\t\t<img loading=\"lazy\" decoding=\"async\" width=\"768\" height=\"511\" src=\"https:\/\/www.elturistatranquil.com\/wp-content\/uploads\/F39-Chillida-Consejo-al-espacio-VIII-1-1.jpg\" class=\"attachment-large size-large wp-image-24136\" alt=\"\" srcset=\"https:\/\/www.elturistatranquil.com\/wp-content\/uploads\/F39-Chillida-Consejo-al-espacio-VIII-1-1.jpg 768w, https:\/\/www.elturistatranquil.com\/wp-content\/uploads\/F39-Chillida-Consejo-al-espacio-VIII-1-1-339x226.jpg 339w\" sizes=\"(max-width: 768px) 100vw, 768px\" \/>\t\t\t\t\t\t\t\t\t\t\t<figcaption class=\"widget-image-caption wp-caption-text\">Consejo al espacio VIII, 2000, acer Corten<\/figcaption>\n\t\t\t\t\t\t\t\t\t\t<\/figure>\n\t\t\t\t\t\t\t\t\t<\/div>\n\t\t\t\t<\/div>\n\t\t\t\t<div class=\"elementor-element elementor-element-1a521570 elementor-widget elementor-widget-heading\" data-id=\"1a521570\" data-element_type=\"widget\" data-e-type=\"widget\" data-widget_type=\"heading.default\">\n\t\t\t\t<div class=\"elementor-widget-container\">\n\t\t\t\t\t<h4 class=\"elementor-heading-title elementor-size-default\">Gora bera (Dalt Baix)<\/h4>\t\t\t\t<\/div>\n\t\t\t\t<\/div>\n\t\t\t\t<div class=\"elementor-element elementor-element-284bf5cf elementor-widget elementor-widget-menu-anchor\" data-id=\"284bf5cf\" data-element_type=\"widget\" data-e-type=\"widget\" data-widget_type=\"menu-anchor.default\">\n\t\t\t\t<div class=\"elementor-widget-container\">\n\t\t\t\t\t\t\t<div class=\"elementor-menu-anchor\" id=\"b3916\"><\/div>\n\t\t\t\t\t\t<\/div>\n\t\t\t\t<\/div>\n\t\t\t\t<div class=\"elementor-element elementor-element-18b6a579 elementor-widget elementor-widget-image\" data-id=\"18b6a579\" data-element_type=\"widget\" data-e-type=\"widget\" data-widget_type=\"image.default\">\n\t\t\t\t<div class=\"elementor-widget-container\">\n\t\t\t\t\t\t\t\t\t\t\t\t<figure class=\"wp-caption\">\n\t\t\t\t\t\t\t\t\t\t<img loading=\"lazy\" decoding=\"async\" width=\"768\" height=\"511\" src=\"https:\/\/www.elturistatranquil.com\/wp-content\/uploads\/F40-Chillida-Gora-bera-III-1.jpg\" class=\"attachment-large size-large wp-image-24138\" alt=\"\" srcset=\"https:\/\/www.elturistatranquil.com\/wp-content\/uploads\/F40-Chillida-Gora-bera-III-1.jpg 768w, https:\/\/www.elturistatranquil.com\/wp-content\/uploads\/F40-Chillida-Gora-bera-III-1-339x226.jpg 339w\" sizes=\"(max-width: 768px) 100vw, 768px\" \/>\t\t\t\t\t\t\t\t\t\t\t<figcaption class=\"widget-image-caption wp-caption-text\">Gora bera III, 1991, acer Corten<\/figcaption>\n\t\t\t\t\t\t\t\t\t\t<\/figure>\n\t\t\t\t\t\t\t\t\t<\/div>\n\t\t\t\t<\/div>\n\t\t\t\t<div class=\"elementor-element elementor-element-171057db elementor-widget elementor-widget-heading\" data-id=\"171057db\" data-element_type=\"widget\" data-e-type=\"widget\" data-widget_type=\"heading.default\">\n\t\t\t\t<div class=\"elementor-widget-container\">\n\t\t\t\t\t<h4 class=\"elementor-heading-title elementor-size-default\">Peine del viento<\/h4>\t\t\t\t<\/div>\n\t\t\t\t<\/div>\n\t\t\t\t<div class=\"elementor-element elementor-element-3d59816c elementor-widget elementor-widget-text-editor\" data-id=\"3d59816c\" data-element_type=\"widget\" data-e-type=\"widget\" data-widget_type=\"text-editor.default\">\n\t\t\t\t<div class=\"elementor-widget-container\">\n\t\t\t\t\t\t\t\t\t<p>La s\u00e8rie <strong>Peine del viento<\/strong> \u00e9s, probablement, la m\u00e9s coneguda a causa de la pres\u00e8ncia de tres grans escultures d&#8217;aquesta s\u00e8rie inserides en les roques de la costa de Donostia \/ Sant Sebasti\u00e0.<\/p><p>Va iniciar aquesta s\u00e8rie el 1952.<\/p><p>A l&#8217;interior del museu cobert en el caseriu Zabalaga podrem contemplar diversos apunts i projectes d&#8217;aquesta s\u00e8rie.<\/p>\t\t\t\t\t\t\t\t<\/div>\n\t\t\t\t<\/div>\n\t\t\t\t<div class=\"elementor-element elementor-element-4514a19a elementor-widget elementor-widget-menu-anchor\" data-id=\"4514a19a\" data-element_type=\"widget\" data-e-type=\"widget\" data-widget_type=\"menu-anchor.default\">\n\t\t\t\t<div class=\"elementor-widget-container\">\n\t\t\t\t\t\t\t<div class=\"elementor-menu-anchor\" id=\"b3917\"><\/div>\n\t\t\t\t\t\t<\/div>\n\t\t\t\t<\/div>\n\t\t\t\t<div class=\"elementor-element elementor-element-21e386a8 elementor-widget elementor-widget-image\" data-id=\"21e386a8\" data-element_type=\"widget\" data-e-type=\"widget\" data-widget_type=\"image.default\">\n\t\t\t\t<div class=\"elementor-widget-container\">\n\t\t\t\t\t\t\t\t\t\t\t\t<figure class=\"wp-caption\">\n\t\t\t\t\t\t\t\t\t\t<img loading=\"lazy\" decoding=\"async\" width=\"768\" height=\"512\" src=\"https:\/\/www.elturistatranquil.com\/wp-content\/uploads\/F41-Chillida-Peine-del-viento-XVII-1-1.jpg\" class=\"attachment-large size-large wp-image-24140\" alt=\"\" srcset=\"https:\/\/www.elturistatranquil.com\/wp-content\/uploads\/F41-Chillida-Peine-del-viento-XVII-1-1.jpg 768w, https:\/\/www.elturistatranquil.com\/wp-content\/uploads\/F41-Chillida-Peine-del-viento-XVII-1-1-339x226.jpg 339w\" sizes=\"(max-width: 768px) 100vw, 768px\" \/>\t\t\t\t\t\t\t\t\t\t\t<figcaption class=\"widget-image-caption wp-caption-text\">Peine del viento XVII, 1990, acer Corten<\/figcaption>\n\t\t\t\t\t\t\t\t\t\t<\/figure>\n\t\t\t\t\t\t\t\t\t<\/div>\n\t\t\t\t<\/div>\n\t\t\t\t<div class=\"elementor-element elementor-element-7f8fe689 elementor-widget elementor-widget-heading\" data-id=\"7f8fe689\" data-element_type=\"widget\" data-e-type=\"widget\" data-widget_type=\"heading.default\">\n\t\t\t\t<div class=\"elementor-widget-container\">\n\t\t\t\t\t<h4 class=\"elementor-heading-title elementor-size-default\">Relieve<\/h4>\t\t\t\t<\/div>\n\t\t\t\t<\/div>\n\t\t\t\t<div class=\"elementor-element elementor-element-5b43c18f elementor-widget elementor-widget-menu-anchor\" data-id=\"5b43c18f\" data-element_type=\"widget\" data-e-type=\"widget\" data-widget_type=\"menu-anchor.default\">\n\t\t\t\t<div class=\"elementor-widget-container\">\n\t\t\t\t\t\t\t<div class=\"elementor-menu-anchor\" id=\"b3918\"><\/div>\n\t\t\t\t\t\t<\/div>\n\t\t\t\t<\/div>\n\t\t\t\t<div class=\"elementor-element elementor-element-96c2a9e elementor-widget elementor-widget-image\" data-id=\"96c2a9e\" data-element_type=\"widget\" data-e-type=\"widget\" data-widget_type=\"image.default\">\n\t\t\t\t<div class=\"elementor-widget-container\">\n\t\t\t\t\t\t\t\t\t\t\t\t<figure class=\"wp-caption\">\n\t\t\t\t\t\t\t\t\t\t<img loading=\"lazy\" decoding=\"async\" width=\"768\" height=\"511\" src=\"https:\/\/www.elturistatranquil.com\/wp-content\/uploads\/F42-Chillida-Relieve-1.jpg\" class=\"attachment-large size-large wp-image-24142\" alt=\"\" srcset=\"https:\/\/www.elturistatranquil.com\/wp-content\/uploads\/F42-Chillida-Relieve-1.jpg 768w, https:\/\/www.elturistatranquil.com\/wp-content\/uploads\/F42-Chillida-Relieve-1-339x226.jpg 339w\" sizes=\"(max-width: 768px) 100vw, 768px\" \/>\t\t\t\t\t\t\t\t\t\t\t<figcaption class=\"widget-image-caption wp-caption-text\">Relieve, 1997, granit<\/figcaption>\n\t\t\t\t\t\t\t\t\t\t<\/figure>\n\t\t\t\t\t\t\t\t\t<\/div>\n\t\t\t\t<\/div>\n\t\t\t\t<div class=\"elementor-element elementor-element-672bf3cd elementor-widget elementor-widget-heading\" data-id=\"672bf3cd\" data-element_type=\"widget\" data-e-type=\"widget\" data-widget_type=\"heading.default\">\n\t\t\t\t<div class=\"elementor-widget-container\">\n\t\t\t\t\t<h4 class=\"elementor-heading-title elementor-size-default\">Basoa (bosc)<\/h4>\t\t\t\t<\/div>\n\t\t\t\t<\/div>\n\t\t\t\t<div class=\"elementor-element elementor-element-13eeb389 elementor-widget elementor-widget-menu-anchor\" data-id=\"13eeb389\" data-element_type=\"widget\" data-e-type=\"widget\" data-widget_type=\"menu-anchor.default\">\n\t\t\t\t<div class=\"elementor-widget-container\">\n\t\t\t\t\t\t\t<div class=\"elementor-menu-anchor\" id=\"b3919\"><\/div>\n\t\t\t\t\t\t<\/div>\n\t\t\t\t<\/div>\n\t\t\t\t<div class=\"elementor-element elementor-element-1edcf12f elementor-widget elementor-widget-image\" data-id=\"1edcf12f\" data-element_type=\"widget\" data-e-type=\"widget\" data-widget_type=\"image.default\">\n\t\t\t\t<div class=\"elementor-widget-container\">\n\t\t\t\t\t\t\t\t\t\t\t\t<figure class=\"wp-caption\">\n\t\t\t\t\t\t\t\t\t\t<img loading=\"lazy\" decoding=\"async\" width=\"768\" height=\"512\" src=\"https:\/\/www.elturistatranquil.com\/wp-content\/uploads\/F43-Chillida-Basoa-V-1.jpg\" class=\"attachment-large size-large wp-image-24144\" alt=\"\" srcset=\"https:\/\/www.elturistatranquil.com\/wp-content\/uploads\/F43-Chillida-Basoa-V-1.jpg 768w, https:\/\/www.elturistatranquil.com\/wp-content\/uploads\/F43-Chillida-Basoa-V-1-339x226.jpg 339w\" sizes=\"(max-width: 768px) 100vw, 768px\" \/>\t\t\t\t\t\t\t\t\t\t\t<figcaption class=\"widget-image-caption wp-caption-text\">Basoa V, 1997, acer Corten<\/figcaption>\n\t\t\t\t\t\t\t\t\t\t<\/figure>\n\t\t\t\t\t\t\t\t\t<\/div>\n\t\t\t\t<\/div>\n\t\t\t\t<div class=\"elementor-element elementor-element-5c5febe1 elementor-widget elementor-widget-heading\" data-id=\"5c5febe1\" data-element_type=\"widget\" data-e-type=\"widget\" data-widget_type=\"heading.default\">\n\t\t\t\t<div class=\"elementor-widget-container\">\n\t\t\t\t\t<h4 class=\"elementor-heading-title elementor-size-default\">Elogios<\/h4>\t\t\t\t<\/div>\n\t\t\t\t<\/div>\n\t\t\t\t<div class=\"elementor-element elementor-element-617fa512 elementor-widget elementor-widget-text-editor\" data-id=\"617fa512\" data-element_type=\"widget\" data-e-type=\"widget\" data-widget_type=\"text-editor.default\">\n\t\t\t\t<div class=\"elementor-widget-container\">\n\t\t\t\t\t\t\t\t\t<p>A partir dels anys setanta inicia la s\u00e8rie <strong>Elogios<\/strong> que faran refer\u00e8ncia a idees o materials, com <em>la llum, el cub, el ferro, l&#8217;arquitectura, l&#8217;horitz\u00f3<\/em> &#8230;, treballats amb materials diversos com alabastre, acer o formig\u00f3.<\/p>\t\t\t\t\t\t\t\t<\/div>\n\t\t\t\t<\/div>\n\t\t\t\t<div class=\"elementor-element elementor-element-68adfda8 elementor-widget elementor-widget-image\" data-id=\"68adfda8\" data-element_type=\"widget\" data-e-type=\"widget\" data-widget_type=\"image.default\">\n\t\t\t\t<div class=\"elementor-widget-container\">\n\t\t\t\t\t\t\t\t\t\t\t\t<figure class=\"wp-caption\">\n\t\t\t\t\t\t\t\t\t\t<img loading=\"lazy\" decoding=\"async\" width=\"768\" height=\"512\" src=\"https:\/\/www.elturistatranquil.com\/wp-content\/uploads\/F44-Chillida-Elogio-del-cubo.-Homenaje-a-Juan-de-Herrera-1.jpg\" class=\"attachment-large size-large wp-image-24146\" alt=\"\" srcset=\"https:\/\/www.elturistatranquil.com\/wp-content\/uploads\/F44-Chillida-Elogio-del-cubo.-Homenaje-a-Juan-de-Herrera-1.jpg 768w, https:\/\/www.elturistatranquil.com\/wp-content\/uploads\/F44-Chillida-Elogio-del-cubo.-Homenaje-a-Juan-de-Herrera-1-339x226.jpg 339w\" sizes=\"(max-width: 768px) 100vw, 768px\" \/>\t\t\t\t\t\t\t\t\t\t\t<figcaption class=\"widget-image-caption wp-caption-text\">Elogio del cubo. Homenaje a Juan de Herrera, 1990, acer Corten<\/figcaption>\n\t\t\t\t\t\t\t\t\t\t<\/figure>\n\t\t\t\t\t\t\t\t\t<\/div>\n\t\t\t\t<\/div>\n\t\t\t\t<div class=\"elementor-element elementor-element-68ae8369 elementor-widget elementor-widget-image\" data-id=\"68ae8369\" data-element_type=\"widget\" data-e-type=\"widget\" data-widget_type=\"image.default\">\n\t\t\t\t<div class=\"elementor-widget-container\">\n\t\t\t\t\t\t\t\t\t\t\t\t<figure class=\"wp-caption\">\n\t\t\t\t\t\t\t\t\t\t<img loading=\"lazy\" decoding=\"async\" width=\"768\" height=\"512\" src=\"https:\/\/www.elturistatranquil.com\/wp-content\/uploads\/F45-Chillida-Elogio-del-hierro-III-1-1.jpg\" class=\"attachment-large size-large wp-image-24148\" alt=\"\" srcset=\"https:\/\/www.elturistatranquil.com\/wp-content\/uploads\/F45-Chillida-Elogio-del-hierro-III-1-1.jpg 768w, https:\/\/www.elturistatranquil.com\/wp-content\/uploads\/F45-Chillida-Elogio-del-hierro-III-1-1-339x226.jpg 339w\" sizes=\"(max-width: 768px) 100vw, 768px\" \/>\t\t\t\t\t\t\t\t\t\t\t<figcaption class=\"widget-image-caption wp-caption-text\">Elogio del hierro III, 1991, acer Corten<\/figcaption>\n\t\t\t\t\t\t\t\t\t\t<\/figure>\n\t\t\t\t\t\t\t\t\t<\/div>\n\t\t\t\t<\/div>\n\t\t\t\t<div class=\"elementor-element elementor-element-736fe9d2 elementor-widget elementor-widget-menu-anchor\" data-id=\"736fe9d2\" data-element_type=\"widget\" data-e-type=\"widget\" data-widget_type=\"menu-anchor.default\">\n\t\t\t\t<div class=\"elementor-widget-container\">\n\t\t\t\t\t\t\t<div class=\"elementor-menu-anchor\" id=\"b3920\"><\/div>\n\t\t\t\t\t\t<\/div>\n\t\t\t\t<\/div>\n\t\t\t\t<div class=\"elementor-element elementor-element-13400561 elementor-widget elementor-widget-image\" data-id=\"13400561\" data-element_type=\"widget\" data-e-type=\"widget\" data-widget_type=\"image.default\">\n\t\t\t\t<div class=\"elementor-widget-container\">\n\t\t\t\t\t\t\t\t\t\t\t\t<figure class=\"wp-caption\">\n\t\t\t\t\t\t\t\t\t\t<img loading=\"lazy\" decoding=\"async\" width=\"768\" height=\"511\" src=\"https:\/\/www.elturistatranquil.com\/wp-content\/uploads\/F46-Chillida-Elogio-de-la-arquitectura-XV-1.jpg\" class=\"attachment-large size-large wp-image-24150\" alt=\"\" srcset=\"https:\/\/www.elturistatranquil.com\/wp-content\/uploads\/F46-Chillida-Elogio-de-la-arquitectura-XV-1.jpg 768w, https:\/\/www.elturistatranquil.com\/wp-content\/uploads\/F46-Chillida-Elogio-de-la-arquitectura-XV-1-339x226.jpg 339w\" sizes=\"(max-width: 768px) 100vw, 768px\" \/>\t\t\t\t\t\t\t\t\t\t\t<figcaption class=\"widget-image-caption wp-caption-text\">Elogio de la arquitectura XV, 1996, acer<\/figcaption>\n\t\t\t\t\t\t\t\t\t\t<\/figure>\n\t\t\t\t\t\t\t\t\t<\/div>\n\t\t\t\t<\/div>\n\t\t\t\t<div class=\"elementor-element elementor-element-3a80fc62 elementor-widget elementor-widget-heading\" data-id=\"3a80fc62\" data-element_type=\"widget\" data-e-type=\"widget\" data-widget_type=\"heading.default\">\n\t\t\t\t<div class=\"elementor-widget-container\">\n\t\t\t\t\t<h4 class=\"elementor-heading-title elementor-size-default\">Iru burni (tres ferros)<\/h4>\t\t\t\t<\/div>\n\t\t\t\t<\/div>\n\t\t\t\t<div class=\"elementor-element elementor-element-a60178d elementor-widget elementor-widget-text-editor\" data-id=\"a60178d\" data-element_type=\"widget\" data-e-type=\"widget\" data-widget_type=\"text-editor.default\">\n\t\t\t\t<div class=\"elementor-widget-container\">\n\t\t\t\t\t\t\t\t\t<p>Corresponen a una s\u00e8rie una de les escultures. <strong>Iru burni<\/strong> (tres ferros) en qu\u00e8 adquireix gran import\u00e0ncia l&#8217;espai interior que es crea entre les seves formes.<\/p>\t\t\t\t\t\t\t\t<\/div>\n\t\t\t\t<\/div>\n\t\t\t\t<div class=\"elementor-element elementor-element-1d761496 elementor-widget elementor-widget-menu-anchor\" data-id=\"1d761496\" data-element_type=\"widget\" data-e-type=\"widget\" data-widget_type=\"menu-anchor.default\">\n\t\t\t\t<div class=\"elementor-widget-container\">\n\t\t\t\t\t\t\t<div class=\"elementor-menu-anchor\" id=\"b3921\"><\/div>\n\t\t\t\t\t\t<\/div>\n\t\t\t\t<\/div>\n\t\t\t\t<div class=\"elementor-element elementor-element-71acd5b7 elementor-widget elementor-widget-image\" data-id=\"71acd5b7\" data-element_type=\"widget\" data-e-type=\"widget\" data-widget_type=\"image.default\">\n\t\t\t\t<div class=\"elementor-widget-container\">\n\t\t\t\t\t\t\t\t\t\t\t\t<figure class=\"wp-caption\">\n\t\t\t\t\t\t\t\t\t\t<img loading=\"lazy\" decoding=\"async\" width=\"768\" height=\"511\" src=\"https:\/\/www.elturistatranquil.com\/wp-content\/uploads\/F47-Chillida-Iru-burni-III-1-1.jpg\" class=\"attachment-large size-large wp-image-24152\" alt=\"\" srcset=\"https:\/\/www.elturistatranquil.com\/wp-content\/uploads\/F47-Chillida-Iru-burni-III-1-1.jpg 768w, https:\/\/www.elturistatranquil.com\/wp-content\/uploads\/F47-Chillida-Iru-burni-III-1-1-339x226.jpg 339w\" sizes=\"(max-width: 768px) 100vw, 768px\" \/>\t\t\t\t\t\t\t\t\t\t\t<figcaption class=\"widget-image-caption wp-caption-text\">Iru burni III, 1990, acer Corten<\/figcaption>\n\t\t\t\t\t\t\t\t\t\t<\/figure>\n\t\t\t\t\t\t\t\t\t<\/div>\n\t\t\t\t<\/div>\n\t\t\t\t<div class=\"elementor-element elementor-element-41d6bae5 elementor-widget elementor-widget-heading\" data-id=\"41d6bae5\" data-element_type=\"widget\" data-e-type=\"widget\" data-widget_type=\"heading.default\">\n\t\t\t\t<div class=\"elementor-widget-container\">\n\t\t\t\t\t<h4 class=\"elementor-heading-title elementor-size-default\">Locmariaquer<\/h4>\t\t\t\t<\/div>\n\t\t\t\t<\/div>\n\t\t\t\t<div class=\"elementor-element elementor-element-f9e83b7 elementor-widget elementor-widget-text-editor\" data-id=\"f9e83b7\" data-element_type=\"widget\" data-e-type=\"widget\" data-widget_type=\"text-editor.default\">\n\t\t\t\t<div class=\"elementor-widget-container\">\n\t\t\t\t\t\t\t\t\t<p>En la s\u00e8rie <strong>Locmariaquer<\/strong> les planxes es dobleguen sobre si mateixes per concentrar-se en l&#8217;espai interior, on tanca espais invisibles des de l&#8217;exterior.<\/p>\t\t\t\t\t\t\t\t<\/div>\n\t\t\t\t<\/div>\n\t\t\t\t<div class=\"elementor-element elementor-element-1bdd8d1b elementor-widget elementor-widget-menu-anchor\" data-id=\"1bdd8d1b\" data-element_type=\"widget\" data-e-type=\"widget\" data-widget_type=\"menu-anchor.default\">\n\t\t\t\t<div class=\"elementor-widget-container\">\n\t\t\t\t\t\t\t<div class=\"elementor-menu-anchor\" id=\"b3922\"><\/div>\n\t\t\t\t\t\t<\/div>\n\t\t\t\t<\/div>\n\t\t\t\t<div class=\"elementor-element elementor-element-424c2c8b elementor-widget elementor-widget-image\" data-id=\"424c2c8b\" data-element_type=\"widget\" data-e-type=\"widget\" data-widget_type=\"image.default\">\n\t\t\t\t<div class=\"elementor-widget-container\">\n\t\t\t\t\t\t\t\t\t\t\t\t<figure class=\"wp-caption\">\n\t\t\t\t\t\t\t\t\t\t<img loading=\"lazy\" decoding=\"async\" width=\"768\" height=\"511\" src=\"https:\/\/www.elturistatranquil.com\/wp-content\/uploads\/F48-Chillida-Locmaiaquer-IX-1.jpg\" class=\"attachment-large size-large wp-image-24154\" alt=\"\" srcset=\"https:\/\/www.elturistatranquil.com\/wp-content\/uploads\/F48-Chillida-Locmaiaquer-IX-1.jpg 768w, https:\/\/www.elturistatranquil.com\/wp-content\/uploads\/F48-Chillida-Locmaiaquer-IX-1-339x226.jpg 339w\" sizes=\"(max-width: 768px) 100vw, 768px\" \/>\t\t\t\t\t\t\t\t\t\t\t<figcaption class=\"widget-image-caption wp-caption-text\">Locmariaquer IX, 1989, acer Corten<\/figcaption>\n\t\t\t\t\t\t\t\t\t\t<\/figure>\n\t\t\t\t\t\t\t\t\t<\/div>\n\t\t\t\t<\/div>\n\t\t\t\t<div class=\"elementor-element elementor-element-6346ef40 elementor-widget elementor-widget-heading\" data-id=\"6346ef40\" data-element_type=\"widget\" data-e-type=\"widget\" data-widget_type=\"heading.default\">\n\t\t\t\t<div class=\"elementor-widget-container\">\n\t\t\t\t\t<h4 class=\"elementor-heading-title elementor-size-default\">Besarkada (abra\u00e7ada)<\/h4>\t\t\t\t<\/div>\n\t\t\t\t<\/div>\n\t\t\t\t<div class=\"elementor-element elementor-element-3b56de9c elementor-widget elementor-widget-text-editor\" data-id=\"3b56de9c\" data-element_type=\"widget\" data-e-type=\"widget\" data-widget_type=\"text-editor.default\">\n\t\t\t\t<div class=\"elementor-widget-container\">\n\t\t\t\t\t\t\t\t\t<p>En la s\u00e8rie <strong>Besarkada<\/strong> (abra\u00e7ada) s&#8217;aborda el cos d&#8217;una forma abstracta, a trav\u00e9s de l&#8217;abra\u00e7ada.<\/p>\t\t\t\t\t\t\t\t<\/div>\n\t\t\t\t<\/div>\n\t\t\t\t<div class=\"elementor-element elementor-element-60e6ce5c elementor-widget elementor-widget-menu-anchor\" data-id=\"60e6ce5c\" data-element_type=\"widget\" data-e-type=\"widget\" data-widget_type=\"menu-anchor.default\">\n\t\t\t\t<div class=\"elementor-widget-container\">\n\t\t\t\t\t\t\t<div class=\"elementor-menu-anchor\" id=\"b3923\"><\/div>\n\t\t\t\t\t\t<\/div>\n\t\t\t\t<\/div>\n\t\t\t\t<div class=\"elementor-element elementor-element-727bcd1b elementor-widget elementor-widget-image\" data-id=\"727bcd1b\" data-element_type=\"widget\" data-e-type=\"widget\" data-widget_type=\"image.default\">\n\t\t\t\t<div class=\"elementor-widget-container\">\n\t\t\t\t\t\t\t\t\t\t\t\t<figure class=\"wp-caption\">\n\t\t\t\t\t\t\t\t\t\t<img loading=\"lazy\" decoding=\"async\" width=\"768\" height=\"511\" src=\"https:\/\/www.elturistatranquil.com\/wp-content\/uploads\/F49-Chillida-Besarcada-XIV-1.jpg\" class=\"attachment-large size-large wp-image-24156\" alt=\"\" srcset=\"https:\/\/www.elturistatranquil.com\/wp-content\/uploads\/F49-Chillida-Besarcada-XIV-1.jpg 768w, https:\/\/www.elturistatranquil.com\/wp-content\/uploads\/F49-Chillida-Besarcada-XIV-1-339x226.jpg 339w\" sizes=\"(max-width: 768px) 100vw, 768px\" \/>\t\t\t\t\t\t\t\t\t\t\t<figcaption class=\"widget-image-caption wp-caption-text\">Besarkada XIV, 1997, acer Corten<\/figcaption>\n\t\t\t\t\t\t\t\t\t\t<\/figure>\n\t\t\t\t\t\t\t\t\t<\/div>\n\t\t\t\t<\/div>\n\t\t\t\t<div class=\"elementor-element elementor-element-6366bbbe elementor-widget elementor-widget-heading\" data-id=\"6366bbbe\" data-element_type=\"widget\" data-e-type=\"widget\" data-widget_type=\"heading.default\">\n\t\t\t\t<div class=\"elementor-widget-container\">\n\t\t\t\t\t<h4 class=\"elementor-heading-title elementor-size-default\">Arco de la libertad <\/h4>\t\t\t\t<\/div>\n\t\t\t\t<\/div>\n\t\t\t\t<div class=\"elementor-element elementor-element-374c3805 elementor-widget elementor-widget-text-editor\" data-id=\"374c3805\" data-element_type=\"widget\" data-e-type=\"widget\" data-widget_type=\"text-editor.default\">\n\t\t\t\t<div class=\"elementor-widget-container\">\n\t\t\t\t\t\t\t\t\t<p>Obra realitzada per a una pla\u00e7a de la ciutat de Par\u00eds. Les condicions finals d&#8217;urbanitzaci\u00f3 de la pla\u00e7a, que havia de ser de vianants sense tr\u00e0nsit rodat, li van fer desistir de col\u00b7locar-la all\u00e0.<\/p><p>Mostra la import\u00e0ncia que donava a la localitzaci\u00f3 de les seves obres en relaci\u00f3 amb l&#8217;entorn.<\/p><p>Va decidir finalment col\u00b7locar-la en un lloc estrat\u00e8gic del parc del Museu.<\/p>\t\t\t\t\t\t\t\t<\/div>\n\t\t\t\t<\/div>\n\t\t\t\t<div class=\"elementor-element elementor-element-648cebd8 elementor-widget elementor-widget-menu-anchor\" data-id=\"648cebd8\" data-element_type=\"widget\" data-e-type=\"widget\" data-widget_type=\"menu-anchor.default\">\n\t\t\t\t<div class=\"elementor-widget-container\">\n\t\t\t\t\t\t\t<div class=\"elementor-menu-anchor\" id=\"b3924\"><\/div>\n\t\t\t\t\t\t<\/div>\n\t\t\t\t<\/div>\n\t\t\t\t<div class=\"elementor-element elementor-element-50aba26f elementor-widget elementor-widget-image\" data-id=\"50aba26f\" data-element_type=\"widget\" data-e-type=\"widget\" data-widget_type=\"image.default\">\n\t\t\t\t<div class=\"elementor-widget-container\">\n\t\t\t\t\t\t\t\t\t\t\t\t<figure class=\"wp-caption\">\n\t\t\t\t\t\t\t\t\t\t<img loading=\"lazy\" decoding=\"async\" width=\"768\" height=\"511\" src=\"https:\/\/www.elturistatranquil.com\/wp-content\/uploads\/F50-Chillida-Arco-de-la-libertad-1.jpg\" class=\"attachment-large size-large wp-image-24158\" alt=\"\" srcset=\"https:\/\/www.elturistatranquil.com\/wp-content\/uploads\/F50-Chillida-Arco-de-la-libertad-1.jpg 768w, https:\/\/www.elturistatranquil.com\/wp-content\/uploads\/F50-Chillida-Arco-de-la-libertad-1-339x226.jpg 339w\" sizes=\"(max-width: 768px) 100vw, 768px\" \/>\t\t\t\t\t\t\t\t\t\t\t<figcaption class=\"widget-image-caption wp-caption-text\">Arco de la libertad, 1993, acer Corten<\/figcaption>\n\t\t\t\t\t\t\t\t\t\t<\/figure>\n\t\t\t\t\t\t\t\t\t<\/div>\n\t\t\t\t<\/div>\n\t\t\t\t<div class=\"elementor-element elementor-element-3c2ca215 elementor-widget elementor-widget-heading\" data-id=\"3c2ca215\" data-element_type=\"widget\" data-e-type=\"widget\" data-widget_type=\"heading.default\">\n\t\t\t\t<div class=\"elementor-widget-container\">\n\t\t\t\t\t<h4 class=\"elementor-heading-title elementor-size-default\">Esertoki (seient)<\/h4>\t\t\t\t<\/div>\n\t\t\t\t<\/div>\n\t\t\t\t<div class=\"elementor-element elementor-element-183fe181 elementor-widget elementor-widget-text-editor\" data-id=\"183fe181\" data-element_type=\"widget\" data-e-type=\"widget\" data-widget_type=\"text-editor.default\">\n\t\t\t\t<div class=\"elementor-widget-container\">\n\t\t\t\t\t\t\t\t\t<p>Entre 1990 i 1992 realitza la s\u00e8rie <strong>Esertoki<\/strong> (seient).<\/p>\t\t\t\t\t\t\t\t<\/div>\n\t\t\t\t<\/div>\n\t\t\t\t<div class=\"elementor-element elementor-element-61b093c2 elementor-widget elementor-widget-menu-anchor\" data-id=\"61b093c2\" data-element_type=\"widget\" data-e-type=\"widget\" data-widget_type=\"menu-anchor.default\">\n\t\t\t\t<div class=\"elementor-widget-container\">\n\t\t\t\t\t\t\t<div class=\"elementor-menu-anchor\" id=\"b3925\"><\/div>\n\t\t\t\t\t\t<\/div>\n\t\t\t\t<\/div>\n\t\t\t\t<div class=\"elementor-element elementor-element-1feaabd elementor-widget elementor-widget-image\" data-id=\"1feaabd\" data-element_type=\"widget\" data-e-type=\"widget\" data-widget_type=\"image.default\">\n\t\t\t\t<div class=\"elementor-widget-container\">\n\t\t\t\t\t\t\t\t\t\t\t\t<figure class=\"wp-caption\">\n\t\t\t\t\t\t\t\t\t\t<img loading=\"lazy\" decoding=\"async\" width=\"768\" height=\"511\" src=\"https:\/\/www.elturistatranquil.com\/wp-content\/uploads\/F51-Chillida-Esertoki-III-1.jpg\" class=\"attachment-large size-large wp-image-24160\" alt=\"\" srcset=\"https:\/\/www.elturistatranquil.com\/wp-content\/uploads\/F51-Chillida-Esertoki-III-1.jpg 768w, https:\/\/www.elturistatranquil.com\/wp-content\/uploads\/F51-Chillida-Esertoki-III-1-339x226.jpg 339w\" sizes=\"(max-width: 768px) 100vw, 768px\" \/>\t\t\t\t\t\t\t\t\t\t\t<figcaption class=\"widget-image-caption wp-caption-text\">Esertoki III, 1990, acer Corten<\/figcaption>\n\t\t\t\t\t\t\t\t\t\t<\/figure>\n\t\t\t\t\t\t\t\t\t<\/div>\n\t\t\t\t<\/div>\n\t\t\t\t<div class=\"elementor-element elementor-element-3a3d41fc elementor-widget elementor-widget-heading\" data-id=\"3a3d41fc\" data-element_type=\"widget\" data-e-type=\"widget\" data-widget_type=\"heading.default\">\n\t\t\t\t<div class=\"elementor-widget-container\">\n\t\t\t\t\t<h3 class=\"elementor-heading-title elementor-size-default\">Caser\u00edo Zabalaga. Museu interior<\/h3>\t\t\t\t<\/div>\n\t\t\t\t<\/div>\n\t\t\t\t<div class=\"elementor-element elementor-element-145860ab elementor-widget elementor-widget-text-editor\" data-id=\"145860ab\" data-element_type=\"widget\" data-e-type=\"widget\" data-widget_type=\"text-editor.default\">\n\t\t\t\t<div class=\"elementor-widget-container\">\n\t\t\t\t\t\t\t\t\t<p>Al centre del terreny s&#8217;al\u00e7a el casalot de la fam\u00edlia Zabalaga del segle XVI. Una rotunda obra de ma\u00e7oneria i carreus.<\/p><p>Segons expliquen, l&#8217;edifici estava pr\u00e0cticament en ru\u00efnes i Chillida no es va plantejar la seva reconstrucci\u00f3, sin\u00f3 fer d&#8217;ell un espai que el seu interior fos en si mateix una escultura, un dels seus espais buits, on es reunisin les ess\u00e8ncies de la tradici\u00f3 amb la modernitat.<\/p><p>Per aix\u00f2, en l&#8217;exterior nom\u00e9s s&#8217;aprecien com a modificaci\u00f3 una gran obertura de vidre entre dos contraforts al mur de la cara nord-oest i al costat una altra obertura a la planta superior, aix\u00ed com una gran claraboia central.<\/p><p>En les seves paraules: \u201c<em>Este maravilloso caser\u00edo no ser\u00e1 un museo sino la se\u00f1al de que soy de all\u00ed. No quiero una reconstrucci\u00f3n, sino dejarlo firme y seguro tal y como est\u00e1 para llenarlo de una estructura contempor\u00e1nea: que se vea el hoy y el ayer<\/em>\u201d<\/p>\t\t\t\t\t\t\t\t<\/div>\n\t\t\t\t<\/div>\n\t\t\t\t<div class=\"elementor-element elementor-element-640bd24e elementor-widget elementor-widget-image\" data-id=\"640bd24e\" data-element_type=\"widget\" data-e-type=\"widget\" data-widget_type=\"image.default\">\n\t\t\t\t<div class=\"elementor-widget-container\">\n\t\t\t\t\t\t\t\t\t\t\t\t<figure class=\"wp-caption\">\n\t\t\t\t\t\t\t\t\t\t<img loading=\"lazy\" decoding=\"async\" width=\"768\" height=\"512\" src=\"https:\/\/www.elturistatranquil.com\/wp-content\/uploads\/F52-Museo-Chillida-Leku-1.jpg\" class=\"attachment-large size-large wp-image-24162\" alt=\"\" srcset=\"https:\/\/www.elturistatranquil.com\/wp-content\/uploads\/F52-Museo-Chillida-Leku-1.jpg 768w, https:\/\/www.elturistatranquil.com\/wp-content\/uploads\/F52-Museo-Chillida-Leku-1-339x226.jpg 339w\" sizes=\"(max-width: 768px) 100vw, 768px\" \/>\t\t\t\t\t\t\t\t\t\t\t<figcaption class=\"widget-image-caption wp-caption-text\"><\/figcaption>\n\t\t\t\t\t\t\t\t\t\t<\/figure>\n\t\t\t\t\t\t\t\t\t<\/div>\n\t\t\t\t<\/div>\n\t\t\t\t<div class=\"elementor-element elementor-element-ed0ae44 elementor-widget elementor-widget-image\" data-id=\"ed0ae44\" data-element_type=\"widget\" data-e-type=\"widget\" data-widget_type=\"image.default\">\n\t\t\t\t<div class=\"elementor-widget-container\">\n\t\t\t\t\t\t\t\t\t\t\t\t<figure class=\"wp-caption\">\n\t\t\t\t\t\t\t\t\t\t<img loading=\"lazy\" decoding=\"async\" width=\"768\" height=\"511\" src=\"https:\/\/www.elturistatranquil.com\/wp-content\/uploads\/F53-Museo-Chillida-Leku-1.jpg\" class=\"attachment-large size-large wp-image-24164\" alt=\"\" srcset=\"https:\/\/www.elturistatranquil.com\/wp-content\/uploads\/F53-Museo-Chillida-Leku-1.jpg 768w, https:\/\/www.elturistatranquil.com\/wp-content\/uploads\/F53-Museo-Chillida-Leku-1-339x226.jpg 339w\" sizes=\"(max-width: 768px) 100vw, 768px\" \/>\t\t\t\t\t\t\t\t\t\t\t<figcaption class=\"widget-image-caption wp-caption-text\"><\/figcaption>\n\t\t\t\t\t\t\t\t\t\t<\/figure>\n\t\t\t\t\t\t\t\t\t<\/div>\n\t\t\t\t<\/div>\n\t\t\t\t<div class=\"elementor-element elementor-element-2992eb30 elementor-widget elementor-widget-image\" data-id=\"2992eb30\" data-element_type=\"widget\" data-e-type=\"widget\" data-widget_type=\"image.default\">\n\t\t\t\t<div class=\"elementor-widget-container\">\n\t\t\t\t\t\t\t\t\t\t\t\t<figure class=\"wp-caption\">\n\t\t\t\t\t\t\t\t\t\t<img loading=\"lazy\" decoding=\"async\" width=\"768\" height=\"512\" src=\"https:\/\/www.elturistatranquil.com\/wp-content\/uploads\/F54-Museo-Chillida-Leku-1.jpg\" class=\"attachment-large size-large wp-image-24166\" alt=\"\" srcset=\"https:\/\/www.elturistatranquil.com\/wp-content\/uploads\/F54-Museo-Chillida-Leku-1.jpg 768w, https:\/\/www.elturistatranquil.com\/wp-content\/uploads\/F54-Museo-Chillida-Leku-1-339x226.jpg 339w\" sizes=\"(max-width: 768px) 100vw, 768px\" \/>\t\t\t\t\t\t\t\t\t\t\t<figcaption class=\"widget-image-caption wp-caption-text\"><\/figcaption>\n\t\t\t\t\t\t\t\t\t\t<\/figure>\n\t\t\t\t\t\t\t\t\t<\/div>\n\t\t\t\t<\/div>\n\t\t\t\t<div class=\"elementor-element elementor-element-6dfb8b09 elementor-widget elementor-widget-text-editor\" data-id=\"6dfb8b09\" data-element_type=\"widget\" data-e-type=\"widget\" data-widget_type=\"text-editor.default\">\n\t\t\t\t<div class=\"elementor-widget-container\">\n\t\t\t\t\t\t\t\t\t<p>El resultat \u00e9s que l&#8217;entrada al caseriu produeix un gran impacte.<\/p><p>Chillida va reconvertir l&#8217;interior en un gran <strong>espai <\/strong>\u00fanic. Nom\u00e9s subsisteixen els elements estructurals: un gran mur central de suport estructural, amb un gran arc semicircular de pas, els pilars i bigues de fusta i un altell en cada \u00e0mbit, que es comuniquen entre si a trav\u00e9s del mur central, i \u00a0oberts a la planta baixa .<\/p><p>Les obertures realitzades doten d&#8217;una gran lluminositat natural al conjunt.<\/p>\t\t\t\t\t\t\t\t<\/div>\n\t\t\t\t<\/div>\n\t\t\t\t<div class=\"elementor-element elementor-element-4698ae56 elementor-widget elementor-widget-image\" data-id=\"4698ae56\" data-element_type=\"widget\" data-e-type=\"widget\" data-widget_type=\"image.default\">\n\t\t\t\t<div class=\"elementor-widget-container\">\n\t\t\t\t\t\t\t\t\t\t\t\t<figure class=\"wp-caption\">\n\t\t\t\t\t\t\t\t\t\t<img loading=\"lazy\" decoding=\"async\" width=\"768\" height=\"511\" src=\"https:\/\/www.elturistatranquil.com\/wp-content\/uploads\/F55-Museo-Chillida-Leku-1.jpg\" class=\"attachment-large size-large wp-image-24168\" alt=\"\" srcset=\"https:\/\/www.elturistatranquil.com\/wp-content\/uploads\/F55-Museo-Chillida-Leku-1.jpg 768w, https:\/\/www.elturistatranquil.com\/wp-content\/uploads\/F55-Museo-Chillida-Leku-1-339x226.jpg 339w\" sizes=\"(max-width: 768px) 100vw, 768px\" \/>\t\t\t\t\t\t\t\t\t\t\t<figcaption class=\"widget-image-caption wp-caption-text\"><\/figcaption>\n\t\t\t\t\t\t\t\t\t\t<\/figure>\n\t\t\t\t\t\t\t\t\t<\/div>\n\t\t\t\t<\/div>\n\t\t\t\t<div class=\"elementor-element elementor-element-747d622a elementor-widget elementor-widget-image\" data-id=\"747d622a\" data-element_type=\"widget\" data-e-type=\"widget\" data-widget_type=\"image.default\">\n\t\t\t\t<div class=\"elementor-widget-container\">\n\t\t\t\t\t\t\t\t\t\t\t\t<figure class=\"wp-caption\">\n\t\t\t\t\t\t\t\t\t\t<img loading=\"lazy\" decoding=\"async\" width=\"768\" height=\"511\" src=\"https:\/\/www.elturistatranquil.com\/wp-content\/uploads\/F56-Museo-Chillida-Leku-1.jpg\" class=\"attachment-large size-large wp-image-24170\" alt=\"\" srcset=\"https:\/\/www.elturistatranquil.com\/wp-content\/uploads\/F56-Museo-Chillida-Leku-1.jpg 768w, https:\/\/www.elturistatranquil.com\/wp-content\/uploads\/F56-Museo-Chillida-Leku-1-339x226.jpg 339w\" sizes=\"(max-width: 768px) 100vw, 768px\" \/>\t\t\t\t\t\t\t\t\t\t\t<figcaption class=\"widget-image-caption wp-caption-text\"><\/figcaption>\n\t\t\t\t\t\t\t\t\t\t<\/figure>\n\t\t\t\t\t\t\t\t\t<\/div>\n\t\t\t\t<\/div>\n\t\t\t\t<div class=\"elementor-element elementor-element-3a7c0d87 elementor-widget elementor-widget-image\" data-id=\"3a7c0d87\" data-element_type=\"widget\" data-e-type=\"widget\" data-widget_type=\"image.default\">\n\t\t\t\t<div class=\"elementor-widget-container\">\n\t\t\t\t\t\t\t\t\t\t\t\t<figure class=\"wp-caption\">\n\t\t\t\t\t\t\t\t\t\t<img loading=\"lazy\" decoding=\"async\" width=\"768\" height=\"512\" src=\"https:\/\/www.elturistatranquil.com\/wp-content\/uploads\/F57-Museo-Chillida-Leku-1.jpg\" class=\"attachment-large size-large wp-image-24172\" alt=\"\" srcset=\"https:\/\/www.elturistatranquil.com\/wp-content\/uploads\/F57-Museo-Chillida-Leku-1.jpg 768w, https:\/\/www.elturistatranquil.com\/wp-content\/uploads\/F57-Museo-Chillida-Leku-1-339x226.jpg 339w\" sizes=\"(max-width: 768px) 100vw, 768px\" \/>\t\t\t\t\t\t\t\t\t\t\t<figcaption class=\"widget-image-caption wp-caption-text\"><\/figcaption>\n\t\t\t\t\t\t\t\t\t\t<\/figure>\n\t\t\t\t\t\t\t\t\t<\/div>\n\t\t\t\t<\/div>\n\t\t\t\t<div class=\"elementor-element elementor-element-3eed4c01 elementor-widget elementor-widget-image\" data-id=\"3eed4c01\" data-element_type=\"widget\" data-e-type=\"widget\" data-widget_type=\"image.default\">\n\t\t\t\t<div class=\"elementor-widget-container\">\n\t\t\t\t\t\t\t\t\t\t\t\t<figure class=\"wp-caption\">\n\t\t\t\t\t\t\t\t\t\t<img loading=\"lazy\" decoding=\"async\" width=\"768\" height=\"511\" src=\"https:\/\/www.elturistatranquil.com\/wp-content\/uploads\/F58-Museo-Chillida-Leku-1.jpg\" class=\"attachment-large size-large wp-image-24174\" alt=\"\" srcset=\"https:\/\/www.elturistatranquil.com\/wp-content\/uploads\/F58-Museo-Chillida-Leku-1.jpg 768w, https:\/\/www.elturistatranquil.com\/wp-content\/uploads\/F58-Museo-Chillida-Leku-1-339x226.jpg 339w\" sizes=\"(max-width: 768px) 100vw, 768px\" \/>\t\t\t\t\t\t\t\t\t\t\t<figcaption class=\"widget-image-caption wp-caption-text\"><\/figcaption>\n\t\t\t\t\t\t\t\t\t\t<\/figure>\n\t\t\t\t\t\t\t\t\t<\/div>\n\t\t\t\t<\/div>\n\t\t\t\t<div class=\"elementor-element elementor-element-4d333a9c elementor-widget elementor-widget-image\" data-id=\"4d333a9c\" data-element_type=\"widget\" data-e-type=\"widget\" data-widget_type=\"image.default\">\n\t\t\t\t<div class=\"elementor-widget-container\">\n\t\t\t\t\t\t\t\t\t\t\t\t<figure class=\"wp-caption\">\n\t\t\t\t\t\t\t\t\t\t<img loading=\"lazy\" decoding=\"async\" width=\"768\" height=\"511\" src=\"https:\/\/www.elturistatranquil.com\/wp-content\/uploads\/F59-Museo-Chillida-Leku-1.jpg\" class=\"attachment-large size-large wp-image-24176\" alt=\"\" srcset=\"https:\/\/www.elturistatranquil.com\/wp-content\/uploads\/F59-Museo-Chillida-Leku-1.jpg 768w, https:\/\/www.elturistatranquil.com\/wp-content\/uploads\/F59-Museo-Chillida-Leku-1-339x226.jpg 339w\" sizes=\"(max-width: 768px) 100vw, 768px\" \/>\t\t\t\t\t\t\t\t\t\t\t<figcaption class=\"widget-image-caption wp-caption-text\"><\/figcaption>\n\t\t\t\t\t\t\t\t\t\t<\/figure>\n\t\t\t\t\t\t\t\t\t<\/div>\n\t\t\t\t<\/div>\n\t\t\t\t<div class=\"elementor-element elementor-element-1e645c69 elementor-widget elementor-widget-image\" data-id=\"1e645c69\" data-element_type=\"widget\" data-e-type=\"widget\" data-widget_type=\"image.default\">\n\t\t\t\t<div class=\"elementor-widget-container\">\n\t\t\t\t\t\t\t\t\t\t\t\t<figure class=\"wp-caption\">\n\t\t\t\t\t\t\t\t\t\t<img loading=\"lazy\" decoding=\"async\" width=\"768\" height=\"511\" src=\"https:\/\/www.elturistatranquil.com\/wp-content\/uploads\/F60-Museo-Chillida-Leku-1.jpg\" class=\"attachment-large size-large wp-image-24178\" alt=\"\" srcset=\"https:\/\/www.elturistatranquil.com\/wp-content\/uploads\/F60-Museo-Chillida-Leku-1.jpg 768w, https:\/\/www.elturistatranquil.com\/wp-content\/uploads\/F60-Museo-Chillida-Leku-1-339x226.jpg 339w\" sizes=\"(max-width: 768px) 100vw, 768px\" \/>\t\t\t\t\t\t\t\t\t\t\t<figcaption class=\"widget-image-caption wp-caption-text\"><\/figcaption>\n\t\t\t\t\t\t\t\t\t\t<\/figure>\n\t\t\t\t\t\t\t\t\t<\/div>\n\t\t\t\t<\/div>\n\t\t\t\t<div class=\"elementor-element elementor-element-1a66d75d elementor-widget elementor-widget-image\" data-id=\"1a66d75d\" data-element_type=\"widget\" data-e-type=\"widget\" data-widget_type=\"image.default\">\n\t\t\t\t<div class=\"elementor-widget-container\">\n\t\t\t\t\t\t\t\t\t\t\t\t<figure class=\"wp-caption\">\n\t\t\t\t\t\t\t\t\t\t<img loading=\"lazy\" decoding=\"async\" width=\"768\" height=\"511\" src=\"https:\/\/www.elturistatranquil.com\/wp-content\/uploads\/F61-Museo-Chillida-Leku-1.jpg\" class=\"attachment-large size-large wp-image-24180\" alt=\"\" srcset=\"https:\/\/www.elturistatranquil.com\/wp-content\/uploads\/F61-Museo-Chillida-Leku-1.jpg 768w, https:\/\/www.elturistatranquil.com\/wp-content\/uploads\/F61-Museo-Chillida-Leku-1-339x226.jpg 339w\" sizes=\"(max-width: 768px) 100vw, 768px\" \/>\t\t\t\t\t\t\t\t\t\t\t<figcaption class=\"widget-image-caption wp-caption-text\"><\/figcaption>\n\t\t\t\t\t\t\t\t\t\t<\/figure>\n\t\t\t\t\t\t\t\t\t<\/div>\n\t\t\t\t<\/div>\n\t\t\t\t<div class=\"elementor-element elementor-element-8cd7780 elementor-widget elementor-widget-menu-anchor\" data-id=\"8cd7780\" data-element_type=\"widget\" data-e-type=\"widget\" data-widget_type=\"menu-anchor.default\">\n\t\t\t\t<div class=\"elementor-widget-container\">\n\t\t\t\t\t\t\t<div class=\"elementor-menu-anchor\" id=\"b3926\"><\/div>\n\t\t\t\t\t\t<\/div>\n\t\t\t\t<\/div>\n\t\t\t\t<div class=\"elementor-element elementor-element-51507358 elementor-widget elementor-widget-text-editor\" data-id=\"51507358\" data-element_type=\"widget\" data-e-type=\"widget\" data-widget_type=\"text-editor.default\">\n\t\t\t\t<div class=\"elementor-widget-container\">\n\t\t\t\t\t\t\t\t\t<p>A l&#8217;interior es mostra una exposici\u00f3 temporal que porta per t\u00edtol <em>Eduardo Chillida. Ecos<\/em>.<\/p><p><strong>Ecos<\/strong> (Oyarak) al\u00b7ludeix directament a la idea de repetici\u00f3, relacionada amb la manera de treballar de Chillida. S\u00e8ries que partien d&#8217;una mateixa idea que l&#8217;artista reelaborava.<\/p><p>Presenta un cert car\u00e0cter cronol\u00f2gic, amb m\u00e9s de 40 obres del fons del Museu i altres de col\u00b7leccions que han estat cedides per a l&#8217;ocasi\u00f3.<\/p><p>Hi s\u00f3n presents les diferents etapes, des de la seva estada a Par\u00eds el 1948-1951, i els diferents materials amb els quals va treballar: guix, ferro, alabastre, terra, fusta, a m\u00e9s de gravats, dibuixos i <em>gravitacions<\/em>.<\/p><p>Disposarem de m\u00e9s exemples d&#8217;algunes de les s\u00e8ries que s&#8217;han pogut veure a l&#8217;exterior, amb tractament d&#8217;altres materials.<\/p>\t\t\t\t\t\t\t\t<\/div>\n\t\t\t\t<\/div>\n\t\t\t\t<div class=\"elementor-element elementor-element-53481c68 elementor-widget elementor-widget-heading\" data-id=\"53481c68\" data-element_type=\"widget\" data-e-type=\"widget\" data-widget_type=\"heading.default\">\n\t\t\t\t<div class=\"elementor-widget-container\">\n\t\t\t\t\t<h4 class=\"elementor-heading-title elementor-size-default\">Etapa de Par\u00eds 1948-1951<\/h4>\t\t\t\t<\/div>\n\t\t\t\t<\/div>\n\t\t\t\t<div class=\"elementor-element elementor-element-1c878d7a elementor-widget elementor-widget-text-editor\" data-id=\"1c878d7a\" data-element_type=\"widget\" data-e-type=\"widget\" data-widget_type=\"text-editor.default\">\n\t\t\t\t<div class=\"elementor-widget-container\">\n\t\t\t\t\t\t\t\t\t<p>Primeres escultures en guix i dibuixos de l&#8217;etapa de Par\u00eds 1948-1951.<\/p>\t\t\t\t\t\t\t\t<\/div>\n\t\t\t\t<\/div>\n\t\t\t\t<div class=\"elementor-element elementor-element-34b9e773 elementor-widget elementor-widget-image\" data-id=\"34b9e773\" data-element_type=\"widget\" data-e-type=\"widget\" data-widget_type=\"image.default\">\n\t\t\t\t<div class=\"elementor-widget-container\">\n\t\t\t\t\t\t\t\t\t\t\t\t<figure class=\"wp-caption\">\n\t\t\t\t\t\t\t\t\t\t<img loading=\"lazy\" decoding=\"async\" width=\"768\" height=\"511\" src=\"https:\/\/www.elturistatranquil.com\/wp-content\/uploads\/F62-Chillida-Forma-yTorso-1949-yeso-1.jpg\" class=\"attachment-large size-large wp-image-24182\" alt=\"\" srcset=\"https:\/\/www.elturistatranquil.com\/wp-content\/uploads\/F62-Chillida-Forma-yTorso-1949-yeso-1.jpg 768w, https:\/\/www.elturistatranquil.com\/wp-content\/uploads\/F62-Chillida-Forma-yTorso-1949-yeso-1-339x226.jpg 339w\" sizes=\"(max-width: 768px) 100vw, 768px\" \/>\t\t\t\t\t\t\t\t\t\t\t<figcaption class=\"widget-image-caption wp-caption-text\">A l'esquerra Forma. A la dreta Torso, 1949, guix<\/figcaption>\n\t\t\t\t\t\t\t\t\t\t<\/figure>\n\t\t\t\t\t\t\t\t\t<\/div>\n\t\t\t\t<\/div>\n\t\t\t\t<div class=\"elementor-element elementor-element-1671cb13 elementor-widget elementor-widget-image\" data-id=\"1671cb13\" data-element_type=\"widget\" data-e-type=\"widget\" data-widget_type=\"image.default\">\n\t\t\t\t<div class=\"elementor-widget-container\">\n\t\t\t\t\t\t\t\t\t\t\t\t<figure class=\"wp-caption\">\n\t\t\t\t\t\t\t\t\t\t<img loading=\"lazy\" decoding=\"async\" width=\"768\" height=\"511\" src=\"https:\/\/www.elturistatranquil.com\/wp-content\/uploads\/F63-Chillida-Yacente1949-yeso-1.jpg\" class=\"attachment-large size-large wp-image-24184\" alt=\"\" srcset=\"https:\/\/www.elturistatranquil.com\/wp-content\/uploads\/F63-Chillida-Yacente1949-yeso-1.jpg 768w, https:\/\/www.elturistatranquil.com\/wp-content\/uploads\/F63-Chillida-Yacente1949-yeso-1-339x226.jpg 339w\" sizes=\"(max-width: 768px) 100vw, 768px\" \/>\t\t\t\t\t\t\t\t\t\t\t<figcaption class=\"widget-image-caption wp-caption-text\">Yacente, 1949, guix<\/figcaption>\n\t\t\t\t\t\t\t\t\t\t<\/figure>\n\t\t\t\t\t\t\t\t\t<\/div>\n\t\t\t\t<\/div>\n\t\t\t\t<div class=\"elementor-element elementor-element-1172a7bc elementor-widget elementor-widget-menu-anchor\" data-id=\"1172a7bc\" data-element_type=\"widget\" data-e-type=\"widget\" data-widget_type=\"menu-anchor.default\">\n\t\t\t\t<div class=\"elementor-widget-container\">\n\t\t\t\t\t\t\t<div class=\"elementor-menu-anchor\" id=\"b3927\"><\/div>\n\t\t\t\t\t\t<\/div>\n\t\t\t\t<\/div>\n\t\t\t\t<div class=\"elementor-element elementor-element-7b148db6 elementor-widget elementor-widget-image\" data-id=\"7b148db6\" data-element_type=\"widget\" data-e-type=\"widget\" data-widget_type=\"image.default\">\n\t\t\t\t<div class=\"elementor-widget-container\">\n\t\t\t\t\t\t\t\t\t\t\t\t<figure class=\"wp-caption\">\n\t\t\t\t\t\t\t\t\t\t<img loading=\"lazy\" decoding=\"async\" width=\"768\" height=\"511\" src=\"https:\/\/www.elturistatranquil.com\/wp-content\/uploads\/F64-Chillida-Documentaci\u00f3n-hist\u00f3rica-1.jpg\" class=\"attachment-large size-large wp-image-24186\" alt=\"\" srcset=\"https:\/\/www.elturistatranquil.com\/wp-content\/uploads\/F64-Chillida-Documentaci\u00f3n-hist\u00f3rica-1.jpg 768w, https:\/\/www.elturistatranquil.com\/wp-content\/uploads\/F64-Chillida-Documentaci\u00f3n-hist\u00f3rica-1-339x226.jpg 339w\" sizes=\"(max-width: 768px) 100vw, 768px\" \/>\t\t\t\t\t\t\t\t\t\t\t<figcaption class=\"widget-image-caption wp-caption-text\">Documentaci\u00f3 hist\u00f2rica<\/figcaption>\n\t\t\t\t\t\t\t\t\t\t<\/figure>\n\t\t\t\t\t\t\t\t\t<\/div>\n\t\t\t\t<\/div>\n\t\t\t\t<div class=\"elementor-element elementor-element-13e5ed5d elementor-widget elementor-widget-heading\" data-id=\"13e5ed5d\" data-element_type=\"widget\" data-e-type=\"widget\" data-widget_type=\"heading.default\">\n\t\t\t\t<div class=\"elementor-widget-container\">\n\t\t\t\t\t<h4 class=\"elementor-heading-title elementor-size-default\">Homenajes<\/h4>\t\t\t\t<\/div>\n\t\t\t\t<\/div>\n\t\t\t\t<div class=\"elementor-element elementor-element-307951e0 elementor-widget elementor-widget-text-editor\" data-id=\"307951e0\" data-element_type=\"widget\" data-e-type=\"widget\" data-widget_type=\"text-editor.default\">\n\t\t\t\t<div class=\"elementor-widget-container\">\n\t\t\t\t\t\t\t\t\t<p>En les primeres escultures en ferro ja apareix la s\u00e8rie <strong>Homenajes<\/strong>.<\/p><p>Treballa el ferro sense soldadura, corbant-lo i doblegant-lo en calent.<\/p>\t\t\t\t\t\t\t\t<\/div>\n\t\t\t\t<\/div>\n\t\t\t\t<div class=\"elementor-element elementor-element-21c0dfa7 elementor-widget elementor-widget-image\" data-id=\"21c0dfa7\" data-element_type=\"widget\" data-e-type=\"widget\" data-widget_type=\"image.default\">\n\t\t\t\t<div class=\"elementor-widget-container\">\n\t\t\t\t\t\t\t\t\t\t\t\t<figure class=\"wp-caption\">\n\t\t\t\t\t\t\t\t\t\t<img loading=\"lazy\" decoding=\"async\" width=\"768\" height=\"511\" src=\"https:\/\/www.elturistatranquil.com\/wp-content\/uploads\/F65-Chillida-Homenaje-a-Gaston-Bachelard.-Sue\u00f1o-articulado-1958-hierro-1.jpg\" class=\"attachment-large size-large wp-image-24188\" alt=\"\" srcset=\"https:\/\/www.elturistatranquil.com\/wp-content\/uploads\/F65-Chillida-Homenaje-a-Gaston-Bachelard.-Sue\u00f1o-articulado-1958-hierro-1.jpg 768w, https:\/\/www.elturistatranquil.com\/wp-content\/uploads\/F65-Chillida-Homenaje-a-Gaston-Bachelard.-Sue\u00f1o-articulado-1958-hierro-1-339x226.jpg 339w\" sizes=\"(max-width: 768px) 100vw, 768px\" \/>\t\t\t\t\t\t\t\t\t\t\t<figcaption class=\"widget-image-caption wp-caption-text\">Homenaje a Gaston Bachelard. Sue\u00f1o articulado, 1958, ferro<\/figcaption>\n\t\t\t\t\t\t\t\t\t\t<\/figure>\n\t\t\t\t\t\t\t\t\t<\/div>\n\t\t\t\t<\/div>\n\t\t\t\t<div class=\"elementor-element elementor-element-5e5a2453 elementor-widget elementor-widget-text-editor\" data-id=\"5e5a2453\" data-element_type=\"widget\" data-e-type=\"widget\" data-widget_type=\"text-editor.default\">\n\t\t\t\t<div class=\"elementor-widget-container\">\n\t\t\t\t\t\t\t\t\t<p>Per\u00f2 tamb\u00e9 far\u00e0 servir altres materials com l&#8217;alabastre, que no sent un material propi del Pa\u00eds Basc, va comen\u00e7ar a introduir en les seves escultures despr\u00e9s d&#8217;un viatge a Gr\u00e8cia, a partir de 1965.<\/p>\t\t\t\t\t\t\t\t<\/div>\n\t\t\t\t<\/div>\n\t\t\t\t<div class=\"elementor-element elementor-element-3014d621 elementor-widget elementor-widget-image\" data-id=\"3014d621\" data-element_type=\"widget\" data-e-type=\"widget\" data-widget_type=\"image.default\">\n\t\t\t\t<div class=\"elementor-widget-container\">\n\t\t\t\t\t\t\t\t\t\t\t\t<figure class=\"wp-caption\">\n\t\t\t\t\t\t\t\t\t\t<img loading=\"lazy\" decoding=\"async\" width=\"768\" height=\"512\" src=\"https:\/\/www.elturistatranquil.com\/wp-content\/uploads\/F66-Chillida-Homenaje-a-Goethe-V-1979-alabastro-1-1.jpg\" class=\"attachment-large size-large wp-image-24190\" alt=\"\" srcset=\"https:\/\/www.elturistatranquil.com\/wp-content\/uploads\/F66-Chillida-Homenaje-a-Goethe-V-1979-alabastro-1-1.jpg 768w, https:\/\/www.elturistatranquil.com\/wp-content\/uploads\/F66-Chillida-Homenaje-a-Goethe-V-1979-alabastro-1-1-339x226.jpg 339w\" sizes=\"(max-width: 768px) 100vw, 768px\" \/>\t\t\t\t\t\t\t\t\t\t\t<figcaption class=\"widget-image-caption wp-caption-text\">Homenaje a Goethe V, 1979, alabastre<\/figcaption>\n\t\t\t\t\t\t\t\t\t\t<\/figure>\n\t\t\t\t\t\t\t\t\t<\/div>\n\t\t\t\t<\/div>\n\t\t\t\t<div class=\"elementor-element elementor-element-3bcf3908 elementor-widget elementor-widget-menu-anchor\" data-id=\"3bcf3908\" data-element_type=\"widget\" data-e-type=\"widget\" data-widget_type=\"menu-anchor.default\">\n\t\t\t\t<div class=\"elementor-widget-container\">\n\t\t\t\t\t\t\t<div class=\"elementor-menu-anchor\" id=\"b3928\"><\/div>\n\t\t\t\t\t\t<\/div>\n\t\t\t\t<\/div>\n\t\t\t\t<div class=\"elementor-element elementor-element-749d76cd elementor-widget elementor-widget-image\" data-id=\"749d76cd\" data-element_type=\"widget\" data-e-type=\"widget\" data-widget_type=\"image.default\">\n\t\t\t\t<div class=\"elementor-widget-container\">\n\t\t\t\t\t\t\t\t\t\t\t\t<figure class=\"wp-caption\">\n\t\t\t\t\t\t\t\t\t\t<img loading=\"lazy\" decoding=\"async\" width=\"768\" height=\"512\" src=\"https:\/\/www.elturistatranquil.com\/wp-content\/uploads\/F67-Chillida-Homenaje-a-la-mar-IV-1998-alabastro-1.jpg\" class=\"attachment-large size-large wp-image-24192\" alt=\"\" srcset=\"https:\/\/www.elturistatranquil.com\/wp-content\/uploads\/F67-Chillida-Homenaje-a-la-mar-IV-1998-alabastro-1.jpg 768w, https:\/\/www.elturistatranquil.com\/wp-content\/uploads\/F67-Chillida-Homenaje-a-la-mar-IV-1998-alabastro-1-339x226.jpg 339w\" sizes=\"(max-width: 768px) 100vw, 768px\" \/>\t\t\t\t\t\t\t\t\t\t\t<figcaption class=\"widget-image-caption wp-caption-text\">Homenaje a la mar IV, 1998, alabastre<\/figcaption>\n\t\t\t\t\t\t\t\t\t\t<\/figure>\n\t\t\t\t\t\t\t\t\t<\/div>\n\t\t\t\t<\/div>\n\t\t\t\t<div class=\"elementor-element elementor-element-19c22e79 elementor-widget elementor-widget-heading\" data-id=\"19c22e79\" data-element_type=\"widget\" data-e-type=\"widget\" data-widget_type=\"heading.default\">\n\t\t\t\t<div class=\"elementor-widget-container\">\n\t\t\t\t\t<h4 class=\"elementor-heading-title elementor-size-default\">Espacios perforados<\/h4>\t\t\t\t<\/div>\n\t\t\t\t<\/div>\n\t\t\t\t<div class=\"elementor-element elementor-element-249daeb1 elementor-widget elementor-widget-text-editor\" data-id=\"249daeb1\" data-element_type=\"widget\" data-e-type=\"widget\" data-widget_type=\"text-editor.default\">\n\t\t\t\t<div class=\"elementor-widget-container\">\n\t\t\t\t\t\t\t\t\t<p>A la primera etapa del treball amb ferro s&#8217;inicia al s\u00e8rie <strong>Espacios perforados.<\/strong><\/p>\t\t\t\t\t\t\t\t<\/div>\n\t\t\t\t<\/div>\n\t\t\t\t<div class=\"elementor-element elementor-element-6bf05c4d elementor-widget elementor-widget-menu-anchor\" data-id=\"6bf05c4d\" data-element_type=\"widget\" data-e-type=\"widget\" data-widget_type=\"menu-anchor.default\">\n\t\t\t\t<div class=\"elementor-widget-container\">\n\t\t\t\t\t\t\t<div class=\"elementor-menu-anchor\" id=\"b3929\"><\/div>\n\t\t\t\t\t\t<\/div>\n\t\t\t\t<\/div>\n\t\t\t\t<div class=\"elementor-element elementor-element-1d8ba657 elementor-widget elementor-widget-image\" data-id=\"1d8ba657\" data-element_type=\"widget\" data-e-type=\"widget\" data-widget_type=\"image.default\">\n\t\t\t\t<div class=\"elementor-widget-container\">\n\t\t\t\t\t\t\t\t\t\t\t\t<figure class=\"wp-caption\">\n\t\t\t\t\t\t\t\t\t\t<img loading=\"lazy\" decoding=\"async\" width=\"768\" height=\"511\" src=\"https:\/\/www.elturistatranquil.com\/wp-content\/uploads\/F68-Chillida-Espacios-perforados-II-1952-hierro-1.jpg\" class=\"attachment-large size-large wp-image-24194\" alt=\"\" srcset=\"https:\/\/www.elturistatranquil.com\/wp-content\/uploads\/F68-Chillida-Espacios-perforados-II-1952-hierro-1.jpg 768w, https:\/\/www.elturistatranquil.com\/wp-content\/uploads\/F68-Chillida-Espacios-perforados-II-1952-hierro-1-339x226.jpg 339w\" sizes=\"(max-width: 768px) 100vw, 768px\" \/>\t\t\t\t\t\t\t\t\t\t\t<figcaption class=\"widget-image-caption wp-caption-text\">Espacios perforados II, 1952, ferro<\/figcaption>\n\t\t\t\t\t\t\t\t\t\t<\/figure>\n\t\t\t\t\t\t\t\t\t<\/div>\n\t\t\t\t<\/div>\n\t\t\t\t<div class=\"elementor-element elementor-element-41a811db elementor-widget elementor-widget-heading\" data-id=\"41a811db\" data-element_type=\"widget\" data-e-type=\"widget\" data-widget_type=\"heading.default\">\n\t\t\t\t<div class=\"elementor-widget-container\">\n\t\t\t\t\t<h4 class=\"elementor-heading-title elementor-size-default\">Itarik i los Yunques del sue\u00f1o<\/h4>\t\t\t\t<\/div>\n\t\t\t\t<\/div>\n\t\t\t\t<div class=\"elementor-element elementor-element-455a3b9d elementor-widget elementor-widget-text-editor\" data-id=\"455a3b9d\" data-element_type=\"widget\" data-e-type=\"widget\" data-widget_type=\"text-editor.default\">\n\t\t\t\t<div class=\"elementor-widget-container\">\n\t\t\t\t\t\t\t\t\t<p>La fusta forma part dels materials de la primera etapa.<\/p>\t\t\t\t\t\t\t\t<\/div>\n\t\t\t\t<\/div>\n\t\t\t\t<div class=\"elementor-element elementor-element-37bbf222 elementor-widget elementor-widget-image\" data-id=\"37bbf222\" data-element_type=\"widget\" data-e-type=\"widget\" data-widget_type=\"image.default\">\n\t\t\t\t<div class=\"elementor-widget-container\">\n\t\t\t\t\t\t\t\t\t\t\t\t<figure class=\"wp-caption\">\n\t\t\t\t\t\t\t\t\t\t<img loading=\"lazy\" decoding=\"async\" width=\"768\" height=\"511\" src=\"https:\/\/www.elturistatranquil.com\/wp-content\/uploads\/F69a-Chillida-Ilarik-II-Estela-1954-madera-1.jpg\" class=\"attachment-large size-large wp-image-24196\" alt=\"\" srcset=\"https:\/\/www.elturistatranquil.com\/wp-content\/uploads\/F69a-Chillida-Ilarik-II-Estela-1954-madera-1.jpg 768w, https:\/\/www.elturistatranquil.com\/wp-content\/uploads\/F69a-Chillida-Ilarik-II-Estela-1954-madera-1-339x226.jpg 339w\" sizes=\"(max-width: 768px) 100vw, 768px\" \/>\t\t\t\t\t\t\t\t\t\t\t<figcaption class=\"widget-image-caption wp-caption-text\">Ilarik II (Estela), 1954, fusta<\/figcaption>\n\t\t\t\t\t\t\t\t\t\t<\/figure>\n\t\t\t\t\t\t\t\t\t<\/div>\n\t\t\t\t<\/div>\n\t\t\t\t<div class=\"elementor-element elementor-element-27aae244 elementor-widget elementor-widget-text-editor\" data-id=\"27aae244\" data-element_type=\"widget\" data-e-type=\"widget\" data-widget_type=\"text-editor.default\">\n\t\t\t\t<div class=\"elementor-widget-container\">\n\t\t\t\t\t\t\t\t\t<p>Em sembla summament interessant observar la compenetraci\u00f3 i simbiosi entre l&#8217;obra i l&#8217;estructura de fusta de la tradici\u00f3 basca, aix\u00ed com amb les esteles funer\u00e0ries.<\/p>\t\t\t\t\t\t\t\t<\/div>\n\t\t\t\t<\/div>\n\t\t\t\t<div class=\"elementor-element elementor-element-33a2f7 elementor-widget elementor-widget-menu-anchor\" data-id=\"33a2f7\" data-element_type=\"widget\" data-e-type=\"widget\" data-widget_type=\"menu-anchor.default\">\n\t\t\t\t<div class=\"elementor-widget-container\">\n\t\t\t\t\t\t\t<div class=\"elementor-menu-anchor\" id=\"b3930\"><\/div>\n\t\t\t\t\t\t<\/div>\n\t\t\t\t<\/div>\n\t\t\t\t<div class=\"elementor-element elementor-element-40c93713 elementor-widget elementor-widget-image\" data-id=\"40c93713\" data-element_type=\"widget\" data-e-type=\"widget\" data-widget_type=\"image.default\">\n\t\t\t\t<div class=\"elementor-widget-container\">\n\t\t\t\t\t\t\t\t\t\t\t\t<figure class=\"wp-caption\">\n\t\t\t\t\t\t\t\t\t\t<img loading=\"lazy\" decoding=\"async\" width=\"768\" height=\"511\" src=\"https:\/\/www.elturistatranquil.com\/wp-content\/uploads\/F69b-Chillida-Ilarik-II-Estela-1954-madera-1.jpg\" class=\"attachment-large size-large wp-image-24198\" alt=\"\" srcset=\"https:\/\/www.elturistatranquil.com\/wp-content\/uploads\/F69b-Chillida-Ilarik-II-Estela-1954-madera-1.jpg 768w, https:\/\/www.elturistatranquil.com\/wp-content\/uploads\/F69b-Chillida-Ilarik-II-Estela-1954-madera-1-339x226.jpg 339w\" sizes=\"(max-width: 768px) 100vw, 768px\" \/>\t\t\t\t\t\t\t\t\t\t\t<figcaption class=\"widget-image-caption wp-caption-text\"><\/figcaption>\n\t\t\t\t\t\t\t\t\t\t<\/figure>\n\t\t\t\t\t\t\t\t\t<\/div>\n\t\t\t\t<\/div>\n\t\t\t\t<div class=\"elementor-element elementor-element-2af2503a elementor-widget elementor-widget-heading\" data-id=\"2af2503a\" data-element_type=\"widget\" data-e-type=\"widget\" data-widget_type=\"heading.default\">\n\t\t\t\t<div class=\"elementor-widget-container\">\n\t\t\t\t\t<h4 class=\"elementor-heading-title elementor-size-default\">Hierros de temblor<\/h4>\t\t\t\t<\/div>\n\t\t\t\t<\/div>\n\t\t\t\t<div class=\"elementor-element elementor-element-3d7b05d8 elementor-widget elementor-widget-text-editor\" data-id=\"3d7b05d8\" data-element_type=\"widget\" data-e-type=\"widget\" data-widget_type=\"text-editor.default\">\n\t\t\t\t<div class=\"elementor-widget-container\">\n\t\t\t\t\t\t\t\t\t<p>En els seus primers treballs entronca amb el fer dels fargaires, -operaris d&#8217;una farga productors de \u00fatils de conreu, eines i armes &#8211; i s&#8217;enfronta a la translaci\u00f3 del grafisme al volum de la mat\u00e8ria.<\/p>\t\t\t\t\t\t\t\t<\/div>\n\t\t\t\t<\/div>\n\t\t\t\t<div class=\"elementor-element elementor-element-1262467e elementor-widget elementor-widget-image\" data-id=\"1262467e\" data-element_type=\"widget\" data-e-type=\"widget\" data-widget_type=\"image.default\">\n\t\t\t\t<div class=\"elementor-widget-container\">\n\t\t\t\t\t\t\t\t\t\t\t\t<figure class=\"wp-caption\">\n\t\t\t\t\t\t\t\t\t\t<img loading=\"lazy\" decoding=\"async\" width=\"768\" height=\"511\" src=\"https:\/\/www.elturistatranquil.com\/wp-content\/uploads\/F70-Chillida-Hierros-de-temblor-III-1957-bronce-1-1.jpg\" class=\"attachment-large size-large wp-image-24200\" alt=\"\" srcset=\"https:\/\/www.elturistatranquil.com\/wp-content\/uploads\/F70-Chillida-Hierros-de-temblor-III-1957-bronce-1-1.jpg 768w, https:\/\/www.elturistatranquil.com\/wp-content\/uploads\/F70-Chillida-Hierros-de-temblor-III-1957-bronce-1-1-339x226.jpg 339w\" sizes=\"(max-width: 768px) 100vw, 768px\" \/>\t\t\t\t\t\t\t\t\t\t\t<figcaption class=\"widget-image-caption wp-caption-text\">Hierros de temblor III, 1957, bronze<\/figcaption>\n\t\t\t\t\t\t\t\t\t\t<\/figure>\n\t\t\t\t\t\t\t\t\t<\/div>\n\t\t\t\t<\/div>\n\t\t\t\t<div class=\"elementor-element elementor-element-59491751 elementor-widget elementor-widget-menu-anchor\" data-id=\"59491751\" data-element_type=\"widget\" data-e-type=\"widget\" data-widget_type=\"menu-anchor.default\">\n\t\t\t\t<div class=\"elementor-widget-container\">\n\t\t\t\t\t\t\t<div class=\"elementor-menu-anchor\" id=\"b3931\"><\/div>\n\t\t\t\t\t\t<\/div>\n\t\t\t\t<\/div>\n\t\t\t\t<div class=\"elementor-element elementor-element-bb3920d elementor-widget elementor-widget-image\" data-id=\"bb3920d\" data-element_type=\"widget\" data-e-type=\"widget\" data-widget_type=\"image.default\">\n\t\t\t\t<div class=\"elementor-widget-container\">\n\t\t\t\t\t\t\t\t\t\t\t\t<figure class=\"wp-caption\">\n\t\t\t\t\t\t\t\t\t\t<img loading=\"lazy\" decoding=\"async\" width=\"768\" height=\"511\" src=\"https:\/\/www.elturistatranquil.com\/wp-content\/uploads\/F71-Chillida-Hierros-de-temblor-1.jpg\" class=\"attachment-large size-large wp-image-24202\" alt=\"\" srcset=\"https:\/\/www.elturistatranquil.com\/wp-content\/uploads\/F71-Chillida-Hierros-de-temblor-1.jpg 768w, https:\/\/www.elturistatranquil.com\/wp-content\/uploads\/F71-Chillida-Hierros-de-temblor-1-339x226.jpg 339w\" sizes=\"(max-width: 768px) 100vw, 768px\" \/>\t\t\t\t\t\t\t\t\t\t\t<figcaption class=\"widget-image-caption wp-caption-text\"><\/figcaption>\n\t\t\t\t\t\t\t\t\t\t<\/figure>\n\t\t\t\t\t\t\t\t\t<\/div>\n\t\t\t\t<\/div>\n\t\t\t\t<div class=\"elementor-element elementor-element-3a617fb2 elementor-widget elementor-widget-heading\" data-id=\"3a617fb2\" data-element_type=\"widget\" data-e-type=\"widget\" data-widget_type=\"heading.default\">\n\t\t\t\t<div class=\"elementor-widget-container\">\n\t\t\t\t\t<h4 class=\"elementor-heading-title elementor-size-default\">Rumor de l\u00edmites<\/h4>\t\t\t\t<\/div>\n\t\t\t\t<\/div>\n\t\t\t\t<div class=\"elementor-element elementor-element-58a7bcfa elementor-widget elementor-widget-text-editor\" data-id=\"58a7bcfa\" data-element_type=\"widget\" data-e-type=\"widget\" data-widget_type=\"text-editor.default\">\n\t\t\t\t<div class=\"elementor-widget-container\">\n\t\t\t\t\t\t\t\t\t<p>Una altra s\u00e8rie en ferro \u00e9s <strong>Rumor de l\u00edmites<\/strong>. Aquesta perspectiva recorda una arada. En els seus primers temps va ser habitual l&#8217;\u00fas de eines de conreu i la seva reutilitzaci\u00f3 i transformaci\u00f3 per crear noves formes.<\/p>\t\t\t\t\t\t\t\t<\/div>\n\t\t\t\t<\/div>\n\t\t\t\t<div class=\"elementor-element elementor-element-76392ab0 elementor-widget elementor-widget-menu-anchor\" data-id=\"76392ab0\" data-element_type=\"widget\" data-e-type=\"widget\" data-widget_type=\"menu-anchor.default\">\n\t\t\t\t<div class=\"elementor-widget-container\">\n\t\t\t\t\t\t\t<div class=\"elementor-menu-anchor\" id=\"b3932\"><\/div>\n\t\t\t\t\t\t<\/div>\n\t\t\t\t<\/div>\n\t\t\t\t<div class=\"elementor-element elementor-element-24060df1 elementor-widget elementor-widget-image\" data-id=\"24060df1\" data-element_type=\"widget\" data-e-type=\"widget\" data-widget_type=\"image.default\">\n\t\t\t\t<div class=\"elementor-widget-container\">\n\t\t\t\t\t\t\t\t\t\t\t\t<figure class=\"wp-caption\">\n\t\t\t\t\t\t\t\t\t\t<img loading=\"lazy\" decoding=\"async\" width=\"768\" height=\"511\" src=\"https:\/\/www.elturistatranquil.com\/wp-content\/uploads\/F72-Chillida-Rumor-de-limites-VI-1960-hierro-1.jpg\" class=\"attachment-large size-large wp-image-24204\" alt=\"\" srcset=\"https:\/\/www.elturistatranquil.com\/wp-content\/uploads\/F72-Chillida-Rumor-de-limites-VI-1960-hierro-1.jpg 768w, https:\/\/www.elturistatranquil.com\/wp-content\/uploads\/F72-Chillida-Rumor-de-limites-VI-1960-hierro-1-339x226.jpg 339w\" sizes=\"(max-width: 768px) 100vw, 768px\" \/>\t\t\t\t\t\t\t\t\t\t\t<figcaption class=\"widget-image-caption wp-caption-text\">Rumor de limites VI, 1960, ferro<\/figcaption>\n\t\t\t\t\t\t\t\t\t\t<\/figure>\n\t\t\t\t\t\t\t\t\t<\/div>\n\t\t\t\t<\/div>\n\t\t\t\t<div class=\"elementor-element elementor-element-28d5125a elementor-widget elementor-widget-heading\" data-id=\"28d5125a\" data-element_type=\"widget\" data-e-type=\"widget\" data-widget_type=\"heading.default\">\n\t\t\t\t<div class=\"elementor-widget-container\">\n\t\t\t\t\t<h4 class=\"elementor-heading-title elementor-size-default\">Campo Espacio de Paz<\/h4>\t\t\t\t<\/div>\n\t\t\t\t<\/div>\n\t\t\t\t<div class=\"elementor-element elementor-element-36dd01d elementor-widget elementor-widget-text-editor\" data-id=\"36dd01d\" data-element_type=\"widget\" data-e-type=\"widget\" data-widget_type=\"text-editor.default\">\n\t\t\t\t<div class=\"elementor-widget-container\">\n\t\t\t\t\t\t\t\t\t<p>Una proposta per a la ciutat de Lund (Suecia), <strong>Campo Espacio de Paz<\/strong> de 1963, \u00e9s un dels projectes p\u00fablics, dels quals va realitzar m\u00e9s de 40, on proposava la seva defensa dels drets humans i el respecte a la natura amb temes com la pau, la toler\u00e0ncia o la llibertat.<\/p><p>En Lund es va instal\u00b7lar el <em>Campo Espacio de Paz II<\/em>, el 1972, realitzat en basalt.<\/p>\t\t\t\t\t\t\t\t<\/div>\n\t\t\t\t<\/div>\n\t\t\t\t<div class=\"elementor-element elementor-element-57714f53 elementor-widget elementor-widget-menu-anchor\" data-id=\"57714f53\" data-element_type=\"widget\" data-e-type=\"widget\" data-widget_type=\"menu-anchor.default\">\n\t\t\t\t<div class=\"elementor-widget-container\">\n\t\t\t\t\t\t\t<div class=\"elementor-menu-anchor\" id=\"b3933\"><\/div>\n\t\t\t\t\t\t<\/div>\n\t\t\t\t<\/div>\n\t\t\t\t<div class=\"elementor-element elementor-element-696921da elementor-widget elementor-widget-image\" data-id=\"696921da\" data-element_type=\"widget\" data-e-type=\"widget\" data-widget_type=\"image.default\">\n\t\t\t\t<div class=\"elementor-widget-container\">\n\t\t\t\t\t\t\t\t\t\t\t\t<figure class=\"wp-caption\">\n\t\t\t\t\t\t\t\t\t\t<img loading=\"lazy\" decoding=\"async\" width=\"768\" height=\"511\" src=\"https:\/\/www.elturistatranquil.com\/wp-content\/uploads\/F73-Chillida-Proyecto-para-Lund.-Campo-espacio-de-paz-1963-acero-inoxidable-1-1.jpg\" class=\"attachment-large size-large wp-image-24206\" alt=\"\" srcset=\"https:\/\/www.elturistatranquil.com\/wp-content\/uploads\/F73-Chillida-Proyecto-para-Lund.-Campo-espacio-de-paz-1963-acero-inoxidable-1-1.jpg 768w, https:\/\/www.elturistatranquil.com\/wp-content\/uploads\/F73-Chillida-Proyecto-para-Lund.-Campo-espacio-de-paz-1963-acero-inoxidable-1-1-339x226.jpg 339w\" sizes=\"(max-width: 768px) 100vw, 768px\" \/>\t\t\t\t\t\t\t\t\t\t\t<figcaption class=\"widget-image-caption wp-caption-text\">Projecte per a Lund. Campo espacio de paz, 1963, acer inoxidable<\/figcaption>\n\t\t\t\t\t\t\t\t\t\t<\/figure>\n\t\t\t\t\t\t\t\t\t<\/div>\n\t\t\t\t<\/div>\n\t\t\t\t<div class=\"elementor-element elementor-element-1059cf elementor-widget elementor-widget-heading\" data-id=\"1059cf\" data-element_type=\"widget\" data-e-type=\"widget\" data-widget_type=\"heading.default\">\n\t\t\t\t<div class=\"elementor-widget-container\">\n\t\t\t\t\t<h4 class=\"elementor-heading-title elementor-size-default\">Lo profundo es el aire<\/h4>\t\t\t\t<\/div>\n\t\t\t\t<\/div>\n\t\t\t\t<div class=\"elementor-element elementor-element-10ccd189 elementor-widget elementor-widget-text-editor\" data-id=\"10ccd189\" data-element_type=\"widget\" data-e-type=\"widget\" data-widget_type=\"text-editor.default\">\n\t\t\t\t<div class=\"elementor-widget-container\">\n\t\t\t\t\t\t\t\t\t<p>Forma part de la s\u00e8rie d&#8217;homenatge al poeta Jorge Guill\u00e9n.<\/p>\t\t\t\t\t\t\t\t<\/div>\n\t\t\t\t<\/div>\n\t\t\t\t<div class=\"elementor-element elementor-element-50000949 elementor-widget elementor-widget-menu-anchor\" data-id=\"50000949\" data-element_type=\"widget\" data-e-type=\"widget\" data-widget_type=\"menu-anchor.default\">\n\t\t\t\t<div class=\"elementor-widget-container\">\n\t\t\t\t\t\t\t<div class=\"elementor-menu-anchor\" id=\"b3934\"><\/div>\n\t\t\t\t\t\t<\/div>\n\t\t\t\t<\/div>\n\t\t\t\t<div class=\"elementor-element elementor-element-3875eec7 elementor-widget elementor-widget-image\" data-id=\"3875eec7\" data-element_type=\"widget\" data-e-type=\"widget\" data-widget_type=\"image.default\">\n\t\t\t\t<div class=\"elementor-widget-container\">\n\t\t\t\t\t\t\t\t\t\t\t\t<figure class=\"wp-caption\">\n\t\t\t\t\t\t\t\t\t\t<img loading=\"lazy\" decoding=\"async\" width=\"768\" height=\"511\" src=\"https:\/\/www.elturistatranquil.com\/wp-content\/uploads\/F74-Chillida-Lo-profundo-es-el-aire-XIX-1998-alabastro-1.jpg\" class=\"attachment-large size-large wp-image-24208\" alt=\"\" srcset=\"https:\/\/www.elturistatranquil.com\/wp-content\/uploads\/F74-Chillida-Lo-profundo-es-el-aire-XIX-1998-alabastro-1.jpg 768w, https:\/\/www.elturistatranquil.com\/wp-content\/uploads\/F74-Chillida-Lo-profundo-es-el-aire-XIX-1998-alabastro-1-339x226.jpg 339w\" sizes=\"(max-width: 768px) 100vw, 768px\" \/>\t\t\t\t\t\t\t\t\t\t\t<figcaption class=\"widget-image-caption wp-caption-text\">Lo profundo es el aire XIX, 1998, alabastre<\/figcaption>\n\t\t\t\t\t\t\t\t\t\t<\/figure>\n\t\t\t\t\t\t\t\t\t<\/div>\n\t\t\t\t<\/div>\n\t\t\t\t<div class=\"elementor-element elementor-element-7db1d81d elementor-widget elementor-widget-heading\" data-id=\"7db1d81d\" data-element_type=\"widget\" data-e-type=\"widget\" data-widget_type=\"heading.default\">\n\t\t\t\t<div class=\"elementor-widget-container\">\n\t\t\t\t\t<h4 class=\"elementor-heading-title elementor-size-default\">Gurutz (Cruz)<\/h4>\t\t\t\t<\/div>\n\t\t\t\t<\/div>\n\t\t\t\t<div class=\"elementor-element elementor-element-18cef962 elementor-widget elementor-widget-text-editor\" data-id=\"18cef962\" data-element_type=\"widget\" data-e-type=\"widget\" data-widget_type=\"text-editor.default\">\n\t\t\t\t<div class=\"elementor-widget-container\">\n\t\t\t\t\t\t\t\t\t<p>En aquesta creu en el buit, <strong>Gurutz VIII<\/strong>, s&#8217;aplica tamb\u00e9 l&#8217;alabastre.<\/p>\t\t\t\t\t\t\t\t<\/div>\n\t\t\t\t<\/div>\n\t\t\t\t<div class=\"elementor-element elementor-element-494c7b5b elementor-widget elementor-widget-menu-anchor\" data-id=\"494c7b5b\" data-element_type=\"widget\" data-e-type=\"widget\" data-widget_type=\"menu-anchor.default\">\n\t\t\t\t<div class=\"elementor-widget-container\">\n\t\t\t\t\t\t\t<div class=\"elementor-menu-anchor\" id=\"b3935\"><\/div>\n\t\t\t\t\t\t<\/div>\n\t\t\t\t<\/div>\n\t\t\t\t<div class=\"elementor-element elementor-element-585166ad elementor-widget elementor-widget-image\" data-id=\"585166ad\" data-element_type=\"widget\" data-e-type=\"widget\" data-widget_type=\"image.default\">\n\t\t\t\t<div class=\"elementor-widget-container\">\n\t\t\t\t\t\t\t\t\t\t\t\t<figure class=\"wp-caption\">\n\t\t\t\t\t\t\t\t\t\t<img loading=\"lazy\" decoding=\"async\" width=\"768\" height=\"511\" src=\"https:\/\/www.elturistatranquil.com\/wp-content\/uploads\/F75-Chillida-Gurutz-VIII-2000-alabastro-1.jpg\" class=\"attachment-large size-large wp-image-24210\" alt=\"\" srcset=\"https:\/\/www.elturistatranquil.com\/wp-content\/uploads\/F75-Chillida-Gurutz-VIII-2000-alabastro-1.jpg 768w, https:\/\/www.elturistatranquil.com\/wp-content\/uploads\/F75-Chillida-Gurutz-VIII-2000-alabastro-1-339x226.jpg 339w\" sizes=\"(max-width: 768px) 100vw, 768px\" \/>\t\t\t\t\t\t\t\t\t\t\t<figcaption class=\"widget-image-caption wp-caption-text\">Gurutz VIII, 2000, alabastre<\/figcaption>\n\t\t\t\t\t\t\t\t\t\t<\/figure>\n\t\t\t\t\t\t\t\t\t<\/div>\n\t\t\t\t<\/div>\n\t\t\t\t<div class=\"elementor-element elementor-element-75df9940 elementor-widget elementor-widget-heading\" data-id=\"75df9940\" data-element_type=\"widget\" data-e-type=\"widget\" data-widget_type=\"heading.default\">\n\t\t\t\t<div class=\"elementor-widget-container\">\n\t\t\t\t\t<h4 class=\"elementor-heading-title elementor-size-default\">Peine del viento<\/h4>\t\t\t\t<\/div>\n\t\t\t\t<\/div>\n\t\t\t\t<div class=\"elementor-element elementor-element-1a916b34 elementor-widget elementor-widget-text-editor\" data-id=\"1a916b34\" data-element_type=\"widget\" data-e-type=\"widget\" data-widget_type=\"text-editor.default\">\n\t\t\t\t<div class=\"elementor-widget-container\">\n\t\t\t\t\t\t\t\t\t<p>De la s\u00e8rie <strong>Peine del viento<\/strong> s\u00f3n les seves obres m\u00e9s conegudes.<\/p>\t\t\t\t\t\t\t\t<\/div>\n\t\t\t\t<\/div>\n\t\t\t\t<div class=\"elementor-element elementor-element-2fc413f8 elementor-widget elementor-widget-image\" data-id=\"2fc413f8\" data-element_type=\"widget\" data-e-type=\"widget\" data-widget_type=\"image.default\">\n\t\t\t\t<div class=\"elementor-widget-container\">\n\t\t\t\t\t\t\t\t\t\t\t\t<figure class=\"wp-caption\">\n\t\t\t\t\t\t\t\t\t\t<img loading=\"lazy\" decoding=\"async\" width=\"768\" height=\"511\" src=\"https:\/\/www.elturistatranquil.com\/wp-content\/uploads\/F76-Chillida-Peine-del-viento-Chillida-en-el-Peine-del-viento-1977-foto-Francesc-Catala-Roca-1-1.jpg\" class=\"attachment-large size-large wp-image-24212\" alt=\"\" srcset=\"https:\/\/www.elturistatranquil.com\/wp-content\/uploads\/F76-Chillida-Peine-del-viento-Chillida-en-el-Peine-del-viento-1977-foto-Francesc-Catala-Roca-1-1.jpg 768w, https:\/\/www.elturistatranquil.com\/wp-content\/uploads\/F76-Chillida-Peine-del-viento-Chillida-en-el-Peine-del-viento-1977-foto-Francesc-Catala-Roca-1-1-339x226.jpg 339w\" sizes=\"(max-width: 768px) 100vw, 768px\" \/>\t\t\t\t\t\t\t\t\t\t\t<figcaption class=\"widget-image-caption wp-caption-text\">Peine del viento. Eduardo Chillida al Peine del viento, Donostia\/San Sebasti\u00e1n. 1977, foto Francesc Catal\u00e0-Roca<\/figcaption>\n\t\t\t\t\t\t\t\t\t\t<\/figure>\n\t\t\t\t\t\t\t\t\t<\/div>\n\t\t\t\t<\/div>\n\t\t\t\t<div class=\"elementor-element elementor-element-7ca33b34 elementor-widget elementor-widget-image\" data-id=\"7ca33b34\" data-element_type=\"widget\" data-e-type=\"widget\" data-widget_type=\"image.default\">\n\t\t\t\t<div class=\"elementor-widget-container\">\n\t\t\t\t\t\t\t\t\t\t\t\t<figure class=\"wp-caption\">\n\t\t\t\t\t\t\t\t\t\t<img loading=\"lazy\" decoding=\"async\" width=\"768\" height=\"511\" src=\"https:\/\/www.elturistatranquil.com\/wp-content\/uploads\/F77-Chillida-Peine-del-viento-estudios-1-1.jpg\" class=\"attachment-large size-large wp-image-24214\" alt=\"\" srcset=\"https:\/\/www.elturistatranquil.com\/wp-content\/uploads\/F77-Chillida-Peine-del-viento-estudios-1-1.jpg 768w, https:\/\/www.elturistatranquil.com\/wp-content\/uploads\/F77-Chillida-Peine-del-viento-estudios-1-1-339x226.jpg 339w\" sizes=\"(max-width: 768px) 100vw, 768px\" \/>\t\t\t\t\t\t\t\t\t\t\t<figcaption class=\"widget-image-caption wp-caption-text\"><\/figcaption>\n\t\t\t\t\t\t\t\t\t\t<\/figure>\n\t\t\t\t\t\t\t\t\t<\/div>\n\t\t\t\t<\/div>\n\t\t\t\t<div class=\"elementor-element elementor-element-f2429ec elementor-widget elementor-widget-image\" data-id=\"f2429ec\" data-element_type=\"widget\" data-e-type=\"widget\" data-widget_type=\"image.default\">\n\t\t\t\t<div class=\"elementor-widget-container\">\n\t\t\t\t\t\t\t\t\t\t\t\t<figure class=\"wp-caption\">\n\t\t\t\t\t\t\t\t\t\t<img loading=\"lazy\" decoding=\"async\" width=\"768\" height=\"511\" src=\"https:\/\/www.elturistatranquil.com\/wp-content\/uploads\/F78-Chillida-Peine-del-viento-estudios-1-1.jpg\" class=\"attachment-large size-large wp-image-24216\" alt=\"\" srcset=\"https:\/\/www.elturistatranquil.com\/wp-content\/uploads\/F78-Chillida-Peine-del-viento-estudios-1-1.jpg 768w, https:\/\/www.elturistatranquil.com\/wp-content\/uploads\/F78-Chillida-Peine-del-viento-estudios-1-1-339x226.jpg 339w\" sizes=\"(max-width: 768px) 100vw, 768px\" \/>\t\t\t\t\t\t\t\t\t\t\t<figcaption class=\"widget-image-caption wp-caption-text\"><\/figcaption>\n\t\t\t\t\t\t\t\t\t\t<\/figure>\n\t\t\t\t\t\t\t\t\t<\/div>\n\t\t\t\t<\/div>\n\t\t\t\t<section class=\"elementor-section elementor-inner-section elementor-element elementor-element-6ab1ca0c elementor-section-boxed elementor-section-height-default elementor-section-height-default\" data-id=\"6ab1ca0c\" data-element_type=\"section\" data-e-type=\"section\">\n\t\t\t\t\t\t<div class=\"elementor-container elementor-column-gap-default\">\n\t\t\t\t\t<div class=\"elementor-column elementor-col-50 elementor-inner-column elementor-element elementor-element-7370ae16\" data-id=\"7370ae16\" data-element_type=\"column\" data-e-type=\"column\">\n\t\t\t<div class=\"elementor-widget-wrap elementor-element-populated\">\n\t\t\t\t\t\t<div class=\"elementor-element elementor-element-4b1e6c03 elementor-widget elementor-widget-image\" data-id=\"4b1e6c03\" data-element_type=\"widget\" data-e-type=\"widget\" data-widget_type=\"image.default\">\n\t\t\t\t<div class=\"elementor-widget-container\">\n\t\t\t\t\t\t\t\t\t\t\t\t\t\t\t<img loading=\"lazy\" decoding=\"async\" width=\"366\" height=\"550\" src=\"https:\/\/www.elturistatranquil.com\/wp-content\/uploads\/F79m-Chillida-Peine-del-viento-estudios-1.jpg\" class=\"attachment-large size-large wp-image-24218\" alt=\"\" srcset=\"https:\/\/www.elturistatranquil.com\/wp-content\/uploads\/F79m-Chillida-Peine-del-viento-estudios-1.jpg 366w, https:\/\/www.elturistatranquil.com\/wp-content\/uploads\/F79m-Chillida-Peine-del-viento-estudios-1-150x226.jpg 150w\" sizes=\"(max-width: 366px) 100vw, 366px\" \/>\t\t\t\t\t\t\t\t\t\t\t\t\t\t\t<\/div>\n\t\t\t\t<\/div>\n\t\t\t\t\t<\/div>\n\t\t<\/div>\n\t\t\t\t<div class=\"elementor-column elementor-col-50 elementor-inner-column elementor-element elementor-element-6d5225c6\" data-id=\"6d5225c6\" data-element_type=\"column\" data-e-type=\"column\">\n\t\t\t<div class=\"elementor-widget-wrap elementor-element-populated\">\n\t\t\t\t\t\t<div class=\"elementor-element elementor-element-21a72029 elementor-widget elementor-widget-image\" data-id=\"21a72029\" data-element_type=\"widget\" data-e-type=\"widget\" data-widget_type=\"image.default\">\n\t\t\t\t<div class=\"elementor-widget-container\">\n\t\t\t\t\t\t\t\t\t\t\t\t\t\t\t<img loading=\"lazy\" decoding=\"async\" width=\"367\" height=\"550\" src=\"https:\/\/www.elturistatranquil.com\/wp-content\/uploads\/F79n-Chillida-Peine-del-viento-estudios-1.jpg\" class=\"attachment-large size-large wp-image-24220\" alt=\"\" srcset=\"https:\/\/www.elturistatranquil.com\/wp-content\/uploads\/F79n-Chillida-Peine-del-viento-estudios-1.jpg 367w, https:\/\/www.elturistatranquil.com\/wp-content\/uploads\/F79n-Chillida-Peine-del-viento-estudios-1-151x226.jpg 151w\" sizes=\"(max-width: 367px) 100vw, 367px\" \/>\t\t\t\t\t\t\t\t\t\t\t\t\t\t\t<\/div>\n\t\t\t\t<\/div>\n\t\t\t\t\t<\/div>\n\t\t<\/div>\n\t\t\t\t\t<\/div>\n\t\t<\/section>\n\t\t\t\t<div class=\"elementor-element elementor-element-66b3becb elementor-widget elementor-widget-menu-anchor\" data-id=\"66b3becb\" data-element_type=\"widget\" data-e-type=\"widget\" data-widget_type=\"menu-anchor.default\">\n\t\t\t\t<div class=\"elementor-widget-container\">\n\t\t\t\t\t\t\t<div class=\"elementor-menu-anchor\" id=\"b3936\"><\/div>\n\t\t\t\t\t\t<\/div>\n\t\t\t\t<\/div>\n\t\t\t\t<div class=\"elementor-element elementor-element-23f92604 elementor-widget elementor-widget-heading\" data-id=\"23f92604\" data-element_type=\"widget\" data-e-type=\"widget\" data-widget_type=\"heading.default\">\n\t\t\t\t<div class=\"elementor-widget-container\">\n\t\t\t\t\t<h4 class=\"elementor-heading-title elementor-size-default\">Altres materials<\/h4>\t\t\t\t<\/div>\n\t\t\t\t<\/div>\n\t\t\t\t<div class=\"elementor-element elementor-element-32a4b70a elementor-widget elementor-widget-text-editor\" data-id=\"32a4b70a\" data-element_type=\"widget\" data-e-type=\"widget\" data-widget_type=\"text-editor.default\">\n\t\t\t\t<div class=\"elementor-widget-container\">\n\t\t\t\t\t\t\t\t\t<p>Altres materials van ser tractats per Chillida, dels que hi ha algun exemple en la mostra. Dibuixos, gravats, collages, gravitacions i terra xamota. Un altre material que va utilitzar, sense representaci\u00f3 aqu\u00ed, va ser el formig\u00f3.<\/p><p><strong>Dibuixos<\/strong> dels seus inicis.<\/p>\t\t\t\t\t\t\t\t<\/div>\n\t\t\t\t<\/div>\n\t\t\t\t<div class=\"elementor-element elementor-element-320d88e2 elementor-widget elementor-widget-image\" data-id=\"320d88e2\" data-element_type=\"widget\" data-e-type=\"widget\" data-widget_type=\"image.default\">\n\t\t\t\t<div class=\"elementor-widget-container\">\n\t\t\t\t\t\t\t\t\t\t\t\t<figure class=\"wp-caption\">\n\t\t\t\t\t\t\t\t\t\t<img loading=\"lazy\" decoding=\"async\" width=\"768\" height=\"511\" src=\"https:\/\/www.elturistatranquil.com\/wp-content\/uploads\/F80-Chillida-Dibujos-1.jpg\" class=\"attachment-large size-large wp-image-24222\" alt=\"\" srcset=\"https:\/\/www.elturistatranquil.com\/wp-content\/uploads\/F80-Chillida-Dibujos-1.jpg 768w, https:\/\/www.elturistatranquil.com\/wp-content\/uploads\/F80-Chillida-Dibujos-1-339x226.jpg 339w\" sizes=\"(max-width: 768px) 100vw, 768px\" \/>\t\t\t\t\t\t\t\t\t\t\t<figcaption class=\"widget-image-caption wp-caption-text\"><\/figcaption>\n\t\t\t\t\t\t\t\t\t\t<\/figure>\n\t\t\t\t\t\t\t\t\t<\/div>\n\t\t\t\t<\/div>\n\t\t\t\t<div class=\"elementor-element elementor-element-2ebd9ae6 elementor-widget elementor-widget-text-editor\" data-id=\"2ebd9ae6\" data-element_type=\"widget\" data-e-type=\"widget\" data-widget_type=\"text-editor.default\">\n\t\t\t\t<div class=\"elementor-widget-container\">\n\t\t\t\t\t\t\t\t\t<p>S\u00f3n innombrables els <strong>gravats<\/strong> en la producci\u00f3 de Chillida a partir de 1959.<\/p>\t\t\t\t\t\t\t\t<\/div>\n\t\t\t\t<\/div>\n\t\t\t\t<div class=\"elementor-element elementor-element-7bc636ef elementor-widget elementor-widget-image\" data-id=\"7bc636ef\" data-element_type=\"widget\" data-e-type=\"widget\" data-widget_type=\"image.default\">\n\t\t\t\t<div class=\"elementor-widget-container\">\n\t\t\t\t\t\t\t\t\t\t\t\t<figure class=\"wp-caption\">\n\t\t\t\t\t\t\t\t\t\t<img loading=\"lazy\" decoding=\"async\" width=\"768\" height=\"511\" src=\"https:\/\/www.elturistatranquil.com\/wp-content\/uploads\/F82-Chillida-Gravados-1-1.jpg\" class=\"attachment-large size-large wp-image-24224\" alt=\"\" srcset=\"https:\/\/www.elturistatranquil.com\/wp-content\/uploads\/F82-Chillida-Gravados-1-1.jpg 768w, https:\/\/www.elturistatranquil.com\/wp-content\/uploads\/F82-Chillida-Gravados-1-1-339x226.jpg 339w\" sizes=\"(max-width: 768px) 100vw, 768px\" \/>\t\t\t\t\t\t\t\t\t\t\t<figcaption class=\"widget-image-caption wp-caption-text\"><\/figcaption>\n\t\t\t\t\t\t\t\t\t\t<\/figure>\n\t\t\t\t\t\t\t\t\t<\/div>\n\t\t\t\t<\/div>\n\t\t\t\t<div class=\"elementor-element elementor-element-4d79ca85 elementor-widget elementor-widget-text-editor\" data-id=\"4d79ca85\" data-element_type=\"widget\" data-e-type=\"widget\" data-widget_type=\"text-editor.default\">\n\t\t\t\t<div class=\"elementor-widget-container\">\n\t\t\t\t\t\t\t\t\t<p>Una altre t\u00e8cnica que va practicar va ser la del c<strong>ollage.<\/strong><\/p>\t\t\t\t\t\t\t\t<\/div>\n\t\t\t\t<\/div>\n\t\t\t\t<div class=\"elementor-element elementor-element-20f8ae77 elementor-widget elementor-widget-image\" data-id=\"20f8ae77\" data-element_type=\"widget\" data-e-type=\"widget\" data-widget_type=\"image.default\">\n\t\t\t\t<div class=\"elementor-widget-container\">\n\t\t\t\t\t\t\t\t\t\t\t\t<figure class=\"wp-caption\">\n\t\t\t\t\t\t\t\t\t\t<img loading=\"lazy\" decoding=\"async\" width=\"768\" height=\"511\" src=\"https:\/\/www.elturistatranquil.com\/wp-content\/uploads\/F81-Chillida-Collages-1953-1952-papel-tinta-cola-1.jpg\" class=\"attachment-large size-large wp-image-24226\" alt=\"\" srcset=\"https:\/\/www.elturistatranquil.com\/wp-content\/uploads\/F81-Chillida-Collages-1953-1952-papel-tinta-cola-1.jpg 768w, https:\/\/www.elturistatranquil.com\/wp-content\/uploads\/F81-Chillida-Collages-1953-1952-papel-tinta-cola-1-339x226.jpg 339w\" sizes=\"(max-width: 768px) 100vw, 768px\" \/>\t\t\t\t\t\t\t\t\t\t\t<figcaption class=\"widget-image-caption wp-caption-text\">Collages, 1953-1952, paper, tinta, cola<\/figcaption>\n\t\t\t\t\t\t\t\t\t\t<\/figure>\n\t\t\t\t\t\t\t\t\t<\/div>\n\t\t\t\t<\/div>\n\t\t\t\t<div class=\"elementor-element elementor-element-7c23f9b8 elementor-widget elementor-widget-text-editor\" data-id=\"7c23f9b8\" data-element_type=\"widget\" data-e-type=\"widget\" data-widget_type=\"text-editor.default\">\n\t\t\t\t<div class=\"elementor-widget-container\">\n\t\t\t\t\t\t\t\t\t<p>Una variaci\u00f3 dels collages van ser les <strong>G<em>ravitaciones<\/em><\/strong>. Per construir-les, retallava papers o altres materials, com el feltre, i els superposava cosits entre si, no encolats, uns sobre els altres, i penjats, de manera que suressin <em>ingr\u00e0vids<\/em>.<\/p>\t\t\t\t\t\t\t\t<\/div>\n\t\t\t\t<\/div>\n\t\t\t\t<div class=\"elementor-element elementor-element-71cdfc69 elementor-widget elementor-widget-image\" data-id=\"71cdfc69\" data-element_type=\"widget\" data-e-type=\"widget\" data-widget_type=\"image.default\">\n\t\t\t\t<div class=\"elementor-widget-container\">\n\t\t\t\t\t\t\t\t\t\t\t\t<figure class=\"wp-caption\">\n\t\t\t\t\t\t\t\t\t\t<img loading=\"lazy\" decoding=\"async\" width=\"768\" height=\"511\" src=\"https:\/\/www.elturistatranquil.com\/wp-content\/uploads\/F83-Chillida-Gravitacion-1990-fieltro-1-1.jpg\" class=\"attachment-large size-large wp-image-24228\" alt=\"\" srcset=\"https:\/\/www.elturistatranquil.com\/wp-content\/uploads\/F83-Chillida-Gravitacion-1990-fieltro-1-1.jpg 768w, https:\/\/www.elturistatranquil.com\/wp-content\/uploads\/F83-Chillida-Gravitacion-1990-fieltro-1-1-339x226.jpg 339w\" sizes=\"(max-width: 768px) 100vw, 768px\" \/>\t\t\t\t\t\t\t\t\t\t\t<figcaption class=\"widget-image-caption wp-caption-text\">Gravitacion, 1990, feltre<\/figcaption>\n\t\t\t\t\t\t\t\t\t\t<\/figure>\n\t\t\t\t\t\t\t\t\t<\/div>\n\t\t\t\t<\/div>\n\t\t\t\t<div class=\"elementor-element elementor-element-7be0815a elementor-widget elementor-widget-text-editor\" data-id=\"7be0815a\" data-element_type=\"widget\" data-e-type=\"widget\" data-widget_type=\"text-editor.default\">\n\t\t\t\t<div class=\"elementor-widget-container\">\n\t\t\t\t\t\t\t\t\t<p>Finalment, els <strong>Lurrak<\/strong> (terres). <em>Cer\u00e0miques en terra xamota<\/em>, i la variant dels <strong>\u00d2xids<\/strong>, diferenciades segons el proc\u00e9s de cocci\u00f3.<\/p>\t\t\t\t\t\t\t\t<\/div>\n\t\t\t\t<\/div>\n\t\t\t\t<div class=\"elementor-element elementor-element-655f57db elementor-widget elementor-widget-menu-anchor\" data-id=\"655f57db\" data-element_type=\"widget\" data-e-type=\"widget\" data-widget_type=\"menu-anchor.default\">\n\t\t\t\t<div class=\"elementor-widget-container\">\n\t\t\t\t\t\t\t<div class=\"elementor-menu-anchor\" id=\"b3937\"><\/div>\n\t\t\t\t\t\t<\/div>\n\t\t\t\t<\/div>\n\t\t\t\t<div class=\"elementor-element elementor-element-4e70076c elementor-widget elementor-widget-image\" data-id=\"4e70076c\" data-element_type=\"widget\" data-e-type=\"widget\" data-widget_type=\"image.default\">\n\t\t\t\t<div class=\"elementor-widget-container\">\n\t\t\t\t\t\t\t\t\t\t\t\t<figure class=\"wp-caption\">\n\t\t\t\t\t\t\t\t\t\t<img loading=\"lazy\" decoding=\"async\" width=\"768\" height=\"511\" src=\"https:\/\/www.elturistatranquil.com\/wp-content\/uploads\/F84-Chillida-Seleccion-de-Lurrak-tierras-y-Oxido-42-1-1.jpg\" class=\"attachment-large size-large wp-image-24230\" alt=\"\" srcset=\"https:\/\/www.elturistatranquil.com\/wp-content\/uploads\/F84-Chillida-Seleccion-de-Lurrak-tierras-y-Oxido-42-1-1.jpg 768w, https:\/\/www.elturistatranquil.com\/wp-content\/uploads\/F84-Chillida-Seleccion-de-Lurrak-tierras-y-Oxido-42-1-1-339x226.jpg 339w\" sizes=\"(max-width: 768px) 100vw, 768px\" \/>\t\t\t\t\t\t\t\t\t\t\t<figcaption class=\"widget-image-caption wp-caption-text\">Selecci\u00f3 de Lurrak (tierras) i Oxido 42<\/figcaption>\n\t\t\t\t\t\t\t\t\t\t<\/figure>\n\t\t\t\t\t\t\t\t\t<\/div>\n\t\t\t\t<\/div>\n\t\t\t\t<div class=\"elementor-element elementor-element-2efda8fd elementor-widget elementor-widget-heading\" data-id=\"2efda8fd\" data-element_type=\"widget\" data-e-type=\"widget\" data-widget_type=\"heading.default\">\n\t\t\t\t<div class=\"elementor-widget-container\">\n\t\t\t\t\t<h2 class=\"elementor-heading-title elementor-size-default\">Fi de la visita<\/h2>\t\t\t\t<\/div>\n\t\t\t\t<\/div>\n\t\t\t\t<div class=\"elementor-element elementor-element-5bf93b12 elementor-widget elementor-widget-menu-anchor\" data-id=\"5bf93b12\" data-element_type=\"widget\" data-e-type=\"widget\" data-widget_type=\"menu-anchor.default\">\n\t\t\t\t<div class=\"elementor-widget-container\">\n\t\t\t\t\t\t\t<div class=\"elementor-menu-anchor\" id=\"b3938\"><\/div>\n\t\t\t\t\t\t<\/div>\n\t\t\t\t<\/div>\n\t\t\t\t<div class=\"elementor-element elementor-element-799c602d elementor-widget elementor-widget-text-editor\" data-id=\"799c602d\" data-element_type=\"widget\" data-e-type=\"widget\" data-widget_type=\"text-editor.default\">\n\t\t\t\t<div class=\"elementor-widget-container\">\n\t\t\t\t\t\t\t\t\t<p><strong>Chillida Leku<\/strong> \u00e9s un museu que m&#8217;atreviria a qualificar d&#8217;\u00fanic. 11 hect\u00e0rees de terreny que donen alberg a m\u00e9s de 40 obres de grans dimensions i en el centre un gran caseriu que allotja altres tants treballs en el seu espai cobert, totes dedicades a l&#8217;obra d&#8217;un artista: <strong>Eduardo Chillida.<\/strong><\/p><p>A m\u00e9s, un museu pensat pel mateix artista perqu\u00e8 el seu treball dialogui amb la naturalesa del seu pa\u00eds, de l&#8217;ess\u00e8ncia del qual sorgeix la seva obra.<\/p><p>Penso que no \u00e9s nom\u00e9s un Museu per anar-hi de pas, sin\u00f3 que mereix un viatge per ell mateix.<\/p>\t\t\t\t\t\t\t\t<\/div>\n\t\t\t\t<\/div>\n\t\t\t\t<div class=\"elementor-element elementor-element-50cd957 elementor-widget elementor-widget-heading\" data-id=\"50cd957\" data-element_type=\"widget\" data-e-type=\"widget\" data-widget_type=\"heading.default\">\n\t\t\t\t<div class=\"elementor-widget-container\">\n\t\t\t\t\t<h2 class=\"elementor-heading-title elementor-size-default\">Av\u00eds PER VISITAR Chillida Leku<\/h2>\t\t\t\t<\/div>\n\t\t\t\t<\/div>\n\t\t\t\t<div class=\"elementor-element elementor-element-016fab9 elementor-widget elementor-widget-text-editor\" data-id=\"016fab9\" data-element_type=\"widget\" data-e-type=\"widget\" data-widget_type=\"text-editor.default\">\n\t\t\t\t<div class=\"elementor-widget-container\">\n\t\t\t\t\t\t\t\t\t<p>Fins aqu\u00ed hem vist fotografies de les obres de Eduardo Chillida en el seu Museu. Amb aix\u00f2 podem obtenir una primera informaci\u00f3 de les obres mostrades. PER\u00d2 RES M\u00c9S.<\/p><p>Disposem d&#8217;una imatge des d&#8217;una perspectiva de cadascuna d&#8217;elles, que ens aproxima a la seva est\u00e8tica, per\u00f2 no ens transmeten l&#8217;essencial de la seva obra.<\/p><p>Les obres de Chillida s\u00f3n formes, volums, dimensions i, sobretot, mat\u00e8ria, perspectives, espais i buits.<\/p><p>I per aprehendre tots aquests aspectes cal viure l&#8217;obra, des de diferents dist\u00e0ncies, des de totes les perspectives, fent que la vista entri en els buits com a espais amb forma i sentit, o entrar en ells.<\/p><p>Si se\u2019m permet la comparaci\u00f3, i ja que estem al Pa\u00eds Basc, parad\u00eds de la gastronomia, la fotografia d&#8217;aquestes escultures \u00e9s com la fotografia d&#8217;un plat de menjar, per molt bonic que sigui. Per apreciar-los del tot falta &#8220;viure&#8217;ls&#8221;.<\/p><p>I la t\u00e8cnica! Jo, que no soc expert en forja o pedra picada, en observar les obres, no nom\u00e9s les de grans dimensions, no deixo de preguntar-me com va poder construir-les, tot i que en alguns casos es ajud\u00e9s d&#8217;experts en instal\u00b7lacions industrials. Com era capa\u00e7 de penetrar en els buits de les seves roques amb aquesta perfecci\u00f3 de volums, arestes i polits.<\/p><p>Si el que he mostrat els atrau, ja em diran que van sentir quan el visitin.<\/p>\t\t\t\t\t\t\t\t<\/div>\n\t\t\t\t<\/div>\n\t\t\t\t<div class=\"elementor-element elementor-element-e1732bb elementor-widget elementor-widget-menu-anchor\" data-id=\"e1732bb\" data-element_type=\"widget\" data-e-type=\"widget\" data-widget_type=\"menu-anchor.default\">\n\t\t\t\t<div class=\"elementor-widget-container\">\n\t\t\t\t\t\t\t<div class=\"elementor-menu-anchor\" id=\"b3939\"><\/div>\n\t\t\t\t\t\t<\/div>\n\t\t\t\t<\/div>\n\t\t\t\t<div class=\"elementor-element elementor-element-037773d elementor-widget elementor-widget-heading\" data-id=\"037773d\" data-element_type=\"widget\" data-e-type=\"widget\" data-widget_type=\"heading.default\">\n\t\t\t\t<div class=\"elementor-widget-container\">\n\t\t\t\t\t<h2 class=\"elementor-heading-title elementor-size-default\">Bases d\u2019informaci\u00f3<\/h2>\t\t\t\t<\/div>\n\t\t\t\t<\/div>\n\t\t\t\t<div class=\"elementor-element elementor-element-39e2724f elementor-widget elementor-widget-text-editor\" data-id=\"39e2724f\" data-element_type=\"widget\" data-e-type=\"widget\" data-widget_type=\"text-editor.default\">\n\t\t\t\t<div class=\"elementor-widget-container\">\n\t\t\t\t\t\t\t\t\t<p><strong>Webs<\/strong><\/p><p><strong>Museu Chillida Leku<\/strong><\/p><p><a href=\"https:\/\/www.museochillidaleku.com\/home-dev\/\" target=\"_blank\" rel=\"noopener\">museochillidaleku<\/a><\/p><p><a href=\"https:\/\/es.wikipedia.org\/wiki\/Chillida-Leku\" target=\"_blank\" rel=\"noopener\">wikipedia<\/a><\/p><p><a href=\"https:\/\/www.elperiodico.com\/es\/port\/arte\/20190417\/mireia-massague-chillida-reconocido-artistas-epoca\" target=\"_blank\" rel=\"noopener\">mireiamassague<\/a><\/p>\t\t\t\t\t\t\t\t<\/div>\n\t\t\t\t<\/div>\n\t\t\t\t<div class=\"elementor-element elementor-element-bfd31b3 elementor-widget elementor-widget-text-editor\" data-id=\"bfd31b3\" data-element_type=\"widget\" data-e-type=\"widget\" data-widget_type=\"text-editor.default\">\n\t\t\t\t<div class=\"elementor-widget-container\">\n\t\t\t\t\t\t\t\t\t<p><strong>Eduardo Chillida<\/strong><\/p><p><a href=\"https:\/\/es.wikipedia.org\/wiki\/Eduardo_Chillida\" target=\"_blank\" rel=\"noopener\">wikipedia<\/a><\/p><p><a href=\"https:\/\/www.biografiasyvidas.com\/biografia\/c\/chillida.htm\" target=\"_blank\" rel=\"noopener\">biograf\u00eda<\/a><\/p><p><a href=\"https:\/\/www.39ymas.com\/cronologia-chillida\/\" target=\"_blank\" rel=\"noopener\">cronologia 39ymas<\/a><\/p><p><a href=\"http:\/\/catalogo.artium.eus\/dossieres\/1\/eduardo-chillida\/biografia\" target=\"_blank\" rel=\"noopener\">catalogo artium<\/a><\/p><p><a href=\"http:\/\/catalogo.artium.eus\/dossieres\/1\/eduardo-chillida\/obra\/trayectoria\/cronologia\" target=\"_blank\" rel=\"noopener\">cronologia artium<\/a><\/p><p><a href=\"https:\/\/www.arteespana.com\/eduardochillida.htm\" target=\"_blank\" rel=\"noopener\">artespana<\/a><\/p>\t\t\t\t\t\t\t\t<\/div>\n\t\t\t\t<\/div>\n\t\t\t\t<div class=\"elementor-element elementor-element-49f04a9f elementor-widget elementor-widget-text-editor\" data-id=\"49f04a9f\" data-element_type=\"widget\" data-e-type=\"widget\" data-widget_type=\"text-editor.default\">\n\t\t\t\t<div class=\"elementor-widget-container\">\n\t\t\t\t\t\t\t\t\t<p><strong>Webs academic<\/strong><\/p><p>G. Carandente, <a href=\"http:\/\/www.museobilbao.com\/uploads\/salas_lecturas\/archivo_es-15.pdf\" target=\"_blank\" rel=\"noopener\"><em>Chillida Hierros de temblor II Nueva adquisici\u00f3n de una obra de Eduardo Chillida en el Museo de Bellas Artes de Bilbao<\/em><\/a><\/p><p>C. Dovale Carri\u00f3n, A.M. Leyra Soriano, <a href=\"http:\/\/www.e-revistes.uji.es\/index.php\/diferents\/article\/view\/3913\/3179\" target=\"_blank\" rel=\"noopener\"><em>Chillida-Leku, un lugar donde el horizonte es el arte<\/em><\/a><\/p><p>C. Dovale Carri\u00f3n, <a href=\"https:\/\/core.ac.uk\/download\/pdf\/38835232.pdf\" target=\"_blank\" rel=\"noopener\"><em>Chillidaren etxea (La casa de Chillida): un muro de piedra como elemento generador de Chillida-Leku<\/em><\/a><\/p><p>B. Fern\u00e1ndez Cabaleiro, <a href=\"https:\/\/core.ac.uk\/download\/pdf\/38835224.pdf\" target=\"_blank\" rel=\"noopener\"><em>PREGUNTAS, el cuaderno de notas de Eduardo Chillida<\/em><\/a><\/p><p>R. Marco, <a href=\"https:\/\/dialnet.unirioja.es\/descarga\/articulo\/4723906.pdf\" target=\"_blank\" rel=\"noopener\"><em>Relaciones \u00edntimas entre arquitectura y escultura (y III). Eduardo Chillida: Aromas de la escultura. La materia como espacio<\/em><\/a><\/p><p>A. Mar\u00edn Yrigaray, <a href=\"https:\/\/dialnet.unirioja.es\/servlet\/tesis?codigo=190934\" target=\"_blank\" rel=\"noopener\"><em>Arte y naturaleza. Jardines de escultura en Espa\u00f1a (1980-2010)<\/em> (tesis doctoral)<\/a><\/p><p>B. Matos Casta\u00f1o, <a href=\"https:\/\/issuu.com\/beatrizmatoscastano\/docs\/tesis_doctoral-eduardo_chillida__ar\" target=\"_blank\" rel=\"noopener\"><em>Eduardo Chillida, arquitecto<\/em> (tesis doctoral)<\/a><\/p><p>R. Pinilla Burgos, <a href=\"https:\/\/core.ac.uk\/download\/pdf\/38835230.pdf\" target=\"_blank\" rel=\"noopener\"><em>Habitar el l\u00edmite, compartir el horizonte<\/em><\/a><\/p><p>A.M. Rabe, <a href=\"https:\/\/revistas.comillas.edu\/index.php\/pensamiento\/article\/view\/8084\" target=\"_blank\" rel=\"noopener\"><em>Espacio y tiempo en la vida humana y su experiencia en el arte. Un estudio en torno al intercambio intelectual entre Martin Heidegger y Eduardo Chillida<\/em><\/a><\/p><p>F. Salda\u00f1a Medina, <a href=\"https:\/\/dialnet.unirioja.es\/descarga\/articulo\/5856901.pdf\" target=\"_blank\" rel=\"noopener\"><em>Chillida, la forma del espacio<\/em><\/a><\/p>\t\t\t\t\t\t\t\t<\/div>\n\t\t\t\t<\/div>\n\t\t\t\t<div class=\"elementor-element elementor-element-4dbab26 elementor-widget elementor-widget-text-editor\" data-id=\"4dbab26\" data-element_type=\"widget\" data-e-type=\"widget\" data-widget_type=\"text-editor.default\">\n\t\t\t\t<div class=\"elementor-widget-container\">\n\t\t\t\t\t\t\t\t\t<p><strong>Video<\/strong><\/p><p><a href=\"http:\/\/www.rtve.es\/alacarta\/videos\/imprescindibles\/imprescindibles-profundo-aire-chillida\/3743068\/\" target=\"_blank\" rel=\"noopener\">imprecindibles<\/a><\/p>\t\t\t\t\t\t\t\t<\/div>\n\t\t\t\t<\/div>\n\t\t\t\t<div class=\"elementor-element elementor-element-4356d01b elementor-widget elementor-widget-text-editor\" data-id=\"4356d01b\" data-element_type=\"widget\" data-e-type=\"widget\" data-widget_type=\"text-editor.default\">\n\t\t\t\t<div class=\"elementor-widget-container\">\n\t\t\t\t\t\t\t\t\t<p>Enlla\u00e7 amb el <em>Post<\/em>: <a href=\"https:\/\/www.elturistatranquil.com\/ca\/hotel-churrut-restaurant-lenkonea-cinco-villas\/\" target=\"_blank\" rel=\"noopener\"><strong>Hotel Churrut-Restaurant Lenkonea. Cinco Villas<\/strong><\/a><\/p>\t\t\t\t\t\t\t\t<\/div>\n\t\t\t\t<\/div>\n\t\t\t\t\t<\/div>\n\t\t<\/div>\n\t\t\t\t\t<\/div>\n\t\t<\/section>\n\t\t\t\t<\/div>\n\t\t","protected":false},"excerpt":{"rendered":"<p>El Museu Chillida Leku, a Hernani (Gipuzkoa), \u00e9s un espai \u00fanic en el qual es poden admirar una gran col\u00b7lecci\u00f3 de peces de l&#8217;escultor Eduardo Chillida en un gran jard\u00ed &#8230; <a title=\"Museu Chillida Leku (Gipuzkoa)\" class=\"read-more\" href=\"https:\/\/www.elturistatranquil.com\/ca\/museu-chillida-leku-gipuzkoa\/\" aria-label=\"M\u00e9s informaci\u00f3 sobre Museu Chillida Leku (Gipuzkoa)\">[ &#8230; ]<\/a><\/p>\n","protected":false},"author":1,"featured_media":23878,"comment_status":"open","ping_status":"closed","sticky":false,"template":"","format":"standard","meta":{"footnotes":""},"categories":[198,87,92,95,107],"tags":[],"class_list":["post-24235","post","type-post","status-publish","format-standard","has-post-thumbnail","hentry","category-gipuzkoa","category-joies-al-territori","category-museus","category-paisatge","category-segle-xx-xxi","infinite-scroll-item","generate-columns","tablet-grid-50","mobile-grid-100","grid-parent","grid-50","no-featured-image-padding"],"yoast_head":"<!-- This site is optimized with the Yoast SEO plugin v27.4 - https:\/\/yoast.com\/product\/yoast-seo-wordpress\/ -->\n<title>Museu Chillida Leku (Gipuzkoa) - El turista tranquil<\/title>\n<meta name=\"description\" content=\"El Museu Chillida Leku, a Hernani (Gipuzkoa), \u00e9s un espai \u00fanic en el qual es poden admirar una gran col\u00b7lecci\u00f3 de peces de l&#039;escultor Eduardo Chillida en un gran jard\u00ed de 11 hect\u00e0rees i un caseriu reconvertit.\" \/>\n<meta name=\"robots\" content=\"index, follow, max-snippet:-1, max-image-preview:large, max-video-preview:-1\" \/>\n<link rel=\"canonical\" href=\"https:\/\/www.elturistatranquil.com\/ca\/museu-chillida-leku-gipuzkoa\/\" \/>\n<meta property=\"og:locale\" content=\"ca_ES\" \/>\n<meta property=\"og:type\" content=\"article\" \/>\n<meta property=\"og:title\" content=\"Museu Chillida Leku (Gipuzkoa) - El turista tranquil\" \/>\n<meta property=\"og:description\" content=\"El Museu Chillida Leku, a Hernani (Gipuzkoa), \u00e9s un espai \u00fanic en el qual es poden admirar una gran col\u00b7lecci\u00f3 de peces de l&#039;escultor Eduardo Chillida en un gran jard\u00ed de 11 hect\u00e0rees i un caseriu reconvertit.\" \/>\n<meta property=\"og:url\" content=\"https:\/\/www.elturistatranquil.com\/ca\/museu-chillida-leku-gipuzkoa\/\" \/>\n<meta property=\"og:site_name\" content=\"El turista tranquil\" \/>\n<meta property=\"article:publisher\" content=\"https:\/\/www.facebook.com\/elturistatranquilo\/\" \/>\n<meta property=\"article:published_time\" content=\"2019-10-12T10:22:17+00:00\" \/>\n<meta property=\"article:modified_time\" content=\"2019-10-12T10:42:53+00:00\" \/>\n<meta property=\"og:image\" content=\"https:\/\/www.elturistatranquil.com\/wp-content\/uploads\/F01-Museo-Chillida-Leku.jpg\" \/>\n\t<meta property=\"og:image:width\" content=\"768\" \/>\n\t<meta property=\"og:image:height\" content=\"512\" \/>\n\t<meta property=\"og:image:type\" content=\"image\/jpeg\" \/>\n<meta name=\"author\" content=\"admin\" \/>\n<meta name=\"twitter:card\" content=\"summary_large_image\" \/>\n<meta name=\"twitter:label1\" content=\"Escrit per\" \/>\n\t<meta name=\"twitter:data1\" content=\"admin\" \/>\n\t<meta name=\"twitter:label2\" content=\"Temps estimat de lectura\" \/>\n\t<meta name=\"twitter:data2\" content=\"19 minuts\" \/>\n<script type=\"application\/ld+json\" class=\"yoast-schema-graph\">{\"@context\":\"https:\\\/\\\/schema.org\",\"@graph\":[{\"@type\":\"Article\",\"@id\":\"https:\\\/\\\/www.elturistatranquil.com\\\/ca\\\/museu-chillida-leku-gipuzkoa\\\/#article\",\"isPartOf\":{\"@id\":\"https:\\\/\\\/www.elturistatranquil.com\\\/ca\\\/museu-chillida-leku-gipuzkoa\\\/\"},\"author\":{\"name\":\"admin\",\"@id\":\"https:\\\/\\\/www.elturistatranquil.com\\\/ca\\\/#\\\/schema\\\/person\\\/16f607c3079b96ed0c530a52e6b58bb5\"},\"headline\":\"Museu Chillida Leku (Gipuzkoa)\",\"datePublished\":\"2019-10-12T10:22:17+00:00\",\"dateModified\":\"2019-10-12T10:42:53+00:00\",\"mainEntityOfPage\":{\"@id\":\"https:\\\/\\\/www.elturistatranquil.com\\\/ca\\\/museu-chillida-leku-gipuzkoa\\\/\"},\"wordCount\":3979,\"commentCount\":0,\"image\":{\"@id\":\"https:\\\/\\\/www.elturistatranquil.com\\\/ca\\\/museu-chillida-leku-gipuzkoa\\\/#primaryimage\"},\"thumbnailUrl\":\"https:\\\/\\\/www.elturistatranquil.com\\\/wp-content\\\/uploads\\\/F01-Museo-Chillida-Leku.jpg\",\"articleSection\":[\"Gipuzkoa\",\"Joies al territori\",\"Museus\",\"Paisatge\",\"Segle XX-XXI\"],\"inLanguage\":\"ca\",\"potentialAction\":[{\"@type\":\"CommentAction\",\"name\":\"Comment\",\"target\":[\"https:\\\/\\\/www.elturistatranquil.com\\\/ca\\\/museu-chillida-leku-gipuzkoa\\\/#respond\"]}]},{\"@type\":\"WebPage\",\"@id\":\"https:\\\/\\\/www.elturistatranquil.com\\\/ca\\\/museu-chillida-leku-gipuzkoa\\\/\",\"url\":\"https:\\\/\\\/www.elturistatranquil.com\\\/ca\\\/museu-chillida-leku-gipuzkoa\\\/\",\"name\":\"Museu Chillida Leku (Gipuzkoa) - El turista tranquil\",\"isPartOf\":{\"@id\":\"https:\\\/\\\/www.elturistatranquil.com\\\/ca\\\/#website\"},\"primaryImageOfPage\":{\"@id\":\"https:\\\/\\\/www.elturistatranquil.com\\\/ca\\\/museu-chillida-leku-gipuzkoa\\\/#primaryimage\"},\"image\":{\"@id\":\"https:\\\/\\\/www.elturistatranquil.com\\\/ca\\\/museu-chillida-leku-gipuzkoa\\\/#primaryimage\"},\"thumbnailUrl\":\"https:\\\/\\\/www.elturistatranquil.com\\\/wp-content\\\/uploads\\\/F01-Museo-Chillida-Leku.jpg\",\"datePublished\":\"2019-10-12T10:22:17+00:00\",\"dateModified\":\"2019-10-12T10:42:53+00:00\",\"author\":{\"@id\":\"https:\\\/\\\/www.elturistatranquil.com\\\/ca\\\/#\\\/schema\\\/person\\\/16f607c3079b96ed0c530a52e6b58bb5\"},\"description\":\"El Museu Chillida Leku, a Hernani (Gipuzkoa), \u00e9s un espai \u00fanic en el qual es poden admirar una gran col\u00b7lecci\u00f3 de peces de l'escultor Eduardo Chillida en un gran jard\u00ed de 11 hect\u00e0rees i un caseriu reconvertit.\",\"breadcrumb\":{\"@id\":\"https:\\\/\\\/www.elturistatranquil.com\\\/ca\\\/museu-chillida-leku-gipuzkoa\\\/#breadcrumb\"},\"inLanguage\":\"ca\",\"potentialAction\":[{\"@type\":\"ReadAction\",\"target\":[\"https:\\\/\\\/www.elturistatranquil.com\\\/ca\\\/museu-chillida-leku-gipuzkoa\\\/\"]}]},{\"@type\":\"ImageObject\",\"inLanguage\":\"ca\",\"@id\":\"https:\\\/\\\/www.elturistatranquil.com\\\/ca\\\/museu-chillida-leku-gipuzkoa\\\/#primaryimage\",\"url\":\"https:\\\/\\\/www.elturistatranquil.com\\\/wp-content\\\/uploads\\\/F01-Museo-Chillida-Leku.jpg\",\"contentUrl\":\"https:\\\/\\\/www.elturistatranquil.com\\\/wp-content\\\/uploads\\\/F01-Museo-Chillida-Leku.jpg\",\"width\":768,\"height\":512,\"caption\":\"Museo Chillida Leku\"},{\"@type\":\"BreadcrumbList\",\"@id\":\"https:\\\/\\\/www.elturistatranquil.com\\\/ca\\\/museu-chillida-leku-gipuzkoa\\\/#breadcrumb\",\"itemListElement\":[{\"@type\":\"ListItem\",\"position\":1,\"name\":\"Portada\",\"item\":\"https:\\\/\\\/www.elturistatranquil.com\\\/ca\\\/\"},{\"@type\":\"ListItem\",\"position\":2,\"name\":\"Museu Chillida Leku (Gipuzkoa)\"}]},{\"@type\":\"WebSite\",\"@id\":\"https:\\\/\\\/www.elturistatranquil.com\\\/ca\\\/#website\",\"url\":\"https:\\\/\\\/www.elturistatranquil.com\\\/ca\\\/\",\"name\":\"El turista tranquil\",\"description\":\"Blog de viatges\",\"potentialAction\":[{\"@type\":\"SearchAction\",\"target\":{\"@type\":\"EntryPoint\",\"urlTemplate\":\"https:\\\/\\\/www.elturistatranquil.com\\\/ca\\\/?s={search_term_string}\"},\"query-input\":{\"@type\":\"PropertyValueSpecification\",\"valueRequired\":true,\"valueName\":\"search_term_string\"}}],\"inLanguage\":\"ca\"},{\"@type\":\"Person\",\"@id\":\"https:\\\/\\\/www.elturistatranquil.com\\\/ca\\\/#\\\/schema\\\/person\\\/16f607c3079b96ed0c530a52e6b58bb5\",\"name\":\"admin\",\"image\":{\"@type\":\"ImageObject\",\"inLanguage\":\"ca\",\"@id\":\"https:\\\/\\\/secure.gravatar.com\\\/avatar\\\/1fbaf22aee75fcbb29a2f97b107f95d25d3a19b7c3416105be10269872673e8d?s=96&d=mm&r=g\",\"url\":\"https:\\\/\\\/secure.gravatar.com\\\/avatar\\\/1fbaf22aee75fcbb29a2f97b107f95d25d3a19b7c3416105be10269872673e8d?s=96&d=mm&r=g\",\"contentUrl\":\"https:\\\/\\\/secure.gravatar.com\\\/avatar\\\/1fbaf22aee75fcbb29a2f97b107f95d25d3a19b7c3416105be10269872673e8d?s=96&d=mm&r=g\",\"caption\":\"admin\"}}]}<\/script>\n<!-- \/ Yoast SEO plugin. -->","yoast_head_json":{"title":"Museu Chillida Leku (Gipuzkoa) - El turista tranquil","description":"El Museu Chillida Leku, a Hernani (Gipuzkoa), \u00e9s un espai \u00fanic en el qual es poden admirar una gran col\u00b7lecci\u00f3 de peces de l'escultor Eduardo Chillida en un gran jard\u00ed de 11 hect\u00e0rees i un caseriu reconvertit.","robots":{"index":"index","follow":"follow","max-snippet":"max-snippet:-1","max-image-preview":"max-image-preview:large","max-video-preview":"max-video-preview:-1"},"canonical":"https:\/\/www.elturistatranquil.com\/ca\/museu-chillida-leku-gipuzkoa\/","og_locale":"ca_ES","og_type":"article","og_title":"Museu Chillida Leku (Gipuzkoa) - El turista tranquil","og_description":"El Museu Chillida Leku, a Hernani (Gipuzkoa), \u00e9s un espai \u00fanic en el qual es poden admirar una gran col\u00b7lecci\u00f3 de peces de l'escultor Eduardo Chillida en un gran jard\u00ed de 11 hect\u00e0rees i un caseriu reconvertit.","og_url":"https:\/\/www.elturistatranquil.com\/ca\/museu-chillida-leku-gipuzkoa\/","og_site_name":"El turista tranquil","article_publisher":"https:\/\/www.facebook.com\/elturistatranquilo\/","article_published_time":"2019-10-12T10:22:17+00:00","article_modified_time":"2019-10-12T10:42:53+00:00","og_image":[{"width":768,"height":512,"url":"https:\/\/www.elturistatranquil.com\/wp-content\/uploads\/F01-Museo-Chillida-Leku.jpg","type":"image\/jpeg"}],"author":"admin","twitter_card":"summary_large_image","twitter_misc":{"Escrit per":"admin","Temps estimat de lectura":"19 minuts"},"schema":{"@context":"https:\/\/schema.org","@graph":[{"@type":"Article","@id":"https:\/\/www.elturistatranquil.com\/ca\/museu-chillida-leku-gipuzkoa\/#article","isPartOf":{"@id":"https:\/\/www.elturistatranquil.com\/ca\/museu-chillida-leku-gipuzkoa\/"},"author":{"name":"admin","@id":"https:\/\/www.elturistatranquil.com\/ca\/#\/schema\/person\/16f607c3079b96ed0c530a52e6b58bb5"},"headline":"Museu Chillida Leku (Gipuzkoa)","datePublished":"2019-10-12T10:22:17+00:00","dateModified":"2019-10-12T10:42:53+00:00","mainEntityOfPage":{"@id":"https:\/\/www.elturistatranquil.com\/ca\/museu-chillida-leku-gipuzkoa\/"},"wordCount":3979,"commentCount":0,"image":{"@id":"https:\/\/www.elturistatranquil.com\/ca\/museu-chillida-leku-gipuzkoa\/#primaryimage"},"thumbnailUrl":"https:\/\/www.elturistatranquil.com\/wp-content\/uploads\/F01-Museo-Chillida-Leku.jpg","articleSection":["Gipuzkoa","Joies al territori","Museus","Paisatge","Segle XX-XXI"],"inLanguage":"ca","potentialAction":[{"@type":"CommentAction","name":"Comment","target":["https:\/\/www.elturistatranquil.com\/ca\/museu-chillida-leku-gipuzkoa\/#respond"]}]},{"@type":"WebPage","@id":"https:\/\/www.elturistatranquil.com\/ca\/museu-chillida-leku-gipuzkoa\/","url":"https:\/\/www.elturistatranquil.com\/ca\/museu-chillida-leku-gipuzkoa\/","name":"Museu Chillida Leku (Gipuzkoa) - El turista tranquil","isPartOf":{"@id":"https:\/\/www.elturistatranquil.com\/ca\/#website"},"primaryImageOfPage":{"@id":"https:\/\/www.elturistatranquil.com\/ca\/museu-chillida-leku-gipuzkoa\/#primaryimage"},"image":{"@id":"https:\/\/www.elturistatranquil.com\/ca\/museu-chillida-leku-gipuzkoa\/#primaryimage"},"thumbnailUrl":"https:\/\/www.elturistatranquil.com\/wp-content\/uploads\/F01-Museo-Chillida-Leku.jpg","datePublished":"2019-10-12T10:22:17+00:00","dateModified":"2019-10-12T10:42:53+00:00","author":{"@id":"https:\/\/www.elturistatranquil.com\/ca\/#\/schema\/person\/16f607c3079b96ed0c530a52e6b58bb5"},"description":"El Museu Chillida Leku, a Hernani (Gipuzkoa), \u00e9s un espai \u00fanic en el qual es poden admirar una gran col\u00b7lecci\u00f3 de peces de l'escultor Eduardo Chillida en un gran jard\u00ed de 11 hect\u00e0rees i un caseriu reconvertit.","breadcrumb":{"@id":"https:\/\/www.elturistatranquil.com\/ca\/museu-chillida-leku-gipuzkoa\/#breadcrumb"},"inLanguage":"ca","potentialAction":[{"@type":"ReadAction","target":["https:\/\/www.elturistatranquil.com\/ca\/museu-chillida-leku-gipuzkoa\/"]}]},{"@type":"ImageObject","inLanguage":"ca","@id":"https:\/\/www.elturistatranquil.com\/ca\/museu-chillida-leku-gipuzkoa\/#primaryimage","url":"https:\/\/www.elturistatranquil.com\/wp-content\/uploads\/F01-Museo-Chillida-Leku.jpg","contentUrl":"https:\/\/www.elturistatranquil.com\/wp-content\/uploads\/F01-Museo-Chillida-Leku.jpg","width":768,"height":512,"caption":"Museo Chillida Leku"},{"@type":"BreadcrumbList","@id":"https:\/\/www.elturistatranquil.com\/ca\/museu-chillida-leku-gipuzkoa\/#breadcrumb","itemListElement":[{"@type":"ListItem","position":1,"name":"Portada","item":"https:\/\/www.elturistatranquil.com\/ca\/"},{"@type":"ListItem","position":2,"name":"Museu Chillida Leku (Gipuzkoa)"}]},{"@type":"WebSite","@id":"https:\/\/www.elturistatranquil.com\/ca\/#website","url":"https:\/\/www.elturistatranquil.com\/ca\/","name":"El turista tranquil","description":"Blog de viatges","potentialAction":[{"@type":"SearchAction","target":{"@type":"EntryPoint","urlTemplate":"https:\/\/www.elturistatranquil.com\/ca\/?s={search_term_string}"},"query-input":{"@type":"PropertyValueSpecification","valueRequired":true,"valueName":"search_term_string"}}],"inLanguage":"ca"},{"@type":"Person","@id":"https:\/\/www.elturistatranquil.com\/ca\/#\/schema\/person\/16f607c3079b96ed0c530a52e6b58bb5","name":"admin","image":{"@type":"ImageObject","inLanguage":"ca","@id":"https:\/\/secure.gravatar.com\/avatar\/1fbaf22aee75fcbb29a2f97b107f95d25d3a19b7c3416105be10269872673e8d?s=96&d=mm&r=g","url":"https:\/\/secure.gravatar.com\/avatar\/1fbaf22aee75fcbb29a2f97b107f95d25d3a19b7c3416105be10269872673e8d?s=96&d=mm&r=g","contentUrl":"https:\/\/secure.gravatar.com\/avatar\/1fbaf22aee75fcbb29a2f97b107f95d25d3a19b7c3416105be10269872673e8d?s=96&d=mm&r=g","caption":"admin"}}]}},"_links":{"self":[{"href":"https:\/\/www.elturistatranquil.com\/ca\/wp-json\/wp\/v2\/posts\/24235","targetHints":{"allow":["GET"]}}],"collection":[{"href":"https:\/\/www.elturistatranquil.com\/ca\/wp-json\/wp\/v2\/posts"}],"about":[{"href":"https:\/\/www.elturistatranquil.com\/ca\/wp-json\/wp\/v2\/types\/post"}],"author":[{"embeddable":true,"href":"https:\/\/www.elturistatranquil.com\/ca\/wp-json\/wp\/v2\/users\/1"}],"replies":[{"embeddable":true,"href":"https:\/\/www.elturistatranquil.com\/ca\/wp-json\/wp\/v2\/comments?post=24235"}],"version-history":[{"count":0,"href":"https:\/\/www.elturistatranquil.com\/ca\/wp-json\/wp\/v2\/posts\/24235\/revisions"}],"wp:featuredmedia":[{"embeddable":true,"href":"https:\/\/www.elturistatranquil.com\/ca\/wp-json\/wp\/v2\/media\/23878"}],"wp:attachment":[{"href":"https:\/\/www.elturistatranquil.com\/ca\/wp-json\/wp\/v2\/media?parent=24235"}],"wp:term":[{"taxonomy":"category","embeddable":true,"href":"https:\/\/www.elturistatranquil.com\/ca\/wp-json\/wp\/v2\/categories?post=24235"},{"taxonomy":"post_tag","embeddable":true,"href":"https:\/\/www.elturistatranquil.com\/ca\/wp-json\/wp\/v2\/tags?post=24235"}],"curies":[{"name":"wp","href":"https:\/\/api.w.org\/{rel}","templated":true}]}}