{"id":24876,"date":"2019-10-27T21:19:33","date_gmt":"2019-10-27T20:19:33","guid":{"rendered":"https:\/\/www.elturistatranquil.com\/?p=24876"},"modified":"2019-10-27T21:21:00","modified_gmt":"2019-10-27T20:21:00","slug":"almagro-ciudad-real","status":"publish","type":"post","link":"https:\/\/www.elturistatranquil.com\/ca\/almagro-ciudad-real\/","title":{"rendered":"Almagro (Ciudad Real)"},"content":{"rendered":"\t\t<div data-elementor-type=\"wp-post\" data-elementor-id=\"24876\" class=\"elementor elementor-24876 elementor-24627\" data-elementor-post-type=\"post\">\n\t\t\t\t\t\t<section class=\"elementor-section elementor-top-section elementor-element elementor-element-55ed88b7 elementor-section-boxed elementor-section-height-default elementor-section-height-default\" data-id=\"55ed88b7\" data-element_type=\"section\" data-e-type=\"section\">\n\t\t\t\t\t\t<div class=\"elementor-container elementor-column-gap-default\">\n\t\t\t\t\t<div class=\"elementor-column elementor-col-100 elementor-top-column elementor-element elementor-element-4355054c\" data-id=\"4355054c\" data-element_type=\"column\" data-e-type=\"column\">\n\t\t\t<div class=\"elementor-widget-wrap elementor-element-populated\">\n\t\t\t\t\t\t<section class=\"elementor-section elementor-inner-section elementor-element elementor-element-580840f9 elementor-section-content-middle elementor-section-boxed elementor-section-height-default elementor-section-height-default\" data-id=\"580840f9\" data-element_type=\"section\" data-e-type=\"section\">\n\t\t\t\t\t\t<div class=\"elementor-container elementor-column-gap-default\">\n\t\t\t\t\t<div class=\"elementor-column elementor-col-100 elementor-inner-column elementor-element elementor-element-24b688bb\" data-id=\"24b688bb\" data-element_type=\"column\" data-e-type=\"column\">\n\t\t\t<div class=\"elementor-widget-wrap elementor-element-populated\">\n\t\t\t\t\t\t<div class=\"elementor-element elementor-element-27dc6405 elementor-widget elementor-widget-text-editor\" data-id=\"27dc6405\" data-element_type=\"widget\" data-e-type=\"widget\" data-widget_type=\"text-editor.default\">\n\t\t\t\t<div class=\"elementor-widget-container\">\n\t\t\t\t\t\t\t\t\t<p><em>Almagro<\/em>, en el Campo de Calatrava de Ciudad Real, est\u00e0 catalogada com a Conjunt Hist\u00f2ric-Art\u00edstic. El Renaixement, l&#8217;arquitectura popular manxega i el Teatre, amb el seu Corral de Comedias, representen els seus importants signes d&#8217;identitat.<\/p>\t\t\t\t\t\t\t\t<\/div>\n\t\t\t\t<\/div>\n\t\t\t\t\t<\/div>\n\t\t<\/div>\n\t\t\t\t\t<\/div>\n\t\t<\/section>\n\t\t\t\t<div class=\"elementor-element elementor-element-346227fb elementor-widget elementor-widget-heading\" data-id=\"346227fb\" data-element_type=\"widget\" data-e-type=\"widget\" data-widget_type=\"heading.default\">\n\t\t\t\t<div class=\"elementor-widget-container\">\n\t\t\t\t\t<h1 class=\"elementor-heading-title elementor-size-default\">Almagro (Ciudad Real)<\/h1>\t\t\t\t<\/div>\n\t\t\t\t<\/div>\n\t\t\t\t\t<\/div>\n\t\t<\/div>\n\t\t\t\t\t<\/div>\n\t\t<\/section>\n\t\t\t\t<section class=\"elementor-section elementor-top-section elementor-element elementor-element-5f4b2736 elementor-section-boxed elementor-section-height-default elementor-section-height-default\" data-id=\"5f4b2736\" data-element_type=\"section\" data-e-type=\"section\">\n\t\t\t\t\t\t<div class=\"elementor-container elementor-column-gap-default\">\n\t\t\t\t\t<div class=\"elementor-column elementor-col-100 elementor-top-column elementor-element elementor-element-6964253e\" data-id=\"6964253e\" data-element_type=\"column\" data-e-type=\"column\">\n\t\t\t<div class=\"elementor-widget-wrap elementor-element-populated\">\n\t\t\t\t\t\t<div class=\"elementor-element elementor-element-6b27d9f1 elementor-widget elementor-widget-image\" data-id=\"6b27d9f1\" data-element_type=\"widget\" data-e-type=\"widget\" data-widget_type=\"image.default\">\n\t\t\t\t<div class=\"elementor-widget-container\">\n\t\t\t\t\t\t\t\t\t\t\t\t<figure class=\"wp-caption\">\n\t\t\t\t\t\t\t\t\t\t<img fetchpriority=\"high\" decoding=\"async\" width=\"768\" height=\"512\" src=\"https:\/\/www.elturistatranquil.com\/wp-content\/uploads\/F01-AlmagroGoogle-earth-2019-10-21.jpg\" class=\"attachment-large size-large wp-image-24633\" alt=\"Almagro(Google earth 2019-10-21)\" srcset=\"https:\/\/www.elturistatranquil.com\/wp-content\/uploads\/F01-AlmagroGoogle-earth-2019-10-21.jpg 768w, https:\/\/www.elturistatranquil.com\/wp-content\/uploads\/F01-AlmagroGoogle-earth-2019-10-21-339x226.jpg 339w\" sizes=\"(max-width: 768px) 100vw, 768px\" \/>\t\t\t\t\t\t\t\t\t\t\t<figcaption class=\"widget-image-caption wp-caption-text\">Almagro (Google earth 2019-10-21)<\/figcaption>\n\t\t\t\t\t\t\t\t\t\t<\/figure>\n\t\t\t\t\t\t\t\t\t<\/div>\n\t\t\t\t<\/div>\n\t\t\t\t<div class=\"elementor-element elementor-element-390e4dd5 elementor-widget elementor-widget-spacer\" data-id=\"390e4dd5\" data-element_type=\"widget\" data-e-type=\"widget\" data-widget_type=\"spacer.default\">\n\t\t\t\t<div class=\"elementor-widget-container\">\n\t\t\t\t\t\t\t<div class=\"elementor-spacer\">\n\t\t\t<div class=\"elementor-spacer-inner\"><\/div>\n\t\t<\/div>\n\t\t\t\t\t\t<\/div>\n\t\t\t\t<\/div>\n\t\t\t\t<div class=\"elementor-element elementor-element-7e971a49 elementor-widget elementor-widget-heading\" data-id=\"7e971a49\" data-element_type=\"widget\" data-e-type=\"widget\" data-widget_type=\"heading.default\">\n\t\t\t\t<div class=\"elementor-widget-container\">\n\t\t\t\t\t<h2 class=\"elementor-heading-title elementor-size-default\">Almagro. Campo de Calatrava. Ciudad Real<\/h2>\t\t\t\t<\/div>\n\t\t\t\t<\/div>\n\t\t\t\t<section class=\"elementor-section elementor-inner-section elementor-element elementor-element-3a9c24df elementor-section-boxed elementor-section-height-default elementor-section-height-default\" data-id=\"3a9c24df\" data-element_type=\"section\" data-e-type=\"section\" data-settings=\"{&quot;background_background&quot;:&quot;classic&quot;}\">\n\t\t\t\t\t\t\t<div class=\"elementor-background-overlay\"><\/div>\n\t\t\t\t\t\t\t<div class=\"elementor-container elementor-column-gap-default\">\n\t\t\t\t\t<div class=\"elementor-column elementor-col-100 elementor-inner-column elementor-element elementor-element-68bda1b8\" data-id=\"68bda1b8\" data-element_type=\"column\" data-e-type=\"column\" data-settings=\"{&quot;background_background&quot;:&quot;classic&quot;}\">\n\t\t\t<div class=\"elementor-widget-wrap elementor-element-populated\">\n\t\t\t\t\t\t<div class=\"elementor-element elementor-element-36e10071 elementor-widget elementor-widget-text-editor\" data-id=\"36e10071\" data-element_type=\"widget\" data-e-type=\"widget\" data-widget_type=\"text-editor.default\">\n\t\t\t\t<div class=\"elementor-widget-container\">\n\t\t\t\t\t\t\t\t\t<p>Municipi: Almagro. Comarca: Campo de Calatrava. Prov\u00edncia: Ciudad Real. Com. Aut\u00f2noma: Castilla-La Mancha<\/p><p>Coordenades:\u00a0 38\u00b053\u203218\u2033N 3\u00b042\u203243\u2033O. Altitud: 646 msnm. Poblaci\u00f3: 8.922 habitants (2018)<\/p><p>Web: <a href=\"http:\/\/www.ciudad-almagro.com\/\" target=\"_blank\" rel=\"noopener\">ayuntamiento<\/a><\/p><p><em>Conjunt Hist\u00f2ric-Art\u00edstic des de 1972<\/em><\/p><p>Visita: 2019<\/p>\t\t\t\t\t\t\t\t<\/div>\n\t\t\t\t<\/div>\n\t\t\t\t\t<\/div>\n\t\t<\/div>\n\t\t\t\t\t<\/div>\n\t\t<\/section>\n\t\t\t\t<div class=\"elementor-element elementor-element-1e1d890c elementor-widget elementor-widget-image\" data-id=\"1e1d890c\" data-element_type=\"widget\" data-e-type=\"widget\" data-widget_type=\"image.default\">\n\t\t\t\t<div class=\"elementor-widget-container\">\n\t\t\t\t\t\t\t\t\t\t\t\t<figure class=\"wp-caption\">\n\t\t\t\t\t\t\t\t\t\t<img decoding=\"async\" width=\"768\" height=\"512\" src=\"https:\/\/www.elturistatranquil.com\/wp-content\/uploads\/F02-Mapa-de-situaci\u00f3n-de-Almagro-Google-maps-2019-10-21-768x512.jpg\" class=\"attachment-medium_large size-medium_large wp-image-24637\" alt=\"Mapa de situaci\u00f3n de Almagro (Google maps 2019-10-21)\" srcset=\"https:\/\/www.elturistatranquil.com\/wp-content\/uploads\/F02-Mapa-de-situaci\u00f3n-de-Almagro-Google-maps-2019-10-21.jpg 768w, https:\/\/www.elturistatranquil.com\/wp-content\/uploads\/F02-Mapa-de-situaci\u00f3n-de-Almagro-Google-maps-2019-10-21-339x226.jpg 339w\" sizes=\"(max-width: 768px) 100vw, 768px\" \/>\t\t\t\t\t\t\t\t\t\t\t<figcaption class=\"widget-image-caption wp-caption-text\">Mapa de situaci\u00f3 d'Almagro (Google maps 2019-10-21)<\/figcaption>\n\t\t\t\t\t\t\t\t\t\t<\/figure>\n\t\t\t\t\t\t\t\t\t<\/div>\n\t\t\t\t<\/div>\n\t\t\t\t<section class=\"elementor-section elementor-inner-section elementor-element elementor-element-7fbcb12c elementor-section-boxed elementor-section-height-default elementor-section-height-default\" data-id=\"7fbcb12c\" data-element_type=\"section\" data-e-type=\"section\" data-settings=\"{&quot;background_background&quot;:&quot;classic&quot;}\">\n\t\t\t\t\t\t<div class=\"elementor-container elementor-column-gap-default\">\n\t\t\t\t\t<div class=\"elementor-column elementor-col-100 elementor-inner-column elementor-element elementor-element-57325e08\" data-id=\"57325e08\" data-element_type=\"column\" data-e-type=\"column\">\n\t\t\t<div class=\"elementor-widget-wrap elementor-element-populated\">\n\t\t\t\t\t\t<div class=\"elementor-element elementor-element-4767960c elementor-widget elementor-widget-text-editor\" data-id=\"4767960c\" data-element_type=\"widget\" data-e-type=\"widget\" data-widget_type=\"text-editor.default\">\n\t\t\t\t<div class=\"elementor-widget-container\">\n\t\t\t\t\t\t\t\t\t<p style=\"text-align: center;\"><strong>\u00cdndex<\/strong><\/p>\t\t\t\t\t\t\t\t<\/div>\n\t\t\t\t<\/div>\n\t\t\t\t<div class=\"elementor-element elementor-element-1c900209 elementor-widget elementor-widget-text-editor\" data-id=\"1c900209\" data-element_type=\"widget\" data-e-type=\"widget\" data-widget_type=\"text-editor.default\">\n\t\t\t\t<div class=\"elementor-widget-container\">\n\t\t\t\t\t\t\t\t\t<p><a href=\"https:\/\/www.elturistatranquil.com\/ca\/almagro-(ciudad-real)\/#c3901\">Almagro. Campo de Calatrava. Ciudad Real<\/a><\/p><p><a href=\"https:\/\/www.elturistatranquil.com\/ca\/almagro-(ciudad-real)\/#c3902\">El territori: Campo de Calatrava<\/a><\/p><p><a href=\"https:\/\/www.elturistatranquil.com\/ca\/almagro-(ciudad-real)\/#c3903\">Una mica d&#8217;hist\u00f2ria<\/a><\/p><p><a href=\"https:\/\/www.elturistatranquil.com\/ca\/almagro-(ciudad-real)\/#c3904\">Recorregut per Almagro<\/a><\/p><p style=\"padding-left: 40px;\"><a href=\"https:\/\/www.elturistatranquil.com\/ca\/almagro-(ciudad-real)\/#c3905\">Convent de la Asunci\u00f3n de Calatrava<\/a><\/p><p style=\"padding-left: 40px;\"><a href=\"https:\/\/www.elturistatranquil.com\/ca\/almagro-(ciudad-real)\/#c3906\">Hospital de l&#8217;Ordre de Calatrava<\/a><\/p><p style=\"padding-left: 40px;\"><a href=\"https:\/\/www.elturistatranquil.com\/ca\/almagro-(ciudad-real)\/#c3907\">Convent de la Encarnaci\u00f3n de Dominicas<\/a><\/p><p style=\"padding-left: 40px;\"><a href=\"https:\/\/www.elturistatranquil.com\/ca\/almagro-(ciudad-real)\/#c3908\">Esgl\u00e9sia de la Madre de Dios<\/a><\/p><p style=\"padding-left: 40px;\"><a href=\"https:\/\/www.elturistatranquil.com\/ca\/almagro-(ciudad-real)\/#c3909\">Convent del Sant\u00edsimo Sacramento. Esgl\u00e9sia de San Agust\u00edn<\/a><\/p><p style=\"padding-left: 40px;\"><a href=\"https:\/\/www.elturistatranquil.com\/ca\/almagro-(ciudad-real)\/#c3910\">Plaza Mayor<\/a><\/p><p style=\"padding-left: 40px;\"><a href=\"https:\/\/www.elturistatranquil.com\/ca\/almagro-(ciudad-real)\/#c3911\">Ajuntament<\/a><\/p><p style=\"padding-left: 40px;\"><a href=\"https:\/\/www.elturistatranquil.com\/ca\/almagro-(ciudad-real)\/#c3912\">Museu del Encaje. Callej\u00f3n Villar<\/a><\/p><p style=\"padding-left: 40px;\"><a href=\"https:\/\/www.elturistatranquil.com\/ca\/almagro-(ciudad-real)\/#c3913\">Casa del Mayorazgo de los Molina<\/a><\/p><p style=\"padding-left: 40px;\"><a href=\"https:\/\/www.elturistatranquil.com\/ca\/almagro-(ciudad-real)\/#c3914\">Corral de Comedias<\/a><\/p><p style=\"padding-left: 40px;\"><a href=\"https:\/\/www.elturistatranquil.com\/ca\/almagro-(ciudad-real)\/#c3915\">Carrer Capit\u00e1n Vicente Parras<\/a><\/p><p style=\"padding-left: 40px;\"><a href=\"https:\/\/www.elturistatranquil.com\/ca\/almagro-(ciudad-real)\/#c3916\">Antiga pres\u00f3<\/a><\/p><p style=\"padding-left: 40px;\"><a href=\"https:\/\/www.elturistatranquil.com\/ca\/almagro-(ciudad-real)\/#c3917\">P\u00f3sito<\/a><\/p><p style=\"padding-left: 40px;\"><a href=\"https:\/\/www.elturistatranquil.com\/ca\/almagro-(ciudad-real)\/#c3918\">Carrer Bernardas<\/a><\/p><p style=\"padding-left: 40px;\"><a href=\"https:\/\/www.elturistatranquil.com\/ca\/almagro-(ciudad-real)\/#c3919\">Palau dels Condes de Valdepara\u00edso<\/a><\/p><p style=\"padding-left: 40px;\"><a href=\"https:\/\/www.elturistatranquil.com\/ca\/almagro-(ciudad-real)\/#c3920\">Palau dels Marqueses de Torremej\u00eda<\/a><\/p><p style=\"padding-left: 40px;\"><a href=\"https:\/\/www.elturistatranquil.com\/ca\/almagro-(ciudad-real)\/#c3921\">Casa del Capell\u00e1n de las Bernardas<\/a><\/p><p style=\"padding-left: 40px;\"><a href=\"https:\/\/www.elturistatranquil.com\/ca\/almagro-(ciudad-real)\/#c3922\">Monestir de la Concepci\u00f3n Bernarda o Convent de las Bernardas<\/a><\/p><p style=\"padding-left: 40px;\"><a href=\"https:\/\/www.elturistatranquil.com\/ca\/almagro-(ciudad-real)\/#c3923\">Convent de Santa Catalina de Siena. Parador Nacional de Turismo\u00a0<\/a><\/p><p style=\"padding-left: 40px;\"><a href=\"https:\/\/www.elturistatranquil.com\/ca\/almagro-(ciudad-real)\/#c3924\">Porta de Valenzuela<\/a><\/p><p style=\"padding-left: 40px;\"><a href=\"https:\/\/www.elturistatranquil.com\/ca\/almagro-(ciudad-real)\/#c3925\">Casa del Marqu\u00e9s de las Hormazas<\/a><\/p><p style=\"padding-left: 40px;\"><a href=\"https:\/\/www.elturistatranquil.com\/ca\/almagro-(ciudad-real)\/#c3926\">Palau dels Oviedo<\/a><\/p><p style=\"padding-left: 40px;\"><a href=\"https:\/\/www.elturistatranquil.com\/ca\/almagro-(ciudad-real)\/#c3927\">Casa Solariega de los Rosales<\/a><\/p><p style=\"padding-left: 40px;\"><a href=\"https:\/\/www.elturistatranquil.com\/ca\/almagro-(ciudad-real)\/#c3928\">Palaus Maestrales. Museu Nacional del Teatre<\/a><\/p><p style=\"padding-left: 40px;\"><a href=\"https:\/\/www.elturistatranquil.com\/ca\/almagro-(ciudad-real)\/#c3929\">Esgl\u00e9sia de San Bartolom\u00e9 el Real o Esgl\u00e9sia de la Company\u00eda de Jes\u00fas<\/a><\/p><p style=\"padding-left: 40px;\"><a href=\"https:\/\/www.elturistatranquil.com\/ca\/almagro-(ciudad-real)\/#c3930\">Convent de Nuestra Se\u00f1ora del Rosario. Antiga Universitat Renaixentista<\/a><\/p><p style=\"padding-left: 40px;\"><a href=\"https:\/\/www.elturistatranquil.com\/ca\/almagro-(ciudad-real)\/#c3931\">Esgl\u00e9sia de San Blas, Antiga del Salvador<\/a><\/p><p style=\"padding-left: 40px;\"><a href=\"https:\/\/www.elturistatranquil.com\/ca\/almagro-(ciudad-real)\/#c3932\">Antic Hospital de San Juan. Espai de l&#8217;art contemporani<\/a><\/p><p style=\"padding-left: 40px;\"><a href=\"https:\/\/www.elturistatranquil.com\/ca\/almagro-(ciudad-real)\/#c3933\">Teatre Municipal<\/a><\/p><p style=\"padding-left: 40px;\"><a href=\"https:\/\/www.elturistatranquil.com\/ca\/almagro-(ciudad-real)\/#c3934\">Palau dels Medrano<\/a><\/p><p style=\"padding-left: 40px;\"><a href=\"https:\/\/www.elturistatranquil.com\/ca\/almagro-(ciudad-real)\/#c3935\">Palau \/ Magatzem dels F\u00facares<\/a><\/p><p><a href=\"https:\/\/www.elturistatranquil.com\/ca\/almagro-(ciudad-real)\/#c3936\">Fi de la visita<\/a><\/p><p><a href=\"https:\/\/www.elturistatranquil.com\/ca\/almagro-(ciudad-real)\/#c3937\">Bases d&#8217;informaci\u00f3<\/a><\/p>\t\t\t\t\t\t\t\t<\/div>\n\t\t\t\t<\/div>\n\t\t\t\t\t<\/div>\n\t\t<\/div>\n\t\t\t\t\t<\/div>\n\t\t<\/section>\n\t\t\t\t<div class=\"elementor-element elementor-element-9f1c9ff elementor-widget elementor-widget-spacer\" data-id=\"9f1c9ff\" data-element_type=\"widget\" data-e-type=\"widget\" data-widget_type=\"spacer.default\">\n\t\t\t\t<div class=\"elementor-widget-container\">\n\t\t\t\t\t\t\t<div class=\"elementor-spacer\">\n\t\t\t<div class=\"elementor-spacer-inner\"><\/div>\n\t\t<\/div>\n\t\t\t\t\t\t<\/div>\n\t\t\t\t<\/div>\n\t\t\t\t<div class=\"elementor-element elementor-element-6bfb367a elementor-widget elementor-widget-menu-anchor\" data-id=\"6bfb367a\" data-element_type=\"widget\" data-e-type=\"widget\" data-widget_type=\"menu-anchor.default\">\n\t\t\t\t<div class=\"elementor-widget-container\">\n\t\t\t\t\t\t\t<div class=\"elementor-menu-anchor\" id=\"c3901\"><\/div>\n\t\t\t\t\t\t<\/div>\n\t\t\t\t<\/div>\n\t\t\t\t<div class=\"elementor-element elementor-element-4d22cf49 elementor-widget elementor-widget-menu-anchor\" data-id=\"4d22cf49\" data-element_type=\"widget\" data-e-type=\"widget\" data-widget_type=\"menu-anchor.default\">\n\t\t\t\t<div class=\"elementor-widget-container\">\n\t\t\t\t\t\t\t<div class=\"elementor-menu-anchor\" id=\"c3902\"><\/div>\n\t\t\t\t\t\t<\/div>\n\t\t\t\t<\/div>\n\t\t\t\t<div class=\"elementor-element elementor-element-d78401c elementor-widget elementor-widget-spacer\" data-id=\"d78401c\" data-element_type=\"widget\" data-e-type=\"widget\" data-widget_type=\"spacer.default\">\n\t\t\t\t<div class=\"elementor-widget-container\">\n\t\t\t\t\t\t\t<div class=\"elementor-spacer\">\n\t\t\t<div class=\"elementor-spacer-inner\"><\/div>\n\t\t<\/div>\n\t\t\t\t\t\t<\/div>\n\t\t\t\t<\/div>\n\t\t\t\t<div class=\"elementor-element elementor-element-557f747f elementor-widget elementor-widget-heading\" data-id=\"557f747f\" data-element_type=\"widget\" data-e-type=\"widget\" data-widget_type=\"heading.default\">\n\t\t\t\t<div class=\"elementor-widget-container\">\n\t\t\t\t\t<h2 class=\"elementor-heading-title elementor-size-default\">Almagro. Campo de Calatrava. Ciudad Real<\/h2>\t\t\t\t<\/div>\n\t\t\t\t<\/div>\n\t\t\t\t<div class=\"elementor-element elementor-element-9f0ad3b elementor-widget elementor-widget-text-editor\" data-id=\"9f0ad3b\" data-element_type=\"widget\" data-e-type=\"widget\" data-widget_type=\"text-editor.default\">\n\t\t\t\t<div class=\"elementor-widget-container\">\n\t\t\t\t\t\t\t\t\t<p>Enlla\u00e7 amb el <em>Post<\/em>:<a href=\"https:\/\/www.elturistatranquil.com\/ca\/hospederia-santa-elena-tierra-de-montiel\/\" target=\"_blank\" rel=\"noopener\"><strong> Hospeder\u00eda Santa Elena, Tierra de Montiel<\/strong><\/a><\/p>\t\t\t\t\t\t\t\t<\/div>\n\t\t\t\t<\/div>\n\t\t\t\t<div class=\"elementor-element elementor-element-3b8ce940 elementor-widget elementor-widget-text-editor\" data-id=\"3b8ce940\" data-element_type=\"widget\" data-e-type=\"widget\" data-widget_type=\"text-editor.default\">\n\t\t\t\t<div class=\"elementor-widget-container\">\n\t\t\t\t\t\t\t\t\t<p>Una de les sortides interessants des de la <strong>Hospeder\u00eda Santa Elena<\/strong> em va portar a Almagro i al Castell de Calatrava la Nova. Vaig a centrar-me aqu\u00ed a la ciutat d&#8217;Almagro.<\/p>\t\t\t\t\t\t\t\t<\/div>\n\t\t\t\t<\/div>\n\t\t\t\t<div class=\"elementor-element elementor-element-64b11501 elementor-widget elementor-widget-heading\" data-id=\"64b11501\" data-element_type=\"widget\" data-e-type=\"widget\" data-widget_type=\"heading.default\">\n\t\t\t\t<div class=\"elementor-widget-container\">\n\t\t\t\t\t<h2 class=\"elementor-heading-title elementor-size-default\">El territori: Campo de Calatrava<\/h2>\t\t\t\t<\/div>\n\t\t\t\t<\/div>\n\t\t\t\t<div class=\"elementor-element elementor-element-3667fc08 elementor-widget elementor-widget-menu-anchor\" data-id=\"3667fc08\" data-element_type=\"widget\" data-e-type=\"widget\" data-widget_type=\"menu-anchor.default\">\n\t\t\t\t<div class=\"elementor-widget-container\">\n\t\t\t\t\t\t\t<div class=\"elementor-menu-anchor\" id=\"c3903\"><\/div>\n\t\t\t\t\t\t<\/div>\n\t\t\t\t<\/div>\n\t\t\t\t<div class=\"elementor-element elementor-element-7f5f3f45 elementor-widget elementor-widget-text-editor\" data-id=\"7f5f3f45\" data-element_type=\"widget\" data-e-type=\"widget\" data-widget_type=\"text-editor.default\">\n\t\t\t\t<div class=\"elementor-widget-container\">\n\t\t\t\t\t\t\t\t\t<p>El municipi d&#8217;<strong>Almagro<\/strong>, es troba envoltat per extenses parcel\u00b7les de cereal, vinya, olivera i horts recorreguts pel <em>Arroyo pellejero y Cuetos<\/em>, petits rius estivals. \u00c9s troba situada en el denominat <strong>Campo de Calatrava<\/strong>, entre els 600 i 700 msnm, comarca que \u00e9s una de les poques regions volc\u00e0niques de la pen\u00ednsula. Amb m\u00e9s de 250 volcans i calderes. Derivat d&#8217;aquesta riquesa geol\u00f2gica existeixen pedreres de basalt i mines de mangan\u00e8s i guix en el seu entorn.<\/p>\t\t\t\t\t\t\t\t<\/div>\n\t\t\t\t<\/div>\n\t\t\t\t<div class=\"elementor-element elementor-element-3d881c93 elementor-widget elementor-widget-heading\" data-id=\"3d881c93\" data-element_type=\"widget\" data-e-type=\"widget\" data-widget_type=\"heading.default\">\n\t\t\t\t<div class=\"elementor-widget-container\">\n\t\t\t\t\t<h2 class=\"elementor-heading-title elementor-size-default\">Una mica d'hist\u00f2ria<\/h2>\t\t\t\t<\/div>\n\t\t\t\t<\/div>\n\t\t\t\t<div class=\"elementor-element elementor-element-7d0990b4 elementor-widget elementor-widget-text-editor\" data-id=\"7d0990b4\" data-element_type=\"widget\" data-e-type=\"widget\" data-widget_type=\"text-editor.default\">\n\t\t\t\t<div class=\"elementor-widget-container\">\n\t\t\t\t\t\t\t\t\t<p>Sembla que hi ha indicis d\u2019ocupaci\u00f3 des de l&#8217;edat del bronze, aix\u00ed com d&#8217;algun assentament rom\u00e0 i visigot, per\u00f2 no van deixar cap reflex en la forma posterior d&#8217;Almagro.<\/p><p>En aquest sentit, l&#8217;origen la Almagro s&#8217;atribueix a un petit castell almohade, denominat &#8220;Almagrib&#8221;, aixecat per controlar el tr\u00e0nsit entre els camins i rutes que enlla\u00e7aven les ciutats de Toledo i C\u00f2rdova.<\/p><p>Sembla ser que el nom d&#8217;Almagro procedeix del color vermell\u00f3s que adquireix l&#8217;argila barrejada amb \u00f2xid de ferro de la zona. El color &#8220;almagre&#8221; s&#8217;utilitza per a la decoraci\u00f3 de cases i fa\u00e7anes.<\/p><p>En 1176 Alfonso VIII, agra\u00eft per la participaci\u00f3 dels monjos de \u00a0Calatrava en la presa de Conca, els va concedir uns terrenys a la zona.<\/p><p>En 1212, l&#8217;<a href=\"https:\/\/www.elturistatranquil.com\/ca\/esglesies-monestirs-i-ordres-religioses-a-ledat-mitjana\/\" target=\"_blank\" rel=\"noopener\">Ordre de Calatrava<\/a> procedeix de l&#8217;elecci\u00f3 Almagro per establir el seu lloc de resid\u00e8ncia i la seu governativa de les seves possessions al Camp de Calatrava, on controlava 43 pobles sota els seus dominis. D&#8217;aquest per\u00edode procedeix la forma de la ciutat medieval.<\/p><p>Durant el segle XIV la vila estava emmurallada i tenia un castell que va ser absorbit pels Palaus Maestrales de l&#8217;Ordre de Calatrava. Actualment aquest edifici, molt modificat, \u00e9s la seu del Museu Nacional de Teatre. Sembla que la muralla va ser una construcci\u00f3 modesta que tancava el recinte.<\/p>\t\t\t\t\t\t\t\t<\/div>\n\t\t\t\t<\/div>\n\t\t\t\t<div class=\"elementor-element elementor-element-1109e52c elementor-widget elementor-widget-image\" data-id=\"1109e52c\" data-element_type=\"widget\" data-e-type=\"widget\" data-widget_type=\"image.default\">\n\t\t\t\t<div class=\"elementor-widget-container\">\n\t\t\t\t\t\t\t\t\t\t\t\t<figure class=\"wp-caption\">\n\t\t\t\t\t\t\t\t\t\t<img decoding=\"async\" width=\"768\" height=\"512\" src=\"https:\/\/www.elturistatranquil.com\/wp-content\/uploads\/F03-Almagro.jpg\" class=\"attachment-large size-large wp-image-24639\" alt=\"Almagro\" srcset=\"https:\/\/www.elturistatranquil.com\/wp-content\/uploads\/F03-Almagro.jpg 768w, https:\/\/www.elturistatranquil.com\/wp-content\/uploads\/F03-Almagro-339x226.jpg 339w\" sizes=\"(max-width: 768px) 100vw, 768px\" \/>\t\t\t\t\t\t\t\t\t\t\t<figcaption class=\"widget-image-caption wp-caption-text\">Muralles d'Almagro<\/figcaption>\n\t\t\t\t\t\t\t\t\t\t<\/figure>\n\t\t\t\t\t\t\t\t\t<\/div>\n\t\t\t\t<\/div>\n\t\t\t\t<div class=\"elementor-element elementor-element-36583412 elementor-widget elementor-widget-text-editor\" data-id=\"36583412\" data-element_type=\"widget\" data-e-type=\"widget\" data-widget_type=\"text-editor.default\">\n\t\t\t\t<div class=\"elementor-widget-container\">\n\t\t\t\t\t\t\t\t\t<p>Va esdevenir d&#8217;aquesta manera la poblaci\u00f3 m\u00e9s important de la zona.<\/p><p>Acabada la Reconquesta, L&#8217;Ordre perd la seva funci\u00f3 de defensa del territori enfront dels musulmans, per\u00f2 mant\u00e9 el seu poder i riquesa fins que, despr\u00e9s de la mort de l&#8217;\u00faltim mestre D. Garc\u00eda de Padilla en 1489, el rei Ferran es fa nomenar Gran Mestre i la annexa a la corona.<\/p><p>Quan en 1525 Carles I atorga als banqueos alemanys F\u00fcgger l&#8217;arrendament dels maestrazgos i l&#8217;explotaci\u00f3 de les mines de mercuri d&#8217;Almad\u00e9n, abans propietat de l&#8217;Ordre, com a pagament dels pr\u00e9stecs bancaris per al seu regnat, tindr\u00e0 una notable incid\u00e8ncia sobre Almagro.<\/p><p>Els F\u00fcgger van decidir centrar la seva activitat administrativa i econ\u00f2mica a Almagro i van portar amb si als seus administradors, els Wessel i Xedler<\/p><p>La ciutat es va constituir en centre d&#8217;emmagatzematge i administraci\u00f3 de b\u00e9ns agr\u00edcoles, ramaders i miners, donant-se una complexa poblaci\u00f3 de moriscos, jueus conversos, alemanys i flamencs que formaven la Cort de Carles V i castellans. La poblaci\u00f3 flamenca va introduir l&#8217;artesania de les puntes (encajes).<\/p><p>El paper constructiu dels F\u00fcggery dels Welser, aixecant palaus amb grans portades renaixentistes, van voler demostrar el seu gran poder i van canviar la imatge de la ciutat de tra\u00e7at medieval, convertint-se en una ciutat molt activa, oberta i renaixentista, adquirint l&#8217;aspecte que s&#8217;ha conservat fins a l&#8217;actualitat a la zona antiga.<\/p><p>Paral\u00b7lelament, ser\u00e0 un moment de gran activitat constructiva de palaus, cases pairals, ermites, convents com el de l&#8217;Assumpci\u00f3 de Calatrava o el convent i universitat de Nuestra Se\u00f1ora del Rosario a la fi del segle XVI, aix\u00ed com l&#8217;ampliaci\u00f3 de la ciutat fora de les muralles.<\/p><p>L&#8217;activitat econ\u00f2mica es va intensificar i va fer possible l&#8217;augment de poblaci\u00f3; d&#8217;aquesta manera, Almagro va passar de tenir 4.000 habitants al comen\u00e7ament del segle a tenir m\u00e9s de 8.000 a finals de la cent\u00faria.<\/p><p>La p\u00e8rdua de control de l&#8217;Ordre de Calatrava va possibilitar que altres ordres s&#8217;assentessin a Almagro, com dominics, franciscans o jesu\u00eftes.<\/p><p>La vila ser\u00e0 capital entre 1750 i 1761, moment en qu\u00e8 la perd a favor de Ciutat Real. Llavors Almagro rep el t\u00edtol de ciutat.<\/p><p>El terratr\u00e8mol de Lisboa (1755) afecte de forma important a la ciutat destruint alguns edificis emblem\u00e0tics.<\/p><p>Al segle XIX, la invasi\u00f3 francesa, les guerres carlines i les desamortitzacions afectaran de forma important a la ciutat, experimentant una creixent decad\u00e8ncia, i perdent tamb\u00e9 la Universitat.<\/p><p>Aquesta fase de decad\u00e8ncia va tenir l&#8217;efecte de &#8220;fossilitzar&#8221; l&#8217;estructura urbana, el que ha perm\u00e8s, a partir de la segona meitat del segle XX, posar en valor el patrimoni hist\u00f2ric-art\u00edstic conservat sota el signe del seu valor cultural, per\u00f2 sobretot tur\u00edstic, com a nova forma d&#8217;activitat econ\u00f2mica. Per exemple, el 1972 es declara Almagro <em>Conjunt Hist\u00f2ric-Art\u00edstic<\/em> i es construeix el Parador Nacional de Turisme.<\/p><p>El haver-se descobert el Corral de Comedias, i declarar-lo <em>Monument Hist\u00f2ric-Art\u00edstic<\/em> en 1955, al costat de la seva restauraci\u00f3, van donar peu a iniciar el 1979 el Festival de Teatre Internacional Cl\u00e0ssic d&#8217;Almagro que se celebra cada estiu, contribuint a la revitalitzaci\u00f3 de la ciutat.<\/p><p>En l&#8217;actualitat \u00e9s un municipi de 8.922 habitants el 2018, pr\u00e0cticament concentrats tots a la ciutat.<\/p>\t\t\t\t\t\t\t\t<\/div>\n\t\t\t\t<\/div>\n\t\t\t\t<div class=\"elementor-element elementor-element-23862ba6 elementor-widget elementor-widget-menu-anchor\" data-id=\"23862ba6\" data-element_type=\"widget\" data-e-type=\"widget\" data-widget_type=\"menu-anchor.default\">\n\t\t\t\t<div class=\"elementor-widget-container\">\n\t\t\t\t\t\t\t<div class=\"elementor-menu-anchor\" id=\"c3904\"><\/div>\n\t\t\t\t\t\t<\/div>\n\t\t\t\t<\/div>\n\t\t\t\t<div class=\"elementor-element elementor-element-40964698 elementor-widget elementor-widget-heading\" data-id=\"40964698\" data-element_type=\"widget\" data-e-type=\"widget\" data-widget_type=\"heading.default\">\n\t\t\t\t<div class=\"elementor-widget-container\">\n\t\t\t\t\t<h2 class=\"elementor-heading-title elementor-size-default\">Recorregut per Almagro<\/h2>\t\t\t\t<\/div>\n\t\t\t\t<\/div>\n\t\t\t\t<div class=\"elementor-element elementor-element-7a44df81 elementor-widget elementor-widget-image\" data-id=\"7a44df81\" data-element_type=\"widget\" data-e-type=\"widget\" data-widget_type=\"image.default\">\n\t\t\t\t<div class=\"elementor-widget-container\">\n\t\t\t\t\t\t\t\t\t\t\t\t<figure class=\"wp-caption\">\n\t\t\t\t\t\t\t\t\t\t<img loading=\"lazy\" decoding=\"async\" width=\"768\" height=\"512\" src=\"https:\/\/www.elturistatranquil.com\/wp-content\/uploads\/F04-Recorrido-por-Almagro-Google-earth-2019-10-24.jpg\" class=\"attachment-large size-large wp-image-24641\" alt=\"Recorrido por Almagro (Google earth 2019-10-24)\" srcset=\"https:\/\/www.elturistatranquil.com\/wp-content\/uploads\/F04-Recorrido-por-Almagro-Google-earth-2019-10-24.jpg 768w, https:\/\/www.elturistatranquil.com\/wp-content\/uploads\/F04-Recorrido-por-Almagro-Google-earth-2019-10-24-339x226.jpg 339w\" sizes=\"(max-width: 768px) 100vw, 768px\" \/>\t\t\t\t\t\t\t\t\t\t\t<figcaption class=\"widget-image-caption wp-caption-text\">Recorregut per Almagro (Google earth 2019-10-24)<\/figcaption>\n\t\t\t\t\t\t\t\t\t\t<\/figure>\n\t\t\t\t\t\t\t\t\t<\/div>\n\t\t\t\t<\/div>\n\t\t\t\t<div class=\"elementor-element elementor-element-773d00ef elementor-widget elementor-widget-text-editor\" data-id=\"773d00ef\" data-element_type=\"widget\" data-e-type=\"widget\" data-widget_type=\"text-editor.default\">\n\t\t\t\t<div class=\"elementor-widget-container\">\n\t\t\t\t\t\t\t\t\t<p>La presentaci\u00f3 dels monuments significatius d&#8217;Almagro la far\u00e9 en aquesta ocasi\u00f3 seguint un itinerari \u00fanic, amb inici i punt final al costat de l&#8217;Oficina de Turisme.<\/p><p>En aquest cas, l&#8217;itinerari t\u00e9 la funci\u00f3 d&#8217;organitzar la seq\u00fc\u00e8ncia de presentaci\u00f3 dels diferents monuments i enclavaments, sense introduir cap altre tipus de criteri de classificaci\u00f3.<\/p><p>Cal tenir en compte, que ens trobem en una ciutat fonamentalment renaixentista, amb la majoria d&#8217;edificacions constru\u00efdes en els segles XVI i XVII. Aquesta homogene\u00eftat facilita que la presentaci\u00f3 sigui seq\u00fcencial al llarg d&#8217;un \u00fanic recorregut.<\/p><p>En aquest cas, aix\u00f2 t\u00e9 l&#8217;avantatge que podem gaudir del recorregut en tota la seva extensi\u00f3, admirant a un temps les obres de major contingut arquitect\u00f2nic, amb el tra\u00e7at dels seus carrers i amb l&#8217;arquitectura popular en qu\u00e8 estarem immersos al llarg de tot el recorregut.<\/p><p>La &#8220;fossilitzaci\u00f3&#8221; que citava al principi, permet que el conjunt urb\u00e0 presenti una atmosfera d&#8217;entorn sense distorsions. L&#8217;arquitectura banal del segle XX no ha tingut cabuda, per\u00f2 tampoc \u00e9s una ciutat &#8220;reconstru\u00efda&#8221;, sin\u00f3 que ofereix l&#8217;ambient d&#8217;autenticitat viscuda.<\/p><p>El recorregut l\u2019inicio en el <strong>Centre de Recepci\u00f3 de Visitants<\/strong> (<strong>IT<\/strong>) on, amablement, us informaran i facilitaran fullets de gran qualitat.<\/p>\t\t\t\t\t\t\t\t<\/div>\n\t\t\t\t<\/div>\n\t\t\t\t<div class=\"elementor-element elementor-element-3b3ba1e7 elementor-widget elementor-widget-menu-anchor\" data-id=\"3b3ba1e7\" data-element_type=\"widget\" data-e-type=\"widget\" data-widget_type=\"menu-anchor.default\">\n\t\t\t\t<div class=\"elementor-widget-container\">\n\t\t\t\t\t\t\t<div class=\"elementor-menu-anchor\" id=\"c3905\"><\/div>\n\t\t\t\t\t\t<\/div>\n\t\t\t\t<\/div>\n\t\t\t\t<div class=\"elementor-element elementor-element-5c6642d4 elementor-widget elementor-widget-heading\" data-id=\"5c6642d4\" data-element_type=\"widget\" data-e-type=\"widget\" data-widget_type=\"heading.default\">\n\t\t\t\t<div class=\"elementor-widget-container\">\n\t\t\t\t\t<h3 class=\"elementor-heading-title elementor-size-default\">Convent de la Asunci\u00f3n de Calatrava<\/h3>\t\t\t\t<\/div>\n\t\t\t\t<\/div>\n\t\t\t\t<div class=\"elementor-element elementor-element-7b48d846 elementor-widget elementor-widget-text-editor\" data-id=\"7b48d846\" data-element_type=\"widget\" data-e-type=\"widget\" data-widget_type=\"text-editor.default\">\n\t\t\t\t<div class=\"elementor-widget-container\">\n\t\t\t\t\t\t\t\t\t<p>Al costat del Centre (<strong>IT<\/strong>), extramurs de la ciutat, visitarem el <strong>Convent de la Asunci\u00f3n de Calatrava<\/strong> (<strong>1<\/strong>), d&#8217;estil renaixentista, Iniciat en 1504 i finalitzat el 1543.<\/p><p>El Comendador Major de l&#8217;Ordre de Calatrava, D. Frey Gutierre de Padilla va donar el 1496 els seus b\u00e9ns per aixecar un hospital per a pobres. Es va iniciar la seva construcci\u00f3 com a hospital, per\u00f2 en 1523 es va fer evident que Almagro no necessitava un altre hospital, amb el que es va transformar en convent de monges de clausura. Habitat per les monges calatravas fins a 1820, i per frares fins a 1836, moment de la desamortitzaci\u00f3.<\/p><p>En 1851 va ser declarat <em>Monument Hist\u00f2ric<\/em>, el que no va evitar que pat\u00eds importants modificacions a trav\u00e9s del seu \u00fas com a Caserna de Cavalleria, magatzem de gra i vi i recer de captaires, sent destru\u00eft i espoliat en aquest proc\u00e9s. En tornar els Dominics a Almagro el 1905 accepten aquest edifici, pensant en reconstruir-lo, at\u00e8s que el seu anterior, el Convent de Nuestra Se\u00f1ora del Rosario havia estat destru\u00eft.<\/p><p>Est\u00e0 format per dos edificis contigus: el Convent i l&#8217;Esgl\u00e9sia.<\/p><p>El 1931 va ser declarat <em>Monument d&#8217;Inter\u00e8s Hist\u00f2ric-Art\u00edstic<\/em>.<\/p>\t\t\t\t\t\t\t\t<\/div>\n\t\t\t\t<\/div>\n\t\t\t\t<div class=\"elementor-element elementor-element-547978e3 elementor-widget elementor-widget-image\" data-id=\"547978e3\" data-element_type=\"widget\" data-e-type=\"widget\" data-widget_type=\"image.default\">\n\t\t\t\t<div class=\"elementor-widget-container\">\n\t\t\t\t\t\t\t\t\t\t\t\t<figure class=\"wp-caption\">\n\t\t\t\t\t\t\t\t\t\t<img loading=\"lazy\" decoding=\"async\" width=\"768\" height=\"512\" src=\"https:\/\/www.elturistatranquil.com\/wp-content\/uploads\/F05-Convento-de-la-Asunci\u00f3n-de-Calatrava-Almagro.jpg\" class=\"attachment-large size-large wp-image-24643\" alt=\"Convento de la Asunci\u00f3n de Calatrava de Almagro\" srcset=\"https:\/\/www.elturistatranquil.com\/wp-content\/uploads\/F05-Convento-de-la-Asunci\u00f3n-de-Calatrava-Almagro.jpg 768w, https:\/\/www.elturistatranquil.com\/wp-content\/uploads\/F05-Convento-de-la-Asunci\u00f3n-de-Calatrava-Almagro-339x226.jpg 339w\" sizes=\"(max-width: 768px) 100vw, 768px\" \/>\t\t\t\t\t\t\t\t\t\t\t<figcaption class=\"widget-image-caption wp-caption-text\"><\/figcaption>\n\t\t\t\t\t\t\t\t\t\t<\/figure>\n\t\t\t\t\t\t\t\t\t<\/div>\n\t\t\t\t<\/div>\n\t\t\t\t<div class=\"elementor-element elementor-element-26a16941 elementor-widget elementor-widget-text-editor\" data-id=\"26a16941\" data-element_type=\"widget\" data-e-type=\"widget\" data-widget_type=\"text-editor.default\">\n\t\t\t\t<div class=\"elementor-widget-container\">\n\t\t\t\t\t\t\t\t\t<p>De la torre de l&#8217;Esgl\u00e9sia es va modificar la seva coronaci\u00f3 a principis del segle XX.<\/p>\t\t\t\t\t\t\t\t<\/div>\n\t\t\t\t<\/div>\n\t\t\t\t<div class=\"elementor-element elementor-element-4fc3f69 elementor-widget elementor-widget-image\" data-id=\"4fc3f69\" data-element_type=\"widget\" data-e-type=\"widget\" data-widget_type=\"image.default\">\n\t\t\t\t<div class=\"elementor-widget-container\">\n\t\t\t\t\t\t\t\t\t\t\t\t<figure class=\"wp-caption\">\n\t\t\t\t\t\t\t\t\t\t<img loading=\"lazy\" decoding=\"async\" width=\"768\" height=\"511\" src=\"https:\/\/www.elturistatranquil.com\/wp-content\/uploads\/F06-Convento-de-la-Asunci\u00f3n-de-Calatrava-Almagro.jpg\" class=\"attachment-large size-large wp-image-24645\" alt=\"Convento de la Asunci\u00f3n de Calatrava de Almagro\" srcset=\"https:\/\/www.elturistatranquil.com\/wp-content\/uploads\/F06-Convento-de-la-Asunci\u00f3n-de-Calatrava-Almagro.jpg 768w, https:\/\/www.elturistatranquil.com\/wp-content\/uploads\/F06-Convento-de-la-Asunci\u00f3n-de-Calatrava-Almagro-339x226.jpg 339w\" sizes=\"(max-width: 768px) 100vw, 768px\" \/>\t\t\t\t\t\t\t\t\t\t\t<figcaption class=\"widget-image-caption wp-caption-text\"><\/figcaption>\n\t\t\t\t\t\t\t\t\t\t<\/figure>\n\t\t\t\t\t\t\t\t\t<\/div>\n\t\t\t\t<\/div>\n\t\t\t\t<div class=\"elementor-element elementor-element-65ebea9c elementor-widget elementor-widget-text-editor\" data-id=\"65ebea9c\" data-element_type=\"widget\" data-e-type=\"widget\" data-widget_type=\"text-editor.default\">\n\t\t\t\t<div class=\"elementor-widget-container\">\n\t\t\t\t\t\t\t\t\t<p>Primitiva portada al costat de l&#8217;evangeli, tot i que aquesta no va ser la seva localitzaci\u00f3 inicial. La seva forma \u00e9s d&#8217;arc de mig punt. El conjunt est\u00e0 coronat per l&#8217;escut dels Padilla, que van ser els que van finan\u00e7ar el final de l&#8217;obra.<\/p>\t\t\t\t\t\t\t\t<\/div>\n\t\t\t\t<\/div>\n\t\t\t\t<div class=\"elementor-element elementor-element-7a517d81 elementor-widget elementor-widget-image\" data-id=\"7a517d81\" data-element_type=\"widget\" data-e-type=\"widget\" data-widget_type=\"image.default\">\n\t\t\t\t<div class=\"elementor-widget-container\">\n\t\t\t\t\t\t\t\t\t\t\t\t<figure class=\"wp-caption\">\n\t\t\t\t\t\t\t\t\t\t<img loading=\"lazy\" decoding=\"async\" width=\"768\" height=\"512\" src=\"https:\/\/www.elturistatranquil.com\/wp-content\/uploads\/F07-Convento-de-la-Asunci\u00f3n-de-Calatrava-Almagro.jpg\" class=\"attachment-large size-large wp-image-24647\" alt=\"Convento de la Asunci\u00f3n de Calatrava de Almagro\" srcset=\"https:\/\/www.elturistatranquil.com\/wp-content\/uploads\/F07-Convento-de-la-Asunci\u00f3n-de-Calatrava-Almagro.jpg 768w, https:\/\/www.elturistatranquil.com\/wp-content\/uploads\/F07-Convento-de-la-Asunci\u00f3n-de-Calatrava-Almagro-339x226.jpg 339w\" sizes=\"(max-width: 768px) 100vw, 768px\" \/>\t\t\t\t\t\t\t\t\t\t\t<figcaption class=\"widget-image-caption wp-caption-text\"><\/figcaption>\n\t\t\t\t\t\t\t\t\t\t<\/figure>\n\t\t\t\t\t\t\t\t\t<\/div>\n\t\t\t\t<\/div>\n\t\t\t\t<div class=\"elementor-element elementor-element-6dfa371d elementor-widget elementor-widget-text-editor\" data-id=\"6dfa371d\" data-element_type=\"widget\" data-e-type=\"widget\" data-widget_type=\"text-editor.default\">\n\t\t\t\t<div class=\"elementor-widget-container\">\n\t\t\t\t\t\t\t\t\t<p>El Convent est\u00e0 adossat al costat de l&#8217;ep\u00edstola, estructurat al voltant d&#8217;un claustre.<\/p><p>Des de la recepci\u00f3 d&#8217;entrada anirem trobant totes les portes d&#8217;acc\u00e9s a les depend\u00e8ncies constru\u00efdes amb estructura de carreus llaurada de mar\u00e8s.<\/p>\t\t\t\t\t\t\t\t<\/div>\n\t\t\t\t<\/div>\n\t\t\t\t<div class=\"elementor-element elementor-element-470a4a4c elementor-widget elementor-widget-image\" data-id=\"470a4a4c\" data-element_type=\"widget\" data-e-type=\"widget\" data-widget_type=\"image.default\">\n\t\t\t\t<div class=\"elementor-widget-container\">\n\t\t\t\t\t\t\t\t\t\t\t\t<figure class=\"wp-caption\">\n\t\t\t\t\t\t\t\t\t\t<img loading=\"lazy\" decoding=\"async\" width=\"768\" height=\"511\" src=\"https:\/\/www.elturistatranquil.com\/wp-content\/uploads\/F08-Convento-de-la-Asunci\u00f3n-de-Calatrava-Almagro.jpg\" class=\"attachment-large size-large wp-image-24649\" alt=\"Convento de la Asunci\u00f3n de Calatrava de Almagro\" srcset=\"https:\/\/www.elturistatranquil.com\/wp-content\/uploads\/F08-Convento-de-la-Asunci\u00f3n-de-Calatrava-Almagro.jpg 768w, https:\/\/www.elturistatranquil.com\/wp-content\/uploads\/F08-Convento-de-la-Asunci\u00f3n-de-Calatrava-Almagro-339x226.jpg 339w\" sizes=\"(max-width: 768px) 100vw, 768px\" \/>\t\t\t\t\t\t\t\t\t\t\t<figcaption class=\"widget-image-caption wp-caption-text\"><\/figcaption>\n\t\t\t\t\t\t\t\t\t\t<\/figure>\n\t\t\t\t\t\t\t\t\t<\/div>\n\t\t\t\t<\/div>\n\t\t\t\t<div class=\"elementor-element elementor-element-3690cc15 elementor-widget elementor-widget-text-editor\" data-id=\"3690cc15\" data-element_type=\"widget\" data-e-type=\"widget\" data-widget_type=\"text-editor.default\">\n\t\t\t\t<div class=\"elementor-widget-container\">\n\t\t\t\t\t\t\t\t\t<p>L&#8217;escala principal \u00e9s de la primera meitat del segle XVI, de caixa c\u00fabica oberta sota una volta \u00fanica, amb tres trams, espai central i balustrada de traceria flam\u00edgera. Havia estat pensada per a l&#8217;hospital. En l&#8217;arc d&#8217;entrada destaquen els capitells florits.<\/p>\t\t\t\t\t\t\t\t<\/div>\n\t\t\t\t<\/div>\n\t\t\t\t<div class=\"elementor-element elementor-element-204eb253 elementor-widget elementor-widget-image\" data-id=\"204eb253\" data-element_type=\"widget\" data-e-type=\"widget\" data-widget_type=\"image.default\">\n\t\t\t\t<div class=\"elementor-widget-container\">\n\t\t\t\t\t\t\t\t\t\t\t\t<figure class=\"wp-caption\">\n\t\t\t\t\t\t\t\t\t\t<img loading=\"lazy\" decoding=\"async\" width=\"768\" height=\"512\" src=\"https:\/\/www.elturistatranquil.com\/wp-content\/uploads\/F09-Convento-de-la-Asunci\u00f3n-de-Calatrava-Almagro.jpg\" class=\"attachment-large size-large wp-image-24651\" alt=\"Convento de la Asunci\u00f3n de Calatrava de Almagro\" srcset=\"https:\/\/www.elturistatranquil.com\/wp-content\/uploads\/F09-Convento-de-la-Asunci\u00f3n-de-Calatrava-Almagro.jpg 768w, https:\/\/www.elturistatranquil.com\/wp-content\/uploads\/F09-Convento-de-la-Asunci\u00f3n-de-Calatrava-Almagro-339x226.jpg 339w\" sizes=\"(max-width: 768px) 100vw, 768px\" \/>\t\t\t\t\t\t\t\t\t\t\t<figcaption class=\"widget-image-caption wp-caption-text\"><\/figcaption>\n\t\t\t\t\t\t\t\t\t\t<\/figure>\n\t\t\t\t\t\t\t\t\t<\/div>\n\t\t\t\t<\/div>\n\t\t\t\t<div class=\"elementor-element elementor-element-49a49d5e elementor-widget elementor-widget-text-editor\" data-id=\"49a49d5e\" data-element_type=\"widget\" data-e-type=\"widget\" data-widget_type=\"text-editor.default\">\n\t\t\t\t<div class=\"elementor-widget-container\">\n\t\t\t\t\t\t\t\t\t<p>Claustre renaixentista, de planta quadrangular amb 60 columnes, d&#8217;ordre j\u00f2nic la planta baixa i tosc\u00e0 la superior.<\/p><p>Al centre el brocal d&#8217;un gran aljub.<\/p>\t\t\t\t\t\t\t\t<\/div>\n\t\t\t\t<\/div>\n\t\t\t\t<div class=\"elementor-element elementor-element-42e70cdb elementor-widget elementor-widget-image\" data-id=\"42e70cdb\" data-element_type=\"widget\" data-e-type=\"widget\" data-widget_type=\"image.default\">\n\t\t\t\t<div class=\"elementor-widget-container\">\n\t\t\t\t\t\t\t\t\t\t\t\t<figure class=\"wp-caption\">\n\t\t\t\t\t\t\t\t\t\t<img loading=\"lazy\" decoding=\"async\" width=\"768\" height=\"512\" src=\"https:\/\/www.elturistatranquil.com\/wp-content\/uploads\/F10-Convento-de-la-Asunci\u00f3n-de-Calatrava-Almagro.jpg\" class=\"attachment-large size-large wp-image-24653\" alt=\"Convento de la Asunci\u00f3n de Calatrava de Almagro\" srcset=\"https:\/\/www.elturistatranquil.com\/wp-content\/uploads\/F10-Convento-de-la-Asunci\u00f3n-de-Calatrava-Almagro.jpg 768w, https:\/\/www.elturistatranquil.com\/wp-content\/uploads\/F10-Convento-de-la-Asunci\u00f3n-de-Calatrava-Almagro-339x226.jpg 339w\" sizes=\"(max-width: 768px) 100vw, 768px\" \/>\t\t\t\t\t\t\t\t\t\t\t<figcaption class=\"widget-image-caption wp-caption-text\"><\/figcaption>\n\t\t\t\t\t\t\t\t\t\t<\/figure>\n\t\t\t\t\t\t\t\t\t<\/div>\n\t\t\t\t<\/div>\n\t\t\t\t<div class=\"elementor-element elementor-element-416b55d1 elementor-widget elementor-widget-text-editor\" data-id=\"416b55d1\" data-element_type=\"widget\" data-e-type=\"widget\" data-widget_type=\"text-editor.default\">\n\t\t\t\t<div class=\"elementor-widget-container\">\n\t\t\t\t\t\t\t\t\t<p>Exemples de portes al claustre.<\/p>\t\t\t\t\t\t\t\t<\/div>\n\t\t\t\t<\/div>\n\t\t\t\t<div class=\"elementor-element elementor-element-32a5c1f1 elementor-widget elementor-widget-image\" data-id=\"32a5c1f1\" data-element_type=\"widget\" data-e-type=\"widget\" data-widget_type=\"image.default\">\n\t\t\t\t<div class=\"elementor-widget-container\">\n\t\t\t\t\t\t\t\t\t\t\t\t<figure class=\"wp-caption\">\n\t\t\t\t\t\t\t\t\t\t<img loading=\"lazy\" decoding=\"async\" width=\"768\" height=\"511\" src=\"https:\/\/www.elturistatranquil.com\/wp-content\/uploads\/F11-Convento-de-la-Asunci\u00f3n-de-Calatrava-Almagro.jpg\" class=\"attachment-large size-large wp-image-24655\" alt=\"Convento de la Asunci\u00f3n de Calatrava de Almagro\" srcset=\"https:\/\/www.elturistatranquil.com\/wp-content\/uploads\/F11-Convento-de-la-Asunci\u00f3n-de-Calatrava-Almagro.jpg 768w, https:\/\/www.elturistatranquil.com\/wp-content\/uploads\/F11-Convento-de-la-Asunci\u00f3n-de-Calatrava-Almagro-339x226.jpg 339w\" sizes=\"(max-width: 768px) 100vw, 768px\" \/>\t\t\t\t\t\t\t\t\t\t\t<figcaption class=\"widget-image-caption wp-caption-text\"><\/figcaption>\n\t\t\t\t\t\t\t\t\t\t<\/figure>\n\t\t\t\t\t\t\t\t\t<\/div>\n\t\t\t\t<\/div>\n\t\t\t\t<div class=\"elementor-element elementor-element-32e6cf69 elementor-widget elementor-widget-text-editor\" data-id=\"32e6cf69\" data-element_type=\"widget\" data-e-type=\"widget\" data-widget_type=\"text-editor.default\">\n\t\t\t\t<div class=\"elementor-widget-container\">\n\t\t\t\t\t\t\t\t\t<p>El refetor t\u00e9 un magn\u00edfic sostre i conserva el p\u00falpit.<\/p><p>Al fons una pintura de &#8220;Santo Domingo servit pels \u00c0ngels&#8221;, obra de Fra Joaqu\u00edn Delgado Fern\u00e1ndez, de 1947, realisme figuratiu.<\/p>\t\t\t\t\t\t\t\t<\/div>\n\t\t\t\t<\/div>\n\t\t\t\t<div class=\"elementor-element elementor-element-34f54ca8 elementor-widget elementor-widget-image\" data-id=\"34f54ca8\" data-element_type=\"widget\" data-e-type=\"widget\" data-widget_type=\"image.default\">\n\t\t\t\t<div class=\"elementor-widget-container\">\n\t\t\t\t\t\t\t\t\t\t\t\t<figure class=\"wp-caption\">\n\t\t\t\t\t\t\t\t\t\t<img loading=\"lazy\" decoding=\"async\" width=\"768\" height=\"511\" src=\"https:\/\/www.elturistatranquil.com\/wp-content\/uploads\/F12-Convento-de-la-Asunci\u00f3n-de-Calatrava-Almagro.jpg\" class=\"attachment-large size-large wp-image-24657\" alt=\"Convento de la Asunci\u00f3n de Calatrava de Almagro\" srcset=\"https:\/\/www.elturistatranquil.com\/wp-content\/uploads\/F12-Convento-de-la-Asunci\u00f3n-de-Calatrava-Almagro.jpg 768w, https:\/\/www.elturistatranquil.com\/wp-content\/uploads\/F12-Convento-de-la-Asunci\u00f3n-de-Calatrava-Almagro-339x226.jpg 339w\" sizes=\"(max-width: 768px) 100vw, 768px\" \/>\t\t\t\t\t\t\t\t\t\t\t<figcaption class=\"widget-image-caption wp-caption-text\"><\/figcaption>\n\t\t\t\t\t\t\t\t\t\t<\/figure>\n\t\t\t\t\t\t\t\t\t<\/div>\n\t\t\t\t<\/div>\n\t\t\t\t<div class=\"elementor-element elementor-element-790c33a0 elementor-widget elementor-widget-text-editor\" data-id=\"790c33a0\" data-element_type=\"widget\" data-e-type=\"widget\" data-widget_type=\"text-editor.default\">\n\t\t\t\t<div class=\"elementor-widget-container\">\n\t\t\t\t\t\t\t\t\t<p>La nau de la fa\u00e7ana principal serveix de sala d&#8217;actes, amb un espl\u00e8ndid artesonat.<\/p>\t\t\t\t\t\t\t\t<\/div>\n\t\t\t\t<\/div>\n\t\t\t\t<div class=\"elementor-element elementor-element-50aa951f elementor-widget elementor-widget-image\" data-id=\"50aa951f\" data-element_type=\"widget\" data-e-type=\"widget\" data-widget_type=\"image.default\">\n\t\t\t\t<div class=\"elementor-widget-container\">\n\t\t\t\t\t\t\t\t\t\t\t\t<figure class=\"wp-caption\">\n\t\t\t\t\t\t\t\t\t\t<img loading=\"lazy\" decoding=\"async\" width=\"768\" height=\"511\" src=\"https:\/\/www.elturistatranquil.com\/wp-content\/uploads\/F13-Convento-de-la-Asunci\u00f3n-de-Calatrava-Almagro.jpg\" class=\"attachment-large size-large wp-image-24659\" alt=\"Convento de la Asunci\u00f3n de Calatrava de Almagro\" srcset=\"https:\/\/www.elturistatranquil.com\/wp-content\/uploads\/F13-Convento-de-la-Asunci\u00f3n-de-Calatrava-Almagro.jpg 768w, https:\/\/www.elturistatranquil.com\/wp-content\/uploads\/F13-Convento-de-la-Asunci\u00f3n-de-Calatrava-Almagro-339x226.jpg 339w\" sizes=\"(max-width: 768px) 100vw, 768px\" \/>\t\t\t\t\t\t\t\t\t\t\t<figcaption class=\"widget-image-caption wp-caption-text\"><\/figcaption>\n\t\t\t\t\t\t\t\t\t\t<\/figure>\n\t\t\t\t\t\t\t\t\t<\/div>\n\t\t\t\t<\/div>\n\t\t\t\t<div class=\"elementor-element elementor-element-6b2790dc elementor-widget elementor-widget-text-editor\" data-id=\"6b2790dc\" data-element_type=\"widget\" data-e-type=\"widget\" data-widget_type=\"text-editor.default\">\n\t\t\t\t<div class=\"elementor-widget-container\">\n\t\t\t\t\t\t\t\t\t<p>La Sala Mud\u00e8jar \u00e9s de la segona meitat del segle XVI constru\u00efda per mestres de cases moriscos i destinada origin\u00e0riament a dormitori de les religioses.<\/p>\t\t\t\t\t\t\t\t<\/div>\n\t\t\t\t<\/div>\n\t\t\t\t<div class=\"elementor-element elementor-element-46f4a06 elementor-widget elementor-widget-image\" data-id=\"46f4a06\" data-element_type=\"widget\" data-e-type=\"widget\" data-widget_type=\"image.default\">\n\t\t\t\t<div class=\"elementor-widget-container\">\n\t\t\t\t\t\t\t\t\t\t\t\t<figure class=\"wp-caption\">\n\t\t\t\t\t\t\t\t\t\t<img loading=\"lazy\" decoding=\"async\" width=\"768\" height=\"511\" src=\"https:\/\/www.elturistatranquil.com\/wp-content\/uploads\/F14-Convento-de-la-Asunci\u00f3n-de-Calatrava-Almagro.jpg\" class=\"attachment-large size-large wp-image-24661\" alt=\"Convento de la Asunci\u00f3n de Calatrava de Almagro\" srcset=\"https:\/\/www.elturistatranquil.com\/wp-content\/uploads\/F14-Convento-de-la-Asunci\u00f3n-de-Calatrava-Almagro.jpg 768w, https:\/\/www.elturistatranquil.com\/wp-content\/uploads\/F14-Convento-de-la-Asunci\u00f3n-de-Calatrava-Almagro-339x226.jpg 339w\" sizes=\"(max-width: 768px) 100vw, 768px\" \/>\t\t\t\t\t\t\t\t\t\t\t<figcaption class=\"widget-image-caption wp-caption-text\"><\/figcaption>\n\t\t\t\t\t\t\t\t\t\t<\/figure>\n\t\t\t\t\t\t\t\t\t<\/div>\n\t\t\t\t<\/div>\n\t\t\t\t<div class=\"elementor-element elementor-element-167e30fb elementor-widget elementor-widget-image\" data-id=\"167e30fb\" data-element_type=\"widget\" data-e-type=\"widget\" data-widget_type=\"image.default\">\n\t\t\t\t<div class=\"elementor-widget-container\">\n\t\t\t\t\t\t\t\t\t\t\t\t<figure class=\"wp-caption\">\n\t\t\t\t\t\t\t\t\t\t<img loading=\"lazy\" decoding=\"async\" width=\"768\" height=\"511\" src=\"https:\/\/www.elturistatranquil.com\/wp-content\/uploads\/F15-Convento-de-la-Asunci\u00f3n-de-Calatrava-Almagro.jpg\" class=\"attachment-large size-large wp-image-24663\" alt=\"Convento de la Asunci\u00f3n de Calatrava de Almagro\" srcset=\"https:\/\/www.elturistatranquil.com\/wp-content\/uploads\/F15-Convento-de-la-Asunci\u00f3n-de-Calatrava-Almagro.jpg 768w, https:\/\/www.elturistatranquil.com\/wp-content\/uploads\/F15-Convento-de-la-Asunci\u00f3n-de-Calatrava-Almagro-339x226.jpg 339w\" sizes=\"(max-width: 768px) 100vw, 768px\" \/>\t\t\t\t\t\t\t\t\t\t\t<figcaption class=\"widget-image-caption wp-caption-text\"><\/figcaption>\n\t\t\t\t\t\t\t\t\t\t<\/figure>\n\t\t\t\t\t\t\t\t\t<\/div>\n\t\t\t\t<\/div>\n\t\t\t\t<div class=\"elementor-element elementor-element-1c42128f elementor-widget elementor-widget-text-editor\" data-id=\"1c42128f\" data-element_type=\"widget\" data-e-type=\"widget\" data-widget_type=\"text-editor.default\">\n\t\t\t\t<div class=\"elementor-widget-container\">\n\t\t\t\t\t\t\t\t\t<p>L&#8217;Esgl\u00e9sia d&#8217;una sola nau, amb arcs g\u00f2tics de transici\u00f3 i capelles a cada costat.<\/p><p>El retaule neog\u00f2tic \u00e9s obra dels dominics de meitats del segle XX.<\/p>\t\t\t\t\t\t\t\t<\/div>\n\t\t\t\t<\/div>\n\t\t\t\t<div class=\"elementor-element elementor-element-4ba2bd5f elementor-widget elementor-widget-image\" data-id=\"4ba2bd5f\" data-element_type=\"widget\" data-e-type=\"widget\" data-widget_type=\"image.default\">\n\t\t\t\t<div class=\"elementor-widget-container\">\n\t\t\t\t\t\t\t\t\t\t\t\t<figure class=\"wp-caption\">\n\t\t\t\t\t\t\t\t\t\t<img loading=\"lazy\" decoding=\"async\" width=\"768\" height=\"512\" src=\"https:\/\/www.elturistatranquil.com\/wp-content\/uploads\/F16-Convento-de-la-Asunci\u00f3n-de-Calatrava-Almagro.jpg\" class=\"attachment-large size-large wp-image-24665\" alt=\"Convento de la Asunci\u00f3n de Calatrava de Almagro\" srcset=\"https:\/\/www.elturistatranquil.com\/wp-content\/uploads\/F16-Convento-de-la-Asunci\u00f3n-de-Calatrava-Almagro.jpg 768w, https:\/\/www.elturistatranquil.com\/wp-content\/uploads\/F16-Convento-de-la-Asunci\u00f3n-de-Calatrava-Almagro-339x226.jpg 339w\" sizes=\"(max-width: 768px) 100vw, 768px\" \/>\t\t\t\t\t\t\t\t\t\t\t<figcaption class=\"widget-image-caption wp-caption-text\"><\/figcaption>\n\t\t\t\t\t\t\t\t\t\t<\/figure>\n\t\t\t\t\t\t\t\t\t<\/div>\n\t\t\t\t<\/div>\n\t\t\t\t<div class=\"elementor-element elementor-element-3605a07 elementor-widget elementor-widget-image\" data-id=\"3605a07\" data-element_type=\"widget\" data-e-type=\"widget\" data-widget_type=\"image.default\">\n\t\t\t\t<div class=\"elementor-widget-container\">\n\t\t\t\t\t\t\t\t\t\t\t\t<figure class=\"wp-caption\">\n\t\t\t\t\t\t\t\t\t\t<img loading=\"lazy\" decoding=\"async\" width=\"768\" height=\"511\" src=\"https:\/\/www.elturistatranquil.com\/wp-content\/uploads\/F17-Convento-de-la-Asunci\u00f3n-de-Calatrava-Almagro.jpg\" class=\"attachment-large size-large wp-image-24667\" alt=\"Convento de la Asunci\u00f3n de Calatrava de Almagro\" srcset=\"https:\/\/www.elturistatranquil.com\/wp-content\/uploads\/F17-Convento-de-la-Asunci\u00f3n-de-Calatrava-Almagro.jpg 768w, https:\/\/www.elturistatranquil.com\/wp-content\/uploads\/F17-Convento-de-la-Asunci\u00f3n-de-Calatrava-Almagro-339x226.jpg 339w\" sizes=\"(max-width: 768px) 100vw, 768px\" \/>\t\t\t\t\t\t\t\t\t\t\t<figcaption class=\"widget-image-caption wp-caption-text\"><\/figcaption>\n\t\t\t\t\t\t\t\t\t\t<\/figure>\n\t\t\t\t\t\t\t\t\t<\/div>\n\t\t\t\t<\/div>\n\t\t\t\t<div class=\"elementor-element elementor-element-2cd13229 elementor-widget elementor-widget-text-editor\" data-id=\"2cd13229\" data-element_type=\"widget\" data-e-type=\"widget\" data-widget_type=\"text-editor.default\">\n\t\t\t\t<div class=\"elementor-widget-container\">\n\t\t\t\t\t\t\t\t\t<p>El cadirat del cor procedeix del convent dominic de San Pablo de Sevilla.<\/p>\t\t\t\t\t\t\t\t<\/div>\n\t\t\t\t<\/div>\n\t\t\t\t<div class=\"elementor-element elementor-element-7ce37d8d elementor-widget elementor-widget-image\" data-id=\"7ce37d8d\" data-element_type=\"widget\" data-e-type=\"widget\" data-widget_type=\"image.default\">\n\t\t\t\t<div class=\"elementor-widget-container\">\n\t\t\t\t\t\t\t\t\t\t\t\t<figure class=\"wp-caption\">\n\t\t\t\t\t\t\t\t\t\t<img loading=\"lazy\" decoding=\"async\" width=\"768\" height=\"511\" src=\"https:\/\/www.elturistatranquil.com\/wp-content\/uploads\/F18-Convento-de-la-Asunci\u00f3n-de-Calatrava-Almagro.jpg\" class=\"attachment-large size-large wp-image-24669\" alt=\"Convento de la Asunci\u00f3n de Calatrava de Almagro\" srcset=\"https:\/\/www.elturistatranquil.com\/wp-content\/uploads\/F18-Convento-de-la-Asunci\u00f3n-de-Calatrava-Almagro.jpg 768w, https:\/\/www.elturistatranquil.com\/wp-content\/uploads\/F18-Convento-de-la-Asunci\u00f3n-de-Calatrava-Almagro-339x226.jpg 339w\" sizes=\"(max-width: 768px) 100vw, 768px\" \/>\t\t\t\t\t\t\t\t\t\t\t<figcaption class=\"widget-image-caption wp-caption-text\"><\/figcaption>\n\t\t\t\t\t\t\t\t\t\t<\/figure>\n\t\t\t\t\t\t\t\t\t<\/div>\n\t\t\t\t<\/div>\n\t\t\t\t<div class=\"elementor-element elementor-element-279620b3 elementor-widget elementor-widget-menu-anchor\" data-id=\"279620b3\" data-element_type=\"widget\" data-e-type=\"widget\" data-widget_type=\"menu-anchor.default\">\n\t\t\t\t<div class=\"elementor-widget-container\">\n\t\t\t\t\t\t\t<div class=\"elementor-menu-anchor\" id=\"c3906\"><\/div>\n\t\t\t\t\t\t<\/div>\n\t\t\t\t<\/div>\n\t\t\t\t<div class=\"elementor-element elementor-element-7b2d6467 elementor-widget elementor-widget-text-editor\" data-id=\"7b2d6467\" data-element_type=\"widget\" data-e-type=\"widget\" data-widget_type=\"text-editor.default\">\n\t\t\t\t<div class=\"elementor-widget-container\">\n\t\t\t\t\t\t\t\t\t<p>Finalitzada la visita iniciar\u00e9 el recorregut per l&#8217;interior del recinte hist\u00f2ric.<\/p>\t\t\t\t\t\t\t\t<\/div>\n\t\t\t\t<\/div>\n\t\t\t\t<div class=\"elementor-element elementor-element-19066b45 elementor-widget elementor-widget-heading\" data-id=\"19066b45\" data-element_type=\"widget\" data-e-type=\"widget\" data-widget_type=\"heading.default\">\n\t\t\t\t<div class=\"elementor-widget-container\">\n\t\t\t\t\t<h3 class=\"elementor-heading-title elementor-size-default\">Hospital de l\u2019Ordre de Calatrava<\/h3>\t\t\t\t<\/div>\n\t\t\t\t<\/div>\n\t\t\t\t<div class=\"elementor-element elementor-element-132234da elementor-widget elementor-widget-text-editor\" data-id=\"132234da\" data-element_type=\"widget\" data-e-type=\"widget\" data-widget_type=\"text-editor.default\">\n\t\t\t\t<div class=\"elementor-widget-container\">\n\t\t\t\t\t\t\t\t\t<p>Travesso el <strong>carrer Ejido de Calatrava<\/strong> cap a l&#8217;esquerra, i un primer carrer\u00f3 a m\u00e0 dreta, el <strong>carrer Sima<\/strong>, m&#8217;endinsa per una raconada, en els carrerons d&#8217;arquitectura popular. De la primera cantonada a la dreta surt el <strong>carrer Dominicas<\/strong>. Avan\u00e7ant fins al n\u00ba 8 es troba l&#8217;<strong>Hospital de l&#8217;Ordre de Calatrava<\/strong> (<strong>2<\/strong>), del segle XVIII, datat l&#8217;any 1773 en la inscripci\u00f3 gravada de la porta.<\/p><p>Manat construir com a casa de Miseric\u00f2rdia, probablement sobre un edifici preexistent.<\/p><p>\u00c9s d&#8217;arquitectura popular d&#8217;aparell toled\u00e0 de dues plantes. De planta quadrada, i s&#8217;organitza sobre un pati interior amb columnes i galeria.<\/p>\t\t\t\t\t\t\t\t<\/div>\n\t\t\t\t<\/div>\n\t\t\t\t<div class=\"elementor-element elementor-element-9db5d0f elementor-widget elementor-widget-image\" data-id=\"9db5d0f\" data-element_type=\"widget\" data-e-type=\"widget\" data-widget_type=\"image.default\">\n\t\t\t\t<div class=\"elementor-widget-container\">\n\t\t\t\t\t\t\t\t\t\t\t\t<figure class=\"wp-caption\">\n\t\t\t\t\t\t\t\t\t\t<img loading=\"lazy\" decoding=\"async\" width=\"768\" height=\"511\" src=\"https:\/\/www.elturistatranquil.com\/wp-content\/uploads\/F19-Hospital-de-la-Orden-de-Calatrava-Almagro.jpg\" class=\"attachment-large size-large wp-image-24675\" alt=\"Hospital de la Orden de Calatrava de Almagro\" srcset=\"https:\/\/www.elturistatranquil.com\/wp-content\/uploads\/F19-Hospital-de-la-Orden-de-Calatrava-Almagro.jpg 768w, https:\/\/www.elturistatranquil.com\/wp-content\/uploads\/F19-Hospital-de-la-Orden-de-Calatrava-Almagro-339x226.jpg 339w\" sizes=\"(max-width: 768px) 100vw, 768px\" \/>\t\t\t\t\t\t\t\t\t\t\t<figcaption class=\"widget-image-caption wp-caption-text\"><\/figcaption>\n\t\t\t\t\t\t\t\t\t\t<\/figure>\n\t\t\t\t\t\t\t\t\t<\/div>\n\t\t\t\t<\/div>\n\t\t\t\t<div class=\"elementor-element elementor-element-6fceb7c8 elementor-widget elementor-widget-text-editor\" data-id=\"6fceb7c8\" data-element_type=\"widget\" data-e-type=\"widget\" data-widget_type=\"text-editor.default\">\n\t\t\t\t<div class=\"elementor-widget-container\">\n\t\t\t\t\t\t\t\t\t<p>Una escultura met\u00e0l\u00b7lica de collage representant el Quixot m&#8217;observa des del balc\u00f3, o fa gu\u00e0rdia, no ho s\u00e9 exactament.<\/p>\t\t\t\t\t\t\t\t<\/div>\n\t\t\t\t<\/div>\n\t\t\t\t<div class=\"elementor-element elementor-element-651d95d4 elementor-widget elementor-widget-menu-anchor\" data-id=\"651d95d4\" data-element_type=\"widget\" data-e-type=\"widget\" data-widget_type=\"menu-anchor.default\">\n\t\t\t\t<div class=\"elementor-widget-container\">\n\t\t\t\t\t\t\t<div class=\"elementor-menu-anchor\" id=\"c3907\"><\/div>\n\t\t\t\t\t\t<\/div>\n\t\t\t\t<\/div>\n\t\t\t\t<div class=\"elementor-element elementor-element-663b37c1 elementor-widget elementor-widget-image\" data-id=\"663b37c1\" data-element_type=\"widget\" data-e-type=\"widget\" data-widget_type=\"image.default\">\n\t\t\t\t<div class=\"elementor-widget-container\">\n\t\t\t\t\t\t\t\t\t\t\t\t<figure class=\"wp-caption\">\n\t\t\t\t\t\t\t\t\t\t<img loading=\"lazy\" decoding=\"async\" width=\"768\" height=\"511\" src=\"https:\/\/www.elturistatranquil.com\/wp-content\/uploads\/F20-Hospital-de-la-Orden-de-Calatrava-Almagro.jpg\" class=\"attachment-large size-large wp-image-24677\" alt=\"Hospital de la Orden de Calatrava de Almagro\" srcset=\"https:\/\/www.elturistatranquil.com\/wp-content\/uploads\/F20-Hospital-de-la-Orden-de-Calatrava-Almagro.jpg 768w, https:\/\/www.elturistatranquil.com\/wp-content\/uploads\/F20-Hospital-de-la-Orden-de-Calatrava-Almagro-339x226.jpg 339w\" sizes=\"(max-width: 768px) 100vw, 768px\" \/>\t\t\t\t\t\t\t\t\t\t\t<figcaption class=\"widget-image-caption wp-caption-text\"><\/figcaption>\n\t\t\t\t\t\t\t\t\t\t<\/figure>\n\t\t\t\t\t\t\t\t\t<\/div>\n\t\t\t\t<\/div>\n\t\t\t\t<div class=\"elementor-element elementor-element-4a4909db elementor-widget elementor-widget-heading\" data-id=\"4a4909db\" data-element_type=\"widget\" data-e-type=\"widget\" data-widget_type=\"heading.default\">\n\t\t\t\t<div class=\"elementor-widget-container\">\n\t\t\t\t\t<h3 class=\"elementor-heading-title elementor-size-default\">Convent de la Encarnaci\u00f3n de Dominicas<\/h3>\t\t\t\t<\/div>\n\t\t\t\t<\/div>\n\t\t\t\t<div class=\"elementor-element elementor-element-3880f009 elementor-widget elementor-widget-text-editor\" data-id=\"3880f009\" data-element_type=\"widget\" data-e-type=\"widget\" data-widget_type=\"text-editor.default\">\n\t\t\t\t<div class=\"elementor-widget-container\">\n\t\t\t\t\t\t\t\t\t<p>En la seg\u00fcent cantonada amb el <strong>carrer Diego de Almagro<\/strong>, apareix el gran l&#8217;absis de l&#8217; <strong>Esgl\u00e9sia del Convent de la Encarnaci\u00f3n de Dominicas<\/strong> (<strong>3<\/strong>). El Convent va ser fundat en 1571 com a regal de don Diego de Lucena i la seva dona donya Juana Guti\u00e9rrez al seu poble. L&#8217;Esgl\u00e9sia es va acabar de construir el 1597.<\/p>\t\t\t\t\t\t\t\t<\/div>\n\t\t\t\t<\/div>\n\t\t\t\t<div class=\"elementor-element elementor-element-3c4c830f elementor-widget elementor-widget-image\" data-id=\"3c4c830f\" data-element_type=\"widget\" data-e-type=\"widget\" data-widget_type=\"image.default\">\n\t\t\t\t<div class=\"elementor-widget-container\">\n\t\t\t\t\t\t\t\t\t\t\t\t<figure class=\"wp-caption\">\n\t\t\t\t\t\t\t\t\t\t<img loading=\"lazy\" decoding=\"async\" width=\"768\" height=\"511\" src=\"https:\/\/www.elturistatranquil.com\/wp-content\/uploads\/F21-Convento-de-la-Encarnaci\u00f3n-de-Dominicas-Almago.jpg\" class=\"attachment-large size-large wp-image-24679\" alt=\"Convento de la Encarnaci\u00f3n de Dominicas de Almagro\" srcset=\"https:\/\/www.elturistatranquil.com\/wp-content\/uploads\/F21-Convento-de-la-Encarnaci\u00f3n-de-Dominicas-Almago.jpg 768w, https:\/\/www.elturistatranquil.com\/wp-content\/uploads\/F21-Convento-de-la-Encarnaci\u00f3n-de-Dominicas-Almago-339x226.jpg 339w\" sizes=\"(max-width: 768px) 100vw, 768px\" \/>\t\t\t\t\t\t\t\t\t\t\t<figcaption class=\"widget-image-caption wp-caption-text\"><\/figcaption>\n\t\t\t\t\t\t\t\t\t\t<\/figure>\n\t\t\t\t\t\t\t\t\t<\/div>\n\t\t\t\t<\/div>\n\t\t\t\t<div class=\"elementor-element elementor-element-658b2080 elementor-widget elementor-widget-text-editor\" data-id=\"658b2080\" data-element_type=\"widget\" data-e-type=\"widget\" data-widget_type=\"text-editor.default\">\n\t\t\t\t<div class=\"elementor-widget-container\">\n\t\t\t\t\t\t\t\t\t<p>L&#8217;arquitectura \u00e9s austera, i sobre una simple portada de mig punt, nom\u00e9s destaca l&#8217;escut dels comtes de Valdepara\u00edso i marquesos de A\u00f1avate, que van ser els patrons que van ajudar a acabar-la.<\/p>\t\t\t\t\t\t\t\t<\/div>\n\t\t\t\t<\/div>\n\t\t\t\t<div class=\"elementor-element elementor-element-53cd6a41 elementor-widget elementor-widget-menu-anchor\" data-id=\"53cd6a41\" data-element_type=\"widget\" data-e-type=\"widget\" data-widget_type=\"menu-anchor.default\">\n\t\t\t\t<div class=\"elementor-widget-container\">\n\t\t\t\t\t\t\t<div class=\"elementor-menu-anchor\" id=\"c3908\"><\/div>\n\t\t\t\t\t\t<\/div>\n\t\t\t\t<\/div>\n\t\t\t\t<div class=\"elementor-element elementor-element-7cda8d7d elementor-widget elementor-widget-image\" data-id=\"7cda8d7d\" data-element_type=\"widget\" data-e-type=\"widget\" data-widget_type=\"image.default\">\n\t\t\t\t<div class=\"elementor-widget-container\">\n\t\t\t\t\t\t\t\t\t\t\t\t<figure class=\"wp-caption\">\n\t\t\t\t\t\t\t\t\t\t<img loading=\"lazy\" decoding=\"async\" width=\"366\" height=\"550\" src=\"https:\/\/www.elturistatranquil.com\/wp-content\/uploads\/F22-Convento-de-la-Encarnaci\u00f3n-de-Dominicas-Almago.jpg\" class=\"attachment-large size-large wp-image-24681\" alt=\"Convento de la Encarnaci\u00f3n de Dominicas de Almagro\" srcset=\"https:\/\/www.elturistatranquil.com\/wp-content\/uploads\/F22-Convento-de-la-Encarnaci\u00f3n-de-Dominicas-Almago.jpg 366w, https:\/\/www.elturistatranquil.com\/wp-content\/uploads\/F22-Convento-de-la-Encarnaci\u00f3n-de-Dominicas-Almago-150x226.jpg 150w\" sizes=\"(max-width: 366px) 100vw, 366px\" \/>\t\t\t\t\t\t\t\t\t\t\t<figcaption class=\"widget-image-caption wp-caption-text\"><\/figcaption>\n\t\t\t\t\t\t\t\t\t\t<\/figure>\n\t\t\t\t\t\t\t\t\t<\/div>\n\t\t\t\t<\/div>\n\t\t\t\t<div class=\"elementor-element elementor-element-50c04739 elementor-widget elementor-widget-heading\" data-id=\"50c04739\" data-element_type=\"widget\" data-e-type=\"widget\" data-widget_type=\"heading.default\">\n\t\t\t\t<div class=\"elementor-widget-container\">\n\t\t\t\t\t<h3 class=\"elementor-heading-title elementor-size-default\">Esgl\u00e9sia de la Madre de Dios<\/h3>\t\t\t\t<\/div>\n\t\t\t\t<\/div>\n\t\t\t\t<div class=\"elementor-element elementor-element-2c9f2d69 elementor-widget elementor-widget-text-editor\" data-id=\"2c9f2d69\" data-element_type=\"widget\" data-e-type=\"widget\" data-widget_type=\"text-editor.default\">\n\t\t\t\t<div class=\"elementor-widget-container\">\n\t\t\t\t\t\t\t\t\t<p>En la seg\u00fcent illa del carrer Diego de Almagro, i ve\u00efna al convent de les Dominiques, s&#8217;al\u00e7a l&#8217;<strong>Esgl\u00e9sia Parroquial de Madre de Dios<\/strong> (<strong>4<\/strong>).<\/p><p>Edifici tardog\u00f2tic iniciat en 1546, i probablement acabat en 1602, projectat perqu\u00e8 l&#8217;Esgl\u00e9sia parroquial, que es trobava a la Pla\u00e7a Major, havia quedat petita davant l&#8217;increment de la poblaci\u00f3.<\/p><p>En el finan\u00e7ament de l&#8217;obra va intervenir una donaci\u00f3 testament\u00e0ria del senyor Diego de Almagro des de Cuzco, al Virregnat del Per\u00fa.<\/p>\t\t\t\t\t\t\t\t<\/div>\n\t\t\t\t<\/div>\n\t\t\t\t<div class=\"elementor-element elementor-element-44b24b89 elementor-widget elementor-widget-image\" data-id=\"44b24b89\" data-element_type=\"widget\" data-e-type=\"widget\" data-widget_type=\"image.default\">\n\t\t\t\t<div class=\"elementor-widget-container\">\n\t\t\t\t\t\t\t\t\t\t\t\t<figure class=\"wp-caption\">\n\t\t\t\t\t\t\t\t\t\t<img loading=\"lazy\" decoding=\"async\" width=\"768\" height=\"511\" src=\"https:\/\/www.elturistatranquil.com\/wp-content\/uploads\/F23-Iglesia-de-la-Madre-de-Dios-Almagro.jpg\" class=\"attachment-large size-large wp-image-24683\" alt=\"Iglesia de la Madre de Dios de Almagro\" srcset=\"https:\/\/www.elturistatranquil.com\/wp-content\/uploads\/F23-Iglesia-de-la-Madre-de-Dios-Almagro.jpg 768w, https:\/\/www.elturistatranquil.com\/wp-content\/uploads\/F23-Iglesia-de-la-Madre-de-Dios-Almagro-339x226.jpg 339w\" sizes=\"(max-width: 768px) 100vw, 768px\" \/>\t\t\t\t\t\t\t\t\t\t\t<figcaption class=\"widget-image-caption wp-caption-text\"><\/figcaption>\n\t\t\t\t\t\t\t\t\t\t<\/figure>\n\t\t\t\t\t\t\t\t\t<\/div>\n\t\t\t\t<\/div>\n\t\t\t\t<div class=\"elementor-element elementor-element-260cc8b6 elementor-widget elementor-widget-text-editor\" data-id=\"260cc8b6\" data-element_type=\"widget\" data-e-type=\"widget\" data-widget_type=\"text-editor.default\">\n\t\t\t\t<div class=\"elementor-widget-container\">\n\t\t\t\t\t\t\t\t\t<p>Costat de l&#8217;evangeli, amb contraforts del segle XVIII, com tamb\u00e9 en el costat de l&#8217;ep\u00edstola.<\/p>\t\t\t\t\t\t\t\t<\/div>\n\t\t\t\t<\/div>\n\t\t\t\t<div class=\"elementor-element elementor-element-31b3c17d elementor-widget elementor-widget-image\" data-id=\"31b3c17d\" data-element_type=\"widget\" data-e-type=\"widget\" data-widget_type=\"image.default\">\n\t\t\t\t<div class=\"elementor-widget-container\">\n\t\t\t\t\t\t\t\t\t\t\t\t<figure class=\"wp-caption\">\n\t\t\t\t\t\t\t\t\t\t<img loading=\"lazy\" decoding=\"async\" width=\"768\" height=\"511\" src=\"https:\/\/www.elturistatranquil.com\/wp-content\/uploads\/F24-Iglesia-de-la-Madre-de-Dios-Almagro.jpg\" class=\"attachment-large size-large wp-image-24685\" alt=\"Iglesia de la Madre de Dios de Almagro\" srcset=\"https:\/\/www.elturistatranquil.com\/wp-content\/uploads\/F24-Iglesia-de-la-Madre-de-Dios-Almagro.jpg 768w, https:\/\/www.elturistatranquil.com\/wp-content\/uploads\/F24-Iglesia-de-la-Madre-de-Dios-Almagro-339x226.jpg 339w\" sizes=\"(max-width: 768px) 100vw, 768px\" \/>\t\t\t\t\t\t\t\t\t\t\t<figcaption class=\"widget-image-caption wp-caption-text\"><\/figcaption>\n\t\t\t\t\t\t\t\t\t\t<\/figure>\n\t\t\t\t\t\t\t\t\t<\/div>\n\t\t\t\t<\/div>\n\t\t\t\t<div class=\"elementor-element elementor-element-319fa62b elementor-widget elementor-widget-text-editor\" data-id=\"319fa62b\" data-element_type=\"widget\" data-e-type=\"widget\" data-widget_type=\"text-editor.default\">\n\t\t\t\t<div class=\"elementor-widget-container\">\n\t\t\t\t\t\t\t\t\t<p>L&#8217;absis pentagonal a la nau central i dos absis de tres costats a les naus laterals es troben parcialment tapats per la sagristia.<\/p>\t\t\t\t\t\t\t\t<\/div>\n\t\t\t\t<\/div>\n\t\t\t\t<div class=\"elementor-element elementor-element-3cab45b4 elementor-widget elementor-widget-image\" data-id=\"3cab45b4\" data-element_type=\"widget\" data-e-type=\"widget\" data-widget_type=\"image.default\">\n\t\t\t\t<div class=\"elementor-widget-container\">\n\t\t\t\t\t\t\t\t\t\t\t\t<figure class=\"wp-caption\">\n\t\t\t\t\t\t\t\t\t\t<img loading=\"lazy\" decoding=\"async\" width=\"768\" height=\"511\" src=\"https:\/\/www.elturistatranquil.com\/wp-content\/uploads\/F25-Iglesia-de-la-Madre-de-Dios-Almagro.jpg\" class=\"attachment-large size-large wp-image-24687\" alt=\"Iglesia de la Madre de Dios de Almagro\" srcset=\"https:\/\/www.elturistatranquil.com\/wp-content\/uploads\/F25-Iglesia-de-la-Madre-de-Dios-Almagro.jpg 768w, https:\/\/www.elturistatranquil.com\/wp-content\/uploads\/F25-Iglesia-de-la-Madre-de-Dios-Almagro-339x226.jpg 339w\" sizes=\"(max-width: 768px) 100vw, 768px\" \/>\t\t\t\t\t\t\t\t\t\t\t<figcaption class=\"widget-image-caption wp-caption-text\"><\/figcaption>\n\t\t\t\t\t\t\t\t\t\t<\/figure>\n\t\t\t\t\t\t\t\t\t<\/div>\n\t\t\t\t<\/div>\n\t\t\t\t<div class=\"elementor-element elementor-element-261f775 elementor-widget elementor-widget-text-editor\" data-id=\"261f775\" data-element_type=\"widget\" data-e-type=\"widget\" data-widget_type=\"text-editor.default\">\n\t\t\t\t<div class=\"elementor-widget-container\">\n\t\t\t\t\t\t\t\t\t<p>A cada costat es troben una portada d&#8217;estil herreri\u00e0 amb arcs de mig punt.<\/p>\t\t\t\t\t\t\t\t<\/div>\n\t\t\t\t<\/div>\n\t\t\t\t<div class=\"elementor-element elementor-element-7d4f4713 elementor-widget elementor-widget-image\" data-id=\"7d4f4713\" data-element_type=\"widget\" data-e-type=\"widget\" data-widget_type=\"image.default\">\n\t\t\t\t<div class=\"elementor-widget-container\">\n\t\t\t\t\t\t\t\t\t\t\t\t<figure class=\"wp-caption\">\n\t\t\t\t\t\t\t\t\t\t<img loading=\"lazy\" decoding=\"async\" width=\"768\" height=\"511\" src=\"https:\/\/www.elturistatranquil.com\/wp-content\/uploads\/F26-Iglesia-de-la-Madre-de-Dios-Almagro.jpg\" class=\"attachment-large size-large wp-image-24689\" alt=\"Iglesia de la Madre de Dios de Almagro\" srcset=\"https:\/\/www.elturistatranquil.com\/wp-content\/uploads\/F26-Iglesia-de-la-Madre-de-Dios-Almagro.jpg 768w, https:\/\/www.elturistatranquil.com\/wp-content\/uploads\/F26-Iglesia-de-la-Madre-de-Dios-Almagro-339x226.jpg 339w\" sizes=\"(max-width: 768px) 100vw, 768px\" \/>\t\t\t\t\t\t\t\t\t\t\t<figcaption class=\"widget-image-caption wp-caption-text\"><\/figcaption>\n\t\t\t\t\t\t\t\t\t\t<\/figure>\n\t\t\t\t\t\t\t\t\t<\/div>\n\t\t\t\t<\/div>\n\t\t\t\t<div class=\"elementor-element elementor-element-35ede77a elementor-widget elementor-widget-text-editor\" data-id=\"35ede77a\" data-element_type=\"widget\" data-e-type=\"widget\" data-widget_type=\"text-editor.default\">\n\t\t\t\t<div class=\"elementor-widget-container\">\n\t\t\t\t\t\t\t\t\t<p>L&#8217;entrada del costat de l&#8217;ep\u00edstola est\u00e0 tapiada.<\/p>\t\t\t\t\t\t\t\t<\/div>\n\t\t\t\t<\/div>\n\t\t\t\t<div class=\"elementor-element elementor-element-26fa8563 elementor-widget elementor-widget-menu-anchor\" data-id=\"26fa8563\" data-element_type=\"widget\" data-e-type=\"widget\" data-widget_type=\"menu-anchor.default\">\n\t\t\t\t<div class=\"elementor-widget-container\">\n\t\t\t\t\t\t\t<div class=\"elementor-menu-anchor\" id=\"c3909\"><\/div>\n\t\t\t\t\t\t<\/div>\n\t\t\t\t<\/div>\n\t\t\t\t<div class=\"elementor-element elementor-element-1c587475 elementor-widget elementor-widget-image\" data-id=\"1c587475\" data-element_type=\"widget\" data-e-type=\"widget\" data-widget_type=\"image.default\">\n\t\t\t\t<div class=\"elementor-widget-container\">\n\t\t\t\t\t\t\t\t\t\t\t\t<figure class=\"wp-caption\">\n\t\t\t\t\t\t\t\t\t\t<img loading=\"lazy\" decoding=\"async\" width=\"768\" height=\"511\" src=\"https:\/\/www.elturistatranquil.com\/wp-content\/uploads\/F27-Iglesia-de-la-Madre-de-Dios-Almagro.jpg\" class=\"attachment-large size-large wp-image-24691\" alt=\"Iglesia de la Madre de Dios de Almagro\" srcset=\"https:\/\/www.elturistatranquil.com\/wp-content\/uploads\/F27-Iglesia-de-la-Madre-de-Dios-Almagro.jpg 768w, https:\/\/www.elturistatranquil.com\/wp-content\/uploads\/F27-Iglesia-de-la-Madre-de-Dios-Almagro-339x226.jpg 339w\" sizes=\"(max-width: 768px) 100vw, 768px\" \/>\t\t\t\t\t\t\t\t\t\t\t<figcaption class=\"widget-image-caption wp-caption-text\"><\/figcaption>\n\t\t\t\t\t\t\t\t\t\t<\/figure>\n\t\t\t\t\t\t\t\t\t<\/div>\n\t\t\t\t<\/div>\n\t\t\t\t<div class=\"elementor-element elementor-element-5df2ae4c elementor-widget elementor-widget-heading\" data-id=\"5df2ae4c\" data-element_type=\"widget\" data-e-type=\"widget\" data-widget_type=\"heading.default\">\n\t\t\t\t<div class=\"elementor-widget-container\">\n\t\t\t\t\t<h3 class=\"elementor-heading-title elementor-size-default\">Convent del Sant\u00edsimo Sacramento. Esgl\u00e9sia de San Agust\u00edn<\/h3>\t\t\t\t<\/div>\n\t\t\t\t<\/div>\n\t\t\t\t<div class=\"elementor-element elementor-element-46072ccb elementor-widget elementor-widget-text-editor\" data-id=\"46072ccb\" data-element_type=\"widget\" data-e-type=\"widget\" data-widget_type=\"text-editor.default\">\n\t\t\t\t<div class=\"elementor-widget-container\">\n\t\t\t\t\t\t\t\t\t<p>A la cantonada, cap a l&#8217;esquerra entro al <strong>carrer Feria<\/strong>. A l&#8217;altre extrem, el lateral dret correspon al mur sud del <strong>Convent del Sant\u00edsimo Sacramento<\/strong>, amb l&#8217;<strong>Esgl\u00e9sia de San Agust\u00edn<\/strong>. Mentre que l&#8217;edifici de la cantonada esquerra correspon a l&#8217;Ajuntament, i quan arribem a ella visualitzarem la Pla\u00e7a Major.<\/p><p>Primer va entrar a l\u2019<strong>Esgl\u00e9sia de San Agust\u00edn<\/strong> (<strong>5<\/strong>) per la portada de ponent que d\u00f3na al <strong>carrer San Agust\u00edn<\/strong>.<\/p><p>Del Convent es va salvar l&#8217;Esgl\u00e9sia, que en els \u00faltims anys s&#8217;han restaurat les pintures de l&#8217;interior en tot els possible, sent declarada <em>B\u00e9 d&#8217;Inter\u00e8s Cultural<\/em> en 1993.<\/p><p>Va ser la resid\u00e8ncia dels monjos Agustins Recoletos que es van introduir a Almagro en 1635 per voluntat de la fam\u00edlia Figueroa, tot i les dificultats que sembla que van oposar Jesu\u00eftes i Dominics. Les obres van durar fins a la primera meitat del segle XVIII. Segons la hist\u00f2ria, el plets, especialment amb la Companyia de Jes\u00fas, van consumir la major part del llegat.<\/p><p>Amb la desamortitzaci\u00f3 el 1843 es va subhastar l&#8217;edifici. Els compradors van iniciar r\u00e0pidament la demolici\u00f3 del Convent. Va provocar la indignaci\u00f3 dels ve\u00efns que van decidir comprar l&#8217;Esgl\u00e9sia mitjan\u00e7ant subscripci\u00f3 p\u00fablica.<\/p><p>L&#8217;obra \u00e9s de ma\u00f3 i ma\u00e7oneria, amb una portada neocl\u00e0ssica. La porta de l&#8217;esquerra corresponia a la entra al Convent, que \u00e9s l&#8217;\u00fanic que es conserva.<\/p>\t\t\t\t\t\t\t\t<\/div>\n\t\t\t\t<\/div>\n\t\t\t\t<section class=\"elementor-section elementor-inner-section elementor-element elementor-element-5db70376 elementor-section-boxed elementor-section-height-default elementor-section-height-default\" data-id=\"5db70376\" data-element_type=\"section\" data-e-type=\"section\">\n\t\t\t\t\t\t<div class=\"elementor-container elementor-column-gap-default\">\n\t\t\t\t\t<div class=\"elementor-column elementor-col-50 elementor-inner-column elementor-element elementor-element-5a194705\" data-id=\"5a194705\" data-element_type=\"column\" data-e-type=\"column\">\n\t\t\t<div class=\"elementor-widget-wrap elementor-element-populated\">\n\t\t\t\t\t\t<div class=\"elementor-element elementor-element-4a8cb0de elementor-widget elementor-widget-image\" data-id=\"4a8cb0de\" data-element_type=\"widget\" data-e-type=\"widget\" data-widget_type=\"image.default\">\n\t\t\t\t<div class=\"elementor-widget-container\">\n\t\t\t\t\t\t\t\t\t\t\t\t\t\t\t<img loading=\"lazy\" decoding=\"async\" width=\"366\" height=\"550\" src=\"https:\/\/www.elturistatranquil.com\/wp-content\/uploads\/F28m-Iglesia-de-San-Agustin-de-Almagro.jpg\" class=\"attachment-large size-large wp-image-24693\" alt=\"Iglesia de San Agustin de Almagro\" srcset=\"https:\/\/www.elturistatranquil.com\/wp-content\/uploads\/F28m-Iglesia-de-San-Agustin-de-Almagro.jpg 366w, https:\/\/www.elturistatranquil.com\/wp-content\/uploads\/F28m-Iglesia-de-San-Agustin-de-Almagro-150x226.jpg 150w\" sizes=\"(max-width: 366px) 100vw, 366px\" \/>\t\t\t\t\t\t\t\t\t\t\t\t\t\t\t<\/div>\n\t\t\t\t<\/div>\n\t\t\t\t\t<\/div>\n\t\t<\/div>\n\t\t\t\t<div class=\"elementor-column elementor-col-50 elementor-inner-column elementor-element elementor-element-1562087c\" data-id=\"1562087c\" data-element_type=\"column\" data-e-type=\"column\">\n\t\t\t<div class=\"elementor-widget-wrap elementor-element-populated\">\n\t\t\t\t\t\t<div class=\"elementor-element elementor-element-112c5f94 elementor-widget elementor-widget-image\" data-id=\"112c5f94\" data-element_type=\"widget\" data-e-type=\"widget\" data-widget_type=\"image.default\">\n\t\t\t\t<div class=\"elementor-widget-container\">\n\t\t\t\t\t\t\t\t\t\t\t\t\t\t\t<img loading=\"lazy\" decoding=\"async\" width=\"366\" height=\"550\" src=\"https:\/\/www.elturistatranquil.com\/wp-content\/uploads\/F28n-Iglesia-de-San-Agustin-Almagro.jpg\" class=\"attachment-large size-large wp-image-24695\" alt=\"Iglesia de San Agustin de Almagro\" srcset=\"https:\/\/www.elturistatranquil.com\/wp-content\/uploads\/F28n-Iglesia-de-San-Agustin-Almagro.jpg 366w, https:\/\/www.elturistatranquil.com\/wp-content\/uploads\/F28n-Iglesia-de-San-Agustin-Almagro-150x226.jpg 150w\" sizes=\"(max-width: 366px) 100vw, 366px\" \/>\t\t\t\t\t\t\t\t\t\t\t\t\t\t\t<\/div>\n\t\t\t\t<\/div>\n\t\t\t\t\t<\/div>\n\t\t<\/div>\n\t\t\t\t\t<\/div>\n\t\t<\/section>\n\t\t\t\t<div class=\"elementor-element elementor-element-662a7d30 elementor-widget elementor-widget-text-editor\" data-id=\"662a7d30\" data-element_type=\"widget\" data-e-type=\"widget\" data-widget_type=\"text-editor.default\">\n\t\t\t\t<div class=\"elementor-widget-container\">\n\t\t\t\t\t\t\t\t\t<p>\u00a0<\/p><p>L&#8217;Esgl\u00e9sia de San Agust\u00edn \u00e9s de grans dimensions, amb forma de creu llatina i dues naus laterals amb tribunes en una planta superior.<\/p>\t\t\t\t\t\t\t\t<\/div>\n\t\t\t\t<\/div>\n\t\t\t\t<div class=\"elementor-element elementor-element-4dabd22f elementor-widget elementor-widget-image\" data-id=\"4dabd22f\" data-element_type=\"widget\" data-e-type=\"widget\" data-widget_type=\"image.default\">\n\t\t\t\t<div class=\"elementor-widget-container\">\n\t\t\t\t\t\t\t\t\t\t\t\t<figure class=\"wp-caption\">\n\t\t\t\t\t\t\t\t\t\t<img loading=\"lazy\" decoding=\"async\" width=\"768\" height=\"512\" src=\"https:\/\/www.elturistatranquil.com\/wp-content\/uploads\/F29-Iglesia-de-San-Agustin-Almagro.jpg\" class=\"attachment-large size-large wp-image-24697\" alt=\"Iglesia de San Agustin de Almagro\" srcset=\"https:\/\/www.elturistatranquil.com\/wp-content\/uploads\/F29-Iglesia-de-San-Agustin-Almagro.jpg 768w, https:\/\/www.elturistatranquil.com\/wp-content\/uploads\/F29-Iglesia-de-San-Agustin-Almagro-339x226.jpg 339w\" sizes=\"(max-width: 768px) 100vw, 768px\" \/>\t\t\t\t\t\t\t\t\t\t\t<figcaption class=\"widget-image-caption wp-caption-text\"><\/figcaption>\n\t\t\t\t\t\t\t\t\t\t<\/figure>\n\t\t\t\t\t\t\t\t\t<\/div>\n\t\t\t\t<\/div>\n\t\t\t\t<div class=\"elementor-element elementor-element-3b94ad89 elementor-widget elementor-widget-text-editor\" data-id=\"3b94ad89\" data-element_type=\"widget\" data-e-type=\"widget\" data-widget_type=\"text-editor.default\">\n\t\t\t\t<div class=\"elementor-widget-container\">\n\t\t\t\t\t\t\t\t\t<p>La forma com s&#8217;accedeix actualment al temple \u00e9s una mica teatral. I efectista.<\/p><p>A l&#8217;entrada un cubicle de control i venda d&#8217;entrades i unes cortines no deixa veure l&#8217;interior. Passat el control travesses aquesta esp\u00e8cie de tel\u00f3 i apareixen, de manera sorprenent, les pintures amb les que est\u00e0 decorat l&#8217;interior. \u00c9s un bon cop d&#8217;efecte.<\/p><p>La decoraci\u00f3 pict\u00f2rica mural que cobreix el temple \u00e9s l&#8217;element m\u00e9s important.<\/p><p>L&#8217;absis \u00e9s de testera pla, amb cambril.<\/p>\t\t\t\t\t\t\t\t<\/div>\n\t\t\t\t<\/div>\n\t\t\t\t<div class=\"elementor-element elementor-element-6b4cecb9 elementor-widget elementor-widget-image\" data-id=\"6b4cecb9\" data-element_type=\"widget\" data-e-type=\"widget\" data-widget_type=\"image.default\">\n\t\t\t\t<div class=\"elementor-widget-container\">\n\t\t\t\t\t\t\t\t\t\t\t\t<figure class=\"wp-caption\">\n\t\t\t\t\t\t\t\t\t\t<img loading=\"lazy\" decoding=\"async\" width=\"768\" height=\"511\" src=\"https:\/\/www.elturistatranquil.com\/wp-content\/uploads\/F30-Iglesia-de-San-Agustin-Almagro.jpg\" class=\"attachment-large size-large wp-image-24699\" alt=\"Iglesia de San Agustin de Almagro\" srcset=\"https:\/\/www.elturistatranquil.com\/wp-content\/uploads\/F30-Iglesia-de-San-Agustin-Almagro.jpg 768w, https:\/\/www.elturistatranquil.com\/wp-content\/uploads\/F30-Iglesia-de-San-Agustin-Almagro-339x226.jpg 339w\" sizes=\"(max-width: 768px) 100vw, 768px\" \/>\t\t\t\t\t\t\t\t\t\t\t<figcaption class=\"widget-image-caption wp-caption-text\"><\/figcaption>\n\t\t\t\t\t\t\t\t\t\t<\/figure>\n\t\t\t\t\t\t\t\t\t<\/div>\n\t\t\t\t<\/div>\n\t\t\t\t<div class=\"elementor-element elementor-element-6e62eaaa elementor-widget elementor-widget-text-editor\" data-id=\"6e62eaaa\" data-element_type=\"widget\" data-e-type=\"widget\" data-widget_type=\"text-editor.default\">\n\t\t\t\t<div class=\"elementor-widget-container\">\n\t\t\t\t\t\t\t\t\t<p>Als peus de la nau el cor alt sobre arcs carpanell.<\/p>\t\t\t\t\t\t\t\t<\/div>\n\t\t\t\t<\/div>\n\t\t\t\t<div class=\"elementor-element elementor-element-5c749ec1 elementor-widget elementor-widget-image\" data-id=\"5c749ec1\" data-element_type=\"widget\" data-e-type=\"widget\" data-widget_type=\"image.default\">\n\t\t\t\t<div class=\"elementor-widget-container\">\n\t\t\t\t\t\t\t\t\t\t\t\t<figure class=\"wp-caption\">\n\t\t\t\t\t\t\t\t\t\t<img loading=\"lazy\" decoding=\"async\" width=\"366\" height=\"550\" src=\"https:\/\/www.elturistatranquil.com\/wp-content\/uploads\/F31-Iglesia-de-San-Agustin-Almagro.jpg\" class=\"attachment-large size-large wp-image-24701\" alt=\"Iglesia de San Agustin de Almagro\" srcset=\"https:\/\/www.elturistatranquil.com\/wp-content\/uploads\/F31-Iglesia-de-San-Agustin-Almagro.jpg 366w, https:\/\/www.elturistatranquil.com\/wp-content\/uploads\/F31-Iglesia-de-San-Agustin-Almagro-150x226.jpg 150w\" sizes=\"(max-width: 366px) 100vw, 366px\" \/>\t\t\t\t\t\t\t\t\t\t\t<figcaption class=\"widget-image-caption wp-caption-text\"><\/figcaption>\n\t\t\t\t\t\t\t\t\t\t<\/figure>\n\t\t\t\t\t\t\t\t\t<\/div>\n\t\t\t\t<\/div>\n\t\t\t\t<div class=\"elementor-element elementor-element-7b74c5a5 elementor-widget elementor-widget-image\" data-id=\"7b74c5a5\" data-element_type=\"widget\" data-e-type=\"widget\" data-widget_type=\"image.default\">\n\t\t\t\t<div class=\"elementor-widget-container\">\n\t\t\t\t\t\t\t\t\t\t\t\t<figure class=\"wp-caption\">\n\t\t\t\t\t\t\t\t\t\t<img loading=\"lazy\" decoding=\"async\" width=\"768\" height=\"511\" src=\"https:\/\/www.elturistatranquil.com\/wp-content\/uploads\/F32-Iglesia-de-San-Agustin-Almagro.jpg\" class=\"attachment-large size-large wp-image-24703\" alt=\"Iglesia de San Agustin de Almagro\" srcset=\"https:\/\/www.elturistatranquil.com\/wp-content\/uploads\/F32-Iglesia-de-San-Agustin-Almagro.jpg 768w, https:\/\/www.elturistatranquil.com\/wp-content\/uploads\/F32-Iglesia-de-San-Agustin-Almagro-339x226.jpg 339w\" sizes=\"(max-width: 768px) 100vw, 768px\" \/>\t\t\t\t\t\t\t\t\t\t\t<figcaption class=\"widget-image-caption wp-caption-text\"><\/figcaption>\n\t\t\t\t\t\t\t\t\t\t<\/figure>\n\t\t\t\t\t\t\t\t\t<\/div>\n\t\t\t\t<\/div>\n\t\t\t\t<div class=\"elementor-element elementor-element-7b239e9e elementor-widget elementor-widget-text-editor\" data-id=\"7b239e9e\" data-element_type=\"widget\" data-e-type=\"widget\" data-widget_type=\"text-editor.default\">\n\t\t\t\t<div class=\"elementor-widget-container\">\n\t\t\t\t\t\t\t\t\t<p>En el creuer una c\u00fapula de mitja esfera.<\/p>\t\t\t\t\t\t\t\t<\/div>\n\t\t\t\t<\/div>\n\t\t\t\t<div class=\"elementor-element elementor-element-4ac0b288 elementor-widget elementor-widget-image\" data-id=\"4ac0b288\" data-element_type=\"widget\" data-e-type=\"widget\" data-widget_type=\"image.default\">\n\t\t\t\t<div class=\"elementor-widget-container\">\n\t\t\t\t\t\t\t\t\t\t\t\t<figure class=\"wp-caption\">\n\t\t\t\t\t\t\t\t\t\t<img loading=\"lazy\" decoding=\"async\" width=\"768\" height=\"511\" src=\"https:\/\/www.elturistatranquil.com\/wp-content\/uploads\/F33-Iglesia-de-San-Agustin-Almagro.jpg\" class=\"attachment-large size-large wp-image-24705\" alt=\"Iglesia de San Agustin de Almagro\" srcset=\"https:\/\/www.elturistatranquil.com\/wp-content\/uploads\/F33-Iglesia-de-San-Agustin-Almagro.jpg 768w, https:\/\/www.elturistatranquil.com\/wp-content\/uploads\/F33-Iglesia-de-San-Agustin-Almagro-339x226.jpg 339w\" sizes=\"(max-width: 768px) 100vw, 768px\" \/>\t\t\t\t\t\t\t\t\t\t\t<figcaption class=\"widget-image-caption wp-caption-text\"><\/figcaption>\n\t\t\t\t\t\t\t\t\t\t<\/figure>\n\t\t\t\t\t\t\t\t\t<\/div>\n\t\t\t\t<\/div>\n\t\t\t\t<div class=\"elementor-element elementor-element-3349b771 elementor-widget elementor-widget-text-editor\" data-id=\"3349b771\" data-element_type=\"widget\" data-e-type=\"widget\" data-widget_type=\"text-editor.default\">\n\t\t\t\t<div class=\"elementor-widget-container\">\n\t\t\t\t\t\t\t\t\t<p>Les pintures estan datades a principis del segle XVIII, d&#8217;autor desconegut, per\u00f2 probablement d\u2019un frare agust\u00ed.<\/p><p>El programa pict\u00f2ric tracta quatre temes: La Mare de D\u00e9u, l&#8217;Eucaristia, L&#8217;Ordre Agustiniana i la vida de Sant Agust\u00ed. La seva realitzaci\u00f3 utilitza dues t\u00e8cniques: la pintura al tremp sobre el mur i l&#8217;oli sobre llen\u00e7 que un cop realitzat s&#8217;enganxa als murs.<\/p><p>\u00c9s un dels exemples m\u00e9s importants d&#8217;estil contrareformista barroc de Castella-La Manxa.<\/p>\t\t\t\t\t\t\t\t<\/div>\n\t\t\t\t<\/div>\n\t\t\t\t<div class=\"elementor-element elementor-element-7f8bfd58 elementor-widget elementor-widget-image\" data-id=\"7f8bfd58\" data-element_type=\"widget\" data-e-type=\"widget\" data-widget_type=\"image.default\">\n\t\t\t\t<div class=\"elementor-widget-container\">\n\t\t\t\t\t\t\t\t\t\t\t\t<figure class=\"wp-caption\">\n\t\t\t\t\t\t\t\t\t\t<img loading=\"lazy\" decoding=\"async\" width=\"768\" height=\"511\" src=\"https:\/\/www.elturistatranquil.com\/wp-content\/uploads\/F34-Iglesia-de-San-Agustin-Almagro.jpg\" class=\"attachment-large size-large wp-image-24707\" alt=\"Iglesia de San Agustin de Almagro\" srcset=\"https:\/\/www.elturistatranquil.com\/wp-content\/uploads\/F34-Iglesia-de-San-Agustin-Almagro.jpg 768w, https:\/\/www.elturistatranquil.com\/wp-content\/uploads\/F34-Iglesia-de-San-Agustin-Almagro-339x226.jpg 339w\" sizes=\"(max-width: 768px) 100vw, 768px\" \/>\t\t\t\t\t\t\t\t\t\t\t<figcaption class=\"widget-image-caption wp-caption-text\"><\/figcaption>\n\t\t\t\t\t\t\t\t\t\t<\/figure>\n\t\t\t\t\t\t\t\t\t<\/div>\n\t\t\t\t<\/div>\n\t\t\t\t<div class=\"elementor-element elementor-element-480fd007 elementor-widget elementor-widget-image\" data-id=\"480fd007\" data-element_type=\"widget\" data-e-type=\"widget\" data-widget_type=\"image.default\">\n\t\t\t\t<div class=\"elementor-widget-container\">\n\t\t\t\t\t\t\t\t\t\t\t\t<figure class=\"wp-caption\">\n\t\t\t\t\t\t\t\t\t\t<img loading=\"lazy\" decoding=\"async\" width=\"768\" height=\"511\" src=\"https:\/\/www.elturistatranquil.com\/wp-content\/uploads\/F35-Iglesia-de-San-Agustin-Almagro.jpg\" class=\"attachment-large size-large wp-image-24709\" alt=\"Iglesia de San Agustin de Almagro\" srcset=\"https:\/\/www.elturistatranquil.com\/wp-content\/uploads\/F35-Iglesia-de-San-Agustin-Almagro.jpg 768w, https:\/\/www.elturistatranquil.com\/wp-content\/uploads\/F35-Iglesia-de-San-Agustin-Almagro-339x226.jpg 339w\" sizes=\"(max-width: 768px) 100vw, 768px\" \/>\t\t\t\t\t\t\t\t\t\t\t<figcaption class=\"widget-image-caption wp-caption-text\"><\/figcaption>\n\t\t\t\t\t\t\t\t\t\t<\/figure>\n\t\t\t\t\t\t\t\t\t<\/div>\n\t\t\t\t<\/div>\n\t\t\t\t<div class=\"elementor-element elementor-element-269e64f8 elementor-widget elementor-widget-image\" data-id=\"269e64f8\" data-element_type=\"widget\" data-e-type=\"widget\" data-widget_type=\"image.default\">\n\t\t\t\t<div class=\"elementor-widget-container\">\n\t\t\t\t\t\t\t\t\t\t\t\t<figure class=\"wp-caption\">\n\t\t\t\t\t\t\t\t\t\t<img loading=\"lazy\" decoding=\"async\" width=\"768\" height=\"511\" src=\"https:\/\/www.elturistatranquil.com\/wp-content\/uploads\/F36-Iglesia-de-San-Agustin-Almagro.jpg\" class=\"attachment-large size-large wp-image-24711\" alt=\"Iglesia de San Agustin de Almagro\" srcset=\"https:\/\/www.elturistatranquil.com\/wp-content\/uploads\/F36-Iglesia-de-San-Agustin-Almagro.jpg 768w, https:\/\/www.elturistatranquil.com\/wp-content\/uploads\/F36-Iglesia-de-San-Agustin-Almagro-339x226.jpg 339w\" sizes=\"(max-width: 768px) 100vw, 768px\" \/>\t\t\t\t\t\t\t\t\t\t\t<figcaption class=\"widget-image-caption wp-caption-text\"><\/figcaption>\n\t\t\t\t\t\t\t\t\t\t<\/figure>\n\t\t\t\t\t\t\t\t\t<\/div>\n\t\t\t\t<\/div>\n\t\t\t\t<div class=\"elementor-element elementor-element-34ac2fa8 elementor-widget elementor-widget-text-editor\" data-id=\"34ac2fa8\" data-element_type=\"widget\" data-e-type=\"widget\" data-widget_type=\"text-editor.default\">\n\t\t\t\t<div class=\"elementor-widget-container\">\n\t\t\t\t\t\t\t\t\t<p>\u00c9s interessant observa com els dos laterals de l&#8217;altar s\u00f3n sim\u00e8trics, tot i que el lateral dret la porta i la finestra s\u00f3n pintures.<\/p>\t\t\t\t\t\t\t\t<\/div>\n\t\t\t\t<\/div>\n\t\t\t\t<section class=\"elementor-section elementor-inner-section elementor-element elementor-element-679b51ec elementor-section-boxed elementor-section-height-default elementor-section-height-default\" data-id=\"679b51ec\" data-element_type=\"section\" data-e-type=\"section\">\n\t\t\t\t\t\t<div class=\"elementor-container elementor-column-gap-default\">\n\t\t\t\t\t<div class=\"elementor-column elementor-col-50 elementor-inner-column elementor-element elementor-element-5d000f32\" data-id=\"5d000f32\" data-element_type=\"column\" data-e-type=\"column\">\n\t\t\t<div class=\"elementor-widget-wrap elementor-element-populated\">\n\t\t\t\t\t\t<div class=\"elementor-element elementor-element-9c66391 elementor-widget elementor-widget-image\" data-id=\"9c66391\" data-element_type=\"widget\" data-e-type=\"widget\" data-widget_type=\"image.default\">\n\t\t\t\t<div class=\"elementor-widget-container\">\n\t\t\t\t\t\t\t\t\t\t\t\t\t\t\t<img loading=\"lazy\" decoding=\"async\" width=\"366\" height=\"550\" src=\"https:\/\/www.elturistatranquil.com\/wp-content\/uploads\/F37m-Iglesia-de-San-Agustin-Almagro.jpg\" class=\"attachment-large size-large wp-image-24713\" alt=\"Iglesia de San Agustin de Almagro\" srcset=\"https:\/\/www.elturistatranquil.com\/wp-content\/uploads\/F37m-Iglesia-de-San-Agustin-Almagro.jpg 366w, https:\/\/www.elturistatranquil.com\/wp-content\/uploads\/F37m-Iglesia-de-San-Agustin-Almagro-150x226.jpg 150w\" sizes=\"(max-width: 366px) 100vw, 366px\" \/>\t\t\t\t\t\t\t\t\t\t\t\t\t\t\t<\/div>\n\t\t\t\t<\/div>\n\t\t\t\t\t<\/div>\n\t\t<\/div>\n\t\t\t\t<div class=\"elementor-column elementor-col-50 elementor-inner-column elementor-element elementor-element-750b2e2\" data-id=\"750b2e2\" data-element_type=\"column\" data-e-type=\"column\">\n\t\t\t<div class=\"elementor-widget-wrap elementor-element-populated\">\n\t\t\t\t\t\t<div class=\"elementor-element elementor-element-3411044c elementor-widget elementor-widget-image\" data-id=\"3411044c\" data-element_type=\"widget\" data-e-type=\"widget\" data-widget_type=\"image.default\">\n\t\t\t\t<div class=\"elementor-widget-container\">\n\t\t\t\t\t\t\t\t\t\t\t\t\t\t\t<img loading=\"lazy\" decoding=\"async\" width=\"366\" height=\"550\" src=\"https:\/\/www.elturistatranquil.com\/wp-content\/uploads\/F37n-Iglesia-de-San-Agustin-Almagro.jpg\" class=\"attachment-large size-large wp-image-24715\" alt=\"Iglesia de San Agustin de Almagro\" srcset=\"https:\/\/www.elturistatranquil.com\/wp-content\/uploads\/F37n-Iglesia-de-San-Agustin-Almagro.jpg 366w, https:\/\/www.elturistatranquil.com\/wp-content\/uploads\/F37n-Iglesia-de-San-Agustin-Almagro-150x226.jpg 150w\" sizes=\"(max-width: 366px) 100vw, 366px\" \/>\t\t\t\t\t\t\t\t\t\t\t\t\t\t\t<\/div>\n\t\t\t\t<\/div>\n\t\t\t\t\t<\/div>\n\t\t<\/div>\n\t\t\t\t\t<\/div>\n\t\t<\/section>\n\t\t\t\t<div class=\"elementor-element elementor-element-4d6ff9de elementor-widget elementor-widget-menu-anchor\" data-id=\"4d6ff9de\" data-element_type=\"widget\" data-e-type=\"widget\" data-widget_type=\"menu-anchor.default\">\n\t\t\t\t<div class=\"elementor-widget-container\">\n\t\t\t\t\t\t\t<div class=\"elementor-menu-anchor\" id=\"c3910\"><\/div>\n\t\t\t\t\t\t<\/div>\n\t\t\t\t<\/div>\n\t\t\t\t<div class=\"elementor-element elementor-element-19afa45a elementor-widget elementor-widget-text-editor\" data-id=\"19afa45a\" data-element_type=\"widget\" data-e-type=\"widget\" data-widget_type=\"text-editor.default\">\n\t\t\t\t<div class=\"elementor-widget-container\">\n\t\t\t\t\t\t\t\t\t<p>Actualment se la utilitza com a sala d&#8217;exposicions temporals relacionades amb el teatre.<\/p>\t\t\t\t\t\t\t\t<\/div>\n\t\t\t\t<\/div>\n\t\t\t\t<div class=\"elementor-element elementor-element-3d654989 elementor-widget elementor-widget-heading\" data-id=\"3d654989\" data-element_type=\"widget\" data-e-type=\"widget\" data-widget_type=\"heading.default\">\n\t\t\t\t<div class=\"elementor-widget-container\">\n\t\t\t\t\t<h3 class=\"elementor-heading-title elementor-size-default\">Plaza Mayor<\/h3>\t\t\t\t<\/div>\n\t\t\t\t<\/div>\n\t\t\t\t<div class=\"elementor-element elementor-element-6f8abcc2 elementor-widget elementor-widget-text-editor\" data-id=\"6f8abcc2\" data-element_type=\"widget\" data-e-type=\"widget\" data-widget_type=\"text-editor.default\">\n\t\t\t\t<div class=\"elementor-widget-container\">\n\t\t\t\t\t\t\t\t\t<p>Ara \u00e9s el moment d&#8217;acostar a la Pla\u00e7a Major, la joia d&#8217;Almagro.<\/p><p>La <strong>Plaza Mayor<\/strong> (<strong>6<\/strong>) es va situar al costat dels Palaus Maestrales de l&#8217;Ordre, en el lloc on es reunien els camins de Toledo i Granada, possiblement al segle XIII. Al seu voltant van anar sorgint les primeres cases i carrers, sent engrandida al segle XVI. L&#8217;\u00e8poca d&#8217;ampliaci\u00f3 coincideix amb el moment de poder dels banquers i administradors alemanys, i hi ha qui pensa que les galeries envidrades t\u00edpiques d&#8217;aquesta pla\u00e7a es deuen a la seva influ\u00e8ncia, rememorant els seus llocs d&#8217;origen.<\/p><p>T\u00e9 forma gaireb\u00e9 rectangular, obrint-se a la zona de ponent. Els dos costats m\u00e9s allargats estan edificats amb habitatges de dos pisos i uniformes en tot el recorregut sense ruptures.<\/p><p>Des del centre dels dos porxos neixen el carrer\u00f3 del Villar en direcci\u00f3 nord i el carrer Capit\u00e1n Parras cap al sud.<\/p>\t\t\t\t\t\t\t\t<\/div>\n\t\t\t\t<\/div>\n\t\t\t\t<div class=\"elementor-element elementor-element-57f94134 elementor-widget elementor-widget-image\" data-id=\"57f94134\" data-element_type=\"widget\" data-e-type=\"widget\" data-widget_type=\"image.default\">\n\t\t\t\t<div class=\"elementor-widget-container\">\n\t\t\t\t\t\t\t\t\t\t\t\t<figure class=\"wp-caption\">\n\t\t\t\t\t\t\t\t\t\t<img loading=\"lazy\" decoding=\"async\" width=\"768\" height=\"511\" src=\"https:\/\/www.elturistatranquil.com\/wp-content\/uploads\/F38-Plaza-Mayor-Almagro.jpg\" class=\"attachment-large size-large wp-image-24717\" alt=\"Plaza Mayor de Almagro\" srcset=\"https:\/\/www.elturistatranquil.com\/wp-content\/uploads\/F38-Plaza-Mayor-Almagro.jpg 768w, https:\/\/www.elturistatranquil.com\/wp-content\/uploads\/F38-Plaza-Mayor-Almagro-339x226.jpg 339w\" sizes=\"(max-width: 768px) 100vw, 768px\" \/>\t\t\t\t\t\t\t\t\t\t\t<figcaption class=\"widget-image-caption wp-caption-text\"><\/figcaption>\n\t\t\t\t\t\t\t\t\t\t<\/figure>\n\t\t\t\t\t\t\t\t\t<\/div>\n\t\t\t\t<\/div>\n\t\t\t\t<div class=\"elementor-element elementor-element-d804a72 elementor-widget elementor-widget-text-editor\" data-id=\"d804a72\" data-element_type=\"widget\" data-e-type=\"widget\" data-widget_type=\"text-editor.default\">\n\t\t\t\t<div class=\"elementor-widget-container\">\n\t\t\t\t\t\t\t\t\t<p>A ponent no en queda urban\u00edsticament tancada i el gran solar enjardinat es correspon amb l&#8217;Esgl\u00e9sia de San Bartolom\u00e9, amb la qual es tancava la pla\u00e7a. L&#8217;Esgl\u00e9sia va haver de ser derru\u00efda com a conseq\u00fc\u00e8ncia del deteriorament sofert pel terratr\u00e8mol de Lisboa.<\/p>\t\t\t\t\t\t\t\t<\/div>\n\t\t\t\t<\/div>\n\t\t\t\t<div class=\"elementor-element elementor-element-10edad08 elementor-widget elementor-widget-image\" data-id=\"10edad08\" data-element_type=\"widget\" data-e-type=\"widget\" data-widget_type=\"image.default\">\n\t\t\t\t<div class=\"elementor-widget-container\">\n\t\t\t\t\t\t\t\t\t\t\t\t<figure class=\"wp-caption\">\n\t\t\t\t\t\t\t\t\t\t<img loading=\"lazy\" decoding=\"async\" width=\"768\" height=\"511\" src=\"https:\/\/www.elturistatranquil.com\/wp-content\/uploads\/F39-Plaza-Mayor-Almagro.jpg\" class=\"attachment-large size-large wp-image-24719\" alt=\"Plaza Mayor de Almagro\" srcset=\"https:\/\/www.elturistatranquil.com\/wp-content\/uploads\/F39-Plaza-Mayor-Almagro.jpg 768w, https:\/\/www.elturistatranquil.com\/wp-content\/uploads\/F39-Plaza-Mayor-Almagro-339x226.jpg 339w\" sizes=\"(max-width: 768px) 100vw, 768px\" \/>\t\t\t\t\t\t\t\t\t\t\t<figcaption class=\"widget-image-caption wp-caption-text\"><\/figcaption>\n\t\t\t\t\t\t\t\t\t\t<\/figure>\n\t\t\t\t\t\t\t\t\t<\/div>\n\t\t\t\t<\/div>\n\t\t\t\t<div class=\"elementor-element elementor-element-35f5917 elementor-widget elementor-widget-image\" data-id=\"35f5917\" data-element_type=\"widget\" data-e-type=\"widget\" data-widget_type=\"image.default\">\n\t\t\t\t<div class=\"elementor-widget-container\">\n\t\t\t\t\t\t\t\t\t\t\t\t<figure class=\"wp-caption\">\n\t\t\t\t\t\t\t\t\t\t<img loading=\"lazy\" decoding=\"async\" width=\"768\" height=\"511\" src=\"https:\/\/www.elturistatranquil.com\/wp-content\/uploads\/F40-Plaza-Mayor-Almagro.jpg\" class=\"attachment-large size-large wp-image-24721\" alt=\"Plaza Mayor de Almagro\" srcset=\"https:\/\/www.elturistatranquil.com\/wp-content\/uploads\/F40-Plaza-Mayor-Almagro.jpg 768w, https:\/\/www.elturistatranquil.com\/wp-content\/uploads\/F40-Plaza-Mayor-Almagro-339x226.jpg 339w\" sizes=\"(max-width: 768px) 100vw, 768px\" \/>\t\t\t\t\t\t\t\t\t\t\t<figcaption class=\"widget-image-caption wp-caption-text\"><\/figcaption>\n\t\t\t\t\t\t\t\t\t\t<\/figure>\n\t\t\t\t\t\t\t\t\t<\/div>\n\t\t\t\t<\/div>\n\t\t\t\t<div class=\"elementor-element elementor-element-1263e0c9 elementor-widget elementor-widget-text-editor\" data-id=\"1263e0c9\" data-element_type=\"widget\" data-e-type=\"widget\" data-widget_type=\"text-editor.default\">\n\t\t\t\t<div class=\"elementor-widget-container\">\n\t\t\t\t\t\t\t\t\t<p>Edificats amb els conseg\u00fcents porxos de les places castellanes, amb un total de 85 columnes de pedra d&#8217;ordre tosc\u00e0.\u00a0<\/p>\t\t\t\t\t\t\t\t<\/div>\n\t\t\t\t<\/div>\n\t\t\t\t<div class=\"elementor-element elementor-element-5a69ce98 elementor-widget elementor-widget-image\" data-id=\"5a69ce98\" data-element_type=\"widget\" data-e-type=\"widget\" data-widget_type=\"image.default\">\n\t\t\t\t<div class=\"elementor-widget-container\">\n\t\t\t\t\t\t\t\t\t\t\t\t<figure class=\"wp-caption\">\n\t\t\t\t\t\t\t\t\t\t<img loading=\"lazy\" decoding=\"async\" width=\"768\" height=\"512\" src=\"https:\/\/www.elturistatranquil.com\/wp-content\/uploads\/F41-Plaza-Mayor-de-Almagro.jpg\" class=\"attachment-large size-large wp-image-24723\" alt=\"Plaza Mayor de Almagro\" srcset=\"https:\/\/www.elturistatranquil.com\/wp-content\/uploads\/F41-Plaza-Mayor-de-Almagro.jpg 768w, https:\/\/www.elturistatranquil.com\/wp-content\/uploads\/F41-Plaza-Mayor-de-Almagro-339x226.jpg 339w\" sizes=\"(max-width: 768px) 100vw, 768px\" \/>\t\t\t\t\t\t\t\t\t\t\t<figcaption class=\"widget-image-caption wp-caption-text\"><\/figcaption>\n\t\t\t\t\t\t\t\t\t\t<\/figure>\n\t\t\t\t\t\t\t\t\t<\/div>\n\t\t\t\t<\/div>\n\t\t\t\t<div class=\"elementor-element elementor-element-43c9703c elementor-widget elementor-widget-menu-anchor\" data-id=\"43c9703c\" data-element_type=\"widget\" data-e-type=\"widget\" data-widget_type=\"menu-anchor.default\">\n\t\t\t\t<div class=\"elementor-widget-container\">\n\t\t\t\t\t\t\t<div class=\"elementor-menu-anchor\" id=\"c3911\"><\/div>\n\t\t\t\t\t\t<\/div>\n\t\t\t\t<\/div>\n\t\t\t\t<div class=\"elementor-element elementor-element-7783b223 elementor-widget elementor-widget-text-editor\" data-id=\"7783b223\" data-element_type=\"widget\" data-e-type=\"widget\" data-widget_type=\"text-editor.default\">\n\t\t\t\t<div class=\"elementor-widget-container\">\n\t\t\t\t\t\t\t\t\t<p>La pla\u00e7a cont\u00e9 elements molt significatius d&#8217;Almagro.<\/p>\t\t\t\t\t\t\t\t<\/div>\n\t\t\t\t<\/div>\n\t\t\t\t<div class=\"elementor-element elementor-element-1e50ddf7 elementor-widget elementor-widget-heading\" data-id=\"1e50ddf7\" data-element_type=\"widget\" data-e-type=\"widget\" data-widget_type=\"heading.default\">\n\t\t\t\t<div class=\"elementor-widget-container\">\n\t\t\t\t\t<h3 class=\"elementor-heading-title elementor-size-default\">Ajuntament<\/h3>\t\t\t\t<\/div>\n\t\t\t\t<\/div>\n\t\t\t\t<div class=\"elementor-element elementor-element-58caebb3 elementor-widget elementor-widget-text-editor\" data-id=\"58caebb3\" data-element_type=\"widget\" data-e-type=\"widget\" data-widget_type=\"text-editor.default\">\n\t\t\t\t<div class=\"elementor-widget-container\">\n\t\t\t\t\t\t\t\t\t<p>Flanquejant la Pla\u00e7a pel costat de llevant, se situa l&#8217; <strong>Ajuntament<\/strong> (<strong>7<\/strong>). D&#8217;origen incert se suposa que albergava el Consell de la Vila al segle XVI. Edifici molt remodelat, especialment en 1865.<\/p>\t\t\t\t\t\t\t\t<\/div>\n\t\t\t\t<\/div>\n\t\t\t\t<div class=\"elementor-element elementor-element-73f508e0 elementor-widget elementor-widget-image\" data-id=\"73f508e0\" data-element_type=\"widget\" data-e-type=\"widget\" data-widget_type=\"image.default\">\n\t\t\t\t<div class=\"elementor-widget-container\">\n\t\t\t\t\t\t\t\t\t\t\t\t<figure class=\"wp-caption\">\n\t\t\t\t\t\t\t\t\t\t<img loading=\"lazy\" decoding=\"async\" width=\"768\" height=\"511\" src=\"https:\/\/www.elturistatranquil.com\/wp-content\/uploads\/F43-Ayuntamiento-de-Almagro.jpg\" class=\"attachment-large size-large wp-image-24725\" alt=\"Ayuntamiento de Almagro\" srcset=\"https:\/\/www.elturistatranquil.com\/wp-content\/uploads\/F43-Ayuntamiento-de-Almagro.jpg 768w, https:\/\/www.elturistatranquil.com\/wp-content\/uploads\/F43-Ayuntamiento-de-Almagro-339x226.jpg 339w\" sizes=\"(max-width: 768px) 100vw, 768px\" \/>\t\t\t\t\t\t\t\t\t\t\t<figcaption class=\"widget-image-caption wp-caption-text\"><\/figcaption>\n\t\t\t\t\t\t\t\t\t\t<\/figure>\n\t\t\t\t\t\t\t\t\t<\/div>\n\t\t\t\t<\/div>\n\t\t\t\t<div class=\"elementor-element elementor-element-143da4d9 elementor-widget elementor-widget-menu-anchor\" data-id=\"143da4d9\" data-element_type=\"widget\" data-e-type=\"widget\" data-widget_type=\"menu-anchor.default\">\n\t\t\t\t<div class=\"elementor-widget-container\">\n\t\t\t\t\t\t\t<div class=\"elementor-menu-anchor\" id=\"c3912\"><\/div>\n\t\t\t\t\t\t<\/div>\n\t\t\t\t<\/div>\n\t\t\t\t<div class=\"elementor-element elementor-element-25c83e40 elementor-widget elementor-widget-image\" data-id=\"25c83e40\" data-element_type=\"widget\" data-e-type=\"widget\" data-widget_type=\"image.default\">\n\t\t\t\t<div class=\"elementor-widget-container\">\n\t\t\t\t\t\t\t\t\t\t\t\t<figure class=\"wp-caption\">\n\t\t\t\t\t\t\t\t\t\t<img loading=\"lazy\" decoding=\"async\" width=\"768\" height=\"511\" src=\"https:\/\/www.elturistatranquil.com\/wp-content\/uploads\/F43-Plaza-Mayor-de-Almagro.jpg\" class=\"attachment-large size-large wp-image-24727\" alt=\"Plaza Mayor de Almagro\" srcset=\"https:\/\/www.elturistatranquil.com\/wp-content\/uploads\/F43-Plaza-Mayor-de-Almagro.jpg 768w, https:\/\/www.elturistatranquil.com\/wp-content\/uploads\/F43-Plaza-Mayor-de-Almagro-339x226.jpg 339w\" sizes=\"(max-width: 768px) 100vw, 768px\" \/>\t\t\t\t\t\t\t\t\t\t\t<figcaption class=\"widget-image-caption wp-caption-text\"><\/figcaption>\n\t\t\t\t\t\t\t\t\t\t<\/figure>\n\t\t\t\t\t\t\t\t\t<\/div>\n\t\t\t\t<\/div>\n\t\t\t\t<div class=\"elementor-element elementor-element-5154aea9 elementor-widget elementor-widget-heading\" data-id=\"5154aea9\" data-element_type=\"widget\" data-e-type=\"widget\" data-widget_type=\"heading.default\">\n\t\t\t\t<div class=\"elementor-widget-container\">\n\t\t\t\t\t<h3 class=\"elementor-heading-title elementor-size-default\">Museu del Encaje. Callej\u00f3n Villar<\/h3>\t\t\t\t<\/div>\n\t\t\t\t<\/div>\n\t\t\t\t<div class=\"elementor-element elementor-element-25f14591 elementor-widget elementor-widget-text-editor\" data-id=\"25f14591\" data-element_type=\"widget\" data-e-type=\"widget\" data-widget_type=\"text-editor.default\">\n\t\t\t\t<div class=\"elementor-widget-container\">\n\t\t\t\t\t\t\t\t\t<p>A mitja Pla\u00e7a pel costat nord s&#8217;obre el <strong>carrer\u00f3 Villar<\/strong>.<\/p><p>A la casa que tanca el carrer\u00f3 s&#8217;ha instal\u00b7lat el <strong>Museu del Encaje<\/strong> (<strong>8<\/strong>) en una casa amb fa\u00e7ana t\u00edpica de casa manxega: parets emblanquinades, fusteria de fusta, forja i coberta de teula amb r\u00e0fec i cans de fusta.<\/p><p>Com sabem, les puntes de coix\u00ed va ser una t\u00e8cnica que van introduir els flamencs i que va arrelar de forma molt intensa a Almagro i la comarca.<\/p><p>Al segle XVIII es va crear la primera f\u00e0brica d&#8217;encaix a Almagro.<\/p>\t\t\t\t\t\t\t\t<\/div>\n\t\t\t\t<\/div>\n\t\t\t\t<div class=\"elementor-element elementor-element-46cdaaa7 elementor-widget elementor-widget-menu-anchor\" data-id=\"46cdaaa7\" data-element_type=\"widget\" data-e-type=\"widget\" data-widget_type=\"menu-anchor.default\">\n\t\t\t\t<div class=\"elementor-widget-container\">\n\t\t\t\t\t\t\t<div class=\"elementor-menu-anchor\" id=\"c3913\"><\/div>\n\t\t\t\t\t\t<\/div>\n\t\t\t\t<\/div>\n\t\t\t\t<div class=\"elementor-element elementor-element-17befb6d elementor-widget elementor-widget-image\" data-id=\"17befb6d\" data-element_type=\"widget\" data-e-type=\"widget\" data-widget_type=\"image.default\">\n\t\t\t\t<div class=\"elementor-widget-container\">\n\t\t\t\t\t\t\t\t\t\t\t\t<figure class=\"wp-caption\">\n\t\t\t\t\t\t\t\t\t\t<img loading=\"lazy\" decoding=\"async\" width=\"768\" height=\"511\" src=\"https:\/\/www.elturistatranquil.com\/wp-content\/uploads\/F44-Museo-del-encaje-de-Almagro.jpg\" class=\"attachment-large size-large wp-image-24729\" alt=\"Museo del encaje de Almagro\" srcset=\"https:\/\/www.elturistatranquil.com\/wp-content\/uploads\/F44-Museo-del-encaje-de-Almagro.jpg 768w, https:\/\/www.elturistatranquil.com\/wp-content\/uploads\/F44-Museo-del-encaje-de-Almagro-339x226.jpg 339w\" sizes=\"(max-width: 768px) 100vw, 768px\" \/>\t\t\t\t\t\t\t\t\t\t\t<figcaption class=\"widget-image-caption wp-caption-text\"><\/figcaption>\n\t\t\t\t\t\t\t\t\t\t<\/figure>\n\t\t\t\t\t\t\t\t\t<\/div>\n\t\t\t\t<\/div>\n\t\t\t\t<div class=\"elementor-element elementor-element-4d95dae3 elementor-widget elementor-widget-heading\" data-id=\"4d95dae3\" data-element_type=\"widget\" data-e-type=\"widget\" data-widget_type=\"heading.default\">\n\t\t\t\t<div class=\"elementor-widget-container\">\n\t\t\t\t\t<h3 class=\"elementor-heading-title elementor-size-default\">Casa del Mayorazgo de los Molina <\/h3>\t\t\t\t<\/div>\n\t\t\t\t<\/div>\n\t\t\t\t<div class=\"elementor-element elementor-element-79e12eea elementor-widget elementor-widget-text-editor\" data-id=\"79e12eea\" data-element_type=\"widget\" data-e-type=\"widget\" data-widget_type=\"text-editor.default\">\n\t\t\t\t<div class=\"elementor-widget-container\">\n\t\t\t\t\t\t\t\t\t<p>Travesso la Pla\u00e7a cap al costat sud.<\/p><p>Es veu clarament com la continu\u00eftat de la llarga fa\u00e7ana es trenca a la zona central. Es tracta de la <strong>Casa del Mayorazgo de los Molina<\/strong> (<strong>9<\/strong>). Aquesta ruptura de continu\u00eftat de les fa\u00e7anes de les places castellanes era un fet corrent, en inserir-se algun edifici de major rellev\u00e0ncia en el conjunt, per\u00f2 que acostumen a oferir un resultat harm\u00f2nic i ben integrat, com en aquest.<\/p>\t\t\t\t\t\t\t\t<\/div>\n\t\t\t\t<\/div>\n\t\t\t\t<div class=\"elementor-element elementor-element-6647f309 elementor-widget elementor-widget-menu-anchor\" data-id=\"6647f309\" data-element_type=\"widget\" data-e-type=\"widget\" data-widget_type=\"menu-anchor.default\">\n\t\t\t\t<div class=\"elementor-widget-container\">\n\t\t\t\t\t\t\t<div class=\"elementor-menu-anchor\" id=\"c3914\"><\/div>\n\t\t\t\t\t\t<\/div>\n\t\t\t\t<\/div>\n\t\t\t\t<div class=\"elementor-element elementor-element-2d2c0506 elementor-widget elementor-widget-image\" data-id=\"2d2c0506\" data-element_type=\"widget\" data-e-type=\"widget\" data-widget_type=\"image.default\">\n\t\t\t\t<div class=\"elementor-widget-container\">\n\t\t\t\t\t\t\t\t\t\t\t\t<figure class=\"wp-caption\">\n\t\t\t\t\t\t\t\t\t\t<img loading=\"lazy\" decoding=\"async\" width=\"768\" height=\"512\" src=\"https:\/\/www.elturistatranquil.com\/wp-content\/uploads\/F45-Casa-solariega-de-los-Mollina-de-Almagro.jpg\" class=\"attachment-large size-large wp-image-24731\" alt=\"Casa solariega de los Mollina de Almagro\" srcset=\"https:\/\/www.elturistatranquil.com\/wp-content\/uploads\/F45-Casa-solariega-de-los-Mollina-de-Almagro.jpg 768w, https:\/\/www.elturistatranquil.com\/wp-content\/uploads\/F45-Casa-solariega-de-los-Mollina-de-Almagro-339x226.jpg 339w\" sizes=\"(max-width: 768px) 100vw, 768px\" \/>\t\t\t\t\t\t\t\t\t\t\t<figcaption class=\"widget-image-caption wp-caption-text\"><\/figcaption>\n\t\t\t\t\t\t\t\t\t\t<\/figure>\n\t\t\t\t\t\t\t\t\t<\/div>\n\t\t\t\t<\/div>\n\t\t\t\t<div class=\"elementor-element elementor-element-b6db1ba elementor-widget elementor-widget-heading\" data-id=\"b6db1ba\" data-element_type=\"widget\" data-e-type=\"widget\" data-widget_type=\"heading.default\">\n\t\t\t\t<div class=\"elementor-widget-container\">\n\t\t\t\t\t<h3 class=\"elementor-heading-title elementor-size-default\">Corral de Comedias<\/h3>\t\t\t\t<\/div>\n\t\t\t\t<\/div>\n\t\t\t\t<div class=\"elementor-element elementor-element-7ba12027 elementor-widget elementor-widget-text-editor\" data-id=\"7ba12027\" data-element_type=\"widget\" data-e-type=\"widget\" data-widget_type=\"text-editor.default\">\n\t\t\t\t<div class=\"elementor-widget-container\">\n\t\t\t\t\t\t\t\t\t<p>Just al costat, al n\u00ba 18, es troba l&#8217;edifici m\u00e9s emblem\u00e0tic actual d&#8217;Almagro. Es tracta del <strong>Corral de Comedias<\/strong> (<strong>10<\/strong>). Declarat <em>Monument Nacional <\/em>en 1955. Sembla ser l&#8217;\u00fanic Corral que es conserva \u00edntegrament en la seva estructura, que es va conservar perqu\u00e8 havia estat tapada amb envans.<\/p><p>Va comen\u00e7ar a usar-se com a lloc de representaci\u00f3 teatral a la fi del segle XVI, i la seva construcci\u00f3 definitiva va ser el 1628 per Bernardo de Oviedo.<\/p><p>El Corral \u00e9s l&#8217;adaptaci\u00f3 cl\u00e0ssica del pati de la fonda amb la finalitat de representaci\u00f3 teatral. Se l\u2019anomenava <em>Posada de las Comedias<\/em> encara en el segle passat.<\/p><p>S&#8217;entra a trav\u00e9s d&#8217;un vest\u00edbul empedrat amb enteixinat que d\u00f3na pas al Corral, un espai d&#8217;uns 300 metres quadrats, rectangular una mica irregular.<\/p><p>Al capdavant es troba l&#8217;escenari elevat amb un fons de construcci\u00f3 de dos nivells que reprodueixen el pati d&#8217;una casa manxega.<\/p>\t\t\t\t\t\t\t\t<\/div>\n\t\t\t\t<\/div>\n\t\t\t\t<div class=\"elementor-element elementor-element-7d89afd elementor-widget elementor-widget-image\" data-id=\"7d89afd\" data-element_type=\"widget\" data-e-type=\"widget\" data-widget_type=\"image.default\">\n\t\t\t\t<div class=\"elementor-widget-container\">\n\t\t\t\t\t\t\t\t\t\t\t\t<figure class=\"wp-caption\">\n\t\t\t\t\t\t\t\t\t\t<img loading=\"lazy\" decoding=\"async\" width=\"768\" height=\"512\" src=\"https:\/\/www.elturistatranquil.com\/wp-content\/uploads\/F46-Corral-de-Comedias-de-Almagro.jpg\" class=\"attachment-large size-large wp-image-24733\" alt=\"Corral de Comedias de Almagro\" srcset=\"https:\/\/www.elturistatranquil.com\/wp-content\/uploads\/F46-Corral-de-Comedias-de-Almagro.jpg 768w, https:\/\/www.elturistatranquil.com\/wp-content\/uploads\/F46-Corral-de-Comedias-de-Almagro-339x226.jpg 339w\" sizes=\"(max-width: 768px) 100vw, 768px\" \/>\t\t\t\t\t\t\t\t\t\t\t<figcaption class=\"widget-image-caption wp-caption-text\"><\/figcaption>\n\t\t\t\t\t\t\t\t\t\t<\/figure>\n\t\t\t\t\t\t\t\t\t<\/div>\n\t\t\t\t<\/div>\n\t\t\t\t<div class=\"elementor-element elementor-element-135ce9cc elementor-widget elementor-widget-text-editor\" data-id=\"135ce9cc\" data-element_type=\"widget\" data-e-type=\"widget\" data-widget_type=\"text-editor.default\">\n\t\t\t\t<div class=\"elementor-widget-container\">\n\t\t\t\t\t\t\t\t\t<p>A banda i banda de l&#8217;escenari llotges o &#8221; aposentos &#8221; des dels quals es podia seguir la representaci\u00f3 sense ser vistos per la resta del p\u00fablic. Eren propietat particular de fam\u00edlies i molt disputats.<\/p>\t\t\t\t\t\t\t\t<\/div>\n\t\t\t\t<\/div>\n\t\t\t\t<div class=\"elementor-element elementor-element-33fdcfbb elementor-widget elementor-widget-image\" data-id=\"33fdcfbb\" data-element_type=\"widget\" data-e-type=\"widget\" data-widget_type=\"image.default\">\n\t\t\t\t<div class=\"elementor-widget-container\">\n\t\t\t\t\t\t\t\t\t\t\t\t<figure class=\"wp-caption\">\n\t\t\t\t\t\t\t\t\t\t<img loading=\"lazy\" decoding=\"async\" width=\"768\" height=\"511\" src=\"https:\/\/www.elturistatranquil.com\/wp-content\/uploads\/F47-Corral-de-Comedias-de-Almagro.jpg\" class=\"attachment-large size-large wp-image-24735\" alt=\"Corral de Comedias de Almagro\" srcset=\"https:\/\/www.elturistatranquil.com\/wp-content\/uploads\/F47-Corral-de-Comedias-de-Almagro.jpg 768w, https:\/\/www.elturistatranquil.com\/wp-content\/uploads\/F47-Corral-de-Comedias-de-Almagro-339x226.jpg 339w\" sizes=\"(max-width: 768px) 100vw, 768px\" \/>\t\t\t\t\t\t\t\t\t\t\t<figcaption class=\"widget-image-caption wp-caption-text\"><\/figcaption>\n\t\t\t\t\t\t\t\t\t\t<\/figure>\n\t\t\t\t\t\t\t\t\t<\/div>\n\t\t\t\t<\/div>\n\t\t\t\t<div class=\"elementor-element elementor-element-54a1546e elementor-widget elementor-widget-text-editor\" data-id=\"54a1546e\" data-element_type=\"widget\" data-e-type=\"widget\" data-widget_type=\"text-editor.default\">\n\t\t\t\t<div class=\"elementor-widget-container\">\n\t\t\t\t\t\t\t\t\t<p>La platea, originalment a cel obert per\u00f2 ara coberta transl\u00facida, est\u00e0 envoltada en els altres tres costats per galeries de dos pisos per els espectadors.<\/p>\t\t\t\t\t\t\t\t<\/div>\n\t\t\t\t<\/div>\n\t\t\t\t<div class=\"elementor-element elementor-element-3ec25ef6 elementor-widget elementor-widget-image\" data-id=\"3ec25ef6\" data-element_type=\"widget\" data-e-type=\"widget\" data-widget_type=\"image.default\">\n\t\t\t\t<div class=\"elementor-widget-container\">\n\t\t\t\t\t\t\t\t\t\t\t\t<figure class=\"wp-caption\">\n\t\t\t\t\t\t\t\t\t\t<img loading=\"lazy\" decoding=\"async\" width=\"768\" height=\"511\" src=\"https:\/\/www.elturistatranquil.com\/wp-content\/uploads\/F48-Corral-de-Comedias-de-Almagro.jpg\" class=\"attachment-large size-large wp-image-24737\" alt=\"Corral de Comedias de Almagro\" srcset=\"https:\/\/www.elturistatranquil.com\/wp-content\/uploads\/F48-Corral-de-Comedias-de-Almagro.jpg 768w, https:\/\/www.elturistatranquil.com\/wp-content\/uploads\/F48-Corral-de-Comedias-de-Almagro-339x226.jpg 339w\" sizes=\"(max-width: 768px) 100vw, 768px\" \/>\t\t\t\t\t\t\t\t\t\t\t<figcaption class=\"widget-image-caption wp-caption-text\"><\/figcaption>\n\t\t\t\t\t\t\t\t\t\t<\/figure>\n\t\t\t\t\t\t\t\t\t<\/div>\n\t\t\t\t<\/div>\n\t\t\t\t<div class=\"elementor-element elementor-element-6cc0cab1 elementor-widget elementor-widget-text-editor\" data-id=\"6cc0cab1\" data-element_type=\"widget\" data-e-type=\"widget\" data-widget_type=\"text-editor.default\">\n\t\t\t\t<div class=\"elementor-widget-container\">\n\t\t\t\t\t\t\t\t\t<p>Amb un pou que subministrava aigua als c\u00f2mics que residien all\u00e0 durant les seves estades.<\/p>\t\t\t\t\t\t\t\t<\/div>\n\t\t\t\t<\/div>\n\t\t\t\t<div class=\"elementor-element elementor-element-4887dd2b elementor-widget elementor-widget-image\" data-id=\"4887dd2b\" data-element_type=\"widget\" data-e-type=\"widget\" data-widget_type=\"image.default\">\n\t\t\t\t<div class=\"elementor-widget-container\">\n\t\t\t\t\t\t\t\t\t\t\t\t<figure class=\"wp-caption\">\n\t\t\t\t\t\t\t\t\t\t<img loading=\"lazy\" decoding=\"async\" width=\"768\" height=\"511\" src=\"https:\/\/www.elturistatranquil.com\/wp-content\/uploads\/F49-Corral-de-Comedias-de-Almagro.jpg\" class=\"attachment-large size-large wp-image-24739\" alt=\"Corral de Comedias de Almagro\" srcset=\"https:\/\/www.elturistatranquil.com\/wp-content\/uploads\/F49-Corral-de-Comedias-de-Almagro.jpg 768w, https:\/\/www.elturistatranquil.com\/wp-content\/uploads\/F49-Corral-de-Comedias-de-Almagro-339x226.jpg 339w\" sizes=\"(max-width: 768px) 100vw, 768px\" \/>\t\t\t\t\t\t\t\t\t\t\t<figcaption class=\"widget-image-caption wp-caption-text\"><\/figcaption>\n\t\t\t\t\t\t\t\t\t\t<\/figure>\n\t\t\t\t\t\t\t\t\t<\/div>\n\t\t\t\t<\/div>\n\t\t\t\t<div class=\"elementor-element elementor-element-1aa98978 elementor-widget elementor-widget-text-editor\" data-id=\"1aa98978\" data-element_type=\"widget\" data-e-type=\"widget\" data-widget_type=\"text-editor.default\">\n\t\t\t\t<div class=\"elementor-widget-container\">\n\t\t\t\t\t\t\t\t\t<p>En la restauraci\u00f3 s&#8217;ha mantingut els llums d&#8217;oli que aportaven llum.<\/p>\t\t\t\t\t\t\t\t<\/div>\n\t\t\t\t<\/div>\n\t\t\t\t<div class=\"elementor-element elementor-element-3b37cf22 elementor-widget elementor-widget-image\" data-id=\"3b37cf22\" data-element_type=\"widget\" data-e-type=\"widget\" data-widget_type=\"image.default\">\n\t\t\t\t<div class=\"elementor-widget-container\">\n\t\t\t\t\t\t\t\t\t\t\t\t<figure class=\"wp-caption\">\n\t\t\t\t\t\t\t\t\t\t<img loading=\"lazy\" decoding=\"async\" width=\"768\" height=\"511\" src=\"https:\/\/www.elturistatranquil.com\/wp-content\/uploads\/F50-Corral-de-Comedias-de-Almagro.jpg\" class=\"attachment-large size-large wp-image-24741\" alt=\"Corral de Comedias de Almagro\" srcset=\"https:\/\/www.elturistatranquil.com\/wp-content\/uploads\/F50-Corral-de-Comedias-de-Almagro.jpg 768w, https:\/\/www.elturistatranquil.com\/wp-content\/uploads\/F50-Corral-de-Comedias-de-Almagro-339x226.jpg 339w\" sizes=\"(max-width: 768px) 100vw, 768px\" \/>\t\t\t\t\t\t\t\t\t\t\t<figcaption class=\"widget-image-caption wp-caption-text\"><\/figcaption>\n\t\t\t\t\t\t\t\t\t\t<\/figure>\n\t\t\t\t\t\t\t\t\t<\/div>\n\t\t\t\t<\/div>\n\t\t\t\t<div class=\"elementor-element elementor-element-3398e662 elementor-widget elementor-widget-text-editor\" data-id=\"3398e662\" data-element_type=\"widget\" data-e-type=\"widget\" data-widget_type=\"text-editor.default\">\n\t\t\t\t<div class=\"elementor-widget-container\">\n\t\t\t\t\t\t\t\t\t<p>Es mostra una reproducci\u00f3 facs\u00edmil d&#8217;una baralla castellana trobada entre els envans, amb la qual devien de passar les hores mortes dels c\u00f2mics.<\/p>\t\t\t\t\t\t\t\t<\/div>\n\t\t\t\t<\/div>\n\t\t\t\t<div class=\"elementor-element elementor-element-160e9431 elementor-widget elementor-widget-menu-anchor\" data-id=\"160e9431\" data-element_type=\"widget\" data-e-type=\"widget\" data-widget_type=\"menu-anchor.default\">\n\t\t\t\t<div class=\"elementor-widget-container\">\n\t\t\t\t\t\t\t<div class=\"elementor-menu-anchor\" id=\"c3915\"><\/div>\n\t\t\t\t\t\t<\/div>\n\t\t\t\t<\/div>\n\t\t\t\t<div class=\"elementor-element elementor-element-3f6e89f4 elementor-widget elementor-widget-image\" data-id=\"3f6e89f4\" data-element_type=\"widget\" data-e-type=\"widget\" data-widget_type=\"image.default\">\n\t\t\t\t<div class=\"elementor-widget-container\">\n\t\t\t\t\t\t\t\t\t\t\t\t<figure class=\"wp-caption\">\n\t\t\t\t\t\t\t\t\t\t<img loading=\"lazy\" decoding=\"async\" width=\"336\" height=\"550\" src=\"https:\/\/www.elturistatranquil.com\/wp-content\/uploads\/F51-Corral-de-Comedias-de-Almagro.jpg\" class=\"attachment-large size-large wp-image-24743\" alt=\"Corral de Comedias de Almagro\" srcset=\"https:\/\/www.elturistatranquil.com\/wp-content\/uploads\/F51-Corral-de-Comedias-de-Almagro.jpg 336w, https:\/\/www.elturistatranquil.com\/wp-content\/uploads\/F51-Corral-de-Comedias-de-Almagro-138x226.jpg 138w\" sizes=\"(max-width: 336px) 100vw, 336px\" \/>\t\t\t\t\t\t\t\t\t\t\t<figcaption class=\"widget-image-caption wp-caption-text\"><\/figcaption>\n\t\t\t\t\t\t\t\t\t\t<\/figure>\n\t\t\t\t\t\t\t\t\t<\/div>\n\t\t\t\t<\/div>\n\t\t\t\t<div class=\"elementor-element elementor-element-4b7857a8 elementor-widget elementor-widget-heading\" data-id=\"4b7857a8\" data-element_type=\"widget\" data-e-type=\"widget\" data-widget_type=\"heading.default\">\n\t\t\t\t<div class=\"elementor-widget-container\">\n\t\t\t\t\t<h3 class=\"elementor-heading-title elementor-size-default\">Carrer Capit\u00e1n Vicente Parras<\/h3>\t\t\t\t<\/div>\n\t\t\t\t<\/div>\n\t\t\t\t<div class=\"elementor-element elementor-element-2ece5f9c elementor-widget elementor-widget-text-editor\" data-id=\"2ece5f9c\" data-element_type=\"widget\" data-e-type=\"widget\" data-widget_type=\"text-editor.default\">\n\t\t\t\t<div class=\"elementor-widget-container\">\n\t\t\t\t\t\t\t\t\t<p>Gaireb\u00e9 al costat, s&#8217;obre un carrer\u00f3 que porta al que es deia <strong>carrer de los Toril<\/strong>es (<strong>11<\/strong>) (avui Capit\u00e1n Vicente Parras). Amb aquest nom es manifestava que se\u2019l feia servir com torils de les curses de braus que se celebraven a la Pla\u00e7a Major.<\/p><p>M&#8217;endinso uns metres i em permet observar (sense cotxes aparcats) un t\u00edpic carrer d&#8217;arquitectura popular.<\/p>\t\t\t\t\t\t\t\t<\/div>\n\t\t\t\t<\/div>\n\t\t\t\t<div class=\"elementor-element elementor-element-3b054d71 elementor-widget elementor-widget-menu-anchor\" data-id=\"3b054d71\" data-element_type=\"widget\" data-e-type=\"widget\" data-widget_type=\"menu-anchor.default\">\n\t\t\t\t<div class=\"elementor-widget-container\">\n\t\t\t\t\t\t\t<div class=\"elementor-menu-anchor\" id=\"c3916\"><\/div>\n\t\t\t\t\t\t<\/div>\n\t\t\t\t<\/div>\n\t\t\t\t<div class=\"elementor-element elementor-element-75f15b6c elementor-widget elementor-widget-image\" data-id=\"75f15b6c\" data-element_type=\"widget\" data-e-type=\"widget\" data-widget_type=\"image.default\">\n\t\t\t\t<div class=\"elementor-widget-container\">\n\t\t\t\t\t\t\t\t\t\t\t\t<figure class=\"wp-caption\">\n\t\t\t\t\t\t\t\t\t\t<img loading=\"lazy\" decoding=\"async\" width=\"768\" height=\"511\" src=\"https:\/\/www.elturistatranquil.com\/wp-content\/uploads\/F52-Almagro-2.jpg\" class=\"attachment-large size-large wp-image-24746\" alt=\"Almagro\" srcset=\"https:\/\/www.elturistatranquil.com\/wp-content\/uploads\/F52-Almagro-2.jpg 768w, https:\/\/www.elturistatranquil.com\/wp-content\/uploads\/F52-Almagro-2-339x226.jpg 339w\" sizes=\"(max-width: 768px) 100vw, 768px\" \/>\t\t\t\t\t\t\t\t\t\t\t<figcaption class=\"widget-image-caption wp-caption-text\"><\/figcaption>\n\t\t\t\t\t\t\t\t\t\t<\/figure>\n\t\t\t\t\t\t\t\t\t<\/div>\n\t\t\t\t<\/div>\n\t\t\t\t<div class=\"elementor-element elementor-element-51b43a05 elementor-widget elementor-widget-heading\" data-id=\"51b43a05\" data-element_type=\"widget\" data-e-type=\"widget\" data-widget_type=\"heading.default\">\n\t\t\t\t<div class=\"elementor-widget-container\">\n\t\t\t\t\t<h3 class=\"elementor-heading-title elementor-size-default\">Antiga pres\u00f3<\/h3>\t\t\t\t<\/div>\n\t\t\t\t<\/div>\n\t\t\t\t<div class=\"elementor-element elementor-element-74865b4 elementor-widget elementor-widget-text-editor\" data-id=\"74865b4\" data-element_type=\"widget\" data-e-type=\"widget\" data-widget_type=\"text-editor.default\">\n\t\t\t\t<div class=\"elementor-widget-container\">\n\t\t\t\t\t\t\t\t\t<p>Retrocedeixo aquests metres i segueixo per la dreta fins a la cantonada de la qual parteix el <strong>carrer Mayor de Carnicer\u00edas<\/strong>. Pel seu nom havien d&#8217;estar ubicades en ella les Carnisseries.<\/p><p>Actualment perviuen dos edificis hist\u00f2rics.<\/p><p>En el n\u00ba 11, l&#8217;<strong>antiga pres\u00f3<\/strong> (<strong>12<\/strong>) del segle XVIII, de la qual nom\u00e9s es conserva la portada barroca.<\/p><p>Actualment est\u00e0 ocupada per l&#8217;Arxiu Municipal i la Biblioteca P\u00fablica Municipal Manolita Espinosa.<\/p>\t\t\t\t\t\t\t\t<\/div>\n\t\t\t\t<\/div>\n\t\t\t\t<div class=\"elementor-element elementor-element-5da7b6a5 elementor-widget elementor-widget-menu-anchor\" data-id=\"5da7b6a5\" data-element_type=\"widget\" data-e-type=\"widget\" data-widget_type=\"menu-anchor.default\">\n\t\t\t\t<div class=\"elementor-widget-container\">\n\t\t\t\t\t\t\t<div class=\"elementor-menu-anchor\" id=\"c3917\"><\/div>\n\t\t\t\t\t\t<\/div>\n\t\t\t\t<\/div>\n\t\t\t\t<div class=\"elementor-element elementor-element-44c2dcd2 elementor-widget elementor-widget-image\" data-id=\"44c2dcd2\" data-element_type=\"widget\" data-e-type=\"widget\" data-widget_type=\"image.default\">\n\t\t\t\t<div class=\"elementor-widget-container\">\n\t\t\t\t\t\t\t\t\t\t\t\t<figure class=\"wp-caption\">\n\t\t\t\t\t\t\t\t\t\t<img loading=\"lazy\" decoding=\"async\" width=\"768\" height=\"511\" src=\"https:\/\/www.elturistatranquil.com\/wp-content\/uploads\/F53-Antigua-carcel-de-Almagro.jpg\" class=\"attachment-large size-large wp-image-24748\" alt=\"Antigua carcel de Almagro\" srcset=\"https:\/\/www.elturistatranquil.com\/wp-content\/uploads\/F53-Antigua-carcel-de-Almagro.jpg 768w, https:\/\/www.elturistatranquil.com\/wp-content\/uploads\/F53-Antigua-carcel-de-Almagro-339x226.jpg 339w\" sizes=\"(max-width: 768px) 100vw, 768px\" \/>\t\t\t\t\t\t\t\t\t\t\t<figcaption class=\"widget-image-caption wp-caption-text\"><\/figcaption>\n\t\t\t\t\t\t\t\t\t\t<\/figure>\n\t\t\t\t\t\t\t\t\t<\/div>\n\t\t\t\t<\/div>\n\t\t\t\t<div class=\"elementor-element elementor-element-65d94ab3 elementor-widget elementor-widget-heading\" data-id=\"65d94ab3\" data-element_type=\"widget\" data-e-type=\"widget\" data-widget_type=\"heading.default\">\n\t\t\t\t<div class=\"elementor-widget-container\">\n\t\t\t\t\t<h3 class=\"elementor-heading-title elementor-size-default\">P\u00f3sito<\/h3>\t\t\t\t<\/div>\n\t\t\t\t<\/div>\n\t\t\t\t<div class=\"elementor-element elementor-element-1ca85d29 elementor-widget elementor-widget-text-editor\" data-id=\"1ca85d29\" data-element_type=\"widget\" data-e-type=\"widget\" data-widget_type=\"text-editor.default\">\n\t\t\t\t<div class=\"elementor-widget-container\">\n\t\t\t\t\t\t\t\t\t<p>En el n\u00ba 16 del mateix carrer Mayor de Carnicer\u00edas es troba l&#8217;antic <strong>P\u00f3sito<\/strong> (Almod\u00ed) (<strong>13<\/strong>), constru\u00eft el 1614, durant el regnat de Felip III, com a magatzem municipal de gra per solucionar els problemes d&#8217;abastament.<\/p><p>Constru\u00eft en aparell toled\u00e0, amb tres senzilles portes adovellades. La porta central m\u00e9s gran per possibilitar l&#8217;entrada de carros.<\/p>\t\t\t\t\t\t\t\t<\/div>\n\t\t\t\t<\/div>\n\t\t\t\t<div class=\"elementor-element elementor-element-7614665 elementor-widget elementor-widget-image\" data-id=\"7614665\" data-element_type=\"widget\" data-e-type=\"widget\" data-widget_type=\"image.default\">\n\t\t\t\t<div class=\"elementor-widget-container\">\n\t\t\t\t\t\t\t\t\t\t\t\t<figure class=\"wp-caption\">\n\t\t\t\t\t\t\t\t\t\t<img loading=\"lazy\" decoding=\"async\" width=\"768\" height=\"511\" src=\"https:\/\/www.elturistatranquil.com\/wp-content\/uploads\/F54-Posito-de-Almagro.jpg\" class=\"attachment-large size-large wp-image-24750\" alt=\"Posito de Almagro\" srcset=\"https:\/\/www.elturistatranquil.com\/wp-content\/uploads\/F54-Posito-de-Almagro.jpg 768w, https:\/\/www.elturistatranquil.com\/wp-content\/uploads\/F54-Posito-de-Almagro-339x226.jpg 339w\" sizes=\"(max-width: 768px) 100vw, 768px\" \/>\t\t\t\t\t\t\t\t\t\t\t<figcaption class=\"widget-image-caption wp-caption-text\"><\/figcaption>\n\t\t\t\t\t\t\t\t\t\t<\/figure>\n\t\t\t\t\t\t\t\t\t<\/div>\n\t\t\t\t<\/div>\n\t\t\t\t<div class=\"elementor-element elementor-element-3e108c21 elementor-widget elementor-widget-text-editor\" data-id=\"3e108c21\" data-element_type=\"widget\" data-e-type=\"widget\" data-widget_type=\"text-editor.default\">\n\t\t\t\t<div class=\"elementor-widget-container\">\n\t\t\t\t\t\t\t\t\t<p>Al centre, l&#8217;escut quarterat de Castella i Lle\u00f3, envoltat del Tois\u00f3 d&#8217;Or i la Corona Real, sobre una l\u00e0pida fundacional.<\/p>\t\t\t\t\t\t\t\t<\/div>\n\t\t\t\t<\/div>\n\t\t\t\t<div class=\"elementor-element elementor-element-d7fa812 elementor-widget elementor-widget-menu-anchor\" data-id=\"d7fa812\" data-element_type=\"widget\" data-e-type=\"widget\" data-widget_type=\"menu-anchor.default\">\n\t\t\t\t<div class=\"elementor-widget-container\">\n\t\t\t\t\t\t\t<div class=\"elementor-menu-anchor\" id=\"c3918\"><\/div>\n\t\t\t\t\t\t<\/div>\n\t\t\t\t<\/div>\n\t\t\t\t<div class=\"elementor-element elementor-element-48b27d8a elementor-widget elementor-widget-image\" data-id=\"48b27d8a\" data-element_type=\"widget\" data-e-type=\"widget\" data-widget_type=\"image.default\">\n\t\t\t\t<div class=\"elementor-widget-container\">\n\t\t\t\t\t\t\t\t\t\t\t\t<figure class=\"wp-caption\">\n\t\t\t\t\t\t\t\t\t\t<img loading=\"lazy\" decoding=\"async\" width=\"768\" height=\"512\" src=\"https:\/\/www.elturistatranquil.com\/wp-content\/uploads\/F55-Posito-de-Almagro.jpg\" class=\"attachment-large size-large wp-image-24752\" alt=\"Posito de Almagro\" srcset=\"https:\/\/www.elturistatranquil.com\/wp-content\/uploads\/F55-Posito-de-Almagro.jpg 768w, https:\/\/www.elturistatranquil.com\/wp-content\/uploads\/F55-Posito-de-Almagro-339x226.jpg 339w\" sizes=\"(max-width: 768px) 100vw, 768px\" \/>\t\t\t\t\t\t\t\t\t\t\t<figcaption class=\"widget-image-caption wp-caption-text\"><\/figcaption>\n\t\t\t\t\t\t\t\t\t\t<\/figure>\n\t\t\t\t\t\t\t\t\t<\/div>\n\t\t\t\t<\/div>\n\t\t\t\t<div class=\"elementor-element elementor-element-19d95a3a elementor-widget elementor-widget-heading\" data-id=\"19d95a3a\" data-element_type=\"widget\" data-e-type=\"widget\" data-widget_type=\"heading.default\">\n\t\t\t\t<div class=\"elementor-widget-container\">\n\t\t\t\t\t<h3 class=\"elementor-heading-title elementor-size-default\">Carrer Bernardas <\/h3>\t\t\t\t<\/div>\n\t\t\t\t<\/div>\n\t\t\t\t<div class=\"elementor-element elementor-element-46da661d elementor-widget elementor-widget-text-editor\" data-id=\"46da661d\" data-element_type=\"widget\" data-e-type=\"widget\" data-widget_type=\"text-editor.default\">\n\t\t\t\t<div class=\"elementor-widget-container\">\n\t\t\t\t\t\t\t\t\t<p>Passat el P\u00f3sito, a la dreta segueixo pel <strong>carrer Bernardas<\/strong> (<strong>14<\/strong>) que em portar\u00e0 fins a la pla\u00e7a de Santo Domingo.<\/p><p>El carrer \u00e9s en corba, m\u00e9s o menys adaptada a la muralla a la qual donen les cases per la seva part sud.<\/p>\t\t\t\t\t\t\t\t<\/div>\n\t\t\t\t<\/div>\n\t\t\t\t<div class=\"elementor-element elementor-element-7c0a050d elementor-widget elementor-widget-image\" data-id=\"7c0a050d\" data-element_type=\"widget\" data-e-type=\"widget\" data-widget_type=\"image.default\">\n\t\t\t\t<div class=\"elementor-widget-container\">\n\t\t\t\t\t\t\t\t\t\t\t\t<figure class=\"wp-caption\">\n\t\t\t\t\t\t\t\t\t\t<img loading=\"lazy\" decoding=\"async\" width=\"768\" height=\"511\" src=\"https:\/\/www.elturistatranquil.com\/wp-content\/uploads\/F56-Calle-Bernardas-de-Almagro.jpg\" class=\"attachment-large size-large wp-image-24754\" alt=\"Calle Bernardas de Almagro\" srcset=\"https:\/\/www.elturistatranquil.com\/wp-content\/uploads\/F56-Calle-Bernardas-de-Almagro.jpg 768w, https:\/\/www.elturistatranquil.com\/wp-content\/uploads\/F56-Calle-Bernardas-de-Almagro-339x226.jpg 339w\" sizes=\"(max-width: 768px) 100vw, 768px\" \/>\t\t\t\t\t\t\t\t\t\t\t<figcaption class=\"widget-image-caption wp-caption-text\"><\/figcaption>\n\t\t\t\t\t\t\t\t\t\t<\/figure>\n\t\t\t\t\t\t\t\t\t<\/div>\n\t\t\t\t<\/div>\n\t\t\t\t<div class=\"elementor-element elementor-element-6d42c00e elementor-widget elementor-widget-text-editor\" data-id=\"6d42c00e\" data-element_type=\"widget\" data-e-type=\"widget\" data-widget_type=\"text-editor.default\">\n\t\t\t\t<div class=\"elementor-widget-container\">\n\t\t\t\t\t\t\t\t\t<p>Els carrers d&#8217;aquesta zona mostren a la perfecci\u00f3 l&#8217;arquitectura popular, jalonada per casalots amb reminisc\u00e8ncies nobili\u00e0ries.<\/p><p>A la dreta podem veure com acaba el <strong>carrer del Capit\u00e1n Vicente Parras<\/strong> a la qual havia entrat des de la Pla\u00e7a Major.<\/p>\t\t\t\t\t\t\t\t<\/div>\n\t\t\t\t<\/div>\n\t\t\t\t<div class=\"elementor-element elementor-element-782e799d elementor-widget elementor-widget-image\" data-id=\"782e799d\" data-element_type=\"widget\" data-e-type=\"widget\" data-widget_type=\"image.default\">\n\t\t\t\t<div class=\"elementor-widget-container\">\n\t\t\t\t\t\t\t\t\t\t\t\t<figure class=\"wp-caption\">\n\t\t\t\t\t\t\t\t\t\t<img loading=\"lazy\" decoding=\"async\" width=\"768\" height=\"511\" src=\"https:\/\/www.elturistatranquil.com\/wp-content\/uploads\/F57-Calle-Vicente-Parra-de-Almagro.jpg\" class=\"attachment-large size-large wp-image-24756\" alt=\"Calle Vicente Parra de Almagro\" srcset=\"https:\/\/www.elturistatranquil.com\/wp-content\/uploads\/F57-Calle-Vicente-Parra-de-Almagro.jpg 768w, https:\/\/www.elturistatranquil.com\/wp-content\/uploads\/F57-Calle-Vicente-Parra-de-Almagro-339x226.jpg 339w\" sizes=\"(max-width: 768px) 100vw, 768px\" \/>\t\t\t\t\t\t\t\t\t\t\t<figcaption class=\"widget-image-caption wp-caption-text\"><\/figcaption>\n\t\t\t\t\t\t\t\t\t\t<\/figure>\n\t\t\t\t\t\t\t\t\t<\/div>\n\t\t\t\t<\/div>\n\t\t\t\t<div class=\"elementor-element elementor-element-70ba4f27 elementor-widget elementor-widget-text-editor\" data-id=\"70ba4f27\" data-element_type=\"widget\" data-e-type=\"widget\" data-widget_type=\"text-editor.default\">\n\t\t\t\t<div class=\"elementor-widget-container\">\n\t\t\t\t\t\t\t\t\t<p>Al fons s&#8217;arriba a la Pla\u00e7a de Santo Domingo, un dels centres residencials aristocr\u00e0tics m\u00e9s interessants d&#8217;Almagro.<\/p>\t\t\t\t\t\t\t\t<\/div>\n\t\t\t\t<\/div>\n\t\t\t\t<div class=\"elementor-element elementor-element-58a3802e elementor-widget elementor-widget-image\" data-id=\"58a3802e\" data-element_type=\"widget\" data-e-type=\"widget\" data-widget_type=\"image.default\">\n\t\t\t\t<div class=\"elementor-widget-container\">\n\t\t\t\t\t\t\t\t\t\t\t\t<figure class=\"wp-caption\">\n\t\t\t\t\t\t\t\t\t\t<img loading=\"lazy\" decoding=\"async\" width=\"768\" height=\"511\" src=\"https:\/\/www.elturistatranquil.com\/wp-content\/uploads\/F58-Calle-Bernardas-de-Almagro.jpg\" class=\"attachment-large size-large wp-image-24758\" alt=\"Calle Bernardas de Almagro\" srcset=\"https:\/\/www.elturistatranquil.com\/wp-content\/uploads\/F58-Calle-Bernardas-de-Almagro.jpg 768w, https:\/\/www.elturistatranquil.com\/wp-content\/uploads\/F58-Calle-Bernardas-de-Almagro-339x226.jpg 339w\" sizes=\"(max-width: 768px) 100vw, 768px\" \/>\t\t\t\t\t\t\t\t\t\t\t<figcaption class=\"widget-image-caption wp-caption-text\"><\/figcaption>\n\t\t\t\t\t\t\t\t\t\t<\/figure>\n\t\t\t\t\t\t\t\t\t<\/div>\n\t\t\t\t<\/div>\n\t\t\t\t<div class=\"elementor-element elementor-element-102b20bf elementor-widget elementor-widget-menu-anchor\" data-id=\"102b20bf\" data-element_type=\"widget\" data-e-type=\"widget\" data-widget_type=\"menu-anchor.default\">\n\t\t\t\t<div class=\"elementor-widget-container\">\n\t\t\t\t\t\t\t<div class=\"elementor-menu-anchor\" id=\"c3919\"><\/div>\n\t\t\t\t\t\t<\/div>\n\t\t\t\t<\/div>\n\t\t\t\t<div class=\"elementor-element elementor-element-286d1d79 elementor-widget elementor-widget-image\" data-id=\"286d1d79\" data-element_type=\"widget\" data-e-type=\"widget\" data-widget_type=\"image.default\">\n\t\t\t\t<div class=\"elementor-widget-container\">\n\t\t\t\t\t\t\t\t\t\t\t\t<figure class=\"wp-caption\">\n\t\t\t\t\t\t\t\t\t\t<img loading=\"lazy\" decoding=\"async\" width=\"768\" height=\"511\" src=\"https:\/\/www.elturistatranquil.com\/wp-content\/uploads\/F59-Calle-Bernardas-de-Almagro.jpg\" class=\"attachment-large size-large wp-image-24760\" alt=\"Calle Bernardas de Almagro\" srcset=\"https:\/\/www.elturistatranquil.com\/wp-content\/uploads\/F59-Calle-Bernardas-de-Almagro.jpg 768w, https:\/\/www.elturistatranquil.com\/wp-content\/uploads\/F59-Calle-Bernardas-de-Almagro-339x226.jpg 339w\" sizes=\"(max-width: 768px) 100vw, 768px\" \/>\t\t\t\t\t\t\t\t\t\t\t<figcaption class=\"widget-image-caption wp-caption-text\"><\/figcaption>\n\t\t\t\t\t\t\t\t\t\t<\/figure>\n\t\t\t\t\t\t\t\t\t<\/div>\n\t\t\t\t<\/div>\n\t\t\t\t<div class=\"elementor-element elementor-element-71acd7f5 elementor-widget elementor-widget-heading\" data-id=\"71acd7f5\" data-element_type=\"widget\" data-e-type=\"widget\" data-widget_type=\"heading.default\">\n\t\t\t\t<div class=\"elementor-widget-container\">\n\t\t\t\t\t<h3 class=\"elementor-heading-title elementor-size-default\">Palau del Condes de Valdepara\u00edso<\/h3>\t\t\t\t<\/div>\n\t\t\t\t<\/div>\n\t\t\t\t<div class=\"elementor-element elementor-element-6d5dcf39 elementor-widget elementor-widget-text-editor\" data-id=\"6d5dcf39\" data-element_type=\"widget\" data-e-type=\"widget\" data-widget_type=\"text-editor.default\">\n\t\t\t\t<div class=\"elementor-widget-container\">\n\t\t\t\t\t\t\t\t\t<p>M\u00e9s que una pla\u00e7a pr\u00f2piament dita, la <strong>pla\u00e7a Santo Domingo<\/strong>, \u00e9s un espai triangular. El primer que es troba a la banda esquerra \u00e9s el <strong>Palau de los Condes de Valdepara\u00edso<\/strong> (<strong>15<\/strong>), com es visualitza en la fotografia anterior.<\/p><p>El primer Comte va ser ministre de Ferran VI.<\/p><p>L&#8217;edifici que ja existia va ser remodelat a principis de segle XVIII. Es pensa que se li va encarregar a algun arquitecte de la Cort de Madrid, per l&#8217;estructura de palau madrileny que presenta, amb les dues torres en els extrems i la simetria del conjunt d&#8217;estil renaixentista, alhora que permet veure el pati des de l&#8217;exterior, el que no passa en els palaus mud\u00e8jars.<\/p><p>Enfront de la fa\u00e7ana el Comte va adquirir un solar en el qual va obrir una placeta enjardinada que porta el seu nom i que real\u00e7a l&#8217;edifici servint-li de marc escenogr\u00e0fic.<\/p>\t\t\t\t\t\t\t\t<\/div>\n\t\t\t\t<\/div>\n\t\t\t\t<div class=\"elementor-element elementor-element-39e18db0 elementor-widget elementor-widget-image\" data-id=\"39e18db0\" data-element_type=\"widget\" data-e-type=\"widget\" data-widget_type=\"image.default\">\n\t\t\t\t<div class=\"elementor-widget-container\">\n\t\t\t\t\t\t\t\t\t\t\t\t<figure class=\"wp-caption\">\n\t\t\t\t\t\t\t\t\t\t<img loading=\"lazy\" decoding=\"async\" width=\"768\" height=\"512\" src=\"https:\/\/www.elturistatranquil.com\/wp-content\/uploads\/F60-Palacio-de-los-Condes-de-Valdeparaiso-de-Almagro.jpg\" class=\"attachment-large size-large wp-image-24762\" alt=\"Palacio de los Condes de Valdeparaiso de Almagro\" srcset=\"https:\/\/www.elturistatranquil.com\/wp-content\/uploads\/F60-Palacio-de-los-Condes-de-Valdeparaiso-de-Almagro.jpg 768w, https:\/\/www.elturistatranquil.com\/wp-content\/uploads\/F60-Palacio-de-los-Condes-de-Valdeparaiso-de-Almagro-339x226.jpg 339w\" sizes=\"(max-width: 768px) 100vw, 768px\" \/>\t\t\t\t\t\t\t\t\t\t\t<figcaption class=\"widget-image-caption wp-caption-text\"><\/figcaption>\n\t\t\t\t\t\t\t\t\t\t<\/figure>\n\t\t\t\t\t\t\t\t\t<\/div>\n\t\t\t\t<\/div>\n\t\t\t\t<div class=\"elementor-element elementor-element-1baf3daf elementor-widget elementor-widget-text-editor\" data-id=\"1baf3daf\" data-element_type=\"widget\" data-e-type=\"widget\" data-widget_type=\"text-editor.default\">\n\t\t\t\t<div class=\"elementor-widget-container\">\n\t\t\t\t\t\t\t\t\t<p>La portada barroca constitueix un dels elements m\u00e9s interessants, amb una gran c\u00e0rrega de poder simb\u00f2lic nobiliari a trav\u00e9s dels escuts representats.<\/p>\t\t\t\t\t\t\t\t<\/div>\n\t\t\t\t<\/div>\n\t\t\t\t<div class=\"elementor-element elementor-element-598f14d3 elementor-widget elementor-widget-image\" data-id=\"598f14d3\" data-element_type=\"widget\" data-e-type=\"widget\" data-widget_type=\"image.default\">\n\t\t\t\t<div class=\"elementor-widget-container\">\n\t\t\t\t\t\t\t\t\t\t\t\t<figure class=\"wp-caption\">\n\t\t\t\t\t\t\t\t\t\t<img loading=\"lazy\" decoding=\"async\" width=\"768\" height=\"511\" src=\"https:\/\/www.elturistatranquil.com\/wp-content\/uploads\/F61-Palacio-de-los-Condes-de-Valdeparaiso-de-Almagro.jpg\" class=\"attachment-large size-large wp-image-24764\" alt=\"Palacio de los Condes de Valdeparaiso de Almagro\" srcset=\"https:\/\/www.elturistatranquil.com\/wp-content\/uploads\/F61-Palacio-de-los-Condes-de-Valdeparaiso-de-Almagro.jpg 768w, https:\/\/www.elturistatranquil.com\/wp-content\/uploads\/F61-Palacio-de-los-Condes-de-Valdeparaiso-de-Almagro-339x226.jpg 339w\" sizes=\"(max-width: 768px) 100vw, 768px\" \/>\t\t\t\t\t\t\t\t\t\t\t<figcaption class=\"widget-image-caption wp-caption-text\"><\/figcaption>\n\t\t\t\t\t\t\t\t\t\t<\/figure>\n\t\t\t\t\t\t\t\t\t<\/div>\n\t\t\t\t<\/div>\n\t\t\t\t<div class=\"elementor-element elementor-element-7ed1b5e1 elementor-widget elementor-widget-text-editor\" data-id=\"7ed1b5e1\" data-element_type=\"widget\" data-e-type=\"widget\" data-widget_type=\"text-editor.default\">\n\t\t\t\t<div class=\"elementor-widget-container\">\n\t\t\t\t\t\t\t\t\t<p>Un vest\u00edbul condueix al pati amb galeries porticades. La galeria superior es va tancar m\u00e9s endavant.<\/p>\t\t\t\t\t\t\t\t<\/div>\n\t\t\t\t<\/div>\n\t\t\t\t<div class=\"elementor-element elementor-element-33ea8f22 elementor-widget elementor-widget-menu-anchor\" data-id=\"33ea8f22\" data-element_type=\"widget\" data-e-type=\"widget\" data-widget_type=\"menu-anchor.default\">\n\t\t\t\t<div class=\"elementor-widget-container\">\n\t\t\t\t\t\t\t<div class=\"elementor-menu-anchor\" id=\"c3920\"><\/div>\n\t\t\t\t\t\t<\/div>\n\t\t\t\t<\/div>\n\t\t\t\t<div class=\"elementor-element elementor-element-5af814b9 elementor-widget elementor-widget-image\" data-id=\"5af814b9\" data-element_type=\"widget\" data-e-type=\"widget\" data-widget_type=\"image.default\">\n\t\t\t\t<div class=\"elementor-widget-container\">\n\t\t\t\t\t\t\t\t\t\t\t\t<figure class=\"wp-caption\">\n\t\t\t\t\t\t\t\t\t\t<img loading=\"lazy\" decoding=\"async\" width=\"768\" height=\"511\" src=\"https:\/\/www.elturistatranquil.com\/wp-content\/uploads\/F62-Palacio-de-los-Condes-de-Valdeparaiso-de-Almagro.jpg\" class=\"attachment-large size-large wp-image-24766\" alt=\"Palacio de los Condes de Valdeparaiso de Almagro\" srcset=\"https:\/\/www.elturistatranquil.com\/wp-content\/uploads\/F62-Palacio-de-los-Condes-de-Valdeparaiso-de-Almagro.jpg 768w, https:\/\/www.elturistatranquil.com\/wp-content\/uploads\/F62-Palacio-de-los-Condes-de-Valdeparaiso-de-Almagro-339x226.jpg 339w\" sizes=\"(max-width: 768px) 100vw, 768px\" \/>\t\t\t\t\t\t\t\t\t\t\t<figcaption class=\"widget-image-caption wp-caption-text\"><\/figcaption>\n\t\t\t\t\t\t\t\t\t\t<\/figure>\n\t\t\t\t\t\t\t\t\t<\/div>\n\t\t\t\t<\/div>\n\t\t\t\t<div class=\"elementor-element elementor-element-1b05da6b elementor-widget elementor-widget-heading\" data-id=\"1b05da6b\" data-element_type=\"widget\" data-e-type=\"widget\" data-widget_type=\"heading.default\">\n\t\t\t\t<div class=\"elementor-widget-container\">\n\t\t\t\t\t<h3 class=\"elementor-heading-title elementor-size-default\">Palau dels Marqueses de Torremej\u00eda <\/h3>\t\t\t\t<\/div>\n\t\t\t\t<\/div>\n\t\t\t\t<div class=\"elementor-element elementor-element-74cb3e92 elementor-widget elementor-widget-text-editor\" data-id=\"74cb3e92\" data-element_type=\"widget\" data-e-type=\"widget\" data-widget_type=\"text-editor.default\">\n\t\t\t\t<div class=\"elementor-widget-container\">\n\t\t\t\t\t\t\t\t\t<p>Al davant de l&#8217;anterior, es troba situat el <strong>Palau dels Marqueses de Torremej\u00eda<\/strong> (<strong>16<\/strong>). Palau renaixentista del segle XVI.<\/p>\t\t\t\t\t\t\t\t<\/div>\n\t\t\t\t<\/div>\n\t\t\t\t<div class=\"elementor-element elementor-element-492d0e94 elementor-widget elementor-widget-image\" data-id=\"492d0e94\" data-element_type=\"widget\" data-e-type=\"widget\" data-widget_type=\"image.default\">\n\t\t\t\t<div class=\"elementor-widget-container\">\n\t\t\t\t\t\t\t\t\t\t\t\t<figure class=\"wp-caption\">\n\t\t\t\t\t\t\t\t\t\t<img loading=\"lazy\" decoding=\"async\" width=\"768\" height=\"511\" src=\"https:\/\/www.elturistatranquil.com\/wp-content\/uploads\/F63-Palacio-de-los-Marqueses-de-Torremejia-de-Almagro.jpg\" class=\"attachment-large size-large wp-image-24768\" alt=\"Palacio de los Marqueses de Torremejia de Almagro\" srcset=\"https:\/\/www.elturistatranquil.com\/wp-content\/uploads\/F63-Palacio-de-los-Marqueses-de-Torremejia-de-Almagro.jpg 768w, https:\/\/www.elturistatranquil.com\/wp-content\/uploads\/F63-Palacio-de-los-Marqueses-de-Torremejia-de-Almagro-339x226.jpg 339w\" sizes=\"(max-width: 768px) 100vw, 768px\" \/>\t\t\t\t\t\t\t\t\t\t\t<figcaption class=\"widget-image-caption wp-caption-text\"><\/figcaption>\n\t\t\t\t\t\t\t\t\t\t<\/figure>\n\t\t\t\t\t\t\t\t\t<\/div>\n\t\t\t\t<\/div>\n\t\t\t\t<div class=\"elementor-element elementor-element-b67f12f elementor-widget elementor-widget-text-editor\" data-id=\"b67f12f\" data-element_type=\"widget\" data-e-type=\"widget\" data-widget_type=\"text-editor.default\">\n\t\t\t\t<div class=\"elementor-widget-container\">\n\t\t\t\t\t\t\t\t\t<p>La portada de pedra \u00e9s d&#8217;estil neocl\u00e0ssic, i la tauladeta a dues aig\u00fces del segle XVII.<\/p>\t\t\t\t\t\t\t\t<\/div>\n\t\t\t\t<\/div>\n\t\t\t\t<div class=\"elementor-element elementor-element-143046b9 elementor-widget elementor-widget-menu-anchor\" data-id=\"143046b9\" data-element_type=\"widget\" data-e-type=\"widget\" data-widget_type=\"menu-anchor.default\">\n\t\t\t\t<div class=\"elementor-widget-container\">\n\t\t\t\t\t\t\t<div class=\"elementor-menu-anchor\" id=\"c3921\"><\/div>\n\t\t\t\t\t\t<\/div>\n\t\t\t\t<\/div>\n\t\t\t\t<div class=\"elementor-element elementor-element-5c4f15d2 elementor-widget elementor-widget-image\" data-id=\"5c4f15d2\" data-element_type=\"widget\" data-e-type=\"widget\" data-widget_type=\"image.default\">\n\t\t\t\t<div class=\"elementor-widget-container\">\n\t\t\t\t\t\t\t\t\t\t\t\t<figure class=\"wp-caption\">\n\t\t\t\t\t\t\t\t\t\t<img loading=\"lazy\" decoding=\"async\" width=\"768\" height=\"511\" src=\"https:\/\/www.elturistatranquil.com\/wp-content\/uploads\/F64-Palacio-de-los-Marqueses-de-Torremejia-de-Almagro.jpg\" class=\"attachment-large size-large wp-image-24770\" alt=\"Palacio de los Marqueses de Torremejia de Almagro\" srcset=\"https:\/\/www.elturistatranquil.com\/wp-content\/uploads\/F64-Palacio-de-los-Marqueses-de-Torremejia-de-Almagro.jpg 768w, https:\/\/www.elturistatranquil.com\/wp-content\/uploads\/F64-Palacio-de-los-Marqueses-de-Torremejia-de-Almagro-339x226.jpg 339w\" sizes=\"(max-width: 768px) 100vw, 768px\" \/>\t\t\t\t\t\t\t\t\t\t\t<figcaption class=\"widget-image-caption wp-caption-text\"><\/figcaption>\n\t\t\t\t\t\t\t\t\t\t<\/figure>\n\t\t\t\t\t\t\t\t\t<\/div>\n\t\t\t\t<\/div>\n\t\t\t\t<div class=\"elementor-element elementor-element-27daaa02 elementor-widget elementor-widget-heading\" data-id=\"27daaa02\" data-element_type=\"widget\" data-e-type=\"widget\" data-widget_type=\"heading.default\">\n\t\t\t\t<div class=\"elementor-widget-container\">\n\t\t\t\t\t<h3 class=\"elementor-heading-title elementor-size-default\">Casa del Capell\u00e1n de las Bernardas<\/h3>\t\t\t\t<\/div>\n\t\t\t\t<\/div>\n\t\t\t\t<div class=\"elementor-element elementor-element-43fdb643 elementor-widget elementor-widget-text-editor\" data-id=\"43fdb643\" data-element_type=\"widget\" data-e-type=\"widget\" data-widget_type=\"text-editor.default\">\n\t\t\t\t<div class=\"elementor-widget-container\">\n\t\t\t\t\t\t\t\t\t<p>Tancant la pla\u00e7a, en el seu costat m\u00e9s estret a ponent, es troba la <strong>Casa del Capell\u00e1n de las Bernardas<\/strong> (<strong>17<\/strong>), del segle XVI. Va ser l&#8217;estatge de don Bernardo de Oviedo, primer capell\u00e0 major del convent de la Bernarda. Diuen que recorda a les velles cases de Salamanca.<\/p>\t\t\t\t\t\t\t\t<\/div>\n\t\t\t\t<\/div>\n\t\t\t\t<div class=\"elementor-element elementor-element-a79c243 elementor-widget elementor-widget-image\" data-id=\"a79c243\" data-element_type=\"widget\" data-e-type=\"widget\" data-widget_type=\"image.default\">\n\t\t\t\t<div class=\"elementor-widget-container\">\n\t\t\t\t\t\t\t\t\t\t\t\t<figure class=\"wp-caption\">\n\t\t\t\t\t\t\t\t\t\t<img loading=\"lazy\" decoding=\"async\" width=\"768\" height=\"511\" src=\"https:\/\/www.elturistatranquil.com\/wp-content\/uploads\/F65-Casa-del-Capellan-de-las-Bernardas-de-Almagro.jpg\" class=\"attachment-large size-large wp-image-24772\" alt=\"Casa del Capellan de las Bernardas de Almagro\" srcset=\"https:\/\/www.elturistatranquil.com\/wp-content\/uploads\/F65-Casa-del-Capellan-de-las-Bernardas-de-Almagro.jpg 768w, https:\/\/www.elturistatranquil.com\/wp-content\/uploads\/F65-Casa-del-Capellan-de-las-Bernardas-de-Almagro-339x226.jpg 339w\" sizes=\"(max-width: 768px) 100vw, 768px\" \/>\t\t\t\t\t\t\t\t\t\t\t<figcaption class=\"widget-image-caption wp-caption-text\"><\/figcaption>\n\t\t\t\t\t\t\t\t\t\t<\/figure>\n\t\t\t\t\t\t\t\t\t<\/div>\n\t\t\t\t<\/div>\n\t\t\t\t<div class=\"elementor-element elementor-element-fb663b6 elementor-widget elementor-widget-menu-anchor\" data-id=\"fb663b6\" data-element_type=\"widget\" data-e-type=\"widget\" data-widget_type=\"menu-anchor.default\">\n\t\t\t\t<div class=\"elementor-widget-container\">\n\t\t\t\t\t\t\t<div class=\"elementor-menu-anchor\" id=\"c3922\"><\/div>\n\t\t\t\t\t\t<\/div>\n\t\t\t\t<\/div>\n\t\t\t\t<div class=\"elementor-element elementor-element-11bdaa9 elementor-widget elementor-widget-image\" data-id=\"11bdaa9\" data-element_type=\"widget\" data-e-type=\"widget\" data-widget_type=\"image.default\">\n\t\t\t\t<div class=\"elementor-widget-container\">\n\t\t\t\t\t\t\t\t\t\t\t\t<figure class=\"wp-caption\">\n\t\t\t\t\t\t\t\t\t\t<img loading=\"lazy\" decoding=\"async\" width=\"768\" height=\"512\" src=\"https:\/\/www.elturistatranquil.com\/wp-content\/uploads\/F66-Casa-del-Capellan-de-las-Bernardas-de-Almagro.jpg\" class=\"attachment-large size-large wp-image-24774\" alt=\"Casa del Capellan de las Bernardas de Almagro\" srcset=\"https:\/\/www.elturistatranquil.com\/wp-content\/uploads\/F66-Casa-del-Capellan-de-las-Bernardas-de-Almagro.jpg 768w, https:\/\/www.elturistatranquil.com\/wp-content\/uploads\/F66-Casa-del-Capellan-de-las-Bernardas-de-Almagro-339x226.jpg 339w\" sizes=\"(max-width: 768px) 100vw, 768px\" \/>\t\t\t\t\t\t\t\t\t\t\t<figcaption class=\"widget-image-caption wp-caption-text\"><\/figcaption>\n\t\t\t\t\t\t\t\t\t\t<\/figure>\n\t\t\t\t\t\t\t\t\t<\/div>\n\t\t\t\t<\/div>\n\t\t\t\t<div class=\"elementor-element elementor-element-3a295cdf elementor-widget elementor-widget-heading\" data-id=\"3a295cdf\" data-element_type=\"widget\" data-e-type=\"widget\" data-widget_type=\"heading.default\">\n\t\t\t\t<div class=\"elementor-widget-container\">\n\t\t\t\t\t<h3 class=\"elementor-heading-title elementor-size-default\">Monestir de la Concepci\u00f3n Bernarda o Convent de las Bernardas<\/h3>\t\t\t\t<\/div>\n\t\t\t\t<\/div>\n\t\t\t\t<div class=\"elementor-element elementor-element-7e97635f elementor-widget elementor-widget-text-editor\" data-id=\"7e97635f\" data-element_type=\"widget\" data-e-type=\"widget\" data-widget_type=\"text-editor.default\">\n\t\t\t\t<div class=\"elementor-widget-container\">\n\t\t\t\t\t\t\t\t\t<p>A l&#8217;altra banda del carrer de la Casa del Capellan, es trobava el <strong>Convent de les Bernardas<\/strong> o <strong>Monestir de la Concepci\u00f3n Bernarda<\/strong> (<strong>18<\/strong>), al qual servia. Datat entre 1628-1658.<\/p><p>Al seu torn, aquest edifici \u00e9s contigu al palau dels Comtes de Valdepara\u00edso.<\/p>\t\t\t\t\t\t\t\t<\/div>\n\t\t\t\t<\/div>\n\t\t\t\t<div class=\"elementor-element elementor-element-4142b6d5 elementor-widget elementor-widget-menu-anchor\" data-id=\"4142b6d5\" data-element_type=\"widget\" data-e-type=\"widget\" data-widget_type=\"menu-anchor.default\">\n\t\t\t\t<div class=\"elementor-widget-container\">\n\t\t\t\t\t\t\t<div class=\"elementor-menu-anchor\" id=\"c3923\"><\/div>\n\t\t\t\t\t\t<\/div>\n\t\t\t\t<\/div>\n\t\t\t\t<div class=\"elementor-element elementor-element-3d4374c7 elementor-widget elementor-widget-image\" data-id=\"3d4374c7\" data-element_type=\"widget\" data-e-type=\"widget\" data-widget_type=\"image.default\">\n\t\t\t\t<div class=\"elementor-widget-container\">\n\t\t\t\t\t\t\t\t\t\t\t\t<figure class=\"wp-caption\">\n\t\t\t\t\t\t\t\t\t\t<img loading=\"lazy\" decoding=\"async\" width=\"768\" height=\"511\" src=\"https:\/\/www.elturistatranquil.com\/wp-content\/uploads\/F67-Convento-de-las-Bernardas-de-Almagro.jpg\" class=\"attachment-large size-large wp-image-24776\" alt=\"Convento de las Bernardas de Almagro\" srcset=\"https:\/\/www.elturistatranquil.com\/wp-content\/uploads\/F67-Convento-de-las-Bernardas-de-Almagro.jpg 768w, https:\/\/www.elturistatranquil.com\/wp-content\/uploads\/F67-Convento-de-las-Bernardas-de-Almagro-339x226.jpg 339w\" sizes=\"(max-width: 768px) 100vw, 768px\" \/>\t\t\t\t\t\t\t\t\t\t\t<figcaption class=\"widget-image-caption wp-caption-text\"><\/figcaption>\n\t\t\t\t\t\t\t\t\t\t<\/figure>\n\t\t\t\t\t\t\t\t\t<\/div>\n\t\t\t\t<\/div>\n\t\t\t\t<div class=\"elementor-element elementor-element-d16ca36 elementor-widget elementor-widget-heading\" data-id=\"d16ca36\" data-element_type=\"widget\" data-e-type=\"widget\" data-widget_type=\"heading.default\">\n\t\t\t\t<div class=\"elementor-widget-container\">\n\t\t\t\t\t<h3 class=\"elementor-heading-title elementor-size-default\">Convent de Santa Catalina de Siena. Parador Nacional de Turismo <\/h3>\t\t\t\t<\/div>\n\t\t\t\t<\/div>\n\t\t\t\t<div class=\"elementor-element elementor-element-6c3bbd7a elementor-widget elementor-widget-text-editor\" data-id=\"6c3bbd7a\" data-element_type=\"widget\" data-e-type=\"widget\" data-widget_type=\"text-editor.default\">\n\t\t\t\t<div class=\"elementor-widget-container\">\n\t\t\t\t\t\t\t\t\t<p>Seguint pel <strong>carrer Peralta<\/strong>, entre la casa del Capellan i el Monestir, doblego la cantonada d\u2019aquest \u00faltim pel <strong>carrer San Francisco,<\/strong> per arribar al l\u00edmit de l&#8217;antiga muralla, actual <strong>Ronda de San Francisco<\/strong>.<\/p><p>Al davant, a la dreta, apareix un extens edifici que corresponia al <strong>Convent de Santa Catalina de Siena<\/strong>, actual <strong>Parador Nacional de Turisme d&#8217;Almagro<\/strong> (<strong>19<\/strong>).<\/p><p>A l&#8217;esquerra l&#8217;Esgl\u00e9sia i tot seguit el Convent, d&#8217;estil renaixentista.<\/p><p>Fundat el 1596 per iniciativa del senyor don Jer\u00f3nimo de \u00c1vila y de la Cueva, complint la voluntat testament\u00e0ria de la seva jove esposa donya Catalina de Sanabria. Es va fer c\u00e0rrec d&#8217;ell l&#8217;orde francisc\u00e0.<\/p><p>El conjunt edificat actual ha estat \u00e0mpliament engrandit, seguint l&#8217;estil de l&#8217;obra original.<\/p>\t\t\t\t\t\t\t\t<\/div>\n\t\t\t\t<\/div>\n\t\t\t\t<div class=\"elementor-element elementor-element-3a92d634 elementor-widget elementor-widget-image\" data-id=\"3a92d634\" data-element_type=\"widget\" data-e-type=\"widget\" data-widget_type=\"image.default\">\n\t\t\t\t<div class=\"elementor-widget-container\">\n\t\t\t\t\t\t\t\t\t\t\t\t<figure class=\"wp-caption\">\n\t\t\t\t\t\t\t\t\t\t<img loading=\"lazy\" decoding=\"async\" width=\"768\" height=\"511\" src=\"https:\/\/www.elturistatranquil.com\/wp-content\/uploads\/F68-Convento-de-Santa-Catalina-.jpg\" class=\"attachment-large size-large wp-image-24778\" alt=\"Convento de Santa Catalina\" srcset=\"https:\/\/www.elturistatranquil.com\/wp-content\/uploads\/F68-Convento-de-Santa-Catalina-.jpg 768w, https:\/\/www.elturistatranquil.com\/wp-content\/uploads\/F68-Convento-de-Santa-Catalina--339x226.jpg 339w\" sizes=\"(max-width: 768px) 100vw, 768px\" \/>\t\t\t\t\t\t\t\t\t\t\t<figcaption class=\"widget-image-caption wp-caption-text\"><\/figcaption>\n\t\t\t\t\t\t\t\t\t\t<\/figure>\n\t\t\t\t\t\t\t\t\t<\/div>\n\t\t\t\t<\/div>\n\t\t\t\t<div class=\"elementor-element elementor-element-3cf1b26e elementor-widget elementor-widget-image\" data-id=\"3cf1b26e\" data-element_type=\"widget\" data-e-type=\"widget\" data-widget_type=\"image.default\">\n\t\t\t\t<div class=\"elementor-widget-container\">\n\t\t\t\t\t\t\t\t\t\t\t\t<figure class=\"wp-caption\">\n\t\t\t\t\t\t\t\t\t\t<img loading=\"lazy\" decoding=\"async\" width=\"768\" height=\"511\" src=\"https:\/\/www.elturistatranquil.com\/wp-content\/uploads\/F69-Parador-Nacional-de-Turismo-de-Almagro.jpg\" class=\"attachment-large size-large wp-image-24780\" alt=\"Parador Nacional de Turismo de Almagro\" srcset=\"https:\/\/www.elturistatranquil.com\/wp-content\/uploads\/F69-Parador-Nacional-de-Turismo-de-Almagro.jpg 768w, https:\/\/www.elturistatranquil.com\/wp-content\/uploads\/F69-Parador-Nacional-de-Turismo-de-Almagro-339x226.jpg 339w\" sizes=\"(max-width: 768px) 100vw, 768px\" \/>\t\t\t\t\t\t\t\t\t\t\t<figcaption class=\"widget-image-caption wp-caption-text\"><\/figcaption>\n\t\t\t\t\t\t\t\t\t\t<\/figure>\n\t\t\t\t\t\t\t\t\t<\/div>\n\t\t\t\t<\/div>\n\t\t\t\t<div class=\"elementor-element elementor-element-6d1494dd elementor-widget elementor-widget-menu-anchor\" data-id=\"6d1494dd\" data-element_type=\"widget\" data-e-type=\"widget\" data-widget_type=\"menu-anchor.default\">\n\t\t\t\t<div class=\"elementor-widget-container\">\n\t\t\t\t\t\t\t<div class=\"elementor-menu-anchor\" id=\"c3924\"><\/div>\n\t\t\t\t\t\t<\/div>\n\t\t\t\t<\/div>\n\t\t\t\t<div class=\"elementor-element elementor-element-2a967b31 elementor-widget elementor-widget-image\" data-id=\"2a967b31\" data-element_type=\"widget\" data-e-type=\"widget\" data-widget_type=\"image.default\">\n\t\t\t\t<div class=\"elementor-widget-container\">\n\t\t\t\t\t\t\t\t\t\t\t\t<figure class=\"wp-caption\">\n\t\t\t\t\t\t\t\t\t\t<img loading=\"lazy\" decoding=\"async\" width=\"768\" height=\"511\" src=\"https:\/\/www.elturistatranquil.com\/wp-content\/uploads\/F70-Parador-Nacional-de-Turismo-de-Almagro.jpg\" class=\"attachment-large size-large wp-image-24782\" alt=\"Parador Nacional de Turismo de Almagro\" srcset=\"https:\/\/www.elturistatranquil.com\/wp-content\/uploads\/F70-Parador-Nacional-de-Turismo-de-Almagro.jpg 768w, https:\/\/www.elturistatranquil.com\/wp-content\/uploads\/F70-Parador-Nacional-de-Turismo-de-Almagro-339x226.jpg 339w\" sizes=\"(max-width: 768px) 100vw, 768px\" \/>\t\t\t\t\t\t\t\t\t\t\t<figcaption class=\"widget-image-caption wp-caption-text\"><\/figcaption>\n\t\t\t\t\t\t\t\t\t\t<\/figure>\n\t\t\t\t\t\t\t\t\t<\/div>\n\t\t\t\t<\/div>\n\t\t\t\t<div class=\"elementor-element elementor-element-3426590 elementor-widget elementor-widget-heading\" data-id=\"3426590\" data-element_type=\"widget\" data-e-type=\"widget\" data-widget_type=\"heading.default\">\n\t\t\t\t<div class=\"elementor-widget-container\">\n\t\t\t\t\t<h3 class=\"elementor-heading-title elementor-size-default\">Porta de Valenzuela<\/h3>\t\t\t\t<\/div>\n\t\t\t\t<\/div>\n\t\t\t\t<div class=\"elementor-element elementor-element-1c9fb126 elementor-widget elementor-widget-text-editor\" data-id=\"1c9fb126\" data-element_type=\"widget\" data-e-type=\"widget\" data-widget_type=\"text-editor.default\">\n\t\t\t\t<div class=\"elementor-widget-container\">\n\t\t\t\t\t\t\t\t\t<p>Seguint el recorregut del que va ser la muralla cap a la dreta es gira entrant al <strong>carrer Carreter\u00eda<\/strong>. Caminant un curt tros, el primera cap de carrer en direcci\u00f3 al centre hist\u00f2ric presenta dues columnes de ma\u00f3 adossades als edificis de cada costat del carrer.<\/p><p>\u00c9s el que queda de la <strong>Porta de Valenzuela<\/strong> (<strong>20<\/strong>).<\/p><p>El seu nom ja ens indica que era la sortida en direcci\u00f3 a Valenzuela de Calatrava, al sud-oest.<\/p>\t\t\t\t\t\t\t\t<\/div>\n\t\t\t\t<\/div>\n\t\t\t\t<div class=\"elementor-element elementor-element-15297e3e elementor-widget elementor-widget-image\" data-id=\"15297e3e\" data-element_type=\"widget\" data-e-type=\"widget\" data-widget_type=\"image.default\">\n\t\t\t\t<div class=\"elementor-widget-container\">\n\t\t\t\t\t\t\t\t\t\t\t\t<figure class=\"wp-caption\">\n\t\t\t\t\t\t\t\t\t\t<img loading=\"lazy\" decoding=\"async\" width=\"768\" height=\"511\" src=\"https:\/\/www.elturistatranquil.com\/wp-content\/uploads\/F71-Puerta-de-Valenzuela-de-Almagro.jpg\" class=\"attachment-large size-large wp-image-24784\" alt=\"Puerta de Valenzuela de Almagro\" srcset=\"https:\/\/www.elturistatranquil.com\/wp-content\/uploads\/F71-Puerta-de-Valenzuela-de-Almagro.jpg 768w, https:\/\/www.elturistatranquil.com\/wp-content\/uploads\/F71-Puerta-de-Valenzuela-de-Almagro-339x226.jpg 339w\" sizes=\"(max-width: 768px) 100vw, 768px\" \/>\t\t\t\t\t\t\t\t\t\t\t<figcaption class=\"widget-image-caption wp-caption-text\"><\/figcaption>\n\t\t\t\t\t\t\t\t\t\t<\/figure>\n\t\t\t\t\t\t\t\t\t<\/div>\n\t\t\t\t<\/div>\n\t\t\t\t<div class=\"elementor-element elementor-element-6ee6092a elementor-widget elementor-widget-text-editor\" data-id=\"6ee6092a\" data-element_type=\"widget\" data-e-type=\"widget\" data-widget_type=\"text-editor.default\">\n\t\t\t\t<div class=\"elementor-widget-container\">\n\t\t\t\t\t\t\t\t\t<p>Entro per l&#8217;antiga Porta, pel <strong>carrer Franciscas<\/strong> i de seguida s&#8217;arriba a la <strong>placeta de don Miguel de Cervantes<\/strong>.<\/p><p>L&#8217;edifici \u00e9s del Col\u00b7legi P\u00fablic Miguel de Cervantes, i em posa en contacte amb el segle XXI, veient jugar als seus alumnes al pati que d\u00f3na al carrer. Aqu\u00ed est\u00e0 el futur gaudint amb una intensa guerra de pistoles d&#8217;aigua, de la qual vaig haver-me d\u2019apartar per no sortir remullat.<\/p>\t\t\t\t\t\t\t\t<\/div>\n\t\t\t\t<\/div>\n\t\t\t\t<div class=\"elementor-element elementor-element-622658f elementor-widget elementor-widget-menu-anchor\" data-id=\"622658f\" data-element_type=\"widget\" data-e-type=\"widget\" data-widget_type=\"menu-anchor.default\">\n\t\t\t\t<div class=\"elementor-widget-container\">\n\t\t\t\t\t\t\t<div class=\"elementor-menu-anchor\" id=\"c3925\"><\/div>\n\t\t\t\t\t\t<\/div>\n\t\t\t\t<\/div>\n\t\t\t\t<div class=\"elementor-element elementor-element-329fff59 elementor-widget elementor-widget-image\" data-id=\"329fff59\" data-element_type=\"widget\" data-e-type=\"widget\" data-widget_type=\"image.default\">\n\t\t\t\t<div class=\"elementor-widget-container\">\n\t\t\t\t\t\t\t\t\t\t\t\t<figure class=\"wp-caption\">\n\t\t\t\t\t\t\t\t\t\t<img loading=\"lazy\" decoding=\"async\" width=\"768\" height=\"511\" src=\"https:\/\/www.elturistatranquil.com\/wp-content\/uploads\/F72-Almagro.jpg\" class=\"attachment-large size-large wp-image-24786\" alt=\"Almagro\" srcset=\"https:\/\/www.elturistatranquil.com\/wp-content\/uploads\/F72-Almagro.jpg 768w, https:\/\/www.elturistatranquil.com\/wp-content\/uploads\/F72-Almagro-339x226.jpg 339w\" sizes=\"(max-width: 768px) 100vw, 768px\" \/>\t\t\t\t\t\t\t\t\t\t\t<figcaption class=\"widget-image-caption wp-caption-text\"><\/figcaption>\n\t\t\t\t\t\t\t\t\t\t<\/figure>\n\t\t\t\t\t\t\t\t\t<\/div>\n\t\t\t\t<\/div>\n\t\t\t\t<div class=\"elementor-element elementor-element-4c4d433e elementor-widget elementor-widget-heading\" data-id=\"4c4d433e\" data-element_type=\"widget\" data-e-type=\"widget\" data-widget_type=\"heading.default\">\n\t\t\t\t<div class=\"elementor-widget-container\">\n\t\t\t\t\t<h3 class=\"elementor-heading-title elementor-size-default\">Casa del Marqu\u00e9s de las Hormazas<\/h3>\t\t\t\t<\/div>\n\t\t\t\t<\/div>\n\t\t\t\t<div class=\"elementor-element elementor-element-309cfb47 elementor-widget elementor-widget-text-editor\" data-id=\"309cfb47\" data-element_type=\"widget\" data-e-type=\"widget\" data-widget_type=\"text-editor.default\">\n\t\t\t\t<div class=\"elementor-widget-container\">\n\t\t\t\t\t\t\t\t\t<p>Tornem a la Hist\u00f2ria. Enfilo a l&#8217;esquerra en direcci\u00f3 nord cap al <strong>carrer Marqu\u00e8s de las Hormazas<\/strong>.<\/p><p>En el n\u00ba 11 del carrer del mateix nom resta la porta renaixentista de la <strong>Casa del Marqu\u00e8s de las Hormazas<\/strong> (<strong>21<\/strong>), que havia estat una de les cases principals d&#8217;Almagro.<\/p>\t\t\t\t\t\t\t\t<\/div>\n\t\t\t\t<\/div>\n\t\t\t\t<div class=\"elementor-element elementor-element-5709b7dc elementor-widget elementor-widget-menu-anchor\" data-id=\"5709b7dc\" data-element_type=\"widget\" data-e-type=\"widget\" data-widget_type=\"menu-anchor.default\">\n\t\t\t\t<div class=\"elementor-widget-container\">\n\t\t\t\t\t\t\t<div class=\"elementor-menu-anchor\" id=\"c3926\"><\/div>\n\t\t\t\t\t\t<\/div>\n\t\t\t\t<\/div>\n\t\t\t\t<div class=\"elementor-element elementor-element-748fa7fb elementor-widget elementor-widget-image\" data-id=\"748fa7fb\" data-element_type=\"widget\" data-e-type=\"widget\" data-widget_type=\"image.default\">\n\t\t\t\t<div class=\"elementor-widget-container\">\n\t\t\t\t\t\t\t\t\t\t\t\t<figure class=\"wp-caption\">\n\t\t\t\t\t\t\t\t\t\t<img loading=\"lazy\" decoding=\"async\" width=\"768\" height=\"511\" src=\"https:\/\/www.elturistatranquil.com\/wp-content\/uploads\/F73-Casa-del-Marqu\u00e9s-de-las-Hormazas-de-Almagro.jpg\" class=\"attachment-large size-large wp-image-24788\" alt=\"Casa del Marqu\u00e9s de las Hormazas de Almagro\" srcset=\"https:\/\/www.elturistatranquil.com\/wp-content\/uploads\/F73-Casa-del-Marqu\u00e9s-de-las-Hormazas-de-Almagro.jpg 768w, https:\/\/www.elturistatranquil.com\/wp-content\/uploads\/F73-Casa-del-Marqu\u00e9s-de-las-Hormazas-de-Almagro-339x226.jpg 339w\" sizes=\"(max-width: 768px) 100vw, 768px\" \/>\t\t\t\t\t\t\t\t\t\t\t<figcaption class=\"widget-image-caption wp-caption-text\"><\/figcaption>\n\t\t\t\t\t\t\t\t\t\t<\/figure>\n\t\t\t\t\t\t\t\t\t<\/div>\n\t\t\t\t<\/div>\n\t\t\t\t<div class=\"elementor-element elementor-element-4dbd7926 elementor-widget elementor-widget-heading\" data-id=\"4dbd7926\" data-element_type=\"widget\" data-e-type=\"widget\" data-widget_type=\"heading.default\">\n\t\t\t\t<div class=\"elementor-widget-container\">\n\t\t\t\t\t<h3 class=\"elementor-heading-title elementor-size-default\">Palau dels Oviedo<\/h3>\t\t\t\t<\/div>\n\t\t\t\t<\/div>\n\t\t\t\t<div class=\"elementor-element elementor-element-7c15778b elementor-widget elementor-widget-text-editor\" data-id=\"7c15778b\" data-element_type=\"widget\" data-e-type=\"widget\" data-widget_type=\"text-editor.default\">\n\t\t\t\t<div class=\"elementor-widget-container\">\n\t\t\t\t\t\t\t\t\t<p>A la cantonada seg\u00fcent, enfrontada al <strong>carrer Ram\u00f3n y Cajal<\/strong>, la portada renaixentista del <strong>Palau dels Oviedo<\/strong> (<strong>22<\/strong>) del segle XVI. Els Oviedo van ser una de les fam\u00edlies principals d&#8217;Almagro.<\/p>\t\t\t\t\t\t\t\t<\/div>\n\t\t\t\t<\/div>\n\t\t\t\t<div class=\"elementor-element elementor-element-6fbe8f78 elementor-widget elementor-widget-image\" data-id=\"6fbe8f78\" data-element_type=\"widget\" data-e-type=\"widget\" data-widget_type=\"image.default\">\n\t\t\t\t<div class=\"elementor-widget-container\">\n\t\t\t\t\t\t\t\t\t\t\t\t<figure class=\"wp-caption\">\n\t\t\t\t\t\t\t\t\t\t<img loading=\"lazy\" decoding=\"async\" width=\"768\" height=\"512\" src=\"https:\/\/www.elturistatranquil.com\/wp-content\/uploads\/F74-Palacio-de-los-Oviedo-de-Almagro.jpg\" class=\"attachment-large size-large wp-image-24790\" alt=\"Palacio de los Oviedo de Almagro\" srcset=\"https:\/\/www.elturistatranquil.com\/wp-content\/uploads\/F74-Palacio-de-los-Oviedo-de-Almagro.jpg 768w, https:\/\/www.elturistatranquil.com\/wp-content\/uploads\/F74-Palacio-de-los-Oviedo-de-Almagro-339x226.jpg 339w\" sizes=\"(max-width: 768px) 100vw, 768px\" \/>\t\t\t\t\t\t\t\t\t\t\t<figcaption class=\"widget-image-caption wp-caption-text\"><\/figcaption>\n\t\t\t\t\t\t\t\t\t\t<\/figure>\n\t\t\t\t\t\t\t\t\t<\/div>\n\t\t\t\t<\/div>\n\t\t\t\t<div class=\"elementor-element elementor-element-112d3c3b elementor-widget elementor-widget-text-editor\" data-id=\"112d3c3b\" data-element_type=\"widget\" data-e-type=\"widget\" data-widget_type=\"text-editor.default\">\n\t\t\t\t<div class=\"elementor-widget-container\">\n\t\t\t\t\t\t\t\t\t<p>El solar d&#8217;aquest palau va ser un cinema d&#8217;estiu. Es poden veure les guixetes en el mur.<\/p>\t\t\t\t\t\t\t\t<\/div>\n\t\t\t\t<\/div>\n\t\t\t\t<div class=\"elementor-element elementor-element-551b702 elementor-widget elementor-widget-image\" data-id=\"551b702\" data-element_type=\"widget\" data-e-type=\"widget\" data-widget_type=\"image.default\">\n\t\t\t\t<div class=\"elementor-widget-container\">\n\t\t\t\t\t\t\t\t\t\t\t\t<figure class=\"wp-caption\">\n\t\t\t\t\t\t\t\t\t\t<img loading=\"lazy\" decoding=\"async\" width=\"768\" height=\"511\" src=\"https:\/\/www.elturistatranquil.com\/wp-content\/uploads\/F75-Palacio-de-los-Oviedo-de-Almagro.jpg\" class=\"attachment-large size-large wp-image-24792\" alt=\"Palacio de los Oviedo de Almagro\" srcset=\"https:\/\/www.elturistatranquil.com\/wp-content\/uploads\/F75-Palacio-de-los-Oviedo-de-Almagro.jpg 768w, https:\/\/www.elturistatranquil.com\/wp-content\/uploads\/F75-Palacio-de-los-Oviedo-de-Almagro-339x226.jpg 339w\" sizes=\"(max-width: 768px) 100vw, 768px\" \/>\t\t\t\t\t\t\t\t\t\t\t<figcaption class=\"widget-image-caption wp-caption-text\"><\/figcaption>\n\t\t\t\t\t\t\t\t\t\t<\/figure>\n\t\t\t\t\t\t\t\t\t<\/div>\n\t\t\t\t<\/div>\n\t\t\t\t<div class=\"elementor-element elementor-element-67c9bfe elementor-widget elementor-widget-menu-anchor\" data-id=\"67c9bfe\" data-element_type=\"widget\" data-e-type=\"widget\" data-widget_type=\"menu-anchor.default\">\n\t\t\t\t<div class=\"elementor-widget-container\">\n\t\t\t\t\t\t\t<div class=\"elementor-menu-anchor\" id=\"c3927\"><\/div>\n\t\t\t\t\t\t<\/div>\n\t\t\t\t<\/div>\n\t\t\t\t<div class=\"elementor-element elementor-element-417b6b96 elementor-widget elementor-widget-text-editor\" data-id=\"417b6b96\" data-element_type=\"widget\" data-e-type=\"widget\" data-widget_type=\"text-editor.default\">\n\t\t\t\t<div class=\"elementor-widget-container\">\n\t\t\t\t\t\t\t\t\t<p>Prossegueixo pel carrer Ram\u00f3n i Cajal que acaba davant dels Palaus Maestrales. Abans de visitar-los, com em trobo en el costat oest de la Pla\u00e7a Major, al qual no m&#8217;havia acostat en la visita a la Pla\u00e7a, girar\u00e9 a la dreta fins a l&#8217;entrada del <strong>carrer de las Nieves<\/strong>.<\/p>\t\t\t\t\t\t\t\t<\/div>\n\t\t\t\t<\/div>\n\t\t\t\t<div class=\"elementor-element elementor-element-6e04bece elementor-widget elementor-widget-heading\" data-id=\"6e04bece\" data-element_type=\"widget\" data-e-type=\"widget\" data-widget_type=\"heading.default\">\n\t\t\t\t<div class=\"elementor-widget-container\">\n\t\t\t\t\t<h3 class=\"elementor-heading-title elementor-size-default\">Casa Pairal de los Rosales<\/h3>\t\t\t\t<\/div>\n\t\t\t\t<\/div>\n\t\t\t\t<div class=\"elementor-element elementor-element-4f88a019 elementor-widget elementor-widget-text-editor\" data-id=\"4f88a019\" data-element_type=\"widget\" data-e-type=\"widget\" data-widget_type=\"text-editor.default\">\n\t\t\t\t<div class=\"elementor-widget-container\">\n\t\t\t\t\t\t\t\t\t<p>Just a la cantonada de la Pla\u00e7a, en el n\u00ba 33, i abans d&#8217;entrar al carrer de las Nieves, volia s&#8217;observa la fa\u00e7ana de la <strong>Casa Pairal de los Rosales<\/strong> (<strong>23<\/strong>).<\/p><p>Edifici renaixentista de dues plantes de principis del segle XVIII i constru\u00efda en aparell toled\u00e0. Portada entre barroca i herreriana.<\/p>\t\t\t\t\t\t\t\t<\/div>\n\t\t\t\t<\/div>\n\t\t\t\t<div class=\"elementor-element elementor-element-5ffe2bba elementor-widget elementor-widget-image\" data-id=\"5ffe2bba\" data-element_type=\"widget\" data-e-type=\"widget\" data-widget_type=\"image.default\">\n\t\t\t\t<div class=\"elementor-widget-container\">\n\t\t\t\t\t\t\t\t\t\t\t\t<figure class=\"wp-caption\">\n\t\t\t\t\t\t\t\t\t\t<img loading=\"lazy\" decoding=\"async\" width=\"768\" height=\"511\" src=\"https:\/\/www.elturistatranquil.com\/wp-content\/uploads\/F76-Casa-Solariega-de-los-Rosales-de-Almagro.jpg\" class=\"attachment-large size-large wp-image-24794\" alt=\"Casa Solariega de los Rosales de Almagro\" srcset=\"https:\/\/www.elturistatranquil.com\/wp-content\/uploads\/F76-Casa-Solariega-de-los-Rosales-de-Almagro.jpg 768w, https:\/\/www.elturistatranquil.com\/wp-content\/uploads\/F76-Casa-Solariega-de-los-Rosales-de-Almagro-339x226.jpg 339w\" sizes=\"(max-width: 768px) 100vw, 768px\" \/>\t\t\t\t\t\t\t\t\t\t\t<figcaption class=\"widget-image-caption wp-caption-text\"><\/figcaption>\n\t\t\t\t\t\t\t\t\t\t<\/figure>\n\t\t\t\t\t\t\t\t\t<\/div>\n\t\t\t\t<\/div>\n\t\t\t\t<div class=\"elementor-element elementor-element-6fafbed6 elementor-widget elementor-widget-text-editor\" data-id=\"6fafbed6\" data-element_type=\"widget\" data-e-type=\"widget\" data-widget_type=\"text-editor.default\">\n\t\t\t\t<div class=\"elementor-widget-container\">\n\t\t\t\t\t\t\t\t\t<p>Escut amb les armes dels Rosales, Medrano, D\u00e1vila i Fajardo.<\/p>\t\t\t\t\t\t\t\t<\/div>\n\t\t\t\t<\/div>\n\t\t\t\t<div class=\"elementor-element elementor-element-5a1cb941 elementor-widget elementor-widget-menu-anchor\" data-id=\"5a1cb941\" data-element_type=\"widget\" data-e-type=\"widget\" data-widget_type=\"menu-anchor.default\">\n\t\t\t\t<div class=\"elementor-widget-container\">\n\t\t\t\t\t\t\t<div class=\"elementor-menu-anchor\" id=\"c3928\"><\/div>\n\t\t\t\t\t\t<\/div>\n\t\t\t\t<\/div>\n\t\t\t\t<div class=\"elementor-element elementor-element-5ed22d5e elementor-widget elementor-widget-image\" data-id=\"5ed22d5e\" data-element_type=\"widget\" data-e-type=\"widget\" data-widget_type=\"image.default\">\n\t\t\t\t<div class=\"elementor-widget-container\">\n\t\t\t\t\t\t\t\t\t\t\t\t<figure class=\"wp-caption\">\n\t\t\t\t\t\t\t\t\t\t<img loading=\"lazy\" decoding=\"async\" width=\"366\" height=\"550\" src=\"https:\/\/www.elturistatranquil.com\/wp-content\/uploads\/F77-Casa-Solariega-de-los-Rosales-de-Almagro.jpg\" class=\"attachment-large size-large wp-image-24796\" alt=\"Casa Solariega de los Rosales de Almagro\" srcset=\"https:\/\/www.elturistatranquil.com\/wp-content\/uploads\/F77-Casa-Solariega-de-los-Rosales-de-Almagro.jpg 366w, https:\/\/www.elturistatranquil.com\/wp-content\/uploads\/F77-Casa-Solariega-de-los-Rosales-de-Almagro-150x226.jpg 150w\" sizes=\"(max-width: 366px) 100vw, 366px\" \/>\t\t\t\t\t\t\t\t\t\t\t<figcaption class=\"widget-image-caption wp-caption-text\"><\/figcaption>\n\t\t\t\t\t\t\t\t\t\t<\/figure>\n\t\t\t\t\t\t\t\t\t<\/div>\n\t\t\t\t<\/div>\n\t\t\t\t<div class=\"elementor-element elementor-element-2e824ad2 elementor-widget elementor-widget-heading\" data-id=\"2e824ad2\" data-element_type=\"widget\" data-e-type=\"widget\" data-widget_type=\"heading.default\">\n\t\t\t\t<div class=\"elementor-widget-container\">\n\t\t\t\t\t<h3 class=\"elementor-heading-title elementor-size-default\">Palaus Maestrales. Museu Nacional del Teatre<\/h3>\t\t\t\t<\/div>\n\t\t\t\t<\/div>\n\t\t\t\t<div class=\"elementor-element elementor-element-7ec13583 elementor-widget elementor-widget-text-editor\" data-id=\"7ec13583\" data-element_type=\"widget\" data-e-type=\"widget\" data-widget_type=\"text-editor.default\">\n\t\t\t\t<div class=\"elementor-widget-container\">\n\t\t\t\t\t\t\t\t\t<p>Des de la casa dels Rosales es t\u00e9 una magn\u00edfica perspectiva de l&#8217;actual edificaci\u00f3 on es trobaven els <strong>Palaus Maestrales<\/strong> (<strong>24<\/strong>) i l&#8217;extrem oest de la Pla\u00e7a Major, als jardins que ocupen la derru\u00efda Esgl\u00e9sia de San Bartolom\u00e9, ja esmentada.<\/p>\t\t\t\t\t\t\t\t<\/div>\n\t\t\t\t<\/div>\n\t\t\t\t<div class=\"elementor-element elementor-element-edc92bd elementor-widget elementor-widget-image\" data-id=\"edc92bd\" data-element_type=\"widget\" data-e-type=\"widget\" data-widget_type=\"image.default\">\n\t\t\t\t<div class=\"elementor-widget-container\">\n\t\t\t\t\t\t\t\t\t\t\t\t<figure class=\"wp-caption\">\n\t\t\t\t\t\t\t\t\t\t<img loading=\"lazy\" decoding=\"async\" width=\"768\" height=\"511\" src=\"https:\/\/www.elturistatranquil.com\/wp-content\/uploads\/F78-Palacios-Maestrales-de-Almagro.jpg\" class=\"attachment-large size-large wp-image-24798\" alt=\"Palacios Maestrales de Almagro\" srcset=\"https:\/\/www.elturistatranquil.com\/wp-content\/uploads\/F78-Palacios-Maestrales-de-Almagro.jpg 768w, https:\/\/www.elturistatranquil.com\/wp-content\/uploads\/F78-Palacios-Maestrales-de-Almagro-339x226.jpg 339w\" sizes=\"(max-width: 768px) 100vw, 768px\" \/>\t\t\t\t\t\t\t\t\t\t\t<figcaption class=\"widget-image-caption wp-caption-text\"><\/figcaption>\n\t\t\t\t\t\t\t\t\t\t<\/figure>\n\t\t\t\t\t\t\t\t\t<\/div>\n\t\t\t\t<\/div>\n\t\t\t\t<div class=\"elementor-element elementor-element-5fef2470 elementor-widget elementor-widget-text-editor\" data-id=\"5fef2470\" data-element_type=\"widget\" data-e-type=\"widget\" data-widget_type=\"text-editor.default\">\n\t\t\t\t<div class=\"elementor-widget-container\">\n\t\t\t\t\t\t\t\t\t<p>L\u2019edifici originari dels Palaus Maestrales \u00e9s del segle XIII, molt modificat posteriorment.<\/p><p>A l&#8217;espai que van ocupar els Palaus Maestrales va poder haver estat empla\u00e7at el petit castell almohade, denominat &#8220;Almagrib&#8221;, ja citat, com a origen del lloc.<\/p><p>Va ser la seu administrativa de l&#8217;Ordre de Calatrava quan es va assentar a Almagro. Posteriorment va ser ocupat pels governadors reials patint un incendi que va destruir gran part de l&#8217;estructura.<\/p><p>El pati conserva alguns elements de la construcci\u00f3 mud\u00e8jar original.<\/p>\t\t\t\t\t\t\t\t<\/div>\n\t\t\t\t<\/div>\n\t\t\t\t<div class=\"elementor-element elementor-element-7e298c25 elementor-widget elementor-widget-image\" data-id=\"7e298c25\" data-element_type=\"widget\" data-e-type=\"widget\" data-widget_type=\"image.default\">\n\t\t\t\t<div class=\"elementor-widget-container\">\n\t\t\t\t\t\t\t\t\t\t\t\t<figure class=\"wp-caption\">\n\t\t\t\t\t\t\t\t\t\t<img loading=\"lazy\" decoding=\"async\" width=\"768\" height=\"511\" src=\"https:\/\/www.elturistatranquil.com\/wp-content\/uploads\/F79-Palacios-Maestrales-de-Almagro.jpg\" class=\"attachment-large size-large wp-image-24800\" alt=\"Palacios Maestrales de Almagro\" srcset=\"https:\/\/www.elturistatranquil.com\/wp-content\/uploads\/F79-Palacios-Maestrales-de-Almagro.jpg 768w, https:\/\/www.elturistatranquil.com\/wp-content\/uploads\/F79-Palacios-Maestrales-de-Almagro-339x226.jpg 339w\" sizes=\"(max-width: 768px) 100vw, 768px\" \/>\t\t\t\t\t\t\t\t\t\t\t<figcaption class=\"widget-image-caption wp-caption-text\"><\/figcaption>\n\t\t\t\t\t\t\t\t\t\t<\/figure>\n\t\t\t\t\t\t\t\t\t<\/div>\n\t\t\t\t<\/div>\n\t\t\t\t<div class=\"elementor-element elementor-element-29923edc elementor-widget elementor-widget-text-editor\" data-id=\"29923edc\" data-element_type=\"widget\" data-e-type=\"widget\" data-widget_type=\"text-editor.default\">\n\t\t\t\t<div class=\"elementor-widget-container\">\n\t\t\t\t\t\t\t\t\t<p>Al segle XX es va utilitzar com a casino i sala de ball i l&#8217;actual estructura de ma\u00f3 i formig\u00f3 alberga el <strong>Museu Nacional de Teatre<\/strong> (<strong>24<\/strong>), inaugurat el 1989.<\/p>\t\t\t\t\t\t\t\t<\/div>\n\t\t\t\t<\/div>\n\t\t\t\t<div class=\"elementor-element elementor-element-48d58315 elementor-widget elementor-widget-image\" data-id=\"48d58315\" data-element_type=\"widget\" data-e-type=\"widget\" data-widget_type=\"image.default\">\n\t\t\t\t<div class=\"elementor-widget-container\">\n\t\t\t\t\t\t\t\t\t\t\t\t<figure class=\"wp-caption\">\n\t\t\t\t\t\t\t\t\t\t<img loading=\"lazy\" decoding=\"async\" width=\"768\" height=\"511\" src=\"https:\/\/www.elturistatranquil.com\/wp-content\/uploads\/F80-Museo-Nacional-del-Teatro-de-Almagro.jpg\" class=\"attachment-large size-large wp-image-24802\" alt=\"Museo Nacional del Teatro de Almagro\" srcset=\"https:\/\/www.elturistatranquil.com\/wp-content\/uploads\/F80-Museo-Nacional-del-Teatro-de-Almagro.jpg 768w, https:\/\/www.elturistatranquil.com\/wp-content\/uploads\/F80-Museo-Nacional-del-Teatro-de-Almagro-339x226.jpg 339w\" sizes=\"(max-width: 768px) 100vw, 768px\" \/>\t\t\t\t\t\t\t\t\t\t\t<figcaption class=\"widget-image-caption wp-caption-text\"><\/figcaption>\n\t\t\t\t\t\t\t\t\t\t<\/figure>\n\t\t\t\t\t\t\t\t\t<\/div>\n\t\t\t\t<\/div>\n\t\t\t\t<div class=\"elementor-element elementor-element-3c8150da elementor-widget elementor-widget-text-editor\" data-id=\"3c8150da\" data-element_type=\"widget\" data-e-type=\"widget\" data-widget_type=\"text-editor.default\">\n\t\t\t\t<div class=\"elementor-widget-container\">\n\t\t\t\t\t\t\t\t\t<p>En tres nivells, es repassa la hist\u00f2ria del teatre a Espanya, des del teatre greco-rom\u00e0 fins a l&#8217;actualitat.<\/p>\t\t\t\t\t\t\t\t<\/div>\n\t\t\t\t<\/div>\n\t\t\t\t<div class=\"elementor-element elementor-element-66b442fd elementor-widget elementor-widget-image\" data-id=\"66b442fd\" data-element_type=\"widget\" data-e-type=\"widget\" data-widget_type=\"image.default\">\n\t\t\t\t<div class=\"elementor-widget-container\">\n\t\t\t\t\t\t\t\t\t\t\t\t<figure class=\"wp-caption\">\n\t\t\t\t\t\t\t\t\t\t<img loading=\"lazy\" decoding=\"async\" width=\"768\" height=\"511\" src=\"https:\/\/www.elturistatranquil.com\/wp-content\/uploads\/F81-Museo-Nacional-del-Teatro-de-Almagro.jpg\" class=\"attachment-large size-large wp-image-24804\" alt=\"Museo Nacional del Teatro de Almagro\" srcset=\"https:\/\/www.elturistatranquil.com\/wp-content\/uploads\/F81-Museo-Nacional-del-Teatro-de-Almagro.jpg 768w, https:\/\/www.elturistatranquil.com\/wp-content\/uploads\/F81-Museo-Nacional-del-Teatro-de-Almagro-339x226.jpg 339w\" sizes=\"(max-width: 768px) 100vw, 768px\" \/>\t\t\t\t\t\t\t\t\t\t\t<figcaption class=\"widget-image-caption wp-caption-text\"><\/figcaption>\n\t\t\t\t\t\t\t\t\t\t<\/figure>\n\t\t\t\t\t\t\t\t\t<\/div>\n\t\t\t\t<\/div>\n\t\t\t\t<div class=\"elementor-element elementor-element-52fd2ac8 elementor-widget elementor-widget-image\" data-id=\"52fd2ac8\" data-element_type=\"widget\" data-e-type=\"widget\" data-widget_type=\"image.default\">\n\t\t\t\t<div class=\"elementor-widget-container\">\n\t\t\t\t\t\t\t\t\t\t\t\t<figure class=\"wp-caption\">\n\t\t\t\t\t\t\t\t\t\t<img loading=\"lazy\" decoding=\"async\" width=\"768\" height=\"512\" src=\"https:\/\/www.elturistatranquil.com\/wp-content\/uploads\/F82-Museo-Nacional-del-Teatro-de-Almagro.jpg\" class=\"attachment-large size-large wp-image-24806\" alt=\"Museo Nacional del Teatro de Almagro\" srcset=\"https:\/\/www.elturistatranquil.com\/wp-content\/uploads\/F82-Museo-Nacional-del-Teatro-de-Almagro.jpg 768w, https:\/\/www.elturistatranquil.com\/wp-content\/uploads\/F82-Museo-Nacional-del-Teatro-de-Almagro-339x226.jpg 339w\" sizes=\"(max-width: 768px) 100vw, 768px\" \/>\t\t\t\t\t\t\t\t\t\t\t<figcaption class=\"widget-image-caption wp-caption-text\"><\/figcaption>\n\t\t\t\t\t\t\t\t\t\t<\/figure>\n\t\t\t\t\t\t\t\t\t<\/div>\n\t\t\t\t<\/div>\n\t\t\t\t<div class=\"elementor-element elementor-element-244906e2 elementor-widget elementor-widget-image\" data-id=\"244906e2\" data-element_type=\"widget\" data-e-type=\"widget\" data-widget_type=\"image.default\">\n\t\t\t\t<div class=\"elementor-widget-container\">\n\t\t\t\t\t\t\t\t\t\t\t\t<figure class=\"wp-caption\">\n\t\t\t\t\t\t\t\t\t\t<img loading=\"lazy\" decoding=\"async\" width=\"768\" height=\"511\" src=\"https:\/\/www.elturistatranquil.com\/wp-content\/uploads\/F83-Museo-Nacional-del-Teatro-de-Almagro.jpg\" class=\"attachment-large size-large wp-image-24808\" alt=\"Museo Nacional del Teatro de Almagro\" srcset=\"https:\/\/www.elturistatranquil.com\/wp-content\/uploads\/F83-Museo-Nacional-del-Teatro-de-Almagro.jpg 768w, https:\/\/www.elturistatranquil.com\/wp-content\/uploads\/F83-Museo-Nacional-del-Teatro-de-Almagro-339x226.jpg 339w\" sizes=\"(max-width: 768px) 100vw, 768px\" \/>\t\t\t\t\t\t\t\t\t\t\t<figcaption class=\"widget-image-caption wp-caption-text\"><\/figcaption>\n\t\t\t\t\t\t\t\t\t\t<\/figure>\n\t\t\t\t\t\t\t\t\t<\/div>\n\t\t\t\t<\/div>\n\t\t\t\t<div class=\"elementor-element elementor-element-110d21a0 elementor-widget elementor-widget-image\" data-id=\"110d21a0\" data-element_type=\"widget\" data-e-type=\"widget\" data-widget_type=\"image.default\">\n\t\t\t\t<div class=\"elementor-widget-container\">\n\t\t\t\t\t\t\t\t\t\t\t\t<figure class=\"wp-caption\">\n\t\t\t\t\t\t\t\t\t\t<img loading=\"lazy\" decoding=\"async\" width=\"768\" height=\"511\" src=\"https:\/\/www.elturistatranquil.com\/wp-content\/uploads\/F84-Museo-Nacional-del-Teatro-de-Almagro.jpg\" class=\"attachment-large size-large wp-image-24810\" alt=\"Museo Nacional del Teatro de Almagro\" srcset=\"https:\/\/www.elturistatranquil.com\/wp-content\/uploads\/F84-Museo-Nacional-del-Teatro-de-Almagro.jpg 768w, https:\/\/www.elturistatranquil.com\/wp-content\/uploads\/F84-Museo-Nacional-del-Teatro-de-Almagro-339x226.jpg 339w\" sizes=\"(max-width: 768px) 100vw, 768px\" \/>\t\t\t\t\t\t\t\t\t\t\t<figcaption class=\"widget-image-caption wp-caption-text\"><\/figcaption>\n\t\t\t\t\t\t\t\t\t\t<\/figure>\n\t\t\t\t\t\t\t\t\t<\/div>\n\t\t\t\t<\/div>\n\t\t\t\t<div class=\"elementor-element elementor-element-129b2912 elementor-widget elementor-widget-image\" data-id=\"129b2912\" data-element_type=\"widget\" data-e-type=\"widget\" data-widget_type=\"image.default\">\n\t\t\t\t<div class=\"elementor-widget-container\">\n\t\t\t\t\t\t\t\t\t\t\t\t<figure class=\"wp-caption\">\n\t\t\t\t\t\t\t\t\t\t<img loading=\"lazy\" decoding=\"async\" width=\"768\" height=\"511\" src=\"https:\/\/www.elturistatranquil.com\/wp-content\/uploads\/F85-Museo-Nacional-del-Teatro-de-Almagro.jpg\" class=\"attachment-large size-large wp-image-24812\" alt=\"Museo Nacional del Teatro de Almagro\" srcset=\"https:\/\/www.elturistatranquil.com\/wp-content\/uploads\/F85-Museo-Nacional-del-Teatro-de-Almagro.jpg 768w, https:\/\/www.elturistatranquil.com\/wp-content\/uploads\/F85-Museo-Nacional-del-Teatro-de-Almagro-339x226.jpg 339w\" sizes=\"(max-width: 768px) 100vw, 768px\" \/>\t\t\t\t\t\t\t\t\t\t\t<figcaption class=\"widget-image-caption wp-caption-text\"><\/figcaption>\n\t\t\t\t\t\t\t\t\t\t<\/figure>\n\t\t\t\t\t\t\t\t\t<\/div>\n\t\t\t\t<\/div>\n\t\t\t\t<div class=\"elementor-element elementor-element-f7801cd elementor-widget elementor-widget-menu-anchor\" data-id=\"f7801cd\" data-element_type=\"widget\" data-e-type=\"widget\" data-widget_type=\"menu-anchor.default\">\n\t\t\t\t<div class=\"elementor-widget-container\">\n\t\t\t\t\t\t\t<div class=\"elementor-menu-anchor\" id=\"c3929\"><\/div>\n\t\t\t\t\t\t<\/div>\n\t\t\t\t<\/div>\n\t\t\t\t<div class=\"elementor-element elementor-element-15271454 elementor-widget elementor-widget-image\" data-id=\"15271454\" data-element_type=\"widget\" data-e-type=\"widget\" data-widget_type=\"image.default\">\n\t\t\t\t<div class=\"elementor-widget-container\">\n\t\t\t\t\t\t\t\t\t\t\t\t<figure class=\"wp-caption\">\n\t\t\t\t\t\t\t\t\t\t<img loading=\"lazy\" decoding=\"async\" width=\"768\" height=\"511\" src=\"https:\/\/www.elturistatranquil.com\/wp-content\/uploads\/F86-Museo-Nacional-del-Teatro-de-Almagro.jpg\" class=\"attachment-large size-large wp-image-24814\" alt=\"Museo Nacional del Teatro de Almagro\" srcset=\"https:\/\/www.elturistatranquil.com\/wp-content\/uploads\/F86-Museo-Nacional-del-Teatro-de-Almagro.jpg 768w, https:\/\/www.elturistatranquil.com\/wp-content\/uploads\/F86-Museo-Nacional-del-Teatro-de-Almagro-339x226.jpg 339w\" sizes=\"(max-width: 768px) 100vw, 768px\" \/>\t\t\t\t\t\t\t\t\t\t\t<figcaption class=\"widget-image-caption wp-caption-text\"><\/figcaption>\n\t\t\t\t\t\t\t\t\t\t<\/figure>\n\t\t\t\t\t\t\t\t\t<\/div>\n\t\t\t\t<\/div>\n\t\t\t\t<div class=\"elementor-element elementor-element-4cd65e19 elementor-widget elementor-widget-heading\" data-id=\"4cd65e19\" data-element_type=\"widget\" data-e-type=\"widget\" data-widget_type=\"heading.default\">\n\t\t\t\t<div class=\"elementor-widget-container\">\n\t\t\t\t\t<h3 class=\"elementor-heading-title elementor-size-default\">Esgl\u00e9sia de San Bartolom\u00e9 el Real o Esgl\u00e9sia de la Companyia de Jes\u00fas<\/h3>\t\t\t\t<\/div>\n\t\t\t\t<\/div>\n\t\t\t\t<div class=\"elementor-element elementor-element-4a89b94 elementor-widget elementor-widget-text-editor\" data-id=\"4a89b94\" data-element_type=\"widget\" data-e-type=\"widget\" data-widget_type=\"text-editor.default\">\n\t\t\t\t<div class=\"elementor-widget-container\">\n\t\t\t\t\t\t\t\t\t<p>Contigu al Museu Nacional de Teatre, al <strong>carrer Gran Maestre<\/strong>, s&#8217;al\u00e7a l&#8217;edifici del <strong>Col\u00b7legi de Jesu\u00eftes<\/strong> i, a continuaci\u00f3 a la cantonada l&#8217; <strong>Esgl\u00e9sia de la Companyia de Jes\u00fas<\/strong> (<strong>25<\/strong>). Des de 1784 es va traslladar a ella la <strong>Parr\u00f2quia de San Bartolom\u00e9<\/strong>, pel mal estat en qu\u00e8 es trobava l&#8217;Esgl\u00e9sia al costat de la pla\u00e7a Major.<\/p><p>Els jesu\u00eftes havien demanat perm\u00eds per instal\u00b7lar-se a Almagro en 1601 i van iniciar la construcci\u00f3 de l&#8217;esgl\u00e9sia i el col\u00b7legi en 1625. Van romandre a la ciutat fins a la seva expulsi\u00f3 en 1767.<\/p>\t\t\t\t\t\t\t\t<\/div>\n\t\t\t\t<\/div>\n\t\t\t\t<div class=\"elementor-element elementor-element-38256fcc elementor-widget elementor-widget-image\" data-id=\"38256fcc\" data-element_type=\"widget\" data-e-type=\"widget\" data-widget_type=\"image.default\">\n\t\t\t\t<div class=\"elementor-widget-container\">\n\t\t\t\t\t\t\t\t\t\t\t\t<figure class=\"wp-caption\">\n\t\t\t\t\t\t\t\t\t\t<img loading=\"lazy\" decoding=\"async\" width=\"366\" height=\"550\" src=\"https:\/\/www.elturistatranquil.com\/wp-content\/uploads\/F87-Iglesia-de-San-Bartolome-de-Almagro.jpg\" class=\"attachment-large size-large wp-image-24818\" alt=\"Iglesia de San Bartolome de Almagro\" srcset=\"https:\/\/www.elturistatranquil.com\/wp-content\/uploads\/F87-Iglesia-de-San-Bartolome-de-Almagro.jpg 366w, https:\/\/www.elturistatranquil.com\/wp-content\/uploads\/F87-Iglesia-de-San-Bartolome-de-Almagro-150x226.jpg 150w\" sizes=\"(max-width: 366px) 100vw, 366px\" \/>\t\t\t\t\t\t\t\t\t\t\t<figcaption class=\"widget-image-caption wp-caption-text\"><\/figcaption>\n\t\t\t\t\t\t\t\t\t\t<\/figure>\n\t\t\t\t\t\t\t\t\t<\/div>\n\t\t\t\t<\/div>\n\t\t\t\t<div class=\"elementor-element elementor-element-568c2baa elementor-widget elementor-widget-text-editor\" data-id=\"568c2baa\" data-element_type=\"widget\" data-e-type=\"widget\" data-widget_type=\"text-editor.default\">\n\t\t\t\t<div class=\"elementor-widget-container\">\n\t\t\t\t\t\t\t\t\t<p>L&#8217;edifici del Col\u00b7legi es mant\u00e9 en bon estat i \u00e9s utilitzat per a usos diversos.<\/p>\t\t\t\t\t\t\t\t<\/div>\n\t\t\t\t<\/div>\n\t\t\t\t<div class=\"elementor-element elementor-element-411b9498 elementor-widget elementor-widget-menu-anchor\" data-id=\"411b9498\" data-element_type=\"widget\" data-e-type=\"widget\" data-widget_type=\"menu-anchor.default\">\n\t\t\t\t<div class=\"elementor-widget-container\">\n\t\t\t\t\t\t\t<div class=\"elementor-menu-anchor\" id=\"c3930\"><\/div>\n\t\t\t\t\t\t<\/div>\n\t\t\t\t<\/div>\n\t\t\t\t<div class=\"elementor-element elementor-element-54570641 elementor-widget elementor-widget-image\" data-id=\"54570641\" data-element_type=\"widget\" data-e-type=\"widget\" data-widget_type=\"image.default\">\n\t\t\t\t<div class=\"elementor-widget-container\">\n\t\t\t\t\t\t\t\t\t\t\t\t<figure class=\"wp-caption\">\n\t\t\t\t\t\t\t\t\t\t<img loading=\"lazy\" decoding=\"async\" width=\"768\" height=\"511\" src=\"https:\/\/www.elturistatranquil.com\/wp-content\/uploads\/F88-Iglesia-de-San-Bartolome-de-Almagro.jpg\" class=\"attachment-large size-large wp-image-24820\" alt=\"Iglesia de San Bartolome de Almagro\" srcset=\"https:\/\/www.elturistatranquil.com\/wp-content\/uploads\/F88-Iglesia-de-San-Bartolome-de-Almagro.jpg 768w, https:\/\/www.elturistatranquil.com\/wp-content\/uploads\/F88-Iglesia-de-San-Bartolome-de-Almagro-339x226.jpg 339w\" sizes=\"(max-width: 768px) 100vw, 768px\" \/>\t\t\t\t\t\t\t\t\t\t\t<figcaption class=\"widget-image-caption wp-caption-text\"><\/figcaption>\n\t\t\t\t\t\t\t\t\t\t<\/figure>\n\t\t\t\t\t\t\t\t\t<\/div>\n\t\t\t\t<\/div>\n\t\t\t\t<div class=\"elementor-element elementor-element-645621aa elementor-widget elementor-widget-heading\" data-id=\"645621aa\" data-element_type=\"widget\" data-e-type=\"widget\" data-widget_type=\"heading.default\">\n\t\t\t\t<div class=\"elementor-widget-container\">\n\t\t\t\t\t<h3 class=\"elementor-heading-title elementor-size-default\">Convent de Nuestra Se\u00f1ora del Rosario. Antiga Universitat Renaixentista<\/h3>\t\t\t\t<\/div>\n\t\t\t\t<\/div>\n\t\t\t\t<div class=\"elementor-element elementor-element-4c18465f elementor-widget elementor-widget-text-editor\" data-id=\"4c18465f\" data-element_type=\"widget\" data-e-type=\"widget\" data-widget_type=\"text-editor.default\">\n\t\t\t\t<div class=\"elementor-widget-container\">\n\t\t\t\t\t\t\t\t\t<p><strong>Carrer <\/strong><strong>San Bartolom\u00e9<\/strong> amunt arribo als l\u00edmits de la muralla a la cara nord-oest.<\/p><p>Al davant, extramurs, apareix l&#8217; <strong>Antiga Universitat Renaixentista<\/strong> (<strong>26<\/strong>), que amb anterioritat havia estat el <strong>Convent <\/strong><strong>de Nuestra Se\u00f1ora del Rosario<\/strong>.<\/p><p>En principi va ser creat un convent per, m\u00e9s tard, fundar-se la Universitat. Fundat el convent l&#8217;any 1536 pel clavero de l&#8217;ordre de Calatrava, Fernando Fern\u00e1ndez de C\u00f2rdova. Les primeres classes es van impartir en 1574 a c\u00e0rrec dels dominics. Es va suprimir definitivament el 1824, el 1835 es va expulsar als dominics, arran del proc\u00e9s desamortitzador<\/p><p>En 1836 es va vendre el conjunt, que va passar a convertir-se en f\u00e0brica d&#8217;olis i despr\u00e9s a f\u00e0brica de mobles, \u00fas que va perdurar fins fa uns anys. Res queda del que va ser l&#8217;antic col\u00b7legi de Santo Domingo i Universitat del Rosario.<\/p><p>L&#8217;esgl\u00e9sia renaixentista \u00e9s de planta de creu llatina d&#8217;una sola nau, amb tester pla i absis pentagonal. La torre \u00e9s d&#8217;estil mud\u00e8jar, en ma\u00f3 i est\u00e0 rematada per pinacles. L&#8217;edifici est\u00e0 realitzat en ma\u00e7oneria de pedres sense obrar.<\/p>\t\t\t\t\t\t\t\t<\/div>\n\t\t\t\t<\/div>\n\t\t\t\t<div class=\"elementor-element elementor-element-52795c64 elementor-widget elementor-widget-image\" data-id=\"52795c64\" data-element_type=\"widget\" data-e-type=\"widget\" data-widget_type=\"image.default\">\n\t\t\t\t<div class=\"elementor-widget-container\">\n\t\t\t\t\t\t\t\t\t\t\t\t<figure class=\"wp-caption\">\n\t\t\t\t\t\t\t\t\t\t<img loading=\"lazy\" decoding=\"async\" width=\"768\" height=\"511\" src=\"https:\/\/www.elturistatranquil.com\/wp-content\/uploads\/F89-Antigua-Universidad-Renacentista-de-Almagro.jpg\" class=\"attachment-large size-large wp-image-24822\" alt=\"Antigua Universidad Renacentista de Almagro\" srcset=\"https:\/\/www.elturistatranquil.com\/wp-content\/uploads\/F89-Antigua-Universidad-Renacentista-de-Almagro.jpg 768w, https:\/\/www.elturistatranquil.com\/wp-content\/uploads\/F89-Antigua-Universidad-Renacentista-de-Almagro-339x226.jpg 339w\" sizes=\"(max-width: 768px) 100vw, 768px\" \/>\t\t\t\t\t\t\t\t\t\t\t<figcaption class=\"widget-image-caption wp-caption-text\"><\/figcaption>\n\t\t\t\t\t\t\t\t\t\t<\/figure>\n\t\t\t\t\t\t\t\t\t<\/div>\n\t\t\t\t<\/div>\n\t\t\t\t<div class=\"elementor-element elementor-element-3be54153 elementor-widget elementor-widget-text-editor\" data-id=\"3be54153\" data-element_type=\"widget\" data-e-type=\"widget\" data-widget_type=\"text-editor.default\">\n\t\t\t\t<div class=\"elementor-widget-container\">\n\t\t\t\t\t\t\t\t\t<p>A l&#8217;exterior es troba un magn\u00edfic escut de Carles V, aix\u00ed com els escuts del fundador i els seus familiars.<\/p>\t\t\t\t\t\t\t\t<\/div>\n\t\t\t\t<\/div>\n\t\t\t\t<div class=\"elementor-element elementor-element-14167231 elementor-widget elementor-widget-image\" data-id=\"14167231\" data-element_type=\"widget\" data-e-type=\"widget\" data-widget_type=\"image.default\">\n\t\t\t\t<div class=\"elementor-widget-container\">\n\t\t\t\t\t\t\t\t\t\t\t\t<figure class=\"wp-caption\">\n\t\t\t\t\t\t\t\t\t\t<img loading=\"lazy\" decoding=\"async\" width=\"768\" height=\"512\" src=\"https:\/\/www.elturistatranquil.com\/wp-content\/uploads\/F90-Antigua-Universidad-Renacentista-de-Almagro.jpg\" class=\"attachment-large size-large wp-image-24824\" alt=\"Antigua Universidad Renacentista de Almagro\" srcset=\"https:\/\/www.elturistatranquil.com\/wp-content\/uploads\/F90-Antigua-Universidad-Renacentista-de-Almagro.jpg 768w, https:\/\/www.elturistatranquil.com\/wp-content\/uploads\/F90-Antigua-Universidad-Renacentista-de-Almagro-339x226.jpg 339w\" sizes=\"(max-width: 768px) 100vw, 768px\" \/>\t\t\t\t\t\t\t\t\t\t\t<figcaption class=\"widget-image-caption wp-caption-text\"><\/figcaption>\n\t\t\t\t\t\t\t\t\t\t<\/figure>\n\t\t\t\t\t\t\t\t\t<\/div>\n\t\t\t\t<\/div>\n\t\t\t\t<div class=\"elementor-element elementor-element-953a519 elementor-widget elementor-widget-text-editor\" data-id=\"953a519\" data-element_type=\"widget\" data-e-type=\"widget\" data-widget_type=\"text-editor.default\">\n\t\t\t\t<div class=\"elementor-widget-container\">\n\t\t\t\t\t\t\t\t\t<p>Recentment s&#8217;ha descobert els fonaments de la Universitat.<\/p>\t\t\t\t\t\t\t\t<\/div>\n\t\t\t\t<\/div>\n\t\t\t\t<div class=\"elementor-element elementor-element-59d1b140 elementor-widget elementor-widget-menu-anchor\" data-id=\"59d1b140\" data-element_type=\"widget\" data-e-type=\"widget\" data-widget_type=\"menu-anchor.default\">\n\t\t\t\t<div class=\"elementor-widget-container\">\n\t\t\t\t\t\t\t<div class=\"elementor-menu-anchor\" id=\"c3931\"><\/div>\n\t\t\t\t\t\t<\/div>\n\t\t\t\t<\/div>\n\t\t\t\t<div class=\"elementor-element elementor-element-f1e7983 elementor-widget elementor-widget-image\" data-id=\"f1e7983\" data-element_type=\"widget\" data-e-type=\"widget\" data-widget_type=\"image.default\">\n\t\t\t\t<div class=\"elementor-widget-container\">\n\t\t\t\t\t\t\t\t\t\t\t\t<figure class=\"wp-caption\">\n\t\t\t\t\t\t\t\t\t\t<img loading=\"lazy\" decoding=\"async\" width=\"768\" height=\"512\" src=\"https:\/\/www.elturistatranquil.com\/wp-content\/uploads\/F91-Antigua-Universidad-Renacentista-de-Almagro.jpg\" class=\"attachment-large size-large wp-image-24826\" alt=\"Antigua Universidad Renacentista de Almagro\" srcset=\"https:\/\/www.elturistatranquil.com\/wp-content\/uploads\/F91-Antigua-Universidad-Renacentista-de-Almagro.jpg 768w, https:\/\/www.elturistatranquil.com\/wp-content\/uploads\/F91-Antigua-Universidad-Renacentista-de-Almagro-339x226.jpg 339w\" sizes=\"(max-width: 768px) 100vw, 768px\" \/>\t\t\t\t\t\t\t\t\t\t\t<figcaption class=\"widget-image-caption wp-caption-text\"><\/figcaption>\n\t\t\t\t\t\t\t\t\t\t<\/figure>\n\t\t\t\t\t\t\t\t\t<\/div>\n\t\t\t\t<\/div>\n\t\t\t\t<div class=\"elementor-element elementor-element-6134c1cf elementor-widget elementor-widget-heading\" data-id=\"6134c1cf\" data-element_type=\"widget\" data-e-type=\"widget\" data-widget_type=\"heading.default\">\n\t\t\t\t<div class=\"elementor-widget-container\">\n\t\t\t\t\t<h3 class=\"elementor-heading-title elementor-size-default\">Esgl\u00e9sia de San Blas, Antiga del Salvador<\/h3>\t\t\t\t<\/div>\n\t\t\t\t<\/div>\n\t\t\t\t<div class=\"elementor-element elementor-element-5ca0d907 elementor-widget elementor-widget-text-editor\" data-id=\"5ca0d907\" data-element_type=\"widget\" data-e-type=\"widget\" data-widget_type=\"text-editor.default\">\n\t\t\t\t<div class=\"elementor-widget-container\">\n\t\t\t\t\t\t\t\t\t<p>Prosseguir\u00e9 el recorregut seguint per l&#8217;exterior del per\u00edmetre de muralla fins a l&#8217;Esgl\u00e9sia de San Blas que es veu al fons.<\/p>\t\t\t\t\t\t\t\t<\/div>\n\t\t\t\t<\/div>\n\t\t\t\t<div class=\"elementor-element elementor-element-2b5d6cef elementor-widget elementor-widget-image\" data-id=\"2b5d6cef\" data-element_type=\"widget\" data-e-type=\"widget\" data-widget_type=\"image.default\">\n\t\t\t\t<div class=\"elementor-widget-container\">\n\t\t\t\t\t\t\t\t\t\t\t\t<figure class=\"wp-caption\">\n\t\t\t\t\t\t\t\t\t\t<img loading=\"lazy\" decoding=\"async\" width=\"768\" height=\"511\" src=\"https:\/\/www.elturistatranquil.com\/wp-content\/uploads\/F92-Iglesia-de-San-Blas-de-Almagro.jpg\" class=\"attachment-large size-large wp-image-24828\" alt=\"Iglesia de San Blas de Almagro\" srcset=\"https:\/\/www.elturistatranquil.com\/wp-content\/uploads\/F92-Iglesia-de-San-Blas-de-Almagro.jpg 768w, https:\/\/www.elturistatranquil.com\/wp-content\/uploads\/F92-Iglesia-de-San-Blas-de-Almagro-339x226.jpg 339w\" sizes=\"(max-width: 768px) 100vw, 768px\" \/>\t\t\t\t\t\t\t\t\t\t\t<figcaption class=\"widget-image-caption wp-caption-text\"><\/figcaption>\n\t\t\t\t\t\t\t\t\t\t<\/figure>\n\t\t\t\t\t\t\t\t\t<\/div>\n\t\t\t\t<\/div>\n\t\t\t\t<div class=\"elementor-element elementor-element-10d9a6f7 elementor-widget elementor-widget-text-editor\" data-id=\"10d9a6f7\" data-element_type=\"widget\" data-e-type=\"widget\" data-widget_type=\"text-editor.default\">\n\t\t\t\t<div class=\"elementor-widget-container\">\n\t\t\t\t\t\t\t\t\t<p>Cap a 1525, Jacobo F\u00fcgger, amb la intenci\u00f3 d&#8217;agrair a la divinitat els beneficis rebuts, decideix reedificar l&#8217;antiga <strong>ermita del Salvador<\/strong> (<strong>27<\/strong>), que va ser denominada com a tal fins al segle XVIII, en qu\u00e8 es va posar sota l&#8217;advocaci\u00f3 de <strong>San Blas<\/strong>, del qual rep el seu nom actual.<\/p><p>L&#8217;exterior est\u00e0 format per paraments de ma\u00e7oneria entre massissos contraforts. L&#8217;inter\u00e8s se centra en les dues portades.<\/p><p>La dels peus del temple presenta caracter\u00edstiques manieristes: primer cos de llinda i segon cos amb l&#8217;escut dels descendents de Jacobo F\u00fcgger i una rosassa que il\u00b7lumina el cor.<\/p>\t\t\t\t\t\t\t\t<\/div>\n\t\t\t\t<\/div>\n\t\t\t\t<div class=\"elementor-element elementor-element-d4fe27b elementor-widget elementor-widget-image\" data-id=\"d4fe27b\" data-element_type=\"widget\" data-e-type=\"widget\" data-widget_type=\"image.default\">\n\t\t\t\t<div class=\"elementor-widget-container\">\n\t\t\t\t\t\t\t\t\t\t\t\t<figure class=\"wp-caption\">\n\t\t\t\t\t\t\t\t\t\t<img loading=\"lazy\" decoding=\"async\" width=\"470\" height=\"550\" src=\"https:\/\/www.elturistatranquil.com\/wp-content\/uploads\/F93-Iglesia-de-San-Blas-de-Almagro.jpg\" class=\"attachment-large size-large wp-image-24830\" alt=\"Iglesia de San Blas de Almagro\" srcset=\"https:\/\/www.elturistatranquil.com\/wp-content\/uploads\/F93-Iglesia-de-San-Blas-de-Almagro.jpg 470w, https:\/\/www.elturistatranquil.com\/wp-content\/uploads\/F93-Iglesia-de-San-Blas-de-Almagro-193x226.jpg 193w\" sizes=\"(max-width: 470px) 100vw, 470px\" \/>\t\t\t\t\t\t\t\t\t\t\t<figcaption class=\"widget-image-caption wp-caption-text\"><\/figcaption>\n\t\t\t\t\t\t\t\t\t\t<\/figure>\n\t\t\t\t\t\t\t\t\t<\/div>\n\t\t\t\t<\/div>\n\t\t\t\t<div class=\"elementor-element elementor-element-5c8c3de1 elementor-widget elementor-widget-text-editor\" data-id=\"5c8c3de1\" data-element_type=\"widget\" data-e-type=\"widget\" data-widget_type=\"text-editor.default\">\n\t\t\t\t<div class=\"elementor-widget-container\">\n\t\t\t\t\t\t\t\t\t<p>La porta principal, de pedra sorrenca i orientada al sud, est\u00e0 formada per un arc de mig punt amb escuts de la fam\u00edlia.<\/p>\t\t\t\t\t\t\t\t<\/div>\n\t\t\t\t<\/div>\n\t\t\t\t<div class=\"elementor-element elementor-element-76d93b8e elementor-widget elementor-widget-image\" data-id=\"76d93b8e\" data-element_type=\"widget\" data-e-type=\"widget\" data-widget_type=\"image.default\">\n\t\t\t\t<div class=\"elementor-widget-container\">\n\t\t\t\t\t\t\t\t\t\t\t\t<figure class=\"wp-caption\">\n\t\t\t\t\t\t\t\t\t\t<img loading=\"lazy\" decoding=\"async\" width=\"768\" height=\"511\" src=\"https:\/\/www.elturistatranquil.com\/wp-content\/uploads\/F94-Iglesia-de-San-Blas-de-Almagro.jpg\" class=\"attachment-large size-large wp-image-24832\" alt=\"Iglesia de San Blas de Almagro\" srcset=\"https:\/\/www.elturistatranquil.com\/wp-content\/uploads\/F94-Iglesia-de-San-Blas-de-Almagro.jpg 768w, https:\/\/www.elturistatranquil.com\/wp-content\/uploads\/F94-Iglesia-de-San-Blas-de-Almagro-339x226.jpg 339w\" sizes=\"(max-width: 768px) 100vw, 768px\" \/>\t\t\t\t\t\t\t\t\t\t\t<figcaption class=\"widget-image-caption wp-caption-text\"><\/figcaption>\n\t\t\t\t\t\t\t\t\t\t<\/figure>\n\t\t\t\t\t\t\t\t\t<\/div>\n\t\t\t\t<\/div>\n\t\t\t\t<div class=\"elementor-element elementor-element-e33d469 elementor-widget elementor-widget-menu-anchor\" data-id=\"e33d469\" data-element_type=\"widget\" data-e-type=\"widget\" data-widget_type=\"menu-anchor.default\">\n\t\t\t\t<div class=\"elementor-widget-container\">\n\t\t\t\t\t\t\t<div class=\"elementor-menu-anchor\" id=\"c3932\"><\/div>\n\t\t\t\t\t\t<\/div>\n\t\t\t\t<\/div>\n\t\t\t\t<div class=\"elementor-element elementor-element-666de419 elementor-widget elementor-widget-image\" data-id=\"666de419\" data-element_type=\"widget\" data-e-type=\"widget\" data-widget_type=\"image.default\">\n\t\t\t\t<div class=\"elementor-widget-container\">\n\t\t\t\t\t\t\t\t\t\t\t\t<figure class=\"wp-caption\">\n\t\t\t\t\t\t\t\t\t\t<img loading=\"lazy\" decoding=\"async\" width=\"768\" height=\"511\" src=\"https:\/\/www.elturistatranquil.com\/wp-content\/uploads\/F95-Iglesia-de-San-Blas-de-Almagro.jpg\" class=\"attachment-large size-large wp-image-24834\" alt=\"Iglesia de San Blas de Almagro\" srcset=\"https:\/\/www.elturistatranquil.com\/wp-content\/uploads\/F95-Iglesia-de-San-Blas-de-Almagro.jpg 768w, https:\/\/www.elturistatranquil.com\/wp-content\/uploads\/F95-Iglesia-de-San-Blas-de-Almagro-339x226.jpg 339w\" sizes=\"(max-width: 768px) 100vw, 768px\" \/>\t\t\t\t\t\t\t\t\t\t\t<figcaption class=\"widget-image-caption wp-caption-text\"><\/figcaption>\n\t\t\t\t\t\t\t\t\t\t<\/figure>\n\t\t\t\t\t\t\t\t\t<\/div>\n\t\t\t\t<\/div>\n\t\t\t\t<div class=\"elementor-element elementor-element-384993fb elementor-widget elementor-widget-heading\" data-id=\"384993fb\" data-element_type=\"widget\" data-e-type=\"widget\" data-widget_type=\"heading.default\">\n\t\t\t\t<div class=\"elementor-widget-container\">\n\t\t\t\t\t<h3 class=\"elementor-heading-title elementor-size-default\">Antic Hospital de San Juan. Espai de l'art contemporani<\/h3>\t\t\t\t<\/div>\n\t\t\t\t<\/div>\n\t\t\t\t<div class=\"elementor-element elementor-element-2c87468e elementor-widget elementor-widget-text-editor\" data-id=\"2c87468e\" data-element_type=\"widget\" data-e-type=\"widget\" data-widget_type=\"text-editor.default\">\n\t\t\t\t<div class=\"elementor-widget-container\">\n\t\t\t\t\t\t\t\t\t<p>M&#8217;endinso a la ciutat pel <strong>carrer San Agust\u00edn<\/strong>.<\/p><p>L&#8217;<strong>Hospital de San Juan de Dios<\/strong> (<strong>28<\/strong>) va ser constru\u00eft per la Confraria de Nuestra Se\u00f1ora de los Llanos en els anys anteriors a 1632. El plantejament constructiu va ser merament funcional i sense pretensions estil\u00edstiques, amb una fa\u00e7ana funcionalista, constru\u00efda en aparell toled\u00e0 sense ornament ,<\/p><p>El 1994 es va rehabilitar el conjunt per convertir-lo en un magn\u00edfic teatre a l&#8217;aire lliure. Avui s&#8217;ha convertit en Centre d&#8217;Art Contemporani amb sales d&#8217;exposicions i usos m\u00faltiples i espai esc\u00e8nic.<\/p>\t\t\t\t\t\t\t\t<\/div>\n\t\t\t\t<\/div>\n\t\t\t\t<div class=\"elementor-element elementor-element-289d1487 elementor-widget elementor-widget-menu-anchor\" data-id=\"289d1487\" data-element_type=\"widget\" data-e-type=\"widget\" data-widget_type=\"menu-anchor.default\">\n\t\t\t\t<div class=\"elementor-widget-container\">\n\t\t\t\t\t\t\t<div class=\"elementor-menu-anchor\" id=\"c3933\"><\/div>\n\t\t\t\t\t\t<\/div>\n\t\t\t\t<\/div>\n\t\t\t\t<div class=\"elementor-element elementor-element-690f81ad elementor-widget elementor-widget-image\" data-id=\"690f81ad\" data-element_type=\"widget\" data-e-type=\"widget\" data-widget_type=\"image.default\">\n\t\t\t\t<div class=\"elementor-widget-container\">\n\t\t\t\t\t\t\t\t\t\t\t\t<figure class=\"wp-caption\">\n\t\t\t\t\t\t\t\t\t\t<img loading=\"lazy\" decoding=\"async\" width=\"768\" height=\"511\" src=\"https:\/\/www.elturistatranquil.com\/wp-content\/uploads\/F96-Espacio-del-arte-contemporaneo-de-Almagro.jpg\" class=\"attachment-large size-large wp-image-24838\" alt=\"Espacio del arte contemporaneo de Almagro\" srcset=\"https:\/\/www.elturistatranquil.com\/wp-content\/uploads\/F96-Espacio-del-arte-contemporaneo-de-Almagro.jpg 768w, https:\/\/www.elturistatranquil.com\/wp-content\/uploads\/F96-Espacio-del-arte-contemporaneo-de-Almagro-339x226.jpg 339w\" sizes=\"(max-width: 768px) 100vw, 768px\" \/>\t\t\t\t\t\t\t\t\t\t\t<figcaption class=\"widget-image-caption wp-caption-text\"><\/figcaption>\n\t\t\t\t\t\t\t\t\t\t<\/figure>\n\t\t\t\t\t\t\t\t\t<\/div>\n\t\t\t\t<\/div>\n\t\t\t\t<div class=\"elementor-element elementor-element-4b4f9743 elementor-widget elementor-widget-heading\" data-id=\"4b4f9743\" data-element_type=\"widget\" data-e-type=\"widget\" data-widget_type=\"heading.default\">\n\t\t\t\t<div class=\"elementor-widget-container\">\n\t\t\t\t\t<h3 class=\"elementor-heading-title elementor-size-default\">Teatre Municipal<\/h3>\t\t\t\t<\/div>\n\t\t\t\t<\/div>\n\t\t\t\t<div class=\"elementor-element elementor-element-71b0a044 elementor-widget elementor-widget-text-editor\" data-id=\"71b0a044\" data-element_type=\"widget\" data-e-type=\"widget\" data-widget_type=\"text-editor.default\">\n\t\t\t\t<div class=\"elementor-widget-container\">\n\t\t\t\t\t\t\t\t\t<p>Uns metres m\u00e9s avall s&#8217;observa la vistosa fa\u00e7ana del <strong>Teatre Municipal<\/strong> (<strong>29<\/strong>).<\/p><p>Va ser constru\u00eft el 1863 per l&#8217;arquitecte Cirilo Vara i Soria com espai de respir per a les celebracions de car\u00e0cter l\u00fadic, amb capacitat per a 530 persones. En 1988 va ser restaurat i recuperat per l&#8217;arquitecte Miguel Fisac, i avui s&#8217;utilitza com a espai esc\u00e8nic i est\u00e0 obert a les visites tur\u00edstiques.<\/p><p>La fa\u00e7ana, presenta tres arcs de mig punt flanquejats per dues portes de servei i dues finestres. Sobre ells, hi ha tres balcons flanquejats per dues forn\u00edcules i dues finestres. L&#8217;acabat actual est\u00e0 pintat en vermell i blanc.<\/p>\t\t\t\t\t\t\t\t<\/div>\n\t\t\t\t<\/div>\n\t\t\t\t<div class=\"elementor-element elementor-element-a63e415 elementor-widget elementor-widget-image\" data-id=\"a63e415\" data-element_type=\"widget\" data-e-type=\"widget\" data-widget_type=\"image.default\">\n\t\t\t\t<div class=\"elementor-widget-container\">\n\t\t\t\t\t\t\t\t\t\t\t\t<figure class=\"wp-caption\">\n\t\t\t\t\t\t\t\t\t\t<img loading=\"lazy\" decoding=\"async\" width=\"768\" height=\"511\" src=\"https:\/\/www.elturistatranquil.com\/wp-content\/uploads\/F97-Teatro-Municipal-de-Almagro.jpg\" class=\"attachment-large size-large wp-image-24840\" alt=\"Teatro Municipal de Almagro\" srcset=\"https:\/\/www.elturistatranquil.com\/wp-content\/uploads\/F97-Teatro-Municipal-de-Almagro.jpg 768w, https:\/\/www.elturistatranquil.com\/wp-content\/uploads\/F97-Teatro-Municipal-de-Almagro-339x226.jpg 339w\" sizes=\"(max-width: 768px) 100vw, 768px\" \/>\t\t\t\t\t\t\t\t\t\t\t<figcaption class=\"widget-image-caption wp-caption-text\"><\/figcaption>\n\t\t\t\t\t\t\t\t\t\t<\/figure>\n\t\t\t\t\t\t\t\t\t<\/div>\n\t\t\t\t<\/div>\n\t\t\t\t<div class=\"elementor-element elementor-element-5ae24dc9 elementor-widget elementor-widget-text-editor\" data-id=\"5ae24dc9\" data-element_type=\"widget\" data-e-type=\"widget\" data-widget_type=\"text-editor.default\">\n\t\t\t\t<div class=\"elementor-widget-container\">\n\t\t\t\t\t\t\t\t\t<p>El recinte est\u00e0 constru\u00eft en estil neo greco-rom\u00e0 i comprenent, el cos principal amb dues altures que d\u00f3na pas al pati de butaques de planta el\u00b7l\u00edptica (per raons d&#8217;ac\u00fastica) i tres altures.<\/p>\t\t\t\t\t\t\t\t<\/div>\n\t\t\t\t<\/div>\n\t\t\t\t<div class=\"elementor-element elementor-element-3a42243e elementor-widget elementor-widget-image\" data-id=\"3a42243e\" data-element_type=\"widget\" data-e-type=\"widget\" data-widget_type=\"image.default\">\n\t\t\t\t<div class=\"elementor-widget-container\">\n\t\t\t\t\t\t\t\t\t\t\t\t<figure class=\"wp-caption\">\n\t\t\t\t\t\t\t\t\t\t<img loading=\"lazy\" decoding=\"async\" width=\"768\" height=\"511\" src=\"https:\/\/www.elturistatranquil.com\/wp-content\/uploads\/F98-Teatro-Municipal-de-Almagro.jpg\" class=\"attachment-large size-large wp-image-24842\" alt=\"Teatro Municipal de Almagro\" srcset=\"https:\/\/www.elturistatranquil.com\/wp-content\/uploads\/F98-Teatro-Municipal-de-Almagro.jpg 768w, https:\/\/www.elturistatranquil.com\/wp-content\/uploads\/F98-Teatro-Municipal-de-Almagro-339x226.jpg 339w\" sizes=\"(max-width: 768px) 100vw, 768px\" \/>\t\t\t\t\t\t\t\t\t\t\t<figcaption class=\"widget-image-caption wp-caption-text\"><\/figcaption>\n\t\t\t\t\t\t\t\t\t\t<\/figure>\n\t\t\t\t\t\t\t\t\t<\/div>\n\t\t\t\t<\/div>\n\t\t\t\t<div class=\"elementor-element elementor-element-24c772ef elementor-widget elementor-widget-image\" data-id=\"24c772ef\" data-element_type=\"widget\" data-e-type=\"widget\" data-widget_type=\"image.default\">\n\t\t\t\t<div class=\"elementor-widget-container\">\n\t\t\t\t\t\t\t\t\t\t\t\t<figure class=\"wp-caption\">\n\t\t\t\t\t\t\t\t\t\t<img loading=\"lazy\" decoding=\"async\" width=\"768\" height=\"511\" src=\"https:\/\/www.elturistatranquil.com\/wp-content\/uploads\/F99-Teatro-Municipal-de-Almagro.jpg\" class=\"attachment-large size-large wp-image-24844\" alt=\"Teatro Municipal de Almagro\" srcset=\"https:\/\/www.elturistatranquil.com\/wp-content\/uploads\/F99-Teatro-Municipal-de-Almagro.jpg 768w, https:\/\/www.elturistatranquil.com\/wp-content\/uploads\/F99-Teatro-Municipal-de-Almagro-339x226.jpg 339w\" sizes=\"(max-width: 768px) 100vw, 768px\" \/>\t\t\t\t\t\t\t\t\t\t\t<figcaption class=\"widget-image-caption wp-caption-text\"><\/figcaption>\n\t\t\t\t\t\t\t\t\t\t<\/figure>\n\t\t\t\t\t\t\t\t\t<\/div>\n\t\t\t\t<\/div>\n\t\t\t\t<div class=\"elementor-element elementor-element-5c40897f elementor-widget elementor-widget-text-editor\" data-id=\"5c40897f\" data-element_type=\"widget\" data-e-type=\"widget\" data-widget_type=\"text-editor.default\">\n\t\t\t\t<div class=\"elementor-widget-container\">\n\t\t\t\t\t\t\t\t\t<p>L&#8217;escenari sobre fossat s&#8217;obre mitjan\u00e7ant una embocadura decorada amb pilastres de fusta i un gran arc carpanell amb pintures.<\/p>\t\t\t\t\t\t\t\t<\/div>\n\t\t\t\t<\/div>\n\t\t\t\t<div class=\"elementor-element elementor-element-2b0372d5 elementor-widget elementor-widget-image\" data-id=\"2b0372d5\" data-element_type=\"widget\" data-e-type=\"widget\" data-widget_type=\"image.default\">\n\t\t\t\t<div class=\"elementor-widget-container\">\n\t\t\t\t\t\t\t\t\t\t\t\t<figure class=\"wp-caption\">\n\t\t\t\t\t\t\t\t\t\t<img loading=\"lazy\" decoding=\"async\" width=\"768\" height=\"511\" src=\"https:\/\/www.elturistatranquil.com\/wp-content\/uploads\/F100-Teatro-Municipal-de-Almagro.jpg\" class=\"attachment-large size-large wp-image-24846\" alt=\"Teatro Municipal de Almagro\" srcset=\"https:\/\/www.elturistatranquil.com\/wp-content\/uploads\/F100-Teatro-Municipal-de-Almagro.jpg 768w, https:\/\/www.elturistatranquil.com\/wp-content\/uploads\/F100-Teatro-Municipal-de-Almagro-339x226.jpg 339w\" sizes=\"(max-width: 768px) 100vw, 768px\" \/>\t\t\t\t\t\t\t\t\t\t\t<figcaption class=\"widget-image-caption wp-caption-text\"><\/figcaption>\n\t\t\t\t\t\t\t\t\t\t<\/figure>\n\t\t\t\t\t\t\t\t\t<\/div>\n\t\t\t\t<\/div>\n\t\t\t\t<div class=\"elementor-element elementor-element-1ad62956 elementor-widget elementor-widget-text-editor\" data-id=\"1ad62956\" data-element_type=\"widget\" data-e-type=\"widget\" data-widget_type=\"text-editor.default\">\n\t\t\t\t<div class=\"elementor-widget-container\">\n\t\t\t\t\t\t\t\t\t<p>Les actuals pintures del sostre substitueixen les que es van perdre en la restauraci\u00f3.<\/p>\t\t\t\t\t\t\t\t<\/div>\n\t\t\t\t<\/div>\n\t\t\t\t<div class=\"elementor-element elementor-element-e79ae1e elementor-widget elementor-widget-image\" data-id=\"e79ae1e\" data-element_type=\"widget\" data-e-type=\"widget\" data-widget_type=\"image.default\">\n\t\t\t\t<div class=\"elementor-widget-container\">\n\t\t\t\t\t\t\t\t\t\t\t\t<figure class=\"wp-caption\">\n\t\t\t\t\t\t\t\t\t\t<img loading=\"lazy\" decoding=\"async\" width=\"768\" height=\"511\" src=\"https:\/\/www.elturistatranquil.com\/wp-content\/uploads\/F101-Teatro-Municipal-de-Almagro.jpg\" class=\"attachment-large size-large wp-image-24848\" alt=\"Teatro Municipal de Almagro\" srcset=\"https:\/\/www.elturistatranquil.com\/wp-content\/uploads\/F101-Teatro-Municipal-de-Almagro.jpg 768w, https:\/\/www.elturistatranquil.com\/wp-content\/uploads\/F101-Teatro-Municipal-de-Almagro-339x226.jpg 339w\" sizes=\"(max-width: 768px) 100vw, 768px\" \/>\t\t\t\t\t\t\t\t\t\t\t<figcaption class=\"widget-image-caption wp-caption-text\"><\/figcaption>\n\t\t\t\t\t\t\t\t\t\t<\/figure>\n\t\t\t\t\t\t\t\t\t<\/div>\n\t\t\t\t<\/div>\n\t\t\t\t<div class=\"elementor-element elementor-element-77b34e22 elementor-widget elementor-widget-menu-anchor\" data-id=\"77b34e22\" data-element_type=\"widget\" data-e-type=\"widget\" data-widget_type=\"menu-anchor.default\">\n\t\t\t\t<div class=\"elementor-widget-container\">\n\t\t\t\t\t\t\t<div class=\"elementor-menu-anchor\" id=\"c3934\"><\/div>\n\t\t\t\t\t\t<\/div>\n\t\t\t\t<\/div>\n\t\t\t\t<div class=\"elementor-element elementor-element-535d3e25 elementor-widget elementor-widget-text-editor\" data-id=\"535d3e25\" data-element_type=\"widget\" data-e-type=\"widget\" data-widget_type=\"text-editor.default\">\n\t\t\t\t<div class=\"elementor-widget-container\">\n\t\t\t\t\t\t\t\t\t<p>S&#8217;hi guarden els fons del Museu Nacional del Teatre.<\/p>\t\t\t\t\t\t\t\t<\/div>\n\t\t\t\t<\/div>\n\t\t\t\t<div class=\"elementor-element elementor-element-2bf489cb elementor-widget elementor-widget-heading\" data-id=\"2bf489cb\" data-element_type=\"widget\" data-e-type=\"widget\" data-widget_type=\"heading.default\">\n\t\t\t\t<div class=\"elementor-widget-container\">\n\t\t\t\t\t<h3 class=\"elementor-heading-title elementor-size-default\">Palau dels Medrano<\/h3>\t\t\t\t<\/div>\n\t\t\t\t<\/div>\n\t\t\t\t<div class=\"elementor-element elementor-element-57bbcce4 elementor-widget elementor-widget-text-editor\" data-id=\"57bbcce4\" data-element_type=\"widget\" data-e-type=\"widget\" data-widget_type=\"text-editor.default\">\n\t\t\t\t<div class=\"elementor-widget-container\">\n\t\t\t\t\t\t\t\t\t<p>A la cantonada amb el <strong>carrer Mercado<\/strong>, s&#8217;al\u00e7a el <strong>Palau dels Medrano<\/strong> (<strong>30<\/strong>).<\/p><p>Edifici de tres plantes edificat en aparell toled\u00e0, va ser constru\u00eft a finals del segle XVI per Jer\u00f3nimo de \u00c1vila i Catalina de Sanabria. L&#8217;edifici, que va pert\u00e0nyer a la fam\u00edlia dels Medrano fins a finals del s. XIX, va patir greus transformacions en la d\u00e8cada de 1860, en ser adaptat com a casino municipal i oficina de tel\u00e8grafs. Avui acull usos administratius i de serveis p\u00fablics.<\/p><p>Dues torres rematen la fa\u00e7ana en les cantonades, com a s\u00edmbol parlant del poder dels \u00c0vila.<\/p>\t\t\t\t\t\t\t\t<\/div>\n\t\t\t\t<\/div>\n\t\t\t\t<div class=\"elementor-element elementor-element-78b67563 elementor-widget elementor-widget-menu-anchor\" data-id=\"78b67563\" data-element_type=\"widget\" data-e-type=\"widget\" data-widget_type=\"menu-anchor.default\">\n\t\t\t\t<div class=\"elementor-widget-container\">\n\t\t\t\t\t\t\t<div class=\"elementor-menu-anchor\" id=\"c3935\"><\/div>\n\t\t\t\t\t\t<\/div>\n\t\t\t\t<\/div>\n\t\t\t\t<div class=\"elementor-element elementor-element-3a4b7486 elementor-widget elementor-widget-image\" data-id=\"3a4b7486\" data-element_type=\"widget\" data-e-type=\"widget\" data-widget_type=\"image.default\">\n\t\t\t\t<div class=\"elementor-widget-container\">\n\t\t\t\t\t\t\t\t\t\t\t\t<figure class=\"wp-caption\">\n\t\t\t\t\t\t\t\t\t\t<img loading=\"lazy\" decoding=\"async\" width=\"768\" height=\"511\" src=\"https:\/\/www.elturistatranquil.com\/wp-content\/uploads\/F102-Palacio-de-los-Medrano-de-Almagro.jpg\" class=\"attachment-large size-large wp-image-24850\" alt=\"Palacio de los Medrano de Almagro\" srcset=\"https:\/\/www.elturistatranquil.com\/wp-content\/uploads\/F102-Palacio-de-los-Medrano-de-Almagro.jpg 768w, https:\/\/www.elturistatranquil.com\/wp-content\/uploads\/F102-Palacio-de-los-Medrano-de-Almagro-339x226.jpg 339w\" sizes=\"(max-width: 768px) 100vw, 768px\" \/>\t\t\t\t\t\t\t\t\t\t\t<figcaption class=\"widget-image-caption wp-caption-text\"><\/figcaption>\n\t\t\t\t\t\t\t\t\t\t<\/figure>\n\t\t\t\t\t\t\t\t\t<\/div>\n\t\t\t\t<\/div>\n\t\t\t\t<div class=\"elementor-element elementor-element-360d877a elementor-widget elementor-widget-heading\" data-id=\"360d877a\" data-element_type=\"widget\" data-e-type=\"widget\" data-widget_type=\"heading.default\">\n\t\t\t\t<div class=\"elementor-widget-container\">\n\t\t\t\t\t<h3 class=\"elementor-heading-title elementor-size-default\">Palau \/ Magatzem dels F\u00facares<\/h3>\t\t\t\t<\/div>\n\t\t\t\t<\/div>\n\t\t\t\t<div class=\"elementor-element elementor-element-7606e2a3 elementor-widget elementor-widget-text-editor\" data-id=\"7606e2a3\" data-element_type=\"widget\" data-e-type=\"widget\" data-widget_type=\"text-editor.default\">\n\t\t\t\t<div class=\"elementor-widget-container\">\n\t\t\t\t\t\t\t\t\t<p>Si continu\u00e9s carrer avall a la seg\u00fcent cantonada arribaria a l&#8217;Esgl\u00e9sia de San Agust\u00edn i la Pla\u00e7a Major, que ja he visitat.<\/p><p>Per aix\u00f2, giro a l&#8217;esquerra pel <strong>carrer Encomienda<\/strong> fins a l&#8217;\u00faltim punt de la meva visita a Almagro.<\/p><p>La seg\u00fcent cantonada mostra l&#8217;edifici del <strong>Palau \/ magatzem dels F\u00facares<\/strong> (<strong>30<\/strong>), al <strong>carrer Arzobispo Ca\u00f1izares<\/strong>.<\/p><p>\u00c9s un dels edificis m\u00e9s representatius del principi del Renaixement a Almagro. Devia realitzar-se poc despr\u00e9s de 1525, any en qu\u00e8 Carles V va arrendar l&#8217;explotaci\u00f3 de les mines d&#8217;Almad\u00e9n als F\u00fcgger (F\u00facares). Va ser constru\u00eft per aquests en el segle XVI com a edifici administratiu des del qual administraven les mines de mercuri i la resta de propietats que tenien en el territori. En origen, tamb\u00e9 es va utilitzar com a magatzem de mercuri.<\/p>\t\t\t\t\t\t\t\t<\/div>\n\t\t\t\t<\/div>\n\t\t\t\t<div class=\"elementor-element elementor-element-2ec648ae elementor-widget elementor-widget-image\" data-id=\"2ec648ae\" data-element_type=\"widget\" data-e-type=\"widget\" data-widget_type=\"image.default\">\n\t\t\t\t<div class=\"elementor-widget-container\">\n\t\t\t\t\t\t\t\t\t\t\t\t<figure class=\"wp-caption\">\n\t\t\t\t\t\t\t\t\t\t<img loading=\"lazy\" decoding=\"async\" width=\"768\" height=\"511\" src=\"https:\/\/www.elturistatranquil.com\/wp-content\/uploads\/F103-Palacio-de-los-Fucares-de-Almagro.jpg\" class=\"attachment-large size-large wp-image-24852\" alt=\"Palacio de los Fucares de Almagro\" srcset=\"https:\/\/www.elturistatranquil.com\/wp-content\/uploads\/F103-Palacio-de-los-Fucares-de-Almagro.jpg 768w, https:\/\/www.elturistatranquil.com\/wp-content\/uploads\/F103-Palacio-de-los-Fucares-de-Almagro-339x226.jpg 339w\" sizes=\"(max-width: 768px) 100vw, 768px\" \/>\t\t\t\t\t\t\t\t\t\t\t<figcaption class=\"widget-image-caption wp-caption-text\"><\/figcaption>\n\t\t\t\t\t\t\t\t\t\t<\/figure>\n\t\t\t\t\t\t\t\t\t<\/div>\n\t\t\t\t<\/div>\n\t\t\t\t<div class=\"elementor-element elementor-element-7ace8bfb elementor-widget elementor-widget-text-editor\" data-id=\"7ace8bfb\" data-element_type=\"widget\" data-e-type=\"widget\" data-widget_type=\"text-editor.default\">\n\t\t\t\t<div class=\"elementor-widget-container\">\n\t\t\t\t\t\t\t\t\t<p>L&#8217;organitzaci\u00f3 \u00e9s la t\u00edpica de les alcaiceries i alf\u00f2ndecs \u00e0rabs, que servien tamb\u00e9 com a magatzem: ampli vest\u00edbul d&#8217;entrada i dues plantes distribu\u00efdes al voltant d&#8217;un pati porticat de planta quadrangular i doble galeria d&#8217;arcs mud\u00e8jars de mig punt sobre columnes toscanes, a la planta inferior, i arcs rebaixats sobre columnes toscanes i plint, a la planta superior.<\/p>\t\t\t\t\t\t\t\t<\/div>\n\t\t\t\t<\/div>\n\t\t\t\t<div class=\"elementor-element elementor-element-a97136 elementor-widget elementor-widget-image\" data-id=\"a97136\" data-element_type=\"widget\" data-e-type=\"widget\" data-widget_type=\"image.default\">\n\t\t\t\t<div class=\"elementor-widget-container\">\n\t\t\t\t\t\t\t\t\t\t\t\t<figure class=\"wp-caption\">\n\t\t\t\t\t\t\t\t\t\t<img loading=\"lazy\" decoding=\"async\" width=\"768\" height=\"511\" src=\"https:\/\/www.elturistatranquil.com\/wp-content\/uploads\/F104-Palacio-de-los-Fucares-de-Almagro.jpg\" class=\"attachment-large size-large wp-image-24854\" alt=\"Palacio de los Fucares de Almagro\" srcset=\"https:\/\/www.elturistatranquil.com\/wp-content\/uploads\/F104-Palacio-de-los-Fucares-de-Almagro.jpg 768w, https:\/\/www.elturistatranquil.com\/wp-content\/uploads\/F104-Palacio-de-los-Fucares-de-Almagro-339x226.jpg 339w\" sizes=\"(max-width: 768px) 100vw, 768px\" \/>\t\t\t\t\t\t\t\t\t\t\t<figcaption class=\"widget-image-caption wp-caption-text\"><\/figcaption>\n\t\t\t\t\t\t\t\t\t\t<\/figure>\n\t\t\t\t\t\t\t\t\t<\/div>\n\t\t\t\t<\/div>\n\t\t\t\t<div class=\"elementor-element elementor-element-cacf449 elementor-widget elementor-widget-image\" data-id=\"cacf449\" data-element_type=\"widget\" data-e-type=\"widget\" data-widget_type=\"image.default\">\n\t\t\t\t<div class=\"elementor-widget-container\">\n\t\t\t\t\t\t\t\t\t\t\t\t<figure class=\"wp-caption\">\n\t\t\t\t\t\t\t\t\t\t<img loading=\"lazy\" decoding=\"async\" width=\"768\" height=\"511\" src=\"https:\/\/www.elturistatranquil.com\/wp-content\/uploads\/F105-Palacio-de-los-Fucares-de-Almagro.jpg\" class=\"attachment-large size-large wp-image-24856\" alt=\"Palacio de los Fucares de Almagro\" srcset=\"https:\/\/www.elturistatranquil.com\/wp-content\/uploads\/F105-Palacio-de-los-Fucares-de-Almagro.jpg 768w, https:\/\/www.elturistatranquil.com\/wp-content\/uploads\/F105-Palacio-de-los-Fucares-de-Almagro-339x226.jpg 339w\" sizes=\"(max-width: 768px) 100vw, 768px\" \/>\t\t\t\t\t\t\t\t\t\t\t<figcaption class=\"widget-image-caption wp-caption-text\"><\/figcaption>\n\t\t\t\t\t\t\t\t\t\t<\/figure>\n\t\t\t\t\t\t\t\t\t<\/div>\n\t\t\t\t<\/div>\n\t\t\t\t<div class=\"elementor-element elementor-element-1ef06e2b elementor-widget elementor-widget-text-editor\" data-id=\"1ef06e2b\" data-element_type=\"widget\" data-e-type=\"widget\" data-widget_type=\"text-editor.default\">\n\t\t\t\t<div class=\"elementor-widget-container\">\n\t\t\t\t\t\t\t\t\t<p>Conserva els sostres artesonats i el terra original del segle XVI en una de les seves depend\u00e8ncies, la qual diuen que es correspon amb l&#8217;oficina de l\u2019administrador dels F\u00fcgger.<\/p>\t\t\t\t\t\t\t\t<\/div>\n\t\t\t\t<\/div>\n\t\t\t\t<div class=\"elementor-element elementor-element-565d498b elementor-widget elementor-widget-image\" data-id=\"565d498b\" data-element_type=\"widget\" data-e-type=\"widget\" data-widget_type=\"image.default\">\n\t\t\t\t<div class=\"elementor-widget-container\">\n\t\t\t\t\t\t\t\t\t\t\t\t<figure class=\"wp-caption\">\n\t\t\t\t\t\t\t\t\t\t<img loading=\"lazy\" decoding=\"async\" width=\"768\" height=\"511\" src=\"https:\/\/www.elturistatranquil.com\/wp-content\/uploads\/F108-Palacio-de-los-Fucares-de-Almagro.jpg\" class=\"attachment-large size-large wp-image-24862\" alt=\"Palacio de los Fucares de Almagro\" srcset=\"https:\/\/www.elturistatranquil.com\/wp-content\/uploads\/F108-Palacio-de-los-Fucares-de-Almagro.jpg 768w, https:\/\/www.elturistatranquil.com\/wp-content\/uploads\/F108-Palacio-de-los-Fucares-de-Almagro-339x226.jpg 339w\" sizes=\"(max-width: 768px) 100vw, 768px\" \/>\t\t\t\t\t\t\t\t\t\t\t<figcaption class=\"widget-image-caption wp-caption-text\"><\/figcaption>\n\t\t\t\t\t\t\t\t\t\t<\/figure>\n\t\t\t\t\t\t\t\t\t<\/div>\n\t\t\t\t<\/div>\n\t\t\t\t<div class=\"elementor-element elementor-element-71adc48f elementor-widget elementor-widget-text-editor\" data-id=\"71adc48f\" data-element_type=\"widget\" data-e-type=\"widget\" data-widget_type=\"text-editor.default\">\n\t\t\t\t<div class=\"elementor-widget-container\">\n\t\t\t\t\t\t\t\t\t<p>Destaquen el vest\u00edbul i l&#8217;escala, al costat sud del pati. L&#8217;escala t\u00e9 dos trams i est\u00e0 coberta per voltes de can\u00f3 i creueria decorades amb yeser\u00edas.<\/p>\t\t\t\t\t\t\t\t<\/div>\n\t\t\t\t<\/div>\n\t\t\t\t<div class=\"elementor-element elementor-element-2230d47c elementor-widget elementor-widget-image\" data-id=\"2230d47c\" data-element_type=\"widget\" data-e-type=\"widget\" data-widget_type=\"image.default\">\n\t\t\t\t<div class=\"elementor-widget-container\">\n\t\t\t\t\t\t\t\t\t\t\t\t<figure class=\"wp-caption\">\n\t\t\t\t\t\t\t\t\t\t<img loading=\"lazy\" decoding=\"async\" width=\"768\" height=\"511\" src=\"https:\/\/www.elturistatranquil.com\/wp-content\/uploads\/F106-Palacio-de-los-Fucares-de-Almagro.jpg\" class=\"attachment-large size-large wp-image-24858\" alt=\"Palacio de los Fucares de Almagro\" srcset=\"https:\/\/www.elturistatranquil.com\/wp-content\/uploads\/F106-Palacio-de-los-Fucares-de-Almagro.jpg 768w, https:\/\/www.elturistatranquil.com\/wp-content\/uploads\/F106-Palacio-de-los-Fucares-de-Almagro-339x226.jpg 339w\" sizes=\"(max-width: 768px) 100vw, 768px\" \/>\t\t\t\t\t\t\t\t\t\t\t<figcaption class=\"widget-image-caption wp-caption-text\"><\/figcaption>\n\t\t\t\t\t\t\t\t\t\t<\/figure>\n\t\t\t\t\t\t\t\t\t<\/div>\n\t\t\t\t<\/div>\n\t\t\t\t<div class=\"elementor-element elementor-element-3ee33acb elementor-widget elementor-widget-image\" data-id=\"3ee33acb\" data-element_type=\"widget\" data-e-type=\"widget\" data-widget_type=\"image.default\">\n\t\t\t\t<div class=\"elementor-widget-container\">\n\t\t\t\t\t\t\t\t\t\t\t\t<figure class=\"wp-caption\">\n\t\t\t\t\t\t\t\t\t\t<img loading=\"lazy\" decoding=\"async\" width=\"768\" height=\"511\" src=\"https:\/\/www.elturistatranquil.com\/wp-content\/uploads\/F107-Palacio-de-los-Fucares-de-Almagro.jpg\" class=\"attachment-large size-large wp-image-24860\" alt=\"Palacio de los Fucares de Almagro\" srcset=\"https:\/\/www.elturistatranquil.com\/wp-content\/uploads\/F107-Palacio-de-los-Fucares-de-Almagro.jpg 768w, https:\/\/www.elturistatranquil.com\/wp-content\/uploads\/F107-Palacio-de-los-Fucares-de-Almagro-339x226.jpg 339w\" sizes=\"(max-width: 768px) 100vw, 768px\" \/>\t\t\t\t\t\t\t\t\t\t\t<figcaption class=\"widget-image-caption wp-caption-text\"><\/figcaption>\n\t\t\t\t\t\t\t\t\t\t<\/figure>\n\t\t\t\t\t\t\t\t\t<\/div>\n\t\t\t\t<\/div>\n\t\t\t\t<div class=\"elementor-element elementor-element-6b434001 elementor-widget elementor-widget-text-editor\" data-id=\"6b434001\" data-element_type=\"widget\" data-e-type=\"widget\" data-widget_type=\"text-editor.default\">\n\t\t\t\t<div class=\"elementor-widget-container\">\n\t\t\t\t\t\t\t\t\t<p>Una gran sala s&#8217;ha reservat com a museu dels productes amb els que tractaven els banquers.<\/p>\t\t\t\t\t\t\t\t<\/div>\n\t\t\t\t<\/div>\n\t\t\t\t<div class=\"elementor-element elementor-element-31abda12 elementor-widget elementor-widget-image\" data-id=\"31abda12\" data-element_type=\"widget\" data-e-type=\"widget\" data-widget_type=\"image.default\">\n\t\t\t\t<div class=\"elementor-widget-container\">\n\t\t\t\t\t\t\t\t\t\t\t\t<figure class=\"wp-caption\">\n\t\t\t\t\t\t\t\t\t\t<img loading=\"lazy\" decoding=\"async\" width=\"768\" height=\"511\" src=\"https:\/\/www.elturistatranquil.com\/wp-content\/uploads\/F109-Palacio-de-los-Fucares-de-Almagro.jpg\" class=\"attachment-large size-large wp-image-24864\" alt=\"Palacio de los Fucares de Almagro\" srcset=\"https:\/\/www.elturistatranquil.com\/wp-content\/uploads\/F109-Palacio-de-los-Fucares-de-Almagro.jpg 768w, https:\/\/www.elturistatranquil.com\/wp-content\/uploads\/F109-Palacio-de-los-Fucares-de-Almagro-339x226.jpg 339w\" sizes=\"(max-width: 768px) 100vw, 768px\" \/>\t\t\t\t\t\t\t\t\t\t\t<figcaption class=\"widget-image-caption wp-caption-text\"><\/figcaption>\n\t\t\t\t\t\t\t\t\t\t<\/figure>\n\t\t\t\t\t\t\t\t\t<\/div>\n\t\t\t\t<\/div>\n\t\t\t\t<div class=\"elementor-element elementor-element-3c102fd9 elementor-widget elementor-widget-image\" data-id=\"3c102fd9\" data-element_type=\"widget\" data-e-type=\"widget\" data-widget_type=\"image.default\">\n\t\t\t\t<div class=\"elementor-widget-container\">\n\t\t\t\t\t\t\t\t\t\t\t\t<figure class=\"wp-caption\">\n\t\t\t\t\t\t\t\t\t\t<img loading=\"lazy\" decoding=\"async\" width=\"768\" height=\"511\" src=\"https:\/\/www.elturistatranquil.com\/wp-content\/uploads\/F110-Palacio-de-los-Fucares-de-Almagro.jpg\" class=\"attachment-large size-large wp-image-24866\" alt=\"Palacio de los Fucares de Almagro\" srcset=\"https:\/\/www.elturistatranquil.com\/wp-content\/uploads\/F110-Palacio-de-los-Fucares-de-Almagro.jpg 768w, https:\/\/www.elturistatranquil.com\/wp-content\/uploads\/F110-Palacio-de-los-Fucares-de-Almagro-339x226.jpg 339w\" sizes=\"(max-width: 768px) 100vw, 768px\" \/>\t\t\t\t\t\t\t\t\t\t\t<figcaption class=\"widget-image-caption wp-caption-text\"><\/figcaption>\n\t\t\t\t\t\t\t\t\t\t<\/figure>\n\t\t\t\t\t\t\t\t\t<\/div>\n\t\t\t\t<\/div>\n\t\t\t\t<div class=\"elementor-element elementor-element-7b1a646f elementor-widget elementor-widget-text-editor\" data-id=\"7b1a646f\" data-element_type=\"widget\" data-e-type=\"widget\" data-widget_type=\"text-editor.default\">\n\t\t\t\t<div class=\"elementor-widget-container\">\n\t\t\t\t\t\t\t\t\t<p>Per recordar la seva vinculaci\u00f3 amb les mines d&#8217;Almad\u00e9n, en una de les parets penja una interessant representaci\u00f3 de l&#8217;estructura de les galeries d&#8217;aquesta mina.<\/p>\t\t\t\t\t\t\t\t<\/div>\n\t\t\t\t<\/div>\n\t\t\t\t<div class=\"elementor-element elementor-element-7bcb7d0f elementor-widget elementor-widget-image\" data-id=\"7bcb7d0f\" data-element_type=\"widget\" data-e-type=\"widget\" data-widget_type=\"image.default\">\n\t\t\t\t<div class=\"elementor-widget-container\">\n\t\t\t\t\t\t\t\t\t\t\t\t<figure class=\"wp-caption\">\n\t\t\t\t\t\t\t\t\t\t<img loading=\"lazy\" decoding=\"async\" width=\"768\" height=\"512\" src=\"https:\/\/www.elturistatranquil.com\/wp-content\/uploads\/F111-Palacio-de-los-Fucares-de-Almagro.jpg\" class=\"attachment-large size-large wp-image-24868\" alt=\"Palacio de los Fucares de Almagro\" srcset=\"https:\/\/www.elturistatranquil.com\/wp-content\/uploads\/F111-Palacio-de-los-Fucares-de-Almagro.jpg 768w, https:\/\/www.elturistatranquil.com\/wp-content\/uploads\/F111-Palacio-de-los-Fucares-de-Almagro-339x226.jpg 339w\" sizes=\"(max-width: 768px) 100vw, 768px\" \/>\t\t\t\t\t\t\t\t\t\t\t<figcaption class=\"widget-image-caption wp-caption-text\"><\/figcaption>\n\t\t\t\t\t\t\t\t\t\t<\/figure>\n\t\t\t\t\t\t\t\t\t<\/div>\n\t\t\t\t<\/div>\n\t\t\t\t<div class=\"elementor-element elementor-element-b4a4b6f elementor-widget elementor-widget-menu-anchor\" data-id=\"b4a4b6f\" data-element_type=\"widget\" data-e-type=\"widget\" data-widget_type=\"menu-anchor.default\">\n\t\t\t\t<div class=\"elementor-widget-container\">\n\t\t\t\t\t\t\t<div class=\"elementor-menu-anchor\" id=\"c3936\"><\/div>\n\t\t\t\t\t\t<\/div>\n\t\t\t\t<\/div>\n\t\t\t\t<div class=\"elementor-element elementor-element-ab26cc5 elementor-widget elementor-widget-text-editor\" data-id=\"ab26cc5\" data-element_type=\"widget\" data-e-type=\"widget\" data-widget_type=\"text-editor.default\">\n\t\t\t\t<div class=\"elementor-widget-container\">\n\t\t\t\t\t\t\t\t\t<p>En l&#8217;actualitat \u00e9s seu de la Universitat Popular d&#8217;Almagro i un dels espais esc\u00e8nics del Festival Internacional de Teatre Cl\u00e0ssic.<\/p><p>A la sortida de retrocedeixo fins a la cantonada i prenc el <strong>carrer Madre de Dios<\/strong> que em dirigir\u00e0 fins al l\u00edmit de la muralla, on es trobava la Porta de Bola\u00f1o, des d&#8217;on ja veig el <strong>Centre de Recepci\u00f3 de Visitants<\/strong> (<strong>IT<\/strong>) del qual he partit per aquesta intensa ruta.<\/p>\t\t\t\t\t\t\t\t<\/div>\n\t\t\t\t<\/div>\n\t\t\t\t<div class=\"elementor-element elementor-element-15d67fe0 elementor-widget elementor-widget-heading\" data-id=\"15d67fe0\" data-element_type=\"widget\" data-e-type=\"widget\" data-widget_type=\"heading.default\">\n\t\t\t\t<div class=\"elementor-widget-container\">\n\t\t\t\t\t<h2 class=\"elementor-heading-title elementor-size-default\">Fi de la visita<\/h2>\t\t\t\t<\/div>\n\t\t\t\t<\/div>\n\t\t\t\t<div class=\"elementor-element elementor-element-56647af1 elementor-widget elementor-widget-menu-anchor\" data-id=\"56647af1\" data-element_type=\"widget\" data-e-type=\"widget\" data-widget_type=\"menu-anchor.default\">\n\t\t\t\t<div class=\"elementor-widget-container\">\n\t\t\t\t\t\t\t<div class=\"elementor-menu-anchor\" id=\"c3937\"><\/div>\n\t\t\t\t\t\t<\/div>\n\t\t\t\t<\/div>\n\t\t\t\t<div class=\"elementor-element elementor-element-352a6173 elementor-widget elementor-widget-text-editor\" data-id=\"352a6173\" data-element_type=\"widget\" data-e-type=\"widget\" data-widget_type=\"text-editor.default\">\n\t\t\t\t<div class=\"elementor-widget-container\">\n\t\t\t\t\t\t\t\t\t<p>Ha estat una intensa ruta, sobretot pel renaixement espanyol i per l&#8217;arquitectura popular manxega.<\/p><p>Una ciutat que, conscient del llegat rebut, ha preservat l&#8217;arquitectura i l&#8217;urbanisme del seu ampli centre hist\u00f2ric, sense deixar que penetr\u00e9s en ell l&#8217;arquitectura banal del segle XX, tan nefasta en altres llocs. Aquest manteniment d&#8217;una atmosfera urbana d&#8217;un altre temps, el combina perfectament amb la vida que desprenen els seus carrers.<\/p><p>Els amants del teatre cl\u00e0ssic espanyol tenen una cita obligada cada any amb el seu Festival.<\/p>\t\t\t\t\t\t\t\t<\/div>\n\t\t\t\t<\/div>\n\t\t\t\t<div class=\"elementor-element elementor-element-fe1b6db elementor-widget elementor-widget-heading\" data-id=\"fe1b6db\" data-element_type=\"widget\" data-e-type=\"widget\" data-widget_type=\"heading.default\">\n\t\t\t\t<div class=\"elementor-widget-container\">\n\t\t\t\t\t<h2 class=\"elementor-heading-title elementor-size-default\">Bases d\u2019informaci\u00f3<\/h2>\t\t\t\t<\/div>\n\t\t\t\t<\/div>\n\t\t\t\t<div class=\"elementor-element elementor-element-5cdcdfd9 elementor-widget elementor-widget-text-editor\" data-id=\"5cdcdfd9\" data-element_type=\"widget\" data-e-type=\"widget\" data-widget_type=\"text-editor.default\">\n\t\t\t\t<div class=\"elementor-widget-container\">\n\t\t\t\t\t\t\t\t\t<p><strong>Webs<\/strong><\/p><p><a href=\"http:\/\/www.ciudad-almagro.com\/\" target=\"_blank\" rel=\"noopener\">ayuntamiento<\/a><\/p><p><a href=\"https:\/\/es.wikipedia.org\/wiki\/Almagro_(Espa%C3%B1a)\" target=\"_blank\" rel=\"noopener\">wikipedia<\/a><\/p><p><a href=\"http:\/\/www.turismoalmagro.com\/\" target=\"_blank\" rel=\"noopener\">turismoalmagro<\/a><\/p><p><a href=\"http:\/\/www.almagromonumental.com\/\" target=\"_blank\" rel=\"noopener\">almagromonumental<\/a><\/p><p><a href=\"http:\/\/www.rutaquijote.es\/lugares\/almagro\/\" target=\"_blank\" rel=\"noopener\">almagro rutadedonquijote<\/a><\/p><p><a href=\"https:\/\/www.arteguias.com\/ciudadreal\/almagro.htm\" target=\"_blank\" rel=\"noopener\">arteguias<\/a><\/p><p><a href=\"https:\/\/www.campodecalatrava.com\/cec\/sites\/default\/files\/Almagro.pdf\" target=\"_blank\" rel=\"noopener\">campodecalatrava<\/a><\/p>\t\t\t\t\t\t\t\t<\/div>\n\t\t\t\t<\/div>\n\t\t\t\t<div class=\"elementor-element elementor-element-65d1bdf5 elementor-widget elementor-widget-text-editor\" data-id=\"65d1bdf5\" data-element_type=\"widget\" data-e-type=\"widget\" data-widget_type=\"text-editor.default\">\n\t\t\t\t<div class=\"elementor-widget-container\">\n\t\t\t\t\t\t\t\t\t<p><strong>Webs Academic<\/strong><\/p><p>C. Garc\u00eda Colorado, <a href=\"http:\/\/publicacionesrade.es\/index.php\/arade\/article\/view\/29\" target=\"_blank\" rel=\"noopener\"><em>Los Fugger en Almagro<\/em><\/a><\/p><p>C. Garc\u00eda Colorado, <a href=\"https:\/\/www.radoctores.es\/doc\/1V14N2-garcia%20colorado-almagro.pdf\" target=\"_blank\" rel=\"noopener\"><em>Semblanza de Almagro<\/em><\/a><\/p><p>M.F. G\u00f3mez Vozmediano, <a href=\"http:\/\/hispaniasacra.revistas.csic.es\/index.php\/hispaniasacra\/article\/view\/633\" target=\"_blank\" rel=\"noopener\"><em>Devociones religiosas colectivas y conversos en Almagro: la Cofrad\u00eda de Santa Mar\u00eda de Mirabuenos (ss. XV-XVII)<\/em><\/a><\/p><p>M.A. Gonz\u00e1lez Mena, <a href=\"https:\/\/repositorio.uam.es\/bitstream\/handle\/10486\/8106\/44285_2.pdf?sequence=1\" target=\"_blank\" rel=\"noopener\"><em>Almagro, ciudad encajera<\/em><\/a><\/p><p>L. Velasco G\u00f3mez, <a href=\"https:\/\/addi.ehu.es\/bitstream\/handle\/10810\/21232\/TFG_VelascoGomez,L.pdf?sequence=1\" target=\"_blank\" rel=\"noopener\"><em>El convento de la Asunci\u00f3n. La Orden de Calatrava y los inicios del renacimiento en Almagro<\/em><\/a><\/p><p>J. L\u00f3pez-Salazar P\u00e9rez, <a href=\"http:\/\/revistas.usal.es\/index.php\/Studia_Historica\/article\/viewFile\/4684\/4701\" target=\"_blank\" rel=\"noopener\"><em>Limpieza de sangre y divisi\u00f3n en estados: El municipio de Almagro durante el siglo XVI<\/em><\/a><\/p><p>Plan de Ordenaci\u00f3n Municipal de Almagro, <a href=\"http:\/\/www.almagro.es\/urbanismo\/pdf\/catalogo_e_prot.pdf\" target=\"_blank\" rel=\"noopener\"><em>Cat\u00e1logo de elementos y espacios protegidos. Volumen I<\/em><\/a><\/p><p>Plan de Ordenaci\u00f3n Municipal de Almagro, <a href=\"http:\/\/www.almagro.es\/urbanismo\/pdf\/catalogo_e_protII.pdf\" target=\"_blank\" rel=\"noopener\"><em>Cat\u00e1logo de elementos y espacios protegidos. Volumen II<\/em><\/a><\/p>\t\t\t\t\t\t\t\t<\/div>\n\t\t\t\t<\/div>\n\t\t\t\t<div class=\"elementor-element elementor-element-7fd7e6f2 elementor-widget elementor-widget-text-editor\" data-id=\"7fd7e6f2\" data-element_type=\"widget\" data-e-type=\"widget\" data-widget_type=\"text-editor.default\">\n\t\t\t\t<div class=\"elementor-widget-container\">\n\t\t\t\t\t\t\t\t\t<p>Enlla\u00e7 amb el <em>Post<\/em>:<a href=\"https:\/\/www.elturistatranquil.com\/ca\/hospederia-santa-elena-tierra-de-montiel\/\" target=\"_blank\" rel=\"noopener\"><strong> Hospeder\u00eda Santa Elena, Tierra de Montiel<\/strong><\/a><\/p><p style=\"text-align: right;\">\u00a0<\/p>\t\t\t\t\t\t\t\t<\/div>\n\t\t\t\t<\/div>\n\t\t\t\t\t<\/div>\n\t\t<\/div>\n\t\t\t\t\t<\/div>\n\t\t<\/section>\n\t\t\t\t<\/div>\n\t\t","protected":false},"excerpt":{"rendered":"<p>Almagro, en el Campo de Calatrava de Ciudad Real, est\u00e0 catalogada com a Conjunt Hist\u00f2ric-Art\u00edstic. El Renaixement, l&#8217;arquitectura popular manxega i el Teatre, amb el seu Corral de Comedias, representen &#8230; <a title=\"Almagro (Ciudad Real)\" class=\"read-more\" href=\"https:\/\/www.elturistatranquil.com\/ca\/almagro-ciudad-real\/\" aria-label=\"M\u00e9s informaci\u00f3 sobre Almagro (Ciudad Real)\">[ &#8230; ]<\/a><\/p>\n","protected":false},"author":1,"featured_media":24672,"comment_status":"open","ping_status":"closed","sticky":false,"template":"","format":"standard","meta":{"footnotes":""},"categories":[70,71,72,74,75,188,76,77,145,83,90,91,92,99,100,101,139,106,107,110],"tags":[],"class_list":["post-24876","post","type-post","status-publish","format-standard","has-post-thumbnail","hentry","category-arquitectura-civil-ca","category-arquitectura-popular-ca","category-arquitectura-religiosa-ca","category-barroc","category-castells","category-ciudad-real-ca","category-ciutat","category-conjunts-historics","category-edat-mitjana","category-historia-ca","category-monestirs-catedrals","category-mudejar-ca","category-museus","category-poble","category-pobles-i-ciutats-amb-interes","category-renaixement","category-segle-xvi-xvii","category-segle-xviii-xix","category-segle-xx-xxi","category-vila","infinite-scroll-item","generate-columns","tablet-grid-50","mobile-grid-100","grid-parent","grid-50","no-featured-image-padding"],"yoast_head":"<!-- This site is optimized with the Yoast SEO plugin v27.4 - https:\/\/yoast.com\/product\/yoast-seo-wordpress\/ -->\n<title>Almagro (Ciudad Real) - El turista tranquil<\/title>\n<meta name=\"description\" content=\"Almagro, en el Campo de Calatrava de Ciudad Real, est\u00e0 catalogada com a Conjunt Hist\u00f2ric-Art\u00edstic. El Renaixement, l&#039;arquitectura popular manxega i el Teatre, amb el seu Corral de Comedias, representen els seus importants signes d&#039;identitat.\" \/>\n<meta name=\"robots\" content=\"index, follow, max-snippet:-1, max-image-preview:large, max-video-preview:-1\" \/>\n<link rel=\"canonical\" href=\"https:\/\/www.elturistatranquil.com\/ca\/almagro-ciudad-real\/\" \/>\n<meta property=\"og:locale\" content=\"ca_ES\" \/>\n<meta property=\"og:type\" content=\"article\" \/>\n<meta property=\"og:title\" content=\"Almagro (Ciudad Real) - El turista tranquil\" \/>\n<meta property=\"og:description\" content=\"Almagro, en el Campo de Calatrava de Ciudad Real, est\u00e0 catalogada com a Conjunt Hist\u00f2ric-Art\u00edstic. El Renaixement, l&#039;arquitectura popular manxega i el Teatre, amb el seu Corral de Comedias, representen els seus importants signes d&#039;identitat.\" \/>\n<meta property=\"og:url\" content=\"https:\/\/www.elturistatranquil.com\/ca\/almagro-ciudad-real\/\" \/>\n<meta property=\"og:site_name\" content=\"El turista tranquil\" \/>\n<meta property=\"article:publisher\" content=\"https:\/\/www.facebook.com\/elturistatranquilo\/\" \/>\n<meta property=\"article:published_time\" content=\"2019-10-27T20:19:33+00:00\" \/>\n<meta property=\"article:modified_time\" content=\"2019-10-27T20:21:00+00:00\" \/>\n<meta property=\"og:image\" content=\"https:\/\/www.elturistatranquil.com\/wp-content\/uploads\/F00-Almagro.jpg\" \/>\n\t<meta property=\"og:image:width\" content=\"768\" \/>\n\t<meta property=\"og:image:height\" content=\"511\" \/>\n\t<meta property=\"og:image:type\" content=\"image\/jpeg\" \/>\n<meta name=\"author\" content=\"admin\" \/>\n<meta name=\"twitter:card\" content=\"summary_large_image\" \/>\n<meta name=\"twitter:label1\" content=\"Escrit per\" \/>\n\t<meta name=\"twitter:data1\" content=\"admin\" \/>\n\t<meta name=\"twitter:label2\" content=\"Temps estimat de lectura\" \/>\n\t<meta name=\"twitter:data2\" content=\"32 minuts\" \/>\n<script type=\"application\/ld+json\" class=\"yoast-schema-graph\">{\"@context\":\"https:\\\/\\\/schema.org\",\"@graph\":[{\"@type\":\"Article\",\"@id\":\"https:\\\/\\\/www.elturistatranquil.com\\\/ca\\\/almagro-ciudad-real\\\/#article\",\"isPartOf\":{\"@id\":\"https:\\\/\\\/www.elturistatranquil.com\\\/ca\\\/almagro-ciudad-real\\\/\"},\"author\":{\"name\":\"admin\",\"@id\":\"https:\\\/\\\/www.elturistatranquil.com\\\/ca\\\/#\\\/schema\\\/person\\\/16f607c3079b96ed0c530a52e6b58bb5\"},\"headline\":\"Almagro (Ciudad Real)\",\"datePublished\":\"2019-10-27T20:19:33+00:00\",\"dateModified\":\"2019-10-27T20:21:00+00:00\",\"mainEntityOfPage\":{\"@id\":\"https:\\\/\\\/www.elturistatranquil.com\\\/ca\\\/almagro-ciudad-real\\\/\"},\"wordCount\":6696,\"commentCount\":0,\"image\":{\"@id\":\"https:\\\/\\\/www.elturistatranquil.com\\\/ca\\\/almagro-ciudad-real\\\/#primaryimage\"},\"thumbnailUrl\":\"https:\\\/\\\/www.elturistatranquil.com\\\/wp-content\\\/uploads\\\/F00-Almagro.jpg\",\"articleSection\":[\"Arquitectura civil\",\"Arquitectura popular\",\"Arquitectura religiosa\",\"Barroc\",\"Castells, Muralles\",\"Ciudad Real\",\"Ciutat\",\"Conjunts hist\u00f2rics\",\"Edat mitjana\",\"Hist\u00f2ria\",\"Monestirs, Catedrals\",\"Mud\u00e8jar\",\"Museus\",\"Poble\",\"Pobles i ciutats amb inter\u00e9s\",\"Renaixement\",\"Segle XVI-XVII\",\"Segle XVIII-XIX\",\"Segle XX-XXI\",\"Vila\"],\"inLanguage\":\"ca\",\"potentialAction\":[{\"@type\":\"CommentAction\",\"name\":\"Comment\",\"target\":[\"https:\\\/\\\/www.elturistatranquil.com\\\/ca\\\/almagro-ciudad-real\\\/#respond\"]}]},{\"@type\":\"WebPage\",\"@id\":\"https:\\\/\\\/www.elturistatranquil.com\\\/ca\\\/almagro-ciudad-real\\\/\",\"url\":\"https:\\\/\\\/www.elturistatranquil.com\\\/ca\\\/almagro-ciudad-real\\\/\",\"name\":\"Almagro (Ciudad Real) - El turista tranquil\",\"isPartOf\":{\"@id\":\"https:\\\/\\\/www.elturistatranquil.com\\\/ca\\\/#website\"},\"primaryImageOfPage\":{\"@id\":\"https:\\\/\\\/www.elturistatranquil.com\\\/ca\\\/almagro-ciudad-real\\\/#primaryimage\"},\"image\":{\"@id\":\"https:\\\/\\\/www.elturistatranquil.com\\\/ca\\\/almagro-ciudad-real\\\/#primaryimage\"},\"thumbnailUrl\":\"https:\\\/\\\/www.elturistatranquil.com\\\/wp-content\\\/uploads\\\/F00-Almagro.jpg\",\"datePublished\":\"2019-10-27T20:19:33+00:00\",\"dateModified\":\"2019-10-27T20:21:00+00:00\",\"author\":{\"@id\":\"https:\\\/\\\/www.elturistatranquil.com\\\/ca\\\/#\\\/schema\\\/person\\\/16f607c3079b96ed0c530a52e6b58bb5\"},\"description\":\"Almagro, en el Campo de Calatrava de Ciudad Real, est\u00e0 catalogada com a Conjunt Hist\u00f2ric-Art\u00edstic. El Renaixement, l'arquitectura popular manxega i el Teatre, amb el seu Corral de Comedias, representen els seus importants signes d'identitat.\",\"breadcrumb\":{\"@id\":\"https:\\\/\\\/www.elturistatranquil.com\\\/ca\\\/almagro-ciudad-real\\\/#breadcrumb\"},\"inLanguage\":\"ca\",\"potentialAction\":[{\"@type\":\"ReadAction\",\"target\":[\"https:\\\/\\\/www.elturistatranquil.com\\\/ca\\\/almagro-ciudad-real\\\/\"]}]},{\"@type\":\"ImageObject\",\"inLanguage\":\"ca\",\"@id\":\"https:\\\/\\\/www.elturistatranquil.com\\\/ca\\\/almagro-ciudad-real\\\/#primaryimage\",\"url\":\"https:\\\/\\\/www.elturistatranquil.com\\\/wp-content\\\/uploads\\\/F00-Almagro.jpg\",\"contentUrl\":\"https:\\\/\\\/www.elturistatranquil.com\\\/wp-content\\\/uploads\\\/F00-Almagro.jpg\",\"width\":768,\"height\":511,\"caption\":\"Plaza Mayor de Almagro\"},{\"@type\":\"BreadcrumbList\",\"@id\":\"https:\\\/\\\/www.elturistatranquil.com\\\/ca\\\/almagro-ciudad-real\\\/#breadcrumb\",\"itemListElement\":[{\"@type\":\"ListItem\",\"position\":1,\"name\":\"Portada\",\"item\":\"https:\\\/\\\/www.elturistatranquil.com\\\/ca\\\/\"},{\"@type\":\"ListItem\",\"position\":2,\"name\":\"Almagro (Ciudad Real)\"}]},{\"@type\":\"WebSite\",\"@id\":\"https:\\\/\\\/www.elturistatranquil.com\\\/ca\\\/#website\",\"url\":\"https:\\\/\\\/www.elturistatranquil.com\\\/ca\\\/\",\"name\":\"El turista tranquil\",\"description\":\"Blog de viatges\",\"potentialAction\":[{\"@type\":\"SearchAction\",\"target\":{\"@type\":\"EntryPoint\",\"urlTemplate\":\"https:\\\/\\\/www.elturistatranquil.com\\\/ca\\\/?s={search_term_string}\"},\"query-input\":{\"@type\":\"PropertyValueSpecification\",\"valueRequired\":true,\"valueName\":\"search_term_string\"}}],\"inLanguage\":\"ca\"},{\"@type\":\"Person\",\"@id\":\"https:\\\/\\\/www.elturistatranquil.com\\\/ca\\\/#\\\/schema\\\/person\\\/16f607c3079b96ed0c530a52e6b58bb5\",\"name\":\"admin\",\"image\":{\"@type\":\"ImageObject\",\"inLanguage\":\"ca\",\"@id\":\"https:\\\/\\\/secure.gravatar.com\\\/avatar\\\/1fbaf22aee75fcbb29a2f97b107f95d25d3a19b7c3416105be10269872673e8d?s=96&d=mm&r=g\",\"url\":\"https:\\\/\\\/secure.gravatar.com\\\/avatar\\\/1fbaf22aee75fcbb29a2f97b107f95d25d3a19b7c3416105be10269872673e8d?s=96&d=mm&r=g\",\"contentUrl\":\"https:\\\/\\\/secure.gravatar.com\\\/avatar\\\/1fbaf22aee75fcbb29a2f97b107f95d25d3a19b7c3416105be10269872673e8d?s=96&d=mm&r=g\",\"caption\":\"admin\"}}]}<\/script>\n<!-- \/ Yoast SEO plugin. -->","yoast_head_json":{"title":"Almagro (Ciudad Real) - El turista tranquil","description":"Almagro, en el Campo de Calatrava de Ciudad Real, est\u00e0 catalogada com a Conjunt Hist\u00f2ric-Art\u00edstic. El Renaixement, l'arquitectura popular manxega i el Teatre, amb el seu Corral de Comedias, representen els seus importants signes d'identitat.","robots":{"index":"index","follow":"follow","max-snippet":"max-snippet:-1","max-image-preview":"max-image-preview:large","max-video-preview":"max-video-preview:-1"},"canonical":"https:\/\/www.elturistatranquil.com\/ca\/almagro-ciudad-real\/","og_locale":"ca_ES","og_type":"article","og_title":"Almagro (Ciudad Real) - El turista tranquil","og_description":"Almagro, en el Campo de Calatrava de Ciudad Real, est\u00e0 catalogada com a Conjunt Hist\u00f2ric-Art\u00edstic. El Renaixement, l'arquitectura popular manxega i el Teatre, amb el seu Corral de Comedias, representen els seus importants signes d'identitat.","og_url":"https:\/\/www.elturistatranquil.com\/ca\/almagro-ciudad-real\/","og_site_name":"El turista tranquil","article_publisher":"https:\/\/www.facebook.com\/elturistatranquilo\/","article_published_time":"2019-10-27T20:19:33+00:00","article_modified_time":"2019-10-27T20:21:00+00:00","og_image":[{"width":768,"height":511,"url":"https:\/\/www.elturistatranquil.com\/wp-content\/uploads\/F00-Almagro.jpg","type":"image\/jpeg"}],"author":"admin","twitter_card":"summary_large_image","twitter_misc":{"Escrit per":"admin","Temps estimat de lectura":"32 minuts"},"schema":{"@context":"https:\/\/schema.org","@graph":[{"@type":"Article","@id":"https:\/\/www.elturistatranquil.com\/ca\/almagro-ciudad-real\/#article","isPartOf":{"@id":"https:\/\/www.elturistatranquil.com\/ca\/almagro-ciudad-real\/"},"author":{"name":"admin","@id":"https:\/\/www.elturistatranquil.com\/ca\/#\/schema\/person\/16f607c3079b96ed0c530a52e6b58bb5"},"headline":"Almagro (Ciudad Real)","datePublished":"2019-10-27T20:19:33+00:00","dateModified":"2019-10-27T20:21:00+00:00","mainEntityOfPage":{"@id":"https:\/\/www.elturistatranquil.com\/ca\/almagro-ciudad-real\/"},"wordCount":6696,"commentCount":0,"image":{"@id":"https:\/\/www.elturistatranquil.com\/ca\/almagro-ciudad-real\/#primaryimage"},"thumbnailUrl":"https:\/\/www.elturistatranquil.com\/wp-content\/uploads\/F00-Almagro.jpg","articleSection":["Arquitectura civil","Arquitectura popular","Arquitectura religiosa","Barroc","Castells, Muralles","Ciudad Real","Ciutat","Conjunts hist\u00f2rics","Edat mitjana","Hist\u00f2ria","Monestirs, Catedrals","Mud\u00e8jar","Museus","Poble","Pobles i ciutats amb inter\u00e9s","Renaixement","Segle XVI-XVII","Segle XVIII-XIX","Segle XX-XXI","Vila"],"inLanguage":"ca","potentialAction":[{"@type":"CommentAction","name":"Comment","target":["https:\/\/www.elturistatranquil.com\/ca\/almagro-ciudad-real\/#respond"]}]},{"@type":"WebPage","@id":"https:\/\/www.elturistatranquil.com\/ca\/almagro-ciudad-real\/","url":"https:\/\/www.elturistatranquil.com\/ca\/almagro-ciudad-real\/","name":"Almagro (Ciudad Real) - El turista tranquil","isPartOf":{"@id":"https:\/\/www.elturistatranquil.com\/ca\/#website"},"primaryImageOfPage":{"@id":"https:\/\/www.elturistatranquil.com\/ca\/almagro-ciudad-real\/#primaryimage"},"image":{"@id":"https:\/\/www.elturistatranquil.com\/ca\/almagro-ciudad-real\/#primaryimage"},"thumbnailUrl":"https:\/\/www.elturistatranquil.com\/wp-content\/uploads\/F00-Almagro.jpg","datePublished":"2019-10-27T20:19:33+00:00","dateModified":"2019-10-27T20:21:00+00:00","author":{"@id":"https:\/\/www.elturistatranquil.com\/ca\/#\/schema\/person\/16f607c3079b96ed0c530a52e6b58bb5"},"description":"Almagro, en el Campo de Calatrava de Ciudad Real, est\u00e0 catalogada com a Conjunt Hist\u00f2ric-Art\u00edstic. El Renaixement, l'arquitectura popular manxega i el Teatre, amb el seu Corral de Comedias, representen els seus importants signes d'identitat.","breadcrumb":{"@id":"https:\/\/www.elturistatranquil.com\/ca\/almagro-ciudad-real\/#breadcrumb"},"inLanguage":"ca","potentialAction":[{"@type":"ReadAction","target":["https:\/\/www.elturistatranquil.com\/ca\/almagro-ciudad-real\/"]}]},{"@type":"ImageObject","inLanguage":"ca","@id":"https:\/\/www.elturistatranquil.com\/ca\/almagro-ciudad-real\/#primaryimage","url":"https:\/\/www.elturistatranquil.com\/wp-content\/uploads\/F00-Almagro.jpg","contentUrl":"https:\/\/www.elturistatranquil.com\/wp-content\/uploads\/F00-Almagro.jpg","width":768,"height":511,"caption":"Plaza Mayor de Almagro"},{"@type":"BreadcrumbList","@id":"https:\/\/www.elturistatranquil.com\/ca\/almagro-ciudad-real\/#breadcrumb","itemListElement":[{"@type":"ListItem","position":1,"name":"Portada","item":"https:\/\/www.elturistatranquil.com\/ca\/"},{"@type":"ListItem","position":2,"name":"Almagro (Ciudad Real)"}]},{"@type":"WebSite","@id":"https:\/\/www.elturistatranquil.com\/ca\/#website","url":"https:\/\/www.elturistatranquil.com\/ca\/","name":"El turista tranquil","description":"Blog de viatges","potentialAction":[{"@type":"SearchAction","target":{"@type":"EntryPoint","urlTemplate":"https:\/\/www.elturistatranquil.com\/ca\/?s={search_term_string}"},"query-input":{"@type":"PropertyValueSpecification","valueRequired":true,"valueName":"search_term_string"}}],"inLanguage":"ca"},{"@type":"Person","@id":"https:\/\/www.elturistatranquil.com\/ca\/#\/schema\/person\/16f607c3079b96ed0c530a52e6b58bb5","name":"admin","image":{"@type":"ImageObject","inLanguage":"ca","@id":"https:\/\/secure.gravatar.com\/avatar\/1fbaf22aee75fcbb29a2f97b107f95d25d3a19b7c3416105be10269872673e8d?s=96&d=mm&r=g","url":"https:\/\/secure.gravatar.com\/avatar\/1fbaf22aee75fcbb29a2f97b107f95d25d3a19b7c3416105be10269872673e8d?s=96&d=mm&r=g","contentUrl":"https:\/\/secure.gravatar.com\/avatar\/1fbaf22aee75fcbb29a2f97b107f95d25d3a19b7c3416105be10269872673e8d?s=96&d=mm&r=g","caption":"admin"}}]}},"_links":{"self":[{"href":"https:\/\/www.elturistatranquil.com\/ca\/wp-json\/wp\/v2\/posts\/24876","targetHints":{"allow":["GET"]}}],"collection":[{"href":"https:\/\/www.elturistatranquil.com\/ca\/wp-json\/wp\/v2\/posts"}],"about":[{"href":"https:\/\/www.elturistatranquil.com\/ca\/wp-json\/wp\/v2\/types\/post"}],"author":[{"embeddable":true,"href":"https:\/\/www.elturistatranquil.com\/ca\/wp-json\/wp\/v2\/users\/1"}],"replies":[{"embeddable":true,"href":"https:\/\/www.elturistatranquil.com\/ca\/wp-json\/wp\/v2\/comments?post=24876"}],"version-history":[{"count":0,"href":"https:\/\/www.elturistatranquil.com\/ca\/wp-json\/wp\/v2\/posts\/24876\/revisions"}],"wp:featuredmedia":[{"embeddable":true,"href":"https:\/\/www.elturistatranquil.com\/ca\/wp-json\/wp\/v2\/media\/24672"}],"wp:attachment":[{"href":"https:\/\/www.elturistatranquil.com\/ca\/wp-json\/wp\/v2\/media?parent=24876"}],"wp:term":[{"taxonomy":"category","embeddable":true,"href":"https:\/\/www.elturistatranquil.com\/ca\/wp-json\/wp\/v2\/categories?post=24876"},{"taxonomy":"post_tag","embeddable":true,"href":"https:\/\/www.elturistatranquil.com\/ca\/wp-json\/wp\/v2\/tags?post=24876"}],"curies":[{"name":"wp","href":"https:\/\/api.w.org\/{rel}","templated":true}]}}