{"id":25233,"date":"2019-11-03T20:01:44","date_gmt":"2019-11-03T19:01:44","guid":{"rendered":"https:\/\/www.elturistatranquil.com\/?p=25233"},"modified":"2019-11-03T20:08:11","modified_gmt":"2019-11-03T19:08:11","slug":"peratallada-girona","status":"publish","type":"post","link":"https:\/\/www.elturistatranquil.com\/ca\/peratallada-girona\/","title":{"rendered":"Peratallada (Girona)"},"content":{"rendered":"\t\t<div data-elementor-type=\"wp-post\" data-elementor-id=\"25233\" class=\"elementor elementor-25233 elementor-25014\" data-elementor-post-type=\"post\">\n\t\t\t\t\t\t<section class=\"elementor-section elementor-top-section elementor-element elementor-element-4b5bb2fa elementor-section-boxed elementor-section-height-default elementor-section-height-default\" data-id=\"4b5bb2fa\" data-element_type=\"section\" data-e-type=\"section\">\n\t\t\t\t\t\t<div class=\"elementor-container elementor-column-gap-default\">\n\t\t\t\t\t<div class=\"elementor-column elementor-col-100 elementor-top-column elementor-element elementor-element-6875aa0a\" data-id=\"6875aa0a\" data-element_type=\"column\" data-e-type=\"column\">\n\t\t\t<div class=\"elementor-widget-wrap elementor-element-populated\">\n\t\t\t\t\t\t<section class=\"elementor-section elementor-inner-section elementor-element elementor-element-301c6dbd elementor-section-content-middle elementor-section-boxed elementor-section-height-default elementor-section-height-default\" data-id=\"301c6dbd\" data-element_type=\"section\" data-e-type=\"section\">\n\t\t\t\t\t\t<div class=\"elementor-container elementor-column-gap-default\">\n\t\t\t\t\t<div class=\"elementor-column elementor-col-100 elementor-inner-column elementor-element elementor-element-5dcf0159\" data-id=\"5dcf0159\" data-element_type=\"column\" data-e-type=\"column\">\n\t\t\t<div class=\"elementor-widget-wrap elementor-element-populated\">\n\t\t\t\t\t\t<div class=\"elementor-element elementor-element-35abcacf elementor-widget elementor-widget-text-editor\" data-id=\"35abcacf\" data-element_type=\"widget\" data-e-type=\"widget\" data-widget_type=\"text-editor.default\">\n\t\t\t\t<div class=\"elementor-widget-container\">\n\t\t\t\t\t\t\t\t\t<p><em>Peratallada<\/em> (Baix Empord\u00e0, Girona) \u00e9s una de les viles d\u2019origen medieval en la que millor es conserva el seu nucli, sense construccions posteriors al seu voltant, i amb la trama urbana original.<\/p>\t\t\t\t\t\t\t\t<\/div>\n\t\t\t\t<\/div>\n\t\t\t\t\t<\/div>\n\t\t<\/div>\n\t\t\t\t\t<\/div>\n\t\t<\/section>\n\t\t\t\t<div class=\"elementor-element elementor-element-5597b0a5 elementor-widget elementor-widget-heading\" data-id=\"5597b0a5\" data-element_type=\"widget\" data-e-type=\"widget\" data-widget_type=\"heading.default\">\n\t\t\t\t<div class=\"elementor-widget-container\">\n\t\t\t\t\t<h1 class=\"elementor-heading-title elementor-size-default\">Peratallada (Girona)<\/h1>\t\t\t\t<\/div>\n\t\t\t\t<\/div>\n\t\t\t\t\t<\/div>\n\t\t<\/div>\n\t\t\t\t\t<\/div>\n\t\t<\/section>\n\t\t\t\t<section class=\"elementor-section elementor-top-section elementor-element elementor-element-51ea26c0 elementor-section-boxed elementor-section-height-default elementor-section-height-default\" data-id=\"51ea26c0\" data-element_type=\"section\" data-e-type=\"section\">\n\t\t\t\t\t\t<div class=\"elementor-container elementor-column-gap-default\">\n\t\t\t\t\t<div class=\"elementor-column elementor-col-100 elementor-top-column elementor-element elementor-element-d733210\" data-id=\"d733210\" data-element_type=\"column\" data-e-type=\"column\">\n\t\t\t<div class=\"elementor-widget-wrap elementor-element-populated\">\n\t\t\t\t\t\t<div class=\"elementor-element elementor-element-440c9e08 elementor-widget elementor-widget-image\" data-id=\"440c9e08\" data-element_type=\"widget\" data-e-type=\"widget\" data-widget_type=\"image.default\">\n\t\t\t\t<div class=\"elementor-widget-container\">\n\t\t\t\t\t\t\t\t\t\t\t\t<figure class=\"wp-caption\">\n\t\t\t\t\t\t\t\t\t\t<img fetchpriority=\"high\" decoding=\"async\" width=\"768\" height=\"512\" src=\"https:\/\/www.elturistatranquil.com\/wp-content\/uploads\/F01-Peratallada-Google-earth-2019-10-29.jpg\" class=\"attachment-large size-large wp-image-25025\" alt=\"Peratallada (Google earth 2019-10-29)\" srcset=\"https:\/\/www.elturistatranquil.com\/wp-content\/uploads\/F01-Peratallada-Google-earth-2019-10-29.jpg 768w, https:\/\/www.elturistatranquil.com\/wp-content\/uploads\/F01-Peratallada-Google-earth-2019-10-29-339x226.jpg 339w\" sizes=\"(max-width: 768px) 100vw, 768px\" \/>\t\t\t\t\t\t\t\t\t\t\t<figcaption class=\"widget-image-caption wp-caption-text\">Peratallada (Google earth 2019-10-29)<\/figcaption>\n\t\t\t\t\t\t\t\t\t\t<\/figure>\n\t\t\t\t\t\t\t\t\t<\/div>\n\t\t\t\t<\/div>\n\t\t\t\t<div class=\"elementor-element elementor-element-4463d8f1 elementor-widget elementor-widget-spacer\" data-id=\"4463d8f1\" data-element_type=\"widget\" data-e-type=\"widget\" data-widget_type=\"spacer.default\">\n\t\t\t\t<div class=\"elementor-widget-container\">\n\t\t\t\t\t\t\t<div class=\"elementor-spacer\">\n\t\t\t<div class=\"elementor-spacer-inner\"><\/div>\n\t\t<\/div>\n\t\t\t\t\t\t<\/div>\n\t\t\t\t<\/div>\n\t\t\t\t<div class=\"elementor-element elementor-element-5f40b1e3 elementor-widget elementor-widget-heading\" data-id=\"5f40b1e3\" data-element_type=\"widget\" data-e-type=\"widget\" data-widget_type=\"heading.default\">\n\t\t\t\t<div class=\"elementor-widget-container\">\n\t\t\t\t\t<h2 class=\"elementor-heading-title elementor-size-default\">Peratallada. Baix Empord\u00e0. Girona<\/h2>\t\t\t\t<\/div>\n\t\t\t\t<\/div>\n\t\t\t\t<section class=\"elementor-section elementor-inner-section elementor-element elementor-element-1885304d elementor-section-boxed elementor-section-height-default elementor-section-height-default\" data-id=\"1885304d\" data-element_type=\"section\" data-e-type=\"section\" data-settings=\"{&quot;background_background&quot;:&quot;classic&quot;}\">\n\t\t\t\t\t\t\t<div class=\"elementor-background-overlay\"><\/div>\n\t\t\t\t\t\t\t<div class=\"elementor-container elementor-column-gap-default\">\n\t\t\t\t\t<div class=\"elementor-column elementor-col-100 elementor-inner-column elementor-element elementor-element-2c650a9d\" data-id=\"2c650a9d\" data-element_type=\"column\" data-e-type=\"column\" data-settings=\"{&quot;background_background&quot;:&quot;classic&quot;}\">\n\t\t\t<div class=\"elementor-widget-wrap elementor-element-populated\">\n\t\t\t\t\t\t<div class=\"elementor-element elementor-element-27bb552f elementor-widget elementor-widget-text-editor\" data-id=\"27bb552f\" data-element_type=\"widget\" data-e-type=\"widget\" data-widget_type=\"text-editor.default\">\n\t\t\t\t<div class=\"elementor-widget-container\">\n\t\t\t\t\t\t\t\t\t<p>Municipi: Forallac. Comarca: Baix Empord\u00e0. Prov\u00edncia: Girona. Com. Aut\u00f2noma: Catalunya<\/p><p>Coordenades:\u00a0 41\u00b058\u203240\u2033N 3\u00b005\u203224\u2033E. Altitud: 50 msnm. Poblaci\u00f3: 462 habitants el 2018<\/p><p>Web: f<a href=\"http:\/\/www.forallac.cat\/index.php?option=com_content&amp;view=article&amp;id=69&amp;Itemid=70\" target=\"_blank\" rel=\"noopener\">orallac-peratallada<\/a><\/p><p><em>Conjunt Hist\u00f2ric-Art\u00edstic i b\u00e9 cultural d&#8217;inter\u00e8s nacional (BCIN)<\/em><\/p><p>Darrera visita: 2019<\/p>\t\t\t\t\t\t\t\t<\/div>\n\t\t\t\t<\/div>\n\t\t\t\t\t<\/div>\n\t\t<\/div>\n\t\t\t\t\t<\/div>\n\t\t<\/section>\n\t\t\t\t<div class=\"elementor-element elementor-element-5339b28e elementor-widget elementor-widget-image\" data-id=\"5339b28e\" data-element_type=\"widget\" data-e-type=\"widget\" data-widget_type=\"image.default\">\n\t\t\t\t<div class=\"elementor-widget-container\">\n\t\t\t\t\t\t\t\t\t\t\t\t<figure class=\"wp-caption\">\n\t\t\t\t\t\t\t\t\t\t<img decoding=\"async\" width=\"768\" height=\"513\" src=\"https:\/\/www.elturistatranquil.com\/wp-content\/uploads\/F02-Mapa-de-situaci\u00f3n-de-Peratallada-Google-maps-2019-10-29-768x513.jpg\" class=\"attachment-medium_large size-medium_large wp-image-25027\" alt=\"Mapa de situaci\u00f3n de Peratallada (Google maps 2019-10-29)\" srcset=\"https:\/\/www.elturistatranquil.com\/wp-content\/uploads\/F02-Mapa-de-situaci\u00f3n-de-Peratallada-Google-maps-2019-10-29.jpg 768w, https:\/\/www.elturistatranquil.com\/wp-content\/uploads\/F02-Mapa-de-situaci\u00f3n-de-Peratallada-Google-maps-2019-10-29-339x226.jpg 339w\" sizes=\"(max-width: 768px) 100vw, 768px\" \/>\t\t\t\t\t\t\t\t\t\t\t<figcaption class=\"widget-image-caption wp-caption-text\">Mapa de situaci\u00f3 de Peratallada (Google maps 2019-10-29)<\/figcaption>\n\t\t\t\t\t\t\t\t\t\t<\/figure>\n\t\t\t\t\t\t\t\t\t<\/div>\n\t\t\t\t<\/div>\n\t\t\t\t<section class=\"elementor-section elementor-inner-section elementor-element elementor-element-351e567a elementor-section-boxed elementor-section-height-default elementor-section-height-default\" data-id=\"351e567a\" data-element_type=\"section\" data-e-type=\"section\" data-settings=\"{&quot;background_background&quot;:&quot;classic&quot;}\">\n\t\t\t\t\t\t<div class=\"elementor-container elementor-column-gap-default\">\n\t\t\t\t\t<div class=\"elementor-column elementor-col-100 elementor-inner-column elementor-element elementor-element-78ae0b19\" data-id=\"78ae0b19\" data-element_type=\"column\" data-e-type=\"column\">\n\t\t\t<div class=\"elementor-widget-wrap elementor-element-populated\">\n\t\t\t\t\t\t<div class=\"elementor-element elementor-element-4a01a6bc elementor-widget elementor-widget-text-editor\" data-id=\"4a01a6bc\" data-element_type=\"widget\" data-e-type=\"widget\" data-widget_type=\"text-editor.default\">\n\t\t\t\t<div class=\"elementor-widget-container\">\n\t\t\t\t\t\t\t\t\t<p style=\"text-align: center;\"><strong>\u00cdndex<\/strong><\/p>\t\t\t\t\t\t\t\t<\/div>\n\t\t\t\t<\/div>\n\t\t\t\t<div class=\"elementor-element elementor-element-27f6e6a elementor-widget elementor-widget-text-editor\" data-id=\"27f6e6a\" data-element_type=\"widget\" data-e-type=\"widget\" data-widget_type=\"text-editor.default\">\n\t\t\t\t<div class=\"elementor-widget-container\">\n\t\t\t\t\t\t\t\t\t<p><a href=\"https:\/\/www.elturistatranquil.com\/ca\/peratallada-(girona)\/#c4001\">Peratallada. Baix Empord\u00e0. Girona<\/a><\/p><p><a href=\"https:\/\/www.elturistatranquil.com\/ca\/peratallada-(girona)\/#c4002\">El territori<\/a><\/p><p><a href=\"https:\/\/www.elturistatranquil.com\/ca\/peratallada-(girona)\/#c4003\">Una mica d\u2019hist\u00f2ria<\/a><\/p><p style=\"padding-left: 40px;\"><a href=\"https:\/\/www.elturistatranquil.com\/ca\/peratallada-(girona)\/#c4004\">Les muralles<\/a><\/p><p style=\"padding-left: 40px;\"><a href=\"https:\/\/www.elturistatranquil.com\/ca\/peratallada-(girona)\/#c4005\">L\u2019arquitectura popular<\/a><\/p><p style=\"padding-left: 40px;\"><a href=\"https:\/\/www.elturistatranquil.com\/ca\/peratallada-(girona)\/#c4006\">L\u2019urbanisme<\/a><\/p><p><a href=\"https:\/\/www.elturistatranquil.com\/ca\/peratallada-(girona)\/#c4007\">La visita a Peratallada<\/a><\/p><p style=\"padding-left: 40px;\"><a href=\"https:\/\/www.elturistatranquil.com\/ca\/peratallada-(girona)\/#c4008\">Recorregut exterior de la muralla<\/a><\/p><p style=\"padding-left: 40px;\"><a href=\"https:\/\/www.elturistatranquil.com\/ca\/peratallada-(girona)\/#c4009\">Recorregut per la vila<\/a><\/p><p style=\"padding-left: 80px;\"><a href=\"https:\/\/www.elturistatranquil.com\/ca\/peratallada-(girona)\/#c4010\">Entrada per la Porta de ponent<\/a><\/p><p style=\"padding-left: 80px;\"><a href=\"https:\/\/www.elturistatranquil.com\/ca\/peratallada-(girona)\/#c4011\">Carrer de la Roca<\/a><\/p><p style=\"padding-left: 80px;\"><a href=\"https:\/\/www.elturistatranquil.com\/ca\/peratallada-(girona)\/#c4012\">Esgl\u00e9sia de Sant Esteve de Peratallada<\/a><\/p><p style=\"padding-left: 80px;\"><a href=\"https:\/\/www.elturistatranquil.com\/ca\/peratallada-(girona)\/#c4013\">Carrer Hospital Perat<\/a><\/p><p style=\"padding-left: 80px;\"><a href=\"https:\/\/www.elturistatranquil.com\/ca\/peratallada-(girona)\/#c4014\">Pla\u00e7a de l\u2019Oli<\/a><\/p><p style=\"padding-left: 80px;\"><a href=\"https:\/\/www.elturistatranquil.com\/ca\/peratallada-(girona)\/#c4015\">Carrer Major<\/a><\/p><p style=\"padding-left: 80px;\"><a href=\"https:\/\/www.elturistatranquil.com\/ca\/peratallada-(girona)\/#c4016\">Pla\u00e7a de les Voltes<\/a><\/p><p style=\"padding-left: 80px;\"><a href=\"https:\/\/www.elturistatranquil.com\/ca\/peratallada-(girona)\/#c4017\">Castell-Palau<\/a><\/p><p style=\"padding-left: 80px;\"><a href=\"https:\/\/www.elturistatranquil.com\/ca\/peratallada-(girona)\/#c4018\">Carrer del Forn<\/a><\/p><p style=\"padding-left: 80px;\"><a href=\"https:\/\/www.elturistatranquil.com\/ca\/peratallada-(girona)\/#c4019\">Carrer de Jaume II<\/a><\/p><p style=\"padding-left: 80px;\"><a href=\"https:\/\/www.elturistatranquil.com\/ca\/peratallada-(girona)\/#c4020\">Carrer d\u2019en Vas<\/a><\/p><p style=\"padding-left: 80px;\"><a href=\"https:\/\/www.elturistatranquil.com\/ca\/peratallada-(girona)\/#c4021\">Carrer Marqu\u00e9s de Robert i Carrer de la Torre<\/a><\/p><p><a href=\"https:\/\/www.elturistatranquil.com\/ca\/peratallada-(girona)\/#c4022\">Fi de la visita<\/a><\/p><p><a href=\"https:\/\/www.elturistatranquil.com\/ca\/peratallada-(girona)\/#c4023\">Bases d\u2019informaci\u00f3<\/a><\/p>\t\t\t\t\t\t\t\t<\/div>\n\t\t\t\t<\/div>\n\t\t\t\t\t<\/div>\n\t\t<\/div>\n\t\t\t\t\t<\/div>\n\t\t<\/section>\n\t\t\t\t<div class=\"elementor-element elementor-element-445f0700 elementor-widget elementor-widget-spacer\" data-id=\"445f0700\" data-element_type=\"widget\" data-e-type=\"widget\" data-widget_type=\"spacer.default\">\n\t\t\t\t<div class=\"elementor-widget-container\">\n\t\t\t\t\t\t\t<div class=\"elementor-spacer\">\n\t\t\t<div class=\"elementor-spacer-inner\"><\/div>\n\t\t<\/div>\n\t\t\t\t\t\t<\/div>\n\t\t\t\t<\/div>\n\t\t\t\t<div class=\"elementor-element elementor-element-2a6b1403 elementor-widget elementor-widget-menu-anchor\" data-id=\"2a6b1403\" data-element_type=\"widget\" data-e-type=\"widget\" data-widget_type=\"menu-anchor.default\">\n\t\t\t\t<div class=\"elementor-widget-container\">\n\t\t\t\t\t\t\t<div class=\"elementor-menu-anchor\" id=\"c4001\"><\/div>\n\t\t\t\t\t\t<\/div>\n\t\t\t\t<\/div>\n\t\t\t\t<div class=\"elementor-element elementor-element-106a403c elementor-widget elementor-widget-spacer\" data-id=\"106a403c\" data-element_type=\"widget\" data-e-type=\"widget\" data-widget_type=\"spacer.default\">\n\t\t\t\t<div class=\"elementor-widget-container\">\n\t\t\t\t\t\t\t<div class=\"elementor-spacer\">\n\t\t\t<div class=\"elementor-spacer-inner\"><\/div>\n\t\t<\/div>\n\t\t\t\t\t\t<\/div>\n\t\t\t\t<\/div>\n\t\t\t\t<div class=\"elementor-element elementor-element-2b1daa15 elementor-widget elementor-widget-heading\" data-id=\"2b1daa15\" data-element_type=\"widget\" data-e-type=\"widget\" data-widget_type=\"heading.default\">\n\t\t\t\t<div class=\"elementor-widget-container\">\n\t\t\t\t\t<h2 class=\"elementor-heading-title elementor-size-default\">Peratallada. Baix Empord\u00e0. Girona<\/h2>\t\t\t\t<\/div>\n\t\t\t\t<\/div>\n\t\t\t\t<div class=\"elementor-element elementor-element-10f68da2 elementor-widget elementor-widget-text-editor\" data-id=\"10f68da2\" data-element_type=\"widget\" data-e-type=\"widget\" data-widget_type=\"text-editor.default\">\n\t\t\t\t<div class=\"elementor-widget-container\">\n\t\t\t\t\t\t\t\t\t<p>Enlla\u00e7 amb el <em>Post<\/em>:<a href=\"https:\/\/www.elturistatranquil.com\/ca\/casamar-hotel-restaurant-costa-brava\/\" target=\"_blank\" rel=\"noopener\"><strong> Casamar. Hotel-Restaurante. Costa Brava<\/strong><\/a><\/p>\t\t\t\t\t\t\t\t<\/div>\n\t\t\t\t<\/div>\n\t\t\t\t<div class=\"elementor-element elementor-element-14cc9a63 elementor-widget elementor-widget-menu-anchor\" data-id=\"14cc9a63\" data-element_type=\"widget\" data-e-type=\"widget\" data-widget_type=\"menu-anchor.default\">\n\t\t\t\t<div class=\"elementor-widget-container\">\n\t\t\t\t\t\t\t<div class=\"elementor-menu-anchor\" id=\"c4002\"><\/div>\n\t\t\t\t\t\t<\/div>\n\t\t\t\t<\/div>\n\t\t\t\t<div class=\"elementor-element elementor-element-4c1c0a2b elementor-widget elementor-widget-text-editor\" data-id=\"4c1c0a2b\" data-element_type=\"widget\" data-e-type=\"widget\" data-widget_type=\"text-editor.default\">\n\t\t\t\t<div class=\"elementor-widget-container\">\n\t\t\t\t\t\t\t\t\t<p>La visita a <strong>Peratallada<\/strong> des de l\u2019<strong>Hotel Casamar<\/strong> per mi constitueix una de les sortides imprescindibles.<\/p><p><strong>Peratallada<\/strong> \u00e9s una de les viles d&#8217;origen medieval m\u00e9s interessants, ja que podem apreciar-la actualment en les dimensions i gaireb\u00e9 la forma urbana que tenia, en el moment de m\u00e0xima expansi\u00f3 a l&#8217;Edat Mitjana, una important baronia a Catalunya, la dels Cru\u00eflles-Peratallada.<\/p><p>Al no produir-se l\u2019expansi\u00f3 urbana fora muralles que va afectar a la majoria de les poblacions, ja que la renovaci\u00f3 urbana va tenir lloc a l\u2019interior de la localitat, ha perm\u00e8s que actualment puguem tenir una visi\u00f3 exacte de com eren aquestes dimensions.<\/p><p>De l\u2019informe elaborat per Miguel Oliva Prat, per declarar Peratallada Conjunt Hist\u00f2ric Art\u00edstic extrec la seg\u00fcent s\u00edntesi descriptiva del valor de la vila: \u201c<em>De entre la totalidad del conjunto monumental de Peratallada destacan, por encima del inter\u00e9s que ofrecen las zonas urbanas rurales, de notable arquitectura popular, las plazas porticadas con todo el sabor de la \u00e9poca; am\u00e9n de las murallas, est\u00e1 el castillo medieval que se levanta hacia el centro de la villa, en la acr\u00f3polis de la misma y encima de una simple eminencia<\/em>.\u201d<\/p>\t\t\t\t\t\t\t\t<\/div>\n\t\t\t\t<\/div>\n\t\t\t\t<div class=\"elementor-element elementor-element-5ced7128 elementor-widget elementor-widget-heading\" data-id=\"5ced7128\" data-element_type=\"widget\" data-e-type=\"widget\" data-widget_type=\"heading.default\">\n\t\t\t\t<div class=\"elementor-widget-container\">\n\t\t\t\t\t<h2 class=\"elementor-heading-title elementor-size-default\">El territori<\/h2>\t\t\t\t<\/div>\n\t\t\t\t<\/div>\n\t\t\t\t<div class=\"elementor-element elementor-element-31efde58 elementor-widget elementor-widget-menu-anchor\" data-id=\"31efde58\" data-element_type=\"widget\" data-e-type=\"widget\" data-widget_type=\"menu-anchor.default\">\n\t\t\t\t<div class=\"elementor-widget-container\">\n\t\t\t\t\t\t\t<div class=\"elementor-menu-anchor\" id=\"c4003\"><\/div>\n\t\t\t\t\t\t<\/div>\n\t\t\t\t<\/div>\n\t\t\t\t<div class=\"elementor-element elementor-element-23b0c87 elementor-widget elementor-widget-text-editor\" data-id=\"23b0c87\" data-element_type=\"widget\" data-e-type=\"widget\" data-widget_type=\"text-editor.default\">\n\t\t\t\t<div class=\"elementor-widget-container\">\n\t\t\t\t\t\t\t\t\t<p>Est\u00e0 integrat en al municipi de Forallac que, curiosament, no correspon al nom de cap poblaci\u00f3, sin\u00f3 que \u00e9s la deniminaci\u00f3 que va rebre l\u2019agrupaci\u00f3 dels anteriors municipis de Vullpellac, Fonteta i Peratallada a l\u2019integrar-se en un \u00fanic municipi. A m\u00e9s, hi pertanyen tamb\u00e9 les localitats de Sant Climent de Peralta, Santa Susanna de Peralta, Fitor i Canapost.<\/p><p>Situada a la banda sud de la plana del Ter, prop del que havia estat l\u2019estany d\u2019Ullastret, en una zona en que hi dominaven els aiguamolls.<\/p><p>Malgrat que el conjunt, i espacialment el Castell, s\u2019assenta sobre un ressalt roc\u00f3s, no forma un dels caracter\u00edstics pobles de tur\u00f3 de la zona. N\u2019\u00e9s una mostra, la necessitat de construir fossats secs excavat a la roca per augmentar les mesures de seguretat de les muralles, el que, com es veur\u00e0, li ha donat una personalitat molt especial a Peratallada, aix\u00ed com l\u2019origen del mateix nom.<\/p>\t\t\t\t\t\t\t\t<\/div>\n\t\t\t\t<\/div>\n\t\t\t\t<div class=\"elementor-element elementor-element-7ecc2ed4 elementor-widget elementor-widget-heading\" data-id=\"7ecc2ed4\" data-element_type=\"widget\" data-e-type=\"widget\" data-widget_type=\"heading.default\">\n\t\t\t\t<div class=\"elementor-widget-container\">\n\t\t\t\t\t<h2 class=\"elementor-heading-title elementor-size-default\">Una mica d\u2019hist\u00f2ria<\/h2>\t\t\t\t<\/div>\n\t\t\t\t<\/div>\n\t\t\t\t<div class=\"elementor-element elementor-element-4e6fdf03 elementor-widget elementor-widget-text-editor\" data-id=\"4e6fdf03\" data-element_type=\"widget\" data-e-type=\"widget\" data-widget_type=\"text-editor.default\">\n\t\t\t\t<div class=\"elementor-widget-container\">\n\t\t\t\t\t\t\t\t\t<p>Est\u00e0 considerat un dels nuclis als quals es qualifica de &#8220;medievals&#8221; m\u00e9s importants de Catalunya. Declarat <em>Conjunt Hist\u00f2ric Art\u00edstic i B\u00e9 Cultural d&#8217;Inter\u00e8s Nacional (BCIN).<\/em><\/p><p>El nucli fortificat es troba damunt d&#8217;un enorme basament de roca de pedra sorrenca, que es va explotar com a pedrera des de molt antic. Es considera que el top\u00f2nim deriva de <em>Petra scissa<\/em> o <em>Petra tallada<\/em> (segle X). Recordem que en catal\u00e0 <em>pera<\/em> t\u00e9 el significat de pedra.<\/p><p>Per restes trobades se sap que els or\u00edgens de Peratallada es remunten a la prehist\u00f2ria, y s\u2019hi han trobat tamb\u00e9 restes greges i romanes.<\/p><p>La primera refer\u00e8ncia escrita sobre Peratallada \u00e9s de l\u2019any 1065. A l\u2019Edat Mitjana viur\u00e0 el seu moment de m\u00e0xim esplendor. El castell es va convertir en l&#8217;epicentre d&#8217;un dels principals dominis feudals del pa\u00eds quan al 1250 es van unir les fam\u00edlies dels Peratallada i dels Cru\u00eflles, gr\u00e0cies al matrimoni de la seva hereva, Guillerma de Peratallada i el Bar\u00f3 Gilabert de Cru\u00eflles, al no tenir la casa dels Peratallada descend\u00e8ncia masculina.<\/p><p>En la guerra contra Joan II fou sotmesa pel pr\u00edncep Ferran el 1467.<\/p><p>Durant l&#8217;\u00e8poca moderna, en els segles XVII i XVIII, va viure un llarg per\u00edode de creixement econ\u00f2mic i social que es va traduir en una expansi\u00f3 urbana.<\/p><p>En un primer moment es van ocupar els espais p\u00fablics intramurs i els fossats, que havien perdut la seva finalitat defensiva. M\u00e9s tard es va construir fora del nucli fortificat.<\/p><p>En deixar de ser capital d&#8217;una baronia es va anar convertint en una petita i prospera poblaci\u00f3 rural, agr\u00edcola i ramadera.<\/p><p>Aquesta situaci\u00f3 es va mantenir fins a mitjan segle XX, quan el turisme i el sector serveis van prendre un major protagonisme.<\/p><p>A l&#8217;anar-se transformant en lloc de segona resid\u00e8ncia s&#8217;ha produ\u00eft un proc\u00e9s de &#8220;embelliment&#8221; de les cases, la millora dels espais p\u00fablics, i la penetraci\u00f3 d&#8217;activitats comercials i de restauraci\u00f3 als baixos de moltes cases, especialment dels carrers principals i de les places.<\/p>\t\t\t\t\t\t\t\t<\/div>\n\t\t\t\t<\/div>\n\t\t\t\t<div class=\"elementor-element elementor-element-46b0f2d4 elementor-widget elementor-widget-menu-anchor\" data-id=\"46b0f2d4\" data-element_type=\"widget\" data-e-type=\"widget\" data-widget_type=\"menu-anchor.default\">\n\t\t\t\t<div class=\"elementor-widget-container\">\n\t\t\t\t\t\t\t<div class=\"elementor-menu-anchor\" id=\"c4004\"><\/div>\n\t\t\t\t\t\t<\/div>\n\t\t\t\t<\/div>\n\t\t\t\t<div class=\"elementor-element elementor-element-3bcad6a0 elementor-widget elementor-widget-heading\" data-id=\"3bcad6a0\" data-element_type=\"widget\" data-e-type=\"widget\" data-widget_type=\"heading.default\">\n\t\t\t\t<div class=\"elementor-widget-container\">\n\t\t\t\t\t<h3 class=\"elementor-heading-title elementor-size-default\">Les muralles<\/h3>\t\t\t\t<\/div>\n\t\t\t\t<\/div>\n\t\t\t\t<div class=\"elementor-element elementor-element-39a94122 elementor-widget elementor-widget-text-editor\" data-id=\"39a94122\" data-element_type=\"widget\" data-e-type=\"widget\" data-widget_type=\"text-editor.default\">\n\t\t\t\t<div class=\"elementor-widget-container\">\n\t\t\t\t\t\t\t\t\t<p>El sistema defensiu de Peratallada va anar ampliant-se fins a acabar al segle XV amb tres recintes tangents murallats, per\u00f2 independents entre si, formant una planta trilobulada.<\/p><p>El primer recinte al voltant del Castell al sud. Un de segon a la part nord del anterior. I un tercer posterior al costat est.<\/p>\t\t\t\t\t\t\t\t<\/div>\n\t\t\t\t<\/div>\n\t\t\t\t<div class=\"elementor-element elementor-element-599c4dab elementor-widget elementor-widget-image\" data-id=\"599c4dab\" data-element_type=\"widget\" data-e-type=\"widget\" data-widget_type=\"image.default\">\n\t\t\t\t<div class=\"elementor-widget-container\">\n\t\t\t\t\t\t\t\t\t\t\t\t<figure class=\"wp-caption\">\n\t\t\t\t\t\t\t\t\t\t<img decoding=\"async\" width=\"768\" height=\"424\" src=\"https:\/\/www.elturistatranquil.com\/wp-content\/uploads\/F03-Peratallada.jpg\" class=\"attachment-large size-large wp-image-25029\" alt=\"Peratallada\" srcset=\"https:\/\/www.elturistatranquil.com\/wp-content\/uploads\/F03-Peratallada.jpg 768w, https:\/\/www.elturistatranquil.com\/wp-content\/uploads\/F03-Peratallada-339x187.jpg 339w\" sizes=\"(max-width: 768px) 100vw, 768px\" \/>\t\t\t\t\t\t\t\t\t\t\t<figcaption class=\"widget-image-caption wp-caption-text\">Dibuix dels tres recintes emmurallats que conformarien el nucli de Peratallada a l'\u00e8poca medieval (s. XIII-XV)<\/figcaption>\n\t\t\t\t\t\t\t\t\t\t<\/figure>\n\t\t\t\t\t\t\t\t\t<\/div>\n\t\t\t\t<\/div>\n\t\t\t\t<div class=\"elementor-element elementor-element-540592ae elementor-widget elementor-widget-menu-anchor\" data-id=\"540592ae\" data-element_type=\"widget\" data-e-type=\"widget\" data-widget_type=\"menu-anchor.default\">\n\t\t\t\t<div class=\"elementor-widget-container\">\n\t\t\t\t\t\t\t<div class=\"elementor-menu-anchor\" id=\"c4005\"><\/div>\n\t\t\t\t\t\t<\/div>\n\t\t\t\t<\/div>\n\t\t\t\t<div class=\"elementor-element elementor-element-52af49f8 elementor-widget elementor-widget-image\" data-id=\"52af49f8\" data-element_type=\"widget\" data-e-type=\"widget\" data-widget_type=\"image.default\">\n\t\t\t\t<div class=\"elementor-widget-container\">\n\t\t\t\t\t\t\t\t\t\t\t\t<figure class=\"wp-caption\">\n\t\t\t\t\t\t\t\t\t\t<img loading=\"lazy\" decoding=\"async\" width=\"768\" height=\"511\" src=\"https:\/\/www.elturistatranquil.com\/wp-content\/uploads\/F04-Peratallada.jpg\" class=\"attachment-large size-large wp-image-25031\" alt=\"Peratallada\" srcset=\"https:\/\/www.elturistatranquil.com\/wp-content\/uploads\/F04-Peratallada.jpg 768w, https:\/\/www.elturistatranquil.com\/wp-content\/uploads\/F04-Peratallada-339x226.jpg 339w\" sizes=\"(max-width: 768px) 100vw, 768px\" \/>\t\t\t\t\t\t\t\t\t\t\t<figcaption class=\"widget-image-caption wp-caption-text\">En vermell, tra\u00e7at de les muralles que es conserven total o parcialment. En groc, estimaci\u00f3 dels l\u00edmits de la muralla del tercer recinte que no han perviscut<\/figcaption>\n\t\t\t\t\t\t\t\t\t\t<\/figure>\n\t\t\t\t\t\t\t\t\t<\/div>\n\t\t\t\t<\/div>\n\t\t\t\t<div class=\"elementor-element elementor-element-423996dd elementor-widget elementor-widget-heading\" data-id=\"423996dd\" data-element_type=\"widget\" data-e-type=\"widget\" data-widget_type=\"heading.default\">\n\t\t\t\t<div class=\"elementor-widget-container\">\n\t\t\t\t\t<h3 class=\"elementor-heading-title elementor-size-default\">L'arquitectura popular<\/h3>\t\t\t\t<\/div>\n\t\t\t\t<\/div>\n\t\t\t\t<div class=\"elementor-element elementor-element-794979f0 elementor-widget elementor-widget-menu-anchor\" data-id=\"794979f0\" data-element_type=\"widget\" data-e-type=\"widget\" data-widget_type=\"menu-anchor.default\">\n\t\t\t\t<div class=\"elementor-widget-container\">\n\t\t\t\t\t\t\t<div class=\"elementor-menu-anchor\" id=\"c4006\"><\/div>\n\t\t\t\t\t\t<\/div>\n\t\t\t\t<\/div>\n\t\t\t\t<div class=\"elementor-element elementor-element-146d04dd elementor-widget elementor-widget-text-editor\" data-id=\"146d04dd\" data-element_type=\"widget\" data-e-type=\"widget\" data-widget_type=\"text-editor.default\">\n\t\t\t\t<div class=\"elementor-widget-container\">\n\t\t\t\t\t\t\t\t\t<p>Agrupacions d\u2019edificacions for\u00e7a indiferenciades, destinades a habitatge, estables o pallers, quasi sempre entre mitgeres.<\/p><p>Els estatges tenen generalment 2 o 3 plantes, a vegades amb golfes a la part superior.<\/p><p>Murs de pedra morterada sense escairar amb refor\u00e7os a les cantoneres. Els recerclats de les finestres i portes s\u00f3n de pedra carreuada.<\/p><p>Les cobertes de teula amb un o dos vessants, desguassen al carrer mitjan\u00e7ant una tortugada de terrissa.<\/p><p>A les portalades i finestrals hi podem veure elements g\u00f2tics del tipus seriat de l\u2019\u00e8poca i quasi sempre afegits sobre f\u00e0briques anteriors.<\/p><p>Cal pensar que la majoria de construccions urbanes son habitatges caracter\u00edstics dels segle XVI-XVIII, si ens atenem a les datacions que trobem a les fa\u00e7anes.<\/p>\t\t\t\t\t\t\t\t<\/div>\n\t\t\t\t<\/div>\n\t\t\t\t<div class=\"elementor-element elementor-element-7671e33f elementor-widget elementor-widget-heading\" data-id=\"7671e33f\" data-element_type=\"widget\" data-e-type=\"widget\" data-widget_type=\"heading.default\">\n\t\t\t\t<div class=\"elementor-widget-container\">\n\t\t\t\t\t<h3 class=\"elementor-heading-title elementor-size-default\">L\u2019urbanisme<\/h3>\t\t\t\t<\/div>\n\t\t\t\t<\/div>\n\t\t\t\t<div class=\"elementor-element elementor-element-27f20b53 elementor-widget elementor-widget-text-editor\" data-id=\"27f20b53\" data-element_type=\"widget\" data-e-type=\"widget\" data-widget_type=\"text-editor.default\">\n\t\t\t\t<div class=\"elementor-widget-container\">\n\t\t\t\t\t\t\t\t\t<p>Quan poso entre cometes el qualificatiu de \u201cmedieval\u201d que s\u2019aplica en general als pobles que han conservat una morfologia urbana i constructiva \u201cantiga\u201d, \u00e9s a dir anterior al segle XX, \u00e9s per que costa de creure que realment ho siguin. Penso que en la majoria de casos seria millor de qualificar-los de \u201cpobles d\u2019origen medieval\u201d.<\/p><p>Vegem el cas de Peratallada.<\/p><p>Sabem que era molt t\u00edpic de les viles murades que en comptes d\u2019enderrocar el murs es fessin servir com a suport d\u2019habitatges a banda i banda . En aquests casos els carrers resultants segueixen la forma de la muralla, per\u00f2 amb construccions posteriors, probablement de segles.<\/p><p>En el cas de Catalunya, la recuperaci\u00f3 econ\u00f2mica i demogr\u00e0fica dels segles XVII i XVIII va propiciar el creixement de la majoria de nuclis habitats.<\/p><p>Les dates que trobem gravades en els frontispicis de moltes cases ens remeten a aquests anys. A ulls d\u2019avui s\u00f3n <em>cases velles<\/em>, i \u00e9s f\u00e0cil imaginar-les com a medievals sense ser-ho necess\u00e0riament. Per\u00f2 tur\u00edsticament queda molt b\u00e9 qualificar-les aix\u00ed.<\/p><p>Si \u00e9s aix\u00ed, la trama urbana podria seguir m\u00e9s o menys ajustat a les formes dels tra\u00e7ats del carrers, encara que no necess\u00e0riament el recorregit exacte, despla\u00e7at uns metres per l\u2019amplada de les cases adossades a les muralles.<\/p><p>En el cas de Peratallada aquesta disposici\u00f3 \u00e9s especialment significativa en el carrer Major, que segueix per l\u2019exterior de les cases adossades la forma de la muralla est del recinte principal.<\/p><p>Si observem la disposici\u00f3 de la portada d\u2019acc\u00e9s a la pla\u00e7a del Castell, veiem com aquesta es troba situada endinsada respecte a la cantonada del carrer Major, i com se li va acoblar aquesta casa.<\/p>\t\t\t\t\t\t\t\t<\/div>\n\t\t\t\t<\/div>\n\t\t\t\t<div class=\"elementor-element elementor-element-192f4831 elementor-widget elementor-widget-image\" data-id=\"192f4831\" data-element_type=\"widget\" data-e-type=\"widget\" data-widget_type=\"image.default\">\n\t\t\t\t<div class=\"elementor-widget-container\">\n\t\t\t\t\t\t\t\t\t\t\t\t<figure class=\"wp-caption\">\n\t\t\t\t\t\t\t\t\t\t<img loading=\"lazy\" decoding=\"async\" width=\"768\" height=\"512\" src=\"https:\/\/www.elturistatranquil.com\/wp-content\/uploads\/F05-Peratallada.jpg\" class=\"attachment-large size-large wp-image-25033\" alt=\"Peratallada\" srcset=\"https:\/\/www.elturistatranquil.com\/wp-content\/uploads\/F05-Peratallada.jpg 768w, https:\/\/www.elturistatranquil.com\/wp-content\/uploads\/F05-Peratallada-339x226.jpg 339w\" sizes=\"(max-width: 768px) 100vw, 768px\" \/>\t\t\t\t\t\t\t\t\t\t\t<figcaption class=\"widget-image-caption wp-caption-text\"><\/figcaption>\n\t\t\t\t\t\t\t\t\t\t<\/figure>\n\t\t\t\t\t\t\t\t\t<\/div>\n\t\t\t\t<\/div>\n\t\t\t\t<div class=\"elementor-element elementor-element-7ddda05e elementor-widget elementor-widget-menu-anchor\" data-id=\"7ddda05e\" data-element_type=\"widget\" data-e-type=\"widget\" data-widget_type=\"menu-anchor.default\">\n\t\t\t\t<div class=\"elementor-widget-container\">\n\t\t\t\t\t\t\t<div class=\"elementor-menu-anchor\" id=\"c4007\"><\/div>\n\t\t\t\t\t\t<\/div>\n\t\t\t\t<\/div>\n\t\t\t\t<div class=\"elementor-element elementor-element-1210ecd1 elementor-widget elementor-widget-menu-anchor\" data-id=\"1210ecd1\" data-element_type=\"widget\" data-e-type=\"widget\" data-widget_type=\"menu-anchor.default\">\n\t\t\t\t<div class=\"elementor-widget-container\">\n\t\t\t\t\t\t\t<div class=\"elementor-menu-anchor\" id=\"c4008\"><\/div>\n\t\t\t\t\t\t<\/div>\n\t\t\t\t<\/div>\n\t\t\t\t<div class=\"elementor-element elementor-element-6303dc49 elementor-widget elementor-widget-text-editor\" data-id=\"6303dc49\" data-element_type=\"widget\" data-e-type=\"widget\" data-widget_type=\"text-editor.default\">\n\t\t\t\t<div class=\"elementor-widget-container\">\n\t\t\t\t\t\t\t\t\t<p>Per aix\u00f2 les meves retic\u00e8ncies a parlar de <em>viles \u201cmedievals\u201d<\/em>. Potser seria millor qualificar-les de <em>viles \u201cd\u2019origen medieval<\/em>\u201d, com he assenyalat abans.<\/p>\t\t\t\t\t\t\t\t<\/div>\n\t\t\t\t<\/div>\n\t\t\t\t<div class=\"elementor-element elementor-element-57fa17c5 elementor-widget elementor-widget-heading\" data-id=\"57fa17c5\" data-element_type=\"widget\" data-e-type=\"widget\" data-widget_type=\"heading.default\">\n\t\t\t\t<div class=\"elementor-widget-container\">\n\t\t\t\t\t<h2 class=\"elementor-heading-title elementor-size-default\">La visita a Peratallada<\/h2>\t\t\t\t<\/div>\n\t\t\t\t<\/div>\n\t\t\t\t<div class=\"elementor-element elementor-element-6b6d0edc elementor-widget elementor-widget-heading\" data-id=\"6b6d0edc\" data-element_type=\"widget\" data-e-type=\"widget\" data-widget_type=\"heading.default\">\n\t\t\t\t<div class=\"elementor-widget-container\">\n\t\t\t\t\t<h3 class=\"elementor-heading-title elementor-size-default\">Recorregut exterior de la muralla<\/h3>\t\t\t\t<\/div>\n\t\t\t\t<\/div>\n\t\t\t\t<div class=\"elementor-element elementor-element-52860d4e elementor-widget elementor-widget-image\" data-id=\"52860d4e\" data-element_type=\"widget\" data-e-type=\"widget\" data-widget_type=\"image.default\">\n\t\t\t\t<div class=\"elementor-widget-container\">\n\t\t\t\t\t\t\t\t\t\t\t\t<figure class=\"wp-caption\">\n\t\t\t\t\t\t\t\t\t\t<img loading=\"lazy\" decoding=\"async\" width=\"768\" height=\"511\" src=\"https:\/\/www.elturistatranquil.com\/wp-content\/uploads\/F06a-Peratallada.jpg\" class=\"attachment-large size-large wp-image-25035\" alt=\"Peratallada\" srcset=\"https:\/\/www.elturistatranquil.com\/wp-content\/uploads\/F06a-Peratallada.jpg 768w, https:\/\/www.elturistatranquil.com\/wp-content\/uploads\/F06a-Peratallada-339x226.jpg 339w\" sizes=\"(max-width: 768px) 100vw, 768px\" \/>\t\t\t\t\t\t\t\t\t\t\t<figcaption class=\"widget-image-caption wp-caption-text\"><\/figcaption>\n\t\t\t\t\t\t\t\t\t\t<\/figure>\n\t\t\t\t\t\t\t\t\t<\/div>\n\t\t\t\t<\/div>\n\t\t\t\t<div class=\"elementor-element elementor-element-764196d5 elementor-widget elementor-widget-text-editor\" data-id=\"764196d5\" data-element_type=\"widget\" data-e-type=\"widget\" data-widget_type=\"text-editor.default\">\n\t\t\t\t<div class=\"elementor-widget-container\">\n\t\t\t\t\t\t\t\t\t<p>De les 12 torres de defensa que sembla que formaven el conjunt dels tres recintes murats, se\u2019n conserven quatre als costats oest i nord, i cap de visible de les que hi poguessin haver en els murs interiors. El sistema defensivo correspon als segles XII i XIII.<\/p><p>Com veurem a continuaci\u00f3, un dels elements m\u00e9s significatius d\u2019aquesta construcci\u00f3 s\u00f3n els fossats secs, tallats a la roca.<\/p><p>Comen\u00e7ar\u00e9 el recorregut al costat sud-oest, per avan\u00e7ar en el sentit de les agulles del rellotge vers el nord.<\/p><p>La primera torre quadrada \u00a0est\u00e0 situada a la part sud del costat oest (<strong>A<\/strong>). Les tres parets exteriors contenen espitlleres. La torre es oberta vers l\u2019interior.<\/p><p>\u00a0Al sud de la torre (<strong>a<\/strong>) el que resta de llen\u00e7 nom\u00e9s s\u2019insinua en el seus l\u00edmits. El mur s\u2019eleva sobre la roca tallada, per augmentar la seva al\u00e7ada, sense que en aquesta part formi un veritable fossat.<\/p><p>En canvi, en direcci\u00f3 nord, en el tram (<strong>b<\/strong>), el fossat es va fent cada vegada m\u00e9s evident.<\/p>\t\t\t\t\t\t\t\t<\/div>\n\t\t\t\t<\/div>\n\t\t\t\t<div class=\"elementor-element elementor-element-774a7e90 elementor-widget elementor-widget-image\" data-id=\"774a7e90\" data-element_type=\"widget\" data-e-type=\"widget\" data-widget_type=\"image.default\">\n\t\t\t\t<div class=\"elementor-widget-container\">\n\t\t\t\t\t\t\t\t\t\t\t\t<figure class=\"wp-caption\">\n\t\t\t\t\t\t\t\t\t\t<img loading=\"lazy\" decoding=\"async\" width=\"768\" height=\"512\" src=\"https:\/\/www.elturistatranquil.com\/wp-content\/uploads\/F06b-Peratallada.jpg\" class=\"attachment-large size-large wp-image-25037\" alt=\"Peratallada\" srcset=\"https:\/\/www.elturistatranquil.com\/wp-content\/uploads\/F06b-Peratallada.jpg 768w, https:\/\/www.elturistatranquil.com\/wp-content\/uploads\/F06b-Peratallada-339x226.jpg 339w\" sizes=\"(max-width: 768px) 100vw, 768px\" \/>\t\t\t\t\t\t\t\t\t\t\t<figcaption class=\"widget-image-caption wp-caption-text\"><\/figcaption>\n\t\t\t\t\t\t\t\t\t\t<\/figure>\n\t\t\t\t\t\t\t\t\t<\/div>\n\t\t\t\t<\/div>\n\t\t\t\t<div class=\"elementor-element elementor-element-7cc55a81 elementor-widget elementor-widget-text-editor\" data-id=\"7cc55a81\" data-element_type=\"widget\" data-e-type=\"widget\" data-widget_type=\"text-editor.default\">\n\t\t\t\t<div class=\"elementor-widget-container\">\n\t\t\t\t\t\t\t\t\t<p>La seg\u00fcent torre de defensa va ser transformada posteriorment en <strong>Torre de les Hores<\/strong> (<strong>B<\/strong>), amb els arcs per penjar-hi les campanes.<\/p><p>Aquesta singular torre formava part del sistema defensiu, constru\u00eft al segle XII. Posteriorment va ser adaptada i convertida a la torre del rellotge. Actualment \u00e9s la segona edificaci\u00f3 m\u00e9s alta de la Vila despr\u00e9s de la torre de l&#8217;Homenatge, i una de les imatges m\u00e9s caracter\u00edstiques del conjunt.<\/p>\t\t\t\t\t\t\t\t<\/div>\n\t\t\t\t<\/div>\n\t\t\t\t<div class=\"elementor-element elementor-element-56cbef90 elementor-widget elementor-widget-image\" data-id=\"56cbef90\" data-element_type=\"widget\" data-e-type=\"widget\" data-widget_type=\"image.default\">\n\t\t\t\t<div class=\"elementor-widget-container\">\n\t\t\t\t\t\t\t\t\t\t\t\t<figure class=\"wp-caption\">\n\t\t\t\t\t\t\t\t\t\t<img loading=\"lazy\" decoding=\"async\" width=\"768\" height=\"512\" src=\"https:\/\/www.elturistatranquil.com\/wp-content\/uploads\/F07-Peratallada.jpg\" class=\"attachment-large size-large wp-image-25039\" alt=\"Peratallada\" srcset=\"https:\/\/www.elturistatranquil.com\/wp-content\/uploads\/F07-Peratallada.jpg 768w, https:\/\/www.elturistatranquil.com\/wp-content\/uploads\/F07-Peratallada-339x226.jpg 339w\" sizes=\"(max-width: 768px) 100vw, 768px\" \/>\t\t\t\t\t\t\t\t\t\t\t<figcaption class=\"widget-image-caption wp-caption-text\"><\/figcaption>\n\t\t\t\t\t\t\t\t\t\t<\/figure>\n\t\t\t\t\t\t\t\t\t<\/div>\n\t\t\t\t<\/div>\n\t\t\t\t<div class=\"elementor-element elementor-element-200f84e5 elementor-widget elementor-widget-text-editor\" data-id=\"200f84e5\" data-element_type=\"widget\" data-e-type=\"widget\" data-widget_type=\"text-editor.default\">\n\t\t\t\t<div class=\"elementor-widget-container\">\n\t\t\t\t\t\t\t\t\t<p>Al darrera es ve la torre del Homenatge.<\/p><p>Per arribar-hi s\u2019ha de passar per sobre d\u2019un pont, actualment de ciment, que passa per sobre el fossat. Cal pensar que en el seu moment deuria haver-hi del tipus de pont llevad\u00eds.<\/p><p>Aqu\u00ed es situaria l\u2019entrada als recintes sud i nord (<strong>c<\/strong>).<\/p>\t\t\t\t\t\t\t\t<\/div>\n\t\t\t\t<\/div>\n\t\t\t\t<div class=\"elementor-element elementor-element-1a938e60 elementor-widget elementor-widget-image\" data-id=\"1a938e60\" data-element_type=\"widget\" data-e-type=\"widget\" data-widget_type=\"image.default\">\n\t\t\t\t<div class=\"elementor-widget-container\">\n\t\t\t\t\t\t\t\t\t\t\t\t<figure class=\"wp-caption\">\n\t\t\t\t\t\t\t\t\t\t<img loading=\"lazy\" decoding=\"async\" width=\"768\" height=\"512\" src=\"https:\/\/www.elturistatranquil.com\/wp-content\/uploads\/F08-Peratallada.jpg\" class=\"attachment-large size-large wp-image-25041\" alt=\"Peratallada\" srcset=\"https:\/\/www.elturistatranquil.com\/wp-content\/uploads\/F08-Peratallada.jpg 768w, https:\/\/www.elturistatranquil.com\/wp-content\/uploads\/F08-Peratallada-339x226.jpg 339w\" sizes=\"(max-width: 768px) 100vw, 768px\" \/>\t\t\t\t\t\t\t\t\t\t\t<figcaption class=\"widget-image-caption wp-caption-text\"><\/figcaption>\n\t\t\t\t\t\t\t\t\t\t<\/figure>\n\t\t\t\t\t\t\t\t\t<\/div>\n\t\t\t\t<\/div>\n\t\t\t\t<div class=\"elementor-element elementor-element-291fcbeb elementor-widget elementor-widget-text-editor\" data-id=\"291fcbeb\" data-element_type=\"widget\" data-e-type=\"widget\" data-widget_type=\"text-editor.default\">\n\t\t\t\t<div class=\"elementor-widget-container\">\n\t\t\t\t\t\t\t\t\t<p>El fossat correspon al tram (<strong>b<\/strong>) que venia des de la torre (<strong>A<\/strong>).<\/p>\t\t\t\t\t\t\t\t<\/div>\n\t\t\t\t<\/div>\n\t\t\t\t<div class=\"elementor-element elementor-element-316e69f1 elementor-widget elementor-widget-image\" data-id=\"316e69f1\" data-element_type=\"widget\" data-e-type=\"widget\" data-widget_type=\"image.default\">\n\t\t\t\t<div class=\"elementor-widget-container\">\n\t\t\t\t\t\t\t\t\t\t\t\t<figure class=\"wp-caption\">\n\t\t\t\t\t\t\t\t\t\t<img loading=\"lazy\" decoding=\"async\" width=\"768\" height=\"512\" src=\"https:\/\/www.elturistatranquil.com\/wp-content\/uploads\/F09-Peratallada.jpg\" class=\"attachment-large size-large wp-image-25043\" alt=\"Peratallada\" srcset=\"https:\/\/www.elturistatranquil.com\/wp-content\/uploads\/F09-Peratallada.jpg 768w, https:\/\/www.elturistatranquil.com\/wp-content\/uploads\/F09-Peratallada-339x226.jpg 339w\" sizes=\"(max-width: 768px) 100vw, 768px\" \/>\t\t\t\t\t\t\t\t\t\t\t<figcaption class=\"widget-image-caption wp-caption-text\"><\/figcaption>\n\t\t\t\t\t\t\t\t\t\t<\/figure>\n\t\t\t\t\t\t\t\t\t<\/div>\n\t\t\t\t<\/div>\n\t\t\t\t<div class=\"elementor-element elementor-element-1fa13e9b elementor-widget elementor-widget-text-editor\" data-id=\"1fa13e9b\" data-element_type=\"widget\" data-e-type=\"widget\" data-widget_type=\"text-editor.default\">\n\t\t\t\t<div class=\"elementor-widget-container\">\n\t\t\t\t\t\t\t\t\t<p>El llen\u00e7 de muralla (<strong>d<\/strong>) l\u2019uneix amb la \u00fanica torre rodona del conjunt. Se suposa que es deuria construir amb posterioritat per que s\u2019hi troben espitlleres per armes de foc.<\/p>\t\t\t\t\t\t\t\t<\/div>\n\t\t\t\t<\/div>\n\t\t\t\t<div class=\"elementor-element elementor-element-5f300688 elementor-widget elementor-widget-image\" data-id=\"5f300688\" data-element_type=\"widget\" data-e-type=\"widget\" data-widget_type=\"image.default\">\n\t\t\t\t<div class=\"elementor-widget-container\">\n\t\t\t\t\t\t\t\t\t\t\t\t<figure class=\"wp-caption\">\n\t\t\t\t\t\t\t\t\t\t<img loading=\"lazy\" decoding=\"async\" width=\"768\" height=\"512\" src=\"https:\/\/www.elturistatranquil.com\/wp-content\/uploads\/F10-Peratallada.jpg\" class=\"attachment-large size-large wp-image-25045\" alt=\"Peratallada\" srcset=\"https:\/\/www.elturistatranquil.com\/wp-content\/uploads\/F10-Peratallada.jpg 768w, https:\/\/www.elturistatranquil.com\/wp-content\/uploads\/F10-Peratallada-339x226.jpg 339w\" sizes=\"(max-width: 768px) 100vw, 768px\" \/>\t\t\t\t\t\t\t\t\t\t\t<figcaption class=\"widget-image-caption wp-caption-text\"><\/figcaption>\n\t\t\t\t\t\t\t\t\t\t<\/figure>\n\t\t\t\t\t\t\t\t\t<\/div>\n\t\t\t\t<\/div>\n\t\t\t\t<div class=\"elementor-element elementor-element-67f72b7a elementor-widget elementor-widget-image\" data-id=\"67f72b7a\" data-element_type=\"widget\" data-e-type=\"widget\" data-widget_type=\"image.default\">\n\t\t\t\t<div class=\"elementor-widget-container\">\n\t\t\t\t\t\t\t\t\t\t\t\t<figure class=\"wp-caption\">\n\t\t\t\t\t\t\t\t\t\t<img loading=\"lazy\" decoding=\"async\" width=\"768\" height=\"512\" src=\"https:\/\/www.elturistatranquil.com\/wp-content\/uploads\/F11a-Peratallada.jpg\" class=\"attachment-large size-large wp-image-25047\" alt=\"Peratallada\" srcset=\"https:\/\/www.elturistatranquil.com\/wp-content\/uploads\/F11a-Peratallada.jpg 768w, https:\/\/www.elturistatranquil.com\/wp-content\/uploads\/F11a-Peratallada-339x226.jpg 339w\" sizes=\"(max-width: 768px) 100vw, 768px\" \/>\t\t\t\t\t\t\t\t\t\t\t<figcaption class=\"widget-image-caption wp-caption-text\"><\/figcaption>\n\t\t\t\t\t\t\t\t\t\t<\/figure>\n\t\t\t\t\t\t\t\t\t<\/div>\n\t\t\t\t<\/div>\n\t\t\t\t<div class=\"elementor-element elementor-element-2873c329 elementor-widget elementor-widget-text-editor\" data-id=\"2873c329\" data-element_type=\"widget\" data-e-type=\"widget\" data-widget_type=\"text-editor.default\">\n\t\t\t\t<div class=\"elementor-widget-container\">\n\t\t\t\t\t\t\t\t\t<p>Els murs de carreus aprofiten la mateixa pedra sorrenca de la base de la roca.<\/p>\t\t\t\t\t\t\t\t<\/div>\n\t\t\t\t<\/div>\n\t\t\t\t<div class=\"elementor-element elementor-element-57e977e4 elementor-widget elementor-widget-image\" data-id=\"57e977e4\" data-element_type=\"widget\" data-e-type=\"widget\" data-widget_type=\"image.default\">\n\t\t\t\t<div class=\"elementor-widget-container\">\n\t\t\t\t\t\t\t\t\t\t\t\t<figure class=\"wp-caption\">\n\t\t\t\t\t\t\t\t\t\t<img loading=\"lazy\" decoding=\"async\" width=\"768\" height=\"512\" src=\"https:\/\/www.elturistatranquil.com\/wp-content\/uploads\/F11b-Peratallada.jpg\" class=\"attachment-large size-large wp-image-25049\" alt=\"Peratallada\" srcset=\"https:\/\/www.elturistatranquil.com\/wp-content\/uploads\/F11b-Peratallada.jpg 768w, https:\/\/www.elturistatranquil.com\/wp-content\/uploads\/F11b-Peratallada-339x226.jpg 339w\" sizes=\"(max-width: 768px) 100vw, 768px\" \/>\t\t\t\t\t\t\t\t\t\t\t<figcaption class=\"widget-image-caption wp-caption-text\"><\/figcaption>\n\t\t\t\t\t\t\t\t\t\t<\/figure>\n\t\t\t\t\t\t\t\t\t<\/div>\n\t\t\t\t<\/div>\n\t\t\t\t<div class=\"elementor-element elementor-element-716826f6 elementor-widget elementor-widget-text-editor\" data-id=\"716826f6\" data-element_type=\"widget\" data-e-type=\"widget\" data-widget_type=\"text-editor.default\">\n\t\t\t\t<div class=\"elementor-widget-container\">\n\t\t\t\t\t\t\t\t\t<p>En aquest tram el fossat sec excavat a la roca es manifesta ja amb tota claredat.<\/p>\t\t\t\t\t\t\t\t<\/div>\n\t\t\t\t<\/div>\n\t\t\t\t<div class=\"elementor-element elementor-element-793f852c elementor-widget elementor-widget-image\" data-id=\"793f852c\" data-element_type=\"widget\" data-e-type=\"widget\" data-widget_type=\"image.default\">\n\t\t\t\t<div class=\"elementor-widget-container\">\n\t\t\t\t\t\t\t\t\t\t\t\t<figure class=\"wp-caption\">\n\t\t\t\t\t\t\t\t\t\t<img loading=\"lazy\" decoding=\"async\" width=\"768\" height=\"512\" src=\"https:\/\/www.elturistatranquil.com\/wp-content\/uploads\/F12-Peratallada.jpg\" class=\"attachment-large size-large wp-image-25051\" alt=\"Peratallada\" srcset=\"https:\/\/www.elturistatranquil.com\/wp-content\/uploads\/F12-Peratallada.jpg 768w, https:\/\/www.elturistatranquil.com\/wp-content\/uploads\/F12-Peratallada-339x226.jpg 339w\" sizes=\"(max-width: 768px) 100vw, 768px\" \/>\t\t\t\t\t\t\t\t\t\t\t<figcaption class=\"widget-image-caption wp-caption-text\"><\/figcaption>\n\t\t\t\t\t\t\t\t\t\t<\/figure>\n\t\t\t\t\t\t\t\t\t<\/div>\n\t\t\t\t<\/div>\n\t\t\t\t<div class=\"elementor-element elementor-element-2cc264c1 elementor-widget elementor-widget-text-editor\" data-id=\"2cc264c1\" data-element_type=\"widget\" data-e-type=\"widget\" data-widget_type=\"text-editor.default\">\n\t\t\t\t<div class=\"elementor-widget-container\">\n\t\t\t\t\t\t\t\t\t<p>Per arribar a la cara nord el recorregut no \u00e9s dif\u00edcil, per\u00f2 no est\u00e0 preparat. Val la pena fer-lo perqu\u00e8 ofereix imatges espectaculars del fossat seguint el llen\u00e7 de muralla (<strong>e<\/strong>).<\/p>\t\t\t\t\t\t\t\t<\/div>\n\t\t\t\t<\/div>\n\t\t\t\t<div class=\"elementor-element elementor-element-7179b820 elementor-widget elementor-widget-image\" data-id=\"7179b820\" data-element_type=\"widget\" data-e-type=\"widget\" data-widget_type=\"image.default\">\n\t\t\t\t<div class=\"elementor-widget-container\">\n\t\t\t\t\t\t\t\t\t\t\t\t<figure class=\"wp-caption\">\n\t\t\t\t\t\t\t\t\t\t<img loading=\"lazy\" decoding=\"async\" width=\"768\" height=\"512\" src=\"https:\/\/www.elturistatranquil.com\/wp-content\/uploads\/F13-Peratallada.jpg\" class=\"attachment-large size-large wp-image-25053\" alt=\"Peratallada\" srcset=\"https:\/\/www.elturistatranquil.com\/wp-content\/uploads\/F13-Peratallada.jpg 768w, https:\/\/www.elturistatranquil.com\/wp-content\/uploads\/F13-Peratallada-339x226.jpg 339w\" sizes=\"(max-width: 768px) 100vw, 768px\" \/>\t\t\t\t\t\t\t\t\t\t\t<figcaption class=\"widget-image-caption wp-caption-text\"><\/figcaption>\n\t\t\t\t\t\t\t\t\t\t<\/figure>\n\t\t\t\t\t\t\t\t\t<\/div>\n\t\t\t\t<\/div>\n\t\t\t\t<section class=\"elementor-section elementor-inner-section elementor-element elementor-element-72a65f17 elementor-section-boxed elementor-section-height-default elementor-section-height-default\" data-id=\"72a65f17\" data-element_type=\"section\" data-e-type=\"section\">\n\t\t\t\t\t\t<div class=\"elementor-container elementor-column-gap-default\">\n\t\t\t\t\t<div class=\"elementor-column elementor-col-50 elementor-inner-column elementor-element elementor-element-4a48efec\" data-id=\"4a48efec\" data-element_type=\"column\" data-e-type=\"column\">\n\t\t\t<div class=\"elementor-widget-wrap elementor-element-populated\">\n\t\t\t\t\t\t<div class=\"elementor-element elementor-element-976a0a6 elementor-widget elementor-widget-image\" data-id=\"976a0a6\" data-element_type=\"widget\" data-e-type=\"widget\" data-widget_type=\"image.default\">\n\t\t\t\t<div class=\"elementor-widget-container\">\n\t\t\t\t\t\t\t\t\t\t\t\t\t\t\t<img loading=\"lazy\" decoding=\"async\" width=\"367\" height=\"550\" src=\"https:\/\/www.elturistatranquil.com\/wp-content\/uploads\/F14m-Peratallada.jpg\" class=\"attachment-large size-large wp-image-25055\" alt=\"Peratallada\" srcset=\"https:\/\/www.elturistatranquil.com\/wp-content\/uploads\/F14m-Peratallada.jpg 367w, https:\/\/www.elturistatranquil.com\/wp-content\/uploads\/F14m-Peratallada-151x226.jpg 151w\" sizes=\"(max-width: 367px) 100vw, 367px\" \/>\t\t\t\t\t\t\t\t\t\t\t\t\t\t\t<\/div>\n\t\t\t\t<\/div>\n\t\t\t\t\t<\/div>\n\t\t<\/div>\n\t\t\t\t<div class=\"elementor-column elementor-col-50 elementor-inner-column elementor-element elementor-element-6b8bef7c\" data-id=\"6b8bef7c\" data-element_type=\"column\" data-e-type=\"column\">\n\t\t\t<div class=\"elementor-widget-wrap elementor-element-populated\">\n\t\t\t\t\t\t<div class=\"elementor-element elementor-element-44cb8824 elementor-widget elementor-widget-image\" data-id=\"44cb8824\" data-element_type=\"widget\" data-e-type=\"widget\" data-widget_type=\"image.default\">\n\t\t\t\t<div class=\"elementor-widget-container\">\n\t\t\t\t\t\t\t\t\t\t\t\t\t\t\t<img loading=\"lazy\" decoding=\"async\" width=\"367\" height=\"550\" src=\"https:\/\/www.elturistatranquil.com\/wp-content\/uploads\/F14n-Peratallada.jpg\" class=\"attachment-large size-large wp-image-25057\" alt=\"Peratallada\" srcset=\"https:\/\/www.elturistatranquil.com\/wp-content\/uploads\/F14n-Peratallada.jpg 367w, https:\/\/www.elturistatranquil.com\/wp-content\/uploads\/F14n-Peratallada-151x226.jpg 151w\" sizes=\"(max-width: 367px) 100vw, 367px\" \/>\t\t\t\t\t\t\t\t\t\t\t\t\t\t\t<\/div>\n\t\t\t\t<\/div>\n\t\t\t\t\t<\/div>\n\t\t<\/div>\n\t\t\t\t\t<\/div>\n\t\t<\/section>\n\t\t\t\t<div class=\"elementor-element elementor-element-6c1f2e6b elementor-widget elementor-widget-text-editor\" data-id=\"6c1f2e6b\" data-element_type=\"widget\" data-e-type=\"widget\" data-widget_type=\"text-editor.default\">\n\t\t\t\t<div class=\"elementor-widget-container\">\n\t\t\t\t\t\t\t\t\t<p>\u00a0<\/p><p>La torre m\u00e9s al nord (<strong>D<\/strong>) es conserva perfectament, malgrat que per la part posterior es va adossar una construcci\u00f3.<\/p>\t\t\t\t\t\t\t\t<\/div>\n\t\t\t\t<\/div>\n\t\t\t\t<div class=\"elementor-element elementor-element-6b1f03ce elementor-widget elementor-widget-image\" data-id=\"6b1f03ce\" data-element_type=\"widget\" data-e-type=\"widget\" data-widget_type=\"image.default\">\n\t\t\t\t<div class=\"elementor-widget-container\">\n\t\t\t\t\t\t\t\t\t\t\t\t<figure class=\"wp-caption\">\n\t\t\t\t\t\t\t\t\t\t<img loading=\"lazy\" decoding=\"async\" width=\"768\" height=\"512\" src=\"https:\/\/www.elturistatranquil.com\/wp-content\/uploads\/F15-Peratallada.jpg\" class=\"attachment-large size-large wp-image-25059\" alt=\"Peratallada\" srcset=\"https:\/\/www.elturistatranquil.com\/wp-content\/uploads\/F15-Peratallada.jpg 768w, https:\/\/www.elturistatranquil.com\/wp-content\/uploads\/F15-Peratallada-339x226.jpg 339w\" sizes=\"(max-width: 768px) 100vw, 768px\" \/>\t\t\t\t\t\t\t\t\t\t\t<figcaption class=\"widget-image-caption wp-caption-text\"><\/figcaption>\n\t\t\t\t\t\t\t\t\t\t<\/figure>\n\t\t\t\t\t\t\t\t\t<\/div>\n\t\t\t\t<\/div>\n\t\t\t\t<div class=\"elementor-element elementor-element-54b774b4 elementor-widget elementor-widget-text-editor\" data-id=\"54b774b4\" data-element_type=\"widget\" data-e-type=\"widget\" data-widget_type=\"text-editor.default\">\n\t\t\t\t<div class=\"elementor-widget-container\">\n\t\t\t\t\t\t\t\t\t<p>Seguint el llen\u00e7 (<strong>f<\/strong>) apareix el <strong>Portal de la Mare de D\u00e9u<\/strong> (<strong>E<\/strong>). Tot fa pensar que el pont de pedra actual tamb\u00e9 devia se un pont llevad\u00eds en origen.<\/p>\t\t\t\t\t\t\t\t<\/div>\n\t\t\t\t<\/div>\n\t\t\t\t<div class=\"elementor-element elementor-element-5386e7fc elementor-widget elementor-widget-image\" data-id=\"5386e7fc\" data-element_type=\"widget\" data-e-type=\"widget\" data-widget_type=\"image.default\">\n\t\t\t\t<div class=\"elementor-widget-container\">\n\t\t\t\t\t\t\t\t\t\t\t\t<figure class=\"wp-caption\">\n\t\t\t\t\t\t\t\t\t\t<img loading=\"lazy\" decoding=\"async\" width=\"768\" height=\"512\" src=\"https:\/\/www.elturistatranquil.com\/wp-content\/uploads\/F16-Peratallada.jpg\" class=\"attachment-large size-large wp-image-25061\" alt=\"Peratallada\" srcset=\"https:\/\/www.elturistatranquil.com\/wp-content\/uploads\/F16-Peratallada.jpg 768w, https:\/\/www.elturistatranquil.com\/wp-content\/uploads\/F16-Peratallada-339x226.jpg 339w\" sizes=\"(max-width: 768px) 100vw, 768px\" \/>\t\t\t\t\t\t\t\t\t\t\t<figcaption class=\"widget-image-caption wp-caption-text\"><\/figcaption>\n\t\t\t\t\t\t\t\t\t\t<\/figure>\n\t\t\t\t\t\t\t\t\t<\/div>\n\t\t\t\t<\/div>\n\t\t\t\t<div class=\"elementor-element elementor-element-3b15ce0d elementor-widget elementor-widget-text-editor\" data-id=\"3b15ce0d\" data-element_type=\"widget\" data-e-type=\"widget\" data-widget_type=\"text-editor.default\">\n\t\t\t\t<div class=\"elementor-widget-container\">\n\t\t\t\t\t\t\t\t\t<p>Es l\u2019\u00fanica entrada que es conserva en la seva forma primitiva en el punt m\u00e9s visible del tot el conjunt.<\/p>\t\t\t\t\t\t\t\t<\/div>\n\t\t\t\t<\/div>\n\t\t\t\t<div class=\"elementor-element elementor-element-55740628 elementor-widget elementor-widget-image\" data-id=\"55740628\" data-element_type=\"widget\" data-e-type=\"widget\" data-widget_type=\"image.default\">\n\t\t\t\t<div class=\"elementor-widget-container\">\n\t\t\t\t\t\t\t\t\t\t\t\t<figure class=\"wp-caption\">\n\t\t\t\t\t\t\t\t\t\t<img loading=\"lazy\" decoding=\"async\" width=\"768\" height=\"512\" src=\"https:\/\/www.elturistatranquil.com\/wp-content\/uploads\/F17-Peratallada.jpg\" class=\"attachment-large size-large wp-image-25063\" alt=\"Peratallada\" srcset=\"https:\/\/www.elturistatranquil.com\/wp-content\/uploads\/F17-Peratallada.jpg 768w, https:\/\/www.elturistatranquil.com\/wp-content\/uploads\/F17-Peratallada-339x226.jpg 339w\" sizes=\"(max-width: 768px) 100vw, 768px\" \/>\t\t\t\t\t\t\t\t\t\t\t<figcaption class=\"widget-image-caption wp-caption-text\"><\/figcaption>\n\t\t\t\t\t\t\t\t\t\t<\/figure>\n\t\t\t\t\t\t\t\t\t<\/div>\n\t\t\t\t<\/div>\n\t\t\t\t<div class=\"elementor-element elementor-element-3fff036c elementor-widget elementor-widget-text-editor\" data-id=\"3fff036c\" data-element_type=\"widget\" data-e-type=\"widget\" data-widget_type=\"text-editor.default\">\n\t\t\t\t<div class=\"elementor-widget-container\">\n\t\t\t\t\t\t\t\t\t<p>Seguint la observaci\u00f3 des del pont, es mant\u00e9 la forma del fossar al llen\u00e7 (<strong>g<\/strong>) que continua.<\/p>\t\t\t\t\t\t\t\t<\/div>\n\t\t\t\t<\/div>\n\t\t\t\t<div class=\"elementor-element elementor-element-3a065678 elementor-widget elementor-widget-image\" data-id=\"3a065678\" data-element_type=\"widget\" data-e-type=\"widget\" data-widget_type=\"image.default\">\n\t\t\t\t<div class=\"elementor-widget-container\">\n\t\t\t\t\t\t\t\t\t\t\t\t<figure class=\"wp-caption\">\n\t\t\t\t\t\t\t\t\t\t<img loading=\"lazy\" decoding=\"async\" width=\"768\" height=\"512\" src=\"https:\/\/www.elturistatranquil.com\/wp-content\/uploads\/F18-Peratallada.jpg\" class=\"attachment-large size-large wp-image-25065\" alt=\"Peratallada\" srcset=\"https:\/\/www.elturistatranquil.com\/wp-content\/uploads\/F18-Peratallada.jpg 768w, https:\/\/www.elturistatranquil.com\/wp-content\/uploads\/F18-Peratallada-339x226.jpg 339w\" sizes=\"(max-width: 768px) 100vw, 768px\" \/>\t\t\t\t\t\t\t\t\t\t\t<figcaption class=\"widget-image-caption wp-caption-text\"><\/figcaption>\n\t\t\t\t\t\t\t\t\t\t<\/figure>\n\t\t\t\t\t\t\t\t\t<\/div>\n\t\t\t\t<\/div>\n\t\t\t\t<div class=\"elementor-element elementor-element-30c65504 elementor-widget elementor-widget-text-editor\" data-id=\"30c65504\" data-element_type=\"widget\" data-e-type=\"widget\" data-widget_type=\"text-editor.default\">\n\t\t\t\t<div class=\"elementor-widget-container\">\n\t\t\t\t\t\t\t\t\t<p>S\u2019acaben en aquest punt les restes de la muralla. Les construccions donen continu\u00eftat aproximada al tra\u00e7at \u00a0de la muralla del lateral est de Peratallada. Correspon a una de les parts m\u00e9s modificades, per\u00f2 mantenint unes construccions \u201cvelles\u201d, que cal imaginar de finals del segle XIX o principis del XX.<\/p>\t\t\t\t\t\t\t\t<\/div>\n\t\t\t\t<\/div>\n\t\t\t\t<div class=\"elementor-element elementor-element-16fe2ef8 elementor-widget elementor-widget-image\" data-id=\"16fe2ef8\" data-element_type=\"widget\" data-e-type=\"widget\" data-widget_type=\"image.default\">\n\t\t\t\t<div class=\"elementor-widget-container\">\n\t\t\t\t\t\t\t\t\t\t\t\t<figure class=\"wp-caption\">\n\t\t\t\t\t\t\t\t\t\t<img loading=\"lazy\" decoding=\"async\" width=\"768\" height=\"512\" src=\"https:\/\/www.elturistatranquil.com\/wp-content\/uploads\/F19-Peratallada.jpg\" class=\"attachment-large size-large wp-image-25067\" alt=\"Peratallada\" srcset=\"https:\/\/www.elturistatranquil.com\/wp-content\/uploads\/F19-Peratallada.jpg 768w, https:\/\/www.elturistatranquil.com\/wp-content\/uploads\/F19-Peratallada-339x226.jpg 339w\" sizes=\"(max-width: 768px) 100vw, 768px\" \/>\t\t\t\t\t\t\t\t\t\t\t<figcaption class=\"widget-image-caption wp-caption-text\"><\/figcaption>\n\t\t\t\t\t\t\t\t\t\t<\/figure>\n\t\t\t\t\t\t\t\t\t<\/div>\n\t\t\t\t<\/div>\n\t\t\t\t<div class=\"elementor-element elementor-element-42553b45 elementor-widget elementor-widget-text-editor\" data-id=\"42553b45\" data-element_type=\"widget\" data-e-type=\"widget\" data-widget_type=\"text-editor.default\">\n\t\t\t\t<div class=\"elementor-widget-container\">\n\t\t\t\t\t\t\t\t\t<p>Per finalitzar aquest recorregut em situo al punt (<strong>F<\/strong>), que correspondria a l\u2019entra per l\u2019est del tercer recinte i que porta actualment a la Pla\u00e7a Major. Queda insinuada l\u2019obertura, sense que es vegi cap evidencia de la construcci\u00f3 original.<\/p>\t\t\t\t\t\t\t\t<\/div>\n\t\t\t\t<\/div>\n\t\t\t\t<div class=\"elementor-element elementor-element-3295a520 elementor-widget elementor-widget-menu-anchor\" data-id=\"3295a520\" data-element_type=\"widget\" data-e-type=\"widget\" data-widget_type=\"menu-anchor.default\">\n\t\t\t\t<div class=\"elementor-widget-container\">\n\t\t\t\t\t\t\t<div class=\"elementor-menu-anchor\" id=\"c4009\"><\/div>\n\t\t\t\t\t\t<\/div>\n\t\t\t\t<\/div>\n\t\t\t\t<div class=\"elementor-element elementor-element-386c34eb elementor-widget elementor-widget-image\" data-id=\"386c34eb\" data-element_type=\"widget\" data-e-type=\"widget\" data-widget_type=\"image.default\">\n\t\t\t\t<div class=\"elementor-widget-container\">\n\t\t\t\t\t\t\t\t\t\t\t\t<figure class=\"wp-caption\">\n\t\t\t\t\t\t\t\t\t\t<img loading=\"lazy\" decoding=\"async\" width=\"768\" height=\"512\" src=\"https:\/\/www.elturistatranquil.com\/wp-content\/uploads\/F20-Peratallada.jpg\" class=\"attachment-large size-large wp-image-25069\" alt=\"Peratallada\" srcset=\"https:\/\/www.elturistatranquil.com\/wp-content\/uploads\/F20-Peratallada.jpg 768w, https:\/\/www.elturistatranquil.com\/wp-content\/uploads\/F20-Peratallada-339x226.jpg 339w\" sizes=\"(max-width: 768px) 100vw, 768px\" \/>\t\t\t\t\t\t\t\t\t\t\t<figcaption class=\"widget-image-caption wp-caption-text\"><\/figcaption>\n\t\t\t\t\t\t\t\t\t\t<\/figure>\n\t\t\t\t\t\t\t\t\t<\/div>\n\t\t\t\t<\/div>\n\t\t\t\t<div class=\"elementor-element elementor-element-38423a55 elementor-widget elementor-widget-heading\" data-id=\"38423a55\" data-element_type=\"widget\" data-e-type=\"widget\" data-widget_type=\"heading.default\">\n\t\t\t\t<div class=\"elementor-widget-container\">\n\t\t\t\t\t<h3 class=\"elementor-heading-title elementor-size-default\">Recorregut per la vila<\/h3>\t\t\t\t<\/div>\n\t\t\t\t<\/div>\n\t\t\t\t<div class=\"elementor-element elementor-element-1bdbdf22 elementor-widget elementor-widget-image\" data-id=\"1bdbdf22\" data-element_type=\"widget\" data-e-type=\"widget\" data-widget_type=\"image.default\">\n\t\t\t\t<div class=\"elementor-widget-container\">\n\t\t\t\t\t\t\t\t\t\t\t\t<figure class=\"wp-caption\">\n\t\t\t\t\t\t\t\t\t\t<img loading=\"lazy\" decoding=\"async\" width=\"768\" height=\"511\" src=\"https:\/\/www.elturistatranquil.com\/wp-content\/uploads\/F21a-Peratallada.jpg\" class=\"attachment-large size-large wp-image-25071\" alt=\"Peratallada\" srcset=\"https:\/\/www.elturistatranquil.com\/wp-content\/uploads\/F21a-Peratallada.jpg 768w, https:\/\/www.elturistatranquil.com\/wp-content\/uploads\/F21a-Peratallada-339x226.jpg 339w\" sizes=\"(max-width: 768px) 100vw, 768px\" \/>\t\t\t\t\t\t\t\t\t\t\t<figcaption class=\"widget-image-caption wp-caption-text\"><\/figcaption>\n\t\t\t\t\t\t\t\t\t\t<\/figure>\n\t\t\t\t\t\t\t\t\t<\/div>\n\t\t\t\t<\/div>\n\t\t\t\t<div class=\"elementor-element elementor-element-3d38e71 elementor-widget elementor-widget-menu-anchor\" data-id=\"3d38e71\" data-element_type=\"widget\" data-e-type=\"widget\" data-widget_type=\"menu-anchor.default\">\n\t\t\t\t<div class=\"elementor-widget-container\">\n\t\t\t\t\t\t\t<div class=\"elementor-menu-anchor\" id=\"c4010\"><\/div>\n\t\t\t\t\t\t<\/div>\n\t\t\t\t<\/div>\n\t\t\t\t<div class=\"elementor-element elementor-element-4b86b545 elementor-widget elementor-widget-text-editor\" data-id=\"4b86b545\" data-element_type=\"widget\" data-e-type=\"widget\" data-widget_type=\"text-editor.default\">\n\t\t\t\t<div class=\"elementor-widget-container\">\n\t\t\t\t\t\t\t\t\t<p>El recorregut ens portar\u00e0 pels edificis hist\u00f2rics de la vila i pels carrers on es conserva completament l\u2019arquitectura popular fins a finals del segle XIX o principis de XX. Entre aquests elements podrem apreciar el espais porxats i les cases-pont.<\/p><p>Proposar\u00e9 un recorregut en que passarem pr\u00e0cticament per tots els carrers de la vila.<\/p>\t\t\t\t\t\t\t\t<\/div>\n\t\t\t\t<\/div>\n\t\t\t\t<div class=\"elementor-element elementor-element-4a71432b elementor-widget elementor-widget-heading\" data-id=\"4a71432b\" data-element_type=\"widget\" data-e-type=\"widget\" data-widget_type=\"heading.default\">\n\t\t\t\t<div class=\"elementor-widget-container\">\n\t\t\t\t\t<h4 class=\"elementor-heading-title elementor-size-default\">Entrada per la porta de ponent<\/h4>\t\t\t\t<\/div>\n\t\t\t\t<\/div>\n\t\t\t\t<div class=\"elementor-element elementor-element-5564091d elementor-widget elementor-widget-text-editor\" data-id=\"5564091d\" data-element_type=\"widget\" data-e-type=\"widget\" data-widget_type=\"text-editor.default\">\n\t\t\t\t<div class=\"elementor-widget-container\">\n\t\t\t\t\t\t\t\t\t<p>Dels tres amplis aparcaments que hi ha perfectament condicionats deixar\u00e9 el cotxe al de ponent (<strong>PK1<\/strong>).<\/p><p>Disposarem de la visi\u00f3 de la muralla de ponent\u00a0 (<strong>d<\/strong>), de la obertura que correspondria a la porta d\u2019aquest costat (<strong>c<\/strong>) i una primera perspectiva de la torre de les Hores (<strong>B<\/strong>).<\/p>\t\t\t\t\t\t\t\t<\/div>\n\t\t\t\t<\/div>\n\t\t\t\t<div class=\"elementor-element elementor-element-5453d440 elementor-widget elementor-widget-image\" data-id=\"5453d440\" data-element_type=\"widget\" data-e-type=\"widget\" data-widget_type=\"image.default\">\n\t\t\t\t<div class=\"elementor-widget-container\">\n\t\t\t\t\t\t\t\t\t\t\t\t<figure class=\"wp-caption\">\n\t\t\t\t\t\t\t\t\t\t<img loading=\"lazy\" decoding=\"async\" width=\"768\" height=\"512\" src=\"https:\/\/www.elturistatranquil.com\/wp-content\/uploads\/F21b-Peratallada.jpg\" class=\"attachment-large size-large wp-image-25073\" alt=\"Peratallada\" srcset=\"https:\/\/www.elturistatranquil.com\/wp-content\/uploads\/F21b-Peratallada.jpg 768w, https:\/\/www.elturistatranquil.com\/wp-content\/uploads\/F21b-Peratallada-339x226.jpg 339w\" sizes=\"(max-width: 768px) 100vw, 768px\" \/>\t\t\t\t\t\t\t\t\t\t\t<figcaption class=\"widget-image-caption wp-caption-text\"><\/figcaption>\n\t\t\t\t\t\t\t\t\t\t<\/figure>\n\t\t\t\t\t\t\t\t\t<\/div>\n\t\t\t\t<\/div>\n\t\t\t\t<div class=\"elementor-element elementor-element-29588204 elementor-widget elementor-widget-text-editor\" data-id=\"29588204\" data-element_type=\"widget\" data-e-type=\"widget\" data-widget_type=\"text-editor.default\">\n\t\t\t\t<div class=\"elementor-widget-container\">\n\t\t\t\t\t\t\t\t\t<p>Passat el pont d\u2019entrada, aquest es l\u2019aspecte que ofereix l\u2019acc\u00e9s vers el centre el poble.<\/p>\t\t\t\t\t\t\t\t<\/div>\n\t\t\t\t<\/div>\n\t\t\t\t<div class=\"elementor-element elementor-element-32f7320 elementor-widget elementor-widget-menu-anchor\" data-id=\"32f7320\" data-element_type=\"widget\" data-e-type=\"widget\" data-widget_type=\"menu-anchor.default\">\n\t\t\t\t<div class=\"elementor-widget-container\">\n\t\t\t\t\t\t\t<div class=\"elementor-menu-anchor\" id=\"c4011\"><\/div>\n\t\t\t\t\t\t<\/div>\n\t\t\t\t<\/div>\n\t\t\t\t<div class=\"elementor-element elementor-element-6b5d2f7 elementor-widget elementor-widget-image\" data-id=\"6b5d2f7\" data-element_type=\"widget\" data-e-type=\"widget\" data-widget_type=\"image.default\">\n\t\t\t\t<div class=\"elementor-widget-container\">\n\t\t\t\t\t\t\t\t\t\t\t\t<figure class=\"wp-caption\">\n\t\t\t\t\t\t\t\t\t\t<img loading=\"lazy\" decoding=\"async\" width=\"768\" height=\"512\" src=\"https:\/\/www.elturistatranquil.com\/wp-content\/uploads\/F22-Peratallada.jpg\" class=\"attachment-large size-large wp-image-25075\" alt=\"Peratallada\" srcset=\"https:\/\/www.elturistatranquil.com\/wp-content\/uploads\/F22-Peratallada.jpg 768w, https:\/\/www.elturistatranquil.com\/wp-content\/uploads\/F22-Peratallada-339x226.jpg 339w\" sizes=\"(max-width: 768px) 100vw, 768px\" \/>\t\t\t\t\t\t\t\t\t\t\t<figcaption class=\"widget-image-caption wp-caption-text\"><\/figcaption>\n\t\t\t\t\t\t\t\t\t\t<\/figure>\n\t\t\t\t\t\t\t\t\t<\/div>\n\t\t\t\t<\/div>\n\t\t\t\t<div class=\"elementor-element elementor-element-7b2df8f4 elementor-widget elementor-widget-heading\" data-id=\"7b2df8f4\" data-element_type=\"widget\" data-e-type=\"widget\" data-widget_type=\"heading.default\">\n\t\t\t\t<div class=\"elementor-widget-container\">\n\t\t\t\t\t<h4 class=\"elementor-heading-title elementor-size-default\">Carrer de la Roca<\/h4>\t\t\t\t<\/div>\n\t\t\t\t<\/div>\n\t\t\t\t<div class=\"elementor-element elementor-element-6e09761d elementor-widget elementor-widget-text-editor\" data-id=\"6e09761d\" data-element_type=\"widget\" data-e-type=\"widget\" data-widget_type=\"text-editor.default\">\n\t\t\t\t<div class=\"elementor-widget-container\">\n\t\t\t\t\t\t\t\t\t<p>Prefereixo tombar a l\u2019esquerra pel primer carrer que surt paral\u00b7lel a la muralla en direcci\u00f3 a la porta de Santa Maria. Es tracta del <strong>carrer de la Roca<\/strong> (<strong>1<\/strong>), un dels carrer m\u00e9s emblem\u00e0tics i fotografiat per les roderes que el pas dels carros van deixar al terra. On tamb\u00e9 es veu clara la base rocosa de les edificacions.<\/p>\t\t\t\t\t\t\t\t<\/div>\n\t\t\t\t<\/div>\n\t\t\t\t<div class=\"elementor-element elementor-element-424c4e73 elementor-widget elementor-widget-image\" data-id=\"424c4e73\" data-element_type=\"widget\" data-e-type=\"widget\" data-widget_type=\"image.default\">\n\t\t\t\t<div class=\"elementor-widget-container\">\n\t\t\t\t\t\t\t\t\t\t\t\t<figure class=\"wp-caption\">\n\t\t\t\t\t\t\t\t\t\t<img loading=\"lazy\" decoding=\"async\" width=\"768\" height=\"512\" src=\"https:\/\/www.elturistatranquil.com\/wp-content\/uploads\/F23-Peratallada.jpg\" class=\"attachment-large size-large wp-image-25077\" alt=\"Peratallada\" srcset=\"https:\/\/www.elturistatranquil.com\/wp-content\/uploads\/F23-Peratallada.jpg 768w, https:\/\/www.elturistatranquil.com\/wp-content\/uploads\/F23-Peratallada-339x226.jpg 339w\" sizes=\"(max-width: 768px) 100vw, 768px\" \/>\t\t\t\t\t\t\t\t\t\t\t<figcaption class=\"widget-image-caption wp-caption-text\"><\/figcaption>\n\t\t\t\t\t\t\t\t\t\t<\/figure>\n\t\t\t\t\t\t\t\t\t<\/div>\n\t\t\t\t<\/div>\n\t\t\t\t<div class=\"elementor-element elementor-element-448b49df elementor-widget elementor-widget-text-editor\" data-id=\"448b49df\" data-element_type=\"widget\" data-e-type=\"widget\" data-widget_type=\"text-editor.default\">\n\t\t\t\t<div class=\"elementor-widget-container\">\n\t\t\t\t\t\t\t\t\t<p>Mirant enrere es veu clarament la torre de les Hores.<\/p>\t\t\t\t\t\t\t\t<\/div>\n\t\t\t\t<\/div>\n\t\t\t\t<div class=\"elementor-element elementor-element-43ee1d7 elementor-widget elementor-widget-image\" data-id=\"43ee1d7\" data-element_type=\"widget\" data-e-type=\"widget\" data-widget_type=\"image.default\">\n\t\t\t\t<div class=\"elementor-widget-container\">\n\t\t\t\t\t\t\t\t\t\t\t\t<figure class=\"wp-caption\">\n\t\t\t\t\t\t\t\t\t\t<img loading=\"lazy\" decoding=\"async\" width=\"768\" height=\"512\" src=\"https:\/\/www.elturistatranquil.com\/wp-content\/uploads\/F24-Peratallada.jpg\" class=\"attachment-large size-large wp-image-25079\" alt=\"Peratallada\" srcset=\"https:\/\/www.elturistatranquil.com\/wp-content\/uploads\/F24-Peratallada.jpg 768w, https:\/\/www.elturistatranquil.com\/wp-content\/uploads\/F24-Peratallada-339x226.jpg 339w\" sizes=\"(max-width: 768px) 100vw, 768px\" \/>\t\t\t\t\t\t\t\t\t\t\t<figcaption class=\"widget-image-caption wp-caption-text\"><\/figcaption>\n\t\t\t\t\t\t\t\t\t\t<\/figure>\n\t\t\t\t\t\t\t\t\t<\/div>\n\t\t\t\t<\/div>\n\t\t\t\t<div class=\"elementor-element elementor-element-64bf60f6 elementor-widget elementor-widget-text-editor\" data-id=\"64bf60f6\" data-element_type=\"widget\" data-e-type=\"widget\" data-widget_type=\"text-editor.default\">\n\t\t\t\t<div class=\"elementor-widget-container\">\n\t\t\t\t\t\t\t\t\t<p>Continuo fins la cru\u00eflla del carrer Hospital. En aquest punt existeix un pont d\u2019arc de mig punt, que passa a banda i banda del carrer de la Roca, i que uneix en diagonal les cases de dues illes. Cal pensar que formen part de la mateixa propietat i que ser la forma de comunicar-les.<\/p><p>Les dues fotografies que segueixen ens mostren l\u2019estat d\u2019aquest punt quan estava al servei de l\u2019activitat prim\u00e0ria i, despr\u00e9s un cop passat pel sed\u00e0s de la \u201crehabilitaci\u00f3 tur\u00edstica\u201d. Dit amb paraules afectuoses, despr\u00e9s de <em>posar-lo bonic<\/em> i fer-ne un \u201c<em>aut\u00e8ntic poble medieval<\/em>\u201d.<\/p><p>La modernitzaci\u00f3 ha modificat l\u2019edificaci\u00f3 del fons a l\u2019esquerra, i ha augmentat un pis el de la dreta, en aquest cas amb un mal acabat de la fa\u00e7ana elevada.<\/p>\t\t\t\t\t\t\t\t<\/div>\n\t\t\t\t<\/div>\n\t\t\t\t<section class=\"elementor-section elementor-inner-section elementor-element elementor-element-61fcd064 elementor-section-boxed elementor-section-height-default elementor-section-height-default\" data-id=\"61fcd064\" data-element_type=\"section\" data-e-type=\"section\">\n\t\t\t\t\t\t<div class=\"elementor-container elementor-column-gap-default\">\n\t\t\t\t\t<div class=\"elementor-column elementor-col-50 elementor-inner-column elementor-element elementor-element-2999ea14\" data-id=\"2999ea14\" data-element_type=\"column\" data-e-type=\"column\">\n\t\t\t<div class=\"elementor-widget-wrap elementor-element-populated\">\n\t\t\t\t\t\t<div class=\"elementor-element elementor-element-2656b2df elementor-widget elementor-widget-image\" data-id=\"2656b2df\" data-element_type=\"widget\" data-e-type=\"widget\" data-widget_type=\"image.default\">\n\t\t\t\t<div class=\"elementor-widget-container\">\n\t\t\t\t\t\t\t\t\t\t\t\t\t\t\t<img loading=\"lazy\" decoding=\"async\" width=\"366\" height=\"550\" src=\"https:\/\/www.elturistatranquil.com\/wp-content\/uploads\/F25m-Peratallada.jpg\" class=\"attachment-large size-large wp-image-25081\" alt=\"Peratallada\" srcset=\"https:\/\/www.elturistatranquil.com\/wp-content\/uploads\/F25m-Peratallada.jpg 366w, https:\/\/www.elturistatranquil.com\/wp-content\/uploads\/F25m-Peratallada-150x226.jpg 150w\" sizes=\"(max-width: 366px) 100vw, 366px\" \/>\t\t\t\t\t\t\t\t\t\t\t\t\t\t\t<\/div>\n\t\t\t\t<\/div>\n\t\t\t\t\t<\/div>\n\t\t<\/div>\n\t\t\t\t<div class=\"elementor-column elementor-col-50 elementor-inner-column elementor-element elementor-element-fe8b9da\" data-id=\"fe8b9da\" data-element_type=\"column\" data-e-type=\"column\">\n\t\t\t<div class=\"elementor-widget-wrap elementor-element-populated\">\n\t\t\t\t\t\t<div class=\"elementor-element elementor-element-4ff33563 elementor-widget elementor-widget-image\" data-id=\"4ff33563\" data-element_type=\"widget\" data-e-type=\"widget\" data-widget_type=\"image.default\">\n\t\t\t\t<div class=\"elementor-widget-container\">\n\t\t\t\t\t\t\t\t\t\t\t\t\t\t\t<img loading=\"lazy\" decoding=\"async\" width=\"367\" height=\"550\" src=\"https:\/\/www.elturistatranquil.com\/wp-content\/uploads\/F25n-Peratallada.jpg\" class=\"attachment-large size-large wp-image-25083\" alt=\"Peratallada\" srcset=\"https:\/\/www.elturistatranquil.com\/wp-content\/uploads\/F25n-Peratallada.jpg 367w, https:\/\/www.elturistatranquil.com\/wp-content\/uploads\/F25n-Peratallada-151x226.jpg 151w\" sizes=\"(max-width: 367px) 100vw, 367px\" \/>\t\t\t\t\t\t\t\t\t\t\t\t\t\t\t<\/div>\n\t\t\t\t<\/div>\n\t\t\t\t\t<\/div>\n\t\t<\/div>\n\t\t\t\t\t<\/div>\n\t\t<\/section>\n\t\t\t\t<div class=\"elementor-element elementor-element-5f612731 elementor-widget elementor-widget-text-editor\" data-id=\"5f612731\" data-element_type=\"widget\" data-e-type=\"widget\" data-widget_type=\"text-editor.default\">\n\t\t\t\t<div class=\"elementor-widget-container\">\n\t\t\t\t\t\t\t\t\t<p>\u00a0<\/p><p>La casa una mica m\u00e9s de prop, amb finestres g\u00f2tiques.<\/p>\t\t\t\t\t\t\t\t<\/div>\n\t\t\t\t<\/div>\n\t\t\t\t<div class=\"elementor-element elementor-element-2b87363 elementor-widget elementor-widget-image\" data-id=\"2b87363\" data-element_type=\"widget\" data-e-type=\"widget\" data-widget_type=\"image.default\">\n\t\t\t\t<div class=\"elementor-widget-container\">\n\t\t\t\t\t\t\t\t\t\t\t\t<figure class=\"wp-caption\">\n\t\t\t\t\t\t\t\t\t\t<img loading=\"lazy\" decoding=\"async\" width=\"768\" height=\"512\" src=\"https:\/\/www.elturistatranquil.com\/wp-content\/uploads\/F26a-Peratallada.jpg\" class=\"attachment-large size-large wp-image-25097\" alt=\"Peratallada\" srcset=\"https:\/\/www.elturistatranquil.com\/wp-content\/uploads\/F26a-Peratallada.jpg 768w, https:\/\/www.elturistatranquil.com\/wp-content\/uploads\/F26a-Peratallada-339x226.jpg 339w\" sizes=\"(max-width: 768px) 100vw, 768px\" \/>\t\t\t\t\t\t\t\t\t\t\t<figcaption class=\"widget-image-caption wp-caption-text\"><\/figcaption>\n\t\t\t\t\t\t\t\t\t\t<\/figure>\n\t\t\t\t\t\t\t\t\t<\/div>\n\t\t\t\t<\/div>\n\t\t\t\t<div class=\"elementor-element elementor-element-5f735196 elementor-widget elementor-widget-text-editor\" data-id=\"5f735196\" data-element_type=\"widget\" data-e-type=\"widget\" data-widget_type=\"text-editor.default\">\n\t\t\t\t<div class=\"elementor-widget-container\">\n\t\t\t\t\t\t\t\t\t<p>L\u2019\u00faltima porta del carrer a l\u2019esquerra dona acc\u00e9s a un ampli terreny amb un gran mas. Aquest mas correspon a l\u2019edificaci\u00f3 adossada a la torre nord (<strong>D<\/strong>) que hav\u00edem vist en el recorregut exterior.<\/p>\t\t\t\t\t\t\t\t<\/div>\n\t\t\t\t<\/div>\n\t\t\t\t<div class=\"elementor-element elementor-element-2a6a1ccd elementor-widget elementor-widget-image\" data-id=\"2a6a1ccd\" data-element_type=\"widget\" data-e-type=\"widget\" data-widget_type=\"image.default\">\n\t\t\t\t<div class=\"elementor-widget-container\">\n\t\t\t\t\t\t\t\t\t\t\t\t<figure class=\"wp-caption\">\n\t\t\t\t\t\t\t\t\t\t<img loading=\"lazy\" decoding=\"async\" width=\"768\" height=\"512\" src=\"https:\/\/www.elturistatranquil.com\/wp-content\/uploads\/F26b-Peratallada.jpg\" class=\"attachment-large size-large wp-image-25099\" alt=\"Peratallada\" srcset=\"https:\/\/www.elturistatranquil.com\/wp-content\/uploads\/F26b-Peratallada.jpg 768w, https:\/\/www.elturistatranquil.com\/wp-content\/uploads\/F26b-Peratallada-339x226.jpg 339w\" sizes=\"(max-width: 768px) 100vw, 768px\" \/>\t\t\t\t\t\t\t\t\t\t\t<figcaption class=\"widget-image-caption wp-caption-text\"><\/figcaption>\n\t\t\t\t\t\t\t\t\t\t<\/figure>\n\t\t\t\t\t\t\t\t\t<\/div>\n\t\t\t\t<\/div>\n\t\t\t\t<div class=\"elementor-element elementor-element-6d3236a5 elementor-widget elementor-widget-image\" data-id=\"6d3236a5\" data-element_type=\"widget\" data-e-type=\"widget\" data-widget_type=\"image.default\">\n\t\t\t\t<div class=\"elementor-widget-container\">\n\t\t\t\t\t\t\t\t\t\t\t\t<figure class=\"wp-caption\">\n\t\t\t\t\t\t\t\t\t\t<img loading=\"lazy\" decoding=\"async\" width=\"768\" height=\"512\" src=\"https:\/\/www.elturistatranquil.com\/wp-content\/uploads\/F27-Peratallada.jpg\" class=\"attachment-large size-large wp-image-25101\" alt=\"Peratallada\" srcset=\"https:\/\/www.elturistatranquil.com\/wp-content\/uploads\/F27-Peratallada.jpg 768w, https:\/\/www.elturistatranquil.com\/wp-content\/uploads\/F27-Peratallada-339x226.jpg 339w\" sizes=\"(max-width: 768px) 100vw, 768px\" \/>\t\t\t\t\t\t\t\t\t\t\t<figcaption class=\"widget-image-caption wp-caption-text\"><\/figcaption>\n\t\t\t\t\t\t\t\t\t\t<\/figure>\n\t\t\t\t\t\t\t\t\t<\/div>\n\t\t\t\t<\/div>\n\t\t\t\t<div class=\"elementor-element elementor-element-79d21b1 elementor-widget elementor-widget-text-editor\" data-id=\"79d21b1\" data-element_type=\"widget\" data-e-type=\"widget\" data-widget_type=\"text-editor.default\">\n\t\t\t\t<div class=\"elementor-widget-container\">\n\t\t\t\t\t\t\t\t\t<p>Immediatament despr\u00e9s ens trobarem a la <strong>Porta de Santa Mar\u00eda<\/strong> (<strong>E<\/strong>).<\/p>\t\t\t\t\t\t\t\t<\/div>\n\t\t\t\t<\/div>\n\t\t\t\t<div class=\"elementor-element elementor-element-689469cc elementor-widget elementor-widget-image\" data-id=\"689469cc\" data-element_type=\"widget\" data-e-type=\"widget\" data-widget_type=\"image.default\">\n\t\t\t\t<div class=\"elementor-widget-container\">\n\t\t\t\t\t\t\t\t\t\t\t\t<figure class=\"wp-caption\">\n\t\t\t\t\t\t\t\t\t\t<img loading=\"lazy\" decoding=\"async\" width=\"768\" height=\"512\" src=\"https:\/\/www.elturistatranquil.com\/wp-content\/uploads\/F28-Peratallada.jpg\" class=\"attachment-large size-large wp-image-25103\" alt=\"Peratallada\" srcset=\"https:\/\/www.elturistatranquil.com\/wp-content\/uploads\/F28-Peratallada.jpg 768w, https:\/\/www.elturistatranquil.com\/wp-content\/uploads\/F28-Peratallada-339x226.jpg 339w\" sizes=\"(max-width: 768px) 100vw, 768px\" \/>\t\t\t\t\t\t\t\t\t\t\t<figcaption class=\"widget-image-caption wp-caption-text\"><\/figcaption>\n\t\t\t\t\t\t\t\t\t\t<\/figure>\n\t\t\t\t\t\t\t\t\t<\/div>\n\t\t\t\t<\/div>\n\t\t\t\t<div class=\"elementor-element elementor-element-2ec4229d elementor-widget elementor-widget-text-editor\" data-id=\"2ec4229d\" data-element_type=\"widget\" data-e-type=\"widget\" data-widget_type=\"text-editor.default\">\n\t\t\t\t<div class=\"elementor-widget-container\">\n\t\t\t\t\t\t\t\t\t<p>Porta que es mant\u00e9 com anys enrere. Com es veu, el carrers tenien mida de carro.<\/p>\t\t\t\t\t\t\t\t<\/div>\n\t\t\t\t<\/div>\n\t\t\t\t<div class=\"elementor-element elementor-element-832446e elementor-widget elementor-widget-image\" data-id=\"832446e\" data-element_type=\"widget\" data-e-type=\"widget\" data-widget_type=\"image.default\">\n\t\t\t\t<div class=\"elementor-widget-container\">\n\t\t\t\t\t\t\t\t\t\t\t\t<figure class=\"wp-caption\">\n\t\t\t\t\t\t\t\t\t\t<img loading=\"lazy\" decoding=\"async\" width=\"768\" height=\"512\" src=\"https:\/\/www.elturistatranquil.com\/wp-content\/uploads\/F29-Peratallada.jpg\" class=\"attachment-large size-large wp-image-25105\" alt=\"Peratallada\" srcset=\"https:\/\/www.elturistatranquil.com\/wp-content\/uploads\/F29-Peratallada.jpg 768w, https:\/\/www.elturistatranquil.com\/wp-content\/uploads\/F29-Peratallada-339x226.jpg 339w\" sizes=\"(max-width: 768px) 100vw, 768px\" \/>\t\t\t\t\t\t\t\t\t\t\t<figcaption class=\"widget-image-caption wp-caption-text\"><\/figcaption>\n\t\t\t\t\t\t\t\t\t\t<\/figure>\n\t\t\t\t\t\t\t\t\t<\/div>\n\t\t\t\t<\/div>\n\t\t\t\t<div class=\"elementor-element elementor-element-98887c elementor-widget elementor-widget-text-editor\" data-id=\"98887c\" data-element_type=\"widget\" data-e-type=\"widget\" data-widget_type=\"text-editor.default\">\n\t\t\t\t<div class=\"elementor-widget-container\">\n\t\t\t\t\t\t\t\t\t<p>La imatge de la Porta de Santa Maria des de l\u2019exterior ja ens \u00e9s familiar. Recordem que aquesta \u00e9s la \u00fanica porta que es conserva de tot el recinte.<\/p>\t\t\t\t\t\t\t\t<\/div>\n\t\t\t\t<\/div>\n\t\t\t\t<div class=\"elementor-element elementor-element-732a082b elementor-widget elementor-widget-image\" data-id=\"732a082b\" data-element_type=\"widget\" data-e-type=\"widget\" data-widget_type=\"image.default\">\n\t\t\t\t<div class=\"elementor-widget-container\">\n\t\t\t\t\t\t\t\t\t\t\t\t<figure class=\"wp-caption\">\n\t\t\t\t\t\t\t\t\t\t<img loading=\"lazy\" decoding=\"async\" width=\"768\" height=\"512\" src=\"https:\/\/www.elturistatranquil.com\/wp-content\/uploads\/F00-30-Peratallada.jpg\" class=\"attachment-large size-large wp-image-25020\" alt=\"Peratallada\" srcset=\"https:\/\/www.elturistatranquil.com\/wp-content\/uploads\/F00-30-Peratallada.jpg 768w, https:\/\/www.elturistatranquil.com\/wp-content\/uploads\/F00-30-Peratallada-339x226.jpg 339w\" sizes=\"(max-width: 768px) 100vw, 768px\" \/>\t\t\t\t\t\t\t\t\t\t\t<figcaption class=\"widget-image-caption wp-caption-text\"><\/figcaption>\n\t\t\t\t\t\t\t\t\t\t<\/figure>\n\t\t\t\t\t\t\t\t\t<\/div>\n\t\t\t\t<\/div>\n\t\t\t\t<div class=\"elementor-element elementor-element-21806268 elementor-widget elementor-widget-text-editor\" data-id=\"21806268\" data-element_type=\"widget\" data-e-type=\"widget\" data-widget_type=\"text-editor.default\">\n\t\t\t\t<div class=\"elementor-widget-container\">\n\t\t\t\t\t\t\t\t\t<p>En front de la porta, a l\u2019altre costat de la carretera, una gran masia, una gran explanada amb l\u2019aparcament nord (<strong>PK2<\/strong>) i, a uns dos-cents metres al fons, l\u2019Esgl\u00e9sia Parroquial.<\/p>\t\t\t\t\t\t\t\t<\/div>\n\t\t\t\t<\/div>\n\t\t\t\t<div class=\"elementor-element elementor-element-1a08edab elementor-widget elementor-widget-image\" data-id=\"1a08edab\" data-element_type=\"widget\" data-e-type=\"widget\" data-widget_type=\"image.default\">\n\t\t\t\t<div class=\"elementor-widget-container\">\n\t\t\t\t\t\t\t\t\t\t\t\t<figure class=\"wp-caption\">\n\t\t\t\t\t\t\t\t\t\t<img loading=\"lazy\" decoding=\"async\" width=\"768\" height=\"512\" src=\"https:\/\/www.elturistatranquil.com\/wp-content\/uploads\/F31-Peratallada.jpg\" class=\"attachment-large size-large wp-image-25107\" alt=\"Peratallada\" srcset=\"https:\/\/www.elturistatranquil.com\/wp-content\/uploads\/F31-Peratallada.jpg 768w, https:\/\/www.elturistatranquil.com\/wp-content\/uploads\/F31-Peratallada-339x226.jpg 339w\" sizes=\"(max-width: 768px) 100vw, 768px\" \/>\t\t\t\t\t\t\t\t\t\t\t<figcaption class=\"widget-image-caption wp-caption-text\"><\/figcaption>\n\t\t\t\t\t\t\t\t\t\t<\/figure>\n\t\t\t\t\t\t\t\t\t<\/div>\n\t\t\t\t<\/div>\n\t\t\t\t<div class=\"elementor-element elementor-element-5493949f elementor-widget elementor-widget-menu-anchor\" data-id=\"5493949f\" data-element_type=\"widget\" data-e-type=\"widget\" data-widget_type=\"menu-anchor.default\">\n\t\t\t\t<div class=\"elementor-widget-container\">\n\t\t\t\t\t\t\t<div class=\"elementor-menu-anchor\" id=\"c4012\"><\/div>\n\t\t\t\t\t\t<\/div>\n\t\t\t\t<\/div>\n\t\t\t\t<div class=\"elementor-element elementor-element-2afcf3f6 elementor-widget elementor-widget-image\" data-id=\"2afcf3f6\" data-element_type=\"widget\" data-e-type=\"widget\" data-widget_type=\"image.default\">\n\t\t\t\t<div class=\"elementor-widget-container\">\n\t\t\t\t\t\t\t\t\t\t\t\t<figure class=\"wp-caption\">\n\t\t\t\t\t\t\t\t\t\t<img loading=\"lazy\" decoding=\"async\" width=\"768\" height=\"512\" src=\"https:\/\/www.elturistatranquil.com\/wp-content\/uploads\/F32-Peratallada.jpg\" class=\"attachment-large size-large wp-image-25109\" alt=\"Peratallada\" srcset=\"https:\/\/www.elturistatranquil.com\/wp-content\/uploads\/F32-Peratallada.jpg 768w, https:\/\/www.elturistatranquil.com\/wp-content\/uploads\/F32-Peratallada-339x226.jpg 339w\" sizes=\"(max-width: 768px) 100vw, 768px\" \/>\t\t\t\t\t\t\t\t\t\t\t<figcaption class=\"widget-image-caption wp-caption-text\"><\/figcaption>\n\t\t\t\t\t\t\t\t\t\t<\/figure>\n\t\t\t\t\t\t\t\t\t<\/div>\n\t\t\t\t<\/div>\n\t\t\t\t<div class=\"elementor-element elementor-element-3ceb1f22 elementor-widget elementor-widget-heading\" data-id=\"3ceb1f22\" data-element_type=\"widget\" data-e-type=\"widget\" data-widget_type=\"heading.default\">\n\t\t\t\t<div class=\"elementor-widget-container\">\n\t\t\t\t\t<h4 class=\"elementor-heading-title elementor-size-default\">Esgl\u00e9sia de Sant Esteve de Peratallada<\/h4>\t\t\t\t<\/div>\n\t\t\t\t<\/div>\n\t\t\t\t<div class=\"elementor-element elementor-element-d05422a elementor-widget elementor-widget-text-editor\" data-id=\"d05422a\" data-element_type=\"widget\" data-e-type=\"widget\" data-widget_type=\"text-editor.default\">\n\t\t\t\t<div class=\"elementor-widget-container\">\n\t\t\t\t\t\t\t\t\t<p>El que em sorpr\u00e8n, i enlloc he trobar referencies, \u00e9s que l\u2019esgl\u00e9sia no estigui a l\u2019interior del recinte murat. Usualment acompanya al castell en la seva presencia de poder sobre els pobladors, mentre aquesta la situessin dos-cents metres allunyada de la muralla.<\/p><p>L\u2019<strong>Esgl\u00e9sia parroquial de Sant Esteve<\/strong> (<strong>2<\/strong>), obra de finals del rom\u00e0nic, dels segles XII i XIII, composta de dues naus amb absis semicirculars, tot i que degu\u00e9 planificar-se com una esgl\u00e9sia de tres naus.<\/p>\t\t\t\t\t\t\t\t<\/div>\n\t\t\t\t<\/div>\n\t\t\t\t<div class=\"elementor-element elementor-element-49cf8015 elementor-widget elementor-widget-image\" data-id=\"49cf8015\" data-element_type=\"widget\" data-e-type=\"widget\" data-widget_type=\"image.default\">\n\t\t\t\t<div class=\"elementor-widget-container\">\n\t\t\t\t\t\t\t\t\t\t\t\t<figure class=\"wp-caption\">\n\t\t\t\t\t\t\t\t\t\t<img loading=\"lazy\" decoding=\"async\" width=\"768\" height=\"228\" src=\"https:\/\/www.elturistatranquil.com\/wp-content\/uploads\/F33-Peratallada.jpg\" class=\"attachment-large size-large wp-image-25111\" alt=\"Peratallada\" srcset=\"https:\/\/www.elturistatranquil.com\/wp-content\/uploads\/F33-Peratallada.jpg 768w, https:\/\/www.elturistatranquil.com\/wp-content\/uploads\/F33-Peratallada-339x101.jpg 339w\" sizes=\"(max-width: 768px) 100vw, 768px\" \/>\t\t\t\t\t\t\t\t\t\t\t<figcaption class=\"widget-image-caption wp-caption-text\"><\/figcaption>\n\t\t\t\t\t\t\t\t\t\t<\/figure>\n\t\t\t\t\t\t\t\t\t<\/div>\n\t\t\t\t<\/div>\n\t\t\t\t<div class=\"elementor-element elementor-element-4a5a0066 elementor-widget elementor-widget-image\" data-id=\"4a5a0066\" data-element_type=\"widget\" data-e-type=\"widget\" data-widget_type=\"image.default\">\n\t\t\t\t<div class=\"elementor-widget-container\">\n\t\t\t\t\t\t\t\t\t\t\t\t<figure class=\"wp-caption\">\n\t\t\t\t\t\t\t\t\t\t<img loading=\"lazy\" decoding=\"async\" width=\"768\" height=\"512\" src=\"https:\/\/www.elturistatranquil.com\/wp-content\/uploads\/F34-Peratallada.jpg\" class=\"attachment-large size-large wp-image-25113\" alt=\"Peratallada\" srcset=\"https:\/\/www.elturistatranquil.com\/wp-content\/uploads\/F34-Peratallada.jpg 768w, https:\/\/www.elturistatranquil.com\/wp-content\/uploads\/F34-Peratallada-339x226.jpg 339w\" sizes=\"(max-width: 768px) 100vw, 768px\" \/>\t\t\t\t\t\t\t\t\t\t\t<figcaption class=\"widget-image-caption wp-caption-text\"><\/figcaption>\n\t\t\t\t\t\t\t\t\t\t<\/figure>\n\t\t\t\t\t\t\t\t\t<\/div>\n\t\t\t\t<\/div>\n\t\t\t\t<div class=\"elementor-element elementor-element-2a2904d0 elementor-widget elementor-widget-text-editor\" data-id=\"2a2904d0\" data-element_type=\"widget\" data-e-type=\"widget\" data-widget_type=\"text-editor.default\">\n\t\t\t\t<div class=\"elementor-widget-container\">\n\t\t\t\t\t\t\t\t\t<p>Al frontis, orientat a ponent, com cal, hi ha una porta de gran dovellatge amb motllurats, un roset\u00f3 i una espadanya que ocupa tota la fa\u00e7ana, amb quatre arcades apuntades, de dimensions diferents les dues de cada costat, i una capelleta a la part central. Les diferencies de materials fan veure que s\u2019hi ha produ\u00eft diverses actuacions a llarg dels segles.<\/p>\t\t\t\t\t\t\t\t<\/div>\n\t\t\t\t<\/div>\n\t\t\t\t<div class=\"elementor-element elementor-element-43167ca9 elementor-widget elementor-widget-image\" data-id=\"43167ca9\" data-element_type=\"widget\" data-e-type=\"widget\" data-widget_type=\"image.default\">\n\t\t\t\t<div class=\"elementor-widget-container\">\n\t\t\t\t\t\t\t\t\t\t\t\t<figure class=\"wp-caption\">\n\t\t\t\t\t\t\t\t\t\t<img loading=\"lazy\" decoding=\"async\" width=\"768\" height=\"512\" src=\"https:\/\/www.elturistatranquil.com\/wp-content\/uploads\/F35-Peratallada.jpg\" class=\"attachment-large size-large wp-image-25115\" alt=\"Peratallada\" srcset=\"https:\/\/www.elturistatranquil.com\/wp-content\/uploads\/F35-Peratallada.jpg 768w, https:\/\/www.elturistatranquil.com\/wp-content\/uploads\/F35-Peratallada-339x226.jpg 339w\" sizes=\"(max-width: 768px) 100vw, 768px\" \/>\t\t\t\t\t\t\t\t\t\t\t<figcaption class=\"widget-image-caption wp-caption-text\"><\/figcaption>\n\t\t\t\t\t\t\t\t\t\t<\/figure>\n\t\t\t\t\t\t\t\t\t<\/div>\n\t\t\t\t<\/div>\n\t\t\t\t<div class=\"elementor-element elementor-element-74bf038 elementor-widget elementor-widget-image\" data-id=\"74bf038\" data-element_type=\"widget\" data-e-type=\"widget\" data-widget_type=\"image.default\">\n\t\t\t\t<div class=\"elementor-widget-container\">\n\t\t\t\t\t\t\t\t\t\t\t\t<figure class=\"wp-caption\">\n\t\t\t\t\t\t\t\t\t\t<img loading=\"lazy\" decoding=\"async\" width=\"400\" height=\"550\" src=\"https:\/\/www.elturistatranquil.com\/wp-content\/uploads\/F36-Peratallada.jpg\" class=\"attachment-large size-large wp-image-25117\" alt=\"Peratallada\" srcset=\"https:\/\/www.elturistatranquil.com\/wp-content\/uploads\/F36-Peratallada.jpg 400w, https:\/\/www.elturistatranquil.com\/wp-content\/uploads\/F36-Peratallada-164x226.jpg 164w\" sizes=\"(max-width: 400px) 100vw, 400px\" \/>\t\t\t\t\t\t\t\t\t\t\t<figcaption class=\"widget-image-caption wp-caption-text\"><\/figcaption>\n\t\t\t\t\t\t\t\t\t\t<\/figure>\n\t\t\t\t\t\t\t\t\t<\/div>\n\t\t\t\t<\/div>\n\t\t\t\t<div class=\"elementor-element elementor-element-76136cac elementor-widget elementor-widget-text-editor\" data-id=\"76136cac\" data-element_type=\"widget\" data-e-type=\"widget\" data-widget_type=\"text-editor.default\">\n\t\t\t\t<div class=\"elementor-widget-container\">\n\t\t\t\t\t\t\t\t\t<p>Va estar sotmesa a importants reformes al llarg dels segles XIV-XV, com la construcci\u00f3 d\u2019una torre de defensa sobre un absis.<\/p><p>Si entrem respectuosament per la porta lateral dreta d\u2019acc\u00e9s al cementiri, podrem dirigir-nos\u00a0 als absis i observar la torre de defensa afegida.<\/p>\t\t\t\t\t\t\t\t<\/div>\n\t\t\t\t<\/div>\n\t\t\t\t<div class=\"elementor-element elementor-element-76e9f8f4 elementor-widget elementor-widget-image\" data-id=\"76e9f8f4\" data-element_type=\"widget\" data-e-type=\"widget\" data-widget_type=\"image.default\">\n\t\t\t\t<div class=\"elementor-widget-container\">\n\t\t\t\t\t\t\t\t\t\t\t\t<figure class=\"wp-caption\">\n\t\t\t\t\t\t\t\t\t\t<img loading=\"lazy\" decoding=\"async\" width=\"768\" height=\"512\" src=\"https:\/\/www.elturistatranquil.com\/wp-content\/uploads\/F37-Peratallada.jpg\" class=\"attachment-large size-large wp-image-25119\" alt=\"Peratallada\" srcset=\"https:\/\/www.elturistatranquil.com\/wp-content\/uploads\/F37-Peratallada.jpg 768w, https:\/\/www.elturistatranquil.com\/wp-content\/uploads\/F37-Peratallada-339x226.jpg 339w\" sizes=\"(max-width: 768px) 100vw, 768px\" \/>\t\t\t\t\t\t\t\t\t\t\t<figcaption class=\"widget-image-caption wp-caption-text\"><\/figcaption>\n\t\t\t\t\t\t\t\t\t\t<\/figure>\n\t\t\t\t\t\t\t\t\t<\/div>\n\t\t\t\t<\/div>\n\t\t\t\t<div class=\"elementor-element elementor-element-54cfe2ea elementor-widget elementor-widget-text-editor\" data-id=\"54cfe2ea\" data-element_type=\"widget\" data-e-type=\"widget\" data-widget_type=\"text-editor.default\">\n\t\t\t\t<div class=\"elementor-widget-container\">\n\t\t\t\t\t\t\t\t\t<p>La torre de defensa s\u2019enlaira seguint la base semicircular de l\u2019absis de la nau central, sobre el que es recolza.<\/p>\t\t\t\t\t\t\t\t<\/div>\n\t\t\t\t<\/div>\n\t\t\t\t<div class=\"elementor-element elementor-element-45f07473 elementor-widget elementor-widget-image\" data-id=\"45f07473\" data-element_type=\"widget\" data-e-type=\"widget\" data-widget_type=\"image.default\">\n\t\t\t\t<div class=\"elementor-widget-container\">\n\t\t\t\t\t\t\t\t\t\t\t\t<figure class=\"wp-caption\">\n\t\t\t\t\t\t\t\t\t\t<img loading=\"lazy\" decoding=\"async\" width=\"413\" height=\"550\" src=\"https:\/\/www.elturistatranquil.com\/wp-content\/uploads\/F38-Peratallada.jpg\" class=\"attachment-large size-large wp-image-25121\" alt=\"Peratallada\" srcset=\"https:\/\/www.elturistatranquil.com\/wp-content\/uploads\/F38-Peratallada.jpg 413w, https:\/\/www.elturistatranquil.com\/wp-content\/uploads\/F38-Peratallada-170x226.jpg 170w\" sizes=\"(max-width: 413px) 100vw, 413px\" \/>\t\t\t\t\t\t\t\t\t\t\t<figcaption class=\"widget-image-caption wp-caption-text\"><\/figcaption>\n\t\t\t\t\t\t\t\t\t\t<\/figure>\n\t\t\t\t\t\t\t\t\t<\/div>\n\t\t\t\t<\/div>\n\t\t\t\t<div class=\"elementor-element elementor-element-72573d8a elementor-widget elementor-widget-image\" data-id=\"72573d8a\" data-element_type=\"widget\" data-e-type=\"widget\" data-widget_type=\"image.default\">\n\t\t\t\t<div class=\"elementor-widget-container\">\n\t\t\t\t\t\t\t\t\t\t\t\t<figure class=\"wp-caption\">\n\t\t\t\t\t\t\t\t\t\t<img loading=\"lazy\" decoding=\"async\" width=\"768\" height=\"512\" src=\"https:\/\/www.elturistatranquil.com\/wp-content\/uploads\/F39-Peratallada.jpg\" class=\"attachment-large size-large wp-image-25123\" alt=\"Peratallada\" srcset=\"https:\/\/www.elturistatranquil.com\/wp-content\/uploads\/F39-Peratallada.jpg 768w, https:\/\/www.elturistatranquil.com\/wp-content\/uploads\/F39-Peratallada-339x226.jpg 339w\" sizes=\"(max-width: 768px) 100vw, 768px\" \/>\t\t\t\t\t\t\t\t\t\t\t<figcaption class=\"widget-image-caption wp-caption-text\"><\/figcaption>\n\t\t\t\t\t\t\t\t\t\t<\/figure>\n\t\t\t\t\t\t\t\t\t<\/div>\n\t\t\t\t<\/div>\n\t\t\t\t<div class=\"elementor-element elementor-element-10485889 elementor-widget elementor-widget-text-editor\" data-id=\"10485889\" data-element_type=\"widget\" data-e-type=\"widget\" data-widget_type=\"text-editor.default\">\n\t\t\t\t<div class=\"elementor-widget-container\">\n\t\t\t\t\t\t\t\t\t<p>La coberta de la nau central es de volta de can\u00f3 apuntada.<\/p><p>Entre els segles XVI i XVIII s\u2019hi va annexar una tercera nau a la banda oest, amb diverses capelletes i la sagristia al lloc de l\u2019absis.<\/p>\t\t\t\t\t\t\t\t<\/div>\n\t\t\t\t<\/div>\n\t\t\t\t<div class=\"elementor-element elementor-element-ed496cb elementor-widget elementor-widget-image\" data-id=\"ed496cb\" data-element_type=\"widget\" data-e-type=\"widget\" data-widget_type=\"image.default\">\n\t\t\t\t<div class=\"elementor-widget-container\">\n\t\t\t\t\t\t\t\t\t\t\t\t<figure class=\"wp-caption\">\n\t\t\t\t\t\t\t\t\t\t<img loading=\"lazy\" decoding=\"async\" width=\"768\" height=\"512\" src=\"https:\/\/www.elturistatranquil.com\/wp-content\/uploads\/F40-Peratallada.jpg\" class=\"attachment-large size-large wp-image-25125\" alt=\"Peratallada\" srcset=\"https:\/\/www.elturistatranquil.com\/wp-content\/uploads\/F40-Peratallada.jpg 768w, https:\/\/www.elturistatranquil.com\/wp-content\/uploads\/F40-Peratallada-339x226.jpg 339w\" sizes=\"(max-width: 768px) 100vw, 768px\" \/>\t\t\t\t\t\t\t\t\t\t\t<figcaption class=\"widget-image-caption wp-caption-text\"><\/figcaption>\n\t\t\t\t\t\t\t\t\t\t<\/figure>\n\t\t\t\t\t\t\t\t\t<\/div>\n\t\t\t\t<\/div>\n\t\t\t\t<div class=\"elementor-element elementor-element-278c8de1 elementor-widget elementor-widget-text-editor\" data-id=\"278c8de1\" data-element_type=\"widget\" data-e-type=\"widget\" data-widget_type=\"text-editor.default\">\n\t\t\t\t<div class=\"elementor-widget-container\">\n\t\t\t\t\t\t\t\t\t<p>Des de l\u2019Esgl\u00e9sia disposem d\u2019una vista de conjunt sobre la cara nord de Peratallada, on sobresurten la torre de l\u2019Homenatges del Castell i la torre de les Hores.<\/p>\t\t\t\t\t\t\t\t<\/div>\n\t\t\t\t<\/div>\n\t\t\t\t<div class=\"elementor-element elementor-element-1c0dd803 elementor-widget elementor-widget-menu-anchor\" data-id=\"1c0dd803\" data-element_type=\"widget\" data-e-type=\"widget\" data-widget_type=\"menu-anchor.default\">\n\t\t\t\t<div class=\"elementor-widget-container\">\n\t\t\t\t\t\t\t<div class=\"elementor-menu-anchor\" id=\"c4013\"><\/div>\n\t\t\t\t\t\t<\/div>\n\t\t\t\t<\/div>\n\t\t\t\t<div class=\"elementor-element elementor-element-5efe03f0 elementor-widget elementor-widget-image\" data-id=\"5efe03f0\" data-element_type=\"widget\" data-e-type=\"widget\" data-widget_type=\"image.default\">\n\t\t\t\t<div class=\"elementor-widget-container\">\n\t\t\t\t\t\t\t\t\t\t\t\t<figure class=\"wp-caption\">\n\t\t\t\t\t\t\t\t\t\t<img loading=\"lazy\" decoding=\"async\" width=\"768\" height=\"512\" src=\"https:\/\/www.elturistatranquil.com\/wp-content\/uploads\/F42-Peratallada.jpg\" class=\"attachment-large size-large wp-image-25127\" alt=\"Peratallada\" srcset=\"https:\/\/www.elturistatranquil.com\/wp-content\/uploads\/F42-Peratallada.jpg 768w, https:\/\/www.elturistatranquil.com\/wp-content\/uploads\/F42-Peratallada-339x226.jpg 339w\" sizes=\"(max-width: 768px) 100vw, 768px\" \/>\t\t\t\t\t\t\t\t\t\t\t<figcaption class=\"widget-image-caption wp-caption-text\"><\/figcaption>\n\t\t\t\t\t\t\t\t\t\t<\/figure>\n\t\t\t\t\t\t\t\t\t<\/div>\n\t\t\t\t<\/div>\n\t\t\t\t<div class=\"elementor-element elementor-element-9aee6e8 elementor-widget elementor-widget-heading\" data-id=\"9aee6e8\" data-element_type=\"widget\" data-e-type=\"widget\" data-widget_type=\"heading.default\">\n\t\t\t\t<div class=\"elementor-widget-container\">\n\t\t\t\t\t<h4 class=\"elementor-heading-title elementor-size-default\">Carrer Hospital Perat<\/h4>\t\t\t\t<\/div>\n\t\t\t\t<\/div>\n\t\t\t\t<div class=\"elementor-element elementor-element-6a92e56d elementor-widget elementor-widget-text-editor\" data-id=\"6a92e56d\" data-element_type=\"widget\" data-e-type=\"widget\" data-widget_type=\"text-editor.default\">\n\t\t\t\t<div class=\"elementor-widget-container\">\n\t\t\t\t\t\t\t\t\t<p>Retorno a l\u2019interior de la vila pel mateix carrer de la Roca fins la segona cantonada, en el punt on havia passat per sota del pont sobre el carrer de la Roca, i a\u00a0 l\u2019esquerra prenc al <strong>carrer Hospital Perat<\/strong> (<strong>3<\/strong>).<\/p>\t\t\t\t\t\t\t\t<\/div>\n\t\t\t\t<\/div>\n\t\t\t\t<div class=\"elementor-element elementor-element-70e95d24 elementor-widget elementor-widget-image\" data-id=\"70e95d24\" data-element_type=\"widget\" data-e-type=\"widget\" data-widget_type=\"image.default\">\n\t\t\t\t<div class=\"elementor-widget-container\">\n\t\t\t\t\t\t\t\t\t\t\t\t<figure class=\"wp-caption\">\n\t\t\t\t\t\t\t\t\t\t<img loading=\"lazy\" decoding=\"async\" width=\"768\" height=\"512\" src=\"https:\/\/www.elturistatranquil.com\/wp-content\/uploads\/F43-Peratallada.jpg\" class=\"attachment-large size-large wp-image-25129\" alt=\"Peratallada\" srcset=\"https:\/\/www.elturistatranquil.com\/wp-content\/uploads\/F43-Peratallada.jpg 768w, https:\/\/www.elturistatranquil.com\/wp-content\/uploads\/F43-Peratallada-339x226.jpg 339w\" sizes=\"(max-width: 768px) 100vw, 768px\" \/>\t\t\t\t\t\t\t\t\t\t\t<figcaption class=\"widget-image-caption wp-caption-text\"><\/figcaption>\n\t\t\t\t\t\t\t\t\t\t<\/figure>\n\t\t\t\t\t\t\t\t\t<\/div>\n\t\t\t\t<\/div>\n\t\t\t\t<div class=\"elementor-element elementor-element-72daf9d1 elementor-widget elementor-widget-text-editor\" data-id=\"72daf9d1\" data-element_type=\"widget\" data-e-type=\"widget\" data-widget_type=\"text-editor.default\">\n\t\t\t\t<div class=\"elementor-widget-container\">\n\t\t\t\t\t\t\t\t\t<p>A mig carrer Hospital Perat es pot admirar una de les cases-pont de les que parlava al principi com a pr\u00f2pies de l\u2019arquitectura popular d\u2019aquests pobles.<\/p>\t\t\t\t\t\t\t\t<\/div>\n\t\t\t\t<\/div>\n\t\t\t\t<div class=\"elementor-element elementor-element-155e32b3 elementor-widget elementor-widget-image\" data-id=\"155e32b3\" data-element_type=\"widget\" data-e-type=\"widget\" data-widget_type=\"image.default\">\n\t\t\t\t<div class=\"elementor-widget-container\">\n\t\t\t\t\t\t\t\t\t\t\t\t<figure class=\"wp-caption\">\n\t\t\t\t\t\t\t\t\t\t<img loading=\"lazy\" decoding=\"async\" width=\"768\" height=\"512\" src=\"https:\/\/www.elturistatranquil.com\/wp-content\/uploads\/F44-Peratallada.jpg\" class=\"attachment-large size-large wp-image-25131\" alt=\"Peratallada\" srcset=\"https:\/\/www.elturistatranquil.com\/wp-content\/uploads\/F44-Peratallada.jpg 768w, https:\/\/www.elturistatranquil.com\/wp-content\/uploads\/F44-Peratallada-339x226.jpg 339w\" sizes=\"(max-width: 768px) 100vw, 768px\" \/>\t\t\t\t\t\t\t\t\t\t\t<figcaption class=\"widget-image-caption wp-caption-text\"><\/figcaption>\n\t\t\t\t\t\t\t\t\t\t<\/figure>\n\t\t\t\t\t\t\t\t\t<\/div>\n\t\t\t\t<\/div>\n\t\t\t\t<div class=\"elementor-element elementor-element-25099bb6 elementor-widget elementor-widget-image\" data-id=\"25099bb6\" data-element_type=\"widget\" data-e-type=\"widget\" data-widget_type=\"image.default\">\n\t\t\t\t<div class=\"elementor-widget-container\">\n\t\t\t\t\t\t\t\t\t\t\t\t<figure class=\"wp-caption\">\n\t\t\t\t\t\t\t\t\t\t<img loading=\"lazy\" decoding=\"async\" width=\"768\" height=\"512\" src=\"https:\/\/www.elturistatranquil.com\/wp-content\/uploads\/F45-Peratallada.jpg\" class=\"attachment-large size-large wp-image-25133\" alt=\"Peratallada\" srcset=\"https:\/\/www.elturistatranquil.com\/wp-content\/uploads\/F45-Peratallada.jpg 768w, https:\/\/www.elturistatranquil.com\/wp-content\/uploads\/F45-Peratallada-339x226.jpg 339w\" sizes=\"(max-width: 768px) 100vw, 768px\" \/>\t\t\t\t\t\t\t\t\t\t\t<figcaption class=\"widget-image-caption wp-caption-text\"><\/figcaption>\n\t\t\t\t\t\t\t\t\t\t<\/figure>\n\t\t\t\t\t\t\t\t\t<\/div>\n\t\t\t\t<\/div>\n\t\t\t\t<div class=\"elementor-element elementor-element-f47fd1c elementor-widget elementor-widget-text-editor\" data-id=\"f47fd1c\" data-element_type=\"widget\" data-e-type=\"widget\" data-widget_type=\"text-editor.default\">\n\t\t\t\t<div class=\"elementor-widget-container\">\n\t\t\t\t\t\t\t\t\t<p>Al fons unes cases amb porxo d\u2019entrada ,convenientment posades al dia.<\/p>\t\t\t\t\t\t\t\t<\/div>\n\t\t\t\t<\/div>\n\t\t\t\t<div class=\"elementor-element elementor-element-4829c40f elementor-widget elementor-widget-menu-anchor\" data-id=\"4829c40f\" data-element_type=\"widget\" data-e-type=\"widget\" data-widget_type=\"menu-anchor.default\">\n\t\t\t\t<div class=\"elementor-widget-container\">\n\t\t\t\t\t\t\t<div class=\"elementor-menu-anchor\" id=\"c4014\"><\/div>\n\t\t\t\t\t\t<\/div>\n\t\t\t\t<\/div>\n\t\t\t\t<div class=\"elementor-element elementor-element-77a0d993 elementor-widget elementor-widget-image\" data-id=\"77a0d993\" data-element_type=\"widget\" data-e-type=\"widget\" data-widget_type=\"image.default\">\n\t\t\t\t<div class=\"elementor-widget-container\">\n\t\t\t\t\t\t\t\t\t\t\t\t<figure class=\"wp-caption\">\n\t\t\t\t\t\t\t\t\t\t<img loading=\"lazy\" decoding=\"async\" width=\"768\" height=\"512\" src=\"https:\/\/www.elturistatranquil.com\/wp-content\/uploads\/F46-Peratallada.jpg\" class=\"attachment-large size-large wp-image-25135\" alt=\"Peratallada\" srcset=\"https:\/\/www.elturistatranquil.com\/wp-content\/uploads\/F46-Peratallada.jpg 768w, https:\/\/www.elturistatranquil.com\/wp-content\/uploads\/F46-Peratallada-339x226.jpg 339w\" sizes=\"(max-width: 768px) 100vw, 768px\" \/>\t\t\t\t\t\t\t\t\t\t\t<figcaption class=\"widget-image-caption wp-caption-text\"><\/figcaption>\n\t\t\t\t\t\t\t\t\t\t<\/figure>\n\t\t\t\t\t\t\t\t\t<\/div>\n\t\t\t\t<\/div>\n\t\t\t\t<div class=\"elementor-element elementor-element-e0a4f5 elementor-widget elementor-widget-heading\" data-id=\"e0a4f5\" data-element_type=\"widget\" data-e-type=\"widget\" data-widget_type=\"heading.default\">\n\t\t\t\t<div class=\"elementor-widget-container\">\n\t\t\t\t\t<h4 class=\"elementor-heading-title elementor-size-default\">Pla\u00e7a de l\u2019Oli<\/h4>\t\t\t\t<\/div>\n\t\t\t\t<\/div>\n\t\t\t\t<div class=\"elementor-element elementor-element-11a3e8ea elementor-widget elementor-widget-text-editor\" data-id=\"11a3e8ea\" data-element_type=\"widget\" data-e-type=\"widget\" data-widget_type=\"text-editor.default\">\n\t\t\t\t<div class=\"elementor-widget-container\">\n\t\t\t\t\t\t\t\t\t<p>En aquest punt, el carrer que conflueix per l\u2019esquerra port a una interesant <strong>pla\u00e7a de l\u2019Oli<\/strong> (<strong>4<\/strong>).<\/p><p>Hi podem observar una construcci\u00f3 del segle XIX amb els esgrafiats que van estar de moda per tot Catalunya en aquells temps, en aquest cas imitant carreus.<\/p>\t\t\t\t\t\t\t\t<\/div>\n\t\t\t\t<\/div>\n\t\t\t\t<div class=\"elementor-element elementor-element-7ae64a7e elementor-widget elementor-widget-image\" data-id=\"7ae64a7e\" data-element_type=\"widget\" data-e-type=\"widget\" data-widget_type=\"image.default\">\n\t\t\t\t<div class=\"elementor-widget-container\">\n\t\t\t\t\t\t\t\t\t\t\t\t<figure class=\"wp-caption\">\n\t\t\t\t\t\t\t\t\t\t<img loading=\"lazy\" decoding=\"async\" width=\"768\" height=\"512\" src=\"https:\/\/www.elturistatranquil.com\/wp-content\/uploads\/F47-Peratallada.jpg\" class=\"attachment-large size-large wp-image-25137\" alt=\"Peratallada\" srcset=\"https:\/\/www.elturistatranquil.com\/wp-content\/uploads\/F47-Peratallada.jpg 768w, https:\/\/www.elturistatranquil.com\/wp-content\/uploads\/F47-Peratallada-339x226.jpg 339w\" sizes=\"(max-width: 768px) 100vw, 768px\" \/>\t\t\t\t\t\t\t\t\t\t\t<figcaption class=\"widget-image-caption wp-caption-text\"><\/figcaption>\n\t\t\t\t\t\t\t\t\t\t<\/figure>\n\t\t\t\t\t\t\t\t\t<\/div>\n\t\t\t\t<\/div>\n\t\t\t\t<div class=\"elementor-element elementor-element-d364be9 elementor-widget elementor-widget-text-editor\" data-id=\"d364be9\" data-element_type=\"widget\" data-e-type=\"widget\" data-widget_type=\"text-editor.default\">\n\t\t\t\t<div class=\"elementor-widget-container\">\n\t\t\t\t\t\t\t\t\t<p>El cultiu de l&#8217;olivera, juntament amb la vinya, va ser molt important per a la pagesia de Peratallada. En aquesta pla\u00e7a s&#8217;han documentat les restes d&#8217;un dels trulls (alm\u00e0sseres) comunitaris on s&#8217;elaborava l&#8217;oli. No nom\u00e9s per a consum local, sin\u00f3 tamb\u00e9 per ser comercialitzat.<\/p>\t\t\t\t\t\t\t\t<\/div>\n\t\t\t\t<\/div>\n\t\t\t\t<div class=\"elementor-element elementor-element-495f253a elementor-widget elementor-widget-image\" data-id=\"495f253a\" data-element_type=\"widget\" data-e-type=\"widget\" data-widget_type=\"image.default\">\n\t\t\t\t<div class=\"elementor-widget-container\">\n\t\t\t\t\t\t\t\t\t\t\t\t<figure class=\"wp-caption\">\n\t\t\t\t\t\t\t\t\t\t<img loading=\"lazy\" decoding=\"async\" width=\"768\" height=\"512\" src=\"https:\/\/www.elturistatranquil.com\/wp-content\/uploads\/F48-Peratallada.jpg\" class=\"attachment-large size-large wp-image-25139\" alt=\"Peratallada\" srcset=\"https:\/\/www.elturistatranquil.com\/wp-content\/uploads\/F48-Peratallada.jpg 768w, https:\/\/www.elturistatranquil.com\/wp-content\/uploads\/F48-Peratallada-339x226.jpg 339w\" sizes=\"(max-width: 768px) 100vw, 768px\" \/>\t\t\t\t\t\t\t\t\t\t\t<figcaption class=\"widget-image-caption wp-caption-text\"><\/figcaption>\n\t\t\t\t\t\t\t\t\t\t<\/figure>\n\t\t\t\t\t\t\t\t\t<\/div>\n\t\t\t\t<\/div>\n\t\t\t\t<div class=\"elementor-element elementor-element-7a284f00 elementor-widget elementor-widget-image\" data-id=\"7a284f00\" data-element_type=\"widget\" data-e-type=\"widget\" data-widget_type=\"image.default\">\n\t\t\t\t<div class=\"elementor-widget-container\">\n\t\t\t\t\t\t\t\t\t\t\t\t<figure class=\"wp-caption\">\n\t\t\t\t\t\t\t\t\t\t<img loading=\"lazy\" decoding=\"async\" width=\"768\" height=\"512\" src=\"https:\/\/www.elturistatranquil.com\/wp-content\/uploads\/F49-Peratallada.jpg\" class=\"attachment-large size-large wp-image-25141\" alt=\"Peratallada\" srcset=\"https:\/\/www.elturistatranquil.com\/wp-content\/uploads\/F49-Peratallada.jpg 768w, https:\/\/www.elturistatranquil.com\/wp-content\/uploads\/F49-Peratallada-339x226.jpg 339w\" sizes=\"(max-width: 768px) 100vw, 768px\" \/>\t\t\t\t\t\t\t\t\t\t\t<figcaption class=\"widget-image-caption wp-caption-text\"><\/figcaption>\n\t\t\t\t\t\t\t\t\t\t<\/figure>\n\t\t\t\t\t\t\t\t\t<\/div>\n\t\t\t\t<\/div>\n\t\t\t\t<div class=\"elementor-element elementor-element-3d87de68 elementor-widget elementor-widget-menu-anchor\" data-id=\"3d87de68\" data-element_type=\"widget\" data-e-type=\"widget\" data-widget_type=\"menu-anchor.default\">\n\t\t\t\t<div class=\"elementor-widget-container\">\n\t\t\t\t\t\t\t<div class=\"elementor-menu-anchor\" id=\"c4015\"><\/div>\n\t\t\t\t\t\t<\/div>\n\t\t\t\t<\/div>\n\t\t\t\t<div class=\"elementor-element elementor-element-60dcf064 elementor-widget elementor-widget-text-editor\" data-id=\"60dcf064\" data-element_type=\"widget\" data-e-type=\"widget\" data-widget_type=\"text-editor.default\">\n\t\t\t\t<div class=\"elementor-widget-container\">\n\t\t\t\t\t\t\t\t\t<p>Com \u00e9s una pla\u00e7a tancada cal retornar per continuar ara pel carrer Major.<\/p>\t\t\t\t\t\t\t\t<\/div>\n\t\t\t\t<\/div>\n\t\t\t\t<div class=\"elementor-element elementor-element-427621e5 elementor-widget elementor-widget-heading\" data-id=\"427621e5\" data-element_type=\"widget\" data-e-type=\"widget\" data-widget_type=\"heading.default\">\n\t\t\t\t<div class=\"elementor-widget-container\">\n\t\t\t\t\t<h4 class=\"elementor-heading-title elementor-size-default\">Carrer Major<\/h4>\t\t\t\t<\/div>\n\t\t\t\t<\/div>\n\t\t\t\t<div class=\"elementor-element elementor-element-3045fd81 elementor-widget elementor-widget-text-editor\" data-id=\"3045fd81\" data-element_type=\"widget\" data-e-type=\"widget\" data-widget_type=\"text-editor.default\">\n\t\t\t\t<div class=\"elementor-widget-container\">\n\t\t\t\t\t\t\t\t\t<p>El <strong>carrer Major<\/strong> (<strong>5<\/strong>) assenyala la forma i posici\u00f3 de la muralla del Castell seguint la fa\u00e7ana de les cases que es van construir adossades al mur pel seu costat exterior.<\/p>\t\t\t\t\t\t\t\t<\/div>\n\t\t\t\t<\/div>\n\t\t\t\t<div class=\"elementor-element elementor-element-48a69d37 elementor-widget elementor-widget-image\" data-id=\"48a69d37\" data-element_type=\"widget\" data-e-type=\"widget\" data-widget_type=\"image.default\">\n\t\t\t\t<div class=\"elementor-widget-container\">\n\t\t\t\t\t\t\t\t\t\t\t\t<figure class=\"wp-caption\">\n\t\t\t\t\t\t\t\t\t\t<img loading=\"lazy\" decoding=\"async\" width=\"768\" height=\"512\" src=\"https:\/\/www.elturistatranquil.com\/wp-content\/uploads\/F50-Peratallada.jpg\" class=\"attachment-large size-large wp-image-25143\" alt=\"Peratallada\" srcset=\"https:\/\/www.elturistatranquil.com\/wp-content\/uploads\/F50-Peratallada.jpg 768w, https:\/\/www.elturistatranquil.com\/wp-content\/uploads\/F50-Peratallada-339x226.jpg 339w\" sizes=\"(max-width: 768px) 100vw, 768px\" \/>\t\t\t\t\t\t\t\t\t\t\t<figcaption class=\"widget-image-caption wp-caption-text\"><\/figcaption>\n\t\t\t\t\t\t\t\t\t\t<\/figure>\n\t\t\t\t\t\t\t\t\t<\/div>\n\t\t\t\t<\/div>\n\t\t\t\t<div class=\"elementor-element elementor-element-b58c03a elementor-widget elementor-widget-text-editor\" data-id=\"b58c03a\" data-element_type=\"widget\" data-e-type=\"widget\" data-widget_type=\"text-editor.default\">\n\t\t\t\t<div class=\"elementor-widget-container\">\n\t\t\t\t\t\t\t\t\t<p>Una imatge del carrer Major a mitjans segle XX i l\u2019actual.<\/p>\t\t\t\t\t\t\t\t<\/div>\n\t\t\t\t<\/div>\n\t\t\t\t<section class=\"elementor-section elementor-inner-section elementor-element elementor-element-5ee73a75 elementor-section-boxed elementor-section-height-default elementor-section-height-default\" data-id=\"5ee73a75\" data-element_type=\"section\" data-e-type=\"section\">\n\t\t\t\t\t\t<div class=\"elementor-container elementor-column-gap-default\">\n\t\t\t\t\t<div class=\"elementor-column elementor-col-50 elementor-inner-column elementor-element elementor-element-60f20e85\" data-id=\"60f20e85\" data-element_type=\"column\" data-e-type=\"column\">\n\t\t\t<div class=\"elementor-widget-wrap elementor-element-populated\">\n\t\t\t\t\t\t<div class=\"elementor-element elementor-element-11ffd27c elementor-widget elementor-widget-image\" data-id=\"11ffd27c\" data-element_type=\"widget\" data-e-type=\"widget\" data-widget_type=\"image.default\">\n\t\t\t\t<div class=\"elementor-widget-container\">\n\t\t\t\t\t\t\t\t\t\t\t\t\t\t\t<img loading=\"lazy\" decoding=\"async\" width=\"367\" height=\"550\" src=\"https:\/\/www.elturistatranquil.com\/wp-content\/uploads\/F51m-Peratallada.jpg\" class=\"attachment-large size-large wp-image-25145\" alt=\"Peratallada\" srcset=\"https:\/\/www.elturistatranquil.com\/wp-content\/uploads\/F51m-Peratallada.jpg 367w, https:\/\/www.elturistatranquil.com\/wp-content\/uploads\/F51m-Peratallada-151x226.jpg 151w\" sizes=\"(max-width: 367px) 100vw, 367px\" \/>\t\t\t\t\t\t\t\t\t\t\t\t\t\t\t<\/div>\n\t\t\t\t<\/div>\n\t\t\t\t\t<\/div>\n\t\t<\/div>\n\t\t\t\t<div class=\"elementor-column elementor-col-50 elementor-inner-column elementor-element elementor-element-52036ee3\" data-id=\"52036ee3\" data-element_type=\"column\" data-e-type=\"column\">\n\t\t\t<div class=\"elementor-widget-wrap elementor-element-populated\">\n\t\t\t\t\t\t<div class=\"elementor-element elementor-element-6631dbaf elementor-widget elementor-widget-image\" data-id=\"6631dbaf\" data-element_type=\"widget\" data-e-type=\"widget\" data-widget_type=\"image.default\">\n\t\t\t\t<div class=\"elementor-widget-container\">\n\t\t\t\t\t\t\t\t\t\t\t\t\t\t\t<img loading=\"lazy\" decoding=\"async\" width=\"367\" height=\"550\" src=\"https:\/\/www.elturistatranquil.com\/wp-content\/uploads\/F51n-Peratallada.jpg\" class=\"attachment-large size-large wp-image-25147\" alt=\"Peratallada\" srcset=\"https:\/\/www.elturistatranquil.com\/wp-content\/uploads\/F51n-Peratallada.jpg 367w, https:\/\/www.elturistatranquil.com\/wp-content\/uploads\/F51n-Peratallada-151x226.jpg 151w\" sizes=\"(max-width: 367px) 100vw, 367px\" \/>\t\t\t\t\t\t\t\t\t\t\t\t\t\t\t<\/div>\n\t\t\t\t<\/div>\n\t\t\t\t\t<\/div>\n\t\t<\/div>\n\t\t\t\t\t<\/div>\n\t\t<\/section>\n\t\t\t\t<div class=\"elementor-element elementor-element-22234f16 elementor-widget elementor-widget-text-editor\" data-id=\"22234f16\" data-element_type=\"widget\" data-e-type=\"widget\" data-widget_type=\"text-editor.default\">\n\t\t\t\t<div class=\"elementor-widget-container\">\n\t\t\t\t\t\t\t\t\t<p>\u00a0<\/p><p>L\u2019extrem del carrer Major en mostrar\u00e0 l\u2019entrada als arcs de la Pla\u00e7a de les Voltes.<\/p>\t\t\t\t\t\t\t\t<\/div>\n\t\t\t\t<\/div>\n\t\t\t\t<div class=\"elementor-element elementor-element-5cf9a021 elementor-widget elementor-widget-image\" data-id=\"5cf9a021\" data-element_type=\"widget\" data-e-type=\"widget\" data-widget_type=\"image.default\">\n\t\t\t\t<div class=\"elementor-widget-container\">\n\t\t\t\t\t\t\t\t\t\t\t\t<figure class=\"wp-caption\">\n\t\t\t\t\t\t\t\t\t\t<img loading=\"lazy\" decoding=\"async\" width=\"768\" height=\"512\" src=\"https:\/\/www.elturistatranquil.com\/wp-content\/uploads\/F52-Peratallada.jpg\" class=\"attachment-large size-large wp-image-25149\" alt=\"Peratallada\" srcset=\"https:\/\/www.elturistatranquil.com\/wp-content\/uploads\/F52-Peratallada.jpg 768w, https:\/\/www.elturistatranquil.com\/wp-content\/uploads\/F52-Peratallada-339x226.jpg 339w\" sizes=\"(max-width: 768px) 100vw, 768px\" \/>\t\t\t\t\t\t\t\t\t\t\t<figcaption class=\"widget-image-caption wp-caption-text\"><\/figcaption>\n\t\t\t\t\t\t\t\t\t\t<\/figure>\n\t\t\t\t\t\t\t\t\t<\/div>\n\t\t\t\t<\/div>\n\t\t\t\t<div class=\"elementor-element elementor-element-6e3da3f1 elementor-widget elementor-widget-text-editor\" data-id=\"6e3da3f1\" data-element_type=\"widget\" data-e-type=\"widget\" data-widget_type=\"text-editor.default\">\n\t\t\t\t<div class=\"elementor-widget-container\">\n\t\t\t\t\t\t\t\t\t<p>Observant la dataci\u00f3 de les cases al llarg del carrer Major ens adonem que els segles XVII i XVIII van se els que van concentrar les actuacions immobili\u00e0ries.<\/p>\t\t\t\t\t\t\t\t<\/div>\n\t\t\t\t<\/div>\n\t\t\t\t<section class=\"elementor-section elementor-inner-section elementor-element elementor-element-4f5d1070 elementor-section-boxed elementor-section-height-default elementor-section-height-default\" data-id=\"4f5d1070\" data-element_type=\"section\" data-e-type=\"section\">\n\t\t\t\t\t\t<div class=\"elementor-container elementor-column-gap-default\">\n\t\t\t\t\t<div class=\"elementor-column elementor-col-50 elementor-inner-column elementor-element elementor-element-69e61d94\" data-id=\"69e61d94\" data-element_type=\"column\" data-e-type=\"column\">\n\t\t\t<div class=\"elementor-widget-wrap elementor-element-populated\">\n\t\t\t\t\t\t<div class=\"elementor-element elementor-element-72e87c84 elementor-widget elementor-widget-image\" data-id=\"72e87c84\" data-element_type=\"widget\" data-e-type=\"widget\" data-widget_type=\"image.default\">\n\t\t\t\t<div class=\"elementor-widget-container\">\n\t\t\t\t\t\t\t\t\t\t\t\t\t\t\t<img loading=\"lazy\" decoding=\"async\" width=\"380\" height=\"253\" src=\"https:\/\/www.elturistatranquil.com\/wp-content\/uploads\/F53m-Peratallada.jpg\" class=\"attachment-large size-large wp-image-25151\" alt=\"Peratallada\" srcset=\"https:\/\/www.elturistatranquil.com\/wp-content\/uploads\/F53m-Peratallada.jpg 380w, https:\/\/www.elturistatranquil.com\/wp-content\/uploads\/F53m-Peratallada-339x226.jpg 339w\" sizes=\"(max-width: 380px) 100vw, 380px\" \/>\t\t\t\t\t\t\t\t\t\t\t\t\t\t\t<\/div>\n\t\t\t\t<\/div>\n\t\t\t\t\t<\/div>\n\t\t<\/div>\n\t\t\t\t<div class=\"elementor-column elementor-col-50 elementor-inner-column elementor-element elementor-element-3f700557\" data-id=\"3f700557\" data-element_type=\"column\" data-e-type=\"column\">\n\t\t\t<div class=\"elementor-widget-wrap elementor-element-populated\">\n\t\t\t\t\t\t<div class=\"elementor-element elementor-element-292d908 elementor-widget elementor-widget-image\" data-id=\"292d908\" data-element_type=\"widget\" data-e-type=\"widget\" data-widget_type=\"image.default\">\n\t\t\t\t<div class=\"elementor-widget-container\">\n\t\t\t\t\t\t\t\t\t\t\t\t\t\t\t<img loading=\"lazy\" decoding=\"async\" width=\"380\" height=\"253\" src=\"https:\/\/www.elturistatranquil.com\/wp-content\/uploads\/F53n-Peratallada.jpg\" class=\"attachment-large size-large wp-image-25153\" alt=\"Peratallada\" srcset=\"https:\/\/www.elturistatranquil.com\/wp-content\/uploads\/F53n-Peratallada.jpg 380w, https:\/\/www.elturistatranquil.com\/wp-content\/uploads\/F53n-Peratallada-339x226.jpg 339w\" sizes=\"(max-width: 380px) 100vw, 380px\" \/>\t\t\t\t\t\t\t\t\t\t\t\t\t\t\t<\/div>\n\t\t\t\t<\/div>\n\t\t\t\t\t<\/div>\n\t\t<\/div>\n\t\t\t\t\t<\/div>\n\t\t<\/section>\n\t\t\t\t<div class=\"elementor-element elementor-element-144dc0ae elementor-widget elementor-widget-menu-anchor\" data-id=\"144dc0ae\" data-element_type=\"widget\" data-e-type=\"widget\" data-widget_type=\"menu-anchor.default\">\n\t\t\t\t<div class=\"elementor-widget-container\">\n\t\t\t\t\t\t\t<div class=\"elementor-menu-anchor\" id=\"c4016\"><\/div>\n\t\t\t\t\t\t<\/div>\n\t\t\t\t<\/div>\n\t\t\t\t<section class=\"elementor-section elementor-inner-section elementor-element elementor-element-1897894c elementor-section-boxed elementor-section-height-default elementor-section-height-default\" data-id=\"1897894c\" data-element_type=\"section\" data-e-type=\"section\">\n\t\t\t\t\t\t<div class=\"elementor-container elementor-column-gap-default\">\n\t\t\t\t\t<div class=\"elementor-column elementor-col-50 elementor-inner-column elementor-element elementor-element-35e7dfc4\" data-id=\"35e7dfc4\" data-element_type=\"column\" data-e-type=\"column\">\n\t\t\t<div class=\"elementor-widget-wrap elementor-element-populated\">\n\t\t\t\t\t\t<div class=\"elementor-element elementor-element-283c8d93 elementor-widget elementor-widget-image\" data-id=\"283c8d93\" data-element_type=\"widget\" data-e-type=\"widget\" data-widget_type=\"image.default\">\n\t\t\t\t<div class=\"elementor-widget-container\">\n\t\t\t\t\t\t\t\t\t\t\t\t\t\t\t<img loading=\"lazy\" decoding=\"async\" width=\"380\" height=\"253\" src=\"https:\/\/www.elturistatranquil.com\/wp-content\/uploads\/F53o-Peratallada.jpg\" class=\"attachment-large size-large wp-image-25155\" alt=\"Peratallada\" srcset=\"https:\/\/www.elturistatranquil.com\/wp-content\/uploads\/F53o-Peratallada.jpg 380w, https:\/\/www.elturistatranquil.com\/wp-content\/uploads\/F53o-Peratallada-339x226.jpg 339w\" sizes=\"(max-width: 380px) 100vw, 380px\" \/>\t\t\t\t\t\t\t\t\t\t\t\t\t\t\t<\/div>\n\t\t\t\t<\/div>\n\t\t\t\t\t<\/div>\n\t\t<\/div>\n\t\t\t\t<div class=\"elementor-column elementor-col-50 elementor-inner-column elementor-element elementor-element-791a04ef\" data-id=\"791a04ef\" data-element_type=\"column\" data-e-type=\"column\">\n\t\t\t<div class=\"elementor-widget-wrap elementor-element-populated\">\n\t\t\t\t\t\t<div class=\"elementor-element elementor-element-3ebcd5d6 elementor-widget elementor-widget-image\" data-id=\"3ebcd5d6\" data-element_type=\"widget\" data-e-type=\"widget\" data-widget_type=\"image.default\">\n\t\t\t\t<div class=\"elementor-widget-container\">\n\t\t\t\t\t\t\t\t\t\t\t\t\t\t\t<img loading=\"lazy\" decoding=\"async\" width=\"380\" height=\"253\" src=\"https:\/\/www.elturistatranquil.com\/wp-content\/uploads\/F53p-Peratallada.jpg\" class=\"attachment-large size-large wp-image-25157\" alt=\"Peratallada\" srcset=\"https:\/\/www.elturistatranquil.com\/wp-content\/uploads\/F53p-Peratallada.jpg 380w, https:\/\/www.elturistatranquil.com\/wp-content\/uploads\/F53p-Peratallada-339x226.jpg 339w\" sizes=\"(max-width: 380px) 100vw, 380px\" \/>\t\t\t\t\t\t\t\t\t\t\t\t\t\t\t<\/div>\n\t\t\t\t<\/div>\n\t\t\t\t\t<\/div>\n\t\t<\/div>\n\t\t\t\t\t<\/div>\n\t\t<\/section>\n\t\t\t\t<div class=\"elementor-element elementor-element-2e9e52d elementor-widget elementor-widget-heading\" data-id=\"2e9e52d\" data-element_type=\"widget\" data-e-type=\"widget\" data-widget_type=\"heading.default\">\n\t\t\t\t<div class=\"elementor-widget-container\">\n\t\t\t\t\t<h4 class=\"elementor-heading-title elementor-size-default\">Pla\u00e7a de les Voltes<\/h4>\t\t\t\t<\/div>\n\t\t\t\t<\/div>\n\t\t\t\t<div class=\"elementor-element elementor-element-53f3b917 elementor-widget elementor-widget-text-editor\" data-id=\"53f3b917\" data-element_type=\"widget\" data-e-type=\"widget\" data-widget_type=\"text-editor.default\">\n\t\t\t\t<div class=\"elementor-widget-container\">\n\t\t\t\t\t\t\t\t\t<p>L\u2019entrada a <strong>la Pla\u00e7a de les Voltes<\/strong>\u00a0 (<strong>6<\/strong>) des del carrer Major es fa pel costat de ponent.<\/p><p>Primer es troben les Voltes. D\u2019una banda donen aixopluc\u00a0 a l\u2019activitat comercial al carrer. D\u2019altre, representa la consolidaci\u00f3 d&#8217;un estil de casa t\u00edpica de la zona: la casa pont. Aquesta tipologia permet ampliar els habitatges i preservar l&#8217;espai p\u00fablic.<\/p><p>La pla\u00e7a va ser l&#8217;epicentre social del poble durant molts segles, i correspon al tipus de Pla\u00e7a Porticada molt freq\u00fcent en l&#8217;urbanisme medieval de l&#8217;Empord\u00e0, i concentra actualment una important part de la oferta comercial i de restauraci\u00f3 de la vila.<\/p><p>Hi trobem voltes a la romana i de llen\u00e7ol de ma\u00f3 de pla.<\/p>\t\t\t\t\t\t\t\t<\/div>\n\t\t\t\t<\/div>\n\t\t\t\t<div class=\"elementor-element elementor-element-17b74402 elementor-widget elementor-widget-image\" data-id=\"17b74402\" data-element_type=\"widget\" data-e-type=\"widget\" data-widget_type=\"image.default\">\n\t\t\t\t<div class=\"elementor-widget-container\">\n\t\t\t\t\t\t\t\t\t\t\t\t<figure class=\"wp-caption\">\n\t\t\t\t\t\t\t\t\t\t<img loading=\"lazy\" decoding=\"async\" width=\"768\" height=\"512\" src=\"https:\/\/www.elturistatranquil.com\/wp-content\/uploads\/F54-Peratallada.jpg\" class=\"attachment-large size-large wp-image-25159\" alt=\"Peratallada\" srcset=\"https:\/\/www.elturistatranquil.com\/wp-content\/uploads\/F54-Peratallada.jpg 768w, https:\/\/www.elturistatranquil.com\/wp-content\/uploads\/F54-Peratallada-339x226.jpg 339w\" sizes=\"(max-width: 768px) 100vw, 768px\" \/>\t\t\t\t\t\t\t\t\t\t\t<figcaption class=\"widget-image-caption wp-caption-text\"><\/figcaption>\n\t\t\t\t\t\t\t\t\t\t<\/figure>\n\t\t\t\t\t\t\t\t\t<\/div>\n\t\t\t\t<\/div>\n\t\t\t\t<div class=\"elementor-element elementor-element-56fb4848 elementor-widget elementor-widget-image\" data-id=\"56fb4848\" data-element_type=\"widget\" data-e-type=\"widget\" data-widget_type=\"image.default\">\n\t\t\t\t<div class=\"elementor-widget-container\">\n\t\t\t\t\t\t\t\t\t\t\t\t<figure class=\"wp-caption\">\n\t\t\t\t\t\t\t\t\t\t<img loading=\"lazy\" decoding=\"async\" width=\"768\" height=\"512\" src=\"https:\/\/www.elturistatranquil.com\/wp-content\/uploads\/F55-Peratallada.jpg\" class=\"attachment-large size-large wp-image-25161\" alt=\"Peratallada\" srcset=\"https:\/\/www.elturistatranquil.com\/wp-content\/uploads\/F55-Peratallada.jpg 768w, https:\/\/www.elturistatranquil.com\/wp-content\/uploads\/F55-Peratallada-339x226.jpg 339w\" sizes=\"(max-width: 768px) 100vw, 768px\" \/>\t\t\t\t\t\t\t\t\t\t\t<figcaption class=\"widget-image-caption wp-caption-text\"><\/figcaption>\n\t\t\t\t\t\t\t\t\t\t<\/figure>\n\t\t\t\t\t\t\t\t\t<\/div>\n\t\t\t\t<\/div>\n\t\t\t\t<div class=\"elementor-element elementor-element-7c89faaf elementor-widget elementor-widget-image\" data-id=\"7c89faaf\" data-element_type=\"widget\" data-e-type=\"widget\" data-widget_type=\"image.default\">\n\t\t\t\t<div class=\"elementor-widget-container\">\n\t\t\t\t\t\t\t\t\t\t\t\t<figure class=\"wp-caption\">\n\t\t\t\t\t\t\t\t\t\t<img loading=\"lazy\" decoding=\"async\" width=\"768\" height=\"512\" src=\"https:\/\/www.elturistatranquil.com\/wp-content\/uploads\/F56-Peratallada.jpg\" class=\"attachment-large size-large wp-image-25163\" alt=\"Peratallada\" srcset=\"https:\/\/www.elturistatranquil.com\/wp-content\/uploads\/F56-Peratallada.jpg 768w, https:\/\/www.elturistatranquil.com\/wp-content\/uploads\/F56-Peratallada-339x226.jpg 339w\" sizes=\"(max-width: 768px) 100vw, 768px\" \/>\t\t\t\t\t\t\t\t\t\t\t<figcaption class=\"widget-image-caption wp-caption-text\"><\/figcaption>\n\t\t\t\t\t\t\t\t\t\t<\/figure>\n\t\t\t\t\t\t\t\t\t<\/div>\n\t\t\t\t<\/div>\n\t\t\t\t<div class=\"elementor-element elementor-element-7d8797a elementor-widget elementor-widget-text-editor\" data-id=\"7d8797a\" data-element_type=\"widget\" data-e-type=\"widget\" data-widget_type=\"text-editor.default\">\n\t\t\t\t<div class=\"elementor-widget-container\">\n\t\t\t\t\t\t\t\t\t<p>La pla\u00e7a presenta tres accessos. Si en dirigim a \u00a0l\u2019acc\u00e9s de llevant sortirem fora muralla, per on passa un torrent sec la majoria de l\u2019any. En aquesta zona exterior est\u00e0 localitzat el tercer dels aparcaments (<strong>PK3<\/strong>).<\/p><p>Al girar la vista vers el nucli urb\u00e0 veurem que aquesta entrada (<strong>F<\/strong>) es correspondria amb una de les portes d\u2019acc\u00e9s al recinte murat m\u00e9s oriental. No queden restes de la portada ni de les muralles, per\u00f2 si la disposici\u00f3 de l\u2019acc\u00e9s, com hem vist al presentar les muralles.<\/p>\t\t\t\t\t\t\t\t<\/div>\n\t\t\t\t<\/div>\n\t\t\t\t<div class=\"elementor-element elementor-element-748106dd elementor-widget elementor-widget-image\" data-id=\"748106dd\" data-element_type=\"widget\" data-e-type=\"widget\" data-widget_type=\"image.default\">\n\t\t\t\t<div class=\"elementor-widget-container\">\n\t\t\t\t\t\t\t\t\t\t\t\t<figure class=\"wp-caption\">\n\t\t\t\t\t\t\t\t\t\t<img loading=\"lazy\" decoding=\"async\" width=\"768\" height=\"512\" src=\"https:\/\/www.elturistatranquil.com\/wp-content\/uploads\/F57-Peratallada.jpg\" class=\"attachment-large size-large wp-image-25165\" alt=\"Peratallada\" srcset=\"https:\/\/www.elturistatranquil.com\/wp-content\/uploads\/F57-Peratallada.jpg 768w, https:\/\/www.elturistatranquil.com\/wp-content\/uploads\/F57-Peratallada-339x226.jpg 339w\" sizes=\"(max-width: 768px) 100vw, 768px\" \/>\t\t\t\t\t\t\t\t\t\t\t<figcaption class=\"widget-image-caption wp-caption-text\"><\/figcaption>\n\t\t\t\t\t\t\t\t\t\t<\/figure>\n\t\t\t\t\t\t\t\t\t<\/div>\n\t\t\t\t<\/div>\n\t\t\t\t<div class=\"elementor-element elementor-element-1650d4c2 elementor-widget elementor-widget-image\" data-id=\"1650d4c2\" data-element_type=\"widget\" data-e-type=\"widget\" data-widget_type=\"image.default\">\n\t\t\t\t<div class=\"elementor-widget-container\">\n\t\t\t\t\t\t\t\t\t\t\t\t<figure class=\"wp-caption\">\n\t\t\t\t\t\t\t\t\t\t<img loading=\"lazy\" decoding=\"async\" width=\"768\" height=\"512\" src=\"https:\/\/www.elturistatranquil.com\/wp-content\/uploads\/F58-Peratallada.jpg\" class=\"attachment-large size-large wp-image-25167\" alt=\"Peratallada\" srcset=\"https:\/\/www.elturistatranquil.com\/wp-content\/uploads\/F58-Peratallada.jpg 768w, https:\/\/www.elturistatranquil.com\/wp-content\/uploads\/F58-Peratallada-339x226.jpg 339w\" sizes=\"(max-width: 768px) 100vw, 768px\" \/>\t\t\t\t\t\t\t\t\t\t\t<figcaption class=\"widget-image-caption wp-caption-text\"><\/figcaption>\n\t\t\t\t\t\t\t\t\t\t<\/figure>\n\t\t\t\t\t\t\t\t\t<\/div>\n\t\t\t\t<\/div>\n\t\t\t\t<div class=\"elementor-element elementor-element-40948983 elementor-widget elementor-widget-text-editor\" data-id=\"40948983\" data-element_type=\"widget\" data-e-type=\"widget\" data-widget_type=\"text-editor.default\">\n\t\t\t\t<div class=\"elementor-widget-container\">\n\t\t\t\t\t\t\t\t\t<p>A l\u2019entrar la pla\u00e7a, aquesta es disposa en el costat esquerra, amb els arcs a la dreta.<\/p>\t\t\t\t\t\t\t\t<\/div>\n\t\t\t\t<\/div>\n\t\t\t\t<div class=\"elementor-element elementor-element-22f8c9fd elementor-widget elementor-widget-image\" data-id=\"22f8c9fd\" data-element_type=\"widget\" data-e-type=\"widget\" data-widget_type=\"image.default\">\n\t\t\t\t<div class=\"elementor-widget-container\">\n\t\t\t\t\t\t\t\t\t\t\t\t<figure class=\"wp-caption\">\n\t\t\t\t\t\t\t\t\t\t<img loading=\"lazy\" decoding=\"async\" width=\"768\" height=\"512\" src=\"https:\/\/www.elturistatranquil.com\/wp-content\/uploads\/F59-Peratallada.jpg\" class=\"attachment-large size-large wp-image-25169\" alt=\"Peratallada\" srcset=\"https:\/\/www.elturistatranquil.com\/wp-content\/uploads\/F59-Peratallada.jpg 768w, https:\/\/www.elturistatranquil.com\/wp-content\/uploads\/F59-Peratallada-339x226.jpg 339w\" sizes=\"(max-width: 768px) 100vw, 768px\" \/>\t\t\t\t\t\t\t\t\t\t\t<figcaption class=\"widget-image-caption wp-caption-text\"><\/figcaption>\n\t\t\t\t\t\t\t\t\t\t<\/figure>\n\t\t\t\t\t\t\t\t\t<\/div>\n\t\t\t\t<\/div>\n\t\t\t\t<div class=\"elementor-element elementor-element-7e005bf9 elementor-widget elementor-widget-image\" data-id=\"7e005bf9\" data-element_type=\"widget\" data-e-type=\"widget\" data-widget_type=\"image.default\">\n\t\t\t\t<div class=\"elementor-widget-container\">\n\t\t\t\t\t\t\t\t\t\t\t\t<figure class=\"wp-caption\">\n\t\t\t\t\t\t\t\t\t\t<img loading=\"lazy\" decoding=\"async\" width=\"768\" height=\"512\" src=\"https:\/\/www.elturistatranquil.com\/wp-content\/uploads\/F60-Peratallada.jpg\" class=\"attachment-large size-large wp-image-25171\" alt=\"Peratallada\" srcset=\"https:\/\/www.elturistatranquil.com\/wp-content\/uploads\/F60-Peratallada.jpg 768w, https:\/\/www.elturistatranquil.com\/wp-content\/uploads\/F60-Peratallada-339x226.jpg 339w\" sizes=\"(max-width: 768px) 100vw, 768px\" \/>\t\t\t\t\t\t\t\t\t\t\t<figcaption class=\"widget-image-caption wp-caption-text\"><\/figcaption>\n\t\t\t\t\t\t\t\t\t\t<\/figure>\n\t\t\t\t\t\t\t\t\t<\/div>\n\t\t\t\t<\/div>\n\t\t\t\t<div class=\"elementor-element elementor-element-18ecfd7f elementor-widget elementor-widget-text-editor\" data-id=\"18ecfd7f\" data-element_type=\"widget\" data-e-type=\"widget\" data-widget_type=\"text-editor.default\">\n\t\t\t\t<div class=\"elementor-widget-container\">\n\t\t\t\t\t\t\t\t\t<p>Al fons a l\u2019esquerra, el carrer que condueix a la <strong>porta de la muralla del Castell<\/strong> (<strong>7<\/strong>).<\/p>\t\t\t\t\t\t\t\t<\/div>\n\t\t\t\t<\/div>\n\t\t\t\t<div class=\"elementor-element elementor-element-1cb03f87 elementor-widget elementor-widget-image\" data-id=\"1cb03f87\" data-element_type=\"widget\" data-e-type=\"widget\" data-widget_type=\"image.default\">\n\t\t\t\t<div class=\"elementor-widget-container\">\n\t\t\t\t\t\t\t\t\t\t\t\t<figure class=\"wp-caption\">\n\t\t\t\t\t\t\t\t\t\t<img loading=\"lazy\" decoding=\"async\" width=\"768\" height=\"512\" src=\"https:\/\/www.elturistatranquil.com\/wp-content\/uploads\/F61-Peratallada.jpg\" class=\"attachment-large size-large wp-image-25173\" alt=\"Peratallada\" srcset=\"https:\/\/www.elturistatranquil.com\/wp-content\/uploads\/F61-Peratallada.jpg 768w, https:\/\/www.elturistatranquil.com\/wp-content\/uploads\/F61-Peratallada-339x226.jpg 339w\" sizes=\"(max-width: 768px) 100vw, 768px\" \/>\t\t\t\t\t\t\t\t\t\t\t<figcaption class=\"widget-image-caption wp-caption-text\"><\/figcaption>\n\t\t\t\t\t\t\t\t\t\t<\/figure>\n\t\t\t\t\t\t\t\t\t<\/div>\n\t\t\t\t<\/div>\n\t\t\t\t<div class=\"elementor-element elementor-element-7df16755 elementor-widget elementor-widget-text-editor\" data-id=\"7df16755\" data-element_type=\"widget\" data-e-type=\"widget\" data-widget_type=\"text-editor.default\">\n\t\t\t\t<div class=\"elementor-widget-container\">\n\t\t\t\t\t\t\t\t\t<p>Aquesta portada ja m\u2019havia servit per mostrar com la muralla passa per l\u2019interior de les cases que conformen el carrer Major, que inicia el seu recorregut en aquest indret. Al mateix temps constitueix un exemple m\u00e9s de casa-pont.<\/p>\t\t\t\t\t\t\t\t<\/div>\n\t\t\t\t<\/div>\n\t\t\t\t<div class=\"elementor-element elementor-element-68cc892 elementor-widget elementor-widget-menu-anchor\" data-id=\"68cc892\" data-element_type=\"widget\" data-e-type=\"widget\" data-widget_type=\"menu-anchor.default\">\n\t\t\t\t<div class=\"elementor-widget-container\">\n\t\t\t\t\t\t\t<div class=\"elementor-menu-anchor\" id=\"c4017\"><\/div>\n\t\t\t\t\t\t<\/div>\n\t\t\t\t<\/div>\n\t\t\t\t<div class=\"elementor-element elementor-element-578d6e42 elementor-widget elementor-widget-image\" data-id=\"578d6e42\" data-element_type=\"widget\" data-e-type=\"widget\" data-widget_type=\"image.default\">\n\t\t\t\t<div class=\"elementor-widget-container\">\n\t\t\t\t\t\t\t\t\t\t\t\t<figure class=\"wp-caption\">\n\t\t\t\t\t\t\t\t\t\t<img loading=\"lazy\" decoding=\"async\" width=\"768\" height=\"512\" src=\"https:\/\/www.elturistatranquil.com\/wp-content\/uploads\/F62-Peratallada.jpg\" class=\"attachment-large size-large wp-image-25175\" alt=\"Peratallada\" srcset=\"https:\/\/www.elturistatranquil.com\/wp-content\/uploads\/F62-Peratallada.jpg 768w, https:\/\/www.elturistatranquil.com\/wp-content\/uploads\/F62-Peratallada-339x226.jpg 339w\" sizes=\"(max-width: 768px) 100vw, 768px\" \/>\t\t\t\t\t\t\t\t\t\t\t<figcaption class=\"widget-image-caption wp-caption-text\"><\/figcaption>\n\t\t\t\t\t\t\t\t\t\t<\/figure>\n\t\t\t\t\t\t\t\t\t<\/div>\n\t\t\t\t<\/div>\n\t\t\t\t<div class=\"elementor-element elementor-element-1447cd79 elementor-widget elementor-widget-heading\" data-id=\"1447cd79\" data-element_type=\"widget\" data-e-type=\"widget\" data-widget_type=\"heading.default\">\n\t\t\t\t<div class=\"elementor-widget-container\">\n\t\t\t\t\t<h4 class=\"elementor-heading-title elementor-size-default\">Castell-Palau<\/h4>\t\t\t\t<\/div>\n\t\t\t\t<\/div>\n\t\t\t\t<div class=\"elementor-element elementor-element-17c28f10 elementor-widget elementor-widget-text-editor\" data-id=\"17c28f10\" data-element_type=\"widget\" data-e-type=\"widget\" data-widget_type=\"text-editor.default\">\n\t\t\t\t<div class=\"elementor-widget-container\">\n\t\t\t\t\t\t\t\t\t<p>Passada la portada s\u2019arriba a la pla\u00e7a del Castell amb el<strong> Castell <\/strong>(<strong>8<\/strong>) enfront nostre. El resultat final correspon a un <a href=\"https:\/\/www.elturistatranquil.com\/ca\/els-castells-medievals-a-espanya-tipologies\/\" target=\"_blank\" rel=\"noopener\">model de castell-palau<\/a>.<\/p><p>A la pla\u00e7a est\u00e0 l\u2019Oficina de Turisme.<\/p><p>Imatges de la pla\u00e7a amb vistes d\u2019esquerra a dreta.<\/p>\t\t\t\t\t\t\t\t<\/div>\n\t\t\t\t<\/div>\n\t\t\t\t<div class=\"elementor-element elementor-element-7b81f52d elementor-widget elementor-widget-image\" data-id=\"7b81f52d\" data-element_type=\"widget\" data-e-type=\"widget\" data-widget_type=\"image.default\">\n\t\t\t\t<div class=\"elementor-widget-container\">\n\t\t\t\t\t\t\t\t\t\t\t\t<figure class=\"wp-caption\">\n\t\t\t\t\t\t\t\t\t\t<img loading=\"lazy\" decoding=\"async\" width=\"768\" height=\"512\" src=\"https:\/\/www.elturistatranquil.com\/wp-content\/uploads\/F63-Peratallada.jpg\" class=\"attachment-large size-large wp-image-25177\" alt=\"Peratallada\" srcset=\"https:\/\/www.elturistatranquil.com\/wp-content\/uploads\/F63-Peratallada.jpg 768w, https:\/\/www.elturistatranquil.com\/wp-content\/uploads\/F63-Peratallada-339x226.jpg 339w\" sizes=\"(max-width: 768px) 100vw, 768px\" \/>\t\t\t\t\t\t\t\t\t\t\t<figcaption class=\"widget-image-caption wp-caption-text\"><\/figcaption>\n\t\t\t\t\t\t\t\t\t\t<\/figure>\n\t\t\t\t\t\t\t\t\t<\/div>\n\t\t\t\t<\/div>\n\t\t\t\t<div class=\"elementor-element elementor-element-4ec0382e elementor-widget elementor-widget-image\" data-id=\"4ec0382e\" data-element_type=\"widget\" data-e-type=\"widget\" data-widget_type=\"image.default\">\n\t\t\t\t<div class=\"elementor-widget-container\">\n\t\t\t\t\t\t\t\t\t\t\t\t<figure class=\"wp-caption\">\n\t\t\t\t\t\t\t\t\t\t<img loading=\"lazy\" decoding=\"async\" width=\"768\" height=\"512\" src=\"https:\/\/www.elturistatranquil.com\/wp-content\/uploads\/F64-Peratallada.jpg\" class=\"attachment-large size-large wp-image-25179\" alt=\"Peratallada\" srcset=\"https:\/\/www.elturistatranquil.com\/wp-content\/uploads\/F64-Peratallada.jpg 768w, https:\/\/www.elturistatranquil.com\/wp-content\/uploads\/F64-Peratallada-339x226.jpg 339w\" sizes=\"(max-width: 768px) 100vw, 768px\" \/>\t\t\t\t\t\t\t\t\t\t\t<figcaption class=\"widget-image-caption wp-caption-text\"><\/figcaption>\n\t\t\t\t\t\t\t\t\t\t<\/figure>\n\t\t\t\t\t\t\t\t\t<\/div>\n\t\t\t\t<\/div>\n\t\t\t\t<div class=\"elementor-element elementor-element-485cbe3e elementor-widget elementor-widget-image\" data-id=\"485cbe3e\" data-element_type=\"widget\" data-e-type=\"widget\" data-widget_type=\"image.default\">\n\t\t\t\t<div class=\"elementor-widget-container\">\n\t\t\t\t\t\t\t\t\t\t\t\t<figure class=\"wp-caption\">\n\t\t\t\t\t\t\t\t\t\t<img loading=\"lazy\" decoding=\"async\" width=\"768\" height=\"512\" src=\"https:\/\/www.elturistatranquil.com\/wp-content\/uploads\/F65-Peratallada.jpg\" class=\"attachment-large size-large wp-image-25181\" alt=\"Peratallada\" srcset=\"https:\/\/www.elturistatranquil.com\/wp-content\/uploads\/F65-Peratallada.jpg 768w, https:\/\/www.elturistatranquil.com\/wp-content\/uploads\/F65-Peratallada-339x226.jpg 339w\" sizes=\"(max-width: 768px) 100vw, 768px\" \/>\t\t\t\t\t\t\t\t\t\t\t<figcaption class=\"widget-image-caption wp-caption-text\"><\/figcaption>\n\t\t\t\t\t\t\t\t\t\t<\/figure>\n\t\t\t\t\t\t\t\t\t<\/div>\n\t\t\t\t<\/div>\n\t\t\t\t<div class=\"elementor-element elementor-element-6274e540 elementor-widget elementor-widget-text-editor\" data-id=\"6274e540\" data-element_type=\"widget\" data-e-type=\"widget\" data-widget_type=\"text-editor.default\">\n\t\t\t\t<div class=\"elementor-widget-container\">\n\t\t\t\t\t\t\t\t\t<p>L\u2019edifici ha anat canviant al llarg dels segles a partir d\u2019una edificaci\u00f3 probablement d\u2019origen rom\u00e0 o visigot, per\u00f2 de la que se\u2019n t\u00e9 la primera noticia escrita el 1065.<\/p><p>Aquesta evoluci\u00f3 ha deixat parts de construcci\u00f3 rom\u00e0niques, g\u00f2tiques i posteriors, a mesura que el nucli fortificat perdia el seu paper defensiu i evolucionava cap a resid\u00e8ncia-palau.<\/p><p>En la construcci\u00f3 actual es poden distingir dos sectors clarament diferenciats per la seva estructura i \u00fas: el nucli fortificat i el palau.<\/p><p>La part m\u00e9s antiga correspon a la torre de l&#8217;Homenatge i l&#8217;aula m\u00e9s gran. Cap al segle XIII es construeix el palau g\u00f2tic, al qual se li aniran annexionant nous espais. Com ja sabem, l&#8217;edifici va ser l&#8217;epicentre pol\u00edtic de la poderosa baronia dels Cru\u00eflles de Peratallada, una de les fam\u00edlies m\u00e9s importants de la Catalunya medieval.<\/p><p>Actualment, pertany als comtes de Torruella de Montgr\u00ed que el van comprar el 1964.<\/p><p>El palau dona directament sobre la pla\u00e7a, amb una fa\u00e7ana de tipus residencial i amb elements g\u00f2tics visibles.<\/p>\t\t\t\t\t\t\t\t<\/div>\n\t\t\t\t<\/div>\n\t\t\t\t<div class=\"elementor-element elementor-element-2dbb8098 elementor-widget elementor-widget-image\" data-id=\"2dbb8098\" data-element_type=\"widget\" data-e-type=\"widget\" data-widget_type=\"image.default\">\n\t\t\t\t<div class=\"elementor-widget-container\">\n\t\t\t\t\t\t\t\t\t\t\t\t<figure class=\"wp-caption\">\n\t\t\t\t\t\t\t\t\t\t<img loading=\"lazy\" decoding=\"async\" width=\"768\" height=\"512\" src=\"https:\/\/www.elturistatranquil.com\/wp-content\/uploads\/F66-Peratallada.jpg\" class=\"attachment-large size-large wp-image-25183\" alt=\"Peratallada\" srcset=\"https:\/\/www.elturistatranquil.com\/wp-content\/uploads\/F66-Peratallada.jpg 768w, https:\/\/www.elturistatranquil.com\/wp-content\/uploads\/F66-Peratallada-339x226.jpg 339w\" sizes=\"(max-width: 768px) 100vw, 768px\" \/>\t\t\t\t\t\t\t\t\t\t\t<figcaption class=\"widget-image-caption wp-caption-text\"><\/figcaption>\n\t\t\t\t\t\t\t\t\t\t<\/figure>\n\t\t\t\t\t\t\t\t\t<\/div>\n\t\t\t\t<\/div>\n\t\t\t\t<div class=\"elementor-element elementor-element-4e1d98dc elementor-widget elementor-widget-image\" data-id=\"4e1d98dc\" data-element_type=\"widget\" data-e-type=\"widget\" data-widget_type=\"image.default\">\n\t\t\t\t<div class=\"elementor-widget-container\">\n\t\t\t\t\t\t\t\t\t\t\t\t<figure class=\"wp-caption\">\n\t\t\t\t\t\t\t\t\t\t<img loading=\"lazy\" decoding=\"async\" width=\"768\" height=\"512\" src=\"https:\/\/www.elturistatranquil.com\/wp-content\/uploads\/F67-Peratallada.jpg\" class=\"attachment-large size-large wp-image-25185\" alt=\"Peratallada\" srcset=\"https:\/\/www.elturistatranquil.com\/wp-content\/uploads\/F67-Peratallada.jpg 768w, https:\/\/www.elturistatranquil.com\/wp-content\/uploads\/F67-Peratallada-339x226.jpg 339w\" sizes=\"(max-width: 768px) 100vw, 768px\" \/>\t\t\t\t\t\t\t\t\t\t\t<figcaption class=\"widget-image-caption wp-caption-text\"><\/figcaption>\n\t\t\t\t\t\t\t\t\t\t<\/figure>\n\t\t\t\t\t\t\t\t\t<\/div>\n\t\t\t\t<\/div>\n\t\t\t\t<div class=\"elementor-element elementor-element-b1ee3b0 elementor-widget elementor-widget-image\" data-id=\"b1ee3b0\" data-element_type=\"widget\" data-e-type=\"widget\" data-widget_type=\"image.default\">\n\t\t\t\t<div class=\"elementor-widget-container\">\n\t\t\t\t\t\t\t\t\t\t\t\t<figure class=\"wp-caption\">\n\t\t\t\t\t\t\t\t\t\t<img loading=\"lazy\" decoding=\"async\" width=\"768\" height=\"512\" src=\"https:\/\/www.elturistatranquil.com\/wp-content\/uploads\/F68-Peratallada.jpg\" class=\"attachment-large size-large wp-image-25187\" alt=\"Peratallada\" srcset=\"https:\/\/www.elturistatranquil.com\/wp-content\/uploads\/F68-Peratallada.jpg 768w, https:\/\/www.elturistatranquil.com\/wp-content\/uploads\/F68-Peratallada-339x226.jpg 339w\" sizes=\"(max-width: 768px) 100vw, 768px\" \/>\t\t\t\t\t\t\t\t\t\t\t<figcaption class=\"widget-image-caption wp-caption-text\"><\/figcaption>\n\t\t\t\t\t\t\t\t\t\t<\/figure>\n\t\t\t\t\t\t\t\t\t<\/div>\n\t\t\t\t<\/div>\n\t\t\t\t<div class=\"elementor-element elementor-element-9d55616 elementor-widget elementor-widget-text-editor\" data-id=\"9d55616\" data-element_type=\"widget\" data-e-type=\"widget\" data-widget_type=\"text-editor.default\">\n\t\t\t\t<div class=\"elementor-widget-container\">\n\t\t\t\t\t\t\t\t\t<p>A l&#8217;esquerra s&#8217;al\u00e7a una altre torre.<\/p>\t\t\t\t\t\t\t\t<\/div>\n\t\t\t\t<\/div>\n\t\t\t\t<div class=\"elementor-element elementor-element-1b821f7a elementor-widget elementor-widget-image\" data-id=\"1b821f7a\" data-element_type=\"widget\" data-e-type=\"widget\" data-widget_type=\"image.default\">\n\t\t\t\t<div class=\"elementor-widget-container\">\n\t\t\t\t\t\t\t\t\t\t\t\t<figure class=\"wp-caption\">\n\t\t\t\t\t\t\t\t\t\t<img loading=\"lazy\" decoding=\"async\" width=\"768\" height=\"512\" src=\"https:\/\/www.elturistatranquil.com\/wp-content\/uploads\/F69-Peratallada.jpg\" class=\"attachment-large size-large wp-image-25189\" alt=\"Peratallada\" srcset=\"https:\/\/www.elturistatranquil.com\/wp-content\/uploads\/F69-Peratallada.jpg 768w, https:\/\/www.elturistatranquil.com\/wp-content\/uploads\/F69-Peratallada-339x226.jpg 339w\" sizes=\"(max-width: 768px) 100vw, 768px\" \/>\t\t\t\t\t\t\t\t\t\t\t<figcaption class=\"widget-image-caption wp-caption-text\"><\/figcaption>\n\t\t\t\t\t\t\t\t\t\t<\/figure>\n\t\t\t\t\t\t\t\t\t<\/div>\n\t\t\t\t<\/div>\n\t\t\t\t<div class=\"elementor-element elementor-element-2a52e96e elementor-widget elementor-widget-text-editor\" data-id=\"2a52e96e\" data-element_type=\"widget\" data-e-type=\"widget\" data-widget_type=\"text-editor.default\">\n\t\t\t\t<div class=\"elementor-widget-container\">\n\t\t\t\t\t\t\t\t\t<p>A l\u2019interior, la <strong>Torre de l\u2019Homenatge<\/strong> (<strong>H<\/strong>), configura un dels elements arquitect\u00f2nics m\u00e9s caracter\u00edstics del nucli medieval.<\/p><p>Es tracta d\u2019una majestuosa construcci\u00f3 del segles XI-XII, de planta quadrada i 8 metres d\u2019altura, recolzada directament sobre un basament de pedra sorrenca, amb un pis intermedi de fusta.<\/p><p>Tant la Torre com la muralla que l\u2019envolta, conformen un recinte defensiu m\u00e9s inaccessible coronats per merlets. Possiblement estava separada de la resta de les edificacions de la vila a trav\u00e9s d\u2019un petit fossat a la banda nord.<\/p><p>Com que no es pot accedir a l\u2019interior del Castell, aprofito una fotografia exposada en un dels panells informatius del poble per visualitzar la torre de l\u2019Homenatge (<strong>H<\/strong>).<\/p>\t\t\t\t\t\t\t\t<\/div>\n\t\t\t\t<\/div>\n\t\t\t\t<div class=\"elementor-element elementor-element-25e701f1 elementor-widget elementor-widget-image\" data-id=\"25e701f1\" data-element_type=\"widget\" data-e-type=\"widget\" data-widget_type=\"image.default\">\n\t\t\t\t<div class=\"elementor-widget-container\">\n\t\t\t\t\t\t\t\t\t\t\t\t<figure class=\"wp-caption\">\n\t\t\t\t\t\t\t\t\t\t<img loading=\"lazy\" decoding=\"async\" width=\"485\" height=\"550\" src=\"https:\/\/www.elturistatranquil.com\/wp-content\/uploads\/F70-Peratallada.jpg\" class=\"attachment-large size-large wp-image-25191\" alt=\"Peratallada\" srcset=\"https:\/\/www.elturistatranquil.com\/wp-content\/uploads\/F70-Peratallada.jpg 485w, https:\/\/www.elturistatranquil.com\/wp-content\/uploads\/F70-Peratallada-199x226.jpg 199w\" sizes=\"(max-width: 485px) 100vw, 485px\" \/>\t\t\t\t\t\t\t\t\t\t\t<figcaption class=\"widget-image-caption wp-caption-text\"><\/figcaption>\n\t\t\t\t\t\t\t\t\t\t<\/figure>\n\t\t\t\t\t\t\t\t\t<\/div>\n\t\t\t\t<\/div>\n\t\t\t\t<div class=\"elementor-element elementor-element-48076db3 elementor-widget elementor-widget-text-editor\" data-id=\"48076db3\" data-element_type=\"widget\" data-e-type=\"widget\" data-widget_type=\"text-editor.default\">\n\t\t\t\t<div class=\"elementor-widget-container\">\n\t\t\t\t\t\t\t\t\t<p>Del mateix panell informatiu extrec dues restitucions hipot\u00e8tiques de l\u2019evoluci\u00f3 del \u00a0castell d\u2019element defensiu a palau.<\/p>\t\t\t\t\t\t\t\t<\/div>\n\t\t\t\t<\/div>\n\t\t\t\t<section class=\"elementor-section elementor-inner-section elementor-element elementor-element-221be1f3 elementor-section-boxed elementor-section-height-default elementor-section-height-default\" data-id=\"221be1f3\" data-element_type=\"section\" data-e-type=\"section\">\n\t\t\t\t\t\t<div class=\"elementor-container elementor-column-gap-default\">\n\t\t\t\t\t<div class=\"elementor-column elementor-col-50 elementor-inner-column elementor-element elementor-element-78931a57\" data-id=\"78931a57\" data-element_type=\"column\" data-e-type=\"column\">\n\t\t\t<div class=\"elementor-widget-wrap elementor-element-populated\">\n\t\t\t\t\t\t<div class=\"elementor-element elementor-element-1c15c5bd elementor-widget elementor-widget-image\" data-id=\"1c15c5bd\" data-element_type=\"widget\" data-e-type=\"widget\" data-widget_type=\"image.default\">\n\t\t\t\t<div class=\"elementor-widget-container\">\n\t\t\t\t\t\t\t\t\t\t\t\t<figure class=\"wp-caption\">\n\t\t\t\t\t\t\t\t\t\t<img loading=\"lazy\" decoding=\"async\" width=\"380\" height=\"380\" src=\"https:\/\/www.elturistatranquil.com\/wp-content\/uploads\/F71m-Peratallada.jpg\" class=\"attachment-large size-large wp-image-25193\" alt=\"Peratallada\" srcset=\"https:\/\/www.elturistatranquil.com\/wp-content\/uploads\/F71m-Peratallada.jpg 380w, https:\/\/www.elturistatranquil.com\/wp-content\/uploads\/F71m-Peratallada-226x226.jpg 226w\" sizes=\"(max-width: 380px) 100vw, 380px\" \/>\t\t\t\t\t\t\t\t\t\t\t<figcaption class=\"widget-image-caption wp-caption-text\">Restituci\u00f3 hipot\u00e8tica del castell als segles XI-XII<\/figcaption>\n\t\t\t\t\t\t\t\t\t\t<\/figure>\n\t\t\t\t\t\t\t\t\t<\/div>\n\t\t\t\t<\/div>\n\t\t\t\t\t<\/div>\n\t\t<\/div>\n\t\t\t\t<div class=\"elementor-column elementor-col-50 elementor-inner-column elementor-element elementor-element-7e5cdb38\" data-id=\"7e5cdb38\" data-element_type=\"column\" data-e-type=\"column\">\n\t\t\t<div class=\"elementor-widget-wrap elementor-element-populated\">\n\t\t\t\t\t\t<div class=\"elementor-element elementor-element-667f8e5c elementor-widget elementor-widget-image\" data-id=\"667f8e5c\" data-element_type=\"widget\" data-e-type=\"widget\" data-widget_type=\"image.default\">\n\t\t\t\t<div class=\"elementor-widget-container\">\n\t\t\t\t\t\t\t\t\t\t\t\t<figure class=\"wp-caption\">\n\t\t\t\t\t\t\t\t\t\t<img loading=\"lazy\" decoding=\"async\" width=\"380\" height=\"380\" src=\"https:\/\/www.elturistatranquil.com\/wp-content\/uploads\/F71n-Peratallada.jpg\" class=\"attachment-large size-large wp-image-25195\" alt=\"Peratallada\" srcset=\"https:\/\/www.elturistatranquil.com\/wp-content\/uploads\/F71n-Peratallada.jpg 380w, https:\/\/www.elturistatranquil.com\/wp-content\/uploads\/F71n-Peratallada-226x226.jpg 226w\" sizes=\"(max-width: 380px) 100vw, 380px\" \/>\t\t\t\t\t\t\t\t\t\t\t<figcaption class=\"widget-image-caption wp-caption-text\">Restituci\u00f3 hipot\u00e8tica del castell-palau als segles XIII-XV<\/figcaption>\n\t\t\t\t\t\t\t\t\t\t<\/figure>\n\t\t\t\t\t\t\t\t\t<\/div>\n\t\t\t\t<\/div>\n\t\t\t\t\t<\/div>\n\t\t<\/div>\n\t\t\t\t\t<\/div>\n\t\t<\/section>\n\t\t\t\t<div class=\"elementor-element elementor-element-14578956 elementor-widget elementor-widget-menu-anchor\" data-id=\"14578956\" data-element_type=\"widget\" data-e-type=\"widget\" data-widget_type=\"menu-anchor.default\">\n\t\t\t\t<div class=\"elementor-widget-container\">\n\t\t\t\t\t\t\t<div class=\"elementor-menu-anchor\" id=\"c4018\"><\/div>\n\t\t\t\t\t\t<\/div>\n\t\t\t\t<\/div>\n\t\t\t\t<div class=\"elementor-element elementor-element-13d4d679 elementor-widget elementor-widget-text-editor\" data-id=\"13d4d679\" data-element_type=\"widget\" data-e-type=\"widget\" data-widget_type=\"text-editor.default\">\n\t\t\t\t<div class=\"elementor-widget-container\">\n\t\t\t\t\t\t\t\t\t<p>\u00a0<\/p><p>Al continuar el passeig per la vila tindr\u00e9 ocasi\u00f3 de visualitzar la torre de l\u2019Homenatge des d\u2019altres perspectives.<\/p>\t\t\t\t\t\t\t\t<\/div>\n\t\t\t\t<\/div>\n\t\t\t\t<div class=\"elementor-element elementor-element-28bacb7d elementor-widget elementor-widget-heading\" data-id=\"28bacb7d\" data-element_type=\"widget\" data-e-type=\"widget\" data-widget_type=\"heading.default\">\n\t\t\t\t<div class=\"elementor-widget-container\">\n\t\t\t\t\t<h4 class=\"elementor-heading-title elementor-size-default\">Carrer del Forn<\/h4>\t\t\t\t<\/div>\n\t\t\t\t<\/div>\n\t\t\t\t<div class=\"elementor-element elementor-element-7c2dbb73 elementor-widget elementor-widget-text-editor\" data-id=\"7c2dbb73\" data-element_type=\"widget\" data-e-type=\"widget\" data-widget_type=\"text-editor.default\">\n\t\t\t\t<div class=\"elementor-widget-container\">\n\t\t\t\t\t\t\t\t\t<p>A l\u2019esquerra del Castell comen\u00e7a el <strong>carrer del Forn<\/strong> (<strong>9<\/strong>) en direcci\u00f3 est-oest.<\/p><p>Al primer tram es camina entre el mur del castell i les cases que aboquen a l\u2019exterior sud de Peratallada.<\/p>\t\t\t\t\t\t\t\t<\/div>\n\t\t\t\t<\/div>\n\t\t\t\t<div class=\"elementor-element elementor-element-c41c935 elementor-widget elementor-widget-menu-anchor\" data-id=\"c41c935\" data-element_type=\"widget\" data-e-type=\"widget\" data-widget_type=\"menu-anchor.default\">\n\t\t\t\t<div class=\"elementor-widget-container\">\n\t\t\t\t\t\t\t<div class=\"elementor-menu-anchor\" id=\"c4019\"><\/div>\n\t\t\t\t\t\t<\/div>\n\t\t\t\t<\/div>\n\t\t\t\t<div class=\"elementor-element elementor-element-2303d87d elementor-widget elementor-widget-image\" data-id=\"2303d87d\" data-element_type=\"widget\" data-e-type=\"widget\" data-widget_type=\"image.default\">\n\t\t\t\t<div class=\"elementor-widget-container\">\n\t\t\t\t\t\t\t\t\t\t\t\t<figure class=\"wp-caption\">\n\t\t\t\t\t\t\t\t\t\t<img loading=\"lazy\" decoding=\"async\" width=\"768\" height=\"512\" src=\"https:\/\/www.elturistatranquil.com\/wp-content\/uploads\/F73-Peratallada.jpg\" class=\"attachment-large size-large wp-image-25197\" alt=\"Peratallada\" srcset=\"https:\/\/www.elturistatranquil.com\/wp-content\/uploads\/F73-Peratallada.jpg 768w, https:\/\/www.elturistatranquil.com\/wp-content\/uploads\/F73-Peratallada-339x226.jpg 339w\" sizes=\"(max-width: 768px) 100vw, 768px\" \/>\t\t\t\t\t\t\t\t\t\t\t<figcaption class=\"widget-image-caption wp-caption-text\"><\/figcaption>\n\t\t\t\t\t\t\t\t\t\t<\/figure>\n\t\t\t\t\t\t\t\t\t<\/div>\n\t\t\t\t<\/div>\n\t\t\t\t<div class=\"elementor-element elementor-element-32f8a17b elementor-widget elementor-widget-heading\" data-id=\"32f8a17b\" data-element_type=\"widget\" data-e-type=\"widget\" data-widget_type=\"heading.default\">\n\t\t\t\t<div class=\"elementor-widget-container\">\n\t\t\t\t\t<h4 class=\"elementor-heading-title elementor-size-default\">Carrer de Jaume II<\/h4>\t\t\t\t<\/div>\n\t\t\t\t<\/div>\n\t\t\t\t<div class=\"elementor-element elementor-element-3dd10b02 elementor-widget elementor-widget-text-editor\" data-id=\"3dd10b02\" data-element_type=\"widget\" data-e-type=\"widget\" data-widget_type=\"text-editor.default\">\n\t\t\t\t<div class=\"elementor-widget-container\">\n\t\t\t\t\t\t\t\t\t<p>A l\u2019arribar a la primera cantonada a la dreta es presenten dues opcions, continuar endavant pel carrer del Forn o girar a la dreta, seguint el mur del Castell, pel <strong>carrer Jaume II<\/strong> (<strong>10<\/strong>). Prenc aquesta segona opci\u00f3, el que, al marge d\u2019acostar-me a un rac\u00f3 encantador, em permet disposar d\u2019una perspectiva de la torre de l\u2019Homenatge.<\/p>\t\t\t\t\t\t\t\t<\/div>\n\t\t\t\t<\/div>\n\t\t\t\t<div class=\"elementor-element elementor-element-47ce6cc5 elementor-widget elementor-widget-image\" data-id=\"47ce6cc5\" data-element_type=\"widget\" data-e-type=\"widget\" data-widget_type=\"image.default\">\n\t\t\t\t<div class=\"elementor-widget-container\">\n\t\t\t\t\t\t\t\t\t\t\t\t<figure class=\"wp-caption\">\n\t\t\t\t\t\t\t\t\t\t<img loading=\"lazy\" decoding=\"async\" width=\"768\" height=\"512\" src=\"https:\/\/www.elturistatranquil.com\/wp-content\/uploads\/F74-Peratallada.jpg\" class=\"attachment-large size-large wp-image-25199\" alt=\"Peratallada\" srcset=\"https:\/\/www.elturistatranquil.com\/wp-content\/uploads\/F74-Peratallada.jpg 768w, https:\/\/www.elturistatranquil.com\/wp-content\/uploads\/F74-Peratallada-339x226.jpg 339w\" sizes=\"(max-width: 768px) 100vw, 768px\" \/>\t\t\t\t\t\t\t\t\t\t\t<figcaption class=\"widget-image-caption wp-caption-text\"><\/figcaption>\n\t\t\t\t\t\t\t\t\t\t<\/figure>\n\t\t\t\t\t\t\t\t\t<\/div>\n\t\t\t\t<\/div>\n\t\t\t\t<div class=\"elementor-element elementor-element-1305478f elementor-widget elementor-widget-image\" data-id=\"1305478f\" data-element_type=\"widget\" data-e-type=\"widget\" data-widget_type=\"image.default\">\n\t\t\t\t<div class=\"elementor-widget-container\">\n\t\t\t\t\t\t\t\t\t\t\t\t<figure class=\"wp-caption\">\n\t\t\t\t\t\t\t\t\t\t<img loading=\"lazy\" decoding=\"async\" width=\"768\" height=\"512\" src=\"https:\/\/www.elturistatranquil.com\/wp-content\/uploads\/F75-Peratallada.jpg\" class=\"attachment-large size-large wp-image-25201\" alt=\"Peratallada\" srcset=\"https:\/\/www.elturistatranquil.com\/wp-content\/uploads\/F75-Peratallada.jpg 768w, https:\/\/www.elturistatranquil.com\/wp-content\/uploads\/F75-Peratallada-339x226.jpg 339w\" sizes=\"(max-width: 768px) 100vw, 768px\" \/>\t\t\t\t\t\t\t\t\t\t\t<figcaption class=\"widget-image-caption wp-caption-text\"><\/figcaption>\n\t\t\t\t\t\t\t\t\t\t<\/figure>\n\t\t\t\t\t\t\t\t\t<\/div>\n\t\t\t\t<\/div>\n\t\t\t\t<div class=\"elementor-element elementor-element-3c8f98ad elementor-widget elementor-widget-text-editor\" data-id=\"3c8f98ad\" data-element_type=\"widget\" data-e-type=\"widget\" data-widget_type=\"text-editor.default\">\n\t\t\t\t<div class=\"elementor-widget-container\">\n\t\t\t\t\t\t\t\t\t<p>A la raconada que forma aquest estret carrer hi trobo aplicat el color blau t\u00edpic de les cases de pag\u00e8s de la zona.<\/p>\t\t\t\t\t\t\t\t<\/div>\n\t\t\t\t<\/div>\n\t\t\t\t<div class=\"elementor-element elementor-element-151eb652 elementor-widget elementor-widget-image\" data-id=\"151eb652\" data-element_type=\"widget\" data-e-type=\"widget\" data-widget_type=\"image.default\">\n\t\t\t\t<div class=\"elementor-widget-container\">\n\t\t\t\t\t\t\t\t\t\t\t\t<figure class=\"wp-caption\">\n\t\t\t\t\t\t\t\t\t\t<img loading=\"lazy\" decoding=\"async\" width=\"768\" height=\"576\" src=\"https:\/\/www.elturistatranquil.com\/wp-content\/uploads\/F76-Peratallada.jpg\" class=\"attachment-large size-large wp-image-25203\" alt=\"Peratallada\" srcset=\"https:\/\/www.elturistatranquil.com\/wp-content\/uploads\/F76-Peratallada.jpg 768w, https:\/\/www.elturistatranquil.com\/wp-content\/uploads\/F76-Peratallada-301x226.jpg 301w\" sizes=\"(max-width: 768px) 100vw, 768px\" \/>\t\t\t\t\t\t\t\t\t\t\t<figcaption class=\"widget-image-caption wp-caption-text\"><\/figcaption>\n\t\t\t\t\t\t\t\t\t\t<\/figure>\n\t\t\t\t\t\t\t\t\t<\/div>\n\t\t\t\t<\/div>\n\t\t\t\t<div class=\"elementor-element elementor-element-7a7a9bbd elementor-widget elementor-widget-image\" data-id=\"7a7a9bbd\" data-element_type=\"widget\" data-e-type=\"widget\" data-widget_type=\"image.default\">\n\t\t\t\t<div class=\"elementor-widget-container\">\n\t\t\t\t\t\t\t\t\t\t\t\t<figure class=\"wp-caption\">\n\t\t\t\t\t\t\t\t\t\t<img loading=\"lazy\" decoding=\"async\" width=\"768\" height=\"512\" src=\"https:\/\/www.elturistatranquil.com\/wp-content\/uploads\/F77-Peratallada.jpg\" class=\"attachment-large size-large wp-image-25205\" alt=\"Peratallada\" srcset=\"https:\/\/www.elturistatranquil.com\/wp-content\/uploads\/F77-Peratallada.jpg 768w, https:\/\/www.elturistatranquil.com\/wp-content\/uploads\/F77-Peratallada-339x226.jpg 339w\" sizes=\"(max-width: 768px) 100vw, 768px\" \/>\t\t\t\t\t\t\t\t\t\t\t<figcaption class=\"widget-image-caption wp-caption-text\"><\/figcaption>\n\t\t\t\t\t\t\t\t\t\t<\/figure>\n\t\t\t\t\t\t\t\t\t<\/div>\n\t\t\t\t<\/div>\n\t\t\t\t<div class=\"elementor-element elementor-element-d95d80c elementor-widget elementor-widget-text-editor\" data-id=\"d95d80c\" data-element_type=\"widget\" data-e-type=\"widget\" data-widget_type=\"text-editor.default\">\n\t\t\t\t<div class=\"elementor-widget-container\">\n\t\t\t\t\t\t\t\t\t<p>El carrer Jaume II aboca a la torre de les Hores (<strong>B<\/strong>) i l\u2019entrada (<strong>c<\/strong>) per on he comen\u00e7at el recorregut.<\/p>\t\t\t\t\t\t\t\t<\/div>\n\t\t\t\t<\/div>\n\t\t\t\t<div class=\"elementor-element elementor-element-65272de1 elementor-widget elementor-widget-image\" data-id=\"65272de1\" data-element_type=\"widget\" data-e-type=\"widget\" data-widget_type=\"image.default\">\n\t\t\t\t<div class=\"elementor-widget-container\">\n\t\t\t\t\t\t\t\t\t\t\t\t<figure class=\"wp-caption\">\n\t\t\t\t\t\t\t\t\t\t<img loading=\"lazy\" decoding=\"async\" width=\"768\" height=\"512\" src=\"https:\/\/www.elturistatranquil.com\/wp-content\/uploads\/F78-Peratallada.jpg\" class=\"attachment-large size-large wp-image-25207\" alt=\"Peratallada\" srcset=\"https:\/\/www.elturistatranquil.com\/wp-content\/uploads\/F78-Peratallada.jpg 768w, https:\/\/www.elturistatranquil.com\/wp-content\/uploads\/F78-Peratallada-339x226.jpg 339w\" sizes=\"(max-width: 768px) 100vw, 768px\" \/>\t\t\t\t\t\t\t\t\t\t\t<figcaption class=\"widget-image-caption wp-caption-text\"><\/figcaption>\n\t\t\t\t\t\t\t\t\t\t<\/figure>\n\t\t\t\t\t\t\t\t\t<\/div>\n\t\t\t\t<\/div>\n\t\t\t\t<div class=\"elementor-element elementor-element-5d3ba999 elementor-widget elementor-widget-menu-anchor\" data-id=\"5d3ba999\" data-element_type=\"widget\" data-e-type=\"widget\" data-widget_type=\"menu-anchor.default\">\n\t\t\t\t<div class=\"elementor-widget-container\">\n\t\t\t\t\t\t\t<div class=\"elementor-menu-anchor\" id=\"c4020\"><\/div>\n\t\t\t\t\t\t<\/div>\n\t\t\t\t<\/div>\n\t\t\t\t<div class=\"elementor-element elementor-element-2b732517 elementor-widget elementor-widget-image\" data-id=\"2b732517\" data-element_type=\"widget\" data-e-type=\"widget\" data-widget_type=\"image.default\">\n\t\t\t\t<div class=\"elementor-widget-container\">\n\t\t\t\t\t\t\t\t\t\t\t\t<figure class=\"wp-caption\">\n\t\t\t\t\t\t\t\t\t\t<img loading=\"lazy\" decoding=\"async\" width=\"768\" height=\"512\" src=\"https:\/\/www.elturistatranquil.com\/wp-content\/uploads\/F79-Peratallada.jpg\" class=\"attachment-large size-large wp-image-25209\" alt=\"Peratallada\" srcset=\"https:\/\/www.elturistatranquil.com\/wp-content\/uploads\/F79-Peratallada.jpg 768w, https:\/\/www.elturistatranquil.com\/wp-content\/uploads\/F79-Peratallada-339x226.jpg 339w\" sizes=\"(max-width: 768px) 100vw, 768px\" \/>\t\t\t\t\t\t\t\t\t\t\t<figcaption class=\"widget-image-caption wp-caption-text\"><\/figcaption>\n\t\t\t\t\t\t\t\t\t\t<\/figure>\n\t\t\t\t\t\t\t\t\t<\/div>\n\t\t\t\t<\/div>\n\t\t\t\t<div class=\"elementor-element elementor-element-4db40292 elementor-widget elementor-widget-heading\" data-id=\"4db40292\" data-element_type=\"widget\" data-e-type=\"widget\" data-widget_type=\"heading.default\">\n\t\t\t\t<div class=\"elementor-widget-container\">\n\t\t\t\t\t<h4 class=\"elementor-heading-title elementor-size-default\">Carrer d\u2019en Vas<\/h4>\t\t\t\t<\/div>\n\t\t\t\t<\/div>\n\t\t\t\t<div class=\"elementor-element elementor-element-5f44fd03 elementor-widget elementor-widget-text-editor\" data-id=\"5f44fd03\" data-element_type=\"widget\" data-e-type=\"widget\" data-widget_type=\"text-editor.default\">\n\t\t\t\t<div class=\"elementor-widget-container\">\n\t\t\t\t\t\t\t\t\t<p>A la cantonada esquerra de la fotografia anterior es veu que s\u2019obre un carrer. Correspon al punt on hauria arribar si hagu\u00e9s pres l\u2019opci\u00f3 de continuar abans per carrer del Forn.<\/p><p>Val la pena donar una ullada a aquest <strong>carrer d\u2019en Vas<\/strong> (<strong>11<\/strong>).<\/p><p>Si es t\u00e9 una mica de temps, cal pensar que les distancies s\u00f3n curtes us proposaria que inici\u00e9ssiu un recorregut en sentit invers des d\u2019aquest punt.<\/p><p>Passar per sota una nova casa-pont ser\u00e0 el primer del que gaudireu.<\/p>\t\t\t\t\t\t\t\t<\/div>\n\t\t\t\t<\/div>\n\t\t\t\t<div class=\"elementor-element elementor-element-dc1386d elementor-widget elementor-widget-image\" data-id=\"dc1386d\" data-element_type=\"widget\" data-e-type=\"widget\" data-widget_type=\"image.default\">\n\t\t\t\t<div class=\"elementor-widget-container\">\n\t\t\t\t\t\t\t\t\t\t\t\t<figure class=\"wp-caption\">\n\t\t\t\t\t\t\t\t\t\t<img loading=\"lazy\" decoding=\"async\" width=\"426\" height=\"550\" src=\"https:\/\/www.elturistatranquil.com\/wp-content\/uploads\/F80-Peratallada.jpg\" class=\"attachment-large size-large wp-image-25211\" alt=\"Peratallada\" srcset=\"https:\/\/www.elturistatranquil.com\/wp-content\/uploads\/F80-Peratallada.jpg 426w, https:\/\/www.elturistatranquil.com\/wp-content\/uploads\/F80-Peratallada-175x226.jpg 175w\" sizes=\"(max-width: 426px) 100vw, 426px\" \/>\t\t\t\t\t\t\t\t\t\t\t<figcaption class=\"widget-image-caption wp-caption-text\"><\/figcaption>\n\t\t\t\t\t\t\t\t\t\t<\/figure>\n\t\t\t\t\t\t\t\t\t<\/div>\n\t\t\t\t<\/div>\n\t\t\t\t<div class=\"elementor-element elementor-element-4c2dfa6 elementor-widget elementor-widget-text-editor\" data-id=\"4c2dfa6\" data-element_type=\"widget\" data-e-type=\"widget\" data-widget_type=\"text-editor.default\">\n\t\t\t\t<div class=\"elementor-widget-container\">\n\t\t\t\t\t\t\t\t\t<p>Passat el pont, al fons a la dreta sobresurt la part interior, amb l\u2019arcada apuntada, de la primera torre\u00a0 (<strong>A<\/strong>) amb la que hav\u00edem comen\u00e7at el recorregut per les muralles.<\/p>\t\t\t\t\t\t\t\t<\/div>\n\t\t\t\t<\/div>\n\t\t\t\t<div class=\"elementor-element elementor-element-705904b7 elementor-widget elementor-widget-image\" data-id=\"705904b7\" data-element_type=\"widget\" data-e-type=\"widget\" data-widget_type=\"image.default\">\n\t\t\t\t<div class=\"elementor-widget-container\">\n\t\t\t\t\t\t\t\t\t\t\t\t<figure class=\"wp-caption\">\n\t\t\t\t\t\t\t\t\t\t<img loading=\"lazy\" decoding=\"async\" width=\"768\" height=\"512\" src=\"https:\/\/www.elturistatranquil.com\/wp-content\/uploads\/F81-Peratallada.jpg\" class=\"attachment-large size-large wp-image-25213\" alt=\"Peratallada\" srcset=\"https:\/\/www.elturistatranquil.com\/wp-content\/uploads\/F81-Peratallada.jpg 768w, https:\/\/www.elturistatranquil.com\/wp-content\/uploads\/F81-Peratallada-339x226.jpg 339w\" sizes=\"(max-width: 768px) 100vw, 768px\" \/>\t\t\t\t\t\t\t\t\t\t\t<figcaption class=\"widget-image-caption wp-caption-text\"><\/figcaption>\n\t\t\t\t\t\t\t\t\t\t<\/figure>\n\t\t\t\t\t\t\t\t\t<\/div>\n\t\t\t\t<\/div>\n\t\t\t\t<div class=\"elementor-element elementor-element-7f744d21 elementor-widget elementor-widget-menu-anchor\" data-id=\"7f744d21\" data-element_type=\"widget\" data-e-type=\"widget\" data-widget_type=\"menu-anchor.default\">\n\t\t\t\t<div class=\"elementor-widget-container\">\n\t\t\t\t\t\t\t<div class=\"elementor-menu-anchor\" id=\"c4021\"><\/div>\n\t\t\t\t\t\t<\/div>\n\t\t\t\t<\/div>\n\t\t\t\t<div class=\"elementor-element elementor-element-54727d4d elementor-widget elementor-widget-text-editor\" data-id=\"54727d4d\" data-element_type=\"widget\" data-e-type=\"widget\" data-widget_type=\"text-editor.default\">\n\t\t\t\t<div class=\"elementor-widget-container\">\n\t\t\t\t\t\t\t\t\t<p>A partir d\u2019aqu\u00ed recorrem del carrer del Forn pel tros que havia dubtat, fins arribar novament a la pla\u00e7a del Castell.<\/p>\t\t\t\t\t\t\t\t<\/div>\n\t\t\t\t<\/div>\n\t\t\t\t<div class=\"elementor-element elementor-element-7036fa91 elementor-widget elementor-widget-heading\" data-id=\"7036fa91\" data-element_type=\"widget\" data-e-type=\"widget\" data-widget_type=\"heading.default\">\n\t\t\t\t<div class=\"elementor-widget-container\">\n\t\t\t\t\t<h4 class=\"elementor-heading-title elementor-size-default\">Carrer Marqu\u00e9s de Robert i Carrer de la Torre<\/h4>\t\t\t\t<\/div>\n\t\t\t\t<\/div>\n\t\t\t\t<div class=\"elementor-element elementor-element-79ea4c3b elementor-widget elementor-widget-text-editor\" data-id=\"79ea4c3b\" data-element_type=\"widget\" data-e-type=\"widget\" data-widget_type=\"text-editor.default\">\n\t\t\t\t<div class=\"elementor-widget-container\">\n\t\t\t\t\t\t\t\t\t<p>Seguim ara la paret del Castell en direcci\u00f3 nord, pel <strong>carrer Marqu\u00e9s de Robert<\/strong> (<strong>12<\/strong>) Una altre casa casa-pont ens portar\u00e0 al <strong>carrer de la Torre<\/strong> (<strong>13<\/strong>).<\/p>\t\t\t\t\t\t\t\t<\/div>\n\t\t\t\t<\/div>\n\t\t\t\t<div class=\"elementor-element elementor-element-691a7487 elementor-widget elementor-widget-image\" data-id=\"691a7487\" data-element_type=\"widget\" data-e-type=\"widget\" data-widget_type=\"image.default\">\n\t\t\t\t<div class=\"elementor-widget-container\">\n\t\t\t\t\t\t\t\t\t\t\t\t<figure class=\"wp-caption\">\n\t\t\t\t\t\t\t\t\t\t<img loading=\"lazy\" decoding=\"async\" width=\"768\" height=\"512\" src=\"https:\/\/www.elturistatranquil.com\/wp-content\/uploads\/F82-Peratallada.jpg\" class=\"attachment-large size-large wp-image-25215\" alt=\"Peratallada\" srcset=\"https:\/\/www.elturistatranquil.com\/wp-content\/uploads\/F82-Peratallada.jpg 768w, https:\/\/www.elturistatranquil.com\/wp-content\/uploads\/F82-Peratallada-339x226.jpg 339w\" sizes=\"(max-width: 768px) 100vw, 768px\" \/>\t\t\t\t\t\t\t\t\t\t\t<figcaption class=\"widget-image-caption wp-caption-text\"><\/figcaption>\n\t\t\t\t\t\t\t\t\t\t<\/figure>\n\t\t\t\t\t\t\t\t\t<\/div>\n\t\t\t\t<\/div>\n\t\t\t\t<div class=\"elementor-element elementor-element-43e691a2 elementor-widget elementor-widget-text-editor\" data-id=\"43e691a2\" data-element_type=\"widget\" data-e-type=\"widget\" data-widget_type=\"text-editor.default\">\n\t\t\t\t<div class=\"elementor-widget-container\">\n\t\t\t\t\t\t\t\t\t<p>Com que estem circumval\u00b7lant els murs del Castell, el que veurem al girar pel carrer de la Torre ser\u00e0 la muralla del Castell que envolta la torre de l\u2019Homenatge.<\/p>\t\t\t\t\t\t\t\t<\/div>\n\t\t\t\t<\/div>\n\t\t\t\t<div class=\"elementor-element elementor-element-4c51fa69 elementor-widget elementor-widget-image\" data-id=\"4c51fa69\" data-element_type=\"widget\" data-e-type=\"widget\" data-widget_type=\"image.default\">\n\t\t\t\t<div class=\"elementor-widget-container\">\n\t\t\t\t\t\t\t\t\t\t\t\t<figure class=\"wp-caption\">\n\t\t\t\t\t\t\t\t\t\t<img loading=\"lazy\" decoding=\"async\" width=\"768\" height=\"512\" src=\"https:\/\/www.elturistatranquil.com\/wp-content\/uploads\/F83-Peratallada.jpg\" class=\"attachment-large size-large wp-image-25217\" alt=\"Peratallada\" srcset=\"https:\/\/www.elturistatranquil.com\/wp-content\/uploads\/F83-Peratallada.jpg 768w, https:\/\/www.elturistatranquil.com\/wp-content\/uploads\/F83-Peratallada-339x226.jpg 339w\" sizes=\"(max-width: 768px) 100vw, 768px\" \/>\t\t\t\t\t\t\t\t\t\t\t<figcaption class=\"widget-image-caption wp-caption-text\"><\/figcaption>\n\t\t\t\t\t\t\t\t\t\t<\/figure>\n\t\t\t\t\t\t\t\t\t<\/div>\n\t\t\t\t<\/div>\n\t\t\t\t<div class=\"elementor-element elementor-element-3e1a0824 elementor-widget elementor-widget-image\" data-id=\"3e1a0824\" data-element_type=\"widget\" data-e-type=\"widget\" data-widget_type=\"image.default\">\n\t\t\t\t<div class=\"elementor-widget-container\">\n\t\t\t\t\t\t\t\t\t\t\t\t<figure class=\"wp-caption\">\n\t\t\t\t\t\t\t\t\t\t<img loading=\"lazy\" decoding=\"async\" width=\"768\" height=\"512\" src=\"https:\/\/www.elturistatranquil.com\/wp-content\/uploads\/F84-Peratallada.jpg\" class=\"attachment-large size-large wp-image-25219\" alt=\"Peratallada\" srcset=\"https:\/\/www.elturistatranquil.com\/wp-content\/uploads\/F84-Peratallada.jpg 768w, https:\/\/www.elturistatranquil.com\/wp-content\/uploads\/F84-Peratallada-339x226.jpg 339w\" sizes=\"(max-width: 768px) 100vw, 768px\" \/>\t\t\t\t\t\t\t\t\t\t\t<figcaption class=\"widget-image-caption wp-caption-text\"><\/figcaption>\n\t\t\t\t\t\t\t\t\t\t<\/figure>\n\t\t\t\t\t\t\t\t\t<\/div>\n\t\t\t\t<\/div>\n\t\t\t\t<div class=\"elementor-element elementor-element-2ed24b9a elementor-widget elementor-widget-text-editor\" data-id=\"2ed24b9a\" data-element_type=\"widget\" data-e-type=\"widget\" data-widget_type=\"text-editor.default\">\n\t\t\t\t<div class=\"elementor-widget-container\">\n\t\t\t\t\t\t\t\t\t<p>A l&#8217;espai que s&#8217;obre a l&#8217;extrem del carrer de la Torre hem arribat de nou a l&#8217;entrada del carrer d&#8217;en Vas, per on havia comen\u00e7at justament aquest recorregut circular.<\/p>\t\t\t\t\t\t\t\t<\/div>\n\t\t\t\t<\/div>\n\t\t\t\t<div class=\"elementor-element elementor-element-2300eb8e elementor-widget elementor-widget-image\" data-id=\"2300eb8e\" data-element_type=\"widget\" data-e-type=\"widget\" data-widget_type=\"image.default\">\n\t\t\t\t<div class=\"elementor-widget-container\">\n\t\t\t\t\t\t\t\t\t\t\t\t<figure class=\"wp-caption\">\n\t\t\t\t\t\t\t\t\t\t<img loading=\"lazy\" decoding=\"async\" width=\"768\" height=\"512\" src=\"https:\/\/www.elturistatranquil.com\/wp-content\/uploads\/F85-Peratallada.jpg\" class=\"attachment-large size-large wp-image-25221\" alt=\"Peratallada\" srcset=\"https:\/\/www.elturistatranquil.com\/wp-content\/uploads\/F85-Peratallada.jpg 768w, https:\/\/www.elturistatranquil.com\/wp-content\/uploads\/F85-Peratallada-339x226.jpg 339w\" sizes=\"(max-width: 768px) 100vw, 768px\" \/>\t\t\t\t\t\t\t\t\t\t\t<figcaption class=\"widget-image-caption wp-caption-text\"><\/figcaption>\n\t\t\t\t\t\t\t\t\t\t<\/figure>\n\t\t\t\t\t\t\t\t\t<\/div>\n\t\t\t\t<\/div>\n\t\t\t\t<div class=\"elementor-element elementor-element-38c89df8 elementor-widget elementor-widget-text-editor\" data-id=\"38c89df8\" data-element_type=\"widget\" data-e-type=\"widget\" data-widget_type=\"text-editor.default\">\n\t\t\t\t<div class=\"elementor-widget-container\">\n\t\t\t\t\t\t\t\t\t<p>Mirant enrere continuarem amb la visi\u00f3 de la torre del Homenatge.<\/p>\t\t\t\t\t\t\t\t<\/div>\n\t\t\t\t<\/div>\n\t\t\t\t<div class=\"elementor-element elementor-element-1b353ca8 elementor-widget elementor-widget-menu-anchor\" data-id=\"1b353ca8\" data-element_type=\"widget\" data-e-type=\"widget\" data-widget_type=\"menu-anchor.default\">\n\t\t\t\t<div class=\"elementor-widget-container\">\n\t\t\t\t\t\t\t<div class=\"elementor-menu-anchor\" id=\"c4022\"><\/div>\n\t\t\t\t\t\t<\/div>\n\t\t\t\t<\/div>\n\t\t\t\t<div class=\"elementor-element elementor-element-5ceaf11 elementor-widget elementor-widget-image\" data-id=\"5ceaf11\" data-element_type=\"widget\" data-e-type=\"widget\" data-widget_type=\"image.default\">\n\t\t\t\t<div class=\"elementor-widget-container\">\n\t\t\t\t\t\t\t\t\t\t\t\t<figure class=\"wp-caption\">\n\t\t\t\t\t\t\t\t\t\t<img loading=\"lazy\" decoding=\"async\" width=\"768\" height=\"512\" src=\"https:\/\/www.elturistatranquil.com\/wp-content\/uploads\/F86-Peratallada.jpg\" class=\"attachment-large size-large wp-image-25223\" alt=\"Peratallada\" srcset=\"https:\/\/www.elturistatranquil.com\/wp-content\/uploads\/F86-Peratallada.jpg 768w, https:\/\/www.elturistatranquil.com\/wp-content\/uploads\/F86-Peratallada-339x226.jpg 339w\" sizes=\"(max-width: 768px) 100vw, 768px\" \/>\t\t\t\t\t\t\t\t\t\t\t<figcaption class=\"widget-image-caption wp-caption-text\"><\/figcaption>\n\t\t\t\t\t\t\t\t\t\t<\/figure>\n\t\t\t\t\t\t\t\t\t<\/div>\n\t\t\t\t<\/div>\n\t\t\t\t<div class=\"elementor-element elementor-element-21d3ef6 elementor-widget elementor-widget-text-editor\" data-id=\"21d3ef6\" data-element_type=\"widget\" data-e-type=\"widget\" data-widget_type=\"text-editor.default\">\n\t\t\t\t<div class=\"elementor-widget-container\">\n\t\t\t\t\t\t\t\t\t<p>Ara ja s\u00ed que dono per acabada la visita. Estic just a l&#8217;entrada de l&#8217;aparcament on havia deixat el cotxe.<\/p>\t\t\t\t\t\t\t\t<\/div>\n\t\t\t\t<\/div>\n\t\t\t\t<div class=\"elementor-element elementor-element-1a7e040c elementor-widget elementor-widget-heading\" data-id=\"1a7e040c\" data-element_type=\"widget\" data-e-type=\"widget\" data-widget_type=\"heading.default\">\n\t\t\t\t<div class=\"elementor-widget-container\">\n\t\t\t\t\t<h2 class=\"elementor-heading-title elementor-size-default\">Fi de la visita<\/h2>\t\t\t\t<\/div>\n\t\t\t\t<\/div>\n\t\t\t\t<div class=\"elementor-element elementor-element-30dbb79c elementor-widget elementor-widget-menu-anchor\" data-id=\"30dbb79c\" data-element_type=\"widget\" data-e-type=\"widget\" data-widget_type=\"menu-anchor.default\">\n\t\t\t\t<div class=\"elementor-widget-container\">\n\t\t\t\t\t\t\t<div class=\"elementor-menu-anchor\" id=\"c4023\"><\/div>\n\t\t\t\t\t\t<\/div>\n\t\t\t\t<\/div>\n\t\t\t\t<div class=\"elementor-element elementor-element-14c79074 elementor-widget elementor-widget-text-editor\" data-id=\"14c79074\" data-element_type=\"widget\" data-e-type=\"widget\" data-widget_type=\"text-editor.default\">\n\t\t\t\t<div class=\"elementor-widget-container\">\n\t\t\t\t\t\t\t\t\t<p>La visita a <strong>Peratallada<\/strong> ens permet veure una vila medieval en la seva dimensi\u00f3 real, ja que no existeix pr\u00e0cticament creixement posterior fora dels l\u00edmits del que havia estat el seu espai murallat. Malgrat que les muralles no es conserven en tota la seva extensi\u00f3, si que ho ha fet el seu per\u00edmetre.<\/p><p>D\u2019altra banda, tamb\u00e9 ens permet seguir la trama de com era l\u2019urbanisme medieval, sense canvis de tra\u00e7at, nom\u00e9s els vinculats a la substituci\u00f3 de les muralles interiors de la vila, ja que estaba organitzada en tres recintes murats acoblats de forma tangent entre s\u00ed.<\/p><p>El fet de que una part important de la renovaci\u00f3 constructiva urbana procedeixi sobretot de la recuperaci\u00f3 econ\u00f2mica dels segles XVII i XVIII em fa dir que estem davant d\u2019un exemple molt exemplar de <strong>vila d\u2019origen medieval<\/strong>, el que en termes tur\u00edstics es designa com a \u201c<em>vila medieval<\/em>\u201d.<\/p>\t\t\t\t\t\t\t\t<\/div>\n\t\t\t\t<\/div>\n\t\t\t\t<div class=\"elementor-element elementor-element-66f67aa elementor-widget elementor-widget-heading\" data-id=\"66f67aa\" data-element_type=\"widget\" data-e-type=\"widget\" data-widget_type=\"heading.default\">\n\t\t\t\t<div class=\"elementor-widget-container\">\n\t\t\t\t\t<h2 class=\"elementor-heading-title elementor-size-default\">Bases d\u2019informaci\u00f3<\/h2>\t\t\t\t<\/div>\n\t\t\t\t<\/div>\n\t\t\t\t<div class=\"elementor-element elementor-element-171bc9cc elementor-widget elementor-widget-text-editor\" data-id=\"171bc9cc\" data-element_type=\"widget\" data-e-type=\"widget\" data-widget_type=\"text-editor.default\">\n\t\t\t\t<div class=\"elementor-widget-container\">\n\t\t\t\t\t\t\t\t\t<p><strong>Webs<\/strong><\/p><p><a href=\"http:\/\/www.forallac.cat\/index.php?option=com_content&amp;view=article&amp;id=69&amp;Itemid=70\" target=\"_blank\" rel=\"noopener\">forallac-peratallada<\/a><\/p><p><a href=\"http:\/\/Forallac PATRIMONI Peratallada\" target=\"_blank\" rel=\"noopener\" data-wplink-url-error=\"true\">patrimoni<\/a><\/p><p><a href=\"https:\/\/es.wikipedia.org\/wiki\/Peratallada\" target=\"_blank\" rel=\"noopener\">wikipedia<\/a><\/p><p><a href=\"http:\/\/www.arteguias.com\/girona\/peratalladagirona.htm\" target=\"_blank\" rel=\"noopener\">arteguias<\/a><\/p><p><a href=\"https:\/\/www.enciclopedia.cat\/EC-GEC-0050063.xml\" target=\"_blank\" rel=\"noopener\">granenciclopediacatalana<\/a><\/p><p><a href=\"https:\/\/www.catalunyamedieval.es\/castell-de-peratallada-forallac-baix-emporda\/\" target=\"_blank\" rel=\"noopener\">catalunyamedieval: Peratallada<\/a><\/p><p><a href=\"https:\/\/www.catalunyamedieval.es\/esglesia-de-sant-esteve-de-peratallada-forallac-baix-emporda\/\" target=\"_blank\" rel=\"noopener\">catalunyamedieval: esgl\u00e9sia de Sant Esteve<\/a><\/p>\t\t\t\t\t\t\t\t<\/div>\n\t\t\t\t<\/div>\n\t\t\t\t<div class=\"elementor-element elementor-element-2d4cfecf elementor-widget elementor-widget-text-editor\" data-id=\"2d4cfecf\" data-element_type=\"widget\" data-e-type=\"widget\" data-widget_type=\"text-editor.default\">\n\t\t\t\t<div class=\"elementor-widget-container\">\n\t\t\t\t\t\t\t\t\t<p><strong>Webs Academic<\/strong><\/p><p>M. Oliva Prat, <a href=\"http:\/\/www.cervantesvirtual.com\/obra\/la-villa-de-peratallada-gerona\/\" target=\"_blank\" rel=\"noopener\"><em>La villa de Peratallada Gerona<\/em><\/a><\/p><p>J. Pumarola, <a href=\"http:\/\/www.raco.cat\/index.php\/RevistaGirona\/article\/download\/78083\/102010\" target=\"_blank\" rel=\"noopener\"><em>Peratallada<\/em><\/a><\/p><p>M. Oliva Prat, <a href=\"http:\/\/www.raco.cat\/index.php\/RevistaGirona\/article\/viewFile\/80627\/104960\" target=\"_blank\" rel=\"noopener\"><em>Presentaci\u00f3n de la ruta monumental del Bajo Ampurd\u00e1n<\/em><\/a><\/p><p>M.A. Alonso de Medina, B. Cervera i Flotats, <a href=\"https:\/\/www.raco.cat\/index.php\/CuadernosArquitecturaUrbanismo\/article\/download\/122007\/256803\" target=\"_blank\" rel=\"noopener\"><em>Guia d&#8217;arquitectura popular de les comarques gironines: Baix Empord\u00e0<\/em><\/a><\/p>\t\t\t\t\t\t\t\t<\/div>\n\t\t\t\t<\/div>\n\t\t\t\t<div class=\"elementor-element elementor-element-5e297102 elementor-widget elementor-widget-text-editor\" data-id=\"5e297102\" data-element_type=\"widget\" data-e-type=\"widget\" data-widget_type=\"text-editor.default\">\n\t\t\t\t<div class=\"elementor-widget-container\">\n\t\t\t\t\t\t\t\t\t<p>Enlla\u00e7 amb el <em>Post<\/em>:<a href=\"https:\/\/www.elturistatranquil.com\/ca\/casamar-hotel-restaurant-costa-brava\/\" target=\"_blank\" rel=\"noopener\"><strong> Casamar. Hotel-Restaurante. Costa Brava<\/strong><\/a><\/p>\t\t\t\t\t\t\t\t<\/div>\n\t\t\t\t<\/div>\n\t\t\t\t\t<\/div>\n\t\t<\/div>\n\t\t\t\t\t<\/div>\n\t\t<\/section>\n\t\t\t\t<\/div>\n\t\t","protected":false},"excerpt":{"rendered":"<p>Peratallada (Baix Empord\u00e0, Girona) \u00e9s una de les viles d\u2019origen medieval en la que millor es conserva el seu nucli, sense construccions posteriors al seu voltant, i amb la trama &#8230; <a title=\"Peratallada (Girona)\" class=\"read-more\" href=\"https:\/\/www.elturistatranquil.com\/ca\/peratallada-girona\/\" aria-label=\"M\u00e9s informaci\u00f3 sobre Peratallada (Girona)\">[ &#8230; ]<\/a><\/p>\n","protected":false},"author":1,"featured_media":25020,"comment_status":"open","ping_status":"closed","sticky":false,"template":"","format":"standard","meta":{"footnotes":""},"categories":[71,72,75,77,145,135,83,99,100,159,104,139,106,110],"tags":[],"class_list":["post-25233","post","type-post","status-publish","format-standard","has-post-thumbnail","hentry","category-arquitectura-popular-ca","category-arquitectura-religiosa-ca","category-castells","category-conjunts-historics","category-edat-mitjana","category-girona-ca","category-historia-ca","category-poble","category-pobles-i-ciutats-amb-interes","category-recintes-emmurallats","category-preromanic-ca","category-segle-xvi-xvii","category-segle-xviii-xix","category-vila","infinite-scroll-item","generate-columns","tablet-grid-50","mobile-grid-100","grid-parent","grid-50","no-featured-image-padding"],"yoast_head":"<!-- This site is optimized with the Yoast SEO plugin v27.4 - https:\/\/yoast.com\/product\/yoast-seo-wordpress\/ -->\n<title>Peratallada (Girona) - El turista tranquil<\/title>\n<meta name=\"description\" content=\"Peratalla (Baix Empord\u00e0, Girona) \u00e9s una de les viles d\u2019origen medieval en la que millor es conserva el seu nucli, sense construccions posteriors al seu voltant, i amb la trama urbana original.\" \/>\n<meta name=\"robots\" content=\"index, follow, max-snippet:-1, max-image-preview:large, max-video-preview:-1\" \/>\n<link rel=\"canonical\" href=\"https:\/\/www.elturistatranquil.com\/ca\/peratallada-girona\/\" \/>\n<meta property=\"og:locale\" content=\"ca_ES\" \/>\n<meta property=\"og:type\" content=\"article\" \/>\n<meta property=\"og:title\" content=\"Peratallada (Girona) - El turista tranquil\" \/>\n<meta property=\"og:description\" content=\"Peratalla (Baix Empord\u00e0, Girona) \u00e9s una de les viles d\u2019origen medieval en la que millor es conserva el seu nucli, sense construccions posteriors al seu voltant, i amb la trama urbana original.\" \/>\n<meta property=\"og:url\" content=\"https:\/\/www.elturistatranquil.com\/ca\/peratallada-girona\/\" \/>\n<meta property=\"og:site_name\" content=\"El turista tranquil\" \/>\n<meta property=\"article:publisher\" content=\"https:\/\/www.facebook.com\/elturistatranquilo\/\" \/>\n<meta property=\"article:published_time\" content=\"2019-11-03T19:01:44+00:00\" \/>\n<meta property=\"article:modified_time\" content=\"2019-11-03T19:08:11+00:00\" \/>\n<meta property=\"og:image\" content=\"https:\/\/www.elturistatranquil.com\/wp-content\/uploads\/F00-30-Peratallada.jpg\" \/>\n\t<meta property=\"og:image:width\" content=\"768\" \/>\n\t<meta property=\"og:image:height\" content=\"512\" \/>\n\t<meta property=\"og:image:type\" content=\"image\/jpeg\" \/>\n<meta name=\"author\" content=\"admin\" \/>\n<meta name=\"twitter:card\" content=\"summary_large_image\" \/>\n<meta name=\"twitter:label1\" content=\"Escrit per\" \/>\n\t<meta name=\"twitter:data1\" content=\"admin\" \/>\n\t<meta name=\"twitter:label2\" content=\"Temps estimat de lectura\" \/>\n\t<meta name=\"twitter:data2\" content=\"23 minuts\" \/>\n<script type=\"application\/ld+json\" class=\"yoast-schema-graph\">{\"@context\":\"https:\\\/\\\/schema.org\",\"@graph\":[{\"@type\":\"Article\",\"@id\":\"https:\\\/\\\/www.elturistatranquil.com\\\/ca\\\/peratallada-girona\\\/#article\",\"isPartOf\":{\"@id\":\"https:\\\/\\\/www.elturistatranquil.com\\\/ca\\\/peratallada-girona\\\/\"},\"author\":{\"name\":\"admin\",\"@id\":\"https:\\\/\\\/www.elturistatranquil.com\\\/ca\\\/#\\\/schema\\\/person\\\/16f607c3079b96ed0c530a52e6b58bb5\"},\"headline\":\"Peratallada (Girona)\",\"datePublished\":\"2019-11-03T19:01:44+00:00\",\"dateModified\":\"2019-11-03T19:08:11+00:00\",\"mainEntityOfPage\":{\"@id\":\"https:\\\/\\\/www.elturistatranquil.com\\\/ca\\\/peratallada-girona\\\/\"},\"wordCount\":4569,\"commentCount\":0,\"image\":{\"@id\":\"https:\\\/\\\/www.elturistatranquil.com\\\/ca\\\/peratallada-girona\\\/#primaryimage\"},\"thumbnailUrl\":\"https:\\\/\\\/www.elturistatranquil.com\\\/wp-content\\\/uploads\\\/F00-30-Peratallada.jpg\",\"articleSection\":[\"Arquitectura popular\",\"Arquitectura religiosa\",\"Castells, Muralles\",\"Conjunts hist\u00f2rics\",\"Edat mitjana\",\"Girona\",\"Hist\u00f2ria\",\"Poble\",\"Pobles i ciutats amb inter\u00e9s\",\"Recintes emmurallats\",\"Rom\u00e0nic\",\"Segle XVI-XVII\",\"Segle XVIII-XIX\",\"Vila\"],\"inLanguage\":\"ca\",\"potentialAction\":[{\"@type\":\"CommentAction\",\"name\":\"Comment\",\"target\":[\"https:\\\/\\\/www.elturistatranquil.com\\\/ca\\\/peratallada-girona\\\/#respond\"]}]},{\"@type\":\"WebPage\",\"@id\":\"https:\\\/\\\/www.elturistatranquil.com\\\/ca\\\/peratallada-girona\\\/\",\"url\":\"https:\\\/\\\/www.elturistatranquil.com\\\/ca\\\/peratallada-girona\\\/\",\"name\":\"Peratallada (Girona) - El turista tranquil\",\"isPartOf\":{\"@id\":\"https:\\\/\\\/www.elturistatranquil.com\\\/ca\\\/#website\"},\"primaryImageOfPage\":{\"@id\":\"https:\\\/\\\/www.elturistatranquil.com\\\/ca\\\/peratallada-girona\\\/#primaryimage\"},\"image\":{\"@id\":\"https:\\\/\\\/www.elturistatranquil.com\\\/ca\\\/peratallada-girona\\\/#primaryimage\"},\"thumbnailUrl\":\"https:\\\/\\\/www.elturistatranquil.com\\\/wp-content\\\/uploads\\\/F00-30-Peratallada.jpg\",\"datePublished\":\"2019-11-03T19:01:44+00:00\",\"dateModified\":\"2019-11-03T19:08:11+00:00\",\"author\":{\"@id\":\"https:\\\/\\\/www.elturistatranquil.com\\\/ca\\\/#\\\/schema\\\/person\\\/16f607c3079b96ed0c530a52e6b58bb5\"},\"description\":\"Peratalla (Baix Empord\u00e0, Girona) \u00e9s una de les viles d\u2019origen medieval en la que millor es conserva el seu nucli, sense construccions posteriors al seu voltant, i amb la trama urbana original.\",\"breadcrumb\":{\"@id\":\"https:\\\/\\\/www.elturistatranquil.com\\\/ca\\\/peratallada-girona\\\/#breadcrumb\"},\"inLanguage\":\"ca\",\"potentialAction\":[{\"@type\":\"ReadAction\",\"target\":[\"https:\\\/\\\/www.elturistatranquil.com\\\/ca\\\/peratallada-girona\\\/\"]}]},{\"@type\":\"ImageObject\",\"inLanguage\":\"ca\",\"@id\":\"https:\\\/\\\/www.elturistatranquil.com\\\/ca\\\/peratallada-girona\\\/#primaryimage\",\"url\":\"https:\\\/\\\/www.elturistatranquil.com\\\/wp-content\\\/uploads\\\/F00-30-Peratallada.jpg\",\"contentUrl\":\"https:\\\/\\\/www.elturistatranquil.com\\\/wp-content\\\/uploads\\\/F00-30-Peratallada.jpg\",\"width\":768,\"height\":512,\"caption\":\"Peratallada\"},{\"@type\":\"BreadcrumbList\",\"@id\":\"https:\\\/\\\/www.elturistatranquil.com\\\/ca\\\/peratallada-girona\\\/#breadcrumb\",\"itemListElement\":[{\"@type\":\"ListItem\",\"position\":1,\"name\":\"Portada\",\"item\":\"https:\\\/\\\/www.elturistatranquil.com\\\/ca\\\/\"},{\"@type\":\"ListItem\",\"position\":2,\"name\":\"Peratallada (Girona)\"}]},{\"@type\":\"WebSite\",\"@id\":\"https:\\\/\\\/www.elturistatranquil.com\\\/ca\\\/#website\",\"url\":\"https:\\\/\\\/www.elturistatranquil.com\\\/ca\\\/\",\"name\":\"El turista tranquil\",\"description\":\"Blog de viatges\",\"potentialAction\":[{\"@type\":\"SearchAction\",\"target\":{\"@type\":\"EntryPoint\",\"urlTemplate\":\"https:\\\/\\\/www.elturistatranquil.com\\\/ca\\\/?s={search_term_string}\"},\"query-input\":{\"@type\":\"PropertyValueSpecification\",\"valueRequired\":true,\"valueName\":\"search_term_string\"}}],\"inLanguage\":\"ca\"},{\"@type\":\"Person\",\"@id\":\"https:\\\/\\\/www.elturistatranquil.com\\\/ca\\\/#\\\/schema\\\/person\\\/16f607c3079b96ed0c530a52e6b58bb5\",\"name\":\"admin\",\"image\":{\"@type\":\"ImageObject\",\"inLanguage\":\"ca\",\"@id\":\"https:\\\/\\\/secure.gravatar.com\\\/avatar\\\/1fbaf22aee75fcbb29a2f97b107f95d25d3a19b7c3416105be10269872673e8d?s=96&d=mm&r=g\",\"url\":\"https:\\\/\\\/secure.gravatar.com\\\/avatar\\\/1fbaf22aee75fcbb29a2f97b107f95d25d3a19b7c3416105be10269872673e8d?s=96&d=mm&r=g\",\"contentUrl\":\"https:\\\/\\\/secure.gravatar.com\\\/avatar\\\/1fbaf22aee75fcbb29a2f97b107f95d25d3a19b7c3416105be10269872673e8d?s=96&d=mm&r=g\",\"caption\":\"admin\"}}]}<\/script>\n<!-- \/ Yoast SEO plugin. -->","yoast_head_json":{"title":"Peratallada (Girona) - El turista tranquil","description":"Peratalla (Baix Empord\u00e0, Girona) \u00e9s una de les viles d\u2019origen medieval en la que millor es conserva el seu nucli, sense construccions posteriors al seu voltant, i amb la trama urbana original.","robots":{"index":"index","follow":"follow","max-snippet":"max-snippet:-1","max-image-preview":"max-image-preview:large","max-video-preview":"max-video-preview:-1"},"canonical":"https:\/\/www.elturistatranquil.com\/ca\/peratallada-girona\/","og_locale":"ca_ES","og_type":"article","og_title":"Peratallada (Girona) - El turista tranquil","og_description":"Peratalla (Baix Empord\u00e0, Girona) \u00e9s una de les viles d\u2019origen medieval en la que millor es conserva el seu nucli, sense construccions posteriors al seu voltant, i amb la trama urbana original.","og_url":"https:\/\/www.elturistatranquil.com\/ca\/peratallada-girona\/","og_site_name":"El turista tranquil","article_publisher":"https:\/\/www.facebook.com\/elturistatranquilo\/","article_published_time":"2019-11-03T19:01:44+00:00","article_modified_time":"2019-11-03T19:08:11+00:00","og_image":[{"width":768,"height":512,"url":"https:\/\/www.elturistatranquil.com\/wp-content\/uploads\/F00-30-Peratallada.jpg","type":"image\/jpeg"}],"author":"admin","twitter_card":"summary_large_image","twitter_misc":{"Escrit per":"admin","Temps estimat de lectura":"23 minuts"},"schema":{"@context":"https:\/\/schema.org","@graph":[{"@type":"Article","@id":"https:\/\/www.elturistatranquil.com\/ca\/peratallada-girona\/#article","isPartOf":{"@id":"https:\/\/www.elturistatranquil.com\/ca\/peratallada-girona\/"},"author":{"name":"admin","@id":"https:\/\/www.elturistatranquil.com\/ca\/#\/schema\/person\/16f607c3079b96ed0c530a52e6b58bb5"},"headline":"Peratallada (Girona)","datePublished":"2019-11-03T19:01:44+00:00","dateModified":"2019-11-03T19:08:11+00:00","mainEntityOfPage":{"@id":"https:\/\/www.elturistatranquil.com\/ca\/peratallada-girona\/"},"wordCount":4569,"commentCount":0,"image":{"@id":"https:\/\/www.elturistatranquil.com\/ca\/peratallada-girona\/#primaryimage"},"thumbnailUrl":"https:\/\/www.elturistatranquil.com\/wp-content\/uploads\/F00-30-Peratallada.jpg","articleSection":["Arquitectura popular","Arquitectura religiosa","Castells, Muralles","Conjunts hist\u00f2rics","Edat mitjana","Girona","Hist\u00f2ria","Poble","Pobles i ciutats amb inter\u00e9s","Recintes emmurallats","Rom\u00e0nic","Segle XVI-XVII","Segle XVIII-XIX","Vila"],"inLanguage":"ca","potentialAction":[{"@type":"CommentAction","name":"Comment","target":["https:\/\/www.elturistatranquil.com\/ca\/peratallada-girona\/#respond"]}]},{"@type":"WebPage","@id":"https:\/\/www.elturistatranquil.com\/ca\/peratallada-girona\/","url":"https:\/\/www.elturistatranquil.com\/ca\/peratallada-girona\/","name":"Peratallada (Girona) - El turista tranquil","isPartOf":{"@id":"https:\/\/www.elturistatranquil.com\/ca\/#website"},"primaryImageOfPage":{"@id":"https:\/\/www.elturistatranquil.com\/ca\/peratallada-girona\/#primaryimage"},"image":{"@id":"https:\/\/www.elturistatranquil.com\/ca\/peratallada-girona\/#primaryimage"},"thumbnailUrl":"https:\/\/www.elturistatranquil.com\/wp-content\/uploads\/F00-30-Peratallada.jpg","datePublished":"2019-11-03T19:01:44+00:00","dateModified":"2019-11-03T19:08:11+00:00","author":{"@id":"https:\/\/www.elturistatranquil.com\/ca\/#\/schema\/person\/16f607c3079b96ed0c530a52e6b58bb5"},"description":"Peratalla (Baix Empord\u00e0, Girona) \u00e9s una de les viles d\u2019origen medieval en la que millor es conserva el seu nucli, sense construccions posteriors al seu voltant, i amb la trama urbana original.","breadcrumb":{"@id":"https:\/\/www.elturistatranquil.com\/ca\/peratallada-girona\/#breadcrumb"},"inLanguage":"ca","potentialAction":[{"@type":"ReadAction","target":["https:\/\/www.elturistatranquil.com\/ca\/peratallada-girona\/"]}]},{"@type":"ImageObject","inLanguage":"ca","@id":"https:\/\/www.elturistatranquil.com\/ca\/peratallada-girona\/#primaryimage","url":"https:\/\/www.elturistatranquil.com\/wp-content\/uploads\/F00-30-Peratallada.jpg","contentUrl":"https:\/\/www.elturistatranquil.com\/wp-content\/uploads\/F00-30-Peratallada.jpg","width":768,"height":512,"caption":"Peratallada"},{"@type":"BreadcrumbList","@id":"https:\/\/www.elturistatranquil.com\/ca\/peratallada-girona\/#breadcrumb","itemListElement":[{"@type":"ListItem","position":1,"name":"Portada","item":"https:\/\/www.elturistatranquil.com\/ca\/"},{"@type":"ListItem","position":2,"name":"Peratallada (Girona)"}]},{"@type":"WebSite","@id":"https:\/\/www.elturistatranquil.com\/ca\/#website","url":"https:\/\/www.elturistatranquil.com\/ca\/","name":"El turista tranquil","description":"Blog de viatges","potentialAction":[{"@type":"SearchAction","target":{"@type":"EntryPoint","urlTemplate":"https:\/\/www.elturistatranquil.com\/ca\/?s={search_term_string}"},"query-input":{"@type":"PropertyValueSpecification","valueRequired":true,"valueName":"search_term_string"}}],"inLanguage":"ca"},{"@type":"Person","@id":"https:\/\/www.elturistatranquil.com\/ca\/#\/schema\/person\/16f607c3079b96ed0c530a52e6b58bb5","name":"admin","image":{"@type":"ImageObject","inLanguage":"ca","@id":"https:\/\/secure.gravatar.com\/avatar\/1fbaf22aee75fcbb29a2f97b107f95d25d3a19b7c3416105be10269872673e8d?s=96&d=mm&r=g","url":"https:\/\/secure.gravatar.com\/avatar\/1fbaf22aee75fcbb29a2f97b107f95d25d3a19b7c3416105be10269872673e8d?s=96&d=mm&r=g","contentUrl":"https:\/\/secure.gravatar.com\/avatar\/1fbaf22aee75fcbb29a2f97b107f95d25d3a19b7c3416105be10269872673e8d?s=96&d=mm&r=g","caption":"admin"}}]}},"_links":{"self":[{"href":"https:\/\/www.elturistatranquil.com\/ca\/wp-json\/wp\/v2\/posts\/25233","targetHints":{"allow":["GET"]}}],"collection":[{"href":"https:\/\/www.elturistatranquil.com\/ca\/wp-json\/wp\/v2\/posts"}],"about":[{"href":"https:\/\/www.elturistatranquil.com\/ca\/wp-json\/wp\/v2\/types\/post"}],"author":[{"embeddable":true,"href":"https:\/\/www.elturistatranquil.com\/ca\/wp-json\/wp\/v2\/users\/1"}],"replies":[{"embeddable":true,"href":"https:\/\/www.elturistatranquil.com\/ca\/wp-json\/wp\/v2\/comments?post=25233"}],"version-history":[{"count":0,"href":"https:\/\/www.elturistatranquil.com\/ca\/wp-json\/wp\/v2\/posts\/25233\/revisions"}],"wp:featuredmedia":[{"embeddable":true,"href":"https:\/\/www.elturistatranquil.com\/ca\/wp-json\/wp\/v2\/media\/25020"}],"wp:attachment":[{"href":"https:\/\/www.elturistatranquil.com\/ca\/wp-json\/wp\/v2\/media?parent=25233"}],"wp:term":[{"taxonomy":"category","embeddable":true,"href":"https:\/\/www.elturistatranquil.com\/ca\/wp-json\/wp\/v2\/categories?post=25233"},{"taxonomy":"post_tag","embeddable":true,"href":"https:\/\/www.elturistatranquil.com\/ca\/wp-json\/wp\/v2\/tags?post=25233"}],"curies":[{"name":"wp","href":"https:\/\/api.w.org\/{rel}","templated":true}]}}