{"id":2567,"date":"2018-03-18T13:36:01","date_gmt":"2018-03-18T12:36:01","guid":{"rendered":"https:\/\/www.elturistatranquil.com\/?p=2567"},"modified":"2020-06-29T12:23:00","modified_gmt":"2020-06-29T10:23:00","slug":"cueva-de-la-pileta","status":"publish","type":"post","link":"https:\/\/www.elturistatranquil.com\/ca\/cueva-de-la-pileta\/","title":{"rendered":"Cueva de La Pileta (M\u00e1laga)"},"content":{"rendered":"\t\t<div data-elementor-type=\"wp-post\" data-elementor-id=\"2567\" class=\"elementor elementor-2567 elementor-2480\" data-elementor-post-type=\"post\">\n\t\t\t\t\t\t<section class=\"elementor-section elementor-top-section elementor-element elementor-element-30ba13ab elementor-section-boxed elementor-section-height-default elementor-section-height-default\" data-id=\"30ba13ab\" data-element_type=\"section\" data-e-type=\"section\">\n\t\t\t\t\t\t<div class=\"elementor-container elementor-column-gap-default\">\n\t\t\t\t\t<div class=\"elementor-column elementor-col-100 elementor-top-column elementor-element elementor-element-393649ec\" data-id=\"393649ec\" data-element_type=\"column\" data-e-type=\"column\">\n\t\t\t<div class=\"elementor-widget-wrap elementor-element-populated\">\n\t\t\t\t\t\t<section class=\"elementor-section elementor-inner-section elementor-element elementor-element-37780a3a elementor-section-content-middle elementor-section-boxed elementor-section-height-default elementor-section-height-default\" data-id=\"37780a3a\" data-element_type=\"section\" data-e-type=\"section\">\n\t\t\t\t\t\t<div class=\"elementor-container elementor-column-gap-default\">\n\t\t\t\t\t<div class=\"elementor-column elementor-col-100 elementor-inner-column elementor-element elementor-element-6d0e85b2\" data-id=\"6d0e85b2\" data-element_type=\"column\" data-e-type=\"column\">\n\t\t\t<div class=\"elementor-widget-wrap elementor-element-populated\">\n\t\t\t\t\t\t<div class=\"elementor-element elementor-element-ea9019c elementor-widget elementor-widget-text-editor\" data-id=\"ea9019c\" data-element_type=\"widget\" data-e-type=\"widget\" data-widget_type=\"text-editor.default\">\n\t\t\t\t<div class=\"elementor-widget-container\">\n\t\t\t\t\t\t\t\t\t<p>Entrar a la <em>Cueva de la Pileta<\/em> (Benaoj\u00e1n, M\u00e0laga) \u00e9s endinsar-se 500 metres en 20.000 anys d&#8217;hist\u00f2ria, en un temple de la pintura mural llevantina, envoltats per una arquitectura natural c\u00e0rstica.<\/p>\t\t\t\t\t\t\t\t<\/div>\n\t\t\t\t<\/div>\n\t\t\t\t\t<\/div>\n\t\t<\/div>\n\t\t\t\t\t<\/div>\n\t\t<\/section>\n\t\t\t\t<div class=\"elementor-element elementor-element-2453f42c elementor-widget elementor-widget-heading\" data-id=\"2453f42c\" data-element_type=\"widget\" data-e-type=\"widget\" data-widget_type=\"heading.default\">\n\t\t\t\t<div class=\"elementor-widget-container\">\n\t\t\t\t\t<h1 class=\"elementor-heading-title elementor-size-default\">Cueva de La Pileta<\/h1>\t\t\t\t<\/div>\n\t\t\t\t<\/div>\n\t\t\t\t\t<\/div>\n\t\t<\/div>\n\t\t\t\t\t<\/div>\n\t\t<\/section>\n\t\t\t\t<section class=\"elementor-section elementor-top-section elementor-element elementor-element-3ea78a74 elementor-section-boxed elementor-section-height-default elementor-section-height-default\" data-id=\"3ea78a74\" data-element_type=\"section\" data-e-type=\"section\">\n\t\t\t\t\t\t<div class=\"elementor-container elementor-column-gap-default\">\n\t\t\t\t\t<div class=\"elementor-column elementor-col-100 elementor-top-column elementor-element elementor-element-7be52abd\" data-id=\"7be52abd\" data-element_type=\"column\" data-e-type=\"column\">\n\t\t\t<div class=\"elementor-widget-wrap elementor-element-populated\">\n\t\t\t\t\t\t<div class=\"elementor-element elementor-element-30bc0d13 elementor-widget elementor-widget-image\" data-id=\"30bc0d13\" data-element_type=\"widget\" data-e-type=\"widget\" data-widget_type=\"image.default\">\n\t\t\t\t<div class=\"elementor-widget-container\">\n\t\t\t\t\t\t\t\t\t\t\t\t<figure class=\"wp-caption\">\n\t\t\t\t\t\t\t\t\t\t<img fetchpriority=\"high\" decoding=\"async\" width=\"800\" height=\"534\" src=\"https:\/\/www.elturistatranquil.com\/wp-content\/uploads\/F01Cueva-de-La-Pileta-entrada.jpg\" class=\"attachment-large size-large wp-image-2481\" alt=\"Cueva de la pileta entrada\" srcset=\"https:\/\/www.elturistatranquil.com\/wp-content\/uploads\/F01Cueva-de-La-Pileta-entrada.jpg 800w, https:\/\/www.elturistatranquil.com\/wp-content\/uploads\/F01Cueva-de-La-Pileta-entrada-768x513.jpg 768w\" sizes=\"(max-width: 800px) 100vw, 800px\" \/>\t\t\t\t\t\t\t\t\t\t\t<figcaption class=\"widget-image-caption wp-caption-text\">Entrada a la Cueva de La Pileta (<a href=\"http:\/\/www.malaga.es\/es\/turismo\/naturaleza\/cnl-111\/lis_cd-1691\/cueva-pileta\">Diputaci\u00f3n de M\u00e1laga<\/a>)<\/figcaption>\n\t\t\t\t\t\t\t\t\t\t<\/figure>\n\t\t\t\t\t\t\t\t\t<\/div>\n\t\t\t\t<\/div>\n\t\t\t\t<div class=\"elementor-element elementor-element-469791df elementor-widget elementor-widget-spacer\" data-id=\"469791df\" data-element_type=\"widget\" data-e-type=\"widget\" data-widget_type=\"spacer.default\">\n\t\t\t\t<div class=\"elementor-widget-container\">\n\t\t\t\t\t\t\t<div class=\"elementor-spacer\">\n\t\t\t<div class=\"elementor-spacer-inner\"><\/div>\n\t\t<\/div>\n\t\t\t\t\t\t<\/div>\n\t\t\t\t<\/div>\n\t\t\t\t<div class=\"elementor-element elementor-element-7d4b1a3e elementor-widget elementor-widget-heading\" data-id=\"7d4b1a3e\" data-element_type=\"widget\" data-e-type=\"widget\" data-widget_type=\"heading.default\">\n\t\t\t\t<div class=\"elementor-widget-container\">\n\t\t\t\t\t<h2 class=\"elementor-heading-title elementor-size-default\">Cueva de La Pileta<\/h2>\t\t\t\t<\/div>\n\t\t\t\t<\/div>\n\t\t\t\t<section class=\"elementor-section elementor-inner-section elementor-element elementor-element-cff31af elementor-section-boxed elementor-section-height-default elementor-section-height-default\" data-id=\"cff31af\" data-element_type=\"section\" data-e-type=\"section\" data-settings=\"{&quot;background_background&quot;:&quot;classic&quot;}\">\n\t\t\t\t\t\t<div class=\"elementor-container elementor-column-gap-default\">\n\t\t\t\t\t<div class=\"elementor-column elementor-col-100 elementor-inner-column elementor-element elementor-element-47ac1ae0\" data-id=\"47ac1ae0\" data-element_type=\"column\" data-e-type=\"column\" data-settings=\"{&quot;background_background&quot;:&quot;classic&quot;}\">\n\t\t\t<div class=\"elementor-widget-wrap elementor-element-populated\">\n\t\t\t\t\t\t<div class=\"elementor-element elementor-element-2c1b51e9 elementor-widget elementor-widget-text-editor\" data-id=\"2c1b51e9\" data-element_type=\"widget\" data-e-type=\"widget\" data-widget_type=\"text-editor.default\">\n\t\t\t\t<div class=\"elementor-widget-container\">\n\t\t\t\t\t\t\t\t\t<p>Municipi: Benaoj\u00e1n. Comarca: Serran\u00eda de Ronda. ProvIncia: M\u00e1laga. Com. Aut\u00f3noma: Andaluc\u00eda<\/p>\t\t\t\t\t\t\t\t<\/div>\n\t\t\t\t<\/div>\n\t\t\t\t<div class=\"elementor-element elementor-element-24adb3aa elementor-widget elementor-widget-text-editor\" data-id=\"24adb3aa\" data-element_type=\"widget\" data-e-type=\"widget\" data-widget_type=\"text-editor.default\">\n\t\t\t\t<div class=\"elementor-widget-container\">\n\t\t\t\t\t\t\t\t\t<p>Coordenades: 36<sup>o<\/sup> 41\u00b4 33.06&#8243; N; 5<sup>o<\/sup> 16\u00b4 7.51&#8243;O<\/p>\t\t\t\t\t\t\t\t<\/div>\n\t\t\t\t<\/div>\n\t\t\t\t<div class=\"elementor-element elementor-element-54c8827f elementor-widget elementor-widget-text-editor\" data-id=\"54c8827f\" data-element_type=\"widget\" data-e-type=\"widget\" data-widget_type=\"text-editor.default\">\n\t\t\t\t<div class=\"elementor-widget-container\">\n\t\t\t\t\t\t\t\t\t<p>Web oficial: infocuevadelapileta@yahoo.es;\u00a0<a href=\"http:\/\/www.cuevadelapileta.org\/\" target=\"_blank\" rel=\"noopener\">www.cuevadelapileta.org<\/a><\/p>\t\t\t\t\t\t\t\t<\/div>\n\t\t\t\t<\/div>\n\t\t\t\t<div class=\"elementor-element elementor-element-3aade98f elementor-widget elementor-widget-text-editor\" data-id=\"3aade98f\" data-element_type=\"widget\" data-e-type=\"widget\" data-widget_type=\"text-editor.default\">\n\t\t\t\t<div class=\"elementor-widget-container\">\n\t\t\t\t\t\t\t\t\t<p>No est\u00e0 perm\u00e8s fer fotografies dins de la cova.<\/p>\t\t\t\t\t\t\t\t<\/div>\n\t\t\t\t<\/div>\n\t\t\t\t<div class=\"elementor-element elementor-element-644f6636 elementor-widget elementor-widget-text-editor\" data-id=\"644f6636\" data-element_type=\"widget\" data-e-type=\"widget\" data-widget_type=\"text-editor.default\">\n\t\t\t\t<div class=\"elementor-widget-container\">\n\t\t\t\t\t\t\t\t\t<p>Estada: 2009<\/p>\t\t\t\t\t\t\t\t<\/div>\n\t\t\t\t<\/div>\n\t\t\t\t\t<\/div>\n\t\t<\/div>\n\t\t\t\t\t<\/div>\n\t\t<\/section>\n\t\t\t\t<div class=\"elementor-element elementor-element-17dc3692 elementor-widget elementor-widget-image\" data-id=\"17dc3692\" data-element_type=\"widget\" data-e-type=\"widget\" data-widget_type=\"image.default\">\n\t\t\t\t<div class=\"elementor-widget-container\">\n\t\t\t\t\t\t\t\t\t\t\t\t<figure class=\"wp-caption\">\n\t\t\t\t\t\t\t\t\t\t<img decoding=\"async\" width=\"768\" height=\"535\" src=\"https:\/\/www.elturistatranquil.com\/wp-content\/uploads\/F02-Cueva-de-La-Pileta-situaci\u00f3m-768x535.jpg\" class=\"attachment-medium_large size-medium_large wp-image-2483\" alt=\"\" srcset=\"https:\/\/www.elturistatranquil.com\/wp-content\/uploads\/F02-Cueva-de-La-Pileta-situaci\u00f3m-768x535.jpg 768w, https:\/\/www.elturistatranquil.com\/wp-content\/uploads\/F02-Cueva-de-La-Pileta-situaci\u00f3m.jpg 800w\" sizes=\"(max-width: 768px) 100vw, 768px\" \/>\t\t\t\t\t\t\t\t\t\t\t<figcaption class=\"widget-image-caption wp-caption-text\">Situaci\u00f3 de la Cueva de la Pileta a la prov\u00edncia de M\u00e1laga (Google maps 15-02-2018)<\/figcaption>\n\t\t\t\t\t\t\t\t\t\t<\/figure>\n\t\t\t\t\t\t\t\t\t<\/div>\n\t\t\t\t<\/div>\n\t\t\t\t<section class=\"elementor-section elementor-inner-section elementor-element elementor-element-653dce46 elementor-section-boxed elementor-section-height-default elementor-section-height-default\" data-id=\"653dce46\" data-element_type=\"section\" data-e-type=\"section\" data-settings=\"{&quot;background_background&quot;:&quot;classic&quot;}\">\n\t\t\t\t\t\t<div class=\"elementor-container elementor-column-gap-default\">\n\t\t\t\t\t<div class=\"elementor-column elementor-col-100 elementor-inner-column elementor-element elementor-element-1f368d2d\" data-id=\"1f368d2d\" data-element_type=\"column\" data-e-type=\"column\">\n\t\t\t<div class=\"elementor-widget-wrap elementor-element-populated\">\n\t\t\t\t\t\t<div class=\"elementor-element elementor-element-6a4a6dd9 elementor-widget elementor-widget-menu-anchor\" data-id=\"6a4a6dd9\" data-element_type=\"widget\" data-e-type=\"widget\" data-widget_type=\"menu-anchor.default\">\n\t\t\t\t<div class=\"elementor-widget-container\">\n\t\t\t\t\t\t\t<div class=\"elementor-menu-anchor\" id=\"b0601\"><\/div>\n\t\t\t\t\t\t<\/div>\n\t\t\t\t<\/div>\n\t\t\t\t<div class=\"elementor-element elementor-element-da31be0 elementor-widget elementor-widget-text-editor\" data-id=\"da31be0\" data-element_type=\"widget\" data-e-type=\"widget\" data-widget_type=\"text-editor.default\">\n\t\t\t\t<div class=\"elementor-widget-container\">\n\t\t\t\t\t\t\t\t\t<p><strong>\u00cdndex<\/strong><\/p>\t\t\t\t\t\t\t\t<\/div>\n\t\t\t\t<\/div>\n\t\t\t\t<div class=\"elementor-element elementor-element-71b26801 elementor-widget elementor-widget-text-editor\" data-id=\"71b26801\" data-element_type=\"widget\" data-e-type=\"widget\" data-widget_type=\"text-editor.default\">\n\t\t\t\t<div class=\"elementor-widget-container\">\n\t\t\t\t\t\t\t\t\t<p><a href=\"https:\/\/www.elturistatranquil.com\/cueva-de-la-pileta\/#b0601\" target=\"_blank\" rel=\"noopener\">Cueva de la Pileta<\/a><\/p>\t\t\t\t\t\t\t\t<\/div>\n\t\t\t\t<\/div>\n\t\t\t\t<div class=\"elementor-element elementor-element-55f7d35b elementor-widget elementor-widget-text-editor\" data-id=\"55f7d35b\" data-element_type=\"widget\" data-e-type=\"widget\" data-widget_type=\"text-editor.default\">\n\t\t\t\t<div class=\"elementor-widget-container\">\n\t\t\t\t\t\t\t\t\t<p style=\"padding-left: 30px;\"><a href=\"https:\/\/www.elturistatranquil.com\/cueva-de-la-pileta\/#b0602\" target=\"_blank\" rel=\"noopener\">Emoci\u00f3<\/a><a href=\"https:\/\/www.elturistatranquil.com\/cueva-de-la-pileta\/#b0602\" target=\"_blank\" rel=\"noopener\"> de la visita<\/a><\/p>\t\t\t\t\t\t\t\t<\/div>\n\t\t\t\t<\/div>\n\t\t\t\t<div class=\"elementor-element elementor-element-5393e74f elementor-widget elementor-widget-text-editor\" data-id=\"5393e74f\" data-element_type=\"widget\" data-e-type=\"widget\" data-widget_type=\"text-editor.default\">\n\t\t\t\t<div class=\"elementor-widget-container\">\n\t\t\t\t\t\t\t\t\t<p style=\"padding-left: 30px;\"><a href=\"https:\/\/www.elturistatranquil.com\/cueva-de-la-pileta\/#b0603\" target=\"_blank\" rel=\"noopener\">Morfologia de la Galer\u00eda Principal<\/a><\/p>\t\t\t\t\t\t\t\t<\/div>\n\t\t\t\t<\/div>\n\t\t\t\t<div class=\"elementor-element elementor-element-2d3c34ed elementor-widget elementor-widget-text-editor\" data-id=\"2d3c34ed\" data-element_type=\"widget\" data-e-type=\"widget\" data-widget_type=\"text-editor.default\">\n\t\t\t\t<div class=\"elementor-widget-container\">\n\t\t\t\t\t\t\t\t\t<p style=\"padding-left: 30px;\"><a href=\"https:\/\/www.elturistatranquil.com\/cueva-de-la-pileta\/#b0604\" target=\"_blank\" rel=\"noopener\">Ocupaci\u00f3 de la cova i seq\u00fc\u00e8ncia cronocultural<\/a><\/p>\t\t\t\t\t\t\t\t<\/div>\n\t\t\t\t<\/div>\n\t\t\t\t<div class=\"elementor-element elementor-element-30af8d7a elementor-widget elementor-widget-text-editor\" data-id=\"30af8d7a\" data-element_type=\"widget\" data-e-type=\"widget\" data-widget_type=\"text-editor.default\">\n\t\t\t\t<div class=\"elementor-widget-container\">\n\t\t\t\t\t\t\t\t\t<p style=\"padding-left: 30px;\"><a href=\"https:\/\/www.elturistatranquil.com\/cueva-de-la-pileta\/#b0605\" target=\"_blank\" rel=\"noopener\">Arqueologia<\/a><\/p>\t\t\t\t\t\t\t\t<\/div>\n\t\t\t\t<\/div>\n\t\t\t\t<div class=\"elementor-element elementor-element-464a6c09 elementor-widget elementor-widget-text-editor\" data-id=\"464a6c09\" data-element_type=\"widget\" data-e-type=\"widget\" data-widget_type=\"text-editor.default\">\n\t\t\t\t<div class=\"elementor-widget-container\">\n\t\t\t\t\t\t\t\t\t<p style=\"padding-left: 30px;\"><a href=\"https:\/\/www.elturistatranquil.com\/cueva-de-la-pileta\/#b0606\" target=\"_blank\" rel=\"noopener\">Les Pintures<\/a><\/p>\t\t\t\t\t\t\t\t<\/div>\n\t\t\t\t<\/div>\n\t\t\t\t<div class=\"elementor-element elementor-element-493e3ced elementor-widget elementor-widget-text-editor\" data-id=\"493e3ced\" data-element_type=\"widget\" data-e-type=\"widget\" data-widget_type=\"text-editor.default\">\n\t\t\t\t<div class=\"elementor-widget-container\">\n\t\t\t\t\t\t\t\t\t<p><a href=\"https:\/\/www.elturistatranquil.com\/cueva-de-la-pileta\/#b0607\" target=\"_blank\" rel=\"noopener\">Bases d&#8217;informaci\u00f3<\/a><\/p>\t\t\t\t\t\t\t\t<\/div>\n\t\t\t\t<\/div>\n\t\t\t\t<div class=\"elementor-element elementor-element-1c5b5efa elementor-widget elementor-widget-spacer\" data-id=\"1c5b5efa\" data-element_type=\"widget\" data-e-type=\"widget\" data-widget_type=\"spacer.default\">\n\t\t\t\t<div class=\"elementor-widget-container\">\n\t\t\t\t\t\t\t<div class=\"elementor-spacer\">\n\t\t\t<div class=\"elementor-spacer-inner\"><\/div>\n\t\t<\/div>\n\t\t\t\t\t\t<\/div>\n\t\t\t\t<\/div>\n\t\t\t\t\t<\/div>\n\t\t<\/div>\n\t\t\t\t\t<\/div>\n\t\t<\/section>\n\t\t\t\t<div class=\"elementor-element elementor-element-383ed1d2 elementor-widget elementor-widget-spacer\" data-id=\"383ed1d2\" data-element_type=\"widget\" data-e-type=\"widget\" data-widget_type=\"spacer.default\">\n\t\t\t\t<div class=\"elementor-widget-container\">\n\t\t\t\t\t\t\t<div class=\"elementor-spacer\">\n\t\t\t<div class=\"elementor-spacer-inner\"><\/div>\n\t\t<\/div>\n\t\t\t\t\t\t<\/div>\n\t\t\t\t<\/div>\n\t\t\t\t<div class=\"elementor-element elementor-element-2236f56 elementor-widget elementor-widget-heading\" data-id=\"2236f56\" data-element_type=\"widget\" data-e-type=\"widget\" data-widget_type=\"heading.default\">\n\t\t\t\t<div class=\"elementor-widget-container\">\n\t\t\t\t\t<h2 class=\"elementor-heading-title elementor-size-default\">Cueva de La Pileta<\/h2>\t\t\t\t<\/div>\n\t\t\t\t<\/div>\n\t\t\t\t<div class=\"elementor-element elementor-element-11ba4bc2 elementor-widget elementor-widget-text-editor\" data-id=\"11ba4bc2\" data-element_type=\"widget\" data-e-type=\"widget\" data-widget_type=\"text-editor.default\">\n\t\t\t\t<div class=\"elementor-widget-container\">\n\t\t\t\t\t\t\t\t\t<p>A l\u2019interior de la prov\u00edncia de M\u00e1laga, i a uns 25 km de Ronda, podem participar d\u2019una experi\u00e8ncia inoblidable com \u00e9s visitar la llar dels habitants de la zona de fa uns 20.000 anys. Es tracta de la <em>Cueva de La Pileta<\/em>.<\/p><p>Est\u00e0 situada, a 710 m d&#8217;altitud, a la vessant oriental de la <em>Sierra de L\u00edbar<\/em>, al sud del <em>Parque Natural de la Sierra de Grazalema<\/em> i al sud de la poblaci\u00f3 de <em>Benaoj\u00e1n<\/em>. \u00c9s una de les zones de major pluviositat d\u2019Espanya i a l\u2019actuar l\u2019aigua sobre materials calcaris de la zona dona lloc al caracter\u00edstic paisatge k\u00e0rstic propi de terrenys calcaris, que, per l\u2019erosi\u00f3 per dissoluci\u00f3 de l\u2019aigua, dona lloc a coves i avencs, aix\u00f2 fa que a la zona siguin nombroses les coves. El sistema de galeries que conformen la cova de <em>La Pileta<\/em> representa un antic sistema de drenatge subterrani que permetia la circulaci\u00f3 de les aig\u00fces a l&#8217;interior del mass\u00eds de la <em>Sierra de L\u00edbar<\/em> cap al llit del riu <em>Guadiaro<\/em>.<\/p><p>S&#8217;accedeix al lloc per un desviament senyalitzat al Km. 4,5 de la carretera que va de <em>Benaoj\u00e1n<\/em> a <em>Cortes de la Frontera<\/em> (MA-8401), el qual condueix a una esplanada on estacionar els vehicles. L\u2019entrada a la cova est\u00e0 situada enlairada a la paret de la muntanya. Per arribar-hi es puja per un cam\u00ed-escala de pedra a uns 10 minuts de l\u2019aparcament.<\/p>\t\t\t\t\t\t\t\t<\/div>\n\t\t\t\t<\/div>\n\t\t\t\t<div class=\"elementor-element elementor-element-2c6d19dc elementor-widget elementor-widget-image\" data-id=\"2c6d19dc\" data-element_type=\"widget\" data-e-type=\"widget\" data-widget_type=\"image.default\">\n\t\t\t\t<div class=\"elementor-widget-container\">\n\t\t\t\t\t\t\t\t\t\t\t\t<figure class=\"wp-caption\">\n\t\t\t\t\t\t\t\t\t\t<img decoding=\"async\" width=\"800\" height=\"533\" src=\"https:\/\/www.elturistatranquil.com\/wp-content\/uploads\/F03Cueva-de-La-Pileta-alededores.jpg\" class=\"attachment-large size-large wp-image-2484\" alt=\"Cueva de La Pileta entorno\" srcset=\"https:\/\/www.elturistatranquil.com\/wp-content\/uploads\/F03Cueva-de-La-Pileta-alededores.jpg 800w, https:\/\/www.elturistatranquil.com\/wp-content\/uploads\/F03Cueva-de-La-Pileta-alededores-768x512.jpg 768w\" sizes=\"(max-width: 800px) 100vw, 800px\" \/>\t\t\t\t\t\t\t\t\t\t\t<figcaption class=\"widget-image-caption wp-caption-text\">Panor\u00e0mica des de l\u2019entrada de la Cueva de La Pileta  (Foto de <a href=\"https:\/\/www.flickr.com\/photos\/carrascox\/4241570328\/\"> Antonio Carrasco <\/a>)<\/figcaption>\n\t\t\t\t\t\t\t\t\t\t<\/figure>\n\t\t\t\t\t\t\t\t\t<\/div>\n\t\t\t\t<\/div>\n\t\t\t\t<div class=\"elementor-element elementor-element-f5c1f43 elementor-widget elementor-widget-image\" data-id=\"f5c1f43\" data-element_type=\"widget\" data-e-type=\"widget\" data-widget_type=\"image.default\">\n\t\t\t\t<div class=\"elementor-widget-container\">\n\t\t\t\t\t\t\t\t\t\t\t\t<figure class=\"wp-caption\">\n\t\t\t\t\t\t\t\t\t\t<img loading=\"lazy\" decoding=\"async\" width=\"800\" height=\"534\" src=\"https:\/\/www.elturistatranquil.com\/wp-content\/uploads\/F04-Cueva-de-La-Pileta-subida.jpg\" class=\"attachment-large size-large wp-image-2485\" alt=\"\" srcset=\"https:\/\/www.elturistatranquil.com\/wp-content\/uploads\/F04-Cueva-de-La-Pileta-subida.jpg 800w, https:\/\/www.elturistatranquil.com\/wp-content\/uploads\/F04-Cueva-de-La-Pileta-subida-768x513.jpg 768w\" sizes=\"(max-width: 800px) 100vw, 800px\" \/>\t\t\t\t\t\t\t\t\t\t\t<figcaption class=\"widget-image-caption wp-caption-text\">Acc\u00e9s a La Pileta (Foto de <a href=\"https:\/\/www.flickr.com\/photos\/79023099@N00\/3668521919\"> Larry Wentzel <\/a>)<\/figcaption>\n\t\t\t\t\t\t\t\t\t\t<\/figure>\n\t\t\t\t\t\t\t\t\t<\/div>\n\t\t\t\t<\/div>\n\t\t\t\t<div class=\"elementor-element elementor-element-39fc1d49 elementor-widget elementor-widget-text-editor\" data-id=\"39fc1d49\" data-element_type=\"widget\" data-e-type=\"widget\" data-widget_type=\"text-editor.default\">\n\t\t\t\t<div class=\"elementor-widget-container\">\n\t\t\t\t\t\t\t\t\t<p>\u00a0La cova va ser descoberta el 1905 per Jos\u00e9 Bull\u00f3n Lobato, un pag\u00e8s de la zona que va observar que d\u2019una cavitat de la paret de la muntanya sortien cada vespre esbarts de ratpenats. Si va atansar per buscar guano (acumulaci\u00f3 massiva d&#8217;excrements de ratpenats i altres animals que s\u00f3n un bon adob pels cultius) amb el que adobar les terres. L&#8217;avenc va resultar ser un acc\u00e9s a una gran cova que el va meravellar, i en la qual va trobar ossos, atuells de cer\u00e0mica i pintures en les parets representant animals i uns signes que mai havia vist.<\/p><p>Jos\u00e9 Bull\u00f3n es va dedicar a explorar la cova i va quedar fascinat, fascinaci\u00f3 que va trametre a la seva fam\u00edlia, de manera que, des de llavors, les successives generacions de la nissaga Bull\u00f3n han mantingut la guarda i conservaci\u00f3 de la cova. Entre 1909 i 1912 va ser explorada i estudiada por <a href=\"https:\/\/es.wikipedia.org\/w\/index.php?title=Willoughby_Verner&amp;action=edit&amp;redlink=1\"><em>Willoughby Verner<\/em><\/a><em>, <\/em><a href=\"https:\/\/es.wikipedia.org\/wiki\/Henri_Breuil\"><em>Henri Breuil<\/em><\/a><em>, <\/em><a href=\"https:\/\/es.wikipedia.org\/wiki\/Hugo_Obermaier\"><em>Hugo Obermaier<\/em><\/a> i <em>Juan Cabr\u00e9<\/em>. Van aconseguir que la cova de La Pileta fos declarada Monumento Arquitect\u00f3nico-Art\u00edstico el 1924 amb denominaci\u00f3 de <a href=\"https:\/\/es.wikipedia.org\/wiki\/Bien_de_Inter%C3%A9s_Cultural_(Espa%C3%B1a)\"><em>Bien de Inter\u00e9s Cultural<\/em><\/a><em> (BIC).<\/em><\/p>\t\t\t\t\t\t\t\t<\/div>\n\t\t\t\t<\/div>\n\t\t\t\t<div class=\"elementor-element elementor-element-465219fc elementor-widget elementor-widget-image\" data-id=\"465219fc\" data-element_type=\"widget\" data-e-type=\"widget\" data-widget_type=\"image.default\">\n\t\t\t\t<div class=\"elementor-widget-container\">\n\t\t\t\t\t\t\t\t\t\t\t\t<figure class=\"wp-caption\">\n\t\t\t\t\t\t\t\t\t\t<img loading=\"lazy\" decoding=\"async\" width=\"425\" height=\"600\" src=\"https:\/\/www.elturistatranquil.com\/wp-content\/uploads\/F05LaPileta-Libro.jpg\" class=\"attachment-large size-large wp-image-2486\" alt=\"Cueva de La Pileta Libro\" \/>\t\t\t\t\t\t\t\t\t\t\t<figcaption class=\"widget-image-caption wp-caption-text\">Portada del llibre de Jos\u00e9 Bull\u00f3n Gim\u00e9nez, La Cueva de La Pileta<\/figcaption>\n\t\t\t\t\t\t\t\t\t\t<\/figure>\n\t\t\t\t\t\t\t\t\t<\/div>\n\t\t\t\t<\/div>\n\t\t\t\t<div class=\"elementor-element elementor-element-5db579aa elementor-widget elementor-widget-text-editor\" data-id=\"5db579aa\" data-element_type=\"widget\" data-e-type=\"widget\" data-widget_type=\"text-editor.default\">\n\t\t\t\t<div class=\"elementor-widget-container\">\n\t\t\t\t\t\t\t\t\t<p>El llibre escrit per Jos\u00e9 Bull\u00f3n Gim\u00e9nez: La Cueva de La Pileta. Monumento Nacional desde 1924, \u00e9s una emocionada historia d\u2019aquesta fam\u00edlia lligada a la cova. Deixem que el darrer membre de la nissaga, Rosario Bull\u00f3n, ens aporti una visi\u00f3 sintetitzada de la significaci\u00f3 de la cova:<\/p><p>\u201cDe La Pileta he de decir que su descubrimiento tuvo una primordial relevancia en lo que hasta entonces se conoc\u00eda en el sur de Europa referente al estilo Cant\u00e1brico. Adem\u00e1s de esto, la importancia de La Pileta reside en la cantidad y diversidad de arte pict\u00f3rico-parietal representado, que se inicia en el Paleol\u00edtico Superior Auri\u00f1aciense y llega hasta la Edad de Bronce, habiendo asentamientos en los periodos intermedios, como confirma la existencia de pinturas y material l\u00edtico, eso s\u00ed, de forma intermitente. En su interior podemos encontrar pinturas realistas, de estilo franco-cant\u00e1brico, grabados paleol\u00edticos y arte esquem\u00e1tico (neol\u00edtico) de distintas \u00e9pocas, levantinos, Ibero-saharianos, etc.<\/p><p>La situaci\u00f3n geogr\u00e1fica de la cavidad en un punto estrat\u00e9gico del Valle del Guadiaro, permit\u00eda a los pobladores de La Pileta no tener que desplazarse en demas\u00eda para obtener los recursos necesarios para sobrevivir. Es, adem\u00e1s, una zona de paso casi obligado desde el Campo de Gibraltar hacia la zona del interior. Por ello se baraja la hip\u00f3tesis de que La Pileta fuera un n\u00facleo de santuarios, como as\u00ed indican los descubrimientos de menor importancia hallados en los alrededores del enclave.<\/p>\t\t\t\t\t\t\t\t<\/div>\n\t\t\t\t<\/div>\n\t\t\t\t<div class=\"elementor-element elementor-element-23a07364 elementor-widget elementor-widget-menu-anchor\" data-id=\"23a07364\" data-element_type=\"widget\" data-e-type=\"widget\" data-widget_type=\"menu-anchor.default\">\n\t\t\t\t<div class=\"elementor-widget-container\">\n\t\t\t\t\t\t\t<div class=\"elementor-menu-anchor\" id=\"b0102\"><\/div>\n\t\t\t\t\t\t<\/div>\n\t\t\t\t<\/div>\n\t\t\t\t<div class=\"elementor-element elementor-element-776e687e elementor-widget elementor-widget-text-editor\" data-id=\"776e687e\" data-element_type=\"widget\" data-e-type=\"widget\" data-widget_type=\"text-editor.default\">\n\t\t\t\t<div class=\"elementor-widget-container\">\n\t\t\t\t\t\t\t\t\t<p>De las formaciones geol\u00f3gicas de La Pileta hay que destacar que, a pesar del paso del hombre prehist\u00f3rico, con la consecuente erosi\u00f3n, la belleza de la cavidad no tiene l\u00edmites, por la existencia adem\u00e1s de zonas v\u00edrgenes, que deja perplejo al ge\u00f3logo m\u00e1s experimentado\u2026.<\/p><p>La cueva de La Pileta fue y sigue siendo un referente para el estudio de la prehistoria mundial, porque en ella se encuentran vestigios de todas las cultures\u201d pp. 9-10<\/p>\t\t\t\t\t\t\t\t<\/div>\n\t\t\t\t<\/div>\n\t\t\t\t<div class=\"elementor-element elementor-element-64ea8e64 elementor-widget elementor-widget-heading\" data-id=\"64ea8e64\" data-element_type=\"widget\" data-e-type=\"widget\" data-widget_type=\"heading.default\">\n\t\t\t\t<div class=\"elementor-widget-container\">\n\t\t\t\t\t<h3 class=\"elementor-heading-title elementor-size-default\">Emoci\u00f3 de la visita\n<\/h3>\t\t\t\t<\/div>\n\t\t\t\t<\/div>\n\t\t\t\t<div class=\"elementor-element elementor-element-1dbe1554 elementor-widget elementor-widget-text-editor\" data-id=\"1dbe1554\" data-element_type=\"widget\" data-e-type=\"widget\" data-widget_type=\"text-editor.default\">\n\t\t\t\t<div class=\"elementor-widget-container\">\n\t\t\t\t\t\t\t\t\t<p>\u00a0<\/p><p>Endinsar-se en les entranyes de la cova i veure tots aquells gravats a les parets i pensar la de milers d\u2019anys que fa alg\u00fa com nosaltres, i a la vegades en unes condicions tan diferents a les nostres, haguessin expressat els seus sentiments gr\u00e0ficament, i que nosaltres ara els puguem admirar, provoca una emoci\u00f3 indescriptible. Al mateix temps incita a multitud de q\u00fcestions sobre les seves condicions de vida, sobre la dimensi\u00f3 dels grups, sobre la funci\u00f3 de les representacions, o sobre aspectes de la seva vida quotidiana: com vivien all\u00e0 dintre, com s\u2019il\u00b7luminaven en aquelles profunditats, com arribaven a l\u2019entrada situada a aquella al\u00e7ada en un paret quasi vertical, etc. Tamb\u00e9 et preguntes com devia ser l\u2019entorn de flora i fauna en relaci\u00f3 a l\u2019actual.<\/p>\t\t\t\t\t\t\t\t<\/div>\n\t\t\t\t<\/div>\n\t\t\t\t<div class=\"elementor-element elementor-element-59c19054 elementor-widget elementor-widget-image\" data-id=\"59c19054\" data-element_type=\"widget\" data-e-type=\"widget\" data-widget_type=\"image.default\">\n\t\t\t\t<div class=\"elementor-widget-container\">\n\t\t\t\t\t\t\t\t\t\t\t\t<figure class=\"wp-caption\">\n\t\t\t\t\t\t\t\t\t\t<img loading=\"lazy\" decoding=\"async\" width=\"800\" height=\"450\" src=\"https:\/\/www.elturistatranquil.com\/wp-content\/uploads\/F06Cueva-de-La-Pileta-linternas.jpg\" class=\"attachment-large size-large wp-image-2487\" alt=\"\" srcset=\"https:\/\/www.elturistatranquil.com\/wp-content\/uploads\/F06Cueva-de-La-Pileta-linternas.jpg 800w, https:\/\/www.elturistatranquil.com\/wp-content\/uploads\/F06Cueva-de-La-Pileta-linternas-768x432.jpg 768w\" sizes=\"(max-width: 800px) 100vw, 800px\" \/>\t\t\t\t\t\t\t\t\t\t\t<figcaption class=\"widget-image-caption wp-caption-text\">Amb aquestes llums es fa el recorregut per la cova. Sembla que actualment les han substitu\u00efdes per leds  (<a href=\"http:\/\/www.malaga.es\/es\/turismo\/naturaleza\/cnl-111\/lis_cd-1691\/cueva-pileta\">Diputaci\u00f3n de M\u00e1laga<\/a>)<\/figcaption>\n\t\t\t\t\t\t\t\t\t\t<\/figure>\n\t\t\t\t\t\t\t\t\t<\/div>\n\t\t\t\t<\/div>\n\t\t\t\t<div class=\"elementor-element elementor-element-4a30c98c elementor-widget elementor-widget-image\" data-id=\"4a30c98c\" data-element_type=\"widget\" data-e-type=\"widget\" data-widget_type=\"image.default\">\n\t\t\t\t<div class=\"elementor-widget-container\">\n\t\t\t\t\t\t\t\t\t\t\t\t<figure class=\"wp-caption\">\n\t\t\t\t\t\t\t\t\t\t<img loading=\"lazy\" decoding=\"async\" width=\"800\" height=\"450\" src=\"https:\/\/www.elturistatranquil.com\/wp-content\/uploads\/F07Cueva-de-La-Pileta-interior.jpg\" class=\"attachment-large size-large wp-image-2488\" alt=\"\" srcset=\"https:\/\/www.elturistatranquil.com\/wp-content\/uploads\/F07Cueva-de-La-Pileta-interior.jpg 800w, https:\/\/www.elturistatranquil.com\/wp-content\/uploads\/F07Cueva-de-La-Pileta-interior-768x432.jpg 768w\" sizes=\"(max-width: 800px) 100vw, 800px\" \/>\t\t\t\t\t\t\t\t\t\t\t<figcaption class=\"widget-image-caption wp-caption-text\">Entrant a la cova a la llum del fanal  (<a href=\"http:\/\/www.malaga.es\/es\/turismo\/naturaleza\/cnl-111\/lis_cd-1691\/cueva-pileta\">Diputaci\u00f3n de M\u00e1laga<\/a>)<\/figcaption>\n\t\t\t\t\t\t\t\t\t\t<\/figure>\n\t\t\t\t\t\t\t\t\t<\/div>\n\t\t\t\t<\/div>\n\t\t\t\t<div class=\"elementor-element elementor-element-7497eb91 elementor-widget elementor-widget-text-editor\" data-id=\"7497eb91\" data-element_type=\"widget\" data-e-type=\"widget\" data-widget_type=\"text-editor.default\">\n\t\t\t\t<div class=\"elementor-widget-container\">\n\t\t\t\t\t\t\t\t\t<p>Un aspecte que ajuda a endinsar-se m\u00ednimament en les condicions passades \u00e9s que, per il\u00b7luminar-se durant el recorregut, es reparteixen unes quantes llums entre els visitats, que es distribueixen al llarg de la filera d\u2019un m\u00e0xim de 25 persones per visita. Vaig tenir l\u2019oportunitat de portar una d\u2019aquelles llums que segur que il\u00b7luminaven m\u00e9s que la d\u2019aquells avantpassats per\u00f2 que permetien avan\u00e7ar en un ambient de llums i ombres realment espectacular.<\/p><p>La cova est\u00e0 formada per 4 galeries: la <em>Galer\u00eda Principal<\/em> i 3 galeries m\u00e9s no visitables: <em>Galer\u00eda Bull\u00f3n, Galer\u00eda Lateral<\/em>\u00a0i la <em>Galer\u00eda de las Grajas<\/em>. Em referir\u00e9 doncs a la <em>Galer\u00eda Principal.<\/em><\/p><p>En fi, fem un rep\u00e0s sumari a la visita.<\/p>\t\t\t\t\t\t\t\t<\/div>\n\t\t\t\t<\/div>\n\t\t\t\t<div class=\"elementor-element elementor-element-6f83d5eb elementor-widget elementor-widget-image\" data-id=\"6f83d5eb\" data-element_type=\"widget\" data-e-type=\"widget\" data-widget_type=\"image.default\">\n\t\t\t\t<div class=\"elementor-widget-container\">\n\t\t\t\t\t\t\t\t\t\t\t\t<figure class=\"wp-caption\">\n\t\t\t\t\t\t\t\t\t\t<img loading=\"lazy\" decoding=\"async\" width=\"800\" height=\"575\" src=\"https:\/\/www.elturistatranquil.com\/wp-content\/uploads\/F08-Cueva-de-la-Pilata.jpg\" class=\"attachment-large size-large wp-image-2489\" alt=\"Cueva de la Pileta\" srcset=\"https:\/\/www.elturistatranquil.com\/wp-content\/uploads\/F08-Cueva-de-la-Pilata.jpg 800w, https:\/\/www.elturistatranquil.com\/wp-content\/uploads\/F08-Cueva-de-la-Pilata-768x552.jpg 768w\" sizes=\"(max-width: 800px) 100vw, 800px\" \/>\t\t\t\t\t\t\t\t\t\t\t<figcaption class=\"widget-image-caption wp-caption-text\">Planol de la Cueva de La Pileta (<a href=\"http:\/\/www.cuevadelapileta.org\/textos_archivos\/topo.html\"> cuevadelapileta.org<\/a>)<\/figcaption>\n\t\t\t\t\t\t\t\t\t\t<\/figure>\n\t\t\t\t\t\t\t\t\t<\/div>\n\t\t\t\t<\/div>\n\t\t\t\t<div class=\"elementor-element elementor-element-3c793dc8 elementor-widget elementor-widget-image\" data-id=\"3c793dc8\" data-element_type=\"widget\" data-e-type=\"widget\" data-widget_type=\"image.default\">\n\t\t\t\t<div class=\"elementor-widget-container\">\n\t\t\t\t\t\t\t\t\t\t\t\t<figure class=\"wp-caption\">\n\t\t\t\t\t\t\t\t\t\t<img loading=\"lazy\" decoding=\"async\" width=\"800\" height=\"601\" src=\"https:\/\/www.elturistatranquil.com\/wp-content\/uploads\/F09-Cueva-de-La-Pileta-plano.jpg\" class=\"attachment-large size-large wp-image-2490\" alt=\"\" srcset=\"https:\/\/www.elturistatranquil.com\/wp-content\/uploads\/F09-Cueva-de-La-Pileta-plano.jpg 800w, https:\/\/www.elturistatranquil.com\/wp-content\/uploads\/F09-Cueva-de-La-Pileta-plano-768x577.jpg 768w\" sizes=\"(max-width: 800px) 100vw, 800px\" \/>\t\t\t\t\t\t\t\t\t\t\t<figcaption class=\"widget-image-caption wp-caption-text\">Recorregut per  la Galer\u00eda Principal (by user:falconaumanni[<a href=\"http:\/\/www.gnu.org\/copyleft\/fdl.html\">GFDL<\/a>], <a href=\"https:\/\/commons.wikimedia.org\/wiki\/File:Pileta_plano.png#\/media\/File:Pileta_plano.png\"> via Wikimedia Commons <\/a><\/figcaption>\n\t\t\t\t\t\t\t\t\t\t<\/figure>\n\t\t\t\t\t\t\t\t\t<\/div>\n\t\t\t\t<\/div>\n\t\t\t\t<div class=\"elementor-element elementor-element-19efb9e5 elementor-widget elementor-widget-menu-anchor\" data-id=\"19efb9e5\" data-element_type=\"widget\" data-e-type=\"widget\" data-widget_type=\"menu-anchor.default\">\n\t\t\t\t<div class=\"elementor-widget-container\">\n\t\t\t\t\t\t\t<div class=\"elementor-menu-anchor\" id=\"b0603\"><\/div>\n\t\t\t\t\t\t<\/div>\n\t\t\t\t<\/div>\n\t\t\t\t<div class=\"elementor-element elementor-element-5ac9cb37 elementor-widget elementor-widget-spacer\" data-id=\"5ac9cb37\" data-element_type=\"widget\" data-e-type=\"widget\" data-widget_type=\"spacer.default\">\n\t\t\t\t<div class=\"elementor-widget-container\">\n\t\t\t\t\t\t\t<div class=\"elementor-spacer\">\n\t\t\t<div class=\"elementor-spacer-inner\"><\/div>\n\t\t<\/div>\n\t\t\t\t\t\t<\/div>\n\t\t\t\t<\/div>\n\t\t\t\t<div class=\"elementor-element elementor-element-48cb0a47 elementor-widget elementor-widget-heading\" data-id=\"48cb0a47\" data-element_type=\"widget\" data-e-type=\"widget\" data-widget_type=\"heading.default\">\n\t\t\t\t<div class=\"elementor-widget-container\">\n\t\t\t\t\t<h3 class=\"elementor-heading-title elementor-size-default\">Morfologia de la Galer\u00eda Principal<\/h3>\t\t\t\t<\/div>\n\t\t\t\t<\/div>\n\t\t\t\t<div class=\"elementor-element elementor-element-159a23d8 elementor-widget elementor-widget-text-editor\" data-id=\"159a23d8\" data-element_type=\"widget\" data-e-type=\"widget\" data-widget_type=\"text-editor.default\">\n\t\t\t\t<div class=\"elementor-widget-container\">\n\t\t\t\t\t\t\t\t\t<p>\u00a0<\/p><p>La cova te 3 obertures a l\u2019exterior. Una per on va entrar per primera vegada Jos\u00e9 Bull\u00f3n Lobato el 1905, que abocava directament a un pou profund que feia molt dif\u00edcil l\u2019acc\u00e9s. No es tracta de la entrada en sentit estricte. Fins al 1924 no va descobrir l\u2019entrada original durant la ocupaci\u00f3 prehist\u00f2rica de la cova, i que \u00e9s l\u2019entrada actual. Aquesta havia estat tapada per blocs de pedra com si en algun moment els seu habitats l\u2019haguessin clausurada.<\/p><p>Travessada l&#8217;obertura d&#8217;entrada de redu\u00efda grand\u00e0ria, ens vam incorporar en una sala d&#8217;uns 15 m de di\u00e0metre i de mitjana altura de sostre, anomenada la Sala de les Llums o dels Ratpenats, on el guia prepara la il\u00b7luminaci\u00f3 que portarem a la visita.<\/p><p>Com he dit, el recorregut visitable segueix la denominada <em>Galer\u00eda Principal<\/em> (part superior del pl\u00e0nol 1 i planol 2). Vam pujar per uns esglaons i continuant la pujada passem a una gran estada, alta de sostre d&#8217;uns 20 m i altres tants d&#8217;ample i 40 de longitud, \u00e9s la Sala del Castell arribem a la Avantcambra de la Nau Central. Les pintures rupestres s\u00f3n aqu\u00ed evidents. Continuem baixant i arribem a la Nau Central, grandiosa caverna com una catedral de 15 m d&#8217;al\u00e7ada i 42 m de longitud. Continuen mostrant-se en les parets pintures rupestres. Un corredor estret\u00edssim (las <em>Term\u00f3pilas<\/em>), ens permet observar al <em>Sal\u00f3n del Lago<\/em>.<\/p>\t\t\t\t\t\t\t\t<\/div>\n\t\t\t\t<\/div>\n\t\t\t\t<div class=\"elementor-element elementor-element-771736d5 elementor-widget elementor-widget-image\" data-id=\"771736d5\" data-element_type=\"widget\" data-e-type=\"widget\" data-widget_type=\"image.default\">\n\t\t\t\t<div class=\"elementor-widget-container\">\n\t\t\t\t\t\t\t\t\t\t\t\t<figure class=\"wp-caption\">\n\t\t\t\t\t\t\t\t\t\t<img loading=\"lazy\" decoding=\"async\" width=\"395\" height=\"600\" src=\"https:\/\/www.elturistatranquil.com\/wp-content\/uploads\/F10-Cueva-de-La-Pileta-LaPileta-El-Castillo-La-Torre-de-Pisa.jpg\" class=\"attachment-large size-large wp-image-2491\" alt=\"\" \/>\t\t\t\t\t\t\t\t\t\t\t<figcaption class=\"widget-image-caption wp-caption-text\">Estalactites i estalagmites dominen el conjunt del recorregut: El Castillo, La Torre de Pisa (postal)<\/figcaption>\n\t\t\t\t\t\t\t\t\t\t<\/figure>\n\t\t\t\t\t\t\t\t\t<\/div>\n\t\t\t\t<\/div>\n\t\t\t\t<div class=\"elementor-element elementor-element-5a3d3985 elementor-widget elementor-widget-text-editor\" data-id=\"5a3d3985\" data-element_type=\"widget\" data-e-type=\"widget\" data-widget_type=\"text-editor.default\">\n\t\t\t\t<div class=\"elementor-widget-container\">\n\t\t\t\t\t\t\t\t\t<p>Baixem ara al <em>Sal\u00f3n del Lago<\/em>, hi ha un embassament d&#8217;uns tres metres de di\u00e0metre i setanta cent\u00edmetres de profunditat. Les parets continuen mostrant pintures. Pujant diversos graons entrem en una galeria estreta que t\u00e9 alguns eixamplaments que formen petites sales, \u00e9s la <em>Galer\u00eda de la Reina Mora<\/em>.<\/p><p>Continuem per el <em>Desfiladero,<\/em> un llarg corredor de vint metres i molt estret, que d\u00f3na pas a una sala de s\u00f2l en r\u00e0pida pendent, la <em>Sala Honda<\/em>. Entrem en un passad\u00eds amb grans l\u00e0mines estalagm\u00edtiques semi-transparents que, formen el <em>\u00d3rgano<\/em>.<\/p><p>A la sortida es desemboca a la <em>Sala de la Reina Mora<\/em>. Estem ja en l&#8217;avantsala del fons, que per un pas roc\u00f3s i artificial, potser obert en part per l&#8217;home primitiu, voreja els <em>Ba\u00f1os de la Reina<\/em>, fins al <em>Sal\u00f3n del Pez<\/em> i la <em>Gran Sima<\/em>.<\/p><p>El <em>Sal\u00f3n del Pez<\/em> \u00e9s la caverna m\u00e9s grandiosa de tota La Pileta. De 60 m de fons per 15 d&#8217;ample i amb una al\u00e7ada de sostre que arriba als 30 m, \u00e9s una sala plena de majestuoses formacions calc\u00e0ries, estalagmites i el sostre tot tatxonat de buits en forma d&#8217;enteixinat amb curioses concrecions de filtracions ferruginoses.<\/p>\t\t\t\t\t\t\t\t<\/div>\n\t\t\t\t<\/div>\n\t\t\t\t<div class=\"elementor-element elementor-element-4a9d0691 elementor-widget elementor-widget-menu-anchor\" data-id=\"4a9d0691\" data-element_type=\"widget\" data-e-type=\"widget\" data-widget_type=\"menu-anchor.default\">\n\t\t\t\t<div class=\"elementor-widget-container\">\n\t\t\t\t\t\t\t<div class=\"elementor-menu-anchor\" id=\"b0604\"><\/div>\n\t\t\t\t\t\t<\/div>\n\t\t\t\t<\/div>\n\t\t\t\t<div class=\"elementor-element elementor-element-6802cd8 elementor-widget elementor-widget-text-editor\" data-id=\"6802cd8\" data-element_type=\"widget\" data-e-type=\"widget\" data-widget_type=\"text-editor.default\">\n\t\t\t\t<div class=\"elementor-widget-container\">\n\t\t\t\t\t\t\t\t\t<p class=\"MsoNormal\"><span lang=\"CA\">Al fons del <i>Sal\u00f3n del Pez<\/i> hi ha uns estrets corredors (zona no visitable) entre columnes d&#8217;estalagmites que desemboquen en una plataforma de r\u00e0pida pendent sobre la Gran Sima.<\/span><\/p><p class=\"MsoNormal\"><span lang=\"CA\">Estem a uns 500 metres de l&#8217;exterior. Des d&#8217;aqu\u00ed cal refer el cam\u00ed fins a l&#8217;entrada.<\/span><\/p>\t\t\t\t\t\t\t\t<\/div>\n\t\t\t\t<\/div>\n\t\t\t\t<div class=\"elementor-element elementor-element-59fc7863 elementor-widget elementor-widget-heading\" data-id=\"59fc7863\" data-element_type=\"widget\" data-e-type=\"widget\" data-widget_type=\"heading.default\">\n\t\t\t\t<div class=\"elementor-widget-container\">\n\t\t\t\t\t<h3 class=\"elementor-heading-title elementor-size-default\">Ocupaci\u00f3 de la cova i seq\u00fc\u00e8ncia cronocultural<\/h3>\t\t\t\t<\/div>\n\t\t\t\t<\/div>\n\t\t\t\t<div class=\"elementor-element elementor-element-14d746cc elementor-widget elementor-widget-text-editor\" data-id=\"14d746cc\" data-element_type=\"widget\" data-e-type=\"widget\" data-widget_type=\"text-editor.default\">\n\t\t\t\t<div class=\"elementor-widget-container\">\n\t\t\t\t\t\t\t\t\t<p>\u00a0<\/p><p>Per entendre la forma d\u2019ocupaci\u00f3 de la cova de La Pileta, Vicente Casta\u00f1eda parteix de la premissa de que els pobladors d\u2019aquell territori eren bandes de ca\u00e7adors-recol\u00b7lectors que ocupaven el territori amb freq\u00fcentacions c\u00edcliques y apropiaci\u00f3 estacional sobre la base del nomadisme, i que podien procedir de distints territoris i medis naturals, conformant llocs d\u2019agregaci\u00f3. Aix\u00ed, les zones de muntanya s\u2019ocuparien durant las estaciones temperades (primavera i estiu), mentre que les de vall s\u2019habitarien durant les m\u00e9s rigoroses (tardor e hivern).<\/p><p>Des de la perspectiva arqueol\u00f2gica, la seq\u00fc\u00e8ncia cronocultural, permet deduir l&#8217;exist\u00e8ncia d&#8217;una seq\u00fc\u00e8ncia composta per nivells del Paleol\u00edtic mitj\u00e0, Paleol\u00edtic superior, Neol\u00edtic, Calcol\u00edtic, Edat del Bronze i Edat Mitjana.<\/p>\t\t\t\t\t\t\t\t<\/div>\n\t\t\t\t<\/div>\n\t\t\t\t<div class=\"elementor-element elementor-element-36bedcb2 elementor-widget elementor-widget-image\" data-id=\"36bedcb2\" data-element_type=\"widget\" data-e-type=\"widget\" data-widget_type=\"image.default\">\n\t\t\t\t<div class=\"elementor-widget-container\">\n\t\t\t\t\t\t\t\t\t\t\t\t<figure class=\"wp-caption\">\n\t\t\t\t\t\t\t\t\t\t<img loading=\"lazy\" decoding=\"async\" width=\"800\" height=\"612\" src=\"https:\/\/www.elturistatranquil.com\/wp-content\/uploads\/F11-Cueva-de-La-Pileta-secuencia-cronocultural.jpg\" class=\"attachment-large size-large wp-image-2492\" alt=\"\" srcset=\"https:\/\/www.elturistatranquil.com\/wp-content\/uploads\/F11-Cueva-de-La-Pileta-secuencia-cronocultural.jpg 800w, https:\/\/www.elturistatranquil.com\/wp-content\/uploads\/F11-Cueva-de-La-Pileta-secuencia-cronocultural-768x588.jpg 768w\" sizes=\"(max-width: 800px) 100vw, 800px\" \/>\t\t\t\t\t\t\t\t\t\t\t<figcaption class=\"widget-image-caption wp-caption-text\">Seq\u00fc\u00e8ncia cronocultural  (<a href=\"https:\/\/ojs.uv.es\/index.php\/saguntum\/article\/view\/1050\/\"> Miguel Cort\u00e9s S\u00e1nchez, Mar\u00eda D. Sim\u00f3n Vallejo<\/a>)<\/figcaption>\n\t\t\t\t\t\t\t\t\t\t<\/figure>\n\t\t\t\t\t\t\t\t\t<\/div>\n\t\t\t\t<\/div>\n\t\t\t\t<div class=\"elementor-element elementor-element-77cc21a8 elementor-widget elementor-widget-menu-anchor\" data-id=\"77cc21a8\" data-element_type=\"widget\" data-e-type=\"widget\" data-widget_type=\"menu-anchor.default\">\n\t\t\t\t<div class=\"elementor-widget-container\">\n\t\t\t\t\t\t\t<div class=\"elementor-menu-anchor\" id=\"b0605\"><\/div>\n\t\t\t\t\t\t<\/div>\n\t\t\t\t<\/div>\n\t\t\t\t<div class=\"elementor-element elementor-element-c4a7883 elementor-widget elementor-widget-spacer\" data-id=\"c4a7883\" data-element_type=\"widget\" data-e-type=\"widget\" data-widget_type=\"spacer.default\">\n\t\t\t\t<div class=\"elementor-widget-container\">\n\t\t\t\t\t\t\t<div class=\"elementor-spacer\">\n\t\t\t<div class=\"elementor-spacer-inner\"><\/div>\n\t\t<\/div>\n\t\t\t\t\t\t<\/div>\n\t\t\t\t<\/div>\n\t\t\t\t<div class=\"elementor-element elementor-element-1cdffb48 elementor-widget elementor-widget-heading\" data-id=\"1cdffb48\" data-element_type=\"widget\" data-e-type=\"widget\" data-widget_type=\"heading.default\">\n\t\t\t\t<div class=\"elementor-widget-container\">\n\t\t\t\t\t<h3 class=\"elementor-heading-title elementor-size-default\">Arqueologia<\/h3>\t\t\t\t<\/div>\n\t\t\t\t<\/div>\n\t\t\t\t<div class=\"elementor-element elementor-element-140d8e96 elementor-widget elementor-widget-text-editor\" data-id=\"140d8e96\" data-element_type=\"widget\" data-e-type=\"widget\" data-widget_type=\"text-editor.default\">\n\t\t\t\t<div class=\"elementor-widget-container\">\n\t\t\t\t\t\t\t\t\t<p>\u00a0<\/p><p>Com a conseq\u00fc\u00e8ncia de la ocupaci\u00f3 continuada al llarg de mil\u00b7lennis, s\u2019han trobat objectes de mol diversa classe. Sobre tot eines de s\u00edlex i cer\u00e0mica. Destaca una petita pe\u00e7a cer\u00e0mica representant una figura femenina, la <em>Venus de La Pileta<\/em> o <em>Venus de <\/em><em>Benaoj\u00e1n<\/em>. Es tracta d&#8217;una plaqueta de cer\u00e0mica modelada d&#8217;uns 6 cm. d&#8217;altura per mitj de gruix, que s&#8217;eixampla a la part superior i inferior, estrenyent-se en el seu centre per formar la &#8220;cintura&#8221;. La cara posterior \u00e9s llisa, i l&#8217;anterior presenta dues petites protuber\u00e0ncies a manera de pits a la part superior, i a la inferior una zona triangular farcida de punts fets amb un punx\u00f3, indicant el triangle sexual. T\u00e9 dos foradets a la part alta, cal suposar que per portar penjada.<\/p><p>Una altra pe\u00e7a \u00e9s una terracota antropomorfa de factura calcol\u00edtica representant a una figura femenina, aix\u00ed com fragments de cer\u00e0mica decorada. De l\u2019\u00e8poca del bronze consten varies peces de metall.: una destral, un punyal triangular y una punta de llan\u00e7\u00e0<\/p>\t\t\t\t\t\t\t\t<\/div>\n\t\t\t\t<\/div>\n\t\t\t\t<div class=\"elementor-element elementor-element-5dbb0af4 elementor-widget elementor-widget-menu-anchor\" data-id=\"5dbb0af4\" data-element_type=\"widget\" data-e-type=\"widget\" data-widget_type=\"menu-anchor.default\">\n\t\t\t\t<div class=\"elementor-widget-container\">\n\t\t\t\t\t\t\t<div class=\"elementor-menu-anchor\" id=\"b0606\"><\/div>\n\t\t\t\t\t\t<\/div>\n\t\t\t\t<\/div>\n\t\t\t\t<div class=\"elementor-element elementor-element-61edcd9b elementor-widget elementor-widget-image\" data-id=\"61edcd9b\" data-element_type=\"widget\" data-e-type=\"widget\" data-widget_type=\"image.default\">\n\t\t\t\t<div class=\"elementor-widget-container\">\n\t\t\t\t\t\t\t\t\t\t\t\t<figure class=\"wp-caption\">\n\t\t\t\t\t\t\t\t\t\t<img loading=\"lazy\" decoding=\"async\" width=\"225\" height=\"273\" src=\"https:\/\/www.elturistatranquil.com\/wp-content\/uploads\/Venus-de-la-Pileta.jpg\" class=\"attachment-large size-large wp-image-2519\" alt=\"Venus de la Pileta\" \/>\t\t\t\t\t\t\t\t\t\t\t<figcaption class=\"widget-image-caption wp-caption-text\">Venus de La Pileta o Venus de Benaoj\u00e1n. Cer\u00e1mica modelada. 65 x 40 mm. III-II milenio a.C. (<a href=\"http:\/\/www.museosdeandalucia.es\/cultura\/museos\/MMA\/visitavirtual\/a00\/a0401.html\"> Museo de M\u00e1laga <\/a>)<\/figcaption>\n\t\t\t\t\t\t\t\t\t\t<\/figure>\n\t\t\t\t\t\t\t\t\t<\/div>\n\t\t\t\t<\/div>\n\t\t\t\t<div class=\"elementor-element elementor-element-435281bc elementor-widget elementor-widget-heading\" data-id=\"435281bc\" data-element_type=\"widget\" data-e-type=\"widget\" data-widget_type=\"heading.default\">\n\t\t\t\t<div class=\"elementor-widget-container\">\n\t\t\t\t\t<h3 class=\"elementor-heading-title elementor-size-default\">Les Pintures<\/h3>\t\t\t\t<\/div>\n\t\t\t\t<\/div>\n\t\t\t\t<div class=\"elementor-element elementor-element-420b2064 elementor-widget elementor-widget-text-editor\" data-id=\"420b2064\" data-element_type=\"widget\" data-e-type=\"widget\" data-widget_type=\"text-editor.default\">\n\t\t\t\t<div class=\"elementor-widget-container\">\n\t\t\t\t\t\t\t\t\t<p>\u00a0<\/p><p>En conjunt, es disposa d\u2019una extensi\u00f3 superior als 300 m. de galeries decorades. La cronologia de les pintures abasta diversos mil\u00b7lennis, des de fa aproximadament 20.000 anys, podent-se observar l&#8217;evoluci\u00f3 en la t\u00e8cnica pict\u00f2rica des de les m\u00e9s antigues representacions naturalistes fins a les m\u00e9s tardanes esquem\u00e0tiques. Les pintures neol\u00edtiques repeteixen els motius animals, sent aquests representats de forma molt esquem\u00e0tica.<\/p><p>Les pintures i gravats corresponen a l\u2019estil franco-cant\u00e0bric amb representacions de cabres, cavalls, c\u00e8rvids, bous, peixos, foca, bis\u00f3, signes abstractes i figures indeterminades. Es tracta d&#8217;un important conjunt que aporta interessants dades sobre l&#8217;expansi\u00f3 de l&#8217;art paleol\u00edtic fora de les seves \u00e0rees cl\u00e0ssiques de desenvolupament (nord d&#8217;Espanya i SO de Fran\u00e7a). Aix\u00ed mateix s&#8217;han trobat tamb\u00e9 figures negres esquem\u00e0tiques de l&#8217;Eneol\u00edtic i restes materials neol\u00edtics (cer\u00e0mica pintada i incisa)<\/p>\t\t\t\t\t\t\t\t<\/div>\n\t\t\t\t<\/div>\n\t\t\t\t<div class=\"elementor-element elementor-element-428ea36b elementor-widget elementor-widget-image\" data-id=\"428ea36b\" data-element_type=\"widget\" data-e-type=\"widget\" data-widget_type=\"image.default\">\n\t\t\t\t<div class=\"elementor-widget-container\">\n\t\t\t\t\t\t\t\t\t\t\t\t<figure class=\"wp-caption\">\n\t\t\t\t\t\t\t\t\t\t<img loading=\"lazy\" decoding=\"async\" width=\"800\" height=\"534\" src=\"https:\/\/www.elturistatranquil.com\/wp-content\/uploads\/F13-Cueva-de-La-Pileta-Figuras-antropomorfas.jpg\" class=\"attachment-large size-large wp-image-2494\" alt=\"\" srcset=\"https:\/\/www.elturistatranquil.com\/wp-content\/uploads\/F13-Cueva-de-La-Pileta-Figuras-antropomorfas.jpg 800w, https:\/\/www.elturistatranquil.com\/wp-content\/uploads\/F13-Cueva-de-La-Pileta-Figuras-antropomorfas-768x513.jpg 768w\" sizes=\"(max-width: 800px) 100vw, 800px\" \/>\t\t\t\t\t\t\t\t\t\t\t<figcaption class=\"widget-image-caption wp-caption-text\">Figures antropomorfes. Xaman (postal)<\/figcaption>\n\t\t\t\t\t\t\t\t\t\t<\/figure>\n\t\t\t\t\t\t\t\t\t<\/div>\n\t\t\t\t<\/div>\n\t\t\t\t<div class=\"elementor-element elementor-element-e1d7687 elementor-widget elementor-widget-image\" data-id=\"e1d7687\" data-element_type=\"widget\" data-e-type=\"widget\" data-widget_type=\"image.default\">\n\t\t\t\t<div class=\"elementor-widget-container\">\n\t\t\t\t\t\t\t\t\t\t\t\t<figure class=\"wp-caption\">\n\t\t\t\t\t\t\t\t\t\t<img loading=\"lazy\" decoding=\"async\" width=\"800\" height=\"541\" src=\"https:\/\/www.elturistatranquil.com\/wp-content\/uploads\/F14-Cueva-de-La-Pileta-Yegua-pre\u00f1ada-del-Paleol\u00edtico-Superior.jpg\" class=\"attachment-large size-large wp-image-2495\" alt=\"Cueva de La Pileta: Yegua pre\u00f1ada del Paleol\u00edtico Superior\" srcset=\"https:\/\/www.elturistatranquil.com\/wp-content\/uploads\/F14-Cueva-de-La-Pileta-Yegua-pre\u00f1ada-del-Paleol\u00edtico-Superior.jpg 800w, https:\/\/www.elturistatranquil.com\/wp-content\/uploads\/F14-Cueva-de-La-Pileta-Yegua-pre\u00f1ada-del-Paleol\u00edtico-Superior-768x519.jpg 768w\" sizes=\"(max-width: 800px) 100vw, 800px\" \/>\t\t\t\t\t\t\t\t\t\t\t<figcaption class=\"widget-image-caption wp-caption-text\">Egua prenyada del Paleol\u00edtic Superior (postal)<\/figcaption>\n\t\t\t\t\t\t\t\t\t\t<\/figure>\n\t\t\t\t\t\t\t\t\t<\/div>\n\t\t\t\t<\/div>\n\t\t\t\t<div class=\"elementor-element elementor-element-7172098b elementor-widget elementor-widget-image\" data-id=\"7172098b\" data-element_type=\"widget\" data-e-type=\"widget\" data-widget_type=\"image.default\">\n\t\t\t\t<div class=\"elementor-widget-container\">\n\t\t\t\t\t\t\t\t\t\t\t\t<figure class=\"wp-caption\">\n\t\t\t\t\t\t\t\t\t\t<img loading=\"lazy\" decoding=\"async\" width=\"800\" height=\"534\" src=\"https:\/\/www.elturistatranquil.com\/wp-content\/uploads\/F15-Cueva-de-La-Pileta-Caballos-de-distintos-per\u00edodos-del-Paleol\u00edtico-Superior.jpg\" class=\"attachment-large size-large wp-image-2496\" alt=\"Cueva de La Pileta: Caballos de distintos per\u00edodos del Paleol\u00edtico Superior\" srcset=\"https:\/\/www.elturistatranquil.com\/wp-content\/uploads\/F15-Cueva-de-La-Pileta-Caballos-de-distintos-per\u00edodos-del-Paleol\u00edtico-Superior.jpg 800w, https:\/\/www.elturistatranquil.com\/wp-content\/uploads\/F15-Cueva-de-La-Pileta-Caballos-de-distintos-per\u00edodos-del-Paleol\u00edtico-Superior-768x513.jpg 768w\" sizes=\"(max-width: 800px) 100vw, 800px\" \/>\t\t\t\t\t\t\t\t\t\t\t<figcaption class=\"widget-image-caption wp-caption-text\">Cavalls de distints per\u00edodes del Paleol\u00edtic Superior (postal)<\/figcaption>\n\t\t\t\t\t\t\t\t\t\t<\/figure>\n\t\t\t\t\t\t\t\t\t<\/div>\n\t\t\t\t<\/div>\n\t\t\t\t<div class=\"elementor-element elementor-element-19a4856f elementor-widget elementor-widget-image\" data-id=\"19a4856f\" data-element_type=\"widget\" data-e-type=\"widget\" data-widget_type=\"image.default\">\n\t\t\t\t<div class=\"elementor-widget-container\">\n\t\t\t\t\t\t\t\t\t\t\t\t<figure class=\"wp-caption\">\n\t\t\t\t\t\t\t\t\t\t<img loading=\"lazy\" decoding=\"async\" width=\"800\" height=\"541\" src=\"https:\/\/www.elturistatranquil.com\/wp-content\/uploads\/F16-Cueva-de-La-Pileta-Pez-del-Paleol\u00edtico-Superior.jpg\" class=\"attachment-large size-large wp-image-2497\" alt=\"Cueva de La Pileta: Pez del Paleol\u00edtico Superior\" srcset=\"https:\/\/www.elturistatranquil.com\/wp-content\/uploads\/F16-Cueva-de-La-Pileta-Pez-del-Paleol\u00edtico-Superior.jpg 800w, https:\/\/www.elturistatranquil.com\/wp-content\/uploads\/F16-Cueva-de-La-Pileta-Pez-del-Paleol\u00edtico-Superior-768x519.jpg 768w\" sizes=\"(max-width: 800px) 100vw, 800px\" \/>\t\t\t\t\t\t\t\t\t\t\t<figcaption class=\"widget-image-caption wp-caption-text\">Peix del Paleol\u00edtic Superior (postal)<\/figcaption>\n\t\t\t\t\t\t\t\t\t\t<\/figure>\n\t\t\t\t\t\t\t\t\t<\/div>\n\t\t\t\t<\/div>\n\t\t\t\t<div class=\"elementor-element elementor-element-439ab568 elementor-widget elementor-widget-menu-anchor\" data-id=\"439ab568\" data-element_type=\"widget\" data-e-type=\"widget\" data-widget_type=\"menu-anchor.default\">\n\t\t\t\t<div class=\"elementor-widget-container\">\n\t\t\t\t\t\t\t<div class=\"elementor-menu-anchor\" id=\"b0607\"><\/div>\n\t\t\t\t\t\t<\/div>\n\t\t\t\t<\/div>\n\t\t\t\t<div class=\"elementor-element elementor-element-3999c46f elementor-widget elementor-widget-text-editor\" data-id=\"3999c46f\" data-element_type=\"widget\" data-e-type=\"widget\" data-widget_type=\"text-editor.default\">\n\t\t\t\t<div class=\"elementor-widget-container\">\n\t\t\t\t\t\t\t\t\t<p>Com es pot haver dedu\u00eft, es tracta d\u2019una visita carregada d\u2019inter\u00e8s i emoci\u00f3. La recomano efusivament. Ocupa mitja jornada ja que el recorregut per la cova \u00e9s de 1 hora aproximadament. Dissortadament no \u00e9s apte per persones amb problemes de cor i mobilitat limitada.<\/p>\t\t\t\t\t\t\t\t<\/div>\n\t\t\t\t<\/div>\n\t\t\t\t<div class=\"elementor-element elementor-element-6ba1161b elementor-widget elementor-widget-heading\" data-id=\"6ba1161b\" data-element_type=\"widget\" data-e-type=\"widget\" data-widget_type=\"heading.default\">\n\t\t\t\t<div class=\"elementor-widget-container\">\n\t\t\t\t\t<h2 class=\"elementor-heading-title elementor-size-default\">Bases d'informaci\u00f3<\/h2>\t\t\t\t<\/div>\n\t\t\t\t<\/div>\n\t\t\t\t<div class=\"elementor-element elementor-element-36454c16 elementor-widget elementor-widget-text-editor\" data-id=\"36454c16\" data-element_type=\"widget\" data-e-type=\"widget\" data-widget_type=\"text-editor.default\">\n\t\t\t\t<div class=\"elementor-widget-container\">\n\t\t\t\t\t\t\t\t\t<p>\u00a0<\/p><p><strong>Llibre<\/strong>:<\/p><p>Jos\u00e9 Bull\u00f3n Gim\u00e9nez (2005). <em>La Cueva de La Pileta. Monumento Nacional desde 1924<\/em>, Editorial La Serran\u00eda, Ronda, 77 pp. 3\u00aa edici\u00f3n, 2010.<\/p><p><strong>Webs<\/strong>:<\/p><p><a href=\"http:\/\/www.cuevadelapileta.org\/\" target=\"_blank\" rel=\"noopener\">Web oficial<\/a>. Molt completa, interessant i ben estructurada<\/p><p>Visi\u00f3 general a <a href=\"https:\/\/es.wikipedia.org\/wiki\/Cueva_de_la_Pileta\" target=\"_blank\" rel=\"noopener\">wikipedia<\/a><\/p><p><a href=\"http:\/\/www.malagahistoria.com\/malagahistoria\/cueva_de_la_pileta.html\" target=\"_blank\" rel=\"noopener\">Estudi for\u00e7a complet del proc\u00e9s hist\u00f2ric i les caracter\u00edstiques i contingut de La Pileta a malagahistoria<\/a>.<\/p><p>Contextualitzaci\u00f3 socioterritorial de l&#8217;\u00e8poca: \u00a0Vicente Casta\u00f1eda Fern\u00e1ndez, <a href=\"https:\/\/idus.us.es\/xmlui\/bitstream\/handle\/11441\/46405\/art_13.pdf?sequence=1\" target=\"_blank\" rel=\"noopener\"><em>Las bandas de cazadores-recolectores portadoras del tecnocomplejo Solutrense en el Suroeste de la Pen\u00ednsula Ib\u00e9rica. La articulaci\u00f3n social del territorio<\/em><\/a><\/p><p>Seq\u00fcencia cronocultural:\u00a0 Miguel Cort\u00e9s S\u00e1nchez, Mar\u00eda D. Sim\u00f3n Vallejo, <a href=\"https:\/\/ojs.uv.es\/index.php\/saguntum\/article\/view\/1050\" target=\"_blank\" rel=\"noopener\"><em>La Pileta (Benaoj\u00e1n, M\u00e1laga) cien a\u00f1os despu\u00e9s. Aportaciones al conocimiento de su secuencia arqueol\u00f3gica<\/em>.<\/a><\/p><p>Estudi t\u00e8cnic especialitzat, sobre tot les pintures.:\u00a0 Jos\u00e9 Luis Sanchidri\u00e1n Torti,\u00a0 Victoria Eugenia Mu\u00f1oz Vivas,<a href=\"https:\/\/gredos.usal.es\/jspui\/browse?type=author&amp;value=Mu%C3%B1oz+Vivas%2C+Victoria+Eugenia\">,\u00a0<\/a><a href=\"https:\/\/gredos.usal.es\/jspui\/handle\/10366\/71447\" target=\"_blank\" rel=\"noopener\"><em>Cuestiones sobre las manifestaciones parietales post-paleol\u00edticas en la cueva de La Pileta (Benaoj\u00e1n, M\u00e1laga)<\/em><\/a><\/p><p>Estudi t\u00e8cnic especialitzat:\u00a0 Francisco Jord\u00e1 Cerd\u00e1,\u00a0<a href=\"https:\/\/gredos.usal.es\/jspui\/handle\/10366\/70898\" target=\"_blank\" rel=\"noopener\"><em>Sobre la edad solutrense de algunas pinturas de la cueva de la Pileta (M\u00e1laga)<\/em><\/a><\/p><p>Estudio geo-morfol\u00f3gico de la Sierra de L\u00edbar (incluye La Pileta) en <a href=\"http:\/\/ecosistematierra.blogspot.com.es\/2013\/12\/paisajes-karsticos-parque-natural.html\" target=\"_blank\" rel=\"noopener\">ecosistematierra<\/a><\/p><p><strong>V\u00eddeos:<\/strong><\/p><p><a href=\"http:\/\/www.cuevadelapileta.org\/textos_archivos\/situacion.htm\" target=\"_blank\" rel=\"noopener\"><em>Cueva de la Pileta: el paraje<\/em><\/a><\/p><p><a href=\"http:\/\/www.cuevadelapileta.org\/textos_archivos\/pileta.html\" target=\"_blank\" rel=\"noopener\"><em>Cueva de la Pileta: La cueva<\/em><\/a><\/p><p><a href=\"http:\/\/www.cuevadelapileta.org\/textos_archivos\/introart.html\" target=\"_blank\" rel=\"noopener\"><em>Cueva de la Pileta: Pinturas rupestres<\/em><\/a><\/p><p><a href=\"http:\/\/www.cuevadelapileta.org\/textos_archivos\/cronologia1.html\" target=\"_blank\" rel=\"noopener\"><em>Cueva de la Pileta: Secuencia gr\u00e1fica (Arte rupestre)<\/em><\/a><\/p>\t\t\t\t\t\t\t\t<\/div>\n\t\t\t\t<\/div>\n\t\t\t\t\t<\/div>\n\t\t<\/div>\n\t\t\t\t\t<\/div>\n\t\t<\/section>\n\t\t\t\t<section class=\"elementor-section elementor-top-section elementor-element elementor-element-5f2fdecf elementor-section-boxed elementor-section-height-default elementor-section-height-default\" data-id=\"5f2fdecf\" data-element_type=\"section\" data-e-type=\"section\">\n\t\t\t\t\t\t<div class=\"elementor-container elementor-column-gap-default\">\n\t\t\t\t\t<div class=\"elementor-column elementor-col-100 elementor-top-column elementor-element elementor-element-6c2368b0\" data-id=\"6c2368b0\" data-element_type=\"column\" data-e-type=\"column\">\n\t\t\t<div class=\"elementor-widget-wrap elementor-element-populated\">\n\t\t\t\t\t\t<div class=\"elementor-element elementor-element-5978f81e elementor-share-buttons--view-icon elementor-share-buttons--skin-minimal elementor-share-buttons--shape-circle elementor-grid-0 elementor-share-buttons--color-official elementor-widget elementor-widget-global elementor-global-398 elementor-widget-share-buttons\" data-id=\"5978f81e\" data-element_type=\"widget\" data-e-type=\"widget\" data-widget_type=\"share-buttons.default\">\n\t\t\t\t<div class=\"elementor-widget-container\">\n\t\t\t\t\t\t\t<div class=\"elementor-grid\" role=\"list\">\n\t\t\t\t\t\t\t\t<div class=\"elementor-grid-item\" role=\"listitem\">\n\t\t\t\t\t\t<div class=\"elementor-share-btn elementor-share-btn_facebook\" role=\"button\" tabindex=\"0\" aria-label=\"Compartici\u00f3 en facebook\">\n\t\t\t\t\t\t\t\t\t\t\t\t\t\t\t<span class=\"elementor-share-btn__icon\">\n\t\t\t\t\t\t\t\t<i class=\"fab fa-facebook\" aria-hidden=\"true\"><\/i>\t\t\t\t\t\t\t<\/span>\n\t\t\t\t\t\t\t\t\t\t\t\t\t\t\t\t\t\t\t\t<\/div>\n\t\t\t\t\t<\/div>\n\t\t\t\t\t\t\t\t\t<div class=\"elementor-grid-item\" role=\"listitem\">\n\t\t\t\t\t\t<div class=\"elementor-share-btn elementor-share-btn_twitter\" role=\"button\" tabindex=\"0\" aria-label=\"Compartici\u00f3 en twitter\">\n\t\t\t\t\t\t\t\t\t\t\t\t\t\t\t<span class=\"elementor-share-btn__icon\">\n\t\t\t\t\t\t\t\t<i class=\"fab fa-twitter\" aria-hidden=\"true\"><\/i>\t\t\t\t\t\t\t<\/span>\n\t\t\t\t\t\t\t\t\t\t\t\t\t\t\t\t\t\t\t\t<\/div>\n\t\t\t\t\t<\/div>\n\t\t\t\t\t\t\t\t\t<div class=\"elementor-grid-item\" role=\"listitem\">\n\t\t\t\t\t\t<div class=\"elementor-share-btn elementor-share-btn_pinterest\" role=\"button\" tabindex=\"0\" aria-label=\"Compartici\u00f3 en pinterest\">\n\t\t\t\t\t\t\t\t\t\t\t\t\t\t\t<span class=\"elementor-share-btn__icon\">\n\t\t\t\t\t\t\t\t<i class=\"fab fa-pinterest\" aria-hidden=\"true\"><\/i>\t\t\t\t\t\t\t<\/span>\n\t\t\t\t\t\t\t\t\t\t\t\t\t\t\t\t\t\t\t\t<\/div>\n\t\t\t\t\t<\/div>\n\t\t\t\t\t\t\t\t\t<div class=\"elementor-grid-item\" role=\"listitem\">\n\t\t\t\t\t\t<div class=\"elementor-share-btn elementor-share-btn_whatsapp\" role=\"button\" tabindex=\"0\" aria-label=\"Compartici\u00f3 en whatsapp\">\n\t\t\t\t\t\t\t\t\t\t\t\t\t\t\t<span class=\"elementor-share-btn__icon\">\n\t\t\t\t\t\t\t\t<i class=\"fab fa-whatsapp\" aria-hidden=\"true\"><\/i>\t\t\t\t\t\t\t<\/span>\n\t\t\t\t\t\t\t\t\t\t\t\t\t\t\t\t\t\t\t\t<\/div>\n\t\t\t\t\t<\/div>\n\t\t\t\t\t\t\t\t\t<div class=\"elementor-grid-item\" role=\"listitem\">\n\t\t\t\t\t\t<div class=\"elementor-share-btn elementor-share-btn_email\" role=\"button\" tabindex=\"0\" aria-label=\"Compartici\u00f3 en email\">\n\t\t\t\t\t\t\t\t\t\t\t\t\t\t\t<span class=\"elementor-share-btn__icon\">\n\t\t\t\t\t\t\t\t<i class=\"fas fa-envelope\" aria-hidden=\"true\"><\/i>\t\t\t\t\t\t\t<\/span>\n\t\t\t\t\t\t\t\t\t\t\t\t\t\t\t\t\t\t\t\t<\/div>\n\t\t\t\t\t<\/div>\n\t\t\t\t\t\t<\/div>\n\t\t\t\t\t\t<\/div>\n\t\t\t\t<\/div>\n\t\t\t\t\t<\/div>\n\t\t<\/div>\n\t\t\t\t\t<\/div>\n\t\t<\/section>\n\t\t\t\t<\/div>\n\t\t","protected":false},"excerpt":{"rendered":"<p>Entrar a la Cueva de la Pileta (Benaoj\u00e1n, M\u00e0laga) \u00e9s endinsar-se 500 metres en 20.000 anys d&#8217;hist\u00f2ria, en un temple de la pintura mural llevantina, envoltats per una arquitectura natural &#8230; <a title=\"Cueva de La Pileta (M\u00e1laga)\" class=\"read-more\" href=\"https:\/\/www.elturistatranquil.com\/ca\/cueva-de-la-pileta\/\" aria-label=\"M\u00e9s informaci\u00f3 sobre Cueva de La Pileta (M\u00e1laga)\">[ &#8230; ]<\/a><\/p>\n","protected":false},"author":1,"featured_media":2481,"comment_status":"open","ping_status":"closed","sticky":false,"template":"","format":"standard","meta":{"footnotes":""},"categories":[78,81,87,93,95,96],"tags":[],"class_list":["post-2567","post","type-post","status-publish","format-standard","has-post-thumbnail","hentry","category-cultura-rural-ca","category-etnografia-ca","category-joies-al-territori","category-malaga-ca","category-paisatge","category-prehistoric","infinite-scroll-item","generate-columns","tablet-grid-50","mobile-grid-100","grid-parent","grid-50","no-featured-image-padding"],"yoast_head":"<!-- This site is optimized with the Yoast SEO plugin v27.4 - https:\/\/yoast.com\/product\/yoast-seo-wordpress\/ -->\n<title>Cueva de La Pileta (M\u00e1laga) - El turista tranquil<\/title>\n<meta name=\"description\" content=\"Entrar a la Cueva de la Pileta (Benaoj\u00e1n, M\u00e0laga) \u00e9s endinsar-se 500 metres en 20.000 anys d&#039;hist\u00f2ria, en un temple de la pintura mural llevantina, envoltats per una arquitectura natural c\u00e0rstica.\" \/>\n<meta name=\"robots\" content=\"index, follow, max-snippet:-1, max-image-preview:large, max-video-preview:-1\" \/>\n<link rel=\"canonical\" href=\"https:\/\/www.elturistatranquil.com\/ca\/cueva-de-la-pileta\/\" \/>\n<meta property=\"og:locale\" content=\"ca_ES\" \/>\n<meta property=\"og:type\" content=\"article\" \/>\n<meta property=\"og:title\" content=\"Cueva de La Pileta (M\u00e1laga) - El turista tranquil\" \/>\n<meta property=\"og:description\" content=\"Entrar a la Cueva de la Pileta (Benaoj\u00e1n, M\u00e0laga) \u00e9s endinsar-se 500 metres en 20.000 anys d&#039;hist\u00f2ria, en un temple de la pintura mural llevantina, envoltats per una arquitectura natural c\u00e0rstica.\" \/>\n<meta property=\"og:url\" content=\"https:\/\/www.elturistatranquil.com\/ca\/cueva-de-la-pileta\/\" \/>\n<meta property=\"og:site_name\" content=\"El turista tranquil\" \/>\n<meta property=\"article:publisher\" content=\"https:\/\/www.facebook.com\/elturistatranquilo\/\" \/>\n<meta property=\"article:published_time\" content=\"2018-03-18T12:36:01+00:00\" \/>\n<meta property=\"article:modified_time\" content=\"2020-06-29T10:23:00+00:00\" \/>\n<meta property=\"og:image\" content=\"https:\/\/www.elturistatranquil.com\/wp-content\/uploads\/F01Cueva-de-La-Pileta-entrada.jpg\" \/>\n\t<meta property=\"og:image:width\" content=\"800\" \/>\n\t<meta property=\"og:image:height\" content=\"534\" \/>\n\t<meta property=\"og:image:type\" content=\"image\/jpeg\" \/>\n<meta name=\"author\" content=\"admin\" \/>\n<meta name=\"twitter:card\" content=\"summary_large_image\" \/>\n<meta name=\"twitter:label1\" content=\"Escrit per\" \/>\n\t<meta name=\"twitter:data1\" content=\"admin\" \/>\n\t<meta name=\"twitter:label2\" content=\"Temps estimat de lectura\" \/>\n\t<meta name=\"twitter:data2\" content=\"13 minuts\" \/>\n<script type=\"application\/ld+json\" class=\"yoast-schema-graph\">{\"@context\":\"https:\\\/\\\/schema.org\",\"@graph\":[{\"@type\":\"Article\",\"@id\":\"https:\\\/\\\/www.elturistatranquil.com\\\/ca\\\/cueva-de-la-pileta\\\/#article\",\"isPartOf\":{\"@id\":\"https:\\\/\\\/www.elturistatranquil.com\\\/ca\\\/cueva-de-la-pileta\\\/\"},\"author\":{\"name\":\"admin\",\"@id\":\"https:\\\/\\\/www.elturistatranquil.com\\\/ca\\\/#\\\/schema\\\/person\\\/16f607c3079b96ed0c530a52e6b58bb5\"},\"headline\":\"Cueva de La Pileta (M\u00e1laga)\",\"datePublished\":\"2018-03-18T12:36:01+00:00\",\"dateModified\":\"2020-06-29T10:23:00+00:00\",\"mainEntityOfPage\":{\"@id\":\"https:\\\/\\\/www.elturistatranquil.com\\\/ca\\\/cueva-de-la-pileta\\\/\"},\"wordCount\":2652,\"commentCount\":0,\"image\":{\"@id\":\"https:\\\/\\\/www.elturistatranquil.com\\\/ca\\\/cueva-de-la-pileta\\\/#primaryimage\"},\"thumbnailUrl\":\"https:\\\/\\\/www.elturistatranquil.com\\\/wp-content\\\/uploads\\\/F01Cueva-de-La-Pileta-entrada.jpg\",\"articleSection\":[\"Cultura rural\",\"Etnografia\",\"Joies al territori\",\"M\u00e1laga\",\"Paisatge\",\"Prehist\u00f2ric\"],\"inLanguage\":\"ca\",\"potentialAction\":[{\"@type\":\"CommentAction\",\"name\":\"Comment\",\"target\":[\"https:\\\/\\\/www.elturistatranquil.com\\\/ca\\\/cueva-de-la-pileta\\\/#respond\"]}]},{\"@type\":\"WebPage\",\"@id\":\"https:\\\/\\\/www.elturistatranquil.com\\\/ca\\\/cueva-de-la-pileta\\\/\",\"url\":\"https:\\\/\\\/www.elturistatranquil.com\\\/ca\\\/cueva-de-la-pileta\\\/\",\"name\":\"Cueva de La Pileta (M\u00e1laga) - El turista tranquil\",\"isPartOf\":{\"@id\":\"https:\\\/\\\/www.elturistatranquil.com\\\/ca\\\/#website\"},\"primaryImageOfPage\":{\"@id\":\"https:\\\/\\\/www.elturistatranquil.com\\\/ca\\\/cueva-de-la-pileta\\\/#primaryimage\"},\"image\":{\"@id\":\"https:\\\/\\\/www.elturistatranquil.com\\\/ca\\\/cueva-de-la-pileta\\\/#primaryimage\"},\"thumbnailUrl\":\"https:\\\/\\\/www.elturistatranquil.com\\\/wp-content\\\/uploads\\\/F01Cueva-de-La-Pileta-entrada.jpg\",\"datePublished\":\"2018-03-18T12:36:01+00:00\",\"dateModified\":\"2020-06-29T10:23:00+00:00\",\"author\":{\"@id\":\"https:\\\/\\\/www.elturistatranquil.com\\\/ca\\\/#\\\/schema\\\/person\\\/16f607c3079b96ed0c530a52e6b58bb5\"},\"description\":\"Entrar a la Cueva de la Pileta (Benaoj\u00e1n, M\u00e0laga) \u00e9s endinsar-se 500 metres en 20.000 anys d'hist\u00f2ria, en un temple de la pintura mural llevantina, envoltats per una arquitectura natural c\u00e0rstica.\",\"breadcrumb\":{\"@id\":\"https:\\\/\\\/www.elturistatranquil.com\\\/ca\\\/cueva-de-la-pileta\\\/#breadcrumb\"},\"inLanguage\":\"ca\",\"potentialAction\":[{\"@type\":\"ReadAction\",\"target\":[\"https:\\\/\\\/www.elturistatranquil.com\\\/ca\\\/cueva-de-la-pileta\\\/\"]}]},{\"@type\":\"ImageObject\",\"inLanguage\":\"ca\",\"@id\":\"https:\\\/\\\/www.elturistatranquil.com\\\/ca\\\/cueva-de-la-pileta\\\/#primaryimage\",\"url\":\"https:\\\/\\\/www.elturistatranquil.com\\\/wp-content\\\/uploads\\\/F01Cueva-de-La-Pileta-entrada.jpg\",\"contentUrl\":\"https:\\\/\\\/www.elturistatranquil.com\\\/wp-content\\\/uploads\\\/F01Cueva-de-La-Pileta-entrada.jpg\",\"width\":800,\"height\":534,\"caption\":\"Cueva de la pileta entrada\"},{\"@type\":\"BreadcrumbList\",\"@id\":\"https:\\\/\\\/www.elturistatranquil.com\\\/ca\\\/cueva-de-la-pileta\\\/#breadcrumb\",\"itemListElement\":[{\"@type\":\"ListItem\",\"position\":1,\"name\":\"Portada\",\"item\":\"https:\\\/\\\/www.elturistatranquil.com\\\/ca\\\/\"},{\"@type\":\"ListItem\",\"position\":2,\"name\":\"Cueva de La Pileta (M\u00e1laga)\"}]},{\"@type\":\"WebSite\",\"@id\":\"https:\\\/\\\/www.elturistatranquil.com\\\/ca\\\/#website\",\"url\":\"https:\\\/\\\/www.elturistatranquil.com\\\/ca\\\/\",\"name\":\"El turista tranquil\",\"description\":\"Blog de viatges\",\"potentialAction\":[{\"@type\":\"SearchAction\",\"target\":{\"@type\":\"EntryPoint\",\"urlTemplate\":\"https:\\\/\\\/www.elturistatranquil.com\\\/ca\\\/?s={search_term_string}\"},\"query-input\":{\"@type\":\"PropertyValueSpecification\",\"valueRequired\":true,\"valueName\":\"search_term_string\"}}],\"inLanguage\":\"ca\"},{\"@type\":\"Person\",\"@id\":\"https:\\\/\\\/www.elturistatranquil.com\\\/ca\\\/#\\\/schema\\\/person\\\/16f607c3079b96ed0c530a52e6b58bb5\",\"name\":\"admin\",\"image\":{\"@type\":\"ImageObject\",\"inLanguage\":\"ca\",\"@id\":\"https:\\\/\\\/secure.gravatar.com\\\/avatar\\\/1fbaf22aee75fcbb29a2f97b107f95d25d3a19b7c3416105be10269872673e8d?s=96&d=mm&r=g\",\"url\":\"https:\\\/\\\/secure.gravatar.com\\\/avatar\\\/1fbaf22aee75fcbb29a2f97b107f95d25d3a19b7c3416105be10269872673e8d?s=96&d=mm&r=g\",\"contentUrl\":\"https:\\\/\\\/secure.gravatar.com\\\/avatar\\\/1fbaf22aee75fcbb29a2f97b107f95d25d3a19b7c3416105be10269872673e8d?s=96&d=mm&r=g\",\"caption\":\"admin\"}}]}<\/script>\n<!-- \/ Yoast SEO plugin. -->","yoast_head_json":{"title":"Cueva de La Pileta (M\u00e1laga) - El turista tranquil","description":"Entrar a la Cueva de la Pileta (Benaoj\u00e1n, M\u00e0laga) \u00e9s endinsar-se 500 metres en 20.000 anys d'hist\u00f2ria, en un temple de la pintura mural llevantina, envoltats per una arquitectura natural c\u00e0rstica.","robots":{"index":"index","follow":"follow","max-snippet":"max-snippet:-1","max-image-preview":"max-image-preview:large","max-video-preview":"max-video-preview:-1"},"canonical":"https:\/\/www.elturistatranquil.com\/ca\/cueva-de-la-pileta\/","og_locale":"ca_ES","og_type":"article","og_title":"Cueva de La Pileta (M\u00e1laga) - El turista tranquil","og_description":"Entrar a la Cueva de la Pileta (Benaoj\u00e1n, M\u00e0laga) \u00e9s endinsar-se 500 metres en 20.000 anys d'hist\u00f2ria, en un temple de la pintura mural llevantina, envoltats per una arquitectura natural c\u00e0rstica.","og_url":"https:\/\/www.elturistatranquil.com\/ca\/cueva-de-la-pileta\/","og_site_name":"El turista tranquil","article_publisher":"https:\/\/www.facebook.com\/elturistatranquilo\/","article_published_time":"2018-03-18T12:36:01+00:00","article_modified_time":"2020-06-29T10:23:00+00:00","og_image":[{"width":800,"height":534,"url":"https:\/\/www.elturistatranquil.com\/wp-content\/uploads\/F01Cueva-de-La-Pileta-entrada.jpg","type":"image\/jpeg"}],"author":"admin","twitter_card":"summary_large_image","twitter_misc":{"Escrit per":"admin","Temps estimat de lectura":"13 minuts"},"schema":{"@context":"https:\/\/schema.org","@graph":[{"@type":"Article","@id":"https:\/\/www.elturistatranquil.com\/ca\/cueva-de-la-pileta\/#article","isPartOf":{"@id":"https:\/\/www.elturistatranquil.com\/ca\/cueva-de-la-pileta\/"},"author":{"name":"admin","@id":"https:\/\/www.elturistatranquil.com\/ca\/#\/schema\/person\/16f607c3079b96ed0c530a52e6b58bb5"},"headline":"Cueva de La Pileta (M\u00e1laga)","datePublished":"2018-03-18T12:36:01+00:00","dateModified":"2020-06-29T10:23:00+00:00","mainEntityOfPage":{"@id":"https:\/\/www.elturistatranquil.com\/ca\/cueva-de-la-pileta\/"},"wordCount":2652,"commentCount":0,"image":{"@id":"https:\/\/www.elturistatranquil.com\/ca\/cueva-de-la-pileta\/#primaryimage"},"thumbnailUrl":"https:\/\/www.elturistatranquil.com\/wp-content\/uploads\/F01Cueva-de-La-Pileta-entrada.jpg","articleSection":["Cultura rural","Etnografia","Joies al territori","M\u00e1laga","Paisatge","Prehist\u00f2ric"],"inLanguage":"ca","potentialAction":[{"@type":"CommentAction","name":"Comment","target":["https:\/\/www.elturistatranquil.com\/ca\/cueva-de-la-pileta\/#respond"]}]},{"@type":"WebPage","@id":"https:\/\/www.elturistatranquil.com\/ca\/cueva-de-la-pileta\/","url":"https:\/\/www.elturistatranquil.com\/ca\/cueva-de-la-pileta\/","name":"Cueva de La Pileta (M\u00e1laga) - El turista tranquil","isPartOf":{"@id":"https:\/\/www.elturistatranquil.com\/ca\/#website"},"primaryImageOfPage":{"@id":"https:\/\/www.elturistatranquil.com\/ca\/cueva-de-la-pileta\/#primaryimage"},"image":{"@id":"https:\/\/www.elturistatranquil.com\/ca\/cueva-de-la-pileta\/#primaryimage"},"thumbnailUrl":"https:\/\/www.elturistatranquil.com\/wp-content\/uploads\/F01Cueva-de-La-Pileta-entrada.jpg","datePublished":"2018-03-18T12:36:01+00:00","dateModified":"2020-06-29T10:23:00+00:00","author":{"@id":"https:\/\/www.elturistatranquil.com\/ca\/#\/schema\/person\/16f607c3079b96ed0c530a52e6b58bb5"},"description":"Entrar a la Cueva de la Pileta (Benaoj\u00e1n, M\u00e0laga) \u00e9s endinsar-se 500 metres en 20.000 anys d'hist\u00f2ria, en un temple de la pintura mural llevantina, envoltats per una arquitectura natural c\u00e0rstica.","breadcrumb":{"@id":"https:\/\/www.elturistatranquil.com\/ca\/cueva-de-la-pileta\/#breadcrumb"},"inLanguage":"ca","potentialAction":[{"@type":"ReadAction","target":["https:\/\/www.elturistatranquil.com\/ca\/cueva-de-la-pileta\/"]}]},{"@type":"ImageObject","inLanguage":"ca","@id":"https:\/\/www.elturistatranquil.com\/ca\/cueva-de-la-pileta\/#primaryimage","url":"https:\/\/www.elturistatranquil.com\/wp-content\/uploads\/F01Cueva-de-La-Pileta-entrada.jpg","contentUrl":"https:\/\/www.elturistatranquil.com\/wp-content\/uploads\/F01Cueva-de-La-Pileta-entrada.jpg","width":800,"height":534,"caption":"Cueva de la pileta entrada"},{"@type":"BreadcrumbList","@id":"https:\/\/www.elturistatranquil.com\/ca\/cueva-de-la-pileta\/#breadcrumb","itemListElement":[{"@type":"ListItem","position":1,"name":"Portada","item":"https:\/\/www.elturistatranquil.com\/ca\/"},{"@type":"ListItem","position":2,"name":"Cueva de La Pileta (M\u00e1laga)"}]},{"@type":"WebSite","@id":"https:\/\/www.elturistatranquil.com\/ca\/#website","url":"https:\/\/www.elturistatranquil.com\/ca\/","name":"El turista tranquil","description":"Blog de viatges","potentialAction":[{"@type":"SearchAction","target":{"@type":"EntryPoint","urlTemplate":"https:\/\/www.elturistatranquil.com\/ca\/?s={search_term_string}"},"query-input":{"@type":"PropertyValueSpecification","valueRequired":true,"valueName":"search_term_string"}}],"inLanguage":"ca"},{"@type":"Person","@id":"https:\/\/www.elturistatranquil.com\/ca\/#\/schema\/person\/16f607c3079b96ed0c530a52e6b58bb5","name":"admin","image":{"@type":"ImageObject","inLanguage":"ca","@id":"https:\/\/secure.gravatar.com\/avatar\/1fbaf22aee75fcbb29a2f97b107f95d25d3a19b7c3416105be10269872673e8d?s=96&d=mm&r=g","url":"https:\/\/secure.gravatar.com\/avatar\/1fbaf22aee75fcbb29a2f97b107f95d25d3a19b7c3416105be10269872673e8d?s=96&d=mm&r=g","contentUrl":"https:\/\/secure.gravatar.com\/avatar\/1fbaf22aee75fcbb29a2f97b107f95d25d3a19b7c3416105be10269872673e8d?s=96&d=mm&r=g","caption":"admin"}}]}},"_links":{"self":[{"href":"https:\/\/www.elturistatranquil.com\/ca\/wp-json\/wp\/v2\/posts\/2567","targetHints":{"allow":["GET"]}}],"collection":[{"href":"https:\/\/www.elturistatranquil.com\/ca\/wp-json\/wp\/v2\/posts"}],"about":[{"href":"https:\/\/www.elturistatranquil.com\/ca\/wp-json\/wp\/v2\/types\/post"}],"author":[{"embeddable":true,"href":"https:\/\/www.elturistatranquil.com\/ca\/wp-json\/wp\/v2\/users\/1"}],"replies":[{"embeddable":true,"href":"https:\/\/www.elturistatranquil.com\/ca\/wp-json\/wp\/v2\/comments?post=2567"}],"version-history":[{"count":3,"href":"https:\/\/www.elturistatranquil.com\/ca\/wp-json\/wp\/v2\/posts\/2567\/revisions"}],"predecessor-version":[{"id":31734,"href":"https:\/\/www.elturistatranquil.com\/ca\/wp-json\/wp\/v2\/posts\/2567\/revisions\/31734"}],"wp:featuredmedia":[{"embeddable":true,"href":"https:\/\/www.elturistatranquil.com\/ca\/wp-json\/wp\/v2\/media\/2481"}],"wp:attachment":[{"href":"https:\/\/www.elturistatranquil.com\/ca\/wp-json\/wp\/v2\/media?parent=2567"}],"wp:term":[{"taxonomy":"category","embeddable":true,"href":"https:\/\/www.elturistatranquil.com\/ca\/wp-json\/wp\/v2\/categories?post=2567"},{"taxonomy":"post_tag","embeddable":true,"href":"https:\/\/www.elturistatranquil.com\/ca\/wp-json\/wp\/v2\/tags?post=2567"}],"curies":[{"name":"wp","href":"https:\/\/api.w.org\/{rel}","templated":true}]}}