{"id":27134,"date":"2020-01-04T11:16:58","date_gmt":"2020-01-04T10:16:58","guid":{"rendered":"https:\/\/www.elturistatranquil.com\/?p=27134"},"modified":"2020-01-04T11:18:17","modified_gmt":"2020-01-04T10:18:17","slug":"castell-de-calatrava-la-nueva-ciudad-real","status":"publish","type":"post","link":"https:\/\/www.elturistatranquil.com\/ca\/castell-de-calatrava-la-nueva-ciudad-real\/","title":{"rendered":"Castell de Calatrava la Nueva (Ciudad Real)"},"content":{"rendered":"\t\t<div data-elementor-type=\"wp-post\" data-elementor-id=\"27134\" class=\"elementor elementor-27134 elementor-26890\" data-elementor-post-type=\"post\">\n\t\t\t\t\t\t<section class=\"elementor-section elementor-top-section elementor-element elementor-element-7eb7433b elementor-section-boxed elementor-section-height-default elementor-section-height-default\" data-id=\"7eb7433b\" data-element_type=\"section\" data-e-type=\"section\">\n\t\t\t\t\t\t<div class=\"elementor-container elementor-column-gap-default\">\n\t\t\t\t\t<div class=\"elementor-column elementor-col-100 elementor-top-column elementor-element elementor-element-28dfafba\" data-id=\"28dfafba\" data-element_type=\"column\" data-e-type=\"column\">\n\t\t\t<div class=\"elementor-widget-wrap elementor-element-populated\">\n\t\t\t\t\t\t<section class=\"elementor-section elementor-inner-section elementor-element elementor-element-3d0a0374 elementor-section-content-middle elementor-section-boxed elementor-section-height-default elementor-section-height-default\" data-id=\"3d0a0374\" data-element_type=\"section\" data-e-type=\"section\">\n\t\t\t\t\t\t<div class=\"elementor-container elementor-column-gap-default\">\n\t\t\t\t\t<div class=\"elementor-column elementor-col-100 elementor-inner-column elementor-element elementor-element-45ce310e\" data-id=\"45ce310e\" data-element_type=\"column\" data-e-type=\"column\">\n\t\t\t<div class=\"elementor-widget-wrap elementor-element-populated\">\n\t\t\t\t\t\t<div class=\"elementor-element elementor-element-3ab62932 elementor-widget elementor-widget-text-editor\" data-id=\"3ab62932\" data-element_type=\"widget\" data-e-type=\"widget\" data-widget_type=\"text-editor.default\">\n\t\t\t\t<div class=\"elementor-widget-container\">\n\t\t\t\t\t\t\t\t\t<p>Un dels Castells m\u00e9s interessants per visitar \u00e9s el <em>Castell de Calatrava la Nueva<\/em> (Ciudad Real), en la seva condici\u00f3 tamb\u00e9 de <em>Sacreconvent<\/em> de l&#8217;Ordre de Calatrava. Aquest castell medieval amb l&#8217;esgl\u00e9sia cistercenca rom\u00e0nic-g\u00f2tica \u00e9s un exemple gaireb\u00e9 \u00fanic.<\/p>\t\t\t\t\t\t\t\t<\/div>\n\t\t\t\t<\/div>\n\t\t\t\t\t<\/div>\n\t\t<\/div>\n\t\t\t\t\t<\/div>\n\t\t<\/section>\n\t\t\t\t<div class=\"elementor-element elementor-element-121fad0c elementor-widget elementor-widget-heading\" data-id=\"121fad0c\" data-element_type=\"widget\" data-e-type=\"widget\" data-widget_type=\"heading.default\">\n\t\t\t\t<div class=\"elementor-widget-container\">\n\t\t\t\t\t<h1 class=\"elementor-heading-title elementor-size-default\">Castell de Calatrava la Nueva (Ciudad Real)<\/h1>\t\t\t\t<\/div>\n\t\t\t\t<\/div>\n\t\t\t\t\t<\/div>\n\t\t<\/div>\n\t\t\t\t\t<\/div>\n\t\t<\/section>\n\t\t\t\t<section class=\"elementor-section elementor-top-section elementor-element elementor-element-38ef0eee elementor-section-boxed elementor-section-height-default elementor-section-height-default\" data-id=\"38ef0eee\" data-element_type=\"section\" data-e-type=\"section\">\n\t\t\t\t\t\t<div class=\"elementor-container elementor-column-gap-default\">\n\t\t\t\t\t<div class=\"elementor-column elementor-col-100 elementor-top-column elementor-element elementor-element-34af04f2\" data-id=\"34af04f2\" data-element_type=\"column\" data-e-type=\"column\">\n\t\t\t<div class=\"elementor-widget-wrap elementor-element-populated\">\n\t\t\t\t\t\t<div class=\"elementor-element elementor-element-8e7e456 elementor-widget elementor-widget-image\" data-id=\"8e7e456\" data-element_type=\"widget\" data-e-type=\"widget\" data-widget_type=\"image.default\">\n\t\t\t\t<div class=\"elementor-widget-container\">\n\t\t\t\t\t\t\t\t\t\t\t\t<figure class=\"wp-caption\">\n\t\t\t\t\t\t\t\t\t\t<img fetchpriority=\"high\" decoding=\"async\" width=\"768\" height=\"511\" src=\"https:\/\/www.elturistatranquil.com\/wp-content\/uploads\/F0-Castillo-de-Calatrava-la-Nueva.jpg\" class=\"attachment-large size-large wp-image-27139\" alt=\"Castillo de Calatrava la Nueva\" srcset=\"https:\/\/www.elturistatranquil.com\/wp-content\/uploads\/F0-Castillo-de-Calatrava-la-Nueva.jpg 768w, https:\/\/www.elturistatranquil.com\/wp-content\/uploads\/F0-Castillo-de-Calatrava-la-Nueva-339x226.jpg 339w\" sizes=\"(max-width: 768px) 100vw, 768px\" \/>\t\t\t\t\t\t\t\t\t\t\t<figcaption class=\"widget-image-caption wp-caption-text\"><\/figcaption>\n\t\t\t\t\t\t\t\t\t\t<\/figure>\n\t\t\t\t\t\t\t\t\t<\/div>\n\t\t\t\t<\/div>\n\t\t\t\t<div class=\"elementor-element elementor-element-704ac1c0 elementor-widget elementor-widget-spacer\" data-id=\"704ac1c0\" data-element_type=\"widget\" data-e-type=\"widget\" data-widget_type=\"spacer.default\">\n\t\t\t\t<div class=\"elementor-widget-container\">\n\t\t\t\t\t\t\t<div class=\"elementor-spacer\">\n\t\t\t<div class=\"elementor-spacer-inner\"><\/div>\n\t\t<\/div>\n\t\t\t\t\t\t<\/div>\n\t\t\t\t<\/div>\n\t\t\t\t<div class=\"elementor-element elementor-element-7580a0c3 elementor-widget elementor-widget-heading\" data-id=\"7580a0c3\" data-element_type=\"widget\" data-e-type=\"widget\" data-widget_type=\"heading.default\">\n\t\t\t\t<div class=\"elementor-widget-container\">\n\t\t\t\t\t<h2 class=\"elementor-heading-title elementor-size-default\">Castell de Calatrava la Nueva. Campo de Calatrava. Ciudad Real<\/h2>\t\t\t\t<\/div>\n\t\t\t\t<\/div>\n\t\t\t\t<section class=\"elementor-section elementor-inner-section elementor-element elementor-element-3e51794d elementor-section-boxed elementor-section-height-default elementor-section-height-default\" data-id=\"3e51794d\" data-element_type=\"section\" data-e-type=\"section\" data-settings=\"{&quot;background_background&quot;:&quot;classic&quot;}\">\n\t\t\t\t\t\t\t<div class=\"elementor-background-overlay\"><\/div>\n\t\t\t\t\t\t\t<div class=\"elementor-container elementor-column-gap-default\">\n\t\t\t\t\t<div class=\"elementor-column elementor-col-100 elementor-inner-column elementor-element elementor-element-49a4377\" data-id=\"49a4377\" data-element_type=\"column\" data-e-type=\"column\" data-settings=\"{&quot;background_background&quot;:&quot;classic&quot;}\">\n\t\t\t<div class=\"elementor-widget-wrap elementor-element-populated\">\n\t\t\t\t\t\t<div class=\"elementor-element elementor-element-41f7a2c9 elementor-widget elementor-widget-text-editor\" data-id=\"41f7a2c9\" data-element_type=\"widget\" data-e-type=\"widget\" data-widget_type=\"text-editor.default\">\n\t\t\t\t<div class=\"elementor-widget-container\">\n\t\t\t\t\t\t\t\t\t<p>Carretera de Calzada de Calatrava a Puertollano, km 2,3. Municipi: Aldea del Rey. Comarca: Campo de Calatrava. Prov\u00edncia: Ciudad Real. Com. Aut\u00f3noma: Castilla-La Mancha<\/p><p>Coordenades: 38\u00ba39\u201959\u201dN 3\u00ba50\u201942\u201dO. Altitud: 903 msnm<\/p><p>Web: <a href=\"http:\/\/castillodecalatrava.org\/\" target=\"_blank\" rel=\"noopener\">castillodecalatrava<\/a><\/p><p><em>B\u00e9 d&#8217;Inter\u00e8s Cultural<\/em><\/p><p>Visita: 2019<\/p>\t\t\t\t\t\t\t\t<\/div>\n\t\t\t\t<\/div>\n\t\t\t\t\t<\/div>\n\t\t<\/div>\n\t\t\t\t\t<\/div>\n\t\t<\/section>\n\t\t\t\t<div class=\"elementor-element elementor-element-429cc865 elementor-widget elementor-widget-image\" data-id=\"429cc865\" data-element_type=\"widget\" data-e-type=\"widget\" data-widget_type=\"image.default\">\n\t\t\t\t<div class=\"elementor-widget-container\">\n\t\t\t\t\t\t\t\t\t\t\t\t<figure class=\"wp-caption\">\n\t\t\t\t\t\t\t\t\t\t<img decoding=\"async\" width=\"768\" height=\"512\" src=\"https:\/\/www.elturistatranquil.com\/wp-content\/uploads\/F02-Mapa-de-situacion-del-Castillo-de-Calatrava-la-NuevaGoogle-maps-2019-12-20.jpg\" class=\"attachment-medium_large size-medium_large wp-image-26901\" alt=\"Mapa de situacion del Castillo de Calatrava la Nueva(Google maps 2019-12-20)\" srcset=\"https:\/\/www.elturistatranquil.com\/wp-content\/uploads\/F02-Mapa-de-situacion-del-Castillo-de-Calatrava-la-NuevaGoogle-maps-2019-12-20.jpg 768w, https:\/\/www.elturistatranquil.com\/wp-content\/uploads\/F02-Mapa-de-situacion-del-Castillo-de-Calatrava-la-NuevaGoogle-maps-2019-12-20-339x226.jpg 339w\" sizes=\"(max-width: 768px) 100vw, 768px\" \/>\t\t\t\t\t\t\t\t\t\t\t<figcaption class=\"widget-image-caption wp-caption-text\">Mapa de situaci\u00f3 del Castell de Calatrava la Nueva (Google maps 2019-12-20)<\/figcaption>\n\t\t\t\t\t\t\t\t\t\t<\/figure>\n\t\t\t\t\t\t\t\t\t<\/div>\n\t\t\t\t<\/div>\n\t\t\t\t<section class=\"elementor-section elementor-inner-section elementor-element elementor-element-7d7c1824 elementor-section-boxed elementor-section-height-default elementor-section-height-default\" data-id=\"7d7c1824\" data-element_type=\"section\" data-e-type=\"section\" data-settings=\"{&quot;background_background&quot;:&quot;classic&quot;}\">\n\t\t\t\t\t\t<div class=\"elementor-container elementor-column-gap-default\">\n\t\t\t\t\t<div class=\"elementor-column elementor-col-100 elementor-inner-column elementor-element elementor-element-7a2bfff9\" data-id=\"7a2bfff9\" data-element_type=\"column\" data-e-type=\"column\">\n\t\t\t<div class=\"elementor-widget-wrap elementor-element-populated\">\n\t\t\t\t\t\t<div class=\"elementor-element elementor-element-6c956383 elementor-widget elementor-widget-text-editor\" data-id=\"6c956383\" data-element_type=\"widget\" data-e-type=\"widget\" data-widget_type=\"text-editor.default\">\n\t\t\t\t<div class=\"elementor-widget-container\">\n\t\t\t\t\t\t\t\t\t<p style=\"text-align: center;\"><strong>\u00cdndex<\/strong><\/p>\t\t\t\t\t\t\t\t<\/div>\n\t\t\t\t<\/div>\n\t\t\t\t<div class=\"elementor-element elementor-element-1d667053 elementor-widget elementor-widget-text-editor\" data-id=\"1d667053\" data-element_type=\"widget\" data-e-type=\"widget\" data-widget_type=\"text-editor.default\">\n\t\t\t\t<div class=\"elementor-widget-container\">\n\t\t\t\t\t\t\t\t\t<p><a href=\"https:\/\/www.elturistatranquil.com\/ca\/castell-de-calatrava-la-nueva-ciudad-real\/#b4101\">Castell de Calatrava la Nueva. Campo de Calatrava. Ciudad Real<\/a><\/p><p><a href=\"https:\/\/www.elturistatranquil.com\/ca\/castell-de-calatrava-la-nueva-ciudad-real\/#b4102\">L&#8217;Ordre de Calatrava<\/a><\/p><p><a href=\"https:\/\/www.elturistatranquil.com\/ca\/castell-de-calatrava-la-nueva-ciudad-real\/#b4103\">El Castell de Calatrava la Nueva<\/a><\/p><p><a href=\"https:\/\/www.elturistatranquil.com\/ca\/castell-de-calatrava-la-nueva-ciudad-real\/#b4104\">El territori<\/a><\/p><p><a href=\"https:\/\/www.elturistatranquil.com\/ca\/castell-de-calatrava-la-nueva-ciudad-real\/#b4105\">Visita al Castell i Sacreconvent de Calatrava la Nueva<\/a><\/p><p style=\"padding-left: 40px;\"><a href=\"https:\/\/www.elturistatranquil.com\/ca\/castell-de-calatrava-la-nueva-ciudad-real\/#b4106\">Les Muralles<\/a><\/p><p style=\"padding-left: 40px;\"><a href=\"https:\/\/www.elturistatranquil.com\/ca\/castell-de-calatrava-la-nueva-ciudad-real\/#b4107\">El recinte del Castell<\/a><\/p><p style=\"padding-left: 40px;\"><a href=\"https:\/\/www.elturistatranquil.com\/ca\/castell-de-calatrava-la-nueva-ciudad-real\/#b4108\">Acc\u00e9s al Castell-Monestir<\/a><\/p><p style=\"padding-left: 40px;\"><a href=\"https:\/\/www.elturistatranquil.com\/ca\/castell-de-calatrava-la-nueva-ciudad-real\/#b4109\">Carrer dels artesans<\/a><\/p><p style=\"padding-left: 40px;\"><a href=\"https:\/\/www.elturistatranquil.com\/ca\/castell-de-calatrava-la-nueva-ciudad-real\/#b4110\">Villavieja<\/a><\/p><p style=\"padding-left: 40px;\"><a href=\"https:\/\/www.elturistatranquil.com\/ca\/castell-de-calatrava-la-nueva-ciudad-real\/#b4111\">L&#8217;Esgl\u00e9sia<\/a><\/p><p style=\"padding-left: 40px;\"><a href=\"https:\/\/www.elturistatranquil.com\/ca\/castell-de-calatrava-la-nueva-ciudad-real\/#b4112\">El Castell<\/a><\/p><p style=\"padding-left: 40px;\"><a href=\"https:\/\/www.elturistatranquil.com\/ca\/castell-de-calatrava-la-nueva-ciudad-real\/#b4113\">El recinte conventual<\/a><\/p><p><a href=\"https:\/\/www.elturistatranquil.com\/ca\/castell-de-calatrava-la-nueva-ciudad-real\/#b4114\">Fi de la visita<\/a><\/p><p><a href=\"https:\/\/www.elturistatranquil.com\/ca\/castell-de-calatrava-la-nueva-ciudad-real\/#b4115\">Bases d&#8217;informaci\u00f3<\/a><\/p>\t\t\t\t\t\t\t\t<\/div>\n\t\t\t\t<\/div>\n\t\t\t\t\t<\/div>\n\t\t<\/div>\n\t\t\t\t\t<\/div>\n\t\t<\/section>\n\t\t\t\t<div class=\"elementor-element elementor-element-6eff423 elementor-widget elementor-widget-spacer\" data-id=\"6eff423\" data-element_type=\"widget\" data-e-type=\"widget\" data-widget_type=\"spacer.default\">\n\t\t\t\t<div class=\"elementor-widget-container\">\n\t\t\t\t\t\t\t<div class=\"elementor-spacer\">\n\t\t\t<div class=\"elementor-spacer-inner\"><\/div>\n\t\t<\/div>\n\t\t\t\t\t\t<\/div>\n\t\t\t\t<\/div>\n\t\t\t\t<div class=\"elementor-element elementor-element-7907ffe7 elementor-widget elementor-widget-menu-anchor\" data-id=\"7907ffe7\" data-element_type=\"widget\" data-e-type=\"widget\" data-widget_type=\"menu-anchor.default\">\n\t\t\t\t<div class=\"elementor-widget-container\">\n\t\t\t\t\t\t\t<div class=\"elementor-menu-anchor\" id=\"b4101\"><\/div>\n\t\t\t\t\t\t<\/div>\n\t\t\t\t<\/div>\n\t\t\t\t<div class=\"elementor-element elementor-element-4b7bdb9b elementor-widget elementor-widget-spacer\" data-id=\"4b7bdb9b\" data-element_type=\"widget\" data-e-type=\"widget\" data-widget_type=\"spacer.default\">\n\t\t\t\t<div class=\"elementor-widget-container\">\n\t\t\t\t\t\t\t<div class=\"elementor-spacer\">\n\t\t\t<div class=\"elementor-spacer-inner\"><\/div>\n\t\t<\/div>\n\t\t\t\t\t\t<\/div>\n\t\t\t\t<\/div>\n\t\t\t\t<div class=\"elementor-element elementor-element-510fb649 elementor-widget elementor-widget-heading\" data-id=\"510fb649\" data-element_type=\"widget\" data-e-type=\"widget\" data-widget_type=\"heading.default\">\n\t\t\t\t<div class=\"elementor-widget-container\">\n\t\t\t\t\t<h2 class=\"elementor-heading-title elementor-size-default\">Castell de Calatrava la Nueva. Campo de Calatrava. Ciudad Real<\/h2>\t\t\t\t<\/div>\n\t\t\t\t<\/div>\n\t\t\t\t<div class=\"elementor-element elementor-element-5434b17a elementor-widget elementor-widget-text-editor\" data-id=\"5434b17a\" data-element_type=\"widget\" data-e-type=\"widget\" data-widget_type=\"text-editor.default\">\n\t\t\t\t<div class=\"elementor-widget-container\">\n\t\t\t\t\t\t\t\t\t<p>Enlla\u00e7 amb el <em>Post<\/em>: <a href=\"https:\/\/www.elturistatranquil.com\/ca\/hospederia-santa-elena-tierra-de-montiel\/\" target=\"_blank\" rel=\"noopener\"><strong>Hospeder\u00eda Santa Elena, Tierra de Montiel<\/strong><\/a><\/p>\t\t\t\t\t\t\t\t<\/div>\n\t\t\t\t<\/div>\n\t\t\t\t<div class=\"elementor-element elementor-element-2b572ac elementor-widget elementor-widget-menu-anchor\" data-id=\"2b572ac\" data-element_type=\"widget\" data-e-type=\"widget\" data-widget_type=\"menu-anchor.default\">\n\t\t\t\t<div class=\"elementor-widget-container\">\n\t\t\t\t\t\t\t<div class=\"elementor-menu-anchor\" id=\"b4102\"><\/div>\n\t\t\t\t\t\t<\/div>\n\t\t\t\t<\/div>\n\t\t\t\t<div class=\"elementor-element elementor-element-cc5b3ab elementor-widget elementor-widget-text-editor\" data-id=\"cc5b3ab\" data-element_type=\"widget\" data-e-type=\"widget\" data-widget_type=\"text-editor.default\">\n\t\t\t\t<div class=\"elementor-widget-container\">\n\t\t\t\t\t\t\t\t\t<p>Una sortida de gran inter\u00e8s durant l&#8217;estada a l&#8217;<strong>Hostatgeria Santa Elena<\/strong> va ser la que em va portar fins al Castell de Calatrava la Nova. Situat a una dist\u00e0ncia de 78 quil\u00f2metres, a 1 hora.<\/p><p>Com crec que es veur\u00e0 a continuaci\u00f3, val la pena el despla\u00e7ament per contemplar un dels castells-monestir m\u00e9s impactants de la Pen\u00ednsula, que es correspon amb un moment molt particular de la hist\u00f2ria d&#8217;aquest pa\u00eds.<\/p>\t\t\t\t\t\t\t\t<\/div>\n\t\t\t\t<\/div>\n\t\t\t\t<div class=\"elementor-element elementor-element-ce28a8d elementor-widget elementor-widget-heading\" data-id=\"ce28a8d\" data-element_type=\"widget\" data-e-type=\"widget\" data-widget_type=\"heading.default\">\n\t\t\t\t<div class=\"elementor-widget-container\">\n\t\t\t\t\t<h2 class=\"elementor-heading-title elementor-size-default\">L\u2019Ordre de Calatrava<\/h2>\t\t\t\t<\/div>\n\t\t\t\t<\/div>\n\t\t\t\t<div class=\"elementor-element elementor-element-34f9253 elementor-widget elementor-widget-text-editor\" data-id=\"34f9253\" data-element_type=\"widget\" data-e-type=\"widget\" data-widget_type=\"text-editor.default\">\n\t\t\t\t<div class=\"elementor-widget-container\">\n\t\t\t\t\t\t\t\t\t<p>A la segona meitat del segle XII, m\u00e9s o menys a la meitat del per\u00edode de pres\u00e8ncia militar musulmana a la Pen\u00ednsula, els regnes hisp\u00e0nics introdueixen les <a href=\"https:\/\/www.elturistatranquil.com\/ca\/esglesies-monestirs-i-ordres-religioses-a-ledat-mitjana\/\" target=\"_blank\" rel=\"noopener\">Ordres Militars<\/a>.<\/p><p>Segueixen el model de les Ordres Militars creades a principis d&#8217;aquest segle XII per a l&#8217;alliberament de Jerusalem en la Primera Croada.<\/p>\t\t\t\t\t\t\t\t<\/div>\n\t\t\t\t<\/div>\n\t\t\t\t<div class=\"elementor-element elementor-element-1350853 elementor-widget elementor-widget-image\" data-id=\"1350853\" data-element_type=\"widget\" data-e-type=\"widget\" data-widget_type=\"image.default\">\n\t\t\t\t<div class=\"elementor-widget-container\">\n\t\t\t\t\t\t\t\t\t\t\t\t<figure class=\"wp-caption\">\n\t\t\t\t\t\t\t\t\t\t<img decoding=\"async\" width=\"768\" height=\"512\" src=\"https:\/\/www.elturistatranquil.com\/wp-content\/uploads\/F03a-Emblema-de-la-Orden-de-Calatrava.jpg\" class=\"attachment-large size-large wp-image-26903\" alt=\"Emblema de la Orden de Calatrava\" srcset=\"https:\/\/www.elturistatranquil.com\/wp-content\/uploads\/F03a-Emblema-de-la-Orden-de-Calatrava.jpg 768w, https:\/\/www.elturistatranquil.com\/wp-content\/uploads\/F03a-Emblema-de-la-Orden-de-Calatrava-339x226.jpg 339w\" sizes=\"(max-width: 768px) 100vw, 768px\" \/>\t\t\t\t\t\t\t\t\t\t\t<figcaption class=\"widget-image-caption wp-caption-text\">Emblema de l\u2019Ordre de Calatrava<\/figcaption>\n\t\t\t\t\t\t\t\t\t\t<\/figure>\n\t\t\t\t\t\t\t\t\t<\/div>\n\t\t\t\t<\/div>\n\t\t\t\t<div class=\"elementor-element elementor-element-c5e606c elementor-widget elementor-widget-text-editor\" data-id=\"c5e606c\" data-element_type=\"widget\" data-e-type=\"widget\" data-widget_type=\"text-editor.default\">\n\t\t\t\t<div class=\"elementor-widget-container\">\n\t\t\t\t\t\t\t\t\t<p>L&#8217;Ordre de Calatrava va ser la primera Ordre Militar del Regne de Castella en 1158 durant el regnat de Sancho III, sent aprovada pel Papa Alexandre III en 1164. Els seus fins fundacionals eren &#8220;la lloan\u00e7a de D\u00e9u, la defensa de la Fe i la santificaci\u00f3 personal &#8220;. Val a dir que l&#8217;Ordre de Calatrava perviu actualment amb els mateixos fins confessionals, tot i que amb diferents formes d&#8217;actuaci\u00f3 social.<\/p><p>Estava adscrita a la regla del Cister, dependent de l&#8217;abadia de Morimond.<\/p><p>Es va fundar amb l&#8217;objectiu de defensar la ciutat de Kalaat-Rawah (actual Calatrava la Vella), a Carri\u00f3n de Calatrava (a la prov\u00edncia de Ciudad Real), en substituci\u00f3 de l&#8217;Ordre del Temple, que havia abandonat aquest territori a la mort de Alfons VII.<\/p><p>Posteriorment va rebre l&#8217;enc\u00e0rrec de protegir la zona Sud-Sud-oest de la Meseta de La Manxa a la conca alta del Guadiana. Zona \u00e0mpliament disputada, entre la Meseta central i la Vall del Guadalquivir.<\/p><p>El territori que l&#8217;Ordre dominava era aproximadament el de l&#8217;actual comarca del Campo de Calatrava, sense incloure la ciutat de Ciudad Real que pertanyia a la Corona, i la Vall d&#8217;Alc\u00fadia. Per\u00f2 tamb\u00e9 va arribar a disposar d&#8217;\u00e0mplies possessions a Arag\u00f3, Andalusia i Castella.<\/p><p>El Mapa seg\u00fcent correspon a la implantaci\u00f3 de les Ordres militars a la fi de segle XV, on en color lila apareixen els territoris de l&#8217;Ordre de Calatrava.<\/p>\t\t\t\t\t\t\t\t<\/div>\n\t\t\t\t<\/div>\n\t\t\t\t<div class=\"elementor-element elementor-element-cced890 elementor-widget elementor-widget-image\" data-id=\"cced890\" data-element_type=\"widget\" data-e-type=\"widget\" data-widget_type=\"image.default\">\n\t\t\t\t<div class=\"elementor-widget-container\">\n\t\t\t\t\t\t\t\t\t\t\t\t<figure class=\"wp-caption\">\n\t\t\t\t\t\t\t\t\t\t<img loading=\"lazy\" decoding=\"async\" width=\"768\" height=\"512\" src=\"https:\/\/www.elturistatranquil.com\/wp-content\/uploads\/F03a-Mapa-implantaci\u00f3-de-las-Ordenes-militares-a-final-siglo-XV.jpg\" class=\"attachment-large size-large wp-image-26905\" alt=\"Mapa implantaci\u00f3n de las Ordenes militares a final siglo XV\" srcset=\"https:\/\/www.elturistatranquil.com\/wp-content\/uploads\/F03a-Mapa-implantaci\u00f3-de-las-Ordenes-militares-a-final-siglo-XV.jpg 768w, https:\/\/www.elturistatranquil.com\/wp-content\/uploads\/F03a-Mapa-implantaci\u00f3-de-las-Ordenes-militares-a-final-siglo-XV-339x226.jpg 339w\" sizes=\"(max-width: 768px) 100vw, 768px\" \/>\t\t\t\t\t\t\t\t\t\t\t<figcaption class=\"widget-image-caption wp-caption-text\"><em>(Font:\u00a0<a href=\"http:\/\/www.ordenesmilitares.es\/real-consejo\/antecedentes-historicos-de-las-ordenes-militares\/unidad-de-espana\/\" target=\"_blank\" rel=\"noopener\">Real Consejo de las Ordenes Militares<\/a>)<\/em><\/figcaption>\n\t\t\t\t\t\t\t\t\t\t<\/figure>\n\t\t\t\t\t\t\t\t\t<\/div>\n\t\t\t\t<\/div>\n\t\t\t\t<div class=\"elementor-element elementor-element-27f7ce2 elementor-widget elementor-widget-text-editor\" data-id=\"27f7ce2\" data-element_type=\"widget\" data-e-type=\"widget\" data-widget_type=\"text-editor.default\">\n\t\t\t\t<div class=\"elementor-widget-container\">\n\t\t\t\t\t\t\t\t\t<p>El domini jurisdiccional, despr\u00e9s de l&#8217;etapa militar, es va mantenir sobre la base de la <em>encomienda<\/em>. En total, durant set segles fins al moment de la desamortitzaci\u00f3 al segle XIX.<\/p>\t\t\t\t\t\t\t\t<\/div>\n\t\t\t\t<\/div>\n\t\t\t\t<div class=\"elementor-element elementor-element-5fc038e elementor-widget elementor-widget-menu-anchor\" data-id=\"5fc038e\" data-element_type=\"widget\" data-e-type=\"widget\" data-widget_type=\"menu-anchor.default\">\n\t\t\t\t<div class=\"elementor-widget-container\">\n\t\t\t\t\t\t\t<div class=\"elementor-menu-anchor\" id=\"b4103\"><\/div>\n\t\t\t\t\t\t<\/div>\n\t\t\t\t<\/div>\n\t\t\t\t<div class=\"elementor-element elementor-element-4269a74 elementor-widget elementor-widget-heading\" data-id=\"4269a74\" data-element_type=\"widget\" data-e-type=\"widget\" data-widget_type=\"heading.default\">\n\t\t\t\t<div class=\"elementor-widget-container\">\n\t\t\t\t\t<h2 class=\"elementor-heading-title elementor-size-default\">El Castell de Calatrava la Nueva<\/h2>\t\t\t\t<\/div>\n\t\t\t\t<\/div>\n\t\t\t\t<div class=\"elementor-element elementor-element-58c92a0 elementor-widget elementor-widget-text-editor\" data-id=\"58c92a0\" data-element_type=\"widget\" data-e-type=\"widget\" data-widget_type=\"text-editor.default\">\n\t\t\t\t<div class=\"elementor-widget-container\">\n\t\t\t\t\t\t\t\t\t<p>La construcci\u00f3 del <strong>Castell i Sacreconvent de Calatrava la Nueva<\/strong> correspon a l&#8217;any 1216, on es van traslladar des del primer castell (actualment denominat Castell de Calatrava la Vella), situat 44 quil\u00f2metres al nord, que oferia condicions de vida inadequades i que havia perdut la seva posici\u00f3 estrat\u00e8gica.<\/p><p>Es va situar en el cim del tur\u00f3 del Alacranejo a Aldea de Rey, en el pas cap a Puertollano i la Vall del Guadalquivir.<\/p><p>Pel seu empla\u00e7ament correspon a la tipologia de <a href=\"https:\/\/www.elturistatranquil.com\/ca\/els-castells-medievals-a-espanya-tipologies\/\" target=\"_blank\" rel=\"noopener\">castell roquer i de tur\u00f3<\/a>. Pel seu origen, \u00e9s un dels pocs exemples de <a href=\"https:\/\/www.elturistatranquil.com\/ca\/els-castells-medievals-a-espanya-tipologies\/\" target=\"_blank\" rel=\"noopener\">castell-convent d&#8217;una ordre militar<\/a>, amb doble funci\u00f3 militar i religiosa. D&#8217;aqu\u00ed el gran temple i la zona conventual, com veurem en la visita.<\/p>\t\t\t\t\t\t\t\t<\/div>\n\t\t\t\t<\/div>\n\t\t\t\t<div class=\"elementor-element elementor-element-b3c274d elementor-widget elementor-widget-image\" data-id=\"b3c274d\" data-element_type=\"widget\" data-e-type=\"widget\" data-widget_type=\"image.default\">\n\t\t\t\t<div class=\"elementor-widget-container\">\n\t\t\t\t\t\t\t\t\t\t\t\t<figure class=\"wp-caption\">\n\t\t\t\t\t\t\t\t\t\t<img loading=\"lazy\" decoding=\"async\" width=\"768\" height=\"511\" src=\"https:\/\/www.elturistatranquil.com\/wp-content\/uploads\/F03b-Castillo-de-Calatrava-la-Nueva.jpg\" class=\"attachment-large size-large wp-image-26907\" alt=\"Castillo de Calatrava la Nueva\" srcset=\"https:\/\/www.elturistatranquil.com\/wp-content\/uploads\/F03b-Castillo-de-Calatrava-la-Nueva.jpg 768w, https:\/\/www.elturistatranquil.com\/wp-content\/uploads\/F03b-Castillo-de-Calatrava-la-Nueva-339x226.jpg 339w\" sizes=\"(max-width: 768px) 100vw, 768px\" \/>\t\t\t\t\t\t\t\t\t\t\t<figcaption class=\"widget-image-caption wp-caption-text\"><\/figcaption>\n\t\t\t\t\t\t\t\t\t\t<\/figure>\n\t\t\t\t\t\t\t\t\t<\/div>\n\t\t\t\t<\/div>\n\t\t\t\t<div class=\"elementor-element elementor-element-1cf69ee8 elementor-widget elementor-widget-text-editor\" data-id=\"1cf69ee8\" data-element_type=\"widget\" data-e-type=\"widget\" data-widget_type=\"text-editor.default\">\n\t\t\t\t<div class=\"elementor-widget-container\">\n\t\t\t\t\t\t\t\t\t<p>Mai va ser enva\u00eft ni assetjat, ni es coneix cap batalla en ell. El que no havia passat amb el seu antecessor, el Castell de Salvatierra, situat davant, a l&#8217;altre costat de la vall de pas.<\/p><p>Aix\u00f2 \u00e9s a causa de l&#8217;\u00e8poca en la qual s&#8217;aixeca, anys despr\u00e9s de la batalla de les Navas de Tolosa, quan la frontera va avan\u00e7ant cap al sud, aix\u00ed com per les seves dimensions i car\u00e0cter inexpugnable.<\/p>\t\t\t\t\t\t\t\t<\/div>\n\t\t\t\t<\/div>\n\t\t\t\t<div class=\"elementor-element elementor-element-fe85b9d elementor-widget elementor-widget-image\" data-id=\"fe85b9d\" data-element_type=\"widget\" data-e-type=\"widget\" data-widget_type=\"image.default\">\n\t\t\t\t<div class=\"elementor-widget-container\">\n\t\t\t\t\t\t\t\t\t\t\t\t<figure class=\"wp-caption\">\n\t\t\t\t\t\t\t\t\t\t<img loading=\"lazy\" decoding=\"async\" width=\"768\" height=\"511\" src=\"https:\/\/www.elturistatranquil.com\/wp-content\/uploads\/F04-Castillo-de-Salvatierra.jpg\" class=\"attachment-large size-large wp-image-26909\" alt=\"Castillo de Salvatierra\" srcset=\"https:\/\/www.elturistatranquil.com\/wp-content\/uploads\/F04-Castillo-de-Salvatierra.jpg 768w, https:\/\/www.elturistatranquil.com\/wp-content\/uploads\/F04-Castillo-de-Salvatierra-339x226.jpg 339w\" sizes=\"(max-width: 768px) 100vw, 768px\" \/>\t\t\t\t\t\t\t\t\t\t\t<figcaption class=\"widget-image-caption wp-caption-text\">Castell de Salvatierra<\/figcaption>\n\t\t\t\t\t\t\t\t\t\t<\/figure>\n\t\t\t\t\t\t\t\t\t<\/div>\n\t\t\t\t<\/div>\n\t\t\t\t<div class=\"elementor-element elementor-element-bc3a5e7 elementor-widget elementor-widget-text-editor\" data-id=\"bc3a5e7\" data-element_type=\"widget\" data-e-type=\"widget\" data-widget_type=\"text-editor.default\">\n\t\t\t\t<div class=\"elementor-widget-container\">\n\t\t\t\t\t\t\t\t\t<p>Amb anterioritat a l&#8217;ocupaci\u00f3 per l&#8217;Ordre, es va construir primer un castell, a la part m\u00e9s elevada. En aquest lloc hi havia hagut una talaia i se suposa que l&#8217;anterior Castell de Due\u00f1as.<\/p><p>Al voltant de el Castell, l&#8217;Ordre de Calatrava va edificar el monestir cistercenc. A m\u00e9s, es van realitzar construccions auxiliars per al sosteniment del castell i del convent.<\/p><p>D&#8217;aquesta manera, amb les ampliacions es van anar construint noves muralles exteriors que es conserven pr\u00e0cticament intactes. En total quatre muralles.<\/p><p>Amb el temps es van anar afegint noves depend\u00e8ncies i reformes, especialment durant els regnats dels Reis Cat\u00f2lics i Felip II.<\/p><p>El terratr\u00e8mol de Lisboa de 1775 el va afectar considerablement, pel que van sol\u00b7licitar de Carles IV perm\u00eds per traslladar a Almagro les depend\u00e8ncies de l&#8217;Ordre, on en 1802 es van instal\u00b7lar en els <a href=\"https:\/\/www.elturistatranquil.com\/ca\/almagro-(ciudad-real)\/#c3928\" target=\"_blank\" rel=\"noopener\">Palaus Maestrales<\/a> (actualment Museu Nacional de Teatre). En Calatrava la Nueva van romandre depend\u00e8ncies monacals fins a l&#8217;\u00e8poca de les Desamortitzacions, quan va quedar desocupat.<\/p><p>Despr\u00e9s de l&#8217;aband\u00f3, en 1854 va ser declarat <em>Monument Hist\u00f2ric Nacional<\/em>. En 1931 va ser incorporat al registre de <em>B\u00e9ns d&#8217;Inter\u00e8s Cultural<\/em>, realitzant-se les primeres restauracions.<\/p>\t\t\t\t\t\t\t\t<\/div>\n\t\t\t\t<\/div>\n\t\t\t\t<div class=\"elementor-element elementor-element-b2b3afd elementor-widget elementor-widget-menu-anchor\" data-id=\"b2b3afd\" data-element_type=\"widget\" data-e-type=\"widget\" data-widget_type=\"menu-anchor.default\">\n\t\t\t\t<div class=\"elementor-widget-container\">\n\t\t\t\t\t\t\t<div class=\"elementor-menu-anchor\" id=\"b4104\"><\/div>\n\t\t\t\t\t\t<\/div>\n\t\t\t\t<\/div>\n\t\t\t\t<div class=\"elementor-element elementor-element-e787698 elementor-widget elementor-widget-heading\" data-id=\"e787698\" data-element_type=\"widget\" data-e-type=\"widget\" data-widget_type=\"heading.default\">\n\t\t\t\t<div class=\"elementor-widget-container\">\n\t\t\t\t\t<h2 class=\"elementor-heading-title elementor-size-default\">El territori<\/h2>\t\t\t\t<\/div>\n\t\t\t\t<\/div>\n\t\t\t\t<div class=\"elementor-element elementor-element-e2b12ab elementor-widget elementor-widget-text-editor\" data-id=\"e2b12ab\" data-element_type=\"widget\" data-e-type=\"widget\" data-widget_type=\"text-editor.default\">\n\t\t\t\t<div class=\"elementor-widget-container\">\n\t\t\t\t\t\t\t\t\t<p>L&#8217;empla\u00e7ament a una altitud de 996 msnm, a la c\u00faspide d&#8217;un tur\u00f3 c\u00f2nic, li atorga un car\u00e0cter d&#8217;inexpugnable.<\/p><p>Com observarem a les parets i murs, les quarsites i els materials volc\u00e0nics de la serra de la Atalaya, dotaran d&#8217;un color especial a la construcci\u00f3, amb unes tonalitats vermelloses.<\/p><p>Entre el castell de Calatrava i el Castell de Salvatierra, pel port de Calatrava transita la <em>Ca\u00f1ada Real de las Vacas<\/em>. La seva localitzaci\u00f3 estrat\u00e8gica controla el pas entre La Manxa i Andalusia.<\/p>\t\t\t\t\t\t\t\t<\/div>\n\t\t\t\t<\/div>\n\t\t\t\t<div class=\"elementor-element elementor-element-7a46f22 elementor-widget elementor-widget-image\" data-id=\"7a46f22\" data-element_type=\"widget\" data-e-type=\"widget\" data-widget_type=\"image.default\">\n\t\t\t\t<div class=\"elementor-widget-container\">\n\t\t\t\t\t\t\t\t\t\t\t\t<figure class=\"wp-caption\">\n\t\t\t\t\t\t\t\t\t\t<img loading=\"lazy\" decoding=\"async\" width=\"768\" height=\"512\" src=\"https:\/\/www.elturistatranquil.com\/wp-content\/uploads\/F05a-Situaci\u00f3n-del-Castillo-entre-La-Meseta-y-el-Valle-del-Guadalquivir-Google-maps-2019-12-20.jpg\" class=\"attachment-large size-large wp-image-26911\" alt=\"Situaci\u00f3n del Castillo entre La Meseta y el Valle del Guadalquivir (Google maps 2019-12-20)\" srcset=\"https:\/\/www.elturistatranquil.com\/wp-content\/uploads\/F05a-Situaci\u00f3n-del-Castillo-entre-La-Meseta-y-el-Valle-del-Guadalquivir-Google-maps-2019-12-20.jpg 768w, https:\/\/www.elturistatranquil.com\/wp-content\/uploads\/F05a-Situaci\u00f3n-del-Castillo-entre-La-Meseta-y-el-Valle-del-Guadalquivir-Google-maps-2019-12-20-339x226.jpg 339w\" sizes=\"(max-width: 768px) 100vw, 768px\" \/>\t\t\t\t\t\t\t\t\t\t\t<figcaption class=\"widget-image-caption wp-caption-text\">Situaci\u00f3 del Castell entre La Meseta i la Vall del Guadalquivir (Google maps 2019-12-20)<\/figcaption>\n\t\t\t\t\t\t\t\t\t\t<\/figure>\n\t\t\t\t\t\t\t\t\t<\/div>\n\t\t\t\t<\/div>\n\t\t\t\t<div class=\"elementor-element elementor-element-8abe440 elementor-widget elementor-widget-image\" data-id=\"8abe440\" data-element_type=\"widget\" data-e-type=\"widget\" data-widget_type=\"image.default\">\n\t\t\t\t<div class=\"elementor-widget-container\">\n\t\t\t\t\t\t\t\t\t\t\t\t<figure class=\"wp-caption\">\n\t\t\t\t\t\t\t\t\t\t<img loading=\"lazy\" decoding=\"async\" width=\"768\" height=\"511\" src=\"https:\/\/www.elturistatranquil.com\/wp-content\/uploads\/F05b-Castillo-de-Calatrava-la-Nueva.jpg\" class=\"attachment-large size-large wp-image-26913\" alt=\"Castillo de Calatrava la Nueva\" srcset=\"https:\/\/www.elturistatranquil.com\/wp-content\/uploads\/F05b-Castillo-de-Calatrava-la-Nueva.jpg 768w, https:\/\/www.elturistatranquil.com\/wp-content\/uploads\/F05b-Castillo-de-Calatrava-la-Nueva-339x226.jpg 339w\" sizes=\"(max-width: 768px) 100vw, 768px\" \/>\t\t\t\t\t\t\t\t\t\t\t<figcaption class=\"widget-image-caption wp-caption-text\">Vista de la banda est del Port de Calatrava. L'altipl\u00e0 de la Manxa, el port de Calatrava, per on circulava la Ca\u00f1ada Real, i a l'altre costat del tur\u00f3 amb el Castell de Salvatierra<\/figcaption>\n\t\t\t\t\t\t\t\t\t\t<\/figure>\n\t\t\t\t\t\t\t\t\t<\/div>\n\t\t\t\t<\/div>\n\t\t\t\t<div class=\"elementor-element elementor-element-b79002b elementor-widget elementor-widget-menu-anchor\" data-id=\"b79002b\" data-element_type=\"widget\" data-e-type=\"widget\" data-widget_type=\"menu-anchor.default\">\n\t\t\t\t<div class=\"elementor-widget-container\">\n\t\t\t\t\t\t\t<div class=\"elementor-menu-anchor\" id=\"b4105\"><\/div>\n\t\t\t\t\t\t<\/div>\n\t\t\t\t<\/div>\n\t\t\t\t<div class=\"elementor-element elementor-element-48f23e2 elementor-widget elementor-widget-image\" data-id=\"48f23e2\" data-element_type=\"widget\" data-e-type=\"widget\" data-widget_type=\"image.default\">\n\t\t\t\t<div class=\"elementor-widget-container\">\n\t\t\t\t\t\t\t\t\t\t\t\t<figure class=\"wp-caption\">\n\t\t\t\t\t\t\t\t\t\t<img loading=\"lazy\" decoding=\"async\" width=\"768\" height=\"511\" src=\"https:\/\/www.elturistatranquil.com\/wp-content\/uploads\/F06-Castillo-de-Calatrava-la-Nueva.jpg\" class=\"attachment-large size-large wp-image-26915\" alt=\"Castillo de Calatrava la Nueva\" srcset=\"https:\/\/www.elturistatranquil.com\/wp-content\/uploads\/F06-Castillo-de-Calatrava-la-Nueva.jpg 768w, https:\/\/www.elturistatranquil.com\/wp-content\/uploads\/F06-Castillo-de-Calatrava-la-Nueva-339x226.jpg 339w\" sizes=\"(max-width: 768px) 100vw, 768px\" \/>\t\t\t\t\t\t\t\t\t\t\t<figcaption class=\"widget-image-caption wp-caption-text\">Vista cap al sud-oest del Port de Calatrava, amb Sierra Morena al fons<\/figcaption>\n\t\t\t\t\t\t\t\t\t\t<\/figure>\n\t\t\t\t\t\t\t\t\t<\/div>\n\t\t\t\t<\/div>\n\t\t\t\t<div class=\"elementor-element elementor-element-45d9524 elementor-widget elementor-widget-heading\" data-id=\"45d9524\" data-element_type=\"widget\" data-e-type=\"widget\" data-widget_type=\"heading.default\">\n\t\t\t\t<div class=\"elementor-widget-container\">\n\t\t\t\t\t<h2 class=\"elementor-heading-title elementor-size-default\">Visita al Castell i Sacreconvent de Calatrava la Nueva<\/h2>\t\t\t\t<\/div>\n\t\t\t\t<\/div>\n\t\t\t\t<div class=\"elementor-element elementor-element-5fcfe7e elementor-widget elementor-widget-text-editor\" data-id=\"5fcfe7e\" data-element_type=\"widget\" data-e-type=\"widget\" data-widget_type=\"text-editor.default\">\n\t\t\t\t<div class=\"elementor-widget-container\">\n\t\t\t\t\t\t\t\t\t<p>Per arribar fins a la base del Castell s&#8217;han de superar 200 metres de desnivell, des dels 680 metres a la CR-504, fins els 880 metres de la zona d&#8217;aparcament, per un estret cam\u00ed empedrat, que ascendeix en espiral durant d&#8217;2,5 quil\u00f2metres.<\/p><p>El tra\u00e7at \u00e9s l&#8217;original, empedrat en part amb motiu de la visita que va realitzar Felip II en 1560.<\/p><p>Si l&#8217;atenci\u00f3 que has de posar en la conducci\u00f3 ho facilita, el recorregut \u00e9s molt interessant perqu\u00e8 et permet visualitzar tot el per\u00edmetre de la muralla exterior, mentre vas apropant-te progressivament al recinte a mesura que puges.<\/p>\t\t\t\t\t\t\t\t<\/div>\n\t\t\t\t<\/div>\n\t\t\t\t<div class=\"elementor-element elementor-element-d888bae elementor-widget elementor-widget-image\" data-id=\"d888bae\" data-element_type=\"widget\" data-e-type=\"widget\" data-widget_type=\"image.default\">\n\t\t\t\t<div class=\"elementor-widget-container\">\n\t\t\t\t\t\t\t\t\t\t\t\t<figure class=\"wp-caption\">\n\t\t\t\t\t\t\t\t\t\t<img loading=\"lazy\" decoding=\"async\" width=\"768\" height=\"512\" src=\"https:\/\/www.elturistatranquil.com\/wp-content\/uploads\/F07-Castillo-de-Calatrava-la-Nueva-Google-earth-2019-12-23.jpg\" class=\"attachment-large size-large wp-image-26917\" alt=\"Castillo de Calatrava la Nueva (Google earth 2019-12-23\" srcset=\"https:\/\/www.elturistatranquil.com\/wp-content\/uploads\/F07-Castillo-de-Calatrava-la-Nueva-Google-earth-2019-12-23.jpg 768w, https:\/\/www.elturistatranquil.com\/wp-content\/uploads\/F07-Castillo-de-Calatrava-la-Nueva-Google-earth-2019-12-23-339x226.jpg 339w\" sizes=\"(max-width: 768px) 100vw, 768px\" \/>\t\t\t\t\t\t\t\t\t\t\t<figcaption class=\"widget-image-caption wp-caption-text\">(Google earth 2019-12-23)<\/figcaption>\n\t\t\t\t\t\t\t\t\t\t<\/figure>\n\t\t\t\t\t\t\t\t\t<\/div>\n\t\t\t\t<\/div>\n\t\t\t\t<div class=\"elementor-element elementor-element-8fbf9ab elementor-widget elementor-widget-text-editor\" data-id=\"8fbf9ab\" data-element_type=\"widget\" data-e-type=\"widget\" data-widget_type=\"text-editor.default\">\n\t\t\t\t<div class=\"elementor-widget-container\">\n\t\t\t\t\t\t\t\t\t<p>Un gran aparcament, mostra unes magn\u00edfiques vistes en direcci\u00f3 nord-est, sobre el Campo de Calatrava, la vila de Calzada de Calatrava, el Port de Calatrava i el Castell de Salvatierra.<\/p><p>Per l&#8217;oest, dominant les altures, la primera muralla, o avantmuralla, i sobresortint per darrere el Castell, assentat sobre el penyal, mostrant la segona muralla.<\/p>\t\t\t\t\t\t\t\t<\/div>\n\t\t\t\t<\/div>\n\t\t\t\t<div class=\"elementor-element elementor-element-38f3127 elementor-widget elementor-widget-menu-anchor\" data-id=\"38f3127\" data-element_type=\"widget\" data-e-type=\"widget\" data-widget_type=\"menu-anchor.default\">\n\t\t\t\t<div class=\"elementor-widget-container\">\n\t\t\t\t\t\t\t<div class=\"elementor-menu-anchor\" id=\"b4106\"><\/div>\n\t\t\t\t\t\t<\/div>\n\t\t\t\t<\/div>\n\t\t\t\t<div class=\"elementor-element elementor-element-f0bc4a8 elementor-widget elementor-widget-image\" data-id=\"f0bc4a8\" data-element_type=\"widget\" data-e-type=\"widget\" data-widget_type=\"image.default\">\n\t\t\t\t<div class=\"elementor-widget-container\">\n\t\t\t\t\t\t\t\t\t\t\t\t<figure class=\"wp-caption\">\n\t\t\t\t\t\t\t\t\t\t<img loading=\"lazy\" decoding=\"async\" width=\"768\" height=\"511\" src=\"https:\/\/www.elturistatranquil.com\/wp-content\/uploads\/F08-Castillo-de-Calatrava-la-Nueva.jpg\" class=\"attachment-large size-large wp-image-26919\" alt=\"Castillo de Calatrava la Nueva\" srcset=\"https:\/\/www.elturistatranquil.com\/wp-content\/uploads\/F08-Castillo-de-Calatrava-la-Nueva.jpg 768w, https:\/\/www.elturistatranquil.com\/wp-content\/uploads\/F08-Castillo-de-Calatrava-la-Nueva-339x226.jpg 339w\" sizes=\"(max-width: 768px) 100vw, 768px\" \/>\t\t\t\t\t\t\t\t\t\t\t<figcaption class=\"widget-image-caption wp-caption-text\"><\/figcaption>\n\t\t\t\t\t\t\t\t\t\t<\/figure>\n\t\t\t\t\t\t\t\t\t<\/div>\n\t\t\t\t<\/div>\n\t\t\t\t<div class=\"elementor-element elementor-element-f4ffdd5 elementor-widget elementor-widget-heading\" data-id=\"f4ffdd5\" data-element_type=\"widget\" data-e-type=\"widget\" data-widget_type=\"heading.default\">\n\t\t\t\t<div class=\"elementor-widget-container\">\n\t\t\t\t\t<h3 class=\"elementor-heading-title elementor-size-default\">Les Muralles<\/h3>\t\t\t\t<\/div>\n\t\t\t\t<\/div>\n\t\t\t\t<div class=\"elementor-element elementor-element-6c07514 elementor-widget elementor-widget-text-editor\" data-id=\"6c07514\" data-element_type=\"widget\" data-e-type=\"widget\" data-widget_type=\"text-editor.default\">\n\t\t\t\t<div class=\"elementor-widget-container\">\n\t\t\t\t\t\t\t\t\t<p>Es pot considerar que el recinte disposa de quatre muralles. Tres que tanquen un recinte i una avantmuralla que ocupa el lateral est. Es van construir, com era usual en els castells roquers, adaptant-se al tra\u00e7at natural dels afloraments de quarsita. Constru\u00efdes en ma\u00e7oneria amb carreuons i grans pedres del mateix material del penyal.<\/p><p>Les muralles corresponen als recintes dibuixats en blau.<\/p>\t\t\t\t\t\t\t\t<\/div>\n\t\t\t\t<\/div>\n\t\t\t\t<div class=\"elementor-element elementor-element-d2c66cd elementor-widget elementor-widget-image\" data-id=\"d2c66cd\" data-element_type=\"widget\" data-e-type=\"widget\" data-widget_type=\"image.default\">\n\t\t\t\t<div class=\"elementor-widget-container\">\n\t\t\t\t\t\t\t\t\t\t\t\t<figure class=\"wp-caption\">\n\t\t\t\t\t\t\t\t\t\t<img loading=\"lazy\" decoding=\"async\" width=\"768\" height=\"512\" src=\"https:\/\/www.elturistatranquil.com\/wp-content\/uploads\/F09-Castillo-de-Calatrava-la-Nueva-Google-maps-2019-12-23.jpg\" class=\"attachment-large size-large wp-image-26921\" alt=\"Castillo de Calatrava la Nueva (Google maps 2019-12-23)\" srcset=\"https:\/\/www.elturistatranquil.com\/wp-content\/uploads\/F09-Castillo-de-Calatrava-la-Nueva-Google-maps-2019-12-23.jpg 768w, https:\/\/www.elturistatranquil.com\/wp-content\/uploads\/F09-Castillo-de-Calatrava-la-Nueva-Google-maps-2019-12-23-339x226.jpg 339w\" sizes=\"(max-width: 768px) 100vw, 768px\" \/>\t\t\t\t\t\t\t\t\t\t\t<figcaption class=\"widget-image-caption wp-caption-text\"><\/figcaption>\n\t\t\t\t\t\t\t\t\t\t<\/figure>\n\t\t\t\t\t\t\t\t\t<\/div>\n\t\t\t\t<\/div>\n\t\t\t\t<div class=\"elementor-element elementor-element-0f88bfe elementor-widget elementor-widget-image\" data-id=\"0f88bfe\" data-element_type=\"widget\" data-e-type=\"widget\" data-widget_type=\"image.default\">\n\t\t\t\t<div class=\"elementor-widget-container\">\n\t\t\t\t\t\t\t\t\t\t\t\t<figure class=\"wp-caption\">\n\t\t\t\t\t\t\t\t\t\t<img loading=\"lazy\" decoding=\"async\" width=\"768\" height=\"512\" src=\"https:\/\/www.elturistatranquil.com\/wp-content\/uploads\/F10-Castillo-de-Calatrava-la-Nueva.jpg\" class=\"attachment-large size-large wp-image-26923\" alt=\"Castillo de Calatrava la Nueva\" srcset=\"https:\/\/www.elturistatranquil.com\/wp-content\/uploads\/F10-Castillo-de-Calatrava-la-Nueva.jpg 768w, https:\/\/www.elturistatranquil.com\/wp-content\/uploads\/F10-Castillo-de-Calatrava-la-Nueva-339x226.jpg 339w\" sizes=\"(max-width: 768px) 100vw, 768px\" \/>\t\t\t\t\t\t\t\t\t\t\t<figcaption class=\"widget-image-caption wp-caption-text\"><\/figcaption>\n\t\t\t\t\t\t\t\t\t\t<\/figure>\n\t\t\t\t\t\t\t\t\t<\/div>\n\t\t\t\t<\/div>\n\t\t\t\t<div class=\"elementor-element elementor-element-2b28d1a elementor-widget elementor-widget-text-editor\" data-id=\"2b28d1a\" data-element_type=\"widget\" data-e-type=\"widget\" data-widget_type=\"text-editor.default\">\n\t\t\t\t<div class=\"elementor-widget-container\">\n\t\t\t\t\t\t\t\t\t<p>La <strong>Primera Muralla<\/strong> (<strong>M1<\/strong>), cobrint el flanc de l&#8217;est, fa la funci\u00f3 de avantmuralla, protegint els accessos principals situats a la Segona Muralla.<\/p><p>S&#8217;est\u00e9n al llarg de tot el costat de llevant, deixant entre ambdues un gran corredor. Protegeix la Porta de Sol, a la zona sud, i el Portell Gran.<\/p><p>T\u00e9 una longitud de 500 metres, una al\u00e7ada d&#8217;uns 12 metres i un gruix de 1,80 metres.<\/p><p>Disposa de dues entrades. La Porta dels Arcs, per la qual s&#8217;ascendeix, i una altra m\u00e9s a nord, abandonada des d&#8217;antic.<\/p><p>La <strong>Segona Muralla<\/strong> (<strong>M2<\/strong>) \u00e9s la muralla principal que envolta tot el recinte del Castell, en un bon estat de conservaci\u00f3.<\/p><p>La seva longitud sobrepassa els 800 metres, amb una fabrica constructiva similar a la primera. L&#8217;al\u00e7ada oscil\u00b7la entre els 12-14 metres i una amplada mitjana de 2 metres.<\/p><p>Disposa de tres portes i dos portells.<\/p><p>La <strong>Tercera Muralla<\/strong> (<strong>M3<\/strong>), est\u00e0 situada a l&#8217;interior del recinte. De fet, \u00e9s un tram de 150 metres que es recolza en els extrems nord i sud a la Segon Muralla, estenent-se pel costat oest. Configura un recinte m\u00e9s petit, en el qual es troba el Castell, l&#8217;Esgl\u00e9sia i les depend\u00e8ncies mon\u00e0stiques, aix\u00ed com l&#8217;hostatgeria, la resid\u00e8ncia del personal auxiliar del castell i les instal\u00b7lacions fabrils que veurem m\u00e9s endavant.<\/p><p>Disposa de 4 torrasses cil\u00edndriques i dues portes, a la part nord i sud.<\/p><p>El que es pot considerar la <strong>Quarta Muralla<\/strong> (<strong>M4<\/strong>), correspondria als murs del Castell inicial que va ocupar aquesta posici\u00f3 al cim del tur\u00f3.<\/p><p>La forma zigzaguejant dels llen\u00e7os es deu a la seva adaptaci\u00f3 al penyal irregular.<\/p>\t\t\t\t\t\t\t\t<\/div>\n\t\t\t\t<\/div>\n\t\t\t\t<div class=\"elementor-element elementor-element-70c277f elementor-widget elementor-widget-menu-anchor\" data-id=\"70c277f\" data-element_type=\"widget\" data-e-type=\"widget\" data-widget_type=\"menu-anchor.default\">\n\t\t\t\t<div class=\"elementor-widget-container\">\n\t\t\t\t\t\t\t<div class=\"elementor-menu-anchor\" id=\"b4107\"><\/div>\n\t\t\t\t\t\t<\/div>\n\t\t\t\t<\/div>\n\t\t\t\t<div class=\"elementor-element elementor-element-a818d72 elementor-widget elementor-widget-heading\" data-id=\"a818d72\" data-element_type=\"widget\" data-e-type=\"widget\" data-widget_type=\"heading.default\">\n\t\t\t\t<div class=\"elementor-widget-container\">\n\t\t\t\t\t<h3 class=\"elementor-heading-title elementor-size-default\">El recinte del Castell<\/h3>\t\t\t\t<\/div>\n\t\t\t\t<\/div>\n\t\t\t\t<div class=\"elementor-element elementor-element-48d935f elementor-widget elementor-widget-image\" data-id=\"48d935f\" data-element_type=\"widget\" data-e-type=\"widget\" data-widget_type=\"image.default\">\n\t\t\t\t<div class=\"elementor-widget-container\">\n\t\t\t\t\t\t\t\t\t\t\t\t<figure class=\"wp-caption\">\n\t\t\t\t\t\t\t\t\t\t<img loading=\"lazy\" decoding=\"async\" width=\"768\" height=\"512\" src=\"https:\/\/www.elturistatranquil.com\/wp-content\/uploads\/F11-Castillo-de-Calatrava-la-Nueva-Google-maps-2019-12-23.jpg\" class=\"attachment-large size-large wp-image-26925\" alt=\"Castillo de Calatrava la Nueva (Google maps 2019-12-23)\" srcset=\"https:\/\/www.elturistatranquil.com\/wp-content\/uploads\/F11-Castillo-de-Calatrava-la-Nueva-Google-maps-2019-12-23.jpg 768w, https:\/\/www.elturistatranquil.com\/wp-content\/uploads\/F11-Castillo-de-Calatrava-la-Nueva-Google-maps-2019-12-23-339x226.jpg 339w\" sizes=\"(max-width: 768px) 100vw, 768px\" \/>\t\t\t\t\t\t\t\t\t\t\t<figcaption class=\"widget-image-caption wp-caption-text\">(Google maps 2019-12-23)<\/figcaption>\n\t\t\t\t\t\t\t\t\t\t<\/figure>\n\t\t\t\t\t\t\t\t\t<\/div>\n\t\t\t\t<\/div>\n\t\t\t\t<div class=\"elementor-element elementor-element-8c0037e elementor-widget elementor-widget-image\" data-id=\"8c0037e\" data-element_type=\"widget\" data-e-type=\"widget\" data-widget_type=\"image.default\">\n\t\t\t\t<div class=\"elementor-widget-container\">\n\t\t\t\t\t\t\t\t\t\t\t\t<figure class=\"wp-caption\">\n\t\t\t\t\t\t\t\t\t\t<img loading=\"lazy\" decoding=\"async\" width=\"768\" height=\"513\" src=\"https:\/\/www.elturistatranquil.com\/wp-content\/uploads\/F12-Castillo-de-Calatrava-la-Nueva.jpg\" class=\"attachment-large size-large wp-image-26927\" alt=\"Castillo de Calatrava la Nueva\" srcset=\"https:\/\/www.elturistatranquil.com\/wp-content\/uploads\/F12-Castillo-de-Calatrava-la-Nueva.jpg 768w, https:\/\/www.elturistatranquil.com\/wp-content\/uploads\/F12-Castillo-de-Calatrava-la-Nueva-339x226.jpg 339w\" sizes=\"(max-width: 768px) 100vw, 768px\" \/>\t\t\t\t\t\t\t\t\t\t\t<figcaption class=\"widget-image-caption wp-caption-text\"><\/figcaption>\n\t\t\t\t\t\t\t\t\t\t<\/figure>\n\t\t\t\t\t\t\t\t\t<\/div>\n\t\t\t\t<\/div>\n\t\t\t\t<div class=\"elementor-element elementor-element-69bb724 elementor-widget elementor-widget-menu-anchor\" data-id=\"69bb724\" data-element_type=\"widget\" data-e-type=\"widget\" data-widget_type=\"menu-anchor.default\">\n\t\t\t\t<div class=\"elementor-widget-container\">\n\t\t\t\t\t\t\t<div class=\"elementor-menu-anchor\" id=\"b4108\"><\/div>\n\t\t\t\t\t\t<\/div>\n\t\t\t\t<\/div>\n\t\t\t\t<div class=\"elementor-element elementor-element-7a328ea elementor-widget elementor-widget-text-editor\" data-id=\"7a328ea\" data-element_type=\"widget\" data-e-type=\"widget\" data-widget_type=\"text-editor.default\">\n\t\t\t\t<div class=\"elementor-widget-container\">\n\t\t\t\t\t\t\t\t\t<p>El Castell de Calatrava la Nueva \u00e9s de grans dimensions, ocupant uns 46.000 m<sup>2<\/sup>.<\/p>\t\t\t\t\t\t\t\t<\/div>\n\t\t\t\t<\/div>\n\t\t\t\t<div class=\"elementor-element elementor-element-e9b747f elementor-widget elementor-widget-heading\" data-id=\"e9b747f\" data-element_type=\"widget\" data-e-type=\"widget\" data-widget_type=\"heading.default\">\n\t\t\t\t<div class=\"elementor-widget-container\">\n\t\t\t\t\t<h3 class=\"elementor-heading-title elementor-size-default\">Acc\u00e9s al Castell-Monestir<\/h3>\t\t\t\t<\/div>\n\t\t\t\t<\/div>\n\t\t\t\t<div class=\"elementor-element elementor-element-a7d8428 elementor-widget elementor-widget-text-editor\" data-id=\"a7d8428\" data-element_type=\"widget\" data-e-type=\"widget\" data-widget_type=\"text-editor.default\">\n\t\t\t\t<div class=\"elementor-widget-container\">\n\t\t\t\t\t\t\t\t\t<p>Des de l&#8217;esplanada de l&#8217;aparcament un cam\u00ed empedrat puja cap a la <strong>Porta dels 3 arcs<\/strong> (<strong>1<\/strong>), situada a la <strong>primera muralla<\/strong> (<strong>M1<\/strong>).<\/p>\t\t\t\t\t\t\t\t<\/div>\n\t\t\t\t<\/div>\n\t\t\t\t<div class=\"elementor-element elementor-element-b50df8c elementor-widget elementor-widget-image\" data-id=\"b50df8c\" data-element_type=\"widget\" data-e-type=\"widget\" data-widget_type=\"image.default\">\n\t\t\t\t<div class=\"elementor-widget-container\">\n\t\t\t\t\t\t\t\t\t\t\t\t<figure class=\"wp-caption\">\n\t\t\t\t\t\t\t\t\t\t<img loading=\"lazy\" decoding=\"async\" width=\"768\" height=\"511\" src=\"https:\/\/www.elturistatranquil.com\/wp-content\/uploads\/F13-Castillo-de-Calatrava-la-Nueva.jpg\" class=\"attachment-large size-large wp-image-26929\" alt=\"Castillo de Calatrava la Nueva\" srcset=\"https:\/\/www.elturistatranquil.com\/wp-content\/uploads\/F13-Castillo-de-Calatrava-la-Nueva.jpg 768w, https:\/\/www.elturistatranquil.com\/wp-content\/uploads\/F13-Castillo-de-Calatrava-la-Nueva-339x226.jpg 339w\" sizes=\"(max-width: 768px) 100vw, 768px\" \/>\t\t\t\t\t\t\t\t\t\t\t<figcaption class=\"widget-image-caption wp-caption-text\"><\/figcaption>\n\t\t\t\t\t\t\t\t\t\t<\/figure>\n\t\t\t\t\t\t\t\t\t<\/div>\n\t\t\t\t<\/div>\n\t\t\t\t<div class=\"elementor-element elementor-element-a626e7a elementor-widget elementor-widget-text-editor\" data-id=\"a626e7a\" data-element_type=\"widget\" data-e-type=\"widget\" data-widget_type=\"text-editor.default\">\n\t\t\t\t<div class=\"elementor-widget-container\">\n\t\t\t\t\t\t\t\t\t<p>Destaca el contrast de colors dels materials de construcci\u00f3 entre el color vermell\u00f3s de la pedra de cadirat dels arcs, de material volc\u00e0nic de la regi\u00f3, i el color clar de la quarsita dels murs.<\/p><p>Aquest color vermell\u00f3s ser\u00e0 un dels elements que donaran car\u00e0cter al Castell de Calatrava la Nueva.<\/p>\t\t\t\t\t\t\t\t<\/div>\n\t\t\t\t<\/div>\n\t\t\t\t<div class=\"elementor-element elementor-element-b0cf6b3 elementor-widget elementor-widget-image\" data-id=\"b0cf6b3\" data-element_type=\"widget\" data-e-type=\"widget\" data-widget_type=\"image.default\">\n\t\t\t\t<div class=\"elementor-widget-container\">\n\t\t\t\t\t\t\t\t\t\t\t\t<figure class=\"wp-caption\">\n\t\t\t\t\t\t\t\t\t\t<img loading=\"lazy\" decoding=\"async\" width=\"366\" height=\"550\" src=\"https:\/\/www.elturistatranquil.com\/wp-content\/uploads\/F14-Castillo-de-Calatrava-la-Nueva.jpg\" class=\"attachment-large size-large wp-image-26931\" alt=\"Castillo de Calatrava la Nueva\" srcset=\"https:\/\/www.elturistatranquil.com\/wp-content\/uploads\/F14-Castillo-de-Calatrava-la-Nueva.jpg 366w, https:\/\/www.elturistatranquil.com\/wp-content\/uploads\/F14-Castillo-de-Calatrava-la-Nueva-150x226.jpg 150w\" sizes=\"(max-width: 366px) 100vw, 366px\" \/>\t\t\t\t\t\t\t\t\t\t\t<figcaption class=\"widget-image-caption wp-caption-text\"><\/figcaption>\n\t\t\t\t\t\t\t\t\t\t<\/figure>\n\t\t\t\t\t\t\t\t\t<\/div>\n\t\t\t\t<\/div>\n\t\t\t\t<div class=\"elementor-element elementor-element-cf530cc elementor-widget elementor-widget-text-editor\" data-id=\"cf530cc\" data-element_type=\"widget\" data-e-type=\"widget\" data-widget_type=\"text-editor.default\">\n\t\t\t\t<div class=\"elementor-widget-container\">\n\t\t\t\t\t\t\t\t\t<p>S&#8217;entra al gran passad\u00eds que formen la primera muralla, o avantmuralla. amb la <strong>segona muralla<\/strong> (<strong>M2<\/strong>), elevada sobre nosaltres.<\/p>\t\t\t\t\t\t\t\t<\/div>\n\t\t\t\t<\/div>\n\t\t\t\t<div class=\"elementor-element elementor-element-3040227 elementor-widget elementor-widget-image\" data-id=\"3040227\" data-element_type=\"widget\" data-e-type=\"widget\" data-widget_type=\"image.default\">\n\t\t\t\t<div class=\"elementor-widget-container\">\n\t\t\t\t\t\t\t\t\t\t\t\t<figure class=\"wp-caption\">\n\t\t\t\t\t\t\t\t\t\t<img loading=\"lazy\" decoding=\"async\" width=\"768\" height=\"511\" src=\"https:\/\/www.elturistatranquil.com\/wp-content\/uploads\/F15-Castillo-de-Calatrava-la-Nueva.jpg\" class=\"attachment-large size-large wp-image-26933\" alt=\"Castillo de Calatrava la Nueva\" srcset=\"https:\/\/www.elturistatranquil.com\/wp-content\/uploads\/F15-Castillo-de-Calatrava-la-Nueva.jpg 768w, https:\/\/www.elturistatranquil.com\/wp-content\/uploads\/F15-Castillo-de-Calatrava-la-Nueva-339x226.jpg 339w\" sizes=\"(max-width: 768px) 100vw, 768px\" \/>\t\t\t\t\t\t\t\t\t\t\t<figcaption class=\"widget-image-caption wp-caption-text\"><\/figcaption>\n\t\t\t\t\t\t\t\t\t\t<\/figure>\n\t\t\t\t\t\t\t\t\t<\/div>\n\t\t\t\t<\/div>\n\t\t\t\t<div class=\"elementor-element elementor-element-a8ae2bc elementor-widget elementor-widget-text-editor\" data-id=\"a8ae2bc\" data-element_type=\"widget\" data-e-type=\"widget\" data-widget_type=\"text-editor.default\">\n\t\t\t\t<div class=\"elementor-widget-container\">\n\t\t\t\t\t\t\t\t\t<p>Podem avan\u00e7ar en direcci\u00f3 nord per deixar-nos impressionar per la seva construcci\u00f3. A el mateix temps, apareixer\u00e0 una porta.<\/p>\t\t\t\t\t\t\t\t<\/div>\n\t\t\t\t<\/div>\n\t\t\t\t<div class=\"elementor-element elementor-element-d8c244f elementor-widget elementor-widget-image\" data-id=\"d8c244f\" data-element_type=\"widget\" data-e-type=\"widget\" data-widget_type=\"image.default\">\n\t\t\t\t<div class=\"elementor-widget-container\">\n\t\t\t\t\t\t\t\t\t\t\t\t<figure class=\"wp-caption\">\n\t\t\t\t\t\t\t\t\t\t<img loading=\"lazy\" decoding=\"async\" width=\"768\" height=\"511\" src=\"https:\/\/www.elturistatranquil.com\/wp-content\/uploads\/F16-Castillo-de-Calatrava-la-Nueva.jpg\" class=\"attachment-large size-large wp-image-26935\" alt=\"Castillo de Calatrava la Nueva\" srcset=\"https:\/\/www.elturistatranquil.com\/wp-content\/uploads\/F16-Castillo-de-Calatrava-la-Nueva.jpg 768w, https:\/\/www.elturistatranquil.com\/wp-content\/uploads\/F16-Castillo-de-Calatrava-la-Nueva-339x226.jpg 339w\" sizes=\"(max-width: 768px) 100vw, 768px\" \/>\t\t\t\t\t\t\t\t\t\t\t<figcaption class=\"widget-image-caption wp-caption-text\"><\/figcaption>\n\t\t\t\t\t\t\t\t\t\t<\/figure>\n\t\t\t\t\t\t\t\t\t<\/div>\n\t\t\t\t<\/div>\n\t\t\t\t<div class=\"elementor-element elementor-element-2355fe2 elementor-widget elementor-widget-image\" data-id=\"2355fe2\" data-element_type=\"widget\" data-e-type=\"widget\" data-widget_type=\"image.default\">\n\t\t\t\t<div class=\"elementor-widget-container\">\n\t\t\t\t\t\t\t\t\t\t\t\t<figure class=\"wp-caption\">\n\t\t\t\t\t\t\t\t\t\t<img loading=\"lazy\" decoding=\"async\" width=\"768\" height=\"511\" src=\"https:\/\/www.elturistatranquil.com\/wp-content\/uploads\/F17-Castillo-de-Calatrava-la-Nueva.jpg\" class=\"attachment-large size-large wp-image-26937\" alt=\"Castillo de Calatrava la Nueva\" srcset=\"https:\/\/www.elturistatranquil.com\/wp-content\/uploads\/F17-Castillo-de-Calatrava-la-Nueva.jpg 768w, https:\/\/www.elturistatranquil.com\/wp-content\/uploads\/F17-Castillo-de-Calatrava-la-Nueva-339x226.jpg 339w\" sizes=\"(max-width: 768px) 100vw, 768px\" \/>\t\t\t\t\t\t\t\t\t\t\t<figcaption class=\"widget-image-caption wp-caption-text\"><\/figcaption>\n\t\t\t\t\t\t\t\t\t\t<\/figure>\n\t\t\t\t\t\t\t\t\t<\/div>\n\t\t\t\t<\/div>\n\t\t\t\t<div class=\"elementor-element elementor-element-8fd1f71 elementor-widget elementor-widget-text-editor\" data-id=\"8fd1f71\" data-element_type=\"widget\" data-e-type=\"widget\" data-widget_type=\"text-editor.default\">\n\t\t\t\t<div class=\"elementor-widget-container\">\n\t\t\t\t\t\t\t\t\t<p>Tornant en direcci\u00f3 sud apreciem la Porta dels 3 arcs per on hem entrat i elevada a la segona muralla la <strong>Porta de Ferro<\/strong> (<strong>3<\/strong>) com a entrada principal a l&#8217;interior de la fortificaci\u00f3.<\/p>\t\t\t\t\t\t\t\t<\/div>\n\t\t\t\t<\/div>\n\t\t\t\t<div class=\"elementor-element elementor-element-66ffce5 elementor-widget elementor-widget-image\" data-id=\"66ffce5\" data-element_type=\"widget\" data-e-type=\"widget\" data-widget_type=\"image.default\">\n\t\t\t\t<div class=\"elementor-widget-container\">\n\t\t\t\t\t\t\t\t\t\t\t\t<figure class=\"wp-caption\">\n\t\t\t\t\t\t\t\t\t\t<img loading=\"lazy\" decoding=\"async\" width=\"768\" height=\"512\" src=\"https:\/\/www.elturistatranquil.com\/wp-content\/uploads\/F18-Castillo-de-Calatrava-la-Nueva.jpg\" class=\"attachment-large size-large wp-image-26939\" alt=\"Castillo de Calatrava la Nueva\" srcset=\"https:\/\/www.elturistatranquil.com\/wp-content\/uploads\/F18-Castillo-de-Calatrava-la-Nueva.jpg 768w, https:\/\/www.elturistatranquil.com\/wp-content\/uploads\/F18-Castillo-de-Calatrava-la-Nueva-339x226.jpg 339w\" sizes=\"(max-width: 768px) 100vw, 768px\" \/>\t\t\t\t\t\t\t\t\t\t\t<figcaption class=\"widget-image-caption wp-caption-text\"><\/figcaption>\n\t\t\t\t\t\t\t\t\t\t<\/figure>\n\t\t\t\t\t\t\t\t\t<\/div>\n\t\t\t\t<\/div>\n\t\t\t\t<div class=\"elementor-element elementor-element-30af0ba elementor-widget elementor-widget-text-editor\" data-id=\"30af0ba\" data-element_type=\"widget\" data-e-type=\"widget\" data-widget_type=\"text-editor.default\">\n\t\t\t\t<div class=\"elementor-widget-container\">\n\t\t\t\t\t\t\t\t\t<p>A la dreta s&#8217;observa un portell elevat en relaci\u00f3 a la porta d&#8217;entrada que donaria acc\u00e9s directe a el recinte monacal per la part inferior de la cadireta de l&#8217;Esgl\u00e9sia. Actualment s&#8217;accedeix a ell per una escala met\u00e0l\u00b7lica. Sense que estigui obert a l&#8217;acc\u00e9s p\u00fablic.<\/p>\t\t\t\t\t\t\t\t<\/div>\n\t\t\t\t<\/div>\n\t\t\t\t<div class=\"elementor-element elementor-element-8bfa1bd elementor-widget elementor-widget-image\" data-id=\"8bfa1bd\" data-element_type=\"widget\" data-e-type=\"widget\" data-widget_type=\"image.default\">\n\t\t\t\t<div class=\"elementor-widget-container\">\n\t\t\t\t\t\t\t\t\t\t\t\t<figure class=\"wp-caption\">\n\t\t\t\t\t\t\t\t\t\t<img loading=\"lazy\" decoding=\"async\" width=\"768\" height=\"511\" src=\"https:\/\/www.elturistatranquil.com\/wp-content\/uploads\/F19-Castillo-de-Calatrava-la-Nueva.jpg\" class=\"attachment-large size-large wp-image-26941\" alt=\"Castillo de Calatrava la Nueva\" srcset=\"https:\/\/www.elturistatranquil.com\/wp-content\/uploads\/F19-Castillo-de-Calatrava-la-Nueva.jpg 768w, https:\/\/www.elturistatranquil.com\/wp-content\/uploads\/F19-Castillo-de-Calatrava-la-Nueva-339x226.jpg 339w\" sizes=\"(max-width: 768px) 100vw, 768px\" \/>\t\t\t\t\t\t\t\t\t\t\t<figcaption class=\"widget-image-caption wp-caption-text\"><\/figcaption>\n\t\t\t\t\t\t\t\t\t\t<\/figure>\n\t\t\t\t\t\t\t\t\t<\/div>\n\t\t\t\t<\/div>\n\t\t\t\t<div class=\"elementor-element elementor-element-483b05f elementor-widget elementor-widget-image\" data-id=\"483b05f\" data-element_type=\"widget\" data-e-type=\"widget\" data-widget_type=\"image.default\">\n\t\t\t\t<div class=\"elementor-widget-container\">\n\t\t\t\t\t\t\t\t\t\t\t\t<figure class=\"wp-caption\">\n\t\t\t\t\t\t\t\t\t\t<img loading=\"lazy\" decoding=\"async\" width=\"768\" height=\"511\" src=\"https:\/\/www.elturistatranquil.com\/wp-content\/uploads\/F20-Castillo-de-Calatrava-la-Nueva.jpg\" class=\"attachment-large size-large wp-image-26943\" alt=\"Castillo de Calatrava la Nueva\" srcset=\"https:\/\/www.elturistatranquil.com\/wp-content\/uploads\/F20-Castillo-de-Calatrava-la-Nueva.jpg 768w, https:\/\/www.elturistatranquil.com\/wp-content\/uploads\/F20-Castillo-de-Calatrava-la-Nueva-339x226.jpg 339w\" sizes=\"(max-width: 768px) 100vw, 768px\" \/>\t\t\t\t\t\t\t\t\t\t\t<figcaption class=\"widget-image-caption wp-caption-text\"><\/figcaption>\n\t\t\t\t\t\t\t\t\t\t<\/figure>\n\t\t\t\t\t\t\t\t\t<\/div>\n\t\t\t\t<\/div>\n\t\t\t\t<div class=\"elementor-element elementor-element-adfc0a2 elementor-widget elementor-widget-text-editor\" data-id=\"adfc0a2\" data-element_type=\"widget\" data-e-type=\"widget\" data-widget_type=\"text-editor.default\">\n\t\t\t\t<div class=\"elementor-widget-container\">\n\t\t\t\t\t\t\t\t\t<p>La Porta de Ferro, com porta principal, d\u00f3na acc\u00e9s a una gran nau amb volta de mig punt que eren les <strong>cavallerisses i dip\u00f2sit d&#8217;armes<\/strong> (<strong>3<\/strong>) de tots els visitants.<\/p>\t\t\t\t\t\t\t\t<\/div>\n\t\t\t\t<\/div>\n\t\t\t\t<div class=\"elementor-element elementor-element-46c0239 elementor-widget elementor-widget-image\" data-id=\"46c0239\" data-element_type=\"widget\" data-e-type=\"widget\" data-widget_type=\"image.default\">\n\t\t\t\t<div class=\"elementor-widget-container\">\n\t\t\t\t\t\t\t\t\t\t\t\t<figure class=\"wp-caption\">\n\t\t\t\t\t\t\t\t\t\t<img loading=\"lazy\" decoding=\"async\" width=\"768\" height=\"512\" src=\"https:\/\/www.elturistatranquil.com\/wp-content\/uploads\/F21-Castillo-de-Calatrava-la-Nueva.jpg\" class=\"attachment-large size-large wp-image-26945\" alt=\"Castillo de Calatrava la Nueva\" srcset=\"https:\/\/www.elturistatranquil.com\/wp-content\/uploads\/F21-Castillo-de-Calatrava-la-Nueva.jpg 768w, https:\/\/www.elturistatranquil.com\/wp-content\/uploads\/F21-Castillo-de-Calatrava-la-Nueva-339x226.jpg 339w\" sizes=\"(max-width: 768px) 100vw, 768px\" \/>\t\t\t\t\t\t\t\t\t\t\t<figcaption class=\"widget-image-caption wp-caption-text\"><\/figcaption>\n\t\t\t\t\t\t\t\t\t\t<\/figure>\n\t\t\t\t\t\t\t\t\t<\/div>\n\t\t\t\t<\/div>\n\t\t\t\t<div class=\"elementor-element elementor-element-aa012dc elementor-widget elementor-widget-text-editor\" data-id=\"aa012dc\" data-element_type=\"widget\" data-e-type=\"widget\" data-widget_type=\"text-editor.default\">\n\t\t\t\t<div class=\"elementor-widget-container\">\n\t\t\t\t\t\t\t\t\t<p>Per les cavallerisses s&#8217;accedeix a al <strong>Pati del Convent<\/strong>, o <strong>Pati principal<\/strong> (<strong>4<\/strong>) que discorre per la part interior de la <strong>Tercera muralla<\/strong> (<strong>M3<\/strong>), i que fa en aquest punt les vegades de fossat de la <strong>Quarta muralla<\/strong> (<strong>M4<\/strong>) que constitu\u00efen els murs del Castell pels costats sud i est.<\/p>\t\t\t\t\t\t\t\t<\/div>\n\t\t\t\t<\/div>\n\t\t\t\t<div class=\"elementor-element elementor-element-69e518c elementor-widget elementor-widget-image\" data-id=\"69e518c\" data-element_type=\"widget\" data-e-type=\"widget\" data-widget_type=\"image.default\">\n\t\t\t\t<div class=\"elementor-widget-container\">\n\t\t\t\t\t\t\t\t\t\t\t\t<figure class=\"wp-caption\">\n\t\t\t\t\t\t\t\t\t\t<img loading=\"lazy\" decoding=\"async\" width=\"768\" height=\"511\" src=\"https:\/\/www.elturistatranquil.com\/wp-content\/uploads\/F22-Castillo-de-Calatrava-la-Nueva.jpg\" class=\"attachment-large size-large wp-image-26947\" alt=\"Castillo de Calatrava la Nueva\" srcset=\"https:\/\/www.elturistatranquil.com\/wp-content\/uploads\/F22-Castillo-de-Calatrava-la-Nueva.jpg 768w, https:\/\/www.elturistatranquil.com\/wp-content\/uploads\/F22-Castillo-de-Calatrava-la-Nueva-339x226.jpg 339w\" sizes=\"(max-width: 768px) 100vw, 768px\" \/>\t\t\t\t\t\t\t\t\t\t\t<figcaption class=\"widget-image-caption wp-caption-text\"><\/figcaption>\n\t\t\t\t\t\t\t\t\t\t<\/figure>\n\t\t\t\t\t\t\t\t\t<\/div>\n\t\t\t\t<\/div>\n\t\t\t\t<div class=\"elementor-element elementor-element-fa04c83 elementor-widget elementor-widget-text-editor\" data-id=\"fa04c83\" data-element_type=\"widget\" data-e-type=\"widget\" data-widget_type=\"text-editor.default\">\n\t\t\t\t<div class=\"elementor-widget-container\">\n\t\t\t\t\t\t\t\t\t<p>L&#8217;edificaci\u00f3 de l&#8217;esquerra, on actualment est\u00e0 situada la <strong>recepci\u00f3 de visitants<\/strong> (<strong>5<\/strong>), acollia depend\u00e8ncia diverses i magatzems, i m\u00e9s endavant l&#8217;hostatgeria. La part superior estava destinada tamb\u00e9 a hostatgeria.<\/p>\t\t\t\t\t\t\t\t<\/div>\n\t\t\t\t<\/div>\n\t\t\t\t<div class=\"elementor-element elementor-element-dff38e0 elementor-widget elementor-widget-image\" data-id=\"dff38e0\" data-element_type=\"widget\" data-e-type=\"widget\" data-widget_type=\"image.default\">\n\t\t\t\t<div class=\"elementor-widget-container\">\n\t\t\t\t\t\t\t\t\t\t\t\t<figure class=\"wp-caption\">\n\t\t\t\t\t\t\t\t\t\t<img loading=\"lazy\" decoding=\"async\" width=\"768\" height=\"511\" src=\"https:\/\/www.elturistatranquil.com\/wp-content\/uploads\/F23-Castillo-de-Calatrava-la-Nueva.jpg\" class=\"attachment-large size-large wp-image-26949\" alt=\"Castillo de Calatrava la Nueva\" srcset=\"https:\/\/www.elturistatranquil.com\/wp-content\/uploads\/F23-Castillo-de-Calatrava-la-Nueva.jpg 768w, https:\/\/www.elturistatranquil.com\/wp-content\/uploads\/F23-Castillo-de-Calatrava-la-Nueva-339x226.jpg 339w\" sizes=\"(max-width: 768px) 100vw, 768px\" \/>\t\t\t\t\t\t\t\t\t\t\t<figcaption class=\"widget-image-caption wp-caption-text\"><\/figcaption>\n\t\t\t\t\t\t\t\t\t\t<\/figure>\n\t\t\t\t\t\t\t\t\t<\/div>\n\t\t\t\t<\/div>\n\t\t\t\t<div class=\"elementor-element elementor-element-4172f2b elementor-widget elementor-widget-menu-anchor\" data-id=\"4172f2b\" data-element_type=\"widget\" data-e-type=\"widget\" data-widget_type=\"menu-anchor.default\">\n\t\t\t\t<div class=\"elementor-widget-container\">\n\t\t\t\t\t\t\t<div class=\"elementor-menu-anchor\" id=\"b4109\"><\/div>\n\t\t\t\t\t\t<\/div>\n\t\t\t\t<\/div>\n\t\t\t\t<div class=\"elementor-element elementor-element-17e1582 elementor-widget elementor-widget-text-editor\" data-id=\"17e1582\" data-element_type=\"widget\" data-e-type=\"widget\" data-widget_type=\"text-editor.default\">\n\t\t\t\t<div class=\"elementor-widget-container\">\n\t\t\t\t\t\t\t\t\t<p>Aquest Pati del Convent fa la funci\u00f3 de distribuir l&#8217;acc\u00e9s als diferents espais del recinte. A nord, a la dreta, una \u00e0mplia escalinata condueix cap a la porteria d&#8217;entrada a la clausura (<strong>6<\/strong>), i per la qual nom\u00e9s entraven els freires. En direcci\u00f3 nord-oest un carrer permetia la pujada al Castell sense passar per la clausura. Al fons, en direcci\u00f3 oest, el carrer porta a un arc de ma\u00f3 pel qual s&#8217;accedeix al carrer dels Artesans, i que condueix a la portada de l&#8217;Esgl\u00e9sia i de l&#8217;entrada principal al Castell inicial.<\/p>\t\t\t\t\t\t\t\t<\/div>\n\t\t\t\t<\/div>\n\t\t\t\t<div class=\"elementor-element elementor-element-553b69b elementor-widget elementor-widget-heading\" data-id=\"553b69b\" data-element_type=\"widget\" data-e-type=\"widget\" data-widget_type=\"heading.default\">\n\t\t\t\t<div class=\"elementor-widget-container\">\n\t\t\t\t\t<h3 class=\"elementor-heading-title elementor-size-default\">Carrer dels Artesans<\/h3>\t\t\t\t<\/div>\n\t\t\t\t<\/div>\n\t\t\t\t<div class=\"elementor-element elementor-element-b6269c9 elementor-widget elementor-widget-text-editor\" data-id=\"b6269c9\" data-element_type=\"widget\" data-e-type=\"widget\" data-widget_type=\"text-editor.default\">\n\t\t\t\t<div class=\"elementor-widget-container\">\n\t\t\t\t\t\t\t\t\t<p>A el fons, una arcada de ma\u00f3 d\u00f3na acc\u00e9s al que es denomina <strong>Carrer dels Artesans<\/strong> (<strong>7<\/strong>), que cobreix el recorregut fins a l&#8217;acc\u00e9s a l&#8217;Esgl\u00e9sia.<\/p>\t\t\t\t\t\t\t\t<\/div>\n\t\t\t\t<\/div>\n\t\t\t\t<div class=\"elementor-element elementor-element-1b77a35 elementor-widget elementor-widget-image\" data-id=\"1b77a35\" data-element_type=\"widget\" data-e-type=\"widget\" data-widget_type=\"image.default\">\n\t\t\t\t<div class=\"elementor-widget-container\">\n\t\t\t\t\t\t\t\t\t\t\t\t<figure class=\"wp-caption\">\n\t\t\t\t\t\t\t\t\t\t<img loading=\"lazy\" decoding=\"async\" width=\"768\" height=\"511\" src=\"https:\/\/www.elturistatranquil.com\/wp-content\/uploads\/F24a-Castillo-de-Calatrava-la-Nueva.jpg\" class=\"attachment-large size-large wp-image-26951\" alt=\"Castillo de Calatrava la Nueva\" srcset=\"https:\/\/www.elturistatranquil.com\/wp-content\/uploads\/F24a-Castillo-de-Calatrava-la-Nueva.jpg 768w, https:\/\/www.elturistatranquil.com\/wp-content\/uploads\/F24a-Castillo-de-Calatrava-la-Nueva-339x226.jpg 339w\" sizes=\"(max-width: 768px) 100vw, 768px\" \/>\t\t\t\t\t\t\t\t\t\t\t<figcaption class=\"widget-image-caption wp-caption-text\"><\/figcaption>\n\t\t\t\t\t\t\t\t\t\t<\/figure>\n\t\t\t\t\t\t\t\t\t<\/div>\n\t\t\t\t<\/div>\n\t\t\t\t<div class=\"elementor-element elementor-element-bd0f81b elementor-widget elementor-widget-text-editor\" data-id=\"bd0f81b\" data-element_type=\"widget\" data-e-type=\"widget\" data-widget_type=\"text-editor.default\">\n\t\t\t\t<div class=\"elementor-widget-container\">\n\t\t\t\t\t\t\t\t\t<p>En aquest carrer s&#8217;assentaven els locals on es desenvolupaven les diferents activitats de car\u00e0cter artesanal necess\u00e0ries per a la vida del castell-convent, i que servien per a l&#8217;autoabastiment i el manteniment b\u00e0sic de la poblaci\u00f3 que vivia all\u00e0.<\/p><p>Tot el recorregut interior de la tercera muralla t\u00e9 adossades depend\u00e8ncies. Per la part superior de les teulades passa en cam\u00ed de ronda.<\/p>\t\t\t\t\t\t\t\t<\/div>\n\t\t\t\t<\/div>\n\t\t\t\t<div class=\"elementor-element elementor-element-66736b7 elementor-widget elementor-widget-image\" data-id=\"66736b7\" data-element_type=\"widget\" data-e-type=\"widget\" data-widget_type=\"image.default\">\n\t\t\t\t<div class=\"elementor-widget-container\">\n\t\t\t\t\t\t\t\t\t\t\t\t<figure class=\"wp-caption\">\n\t\t\t\t\t\t\t\t\t\t<img loading=\"lazy\" decoding=\"async\" width=\"768\" height=\"511\" src=\"https:\/\/www.elturistatranquil.com\/wp-content\/uploads\/F24b-Castillo-de-Calatrava-la-Nueva.jpg\" class=\"attachment-large size-large wp-image-26953\" alt=\"Castillo de Calatrava la Nueva\" srcset=\"https:\/\/www.elturistatranquil.com\/wp-content\/uploads\/F24b-Castillo-de-Calatrava-la-Nueva.jpg 768w, https:\/\/www.elturistatranquil.com\/wp-content\/uploads\/F24b-Castillo-de-Calatrava-la-Nueva-339x226.jpg 339w\" sizes=\"(max-width: 768px) 100vw, 768px\" \/>\t\t\t\t\t\t\t\t\t\t\t<figcaption class=\"widget-image-caption wp-caption-text\"><\/figcaption>\n\t\t\t\t\t\t\t\t\t\t<\/figure>\n\t\t\t\t\t\t\t\t\t<\/div>\n\t\t\t\t<\/div>\n\t\t\t\t<div class=\"elementor-element elementor-element-4bbb400 elementor-widget elementor-widget-image\" data-id=\"4bbb400\" data-element_type=\"widget\" data-e-type=\"widget\" data-widget_type=\"image.default\">\n\t\t\t\t<div class=\"elementor-widget-container\">\n\t\t\t\t\t\t\t\t\t\t\t\t<figure class=\"wp-caption\">\n\t\t\t\t\t\t\t\t\t\t<img loading=\"lazy\" decoding=\"async\" width=\"768\" height=\"511\" src=\"https:\/\/www.elturistatranquil.com\/wp-content\/uploads\/F25-Castillo-de-Calatrava-la-Nueva.jpg\" class=\"attachment-large size-large wp-image-26955\" alt=\"Castillo de Calatrava la Nueva\" srcset=\"https:\/\/www.elturistatranquil.com\/wp-content\/uploads\/F25-Castillo-de-Calatrava-la-Nueva.jpg 768w, https:\/\/www.elturistatranquil.com\/wp-content\/uploads\/F25-Castillo-de-Calatrava-la-Nueva-339x226.jpg 339w\" sizes=\"(max-width: 768px) 100vw, 768px\" \/>\t\t\t\t\t\t\t\t\t\t\t<figcaption class=\"widget-image-caption wp-caption-text\"><\/figcaption>\n\t\t\t\t\t\t\t\t\t\t<\/figure>\n\t\t\t\t\t\t\t\t\t<\/div>\n\t\t\t\t<\/div>\n\t\t\t\t<div class=\"elementor-element elementor-element-a051cdf elementor-widget elementor-widget-text-editor\" data-id=\"a051cdf\" data-element_type=\"widget\" data-e-type=\"widget\" data-widget_type=\"text-editor.default\">\n\t\t\t\t<div class=\"elementor-widget-container\">\n\t\t\t\t\t\t\t\t\t<p>Les funcions de les que es t\u00e9 const\u00e0ncia s\u00f3n les de mol\u00ed de gra, fusteria, forja i forn de pa. Existeixen altres construccions de les que es desconeix la seva funci\u00f3 al no haver-se trobat rastres d&#8217;elles.<\/p><p>El carrer segueix el tra\u00e7at de desnivells de la roca, amb un sistema de claveguerons per evacuar l&#8217;aigua a trav\u00e9s de la Tercera muralla.<\/p><p>Excepte la <em>tahona<\/em>, com se l&#8217;anomena en els documents de l&#8217;Ordre de segle XVI, la resta d&#8217;activitats que es van iniciar al segle XIII van ser abandonades durant el segle XIV.<\/p><p>Al segle XVIII part dels edificis van ser destinats a habitatge per criats i llibreria.<\/p><p>La rehabilitaci\u00f3 del Castell a perm\u00e8s poder mostrar les depend\u00e8ncies que ocupaven aquestes funcions artesanals.<\/p><p>La primera edificaci\u00f3 va correspondre al <strong>Mol\u00ed de Sang<\/strong> (<strong>8<\/strong>). Es tracta d&#8217;una nau de 30 metres de llarg per 8 d&#8217;ample adossada a la part interior de la Tercera muralla. Era un mol\u00ed de tracci\u00f3 animal.<\/p><p>S&#8217;han conservat 4 dels 9 arcs de ma\u00f3 que suportaven la sostrada. Al centre se situava la maquin\u00e0ria de fusta, al voltant de la qual les cavalleries movien les moles o pedres de trituraci\u00f3. A l&#8217;extrem nord acollia les cavallerisses d&#8217;aquests animals.<\/p>\t\t\t\t\t\t\t\t<\/div>\n\t\t\t\t<\/div>\n\t\t\t\t<div class=\"elementor-element elementor-element-2730add elementor-widget elementor-widget-image\" data-id=\"2730add\" data-element_type=\"widget\" data-e-type=\"widget\" data-widget_type=\"image.default\">\n\t\t\t\t<div class=\"elementor-widget-container\">\n\t\t\t\t\t\t\t\t\t\t\t\t<figure class=\"wp-caption\">\n\t\t\t\t\t\t\t\t\t\t<img loading=\"lazy\" decoding=\"async\" width=\"768\" height=\"511\" src=\"https:\/\/www.elturistatranquil.com\/wp-content\/uploads\/F26-Castillo-de-Calatrava-la-Nueva.jpg\" class=\"attachment-large size-large wp-image-26957\" alt=\"Castillo de Calatrava la Nueva\" srcset=\"https:\/\/www.elturistatranquil.com\/wp-content\/uploads\/F26-Castillo-de-Calatrava-la-Nueva.jpg 768w, https:\/\/www.elturistatranquil.com\/wp-content\/uploads\/F26-Castillo-de-Calatrava-la-Nueva-339x226.jpg 339w\" sizes=\"(max-width: 768px) 100vw, 768px\" \/>\t\t\t\t\t\t\t\t\t\t\t<figcaption class=\"widget-image-caption wp-caption-text\"><\/figcaption>\n\t\t\t\t\t\t\t\t\t\t<\/figure>\n\t\t\t\t\t\t\t\t\t<\/div>\n\t\t\t\t<\/div>\n\t\t\t\t<div class=\"elementor-element elementor-element-eef8a0a elementor-widget elementor-widget-image\" data-id=\"eef8a0a\" data-element_type=\"widget\" data-e-type=\"widget\" data-widget_type=\"image.default\">\n\t\t\t\t<div class=\"elementor-widget-container\">\n\t\t\t\t\t\t\t\t\t\t\t\t<figure class=\"wp-caption\">\n\t\t\t\t\t\t\t\t\t\t<img loading=\"lazy\" decoding=\"async\" width=\"768\" height=\"511\" src=\"https:\/\/www.elturistatranquil.com\/wp-content\/uploads\/F27-Castillo-de-Calatrava-la-Nueva.jpg\" class=\"attachment-large size-large wp-image-26959\" alt=\"F27 Castillo de Calatrava la Nueva\" srcset=\"https:\/\/www.elturistatranquil.com\/wp-content\/uploads\/F27-Castillo-de-Calatrava-la-Nueva.jpg 768w, https:\/\/www.elturistatranquil.com\/wp-content\/uploads\/F27-Castillo-de-Calatrava-la-Nueva-339x226.jpg 339w\" sizes=\"(max-width: 768px) 100vw, 768px\" \/>\t\t\t\t\t\t\t\t\t\t\t<figcaption class=\"widget-image-caption wp-caption-text\"><\/figcaption>\n\t\t\t\t\t\t\t\t\t\t<\/figure>\n\t\t\t\t\t\t\t\t\t<\/div>\n\t\t\t\t<\/div>\n\t\t\t\t<div class=\"elementor-element elementor-element-395ddc8 elementor-widget elementor-widget-image\" data-id=\"395ddc8\" data-element_type=\"widget\" data-e-type=\"widget\" data-widget_type=\"image.default\">\n\t\t\t\t<div class=\"elementor-widget-container\">\n\t\t\t\t\t\t\t\t\t\t\t\t<figure class=\"wp-caption\">\n\t\t\t\t\t\t\t\t\t\t<img loading=\"lazy\" decoding=\"async\" width=\"768\" height=\"511\" src=\"https:\/\/www.elturistatranquil.com\/wp-content\/uploads\/F28-Castillo-de-Calatrava-la-Nueva.jpg\" class=\"attachment-large size-large wp-image-26961\" alt=\"F27 Castillo de Calatrava la Nueva\" srcset=\"https:\/\/www.elturistatranquil.com\/wp-content\/uploads\/F28-Castillo-de-Calatrava-la-Nueva.jpg 768w, https:\/\/www.elturistatranquil.com\/wp-content\/uploads\/F28-Castillo-de-Calatrava-la-Nueva-339x226.jpg 339w\" sizes=\"(max-width: 768px) 100vw, 768px\" \/>\t\t\t\t\t\t\t\t\t\t\t<figcaption class=\"widget-image-caption wp-caption-text\"><\/figcaption>\n\t\t\t\t\t\t\t\t\t\t<\/figure>\n\t\t\t\t\t\t\t\t\t<\/div>\n\t\t\t\t<\/div>\n\t\t\t\t<div class=\"elementor-element elementor-element-8ebfc13 elementor-widget elementor-widget-text-editor\" data-id=\"8ebfc13\" data-element_type=\"widget\" data-e-type=\"widget\" data-widget_type=\"text-editor.default\">\n\t\t\t\t<div class=\"elementor-widget-container\">\n\t\t\t\t\t\t\t\t\t<p>A la cantonada de la dreta una construcci\u00f3 en forma de cub est\u00e0 senyalitzada com <strong>Fusteria<\/strong> (<strong>9<\/strong>).<\/p>\t\t\t\t\t\t\t\t<\/div>\n\t\t\t\t<\/div>\n\t\t\t\t<div class=\"elementor-element elementor-element-6f98043 elementor-widget elementor-widget-image\" data-id=\"6f98043\" data-element_type=\"widget\" data-e-type=\"widget\" data-widget_type=\"image.default\">\n\t\t\t\t<div class=\"elementor-widget-container\">\n\t\t\t\t\t\t\t\t\t\t\t\t<figure class=\"wp-caption\">\n\t\t\t\t\t\t\t\t\t\t<img loading=\"lazy\" decoding=\"async\" width=\"768\" height=\"511\" src=\"https:\/\/www.elturistatranquil.com\/wp-content\/uploads\/F29-Castillo-de-Calatrava-la-Nueva.jpg\" class=\"attachment-large size-large wp-image-26963\" alt=\"F27 Castillo de Calatrava la Nueva\" srcset=\"https:\/\/www.elturistatranquil.com\/wp-content\/uploads\/F29-Castillo-de-Calatrava-la-Nueva.jpg 768w, https:\/\/www.elturistatranquil.com\/wp-content\/uploads\/F29-Castillo-de-Calatrava-la-Nueva-339x226.jpg 339w\" sizes=\"(max-width: 768px) 100vw, 768px\" \/>\t\t\t\t\t\t\t\t\t\t\t<figcaption class=\"widget-image-caption wp-caption-text\"><\/figcaption>\n\t\t\t\t\t\t\t\t\t\t<\/figure>\n\t\t\t\t\t\t\t\t\t<\/div>\n\t\t\t\t<\/div>\n\t\t\t\t<div class=\"elementor-element elementor-element-a5f93d0 elementor-widget elementor-widget-text-editor\" data-id=\"a5f93d0\" data-element_type=\"widget\" data-e-type=\"widget\" data-widget_type=\"text-editor.default\">\n\t\t\t\t<div class=\"elementor-widget-container\">\n\t\t\t\t\t\t\t\t\t<p>Al segle XIII es va construir davant el mol\u00ed un <strong>Forn<\/strong> (<strong>10<\/strong>) per coure maons i teules per a la construcci\u00f3 del Convent Calatravo. El foc se situava al pis inferior i el forn al pis superior.<\/p><p>Els edificis que segueixen, albergaven la <strong>Farga<\/strong> (<strong>11<\/strong>) en diferents depend\u00e8ncies per al treball de metalls per construir ferramentes per als edificis del Convent.<\/p>\t\t\t\t\t\t\t\t<\/div>\n\t\t\t\t<\/div>\n\t\t\t\t<div class=\"elementor-element elementor-element-734afc7 elementor-widget elementor-widget-image\" data-id=\"734afc7\" data-element_type=\"widget\" data-e-type=\"widget\" data-widget_type=\"image.default\">\n\t\t\t\t<div class=\"elementor-widget-container\">\n\t\t\t\t\t\t\t\t\t\t\t\t<figure class=\"wp-caption\">\n\t\t\t\t\t\t\t\t\t\t<img loading=\"lazy\" decoding=\"async\" width=\"768\" height=\"511\" src=\"https:\/\/www.elturistatranquil.com\/wp-content\/uploads\/F30-Castillo-de-Calatrava-la-Nueva.jpg\" class=\"attachment-large size-large wp-image-26965\" alt=\"F27 Castillo de Calatrava la Nueva\" srcset=\"https:\/\/www.elturistatranquil.com\/wp-content\/uploads\/F30-Castillo-de-Calatrava-la-Nueva.jpg 768w, https:\/\/www.elturistatranquil.com\/wp-content\/uploads\/F30-Castillo-de-Calatrava-la-Nueva-339x226.jpg 339w\" sizes=\"(max-width: 768px) 100vw, 768px\" \/>\t\t\t\t\t\t\t\t\t\t\t<figcaption class=\"widget-image-caption wp-caption-text\"><\/figcaption>\n\t\t\t\t\t\t\t\t\t\t<\/figure>\n\t\t\t\t\t\t\t\t\t<\/div>\n\t\t\t\t<\/div>\n\t\t\t\t<div class=\"elementor-element elementor-element-b3ec0b5 elementor-widget elementor-widget-text-editor\" data-id=\"b3ec0b5\" data-element_type=\"widget\" data-e-type=\"widget\" data-widget_type=\"text-editor.default\">\n\t\t\t\t<div class=\"elementor-widget-container\">\n\t\t\t\t\t\t\t\t\t<p>A l&#8217;esquerra, adossada a l&#8217;interior de la Tercera muralla, una gran depend\u00e8ncia, qualificada actualment com <strong>Forn<\/strong> (<strong>12<\/strong>) es va utilitzar al segle XIII com a habitatge de treballadors o artesans i les seves fam\u00edlies.<\/p><p>La volta \u00e9s de pedra i es conserven pedrissos adossats a les parets que servirien de banc i de llit.<\/p>\t\t\t\t\t\t\t\t<\/div>\n\t\t\t\t<\/div>\n\t\t\t\t<div class=\"elementor-element elementor-element-07ba0a5 elementor-widget elementor-widget-image\" data-id=\"07ba0a5\" data-element_type=\"widget\" data-e-type=\"widget\" data-widget_type=\"image.default\">\n\t\t\t\t<div class=\"elementor-widget-container\">\n\t\t\t\t\t\t\t\t\t\t\t\t<figure class=\"wp-caption\">\n\t\t\t\t\t\t\t\t\t\t<img loading=\"lazy\" decoding=\"async\" width=\"768\" height=\"512\" src=\"https:\/\/www.elturistatranquil.com\/wp-content\/uploads\/F31-Castillo-de-Calatrava-la-Nueva.jpg\" class=\"attachment-large size-large wp-image-26967\" alt=\"F27 Castillo de Calatrava la Nueva\" srcset=\"https:\/\/www.elturistatranquil.com\/wp-content\/uploads\/F31-Castillo-de-Calatrava-la-Nueva.jpg 768w, https:\/\/www.elturistatranquil.com\/wp-content\/uploads\/F31-Castillo-de-Calatrava-la-Nueva-339x226.jpg 339w\" sizes=\"(max-width: 768px) 100vw, 768px\" \/>\t\t\t\t\t\t\t\t\t\t\t<figcaption class=\"widget-image-caption wp-caption-text\"><\/figcaption>\n\t\t\t\t\t\t\t\t\t\t<\/figure>\n\t\t\t\t\t\t\t\t\t<\/div>\n\t\t\t\t<\/div>\n\t\t\t\t<div class=\"elementor-element elementor-element-cab4d1f elementor-widget elementor-widget-image\" data-id=\"cab4d1f\" data-element_type=\"widget\" data-e-type=\"widget\" data-widget_type=\"image.default\">\n\t\t\t\t<div class=\"elementor-widget-container\">\n\t\t\t\t\t\t\t\t\t\t\t\t<figure class=\"wp-caption\">\n\t\t\t\t\t\t\t\t\t\t<img loading=\"lazy\" decoding=\"async\" width=\"768\" height=\"511\" src=\"https:\/\/www.elturistatranquil.com\/wp-content\/uploads\/F32-Castillo-de-Calatrava-la-Nueva.jpg\" class=\"attachment-large size-large wp-image-26969\" alt=\"F27 Castillo de Calatrava la Nueva\" srcset=\"https:\/\/www.elturistatranquil.com\/wp-content\/uploads\/F32-Castillo-de-Calatrava-la-Nueva.jpg 768w, https:\/\/www.elturistatranquil.com\/wp-content\/uploads\/F32-Castillo-de-Calatrava-la-Nueva-339x226.jpg 339w\" sizes=\"(max-width: 768px) 100vw, 768px\" \/>\t\t\t\t\t\t\t\t\t\t\t<figcaption class=\"widget-image-caption wp-caption-text\"><\/figcaption>\n\t\t\t\t\t\t\t\t\t\t<\/figure>\n\t\t\t\t\t\t\t\t\t<\/div>\n\t\t\t\t<\/div>\n\t\t\t\t<div class=\"elementor-element elementor-element-f3a55c1 elementor-widget elementor-widget-text-editor\" data-id=\"f3a55c1\" data-element_type=\"widget\" data-e-type=\"widget\" data-widget_type=\"text-editor.default\">\n\t\t\t\t<div class=\"elementor-widget-container\">\n\t\t\t\t\t\t\t\t\t<p>A l&#8217;extrem nord va haver d&#8217;existir una xemeneia. Al segle XVI es reutilitza per ubicar un forn, del qu\u00e8 es conserva la seva base al fons.<\/p><p>En aquest tram del carrer \u00e9s possible pujar fins al <strong>Cam\u00ed de ronda<\/strong> (<strong>13<\/strong>) sobre la tercera muralla. Des d&#8217;aquesta posici\u00f3, i en el seu recorregut, es disposa de perspectives molt interessants.<\/p><p>Contemplem les primeres imatges de la fa\u00e7ana de l&#8217;Esgl\u00e9sia i la porta d&#8217;acc\u00e9s al recinte mon\u00e0stic i a la porta principal del Castell.<\/p>\t\t\t\t\t\t\t\t<\/div>\n\t\t\t\t<\/div>\n\t\t\t\t<div class=\"elementor-element elementor-element-b413ed0 elementor-widget elementor-widget-image\" data-id=\"b413ed0\" data-element_type=\"widget\" data-e-type=\"widget\" data-widget_type=\"image.default\">\n\t\t\t\t<div class=\"elementor-widget-container\">\n\t\t\t\t\t\t\t\t\t\t\t\t<figure class=\"wp-caption\">\n\t\t\t\t\t\t\t\t\t\t<img loading=\"lazy\" decoding=\"async\" width=\"768\" height=\"511\" src=\"https:\/\/www.elturistatranquil.com\/wp-content\/uploads\/F33-Castillo-de-Calatrava-la-Nueva.jpg\" class=\"attachment-large size-large wp-image-26971\" alt=\"F27 Castillo de Calatrava la Nueva\" srcset=\"https:\/\/www.elturistatranquil.com\/wp-content\/uploads\/F33-Castillo-de-Calatrava-la-Nueva.jpg 768w, https:\/\/www.elturistatranquil.com\/wp-content\/uploads\/F33-Castillo-de-Calatrava-la-Nueva-339x226.jpg 339w\" sizes=\"(max-width: 768px) 100vw, 768px\" \/>\t\t\t\t\t\t\t\t\t\t\t<figcaption class=\"widget-image-caption wp-caption-text\"><\/figcaption>\n\t\t\t\t\t\t\t\t\t\t<\/figure>\n\t\t\t\t\t\t\t\t\t<\/div>\n\t\t\t\t<\/div>\n\t\t\t\t<div class=\"elementor-element elementor-element-3ef5c0b elementor-widget elementor-widget-text-editor\" data-id=\"3ef5c0b\" data-element_type=\"widget\" data-e-type=\"widget\" data-widget_type=\"text-editor.default\">\n\t\t\t\t<div class=\"elementor-widget-container\">\n\t\t\t\t\t\t\t\t\t<p>Tamb\u00e9 es disposa d&#8217;una perspectiva sobre l&#8217;exterior de la tercera muralla.<\/p>\t\t\t\t\t\t\t\t<\/div>\n\t\t\t\t<\/div>\n\t\t\t\t<div class=\"elementor-element elementor-element-a4652bd elementor-widget elementor-widget-image\" data-id=\"a4652bd\" data-element_type=\"widget\" data-e-type=\"widget\" data-widget_type=\"image.default\">\n\t\t\t\t<div class=\"elementor-widget-container\">\n\t\t\t\t\t\t\t\t\t\t\t\t<figure class=\"wp-caption\">\n\t\t\t\t\t\t\t\t\t\t<img loading=\"lazy\" decoding=\"async\" width=\"768\" height=\"511\" src=\"https:\/\/www.elturistatranquil.com\/wp-content\/uploads\/F34-Castillo-de-Calatrava-la-Nueva.jpg\" class=\"attachment-large size-large wp-image-26973\" alt=\"F27 Castillo de Calatrava la Nueva\" srcset=\"https:\/\/www.elturistatranquil.com\/wp-content\/uploads\/F34-Castillo-de-Calatrava-la-Nueva.jpg 768w, https:\/\/www.elturistatranquil.com\/wp-content\/uploads\/F34-Castillo-de-Calatrava-la-Nueva-339x226.jpg 339w\" sizes=\"(max-width: 768px) 100vw, 768px\" \/>\t\t\t\t\t\t\t\t\t\t\t<figcaption class=\"widget-image-caption wp-caption-text\"><\/figcaption>\n\t\t\t\t\t\t\t\t\t\t<\/figure>\n\t\t\t\t\t\t\t\t\t<\/div>\n\t\t\t\t<\/div>\n\t\t\t\t<div class=\"elementor-element elementor-element-2a282cd elementor-widget elementor-widget-text-editor\" data-id=\"2a282cd\" data-element_type=\"widget\" data-e-type=\"widget\" data-widget_type=\"text-editor.default\">\n\t\t\t\t<div class=\"elementor-widget-container\">\n\t\t\t\t\t\t\t\t\t<p>A l&#8217;est apareix el flanc oest de primitiu Castell i, a la base, el recinte dedicat al <strong>Camp de M\u00e0rtirs o Cementiri<\/strong> (<strong>14<\/strong>).<\/p>\t\t\t\t\t\t\t\t<\/div>\n\t\t\t\t<\/div>\n\t\t\t\t<div class=\"elementor-element elementor-element-8649e35 elementor-widget elementor-widget-menu-anchor\" data-id=\"8649e35\" data-element_type=\"widget\" data-e-type=\"widget\" data-widget_type=\"menu-anchor.default\">\n\t\t\t\t<div class=\"elementor-widget-container\">\n\t\t\t\t\t\t\t<div class=\"elementor-menu-anchor\" id=\"b4110\"><\/div>\n\t\t\t\t\t\t<\/div>\n\t\t\t\t<\/div>\n\t\t\t\t<div class=\"elementor-element elementor-element-4496e74 elementor-widget elementor-widget-image\" data-id=\"4496e74\" data-element_type=\"widget\" data-e-type=\"widget\" data-widget_type=\"image.default\">\n\t\t\t\t<div class=\"elementor-widget-container\">\n\t\t\t\t\t\t\t\t\t\t\t\t<figure class=\"wp-caption\">\n\t\t\t\t\t\t\t\t\t\t<img loading=\"lazy\" decoding=\"async\" width=\"768\" height=\"511\" src=\"https:\/\/www.elturistatranquil.com\/wp-content\/uploads\/F35-Castillo-de-Calatrava-la-Nueva.jpg\" class=\"attachment-large size-large wp-image-26975\" alt=\"F27 Castillo de Calatrava la Nueva\" srcset=\"https:\/\/www.elturistatranquil.com\/wp-content\/uploads\/F35-Castillo-de-Calatrava-la-Nueva.jpg 768w, https:\/\/www.elturistatranquil.com\/wp-content\/uploads\/F35-Castillo-de-Calatrava-la-Nueva-339x226.jpg 339w\" sizes=\"(max-width: 768px) 100vw, 768px\" \/>\t\t\t\t\t\t\t\t\t\t\t<figcaption class=\"widget-image-caption wp-caption-text\"><\/figcaption>\n\t\t\t\t\t\t\t\t\t\t<\/figure>\n\t\t\t\t\t\t\t\t\t<\/div>\n\t\t\t\t<\/div>\n\t\t\t\t<div class=\"elementor-element elementor-element-12ae06c elementor-widget elementor-widget-heading\" data-id=\"12ae06c\" data-element_type=\"widget\" data-e-type=\"widget\" data-widget_type=\"heading.default\">\n\t\t\t\t<div class=\"elementor-widget-container\">\n\t\t\t\t\t<h3 class=\"elementor-heading-title elementor-size-default\">Villavieja <\/h3>\t\t\t\t<\/div>\n\t\t\t\t<\/div>\n\t\t\t\t<div class=\"elementor-element elementor-element-be192bd elementor-widget elementor-widget-text-editor\" data-id=\"be192bd\" data-element_type=\"widget\" data-e-type=\"widget\" data-widget_type=\"text-editor.default\">\n\t\t\t\t<div class=\"elementor-widget-container\">\n\t\t\t\t\t\t\t\t\t<p>Des del cam\u00ed de ronda d&#8217;aquesta tercera muralla es disposa tamb\u00e9 d&#8217;una perspectiva sobre <strong>Villavieja<\/strong> (<strong>15<\/strong>), \u00e9s a dir, del gran espai entre la segona i la tercera muralla, fora del recinte militar i conventual, per\u00f2 integrat al recinte total de la fortalesa.<\/p><p>Perspectiva en direcci\u00f3 nord-oest.<\/p>\t\t\t\t\t\t\t\t<\/div>\n\t\t\t\t<\/div>\n\t\t\t\t<div class=\"elementor-element elementor-element-3349db7 elementor-widget elementor-widget-image\" data-id=\"3349db7\" data-element_type=\"widget\" data-e-type=\"widget\" data-widget_type=\"image.default\">\n\t\t\t\t<div class=\"elementor-widget-container\">\n\t\t\t\t\t\t\t\t\t\t\t\t<figure class=\"wp-caption\">\n\t\t\t\t\t\t\t\t\t\t<img loading=\"lazy\" decoding=\"async\" width=\"768\" height=\"511\" src=\"https:\/\/www.elturistatranquil.com\/wp-content\/uploads\/F36-Castillo-de-Calatrava-la-Nueva.jpg\" class=\"attachment-large size-large wp-image-26994\" alt=\"Castillo de Calatrava la Nueva\" srcset=\"https:\/\/www.elturistatranquil.com\/wp-content\/uploads\/F36-Castillo-de-Calatrava-la-Nueva.jpg 768w, https:\/\/www.elturistatranquil.com\/wp-content\/uploads\/F36-Castillo-de-Calatrava-la-Nueva-339x226.jpg 339w\" sizes=\"(max-width: 768px) 100vw, 768px\" \/>\t\t\t\t\t\t\t\t\t\t\t<figcaption class=\"widget-image-caption wp-caption-text\"><\/figcaption>\n\t\t\t\t\t\t\t\t\t\t<\/figure>\n\t\t\t\t\t\t\t\t\t<\/div>\n\t\t\t\t<\/div>\n\t\t\t\t<div class=\"elementor-element elementor-element-65f40b1 elementor-widget elementor-widget-text-editor\" data-id=\"65f40b1\" data-element_type=\"widget\" data-e-type=\"widget\" data-widget_type=\"text-editor.default\">\n\t\t\t\t<div class=\"elementor-widget-container\">\n\t\t\t\t\t\t\t\t\t<p>I perspectiva de la Villavieja en direcci\u00f3 sud-oest, amb Sierra Morena al fons.<\/p>\t\t\t\t\t\t\t\t<\/div>\n\t\t\t\t<\/div>\n\t\t\t\t<div class=\"elementor-element elementor-element-2c6520a elementor-widget elementor-widget-image\" data-id=\"2c6520a\" data-element_type=\"widget\" data-e-type=\"widget\" data-widget_type=\"image.default\">\n\t\t\t\t<div class=\"elementor-widget-container\">\n\t\t\t\t\t\t\t\t\t\t\t\t<figure class=\"wp-caption\">\n\t\t\t\t\t\t\t\t\t\t<img loading=\"lazy\" decoding=\"async\" width=\"768\" height=\"511\" src=\"https:\/\/www.elturistatranquil.com\/wp-content\/uploads\/F37-Castillo-de-Calatrava-la-Nueva.jpg\" class=\"attachment-large size-large wp-image-26996\" alt=\"Castillo de Calatrava la Nueva\" srcset=\"https:\/\/www.elturistatranquil.com\/wp-content\/uploads\/F37-Castillo-de-Calatrava-la-Nueva.jpg 768w, https:\/\/www.elturistatranquil.com\/wp-content\/uploads\/F37-Castillo-de-Calatrava-la-Nueva-339x226.jpg 339w\" sizes=\"(max-width: 768px) 100vw, 768px\" \/>\t\t\t\t\t\t\t\t\t\t\t<figcaption class=\"widget-image-caption wp-caption-text\"><\/figcaption>\n\t\t\t\t\t\t\t\t\t\t<\/figure>\n\t\t\t\t\t\t\t\t\t<\/div>\n\t\t\t\t<\/div>\n\t\t\t\t<div class=\"elementor-element elementor-element-c5e3560 elementor-widget elementor-widget-menu-anchor\" data-id=\"c5e3560\" data-element_type=\"widget\" data-e-type=\"widget\" data-widget_type=\"menu-anchor.default\">\n\t\t\t\t<div class=\"elementor-widget-container\">\n\t\t\t\t\t\t\t<div class=\"elementor-menu-anchor\" id=\"b4111\"><\/div>\n\t\t\t\t\t\t<\/div>\n\t\t\t\t<\/div>\n\t\t\t\t<div class=\"elementor-element elementor-element-4c26f72 elementor-widget elementor-widget-text-editor\" data-id=\"4c26f72\" data-element_type=\"widget\" data-e-type=\"widget\" data-widget_type=\"text-editor.default\">\n\t\t\t\t<div class=\"elementor-widget-container\">\n\t\t\t\t\t\t\t\t\t<p>Podia acollir m\u00e9s de tres-centes cases en temps bel\u00b7licosos.<\/p><p>En aquest recinte es van anar instal\u00b7lant diversos edificis amb el pas dels anys. \u00c9s de les parts menys conegudes del Castell ja que nom\u00e9s s&#8217;ha excavat una petita part d&#8217;aquest espai.<\/p>\t\t\t\t\t\t\t\t<\/div>\n\t\t\t\t<\/div>\n\t\t\t\t<div class=\"elementor-element elementor-element-62066b3 elementor-widget elementor-widget-heading\" data-id=\"62066b3\" data-element_type=\"widget\" data-e-type=\"widget\" data-widget_type=\"heading.default\">\n\t\t\t\t<div class=\"elementor-widget-container\">\n\t\t\t\t\t<h3 class=\"elementor-heading-title elementor-size-default\">L'Esgl\u00e9sia <\/h3>\t\t\t\t<\/div>\n\t\t\t\t<\/div>\n\t\t\t\t<div class=\"elementor-element elementor-element-c8cce9f elementor-widget elementor-widget-text-editor\" data-id=\"c8cce9f\" data-element_type=\"widget\" data-e-type=\"widget\" data-widget_type=\"text-editor.default\">\n\t\t\t\t<div class=\"elementor-widget-container\">\n\t\t\t\t\t\t\t\t\t<p>Es va construir al segle XIII, iniciada al voltant de 1218 i fins a mitjans de segle. Es va situar a l&#8217;exterior de la part nord del primitiu Castell, de tal manera que la cap\u00e7alera es troba integrada en la segona muralla, mentre que el mur de la banda de l&#8217;evangeli, a la cara nord, forma part de la tercera muralla, que es perllongar\u00e0 per l&#8217;exterior del Castell per acollir les instal\u00b7lacions artesanals i residencials que hem vist fins aqu\u00ed.<\/p><p>Des del carrer dels Artesans s&#8217;accedeix a l&#8217;<strong>Esgl\u00e9sia<\/strong> (<strong>17<\/strong>) per una porta que tanca sobre la tercera muralla (<strong>16<\/strong>).<\/p>\t\t\t\t\t\t\t\t<\/div>\n\t\t\t\t<\/div>\n\t\t\t\t<div class=\"elementor-element elementor-element-b433d9f elementor-widget elementor-widget-image\" data-id=\"b433d9f\" data-element_type=\"widget\" data-e-type=\"widget\" data-widget_type=\"image.default\">\n\t\t\t\t<div class=\"elementor-widget-container\">\n\t\t\t\t\t\t\t\t\t\t\t\t<figure class=\"wp-caption\">\n\t\t\t\t\t\t\t\t\t\t<img loading=\"lazy\" decoding=\"async\" width=\"768\" height=\"512\" src=\"https:\/\/www.elturistatranquil.com\/wp-content\/uploads\/F38-Castillo-de-Calatrava-la-Nueva.jpg\" class=\"attachment-large size-large wp-image-26998\" alt=\"\" srcset=\"https:\/\/www.elturistatranquil.com\/wp-content\/uploads\/F38-Castillo-de-Calatrava-la-Nueva.jpg 768w, https:\/\/www.elturistatranquil.com\/wp-content\/uploads\/F38-Castillo-de-Calatrava-la-Nueva-339x226.jpg 339w\" sizes=\"(max-width: 768px) 100vw, 768px\" \/>\t\t\t\t\t\t\t\t\t\t\t<figcaption class=\"widget-image-caption wp-caption-text\"><\/figcaption>\n\t\t\t\t\t\t\t\t\t\t<\/figure>\n\t\t\t\t\t\t\t\t\t<\/div>\n\t\t\t\t<\/div>\n\t\t\t\t<div class=\"elementor-element elementor-element-69b4ce5 elementor-widget elementor-widget-text-editor\" data-id=\"69b4ce5\" data-element_type=\"widget\" data-e-type=\"widget\" data-widget_type=\"text-editor.default\">\n\t\t\t\t<div class=\"elementor-widget-container\">\n\t\t\t\t\t\t\t\t\t<p>La seva construcci\u00f3 s&#8217;adapta al car\u00e0cter defensiu del conjunt, contenint merlets i un pas de ronda per la coberta.<\/p>\t\t\t\t\t\t\t\t<\/div>\n\t\t\t\t<\/div>\n\t\t\t\t<div class=\"elementor-element elementor-element-12a62d2 elementor-widget elementor-widget-image\" data-id=\"12a62d2\" data-element_type=\"widget\" data-e-type=\"widget\" data-widget_type=\"image.default\">\n\t\t\t\t<div class=\"elementor-widget-container\">\n\t\t\t\t\t\t\t\t\t\t\t\t<figure class=\"wp-caption\">\n\t\t\t\t\t\t\t\t\t\t<img loading=\"lazy\" decoding=\"async\" width=\"768\" height=\"512\" src=\"https:\/\/www.elturistatranquil.com\/wp-content\/uploads\/F39-Iglesia-del-Castillo-de-Calatrava-la-Nueva.jpg\" class=\"attachment-large size-large wp-image-27000\" alt=\"Iglesia del Castillo de Calatrava la Nueva\" srcset=\"https:\/\/www.elturistatranquil.com\/wp-content\/uploads\/F39-Iglesia-del-Castillo-de-Calatrava-la-Nueva.jpg 768w, https:\/\/www.elturistatranquil.com\/wp-content\/uploads\/F39-Iglesia-del-Castillo-de-Calatrava-la-Nueva-339x226.jpg 339w\" sizes=\"(max-width: 768px) 100vw, 768px\" \/>\t\t\t\t\t\t\t\t\t\t\t<figcaption class=\"widget-image-caption wp-caption-text\"><\/figcaption>\n\t\t\t\t\t\t\t\t\t\t<\/figure>\n\t\t\t\t\t\t\t\t\t<\/div>\n\t\t\t\t<\/div>\n\t\t\t\t<div class=\"elementor-element elementor-element-a007535 elementor-widget elementor-widget-text-editor\" data-id=\"a007535\" data-element_type=\"widget\" data-e-type=\"widget\" data-widget_type=\"text-editor.default\">\n\t\t\t\t<div class=\"elementor-widget-container\">\n\t\t\t\t\t\t\t\t\t<p>La fa\u00e7ana principal, situada als peus de el temple, acull la Porta de l&#8217;Estrella. Una s\u00f2bria portada de carreus de roca volc\u00e0nica i una gran rosassa lobulada, que alguns consideren constru\u00efda en \u00e8poca dels Reis Cat\u00f2lics i altres que formava part del projecte original, tot i que hagi sofert diverses remodelacions. La roca volc\u00e0nica tamb\u00e9 ser\u00e0 present a l&#8217;interior del temple. El contrast que aporta el seu color vermell\u00f3s dota d&#8217;una forta personalitat al conjunt.<\/p>\t\t\t\t\t\t\t\t<\/div>\n\t\t\t\t<\/div>\n\t\t\t\t<div class=\"elementor-element elementor-element-c713378 elementor-widget elementor-widget-image\" data-id=\"c713378\" data-element_type=\"widget\" data-e-type=\"widget\" data-widget_type=\"image.default\">\n\t\t\t\t<div class=\"elementor-widget-container\">\n\t\t\t\t\t\t\t\t\t\t\t\t<figure class=\"wp-caption\">\n\t\t\t\t\t\t\t\t\t\t<img loading=\"lazy\" decoding=\"async\" width=\"768\" height=\"512\" src=\"https:\/\/www.elturistatranquil.com\/wp-content\/uploads\/F40-Iglesia-del-Castillo-de-Calatrava-la-Nueva.jpg\" class=\"attachment-large size-large wp-image-27002\" alt=\"Iglesia del Castillo de Calatrava la Nueva\" srcset=\"https:\/\/www.elturistatranquil.com\/wp-content\/uploads\/F40-Iglesia-del-Castillo-de-Calatrava-la-Nueva.jpg 768w, https:\/\/www.elturistatranquil.com\/wp-content\/uploads\/F40-Iglesia-del-Castillo-de-Calatrava-la-Nueva-339x226.jpg 339w\" sizes=\"(max-width: 768px) 100vw, 768px\" \/>\t\t\t\t\t\t\t\t\t\t\t<figcaption class=\"widget-image-caption wp-caption-text\"><\/figcaption>\n\t\t\t\t\t\t\t\t\t\t<\/figure>\n\t\t\t\t\t\t\t\t\t<\/div>\n\t\t\t\t<\/div>\n\t\t\t\t<div class=\"elementor-element elementor-element-86926b0 elementor-widget elementor-widget-text-editor\" data-id=\"86926b0\" data-element_type=\"widget\" data-e-type=\"widget\" data-widget_type=\"text-editor.default\">\n\t\t\t\t<div class=\"elementor-widget-container\">\n\t\t\t\t\t\t\t\t\t<p>La portada principal, sota la rosassa, \u00e9s d&#8217;arc apuntat amb tres arquivoltes emmarcades en un <em>alfiz<\/em>. La pedra volc\u00e0nica rogenca de la portada i la rosassa, en contrast amb el color clara de la ma\u00e7oneria de el mur dota aquesta fa\u00e7ana d&#8217;una personalitat molt particular. La rosassa aporta una gran lluminositat al recinte.<\/p>\t\t\t\t\t\t\t\t<\/div>\n\t\t\t\t<\/div>\n\t\t\t\t<div class=\"elementor-element elementor-element-89d4a94 elementor-widget elementor-widget-image\" data-id=\"89d4a94\" data-element_type=\"widget\" data-e-type=\"widget\" data-widget_type=\"image.default\">\n\t\t\t\t<div class=\"elementor-widget-container\">\n\t\t\t\t\t\t\t\t\t\t\t\t<figure class=\"wp-caption\">\n\t\t\t\t\t\t\t\t\t\t<img loading=\"lazy\" decoding=\"async\" width=\"412\" height=\"550\" src=\"https:\/\/www.elturistatranquil.com\/wp-content\/uploads\/F41-Iglesia-del-Castillo-de-Calatrava-la-Nueva.jpg\" class=\"attachment-large size-large wp-image-27004\" alt=\"Iglesia del Castillo de Calatrava la Nueva\" srcset=\"https:\/\/www.elturistatranquil.com\/wp-content\/uploads\/F41-Iglesia-del-Castillo-de-Calatrava-la-Nueva.jpg 412w, https:\/\/www.elturistatranquil.com\/wp-content\/uploads\/F41-Iglesia-del-Castillo-de-Calatrava-la-Nueva-169x226.jpg 169w\" sizes=\"(max-width: 412px) 100vw, 412px\" \/>\t\t\t\t\t\t\t\t\t\t\t<figcaption class=\"widget-image-caption wp-caption-text\"><\/figcaption>\n\t\t\t\t\t\t\t\t\t\t<\/figure>\n\t\t\t\t\t\t\t\t\t<\/div>\n\t\t\t\t<\/div>\n\t\t\t\t<div class=\"elementor-element elementor-element-c72b441 elementor-widget elementor-widget-text-editor\" data-id=\"c72b441\" data-element_type=\"widget\" data-e-type=\"widget\" data-widget_type=\"text-editor.default\">\n\t\t\t\t<div class=\"elementor-widget-container\">\n\t\t\t\t\t\t\t\t\t<p>La planta \u00e9s basilical de tres naus i quatre trams. Amb tres cap\u00e7aleres semicirculars, major la central, i voltes de creueria de pedra i ma\u00f3.<\/p>\t\t\t\t\t\t\t\t<\/div>\n\t\t\t\t<\/div>\n\t\t\t\t<div class=\"elementor-element elementor-element-5707b48 elementor-widget elementor-widget-image\" data-id=\"5707b48\" data-element_type=\"widget\" data-e-type=\"widget\" data-widget_type=\"image.default\">\n\t\t\t\t<div class=\"elementor-widget-container\">\n\t\t\t\t\t\t\t\t\t\t\t\t<figure class=\"wp-caption\">\n\t\t\t\t\t\t\t\t\t\t<img loading=\"lazy\" decoding=\"async\" width=\"768\" height=\"512\" src=\"https:\/\/www.elturistatranquil.com\/wp-content\/uploads\/F42-Iglesia-del-Castillo-de-Calatrava-la-Nueva.jpg\" class=\"attachment-large size-large wp-image-27006\" alt=\"Iglesia del Castillo de Calatrava la Nueva\" srcset=\"https:\/\/www.elturistatranquil.com\/wp-content\/uploads\/F42-Iglesia-del-Castillo-de-Calatrava-la-Nueva.jpg 768w, https:\/\/www.elturistatranquil.com\/wp-content\/uploads\/F42-Iglesia-del-Castillo-de-Calatrava-la-Nueva-339x226.jpg 339w\" sizes=\"(max-width: 768px) 100vw, 768px\" \/>\t\t\t\t\t\t\t\t\t\t\t<figcaption class=\"widget-image-caption wp-caption-text\"><\/figcaption>\n\t\t\t\t\t\t\t\t\t\t<\/figure>\n\t\t\t\t\t\t\t\t\t<\/div>\n\t\t\t\t<\/div>\n\t\t\t\t<div class=\"elementor-element elementor-element-2bcfa2c elementor-widget elementor-widget-text-editor\" data-id=\"2bcfa2c\" data-element_type=\"widget\" data-e-type=\"widget\" data-widget_type=\"text-editor.default\">\n\t\t\t\t<div class=\"elementor-widget-container\">\n\t\t\t\t\t\t\t\t\t<p>Arquitect\u00f2nicament segueix els criteris de sobrietat de les obres del Cister, sense ornaments ni elements decoratius superflus, en estil de transici\u00f3 rom\u00e0nic-g\u00f2tic, amb influ\u00e8ncies de l&#8217;arquitectura hispanomusulmana.<\/p>\t\t\t\t\t\t\t\t<\/div>\n\t\t\t\t<\/div>\n\t\t\t\t<div class=\"elementor-element elementor-element-0859339 elementor-widget elementor-widget-image\" data-id=\"0859339\" data-element_type=\"widget\" data-e-type=\"widget\" data-widget_type=\"image.default\">\n\t\t\t\t<div class=\"elementor-widget-container\">\n\t\t\t\t\t\t\t\t\t\t\t\t<figure class=\"wp-caption\">\n\t\t\t\t\t\t\t\t\t\t<img loading=\"lazy\" decoding=\"async\" width=\"768\" height=\"512\" src=\"https:\/\/www.elturistatranquil.com\/wp-content\/uploads\/F43-Iglesia-del-Castillo-de-Calatrava-la-Nueva.jpg\" class=\"attachment-large size-large wp-image-27008\" alt=\"Iglesia del Castillo de Calatrava la Nueva\" srcset=\"https:\/\/www.elturistatranquil.com\/wp-content\/uploads\/F43-Iglesia-del-Castillo-de-Calatrava-la-Nueva.jpg 768w, https:\/\/www.elturistatranquil.com\/wp-content\/uploads\/F43-Iglesia-del-Castillo-de-Calatrava-la-Nueva-339x226.jpg 339w\" sizes=\"(max-width: 768px) 100vw, 768px\" \/>\t\t\t\t\t\t\t\t\t\t\t<figcaption class=\"widget-image-caption wp-caption-text\"><\/figcaption>\n\t\t\t\t\t\t\t\t\t\t<\/figure>\n\t\t\t\t\t\t\t\t\t<\/div>\n\t\t\t\t<\/div>\n\t\t\t\t<div class=\"elementor-element elementor-element-7cbe09b elementor-widget elementor-widget-image\" data-id=\"7cbe09b\" data-element_type=\"widget\" data-e-type=\"widget\" data-widget_type=\"image.default\">\n\t\t\t\t<div class=\"elementor-widget-container\">\n\t\t\t\t\t\t\t\t\t\t\t\t<figure class=\"wp-caption\">\n\t\t\t\t\t\t\t\t\t\t<img loading=\"lazy\" decoding=\"async\" width=\"768\" height=\"511\" src=\"https:\/\/www.elturistatranquil.com\/wp-content\/uploads\/F44-Iglesia-del-Castillo-de-Calatrava-la-Nueva.jpg\" class=\"attachment-large size-large wp-image-27010\" alt=\"Iglesia del Castillo de Calatrava la Nueva\" srcset=\"https:\/\/www.elturistatranquil.com\/wp-content\/uploads\/F44-Iglesia-del-Castillo-de-Calatrava-la-Nueva.jpg 768w, https:\/\/www.elturistatranquil.com\/wp-content\/uploads\/F44-Iglesia-del-Castillo-de-Calatrava-la-Nueva-339x226.jpg 339w\" sizes=\"(max-width: 768px) 100vw, 768px\" \/>\t\t\t\t\t\t\t\t\t\t\t<figcaption class=\"widget-image-caption wp-caption-text\"><\/figcaption>\n\t\t\t\t\t\t\t\t\t\t<\/figure>\n\t\t\t\t\t\t\t\t\t<\/div>\n\t\t\t\t<\/div>\n\t\t\t\t<div class=\"elementor-element elementor-element-e26f3a4 elementor-widget elementor-widget-image\" data-id=\"e26f3a4\" data-element_type=\"widget\" data-e-type=\"widget\" data-widget_type=\"image.default\">\n\t\t\t\t<div class=\"elementor-widget-container\">\n\t\t\t\t\t\t\t\t\t\t\t\t<figure class=\"wp-caption\">\n\t\t\t\t\t\t\t\t\t\t<img loading=\"lazy\" decoding=\"async\" width=\"768\" height=\"512\" src=\"https:\/\/www.elturistatranquil.com\/wp-content\/uploads\/F45-Iglesia-del-Castillo-de-Calatrava-la-Nueva.jpg\" class=\"attachment-large size-large wp-image-27012\" alt=\"Iglesia del Castillo de Calatrava la Nueva\" srcset=\"https:\/\/www.elturistatranquil.com\/wp-content\/uploads\/F45-Iglesia-del-Castillo-de-Calatrava-la-Nueva.jpg 768w, https:\/\/www.elturistatranquil.com\/wp-content\/uploads\/F45-Iglesia-del-Castillo-de-Calatrava-la-Nueva-339x226.jpg 339w\" sizes=\"(max-width: 768px) 100vw, 768px\" \/>\t\t\t\t\t\t\t\t\t\t\t<figcaption class=\"widget-image-caption wp-caption-text\"><\/figcaption>\n\t\t\t\t\t\t\t\t\t\t<\/figure>\n\t\t\t\t\t\t\t\t\t<\/div>\n\t\t\t\t<\/div>\n\t\t\t\t<div class=\"elementor-element elementor-element-3814a1c elementor-widget elementor-widget-text-editor\" data-id=\"3814a1c\" data-element_type=\"widget\" data-e-type=\"widget\" data-widget_type=\"text-editor.default\">\n\t\t\t\t<div class=\"elementor-widget-container\">\n\t\t\t\t\t\t\t\t\t<p>Les pilastres s\u00f3n circulars amb columnes adossades amb capitells simples, propis del Cister, sobre els quals es recolzen els arcs de creueria.<\/p>\t\t\t\t\t\t\t\t<\/div>\n\t\t\t\t<\/div>\n\t\t\t\t<div class=\"elementor-element elementor-element-44fc225 elementor-widget elementor-widget-image\" data-id=\"44fc225\" data-element_type=\"widget\" data-e-type=\"widget\" data-widget_type=\"image.default\">\n\t\t\t\t<div class=\"elementor-widget-container\">\n\t\t\t\t\t\t\t\t\t\t\t\t<figure class=\"wp-caption\">\n\t\t\t\t\t\t\t\t\t\t<img loading=\"lazy\" decoding=\"async\" width=\"768\" height=\"512\" src=\"https:\/\/www.elturistatranquil.com\/wp-content\/uploads\/F46-Iglesia-del-Castillo-de-Calatrava-la-Nueva.jpg\" class=\"attachment-large size-large wp-image-27014\" alt=\"Iglesia del Castillo de Calatrava la Nueva\" srcset=\"https:\/\/www.elturistatranquil.com\/wp-content\/uploads\/F46-Iglesia-del-Castillo-de-Calatrava-la-Nueva.jpg 768w, https:\/\/www.elturistatranquil.com\/wp-content\/uploads\/F46-Iglesia-del-Castillo-de-Calatrava-la-Nueva-339x226.jpg 339w\" sizes=\"(max-width: 768px) 100vw, 768px\" \/>\t\t\t\t\t\t\t\t\t\t\t<figcaption class=\"widget-image-caption wp-caption-text\"><\/figcaption>\n\t\t\t\t\t\t\t\t\t\t<\/figure>\n\t\t\t\t\t\t\t\t\t<\/div>\n\t\t\t\t<\/div>\n\t\t\t\t<div class=\"elementor-element elementor-element-08e7ec7 elementor-widget elementor-widget-image\" data-id=\"08e7ec7\" data-element_type=\"widget\" data-e-type=\"widget\" data-widget_type=\"image.default\">\n\t\t\t\t<div class=\"elementor-widget-container\">\n\t\t\t\t\t\t\t\t\t\t\t\t<figure class=\"wp-caption\">\n\t\t\t\t\t\t\t\t\t\t<img loading=\"lazy\" decoding=\"async\" width=\"768\" height=\"512\" src=\"https:\/\/www.elturistatranquil.com\/wp-content\/uploads\/F47-Iglesia-del-Castillo-de-Calatrava-la-Nueva.jpg\" class=\"attachment-large size-large wp-image-27016\" alt=\"Iglesia del Castillo de Calatrava la Nueva\" srcset=\"https:\/\/www.elturistatranquil.com\/wp-content\/uploads\/F47-Iglesia-del-Castillo-de-Calatrava-la-Nueva.jpg 768w, https:\/\/www.elturistatranquil.com\/wp-content\/uploads\/F47-Iglesia-del-Castillo-de-Calatrava-la-Nueva-339x226.jpg 339w\" sizes=\"(max-width: 768px) 100vw, 768px\" \/>\t\t\t\t\t\t\t\t\t\t\t<figcaption class=\"widget-image-caption wp-caption-text\"><\/figcaption>\n\t\t\t\t\t\t\t\t\t\t<\/figure>\n\t\t\t\t\t\t\t\t\t<\/div>\n\t\t\t\t<\/div>\n\t\t\t\t<div class=\"elementor-element elementor-element-1f79f02 elementor-widget elementor-widget-image\" data-id=\"1f79f02\" data-element_type=\"widget\" data-e-type=\"widget\" data-widget_type=\"image.default\">\n\t\t\t\t<div class=\"elementor-widget-container\">\n\t\t\t\t\t\t\t\t\t\t\t\t<figure class=\"wp-caption\">\n\t\t\t\t\t\t\t\t\t\t<img loading=\"lazy\" decoding=\"async\" width=\"768\" height=\"511\" src=\"https:\/\/www.elturistatranquil.com\/wp-content\/uploads\/F48-Iglesia-del-Castillo-de-Calatrava-la-Nueva.jpg\" class=\"attachment-large size-large wp-image-27018\" alt=\"Iglesia del Castillo de Calatrava la Nueva\" srcset=\"https:\/\/www.elturistatranquil.com\/wp-content\/uploads\/F48-Iglesia-del-Castillo-de-Calatrava-la-Nueva.jpg 768w, https:\/\/www.elturistatranquil.com\/wp-content\/uploads\/F48-Iglesia-del-Castillo-de-Calatrava-la-Nueva-339x226.jpg 339w\" sizes=\"(max-width: 768px) 100vw, 768px\" \/>\t\t\t\t\t\t\t\t\t\t\t<figcaption class=\"widget-image-caption wp-caption-text\"><\/figcaption>\n\t\t\t\t\t\t\t\t\t\t<\/figure>\n\t\t\t\t\t\t\t\t\t<\/div>\n\t\t\t\t<\/div>\n\t\t\t\t<div class=\"elementor-element elementor-element-86ef903 elementor-widget elementor-widget-text-editor\" data-id=\"86ef903\" data-element_type=\"widget\" data-e-type=\"widget\" data-widget_type=\"text-editor.default\">\n\t\t\t\t<div class=\"elementor-widget-container\">\n\t\t\t\t\t\t\t\t\t<p>Adossades a la banda de l&#8217;evangeli s&#8217;obren tres capelles i la Sagristia.<\/p>\t\t\t\t\t\t\t\t<\/div>\n\t\t\t\t<\/div>\n\t\t\t\t<div class=\"elementor-element elementor-element-bed5c36 elementor-widget elementor-widget-image\" data-id=\"bed5c36\" data-element_type=\"widget\" data-e-type=\"widget\" data-widget_type=\"image.default\">\n\t\t\t\t<div class=\"elementor-widget-container\">\n\t\t\t\t\t\t\t\t\t\t\t\t<figure class=\"wp-caption\">\n\t\t\t\t\t\t\t\t\t\t<img loading=\"lazy\" decoding=\"async\" width=\"768\" height=\"512\" src=\"https:\/\/www.elturistatranquil.com\/wp-content\/uploads\/F49-Iglesia-del-Castillo-de-Calatrava-la-Nueva.jpg\" class=\"attachment-large size-large wp-image-27020\" alt=\"Iglesia del Castillo de Calatrava la Nueva\" srcset=\"https:\/\/www.elturistatranquil.com\/wp-content\/uploads\/F49-Iglesia-del-Castillo-de-Calatrava-la-Nueva.jpg 768w, https:\/\/www.elturistatranquil.com\/wp-content\/uploads\/F49-Iglesia-del-Castillo-de-Calatrava-la-Nueva-339x226.jpg 339w\" sizes=\"(max-width: 768px) 100vw, 768px\" \/>\t\t\t\t\t\t\t\t\t\t\t<figcaption class=\"widget-image-caption wp-caption-text\"><\/figcaption>\n\t\t\t\t\t\t\t\t\t\t<\/figure>\n\t\t\t\t\t\t\t\t\t<\/div>\n\t\t\t\t<\/div>\n\t\t\t\t<div class=\"elementor-element elementor-element-4b8f3b7 elementor-widget elementor-widget-text-editor\" data-id=\"4b8f3b7\" data-element_type=\"widget\" data-e-type=\"widget\" data-widget_type=\"text-editor.default\">\n\t\t\t\t<div class=\"elementor-widget-container\">\n\t\t\t\t\t\t\t\t\t<p>La nau de l&#8217;ep\u00edstola, a la dreta, d\u00f3na acc\u00e9s al Claustre a trav\u00e9s d&#8217;una gran portada de doble arc apuntat que alterna dovelles de calc\u00e0ria blanca amb altres vermelloses de pedra volc\u00e0nica, que l&#8217;associa a portades d&#8217;algunes mesquites musulmanes.<\/p>\t\t\t\t\t\t\t\t<\/div>\n\t\t\t\t<\/div>\n\t\t\t\t<div class=\"elementor-element elementor-element-00e2445 elementor-widget elementor-widget-image\" data-id=\"00e2445\" data-element_type=\"widget\" data-e-type=\"widget\" data-widget_type=\"image.default\">\n\t\t\t\t<div class=\"elementor-widget-container\">\n\t\t\t\t\t\t\t\t\t\t\t\t<figure class=\"wp-caption\">\n\t\t\t\t\t\t\t\t\t\t<img loading=\"lazy\" decoding=\"async\" width=\"768\" height=\"512\" src=\"https:\/\/www.elturistatranquil.com\/wp-content\/uploads\/F50-Iglesia-del-Castillo-de-Calatrava-la-Nueva.jpg\" class=\"attachment-large size-large wp-image-27022\" alt=\"Iglesia del Castillo de Calatrava la Nueva\" srcset=\"https:\/\/www.elturistatranquil.com\/wp-content\/uploads\/F50-Iglesia-del-Castillo-de-Calatrava-la-Nueva.jpg 768w, https:\/\/www.elturistatranquil.com\/wp-content\/uploads\/F50-Iglesia-del-Castillo-de-Calatrava-la-Nueva-339x226.jpg 339w\" sizes=\"(max-width: 768px) 100vw, 768px\" \/>\t\t\t\t\t\t\t\t\t\t\t<figcaption class=\"widget-image-caption wp-caption-text\"><\/figcaption>\n\t\t\t\t\t\t\t\t\t\t<\/figure>\n\t\t\t\t\t\t\t\t\t<\/div>\n\t\t\t\t<\/div>\n\t\t\t\t<div class=\"elementor-element elementor-element-689b40c elementor-widget elementor-widget-text-editor\" data-id=\"689b40c\" data-element_type=\"widget\" data-e-type=\"widget\" data-widget_type=\"text-editor.default\">\n\t\t\t\t<div class=\"elementor-widget-container\">\n\t\t\t\t\t\t\t\t\t<p>En la visita es surt de l&#8217;Esgl\u00e9sia per la porta principal i el recorregut ens encamina cap a l&#8217;edifici del Castell primitiu.<\/p><p>En la seg\u00fcent imatge, a vista de dron, es veure perfectament la disposici\u00f3 dels elements que conformen el conjunt de la fortificaci\u00f3 i la clara separaci\u00f3 entre els edificis del Castell i de l&#8217;Esgl\u00e9sia.<\/p>\t\t\t\t\t\t\t\t<\/div>\n\t\t\t\t<\/div>\n\t\t\t\t<div class=\"elementor-element elementor-element-840bb3c elementor-widget elementor-widget-image\" data-id=\"840bb3c\" data-element_type=\"widget\" data-e-type=\"widget\" data-widget_type=\"image.default\">\n\t\t\t\t<div class=\"elementor-widget-container\">\n\t\t\t\t\t\t\t\t\t\t\t\t<figure class=\"wp-caption\">\n\t\t\t\t\t\t\t\t\t\t<img loading=\"lazy\" decoding=\"async\" width=\"768\" height=\"512\" src=\"https:\/\/www.elturistatranquil.com\/wp-content\/uploads\/F51-Castillo-de-Calatrava-la-Nueva.jpg\" class=\"attachment-large size-large wp-image-27024\" alt=\"Castillo de Calatrava la Nueva\" srcset=\"https:\/\/www.elturistatranquil.com\/wp-content\/uploads\/F51-Castillo-de-Calatrava-la-Nueva.jpg 768w, https:\/\/www.elturistatranquil.com\/wp-content\/uploads\/F51-Castillo-de-Calatrava-la-Nueva-339x226.jpg 339w\" sizes=\"(max-width: 768px) 100vw, 768px\" \/>\t\t\t\t\t\t\t\t\t\t\t<figcaption class=\"widget-image-caption wp-caption-text\">Imatge presa del v\u00eddeo a  <a href=\"http:\/\/www.castillodecalatrava.com\/p\/calatrava-la-nueva.html\" target=\"_blank\" rel=\"noopener\">vista de dron<\/a><\/figcaption>\n\t\t\t\t\t\t\t\t\t\t<\/figure>\n\t\t\t\t\t\t\t\t\t<\/div>\n\t\t\t\t<\/div>\n\t\t\t\t<div class=\"elementor-element elementor-element-2af9c2d elementor-widget elementor-widget-menu-anchor\" data-id=\"2af9c2d\" data-element_type=\"widget\" data-e-type=\"widget\" data-widget_type=\"menu-anchor.default\">\n\t\t\t\t<div class=\"elementor-widget-container\">\n\t\t\t\t\t\t\t<div class=\"elementor-menu-anchor\" id=\"b4112\"><\/div>\n\t\t\t\t\t\t<\/div>\n\t\t\t\t<\/div>\n\t\t\t\t<div class=\"elementor-element elementor-element-264b6ee elementor-widget elementor-widget-text-editor\" data-id=\"264b6ee\" data-element_type=\"widget\" data-e-type=\"widget\" data-widget_type=\"text-editor.default\">\n\t\t\t\t<div class=\"elementor-widget-container\">\n\t\t\t\t\t\t\t\t\t<p>El Castell primitiu sobresortint al centre. A l&#8217;Esquerra de la imatge, al nord del Castell, l&#8217;Esgl\u00e9sia distanciada d&#8217;ell. Per darrere de l&#8217;espai que els separa s&#8217;albiren les depend\u00e8ncies conventuals, amb el Claustre adossat a el mur sud del temple.<\/p><p>En primer terme, el conjunt d&#8217;edificacions del carrer dels Artesans i per sobre, als peus de el mur de ponent del Castell, el cementiri o Camp dels M\u00e0rtirs, amb la capella de la Mare de D\u00e9u dels M\u00e0rtirs.<\/p>\t\t\t\t\t\t\t\t<\/div>\n\t\t\t\t<\/div>\n\t\t\t\t<div class=\"elementor-element elementor-element-115c6db elementor-widget elementor-widget-heading\" data-id=\"115c6db\" data-element_type=\"widget\" data-e-type=\"widget\" data-widget_type=\"heading.default\">\n\t\t\t\t<div class=\"elementor-widget-container\">\n\t\t\t\t\t<h3 class=\"elementor-heading-title elementor-size-default\">El Castell <\/h3>\t\t\t\t<\/div>\n\t\t\t\t<\/div>\n\t\t\t\t<div class=\"elementor-element elementor-element-5fe025f elementor-widget elementor-widget-text-editor\" data-id=\"5fe025f\" data-element_type=\"widget\" data-e-type=\"widget\" data-widget_type=\"text-editor.default\">\n\t\t\t\t<div class=\"elementor-widget-container\">\n\t\t\t\t\t\t\t\t\t<p>El <strong>Castell<\/strong> (<strong>20<\/strong>) correspon a la primera edificaci\u00f3 del conjunt de la fortalesa. Se situa a la part m\u00e9s elevada, sobre un espectacular aflorament de quarsita. La major part de les edificacions m\u00e9s ben conservades del nucli del castell s\u00f3n anteriors a la seva ocupaci\u00f3 per l&#8217;Ordre.<\/p><p>Al principi es va construir una talaia que va haver de servir de suport al ve\u00ed castell de Salvatierra. M\u00e9s endavant, associada a la talaia es construeix una muralla i quatre torres, que configura un castell, el per\u00edmetre correspondria a la quarta muralla. Al seu voltant s&#8217;instal\u00b7la un petit poblat. Al fer-se c\u00e0rrec del castell l&#8217;Ordre de Calatrava remodela el conjunt per establir el Convent i convertir-lo en una potent i \u00e0mplia fortificaci\u00f3. L&#8217;edifici del Castell acaba tenint cinc torres.<\/p><p>Vist des de la perspectiva sud-est s&#8217;aprecia la seva majestuositat, configurant la quarta muralla. Al mateix temps s&#8217;aprecia el seu assentament roquer sobre les quarsites emergents.<\/p>\t\t\t\t\t\t\t\t<\/div>\n\t\t\t\t<\/div>\n\t\t\t\t<div class=\"elementor-element elementor-element-21c5e65 elementor-widget elementor-widget-image\" data-id=\"21c5e65\" data-element_type=\"widget\" data-e-type=\"widget\" data-widget_type=\"image.default\">\n\t\t\t\t<div class=\"elementor-widget-container\">\n\t\t\t\t\t\t\t\t\t\t\t\t<figure class=\"wp-caption\">\n\t\t\t\t\t\t\t\t\t\t<img loading=\"lazy\" decoding=\"async\" width=\"768\" height=\"512\" src=\"https:\/\/www.elturistatranquil.com\/wp-content\/uploads\/F52a-Castillo-de-Calatrava-la-Nueva.jpg\" class=\"attachment-large size-large wp-image-27026\" alt=\"Castillo de Calatrava la Nueva\" srcset=\"https:\/\/www.elturistatranquil.com\/wp-content\/uploads\/F52a-Castillo-de-Calatrava-la-Nueva.jpg 768w, https:\/\/www.elturistatranquil.com\/wp-content\/uploads\/F52a-Castillo-de-Calatrava-la-Nueva-339x226.jpg 339w\" sizes=\"(max-width: 768px) 100vw, 768px\" \/>\t\t\t\t\t\t\t\t\t\t\t<figcaption class=\"widget-image-caption wp-caption-text\"><\/figcaption>\n\t\t\t\t\t\t\t\t\t\t<\/figure>\n\t\t\t\t\t\t\t\t\t<\/div>\n\t\t\t\t<\/div>\n\t\t\t\t<div class=\"elementor-element elementor-element-237f59a elementor-widget elementor-widget-image\" data-id=\"237f59a\" data-element_type=\"widget\" data-e-type=\"widget\" data-widget_type=\"image.default\">\n\t\t\t\t<div class=\"elementor-widget-container\">\n\t\t\t\t\t\t\t\t\t\t\t\t<figure class=\"wp-caption\">\n\t\t\t\t\t\t\t\t\t\t<img loading=\"lazy\" decoding=\"async\" width=\"768\" height=\"512\" src=\"https:\/\/www.elturistatranquil.com\/wp-content\/uploads\/F52b-Castillo-de-Calatrava-la-Nueva.jpg\" class=\"attachment-large size-large wp-image-27028\" alt=\"Castillo de Calatrava la Nueva\" srcset=\"https:\/\/www.elturistatranquil.com\/wp-content\/uploads\/F52b-Castillo-de-Calatrava-la-Nueva.jpg 768w, https:\/\/www.elturistatranquil.com\/wp-content\/uploads\/F52b-Castillo-de-Calatrava-la-Nueva-339x226.jpg 339w\" sizes=\"(max-width: 768px) 100vw, 768px\" \/>\t\t\t\t\t\t\t\t\t\t\t<figcaption class=\"widget-image-caption wp-caption-text\"><\/figcaption>\n\t\t\t\t\t\t\t\t\t\t<\/figure>\n\t\t\t\t\t\t\t\t\t<\/div>\n\t\t\t\t<\/div>\n\t\t\t\t<div class=\"elementor-element elementor-element-3e2daea elementor-widget elementor-widget-text-editor\" data-id=\"3e2daea\" data-element_type=\"widget\" data-e-type=\"widget\" data-widget_type=\"text-editor.default\">\n\t\t\t\t<div class=\"elementor-widget-container\">\n\t\t\t\t\t\t\t\t\t<p>S&#8217;hi accedeix pel costat nord a trav\u00e9s d&#8217;una \u00e0mplia escalinata (<strong>18<\/strong>).<\/p>\t\t\t\t\t\t\t\t<\/div>\n\t\t\t\t<\/div>\n\t\t\t\t<div class=\"elementor-element elementor-element-baaf898 elementor-widget elementor-widget-image\" data-id=\"baaf898\" data-element_type=\"widget\" data-e-type=\"widget\" data-widget_type=\"image.default\">\n\t\t\t\t<div class=\"elementor-widget-container\">\n\t\t\t\t\t\t\t\t\t\t\t\t<figure class=\"wp-caption\">\n\t\t\t\t\t\t\t\t\t\t<img loading=\"lazy\" decoding=\"async\" width=\"768\" height=\"512\" src=\"https:\/\/www.elturistatranquil.com\/wp-content\/uploads\/F52c-Castillo-de-Calatrava-la-Nueva.jpg\" class=\"attachment-large size-large wp-image-27030\" alt=\"Castillo de Calatrava la Nueva\" srcset=\"https:\/\/www.elturistatranquil.com\/wp-content\/uploads\/F52c-Castillo-de-Calatrava-la-Nueva.jpg 768w, https:\/\/www.elturistatranquil.com\/wp-content\/uploads\/F52c-Castillo-de-Calatrava-la-Nueva-339x226.jpg 339w\" sizes=\"(max-width: 768px) 100vw, 768px\" \/>\t\t\t\t\t\t\t\t\t\t\t<figcaption class=\"widget-image-caption wp-caption-text\"><\/figcaption>\n\t\t\t\t\t\t\t\t\t\t<\/figure>\n\t\t\t\t\t\t\t\t\t<\/div>\n\t\t\t\t<\/div>\n\t\t\t\t<div class=\"elementor-element elementor-element-e1b6e41 elementor-widget elementor-widget-text-editor\" data-id=\"e1b6e41\" data-element_type=\"widget\" data-e-type=\"widget\" data-widget_type=\"text-editor.default\">\n\t\t\t\t<div class=\"elementor-widget-container\">\n\t\t\t\t\t\t\t\t\t<p>Una <strong>primera porta<\/strong> (<strong>19<\/strong>), situada a la dreta de la fotografia, actuava com barbacana de protecci\u00f3 de la <strong>porta d&#8217;entrada al Castell<\/strong>.<\/p><p>La porta del fons d\u00f3na acc\u00e9s directe al claustre del Convent.<\/p>\t\t\t\t\t\t\t\t<\/div>\n\t\t\t\t<\/div>\n\t\t\t\t<div class=\"elementor-element elementor-element-5ad6914 elementor-widget elementor-widget-image\" data-id=\"5ad6914\" data-element_type=\"widget\" data-e-type=\"widget\" data-widget_type=\"image.default\">\n\t\t\t\t<div class=\"elementor-widget-container\">\n\t\t\t\t\t\t\t\t\t\t\t\t<figure class=\"wp-caption\">\n\t\t\t\t\t\t\t\t\t\t<img loading=\"lazy\" decoding=\"async\" width=\"768\" height=\"512\" src=\"https:\/\/www.elturistatranquil.com\/wp-content\/uploads\/F53-Castillo-de-Calatrava-la-Nueva.jpg\" class=\"attachment-large size-large wp-image-27032\" alt=\"Castillo de Calatrava la Nueva\" srcset=\"https:\/\/www.elturistatranquil.com\/wp-content\/uploads\/F53-Castillo-de-Calatrava-la-Nueva.jpg 768w, https:\/\/www.elturistatranquil.com\/wp-content\/uploads\/F53-Castillo-de-Calatrava-la-Nueva-339x226.jpg 339w\" sizes=\"(max-width: 768px) 100vw, 768px\" \/>\t\t\t\t\t\t\t\t\t\t\t<figcaption class=\"widget-image-caption wp-caption-text\"><\/figcaption>\n\t\t\t\t\t\t\t\t\t\t<\/figure>\n\t\t\t\t\t\t\t\t\t<\/div>\n\t\t\t\t<\/div>\n\t\t\t\t<div class=\"elementor-element elementor-element-78208e5 elementor-widget elementor-widget-text-editor\" data-id=\"78208e5\" data-element_type=\"widget\" data-e-type=\"widget\" data-widget_type=\"text-editor.default\">\n\t\t\t\t<div class=\"elementor-widget-container\">\n\t\t\t\t\t\t\t\t\t<p>Com la majoria de les portades, es va construir amb roca volc\u00e0nica, mentre que a les voltes predomina el basalt.<\/p><p>La <strong>porta d&#8217;entrada al Castell<\/strong> (<strong>19<\/strong>) en el mur que correspondria al que hem anomenat quarta muralla, i est\u00e0 situada al costat de la torre nord.<\/p>\t\t\t\t\t\t\t\t<\/div>\n\t\t\t\t<\/div>\n\t\t\t\t<section class=\"elementor-section elementor-inner-section elementor-element elementor-element-ebea203 elementor-section-boxed elementor-section-height-default elementor-section-height-default\" data-id=\"ebea203\" data-element_type=\"section\" data-e-type=\"section\">\n\t\t\t\t\t\t<div class=\"elementor-container elementor-column-gap-default\">\n\t\t\t\t\t<div class=\"elementor-column elementor-col-50 elementor-inner-column elementor-element elementor-element-e3eae71\" data-id=\"e3eae71\" data-element_type=\"column\" data-e-type=\"column\">\n\t\t\t<div class=\"elementor-widget-wrap elementor-element-populated\">\n\t\t\t\t\t\t<div class=\"elementor-element elementor-element-fdc31ce elementor-widget elementor-widget-image\" data-id=\"fdc31ce\" data-element_type=\"widget\" data-e-type=\"widget\" data-widget_type=\"image.default\">\n\t\t\t\t<div class=\"elementor-widget-container\">\n\t\t\t\t\t\t\t\t\t\t\t\t\t\t\t<img loading=\"lazy\" decoding=\"async\" width=\"367\" height=\"550\" src=\"https:\/\/www.elturistatranquil.com\/wp-content\/uploads\/F54m-Castillo-de-Calatrava-la-Nueva.jpg\" class=\"attachment-large size-large wp-image-27034\" alt=\"Castillo de Calatrava la Nueva\" srcset=\"https:\/\/www.elturistatranquil.com\/wp-content\/uploads\/F54m-Castillo-de-Calatrava-la-Nueva.jpg 367w, https:\/\/www.elturistatranquil.com\/wp-content\/uploads\/F54m-Castillo-de-Calatrava-la-Nueva-151x226.jpg 151w\" sizes=\"(max-width: 367px) 100vw, 367px\" \/>\t\t\t\t\t\t\t\t\t\t\t\t\t\t\t<\/div>\n\t\t\t\t<\/div>\n\t\t\t\t\t<\/div>\n\t\t<\/div>\n\t\t\t\t<div class=\"elementor-column elementor-col-50 elementor-inner-column elementor-element elementor-element-6e83c0c\" data-id=\"6e83c0c\" data-element_type=\"column\" data-e-type=\"column\">\n\t\t\t<div class=\"elementor-widget-wrap elementor-element-populated\">\n\t\t\t\t\t\t<div class=\"elementor-element elementor-element-ccfd24b elementor-widget elementor-widget-image\" data-id=\"ccfd24b\" data-element_type=\"widget\" data-e-type=\"widget\" data-widget_type=\"image.default\">\n\t\t\t\t<div class=\"elementor-widget-container\">\n\t\t\t\t\t\t\t\t\t\t\t\t\t\t\t<img loading=\"lazy\" decoding=\"async\" width=\"367\" height=\"550\" src=\"https:\/\/www.elturistatranquil.com\/wp-content\/uploads\/F54n-Castillo-de-Calatrava-la-Nueva.jpg\" class=\"attachment-large size-large wp-image-27036\" alt=\"Castillo de Calatrava la Nueva\" srcset=\"https:\/\/www.elturistatranquil.com\/wp-content\/uploads\/F54n-Castillo-de-Calatrava-la-Nueva.jpg 367w, https:\/\/www.elturistatranquil.com\/wp-content\/uploads\/F54n-Castillo-de-Calatrava-la-Nueva-151x226.jpg 151w\" sizes=\"(max-width: 367px) 100vw, 367px\" \/>\t\t\t\t\t\t\t\t\t\t\t\t\t\t\t<\/div>\n\t\t\t\t<\/div>\n\t\t\t\t\t<\/div>\n\t\t<\/div>\n\t\t\t\t\t<\/div>\n\t\t<\/section>\n\t\t\t\t<div class=\"elementor-element elementor-element-91390fd elementor-widget elementor-widget-image\" data-id=\"91390fd\" data-element_type=\"widget\" data-e-type=\"widget\" data-widget_type=\"image.default\">\n\t\t\t\t<div class=\"elementor-widget-container\">\n\t\t\t\t\t\t\t\t\t\t\t\t<figure class=\"wp-caption\">\n\t\t\t\t\t\t\t\t\t\t<img loading=\"lazy\" decoding=\"async\" width=\"768\" height=\"512\" src=\"https:\/\/www.elturistatranquil.com\/wp-content\/uploads\/F55-Castillo-de-Calatrava-la-Nueva.jpg\" class=\"attachment-large size-large wp-image-27038\" alt=\"Castillo de Calatrava la Nueva\" srcset=\"https:\/\/www.elturistatranquil.com\/wp-content\/uploads\/F55-Castillo-de-Calatrava-la-Nueva.jpg 768w, https:\/\/www.elturistatranquil.com\/wp-content\/uploads\/F55-Castillo-de-Calatrava-la-Nueva-339x226.jpg 339w\" sizes=\"(max-width: 768px) 100vw, 768px\" \/>\t\t\t\t\t\t\t\t\t\t\t<figcaption class=\"widget-image-caption wp-caption-text\"><\/figcaption>\n\t\t\t\t\t\t\t\t\t\t<\/figure>\n\t\t\t\t\t\t\t\t\t<\/div>\n\t\t\t\t<\/div>\n\t\t\t\t<div class=\"elementor-element elementor-element-7bd06d7 elementor-widget elementor-widget-text-editor\" data-id=\"7bd06d7\" data-element_type=\"widget\" data-e-type=\"widget\" data-widget_type=\"text-editor.default\">\n\t\t\t\t<div class=\"elementor-widget-container\">\n\t\t\t\t\t\t\t\t\t<p>Aquesta segona porta tenia la forma colzada per facilitar la defensa al dificultar l&#8217;entrada de l&#8217;atacant, sistema \u00e0mpliament usat en les construccions de l&#8217;\u00e8poca.<\/p>\t\t\t\t\t\t\t\t<\/div>\n\t\t\t\t<\/div>\n\t\t\t\t<div class=\"elementor-element elementor-element-5ba1fab elementor-widget elementor-widget-image\" data-id=\"5ba1fab\" data-element_type=\"widget\" data-e-type=\"widget\" data-widget_type=\"image.default\">\n\t\t\t\t<div class=\"elementor-widget-container\">\n\t\t\t\t\t\t\t\t\t\t\t\t<figure class=\"wp-caption\">\n\t\t\t\t\t\t\t\t\t\t<img loading=\"lazy\" decoding=\"async\" width=\"413\" height=\"550\" src=\"https:\/\/www.elturistatranquil.com\/wp-content\/uploads\/F56-Castillo-de-Calatrava-la-Nueva-2.jpg\" class=\"attachment-large size-large wp-image-27040\" alt=\"Castillo de Calatrava la Nueva\" srcset=\"https:\/\/www.elturistatranquil.com\/wp-content\/uploads\/F56-Castillo-de-Calatrava-la-Nueva-2.jpg 413w, https:\/\/www.elturistatranquil.com\/wp-content\/uploads\/F56-Castillo-de-Calatrava-la-Nueva-2-170x226.jpg 170w\" sizes=\"(max-width: 413px) 100vw, 413px\" \/>\t\t\t\t\t\t\t\t\t\t\t<figcaption class=\"widget-image-caption wp-caption-text\"><\/figcaption>\n\t\t\t\t\t\t\t\t\t\t<\/figure>\n\t\t\t\t\t\t\t\t\t<\/div>\n\t\t\t\t<\/div>\n\t\t\t\t<div class=\"elementor-element elementor-element-c23d3e6 elementor-widget elementor-widget-image\" data-id=\"c23d3e6\" data-element_type=\"widget\" data-e-type=\"widget\" data-widget_type=\"image.default\">\n\t\t\t\t<div class=\"elementor-widget-container\">\n\t\t\t\t\t\t\t\t\t\t\t\t<figure class=\"wp-caption\">\n\t\t\t\t\t\t\t\t\t\t<img loading=\"lazy\" decoding=\"async\" width=\"768\" height=\"511\" src=\"https:\/\/www.elturistatranquil.com\/wp-content\/uploads\/F57-Castillo-de-Calatrava-la-Nueva-2.jpg\" class=\"attachment-large size-large wp-image-27042\" alt=\"Castillo de Calatrava la Nueva\" srcset=\"https:\/\/www.elturistatranquil.com\/wp-content\/uploads\/F57-Castillo-de-Calatrava-la-Nueva-2.jpg 768w, https:\/\/www.elturistatranquil.com\/wp-content\/uploads\/F57-Castillo-de-Calatrava-la-Nueva-2-339x226.jpg 339w\" sizes=\"(max-width: 768px) 100vw, 768px\" \/>\t\t\t\t\t\t\t\t\t\t\t<figcaption class=\"widget-image-caption wp-caption-text\"><\/figcaption>\n\t\t\t\t\t\t\t\t\t\t<\/figure>\n\t\t\t\t\t\t\t\t\t<\/div>\n\t\t\t\t<\/div>\n\t\t\t\t<div class=\"elementor-element elementor-element-ba9ef26 elementor-widget elementor-widget-text-editor\" data-id=\"ba9ef26\" data-element_type=\"widget\" data-e-type=\"widget\" data-widget_type=\"text-editor.default\">\n\t\t\t\t<div class=\"elementor-widget-container\">\n\t\t\t\t\t\t\t\t\t<p>Un passad\u00eds condueix a una gran <strong>cavallerissa<\/strong> amb volta de can\u00f3 apuntat amb tres arcs de pilars que donen pas al pati d&#8217;armes.<\/p>\t\t\t\t\t\t\t\t<\/div>\n\t\t\t\t<\/div>\n\t\t\t\t<div class=\"elementor-element elementor-element-9e0b7b6 elementor-widget elementor-widget-image\" data-id=\"9e0b7b6\" data-element_type=\"widget\" data-e-type=\"widget\" data-widget_type=\"image.default\">\n\t\t\t\t<div class=\"elementor-widget-container\">\n\t\t\t\t\t\t\t\t\t\t\t\t<figure class=\"wp-caption\">\n\t\t\t\t\t\t\t\t\t\t<img loading=\"lazy\" decoding=\"async\" width=\"768\" height=\"512\" src=\"https:\/\/www.elturistatranquil.com\/wp-content\/uploads\/F58-Castillo-de-Calatrava-la-Nueva-2.jpg\" class=\"attachment-large size-large wp-image-27044\" alt=\"Castillo de Calatrava la Nueva\" srcset=\"https:\/\/www.elturistatranquil.com\/wp-content\/uploads\/F58-Castillo-de-Calatrava-la-Nueva-2.jpg 768w, https:\/\/www.elturistatranquil.com\/wp-content\/uploads\/F58-Castillo-de-Calatrava-la-Nueva-2-339x226.jpg 339w\" sizes=\"(max-width: 768px) 100vw, 768px\" \/>\t\t\t\t\t\t\t\t\t\t\t<figcaption class=\"widget-image-caption wp-caption-text\"><\/figcaption>\n\t\t\t\t\t\t\t\t\t\t<\/figure>\n\t\t\t\t\t\t\t\t\t<\/div>\n\t\t\t\t<\/div>\n\t\t\t\t<div class=\"elementor-element elementor-element-1a35f6c elementor-widget elementor-widget-image\" data-id=\"1a35f6c\" data-element_type=\"widget\" data-e-type=\"widget\" data-widget_type=\"image.default\">\n\t\t\t\t<div class=\"elementor-widget-container\">\n\t\t\t\t\t\t\t\t\t\t\t\t<figure class=\"wp-caption\">\n\t\t\t\t\t\t\t\t\t\t<img loading=\"lazy\" decoding=\"async\" width=\"768\" height=\"511\" src=\"https:\/\/www.elturistatranquil.com\/wp-content\/uploads\/F59-Castillo-de-Calatrava-la-Nueva-2.jpg\" class=\"attachment-large size-large wp-image-27046\" alt=\"Castillo de Calatrava la Nueva\" srcset=\"https:\/\/www.elturistatranquil.com\/wp-content\/uploads\/F59-Castillo-de-Calatrava-la-Nueva-2.jpg 768w, https:\/\/www.elturistatranquil.com\/wp-content\/uploads\/F59-Castillo-de-Calatrava-la-Nueva-2-339x226.jpg 339w\" sizes=\"(max-width: 768px) 100vw, 768px\" \/>\t\t\t\t\t\t\t\t\t\t\t<figcaption class=\"widget-image-caption wp-caption-text\"><\/figcaption>\n\t\t\t\t\t\t\t\t\t\t<\/figure>\n\t\t\t\t\t\t\t\t\t<\/div>\n\t\t\t\t<\/div>\n\t\t\t\t<div class=\"elementor-element elementor-element-a9dac0c elementor-widget elementor-widget-image\" data-id=\"a9dac0c\" data-element_type=\"widget\" data-e-type=\"widget\" data-widget_type=\"image.default\">\n\t\t\t\t<div class=\"elementor-widget-container\">\n\t\t\t\t\t\t\t\t\t\t\t\t<figure class=\"wp-caption\">\n\t\t\t\t\t\t\t\t\t\t<img loading=\"lazy\" decoding=\"async\" width=\"768\" height=\"512\" src=\"https:\/\/www.elturistatranquil.com\/wp-content\/uploads\/F60-Castillo-de-Calatrava-la-Nueva-2.jpg\" class=\"attachment-large size-large wp-image-27048\" alt=\"Castillo de Calatrava la Nueva\" srcset=\"https:\/\/www.elturistatranquil.com\/wp-content\/uploads\/F60-Castillo-de-Calatrava-la-Nueva-2.jpg 768w, https:\/\/www.elturistatranquil.com\/wp-content\/uploads\/F60-Castillo-de-Calatrava-la-Nueva-2-339x226.jpg 339w\" sizes=\"(max-width: 768px) 100vw, 768px\" \/>\t\t\t\t\t\t\t\t\t\t\t<figcaption class=\"widget-image-caption wp-caption-text\"><\/figcaption>\n\t\t\t\t\t\t\t\t\t\t<\/figure>\n\t\t\t\t\t\t\t\t\t<\/div>\n\t\t\t\t<\/div>\n\t\t\t\t<div class=\"elementor-element elementor-element-be7489f elementor-widget elementor-widget-text-editor\" data-id=\"be7489f\" data-element_type=\"widget\" data-e-type=\"widget\" data-widget_type=\"text-editor.default\">\n\t\t\t\t<div class=\"elementor-widget-container\">\n\t\t\t\t\t\t\t\t\t<p>El <strong>pati d&#8217;armes<\/strong> fa de distribu\u00efdor cap a les diferents depend\u00e8ncies del Castell.<\/p>\t\t\t\t\t\t\t\t<\/div>\n\t\t\t\t<\/div>\n\t\t\t\t<div class=\"elementor-element elementor-element-63f4204 elementor-widget elementor-widget-image\" data-id=\"63f4204\" data-element_type=\"widget\" data-e-type=\"widget\" data-widget_type=\"image.default\">\n\t\t\t\t<div class=\"elementor-widget-container\">\n\t\t\t\t\t\t\t\t\t\t\t\t<figure class=\"wp-caption\">\n\t\t\t\t\t\t\t\t\t\t<img loading=\"lazy\" decoding=\"async\" width=\"768\" height=\"512\" src=\"https:\/\/www.elturistatranquil.com\/wp-content\/uploads\/F61-Castillo-de-Calatrava-la-Nueva-3.jpg\" class=\"attachment-large size-large wp-image-27058\" alt=\"Castillo de Calatrava la Nueva\" srcset=\"https:\/\/www.elturistatranquil.com\/wp-content\/uploads\/F61-Castillo-de-Calatrava-la-Nueva-3.jpg 768w, https:\/\/www.elturistatranquil.com\/wp-content\/uploads\/F61-Castillo-de-Calatrava-la-Nueva-3-339x226.jpg 339w\" sizes=\"(max-width: 768px) 100vw, 768px\" \/>\t\t\t\t\t\t\t\t\t\t\t<figcaption class=\"widget-image-caption wp-caption-text\"><\/figcaption>\n\t\t\t\t\t\t\t\t\t\t<\/figure>\n\t\t\t\t\t\t\t\t\t<\/div>\n\t\t\t\t<\/div>\n\t\t\t\t<div class=\"elementor-element elementor-element-eca9b61 elementor-widget elementor-widget-text-editor\" data-id=\"eca9b61\" data-element_type=\"widget\" data-e-type=\"widget\" data-widget_type=\"text-editor.default\">\n\t\t\t\t<div class=\"elementor-widget-container\">\n\t\t\t\t\t\t\t\t\t<p>Des d&#8217;aquest pati s&#8217;arriba a la torre del sud que tenia tres plantes. Pujant per la seva escala principal s&#8217;arriba primer a la torrassa central i a les altres torres que es van aixecar per refor\u00e7ar la seva defensa.<\/p><p>La torrassa central va ser el primer edifici aixecat, amb murs de 3 metres de gruix. En el seu origen complia les funcions de talaia.<\/p><p>El per\u00edmetre superior del castell estava protegit per merlets, amb magatzems sota les cobertes.<\/p><p>A l&#8217;esquerra de l&#8217;escalinata es troba l&#8217;entrada de la cambra del Maestre, amb la Creu de Calatrava sobre l&#8217;arc apuntat. A sota hi ha un aljub.<\/p><p>Els diversos aljubs que hi ha al recinte estan comunicats entre si.<\/p>\t\t\t\t\t\t\t\t<\/div>\n\t\t\t\t<\/div>\n\t\t\t\t<div class=\"elementor-element elementor-element-65bf544 elementor-widget elementor-widget-image\" data-id=\"65bf544\" data-element_type=\"widget\" data-e-type=\"widget\" data-widget_type=\"image.default\">\n\t\t\t\t<div class=\"elementor-widget-container\">\n\t\t\t\t\t\t\t\t\t\t\t\t<figure class=\"wp-caption\">\n\t\t\t\t\t\t\t\t\t\t<img loading=\"lazy\" decoding=\"async\" width=\"768\" height=\"512\" src=\"https:\/\/www.elturistatranquil.com\/wp-content\/uploads\/F62-Castillo-de-Calatrava-la-Nueva.jpg\" class=\"attachment-large size-large wp-image-27052\" alt=\"Castillo de Calatrava la Nueva\" srcset=\"https:\/\/www.elturistatranquil.com\/wp-content\/uploads\/F62-Castillo-de-Calatrava-la-Nueva.jpg 768w, https:\/\/www.elturistatranquil.com\/wp-content\/uploads\/F62-Castillo-de-Calatrava-la-Nueva-339x226.jpg 339w\" sizes=\"(max-width: 768px) 100vw, 768px\" \/>\t\t\t\t\t\t\t\t\t\t\t<figcaption class=\"widget-image-caption wp-caption-text\"><\/figcaption>\n\t\t\t\t\t\t\t\t\t\t<\/figure>\n\t\t\t\t\t\t\t\t\t<\/div>\n\t\t\t\t<\/div>\n\t\t\t\t<div class=\"elementor-element elementor-element-d486915 elementor-widget elementor-widget-text-editor\" data-id=\"d486915\" data-element_type=\"widget\" data-e-type=\"widget\" data-widget_type=\"text-editor.default\">\n\t\t\t\t<div class=\"elementor-widget-container\">\n\t\t\t\t\t\t\t\t\t<p>Aquesta escala condueix a quatre nivells.<\/p><p>Primer s&#8217;accedeix a una cambra voltada que es comunicava amb el pis superior per una trapa al sostre. Un extrem de la nau sembla que estava dedicada a graner. Per la trapa del sostre s&#8217;abocava el gra des del pis superior.<\/p><p>Al fons, per una estreta entrada s&#8217;accedeix a un aljub. Cal tornar a l&#8217;escala per continuar l&#8217;ascensi\u00f3.<\/p>\t\t\t\t\t\t\t\t<\/div>\n\t\t\t\t<\/div>\n\t\t\t\t<div class=\"elementor-element elementor-element-9536726 elementor-widget elementor-widget-image\" data-id=\"9536726\" data-element_type=\"widget\" data-e-type=\"widget\" data-widget_type=\"image.default\">\n\t\t\t\t<div class=\"elementor-widget-container\">\n\t\t\t\t\t\t\t\t\t\t\t\t<figure class=\"wp-caption\">\n\t\t\t\t\t\t\t\t\t\t<img loading=\"lazy\" decoding=\"async\" width=\"768\" height=\"512\" src=\"https:\/\/www.elturistatranquil.com\/wp-content\/uploads\/F63-Castillo-de-Calatrava-la-Nueva.jpg\" class=\"attachment-large size-large wp-image-27054\" alt=\"Castillo de Calatrava la Nueva\" srcset=\"https:\/\/www.elturistatranquil.com\/wp-content\/uploads\/F63-Castillo-de-Calatrava-la-Nueva.jpg 768w, https:\/\/www.elturistatranquil.com\/wp-content\/uploads\/F63-Castillo-de-Calatrava-la-Nueva-339x226.jpg 339w\" sizes=\"(max-width: 768px) 100vw, 768px\" \/>\t\t\t\t\t\t\t\t\t\t\t<figcaption class=\"widget-image-caption wp-caption-text\"><\/figcaption>\n\t\t\t\t\t\t\t\t\t\t<\/figure>\n\t\t\t\t\t\t\t\t\t<\/div>\n\t\t\t\t<\/div>\n\t\t\t\t<div class=\"elementor-element elementor-element-5175a5a elementor-widget elementor-widget-image\" data-id=\"5175a5a\" data-element_type=\"widget\" data-e-type=\"widget\" data-widget_type=\"image.default\">\n\t\t\t\t<div class=\"elementor-widget-container\">\n\t\t\t\t\t\t\t\t\t\t\t\t<figure class=\"wp-caption\">\n\t\t\t\t\t\t\t\t\t\t<img loading=\"lazy\" decoding=\"async\" width=\"768\" height=\"512\" src=\"https:\/\/www.elturistatranquil.com\/wp-content\/uploads\/F64-Castillo-de-Calatrava-la-Nueva.jpg\" class=\"attachment-large size-large wp-image-27056\" alt=\"Castillo de Calatrava la Nueva\" srcset=\"https:\/\/www.elturistatranquil.com\/wp-content\/uploads\/F64-Castillo-de-Calatrava-la-Nueva.jpg 768w, https:\/\/www.elturistatranquil.com\/wp-content\/uploads\/F64-Castillo-de-Calatrava-la-Nueva-339x226.jpg 339w\" sizes=\"(max-width: 768px) 100vw, 768px\" \/>\t\t\t\t\t\t\t\t\t\t\t<figcaption class=\"widget-image-caption wp-caption-text\"><\/figcaption>\n\t\t\t\t\t\t\t\t\t\t<\/figure>\n\t\t\t\t\t\t\t\t\t<\/div>\n\t\t\t\t<\/div>\n\t\t\t\t<section class=\"elementor-section elementor-inner-section elementor-element elementor-element-325b27b elementor-section-boxed elementor-section-height-default elementor-section-height-default\" data-id=\"325b27b\" data-element_type=\"section\" data-e-type=\"section\">\n\t\t\t\t\t\t<div class=\"elementor-container elementor-column-gap-default\">\n\t\t\t\t\t<div class=\"elementor-column elementor-col-50 elementor-inner-column elementor-element elementor-element-c3ab9b4\" data-id=\"c3ab9b4\" data-element_type=\"column\" data-e-type=\"column\">\n\t\t\t<div class=\"elementor-widget-wrap elementor-element-populated\">\n\t\t\t\t\t\t<div class=\"elementor-element elementor-element-f7342c1 elementor-widget elementor-widget-image\" data-id=\"f7342c1\" data-element_type=\"widget\" data-e-type=\"widget\" data-widget_type=\"image.default\">\n\t\t\t\t<div class=\"elementor-widget-container\">\n\t\t\t\t\t\t\t\t\t\t\t\t\t\t\t<img loading=\"lazy\" decoding=\"async\" width=\"395\" height=\"527\" src=\"https:\/\/www.elturistatranquil.com\/wp-content\/uploads\/F65m-Castillo-de-Calatrava-la-Nueva.jpg\" class=\"attachment-large size-large wp-image-27060\" alt=\"Castillo de Calatrava la Nueva\" srcset=\"https:\/\/www.elturistatranquil.com\/wp-content\/uploads\/F65m-Castillo-de-Calatrava-la-Nueva.jpg 395w, https:\/\/www.elturistatranquil.com\/wp-content\/uploads\/F65m-Castillo-de-Calatrava-la-Nueva-169x226.jpg 169w\" sizes=\"(max-width: 395px) 100vw, 395px\" \/>\t\t\t\t\t\t\t\t\t\t\t\t\t\t\t<\/div>\n\t\t\t\t<\/div>\n\t\t\t\t\t<\/div>\n\t\t<\/div>\n\t\t\t\t<div class=\"elementor-column elementor-col-50 elementor-inner-column elementor-element elementor-element-3a7d5d9\" data-id=\"3a7d5d9\" data-element_type=\"column\" data-e-type=\"column\">\n\t\t\t<div class=\"elementor-widget-wrap elementor-element-populated\">\n\t\t\t\t\t\t<div class=\"elementor-element elementor-element-367919f elementor-widget elementor-widget-image\" data-id=\"367919f\" data-element_type=\"widget\" data-e-type=\"widget\" data-widget_type=\"image.default\">\n\t\t\t\t<div class=\"elementor-widget-container\">\n\t\t\t\t\t\t\t\t\t\t\t\t\t\t\t<img loading=\"lazy\" decoding=\"async\" width=\"395\" height=\"527\" src=\"https:\/\/www.elturistatranquil.com\/wp-content\/uploads\/F65n-Castillo-de-Calatrava-la-Nueva.jpg\" class=\"attachment-large size-large wp-image-27062\" alt=\"Castillo de Calatrava la Nueva\" srcset=\"https:\/\/www.elturistatranquil.com\/wp-content\/uploads\/F65n-Castillo-de-Calatrava-la-Nueva.jpg 395w, https:\/\/www.elturistatranquil.com\/wp-content\/uploads\/F65n-Castillo-de-Calatrava-la-Nueva-169x226.jpg 169w\" sizes=\"(max-width: 395px) 100vw, 395px\" \/>\t\t\t\t\t\t\t\t\t\t\t\t\t\t\t<\/div>\n\t\t\t\t<\/div>\n\t\t\t\t\t<\/div>\n\t\t<\/div>\n\t\t\t\t\t<\/div>\n\t\t<\/section>\n\t\t\t\t<div class=\"elementor-element elementor-element-4ea57c3 elementor-widget elementor-widget-text-editor\" data-id=\"4ea57c3\" data-element_type=\"widget\" data-e-type=\"widget\" data-widget_type=\"text-editor.default\">\n\t\t\t\t<div class=\"elementor-widget-container\">\n\t\t\t\t\t\t\t\t\t<p>\u00a0<\/p><p>Pujant s&#8217;arriba a l&#8217;\u00faltim nivell, format actualment per diverses terrasses, a diferents nivells, que ocupen tot el sostre del Castell. En el seu moment havien estat ocupades per diferents estances, com el perfil dels murs permet deduir.<\/p>\t\t\t\t\t\t\t\t<\/div>\n\t\t\t\t<\/div>\n\t\t\t\t<div class=\"elementor-element elementor-element-25bc288 elementor-widget elementor-widget-image\" data-id=\"25bc288\" data-element_type=\"widget\" data-e-type=\"widget\" data-widget_type=\"image.default\">\n\t\t\t\t<div class=\"elementor-widget-container\">\n\t\t\t\t\t\t\t\t\t\t\t\t<figure class=\"wp-caption\">\n\t\t\t\t\t\t\t\t\t\t<img loading=\"lazy\" decoding=\"async\" width=\"768\" height=\"511\" src=\"https:\/\/www.elturistatranquil.com\/wp-content\/uploads\/F66-Castillo-de-Calatrava-la-Nueva.jpg\" class=\"attachment-large size-large wp-image-27074\" alt=\"Castillo de Calatrava la Nueva\" srcset=\"https:\/\/www.elturistatranquil.com\/wp-content\/uploads\/F66-Castillo-de-Calatrava-la-Nueva.jpg 768w, https:\/\/www.elturistatranquil.com\/wp-content\/uploads\/F66-Castillo-de-Calatrava-la-Nueva-339x226.jpg 339w\" sizes=\"(max-width: 768px) 100vw, 768px\" \/>\t\t\t\t\t\t\t\t\t\t\t<figcaption class=\"widget-image-caption wp-caption-text\"><\/figcaption>\n\t\t\t\t\t\t\t\t\t\t<\/figure>\n\t\t\t\t\t\t\t\t\t<\/div>\n\t\t\t\t<\/div>\n\t\t\t\t<div class=\"elementor-element elementor-element-44dc080 elementor-widget elementor-widget-image\" data-id=\"44dc080\" data-element_type=\"widget\" data-e-type=\"widget\" data-widget_type=\"image.default\">\n\t\t\t\t<div class=\"elementor-widget-container\">\n\t\t\t\t\t\t\t\t\t\t\t\t<figure class=\"wp-caption\">\n\t\t\t\t\t\t\t\t\t\t<img loading=\"lazy\" decoding=\"async\" width=\"768\" height=\"511\" src=\"https:\/\/www.elturistatranquil.com\/wp-content\/uploads\/F67-Castillo-de-Calatrava-la-Nueva.jpg\" class=\"attachment-large size-large wp-image-27076\" alt=\"Castillo de Calatrava la Nueva\" srcset=\"https:\/\/www.elturistatranquil.com\/wp-content\/uploads\/F67-Castillo-de-Calatrava-la-Nueva.jpg 768w, https:\/\/www.elturistatranquil.com\/wp-content\/uploads\/F67-Castillo-de-Calatrava-la-Nueva-339x226.jpg 339w\" sizes=\"(max-width: 768px) 100vw, 768px\" \/>\t\t\t\t\t\t\t\t\t\t\t<figcaption class=\"widget-image-caption wp-caption-text\"><\/figcaption>\n\t\t\t\t\t\t\t\t\t\t<\/figure>\n\t\t\t\t\t\t\t\t\t<\/div>\n\t\t\t\t<\/div>\n\t\t\t\t<div class=\"elementor-element elementor-element-5907a8d elementor-widget elementor-widget-image\" data-id=\"5907a8d\" data-element_type=\"widget\" data-e-type=\"widget\" data-widget_type=\"image.default\">\n\t\t\t\t<div class=\"elementor-widget-container\">\n\t\t\t\t\t\t\t\t\t\t\t\t<figure class=\"wp-caption\">\n\t\t\t\t\t\t\t\t\t\t<img loading=\"lazy\" decoding=\"async\" width=\"768\" height=\"511\" src=\"https:\/\/www.elturistatranquil.com\/wp-content\/uploads\/F68-Castillo-de-Calatrava-la-Nueva.jpg\" class=\"attachment-large size-large wp-image-27078\" alt=\"Castillo de Calatrava la Nueva\" srcset=\"https:\/\/www.elturistatranquil.com\/wp-content\/uploads\/F68-Castillo-de-Calatrava-la-Nueva.jpg 768w, https:\/\/www.elturistatranquil.com\/wp-content\/uploads\/F68-Castillo-de-Calatrava-la-Nueva-339x226.jpg 339w\" sizes=\"(max-width: 768px) 100vw, 768px\" \/>\t\t\t\t\t\t\t\t\t\t\t<figcaption class=\"widget-image-caption wp-caption-text\"><\/figcaption>\n\t\t\t\t\t\t\t\t\t\t<\/figure>\n\t\t\t\t\t\t\t\t\t<\/div>\n\t\t\t\t<\/div>\n\t\t\t\t<div class=\"elementor-element elementor-element-558631d elementor-widget elementor-widget-text-editor\" data-id=\"558631d\" data-element_type=\"widget\" data-e-type=\"widget\" data-widget_type=\"text-editor.default\">\n\t\t\t\t<div class=\"elementor-widget-container\">\n\t\t\t\t\t\t\t\t\t<p>Des de dalt de les torres es disposa, com \u00e9s l\u00f2gic, d&#8217;extraordin\u00e0ries vistes sobre el recinte de la fortificaci\u00f3 i sobre el territori.<\/p><p>Situats a la zona oest de les terrasses de l&#8217;edifici, de sud-oest a nord s&#8217;observa l&#8217;espai que ocupava Villavieja entre la tercera i segona muralla.<\/p><p>En la seq\u00fc\u00e8ncia de fotografies, primer, m\u00e9s enll\u00e0 del carrer dels Artesans, amb l&#8217;edifici del mol\u00ed de sang amb els seus arcs i l&#8217;edifici c\u00fabic que s&#8217;atribueixi a la fusteria.<\/p><p>A continuaci\u00f3, l&#8217;edifici del forn\/resid\u00e8ncia de treballadors, amb la Serra de Calatrava al fons.<\/p><p>A la tercera es veu la continuaci\u00f3 de la muralla exterior fins a l&#8217;extrem nord.<\/p><p>Ja cap al nord es visualitza la fa\u00e7ana de l&#8217;Esgl\u00e9sia i, als peus del mur del Castell, el Camp dels M\u00e0rtirs o Cementiri. Tamb\u00e9 es percep clarament com s&#8217;assenta el mur sobre el penyal.<\/p><p>Sempre amb domini visual sobre l&#8217;entorn.<\/p>\t\t\t\t\t\t\t\t<\/div>\n\t\t\t\t<\/div>\n\t\t\t\t<div class=\"elementor-element elementor-element-2d2c6b9 elementor-widget elementor-widget-image\" data-id=\"2d2c6b9\" data-element_type=\"widget\" data-e-type=\"widget\" data-widget_type=\"image.default\">\n\t\t\t\t<div class=\"elementor-widget-container\">\n\t\t\t\t\t\t\t\t\t\t\t\t<figure class=\"wp-caption\">\n\t\t\t\t\t\t\t\t\t\t<img loading=\"lazy\" decoding=\"async\" width=\"768\" height=\"512\" src=\"https:\/\/www.elturistatranquil.com\/wp-content\/uploads\/F69-Castillo-de-Calatrava-la-Nueva.jpg\" class=\"attachment-large size-large wp-image-27080\" alt=\"Castillo de Calatrava la Nueva\" srcset=\"https:\/\/www.elturistatranquil.com\/wp-content\/uploads\/F69-Castillo-de-Calatrava-la-Nueva.jpg 768w, https:\/\/www.elturistatranquil.com\/wp-content\/uploads\/F69-Castillo-de-Calatrava-la-Nueva-339x226.jpg 339w\" sizes=\"(max-width: 768px) 100vw, 768px\" \/>\t\t\t\t\t\t\t\t\t\t\t<figcaption class=\"widget-image-caption wp-caption-text\"><\/figcaption>\n\t\t\t\t\t\t\t\t\t\t<\/figure>\n\t\t\t\t\t\t\t\t\t<\/div>\n\t\t\t\t<\/div>\n\t\t\t\t<div class=\"elementor-element elementor-element-10691d8 elementor-widget elementor-widget-image\" data-id=\"10691d8\" data-element_type=\"widget\" data-e-type=\"widget\" data-widget_type=\"image.default\">\n\t\t\t\t<div class=\"elementor-widget-container\">\n\t\t\t\t\t\t\t\t\t\t\t\t<figure class=\"wp-caption\">\n\t\t\t\t\t\t\t\t\t\t<img loading=\"lazy\" decoding=\"async\" width=\"768\" height=\"511\" src=\"https:\/\/www.elturistatranquil.com\/wp-content\/uploads\/F70-Castillo-de-Calatrava-la-Nueva.jpg\" class=\"attachment-large size-large wp-image-27082\" alt=\"Castillo de Calatrava la Nueva\" srcset=\"https:\/\/www.elturistatranquil.com\/wp-content\/uploads\/F70-Castillo-de-Calatrava-la-Nueva.jpg 768w, https:\/\/www.elturistatranquil.com\/wp-content\/uploads\/F70-Castillo-de-Calatrava-la-Nueva-339x226.jpg 339w\" sizes=\"(max-width: 768px) 100vw, 768px\" \/>\t\t\t\t\t\t\t\t\t\t\t<figcaption class=\"widget-image-caption wp-caption-text\"><\/figcaption>\n\t\t\t\t\t\t\t\t\t\t<\/figure>\n\t\t\t\t\t\t\t\t\t<\/div>\n\t\t\t\t<\/div>\n\t\t\t\t<div class=\"elementor-element elementor-element-6276be0 elementor-widget elementor-widget-image\" data-id=\"6276be0\" data-element_type=\"widget\" data-e-type=\"widget\" data-widget_type=\"image.default\">\n\t\t\t\t<div class=\"elementor-widget-container\">\n\t\t\t\t\t\t\t\t\t\t\t\t<figure class=\"wp-caption\">\n\t\t\t\t\t\t\t\t\t\t<img loading=\"lazy\" decoding=\"async\" width=\"768\" height=\"512\" src=\"https:\/\/www.elturistatranquil.com\/wp-content\/uploads\/F71-Castillo-de-Calatrava-la-Nueva.jpg\" class=\"attachment-large size-large wp-image-27084\" alt=\"Castillo de Calatrava la Nueva\" srcset=\"https:\/\/www.elturistatranquil.com\/wp-content\/uploads\/F71-Castillo-de-Calatrava-la-Nueva.jpg 768w, https:\/\/www.elturistatranquil.com\/wp-content\/uploads\/F71-Castillo-de-Calatrava-la-Nueva-339x226.jpg 339w\" sizes=\"(max-width: 768px) 100vw, 768px\" \/>\t\t\t\t\t\t\t\t\t\t\t<figcaption class=\"widget-image-caption wp-caption-text\"><\/figcaption>\n\t\t\t\t\t\t\t\t\t\t<\/figure>\n\t\t\t\t\t\t\t\t\t<\/div>\n\t\t\t\t<\/div>\n\t\t\t\t<div class=\"elementor-element elementor-element-6fec279 elementor-widget elementor-widget-image\" data-id=\"6fec279\" data-element_type=\"widget\" data-e-type=\"widget\" data-widget_type=\"image.default\">\n\t\t\t\t<div class=\"elementor-widget-container\">\n\t\t\t\t\t\t\t\t\t\t\t\t<figure class=\"wp-caption\">\n\t\t\t\t\t\t\t\t\t\t<img loading=\"lazy\" decoding=\"async\" width=\"768\" height=\"512\" src=\"https:\/\/www.elturistatranquil.com\/wp-content\/uploads\/F72-Castillo-de-Calatrava-la-Nueva.jpg\" class=\"attachment-large size-large wp-image-27086\" alt=\"Castillo de Calatrava la Nueva\" srcset=\"https:\/\/www.elturistatranquil.com\/wp-content\/uploads\/F72-Castillo-de-Calatrava-la-Nueva.jpg 768w, https:\/\/www.elturistatranquil.com\/wp-content\/uploads\/F72-Castillo-de-Calatrava-la-Nueva-339x226.jpg 339w\" sizes=\"(max-width: 768px) 100vw, 768px\" \/>\t\t\t\t\t\t\t\t\t\t\t<figcaption class=\"widget-image-caption wp-caption-text\"><\/figcaption>\n\t\t\t\t\t\t\t\t\t\t<\/figure>\n\t\t\t\t\t\t\t\t\t<\/div>\n\t\t\t\t<\/div>\n\t\t\t\t<div class=\"elementor-element elementor-element-83bcf20 elementor-widget elementor-widget-text-editor\" data-id=\"83bcf20\" data-element_type=\"widget\" data-e-type=\"widget\" data-widget_type=\"text-editor.default\">\n\t\t\t\t<div class=\"elementor-widget-container\">\n\t\t\t\t\t\t\t\t\t<p>Despla\u00e7ant-se cap al costat est de l&#8217;edifici, en un recorregut visual de nord a sud, apareix en primer lloc l&#8217;Esgl\u00e9sia i en direcci\u00f3 nord-est la visual sobre el Campo de Calatrava, amb el poble de Calzada de Calatrava al centre, i el Castell de Salvatierra a l&#8217;altre costat del Port de Calatrava, per on transcorre la Ca\u00f1ada Real de las Vacas.<\/p><p>A la fotografia seg\u00fcent el mur central separa la zona d&#8217;acc\u00e9s al Castell de la zona conventual a la dreta. Una porta que no es veu aqu\u00ed comunicava tots dos \u00e0mbits. Per ella passarem el continuar el recorregut. La portalada visible \u00e9s la d&#8217;acc\u00e9s des del temple al claustre esmentada anteriorment.<\/p>\t\t\t\t\t\t\t\t<\/div>\n\t\t\t\t<\/div>\n\t\t\t\t<div class=\"elementor-element elementor-element-99d555e elementor-widget elementor-widget-image\" data-id=\"99d555e\" data-element_type=\"widget\" data-e-type=\"widget\" data-widget_type=\"image.default\">\n\t\t\t\t<div class=\"elementor-widget-container\">\n\t\t\t\t\t\t\t\t\t\t\t\t<figure class=\"wp-caption\">\n\t\t\t\t\t\t\t\t\t\t<img loading=\"lazy\" decoding=\"async\" width=\"768\" height=\"511\" src=\"https:\/\/www.elturistatranquil.com\/wp-content\/uploads\/F73-Castillo-de-Calatrava-la-Nueva.jpg\" class=\"attachment-large size-large wp-image-27088\" alt=\"Castillo de Calatrava la Nueva\" srcset=\"https:\/\/www.elturistatranquil.com\/wp-content\/uploads\/F73-Castillo-de-Calatrava-la-Nueva.jpg 768w, https:\/\/www.elturistatranquil.com\/wp-content\/uploads\/F73-Castillo-de-Calatrava-la-Nueva-339x226.jpg 339w\" sizes=\"(max-width: 768px) 100vw, 768px\" \/>\t\t\t\t\t\t\t\t\t\t\t<figcaption class=\"widget-image-caption wp-caption-text\"><\/figcaption>\n\t\t\t\t\t\t\t\t\t\t<\/figure>\n\t\t\t\t\t\t\t\t\t<\/div>\n\t\t\t\t<\/div>\n\t\t\t\t<div class=\"elementor-element elementor-element-8b12858 elementor-widget elementor-widget-image\" data-id=\"8b12858\" data-element_type=\"widget\" data-e-type=\"widget\" data-widget_type=\"image.default\">\n\t\t\t\t<div class=\"elementor-widget-container\">\n\t\t\t\t\t\t\t\t\t\t\t\t<figure class=\"wp-caption\">\n\t\t\t\t\t\t\t\t\t\t<img loading=\"lazy\" decoding=\"async\" width=\"768\" height=\"511\" src=\"https:\/\/www.elturistatranquil.com\/wp-content\/uploads\/F74-Castillo-de-Calatrava-la-Nueva.jpg\" class=\"attachment-large size-large wp-image-27090\" alt=\"Castillo de Calatrava la Nueva\" srcset=\"https:\/\/www.elturistatranquil.com\/wp-content\/uploads\/F74-Castillo-de-Calatrava-la-Nueva.jpg 768w, https:\/\/www.elturistatranquil.com\/wp-content\/uploads\/F74-Castillo-de-Calatrava-la-Nueva-339x226.jpg 339w\" sizes=\"(max-width: 768px) 100vw, 768px\" \/>\t\t\t\t\t\t\t\t\t\t\t<figcaption class=\"widget-image-caption wp-caption-text\"><\/figcaption>\n\t\t\t\t\t\t\t\t\t\t<\/figure>\n\t\t\t\t\t\t\t\t\t<\/div>\n\t\t\t\t<\/div>\n\t\t\t\t<div class=\"elementor-element elementor-element-beb4c93 elementor-widget elementor-widget-image\" data-id=\"beb4c93\" data-element_type=\"widget\" data-e-type=\"widget\" data-widget_type=\"image.default\">\n\t\t\t\t<div class=\"elementor-widget-container\">\n\t\t\t\t\t\t\t\t\t\t\t\t<figure class=\"wp-caption\">\n\t\t\t\t\t\t\t\t\t\t<img loading=\"lazy\" decoding=\"async\" width=\"768\" height=\"511\" src=\"https:\/\/www.elturistatranquil.com\/wp-content\/uploads\/F75-Castillo-de-Calatrava-la-Nueva.jpg\" class=\"attachment-large size-large wp-image-27092\" alt=\"Castillo de Calatrava la Nueva\" srcset=\"https:\/\/www.elturistatranquil.com\/wp-content\/uploads\/F75-Castillo-de-Calatrava-la-Nueva.jpg 768w, https:\/\/www.elturistatranquil.com\/wp-content\/uploads\/F75-Castillo-de-Calatrava-la-Nueva-339x226.jpg 339w\" sizes=\"(max-width: 768px) 100vw, 768px\" \/>\t\t\t\t\t\t\t\t\t\t\t<figcaption class=\"widget-image-caption wp-caption-text\"><\/figcaption>\n\t\t\t\t\t\t\t\t\t\t<\/figure>\n\t\t\t\t\t\t\t\t\t<\/div>\n\t\t\t\t<\/div>\n\t\t\t\t<div class=\"elementor-element elementor-element-0caa5b0 elementor-widget elementor-widget-text-editor\" data-id=\"0caa5b0\" data-element_type=\"widget\" data-e-type=\"widget\" data-widget_type=\"text-editor.default\">\n\t\t\t\t<div class=\"elementor-widget-container\">\n\t\t\t\t\t\t\t\t\t<p>Al sud es veu el pas per la Serra de Puertollano, amb Sierra Morena al fons.<\/p><p>Sobre la zona sud de la segona muralla s&#8217;observa perfectament el cam\u00ed de ronda.<\/p>\t\t\t\t\t\t\t\t<\/div>\n\t\t\t\t<\/div>\n\t\t\t\t<div class=\"elementor-element elementor-element-2d3c0c3 elementor-widget elementor-widget-image\" data-id=\"2d3c0c3\" data-element_type=\"widget\" data-e-type=\"widget\" data-widget_type=\"image.default\">\n\t\t\t\t<div class=\"elementor-widget-container\">\n\t\t\t\t\t\t\t\t\t\t\t\t<figure class=\"wp-caption\">\n\t\t\t\t\t\t\t\t\t\t<img loading=\"lazy\" decoding=\"async\" width=\"768\" height=\"511\" src=\"https:\/\/www.elturistatranquil.com\/wp-content\/uploads\/F76-Castillo-de-Calatrava-la-Nueva.jpg\" class=\"attachment-large size-large wp-image-27094\" alt=\"Castillo de Calatrava la Nueva\" srcset=\"https:\/\/www.elturistatranquil.com\/wp-content\/uploads\/F76-Castillo-de-Calatrava-la-Nueva.jpg 768w, https:\/\/www.elturistatranquil.com\/wp-content\/uploads\/F76-Castillo-de-Calatrava-la-Nueva-339x226.jpg 339w\" sizes=\"(max-width: 768px) 100vw, 768px\" \/>\t\t\t\t\t\t\t\t\t\t\t<figcaption class=\"widget-image-caption wp-caption-text\"><\/figcaption>\n\t\t\t\t\t\t\t\t\t\t<\/figure>\n\t\t\t\t\t\t\t\t\t<\/div>\n\t\t\t\t<\/div>\n\t\t\t\t<div class=\"elementor-element elementor-element-dd2a2cd elementor-widget elementor-widget-image\" data-id=\"dd2a2cd\" data-element_type=\"widget\" data-e-type=\"widget\" data-widget_type=\"image.default\">\n\t\t\t\t<div class=\"elementor-widget-container\">\n\t\t\t\t\t\t\t\t\t\t\t\t<figure class=\"wp-caption\">\n\t\t\t\t\t\t\t\t\t\t<img loading=\"lazy\" decoding=\"async\" width=\"768\" height=\"512\" src=\"https:\/\/www.elturistatranquil.com\/wp-content\/uploads\/F77-Castillo-de-Calatrava-la-Nueva.jpg\" class=\"attachment-large size-large wp-image-27096\" alt=\"Castillo de Calatrava la Nueva\" srcset=\"https:\/\/www.elturistatranquil.com\/wp-content\/uploads\/F77-Castillo-de-Calatrava-la-Nueva.jpg 768w, https:\/\/www.elturistatranquil.com\/wp-content\/uploads\/F77-Castillo-de-Calatrava-la-Nueva-339x226.jpg 339w\" sizes=\"(max-width: 768px) 100vw, 768px\" \/>\t\t\t\t\t\t\t\t\t\t\t<figcaption class=\"widget-image-caption wp-caption-text\"><\/figcaption>\n\t\t\t\t\t\t\t\t\t\t<\/figure>\n\t\t\t\t\t\t\t\t\t<\/div>\n\t\t\t\t<\/div>\n\t\t\t\t<div class=\"elementor-element elementor-element-93d5bdf elementor-widget elementor-widget-text-editor\" data-id=\"93d5bdf\" data-element_type=\"widget\" data-e-type=\"widget\" data-widget_type=\"text-editor.default\">\n\t\t\t\t<div class=\"elementor-widget-container\">\n\t\t\t\t\t\t\t\t\t<p>Es descendeix cap a la sortida a trav\u00e9s de nou del pati d&#8217;armes.<\/p>\t\t\t\t\t\t\t\t<\/div>\n\t\t\t\t<\/div>\n\t\t\t\t<div class=\"elementor-element elementor-element-6c2ffd0 elementor-widget elementor-widget-menu-anchor\" data-id=\"6c2ffd0\" data-element_type=\"widget\" data-e-type=\"widget\" data-widget_type=\"menu-anchor.default\">\n\t\t\t\t<div class=\"elementor-widget-container\">\n\t\t\t\t\t\t\t<div class=\"elementor-menu-anchor\" id=\"b4113\"><\/div>\n\t\t\t\t\t\t<\/div>\n\t\t\t\t<\/div>\n\t\t\t\t<div class=\"elementor-element elementor-element-939f569 elementor-widget elementor-widget-image\" data-id=\"939f569\" data-element_type=\"widget\" data-e-type=\"widget\" data-widget_type=\"image.default\">\n\t\t\t\t<div class=\"elementor-widget-container\">\n\t\t\t\t\t\t\t\t\t\t\t\t<figure class=\"wp-caption\">\n\t\t\t\t\t\t\t\t\t\t<img loading=\"lazy\" decoding=\"async\" width=\"768\" height=\"511\" src=\"https:\/\/www.elturistatranquil.com\/wp-content\/uploads\/F78-Castillo-de-Calatrava-la-Nueva.jpg\" class=\"attachment-large size-large wp-image-27098\" alt=\"Castillo de Calatrava la Nueva\" srcset=\"https:\/\/www.elturistatranquil.com\/wp-content\/uploads\/F78-Castillo-de-Calatrava-la-Nueva.jpg 768w, https:\/\/www.elturistatranquil.com\/wp-content\/uploads\/F78-Castillo-de-Calatrava-la-Nueva-339x226.jpg 339w\" sizes=\"(max-width: 768px) 100vw, 768px\" \/>\t\t\t\t\t\t\t\t\t\t\t<figcaption class=\"widget-image-caption wp-caption-text\"><\/figcaption>\n\t\t\t\t\t\t\t\t\t\t<\/figure>\n\t\t\t\t\t\t\t\t\t<\/div>\n\t\t\t\t<\/div>\n\t\t\t\t<div class=\"elementor-element elementor-element-a2cb485 elementor-widget elementor-widget-heading\" data-id=\"a2cb485\" data-element_type=\"widget\" data-e-type=\"widget\" data-widget_type=\"heading.default\">\n\t\t\t\t<div class=\"elementor-widget-container\">\n\t\t\t\t\t<h3 class=\"elementor-heading-title elementor-size-default\">El recinte conventual<\/h3>\t\t\t\t<\/div>\n\t\t\t\t<\/div>\n\t\t\t\t<div class=\"elementor-element elementor-element-5f2e216 elementor-widget elementor-widget-text-editor\" data-id=\"5f2e216\" data-element_type=\"widget\" data-e-type=\"widget\" data-widget_type=\"text-editor.default\">\n\t\t\t\t<div class=\"elementor-widget-container\">\n\t\t\t\t\t\t\t\t\t<p>Al tornar a l&#8217;entrada al Castell (<strong>18<\/strong>), la porta d&#8217;arc de ma\u00f3 en el mur de la dreta d\u00f3na acc\u00e9s al <strong>recinte conventual<\/strong>, entrant pel que va ser el claustre.<\/p>\t\t\t\t\t\t\t\t<\/div>\n\t\t\t\t<\/div>\n\t\t\t\t<div class=\"elementor-element elementor-element-97abe98 elementor-widget elementor-widget-image\" data-id=\"97abe98\" data-element_type=\"widget\" data-e-type=\"widget\" data-widget_type=\"image.default\">\n\t\t\t\t<div class=\"elementor-widget-container\">\n\t\t\t\t\t\t\t\t\t\t\t\t<figure class=\"wp-caption\">\n\t\t\t\t\t\t\t\t\t\t<img loading=\"lazy\" decoding=\"async\" width=\"768\" height=\"512\" src=\"https:\/\/www.elturistatranquil.com\/wp-content\/uploads\/F79-Castillo-de-Calatrava-la-Nueva.jpg\" class=\"attachment-large size-large wp-image-27100\" alt=\"Castillo de Calatrava la Nueva\" srcset=\"https:\/\/www.elturistatranquil.com\/wp-content\/uploads\/F79-Castillo-de-Calatrava-la-Nueva.jpg 768w, https:\/\/www.elturistatranquil.com\/wp-content\/uploads\/F79-Castillo-de-Calatrava-la-Nueva-339x226.jpg 339w\" sizes=\"(max-width: 768px) 100vw, 768px\" \/>\t\t\t\t\t\t\t\t\t\t\t<figcaption class=\"widget-image-caption wp-caption-text\"><\/figcaption>\n\t\t\t\t\t\t\t\t\t\t<\/figure>\n\t\t\t\t\t\t\t\t\t<\/div>\n\t\t\t\t<\/div>\n\t\t\t\t<div class=\"elementor-element elementor-element-2d545b3 elementor-widget elementor-widget-text-editor\" data-id=\"2d545b3\" data-element_type=\"widget\" data-e-type=\"widget\" data-widget_type=\"text-editor.default\">\n\t\t\t\t<div class=\"elementor-widget-container\">\n\t\t\t\t\t\t\t\t\t<p>Ja he dit que des de l&#8217;Esgl\u00e9sia s&#8217;accedia a la zona conventual a trav\u00e9s del <strong>claustre<\/strong> (<strong>21<\/strong>). amb forma de romboide. Est\u00e0 situat, doncs, al sud de l&#8217;Esgl\u00e9sia.<\/p><p>Del mateix, nom\u00e9s s&#8217;han salvat les arrencades de maons dels arcs de la seva planta baixa corresponents a les reformes de el segle XVIII.<\/p>\t\t\t\t\t\t\t\t<\/div>\n\t\t\t\t<\/div>\n\t\t\t\t<div class=\"elementor-element elementor-element-769ca96 elementor-widget elementor-widget-image\" data-id=\"769ca96\" data-element_type=\"widget\" data-e-type=\"widget\" data-widget_type=\"image.default\">\n\t\t\t\t<div class=\"elementor-widget-container\">\n\t\t\t\t\t\t\t\t\t\t\t\t<figure class=\"wp-caption\">\n\t\t\t\t\t\t\t\t\t\t<img loading=\"lazy\" decoding=\"async\" width=\"768\" height=\"512\" src=\"https:\/\/www.elturistatranquil.com\/wp-content\/uploads\/F80-Castillo-de-Calatrava-la-Nueva.jpg\" class=\"attachment-large size-large wp-image-27102\" alt=\"Castillo de Calatrava la Nueva\" srcset=\"https:\/\/www.elturistatranquil.com\/wp-content\/uploads\/F80-Castillo-de-Calatrava-la-Nueva.jpg 768w, https:\/\/www.elturistatranquil.com\/wp-content\/uploads\/F80-Castillo-de-Calatrava-la-Nueva-339x226.jpg 339w\" sizes=\"(max-width: 768px) 100vw, 768px\" \/>\t\t\t\t\t\t\t\t\t\t\t<figcaption class=\"widget-image-caption wp-caption-text\"><\/figcaption>\n\t\t\t\t\t\t\t\t\t\t<\/figure>\n\t\t\t\t\t\t\t\t\t<\/div>\n\t\t\t\t<\/div>\n\t\t\t\t<div class=\"elementor-element elementor-element-c485e20 elementor-widget elementor-widget-text-editor\" data-id=\"c485e20\" data-element_type=\"widget\" data-e-type=\"widget\" data-widget_type=\"text-editor.default\">\n\t\t\t\t<div class=\"elementor-widget-container\">\n\t\t\t\t\t\t\t\t\t<p>Al voltant del claustre s&#8217;organitzaven les principals depend\u00e8ncies del convent<\/p><p>Sota el costat nord del claustre es situava l&#8217;aljub principal. A la cantonada nord-oest s&#8217;aixeca la Torre de la Vela, amb el Campanar\/Torre del Rellotge. Per all\u00e0 es pujava a la planta superior del claustre, on es trobava la biblioteca i la infermeria del convent. Amb el temps aquesta part va ser sotmesa a importants remodelacions.<\/p><p>Al lateral est es troba la <strong>Sala capitular<\/strong> (<strong>22<\/strong>), sala m\u00e9s important despr\u00e9s de l&#8217;Esgl\u00e9sia, com a lloc de reuni\u00f3 dels cavallers de l&#8217;Ordre, i presidides pel Gran Mestre.<\/p>\t\t\t\t\t\t\t\t<\/div>\n\t\t\t\t<\/div>\n\t\t\t\t<div class=\"elementor-element elementor-element-dc1b246 elementor-widget elementor-widget-image\" data-id=\"dc1b246\" data-element_type=\"widget\" data-e-type=\"widget\" data-widget_type=\"image.default\">\n\t\t\t\t<div class=\"elementor-widget-container\">\n\t\t\t\t\t\t\t\t\t\t\t\t<figure class=\"wp-caption\">\n\t\t\t\t\t\t\t\t\t\t<img loading=\"lazy\" decoding=\"async\" width=\"768\" height=\"512\" src=\"https:\/\/www.elturistatranquil.com\/wp-content\/uploads\/F81-Castillo-de-Calatrava-la-Nueva.jpg\" class=\"attachment-large size-large wp-image-27104\" alt=\"Castillo de Calatrava la Nueva\" srcset=\"https:\/\/www.elturistatranquil.com\/wp-content\/uploads\/F81-Castillo-de-Calatrava-la-Nueva.jpg 768w, https:\/\/www.elturistatranquil.com\/wp-content\/uploads\/F81-Castillo-de-Calatrava-la-Nueva-339x226.jpg 339w\" sizes=\"(max-width: 768px) 100vw, 768px\" \/>\t\t\t\t\t\t\t\t\t\t\t<figcaption class=\"widget-image-caption wp-caption-text\"><\/figcaption>\n\t\t\t\t\t\t\t\t\t\t<\/figure>\n\t\t\t\t\t\t\t\t\t<\/div>\n\t\t\t\t<\/div>\n\t\t\t\t<div class=\"elementor-element elementor-element-c8972f8 elementor-widget elementor-widget-image\" data-id=\"c8972f8\" data-element_type=\"widget\" data-e-type=\"widget\" data-widget_type=\"image.default\">\n\t\t\t\t<div class=\"elementor-widget-container\">\n\t\t\t\t\t\t\t\t\t\t\t\t<figure class=\"wp-caption\">\n\t\t\t\t\t\t\t\t\t\t<img loading=\"lazy\" decoding=\"async\" width=\"768\" height=\"511\" src=\"https:\/\/www.elturistatranquil.com\/wp-content\/uploads\/F82-Castillo-de-Calatrava-la-Nueva.jpg\" class=\"attachment-large size-large wp-image-27106\" alt=\"Castillo de Calatrava la Nueva\" srcset=\"https:\/\/www.elturistatranquil.com\/wp-content\/uploads\/F82-Castillo-de-Calatrava-la-Nueva.jpg 768w, https:\/\/www.elturistatranquil.com\/wp-content\/uploads\/F82-Castillo-de-Calatrava-la-Nueva-339x226.jpg 339w\" sizes=\"(max-width: 768px) 100vw, 768px\" \/>\t\t\t\t\t\t\t\t\t\t\t<figcaption class=\"widget-image-caption wp-caption-text\"><\/figcaption>\n\t\t\t\t\t\t\t\t\t\t<\/figure>\n\t\t\t\t\t\t\t\t\t<\/div>\n\t\t\t\t<\/div>\n\t\t\t\t<div class=\"elementor-element elementor-element-094201f elementor-widget elementor-widget-text-editor\" data-id=\"094201f\" data-element_type=\"widget\" data-e-type=\"widget\" data-widget_type=\"text-editor.default\">\n\t\t\t\t<div class=\"elementor-widget-container\">\n\t\t\t\t\t\t\t\t\t<p>Contigu a la Sala Capitular havia el calefactori, que era una habitaci\u00f3 amb una llar de foc, el pati i la sala del Parlatori, lloc on es permetia parlar als freires. D&#8217;all\u00e0 partia en direcci\u00f3 sud-est els dormitoris.<\/p><p>La zona sud del claustre estava destinada al <strong>Refetor i les cuines<\/strong> (<strong>23<\/strong>), de les quals nom\u00e9s queden els per\u00edmetres i ru\u00efnes, com s&#8217;aprecia en la part baixa de la fotografia.<\/p>\t\t\t\t\t\t\t\t<\/div>\n\t\t\t\t<\/div>\n\t\t\t\t<div class=\"elementor-element elementor-element-7a3ea77 elementor-widget elementor-widget-image\" data-id=\"7a3ea77\" data-element_type=\"widget\" data-e-type=\"widget\" data-widget_type=\"image.default\">\n\t\t\t\t<div class=\"elementor-widget-container\">\n\t\t\t\t\t\t\t\t\t\t\t\t<figure class=\"wp-caption\">\n\t\t\t\t\t\t\t\t\t\t<img loading=\"lazy\" decoding=\"async\" width=\"768\" height=\"512\" src=\"https:\/\/www.elturistatranquil.com\/wp-content\/uploads\/F83a-Castillo-de-Calatrava-la-Nueva.jpg\" class=\"attachment-large size-large wp-image-27108\" alt=\"Castillo de Calatrava la Nueva\" srcset=\"https:\/\/www.elturistatranquil.com\/wp-content\/uploads\/F83a-Castillo-de-Calatrava-la-Nueva.jpg 768w, https:\/\/www.elturistatranquil.com\/wp-content\/uploads\/F83a-Castillo-de-Calatrava-la-Nueva-339x226.jpg 339w\" sizes=\"(max-width: 768px) 100vw, 768px\" \/>\t\t\t\t\t\t\t\t\t\t\t<figcaption class=\"widget-image-caption wp-caption-text\"><\/figcaption>\n\t\t\t\t\t\t\t\t\t\t<\/figure>\n\t\t\t\t\t\t\t\t\t<\/div>\n\t\t\t\t<\/div>\n\t\t\t\t<div class=\"elementor-element elementor-element-9bf6c2b elementor-widget elementor-widget-image\" data-id=\"9bf6c2b\" data-element_type=\"widget\" data-e-type=\"widget\" data-widget_type=\"image.default\">\n\t\t\t\t<div class=\"elementor-widget-container\">\n\t\t\t\t\t\t\t\t\t\t\t\t<figure class=\"wp-caption\">\n\t\t\t\t\t\t\t\t\t\t<img loading=\"lazy\" decoding=\"async\" width=\"768\" height=\"512\" src=\"https:\/\/www.elturistatranquil.com\/wp-content\/uploads\/F83b-Castillo-de-Calatrava-la-Nueva.jpg\" class=\"attachment-large size-large wp-image-27110\" alt=\"Castillo de Calatrava la Nueva\" srcset=\"https:\/\/www.elturistatranquil.com\/wp-content\/uploads\/F83b-Castillo-de-Calatrava-la-Nueva.jpg 768w, https:\/\/www.elturistatranquil.com\/wp-content\/uploads\/F83b-Castillo-de-Calatrava-la-Nueva-339x226.jpg 339w\" sizes=\"(max-width: 768px) 100vw, 768px\" \/>\t\t\t\t\t\t\t\t\t\t\t<figcaption class=\"widget-image-caption wp-caption-text\"><\/figcaption>\n\t\t\t\t\t\t\t\t\t\t<\/figure>\n\t\t\t\t\t\t\t\t\t<\/div>\n\t\t\t\t<\/div>\n\t\t\t\t<div class=\"elementor-element elementor-element-a6f8d45 elementor-widget elementor-widget-text-editor\" data-id=\"a6f8d45\" data-element_type=\"widget\" data-e-type=\"widget\" data-widget_type=\"text-editor.default\">\n\t\t\t\t<div class=\"elementor-widget-container\">\n\t\t\t\t\t\t\t\t\t<p>En el cam\u00ed vers els dormitoris, a la dreta una \u00e0mplia escala (<strong>6<\/strong>) portava al Pati de Convent o Pati principal de l&#8217;entrada. Com ja hav\u00edem vist (<strong>4<\/strong>), enlla\u00e7a directament la sortida amb la zona conventual, passant pel lateral del refectori i la cuina, que resta sobre l&#8217;edifici del primer pla en la fotografia.<\/p>\t\t\t\t\t\t\t\t<\/div>\n\t\t\t\t<\/div>\n\t\t\t\t<div class=\"elementor-element elementor-element-7ccdf8d elementor-widget elementor-widget-image\" data-id=\"7ccdf8d\" data-element_type=\"widget\" data-e-type=\"widget\" data-widget_type=\"image.default\">\n\t\t\t\t<div class=\"elementor-widget-container\">\n\t\t\t\t\t\t\t\t\t\t\t\t<figure class=\"wp-caption\">\n\t\t\t\t\t\t\t\t\t\t<img loading=\"lazy\" decoding=\"async\" width=\"768\" height=\"512\" src=\"https:\/\/www.elturistatranquil.com\/wp-content\/uploads\/F84-Castillo-de-Calatrava-la-Nueva.jpg\" class=\"attachment-large size-large wp-image-27112\" alt=\"\" srcset=\"https:\/\/www.elturistatranquil.com\/wp-content\/uploads\/F84-Castillo-de-Calatrava-la-Nueva.jpg 768w, https:\/\/www.elturistatranquil.com\/wp-content\/uploads\/F84-Castillo-de-Calatrava-la-Nueva-339x226.jpg 339w\" sizes=\"(max-width: 768px) 100vw, 768px\" \/>\t\t\t\t\t\t\t\t\t\t\t<figcaption class=\"widget-image-caption wp-caption-text\"><\/figcaption>\n\t\t\t\t\t\t\t\t\t\t<\/figure>\n\t\t\t\t\t\t\t\t\t<\/div>\n\t\t\t\t<\/div>\n\t\t\t\t<div class=\"elementor-element elementor-element-a685fa0 elementor-widget elementor-widget-text-editor\" data-id=\"a685fa0\" data-element_type=\"widget\" data-e-type=\"widget\" data-widget_type=\"text-editor.default\">\n\t\t\t\t<div class=\"elementor-widget-container\">\n\t\t\t\t\t\t\t\t\t<p>A continuaci\u00f3, s&#8217;accedia al dormitori situat sobre la nau d&#8217;entrada, o cavallerisses (<strong>3 superior<\/strong>) d&#8217;entrada per la Porta de Ferro, amb vint estances per religiosos, segons sembla en dos nivells amb deu dormitoris per planta.<\/p>\t\t\t\t\t\t\t\t<\/div>\n\t\t\t\t<\/div>\n\t\t\t\t<div class=\"elementor-element elementor-element-fa2bdd1 elementor-widget elementor-widget-image\" data-id=\"fa2bdd1\" data-element_type=\"widget\" data-e-type=\"widget\" data-widget_type=\"image.default\">\n\t\t\t\t<div class=\"elementor-widget-container\">\n\t\t\t\t\t\t\t\t\t\t\t\t<figure class=\"wp-caption\">\n\t\t\t\t\t\t\t\t\t\t<img loading=\"lazy\" decoding=\"async\" width=\"768\" height=\"512\" src=\"https:\/\/www.elturistatranquil.com\/wp-content\/uploads\/F85-Castillo-de-Calatrava-la-Nueva.jpg\" class=\"attachment-large size-large wp-image-27114\" alt=\"Castillo de Calatrava la Nueva\" srcset=\"https:\/\/www.elturistatranquil.com\/wp-content\/uploads\/F85-Castillo-de-Calatrava-la-Nueva.jpg 768w, https:\/\/www.elturistatranquil.com\/wp-content\/uploads\/F85-Castillo-de-Calatrava-la-Nueva-339x226.jpg 339w\" sizes=\"(max-width: 768px) 100vw, 768px\" \/>\t\t\t\t\t\t\t\t\t\t\t<figcaption class=\"widget-image-caption wp-caption-text\"><\/figcaption>\n\t\t\t\t\t\t\t\t\t\t<\/figure>\n\t\t\t\t\t\t\t\t\t<\/div>\n\t\t\t\t<\/div>\n\t\t\t\t<div class=\"elementor-element elementor-element-5fc7f65 elementor-widget elementor-widget-text-editor\" data-id=\"5fc7f65\" data-element_type=\"widget\" data-e-type=\"widget\" data-widget_type=\"text-editor.default\">\n\t\t\t\t<div class=\"elementor-widget-container\">\n\t\t\t\t\t\t\t\t\t<p>A l&#8217;extrem nord de la nau de dormitoris una esvelta obertura se situa sobre la Porta de Ferro.<\/p>\t\t\t\t\t\t\t\t<\/div>\n\t\t\t\t<\/div>\n\t\t\t\t<div class=\"elementor-element elementor-element-dc00655 elementor-widget elementor-widget-image\" data-id=\"dc00655\" data-element_type=\"widget\" data-e-type=\"widget\" data-widget_type=\"image.default\">\n\t\t\t\t<div class=\"elementor-widget-container\">\n\t\t\t\t\t\t\t\t\t\t\t\t<figure class=\"wp-caption\">\n\t\t\t\t\t\t\t\t\t\t<img loading=\"lazy\" decoding=\"async\" width=\"768\" height=\"512\" src=\"https:\/\/www.elturistatranquil.com\/wp-content\/uploads\/F86-Castillo-de-Calatrava-la-Nueva.jpg\" class=\"attachment-large size-large wp-image-27116\" alt=\"Castillo de Calatrava la Nueva\" srcset=\"https:\/\/www.elturistatranquil.com\/wp-content\/uploads\/F86-Castillo-de-Calatrava-la-Nueva.jpg 768w, https:\/\/www.elturistatranquil.com\/wp-content\/uploads\/F86-Castillo-de-Calatrava-la-Nueva-339x226.jpg 339w\" sizes=\"(max-width: 768px) 100vw, 768px\" \/>\t\t\t\t\t\t\t\t\t\t\t<figcaption class=\"widget-image-caption wp-caption-text\"><\/figcaption>\n\t\t\t\t\t\t\t\t\t\t<\/figure>\n\t\t\t\t\t\t\t\t\t<\/div>\n\t\t\t\t<\/div>\n\t\t\t\t<div class=\"elementor-element elementor-element-3d18ac1 elementor-widget elementor-widget-image\" data-id=\"3d18ac1\" data-element_type=\"widget\" data-e-type=\"widget\" data-widget_type=\"image.default\">\n\t\t\t\t<div class=\"elementor-widget-container\">\n\t\t\t\t\t\t\t\t\t\t\t\t<figure class=\"wp-caption\">\n\t\t\t\t\t\t\t\t\t\t<img loading=\"lazy\" decoding=\"async\" width=\"768\" height=\"512\" src=\"https:\/\/www.elturistatranquil.com\/wp-content\/uploads\/F87-Castillo-de-Calatrava-la-Nueva.jpg\" class=\"attachment-large size-large wp-image-27118\" alt=\"Castillo de Calatrava la Nueva\" srcset=\"https:\/\/www.elturistatranquil.com\/wp-content\/uploads\/F87-Castillo-de-Calatrava-la-Nueva.jpg 768w, https:\/\/www.elturistatranquil.com\/wp-content\/uploads\/F87-Castillo-de-Calatrava-la-Nueva-339x226.jpg 339w\" sizes=\"(max-width: 768px) 100vw, 768px\" \/>\t\t\t\t\t\t\t\t\t\t\t<figcaption class=\"widget-image-caption wp-caption-text\"><\/figcaption>\n\t\t\t\t\t\t\t\t\t\t<\/figure>\n\t\t\t\t\t\t\t\t\t<\/div>\n\t\t\t\t<\/div>\n\t\t\t\t<div class=\"elementor-element elementor-element-4dedc49 elementor-widget elementor-widget-text-editor\" data-id=\"4dedc49\" data-element_type=\"widget\" data-e-type=\"widget\" data-widget_type=\"text-editor.default\">\n\t\t\t\t<div class=\"elementor-widget-container\">\n\t\t\t\t\t\t\t\t\t<p>La porta del fons a la dreta de la fotografia anterior donava acc\u00e9s a l\u2019Hostatgeria Alta, situada sobre les depend\u00e8ncies de l&#8217;entrada (<strong>5 superior<\/strong>). Les ru\u00efnes que continuen haurien de constituir l\u2019Hostatgeria Baixa. Sobre el sostre s&#8217;han senyalitzat la base de les parets d&#8217;aquestes habitacions.<\/p>\t\t\t\t\t\t\t\t<\/div>\n\t\t\t\t<\/div>\n\t\t\t\t<div class=\"elementor-element elementor-element-0fb3543 elementor-widget elementor-widget-image\" data-id=\"0fb3543\" data-element_type=\"widget\" data-e-type=\"widget\" data-widget_type=\"image.default\">\n\t\t\t\t<div class=\"elementor-widget-container\">\n\t\t\t\t\t\t\t\t\t\t\t\t<figure class=\"wp-caption\">\n\t\t\t\t\t\t\t\t\t\t<img loading=\"lazy\" decoding=\"async\" width=\"768\" height=\"511\" src=\"https:\/\/www.elturistatranquil.com\/wp-content\/uploads\/F88-Castillo-de-Calatrava-la-Nueva.jpg\" class=\"attachment-large size-large wp-image-27120\" alt=\"Castillo de Calatrava la Nueva\" srcset=\"https:\/\/www.elturistatranquil.com\/wp-content\/uploads\/F88-Castillo-de-Calatrava-la-Nueva.jpg 768w, https:\/\/www.elturistatranquil.com\/wp-content\/uploads\/F88-Castillo-de-Calatrava-la-Nueva-339x226.jpg 339w\" sizes=\"(max-width: 768px) 100vw, 768px\" \/>\t\t\t\t\t\t\t\t\t\t\t<figcaption class=\"widget-image-caption wp-caption-text\"><\/figcaption>\n\t\t\t\t\t\t\t\t\t\t<\/figure>\n\t\t\t\t\t\t\t\t\t<\/div>\n\t\t\t\t<\/div>\n\t\t\t\t<div class=\"elementor-element elementor-element-6077ae1 elementor-widget elementor-widget-image\" data-id=\"6077ae1\" data-element_type=\"widget\" data-e-type=\"widget\" data-widget_type=\"image.default\">\n\t\t\t\t<div class=\"elementor-widget-container\">\n\t\t\t\t\t\t\t\t\t\t\t\t<figure class=\"wp-caption\">\n\t\t\t\t\t\t\t\t\t\t<img loading=\"lazy\" decoding=\"async\" width=\"768\" height=\"512\" src=\"https:\/\/www.elturistatranquil.com\/wp-content\/uploads\/F89-Castillo-de-Calatrava-la-Nueva.jpg\" class=\"attachment-large size-large wp-image-27122\" alt=\"Castillo de Calatrava la Nueva\" srcset=\"https:\/\/www.elturistatranquil.com\/wp-content\/uploads\/F89-Castillo-de-Calatrava-la-Nueva.jpg 768w, https:\/\/www.elturistatranquil.com\/wp-content\/uploads\/F89-Castillo-de-Calatrava-la-Nueva-339x226.jpg 339w\" sizes=\"(max-width: 768px) 100vw, 768px\" \/>\t\t\t\t\t\t\t\t\t\t\t<figcaption class=\"widget-image-caption wp-caption-text\"><\/figcaption>\n\t\t\t\t\t\t\t\t\t\t<\/figure>\n\t\t\t\t\t\t\t\t\t<\/div>\n\t\t\t\t<\/div>\n\t\t\t\t<div class=\"elementor-element elementor-element-e22db76 elementor-widget elementor-widget-image\" data-id=\"e22db76\" data-element_type=\"widget\" data-e-type=\"widget\" data-widget_type=\"image.default\">\n\t\t\t\t<div class=\"elementor-widget-container\">\n\t\t\t\t\t\t\t\t\t\t\t\t<figure class=\"wp-caption\">\n\t\t\t\t\t\t\t\t\t\t<img loading=\"lazy\" decoding=\"async\" width=\"768\" height=\"512\" src=\"https:\/\/www.elturistatranquil.com\/wp-content\/uploads\/F90-Castillo-de-Calatrava-la-Nueva.jpg\" class=\"attachment-large size-large wp-image-27124\" alt=\"Castillo de Calatrava la Nueva\" srcset=\"https:\/\/www.elturistatranquil.com\/wp-content\/uploads\/F90-Castillo-de-Calatrava-la-Nueva.jpg 768w, https:\/\/www.elturistatranquil.com\/wp-content\/uploads\/F90-Castillo-de-Calatrava-la-Nueva-339x226.jpg 339w\" sizes=\"(max-width: 768px) 100vw, 768px\" \/>\t\t\t\t\t\t\t\t\t\t\t<figcaption class=\"widget-image-caption wp-caption-text\"><\/figcaption>\n\t\t\t\t\t\t\t\t\t\t<\/figure>\n\t\t\t\t\t\t\t\t\t<\/div>\n\t\t\t\t<\/div>\n\t\t\t\t<div class=\"elementor-element elementor-element-a123453 elementor-widget elementor-widget-text-editor\" data-id=\"a123453\" data-element_type=\"widget\" data-e-type=\"widget\" data-widget_type=\"text-editor.default\">\n\t\t\t\t<div class=\"elementor-widget-container\">\n\t\t\t\t\t\t\t\t\t<p>Baixant per l&#8217;escala anterior (<strong>6<\/strong>), es torna a punt de partida al Pati Principal (<strong>4<\/strong>), al costat de la recepci\u00f3 de visitants.<\/p>\t\t\t\t\t\t\t\t<\/div>\n\t\t\t\t<\/div>\n\t\t\t\t<div class=\"elementor-element elementor-element-5e0b9c1 elementor-widget elementor-widget-image\" data-id=\"5e0b9c1\" data-element_type=\"widget\" data-e-type=\"widget\" data-widget_type=\"image.default\">\n\t\t\t\t<div class=\"elementor-widget-container\">\n\t\t\t\t\t\t\t\t\t\t\t\t<figure class=\"wp-caption\">\n\t\t\t\t\t\t\t\t\t\t<img loading=\"lazy\" decoding=\"async\" width=\"768\" height=\"512\" src=\"https:\/\/www.elturistatranquil.com\/wp-content\/uploads\/F91-Castillo-de-Calatrava-la-Nueva.jpg\" class=\"attachment-large size-large wp-image-27126\" alt=\"Castillo de Calatrava la Nueva\" srcset=\"https:\/\/www.elturistatranquil.com\/wp-content\/uploads\/F91-Castillo-de-Calatrava-la-Nueva.jpg 768w, https:\/\/www.elturistatranquil.com\/wp-content\/uploads\/F91-Castillo-de-Calatrava-la-Nueva-339x226.jpg 339w\" sizes=\"(max-width: 768px) 100vw, 768px\" \/>\t\t\t\t\t\t\t\t\t\t\t<figcaption class=\"widget-image-caption wp-caption-text\"><\/figcaption>\n\t\t\t\t\t\t\t\t\t\t<\/figure>\n\t\t\t\t\t\t\t\t\t<\/div>\n\t\t\t\t<\/div>\n\t\t\t\t<div class=\"elementor-element elementor-element-41b8420 elementor-widget elementor-widget-menu-anchor\" data-id=\"41b8420\" data-element_type=\"widget\" data-e-type=\"widget\" data-widget_type=\"menu-anchor.default\">\n\t\t\t\t<div class=\"elementor-widget-container\">\n\t\t\t\t\t\t\t<div class=\"elementor-menu-anchor\" id=\"b4114\"><\/div>\n\t\t\t\t\t\t<\/div>\n\t\t\t\t<\/div>\n\t\t\t\t<div class=\"elementor-element elementor-element-31d9918 elementor-widget elementor-widget-text-editor\" data-id=\"31d9918\" data-element_type=\"widget\" data-e-type=\"widget\" data-widget_type=\"text-editor.default\">\n\t\t\t\t<div class=\"elementor-widget-container\">\n\t\t\t\t\t\t\t\t\t<p>Sortint per les cavallerisses i la Porta de Ferro queda finalitzada la visita.<\/p>\t\t\t\t\t\t\t\t<\/div>\n\t\t\t\t<\/div>\n\t\t\t\t<div class=\"elementor-element elementor-element-ac9c2a1 elementor-widget elementor-widget-heading\" data-id=\"ac9c2a1\" data-element_type=\"widget\" data-e-type=\"widget\" data-widget_type=\"heading.default\">\n\t\t\t\t<div class=\"elementor-widget-container\">\n\t\t\t\t\t<h2 class=\"elementor-heading-title elementor-size-default\">Fi de la visita<\/h2>\t\t\t\t<\/div>\n\t\t\t\t<\/div>\n\t\t\t\t<div class=\"elementor-element elementor-element-ccd6ff0 elementor-widget elementor-widget-text-editor\" data-id=\"ccd6ff0\" data-element_type=\"widget\" data-e-type=\"widget\" data-widget_type=\"text-editor.default\">\n\t\t\t\t<div class=\"elementor-widget-container\">\n\t\t\t\t\t\t\t\t\t<p>Les Ordes Militars de l&#8217;Edat Mitjana, en la seva condici\u00f3 de ser membres d&#8217;una comunitat religiosa, que al seu torn havia de guerrejar en nom de la religi\u00f3 contra els ex\u00e8rcits musulmans, per conquerir els seus territoris, van configurar uns castells que havien de complir tamb\u00e9 amb la doble funci\u00f3 de ser fortaleses militars i convents mon\u00e0stics.<\/p><p>Dels pocs exemples de qu\u00e8 es disposa en l&#8217;actualitat, el <strong>Castell de Calatrava la Nueva<\/strong> \u00e9s un dels m\u00e9s ben conservats i on es posa clarament de manifest la doble funci\u00f3. Al centre un magn\u00edfic Castell, la construcci\u00f3 va ser anterior a l&#8217;ocupaci\u00f3 per l&#8217;Ordre. A la banda, separada, un magn\u00edfica Esgl\u00e9sia d&#8217;estil cistercenc rom\u00e0nic-g\u00f2tica.<\/p><p>La import\u00e0ncia d&#8217;aquest Castell-Sacreconvent es basa en el fet que durant segles va ser la seva seu mestral, traslladada des de Calatrava la Vieja, fins al seu posterior trasllat al 1802 a <a href=\"https:\/\/www.elturistatranquil.com\/ca\/almagro-ciudad-real\/\" target=\"_blank\" rel=\"noopener\">Almagro<\/a>.<\/p><p>La qualitat i conservaci\u00f3 de les instal\u00b7lacions, i les vistes sobre el territori del Camp de Calatrava el converteixen en un dels Castells m\u00e9s interessants per visitar.<\/p>\t\t\t\t\t\t\t\t<\/div>\n\t\t\t\t<\/div>\n\t\t\t\t<div class=\"elementor-element elementor-element-fb2015a elementor-widget elementor-widget-menu-anchor\" data-id=\"fb2015a\" data-element_type=\"widget\" data-e-type=\"widget\" data-widget_type=\"menu-anchor.default\">\n\t\t\t\t<div class=\"elementor-widget-container\">\n\t\t\t\t\t\t\t<div class=\"elementor-menu-anchor\" id=\"b4115\"><\/div>\n\t\t\t\t\t\t<\/div>\n\t\t\t\t<\/div>\n\t\t\t\t<div class=\"elementor-element elementor-element-35269c7 elementor-widget elementor-widget-heading\" data-id=\"35269c7\" data-element_type=\"widget\" data-e-type=\"widget\" data-widget_type=\"heading.default\">\n\t\t\t\t<div class=\"elementor-widget-container\">\n\t\t\t\t\t<h2 class=\"elementor-heading-title elementor-size-default\">Bases d\u2019informaci\u00f3<\/h2>\t\t\t\t<\/div>\n\t\t\t\t<\/div>\n\t\t\t\t<div class=\"elementor-element elementor-element-e624721 elementor-widget elementor-widget-text-editor\" data-id=\"e624721\" data-element_type=\"widget\" data-e-type=\"widget\" data-widget_type=\"text-editor.default\">\n\t\t\t\t<div class=\"elementor-widget-container\">\n\t\t\t\t\t\t\t\t\t<p><strong>Webs<\/strong><\/p><p><a href=\"http:\/\/www.castillodecalatrava.com\/p\/calatrava-la-nueva.html\" target=\"_blank\" rel=\"noopener\">Institucional<\/a><\/p><p><a href=\"https:\/\/cultura.castillalamancha.es\/patrimonio\/yacimientos-visitables\/sacro-convento-y-castillo-de-calatrava-la-nueva\" target=\"_blank\" rel=\"noopener\">Patrimonio<\/a><\/p><p><a href=\"https:\/\/es.wikipedia.org\/wiki\/Castillo_de_Calatrava_la_Nueva\" target=\"_blank\" rel=\"noopener\">Wikipedia<\/a><\/p><p><a href=\"http:\/\/www.ciudad-real.es\/lugares\/calatrava_nueva.php\" target=\"_blank\" rel=\"noopener\">Ciudadreallugares<\/a><\/p><p><a href=\"http:\/\/www.castillosnet.org\/espana\/informacion.php?ref=CR-CAS-006&amp;seo=Castillo\" target=\"_blank\" rel=\"noopener\">Castillosnet<\/a><\/p><p><a href=\"https:\/\/www.arteguias.com\/castillo\/castillocalatravanueva.htm\" target=\"_blank\" rel=\"noopener\">Arteguias<\/a><\/p>\t\t\t\t\t\t\t\t<\/div>\n\t\t\t\t<\/div>\n\t\t\t\t<div class=\"elementor-element elementor-element-18a1232d elementor-widget elementor-widget-text-editor\" data-id=\"18a1232d\" data-element_type=\"widget\" data-e-type=\"widget\" data-widget_type=\"text-editor.default\">\n\t\t\t\t<div class=\"elementor-widget-container\">\n\t\t\t\t\t\t\t\t\t<p><strong>Webs Academic<\/strong><\/p><p>J.M. Molero Garc\u00eda, <a href=\"https:\/\/ruidera.uclm.es\/xmlui\/handle\/10578\/3755\" target=\"_blank\" rel=\"noopener\"><em>La territorializaci\u00f3n del poder se\u00f1orial en Castilla. Sobre los l\u00edmites del Campo de Calatrava en el siglo XIII<\/em><\/a><\/p><p>V. Casta\u00f1eda (comp),<a href=\"http:\/\/arbolesilustrados.com\/docs\/descripcion-del-sacro-convento-y-castillo-de-calatrava.pdf\" target=\"_blank\" rel=\"noopener\"><em> Descripci\u00f3n del Sacro Convento y Castillo de Calatrava la Nueva y de su iglesia, capillas y enterramientos<\/em><\/a><\/p><p>A.M.S. Fern\u00e1ndez, \u00c1.A. Palacios, C.C. Bastante, P.M. Prado, <a href=\"https:\/\/www.academia.edu\/40798740\/CARACTER%C3%8DSTICAS_CONSTRUCTIVAS_DE_LOS_CASTILLOS_DE_LA_ORDEN_DE_CALATRAVA\" target=\"_blank\" rel=\"noopener\"><em>Caracter\u00edsticas constructivas de los castillos de la Orden de Calatrava<\/em><\/a><\/p><p>J.Z. Alarc\u00f3n, <a href=\"https:\/\/www.academia.edu\/23091839\/Planificaci%C3%B3n_y_Construcci%C3%B3n_de_Calatrava_la_Nueva_siglos_XII-XIII_\" target=\"_blank\" rel=\"noopener\"><em>Planificaci\u00f3n y construcci\u00f3n de Calatrava La Nueva:(siglos XII-XIII)<\/em><\/a><\/p><p>J.Z. Alarc\u00f3n, <a href=\"https:\/\/www.academia.edu\/28851871\/Calatrava_la_Nueva_y_los_inicios_del_g%C3%B3tico_en_Ciudad_Real\" target=\"_blank\" rel=\"noopener\"><em>Calatrava la Nueva y los inicios del g\u00f3tico en Ciudad Real<\/em><\/a><\/p>\t\t\t\t\t\t\t\t<\/div>\n\t\t\t\t<\/div>\n\t\t\t\t\t<\/div>\n\t\t<\/div>\n\t\t\t\t\t<\/div>\n\t\t<\/section>\n\t\t\t\t<\/div>\n\t\t","protected":false},"excerpt":{"rendered":"<p>Un dels Castells m\u00e9s interessants per visitar \u00e9s el Castell de Calatrava la Nueva (Ciudad Real), en la seva condici\u00f3 tamb\u00e9 de Sacreconvent de l&#8217;Ordre de Calatrava. Aquest castell medieval &#8230; <a title=\"Castell de Calatrava la Nueva (Ciudad Real)\" class=\"read-more\" href=\"https:\/\/www.elturistatranquil.com\/ca\/castell-de-calatrava-la-nueva-ciudad-real\/\" aria-label=\"M\u00e9s informaci\u00f3 sobre Castell de Calatrava la Nueva (Ciudad Real)\">[ &#8230; ]<\/a><\/p>\n","protected":false},"author":1,"featured_media":27139,"comment_status":"open","ping_status":"closed","sticky":false,"template":"","format":"standard","meta":{"footnotes":""},"categories":[72,75,188,145,82,83,87,90,95,104,139,106],"tags":[],"class_list":["post-27134","post","type-post","status-publish","format-standard","has-post-thumbnail","hentry","category-arquitectura-religiosa-ca","category-castells","category-ciudad-real-ca","category-edat-mitjana","category-gotic","category-historia-ca","category-joies-al-territori","category-monestirs-catedrals","category-paisatge","category-preromanic-ca","category-segle-xvi-xvii","category-segle-xviii-xix","infinite-scroll-item","generate-columns","tablet-grid-50","mobile-grid-100","grid-parent","grid-50","no-featured-image-padding"],"yoast_head":"<!-- This site is optimized with the Yoast SEO plugin v27.4 - https:\/\/yoast.com\/product\/yoast-seo-wordpress\/ -->\n<title>Castell de Calatrava la Nueva (Ciudad Real) - El turista tranquil<\/title>\n<meta name=\"description\" content=\"Un dels Castells m\u00e9s interessants per visitar \u00e9s el Castell de Calatrava la Nueva (Ciudad Real), en la seva condici\u00f3 tamb\u00e9 de Sacreconvent de l&#039;Ordre de Calatrava. Aquest castell medieval amb l&#039;esgl\u00e9sia cistercenca rom\u00e0nic-g\u00f2tica \u00e9s un exemple gaireb\u00e9 \u00fanic.\" \/>\n<meta name=\"robots\" content=\"index, follow, max-snippet:-1, max-image-preview:large, max-video-preview:-1\" \/>\n<link rel=\"canonical\" href=\"https:\/\/www.elturistatranquil.com\/ca\/castell-de-calatrava-la-nueva-ciudad-real\/\" \/>\n<meta property=\"og:locale\" content=\"ca_ES\" \/>\n<meta property=\"og:type\" content=\"article\" \/>\n<meta property=\"og:title\" content=\"Castell de Calatrava la Nueva (Ciudad Real) - El turista tranquil\" \/>\n<meta property=\"og:description\" content=\"Un dels Castells m\u00e9s interessants per visitar \u00e9s el Castell de Calatrava la Nueva (Ciudad Real), en la seva condici\u00f3 tamb\u00e9 de Sacreconvent de l&#039;Ordre de Calatrava. Aquest castell medieval amb l&#039;esgl\u00e9sia cistercenca rom\u00e0nic-g\u00f2tica \u00e9s un exemple gaireb\u00e9 \u00fanic.\" \/>\n<meta property=\"og:url\" content=\"https:\/\/www.elturistatranquil.com\/ca\/castell-de-calatrava-la-nueva-ciudad-real\/\" \/>\n<meta property=\"og:site_name\" content=\"El turista tranquil\" \/>\n<meta property=\"article:publisher\" content=\"https:\/\/www.facebook.com\/elturistatranquilo\/\" \/>\n<meta property=\"article:published_time\" content=\"2020-01-04T10:16:58+00:00\" \/>\n<meta property=\"article:modified_time\" content=\"2020-01-04T10:18:17+00:00\" \/>\n<meta property=\"og:image\" content=\"https:\/\/www.elturistatranquil.com\/wp-content\/uploads\/F0-Castillo-de-Calatrava-la-Nueva.jpg\" \/>\n\t<meta property=\"og:image:width\" content=\"768\" \/>\n\t<meta property=\"og:image:height\" content=\"511\" \/>\n\t<meta property=\"og:image:type\" content=\"image\/jpeg\" \/>\n<meta name=\"author\" content=\"admin\" \/>\n<meta name=\"twitter:card\" content=\"summary_large_image\" \/>\n<meta name=\"twitter:label1\" content=\"Escrit per\" \/>\n\t<meta name=\"twitter:data1\" content=\"admin\" \/>\n\t<meta name=\"twitter:label2\" content=\"Temps estimat de lectura\" \/>\n\t<meta name=\"twitter:data2\" content=\"24 minuts\" \/>\n<script type=\"application\/ld+json\" class=\"yoast-schema-graph\">{\"@context\":\"https:\\\/\\\/schema.org\",\"@graph\":[{\"@type\":\"Article\",\"@id\":\"https:\\\/\\\/www.elturistatranquil.com\\\/ca\\\/castell-de-calatrava-la-nueva-ciudad-real\\\/#article\",\"isPartOf\":{\"@id\":\"https:\\\/\\\/www.elturistatranquil.com\\\/ca\\\/castell-de-calatrava-la-nueva-ciudad-real\\\/\"},\"author\":{\"name\":\"admin\",\"@id\":\"https:\\\/\\\/www.elturistatranquil.com\\\/ca\\\/#\\\/schema\\\/person\\\/16f607c3079b96ed0c530a52e6b58bb5\"},\"headline\":\"Castell de Calatrava la Nueva (Ciudad Real)\",\"datePublished\":\"2020-01-04T10:16:58+00:00\",\"dateModified\":\"2020-01-04T10:18:17+00:00\",\"mainEntityOfPage\":{\"@id\":\"https:\\\/\\\/www.elturistatranquil.com\\\/ca\\\/castell-de-calatrava-la-nueva-ciudad-real\\\/\"},\"wordCount\":5113,\"commentCount\":0,\"image\":{\"@id\":\"https:\\\/\\\/www.elturistatranquil.com\\\/ca\\\/castell-de-calatrava-la-nueva-ciudad-real\\\/#primaryimage\"},\"thumbnailUrl\":\"https:\\\/\\\/www.elturistatranquil.com\\\/wp-content\\\/uploads\\\/F0-Castillo-de-Calatrava-la-Nueva.jpg\",\"articleSection\":[\"Arquitectura religiosa\",\"Castells, Muralles\",\"Ciudad Real\",\"Edat mitjana\",\"G\u00f2tic\",\"Hist\u00f2ria\",\"Joies al territori\",\"Monestirs, Catedrals\",\"Paisatge\",\"Rom\u00e0nic\",\"Segle XVI-XVII\",\"Segle XVIII-XIX\"],\"inLanguage\":\"ca\",\"potentialAction\":[{\"@type\":\"CommentAction\",\"name\":\"Comment\",\"target\":[\"https:\\\/\\\/www.elturistatranquil.com\\\/ca\\\/castell-de-calatrava-la-nueva-ciudad-real\\\/#respond\"]}]},{\"@type\":\"WebPage\",\"@id\":\"https:\\\/\\\/www.elturistatranquil.com\\\/ca\\\/castell-de-calatrava-la-nueva-ciudad-real\\\/\",\"url\":\"https:\\\/\\\/www.elturistatranquil.com\\\/ca\\\/castell-de-calatrava-la-nueva-ciudad-real\\\/\",\"name\":\"Castell de Calatrava la Nueva (Ciudad Real) - El turista tranquil\",\"isPartOf\":{\"@id\":\"https:\\\/\\\/www.elturistatranquil.com\\\/ca\\\/#website\"},\"primaryImageOfPage\":{\"@id\":\"https:\\\/\\\/www.elturistatranquil.com\\\/ca\\\/castell-de-calatrava-la-nueva-ciudad-real\\\/#primaryimage\"},\"image\":{\"@id\":\"https:\\\/\\\/www.elturistatranquil.com\\\/ca\\\/castell-de-calatrava-la-nueva-ciudad-real\\\/#primaryimage\"},\"thumbnailUrl\":\"https:\\\/\\\/www.elturistatranquil.com\\\/wp-content\\\/uploads\\\/F0-Castillo-de-Calatrava-la-Nueva.jpg\",\"datePublished\":\"2020-01-04T10:16:58+00:00\",\"dateModified\":\"2020-01-04T10:18:17+00:00\",\"author\":{\"@id\":\"https:\\\/\\\/www.elturistatranquil.com\\\/ca\\\/#\\\/schema\\\/person\\\/16f607c3079b96ed0c530a52e6b58bb5\"},\"description\":\"Un dels Castells m\u00e9s interessants per visitar \u00e9s el Castell de Calatrava la Nueva (Ciudad Real), en la seva condici\u00f3 tamb\u00e9 de Sacreconvent de l'Ordre de Calatrava. Aquest castell medieval amb l'esgl\u00e9sia cistercenca rom\u00e0nic-g\u00f2tica \u00e9s un exemple gaireb\u00e9 \u00fanic.\",\"breadcrumb\":{\"@id\":\"https:\\\/\\\/www.elturistatranquil.com\\\/ca\\\/castell-de-calatrava-la-nueva-ciudad-real\\\/#breadcrumb\"},\"inLanguage\":\"ca\",\"potentialAction\":[{\"@type\":\"ReadAction\",\"target\":[\"https:\\\/\\\/www.elturistatranquil.com\\\/ca\\\/castell-de-calatrava-la-nueva-ciudad-real\\\/\"]}]},{\"@type\":\"ImageObject\",\"inLanguage\":\"ca\",\"@id\":\"https:\\\/\\\/www.elturistatranquil.com\\\/ca\\\/castell-de-calatrava-la-nueva-ciudad-real\\\/#primaryimage\",\"url\":\"https:\\\/\\\/www.elturistatranquil.com\\\/wp-content\\\/uploads\\\/F0-Castillo-de-Calatrava-la-Nueva.jpg\",\"contentUrl\":\"https:\\\/\\\/www.elturistatranquil.com\\\/wp-content\\\/uploads\\\/F0-Castillo-de-Calatrava-la-Nueva.jpg\",\"width\":768,\"height\":511,\"caption\":\"Castillo de Calatrava la Nueva\"},{\"@type\":\"BreadcrumbList\",\"@id\":\"https:\\\/\\\/www.elturistatranquil.com\\\/ca\\\/castell-de-calatrava-la-nueva-ciudad-real\\\/#breadcrumb\",\"itemListElement\":[{\"@type\":\"ListItem\",\"position\":1,\"name\":\"Portada\",\"item\":\"https:\\\/\\\/www.elturistatranquil.com\\\/ca\\\/\"},{\"@type\":\"ListItem\",\"position\":2,\"name\":\"Castell de Calatrava la Nueva (Ciudad Real)\"}]},{\"@type\":\"WebSite\",\"@id\":\"https:\\\/\\\/www.elturistatranquil.com\\\/ca\\\/#website\",\"url\":\"https:\\\/\\\/www.elturistatranquil.com\\\/ca\\\/\",\"name\":\"El turista tranquil\",\"description\":\"Blog de viatges\",\"potentialAction\":[{\"@type\":\"SearchAction\",\"target\":{\"@type\":\"EntryPoint\",\"urlTemplate\":\"https:\\\/\\\/www.elturistatranquil.com\\\/ca\\\/?s={search_term_string}\"},\"query-input\":{\"@type\":\"PropertyValueSpecification\",\"valueRequired\":true,\"valueName\":\"search_term_string\"}}],\"inLanguage\":\"ca\"},{\"@type\":\"Person\",\"@id\":\"https:\\\/\\\/www.elturistatranquil.com\\\/ca\\\/#\\\/schema\\\/person\\\/16f607c3079b96ed0c530a52e6b58bb5\",\"name\":\"admin\",\"image\":{\"@type\":\"ImageObject\",\"inLanguage\":\"ca\",\"@id\":\"https:\\\/\\\/secure.gravatar.com\\\/avatar\\\/1fbaf22aee75fcbb29a2f97b107f95d25d3a19b7c3416105be10269872673e8d?s=96&d=mm&r=g\",\"url\":\"https:\\\/\\\/secure.gravatar.com\\\/avatar\\\/1fbaf22aee75fcbb29a2f97b107f95d25d3a19b7c3416105be10269872673e8d?s=96&d=mm&r=g\",\"contentUrl\":\"https:\\\/\\\/secure.gravatar.com\\\/avatar\\\/1fbaf22aee75fcbb29a2f97b107f95d25d3a19b7c3416105be10269872673e8d?s=96&d=mm&r=g\",\"caption\":\"admin\"}}]}<\/script>\n<!-- \/ Yoast SEO plugin. -->","yoast_head_json":{"title":"Castell de Calatrava la Nueva (Ciudad Real) - El turista tranquil","description":"Un dels Castells m\u00e9s interessants per visitar \u00e9s el Castell de Calatrava la Nueva (Ciudad Real), en la seva condici\u00f3 tamb\u00e9 de Sacreconvent de l'Ordre de Calatrava. Aquest castell medieval amb l'esgl\u00e9sia cistercenca rom\u00e0nic-g\u00f2tica \u00e9s un exemple gaireb\u00e9 \u00fanic.","robots":{"index":"index","follow":"follow","max-snippet":"max-snippet:-1","max-image-preview":"max-image-preview:large","max-video-preview":"max-video-preview:-1"},"canonical":"https:\/\/www.elturistatranquil.com\/ca\/castell-de-calatrava-la-nueva-ciudad-real\/","og_locale":"ca_ES","og_type":"article","og_title":"Castell de Calatrava la Nueva (Ciudad Real) - El turista tranquil","og_description":"Un dels Castells m\u00e9s interessants per visitar \u00e9s el Castell de Calatrava la Nueva (Ciudad Real), en la seva condici\u00f3 tamb\u00e9 de Sacreconvent de l'Ordre de Calatrava. Aquest castell medieval amb l'esgl\u00e9sia cistercenca rom\u00e0nic-g\u00f2tica \u00e9s un exemple gaireb\u00e9 \u00fanic.","og_url":"https:\/\/www.elturistatranquil.com\/ca\/castell-de-calatrava-la-nueva-ciudad-real\/","og_site_name":"El turista tranquil","article_publisher":"https:\/\/www.facebook.com\/elturistatranquilo\/","article_published_time":"2020-01-04T10:16:58+00:00","article_modified_time":"2020-01-04T10:18:17+00:00","og_image":[{"width":768,"height":511,"url":"https:\/\/www.elturistatranquil.com\/wp-content\/uploads\/F0-Castillo-de-Calatrava-la-Nueva.jpg","type":"image\/jpeg"}],"author":"admin","twitter_card":"summary_large_image","twitter_misc":{"Escrit per":"admin","Temps estimat de lectura":"24 minuts"},"schema":{"@context":"https:\/\/schema.org","@graph":[{"@type":"Article","@id":"https:\/\/www.elturistatranquil.com\/ca\/castell-de-calatrava-la-nueva-ciudad-real\/#article","isPartOf":{"@id":"https:\/\/www.elturistatranquil.com\/ca\/castell-de-calatrava-la-nueva-ciudad-real\/"},"author":{"name":"admin","@id":"https:\/\/www.elturistatranquil.com\/ca\/#\/schema\/person\/16f607c3079b96ed0c530a52e6b58bb5"},"headline":"Castell de Calatrava la Nueva (Ciudad Real)","datePublished":"2020-01-04T10:16:58+00:00","dateModified":"2020-01-04T10:18:17+00:00","mainEntityOfPage":{"@id":"https:\/\/www.elturistatranquil.com\/ca\/castell-de-calatrava-la-nueva-ciudad-real\/"},"wordCount":5113,"commentCount":0,"image":{"@id":"https:\/\/www.elturistatranquil.com\/ca\/castell-de-calatrava-la-nueva-ciudad-real\/#primaryimage"},"thumbnailUrl":"https:\/\/www.elturistatranquil.com\/wp-content\/uploads\/F0-Castillo-de-Calatrava-la-Nueva.jpg","articleSection":["Arquitectura religiosa","Castells, Muralles","Ciudad Real","Edat mitjana","G\u00f2tic","Hist\u00f2ria","Joies al territori","Monestirs, Catedrals","Paisatge","Rom\u00e0nic","Segle XVI-XVII","Segle XVIII-XIX"],"inLanguage":"ca","potentialAction":[{"@type":"CommentAction","name":"Comment","target":["https:\/\/www.elturistatranquil.com\/ca\/castell-de-calatrava-la-nueva-ciudad-real\/#respond"]}]},{"@type":"WebPage","@id":"https:\/\/www.elturistatranquil.com\/ca\/castell-de-calatrava-la-nueva-ciudad-real\/","url":"https:\/\/www.elturistatranquil.com\/ca\/castell-de-calatrava-la-nueva-ciudad-real\/","name":"Castell de Calatrava la Nueva (Ciudad Real) - El turista tranquil","isPartOf":{"@id":"https:\/\/www.elturistatranquil.com\/ca\/#website"},"primaryImageOfPage":{"@id":"https:\/\/www.elturistatranquil.com\/ca\/castell-de-calatrava-la-nueva-ciudad-real\/#primaryimage"},"image":{"@id":"https:\/\/www.elturistatranquil.com\/ca\/castell-de-calatrava-la-nueva-ciudad-real\/#primaryimage"},"thumbnailUrl":"https:\/\/www.elturistatranquil.com\/wp-content\/uploads\/F0-Castillo-de-Calatrava-la-Nueva.jpg","datePublished":"2020-01-04T10:16:58+00:00","dateModified":"2020-01-04T10:18:17+00:00","author":{"@id":"https:\/\/www.elturistatranquil.com\/ca\/#\/schema\/person\/16f607c3079b96ed0c530a52e6b58bb5"},"description":"Un dels Castells m\u00e9s interessants per visitar \u00e9s el Castell de Calatrava la Nueva (Ciudad Real), en la seva condici\u00f3 tamb\u00e9 de Sacreconvent de l'Ordre de Calatrava. Aquest castell medieval amb l'esgl\u00e9sia cistercenca rom\u00e0nic-g\u00f2tica \u00e9s un exemple gaireb\u00e9 \u00fanic.","breadcrumb":{"@id":"https:\/\/www.elturistatranquil.com\/ca\/castell-de-calatrava-la-nueva-ciudad-real\/#breadcrumb"},"inLanguage":"ca","potentialAction":[{"@type":"ReadAction","target":["https:\/\/www.elturistatranquil.com\/ca\/castell-de-calatrava-la-nueva-ciudad-real\/"]}]},{"@type":"ImageObject","inLanguage":"ca","@id":"https:\/\/www.elturistatranquil.com\/ca\/castell-de-calatrava-la-nueva-ciudad-real\/#primaryimage","url":"https:\/\/www.elturistatranquil.com\/wp-content\/uploads\/F0-Castillo-de-Calatrava-la-Nueva.jpg","contentUrl":"https:\/\/www.elturistatranquil.com\/wp-content\/uploads\/F0-Castillo-de-Calatrava-la-Nueva.jpg","width":768,"height":511,"caption":"Castillo de Calatrava la Nueva"},{"@type":"BreadcrumbList","@id":"https:\/\/www.elturistatranquil.com\/ca\/castell-de-calatrava-la-nueva-ciudad-real\/#breadcrumb","itemListElement":[{"@type":"ListItem","position":1,"name":"Portada","item":"https:\/\/www.elturistatranquil.com\/ca\/"},{"@type":"ListItem","position":2,"name":"Castell de Calatrava la Nueva (Ciudad Real)"}]},{"@type":"WebSite","@id":"https:\/\/www.elturistatranquil.com\/ca\/#website","url":"https:\/\/www.elturistatranquil.com\/ca\/","name":"El turista tranquil","description":"Blog de viatges","potentialAction":[{"@type":"SearchAction","target":{"@type":"EntryPoint","urlTemplate":"https:\/\/www.elturistatranquil.com\/ca\/?s={search_term_string}"},"query-input":{"@type":"PropertyValueSpecification","valueRequired":true,"valueName":"search_term_string"}}],"inLanguage":"ca"},{"@type":"Person","@id":"https:\/\/www.elturistatranquil.com\/ca\/#\/schema\/person\/16f607c3079b96ed0c530a52e6b58bb5","name":"admin","image":{"@type":"ImageObject","inLanguage":"ca","@id":"https:\/\/secure.gravatar.com\/avatar\/1fbaf22aee75fcbb29a2f97b107f95d25d3a19b7c3416105be10269872673e8d?s=96&d=mm&r=g","url":"https:\/\/secure.gravatar.com\/avatar\/1fbaf22aee75fcbb29a2f97b107f95d25d3a19b7c3416105be10269872673e8d?s=96&d=mm&r=g","contentUrl":"https:\/\/secure.gravatar.com\/avatar\/1fbaf22aee75fcbb29a2f97b107f95d25d3a19b7c3416105be10269872673e8d?s=96&d=mm&r=g","caption":"admin"}}]}},"_links":{"self":[{"href":"https:\/\/www.elturistatranquil.com\/ca\/wp-json\/wp\/v2\/posts\/27134","targetHints":{"allow":["GET"]}}],"collection":[{"href":"https:\/\/www.elturistatranquil.com\/ca\/wp-json\/wp\/v2\/posts"}],"about":[{"href":"https:\/\/www.elturistatranquil.com\/ca\/wp-json\/wp\/v2\/types\/post"}],"author":[{"embeddable":true,"href":"https:\/\/www.elturistatranquil.com\/ca\/wp-json\/wp\/v2\/users\/1"}],"replies":[{"embeddable":true,"href":"https:\/\/www.elturistatranquil.com\/ca\/wp-json\/wp\/v2\/comments?post=27134"}],"version-history":[{"count":5,"href":"https:\/\/www.elturistatranquil.com\/ca\/wp-json\/wp\/v2\/posts\/27134\/revisions"}],"predecessor-version":[{"id":27172,"href":"https:\/\/www.elturistatranquil.com\/ca\/wp-json\/wp\/v2\/posts\/27134\/revisions\/27172"}],"wp:featuredmedia":[{"embeddable":true,"href":"https:\/\/www.elturistatranquil.com\/ca\/wp-json\/wp\/v2\/media\/27139"}],"wp:attachment":[{"href":"https:\/\/www.elturistatranquil.com\/ca\/wp-json\/wp\/v2\/media?parent=27134"}],"wp:term":[{"taxonomy":"category","embeddable":true,"href":"https:\/\/www.elturistatranquil.com\/ca\/wp-json\/wp\/v2\/categories?post=27134"},{"taxonomy":"post_tag","embeddable":true,"href":"https:\/\/www.elturistatranquil.com\/ca\/wp-json\/wp\/v2\/tags?post=27134"}],"curies":[{"name":"wp","href":"https:\/\/api.w.org\/{rel}","templated":true}]}}