{"id":27976,"date":"2020-02-01T09:50:39","date_gmt":"2020-02-01T08:50:39","guid":{"rendered":"https:\/\/www.elturistatranquil.com\/?p=27976"},"modified":"2021-09-01T13:29:49","modified_gmt":"2021-09-01T11:29:49","slug":"hotel-bodega-finca-de-los-arandinos-la-rioja","status":"publish","type":"post","link":"https:\/\/www.elturistatranquil.com\/ca\/hotel-bodega-finca-de-los-arandinos-la-rioja\/","title":{"rendered":"Hotel Bodega Finca de los Arandinos. La Rioja"},"content":{"rendered":"\t\t<div data-elementor-type=\"wp-post\" data-elementor-id=\"27976\" class=\"elementor elementor-27976 elementor-27795\" data-elementor-post-type=\"post\">\n\t\t\t\t\t\t<section class=\"elementor-section elementor-top-section elementor-element elementor-element-234dbee3 elementor-section-boxed elementor-section-height-default elementor-section-height-default\" data-id=\"234dbee3\" data-element_type=\"section\" data-e-type=\"section\">\n\t\t\t\t\t\t<div class=\"elementor-container elementor-column-gap-default\">\n\t\t\t\t\t<div class=\"elementor-column elementor-col-100 elementor-top-column elementor-element elementor-element-737b066a\" data-id=\"737b066a\" data-element_type=\"column\" data-e-type=\"column\">\n\t\t\t<div class=\"elementor-widget-wrap elementor-element-populated\">\n\t\t\t\t\t\t<section class=\"elementor-section elementor-inner-section elementor-element elementor-element-4ff8192d elementor-section-content-middle elementor-section-boxed elementor-section-height-default elementor-section-height-default\" data-id=\"4ff8192d\" data-element_type=\"section\" data-e-type=\"section\">\n\t\t\t\t\t\t<div class=\"elementor-container elementor-column-gap-default\">\n\t\t\t\t\t<div class=\"elementor-column elementor-col-100 elementor-inner-column elementor-element elementor-element-903de16\" data-id=\"903de16\" data-element_type=\"column\" data-e-type=\"column\">\n\t\t\t<div class=\"elementor-widget-wrap elementor-element-populated\">\n\t\t\t\t\t\t<div class=\"elementor-element elementor-element-7ffd9ffb elementor-widget elementor-widget-text-editor\" data-id=\"7ffd9ffb\" data-element_type=\"widget\" data-e-type=\"widget\" data-widget_type=\"text-editor.default\">\n\t\t\t\t<div class=\"elementor-widget-container\">\n\t\t\t\t\t\t\t\t\t<p>El <em>Hotel Bodega Finca de los Arandinos<\/em>, a La Rioja, \u00e9s un excel\u00b7lent lloc per inserir-se en el m\u00f3n de la vinya i el vi, en una regi\u00f3 coneguda mundialment pels seus caldos. Rec\u00f3rrer la Rioja Alta i la Rioja Alabesa completar\u00e0 aquesta sortida.<\/p>\t\t\t\t\t\t\t\t<\/div>\n\t\t\t\t<\/div>\n\t\t\t\t\t<\/div>\n\t\t<\/div>\n\t\t\t\t\t<\/div>\n\t\t<\/section>\n\t\t\t\t<div class=\"elementor-element elementor-element-55791929 elementor-widget elementor-widget-heading\" data-id=\"55791929\" data-element_type=\"widget\" data-e-type=\"widget\" data-widget_type=\"heading.default\">\n\t\t\t\t<div class=\"elementor-widget-container\">\n\t\t\t\t\t<h1 class=\"elementor-heading-title elementor-size-default\">Hotel Bodega Finca de los Arandinos (La Rioja)<\/h1>\t\t\t\t<\/div>\n\t\t\t\t<\/div>\n\t\t\t\t\t<\/div>\n\t\t<\/div>\n\t\t\t\t\t<\/div>\n\t\t<\/section>\n\t\t\t\t<section class=\"elementor-section elementor-top-section elementor-element elementor-element-418c645 elementor-section-boxed elementor-section-height-default elementor-section-height-default\" data-id=\"418c645\" data-element_type=\"section\" data-e-type=\"section\">\n\t\t\t\t\t\t<div class=\"elementor-container elementor-column-gap-default\">\n\t\t\t\t\t<div class=\"elementor-column elementor-col-100 elementor-top-column elementor-element elementor-element-43b7e0f5\" data-id=\"43b7e0f5\" data-element_type=\"column\" data-e-type=\"column\">\n\t\t\t<div class=\"elementor-widget-wrap elementor-element-populated\">\n\t\t\t\t\t\t<div class=\"elementor-element elementor-element-26d79bce elementor-widget elementor-widget-image\" data-id=\"26d79bce\" data-element_type=\"widget\" data-e-type=\"widget\" data-widget_type=\"image.default\">\n\t\t\t\t<div class=\"elementor-widget-container\">\n\t\t\t\t\t\t\t\t\t\t\t\t<figure class=\"wp-caption\">\n\t\t\t\t\t\t\t\t\t\t<img fetchpriority=\"high\" decoding=\"async\" width=\"768\" height=\"512\" src=\"https:\/\/www.elturistatranquil.com\/wp-content\/uploads\/F01-Hotel-Bodega-Finca-de-los-Arandinos.jpg\" class=\"attachment-large size-large wp-image-27806\" alt=\"Hotel Bodega Finca de los Arandinos\" srcset=\"https:\/\/www.elturistatranquil.com\/wp-content\/uploads\/F01-Hotel-Bodega-Finca-de-los-Arandinos.jpg 768w, https:\/\/www.elturistatranquil.com\/wp-content\/uploads\/F01-Hotel-Bodega-Finca-de-los-Arandinos-339x226.jpg 339w\" sizes=\"(max-width: 768px) 100vw, 768px\" \/>\t\t\t\t\t\t\t\t\t\t\t<figcaption class=\"widget-image-caption wp-caption-text\"><\/figcaption>\n\t\t\t\t\t\t\t\t\t\t<\/figure>\n\t\t\t\t\t\t\t\t\t<\/div>\n\t\t\t\t<\/div>\n\t\t\t\t<div class=\"elementor-element elementor-element-6670541a elementor-widget elementor-widget-spacer\" data-id=\"6670541a\" data-element_type=\"widget\" data-e-type=\"widget\" data-widget_type=\"spacer.default\">\n\t\t\t\t<div class=\"elementor-widget-container\">\n\t\t\t\t\t\t\t<div class=\"elementor-spacer\">\n\t\t\t<div class=\"elementor-spacer-inner\"><\/div>\n\t\t<\/div>\n\t\t\t\t\t\t<\/div>\n\t\t\t\t<\/div>\n\t\t\t\t<div class=\"elementor-element elementor-element-6a299ad1 elementor-widget elementor-widget-heading\" data-id=\"6a299ad1\" data-element_type=\"widget\" data-e-type=\"widget\" data-widget_type=\"heading.default\">\n\t\t\t\t<div class=\"elementor-widget-container\">\n\t\t\t\t\t<h2 class=\"elementor-heading-title elementor-size-default\">Hotel Bodega Finca de los Arandinos. La Rioja<\/h2>\t\t\t\t<\/div>\n\t\t\t\t<\/div>\n\t\t\t\t<section class=\"elementor-section elementor-inner-section elementor-element elementor-element-3add66ec elementor-section-boxed elementor-section-height-default elementor-section-height-default\" data-id=\"3add66ec\" data-element_type=\"section\" data-e-type=\"section\" data-settings=\"{&quot;background_background&quot;:&quot;classic&quot;}\">\n\t\t\t\t\t\t\t<div class=\"elementor-background-overlay\"><\/div>\n\t\t\t\t\t\t\t<div class=\"elementor-container elementor-column-gap-default\">\n\t\t\t\t\t<div class=\"elementor-column elementor-col-100 elementor-inner-column elementor-element elementor-element-4a6279d5\" data-id=\"4a6279d5\" data-element_type=\"column\" data-e-type=\"column\" data-settings=\"{&quot;background_background&quot;:&quot;classic&quot;}\">\n\t\t\t<div class=\"elementor-widget-wrap elementor-element-populated\">\n\t\t\t\t\t\t<div class=\"elementor-element elementor-element-39d13ea8 elementor-widget elementor-widget-text-editor\" data-id=\"39d13ea8\" data-element_type=\"widget\" data-e-type=\"widget\" data-widget_type=\"text-editor.default\">\n\t\t\t\t<div class=\"elementor-widget-container\">\n\t\t\t\t\t\t\t\t\t<p>Ctra. LR-137 km. 4,6 26375, Entrena. Com. Aut\u00f2noma: La Rioja<\/p><p>Tel\u00e8fon: 941 446 126<\/p><p>Coordenades: 42\u00b022\u203240\u2033N 2\u00b031\u203220\u2033O. Altitud: 600 msnm<\/p><p>Web: <a href=\"https:\/\/www.fincadelosarandinos.com\/hotel-bodega-con-spa-finca-de-los-arandinos\/\" target=\"_blank\" rel=\"noopener\">fincadelosarandinos<\/a><\/p><p>14 habitacions<\/p><p>Estada: 2019<\/p>\t\t\t\t\t\t\t\t<\/div>\n\t\t\t\t<\/div>\n\t\t\t\t\t<\/div>\n\t\t<\/div>\n\t\t\t\t\t<\/div>\n\t\t<\/section>\n\t\t\t\t<div class=\"elementor-element elementor-element-271c6259 elementor-widget elementor-widget-image\" data-id=\"271c6259\" data-element_type=\"widget\" data-e-type=\"widget\" data-widget_type=\"image.default\">\n\t\t\t\t<div class=\"elementor-widget-container\">\n\t\t\t\t\t\t\t\t\t\t\t\t<figure class=\"wp-caption\">\n\t\t\t\t\t\t\t\t\t\t<img decoding=\"async\" width=\"768\" height=\"512\" src=\"https:\/\/www.elturistatranquil.com\/wp-content\/uploads\/F02-Hotel-Bodega-Finca-de-los-Arandinos-Google-maps-2020-01-24.jpg\" class=\"attachment-medium_large size-medium_large wp-image-27808\" alt=\"Hotel Bodega Finca de los Arandinos (Google-maps-2020-01-24)\" srcset=\"https:\/\/www.elturistatranquil.com\/wp-content\/uploads\/F02-Hotel-Bodega-Finca-de-los-Arandinos-Google-maps-2020-01-24.jpg 768w, https:\/\/www.elturistatranquil.com\/wp-content\/uploads\/F02-Hotel-Bodega-Finca-de-los-Arandinos-Google-maps-2020-01-24-339x226.jpg 339w\" sizes=\"(max-width: 768px) 100vw, 768px\" \/>\t\t\t\t\t\t\t\t\t\t\t<figcaption class=\"widget-image-caption wp-caption-text\">Situaci\u00f3 del  Hotel Bodega Finca de los Arandinos (Google-maps-2020-01-24)<\/figcaption>\n\t\t\t\t\t\t\t\t\t\t<\/figure>\n\t\t\t\t\t\t\t\t\t<\/div>\n\t\t\t\t<\/div>\n\t\t\t\t<section class=\"elementor-section elementor-inner-section elementor-element elementor-element-4e158bde elementor-section-boxed elementor-section-height-default elementor-section-height-default\" data-id=\"4e158bde\" data-element_type=\"section\" data-e-type=\"section\" data-settings=\"{&quot;background_background&quot;:&quot;classic&quot;}\">\n\t\t\t\t\t\t<div class=\"elementor-container elementor-column-gap-default\">\n\t\t\t\t\t<div class=\"elementor-column elementor-col-100 elementor-inner-column elementor-element elementor-element-2a9db11d\" data-id=\"2a9db11d\" data-element_type=\"column\" data-e-type=\"column\">\n\t\t\t<div class=\"elementor-widget-wrap elementor-element-populated\">\n\t\t\t\t\t\t<div class=\"elementor-element elementor-element-6aee7fbb elementor-widget elementor-widget-text-editor\" data-id=\"6aee7fbb\" data-element_type=\"widget\" data-e-type=\"widget\" data-widget_type=\"text-editor.default\">\n\t\t\t\t<div class=\"elementor-widget-container\">\n\t\t\t\t\t\t\t\t\t<p style=\"text-align: center;\"><strong>\u00cdndex<\/strong><\/p>\t\t\t\t\t\t\t\t<\/div>\n\t\t\t\t<\/div>\n\t\t\t\t<div class=\"elementor-element elementor-element-26ebac86 elementor-widget elementor-widget-text-editor\" data-id=\"26ebac86\" data-element_type=\"widget\" data-e-type=\"widget\" data-widget_type=\"text-editor.default\">\n\t\t\t\t<div class=\"elementor-widget-container\">\n\t\t\t\t\t\t\t\t\t<p><a href=\"https:\/\/www.elturistatranquil.com\/ca\/hotel-bodega-finca-de-los-arandinos\/#a1701\">Hotel Bodega Finca de los Arandinos. La Rioja<\/a><\/p><p><a href=\"https:\/\/www.elturistatranquil.com\/ca\/hotel-bodega-finca-de-los-arandinos\/#a1702\">Elecci\u00f3 de la sortida<\/a><\/p><p><a href=\"https:\/\/www.elturistatranquil.com\/ca\/hotel-bodega-finca-de-los-arandinos\/#a1703\">El Hotel Bodega Finca de los Arandinos<\/a><\/p><p style=\"padding-left: 40px;\"><a href=\"https:\/\/www.elturistatranquil.com\/ca\/hotel-bodega-finca-de-los-arandinos\/#a1704\">La Bodega de la Finca de los Arandinos<\/a><\/p><p><a href=\"https:\/\/www.elturistatranquil.com\/ca\/hotel-bodega-finca-de-los-arandinos\/#a1705\">El territori: La Rioja<\/a><\/p><p><a href=\"https:\/\/www.elturistatranquil.com\/ca\/hotel-bodega-finca-de-los-arandinos\/#a1706\">Propostes de sortides<\/a><\/p><p><a href=\"https:\/\/www.elturistatranquil.com\/ca\/hotel-bodega-finca-de-los-arandinos\/#a1707\">Passejades per l\u2019entorn<\/a><\/p><p style=\"padding-left: 40px;\"><a href=\"https:\/\/www.elturistatranquil.com\/ca\/hotel-bodega-finca-de-los-arandinos\/#a1708\">Entrena<\/a><\/p><p><a href=\"https:\/\/www.elturistatranquil.com\/ca\/hotel-bodega-finca-de-los-arandinos\/#a1709\">Propostes de visites<\/a><\/p><p><a href=\"https:\/\/www.elturistatranquil.com\/ca\/hotel-bodega-finca-de-los-arandinos\/#a1710\">En el Cam\u00ed de Sant Jaume<\/a><\/p><p style=\"padding-left: 40px;\"><a href=\"https:\/\/www.elturistatranquil.com\/ca\/hotel-bodega-finca-de-los-arandinos\/#a1711\">Logro\u00f1o<\/a><\/p><p style=\"padding-left: 40px;\"><a href=\"https:\/\/www.elturistatranquil.com\/ca\/hotel-bodega-finca-de-los-arandinos\/#a1712\">Navarrete<\/a><\/p><p style=\"padding-left: 40px;\"><a href=\"https:\/\/www.elturistatranquil.com\/ca\/hotel-bodega-finca-de-los-arandinos\/#a1713\">N\u00e1jera<\/a><\/p><p style=\"padding-left: 40px;\"><a href=\"https:\/\/www.elturistatranquil.com\/ca\/hotel-bodega-finca-de-los-arandinos\/#a1714\">San Mill\u00e1n de la Cogolla<\/a><\/p><p style=\"padding-left: 80px;\"><a href=\"https:\/\/www.elturistatranquil.com\/ca\/hotel-bodega-finca-de-los-arandinos\/#a1715\">Monestir de San Mill\u00e1n de Suso (\u00abde d\u2019alt\u00bb)<\/a><\/p><p style=\"padding-left: 80px;\"><a href=\"https:\/\/www.elturistatranquil.com\/ca\/hotel-bodega-finca-de-los-arandinos\/#a1716\">Monestir de San Mill\u00e1n de Yuso (\u00abde baix\u00bb)<\/a><\/p><p style=\"padding-left: 40px;\"><a href=\"https:\/\/www.elturistatranquil.com\/ca\/hotel-bodega-finca-de-los-arandinos\/#a1717\">Santo Domingo de la Calzada<\/a><\/p><p><a href=\"https:\/\/www.elturistatranquil.com\/ca\/hotel-bodega-finca-de-los-arandinos\/#a1718\">En la ruta de l\u2019Ebre<\/a><\/p><p style=\"padding-left: 40px;\"><a href=\"https:\/\/www.elturistatranquil.com\/ca\/hotel-bodega-finca-de-los-arandinos\/#a1719\">Fuenmayor<\/a><\/p><p style=\"padding-left: 40px;\"><a href=\"https:\/\/www.elturistatranquil.com\/ca\/hotel-bodega-finca-de-los-arandinos\/#a1720\">Briones<\/a><\/p><p style=\"padding-left: 40px;\"><a href=\"https:\/\/www.elturistatranquil.com\/ca\/hotel-bodega-finca-de-los-arandinos\/#a1721\">Haro<\/a><\/p><p style=\"padding-left: 40px;\"><a href=\"https:\/\/www.elturistatranquil.com\/ca\/hotel-bodega-finca-de-los-arandinos\/#a1722\">San Vicente de la Sonsierra<\/a><\/p><p style=\"padding-left: 40px;\"><a href=\"https:\/\/www.elturistatranquil.com\/ca\/hotel-bodega-finca-de-los-arandinos\/#a1723\">Elciego<\/a><\/p><p style=\"padding-left: 40px;\"><a href=\"https:\/\/www.elturistatranquil.com\/ca\/hotel-bodega-finca-de-los-arandinos\/#a1724\">Laguardia<\/a><\/p><p><a href=\"https:\/\/www.elturistatranquil.com\/ca\/hotel-bodega-finca-de-los-arandinos\/#a1725\">Vitoria-Gasteiz<\/a><\/p><p><a href=\"https:\/\/www.elturistatranquil.com\/ca\/hotel-bodega-finca-de-los-arandinos\/#a1726\">Fi de la sortida: El retorn<\/a><\/p>\t\t\t\t\t\t\t\t<\/div>\n\t\t\t\t<\/div>\n\t\t\t\t\t<\/div>\n\t\t<\/div>\n\t\t\t\t\t<\/div>\n\t\t<\/section>\n\t\t\t\t<div class=\"elementor-element elementor-element-28ad7ea4 elementor-widget elementor-widget-spacer\" data-id=\"28ad7ea4\" data-element_type=\"widget\" data-e-type=\"widget\" data-widget_type=\"spacer.default\">\n\t\t\t\t<div class=\"elementor-widget-container\">\n\t\t\t\t\t\t\t<div class=\"elementor-spacer\">\n\t\t\t<div class=\"elementor-spacer-inner\"><\/div>\n\t\t<\/div>\n\t\t\t\t\t\t<\/div>\n\t\t\t\t<\/div>\n\t\t\t\t<div class=\"elementor-element elementor-element-7d2cb4d4 elementor-widget elementor-widget-menu-anchor\" data-id=\"7d2cb4d4\" data-element_type=\"widget\" data-e-type=\"widget\" data-widget_type=\"menu-anchor.default\">\n\t\t\t\t<div class=\"elementor-widget-container\">\n\t\t\t\t\t\t\t<div class=\"elementor-menu-anchor\" id=\"a1701\"><\/div>\n\t\t\t\t\t\t<\/div>\n\t\t\t\t<\/div>\n\t\t\t\t<div class=\"elementor-element elementor-element-71a90cb7 elementor-widget elementor-widget-spacer\" data-id=\"71a90cb7\" data-element_type=\"widget\" data-e-type=\"widget\" data-widget_type=\"spacer.default\">\n\t\t\t\t<div class=\"elementor-widget-container\">\n\t\t\t\t\t\t\t<div class=\"elementor-spacer\">\n\t\t\t<div class=\"elementor-spacer-inner\"><\/div>\n\t\t<\/div>\n\t\t\t\t\t\t<\/div>\n\t\t\t\t<\/div>\n\t\t\t\t<div class=\"elementor-element elementor-element-691b3dc1 elementor-widget elementor-widget-heading\" data-id=\"691b3dc1\" data-element_type=\"widget\" data-e-type=\"widget\" data-widget_type=\"heading.default\">\n\t\t\t\t<div class=\"elementor-widget-container\">\n\t\t\t\t\t<h2 class=\"elementor-heading-title elementor-size-default\">Hotel Bodega Finca de los Arandinos. La Rioja<\/h2>\t\t\t\t<\/div>\n\t\t\t\t<\/div>\n\t\t\t\t<div class=\"elementor-element elementor-element-58fefcd elementor-widget elementor-widget-menu-anchor\" data-id=\"58fefcd\" data-element_type=\"widget\" data-e-type=\"widget\" data-widget_type=\"menu-anchor.default\">\n\t\t\t\t<div class=\"elementor-widget-container\">\n\t\t\t\t\t\t\t<div class=\"elementor-menu-anchor\" id=\"a1702\"><\/div>\n\t\t\t\t\t\t<\/div>\n\t\t\t\t<\/div>\n\t\t\t\t<div class=\"elementor-element elementor-element-7d3d998b elementor-widget elementor-widget-text-editor\" data-id=\"7d3d998b\" data-element_type=\"widget\" data-e-type=\"widget\" data-widget_type=\"text-editor.default\">\n\t\t\t\t<div class=\"elementor-widget-container\">\n\t\t\t\t\t\t\t\t\t<p>Una parella, de la que confio molt en els seus gustos i criteri, anava a fer una escapada a la Rioja. Els vaig demanar si podien passar-me les seves impressions i fotografies per realitzar el Post seguint, m\u00e9s o menys, les pautes del Blog i els va semblar una bona idea.<\/p><p>Aquest \u00e9s el resultat d&#8217;una primera experi\u00e8ncia de Post convidat.<\/p>\t\t\t\t\t\t\t\t<\/div>\n\t\t\t\t<\/div>\n\t\t\t\t<div class=\"elementor-element elementor-element-5680eb32 elementor-widget elementor-widget-heading\" data-id=\"5680eb32\" data-element_type=\"widget\" data-e-type=\"widget\" data-widget_type=\"heading.default\">\n\t\t\t\t<div class=\"elementor-widget-container\">\n\t\t\t\t\t<h2 class=\"elementor-heading-title elementor-size-default\">Elecci\u00f3 de la sortida<\/h2>\t\t\t\t<\/div>\n\t\t\t\t<\/div>\n\t\t\t\t<div class=\"elementor-element elementor-element-bb76ce1 elementor-widget elementor-widget-text-editor\" data-id=\"bb76ce1\" data-element_type=\"widget\" data-e-type=\"widget\" data-widget_type=\"text-editor.default\">\n\t\t\t\t<div class=\"elementor-widget-container\">\n\t\t\t\t\t\t\t\t\t<p>La seva proposta va ser presentar el <strong>Hotel Bodega Finca de Los Arandinos<\/strong>, a la localitat de Entrena, a la Rioja Alta. Es tractava d&#8217;allotjar-se en una de les propostes modernitzadores de l&#8217;enoturisme de la Rioja.<\/p>\t\t\t\t\t\t\t\t<\/div>\n\t\t\t\t<\/div>\n\t\t\t\t<div class=\"elementor-element elementor-element-24e7897 elementor-widget elementor-widget-menu-anchor\" data-id=\"24e7897\" data-element_type=\"widget\" data-e-type=\"widget\" data-widget_type=\"menu-anchor.default\">\n\t\t\t\t<div class=\"elementor-widget-container\">\n\t\t\t\t\t\t\t<div class=\"elementor-menu-anchor\" id=\"a1703\"><\/div>\n\t\t\t\t\t\t<\/div>\n\t\t\t\t<\/div>\n\t\t\t\t<div class=\"elementor-element elementor-element-25494c82 elementor-widget elementor-widget-image\" data-id=\"25494c82\" data-element_type=\"widget\" data-e-type=\"widget\" data-widget_type=\"image.default\">\n\t\t\t\t<div class=\"elementor-widget-container\">\n\t\t\t\t\t\t\t\t\t\t\t\t<figure class=\"wp-caption\">\n\t\t\t\t\t\t\t\t\t\t<img decoding=\"async\" width=\"361\" height=\"140\" src=\"https:\/\/www.elturistatranquil.com\/wp-content\/uploads\/F03-Hotel-Bodega-Finca-de-los-Arandinos.jpg\" class=\"attachment-large size-large wp-image-27810\" alt=\"Hotel Bodega Finca de los Arandinos\" srcset=\"https:\/\/www.elturistatranquil.com\/wp-content\/uploads\/F03-Hotel-Bodega-Finca-de-los-Arandinos.jpg 361w, https:\/\/www.elturistatranquil.com\/wp-content\/uploads\/F03-Hotel-Bodega-Finca-de-los-Arandinos-339x131.jpg 339w\" sizes=\"(max-width: 361px) 100vw, 361px\" \/>\t\t\t\t\t\t\t\t\t\t\t<figcaption class=\"widget-image-caption wp-caption-text\"><\/figcaption>\n\t\t\t\t\t\t\t\t\t\t<\/figure>\n\t\t\t\t\t\t\t\t\t<\/div>\n\t\t\t\t<\/div>\n\t\t\t\t<div class=\"elementor-element elementor-element-2deb8be elementor-widget elementor-widget-heading\" data-id=\"2deb8be\" data-element_type=\"widget\" data-e-type=\"widget\" data-widget_type=\"heading.default\">\n\t\t\t\t<div class=\"elementor-widget-container\">\n\t\t\t\t\t<h2 class=\"elementor-heading-title elementor-size-default\">El Hotel Bodega Finca de los Arandinos<\/h2>\t\t\t\t<\/div>\n\t\t\t\t<\/div>\n\t\t\t\t<div class=\"elementor-element elementor-element-0eaf339 elementor-widget elementor-widget-image\" data-id=\"0eaf339\" data-element_type=\"widget\" data-e-type=\"widget\" data-widget_type=\"image.default\">\n\t\t\t\t<div class=\"elementor-widget-container\">\n\t\t\t\t\t\t\t\t\t\t\t\t<figure class=\"wp-caption\">\n\t\t\t\t\t\t\t\t\t\t<img loading=\"lazy\" decoding=\"async\" width=\"768\" height=\"513\" src=\"https:\/\/www.elturistatranquil.com\/wp-content\/uploads\/F04-Hotel-Bodega-Finca-de-los-Arandinos-Google-maps-2020-01-24-2.jpg\" class=\"attachment-large size-large wp-image-27812\" alt=\"Hotel Bodega Finca de los Arandinos (Google-maps-2020-01-24)-2\" srcset=\"https:\/\/www.elturistatranquil.com\/wp-content\/uploads\/F04-Hotel-Bodega-Finca-de-los-Arandinos-Google-maps-2020-01-24-2.jpg 768w, https:\/\/www.elturistatranquil.com\/wp-content\/uploads\/F04-Hotel-Bodega-Finca-de-los-Arandinos-Google-maps-2020-01-24-2-339x226.jpg 339w\" sizes=\"(max-width: 768px) 100vw, 768px\" \/>\t\t\t\t\t\t\t\t\t\t\t<figcaption class=\"widget-image-caption wp-caption-text\">Situaci\u00f3 del  Hotel Bodega Finca de los Arandinos (Google-maps-2020-01-24)<\/figcaption>\n\t\t\t\t\t\t\t\t\t\t<\/figure>\n\t\t\t\t\t\t\t\t\t<\/div>\n\t\t\t\t<\/div>\n\t\t\t\t<div class=\"elementor-element elementor-element-a5a09b9 elementor-widget elementor-widget-text-editor\" data-id=\"a5a09b9\" data-element_type=\"widget\" data-e-type=\"widget\" data-widget_type=\"text-editor.default\">\n\t\t\t\t<div class=\"elementor-widget-container\">\n\t\t\t\t\t\t\t\t\t<p>El <strong>Hotel Bodega Finca de los Arandinos<\/strong> est\u00e0 situat a la Rioja Alta, segons la classificaci\u00f3 de la denominaci\u00f3 d\u2019origen dels vins de Rioja. Als afores de la localitat d\u2019Entrena, a poc m\u00e9s d\u2019un kil\u00f2metre, i a uns 14 kil\u00f2metres de Logronyo.<\/p><p>L\u2019any 2018 aquest Hotel va ser reconegut com el millor hotel enotur\u00edstic d\u2019Espa\u00f1a, guanyant l\u2019<em>IWCM Award Spain<\/em>.<\/p><p>Forma part de la tend\u00e8ncia de renovaci\u00f3 y modernitzaci\u00f3 de les instal\u00b7lacions dels cellers de La Rioja.<\/p><p>Inaugurat l\u2019any 2011, \u00e9s obra de l\u2019arquitecte <em>Javier Arizcuren<\/em>. Ofereix 14 habitacions, i la decoraci\u00f3 de 10 d\u2019aquestes es va encarregar a <em>David Delf\u00edn<\/em>.<\/p><p>Un \u00fanic edifici allargat, en forma d\u2019angle obert, aplega totes les activitats. Les vin\u00edcoles de tractament del ra\u00efm i celler, i les tur\u00edstiques hoteleres, del spa i de restauraci\u00f3.<\/p><p>D\u2019esquena a la carretera, les habitacions s\u2019orienten sobre les vinyes en direcci\u00f3 nord-est.<\/p>\t\t\t\t\t\t\t\t<\/div>\n\t\t\t\t<\/div>\n\t\t\t\t<div class=\"elementor-element elementor-element-cb623ee elementor-widget elementor-widget-image\" data-id=\"cb623ee\" data-element_type=\"widget\" data-e-type=\"widget\" data-widget_type=\"image.default\">\n\t\t\t\t<div class=\"elementor-widget-container\">\n\t\t\t\t\t\t\t\t\t\t\t\t<figure class=\"wp-caption\">\n\t\t\t\t\t\t\t\t\t\t<img loading=\"lazy\" decoding=\"async\" width=\"768\" height=\"512\" src=\"https:\/\/www.elturistatranquil.com\/wp-content\/uploads\/F05-Hotel-Bodega-Finca-de-los-Arandinos-Google-earth-2020-01-24.jpg\" class=\"attachment-large size-large wp-image-27814\" alt=\"Hotel Bodega Finca de los Arandinos (Google-earth-2020-01-24)\" srcset=\"https:\/\/www.elturistatranquil.com\/wp-content\/uploads\/F05-Hotel-Bodega-Finca-de-los-Arandinos-Google-earth-2020-01-24.jpg 768w, https:\/\/www.elturistatranquil.com\/wp-content\/uploads\/F05-Hotel-Bodega-Finca-de-los-Arandinos-Google-earth-2020-01-24-339x226.jpg 339w\" sizes=\"(max-width: 768px) 100vw, 768px\" \/>\t\t\t\t\t\t\t\t\t\t\t<figcaption class=\"widget-image-caption wp-caption-text\">Hotel Bodega Finca de los Arandinos (Google-earth-2020-01-24)<\/figcaption>\n\t\t\t\t\t\t\t\t\t\t<\/figure>\n\t\t\t\t\t\t\t\t\t<\/div>\n\t\t\t\t<\/div>\n\t\t\t\t<div class=\"elementor-element elementor-element-c46db7e elementor-widget elementor-widget-text-editor\" data-id=\"c46db7e\" data-element_type=\"widget\" data-e-type=\"widget\" data-widget_type=\"text-editor.default\">\n\t\t\t\t<div class=\"elementor-widget-container\">\n\t\t\t\t\t\t\t\t\t<p>Ple de finestrals des d\u2019on veus les vinyes de la Finca i la serra de Calvi\u00f1os. La visi\u00f3 constant de les vinyes i del paisatge a trav\u00e9s dels grans finestrals que envolten tot l\u2019edifici seria una de les caracter\u00edstiques pr\u00f2pies en la identificaci\u00f3 entre l\u2019interior de l\u2019edifici i el paisatge.<\/p><p>L\u2019arquitecte volia que s\u2019aprofitessin els colors de totes les estacions de l\u2019any que caracteritza a la vinya de La Rioja.<\/p>\t\t\t\t\t\t\t\t<\/div>\n\t\t\t\t<\/div>\n\t\t\t\t<div class=\"elementor-element elementor-element-3f5093a elementor-widget elementor-widget-image\" data-id=\"3f5093a\" data-element_type=\"widget\" data-e-type=\"widget\" data-widget_type=\"image.default\">\n\t\t\t\t<div class=\"elementor-widget-container\">\n\t\t\t\t\t\t\t\t\t\t\t\t<figure class=\"wp-caption\">\n\t\t\t\t\t\t\t\t\t\t<img loading=\"lazy\" decoding=\"async\" width=\"768\" height=\"512\" src=\"https:\/\/www.elturistatranquil.com\/wp-content\/uploads\/F06-Hotel-Bodega-Finca-de-los-Arandinos.jpg\" class=\"attachment-large size-large wp-image-27816\" alt=\"Hotel Bodega Finca de los Arandinos\" srcset=\"https:\/\/www.elturistatranquil.com\/wp-content\/uploads\/F06-Hotel-Bodega-Finca-de-los-Arandinos.jpg 768w, https:\/\/www.elturistatranquil.com\/wp-content\/uploads\/F06-Hotel-Bodega-Finca-de-los-Arandinos-339x226.jpg 339w\" sizes=\"(max-width: 768px) 100vw, 768px\" \/>\t\t\t\t\t\t\t\t\t\t\t<figcaption class=\"widget-image-caption wp-caption-text\">(Foto: Finca de los Arandinos)<\/figcaption>\n\t\t\t\t\t\t\t\t\t\t<\/figure>\n\t\t\t\t\t\t\t\t\t<\/div>\n\t\t\t\t<\/div>\n\t\t\t\t<div class=\"elementor-element elementor-element-49931ea elementor-widget elementor-widget-image\" data-id=\"49931ea\" data-element_type=\"widget\" data-e-type=\"widget\" data-widget_type=\"image.default\">\n\t\t\t\t<div class=\"elementor-widget-container\">\n\t\t\t\t\t\t\t\t\t\t\t\t<figure class=\"wp-caption\">\n\t\t\t\t\t\t\t\t\t\t<img loading=\"lazy\" decoding=\"async\" width=\"768\" height=\"512\" src=\"https:\/\/www.elturistatranquil.com\/wp-content\/uploads\/F07-Hotel-Bodega-Finca-de-los-Arandinos.jpg\" class=\"attachment-large size-large wp-image-27818\" alt=\"Hotel Bodega Finca de los Arandinos\" srcset=\"https:\/\/www.elturistatranquil.com\/wp-content\/uploads\/F07-Hotel-Bodega-Finca-de-los-Arandinos.jpg 768w, https:\/\/www.elturistatranquil.com\/wp-content\/uploads\/F07-Hotel-Bodega-Finca-de-los-Arandinos-339x226.jpg 339w\" sizes=\"(max-width: 768px) 100vw, 768px\" \/>\t\t\t\t\t\t\t\t\t\t\t<figcaption class=\"widget-image-caption wp-caption-text\"><\/figcaption>\n\t\t\t\t\t\t\t\t\t\t<\/figure>\n\t\t\t\t\t\t\t\t\t<\/div>\n\t\t\t\t<\/div>\n\t\t\t\t<div class=\"elementor-element elementor-element-460de37 elementor-widget elementor-widget-text-editor\" data-id=\"460de37\" data-element_type=\"widget\" data-e-type=\"widget\" data-widget_type=\"text-editor.default\">\n\t\t\t\t<div class=\"elementor-widget-container\">\n\t\t\t\t\t\t\t\t\t<p>L\u2019entrada a l\u2019hotel es fa per un ampli hall de recepci\u00f3 que \u00a0interconnecta tots els espais per mitja d\u2019un gran distribu\u00efdor central, i que inclou l\u2019espai d\u2019estar de l\u2019hotel.<\/p>\t\t\t\t\t\t\t\t<\/div>\n\t\t\t\t<\/div>\n\t\t\t\t<div class=\"elementor-element elementor-element-d2203f9 elementor-widget elementor-widget-image\" data-id=\"d2203f9\" data-element_type=\"widget\" data-e-type=\"widget\" data-widget_type=\"image.default\">\n\t\t\t\t<div class=\"elementor-widget-container\">\n\t\t\t\t\t\t\t\t\t\t\t\t<figure class=\"wp-caption\">\n\t\t\t\t\t\t\t\t\t\t<img loading=\"lazy\" decoding=\"async\" width=\"768\" height=\"512\" src=\"https:\/\/www.elturistatranquil.com\/wp-content\/uploads\/F08-Hotel-Bodega-Finca-de-los-Arandinos.jpg\" class=\"attachment-large size-large wp-image-27820\" alt=\"Hotel Bodega Finca de los Arandinos\" srcset=\"https:\/\/www.elturistatranquil.com\/wp-content\/uploads\/F08-Hotel-Bodega-Finca-de-los-Arandinos.jpg 768w, https:\/\/www.elturistatranquil.com\/wp-content\/uploads\/F08-Hotel-Bodega-Finca-de-los-Arandinos-339x226.jpg 339w\" sizes=\"(max-width: 768px) 100vw, 768px\" \/>\t\t\t\t\t\t\t\t\t\t\t<figcaption class=\"widget-image-caption wp-caption-text\"><\/figcaption>\n\t\t\t\t\t\t\t\t\t\t<\/figure>\n\t\t\t\t\t\t\t\t\t<\/div>\n\t\t\t\t<\/div>\n\t\t\t\t<div class=\"elementor-element elementor-element-f8242af elementor-widget elementor-widget-image\" data-id=\"f8242af\" data-element_type=\"widget\" data-e-type=\"widget\" data-widget_type=\"image.default\">\n\t\t\t\t<div class=\"elementor-widget-container\">\n\t\t\t\t\t\t\t\t\t\t\t\t<figure class=\"wp-caption\">\n\t\t\t\t\t\t\t\t\t\t<img loading=\"lazy\" decoding=\"async\" width=\"768\" height=\"512\" src=\"https:\/\/www.elturistatranquil.com\/wp-content\/uploads\/F09-Hotel-Bodega-Finca-de-los-Arandinos.jpg\" class=\"attachment-large size-large wp-image-27822\" alt=\"Hotel Bodega Finca de los Arandinos\" srcset=\"https:\/\/www.elturistatranquil.com\/wp-content\/uploads\/F09-Hotel-Bodega-Finca-de-los-Arandinos.jpg 768w, https:\/\/www.elturistatranquil.com\/wp-content\/uploads\/F09-Hotel-Bodega-Finca-de-los-Arandinos-339x226.jpg 339w\" sizes=\"(max-width: 768px) 100vw, 768px\" \/>\t\t\t\t\t\t\t\t\t\t\t<figcaption class=\"widget-image-caption wp-caption-text\"><\/figcaption>\n\t\t\t\t\t\t\t\t\t\t<\/figure>\n\t\t\t\t\t\t\t\t\t<\/div>\n\t\t\t\t<\/div>\n\t\t\t\t<div class=\"elementor-element elementor-element-d992e7e elementor-widget elementor-widget-image\" data-id=\"d992e7e\" data-element_type=\"widget\" data-e-type=\"widget\" data-widget_type=\"image.default\">\n\t\t\t\t<div class=\"elementor-widget-container\">\n\t\t\t\t\t\t\t\t\t\t\t\t<figure class=\"wp-caption\">\n\t\t\t\t\t\t\t\t\t\t<img loading=\"lazy\" decoding=\"async\" width=\"768\" height=\"512\" src=\"https:\/\/www.elturistatranquil.com\/wp-content\/uploads\/F10-Hotel-Bodega-Finca-de-los-Arandinos.jpg\" class=\"attachment-large size-large wp-image-27824\" alt=\"Hotel Bodega Finca de los Arandinos\" srcset=\"https:\/\/www.elturistatranquil.com\/wp-content\/uploads\/F10-Hotel-Bodega-Finca-de-los-Arandinos.jpg 768w, https:\/\/www.elturistatranquil.com\/wp-content\/uploads\/F10-Hotel-Bodega-Finca-de-los-Arandinos-339x226.jpg 339w\" sizes=\"(max-width: 768px) 100vw, 768px\" \/>\t\t\t\t\t\t\t\t\t\t\t<figcaption class=\"widget-image-caption wp-caption-text\"><\/figcaption>\n\t\t\t\t\t\t\t\t\t\t<\/figure>\n\t\t\t\t\t\t\t\t\t<\/div>\n\t\t\t\t<\/div>\n\t\t\t\t<div class=\"elementor-element elementor-element-3a33b55 elementor-widget elementor-widget-image\" data-id=\"3a33b55\" data-element_type=\"widget\" data-e-type=\"widget\" data-widget_type=\"image.default\">\n\t\t\t\t<div class=\"elementor-widget-container\">\n\t\t\t\t\t\t\t\t\t\t\t\t<figure class=\"wp-caption\">\n\t\t\t\t\t\t\t\t\t\t<img loading=\"lazy\" decoding=\"async\" width=\"768\" height=\"512\" src=\"https:\/\/www.elturistatranquil.com\/wp-content\/uploads\/F11-Hotel-Bodega-Finca-de-los-Arandinos.jpg\" class=\"attachment-large size-large wp-image-27826\" alt=\"Hotel Bodega Finca de los Arandinos\" srcset=\"https:\/\/www.elturistatranquil.com\/wp-content\/uploads\/F11-Hotel-Bodega-Finca-de-los-Arandinos.jpg 768w, https:\/\/www.elturistatranquil.com\/wp-content\/uploads\/F11-Hotel-Bodega-Finca-de-los-Arandinos-339x226.jpg 339w\" sizes=\"(max-width: 768px) 100vw, 768px\" \/>\t\t\t\t\t\t\t\t\t\t\t<figcaption class=\"widget-image-caption wp-caption-text\"><\/figcaption>\n\t\t\t\t\t\t\t\t\t\t<\/figure>\n\t\t\t\t\t\t\t\t\t<\/div>\n\t\t\t\t<\/div>\n\t\t\t\t<div class=\"elementor-element elementor-element-185144e elementor-widget elementor-widget-text-editor\" data-id=\"185144e\" data-element_type=\"widget\" data-e-type=\"widget\" data-widget_type=\"text-editor.default\">\n\t\t\t\t<div class=\"elementor-widget-container\">\n\t\t\t\t\t\t\t\t\t<p>La recepcionista ens va acompanyar fins a l\u2019habitaci\u00f3, ens va explicar que era una habitaci\u00f3 dissenyada pel <em>David Delf\u00edn<\/em> (com 10 de les 14 habitacions de l\u2019hotel).<\/p><p>Les 10 habitacions de David Delf\u00edn estan a la planta de la recepci\u00f3, en un passad\u00eds que a una banda t\u00e9 les portes de les habitacions i l\u2019altre una paret de vidre que comunica l\u2019interior amb l\u2019exterior (t\u00f2nica de l\u2019edifici)\u00a0 i aix\u00f2 li donava un toc particular.<\/p>\t\t\t\t\t\t\t\t<\/div>\n\t\t\t\t<\/div>\n\t\t\t\t<div class=\"elementor-element elementor-element-45a82ca elementor-widget elementor-widget-image\" data-id=\"45a82ca\" data-element_type=\"widget\" data-e-type=\"widget\" data-widget_type=\"image.default\">\n\t\t\t\t<div class=\"elementor-widget-container\">\n\t\t\t\t\t\t\t\t\t\t\t\t<figure class=\"wp-caption\">\n\t\t\t\t\t\t\t\t\t\t<img loading=\"lazy\" decoding=\"async\" width=\"472\" height=\"550\" src=\"https:\/\/www.elturistatranquil.com\/wp-content\/uploads\/F12-Hotel-Bodega-Finca-de-los-Arandinos.jpg\" class=\"attachment-large size-large wp-image-27828\" alt=\"Hotel Bodega Finca de los Arandinos\" srcset=\"https:\/\/www.elturistatranquil.com\/wp-content\/uploads\/F12-Hotel-Bodega-Finca-de-los-Arandinos.jpg 472w, https:\/\/www.elturistatranquil.com\/wp-content\/uploads\/F12-Hotel-Bodega-Finca-de-los-Arandinos-194x226.jpg 194w\" sizes=\"(max-width: 472px) 100vw, 472px\" \/>\t\t\t\t\t\t\t\t\t\t\t<figcaption class=\"widget-image-caption wp-caption-text\"><\/figcaption>\n\t\t\t\t\t\t\t\t\t\t<\/figure>\n\t\t\t\t\t\t\t\t\t<\/div>\n\t\t\t\t<\/div>\n\t\t\t\t<div class=\"elementor-element elementor-element-fc21b10 elementor-widget elementor-widget-text-editor\" data-id=\"fc21b10\" data-element_type=\"widget\" data-e-type=\"widget\" data-widget_type=\"text-editor.default\">\n\t\t\t\t<div class=\"elementor-widget-container\">\n\t\t\t\t\t\t\t\t\t<p>A la porta de l\u2019habitaci\u00f3 ens va dir que no ens l\u2019ensenyava perqu\u00e8 descobrir com \u00e9s l\u2019habitaci\u00f3 forma part de l\u2019experi\u00e8ncia. No mostrem totes les fotos per a que ho descobriu si hi aneu, per\u00f2 \u00e9s una habitaci\u00f3 canviant.<\/p>\t\t\t\t\t\t\t\t<\/div>\n\t\t\t\t<\/div>\n\t\t\t\t<div class=\"elementor-element elementor-element-63a0ee8 elementor-widget elementor-widget-image\" data-id=\"63a0ee8\" data-element_type=\"widget\" data-e-type=\"widget\" data-widget_type=\"image.default\">\n\t\t\t\t<div class=\"elementor-widget-container\">\n\t\t\t\t\t\t\t\t\t\t\t\t<figure class=\"wp-caption\">\n\t\t\t\t\t\t\t\t\t\t<img loading=\"lazy\" decoding=\"async\" width=\"768\" height=\"512\" src=\"https:\/\/www.elturistatranquil.com\/wp-content\/uploads\/F13-Hotel-Bodega-Finca-de-los-Arandinos.jpg\" class=\"attachment-large size-large wp-image-27830\" alt=\"Hotel Bodega Finca de los Arandinos\" srcset=\"https:\/\/www.elturistatranquil.com\/wp-content\/uploads\/F13-Hotel-Bodega-Finca-de-los-Arandinos.jpg 768w, https:\/\/www.elturistatranquil.com\/wp-content\/uploads\/F13-Hotel-Bodega-Finca-de-los-Arandinos-339x226.jpg 339w\" sizes=\"(max-width: 768px) 100vw, 768px\" \/>\t\t\t\t\t\t\t\t\t\t\t<figcaption class=\"widget-image-caption wp-caption-text\"><\/figcaption>\n\t\t\t\t\t\t\t\t\t\t<\/figure>\n\t\t\t\t\t\t\t\t\t<\/div>\n\t\t\t\t<\/div>\n\t\t\t\t<div class=\"elementor-element elementor-element-c5d1ed4 elementor-widget elementor-widget-image\" data-id=\"c5d1ed4\" data-element_type=\"widget\" data-e-type=\"widget\" data-widget_type=\"image.default\">\n\t\t\t\t<div class=\"elementor-widget-container\">\n\t\t\t\t\t\t\t\t\t\t\t\t<figure class=\"wp-caption\">\n\t\t\t\t\t\t\t\t\t\t<img loading=\"lazy\" decoding=\"async\" width=\"768\" height=\"512\" src=\"https:\/\/www.elturistatranquil.com\/wp-content\/uploads\/F14-Hotel-Bodega-Finca-de-los-Arandinos.jpg\" class=\"attachment-large size-large wp-image-27832\" alt=\"Hotel Bodega Finca de los Arandinos\" srcset=\"https:\/\/www.elturistatranquil.com\/wp-content\/uploads\/F14-Hotel-Bodega-Finca-de-los-Arandinos.jpg 768w, https:\/\/www.elturistatranquil.com\/wp-content\/uploads\/F14-Hotel-Bodega-Finca-de-los-Arandinos-339x226.jpg 339w\" sizes=\"(max-width: 768px) 100vw, 768px\" \/>\t\t\t\t\t\t\t\t\t\t\t<figcaption class=\"widget-image-caption wp-caption-text\"><\/figcaption>\n\t\t\t\t\t\t\t\t\t\t<\/figure>\n\t\t\t\t\t\t\t\t\t<\/div>\n\t\t\t\t<\/div>\n\t\t\t\t<div class=\"elementor-element elementor-element-9a8ff66 elementor-widget elementor-widget-text-editor\" data-id=\"9a8ff66\" data-element_type=\"widget\" data-e-type=\"widget\" data-widget_type=\"text-editor.default\">\n\t\t\t\t<div class=\"elementor-widget-container\">\n\t\t\t\t\t\t\t\t\t<p>Exemple de la idea de canvi el v\u00e0rem descobrir darrera una de les portes del moble separador, on apareix un espai de treball amb la seva cadira.<\/p>\t\t\t\t\t\t\t\t<\/div>\n\t\t\t\t<\/div>\n\t\t\t\t<div class=\"elementor-element elementor-element-82ed20e elementor-widget elementor-widget-image\" data-id=\"82ed20e\" data-element_type=\"widget\" data-e-type=\"widget\" data-widget_type=\"image.default\">\n\t\t\t\t<div class=\"elementor-widget-container\">\n\t\t\t\t\t\t\t\t\t\t\t\t<figure class=\"wp-caption\">\n\t\t\t\t\t\t\t\t\t\t<img loading=\"lazy\" decoding=\"async\" width=\"768\" height=\"512\" src=\"https:\/\/www.elturistatranquil.com\/wp-content\/uploads\/F15-Hotel-Bodega-Finca-de-los-Arandinos.jpg\" class=\"attachment-large size-large wp-image-27834\" alt=\"Hotel Bodega Finca de los Arandinos\" srcset=\"https:\/\/www.elturistatranquil.com\/wp-content\/uploads\/F15-Hotel-Bodega-Finca-de-los-Arandinos.jpg 768w, https:\/\/www.elturistatranquil.com\/wp-content\/uploads\/F15-Hotel-Bodega-Finca-de-los-Arandinos-339x226.jpg 339w\" sizes=\"(max-width: 768px) 100vw, 768px\" \/>\t\t\t\t\t\t\t\t\t\t\t<figcaption class=\"widget-image-caption wp-caption-text\"><\/figcaption>\n\t\t\t\t\t\t\t\t\t\t<\/figure>\n\t\t\t\t\t\t\t\t\t<\/div>\n\t\t\t\t<\/div>\n\t\t\t\t<div class=\"elementor-element elementor-element-65780bf elementor-widget elementor-widget-image\" data-id=\"65780bf\" data-element_type=\"widget\" data-e-type=\"widget\" data-widget_type=\"image.default\">\n\t\t\t\t<div class=\"elementor-widget-container\">\n\t\t\t\t\t\t\t\t\t\t\t\t<figure class=\"wp-caption\">\n\t\t\t\t\t\t\t\t\t\t<img loading=\"lazy\" decoding=\"async\" width=\"768\" height=\"512\" src=\"https:\/\/www.elturistatranquil.com\/wp-content\/uploads\/F16-Hotel-Bodega-Finca-de-los-Arandinos.jpg\" class=\"attachment-large size-large wp-image-27836\" alt=\"Hotel Bodega Finca de los Arandinos\" srcset=\"https:\/\/www.elturistatranquil.com\/wp-content\/uploads\/F16-Hotel-Bodega-Finca-de-los-Arandinos.jpg 768w, https:\/\/www.elturistatranquil.com\/wp-content\/uploads\/F16-Hotel-Bodega-Finca-de-los-Arandinos-339x226.jpg 339w\" sizes=\"(max-width: 768px) 100vw, 768px\" \/>\t\t\t\t\t\t\t\t\t\t\t<figcaption class=\"widget-image-caption wp-caption-text\"><\/figcaption>\n\t\t\t\t\t\t\t\t\t\t<\/figure>\n\t\t\t\t\t\t\t\t\t<\/div>\n\t\t\t\t<\/div>\n\t\t\t\t<div class=\"elementor-element elementor-element-ded13b7 elementor-widget elementor-widget-text-editor\" data-id=\"ded13b7\" data-element_type=\"widget\" data-e-type=\"widget\" data-widget_type=\"text-editor.default\">\n\t\t\t\t<div class=\"elementor-widget-container\">\n\t\t\t\t\t\t\t\t\t<p>Un gran finestral i una \u00e0mplia terrassa, encarat a nord-est, sobre les vinyes de l\u2019explotaci\u00f3, aporten lluminositat i espectacularitat a l\u2019habitaci\u00f3.<\/p>\t\t\t\t\t\t\t\t<\/div>\n\t\t\t\t<\/div>\n\t\t\t\t<div class=\"elementor-element elementor-element-9a61af1 elementor-widget elementor-widget-image\" data-id=\"9a61af1\" data-element_type=\"widget\" data-e-type=\"widget\" data-widget_type=\"image.default\">\n\t\t\t\t<div class=\"elementor-widget-container\">\n\t\t\t\t\t\t\t\t\t\t\t\t<figure class=\"wp-caption\">\n\t\t\t\t\t\t\t\t\t\t<img loading=\"lazy\" decoding=\"async\" width=\"768\" height=\"512\" src=\"https:\/\/www.elturistatranquil.com\/wp-content\/uploads\/F17-Hotel-Bodega-Finca-de-los-Arandinos.jpg\" class=\"attachment-large size-large wp-image-27838\" alt=\"Hotel Bodega Finca de los Arandinos\" srcset=\"https:\/\/www.elturistatranquil.com\/wp-content\/uploads\/F17-Hotel-Bodega-Finca-de-los-Arandinos.jpg 768w, https:\/\/www.elturistatranquil.com\/wp-content\/uploads\/F17-Hotel-Bodega-Finca-de-los-Arandinos-339x226.jpg 339w\" sizes=\"(max-width: 768px) 100vw, 768px\" \/>\t\t\t\t\t\t\t\t\t\t\t<figcaption class=\"widget-image-caption wp-caption-text\"><\/figcaption>\n\t\t\t\t\t\t\t\t\t\t<\/figure>\n\t\t\t\t\t\t\t\t\t<\/div>\n\t\t\t\t<\/div>\n\t\t\t\t<div class=\"elementor-element elementor-element-d355b12 elementor-widget elementor-widget-text-editor\" data-id=\"d355b12\" data-element_type=\"widget\" data-e-type=\"widget\" data-widget_type=\"text-editor.default\">\n\t\t\t\t<div class=\"elementor-widget-container\">\n\t\t\t\t\t\t\t\t\t<p>Sortir a la terrassa \u00e9s tenir tot el paisatge a la teva disposici\u00f3, amb la Serra del Moncalvillo al fons.<\/p>\t\t\t\t\t\t\t\t<\/div>\n\t\t\t\t<\/div>\n\t\t\t\t<div class=\"elementor-element elementor-element-7809b75 elementor-widget elementor-widget-image\" data-id=\"7809b75\" data-element_type=\"widget\" data-e-type=\"widget\" data-widget_type=\"image.default\">\n\t\t\t\t<div class=\"elementor-widget-container\">\n\t\t\t\t\t\t\t\t\t\t\t\t<figure class=\"wp-caption\">\n\t\t\t\t\t\t\t\t\t\t<img loading=\"lazy\" decoding=\"async\" width=\"768\" height=\"512\" src=\"https:\/\/www.elturistatranquil.com\/wp-content\/uploads\/F18-Hotel-Bodega-Finca-de-los-Arandinos.jpg\" class=\"attachment-large size-large wp-image-27840\" alt=\"Hotel Bodega Finca de los Arandinos\" srcset=\"https:\/\/www.elturistatranquil.com\/wp-content\/uploads\/F18-Hotel-Bodega-Finca-de-los-Arandinos.jpg 768w, https:\/\/www.elturistatranquil.com\/wp-content\/uploads\/F18-Hotel-Bodega-Finca-de-los-Arandinos-339x226.jpg 339w\" sizes=\"(max-width: 768px) 100vw, 768px\" \/>\t\t\t\t\t\t\t\t\t\t\t<figcaption class=\"widget-image-caption wp-caption-text\"><\/figcaption>\n\t\t\t\t\t\t\t\t\t\t<\/figure>\n\t\t\t\t\t\t\t\t\t<\/div>\n\t\t\t\t<\/div>\n\t\t\t\t<div class=\"elementor-element elementor-element-d221986 elementor-widget elementor-widget-image\" data-id=\"d221986\" data-element_type=\"widget\" data-e-type=\"widget\" data-widget_type=\"image.default\">\n\t\t\t\t<div class=\"elementor-widget-container\">\n\t\t\t\t\t\t\t\t\t\t\t\t<figure class=\"wp-caption\">\n\t\t\t\t\t\t\t\t\t\t<img loading=\"lazy\" decoding=\"async\" width=\"768\" height=\"512\" src=\"https:\/\/www.elturistatranquil.com\/wp-content\/uploads\/F19-Hotel-Bodega-Finca-de-los-Arandinos.jpg\" class=\"attachment-large size-large wp-image-27842\" alt=\"Hotel Bodega Finca de los Arandinos\" srcset=\"https:\/\/www.elturistatranquil.com\/wp-content\/uploads\/F19-Hotel-Bodega-Finca-de-los-Arandinos.jpg 768w, https:\/\/www.elturistatranquil.com\/wp-content\/uploads\/F19-Hotel-Bodega-Finca-de-los-Arandinos-339x226.jpg 339w\" sizes=\"(max-width: 768px) 100vw, 768px\" \/>\t\t\t\t\t\t\t\t\t\t\t<figcaption class=\"widget-image-caption wp-caption-text\"><\/figcaption>\n\t\t\t\t\t\t\t\t\t\t<\/figure>\n\t\t\t\t\t\t\t\t\t<\/div>\n\t\t\t\t<\/div>\n\t\t\t\t<div class=\"elementor-element elementor-element-cc9bc2b elementor-widget elementor-widget-image\" data-id=\"cc9bc2b\" data-element_type=\"widget\" data-e-type=\"widget\" data-widget_type=\"image.default\">\n\t\t\t\t<div class=\"elementor-widget-container\">\n\t\t\t\t\t\t\t\t\t\t\t\t<figure class=\"wp-caption\">\n\t\t\t\t\t\t\t\t\t\t<img loading=\"lazy\" decoding=\"async\" width=\"768\" height=\"512\" src=\"https:\/\/www.elturistatranquil.com\/wp-content\/uploads\/F20-Hotel-Bodega-Finca-de-los-Arandinos.jpg\" class=\"attachment-large size-large wp-image-27844\" alt=\"Hotel Bodega Finca de los Arandinos\" srcset=\"https:\/\/www.elturistatranquil.com\/wp-content\/uploads\/F20-Hotel-Bodega-Finca-de-los-Arandinos.jpg 768w, https:\/\/www.elturistatranquil.com\/wp-content\/uploads\/F20-Hotel-Bodega-Finca-de-los-Arandinos-339x226.jpg 339w\" sizes=\"(max-width: 768px) 100vw, 768px\" \/>\t\t\t\t\t\t\t\t\t\t\t<figcaption class=\"widget-image-caption wp-caption-text\"><\/figcaption>\n\t\t\t\t\t\t\t\t\t\t<\/figure>\n\t\t\t\t\t\t\t\t\t<\/div>\n\t\t\t\t<\/div>\n\t\t\t\t<div class=\"elementor-element elementor-element-101021f elementor-widget elementor-widget-text-editor\" data-id=\"101021f\" data-element_type=\"widget\" data-e-type=\"widget\" data-widget_type=\"text-editor.default\">\n\t\t\t\t<div class=\"elementor-widget-container\">\n\t\t\t\t\t\t\t\t\t<p>Seguint amb una de les manies del <em>Blog<\/em>, v\u00e0rem buscar el balc\u00f3 de l\u2019habitaci\u00f3 des de l\u2019exterior per prendre\u2019n una imatge.<\/p>\t\t\t\t\t\t\t\t<\/div>\n\t\t\t\t<\/div>\n\t\t\t\t<div class=\"elementor-element elementor-element-dea6b3d elementor-widget elementor-widget-image\" data-id=\"dea6b3d\" data-element_type=\"widget\" data-e-type=\"widget\" data-widget_type=\"image.default\">\n\t\t\t\t<div class=\"elementor-widget-container\">\n\t\t\t\t\t\t\t\t\t\t\t\t<figure class=\"wp-caption\">\n\t\t\t\t\t\t\t\t\t\t<img loading=\"lazy\" decoding=\"async\" width=\"413\" height=\"550\" src=\"https:\/\/www.elturistatranquil.com\/wp-content\/uploads\/F21-Hotel-Bodega-Finca-de-los-Arandinos.jpg\" class=\"attachment-large size-large wp-image-27846\" alt=\"Hotel Bodega Finca de los Arandinos\" srcset=\"https:\/\/www.elturistatranquil.com\/wp-content\/uploads\/F21-Hotel-Bodega-Finca-de-los-Arandinos.jpg 413w, https:\/\/www.elturistatranquil.com\/wp-content\/uploads\/F21-Hotel-Bodega-Finca-de-los-Arandinos-170x226.jpg 170w\" sizes=\"(max-width: 413px) 100vw, 413px\" \/>\t\t\t\t\t\t\t\t\t\t\t<figcaption class=\"widget-image-caption wp-caption-text\"><\/figcaption>\n\t\t\t\t\t\t\t\t\t\t<\/figure>\n\t\t\t\t\t\t\t\t\t<\/div>\n\t\t\t\t<\/div>\n\t\t\t\t<div class=\"elementor-element elementor-element-4107d01 elementor-widget elementor-widget-text-editor\" data-id=\"4107d01\" data-element_type=\"widget\" data-e-type=\"widget\" data-widget_type=\"text-editor.default\">\n\t\t\t\t<div class=\"elementor-widget-container\">\n\t\t\t\t\t\t\t\t\t<p>El menjador \u00e9s el mateix per l\u2019esmorzar i pel restaurant. Una sala \u00e0mplia i lluminosa, com tot a l l\u2019hotel.<\/p>\t\t\t\t\t\t\t\t<\/div>\n\t\t\t\t<\/div>\n\t\t\t\t<div class=\"elementor-element elementor-element-105d377 elementor-widget elementor-widget-image\" data-id=\"105d377\" data-element_type=\"widget\" data-e-type=\"widget\" data-widget_type=\"image.default\">\n\t\t\t\t<div class=\"elementor-widget-container\">\n\t\t\t\t\t\t\t\t\t\t\t\t<figure class=\"wp-caption\">\n\t\t\t\t\t\t\t\t\t\t<img loading=\"lazy\" decoding=\"async\" width=\"768\" height=\"512\" src=\"https:\/\/www.elturistatranquil.com\/wp-content\/uploads\/F22-Hotel-Bodega-Finca-de-los-Arandinos.jpg\" class=\"attachment-large size-large wp-image-27848\" alt=\"Hotel Bodega Finca de los Arandinos\" srcset=\"https:\/\/www.elturistatranquil.com\/wp-content\/uploads\/F22-Hotel-Bodega-Finca-de-los-Arandinos.jpg 768w, https:\/\/www.elturistatranquil.com\/wp-content\/uploads\/F22-Hotel-Bodega-Finca-de-los-Arandinos-339x226.jpg 339w\" sizes=\"(max-width: 768px) 100vw, 768px\" \/>\t\t\t\t\t\t\t\t\t\t\t<figcaption class=\"widget-image-caption wp-caption-text\"><\/figcaption>\n\t\t\t\t\t\t\t\t\t\t<\/figure>\n\t\t\t\t\t\t\t\t\t<\/div>\n\t\t\t\t<\/div>\n\t\t\t\t<div class=\"elementor-element elementor-element-77066aa elementor-widget elementor-widget-text-editor\" data-id=\"77066aa\" data-element_type=\"widget\" data-e-type=\"widget\" data-widget_type=\"text-editor.default\">\n\t\t\t\t<div class=\"elementor-widget-container\">\n\t\t\t\t\t\t\t\t\t<p>L\u2019esmorzar molt complert i variat. Quan arribes et reben i et fan seure, et porten una ampolla de suc de taronja natural i et demanen si vols un plat d\u2019ous i com vols que te\u2019ls cuinin. Com es pot apreciar, un preparat de bona gastronomia.<\/p>\t\t\t\t\t\t\t\t<\/div>\n\t\t\t\t<\/div>\n\t\t\t\t<div class=\"elementor-element elementor-element-ba47c15 elementor-widget elementor-widget-image\" data-id=\"ba47c15\" data-element_type=\"widget\" data-e-type=\"widget\" data-widget_type=\"image.default\">\n\t\t\t\t<div class=\"elementor-widget-container\">\n\t\t\t\t\t\t\t\t\t\t\t\t<figure class=\"wp-caption\">\n\t\t\t\t\t\t\t\t\t\t<img loading=\"lazy\" decoding=\"async\" width=\"768\" height=\"512\" src=\"https:\/\/www.elturistatranquil.com\/wp-content\/uploads\/F23-Hotel-Bodega-Finca-de-los-Arandinos.jpg\" class=\"attachment-large size-large wp-image-27850\" alt=\"Hotel Bodega Finca de los Arandinos\" srcset=\"https:\/\/www.elturistatranquil.com\/wp-content\/uploads\/F23-Hotel-Bodega-Finca-de-los-Arandinos.jpg 768w, https:\/\/www.elturistatranquil.com\/wp-content\/uploads\/F23-Hotel-Bodega-Finca-de-los-Arandinos-339x226.jpg 339w\" sizes=\"(max-width: 768px) 100vw, 768px\" \/>\t\t\t\t\t\t\t\t\t\t\t<figcaption class=\"widget-image-caption wp-caption-text\"><\/figcaption>\n\t\t\t\t\t\t\t\t\t\t<\/figure>\n\t\t\t\t\t\t\t\t\t<\/div>\n\t\t\t\t<\/div>\n\t\t\t\t<div class=\"elementor-element elementor-element-71594c3 elementor-widget elementor-widget-text-editor\" data-id=\"71594c3\" data-element_type=\"widget\" data-e-type=\"widget\" data-widget_type=\"text-editor.default\">\n\t\t\t\t<div class=\"elementor-widget-container\">\n\t\t\t\t\t\t\t\t\t<p>Per altre banda, hi ha un bufet distribu\u00eft en tres espais. Un amb fruita, embotits i cereals, un altre amb una varietat de pans i pastes, amb torradora, tom\u00e0quet&#8230; i un tercer amb els caf\u00e8s i infusions.<\/p>\t\t\t\t\t\t\t\t<\/div>\n\t\t\t\t<\/div>\n\t\t\t\t<div class=\"elementor-element elementor-element-2708130 elementor-widget elementor-widget-image\" data-id=\"2708130\" data-element_type=\"widget\" data-e-type=\"widget\" data-widget_type=\"image.default\">\n\t\t\t\t<div class=\"elementor-widget-container\">\n\t\t\t\t\t\t\t\t\t\t\t\t<figure class=\"wp-caption\">\n\t\t\t\t\t\t\t\t\t\t<img loading=\"lazy\" decoding=\"async\" width=\"768\" height=\"512\" src=\"https:\/\/www.elturistatranquil.com\/wp-content\/uploads\/F24-Hotel-Bodega-Finca-de-los-Arandinos.jpg\" class=\"attachment-large size-large wp-image-27852\" alt=\"Hotel Bodega Finca de los Arandinos\" srcset=\"https:\/\/www.elturistatranquil.com\/wp-content\/uploads\/F24-Hotel-Bodega-Finca-de-los-Arandinos.jpg 768w, https:\/\/www.elturistatranquil.com\/wp-content\/uploads\/F24-Hotel-Bodega-Finca-de-los-Arandinos-339x226.jpg 339w\" sizes=\"(max-width: 768px) 100vw, 768px\" \/>\t\t\t\t\t\t\t\t\t\t\t<figcaption class=\"widget-image-caption wp-caption-text\"><\/figcaption>\n\t\t\t\t\t\t\t\t\t\t<\/figure>\n\t\t\t\t\t\t\t\t\t<\/div>\n\t\t\t\t<\/div>\n\t\t\t\t<div class=\"elementor-element elementor-element-25d4530 elementor-widget elementor-widget-image\" data-id=\"25d4530\" data-element_type=\"widget\" data-e-type=\"widget\" data-widget_type=\"image.default\">\n\t\t\t\t<div class=\"elementor-widget-container\">\n\t\t\t\t\t\t\t\t\t\t\t\t<figure class=\"wp-caption\">\n\t\t\t\t\t\t\t\t\t\t<img loading=\"lazy\" decoding=\"async\" width=\"768\" height=\"512\" src=\"https:\/\/www.elturistatranquil.com\/wp-content\/uploads\/F25-Hotel-Bodega-Finca-de-los-Arandinos.jpg\" class=\"attachment-large size-large wp-image-27854\" alt=\"Hotel Bodega Finca de los Arandinos\" srcset=\"https:\/\/www.elturistatranquil.com\/wp-content\/uploads\/F25-Hotel-Bodega-Finca-de-los-Arandinos.jpg 768w, https:\/\/www.elturistatranquil.com\/wp-content\/uploads\/F25-Hotel-Bodega-Finca-de-los-Arandinos-339x226.jpg 339w\" sizes=\"(max-width: 768px) 100vw, 768px\" \/>\t\t\t\t\t\t\t\t\t\t\t<figcaption class=\"widget-image-caption wp-caption-text\"><\/figcaption>\n\t\t\t\t\t\t\t\t\t\t<\/figure>\n\t\t\t\t\t\t\t\t\t<\/div>\n\t\t\t\t<\/div>\n\t\t\t\t<div class=\"elementor-element elementor-element-ce6f5ea elementor-widget elementor-widget-image\" data-id=\"ce6f5ea\" data-element_type=\"widget\" data-e-type=\"widget\" data-widget_type=\"image.default\">\n\t\t\t\t<div class=\"elementor-widget-container\">\n\t\t\t\t\t\t\t\t\t\t\t\t<figure class=\"wp-caption\">\n\t\t\t\t\t\t\t\t\t\t<img loading=\"lazy\" decoding=\"async\" width=\"768\" height=\"512\" src=\"https:\/\/www.elturistatranquil.com\/wp-content\/uploads\/F26-Hotel-Bodega-Finca-de-los-Arandinos.jpg\" class=\"attachment-large size-large wp-image-27856\" alt=\"Hotel Bodega Finca de los Arandinos\" srcset=\"https:\/\/www.elturistatranquil.com\/wp-content\/uploads\/F26-Hotel-Bodega-Finca-de-los-Arandinos.jpg 768w, https:\/\/www.elturistatranquil.com\/wp-content\/uploads\/F26-Hotel-Bodega-Finca-de-los-Arandinos-339x226.jpg 339w\" sizes=\"(max-width: 768px) 100vw, 768px\" \/>\t\t\t\t\t\t\t\t\t\t\t<figcaption class=\"widget-image-caption wp-caption-text\"><\/figcaption>\n\t\t\t\t\t\t\t\t\t\t<\/figure>\n\t\t\t\t\t\t\t\t\t<\/div>\n\t\t\t\t<\/div>\n\t\t\t\t<div class=\"elementor-element elementor-element-a563ef1 elementor-widget elementor-widget-text-editor\" data-id=\"a563ef1\" data-element_type=\"widget\" data-e-type=\"widget\" data-widget_type=\"text-editor.default\">\n\t\t\t\t<div class=\"elementor-widget-container\">\n\t\t\t\t\t\t\t\t\t<p>El <strong>Restaurant Tierra<\/strong> vol ser un referent de gastronomia a la zona. \u00a0Participa en la filosofia de &#8220;km 0&#8221; i la major part dels productes s\u00f3n de prove\u00efdors locals.<\/p><p>La sala del <strong>Restaurant Tierra<\/strong>, la mateixa que per esmorzar, \u00e9s espaiosa amb molta amplitud i separaci\u00f3 entre les taules. Aquesta amplitud ve refor\u00e7ada per l\u2019al\u00e7ada dels sostres i la forma d\u2019espai obert i di\u00e0fan.<\/p>\t\t\t\t\t\t\t\t<\/div>\n\t\t\t\t<\/div>\n\t\t\t\t<div class=\"elementor-element elementor-element-2bea095 elementor-widget elementor-widget-image\" data-id=\"2bea095\" data-element_type=\"widget\" data-e-type=\"widget\" data-widget_type=\"image.default\">\n\t\t\t\t<div class=\"elementor-widget-container\">\n\t\t\t\t\t\t\t\t\t\t\t\t<figure class=\"wp-caption\">\n\t\t\t\t\t\t\t\t\t\t<img loading=\"lazy\" decoding=\"async\" width=\"413\" height=\"550\" src=\"https:\/\/www.elturistatranquil.com\/wp-content\/uploads\/F27-Hotel-Bodega-Finca-de-los-Arandinos.jpg\" class=\"attachment-large size-large wp-image-27858\" alt=\"Hotel Bodega Finca de los Arandinos\" srcset=\"https:\/\/www.elturistatranquil.com\/wp-content\/uploads\/F27-Hotel-Bodega-Finca-de-los-Arandinos.jpg 413w, https:\/\/www.elturistatranquil.com\/wp-content\/uploads\/F27-Hotel-Bodega-Finca-de-los-Arandinos-170x226.jpg 170w\" sizes=\"(max-width: 413px) 100vw, 413px\" \/>\t\t\t\t\t\t\t\t\t\t\t<figcaption class=\"widget-image-caption wp-caption-text\"><\/figcaption>\n\t\t\t\t\t\t\t\t\t\t<\/figure>\n\t\t\t\t\t\t\t\t\t<\/div>\n\t\t\t\t<\/div>\n\t\t\t\t<div class=\"elementor-element elementor-element-b35056d elementor-widget elementor-widget-text-editor\" data-id=\"b35056d\" data-element_type=\"widget\" data-e-type=\"widget\" data-widget_type=\"text-editor.default\">\n\t\t\t\t<div class=\"elementor-widget-container\">\n\t\t\t\t\t\t\t\t\t<p>Ofereixen un men\u00fa per dinar i tres men\u00fas diferents per sopar (pocs plats per triar, per\u00f2 costa triar). Ofereixen plats tradicionals amb una elaboraci\u00f3 evolucionada, amb un punt de sofisticaci\u00f3. Molt bona relaci\u00f3 qualitat \/preu. Presentaci\u00f3 molt cuidada, servei molt atent. En el seu web diuen que la cuina combina la tradici\u00f3 <em>riojana<\/em> amb la innovaci\u00f3, i realment els plats, tant per la elaboraci\u00f3 com la presentaci\u00f3, responen a aquesta combinaci\u00f3.<\/p><p>Els vins que serveixen s\u00f3n els de la pr\u00f2pia finca, molt bons i amb un preu molt raonable.<\/p><p>V\u00e0rem menjar unes \u201cvainas con jam\u00f3n y foie\u201d i de segon un plat de cuina tradicional de l\u2019interior, un bacall\u00e0 amb all i oli, sobre una crema de patata i <em>berzas<\/em> i un polsim de \u201cmigas riojanas\u201d.<\/p><p>Ja hem dit a l\u2019esmorzar, que uns senzills ous remenats els presenten de forma exquisida. Un plat que trobes a qualsevol hotel, per\u00f2 amb una presentaci\u00f3 exquisida i una excel\u00b7lent elaboraci\u00f3.\u00a0<\/p>\t\t\t\t\t\t\t\t<\/div>\n\t\t\t\t<\/div>\n\t\t\t\t<div class=\"elementor-element elementor-element-ff88c7d elementor-widget elementor-widget-image\" data-id=\"ff88c7d\" data-element_type=\"widget\" data-e-type=\"widget\" data-widget_type=\"image.default\">\n\t\t\t\t<div class=\"elementor-widget-container\">\n\t\t\t\t\t\t\t\t\t\t\t\t<figure class=\"wp-caption\">\n\t\t\t\t\t\t\t\t\t\t<img loading=\"lazy\" decoding=\"async\" width=\"768\" height=\"512\" src=\"https:\/\/www.elturistatranquil.com\/wp-content\/uploads\/F28-Hotel-Bodega-Finca-de-los-Arandinos.jpg\" class=\"attachment-large size-large wp-image-27860\" alt=\"Hotel Bodega Finca de los Arandinos\" srcset=\"https:\/\/www.elturistatranquil.com\/wp-content\/uploads\/F28-Hotel-Bodega-Finca-de-los-Arandinos.jpg 768w, https:\/\/www.elturistatranquil.com\/wp-content\/uploads\/F28-Hotel-Bodega-Finca-de-los-Arandinos-339x226.jpg 339w\" sizes=\"(max-width: 768px) 100vw, 768px\" \/>\t\t\t\t\t\t\t\t\t\t\t<figcaption class=\"widget-image-caption wp-caption-text\"><\/figcaption>\n\t\t\t\t\t\t\t\t\t\t<\/figure>\n\t\t\t\t\t\t\t\t\t<\/div>\n\t\t\t\t<\/div>\n\t\t\t\t<div class=\"elementor-element elementor-element-eeccf99 elementor-widget elementor-widget-text-editor\" data-id=\"eeccf99\" data-element_type=\"widget\" data-e-type=\"widget\" data-widget_type=\"text-editor.default\">\n\t\t\t\t<div class=\"elementor-widget-container\">\n\t\t\t\t\t\t\t\t\t<p>L\u2019ambient d\u2019estar a l\u2019interior de l\u2019edifici es concentra en una amplia zona d\u2019estar al hall de entrada, amb taules , cadires i sof\u00e0s, amb grans finestrals sobre les vinyes i l\u2019entorn. Recordem que la caracter\u00edstica principal de l\u2019hotel \u00e9s la gran quantitat de finestrals\u00a0 que cobreixen tot l\u2019edifici, connectant l\u2019interior amb l\u2019exterior i facilitant el gaudir de les fant\u00e0stiques vistes.<\/p>\t\t\t\t\t\t\t\t<\/div>\n\t\t\t\t<\/div>\n\t\t\t\t<div class=\"elementor-element elementor-element-d0fd3f7 elementor-widget elementor-widget-image\" data-id=\"d0fd3f7\" data-element_type=\"widget\" data-e-type=\"widget\" data-widget_type=\"image.default\">\n\t\t\t\t<div class=\"elementor-widget-container\">\n\t\t\t\t\t\t\t\t\t\t\t\t<figure class=\"wp-caption\">\n\t\t\t\t\t\t\t\t\t\t<img loading=\"lazy\" decoding=\"async\" width=\"768\" height=\"512\" src=\"https:\/\/www.elturistatranquil.com\/wp-content\/uploads\/F29-Hotel-Bodega-Finca-de-los-Arandinos.jpg\" class=\"attachment-large size-large wp-image-27862\" alt=\"Hotel Bodega Finca de los Arandinos\" srcset=\"https:\/\/www.elturistatranquil.com\/wp-content\/uploads\/F29-Hotel-Bodega-Finca-de-los-Arandinos.jpg 768w, https:\/\/www.elturistatranquil.com\/wp-content\/uploads\/F29-Hotel-Bodega-Finca-de-los-Arandinos-339x226.jpg 339w\" sizes=\"(max-width: 768px) 100vw, 768px\" \/>\t\t\t\t\t\t\t\t\t\t\t<figcaption class=\"widget-image-caption wp-caption-text\"><\/figcaption>\n\t\t\t\t\t\t\t\t\t\t<\/figure>\n\t\t\t\t\t\t\t\t\t<\/div>\n\t\t\t\t<\/div>\n\t\t\t\t<div class=\"elementor-element elementor-element-25f0f26 elementor-widget elementor-widget-image\" data-id=\"25f0f26\" data-element_type=\"widget\" data-e-type=\"widget\" data-widget_type=\"image.default\">\n\t\t\t\t<div class=\"elementor-widget-container\">\n\t\t\t\t\t\t\t\t\t\t\t\t<figure class=\"wp-caption\">\n\t\t\t\t\t\t\t\t\t\t<img loading=\"lazy\" decoding=\"async\" width=\"550\" height=\"550\" src=\"https:\/\/www.elturistatranquil.com\/wp-content\/uploads\/F30-Hotel-Bodega-Finca-de-los-Arandinos.jpg\" class=\"attachment-large size-large wp-image-27864\" alt=\"Hotel Bodega Finca de los Arandinos\" srcset=\"https:\/\/www.elturistatranquil.com\/wp-content\/uploads\/F30-Hotel-Bodega-Finca-de-los-Arandinos.jpg 550w, https:\/\/www.elturistatranquil.com\/wp-content\/uploads\/F30-Hotel-Bodega-Finca-de-los-Arandinos-226x226.jpg 226w\" sizes=\"(max-width: 550px) 100vw, 550px\" \/>\t\t\t\t\t\t\t\t\t\t\t<figcaption class=\"widget-image-caption wp-caption-text\">(Foto: Finca de los Arandinos)<\/figcaption>\n\t\t\t\t\t\t\t\t\t\t<\/figure>\n\t\t\t\t\t\t\t\t\t<\/div>\n\t\t\t\t<\/div>\n\t\t\t\t<div class=\"elementor-element elementor-element-8d03f92 elementor-widget elementor-widget-text-editor\" data-id=\"8d03f92\" data-element_type=\"widget\" data-e-type=\"widget\" data-widget_type=\"text-editor.default\">\n\t\t\t\t<div class=\"elementor-widget-container\">\n\t\t\t\t\t\t\t\t\t<p>Els amplis espais permeten fer-ne \u00e0mbits d\u2019exposicions temporals.<\/p><p>A l\u2019exterior, tamb\u00e9 trobem diversos espais de relax.<\/p>\t\t\t\t\t\t\t\t<\/div>\n\t\t\t\t<\/div>\n\t\t\t\t<section class=\"elementor-section elementor-inner-section elementor-element elementor-element-57b9a5b elementor-section-boxed elementor-section-height-default elementor-section-height-default\" data-id=\"57b9a5b\" data-element_type=\"section\" data-e-type=\"section\">\n\t\t\t\t\t\t<div class=\"elementor-container elementor-column-gap-default\">\n\t\t\t\t\t<div class=\"elementor-column elementor-col-50 elementor-inner-column elementor-element elementor-element-eb5b355\" data-id=\"eb5b355\" data-element_type=\"column\" data-e-type=\"column\">\n\t\t\t<div class=\"elementor-widget-wrap elementor-element-populated\">\n\t\t\t\t\t\t<div class=\"elementor-element elementor-element-dccb9b9 elementor-widget elementor-widget-image\" data-id=\"dccb9b9\" data-element_type=\"widget\" data-e-type=\"widget\" data-widget_type=\"image.default\">\n\t\t\t\t<div class=\"elementor-widget-container\">\n\t\t\t\t\t\t\t\t\t\t\t\t\t\t\t<img loading=\"lazy\" decoding=\"async\" width=\"367\" height=\"550\" src=\"https:\/\/www.elturistatranquil.com\/wp-content\/uploads\/F31m-Hotel-Bodega-Finca-de-los-Arandinos.jpg\" class=\"attachment-large size-large wp-image-27866\" alt=\"Hotel Bodega Finca de los Arandinos\" srcset=\"https:\/\/www.elturistatranquil.com\/wp-content\/uploads\/F31m-Hotel-Bodega-Finca-de-los-Arandinos.jpg 367w, https:\/\/www.elturistatranquil.com\/wp-content\/uploads\/F31m-Hotel-Bodega-Finca-de-los-Arandinos-151x226.jpg 151w\" sizes=\"(max-width: 367px) 100vw, 367px\" \/>\t\t\t\t\t\t\t\t\t\t\t\t\t\t\t<\/div>\n\t\t\t\t<\/div>\n\t\t\t\t\t<\/div>\n\t\t<\/div>\n\t\t\t\t<div class=\"elementor-column elementor-col-50 elementor-inner-column elementor-element elementor-element-fd44fa8\" data-id=\"fd44fa8\" data-element_type=\"column\" data-e-type=\"column\">\n\t\t\t<div class=\"elementor-widget-wrap elementor-element-populated\">\n\t\t\t\t\t\t<div class=\"elementor-element elementor-element-0feb505 elementor-widget elementor-widget-image\" data-id=\"0feb505\" data-element_type=\"widget\" data-e-type=\"widget\" data-widget_type=\"image.default\">\n\t\t\t\t<div class=\"elementor-widget-container\">\n\t\t\t\t\t\t\t\t\t\t\t\t\t\t\t<img loading=\"lazy\" decoding=\"async\" width=\"367\" height=\"550\" src=\"https:\/\/www.elturistatranquil.com\/wp-content\/uploads\/F31n-Hotel-Bodega-Finca-de-los-Arandinos.jpg\" class=\"attachment-large size-large wp-image-27868\" alt=\"Hotel Bodega Finca de los Arandinos\" srcset=\"https:\/\/www.elturistatranquil.com\/wp-content\/uploads\/F31n-Hotel-Bodega-Finca-de-los-Arandinos.jpg 367w, https:\/\/www.elturistatranquil.com\/wp-content\/uploads\/F31n-Hotel-Bodega-Finca-de-los-Arandinos-151x226.jpg 151w\" sizes=\"(max-width: 367px) 100vw, 367px\" \/>\t\t\t\t\t\t\t\t\t\t\t\t\t\t\t<\/div>\n\t\t\t\t<\/div>\n\t\t\t\t\t<\/div>\n\t\t<\/div>\n\t\t\t\t\t<\/div>\n\t\t<\/section>\n\t\t\t\t<div class=\"elementor-element elementor-element-fe26e31 elementor-widget elementor-widget-text-editor\" data-id=\"fe26e31\" data-element_type=\"widget\" data-e-type=\"widget\" data-widget_type=\"text-editor.default\">\n\t\t\t\t<div class=\"elementor-widget-container\">\n\t\t\t\t\t\t\t\t\t<p>\u00a0<\/p><p>Un vegada a l\u2019exterior, el contacte amb la vinya \u00e9s immediat, i et convida a passejar-hi.<\/p>\t\t\t\t\t\t\t\t<\/div>\n\t\t\t\t<\/div>\n\t\t\t\t<div class=\"elementor-element elementor-element-9599da6 elementor-widget elementor-widget-image\" data-id=\"9599da6\" data-element_type=\"widget\" data-e-type=\"widget\" data-widget_type=\"image.default\">\n\t\t\t\t<div class=\"elementor-widget-container\">\n\t\t\t\t\t\t\t\t\t\t\t\t<figure class=\"wp-caption\">\n\t\t\t\t\t\t\t\t\t\t<img loading=\"lazy\" decoding=\"async\" width=\"768\" height=\"512\" src=\"https:\/\/www.elturistatranquil.com\/wp-content\/uploads\/F32-Hotel-Bodega-Finca-de-los-Arandinos.jpg\" class=\"attachment-large size-large wp-image-27870\" alt=\"Hotel Bodega Finca de los Arandinos\" srcset=\"https:\/\/www.elturistatranquil.com\/wp-content\/uploads\/F32-Hotel-Bodega-Finca-de-los-Arandinos.jpg 768w, https:\/\/www.elturistatranquil.com\/wp-content\/uploads\/F32-Hotel-Bodega-Finca-de-los-Arandinos-339x226.jpg 339w\" sizes=\"(max-width: 768px) 100vw, 768px\" \/>\t\t\t\t\t\t\t\t\t\t\t<figcaption class=\"widget-image-caption wp-caption-text\"><\/figcaption>\n\t\t\t\t\t\t\t\t\t\t<\/figure>\n\t\t\t\t\t\t\t\t\t<\/div>\n\t\t\t\t<\/div>\n\t\t\t\t<div class=\"elementor-element elementor-element-32da2a3 elementor-widget elementor-widget-image\" data-id=\"32da2a3\" data-element_type=\"widget\" data-e-type=\"widget\" data-widget_type=\"image.default\">\n\t\t\t\t<div class=\"elementor-widget-container\">\n\t\t\t\t\t\t\t\t\t\t\t\t<figure class=\"wp-caption\">\n\t\t\t\t\t\t\t\t\t\t<img loading=\"lazy\" decoding=\"async\" width=\"768\" height=\"512\" src=\"https:\/\/www.elturistatranquil.com\/wp-content\/uploads\/F33-Hotel-Bodega-Finca-de-los-Arandinos.jpg\" class=\"attachment-large size-large wp-image-27872\" alt=\"Hotel Bodega Finca de los Arandinos\" srcset=\"https:\/\/www.elturistatranquil.com\/wp-content\/uploads\/F33-Hotel-Bodega-Finca-de-los-Arandinos.jpg 768w, https:\/\/www.elturistatranquil.com\/wp-content\/uploads\/F33-Hotel-Bodega-Finca-de-los-Arandinos-339x226.jpg 339w\" sizes=\"(max-width: 768px) 100vw, 768px\" \/>\t\t\t\t\t\t\t\t\t\t\t<figcaption class=\"widget-image-caption wp-caption-text\"><\/figcaption>\n\t\t\t\t\t\t\t\t\t\t<\/figure>\n\t\t\t\t\t\t\t\t\t<\/div>\n\t\t\t\t<\/div>\n\t\t\t\t<div class=\"elementor-element elementor-element-7d88c56 elementor-widget elementor-widget-menu-anchor\" data-id=\"7d88c56\" data-element_type=\"widget\" data-e-type=\"widget\" data-widget_type=\"menu-anchor.default\">\n\t\t\t\t<div class=\"elementor-widget-container\">\n\t\t\t\t\t\t\t<div class=\"elementor-menu-anchor\" id=\"a1704\"><\/div>\n\t\t\t\t\t\t<\/div>\n\t\t\t\t<\/div>\n\t\t\t\t<div class=\"elementor-element elementor-element-d1904e3 elementor-widget elementor-widget-text-editor\" data-id=\"d1904e3\" data-element_type=\"widget\" data-e-type=\"widget\" data-widget_type=\"text-editor.default\">\n\t\t\t\t<div class=\"elementor-widget-container\">\n\t\t\t\t\t\t\t\t\t<p>Per \u00faltim, una \u00e0rea de <strong>Spa<\/strong>, completa l\u2019oferta. No podem dir-ne res perqu\u00e8 no en v\u00e0rem fer \u00fas.<\/p>\t\t\t\t\t\t\t\t<\/div>\n\t\t\t\t<\/div>\n\t\t\t\t<div class=\"elementor-element elementor-element-6f1a2c41 elementor-widget elementor-widget-heading\" data-id=\"6f1a2c41\" data-element_type=\"widget\" data-e-type=\"widget\" data-widget_type=\"heading.default\">\n\t\t\t\t<div class=\"elementor-widget-container\">\n\t\t\t\t\t<h3 class=\"elementor-heading-title elementor-size-default\">La Bodega de la Finca de los Arandinos<\/h3>\t\t\t\t<\/div>\n\t\t\t\t<\/div>\n\t\t\t\t<div class=\"elementor-element elementor-element-9973e5d elementor-widget elementor-widget-text-editor\" data-id=\"9973e5d\" data-element_type=\"widget\" data-e-type=\"widget\" data-widget_type=\"text-editor.default\">\n\t\t\t\t<div class=\"elementor-widget-container\">\n\t\t\t\t\t\t\t\t\t<p>L\u2019altre component essencial de la oferta enotur\u00edstica del <strong>Hotel Bodega Finca de los Arandinos<\/strong>, \u00e9s el conjunt de les vinyes, les instal\u00b7lacions d\u2019elaboraci\u00f3 del vi i el celler.<\/p><p>De la seva web extraiem la informaci\u00f3 referent a la seva activitat vitivin\u00edcola.<\/p><p>La propietat compta amb 16 Ha de vinya localitzades al poble i repartides en 30 parcel\u00b7les en diferents zones al voltant del celler.<\/p><p>Est\u00e0 formada per diferents tipus de s\u00f2ls, encara que amb predomini de s\u00f2ls de c\u00f2dols sobre glacis del terciari. Les exposicions s\u00f3n variades, tot i que al trobar-se Entrena al sud del riu Ebre, totes estan majorit\u00e0riament orientades a nord.<\/p><p>Es cultiven les varietats Ull de llebre, Mazuelo i Garnatxa per elaborar els vins negres, i Viura per al blanc; amb produccions que no superen els 6.500 kg\/ha de mitjana. La verema \u00e9s manual, en calaixos de 200 kg i normalment comen\u00e7a a finals de setembre amb la varietat Viura, continuant amb la Garnatxa, l&#8217;Ull de llebre, i finalment el Mazuelo.<\/p><p>La vinya t\u00e9 una edat compresa entre els 4 i els 60 anys, i se situa a una altitud que va dels 500 als 600 msnm.<\/p>\t\t\t\t\t\t\t\t<\/div>\n\t\t\t\t<\/div>\n\t\t\t\t<div class=\"elementor-element elementor-element-5d9dd19 elementor-widget elementor-widget-image\" data-id=\"5d9dd19\" data-element_type=\"widget\" data-e-type=\"widget\" data-widget_type=\"image.default\">\n\t\t\t\t<div class=\"elementor-widget-container\">\n\t\t\t\t\t\t\t\t\t\t\t\t<figure class=\"wp-caption\">\n\t\t\t\t\t\t\t\t\t\t<img loading=\"lazy\" decoding=\"async\" width=\"493\" height=\"550\" src=\"https:\/\/www.elturistatranquil.com\/wp-content\/uploads\/F34-Hotel-Bodega-Finca-de-los-Arandinos.jpg\" class=\"attachment-large size-large wp-image-27874\" alt=\"Hotel Bodega Finca de los Arandinos\" srcset=\"https:\/\/www.elturistatranquil.com\/wp-content\/uploads\/F34-Hotel-Bodega-Finca-de-los-Arandinos.jpg 493w, https:\/\/www.elturistatranquil.com\/wp-content\/uploads\/F34-Hotel-Bodega-Finca-de-los-Arandinos-203x226.jpg 203w\" sizes=\"(max-width: 493px) 100vw, 493px\" \/>\t\t\t\t\t\t\t\t\t\t\t<figcaption class=\"widget-image-caption wp-caption-text\"><\/figcaption>\n\t\t\t\t\t\t\t\t\t\t<\/figure>\n\t\t\t\t\t\t\t\t\t<\/div>\n\t\t\t\t<\/div>\n\t\t\t\t<div class=\"elementor-element elementor-element-d796bca elementor-widget elementor-widget-text-editor\" data-id=\"d796bca\" data-element_type=\"widget\" data-e-type=\"widget\" data-widget_type=\"text-editor.default\">\n\t\t\t\t<div class=\"elementor-widget-container\">\n\t\t\t\t\t\t\t\t\t<p>Integrada en l\u2019edifici, com ja hem indicat, a la part nord s\u2019ubica el celler i les instal\u00b7lacions vin\u00edcoles.<\/p><p>Des de la recepci\u00f3 s\u2019obre una perspectiva i acc\u00e9s al celler.<\/p>\t\t\t\t\t\t\t\t<\/div>\n\t\t\t\t<\/div>\n\t\t\t\t<div class=\"elementor-element elementor-element-b1983d5 elementor-widget elementor-widget-image\" data-id=\"b1983d5\" data-element_type=\"widget\" data-e-type=\"widget\" data-widget_type=\"image.default\">\n\t\t\t\t<div class=\"elementor-widget-container\">\n\t\t\t\t\t\t\t\t\t\t\t\t<figure class=\"wp-caption\">\n\t\t\t\t\t\t\t\t\t\t<img loading=\"lazy\" decoding=\"async\" width=\"768\" height=\"512\" src=\"https:\/\/www.elturistatranquil.com\/wp-content\/uploads\/F35-Hotel-Bodega-Finca-de-los-Arandinos.jpg\" class=\"attachment-large size-large wp-image-27876\" alt=\"Hotel Bodega Finca de los Arandinos\" srcset=\"https:\/\/www.elturistatranquil.com\/wp-content\/uploads\/F35-Hotel-Bodega-Finca-de-los-Arandinos.jpg 768w, https:\/\/www.elturistatranquil.com\/wp-content\/uploads\/F35-Hotel-Bodega-Finca-de-los-Arandinos-339x226.jpg 339w\" sizes=\"(max-width: 768px) 100vw, 768px\" \/>\t\t\t\t\t\t\t\t\t\t\t<figcaption class=\"widget-image-caption wp-caption-text\"><\/figcaption>\n\t\t\t\t\t\t\t\t\t\t<\/figure>\n\t\t\t\t\t\t\t\t\t<\/div>\n\t\t\t\t<\/div>\n\t\t\t\t<div class=\"elementor-element elementor-element-8b31207 elementor-widget elementor-widget-image\" data-id=\"8b31207\" data-element_type=\"widget\" data-e-type=\"widget\" data-widget_type=\"image.default\">\n\t\t\t\t<div class=\"elementor-widget-container\">\n\t\t\t\t\t\t\t\t\t\t\t\t<figure class=\"wp-caption\">\n\t\t\t\t\t\t\t\t\t\t<img loading=\"lazy\" decoding=\"async\" width=\"768\" height=\"512\" src=\"https:\/\/www.elturistatranquil.com\/wp-content\/uploads\/F36-Hotel-Bodega-Finca-de-los-Arandinos.jpg\" class=\"attachment-large size-large wp-image-27878\" alt=\"Hotel Bodega Finca de los Arandinos\" srcset=\"https:\/\/www.elturistatranquil.com\/wp-content\/uploads\/F36-Hotel-Bodega-Finca-de-los-Arandinos.jpg 768w, https:\/\/www.elturistatranquil.com\/wp-content\/uploads\/F36-Hotel-Bodega-Finca-de-los-Arandinos-339x226.jpg 339w\" sizes=\"(max-width: 768px) 100vw, 768px\" \/>\t\t\t\t\t\t\t\t\t\t\t<figcaption class=\"widget-image-caption wp-caption-text\"><\/figcaption>\n\t\t\t\t\t\t\t\t\t\t<\/figure>\n\t\t\t\t\t\t\t\t\t<\/div>\n\t\t\t\t<\/div>\n\t\t\t\t<div class=\"elementor-element elementor-element-a6b0404 elementor-widget elementor-widget-image\" data-id=\"a6b0404\" data-element_type=\"widget\" data-e-type=\"widget\" data-widget_type=\"image.default\">\n\t\t\t\t<div class=\"elementor-widget-container\">\n\t\t\t\t\t\t\t\t\t\t\t\t<figure class=\"wp-caption\">\n\t\t\t\t\t\t\t\t\t\t<img loading=\"lazy\" decoding=\"async\" width=\"768\" height=\"512\" src=\"https:\/\/www.elturistatranquil.com\/wp-content\/uploads\/F37-Hotel-Bodega-Finca-de-los-Arandinos.jpg\" class=\"attachment-large size-large wp-image-27880\" alt=\"Hotel Bodega Finca de los Arandinos\" srcset=\"https:\/\/www.elturistatranquil.com\/wp-content\/uploads\/F37-Hotel-Bodega-Finca-de-los-Arandinos.jpg 768w, https:\/\/www.elturistatranquil.com\/wp-content\/uploads\/F37-Hotel-Bodega-Finca-de-los-Arandinos-339x226.jpg 339w\" sizes=\"(max-width: 768px) 100vw, 768px\" \/>\t\t\t\t\t\t\t\t\t\t\t<figcaption class=\"widget-image-caption wp-caption-text\"><\/figcaption>\n\t\t\t\t\t\t\t\t\t\t<\/figure>\n\t\t\t\t\t\t\t\t\t<\/div>\n\t\t\t\t<\/div>\n\t\t\t\t<div class=\"elementor-element elementor-element-01b06df elementor-widget elementor-widget-image\" data-id=\"01b06df\" data-element_type=\"widget\" data-e-type=\"widget\" data-widget_type=\"image.default\">\n\t\t\t\t<div class=\"elementor-widget-container\">\n\t\t\t\t\t\t\t\t\t\t\t\t<figure class=\"wp-caption\">\n\t\t\t\t\t\t\t\t\t\t<img loading=\"lazy\" decoding=\"async\" width=\"768\" height=\"512\" src=\"https:\/\/www.elturistatranquil.com\/wp-content\/uploads\/F38-Hotel-Bodega-Finca-de-los-Arandinos.jpg\" class=\"attachment-large size-large wp-image-27882\" alt=\"Hotel Bodega Finca de los Arandinos\" srcset=\"https:\/\/www.elturistatranquil.com\/wp-content\/uploads\/F38-Hotel-Bodega-Finca-de-los-Arandinos.jpg 768w, https:\/\/www.elturistatranquil.com\/wp-content\/uploads\/F38-Hotel-Bodega-Finca-de-los-Arandinos-339x226.jpg 339w\" sizes=\"(max-width: 768px) 100vw, 768px\" \/>\t\t\t\t\t\t\t\t\t\t\t<figcaption class=\"widget-image-caption wp-caption-text\"><\/figcaption>\n\t\t\t\t\t\t\t\t\t\t<\/figure>\n\t\t\t\t\t\t\t\t\t<\/div>\n\t\t\t\t<\/div>\n\t\t\t\t<div class=\"elementor-element elementor-element-a764293 elementor-widget elementor-widget-text-editor\" data-id=\"a764293\" data-element_type=\"widget\" data-e-type=\"widget\" data-widget_type=\"text-editor.default\">\n\t\t\t\t<div class=\"elementor-widget-container\">\n\t\t\t\t\t\t\t\t\t<p>Els vins que produeixen estan reconeguts amb altes qualificacions a les guies internacionals de valoraci\u00f3 de vins.<\/p><p>Pel nostre criteri, hi estem totalment d\u2019acord.<\/p>\t\t\t\t\t\t\t\t<\/div>\n\t\t\t\t<\/div>\n\t\t\t\t<div class=\"elementor-element elementor-element-f7a4545 elementor-widget elementor-widget-image\" data-id=\"f7a4545\" data-element_type=\"widget\" data-e-type=\"widget\" data-widget_type=\"image.default\">\n\t\t\t\t<div class=\"elementor-widget-container\">\n\t\t\t\t\t\t\t\t\t\t\t\t<figure class=\"wp-caption\">\n\t\t\t\t\t\t\t\t\t\t<img loading=\"lazy\" decoding=\"async\" width=\"768\" height=\"511\" src=\"https:\/\/www.elturistatranquil.com\/wp-content\/uploads\/F39-Hotel-Bodega-Finca-de-los-Arandinos.jpg\" class=\"attachment-large size-large wp-image-27884\" alt=\"Hotel Bodega Finca de los Arandinos\" srcset=\"https:\/\/www.elturistatranquil.com\/wp-content\/uploads\/F39-Hotel-Bodega-Finca-de-los-Arandinos.jpg 768w, https:\/\/www.elturistatranquil.com\/wp-content\/uploads\/F39-Hotel-Bodega-Finca-de-los-Arandinos-339x226.jpg 339w\" sizes=\"(max-width: 768px) 100vw, 768px\" \/>\t\t\t\t\t\t\t\t\t\t\t<figcaption class=\"widget-image-caption wp-caption-text\">(Foto: Finca de los Arandinos)<\/figcaption>\n\t\t\t\t\t\t\t\t\t\t<\/figure>\n\t\t\t\t\t\t\t\t\t<\/div>\n\t\t\t\t<\/div>\n\t\t\t\t<div class=\"elementor-element elementor-element-8bfad51 elementor-widget elementor-widget-text-editor\" data-id=\"8bfad51\" data-element_type=\"widget\" data-e-type=\"widget\" data-widget_type=\"text-editor.default\">\n\t\t\t\t<div class=\"elementor-widget-container\">\n\t\t\t\t\t\t\t\t\t<p>Durant la nostra estada v\u00e0rem coincidir amb el moment de la verema del ra\u00efm blanc. A l\u2019exterior v\u00e0rem poder acostar-nos a la zona d\u2019elaboraci\u00f3, i observar la taula de selecci\u00f3 del ra\u00efm.<\/p>\t\t\t\t\t\t\t\t<\/div>\n\t\t\t\t<\/div>\n\t\t\t\t<div class=\"elementor-element elementor-element-d2c2eb1 elementor-widget elementor-widget-image\" data-id=\"d2c2eb1\" data-element_type=\"widget\" data-e-type=\"widget\" data-widget_type=\"image.default\">\n\t\t\t\t<div class=\"elementor-widget-container\">\n\t\t\t\t\t\t\t\t\t\t\t\t<figure class=\"wp-caption\">\n\t\t\t\t\t\t\t\t\t\t<img loading=\"lazy\" decoding=\"async\" width=\"768\" height=\"512\" src=\"https:\/\/www.elturistatranquil.com\/wp-content\/uploads\/F40-Hotel-Bodega-Finca-de-los-Arandinos.jpg\" class=\"attachment-large size-large wp-image-27888\" alt=\"Hotel Bodega Finca de los Arandinos\" srcset=\"https:\/\/www.elturistatranquil.com\/wp-content\/uploads\/F40-Hotel-Bodega-Finca-de-los-Arandinos.jpg 768w, https:\/\/www.elturistatranquil.com\/wp-content\/uploads\/F40-Hotel-Bodega-Finca-de-los-Arandinos-339x226.jpg 339w\" sizes=\"(max-width: 768px) 100vw, 768px\" \/>\t\t\t\t\t\t\t\t\t\t\t<figcaption class=\"widget-image-caption wp-caption-text\"><\/figcaption>\n\t\t\t\t\t\t\t\t\t\t<\/figure>\n\t\t\t\t\t\t\t\t\t<\/div>\n\t\t\t\t<\/div>\n\t\t\t\t<div class=\"elementor-element elementor-element-145c955 elementor-widget elementor-widget-image\" data-id=\"145c955\" data-element_type=\"widget\" data-e-type=\"widget\" data-widget_type=\"image.default\">\n\t\t\t\t<div class=\"elementor-widget-container\">\n\t\t\t\t\t\t\t\t\t\t\t\t<figure class=\"wp-caption\">\n\t\t\t\t\t\t\t\t\t\t<img loading=\"lazy\" decoding=\"async\" width=\"451\" height=\"550\" src=\"https:\/\/www.elturistatranquil.com\/wp-content\/uploads\/F41a-Hotel-Bodega-Finca-de-los-Arandinos.jpg\" class=\"attachment-large size-large wp-image-27890\" alt=\"Hotel Bodega Finca de los Arandinos\" srcset=\"https:\/\/www.elturistatranquil.com\/wp-content\/uploads\/F41a-Hotel-Bodega-Finca-de-los-Arandinos.jpg 451w, https:\/\/www.elturistatranquil.com\/wp-content\/uploads\/F41a-Hotel-Bodega-Finca-de-los-Arandinos-185x226.jpg 185w\" sizes=\"(max-width: 451px) 100vw, 451px\" \/>\t\t\t\t\t\t\t\t\t\t\t<figcaption class=\"widget-image-caption wp-caption-text\"><\/figcaption>\n\t\t\t\t\t\t\t\t\t\t<\/figure>\n\t\t\t\t\t\t\t\t\t<\/div>\n\t\t\t\t<\/div>\n\t\t\t\t<div class=\"elementor-element elementor-element-7913dfd elementor-widget elementor-widget-menu-anchor\" data-id=\"7913dfd\" data-element_type=\"widget\" data-e-type=\"widget\" data-widget_type=\"menu-anchor.default\">\n\t\t\t\t<div class=\"elementor-widget-container\">\n\t\t\t\t\t\t\t<div class=\"elementor-menu-anchor\" id=\"a1705\"><\/div>\n\t\t\t\t\t\t<\/div>\n\t\t\t\t<\/div>\n\t\t\t\t<div class=\"elementor-element elementor-element-5dc5341 elementor-widget elementor-widget-text-editor\" data-id=\"5dc5341\" data-element_type=\"widget\" data-e-type=\"widget\" data-widget_type=\"text-editor.default\">\n\t\t\t\t<div class=\"elementor-widget-container\">\n\t\t\t\t\t\t\t\t\t<p>L\u2019Hotel ofereix<strong> Experiencies<\/strong> <strong>Enoturismo, Gastronom\u00eda, Relax<\/strong>, que poden incloure recorreguts per les vinyes, o dedicades a la cultura del vi.<\/p><p>Deu haver quedat clar que la nostre estada va ser plenament satisfact\u00f2ria en tots els aspectes: modernitat, bon servei, qualitat gastron\u00f2mica, bon vi, entorn envejable, i hist\u00f2ria, gastronomia, vi i paisatge en les sortides pel territori.<\/p><p>Aquesta \u00e9s la nostra valoraci\u00f3 personal, sense cap interfer\u00e8ncia patrocinadora que la condicioni.<\/p>\t\t\t\t\t\t\t\t<\/div>\n\t\t\t\t<\/div>\n\t\t\t\t<div class=\"elementor-element elementor-element-63b022f elementor-widget elementor-widget-heading\" data-id=\"63b022f\" data-element_type=\"widget\" data-e-type=\"widget\" data-widget_type=\"heading.default\">\n\t\t\t\t<div class=\"elementor-widget-container\">\n\t\t\t\t\t<h2 class=\"elementor-heading-title elementor-size-default\">El territori: La Rioja<\/h2>\t\t\t\t<\/div>\n\t\t\t\t<\/div>\n\t\t\t\t<div class=\"elementor-element elementor-element-1ad4ad7 elementor-widget elementor-widget-text-editor\" data-id=\"1ad4ad7\" data-element_type=\"widget\" data-e-type=\"widget\" data-widget_type=\"text-editor.default\">\n\t\t\t\t<div class=\"elementor-widget-container\">\n\t\t\t\t\t\t\t\t\t<p>La Comunitat Aut\u00f2noma de La Rioja \u00e9s la m\u00e9s petita en extensi\u00f3 de totes. Est\u00e0 clarament dividia en dues unitats morfoestructurals: la meitat sud de la Comunitat est\u00e0 ocupada per la zona nord del Sistema Ib\u00e8ric, i la meitat septentrional correspon a la depressi\u00f3 de l\u2019Ebre.<\/p><p>Nosaltres ens mourem per la meitat septentrional, seguint la Vall de l\u2019Ebre, fins endinsar-nos en terres alabeses. Est\u00e0 constitu\u00efda per la vessant dreta de la depressi\u00f3 geomorfol\u00f2gica de l\u2019Ebre.<\/p><p>D\u2019aqu\u00ed s\u2019ha pres el nom de La Rioja, malgrat que la comarca natural inclou la vessant esquerra de l\u2019Ebre, formada per la Rioja Alabesa i la Rioja Navarra.<\/p><p>El territori \u00e9s un conjunt pla, sense massa accidents geogr\u00e0fics.<\/p><p>Una caracter\u00edstica que fa especial el territori \u00e9s que, a la tardor, en el moment de la caiguda de les fulles dels ceps, aquestes van agafant unes tonalitats vermellenques que atorga al paisatge una bellesa singular.<\/p>\t\t\t\t\t\t\t\t<\/div>\n\t\t\t\t<\/div>\n\t\t\t\t<div class=\"elementor-element elementor-element-b99622e elementor-widget elementor-widget-image\" data-id=\"b99622e\" data-element_type=\"widget\" data-e-type=\"widget\" data-widget_type=\"image.default\">\n\t\t\t\t<div class=\"elementor-widget-container\">\n\t\t\t\t\t\t\t\t\t\t\t\t<figure class=\"wp-caption\">\n\t\t\t\t\t\t\t\t\t\t<img loading=\"lazy\" decoding=\"async\" width=\"768\" height=\"513\" src=\"https:\/\/www.elturistatranquil.com\/wp-content\/uploads\/F41b-Hotel-Bodega-Finca-de-los-Arandinos.jpg\" class=\"attachment-large size-large wp-image-27892\" alt=\"Hotel Bodega Finca de los Arandinos\" srcset=\"https:\/\/www.elturistatranquil.com\/wp-content\/uploads\/F41b-Hotel-Bodega-Finca-de-los-Arandinos.jpg 768w, https:\/\/www.elturistatranquil.com\/wp-content\/uploads\/F41b-Hotel-Bodega-Finca-de-los-Arandinos-339x226.jpg 339w\" sizes=\"(max-width: 768px) 100vw, 768px\" \/>\t\t\t\t\t\t\t\t\t\t\t<figcaption class=\"widget-image-caption wp-caption-text\"><\/figcaption>\n\t\t\t\t\t\t\t\t\t\t<\/figure>\n\t\t\t\t\t\t\t\t\t<\/div>\n\t\t\t\t<\/div>\n\t\t\t\t<div class=\"elementor-element elementor-element-1ec5491 elementor-widget elementor-widget-text-editor\" data-id=\"1ec5491\" data-element_type=\"widget\" data-e-type=\"widget\" data-widget_type=\"text-editor.default\">\n\t\t\t\t<div class=\"elementor-widget-container\">\n\t\t\t\t\t\t\t\t\t<p>La seva posici\u00f3 de cru\u00eflla entre el Sistema Ib\u00e8ric al sud i el Sistema Cant\u00e0bric al nord, pel pas obert pel riu Ebre, va fer que hist\u00f2ricament fos un territori disputat, que va passar a formar part de diversos regnes hisp\u00e0nics hist\u00f2rics. Aquesta canviant vinculaci\u00f3 hist\u00f2rica, ha fet que la regi\u00f3 mantingui una personalitat pr\u00f2pia, sense sentir-se plenament integrada en cap de les Comunitat que l\u2019envolten. Aquesta personalitat \u00e9s la que va permetre que es constitu\u00eds en una <a href=\"https:\/\/www.elturistatranquil.com\/ca\/estructures-territorials-a-lespanya-peninsular\/\" target=\"_blank\" rel=\"noopener\">Comunitat Aut\u00f2noma uniprovincial<\/a> a la vigent divisi\u00f3 pol\u00edtica del territori espanyol.<\/p><p>La seva base econ\u00f2mica es sustenta en la producci\u00f3 vitivin\u00edcola, amb l\u2019expansi\u00f3 de l\u2019enoturisme com a forma d\u2019aprofitament complementaria de l\u2019activitat prim\u00e0ria i productora de vins. \u00c9s ben sabut que els vins de Rioja s\u00f3n dels m\u00e9s coneguts arreu del m\u00f3n.<\/p><p>La posici\u00f3 de cru\u00eflla i lloc de pas va fer que fos una part important del Cam\u00ed de Sant Jaume des de l\u2019Edat Mitjana, refor\u00e7at en el darrers anys per l\u2019impuls que ha pres aquest recorregut, tant per a fidels com per a turistes.<\/p><p>Logronyo constitueix per a moltes persones el punt de comen\u00e7ament de la ruta Jacobea.<\/p>\t\t\t\t\t\t\t\t<\/div>\n\t\t\t\t<\/div>\n\t\t\t\t<div class=\"elementor-element elementor-element-9661a32 elementor-widget elementor-widget-menu-anchor\" data-id=\"9661a32\" data-element_type=\"widget\" data-e-type=\"widget\" data-widget_type=\"menu-anchor.default\">\n\t\t\t\t<div class=\"elementor-widget-container\">\n\t\t\t\t\t\t\t<div class=\"elementor-menu-anchor\" id=\"a1706\"><\/div>\n\t\t\t\t\t\t<\/div>\n\t\t\t\t<\/div>\n\t\t\t\t<div class=\"elementor-element elementor-element-5d6d0b5 elementor-widget elementor-widget-menu-anchor\" data-id=\"5d6d0b5\" data-element_type=\"widget\" data-e-type=\"widget\" data-widget_type=\"menu-anchor.default\">\n\t\t\t\t<div class=\"elementor-widget-container\">\n\t\t\t\t\t\t\t<div class=\"elementor-menu-anchor\" id=\"a1707\"><\/div>\n\t\t\t\t\t\t<\/div>\n\t\t\t\t<\/div>\n\t\t\t\t<div class=\"elementor-element elementor-element-720046f elementor-widget elementor-widget-heading\" data-id=\"720046f\" data-element_type=\"widget\" data-e-type=\"widget\" data-widget_type=\"heading.default\">\n\t\t\t\t<div class=\"elementor-widget-container\">\n\t\t\t\t\t<h2 class=\"elementor-heading-title elementor-size-default\">Propostes de sortides<\/h2>\t\t\t\t<\/div>\n\t\t\t\t<\/div>\n\t\t\t\t<div class=\"elementor-element elementor-element-f00cf7b elementor-widget elementor-widget-heading\" data-id=\"f00cf7b\" data-element_type=\"widget\" data-e-type=\"widget\" data-widget_type=\"heading.default\">\n\t\t\t\t<div class=\"elementor-widget-container\">\n\t\t\t\t\t<h2 class=\"elementor-heading-title elementor-size-default\">Passejades per l\u2019entorn<\/h2>\t\t\t\t<\/div>\n\t\t\t\t<\/div>\n\t\t\t\t<div class=\"elementor-element elementor-element-ec5272f elementor-widget elementor-widget-text-editor\" data-id=\"ec5272f\" data-element_type=\"widget\" data-e-type=\"widget\" data-widget_type=\"text-editor.default\">\n\t\t\t\t<div class=\"elementor-widget-container\">\n\t\t\t\t\t\t\t\t\t<p>L\u2019entorn immediat a l\u2019Hotel et demana que vagis a passejar per ell.<\/p><p>A peu des de l\u2019hotel vam aprofitar per fer caminades i una mica d\u2019exercici per camins entre vinyes, gaudint de la tranquil\u00b7litat i el paisatge de La Rioja.<\/p>\t\t\t\t\t\t\t\t<\/div>\n\t\t\t\t<\/div>\n\t\t\t\t<div class=\"elementor-element elementor-element-feb14ec elementor-widget elementor-widget-image\" data-id=\"feb14ec\" data-element_type=\"widget\" data-e-type=\"widget\" data-widget_type=\"image.default\">\n\t\t\t\t<div class=\"elementor-widget-container\">\n\t\t\t\t\t\t\t\t\t\t\t\t<figure class=\"wp-caption\">\n\t\t\t\t\t\t\t\t\t\t<img loading=\"lazy\" decoding=\"async\" width=\"768\" height=\"512\" src=\"https:\/\/www.elturistatranquil.com\/wp-content\/uploads\/F42-Hotel-Bodega-Finca-de-los-Arandinos.jpg\" class=\"attachment-large size-large wp-image-27894\" alt=\"Hotel Bodega Finca de los Arandinos\" srcset=\"https:\/\/www.elturistatranquil.com\/wp-content\/uploads\/F42-Hotel-Bodega-Finca-de-los-Arandinos.jpg 768w, https:\/\/www.elturistatranquil.com\/wp-content\/uploads\/F42-Hotel-Bodega-Finca-de-los-Arandinos-339x226.jpg 339w\" sizes=\"(max-width: 768px) 100vw, 768px\" \/>\t\t\t\t\t\t\t\t\t\t\t<figcaption class=\"widget-image-caption wp-caption-text\"><\/figcaption>\n\t\t\t\t\t\t\t\t\t\t<\/figure>\n\t\t\t\t\t\t\t\t\t<\/div>\n\t\t\t\t<\/div>\n\t\t\t\t<div class=\"elementor-element elementor-element-7c2dcd1 elementor-widget elementor-widget-image\" data-id=\"7c2dcd1\" data-element_type=\"widget\" data-e-type=\"widget\" data-widget_type=\"image.default\">\n\t\t\t\t<div class=\"elementor-widget-container\">\n\t\t\t\t\t\t\t\t\t\t\t\t<figure class=\"wp-caption\">\n\t\t\t\t\t\t\t\t\t\t<img loading=\"lazy\" decoding=\"async\" width=\"768\" height=\"512\" src=\"https:\/\/www.elturistatranquil.com\/wp-content\/uploads\/F43-Hotel-Bodega-Finca-de-los-Arandinos.jpg\" class=\"attachment-large size-large wp-image-27896\" alt=\"Hotel Bodega Finca de los Arandinos\" srcset=\"https:\/\/www.elturistatranquil.com\/wp-content\/uploads\/F43-Hotel-Bodega-Finca-de-los-Arandinos.jpg 768w, https:\/\/www.elturistatranquil.com\/wp-content\/uploads\/F43-Hotel-Bodega-Finca-de-los-Arandinos-339x226.jpg 339w\" sizes=\"(max-width: 768px) 100vw, 768px\" \/>\t\t\t\t\t\t\t\t\t\t\t<figcaption class=\"widget-image-caption wp-caption-text\"><\/figcaption>\n\t\t\t\t\t\t\t\t\t\t<\/figure>\n\t\t\t\t\t\t\t\t\t<\/div>\n\t\t\t\t<\/div>\n\t\t\t\t<div class=\"elementor-element elementor-element-1f84943 elementor-widget elementor-widget-text-editor\" data-id=\"1f84943\" data-element_type=\"widget\" data-e-type=\"widget\" data-widget_type=\"text-editor.default\">\n\t\t\t\t<div class=\"elementor-widget-container\">\n\t\t\t\t\t\t\t\t\t<p>Al mateix temps, dispos\u00e0vem de bones vistes sobre el propi Hotel.<\/p>\t\t\t\t\t\t\t\t<\/div>\n\t\t\t\t<\/div>\n\t\t\t\t<div class=\"elementor-element elementor-element-f3d0649 elementor-widget elementor-widget-image\" data-id=\"f3d0649\" data-element_type=\"widget\" data-e-type=\"widget\" data-widget_type=\"image.default\">\n\t\t\t\t<div class=\"elementor-widget-container\">\n\t\t\t\t\t\t\t\t\t\t\t\t<figure class=\"wp-caption\">\n\t\t\t\t\t\t\t\t\t\t<img loading=\"lazy\" decoding=\"async\" width=\"768\" height=\"512\" src=\"https:\/\/www.elturistatranquil.com\/wp-content\/uploads\/F44-Hotel-Bodega-Finca-de-los-Arandinos.jpg\" class=\"attachment-large size-large wp-image-27898\" alt=\"Hotel Bodega Finca de los Arandinos\" srcset=\"https:\/\/www.elturistatranquil.com\/wp-content\/uploads\/F44-Hotel-Bodega-Finca-de-los-Arandinos.jpg 768w, https:\/\/www.elturistatranquil.com\/wp-content\/uploads\/F44-Hotel-Bodega-Finca-de-los-Arandinos-339x226.jpg 339w\" sizes=\"(max-width: 768px) 100vw, 768px\" \/>\t\t\t\t\t\t\t\t\t\t\t<figcaption class=\"widget-image-caption wp-caption-text\"><\/figcaption>\n\t\t\t\t\t\t\t\t\t\t<\/figure>\n\t\t\t\t\t\t\t\t\t<\/div>\n\t\t\t\t<\/div>\n\t\t\t\t<div class=\"elementor-element elementor-element-2034f01 elementor-widget elementor-widget-image\" data-id=\"2034f01\" data-element_type=\"widget\" data-e-type=\"widget\" data-widget_type=\"image.default\">\n\t\t\t\t<div class=\"elementor-widget-container\">\n\t\t\t\t\t\t\t\t\t\t\t\t<figure class=\"wp-caption\">\n\t\t\t\t\t\t\t\t\t\t<img loading=\"lazy\" decoding=\"async\" width=\"768\" height=\"512\" src=\"https:\/\/www.elturistatranquil.com\/wp-content\/uploads\/F45-Hotel-Bodega-Finca-de-los-Arandinos.jpg\" class=\"attachment-large size-large wp-image-27900\" alt=\"Hotel Bodega Finca de los Arandinos\" srcset=\"https:\/\/www.elturistatranquil.com\/wp-content\/uploads\/F45-Hotel-Bodega-Finca-de-los-Arandinos.jpg 768w, https:\/\/www.elturistatranquil.com\/wp-content\/uploads\/F45-Hotel-Bodega-Finca-de-los-Arandinos-339x226.jpg 339w\" sizes=\"(max-width: 768px) 100vw, 768px\" \/>\t\t\t\t\t\t\t\t\t\t\t<figcaption class=\"widget-image-caption wp-caption-text\"><\/figcaption>\n\t\t\t\t\t\t\t\t\t\t<\/figure>\n\t\t\t\t\t\t\t\t\t<\/div>\n\t\t\t\t<\/div>\n\t\t\t\t<div class=\"elementor-element elementor-element-3635208 elementor-widget elementor-widget-text-editor\" data-id=\"3635208\" data-element_type=\"widget\" data-e-type=\"widget\" data-widget_type=\"text-editor.default\">\n\t\t\t\t<div class=\"elementor-widget-container\">\n\t\t\t\t\t\t\t\t\t<p>La situaci\u00f3 \u00e9s ideal per amants de l\u2019esport i les passejades perqu\u00e8 el seu entorn est\u00e0 ple de camins entre vinyes on passejar, c\u00f3rrer o anar en bicicleta Al llarg dels recorreguts es veuen molts conills.<\/p><p>L\u2019edifici est\u00e0 situat en un tur\u00f3 que permet veure Entrena i Navarrete.<\/p>\t\t\t\t\t\t\t\t<\/div>\n\t\t\t\t<\/div>\n\t\t\t\t<div class=\"elementor-element elementor-element-9d10f93 elementor-widget elementor-widget-image\" data-id=\"9d10f93\" data-element_type=\"widget\" data-e-type=\"widget\" data-widget_type=\"image.default\">\n\t\t\t\t<div class=\"elementor-widget-container\">\n\t\t\t\t\t\t\t\t\t\t\t\t<figure class=\"wp-caption\">\n\t\t\t\t\t\t\t\t\t\t<img loading=\"lazy\" decoding=\"async\" width=\"768\" height=\"512\" src=\"https:\/\/www.elturistatranquil.com\/wp-content\/uploads\/F46-Hotel-Bodega-Finca-de-los-Arandinos.jpg\" class=\"attachment-large size-large wp-image-27902\" alt=\"Hotel Bodega Finca de los Arandinos\" srcset=\"https:\/\/www.elturistatranquil.com\/wp-content\/uploads\/F46-Hotel-Bodega-Finca-de-los-Arandinos.jpg 768w, https:\/\/www.elturistatranquil.com\/wp-content\/uploads\/F46-Hotel-Bodega-Finca-de-los-Arandinos-339x226.jpg 339w\" sizes=\"(max-width: 768px) 100vw, 768px\" \/>\t\t\t\t\t\t\t\t\t\t\t<figcaption class=\"widget-image-caption wp-caption-text\"><\/figcaption>\n\t\t\t\t\t\t\t\t\t\t<\/figure>\n\t\t\t\t\t\t\t\t\t<\/div>\n\t\t\t\t<\/div>\n\t\t\t\t<div class=\"elementor-element elementor-element-ed47f1a elementor-widget elementor-widget-menu-anchor\" data-id=\"ed47f1a\" data-element_type=\"widget\" data-e-type=\"widget\" data-widget_type=\"menu-anchor.default\">\n\t\t\t\t<div class=\"elementor-widget-container\">\n\t\t\t\t\t\t\t<div class=\"elementor-menu-anchor\" id=\"a1708\"><\/div>\n\t\t\t\t\t\t<\/div>\n\t\t\t\t<\/div>\n\t\t\t\t<div class=\"elementor-element elementor-element-3f51013 elementor-widget elementor-widget-image\" data-id=\"3f51013\" data-element_type=\"widget\" data-e-type=\"widget\" data-widget_type=\"image.default\">\n\t\t\t\t<div class=\"elementor-widget-container\">\n\t\t\t\t\t\t\t\t\t\t\t\t<figure class=\"wp-caption\">\n\t\t\t\t\t\t\t\t\t\t<img loading=\"lazy\" decoding=\"async\" width=\"768\" height=\"512\" src=\"https:\/\/www.elturistatranquil.com\/wp-content\/uploads\/F47-Entrena.jpg\" class=\"attachment-large size-large wp-image-27904\" alt=\"Entrena\" srcset=\"https:\/\/www.elturistatranquil.com\/wp-content\/uploads\/F47-Entrena.jpg 768w, https:\/\/www.elturistatranquil.com\/wp-content\/uploads\/F47-Entrena-339x226.jpg 339w\" sizes=\"(max-width: 768px) 100vw, 768px\" \/>\t\t\t\t\t\t\t\t\t\t\t<figcaption class=\"widget-image-caption wp-caption-text\"><\/figcaption>\n\t\t\t\t\t\t\t\t\t\t<\/figure>\n\t\t\t\t\t\t\t\t\t<\/div>\n\t\t\t\t<\/div>\n\t\t\t\t<div class=\"elementor-element elementor-element-7fca3b6 elementor-widget elementor-widget-heading\" data-id=\"7fca3b6\" data-element_type=\"widget\" data-e-type=\"widget\" data-widget_type=\"heading.default\">\n\t\t\t\t<div class=\"elementor-widget-container\">\n\t\t\t\t\t<h3 class=\"elementor-heading-title elementor-size-default\">Entrena<\/h3>\t\t\t\t<\/div>\n\t\t\t\t<\/div>\n\t\t\t\t<div class=\"elementor-element elementor-element-820e667 elementor-widget elementor-widget-text-editor\" data-id=\"820e667\" data-element_type=\"widget\" data-e-type=\"widget\" data-widget_type=\"text-editor.default\">\n\t\t\t\t<div class=\"elementor-widget-container\">\n\t\t\t\t\t\t\t\t\t<p>\u00c9s f\u00e0cil acostar-se a peu fins <strong>Entrena<\/strong>, la localitat a la que pertany la Finca de los Arandinos, a poc m\u00e9s d\u2019un kil\u00f2metre de dist\u00e0ncia. Te un cens de 1.536 habitants (2019). Forma part de la classificaci\u00f3 de la denominaci\u00f3 d\u2019origen <em>Rioja Alta<\/em>.<\/p>\t\t\t\t\t\t\t\t<\/div>\n\t\t\t\t<\/div>\n\t\t\t\t<div class=\"elementor-element elementor-element-d26af28 elementor-widget elementor-widget-image\" data-id=\"d26af28\" data-element_type=\"widget\" data-e-type=\"widget\" data-widget_type=\"image.default\">\n\t\t\t\t<div class=\"elementor-widget-container\">\n\t\t\t\t\t\t\t\t\t\t\t\t<figure class=\"wp-caption\">\n\t\t\t\t\t\t\t\t\t\t<img loading=\"lazy\" decoding=\"async\" width=\"768\" height=\"512\" src=\"https:\/\/www.elturistatranquil.com\/wp-content\/uploads\/F48-Entrena.jpg\" class=\"attachment-large size-large wp-image-27906\" alt=\"Entrena\" srcset=\"https:\/\/www.elturistatranquil.com\/wp-content\/uploads\/F48-Entrena.jpg 768w, https:\/\/www.elturistatranquil.com\/wp-content\/uploads\/F48-Entrena-339x226.jpg 339w\" sizes=\"(max-width: 768px) 100vw, 768px\" \/>\t\t\t\t\t\t\t\t\t\t\t<figcaption class=\"widget-image-caption wp-caption-text\"><\/figcaption>\n\t\t\t\t\t\t\t\t\t\t<\/figure>\n\t\t\t\t\t\t\t\t\t<\/div>\n\t\t\t\t<\/div>\n\t\t\t\t<div class=\"elementor-element elementor-element-1869adf elementor-widget elementor-widget-text-editor\" data-id=\"1869adf\" data-element_type=\"widget\" data-e-type=\"widget\" data-widget_type=\"text-editor.default\">\n\t\t\t\t<div class=\"elementor-widget-container\">\n\t\t\t\t\t\t\t\t\t<p>Esgl\u00e9sia de San Mart\u00edn, del segle XVI.<\/p>\t\t\t\t\t\t\t\t<\/div>\n\t\t\t\t<\/div>\n\t\t\t\t<div class=\"elementor-element elementor-element-4a3a1df elementor-widget elementor-widget-menu-anchor\" data-id=\"4a3a1df\" data-element_type=\"widget\" data-e-type=\"widget\" data-widget_type=\"menu-anchor.default\">\n\t\t\t\t<div class=\"elementor-widget-container\">\n\t\t\t\t\t\t\t<div class=\"elementor-menu-anchor\" id=\"a1709\"><\/div>\n\t\t\t\t\t\t<\/div>\n\t\t\t\t<\/div>\n\t\t\t\t<div class=\"elementor-element elementor-element-511ae38 elementor-widget elementor-widget-image\" data-id=\"511ae38\" data-element_type=\"widget\" data-e-type=\"widget\" data-widget_type=\"image.default\">\n\t\t\t\t<div class=\"elementor-widget-container\">\n\t\t\t\t\t\t\t\t\t\t\t\t<figure class=\"wp-caption\">\n\t\t\t\t\t\t\t\t\t\t<img loading=\"lazy\" decoding=\"async\" width=\"768\" height=\"511\" src=\"https:\/\/www.elturistatranquil.com\/wp-content\/uploads\/F49-Entrena.jpg\" class=\"attachment-large size-large wp-image-27908\" alt=\"Entrena\" srcset=\"https:\/\/www.elturistatranquil.com\/wp-content\/uploads\/F49-Entrena.jpg 768w, https:\/\/www.elturistatranquil.com\/wp-content\/uploads\/F49-Entrena-339x226.jpg 339w\" sizes=\"(max-width: 768px) 100vw, 768px\" \/>\t\t\t\t\t\t\t\t\t\t\t<figcaption class=\"widget-image-caption wp-caption-text\"><\/figcaption>\n\t\t\t\t\t\t\t\t\t\t<\/figure>\n\t\t\t\t\t\t\t\t\t<\/div>\n\t\t\t\t<\/div>\n\t\t\t\t<div class=\"elementor-element elementor-element-9a5b824 elementor-widget elementor-widget-heading\" data-id=\"9a5b824\" data-element_type=\"widget\" data-e-type=\"widget\" data-widget_type=\"heading.default\">\n\t\t\t\t<div class=\"elementor-widget-container\">\n\t\t\t\t\t<h2 class=\"elementor-heading-title elementor-size-default\">Propostes de visites<\/h2>\t\t\t\t<\/div>\n\t\t\t\t<\/div>\n\t\t\t\t<div class=\"elementor-element elementor-element-3c0bd17 elementor-widget elementor-widget-image\" data-id=\"3c0bd17\" data-element_type=\"widget\" data-e-type=\"widget\" data-widget_type=\"image.default\">\n\t\t\t\t<div class=\"elementor-widget-container\">\n\t\t\t\t\t\t\t\t\t\t\t\t<figure class=\"wp-caption\">\n\t\t\t\t\t\t\t\t\t\t<img loading=\"lazy\" decoding=\"async\" width=\"768\" height=\"512\" src=\"https:\/\/www.elturistatranquil.com\/wp-content\/uploads\/F50-Hotel-Bodega-Finca-de-los-Arandinos-Rutas-Google-maps-2020-01-27.jpg\" class=\"attachment-large size-large wp-image-27910\" alt=\"Hotel Bodega Finca de los Arandinos Rutas (Google maps 2020-01-27)\" srcset=\"https:\/\/www.elturistatranquil.com\/wp-content\/uploads\/F50-Hotel-Bodega-Finca-de-los-Arandinos-Rutas-Google-maps-2020-01-27.jpg 768w, https:\/\/www.elturistatranquil.com\/wp-content\/uploads\/F50-Hotel-Bodega-Finca-de-los-Arandinos-Rutas-Google-maps-2020-01-27-339x226.jpg 339w\" sizes=\"(max-width: 768px) 100vw, 768px\" \/>\t\t\t\t\t\t\t\t\t\t\t<figcaption class=\"widget-image-caption wp-caption-text\">Localitzaci\u00f3 dels punts de visita. Groc: en el Cam\u00ed de Sant Jaume. Blau: en la ruta de l'Ebre. Blau fosc: Logronyo (Google maps 2020-01-27)<\/figcaption>\n\t\t\t\t\t\t\t\t\t\t<\/figure>\n\t\t\t\t\t\t\t\t\t<\/div>\n\t\t\t\t<\/div>\n\t\t\t\t<div class=\"elementor-element elementor-element-b21e822 elementor-widget elementor-widget-menu-anchor\" data-id=\"b21e822\" data-element_type=\"widget\" data-e-type=\"widget\" data-widget_type=\"menu-anchor.default\">\n\t\t\t\t<div class=\"elementor-widget-container\">\n\t\t\t\t\t\t\t<div class=\"elementor-menu-anchor\" id=\"a1710\"><\/div>\n\t\t\t\t\t\t<\/div>\n\t\t\t\t<\/div>\n\t\t\t\t<div class=\"elementor-element elementor-element-4c1fc6f elementor-widget elementor-widget-text-editor\" data-id=\"4c1fc6f\" data-element_type=\"widget\" data-e-type=\"widget\" data-widget_type=\"text-editor.default\">\n\t\t\t\t<div class=\"elementor-widget-container\">\n\t\t\t\t\t\t\t\t\t<p>Aquest territori \u00e9s molt atractiu per a nosaltres, i hi hem anat en diverses ocasions.<\/p><p>A continuaci\u00f3, farem \u00fanicament esment a les localitats que en algun moment hem visitat. S\u2019hi podrien incloure moltes altres, per\u00f2 aquestes s\u00f3n les que m\u00e9s coneixem.<\/p><p>Les hem agrupat en dos trajectes amb una vinculaci\u00f3 interna.<\/p><p>Les que formen part del Cam\u00ed de Sant Jaume al pas per la Comunitat, senyalitzades en color groc al mapa.<\/p><p>Les que es troben en el circuit del vi a las zones de denominaci\u00f3 d\u2019origen de la Rioja Alta i la Rioja Alabesa. Senyalitzaci\u00f3 en color blau fosc.<\/p><p>Per \u00faltim, farem esment de la ciutat de Vitoria-Gasteiz, senyalitzada en blau clar.<\/p><p>Abans de continuar, observeu al mapa la forma de lloc geogr\u00e0fic de pas entre la vessant mediterr\u00e0nia i la atl\u00e0ntica, a la zona septentrional de la Pen\u00ednsula.<\/p>\t\t\t\t\t\t\t\t<\/div>\n\t\t\t\t<\/div>\n\t\t\t\t<div class=\"elementor-element elementor-element-540f495 elementor-widget elementor-widget-menu-anchor\" data-id=\"540f495\" data-element_type=\"widget\" data-e-type=\"widget\" data-widget_type=\"menu-anchor.default\">\n\t\t\t\t<div class=\"elementor-widget-container\">\n\t\t\t\t\t\t\t<div class=\"elementor-menu-anchor\" id=\"a1711\"><\/div>\n\t\t\t\t\t\t<\/div>\n\t\t\t\t<\/div>\n\t\t\t\t<div class=\"elementor-element elementor-element-f571d70 elementor-widget elementor-widget-heading\" data-id=\"f571d70\" data-element_type=\"widget\" data-e-type=\"widget\" data-widget_type=\"heading.default\">\n\t\t\t\t<div class=\"elementor-widget-container\">\n\t\t\t\t\t<h2 class=\"elementor-heading-title elementor-size-default\">En el Cam\u00ed de Sant Jaume<\/h2>\t\t\t\t<\/div>\n\t\t\t\t<\/div>\n\t\t\t\t<div class=\"elementor-element elementor-element-746b8f0 elementor-widget elementor-widget-heading\" data-id=\"746b8f0\" data-element_type=\"widget\" data-e-type=\"widget\" data-widget_type=\"heading.default\">\n\t\t\t\t<div class=\"elementor-widget-container\">\n\t\t\t\t\t<h3 class=\"elementor-heading-title elementor-size-default\">Logronyo<\/h3>\t\t\t\t<\/div>\n\t\t\t\t<\/div>\n\t\t\t\t<div class=\"elementor-element elementor-element-f2b12fb elementor-widget elementor-widget-text-editor\" data-id=\"f2b12fb\" data-element_type=\"widget\" data-e-type=\"widget\" data-widget_type=\"text-editor.default\">\n\t\t\t\t<div class=\"elementor-widget-container\">\n\t\t\t\t\t\t\t\t\t<p>Capital de la Comunitat Aut\u00f2noma de La Rioja, <strong>Logronyo<\/strong> compta amb 151.136 habitants (2019). Pertany a la Denominaci\u00f3 d\u2019Origen Qualificada Rioja Alta.<\/p><p>Lloc on anar a passejar i fer tapes pels carrers Laurel i San Juan. I m\u00e9s si coincideix amb les festes de San Mateo.<\/p><p>Concatedral de Santa Mar\u00eda de la Redonda, molt reformada sobre un temple del segle XII. A la foto vista parcial des del carrer Portales, per les festes de Sant Mateo.<\/p><p>Tamb\u00e9 la hi podria considerar formant part de la <em>ruta de l&#8217;Ebre<\/em>.<\/p>\t\t\t\t\t\t\t\t<\/div>\n\t\t\t\t<\/div>\n\t\t\t\t<section class=\"elementor-section elementor-inner-section elementor-element elementor-element-d965d11 elementor-section-boxed elementor-section-height-default elementor-section-height-default\" data-id=\"d965d11\" data-element_type=\"section\" data-e-type=\"section\">\n\t\t\t\t\t\t<div class=\"elementor-container elementor-column-gap-default\">\n\t\t\t\t\t<div class=\"elementor-column elementor-col-50 elementor-inner-column elementor-element elementor-element-276be4e\" data-id=\"276be4e\" data-element_type=\"column\" data-e-type=\"column\">\n\t\t\t<div class=\"elementor-widget-wrap elementor-element-populated\">\n\t\t\t\t\t\t<div class=\"elementor-element elementor-element-080a97a elementor-widget elementor-widget-image\" data-id=\"080a97a\" data-element_type=\"widget\" data-e-type=\"widget\" data-widget_type=\"image.default\">\n\t\t\t\t<div class=\"elementor-widget-container\">\n\t\t\t\t\t\t\t\t\t\t\t\t\t\t\t<img loading=\"lazy\" decoding=\"async\" width=\"367\" height=\"550\" src=\"https:\/\/www.elturistatranquil.com\/wp-content\/uploads\/F51m-Logro\u00f1o.jpg\" class=\"attachment-large size-large wp-image-27912\" alt=\"Logro\u00f1o\" srcset=\"https:\/\/www.elturistatranquil.com\/wp-content\/uploads\/F51m-Logro\u00f1o.jpg 367w, https:\/\/www.elturistatranquil.com\/wp-content\/uploads\/F51m-Logro\u00f1o-151x226.jpg 151w\" sizes=\"(max-width: 367px) 100vw, 367px\" \/>\t\t\t\t\t\t\t\t\t\t\t\t\t\t\t<\/div>\n\t\t\t\t<\/div>\n\t\t\t\t\t<\/div>\n\t\t<\/div>\n\t\t\t\t<div class=\"elementor-column elementor-col-50 elementor-inner-column elementor-element elementor-element-fbc8760\" data-id=\"fbc8760\" data-element_type=\"column\" data-e-type=\"column\">\n\t\t\t<div class=\"elementor-widget-wrap elementor-element-populated\">\n\t\t\t\t\t\t<div class=\"elementor-element elementor-element-735dcd0 elementor-widget elementor-widget-image\" data-id=\"735dcd0\" data-element_type=\"widget\" data-e-type=\"widget\" data-widget_type=\"image.default\">\n\t\t\t\t<div class=\"elementor-widget-container\">\n\t\t\t\t\t\t\t\t\t\t\t\t\t\t\t<img loading=\"lazy\" decoding=\"async\" width=\"367\" height=\"550\" src=\"https:\/\/www.elturistatranquil.com\/wp-content\/uploads\/F51n-Logro\u00f1o.jpg\" class=\"attachment-large size-large wp-image-27914\" alt=\"Logro\u00f1o\" srcset=\"https:\/\/www.elturistatranquil.com\/wp-content\/uploads\/F51n-Logro\u00f1o.jpg 367w, https:\/\/www.elturistatranquil.com\/wp-content\/uploads\/F51n-Logro\u00f1o-151x226.jpg 151w\" sizes=\"(max-width: 367px) 100vw, 367px\" \/>\t\t\t\t\t\t\t\t\t\t\t\t\t\t\t<\/div>\n\t\t\t\t<\/div>\n\t\t\t\t\t<\/div>\n\t\t<\/div>\n\t\t\t\t\t<\/div>\n\t\t<\/section>\n\t\t\t\t<div class=\"elementor-element elementor-element-8d9e421 elementor-widget elementor-widget-image\" data-id=\"8d9e421\" data-element_type=\"widget\" data-e-type=\"widget\" data-widget_type=\"image.default\">\n\t\t\t\t<div class=\"elementor-widget-container\">\n\t\t\t\t\t\t\t\t\t\t\t\t<figure class=\"wp-caption\">\n\t\t\t\t\t\t\t\t\t\t<img loading=\"lazy\" decoding=\"async\" width=\"768\" height=\"512\" src=\"https:\/\/www.elturistatranquil.com\/wp-content\/uploads\/F52-Logro\u00f1o.jpg\" class=\"attachment-large size-large wp-image-27916\" alt=\"Logro\u00f1o\" srcset=\"https:\/\/www.elturistatranquil.com\/wp-content\/uploads\/F52-Logro\u00f1o.jpg 768w, https:\/\/www.elturistatranquil.com\/wp-content\/uploads\/F52-Logro\u00f1o-339x226.jpg 339w\" sizes=\"(max-width: 768px) 100vw, 768px\" \/>\t\t\t\t\t\t\t\t\t\t\t<figcaption class=\"widget-image-caption wp-caption-text\"><\/figcaption>\n\t\t\t\t\t\t\t\t\t\t<\/figure>\n\t\t\t\t\t\t\t\t\t<\/div>\n\t\t\t\t<\/div>\n\t\t\t\t<div class=\"elementor-element elementor-element-1b5addf elementor-widget elementor-widget-menu-anchor\" data-id=\"1b5addf\" data-element_type=\"widget\" data-e-type=\"widget\" data-widget_type=\"menu-anchor.default\">\n\t\t\t\t<div class=\"elementor-widget-container\">\n\t\t\t\t\t\t\t<div class=\"elementor-menu-anchor\" id=\"a1712\"><\/div>\n\t\t\t\t\t\t<\/div>\n\t\t\t\t<\/div>\n\t\t\t\t<div class=\"elementor-element elementor-element-0e91e6f elementor-widget elementor-widget-image\" data-id=\"0e91e6f\" data-element_type=\"widget\" data-e-type=\"widget\" data-widget_type=\"image.default\">\n\t\t\t\t<div class=\"elementor-widget-container\">\n\t\t\t\t\t\t\t\t\t\t\t\t<figure class=\"wp-caption\">\n\t\t\t\t\t\t\t\t\t\t<img loading=\"lazy\" decoding=\"async\" width=\"768\" height=\"512\" src=\"https:\/\/www.elturistatranquil.com\/wp-content\/uploads\/F53-Logro\u00f1o.jpg\" class=\"attachment-large size-large wp-image-27918\" alt=\"Logro\u00f1o\" srcset=\"https:\/\/www.elturistatranquil.com\/wp-content\/uploads\/F53-Logro\u00f1o.jpg 768w, https:\/\/www.elturistatranquil.com\/wp-content\/uploads\/F53-Logro\u00f1o-339x226.jpg 339w\" sizes=\"(max-width: 768px) 100vw, 768px\" \/>\t\t\t\t\t\t\t\t\t\t\t<figcaption class=\"widget-image-caption wp-caption-text\"><\/figcaption>\n\t\t\t\t\t\t\t\t\t\t<\/figure>\n\t\t\t\t\t\t\t\t\t<\/div>\n\t\t\t\t<\/div>\n\t\t\t\t<div class=\"elementor-element elementor-element-b3f10b5 elementor-widget elementor-widget-heading\" data-id=\"b3f10b5\" data-element_type=\"widget\" data-e-type=\"widget\" data-widget_type=\"heading.default\">\n\t\t\t\t<div class=\"elementor-widget-container\">\n\t\t\t\t\t<h3 class=\"elementor-heading-title elementor-size-default\">Navarrete <\/h3>\t\t\t\t<\/div>\n\t\t\t\t<\/div>\n\t\t\t\t<div class=\"elementor-element elementor-element-4cdd2326 elementor-widget elementor-widget-text-editor\" data-id=\"4cdd2326\" data-element_type=\"widget\" data-e-type=\"widget\" data-widget_type=\"text-editor.default\">\n\t\t\t\t<div class=\"elementor-widget-container\">\n\t\t\t\t\t\t\t\t\t<p><strong>Navarrete<\/strong>, amb 2.941 habitants (2019). Pertany a la Denominaci\u00f3 d\u2019Origen Qualificada Rioja Alta.<\/p><p>Est\u00e0 a la vista des de l\u2019Hotel, i \u00e9s lloc de pas del Cam\u00ed de Sant Jaume.<\/p><p>Destaca l\u2019Esgl\u00e9sia de Santa Mar\u00eda de la Asunci\u00f3n, dels segles XVI-XVII.<\/p>\t\t\t\t\t\t\t\t<\/div>\n\t\t\t\t<\/div>\n\t\t\t\t<div class=\"elementor-element elementor-element-96724da elementor-widget elementor-widget-menu-anchor\" data-id=\"96724da\" data-element_type=\"widget\" data-e-type=\"widget\" data-widget_type=\"menu-anchor.default\">\n\t\t\t\t<div class=\"elementor-widget-container\">\n\t\t\t\t\t\t\t<div class=\"elementor-menu-anchor\" id=\"a1713\"><\/div>\n\t\t\t\t\t\t<\/div>\n\t\t\t\t<\/div>\n\t\t\t\t<section class=\"elementor-section elementor-inner-section elementor-element elementor-element-d5e3688 elementor-section-boxed elementor-section-height-default elementor-section-height-default\" data-id=\"d5e3688\" data-element_type=\"section\" data-e-type=\"section\">\n\t\t\t\t\t\t<div class=\"elementor-container elementor-column-gap-default\">\n\t\t\t\t\t<div class=\"elementor-column elementor-col-50 elementor-inner-column elementor-element elementor-element-d392749\" data-id=\"d392749\" data-element_type=\"column\" data-e-type=\"column\">\n\t\t\t<div class=\"elementor-widget-wrap elementor-element-populated\">\n\t\t\t\t\t\t<div class=\"elementor-element elementor-element-9b3a795 elementor-widget elementor-widget-image\" data-id=\"9b3a795\" data-element_type=\"widget\" data-e-type=\"widget\" data-widget_type=\"image.default\">\n\t\t\t\t<div class=\"elementor-widget-container\">\n\t\t\t\t\t\t\t\t\t\t\t\t\t\t\t<img loading=\"lazy\" decoding=\"async\" width=\"367\" height=\"550\" src=\"https:\/\/www.elturistatranquil.com\/wp-content\/uploads\/F54m-Navarrete.jpg\" class=\"attachment-large size-large wp-image-27920\" alt=\"Navarrete\" srcset=\"https:\/\/www.elturistatranquil.com\/wp-content\/uploads\/F54m-Navarrete.jpg 367w, https:\/\/www.elturistatranquil.com\/wp-content\/uploads\/F54m-Navarrete-151x226.jpg 151w\" sizes=\"(max-width: 367px) 100vw, 367px\" \/>\t\t\t\t\t\t\t\t\t\t\t\t\t\t\t<\/div>\n\t\t\t\t<\/div>\n\t\t\t\t\t<\/div>\n\t\t<\/div>\n\t\t\t\t<div class=\"elementor-column elementor-col-50 elementor-inner-column elementor-element elementor-element-e5ad4fc\" data-id=\"e5ad4fc\" data-element_type=\"column\" data-e-type=\"column\">\n\t\t\t<div class=\"elementor-widget-wrap elementor-element-populated\">\n\t\t\t\t\t\t<div class=\"elementor-element elementor-element-f6a0731 elementor-widget elementor-widget-image\" data-id=\"f6a0731\" data-element_type=\"widget\" data-e-type=\"widget\" data-widget_type=\"image.default\">\n\t\t\t\t<div class=\"elementor-widget-container\">\n\t\t\t\t\t\t\t\t\t\t\t\t\t\t\t<img loading=\"lazy\" decoding=\"async\" width=\"367\" height=\"550\" src=\"https:\/\/www.elturistatranquil.com\/wp-content\/uploads\/F54n-Navarrete.jpg\" class=\"attachment-large size-large wp-image-27922\" alt=\"Navarrete\" srcset=\"https:\/\/www.elturistatranquil.com\/wp-content\/uploads\/F54n-Navarrete.jpg 367w, https:\/\/www.elturistatranquil.com\/wp-content\/uploads\/F54n-Navarrete-151x226.jpg 151w\" sizes=\"(max-width: 367px) 100vw, 367px\" \/>\t\t\t\t\t\t\t\t\t\t\t\t\t\t\t<\/div>\n\t\t\t\t<\/div>\n\t\t\t\t\t<\/div>\n\t\t<\/div>\n\t\t\t\t\t<\/div>\n\t\t<\/section>\n\t\t\t\t<div class=\"elementor-element elementor-element-dc2662f elementor-widget elementor-widget-heading\" data-id=\"dc2662f\" data-element_type=\"widget\" data-e-type=\"widget\" data-widget_type=\"heading.default\">\n\t\t\t\t<div class=\"elementor-widget-container\">\n\t\t\t\t\t<h3 class=\"elementor-heading-title elementor-size-default\">N\u00e1jera<\/h3>\t\t\t\t<\/div>\n\t\t\t\t<\/div>\n\t\t\t\t<div class=\"elementor-element elementor-element-68f5904 elementor-widget elementor-widget-text-editor\" data-id=\"68f5904\" data-element_type=\"widget\" data-e-type=\"widget\" data-widget_type=\"text-editor.default\">\n\t\t\t\t<div class=\"elementor-widget-container\">\n\t\t\t\t\t\t\t\t\t<p><strong>N\u00e1jera<\/strong>, 8.045 habitants (2019). Pertany a la Denominaci\u00f3 d\u2019Origen Qualificada Rioja Alta.<\/p><p>Lloc estrat\u00e8gic de frontera a l\u2019Edat Mitjana. Va ser capital del Regne de N\u00e1jera-Pamplona.<\/p><p>El monestir de Santa Mar\u00eda La Real, iniciada la seva construcci\u00f3 el 1045, acull actualment la Escuela de Patrimonio Hist\u00f3rico. Es poden visitar diverses construccions hist\u00f2riques.<\/p>\t\t\t\t\t\t\t\t<\/div>\n\t\t\t\t<\/div>\n\t\t\t\t<div class=\"elementor-element elementor-element-bd7a963 elementor-widget elementor-widget-menu-anchor\" data-id=\"bd7a963\" data-element_type=\"widget\" data-e-type=\"widget\" data-widget_type=\"menu-anchor.default\">\n\t\t\t\t<div class=\"elementor-widget-container\">\n\t\t\t\t\t\t\t<div class=\"elementor-menu-anchor\" id=\"a1714\"><\/div>\n\t\t\t\t\t\t<\/div>\n\t\t\t\t<\/div>\n\t\t\t\t<section class=\"elementor-section elementor-inner-section elementor-element elementor-element-f956166 elementor-section-boxed elementor-section-height-default elementor-section-height-default\" data-id=\"f956166\" data-element_type=\"section\" data-e-type=\"section\">\n\t\t\t\t\t\t<div class=\"elementor-container elementor-column-gap-default\">\n\t\t\t\t\t<div class=\"elementor-column elementor-col-50 elementor-inner-column elementor-element elementor-element-b328c25\" data-id=\"b328c25\" data-element_type=\"column\" data-e-type=\"column\">\n\t\t\t<div class=\"elementor-widget-wrap elementor-element-populated\">\n\t\t\t\t\t\t<div class=\"elementor-element elementor-element-778bb1c elementor-widget elementor-widget-image\" data-id=\"778bb1c\" data-element_type=\"widget\" data-e-type=\"widget\" data-widget_type=\"image.default\">\n\t\t\t\t<div class=\"elementor-widget-container\">\n\t\t\t\t\t\t\t\t\t\t\t\t\t\t\t<img loading=\"lazy\" decoding=\"async\" width=\"367\" height=\"550\" src=\"https:\/\/www.elturistatranquil.com\/wp-content\/uploads\/F55m-Najera.jpg\" class=\"attachment-large size-large wp-image-27924\" alt=\"Najera\" srcset=\"https:\/\/www.elturistatranquil.com\/wp-content\/uploads\/F55m-Najera.jpg 367w, https:\/\/www.elturistatranquil.com\/wp-content\/uploads\/F55m-Najera-151x226.jpg 151w\" sizes=\"(max-width: 367px) 100vw, 367px\" \/>\t\t\t\t\t\t\t\t\t\t\t\t\t\t\t<\/div>\n\t\t\t\t<\/div>\n\t\t\t\t\t<\/div>\n\t\t<\/div>\n\t\t\t\t<div class=\"elementor-column elementor-col-50 elementor-inner-column elementor-element elementor-element-246a46d\" data-id=\"246a46d\" data-element_type=\"column\" data-e-type=\"column\">\n\t\t\t<div class=\"elementor-widget-wrap elementor-element-populated\">\n\t\t\t\t\t\t<div class=\"elementor-element elementor-element-afea5df elementor-widget elementor-widget-image\" data-id=\"afea5df\" data-element_type=\"widget\" data-e-type=\"widget\" data-widget_type=\"image.default\">\n\t\t\t\t<div class=\"elementor-widget-container\">\n\t\t\t\t\t\t\t\t\t\t\t\t\t\t\t<img loading=\"lazy\" decoding=\"async\" width=\"367\" height=\"550\" src=\"https:\/\/www.elturistatranquil.com\/wp-content\/uploads\/F55n-Najera.jpg\" class=\"attachment-large size-large wp-image-27926\" alt=\"Najera\" srcset=\"https:\/\/www.elturistatranquil.com\/wp-content\/uploads\/F55n-Najera.jpg 367w, https:\/\/www.elturistatranquil.com\/wp-content\/uploads\/F55n-Najera-151x226.jpg 151w\" sizes=\"(max-width: 367px) 100vw, 367px\" \/>\t\t\t\t\t\t\t\t\t\t\t\t\t\t\t<\/div>\n\t\t\t\t<\/div>\n\t\t\t\t\t<\/div>\n\t\t<\/div>\n\t\t\t\t\t<\/div>\n\t\t<\/section>\n\t\t\t\t<div class=\"elementor-element elementor-element-ceeb083 elementor-widget elementor-widget-heading\" data-id=\"ceeb083\" data-element_type=\"widget\" data-e-type=\"widget\" data-widget_type=\"heading.default\">\n\t\t\t\t<div class=\"elementor-widget-container\">\n\t\t\t\t\t<h3 class=\"elementor-heading-title elementor-size-default\">San Mill\u00e1n de la Cogolla<\/h3>\t\t\t\t<\/div>\n\t\t\t\t<\/div>\n\t\t\t\t<div class=\"elementor-element elementor-element-65a510f elementor-widget elementor-widget-text-editor\" data-id=\"65a510f\" data-element_type=\"widget\" data-e-type=\"widget\" data-widget_type=\"text-editor.default\">\n\t\t\t\t<div class=\"elementor-widget-container\">\n\t\t\t\t\t\t\t\t\t<p>Una desviaci\u00f3 del Cami de Sant Jaume porta fins a <strong>San Mill\u00e1n de la Cogolla<\/strong>, amb 230 habitants (2019).<\/p><p>Est\u00e0 situat a peu de la Serra de la Demanda (Sistema Ib\u00e8ric) al vessant oriental que separa la Meseta de la Vall de l&#8217;Ebre, a 728 msnm i a la vora del riu C\u00e1rdenas.<\/p>\t\t\t\t\t\t\t\t<\/div>\n\t\t\t\t<\/div>\n\t\t\t\t<div class=\"elementor-element elementor-element-e58c78f elementor-widget elementor-widget-image\" data-id=\"e58c78f\" data-element_type=\"widget\" data-e-type=\"widget\" data-widget_type=\"image.default\">\n\t\t\t\t<div class=\"elementor-widget-container\">\n\t\t\t\t\t\t\t\t\t\t\t\t<figure class=\"wp-caption\">\n\t\t\t\t\t\t\t\t\t\t<img loading=\"lazy\" decoding=\"async\" width=\"768\" height=\"512\" src=\"https:\/\/www.elturistatranquil.com\/wp-content\/uploads\/F56-San-Millan-de-la-Cogolla.jpg\" class=\"attachment-large size-large wp-image-27928\" alt=\"San Millan de la Cogolla\" srcset=\"https:\/\/www.elturistatranquil.com\/wp-content\/uploads\/F56-San-Millan-de-la-Cogolla.jpg 768w, https:\/\/www.elturistatranquil.com\/wp-content\/uploads\/F56-San-Millan-de-la-Cogolla-339x226.jpg 339w\" sizes=\"(max-width: 768px) 100vw, 768px\" \/>\t\t\t\t\t\t\t\t\t\t\t<figcaption class=\"widget-image-caption wp-caption-text\"><\/figcaption>\n\t\t\t\t\t\t\t\t\t\t<\/figure>\n\t\t\t\t\t\t\t\t\t<\/div>\n\t\t\t\t<\/div>\n\t\t\t\t<div class=\"elementor-element elementor-element-e1beecd elementor-widget elementor-widget-menu-anchor\" data-id=\"e1beecd\" data-element_type=\"widget\" data-e-type=\"widget\" data-widget_type=\"menu-anchor.default\">\n\t\t\t\t<div class=\"elementor-widget-container\">\n\t\t\t\t\t\t\t<div class=\"elementor-menu-anchor\" id=\"a1715\"><\/div>\n\t\t\t\t\t\t<\/div>\n\t\t\t\t<\/div>\n\t\t\t\t<div class=\"elementor-element elementor-element-eaa3fca elementor-widget elementor-widget-text-editor\" data-id=\"eaa3fca\" data-element_type=\"widget\" data-e-type=\"widget\" data-widget_type=\"text-editor.default\">\n\t\t\t\t<div class=\"elementor-widget-container\">\n\t\t\t\t\t\t\t\t\t<p>El que destaca s\u00f3n els dos <strong>monestirs de San Mill\u00e1n<\/strong>.<\/p><p>El conjunt dels dos monestirs va ser declarat <em>Patrimoni de la Humanitat <\/em>el 1997.<\/p>\t\t\t\t\t\t\t\t<\/div>\n\t\t\t\t<\/div>\n\t\t\t\t<div class=\"elementor-element elementor-element-277c3664 elementor-widget elementor-widget-heading\" data-id=\"277c3664\" data-element_type=\"widget\" data-e-type=\"widget\" data-widget_type=\"heading.default\">\n\t\t\t\t<div class=\"elementor-widget-container\">\n\t\t\t\t\t<h4 class=\"elementor-heading-title elementor-size-default\">Monestir de San Mill\u00e1n de Suso (\u00abde d\u2019alt\u00bb) <\/h4>\t\t\t\t<\/div>\n\t\t\t\t<\/div>\n\t\t\t\t<div class=\"elementor-element elementor-element-5779015 elementor-widget elementor-widget-text-editor\" data-id=\"5779015\" data-element_type=\"widget\" data-e-type=\"widget\" data-widget_type=\"text-editor.default\">\n\t\t\t\t<div class=\"elementor-widget-container\">\n\t\t\t\t\t\t\t\t\t<p>El <strong>Monestir de Suso<\/strong> correspon al primer monestir. Iniciat al segle VI per l\u2019eremita <em>San Mill\u00e1n<\/em>. Evolucionat fins al segle en que es van traslladar al Monestir de Baix (Yuso) al segle XI.<\/p>\t\t\t\t\t\t\t\t<\/div>\n\t\t\t\t<\/div>\n\t\t\t\t<div class=\"elementor-element elementor-element-cee7ec6 elementor-widget elementor-widget-menu-anchor\" data-id=\"cee7ec6\" data-element_type=\"widget\" data-e-type=\"widget\" data-widget_type=\"menu-anchor.default\">\n\t\t\t\t<div class=\"elementor-widget-container\">\n\t\t\t\t\t\t\t<div class=\"elementor-menu-anchor\" id=\"a1716\"><\/div>\n\t\t\t\t\t\t<\/div>\n\t\t\t\t<\/div>\n\t\t\t\t<div class=\"elementor-element elementor-element-e7c0037 elementor-widget elementor-widget-image\" data-id=\"e7c0037\" data-element_type=\"widget\" data-e-type=\"widget\" data-widget_type=\"image.default\">\n\t\t\t\t<div class=\"elementor-widget-container\">\n\t\t\t\t\t\t\t\t\t\t\t\t<figure class=\"wp-caption\">\n\t\t\t\t\t\t\t\t\t\t<img loading=\"lazy\" decoding=\"async\" width=\"768\" height=\"512\" src=\"https:\/\/www.elturistatranquil.com\/wp-content\/uploads\/F57-San-Millan-de-la-Cogolla-Monasterio-de-Suso.jpg\" class=\"attachment-large size-large wp-image-27930\" alt=\"San Millan de la Cogolla\" srcset=\"https:\/\/www.elturistatranquil.com\/wp-content\/uploads\/F57-San-Millan-de-la-Cogolla-Monasterio-de-Suso.jpg 768w, https:\/\/www.elturistatranquil.com\/wp-content\/uploads\/F57-San-Millan-de-la-Cogolla-Monasterio-de-Suso-339x226.jpg 339w\" sizes=\"(max-width: 768px) 100vw, 768px\" \/>\t\t\t\t\t\t\t\t\t\t\t<figcaption class=\"widget-image-caption wp-caption-text\"><\/figcaption>\n\t\t\t\t\t\t\t\t\t\t<\/figure>\n\t\t\t\t\t\t\t\t\t<\/div>\n\t\t\t\t<\/div>\n\t\t\t\t<div class=\"elementor-element elementor-element-4f652c8 elementor-widget elementor-widget-heading\" data-id=\"4f652c8\" data-element_type=\"widget\" data-e-type=\"widget\" data-widget_type=\"heading.default\">\n\t\t\t\t<div class=\"elementor-widget-container\">\n\t\t\t\t\t<h4 class=\"elementor-heading-title elementor-size-default\">Monestir de San Mill\u00e1n de Yuso (\u00abde baix\u00bb)<\/h4>\t\t\t\t<\/div>\n\t\t\t\t<\/div>\n\t\t\t\t<div class=\"elementor-element elementor-element-c9de2af elementor-widget elementor-widget-text-editor\" data-id=\"c9de2af\" data-element_type=\"widget\" data-e-type=\"widget\" data-widget_type=\"text-editor.default\">\n\t\t\t\t<div class=\"elementor-widget-container\">\n\t\t\t\t\t\t\t\t\t<p>La construcci\u00f3 del <strong>Monestir de Yuso<\/strong> va ser iniciada el 1053 pel rei de Navarra Garc\u00eda III.<\/p>\t\t\t\t\t\t\t\t<\/div>\n\t\t\t\t<\/div>\n\t\t\t\t<div class=\"elementor-element elementor-element-46d16d2 elementor-widget elementor-widget-image\" data-id=\"46d16d2\" data-element_type=\"widget\" data-e-type=\"widget\" data-widget_type=\"image.default\">\n\t\t\t\t<div class=\"elementor-widget-container\">\n\t\t\t\t\t\t\t\t\t\t\t\t<figure class=\"wp-caption\">\n\t\t\t\t\t\t\t\t\t\t<img loading=\"lazy\" decoding=\"async\" width=\"768\" height=\"512\" src=\"https:\/\/www.elturistatranquil.com\/wp-content\/uploads\/F58-San-Millan-de-la-Cogolla-Monasterio-de-Yuso.jpg\" class=\"attachment-large size-large wp-image-27932\" alt=\"San Millan de la Cogolla\" srcset=\"https:\/\/www.elturistatranquil.com\/wp-content\/uploads\/F58-San-Millan-de-la-Cogolla-Monasterio-de-Yuso.jpg 768w, https:\/\/www.elturistatranquil.com\/wp-content\/uploads\/F58-San-Millan-de-la-Cogolla-Monasterio-de-Yuso-339x226.jpg 339w\" sizes=\"(max-width: 768px) 100vw, 768px\" \/>\t\t\t\t\t\t\t\t\t\t\t<figcaption class=\"widget-image-caption wp-caption-text\"><\/figcaption>\n\t\t\t\t\t\t\t\t\t\t<\/figure>\n\t\t\t\t\t\t\t\t\t<\/div>\n\t\t\t\t<\/div>\n\t\t\t\t<div class=\"elementor-element elementor-element-e1d241d elementor-widget elementor-widget-text-editor\" data-id=\"e1d241d\" data-element_type=\"widget\" data-e-type=\"widget\" data-widget_type=\"text-editor.default\">\n\t\t\t\t<div class=\"elementor-widget-container\">\n\t\t\t\t\t\t\t\t\t<p>Una part de l\u2019edifici hist\u00f2ric est\u00e0 dedicada a la <strong>Hostatgeria del Monestir de San Mill\u00e1n<\/strong>. A l\u2019any 2011 va ser un bon allotjament, amb un restaurant de gran qualitat. Mirant les valoracions actuals a Internet, sembla que mant\u00e9 la qualitat.<\/p>\t\t\t\t\t\t\t\t<\/div>\n\t\t\t\t<\/div>\n\t\t\t\t<div class=\"elementor-element elementor-element-3b719c7 elementor-widget elementor-widget-menu-anchor\" data-id=\"3b719c7\" data-element_type=\"widget\" data-e-type=\"widget\" data-widget_type=\"menu-anchor.default\">\n\t\t\t\t<div class=\"elementor-widget-container\">\n\t\t\t\t\t\t\t<div class=\"elementor-menu-anchor\" id=\"a1717\"><\/div>\n\t\t\t\t\t\t<\/div>\n\t\t\t\t<\/div>\n\t\t\t\t<div class=\"elementor-element elementor-element-3559783 elementor-widget elementor-widget-image\" data-id=\"3559783\" data-element_type=\"widget\" data-e-type=\"widget\" data-widget_type=\"image.default\">\n\t\t\t\t<div class=\"elementor-widget-container\">\n\t\t\t\t\t\t\t\t\t\t\t\t<figure class=\"wp-caption\">\n\t\t\t\t\t\t\t\t\t\t<img loading=\"lazy\" decoding=\"async\" width=\"768\" height=\"512\" src=\"https:\/\/www.elturistatranquil.com\/wp-content\/uploads\/F59-San-Millan-de-la-Cogolla-Monasterio-de-Yuso.jpg\" class=\"attachment-large size-large wp-image-27934\" alt=\"San Millan de la Cogolla\" srcset=\"https:\/\/www.elturistatranquil.com\/wp-content\/uploads\/F59-San-Millan-de-la-Cogolla-Monasterio-de-Yuso.jpg 768w, https:\/\/www.elturistatranquil.com\/wp-content\/uploads\/F59-San-Millan-de-la-Cogolla-Monasterio-de-Yuso-339x226.jpg 339w\" sizes=\"(max-width: 768px) 100vw, 768px\" \/>\t\t\t\t\t\t\t\t\t\t\t<figcaption class=\"widget-image-caption wp-caption-text\"><\/figcaption>\n\t\t\t\t\t\t\t\t\t\t<\/figure>\n\t\t\t\t\t\t\t\t\t<\/div>\n\t\t\t\t<\/div>\n\t\t\t\t<div class=\"elementor-element elementor-element-b1a8479 elementor-widget elementor-widget-heading\" data-id=\"b1a8479\" data-element_type=\"widget\" data-e-type=\"widget\" data-widget_type=\"heading.default\">\n\t\t\t\t<div class=\"elementor-widget-container\">\n\t\t\t\t\t<h3 class=\"elementor-heading-title elementor-size-default\">Santo Domingo de la Calzada<\/h3>\t\t\t\t<\/div>\n\t\t\t\t<\/div>\n\t\t\t\t<div class=\"elementor-element elementor-element-631ce59 elementor-widget elementor-widget-text-editor\" data-id=\"631ce59\" data-element_type=\"widget\" data-e-type=\"widget\" data-widget_type=\"text-editor.default\">\n\t\t\t\t<div class=\"elementor-widget-container\">\n\t\t\t\t\t\t\t\t\t<p>Retornem al recorregut principal del Cam\u00ed de Sant Jaume, a <strong>Santo Domingo de la Calzada<\/strong>, amb 6.238 habitants (2019).<\/p><p>La pla\u00e7a Major i la Catedral s\u00f3n dos dels rics elements que poden visitar-se.<\/p>\t\t\t\t\t\t\t\t<\/div>\n\t\t\t\t<\/div>\n\t\t\t\t<div class=\"elementor-element elementor-element-34d04f8 elementor-widget elementor-widget-image\" data-id=\"34d04f8\" data-element_type=\"widget\" data-e-type=\"widget\" data-widget_type=\"image.default\">\n\t\t\t\t<div class=\"elementor-widget-container\">\n\t\t\t\t\t\t\t\t\t\t\t\t<figure class=\"wp-caption\">\n\t\t\t\t\t\t\t\t\t\t<img loading=\"lazy\" decoding=\"async\" width=\"768\" height=\"512\" src=\"https:\/\/www.elturistatranquil.com\/wp-content\/uploads\/F60-Santo-Domingo-de-la-Calzada.jpg\" class=\"attachment-large size-large wp-image-27936\" alt=\"Santo Domingo de la Calzada\" srcset=\"https:\/\/www.elturistatranquil.com\/wp-content\/uploads\/F60-Santo-Domingo-de-la-Calzada.jpg 768w, https:\/\/www.elturistatranquil.com\/wp-content\/uploads\/F60-Santo-Domingo-de-la-Calzada-339x226.jpg 339w\" sizes=\"(max-width: 768px) 100vw, 768px\" \/>\t\t\t\t\t\t\t\t\t\t\t<figcaption class=\"widget-image-caption wp-caption-text\"><\/figcaption>\n\t\t\t\t\t\t\t\t\t\t<\/figure>\n\t\t\t\t\t\t\t\t\t<\/div>\n\t\t\t\t<\/div>\n\t\t\t\t<div class=\"elementor-element elementor-element-1b77d1d elementor-widget elementor-widget-menu-anchor\" data-id=\"1b77d1d\" data-element_type=\"widget\" data-e-type=\"widget\" data-widget_type=\"menu-anchor.default\">\n\t\t\t\t<div class=\"elementor-widget-container\">\n\t\t\t\t\t\t\t<div class=\"elementor-menu-anchor\" id=\"a1718\"><\/div>\n\t\t\t\t\t\t<\/div>\n\t\t\t\t<\/div>\n\t\t\t\t<div class=\"elementor-element elementor-element-678d613 elementor-widget elementor-widget-image\" data-id=\"678d613\" data-element_type=\"widget\" data-e-type=\"widget\" data-widget_type=\"image.default\">\n\t\t\t\t<div class=\"elementor-widget-container\">\n\t\t\t\t\t\t\t\t\t\t\t\t<figure class=\"wp-caption\">\n\t\t\t\t\t\t\t\t\t\t<img loading=\"lazy\" decoding=\"async\" width=\"768\" height=\"512\" src=\"https:\/\/www.elturistatranquil.com\/wp-content\/uploads\/F61-Santo-Domingo-de-la-Calzada.jpg\" class=\"attachment-large size-large wp-image-27938\" alt=\"Santo Domingo de la Calzada\" srcset=\"https:\/\/www.elturistatranquil.com\/wp-content\/uploads\/F61-Santo-Domingo-de-la-Calzada.jpg 768w, https:\/\/www.elturistatranquil.com\/wp-content\/uploads\/F61-Santo-Domingo-de-la-Calzada-339x226.jpg 339w\" sizes=\"(max-width: 768px) 100vw, 768px\" \/>\t\t\t\t\t\t\t\t\t\t\t<figcaption class=\"widget-image-caption wp-caption-text\"><\/figcaption>\n\t\t\t\t\t\t\t\t\t\t<\/figure>\n\t\t\t\t\t\t\t\t\t<\/div>\n\t\t\t\t<\/div>\n\t\t\t\t<div class=\"elementor-element elementor-element-e51f2cc elementor-widget elementor-widget-heading\" data-id=\"e51f2cc\" data-element_type=\"widget\" data-e-type=\"widget\" data-widget_type=\"heading.default\">\n\t\t\t\t<div class=\"elementor-widget-container\">\n\t\t\t\t\t<h2 class=\"elementor-heading-title elementor-size-default\">En la ruta de l\u2019Ebre<\/h2>\t\t\t\t<\/div>\n\t\t\t\t<\/div>\n\t\t\t\t<div class=\"elementor-element elementor-element-8199721 elementor-widget elementor-widget-menu-anchor\" data-id=\"8199721\" data-element_type=\"widget\" data-e-type=\"widget\" data-widget_type=\"menu-anchor.default\">\n\t\t\t\t<div class=\"elementor-widget-container\">\n\t\t\t\t\t\t\t<div class=\"elementor-menu-anchor\" id=\"a1719\"><\/div>\n\t\t\t\t\t\t<\/div>\n\t\t\t\t<\/div>\n\t\t\t\t<div class=\"elementor-element elementor-element-6123dd8 elementor-widget elementor-widget-text-editor\" data-id=\"6123dd8\" data-element_type=\"widget\" data-e-type=\"widget\" data-widget_type=\"text-editor.default\">\n\t\t\t\t<div class=\"elementor-widget-container\">\n\t\t\t\t\t\t\t\t\t<p>Les propostes seg\u00fcents segueixen la Vall de l\u2019Ebre aig\u00fces amunt.<\/p><p>Podr\u00edem considerar que en el nostre recorregut comen\u00e7a a <strong>Logronyo<\/strong>.<\/p>\t\t\t\t\t\t\t\t<\/div>\n\t\t\t\t<\/div>\n\t\t\t\t<div class=\"elementor-element elementor-element-0c460df elementor-widget elementor-widget-heading\" data-id=\"0c460df\" data-element_type=\"widget\" data-e-type=\"widget\" data-widget_type=\"heading.default\">\n\t\t\t\t<div class=\"elementor-widget-container\">\n\t\t\t\t\t<h3 class=\"elementor-heading-title elementor-size-default\">Fuenmayor<\/h3>\t\t\t\t<\/div>\n\t\t\t\t<\/div>\n\t\t\t\t<div class=\"elementor-element elementor-element-75ffdd1 elementor-widget elementor-widget-text-editor\" data-id=\"75ffdd1\" data-element_type=\"widget\" data-e-type=\"widget\" data-widget_type=\"text-editor.default\">\n\t\t\t\t<div class=\"elementor-widget-container\">\n\t\t\t\t\t\t\t\t\t<p><strong>Fuenmayo<\/strong>r \u00e9s una poblaci\u00f3 de 3.134 habitants (2019) ). Pertany a la Denominaci\u00f3 d\u2019Origen Qualificada Rioja Alta.<\/p><p>D\u2019inter\u00e8s es pot visitar l\u2019Esgl\u00e9sia de Santa Mar\u00eda, dels segles XVI-XVII (a la foto) i diversos palaus.<\/p>\t\t\t\t\t\t\t\t<\/div>\n\t\t\t\t<\/div>\n\t\t\t\t<div class=\"elementor-element elementor-element-8e928d0 elementor-widget elementor-widget-menu-anchor\" data-id=\"8e928d0\" data-element_type=\"widget\" data-e-type=\"widget\" data-widget_type=\"menu-anchor.default\">\n\t\t\t\t<div class=\"elementor-widget-container\">\n\t\t\t\t\t\t\t<div class=\"elementor-menu-anchor\" id=\"a1720\"><\/div>\n\t\t\t\t\t\t<\/div>\n\t\t\t\t<\/div>\n\t\t\t\t<div class=\"elementor-element elementor-element-d7c4dfb elementor-widget elementor-widget-image\" data-id=\"d7c4dfb\" data-element_type=\"widget\" data-e-type=\"widget\" data-widget_type=\"image.default\">\n\t\t\t\t<div class=\"elementor-widget-container\">\n\t\t\t\t\t\t\t\t\t\t\t\t<figure class=\"wp-caption\">\n\t\t\t\t\t\t\t\t\t\t<img loading=\"lazy\" decoding=\"async\" width=\"768\" height=\"512\" src=\"https:\/\/www.elturistatranquil.com\/wp-content\/uploads\/F62-Fuenmayor.jpg\" class=\"attachment-large size-large wp-image-27940\" alt=\"Fuenmayor\" srcset=\"https:\/\/www.elturistatranquil.com\/wp-content\/uploads\/F62-Fuenmayor.jpg 768w, https:\/\/www.elturistatranquil.com\/wp-content\/uploads\/F62-Fuenmayor-339x226.jpg 339w\" sizes=\"(max-width: 768px) 100vw, 768px\" \/>\t\t\t\t\t\t\t\t\t\t\t<figcaption class=\"widget-image-caption wp-caption-text\"><\/figcaption>\n\t\t\t\t\t\t\t\t\t\t<\/figure>\n\t\t\t\t\t\t\t\t\t<\/div>\n\t\t\t\t<\/div>\n\t\t\t\t<div class=\"elementor-element elementor-element-51ce616 elementor-widget elementor-widget-heading\" data-id=\"51ce616\" data-element_type=\"widget\" data-e-type=\"widget\" data-widget_type=\"heading.default\">\n\t\t\t\t<div class=\"elementor-widget-container\">\n\t\t\t\t\t<h3 class=\"elementor-heading-title elementor-size-default\">Briones<\/h3>\t\t\t\t<\/div>\n\t\t\t\t<\/div>\n\t\t\t\t<div class=\"elementor-element elementor-element-f89ab52 elementor-widget elementor-widget-text-editor\" data-id=\"f89ab52\" data-element_type=\"widget\" data-e-type=\"widget\" data-widget_type=\"text-editor.default\">\n\t\t\t\t<div class=\"elementor-widget-container\">\n\t\t\t\t\t\t\t\t\t<p>Situat sobre un meandre del riu Ebre,<strong> Briones<\/strong>, fronterer amb el Pa\u00eds Basc. Amb 745 habitants (2019) ). Pertany a la Denominaci\u00f3 d\u2019Origen Qualificada Rioja Alta.<\/p><p>\u00c9s un poble molt agradable per passejar-hi i gaudir de l\u2019Esgl\u00e9sia de Nuestra Se\u00f1ora de la Asunci\u00f3n, del segle XVI, en estil g\u00f2tic isabel\u00ed, i dels nombrosos palaus amb que compta.<\/p>\t\t\t\t\t\t\t\t<\/div>\n\t\t\t\t<\/div>\n\t\t\t\t<section class=\"elementor-section elementor-inner-section elementor-element elementor-element-6be3cf1 elementor-section-boxed elementor-section-height-default elementor-section-height-default\" data-id=\"6be3cf1\" data-element_type=\"section\" data-e-type=\"section\">\n\t\t\t\t\t\t<div class=\"elementor-container elementor-column-gap-default\">\n\t\t\t\t\t<div class=\"elementor-column elementor-col-50 elementor-inner-column elementor-element elementor-element-8dd4282\" data-id=\"8dd4282\" data-element_type=\"column\" data-e-type=\"column\">\n\t\t\t<div class=\"elementor-widget-wrap elementor-element-populated\">\n\t\t\t\t\t\t<div class=\"elementor-element elementor-element-f328399 elementor-widget elementor-widget-image\" data-id=\"f328399\" data-element_type=\"widget\" data-e-type=\"widget\" data-widget_type=\"image.default\">\n\t\t\t\t<div class=\"elementor-widget-container\">\n\t\t\t\t\t\t\t\t\t\t\t\t\t\t\t<img loading=\"lazy\" decoding=\"async\" width=\"413\" height=\"550\" src=\"https:\/\/www.elturistatranquil.com\/wp-content\/uploads\/F62m-Briones.jpg\" class=\"attachment-large size-large wp-image-27942\" alt=\"Briones\" srcset=\"https:\/\/www.elturistatranquil.com\/wp-content\/uploads\/F62m-Briones.jpg 413w, https:\/\/www.elturistatranquil.com\/wp-content\/uploads\/F62m-Briones-170x226.jpg 170w\" sizes=\"(max-width: 413px) 100vw, 413px\" \/>\t\t\t\t\t\t\t\t\t\t\t\t\t\t\t<\/div>\n\t\t\t\t<\/div>\n\t\t\t\t\t<\/div>\n\t\t<\/div>\n\t\t\t\t<div class=\"elementor-column elementor-col-50 elementor-inner-column elementor-element elementor-element-39d8c1b\" data-id=\"39d8c1b\" data-element_type=\"column\" data-e-type=\"column\">\n\t\t\t<div class=\"elementor-widget-wrap elementor-element-populated\">\n\t\t\t\t\t\t<div class=\"elementor-element elementor-element-27c7cbe elementor-widget elementor-widget-image\" data-id=\"27c7cbe\" data-element_type=\"widget\" data-e-type=\"widget\" data-widget_type=\"image.default\">\n\t\t\t\t<div class=\"elementor-widget-container\">\n\t\t\t\t\t\t\t\t\t\t\t\t\t\t\t<img loading=\"lazy\" decoding=\"async\" width=\"413\" height=\"550\" src=\"https:\/\/www.elturistatranquil.com\/wp-content\/uploads\/F62n-Briones.jpg\" class=\"attachment-large size-large wp-image-27944\" alt=\"Briones\" srcset=\"https:\/\/www.elturistatranquil.com\/wp-content\/uploads\/F62n-Briones.jpg 413w, https:\/\/www.elturistatranquil.com\/wp-content\/uploads\/F62n-Briones-170x226.jpg 170w\" sizes=\"(max-width: 413px) 100vw, 413px\" \/>\t\t\t\t\t\t\t\t\t\t\t\t\t\t\t<\/div>\n\t\t\t\t<\/div>\n\t\t\t\t\t<\/div>\n\t\t<\/div>\n\t\t\t\t\t<\/div>\n\t\t<\/section>\n\t\t\t\t<div class=\"elementor-element elementor-element-f6af757 elementor-widget elementor-widget-text-editor\" data-id=\"f6af757\" data-element_type=\"widget\" data-e-type=\"widget\" data-widget_type=\"text-editor.default\">\n\t\t\t\t<div class=\"elementor-widget-container\">\n\t\t\t\t\t\t\t\t\t<p>\u00a0<\/p><p>Des del poble enlairat es disposen de magn\u00edfiques vistes sobre la vall de l\u2019Ebre, amb San Vicente de la Sonsierra i el sistema Cant\u00e0bric al fons.<\/p>\t\t\t\t\t\t\t\t<\/div>\n\t\t\t\t<\/div>\n\t\t\t\t<div class=\"elementor-element elementor-element-3f419e1 elementor-widget elementor-widget-image\" data-id=\"3f419e1\" data-element_type=\"widget\" data-e-type=\"widget\" data-widget_type=\"image.default\">\n\t\t\t\t<div class=\"elementor-widget-container\">\n\t\t\t\t\t\t\t\t\t\t\t\t<figure class=\"wp-caption\">\n\t\t\t\t\t\t\t\t\t\t<img loading=\"lazy\" decoding=\"async\" width=\"768\" height=\"512\" src=\"https:\/\/www.elturistatranquil.com\/wp-content\/uploads\/F63-Valle-del-Ebro-San-Vicente-de-la-Sonsierra.jpg\" class=\"attachment-large size-large wp-image-27946\" alt=\"Valle del Ebro San Vicente de la Sonsierra\" srcset=\"https:\/\/www.elturistatranquil.com\/wp-content\/uploads\/F63-Valle-del-Ebro-San-Vicente-de-la-Sonsierra.jpg 768w, https:\/\/www.elturistatranquil.com\/wp-content\/uploads\/F63-Valle-del-Ebro-San-Vicente-de-la-Sonsierra-339x226.jpg 339w\" sizes=\"(max-width: 768px) 100vw, 768px\" \/>\t\t\t\t\t\t\t\t\t\t\t<figcaption class=\"widget-image-caption wp-caption-text\"><\/figcaption>\n\t\t\t\t\t\t\t\t\t\t<\/figure>\n\t\t\t\t\t\t\t\t\t<\/div>\n\t\t\t\t<\/div>\n\t\t\t\t<div class=\"elementor-element elementor-element-157afa2 elementor-widget elementor-widget-menu-anchor\" data-id=\"157afa2\" data-element_type=\"widget\" data-e-type=\"widget\" data-widget_type=\"menu-anchor.default\">\n\t\t\t\t<div class=\"elementor-widget-container\">\n\t\t\t\t\t\t\t<div class=\"elementor-menu-anchor\" id=\"a1721\"><\/div>\n\t\t\t\t\t\t<\/div>\n\t\t\t\t<\/div>\n\t\t\t\t<div class=\"elementor-element elementor-element-62a483e elementor-widget elementor-widget-text-editor\" data-id=\"62a483e\" data-element_type=\"widget\" data-e-type=\"widget\" data-widget_type=\"text-editor.default\">\n\t\t\t\t<div class=\"elementor-widget-container\">\n\t\t\t\t\t\t\t\t\t<p>Es pot visitar el fam\u00f3s <strong>Museu Vivanco de la Cultura del Vi<\/strong>.<\/p>\t\t\t\t\t\t\t\t<\/div>\n\t\t\t\t<\/div>\n\t\t\t\t<div class=\"elementor-element elementor-element-8bcbf09 elementor-widget elementor-widget-heading\" data-id=\"8bcbf09\" data-element_type=\"widget\" data-e-type=\"widget\" data-widget_type=\"heading.default\">\n\t\t\t\t<div class=\"elementor-widget-container\">\n\t\t\t\t\t<h3 class=\"elementor-heading-title elementor-size-default\">Haro<\/h3>\t\t\t\t<\/div>\n\t\t\t\t<\/div>\n\t\t\t\t<div class=\"elementor-element elementor-element-089b097 elementor-widget elementor-widget-text-editor\" data-id=\"089b097\" data-element_type=\"widget\" data-e-type=\"widget\" data-widget_type=\"text-editor.default\">\n\t\t\t\t<div class=\"elementor-widget-container\">\n\t\t\t\t\t\t\t\t\t<p>La localitat de <strong>Haro<\/strong>, amb 11.408 habitants (2019), \u00e9s la m\u00e9s important de la Denominaci\u00f3 d\u2019Origen Qualificada Rioja Alta. Fronterera amb les prov\u00edncies de Burgos i d\u2019Araba\/\u00c0laba.<\/p><p>Es considerada la <strong>capital del Rioja<\/strong>. Representa el centre de la denominaci\u00f3 d\u2019origen. I s\u2019hi concentren gran quantitat de bodegues.<\/p><p>El casc antic est\u00e0 declarat <em>Conjunto Hist\u00f2ric-Art\u00edstic<\/em> des de 1975, per tant, amb un ric patrimoni arquitect\u00f2nic, com la portada plateresca de l\u2019Esgl\u00e9sia de Santo Tom\u00e1s.<\/p>\t\t\t\t\t\t\t\t<\/div>\n\t\t\t\t<\/div>\n\t\t\t\t<div class=\"elementor-element elementor-element-0991c30 elementor-widget elementor-widget-image\" data-id=\"0991c30\" data-element_type=\"widget\" data-e-type=\"widget\" data-widget_type=\"image.default\">\n\t\t\t\t<div class=\"elementor-widget-container\">\n\t\t\t\t\t\t\t\t\t\t\t\t<figure class=\"wp-caption\">\n\t\t\t\t\t\t\t\t\t\t<img loading=\"lazy\" decoding=\"async\" width=\"768\" height=\"513\" src=\"https:\/\/www.elturistatranquil.com\/wp-content\/uploads\/F64-Haro.jpg\" class=\"attachment-large size-large wp-image-27948\" alt=\"Haro\" srcset=\"https:\/\/www.elturistatranquil.com\/wp-content\/uploads\/F64-Haro.jpg 768w, https:\/\/www.elturistatranquil.com\/wp-content\/uploads\/F64-Haro-339x226.jpg 339w\" sizes=\"(max-width: 768px) 100vw, 768px\" \/>\t\t\t\t\t\t\t\t\t\t\t<figcaption class=\"widget-image-caption wp-caption-text\"><\/figcaption>\n\t\t\t\t\t\t\t\t\t\t<\/figure>\n\t\t\t\t\t\t\t\t\t<\/div>\n\t\t\t\t<\/div>\n\t\t\t\t<div class=\"elementor-element elementor-element-99a49c0 elementor-widget elementor-widget-menu-anchor\" data-id=\"99a49c0\" data-element_type=\"widget\" data-e-type=\"widget\" data-widget_type=\"menu-anchor.default\">\n\t\t\t\t<div class=\"elementor-widget-container\">\n\t\t\t\t\t\t\t<div class=\"elementor-menu-anchor\" id=\"a1722\"><\/div>\n\t\t\t\t\t\t<\/div>\n\t\t\t\t<\/div>\n\t\t\t\t<div class=\"elementor-element elementor-element-a159334 elementor-widget elementor-widget-text-editor\" data-id=\"a159334\" data-element_type=\"widget\" data-e-type=\"widget\" data-widget_type=\"text-editor.default\">\n\t\t\t\t<div class=\"elementor-widget-container\">\n\t\t\t\t\t\t\t\t\t<p>Una experi\u00e8ncia que s\u2019ha d\u2019aprofitar \u00e9s anar de tapes pel centre i anar provant diversos vins de Rioja.<\/p><p>Si aneu a Haro, no us podeu perdre dinar al <strong>restaurant El Terete<\/strong>, on \u00e9s obligat demanar <em>minestra de verdures<\/em> -encara que no us agradin les verdures- i <em>cordero asado<\/em>.<\/p>\t\t\t\t\t\t\t\t<\/div>\n\t\t\t\t<\/div>\n\t\t\t\t<div class=\"elementor-element elementor-element-56fd25a elementor-widget elementor-widget-heading\" data-id=\"56fd25a\" data-element_type=\"widget\" data-e-type=\"widget\" data-widget_type=\"heading.default\">\n\t\t\t\t<div class=\"elementor-widget-container\">\n\t\t\t\t\t<h3 class=\"elementor-heading-title elementor-size-default\">San Vicente de la Sonsierra <\/h3>\t\t\t\t<\/div>\n\t\t\t\t<\/div>\n\t\t\t\t<div class=\"elementor-element elementor-element-9a7ed69 elementor-widget elementor-widget-text-editor\" data-id=\"9a7ed69\" data-element_type=\"widget\" data-e-type=\"widget\" data-widget_type=\"text-editor.default\">\n\t\t\t\t<div class=\"elementor-widget-container\">\n\t\t\t\t\t\t\t\t\t<p>La vila de <strong>San Vicente de la Sonsierra<\/strong> t\u00e9 actualment 990 habitants (2019) ). Pertany a la Denominaci\u00f3 d\u2019Origen Qualificada Rioja Alta.<\/p><p>Destaquen el pont g\u00f2tic sobre el riu Ebre i l\u2019Esgl\u00e9sia parroquial de Santa Mar\u00eda la Mayor. Situada dalt del tur\u00f3 que domina la vila, fou constru\u00efda el segle XVI en estil g\u00f2tic tard\u00e0 en l\u2019antic recinte murat del castell de San Vicente.<\/p>\t\t\t\t\t\t\t\t<\/div>\n\t\t\t\t<\/div>\n\t\t\t\t<div class=\"elementor-element elementor-element-a7f405e elementor-widget elementor-widget-image\" data-id=\"a7f405e\" data-element_type=\"widget\" data-e-type=\"widget\" data-widget_type=\"image.default\">\n\t\t\t\t<div class=\"elementor-widget-container\">\n\t\t\t\t\t\t\t\t\t\t\t\t<figure class=\"wp-caption\">\n\t\t\t\t\t\t\t\t\t\t<img loading=\"lazy\" decoding=\"async\" width=\"768\" height=\"512\" src=\"https:\/\/www.elturistatranquil.com\/wp-content\/uploads\/F65-San-Vicente-de-la-Sonsierra.jpg\" class=\"attachment-large size-large wp-image-27950\" alt=\"San Vicente de la Sonsierra\" srcset=\"https:\/\/www.elturistatranquil.com\/wp-content\/uploads\/F65-San-Vicente-de-la-Sonsierra.jpg 768w, https:\/\/www.elturistatranquil.com\/wp-content\/uploads\/F65-San-Vicente-de-la-Sonsierra-339x226.jpg 339w\" sizes=\"(max-width: 768px) 100vw, 768px\" \/>\t\t\t\t\t\t\t\t\t\t\t<figcaption class=\"widget-image-caption wp-caption-text\"><\/figcaption>\n\t\t\t\t\t\t\t\t\t\t<\/figure>\n\t\t\t\t\t\t\t\t\t<\/div>\n\t\t\t\t<\/div>\n\t\t\t\t<div class=\"elementor-element elementor-element-7a2a712 elementor-widget elementor-widget-image\" data-id=\"7a2a712\" data-element_type=\"widget\" data-e-type=\"widget\" data-widget_type=\"image.default\">\n\t\t\t\t<div class=\"elementor-widget-container\">\n\t\t\t\t\t\t\t\t\t\t\t\t<figure class=\"wp-caption\">\n\t\t\t\t\t\t\t\t\t\t<img loading=\"lazy\" decoding=\"async\" width=\"513\" height=\"550\" src=\"https:\/\/www.elturistatranquil.com\/wp-content\/uploads\/F66-San-Vicente-de-la-Sonsierra.jpg\" class=\"attachment-large size-large wp-image-27952\" alt=\"San Vicente de la Sonsierra\" srcset=\"https:\/\/www.elturistatranquil.com\/wp-content\/uploads\/F66-San-Vicente-de-la-Sonsierra.jpg 513w, https:\/\/www.elturistatranquil.com\/wp-content\/uploads\/F66-San-Vicente-de-la-Sonsierra-211x226.jpg 211w\" sizes=\"(max-width: 513px) 100vw, 513px\" \/>\t\t\t\t\t\t\t\t\t\t\t<figcaption class=\"widget-image-caption wp-caption-text\"><\/figcaption>\n\t\t\t\t\t\t\t\t\t\t<\/figure>\n\t\t\t\t\t\t\t\t\t<\/div>\n\t\t\t\t<\/div>\n\t\t\t\t<div class=\"elementor-element elementor-element-6e7da34 elementor-widget elementor-widget-text-editor\" data-id=\"6e7da34\" data-element_type=\"widget\" data-e-type=\"widget\" data-widget_type=\"text-editor.default\">\n\t\t\t\t<div class=\"elementor-widget-container\">\n\t\t\t\t\t\t\t\t\t<p>La posici\u00f3 dominant de la seva situaci\u00f3 permet disposar de perspectives sobre el riu Ebre, amb la localitat de Briones al fons.<\/p>\t\t\t\t\t\t\t\t<\/div>\n\t\t\t\t<\/div>\n\t\t\t\t<div class=\"elementor-element elementor-element-e896d8c elementor-widget elementor-widget-menu-anchor\" data-id=\"e896d8c\" data-element_type=\"widget\" data-e-type=\"widget\" data-widget_type=\"menu-anchor.default\">\n\t\t\t\t<div class=\"elementor-widget-container\">\n\t\t\t\t\t\t\t<div class=\"elementor-menu-anchor\" id=\"a1723\"><\/div>\n\t\t\t\t\t\t<\/div>\n\t\t\t\t<\/div>\n\t\t\t\t<div class=\"elementor-element elementor-element-2a45728 elementor-widget elementor-widget-image\" data-id=\"2a45728\" data-element_type=\"widget\" data-e-type=\"widget\" data-widget_type=\"image.default\">\n\t\t\t\t<div class=\"elementor-widget-container\">\n\t\t\t\t\t\t\t\t\t\t\t\t<figure class=\"wp-caption\">\n\t\t\t\t\t\t\t\t\t\t<img loading=\"lazy\" decoding=\"async\" width=\"768\" height=\"512\" src=\"https:\/\/www.elturistatranquil.com\/wp-content\/uploads\/F67-Valle-del-Ebro-Biones.jpg\" class=\"attachment-large size-large wp-image-27954\" alt=\"Valle del Ebro Biones\" srcset=\"https:\/\/www.elturistatranquil.com\/wp-content\/uploads\/F67-Valle-del-Ebro-Biones.jpg 768w, https:\/\/www.elturistatranquil.com\/wp-content\/uploads\/F67-Valle-del-Ebro-Biones-339x226.jpg 339w\" sizes=\"(max-width: 768px) 100vw, 768px\" \/>\t\t\t\t\t\t\t\t\t\t\t<figcaption class=\"widget-image-caption wp-caption-text\"><\/figcaption>\n\t\t\t\t\t\t\t\t\t\t<\/figure>\n\t\t\t\t\t\t\t\t\t<\/div>\n\t\t\t\t<\/div>\n\t\t\t\t<div class=\"elementor-element elementor-element-741eb95 elementor-widget elementor-widget-heading\" data-id=\"741eb95\" data-element_type=\"widget\" data-e-type=\"widget\" data-widget_type=\"heading.default\">\n\t\t\t\t<div class=\"elementor-widget-container\">\n\t\t\t\t\t<h3 class=\"elementor-heading-title elementor-size-default\">Elciego<\/h3>\t\t\t\t<\/div>\n\t\t\t\t<\/div>\n\t\t\t\t<div class=\"elementor-element elementor-element-1e429f7 elementor-widget elementor-widget-text-editor\" data-id=\"1e429f7\" data-element_type=\"widget\" data-e-type=\"widget\" data-widget_type=\"text-editor.default\">\n\t\t\t\t<div class=\"elementor-widget-container\">\n\t\t\t\t\t\t\t\t\t<p>Ens situem ara a la prov\u00edncia de Araba\/\u00c1lava i la Denominaci\u00f3 d\u2019Origen Qualificada Rioja Alabesa.<\/p><p>El primer que visitem \u00e9s la localitat de <strong>Elciego<\/strong> , amb 1.005 habitants (2019).<\/p><p>Com en la resta de localitats, el patrimoni arquitect\u00f2nic \u00e9s un dels components de la riquesa de la localitat. Sobresurt l\u2019Esgl\u00e9sia parroquial de San Andr\u00e9s.<\/p>\t\t\t\t\t\t\t\t<\/div>\n\t\t\t\t<\/div>\n\t\t\t\t<div class=\"elementor-element elementor-element-0330aee elementor-widget elementor-widget-image\" data-id=\"0330aee\" data-element_type=\"widget\" data-e-type=\"widget\" data-widget_type=\"image.default\">\n\t\t\t\t<div class=\"elementor-widget-container\">\n\t\t\t\t\t\t\t\t\t\t\t\t<figure class=\"wp-caption\">\n\t\t\t\t\t\t\t\t\t\t<img loading=\"lazy\" decoding=\"async\" width=\"768\" height=\"513\" src=\"https:\/\/www.elturistatranquil.com\/wp-content\/uploads\/F68-Elciego.jpg\" class=\"attachment-large size-large wp-image-27956\" alt=\"Elciego\" srcset=\"https:\/\/www.elturistatranquil.com\/wp-content\/uploads\/F68-Elciego.jpg 768w, https:\/\/www.elturistatranquil.com\/wp-content\/uploads\/F68-Elciego-339x226.jpg 339w\" sizes=\"(max-width: 768px) 100vw, 768px\" \/>\t\t\t\t\t\t\t\t\t\t\t<figcaption class=\"widget-image-caption wp-caption-text\"><\/figcaption>\n\t\t\t\t\t\t\t\t\t\t<\/figure>\n\t\t\t\t\t\t\t\t\t<\/div>\n\t\t\t\t<\/div>\n\t\t\t\t<div class=\"elementor-element elementor-element-8b2bdbe elementor-widget elementor-widget-text-editor\" data-id=\"8b2bdbe\" data-element_type=\"widget\" data-e-type=\"widget\" data-widget_type=\"text-editor.default\">\n\t\t\t\t<div class=\"elementor-widget-container\">\n\t\t\t\t\t\t\t\t\t<p>Per als amants del vi i de l\u2019arquitectura \u00e9s imprescindible la visita a les bodegues del \u00a0Marques de Riscal, on hi ha l\u2019hotel dissenyat per l\u2019arquitecte <em>Frank Gehry.<\/em><\/p>\t\t\t\t\t\t\t\t<\/div>\n\t\t\t\t<\/div>\n\t\t\t\t<div class=\"elementor-element elementor-element-11c162c elementor-widget elementor-widget-menu-anchor\" data-id=\"11c162c\" data-element_type=\"widget\" data-e-type=\"widget\" data-widget_type=\"menu-anchor.default\">\n\t\t\t\t<div class=\"elementor-widget-container\">\n\t\t\t\t\t\t\t<div class=\"elementor-menu-anchor\" id=\"a1724\"><\/div>\n\t\t\t\t\t\t<\/div>\n\t\t\t\t<\/div>\n\t\t\t\t<div class=\"elementor-element elementor-element-ab85b74 elementor-widget elementor-widget-image\" data-id=\"ab85b74\" data-element_type=\"widget\" data-e-type=\"widget\" data-widget_type=\"image.default\">\n\t\t\t\t<div class=\"elementor-widget-container\">\n\t\t\t\t\t\t\t\t\t\t\t\t<figure class=\"wp-caption\">\n\t\t\t\t\t\t\t\t\t\t<img loading=\"lazy\" decoding=\"async\" width=\"768\" height=\"512\" src=\"https:\/\/www.elturistatranquil.com\/wp-content\/uploads\/F69-Elciego-Hotel-Frank-Gehry.jpg\" class=\"attachment-large size-large wp-image-27958\" alt=\"Elciego Hotel Frank Gehry\" srcset=\"https:\/\/www.elturistatranquil.com\/wp-content\/uploads\/F69-Elciego-Hotel-Frank-Gehry.jpg 768w, https:\/\/www.elturistatranquil.com\/wp-content\/uploads\/F69-Elciego-Hotel-Frank-Gehry-339x226.jpg 339w\" sizes=\"(max-width: 768px) 100vw, 768px\" \/>\t\t\t\t\t\t\t\t\t\t\t<figcaption class=\"widget-image-caption wp-caption-text\"><\/figcaption>\n\t\t\t\t\t\t\t\t\t\t<\/figure>\n\t\t\t\t\t\t\t\t\t<\/div>\n\t\t\t\t<\/div>\n\t\t\t\t<div class=\"elementor-element elementor-element-88d9cd4 elementor-widget elementor-widget-heading\" data-id=\"88d9cd4\" data-element_type=\"widget\" data-e-type=\"widget\" data-widget_type=\"heading.default\">\n\t\t\t\t<div class=\"elementor-widget-container\">\n\t\t\t\t\t<h3 class=\"elementor-heading-title elementor-size-default\">Laguardia<\/h3>\t\t\t\t<\/div>\n\t\t\t\t<\/div>\n\t\t\t\t<div class=\"elementor-element elementor-element-46db85a elementor-widget elementor-widget-text-editor\" data-id=\"46db85a\" data-element_type=\"widget\" data-e-type=\"widget\" data-widget_type=\"text-editor.default\">\n\t\t\t\t<div class=\"elementor-widget-container\">\n\t\t\t\t\t\t\t\t\t<p><strong>Laguardia<\/strong> \u00e9s la capital de la Rioja Alabesa, amb 1.494 habitants (2019).<\/p><p>Un poble carregat d\u00b4hist\u00f2ria i molt interessant per passejar-hi pel seus carrers i patrimoni, com la Pla\u00e7a Major, amb els dos Ajuntaments.<\/p>\t\t\t\t\t\t\t\t<\/div>\n\t\t\t\t<\/div>\n\t\t\t\t<div class=\"elementor-element elementor-element-271e8ea elementor-widget elementor-widget-image\" data-id=\"271e8ea\" data-element_type=\"widget\" data-e-type=\"widget\" data-widget_type=\"image.default\">\n\t\t\t\t<div class=\"elementor-widget-container\">\n\t\t\t\t\t\t\t\t\t\t\t\t<figure class=\"wp-caption\">\n\t\t\t\t\t\t\t\t\t\t<img loading=\"lazy\" decoding=\"async\" width=\"768\" height=\"513\" src=\"https:\/\/www.elturistatranquil.com\/wp-content\/uploads\/F70-Laguardia.jpg\" class=\"attachment-large size-large wp-image-27960\" alt=\"Laguardia\" srcset=\"https:\/\/www.elturistatranquil.com\/wp-content\/uploads\/F70-Laguardia.jpg 768w, https:\/\/www.elturistatranquil.com\/wp-content\/uploads\/F70-Laguardia-339x226.jpg 339w\" sizes=\"(max-width: 768px) 100vw, 768px\" \/>\t\t\t\t\t\t\t\t\t\t\t<figcaption class=\"widget-image-caption wp-caption-text\"><\/figcaption>\n\t\t\t\t\t\t\t\t\t\t<\/figure>\n\t\t\t\t\t\t\t\t\t<\/div>\n\t\t\t\t<\/div>\n\t\t\t\t<div class=\"elementor-element elementor-element-9d9181d elementor-widget elementor-widget-text-editor\" data-id=\"9d9181d\" data-element_type=\"widget\" data-e-type=\"widget\" data-widget_type=\"text-editor.default\">\n\t\t\t\t<div class=\"elementor-widget-container\">\n\t\t\t\t\t\t\t\t\t<p>Un element curi\u00f3s a la fa\u00e7ana de l\u2019Ajuntament Nou, del segle XIX, \u00e9s un <strong>rellotge-carill\u00f3<\/strong>, inaugurat l\u2019any 1998, amb tres aut\u00f2mats que representen el ball t\u00edpic amb el qual comencen les festes patronals de Sant Joan el 23 de juny.<\/p>\t\t\t\t\t\t\t\t<\/div>\n\t\t\t\t<\/div>\n\t\t\t\t<div class=\"elementor-element elementor-element-5a43654 elementor-widget elementor-widget-menu-anchor\" data-id=\"5a43654\" data-element_type=\"widget\" data-e-type=\"widget\" data-widget_type=\"menu-anchor.default\">\n\t\t\t\t<div class=\"elementor-widget-container\">\n\t\t\t\t\t\t\t<div class=\"elementor-menu-anchor\" id=\"a1725\"><\/div>\n\t\t\t\t\t\t<\/div>\n\t\t\t\t<\/div>\n\t\t\t\t<div class=\"elementor-element elementor-element-4cf4eae elementor-widget elementor-widget-image\" data-id=\"4cf4eae\" data-element_type=\"widget\" data-e-type=\"widget\" data-widget_type=\"image.default\">\n\t\t\t\t<div class=\"elementor-widget-container\">\n\t\t\t\t\t\t\t\t\t\t\t\t<figure class=\"wp-caption\">\n\t\t\t\t\t\t\t\t\t\t<img loading=\"lazy\" decoding=\"async\" width=\"768\" height=\"513\" src=\"https:\/\/www.elturistatranquil.com\/wp-content\/uploads\/F71-Laguardia.jpg\" class=\"attachment-large size-large wp-image-27962\" alt=\"Laguardia\" srcset=\"https:\/\/www.elturistatranquil.com\/wp-content\/uploads\/F71-Laguardia.jpg 768w, https:\/\/www.elturistatranquil.com\/wp-content\/uploads\/F71-Laguardia-339x226.jpg 339w\" sizes=\"(max-width: 768px) 100vw, 768px\" \/>\t\t\t\t\t\t\t\t\t\t\t<figcaption class=\"widget-image-caption wp-caption-text\"><\/figcaption>\n\t\t\t\t\t\t\t\t\t\t<\/figure>\n\t\t\t\t\t\t\t\t\t<\/div>\n\t\t\t\t<\/div>\n\t\t\t\t<div class=\"elementor-element elementor-element-f0e2193 elementor-widget elementor-widget-heading\" data-id=\"f0e2193\" data-element_type=\"widget\" data-e-type=\"widget\" data-widget_type=\"heading.default\">\n\t\t\t\t<div class=\"elementor-widget-container\">\n\t\t\t\t\t<h2 class=\"elementor-heading-title elementor-size-default\">Vitoria-Gasteiz <\/h2>\t\t\t\t<\/div>\n\t\t\t\t<\/div>\n\t\t\t\t<div class=\"elementor-element elementor-element-fa42f0a elementor-widget elementor-widget-text-editor\" data-id=\"fa42f0a\" data-element_type=\"widget\" data-e-type=\"widget\" data-widget_type=\"text-editor.default\">\n\t\t\t\t<div class=\"elementor-widget-container\">\n\t\t\t\t\t\t\t\t\t<p>Una proposta una mica m\u00e9s allunyada, \u00e9s acostar-se fins a la ciutat de <strong>Vitoria-Gasteiz<\/strong>, capital de la prov\u00edncia de Araba\/\u00c0laba, amb 251.774 habitants (2019).<\/p><p>Vitoria-Gasteiz est\u00e0 a mitja hora de l\u2019Hotel, i \u00e9s una bona visita si no coneixes la ciutat.<\/p><p>Podr\u00e0s gaudir de la Pla\u00e7a Major, la Catedral Nova, o la modernitat en forma de graffiti, i passejar pel casc antic, entre d\u2019altres opcions.<\/p>\t\t\t\t\t\t\t\t<\/div>\n\t\t\t\t<\/div>\n\t\t\t\t<section class=\"elementor-section elementor-inner-section elementor-element elementor-element-5c0f5e2 elementor-section-boxed elementor-section-height-default elementor-section-height-default\" data-id=\"5c0f5e2\" data-element_type=\"section\" data-e-type=\"section\">\n\t\t\t\t\t\t<div class=\"elementor-container elementor-column-gap-default\">\n\t\t\t\t\t<div class=\"elementor-column elementor-col-50 elementor-inner-column elementor-element elementor-element-9d51fb8\" data-id=\"9d51fb8\" data-element_type=\"column\" data-e-type=\"column\">\n\t\t\t<div class=\"elementor-widget-wrap elementor-element-populated\">\n\t\t\t\t\t\t<div class=\"elementor-element elementor-element-01e5d0c elementor-widget elementor-widget-image\" data-id=\"01e5d0c\" data-element_type=\"widget\" data-e-type=\"widget\" data-widget_type=\"image.default\">\n\t\t\t\t<div class=\"elementor-widget-container\">\n\t\t\t\t\t\t\t\t\t\t\t\t\t\t\t<img loading=\"lazy\" decoding=\"async\" width=\"367\" height=\"550\" src=\"https:\/\/www.elturistatranquil.com\/wp-content\/uploads\/F72m-Vitoria-Gasteiz.jpg\" class=\"attachment-large size-large wp-image-27964\" alt=\"Vitoria-Gasteiz\" srcset=\"https:\/\/www.elturistatranquil.com\/wp-content\/uploads\/F72m-Vitoria-Gasteiz.jpg 367w, https:\/\/www.elturistatranquil.com\/wp-content\/uploads\/F72m-Vitoria-Gasteiz-151x226.jpg 151w\" sizes=\"(max-width: 367px) 100vw, 367px\" \/>\t\t\t\t\t\t\t\t\t\t\t\t\t\t\t<\/div>\n\t\t\t\t<\/div>\n\t\t\t\t\t<\/div>\n\t\t<\/div>\n\t\t\t\t<div class=\"elementor-column elementor-col-50 elementor-inner-column elementor-element elementor-element-febf907\" data-id=\"febf907\" data-element_type=\"column\" data-e-type=\"column\">\n\t\t\t<div class=\"elementor-widget-wrap elementor-element-populated\">\n\t\t\t\t\t\t<div class=\"elementor-element elementor-element-79769f0 elementor-widget elementor-widget-image\" data-id=\"79769f0\" data-element_type=\"widget\" data-e-type=\"widget\" data-widget_type=\"image.default\">\n\t\t\t\t<div class=\"elementor-widget-container\">\n\t\t\t\t\t\t\t\t\t\t\t\t\t\t\t<img loading=\"lazy\" decoding=\"async\" width=\"367\" height=\"550\" src=\"https:\/\/www.elturistatranquil.com\/wp-content\/uploads\/F72n-Vitoria-Gasteiz.jpg\" class=\"attachment-large size-large wp-image-27966\" alt=\"Vitoria-Gasteiz\" srcset=\"https:\/\/www.elturistatranquil.com\/wp-content\/uploads\/F72n-Vitoria-Gasteiz.jpg 367w, https:\/\/www.elturistatranquil.com\/wp-content\/uploads\/F72n-Vitoria-Gasteiz-151x226.jpg 151w\" sizes=\"(max-width: 367px) 100vw, 367px\" \/>\t\t\t\t\t\t\t\t\t\t\t\t\t\t\t<\/div>\n\t\t\t\t<\/div>\n\t\t\t\t\t<\/div>\n\t\t<\/div>\n\t\t\t\t\t<\/div>\n\t\t<\/section>\n\t\t\t\t<div class=\"elementor-element elementor-element-990ae7a elementor-widget elementor-widget-menu-anchor\" data-id=\"990ae7a\" data-element_type=\"widget\" data-e-type=\"widget\" data-widget_type=\"menu-anchor.default\">\n\t\t\t\t<div class=\"elementor-widget-container\">\n\t\t\t\t\t\t\t<div class=\"elementor-menu-anchor\" id=\"a1726\"><\/div>\n\t\t\t\t\t\t<\/div>\n\t\t\t\t<\/div>\n\t\t\t\t<section class=\"elementor-section elementor-inner-section elementor-element elementor-element-2b196d2 elementor-section-boxed elementor-section-height-default elementor-section-height-default\" data-id=\"2b196d2\" data-element_type=\"section\" data-e-type=\"section\">\n\t\t\t\t\t\t<div class=\"elementor-container elementor-column-gap-default\">\n\t\t\t\t\t<div class=\"elementor-column elementor-col-50 elementor-inner-column elementor-element elementor-element-9a2b34e\" data-id=\"9a2b34e\" data-element_type=\"column\" data-e-type=\"column\">\n\t\t\t<div class=\"elementor-widget-wrap elementor-element-populated\">\n\t\t\t\t\t\t<div class=\"elementor-element elementor-element-10033b4 elementor-widget elementor-widget-image\" data-id=\"10033b4\" data-element_type=\"widget\" data-e-type=\"widget\" data-widget_type=\"image.default\">\n\t\t\t\t<div class=\"elementor-widget-container\">\n\t\t\t\t\t\t\t\t\t\t\t\t\t\t\t<img loading=\"lazy\" decoding=\"async\" width=\"367\" height=\"550\" src=\"https:\/\/www.elturistatranquil.com\/wp-content\/uploads\/F72o-Vitoria-Gasteiz.jpg\" class=\"attachment-large size-large wp-image-27968\" alt=\"Vitoria-Gasteiz\" srcset=\"https:\/\/www.elturistatranquil.com\/wp-content\/uploads\/F72o-Vitoria-Gasteiz.jpg 367w, https:\/\/www.elturistatranquil.com\/wp-content\/uploads\/F72o-Vitoria-Gasteiz-151x226.jpg 151w\" sizes=\"(max-width: 367px) 100vw, 367px\" \/>\t\t\t\t\t\t\t\t\t\t\t\t\t\t\t<\/div>\n\t\t\t\t<\/div>\n\t\t\t\t\t<\/div>\n\t\t<\/div>\n\t\t\t\t<div class=\"elementor-column elementor-col-50 elementor-inner-column elementor-element elementor-element-e72a3ad\" data-id=\"e72a3ad\" data-element_type=\"column\" data-e-type=\"column\">\n\t\t\t<div class=\"elementor-widget-wrap elementor-element-populated\">\n\t\t\t\t\t\t<div class=\"elementor-element elementor-element-ceb1ba7 elementor-widget elementor-widget-image\" data-id=\"ceb1ba7\" data-element_type=\"widget\" data-e-type=\"widget\" data-widget_type=\"image.default\">\n\t\t\t\t<div class=\"elementor-widget-container\">\n\t\t\t\t\t\t\t\t\t\t\t\t\t\t\t<img loading=\"lazy\" decoding=\"async\" width=\"367\" height=\"550\" src=\"https:\/\/www.elturistatranquil.com\/wp-content\/uploads\/F72p-Vitoria-Gasteiz.jpg\" class=\"attachment-large size-large wp-image-27970\" alt=\"Vitoria-Gasteiz\" srcset=\"https:\/\/www.elturistatranquil.com\/wp-content\/uploads\/F72p-Vitoria-Gasteiz.jpg 367w, https:\/\/www.elturistatranquil.com\/wp-content\/uploads\/F72p-Vitoria-Gasteiz-151x226.jpg 151w\" sizes=\"(max-width: 367px) 100vw, 367px\" \/>\t\t\t\t\t\t\t\t\t\t\t\t\t\t\t<\/div>\n\t\t\t\t<\/div>\n\t\t\t\t\t<\/div>\n\t\t<\/div>\n\t\t\t\t\t<\/div>\n\t\t<\/section>\n\t\t\t\t<div class=\"elementor-element elementor-element-6d77f0d elementor-widget elementor-widget-heading\" data-id=\"6d77f0d\" data-element_type=\"widget\" data-e-type=\"widget\" data-widget_type=\"heading.default\">\n\t\t\t\t<div class=\"elementor-widget-container\">\n\t\t\t\t\t<h2 class=\"elementor-heading-title elementor-size-default\">Fi de la sortida: el retorn<\/h2>\t\t\t\t<\/div>\n\t\t\t\t<\/div>\n\t\t\t\t<div class=\"elementor-element elementor-element-f8092a1 elementor-widget elementor-widget-text-editor\" data-id=\"f8092a1\" data-element_type=\"widget\" data-e-type=\"widget\" data-widget_type=\"text-editor.default\">\n\t\t\t\t<div class=\"elementor-widget-container\">\n\t\t\t\t\t\t\t\t\t<p>Historia, tradici\u00f3, modernitat, paisatge, vitivinicultura, gastronomia i molt m\u00e9s trobem cada vegada que anem a les zones de denominaci\u00f3 d\u2019origen Rioja.<\/p><p>Aquesta vegada allotjant-nos en l\u2019espl\u00e8ndid\u00a0 <strong>Hotel Bodega Finca de los Arandinos<\/strong>.<\/p><p>\u00c9s una sortida que compensa, i que us recomanem.<\/p>\t\t\t\t\t\t\t\t<\/div>\n\t\t\t\t<\/div>\n\t\t\t\t\t<\/div>\n\t\t<\/div>\n\t\t\t\t\t<\/div>\n\t\t<\/section>\n\t\t\t\t<\/div>\n\t\t","protected":false},"excerpt":{"rendered":"<p>El Hotel Bodega Finca de los Arandinos, a La Rioja, \u00e9s un excel\u00b7lent lloc per inserir-se en el m\u00f3n de la vinya i el vi, en una regi\u00f3 coneguda mundialment &#8230; <a title=\"Hotel Bodega Finca de los Arandinos. La Rioja\" class=\"read-more\" href=\"https:\/\/www.elturistatranquil.com\/ca\/hotel-bodega-finca-de-los-arandinos-la-rioja\/\" aria-label=\"M\u00e9s informaci\u00f3 sobre Hotel Bodega Finca de los Arandinos. La Rioja\">[ &#8230; ]<\/a><\/p>\n","protected":false},"author":1,"featured_media":27806,"comment_status":"open","ping_status":"closed","sticky":false,"template":"","format":"standard","meta":{"footnotes":""},"categories":[205,229,84,206,102,108],"tags":[],"class_list":["post-27976","post","type-post","status-publish","format-standard","has-post-thumbnail","hentry","category-araba-alaba-ca","category-enoturisme","category-hotel-ca","category-la-rioja-ca","category-restaurant","category-turisme-tranquil","infinite-scroll-item","generate-columns","tablet-grid-50","mobile-grid-100","grid-parent","grid-50","no-featured-image-padding"],"yoast_head":"<!-- This site is optimized with the Yoast SEO plugin v27.4 - https:\/\/yoast.com\/product\/yoast-seo-wordpress\/ -->\n<title>Hotel Bodega Finca de los Arandinos. La Rioja - El turista tranquil<\/title>\n<meta name=\"description\" content=\"El Hotel Bodega Finca de los Arandinos, a La Rioja, \u00e9s un excel\u00b7lent lloc per inserir-se en el m\u00f3n de la vinya i el vi, en una regi\u00f3 coneguda mundialment pels seus caldos. Rec\u00f3rrer la Rioja Alta i la Rioja Alabesa completar\u00e0 aquesta sortida.\" \/>\n<meta name=\"robots\" content=\"index, follow, max-snippet:-1, max-image-preview:large, max-video-preview:-1\" \/>\n<link rel=\"canonical\" href=\"https:\/\/www.elturistatranquil.com\/ca\/hotel-bodega-finca-de-los-arandinos-la-rioja\/\" \/>\n<meta property=\"og:locale\" content=\"ca_ES\" \/>\n<meta property=\"og:type\" content=\"article\" \/>\n<meta property=\"og:title\" content=\"Hotel Bodega Finca de los Arandinos. La Rioja - El turista tranquil\" \/>\n<meta property=\"og:description\" content=\"El Hotel Bodega Finca de los Arandinos, a La Rioja, \u00e9s un excel\u00b7lent lloc per inserir-se en el m\u00f3n de la vinya i el vi, en una regi\u00f3 coneguda mundialment pels seus caldos. Rec\u00f3rrer la Rioja Alta i la Rioja Alabesa completar\u00e0 aquesta sortida.\" \/>\n<meta property=\"og:url\" content=\"https:\/\/www.elturistatranquil.com\/ca\/hotel-bodega-finca-de-los-arandinos-la-rioja\/\" \/>\n<meta property=\"og:site_name\" content=\"El turista tranquil\" \/>\n<meta property=\"article:publisher\" content=\"https:\/\/www.facebook.com\/elturistatranquilo\/\" \/>\n<meta property=\"article:published_time\" content=\"2020-02-01T08:50:39+00:00\" \/>\n<meta property=\"article:modified_time\" content=\"2021-09-01T11:29:49+00:00\" \/>\n<meta property=\"og:image\" content=\"https:\/\/www.elturistatranquil.com\/wp-content\/uploads\/F01-Hotel-Bodega-Finca-de-los-Arandinos.jpg\" \/>\n\t<meta property=\"og:image:width\" content=\"768\" \/>\n\t<meta property=\"og:image:height\" content=\"512\" \/>\n\t<meta property=\"og:image:type\" content=\"image\/jpeg\" \/>\n<meta name=\"author\" content=\"admin\" \/>\n<meta name=\"twitter:card\" content=\"summary_large_image\" \/>\n<meta name=\"twitter:label1\" content=\"Escrit per\" \/>\n\t<meta name=\"twitter:data1\" content=\"admin\" \/>\n\t<meta name=\"twitter:label2\" content=\"Temps estimat de lectura\" \/>\n\t<meta name=\"twitter:data2\" content=\"31 minuts\" \/>\n<script type=\"application\/ld+json\" class=\"yoast-schema-graph\">{\"@context\":\"https:\\\/\\\/schema.org\",\"@graph\":[{\"@type\":\"Article\",\"@id\":\"https:\\\/\\\/www.elturistatranquil.com\\\/ca\\\/hotel-bodega-finca-de-los-arandinos-la-rioja\\\/#article\",\"isPartOf\":{\"@id\":\"https:\\\/\\\/www.elturistatranquil.com\\\/ca\\\/hotel-bodega-finca-de-los-arandinos-la-rioja\\\/\"},\"author\":{\"name\":\"admin\",\"@id\":\"https:\\\/\\\/www.elturistatranquil.com\\\/ca\\\/#\\\/schema\\\/person\\\/16f607c3079b96ed0c530a52e6b58bb5\"},\"headline\":\"Hotel Bodega Finca de los Arandinos. La Rioja\",\"datePublished\":\"2020-02-01T08:50:39+00:00\",\"dateModified\":\"2021-09-01T11:29:49+00:00\",\"mainEntityOfPage\":{\"@id\":\"https:\\\/\\\/www.elturistatranquil.com\\\/ca\\\/hotel-bodega-finca-de-los-arandinos-la-rioja\\\/\"},\"wordCount\":3585,\"commentCount\":3,\"image\":{\"@id\":\"https:\\\/\\\/www.elturistatranquil.com\\\/ca\\\/hotel-bodega-finca-de-los-arandinos-la-rioja\\\/#primaryimage\"},\"thumbnailUrl\":\"https:\\\/\\\/www.elturistatranquil.com\\\/wp-content\\\/uploads\\\/F01-Hotel-Bodega-Finca-de-los-Arandinos.jpg\",\"articleSection\":[\"Araba\\\/\u00c0laba\",\"Enoturisme\",\"Hotel, Allotjament\",\"La Rioja\",\"Restaurant\",\"Turisme tranquil\"],\"inLanguage\":\"ca\",\"potentialAction\":[{\"@type\":\"CommentAction\",\"name\":\"Comment\",\"target\":[\"https:\\\/\\\/www.elturistatranquil.com\\\/ca\\\/hotel-bodega-finca-de-los-arandinos-la-rioja\\\/#respond\"]}]},{\"@type\":\"WebPage\",\"@id\":\"https:\\\/\\\/www.elturistatranquil.com\\\/ca\\\/hotel-bodega-finca-de-los-arandinos-la-rioja\\\/\",\"url\":\"https:\\\/\\\/www.elturistatranquil.com\\\/ca\\\/hotel-bodega-finca-de-los-arandinos-la-rioja\\\/\",\"name\":\"Hotel Bodega Finca de los Arandinos. La Rioja - El turista tranquil\",\"isPartOf\":{\"@id\":\"https:\\\/\\\/www.elturistatranquil.com\\\/ca\\\/#website\"},\"primaryImageOfPage\":{\"@id\":\"https:\\\/\\\/www.elturistatranquil.com\\\/ca\\\/hotel-bodega-finca-de-los-arandinos-la-rioja\\\/#primaryimage\"},\"image\":{\"@id\":\"https:\\\/\\\/www.elturistatranquil.com\\\/ca\\\/hotel-bodega-finca-de-los-arandinos-la-rioja\\\/#primaryimage\"},\"thumbnailUrl\":\"https:\\\/\\\/www.elturistatranquil.com\\\/wp-content\\\/uploads\\\/F01-Hotel-Bodega-Finca-de-los-Arandinos.jpg\",\"datePublished\":\"2020-02-01T08:50:39+00:00\",\"dateModified\":\"2021-09-01T11:29:49+00:00\",\"author\":{\"@id\":\"https:\\\/\\\/www.elturistatranquil.com\\\/ca\\\/#\\\/schema\\\/person\\\/16f607c3079b96ed0c530a52e6b58bb5\"},\"description\":\"El Hotel Bodega Finca de los Arandinos, a La Rioja, \u00e9s un excel\u00b7lent lloc per inserir-se en el m\u00f3n de la vinya i el vi, en una regi\u00f3 coneguda mundialment pels seus caldos. Rec\u00f3rrer la Rioja Alta i la Rioja Alabesa completar\u00e0 aquesta sortida.\",\"breadcrumb\":{\"@id\":\"https:\\\/\\\/www.elturistatranquil.com\\\/ca\\\/hotel-bodega-finca-de-los-arandinos-la-rioja\\\/#breadcrumb\"},\"inLanguage\":\"ca\",\"potentialAction\":[{\"@type\":\"ReadAction\",\"target\":[\"https:\\\/\\\/www.elturistatranquil.com\\\/ca\\\/hotel-bodega-finca-de-los-arandinos-la-rioja\\\/\"]}]},{\"@type\":\"ImageObject\",\"inLanguage\":\"ca\",\"@id\":\"https:\\\/\\\/www.elturistatranquil.com\\\/ca\\\/hotel-bodega-finca-de-los-arandinos-la-rioja\\\/#primaryimage\",\"url\":\"https:\\\/\\\/www.elturistatranquil.com\\\/wp-content\\\/uploads\\\/F01-Hotel-Bodega-Finca-de-los-Arandinos.jpg\",\"contentUrl\":\"https:\\\/\\\/www.elturistatranquil.com\\\/wp-content\\\/uploads\\\/F01-Hotel-Bodega-Finca-de-los-Arandinos.jpg\",\"width\":768,\"height\":512,\"caption\":\"Hotel Bodega Finca de los Arandinos\"},{\"@type\":\"BreadcrumbList\",\"@id\":\"https:\\\/\\\/www.elturistatranquil.com\\\/ca\\\/hotel-bodega-finca-de-los-arandinos-la-rioja\\\/#breadcrumb\",\"itemListElement\":[{\"@type\":\"ListItem\",\"position\":1,\"name\":\"Portada\",\"item\":\"https:\\\/\\\/www.elturistatranquil.com\\\/ca\\\/\"},{\"@type\":\"ListItem\",\"position\":2,\"name\":\"Hotel Bodega Finca de los Arandinos. La Rioja\"}]},{\"@type\":\"WebSite\",\"@id\":\"https:\\\/\\\/www.elturistatranquil.com\\\/ca\\\/#website\",\"url\":\"https:\\\/\\\/www.elturistatranquil.com\\\/ca\\\/\",\"name\":\"El turista tranquil\",\"description\":\"Blog de viatges\",\"potentialAction\":[{\"@type\":\"SearchAction\",\"target\":{\"@type\":\"EntryPoint\",\"urlTemplate\":\"https:\\\/\\\/www.elturistatranquil.com\\\/ca\\\/?s={search_term_string}\"},\"query-input\":{\"@type\":\"PropertyValueSpecification\",\"valueRequired\":true,\"valueName\":\"search_term_string\"}}],\"inLanguage\":\"ca\"},{\"@type\":\"Person\",\"@id\":\"https:\\\/\\\/www.elturistatranquil.com\\\/ca\\\/#\\\/schema\\\/person\\\/16f607c3079b96ed0c530a52e6b58bb5\",\"name\":\"admin\",\"image\":{\"@type\":\"ImageObject\",\"inLanguage\":\"ca\",\"@id\":\"https:\\\/\\\/secure.gravatar.com\\\/avatar\\\/1fbaf22aee75fcbb29a2f97b107f95d25d3a19b7c3416105be10269872673e8d?s=96&d=mm&r=g\",\"url\":\"https:\\\/\\\/secure.gravatar.com\\\/avatar\\\/1fbaf22aee75fcbb29a2f97b107f95d25d3a19b7c3416105be10269872673e8d?s=96&d=mm&r=g\",\"contentUrl\":\"https:\\\/\\\/secure.gravatar.com\\\/avatar\\\/1fbaf22aee75fcbb29a2f97b107f95d25d3a19b7c3416105be10269872673e8d?s=96&d=mm&r=g\",\"caption\":\"admin\"}}]}<\/script>\n<!-- \/ Yoast SEO plugin. -->","yoast_head_json":{"title":"Hotel Bodega Finca de los Arandinos. La Rioja - El turista tranquil","description":"El Hotel Bodega Finca de los Arandinos, a La Rioja, \u00e9s un excel\u00b7lent lloc per inserir-se en el m\u00f3n de la vinya i el vi, en una regi\u00f3 coneguda mundialment pels seus caldos. Rec\u00f3rrer la Rioja Alta i la Rioja Alabesa completar\u00e0 aquesta sortida.","robots":{"index":"index","follow":"follow","max-snippet":"max-snippet:-1","max-image-preview":"max-image-preview:large","max-video-preview":"max-video-preview:-1"},"canonical":"https:\/\/www.elturistatranquil.com\/ca\/hotel-bodega-finca-de-los-arandinos-la-rioja\/","og_locale":"ca_ES","og_type":"article","og_title":"Hotel Bodega Finca de los Arandinos. La Rioja - El turista tranquil","og_description":"El Hotel Bodega Finca de los Arandinos, a La Rioja, \u00e9s un excel\u00b7lent lloc per inserir-se en el m\u00f3n de la vinya i el vi, en una regi\u00f3 coneguda mundialment pels seus caldos. Rec\u00f3rrer la Rioja Alta i la Rioja Alabesa completar\u00e0 aquesta sortida.","og_url":"https:\/\/www.elturistatranquil.com\/ca\/hotel-bodega-finca-de-los-arandinos-la-rioja\/","og_site_name":"El turista tranquil","article_publisher":"https:\/\/www.facebook.com\/elturistatranquilo\/","article_published_time":"2020-02-01T08:50:39+00:00","article_modified_time":"2021-09-01T11:29:49+00:00","og_image":[{"width":768,"height":512,"url":"https:\/\/www.elturistatranquil.com\/wp-content\/uploads\/F01-Hotel-Bodega-Finca-de-los-Arandinos.jpg","type":"image\/jpeg"}],"author":"admin","twitter_card":"summary_large_image","twitter_misc":{"Escrit per":"admin","Temps estimat de lectura":"31 minuts"},"schema":{"@context":"https:\/\/schema.org","@graph":[{"@type":"Article","@id":"https:\/\/www.elturistatranquil.com\/ca\/hotel-bodega-finca-de-los-arandinos-la-rioja\/#article","isPartOf":{"@id":"https:\/\/www.elturistatranquil.com\/ca\/hotel-bodega-finca-de-los-arandinos-la-rioja\/"},"author":{"name":"admin","@id":"https:\/\/www.elturistatranquil.com\/ca\/#\/schema\/person\/16f607c3079b96ed0c530a52e6b58bb5"},"headline":"Hotel Bodega Finca de los Arandinos. La Rioja","datePublished":"2020-02-01T08:50:39+00:00","dateModified":"2021-09-01T11:29:49+00:00","mainEntityOfPage":{"@id":"https:\/\/www.elturistatranquil.com\/ca\/hotel-bodega-finca-de-los-arandinos-la-rioja\/"},"wordCount":3585,"commentCount":3,"image":{"@id":"https:\/\/www.elturistatranquil.com\/ca\/hotel-bodega-finca-de-los-arandinos-la-rioja\/#primaryimage"},"thumbnailUrl":"https:\/\/www.elturistatranquil.com\/wp-content\/uploads\/F01-Hotel-Bodega-Finca-de-los-Arandinos.jpg","articleSection":["Araba\/\u00c0laba","Enoturisme","Hotel, Allotjament","La Rioja","Restaurant","Turisme tranquil"],"inLanguage":"ca","potentialAction":[{"@type":"CommentAction","name":"Comment","target":["https:\/\/www.elturistatranquil.com\/ca\/hotel-bodega-finca-de-los-arandinos-la-rioja\/#respond"]}]},{"@type":"WebPage","@id":"https:\/\/www.elturistatranquil.com\/ca\/hotel-bodega-finca-de-los-arandinos-la-rioja\/","url":"https:\/\/www.elturistatranquil.com\/ca\/hotel-bodega-finca-de-los-arandinos-la-rioja\/","name":"Hotel Bodega Finca de los Arandinos. La Rioja - El turista tranquil","isPartOf":{"@id":"https:\/\/www.elturistatranquil.com\/ca\/#website"},"primaryImageOfPage":{"@id":"https:\/\/www.elturistatranquil.com\/ca\/hotel-bodega-finca-de-los-arandinos-la-rioja\/#primaryimage"},"image":{"@id":"https:\/\/www.elturistatranquil.com\/ca\/hotel-bodega-finca-de-los-arandinos-la-rioja\/#primaryimage"},"thumbnailUrl":"https:\/\/www.elturistatranquil.com\/wp-content\/uploads\/F01-Hotel-Bodega-Finca-de-los-Arandinos.jpg","datePublished":"2020-02-01T08:50:39+00:00","dateModified":"2021-09-01T11:29:49+00:00","author":{"@id":"https:\/\/www.elturistatranquil.com\/ca\/#\/schema\/person\/16f607c3079b96ed0c530a52e6b58bb5"},"description":"El Hotel Bodega Finca de los Arandinos, a La Rioja, \u00e9s un excel\u00b7lent lloc per inserir-se en el m\u00f3n de la vinya i el vi, en una regi\u00f3 coneguda mundialment pels seus caldos. Rec\u00f3rrer la Rioja Alta i la Rioja Alabesa completar\u00e0 aquesta sortida.","breadcrumb":{"@id":"https:\/\/www.elturistatranquil.com\/ca\/hotel-bodega-finca-de-los-arandinos-la-rioja\/#breadcrumb"},"inLanguage":"ca","potentialAction":[{"@type":"ReadAction","target":["https:\/\/www.elturistatranquil.com\/ca\/hotel-bodega-finca-de-los-arandinos-la-rioja\/"]}]},{"@type":"ImageObject","inLanguage":"ca","@id":"https:\/\/www.elturistatranquil.com\/ca\/hotel-bodega-finca-de-los-arandinos-la-rioja\/#primaryimage","url":"https:\/\/www.elturistatranquil.com\/wp-content\/uploads\/F01-Hotel-Bodega-Finca-de-los-Arandinos.jpg","contentUrl":"https:\/\/www.elturistatranquil.com\/wp-content\/uploads\/F01-Hotel-Bodega-Finca-de-los-Arandinos.jpg","width":768,"height":512,"caption":"Hotel Bodega Finca de los Arandinos"},{"@type":"BreadcrumbList","@id":"https:\/\/www.elturistatranquil.com\/ca\/hotel-bodega-finca-de-los-arandinos-la-rioja\/#breadcrumb","itemListElement":[{"@type":"ListItem","position":1,"name":"Portada","item":"https:\/\/www.elturistatranquil.com\/ca\/"},{"@type":"ListItem","position":2,"name":"Hotel Bodega Finca de los Arandinos. La Rioja"}]},{"@type":"WebSite","@id":"https:\/\/www.elturistatranquil.com\/ca\/#website","url":"https:\/\/www.elturistatranquil.com\/ca\/","name":"El turista tranquil","description":"Blog de viatges","potentialAction":[{"@type":"SearchAction","target":{"@type":"EntryPoint","urlTemplate":"https:\/\/www.elturistatranquil.com\/ca\/?s={search_term_string}"},"query-input":{"@type":"PropertyValueSpecification","valueRequired":true,"valueName":"search_term_string"}}],"inLanguage":"ca"},{"@type":"Person","@id":"https:\/\/www.elturistatranquil.com\/ca\/#\/schema\/person\/16f607c3079b96ed0c530a52e6b58bb5","name":"admin","image":{"@type":"ImageObject","inLanguage":"ca","@id":"https:\/\/secure.gravatar.com\/avatar\/1fbaf22aee75fcbb29a2f97b107f95d25d3a19b7c3416105be10269872673e8d?s=96&d=mm&r=g","url":"https:\/\/secure.gravatar.com\/avatar\/1fbaf22aee75fcbb29a2f97b107f95d25d3a19b7c3416105be10269872673e8d?s=96&d=mm&r=g","contentUrl":"https:\/\/secure.gravatar.com\/avatar\/1fbaf22aee75fcbb29a2f97b107f95d25d3a19b7c3416105be10269872673e8d?s=96&d=mm&r=g","caption":"admin"}}]}},"_links":{"self":[{"href":"https:\/\/www.elturistatranquil.com\/ca\/wp-json\/wp\/v2\/posts\/27976","targetHints":{"allow":["GET"]}}],"collection":[{"href":"https:\/\/www.elturistatranquil.com\/ca\/wp-json\/wp\/v2\/posts"}],"about":[{"href":"https:\/\/www.elturistatranquil.com\/ca\/wp-json\/wp\/v2\/types\/post"}],"author":[{"embeddable":true,"href":"https:\/\/www.elturistatranquil.com\/ca\/wp-json\/wp\/v2\/users\/1"}],"replies":[{"embeddable":true,"href":"https:\/\/www.elturistatranquil.com\/ca\/wp-json\/wp\/v2\/comments?post=27976"}],"version-history":[{"count":5,"href":"https:\/\/www.elturistatranquil.com\/ca\/wp-json\/wp\/v2\/posts\/27976\/revisions"}],"predecessor-version":[{"id":31252,"href":"https:\/\/www.elturistatranquil.com\/ca\/wp-json\/wp\/v2\/posts\/27976\/revisions\/31252"}],"wp:featuredmedia":[{"embeddable":true,"href":"https:\/\/www.elturistatranquil.com\/ca\/wp-json\/wp\/v2\/media\/27806"}],"wp:attachment":[{"href":"https:\/\/www.elturistatranquil.com\/ca\/wp-json\/wp\/v2\/media?parent=27976"}],"wp:term":[{"taxonomy":"category","embeddable":true,"href":"https:\/\/www.elturistatranquil.com\/ca\/wp-json\/wp\/v2\/categories?post=27976"},{"taxonomy":"post_tag","embeddable":true,"href":"https:\/\/www.elturistatranquil.com\/ca\/wp-json\/wp\/v2\/tags?post=27976"}],"curies":[{"name":"wp","href":"https:\/\/api.w.org\/{rel}","templated":true}]}}