{"id":28149,"date":"2020-02-08T10:20:42","date_gmt":"2020-02-08T09:20:42","guid":{"rendered":"https:\/\/www.elturistatranquil.com\/?p=28149"},"modified":"2020-02-08T10:30:16","modified_gmt":"2020-02-08T09:30:16","slug":"santa-maria-de-la-pena-triste-la-pena-estacion-i-anzanigo-osca","status":"publish","type":"post","link":"https:\/\/www.elturistatranquil.com\/ca\/santa-maria-de-la-pena-triste-la-pena-estacion-i-anzanigo-osca\/","title":{"rendered":"Santa Mar\u00eda de la Pe\u00f1a, Triste, La Pe\u00f1a Estaci\u00f3n i Anz\u00e1nigo (Osca)"},"content":{"rendered":"\t\t<div data-elementor-type=\"wp-post\" data-elementor-id=\"28149\" class=\"elementor elementor-28149 elementor-28008\" data-elementor-post-type=\"post\">\n\t\t\t\t\t\t<section class=\"elementor-section elementor-top-section elementor-element elementor-element-70d3c88e elementor-section-boxed elementor-section-height-default elementor-section-height-default\" data-id=\"70d3c88e\" data-element_type=\"section\" data-e-type=\"section\">\n\t\t\t\t\t\t<div class=\"elementor-container elementor-column-gap-default\">\n\t\t\t\t\t<div class=\"elementor-column elementor-col-100 elementor-top-column elementor-element elementor-element-21265f7b\" data-id=\"21265f7b\" data-element_type=\"column\" data-e-type=\"column\">\n\t\t\t<div class=\"elementor-widget-wrap elementor-element-populated\">\n\t\t\t\t\t\t<section class=\"elementor-section elementor-inner-section elementor-element elementor-element-a9c78ee elementor-section-content-middle elementor-section-boxed elementor-section-height-default elementor-section-height-default\" data-id=\"a9c78ee\" data-element_type=\"section\" data-e-type=\"section\">\n\t\t\t\t\t\t<div class=\"elementor-container elementor-column-gap-default\">\n\t\t\t\t\t<div class=\"elementor-column elementor-col-100 elementor-inner-column elementor-element elementor-element-1b08ae0e\" data-id=\"1b08ae0e\" data-element_type=\"column\" data-e-type=\"column\">\n\t\t\t<div class=\"elementor-widget-wrap elementor-element-populated\">\n\t\t\t\t\t\t<div class=\"elementor-element elementor-element-728a6a92 elementor-widget elementor-widget-text-editor\" data-id=\"728a6a92\" data-element_type=\"widget\" data-e-type=\"widget\" data-widget_type=\"text-editor.default\">\n\t\t\t\t<div class=\"elementor-widget-container\">\n\t\t\t\t\t\t\t\t\t<p>Un recorregut per <em>Santa Mar\u00eda de la Pe\u00f1a. Triste, La Pe\u00f1a Estaci\u00f3n i Anz\u00e1nigo<\/em>, \u00a0a la Hoya d&#8217;Osca, seguint el curs de riu G\u00e1llego, per apreciar especialment la seva arquitectura popular, el seu paisatge i la seva tranquil\u00b7litat.<\/p>\t\t\t\t\t\t\t\t<\/div>\n\t\t\t\t<\/div>\n\t\t\t\t\t<\/div>\n\t\t<\/div>\n\t\t\t\t\t<\/div>\n\t\t<\/section>\n\t\t\t\t<div class=\"elementor-element elementor-element-5c6206f elementor-widget elementor-widget-heading\" data-id=\"5c6206f\" data-element_type=\"widget\" data-e-type=\"widget\" data-widget_type=\"heading.default\">\n\t\t\t\t<div class=\"elementor-widget-container\">\n\t\t\t\t\t<h1 class=\"elementor-heading-title elementor-size-default\">Santa Mar\u00eda de la Pe\u00f1a, Triste, La Pe\u00f1a Estaci\u00f3n i Anz\u00e1nigo (Osca)<\/h1>\t\t\t\t<\/div>\n\t\t\t\t<\/div>\n\t\t\t\t\t<\/div>\n\t\t<\/div>\n\t\t\t\t\t<\/div>\n\t\t<\/section>\n\t\t\t\t<section class=\"elementor-section elementor-top-section elementor-element elementor-element-11acfaa0 elementor-section-boxed elementor-section-height-default elementor-section-height-default\" data-id=\"11acfaa0\" data-element_type=\"section\" data-e-type=\"section\">\n\t\t\t\t\t\t<div class=\"elementor-container elementor-column-gap-default\">\n\t\t\t\t\t<div class=\"elementor-column elementor-col-100 elementor-top-column elementor-element elementor-element-2568a857\" data-id=\"2568a857\" data-element_type=\"column\" data-e-type=\"column\">\n\t\t\t<div class=\"elementor-widget-wrap elementor-element-populated\">\n\t\t\t\t\t\t<div class=\"elementor-element elementor-element-13c53033 elementor-widget elementor-widget-image\" data-id=\"13c53033\" data-element_type=\"widget\" data-e-type=\"widget\" data-widget_type=\"image.default\">\n\t\t\t\t<div class=\"elementor-widget-container\">\n\t\t\t\t\t\t\t\t\t\t\t\t<figure class=\"wp-caption\">\n\t\t\t\t\t\t\t\t\t\t<img fetchpriority=\"high\" decoding=\"async\" width=\"768\" height=\"512\" src=\"https:\/\/www.elturistatranquil.com\/wp-content\/uploads\/F01-Embalse-de-la-Pe\u00f1a-Huesca.jpg\" class=\"attachment-large size-large wp-image-28013\" alt=\"Embalse de la Pe\u00f1a Huesca\" srcset=\"https:\/\/www.elturistatranquil.com\/wp-content\/uploads\/F01-Embalse-de-la-Pe\u00f1a-Huesca.jpg 768w, https:\/\/www.elturistatranquil.com\/wp-content\/uploads\/F01-Embalse-de-la-Pe\u00f1a-Huesca-339x226.jpg 339w\" sizes=\"(max-width: 768px) 100vw, 768px\" \/>\t\t\t\t\t\t\t\t\t\t\t<figcaption class=\"widget-image-caption wp-caption-text\"><\/figcaption>\n\t\t\t\t\t\t\t\t\t\t<\/figure>\n\t\t\t\t\t\t\t\t\t<\/div>\n\t\t\t\t<\/div>\n\t\t\t\t<div class=\"elementor-element elementor-element-daf6109 elementor-widget elementor-widget-spacer\" data-id=\"daf6109\" data-element_type=\"widget\" data-e-type=\"widget\" data-widget_type=\"spacer.default\">\n\t\t\t\t<div class=\"elementor-widget-container\">\n\t\t\t\t\t\t\t<div class=\"elementor-spacer\">\n\t\t\t<div class=\"elementor-spacer-inner\"><\/div>\n\t\t<\/div>\n\t\t\t\t\t\t<\/div>\n\t\t\t\t<\/div>\n\t\t\t\t<div class=\"elementor-element elementor-element-421687ce elementor-widget elementor-widget-heading\" data-id=\"421687ce\" data-element_type=\"widget\" data-e-type=\"widget\" data-widget_type=\"heading.default\">\n\t\t\t\t<div class=\"elementor-widget-container\">\n\t\t\t\t\t<h2 class=\"elementor-heading-title elementor-size-default\">Santa Mar\u00eda de la Pe\u00f1a, Triste, La Pe\u00f1a Estaci\u00f3n i Anz\u00e1nigo. Regne dels Mallos. Osca<\/h2>\t\t\t\t<\/div>\n\t\t\t\t<\/div>\n\t\t\t\t<section class=\"elementor-section elementor-inner-section elementor-element elementor-element-259be8c2 elementor-section-boxed elementor-section-height-default elementor-section-height-default\" data-id=\"259be8c2\" data-element_type=\"section\" data-e-type=\"section\" data-settings=\"{&quot;background_background&quot;:&quot;classic&quot;}\">\n\t\t\t\t\t\t\t<div class=\"elementor-background-overlay\"><\/div>\n\t\t\t\t\t\t\t<div class=\"elementor-container elementor-column-gap-default\">\n\t\t\t\t\t<div class=\"elementor-column elementor-col-100 elementor-inner-column elementor-element elementor-element-78321862\" data-id=\"78321862\" data-element_type=\"column\" data-e-type=\"column\" data-settings=\"{&quot;background_background&quot;:&quot;classic&quot;}\">\n\t\t\t<div class=\"elementor-widget-wrap elementor-element-populated\">\n\t\t\t\t\t\t<div class=\"elementor-element elementor-element-27351931 elementor-widget elementor-widget-text-editor\" data-id=\"27351931\" data-element_type=\"widget\" data-e-type=\"widget\" data-widget_type=\"text-editor.default\">\n\t\t\t\t<div class=\"elementor-widget-container\">\n\t\t\t\t\t\t\t\t\t<p>Visita: 2019<\/p>\t\t\t\t\t\t\t\t<\/div>\n\t\t\t\t<\/div>\n\t\t\t\t\t<\/div>\n\t\t<\/div>\n\t\t\t\t\t<\/div>\n\t\t<\/section>\n\t\t\t\t<div class=\"elementor-element elementor-element-20999638 elementor-widget elementor-widget-image\" data-id=\"20999638\" data-element_type=\"widget\" data-e-type=\"widget\" data-widget_type=\"image.default\">\n\t\t\t\t<div class=\"elementor-widget-container\">\n\t\t\t\t\t\t\t\t\t\t\t\t<figure class=\"wp-caption\">\n\t\t\t\t\t\t\t\t\t\t<img decoding=\"async\" width=\"768\" height=\"512\" src=\"https:\/\/www.elturistatranquil.com\/wp-content\/uploads\/F02-Mapa-de-situaci\u00f3n-Google-maps-2020-01-30.jpg\" class=\"attachment-medium_large size-medium_large wp-image-28015\" alt=\"Mapa de situaci\u00f3n (Google maps 2020-01-30)\" srcset=\"https:\/\/www.elturistatranquil.com\/wp-content\/uploads\/F02-Mapa-de-situaci\u00f3n-Google-maps-2020-01-30.jpg 768w, https:\/\/www.elturistatranquil.com\/wp-content\/uploads\/F02-Mapa-de-situaci\u00f3n-Google-maps-2020-01-30-339x226.jpg 339w\" sizes=\"(max-width: 768px) 100vw, 768px\" \/>\t\t\t\t\t\t\t\t\t\t\t<figcaption class=\"widget-image-caption wp-caption-text\">Mapa de situaci\u00f3 (Google maps 2020-01-30)<\/figcaption>\n\t\t\t\t\t\t\t\t\t\t<\/figure>\n\t\t\t\t\t\t\t\t\t<\/div>\n\t\t\t\t<\/div>\n\t\t\t\t<section class=\"elementor-section elementor-inner-section elementor-element elementor-element-2c30f37 elementor-section-boxed elementor-section-height-default elementor-section-height-default\" data-id=\"2c30f37\" data-element_type=\"section\" data-e-type=\"section\" data-settings=\"{&quot;background_background&quot;:&quot;classic&quot;}\">\n\t\t\t\t\t\t<div class=\"elementor-container elementor-column-gap-default\">\n\t\t\t\t\t<div class=\"elementor-column elementor-col-100 elementor-inner-column elementor-element elementor-element-1848156\" data-id=\"1848156\" data-element_type=\"column\" data-e-type=\"column\">\n\t\t\t<div class=\"elementor-widget-wrap elementor-element-populated\">\n\t\t\t\t\t\t<div class=\"elementor-element elementor-element-1399d445 elementor-widget elementor-widget-text-editor\" data-id=\"1399d445\" data-element_type=\"widget\" data-e-type=\"widget\" data-widget_type=\"text-editor.default\">\n\t\t\t\t<div class=\"elementor-widget-container\">\n\t\t\t\t\t\t\t\t\t<p style=\"text-align: center;\"><strong>\u00cdndex<\/strong><\/p>\t\t\t\t\t\t\t\t<\/div>\n\t\t\t\t<\/div>\n\t\t\t\t<div class=\"elementor-element elementor-element-3062e4f2 elementor-widget elementor-widget-text-editor\" data-id=\"3062e4f2\" data-element_type=\"widget\" data-e-type=\"widget\" data-widget_type=\"text-editor.default\">\n\t\t\t\t<div class=\"elementor-widget-container\">\n\t\t\t\t\t\t\t\t\t<p><a href=\"https:\/\/www.elturistatranquil.com\/ca\/santa-maria-de-la-pena,-triste,-la-pena-estacion-i-anzanigo\/#c4801\">Santa Mar\u00eda de la Pe\u00f1a, Triste, La Pe\u00f1a Estaci\u00f3n i Anz\u00e1nigo. Regne dels Mallos. Osca<\/a><\/p><p><a href=\"https:\/\/www.elturistatranquil.com\/ca\/santa-maria-de-la-pena,-triste,-la-pena-estacion-i-anzanigo\/#c4802\">El territori: El Regne dels Mallos<\/a><\/p><p><a href=\"https:\/\/www.elturistatranquil.com\/ca\/santa-maria-de-la-pena,-triste,-la-pena-estacion-i-anzanigo\/#c4803\">Recorregut per la zona septentrional del Regne dels Mallos<\/a><\/p><p style=\"padding-left: 40px;\"><a href=\"https:\/\/www.elturistatranquil.com\/ca\/santa-maria-de-la-pena,-triste,-la-pena-estacion-i-anzanigo\/#c4804\">Santa Mar\u00eda de la Pe\u00f1a<\/a><\/p><p style=\"padding-left: 40px;\"><a href=\"https:\/\/www.elturistatranquil.com\/ca\/santa-maria-de-la-pena,-triste,-la-pena-estacion-i-anzanigo\/#c4805\">Triste<\/a><\/p><p style=\"padding-left: 40px;\"><a href=\"https:\/\/www.elturistatranquil.com\/ca\/santa-maria-de-la-pena,-triste,-la-pena-estacion-i-anzanigo\/#c4806\">La Pe\u00f1a Estaci\u00f3n<\/a><\/p><p style=\"padding-left: 40px;\"><a href=\"https:\/\/www.elturistatranquil.com\/ca\/santa-maria-de-la-pena,-triste,-la-pena-estacion-i-anzanigo\/#c4807\">Anz\u00e1nigo<\/a><\/p><p><a href=\"https:\/\/www.elturistatranquil.com\/ca\/santa-maria-de-la-pena,-triste,-la-pena-estacion-i-anzanigo\/#c4808\">Fi de la ruta<\/a><\/p><p><a href=\"https:\/\/www.elturistatranquil.com\/ca\/santa-maria-de-la-pena,-triste,-la-pena-estacion-i-anzanigo\/#c4809\">Bases d\u2019informaci\u00f3<\/a><\/p>\t\t\t\t\t\t\t\t<\/div>\n\t\t\t\t<\/div>\n\t\t\t\t\t<\/div>\n\t\t<\/div>\n\t\t\t\t\t<\/div>\n\t\t<\/section>\n\t\t\t\t<div class=\"elementor-element elementor-element-13f059a6 elementor-widget elementor-widget-spacer\" data-id=\"13f059a6\" data-element_type=\"widget\" data-e-type=\"widget\" data-widget_type=\"spacer.default\">\n\t\t\t\t<div class=\"elementor-widget-container\">\n\t\t\t\t\t\t\t<div class=\"elementor-spacer\">\n\t\t\t<div class=\"elementor-spacer-inner\"><\/div>\n\t\t<\/div>\n\t\t\t\t\t\t<\/div>\n\t\t\t\t<\/div>\n\t\t\t\t<div class=\"elementor-element elementor-element-450ec4a8 elementor-widget elementor-widget-menu-anchor\" data-id=\"450ec4a8\" data-element_type=\"widget\" data-e-type=\"widget\" data-widget_type=\"menu-anchor.default\">\n\t\t\t\t<div class=\"elementor-widget-container\">\n\t\t\t\t\t\t\t<div class=\"elementor-menu-anchor\" id=\"c4801\"><\/div>\n\t\t\t\t\t\t<\/div>\n\t\t\t\t<\/div>\n\t\t\t\t<div class=\"elementor-element elementor-element-292b9e6f elementor-widget elementor-widget-spacer\" data-id=\"292b9e6f\" data-element_type=\"widget\" data-e-type=\"widget\" data-widget_type=\"spacer.default\">\n\t\t\t\t<div class=\"elementor-widget-container\">\n\t\t\t\t\t\t\t<div class=\"elementor-spacer\">\n\t\t\t<div class=\"elementor-spacer-inner\"><\/div>\n\t\t<\/div>\n\t\t\t\t\t\t<\/div>\n\t\t\t\t<\/div>\n\t\t\t\t<div class=\"elementor-element elementor-element-7e276ea3 elementor-widget elementor-widget-heading\" data-id=\"7e276ea3\" data-element_type=\"widget\" data-e-type=\"widget\" data-widget_type=\"heading.default\">\n\t\t\t\t<div class=\"elementor-widget-container\">\n\t\t\t\t\t<h2 class=\"elementor-heading-title elementor-size-default\">Santa Mar\u00eda de la Pe\u00f1a, Triste, La Pe\u00f1a Estaci\u00f3n i Anz\u00e1nigo. Regne dels Mallos. Osca<\/h2>\t\t\t\t<\/div>\n\t\t\t\t<\/div>\n\t\t\t\t<div class=\"elementor-element elementor-element-581ee363 elementor-widget elementor-widget-text-editor\" data-id=\"581ee363\" data-element_type=\"widget\" data-e-type=\"widget\" data-widget_type=\"text-editor.default\">\n\t\t\t\t<div class=\"elementor-widget-container\">\n\t\t\t\t\t\t\t\t\t<p>Enlla\u00e7 amb el <em>Post<\/em>:<a href=\"https:\/\/www.elturistatranquil.com\/ca\/el-corral-de-concilio-hotel-con-encanto-restaurante-reino-de-los-mallos\/\" target=\"_blank\" rel=\"noopener\"><strong> El Corral de Concilio, Hotel con Encanto Restaurante<\/strong><\/a><\/p><p>Complementa els <em>Posts<\/em>: <a href=\"https:\/\/www.elturistatranquil.com\/ca\/ayerbe-osca\/\" target=\"_blank\" rel=\"noopener\"><strong>Ayerbe<\/strong><\/a> i <a href=\"https:\/\/www.elturistatranquil.com\/ca\/murillo-de-gallego-aguero-i-riglos-osca-i-saragossa\/\" target=\"_blank\" rel=\"noopener\"><strong>Murillo de G\u00e1llego, Ag\u00fcero i Riglos<\/strong><\/a><\/p><p>\u00a0<\/p>\t\t\t\t\t\t\t\t<\/div>\n\t\t\t\t<\/div>\n\t\t\t\t<div class=\"elementor-element elementor-element-34053a7 elementor-widget elementor-widget-menu-anchor\" data-id=\"34053a7\" data-element_type=\"widget\" data-e-type=\"widget\" data-widget_type=\"menu-anchor.default\">\n\t\t\t\t<div class=\"elementor-widget-container\">\n\t\t\t\t\t\t\t<div class=\"elementor-menu-anchor\" id=\"c4802\"><\/div>\n\t\t\t\t\t\t<\/div>\n\t\t\t\t<\/div>\n\t\t\t\t<div class=\"elementor-element elementor-element-bfe4039 elementor-widget elementor-widget-text-editor\" data-id=\"bfe4039\" data-element_type=\"widget\" data-e-type=\"widget\" data-widget_type=\"text-editor.default\">\n\t\t\t\t<div class=\"elementor-widget-container\">\n\t\t\t\t\t\t\t\t\t<p>Una altra sortida des de <a href=\"https:\/\/www.elturistatranquil.com\/ca\/el-corral-de-concilio-hotel-con-encanto-restaurante-reino-de-los-mallos\/\" target=\"_blank\" rel=\"noopener\">El Corral de Concilio, Hotel con Encanto Restaurante<\/a>, aquest cop per la part nord de la Serra de la Pe\u00f1a, sobre l&#8217;Embassament de la Pe\u00f1a, i endinsant-me en la comarca del Alto G\u00e1llego.<\/p><p>M&#8217;acostar\u00e9 a <strong>Santa Maria de la Pe\u00f1a, Triste, Estaci\u00f3 de la Pe\u00f1a<\/strong> i <strong>Anz\u00e1nigo<\/strong>.<\/p>\t\t\t\t\t\t\t\t<\/div>\n\t\t\t\t<\/div>\n\t\t\t\t<div class=\"elementor-element elementor-element-6569171b elementor-widget elementor-widget-heading\" data-id=\"6569171b\" data-element_type=\"widget\" data-e-type=\"widget\" data-widget_type=\"heading.default\">\n\t\t\t\t<div class=\"elementor-widget-container\">\n\t\t\t\t\t<h2 class=\"elementor-heading-title elementor-size-default\">El territori: El Regne dels Mallos <\/h2>\t\t\t\t<\/div>\n\t\t\t\t<\/div>\n\t\t\t\t<div class=\"elementor-element elementor-element-5236c82 elementor-widget elementor-widget-menu-anchor\" data-id=\"5236c82\" data-element_type=\"widget\" data-e-type=\"widget\" data-widget_type=\"menu-anchor.default\">\n\t\t\t\t<div class=\"elementor-widget-container\">\n\t\t\t\t\t\t\t<div class=\"elementor-menu-anchor\" id=\"c4803\"><\/div>\n\t\t\t\t\t\t<\/div>\n\t\t\t\t<\/div>\n\t\t\t\t<div class=\"elementor-element elementor-element-b5d68c2 elementor-widget elementor-widget-text-editor\" data-id=\"b5d68c2\" data-element_type=\"widget\" data-e-type=\"widget\" data-widget_type=\"text-editor.default\">\n\t\t\t\t<div class=\"elementor-widget-container\">\n\t\t\t\t\t\t\t\t\t<p>Per no repetir la descripci\u00f3 del territori, em remeto a el text del <em>Post<\/em>: <a href=\"https:\/\/www.elturistatranquil.com\/ca\/murillo-de-gallego-aguero-i-riglos-osca-i-saragossa\/#c4402\" target=\"_blank\" rel=\"noopener\">El territori: El Regne dels Mallos i els Mallos<\/a><\/p>\t\t\t\t\t\t\t\t<\/div>\n\t\t\t\t<\/div>\n\t\t\t\t<div class=\"elementor-element elementor-element-ad8f312 elementor-widget elementor-widget-heading\" data-id=\"ad8f312\" data-element_type=\"widget\" data-e-type=\"widget\" data-widget_type=\"heading.default\">\n\t\t\t\t<div class=\"elementor-widget-container\">\n\t\t\t\t\t<h2 class=\"elementor-heading-title elementor-size-default\">Recorregut per la zona septentrional del Regne dels Mallos<\/h2>\t\t\t\t<\/div>\n\t\t\t\t<\/div>\n\t\t\t\t<div class=\"elementor-element elementor-element-23fd08e2 elementor-widget elementor-widget-image\" data-id=\"23fd08e2\" data-element_type=\"widget\" data-e-type=\"widget\" data-widget_type=\"image.default\">\n\t\t\t\t<div class=\"elementor-widget-container\">\n\t\t\t\t\t\t\t\t\t\t\t\t<figure class=\"wp-caption\">\n\t\t\t\t\t\t\t\t\t\t<img decoding=\"async\" width=\"768\" height=\"512\" src=\"https:\/\/www.elturistatranquil.com\/wp-content\/uploads\/F03-Ruta-Google-maps-2020-01-30.jpg\" class=\"attachment-large size-large wp-image-28017\" alt=\"Ruta (Google maps 2020-01-30)\" srcset=\"https:\/\/www.elturistatranquil.com\/wp-content\/uploads\/F03-Ruta-Google-maps-2020-01-30.jpg 768w, https:\/\/www.elturistatranquil.com\/wp-content\/uploads\/F03-Ruta-Google-maps-2020-01-30-339x226.jpg 339w\" sizes=\"(max-width: 768px) 100vw, 768px\" \/>\t\t\t\t\t\t\t\t\t\t\t<figcaption class=\"widget-image-caption wp-caption-text\"><\/figcaption>\n\t\t\t\t\t\t\t\t\t\t<\/figure>\n\t\t\t\t\t\t\t\t\t<\/div>\n\t\t\t\t<\/div>\n\t\t\t\t<div class=\"elementor-element elementor-element-1028743 elementor-widget elementor-widget-image\" data-id=\"1028743\" data-element_type=\"widget\" data-e-type=\"widget\" data-widget_type=\"image.default\">\n\t\t\t\t<div class=\"elementor-widget-container\">\n\t\t\t\t\t\t\t\t\t\t\t\t<figure class=\"wp-caption\">\n\t\t\t\t\t\t\t\t\t\t<img loading=\"lazy\" decoding=\"async\" width=\"676\" height=\"450\" src=\"https:\/\/www.elturistatranquil.com\/wp-content\/uploads\/F04-Ruta-Google-maps-2020-01-30.jpg\" class=\"attachment-large size-large wp-image-28019\" alt=\"Ruta (Google maps 2020-01-30)\" srcset=\"https:\/\/www.elturistatranquil.com\/wp-content\/uploads\/F04-Ruta-Google-maps-2020-01-30.jpg 676w, https:\/\/www.elturistatranquil.com\/wp-content\/uploads\/F04-Ruta-Google-maps-2020-01-30-339x226.jpg 339w\" sizes=\"(max-width: 676px) 100vw, 676px\" \/>\t\t\t\t\t\t\t\t\t\t\t<figcaption class=\"widget-image-caption wp-caption-text\">Ruta (Google maps 2020-01-30)<\/figcaption>\n\t\t\t\t\t\t\t\t\t\t<\/figure>\n\t\t\t\t\t\t\t\t\t<\/div>\n\t\t\t\t<\/div>\n\t\t\t\t<div class=\"elementor-element elementor-element-428d497f elementor-widget elementor-widget-text-editor\" data-id=\"428d497f\" data-element_type=\"widget\" data-e-type=\"widget\" data-widget_type=\"text-editor.default\">\n\t\t\t\t<div class=\"elementor-widget-container\">\n\t\t\t\t\t\t\t\t\t<p>La dist\u00e0ncia total entre les quatre localitats, de Santa Maria de la Penya a Anz\u00e1nigo \u00e9s de 12 quil\u00f2metres.<\/p><p>Seguir\u00e9 pel marge dret del riu G\u00e1llego, que entre Santa Maria de la Pe\u00f1a i Estaci\u00f3 de la Pe\u00f1a, se situen sobre l&#8217;Embassament de la Pe\u00f1a, tenint com a tel\u00f3 de fons les elevacions de la Pe\u00f1a de Riglos.<\/p><p>Una caracter\u00edstica d&#8217;aquestes terres era una estructura agr\u00e0ria basada en el model del que es coneixia com <em>pardinas<\/em>, que eren grans propietats de terreny que servien com a zones interm\u00e8dies de pasturatge a la transhum\u00e0ncia. Actualment aquestes zones de pastura estan en proc\u00e9s d&#8217;abandonament i es veuen colonitzades per vegetaci\u00f3 silvestre de la zona.<\/p>\t\t\t\t\t\t\t\t<\/div>\n\t\t\t\t<\/div>\n\t\t\t\t<div class=\"elementor-element elementor-element-d2ffce8 elementor-widget elementor-widget-image\" data-id=\"d2ffce8\" data-element_type=\"widget\" data-e-type=\"widget\" data-widget_type=\"image.default\">\n\t\t\t\t<div class=\"elementor-widget-container\">\n\t\t\t\t\t\t\t\t\t\t\t\t<figure class=\"wp-caption\">\n\t\t\t\t\t\t\t\t\t\t<img loading=\"lazy\" decoding=\"async\" width=\"768\" height=\"511\" src=\"https:\/\/www.elturistatranquil.com\/wp-content\/uploads\/F05-Embalse-de-la-Pe\u00f1a-Huesca.jpg\" class=\"attachment-large size-large wp-image-28021\" alt=\"Embalse de la Pe\u00f1a Huesca\" srcset=\"https:\/\/www.elturistatranquil.com\/wp-content\/uploads\/F05-Embalse-de-la-Pe\u00f1a-Huesca.jpg 768w, https:\/\/www.elturistatranquil.com\/wp-content\/uploads\/F05-Embalse-de-la-Pe\u00f1a-Huesca-339x226.jpg 339w\" sizes=\"(max-width: 768px) 100vw, 768px\" \/>\t\t\t\t\t\t\t\t\t\t\t<figcaption class=\"widget-image-caption wp-caption-text\"><\/figcaption>\n\t\t\t\t\t\t\t\t\t\t<\/figure>\n\t\t\t\t\t\t\t\t\t<\/div>\n\t\t\t\t<\/div>\n\t\t\t\t<div class=\"elementor-element elementor-element-800c1f1 elementor-widget elementor-widget-image\" data-id=\"800c1f1\" data-element_type=\"widget\" data-e-type=\"widget\" data-widget_type=\"image.default\">\n\t\t\t\t<div class=\"elementor-widget-container\">\n\t\t\t\t\t\t\t\t\t\t\t\t<figure class=\"wp-caption\">\n\t\t\t\t\t\t\t\t\t\t<img loading=\"lazy\" decoding=\"async\" width=\"768\" height=\"511\" src=\"https:\/\/www.elturistatranquil.com\/wp-content\/uploads\/F06-Santa-Maria-de-la-Pe\u00f1a-Huesca.jpg\" class=\"attachment-large size-large wp-image-28023\" alt=\"Santa Maria de la Pe\u00f1a Huesca\" srcset=\"https:\/\/www.elturistatranquil.com\/wp-content\/uploads\/F06-Santa-Maria-de-la-Pe\u00f1a-Huesca.jpg 768w, https:\/\/www.elturistatranquil.com\/wp-content\/uploads\/F06-Santa-Maria-de-la-Pe\u00f1a-Huesca-339x226.jpg 339w\" sizes=\"(max-width: 768px) 100vw, 768px\" \/>\t\t\t\t\t\t\t\t\t\t\t<figcaption class=\"widget-image-caption wp-caption-text\"><\/figcaption>\n\t\t\t\t\t\t\t\t\t\t<\/figure>\n\t\t\t\t\t\t\t\t\t<\/div>\n\t\t\t\t<\/div>\n\t\t\t\t<div class=\"elementor-element elementor-element-6a78f06 elementor-widget elementor-widget-menu-anchor\" data-id=\"6a78f06\" data-element_type=\"widget\" data-e-type=\"widget\" data-widget_type=\"menu-anchor.default\">\n\t\t\t\t<div class=\"elementor-widget-container\">\n\t\t\t\t\t\t\t<div class=\"elementor-menu-anchor\" id=\"c4804\"><\/div>\n\t\t\t\t\t\t<\/div>\n\t\t\t\t<\/div>\n\t\t\t\t<div class=\"elementor-element elementor-element-32558a8 elementor-widget elementor-widget-text-editor\" data-id=\"32558a8\" data-element_type=\"widget\" data-e-type=\"widget\" data-widget_type=\"text-editor.default\">\n\t\t\t\t<div class=\"elementor-widget-container\">\n\t\t\t\t\t\t\t\t\t<p>Les quatre localitats formen part de <a href=\"http:\/\/www.patrimonioculturaldearagon.es\/parque-cultural-de-san-juan-de-la-pena\" target=\"_blank\" rel=\"noopener\">Parc Cultural de San Juan de la Pe\u00f1a<\/a>. Altres llocs del Parc Cultural els he presentat en els <em>Posts<\/em>: <a href=\"https:\/\/www.elturistatranquil.com\/ca\/santa-cruz-de-la-seros\/\" target=\"_blank\" rel=\"noopener\">Santa Cruz de la Ser\u00f3s<\/a> i <a href=\"https:\/\/www.elturistatranquil.com\/ca\/monestir-de-san-juan-de-la-pena-jacetania\/\" target=\"_blank\" rel=\"noopener\">Monestir de San Juan de la Pe\u00f1a<\/a>.<\/p>\t\t\t\t\t\t\t\t<\/div>\n\t\t\t\t<\/div>\n\t\t\t\t<div class=\"elementor-element elementor-element-6761b4a5 elementor-widget elementor-widget-heading\" data-id=\"6761b4a5\" data-element_type=\"widget\" data-e-type=\"widget\" data-widget_type=\"heading.default\">\n\t\t\t\t<div class=\"elementor-widget-container\">\n\t\t\t\t\t<h3 class=\"elementor-heading-title elementor-size-default\">Santa Mar\u00eda de la Pe\u00f1a<\/h3>\t\t\t\t<\/div>\n\t\t\t\t<\/div>\n\t\t\t\t<div class=\"elementor-element elementor-element-1cd04a8 elementor-widget elementor-widget-image\" data-id=\"1cd04a8\" data-element_type=\"widget\" data-e-type=\"widget\" data-widget_type=\"image.default\">\n\t\t\t\t<div class=\"elementor-widget-container\">\n\t\t\t\t\t\t\t\t\t\t\t\t<figure class=\"wp-caption\">\n\t\t\t\t\t\t\t\t\t\t<img loading=\"lazy\" decoding=\"async\" width=\"768\" height=\"512\" src=\"https:\/\/www.elturistatranquil.com\/wp-content\/uploads\/F07-Santa-Maria-de-la-Pe\u00f1a-Huesca-Google-earth-2020-01-31.jpg\" class=\"attachment-large size-large wp-image-28025\" alt=\"Santa Maria de la Pe\u00f1a Huesca (Google earth 2020-01-31)\" srcset=\"https:\/\/www.elturistatranquil.com\/wp-content\/uploads\/F07-Santa-Maria-de-la-Pe\u00f1a-Huesca-Google-earth-2020-01-31.jpg 768w, https:\/\/www.elturistatranquil.com\/wp-content\/uploads\/F07-Santa-Maria-de-la-Pe\u00f1a-Huesca-Google-earth-2020-01-31-339x226.jpg 339w\" sizes=\"(max-width: 768px) 100vw, 768px\" \/>\t\t\t\t\t\t\t\t\t\t\t<figcaption class=\"widget-image-caption wp-caption-text\">Santa Mar\u00eda de la Pe\u00f1a (Google earth 2020-01-31)<\/figcaption>\n\t\t\t\t\t\t\t\t\t\t<\/figure>\n\t\t\t\t\t\t\t\t\t<\/div>\n\t\t\t\t<\/div>\n\t\t\t\t<div class=\"elementor-element elementor-element-5ee809c elementor-widget elementor-widget-text-editor\" data-id=\"5ee809c\" data-element_type=\"widget\" data-e-type=\"widget\" data-widget_type=\"text-editor.default\">\n\t\t\t\t<div class=\"elementor-widget-container\">\n\t\t\t\t\t\t\t\t\t<p><strong>Santa Mar\u00eda de la Pe\u00f1a<\/strong> forma part del municipi Las Pe\u00f1as de Riglos. La localitat compta amb 19 habitants (2019). A una altitud de 560 msnm. Coordenades: 42\u00b023\u203238\u2033N 0\u00b044\u203230\u2033O.<\/p><p>Localitat assentada en una lleu elevaci\u00f3 del terreny en les proximitats de l&#8217;embassament de la Pe\u00f1a. El seu conjunt urb\u00e0 est\u00e0 format per una s\u00e8rie de construccions que responen als models propis de la zona, destacant els perfils de l&#8217;Esgl\u00e9sia Santa Mar\u00eda.<\/p>\t\t\t\t\t\t\t\t<\/div>\n\t\t\t\t<\/div>\n\t\t\t\t<div class=\"elementor-element elementor-element-598b4cc elementor-widget elementor-widget-image\" data-id=\"598b4cc\" data-element_type=\"widget\" data-e-type=\"widget\" data-widget_type=\"image.default\">\n\t\t\t\t<div class=\"elementor-widget-container\">\n\t\t\t\t\t\t\t\t\t\t\t\t<figure class=\"wp-caption\">\n\t\t\t\t\t\t\t\t\t\t<img loading=\"lazy\" decoding=\"async\" width=\"768\" height=\"512\" src=\"https:\/\/www.elturistatranquil.com\/wp-content\/uploads\/F08-Santa-Maria-de-la-Pe\u00f1a-Huesca.jpg\" class=\"attachment-large size-large wp-image-28027\" alt=\"Santa Maria de la Pe\u00f1a Huesca\" srcset=\"https:\/\/www.elturistatranquil.com\/wp-content\/uploads\/F08-Santa-Maria-de-la-Pe\u00f1a-Huesca.jpg 768w, https:\/\/www.elturistatranquil.com\/wp-content\/uploads\/F08-Santa-Maria-de-la-Pe\u00f1a-Huesca-339x226.jpg 339w\" sizes=\"(max-width: 768px) 100vw, 768px\" \/>\t\t\t\t\t\t\t\t\t\t\t<figcaption class=\"widget-image-caption wp-caption-text\"><\/figcaption>\n\t\t\t\t\t\t\t\t\t\t<\/figure>\n\t\t\t\t\t\t\t\t\t<\/div>\n\t\t\t\t<\/div>\n\t\t\t\t<div class=\"elementor-element elementor-element-9544b0f elementor-widget elementor-widget-text-editor\" data-id=\"9544b0f\" data-element_type=\"widget\" data-e-type=\"widget\" data-widget_type=\"text-editor.default\">\n\t\t\t\t<div class=\"elementor-widget-container\">\n\t\t\t\t\t\t\t\t\t<p>A la localitat s&#8217;ubica l&#8217; <strong>edifici de l&#8217;Ajuntament<\/strong> de les Pe\u00f1as de Riglos.<\/p>\t\t\t\t\t\t\t\t<\/div>\n\t\t\t\t<\/div>\n\t\t\t\t<div class=\"elementor-element elementor-element-38e45b9 elementor-widget elementor-widget-image\" data-id=\"38e45b9\" data-element_type=\"widget\" data-e-type=\"widget\" data-widget_type=\"image.default\">\n\t\t\t\t<div class=\"elementor-widget-container\">\n\t\t\t\t\t\t\t\t\t\t\t\t<figure class=\"wp-caption\">\n\t\t\t\t\t\t\t\t\t\t<img loading=\"lazy\" decoding=\"async\" width=\"768\" height=\"512\" src=\"https:\/\/www.elturistatranquil.com\/wp-content\/uploads\/F09-Santa-Maria-de-la-Pe\u00f1a-Huesca.jpg\" class=\"attachment-large size-large wp-image-28029\" alt=\"Santa Maria de la Pe\u00f1a Huesca\" srcset=\"https:\/\/www.elturistatranquil.com\/wp-content\/uploads\/F09-Santa-Maria-de-la-Pe\u00f1a-Huesca.jpg 768w, https:\/\/www.elturistatranquil.com\/wp-content\/uploads\/F09-Santa-Maria-de-la-Pe\u00f1a-Huesca-339x226.jpg 339w\" sizes=\"(max-width: 768px) 100vw, 768px\" \/>\t\t\t\t\t\t\t\t\t\t\t<figcaption class=\"widget-image-caption wp-caption-text\"><\/figcaption>\n\t\t\t\t\t\t\t\t\t\t<\/figure>\n\t\t\t\t\t\t\t\t\t<\/div>\n\t\t\t\t<\/div>\n\t\t\t\t<div class=\"elementor-element elementor-element-24edf7b elementor-widget elementor-widget-text-editor\" data-id=\"24edf7b\" data-element_type=\"widget\" data-e-type=\"widget\" data-widget_type=\"text-editor.default\">\n\t\t\t\t<div class=\"elementor-widget-container\">\n\t\t\t\t\t\t\t\t\t<p>L&#8217;edificaci\u00f3 m\u00e9s destacada correspon a l&#8217;<strong>Esgl\u00e9sia de Santa Mar\u00eda<\/strong>, que comparteix dedicaci\u00f3 amb <strong>Sant Sebasti\u00e0<\/strong>, el que d\u00f3na lloc al fet que de vegades se l\u2019esmenti com <strong>Esgl\u00e9sia de Sant Sebasti\u00e0<\/strong>.<\/p>\t\t\t\t\t\t\t\t<\/div>\n\t\t\t\t<\/div>\n\t\t\t\t<div class=\"elementor-element elementor-element-f2cf399 elementor-widget elementor-widget-image\" data-id=\"f2cf399\" data-element_type=\"widget\" data-e-type=\"widget\" data-widget_type=\"image.default\">\n\t\t\t\t<div class=\"elementor-widget-container\">\n\t\t\t\t\t\t\t\t\t\t\t\t<figure class=\"wp-caption\">\n\t\t\t\t\t\t\t\t\t\t<img loading=\"lazy\" decoding=\"async\" width=\"768\" height=\"511\" src=\"https:\/\/www.elturistatranquil.com\/wp-content\/uploads\/F10-Santa-Maria-de-la-Pe\u00f1a-Iglesia-de-Santa-Maria-Huesca.jpg\" class=\"attachment-large size-large wp-image-28031\" alt=\"Santa Maria de la Pe\u00f1a Iglesia de Santa Maria, Huesca\" srcset=\"https:\/\/www.elturistatranquil.com\/wp-content\/uploads\/F10-Santa-Maria-de-la-Pe\u00f1a-Iglesia-de-Santa-Maria-Huesca.jpg 768w, https:\/\/www.elturistatranquil.com\/wp-content\/uploads\/F10-Santa-Maria-de-la-Pe\u00f1a-Iglesia-de-Santa-Maria-Huesca-339x226.jpg 339w\" sizes=\"(max-width: 768px) 100vw, 768px\" \/>\t\t\t\t\t\t\t\t\t\t\t<figcaption class=\"widget-image-caption wp-caption-text\"><\/figcaption>\n\t\t\t\t\t\t\t\t\t\t<\/figure>\n\t\t\t\t\t\t\t\t\t<\/div>\n\t\t\t\t<\/div>\n\t\t\t\t<div class=\"elementor-element elementor-element-7a807fc elementor-widget elementor-widget-text-editor\" data-id=\"7a807fc\" data-element_type=\"widget\" data-e-type=\"widget\" data-widget_type=\"text-editor.default\">\n\t\t\t\t<div class=\"elementor-widget-container\">\n\t\t\t\t\t\t\t\t\t<p>Amb origen rom\u00e0nic, segle XII, per\u00f2 remodelada en \u00e8poca barroca, en els segles XVII i XVIII. L&#8217;absis semicircular i la seva torre a l&#8217;exterior ens parlen del seu passat medieval, a l&#8217;igual que l&#8217;arc del portal d&#8217;entrada.<\/p>\t\t\t\t\t\t\t\t<\/div>\n\t\t\t\t<\/div>\n\t\t\t\t<section class=\"elementor-section elementor-inner-section elementor-element elementor-element-0b89bfb elementor-section-boxed elementor-section-height-default elementor-section-height-default\" data-id=\"0b89bfb\" data-element_type=\"section\" data-e-type=\"section\">\n\t\t\t\t\t\t<div class=\"elementor-container elementor-column-gap-default\">\n\t\t\t\t\t<div class=\"elementor-column elementor-col-50 elementor-inner-column elementor-element elementor-element-23284db\" data-id=\"23284db\" data-element_type=\"column\" data-e-type=\"column\">\n\t\t\t<div class=\"elementor-widget-wrap elementor-element-populated\">\n\t\t\t\t\t\t<div class=\"elementor-element elementor-element-ab9a9b6 elementor-widget elementor-widget-image\" data-id=\"ab9a9b6\" data-element_type=\"widget\" data-e-type=\"widget\" data-widget_type=\"image.default\">\n\t\t\t\t<div class=\"elementor-widget-container\">\n\t\t\t\t\t\t\t\t\t\t\t\t\t\t\t<img loading=\"lazy\" decoding=\"async\" width=\"366\" height=\"550\" src=\"https:\/\/www.elturistatranquil.com\/wp-content\/uploads\/F11m-Santa-Maria-de-la-Pe\u00f1a-Iglesia-de-Santa-Maria-Huesca.jpg\" class=\"attachment-large size-large wp-image-28033\" alt=\"Santa Maria de la Pe\u00f1a Iglesia de Santa Maria, Huesca\" srcset=\"https:\/\/www.elturistatranquil.com\/wp-content\/uploads\/F11m-Santa-Maria-de-la-Pe\u00f1a-Iglesia-de-Santa-Maria-Huesca.jpg 366w, https:\/\/www.elturistatranquil.com\/wp-content\/uploads\/F11m-Santa-Maria-de-la-Pe\u00f1a-Iglesia-de-Santa-Maria-Huesca-150x226.jpg 150w\" sizes=\"(max-width: 366px) 100vw, 366px\" \/>\t\t\t\t\t\t\t\t\t\t\t\t\t\t\t<\/div>\n\t\t\t\t<\/div>\n\t\t\t\t\t<\/div>\n\t\t<\/div>\n\t\t\t\t<div class=\"elementor-column elementor-col-50 elementor-inner-column elementor-element elementor-element-3b40362\" data-id=\"3b40362\" data-element_type=\"column\" data-e-type=\"column\">\n\t\t\t<div class=\"elementor-widget-wrap elementor-element-populated\">\n\t\t\t\t\t\t<div class=\"elementor-element elementor-element-0e28cb3 elementor-widget elementor-widget-image\" data-id=\"0e28cb3\" data-element_type=\"widget\" data-e-type=\"widget\" data-widget_type=\"image.default\">\n\t\t\t\t<div class=\"elementor-widget-container\">\n\t\t\t\t\t\t\t\t\t\t\t\t\t\t\t<img loading=\"lazy\" decoding=\"async\" width=\"366\" height=\"550\" src=\"https:\/\/www.elturistatranquil.com\/wp-content\/uploads\/F11n-Santa-Maria-de-la-Pe\u00f1a-Iglesia-de-Santa-Maria-Huesca.jpg\" class=\"attachment-large size-large wp-image-28035\" alt=\"Santa Maria de la Pe\u00f1a Iglesia de Santa Maria, Huesca\" srcset=\"https:\/\/www.elturistatranquil.com\/wp-content\/uploads\/F11n-Santa-Maria-de-la-Pe\u00f1a-Iglesia-de-Santa-Maria-Huesca.jpg 366w, https:\/\/www.elturistatranquil.com\/wp-content\/uploads\/F11n-Santa-Maria-de-la-Pe\u00f1a-Iglesia-de-Santa-Maria-Huesca-150x226.jpg 150w\" sizes=\"(max-width: 366px) 100vw, 366px\" \/>\t\t\t\t\t\t\t\t\t\t\t\t\t\t\t<\/div>\n\t\t\t\t<\/div>\n\t\t\t\t\t<\/div>\n\t\t<\/div>\n\t\t\t\t\t<\/div>\n\t\t<\/section>\n\t\t\t\t<div class=\"elementor-element elementor-element-6e29034 elementor-widget elementor-widget-image\" data-id=\"6e29034\" data-element_type=\"widget\" data-e-type=\"widget\" data-widget_type=\"image.default\">\n\t\t\t\t<div class=\"elementor-widget-container\">\n\t\t\t\t\t\t\t\t\t\t\t\t<figure class=\"wp-caption\">\n\t\t\t\t\t\t\t\t\t\t<img loading=\"lazy\" decoding=\"async\" width=\"768\" height=\"512\" src=\"https:\/\/www.elturistatranquil.com\/wp-content\/uploads\/F12-Santa-Maria-de-la-Pe\u00f1a-Iglesia-de-Santa-Maria-Huesca.jpg\" class=\"attachment-large size-large wp-image-28037\" alt=\"Santa Maria de la Pe\u00f1a Iglesia de Santa Maria, Huesca\" srcset=\"https:\/\/www.elturistatranquil.com\/wp-content\/uploads\/F12-Santa-Maria-de-la-Pe\u00f1a-Iglesia-de-Santa-Maria-Huesca.jpg 768w, https:\/\/www.elturistatranquil.com\/wp-content\/uploads\/F12-Santa-Maria-de-la-Pe\u00f1a-Iglesia-de-Santa-Maria-Huesca-339x226.jpg 339w\" sizes=\"(max-width: 768px) 100vw, 768px\" \/>\t\t\t\t\t\t\t\t\t\t\t<figcaption class=\"widget-image-caption wp-caption-text\"><\/figcaption>\n\t\t\t\t\t\t\t\t\t\t<\/figure>\n\t\t\t\t\t\t\t\t\t<\/div>\n\t\t\t\t<\/div>\n\t\t\t\t<div class=\"elementor-element elementor-element-83b76ba elementor-widget elementor-widget-text-editor\" data-id=\"83b76ba\" data-element_type=\"widget\" data-e-type=\"widget\" data-widget_type=\"text-editor.default\">\n\t\t\t\t<div class=\"elementor-widget-container\">\n\t\t\t\t\t\t\t\t\t<p>Des d&#8217;aquesta elevaci\u00f3 es disposa d&#8217;una vista sobre l&#8217;embassament.<\/p>\t\t\t\t\t\t\t\t<\/div>\n\t\t\t\t<\/div>\n\t\t\t\t<div class=\"elementor-element elementor-element-978fa74 elementor-widget elementor-widget-image\" data-id=\"978fa74\" data-element_type=\"widget\" data-e-type=\"widget\" data-widget_type=\"image.default\">\n\t\t\t\t<div class=\"elementor-widget-container\">\n\t\t\t\t\t\t\t\t\t\t\t\t<figure class=\"wp-caption\">\n\t\t\t\t\t\t\t\t\t\t<img loading=\"lazy\" decoding=\"async\" width=\"768\" height=\"512\" src=\"https:\/\/www.elturistatranquil.com\/wp-content\/uploads\/F13-Santa-Maria-de-la-Pe\u00f1a-Iglesia-de-Santa-Maria-Huesca.jpg\" class=\"attachment-large size-large wp-image-28039\" alt=\"Santa Maria de la Pe\u00f1a Iglesia de Santa Maria, Huesca\" srcset=\"https:\/\/www.elturistatranquil.com\/wp-content\/uploads\/F13-Santa-Maria-de-la-Pe\u00f1a-Iglesia-de-Santa-Maria-Huesca.jpg 768w, https:\/\/www.elturistatranquil.com\/wp-content\/uploads\/F13-Santa-Maria-de-la-Pe\u00f1a-Iglesia-de-Santa-Maria-Huesca-339x226.jpg 339w\" sizes=\"(max-width: 768px) 100vw, 768px\" \/>\t\t\t\t\t\t\t\t\t\t\t<figcaption class=\"widget-image-caption wp-caption-text\"><\/figcaption>\n\t\t\t\t\t\t\t\t\t\t<\/figure>\n\t\t\t\t\t\t\t\t\t<\/div>\n\t\t\t\t<\/div>\n\t\t\t\t<div class=\"elementor-element elementor-element-16a272a elementor-widget elementor-widget-image\" data-id=\"16a272a\" data-element_type=\"widget\" data-e-type=\"widget\" data-widget_type=\"image.default\">\n\t\t\t\t<div class=\"elementor-widget-container\">\n\t\t\t\t\t\t\t\t\t\t\t\t<figure class=\"wp-caption\">\n\t\t\t\t\t\t\t\t\t\t<img loading=\"lazy\" decoding=\"async\" width=\"768\" height=\"511\" src=\"https:\/\/www.elturistatranquil.com\/wp-content\/uploads\/F14-Embalse-de-la-Pe\u00f1a-Huesca.jpg\" class=\"attachment-large size-large wp-image-28041\" alt=\"Embalse de la Pe\u00f1a Huesca\" srcset=\"https:\/\/www.elturistatranquil.com\/wp-content\/uploads\/F14-Embalse-de-la-Pe\u00f1a-Huesca.jpg 768w, https:\/\/www.elturistatranquil.com\/wp-content\/uploads\/F14-Embalse-de-la-Pe\u00f1a-Huesca-339x226.jpg 339w\" sizes=\"(max-width: 768px) 100vw, 768px\" \/>\t\t\t\t\t\t\t\t\t\t\t<figcaption class=\"widget-image-caption wp-caption-text\"><\/figcaption>\n\t\t\t\t\t\t\t\t\t\t<\/figure>\n\t\t\t\t\t\t\t\t\t<\/div>\n\t\t\t\t<\/div>\n\t\t\t\t<div class=\"elementor-element elementor-element-3000193 elementor-widget elementor-widget-text-editor\" data-id=\"3000193\" data-element_type=\"widget\" data-e-type=\"widget\" data-widget_type=\"text-editor.default\">\n\t\t\t\t<div class=\"elementor-widget-container\">\n\t\t\t\t\t\t\t\t\t<p>No podien faltar les <strong>xemeneies troncoc\u00f2niques amb espanta bruixes<\/strong> t\u00edpiques de la zona.<\/p>\t\t\t\t\t\t\t\t<\/div>\n\t\t\t\t<\/div>\n\t\t\t\t<div class=\"elementor-element elementor-element-f8ed2ca elementor-widget elementor-widget-image\" data-id=\"f8ed2ca\" data-element_type=\"widget\" data-e-type=\"widget\" data-widget_type=\"image.default\">\n\t\t\t\t<div class=\"elementor-widget-container\">\n\t\t\t\t\t\t\t\t\t\t\t\t<figure class=\"wp-caption\">\n\t\t\t\t\t\t\t\t\t\t<img loading=\"lazy\" decoding=\"async\" width=\"768\" height=\"511\" src=\"https:\/\/www.elturistatranquil.com\/wp-content\/uploads\/F15-Santa-Maria-de-la-Pe\u00f1a-Huesca.jpg\" class=\"attachment-large size-large wp-image-28043\" alt=\"Santa Maria de la Pe\u00f1a Huesca\" srcset=\"https:\/\/www.elturistatranquil.com\/wp-content\/uploads\/F15-Santa-Maria-de-la-Pe\u00f1a-Huesca.jpg 768w, https:\/\/www.elturistatranquil.com\/wp-content\/uploads\/F15-Santa-Maria-de-la-Pe\u00f1a-Huesca-339x226.jpg 339w\" sizes=\"(max-width: 768px) 100vw, 768px\" \/>\t\t\t\t\t\t\t\t\t\t\t<figcaption class=\"widget-image-caption wp-caption-text\"><\/figcaption>\n\t\t\t\t\t\t\t\t\t\t<\/figure>\n\t\t\t\t\t\t\t\t\t<\/div>\n\t\t\t\t<\/div>\n\t\t\t\t<div class=\"elementor-element elementor-element-e78ff80 elementor-widget elementor-widget-text-editor\" data-id=\"e78ff80\" data-element_type=\"widget\" data-e-type=\"widget\" data-widget_type=\"text-editor.default\">\n\t\t\t\t<div class=\"elementor-widget-container\">\n\t\t\t\t\t\t\t\t\t<p>Als peus de la localitat, la carretera A-132, antiga N-240, que uneix Osca amb Puente la Reina de Jaca a trav\u00e9s d&#8217;Ayerbe i Murillo de G\u00e1llego, supera l&#8217;embassament de la Pe\u00f1a a trav\u00e9s d&#8217;un pont al costat de la presa cap a un sortint en forma de pen\u00ednsula, on es localitza l&#8217;Ermita de <strong>la Virgen del Puente de la Pe\u00f1a<\/strong> i altres construccions.<\/p>\t\t\t\t\t\t\t\t<\/div>\n\t\t\t\t<\/div>\n\t\t\t\t<div class=\"elementor-element elementor-element-27bb261 elementor-widget elementor-widget-image\" data-id=\"27bb261\" data-element_type=\"widget\" data-e-type=\"widget\" data-widget_type=\"image.default\">\n\t\t\t\t<div class=\"elementor-widget-container\">\n\t\t\t\t\t\t\t\t\t\t\t\t<figure class=\"wp-caption\">\n\t\t\t\t\t\t\t\t\t\t<img loading=\"lazy\" decoding=\"async\" width=\"768\" height=\"512\" src=\"https:\/\/www.elturistatranquil.com\/wp-content\/uploads\/F16-Puente-de-Santa-Maria-de-la-Pe\u00f1a-Huesca-Google-earth-2020-01-31.jpg\" class=\"attachment-large size-large wp-image-28045\" alt=\"Puente de Santa Maria de la Pe\u00f1a Huesca (Google earth 2020-01-31)\" srcset=\"https:\/\/www.elturistatranquil.com\/wp-content\/uploads\/F16-Puente-de-Santa-Maria-de-la-Pe\u00f1a-Huesca-Google-earth-2020-01-31.jpg 768w, https:\/\/www.elturistatranquil.com\/wp-content\/uploads\/F16-Puente-de-Santa-Maria-de-la-Pe\u00f1a-Huesca-Google-earth-2020-01-31-339x226.jpg 339w\" sizes=\"(max-width: 768px) 100vw, 768px\" \/>\t\t\t\t\t\t\t\t\t\t\t<figcaption class=\"widget-image-caption wp-caption-text\">Pont de Santa Mar\u00eda de la Pe\u00f1a (Google earth 2020-01-31)<\/figcaption>\n\t\t\t\t\t\t\t\t\t\t<\/figure>\n\t\t\t\t\t\t\t\t\t<\/div>\n\t\t\t\t<\/div>\n\t\t\t\t<div class=\"elementor-element elementor-element-74fca83 elementor-widget elementor-widget-image\" data-id=\"74fca83\" data-element_type=\"widget\" data-e-type=\"widget\" data-widget_type=\"image.default\">\n\t\t\t\t<div class=\"elementor-widget-container\">\n\t\t\t\t\t\t\t\t\t\t\t\t<figure class=\"wp-caption\">\n\t\t\t\t\t\t\t\t\t\t<img loading=\"lazy\" decoding=\"async\" width=\"768\" height=\"511\" src=\"https:\/\/www.elturistatranquil.com\/wp-content\/uploads\/F17-Embalse-de-la-Pe\u00f1a-Huesca.jpg\" class=\"attachment-large size-large wp-image-28047\" alt=\"Embalse de la Pe\u00f1a Huesca\" srcset=\"https:\/\/www.elturistatranquil.com\/wp-content\/uploads\/F17-Embalse-de-la-Pe\u00f1a-Huesca.jpg 768w, https:\/\/www.elturistatranquil.com\/wp-content\/uploads\/F17-Embalse-de-la-Pe\u00f1a-Huesca-339x226.jpg 339w\" sizes=\"(max-width: 768px) 100vw, 768px\" \/>\t\t\t\t\t\t\t\t\t\t\t<figcaption class=\"widget-image-caption wp-caption-text\"><\/figcaption>\n\t\t\t\t\t\t\t\t\t\t<\/figure>\n\t\t\t\t\t\t\t\t\t<\/div>\n\t\t\t\t<\/div>\n\t\t\t\t<div class=\"elementor-element elementor-element-6b3e8a1 elementor-widget elementor-widget-menu-anchor\" data-id=\"6b3e8a1\" data-element_type=\"widget\" data-e-type=\"widget\" data-widget_type=\"menu-anchor.default\">\n\t\t\t\t<div class=\"elementor-widget-container\">\n\t\t\t\t\t\t\t<div class=\"elementor-menu-anchor\" id=\"c4805\"><\/div>\n\t\t\t\t\t\t<\/div>\n\t\t\t\t<\/div>\n\t\t\t\t<div class=\"elementor-element elementor-element-931b421 elementor-widget elementor-widget-text-editor\" data-id=\"931b421\" data-element_type=\"widget\" data-e-type=\"widget\" data-widget_type=\"text-editor.default\">\n\t\t\t\t<div class=\"elementor-widget-container\">\n\t\t\t\t\t\t\t\t\t<p>La zona \u00e9s molt freq\u00fcentada pels amants de les activitats aqu\u00e0tiques que poden efectuar-se en l&#8217;embassament.<\/p>\t\t\t\t\t\t\t\t<\/div>\n\t\t\t\t<\/div>\n\t\t\t\t<div class=\"elementor-element elementor-element-4928738 elementor-widget elementor-widget-heading\" data-id=\"4928738\" data-element_type=\"widget\" data-e-type=\"widget\" data-widget_type=\"heading.default\">\n\t\t\t\t<div class=\"elementor-widget-container\">\n\t\t\t\t\t<h3 class=\"elementor-heading-title elementor-size-default\">Triste<\/h3>\t\t\t\t<\/div>\n\t\t\t\t<\/div>\n\t\t\t\t<div class=\"elementor-element elementor-element-97a87d8 elementor-widget elementor-widget-image\" data-id=\"97a87d8\" data-element_type=\"widget\" data-e-type=\"widget\" data-widget_type=\"image.default\">\n\t\t\t\t<div class=\"elementor-widget-container\">\n\t\t\t\t\t\t\t\t\t\t\t\t<figure class=\"wp-caption\">\n\t\t\t\t\t\t\t\t\t\t<img loading=\"lazy\" decoding=\"async\" width=\"768\" height=\"512\" src=\"https:\/\/www.elturistatranquil.com\/wp-content\/uploads\/F18Triste-Huesca-Google-earth-2020-01-31.jpg\" class=\"attachment-large size-large wp-image-28049\" alt=\"Triste, Huesca (Google earth 2020-01-31)\" srcset=\"https:\/\/www.elturistatranquil.com\/wp-content\/uploads\/F18Triste-Huesca-Google-earth-2020-01-31.jpg 768w, https:\/\/www.elturistatranquil.com\/wp-content\/uploads\/F18Triste-Huesca-Google-earth-2020-01-31-339x226.jpg 339w\" sizes=\"(max-width: 768px) 100vw, 768px\" \/>\t\t\t\t\t\t\t\t\t\t\t<figcaption class=\"widget-image-caption wp-caption-text\">Triste (Google earth 2020-01-31)<\/figcaption>\n\t\t\t\t\t\t\t\t\t\t<\/figure>\n\t\t\t\t\t\t\t\t\t<\/div>\n\t\t\t\t<\/div>\n\t\t\t\t<div class=\"elementor-element elementor-element-c39e348 elementor-widget elementor-widget-text-editor\" data-id=\"c39e348\" data-element_type=\"widget\" data-e-type=\"widget\" data-widget_type=\"text-editor.default\">\n\t\t\t\t<div class=\"elementor-widget-container\">\n\t\t\t\t\t\t\t\t\t<p>A 6 quil\u00f2metres, arribo a la localitat de <strong>Triste<\/strong>. Igualment integrat en el municipi de les Pe\u00f1as de Riglos, compta amb 17 habitants (2019), a una altitud de 540 msnm. Coordenades: 42\u00b023\u203212\u2033N 0\u00b043\u203206\u2033O.<\/p><p>Des de Santa Maria de la Pe\u00f1a ja es distingia la localitat de Triste.<\/p>\t\t\t\t\t\t\t\t<\/div>\n\t\t\t\t<\/div>\n\t\t\t\t<div class=\"elementor-element elementor-element-916c831 elementor-widget elementor-widget-image\" data-id=\"916c831\" data-element_type=\"widget\" data-e-type=\"widget\" data-widget_type=\"image.default\">\n\t\t\t\t<div class=\"elementor-widget-container\">\n\t\t\t\t\t\t\t\t\t\t\t\t<figure class=\"wp-caption\">\n\t\t\t\t\t\t\t\t\t\t<img loading=\"lazy\" decoding=\"async\" width=\"768\" height=\"512\" src=\"https:\/\/www.elturistatranquil.com\/wp-content\/uploads\/F19Triste.-Huesca.jpg\" class=\"attachment-large size-large wp-image-28051\" alt=\"Triste. Huesca\" srcset=\"https:\/\/www.elturistatranquil.com\/wp-content\/uploads\/F19Triste.-Huesca.jpg 768w, https:\/\/www.elturistatranquil.com\/wp-content\/uploads\/F19Triste.-Huesca-339x226.jpg 339w\" sizes=\"(max-width: 768px) 100vw, 768px\" \/>\t\t\t\t\t\t\t\t\t\t\t<figcaption class=\"widget-image-caption wp-caption-text\"><\/figcaption>\n\t\t\t\t\t\t\t\t\t\t<\/figure>\n\t\t\t\t\t\t\t\t\t<\/div>\n\t\t\t\t<\/div>\n\t\t\t\t<div class=\"elementor-element elementor-element-1eb86fd elementor-widget elementor-widget-text-editor\" data-id=\"1eb86fd\" data-element_type=\"widget\" data-e-type=\"widget\" data-widget_type=\"text-editor.default\">\n\t\t\t\t<div class=\"elementor-widget-container\">\n\t\t\t\t\t\t\t\t\t<p>Es localitza a la vora de l&#8217;embassament de la Pe\u00f1a.<\/p>\t\t\t\t\t\t\t\t<\/div>\n\t\t\t\t<\/div>\n\t\t\t\t<div class=\"elementor-element elementor-element-72ca04e elementor-widget elementor-widget-image\" data-id=\"72ca04e\" data-element_type=\"widget\" data-e-type=\"widget\" data-widget_type=\"image.default\">\n\t\t\t\t<div class=\"elementor-widget-container\">\n\t\t\t\t\t\t\t\t\t\t\t\t<figure class=\"wp-caption\">\n\t\t\t\t\t\t\t\t\t\t<img loading=\"lazy\" decoding=\"async\" width=\"768\" height=\"511\" src=\"https:\/\/www.elturistatranquil.com\/wp-content\/uploads\/F20-Triste.-Huesca.jpg\" class=\"attachment-large size-large wp-image-28070\" alt=\"Triste. Huesca\" srcset=\"https:\/\/www.elturistatranquil.com\/wp-content\/uploads\/F20-Triste.-Huesca.jpg 768w, https:\/\/www.elturistatranquil.com\/wp-content\/uploads\/F20-Triste.-Huesca-339x226.jpg 339w\" sizes=\"(max-width: 768px) 100vw, 768px\" \/>\t\t\t\t\t\t\t\t\t\t\t<figcaption class=\"widget-image-caption wp-caption-text\"><\/figcaption>\n\t\t\t\t\t\t\t\t\t\t<\/figure>\n\t\t\t\t\t\t\t\t\t<\/div>\n\t\t\t\t<\/div>\n\t\t\t\t<div class=\"elementor-element elementor-element-04cb5f4 elementor-widget elementor-widget-text-editor\" data-id=\"04cb5f4\" data-element_type=\"widget\" data-e-type=\"widget\" data-widget_type=\"text-editor.default\">\n\t\t\t\t<div class=\"elementor-widget-container\">\n\t\t\t\t\t\t\t\t\t<p>Presenta interessants mostres d&#8217;<strong>arquitectura civil popular<\/strong> dels segles XVIII-XIX.<\/p>\t\t\t\t\t\t\t\t<\/div>\n\t\t\t\t<\/div>\n\t\t\t\t<div class=\"elementor-element elementor-element-45fb007 elementor-widget elementor-widget-image\" data-id=\"45fb007\" data-element_type=\"widget\" data-e-type=\"widget\" data-widget_type=\"image.default\">\n\t\t\t\t<div class=\"elementor-widget-container\">\n\t\t\t\t\t\t\t\t\t\t\t\t<figure class=\"wp-caption\">\n\t\t\t\t\t\t\t\t\t\t<img loading=\"lazy\" decoding=\"async\" width=\"768\" height=\"511\" src=\"https:\/\/www.elturistatranquil.com\/wp-content\/uploads\/F21-Triste.-Huesca.jpg\" class=\"attachment-large size-large wp-image-28072\" alt=\"Triste. Huesca\" srcset=\"https:\/\/www.elturistatranquil.com\/wp-content\/uploads\/F21-Triste.-Huesca.jpg 768w, https:\/\/www.elturistatranquil.com\/wp-content\/uploads\/F21-Triste.-Huesca-339x226.jpg 339w\" sizes=\"(max-width: 768px) 100vw, 768px\" \/>\t\t\t\t\t\t\t\t\t\t\t<figcaption class=\"widget-image-caption wp-caption-text\"><\/figcaption>\n\t\t\t\t\t\t\t\t\t\t<\/figure>\n\t\t\t\t\t\t\t\t\t<\/div>\n\t\t\t\t<\/div>\n\t\t\t\t<div class=\"elementor-element elementor-element-65f4bdb elementor-widget elementor-widget-image\" data-id=\"65f4bdb\" data-element_type=\"widget\" data-e-type=\"widget\" data-widget_type=\"image.default\">\n\t\t\t\t<div class=\"elementor-widget-container\">\n\t\t\t\t\t\t\t\t\t\t\t\t<figure class=\"wp-caption\">\n\t\t\t\t\t\t\t\t\t\t<img loading=\"lazy\" decoding=\"async\" width=\"768\" height=\"511\" src=\"https:\/\/www.elturistatranquil.com\/wp-content\/uploads\/F22-Triste.-Huesca.jpg\" class=\"attachment-large size-large wp-image-28074\" alt=\"Triste. Huesca\" srcset=\"https:\/\/www.elturistatranquil.com\/wp-content\/uploads\/F22-Triste.-Huesca.jpg 768w, https:\/\/www.elturistatranquil.com\/wp-content\/uploads\/F22-Triste.-Huesca-339x226.jpg 339w\" sizes=\"(max-width: 768px) 100vw, 768px\" \/>\t\t\t\t\t\t\t\t\t\t\t<figcaption class=\"widget-image-caption wp-caption-text\"><\/figcaption>\n\t\t\t\t\t\t\t\t\t\t<\/figure>\n\t\t\t\t\t\t\t\t\t<\/div>\n\t\t\t\t<\/div>\n\t\t\t\t<div class=\"elementor-element elementor-element-edebf43 elementor-widget elementor-widget-image\" data-id=\"edebf43\" data-element_type=\"widget\" data-e-type=\"widget\" data-widget_type=\"image.default\">\n\t\t\t\t<div class=\"elementor-widget-container\">\n\t\t\t\t\t\t\t\t\t\t\t\t<figure class=\"wp-caption\">\n\t\t\t\t\t\t\t\t\t\t<img loading=\"lazy\" decoding=\"async\" width=\"768\" height=\"512\" src=\"https:\/\/www.elturistatranquil.com\/wp-content\/uploads\/F23-Triste.-Huesca.jpg\" class=\"attachment-large size-large wp-image-28076\" alt=\"Triste. Huesca\" srcset=\"https:\/\/www.elturistatranquil.com\/wp-content\/uploads\/F23-Triste.-Huesca.jpg 768w, https:\/\/www.elturistatranquil.com\/wp-content\/uploads\/F23-Triste.-Huesca-339x226.jpg 339w\" sizes=\"(max-width: 768px) 100vw, 768px\" \/>\t\t\t\t\t\t\t\t\t\t\t<figcaption class=\"widget-image-caption wp-caption-text\"><\/figcaption>\n\t\t\t\t\t\t\t\t\t\t<\/figure>\n\t\t\t\t\t\t\t\t\t<\/div>\n\t\t\t\t<\/div>\n\t\t\t\t<div class=\"elementor-element elementor-element-f825d1c elementor-widget elementor-widget-image\" data-id=\"f825d1c\" data-element_type=\"widget\" data-e-type=\"widget\" data-widget_type=\"image.default\">\n\t\t\t\t<div class=\"elementor-widget-container\">\n\t\t\t\t\t\t\t\t\t\t\t\t<figure class=\"wp-caption\">\n\t\t\t\t\t\t\t\t\t\t<img loading=\"lazy\" decoding=\"async\" width=\"476\" height=\"550\" src=\"https:\/\/www.elturistatranquil.com\/wp-content\/uploads\/F24-Triste.-Huesca.jpg\" class=\"attachment-large size-large wp-image-28084\" alt=\"Triste. Huesca\" srcset=\"https:\/\/www.elturistatranquil.com\/wp-content\/uploads\/F24-Triste.-Huesca.jpg 476w, https:\/\/www.elturistatranquil.com\/wp-content\/uploads\/F24-Triste.-Huesca-196x226.jpg 196w\" sizes=\"(max-width: 476px) 100vw, 476px\" \/>\t\t\t\t\t\t\t\t\t\t\t<figcaption class=\"widget-image-caption wp-caption-text\"><\/figcaption>\n\t\t\t\t\t\t\t\t\t\t<\/figure>\n\t\t\t\t\t\t\t\t\t<\/div>\n\t\t\t\t<\/div>\n\t\t\t\t<div class=\"elementor-element elementor-element-cd118df elementor-widget elementor-widget-image\" data-id=\"cd118df\" data-element_type=\"widget\" data-e-type=\"widget\" data-widget_type=\"image.default\">\n\t\t\t\t<div class=\"elementor-widget-container\">\n\t\t\t\t\t\t\t\t\t\t\t\t<figure class=\"wp-caption\">\n\t\t\t\t\t\t\t\t\t\t<img loading=\"lazy\" decoding=\"async\" width=\"768\" height=\"511\" src=\"https:\/\/www.elturistatranquil.com\/wp-content\/uploads\/F25-Triste.-Huesca.jpg\" class=\"attachment-large size-large wp-image-28086\" alt=\"Triste. Huesca\" srcset=\"https:\/\/www.elturistatranquil.com\/wp-content\/uploads\/F25-Triste.-Huesca.jpg 768w, https:\/\/www.elturistatranquil.com\/wp-content\/uploads\/F25-Triste.-Huesca-339x226.jpg 339w\" sizes=\"(max-width: 768px) 100vw, 768px\" \/>\t\t\t\t\t\t\t\t\t\t\t<figcaption class=\"widget-image-caption wp-caption-text\"><\/figcaption>\n\t\t\t\t\t\t\t\t\t\t<\/figure>\n\t\t\t\t\t\t\t\t\t<\/div>\n\t\t\t\t<\/div>\n\t\t\t\t<div class=\"elementor-element elementor-element-37b365e elementor-widget elementor-widget-text-editor\" data-id=\"37b365e\" data-element_type=\"widget\" data-e-type=\"widget\" data-widget_type=\"text-editor.default\">\n\t\t\t\t<div class=\"elementor-widget-container\">\n\t\t\t\t\t\t\t\t\t<p>I, com no, \u00e9s diversa la pres\u00e8ncia de <strong>xemeneies troncoc\u00f2niques amb espanta bruixes<\/strong> en el seu zenit.<\/p>\t\t\t\t\t\t\t\t<\/div>\n\t\t\t\t<\/div>\n\t\t\t\t<div class=\"elementor-element elementor-element-6aed9bc elementor-widget elementor-widget-image\" data-id=\"6aed9bc\" data-element_type=\"widget\" data-e-type=\"widget\" data-widget_type=\"image.default\">\n\t\t\t\t<div class=\"elementor-widget-container\">\n\t\t\t\t\t\t\t\t\t\t\t\t<figure class=\"wp-caption\">\n\t\t\t\t\t\t\t\t\t\t<img loading=\"lazy\" decoding=\"async\" width=\"768\" height=\"511\" src=\"https:\/\/www.elturistatranquil.com\/wp-content\/uploads\/F26-Triste.-Huesca.jpg\" class=\"attachment-large size-large wp-image-28088\" alt=\"Triste. Huesca\" srcset=\"https:\/\/www.elturistatranquil.com\/wp-content\/uploads\/F26-Triste.-Huesca.jpg 768w, https:\/\/www.elturistatranquil.com\/wp-content\/uploads\/F26-Triste.-Huesca-339x226.jpg 339w\" sizes=\"(max-width: 768px) 100vw, 768px\" \/>\t\t\t\t\t\t\t\t\t\t\t<figcaption class=\"widget-image-caption wp-caption-text\"><\/figcaption>\n\t\t\t\t\t\t\t\t\t\t<\/figure>\n\t\t\t\t\t\t\t\t\t<\/div>\n\t\t\t\t<\/div>\n\t\t\t\t<div class=\"elementor-element elementor-element-c5bc73f elementor-widget elementor-widget-image\" data-id=\"c5bc73f\" data-element_type=\"widget\" data-e-type=\"widget\" data-widget_type=\"image.default\">\n\t\t\t\t<div class=\"elementor-widget-container\">\n\t\t\t\t\t\t\t\t\t\t\t\t<figure class=\"wp-caption\">\n\t\t\t\t\t\t\t\t\t\t<img loading=\"lazy\" decoding=\"async\" width=\"768\" height=\"511\" src=\"https:\/\/www.elturistatranquil.com\/wp-content\/uploads\/F27-Triste.-Huesca.jpg\" class=\"attachment-large size-large wp-image-28090\" alt=\"Triste. Huesca\" srcset=\"https:\/\/www.elturistatranquil.com\/wp-content\/uploads\/F27-Triste.-Huesca.jpg 768w, https:\/\/www.elturistatranquil.com\/wp-content\/uploads\/F27-Triste.-Huesca-339x226.jpg 339w\" sizes=\"(max-width: 768px) 100vw, 768px\" \/>\t\t\t\t\t\t\t\t\t\t\t<figcaption class=\"widget-image-caption wp-caption-text\"><\/figcaption>\n\t\t\t\t\t\t\t\t\t\t<\/figure>\n\t\t\t\t\t\t\t\t\t<\/div>\n\t\t\t\t<\/div>\n\t\t\t\t<div class=\"elementor-element elementor-element-83a0223 elementor-widget elementor-widget-text-editor\" data-id=\"83a0223\" data-element_type=\"widget\" data-e-type=\"widget\" data-widget_type=\"text-editor.default\">\n\t\t\t\t<div class=\"elementor-widget-container\">\n\t\t\t\t\t\t\t\t\t<p>\u00c9s d&#8217;agrair l&#8217;inter\u00e8s etnogr\u00e0fic que es troba en molts pobles de la zona (per exemple, a <a href=\"https:\/\/www.elturistatranquil.com\/murillo-de-gallego,-aguero-y-riglos\/#c4405\" target=\"_blank\" rel=\"noopener\">Ag\u00fcero<\/a>) per exposar <strong>eines i utillatge de conreu<\/strong> a la vista del passejant.<\/p>\t\t\t\t\t\t\t\t<\/div>\n\t\t\t\t<\/div>\n\t\t\t\t<div class=\"elementor-element elementor-element-fe80730 elementor-widget elementor-widget-image\" data-id=\"fe80730\" data-element_type=\"widget\" data-e-type=\"widget\" data-widget_type=\"image.default\">\n\t\t\t\t<div class=\"elementor-widget-container\">\n\t\t\t\t\t\t\t\t\t\t\t\t<figure class=\"wp-caption\">\n\t\t\t\t\t\t\t\t\t\t<img loading=\"lazy\" decoding=\"async\" width=\"768\" height=\"511\" src=\"https:\/\/www.elturistatranquil.com\/wp-content\/uploads\/F28-Triste.-Huesca.jpg\" class=\"attachment-large size-large wp-image-28092\" alt=\"Triste. Huesca\" srcset=\"https:\/\/www.elturistatranquil.com\/wp-content\/uploads\/F28-Triste.-Huesca.jpg 768w, https:\/\/www.elturistatranquil.com\/wp-content\/uploads\/F28-Triste.-Huesca-339x226.jpg 339w\" sizes=\"(max-width: 768px) 100vw, 768px\" \/>\t\t\t\t\t\t\t\t\t\t\t<figcaption class=\"widget-image-caption wp-caption-text\"><\/figcaption>\n\t\t\t\t\t\t\t\t\t\t<\/figure>\n\t\t\t\t\t\t\t\t\t<\/div>\n\t\t\t\t<\/div>\n\t\t\t\t<div class=\"elementor-element elementor-element-efbc4a3 elementor-widget elementor-widget-text-editor\" data-id=\"efbc4a3\" data-element_type=\"widget\" data-e-type=\"widget\" data-widget_type=\"text-editor.default\">\n\t\t\t\t<div class=\"elementor-widget-container\">\n\t\t\t\t\t\t\t\t\t<p>L&#8217;<strong>Esgl\u00e9sia parroquial de Santa Mar\u00eda<\/strong> va ser aixecada al segle XII. Per\u00f2 es pensa que el seu origen va poder ser anterior, amb base visigoda o moss\u00e0rab.<\/p><p>Actualment est\u00e0 completament reconstru\u00efda i catalogada com a <em>B\u00e9 d&#8217;Inter\u00e8s Cultural<\/em>.<\/p><p>Consta d&#8217;una torre-esgl\u00e9sia de la qual no est\u00e0 molt clara la seva cronologia, per\u00f2 en documents del segle X ja apareix citada.<\/p>\t\t\t\t\t\t\t\t<\/div>\n\t\t\t\t<\/div>\n\t\t\t\t<div class=\"elementor-element elementor-element-133e584 elementor-widget elementor-widget-image\" data-id=\"133e584\" data-element_type=\"widget\" data-e-type=\"widget\" data-widget_type=\"image.default\">\n\t\t\t\t<div class=\"elementor-widget-container\">\n\t\t\t\t\t\t\t\t\t\t\t\t<figure class=\"wp-caption\">\n\t\t\t\t\t\t\t\t\t\t<img loading=\"lazy\" decoding=\"async\" width=\"768\" height=\"511\" src=\"https:\/\/www.elturistatranquil.com\/wp-content\/uploads\/F29-Iglesia-de-Santa-MariaTriste.-Huesca.jpg\" class=\"attachment-large size-large wp-image-28094\" alt=\"Iglesia de Santa Maria,Triste. Huesca\" srcset=\"https:\/\/www.elturistatranquil.com\/wp-content\/uploads\/F29-Iglesia-de-Santa-MariaTriste.-Huesca.jpg 768w, https:\/\/www.elturistatranquil.com\/wp-content\/uploads\/F29-Iglesia-de-Santa-MariaTriste.-Huesca-339x226.jpg 339w\" sizes=\"(max-width: 768px) 100vw, 768px\" \/>\t\t\t\t\t\t\t\t\t\t\t<figcaption class=\"widget-image-caption wp-caption-text\"><\/figcaption>\n\t\t\t\t\t\t\t\t\t\t<\/figure>\n\t\t\t\t\t\t\t\t\t<\/div>\n\t\t\t\t<\/div>\n\t\t\t\t<div class=\"elementor-element elementor-element-68db0d4 elementor-widget elementor-widget-image\" data-id=\"68db0d4\" data-element_type=\"widget\" data-e-type=\"widget\" data-widget_type=\"image.default\">\n\t\t\t\t<div class=\"elementor-widget-container\">\n\t\t\t\t\t\t\t\t\t\t\t\t<figure class=\"wp-caption\">\n\t\t\t\t\t\t\t\t\t\t<img loading=\"lazy\" decoding=\"async\" width=\"768\" height=\"511\" src=\"https:\/\/www.elturistatranquil.com\/wp-content\/uploads\/F30-Iglesia-de-Santa-MariaTriste.-Huesca.jpg\" class=\"attachment-large size-large wp-image-28096\" alt=\"Iglesia de Santa Maria,Triste. Huesca\" srcset=\"https:\/\/www.elturistatranquil.com\/wp-content\/uploads\/F30-Iglesia-de-Santa-MariaTriste.-Huesca.jpg 768w, https:\/\/www.elturistatranquil.com\/wp-content\/uploads\/F30-Iglesia-de-Santa-MariaTriste.-Huesca-339x226.jpg 339w\" sizes=\"(max-width: 768px) 100vw, 768px\" \/>\t\t\t\t\t\t\t\t\t\t\t<figcaption class=\"widget-image-caption wp-caption-text\"><\/figcaption>\n\t\t\t\t\t\t\t\t\t\t<\/figure>\n\t\t\t\t\t\t\t\t\t<\/div>\n\t\t\t\t<\/div>\n\t\t\t\t<div class=\"elementor-element elementor-element-6bfdaee elementor-widget elementor-widget-image\" data-id=\"6bfdaee\" data-element_type=\"widget\" data-e-type=\"widget\" data-widget_type=\"image.default\">\n\t\t\t\t<div class=\"elementor-widget-container\">\n\t\t\t\t\t\t\t\t\t\t\t\t<figure class=\"wp-caption\">\n\t\t\t\t\t\t\t\t\t\t<img loading=\"lazy\" decoding=\"async\" width=\"768\" height=\"511\" src=\"https:\/\/www.elturistatranquil.com\/wp-content\/uploads\/F31-Iglesia-de-Santa-MariaTriste.-Huesca.jpg\" class=\"attachment-large size-large wp-image-28098\" alt=\"Iglesia de Santa Maria,Triste. Huesca\" srcset=\"https:\/\/www.elturistatranquil.com\/wp-content\/uploads\/F31-Iglesia-de-Santa-MariaTriste.-Huesca.jpg 768w, https:\/\/www.elturistatranquil.com\/wp-content\/uploads\/F31-Iglesia-de-Santa-MariaTriste.-Huesca-339x226.jpg 339w\" sizes=\"(max-width: 768px) 100vw, 768px\" \/>\t\t\t\t\t\t\t\t\t\t\t<figcaption class=\"widget-image-caption wp-caption-text\"><\/figcaption>\n\t\t\t\t\t\t\t\t\t\t<\/figure>\n\t\t\t\t\t\t\t\t\t<\/div>\n\t\t\t\t<\/div>\n\t\t\t\t<div class=\"elementor-element elementor-element-06e830c elementor-widget elementor-widget-text-editor\" data-id=\"06e830c\" data-element_type=\"widget\" data-e-type=\"widget\" data-widget_type=\"text-editor.default\">\n\t\t\t\t<div class=\"elementor-widget-container\">\n\t\t\t\t\t\t\t\t\t<p>Els absis rectes, com el d&#8217;aquesta Esgl\u00e9sia, eren propis de temples pre-rom\u00e0nics.<\/p>\t\t\t\t\t\t\t\t<\/div>\n\t\t\t\t<\/div>\n\t\t\t\t<div class=\"elementor-element elementor-element-2869d83 elementor-widget elementor-widget-image\" data-id=\"2869d83\" data-element_type=\"widget\" data-e-type=\"widget\" data-widget_type=\"image.default\">\n\t\t\t\t<div class=\"elementor-widget-container\">\n\t\t\t\t\t\t\t\t\t\t\t\t<figure class=\"wp-caption\">\n\t\t\t\t\t\t\t\t\t\t<img loading=\"lazy\" decoding=\"async\" width=\"768\" height=\"511\" src=\"https:\/\/www.elturistatranquil.com\/wp-content\/uploads\/F32-Iglesia-de-Santa-MariaTriste.-Huesca.jpg\" class=\"attachment-large size-large wp-image-28100\" alt=\"Iglesia de Santa Maria,Triste. Huesca\" srcset=\"https:\/\/www.elturistatranquil.com\/wp-content\/uploads\/F32-Iglesia-de-Santa-MariaTriste.-Huesca.jpg 768w, https:\/\/www.elturistatranquil.com\/wp-content\/uploads\/F32-Iglesia-de-Santa-MariaTriste.-Huesca-339x226.jpg 339w\" sizes=\"(max-width: 768px) 100vw, 768px\" \/>\t\t\t\t\t\t\t\t\t\t\t<figcaption class=\"widget-image-caption wp-caption-text\"><\/figcaption>\n\t\t\t\t\t\t\t\t\t\t<\/figure>\n\t\t\t\t\t\t\t\t\t<\/div>\n\t\t\t\t<\/div>\n\t\t\t\t<div class=\"elementor-element elementor-element-151c780 elementor-widget elementor-widget-text-editor\" data-id=\"151c780\" data-element_type=\"widget\" data-e-type=\"widget\" data-widget_type=\"text-editor.default\">\n\t\t\t\t<div class=\"elementor-widget-container\">\n\t\t\t\t\t\t\t\t\t<p>El crism\u00f3 sobre la portada d&#8217;entada sembla que havia de procedir d&#8217;un altre empla\u00e7ament.<\/p>\t\t\t\t\t\t\t\t<\/div>\n\t\t\t\t<\/div>\n\t\t\t\t<div class=\"elementor-element elementor-element-ea07f95 elementor-widget elementor-widget-image\" data-id=\"ea07f95\" data-element_type=\"widget\" data-e-type=\"widget\" data-widget_type=\"image.default\">\n\t\t\t\t<div class=\"elementor-widget-container\">\n\t\t\t\t\t\t\t\t\t\t\t\t<figure class=\"wp-caption\">\n\t\t\t\t\t\t\t\t\t\t<img loading=\"lazy\" decoding=\"async\" width=\"768\" height=\"511\" src=\"https:\/\/www.elturistatranquil.com\/wp-content\/uploads\/F33-Iglesia-de-Santa-MariaTriste.-Huesca.jpg\" class=\"attachment-large size-large wp-image-28102\" alt=\"Iglesia de Santa Maria,Triste. Huesca\" srcset=\"https:\/\/www.elturistatranquil.com\/wp-content\/uploads\/F33-Iglesia-de-Santa-MariaTriste.-Huesca.jpg 768w, https:\/\/www.elturistatranquil.com\/wp-content\/uploads\/F33-Iglesia-de-Santa-MariaTriste.-Huesca-339x226.jpg 339w\" sizes=\"(max-width: 768px) 100vw, 768px\" \/>\t\t\t\t\t\t\t\t\t\t\t<figcaption class=\"widget-image-caption wp-caption-text\"><\/figcaption>\n\t\t\t\t\t\t\t\t\t\t<\/figure>\n\t\t\t\t\t\t\t\t\t<\/div>\n\t\t\t\t<\/div>\n\t\t\t\t<div class=\"elementor-element elementor-element-bad4077 elementor-widget elementor-widget-menu-anchor\" data-id=\"bad4077\" data-element_type=\"widget\" data-e-type=\"widget\" data-widget_type=\"menu-anchor.default\">\n\t\t\t\t<div class=\"elementor-widget-container\">\n\t\t\t\t\t\t\t<div class=\"elementor-menu-anchor\" id=\"c4806\"><\/div>\n\t\t\t\t\t\t<\/div>\n\t\t\t\t<\/div>\n\t\t\t\t<div class=\"elementor-element elementor-element-a690e58 elementor-widget elementor-widget-text-editor\" data-id=\"a690e58\" data-element_type=\"widget\" data-e-type=\"widget\" data-widget_type=\"text-editor.default\">\n\t\t\t\t<div class=\"elementor-widget-container\">\n\t\t\t\t\t\t\t\t\t<p>Triste \u00e9s conegut per preservar una llarga tradici\u00f3 de producci\u00f3 t\u00e8xtil artesanal, on s&#8217;inclou la tasca del tint tradicional, atresorant tot aix\u00f2 un important valor etnogr\u00e0fic. Es conserven antics telers de tir que es troben en \u00fas al <strong>Taller T\u00e8xtil de Triste<\/strong>, gr\u00e0cies a la tasca d&#8217;una fam\u00edlia assentada a la zona.<\/p><p>Triste disposava del <strong>pont rom\u00e0 de Cacaviello<\/strong> o <strong>de la Gorgocha<\/strong>, de tres arcs reconstru\u00eft al segle XI. Ara es troba sota les aig\u00fces de l&#8217;embassament, sortint a la llum quan el nivell descendeix podent contemplar-se el seu arc central.<\/p>\t\t\t\t\t\t\t\t<\/div>\n\t\t\t\t<\/div>\n\t\t\t\t<div class=\"elementor-element elementor-element-a062677 elementor-widget elementor-widget-heading\" data-id=\"a062677\" data-element_type=\"widget\" data-e-type=\"widget\" data-widget_type=\"heading.default\">\n\t\t\t\t<div class=\"elementor-widget-container\">\n\t\t\t\t\t<h3 class=\"elementor-heading-title elementor-size-default\">La Pe\u00f1a Estaci\u00f3n<\/h3>\t\t\t\t<\/div>\n\t\t\t\t<\/div>\n\t\t\t\t<div class=\"elementor-element elementor-element-6ad05ab elementor-widget elementor-widget-image\" data-id=\"6ad05ab\" data-element_type=\"widget\" data-e-type=\"widget\" data-widget_type=\"image.default\">\n\t\t\t\t<div class=\"elementor-widget-container\">\n\t\t\t\t\t\t\t\t\t\t\t\t<figure class=\"wp-caption\">\n\t\t\t\t\t\t\t\t\t\t<img loading=\"lazy\" decoding=\"async\" width=\"768\" height=\"512\" src=\"https:\/\/www.elturistatranquil.com\/wp-content\/uploads\/F34-La-Pe\u00f1a-Estaci\u00f3n-Google-earth-2020-01-31.jpg\" class=\"attachment-large size-large wp-image-28104\" alt=\"La Pe\u00f1a Estaci\u00f3n (Google earth 2020-01-31)\" srcset=\"https:\/\/www.elturistatranquil.com\/wp-content\/uploads\/F34-La-Pe\u00f1a-Estaci\u00f3n-Google-earth-2020-01-31.jpg 768w, https:\/\/www.elturistatranquil.com\/wp-content\/uploads\/F34-La-Pe\u00f1a-Estaci\u00f3n-Google-earth-2020-01-31-339x226.jpg 339w\" sizes=\"(max-width: 768px) 100vw, 768px\" \/>\t\t\t\t\t\t\t\t\t\t\t<figcaption class=\"widget-image-caption wp-caption-text\">La Pe\u00f1a Estaci\u00f3n (Google earth 2020-01-31)<\/figcaption>\n\t\t\t\t\t\t\t\t\t\t<\/figure>\n\t\t\t\t\t\t\t\t\t<\/div>\n\t\t\t\t<\/div>\n\t\t\t\t<div class=\"elementor-element elementor-element-fe50e58 elementor-widget elementor-widget-text-editor\" data-id=\"fe50e58\" data-element_type=\"widget\" data-e-type=\"widget\" data-widget_type=\"text-editor.default\">\n\t\t\t\t<div class=\"elementor-widget-container\">\n\t\t\t\t\t\t\t\t\t<p>Em venia de gust entrar en contacte amb una de les estacions del ferrocarril entre Saragossa i Canfranc. La primera que quedava de pas era l&#8217;<strong>estaci\u00f3 de Santa Maria y la Pe\u00f1a<\/strong>, a la localitat de <strong>La Pe\u00f1a Estaci\u00f3n<\/strong>, a 2,5 quil\u00f2metres de Triste.<\/p><p>La poblaci\u00f3 de <strong>La Pe\u00f1a Estaci\u00f3<\/strong> (o simplement <strong>La Pe\u00f1a<\/strong>) pertany al municipi de Las Pe\u00f1as de Riglos i a una altitud de 560 msnm. Amb 38 habitants (2019). Coordenades: 42\u00b022\u203249\u2033N 0\u00b041\u203245\u2033O.<\/p>\t\t\t\t\t\t\t\t<\/div>\n\t\t\t\t<\/div>\n\t\t\t\t<div class=\"elementor-element elementor-element-25d3c46 elementor-widget elementor-widget-image\" data-id=\"25d3c46\" data-element_type=\"widget\" data-e-type=\"widget\" data-widget_type=\"image.default\">\n\t\t\t\t<div class=\"elementor-widget-container\">\n\t\t\t\t\t\t\t\t\t\t\t\t<figure class=\"wp-caption\">\n\t\t\t\t\t\t\t\t\t\t<img loading=\"lazy\" decoding=\"async\" width=\"768\" height=\"512\" src=\"https:\/\/www.elturistatranquil.com\/wp-content\/uploads\/F35-Estacion-La-Pe\u00f1a-Estacion.jpg\" class=\"attachment-large size-large wp-image-28106\" alt=\"Estacion, La Pe\u00f1a Estacion\" srcset=\"https:\/\/www.elturistatranquil.com\/wp-content\/uploads\/F35-Estacion-La-Pe\u00f1a-Estacion.jpg 768w, https:\/\/www.elturistatranquil.com\/wp-content\/uploads\/F35-Estacion-La-Pe\u00f1a-Estacion-339x226.jpg 339w\" sizes=\"(max-width: 768px) 100vw, 768px\" \/>\t\t\t\t\t\t\t\t\t\t\t<figcaption class=\"widget-image-caption wp-caption-text\"><\/figcaption>\n\t\t\t\t\t\t\t\t\t\t<\/figure>\n\t\t\t\t\t\t\t\t\t<\/div>\n\t\t\t\t<\/div>\n\t\t\t\t<div class=\"elementor-element elementor-element-772a009 elementor-widget elementor-widget-image\" data-id=\"772a009\" data-element_type=\"widget\" data-e-type=\"widget\" data-widget_type=\"image.default\">\n\t\t\t\t<div class=\"elementor-widget-container\">\n\t\t\t\t\t\t\t\t\t\t\t\t<figure class=\"wp-caption\">\n\t\t\t\t\t\t\t\t\t\t<img loading=\"lazy\" decoding=\"async\" width=\"768\" height=\"512\" src=\"https:\/\/www.elturistatranquil.com\/wp-content\/uploads\/F36-Estacion-La-Pe\u00f1a-Estacion.jpg\" class=\"attachment-large size-large wp-image-28108\" alt=\"Estacion, La Pe\u00f1a Estacion\" srcset=\"https:\/\/www.elturistatranquil.com\/wp-content\/uploads\/F36-Estacion-La-Pe\u00f1a-Estacion.jpg 768w, https:\/\/www.elturistatranquil.com\/wp-content\/uploads\/F36-Estacion-La-Pe\u00f1a-Estacion-339x226.jpg 339w\" sizes=\"(max-width: 768px) 100vw, 768px\" \/>\t\t\t\t\t\t\t\t\t\t\t<figcaption class=\"widget-image-caption wp-caption-text\"><\/figcaption>\n\t\t\t\t\t\t\t\t\t\t<\/figure>\n\t\t\t\t\t\t\t\t\t<\/div>\n\t\t\t\t<\/div>\n\t\t\t\t<div class=\"elementor-element elementor-element-96edf28 elementor-widget elementor-widget-menu-anchor\" data-id=\"96edf28\" data-element_type=\"widget\" data-e-type=\"widget\" data-widget_type=\"menu-anchor.default\">\n\t\t\t\t<div class=\"elementor-widget-container\">\n\t\t\t\t\t\t\t<div class=\"elementor-menu-anchor\" id=\"c4807\"><\/div>\n\t\t\t\t\t\t<\/div>\n\t\t\t\t<\/div>\n\t\t\t\t<div class=\"elementor-element elementor-element-90be2c8 elementor-widget elementor-widget-text-editor\" data-id=\"90be2c8\" data-element_type=\"widget\" data-e-type=\"widget\" data-widget_type=\"text-editor.default\">\n\t\t\t\t<div class=\"elementor-widget-container\">\n\t\t\t\t\t\t\t\t\t<p>El poble de La Pe\u00f1a Estaci\u00f3n \u00e9s un assentament de nova planta que va ser aixecat per enginyers ferroviaris a la fi de segle XIX<\/p><p>El nucli es va denominar indistintament <strong>barri de la Estaci\u00f3n<\/strong> i <strong>barri del Carburo<\/strong>, a causa de que va cr\u00e9ixer al voltant de l&#8217;estaci\u00f3 ferrovi\u00e0ria y a que la seva principal font de riquesa la va constituir la f\u00e0brica de carbur de El\u00e9ctricas Reunidas de Saragossa, que va cessar la seva activitat en els anys 60 . Actualment continua la seva activitat la factoria de la fusta EIFORSA instal\u00b7lada a la localitat en 1946.<\/p><p>En si mateix, el poble no ofereix cap atractiu.<\/p>\t\t\t\t\t\t\t\t<\/div>\n\t\t\t\t<\/div>\n\t\t\t\t<div class=\"elementor-element elementor-element-b2aa44a elementor-widget elementor-widget-heading\" data-id=\"b2aa44a\" data-element_type=\"widget\" data-e-type=\"widget\" data-widget_type=\"heading.default\">\n\t\t\t\t<div class=\"elementor-widget-container\">\n\t\t\t\t\t<h3 class=\"elementor-heading-title elementor-size-default\">Anz\u00e1nigo<\/h3>\t\t\t\t<\/div>\n\t\t\t\t<\/div>\n\t\t\t\t<div class=\"elementor-element elementor-element-8b973c8 elementor-widget elementor-widget-image\" data-id=\"8b973c8\" data-element_type=\"widget\" data-e-type=\"widget\" data-widget_type=\"image.default\">\n\t\t\t\t<div class=\"elementor-widget-container\">\n\t\t\t\t\t\t\t\t\t\t\t\t<figure class=\"wp-caption\">\n\t\t\t\t\t\t\t\t\t\t<img loading=\"lazy\" decoding=\"async\" width=\"768\" height=\"512\" src=\"https:\/\/www.elturistatranquil.com\/wp-content\/uploads\/F37-Anzanigo-Huesca-Google-earth-2020-01-31.jpg\" class=\"attachment-large size-large wp-image-28110\" alt=\"Anzanigo Huesca (Google earth 2020-01-31)\" srcset=\"https:\/\/www.elturistatranquil.com\/wp-content\/uploads\/F37-Anzanigo-Huesca-Google-earth-2020-01-31.jpg 768w, https:\/\/www.elturistatranquil.com\/wp-content\/uploads\/F37-Anzanigo-Huesca-Google-earth-2020-01-31-339x226.jpg 339w\" sizes=\"(max-width: 768px) 100vw, 768px\" \/>\t\t\t\t\t\t\t\t\t\t\t<figcaption class=\"widget-image-caption wp-caption-text\">Anz\u00e1nigo (Google earth 2020-01-31)<\/figcaption>\n\t\t\t\t\t\t\t\t\t\t<\/figure>\n\t\t\t\t\t\t\t\t\t<\/div>\n\t\t\t\t<\/div>\n\t\t\t\t<div class=\"elementor-element elementor-element-89cfae5 elementor-widget elementor-widget-text-editor\" data-id=\"89cfae5\" data-element_type=\"widget\" data-e-type=\"widget\" data-widget_type=\"text-editor.default\">\n\t\t\t\t<div class=\"elementor-widget-container\">\n\t\t\t\t\t\t\t\t\t<p>Continuant 7 quil\u00f2metres m\u00e9s en direcci\u00f3 cap a l&#8217;est, s&#8217;entra a la comarca del Alt G\u00e1llego, i em dirigeixo a <strong>Anz\u00e1nigo<\/strong>, que pertany al municipi de Caldearenas. La localitat tenia 29 habitants en 2019. Coordenades: 42\u00b024\u203208\u2033N 0\u00b039\u203200\u2033O.<\/p><p>Situat al marge esquerre del riu G\u00e1llego, a una altitud de 560 msnm.<\/p><p>Els tra\u00e7ats de la carretera i del ferrocarril segueixen el cam\u00ed obert pel G\u00e1llego al Prepirineu aragon\u00e8s fins Sabi\u00f1anigo.<\/p><p>Com el cam\u00ed hist\u00f2ric, ara carretera, segueix pel costat dret, per accedir a la localitat va haver de construir-se un pont, que es conserva en perfecte estat i mant\u00e9 el seu \u00fas.<\/p><p>El <strong>pont medieval<\/strong> \u00e9s un element de gran inter\u00e8s. Correspon a una construcci\u00f3 del segle XIII, considerat un dels m\u00e9s emblem\u00e0tics de l&#8217;\u00e0rea occidental aragonesa per la seva esvelta tra\u00e7a arquitect\u00f2nica.<\/p><p>De 102 metres de longitud. Presenta 5 ulls de mig punt de desigual llum, sent el central el de majors dimensions. Tots recolzats en pilars amb tallamars triangulars aig\u00fces amunt.<\/p>\t\t\t\t\t\t\t\t<\/div>\n\t\t\t\t<\/div>\n\t\t\t\t<div class=\"elementor-element elementor-element-1c8907b elementor-widget elementor-widget-image\" data-id=\"1c8907b\" data-element_type=\"widget\" data-e-type=\"widget\" data-widget_type=\"image.default\">\n\t\t\t\t<div class=\"elementor-widget-container\">\n\t\t\t\t\t\t\t\t\t\t\t\t<figure class=\"wp-caption\">\n\t\t\t\t\t\t\t\t\t\t<img loading=\"lazy\" decoding=\"async\" width=\"768\" height=\"511\" src=\"https:\/\/www.elturistatranquil.com\/wp-content\/uploads\/F38-Puente-Anzanigo-Huesca.jpg\" class=\"attachment-large size-large wp-image-28112\" alt=\"Puente, Anzanigo, Huesca\" srcset=\"https:\/\/www.elturistatranquil.com\/wp-content\/uploads\/F38-Puente-Anzanigo-Huesca.jpg 768w, https:\/\/www.elturistatranquil.com\/wp-content\/uploads\/F38-Puente-Anzanigo-Huesca-339x226.jpg 339w\" sizes=\"(max-width: 768px) 100vw, 768px\" \/>\t\t\t\t\t\t\t\t\t\t\t<figcaption class=\"widget-image-caption wp-caption-text\"><\/figcaption>\n\t\t\t\t\t\t\t\t\t\t<\/figure>\n\t\t\t\t\t\t\t\t\t<\/div>\n\t\t\t\t<\/div>\n\t\t\t\t<div class=\"elementor-element elementor-element-7e6e03f elementor-widget elementor-widget-text-editor\" data-id=\"7e6e03f\" data-element_type=\"widget\" data-e-type=\"widget\" data-widget_type=\"text-editor.default\">\n\t\t\t\t<div class=\"elementor-widget-container\">\n\t\t\t\t\t\t\t\t\t<p>En origen tenia forma d\u2019esquena d&#8217;ase, i amb el temps es van anar elevant els extrems fins a la forma aplanada actual. A la fotografia s&#8217;observa clarament el pendent del primer pont i l&#8217;elevaci\u00f3 posterior fins al nivell actual.<\/p>\t\t\t\t\t\t\t\t<\/div>\n\t\t\t\t<\/div>\n\t\t\t\t<div class=\"elementor-element elementor-element-8d263c6 elementor-widget elementor-widget-image\" data-id=\"8d263c6\" data-element_type=\"widget\" data-e-type=\"widget\" data-widget_type=\"image.default\">\n\t\t\t\t<div class=\"elementor-widget-container\">\n\t\t\t\t\t\t\t\t\t\t\t\t<figure class=\"wp-caption\">\n\t\t\t\t\t\t\t\t\t\t<img loading=\"lazy\" decoding=\"async\" width=\"768\" height=\"511\" src=\"https:\/\/www.elturistatranquil.com\/wp-content\/uploads\/F39-Puente-Anzanigo-Huesca.jpg\" class=\"attachment-large size-large wp-image-28114\" alt=\"Puente, Anzanigo, Huesca\" srcset=\"https:\/\/www.elturistatranquil.com\/wp-content\/uploads\/F39-Puente-Anzanigo-Huesca.jpg 768w, https:\/\/www.elturistatranquil.com\/wp-content\/uploads\/F39-Puente-Anzanigo-Huesca-339x226.jpg 339w\" sizes=\"(max-width: 768px) 100vw, 768px\" \/>\t\t\t\t\t\t\t\t\t\t\t<figcaption class=\"widget-image-caption wp-caption-text\"><\/figcaption>\n\t\t\t\t\t\t\t\t\t\t<\/figure>\n\t\t\t\t\t\t\t\t\t<\/div>\n\t\t\t\t<\/div>\n\t\t\t\t<div class=\"elementor-element elementor-element-7386b37 elementor-widget elementor-widget-text-editor\" data-id=\"7386b37\" data-element_type=\"widget\" data-e-type=\"widget\" data-widget_type=\"text-editor.default\">\n\t\t\t\t<div class=\"elementor-widget-container\">\n\t\t\t\t\t\t\t\t\t<p>Com a dada hist\u00f2rica: Per sufragar les quantioses despeses que suposava la construcci\u00f3 i posterior manteniment d&#8217;un pont, es va instaurar el pagament d&#8217;una taxa per l&#8217;\u00fas de la mateixa coneguda com &#8220;pontatge o lleuda&#8221;. Aquest impost requeia en les classes m\u00e9s baixes, mercaders i traginers estrangers, quedant lliures les classes privilegiades i la poblaci\u00f3 de la localitat en qu\u00e8 se situava el pas. En Anz\u00e1nigo, enfront de l&#8217;Esgl\u00e9sia, es troba la casa del comte d&#8217;Atar\u00e9s, de qui depenia el cobrament d&#8217;aquest impost.<\/p><p>Alguns escrits aporten quines eren les tarifes dels pontatges establerts en territori aragon\u00e8s. De mitjana es pagava un \u00f2bol per persona, el doble per genet i quatre per cap de bestiar menor. El \u00f2bol era una petita moneda de plata i aliatge el valor del qual va ser variant durant tota l&#8217;Edat Mitjana.<\/p><p>Al costat dels ponts solia trobar-se una petita caseta de peatge en la qual, o b\u00e9 el ponter, o b\u00e9 el recaptador, s&#8217;encarregaven de cobrar als usuaris del pont.<\/p><p>Un cop al poble, aquest mostra la seva intacta arquitectura popular, amb cases en les quals predomina la teulada de doble vessant de llosetes.<\/p>\t\t\t\t\t\t\t\t<\/div>\n\t\t\t\t<\/div>\n\t\t\t\t<div class=\"elementor-element elementor-element-1170597 elementor-widget elementor-widget-image\" data-id=\"1170597\" data-element_type=\"widget\" data-e-type=\"widget\" data-widget_type=\"image.default\">\n\t\t\t\t<div class=\"elementor-widget-container\">\n\t\t\t\t\t\t\t\t\t\t\t\t<figure class=\"wp-caption\">\n\t\t\t\t\t\t\t\t\t\t<img loading=\"lazy\" decoding=\"async\" width=\"768\" height=\"511\" src=\"https:\/\/www.elturistatranquil.com\/wp-content\/uploads\/F40-Anzanigo-Huesca.jpg\" class=\"attachment-large size-large wp-image-28116\" alt=\"Anzanigo, Huesca\" srcset=\"https:\/\/www.elturistatranquil.com\/wp-content\/uploads\/F40-Anzanigo-Huesca.jpg 768w, https:\/\/www.elturistatranquil.com\/wp-content\/uploads\/F40-Anzanigo-Huesca-339x226.jpg 339w\" sizes=\"(max-width: 768px) 100vw, 768px\" \/>\t\t\t\t\t\t\t\t\t\t\t<figcaption class=\"widget-image-caption wp-caption-text\"><\/figcaption>\n\t\t\t\t\t\t\t\t\t\t<\/figure>\n\t\t\t\t\t\t\t\t\t<\/div>\n\t\t\t\t<\/div>\n\t\t\t\t<div class=\"elementor-element elementor-element-ffdede7 elementor-widget elementor-widget-image\" data-id=\"ffdede7\" data-element_type=\"widget\" data-e-type=\"widget\" data-widget_type=\"image.default\">\n\t\t\t\t<div class=\"elementor-widget-container\">\n\t\t\t\t\t\t\t\t\t\t\t\t<figure class=\"wp-caption\">\n\t\t\t\t\t\t\t\t\t\t<img loading=\"lazy\" decoding=\"async\" width=\"768\" height=\"512\" src=\"https:\/\/www.elturistatranquil.com\/wp-content\/uploads\/F41-Anzanigo-Huesca.jpg\" class=\"attachment-large size-large wp-image-28118\" alt=\"Anzanigo, Huesca\" srcset=\"https:\/\/www.elturistatranquil.com\/wp-content\/uploads\/F41-Anzanigo-Huesca.jpg 768w, https:\/\/www.elturistatranquil.com\/wp-content\/uploads\/F41-Anzanigo-Huesca-339x226.jpg 339w\" sizes=\"(max-width: 768px) 100vw, 768px\" \/>\t\t\t\t\t\t\t\t\t\t\t<figcaption class=\"widget-image-caption wp-caption-text\"><\/figcaption>\n\t\t\t\t\t\t\t\t\t\t<\/figure>\n\t\t\t\t\t\t\t\t\t<\/div>\n\t\t\t\t<\/div>\n\t\t\t\t<div class=\"elementor-element elementor-element-a405011 elementor-widget elementor-widget-image\" data-id=\"a405011\" data-element_type=\"widget\" data-e-type=\"widget\" data-widget_type=\"image.default\">\n\t\t\t\t<div class=\"elementor-widget-container\">\n\t\t\t\t\t\t\t\t\t\t\t\t<figure class=\"wp-caption\">\n\t\t\t\t\t\t\t\t\t\t<img loading=\"lazy\" decoding=\"async\" width=\"768\" height=\"511\" src=\"https:\/\/www.elturistatranquil.com\/wp-content\/uploads\/F42-Anzanigo-Huesca.jpg\" class=\"attachment-large size-large wp-image-28120\" alt=\"Anzanigo, Huesca\" srcset=\"https:\/\/www.elturistatranquil.com\/wp-content\/uploads\/F42-Anzanigo-Huesca.jpg 768w, https:\/\/www.elturistatranquil.com\/wp-content\/uploads\/F42-Anzanigo-Huesca-339x226.jpg 339w\" sizes=\"(max-width: 768px) 100vw, 768px\" \/>\t\t\t\t\t\t\t\t\t\t\t<figcaption class=\"widget-image-caption wp-caption-text\"><\/figcaption>\n\t\t\t\t\t\t\t\t\t\t<\/figure>\n\t\t\t\t\t\t\t\t\t<\/div>\n\t\t\t\t<\/div>\n\t\t\t\t<div class=\"elementor-element elementor-element-405953e elementor-widget elementor-widget-image\" data-id=\"405953e\" data-element_type=\"widget\" data-e-type=\"widget\" data-widget_type=\"image.default\">\n\t\t\t\t<div class=\"elementor-widget-container\">\n\t\t\t\t\t\t\t\t\t\t\t\t<figure class=\"wp-caption\">\n\t\t\t\t\t\t\t\t\t\t<img loading=\"lazy\" decoding=\"async\" width=\"768\" height=\"512\" src=\"https:\/\/www.elturistatranquil.com\/wp-content\/uploads\/F43-Anzanigo-Huesca.jpg\" class=\"attachment-large size-large wp-image-28122\" alt=\"Anzanigo, Huesca\" srcset=\"https:\/\/www.elturistatranquil.com\/wp-content\/uploads\/F43-Anzanigo-Huesca.jpg 768w, https:\/\/www.elturistatranquil.com\/wp-content\/uploads\/F43-Anzanigo-Huesca-339x226.jpg 339w\" sizes=\"(max-width: 768px) 100vw, 768px\" \/>\t\t\t\t\t\t\t\t\t\t\t<figcaption class=\"widget-image-caption wp-caption-text\"><\/figcaption>\n\t\t\t\t\t\t\t\t\t\t<\/figure>\n\t\t\t\t\t\t\t\t\t<\/div>\n\t\t\t\t<\/div>\n\t\t\t\t<div class=\"elementor-element elementor-element-a5d564c elementor-widget elementor-widget-image\" data-id=\"a5d564c\" data-element_type=\"widget\" data-e-type=\"widget\" data-widget_type=\"image.default\">\n\t\t\t\t<div class=\"elementor-widget-container\">\n\t\t\t\t\t\t\t\t\t\t\t\t<figure class=\"wp-caption\">\n\t\t\t\t\t\t\t\t\t\t<img loading=\"lazy\" decoding=\"async\" width=\"768\" height=\"511\" src=\"https:\/\/www.elturistatranquil.com\/wp-content\/uploads\/F44-Anzanigo-Huesca.jpg\" class=\"attachment-large size-large wp-image-28124\" alt=\"Anzanigo, Huesca\" srcset=\"https:\/\/www.elturistatranquil.com\/wp-content\/uploads\/F44-Anzanigo-Huesca.jpg 768w, https:\/\/www.elturistatranquil.com\/wp-content\/uploads\/F44-Anzanigo-Huesca-339x226.jpg 339w\" sizes=\"(max-width: 768px) 100vw, 768px\" \/>\t\t\t\t\t\t\t\t\t\t\t<figcaption class=\"widget-image-caption wp-caption-text\"><\/figcaption>\n\t\t\t\t\t\t\t\t\t\t<\/figure>\n\t\t\t\t\t\t\t\t\t<\/div>\n\t\t\t\t<\/div>\n\t\t\t\t<div class=\"elementor-element elementor-element-b763d74 elementor-widget elementor-widget-image\" data-id=\"b763d74\" data-element_type=\"widget\" data-e-type=\"widget\" data-widget_type=\"image.default\">\n\t\t\t\t<div class=\"elementor-widget-container\">\n\t\t\t\t\t\t\t\t\t\t\t\t<figure class=\"wp-caption\">\n\t\t\t\t\t\t\t\t\t\t<img loading=\"lazy\" decoding=\"async\" width=\"768\" height=\"511\" src=\"https:\/\/www.elturistatranquil.com\/wp-content\/uploads\/F45-Anzanigo-Huesca.jpg\" class=\"attachment-large size-large wp-image-28126\" alt=\"Anzanigo, Huesca\" srcset=\"https:\/\/www.elturistatranquil.com\/wp-content\/uploads\/F45-Anzanigo-Huesca.jpg 768w, https:\/\/www.elturistatranquil.com\/wp-content\/uploads\/F45-Anzanigo-Huesca-339x226.jpg 339w\" sizes=\"(max-width: 768px) 100vw, 768px\" \/>\t\t\t\t\t\t\t\t\t\t\t<figcaption class=\"widget-image-caption wp-caption-text\"><\/figcaption>\n\t\t\t\t\t\t\t\t\t\t<\/figure>\n\t\t\t\t\t\t\t\t\t<\/div>\n\t\t\t\t<\/div>\n\t\t\t\t<div class=\"elementor-element elementor-element-46364cf elementor-widget elementor-widget-image\" data-id=\"46364cf\" data-element_type=\"widget\" data-e-type=\"widget\" data-widget_type=\"image.default\">\n\t\t\t\t<div class=\"elementor-widget-container\">\n\t\t\t\t\t\t\t\t\t\t\t\t<figure class=\"wp-caption\">\n\t\t\t\t\t\t\t\t\t\t<img loading=\"lazy\" decoding=\"async\" width=\"768\" height=\"511\" src=\"https:\/\/www.elturistatranquil.com\/wp-content\/uploads\/F46-Anzanigo-Huesca.jpg\" class=\"attachment-large size-large wp-image-28128\" alt=\"Anzanigo, Huesca\" srcset=\"https:\/\/www.elturistatranquil.com\/wp-content\/uploads\/F46-Anzanigo-Huesca.jpg 768w, https:\/\/www.elturistatranquil.com\/wp-content\/uploads\/F46-Anzanigo-Huesca-339x226.jpg 339w\" sizes=\"(max-width: 768px) 100vw, 768px\" \/>\t\t\t\t\t\t\t\t\t\t\t<figcaption class=\"widget-image-caption wp-caption-text\"><\/figcaption>\n\t\t\t\t\t\t\t\t\t\t<\/figure>\n\t\t\t\t\t\t\t\t\t<\/div>\n\t\t\t\t<\/div>\n\t\t\t\t<div class=\"elementor-element elementor-element-e3ff779 elementor-widget elementor-widget-text-editor\" data-id=\"e3ff779\" data-element_type=\"widget\" data-e-type=\"widget\" data-widget_type=\"text-editor.default\">\n\t\t\t\t<div class=\"elementor-widget-container\">\n\t\t\t\t\t\t\t\t\t<p>Com podreu constatar, les <strong>xemeneies amb espanta bruixes<\/strong> m&#8217;atrauen especialment.<\/p>\t\t\t\t\t\t\t\t<\/div>\n\t\t\t\t<\/div>\n\t\t\t\t<div class=\"elementor-element elementor-element-ae834c9 elementor-widget elementor-widget-image\" data-id=\"ae834c9\" data-element_type=\"widget\" data-e-type=\"widget\" data-widget_type=\"image.default\">\n\t\t\t\t<div class=\"elementor-widget-container\">\n\t\t\t\t\t\t\t\t\t\t\t\t<figure class=\"wp-caption\">\n\t\t\t\t\t\t\t\t\t\t<img loading=\"lazy\" decoding=\"async\" width=\"768\" height=\"511\" src=\"https:\/\/www.elturistatranquil.com\/wp-content\/uploads\/F47-Anzanigo-Huesca.jpg\" class=\"attachment-large size-large wp-image-28130\" alt=\"Anzanigo, Huesca\" srcset=\"https:\/\/www.elturistatranquil.com\/wp-content\/uploads\/F47-Anzanigo-Huesca.jpg 768w, https:\/\/www.elturistatranquil.com\/wp-content\/uploads\/F47-Anzanigo-Huesca-339x226.jpg 339w\" sizes=\"(max-width: 768px) 100vw, 768px\" \/>\t\t\t\t\t\t\t\t\t\t\t<figcaption class=\"widget-image-caption wp-caption-text\"><\/figcaption>\n\t\t\t\t\t\t\t\t\t\t<\/figure>\n\t\t\t\t\t\t\t\t\t<\/div>\n\t\t\t\t<\/div>\n\t\t\t\t<section class=\"elementor-section elementor-inner-section elementor-element elementor-element-840aa89 elementor-section-boxed elementor-section-height-default elementor-section-height-default\" data-id=\"840aa89\" data-element_type=\"section\" data-e-type=\"section\">\n\t\t\t\t\t\t<div class=\"elementor-container elementor-column-gap-default\">\n\t\t\t\t\t<div class=\"elementor-column elementor-col-50 elementor-inner-column elementor-element elementor-element-34d63bb\" data-id=\"34d63bb\" data-element_type=\"column\" data-e-type=\"column\">\n\t\t\t<div class=\"elementor-widget-wrap elementor-element-populated\">\n\t\t\t\t\t\t<div class=\"elementor-element elementor-element-a3f4b3d elementor-widget elementor-widget-image\" data-id=\"a3f4b3d\" data-element_type=\"widget\" data-e-type=\"widget\" data-widget_type=\"image.default\">\n\t\t\t\t<div class=\"elementor-widget-container\">\n\t\t\t\t\t\t\t\t\t\t\t\t\t\t\t<img loading=\"lazy\" decoding=\"async\" width=\"366\" height=\"550\" src=\"https:\/\/www.elturistatranquil.com\/wp-content\/uploads\/F48m-Anzanigo-Huesca.jpg\" class=\"attachment-large size-large wp-image-28132\" alt=\"Anzanigo, Huesca\" srcset=\"https:\/\/www.elturistatranquil.com\/wp-content\/uploads\/F48m-Anzanigo-Huesca.jpg 366w, https:\/\/www.elturistatranquil.com\/wp-content\/uploads\/F48m-Anzanigo-Huesca-150x226.jpg 150w\" sizes=\"(max-width: 366px) 100vw, 366px\" \/>\t\t\t\t\t\t\t\t\t\t\t\t\t\t\t<\/div>\n\t\t\t\t<\/div>\n\t\t\t\t\t<\/div>\n\t\t<\/div>\n\t\t\t\t<div class=\"elementor-column elementor-col-50 elementor-inner-column elementor-element elementor-element-7f2c4d9\" data-id=\"7f2c4d9\" data-element_type=\"column\" data-e-type=\"column\">\n\t\t\t<div class=\"elementor-widget-wrap elementor-element-populated\">\n\t\t\t\t\t\t<div class=\"elementor-element elementor-element-ea90226 elementor-widget elementor-widget-image\" data-id=\"ea90226\" data-element_type=\"widget\" data-e-type=\"widget\" data-widget_type=\"image.default\">\n\t\t\t\t<div class=\"elementor-widget-container\">\n\t\t\t\t\t\t\t\t\t\t\t\t\t\t\t<img loading=\"lazy\" decoding=\"async\" width=\"366\" height=\"550\" src=\"https:\/\/www.elturistatranquil.com\/wp-content\/uploads\/F48n-Anzanigo-Huesca.jpg\" class=\"attachment-large size-large wp-image-28134\" alt=\"Anzanigo, Huesca\" srcset=\"https:\/\/www.elturistatranquil.com\/wp-content\/uploads\/F48n-Anzanigo-Huesca.jpg 366w, https:\/\/www.elturistatranquil.com\/wp-content\/uploads\/F48n-Anzanigo-Huesca-150x226.jpg 150w\" sizes=\"(max-width: 366px) 100vw, 366px\" \/>\t\t\t\t\t\t\t\t\t\t\t\t\t\t\t<\/div>\n\t\t\t\t<\/div>\n\t\t\t\t\t<\/div>\n\t\t<\/div>\n\t\t\t\t\t<\/div>\n\t\t<\/section>\n\t\t\t\t<div class=\"elementor-element elementor-element-8e60d26 elementor-widget elementor-widget-text-editor\" data-id=\"8e60d26\" data-element_type=\"widget\" data-e-type=\"widget\" data-widget_type=\"text-editor.default\">\n\t\t\t\t<div class=\"elementor-widget-container\">\n\t\t\t\t\t\t\t\t\t<p>Tamb\u00e9 aqu\u00ed exhibeixen el seu passat agrari.<\/p>\t\t\t\t\t\t\t\t<\/div>\n\t\t\t\t<\/div>\n\t\t\t\t<div class=\"elementor-element elementor-element-a5717a9 elementor-widget elementor-widget-image\" data-id=\"a5717a9\" data-element_type=\"widget\" data-e-type=\"widget\" data-widget_type=\"image.default\">\n\t\t\t\t<div class=\"elementor-widget-container\">\n\t\t\t\t\t\t\t\t\t\t\t\t<figure class=\"wp-caption\">\n\t\t\t\t\t\t\t\t\t\t<img loading=\"lazy\" decoding=\"async\" width=\"768\" height=\"511\" src=\"https:\/\/www.elturistatranquil.com\/wp-content\/uploads\/F49-Anzanigo-Huesca.jpg\" class=\"attachment-large size-large wp-image-28136\" alt=\"Anzanigo, Huesca\" srcset=\"https:\/\/www.elturistatranquil.com\/wp-content\/uploads\/F49-Anzanigo-Huesca.jpg 768w, https:\/\/www.elturistatranquil.com\/wp-content\/uploads\/F49-Anzanigo-Huesca-339x226.jpg 339w\" sizes=\"(max-width: 768px) 100vw, 768px\" \/>\t\t\t\t\t\t\t\t\t\t\t<figcaption class=\"widget-image-caption wp-caption-text\"><\/figcaption>\n\t\t\t\t\t\t\t\t\t\t<\/figure>\n\t\t\t\t\t\t\t\t\t<\/div>\n\t\t\t\t<\/div>\n\t\t\t\t<div class=\"elementor-element elementor-element-ba38662 elementor-widget elementor-widget-text-editor\" data-id=\"ba38662\" data-element_type=\"widget\" data-e-type=\"widget\" data-widget_type=\"text-editor.default\">\n\t\t\t\t<div class=\"elementor-widget-container\">\n\t\t\t\t\t\t\t\t\t<p>L&#8217;<strong>Esgl\u00e9sia de Santa \u00c1gueda<\/strong> est\u00e0 datada al segle XVIII. D&#8217;una sola nau amb cap\u00e7alera recta. El campanar \u00e9s de planta rectangular i est\u00e0 rematat amb una teulada a dos vessants. Molt semblant al de l&#8217;Esgl\u00e9sia de Santa Maria de la Pe\u00f1a.<\/p>\t\t\t\t\t\t\t\t<\/div>\n\t\t\t\t<\/div>\n\t\t\t\t<div class=\"elementor-element elementor-element-1c97a90 elementor-widget elementor-widget-image\" data-id=\"1c97a90\" data-element_type=\"widget\" data-e-type=\"widget\" data-widget_type=\"image.default\">\n\t\t\t\t<div class=\"elementor-widget-container\">\n\t\t\t\t\t\t\t\t\t\t\t\t<figure class=\"wp-caption\">\n\t\t\t\t\t\t\t\t\t\t<img loading=\"lazy\" decoding=\"async\" width=\"366\" height=\"550\" src=\"https:\/\/www.elturistatranquil.com\/wp-content\/uploads\/F50-Iglesia-de-Santa-Agueda-Anzanigo-Huesca.jpg\" class=\"attachment-large size-large wp-image-28138\" alt=\"Iglesia de Santa Agueda Anzanigo, Huesca\" srcset=\"https:\/\/www.elturistatranquil.com\/wp-content\/uploads\/F50-Iglesia-de-Santa-Agueda-Anzanigo-Huesca.jpg 366w, https:\/\/www.elturistatranquil.com\/wp-content\/uploads\/F50-Iglesia-de-Santa-Agueda-Anzanigo-Huesca-150x226.jpg 150w\" sizes=\"(max-width: 366px) 100vw, 366px\" \/>\t\t\t\t\t\t\t\t\t\t\t<figcaption class=\"widget-image-caption wp-caption-text\"><\/figcaption>\n\t\t\t\t\t\t\t\t\t\t<\/figure>\n\t\t\t\t\t\t\t\t\t<\/div>\n\t\t\t\t<\/div>\n\t\t\t\t<div class=\"elementor-element elementor-element-b7baa68 elementor-widget elementor-widget-text-editor\" data-id=\"b7baa68\" data-element_type=\"widget\" data-e-type=\"widget\" data-widget_type=\"text-editor.default\">\n\t\t\t\t<div class=\"elementor-widget-container\">\n\t\t\t\t\t\t\t\t\t<p>Un cop passada la corba de 90\u00b0 que efectua el tra\u00e7at del ferrocarril al costat de la localitat, i quan s&#8217;inicia el tra\u00e7at recte, se situa l&#8217;<strong>estaci\u00f3 de Anz\u00e1nigo<\/strong>.<\/p><p>M&#8217;acosto a ella per constatar que l&#8217;edifici de l&#8217;estaci\u00f3 \u00e9s d&#8217;id\u00e8ntica arquitectura que el de l&#8217;estaci\u00f3 de La Pe\u00f1a. Cal suposar que el model ha de repetir-se en altres estacions.<\/p><p>Encara que estiguem en un medi rural, tampoc s&#8217;escapen dels grafiters. I una potencial passatgera prenent el Sol.<\/p>\t\t\t\t\t\t\t\t<\/div>\n\t\t\t\t<\/div>\n\t\t\t\t<div class=\"elementor-element elementor-element-adcc870 elementor-widget elementor-widget-menu-anchor\" data-id=\"adcc870\" data-element_type=\"widget\" data-e-type=\"widget\" data-widget_type=\"menu-anchor.default\">\n\t\t\t\t<div class=\"elementor-widget-container\">\n\t\t\t\t\t\t\t<div class=\"elementor-menu-anchor\" id=\"c4808\"><\/div>\n\t\t\t\t\t\t<\/div>\n\t\t\t\t<\/div>\n\t\t\t\t<div class=\"elementor-element elementor-element-25acbb4 elementor-widget elementor-widget-image\" data-id=\"25acbb4\" data-element_type=\"widget\" data-e-type=\"widget\" data-widget_type=\"image.default\">\n\t\t\t\t<div class=\"elementor-widget-container\">\n\t\t\t\t\t\t\t\t\t\t\t\t<figure class=\"wp-caption\">\n\t\t\t\t\t\t\t\t\t\t<img loading=\"lazy\" decoding=\"async\" width=\"768\" height=\"511\" src=\"https:\/\/www.elturistatranquil.com\/wp-content\/uploads\/F51-Estacion-de-Anzanigo-Huesca.jpg\" class=\"attachment-large size-large wp-image-28140\" alt=\"Estacion de Anzanigo, Huesca\" srcset=\"https:\/\/www.elturistatranquil.com\/wp-content\/uploads\/F51-Estacion-de-Anzanigo-Huesca.jpg 768w, https:\/\/www.elturistatranquil.com\/wp-content\/uploads\/F51-Estacion-de-Anzanigo-Huesca-339x226.jpg 339w\" sizes=\"(max-width: 768px) 100vw, 768px\" \/>\t\t\t\t\t\t\t\t\t\t\t<figcaption class=\"widget-image-caption wp-caption-text\"><\/figcaption>\n\t\t\t\t\t\t\t\t\t\t<\/figure>\n\t\t\t\t\t\t\t\t\t<\/div>\n\t\t\t\t<\/div>\n\t\t\t\t<div class=\"elementor-element elementor-element-5ef7699 elementor-widget elementor-widget-heading\" data-id=\"5ef7699\" data-element_type=\"widget\" data-e-type=\"widget\" data-widget_type=\"heading.default\">\n\t\t\t\t<div class=\"elementor-widget-container\">\n\t\t\t\t\t<h2 class=\"elementor-heading-title elementor-size-default\">Fi de la ruta<\/h2>\t\t\t\t<\/div>\n\t\t\t\t<\/div>\n\t\t\t\t<div class=\"elementor-element elementor-element-6eff06a elementor-widget elementor-widget-menu-anchor\" data-id=\"6eff06a\" data-element_type=\"widget\" data-e-type=\"widget\" data-widget_type=\"menu-anchor.default\">\n\t\t\t\t<div class=\"elementor-widget-container\">\n\t\t\t\t\t\t\t<div class=\"elementor-menu-anchor\" id=\"c4809\"><\/div>\n\t\t\t\t\t\t<\/div>\n\t\t\t\t<\/div>\n\t\t\t\t<div class=\"elementor-element elementor-element-a89bdea elementor-widget elementor-widget-text-editor\" data-id=\"a89bdea\" data-element_type=\"widget\" data-e-type=\"widget\" data-widget_type=\"text-editor.default\">\n\t\t\t\t<div class=\"elementor-widget-container\">\n\t\t\t\t\t\t\t\t\t<p>Aquesta ha estat una ruta tranquil\u00b7la i assossegada per un territori, crec, poc transitat, tot i que per ell circuli el ferrocarril, i de la bellesa del conjunt.<\/p><p>S\u00f3n localitats simples, encara que carregades d&#8217;hist\u00f2ria, molt ben conservades. La impressi\u00f3 que s&#8217;obt\u00e9 \u00e9s que \u00e9s important la pres\u00e8ncia de residents estacionals i la seva aportaci\u00f3 al manteniment del patrimoni residencial.<\/p><p>Possiblement tamb\u00e9, la pres\u00e8ncia de l&#8217;embassament hi contribueixi.<\/p><p>Un recorregut que hagu\u00e9s estat interessant allargar fins Sabi\u00f1\u00e1nigo, seguint aquesta part de la ruta comercial que unia <em>Benearnum<\/em> (B\u00e9arn, Fran\u00e7a) amb <em>Caesaraugusta<\/em> (Saragossa), per\u00f2 no va ser possible en aquesta ocasi\u00f3.<\/p><p>Si busqueu tranquil\u00b7litat, aquesta \u00e9s una bona zona.<\/p>\t\t\t\t\t\t\t\t<\/div>\n\t\t\t\t<\/div>\n\t\t\t\t<div class=\"elementor-element elementor-element-650bd9f elementor-widget elementor-widget-heading\" data-id=\"650bd9f\" data-element_type=\"widget\" data-e-type=\"widget\" data-widget_type=\"heading.default\">\n\t\t\t\t<div class=\"elementor-widget-container\">\n\t\t\t\t\t<h2 class=\"elementor-heading-title elementor-size-default\">Bases d\u2019informaci\u00f3<\/h2>\t\t\t\t<\/div>\n\t\t\t\t<\/div>\n\t\t\t\t<div class=\"elementor-element elementor-element-64b9984f elementor-widget elementor-widget-text-editor\" data-id=\"64b9984f\" data-element_type=\"widget\" data-e-type=\"widget\" data-widget_type=\"text-editor.default\">\n\t\t\t\t<div class=\"elementor-widget-container\">\n\t\t\t\t\t\t\t\t\t<p><strong>Webs<\/strong><\/p><p><strong>Santa Mar\u00eda de la Pe\u00f1a<\/strong><\/p><p><a href=\"http:\/\/www.laspenasderiglos.es\/index.php\" target=\"_blank\" rel=\"noopener\">ayuntamiento<\/a><\/p><p><a href=\"https:\/\/es.wikipedia.org\/wiki\/Santa_Mar%C3%ADa_de_la_Pe%C3%B1a\" target=\"_blank\" rel=\"noopener\">wikipedia<\/a><\/p><p><a href=\"https:\/\/turismo.hoyadehuesca.es\/pueblos\/las-penas-de-riglos\/santa-maria-de-la-pena-art\" target=\"_blank\" rel=\"noopener\">turismohoyadehuesca<\/a><\/p><p><strong>Triste<\/strong><\/p><p><a href=\"http:\/\/www.laspenasderiglos.es\/index.php\" target=\"_blank\" rel=\"noopener\">ayuntamiento<\/a><\/p><p><a href=\"https:\/\/es.wikipedia.org\/wiki\/Triste\" target=\"_blank\" rel=\"noopener\">wikipedia<\/a><\/p><p><a href=\"https:\/\/turismo.hoyadehuesca.es\/pueblos\/las-penas-de-riglos\/triste-art\" target=\"_blank\" rel=\"noopener\">turismohoyadehuesca<\/a><\/p><p><a href=\"http:\/\/www.enciclopedia-aragonesa.com\/voz.asp?voz_id=12428&amp;voz_id_origen=6892\" target=\"_blank\" rel=\"noopener\">granenciclopediaaragonesa<\/a><\/p><p><strong>La Pe\u00f1a Estaci\u00f3n<\/strong><\/p><p><a href=\"http:\/\/www.laspenasderiglos.es\/index.php\" target=\"_blank\" rel=\"noopener\">ayuntamiento<\/a><\/p><p><a href=\"https:\/\/es.wikipedia.org\/wiki\/Estaci%C3%B3n_de_Santa_Mar%C3%ADa_y_la_Pe%C3%B1a\" target=\"_blank\" rel=\"noopener\">wikipedia<\/a><\/p><p><strong>Anz\u00e1nigo<\/strong><\/p><p><a href=\"http:\/\/www.caldearenas.es\/index.php\/mod.pags\/mem.detalle\/idpag.39\/idmenu.1073\/chk.06b72f811309a20631de1cfbbd70b966.html\" target=\"_blank\" rel=\"noopener\">ayuntamiento<\/a><\/p><p><a href=\"https:\/\/es.wikipedia.org\/wiki\/Anz%C3%A1nigo\" target=\"_blank\" rel=\"noopener\">wikipedia<\/a><\/p><p><a href=\"http:\/\/www.enciclopedia-aragonesa.com\/voz.asp?voz_id=1035&amp;voz_id_origen=753\" target=\"_blank\" rel=\"noopener\">granenciclopediaaragonesa<\/a><\/p><p><a href=\"https:\/\/turismoruralpirineos.es\/alto-gallego\/valle-de-caldearenas\/anzanigo\/\" target=\"_blank\" rel=\"noopener\">turismoruralpirineos<\/a><\/p>\t\t\t\t\t\t\t\t<\/div>\n\t\t\t\t<\/div>\n\t\t\t\t\t<\/div>\n\t\t<\/div>\n\t\t\t\t\t<\/div>\n\t\t<\/section>\n\t\t\t\t<\/div>\n\t\t","protected":false},"excerpt":{"rendered":"<p>Un recorregut per Santa Mar\u00eda de la Pe\u00f1a. Triste, La Pe\u00f1a Estaci\u00f3n i Anz\u00e1nigo, \u00a0a la Hoya d&#8217;Osca, seguint el curs de riu G\u00e1llego, per apreciar especialment la seva arquitectura &#8230; <a title=\"Santa Mar\u00eda de la Pe\u00f1a, Triste, La Pe\u00f1a Estaci\u00f3n i Anz\u00e1nigo (Osca)\" class=\"read-more\" href=\"https:\/\/www.elturistatranquil.com\/ca\/santa-maria-de-la-pena-triste-la-pena-estacion-i-anzanigo-osca\/\" aria-label=\"M\u00e9s informaci\u00f3 sobre Santa Mar\u00eda de la Pe\u00f1a, Triste, La Pe\u00f1a Estaci\u00f3n i Anz\u00e1nigo (Osca)\">[ &#8230; ]<\/a><\/p>\n","protected":false},"author":1,"featured_media":28013,"comment_status":"open","ping_status":"closed","sticky":false,"template":"","format":"standard","meta":{"footnotes":""},"categories":[71,72,78,138,95,99,100,104,105,106],"tags":[],"class_list":["post-28149","post","type-post","status-publish","format-standard","has-post-thumbnail","hentry","category-arquitectura-popular-ca","category-arquitectura-religiosa-ca","category-cultura-rural-ca","category-osca","category-paisatge","category-poble","category-pobles-i-ciutats-amb-interes","category-preromanic-ca","category-rutes","category-segle-xviii-xix","infinite-scroll-item","generate-columns","tablet-grid-50","mobile-grid-100","grid-parent","grid-50","no-featured-image-padding"],"yoast_head":"<!-- This site is optimized with the Yoast SEO plugin v27.4 - https:\/\/yoast.com\/product\/yoast-seo-wordpress\/ -->\n<title>Santa Mar\u00eda de la Pe\u00f1a, Triste, La Pe\u00f1a Estaci\u00f3n i Anz\u00e1nigo (Osca) - El turista tranquil<\/title>\n<meta name=\"description\" content=\"Un recorregut per Santa Mar\u00eda de la Pe\u00f1a. Triste, La Pe\u00f1a Estaci\u00f3n i Anz\u00e1nigo, a la Hoya d&#039;Osca, seguint el curs de riu G\u00e1llego, per apreciar especialment la seva arquitectura popular, el seu paisatge i la seva tranquil\u00b7litat.\" \/>\n<meta name=\"robots\" content=\"index, follow, max-snippet:-1, max-image-preview:large, max-video-preview:-1\" \/>\n<link rel=\"canonical\" href=\"https:\/\/www.elturistatranquil.com\/ca\/santa-maria-de-la-pena-triste-la-pena-estacion-i-anzanigo-osca\/\" \/>\n<meta property=\"og:locale\" content=\"ca_ES\" \/>\n<meta property=\"og:type\" content=\"article\" \/>\n<meta property=\"og:title\" content=\"Santa Mar\u00eda de la Pe\u00f1a, Triste, La Pe\u00f1a Estaci\u00f3n i Anz\u00e1nigo (Osca) - El turista tranquil\" \/>\n<meta property=\"og:description\" content=\"Un recorregut per Santa Mar\u00eda de la Pe\u00f1a. Triste, La Pe\u00f1a Estaci\u00f3n i Anz\u00e1nigo, a la Hoya d&#039;Osca, seguint el curs de riu G\u00e1llego, per apreciar especialment la seva arquitectura popular, el seu paisatge i la seva tranquil\u00b7litat.\" \/>\n<meta property=\"og:url\" content=\"https:\/\/www.elturistatranquil.com\/ca\/santa-maria-de-la-pena-triste-la-pena-estacion-i-anzanigo-osca\/\" \/>\n<meta property=\"og:site_name\" content=\"El turista tranquil\" \/>\n<meta property=\"article:publisher\" content=\"https:\/\/www.facebook.com\/elturistatranquilo\/\" \/>\n<meta property=\"article:published_time\" content=\"2020-02-08T09:20:42+00:00\" \/>\n<meta property=\"article:modified_time\" content=\"2020-02-08T09:30:16+00:00\" \/>\n<meta property=\"og:image\" content=\"https:\/\/www.elturistatranquil.com\/wp-content\/uploads\/F01-Embalse-de-la-Pe\u00f1a-Huesca.jpg\" \/>\n\t<meta property=\"og:image:width\" content=\"768\" \/>\n\t<meta property=\"og:image:height\" content=\"512\" \/>\n\t<meta property=\"og:image:type\" content=\"image\/jpeg\" \/>\n<meta name=\"author\" content=\"admin\" \/>\n<meta name=\"twitter:card\" content=\"summary_large_image\" \/>\n<meta name=\"twitter:label1\" content=\"Escrit per\" \/>\n\t<meta name=\"twitter:data1\" content=\"admin\" \/>\n\t<meta name=\"twitter:label2\" content=\"Temps estimat de lectura\" \/>\n\t<meta name=\"twitter:data2\" content=\"10 minuts\" \/>\n<script type=\"application\/ld+json\" class=\"yoast-schema-graph\">{\"@context\":\"https:\\\/\\\/schema.org\",\"@graph\":[{\"@type\":\"Article\",\"@id\":\"https:\\\/\\\/www.elturistatranquil.com\\\/ca\\\/santa-maria-de-la-pena-triste-la-pena-estacion-i-anzanigo-osca\\\/#article\",\"isPartOf\":{\"@id\":\"https:\\\/\\\/www.elturistatranquil.com\\\/ca\\\/santa-maria-de-la-pena-triste-la-pena-estacion-i-anzanigo-osca\\\/\"},\"author\":{\"name\":\"admin\",\"@id\":\"https:\\\/\\\/www.elturistatranquil.com\\\/ca\\\/#\\\/schema\\\/person\\\/16f607c3079b96ed0c530a52e6b58bb5\"},\"headline\":\"Santa Mar\u00eda de la Pe\u00f1a, Triste, La Pe\u00f1a Estaci\u00f3n i Anz\u00e1nigo (Osca)\",\"datePublished\":\"2020-02-08T09:20:42+00:00\",\"dateModified\":\"2020-02-08T09:30:16+00:00\",\"mainEntityOfPage\":{\"@id\":\"https:\\\/\\\/www.elturistatranquil.com\\\/ca\\\/santa-maria-de-la-pena-triste-la-pena-estacion-i-anzanigo-osca\\\/\"},\"wordCount\":2086,\"commentCount\":0,\"image\":{\"@id\":\"https:\\\/\\\/www.elturistatranquil.com\\\/ca\\\/santa-maria-de-la-pena-triste-la-pena-estacion-i-anzanigo-osca\\\/#primaryimage\"},\"thumbnailUrl\":\"https:\\\/\\\/www.elturistatranquil.com\\\/wp-content\\\/uploads\\\/F01-Embalse-de-la-Pe\u00f1a-Huesca.jpg\",\"articleSection\":[\"Arquitectura popular\",\"Arquitectura religiosa\",\"Cultura rural\",\"Osca\",\"Paisatge\",\"Poble\",\"Pobles i ciutats amb inter\u00e9s\",\"Rom\u00e0nic\",\"Rutes\",\"Segle XVIII-XIX\"],\"inLanguage\":\"ca\",\"potentialAction\":[{\"@type\":\"CommentAction\",\"name\":\"Comment\",\"target\":[\"https:\\\/\\\/www.elturistatranquil.com\\\/ca\\\/santa-maria-de-la-pena-triste-la-pena-estacion-i-anzanigo-osca\\\/#respond\"]}]},{\"@type\":\"WebPage\",\"@id\":\"https:\\\/\\\/www.elturistatranquil.com\\\/ca\\\/santa-maria-de-la-pena-triste-la-pena-estacion-i-anzanigo-osca\\\/\",\"url\":\"https:\\\/\\\/www.elturistatranquil.com\\\/ca\\\/santa-maria-de-la-pena-triste-la-pena-estacion-i-anzanigo-osca\\\/\",\"name\":\"Santa Mar\u00eda de la Pe\u00f1a, Triste, La Pe\u00f1a Estaci\u00f3n i Anz\u00e1nigo (Osca) - El turista tranquil\",\"isPartOf\":{\"@id\":\"https:\\\/\\\/www.elturistatranquil.com\\\/ca\\\/#website\"},\"primaryImageOfPage\":{\"@id\":\"https:\\\/\\\/www.elturistatranquil.com\\\/ca\\\/santa-maria-de-la-pena-triste-la-pena-estacion-i-anzanigo-osca\\\/#primaryimage\"},\"image\":{\"@id\":\"https:\\\/\\\/www.elturistatranquil.com\\\/ca\\\/santa-maria-de-la-pena-triste-la-pena-estacion-i-anzanigo-osca\\\/#primaryimage\"},\"thumbnailUrl\":\"https:\\\/\\\/www.elturistatranquil.com\\\/wp-content\\\/uploads\\\/F01-Embalse-de-la-Pe\u00f1a-Huesca.jpg\",\"datePublished\":\"2020-02-08T09:20:42+00:00\",\"dateModified\":\"2020-02-08T09:30:16+00:00\",\"author\":{\"@id\":\"https:\\\/\\\/www.elturistatranquil.com\\\/ca\\\/#\\\/schema\\\/person\\\/16f607c3079b96ed0c530a52e6b58bb5\"},\"description\":\"Un recorregut per Santa Mar\u00eda de la Pe\u00f1a. Triste, La Pe\u00f1a Estaci\u00f3n i Anz\u00e1nigo, a la Hoya d'Osca, seguint el curs de riu G\u00e1llego, per apreciar especialment la seva arquitectura popular, el seu paisatge i la seva tranquil\u00b7litat.\",\"breadcrumb\":{\"@id\":\"https:\\\/\\\/www.elturistatranquil.com\\\/ca\\\/santa-maria-de-la-pena-triste-la-pena-estacion-i-anzanigo-osca\\\/#breadcrumb\"},\"inLanguage\":\"ca\",\"potentialAction\":[{\"@type\":\"ReadAction\",\"target\":[\"https:\\\/\\\/www.elturistatranquil.com\\\/ca\\\/santa-maria-de-la-pena-triste-la-pena-estacion-i-anzanigo-osca\\\/\"]}]},{\"@type\":\"ImageObject\",\"inLanguage\":\"ca\",\"@id\":\"https:\\\/\\\/www.elturistatranquil.com\\\/ca\\\/santa-maria-de-la-pena-triste-la-pena-estacion-i-anzanigo-osca\\\/#primaryimage\",\"url\":\"https:\\\/\\\/www.elturistatranquil.com\\\/wp-content\\\/uploads\\\/F01-Embalse-de-la-Pe\u00f1a-Huesca.jpg\",\"contentUrl\":\"https:\\\/\\\/www.elturistatranquil.com\\\/wp-content\\\/uploads\\\/F01-Embalse-de-la-Pe\u00f1a-Huesca.jpg\",\"width\":768,\"height\":512,\"caption\":\"Embalse de la Pe\u00f1a Huesca\"},{\"@type\":\"BreadcrumbList\",\"@id\":\"https:\\\/\\\/www.elturistatranquil.com\\\/ca\\\/santa-maria-de-la-pena-triste-la-pena-estacion-i-anzanigo-osca\\\/#breadcrumb\",\"itemListElement\":[{\"@type\":\"ListItem\",\"position\":1,\"name\":\"Portada\",\"item\":\"https:\\\/\\\/www.elturistatranquil.com\\\/ca\\\/\"},{\"@type\":\"ListItem\",\"position\":2,\"name\":\"Santa Mar\u00eda de la Pe\u00f1a, Triste, La Pe\u00f1a Estaci\u00f3n i Anz\u00e1nigo (Osca)\"}]},{\"@type\":\"WebSite\",\"@id\":\"https:\\\/\\\/www.elturistatranquil.com\\\/ca\\\/#website\",\"url\":\"https:\\\/\\\/www.elturistatranquil.com\\\/ca\\\/\",\"name\":\"El turista tranquil\",\"description\":\"Blog de viatges\",\"potentialAction\":[{\"@type\":\"SearchAction\",\"target\":{\"@type\":\"EntryPoint\",\"urlTemplate\":\"https:\\\/\\\/www.elturistatranquil.com\\\/ca\\\/?s={search_term_string}\"},\"query-input\":{\"@type\":\"PropertyValueSpecification\",\"valueRequired\":true,\"valueName\":\"search_term_string\"}}],\"inLanguage\":\"ca\"},{\"@type\":\"Person\",\"@id\":\"https:\\\/\\\/www.elturistatranquil.com\\\/ca\\\/#\\\/schema\\\/person\\\/16f607c3079b96ed0c530a52e6b58bb5\",\"name\":\"admin\",\"image\":{\"@type\":\"ImageObject\",\"inLanguage\":\"ca\",\"@id\":\"https:\\\/\\\/secure.gravatar.com\\\/avatar\\\/1fbaf22aee75fcbb29a2f97b107f95d25d3a19b7c3416105be10269872673e8d?s=96&d=mm&r=g\",\"url\":\"https:\\\/\\\/secure.gravatar.com\\\/avatar\\\/1fbaf22aee75fcbb29a2f97b107f95d25d3a19b7c3416105be10269872673e8d?s=96&d=mm&r=g\",\"contentUrl\":\"https:\\\/\\\/secure.gravatar.com\\\/avatar\\\/1fbaf22aee75fcbb29a2f97b107f95d25d3a19b7c3416105be10269872673e8d?s=96&d=mm&r=g\",\"caption\":\"admin\"}}]}<\/script>\n<!-- \/ Yoast SEO plugin. -->","yoast_head_json":{"title":"Santa Mar\u00eda de la Pe\u00f1a, Triste, La Pe\u00f1a Estaci\u00f3n i Anz\u00e1nigo (Osca) - El turista tranquil","description":"Un recorregut per Santa Mar\u00eda de la Pe\u00f1a. Triste, La Pe\u00f1a Estaci\u00f3n i Anz\u00e1nigo, a la Hoya d'Osca, seguint el curs de riu G\u00e1llego, per apreciar especialment la seva arquitectura popular, el seu paisatge i la seva tranquil\u00b7litat.","robots":{"index":"index","follow":"follow","max-snippet":"max-snippet:-1","max-image-preview":"max-image-preview:large","max-video-preview":"max-video-preview:-1"},"canonical":"https:\/\/www.elturistatranquil.com\/ca\/santa-maria-de-la-pena-triste-la-pena-estacion-i-anzanigo-osca\/","og_locale":"ca_ES","og_type":"article","og_title":"Santa Mar\u00eda de la Pe\u00f1a, Triste, La Pe\u00f1a Estaci\u00f3n i Anz\u00e1nigo (Osca) - El turista tranquil","og_description":"Un recorregut per Santa Mar\u00eda de la Pe\u00f1a. Triste, La Pe\u00f1a Estaci\u00f3n i Anz\u00e1nigo, a la Hoya d'Osca, seguint el curs de riu G\u00e1llego, per apreciar especialment la seva arquitectura popular, el seu paisatge i la seva tranquil\u00b7litat.","og_url":"https:\/\/www.elturistatranquil.com\/ca\/santa-maria-de-la-pena-triste-la-pena-estacion-i-anzanigo-osca\/","og_site_name":"El turista tranquil","article_publisher":"https:\/\/www.facebook.com\/elturistatranquilo\/","article_published_time":"2020-02-08T09:20:42+00:00","article_modified_time":"2020-02-08T09:30:16+00:00","og_image":[{"width":768,"height":512,"url":"https:\/\/www.elturistatranquil.com\/wp-content\/uploads\/F01-Embalse-de-la-Pe\u00f1a-Huesca.jpg","type":"image\/jpeg"}],"author":"admin","twitter_card":"summary_large_image","twitter_misc":{"Escrit per":"admin","Temps estimat de lectura":"10 minuts"},"schema":{"@context":"https:\/\/schema.org","@graph":[{"@type":"Article","@id":"https:\/\/www.elturistatranquil.com\/ca\/santa-maria-de-la-pena-triste-la-pena-estacion-i-anzanigo-osca\/#article","isPartOf":{"@id":"https:\/\/www.elturistatranquil.com\/ca\/santa-maria-de-la-pena-triste-la-pena-estacion-i-anzanigo-osca\/"},"author":{"name":"admin","@id":"https:\/\/www.elturistatranquil.com\/ca\/#\/schema\/person\/16f607c3079b96ed0c530a52e6b58bb5"},"headline":"Santa Mar\u00eda de la Pe\u00f1a, Triste, La Pe\u00f1a Estaci\u00f3n i Anz\u00e1nigo (Osca)","datePublished":"2020-02-08T09:20:42+00:00","dateModified":"2020-02-08T09:30:16+00:00","mainEntityOfPage":{"@id":"https:\/\/www.elturistatranquil.com\/ca\/santa-maria-de-la-pena-triste-la-pena-estacion-i-anzanigo-osca\/"},"wordCount":2086,"commentCount":0,"image":{"@id":"https:\/\/www.elturistatranquil.com\/ca\/santa-maria-de-la-pena-triste-la-pena-estacion-i-anzanigo-osca\/#primaryimage"},"thumbnailUrl":"https:\/\/www.elturistatranquil.com\/wp-content\/uploads\/F01-Embalse-de-la-Pe\u00f1a-Huesca.jpg","articleSection":["Arquitectura popular","Arquitectura religiosa","Cultura rural","Osca","Paisatge","Poble","Pobles i ciutats amb inter\u00e9s","Rom\u00e0nic","Rutes","Segle XVIII-XIX"],"inLanguage":"ca","potentialAction":[{"@type":"CommentAction","name":"Comment","target":["https:\/\/www.elturistatranquil.com\/ca\/santa-maria-de-la-pena-triste-la-pena-estacion-i-anzanigo-osca\/#respond"]}]},{"@type":"WebPage","@id":"https:\/\/www.elturistatranquil.com\/ca\/santa-maria-de-la-pena-triste-la-pena-estacion-i-anzanigo-osca\/","url":"https:\/\/www.elturistatranquil.com\/ca\/santa-maria-de-la-pena-triste-la-pena-estacion-i-anzanigo-osca\/","name":"Santa Mar\u00eda de la Pe\u00f1a, Triste, La Pe\u00f1a Estaci\u00f3n i Anz\u00e1nigo (Osca) - El turista tranquil","isPartOf":{"@id":"https:\/\/www.elturistatranquil.com\/ca\/#website"},"primaryImageOfPage":{"@id":"https:\/\/www.elturistatranquil.com\/ca\/santa-maria-de-la-pena-triste-la-pena-estacion-i-anzanigo-osca\/#primaryimage"},"image":{"@id":"https:\/\/www.elturistatranquil.com\/ca\/santa-maria-de-la-pena-triste-la-pena-estacion-i-anzanigo-osca\/#primaryimage"},"thumbnailUrl":"https:\/\/www.elturistatranquil.com\/wp-content\/uploads\/F01-Embalse-de-la-Pe\u00f1a-Huesca.jpg","datePublished":"2020-02-08T09:20:42+00:00","dateModified":"2020-02-08T09:30:16+00:00","author":{"@id":"https:\/\/www.elturistatranquil.com\/ca\/#\/schema\/person\/16f607c3079b96ed0c530a52e6b58bb5"},"description":"Un recorregut per Santa Mar\u00eda de la Pe\u00f1a. Triste, La Pe\u00f1a Estaci\u00f3n i Anz\u00e1nigo, a la Hoya d'Osca, seguint el curs de riu G\u00e1llego, per apreciar especialment la seva arquitectura popular, el seu paisatge i la seva tranquil\u00b7litat.","breadcrumb":{"@id":"https:\/\/www.elturistatranquil.com\/ca\/santa-maria-de-la-pena-triste-la-pena-estacion-i-anzanigo-osca\/#breadcrumb"},"inLanguage":"ca","potentialAction":[{"@type":"ReadAction","target":["https:\/\/www.elturistatranquil.com\/ca\/santa-maria-de-la-pena-triste-la-pena-estacion-i-anzanigo-osca\/"]}]},{"@type":"ImageObject","inLanguage":"ca","@id":"https:\/\/www.elturistatranquil.com\/ca\/santa-maria-de-la-pena-triste-la-pena-estacion-i-anzanigo-osca\/#primaryimage","url":"https:\/\/www.elturistatranquil.com\/wp-content\/uploads\/F01-Embalse-de-la-Pe\u00f1a-Huesca.jpg","contentUrl":"https:\/\/www.elturistatranquil.com\/wp-content\/uploads\/F01-Embalse-de-la-Pe\u00f1a-Huesca.jpg","width":768,"height":512,"caption":"Embalse de la Pe\u00f1a Huesca"},{"@type":"BreadcrumbList","@id":"https:\/\/www.elturistatranquil.com\/ca\/santa-maria-de-la-pena-triste-la-pena-estacion-i-anzanigo-osca\/#breadcrumb","itemListElement":[{"@type":"ListItem","position":1,"name":"Portada","item":"https:\/\/www.elturistatranquil.com\/ca\/"},{"@type":"ListItem","position":2,"name":"Santa Mar\u00eda de la Pe\u00f1a, Triste, La Pe\u00f1a Estaci\u00f3n i Anz\u00e1nigo (Osca)"}]},{"@type":"WebSite","@id":"https:\/\/www.elturistatranquil.com\/ca\/#website","url":"https:\/\/www.elturistatranquil.com\/ca\/","name":"El turista tranquil","description":"Blog de viatges","potentialAction":[{"@type":"SearchAction","target":{"@type":"EntryPoint","urlTemplate":"https:\/\/www.elturistatranquil.com\/ca\/?s={search_term_string}"},"query-input":{"@type":"PropertyValueSpecification","valueRequired":true,"valueName":"search_term_string"}}],"inLanguage":"ca"},{"@type":"Person","@id":"https:\/\/www.elturistatranquil.com\/ca\/#\/schema\/person\/16f607c3079b96ed0c530a52e6b58bb5","name":"admin","image":{"@type":"ImageObject","inLanguage":"ca","@id":"https:\/\/secure.gravatar.com\/avatar\/1fbaf22aee75fcbb29a2f97b107f95d25d3a19b7c3416105be10269872673e8d?s=96&d=mm&r=g","url":"https:\/\/secure.gravatar.com\/avatar\/1fbaf22aee75fcbb29a2f97b107f95d25d3a19b7c3416105be10269872673e8d?s=96&d=mm&r=g","contentUrl":"https:\/\/secure.gravatar.com\/avatar\/1fbaf22aee75fcbb29a2f97b107f95d25d3a19b7c3416105be10269872673e8d?s=96&d=mm&r=g","caption":"admin"}}]}},"_links":{"self":[{"href":"https:\/\/www.elturistatranquil.com\/ca\/wp-json\/wp\/v2\/posts\/28149","targetHints":{"allow":["GET"]}}],"collection":[{"href":"https:\/\/www.elturistatranquil.com\/ca\/wp-json\/wp\/v2\/posts"}],"about":[{"href":"https:\/\/www.elturistatranquil.com\/ca\/wp-json\/wp\/v2\/types\/post"}],"author":[{"embeddable":true,"href":"https:\/\/www.elturistatranquil.com\/ca\/wp-json\/wp\/v2\/users\/1"}],"replies":[{"embeddable":true,"href":"https:\/\/www.elturistatranquil.com\/ca\/wp-json\/wp\/v2\/comments?post=28149"}],"version-history":[{"count":5,"href":"https:\/\/www.elturistatranquil.com\/ca\/wp-json\/wp\/v2\/posts\/28149\/revisions"}],"predecessor-version":[{"id":28207,"href":"https:\/\/www.elturistatranquil.com\/ca\/wp-json\/wp\/v2\/posts\/28149\/revisions\/28207"}],"wp:featuredmedia":[{"embeddable":true,"href":"https:\/\/www.elturistatranquil.com\/ca\/wp-json\/wp\/v2\/media\/28013"}],"wp:attachment":[{"href":"https:\/\/www.elturistatranquil.com\/ca\/wp-json\/wp\/v2\/media?parent=28149"}],"wp:term":[{"taxonomy":"category","embeddable":true,"href":"https:\/\/www.elturistatranquil.com\/ca\/wp-json\/wp\/v2\/categories?post=28149"},{"taxonomy":"post_tag","embeddable":true,"href":"https:\/\/www.elturistatranquil.com\/ca\/wp-json\/wp\/v2\/tags?post=28149"}],"curies":[{"name":"wp","href":"https:\/\/api.w.org\/{rel}","templated":true}]}}