{"id":28558,"date":"2020-02-16T22:40:10","date_gmt":"2020-02-16T21:40:10","guid":{"rendered":"https:\/\/www.elturistatranquil.com\/?p=28558"},"modified":"2020-02-17T13:15:45","modified_gmt":"2020-02-17T12:15:45","slug":"villanueva-de-los-infantes-i-montiel-ciudad-real","status":"publish","type":"post","link":"https:\/\/www.elturistatranquil.com\/ca\/villanueva-de-los-infantes-i-montiel-ciudad-real\/","title":{"rendered":"Villanueva de los Infantes i Montiel (Ciudad Real)"},"content":{"rendered":"\t\t<div data-elementor-type=\"wp-post\" data-elementor-id=\"28558\" class=\"elementor elementor-28558 elementor-28210\" data-elementor-post-type=\"post\">\n\t\t\t\t\t\t<section class=\"elementor-section elementor-top-section elementor-element elementor-element-65a71b4f elementor-section-boxed elementor-section-height-default elementor-section-height-default\" data-id=\"65a71b4f\" data-element_type=\"section\" data-e-type=\"section\">\n\t\t\t\t\t\t<div class=\"elementor-container elementor-column-gap-default\">\n\t\t\t\t\t<div class=\"elementor-column elementor-col-100 elementor-top-column elementor-element elementor-element-10866f52\" data-id=\"10866f52\" data-element_type=\"column\" data-e-type=\"column\">\n\t\t\t<div class=\"elementor-widget-wrap elementor-element-populated\">\n\t\t\t\t\t\t<section class=\"elementor-section elementor-inner-section elementor-element elementor-element-3fb24da elementor-section-content-middle elementor-section-boxed elementor-section-height-default elementor-section-height-default\" data-id=\"3fb24da\" data-element_type=\"section\" data-e-type=\"section\">\n\t\t\t\t\t\t<div class=\"elementor-container elementor-column-gap-default\">\n\t\t\t\t\t<div class=\"elementor-column elementor-col-100 elementor-inner-column elementor-element elementor-element-32b38f2\" data-id=\"32b38f2\" data-element_type=\"column\" data-e-type=\"column\">\n\t\t\t<div class=\"elementor-widget-wrap elementor-element-populated\">\n\t\t\t\t\t\t<div class=\"elementor-element elementor-element-39c11830 elementor-widget elementor-widget-text-editor\" data-id=\"39c11830\" data-element_type=\"widget\" data-e-type=\"widget\" data-widget_type=\"text-editor.default\">\n\t\t\t\t<div class=\"elementor-widget-container\">\n\t\t\t\t\t\t\t\t\t<p>Passejar per <em>Villanueva de los Infantes<\/em> i <em>Montiel<\/em> (Ciudad Real) ens endinsa en La Mancha de l&#8217;Ordre de Santiago i del Quixot, on perdura l&#8217;atmosfera d&#8217;aquell per\u00edode renaixentista-barroc de la seva \u00e8poca de puixan\u00e7a.<\/p>\t\t\t\t\t\t\t\t<\/div>\n\t\t\t\t<\/div>\n\t\t\t\t\t<\/div>\n\t\t<\/div>\n\t\t\t\t\t<\/div>\n\t\t<\/section>\n\t\t\t\t<div class=\"elementor-element elementor-element-68ff7437 elementor-widget elementor-widget-heading\" data-id=\"68ff7437\" data-element_type=\"widget\" data-e-type=\"widget\" data-widget_type=\"heading.default\">\n\t\t\t\t<div class=\"elementor-widget-container\">\n\t\t\t\t\t<h1 class=\"elementor-heading-title elementor-size-default\">Villanueva de los Infantes i Montiel (Ciudad Real)<\/h1>\t\t\t\t<\/div>\n\t\t\t\t<\/div>\n\t\t\t\t\t<\/div>\n\t\t<\/div>\n\t\t\t\t\t<\/div>\n\t\t<\/section>\n\t\t\t\t<section class=\"elementor-section elementor-top-section elementor-element elementor-element-65f433ed elementor-section-boxed elementor-section-height-default elementor-section-height-default\" data-id=\"65f433ed\" data-element_type=\"section\" data-e-type=\"section\">\n\t\t\t\t\t\t<div class=\"elementor-container elementor-column-gap-default\">\n\t\t\t\t\t<div class=\"elementor-column elementor-col-100 elementor-top-column elementor-element elementor-element-6dc27ac9\" data-id=\"6dc27ac9\" data-element_type=\"column\" data-e-type=\"column\">\n\t\t\t<div class=\"elementor-widget-wrap elementor-element-populated\">\n\t\t\t\t\t\t<div class=\"elementor-element elementor-element-58299c6e elementor-widget elementor-widget-image\" data-id=\"58299c6e\" data-element_type=\"widget\" data-e-type=\"widget\" data-widget_type=\"image.default\">\n\t\t\t\t<div class=\"elementor-widget-container\">\n\t\t\t\t\t\t\t\t\t\t\t\t<figure class=\"wp-caption\">\n\t\t\t\t\t\t\t\t\t\t<img fetchpriority=\"high\" decoding=\"async\" width=\"768\" height=\"511\" src=\"https:\/\/www.elturistatranquil.com\/wp-content\/uploads\/F01-Villanueva-de-los-Infantes.jpg\" class=\"attachment-large size-large wp-image-28216\" alt=\"Villanueva de los Infantes\" srcset=\"https:\/\/www.elturistatranquil.com\/wp-content\/uploads\/F01-Villanueva-de-los-Infantes.jpg 768w, https:\/\/www.elturistatranquil.com\/wp-content\/uploads\/F01-Villanueva-de-los-Infantes-339x226.jpg 339w\" sizes=\"(max-width: 768px) 100vw, 768px\" \/>\t\t\t\t\t\t\t\t\t\t\t<figcaption class=\"widget-image-caption wp-caption-text\"><\/figcaption>\n\t\t\t\t\t\t\t\t\t\t<\/figure>\n\t\t\t\t\t\t\t\t\t<\/div>\n\t\t\t\t<\/div>\n\t\t\t\t<div class=\"elementor-element elementor-element-2b60bbdb elementor-widget elementor-widget-spacer\" data-id=\"2b60bbdb\" data-element_type=\"widget\" data-e-type=\"widget\" data-widget_type=\"spacer.default\">\n\t\t\t\t<div class=\"elementor-widget-container\">\n\t\t\t\t\t\t\t<div class=\"elementor-spacer\">\n\t\t\t<div class=\"elementor-spacer-inner\"><\/div>\n\t\t<\/div>\n\t\t\t\t\t\t<\/div>\n\t\t\t\t<\/div>\n\t\t\t\t<div class=\"elementor-element elementor-element-7e7fbc9e elementor-widget elementor-widget-heading\" data-id=\"7e7fbc9e\" data-element_type=\"widget\" data-e-type=\"widget\" data-widget_type=\"heading.default\">\n\t\t\t\t<div class=\"elementor-widget-container\">\n\t\t\t\t\t<h2 class=\"elementor-heading-title elementor-size-default\">Villanueva de los Infantes i Montiel. Campo de Montiel. Ciudad Real <\/h2>\t\t\t\t<\/div>\n\t\t\t\t<\/div>\n\t\t\t\t<section class=\"elementor-section elementor-inner-section elementor-element elementor-element-1cd5ff23 elementor-section-boxed elementor-section-height-default elementor-section-height-default\" data-id=\"1cd5ff23\" data-element_type=\"section\" data-e-type=\"section\" data-settings=\"{&quot;background_background&quot;:&quot;classic&quot;}\">\n\t\t\t\t\t\t\t<div class=\"elementor-background-overlay\"><\/div>\n\t\t\t\t\t\t\t<div class=\"elementor-container elementor-column-gap-default\">\n\t\t\t\t\t<div class=\"elementor-column elementor-col-100 elementor-inner-column elementor-element elementor-element-28c0f7f9\" data-id=\"28c0f7f9\" data-element_type=\"column\" data-e-type=\"column\" data-settings=\"{&quot;background_background&quot;:&quot;classic&quot;}\">\n\t\t\t<div class=\"elementor-widget-wrap elementor-element-populated\">\n\t\t\t\t\t\t<div class=\"elementor-element elementor-element-5cd066ac elementor-widget elementor-widget-text-editor\" data-id=\"5cd066ac\" data-element_type=\"widget\" data-e-type=\"widget\" data-widget_type=\"text-editor.default\">\n\t\t\t\t<div class=\"elementor-widget-container\">\n\t\t\t\t\t\t\t\t\t<p>Visita: 2019<\/p>\t\t\t\t\t\t\t\t<\/div>\n\t\t\t\t<\/div>\n\t\t\t\t\t<\/div>\n\t\t<\/div>\n\t\t\t\t\t<\/div>\n\t\t<\/section>\n\t\t\t\t<div class=\"elementor-element elementor-element-12522bcb elementor-widget elementor-widget-image\" data-id=\"12522bcb\" data-element_type=\"widget\" data-e-type=\"widget\" data-widget_type=\"image.default\">\n\t\t\t\t<div class=\"elementor-widget-container\">\n\t\t\t\t\t\t\t\t\t\t\t\t<figure class=\"wp-caption\">\n\t\t\t\t\t\t\t\t\t\t<img decoding=\"async\" width=\"768\" height=\"513\" src=\"https:\/\/www.elturistatranquil.com\/wp-content\/uploads\/F02-Mapa-de-situaci\u00f3n-Villanueva-de-los-InfantesGoogle-maps-2020-02-07.jpg\" class=\"attachment-medium_large size-medium_large wp-image-28218\" alt=\"Mapa de situaci\u00f3n Villanueva de los Infantes(Google maps 2020-02-07)\" srcset=\"https:\/\/www.elturistatranquil.com\/wp-content\/uploads\/F02-Mapa-de-situaci\u00f3n-Villanueva-de-los-InfantesGoogle-maps-2020-02-07.jpg 768w, https:\/\/www.elturistatranquil.com\/wp-content\/uploads\/F02-Mapa-de-situaci\u00f3n-Villanueva-de-los-InfantesGoogle-maps-2020-02-07-339x226.jpg 339w\" sizes=\"(max-width: 768px) 100vw, 768px\" \/>\t\t\t\t\t\t\t\t\t\t\t<figcaption class=\"widget-image-caption wp-caption-text\">Mapa de situaci\u00f3 (Google maps 2020-02-07)<\/figcaption>\n\t\t\t\t\t\t\t\t\t\t<\/figure>\n\t\t\t\t\t\t\t\t\t<\/div>\n\t\t\t\t<\/div>\n\t\t\t\t<section class=\"elementor-section elementor-inner-section elementor-element elementor-element-70a19023 elementor-section-boxed elementor-section-height-default elementor-section-height-default\" data-id=\"70a19023\" data-element_type=\"section\" data-e-type=\"section\" data-settings=\"{&quot;background_background&quot;:&quot;classic&quot;}\">\n\t\t\t\t\t\t<div class=\"elementor-container elementor-column-gap-default\">\n\t\t\t\t\t<div class=\"elementor-column elementor-col-100 elementor-inner-column elementor-element elementor-element-3e45558d\" data-id=\"3e45558d\" data-element_type=\"column\" data-e-type=\"column\">\n\t\t\t<div class=\"elementor-widget-wrap elementor-element-populated\">\n\t\t\t\t\t\t<div class=\"elementor-element elementor-element-7e3c9951 elementor-widget elementor-widget-text-editor\" data-id=\"7e3c9951\" data-element_type=\"widget\" data-e-type=\"widget\" data-widget_type=\"text-editor.default\">\n\t\t\t\t<div class=\"elementor-widget-container\">\n\t\t\t\t\t\t\t\t\t<p style=\"text-align: center;\"><strong>\u00cdndex<\/strong><\/p>\t\t\t\t\t\t\t\t<\/div>\n\t\t\t\t<\/div>\n\t\t\t\t<div class=\"elementor-element elementor-element-6d767cd6 elementor-widget elementor-widget-text-editor\" data-id=\"6d767cd6\" data-element_type=\"widget\" data-e-type=\"widget\" data-widget_type=\"text-editor.default\">\n\t\t\t\t<div class=\"elementor-widget-container\">\n\t\t\t\t\t\t\t\t\t<p><a href=\"https:\/\/www.elturistatranquil.com\/ca\/villanueva-de-los-infantes-i-montiel\/#c4901\">Villanueva de los Infantes i Montiel. Campo de Montiel. Ciudad Real<\/a><\/p><p><a href=\"https:\/\/www.elturistatranquil.com\/ca\/villanueva-de-los-infantes-i-montiel\/#c4902\">El territori: El Campo de Montiel<\/a><\/p><p><a href=\"https:\/\/www.elturistatranquil.com\/ca\/villanueva-de-los-infantes-i-montiel\/#c4903\">L\u2019Ordre de Santiago<\/a><\/p><p><a href=\"https:\/\/www.elturistatranquil.com\/ca\/villanueva-de-los-infantes-i-montiel\/#c4904\">Villanueva de los Infantes<\/a><\/p><p style=\"padding-left: 40px;\"><a href=\"https:\/\/www.elturistatranquil.com\/ca\/villanueva-de-los-infantes-i-montiel\/#c4905\">Una mica d\u2019hist\u00f2ria<\/a><\/p><p><a href=\"https:\/\/www.elturistatranquil.com\/ca\/villanueva-de-los-infantes-i-montiel\/#c4906\">Recorregut per Villanueva de los Infantes<\/a><\/p><p style=\"padding-left: 40px;\"><a href=\"https:\/\/www.elturistatranquil.com\/ca\/villanueva-de-los-infantes-i-montiel\/#c4907\">Pla\u00e7a de San Juan<\/a><\/p><p style=\"padding-left: 80px;\"><a href=\"https:\/\/www.elturistatranquil.com\/ca\/villanueva-de-los-infantes-i-montiel\/#c4908\">Esgl\u00e9sia de Santo Domingo<\/a><\/p><p style=\"padding-left: 80px;\"><a href=\"https:\/\/www.elturistatranquil.com\/ca\/villanueva-de-los-infantes-i-montiel\/#c4909\">Convent de Santo Domingo i Celda de Quevedo<\/a><\/p><p style=\"padding-left: 40px;\"><a href=\"https:\/\/www.elturistatranquil.com\/ca\/villanueva-de-los-infantes-i-montiel\/#c4910\">Carrer Cervantes<\/a><\/p><p style=\"padding-left: 80px;\"><a href=\"https:\/\/www.elturistatranquil.com\/ca\/villanueva-de-los-infantes-i-montiel\/#c4911\">Museo de Arte Contempor\u00e1neo<\/a><\/p><p style=\"padding-left: 40px;\"><a href=\"https:\/\/www.elturistatranquil.com\/ca\/villanueva-de-los-infantes-i-montiel\/#c4912\">Pla\u00e7a Mayor<\/a><\/p><p style=\"padding-left: 80px;\"><a href=\"https:\/\/www.elturistatranquil.com\/ca\/villanueva-de-los-infantes-i-montiel\/#c4913\">Esgl\u00e9sia Parroquial de San Andr\u00e9s<\/a><\/p><p style=\"padding-left: 40px;\"><a href=\"https:\/\/www.elturistatranquil.com\/ca\/villanueva-de-los-infantes-i-montiel\/#c4914\">Carrer Juan Carlos I<\/a><\/p><p style=\"padding-left: 40px;\"><a href=\"https:\/\/www.elturistatranquil.com\/ca\/villanueva-de-los-infantes-i-montiel\/#c4915\">Pla\u00e7a de la Fuente Vieja<\/a><\/p><p style=\"padding-left: 80px;\"><a href=\"https:\/\/www.elturistatranquil.com\/ca\/villanueva-de-los-infantes-i-montiel\/#c4916\">Esgl\u00e9sia del Corpus Christi<\/a><\/p><p style=\"padding-left: 40px;\"><a href=\"https:\/\/www.elturistatranquil.com\/ca\/villanueva-de-los-infantes-i-montiel\/#c4917\">Carrer P\u00e9rez Ballesteros<\/a><\/p><p style=\"padding-left: 40px;\"><a href=\"https:\/\/www.elturistatranquil.com\/ca\/villanueva-de-los-infantes-i-montiel\/#c4918\">Carrer Santo Tom\u00e1s, recorregut nord<\/a><\/p><p style=\"padding-left: 40px;\"><a href=\"https:\/\/www.elturistatranquil.com\/ca\/villanueva-de-los-infantes-i-montiel\/#c4919\">Pla\u00e7a de la Trinidad<\/a><\/p><p style=\"padding-left: 80px;\"><a href=\"https:\/\/www.elturistatranquil.com\/ca\/villanueva-de-los-infantes-i-montiel\/#c4920\">Antic Convent de Trinitarios<\/a><\/p><p style=\"padding-left: 40px;\"><a href=\"https:\/\/www.elturistatranquil.com\/ca\/villanueva-de-los-infantes-i-montiel\/#c4921\">Carrer Ram\u00f3n Herrera, Pla\u00e7a Dr. Alberdi<\/a><\/p><p style=\"padding-left: 40px;\"><a href=\"https:\/\/www.elturistatranquil.com\/ca\/villanueva-de-los-infantes-i-montiel\/#c4922\">Carrer Santo Tom\u00e1s, recorregut sud<\/a><\/p><p style=\"padding-left: 80px;\"><a href=\"https:\/\/www.elturistatranquil.com\/ca\/villanueva-de-los-infantes-i-montiel\/#c4923\">Casa de los Estudios<\/a><\/p><p><a href=\"https:\/\/www.elturistatranquil.com\/ca\/villanueva-de-los-infantes-i-montiel\/#c4924\">Montiel<\/a><\/p><p style=\"padding-left: 40px;\"><a href=\"https:\/\/www.elturistatranquil.com\/ca\/villanueva-de-los-infantes-i-montiel\/#c4925\">Castell de la Estrella<\/a><\/p><p><a href=\"https:\/\/www.elturistatranquil.com\/ca\/villanueva-de-los-infantes-i-montiel\/#c4926\">Fi de la sortida<\/a><\/p><p><a href=\"https:\/\/www.elturistatranquil.com\/ca\/villanueva-de-los-infantes-i-montiel\/#c4927\">Bases d\u2019informaci\u00f3<\/a><\/p>\t\t\t\t\t\t\t\t<\/div>\n\t\t\t\t<\/div>\n\t\t\t\t\t<\/div>\n\t\t<\/div>\n\t\t\t\t\t<\/div>\n\t\t<\/section>\n\t\t\t\t<div class=\"elementor-element elementor-element-1dd912b elementor-widget elementor-widget-spacer\" data-id=\"1dd912b\" data-element_type=\"widget\" data-e-type=\"widget\" data-widget_type=\"spacer.default\">\n\t\t\t\t<div class=\"elementor-widget-container\">\n\t\t\t\t\t\t\t<div class=\"elementor-spacer\">\n\t\t\t<div class=\"elementor-spacer-inner\"><\/div>\n\t\t<\/div>\n\t\t\t\t\t\t<\/div>\n\t\t\t\t<\/div>\n\t\t\t\t<div class=\"elementor-element elementor-element-c853b9c elementor-widget elementor-widget-menu-anchor\" data-id=\"c853b9c\" data-element_type=\"widget\" data-e-type=\"widget\" data-widget_type=\"menu-anchor.default\">\n\t\t\t\t<div class=\"elementor-widget-container\">\n\t\t\t\t\t\t\t<div class=\"elementor-menu-anchor\" id=\"c4901\"><\/div>\n\t\t\t\t\t\t<\/div>\n\t\t\t\t<\/div>\n\t\t\t\t<div class=\"elementor-element elementor-element-1d7106bb elementor-widget elementor-widget-spacer\" data-id=\"1d7106bb\" data-element_type=\"widget\" data-e-type=\"widget\" data-widget_type=\"spacer.default\">\n\t\t\t\t<div class=\"elementor-widget-container\">\n\t\t\t\t\t\t\t<div class=\"elementor-spacer\">\n\t\t\t<div class=\"elementor-spacer-inner\"><\/div>\n\t\t<\/div>\n\t\t\t\t\t\t<\/div>\n\t\t\t\t<\/div>\n\t\t\t\t<div class=\"elementor-element elementor-element-b885115 elementor-widget elementor-widget-heading\" data-id=\"b885115\" data-element_type=\"widget\" data-e-type=\"widget\" data-widget_type=\"heading.default\">\n\t\t\t\t<div class=\"elementor-widget-container\">\n\t\t\t\t\t<h2 class=\"elementor-heading-title elementor-size-default\">Villanueva de los Infantes i Montiel. Campo de Montiel. Ciudad Real <\/h2>\t\t\t\t<\/div>\n\t\t\t\t<\/div>\n\t\t\t\t<div class=\"elementor-element elementor-element-1db303a1 elementor-widget elementor-widget-text-editor\" data-id=\"1db303a1\" data-element_type=\"widget\" data-e-type=\"widget\" data-widget_type=\"text-editor.default\">\n\t\t\t\t<div class=\"elementor-widget-container\">\n\t\t\t\t\t\t\t\t\t<p>Enlla\u00e7 amb el <em>Post<\/em>: <a href=\"https:\/\/www.elturistatranquil.com\/ca\/hospederia-santa-elena-tierra-de-montiel\/\" target=\"_blank\" rel=\"noopener\"><strong>Hospeder\u00eda Santa Elena, Tierra de Montiel<\/strong><\/a><\/p>\t\t\t\t\t\t\t\t<\/div>\n\t\t\t\t<\/div>\n\t\t\t\t<div class=\"elementor-element elementor-element-21a5e5d elementor-widget elementor-widget-menu-anchor\" data-id=\"21a5e5d\" data-element_type=\"widget\" data-e-type=\"widget\" data-widget_type=\"menu-anchor.default\">\n\t\t\t\t<div class=\"elementor-widget-container\">\n\t\t\t\t\t\t\t<div class=\"elementor-menu-anchor\" id=\"c4902\"><\/div>\n\t\t\t\t\t\t<\/div>\n\t\t\t\t<\/div>\n\t\t\t\t<div class=\"elementor-element elementor-element-df63639 elementor-widget elementor-widget-text-editor\" data-id=\"df63639\" data-element_type=\"widget\" data-e-type=\"widget\" data-widget_type=\"text-editor.default\">\n\t\t\t\t<div class=\"elementor-widget-container\">\n\t\t\t\t\t\t\t\t\t<p>Desde la <strong>Hospeder\u00eda Santa Elena<\/strong>, una buena salida fue dirigirme a Villanueva de los Infantes y Montiel, en el n\u00facleo duro de la comarca hist\u00f3rica de Campo de Montiel.<\/p>\t\t\t\t\t\t\t\t<\/div>\n\t\t\t\t<\/div>\n\t\t\t\t<div class=\"elementor-element elementor-element-6619cbe7 elementor-widget elementor-widget-heading\" data-id=\"6619cbe7\" data-element_type=\"widget\" data-e-type=\"widget\" data-widget_type=\"heading.default\">\n\t\t\t\t<div class=\"elementor-widget-container\">\n\t\t\t\t\t<h2 class=\"elementor-heading-title elementor-size-default\">El territori: El Campo de Montiel<\/h2>\t\t\t\t<\/div>\n\t\t\t\t<\/div>\n\t\t\t\t<div class=\"elementor-element elementor-element-2f2231f elementor-widget elementor-widget-menu-anchor\" data-id=\"2f2231f\" data-element_type=\"widget\" data-e-type=\"widget\" data-widget_type=\"menu-anchor.default\">\n\t\t\t\t<div class=\"elementor-widget-container\">\n\t\t\t\t\t\t\t<div class=\"elementor-menu-anchor\" id=\"c4903\"><\/div>\n\t\t\t\t\t\t<\/div>\n\t\t\t\t<\/div>\n\t\t\t\t<div class=\"elementor-element elementor-element-8788341 elementor-widget elementor-widget-text-editor\" data-id=\"8788341\" data-element_type=\"widget\" data-e-type=\"widget\" data-widget_type=\"text-editor.default\">\n\t\t\t\t<div class=\"elementor-widget-container\">\n\t\t\t\t\t\t\t\t\t<p>El Campo de Montiel representa una comarca amb una important c\u00e0rrega hist\u00f2rica. El Campo de Montiel hist\u00f2ric va ser m\u00e9s ampli que el que actualment es reconeix com a tal.<\/p><p>Situada al sud-est de la prov\u00edncia manxega de Ciudad Real i confrontant amb les d&#8217;Albacete i Ja\u00e9n, t\u00e9 a Villanueva de los Infantes com la seva ciutat centre neur\u00e0lgic actual. Per l&#8217;oest ser\u00e0 confrontant amb el Campo de Calatrava, aquest pertanyia a l&#8217;Ordre de Calatrava. Podeu consultar els <em>Posts<\/em> sobre <a href=\"https:\/\/www.elturistatranquil.com\/ca\/almagro-ciudad-real\/\" target=\"_blank\" rel=\"noopener\">Almagro<\/a> i <a href=\"https:\/\/www.elturistatranquil.com\/ca\/castell-de-calatrava-la-nueva-ciudad-real\/\" target=\"_blank\" rel=\"noopener\">Castell de Calatrava la Nueva<\/a>.<\/p><p>\u00c9s constatable la diversitat de tonalitats que el paisatge f\u00edsic i l&#8217;activitat agr\u00e0ria posen de manifest, amb ocres, vermells, verds, grocs blancs i violetes.<\/p><p>Aquesta comarca es va originar al rebre-la com senyoriu l&#8217;Ordre de Santiago, la qual va fundar tres pobles: Torre de Juan Abad, Alhambra i Montiel, cada un amb nombrosos llogarets que despr\u00e9s van acabar independitzant-se. Al segle XVI, el rei Felipe II va consagrar aquesta comarca al col\u00b7locar la capital comarcal a Villanueva de los Infantes, antic llogaret de Montiel.<\/p>\t\t\t\t\t\t\t\t<\/div>\n\t\t\t\t<\/div>\n\t\t\t\t<div class=\"elementor-element elementor-element-11a60d1 elementor-widget elementor-widget-heading\" data-id=\"11a60d1\" data-element_type=\"widget\" data-e-type=\"widget\" data-widget_type=\"heading.default\">\n\t\t\t\t<div class=\"elementor-widget-container\">\n\t\t\t\t\t<h2 class=\"elementor-heading-title elementor-size-default\">L\u2019Ordre de Santiago<\/h2>\t\t\t\t<\/div>\n\t\t\t\t<\/div>\n\t\t\t\t<div class=\"elementor-element elementor-element-e3b34bb elementor-widget elementor-widget-menu-anchor\" data-id=\"e3b34bb\" data-element_type=\"widget\" data-e-type=\"widget\" data-widget_type=\"menu-anchor.default\">\n\t\t\t\t<div class=\"elementor-widget-container\">\n\t\t\t\t\t\t\t<div class=\"elementor-menu-anchor\" id=\"c4904\"><\/div>\n\t\t\t\t\t\t<\/div>\n\t\t\t\t<\/div>\n\t\t\t\t<div class=\"elementor-element elementor-element-3779f093 elementor-widget elementor-widget-text-editor\" data-id=\"3779f093\" data-element_type=\"widget\" data-e-type=\"widget\" data-widget_type=\"text-editor.default\">\n\t\t\t\t<div class=\"elementor-widget-container\">\n\t\t\t\t\t\t\t\t\t<p>L&#8217;<a href=\"https:\/\/www.elturistatranquil.com\/ca\/esglesies-monestirs-i-ordres-religioses-a-ledat-mitjana\/\" target=\"_blank\" rel=\"noopener\">Ordre Militar de Santiago<\/a>, creada el 1170 pel cavaller lleon\u00e8s Pedro Fern\u00e1ndez, inicialment assentada a C\u00e0ceres, amb fins purament militars i per aix\u00f2 es denominava origin\u00e0riament Ordre de C\u00e0ceres fins que l&#8217;arquebisbe de Compostel\u00b7la va acceptar al seu mestre com a canonge de l&#8217;esgl\u00e9sia de Santiago situant als germans com a vassalls i cavallers de l&#8217;Ap\u00f2stol. Es va adscriure a l&#8217;<a href=\"https:\/\/www.elturistatranquil.com\/ca\/esglesies-monestirs-i-ordres-religioses-a-ledat-mitjana\/\" target=\"_blank\" rel=\"noopener\">observan\u00e7a can\u00f2nica de Sant Agust\u00ed<\/a>.<\/p><p>Es va fer present al Camp de Montiel gr\u00e0cies als Trast\u00e0mara.<\/p><p>Una ordre que fixa la seva capitalitat en Ucl\u00e9s (Conca) i mant\u00e9 la seva pres\u00e8ncia a la Manxa com a prov\u00edncia de Castella.<\/p><p>Al segle XV, el Papa Alexandre VI va concedir l&#8217;administraci\u00f3 del gran mestratge de l&#8217;Ordre als Reis Cat\u00f2lics, perdent la seva independ\u00e8ncia.<\/p><p>La primera Rep\u00fablica va suprimir l&#8217;Ordre en 1873 i, encara que en la Restauraci\u00f3 va ser restablerta, va quedar redu\u00efda a un institut nobiliari de car\u00e0cter honor\u00edfic regit per un Consell Superior dependent del Ministeri de la Guerra, que va quedar al seu torn extingit despr\u00e9s de la proclamaci\u00f3 de la segona Rep\u00fablica el 1931.<\/p><p>L&#8217;Ordre de Santiago, juntament amb les de Calatrava, Alc\u00e1ntara i Montesa, va ser reinstaurada com una associaci\u00f3 civil a la fi de el segle XX amb el car\u00e0cter d&#8217;organitzaci\u00f3 nobili\u00e0ria honor\u00edfica i religiosa, i roman com a tal.<\/p>\t\t\t\t\t\t\t\t<\/div>\n\t\t\t\t<\/div>\n\t\t\t\t<div class=\"elementor-element elementor-element-e2ff1fa elementor-widget elementor-widget-heading\" data-id=\"e2ff1fa\" data-element_type=\"widget\" data-e-type=\"widget\" data-widget_type=\"heading.default\">\n\t\t\t\t<div class=\"elementor-widget-container\">\n\t\t\t\t\t<h2 class=\"elementor-heading-title elementor-size-default\">Villanueva de los Infantes<\/h2>\t\t\t\t<\/div>\n\t\t\t\t<\/div>\n\t\t\t\t<div class=\"elementor-element elementor-element-25a839f elementor-widget elementor-widget-image\" data-id=\"25a839f\" data-element_type=\"widget\" data-e-type=\"widget\" data-widget_type=\"image.default\">\n\t\t\t\t<div class=\"elementor-widget-container\">\n\t\t\t\t\t\t\t\t\t\t\t\t<figure class=\"wp-caption\">\n\t\t\t\t\t\t\t\t\t\t<img decoding=\"async\" width=\"768\" height=\"512\" src=\"https:\/\/www.elturistatranquil.com\/wp-content\/uploads\/F03-Villanueva-de-los-Infantes-Google-earth-2020-02-10.jpg\" class=\"attachment-large size-large wp-image-28220\" alt=\"Villanueva de los Infantes Google earth 2020-02-10)\" srcset=\"https:\/\/www.elturistatranquil.com\/wp-content\/uploads\/F03-Villanueva-de-los-Infantes-Google-earth-2020-02-10.jpg 768w, https:\/\/www.elturistatranquil.com\/wp-content\/uploads\/F03-Villanueva-de-los-Infantes-Google-earth-2020-02-10-339x226.jpg 339w\" sizes=\"(max-width: 768px) 100vw, 768px\" \/>\t\t\t\t\t\t\t\t\t\t\t<figcaption class=\"widget-image-caption wp-caption-text\">Villanueva de los Infantes (Google earth 2020-02-10)<\/figcaption>\n\t\t\t\t\t\t\t\t\t\t<\/figure>\n\t\t\t\t\t\t\t\t\t<\/div>\n\t\t\t\t<\/div>\n\t\t\t\t<div class=\"elementor-element elementor-element-b1fcd61 elementor-widget elementor-widget-menu-anchor\" data-id=\"b1fcd61\" data-element_type=\"widget\" data-e-type=\"widget\" data-widget_type=\"menu-anchor.default\">\n\t\t\t\t<div class=\"elementor-widget-container\">\n\t\t\t\t\t\t\t<div class=\"elementor-menu-anchor\" id=\"c4905\"><\/div>\n\t\t\t\t\t\t<\/div>\n\t\t\t\t<\/div>\n\t\t\t\t<div class=\"elementor-element elementor-element-21ad646 elementor-widget elementor-widget-text-editor\" data-id=\"21ad646\" data-element_type=\"widget\" data-e-type=\"widget\" data-widget_type=\"text-editor.default\">\n\t\t\t\t<div class=\"elementor-widget-container\">\n\t\t\t\t\t\t\t\t\t<p>Comarca: Campo de Montiel. Prov\u00edncia: Ciudad Real. Com. Aut\u00f2noma: Castilla-La Mancha. Coordenades: 38\u00b044\u203203\u2033N 3\u00b001\u203200\u2033O. Altitud: 880 msnm. Poblaci\u00f3: 4.935 habitants (2019).<\/p><p>Declarada <em>Conjunt Hist\u00f2ric Art\u00edstic<\/em> en 1974.<\/p>\t\t\t\t\t\t\t\t<\/div>\n\t\t\t\t<\/div>\n\t\t\t\t<div class=\"elementor-element elementor-element-f703e7e elementor-widget elementor-widget-heading\" data-id=\"f703e7e\" data-element_type=\"widget\" data-e-type=\"widget\" data-widget_type=\"heading.default\">\n\t\t\t\t<div class=\"elementor-widget-container\">\n\t\t\t\t\t<h3 class=\"elementor-heading-title elementor-size-default\">Una mica d'hist\u00f2ria<\/h3>\t\t\t\t<\/div>\n\t\t\t\t<\/div>\n\t\t\t\t<div class=\"elementor-element elementor-element-e1827a3 elementor-widget elementor-widget-text-editor\" data-id=\"e1827a3\" data-element_type=\"widget\" data-e-type=\"widget\" data-widget_type=\"text-editor.default\">\n\t\t\t\t<div class=\"elementor-widget-container\">\n\t\t\t\t\t\t\t\t\t<p>En el terme municipal de Villanueva de los Infantes s&#8217;ha verificat la pres\u00e8ncia de l&#8217;home en jaciments calcol\u00edtics del per\u00edode entre els anys 2500-1200 a.C., aix\u00ed com posterior pres\u00e8ncia ibera oretana i romana. No obstant aix\u00f2, en l&#8217;empla\u00e7ament de la mateixa localitat no hi ha testimonis anteriors a l&#8217;Edat Mitjana.<\/p><p>El poblament de Villanueva de los Infantes sembla derivar de la conflu\u00e8ncia de les poblacions medievals de la Moraleja, Jamila i el Castell de Pe\u00f1aflor. Per problemes de salubritat van acabar concentrant-se en La Moraleja, que era depenent de Montiel.<\/p><p>El 10 de febrer de 1412, el Maestre de Santiago i Infant d&#8217;Arag\u00f3, Enrique, va donar privilegis a la vila i el nom de Villanueva del Infante. Despr\u00e9s d&#8217;una controv\u00e8rsia pol\u00edtica, en 1480 va acabar anomenant-se Villanueva de los Infantes, en relaci\u00f3 amb Enrique i els seus germans.<\/p><p>L&#8217;Ordre de Santiago va desenvolupar una activitat constructiva d&#8217;edificis religiosos a la zona de la m\u00e0 de Francisco de Lluna, la seva filla Luisa va casar amb Andr\u00e9s de Vandelvira.<\/p><p>Dins de la senzillesa i austeritat de l&#8217;Ordre construeixen, a Infantes, una gran esgl\u00e9sia d&#8217;una sola nau amb cap\u00e7alera poligonal que ser\u00e0 el centre de la poblaci\u00f3: l&#8217;Esgl\u00e9sia de San Andres. Un projecte renaixentista ple de signes santiaguistas en nombrosos llocs de l&#8217;edificaci\u00f3.<\/p><p>El nou ordre de la renaixen\u00e7a canviar\u00e0 el concepte de ciutat, remodelant-la regida per la puixant i influent oligarquia dominant de l&#8217;Ordre de Santiago. De la tradici\u00f3 musulmana es passar\u00e0 a una urbanitzaci\u00f3 personalitzada dominada per palaus que evidencien les difer\u00e8ncies socials.<\/p><p>El creixement que va acompanyar a la vila va fer que Felipe II, en 1573, la proclam\u00e9s capital de l&#8217;hist\u00f2ric Campo de Montiel, establint-se en ella la Vicar\u00eda i la Gobernaci\u00f3n.<\/p><p>Figures com Sant Tom\u00e1s de Villanueva, l&#8217;humanista Bartolom\u00e9 Jim\u00e9nez Pat\u00f3n, l&#8217;artista Francisco Cano o grans icones culturals com Quevedo, Cervantes i Lope de Vega van convertir la vila en un important focus cultural i espiritual.<\/p><p>Amb un rellevant paper estrat\u00e8gic i militar a la Guerra de la Independ\u00e8ncia, va estar sota domini franc\u00e8s l&#8217;1 de gener de 1810 tot i que aquest domini va durar menys de dos anys. El 25 de juliol de 1812 la Junta de la prov\u00edncia de La Mancha va jurar i va proclamar a la seva Pla\u00e7a Major la primera Constituci\u00f3 Espanyola.<\/p><p>A l&#8217;\u00e9sser desposse\u00efda de la seva antiga Governaci\u00f3n en 1834 i de la Vicar\u00eda en 1875 es va iniciar la decad\u00e8ncia de la poblaci\u00f3.<\/p><p>El 1895 la regent Maria Cristina li va concedir el t\u00edtol de ciutat.<\/p><p>El 1974 va ser declarada <em>Conjunt Hist\u00f2ric-Art\u00edstic.<\/em><\/p><p>Cal ressenyar, segons els estudis de professor <a href=\"https:\/\/cvc.cervantes.es\/literatura\/cervantistas\/congresos\/cg_VIII\/cg_VIII_60.pdf\" target=\"_blank\" rel=\"noopener\">Francisco Parra Luna<\/a>, que Villanueva dels Infants seria el &#8220;l<em>ugar de la Mancha de cuyo nombre no quiero acordarme<\/em> &#8221; del Quixot.<\/p><p>La ciutat es configura des de la pla\u00e7a Mayor, inicialment un espai de gran senzillesa de car\u00e0cter comunal i els camins de Montiel i Almedina confluint a la pla\u00e7a de San Juan. El carrer Cervantes unir\u00e0 els dos elements com a viari representatiu de la ciutat.<\/p><p>Les cases busquen la noblesa de les seves fa\u00e7anes i emmarquen les entrades de l&#8217;habitatge i el balc\u00f3 de la planta superior en una composici\u00f3 vertical que valora aix\u00ed el conjunt de l&#8217;edifici.<\/p><p>El proc\u00e9s es desenvolupa en un context en qu\u00e8 les fam\u00edlies nobles competeixen en la seva pres\u00e8ncia urbana.<\/p>\t\t\t\t\t\t\t\t<\/div>\n\t\t\t\t<\/div>\n\t\t\t\t<div class=\"elementor-element elementor-element-8d015f9 elementor-widget elementor-widget-menu-anchor\" data-id=\"8d015f9\" data-element_type=\"widget\" data-e-type=\"widget\" data-widget_type=\"menu-anchor.default\">\n\t\t\t\t<div class=\"elementor-widget-container\">\n\t\t\t\t\t\t\t<div class=\"elementor-menu-anchor\" id=\"c4906\"><\/div>\n\t\t\t\t\t\t<\/div>\n\t\t\t\t<\/div>\n\t\t\t\t<div class=\"elementor-element elementor-element-f32d40b elementor-widget elementor-widget-heading\" data-id=\"f32d40b\" data-element_type=\"widget\" data-e-type=\"widget\" data-widget_type=\"heading.default\">\n\t\t\t\t<div class=\"elementor-widget-container\">\n\t\t\t\t\t<h2 class=\"elementor-heading-title elementor-size-default\">Recorregut per Villanueva de los Infantes<\/h2>\t\t\t\t<\/div>\n\t\t\t\t<\/div>\n\t\t\t\t<div class=\"elementor-element elementor-element-2c2475d elementor-widget elementor-widget-image\" data-id=\"2c2475d\" data-element_type=\"widget\" data-e-type=\"widget\" data-widget_type=\"image.default\">\n\t\t\t\t<div class=\"elementor-widget-container\">\n\t\t\t\t\t\t\t\t\t\t\t\t<figure class=\"wp-caption\">\n\t\t\t\t\t\t\t\t\t\t<img loading=\"lazy\" decoding=\"async\" width=\"768\" height=\"512\" src=\"https:\/\/www.elturistatranquil.com\/wp-content\/uploads\/F04a-Villanueva-de-los-Infantes-Google-earth-2020-02-10.jpg\" class=\"attachment-large size-large wp-image-28224\" alt=\"Villanueva de los Infantes (Google earth 2020-02-10)\" srcset=\"https:\/\/www.elturistatranquil.com\/wp-content\/uploads\/F04a-Villanueva-de-los-Infantes-Google-earth-2020-02-10.jpg 768w, https:\/\/www.elturistatranquil.com\/wp-content\/uploads\/F04a-Villanueva-de-los-Infantes-Google-earth-2020-02-10-339x226.jpg 339w\" sizes=\"(max-width: 768px) 100vw, 768px\" \/>\t\t\t\t\t\t\t\t\t\t\t<figcaption class=\"widget-image-caption wp-caption-text\">Ruta per Villanueva de los Infantes (Google earth 2020-02-10)<\/figcaption>\n\t\t\t\t\t\t\t\t\t\t<\/figure>\n\t\t\t\t\t\t\t\t\t<\/div>\n\t\t\t\t<\/div>\n\t\t\t\t<div class=\"elementor-element elementor-element-5a9a3fd elementor-widget elementor-widget-text-editor\" data-id=\"5a9a3fd\" data-element_type=\"widget\" data-e-type=\"widget\" data-widget_type=\"text-editor.default\">\n\t\t\t\t<div class=\"elementor-widget-container\">\n\t\t\t\t\t\t\t\t\t<p>Iniciar\u00e9 el recorregut per la <strong>Pla\u00e7a de San Juan<\/strong> (<strong>A<\/strong>), a la zona sud de centre hist\u00f2ric.<\/p><p>A l&#8217;arribar a Villanueva dels Infants em dirigeixo directament al centre i aparco al <strong>carrer Almenas<\/strong>, al costat de la Pla\u00e7a de San Juan, el que em permet un primer contacte amb la tipologia constructiva popular en una estructura urbana de carrers en general rectes, encara que sense formar una forma ortogonal.<\/p><p>El predomini \u00e9s de cases individuals, agrupades en illes, de dos nivells, planta baixa i un pis amb balcons i reixes a totes les finestres cobrint-lestotalment, dominant el tipus de reixa toledana, segons crec.<\/p>\t\t\t\t\t\t\t\t<\/div>\n\t\t\t\t<\/div>\n\t\t\t\t<div class=\"elementor-element elementor-element-136add9 elementor-widget elementor-widget-image\" data-id=\"136add9\" data-element_type=\"widget\" data-e-type=\"widget\" data-widget_type=\"image.default\">\n\t\t\t\t<div class=\"elementor-widget-container\">\n\t\t\t\t\t\t\t\t\t\t\t\t<figure class=\"wp-caption\">\n\t\t\t\t\t\t\t\t\t\t<img loading=\"lazy\" decoding=\"async\" width=\"768\" height=\"511\" src=\"https:\/\/www.elturistatranquil.com\/wp-content\/uploads\/F04b-Villanueva-de-los-Infantes.jpg\" class=\"attachment-large size-large wp-image-28226\" alt=\"Villanueva de los Infantes\" srcset=\"https:\/\/www.elturistatranquil.com\/wp-content\/uploads\/F04b-Villanueva-de-los-Infantes.jpg 768w, https:\/\/www.elturistatranquil.com\/wp-content\/uploads\/F04b-Villanueva-de-los-Infantes-339x226.jpg 339w\" sizes=\"(max-width: 768px) 100vw, 768px\" \/>\t\t\t\t\t\t\t\t\t\t\t<figcaption class=\"widget-image-caption wp-caption-text\"><\/figcaption>\n\t\t\t\t\t\t\t\t\t\t<\/figure>\n\t\t\t\t\t\t\t\t\t<\/div>\n\t\t\t\t<\/div>\n\t\t\t\t<div class=\"elementor-element elementor-element-df95e74 elementor-widget elementor-widget-menu-anchor\" data-id=\"df95e74\" data-element_type=\"widget\" data-e-type=\"widget\" data-widget_type=\"menu-anchor.default\">\n\t\t\t\t<div class=\"elementor-widget-container\">\n\t\t\t\t\t\t\t<div class=\"elementor-menu-anchor\" id=\"c4907\"><\/div>\n\t\t\t\t\t\t<\/div>\n\t\t\t\t<\/div>\n\t\t\t\t<div class=\"elementor-element elementor-element-892fe85 elementor-widget elementor-widget-text-editor\" data-id=\"892fe85\" data-element_type=\"widget\" data-e-type=\"widget\" data-widget_type=\"text-editor.default\">\n\t\t\t\t<div class=\"elementor-widget-container\">\n\t\t\t\t\t\t\t\t\t<p>Un advertiment a la presentaci\u00f3 del recorregut. Dels m\u00faltiples palaus i cases pairals que es distribueixen per Villanueva de los Infantes, nom\u00e9s d&#8217;alguns d&#8217;ells s&#8217;ofereix informaci\u00f3 tur\u00edstica. De la resta, generalment tamb\u00e9 de notable inter\u00e8s art\u00edstic, haurem de conformar-nos amb admirar-los al nostre pas. Per exemple, en les fitxesdel <em>Cat\u00e1logo De Bienes Protegidos<\/em> no hi ha cap refer\u00e8ncia de data de construcci\u00f3, autoria, propietat o refer\u00e8ncia hist\u00f2rica.<\/p><p>Com la presentaci\u00f3 la efectuar\u00e9 seguint un recorregut per carrers, la refer\u00e8ncia ser\u00e0 el n\u00famero del carrer en la qual es troba.\u00a0<\/p>\t\t\t\t\t\t\t\t<\/div>\n\t\t\t\t<\/div>\n\t\t\t\t<div class=\"elementor-element elementor-element-75534949 elementor-widget elementor-widget-heading\" data-id=\"75534949\" data-element_type=\"widget\" data-e-type=\"widget\" data-widget_type=\"heading.default\">\n\t\t\t\t<div class=\"elementor-widget-container\">\n\t\t\t\t\t<h3 class=\"elementor-heading-title elementor-size-default\">Pla\u00e7a de San Juan<\/h3>\t\t\t\t<\/div>\n\t\t\t\t<\/div>\n\t\t\t\t<div class=\"elementor-element elementor-element-5ed39f7 elementor-widget elementor-widget-text-editor\" data-id=\"5ed39f7\" data-element_type=\"widget\" data-e-type=\"widget\" data-widget_type=\"text-editor.default\">\n\t\t\t\t<div class=\"elementor-widget-container\">\n\t\t\t\t\t\t\t\t\t<p>La <strong>Plaza de San Juan<\/strong> (<strong>A<\/strong>) \u00e9s el punt d&#8217;arrencada, o de conflu\u00e8ncia, dels quatre carrers nord-sud que configuren el barri m\u00e9s antic.<\/p>\t\t\t\t\t\t\t\t<\/div>\n\t\t\t\t<\/div>\n\t\t\t\t<div class=\"elementor-element elementor-element-43d384e elementor-widget elementor-widget-image\" data-id=\"43d384e\" data-element_type=\"widget\" data-e-type=\"widget\" data-widget_type=\"image.default\">\n\t\t\t\t<div class=\"elementor-widget-container\">\n\t\t\t\t\t\t\t\t\t\t\t\t<figure class=\"wp-caption\">\n\t\t\t\t\t\t\t\t\t\t<img loading=\"lazy\" decoding=\"async\" width=\"768\" height=\"511\" src=\"https:\/\/www.elturistatranquil.com\/wp-content\/uploads\/F05-Villanueva-de-los-Infantes.jpg\" class=\"attachment-large size-large wp-image-28228\" alt=\"Villanueva de los Infantes\" srcset=\"https:\/\/www.elturistatranquil.com\/wp-content\/uploads\/F05-Villanueva-de-los-Infantes.jpg 768w, https:\/\/www.elturistatranquil.com\/wp-content\/uploads\/F05-Villanueva-de-los-Infantes-339x226.jpg 339w\" sizes=\"(max-width: 768px) 100vw, 768px\" \/>\t\t\t\t\t\t\t\t\t\t\t<figcaption class=\"widget-image-caption wp-caption-text\"><\/figcaption>\n\t\t\t\t\t\t\t\t\t\t<\/figure>\n\t\t\t\t\t\t\t\t\t<\/div>\n\t\t\t\t<\/div>\n\t\t\t\t<div class=\"elementor-element elementor-element-d347fd6 elementor-widget elementor-widget-text-editor\" data-id=\"d347fd6\" data-element_type=\"widget\" data-e-type=\"widget\" data-widget_type=\"text-editor.default\">\n\t\t\t\t<div class=\"elementor-widget-container\">\n\t\t\t\t\t\t\t\t\t<p>Per prolongaci\u00f3 dels dos carrers externes, carrer de Santo Tom\u00e1s i carrer Don Tom\u00e1s el M\u00e9dico, li donen una forma triangular.<\/p>\t\t\t\t\t\t\t\t<\/div>\n\t\t\t\t<\/div>\n\t\t\t\t<div class=\"elementor-element elementor-element-9c21feb elementor-widget elementor-widget-image\" data-id=\"9c21feb\" data-element_type=\"widget\" data-e-type=\"widget\" data-widget_type=\"image.default\">\n\t\t\t\t<div class=\"elementor-widget-container\">\n\t\t\t\t\t\t\t\t\t\t\t\t<figure class=\"wp-caption\">\n\t\t\t\t\t\t\t\t\t\t<img loading=\"lazy\" decoding=\"async\" width=\"768\" height=\"511\" src=\"https:\/\/www.elturistatranquil.com\/wp-content\/uploads\/F06a-Villanueva-de-los-Infantes.jpg\" class=\"attachment-large size-large wp-image-28230\" alt=\"Villanueva de los Infantes\" srcset=\"https:\/\/www.elturistatranquil.com\/wp-content\/uploads\/F06a-Villanueva-de-los-Infantes.jpg 768w, https:\/\/www.elturistatranquil.com\/wp-content\/uploads\/F06a-Villanueva-de-los-Infantes-339x226.jpg 339w\" sizes=\"(max-width: 768px) 100vw, 768px\" \/>\t\t\t\t\t\t\t\t\t\t\t<figcaption class=\"widget-image-caption wp-caption-text\"><\/figcaption>\n\t\t\t\t\t\t\t\t\t\t<\/figure>\n\t\t\t\t\t\t\t\t\t<\/div>\n\t\t\t\t<\/div>\n\t\t\t\t<div class=\"elementor-element elementor-element-6c43deb elementor-widget elementor-widget-text-editor\" data-id=\"6c43deb\" data-element_type=\"widget\" data-e-type=\"widget\" data-widget_type=\"text-editor.default\">\n\t\t\t\t<div class=\"elementor-widget-container\">\n\t\t\t\t\t\t\t\t\t<p>A la banda nord, que correspon al costat m\u00e9s estret del triangle, i a on desemboca el carrer Cervantes, s&#8217;observen dos edificis d\u2019inter\u00e8s catalogats per\u00f2 sense refer\u00e8ncies.<\/p><p>A l&#8217;esquerra, un casalot de tres nivells, amb tots els atributs de l&#8217;arquitectura popular que acabo d&#8217;assenyalar.<\/p>\t\t\t\t\t\t\t\t<\/div>\n\t\t\t\t<\/div>\n\t\t\t\t<div class=\"elementor-element elementor-element-ed1f977 elementor-widget elementor-widget-image\" data-id=\"ed1f977\" data-element_type=\"widget\" data-e-type=\"widget\" data-widget_type=\"image.default\">\n\t\t\t\t<div class=\"elementor-widget-container\">\n\t\t\t\t\t\t\t\t\t\t\t\t<figure class=\"wp-caption\">\n\t\t\t\t\t\t\t\t\t\t<img loading=\"lazy\" decoding=\"async\" width=\"768\" height=\"511\" src=\"https:\/\/www.elturistatranquil.com\/wp-content\/uploads\/F06b-Villanueva-de-los-Infantes.jpg\" class=\"attachment-large size-large wp-image-28232\" alt=\"Villanueva de los Infantes\" srcset=\"https:\/\/www.elturistatranquil.com\/wp-content\/uploads\/F06b-Villanueva-de-los-Infantes.jpg 768w, https:\/\/www.elturistatranquil.com\/wp-content\/uploads\/F06b-Villanueva-de-los-Infantes-339x226.jpg 339w\" sizes=\"(max-width: 768px) 100vw, 768px\" \/>\t\t\t\t\t\t\t\t\t\t\t<figcaption class=\"widget-image-caption wp-caption-text\"><\/figcaption>\n\t\t\t\t\t\t\t\t\t\t<\/figure>\n\t\t\t\t\t\t\t\t\t<\/div>\n\t\t\t\t<\/div>\n\t\t\t\t<div class=\"elementor-element elementor-element-31c123c elementor-widget elementor-widget-text-editor\" data-id=\"31c123c\" data-element_type=\"widget\" data-e-type=\"widget\" data-widget_type=\"text-editor.default\">\n\t\t\t\t<div class=\"elementor-widget-container\">\n\t\t\t\t\t\t\t\t\t<p>A la dreta, un edifici protegit, d&#8217;arquitectura popular d&#8217;aparell toled\u00e0 (ma\u00f3 vermell amb rectangles de pedra de ma\u00e7oneria), que alberga a les Serves de Jes\u00fas de la Caritat.<\/p>\t\t\t\t\t\t\t\t<\/div>\n\t\t\t\t<\/div>\n\t\t\t\t<div class=\"elementor-element elementor-element-45bdaa2 elementor-widget elementor-widget-menu-anchor\" data-id=\"45bdaa2\" data-element_type=\"widget\" data-e-type=\"widget\" data-widget_type=\"menu-anchor.default\">\n\t\t\t\t<div class=\"elementor-widget-container\">\n\t\t\t\t\t\t\t<div class=\"elementor-menu-anchor\" id=\"c4908\"><\/div>\n\t\t\t\t\t\t<\/div>\n\t\t\t\t<\/div>\n\t\t\t\t<div class=\"elementor-element elementor-element-c35c32f elementor-widget elementor-widget-image\" data-id=\"c35c32f\" data-element_type=\"widget\" data-e-type=\"widget\" data-widget_type=\"image.default\">\n\t\t\t\t<div class=\"elementor-widget-container\">\n\t\t\t\t\t\t\t\t\t\t\t\t<figure class=\"wp-caption\">\n\t\t\t\t\t\t\t\t\t\t<img loading=\"lazy\" decoding=\"async\" width=\"768\" height=\"512\" src=\"https:\/\/www.elturistatranquil.com\/wp-content\/uploads\/F06c-Villanueva-de-los-Infantes.jpg\" class=\"attachment-large size-large wp-image-28234\" alt=\"Villanueva de los Infantes\" srcset=\"https:\/\/www.elturistatranquil.com\/wp-content\/uploads\/F06c-Villanueva-de-los-Infantes.jpg 768w, https:\/\/www.elturistatranquil.com\/wp-content\/uploads\/F06c-Villanueva-de-los-Infantes-339x226.jpg 339w\" sizes=\"(max-width: 768px) 100vw, 768px\" \/>\t\t\t\t\t\t\t\t\t\t\t<figcaption class=\"widget-image-caption wp-caption-text\"><\/figcaption>\n\t\t\t\t\t\t\t\t\t\t<\/figure>\n\t\t\t\t\t\t\t\t\t<\/div>\n\t\t\t\t<\/div>\n\t\t\t\t<div class=\"elementor-element elementor-element-266d578e elementor-widget elementor-widget-heading\" data-id=\"266d578e\" data-element_type=\"widget\" data-e-type=\"widget\" data-widget_type=\"heading.default\">\n\t\t\t\t<div class=\"elementor-widget-container\">\n\t\t\t\t\t<h4 class=\"elementor-heading-title elementor-size-default\">Esgl\u00e9sia de Santo Domingo<\/h4>\t\t\t\t<\/div>\n\t\t\t\t<\/div>\n\t\t\t\t<div class=\"elementor-element elementor-element-31e4436 elementor-widget elementor-widget-text-editor\" data-id=\"31e4436\" data-element_type=\"widget\" data-e-type=\"widget\" data-widget_type=\"text-editor.default\">\n\t\t\t\t<div class=\"elementor-widget-container\">\n\t\t\t\t\t\t\t\t\t<p>Avan\u00e7ant cap al centre de la poblaci\u00f3, l&#8217;edifici m\u00e9s significatiu de la pla\u00e7a \u00e9s l&#8217;<strong>Esgl\u00e9sia<\/strong> <strong>del Convent de Santo Domingo<\/strong> (<strong>1<\/strong>).<\/p>\t\t\t\t\t\t\t\t<\/div>\n\t\t\t\t<\/div>\n\t\t\t\t<div class=\"elementor-element elementor-element-e22bec7 elementor-widget elementor-widget-image\" data-id=\"e22bec7\" data-element_type=\"widget\" data-e-type=\"widget\" data-widget_type=\"image.default\">\n\t\t\t\t<div class=\"elementor-widget-container\">\n\t\t\t\t\t\t\t\t\t\t\t\t<figure class=\"wp-caption\">\n\t\t\t\t\t\t\t\t\t\t<img loading=\"lazy\" decoding=\"async\" width=\"768\" height=\"511\" src=\"https:\/\/www.elturistatranquil.com\/wp-content\/uploads\/F07-Villanueva-de-los-Infantes.jpg\" class=\"attachment-large size-large wp-image-28236\" alt=\"Villanueva de los Infantes\" srcset=\"https:\/\/www.elturistatranquil.com\/wp-content\/uploads\/F07-Villanueva-de-los-Infantes.jpg 768w, https:\/\/www.elturistatranquil.com\/wp-content\/uploads\/F07-Villanueva-de-los-Infantes-339x226.jpg 339w\" sizes=\"(max-width: 768px) 100vw, 768px\" \/>\t\t\t\t\t\t\t\t\t\t\t<figcaption class=\"widget-image-caption wp-caption-text\"><\/figcaption>\n\t\t\t\t\t\t\t\t\t\t<\/figure>\n\t\t\t\t\t\t\t\t\t<\/div>\n\t\t\t\t<\/div>\n\t\t\t\t<div class=\"elementor-element elementor-element-2beee08 elementor-widget elementor-widget-text-editor\" data-id=\"2beee08\" data-element_type=\"widget\" data-e-type=\"widget\" data-widget_type=\"text-editor.default\">\n\t\t\t\t<div class=\"elementor-widget-container\">\n\t\t\t\t\t\t\t\t\t<p>L&#8217;Esgl\u00e9sia \u00e9s de el segle XVII i, de forma inusual, el temple est\u00e0 orientat cap al sud-est.<\/p>\t\t\t\t\t\t\t\t<\/div>\n\t\t\t\t<\/div>\n\t\t\t\t<div class=\"elementor-element elementor-element-3131143 elementor-widget elementor-widget-image\" data-id=\"3131143\" data-element_type=\"widget\" data-e-type=\"widget\" data-widget_type=\"image.default\">\n\t\t\t\t<div class=\"elementor-widget-container\">\n\t\t\t\t\t\t\t\t\t\t\t\t<figure class=\"wp-caption\">\n\t\t\t\t\t\t\t\t\t\t<img loading=\"lazy\" decoding=\"async\" width=\"768\" height=\"511\" src=\"https:\/\/www.elturistatranquil.com\/wp-content\/uploads\/F08a-Villanueva-de-los-Infantes-Iglesia-de-Santo-Domingo-Google-maps-2020-02-11.jpg\" class=\"attachment-large size-large wp-image-28238\" alt=\"Villanueva de los Infantes Iglesia de Santo Domingo (Google maps 2020-02-11)\" srcset=\"https:\/\/www.elturistatranquil.com\/wp-content\/uploads\/F08a-Villanueva-de-los-Infantes-Iglesia-de-Santo-Domingo-Google-maps-2020-02-11.jpg 768w, https:\/\/www.elturistatranquil.com\/wp-content\/uploads\/F08a-Villanueva-de-los-Infantes-Iglesia-de-Santo-Domingo-Google-maps-2020-02-11-339x226.jpg 339w\" sizes=\"(max-width: 768px) 100vw, 768px\" \/>\t\t\t\t\t\t\t\t\t\t\t<figcaption class=\"widget-image-caption wp-caption-text\">Convent i Esgl\u00e9sia de Santo Domingo (Google maps 2020-02-11)<\/figcaption>\n\t\t\t\t\t\t\t\t\t\t<\/figure>\n\t\t\t\t\t\t\t\t\t<\/div>\n\t\t\t\t<\/div>\n\t\t\t\t<div class=\"elementor-element elementor-element-07b0d52 elementor-widget elementor-widget-image\" data-id=\"07b0d52\" data-element_type=\"widget\" data-e-type=\"widget\" data-widget_type=\"image.default\">\n\t\t\t\t<div class=\"elementor-widget-container\">\n\t\t\t\t\t\t\t\t\t\t\t\t<figure class=\"wp-caption\">\n\t\t\t\t\t\t\t\t\t\t<img loading=\"lazy\" decoding=\"async\" width=\"768\" height=\"512\" src=\"https:\/\/www.elturistatranquil.com\/wp-content\/uploads\/F08b-Villanueva-de-los-Infantes-Convento-de-Santo-Domingo.jpg\" class=\"attachment-large size-large wp-image-28240\" alt=\"Villanueva de los Infantes Convento de Santo Domingo\" srcset=\"https:\/\/www.elturistatranquil.com\/wp-content\/uploads\/F08b-Villanueva-de-los-Infantes-Convento-de-Santo-Domingo.jpg 768w, https:\/\/www.elturistatranquil.com\/wp-content\/uploads\/F08b-Villanueva-de-los-Infantes-Convento-de-Santo-Domingo-339x226.jpg 339w\" sizes=\"(max-width: 768px) 100vw, 768px\" \/>\t\t\t\t\t\t\t\t\t\t\t<figcaption class=\"widget-image-caption wp-caption-text\"><\/figcaption>\n\t\t\t\t\t\t\t\t\t\t<\/figure>\n\t\t\t\t\t\t\t\t\t<\/div>\n\t\t\t\t<\/div>\n\t\t\t\t<div class=\"elementor-element elementor-element-9294bbe elementor-widget elementor-widget-text-editor\" data-id=\"9294bbe\" data-element_type=\"widget\" data-e-type=\"widget\" data-widget_type=\"text-editor.default\">\n\t\t\t\t<div class=\"elementor-widget-container\">\n\t\t\t\t\t\t\t\t\t<p>La forma exterior de l&#8217;edifici \u00e9s simple. Amb els murs de carreus fins de mar\u00e8s. Nom\u00e9s destaca la portada principal de la banda de l&#8217;evangeli, que d\u00f3na a la pla\u00e7a de San Juan, que, al seu torn, \u00e9s un senzill arc de mig punt emmarcat per columnes j\u00f2niques sobre pedestals, amb una forn\u00edcula amb la imatge de Santo Domingo.<\/p>\t\t\t\t\t\t\t\t<\/div>\n\t\t\t\t<\/div>\n\t\t\t\t<div class=\"elementor-element elementor-element-c8be1ef elementor-widget elementor-widget-image\" data-id=\"c8be1ef\" data-element_type=\"widget\" data-e-type=\"widget\" data-widget_type=\"image.default\">\n\t\t\t\t<div class=\"elementor-widget-container\">\n\t\t\t\t\t\t\t\t\t\t\t\t<figure class=\"wp-caption\">\n\t\t\t\t\t\t\t\t\t\t<img loading=\"lazy\" decoding=\"async\" width=\"768\" height=\"511\" src=\"https:\/\/www.elturistatranquil.com\/wp-content\/uploads\/F09-Villanueva-de-los-Infantes-Iglesia-de-Santo-Domingo.jpg\" class=\"attachment-large size-large wp-image-28242\" alt=\"Villanueva de los Infantes Iglesia de Santo Domingo\" srcset=\"https:\/\/www.elturistatranquil.com\/wp-content\/uploads\/F09-Villanueva-de-los-Infantes-Iglesia-de-Santo-Domingo.jpg 768w, https:\/\/www.elturistatranquil.com\/wp-content\/uploads\/F09-Villanueva-de-los-Infantes-Iglesia-de-Santo-Domingo-339x226.jpg 339w\" sizes=\"(max-width: 768px) 100vw, 768px\" \/>\t\t\t\t\t\t\t\t\t\t\t<figcaption class=\"widget-image-caption wp-caption-text\"><\/figcaption>\n\t\t\t\t\t\t\t\t\t\t<\/figure>\n\t\t\t\t\t\t\t\t\t<\/div>\n\t\t\t\t<\/div>\n\t\t\t\t<div class=\"elementor-element elementor-element-fea7e42 elementor-widget elementor-widget-image\" data-id=\"fea7e42\" data-element_type=\"widget\" data-e-type=\"widget\" data-widget_type=\"image.default\">\n\t\t\t\t<div class=\"elementor-widget-container\">\n\t\t\t\t\t\t\t\t\t\t\t\t<figure class=\"wp-caption\">\n\t\t\t\t\t\t\t\t\t\t<img loading=\"lazy\" decoding=\"async\" width=\"768\" height=\"511\" src=\"https:\/\/www.elturistatranquil.com\/wp-content\/uploads\/F10-Villanueva-de-los-Infantes-Iglesia-de-Santo-Domingo.jpg\" class=\"attachment-large size-large wp-image-28244\" alt=\"Villanueva de los Infantes Iglesia de Santo Domingo\" srcset=\"https:\/\/www.elturistatranquil.com\/wp-content\/uploads\/F10-Villanueva-de-los-Infantes-Iglesia-de-Santo-Domingo.jpg 768w, https:\/\/www.elturistatranquil.com\/wp-content\/uploads\/F10-Villanueva-de-los-Infantes-Iglesia-de-Santo-Domingo-339x226.jpg 339w\" sizes=\"(max-width: 768px) 100vw, 768px\" \/>\t\t\t\t\t\t\t\t\t\t\t<figcaption class=\"widget-image-caption wp-caption-text\"><\/figcaption>\n\t\t\t\t\t\t\t\t\t\t<\/figure>\n\t\t\t\t\t\t\t\t\t<\/div>\n\t\t\t\t<\/div>\n\t\t\t\t<div class=\"elementor-element elementor-element-095efef elementor-widget elementor-widget-text-editor\" data-id=\"095efef\" data-element_type=\"widget\" data-e-type=\"widget\" data-widget_type=\"text-editor.default\">\n\t\t\t\t<div class=\"elementor-widget-container\">\n\t\t\t\t\t\t\t\t\t<p>Al <strong>carrer Frailes<\/strong> se situa una segona porta, als peus del temple. \u00c9s d&#8217;un simple arc de mig punt sense cap decoraci\u00f3. Amb una petita espadanya lateral que sost\u00e9 una lleugera campana.<\/p>\t\t\t\t\t\t\t\t<\/div>\n\t\t\t\t<\/div>\n\t\t\t\t<div class=\"elementor-element elementor-element-342eb6c elementor-widget elementor-widget-image\" data-id=\"342eb6c\" data-element_type=\"widget\" data-e-type=\"widget\" data-widget_type=\"image.default\">\n\t\t\t\t<div class=\"elementor-widget-container\">\n\t\t\t\t\t\t\t\t\t\t\t\t<figure class=\"wp-caption\">\n\t\t\t\t\t\t\t\t\t\t<img loading=\"lazy\" decoding=\"async\" width=\"768\" height=\"511\" src=\"https:\/\/www.elturistatranquil.com\/wp-content\/uploads\/F11-Villanueva-de-los-Infantes-Iglesia-de-Santo-Domingo.jpg\" class=\"attachment-large size-large wp-image-28246\" alt=\"Villanueva de los Infantes Iglesia de Santo Domingo\" srcset=\"https:\/\/www.elturistatranquil.com\/wp-content\/uploads\/F11-Villanueva-de-los-Infantes-Iglesia-de-Santo-Domingo.jpg 768w, https:\/\/www.elturistatranquil.com\/wp-content\/uploads\/F11-Villanueva-de-los-Infantes-Iglesia-de-Santo-Domingo-339x226.jpg 339w\" sizes=\"(max-width: 768px) 100vw, 768px\" \/>\t\t\t\t\t\t\t\t\t\t\t<figcaption class=\"widget-image-caption wp-caption-text\"><\/figcaption>\n\t\t\t\t\t\t\t\t\t\t<\/figure>\n\t\t\t\t\t\t\t\t\t<\/div>\n\t\t\t\t<\/div>\n\t\t\t\t<div class=\"elementor-element elementor-element-ed4755a elementor-widget elementor-widget-text-editor\" data-id=\"ed4755a\" data-element_type=\"widget\" data-e-type=\"widget\" data-widget_type=\"text-editor.default\">\n\t\t\t\t<div class=\"elementor-widget-container\">\n\t\t\t\t\t\t\t\t\t<p>L&#8217;interior presenta una planta en creu llatina d&#8217;una sola nau i tres capelles laterals a banda i banda, constru\u00efda seguint les normes de la Contrarreforma.<\/p><p>Altar elevat amb un retaule barroc de columnes salom\u00f2niques i la imatge de Nuestro Padre Jes\u00fas Nazareno, obra de l&#8217;escultor sevill\u00e0 Antonio Illanes. Sobre ell, frescos referents a Santo Domingo.<\/p>\t\t\t\t\t\t\t\t<\/div>\n\t\t\t\t<\/div>\n\t\t\t\t<div class=\"elementor-element elementor-element-95cfbf9 elementor-widget elementor-widget-image\" data-id=\"95cfbf9\" data-element_type=\"widget\" data-e-type=\"widget\" data-widget_type=\"image.default\">\n\t\t\t\t<div class=\"elementor-widget-container\">\n\t\t\t\t\t\t\t\t\t\t\t\t<figure class=\"wp-caption\">\n\t\t\t\t\t\t\t\t\t\t<img loading=\"lazy\" decoding=\"async\" width=\"768\" height=\"511\" src=\"https:\/\/www.elturistatranquil.com\/wp-content\/uploads\/F12-Villanueva-de-los-Infantes-Iglesia-de-Santo-Domingo.jpg\" class=\"attachment-large size-large wp-image-28248\" alt=\"Villanueva de los Infantes Iglesia de Santo Domingo\" srcset=\"https:\/\/www.elturistatranquil.com\/wp-content\/uploads\/F12-Villanueva-de-los-Infantes-Iglesia-de-Santo-Domingo.jpg 768w, https:\/\/www.elturistatranquil.com\/wp-content\/uploads\/F12-Villanueva-de-los-Infantes-Iglesia-de-Santo-Domingo-339x226.jpg 339w\" sizes=\"(max-width: 768px) 100vw, 768px\" \/>\t\t\t\t\t\t\t\t\t\t\t<figcaption class=\"widget-image-caption wp-caption-text\"><\/figcaption>\n\t\t\t\t\t\t\t\t\t\t<\/figure>\n\t\t\t\t\t\t\t\t\t<\/div>\n\t\t\t\t<\/div>\n\t\t\t\t<div class=\"elementor-element elementor-element-048ed7a elementor-widget elementor-widget-image\" data-id=\"048ed7a\" data-element_type=\"widget\" data-e-type=\"widget\" data-widget_type=\"image.default\">\n\t\t\t\t<div class=\"elementor-widget-container\">\n\t\t\t\t\t\t\t\t\t\t\t\t<figure class=\"wp-caption\">\n\t\t\t\t\t\t\t\t\t\t<img loading=\"lazy\" decoding=\"async\" width=\"768\" height=\"511\" src=\"https:\/\/www.elturistatranquil.com\/wp-content\/uploads\/F13-Villanueva-de-los-Infantes-Iglesia-de-Santo-Domingo.jpg\" class=\"attachment-large size-large wp-image-28256\" alt=\"Villanueva de los Infantes Iglesia de Santo Domingo\" srcset=\"https:\/\/www.elturistatranquil.com\/wp-content\/uploads\/F13-Villanueva-de-los-Infantes-Iglesia-de-Santo-Domingo.jpg 768w, https:\/\/www.elturistatranquil.com\/wp-content\/uploads\/F13-Villanueva-de-los-Infantes-Iglesia-de-Santo-Domingo-339x226.jpg 339w\" sizes=\"(max-width: 768px) 100vw, 768px\" \/>\t\t\t\t\t\t\t\t\t\t\t<figcaption class=\"widget-image-caption wp-caption-text\"><\/figcaption>\n\t\t\t\t\t\t\t\t\t\t<\/figure>\n\t\t\t\t\t\t\t\t\t<\/div>\n\t\t\t\t<\/div>\n\t\t\t\t<div class=\"elementor-element elementor-element-c0a9453 elementor-widget elementor-widget-text-editor\" data-id=\"c0a9453\" data-element_type=\"widget\" data-e-type=\"widget\" data-widget_type=\"text-editor.default\">\n\t\t\t\t<div class=\"elementor-widget-container\">\n\t\t\t\t\t\t\t\t\t<p>Als peus, el cor, que s&#8217;estructura sobre una volta de creueria. I la porta d&#8217;acc\u00e9s del carrer Frailes.<\/p>\t\t\t\t\t\t\t\t<\/div>\n\t\t\t\t<\/div>\n\t\t\t\t<div class=\"elementor-element elementor-element-48a8fe0 elementor-widget elementor-widget-image\" data-id=\"48a8fe0\" data-element_type=\"widget\" data-e-type=\"widget\" data-widget_type=\"image.default\">\n\t\t\t\t<div class=\"elementor-widget-container\">\n\t\t\t\t\t\t\t\t\t\t\t\t<figure class=\"wp-caption\">\n\t\t\t\t\t\t\t\t\t\t<img loading=\"lazy\" decoding=\"async\" width=\"768\" height=\"511\" src=\"https:\/\/www.elturistatranquil.com\/wp-content\/uploads\/F14-Villanueva-de-los-Infantes-Iglesia-de-Santo-Domingo.jpg\" class=\"attachment-large size-large wp-image-28250\" alt=\"Villanueva de los Infantes Iglesia de Santo Domingo\" srcset=\"https:\/\/www.elturistatranquil.com\/wp-content\/uploads\/F14-Villanueva-de-los-Infantes-Iglesia-de-Santo-Domingo.jpg 768w, https:\/\/www.elturistatranquil.com\/wp-content\/uploads\/F14-Villanueva-de-los-Infantes-Iglesia-de-Santo-Domingo-339x226.jpg 339w\" sizes=\"(max-width: 768px) 100vw, 768px\" \/>\t\t\t\t\t\t\t\t\t\t\t<figcaption class=\"widget-image-caption wp-caption-text\"><\/figcaption>\n\t\t\t\t\t\t\t\t\t\t<\/figure>\n\t\t\t\t\t\t\t\t\t<\/div>\n\t\t\t\t<\/div>\n\t\t\t\t<div class=\"elementor-element elementor-element-7b46c5c elementor-widget elementor-widget-menu-anchor\" data-id=\"7b46c5c\" data-element_type=\"widget\" data-e-type=\"widget\" data-widget_type=\"menu-anchor.default\">\n\t\t\t\t<div class=\"elementor-widget-container\">\n\t\t\t\t\t\t\t<div class=\"elementor-menu-anchor\" id=\"c4909\"><\/div>\n\t\t\t\t\t\t<\/div>\n\t\t\t\t<\/div>\n\t\t\t\t<div class=\"elementor-element elementor-element-977b489 elementor-widget elementor-widget-image\" data-id=\"977b489\" data-element_type=\"widget\" data-e-type=\"widget\" data-widget_type=\"image.default\">\n\t\t\t\t<div class=\"elementor-widget-container\">\n\t\t\t\t\t\t\t\t\t\t\t\t<figure class=\"wp-caption\">\n\t\t\t\t\t\t\t\t\t\t<img loading=\"lazy\" decoding=\"async\" width=\"768\" height=\"511\" src=\"https:\/\/www.elturistatranquil.com\/wp-content\/uploads\/F15-Villanueva-de-los-Infantes-Iglesia-de-Santo-Domingo.jpg\" class=\"attachment-large size-large wp-image-28252\" alt=\"Villanueva de los Infantes Iglesia de Santo Domingo\" srcset=\"https:\/\/www.elturistatranquil.com\/wp-content\/uploads\/F15-Villanueva-de-los-Infantes-Iglesia-de-Santo-Domingo.jpg 768w, https:\/\/www.elturistatranquil.com\/wp-content\/uploads\/F15-Villanueva-de-los-Infantes-Iglesia-de-Santo-Domingo-339x226.jpg 339w\" sizes=\"(max-width: 768px) 100vw, 768px\" \/>\t\t\t\t\t\t\t\t\t\t\t<figcaption class=\"widget-image-caption wp-caption-text\"><\/figcaption>\n\t\t\t\t\t\t\t\t\t\t<\/figure>\n\t\t\t\t\t\t\t\t\t<\/div>\n\t\t\t\t<\/div>\n\t\t\t\t<div class=\"elementor-element elementor-element-c1c3f70 elementor-widget elementor-widget-heading\" data-id=\"c1c3f70\" data-element_type=\"widget\" data-e-type=\"widget\" data-widget_type=\"heading.default\">\n\t\t\t\t<div class=\"elementor-widget-container\">\n\t\t\t\t\t<h4 class=\"elementor-heading-title elementor-size-default\">Convent de Santo Domingo i Celda de Quevedo<\/h4>\t\t\t\t<\/div>\n\t\t\t\t<\/div>\n\t\t\t\t<div class=\"elementor-element elementor-element-0be402e elementor-widget elementor-widget-text-editor\" data-id=\"0be402e\" data-element_type=\"widget\" data-e-type=\"widget\" data-widget_type=\"text-editor.default\">\n\t\t\t\t<div class=\"elementor-widget-container\">\n\t\t\t\t\t\t\t\t\t<p>Al carrer Frailes, contigu a l&#8217;Esgl\u00e9sia de Sant Domingo, es troba el Convent de Sant Domingo (2).<\/p><p>Va ser fundat en 1526, amb el patrocini de la fam\u00edlia Garcifern\u00e1ndez i desamortitzat en 1844 per Mendiz\u00e1bal.<\/p><p>La fa\u00e7ana de cadirat, continuaci\u00f3 del mur dels peus de l&#8217;Esgl\u00e9sia, \u00e9s completament llisa. Nom\u00e9s amb les obertures de la porta d&#8217;acc\u00e9s, d&#8217;arc de mig punt amb dovelles, a la banda de la porta de l&#8217;Esgl\u00e9sia, i la filera de finestres rectangulars a dos nivells, protegides amb reixes toledanes.<\/p>\t\t\t\t\t\t\t\t<\/div>\n\t\t\t\t<\/div>\n\t\t\t\t<div class=\"elementor-element elementor-element-88cfa44 elementor-widget elementor-widget-image\" data-id=\"88cfa44\" data-element_type=\"widget\" data-e-type=\"widget\" data-widget_type=\"image.default\">\n\t\t\t\t<div class=\"elementor-widget-container\">\n\t\t\t\t\t\t\t\t\t\t\t\t<figure class=\"wp-caption\">\n\t\t\t\t\t\t\t\t\t\t<img loading=\"lazy\" decoding=\"async\" width=\"768\" height=\"511\" src=\"https:\/\/www.elturistatranquil.com\/wp-content\/uploads\/F16-Villanueva-de-los-Infantes-Convento-de-Santo-Domingo.jpg\" class=\"attachment-large size-large wp-image-28254\" alt=\"Villanueva de los Infantes Convento de Santo Domingo\" srcset=\"https:\/\/www.elturistatranquil.com\/wp-content\/uploads\/F16-Villanueva-de-los-Infantes-Convento-de-Santo-Domingo.jpg 768w, https:\/\/www.elturistatranquil.com\/wp-content\/uploads\/F16-Villanueva-de-los-Infantes-Convento-de-Santo-Domingo-339x226.jpg 339w\" sizes=\"(max-width: 768px) 100vw, 768px\" \/>\t\t\t\t\t\t\t\t\t\t\t<figcaption class=\"widget-image-caption wp-caption-text\"><\/figcaption>\n\t\t\t\t\t\t\t\t\t\t<\/figure>\n\t\t\t\t\t\t\t\t\t<\/div>\n\t\t\t\t<\/div>\n\t\t\t\t<div class=\"elementor-element elementor-element-7d9f393 elementor-widget elementor-widget-text-editor\" data-id=\"7d9f393\" data-element_type=\"widget\" data-e-type=\"widget\" data-widget_type=\"text-editor.default\">\n\t\t\t\t<div class=\"elementor-widget-container\">\n\t\t\t\t\t\t\t\t\t<p>Un fet destacable en la hist\u00f2ria del convent va ser l&#8217;haver allotjat fins la seva mort al poeta Francisco de Quevedo en 1645, rememorant les seves estances, com es veu al llarg de la visita.<\/p><p>Com a s\u00edmbol d&#8217;aquesta estada, al costat del vest\u00edbul d&#8217;entrada es troba una escultura del bust del poeta, sobre l&#8217;emblema de l&#8217;Ordre de Santiago.<\/p>\t\t\t\t\t\t\t\t<\/div>\n\t\t\t\t<\/div>\n\t\t\t\t<div class=\"elementor-element elementor-element-443cb02 elementor-widget elementor-widget-image\" data-id=\"443cb02\" data-element_type=\"widget\" data-e-type=\"widget\" data-widget_type=\"image.default\">\n\t\t\t\t<div class=\"elementor-widget-container\">\n\t\t\t\t\t\t\t\t\t\t\t\t<figure class=\"wp-caption\">\n\t\t\t\t\t\t\t\t\t\t<img loading=\"lazy\" decoding=\"async\" width=\"768\" height=\"511\" src=\"https:\/\/www.elturistatranquil.com\/wp-content\/uploads\/F17-Villanueva-de-los-Infantes-Convento-de-Santo-Domingo.jpg\" class=\"attachment-large size-large wp-image-28258\" alt=\"Villanueva de los Infantes Convento de Santo Domingo\" srcset=\"https:\/\/www.elturistatranquil.com\/wp-content\/uploads\/F17-Villanueva-de-los-Infantes-Convento-de-Santo-Domingo.jpg 768w, https:\/\/www.elturistatranquil.com\/wp-content\/uploads\/F17-Villanueva-de-los-Infantes-Convento-de-Santo-Domingo-339x226.jpg 339w\" sizes=\"(max-width: 768px) 100vw, 768px\" \/>\t\t\t\t\t\t\t\t\t\t\t<figcaption class=\"widget-image-caption wp-caption-text\"><\/figcaption>\n\t\t\t\t\t\t\t\t\t\t<\/figure>\n\t\t\t\t\t\t\t\t\t<\/div>\n\t\t\t\t<\/div>\n\t\t\t\t<div class=\"elementor-element elementor-element-77defb6 elementor-widget elementor-widget-text-editor\" data-id=\"77defb6\" data-element_type=\"widget\" data-e-type=\"widget\" data-widget_type=\"text-editor.default\">\n\t\t\t\t<div class=\"elementor-widget-container\">\n\t\t\t\t\t\t\t\t\t<p>S&#8217;accedeix al claustre, una de les parts m\u00e9s interessants del recinte.<\/p><p>De planta quadrada, \u00e9s un claustre de ma\u00f3 mud\u00e8jar, amb arcs de mig punt en el nivell del pati, i vans de dintell en el superior.<\/p>\t\t\t\t\t\t\t\t<\/div>\n\t\t\t\t<\/div>\n\t\t\t\t<div class=\"elementor-element elementor-element-0557359 elementor-widget elementor-widget-image\" data-id=\"0557359\" data-element_type=\"widget\" data-e-type=\"widget\" data-widget_type=\"image.default\">\n\t\t\t\t<div class=\"elementor-widget-container\">\n\t\t\t\t\t\t\t\t\t\t\t\t<figure class=\"wp-caption\">\n\t\t\t\t\t\t\t\t\t\t<img loading=\"lazy\" decoding=\"async\" width=\"768\" height=\"511\" src=\"https:\/\/www.elturistatranquil.com\/wp-content\/uploads\/F18-Villanueva-de-los-Infantes-Convento-de-Santo-Domingo.jpg\" class=\"attachment-large size-large wp-image-28260\" alt=\"Villanueva de los Infantes Convento de Santo Domingo\" srcset=\"https:\/\/www.elturistatranquil.com\/wp-content\/uploads\/F18-Villanueva-de-los-Infantes-Convento-de-Santo-Domingo.jpg 768w, https:\/\/www.elturistatranquil.com\/wp-content\/uploads\/F18-Villanueva-de-los-Infantes-Convento-de-Santo-Domingo-339x226.jpg 339w\" sizes=\"(max-width: 768px) 100vw, 768px\" \/>\t\t\t\t\t\t\t\t\t\t\t<figcaption class=\"widget-image-caption wp-caption-text\"><\/figcaption>\n\t\t\t\t\t\t\t\t\t\t<\/figure>\n\t\t\t\t\t\t\t\t\t<\/div>\n\t\t\t\t<\/div>\n\t\t\t\t<div class=\"elementor-element elementor-element-201c282 elementor-widget elementor-widget-image\" data-id=\"201c282\" data-element_type=\"widget\" data-e-type=\"widget\" data-widget_type=\"image.default\">\n\t\t\t\t<div class=\"elementor-widget-container\">\n\t\t\t\t\t\t\t\t\t\t\t\t<figure class=\"wp-caption\">\n\t\t\t\t\t\t\t\t\t\t<img loading=\"lazy\" decoding=\"async\" width=\"768\" height=\"511\" src=\"https:\/\/www.elturistatranquil.com\/wp-content\/uploads\/F19-Villanueva-de-los-Infantes-Convento-de-Santo-Domingo.jpg\" class=\"attachment-large size-large wp-image-28262\" alt=\"Villanueva de los Infantes Convento de Santo Domingo\" srcset=\"https:\/\/www.elturistatranquil.com\/wp-content\/uploads\/F19-Villanueva-de-los-Infantes-Convento-de-Santo-Domingo.jpg 768w, https:\/\/www.elturistatranquil.com\/wp-content\/uploads\/F19-Villanueva-de-los-Infantes-Convento-de-Santo-Domingo-339x226.jpg 339w\" sizes=\"(max-width: 768px) 100vw, 768px\" \/>\t\t\t\t\t\t\t\t\t\t\t<figcaption class=\"widget-image-caption wp-caption-text\"><\/figcaption>\n\t\t\t\t\t\t\t\t\t\t<\/figure>\n\t\t\t\t\t\t\t\t\t<\/div>\n\t\t\t\t<\/div>\n\t\t\t\t<div class=\"elementor-element elementor-element-cd43891 elementor-widget elementor-widget-text-editor\" data-id=\"cd43891\" data-element_type=\"widget\" data-e-type=\"widget\" data-widget_type=\"text-editor.default\">\n\t\t\t\t<div class=\"elementor-widget-container\">\n\t\t\t\t\t\t\t\t\t<p>Una escala interior condueix al primer pis on es troba la cel\u00b7la de Quevedo, on va morir el dia 8 de setembre de 1645.<\/p>\t\t\t\t\t\t\t\t<\/div>\n\t\t\t\t<\/div>\n\t\t\t\t<div class=\"elementor-element elementor-element-cc04c1e elementor-widget elementor-widget-image\" data-id=\"cc04c1e\" data-element_type=\"widget\" data-e-type=\"widget\" data-widget_type=\"image.default\">\n\t\t\t\t<div class=\"elementor-widget-container\">\n\t\t\t\t\t\t\t\t\t\t\t\t<figure class=\"wp-caption\">\n\t\t\t\t\t\t\t\t\t\t<img loading=\"lazy\" decoding=\"async\" width=\"768\" height=\"511\" src=\"https:\/\/www.elturistatranquil.com\/wp-content\/uploads\/F20-Villanueva-de-los-Infantes-Convento-de-Santo-Domingo.jpg\" class=\"attachment-large size-large wp-image-28264\" alt=\"Villanueva de los Infantes Convento de Santo Domingo\" srcset=\"https:\/\/www.elturistatranquil.com\/wp-content\/uploads\/F20-Villanueva-de-los-Infantes-Convento-de-Santo-Domingo.jpg 768w, https:\/\/www.elturistatranquil.com\/wp-content\/uploads\/F20-Villanueva-de-los-Infantes-Convento-de-Santo-Domingo-339x226.jpg 339w\" sizes=\"(max-width: 768px) 100vw, 768px\" \/>\t\t\t\t\t\t\t\t\t\t\t<figcaption class=\"widget-image-caption wp-caption-text\"><\/figcaption>\n\t\t\t\t\t\t\t\t\t\t<\/figure>\n\t\t\t\t\t\t\t\t\t<\/div>\n\t\t\t\t<\/div>\n\t\t\t\t<div class=\"elementor-element elementor-element-93d26f9 elementor-widget elementor-widget-image\" data-id=\"93d26f9\" data-element_type=\"widget\" data-e-type=\"widget\" data-widget_type=\"image.default\">\n\t\t\t\t<div class=\"elementor-widget-container\">\n\t\t\t\t\t\t\t\t\t\t\t\t<figure class=\"wp-caption\">\n\t\t\t\t\t\t\t\t\t\t<img loading=\"lazy\" decoding=\"async\" width=\"768\" height=\"511\" src=\"https:\/\/www.elturistatranquil.com\/wp-content\/uploads\/F21-Villanueva-de-los-Infantes-Convento-de-Santo-Domingo.jpg\" class=\"attachment-large size-large wp-image-28266\" alt=\"\" srcset=\"https:\/\/www.elturistatranquil.com\/wp-content\/uploads\/F21-Villanueva-de-los-Infantes-Convento-de-Santo-Domingo.jpg 768w, https:\/\/www.elturistatranquil.com\/wp-content\/uploads\/F21-Villanueva-de-los-Infantes-Convento-de-Santo-Domingo-339x226.jpg 339w\" sizes=\"(max-width: 768px) 100vw, 768px\" \/>\t\t\t\t\t\t\t\t\t\t\t<figcaption class=\"widget-image-caption wp-caption-text\"><\/figcaption>\n\t\t\t\t\t\t\t\t\t\t<\/figure>\n\t\t\t\t\t\t\t\t\t<\/div>\n\t\t\t\t<\/div>\n\t\t\t\t<div class=\"elementor-element elementor-element-a01401b elementor-widget elementor-widget-text-editor\" data-id=\"a01401b\" data-element_type=\"widget\" data-e-type=\"widget\" data-widget_type=\"text-editor.default\">\n\t\t\t\t<div class=\"elementor-widget-container\">\n\t\t\t\t\t\t\t\t\t<p>La cel\u00b7la est\u00e0 formada per dues estances, una primera amb escriptori de treball i, a continuaci\u00f3, el dormitori.<\/p>\t\t\t\t\t\t\t\t<\/div>\n\t\t\t\t<\/div>\n\t\t\t\t<div class=\"elementor-element elementor-element-c0d98f0 elementor-widget elementor-widget-image\" data-id=\"c0d98f0\" data-element_type=\"widget\" data-e-type=\"widget\" data-widget_type=\"image.default\">\n\t\t\t\t<div class=\"elementor-widget-container\">\n\t\t\t\t\t\t\t\t\t\t\t\t<figure class=\"wp-caption\">\n\t\t\t\t\t\t\t\t\t\t<img loading=\"lazy\" decoding=\"async\" width=\"768\" height=\"511\" src=\"https:\/\/www.elturistatranquil.com\/wp-content\/uploads\/F22-Villanueva-de-los-Infantes-Celda-de-Quevedo.jpg\" class=\"attachment-large size-large wp-image-28270\" alt=\"Villanueva de los Infantes Celda de Quevedo\" srcset=\"https:\/\/www.elturistatranquil.com\/wp-content\/uploads\/F22-Villanueva-de-los-Infantes-Celda-de-Quevedo.jpg 768w, https:\/\/www.elturistatranquil.com\/wp-content\/uploads\/F22-Villanueva-de-los-Infantes-Celda-de-Quevedo-339x226.jpg 339w\" sizes=\"(max-width: 768px) 100vw, 768px\" \/>\t\t\t\t\t\t\t\t\t\t\t<figcaption class=\"widget-image-caption wp-caption-text\"><\/figcaption>\n\t\t\t\t\t\t\t\t\t\t<\/figure>\n\t\t\t\t\t\t\t\t\t<\/div>\n\t\t\t\t<\/div>\n\t\t\t\t<div class=\"elementor-element elementor-element-fb05233 elementor-widget elementor-widget-image\" data-id=\"fb05233\" data-element_type=\"widget\" data-e-type=\"widget\" data-widget_type=\"image.default\">\n\t\t\t\t<div class=\"elementor-widget-container\">\n\t\t\t\t\t\t\t\t\t\t\t\t<figure class=\"wp-caption\">\n\t\t\t\t\t\t\t\t\t\t<img loading=\"lazy\" decoding=\"async\" width=\"768\" height=\"511\" src=\"https:\/\/www.elturistatranquil.com\/wp-content\/uploads\/F23-Villanueva-de-los-Infantes-Celda-de-Quevedo.jpg\" class=\"attachment-large size-large wp-image-28272\" alt=\"Villanueva de los Infantes Celda de Quevedo\" srcset=\"https:\/\/www.elturistatranquil.com\/wp-content\/uploads\/F23-Villanueva-de-los-Infantes-Celda-de-Quevedo.jpg 768w, https:\/\/www.elturistatranquil.com\/wp-content\/uploads\/F23-Villanueva-de-los-Infantes-Celda-de-Quevedo-339x226.jpg 339w\" sizes=\"(max-width: 768px) 100vw, 768px\" \/>\t\t\t\t\t\t\t\t\t\t\t<figcaption class=\"widget-image-caption wp-caption-text\"><\/figcaption>\n\t\t\t\t\t\t\t\t\t\t<\/figure>\n\t\t\t\t\t\t\t\t\t<\/div>\n\t\t\t\t<\/div>\n\t\t\t\t<div class=\"elementor-element elementor-element-5acfc5e elementor-widget elementor-widget-text-editor\" data-id=\"5acfc5e\" data-element_type=\"widget\" data-e-type=\"widget\" data-widget_type=\"text-editor.default\">\n\t\t\t\t<div class=\"elementor-widget-container\">\n\t\t\t\t\t\t\t\t\t<p>A les parets hi ha penjats diversos escrits dels \u00faltims dies de l&#8217;poeta. Entre ells un sonet &#8220;quan ja pressentia la seva fi&#8221;.<\/p>\t\t\t\t\t\t\t\t<\/div>\n\t\t\t\t<\/div>\n\t\t\t\t<div class=\"elementor-element elementor-element-cfe475e elementor-widget elementor-widget-menu-anchor\" data-id=\"cfe475e\" data-element_type=\"widget\" data-e-type=\"widget\" data-widget_type=\"menu-anchor.default\">\n\t\t\t\t<div class=\"elementor-widget-container\">\n\t\t\t\t\t\t\t<div class=\"elementor-menu-anchor\" id=\"c4910\"><\/div>\n\t\t\t\t\t\t<\/div>\n\t\t\t\t<\/div>\n\t\t\t\t<div class=\"elementor-element elementor-element-924956e elementor-widget elementor-widget-image\" data-id=\"924956e\" data-element_type=\"widget\" data-e-type=\"widget\" data-widget_type=\"image.default\">\n\t\t\t\t<div class=\"elementor-widget-container\">\n\t\t\t\t\t\t\t\t\t\t\t\t<figure class=\"wp-caption\">\n\t\t\t\t\t\t\t\t\t\t<img loading=\"lazy\" decoding=\"async\" width=\"768\" height=\"511\" src=\"https:\/\/www.elturistatranquil.com\/wp-content\/uploads\/F24-Villanueva-de-los-Infantes-Celda-de-Quevedo.jpg\" class=\"attachment-large size-large wp-image-28274\" alt=\"Villanueva de los Infantes Celda de Quevedo\" srcset=\"https:\/\/www.elturistatranquil.com\/wp-content\/uploads\/F24-Villanueva-de-los-Infantes-Celda-de-Quevedo.jpg 768w, https:\/\/www.elturistatranquil.com\/wp-content\/uploads\/F24-Villanueva-de-los-Infantes-Celda-de-Quevedo-339x226.jpg 339w\" sizes=\"(max-width: 768px) 100vw, 768px\" \/>\t\t\t\t\t\t\t\t\t\t\t<figcaption class=\"widget-image-caption wp-caption-text\"><\/figcaption>\n\t\t\t\t\t\t\t\t\t\t<\/figure>\n\t\t\t\t\t\t\t\t\t<\/div>\n\t\t\t\t<\/div>\n\t\t\t\t<div class=\"elementor-element elementor-element-3406acc elementor-widget elementor-widget-heading\" data-id=\"3406acc\" data-element_type=\"widget\" data-e-type=\"widget\" data-widget_type=\"heading.default\">\n\t\t\t\t<div class=\"elementor-widget-container\">\n\t\t\t\t\t<h3 class=\"elementor-heading-title elementor-size-default\">Carrer Cervantes<\/h3>\t\t\t\t<\/div>\n\t\t\t\t<\/div>\n\t\t\t\t<div class=\"elementor-element elementor-element-7827bf9 elementor-widget elementor-widget-text-editor\" data-id=\"7827bf9\" data-element_type=\"widget\" data-e-type=\"widget\" data-widget_type=\"text-editor.default\">\n\t\t\t\t<div class=\"elementor-widget-container\">\n\t\t\t\t\t\t\t\t\t<p>A la part central del costat estret de la pla\u00e7a de San Juan, a la banda nord, acaba el carrer Cervantes, que t\u00e9 el seu origen en la pla\u00e7a Mayor. Seguir\u00e9 aquest recorregut.<\/p><p>El <strong>carrer Cervantes<\/strong> (<strong>B<\/strong>) \u00e9s el carrer principal en la qual es van instal\u00b7lar les fam\u00edlies nobles, mostrant aix\u00ed el seu gran poder econ\u00f2mic i prestigi social.<\/p><p>A l&#8217;entrar al carrer s&#8217;obt\u00e9 aquesta perspectiva. Alguns trams del carrer estan coberts per tendals per protegir del sol als transe\u00fcnts.<\/p><p>L&#8217;esquema constructiu de les cases pairals \u00e9s similar en totes elles. Un edifici de planta quadrangular, amb un pati central en forma de claustre. Una fa\u00e7ana decorada, generalment amb columnes toscanes, i l&#8217;escut d&#8217;armes quan es disposa d&#8217;ell, volen mostrar el poder del seu propietari. L&#8217;entrada a trav\u00e9s de la portada condueix al pati central i a una escala noble per pujar a la primera planta, on se situa l&#8217;\u00e0mbit de resid\u00e8ncia.<\/p>\t\t\t\t\t\t\t\t<\/div>\n\t\t\t\t<\/div>\n\t\t\t\t<div class=\"elementor-element elementor-element-cb177bf elementor-widget elementor-widget-image\" data-id=\"cb177bf\" data-element_type=\"widget\" data-e-type=\"widget\" data-widget_type=\"image.default\">\n\t\t\t\t<div class=\"elementor-widget-container\">\n\t\t\t\t\t\t\t\t\t\t\t\t<figure class=\"wp-caption\">\n\t\t\t\t\t\t\t\t\t\t<img loading=\"lazy\" decoding=\"async\" width=\"768\" height=\"511\" src=\"https:\/\/www.elturistatranquil.com\/wp-content\/uploads\/F25-Villanueva-de-los-Infantes-Calle-Cervantes.jpg\" class=\"attachment-large size-large wp-image-28276\" alt=\"Villanueva de los Infantes Calle Cervantes\" srcset=\"https:\/\/www.elturistatranquil.com\/wp-content\/uploads\/F25-Villanueva-de-los-Infantes-Calle-Cervantes.jpg 768w, https:\/\/www.elturistatranquil.com\/wp-content\/uploads\/F25-Villanueva-de-los-Infantes-Calle-Cervantes-339x226.jpg 339w\" sizes=\"(max-width: 768px) 100vw, 768px\" \/>\t\t\t\t\t\t\t\t\t\t\t<figcaption class=\"widget-image-caption wp-caption-text\"><\/figcaption>\n\t\t\t\t\t\t\t\t\t\t<\/figure>\n\t\t\t\t\t\t\t\t\t<\/div>\n\t\t\t\t<\/div>\n\t\t\t\t<div class=\"elementor-element elementor-element-bf15fbe elementor-widget elementor-widget-text-editor\" data-id=\"bf15fbe\" data-element_type=\"widget\" data-e-type=\"widget\" data-widget_type=\"text-editor.default\">\n\t\t\t\t<div class=\"elementor-widget-container\">\n\t\t\t\t\t\t\t\t\t<p>En el primer tram a la banda esquerra en el <strong>n\u00ba 36<\/strong> es presenta una casa de dos nivells amb l&#8217;estructura m\u00e9s dominant entre les cases de solera: dos nivells d&#8217;edificaci\u00f3; una porta d&#8217;entrada i la porta de la balconada principal de carreus de pedra sorrenca amb dintell; mentre el conjunt de la fa\u00e7ana tota emblanquinada, segueix el model d&#8217;arquitectura popular amb finestres amb reixa toledana a la planta baixa i balcons a la planta superior.<\/p>\t\t\t\t\t\t\t\t<\/div>\n\t\t\t\t<\/div>\n\t\t\t\t<div class=\"elementor-element elementor-element-796eee1 elementor-widget elementor-widget-image\" data-id=\"796eee1\" data-element_type=\"widget\" data-e-type=\"widget\" data-widget_type=\"image.default\">\n\t\t\t\t<div class=\"elementor-widget-container\">\n\t\t\t\t\t\t\t\t\t\t\t\t<figure class=\"wp-caption\">\n\t\t\t\t\t\t\t\t\t\t<img loading=\"lazy\" decoding=\"async\" width=\"768\" height=\"511\" src=\"https:\/\/www.elturistatranquil.com\/wp-content\/uploads\/F26-Villanueva-de-los-Infantes-Calle-Cervantes.jpg\" class=\"attachment-large size-large wp-image-28278\" alt=\"Villanueva de los Infantes Calle Cervantes\" srcset=\"https:\/\/www.elturistatranquil.com\/wp-content\/uploads\/F26-Villanueva-de-los-Infantes-Calle-Cervantes.jpg 768w, https:\/\/www.elturistatranquil.com\/wp-content\/uploads\/F26-Villanueva-de-los-Infantes-Calle-Cervantes-339x226.jpg 339w\" sizes=\"(max-width: 768px) 100vw, 768px\" \/>\t\t\t\t\t\t\t\t\t\t\t<figcaption class=\"widget-image-caption wp-caption-text\"><\/figcaption>\n\t\t\t\t\t\t\t\t\t\t<\/figure>\n\t\t\t\t\t\t\t\t\t<\/div>\n\t\t\t\t<\/div>\n\t\t\t\t<div class=\"elementor-element elementor-element-fadd67b elementor-widget elementor-widget-text-editor\" data-id=\"fadd67b\" data-element_type=\"widget\" data-e-type=\"widget\" data-widget_type=\"text-editor.default\">\n\t\t\t\t<div class=\"elementor-widget-container\">\n\t\t\t\t\t\t\t\t\t<p>Aquesta casa sembla que devia tenir alguna relaci\u00f3 amb l&#8217;Ordre de Santiago.<\/p>\t\t\t\t\t\t\t\t<\/div>\n\t\t\t\t<\/div>\n\t\t\t\t<div class=\"elementor-element elementor-element-afd14b4 elementor-widget elementor-widget-image\" data-id=\"afd14b4\" data-element_type=\"widget\" data-e-type=\"widget\" data-widget_type=\"image.default\">\n\t\t\t\t<div class=\"elementor-widget-container\">\n\t\t\t\t\t\t\t\t\t\t\t\t<figure class=\"wp-caption\">\n\t\t\t\t\t\t\t\t\t\t<img loading=\"lazy\" decoding=\"async\" width=\"768\" height=\"512\" src=\"https:\/\/www.elturistatranquil.com\/wp-content\/uploads\/F27-Villanueva-de-los-Infantes-Calle-Cervantes.jpg\" class=\"attachment-large size-large wp-image-28280\" alt=\"Villanueva de los Infantes Calle Cervantes\" srcset=\"https:\/\/www.elturistatranquil.com\/wp-content\/uploads\/F27-Villanueva-de-los-Infantes-Calle-Cervantes.jpg 768w, https:\/\/www.elturistatranquil.com\/wp-content\/uploads\/F27-Villanueva-de-los-Infantes-Calle-Cervantes-339x226.jpg 339w\" sizes=\"(max-width: 768px) 100vw, 768px\" \/>\t\t\t\t\t\t\t\t\t\t\t<figcaption class=\"widget-image-caption wp-caption-text\"><\/figcaption>\n\t\t\t\t\t\t\t\t\t\t<\/figure>\n\t\t\t\t\t\t\t\t\t<\/div>\n\t\t\t\t<\/div>\n\t\t\t\t<div class=\"elementor-element elementor-element-5d69839 elementor-widget elementor-widget-text-editor\" data-id=\"5d69839\" data-element_type=\"widget\" data-e-type=\"widget\" data-widget_type=\"text-editor.default\">\n\t\t\t\t<div class=\"elementor-widget-container\">\n\t\t\t\t\t\t\t\t\t<p>A la part dreta, al <strong>n\u00ba 25<\/strong> <strong>Casa Palau de Rebuelta<\/strong> del segle XVI. Va pert\u00e0nyer a la fam\u00edlia Garc\u00eda del Busto.<\/p><p>La construcci\u00f3 es diferencia de el model popular al mur. Est\u00e0 constru\u00efda en aparell toled\u00e0 &#8211; ma\u00f3 i ma\u00e7oneria- vist.<\/p>\t\t\t\t\t\t\t\t<\/div>\n\t\t\t\t<\/div>\n\t\t\t\t<div class=\"elementor-element elementor-element-74f488f elementor-widget elementor-widget-image\" data-id=\"74f488f\" data-element_type=\"widget\" data-e-type=\"widget\" data-widget_type=\"image.default\">\n\t\t\t\t<div class=\"elementor-widget-container\">\n\t\t\t\t\t\t\t\t\t\t\t\t<figure class=\"wp-caption\">\n\t\t\t\t\t\t\t\t\t\t<img loading=\"lazy\" decoding=\"async\" width=\"768\" height=\"511\" src=\"https:\/\/www.elturistatranquil.com\/wp-content\/uploads\/F28-Villanueva-de-los-Infantes-Calle-Cervantes.jpg\" class=\"attachment-large size-large wp-image-28282\" alt=\"Villanueva de los Infantes Calle Cervantes\" srcset=\"https:\/\/www.elturistatranquil.com\/wp-content\/uploads\/F28-Villanueva-de-los-Infantes-Calle-Cervantes.jpg 768w, https:\/\/www.elturistatranquil.com\/wp-content\/uploads\/F28-Villanueva-de-los-Infantes-Calle-Cervantes-339x226.jpg 339w\" sizes=\"(max-width: 768px) 100vw, 768px\" \/>\t\t\t\t\t\t\t\t\t\t\t<figcaption class=\"widget-image-caption wp-caption-text\"><\/figcaption>\n\t\t\t\t\t\t\t\t\t\t<\/figure>\n\t\t\t\t\t\t\t\t\t<\/div>\n\t\t\t\t<\/div>\n\t\t\t\t<div class=\"elementor-element elementor-element-e5363be elementor-widget elementor-widget-text-editor\" data-id=\"e5363be\" data-element_type=\"widget\" data-e-type=\"widget\" data-widget_type=\"text-editor.default\">\n\t\t\t\t<div class=\"elementor-widget-container\">\n\t\t\t\t\t\t\t\t\t<p>La seva import\u00e0ncia es refor\u00e7a amb les columnes amb capitells que franquegen la porta.<\/p>\t\t\t\t\t\t\t\t<\/div>\n\t\t\t\t<\/div>\n\t\t\t\t<div class=\"elementor-element elementor-element-48cb631 elementor-widget elementor-widget-image\" data-id=\"48cb631\" data-element_type=\"widget\" data-e-type=\"widget\" data-widget_type=\"image.default\">\n\t\t\t\t<div class=\"elementor-widget-container\">\n\t\t\t\t\t\t\t\t\t\t\t\t<figure class=\"wp-caption\">\n\t\t\t\t\t\t\t\t\t\t<img loading=\"lazy\" decoding=\"async\" width=\"768\" height=\"511\" src=\"https:\/\/www.elturistatranquil.com\/wp-content\/uploads\/F29-Villanueva-de-los-Infantes-Calle-Cervantes.jpg\" class=\"attachment-large size-large wp-image-28284\" alt=\"Villanueva de los Infantes Calle Cervantes\" srcset=\"https:\/\/www.elturistatranquil.com\/wp-content\/uploads\/F29-Villanueva-de-los-Infantes-Calle-Cervantes.jpg 768w, https:\/\/www.elturistatranquil.com\/wp-content\/uploads\/F29-Villanueva-de-los-Infantes-Calle-Cervantes-339x226.jpg 339w\" sizes=\"(max-width: 768px) 100vw, 768px\" \/>\t\t\t\t\t\t\t\t\t\t\t<figcaption class=\"widget-image-caption wp-caption-text\"><\/figcaption>\n\t\t\t\t\t\t\t\t\t\t<\/figure>\n\t\t\t\t\t\t\t\t\t<\/div>\n\t\t\t\t<\/div>\n\t\t\t\t<div class=\"elementor-element elementor-element-60000a2 elementor-widget elementor-widget-text-editor\" data-id=\"60000a2\" data-element_type=\"widget\" data-e-type=\"widget\" data-widget_type=\"text-editor.default\">\n\t\t\t\t<div class=\"elementor-widget-container\">\n\t\t\t\t\t\t\t\t\t<p>Passada la primera travessia del carrer, a la banda esquerra fent cantonada amb el <strong>carrer<\/strong><strong> Monjas y Honda<\/strong>, al <strong>n\u00ba 18<\/strong>, l&#8217;<strong>Esgl\u00e9sia de l&#8217;Antic Convent de les <\/strong><strong>Dominicas de la Encarnaci\u00f3n<\/strong>. Fundat per l&#8217;ordre dominica en 1598. Edifici de ple barroc. L&#8217;Esgl\u00e9sia \u00e9s l&#8217;\u00fanic que queda del convent.<\/p><p>En l&#8217;actualitat \u00e9s l&#8217;Auditori Municipal \u201cLa Encarnaci\u00f3n\u201d.<\/p>\t\t\t\t\t\t\t\t<\/div>\n\t\t\t\t<\/div>\n\t\t\t\t<div class=\"elementor-element elementor-element-9aa43a6 elementor-widget elementor-widget-image\" data-id=\"9aa43a6\" data-element_type=\"widget\" data-e-type=\"widget\" data-widget_type=\"image.default\">\n\t\t\t\t<div class=\"elementor-widget-container\">\n\t\t\t\t\t\t\t\t\t\t\t\t<figure class=\"wp-caption\">\n\t\t\t\t\t\t\t\t\t\t<img loading=\"lazy\" decoding=\"async\" width=\"768\" height=\"511\" src=\"https:\/\/www.elturistatranquil.com\/wp-content\/uploads\/F31-Villanueva-de-los-Infantes-Calle-Cervantes.jpg\" class=\"attachment-large size-large wp-image-28288\" alt=\"Villanueva de los Infantes Calle Cervantes\" srcset=\"https:\/\/www.elturistatranquil.com\/wp-content\/uploads\/F31-Villanueva-de-los-Infantes-Calle-Cervantes.jpg 768w, https:\/\/www.elturistatranquil.com\/wp-content\/uploads\/F31-Villanueva-de-los-Infantes-Calle-Cervantes-339x226.jpg 339w\" sizes=\"(max-width: 768px) 100vw, 768px\" \/>\t\t\t\t\t\t\t\t\t\t\t<figcaption class=\"widget-image-caption wp-caption-text\"><\/figcaption>\n\t\t\t\t\t\t\t\t\t\t<\/figure>\n\t\t\t\t\t\t\t\t\t<\/div>\n\t\t\t\t<\/div>\n\t\t\t\t<div class=\"elementor-element elementor-element-507a4d9 elementor-widget elementor-widget-image\" data-id=\"507a4d9\" data-element_type=\"widget\" data-e-type=\"widget\" data-widget_type=\"image.default\">\n\t\t\t\t<div class=\"elementor-widget-container\">\n\t\t\t\t\t\t\t\t\t\t\t\t<figure class=\"wp-caption\">\n\t\t\t\t\t\t\t\t\t\t<img loading=\"lazy\" decoding=\"async\" width=\"385\" height=\"550\" src=\"https:\/\/www.elturistatranquil.com\/wp-content\/uploads\/F32a-Villanueva-de-los-Infantes-Calle-Cervantes.jpg\" class=\"attachment-large size-large wp-image-28290\" alt=\"Villanueva de los Infantes Calle Cervantes\" srcset=\"https:\/\/www.elturistatranquil.com\/wp-content\/uploads\/F32a-Villanueva-de-los-Infantes-Calle-Cervantes.jpg 385w, https:\/\/www.elturistatranquil.com\/wp-content\/uploads\/F32a-Villanueva-de-los-Infantes-Calle-Cervantes-158x226.jpg 158w\" sizes=\"(max-width: 385px) 100vw, 385px\" \/>\t\t\t\t\t\t\t\t\t\t\t<figcaption class=\"widget-image-caption wp-caption-text\"><\/figcaption>\n\t\t\t\t\t\t\t\t\t\t<\/figure>\n\t\t\t\t\t\t\t\t\t<\/div>\n\t\t\t\t<\/div>\n\t\t\t\t<div class=\"elementor-element elementor-element-8b624d6 elementor-widget elementor-widget-text-editor\" data-id=\"8b624d6\" data-element_type=\"widget\" data-e-type=\"widget\" data-widget_type=\"text-editor.default\">\n\t\t\t\t<div class=\"elementor-widget-container\">\n\t\t\t\t\t\t\t\t\t<p>L&#8217;entrada a l&#8217;convent s&#8217;havia d&#8217;efectuar pel p\u00f2rtic del <strong>carrer <\/strong><strong>Monjas y Honda<\/strong>.<\/p>\t\t\t\t\t\t\t\t<\/div>\n\t\t\t\t<\/div>\n\t\t\t\t<div class=\"elementor-element elementor-element-4becb46 elementor-widget elementor-widget-image\" data-id=\"4becb46\" data-element_type=\"widget\" data-e-type=\"widget\" data-widget_type=\"image.default\">\n\t\t\t\t<div class=\"elementor-widget-container\">\n\t\t\t\t\t\t\t\t\t\t\t\t<figure class=\"wp-caption\">\n\t\t\t\t\t\t\t\t\t\t<img loading=\"lazy\" decoding=\"async\" width=\"768\" height=\"511\" src=\"https:\/\/www.elturistatranquil.com\/wp-content\/uploads\/F32b-Villanueva-de-los-Infantes-Calle-Cervantes.jpg\" class=\"attachment-large size-large wp-image-28292\" alt=\"Villanueva de los Infantes Calle Cervantes\" srcset=\"https:\/\/www.elturistatranquil.com\/wp-content\/uploads\/F32b-Villanueva-de-los-Infantes-Calle-Cervantes.jpg 768w, https:\/\/www.elturistatranquil.com\/wp-content\/uploads\/F32b-Villanueva-de-los-Infantes-Calle-Cervantes-339x226.jpg 339w\" sizes=\"(max-width: 768px) 100vw, 768px\" \/>\t\t\t\t\t\t\t\t\t\t\t<figcaption class=\"widget-image-caption wp-caption-text\"><\/figcaption>\n\t\t\t\t\t\t\t\t\t\t<\/figure>\n\t\t\t\t\t\t\t\t\t<\/div>\n\t\t\t\t<\/div>\n\t\t\t\t<div class=\"elementor-element elementor-element-5772046 elementor-widget elementor-widget-text-editor\" data-id=\"5772046\" data-element_type=\"widget\" data-e-type=\"widget\" data-widget_type=\"text-editor.default\">\n\t\t\t\t<div class=\"elementor-widget-container\">\n\t\t\t\t\t\t\t\t\t<p>Al davant, en el <strong>n\u00ba 23<\/strong> del carrer Cervantes, un casalot de dos nivells, en aquest cas amb fa\u00e7ana de carreus i porta simple amb dintell.<\/p>\t\t\t\t\t\t\t\t<\/div>\n\t\t\t\t<\/div>\n\t\t\t\t<div class=\"elementor-element elementor-element-7a2c828 elementor-widget elementor-widget-image\" data-id=\"7a2c828\" data-element_type=\"widget\" data-e-type=\"widget\" data-widget_type=\"image.default\">\n\t\t\t\t<div class=\"elementor-widget-container\">\n\t\t\t\t\t\t\t\t\t\t\t\t<figure class=\"wp-caption\">\n\t\t\t\t\t\t\t\t\t\t<img loading=\"lazy\" decoding=\"async\" width=\"768\" height=\"511\" src=\"https:\/\/www.elturistatranquil.com\/wp-content\/uploads\/F30-Villanueva-de-los-Infantes-Calle-Cervantes.jpg\" class=\"attachment-large size-large wp-image-28286\" alt=\"Villanueva de los Infantes Calle Cervantes\" srcset=\"https:\/\/www.elturistatranquil.com\/wp-content\/uploads\/F30-Villanueva-de-los-Infantes-Calle-Cervantes.jpg 768w, https:\/\/www.elturistatranquil.com\/wp-content\/uploads\/F30-Villanueva-de-los-Infantes-Calle-Cervantes-339x226.jpg 339w\" sizes=\"(max-width: 768px) 100vw, 768px\" \/>\t\t\t\t\t\t\t\t\t\t\t<figcaption class=\"widget-image-caption wp-caption-text\"><\/figcaption>\n\t\t\t\t\t\t\t\t\t\t<\/figure>\n\t\t\t\t\t\t\t\t\t<\/div>\n\t\t\t\t<\/div>\n\t\t\t\t<div class=\"elementor-element elementor-element-a909ea8 elementor-widget elementor-widget-menu-anchor\" data-id=\"a909ea8\" data-element_type=\"widget\" data-e-type=\"widget\" data-widget_type=\"menu-anchor.default\">\n\t\t\t\t<div class=\"elementor-widget-container\">\n\t\t\t\t\t\t\t<div class=\"elementor-menu-anchor\" id=\"c4911\"><\/div>\n\t\t\t\t\t\t<\/div>\n\t\t\t\t<\/div>\n\t\t\t\t<div class=\"elementor-element elementor-element-33310fc elementor-widget elementor-widget-text-editor\" data-id=\"33310fc\" data-element_type=\"widget\" data-e-type=\"widget\" data-widget_type=\"text-editor.default\">\n\t\t\t\t<div class=\"elementor-widget-container\">\n\t\t\t\t\t\t\t\t\t<p>Al costat de l&#8217;Esgl\u00e9sia de la Encarnaci\u00f3n, en el <strong>n\u00ba 16<\/strong>, es troba el <strong>Mercat Municipal<\/strong>. Aquest espai formava part del Convent de la Encarnaci\u00f3n i despr\u00e9s part del Mercat de Abastos.<\/p>\t\t\t\t\t\t\t\t<\/div>\n\t\t\t\t<\/div>\n\t\t\t\t<div class=\"elementor-element elementor-element-3f1cee0 elementor-widget elementor-widget-heading\" data-id=\"3f1cee0\" data-element_type=\"widget\" data-e-type=\"widget\" data-widget_type=\"heading.default\">\n\t\t\t\t<div class=\"elementor-widget-container\">\n\t\t\t\t\t<h4 class=\"elementor-heading-title elementor-size-default\">Museo de Arte Contempor\u00e1neo<\/h4>\t\t\t\t<\/div>\n\t\t\t\t<\/div>\n\t\t\t\t<div class=\"elementor-element elementor-element-83df66d elementor-widget elementor-widget-text-editor\" data-id=\"83df66d\" data-element_type=\"widget\" data-e-type=\"widget\" data-widget_type=\"text-editor.default\">\n\t\t\t\t<div class=\"elementor-widget-container\">\n\t\t\t\t\t\t\t\t\t<p>En l&#8217;actualitat la funci\u00f3 de mercat ocupa la planta baixa i la superior s&#8217;ha habilitat per <strong>al Museo de Arte Contempor\u00e1neo \u201cEl Mercado\u201d<\/strong> i l&#8217;<strong>Oficina de Turisme<\/strong>.<\/p><p>Em remeto a l&#8217;Post monogr\u00e0fic que vaig publicar sobre el <strong>Museu<\/strong>.<\/p>\t\t\t\t\t\t\t\t<\/div>\n\t\t\t\t<\/div>\n\t\t\t\t<div class=\"elementor-element elementor-element-28c9117 elementor-widget elementor-widget-text-editor\" data-id=\"28c9117\" data-element_type=\"widget\" data-e-type=\"widget\" data-widget_type=\"text-editor.default\">\n\t\t\t\t<div class=\"elementor-widget-container\">\n\t\t\t\t\t\t\t\t\t<p>Enlla\u00e7 amb el Post: <a href=\"https:\/\/www.elturistatranquil.com\/ca\/museo-de-arte-contemporaneo-el-mercado-de-villanueva-de-los-infantes-ciudad-real\/\" target=\"_blank\" rel=\"noopener\"><strong>Museo de Arte Contempor\u00e1neo \u201cEl Mercado\u201d de Villanueva de los Infantes<\/strong><\/a><\/p>\t\t\t\t\t\t\t\t<\/div>\n\t\t\t\t<\/div>\n\t\t\t\t<div class=\"elementor-element elementor-element-79f5aa3 elementor-widget elementor-widget-image\" data-id=\"79f5aa3\" data-element_type=\"widget\" data-e-type=\"widget\" data-widget_type=\"image.default\">\n\t\t\t\t<div class=\"elementor-widget-container\">\n\t\t\t\t\t\t\t\t\t\t\t\t<figure class=\"wp-caption\">\n\t\t\t\t\t\t\t\t\t\t<img loading=\"lazy\" decoding=\"async\" width=\"768\" height=\"511\" src=\"https:\/\/www.elturistatranquil.com\/wp-content\/uploads\/F33-Villanueva-de-los-Infantes-Calle-Cervantes.jpg\" class=\"attachment-large size-large wp-image-28294\" alt=\"Villanueva de los Infantes Calle Cervantes\" srcset=\"https:\/\/www.elturistatranquil.com\/wp-content\/uploads\/F33-Villanueva-de-los-Infantes-Calle-Cervantes.jpg 768w, https:\/\/www.elturistatranquil.com\/wp-content\/uploads\/F33-Villanueva-de-los-Infantes-Calle-Cervantes-339x226.jpg 339w\" sizes=\"(max-width: 768px) 100vw, 768px\" \/>\t\t\t\t\t\t\t\t\t\t\t<figcaption class=\"widget-image-caption wp-caption-text\"><\/figcaption>\n\t\t\t\t\t\t\t\t\t\t<\/figure>\n\t\t\t\t\t\t\t\t\t<\/div>\n\t\t\t\t<\/div>\n\t\t\t\t<div class=\"elementor-element elementor-element-e0253c6 elementor-widget elementor-widget-image\" data-id=\"e0253c6\" data-element_type=\"widget\" data-e-type=\"widget\" data-widget_type=\"image.default\">\n\t\t\t\t<div class=\"elementor-widget-container\">\n\t\t\t\t\t\t\t\t\t\t\t\t<figure class=\"wp-caption\">\n\t\t\t\t\t\t\t\t\t\t<img loading=\"lazy\" decoding=\"async\" width=\"768\" height=\"511\" src=\"https:\/\/www.elturistatranquil.com\/wp-content\/uploads\/F34-Villanueva-de-los-Infantes-Calle-Cervantes.jpg\" class=\"attachment-large size-large wp-image-28296\" alt=\"Villanueva de los Infantes Calle Cervantes\" srcset=\"https:\/\/www.elturistatranquil.com\/wp-content\/uploads\/F34-Villanueva-de-los-Infantes-Calle-Cervantes.jpg 768w, https:\/\/www.elturistatranquil.com\/wp-content\/uploads\/F34-Villanueva-de-los-Infantes-Calle-Cervantes-339x226.jpg 339w\" sizes=\"(max-width: 768px) 100vw, 768px\" \/>\t\t\t\t\t\t\t\t\t\t\t<figcaption class=\"widget-image-caption wp-caption-text\"><\/figcaption>\n\t\t\t\t\t\t\t\t\t\t<\/figure>\n\t\t\t\t\t\t\t\t\t<\/div>\n\t\t\t\t<\/div>\n\t\t\t\t<div class=\"elementor-element elementor-element-75e6c8e elementor-widget elementor-widget-text-editor\" data-id=\"75e6c8e\" data-element_type=\"widget\" data-e-type=\"widget\" data-widget_type=\"text-editor.default\">\n\t\t\t\t<div class=\"elementor-widget-container\">\n\t\t\t\t\t\t\t\t\t<p>A la fi d&#8217;aquest segon tram de carrer, a la cru\u00eflla amb el <strong>carrer Jacinto Benavente<\/strong>, els quatre edificis cantoners s\u00f3n de gran valor.<\/p><p>A la dreta la Casa Cuartel de la Orden de Santiago, enfront a l\u2019esquerra el Palau de Melgarejo, a l\u2019altra banda del carrer la Casa del Caballero del Verde Gab\u00e1n y enfront, a la dreta la Casa del Marqu\u00e9s de Camacho.<\/p><p>La <strong>Casa Cuartel de la Orden de Santiago<\/strong>, en el <strong>n\u00ba 11<\/strong>, \u00e9s un edifici de 1749 amb la inscripci\u00f3: \u201c<em>Casa del Insigne e Real Convento de Ucl\u00e9s Cabeza del Orden de Santiago<\/em>&#8230;\u201d.<\/p><p>Fa\u00e7ana de ma\u00f3 amb les obertures de cadirat. A la porta d&#8217;entrada amb dintell el cadirat \u00e9s encoixinat.<\/p>\t\t\t\t\t\t\t\t<\/div>\n\t\t\t\t<\/div>\n\t\t\t\t<div class=\"elementor-element elementor-element-e7ccb46 elementor-widget elementor-widget-image\" data-id=\"e7ccb46\" data-element_type=\"widget\" data-e-type=\"widget\" data-widget_type=\"image.default\">\n\t\t\t\t<div class=\"elementor-widget-container\">\n\t\t\t\t\t\t\t\t\t\t\t\t<figure class=\"wp-caption\">\n\t\t\t\t\t\t\t\t\t\t<img loading=\"lazy\" decoding=\"async\" width=\"768\" height=\"511\" src=\"https:\/\/www.elturistatranquil.com\/wp-content\/uploads\/F35-Villanueva-de-los-Infantes-Calle-Cervantes.jpg\" class=\"attachment-large size-large wp-image-28298\" alt=\"Villanueva de los Infantes Calle Cervantes\" srcset=\"https:\/\/www.elturistatranquil.com\/wp-content\/uploads\/F35-Villanueva-de-los-Infantes-Calle-Cervantes.jpg 768w, https:\/\/www.elturistatranquil.com\/wp-content\/uploads\/F35-Villanueva-de-los-Infantes-Calle-Cervantes-339x226.jpg 339w\" sizes=\"(max-width: 768px) 100vw, 768px\" \/>\t\t\t\t\t\t\t\t\t\t\t<figcaption class=\"widget-image-caption wp-caption-text\"><\/figcaption>\n\t\t\t\t\t\t\t\t\t\t<\/figure>\n\t\t\t\t\t\t\t\t\t<\/div>\n\t\t\t\t<\/div>\n\t\t\t\t<div class=\"elementor-element elementor-element-9032626 elementor-widget elementor-widget-image\" data-id=\"9032626\" data-element_type=\"widget\" data-e-type=\"widget\" data-widget_type=\"image.default\">\n\t\t\t\t<div class=\"elementor-widget-container\">\n\t\t\t\t\t\t\t\t\t\t\t\t<figure class=\"wp-caption\">\n\t\t\t\t\t\t\t\t\t\t<img loading=\"lazy\" decoding=\"async\" width=\"768\" height=\"511\" src=\"https:\/\/www.elturistatranquil.com\/wp-content\/uploads\/F36-Villanueva-de-los-Infantes-Calle-Cervantes.jpg\" class=\"attachment-large size-large wp-image-28300\" alt=\"Villanueva de los Infantes Calle Cervantes\" srcset=\"https:\/\/www.elturistatranquil.com\/wp-content\/uploads\/F36-Villanueva-de-los-Infantes-Calle-Cervantes.jpg 768w, https:\/\/www.elturistatranquil.com\/wp-content\/uploads\/F36-Villanueva-de-los-Infantes-Calle-Cervantes-339x226.jpg 339w\" sizes=\"(max-width: 768px) 100vw, 768px\" \/>\t\t\t\t\t\t\t\t\t\t\t<figcaption class=\"widget-image-caption wp-caption-text\"><\/figcaption>\n\t\t\t\t\t\t\t\t\t\t<\/figure>\n\t\t\t\t\t\t\t\t\t<\/div>\n\t\t\t\t<\/div>\n\t\t\t\t<div class=\"elementor-element elementor-element-a886047 elementor-widget elementor-widget-image\" data-id=\"a886047\" data-element_type=\"widget\" data-e-type=\"widget\" data-widget_type=\"image.default\">\n\t\t\t\t<div class=\"elementor-widget-container\">\n\t\t\t\t\t\t\t\t\t\t\t\t<figure class=\"wp-caption\">\n\t\t\t\t\t\t\t\t\t\t<img loading=\"lazy\" decoding=\"async\" width=\"768\" height=\"511\" src=\"https:\/\/www.elturistatranquil.com\/wp-content\/uploads\/F37-Villanueva-de-los-Infantes-Calle-Cervantes.jpg\" class=\"attachment-large size-large wp-image-28302\" alt=\"Villanueva de los Infantes Calle Cervantes\" srcset=\"https:\/\/www.elturistatranquil.com\/wp-content\/uploads\/F37-Villanueva-de-los-Infantes-Calle-Cervantes.jpg 768w, https:\/\/www.elturistatranquil.com\/wp-content\/uploads\/F37-Villanueva-de-los-Infantes-Calle-Cervantes-339x226.jpg 339w\" sizes=\"(max-width: 768px) 100vw, 768px\" \/>\t\t\t\t\t\t\t\t\t\t\t<figcaption class=\"widget-image-caption wp-caption-text\"><\/figcaption>\n\t\t\t\t\t\t\t\t\t\t<\/figure>\n\t\t\t\t\t\t\t\t\t<\/div>\n\t\t\t\t<\/div>\n\t\t\t\t<div class=\"elementor-element elementor-element-049ec44 elementor-widget elementor-widget-text-editor\" data-id=\"049ec44\" data-element_type=\"widget\" data-e-type=\"widget\" data-widget_type=\"text-editor.default\">\n\t\t\t\t<div class=\"elementor-widget-container\">\n\t\t\t\t\t\t\t\t\t<p>Al davant, en el <strong>n\u00ba 14<\/strong>, el <strong>Palau del Marqu\u00e8s de Melgarejo<\/strong>, de primera meitat del XVII, destaca el p\u00f2rtic neocl\u00e0ssic amb dues columnes a cada costat de la porta. La forja m\u00e9s rica i elaborada.<\/p><p>A la planta superior els escuts her\u00e0ldics de la fam\u00edlia.<\/p>\t\t\t\t\t\t\t\t<\/div>\n\t\t\t\t<\/div>\n\t\t\t\t<div class=\"elementor-element elementor-element-868929c elementor-widget elementor-widget-image\" data-id=\"868929c\" data-element_type=\"widget\" data-e-type=\"widget\" data-widget_type=\"image.default\">\n\t\t\t\t<div class=\"elementor-widget-container\">\n\t\t\t\t\t\t\t\t\t\t\t\t<figure class=\"wp-caption\">\n\t\t\t\t\t\t\t\t\t\t<img loading=\"lazy\" decoding=\"async\" width=\"768\" height=\"512\" src=\"https:\/\/www.elturistatranquil.com\/wp-content\/uploads\/F38-Villanueva-de-los-Infantes-Calle-Cervantes.jpg\" class=\"attachment-large size-large wp-image-28304\" alt=\"Villanueva de los Infantes Calle Cervantes\" srcset=\"https:\/\/www.elturistatranquil.com\/wp-content\/uploads\/F38-Villanueva-de-los-Infantes-Calle-Cervantes.jpg 768w, https:\/\/www.elturistatranquil.com\/wp-content\/uploads\/F38-Villanueva-de-los-Infantes-Calle-Cervantes-339x226.jpg 339w\" sizes=\"(max-width: 768px) 100vw, 768px\" \/>\t\t\t\t\t\t\t\t\t\t\t<figcaption class=\"widget-image-caption wp-caption-text\"><\/figcaption>\n\t\t\t\t\t\t\t\t\t\t<\/figure>\n\t\t\t\t\t\t\t\t\t<\/div>\n\t\t\t\t<\/div>\n\t\t\t\t<div class=\"elementor-element elementor-element-8d87e7b elementor-widget elementor-widget-text-editor\" data-id=\"8d87e7b\" data-element_type=\"widget\" data-e-type=\"widget\" data-widget_type=\"text-editor.default\">\n\t\t\t\t<div class=\"elementor-widget-container\">\n\t\t\t\t\t\t\t\t\t<p>Situats a la cantonada, i mirant cap enrere, aprecio les dues edificacions encarades.<\/p>\t\t\t\t\t\t\t\t<\/div>\n\t\t\t\t<\/div>\n\t\t\t\t<div class=\"elementor-element elementor-element-8beadb5 elementor-widget elementor-widget-image\" data-id=\"8beadb5\" data-element_type=\"widget\" data-e-type=\"widget\" data-widget_type=\"image.default\">\n\t\t\t\t<div class=\"elementor-widget-container\">\n\t\t\t\t\t\t\t\t\t\t\t\t<figure class=\"wp-caption\">\n\t\t\t\t\t\t\t\t\t\t<img loading=\"lazy\" decoding=\"async\" width=\"768\" height=\"511\" src=\"https:\/\/www.elturistatranquil.com\/wp-content\/uploads\/F39-Villanueva-de-los-Infantes-Calle-Cervantes.jpg\" class=\"attachment-large size-large wp-image-28306\" alt=\"Villanueva de los Infantes Calle Cervantes\" srcset=\"https:\/\/www.elturistatranquil.com\/wp-content\/uploads\/F39-Villanueva-de-los-Infantes-Calle-Cervantes.jpg 768w, https:\/\/www.elturistatranquil.com\/wp-content\/uploads\/F39-Villanueva-de-los-Infantes-Calle-Cervantes-339x226.jpg 339w\" sizes=\"(max-width: 768px) 100vw, 768px\" \/>\t\t\t\t\t\t\t\t\t\t\t<figcaption class=\"widget-image-caption wp-caption-text\"><\/figcaption>\n\t\t\t\t\t\t\t\t\t\t<\/figure>\n\t\t\t\t\t\t\t\t\t<\/div>\n\t\t\t\t<\/div>\n\t\t\t\t<div class=\"elementor-element elementor-element-daba39a elementor-widget elementor-widget-text-editor\" data-id=\"daba39a\" data-element_type=\"widget\" data-e-type=\"widget\" data-widget_type=\"text-editor.default\">\n\t\t\t\t<div class=\"elementor-widget-container\">\n\t\t\t\t\t\t\t\t\t<p>En el mateix costat dels n\u00fameros parells, en el <strong>n\u00ba 10<\/strong>, la famosa <strong>Casa del Caballero del Verde Gab\u00e1n<\/strong>, que va pert\u00e0nyer a D. Diego de Miranda. La seva fama li ve per considerar-se que \u00e9s en la que s&#8217;inspira Cervantes per descriure-la en el cap\u00edtol XVIII de la segona part del Quixot:<\/p><p><em>\u00abHall\u00f3 don Quijote ser la casa de don Diego de Miranda ancha como de aldea; las armas, empero, aunque de piedra tosca, encima de la puerta de la calle; la bodega en el patio; la cueva, en el portal; y muchas tinajas a la redonda que, por ser del Toboso, le renovaron las memorias de su encantada y transformada Dulcinea\u2026\u00bb.\u00a0<\/em><\/p><p>Va ser tamb\u00e9 casa de la Companyia de Jes\u00fas.<\/p><p>La fa\u00e7ana de cadirat amb portada allindada i una columna per costat. Al pis superior hi destaca un balc\u00f3 cantoner cobert amb un r\u00e0fec de fusta.<\/p>\t\t\t\t\t\t\t\t<\/div>\n\t\t\t\t<\/div>\n\t\t\t\t<div class=\"elementor-element elementor-element-7bb9337 elementor-widget elementor-widget-image\" data-id=\"7bb9337\" data-element_type=\"widget\" data-e-type=\"widget\" data-widget_type=\"image.default\">\n\t\t\t\t<div class=\"elementor-widget-container\">\n\t\t\t\t\t\t\t\t\t\t\t\t<figure class=\"wp-caption\">\n\t\t\t\t\t\t\t\t\t\t<img loading=\"lazy\" decoding=\"async\" width=\"768\" height=\"511\" src=\"https:\/\/www.elturistatranquil.com\/wp-content\/uploads\/F40-Villanueva-de-los-Infantes-Calle-Cervantes.jpg\" class=\"attachment-large size-large wp-image-28308\" alt=\"Villanueva de los Infantes Calle Cervantes\" srcset=\"https:\/\/www.elturistatranquil.com\/wp-content\/uploads\/F40-Villanueva-de-los-Infantes-Calle-Cervantes.jpg 768w, https:\/\/www.elturistatranquil.com\/wp-content\/uploads\/F40-Villanueva-de-los-Infantes-Calle-Cervantes-339x226.jpg 339w\" sizes=\"(max-width: 768px) 100vw, 768px\" \/>\t\t\t\t\t\t\t\t\t\t\t<figcaption class=\"widget-image-caption wp-caption-text\"><\/figcaption>\n\t\t\t\t\t\t\t\t\t\t<\/figure>\n\t\t\t\t\t\t\t\t\t<\/div>\n\t\t\t\t<\/div>\n\t\t\t\t<div class=\"elementor-element elementor-element-b4a2953 elementor-widget elementor-widget-text-editor\" data-id=\"b4a2953\" data-element_type=\"widget\" data-e-type=\"widget\" data-widget_type=\"text-editor.default\">\n\t\t\t\t<div class=\"elementor-widget-container\">\n\t\t\t\t\t\t\t\t\t<p>Al davant, en el <strong>n\u00ba 7-9<\/strong>, el <strong>Palau del Marqu\u00e8s de Camacho<\/strong>. Destaca el p\u00f2rtic i la petita torre sobre pilastres toscanes i escut her\u00e0ldic a la cantonada.<\/p>\t\t\t\t\t\t\t\t<\/div>\n\t\t\t\t<\/div>\n\t\t\t\t<div class=\"elementor-element elementor-element-f294e06 elementor-widget elementor-widget-image\" data-id=\"f294e06\" data-element_type=\"widget\" data-e-type=\"widget\" data-widget_type=\"image.default\">\n\t\t\t\t<div class=\"elementor-widget-container\">\n\t\t\t\t\t\t\t\t\t\t\t\t<figure class=\"wp-caption\">\n\t\t\t\t\t\t\t\t\t\t<img loading=\"lazy\" decoding=\"async\" width=\"466\" height=\"550\" src=\"https:\/\/www.elturistatranquil.com\/wp-content\/uploads\/F41-Villanueva-de-los-Infantes-Calle-Cervantes.jpg\" class=\"attachment-large size-large wp-image-28310\" alt=\"Villanueva de los Infantes Calle Cervantes\" srcset=\"https:\/\/www.elturistatranquil.com\/wp-content\/uploads\/F41-Villanueva-de-los-Infantes-Calle-Cervantes.jpg 466w, https:\/\/www.elturistatranquil.com\/wp-content\/uploads\/F41-Villanueva-de-los-Infantes-Calle-Cervantes-191x226.jpg 191w\" sizes=\"(max-width: 466px) 100vw, 466px\" \/>\t\t\t\t\t\t\t\t\t\t\t<figcaption class=\"widget-image-caption wp-caption-text\"><\/figcaption>\n\t\t\t\t\t\t\t\t\t\t<\/figure>\n\t\t\t\t\t\t\t\t\t<\/div>\n\t\t\t\t<\/div>\n\t\t\t\t<div class=\"elementor-element elementor-element-f770775 elementor-widget elementor-widget-image\" data-id=\"f770775\" data-element_type=\"widget\" data-e-type=\"widget\" data-widget_type=\"image.default\">\n\t\t\t\t<div class=\"elementor-widget-container\">\n\t\t\t\t\t\t\t\t\t\t\t\t<figure class=\"wp-caption\">\n\t\t\t\t\t\t\t\t\t\t<img loading=\"lazy\" decoding=\"async\" width=\"366\" height=\"550\" src=\"https:\/\/www.elturistatranquil.com\/wp-content\/uploads\/F42-Villanueva-de-los-Infantes-Calle-Cervantes.jpg\" class=\"attachment-large size-large wp-image-28312\" alt=\"Villanueva de los Infantes Calle Cervantes\" srcset=\"https:\/\/www.elturistatranquil.com\/wp-content\/uploads\/F42-Villanueva-de-los-Infantes-Calle-Cervantes.jpg 366w, https:\/\/www.elturistatranquil.com\/wp-content\/uploads\/F42-Villanueva-de-los-Infantes-Calle-Cervantes-150x226.jpg 150w\" sizes=\"(max-width: 366px) 100vw, 366px\" \/>\t\t\t\t\t\t\t\t\t\t\t<figcaption class=\"widget-image-caption wp-caption-text\"><\/figcaption>\n\t\t\t\t\t\t\t\t\t\t<\/figure>\n\t\t\t\t\t\t\t\t\t<\/div>\n\t\t\t\t<\/div>\n\t\t\t\t<div class=\"elementor-element elementor-element-1bdccee elementor-widget elementor-widget-text-editor\" data-id=\"1bdccee\" data-element_type=\"widget\" data-e-type=\"widget\" data-widget_type=\"text-editor.default\">\n\t\t\t\t<div class=\"elementor-widget-container\">\n\t\t\t\t\t\t\t\t\t<p>He entrat en l&#8217;\u00faltim tram del carrer Cervantes, al fons s&#8217;obre la Pla\u00e7a Mayor.<\/p>\t\t\t\t\t\t\t\t<\/div>\n\t\t\t\t<\/div>\n\t\t\t\t<div class=\"elementor-element elementor-element-f18fb79 elementor-widget elementor-widget-image\" data-id=\"f18fb79\" data-element_type=\"widget\" data-e-type=\"widget\" data-widget_type=\"image.default\">\n\t\t\t\t<div class=\"elementor-widget-container\">\n\t\t\t\t\t\t\t\t\t\t\t\t<figure class=\"wp-caption\">\n\t\t\t\t\t\t\t\t\t\t<img loading=\"lazy\" decoding=\"async\" width=\"768\" height=\"511\" src=\"https:\/\/www.elturistatranquil.com\/wp-content\/uploads\/F43-Villanueva-de-los-Infantes-Calle-Cervantes.jpg\" class=\"attachment-large size-large wp-image-28314\" alt=\"Villanueva de los Infantes Calle Cervantes\" srcset=\"https:\/\/www.elturistatranquil.com\/wp-content\/uploads\/F43-Villanueva-de-los-Infantes-Calle-Cervantes.jpg 768w, https:\/\/www.elturistatranquil.com\/wp-content\/uploads\/F43-Villanueva-de-los-Infantes-Calle-Cervantes-339x226.jpg 339w\" sizes=\"(max-width: 768px) 100vw, 768px\" \/>\t\t\t\t\t\t\t\t\t\t\t<figcaption class=\"widget-image-caption wp-caption-text\"><\/figcaption>\n\t\t\t\t\t\t\t\t\t\t<\/figure>\n\t\t\t\t\t\t\t\t\t<\/div>\n\t\t\t\t<\/div>\n\t\t\t\t<div class=\"elementor-element elementor-element-e4a5f80 elementor-widget elementor-widget-text-editor\" data-id=\"e4a5f80\" data-element_type=\"widget\" data-e-type=\"widget\" data-widget_type=\"text-editor.default\">\n\t\t\t\t<div class=\"elementor-widget-container\">\n\t\t\t\t\t\t\t\t\t<p>Encara tindr\u00e9 ocasi\u00f3 d&#8217;apreciar diverses cases de prest\u00e0ncia. Com les cases dels <strong>n\u00ba 4<\/strong> i <strong>n\u00ba 5<\/strong>, no identificades.<\/p>\t\t\t\t\t\t\t\t<\/div>\n\t\t\t\t<\/div>\n\t\t\t\t<div class=\"elementor-element elementor-element-4853b9c elementor-widget elementor-widget-image\" data-id=\"4853b9c\" data-element_type=\"widget\" data-e-type=\"widget\" data-widget_type=\"image.default\">\n\t\t\t\t<div class=\"elementor-widget-container\">\n\t\t\t\t\t\t\t\t\t\t\t\t<figure class=\"wp-caption\">\n\t\t\t\t\t\t\t\t\t\t<img loading=\"lazy\" decoding=\"async\" width=\"366\" height=\"550\" src=\"https:\/\/www.elturistatranquil.com\/wp-content\/uploads\/F44-Villanueva-de-los-Infantes-Calle-Cervantes.jpg\" class=\"attachment-large size-large wp-image-28316\" alt=\"Villanueva de los Infantes Calle Cervantes\" srcset=\"https:\/\/www.elturistatranquil.com\/wp-content\/uploads\/F44-Villanueva-de-los-Infantes-Calle-Cervantes.jpg 366w, https:\/\/www.elturistatranquil.com\/wp-content\/uploads\/F44-Villanueva-de-los-Infantes-Calle-Cervantes-150x226.jpg 150w\" sizes=\"(max-width: 366px) 100vw, 366px\" \/>\t\t\t\t\t\t\t\t\t\t\t<figcaption class=\"widget-image-caption wp-caption-text\"><\/figcaption>\n\t\t\t\t\t\t\t\t\t\t<\/figure>\n\t\t\t\t\t\t\t\t\t<\/div>\n\t\t\t\t<\/div>\n\t\t\t\t<div class=\"elementor-element elementor-element-e13b34a elementor-widget elementor-widget-menu-anchor\" data-id=\"e13b34a\" data-element_type=\"widget\" data-e-type=\"widget\" data-widget_type=\"menu-anchor.default\">\n\t\t\t\t<div class=\"elementor-widget-container\">\n\t\t\t\t\t\t\t<div class=\"elementor-menu-anchor\" id=\"c4912\"><\/div>\n\t\t\t\t\t\t<\/div>\n\t\t\t\t<\/div>\n\t\t\t\t<div class=\"elementor-element elementor-element-6422fa0 elementor-widget elementor-widget-image\" data-id=\"6422fa0\" data-element_type=\"widget\" data-e-type=\"widget\" data-widget_type=\"image.default\">\n\t\t\t\t<div class=\"elementor-widget-container\">\n\t\t\t\t\t\t\t\t\t\t\t\t<figure class=\"wp-caption\">\n\t\t\t\t\t\t\t\t\t\t<img loading=\"lazy\" decoding=\"async\" width=\"768\" height=\"511\" src=\"https:\/\/www.elturistatranquil.com\/wp-content\/uploads\/F45-Villanueva-de-los-Infantes-Calle-Cervantes.jpg\" class=\"attachment-large size-large wp-image-28318\" alt=\"Villanueva de los Infantes Calle Cervantes\" srcset=\"https:\/\/www.elturistatranquil.com\/wp-content\/uploads\/F45-Villanueva-de-los-Infantes-Calle-Cervantes.jpg 768w, https:\/\/www.elturistatranquil.com\/wp-content\/uploads\/F45-Villanueva-de-los-Infantes-Calle-Cervantes-339x226.jpg 339w\" sizes=\"(max-width: 768px) 100vw, 768px\" \/>\t\t\t\t\t\t\t\t\t\t\t<figcaption class=\"widget-image-caption wp-caption-text\"><\/figcaption>\n\t\t\t\t\t\t\t\t\t\t<\/figure>\n\t\t\t\t\t\t\t\t\t<\/div>\n\t\t\t\t<\/div>\n\t\t\t\t<div class=\"elementor-element elementor-element-8d727fb elementor-widget elementor-widget-heading\" data-id=\"8d727fb\" data-element_type=\"widget\" data-e-type=\"widget\" data-widget_type=\"heading.default\">\n\t\t\t\t<div class=\"elementor-widget-container\">\n\t\t\t\t\t<h3 class=\"elementor-heading-title elementor-size-default\">Pla\u00e7a Mayor<\/h3>\t\t\t\t<\/div>\n\t\t\t\t<\/div>\n\t\t\t\t<div class=\"elementor-element elementor-element-5ce88ff elementor-widget elementor-widget-text-editor\" data-id=\"5ce88ff\" data-element_type=\"widget\" data-e-type=\"widget\" data-widget_type=\"text-editor.default\">\n\t\t\t\t<div class=\"elementor-widget-container\">\n\t\t\t\t\t\t\t\t\t<p>La <strong>Pla\u00e7a Mayor<\/strong> (<strong>C<\/strong>) \u00e9s de base rectangular, per\u00f2 amb una banda en forma trapezo\u00efdal per adaptar la posici\u00f3 de l&#8217;Esgl\u00e9sia de San Andr\u00e9s a l&#8217;orientaci\u00f3 can\u00f2nica cap a l&#8217;est.<\/p>\t\t\t\t\t\t\t\t<\/div>\n\t\t\t\t<\/div>\n\t\t\t\t<div class=\"elementor-element elementor-element-14f6427 elementor-widget elementor-widget-image\" data-id=\"14f6427\" data-element_type=\"widget\" data-e-type=\"widget\" data-widget_type=\"image.default\">\n\t\t\t\t<div class=\"elementor-widget-container\">\n\t\t\t\t\t\t\t\t\t\t\t\t<figure class=\"wp-caption\">\n\t\t\t\t\t\t\t\t\t\t<img loading=\"lazy\" decoding=\"async\" width=\"768\" height=\"512\" src=\"https:\/\/www.elturistatranquil.com\/wp-content\/uploads\/F46-Villanueva-de-los-Infantes-Plaza-Mayor-Google-earth-2020-02-12.jpg\" class=\"attachment-large size-large wp-image-28320\" alt=\"Villanueva de los Infantes Plaza Mayor (Google earth 2020-02-12)\" srcset=\"https:\/\/www.elturistatranquil.com\/wp-content\/uploads\/F46-Villanueva-de-los-Infantes-Plaza-Mayor-Google-earth-2020-02-12.jpg 768w, https:\/\/www.elturistatranquil.com\/wp-content\/uploads\/F46-Villanueva-de-los-Infantes-Plaza-Mayor-Google-earth-2020-02-12-339x226.jpg 339w\" sizes=\"(max-width: 768px) 100vw, 768px\" \/>\t\t\t\t\t\t\t\t\t\t\t<figcaption class=\"widget-image-caption wp-caption-text\">Pla\u00e7a Mayor (Google earth 2020-02-12)<\/figcaption>\n\t\t\t\t\t\t\t\t\t\t<\/figure>\n\t\t\t\t\t\t\t\t\t<\/div>\n\t\t\t\t<\/div>\n\t\t\t\t<div class=\"elementor-element elementor-element-c72716e elementor-widget elementor-widget-text-editor\" data-id=\"c72716e\" data-element_type=\"widget\" data-e-type=\"widget\" data-widget_type=\"text-editor.default\">\n\t\t\t\t<div class=\"elementor-widget-container\">\n\t\t\t\t\t\t\t\t\t<p>L&#8217;entrada a la Pla\u00e7a Mayor ens ofereix una imponent vista de l&#8217;Esgl\u00e9sia de San Andr\u00e9s, que ocupa tot el costat nord.<\/p>\t\t\t\t\t\t\t\t<\/div>\n\t\t\t\t<\/div>\n\t\t\t\t<div class=\"elementor-element elementor-element-5ad77a7 elementor-widget elementor-widget-image\" data-id=\"5ad77a7\" data-element_type=\"widget\" data-e-type=\"widget\" data-widget_type=\"image.default\">\n\t\t\t\t<div class=\"elementor-widget-container\">\n\t\t\t\t\t\t\t\t\t\t\t\t<figure class=\"wp-caption\">\n\t\t\t\t\t\t\t\t\t\t<img loading=\"lazy\" decoding=\"async\" width=\"768\" height=\"511\" src=\"https:\/\/www.elturistatranquil.com\/wp-content\/uploads\/F47-Villanueva-de-los-Infantes-Plaza-Mayor.jpg\" class=\"attachment-large size-large wp-image-28322\" alt=\"Villanueva de los Infantes Plaza Mayor\" srcset=\"https:\/\/www.elturistatranquil.com\/wp-content\/uploads\/F47-Villanueva-de-los-Infantes-Plaza-Mayor.jpg 768w, https:\/\/www.elturistatranquil.com\/wp-content\/uploads\/F47-Villanueva-de-los-Infantes-Plaza-Mayor-339x226.jpg 339w\" sizes=\"(max-width: 768px) 100vw, 768px\" \/>\t\t\t\t\t\t\t\t\t\t\t<figcaption class=\"widget-image-caption wp-caption-text\"><\/figcaption>\n\t\t\t\t\t\t\t\t\t\t<\/figure>\n\t\t\t\t\t\t\t\t\t<\/div>\n\t\t\t\t<\/div>\n\t\t\t\t<div class=\"elementor-element elementor-element-4389e55 elementor-widget elementor-widget-text-editor\" data-id=\"4389e55\" data-element_type=\"widget\" data-e-type=\"widget\" data-widget_type=\"text-editor.default\">\n\t\t\t\t<div class=\"elementor-widget-container\">\n\t\t\t\t\t\t\t\t\t<p>La pla\u00e7a Mayor no presenta la uniformitat arquitect\u00f2nica d&#8217;altres places castellanes de porxos, per\u00f2 s\u00ed una simetria constructiva sobre l&#8217;eix que projecta el carrer Cervantes.<\/p><p>Al costat sud, a banda i banda del carrer Cervantes, un edifici sim\u00e8tric a l&#8217;altre, amb balcons correguts de fusta en els dos nivells, i cobert el superior. La fa\u00e7ana de cadirat i portes amb dintell.<\/p><p>Els costats est i oest els ocupen edificacions de tra\u00e7at uniforme i id\u00e8ntiques a la del davant. S\u00f3n edificis neocl\u00e0ssics de principis de segle XVII. Cadascun \u00e9s un edifici continu sobre porxos en arqueria, balcons amb frontons triangulars al primer pis, i balcons de dintell en el segon.<\/p><p>Nom\u00e9s trenca aquesta uniformitat les quatre obertures centrals d&#8217;arc de mig punt i el balc\u00f3 corregut de l&#8217;Ajuntament. L&#8217;<strong>Ajuntament<\/strong> (<strong>3<\/strong>) ocupa la part central de l&#8217;edificaci\u00f3 de la banda oest.<\/p><p>En les dues fotografies seg\u00fcents l&#8217;obertura del carrer Cervantes, amb els edificis sim\u00e8trics a cada costat. Els laterals est i oest de la Pla\u00e7a, amb els edificis d&#8217;id\u00e8ntica arquitectura.<\/p>\t\t\t\t\t\t\t\t<\/div>\n\t\t\t\t<\/div>\n\t\t\t\t<div class=\"elementor-element elementor-element-390bfe2 elementor-widget elementor-widget-image\" data-id=\"390bfe2\" data-element_type=\"widget\" data-e-type=\"widget\" data-widget_type=\"image.default\">\n\t\t\t\t<div class=\"elementor-widget-container\">\n\t\t\t\t\t\t\t\t\t\t\t\t<figure class=\"wp-caption\">\n\t\t\t\t\t\t\t\t\t\t<img loading=\"lazy\" decoding=\"async\" width=\"768\" height=\"511\" src=\"https:\/\/www.elturistatranquil.com\/wp-content\/uploads\/F48-Villanueva-de-los-Infantes-Plaza-Mayor.jpg\" class=\"attachment-large size-large wp-image-28324\" alt=\"Villanueva de los Infantes Plaza Mayor\" srcset=\"https:\/\/www.elturistatranquil.com\/wp-content\/uploads\/F48-Villanueva-de-los-Infantes-Plaza-Mayor.jpg 768w, https:\/\/www.elturistatranquil.com\/wp-content\/uploads\/F48-Villanueva-de-los-Infantes-Plaza-Mayor-339x226.jpg 339w\" sizes=\"(max-width: 768px) 100vw, 768px\" \/>\t\t\t\t\t\t\t\t\t\t\t<figcaption class=\"widget-image-caption wp-caption-text\"><\/figcaption>\n\t\t\t\t\t\t\t\t\t\t<\/figure>\n\t\t\t\t\t\t\t\t\t<\/div>\n\t\t\t\t<\/div>\n\t\t\t\t<div class=\"elementor-element elementor-element-f73e1ad elementor-widget elementor-widget-image\" data-id=\"f73e1ad\" data-element_type=\"widget\" data-e-type=\"widget\" data-widget_type=\"image.default\">\n\t\t\t\t<div class=\"elementor-widget-container\">\n\t\t\t\t\t\t\t\t\t\t\t\t<figure class=\"wp-caption\">\n\t\t\t\t\t\t\t\t\t\t<img loading=\"lazy\" decoding=\"async\" width=\"768\" height=\"511\" src=\"https:\/\/www.elturistatranquil.com\/wp-content\/uploads\/F49-Villanueva-de-los-Infantes-Plaza-Mayor.jpg\" class=\"attachment-large size-large wp-image-28326\" alt=\"Villanueva de los Infantes Plaza Mayor\" srcset=\"https:\/\/www.elturistatranquil.com\/wp-content\/uploads\/F49-Villanueva-de-los-Infantes-Plaza-Mayor.jpg 768w, https:\/\/www.elturistatranquil.com\/wp-content\/uploads\/F49-Villanueva-de-los-Infantes-Plaza-Mayor-339x226.jpg 339w\" sizes=\"(max-width: 768px) 100vw, 768px\" \/>\t\t\t\t\t\t\t\t\t\t\t<figcaption class=\"widget-image-caption wp-caption-text\"><\/figcaption>\n\t\t\t\t\t\t\t\t\t\t<\/figure>\n\t\t\t\t\t\t\t\t\t<\/div>\n\t\t\t\t<\/div>\n\t\t\t\t<div class=\"elementor-element elementor-element-2eceeb6 elementor-widget elementor-widget-image\" data-id=\"2eceeb6\" data-element_type=\"widget\" data-e-type=\"widget\" data-widget_type=\"image.default\">\n\t\t\t\t<div class=\"elementor-widget-container\">\n\t\t\t\t\t\t\t\t\t\t\t\t<figure class=\"wp-caption\">\n\t\t\t\t\t\t\t\t\t\t<img loading=\"lazy\" decoding=\"async\" width=\"768\" height=\"511\" src=\"https:\/\/www.elturistatranquil.com\/wp-content\/uploads\/F50-Villanueva-de-los-Infantes-Plaza-Mayor.jpg\" class=\"attachment-large size-large wp-image-28328\" alt=\"Villanueva de los Infantes Plaza Mayor\" srcset=\"https:\/\/www.elturistatranquil.com\/wp-content\/uploads\/F50-Villanueva-de-los-Infantes-Plaza-Mayor.jpg 768w, https:\/\/www.elturistatranquil.com\/wp-content\/uploads\/F50-Villanueva-de-los-Infantes-Plaza-Mayor-339x226.jpg 339w\" sizes=\"(max-width: 768px) 100vw, 768px\" \/>\t\t\t\t\t\t\t\t\t\t\t<figcaption class=\"widget-image-caption wp-caption-text\"><\/figcaption>\n\t\t\t\t\t\t\t\t\t\t<\/figure>\n\t\t\t\t\t\t\t\t\t<\/div>\n\t\t\t\t<\/div>\n\t\t\t\t<div class=\"elementor-element elementor-element-564caf0 elementor-widget elementor-widget-text-editor\" data-id=\"564caf0\" data-element_type=\"widget\" data-e-type=\"widget\" data-widget_type=\"text-editor.default\">\n\t\t\t\t<div class=\"elementor-widget-container\">\n\t\t\t\t\t\t\t\t\t<p>Un dels edificis de la banda sud.<\/p>\t\t\t\t\t\t\t\t<\/div>\n\t\t\t\t<\/div>\n\t\t\t\t<div class=\"elementor-element elementor-element-f6fcb18 elementor-widget elementor-widget-image\" data-id=\"f6fcb18\" data-element_type=\"widget\" data-e-type=\"widget\" data-widget_type=\"image.default\">\n\t\t\t\t<div class=\"elementor-widget-container\">\n\t\t\t\t\t\t\t\t\t\t\t\t<figure class=\"wp-caption\">\n\t\t\t\t\t\t\t\t\t\t<img loading=\"lazy\" decoding=\"async\" width=\"768\" height=\"511\" src=\"https:\/\/www.elturistatranquil.com\/wp-content\/uploads\/F51-Villanueva-de-los-Infantes-Plaza-Mayor.jpg\" class=\"attachment-large size-large wp-image-28330\" alt=\"Villanueva de los Infantes Plaza Mayor\" srcset=\"https:\/\/www.elturistatranquil.com\/wp-content\/uploads\/F51-Villanueva-de-los-Infantes-Plaza-Mayor.jpg 768w, https:\/\/www.elturistatranquil.com\/wp-content\/uploads\/F51-Villanueva-de-los-Infantes-Plaza-Mayor-339x226.jpg 339w\" sizes=\"(max-width: 768px) 100vw, 768px\" \/>\t\t\t\t\t\t\t\t\t\t\t<figcaption class=\"widget-image-caption wp-caption-text\"><\/figcaption>\n\t\t\t\t\t\t\t\t\t\t<\/figure>\n\t\t\t\t\t\t\t\t\t<\/div>\n\t\t\t\t<\/div>\n\t\t\t\t<div class=\"elementor-element elementor-element-ebc3d12 elementor-widget elementor-widget-text-editor\" data-id=\"ebc3d12\" data-element_type=\"widget\" data-e-type=\"widget\" data-widget_type=\"text-editor.default\">\n\t\t\t\t<div class=\"elementor-widget-container\">\n\t\t\t\t\t\t\t\t\t<p>A la part central de la banda oest es distingeix l&#8217;Ajuntament pel balc\u00f3 corregut i els arcs de mig punt de les portes del primer pis, que trenquen la uniformitat, per\u00f2 no la simetria.<\/p>\t\t\t\t\t\t\t\t<\/div>\n\t\t\t\t<\/div>\n\t\t\t\t<div class=\"elementor-element elementor-element-a05af1f elementor-widget elementor-widget-image\" data-id=\"a05af1f\" data-element_type=\"widget\" data-e-type=\"widget\" data-widget_type=\"image.default\">\n\t\t\t\t<div class=\"elementor-widget-container\">\n\t\t\t\t\t\t\t\t\t\t\t\t<figure class=\"wp-caption\">\n\t\t\t\t\t\t\t\t\t\t<img loading=\"lazy\" decoding=\"async\" width=\"768\" height=\"511\" src=\"https:\/\/www.elturistatranquil.com\/wp-content\/uploads\/F52-Villanueva-de-los-Infantes-Plaza-Mayor.jpg\" class=\"attachment-large size-large wp-image-28332\" alt=\"Villanueva de los Infantes Plaza Mayor\" srcset=\"https:\/\/www.elturistatranquil.com\/wp-content\/uploads\/F52-Villanueva-de-los-Infantes-Plaza-Mayor.jpg 768w, https:\/\/www.elturistatranquil.com\/wp-content\/uploads\/F52-Villanueva-de-los-Infantes-Plaza-Mayor-339x226.jpg 339w\" sizes=\"(max-width: 768px) 100vw, 768px\" \/>\t\t\t\t\t\t\t\t\t\t\t<figcaption class=\"widget-image-caption wp-caption-text\"><\/figcaption>\n\t\t\t\t\t\t\t\t\t\t<\/figure>\n\t\t\t\t\t\t\t\t\t<\/div>\n\t\t\t\t<\/div>\n\t\t\t\t<div class=\"elementor-element elementor-element-4899179 elementor-widget elementor-widget-text-editor\" data-id=\"4899179\" data-element_type=\"widget\" data-e-type=\"widget\" data-widget_type=\"text-editor.default\">\n\t\t\t\t<div class=\"elementor-widget-container\">\n\t\t\t\t\t\t\t\t\t<p>Un dels atractius de la pla\u00e7a \u00e9s la col\u00b7locaci\u00f3 de les quatre escultures en bronze a mida natural del <em>Quixot, Sancho i el cavall i l&#8217;ase<\/em>, obra de l&#8217;escultor local <em>Juan Antonio Giraldo<\/em>.<\/p>\t\t\t\t\t\t\t\t<\/div>\n\t\t\t\t<\/div>\n\t\t\t\t<div class=\"elementor-element elementor-element-7284285 elementor-widget elementor-widget-menu-anchor\" data-id=\"7284285\" data-element_type=\"widget\" data-e-type=\"widget\" data-widget_type=\"menu-anchor.default\">\n\t\t\t\t<div class=\"elementor-widget-container\">\n\t\t\t\t\t\t\t<div class=\"elementor-menu-anchor\" id=\"c4913\"><\/div>\n\t\t\t\t\t\t<\/div>\n\t\t\t\t<\/div>\n\t\t\t\t<div class=\"elementor-element elementor-element-d638be2 elementor-widget elementor-widget-image\" data-id=\"d638be2\" data-element_type=\"widget\" data-e-type=\"widget\" data-widget_type=\"image.default\">\n\t\t\t\t<div class=\"elementor-widget-container\">\n\t\t\t\t\t\t\t\t\t\t\t\t<figure class=\"wp-caption\">\n\t\t\t\t\t\t\t\t\t\t<img loading=\"lazy\" decoding=\"async\" width=\"768\" height=\"511\" src=\"https:\/\/www.elturistatranquil.com\/wp-content\/uploads\/F53-Villanueva-de-los-Infantes-Plaza-Mayor.jpg\" class=\"attachment-large size-large wp-image-28334\" alt=\"Villanueva de los Infantes Plaza Mayor\" srcset=\"https:\/\/www.elturistatranquil.com\/wp-content\/uploads\/F53-Villanueva-de-los-Infantes-Plaza-Mayor.jpg 768w, https:\/\/www.elturistatranquil.com\/wp-content\/uploads\/F53-Villanueva-de-los-Infantes-Plaza-Mayor-339x226.jpg 339w\" sizes=\"(max-width: 768px) 100vw, 768px\" \/>\t\t\t\t\t\t\t\t\t\t\t<figcaption class=\"widget-image-caption wp-caption-text\"><\/figcaption>\n\t\t\t\t\t\t\t\t\t\t<\/figure>\n\t\t\t\t\t\t\t\t\t<\/div>\n\t\t\t\t<\/div>\n\t\t\t\t<div class=\"elementor-element elementor-element-c94d279 elementor-widget elementor-widget-heading\" data-id=\"c94d279\" data-element_type=\"widget\" data-e-type=\"widget\" data-widget_type=\"heading.default\">\n\t\t\t\t<div class=\"elementor-widget-container\">\n\t\t\t\t\t<h4 class=\"elementor-heading-title elementor-size-default\">Esgl\u00e9sia Parroquial de San Andr\u00e9s<\/h4>\t\t\t\t<\/div>\n\t\t\t\t<\/div>\n\t\t\t\t<div class=\"elementor-element elementor-element-e14f394 elementor-widget elementor-widget-text-editor\" data-id=\"e14f394\" data-element_type=\"widget\" data-e-type=\"widget\" data-widget_type=\"text-editor.default\">\n\t\t\t\t<div class=\"elementor-widget-container\">\n\t\t\t\t\t\t\t\t\t<p>Ja he assenyalat que l&#8217;edifici que de facto presideix la pla\u00e7a Mayor \u00e9s l&#8217; <strong>Esgl\u00e9sia Parroquial de San Andr\u00e9s<\/strong> (<strong>4<\/strong>). Constru\u00efda a la fi de segle XV i primer ter\u00e7 de segle XVI, sobre l&#8217;antiga ermita de <em>la Moraleja<\/em>.<\/p><p>Ja he indicat que pressuposo que la posici\u00f3 obliqua de l&#8217;Esgl\u00e9sia pel que fa a la planta quadrangular de la pla\u00e7a Major es deuria a la normativa de orientar els temples en direcci\u00f3 cap a llevant.<\/p><p>L&#8217;edifici \u00e9s d&#8217;estil g\u00f2tic-plateresc, amb els bra\u00e7os del creuer barrocs, afegits al segle XVII seguint la moda de planta de creu llatina, imposada per l&#8217;esperit de la contrareforma.<\/p>\t\t\t\t\t\t\t\t<\/div>\n\t\t\t\t<\/div>\n\t\t\t\t<div class=\"elementor-element elementor-element-1838e14 elementor-widget elementor-widget-image\" data-id=\"1838e14\" data-element_type=\"widget\" data-e-type=\"widget\" data-widget_type=\"image.default\">\n\t\t\t\t<div class=\"elementor-widget-container\">\n\t\t\t\t\t\t\t\t\t\t\t\t<figure class=\"wp-caption\">\n\t\t\t\t\t\t\t\t\t\t<img loading=\"lazy\" decoding=\"async\" width=\"768\" height=\"511\" src=\"https:\/\/www.elturistatranquil.com\/wp-content\/uploads\/F54-Villanueva-de-los-Infantes-Iglesia-de-San-Andr\u00e9s.jpg\" class=\"attachment-large size-large wp-image-28336\" alt=\"Villanueva de los Infantes Iglesia de San Andres\" srcset=\"https:\/\/www.elturistatranquil.com\/wp-content\/uploads\/F54-Villanueva-de-los-Infantes-Iglesia-de-San-Andr\u00e9s.jpg 768w, https:\/\/www.elturistatranquil.com\/wp-content\/uploads\/F54-Villanueva-de-los-Infantes-Iglesia-de-San-Andr\u00e9s-339x226.jpg 339w\" sizes=\"(max-width: 768px) 100vw, 768px\" \/>\t\t\t\t\t\t\t\t\t\t\t<figcaption class=\"widget-image-caption wp-caption-text\"><\/figcaption>\n\t\t\t\t\t\t\t\t\t\t<\/figure>\n\t\t\t\t\t\t\t\t\t<\/div>\n\t\t\t\t<\/div>\n\t\t\t\t<div class=\"elementor-element elementor-element-1bb9c22 elementor-widget elementor-widget-image\" data-id=\"1bb9c22\" data-element_type=\"widget\" data-e-type=\"widget\" data-widget_type=\"image.default\">\n\t\t\t\t<div class=\"elementor-widget-container\">\n\t\t\t\t\t\t\t\t\t\t\t\t<figure class=\"wp-caption\">\n\t\t\t\t\t\t\t\t\t\t<img loading=\"lazy\" decoding=\"async\" width=\"768\" height=\"478\" src=\"https:\/\/www.elturistatranquil.com\/wp-content\/uploads\/F55-Villanueva-de-los-Infantes-Iglesia-de-San-Andres-planta.jpg\" class=\"attachment-large size-large wp-image-28338\" alt=\"Villanueva de los Infantes Iglesia de San Andres planta\" srcset=\"https:\/\/www.elturistatranquil.com\/wp-content\/uploads\/F55-Villanueva-de-los-Infantes-Iglesia-de-San-Andres-planta.jpg 768w, https:\/\/www.elturistatranquil.com\/wp-content\/uploads\/F55-Villanueva-de-los-Infantes-Iglesia-de-San-Andres-planta-339x211.jpg 339w\" sizes=\"(max-width: 768px) 100vw, 768px\" \/>\t\t\t\t\t\t\t\t\t\t\t<figcaption class=\"widget-image-caption wp-caption-text\"><\/figcaption>\n\t\t\t\t\t\t\t\t\t\t<\/figure>\n\t\t\t\t\t\t\t\t\t<\/div>\n\t\t\t\t<\/div>\n\t\t\t\t<div class=\"elementor-element elementor-element-327790a elementor-widget elementor-widget-text-editor\" data-id=\"327790a\" data-element_type=\"widget\" data-e-type=\"widget\" data-widget_type=\"text-editor.default\">\n\t\t\t\t<div class=\"elementor-widget-container\">\n\t\t\t\t\t\t\t\t\t<p>La fa\u00e7ana, al costat de l&#8217;ep\u00edstola, d&#8217;estil classicista herreri\u00e0 de Francisco Cano, emmarcada per un profund arc de mig punt, amb la imatge de San Andr\u00e9s i l&#8217;escut dels \u00c0ustries, de l&#8217;any 1612.<\/p>\t\t\t\t\t\t\t\t<\/div>\n\t\t\t\t<\/div>\n\t\t\t\t<div class=\"elementor-element elementor-element-ccc707e elementor-widget elementor-widget-image\" data-id=\"ccc707e\" data-element_type=\"widget\" data-e-type=\"widget\" data-widget_type=\"image.default\">\n\t\t\t\t<div class=\"elementor-widget-container\">\n\t\t\t\t\t\t\t\t\t\t\t\t<figure class=\"wp-caption\">\n\t\t\t\t\t\t\t\t\t\t<img loading=\"lazy\" decoding=\"async\" width=\"768\" height=\"512\" src=\"https:\/\/www.elturistatranquil.com\/wp-content\/uploads\/F56-Villanueva-de-los-Infantes-Iglesia-de-San-Andres.jpg\" class=\"attachment-large size-large wp-image-28342\" alt=\"Villanueva de los Infantes Iglesia de San Andres\" srcset=\"https:\/\/www.elturistatranquil.com\/wp-content\/uploads\/F56-Villanueva-de-los-Infantes-Iglesia-de-San-Andres.jpg 768w, https:\/\/www.elturistatranquil.com\/wp-content\/uploads\/F56-Villanueva-de-los-Infantes-Iglesia-de-San-Andres-339x226.jpg 339w\" sizes=\"(max-width: 768px) 100vw, 768px\" \/>\t\t\t\t\t\t\t\t\t\t\t<figcaption class=\"widget-image-caption wp-caption-text\"><\/figcaption>\n\t\t\t\t\t\t\t\t\t\t<\/figure>\n\t\t\t\t\t\t\t\t\t<\/div>\n\t\t\t\t<\/div>\n\t\t\t\t<div class=\"elementor-element elementor-element-3e8711c elementor-widget elementor-widget-text-editor\" data-id=\"3e8711c\" data-element_type=\"widget\" data-e-type=\"widget\" data-widget_type=\"text-editor.default\">\n\t\t\t\t<div class=\"elementor-widget-container\">\n\t\t\t\t\t\t\t\t\t<p>La torre, de 1683, \u00e9s atribu\u00efda a Ru\u00edz de Hurtado, d&#8217;estil herreri\u00e0, rematada amb un chapitel de pissarra de construcci\u00f3 posterior.<\/p>\t\t\t\t\t\t\t\t<\/div>\n\t\t\t\t<\/div>\n\t\t\t\t<div class=\"elementor-element elementor-element-fabf770 elementor-widget elementor-widget-image\" data-id=\"fabf770\" data-element_type=\"widget\" data-e-type=\"widget\" data-widget_type=\"image.default\">\n\t\t\t\t<div class=\"elementor-widget-container\">\n\t\t\t\t\t\t\t\t\t\t\t\t<figure class=\"wp-caption\">\n\t\t\t\t\t\t\t\t\t\t<img loading=\"lazy\" decoding=\"async\" width=\"366\" height=\"550\" src=\"https:\/\/www.elturistatranquil.com\/wp-content\/uploads\/F57-Villanueva-de-los-Infantes-Iglesia-de-San-Andres.jpg\" class=\"attachment-large size-large wp-image-28344\" alt=\"Villanueva de los Infantes Iglesia de San Andres\" srcset=\"https:\/\/www.elturistatranquil.com\/wp-content\/uploads\/F57-Villanueva-de-los-Infantes-Iglesia-de-San-Andres.jpg 366w, https:\/\/www.elturistatranquil.com\/wp-content\/uploads\/F57-Villanueva-de-los-Infantes-Iglesia-de-San-Andres-150x226.jpg 150w\" sizes=\"(max-width: 366px) 100vw, 366px\" \/>\t\t\t\t\t\t\t\t\t\t\t<figcaption class=\"widget-image-caption wp-caption-text\"><\/figcaption>\n\t\t\t\t\t\t\t\t\t\t<\/figure>\n\t\t\t\t\t\t\t\t\t<\/div>\n\t\t\t\t<\/div>\n\t\t\t\t<div class=\"elementor-element elementor-element-c8ad414 elementor-widget elementor-widget-text-editor\" data-id=\"c8ad414\" data-element_type=\"widget\" data-e-type=\"widget\" data-widget_type=\"text-editor.default\">\n\t\t\t\t<div class=\"elementor-widget-container\">\n\t\t\t\t\t\t\t\t\t<p>Les altres dues portades s\u00f3n plateresques. Una d&#8217;elles se situa als peus del temple.<\/p>\t\t\t\t\t\t\t\t<\/div>\n\t\t\t\t<\/div>\n\t\t\t\t<div class=\"elementor-element elementor-element-d036d01 elementor-widget elementor-widget-image\" data-id=\"d036d01\" data-element_type=\"widget\" data-e-type=\"widget\" data-widget_type=\"image.default\">\n\t\t\t\t<div class=\"elementor-widget-container\">\n\t\t\t\t\t\t\t\t\t\t\t\t<figure class=\"wp-caption\">\n\t\t\t\t\t\t\t\t\t\t<img loading=\"lazy\" decoding=\"async\" width=\"768\" height=\"512\" src=\"https:\/\/www.elturistatranquil.com\/wp-content\/uploads\/F58-Villanueva-de-los-Infantes-Iglesia-de-San-Andres.jpg\" class=\"attachment-large size-large wp-image-28346\" alt=\"\" srcset=\"https:\/\/www.elturistatranquil.com\/wp-content\/uploads\/F58-Villanueva-de-los-Infantes-Iglesia-de-San-Andres.jpg 768w, https:\/\/www.elturistatranquil.com\/wp-content\/uploads\/F58-Villanueva-de-los-Infantes-Iglesia-de-San-Andres-339x226.jpg 339w\" sizes=\"(max-width: 768px) 100vw, 768px\" \/>\t\t\t\t\t\t\t\t\t\t\t<figcaption class=\"widget-image-caption wp-caption-text\"><\/figcaption>\n\t\t\t\t\t\t\t\t\t\t<\/figure>\n\t\t\t\t\t\t\t\t\t<\/div>\n\t\t\t\t<\/div>\n\t\t\t\t<div class=\"elementor-element elementor-element-0113801 elementor-widget elementor-widget-image\" data-id=\"0113801\" data-element_type=\"widget\" data-e-type=\"widget\" data-widget_type=\"image.default\">\n\t\t\t\t<div class=\"elementor-widget-container\">\n\t\t\t\t\t\t\t\t\t\t\t\t<figure class=\"wp-caption\">\n\t\t\t\t\t\t\t\t\t\t<img loading=\"lazy\" decoding=\"async\" width=\"650\" height=\"550\" src=\"https:\/\/www.elturistatranquil.com\/wp-content\/uploads\/F59-Villanueva-de-los-Infantes-Iglesia-de-San-Andres.jpg\" class=\"attachment-large size-large wp-image-28348\" alt=\"Villanueva de los Infantes Iglesia de San Andres\" srcset=\"https:\/\/www.elturistatranquil.com\/wp-content\/uploads\/F59-Villanueva-de-los-Infantes-Iglesia-de-San-Andres.jpg 650w, https:\/\/www.elturistatranquil.com\/wp-content\/uploads\/F59-Villanueva-de-los-Infantes-Iglesia-de-San-Andres-267x226.jpg 267w\" sizes=\"(max-width: 650px) 100vw, 650px\" \/>\t\t\t\t\t\t\t\t\t\t\t<figcaption class=\"widget-image-caption wp-caption-text\"><\/figcaption>\n\t\t\t\t\t\t\t\t\t\t<\/figure>\n\t\t\t\t\t\t\t\t\t<\/div>\n\t\t\t\t<\/div>\n\t\t\t\t<div class=\"elementor-element elementor-element-13bcb86 elementor-widget elementor-widget-text-editor\" data-id=\"13bcb86\" data-element_type=\"widget\" data-e-type=\"widget\" data-widget_type=\"text-editor.default\">\n\t\t\t\t<div class=\"elementor-widget-container\">\n\t\t\t\t\t\t\t\t\t<p>A la dreta es va construir la rectoria, en el buit entre el creuer i l&#8217;absis.<\/p>\t\t\t\t\t\t\t\t<\/div>\n\t\t\t\t<\/div>\n\t\t\t\t<div class=\"elementor-element elementor-element-acdc2a1 elementor-widget elementor-widget-image\" data-id=\"acdc2a1\" data-element_type=\"widget\" data-e-type=\"widget\" data-widget_type=\"image.default\">\n\t\t\t\t<div class=\"elementor-widget-container\">\n\t\t\t\t\t\t\t\t\t\t\t\t<figure class=\"wp-caption\">\n\t\t\t\t\t\t\t\t\t\t<img loading=\"lazy\" decoding=\"async\" width=\"366\" height=\"550\" src=\"https:\/\/www.elturistatranquil.com\/wp-content\/uploads\/F60-Villanueva-de-los-Infantes-Iglesia-de-San-Andres.jpg\" class=\"attachment-large size-large wp-image-28350\" alt=\"Villanueva de los Infantes Iglesia de San Andres\" srcset=\"https:\/\/www.elturistatranquil.com\/wp-content\/uploads\/F60-Villanueva-de-los-Infantes-Iglesia-de-San-Andres.jpg 366w, https:\/\/www.elturistatranquil.com\/wp-content\/uploads\/F60-Villanueva-de-los-Infantes-Iglesia-de-San-Andres-150x226.jpg 150w\" sizes=\"(max-width: 366px) 100vw, 366px\" \/>\t\t\t\t\t\t\t\t\t\t\t<figcaption class=\"widget-image-caption wp-caption-text\"><\/figcaption>\n\t\t\t\t\t\t\t\t\t\t<\/figure>\n\t\t\t\t\t\t\t\t\t<\/div>\n\t\t\t\t<\/div>\n\t\t\t\t<div class=\"elementor-element elementor-element-361dd9b elementor-widget elementor-widget-text-editor\" data-id=\"361dd9b\" data-element_type=\"widget\" data-e-type=\"widget\" data-widget_type=\"text-editor.default\">\n\t\t\t\t<div class=\"elementor-widget-container\">\n\t\t\t\t\t\t\t\t\t<p>L&#8217;interior de l&#8217;esgl\u00e9sia es fonamenta en una estructura g\u00f2tica d&#8217;una sola nau dividida de cinc trams i el presbiteri amb un absis trapezo\u00efdal.<\/p><p>Al segle XVII seguint la moda de planta de creu llatina, imposada per l&#8217;esperit de la contrareforma, es van afegir les dues capelles laterals en el quart tram.<\/p>\t\t\t\t\t\t\t\t<\/div>\n\t\t\t\t<\/div>\n\t\t\t\t<div class=\"elementor-element elementor-element-29bba59 elementor-widget elementor-widget-image\" data-id=\"29bba59\" data-element_type=\"widget\" data-e-type=\"widget\" data-widget_type=\"image.default\">\n\t\t\t\t<div class=\"elementor-widget-container\">\n\t\t\t\t\t\t\t\t\t\t\t\t<figure class=\"wp-caption\">\n\t\t\t\t\t\t\t\t\t\t<img loading=\"lazy\" decoding=\"async\" width=\"768\" height=\"511\" src=\"https:\/\/www.elturistatranquil.com\/wp-content\/uploads\/F61-Villanueva-de-los-Infantes-Iglesia-de-San-Andres.jpg\" class=\"attachment-large size-large wp-image-28352\" alt=\"Villanueva de los Infantes Iglesia de San Andres\" srcset=\"https:\/\/www.elturistatranquil.com\/wp-content\/uploads\/F61-Villanueva-de-los-Infantes-Iglesia-de-San-Andres.jpg 768w, https:\/\/www.elturistatranquil.com\/wp-content\/uploads\/F61-Villanueva-de-los-Infantes-Iglesia-de-San-Andres-339x226.jpg 339w\" sizes=\"(max-width: 768px) 100vw, 768px\" \/>\t\t\t\t\t\t\t\t\t\t\t<figcaption class=\"widget-image-caption wp-caption-text\"><\/figcaption>\n\t\t\t\t\t\t\t\t\t\t<\/figure>\n\t\t\t\t\t\t\t\t\t<\/div>\n\t\t\t\t<\/div>\n\t\t\t\t<div class=\"elementor-element elementor-element-8b959d5 elementor-widget elementor-widget-image\" data-id=\"8b959d5\" data-element_type=\"widget\" data-e-type=\"widget\" data-widget_type=\"image.default\">\n\t\t\t\t<div class=\"elementor-widget-container\">\n\t\t\t\t\t\t\t\t\t\t\t\t<figure class=\"wp-caption\">\n\t\t\t\t\t\t\t\t\t\t<img loading=\"lazy\" decoding=\"async\" width=\"768\" height=\"511\" src=\"https:\/\/www.elturistatranquil.com\/wp-content\/uploads\/F62-Villanueva-de-los-Infantes-Iglesia-de-San-Andres.jpg\" class=\"attachment-large size-large wp-image-28354\" alt=\"Villanueva de los Infantes Iglesia de San Andres\" srcset=\"https:\/\/www.elturistatranquil.com\/wp-content\/uploads\/F62-Villanueva-de-los-Infantes-Iglesia-de-San-Andres.jpg 768w, https:\/\/www.elturistatranquil.com\/wp-content\/uploads\/F62-Villanueva-de-los-Infantes-Iglesia-de-San-Andres-339x226.jpg 339w\" sizes=\"(max-width: 768px) 100vw, 768px\" \/>\t\t\t\t\t\t\t\t\t\t\t<figcaption class=\"widget-image-caption wp-caption-text\"><\/figcaption>\n\t\t\t\t\t\t\t\t\t\t<\/figure>\n\t\t\t\t\t\t\t\t\t<\/div>\n\t\t\t\t<\/div>\n\t\t\t\t<div class=\"elementor-element elementor-element-5638428 elementor-widget elementor-widget-text-editor\" data-id=\"5638428\" data-element_type=\"widget\" data-e-type=\"widget\" data-widget_type=\"text-editor.default\">\n\t\t\t\t<div class=\"elementor-widget-container\">\n\t\t\t\t\t\t\t\t\t<p>La coberta \u00e9s de voltes de creueria sobre pilastres.<\/p>\t\t\t\t\t\t\t\t<\/div>\n\t\t\t\t<\/div>\n\t\t\t\t<div class=\"elementor-element elementor-element-909bb3a elementor-widget elementor-widget-image\" data-id=\"909bb3a\" data-element_type=\"widget\" data-e-type=\"widget\" data-widget_type=\"image.default\">\n\t\t\t\t<div class=\"elementor-widget-container\">\n\t\t\t\t\t\t\t\t\t\t\t\t<figure class=\"wp-caption\">\n\t\t\t\t\t\t\t\t\t\t<img loading=\"lazy\" decoding=\"async\" width=\"768\" height=\"511\" src=\"https:\/\/www.elturistatranquil.com\/wp-content\/uploads\/F63-Villanueva-de-los-Infantes-Iglesia-de-San-Andr\u00e9s.jpg\" class=\"attachment-large size-large wp-image-28356\" alt=\"Villanueva de los Infantes Iglesia de San Andres\" srcset=\"https:\/\/www.elturistatranquil.com\/wp-content\/uploads\/F63-Villanueva-de-los-Infantes-Iglesia-de-San-Andr\u00e9s.jpg 768w, https:\/\/www.elturistatranquil.com\/wp-content\/uploads\/F63-Villanueva-de-los-Infantes-Iglesia-de-San-Andr\u00e9s-339x226.jpg 339w\" sizes=\"(max-width: 768px) 100vw, 768px\" \/>\t\t\t\t\t\t\t\t\t\t\t<figcaption class=\"widget-image-caption wp-caption-text\"><\/figcaption>\n\t\t\t\t\t\t\t\t\t\t<\/figure>\n\t\t\t\t\t\t\t\t\t<\/div>\n\t\t\t\t<\/div>\n\t\t\t\t<div class=\"elementor-element elementor-element-919ccd7 elementor-widget elementor-widget-text-editor\" data-id=\"919ccd7\" data-element_type=\"widget\" data-e-type=\"widget\" data-widget_type=\"text-editor.default\">\n\t\t\t\t<div class=\"elementor-widget-container\">\n\t\t\t\t\t\t\t\t\t<p>Al presbiteri es distingeix un retaule barroc dedicat a Sanot Tom\u00e1s de Villanueva, patr\u00f3 de la ciutat, en alabastre.<\/p>\t\t\t\t\t\t\t\t<\/div>\n\t\t\t\t<\/div>\n\t\t\t\t<div class=\"elementor-element elementor-element-d64d876 elementor-widget elementor-widget-image\" data-id=\"d64d876\" data-element_type=\"widget\" data-e-type=\"widget\" data-widget_type=\"image.default\">\n\t\t\t\t<div class=\"elementor-widget-container\">\n\t\t\t\t\t\t\t\t\t\t\t\t<figure class=\"wp-caption\">\n\t\t\t\t\t\t\t\t\t\t<img loading=\"lazy\" decoding=\"async\" width=\"488\" height=\"550\" src=\"https:\/\/www.elturistatranquil.com\/wp-content\/uploads\/F64-Villanueva-de-los-Infantes-Iglesia-de-San-Andres.jpg\" class=\"attachment-large size-large wp-image-28358\" alt=\"Villanueva de los Infantes Iglesia de San Andres\" srcset=\"https:\/\/www.elturistatranquil.com\/wp-content\/uploads\/F64-Villanueva-de-los-Infantes-Iglesia-de-San-Andres.jpg 488w, https:\/\/www.elturistatranquil.com\/wp-content\/uploads\/F64-Villanueva-de-los-Infantes-Iglesia-de-San-Andres-201x226.jpg 201w\" sizes=\"(max-width: 488px) 100vw, 488px\" \/>\t\t\t\t\t\t\t\t\t\t\t<figcaption class=\"widget-image-caption wp-caption-text\"><\/figcaption>\n\t\t\t\t\t\t\t\t\t\t<\/figure>\n\t\t\t\t\t\t\t\t\t<\/div>\n\t\t\t\t<\/div>\n\t\t\t\t<div class=\"elementor-element elementor-element-8281bd8 elementor-widget elementor-widget-text-editor\" data-id=\"8281bd8\" data-element_type=\"widget\" data-e-type=\"widget\" data-widget_type=\"text-editor.default\">\n\t\t\t\t<div class=\"elementor-widget-container\">\n\t\t\t\t\t\t\t\t\t<p>En aquest mateix lloc es va col\u00b7locar l&#8217;\u00f2rgan de l&#8217;Esgl\u00e9sia.<\/p>\t\t\t\t\t\t\t\t<\/div>\n\t\t\t\t<\/div>\n\t\t\t\t<div class=\"elementor-element elementor-element-d869ffc elementor-widget elementor-widget-image\" data-id=\"d869ffc\" data-element_type=\"widget\" data-e-type=\"widget\" data-widget_type=\"image.default\">\n\t\t\t\t<div class=\"elementor-widget-container\">\n\t\t\t\t\t\t\t\t\t\t\t\t<figure class=\"wp-caption\">\n\t\t\t\t\t\t\t\t\t\t<img loading=\"lazy\" decoding=\"async\" width=\"768\" height=\"511\" src=\"https:\/\/www.elturistatranquil.com\/wp-content\/uploads\/F65-Villanueva-de-los-Infantes-Iglesia-de-San-Andr\u00e9s.jpg\" class=\"attachment-large size-large wp-image-28360\" alt=\"Villanueva de los Infantes Iglesia de San Andres\" srcset=\"https:\/\/www.elturistatranquil.com\/wp-content\/uploads\/F65-Villanueva-de-los-Infantes-Iglesia-de-San-Andr\u00e9s.jpg 768w, https:\/\/www.elturistatranquil.com\/wp-content\/uploads\/F65-Villanueva-de-los-Infantes-Iglesia-de-San-Andr\u00e9s-339x226.jpg 339w\" sizes=\"(max-width: 768px) 100vw, 768px\" \/>\t\t\t\t\t\t\t\t\t\t\t<figcaption class=\"widget-image-caption wp-caption-text\"><\/figcaption>\n\t\t\t\t\t\t\t\t\t\t<\/figure>\n\t\t\t\t\t\t\t\t\t<\/div>\n\t\t\t\t<\/div>\n\t\t\t\t<div class=\"elementor-element elementor-element-29722f0 elementor-widget elementor-widget-text-editor\" data-id=\"29722f0\" data-element_type=\"widget\" data-e-type=\"widget\" data-widget_type=\"text-editor.default\">\n\t\t\t\t<div class=\"elementor-widget-container\">\n\t\t\t\t\t\t\t\t\t<p>La capella afegida de la banda de l&#8217;evangeli est\u00e0 dedicada al Sant\u00edssim, la volta presenta una decoraci\u00f3 de guixeries barroques amb pintures al fresc recents. La del costat de l&#8217;ep\u00edstola \u00e9s la de Santo Tom\u00e1s, que d\u00f3na acc\u00e9s a la Sagristia, i est\u00e0 decorada amb Apostolat en la volta i amb un programa iconogr\u00e0fic de evangelistes en les petxines.<\/p>\t\t\t\t\t\t\t\t<\/div>\n\t\t\t\t<\/div>\n\t\t\t\t<section class=\"elementor-section elementor-inner-section elementor-element elementor-element-6d39eb9 elementor-section-boxed elementor-section-height-default elementor-section-height-default\" data-id=\"6d39eb9\" data-element_type=\"section\" data-e-type=\"section\">\n\t\t\t\t\t\t<div class=\"elementor-container elementor-column-gap-default\">\n\t\t\t\t\t<div class=\"elementor-column elementor-col-50 elementor-inner-column elementor-element elementor-element-ebe162a\" data-id=\"ebe162a\" data-element_type=\"column\" data-e-type=\"column\">\n\t\t\t<div class=\"elementor-widget-wrap elementor-element-populated\">\n\t\t\t\t\t\t<div class=\"elementor-element elementor-element-52d9322 elementor-widget elementor-widget-image\" data-id=\"52d9322\" data-element_type=\"widget\" data-e-type=\"widget\" data-widget_type=\"image.default\">\n\t\t\t\t<div class=\"elementor-widget-container\">\n\t\t\t\t\t\t\t\t\t\t\t\t\t\t\t<img loading=\"lazy\" decoding=\"async\" width=\"366\" height=\"550\" src=\"https:\/\/www.elturistatranquil.com\/wp-content\/uploads\/F66m-Villanueva-de-los-Infantes-Iglesia-de-San-Andr\u00e9s.jpg\" class=\"attachment-large size-large wp-image-28362\" alt=\"Villanueva de los Infantes Iglesia de San Andres\" srcset=\"https:\/\/www.elturistatranquil.com\/wp-content\/uploads\/F66m-Villanueva-de-los-Infantes-Iglesia-de-San-Andr\u00e9s.jpg 366w, https:\/\/www.elturistatranquil.com\/wp-content\/uploads\/F66m-Villanueva-de-los-Infantes-Iglesia-de-San-Andr\u00e9s-150x226.jpg 150w\" sizes=\"(max-width: 366px) 100vw, 366px\" \/>\t\t\t\t\t\t\t\t\t\t\t\t\t\t\t<\/div>\n\t\t\t\t<\/div>\n\t\t\t\t\t<\/div>\n\t\t<\/div>\n\t\t\t\t<div class=\"elementor-column elementor-col-50 elementor-inner-column elementor-element elementor-element-ae55c05\" data-id=\"ae55c05\" data-element_type=\"column\" data-e-type=\"column\">\n\t\t\t<div class=\"elementor-widget-wrap elementor-element-populated\">\n\t\t\t\t\t\t<div class=\"elementor-element elementor-element-61f4593 elementor-widget elementor-widget-image\" data-id=\"61f4593\" data-element_type=\"widget\" data-e-type=\"widget\" data-widget_type=\"image.default\">\n\t\t\t\t<div class=\"elementor-widget-container\">\n\t\t\t\t\t\t\t\t\t\t\t\t\t\t\t<img loading=\"lazy\" decoding=\"async\" width=\"366\" height=\"550\" src=\"https:\/\/www.elturistatranquil.com\/wp-content\/uploads\/F66n-Villanueva-de-los-Infantes-Iglesia-de-San-Andr\u00e9s.jpg\" class=\"attachment-large size-large wp-image-28364\" alt=\"Villanueva de los Infantes Iglesia de San Andres\" srcset=\"https:\/\/www.elturistatranquil.com\/wp-content\/uploads\/F66n-Villanueva-de-los-Infantes-Iglesia-de-San-Andr\u00e9s.jpg 366w, https:\/\/www.elturistatranquil.com\/wp-content\/uploads\/F66n-Villanueva-de-los-Infantes-Iglesia-de-San-Andr\u00e9s-150x226.jpg 150w\" sizes=\"(max-width: 366px) 100vw, 366px\" \/>\t\t\t\t\t\t\t\t\t\t\t\t\t\t\t<\/div>\n\t\t\t\t<\/div>\n\t\t\t\t\t<\/div>\n\t\t<\/div>\n\t\t\t\t\t<\/div>\n\t\t<\/section>\n\t\t\t\t<div class=\"elementor-element elementor-element-458cc37 elementor-widget elementor-widget-image\" data-id=\"458cc37\" data-element_type=\"widget\" data-e-type=\"widget\" data-widget_type=\"image.default\">\n\t\t\t\t<div class=\"elementor-widget-container\">\n\t\t\t\t\t\t\t\t\t\t\t\t<figure class=\"wp-caption\">\n\t\t\t\t\t\t\t\t\t\t<img loading=\"lazy\" decoding=\"async\" width=\"768\" height=\"511\" src=\"https:\/\/www.elturistatranquil.com\/wp-content\/uploads\/F67-Villanueva-de-los-Infantes-Iglesia-de-San-Andr\u00e9s.jpg\" class=\"attachment-large size-large wp-image-28366\" alt=\"Villanueva de los Infantes Iglesia de San Andres\" srcset=\"https:\/\/www.elturistatranquil.com\/wp-content\/uploads\/F67-Villanueva-de-los-Infantes-Iglesia-de-San-Andr\u00e9s.jpg 768w, https:\/\/www.elturistatranquil.com\/wp-content\/uploads\/F67-Villanueva-de-los-Infantes-Iglesia-de-San-Andr\u00e9s-339x226.jpg 339w\" sizes=\"(max-width: 768px) 100vw, 768px\" \/>\t\t\t\t\t\t\t\t\t\t\t<figcaption class=\"widget-image-caption wp-caption-text\"><\/figcaption>\n\t\t\t\t\t\t\t\t\t\t<\/figure>\n\t\t\t\t\t\t\t\t\t<\/div>\n\t\t\t\t<\/div>\n\t\t\t\t<div class=\"elementor-element elementor-element-b608aff elementor-widget elementor-widget-text-editor\" data-id=\"b608aff\" data-element_type=\"widget\" data-e-type=\"widget\" data-widget_type=\"text-editor.default\">\n\t\t\t\t<div class=\"elementor-widget-container\">\n\t\t\t\t\t\t\t\t\t<p>Un dels elements m\u00e9s apreciats \u00e9s el p\u00falpit plateresc de marbre de segle XVI, de Francisco de Lluna.<\/p>\t\t\t\t\t\t\t\t<\/div>\n\t\t\t\t<\/div>\n\t\t\t\t<div class=\"elementor-element elementor-element-77e0d22 elementor-widget elementor-widget-image\" data-id=\"77e0d22\" data-element_type=\"widget\" data-e-type=\"widget\" data-widget_type=\"image.default\">\n\t\t\t\t<div class=\"elementor-widget-container\">\n\t\t\t\t\t\t\t\t\t\t\t\t<figure class=\"wp-caption\">\n\t\t\t\t\t\t\t\t\t\t<img loading=\"lazy\" decoding=\"async\" width=\"768\" height=\"505\" src=\"https:\/\/www.elturistatranquil.com\/wp-content\/uploads\/F68-Villanueva-de-los-Infantes-Iglesia-de-San-Andr\u00e9s.jpg\" class=\"attachment-large size-large wp-image-28368\" alt=\"Villanueva de los Infantes Iglesia de San Andres\" srcset=\"https:\/\/www.elturistatranquil.com\/wp-content\/uploads\/F68-Villanueva-de-los-Infantes-Iglesia-de-San-Andr\u00e9s.jpg 768w, https:\/\/www.elturistatranquil.com\/wp-content\/uploads\/F68-Villanueva-de-los-Infantes-Iglesia-de-San-Andr\u00e9s-339x223.jpg 339w\" sizes=\"(max-width: 768px) 100vw, 768px\" \/>\t\t\t\t\t\t\t\t\t\t\t<figcaption class=\"widget-image-caption wp-caption-text\"><\/figcaption>\n\t\t\t\t\t\t\t\t\t\t<\/figure>\n\t\t\t\t\t\t\t\t\t<\/div>\n\t\t\t\t<\/div>\n\t\t\t\t<div class=\"elementor-element elementor-element-0e10c02 elementor-widget elementor-widget-text-editor\" data-id=\"0e10c02\" data-element_type=\"widget\" data-e-type=\"widget\" data-widget_type=\"text-editor.default\">\n\t\t\t\t<div class=\"elementor-widget-container\">\n\t\t\t\t\t\t\t\t\t<p>Per reafirmar la vinculaci\u00f3 amb l&#8217;Ordre de Santiago, cal observar la pres\u00e8ncia del seu emblema a l&#8217;exterior del costat de l&#8217;ep\u00edstola.<\/p>\t\t\t\t\t\t\t\t<\/div>\n\t\t\t\t<\/div>\n\t\t\t\t<div class=\"elementor-element elementor-element-d44f06a elementor-widget elementor-widget-menu-anchor\" data-id=\"d44f06a\" data-element_type=\"widget\" data-e-type=\"widget\" data-widget_type=\"menu-anchor.default\">\n\t\t\t\t<div class=\"elementor-widget-container\">\n\t\t\t\t\t\t\t<div class=\"elementor-menu-anchor\" id=\"c4914\"><\/div>\n\t\t\t\t\t\t<\/div>\n\t\t\t\t<\/div>\n\t\t\t\t<div class=\"elementor-element elementor-element-789c858 elementor-widget elementor-widget-image\" data-id=\"789c858\" data-element_type=\"widget\" data-e-type=\"widget\" data-widget_type=\"image.default\">\n\t\t\t\t<div class=\"elementor-widget-container\">\n\t\t\t\t\t\t\t\t\t\t\t\t<figure class=\"wp-caption\">\n\t\t\t\t\t\t\t\t\t\t<img loading=\"lazy\" decoding=\"async\" width=\"768\" height=\"512\" src=\"https:\/\/www.elturistatranquil.com\/wp-content\/uploads\/F69-Villanueva-de-los-Infantes-Iglesia-de-San-Andr\u00e9s.jpg\" class=\"attachment-large size-large wp-image-28370\" alt=\"Villanueva de los Infantes Iglesia de San Andres\" srcset=\"https:\/\/www.elturistatranquil.com\/wp-content\/uploads\/F69-Villanueva-de-los-Infantes-Iglesia-de-San-Andr\u00e9s.jpg 768w, https:\/\/www.elturistatranquil.com\/wp-content\/uploads\/F69-Villanueva-de-los-Infantes-Iglesia-de-San-Andr\u00e9s-339x226.jpg 339w\" sizes=\"(max-width: 768px) 100vw, 768px\" \/>\t\t\t\t\t\t\t\t\t\t\t<figcaption class=\"widget-image-caption wp-caption-text\"><\/figcaption>\n\t\t\t\t\t\t\t\t\t\t<\/figure>\n\t\t\t\t\t\t\t\t\t<\/div>\n\t\t\t\t<\/div>\n\t\t\t\t<div class=\"elementor-element elementor-element-37cd258 elementor-widget elementor-widget-heading\" data-id=\"37cd258\" data-element_type=\"widget\" data-e-type=\"widget\" data-widget_type=\"heading.default\">\n\t\t\t\t<div class=\"elementor-widget-container\">\n\t\t\t\t\t<h3 class=\"elementor-heading-title elementor-size-default\">Carrer Juan Carlos I<\/h3>\t\t\t\t<\/div>\n\t\t\t\t<\/div>\n\t\t\t\t<div class=\"elementor-element elementor-element-807b977 elementor-widget elementor-widget-text-editor\" data-id=\"807b977\" data-element_type=\"widget\" data-e-type=\"widget\" data-widget_type=\"text-editor.default\">\n\t\t\t\t<div class=\"elementor-widget-container\">\n\t\t\t\t\t\t\t\t\t<p>Sortint de l&#8217;Esgl\u00e9sia em dirigeixo cap a l&#8217;est, pel <strong>carrer Juan Carlos I<\/strong> (<strong>D<\/strong>)<\/p><p>Aquest carrer constitueix una dels eixos importants que conflueixen a la pla\u00e7a Mayor. Per tant, trobarem en ella un nombre rellevant de casalots i palaus. Mostrar\u00e9 algun d&#8217;ells.<\/p><p>En la mateixa cantonada al costat de l&#8217;Esgl\u00e9sia, en el <strong>n\u00ba 1<\/strong>, se situa el <strong>Palau de los Ballesteros<\/strong>. Un dels m\u00e9s antics de la ciutat, del segle XVI. Conserva la fa\u00e7ana de carreus i el seu escut a la cantonada.<\/p>\t\t\t\t\t\t\t\t<\/div>\n\t\t\t\t<\/div>\n\t\t\t\t<div class=\"elementor-element elementor-element-a16f8b9 elementor-widget elementor-widget-image\" data-id=\"a16f8b9\" data-element_type=\"widget\" data-e-type=\"widget\" data-widget_type=\"image.default\">\n\t\t\t\t<div class=\"elementor-widget-container\">\n\t\t\t\t\t\t\t\t\t\t\t\t<figure class=\"wp-caption\">\n\t\t\t\t\t\t\t\t\t\t<img loading=\"lazy\" decoding=\"async\" width=\"366\" height=\"550\" src=\"https:\/\/www.elturistatranquil.com\/wp-content\/uploads\/F70-Villanueva-de-los-Infantes-Calle-Juan-Carlos-I.jpg\" class=\"attachment-large size-large wp-image-28372\" alt=\"Villanueva de los Infantes Calle Juan Carlos I\" srcset=\"https:\/\/www.elturistatranquil.com\/wp-content\/uploads\/F70-Villanueva-de-los-Infantes-Calle-Juan-Carlos-I.jpg 366w, https:\/\/www.elturistatranquil.com\/wp-content\/uploads\/F70-Villanueva-de-los-Infantes-Calle-Juan-Carlos-I-150x226.jpg 150w\" sizes=\"(max-width: 366px) 100vw, 366px\" \/>\t\t\t\t\t\t\t\t\t\t\t<figcaption class=\"widget-image-caption wp-caption-text\"><\/figcaption>\n\t\t\t\t\t\t\t\t\t\t<\/figure>\n\t\t\t\t\t\t\t\t\t<\/div>\n\t\t\t\t<\/div>\n\t\t\t\t<div class=\"elementor-element elementor-element-60ad4cc elementor-widget elementor-widget-text-editor\" data-id=\"60ad4cc\" data-element_type=\"widget\" data-e-type=\"widget\" data-widget_type=\"text-editor.default\">\n\t\t\t\t<div class=\"elementor-widget-container\">\n\t\t\t\t\t\t\t\t\t<p>La casa del davant, continuaci\u00f3 de l&#8217;edifici de llevant de la pla\u00e7a Mayor, continuen els porxos.<\/p>\t\t\t\t\t\t\t\t<\/div>\n\t\t\t\t<\/div>\n\t\t\t\t<div class=\"elementor-element elementor-element-84dd0d1 elementor-widget elementor-widget-image\" data-id=\"84dd0d1\" data-element_type=\"widget\" data-e-type=\"widget\" data-widget_type=\"image.default\">\n\t\t\t\t<div class=\"elementor-widget-container\">\n\t\t\t\t\t\t\t\t\t\t\t\t<figure class=\"wp-caption\">\n\t\t\t\t\t\t\t\t\t\t<img loading=\"lazy\" decoding=\"async\" width=\"768\" height=\"511\" src=\"https:\/\/www.elturistatranquil.com\/wp-content\/uploads\/F71-Villanueva-de-los-Infantes-Calle-Juan-Carlos-I.jpg\" class=\"attachment-large size-large wp-image-28374\" alt=\"Villanueva de los Infantes Calle Juan Carlos I\" srcset=\"https:\/\/www.elturistatranquil.com\/wp-content\/uploads\/F71-Villanueva-de-los-Infantes-Calle-Juan-Carlos-I.jpg 768w, https:\/\/www.elturistatranquil.com\/wp-content\/uploads\/F71-Villanueva-de-los-Infantes-Calle-Juan-Carlos-I-339x226.jpg 339w\" sizes=\"(max-width: 768px) 100vw, 768px\" \/>\t\t\t\t\t\t\t\t\t\t\t<figcaption class=\"widget-image-caption wp-caption-text\"><\/figcaption>\n\t\t\t\t\t\t\t\t\t\t<\/figure>\n\t\t\t\t\t\t\t\t\t<\/div>\n\t\t\t\t<\/div>\n\t\t\t\t<div class=\"elementor-element elementor-element-e929651 elementor-widget elementor-widget-text-editor\" data-id=\"e929651\" data-element_type=\"widget\" data-e-type=\"widget\" data-widget_type=\"text-editor.default\">\n\t\t\t\t<div class=\"elementor-widget-container\">\n\t\t\t\t\t\t\t\t\t<p>Es repeteixen igualment les cases amb porta de carreus i adintellades, com aquestes dels <strong>n\u00ba 10 i 12<\/strong>. La del <strong>n\u00ba 10<\/strong> amb l&#8217;emblema de l&#8217;Ordre de Santiago.<\/p>\t\t\t\t\t\t\t\t<\/div>\n\t\t\t\t<\/div>\n\t\t\t\t<div class=\"elementor-element elementor-element-fc35a95 elementor-widget elementor-widget-image\" data-id=\"fc35a95\" data-element_type=\"widget\" data-e-type=\"widget\" data-widget_type=\"image.default\">\n\t\t\t\t<div class=\"elementor-widget-container\">\n\t\t\t\t\t\t\t\t\t\t\t\t<figure class=\"wp-caption\">\n\t\t\t\t\t\t\t\t\t\t<img loading=\"lazy\" decoding=\"async\" width=\"768\" height=\"512\" src=\"https:\/\/www.elturistatranquil.com\/wp-content\/uploads\/F72-Villanueva-de-los-Infantes-Calle-Juan-Carlos-I.jpg\" class=\"attachment-large size-large wp-image-28376\" alt=\"Villanueva de los Infantes Calle Juan Carlos I\" srcset=\"https:\/\/www.elturistatranquil.com\/wp-content\/uploads\/F72-Villanueva-de-los-Infantes-Calle-Juan-Carlos-I.jpg 768w, https:\/\/www.elturistatranquil.com\/wp-content\/uploads\/F72-Villanueva-de-los-Infantes-Calle-Juan-Carlos-I-339x226.jpg 339w\" sizes=\"(max-width: 768px) 100vw, 768px\" \/>\t\t\t\t\t\t\t\t\t\t\t<figcaption class=\"widget-image-caption wp-caption-text\"><\/figcaption>\n\t\t\t\t\t\t\t\t\t\t<\/figure>\n\t\t\t\t\t\t\t\t\t<\/div>\n\t\t\t\t<\/div>\n\t\t\t\t<div class=\"elementor-element elementor-element-a9bd847 elementor-widget elementor-widget-image\" data-id=\"a9bd847\" data-element_type=\"widget\" data-e-type=\"widget\" data-widget_type=\"image.default\">\n\t\t\t\t<div class=\"elementor-widget-container\">\n\t\t\t\t\t\t\t\t\t\t\t\t<figure class=\"wp-caption\">\n\t\t\t\t\t\t\t\t\t\t<img loading=\"lazy\" decoding=\"async\" width=\"366\" height=\"550\" src=\"https:\/\/www.elturistatranquil.com\/wp-content\/uploads\/F73-Villanueva-de-los-Infantes-Calle-Juan-Carlos-I.jpg\" class=\"attachment-large size-large wp-image-28378\" alt=\"Villanueva de los Infantes Calle Juan Carlos I\" srcset=\"https:\/\/www.elturistatranquil.com\/wp-content\/uploads\/F73-Villanueva-de-los-Infantes-Calle-Juan-Carlos-I.jpg 366w, https:\/\/www.elturistatranquil.com\/wp-content\/uploads\/F73-Villanueva-de-los-Infantes-Calle-Juan-Carlos-I-150x226.jpg 150w\" sizes=\"(max-width: 366px) 100vw, 366px\" \/>\t\t\t\t\t\t\t\t\t\t\t<figcaption class=\"widget-image-caption wp-caption-text\"><\/figcaption>\n\t\t\t\t\t\t\t\t\t\t<\/figure>\n\t\t\t\t\t\t\t\t\t<\/div>\n\t\t\t\t<\/div>\n\t\t\t\t<div class=\"elementor-element elementor-element-c75acbe elementor-widget elementor-widget-text-editor\" data-id=\"c75acbe\" data-element_type=\"widget\" data-e-type=\"widget\" data-widget_type=\"text-editor.default\">\n\t\t\t\t<div class=\"elementor-widget-container\">\n\t\t\t\t\t\t\t\t\t<p>A la cantonada, en el <strong>n\u00ba 19<\/strong>, l&#8217;escut dels Ballesteros. El <strong>Palau dels Ballesteros<\/strong> correspon a una edificaci\u00f3 renaixentista de segle XVI.<\/p>\t\t\t\t\t\t\t\t<\/div>\n\t\t\t\t<\/div>\n\t\t\t\t<div class=\"elementor-element elementor-element-9b1f5c7 elementor-widget elementor-widget-image\" data-id=\"9b1f5c7\" data-element_type=\"widget\" data-e-type=\"widget\" data-widget_type=\"image.default\">\n\t\t\t\t<div class=\"elementor-widget-container\">\n\t\t\t\t\t\t\t\t\t\t\t\t<figure class=\"wp-caption\">\n\t\t\t\t\t\t\t\t\t\t<img loading=\"lazy\" decoding=\"async\" width=\"768\" height=\"511\" src=\"https:\/\/www.elturistatranquil.com\/wp-content\/uploads\/F74-Villanueva-de-los-Infantes-Calle-Juan-Carlos-I.jpg\" class=\"attachment-large size-large wp-image-28380\" alt=\"Villanueva de los Infantes Calle Juan Carlos I\" srcset=\"https:\/\/www.elturistatranquil.com\/wp-content\/uploads\/F74-Villanueva-de-los-Infantes-Calle-Juan-Carlos-I.jpg 768w, https:\/\/www.elturistatranquil.com\/wp-content\/uploads\/F74-Villanueva-de-los-Infantes-Calle-Juan-Carlos-I-339x226.jpg 339w\" sizes=\"(max-width: 768px) 100vw, 768px\" \/>\t\t\t\t\t\t\t\t\t\t\t<figcaption class=\"widget-image-caption wp-caption-text\"><\/figcaption>\n\t\t\t\t\t\t\t\t\t\t<\/figure>\n\t\t\t\t\t\t\t\t\t<\/div>\n\t\t\t\t<\/div>\n\t\t\t\t<div class=\"elementor-element elementor-element-be2ad17 elementor-widget elementor-widget-text-editor\" data-id=\"be2ad17\" data-element_type=\"widget\" data-e-type=\"widget\" data-widget_type=\"text-editor.default\">\n\t\t\t\t<div class=\"elementor-widget-container\">\n\t\t\t\t\t\t\t\t\t<p>Es tracta d&#8217;un volumin\u00f3s edifici amb els murs de carreus, de tres nivells. El tercer conforma una galeria oberta amb arcs entre pilastres. Em recorda els palaus aragonesos.<\/p>\t\t\t\t\t\t\t\t<\/div>\n\t\t\t\t<\/div>\n\t\t\t\t<div class=\"elementor-element elementor-element-97cf1f2 elementor-widget elementor-widget-image\" data-id=\"97cf1f2\" data-element_type=\"widget\" data-e-type=\"widget\" data-widget_type=\"image.default\">\n\t\t\t\t<div class=\"elementor-widget-container\">\n\t\t\t\t\t\t\t\t\t\t\t\t<figure class=\"wp-caption\">\n\t\t\t\t\t\t\t\t\t\t<img loading=\"lazy\" decoding=\"async\" width=\"768\" height=\"511\" src=\"https:\/\/www.elturistatranquil.com\/wp-content\/uploads\/F75-Villanueva-de-los-Infantes-Calle-Juan-Carlos-I.jpg\" class=\"attachment-large size-large wp-image-28382\" alt=\"Villanueva de los Infantes Calle Juan Carlos I\" srcset=\"https:\/\/www.elturistatranquil.com\/wp-content\/uploads\/F75-Villanueva-de-los-Infantes-Calle-Juan-Carlos-I.jpg 768w, https:\/\/www.elturistatranquil.com\/wp-content\/uploads\/F75-Villanueva-de-los-Infantes-Calle-Juan-Carlos-I-339x226.jpg 339w\" sizes=\"(max-width: 768px) 100vw, 768px\" \/>\t\t\t\t\t\t\t\t\t\t\t<figcaption class=\"widget-image-caption wp-caption-text\"><\/figcaption>\n\t\t\t\t\t\t\t\t\t\t<\/figure>\n\t\t\t\t\t\t\t\t\t<\/div>\n\t\t\t\t<\/div>\n\t\t\t\t<div class=\"elementor-element elementor-element-5687e2f elementor-widget elementor-widget-text-editor\" data-id=\"5687e2f\" data-element_type=\"widget\" data-e-type=\"widget\" data-widget_type=\"text-editor.default\">\n\t\t\t\t<div class=\"elementor-widget-container\">\n\t\t\t\t\t\t\t\t\t<p>La porta principal amb llinda i dobles columnes d\u00f2riques i l&#8217;escut familiar. En el nivell superior la mateixa estructura, i front\u00f3 triangular amb dos escuts m\u00e9s de l&#8217;her\u00e0ldica familiar. A l&#8217;interior pati porticat.<\/p><p>Expliquen que els picadors elevats a la porta era per poder accionar-los muntat a cavall.<\/p>\t\t\t\t\t\t\t\t<\/div>\n\t\t\t\t<\/div>\n\t\t\t\t<div class=\"elementor-element elementor-element-59338c5 elementor-widget elementor-widget-image\" data-id=\"59338c5\" data-element_type=\"widget\" data-e-type=\"widget\" data-widget_type=\"image.default\">\n\t\t\t\t<div class=\"elementor-widget-container\">\n\t\t\t\t\t\t\t\t\t\t\t\t<figure class=\"wp-caption\">\n\t\t\t\t\t\t\t\t\t\t<img loading=\"lazy\" decoding=\"async\" width=\"768\" height=\"511\" src=\"https:\/\/www.elturistatranquil.com\/wp-content\/uploads\/F76-Villanueva-de-los-Infantes-Calle-Juan-Carlos-I.jpg\" class=\"attachment-large size-large wp-image-28384\" alt=\"Villanueva de los Infantes Calle Juan Carlos I\" srcset=\"https:\/\/www.elturistatranquil.com\/wp-content\/uploads\/F76-Villanueva-de-los-Infantes-Calle-Juan-Carlos-I.jpg 768w, https:\/\/www.elturistatranquil.com\/wp-content\/uploads\/F76-Villanueva-de-los-Infantes-Calle-Juan-Carlos-I-339x226.jpg 339w\" sizes=\"(max-width: 768px) 100vw, 768px\" \/>\t\t\t\t\t\t\t\t\t\t\t<figcaption class=\"widget-image-caption wp-caption-text\"><\/figcaption>\n\t\t\t\t\t\t\t\t\t\t<\/figure>\n\t\t\t\t\t\t\t\t\t<\/div>\n\t\t\t\t<\/div>\n\t\t\t\t<div class=\"elementor-element elementor-element-8a68496 elementor-widget elementor-widget-text-editor\" data-id=\"8a68496\" data-element_type=\"widget\" data-e-type=\"widget\" data-widget_type=\"text-editor.default\">\n\t\t\t\t<div class=\"elementor-widget-container\">\n\t\t\t\t\t\t\t\t\t<p>Avan\u00e7ant fins al <strong>n\u00ba 24<\/strong>, davant la <strong>Casa de Don Manolito<\/strong>. Casa troncal dels Ballesteros del segle XVI que va pert\u00e0nyer a D. Fernando Ballesteros Saavedra, Governador del Campo de Montiel i alcalde aquesta vila. El nom que rep actualment fa refer\u00e8ncia al seu \u00faltim propietari.<\/p>\t\t\t\t\t\t\t\t<\/div>\n\t\t\t\t<\/div>\n\t\t\t\t<div class=\"elementor-element elementor-element-10d25a0 elementor-widget elementor-widget-image\" data-id=\"10d25a0\" data-element_type=\"widget\" data-e-type=\"widget\" data-widget_type=\"image.default\">\n\t\t\t\t<div class=\"elementor-widget-container\">\n\t\t\t\t\t\t\t\t\t\t\t\t<figure class=\"wp-caption\">\n\t\t\t\t\t\t\t\t\t\t<img loading=\"lazy\" decoding=\"async\" width=\"768\" height=\"511\" src=\"https:\/\/www.elturistatranquil.com\/wp-content\/uploads\/F77-Villanueva-de-los-Infantes-Calle-Juan-Carlos-I.jpg\" class=\"attachment-large size-large wp-image-28386\" alt=\"Villanueva de los Infantes Calle Juan Carlos I\" srcset=\"https:\/\/www.elturistatranquil.com\/wp-content\/uploads\/F77-Villanueva-de-los-Infantes-Calle-Juan-Carlos-I.jpg 768w, https:\/\/www.elturistatranquil.com\/wp-content\/uploads\/F77-Villanueva-de-los-Infantes-Calle-Juan-Carlos-I-339x226.jpg 339w\" sizes=\"(max-width: 768px) 100vw, 768px\" \/>\t\t\t\t\t\t\t\t\t\t\t<figcaption class=\"widget-image-caption wp-caption-text\"><\/figcaption>\n\t\t\t\t\t\t\t\t\t\t<\/figure>\n\t\t\t\t\t\t\t\t\t<\/div>\n\t\t\t\t<\/div>\n\t\t\t\t<div class=\"elementor-element elementor-element-8ba9e64 elementor-widget elementor-widget-text-editor\" data-id=\"8ba9e64\" data-element_type=\"widget\" data-e-type=\"widget\" data-widget_type=\"text-editor.default\">\n\t\t\t\t<div class=\"elementor-widget-container\">\n\t\t\t\t\t\t\t\t\t<p>L&#8217;entrada \u00e9s d&#8217;estil cl\u00e0ssic, de carreus, columnes, balc\u00f3 i front\u00f3 al pis superior, amb els escuts dels esposos a cada costat. El mur \u00e9s del model de paret blanca emblanquinada.<\/p><p>Actualment \u00e9s un edifici p\u00fablic dedicat a Centre de Dia de Majors. Aix\u00f2 permet que pugui accedir i veure el primer pati interior, que en aquest cas \u00e9s de grans dimensions.<\/p><p>Generalment de dos nivells. En aquest cas la planta baixa \u00e9s formada per columnes j\u00f2niques dobles: el capitell de pedra i una m\u00e8nsula de fusta del mateix estil. La planta superior est\u00e0 tancada amb finestres que donen a pati.<\/p>\t\t\t\t\t\t\t\t<\/div>\n\t\t\t\t<\/div>\n\t\t\t\t<div class=\"elementor-element elementor-element-7a8acbb elementor-widget elementor-widget-image\" data-id=\"7a8acbb\" data-element_type=\"widget\" data-e-type=\"widget\" data-widget_type=\"image.default\">\n\t\t\t\t<div class=\"elementor-widget-container\">\n\t\t\t\t\t\t\t\t\t\t\t\t<figure class=\"wp-caption\">\n\t\t\t\t\t\t\t\t\t\t<img loading=\"lazy\" decoding=\"async\" width=\"768\" height=\"511\" src=\"https:\/\/www.elturistatranquil.com\/wp-content\/uploads\/F78-Villanueva-de-los-Infantes-Calle-Juan-Carlos-I.jpg\" class=\"attachment-large size-large wp-image-28388\" alt=\"Villanueva de los Infantes Calle Juan Carlos I\" srcset=\"https:\/\/www.elturistatranquil.com\/wp-content\/uploads\/F78-Villanueva-de-los-Infantes-Calle-Juan-Carlos-I.jpg 768w, https:\/\/www.elturistatranquil.com\/wp-content\/uploads\/F78-Villanueva-de-los-Infantes-Calle-Juan-Carlos-I-339x226.jpg 339w\" sizes=\"(max-width: 768px) 100vw, 768px\" \/>\t\t\t\t\t\t\t\t\t\t\t<figcaption class=\"widget-image-caption wp-caption-text\"><\/figcaption>\n\t\t\t\t\t\t\t\t\t\t<\/figure>\n\t\t\t\t\t\t\t\t\t<\/div>\n\t\t\t\t<\/div>\n\t\t\t\t<div class=\"elementor-element elementor-element-67c1090 elementor-widget elementor-widget-image\" data-id=\"67c1090\" data-element_type=\"widget\" data-e-type=\"widget\" data-widget_type=\"image.default\">\n\t\t\t\t<div class=\"elementor-widget-container\">\n\t\t\t\t\t\t\t\t\t\t\t\t<figure class=\"wp-caption\">\n\t\t\t\t\t\t\t\t\t\t<img loading=\"lazy\" decoding=\"async\" width=\"768\" height=\"511\" src=\"https:\/\/www.elturistatranquil.com\/wp-content\/uploads\/F79-Villanueva-de-los-Infantes-Calle-Juan-Carlos-I.jpg\" class=\"attachment-large size-large wp-image-28390\" alt=\"Villanueva de los Infantes Calle Juan Carlos I\" srcset=\"https:\/\/www.elturistatranquil.com\/wp-content\/uploads\/F79-Villanueva-de-los-Infantes-Calle-Juan-Carlos-I.jpg 768w, https:\/\/www.elturistatranquil.com\/wp-content\/uploads\/F79-Villanueva-de-los-Infantes-Calle-Juan-Carlos-I-339x226.jpg 339w\" sizes=\"(max-width: 768px) 100vw, 768px\" \/>\t\t\t\t\t\t\t\t\t\t\t<figcaption class=\"widget-image-caption wp-caption-text\"><\/figcaption>\n\t\t\t\t\t\t\t\t\t\t<\/figure>\n\t\t\t\t\t\t\t\t\t<\/div>\n\t\t\t\t<\/div>\n\t\t\t\t<div class=\"elementor-element elementor-element-64e4236 elementor-widget elementor-widget-text-editor\" data-id=\"64e4236\" data-element_type=\"widget\" data-e-type=\"widget\" data-widget_type=\"text-editor.default\">\n\t\t\t\t<div class=\"elementor-widget-container\">\n\t\t\t\t\t\t\t\t\t<p>\u00a0En una paret, un cartell mostra l&#8217;explicaci\u00f3 de per qu\u00e8 s&#8217;apunta la consideraci\u00f3 que Villanueva de los Infantes era el &#8220;Lloc de la Manxa&#8221; del qu\u00e8 no volia recordar-se Cervantes a <em>El Quixot<\/em>.<\/p>\t\t\t\t\t\t\t\t<\/div>\n\t\t\t\t<\/div>\n\t\t\t\t<div class=\"elementor-element elementor-element-19f9bc0 elementor-widget elementor-widget-image\" data-id=\"19f9bc0\" data-element_type=\"widget\" data-e-type=\"widget\" data-widget_type=\"image.default\">\n\t\t\t\t<div class=\"elementor-widget-container\">\n\t\t\t\t\t\t\t\t\t\t\t\t<figure class=\"wp-caption\">\n\t\t\t\t\t\t\t\t\t\t<img loading=\"lazy\" decoding=\"async\" width=\"768\" height=\"512\" src=\"https:\/\/www.elturistatranquil.com\/wp-content\/uploads\/F80-Villanueva-de-los-Infantes-Calle-Juan-Carlos-I.jpg\" class=\"attachment-large size-large wp-image-28392\" alt=\"Villanueva de los Infantes Calle Juan Carlos I\" srcset=\"https:\/\/www.elturistatranquil.com\/wp-content\/uploads\/F80-Villanueva-de-los-Infantes-Calle-Juan-Carlos-I.jpg 768w, https:\/\/www.elturistatranquil.com\/wp-content\/uploads\/F80-Villanueva-de-los-Infantes-Calle-Juan-Carlos-I-339x226.jpg 339w\" sizes=\"(max-width: 768px) 100vw, 768px\" \/>\t\t\t\t\t\t\t\t\t\t\t<figcaption class=\"widget-image-caption wp-caption-text\"><\/figcaption>\n\t\t\t\t\t\t\t\t\t\t<\/figure>\n\t\t\t\t\t\t\t\t\t<\/div>\n\t\t\t\t<\/div>\n\t\t\t\t<div class=\"elementor-element elementor-element-f6e9dcb elementor-widget elementor-widget-text-editor\" data-id=\"f6e9dcb\" data-element_type=\"widget\" data-e-type=\"widget\" data-widget_type=\"text-editor.default\">\n\t\t\t\t<div class=\"elementor-widget-container\">\n\t\t\t\t\t\t\t\t\t<p>A la cantonada de la casa, el blas\u00f3, com agradava situar-lo a Villanueva.<\/p>\t\t\t\t\t\t\t\t<\/div>\n\t\t\t\t<\/div>\n\t\t\t\t<div class=\"elementor-element elementor-element-26876e0 elementor-widget elementor-widget-image\" data-id=\"26876e0\" data-element_type=\"widget\" data-e-type=\"widget\" data-widget_type=\"image.default\">\n\t\t\t\t<div class=\"elementor-widget-container\">\n\t\t\t\t\t\t\t\t\t\t\t\t<figure class=\"wp-caption\">\n\t\t\t\t\t\t\t\t\t\t<img loading=\"lazy\" decoding=\"async\" width=\"768\" height=\"511\" src=\"https:\/\/www.elturistatranquil.com\/wp-content\/uploads\/F81-Villanueva-de-los-Infantes-Calle-Juan-Carlos-I.jpg\" class=\"attachment-large size-large wp-image-28394\" alt=\"Villanueva de los Infantes Calle Juan Carlos I\" srcset=\"https:\/\/www.elturistatranquil.com\/wp-content\/uploads\/F81-Villanueva-de-los-Infantes-Calle-Juan-Carlos-I.jpg 768w, https:\/\/www.elturistatranquil.com\/wp-content\/uploads\/F81-Villanueva-de-los-Infantes-Calle-Juan-Carlos-I-339x226.jpg 339w\" sizes=\"(max-width: 768px) 100vw, 768px\" \/>\t\t\t\t\t\t\t\t\t\t\t<figcaption class=\"widget-image-caption wp-caption-text\"><\/figcaption>\n\t\t\t\t\t\t\t\t\t\t<\/figure>\n\t\t\t\t\t\t\t\t\t<\/div>\n\t\t\t\t<\/div>\n\t\t\t\t<div class=\"elementor-element elementor-element-7999f5b elementor-widget elementor-widget-text-editor\" data-id=\"7999f5b\" data-element_type=\"widget\" data-e-type=\"widget\" data-widget_type=\"text-editor.default\">\n\t\t\t\t<div class=\"elementor-widget-container\">\n\t\t\t\t\t\t\t\t\t<p>Passada la travessia, en el <strong>n\u00ba 26<\/strong>, el <strong>Palau de Buenanoche<\/strong>, aquest cop de mur d&#8217;aparell toled\u00e0 i carreus.<\/p><p>Constru\u00eft en la primera meitat de segle XVI, d&#8217;est\u00e8tica classicista. La porta amb dintell i columnes geminades. El balc\u00f3 est\u00e0 cobert amb un gran r\u00e0fec.<\/p>\t\t\t\t\t\t\t\t<\/div>\n\t\t\t\t<\/div>\n\t\t\t\t<div class=\"elementor-element elementor-element-3a3b79e elementor-widget elementor-widget-image\" data-id=\"3a3b79e\" data-element_type=\"widget\" data-e-type=\"widget\" data-widget_type=\"image.default\">\n\t\t\t\t<div class=\"elementor-widget-container\">\n\t\t\t\t\t\t\t\t\t\t\t\t<figure class=\"wp-caption\">\n\t\t\t\t\t\t\t\t\t\t<img loading=\"lazy\" decoding=\"async\" width=\"768\" height=\"511\" src=\"https:\/\/www.elturistatranquil.com\/wp-content\/uploads\/F82-Villanueva-de-los-Infantes-Calle-Juan-Carlos-I.jpg\" class=\"attachment-large size-large wp-image-28396\" alt=\"Villanueva de los Infantes Calle Juan Carlos I\" srcset=\"https:\/\/www.elturistatranquil.com\/wp-content\/uploads\/F82-Villanueva-de-los-Infantes-Calle-Juan-Carlos-I.jpg 768w, https:\/\/www.elturistatranquil.com\/wp-content\/uploads\/F82-Villanueva-de-los-Infantes-Calle-Juan-Carlos-I-339x226.jpg 339w\" sizes=\"(max-width: 768px) 100vw, 768px\" \/>\t\t\t\t\t\t\t\t\t\t\t<figcaption class=\"widget-image-caption wp-caption-text\"><\/figcaption>\n\t\t\t\t\t\t\t\t\t\t<\/figure>\n\t\t\t\t\t\t\t\t\t<\/div>\n\t\t\t\t<\/div>\n\t\t\t\t<div class=\"elementor-element elementor-element-31d5375 elementor-widget elementor-widget-image\" data-id=\"31d5375\" data-element_type=\"widget\" data-e-type=\"widget\" data-widget_type=\"image.default\">\n\t\t\t\t<div class=\"elementor-widget-container\">\n\t\t\t\t\t\t\t\t\t\t\t\t<figure class=\"wp-caption\">\n\t\t\t\t\t\t\t\t\t\t<img loading=\"lazy\" decoding=\"async\" width=\"366\" height=\"550\" src=\"https:\/\/www.elturistatranquil.com\/wp-content\/uploads\/F83-Villanueva-de-los-Infantes-Calle-Juan-Carlos-I.jpg\" class=\"attachment-large size-large wp-image-28398\" alt=\"Villanueva de los Infantes Calle Juan Carlos I\" srcset=\"https:\/\/www.elturistatranquil.com\/wp-content\/uploads\/F83-Villanueva-de-los-Infantes-Calle-Juan-Carlos-I.jpg 366w, https:\/\/www.elturistatranquil.com\/wp-content\/uploads\/F83-Villanueva-de-los-Infantes-Calle-Juan-Carlos-I-150x226.jpg 150w\" sizes=\"(max-width: 366px) 100vw, 366px\" \/>\t\t\t\t\t\t\t\t\t\t\t<figcaption class=\"widget-image-caption wp-caption-text\"><\/figcaption>\n\t\t\t\t\t\t\t\t\t\t<\/figure>\n\t\t\t\t\t\t\t\t\t<\/div>\n\t\t\t\t<\/div>\n\t\t\t\t<div class=\"elementor-element elementor-element-4f762df elementor-widget elementor-widget-text-editor\" data-id=\"4f762df\" data-element_type=\"widget\" data-e-type=\"widget\" data-widget_type=\"text-editor.default\">\n\t\t\t\t<div class=\"elementor-widget-container\">\n\t\t\t\t\t\t\t\t\t<p>Des d&#8217;aquest punt, mirant enrere, es m&#8217;ofereix una perspectiva del carrer amb l&#8217;Esgl\u00e9sia de San Andr\u00e9s al fons.<\/p>\t\t\t\t\t\t\t\t<\/div>\n\t\t\t\t<\/div>\n\t\t\t\t<div class=\"elementor-element elementor-element-6073d21 elementor-widget elementor-widget-menu-anchor\" data-id=\"6073d21\" data-element_type=\"widget\" data-e-type=\"widget\" data-widget_type=\"menu-anchor.default\">\n\t\t\t\t<div class=\"elementor-widget-container\">\n\t\t\t\t\t\t\t<div class=\"elementor-menu-anchor\" id=\"c4915\"><\/div>\n\t\t\t\t\t\t<\/div>\n\t\t\t\t<\/div>\n\t\t\t\t<div class=\"elementor-element elementor-element-81d434a elementor-widget elementor-widget-image\" data-id=\"81d434a\" data-element_type=\"widget\" data-e-type=\"widget\" data-widget_type=\"image.default\">\n\t\t\t\t<div class=\"elementor-widget-container\">\n\t\t\t\t\t\t\t\t\t\t\t\t<figure class=\"wp-caption\">\n\t\t\t\t\t\t\t\t\t\t<img loading=\"lazy\" decoding=\"async\" width=\"768\" height=\"511\" src=\"https:\/\/www.elturistatranquil.com\/wp-content\/uploads\/F84-Villanueva-de-los-Infantes-Calle-Juan-Carlos-I.jpg\" class=\"attachment-large size-large wp-image-28400\" alt=\"Villanueva de los Infantes Calle Juan Carlos I\" srcset=\"https:\/\/www.elturistatranquil.com\/wp-content\/uploads\/F84-Villanueva-de-los-Infantes-Calle-Juan-Carlos-I.jpg 768w, https:\/\/www.elturistatranquil.com\/wp-content\/uploads\/F84-Villanueva-de-los-Infantes-Calle-Juan-Carlos-I-339x226.jpg 339w\" sizes=\"(max-width: 768px) 100vw, 768px\" \/>\t\t\t\t\t\t\t\t\t\t\t<figcaption class=\"widget-image-caption wp-caption-text\"><\/figcaption>\n\t\t\t\t\t\t\t\t\t\t<\/figure>\n\t\t\t\t\t\t\t\t\t<\/div>\n\t\t\t\t<\/div>\n\t\t\t\t<div class=\"elementor-element elementor-element-0f4dded elementor-widget elementor-widget-heading\" data-id=\"0f4dded\" data-element_type=\"widget\" data-e-type=\"widget\" data-widget_type=\"heading.default\">\n\t\t\t\t<div class=\"elementor-widget-container\">\n\t\t\t\t\t<h3 class=\"elementor-heading-title elementor-size-default\">Pla\u00e7a de la Fuente Vieja<\/h3>\t\t\t\t<\/div>\n\t\t\t\t<\/div>\n\t\t\t\t<div class=\"elementor-element elementor-element-0670546 elementor-widget elementor-widget-menu-anchor\" data-id=\"0670546\" data-element_type=\"widget\" data-e-type=\"widget\" data-widget_type=\"menu-anchor.default\">\n\t\t\t\t<div class=\"elementor-widget-container\">\n\t\t\t\t\t\t\t<div class=\"elementor-menu-anchor\" id=\"c4916\"><\/div>\n\t\t\t\t\t\t<\/div>\n\t\t\t\t<\/div>\n\t\t\t\t<div class=\"elementor-element elementor-element-10ef3da elementor-widget elementor-widget-text-editor\" data-id=\"10ef3da\" data-element_type=\"widget\" data-e-type=\"widget\" data-widget_type=\"text-editor.default\">\n\t\t\t\t<div class=\"elementor-widget-container\">\n\t\t\t\t\t\t\t\t\t<p>El carrer Juan Carlos I conflueix a la <strong>Pla\u00e7a de la Fuente Vieja<\/strong>, on es localitza el <strong>Convent <\/strong><strong>de Franciscanas de la Tercera Orden Regular de Penitencia<\/strong>, amb l&#8217;<strong>Esgl\u00e9sia <\/strong><strong>del Corpus Cristi<\/strong>.<\/p>\t\t\t\t\t\t\t\t<\/div>\n\t\t\t\t<\/div>\n\t\t\t\t<div class=\"elementor-element elementor-element-264f4ca elementor-widget elementor-widget-heading\" data-id=\"264f4ca\" data-element_type=\"widget\" data-e-type=\"widget\" data-widget_type=\"heading.default\">\n\t\t\t\t<div class=\"elementor-widget-container\">\n\t\t\t\t\t<h4 class=\"elementor-heading-title elementor-size-default\">Esgl\u00e9sia del Corpus Cristi<\/h4>\t\t\t\t<\/div>\n\t\t\t\t<\/div>\n\t\t\t\t<div class=\"elementor-element elementor-element-90e5eb2 elementor-widget elementor-widget-text-editor\" data-id=\"90e5eb2\" data-element_type=\"widget\" data-e-type=\"widget\" data-widget_type=\"text-editor.default\">\n\t\t\t\t<div class=\"elementor-widget-container\">\n\t\t\t\t\t\t\t\t\t<p>L&#8217; <strong>Esgl\u00e9sia<\/strong> <strong>del Corpus Christi<\/strong> (<strong>5<\/strong>)) es va construir al segle XVI, d&#8217;estil manierista tard\u00e0 i barroc, amb planta de creu llatina i \u00e9s el m\u00e9s antic de la ciutat.<\/p>\t\t\t\t\t\t\t\t<\/div>\n\t\t\t\t<\/div>\n\t\t\t\t<div class=\"elementor-element elementor-element-d4df26b elementor-widget elementor-widget-image\" data-id=\"d4df26b\" data-element_type=\"widget\" data-e-type=\"widget\" data-widget_type=\"image.default\">\n\t\t\t\t<div class=\"elementor-widget-container\">\n\t\t\t\t\t\t\t\t\t\t\t\t<figure class=\"wp-caption\">\n\t\t\t\t\t\t\t\t\t\t<img loading=\"lazy\" decoding=\"async\" width=\"768\" height=\"511\" src=\"https:\/\/www.elturistatranquil.com\/wp-content\/uploads\/F85-Villanueva-de-los-Infantes-Iglesia-del-Corpus-Christi.jpg\" class=\"attachment-large size-large wp-image-28402\" alt=\"Villanueva de los Infantes Iglesia del Corpus Christi\" srcset=\"https:\/\/www.elturistatranquil.com\/wp-content\/uploads\/F85-Villanueva-de-los-Infantes-Iglesia-del-Corpus-Christi.jpg 768w, https:\/\/www.elturistatranquil.com\/wp-content\/uploads\/F85-Villanueva-de-los-Infantes-Iglesia-del-Corpus-Christi-339x226.jpg 339w\" sizes=\"(max-width: 768px) 100vw, 768px\" \/>\t\t\t\t\t\t\t\t\t\t\t<figcaption class=\"widget-image-caption wp-caption-text\"><\/figcaption>\n\t\t\t\t\t\t\t\t\t\t<\/figure>\n\t\t\t\t\t\t\t\t\t<\/div>\n\t\t\t\t<\/div>\n\t\t\t\t<div class=\"elementor-element elementor-element-0f0cac2 elementor-widget elementor-widget-text-editor\" data-id=\"0f0cac2\" data-element_type=\"widget\" data-e-type=\"widget\" data-widget_type=\"text-editor.default\">\n\t\t\t\t<div class=\"elementor-widget-container\">\n\t\t\t\t\t\t\t\t\t<p>La porta \u00e9s adintellada, amb columnes acanalades i front\u00f3 entretallat. A l&#8217;eix de la porta una petita espadanya.<\/p>\t\t\t\t\t\t\t\t<\/div>\n\t\t\t\t<\/div>\n\t\t\t\t<div class=\"elementor-element elementor-element-62b5bc3 elementor-widget elementor-widget-image\" data-id=\"62b5bc3\" data-element_type=\"widget\" data-e-type=\"widget\" data-widget_type=\"image.default\">\n\t\t\t\t<div class=\"elementor-widget-container\">\n\t\t\t\t\t\t\t\t\t\t\t\t<figure class=\"wp-caption\">\n\t\t\t\t\t\t\t\t\t\t<img loading=\"lazy\" decoding=\"async\" width=\"768\" height=\"511\" src=\"https:\/\/www.elturistatranquil.com\/wp-content\/uploads\/F86-Villanueva-de-los-Infantes-Iglesia-del-Corpus-Christi.jpg\" class=\"attachment-large size-large wp-image-28410\" alt=\"Villanueva de los Infantes Iglesia del Corpus Christi\" srcset=\"https:\/\/www.elturistatranquil.com\/wp-content\/uploads\/F86-Villanueva-de-los-Infantes-Iglesia-del-Corpus-Christi.jpg 768w, https:\/\/www.elturistatranquil.com\/wp-content\/uploads\/F86-Villanueva-de-los-Infantes-Iglesia-del-Corpus-Christi-339x226.jpg 339w\" sizes=\"(max-width: 768px) 100vw, 768px\" \/>\t\t\t\t\t\t\t\t\t\t\t<figcaption class=\"widget-image-caption wp-caption-text\"><\/figcaption>\n\t\t\t\t\t\t\t\t\t\t<\/figure>\n\t\t\t\t\t\t\t\t\t<\/div>\n\t\t\t\t<\/div>\n\t\t\t\t<div class=\"elementor-element elementor-element-d378b9f elementor-widget elementor-widget-text-editor\" data-id=\"d378b9f\" data-element_type=\"widget\" data-e-type=\"widget\" data-widget_type=\"text-editor.default\">\n\t\t\t\t<div class=\"elementor-widget-container\">\n\t\t\t\t\t\t\t\t\t<p>Segons s&#8217;indica, en l&#8217;interior es troben bells retaules, destacant el Eucar\u00edstic.<\/p><p>La pla\u00e7a \u00e9s un bon lloc per observar els carrers que conflueixen en ella i poder apreciar l&#8217;urbanisme i l&#8217;arquitectura popular sense casalots ni palaus.<\/p><p>Als <strong>carrers<\/strong> <strong>San Francisco<\/strong> i <strong>Divaron <\/strong>es mant\u00e9 amb for\u00e7a continu\u00eftat el model ancestral, tot i que sigui ja una zona d&#8217;ampliaci\u00f3 urbana.<\/p>\t\t\t\t\t\t\t\t<\/div>\n\t\t\t\t<\/div>\n\t\t\t\t<div class=\"elementor-element elementor-element-7466615 elementor-widget elementor-widget-image\" data-id=\"7466615\" data-element_type=\"widget\" data-e-type=\"widget\" data-widget_type=\"image.default\">\n\t\t\t\t<div class=\"elementor-widget-container\">\n\t\t\t\t\t\t\t\t\t\t\t\t<figure class=\"wp-caption\">\n\t\t\t\t\t\t\t\t\t\t<img loading=\"lazy\" decoding=\"async\" width=\"768\" height=\"511\" src=\"https:\/\/www.elturistatranquil.com\/wp-content\/uploads\/F87-Villanueva-de-los-Infantes-Plaza-de-la-Fuente-Vieja.jpg\" class=\"attachment-large size-large wp-image-28412\" alt=\"Villanueva de los Infantes Plaza de la Fuente Vieja\" srcset=\"https:\/\/www.elturistatranquil.com\/wp-content\/uploads\/F87-Villanueva-de-los-Infantes-Plaza-de-la-Fuente-Vieja.jpg 768w, https:\/\/www.elturistatranquil.com\/wp-content\/uploads\/F87-Villanueva-de-los-Infantes-Plaza-de-la-Fuente-Vieja-339x226.jpg 339w\" sizes=\"(max-width: 768px) 100vw, 768px\" \/>\t\t\t\t\t\t\t\t\t\t\t<figcaption class=\"widget-image-caption wp-caption-text\"><\/figcaption>\n\t\t\t\t\t\t\t\t\t\t<\/figure>\n\t\t\t\t\t\t\t\t\t<\/div>\n\t\t\t\t<\/div>\n\t\t\t\t<div class=\"elementor-element elementor-element-4c10832 elementor-widget elementor-widget-image\" data-id=\"4c10832\" data-element_type=\"widget\" data-e-type=\"widget\" data-widget_type=\"image.default\">\n\t\t\t\t<div class=\"elementor-widget-container\">\n\t\t\t\t\t\t\t\t\t\t\t\t<figure class=\"wp-caption\">\n\t\t\t\t\t\t\t\t\t\t<img loading=\"lazy\" decoding=\"async\" width=\"768\" height=\"511\" src=\"https:\/\/www.elturistatranquil.com\/wp-content\/uploads\/F88-Villanueva-de-los-Infantes-Plaza-de-la-Fuente-Vieja.jpg\" class=\"attachment-large size-large wp-image-28414\" alt=\"Villanueva de los Infantes Plaza de la Fuente Vieja\" srcset=\"https:\/\/www.elturistatranquil.com\/wp-content\/uploads\/F88-Villanueva-de-los-Infantes-Plaza-de-la-Fuente-Vieja.jpg 768w, https:\/\/www.elturistatranquil.com\/wp-content\/uploads\/F88-Villanueva-de-los-Infantes-Plaza-de-la-Fuente-Vieja-339x226.jpg 339w\" sizes=\"(max-width: 768px) 100vw, 768px\" \/>\t\t\t\t\t\t\t\t\t\t\t<figcaption class=\"widget-image-caption wp-caption-text\"><\/figcaption>\n\t\t\t\t\t\t\t\t\t\t<\/figure>\n\t\t\t\t\t\t\t\t\t<\/div>\n\t\t\t\t<\/div>\n\t\t\t\t<div class=\"elementor-element elementor-element-add6a1a elementor-widget elementor-widget-menu-anchor\" data-id=\"add6a1a\" data-element_type=\"widget\" data-e-type=\"widget\" data-widget_type=\"menu-anchor.default\">\n\t\t\t\t<div class=\"elementor-widget-container\">\n\t\t\t\t\t\t\t<div class=\"elementor-menu-anchor\" id=\"c4917\"><\/div>\n\t\t\t\t\t\t<\/div>\n\t\t\t\t<\/div>\n\t\t\t\t<div class=\"elementor-element elementor-element-ebc5aec elementor-widget elementor-widget-text-editor\" data-id=\"ebc5aec\" data-element_type=\"widget\" data-e-type=\"widget\" data-widget_type=\"text-editor.default\">\n\t\t\t\t<div class=\"elementor-widget-container\">\n\t\t\t\t\t\t\t\t\t<p>Des de la Pla\u00e7a de la Fuente Vieja refaig el cam\u00ed pel carrer Juan Carlos I. Aix\u00f2 em permet aturar-me a apreciar alguns detalls de l&#8217;recorregut fins arribar a la pla\u00e7a Mayor.<\/p>\t\t\t\t\t\t\t\t<\/div>\n\t\t\t\t<\/div>\n\t\t\t\t<div class=\"elementor-element elementor-element-9b39f83 elementor-widget elementor-widget-heading\" data-id=\"9b39f83\" data-element_type=\"widget\" data-e-type=\"widget\" data-widget_type=\"heading.default\">\n\t\t\t\t<div class=\"elementor-widget-container\">\n\t\t\t\t\t<h3 class=\"elementor-heading-title elementor-size-default\">Carrer P\u00e9rez Ballesteros<\/h3>\t\t\t\t<\/div>\n\t\t\t\t<\/div>\n\t\t\t\t<div class=\"elementor-element elementor-element-1a18174 elementor-widget elementor-widget-text-editor\" data-id=\"1a18174\" data-element_type=\"widget\" data-e-type=\"widget\" data-widget_type=\"text-editor.default\">\n\t\t\t\t<div class=\"elementor-widget-container\">\n\t\t\t\t\t\t\t\t\t<p>Pas per davant de l&#8217;Esgl\u00e9sia de San Andr\u00e9s i m&#8217;endinso al <strong>carrer P\u00e9rez Ballesteros<\/strong> (<strong>E<\/strong>). A l&#8217;entrada del carrer al comen\u00e7ament es forma un triangle on en el costat est se situa el peu de l&#8217;Esgl\u00e9sia de San Andr\u00e9s. A mesura que avanci el carrer s&#8217;anir\u00e0 tancant fins a una amplada normal de carrer.<\/p><p>A l&#8217;esquerra, en el <strong>n\u00ba 3<\/strong>, es troba l&#8217;edifici de la <strong>Alh\u00f3ndiga<\/strong>, del segle XVI. Es tracta d&#8217;un lloc destinat a p\u00f2sit i casa de contractaci\u00f3 que posteriorment, en 1719 va ser reconvertit en pres\u00f3.<\/p><p>Actualment el pati s&#8217;utilitza com a sala d&#8217;actes i exposicions i el primer pis est\u00e0 destinat a Biblioteca P\u00fablica Municipal.<\/p>\t\t\t\t\t\t\t\t<\/div>\n\t\t\t\t<\/div>\n\t\t\t\t<div class=\"elementor-element elementor-element-1b387be elementor-widget elementor-widget-image\" data-id=\"1b387be\" data-element_type=\"widget\" data-e-type=\"widget\" data-widget_type=\"image.default\">\n\t\t\t\t<div class=\"elementor-widget-container\">\n\t\t\t\t\t\t\t\t\t\t\t\t<figure class=\"wp-caption\">\n\t\t\t\t\t\t\t\t\t\t<img loading=\"lazy\" decoding=\"async\" width=\"768\" height=\"511\" src=\"https:\/\/www.elturistatranquil.com\/wp-content\/uploads\/F89-Villanueva-de-los-Infantes-Alhondiga.jpg\" class=\"attachment-large size-large wp-image-28416\" alt=\"Villanueva de los Infantes Alhondiga\" srcset=\"https:\/\/www.elturistatranquil.com\/wp-content\/uploads\/F89-Villanueva-de-los-Infantes-Alhondiga.jpg 768w, https:\/\/www.elturistatranquil.com\/wp-content\/uploads\/F89-Villanueva-de-los-Infantes-Alhondiga-339x226.jpg 339w\" sizes=\"(max-width: 768px) 100vw, 768px\" \/>\t\t\t\t\t\t\t\t\t\t\t<figcaption class=\"widget-image-caption wp-caption-text\"><\/figcaption>\n\t\t\t\t\t\t\t\t\t\t<\/figure>\n\t\t\t\t\t\t\t\t\t<\/div>\n\t\t\t\t<\/div>\n\t\t\t\t<div class=\"elementor-element elementor-element-3688ff9 elementor-widget elementor-widget-image\" data-id=\"3688ff9\" data-element_type=\"widget\" data-e-type=\"widget\" data-widget_type=\"image.default\">\n\t\t\t\t<div class=\"elementor-widget-container\">\n\t\t\t\t\t\t\t\t\t\t\t\t<figure class=\"wp-caption\">\n\t\t\t\t\t\t\t\t\t\t<img loading=\"lazy\" decoding=\"async\" width=\"768\" height=\"511\" src=\"https:\/\/www.elturistatranquil.com\/wp-content\/uploads\/F90-Villanueva-de-los-Infantes-Alhondiga.jpg\" class=\"attachment-large size-large wp-image-28418\" alt=\"Villanueva de los Infantes Alhondiga\" srcset=\"https:\/\/www.elturistatranquil.com\/wp-content\/uploads\/F90-Villanueva-de-los-Infantes-Alhondiga.jpg 768w, https:\/\/www.elturistatranquil.com\/wp-content\/uploads\/F90-Villanueva-de-los-Infantes-Alhondiga-339x226.jpg 339w\" sizes=\"(max-width: 768px) 100vw, 768px\" \/>\t\t\t\t\t\t\t\t\t\t\t<figcaption class=\"widget-image-caption wp-caption-text\"><\/figcaption>\n\t\t\t\t\t\t\t\t\t\t<\/figure>\n\t\t\t\t\t\t\t\t\t<\/div>\n\t\t\t\t<\/div>\n\t\t\t\t<div class=\"elementor-element elementor-element-fab4e16 elementor-widget elementor-widget-text-editor\" data-id=\"fab4e16\" data-element_type=\"widget\" data-e-type=\"widget\" data-widget_type=\"text-editor.default\">\n\t\t\t\t<div class=\"elementor-widget-container\">\n\t\t\t\t\t\t\t\t\t<p>El pati interior format per gruixudes columnes i arcs de mig punt que es desdobla a la zona interior.<\/p>\t\t\t\t\t\t\t\t<\/div>\n\t\t\t\t<\/div>\n\t\t\t\t<div class=\"elementor-element elementor-element-5468c2f elementor-widget elementor-widget-image\" data-id=\"5468c2f\" data-element_type=\"widget\" data-e-type=\"widget\" data-widget_type=\"image.default\">\n\t\t\t\t<div class=\"elementor-widget-container\">\n\t\t\t\t\t\t\t\t\t\t\t\t<figure class=\"wp-caption\">\n\t\t\t\t\t\t\t\t\t\t<img loading=\"lazy\" decoding=\"async\" width=\"768\" height=\"512\" src=\"https:\/\/www.elturistatranquil.com\/wp-content\/uploads\/F91-Villanueva-de-los-Infantes-Alhondiga.jpg\" class=\"attachment-large size-large wp-image-28420\" alt=\"Villanueva de los Infantes Alhondiga\" srcset=\"https:\/\/www.elturistatranquil.com\/wp-content\/uploads\/F91-Villanueva-de-los-Infantes-Alhondiga.jpg 768w, https:\/\/www.elturistatranquil.com\/wp-content\/uploads\/F91-Villanueva-de-los-Infantes-Alhondiga-339x226.jpg 339w\" sizes=\"(max-width: 768px) 100vw, 768px\" \/>\t\t\t\t\t\t\t\t\t\t\t<figcaption class=\"widget-image-caption wp-caption-text\"><\/figcaption>\n\t\t\t\t\t\t\t\t\t\t<\/figure>\n\t\t\t\t\t\t\t\t\t<\/div>\n\t\t\t\t<\/div>\n\t\t\t\t<div class=\"elementor-element elementor-element-fda2bff elementor-widget elementor-widget-image\" data-id=\"fda2bff\" data-element_type=\"widget\" data-e-type=\"widget\" data-widget_type=\"image.default\">\n\t\t\t\t<div class=\"elementor-widget-container\">\n\t\t\t\t\t\t\t\t\t\t\t\t<figure class=\"wp-caption\">\n\t\t\t\t\t\t\t\t\t\t<img loading=\"lazy\" decoding=\"async\" width=\"768\" height=\"511\" src=\"https:\/\/www.elturistatranquil.com\/wp-content\/uploads\/F92-Villanueva-de-los-Infantes-Alhondiga.jpg\" class=\"attachment-large size-large wp-image-28422\" alt=\"Villanueva de los Infantes Alhondiga\" srcset=\"https:\/\/www.elturistatranquil.com\/wp-content\/uploads\/F92-Villanueva-de-los-Infantes-Alhondiga.jpg 768w, https:\/\/www.elturistatranquil.com\/wp-content\/uploads\/F92-Villanueva-de-los-Infantes-Alhondiga-339x226.jpg 339w\" sizes=\"(max-width: 768px) 100vw, 768px\" \/>\t\t\t\t\t\t\t\t\t\t\t<figcaption class=\"widget-image-caption wp-caption-text\"><\/figcaption>\n\t\t\t\t\t\t\t\t\t\t<\/figure>\n\t\t\t\t\t\t\t\t\t<\/div>\n\t\t\t\t<\/div>\n\t\t\t\t<div class=\"elementor-element elementor-element-0be4b27 elementor-widget elementor-widget-text-editor\" data-id=\"0be4b27\" data-element_type=\"widget\" data-e-type=\"widget\" data-widget_type=\"text-editor.default\">\n\t\t\t\t<div class=\"elementor-widget-container\">\n\t\t\t\t\t\t\t\t\t<p>De la reconversi\u00f3 en pres\u00f3 en 1719, durant el regnat de Felipe V, es conserva una placa commemorativa.<\/p>\t\t\t\t\t\t\t\t<\/div>\n\t\t\t\t<\/div>\n\t\t\t\t<div class=\"elementor-element elementor-element-09abc3d elementor-widget elementor-widget-image\" data-id=\"09abc3d\" data-element_type=\"widget\" data-e-type=\"widget\" data-widget_type=\"image.default\">\n\t\t\t\t<div class=\"elementor-widget-container\">\n\t\t\t\t\t\t\t\t\t\t\t\t<figure class=\"wp-caption\">\n\t\t\t\t\t\t\t\t\t\t<img loading=\"lazy\" decoding=\"async\" width=\"768\" height=\"512\" src=\"https:\/\/www.elturistatranquil.com\/wp-content\/uploads\/F93-Villanueva-de-los-Infantes-Alhondiga-1.jpg\" class=\"attachment-large size-large wp-image-28587\" alt=\"Villanueva de los Infantes Alhondiga\" srcset=\"https:\/\/www.elturistatranquil.com\/wp-content\/uploads\/F93-Villanueva-de-los-Infantes-Alhondiga-1.jpg 768w, https:\/\/www.elturistatranquil.com\/wp-content\/uploads\/F93-Villanueva-de-los-Infantes-Alhondiga-1-339x226.jpg 339w\" sizes=\"(max-width: 768px) 100vw, 768px\" \/>\t\t\t\t\t\t\t\t\t\t\t<figcaption class=\"widget-image-caption wp-caption-text\"><\/figcaption>\n\t\t\t\t\t\t\t\t\t\t<\/figure>\n\t\t\t\t\t\t\t\t\t<\/div>\n\t\t\t\t<\/div>\n\t\t\t\t<div class=\"elementor-element elementor-element-e225c58 elementor-widget elementor-widget-text-editor\" data-id=\"e225c58\" data-element_type=\"widget\" data-e-type=\"widget\" data-widget_type=\"text-editor.default\">\n\t\t\t\t<div class=\"elementor-widget-container\">\n\t\t\t\t\t\t\t\t\t<p>I a les columnes encara es poden veure inscripcions dels presos.<\/p>\t\t\t\t\t\t\t\t<\/div>\n\t\t\t\t<\/div>\n\t\t\t\t<div class=\"elementor-element elementor-element-f8af65d elementor-widget elementor-widget-image\" data-id=\"f8af65d\" data-element_type=\"widget\" data-e-type=\"widget\" data-widget_type=\"image.default\">\n\t\t\t\t<div class=\"elementor-widget-container\">\n\t\t\t\t\t\t\t\t\t\t\t\t<figure class=\"wp-caption\">\n\t\t\t\t\t\t\t\t\t\t<img loading=\"lazy\" decoding=\"async\" width=\"768\" height=\"512\" src=\"https:\/\/www.elturistatranquil.com\/wp-content\/uploads\/F94-Villanueva-de-los-Infantes-Alhondiga.jpg\" class=\"attachment-large size-large wp-image-28426\" alt=\"Villanueva de los Infantes Alhondiga\" srcset=\"https:\/\/www.elturistatranquil.com\/wp-content\/uploads\/F94-Villanueva-de-los-Infantes-Alhondiga.jpg 768w, https:\/\/www.elturistatranquil.com\/wp-content\/uploads\/F94-Villanueva-de-los-Infantes-Alhondiga-339x226.jpg 339w\" sizes=\"(max-width: 768px) 100vw, 768px\" \/>\t\t\t\t\t\t\t\t\t\t\t<figcaption class=\"widget-image-caption wp-caption-text\"><\/figcaption>\n\t\t\t\t\t\t\t\t\t\t<\/figure>\n\t\t\t\t\t\t\t\t\t<\/div>\n\t\t\t\t<\/div>\n\t\t\t\t<div class=\"elementor-element elementor-element-01980d1 elementor-widget elementor-widget-text-editor\" data-id=\"01980d1\" data-element_type=\"widget\" data-e-type=\"widget\" data-widget_type=\"text-editor.default\">\n\t\t\t\t<div class=\"elementor-widget-container\">\n\t\t\t\t\t\t\t\t\t<p>Prossegueixo pel carrer P\u00e9rez Ballesteros.<\/p>\t\t\t\t\t\t\t\t<\/div>\n\t\t\t\t<\/div>\n\t\t\t\t<div class=\"elementor-element elementor-element-0df7aa5 elementor-widget elementor-widget-image\" data-id=\"0df7aa5\" data-element_type=\"widget\" data-e-type=\"widget\" data-widget_type=\"image.default\">\n\t\t\t\t<div class=\"elementor-widget-container\">\n\t\t\t\t\t\t\t\t\t\t\t\t<figure class=\"wp-caption\">\n\t\t\t\t\t\t\t\t\t\t<img loading=\"lazy\" decoding=\"async\" width=\"768\" height=\"511\" src=\"https:\/\/www.elturistatranquil.com\/wp-content\/uploads\/F95-Villanueva-de-los-Infantes-Calle-Perez-Ballesteros.jpg\" class=\"attachment-large size-large wp-image-28428\" alt=\"Villanueva de los Infantes Calle Perez Ballesteros\" srcset=\"https:\/\/www.elturistatranquil.com\/wp-content\/uploads\/F95-Villanueva-de-los-Infantes-Calle-Perez-Ballesteros.jpg 768w, https:\/\/www.elturistatranquil.com\/wp-content\/uploads\/F95-Villanueva-de-los-Infantes-Calle-Perez-Ballesteros-339x226.jpg 339w\" sizes=\"(max-width: 768px) 100vw, 768px\" \/>\t\t\t\t\t\t\t\t\t\t\t<figcaption class=\"widget-image-caption wp-caption-text\"><\/figcaption>\n\t\t\t\t\t\t\t\t\t\t<\/figure>\n\t\t\t\t\t\t\t\t\t<\/div>\n\t\t\t\t<\/div>\n\t\t\t\t<div class=\"elementor-element elementor-element-b142079 elementor-widget elementor-widget-text-editor\" data-id=\"b142079\" data-element_type=\"widget\" data-e-type=\"widget\" data-widget_type=\"text-editor.default\">\n\t\t\t\t<div class=\"elementor-widget-container\">\n\t\t\t\t\t\t\t\t\t<p>Mirant cap enrere obtinc una perspectiva dels peus de l&#8217;Esgl\u00e9sia de San Andr\u00e9s.<\/p>\t\t\t\t\t\t\t\t<\/div>\n\t\t\t\t<\/div>\n\t\t\t\t<div class=\"elementor-element elementor-element-e155d1d elementor-widget elementor-widget-image\" data-id=\"e155d1d\" data-element_type=\"widget\" data-e-type=\"widget\" data-widget_type=\"image.default\">\n\t\t\t\t<div class=\"elementor-widget-container\">\n\t\t\t\t\t\t\t\t\t\t\t\t<figure class=\"wp-caption\">\n\t\t\t\t\t\t\t\t\t\t<img loading=\"lazy\" decoding=\"async\" width=\"768\" height=\"511\" src=\"https:\/\/www.elturistatranquil.com\/wp-content\/uploads\/F96-Villanueva-de-los-Infantes-Calle-Perez-Ballesteros.jpg\" class=\"attachment-large size-large wp-image-28430\" alt=\"Villanueva de los Infantes Calle Perez Ballesteros\" srcset=\"https:\/\/www.elturistatranquil.com\/wp-content\/uploads\/F96-Villanueva-de-los-Infantes-Calle-Perez-Ballesteros.jpg 768w, https:\/\/www.elturistatranquil.com\/wp-content\/uploads\/F96-Villanueva-de-los-Infantes-Calle-Perez-Ballesteros-339x226.jpg 339w\" sizes=\"(max-width: 768px) 100vw, 768px\" \/>\t\t\t\t\t\t\t\t\t\t\t<figcaption class=\"widget-image-caption wp-caption-text\"><\/figcaption>\n\t\t\t\t\t\t\t\t\t\t<\/figure>\n\t\t\t\t\t\t\t\t\t<\/div>\n\t\t\t\t<\/div>\n\t\t\t\t<div class=\"elementor-element elementor-element-2c5e315 elementor-widget elementor-widget-text-editor\" data-id=\"2c5e315\" data-element_type=\"widget\" data-e-type=\"widget\" data-widget_type=\"text-editor.default\">\n\t\t\t\t<div class=\"elementor-widget-container\">\n\t\t\t\t\t\t\t\t\t<p>A la cantonada amb el carrer Sant Mateu, al <strong>n\u00ba 12<\/strong>, una altra casona palatina sense identificar, amb un escut cantoner molt deteriorat.<\/p>\t\t\t\t\t\t\t\t<\/div>\n\t\t\t\t<\/div>\n\t\t\t\t<div class=\"elementor-element elementor-element-0087e3a elementor-widget elementor-widget-image\" data-id=\"0087e3a\" data-element_type=\"widget\" data-e-type=\"widget\" data-widget_type=\"image.default\">\n\t\t\t\t<div class=\"elementor-widget-container\">\n\t\t\t\t\t\t\t\t\t\t\t\t<figure class=\"wp-caption\">\n\t\t\t\t\t\t\t\t\t\t<img loading=\"lazy\" decoding=\"async\" width=\"768\" height=\"511\" src=\"https:\/\/www.elturistatranquil.com\/wp-content\/uploads\/F97-Villanueva-de-los-Infantes-Calle-Perez-Ballesteros.jpg\" class=\"attachment-large size-large wp-image-28432\" alt=\"Villanueva de los Infantes Calle Perez Ballesteros\" srcset=\"https:\/\/www.elturistatranquil.com\/wp-content\/uploads\/F97-Villanueva-de-los-Infantes-Calle-Perez-Ballesteros.jpg 768w, https:\/\/www.elturistatranquil.com\/wp-content\/uploads\/F97-Villanueva-de-los-Infantes-Calle-Perez-Ballesteros-339x226.jpg 339w\" sizes=\"(max-width: 768px) 100vw, 768px\" \/>\t\t\t\t\t\t\t\t\t\t\t<figcaption class=\"widget-image-caption wp-caption-text\"><\/figcaption>\n\t\t\t\t\t\t\t\t\t\t<\/figure>\n\t\t\t\t\t\t\t\t\t<\/div>\n\t\t\t\t<\/div>\n\t\t\t\t<div class=\"elementor-element elementor-element-8f1d340 elementor-widget elementor-widget-image\" data-id=\"8f1d340\" data-element_type=\"widget\" data-e-type=\"widget\" data-widget_type=\"image.default\">\n\t\t\t\t<div class=\"elementor-widget-container\">\n\t\t\t\t\t\t\t\t\t\t\t\t<figure class=\"wp-caption\">\n\t\t\t\t\t\t\t\t\t\t<img loading=\"lazy\" decoding=\"async\" width=\"768\" height=\"511\" src=\"https:\/\/www.elturistatranquil.com\/wp-content\/uploads\/F98-Villanueva-de-los-Infantes-Calle-Perez-Ballesteros.jpg\" class=\"attachment-large size-large wp-image-28434\" alt=\"Villanueva de los Infantes Calle Perez Ballesteros\" srcset=\"https:\/\/www.elturistatranquil.com\/wp-content\/uploads\/F98-Villanueva-de-los-Infantes-Calle-Perez-Ballesteros.jpg 768w, https:\/\/www.elturistatranquil.com\/wp-content\/uploads\/F98-Villanueva-de-los-Infantes-Calle-Perez-Ballesteros-339x226.jpg 339w\" sizes=\"(max-width: 768px) 100vw, 768px\" \/>\t\t\t\t\t\t\t\t\t\t\t<figcaption class=\"widget-image-caption wp-caption-text\"><\/figcaption>\n\t\t\t\t\t\t\t\t\t\t<\/figure>\n\t\t\t\t\t\t\t\t\t<\/div>\n\t\t\t\t<\/div>\n\t\t\t\t<div class=\"elementor-element elementor-element-9fcc28c elementor-widget elementor-widget-text-editor\" data-id=\"9fcc28c\" data-element_type=\"widget\" data-e-type=\"widget\" data-widget_type=\"text-editor.default\">\n\t\t\t\t<div class=\"elementor-widget-container\">\n\t\t\t\t\t\t\t\t\t<p>Al front continuaria el <strong>carrer D. Pedro Fern\u00e1ndez de Sevilla<\/strong>, mantenint amb el mateix estil urban\u00edstic.<\/p>\t\t\t\t\t\t\t\t<\/div>\n\t\t\t\t<\/div>\n\t\t\t\t<div class=\"elementor-element elementor-element-af2eaea elementor-widget elementor-widget-menu-anchor\" data-id=\"af2eaea\" data-element_type=\"widget\" data-e-type=\"widget\" data-widget_type=\"menu-anchor.default\">\n\t\t\t\t<div class=\"elementor-widget-container\">\n\t\t\t\t\t\t\t<div class=\"elementor-menu-anchor\" id=\"c4918\"><\/div>\n\t\t\t\t\t\t<\/div>\n\t\t\t\t<\/div>\n\t\t\t\t<div class=\"elementor-element elementor-element-b9afd06 elementor-widget elementor-widget-image\" data-id=\"b9afd06\" data-element_type=\"widget\" data-e-type=\"widget\" data-widget_type=\"image.default\">\n\t\t\t\t<div class=\"elementor-widget-container\">\n\t\t\t\t\t\t\t\t\t\t\t\t<figure class=\"wp-caption\">\n\t\t\t\t\t\t\t\t\t\t<img loading=\"lazy\" decoding=\"async\" width=\"768\" height=\"511\" src=\"https:\/\/www.elturistatranquil.com\/wp-content\/uploads\/F99-Villanueva-de-los-Infantes.jpg\" class=\"attachment-large size-large wp-image-28436\" alt=\"Villanueva de los Infantes\" srcset=\"https:\/\/www.elturistatranquil.com\/wp-content\/uploads\/F99-Villanueva-de-los-Infantes.jpg 768w, https:\/\/www.elturistatranquil.com\/wp-content\/uploads\/F99-Villanueva-de-los-Infantes-339x226.jpg 339w\" sizes=\"(max-width: 768px) 100vw, 768px\" \/>\t\t\t\t\t\t\t\t\t\t\t<figcaption class=\"widget-image-caption wp-caption-text\"><\/figcaption>\n\t\t\t\t\t\t\t\t\t\t<\/figure>\n\t\t\t\t\t\t\t\t\t<\/div>\n\t\t\t\t<\/div>\n\t\t\t\t<div class=\"elementor-element elementor-element-e3b263f elementor-widget elementor-widget-heading\" data-id=\"e3b263f\" data-element_type=\"widget\" data-e-type=\"widget\" data-widget_type=\"heading.default\">\n\t\t\t\t<div class=\"elementor-widget-container\">\n\t\t\t\t\t<h3 class=\"elementor-heading-title elementor-size-default\">Carrer Santo Tom\u00e1s, recorregur nord<\/h3>\t\t\t\t<\/div>\n\t\t\t\t<\/div>\n\t\t\t\t<div class=\"elementor-element elementor-element-516e273 elementor-widget elementor-widget-text-editor\" data-id=\"516e273\" data-element_type=\"widget\" data-e-type=\"widget\" data-widget_type=\"text-editor.default\">\n\t\t\t\t<div class=\"elementor-widget-container\">\n\t\t\t\t\t\t\t\t\t<p>Opto per girar a la dreta, en direcci\u00f3 nord, pel <strong>carrer<\/strong> <strong>Santo Tom\u00e1s<\/strong> (<strong>F<\/strong>).<\/p>\t\t\t\t\t\t\t\t<\/div>\n\t\t\t\t<\/div>\n\t\t\t\t<div class=\"elementor-element elementor-element-89e8707 elementor-widget elementor-widget-image\" data-id=\"89e8707\" data-element_type=\"widget\" data-e-type=\"widget\" data-widget_type=\"image.default\">\n\t\t\t\t<div class=\"elementor-widget-container\">\n\t\t\t\t\t\t\t\t\t\t\t\t<figure class=\"wp-caption\">\n\t\t\t\t\t\t\t\t\t\t<img loading=\"lazy\" decoding=\"async\" width=\"768\" height=\"511\" src=\"https:\/\/www.elturistatranquil.com\/wp-content\/uploads\/F100-Villanueva-de-los-Infantes-Calle-Santo-Tomas.jpg\" class=\"attachment-large size-large wp-image-28438\" alt=\"Villanueva de los Infantes Calle Santo Tomas\" srcset=\"https:\/\/www.elturistatranquil.com\/wp-content\/uploads\/F100-Villanueva-de-los-Infantes-Calle-Santo-Tomas.jpg 768w, https:\/\/www.elturistatranquil.com\/wp-content\/uploads\/F100-Villanueva-de-los-Infantes-Calle-Santo-Tomas-339x226.jpg 339w\" sizes=\"(max-width: 768px) 100vw, 768px\" \/>\t\t\t\t\t\t\t\t\t\t\t<figcaption class=\"widget-image-caption wp-caption-text\"><\/figcaption>\n\t\t\t\t\t\t\t\t\t\t<\/figure>\n\t\t\t\t\t\t\t\t\t<\/div>\n\t\t\t\t<\/div>\n\t\t\t\t<div class=\"elementor-element elementor-element-f27840e elementor-widget elementor-widget-text-editor\" data-id=\"f27840e\" data-element_type=\"widget\" data-e-type=\"widget\" data-widget_type=\"text-editor.default\">\n\t\t\t\t<div class=\"elementor-widget-container\">\n\t\t\t\t\t\t\t\t\t<p>En el <strong>n\u00ba 55<\/strong> es troba la <strong>casa del Marqu\u00e8s de Castrorena<\/strong>, un ampli palau amb el seu corresponent pati interior.<\/p>\t\t\t\t\t\t\t\t<\/div>\n\t\t\t\t<\/div>\n\t\t\t\t<div class=\"elementor-element elementor-element-6936b52 elementor-widget elementor-widget-image\" data-id=\"6936b52\" data-element_type=\"widget\" data-e-type=\"widget\" data-widget_type=\"image.default\">\n\t\t\t\t<div class=\"elementor-widget-container\">\n\t\t\t\t\t\t\t\t\t\t\t\t<figure class=\"wp-caption\">\n\t\t\t\t\t\t\t\t\t\t<img loading=\"lazy\" decoding=\"async\" width=\"768\" height=\"511\" src=\"https:\/\/www.elturistatranquil.com\/wp-content\/uploads\/F101-Villanueva-de-los-Infantes-Calle-Santo-Tomas.jpg\" class=\"attachment-large size-large wp-image-28440\" alt=\"Villanueva de los Infantes Calle Santo Tomas\" srcset=\"https:\/\/www.elturistatranquil.com\/wp-content\/uploads\/F101-Villanueva-de-los-Infantes-Calle-Santo-Tomas.jpg 768w, https:\/\/www.elturistatranquil.com\/wp-content\/uploads\/F101-Villanueva-de-los-Infantes-Calle-Santo-Tomas-339x226.jpg 339w\" sizes=\"(max-width: 768px) 100vw, 768px\" \/>\t\t\t\t\t\t\t\t\t\t\t<figcaption class=\"widget-image-caption wp-caption-text\"><\/figcaption>\n\t\t\t\t\t\t\t\t\t\t<\/figure>\n\t\t\t\t\t\t\t\t\t<\/div>\n\t\t\t\t<\/div>\n\t\t\t\t<div class=\"elementor-element elementor-element-9e917d6 elementor-widget elementor-widget-text-editor\" data-id=\"9e917d6\" data-element_type=\"widget\" data-e-type=\"widget\" data-widget_type=\"text-editor.default\">\n\t\t\t\t<div class=\"elementor-widget-container\">\n\t\t\t\t\t\t\t\t\t<p>A continuaci\u00f3, en el <strong>n\u00ba 57<\/strong>, la <strong>Casa Merlo<\/strong>, amb la seva porta i balc\u00f3 en pedra per ressaltar la seva noblesa emmarcada a la paret emblanquinada. Tamb\u00e9 amb el seu pati interior.<\/p>\t\t\t\t\t\t\t\t<\/div>\n\t\t\t\t<\/div>\n\t\t\t\t<div class=\"elementor-element elementor-element-6021ce7 elementor-widget elementor-widget-image\" data-id=\"6021ce7\" data-element_type=\"widget\" data-e-type=\"widget\" data-widget_type=\"image.default\">\n\t\t\t\t<div class=\"elementor-widget-container\">\n\t\t\t\t\t\t\t\t\t\t\t\t<figure class=\"wp-caption\">\n\t\t\t\t\t\t\t\t\t\t<img loading=\"lazy\" decoding=\"async\" width=\"768\" height=\"511\" src=\"https:\/\/www.elturistatranquil.com\/wp-content\/uploads\/F102-Villanueva-de-los-Infantes-Calle-Santo-Tomas.jpg\" class=\"attachment-large size-large wp-image-28442\" alt=\"Villanueva de los Infantes Calle Santo Tomas\" srcset=\"https:\/\/www.elturistatranquil.com\/wp-content\/uploads\/F102-Villanueva-de-los-Infantes-Calle-Santo-Tomas.jpg 768w, https:\/\/www.elturistatranquil.com\/wp-content\/uploads\/F102-Villanueva-de-los-Infantes-Calle-Santo-Tomas-339x226.jpg 339w\" sizes=\"(max-width: 768px) 100vw, 768px\" \/>\t\t\t\t\t\t\t\t\t\t\t<figcaption class=\"widget-image-caption wp-caption-text\"><\/figcaption>\n\t\t\t\t\t\t\t\t\t\t<\/figure>\n\t\t\t\t\t\t\t\t\t<\/div>\n\t\t\t\t<\/div>\n\t\t\t\t<div class=\"elementor-element elementor-element-d9afcde elementor-widget elementor-widget-text-editor\" data-id=\"d9afcde\" data-element_type=\"widget\" data-e-type=\"widget\" data-widget_type=\"text-editor.default\">\n\t\t\t\t<div class=\"elementor-widget-container\">\n\t\t\t\t\t\t\t\t\t<p>A l&#8217;arribar a la cantonada, al <strong>carrer Jara<\/strong> es pot veure una forn\u00edcula sota teulat, amb la pres\u00e8ncia constant de l&#8217;Ordre de Santiago.<\/p>\t\t\t\t\t\t\t\t<\/div>\n\t\t\t\t<\/div>\n\t\t\t\t<div class=\"elementor-element elementor-element-ba1b7a8 elementor-widget elementor-widget-menu-anchor\" data-id=\"ba1b7a8\" data-element_type=\"widget\" data-e-type=\"widget\" data-widget_type=\"menu-anchor.default\">\n\t\t\t\t<div class=\"elementor-widget-container\">\n\t\t\t\t\t\t\t<div class=\"elementor-menu-anchor\" id=\"c4919\"><\/div>\n\t\t\t\t\t\t<\/div>\n\t\t\t\t<\/div>\n\t\t\t\t<div class=\"elementor-element elementor-element-3dc5787 elementor-widget elementor-widget-image\" data-id=\"3dc5787\" data-element_type=\"widget\" data-e-type=\"widget\" data-widget_type=\"image.default\">\n\t\t\t\t<div class=\"elementor-widget-container\">\n\t\t\t\t\t\t\t\t\t\t\t\t<figure class=\"wp-caption\">\n\t\t\t\t\t\t\t\t\t\t<img loading=\"lazy\" decoding=\"async\" width=\"768\" height=\"511\" src=\"https:\/\/www.elturistatranquil.com\/wp-content\/uploads\/F103-Villanueva-de-los-Infantes-Calle-Jara.jpg\" class=\"attachment-large size-large wp-image-28444\" alt=\"Villanueva de los Infantes Calle Jara\" srcset=\"https:\/\/www.elturistatranquil.com\/wp-content\/uploads\/F103-Villanueva-de-los-Infantes-Calle-Jara.jpg 768w, https:\/\/www.elturistatranquil.com\/wp-content\/uploads\/F103-Villanueva-de-los-Infantes-Calle-Jara-339x226.jpg 339w\" sizes=\"(max-width: 768px) 100vw, 768px\" \/>\t\t\t\t\t\t\t\t\t\t\t<figcaption class=\"widget-image-caption wp-caption-text\"><\/figcaption>\n\t\t\t\t\t\t\t\t\t\t<\/figure>\n\t\t\t\t\t\t\t\t\t<\/div>\n\t\t\t\t<\/div>\n\t\t\t\t<div class=\"elementor-element elementor-element-20baca4 elementor-widget elementor-widget-heading\" data-id=\"20baca4\" data-element_type=\"widget\" data-e-type=\"widget\" data-widget_type=\"heading.default\">\n\t\t\t\t<div class=\"elementor-widget-container\">\n\t\t\t\t\t<h3 class=\"elementor-heading-title elementor-size-default\">Pla\u00e7a de la Trinidad<\/h3>\t\t\t\t<\/div>\n\t\t\t\t<\/div>\n\t\t\t\t<div class=\"elementor-element elementor-element-6c42549 elementor-widget elementor-widget-menu-anchor\" data-id=\"6c42549\" data-element_type=\"widget\" data-e-type=\"widget\" data-widget_type=\"menu-anchor.default\">\n\t\t\t\t<div class=\"elementor-widget-container\">\n\t\t\t\t\t\t\t<div class=\"elementor-menu-anchor\" id=\"c4920\"><\/div>\n\t\t\t\t\t\t<\/div>\n\t\t\t\t<\/div>\n\t\t\t\t<div class=\"elementor-element elementor-element-5fb3a2d elementor-widget elementor-widget-text-editor\" data-id=\"5fb3a2d\" data-element_type=\"widget\" data-e-type=\"widget\" data-widget_type=\"text-editor.default\">\n\t\t\t\t<div class=\"elementor-widget-container\">\n\t\t\t\t\t\t\t\t\t<p>Arribo a la <strong>pla\u00e7a<\/strong> <strong>de la Trinidad<\/strong> que era el meu objectiu, per visitar l&#8217;Esgl\u00e9sia del Convent de Trinitaris.<\/p>\t\t\t\t\t\t\t\t<\/div>\n\t\t\t\t<\/div>\n\t\t\t\t<div class=\"elementor-element elementor-element-03fd3bf elementor-widget elementor-widget-heading\" data-id=\"03fd3bf\" data-element_type=\"widget\" data-e-type=\"widget\" data-widget_type=\"heading.default\">\n\t\t\t\t<div class=\"elementor-widget-container\">\n\t\t\t\t\t<h4 class=\"elementor-heading-title elementor-size-default\">Antic Convent de Trinitarios<\/h4>\t\t\t\t<\/div>\n\t\t\t\t<\/div>\n\t\t\t\t<div class=\"elementor-element elementor-element-492ffac elementor-widget elementor-widget-image\" data-id=\"492ffac\" data-element_type=\"widget\" data-e-type=\"widget\" data-widget_type=\"image.default\">\n\t\t\t\t<div class=\"elementor-widget-container\">\n\t\t\t\t\t\t\t\t\t\t\t\t<figure class=\"wp-caption\">\n\t\t\t\t\t\t\t\t\t\t<img loading=\"lazy\" decoding=\"async\" width=\"768\" height=\"512\" src=\"https:\/\/www.elturistatranquil.com\/wp-content\/uploads\/F104-Villanueva-de-los-Infantes-Convento-de-Trinitarios.jpg\" class=\"attachment-large size-large wp-image-28446\" alt=\"Villanueva de los Infantes Convento de Trinitarios\" srcset=\"https:\/\/www.elturistatranquil.com\/wp-content\/uploads\/F104-Villanueva-de-los-Infantes-Convento-de-Trinitarios.jpg 768w, https:\/\/www.elturistatranquil.com\/wp-content\/uploads\/F104-Villanueva-de-los-Infantes-Convento-de-Trinitarios-339x226.jpg 339w\" sizes=\"(max-width: 768px) 100vw, 768px\" \/>\t\t\t\t\t\t\t\t\t\t\t<figcaption class=\"widget-image-caption wp-caption-text\"><\/figcaption>\n\t\t\t\t\t\t\t\t\t\t<\/figure>\n\t\t\t\t\t\t\t\t\t<\/div>\n\t\t\t\t<\/div>\n\t\t\t\t<div class=\"elementor-element elementor-element-6f5e199 elementor-widget elementor-widget-text-editor\" data-id=\"6f5e199\" data-element_type=\"widget\" data-e-type=\"widget\" data-widget_type=\"text-editor.default\">\n\t\t\t\t<div class=\"elementor-widget-container\">\n\t\t\t\t\t\t\t\t\t<p>L&#8217;Esgl\u00e9sia que es conserva formava part del <strong>Antic Convent de<\/strong> <strong>Trinitarios<\/strong> (<strong>6<\/strong>), fundat el 1603 pel beat Juan Bautista de la Concepci\u00f3n. Segueix la tipologia barroc-classicista de la transici\u00f3 al segle XVII.<\/p><p>La fa\u00e7ana consta de dos cossos, l&#8217;inferior amb triple arc de mig punt, dels quals el m\u00e9s gran \u00e9s el central que d\u00f3na pas al n\u00e0rtex. El cos superior \u00e9s de dintell i igualment tripartit. El conjunt s&#8217;emmarca en un ordre de pilastres d\u00f2riques, coronant amb un frontispici triangular amb \u00f2cul al timp\u00e0, creu i boles.<\/p><p>El cos central de la fa\u00e7ana \u00e9s de carreus de pedra sorrenca, i els laterals i la resta dels murs, d&#8217;ampliaci\u00f3 m\u00e9s recent, d&#8217;aparell toled\u00e0.<\/p><p>Una cadireta se situa en el costat de l&#8217;ep\u00edstola.<\/p>\t\t\t\t\t\t\t\t<\/div>\n\t\t\t\t<\/div>\n\t\t\t\t<div class=\"elementor-element elementor-element-eb89815 elementor-widget elementor-widget-image\" data-id=\"eb89815\" data-element_type=\"widget\" data-e-type=\"widget\" data-widget_type=\"image.default\">\n\t\t\t\t<div class=\"elementor-widget-container\">\n\t\t\t\t\t\t\t\t\t\t\t\t<figure class=\"wp-caption\">\n\t\t\t\t\t\t\t\t\t\t<img loading=\"lazy\" decoding=\"async\" width=\"768\" height=\"511\" src=\"https:\/\/www.elturistatranquil.com\/wp-content\/uploads\/F105-Villanueva-de-los-Infantes-Convento-de-Trinitarios.jpg\" class=\"attachment-large size-large wp-image-28448\" alt=\"Villanueva de los Infantes Convento de Trinitarios\" srcset=\"https:\/\/www.elturistatranquil.com\/wp-content\/uploads\/F105-Villanueva-de-los-Infantes-Convento-de-Trinitarios.jpg 768w, https:\/\/www.elturistatranquil.com\/wp-content\/uploads\/F105-Villanueva-de-los-Infantes-Convento-de-Trinitarios-339x226.jpg 339w\" sizes=\"(max-width: 768px) 100vw, 768px\" \/>\t\t\t\t\t\t\t\t\t\t\t<figcaption class=\"widget-image-caption wp-caption-text\"><\/figcaption>\n\t\t\t\t\t\t\t\t\t\t<\/figure>\n\t\t\t\t\t\t\t\t\t<\/div>\n\t\t\t\t<\/div>\n\t\t\t\t<div class=\"elementor-element elementor-element-456e5c0 elementor-widget elementor-widget-text-editor\" data-id=\"456e5c0\" data-element_type=\"widget\" data-e-type=\"widget\" data-widget_type=\"text-editor.default\">\n\t\t\t\t<div class=\"elementor-widget-container\">\n\t\t\t\t\t\t\t\t\t<p>Torno a trobar un temple que trenca la norma d&#8217;orientaci\u00f3 a llevant, en aquest cas amb orientaci\u00f3 a nord.<\/p><p>La planta \u00e9s de creu llatina, segons els c\u00e0nons de la contrareforma, amb una sola nau i capelles laterals.<\/p>\t\t\t\t\t\t\t\t<\/div>\n\t\t\t\t<\/div>\n\t\t\t\t<div class=\"elementor-element elementor-element-0991b98 elementor-widget elementor-widget-image\" data-id=\"0991b98\" data-element_type=\"widget\" data-e-type=\"widget\" data-widget_type=\"image.default\">\n\t\t\t\t<div class=\"elementor-widget-container\">\n\t\t\t\t\t\t\t\t\t\t\t\t<figure class=\"wp-caption\">\n\t\t\t\t\t\t\t\t\t\t<img loading=\"lazy\" decoding=\"async\" width=\"367\" height=\"550\" src=\"https:\/\/www.elturistatranquil.com\/wp-content\/uploads\/F106-Villanueva-de-los-Infantes-Convento-de-Trinitarios.jpg\" class=\"attachment-large size-large wp-image-28450\" alt=\"Villanueva de los Infantes Convento de Trinitarios\" srcset=\"https:\/\/www.elturistatranquil.com\/wp-content\/uploads\/F106-Villanueva-de-los-Infantes-Convento-de-Trinitarios.jpg 367w, https:\/\/www.elturistatranquil.com\/wp-content\/uploads\/F106-Villanueva-de-los-Infantes-Convento-de-Trinitarios-151x226.jpg 151w\" sizes=\"(max-width: 367px) 100vw, 367px\" \/>\t\t\t\t\t\t\t\t\t\t\t<figcaption class=\"widget-image-caption wp-caption-text\"><\/figcaption>\n\t\t\t\t\t\t\t\t\t\t<\/figure>\n\t\t\t\t\t\t\t\t\t<\/div>\n\t\t\t\t<\/div>\n\t\t\t\t<div class=\"elementor-element elementor-element-5f12f85 elementor-widget elementor-widget-text-editor\" data-id=\"5f12f85\" data-element_type=\"widget\" data-e-type=\"widget\" data-widget_type=\"text-editor.default\">\n\t\t\t\t<div class=\"elementor-widget-container\">\n\t\t\t\t\t\t\t\t\t<p>Posseeix un creuer que es cobreix amb volta de mitja taronja i trams de mig can\u00f3 en els bra\u00e7os menors de la creu amb petits llunetes, a l&#8217;igual que el presbiteri.<\/p>\t\t\t\t\t\t\t\t<\/div>\n\t\t\t\t<\/div>\n\t\t\t\t<div class=\"elementor-element elementor-element-195dbc4 elementor-widget elementor-widget-image\" data-id=\"195dbc4\" data-element_type=\"widget\" data-e-type=\"widget\" data-widget_type=\"image.default\">\n\t\t\t\t<div class=\"elementor-widget-container\">\n\t\t\t\t\t\t\t\t\t\t\t\t<figure class=\"wp-caption\">\n\t\t\t\t\t\t\t\t\t\t<img loading=\"lazy\" decoding=\"async\" width=\"768\" height=\"512\" src=\"https:\/\/www.elturistatranquil.com\/wp-content\/uploads\/F107-Villanueva-de-los-Infantes-Convento-de-Trinitarios.jpg\" class=\"attachment-large size-large wp-image-28452\" alt=\"Villanueva de los Infantes Convento de Trinitarios\" srcset=\"https:\/\/www.elturistatranquil.com\/wp-content\/uploads\/F107-Villanueva-de-los-Infantes-Convento-de-Trinitarios.jpg 768w, https:\/\/www.elturistatranquil.com\/wp-content\/uploads\/F107-Villanueva-de-los-Infantes-Convento-de-Trinitarios-339x226.jpg 339w\" sizes=\"(max-width: 768px) 100vw, 768px\" \/>\t\t\t\t\t\t\t\t\t\t\t<figcaption class=\"widget-image-caption wp-caption-text\"><\/figcaption>\n\t\t\t\t\t\t\t\t\t\t<\/figure>\n\t\t\t\t\t\t\t\t\t<\/div>\n\t\t\t\t<\/div>\n\t\t\t\t<div class=\"elementor-element elementor-element-f141c76 elementor-widget elementor-widget-image\" data-id=\"f141c76\" data-element_type=\"widget\" data-e-type=\"widget\" data-widget_type=\"image.default\">\n\t\t\t\t<div class=\"elementor-widget-container\">\n\t\t\t\t\t\t\t\t\t\t\t\t<figure class=\"wp-caption\">\n\t\t\t\t\t\t\t\t\t\t<img loading=\"lazy\" decoding=\"async\" width=\"768\" height=\"511\" src=\"https:\/\/www.elturistatranquil.com\/wp-content\/uploads\/F108-Villanueva-de-los-Infantes-Convento-de-Trinitarios.jpg\" class=\"attachment-large size-large wp-image-28454\" alt=\"Villanueva de los Infantes Convento de Trinitarios\" srcset=\"https:\/\/www.elturistatranquil.com\/wp-content\/uploads\/F108-Villanueva-de-los-Infantes-Convento-de-Trinitarios.jpg 768w, https:\/\/www.elturistatranquil.com\/wp-content\/uploads\/F108-Villanueva-de-los-Infantes-Convento-de-Trinitarios-339x226.jpg 339w\" sizes=\"(max-width: 768px) 100vw, 768px\" \/>\t\t\t\t\t\t\t\t\t\t\t<figcaption class=\"widget-image-caption wp-caption-text\"><\/figcaption>\n\t\t\t\t\t\t\t\t\t\t<\/figure>\n\t\t\t\t\t\t\t\t\t<\/div>\n\t\t\t\t<\/div>\n\t\t\t\t<div class=\"elementor-element elementor-element-3b97025 elementor-widget elementor-widget-image\" data-id=\"3b97025\" data-element_type=\"widget\" data-e-type=\"widget\" data-widget_type=\"image.default\">\n\t\t\t\t<div class=\"elementor-widget-container\">\n\t\t\t\t\t\t\t\t\t\t\t\t<figure class=\"wp-caption\">\n\t\t\t\t\t\t\t\t\t\t<img loading=\"lazy\" decoding=\"async\" width=\"768\" height=\"512\" src=\"https:\/\/www.elturistatranquil.com\/wp-content\/uploads\/F109-Villanueva-de-los-Infantes-Convento-de-Trinitarios.jpg\" class=\"attachment-large size-large wp-image-28456\" alt=\"Villanueva de los Infantes Convento de Trinitarios\" srcset=\"https:\/\/www.elturistatranquil.com\/wp-content\/uploads\/F109-Villanueva-de-los-Infantes-Convento-de-Trinitarios.jpg 768w, https:\/\/www.elturistatranquil.com\/wp-content\/uploads\/F109-Villanueva-de-los-Infantes-Convento-de-Trinitarios-339x226.jpg 339w\" sizes=\"(max-width: 768px) 100vw, 768px\" \/>\t\t\t\t\t\t\t\t\t\t\t<figcaption class=\"widget-image-caption wp-caption-text\"><\/figcaption>\n\t\t\t\t\t\t\t\t\t\t<\/figure>\n\t\t\t\t\t\t\t\t\t<\/div>\n\t\t\t\t<\/div>\n\t\t\t\t<div class=\"elementor-element elementor-element-2ef1e9a elementor-widget elementor-widget-text-editor\" data-id=\"2ef1e9a\" data-element_type=\"widget\" data-e-type=\"widget\" data-widget_type=\"text-editor.default\">\n\t\t\t\t<div class=\"elementor-widget-container\">\n\t\t\t\t\t\t\t\t\t<p>Lateral de la banda de l&#8217;evangeli per una de les portes d&#8217;entrada secund\u00e0ries.<\/p>\t\t\t\t\t\t\t\t<\/div>\n\t\t\t\t<\/div>\n\t\t\t\t<div class=\"elementor-element elementor-element-4698f70 elementor-widget elementor-widget-image\" data-id=\"4698f70\" data-element_type=\"widget\" data-e-type=\"widget\" data-widget_type=\"image.default\">\n\t\t\t\t<div class=\"elementor-widget-container\">\n\t\t\t\t\t\t\t\t\t\t\t\t<figure class=\"wp-caption\">\n\t\t\t\t\t\t\t\t\t\t<img loading=\"lazy\" decoding=\"async\" width=\"768\" height=\"511\" src=\"https:\/\/www.elturistatranquil.com\/wp-content\/uploads\/F110-Villanueva-de-los-Infantes-Convento-de-Trinitarios.jpg\" class=\"attachment-large size-large wp-image-28458\" alt=\"Villanueva de los Infantes Convento de Trinitarios\" srcset=\"https:\/\/www.elturistatranquil.com\/wp-content\/uploads\/F110-Villanueva-de-los-Infantes-Convento-de-Trinitarios.jpg 768w, https:\/\/www.elturistatranquil.com\/wp-content\/uploads\/F110-Villanueva-de-los-Infantes-Convento-de-Trinitarios-339x226.jpg 339w\" sizes=\"(max-width: 768px) 100vw, 768px\" \/>\t\t\t\t\t\t\t\t\t\t\t<figcaption class=\"widget-image-caption wp-caption-text\"><\/figcaption>\n\t\t\t\t\t\t\t\t\t\t<\/figure>\n\t\t\t\t\t\t\t\t\t<\/div>\n\t\t\t\t<\/div>\n\t\t\t\t<div class=\"elementor-element elementor-element-07ac051 elementor-widget elementor-widget-text-editor\" data-id=\"07ac051\" data-element_type=\"widget\" data-e-type=\"widget\" data-widget_type=\"text-editor.default\">\n\t\t\t\t<div class=\"elementor-widget-container\">\n\t\t\t\t\t\t\t\t\t<p>En l&#8217;altar una talla barroca emmarca la imatge de Ntre. Padre Jes\u00fas Rescatado. Expliquen que la imatge original va ser rescatada pels trinitaris i que es van fer c\u00f2pies que es van repartir per les seves diferents convents.<\/p>\t\t\t\t\t\t\t\t<\/div>\n\t\t\t\t<\/div>\n\t\t\t\t<section class=\"elementor-section elementor-inner-section elementor-element elementor-element-c9872f6 elementor-section-boxed elementor-section-height-default elementor-section-height-default\" data-id=\"c9872f6\" data-element_type=\"section\" data-e-type=\"section\">\n\t\t\t\t\t\t<div class=\"elementor-container elementor-column-gap-default\">\n\t\t\t\t\t<div class=\"elementor-column elementor-col-50 elementor-inner-column elementor-element elementor-element-0096649\" data-id=\"0096649\" data-element_type=\"column\" data-e-type=\"column\">\n\t\t\t<div class=\"elementor-widget-wrap elementor-element-populated\">\n\t\t\t\t\t\t<div class=\"elementor-element elementor-element-2d697c0 elementor-widget elementor-widget-image\" data-id=\"2d697c0\" data-element_type=\"widget\" data-e-type=\"widget\" data-widget_type=\"image.default\">\n\t\t\t\t<div class=\"elementor-widget-container\">\n\t\t\t\t\t\t\t\t\t\t\t\t\t\t\t<img loading=\"lazy\" decoding=\"async\" width=\"367\" height=\"550\" src=\"https:\/\/www.elturistatranquil.com\/wp-content\/uploads\/F111m-Villanueva-de-los-Infantes-Convento-de-Trinitarios.jpg\" class=\"attachment-large size-large wp-image-28460\" alt=\"Villanueva de los Infantes Convento de Trinitarios\" srcset=\"https:\/\/www.elturistatranquil.com\/wp-content\/uploads\/F111m-Villanueva-de-los-Infantes-Convento-de-Trinitarios.jpg 367w, https:\/\/www.elturistatranquil.com\/wp-content\/uploads\/F111m-Villanueva-de-los-Infantes-Convento-de-Trinitarios-151x226.jpg 151w\" sizes=\"(max-width: 367px) 100vw, 367px\" \/>\t\t\t\t\t\t\t\t\t\t\t\t\t\t\t<\/div>\n\t\t\t\t<\/div>\n\t\t\t\t\t<\/div>\n\t\t<\/div>\n\t\t\t\t<div class=\"elementor-column elementor-col-50 elementor-inner-column elementor-element elementor-element-2a432bc\" data-id=\"2a432bc\" data-element_type=\"column\" data-e-type=\"column\">\n\t\t\t<div class=\"elementor-widget-wrap elementor-element-populated\">\n\t\t\t\t\t\t<div class=\"elementor-element elementor-element-5fd78cb elementor-widget elementor-widget-image\" data-id=\"5fd78cb\" data-element_type=\"widget\" data-e-type=\"widget\" data-widget_type=\"image.default\">\n\t\t\t\t<div class=\"elementor-widget-container\">\n\t\t\t\t\t\t\t\t\t\t\t\t\t\t\t<img loading=\"lazy\" decoding=\"async\" width=\"366\" height=\"550\" src=\"https:\/\/www.elturistatranquil.com\/wp-content\/uploads\/F111n-Villanueva-de-los-Infantes-Convento-de-Trinitarios.jpg\" class=\"attachment-large size-large wp-image-28462\" alt=\"Villanueva de los Infantes Convento de Trinitarios\" srcset=\"https:\/\/www.elturistatranquil.com\/wp-content\/uploads\/F111n-Villanueva-de-los-Infantes-Convento-de-Trinitarios.jpg 366w, https:\/\/www.elturistatranquil.com\/wp-content\/uploads\/F111n-Villanueva-de-los-Infantes-Convento-de-Trinitarios-150x226.jpg 150w\" sizes=\"(max-width: 366px) 100vw, 366px\" \/>\t\t\t\t\t\t\t\t\t\t\t\t\t\t\t<\/div>\n\t\t\t\t<\/div>\n\t\t\t\t\t<\/div>\n\t\t<\/div>\n\t\t\t\t\t<\/div>\n\t\t<\/section>\n\t\t\t\t<div class=\"elementor-element elementor-element-8167a5d elementor-widget elementor-widget-text-editor\" data-id=\"8167a5d\" data-element_type=\"widget\" data-e-type=\"widget\" data-widget_type=\"text-editor.default\">\n\t\t\t\t<div class=\"elementor-widget-container\">\n\t\t\t\t\t\t\t\t\t<p>\u00a0<\/p><p>En una de les capelles es conserven les restes de Sant V\u00edctor M\u00e0rtir que li van ser regalats pel procurador general dels Trinitaris a Roma al capit\u00e0 D. Andr\u00e9s Mex\u00eda Calero en 1713, qui va finan\u00e7ar la construcci\u00f3.<\/p><p>Refaig el cam\u00ed pel carrer Santo Tom\u00e1s fins a tornar al <strong>n\u00ba 49 i 47<\/strong>. La <strong>casa <\/strong><strong>Mesas<\/strong> est\u00e0 formada per dos grans edificacions. Presenta un interessant balc\u00f3 cantoner.<\/p>\t\t\t\t\t\t\t\t<\/div>\n\t\t\t\t<\/div>\n\t\t\t\t<div class=\"elementor-element elementor-element-69bcfd2 elementor-widget elementor-widget-image\" data-id=\"69bcfd2\" data-element_type=\"widget\" data-e-type=\"widget\" data-widget_type=\"image.default\">\n\t\t\t\t<div class=\"elementor-widget-container\">\n\t\t\t\t\t\t\t\t\t\t\t\t<figure class=\"wp-caption\">\n\t\t\t\t\t\t\t\t\t\t<img loading=\"lazy\" decoding=\"async\" width=\"768\" height=\"511\" src=\"https:\/\/www.elturistatranquil.com\/wp-content\/uploads\/F113a-Villanueva-de-los-Infantes-Calle-Santo-Tomas.jpg\" class=\"attachment-large size-large wp-image-28464\" alt=\"Villanueva de los Infantes Calle Santo Tomas\" srcset=\"https:\/\/www.elturistatranquil.com\/wp-content\/uploads\/F113a-Villanueva-de-los-Infantes-Calle-Santo-Tomas.jpg 768w, https:\/\/www.elturistatranquil.com\/wp-content\/uploads\/F113a-Villanueva-de-los-Infantes-Calle-Santo-Tomas-339x226.jpg 339w\" sizes=\"(max-width: 768px) 100vw, 768px\" \/>\t\t\t\t\t\t\t\t\t\t\t<figcaption class=\"widget-image-caption wp-caption-text\"><\/figcaption>\n\t\t\t\t\t\t\t\t\t\t<\/figure>\n\t\t\t\t\t\t\t\t\t<\/div>\n\t\t\t\t<\/div>\n\t\t\t\t<div class=\"elementor-element elementor-element-3b03d71 elementor-widget elementor-widget-text-editor\" data-id=\"3b03d71\" data-element_type=\"widget\" data-e-type=\"widget\" data-widget_type=\"text-editor.default\">\n\t\t\t\t<div class=\"elementor-widget-container\">\n\t\t\t\t\t\t\t\t\t<p>A l&#8217;arribar al <strong>n\u00ba 45<\/strong> es conserva a la fa\u00e7ana el que sembla haver de ser una entrada amb dintell, convertida actualment en simple finestra. En qualsevol cas, \u00e9s una finca catalogada i protegida.<\/p>\t\t\t\t\t\t\t\t<\/div>\n\t\t\t\t<\/div>\n\t\t\t\t<div class=\"elementor-element elementor-element-bbd2cd5 elementor-widget elementor-widget-menu-anchor\" data-id=\"bbd2cd5\" data-element_type=\"widget\" data-e-type=\"widget\" data-widget_type=\"menu-anchor.default\">\n\t\t\t\t<div class=\"elementor-widget-container\">\n\t\t\t\t\t\t\t<div class=\"elementor-menu-anchor\" id=\"c4921\"><\/div>\n\t\t\t\t\t\t<\/div>\n\t\t\t\t<\/div>\n\t\t\t\t<div class=\"elementor-element elementor-element-441d844 elementor-widget elementor-widget-image\" data-id=\"441d844\" data-element_type=\"widget\" data-e-type=\"widget\" data-widget_type=\"image.default\">\n\t\t\t\t<div class=\"elementor-widget-container\">\n\t\t\t\t\t\t\t\t\t\t\t\t<figure class=\"wp-caption\">\n\t\t\t\t\t\t\t\t\t\t<img loading=\"lazy\" decoding=\"async\" width=\"768\" height=\"512\" src=\"https:\/\/www.elturistatranquil.com\/wp-content\/uploads\/F113b-Villanueva-de-los-Infantes-Calle-Santo-Tomas.jpg\" class=\"attachment-large size-large wp-image-28466\" alt=\"Villanueva de los Infantes Calle Santo Tomas\" srcset=\"https:\/\/www.elturistatranquil.com\/wp-content\/uploads\/F113b-Villanueva-de-los-Infantes-Calle-Santo-Tomas.jpg 768w, https:\/\/www.elturistatranquil.com\/wp-content\/uploads\/F113b-Villanueva-de-los-Infantes-Calle-Santo-Tomas-339x226.jpg 339w\" sizes=\"(max-width: 768px) 100vw, 768px\" \/>\t\t\t\t\t\t\t\t\t\t\t<figcaption class=\"widget-image-caption wp-caption-text\"><\/figcaption>\n\t\t\t\t\t\t\t\t\t\t<\/figure>\n\t\t\t\t\t\t\t\t\t<\/div>\n\t\t\t\t<\/div>\n\t\t\t\t<div class=\"elementor-element elementor-element-5e183e5 elementor-widget elementor-widget-heading\" data-id=\"5e183e5\" data-element_type=\"widget\" data-e-type=\"widget\" data-widget_type=\"heading.default\">\n\t\t\t\t<div class=\"elementor-widget-container\">\n\t\t\t\t\t<h3 class=\"elementor-heading-title elementor-size-default\">Carrer Ram\u00f3n Herrera, Pl\u00e7za Dr. Alberdi<\/h3>\t\t\t\t<\/div>\n\t\t\t\t<\/div>\n\t\t\t\t<div class=\"elementor-element elementor-element-7b3ccbe elementor-widget elementor-widget-text-editor\" data-id=\"7b3ccbe\" data-element_type=\"widget\" data-e-type=\"widget\" data-widget_type=\"text-editor.default\">\n\t\t\t\t<div class=\"elementor-widget-container\">\n\t\t\t\t\t\t\t\t\t<p>Al seg\u00fcent encreuament, m&#8217;endinsar\u00e9 per l&#8217;esquerra al <strong>carrer Ram\u00f3n Herrera<\/strong> fins a la <strong>pla\u00e7a Dr. Alberdi<\/strong> (<strong>G<\/strong>).<\/p><p>La pla\u00e7a t\u00e9 un agradable aire recollit, amb la torre de l&#8217;Esgl\u00e9sia de San Andr\u00e9s sobresortint pel fons.<\/p>\t\t\t\t\t\t\t\t<\/div>\n\t\t\t\t<\/div>\n\t\t\t\t<div class=\"elementor-element elementor-element-472c510 elementor-widget elementor-widget-image\" data-id=\"472c510\" data-element_type=\"widget\" data-e-type=\"widget\" data-widget_type=\"image.default\">\n\t\t\t\t<div class=\"elementor-widget-container\">\n\t\t\t\t\t\t\t\t\t\t\t\t<figure class=\"wp-caption\">\n\t\t\t\t\t\t\t\t\t\t<img loading=\"lazy\" decoding=\"async\" width=\"768\" height=\"512\" src=\"https:\/\/www.elturistatranquil.com\/wp-content\/uploads\/F114-Villanueva-de-los-Infantes-Plaza-Dr-Alberdi.jpg\" class=\"attachment-large size-large wp-image-28468\" alt=\"Villanueva de los Infantes Plaza Dr Alberdi\" srcset=\"https:\/\/www.elturistatranquil.com\/wp-content\/uploads\/F114-Villanueva-de-los-Infantes-Plaza-Dr-Alberdi.jpg 768w, https:\/\/www.elturistatranquil.com\/wp-content\/uploads\/F114-Villanueva-de-los-Infantes-Plaza-Dr-Alberdi-339x226.jpg 339w\" sizes=\"(max-width: 768px) 100vw, 768px\" \/>\t\t\t\t\t\t\t\t\t\t\t<figcaption class=\"widget-image-caption wp-caption-text\"><\/figcaption>\n\t\t\t\t\t\t\t\t\t\t<\/figure>\n\t\t\t\t\t\t\t\t\t<\/div>\n\t\t\t\t<\/div>\n\t\t\t\t<div class=\"elementor-element elementor-element-4f2ad0e elementor-widget elementor-widget-text-editor\" data-id=\"4f2ad0e\" data-element_type=\"widget\" data-e-type=\"widget\" data-widget_type=\"text-editor.default\">\n\t\t\t\t<div class=\"elementor-widget-container\">\n\t\t\t\t\t\t\t\t\t<p>En aquest lloc est\u00e0 situada una de les cases m\u00e9s interessants de Villanueva de los Infantes. Es tracta de la <strong>Casa del Arco<\/strong> que va pert\u00e0nyer a Juan Ortega Monta\u00f1es, arquebisbe i virrei de M\u00e8xic i parent de Santo Tom\u00e1s de Villanueva, sant de la localitat i, a principis del segle XX, a la fam\u00edlia Ca\u00f1uto, pertanyents a l&#8217;Ordre de Santiago.<\/p><p>Edifici neocl\u00e0ssic del XVII, amb un p\u00f2rtic de dos cossos. La seva portada recorda a la fa\u00e7ana sud de l&#8217;Esgl\u00e9sia de San Andr\u00e9s. Portal en pedra i pati senyorial de columnes j\u00f2niques.<\/p>\t\t\t\t\t\t\t\t<\/div>\n\t\t\t\t<\/div>\n\t\t\t\t<div class=\"elementor-element elementor-element-820ff3f elementor-widget elementor-widget-image\" data-id=\"820ff3f\" data-element_type=\"widget\" data-e-type=\"widget\" data-widget_type=\"image.default\">\n\t\t\t\t<div class=\"elementor-widget-container\">\n\t\t\t\t\t\t\t\t\t\t\t\t<figure class=\"wp-caption\">\n\t\t\t\t\t\t\t\t\t\t<img loading=\"lazy\" decoding=\"async\" width=\"768\" height=\"511\" src=\"https:\/\/www.elturistatranquil.com\/wp-content\/uploads\/F115-Villanueva-de-los-Infantes-Casa-del-Arco.jpg\" class=\"attachment-large size-large wp-image-28471\" alt=\"Villanueva de los Infantes Casa del Arco\" srcset=\"https:\/\/www.elturistatranquil.com\/wp-content\/uploads\/F115-Villanueva-de-los-Infantes-Casa-del-Arco.jpg 768w, https:\/\/www.elturistatranquil.com\/wp-content\/uploads\/F115-Villanueva-de-los-Infantes-Casa-del-Arco-339x226.jpg 339w\" sizes=\"(max-width: 768px) 100vw, 768px\" \/>\t\t\t\t\t\t\t\t\t\t\t<figcaption class=\"widget-image-caption wp-caption-text\"><\/figcaption>\n\t\t\t\t\t\t\t\t\t\t<\/figure>\n\t\t\t\t\t\t\t\t\t<\/div>\n\t\t\t\t<\/div>\n\t\t\t\t<div class=\"elementor-element elementor-element-244e87f elementor-widget elementor-widget-menu-anchor\" data-id=\"244e87f\" data-element_type=\"widget\" data-e-type=\"widget\" data-widget_type=\"menu-anchor.default\">\n\t\t\t\t<div class=\"elementor-widget-container\">\n\t\t\t\t\t\t\t<div class=\"elementor-menu-anchor\" id=\"c4922\"><\/div>\n\t\t\t\t\t\t<\/div>\n\t\t\t\t<\/div>\n\t\t\t\t<div class=\"elementor-element elementor-element-90f9d65 elementor-widget elementor-widget-image\" data-id=\"90f9d65\" data-element_type=\"widget\" data-e-type=\"widget\" data-widget_type=\"image.default\">\n\t\t\t\t<div class=\"elementor-widget-container\">\n\t\t\t\t\t\t\t\t\t\t\t\t<figure class=\"wp-caption\">\n\t\t\t\t\t\t\t\t\t\t<img loading=\"lazy\" decoding=\"async\" width=\"663\" height=\"550\" src=\"https:\/\/www.elturistatranquil.com\/wp-content\/uploads\/F116-Villanueva-de-los-Infantes-Casa-del-Arco.jpg\" class=\"attachment-large size-large wp-image-28473\" alt=\"Villanueva de los Infantes Casa del Arco\" srcset=\"https:\/\/www.elturistatranquil.com\/wp-content\/uploads\/F116-Villanueva-de-los-Infantes-Casa-del-Arco.jpg 663w, https:\/\/www.elturistatranquil.com\/wp-content\/uploads\/F116-Villanueva-de-los-Infantes-Casa-del-Arco-272x226.jpg 272w\" sizes=\"(max-width: 663px) 100vw, 663px\" \/>\t\t\t\t\t\t\t\t\t\t\t<figcaption class=\"widget-image-caption wp-caption-text\"><\/figcaption>\n\t\t\t\t\t\t\t\t\t\t<\/figure>\n\t\t\t\t\t\t\t\t\t<\/div>\n\t\t\t\t<\/div>\n\t\t\t\t<div class=\"elementor-element elementor-element-19482a7 elementor-widget elementor-widget-heading\" data-id=\"19482a7\" data-element_type=\"widget\" data-e-type=\"widget\" data-widget_type=\"heading.default\">\n\t\t\t\t<div class=\"elementor-widget-container\">\n\t\t\t\t\t<h3 class=\"elementor-heading-title elementor-size-default\">Carrer Santo Tom\u00e1s, recorregut sud<\/h3>\t\t\t\t<\/div>\n\t\t\t\t<\/div>\n\t\t\t\t<div class=\"elementor-element elementor-element-1aabce7 elementor-widget elementor-widget-menu-anchor\" data-id=\"1aabce7\" data-element_type=\"widget\" data-e-type=\"widget\" data-widget_type=\"menu-anchor.default\">\n\t\t\t\t<div class=\"elementor-widget-container\">\n\t\t\t\t\t\t\t<div class=\"elementor-menu-anchor\" id=\"c4923\"><\/div>\n\t\t\t\t\t\t<\/div>\n\t\t\t\t<\/div>\n\t\t\t\t<div class=\"elementor-element elementor-element-c2640e3 elementor-widget elementor-widget-text-editor\" data-id=\"c2640e3\" data-element_type=\"widget\" data-e-type=\"widget\" data-widget_type=\"text-editor.default\">\n\t\t\t\t<div class=\"elementor-widget-container\">\n\t\t\t\t\t\t\t\t\t<p>Despr\u00e9s d&#8217;aquesta petita incursi\u00f3 retorno al carrer de Santo Tom\u00e1s (<strong>F<\/strong>) que m&#8217;ha de portar fins a la pla\u00e7a de San juan.<\/p>\t\t\t\t\t\t\t\t<\/div>\n\t\t\t\t<\/div>\n\t\t\t\t<div class=\"elementor-element elementor-element-41a51ef elementor-widget elementor-widget-heading\" data-id=\"41a51ef\" data-element_type=\"widget\" data-e-type=\"widget\" data-widget_type=\"heading.default\">\n\t\t\t\t<div class=\"elementor-widget-container\">\n\t\t\t\t\t<h4 class=\"elementor-heading-title elementor-size-default\">Casa de los Estudios<\/h4>\t\t\t\t<\/div>\n\t\t\t\t<\/div>\n\t\t\t\t<div class=\"elementor-element elementor-element-4359184 elementor-widget elementor-widget-text-editor\" data-id=\"4359184\" data-element_type=\"widget\" data-e-type=\"widget\" data-widget_type=\"text-editor.default\">\n\t\t\t\t<div class=\"elementor-widget-container\">\n\t\t\t\t\t\t\t\t\t<p>En el <strong>n\u00ba 39<\/strong> visitar\u00e9 la <strong>Casa de los Estudios<\/strong> (<strong>7<\/strong>), un interessant edifici hist\u00f2ric.<\/p><p>En l&#8217;\u00faltim ter\u00e7 de segle XVI, la primera refer\u00e8ncia \u00e9s de 1595, es va crear el Estudio o Escuela de Gram\u00e1tica de Villanueva de los Infantes, on ensenyaria gram\u00e0tica, ret\u00f2rica i po\u00e8tica l&#8217;humanista Bartolom\u00e9 Jim\u00e9nez Pat\u00f3n, natural de Almedina.<\/p><p>Despu\u00e9s de esta peque\u00f1a incursi\u00f3n regreso a la calle de Santo Tomas (<strong>F<\/strong>) que me ha de llevar hasta la plaza de San juan.<\/p><p>Casa Solar de Don H\u00e9ctor Del Busto. Va pert\u00e0nyer al principi a la fam\u00edlia Del Busto, un dels llinatges m\u00e9s antics d&#8217;Infantes, des del primer ter\u00e7 de segle XVI.<\/p><p>L&#8217;edifici, de la mateixa segle XVI, presenta una fa\u00e7ana molt simple de ma\u00e7oneria emblanquinada, amb la porta amb dintell sobre pilastres i un balc\u00f3 de fusta.<\/p>\t\t\t\t\t\t\t\t<\/div>\n\t\t\t\t<\/div>\n\t\t\t\t<div class=\"elementor-element elementor-element-abe113a elementor-widget elementor-widget-image\" data-id=\"abe113a\" data-element_type=\"widget\" data-e-type=\"widget\" data-widget_type=\"image.default\">\n\t\t\t\t<div class=\"elementor-widget-container\">\n\t\t\t\t\t\t\t\t\t\t\t\t<figure class=\"wp-caption\">\n\t\t\t\t\t\t\t\t\t\t<img loading=\"lazy\" decoding=\"async\" width=\"768\" height=\"511\" src=\"https:\/\/www.elturistatranquil.com\/wp-content\/uploads\/F117-Villanueva-de-los-Infantes-Casa-de-los-Estudios.jpg\" class=\"attachment-large size-large wp-image-28475\" alt=\"Villanueva de los Infantes Casa de los Estudios\" srcset=\"https:\/\/www.elturistatranquil.com\/wp-content\/uploads\/F117-Villanueva-de-los-Infantes-Casa-de-los-Estudios.jpg 768w, https:\/\/www.elturistatranquil.com\/wp-content\/uploads\/F117-Villanueva-de-los-Infantes-Casa-de-los-Estudios-339x226.jpg 339w\" sizes=\"(max-width: 768px) 100vw, 768px\" \/>\t\t\t\t\t\t\t\t\t\t\t<figcaption class=\"widget-image-caption wp-caption-text\"><\/figcaption>\n\t\t\t\t\t\t\t\t\t\t<\/figure>\n\t\t\t\t\t\t\t\t\t<\/div>\n\t\t\t\t<\/div>\n\t\t\t\t<div class=\"elementor-element elementor-element-d2007b0 elementor-widget elementor-widget-text-editor\" data-id=\"d2007b0\" data-element_type=\"widget\" data-e-type=\"widget\" data-widget_type=\"text-editor.default\">\n\t\t\t\t<div class=\"elementor-widget-container\">\n\t\t\t\t\t\t\t\t\t<p>El pati amb grans arcs de mig punt sobre pilars d&#8217;escassa al\u00e7ada a la planta baixa i voltes d&#8217;aresta. El primer pis cobert i balustrada de fusta.<\/p>\t\t\t\t\t\t\t\t<\/div>\n\t\t\t\t<\/div>\n\t\t\t\t<div class=\"elementor-element elementor-element-79890f9 elementor-widget elementor-widget-image\" data-id=\"79890f9\" data-element_type=\"widget\" data-e-type=\"widget\" data-widget_type=\"image.default\">\n\t\t\t\t<div class=\"elementor-widget-container\">\n\t\t\t\t\t\t\t\t\t\t\t\t<figure class=\"wp-caption\">\n\t\t\t\t\t\t\t\t\t\t<img loading=\"lazy\" decoding=\"async\" width=\"768\" height=\"511\" src=\"https:\/\/www.elturistatranquil.com\/wp-content\/uploads\/F118-Villanueva-de-los-Infantes-Casa-de-los-Estudios.jpg\" class=\"attachment-large size-large wp-image-28477\" alt=\"Villanueva de los Infantes Casa de los Estudios\" srcset=\"https:\/\/www.elturistatranquil.com\/wp-content\/uploads\/F118-Villanueva-de-los-Infantes-Casa-de-los-Estudios.jpg 768w, https:\/\/www.elturistatranquil.com\/wp-content\/uploads\/F118-Villanueva-de-los-Infantes-Casa-de-los-Estudios-339x226.jpg 339w\" sizes=\"(max-width: 768px) 100vw, 768px\" \/>\t\t\t\t\t\t\t\t\t\t\t<figcaption class=\"widget-image-caption wp-caption-text\"><\/figcaption>\n\t\t\t\t\t\t\t\t\t\t<\/figure>\n\t\t\t\t\t\t\t\t\t<\/div>\n\t\t\t\t<\/div>\n\t\t\t\t<div class=\"elementor-element elementor-element-a3829c1 elementor-widget elementor-widget-image\" data-id=\"a3829c1\" data-element_type=\"widget\" data-e-type=\"widget\" data-widget_type=\"image.default\">\n\t\t\t\t<div class=\"elementor-widget-container\">\n\t\t\t\t\t\t\t\t\t\t\t\t<figure class=\"wp-caption\">\n\t\t\t\t\t\t\t\t\t\t<img loading=\"lazy\" decoding=\"async\" width=\"768\" height=\"511\" src=\"https:\/\/www.elturistatranquil.com\/wp-content\/uploads\/F119-Villanueva-de-los-Infantes-Casa-de-los-Estudios.jpg\" class=\"attachment-large size-large wp-image-28479\" alt=\"Villanueva de los Infantes Casa de los Estudios\" srcset=\"https:\/\/www.elturistatranquil.com\/wp-content\/uploads\/F119-Villanueva-de-los-Infantes-Casa-de-los-Estudios.jpg 768w, https:\/\/www.elturistatranquil.com\/wp-content\/uploads\/F119-Villanueva-de-los-Infantes-Casa-de-los-Estudios-339x226.jpg 339w\" sizes=\"(max-width: 768px) 100vw, 768px\" \/>\t\t\t\t\t\t\t\t\t\t\t<figcaption class=\"widget-image-caption wp-caption-text\"><\/figcaption>\n\t\t\t\t\t\t\t\t\t\t<\/figure>\n\t\t\t\t\t\t\t\t\t<\/div>\n\t\t\t\t<\/div>\n\t\t\t\t<div class=\"elementor-element elementor-element-d6bc9e2 elementor-widget elementor-widget-image\" data-id=\"d6bc9e2\" data-element_type=\"widget\" data-e-type=\"widget\" data-widget_type=\"image.default\">\n\t\t\t\t<div class=\"elementor-widget-container\">\n\t\t\t\t\t\t\t\t\t\t\t\t<figure class=\"wp-caption\">\n\t\t\t\t\t\t\t\t\t\t<img loading=\"lazy\" decoding=\"async\" width=\"768\" height=\"511\" src=\"https:\/\/www.elturistatranquil.com\/wp-content\/uploads\/F120-Villanueva-de-los-Infantes-Casa-de-los-Estudios.jpg\" class=\"attachment-large size-large wp-image-28481\" alt=\"Villanueva de los Infantes Casa de los Estudios\" srcset=\"https:\/\/www.elturistatranquil.com\/wp-content\/uploads\/F120-Villanueva-de-los-Infantes-Casa-de-los-Estudios.jpg 768w, https:\/\/www.elturistatranquil.com\/wp-content\/uploads\/F120-Villanueva-de-los-Infantes-Casa-de-los-Estudios-339x226.jpg 339w\" sizes=\"(max-width: 768px) 100vw, 768px\" \/>\t\t\t\t\t\t\t\t\t\t\t<figcaption class=\"widget-image-caption wp-caption-text\"><\/figcaption>\n\t\t\t\t\t\t\t\t\t\t<\/figure>\n\t\t\t\t\t\t\t\t\t<\/div>\n\t\t\t\t<\/div>\n\t\t\t\t<div class=\"elementor-element elementor-element-9651f5f elementor-widget elementor-widget-image\" data-id=\"9651f5f\" data-element_type=\"widget\" data-e-type=\"widget\" data-widget_type=\"image.default\">\n\t\t\t\t<div class=\"elementor-widget-container\">\n\t\t\t\t\t\t\t\t\t\t\t\t<figure class=\"wp-caption\">\n\t\t\t\t\t\t\t\t\t\t<img loading=\"lazy\" decoding=\"async\" width=\"768\" height=\"511\" src=\"https:\/\/www.elturistatranquil.com\/wp-content\/uploads\/F121-Villanueva-de-los-Infantes-Casa-de-los-Estudios.jpg\" class=\"attachment-large size-large wp-image-28483\" alt=\"Villanueva de los Infantes Casa de los Estudios\" srcset=\"https:\/\/www.elturistatranquil.com\/wp-content\/uploads\/F121-Villanueva-de-los-Infantes-Casa-de-los-Estudios.jpg 768w, https:\/\/www.elturistatranquil.com\/wp-content\/uploads\/F121-Villanueva-de-los-Infantes-Casa-de-los-Estudios-339x226.jpg 339w\" sizes=\"(max-width: 768px) 100vw, 768px\" \/>\t\t\t\t\t\t\t\t\t\t\t<figcaption class=\"widget-image-caption wp-caption-text\"><\/figcaption>\n\t\t\t\t\t\t\t\t\t\t<\/figure>\n\t\t\t\t\t\t\t\t\t<\/div>\n\t\t\t\t<\/div>\n\t\t\t\t<div class=\"elementor-element elementor-element-50dde5b elementor-widget elementor-widget-image\" data-id=\"50dde5b\" data-element_type=\"widget\" data-e-type=\"widget\" data-widget_type=\"image.default\">\n\t\t\t\t<div class=\"elementor-widget-container\">\n\t\t\t\t\t\t\t\t\t\t\t\t<figure class=\"wp-caption\">\n\t\t\t\t\t\t\t\t\t\t<img loading=\"lazy\" decoding=\"async\" width=\"768\" height=\"511\" src=\"https:\/\/www.elturistatranquil.com\/wp-content\/uploads\/F122-Villanueva-de-los-Infantes-Casa-de-los-Estudios.jpg\" class=\"attachment-large size-large wp-image-28485\" alt=\"Villanueva de los Infantes Casa de los Estudios\" srcset=\"https:\/\/www.elturistatranquil.com\/wp-content\/uploads\/F122-Villanueva-de-los-Infantes-Casa-de-los-Estudios.jpg 768w, https:\/\/www.elturistatranquil.com\/wp-content\/uploads\/F122-Villanueva-de-los-Infantes-Casa-de-los-Estudios-339x226.jpg 339w\" sizes=\"(max-width: 768px) 100vw, 768px\" \/>\t\t\t\t\t\t\t\t\t\t\t<figcaption class=\"widget-image-caption wp-caption-text\"><\/figcaption>\n\t\t\t\t\t\t\t\t\t\t<\/figure>\n\t\t\t\t\t\t\t\t\t<\/div>\n\t\t\t\t<\/div>\n\t\t\t\t<div class=\"elementor-element elementor-element-e7543a9 elementor-widget elementor-widget-text-editor\" data-id=\"e7543a9\" data-element_type=\"widget\" data-e-type=\"widget\" data-widget_type=\"text-editor.default\">\n\t\t\t\t<div class=\"elementor-widget-container\">\n\t\t\t\t\t\t\t\t\t<p>Prossegueixo el descens pel carrer Santo Tom\u00e1s i em vaig creuant amb diverses portades adintelades en pedra, fins a la cru\u00eflla amb el <strong>carrer Jacinto Benavente<\/strong>.<\/p><p>A la cantonada, al <strong>n\u00ba 32<\/strong>, les restes de la <strong>casa de Santo Tom\u00e1s<\/strong>. De la qual nom\u00e9s es conserva l&#8217;escut de la cantonada.<\/p><p>Encara que havia nascut en la propera localitat de Fuenllana en 1486, el que va arribar a ser Santo Tom\u00e1s de Villanueva, va estar \u00edntimament vinculat a Villanueva de los Infantes.<\/p>\t\t\t\t\t\t\t\t<\/div>\n\t\t\t\t<\/div>\n\t\t\t\t<div class=\"elementor-element elementor-element-496a944 elementor-widget elementor-widget-image\" data-id=\"496a944\" data-element_type=\"widget\" data-e-type=\"widget\" data-widget_type=\"image.default\">\n\t\t\t\t<div class=\"elementor-widget-container\">\n\t\t\t\t\t\t\t\t\t\t\t\t<figure class=\"wp-caption\">\n\t\t\t\t\t\t\t\t\t\t<img loading=\"lazy\" decoding=\"async\" width=\"768\" height=\"509\" src=\"https:\/\/www.elturistatranquil.com\/wp-content\/uploads\/F123-Villanueva-de-los-Infantes-Calle-Santo-Tomas.jpg\" class=\"attachment-large size-large wp-image-28487\" alt=\"Villanueva de los Infantes Calle Santo Tomas\" srcset=\"https:\/\/www.elturistatranquil.com\/wp-content\/uploads\/F123-Villanueva-de-los-Infantes-Calle-Santo-Tomas.jpg 768w, https:\/\/www.elturistatranquil.com\/wp-content\/uploads\/F123-Villanueva-de-los-Infantes-Calle-Santo-Tomas-339x226.jpg 339w\" sizes=\"(max-width: 768px) 100vw, 768px\" \/>\t\t\t\t\t\t\t\t\t\t\t<figcaption class=\"widget-image-caption wp-caption-text\"><\/figcaption>\n\t\t\t\t\t\t\t\t\t\t<\/figure>\n\t\t\t\t\t\t\t\t\t<\/div>\n\t\t\t\t<\/div>\n\t\t\t\t<div class=\"elementor-element elementor-element-5bc5aa6 elementor-widget elementor-widget-text-editor\" data-id=\"5bc5aa6\" data-element_type=\"widget\" data-e-type=\"widget\" data-widget_type=\"text-editor.default\">\n\t\t\t\t<div class=\"elementor-widget-container\">\n\t\t\t\t\t\t\t\t\t<p>Al davant dos edificis d&#8217;inter\u00e8s.<\/p>\t\t\t\t\t\t\t\t<\/div>\n\t\t\t\t<\/div>\n\t\t\t\t<div class=\"elementor-element elementor-element-2ab3aa6 elementor-widget elementor-widget-image\" data-id=\"2ab3aa6\" data-element_type=\"widget\" data-e-type=\"widget\" data-widget_type=\"image.default\">\n\t\t\t\t<div class=\"elementor-widget-container\">\n\t\t\t\t\t\t\t\t\t\t\t\t<figure class=\"wp-caption\">\n\t\t\t\t\t\t\t\t\t\t<img loading=\"lazy\" decoding=\"async\" width=\"768\" height=\"512\" src=\"https:\/\/www.elturistatranquil.com\/wp-content\/uploads\/F124-Villanueva-de-los-Infantes-Calle-Santo-Tomas.jpg\" class=\"attachment-large size-large wp-image-28489\" alt=\"Villanueva de los Infantes Calle Santo Tomas\" srcset=\"https:\/\/www.elturistatranquil.com\/wp-content\/uploads\/F124-Villanueva-de-los-Infantes-Calle-Santo-Tomas.jpg 768w, https:\/\/www.elturistatranquil.com\/wp-content\/uploads\/F124-Villanueva-de-los-Infantes-Calle-Santo-Tomas-339x226.jpg 339w\" sizes=\"(max-width: 768px) 100vw, 768px\" \/>\t\t\t\t\t\t\t\t\t\t\t<figcaption class=\"widget-image-caption wp-caption-text\"><\/figcaption>\n\t\t\t\t\t\t\t\t\t\t<\/figure>\n\t\t\t\t\t\t\t\t\t<\/div>\n\t\t\t\t<\/div>\n\t\t\t\t<div class=\"elementor-element elementor-element-056e9eb elementor-widget elementor-widget-text-editor\" data-id=\"056e9eb\" data-element_type=\"widget\" data-e-type=\"widget\" data-widget_type=\"text-editor.default\">\n\t\t\t\t<div class=\"elementor-widget-container\">\n\t\t\t\t\t\t\t\t\t<p>En el <strong>n\u00ba 27<\/strong> el <strong>Palau<\/strong> <strong>del Marqu\u00e9s de Entrambasaguas<\/strong> i al costat, en el <strong>n\u00ba 25<\/strong>, el <strong>Oratori<\/strong> <strong>de Santo Tomas<\/strong>.<\/p><p>El Palau presenta una portada allindada emmarcada per columnes d\u00f2riques amb el fust acanalat. A la cantonada l&#8217;escut her\u00e0ldic de la fam\u00edlia.<\/p>\t\t\t\t\t\t\t\t<\/div>\n\t\t\t\t<\/div>\n\t\t\t\t<div class=\"elementor-element elementor-element-c5bee3a elementor-widget elementor-widget-image\" data-id=\"c5bee3a\" data-element_type=\"widget\" data-e-type=\"widget\" data-widget_type=\"image.default\">\n\t\t\t\t<div class=\"elementor-widget-container\">\n\t\t\t\t\t\t\t\t\t\t\t\t<figure class=\"wp-caption\">\n\t\t\t\t\t\t\t\t\t\t<img loading=\"lazy\" decoding=\"async\" width=\"768\" height=\"511\" src=\"https:\/\/www.elturistatranquil.com\/wp-content\/uploads\/F125-Villanueva-de-los-Infantes-Calle-Santo-Tomas.jpg\" class=\"attachment-large size-large wp-image-28491\" alt=\"Villanueva de los Infantes Calle Santo Tomas\" srcset=\"https:\/\/www.elturistatranquil.com\/wp-content\/uploads\/F125-Villanueva-de-los-Infantes-Calle-Santo-Tomas.jpg 768w, https:\/\/www.elturistatranquil.com\/wp-content\/uploads\/F125-Villanueva-de-los-Infantes-Calle-Santo-Tomas-339x226.jpg 339w\" sizes=\"(max-width: 768px) 100vw, 768px\" \/>\t\t\t\t\t\t\t\t\t\t\t<figcaption class=\"widget-image-caption wp-caption-text\"><\/figcaption>\n\t\t\t\t\t\t\t\t\t\t<\/figure>\n\t\t\t\t\t\t\t\t\t<\/div>\n\t\t\t\t<\/div>\n\t\t\t\t<div class=\"elementor-element elementor-element-a9ada3e elementor-widget elementor-widget-text-editor\" data-id=\"a9ada3e\" data-element_type=\"widget\" data-e-type=\"widget\" data-widget_type=\"text-editor.default\">\n\t\t\t\t<div class=\"elementor-widget-container\">\n\t\t\t\t\t\t\t\t\t<p>L&#8217;Oratori de Santo Tom\u00e1s del segle XVII. L&#8217;edifici \u00e9s dels pocs existents d&#8217;estil barroc ple, constru\u00eft probablement per la seva beatificaci\u00f3 (1618) o la seva canonitzaci\u00f3 (1648). \u00c9s una petita edificaci\u00f3 de carreus a la part baixa i ma\u00e7oneria i ma\u00f3 a la superior amb cadireta.<\/p><p>Unes cases m\u00e9s endavant, en el <strong>n\u00ba 28<\/strong>, la portada de la <strong>Casa de la Inquisici\u00f3n<\/strong>. <strong>Pres\u00f3 de la Inquisici\u00f3<\/strong>, de carreus amb dintell, del segle XVI.<\/p>\t\t\t\t\t\t\t\t<\/div>\n\t\t\t\t<\/div>\n\t\t\t\t<div class=\"elementor-element elementor-element-dbc3d9b elementor-widget elementor-widget-image\" data-id=\"dbc3d9b\" data-element_type=\"widget\" data-e-type=\"widget\" data-widget_type=\"image.default\">\n\t\t\t\t<div class=\"elementor-widget-container\">\n\t\t\t\t\t\t\t\t\t\t\t\t<figure class=\"wp-caption\">\n\t\t\t\t\t\t\t\t\t\t<img loading=\"lazy\" decoding=\"async\" width=\"768\" height=\"512\" src=\"https:\/\/www.elturistatranquil.com\/wp-content\/uploads\/F126-Villanueva-de-los-Infantes-Casa-de-la-Inquisicion.jpg\" class=\"attachment-large size-large wp-image-28493\" alt=\"Villanueva de los Infantes Casa de la Inquisicion\" srcset=\"https:\/\/www.elturistatranquil.com\/wp-content\/uploads\/F126-Villanueva-de-los-Infantes-Casa-de-la-Inquisicion.jpg 768w, https:\/\/www.elturistatranquil.com\/wp-content\/uploads\/F126-Villanueva-de-los-Infantes-Casa-de-la-Inquisicion-339x226.jpg 339w\" sizes=\"(max-width: 768px) 100vw, 768px\" \/>\t\t\t\t\t\t\t\t\t\t\t<figcaption class=\"widget-image-caption wp-caption-text\"><\/figcaption>\n\t\t\t\t\t\t\t\t\t\t<\/figure>\n\t\t\t\t\t\t\t\t\t<\/div>\n\t\t\t\t<\/div>\n\t\t\t\t<div class=\"elementor-element elementor-element-fcf8f33 elementor-widget elementor-widget-text-editor\" data-id=\"fcf8f33\" data-element_type=\"widget\" data-e-type=\"widget\" data-widget_type=\"text-editor.default\">\n\t\t\t\t<div class=\"elementor-widget-container\">\n\t\t\t\t\t\t\t\t\t<p>Nom\u00e9s es conserva la portada adintelada amb escut del Santo Oficio: la creu, la calavera i les t\u00edbies creuades.<\/p>\t\t\t\t\t\t\t\t<\/div>\n\t\t\t\t<\/div>\n\t\t\t\t<div class=\"elementor-element elementor-element-f83d761 elementor-widget elementor-widget-image\" data-id=\"f83d761\" data-element_type=\"widget\" data-e-type=\"widget\" data-widget_type=\"image.default\">\n\t\t\t\t<div class=\"elementor-widget-container\">\n\t\t\t\t\t\t\t\t\t\t\t\t<figure class=\"wp-caption\">\n\t\t\t\t\t\t\t\t\t\t<img loading=\"lazy\" decoding=\"async\" width=\"768\" height=\"512\" src=\"https:\/\/www.elturistatranquil.com\/wp-content\/uploads\/F127-Villanueva-de-los-Infantes-Casa-de-la-Inquisicion.jpg\" class=\"attachment-large size-large wp-image-28495\" alt=\"Villanueva de los Infantes Casa de la Inquisicion\" srcset=\"https:\/\/www.elturistatranquil.com\/wp-content\/uploads\/F127-Villanueva-de-los-Infantes-Casa-de-la-Inquisicion.jpg 768w, https:\/\/www.elturistatranquil.com\/wp-content\/uploads\/F127-Villanueva-de-los-Infantes-Casa-de-la-Inquisicion-339x226.jpg 339w\" sizes=\"(max-width: 768px) 100vw, 768px\" \/>\t\t\t\t\t\t\t\t\t\t\t<figcaption class=\"widget-image-caption wp-caption-text\"><\/figcaption>\n\t\t\t\t\t\t\t\t\t\t<\/figure>\n\t\t\t\t\t\t\t\t\t<\/div>\n\t\t\t\t<\/div>\n\t\t\t\t<div class=\"elementor-element elementor-element-c564a37 elementor-widget elementor-widget-text-editor\" data-id=\"c564a37\" data-element_type=\"widget\" data-e-type=\"widget\" data-widget_type=\"text-editor.default\">\n\t\t\t\t<div class=\"elementor-widget-container\">\n\t\t\t\t\t\t\t\t\t<p>La casa del <strong>n\u00ba 15<\/strong> \u00e9s l&#8217;\u00fanica que recordo haver vist d&#8217;arc de mig punt i dovelles en cadirat.<\/p>\t\t\t\t\t\t\t\t<\/div>\n\t\t\t\t<\/div>\n\t\t\t\t<div class=\"elementor-element elementor-element-32fbc31 elementor-widget elementor-widget-image\" data-id=\"32fbc31\" data-element_type=\"widget\" data-e-type=\"widget\" data-widget_type=\"image.default\">\n\t\t\t\t<div class=\"elementor-widget-container\">\n\t\t\t\t\t\t\t\t\t\t\t\t<figure class=\"wp-caption\">\n\t\t\t\t\t\t\t\t\t\t<img loading=\"lazy\" decoding=\"async\" width=\"768\" height=\"512\" src=\"https:\/\/www.elturistatranquil.com\/wp-content\/uploads\/F128-Villanueva-de-los-Infantes-Calle-Santo-Tomas.jpg\" class=\"attachment-large size-large wp-image-28497\" alt=\"Villanueva de los Infantes Calle Santo Tomas\" srcset=\"https:\/\/www.elturistatranquil.com\/wp-content\/uploads\/F128-Villanueva-de-los-Infantes-Calle-Santo-Tomas.jpg 768w, https:\/\/www.elturistatranquil.com\/wp-content\/uploads\/F128-Villanueva-de-los-Infantes-Calle-Santo-Tomas-339x226.jpg 339w\" sizes=\"(max-width: 768px) 100vw, 768px\" \/>\t\t\t\t\t\t\t\t\t\t\t<figcaption class=\"widget-image-caption wp-caption-text\"><\/figcaption>\n\t\t\t\t\t\t\t\t\t\t<\/figure>\n\t\t\t\t\t\t\t\t\t<\/div>\n\t\t\t\t<\/div>\n\t\t\t\t<div class=\"elementor-element elementor-element-687d62e elementor-widget elementor-widget-text-editor\" data-id=\"687d62e\" data-element_type=\"widget\" data-e-type=\"widget\" data-widget_type=\"text-editor.default\">\n\t\t\t\t<div class=\"elementor-widget-container\">\n\t\t\t\t\t\t\t\t\t<p>Arribo a la fi del carrer Santo Tom\u00e1s i em retrobo amb la pla\u00e7a de San Juan. Aquest \u00faltim edifici tamb\u00e9 \u00e9s un b\u00e9 protegit, per\u00f2 sense trobar refer\u00e8ncies.<\/p>\t\t\t\t\t\t\t\t<\/div>\n\t\t\t\t<\/div>\n\t\t\t\t<div class=\"elementor-element elementor-element-6b2b682 elementor-widget elementor-widget-image\" data-id=\"6b2b682\" data-element_type=\"widget\" data-e-type=\"widget\" data-widget_type=\"image.default\">\n\t\t\t\t<div class=\"elementor-widget-container\">\n\t\t\t\t\t\t\t\t\t\t\t\t<figure class=\"wp-caption\">\n\t\t\t\t\t\t\t\t\t\t<img loading=\"lazy\" decoding=\"async\" width=\"768\" height=\"512\" src=\"https:\/\/www.elturistatranquil.com\/wp-content\/uploads\/F129-Villanueva-de-los-Infantes-Calle-Santo-Tomas.jpg\" class=\"attachment-large size-large wp-image-28499\" alt=\"Villanueva de los Infantes Calle Santo Tomas\" srcset=\"https:\/\/www.elturistatranquil.com\/wp-content\/uploads\/F129-Villanueva-de-los-Infantes-Calle-Santo-Tomas.jpg 768w, https:\/\/www.elturistatranquil.com\/wp-content\/uploads\/F129-Villanueva-de-los-Infantes-Calle-Santo-Tomas-339x226.jpg 339w\" sizes=\"(max-width: 768px) 100vw, 768px\" \/>\t\t\t\t\t\t\t\t\t\t\t<figcaption class=\"widget-image-caption wp-caption-text\"><\/figcaption>\n\t\t\t\t\t\t\t\t\t\t<\/figure>\n\t\t\t\t\t\t\t\t\t<\/div>\n\t\t\t\t<\/div>\n\t\t\t\t<div class=\"elementor-element elementor-element-7af30bd elementor-widget elementor-widget-menu-anchor\" data-id=\"7af30bd\" data-element_type=\"widget\" data-e-type=\"widget\" data-widget_type=\"menu-anchor.default\">\n\t\t\t\t<div class=\"elementor-widget-container\">\n\t\t\t\t\t\t\t<div class=\"elementor-menu-anchor\" id=\"c4924\"><\/div>\n\t\t\t\t\t\t<\/div>\n\t\t\t\t<\/div>\n\t\t\t\t<div class=\"elementor-element elementor-element-5205777 elementor-widget elementor-widget-text-editor\" data-id=\"5205777\" data-element_type=\"widget\" data-e-type=\"widget\" data-widget_type=\"text-editor.default\">\n\t\t\t\t<div class=\"elementor-widget-container\">\n\t\t\t\t\t\t\t\t\t<p>Nom\u00e9s em resta anar a recollir el cotxe per prosseguir la meva ruta fins Montiel.<\/p><p>Una observaci\u00f3 final. A la visita no vaig esgotar totes les possibilitats que ofereix l&#8217;arquitectura de Villanueva de los Infantes, per exemple, falta el <strong>Hospital de Santiago<\/strong>, ni tots els carrers amb elements d&#8217;inter\u00e8s. Deixo al potencial visitant que indagui qu\u00e8 m\u00e9s pot visitar-se, i que en gaudeixi com jo ho vaig fer.<\/p>\t\t\t\t\t\t\t\t<\/div>\n\t\t\t\t<\/div>\n\t\t\t\t<div class=\"elementor-element elementor-element-59e965c elementor-widget elementor-widget-heading\" data-id=\"59e965c\" data-element_type=\"widget\" data-e-type=\"widget\" data-widget_type=\"heading.default\">\n\t\t\t\t<div class=\"elementor-widget-container\">\n\t\t\t\t\t<h2 class=\"elementor-heading-title elementor-size-default\">Montiel<\/h2>\t\t\t\t<\/div>\n\t\t\t\t<\/div>\n\t\t\t\t<div class=\"elementor-element elementor-element-81bbeca elementor-widget elementor-widget-image\" data-id=\"81bbeca\" data-element_type=\"widget\" data-e-type=\"widget\" data-widget_type=\"image.default\">\n\t\t\t\t<div class=\"elementor-widget-container\">\n\t\t\t\t\t\t\t\t\t\t\t\t<figure class=\"wp-caption\">\n\t\t\t\t\t\t\t\t\t\t<img loading=\"lazy\" decoding=\"async\" width=\"768\" height=\"512\" src=\"https:\/\/www.elturistatranquil.com\/wp-content\/uploads\/F130-Montiel-Google-earth-2020-02-10.jpg\" class=\"attachment-large size-large wp-image-28501\" alt=\"Montiel (Google earth 2020-02-10)\" srcset=\"https:\/\/www.elturistatranquil.com\/wp-content\/uploads\/F130-Montiel-Google-earth-2020-02-10.jpg 768w, https:\/\/www.elturistatranquil.com\/wp-content\/uploads\/F130-Montiel-Google-earth-2020-02-10-339x226.jpg 339w\" sizes=\"(max-width: 768px) 100vw, 768px\" \/>\t\t\t\t\t\t\t\t\t\t\t<figcaption class=\"widget-image-caption wp-caption-text\">Montiel (Google earth 2020-02-10)<\/figcaption>\n\t\t\t\t\t\t\t\t\t\t<\/figure>\n\t\t\t\t\t\t\t\t\t<\/div>\n\t\t\t\t<\/div>\n\t\t\t\t<div class=\"elementor-element elementor-element-4eb22b9 elementor-widget elementor-widget-menu-anchor\" data-id=\"4eb22b9\" data-element_type=\"widget\" data-e-type=\"widget\" data-widget_type=\"menu-anchor.default\">\n\t\t\t\t<div class=\"elementor-widget-container\">\n\t\t\t\t\t\t\t<div class=\"elementor-menu-anchor\" id=\"c4925\"><\/div>\n\t\t\t\t\t\t<\/div>\n\t\t\t\t<\/div>\n\t\t\t\t<div class=\"elementor-element elementor-element-d47ea9d elementor-widget elementor-widget-text-editor\" data-id=\"d47ea9d\" data-element_type=\"widget\" data-e-type=\"widget\" data-widget_type=\"text-editor.default\">\n\t\t\t\t<div class=\"elementor-widget-container\">\n\t\t\t\t\t\t\t\t\t<p>A 14 quil\u00f2metres, per una c\u00f2moda carretera, em vaig dirigir a <strong>Montiel<\/strong>. La meva curiositat se centrava en veure com era el lloc que d\u00f3na nom a aquest territori hist\u00f2ric del <strong>Campo de Montiel<\/strong>.<\/p><p>En l&#8217;actualitat, la localitat \u00e9s una vila de 1.315 habitants (2019) a una altitud de 900 msnm, a la mateixa prov\u00edncia de Ciutat Real. (Coordenades: 38\u00b041\u203247\u2033N 2\u00b051\u203244\u2033O).<\/p><p>Montiel forma part de la comarca del Campo de Montiel i est\u00e0 situada al marge esquerre del riu Jabal\u00f3n, a l&#8217;interior de la vall que formen els vessants dels turons del Castell de la Estrella, de San Polo i de las Camarillas.<\/p><p>Aqu\u00ed va morir Pere I a mans del seu germanastre Enric de Trast\u00e0mara en 1369. Aquest fet va suposar un canvi definitiu en la llarga Guerra Civil de Castella al segle XIV.<\/p><p>L&#8217;Encomana de Montiel era la m\u00e9s significativa de la poderosa Ordre de Santiago.<\/p>\t\t\t\t\t\t\t\t<\/div>\n\t\t\t\t<\/div>\n\t\t\t\t<div class=\"elementor-element elementor-element-55348a0 elementor-widget elementor-widget-heading\" data-id=\"55348a0\" data-element_type=\"widget\" data-e-type=\"widget\" data-widget_type=\"heading.default\">\n\t\t\t\t<div class=\"elementor-widget-container\">\n\t\t\t\t\t<h3 class=\"elementor-heading-title elementor-size-default\">Castell de la Estrella<\/h3>\t\t\t\t<\/div>\n\t\t\t\t<\/div>\n\t\t\t\t<div class=\"elementor-element elementor-element-6569441 elementor-widget elementor-widget-text-editor\" data-id=\"6569441\" data-element_type=\"widget\" data-e-type=\"widget\" data-widget_type=\"text-editor.default\">\n\t\t\t\t<div class=\"elementor-widget-container\">\n\t\t\t\t\t\t\t\t\t<p>L&#8217;element arquitect\u00f2nic m\u00e9s important \u00e9s el <strong>Castell<\/strong> <strong>de la Estrella<\/strong>.<\/p><p>Al lluny, un monticle troncoc\u00f2nic mostra la silueta del Castell.<\/p>\t\t\t\t\t\t\t\t<\/div>\n\t\t\t\t<\/div>\n\t\t\t\t<div class=\"elementor-element elementor-element-4a1dfa1 elementor-widget elementor-widget-image\" data-id=\"4a1dfa1\" data-element_type=\"widget\" data-e-type=\"widget\" data-widget_type=\"image.default\">\n\t\t\t\t<div class=\"elementor-widget-container\">\n\t\t\t\t\t\t\t\t\t\t\t\t<figure class=\"wp-caption\">\n\t\t\t\t\t\t\t\t\t\t<img loading=\"lazy\" decoding=\"async\" width=\"768\" height=\"512\" src=\"https:\/\/www.elturistatranquil.com\/wp-content\/uploads\/F131-Montiel-Castillo-de-la-Estrella.jpg\" class=\"attachment-large size-large wp-image-28503\" alt=\"Montiel Castillo de la Estrella\" srcset=\"https:\/\/www.elturistatranquil.com\/wp-content\/uploads\/F131-Montiel-Castillo-de-la-Estrella.jpg 768w, https:\/\/www.elturistatranquil.com\/wp-content\/uploads\/F131-Montiel-Castillo-de-la-Estrella-339x226.jpg 339w\" sizes=\"(max-width: 768px) 100vw, 768px\" \/>\t\t\t\t\t\t\t\t\t\t\t<figcaption class=\"widget-image-caption wp-caption-text\"><\/figcaption>\n\t\t\t\t\t\t\t\t\t\t<\/figure>\n\t\t\t\t\t\t\t\t\t<\/div>\n\t\t\t\t<\/div>\n\t\t\t\t<div class=\"elementor-element elementor-element-89210ae elementor-widget elementor-widget-text-editor\" data-id=\"89210ae\" data-element_type=\"widget\" data-e-type=\"widget\" data-widget_type=\"text-editor.default\">\n\t\t\t\t<div class=\"elementor-widget-container\">\n\t\t\t\t\t\t\t\t\t<p>El <strong>Castell de la Estrella<\/strong> es troba totalment a\u00efllat en el cim, en un <a href=\"https:\/\/www.elturistatranquil.com\/ca\/els-castells-medievals-a-espanya-tipologies\/\" target=\"_blank\" rel=\"noopener\">model roquer de tur\u00f3<\/a>, mentre que la poblaci\u00f3 s&#8217;ha est\u00e8s pel pla, per\u00f2 \u00fanicament en direcci\u00f3 sud-oest. M\u00e9s apinyat a la base del tur\u00f3 el casc antic, adaptant-se a les corbes de nivell, i amb un urbanisme m\u00e9s ortogonal les zones m\u00e9s modernes d&#8217;expansi\u00f3.<\/p><p>La seg\u00fcent imatge ofereix una clara perspectiva del conjunt.<\/p>\t\t\t\t\t\t\t\t<\/div>\n\t\t\t\t<\/div>\n\t\t\t\t<div class=\"elementor-element elementor-element-1776a96 elementor-widget elementor-widget-image\" data-id=\"1776a96\" data-element_type=\"widget\" data-e-type=\"widget\" data-widget_type=\"image.default\">\n\t\t\t\t<div class=\"elementor-widget-container\">\n\t\t\t\t\t\t\t\t\t\t\t\t<figure class=\"wp-caption\">\n\t\t\t\t\t\t\t\t\t\t<img loading=\"lazy\" decoding=\"async\" width=\"768\" height=\"512\" src=\"https:\/\/www.elturistatranquil.com\/wp-content\/uploads\/F132-Montiel-Castillo-de-la-Estrella-Foto-Cultura-Castilla-La-Mancha.jpg\" class=\"attachment-large size-large wp-image-28505\" alt=\"Montiel Castillo de la Estrella Foto Cultura Castilla-La Mancha\" srcset=\"https:\/\/www.elturistatranquil.com\/wp-content\/uploads\/F132-Montiel-Castillo-de-la-Estrella-Foto-Cultura-Castilla-La-Mancha.jpg 768w, https:\/\/www.elturistatranquil.com\/wp-content\/uploads\/F132-Montiel-Castillo-de-la-Estrella-Foto-Cultura-Castilla-La-Mancha-339x226.jpg 339w\" sizes=\"(max-width: 768px) 100vw, 768px\" \/>\t\t\t\t\t\t\t\t\t\t\t<figcaption class=\"widget-image-caption wp-caption-text\">(Foto: <a href=\"https:\/\/cultura.castillalamancha.es\/patrimonio\/catalogo-patrimonio-cultural\/castillo-de-la-estrella\" target=\"_blank\" rel=\"noopener\">Cultura Castilla-La Mancha<\/a>)<\/figcaption>\n\t\t\t\t\t\t\t\t\t\t<\/figure>\n\t\t\t\t\t\t\t\t\t<\/div>\n\t\t\t\t<\/div>\n\t\t\t\t<div class=\"elementor-element elementor-element-94095ee elementor-widget elementor-widget-text-editor\" data-id=\"94095ee\" data-element_type=\"widget\" data-e-type=\"widget\" data-widget_type=\"text-editor.default\">\n\t\t\t\t<div class=\"elementor-widget-container\">\n\t\t\t\t\t\t\t\t\t<p>Constru\u00eft al segle IX pels \u00e0rabs, tancava el pas al regne taifa de Ja\u00e9n. Va tenir dos recintes, un d&#8217;exterior, molt deteriorat, usat com barbacana, que conserva restes d&#8217;algunes torres; un altre interior, constru\u00eft pels cristians a la fi del segle XIII o principis de el XIV, que conserva grans llen\u00e7os de cortines i algunes torrasses. En general es troba en mal estat, tot i que s&#8217;est\u00e0 procedint a la seva recuperaci\u00f3.<\/p>\t\t\t\t\t\t\t\t<\/div>\n\t\t\t\t<\/div>\n\t\t\t\t<div class=\"elementor-element elementor-element-47ce26f elementor-widget elementor-widget-image\" data-id=\"47ce26f\" data-element_type=\"widget\" data-e-type=\"widget\" data-widget_type=\"image.default\">\n\t\t\t\t<div class=\"elementor-widget-container\">\n\t\t\t\t\t\t\t\t\t\t\t\t<figure class=\"wp-caption\">\n\t\t\t\t\t\t\t\t\t\t<img loading=\"lazy\" decoding=\"async\" width=\"768\" height=\"512\" src=\"https:\/\/www.elturistatranquil.com\/wp-content\/uploads\/F133-Montiel-Castillo-de-la-Estrella.jpg\" class=\"attachment-large size-large wp-image-28507\" alt=\"Montiel Castillo de la Estrella\" srcset=\"https:\/\/www.elturistatranquil.com\/wp-content\/uploads\/F133-Montiel-Castillo-de-la-Estrella.jpg 768w, https:\/\/www.elturistatranquil.com\/wp-content\/uploads\/F133-Montiel-Castillo-de-la-Estrella-339x226.jpg 339w\" sizes=\"(max-width: 768px) 100vw, 768px\" \/>\t\t\t\t\t\t\t\t\t\t\t<figcaption class=\"widget-image-caption wp-caption-text\"><\/figcaption>\n\t\t\t\t\t\t\t\t\t\t<\/figure>\n\t\t\t\t\t\t\t\t\t<\/div>\n\t\t\t\t<\/div>\n\t\t\t\t<div class=\"elementor-element elementor-element-5a08ee6 elementor-widget elementor-widget-image\" data-id=\"5a08ee6\" data-element_type=\"widget\" data-e-type=\"widget\" data-widget_type=\"image.default\">\n\t\t\t\t<div class=\"elementor-widget-container\">\n\t\t\t\t\t\t\t\t\t\t\t\t<figure class=\"wp-caption\">\n\t\t\t\t\t\t\t\t\t\t<img loading=\"lazy\" decoding=\"async\" width=\"768\" height=\"512\" src=\"https:\/\/www.elturistatranquil.com\/wp-content\/uploads\/F134-Montiel-Castillo-de-la-Estrella-Google-earth-2020-02-14.jpg\" class=\"attachment-large size-large wp-image-28509\" alt=\"Montiel Castillo de la Estrella (Google earth 2020-02-14)\" srcset=\"https:\/\/www.elturistatranquil.com\/wp-content\/uploads\/F134-Montiel-Castillo-de-la-Estrella-Google-earth-2020-02-14.jpg 768w, https:\/\/www.elturistatranquil.com\/wp-content\/uploads\/F134-Montiel-Castillo-de-la-Estrella-Google-earth-2020-02-14-339x226.jpg 339w\" sizes=\"(max-width: 768px) 100vw, 768px\" \/>\t\t\t\t\t\t\t\t\t\t\t<figcaption class=\"widget-image-caption wp-caption-text\">Montiel Castell de la Estrella (Google earth 2020-02-14)<\/figcaption>\n\t\t\t\t\t\t\t\t\t\t<\/figure>\n\t\t\t\t\t\t\t\t\t<\/div>\n\t\t\t\t<\/div>\n\t\t\t\t<div class=\"elementor-element elementor-element-224a4e2 elementor-widget elementor-widget-text-editor\" data-id=\"224a4e2\" data-element_type=\"widget\" data-e-type=\"widget\" data-widget_type=\"text-editor.default\">\n\t\t\t\t<div class=\"elementor-widget-container\">\n\t\t\t\t\t\t\t\t\t<p>A l&#8217;arribar, em situo a la base de la banda sud-est. Es constata la forta pendent que ha de superar-se fins a aconseguir la base del castell.<\/p>\t\t\t\t\t\t\t\t<\/div>\n\t\t\t\t<\/div>\n\t\t\t\t<div class=\"elementor-element elementor-element-58c324d elementor-widget elementor-widget-image\" data-id=\"58c324d\" data-element_type=\"widget\" data-e-type=\"widget\" data-widget_type=\"image.default\">\n\t\t\t\t<div class=\"elementor-widget-container\">\n\t\t\t\t\t\t\t\t\t\t\t\t<figure class=\"wp-caption\">\n\t\t\t\t\t\t\t\t\t\t<img loading=\"lazy\" decoding=\"async\" width=\"768\" height=\"511\" src=\"https:\/\/www.elturistatranquil.com\/wp-content\/uploads\/F135-Montiel-Castillo-de-la-Estrella.jpg\" class=\"attachment-large size-large wp-image-28511\" alt=\"Montiel Castillo de la Estrella\" srcset=\"https:\/\/www.elturistatranquil.com\/wp-content\/uploads\/F135-Montiel-Castillo-de-la-Estrella.jpg 768w, https:\/\/www.elturistatranquil.com\/wp-content\/uploads\/F135-Montiel-Castillo-de-la-Estrella-339x226.jpg 339w\" sizes=\"(max-width: 768px) 100vw, 768px\" \/>\t\t\t\t\t\t\t\t\t\t\t<figcaption class=\"widget-image-caption wp-caption-text\"><\/figcaption>\n\t\t\t\t\t\t\t\t\t\t<\/figure>\n\t\t\t\t\t\t\t\t\t<\/div>\n\t\t\t\t<\/div>\n\t\t\t\t<div class=\"elementor-element elementor-element-94725a5 elementor-widget elementor-widget-image\" data-id=\"94725a5\" data-element_type=\"widget\" data-e-type=\"widget\" data-widget_type=\"image.default\">\n\t\t\t\t<div class=\"elementor-widget-container\">\n\t\t\t\t\t\t\t\t\t\t\t\t<figure class=\"wp-caption\">\n\t\t\t\t\t\t\t\t\t\t<img loading=\"lazy\" decoding=\"async\" width=\"768\" height=\"512\" src=\"https:\/\/www.elturistatranquil.com\/wp-content\/uploads\/F136-Montiel-Castillo-de-la-Estrella.jpg\" class=\"attachment-large size-large wp-image-28513\" alt=\"Montiel Castillo de la Estrella\" srcset=\"https:\/\/www.elturistatranquil.com\/wp-content\/uploads\/F136-Montiel-Castillo-de-la-Estrella.jpg 768w, https:\/\/www.elturistatranquil.com\/wp-content\/uploads\/F136-Montiel-Castillo-de-la-Estrella-339x226.jpg 339w\" sizes=\"(max-width: 768px) 100vw, 768px\" \/>\t\t\t\t\t\t\t\t\t\t\t<figcaption class=\"widget-image-caption wp-caption-text\"><\/figcaption>\n\t\t\t\t\t\t\t\t\t\t<\/figure>\n\t\t\t\t\t\t\t\t\t<\/div>\n\t\t\t\t<\/div>\n\t\t\t\t<div class=\"elementor-element elementor-element-f98f459 elementor-widget elementor-widget-text-editor\" data-id=\"f98f459\" data-element_type=\"widget\" data-e-type=\"widget\" data-widget_type=\"text-editor.default\">\n\t\t\t\t<div class=\"elementor-widget-container\">\n\t\t\t\t\t\t\t\t\t<p>Dono una volta fins al costat nord-oest, a l&#8217;Ermita de del Sant\u00edsimo Cristo de la Expiaci\u00f3n. Continua fent-se evident la pendent defensiva que representava la seva posici\u00f3 en el cim del tur\u00f3.<\/p>\t\t\t\t\t\t\t\t<\/div>\n\t\t\t\t<\/div>\n\t\t\t\t<div class=\"elementor-element elementor-element-a1a4b9c elementor-widget elementor-widget-image\" data-id=\"a1a4b9c\" data-element_type=\"widget\" data-e-type=\"widget\" data-widget_type=\"image.default\">\n\t\t\t\t<div class=\"elementor-widget-container\">\n\t\t\t\t\t\t\t\t\t\t\t\t<figure class=\"wp-caption\">\n\t\t\t\t\t\t\t\t\t\t<img loading=\"lazy\" decoding=\"async\" width=\"768\" height=\"512\" src=\"https:\/\/www.elturistatranquil.com\/wp-content\/uploads\/F137-Montiel-Castillo-de-la-Estrella.jpg\" class=\"attachment-large size-large wp-image-28515\" alt=\"Montiel Castillo de la Estrella\" srcset=\"https:\/\/www.elturistatranquil.com\/wp-content\/uploads\/F137-Montiel-Castillo-de-la-Estrella.jpg 768w, https:\/\/www.elturistatranquil.com\/wp-content\/uploads\/F137-Montiel-Castillo-de-la-Estrella-339x226.jpg 339w\" sizes=\"(max-width: 768px) 100vw, 768px\" \/>\t\t\t\t\t\t\t\t\t\t\t<figcaption class=\"widget-image-caption wp-caption-text\"><\/figcaption>\n\t\t\t\t\t\t\t\t\t\t<\/figure>\n\t\t\t\t\t\t\t\t\t<\/div>\n\t\t\t\t<\/div>\n\t\t\t\t<div class=\"elementor-element elementor-element-d51eece elementor-widget elementor-widget-image\" data-id=\"d51eece\" data-element_type=\"widget\" data-e-type=\"widget\" data-widget_type=\"image.default\">\n\t\t\t\t<div class=\"elementor-widget-container\">\n\t\t\t\t\t\t\t\t\t\t\t\t<figure class=\"wp-caption\">\n\t\t\t\t\t\t\t\t\t\t<img loading=\"lazy\" decoding=\"async\" width=\"768\" height=\"511\" src=\"https:\/\/www.elturistatranquil.com\/wp-content\/uploads\/F138-Montiel-Castillo-de-la-Estrella.jpg\" class=\"attachment-large size-large wp-image-28517\" alt=\"Montiel Castillo de la Estrella\" srcset=\"https:\/\/www.elturistatranquil.com\/wp-content\/uploads\/F138-Montiel-Castillo-de-la-Estrella.jpg 768w, https:\/\/www.elturistatranquil.com\/wp-content\/uploads\/F138-Montiel-Castillo-de-la-Estrella-339x226.jpg 339w\" sizes=\"(max-width: 768px) 100vw, 768px\" \/>\t\t\t\t\t\t\t\t\t\t\t<figcaption class=\"widget-image-caption wp-caption-text\"><\/figcaption>\n\t\t\t\t\t\t\t\t\t\t<\/figure>\n\t\t\t\t\t\t\t\t\t<\/div>\n\t\t\t\t<\/div>\n\t\t\t\t<div class=\"elementor-element elementor-element-dfe0d33 elementor-widget elementor-widget-text-editor\" data-id=\"dfe0d33\" data-element_type=\"widget\" data-e-type=\"widget\" data-widget_type=\"text-editor.default\">\n\t\t\t\t<div class=\"elementor-widget-container\">\n\t\t\t\t\t\t\t\t\t<p>Al segle XV, en estil g\u00f2tic tard\u00e0 amb complements renaixentistes, es construeix la <strong>Ermita del Santo Cristo de la Expiraci\u00f3n<\/strong>. Al principi va estar dedicada a Santiago Ap\u00f2stol; en l&#8217;any 1468 es va ensorrar i en 1498 es va construir l&#8217;actual ermita de tres naus, en la qual hi havia un Crist a qu\u00e8 se li tenia molta devoci\u00f3. A partir de l&#8217;any 1621 es comen\u00e7a a anomenar Ermita del Sant\u00edsimo Cristo de la Expiraci\u00f3n.<\/p>\t\t\t\t\t\t\t\t<\/div>\n\t\t\t\t<\/div>\n\t\t\t\t<div class=\"elementor-element elementor-element-12f893e elementor-widget elementor-widget-image\" data-id=\"12f893e\" data-element_type=\"widget\" data-e-type=\"widget\" data-widget_type=\"image.default\">\n\t\t\t\t<div class=\"elementor-widget-container\">\n\t\t\t\t\t\t\t\t\t\t\t\t<figure class=\"wp-caption\">\n\t\t\t\t\t\t\t\t\t\t<img loading=\"lazy\" decoding=\"async\" width=\"768\" height=\"512\" src=\"https:\/\/www.elturistatranquil.com\/wp-content\/uploads\/F139-Montiel-Ermita-del-Santo-Cristo-.jpg\" class=\"attachment-large size-large wp-image-28519\" alt=\"Montiel Ermita del Santo Cristo\" srcset=\"https:\/\/www.elturistatranquil.com\/wp-content\/uploads\/F139-Montiel-Ermita-del-Santo-Cristo-.jpg 768w, https:\/\/www.elturistatranquil.com\/wp-content\/uploads\/F139-Montiel-Ermita-del-Santo-Cristo--339x226.jpg 339w\" sizes=\"(max-width: 768px) 100vw, 768px\" \/>\t\t\t\t\t\t\t\t\t\t\t<figcaption class=\"widget-image-caption wp-caption-text\"><\/figcaption>\n\t\t\t\t\t\t\t\t\t\t<\/figure>\n\t\t\t\t\t\t\t\t\t<\/div>\n\t\t\t\t<\/div>\n\t\t\t\t<div class=\"elementor-element elementor-element-d020361 elementor-widget elementor-widget-image\" data-id=\"d020361\" data-element_type=\"widget\" data-e-type=\"widget\" data-widget_type=\"image.default\">\n\t\t\t\t<div class=\"elementor-widget-container\">\n\t\t\t\t\t\t\t\t\t\t\t\t<figure class=\"wp-caption\">\n\t\t\t\t\t\t\t\t\t\t<img loading=\"lazy\" decoding=\"async\" width=\"768\" height=\"512\" src=\"https:\/\/www.elturistatranquil.com\/wp-content\/uploads\/F140-Montiel-Ermita-del-Santo-Cristo.jpg\" class=\"attachment-large size-large wp-image-28521\" alt=\"Montiel Ermita del Santo Cristo\" srcset=\"https:\/\/www.elturistatranquil.com\/wp-content\/uploads\/F140-Montiel-Ermita-del-Santo-Cristo.jpg 768w, https:\/\/www.elturistatranquil.com\/wp-content\/uploads\/F140-Montiel-Ermita-del-Santo-Cristo-339x226.jpg 339w\" sizes=\"(max-width: 768px) 100vw, 768px\" \/>\t\t\t\t\t\t\t\t\t\t\t<figcaption class=\"widget-image-caption wp-caption-text\"><\/figcaption>\n\t\t\t\t\t\t\t\t\t\t<\/figure>\n\t\t\t\t\t\t\t\t\t<\/div>\n\t\t\t\t<\/div>\n\t\t\t\t<div class=\"elementor-element elementor-element-e604f70 elementor-widget elementor-widget-image\" data-id=\"e604f70\" data-element_type=\"widget\" data-e-type=\"widget\" data-widget_type=\"image.default\">\n\t\t\t\t<div class=\"elementor-widget-container\">\n\t\t\t\t\t\t\t\t\t\t\t\t<figure class=\"wp-caption\">\n\t\t\t\t\t\t\t\t\t\t<img loading=\"lazy\" decoding=\"async\" width=\"768\" height=\"511\" src=\"https:\/\/www.elturistatranquil.com\/wp-content\/uploads\/F141-Montiel-Ermita-del-Santo-Cristo.jpg\" class=\"attachment-large size-large wp-image-28523\" alt=\"\" srcset=\"https:\/\/www.elturistatranquil.com\/wp-content\/uploads\/F141-Montiel-Ermita-del-Santo-Cristo.jpg 768w, https:\/\/www.elturistatranquil.com\/wp-content\/uploads\/F141-Montiel-Ermita-del-Santo-Cristo-339x226.jpg 339w\" sizes=\"(max-width: 768px) 100vw, 768px\" \/>\t\t\t\t\t\t\t\t\t\t\t<figcaption class=\"widget-image-caption wp-caption-text\"><\/figcaption>\n\t\t\t\t\t\t\t\t\t\t<\/figure>\n\t\t\t\t\t\t\t\t\t<\/div>\n\t\t\t\t<\/div>\n\t\t\t\t<div class=\"elementor-element elementor-element-6e72a19 elementor-widget elementor-widget-text-editor\" data-id=\"6e72a19\" data-element_type=\"widget\" data-e-type=\"widget\" data-widget_type=\"text-editor.default\">\n\t\t\t\t<div class=\"elementor-widget-container\">\n\t\t\t\t\t\t\t\t\t<p>Un curt recorregut per la vila evid\u00e8ncia l&#8217;arquitectura popular manxega de la zona.<\/p>\t\t\t\t\t\t\t\t<\/div>\n\t\t\t\t<\/div>\n\t\t\t\t<div class=\"elementor-element elementor-element-86b2323 elementor-widget elementor-widget-image\" data-id=\"86b2323\" data-element_type=\"widget\" data-e-type=\"widget\" data-widget_type=\"image.default\">\n\t\t\t\t<div class=\"elementor-widget-container\">\n\t\t\t\t\t\t\t\t\t\t\t\t<figure class=\"wp-caption\">\n\t\t\t\t\t\t\t\t\t\t<img loading=\"lazy\" decoding=\"async\" width=\"768\" height=\"511\" src=\"https:\/\/www.elturistatranquil.com\/wp-content\/uploads\/F142-Montiel.jpg\" class=\"attachment-large size-large wp-image-28525\" alt=\"Montiel\" srcset=\"https:\/\/www.elturistatranquil.com\/wp-content\/uploads\/F142-Montiel.jpg 768w, https:\/\/www.elturistatranquil.com\/wp-content\/uploads\/F142-Montiel-339x226.jpg 339w\" sizes=\"(max-width: 768px) 100vw, 768px\" \/>\t\t\t\t\t\t\t\t\t\t\t<figcaption class=\"widget-image-caption wp-caption-text\"><\/figcaption>\n\t\t\t\t\t\t\t\t\t\t<\/figure>\n\t\t\t\t\t\t\t\t\t<\/div>\n\t\t\t\t<\/div>\n\t\t\t\t<div class=\"elementor-element elementor-element-41541ba elementor-widget elementor-widget-text-editor\" data-id=\"41541ba\" data-element_type=\"widget\" data-e-type=\"widget\" data-widget_type=\"text-editor.default\">\n\t\t\t\t<div class=\"elementor-widget-container\">\n\t\t\t\t\t\t\t\t\t<p>Per\u00f2 tamb\u00e9, la introducci\u00f3 d&#8217;element de modernitat arquitect\u00f2nica en edificis p\u00fablics com el Centre Social Cultural Jos\u00e9 S\u00e1nchez Mota.<\/p>\t\t\t\t\t\t\t\t<\/div>\n\t\t\t\t<\/div>\n\t\t\t\t<div class=\"elementor-element elementor-element-6f63607 elementor-widget elementor-widget-image\" data-id=\"6f63607\" data-element_type=\"widget\" data-e-type=\"widget\" data-widget_type=\"image.default\">\n\t\t\t\t<div class=\"elementor-widget-container\">\n\t\t\t\t\t\t\t\t\t\t\t\t<figure class=\"wp-caption\">\n\t\t\t\t\t\t\t\t\t\t<img loading=\"lazy\" decoding=\"async\" width=\"768\" height=\"511\" src=\"https:\/\/www.elturistatranquil.com\/wp-content\/uploads\/F143-Montiel.jpg\" class=\"attachment-large size-large wp-image-28527\" alt=\"Montiel\" srcset=\"https:\/\/www.elturistatranquil.com\/wp-content\/uploads\/F143-Montiel.jpg 768w, https:\/\/www.elturistatranquil.com\/wp-content\/uploads\/F143-Montiel-339x226.jpg 339w\" sizes=\"(max-width: 768px) 100vw, 768px\" \/>\t\t\t\t\t\t\t\t\t\t\t<figcaption class=\"widget-image-caption wp-caption-text\"><\/figcaption>\n\t\t\t\t\t\t\t\t\t\t<\/figure>\n\t\t\t\t\t\t\t\t\t<\/div>\n\t\t\t\t<\/div>\n\t\t\t\t<div class=\"elementor-element elementor-element-273d517 elementor-widget elementor-widget-text-editor\" data-id=\"273d517\" data-element_type=\"widget\" data-e-type=\"widget\" data-widget_type=\"text-editor.default\">\n\t\t\t\t<div class=\"elementor-widget-container\">\n\t\t\t\t\t\t\t\t\t<p>El Campo de Montiel apareix en el Quixot, amb diverses refer\u00e8ncies a la Vila.<\/p><p>El seu record es posa de manifest a trav\u00e9s de la inclusi\u00f3 de panells per diversos punts, amb dibuixos representatius d&#8217;escenes del Quixot esdevingudes em Montiel.<\/p>\t\t\t\t\t\t\t\t<\/div>\n\t\t\t\t<\/div>\n\t\t\t\t<div class=\"elementor-element elementor-element-99be99d elementor-widget elementor-widget-image\" data-id=\"99be99d\" data-element_type=\"widget\" data-e-type=\"widget\" data-widget_type=\"image.default\">\n\t\t\t\t<div class=\"elementor-widget-container\">\n\t\t\t\t\t\t\t\t\t\t\t\t<figure class=\"wp-caption\">\n\t\t\t\t\t\t\t\t\t\t<img loading=\"lazy\" decoding=\"async\" width=\"768\" height=\"511\" src=\"https:\/\/www.elturistatranquil.com\/wp-content\/uploads\/F144-Montiel-1.jpg\" class=\"attachment-large size-large wp-image-28531\" alt=\"Montiel\" srcset=\"https:\/\/www.elturistatranquil.com\/wp-content\/uploads\/F144-Montiel-1.jpg 768w, https:\/\/www.elturistatranquil.com\/wp-content\/uploads\/F144-Montiel-1-339x226.jpg 339w\" sizes=\"(max-width: 768px) 100vw, 768px\" \/>\t\t\t\t\t\t\t\t\t\t\t<figcaption class=\"widget-image-caption wp-caption-text\"><\/figcaption>\n\t\t\t\t\t\t\t\t\t\t<\/figure>\n\t\t\t\t\t\t\t\t\t<\/div>\n\t\t\t\t<\/div>\n\t\t\t\t<div class=\"elementor-element elementor-element-d3baccd elementor-widget elementor-widget-image\" data-id=\"d3baccd\" data-element_type=\"widget\" data-e-type=\"widget\" data-widget_type=\"image.default\">\n\t\t\t\t<div class=\"elementor-widget-container\">\n\t\t\t\t\t\t\t\t\t\t\t\t<figure class=\"wp-caption\">\n\t\t\t\t\t\t\t\t\t\t<img loading=\"lazy\" decoding=\"async\" width=\"768\" height=\"511\" src=\"https:\/\/www.elturistatranquil.com\/wp-content\/uploads\/F145-Montiel.jpg\" class=\"attachment-large size-large wp-image-28533\" alt=\"Montiel\" srcset=\"https:\/\/www.elturistatranquil.com\/wp-content\/uploads\/F145-Montiel.jpg 768w, https:\/\/www.elturistatranquil.com\/wp-content\/uploads\/F145-Montiel-339x226.jpg 339w\" sizes=\"(max-width: 768px) 100vw, 768px\" \/>\t\t\t\t\t\t\t\t\t\t\t<figcaption class=\"widget-image-caption wp-caption-text\"><\/figcaption>\n\t\t\t\t\t\t\t\t\t\t<\/figure>\n\t\t\t\t\t\t\t\t\t<\/div>\n\t\t\t\t<\/div>\n\t\t\t\t<div class=\"elementor-element elementor-element-d512b42 elementor-widget elementor-widget-menu-anchor\" data-id=\"d512b42\" data-element_type=\"widget\" data-e-type=\"widget\" data-widget_type=\"menu-anchor.default\">\n\t\t\t\t<div class=\"elementor-widget-container\">\n\t\t\t\t\t\t\t<div class=\"elementor-menu-anchor\" id=\"c4926\"><\/div>\n\t\t\t\t\t\t<\/div>\n\t\t\t\t<\/div>\n\t\t\t\t<div class=\"elementor-element elementor-element-0f023ca elementor-widget elementor-widget-text-editor\" data-id=\"0f023ca\" data-element_type=\"widget\" data-e-type=\"widget\" data-widget_type=\"text-editor.default\">\n\t\t\t\t<div class=\"elementor-widget-container\">\n\t\t\t\t\t\t\t\t\t<p>Cada cap de setmana m\u00e9s proper a la commemoraci\u00f3 de la mort del Rei Pedro I de Castella, el 23 d&#8217;abril de 1369, la vila de Montiel retorna al passat organitzant unes <strong>Jornades Medievals<\/strong>, de manifest inter\u00e8s ciutad\u00e0 i tur\u00edstic.<\/p>\t\t\t\t\t\t\t\t<\/div>\n\t\t\t\t<\/div>\n\t\t\t\t<div class=\"elementor-element elementor-element-516f121 elementor-widget elementor-widget-heading\" data-id=\"516f121\" data-element_type=\"widget\" data-e-type=\"widget\" data-widget_type=\"heading.default\">\n\t\t\t\t<div class=\"elementor-widget-container\">\n\t\t\t\t\t<h2 class=\"elementor-heading-title elementor-size-default\">Fi de la sortida<\/h2>\t\t\t\t<\/div>\n\t\t\t\t<\/div>\n\t\t\t\t<div class=\"elementor-element elementor-element-19ce79a elementor-widget elementor-widget-menu-anchor\" data-id=\"19ce79a\" data-element_type=\"widget\" data-e-type=\"widget\" data-widget_type=\"menu-anchor.default\">\n\t\t\t\t<div class=\"elementor-widget-container\">\n\t\t\t\t\t\t\t<div class=\"elementor-menu-anchor\" id=\"c4927\"><\/div>\n\t\t\t\t\t\t<\/div>\n\t\t\t\t<\/div>\n\t\t\t\t<div class=\"elementor-element elementor-element-3752fbf elementor-widget elementor-widget-text-editor\" data-id=\"3752fbf\" data-element_type=\"widget\" data-e-type=\"widget\" data-widget_type=\"text-editor.default\">\n\t\t\t\t<div class=\"elementor-widget-container\">\n\t\t\t\t\t\t\t\t\t<p>He recorregut una part dels dominis de l&#8217;Ordre de Santiago a La Mancha en el Campo de Montiel.<\/p><p>Des del centre m\u00e9s important en l&#8217;actualitat, Villanueva de los Infantes, al nucli de poder hist\u00f2ric, a Montiel i el seu Castell de la Estrella.<\/p><p>Un planell a 900 msnm que constitueix un territori amb personalitat pr\u00f2pia dins del variad\u00edssim elenc de paisatges que el territori peninsular posa a la nostra disposici\u00f3 perqu\u00e8 puguem constatar i gaudir d&#8217;aquesta terra de contrastos.<\/p><p>Tamb\u00e9, uns llocs on perdura l\u2019atmosfera d\u2019aquell per\u00edode renaixentista-barroc de la seva \u00e8poca de puixan\u00e7a.<\/p>\t\t\t\t\t\t\t\t<\/div>\n\t\t\t\t<\/div>\n\t\t\t\t<div class=\"elementor-element elementor-element-6acf3e3 elementor-widget elementor-widget-heading\" data-id=\"6acf3e3\" data-element_type=\"widget\" data-e-type=\"widget\" data-widget_type=\"heading.default\">\n\t\t\t\t<div class=\"elementor-widget-container\">\n\t\t\t\t\t<h2 class=\"elementor-heading-title elementor-size-default\">Bases de informaci\u00f3n<\/h2>\t\t\t\t<\/div>\n\t\t\t\t<\/div>\n\t\t\t\t<div class=\"elementor-element elementor-element-71e979b7 elementor-widget elementor-widget-text-editor\" data-id=\"71e979b7\" data-element_type=\"widget\" data-e-type=\"widget\" data-widget_type=\"text-editor.default\">\n\t\t\t\t<div class=\"elementor-widget-container\">\n\t\t\t\t\t\t\t\t\t<p><strong>Webs<\/strong><\/p><p><strong>Campo de Montiel<\/strong><\/p><p><a href=\"https:\/\/es.wikipedia.org\/wiki\/Campo_de_Montiel_(Ciudad_Real)\" target=\"_blank\" rel=\"noopener\">wikipedia<\/a><\/p><p><a href=\"https:\/\/es.wikipedia.org\/wiki\/Campo_de_Montiel_(hist%C3%B3rico)\" target=\"_blank\" rel=\"noopener\">wikipedia historico<\/a><\/p><p><a href=\"https:\/\/elcampodemontiel.com\/el-campo\/\" target=\"_blank\" rel=\"noopener\">elcampodemontiel<\/a><\/p><p><a href=\"https:\/\/campodemontielunesco.es\/campo-de-montiel-patrimonio-de-la-humanidad\/\" target=\"_blank\" rel=\"noopener\">campodemontielunesco<\/a><\/p><p><strong>Villanueva de los Infantes<\/strong><\/p><p><a href=\"https:\/\/www.villanuevadelosinfantes.es\/turismo\" target=\"_blank\" rel=\"noopener\">ayuntamiento<\/a><\/p><p><a href=\"https:\/\/es.wikipedia.org\/wiki\/Villanueva_de_los_Infantes_(Ciudad_Real)\" target=\"_blank\" rel=\"noopener\">wikipedia<\/a><\/p><p><a href=\"http:\/\/www.ciudad-real.es\/provincia\/infantes.php\" target=\"_blank\" rel=\"noopener\">turismociudadreal<\/a><\/p><p><a href=\"https:\/\/www.clubrural.com\/que-ver\/ciudad-real\/villanueva-de-los-infantes\" target=\"_blank\" rel=\"noopener\">clubrural<\/a><\/p><p><a href=\"https:\/\/elcampodemontiel.com\/los-pueblos\/villanueva-de-los-infantes\/\" target=\"_blank\" rel=\"noopener\">elcampodemontiel<\/a><\/p><p><a href=\"https:\/\/cultura.castillalamancha.es\/patrimonio\/catalogo-patrimonio-cultural\/conjunto-historico-de-villanueva-de-los-infantes\" target=\"_blank\" rel=\"noopener\">patrimonioculturaldecastillalamancha<\/a><\/p><p><strong>Montiel<\/strong><\/p><p><a href=\"http:\/\/www.ayuntamientodemontiel.es\/\" target=\"_blank\" rel=\"noopener\">ayuntamiento<\/a><\/p><p><a href=\"https:\/\/es.wikipedia.org\/wiki\/Montiel\" target=\"_blank\" rel=\"noopener\">wikipedia<\/a><\/p><p><a href=\"http:\/\/www.turismocastillalamancha.es\/patrimonio\/montiel-12731\/\" target=\"_blank\" rel=\"noopener\">turismocastillalamancha<\/a><\/p><p><a href=\"https:\/\/www.turismociudadreal.com\/pueblos\/montiel\" target=\"_blank\" rel=\"noopener\">turismociudadreal<\/a><\/p><p><a href=\"https:\/\/elcampodemontiel.com\/los-pueblos\/montiel\/\" target=\"_blank\" rel=\"noopener\">elcampodemontiel<\/a><\/p><p><a href=\"http:\/\/campodemontielunesco.es\/montiel\/\" target=\"_blank\" rel=\"noopener\">campodemontielunesco<\/a><\/p>\t\t\t\t\t\t\t\t<\/div>\n\t\t\t\t<\/div>\n\t\t\t\t<div class=\"elementor-element elementor-element-256ea53 elementor-widget elementor-widget-text-editor\" data-id=\"256ea53\" data-element_type=\"widget\" data-e-type=\"widget\" data-widget_type=\"text-editor.default\">\n\t\t\t\t<div class=\"elementor-widget-container\">\n\t\t\t\t\t\t\t\t\t<p><strong>Webs academic<\/strong><\/p><p>M. Ca\u00f1izares Ruiz, <a href=\"http:\/\/repositorio.ual.es\/bitstream\/handle\/10835\/1510\/Ca%C3%B1izares%20Ruta.pdf?sequence=1\" target=\"_blank\" rel=\"noopener\"><em>La&#8221; Ruta de Don Quijote&#8221; en Castilla-La Mancha (Espa\u00f1a): nuevo itinerario cultural europeo<\/em><\/a><\/p><p>R.J. Maldonado, <a href=\"http:\/\/biblioteca2.uclm.es\/biblioteca\/ceclm\/ARTREVISTAS\/cem\/CEM213RamonMaldonado.pdf\" target=\"_blank\" rel=\"noopener\"><em>Arquitectura popular manchega<\/em><\/a><\/p><p>J. Jim\u00e9nez Ballesta, <a href=\"https:\/\/cvc.cervantes.es\/literatura\/cervantistas\/coloquios\/cl_IX\/cl_IX_19.pdf\" target=\"_blank\" rel=\"noopener\"><em>El espacio geogr\u00e1fico-hist\u00f3rico del Campo de Montiel<\/em>\u00a0<\/a><\/p><p>Villanueva de los Infantes,<a href=\"https:\/\/www.villanuevadelosinfantes.es\/images\/ayuntamiento\/urbanismo\/03_CATALOGO_BIENES_PROTEGIDOS.pdf\" target=\"_blank\" rel=\"noopener\"><em> Cat\u00e1logo de bienes protegidos<\/em><\/a><\/p><p>D.Gallego, E. Lillo-Fern\u00e1ndez, <a href=\"https:\/\/www.xn--castillosdeespaa-lub.es\/sites\/castillosdeespana.es\/files\/pdf\/comun7.pdf\" target=\"_blank\" rel=\"noopener\"><em>Estudio arqueol\u00f3gico del Castillo de la Estrella (Montiel) a trav\u00e9s de sus t\u00e9cnicas constructivas<\/em><\/a><\/p><p>F. Parra Luna, <em><a href=\"https:\/\/cvc.cervantes.es\/literatura\/cervantistas\/congresos\/cg_VIII\/cg_VIII_60.pdf\" target=\"_blank\" rel=\"noopener\">El \u00ablugar de la Mancha\u00bb como enigma resuelto en el Quijote\u00a0\u00a0<\/a><\/em><\/p><p>F. Parra Luna<em>, <a href=\"https:\/\/www.redalyc.org\/pdf\/3221\/322132553012.pdf\" target=\"_blank\" rel=\"noopener\">\u00bfPor qu\u00e9 Villanueva de\u00a0 los Infantes es el &#8220;Lugar de La Mancha&#8221; en el Quijote?<\/a><\/em><\/p><p>Equipo UCM (compuesto por F. Parra Luna et al.), <a href=\"https:\/\/eprints.ucm.es\/30828\/1\/Montero220.pdf\" target=\"_blank\" rel=\"noopener\"><em>Villanueva de los Infantes doblemente revisitado<\/em><\/a><\/p>\t\t\t\t\t\t\t\t<\/div>\n\t\t\t\t<\/div>\n\t\t\t\t\t<\/div>\n\t\t<\/div>\n\t\t\t\t\t<\/div>\n\t\t<\/section>\n\t\t\t\t<\/div>\n\t\t","protected":false},"excerpt":{"rendered":"<p>Passejar per Villanueva de los Infantes i Montiel (Ciudad Real) ens endinsa en La Mancha de l&#8217;Ordre de Santiago i del Quixot, on perdura l&#8217;atmosfera d&#8217;aquell per\u00edode renaixentista-barroc de la &#8230; <a title=\"Villanueva de los Infantes i Montiel (Ciudad Real)\" class=\"read-more\" href=\"https:\/\/www.elturistatranquil.com\/ca\/villanueva-de-los-infantes-i-montiel-ciudad-real\/\" aria-label=\"M\u00e9s informaci\u00f3 sobre Villanueva de los Infantes i Montiel (Ciudad Real)\">[ &#8230; ]<\/a><\/p>\n","protected":false},"author":1,"featured_media":28216,"comment_status":"open","ping_status":"closed","sticky":false,"template":"","format":"standard","meta":{"footnotes":""},"categories":[70,71,72,74,75,188,76,77,145,82,83,92,172,99,100,101,139,106,110],"tags":[],"class_list":["post-28558","post","type-post","status-publish","format-standard","has-post-thumbnail","hentry","category-arquitectura-civil-ca","category-arquitectura-popular-ca","category-arquitectura-religiosa-ca","category-barroc","category-castells","category-ciudad-real-ca","category-ciutat","category-conjunts-historics","category-edat-mitjana","category-gotic","category-historia-ca","category-museus","category-neoclassic","category-poble","category-pobles-i-ciutats-amb-interes","category-renaixement","category-segle-xvi-xvii","category-segle-xviii-xix","category-vila","infinite-scroll-item","generate-columns","tablet-grid-50","mobile-grid-100","grid-parent","grid-50","no-featured-image-padding"],"yoast_head":"<!-- This site is optimized with the Yoast SEO plugin v27.4 - https:\/\/yoast.com\/product\/yoast-seo-wordpress\/ -->\n<title>Villanueva de los Infantes i Montiel (Ciudad Real) - El turista tranquil<\/title>\n<meta name=\"description\" content=\"Passejar per Villanueva de los Infantes i Montiel (Ciudad Real) ens endinsa en La Mancha de l&#039;Ordre de Santiago i del Quixot, on perdura l&#039;atmosfera d&#039;aquell per\u00edode renaixentista-barroc de la seva \u00e8poca de puixan\u00e7a.\" \/>\n<meta name=\"robots\" content=\"index, follow, max-snippet:-1, max-image-preview:large, max-video-preview:-1\" \/>\n<link rel=\"canonical\" href=\"https:\/\/www.elturistatranquil.com\/ca\/villanueva-de-los-infantes-i-montiel-ciudad-real\/\" \/>\n<meta property=\"og:locale\" content=\"ca_ES\" \/>\n<meta property=\"og:type\" content=\"article\" \/>\n<meta property=\"og:title\" content=\"Villanueva de los Infantes i Montiel (Ciudad Real) - El turista tranquil\" \/>\n<meta property=\"og:description\" content=\"Passejar per Villanueva de los Infantes i Montiel (Ciudad Real) ens endinsa en La Mancha de l&#039;Ordre de Santiago i del Quixot, on perdura l&#039;atmosfera d&#039;aquell per\u00edode renaixentista-barroc de la seva \u00e8poca de puixan\u00e7a.\" \/>\n<meta property=\"og:url\" content=\"https:\/\/www.elturistatranquil.com\/ca\/villanueva-de-los-infantes-i-montiel-ciudad-real\/\" \/>\n<meta property=\"og:site_name\" content=\"El turista tranquil\" \/>\n<meta property=\"article:publisher\" content=\"https:\/\/www.facebook.com\/elturistatranquilo\/\" \/>\n<meta property=\"article:published_time\" content=\"2020-02-16T21:40:10+00:00\" \/>\n<meta property=\"article:modified_time\" content=\"2020-02-17T12:15:45+00:00\" \/>\n<meta property=\"og:image\" content=\"https:\/\/www.elturistatranquil.com\/wp-content\/uploads\/F01-Villanueva-de-los-Infantes.jpg\" \/>\n\t<meta property=\"og:image:width\" content=\"768\" \/>\n\t<meta property=\"og:image:height\" content=\"511\" \/>\n\t<meta property=\"og:image:type\" content=\"image\/jpeg\" \/>\n<meta name=\"author\" content=\"admin\" \/>\n<meta name=\"twitter:card\" content=\"summary_large_image\" \/>\n<meta name=\"twitter:label1\" content=\"Escrit per\" \/>\n\t<meta name=\"twitter:data1\" content=\"admin\" \/>\n\t<meta name=\"twitter:label2\" content=\"Temps estimat de lectura\" \/>\n\t<meta name=\"twitter:data2\" content=\"34 minuts\" \/>\n<script type=\"application\/ld+json\" class=\"yoast-schema-graph\">{\"@context\":\"https:\\\/\\\/schema.org\",\"@graph\":[{\"@type\":\"Article\",\"@id\":\"https:\\\/\\\/www.elturistatranquil.com\\\/ca\\\/villanueva-de-los-infantes-i-montiel-ciudad-real\\\/#article\",\"isPartOf\":{\"@id\":\"https:\\\/\\\/www.elturistatranquil.com\\\/ca\\\/villanueva-de-los-infantes-i-montiel-ciudad-real\\\/\"},\"author\":{\"name\":\"admin\",\"@id\":\"https:\\\/\\\/www.elturistatranquil.com\\\/ca\\\/#\\\/schema\\\/person\\\/16f607c3079b96ed0c530a52e6b58bb5\"},\"headline\":\"Villanueva de los Infantes i Montiel (Ciudad Real)\",\"datePublished\":\"2020-02-16T21:40:10+00:00\",\"dateModified\":\"2020-02-17T12:15:45+00:00\",\"mainEntityOfPage\":{\"@id\":\"https:\\\/\\\/www.elturistatranquil.com\\\/ca\\\/villanueva-de-los-infantes-i-montiel-ciudad-real\\\/\"},\"wordCount\":7036,\"commentCount\":2,\"image\":{\"@id\":\"https:\\\/\\\/www.elturistatranquil.com\\\/ca\\\/villanueva-de-los-infantes-i-montiel-ciudad-real\\\/#primaryimage\"},\"thumbnailUrl\":\"https:\\\/\\\/www.elturistatranquil.com\\\/wp-content\\\/uploads\\\/F01-Villanueva-de-los-Infantes.jpg\",\"articleSection\":[\"Arquitectura civil\",\"Arquitectura popular\",\"Arquitectura religiosa\",\"Barroc\",\"Castells, Muralles\",\"Ciudad Real\",\"Ciutat\",\"Conjunts hist\u00f2rics\",\"Edat mitjana\",\"G\u00f2tic\",\"Hist\u00f2ria\",\"Museus\",\"Neocl\u00e0ssic, Romanticisme\",\"Poble\",\"Pobles i ciutats amb inter\u00e9s\",\"Renaixement\",\"Segle XVI-XVII\",\"Segle XVIII-XIX\",\"Vila\"],\"inLanguage\":\"ca\",\"potentialAction\":[{\"@type\":\"CommentAction\",\"name\":\"Comment\",\"target\":[\"https:\\\/\\\/www.elturistatranquil.com\\\/ca\\\/villanueva-de-los-infantes-i-montiel-ciudad-real\\\/#respond\"]}]},{\"@type\":\"WebPage\",\"@id\":\"https:\\\/\\\/www.elturistatranquil.com\\\/ca\\\/villanueva-de-los-infantes-i-montiel-ciudad-real\\\/\",\"url\":\"https:\\\/\\\/www.elturistatranquil.com\\\/ca\\\/villanueva-de-los-infantes-i-montiel-ciudad-real\\\/\",\"name\":\"Villanueva de los Infantes i Montiel (Ciudad Real) - El turista tranquil\",\"isPartOf\":{\"@id\":\"https:\\\/\\\/www.elturistatranquil.com\\\/ca\\\/#website\"},\"primaryImageOfPage\":{\"@id\":\"https:\\\/\\\/www.elturistatranquil.com\\\/ca\\\/villanueva-de-los-infantes-i-montiel-ciudad-real\\\/#primaryimage\"},\"image\":{\"@id\":\"https:\\\/\\\/www.elturistatranquil.com\\\/ca\\\/villanueva-de-los-infantes-i-montiel-ciudad-real\\\/#primaryimage\"},\"thumbnailUrl\":\"https:\\\/\\\/www.elturistatranquil.com\\\/wp-content\\\/uploads\\\/F01-Villanueva-de-los-Infantes.jpg\",\"datePublished\":\"2020-02-16T21:40:10+00:00\",\"dateModified\":\"2020-02-17T12:15:45+00:00\",\"author\":{\"@id\":\"https:\\\/\\\/www.elturistatranquil.com\\\/ca\\\/#\\\/schema\\\/person\\\/16f607c3079b96ed0c530a52e6b58bb5\"},\"description\":\"Passejar per Villanueva de los Infantes i Montiel (Ciudad Real) ens endinsa en La Mancha de l'Ordre de Santiago i del Quixot, on perdura l'atmosfera d'aquell per\u00edode renaixentista-barroc de la seva \u00e8poca de puixan\u00e7a.\",\"breadcrumb\":{\"@id\":\"https:\\\/\\\/www.elturistatranquil.com\\\/ca\\\/villanueva-de-los-infantes-i-montiel-ciudad-real\\\/#breadcrumb\"},\"inLanguage\":\"ca\",\"potentialAction\":[{\"@type\":\"ReadAction\",\"target\":[\"https:\\\/\\\/www.elturistatranquil.com\\\/ca\\\/villanueva-de-los-infantes-i-montiel-ciudad-real\\\/\"]}]},{\"@type\":\"ImageObject\",\"inLanguage\":\"ca\",\"@id\":\"https:\\\/\\\/www.elturistatranquil.com\\\/ca\\\/villanueva-de-los-infantes-i-montiel-ciudad-real\\\/#primaryimage\",\"url\":\"https:\\\/\\\/www.elturistatranquil.com\\\/wp-content\\\/uploads\\\/F01-Villanueva-de-los-Infantes.jpg\",\"contentUrl\":\"https:\\\/\\\/www.elturistatranquil.com\\\/wp-content\\\/uploads\\\/F01-Villanueva-de-los-Infantes.jpg\",\"width\":768,\"height\":511,\"caption\":\"Villanueva de los Infantes\"},{\"@type\":\"BreadcrumbList\",\"@id\":\"https:\\\/\\\/www.elturistatranquil.com\\\/ca\\\/villanueva-de-los-infantes-i-montiel-ciudad-real\\\/#breadcrumb\",\"itemListElement\":[{\"@type\":\"ListItem\",\"position\":1,\"name\":\"Portada\",\"item\":\"https:\\\/\\\/www.elturistatranquil.com\\\/ca\\\/\"},{\"@type\":\"ListItem\",\"position\":2,\"name\":\"Villanueva de los Infantes i Montiel (Ciudad Real)\"}]},{\"@type\":\"WebSite\",\"@id\":\"https:\\\/\\\/www.elturistatranquil.com\\\/ca\\\/#website\",\"url\":\"https:\\\/\\\/www.elturistatranquil.com\\\/ca\\\/\",\"name\":\"El turista tranquil\",\"description\":\"Blog de viatges\",\"potentialAction\":[{\"@type\":\"SearchAction\",\"target\":{\"@type\":\"EntryPoint\",\"urlTemplate\":\"https:\\\/\\\/www.elturistatranquil.com\\\/ca\\\/?s={search_term_string}\"},\"query-input\":{\"@type\":\"PropertyValueSpecification\",\"valueRequired\":true,\"valueName\":\"search_term_string\"}}],\"inLanguage\":\"ca\"},{\"@type\":\"Person\",\"@id\":\"https:\\\/\\\/www.elturistatranquil.com\\\/ca\\\/#\\\/schema\\\/person\\\/16f607c3079b96ed0c530a52e6b58bb5\",\"name\":\"admin\",\"image\":{\"@type\":\"ImageObject\",\"inLanguage\":\"ca\",\"@id\":\"https:\\\/\\\/secure.gravatar.com\\\/avatar\\\/1fbaf22aee75fcbb29a2f97b107f95d25d3a19b7c3416105be10269872673e8d?s=96&d=mm&r=g\",\"url\":\"https:\\\/\\\/secure.gravatar.com\\\/avatar\\\/1fbaf22aee75fcbb29a2f97b107f95d25d3a19b7c3416105be10269872673e8d?s=96&d=mm&r=g\",\"contentUrl\":\"https:\\\/\\\/secure.gravatar.com\\\/avatar\\\/1fbaf22aee75fcbb29a2f97b107f95d25d3a19b7c3416105be10269872673e8d?s=96&d=mm&r=g\",\"caption\":\"admin\"}}]}<\/script>\n<!-- \/ Yoast SEO plugin. -->","yoast_head_json":{"title":"Villanueva de los Infantes i Montiel (Ciudad Real) - El turista tranquil","description":"Passejar per Villanueva de los Infantes i Montiel (Ciudad Real) ens endinsa en La Mancha de l'Ordre de Santiago i del Quixot, on perdura l'atmosfera d'aquell per\u00edode renaixentista-barroc de la seva \u00e8poca de puixan\u00e7a.","robots":{"index":"index","follow":"follow","max-snippet":"max-snippet:-1","max-image-preview":"max-image-preview:large","max-video-preview":"max-video-preview:-1"},"canonical":"https:\/\/www.elturistatranquil.com\/ca\/villanueva-de-los-infantes-i-montiel-ciudad-real\/","og_locale":"ca_ES","og_type":"article","og_title":"Villanueva de los Infantes i Montiel (Ciudad Real) - El turista tranquil","og_description":"Passejar per Villanueva de los Infantes i Montiel (Ciudad Real) ens endinsa en La Mancha de l'Ordre de Santiago i del Quixot, on perdura l'atmosfera d'aquell per\u00edode renaixentista-barroc de la seva \u00e8poca de puixan\u00e7a.","og_url":"https:\/\/www.elturistatranquil.com\/ca\/villanueva-de-los-infantes-i-montiel-ciudad-real\/","og_site_name":"El turista tranquil","article_publisher":"https:\/\/www.facebook.com\/elturistatranquilo\/","article_published_time":"2020-02-16T21:40:10+00:00","article_modified_time":"2020-02-17T12:15:45+00:00","og_image":[{"width":768,"height":511,"url":"https:\/\/www.elturistatranquil.com\/wp-content\/uploads\/F01-Villanueva-de-los-Infantes.jpg","type":"image\/jpeg"}],"author":"admin","twitter_card":"summary_large_image","twitter_misc":{"Escrit per":"admin","Temps estimat de lectura":"34 minuts"},"schema":{"@context":"https:\/\/schema.org","@graph":[{"@type":"Article","@id":"https:\/\/www.elturistatranquil.com\/ca\/villanueva-de-los-infantes-i-montiel-ciudad-real\/#article","isPartOf":{"@id":"https:\/\/www.elturistatranquil.com\/ca\/villanueva-de-los-infantes-i-montiel-ciudad-real\/"},"author":{"name":"admin","@id":"https:\/\/www.elturistatranquil.com\/ca\/#\/schema\/person\/16f607c3079b96ed0c530a52e6b58bb5"},"headline":"Villanueva de los Infantes i Montiel (Ciudad Real)","datePublished":"2020-02-16T21:40:10+00:00","dateModified":"2020-02-17T12:15:45+00:00","mainEntityOfPage":{"@id":"https:\/\/www.elturistatranquil.com\/ca\/villanueva-de-los-infantes-i-montiel-ciudad-real\/"},"wordCount":7036,"commentCount":2,"image":{"@id":"https:\/\/www.elturistatranquil.com\/ca\/villanueva-de-los-infantes-i-montiel-ciudad-real\/#primaryimage"},"thumbnailUrl":"https:\/\/www.elturistatranquil.com\/wp-content\/uploads\/F01-Villanueva-de-los-Infantes.jpg","articleSection":["Arquitectura civil","Arquitectura popular","Arquitectura religiosa","Barroc","Castells, Muralles","Ciudad Real","Ciutat","Conjunts hist\u00f2rics","Edat mitjana","G\u00f2tic","Hist\u00f2ria","Museus","Neocl\u00e0ssic, Romanticisme","Poble","Pobles i ciutats amb inter\u00e9s","Renaixement","Segle XVI-XVII","Segle XVIII-XIX","Vila"],"inLanguage":"ca","potentialAction":[{"@type":"CommentAction","name":"Comment","target":["https:\/\/www.elturistatranquil.com\/ca\/villanueva-de-los-infantes-i-montiel-ciudad-real\/#respond"]}]},{"@type":"WebPage","@id":"https:\/\/www.elturistatranquil.com\/ca\/villanueva-de-los-infantes-i-montiel-ciudad-real\/","url":"https:\/\/www.elturistatranquil.com\/ca\/villanueva-de-los-infantes-i-montiel-ciudad-real\/","name":"Villanueva de los Infantes i Montiel (Ciudad Real) - El turista tranquil","isPartOf":{"@id":"https:\/\/www.elturistatranquil.com\/ca\/#website"},"primaryImageOfPage":{"@id":"https:\/\/www.elturistatranquil.com\/ca\/villanueva-de-los-infantes-i-montiel-ciudad-real\/#primaryimage"},"image":{"@id":"https:\/\/www.elturistatranquil.com\/ca\/villanueva-de-los-infantes-i-montiel-ciudad-real\/#primaryimage"},"thumbnailUrl":"https:\/\/www.elturistatranquil.com\/wp-content\/uploads\/F01-Villanueva-de-los-Infantes.jpg","datePublished":"2020-02-16T21:40:10+00:00","dateModified":"2020-02-17T12:15:45+00:00","author":{"@id":"https:\/\/www.elturistatranquil.com\/ca\/#\/schema\/person\/16f607c3079b96ed0c530a52e6b58bb5"},"description":"Passejar per Villanueva de los Infantes i Montiel (Ciudad Real) ens endinsa en La Mancha de l'Ordre de Santiago i del Quixot, on perdura l'atmosfera d'aquell per\u00edode renaixentista-barroc de la seva \u00e8poca de puixan\u00e7a.","breadcrumb":{"@id":"https:\/\/www.elturistatranquil.com\/ca\/villanueva-de-los-infantes-i-montiel-ciudad-real\/#breadcrumb"},"inLanguage":"ca","potentialAction":[{"@type":"ReadAction","target":["https:\/\/www.elturistatranquil.com\/ca\/villanueva-de-los-infantes-i-montiel-ciudad-real\/"]}]},{"@type":"ImageObject","inLanguage":"ca","@id":"https:\/\/www.elturistatranquil.com\/ca\/villanueva-de-los-infantes-i-montiel-ciudad-real\/#primaryimage","url":"https:\/\/www.elturistatranquil.com\/wp-content\/uploads\/F01-Villanueva-de-los-Infantes.jpg","contentUrl":"https:\/\/www.elturistatranquil.com\/wp-content\/uploads\/F01-Villanueva-de-los-Infantes.jpg","width":768,"height":511,"caption":"Villanueva de los Infantes"},{"@type":"BreadcrumbList","@id":"https:\/\/www.elturistatranquil.com\/ca\/villanueva-de-los-infantes-i-montiel-ciudad-real\/#breadcrumb","itemListElement":[{"@type":"ListItem","position":1,"name":"Portada","item":"https:\/\/www.elturistatranquil.com\/ca\/"},{"@type":"ListItem","position":2,"name":"Villanueva de los Infantes i Montiel (Ciudad Real)"}]},{"@type":"WebSite","@id":"https:\/\/www.elturistatranquil.com\/ca\/#website","url":"https:\/\/www.elturistatranquil.com\/ca\/","name":"El turista tranquil","description":"Blog de viatges","potentialAction":[{"@type":"SearchAction","target":{"@type":"EntryPoint","urlTemplate":"https:\/\/www.elturistatranquil.com\/ca\/?s={search_term_string}"},"query-input":{"@type":"PropertyValueSpecification","valueRequired":true,"valueName":"search_term_string"}}],"inLanguage":"ca"},{"@type":"Person","@id":"https:\/\/www.elturistatranquil.com\/ca\/#\/schema\/person\/16f607c3079b96ed0c530a52e6b58bb5","name":"admin","image":{"@type":"ImageObject","inLanguage":"ca","@id":"https:\/\/secure.gravatar.com\/avatar\/1fbaf22aee75fcbb29a2f97b107f95d25d3a19b7c3416105be10269872673e8d?s=96&d=mm&r=g","url":"https:\/\/secure.gravatar.com\/avatar\/1fbaf22aee75fcbb29a2f97b107f95d25d3a19b7c3416105be10269872673e8d?s=96&d=mm&r=g","contentUrl":"https:\/\/secure.gravatar.com\/avatar\/1fbaf22aee75fcbb29a2f97b107f95d25d3a19b7c3416105be10269872673e8d?s=96&d=mm&r=g","caption":"admin"}}]}},"_links":{"self":[{"href":"https:\/\/www.elturistatranquil.com\/ca\/wp-json\/wp\/v2\/posts\/28558","targetHints":{"allow":["GET"]}}],"collection":[{"href":"https:\/\/www.elturistatranquil.com\/ca\/wp-json\/wp\/v2\/posts"}],"about":[{"href":"https:\/\/www.elturistatranquil.com\/ca\/wp-json\/wp\/v2\/types\/post"}],"author":[{"embeddable":true,"href":"https:\/\/www.elturistatranquil.com\/ca\/wp-json\/wp\/v2\/users\/1"}],"replies":[{"embeddable":true,"href":"https:\/\/www.elturistatranquil.com\/ca\/wp-json\/wp\/v2\/comments?post=28558"}],"version-history":[{"count":5,"href":"https:\/\/www.elturistatranquil.com\/ca\/wp-json\/wp\/v2\/posts\/28558\/revisions"}],"predecessor-version":[{"id":28590,"href":"https:\/\/www.elturistatranquil.com\/ca\/wp-json\/wp\/v2\/posts\/28558\/revisions\/28590"}],"wp:featuredmedia":[{"embeddable":true,"href":"https:\/\/www.elturistatranquil.com\/ca\/wp-json\/wp\/v2\/media\/28216"}],"wp:attachment":[{"href":"https:\/\/www.elturistatranquil.com\/ca\/wp-json\/wp\/v2\/media?parent=28558"}],"wp:term":[{"taxonomy":"category","embeddable":true,"href":"https:\/\/www.elturistatranquil.com\/ca\/wp-json\/wp\/v2\/categories?post=28558"},{"taxonomy":"post_tag","embeddable":true,"href":"https:\/\/www.elturistatranquil.com\/ca\/wp-json\/wp\/v2\/tags?post=28558"}],"curies":[{"name":"wp","href":"https:\/\/api.w.org\/{rel}","templated":true}]}}