{"id":29390,"date":"2020-03-14T11:22:56","date_gmt":"2020-03-14T10:22:56","guid":{"rendered":"https:\/\/www.elturistatranquil.com\/?p=29390"},"modified":"2020-03-14T11:23:42","modified_gmt":"2020-03-14T10:23:42","slug":"sant-marti-dempuries-girona","status":"publish","type":"post","link":"https:\/\/www.elturistatranquil.com\/ca\/sant-marti-dempuries-girona\/","title":{"rendered":"Sant Mart\u00ed d\u2019Emp\u00faries (Girona)"},"content":{"rendered":"\t\t<div data-elementor-type=\"wp-post\" data-elementor-id=\"29390\" class=\"elementor elementor-29390 elementor-29368\" data-elementor-post-type=\"post\">\n\t\t\t\t\t\t<section class=\"elementor-section elementor-top-section elementor-element elementor-element-261fa181 elementor-section-boxed elementor-section-height-default elementor-section-height-default\" data-id=\"261fa181\" data-element_type=\"section\" data-e-type=\"section\">\n\t\t\t\t\t\t<div class=\"elementor-container elementor-column-gap-default\">\n\t\t\t\t\t<div class=\"elementor-column elementor-col-100 elementor-top-column elementor-element elementor-element-34840c75\" data-id=\"34840c75\" data-element_type=\"column\" data-e-type=\"column\">\n\t\t\t<div class=\"elementor-widget-wrap elementor-element-populated\">\n\t\t\t\t\t\t<section class=\"elementor-section elementor-inner-section elementor-element elementor-element-6e2c609d elementor-section-content-middle elementor-section-boxed elementor-section-height-default elementor-section-height-default\" data-id=\"6e2c609d\" data-element_type=\"section\" data-e-type=\"section\">\n\t\t\t\t\t\t<div class=\"elementor-container elementor-column-gap-default\">\n\t\t\t\t\t<div class=\"elementor-column elementor-col-100 elementor-inner-column elementor-element elementor-element-206d7562\" data-id=\"206d7562\" data-element_type=\"column\" data-e-type=\"column\">\n\t\t\t<div class=\"elementor-widget-wrap elementor-element-populated\">\n\t\t\t\t\t\t<div class=\"elementor-element elementor-element-3126aa38 elementor-widget elementor-widget-text-editor\" data-id=\"3126aa38\" data-element_type=\"widget\" data-e-type=\"widget\" data-widget_type=\"text-editor.default\">\n\t\t\t\t<div class=\"elementor-widget-container\">\n\t\t\t\t\t\t\t\t\t<p>L\u2019actual poble medieval de Sant Mart\u00ed d\u2019Emp\u00faries (Girona), va ser el primer assentament dels grecs foceus que va donar lloc a la creaci\u00f3 de la Emp\u00faries grega. Al final, seu del comtat d\u2019Emp\u00faries.<\/p>\t\t\t\t\t\t\t\t<\/div>\n\t\t\t\t<\/div>\n\t\t\t\t\t<\/div>\n\t\t<\/div>\n\t\t\t\t\t<\/div>\n\t\t<\/section>\n\t\t\t\t<div class=\"elementor-element elementor-element-373c0c79 elementor-widget elementor-widget-heading\" data-id=\"373c0c79\" data-element_type=\"widget\" data-e-type=\"widget\" data-widget_type=\"heading.default\">\n\t\t\t\t<div class=\"elementor-widget-container\">\n\t\t\t\t\t<h1 class=\"elementor-heading-title elementor-size-default\">Sant Mart\u00ed d\u2019Emp\u00faries (Girona)<\/h1>\t\t\t\t<\/div>\n\t\t\t\t<\/div>\n\t\t\t\t\t<\/div>\n\t\t<\/div>\n\t\t\t\t\t<\/div>\n\t\t<\/section>\n\t\t\t\t<section class=\"elementor-section elementor-top-section elementor-element elementor-element-7c0e075f elementor-section-boxed elementor-section-height-default elementor-section-height-default\" data-id=\"7c0e075f\" data-element_type=\"section\" data-e-type=\"section\">\n\t\t\t\t\t\t<div class=\"elementor-container elementor-column-gap-default\">\n\t\t\t\t\t<div class=\"elementor-column elementor-col-100 elementor-top-column elementor-element elementor-element-41f6887a\" data-id=\"41f6887a\" data-element_type=\"column\" data-e-type=\"column\">\n\t\t\t<div class=\"elementor-widget-wrap elementor-element-populated\">\n\t\t\t\t\t\t<div class=\"elementor-element elementor-element-61d25e75 elementor-widget elementor-widget-image\" data-id=\"61d25e75\" data-element_type=\"widget\" data-e-type=\"widget\" data-widget_type=\"image.default\">\n\t\t\t\t<div class=\"elementor-widget-container\">\n\t\t\t\t\t\t\t\t\t\t\t\t<figure class=\"wp-caption\">\n\t\t\t\t\t\t\t\t\t\t<img fetchpriority=\"high\" decoding=\"async\" width=\"768\" height=\"512\" src=\"https:\/\/www.elturistatranquil.com\/wp-content\/uploads\/F01-Sant-Marti-dEmpuries-Google-erath-2020-03-07.jpg\" class=\"attachment-large size-large wp-image-29373\" alt=\"Sant Marti d&#039;Empuries (Google erath 2020-03-07)\" srcset=\"https:\/\/www.elturistatranquil.com\/wp-content\/uploads\/F01-Sant-Marti-dEmpuries-Google-erath-2020-03-07.jpg 768w, https:\/\/www.elturistatranquil.com\/wp-content\/uploads\/F01-Sant-Marti-dEmpuries-Google-erath-2020-03-07-339x226.jpg 339w\" sizes=\"(max-width: 768px) 100vw, 768px\" \/>\t\t\t\t\t\t\t\t\t\t\t<figcaption class=\"widget-image-caption wp-caption-text\">Sant Marti d\u2019Emp\u00faries (Google earth 2020-03-07)<\/figcaption>\n\t\t\t\t\t\t\t\t\t\t<\/figure>\n\t\t\t\t\t\t\t\t\t<\/div>\n\t\t\t\t<\/div>\n\t\t\t\t<div class=\"elementor-element elementor-element-6dce4471 elementor-widget elementor-widget-spacer\" data-id=\"6dce4471\" data-element_type=\"widget\" data-e-type=\"widget\" data-widget_type=\"spacer.default\">\n\t\t\t\t<div class=\"elementor-widget-container\">\n\t\t\t\t\t\t\t<div class=\"elementor-spacer\">\n\t\t\t<div class=\"elementor-spacer-inner\"><\/div>\n\t\t<\/div>\n\t\t\t\t\t\t<\/div>\n\t\t\t\t<\/div>\n\t\t\t\t<div class=\"elementor-element elementor-element-65291aab elementor-widget elementor-widget-heading\" data-id=\"65291aab\" data-element_type=\"widget\" data-e-type=\"widget\" data-widget_type=\"heading.default\">\n\t\t\t\t<div class=\"elementor-widget-container\">\n\t\t\t\t\t<h2 class=\"elementor-heading-title elementor-size-default\">Sant Mart\u00ed d\u2019Emp\u00faries. Alt Empord\u00e0. Girona<\/h2>\t\t\t\t<\/div>\n\t\t\t\t<\/div>\n\t\t\t\t<section class=\"elementor-section elementor-inner-section elementor-element elementor-element-4b5bcbbc elementor-section-boxed elementor-section-height-default elementor-section-height-default\" data-id=\"4b5bcbbc\" data-element_type=\"section\" data-e-type=\"section\" data-settings=\"{&quot;background_background&quot;:&quot;classic&quot;}\">\n\t\t\t\t\t\t\t<div class=\"elementor-background-overlay\"><\/div>\n\t\t\t\t\t\t\t<div class=\"elementor-container elementor-column-gap-default\">\n\t\t\t\t\t<div class=\"elementor-column elementor-col-100 elementor-inner-column elementor-element elementor-element-7e618407\" data-id=\"7e618407\" data-element_type=\"column\" data-e-type=\"column\" data-settings=\"{&quot;background_background&quot;:&quot;classic&quot;}\">\n\t\t\t<div class=\"elementor-widget-wrap elementor-element-populated\">\n\t\t\t\t\t\t<div class=\"elementor-element elementor-element-49bfc176 elementor-widget elementor-widget-text-editor\" data-id=\"49bfc176\" data-element_type=\"widget\" data-e-type=\"widget\" data-widget_type=\"text-editor.default\">\n\t\t\t\t<div class=\"elementor-widget-container\">\n\t\t\t\t\t\t\t\t\t<p>Municipi: L\u2019Escala. Comarca: Alt Empord\u00e0. Prov\u00edncia: Girona. Com. Aut\u00f2noma: Catalunya<\/p><p>Coordenades: 42\u00b008\u203200\u2033N 3\u00b007\u203200\u2033E. Altitud: 14 msnm. Poblaci\u00f3: 40 habitants (2019)<\/p><p>Web: <a href=\"https:\/\/www.visitlescala.com\/es\/sant-marti-dempuries\" target=\"_blank\" rel=\"noopener\">ajuntament<\/a><\/p><p>Visita: 2019<\/p>\t\t\t\t\t\t\t\t<\/div>\n\t\t\t\t<\/div>\n\t\t\t\t\t<\/div>\n\t\t<\/div>\n\t\t\t\t\t<\/div>\n\t\t<\/section>\n\t\t\t\t<div class=\"elementor-element elementor-element-33fb1fab elementor-widget elementor-widget-image\" data-id=\"33fb1fab\" data-element_type=\"widget\" data-e-type=\"widget\" data-widget_type=\"image.default\">\n\t\t\t\t<div class=\"elementor-widget-container\">\n\t\t\t\t\t\t\t\t\t\t\t\t<figure class=\"wp-caption\">\n\t\t\t\t\t\t\t\t\t\t<img decoding=\"async\" width=\"768\" height=\"513\" src=\"https:\/\/www.elturistatranquil.com\/wp-content\/uploads\/F02-Mapa-de-situacio-dEmpuries-Google-maps-2020-02-25.jpg\" class=\"attachment-medium_large size-medium_large wp-image-29277\" alt=\"Mapa de situacio d&#039;Empuries (Google-maps-2020-02-25)\" srcset=\"https:\/\/www.elturistatranquil.com\/wp-content\/uploads\/F02-Mapa-de-situacio-dEmpuries-Google-maps-2020-02-25.jpg 768w, https:\/\/www.elturistatranquil.com\/wp-content\/uploads\/F02-Mapa-de-situacio-dEmpuries-Google-maps-2020-02-25-339x226.jpg 339w\" sizes=\"(max-width: 768px) 100vw, 768px\" \/>\t\t\t\t\t\t\t\t\t\t\t<figcaption class=\"widget-image-caption wp-caption-text\">Mapa de situaci\u00f3 de Sant Mart\u00ed d\u2019Emp\u00faries (Google maps 2020-02-25) <\/figcaption>\n\t\t\t\t\t\t\t\t\t\t<\/figure>\n\t\t\t\t\t\t\t\t\t<\/div>\n\t\t\t\t<\/div>\n\t\t\t\t<section class=\"elementor-section elementor-inner-section elementor-element elementor-element-1a5f8116 elementor-section-boxed elementor-section-height-default elementor-section-height-default\" data-id=\"1a5f8116\" data-element_type=\"section\" data-e-type=\"section\" data-settings=\"{&quot;background_background&quot;:&quot;classic&quot;}\">\n\t\t\t\t\t\t<div class=\"elementor-container elementor-column-gap-default\">\n\t\t\t\t\t<div class=\"elementor-column elementor-col-100 elementor-inner-column elementor-element elementor-element-456b0d99\" data-id=\"456b0d99\" data-element_type=\"column\" data-e-type=\"column\">\n\t\t\t<div class=\"elementor-widget-wrap elementor-element-populated\">\n\t\t\t\t\t\t<div class=\"elementor-element elementor-element-3531587f elementor-widget elementor-widget-text-editor\" data-id=\"3531587f\" data-element_type=\"widget\" data-e-type=\"widget\" data-widget_type=\"text-editor.default\">\n\t\t\t\t<div class=\"elementor-widget-container\">\n\t\t\t\t\t\t\t\t\t<p style=\"text-align: center;\"><strong>\u00cdndex<\/strong><\/p>\t\t\t\t\t\t\t\t<\/div>\n\t\t\t\t<\/div>\n\t\t\t\t<div class=\"elementor-element elementor-element-6f516997 elementor-widget elementor-widget-text-editor\" data-id=\"6f516997\" data-element_type=\"widget\" data-e-type=\"widget\" data-widget_type=\"text-editor.default\">\n\t\t\t\t<div class=\"elementor-widget-container\">\n\t\t\t\t\t\t\t\t\t<p><a href=\"https:\/\/www.elturistatranquil.com\/ca\/sant-marti-dempuries-girona\/#c5101\">Sant Mart\u00ed d\u2019Emp\u00faries. Alt Empord\u00e0. Girona<\/a><\/p><p><a href=\"https:\/\/www.elturistatranquil.com\/ca\/sant-marti-dempuries-girona\/#c5102\">De primera ciutat grega a vila medieval<\/a><\/p><p><a href=\"https:\/\/www.elturistatranquil.com\/ca\/sant-marti-dempuries-girona\/#c5103\">Recorregut per Sant Mart\u00ed d\u2019Emp\u00faries<\/a><\/p><p><a href=\"https:\/\/www.elturistatranquil.com\/ca\/sant-marti-dempuries-girona\/#c5104\">Fi de la visita<\/a><\/p><p><a href=\"https:\/\/www.elturistatranquil.com\/ca\/sant-marti-dempuries-girona\/#c5105\">Bases d\u2019informaci\u00f3<\/a><\/p>\t\t\t\t\t\t\t\t<\/div>\n\t\t\t\t<\/div>\n\t\t\t\t\t<\/div>\n\t\t<\/div>\n\t\t\t\t\t<\/div>\n\t\t<\/section>\n\t\t\t\t<div class=\"elementor-element elementor-element-53498392 elementor-widget elementor-widget-spacer\" data-id=\"53498392\" data-element_type=\"widget\" data-e-type=\"widget\" data-widget_type=\"spacer.default\">\n\t\t\t\t<div class=\"elementor-widget-container\">\n\t\t\t\t\t\t\t<div class=\"elementor-spacer\">\n\t\t\t<div class=\"elementor-spacer-inner\"><\/div>\n\t\t<\/div>\n\t\t\t\t\t\t<\/div>\n\t\t\t\t<\/div>\n\t\t\t\t<div class=\"elementor-element elementor-element-3d1d6675 elementor-widget elementor-widget-menu-anchor\" data-id=\"3d1d6675\" data-element_type=\"widget\" data-e-type=\"widget\" data-widget_type=\"menu-anchor.default\">\n\t\t\t\t<div class=\"elementor-widget-container\">\n\t\t\t\t\t\t\t<div class=\"elementor-menu-anchor\" id=\"c5101\"><\/div>\n\t\t\t\t\t\t<\/div>\n\t\t\t\t<\/div>\n\t\t\t\t<div class=\"elementor-element elementor-element-18685e85 elementor-widget elementor-widget-spacer\" data-id=\"18685e85\" data-element_type=\"widget\" data-e-type=\"widget\" data-widget_type=\"spacer.default\">\n\t\t\t\t<div class=\"elementor-widget-container\">\n\t\t\t\t\t\t\t<div class=\"elementor-spacer\">\n\t\t\t<div class=\"elementor-spacer-inner\"><\/div>\n\t\t<\/div>\n\t\t\t\t\t\t<\/div>\n\t\t\t\t<\/div>\n\t\t\t\t<div class=\"elementor-element elementor-element-1bf25d41 elementor-widget elementor-widget-heading\" data-id=\"1bf25d41\" data-element_type=\"widget\" data-e-type=\"widget\" data-widget_type=\"heading.default\">\n\t\t\t\t<div class=\"elementor-widget-container\">\n\t\t\t\t\t<h2 class=\"elementor-heading-title elementor-size-default\">Sant Mart\u00ed d\u2019Emp\u00faries. Alt Empord\u00e0. Girona<\/h2>\t\t\t\t<\/div>\n\t\t\t\t<\/div>\n\t\t\t\t<div class=\"elementor-element elementor-element-76cfe1c9 elementor-widget elementor-widget-text-editor\" data-id=\"76cfe1c9\" data-element_type=\"widget\" data-e-type=\"widget\" data-widget_type=\"text-editor.default\">\n\t\t\t\t<div class=\"elementor-widget-container\">\n\t\t\t\t\t\t\t\t\t<p>Enlla\u00e7 amb el <em>Post<\/em>:<a href=\"https:\/\/www.elturistatranquil.com\/ca\/empuries-i-sant-marti-dempuries-girona\/\" target=\"_blank\" rel=\"noopener\"><strong> Ciutat greco-romana d\u2019Emp\u00faries<\/strong><\/a><\/p>\t\t\t\t\t\t\t\t<\/div>\n\t\t\t\t<\/div>\n\t\t\t\t<div class=\"elementor-element elementor-element-18c8e34 elementor-widget elementor-widget-menu-anchor\" data-id=\"18c8e34\" data-element_type=\"widget\" data-e-type=\"widget\" data-widget_type=\"menu-anchor.default\">\n\t\t\t\t<div class=\"elementor-widget-container\">\n\t\t\t\t\t\t\t<div class=\"elementor-menu-anchor\" id=\"c5102\"><\/div>\n\t\t\t\t\t\t<\/div>\n\t\t\t\t<\/div>\n\t\t\t\t<div class=\"elementor-element elementor-element-4aaa422 elementor-widget elementor-widget-text-editor\" data-id=\"4aaa422\" data-element_type=\"widget\" data-e-type=\"widget\" data-widget_type=\"text-editor.default\">\n\t\t\t\t<div class=\"elementor-widget-container\">\n\t\t\t\t\t\t\t\t\t<p>Un cop acabat el recorregut pel jaciment arqueol\u00f2gic d\u2019Emp\u00faries, despr\u00e9s de visitar el <em>Museu<\/em>, la segona ciutat grega<em> &#8211;<\/em>la <em>Ne\u00e0polis<\/em>, i la ciutat romana <em>Emporiae<\/em>, completo la visita al que va ser el primer i darrer nucli de poblament del proc\u00e9s hist\u00f2ric d\u2019ocupaci\u00f3 d\u2019Emp\u00faries.<\/p><p>Em dirigeixo al lloc on es van assentar els grecs foceus a la seva arribada a aquest territori, al segle VI aC, a la <strong>Palai\u00e0polis <\/strong>grega, i on, molts segles despr\u00e9s, van acabar els darrers assentaments al tur\u00f3 de <strong>Sant Mart\u00ed d\u2019Emp\u00faries<\/strong>, com a seu comtal i episcopal, al segle XI, i pla\u00e7a militar, amb les muralles reconstru\u00efdes al segle XV.<\/p>\t\t\t\t\t\t\t\t<\/div>\n\t\t\t\t<\/div>\n\t\t\t\t<div class=\"elementor-element elementor-element-4ad068fd elementor-widget elementor-widget-heading\" data-id=\"4ad068fd\" data-element_type=\"widget\" data-e-type=\"widget\" data-widget_type=\"heading.default\">\n\t\t\t\t<div class=\"elementor-widget-container\">\n\t\t\t\t\t<h2 class=\"elementor-heading-title elementor-size-default\">De primera ciutat grega a vila medieval<\/h2>\t\t\t\t<\/div>\n\t\t\t\t<\/div>\n\t\t\t\t<div class=\"elementor-element elementor-element-5023fe34 elementor-widget elementor-widget-image\" data-id=\"5023fe34\" data-element_type=\"widget\" data-e-type=\"widget\" data-widget_type=\"image.default\">\n\t\t\t\t<div class=\"elementor-widget-container\">\n\t\t\t\t\t\t\t\t\t\t\t\t<figure class=\"wp-caption\">\n\t\t\t\t\t\t\t\t\t\t<img decoding=\"async\" width=\"768\" height=\"512\" src=\"https:\/\/www.elturistatranquil.com\/wp-content\/uploads\/F03a-Empuries-Google-earth-2020-02-26.jpg\" class=\"attachment-large size-large wp-image-29308\" alt=\"Empuries (Google earth 2020-02-26)\" srcset=\"https:\/\/www.elturistatranquil.com\/wp-content\/uploads\/F03a-Empuries-Google-earth-2020-02-26.jpg 768w, https:\/\/www.elturistatranquil.com\/wp-content\/uploads\/F03a-Empuries-Google-earth-2020-02-26-339x226.jpg 339w\" sizes=\"(max-width: 768px) 100vw, 768px\" \/>\t\t\t\t\t\t\t\t\t\t\t<figcaption class=\"widget-image-caption wp-caption-text\">Conjunt d'Emp\u00faries (Google earth 2020-03-07) <\/figcaption>\n\t\t\t\t\t\t\t\t\t\t<\/figure>\n\t\t\t\t\t\t\t\t\t<\/div>\n\t\t\t\t<\/div>\n\t\t\t\t<div class=\"elementor-element elementor-element-2d0da7a elementor-widget elementor-widget-menu-anchor\" data-id=\"2d0da7a\" data-element_type=\"widget\" data-e-type=\"widget\" data-widget_type=\"menu-anchor.default\">\n\t\t\t\t<div class=\"elementor-widget-container\">\n\t\t\t\t\t\t\t<div class=\"elementor-menu-anchor\" id=\"c5103\"><\/div>\n\t\t\t\t\t\t<\/div>\n\t\t\t\t<\/div>\n\t\t\t\t<div class=\"elementor-element elementor-element-4b467a2 elementor-widget elementor-widget-text-editor\" data-id=\"4b467a2\" data-element_type=\"widget\" data-e-type=\"widget\" data-widget_type=\"text-editor.default\">\n\t\t\t\t<div class=\"elementor-widget-container\">\n\t\t\t\t\t\t\t\t\t<p>A l&#8217;exterior nord del recinte arqueol\u00f2gic que vaig presentar al <em>Post<\/em>: <a href=\"https:\/\/www.elturistatranquil.com\/ca\/empuries-i-sant-marti-dempuries-girona\/\" target=\"_blank\" rel=\"noopener\"><strong>Ciutat greco-romana d&#8217;Emp\u00faries<\/strong><\/a>, ja vaig dir que aqu\u00ed es situava la <strong>Palai\u00e0polis<\/strong> o primer establiment grec i que, despr\u00e9s de la decad\u00e8ncia i abandonament de la ciutat romana va acabar sent l&#8217;\u00faltim assentament medieval i l&#8217;actual <strong>Sant Mart\u00ed d&#8217;Emp\u00faries<\/strong>.<\/p><p>En un llarg proc\u00e9s geomorfol\u00f2gic, primer devia ser un pujol en forma d\u2019illot, posteriorment una estructura de morfologia peninsular a mesura que avan\u00e7ava la sedimentaci\u00f3 marina, fins a l\u2019actualitat que la progressiva sedimentaci\u00f3 al llarg de la costa, l\u2019ha convertit en un petit cap mar\u00edtim.<\/p><p>Al rec\u00f3rrer Sant Mart\u00ed d&#8217;Emp\u00faries podem copsar les seves dimensions, que hauran estat sempre les mateixes, donades les limitacions del territori disponible. Per\u00f2 tamb\u00e9 ens podrem fer una idea de les dimensions del port grecorom\u00e0, si imaginem la forma de badia que va tenir en aquells moments, i que vaig representar en una de les figures inicials d&#8217;aquell <em>Post<\/em>.<\/p>\t\t\t\t\t\t\t\t<\/div>\n\t\t\t\t<\/div>\n\t\t\t\t<div class=\"elementor-element elementor-element-a02babe elementor-widget elementor-widget-heading\" data-id=\"a02babe\" data-element_type=\"widget\" data-e-type=\"widget\" data-widget_type=\"heading.default\">\n\t\t\t\t<div class=\"elementor-widget-container\">\n\t\t\t\t\t<h2 class=\"elementor-heading-title elementor-size-default\">Recorregut per Sant Mart\u00ed d\u2019Emp\u00faries<\/h2>\t\t\t\t<\/div>\n\t\t\t\t<\/div>\n\t\t\t\t<div class=\"elementor-element elementor-element-2170f5c elementor-widget elementor-widget-text-editor\" data-id=\"2170f5c\" data-element_type=\"widget\" data-e-type=\"widget\" data-widget_type=\"text-editor.default\">\n\t\t\t\t<div class=\"elementor-widget-container\">\n\t\t\t\t\t\t\t\t\t<p><strong>Sant Mart\u00ed d\u2019Emp\u00faries<\/strong> es un encantador poblet medieval amb un marcat reconeixement tur\u00edstic.<\/p><p>Els grecs foceus van arribar-hi el segle VI aC. En aquell moment sembla ser que era una illa separada per l&#8217;estuari del riu.<\/p><p>Va ser seu Episcopal entre els anys 516 i 693. Carlemany va nomenar primer Comte d&#8217;Emp\u00faries a Ermerguer el 812.<\/p><p>Sabem que de la ciutat grega no en queden pr\u00e0cticament rastres arqueol\u00f2gics i que el que es conserva correspon a l\u2019estructura medieval a on van anar a viure inicialment els comtes d\u2019Emp\u00faries, com a primera capital del Comtat, i es va instaurar la seu episcopal.<\/p><p>L\u2019any 1468 la Vila va ser assetjada i devastada pel Duc de Lorena, reconstruint-se posteriorment l\u2019Esgl\u00e9sia i les defenses.<\/p><p>L\u2019estructura urbana \u00e9s de forma quadrangular i defensada per muralles des de sempre. Es conserven gran part d\u2019aquestes muralles.<\/p><p>S\u2019entra pel <strong>carrer Major<\/strong> fins la <strong>pla\u00e7a Major<\/strong>.<\/p>\t\t\t\t\t\t\t\t<\/div>\n\t\t\t\t<\/div>\n\t\t\t\t<div class=\"elementor-element elementor-element-72f4746 elementor-widget elementor-widget-image\" data-id=\"72f4746\" data-element_type=\"widget\" data-e-type=\"widget\" data-widget_type=\"image.default\">\n\t\t\t\t<div class=\"elementor-widget-container\">\n\t\t\t\t\t\t\t\t\t\t\t\t<figure class=\"wp-caption\">\n\t\t\t\t\t\t\t\t\t\t<img loading=\"lazy\" decoding=\"async\" width=\"768\" height=\"512\" src=\"https:\/\/www.elturistatranquil.com\/wp-content\/uploads\/F217-Sant-Marti-dEmpuries.jpg\" class=\"attachment-large size-large wp-image-29237\" alt=\"Sant Marti d&#039;Empuries\" srcset=\"https:\/\/www.elturistatranquil.com\/wp-content\/uploads\/F217-Sant-Marti-dEmpuries.jpg 768w, https:\/\/www.elturistatranquil.com\/wp-content\/uploads\/F217-Sant-Marti-dEmpuries-339x226.jpg 339w\" sizes=\"(max-width: 768px) 100vw, 768px\" \/>\t\t\t\t\t\t\t\t\t\t\t<figcaption class=\"widget-image-caption wp-caption-text\"><\/figcaption>\n\t\t\t\t\t\t\t\t\t\t<\/figure>\n\t\t\t\t\t\t\t\t\t<\/div>\n\t\t\t\t<\/div>\n\t\t\t\t<div class=\"elementor-element elementor-element-7081b28 elementor-widget elementor-widget-text-editor\" data-id=\"7081b28\" data-element_type=\"widget\" data-e-type=\"widget\" data-widget_type=\"text-editor.default\">\n\t\t\t\t<div class=\"elementor-widget-container\">\n\t\t\t\t\t\t\t\t\t<p>Dominant la <strong>Pla\u00e7a Major<\/strong> est\u00e0 situada l\u2019 <strong>Esgl\u00e9sia Parroquial de Sant Mart\u00ed<\/strong>. Se sap de l\u2019exist\u00e8ncia d\u2019una esgl\u00e9sia prerom\u00e0nica o rom\u00e0nica l&#8217;any 842. Probablement aquesta primera esgl\u00e9sia cristiana s\u2019aixec\u00e0 sobre el temple d\u2019Artemis d\u2019Ef\u00e9s.<\/p><p>Va ser restaurada dues vegades, com consta de les l\u00e0pides de la fa\u00e7ana, els anys 926 i 1248. Despr\u00e9s de la destrucci\u00f3 per part del Duc de Lorena, l&#8217;any 1507 es va iniciar la reconstrucci\u00f3 de l\u2019esgl\u00e9sia en estil g\u00f2tic-tarda, acabada l&#8217;any 1538.<\/p><p>Destaca la forma quadrada de la fa\u00e7ana, amb una espadanya que ocupa tora l\u2019amplada amb quatre campanes. La portada d\u2019arc apuntat i una rosassa amb cercles lobulats.<\/p><p>La planta es d\u2019una sola nau amb absis poligonal.<\/p>\t\t\t\t\t\t\t\t<\/div>\n\t\t\t\t<\/div>\n\t\t\t\t<div class=\"elementor-element elementor-element-24e6eda elementor-widget elementor-widget-image\" data-id=\"24e6eda\" data-element_type=\"widget\" data-e-type=\"widget\" data-widget_type=\"image.default\">\n\t\t\t\t<div class=\"elementor-widget-container\">\n\t\t\t\t\t\t\t\t\t\t\t\t<figure class=\"wp-caption\">\n\t\t\t\t\t\t\t\t\t\t<img loading=\"lazy\" decoding=\"async\" width=\"768\" height=\"512\" src=\"https:\/\/www.elturistatranquil.com\/wp-content\/uploads\/F218-Sant-Marti-dEmpuries.jpg\" class=\"attachment-large size-large wp-image-29239\" alt=\"Sant Marti d&#039;Empuries\" srcset=\"https:\/\/www.elturistatranquil.com\/wp-content\/uploads\/F218-Sant-Marti-dEmpuries.jpg 768w, https:\/\/www.elturistatranquil.com\/wp-content\/uploads\/F218-Sant-Marti-dEmpuries-339x226.jpg 339w\" sizes=\"(max-width: 768px) 100vw, 768px\" \/>\t\t\t\t\t\t\t\t\t\t\t<figcaption class=\"widget-image-caption wp-caption-text\"><\/figcaption>\n\t\t\t\t\t\t\t\t\t\t<\/figure>\n\t\t\t\t\t\t\t\t\t<\/div>\n\t\t\t\t<\/div>\n\t\t\t\t<div class=\"elementor-element elementor-element-8595d45 elementor-widget elementor-widget-image\" data-id=\"8595d45\" data-element_type=\"widget\" data-e-type=\"widget\" data-widget_type=\"image.default\">\n\t\t\t\t<div class=\"elementor-widget-container\">\n\t\t\t\t\t\t\t\t\t\t\t\t<figure class=\"wp-caption\">\n\t\t\t\t\t\t\t\t\t\t<img loading=\"lazy\" decoding=\"async\" width=\"768\" height=\"512\" src=\"https:\/\/www.elturistatranquil.com\/wp-content\/uploads\/F219-Sant-Marti-dEmpuries.jpg\" class=\"attachment-large size-large wp-image-29241\" alt=\"Sant Marti d&#039;Empuries\" srcset=\"https:\/\/www.elturistatranquil.com\/wp-content\/uploads\/F219-Sant-Marti-dEmpuries.jpg 768w, https:\/\/www.elturistatranquil.com\/wp-content\/uploads\/F219-Sant-Marti-dEmpuries-339x226.jpg 339w\" sizes=\"(max-width: 768px) 100vw, 768px\" \/>\t\t\t\t\t\t\t\t\t\t\t<figcaption class=\"widget-image-caption wp-caption-text\"><\/figcaption>\n\t\t\t\t\t\t\t\t\t\t<\/figure>\n\t\t\t\t\t\t\t\t\t<\/div>\n\t\t\t\t<\/div>\n\t\t\t\t<div class=\"elementor-element elementor-element-f4bf8da elementor-widget elementor-widget-image\" data-id=\"f4bf8da\" data-element_type=\"widget\" data-e-type=\"widget\" data-widget_type=\"image.default\">\n\t\t\t\t<div class=\"elementor-widget-container\">\n\t\t\t\t\t\t\t\t\t\t\t\t<figure class=\"wp-caption\">\n\t\t\t\t\t\t\t\t\t\t<img loading=\"lazy\" decoding=\"async\" width=\"768\" height=\"512\" src=\"https:\/\/www.elturistatranquil.com\/wp-content\/uploads\/F220-Sant-Marti-dEmpuries.jpg\" class=\"attachment-large size-large wp-image-29243\" alt=\"Sant Marti d&#039;Empuries\" srcset=\"https:\/\/www.elturistatranquil.com\/wp-content\/uploads\/F220-Sant-Marti-dEmpuries.jpg 768w, https:\/\/www.elturistatranquil.com\/wp-content\/uploads\/F220-Sant-Marti-dEmpuries-339x226.jpg 339w\" sizes=\"(max-width: 768px) 100vw, 768px\" \/>\t\t\t\t\t\t\t\t\t\t\t<figcaption class=\"widget-image-caption wp-caption-text\"><\/figcaption>\n\t\t\t\t\t\t\t\t\t\t<\/figure>\n\t\t\t\t\t\t\t\t\t<\/div>\n\t\t\t\t<\/div>\n\t\t\t\t<div class=\"elementor-element elementor-element-c39d8c2 elementor-widget elementor-widget-text-editor\" data-id=\"c39d8c2\" data-element_type=\"widget\" data-e-type=\"widget\" data-widget_type=\"text-editor.default\">\n\t\t\t\t<div class=\"elementor-widget-container\">\n\t\t\t\t\t\t\t\t\t<p>Al costat de l\u2019Esgl\u00e9sia i sobre les muralles, s\u2019al\u00e7a l\u2019edifici modernista <strong>Casa del Servei Forestal<\/strong>, de l\u2019any 1910, atribu\u00efda a l\u2019enginyer forestal Josep Reig Palau.<\/p>\t\t\t\t\t\t\t\t<\/div>\n\t\t\t\t<\/div>\n\t\t\t\t<div class=\"elementor-element elementor-element-f44faea elementor-widget elementor-widget-image\" data-id=\"f44faea\" data-element_type=\"widget\" data-e-type=\"widget\" data-widget_type=\"image.default\">\n\t\t\t\t<div class=\"elementor-widget-container\">\n\t\t\t\t\t\t\t\t\t\t\t\t<figure class=\"wp-caption\">\n\t\t\t\t\t\t\t\t\t\t<img loading=\"lazy\" decoding=\"async\" width=\"768\" height=\"512\" src=\"https:\/\/www.elturistatranquil.com\/wp-content\/uploads\/F221-Sant-Marti-dEmpuries.jpg\" class=\"attachment-large size-large wp-image-29245\" alt=\"Sant Marti d&#039;Empuries\" srcset=\"https:\/\/www.elturistatranquil.com\/wp-content\/uploads\/F221-Sant-Marti-dEmpuries.jpg 768w, https:\/\/www.elturistatranquil.com\/wp-content\/uploads\/F221-Sant-Marti-dEmpuries-339x226.jpg 339w\" sizes=\"(max-width: 768px) 100vw, 768px\" \/>\t\t\t\t\t\t\t\t\t\t\t<figcaption class=\"widget-image-caption wp-caption-text\"><\/figcaption>\n\t\t\t\t\t\t\t\t\t\t<\/figure>\n\t\t\t\t\t\t\t\t\t<\/div>\n\t\t\t\t<\/div>\n\t\t\t\t<div class=\"elementor-element elementor-element-de5a3f3 elementor-widget elementor-widget-text-editor\" data-id=\"de5a3f3\" data-element_type=\"widget\" data-e-type=\"widget\" data-widget_type=\"text-editor.default\">\n\t\t\t\t<div class=\"elementor-widget-container\">\n\t\t\t\t\t\t\t\t\t<p>A l\u2019extrem sud-est, dominant sobre el port, s\u2019elevava el castell, del que en queden molt poques restes.<\/p>\t\t\t\t\t\t\t\t<\/div>\n\t\t\t\t<\/div>\n\t\t\t\t<div class=\"elementor-element elementor-element-5dcb105 elementor-widget elementor-widget-image\" data-id=\"5dcb105\" data-element_type=\"widget\" data-e-type=\"widget\" data-widget_type=\"image.default\">\n\t\t\t\t<div class=\"elementor-widget-container\">\n\t\t\t\t\t\t\t\t\t\t\t\t<figure class=\"wp-caption\">\n\t\t\t\t\t\t\t\t\t\t<img loading=\"lazy\" decoding=\"async\" width=\"768\" height=\"512\" src=\"https:\/\/www.elturistatranquil.com\/wp-content\/uploads\/F222-Sant-Marti-dEmpuries.jpg\" class=\"attachment-large size-large wp-image-29247\" alt=\"Sant Marti d&#039;Empuries\" srcset=\"https:\/\/www.elturistatranquil.com\/wp-content\/uploads\/F222-Sant-Marti-dEmpuries.jpg 768w, https:\/\/www.elturistatranquil.com\/wp-content\/uploads\/F222-Sant-Marti-dEmpuries-339x226.jpg 339w\" sizes=\"(max-width: 768px) 100vw, 768px\" \/>\t\t\t\t\t\t\t\t\t\t\t<figcaption class=\"widget-image-caption wp-caption-text\"><\/figcaption>\n\t\t\t\t\t\t\t\t\t\t<\/figure>\n\t\t\t\t\t\t\t\t\t<\/div>\n\t\t\t\t<\/div>\n\t\t\t\t<div class=\"elementor-element elementor-element-8666895 elementor-widget elementor-widget-text-editor\" data-id=\"8666895\" data-element_type=\"widget\" data-e-type=\"widget\" data-widget_type=\"text-editor.default\">\n\t\t\t\t<div class=\"elementor-widget-container\">\n\t\t\t\t\t\t\t\t\t<p>El mirador fora muralla permet veure tota l\u2018extensi\u00f3 de l\u2019\u00e0mbit del port, amb l\u2019espigo al fons a l\u2019esquerra. Ara \u00e9s quan podem imaginar les dimensions del conjunt portuari si fem arribar l\u2019aigua del mar fins ocupar part de la pineda.<\/p>\t\t\t\t\t\t\t\t<\/div>\n\t\t\t\t<\/div>\n\t\t\t\t<div class=\"elementor-element elementor-element-6c63f2c elementor-widget elementor-widget-image\" data-id=\"6c63f2c\" data-element_type=\"widget\" data-e-type=\"widget\" data-widget_type=\"image.default\">\n\t\t\t\t<div class=\"elementor-widget-container\">\n\t\t\t\t\t\t\t\t\t\t\t\t<figure class=\"wp-caption\">\n\t\t\t\t\t\t\t\t\t\t<img loading=\"lazy\" decoding=\"async\" width=\"768\" height=\"512\" src=\"https:\/\/www.elturistatranquil.com\/wp-content\/uploads\/F223-Sant-Marti-dEmpuries.jpg\" class=\"attachment-large size-large wp-image-29249\" alt=\"Sant Marti d&#039;Empuries\" srcset=\"https:\/\/www.elturistatranquil.com\/wp-content\/uploads\/F223-Sant-Marti-dEmpuries.jpg 768w, https:\/\/www.elturistatranquil.com\/wp-content\/uploads\/F223-Sant-Marti-dEmpuries-339x226.jpg 339w\" sizes=\"(max-width: 768px) 100vw, 768px\" \/>\t\t\t\t\t\t\t\t\t\t\t<figcaption class=\"widget-image-caption wp-caption-text\"><\/figcaption>\n\t\t\t\t\t\t\t\t\t\t<\/figure>\n\t\t\t\t\t\t\t\t\t<\/div>\n\t\t\t\t<\/div>\n\t\t\t\t<div class=\"elementor-element elementor-element-bc33801 elementor-widget elementor-widget-text-editor\" data-id=\"bc33801\" data-element_type=\"widget\" data-e-type=\"widget\" data-widget_type=\"text-editor.default\">\n\t\t\t\t<div class=\"elementor-widget-container\">\n\t\t\t\t\t\t\t\t\t<p>Cap al nord la platja de Sant Mart\u00ed d&#8217;Emp\u00faries sobre el golf de Roses.<\/p>\t\t\t\t\t\t\t\t<\/div>\n\t\t\t\t<\/div>\n\t\t\t\t<div class=\"elementor-element elementor-element-9da75b9 elementor-widget elementor-widget-image\" data-id=\"9da75b9\" data-element_type=\"widget\" data-e-type=\"widget\" data-widget_type=\"image.default\">\n\t\t\t\t<div class=\"elementor-widget-container\">\n\t\t\t\t\t\t\t\t\t\t\t\t<figure class=\"wp-caption\">\n\t\t\t\t\t\t\t\t\t\t<img loading=\"lazy\" decoding=\"async\" width=\"768\" height=\"512\" src=\"https:\/\/www.elturistatranquil.com\/wp-content\/uploads\/F223b-Sant-Marti-dEmpuries.jpg\" class=\"attachment-large size-large wp-image-29375\" alt=\"Sant Marti d&#039;Empuries\" srcset=\"https:\/\/www.elturistatranquil.com\/wp-content\/uploads\/F223b-Sant-Marti-dEmpuries.jpg 768w, https:\/\/www.elturistatranquil.com\/wp-content\/uploads\/F223b-Sant-Marti-dEmpuries-339x226.jpg 339w\" sizes=\"(max-width: 768px) 100vw, 768px\" \/>\t\t\t\t\t\t\t\t\t\t\t<figcaption class=\"widget-image-caption wp-caption-text\"><\/figcaption>\n\t\t\t\t\t\t\t\t\t\t<\/figure>\n\t\t\t\t\t\t\t\t\t<\/div>\n\t\t\t\t<\/div>\n\t\t\t\t<div class=\"elementor-element elementor-element-bbfca7d elementor-widget elementor-widget-text-editor\" data-id=\"bbfca7d\" data-element_type=\"widget\" data-e-type=\"widget\" data-widget_type=\"text-editor.default\">\n\t\t\t\t<div class=\"elementor-widget-container\">\n\t\t\t\t\t\t\t\t\t<p>El tram de muralla sud, i l\u2019Esgl\u00e9sia g\u00f2tica sobre la muralla amb l\u2019absis a llevant.<\/p>\t\t\t\t\t\t\t\t<\/div>\n\t\t\t\t<\/div>\n\t\t\t\t<div class=\"elementor-element elementor-element-0e498a0 elementor-widget elementor-widget-image\" data-id=\"0e498a0\" data-element_type=\"widget\" data-e-type=\"widget\" data-widget_type=\"image.default\">\n\t\t\t\t<div class=\"elementor-widget-container\">\n\t\t\t\t\t\t\t\t\t\t\t\t<figure class=\"wp-caption\">\n\t\t\t\t\t\t\t\t\t\t<img loading=\"lazy\" decoding=\"async\" width=\"768\" height=\"512\" src=\"https:\/\/www.elturistatranquil.com\/wp-content\/uploads\/F224-Sant-Marti-dEmpuries.jpg\" class=\"attachment-large size-large wp-image-29251\" alt=\"Sant Marti d&#039;Empuries\" srcset=\"https:\/\/www.elturistatranquil.com\/wp-content\/uploads\/F224-Sant-Marti-dEmpuries.jpg 768w, https:\/\/www.elturistatranquil.com\/wp-content\/uploads\/F224-Sant-Marti-dEmpuries-339x226.jpg 339w\" sizes=\"(max-width: 768px) 100vw, 768px\" \/>\t\t\t\t\t\t\t\t\t\t\t<figcaption class=\"widget-image-caption wp-caption-text\"><\/figcaption>\n\t\t\t\t\t\t\t\t\t\t<\/figure>\n\t\t\t\t\t\t\t\t\t<\/div>\n\t\t\t\t<\/div>\n\t\t\t\t<div class=\"elementor-element elementor-element-c3c76a2 elementor-widget elementor-widget-image\" data-id=\"c3c76a2\" data-element_type=\"widget\" data-e-type=\"widget\" data-widget_type=\"image.default\">\n\t\t\t\t<div class=\"elementor-widget-container\">\n\t\t\t\t\t\t\t\t\t\t\t\t<figure class=\"wp-caption\">\n\t\t\t\t\t\t\t\t\t\t<img loading=\"lazy\" decoding=\"async\" width=\"768\" height=\"512\" src=\"https:\/\/www.elturistatranquil.com\/wp-content\/uploads\/F225-Sant-Marti-dEmpuries.jpg\" class=\"attachment-large size-large wp-image-29253\" alt=\"Sant Marti d&#039;Empuries\" srcset=\"https:\/\/www.elturistatranquil.com\/wp-content\/uploads\/F225-Sant-Marti-dEmpuries.jpg 768w, https:\/\/www.elturistatranquil.com\/wp-content\/uploads\/F225-Sant-Marti-dEmpuries-339x226.jpg 339w\" sizes=\"(max-width: 768px) 100vw, 768px\" \/>\t\t\t\t\t\t\t\t\t\t\t<figcaption class=\"widget-image-caption wp-caption-text\"><\/figcaption>\n\t\t\t\t\t\t\t\t\t\t<\/figure>\n\t\t\t\t\t\t\t\t\t<\/div>\n\t\t\t\t<\/div>\n\t\t\t\t<div class=\"elementor-element elementor-element-150e6d1 elementor-widget elementor-widget-text-editor\" data-id=\"150e6d1\" data-element_type=\"widget\" data-e-type=\"widget\" data-widget_type=\"text-editor.default\">\n\t\t\t\t<div class=\"elementor-widget-container\">\n\t\t\t\t\t\t\t\t\t<p>Des de la pla\u00e7a Major segueixo alternativament els dos carrers de la part nord.<\/p><p>El <strong>carrer del Corral<\/strong>.<\/p>\t\t\t\t\t\t\t\t<\/div>\n\t\t\t\t<\/div>\n\t\t\t\t<div class=\"elementor-element elementor-element-6311f6c elementor-widget elementor-widget-image\" data-id=\"6311f6c\" data-element_type=\"widget\" data-e-type=\"widget\" data-widget_type=\"image.default\">\n\t\t\t\t<div class=\"elementor-widget-container\">\n\t\t\t\t\t\t\t\t\t\t\t\t<figure class=\"wp-caption\">\n\t\t\t\t\t\t\t\t\t\t<img loading=\"lazy\" decoding=\"async\" width=\"768\" height=\"512\" src=\"https:\/\/www.elturistatranquil.com\/wp-content\/uploads\/F226-Sant-Marti-dEmpuries.jpg\" class=\"attachment-large size-large wp-image-29255\" alt=\"Sant Marti d&#039;Empuries\" srcset=\"https:\/\/www.elturistatranquil.com\/wp-content\/uploads\/F226-Sant-Marti-dEmpuries.jpg 768w, https:\/\/www.elturistatranquil.com\/wp-content\/uploads\/F226-Sant-Marti-dEmpuries-339x226.jpg 339w\" sizes=\"(max-width: 768px) 100vw, 768px\" \/>\t\t\t\t\t\t\t\t\t\t\t<figcaption class=\"widget-image-caption wp-caption-text\"><\/figcaption>\n\t\t\t\t\t\t\t\t\t\t<\/figure>\n\t\t\t\t\t\t\t\t\t<\/div>\n\t\t\t\t<\/div>\n\t\t\t\t<div class=\"elementor-element elementor-element-b09a293 elementor-widget elementor-widget-text-editor\" data-id=\"b09a293\" data-element_type=\"widget\" data-e-type=\"widget\" data-widget_type=\"text-editor.default\">\n\t\t\t\t<div class=\"elementor-widget-container\">\n\t\t\t\t\t\t\t\t\t<p>I el <strong>carrer Francesa<\/strong>, que porta a la punta nord-oest de la muralla, que conserva part de la seva estructura i el pou.<\/p>\t\t\t\t\t\t\t\t<\/div>\n\t\t\t\t<\/div>\n\t\t\t\t<div class=\"elementor-element elementor-element-fb64dee elementor-widget elementor-widget-image\" data-id=\"fb64dee\" data-element_type=\"widget\" data-e-type=\"widget\" data-widget_type=\"image.default\">\n\t\t\t\t<div class=\"elementor-widget-container\">\n\t\t\t\t\t\t\t\t\t\t\t\t<figure class=\"wp-caption\">\n\t\t\t\t\t\t\t\t\t\t<img loading=\"lazy\" decoding=\"async\" width=\"768\" height=\"512\" src=\"https:\/\/www.elturistatranquil.com\/wp-content\/uploads\/F227-Sant-Marti-dEmpuries.jpg\" class=\"attachment-large size-large wp-image-29257\" alt=\"Sant Marti d&#039;Empuries\" srcset=\"https:\/\/www.elturistatranquil.com\/wp-content\/uploads\/F227-Sant-Marti-dEmpuries.jpg 768w, https:\/\/www.elturistatranquil.com\/wp-content\/uploads\/F227-Sant-Marti-dEmpuries-339x226.jpg 339w\" sizes=\"(max-width: 768px) 100vw, 768px\" \/>\t\t\t\t\t\t\t\t\t\t\t<figcaption class=\"widget-image-caption wp-caption-text\"><\/figcaption>\n\t\t\t\t\t\t\t\t\t\t<\/figure>\n\t\t\t\t\t\t\t\t\t<\/div>\n\t\t\t\t<\/div>\n\t\t\t\t<div class=\"elementor-element elementor-element-5db8747 elementor-widget elementor-widget-image\" data-id=\"5db8747\" data-element_type=\"widget\" data-e-type=\"widget\" data-widget_type=\"image.default\">\n\t\t\t\t<div class=\"elementor-widget-container\">\n\t\t\t\t\t\t\t\t\t\t\t\t<figure class=\"wp-caption\">\n\t\t\t\t\t\t\t\t\t\t<img loading=\"lazy\" decoding=\"async\" width=\"768\" height=\"512\" src=\"https:\/\/www.elturistatranquil.com\/wp-content\/uploads\/F228-Sant-Marti-dEmpuries.jpg\" class=\"attachment-large size-large wp-image-29259\" alt=\"Sant Marti d&#039;Empuries\" srcset=\"https:\/\/www.elturistatranquil.com\/wp-content\/uploads\/F228-Sant-Marti-dEmpuries.jpg 768w, https:\/\/www.elturistatranquil.com\/wp-content\/uploads\/F228-Sant-Marti-dEmpuries-339x226.jpg 339w\" sizes=\"(max-width: 768px) 100vw, 768px\" \/>\t\t\t\t\t\t\t\t\t\t\t<figcaption class=\"widget-image-caption wp-caption-text\"><\/figcaption>\n\t\t\t\t\t\t\t\t\t\t<\/figure>\n\t\t\t\t\t\t\t\t\t<\/div>\n\t\t\t\t<\/div>\n\t\t\t\t<div class=\"elementor-element elementor-element-6fa4520 elementor-widget elementor-widget-text-editor\" data-id=\"6fa4520\" data-element_type=\"widget\" data-e-type=\"widget\" data-widget_type=\"text-editor.default\">\n\t\t\t\t<div class=\"elementor-widget-container\">\n\t\t\t\t\t\t\t\t\t<p>Prenc l\u2019\u00fanic carrer que em quedava per rec\u00f3rrer, el <strong>carrer del Pou<\/strong>, fins a la porta de la muralla.<\/p>\t\t\t\t\t\t\t\t<\/div>\n\t\t\t\t<\/div>\n\t\t\t\t<div class=\"elementor-element elementor-element-5ea382b elementor-widget elementor-widget-image\" data-id=\"5ea382b\" data-element_type=\"widget\" data-e-type=\"widget\" data-widget_type=\"image.default\">\n\t\t\t\t<div class=\"elementor-widget-container\">\n\t\t\t\t\t\t\t\t\t\t\t\t<figure class=\"wp-caption\">\n\t\t\t\t\t\t\t\t\t\t<img loading=\"lazy\" decoding=\"async\" width=\"768\" height=\"512\" src=\"https:\/\/www.elturistatranquil.com\/wp-content\/uploads\/F229-Sant-Marti-dEmpuries.jpg\" class=\"attachment-large size-large wp-image-29261\" alt=\"Sant Marti d&#039;Empuries\" srcset=\"https:\/\/www.elturistatranquil.com\/wp-content\/uploads\/F229-Sant-Marti-dEmpuries.jpg 768w, https:\/\/www.elturistatranquil.com\/wp-content\/uploads\/F229-Sant-Marti-dEmpuries-339x226.jpg 339w\" sizes=\"(max-width: 768px) 100vw, 768px\" \/>\t\t\t\t\t\t\t\t\t\t\t<figcaption class=\"widget-image-caption wp-caption-text\"><\/figcaption>\n\t\t\t\t\t\t\t\t\t\t<\/figure>\n\t\t\t\t\t\t\t\t\t<\/div>\n\t\t\t\t<\/div>\n\t\t\t\t<div class=\"elementor-element elementor-element-9a953db elementor-widget elementor-widget-text-editor\" data-id=\"9a953db\" data-element_type=\"widget\" data-e-type=\"widget\" data-widget_type=\"text-editor.default\">\n\t\t\t\t<div class=\"elementor-widget-container\">\n\t\t\t\t\t\t\t\t\t<p>A la muralla occidental estava situada la <strong>portada principal<\/strong>, defensada per matac\u00e0.<\/p>\t\t\t\t\t\t\t\t<\/div>\n\t\t\t\t<\/div>\n\t\t\t\t<div class=\"elementor-element elementor-element-2bb58fd elementor-widget elementor-widget-image\" data-id=\"2bb58fd\" data-element_type=\"widget\" data-e-type=\"widget\" data-widget_type=\"image.default\">\n\t\t\t\t<div class=\"elementor-widget-container\">\n\t\t\t\t\t\t\t\t\t\t\t\t<figure class=\"wp-caption\">\n\t\t\t\t\t\t\t\t\t\t<img loading=\"lazy\" decoding=\"async\" width=\"768\" height=\"512\" src=\"https:\/\/www.elturistatranquil.com\/wp-content\/uploads\/F230-Sant-Marti-dEmpuries.jpg\" class=\"attachment-large size-large wp-image-29263\" alt=\"Sant Marti d&#039;Empuries\" srcset=\"https:\/\/www.elturistatranquil.com\/wp-content\/uploads\/F230-Sant-Marti-dEmpuries.jpg 768w, https:\/\/www.elturistatranquil.com\/wp-content\/uploads\/F230-Sant-Marti-dEmpuries-339x226.jpg 339w\" sizes=\"(max-width: 768px) 100vw, 768px\" \/>\t\t\t\t\t\t\t\t\t\t\t<figcaption class=\"widget-image-caption wp-caption-text\"><\/figcaption>\n\t\t\t\t\t\t\t\t\t\t<\/figure>\n\t\t\t\t\t\t\t\t\t<\/div>\n\t\t\t\t<\/div>\n\t\t\t\t<div class=\"elementor-element elementor-element-2a204cb elementor-widget elementor-widget-text-editor\" data-id=\"2a204cb\" data-element_type=\"widget\" data-e-type=\"widget\" data-widget_type=\"text-editor.default\">\n\t\t\t\t<div class=\"elementor-widget-container\">\n\t\t\t\t\t\t\t\t\t<p>A la muralla occidental estava situada la <strong>portada principal<\/strong>, defensada per matac\u00e0.<\/p>\t\t\t\t\t\t\t\t<\/div>\n\t\t\t\t<\/div>\n\t\t\t\t<div class=\"elementor-element elementor-element-44aca28 elementor-widget elementor-widget-image\" data-id=\"44aca28\" data-element_type=\"widget\" data-e-type=\"widget\" data-widget_type=\"image.default\">\n\t\t\t\t<div class=\"elementor-widget-container\">\n\t\t\t\t\t\t\t\t\t\t\t\t<figure class=\"wp-caption\">\n\t\t\t\t\t\t\t\t\t\t<img loading=\"lazy\" decoding=\"async\" width=\"768\" height=\"512\" src=\"https:\/\/www.elturistatranquil.com\/wp-content\/uploads\/F231-Sant-Marti-dEmpuries.jpg\" class=\"attachment-large size-large wp-image-29265\" alt=\"Sant Marti d&#039;Empuries\" srcset=\"https:\/\/www.elturistatranquil.com\/wp-content\/uploads\/F231-Sant-Marti-dEmpuries.jpg 768w, https:\/\/www.elturistatranquil.com\/wp-content\/uploads\/F231-Sant-Marti-dEmpuries-339x226.jpg 339w\" sizes=\"(max-width: 768px) 100vw, 768px\" \/>\t\t\t\t\t\t\t\t\t\t\t<figcaption class=\"widget-image-caption wp-caption-text\"><\/figcaption>\n\t\t\t\t\t\t\t\t\t\t<\/figure>\n\t\t\t\t\t\t\t\t\t<\/div>\n\t\t\t\t<\/div>\n\t\t\t\t<div class=\"elementor-element elementor-element-0c69573 elementor-widget elementor-widget-menu-anchor\" data-id=\"0c69573\" data-element_type=\"widget\" data-e-type=\"widget\" data-widget_type=\"menu-anchor.default\">\n\t\t\t\t<div class=\"elementor-widget-container\">\n\t\t\t\t\t\t\t<div class=\"elementor-menu-anchor\" id=\"c5104\"><\/div>\n\t\t\t\t\t\t<\/div>\n\t\t\t\t<\/div>\n\t\t\t\t<div class=\"elementor-element elementor-element-a661df5 elementor-widget elementor-widget-image\" data-id=\"a661df5\" data-element_type=\"widget\" data-e-type=\"widget\" data-widget_type=\"image.default\">\n\t\t\t\t<div class=\"elementor-widget-container\">\n\t\t\t\t\t\t\t\t\t\t\t\t<figure class=\"wp-caption\">\n\t\t\t\t\t\t\t\t\t\t<img loading=\"lazy\" decoding=\"async\" width=\"768\" height=\"422\" src=\"https:\/\/www.elturistatranquil.com\/wp-content\/uploads\/F232-Sant-Marti-dEmpuries.jpg\" class=\"attachment-large size-large wp-image-29377\" alt=\"Sant Marti d&#039;Empuries\" srcset=\"https:\/\/www.elturistatranquil.com\/wp-content\/uploads\/F232-Sant-Marti-dEmpuries.jpg 768w, https:\/\/www.elturistatranquil.com\/wp-content\/uploads\/F232-Sant-Marti-dEmpuries-339x186.jpg 339w\" sizes=\"(max-width: 768px) 100vw, 768px\" \/>\t\t\t\t\t\t\t\t\t\t\t<figcaption class=\"widget-image-caption wp-caption-text\"><\/figcaption>\n\t\t\t\t\t\t\t\t\t\t<\/figure>\n\t\t\t\t\t\t\t\t\t<\/div>\n\t\t\t\t<\/div>\n\t\t\t\t<div class=\"elementor-element elementor-element-db876c1 elementor-widget elementor-widget-heading\" data-id=\"db876c1\" data-element_type=\"widget\" data-e-type=\"widget\" data-widget_type=\"heading.default\">\n\t\t\t\t<div class=\"elementor-widget-container\">\n\t\t\t\t\t<h2 class=\"elementor-heading-title elementor-size-default\">Fi de la visita<\/h2>\t\t\t\t<\/div>\n\t\t\t\t<\/div>\n\t\t\t\t<div class=\"elementor-element elementor-element-77b0d77 elementor-widget elementor-widget-menu-anchor\" data-id=\"77b0d77\" data-element_type=\"widget\" data-e-type=\"widget\" data-widget_type=\"menu-anchor.default\">\n\t\t\t\t<div class=\"elementor-widget-container\">\n\t\t\t\t\t\t\t<div class=\"elementor-menu-anchor\" id=\"c5105\"><\/div>\n\t\t\t\t\t\t<\/div>\n\t\t\t\t<\/div>\n\t\t\t\t<div class=\"elementor-element elementor-element-0fa7d67 elementor-widget elementor-widget-text-editor\" data-id=\"0fa7d67\" data-element_type=\"widget\" data-e-type=\"widget\" data-widget_type=\"text-editor.default\">\n\t\t\t\t<div class=\"elementor-widget-container\">\n\t\t\t\t\t\t\t\t\t<p>Amb el Post de la <a href=\"https:\/\/www.elturistatranquil.com\/ca\/empuries-i-sant-marti-dempuries-girona\/\" target=\"_blank\" rel=\"noopener\"><strong>Ciutat greco-romana d\u2019Emp\u00faries<\/strong><\/a> i aquest de <strong>Sant Mart\u00ed d\u2019Emp\u00faries<\/strong>, disposem d\u2018una visi\u00f3 completa dels assentaments que des del segle IV aC fins a\u00a0 segle XV dC van girar a l\u2019entorn d\u2019Emp\u00faries.<\/p><p>Crec que aquesta immersi\u00f3 en l\u2019esdevenir hist\u00f2ric continuat d\u2019un territori es d\u2019un valor excepcional. Sobre tot, tenint en compte que no ha estat reedificat. Arrenca a l\u2019edat del bronze, per\u00f2 el m\u00e9s transcendent va ser al segle IV aC, amb l\u2019arribada dels grecs foceus, i acaba a l\u2019edat mitjana, despr\u00e9s de ser seu comtal i episcopal i pla\u00e7a militar emmurallada.<\/p><p>Malgrat el par\u00e8ntesi posterior, assumeix una continu\u00eftat amb la valoritzaci\u00f3 cultural de principis del segle XX i la innegable import\u00e0ncia tur\u00edstica des de la segona meitat del segle XX, amb intensa continu\u00eftat actual.<\/p><p>Nom\u00e9s cal passejar-se -o sopar- per la pla\u00e7a Major de Sant Mart\u00ed d\u2019Emp\u00faries qualsevol nit d\u2019estiu per comprovar el seu atractiu tur\u00edstic.<\/p>\t\t\t\t\t\t\t\t<\/div>\n\t\t\t\t<\/div>\n\t\t\t\t<div class=\"elementor-element elementor-element-0105b47 elementor-widget elementor-widget-heading\" data-id=\"0105b47\" data-element_type=\"widget\" data-e-type=\"widget\" data-widget_type=\"heading.default\">\n\t\t\t\t<div class=\"elementor-widget-container\">\n\t\t\t\t\t<h2 class=\"elementor-heading-title elementor-size-default\">Bases d'informaci\u00f3<\/h2>\t\t\t\t<\/div>\n\t\t\t\t<\/div>\n\t\t\t\t<div class=\"elementor-element elementor-element-22dedeaf elementor-widget elementor-widget-text-editor\" data-id=\"22dedeaf\" data-element_type=\"widget\" data-e-type=\"widget\" data-widget_type=\"text-editor.default\">\n\t\t\t\t<div class=\"elementor-widget-container\">\n\t\t\t\t\t\t\t\t\t<p><strong>Webs<\/strong><\/p><p><a href=\"https:\/\/www.visitlescala.com\/es\/sant-marti-dempuries\" target=\"_blank\" rel=\"noopener\">ajuntament<\/a><\/p><p><a href=\"https:\/\/es.wikipedia.org\/wiki\/San_Mart%C3%ADn_de_Ampurias\" target=\"_blank\" rel=\"noopener\">wikipedia.es<\/a><\/p><p><a href=\"https:\/\/ca.wikipedia.org\/wiki\/Sant_Mart%C3%AD_d%27Emp%C3%BAries\" target=\"_blank\" rel=\"noopener\">wikipedia.ca<\/a><\/p><p><a href=\"http:\/\/invarque.cultura.gencat.cat\/FitxaGeneral?index=1318&amp;consulta=MSUxK2NhbiBjb3J0YWRhJTIrLTEl&amp;codi=5612\" target=\"_blank\" rel=\"noopener\">patrimoni<\/a><\/p><p><a href=\"https:\/\/www.enciclopedia.cat\/ec-gec-0060303.xml\" target=\"_blank\" rel=\"noopener\">enciclopediacatalana<\/a><\/p>\t\t\t\t\t\t\t\t<\/div>\n\t\t\t\t<\/div>\n\t\t\t\t\t<\/div>\n\t\t<\/div>\n\t\t\t\t\t<\/div>\n\t\t<\/section>\n\t\t\t\t<\/div>\n\t\t","protected":false},"excerpt":{"rendered":"<p>L\u2019actual poble medieval de Sant Mart\u00ed d\u2019Emp\u00faries (Girona), va ser el primer assentament dels grecs foceus que va donar lloc a la creaci\u00f3 de la Emp\u00faries grega. Al final, seu &#8230; <a title=\"Sant Mart\u00ed d\u2019Emp\u00faries (Girona)\" class=\"read-more\" href=\"https:\/\/www.elturistatranquil.com\/ca\/sant-marti-dempuries-girona\/\" aria-label=\"M\u00e9s informaci\u00f3 sobre Sant Mart\u00ed d\u2019Emp\u00faries (Girona)\">[ &#8230; ]<\/a><\/p>\n","protected":false},"author":1,"featured_media":29237,"comment_status":"open","ping_status":"closed","sticky":false,"template":"","format":"standard","meta":{"footnotes":""},"categories":[71,72,75,145,135,82,83,89,95,99,100,159,48,107],"tags":[],"class_list":["post-29390","post","type-post","status-publish","format-standard","has-post-thumbnail","hentry","category-arquitectura-popular-ca","category-arquitectura-religiosa-ca","category-castells","category-edat-mitjana","category-girona-ca","category-gotic","category-historia-ca","category-modernisme","category-paisatge","category-poble","category-pobles-i-ciutats-amb-interes","category-recintes-emmurallats","category-romano","category-segle-xx-xxi","infinite-scroll-item","generate-columns","tablet-grid-50","mobile-grid-100","grid-parent","grid-50","no-featured-image-padding"],"yoast_head":"<!-- This site is optimized with the Yoast SEO plugin v27.4 - https:\/\/yoast.com\/product\/yoast-seo-wordpress\/ -->\n<title>Sant Mart\u00ed d\u2019Emp\u00faries (Girona) - El turista tranquil<\/title>\n<meta name=\"description\" content=\"L\u2019actual poble medieval de Sant Mart\u00ed d\u2019Emp\u00faries (Girona), va ser el primer assentament dels grecs foceus que va donar lloc a la creaci\u00f3 de la Emp\u00faries grega. Al final, seu del comtat d\u2019Emp\u00faries.\" \/>\n<meta name=\"robots\" content=\"index, follow, max-snippet:-1, max-image-preview:large, max-video-preview:-1\" \/>\n<link rel=\"canonical\" href=\"https:\/\/www.elturistatranquil.com\/ca\/sant-marti-dempuries-girona\/\" \/>\n<meta property=\"og:locale\" content=\"ca_ES\" \/>\n<meta property=\"og:type\" content=\"article\" \/>\n<meta property=\"og:title\" content=\"Sant Mart\u00ed d\u2019Emp\u00faries (Girona) - El turista tranquil\" \/>\n<meta property=\"og:description\" content=\"L\u2019actual poble medieval de Sant Mart\u00ed d\u2019Emp\u00faries (Girona), va ser el primer assentament dels grecs foceus que va donar lloc a la creaci\u00f3 de la Emp\u00faries grega. Al final, seu del comtat d\u2019Emp\u00faries.\" \/>\n<meta property=\"og:url\" content=\"https:\/\/www.elturistatranquil.com\/ca\/sant-marti-dempuries-girona\/\" \/>\n<meta property=\"og:site_name\" content=\"El turista tranquil\" \/>\n<meta property=\"article:publisher\" content=\"https:\/\/www.facebook.com\/elturistatranquilo\/\" \/>\n<meta property=\"article:published_time\" content=\"2020-03-14T10:22:56+00:00\" \/>\n<meta property=\"article:modified_time\" content=\"2020-03-14T10:23:42+00:00\" \/>\n<meta property=\"og:image\" content=\"https:\/\/www.elturistatranquil.com\/wp-content\/uploads\/F217-Sant-Marti-dEmpuries.jpg\" \/>\n\t<meta property=\"og:image:width\" content=\"768\" \/>\n\t<meta property=\"og:image:height\" content=\"512\" \/>\n\t<meta property=\"og:image:type\" content=\"image\/jpeg\" \/>\n<meta name=\"author\" content=\"admin\" \/>\n<meta name=\"twitter:card\" content=\"summary_large_image\" \/>\n<meta name=\"twitter:label1\" content=\"Escrit per\" \/>\n\t<meta name=\"twitter:data1\" content=\"admin\" \/>\n\t<meta name=\"twitter:label2\" content=\"Temps estimat de lectura\" \/>\n\t<meta name=\"twitter:data2\" content=\"6 minuts\" \/>\n<script type=\"application\/ld+json\" class=\"yoast-schema-graph\">{\"@context\":\"https:\\\/\\\/schema.org\",\"@graph\":[{\"@type\":\"Article\",\"@id\":\"https:\\\/\\\/www.elturistatranquil.com\\\/ca\\\/sant-marti-dempuries-girona\\\/#article\",\"isPartOf\":{\"@id\":\"https:\\\/\\\/www.elturistatranquil.com\\\/ca\\\/sant-marti-dempuries-girona\\\/\"},\"author\":{\"name\":\"admin\",\"@id\":\"https:\\\/\\\/www.elturistatranquil.com\\\/ca\\\/#\\\/schema\\\/person\\\/16f607c3079b96ed0c530a52e6b58bb5\"},\"headline\":\"Sant Mart\u00ed d\u2019Emp\u00faries (Girona)\",\"datePublished\":\"2020-03-14T10:22:56+00:00\",\"dateModified\":\"2020-03-14T10:23:42+00:00\",\"mainEntityOfPage\":{\"@id\":\"https:\\\/\\\/www.elturistatranquil.com\\\/ca\\\/sant-marti-dempuries-girona\\\/\"},\"wordCount\":1178,\"commentCount\":0,\"image\":{\"@id\":\"https:\\\/\\\/www.elturistatranquil.com\\\/ca\\\/sant-marti-dempuries-girona\\\/#primaryimage\"},\"thumbnailUrl\":\"https:\\\/\\\/www.elturistatranquil.com\\\/wp-content\\\/uploads\\\/F217-Sant-Marti-dEmpuries.jpg\",\"articleSection\":[\"Arquitectura popular\",\"Arquitectura religiosa\",\"Castells, Muralles\",\"Edat mitjana\",\"Girona\",\"G\u00f2tic\",\"Hist\u00f2ria\",\"Modernisme\",\"Paisatge\",\"Poble\",\"Pobles i ciutats amb inter\u00e9s\",\"Recintes emmurallats\",\"Romano\",\"Segle XX-XXI\"],\"inLanguage\":\"ca\",\"potentialAction\":[{\"@type\":\"CommentAction\",\"name\":\"Comment\",\"target\":[\"https:\\\/\\\/www.elturistatranquil.com\\\/ca\\\/sant-marti-dempuries-girona\\\/#respond\"]}]},{\"@type\":\"WebPage\",\"@id\":\"https:\\\/\\\/www.elturistatranquil.com\\\/ca\\\/sant-marti-dempuries-girona\\\/\",\"url\":\"https:\\\/\\\/www.elturistatranquil.com\\\/ca\\\/sant-marti-dempuries-girona\\\/\",\"name\":\"Sant Mart\u00ed d\u2019Emp\u00faries (Girona) - El turista tranquil\",\"isPartOf\":{\"@id\":\"https:\\\/\\\/www.elturistatranquil.com\\\/ca\\\/#website\"},\"primaryImageOfPage\":{\"@id\":\"https:\\\/\\\/www.elturistatranquil.com\\\/ca\\\/sant-marti-dempuries-girona\\\/#primaryimage\"},\"image\":{\"@id\":\"https:\\\/\\\/www.elturistatranquil.com\\\/ca\\\/sant-marti-dempuries-girona\\\/#primaryimage\"},\"thumbnailUrl\":\"https:\\\/\\\/www.elturistatranquil.com\\\/wp-content\\\/uploads\\\/F217-Sant-Marti-dEmpuries.jpg\",\"datePublished\":\"2020-03-14T10:22:56+00:00\",\"dateModified\":\"2020-03-14T10:23:42+00:00\",\"author\":{\"@id\":\"https:\\\/\\\/www.elturistatranquil.com\\\/ca\\\/#\\\/schema\\\/person\\\/16f607c3079b96ed0c530a52e6b58bb5\"},\"description\":\"L\u2019actual poble medieval de Sant Mart\u00ed d\u2019Emp\u00faries (Girona), va ser el primer assentament dels grecs foceus que va donar lloc a la creaci\u00f3 de la Emp\u00faries grega. Al final, seu del comtat d\u2019Emp\u00faries.\",\"breadcrumb\":{\"@id\":\"https:\\\/\\\/www.elturistatranquil.com\\\/ca\\\/sant-marti-dempuries-girona\\\/#breadcrumb\"},\"inLanguage\":\"ca\",\"potentialAction\":[{\"@type\":\"ReadAction\",\"target\":[\"https:\\\/\\\/www.elturistatranquil.com\\\/ca\\\/sant-marti-dempuries-girona\\\/\"]}]},{\"@type\":\"ImageObject\",\"inLanguage\":\"ca\",\"@id\":\"https:\\\/\\\/www.elturistatranquil.com\\\/ca\\\/sant-marti-dempuries-girona\\\/#primaryimage\",\"url\":\"https:\\\/\\\/www.elturistatranquil.com\\\/wp-content\\\/uploads\\\/F217-Sant-Marti-dEmpuries.jpg\",\"contentUrl\":\"https:\\\/\\\/www.elturistatranquil.com\\\/wp-content\\\/uploads\\\/F217-Sant-Marti-dEmpuries.jpg\",\"width\":768,\"height\":512,\"caption\":\"Sant Marti d'Empuries\"},{\"@type\":\"BreadcrumbList\",\"@id\":\"https:\\\/\\\/www.elturistatranquil.com\\\/ca\\\/sant-marti-dempuries-girona\\\/#breadcrumb\",\"itemListElement\":[{\"@type\":\"ListItem\",\"position\":1,\"name\":\"Portada\",\"item\":\"https:\\\/\\\/www.elturistatranquil.com\\\/ca\\\/\"},{\"@type\":\"ListItem\",\"position\":2,\"name\":\"Sant Mart\u00ed d\u2019Emp\u00faries (Girona)\"}]},{\"@type\":\"WebSite\",\"@id\":\"https:\\\/\\\/www.elturistatranquil.com\\\/ca\\\/#website\",\"url\":\"https:\\\/\\\/www.elturistatranquil.com\\\/ca\\\/\",\"name\":\"El turista tranquil\",\"description\":\"Blog de viatges\",\"potentialAction\":[{\"@type\":\"SearchAction\",\"target\":{\"@type\":\"EntryPoint\",\"urlTemplate\":\"https:\\\/\\\/www.elturistatranquil.com\\\/ca\\\/?s={search_term_string}\"},\"query-input\":{\"@type\":\"PropertyValueSpecification\",\"valueRequired\":true,\"valueName\":\"search_term_string\"}}],\"inLanguage\":\"ca\"},{\"@type\":\"Person\",\"@id\":\"https:\\\/\\\/www.elturistatranquil.com\\\/ca\\\/#\\\/schema\\\/person\\\/16f607c3079b96ed0c530a52e6b58bb5\",\"name\":\"admin\",\"image\":{\"@type\":\"ImageObject\",\"inLanguage\":\"ca\",\"@id\":\"https:\\\/\\\/secure.gravatar.com\\\/avatar\\\/1fbaf22aee75fcbb29a2f97b107f95d25d3a19b7c3416105be10269872673e8d?s=96&d=mm&r=g\",\"url\":\"https:\\\/\\\/secure.gravatar.com\\\/avatar\\\/1fbaf22aee75fcbb29a2f97b107f95d25d3a19b7c3416105be10269872673e8d?s=96&d=mm&r=g\",\"contentUrl\":\"https:\\\/\\\/secure.gravatar.com\\\/avatar\\\/1fbaf22aee75fcbb29a2f97b107f95d25d3a19b7c3416105be10269872673e8d?s=96&d=mm&r=g\",\"caption\":\"admin\"}}]}<\/script>\n<!-- \/ Yoast SEO plugin. -->","yoast_head_json":{"title":"Sant Mart\u00ed d\u2019Emp\u00faries (Girona) - El turista tranquil","description":"L\u2019actual poble medieval de Sant Mart\u00ed d\u2019Emp\u00faries (Girona), va ser el primer assentament dels grecs foceus que va donar lloc a la creaci\u00f3 de la Emp\u00faries grega. Al final, seu del comtat d\u2019Emp\u00faries.","robots":{"index":"index","follow":"follow","max-snippet":"max-snippet:-1","max-image-preview":"max-image-preview:large","max-video-preview":"max-video-preview:-1"},"canonical":"https:\/\/www.elturistatranquil.com\/ca\/sant-marti-dempuries-girona\/","og_locale":"ca_ES","og_type":"article","og_title":"Sant Mart\u00ed d\u2019Emp\u00faries (Girona) - El turista tranquil","og_description":"L\u2019actual poble medieval de Sant Mart\u00ed d\u2019Emp\u00faries (Girona), va ser el primer assentament dels grecs foceus que va donar lloc a la creaci\u00f3 de la Emp\u00faries grega. Al final, seu del comtat d\u2019Emp\u00faries.","og_url":"https:\/\/www.elturistatranquil.com\/ca\/sant-marti-dempuries-girona\/","og_site_name":"El turista tranquil","article_publisher":"https:\/\/www.facebook.com\/elturistatranquilo\/","article_published_time":"2020-03-14T10:22:56+00:00","article_modified_time":"2020-03-14T10:23:42+00:00","og_image":[{"width":768,"height":512,"url":"https:\/\/www.elturistatranquil.com\/wp-content\/uploads\/F217-Sant-Marti-dEmpuries.jpg","type":"image\/jpeg"}],"author":"admin","twitter_card":"summary_large_image","twitter_misc":{"Escrit per":"admin","Temps estimat de lectura":"6 minuts"},"schema":{"@context":"https:\/\/schema.org","@graph":[{"@type":"Article","@id":"https:\/\/www.elturistatranquil.com\/ca\/sant-marti-dempuries-girona\/#article","isPartOf":{"@id":"https:\/\/www.elturistatranquil.com\/ca\/sant-marti-dempuries-girona\/"},"author":{"name":"admin","@id":"https:\/\/www.elturistatranquil.com\/ca\/#\/schema\/person\/16f607c3079b96ed0c530a52e6b58bb5"},"headline":"Sant Mart\u00ed d\u2019Emp\u00faries (Girona)","datePublished":"2020-03-14T10:22:56+00:00","dateModified":"2020-03-14T10:23:42+00:00","mainEntityOfPage":{"@id":"https:\/\/www.elturistatranquil.com\/ca\/sant-marti-dempuries-girona\/"},"wordCount":1178,"commentCount":0,"image":{"@id":"https:\/\/www.elturistatranquil.com\/ca\/sant-marti-dempuries-girona\/#primaryimage"},"thumbnailUrl":"https:\/\/www.elturistatranquil.com\/wp-content\/uploads\/F217-Sant-Marti-dEmpuries.jpg","articleSection":["Arquitectura popular","Arquitectura religiosa","Castells, Muralles","Edat mitjana","Girona","G\u00f2tic","Hist\u00f2ria","Modernisme","Paisatge","Poble","Pobles i ciutats amb inter\u00e9s","Recintes emmurallats","Romano","Segle XX-XXI"],"inLanguage":"ca","potentialAction":[{"@type":"CommentAction","name":"Comment","target":["https:\/\/www.elturistatranquil.com\/ca\/sant-marti-dempuries-girona\/#respond"]}]},{"@type":"WebPage","@id":"https:\/\/www.elturistatranquil.com\/ca\/sant-marti-dempuries-girona\/","url":"https:\/\/www.elturistatranquil.com\/ca\/sant-marti-dempuries-girona\/","name":"Sant Mart\u00ed d\u2019Emp\u00faries (Girona) - El turista tranquil","isPartOf":{"@id":"https:\/\/www.elturistatranquil.com\/ca\/#website"},"primaryImageOfPage":{"@id":"https:\/\/www.elturistatranquil.com\/ca\/sant-marti-dempuries-girona\/#primaryimage"},"image":{"@id":"https:\/\/www.elturistatranquil.com\/ca\/sant-marti-dempuries-girona\/#primaryimage"},"thumbnailUrl":"https:\/\/www.elturistatranquil.com\/wp-content\/uploads\/F217-Sant-Marti-dEmpuries.jpg","datePublished":"2020-03-14T10:22:56+00:00","dateModified":"2020-03-14T10:23:42+00:00","author":{"@id":"https:\/\/www.elturistatranquil.com\/ca\/#\/schema\/person\/16f607c3079b96ed0c530a52e6b58bb5"},"description":"L\u2019actual poble medieval de Sant Mart\u00ed d\u2019Emp\u00faries (Girona), va ser el primer assentament dels grecs foceus que va donar lloc a la creaci\u00f3 de la Emp\u00faries grega. Al final, seu del comtat d\u2019Emp\u00faries.","breadcrumb":{"@id":"https:\/\/www.elturistatranquil.com\/ca\/sant-marti-dempuries-girona\/#breadcrumb"},"inLanguage":"ca","potentialAction":[{"@type":"ReadAction","target":["https:\/\/www.elturistatranquil.com\/ca\/sant-marti-dempuries-girona\/"]}]},{"@type":"ImageObject","inLanguage":"ca","@id":"https:\/\/www.elturistatranquil.com\/ca\/sant-marti-dempuries-girona\/#primaryimage","url":"https:\/\/www.elturistatranquil.com\/wp-content\/uploads\/F217-Sant-Marti-dEmpuries.jpg","contentUrl":"https:\/\/www.elturistatranquil.com\/wp-content\/uploads\/F217-Sant-Marti-dEmpuries.jpg","width":768,"height":512,"caption":"Sant Marti d'Empuries"},{"@type":"BreadcrumbList","@id":"https:\/\/www.elturistatranquil.com\/ca\/sant-marti-dempuries-girona\/#breadcrumb","itemListElement":[{"@type":"ListItem","position":1,"name":"Portada","item":"https:\/\/www.elturistatranquil.com\/ca\/"},{"@type":"ListItem","position":2,"name":"Sant Mart\u00ed d\u2019Emp\u00faries (Girona)"}]},{"@type":"WebSite","@id":"https:\/\/www.elturistatranquil.com\/ca\/#website","url":"https:\/\/www.elturistatranquil.com\/ca\/","name":"El turista tranquil","description":"Blog de viatges","potentialAction":[{"@type":"SearchAction","target":{"@type":"EntryPoint","urlTemplate":"https:\/\/www.elturistatranquil.com\/ca\/?s={search_term_string}"},"query-input":{"@type":"PropertyValueSpecification","valueRequired":true,"valueName":"search_term_string"}}],"inLanguage":"ca"},{"@type":"Person","@id":"https:\/\/www.elturistatranquil.com\/ca\/#\/schema\/person\/16f607c3079b96ed0c530a52e6b58bb5","name":"admin","image":{"@type":"ImageObject","inLanguage":"ca","@id":"https:\/\/secure.gravatar.com\/avatar\/1fbaf22aee75fcbb29a2f97b107f95d25d3a19b7c3416105be10269872673e8d?s=96&d=mm&r=g","url":"https:\/\/secure.gravatar.com\/avatar\/1fbaf22aee75fcbb29a2f97b107f95d25d3a19b7c3416105be10269872673e8d?s=96&d=mm&r=g","contentUrl":"https:\/\/secure.gravatar.com\/avatar\/1fbaf22aee75fcbb29a2f97b107f95d25d3a19b7c3416105be10269872673e8d?s=96&d=mm&r=g","caption":"admin"}}]}},"_links":{"self":[{"href":"https:\/\/www.elturistatranquil.com\/ca\/wp-json\/wp\/v2\/posts\/29390","targetHints":{"allow":["GET"]}}],"collection":[{"href":"https:\/\/www.elturistatranquil.com\/ca\/wp-json\/wp\/v2\/posts"}],"about":[{"href":"https:\/\/www.elturistatranquil.com\/ca\/wp-json\/wp\/v2\/types\/post"}],"author":[{"embeddable":true,"href":"https:\/\/www.elturistatranquil.com\/ca\/wp-json\/wp\/v2\/users\/1"}],"replies":[{"embeddable":true,"href":"https:\/\/www.elturistatranquil.com\/ca\/wp-json\/wp\/v2\/comments?post=29390"}],"version-history":[{"count":5,"href":"https:\/\/www.elturistatranquil.com\/ca\/wp-json\/wp\/v2\/posts\/29390\/revisions"}],"predecessor-version":[{"id":29602,"href":"https:\/\/www.elturistatranquil.com\/ca\/wp-json\/wp\/v2\/posts\/29390\/revisions\/29602"}],"wp:featuredmedia":[{"embeddable":true,"href":"https:\/\/www.elturistatranquil.com\/ca\/wp-json\/wp\/v2\/media\/29237"}],"wp:attachment":[{"href":"https:\/\/www.elturistatranquil.com\/ca\/wp-json\/wp\/v2\/media?parent=29390"}],"wp:term":[{"taxonomy":"category","embeddable":true,"href":"https:\/\/www.elturistatranquil.com\/ca\/wp-json\/wp\/v2\/categories?post=29390"},{"taxonomy":"post_tag","embeddable":true,"href":"https:\/\/www.elturistatranquil.com\/ca\/wp-json\/wp\/v2\/tags?post=29390"}],"curies":[{"name":"wp","href":"https:\/\/api.w.org\/{rel}","templated":true}]}}