{"id":29581,"date":"2020-03-28T10:17:07","date_gmt":"2020-03-28T09:17:07","guid":{"rendered":"https:\/\/www.elturistatranquil.com\/?p=29581"},"modified":"2020-04-25T13:02:53","modified_gmt":"2020-04-25T11:02:53","slug":"zugarramurdi-la-cova-i-les-bruixes-navarra","status":"publish","type":"post","link":"https:\/\/www.elturistatranquil.com\/ca\/zugarramurdi-la-cova-i-les-bruixes-navarra\/","title":{"rendered":"La Cova i el Museu de les Bruixes de Zugarramurdi (Navarra)"},"content":{"rendered":"\t\t<div data-elementor-type=\"wp-post\" data-elementor-id=\"29581\" class=\"elementor elementor-29581 elementor-29404\" data-elementor-post-type=\"post\">\n\t\t\t\t\t\t<section class=\"elementor-section elementor-top-section elementor-element elementor-element-138fa1c7 elementor-section-boxed elementor-section-height-default elementor-section-height-default\" data-id=\"138fa1c7\" data-element_type=\"section\" data-e-type=\"section\">\n\t\t\t\t\t\t<div class=\"elementor-container elementor-column-gap-default\">\n\t\t\t\t\t<div class=\"elementor-column elementor-col-100 elementor-top-column elementor-element elementor-element-5f2988d6\" data-id=\"5f2988d6\" data-element_type=\"column\" data-e-type=\"column\">\n\t\t\t<div class=\"elementor-widget-wrap elementor-element-populated\">\n\t\t\t\t\t\t<section class=\"elementor-section elementor-inner-section elementor-element elementor-element-75f162cc elementor-section-content-middle elementor-section-boxed elementor-section-height-default elementor-section-height-default\" data-id=\"75f162cc\" data-element_type=\"section\" data-e-type=\"section\">\n\t\t\t\t\t\t<div class=\"elementor-container elementor-column-gap-default\">\n\t\t\t\t\t<div class=\"elementor-column elementor-col-100 elementor-inner-column elementor-element elementor-element-51fe11de\" data-id=\"51fe11de\" data-element_type=\"column\" data-e-type=\"column\">\n\t\t\t<div class=\"elementor-widget-wrap elementor-element-populated\">\n\t\t\t\t\t\t<div class=\"elementor-element elementor-element-7bd9fe31 elementor-widget elementor-widget-text-editor\" data-id=\"7bd9fe31\" data-element_type=\"widget\" data-e-type=\"widget\" data-widget_type=\"text-editor.default\">\n\t\t\t\t<div class=\"elementor-widget-container\">\n\t\t\t\t\t\t\t\t\t<p><em>La Cova i el Museu de les Bruixes de Zugarramurdi (Navarra) <\/em>ens endinsa en aquest m\u00f3n de la societat navarresa de segle XVI, amb les seves creences i repressions, que van fer passar als annals de la Hist\u00f2ria a aquesta Vila.<\/p>\t\t\t\t\t\t\t\t<\/div>\n\t\t\t\t<\/div>\n\t\t\t\t\t<\/div>\n\t\t<\/div>\n\t\t\t\t\t<\/div>\n\t\t<\/section>\n\t\t\t\t<div class=\"elementor-element elementor-element-f6f20b6 elementor-widget elementor-widget-heading\" data-id=\"f6f20b6\" data-element_type=\"widget\" data-e-type=\"widget\" data-widget_type=\"heading.default\">\n\t\t\t\t<div class=\"elementor-widget-container\">\n\t\t\t\t\t<h1 class=\"elementor-heading-title elementor-size-default\">La Cova i el Museu de les Bruixes de Zugarramurdi (Navarra)<\/h1>\t\t\t\t<\/div>\n\t\t\t\t<\/div>\n\t\t\t\t\t<\/div>\n\t\t<\/div>\n\t\t\t\t\t<\/div>\n\t\t<\/section>\n\t\t\t\t<section class=\"elementor-section elementor-top-section elementor-element elementor-element-ac1fe4b elementor-section-boxed elementor-section-height-default elementor-section-height-default\" data-id=\"ac1fe4b\" data-element_type=\"section\" data-e-type=\"section\">\n\t\t\t\t\t\t<div class=\"elementor-container elementor-column-gap-default\">\n\t\t\t\t\t<div class=\"elementor-column elementor-col-100 elementor-top-column elementor-element elementor-element-3b5b1e5d\" data-id=\"3b5b1e5d\" data-element_type=\"column\" data-e-type=\"column\">\n\t\t\t<div class=\"elementor-widget-wrap elementor-element-populated\">\n\t\t\t\t\t\t<div class=\"elementor-element elementor-element-5f7b3ed0 elementor-widget elementor-widget-image\" data-id=\"5f7b3ed0\" data-element_type=\"widget\" data-e-type=\"widget\" data-widget_type=\"image.default\">\n\t\t\t\t<div class=\"elementor-widget-container\">\n\t\t\t\t\t\t\t\t\t\t\t\t<figure class=\"wp-caption\">\n\t\t\t\t\t\t\t\t\t\t<img fetchpriority=\"high\" decoding=\"async\" width=\"768\" height=\"511\" src=\"https:\/\/www.elturistatranquil.com\/wp-content\/uploads\/F00-Zugarramurdi.jpg\" class=\"attachment-large size-large wp-image-29591\" alt=\"Zugarramurdi\" srcset=\"https:\/\/www.elturistatranquil.com\/wp-content\/uploads\/F00-Zugarramurdi.jpg 768w, https:\/\/www.elturistatranquil.com\/wp-content\/uploads\/F00-Zugarramurdi-339x226.jpg 339w\" sizes=\"(max-width: 768px) 100vw, 768px\" \/>\t\t\t\t\t\t\t\t\t\t\t<figcaption class=\"widget-image-caption wp-caption-text\"><\/figcaption>\n\t\t\t\t\t\t\t\t\t\t<\/figure>\n\t\t\t\t\t\t\t\t\t<\/div>\n\t\t\t\t<\/div>\n\t\t\t\t<div class=\"elementor-element elementor-element-4fe11ea7 elementor-widget elementor-widget-spacer\" data-id=\"4fe11ea7\" data-element_type=\"widget\" data-e-type=\"widget\" data-widget_type=\"spacer.default\">\n\t\t\t\t<div class=\"elementor-widget-container\">\n\t\t\t\t\t\t\t<div class=\"elementor-spacer\">\n\t\t\t<div class=\"elementor-spacer-inner\"><\/div>\n\t\t<\/div>\n\t\t\t\t\t\t<\/div>\n\t\t\t\t<\/div>\n\t\t\t\t<div class=\"elementor-element elementor-element-16c733c2 elementor-widget elementor-widget-heading\" data-id=\"16c733c2\" data-element_type=\"widget\" data-e-type=\"widget\" data-widget_type=\"heading.default\">\n\t\t\t\t<div class=\"elementor-widget-container\">\n\t\t\t\t\t<h2 class=\"elementor-heading-title elementor-size-default\">La Cova i el Museu de les Bruixes de Zugarramurdi. Bazt\u00e1n. Navarra<\/h2>\t\t\t\t<\/div>\n\t\t\t\t<\/div>\n\t\t\t\t<section class=\"elementor-section elementor-inner-section elementor-element elementor-element-6665f75b elementor-section-boxed elementor-section-height-default elementor-section-height-default\" data-id=\"6665f75b\" data-element_type=\"section\" data-e-type=\"section\" data-settings=\"{&quot;background_background&quot;:&quot;classic&quot;}\">\n\t\t\t\t\t\t\t<div class=\"elementor-background-overlay\"><\/div>\n\t\t\t\t\t\t\t<div class=\"elementor-container elementor-column-gap-default\">\n\t\t\t\t\t<div class=\"elementor-column elementor-col-100 elementor-inner-column elementor-element elementor-element-7ff38885\" data-id=\"7ff38885\" data-element_type=\"column\" data-e-type=\"column\" data-settings=\"{&quot;background_background&quot;:&quot;classic&quot;}\">\n\t\t\t<div class=\"elementor-widget-wrap elementor-element-populated\">\n\t\t\t\t\t\t<div class=\"elementor-element elementor-element-7cd228b7 elementor-widget elementor-widget-text-editor\" data-id=\"7cd228b7\" data-element_type=\"widget\" data-e-type=\"widget\" data-widget_type=\"text-editor.default\">\n\t\t\t\t<div class=\"elementor-widget-container\">\n\t\t\t\t\t\t\t\t\t<p>Comarca: Bazt\u00e1n. Prov\u00edncia: Navarra. Com. Aut\u00f2noma: Comunidad Foral de Navarra<\/p><p>Coordenades: 43\u00b016\u203210\u2033N 1\u00b032\u203230\u2033O. Altitud: 205 msnm. Poblaci\u00f3: 219 habitants en el municipi; 165 en Zugarramurdi y 54 disseminats en 4 barris (2019).<\/p><p>Web: <a href=\"http:\/\/www.zugarramurdi.es\/\" target=\"_blank\" rel=\"noopener\">ayuntamiento<\/a><\/p><p>Visita: 2019<\/p>\t\t\t\t\t\t\t\t<\/div>\n\t\t\t\t<\/div>\n\t\t\t\t\t<\/div>\n\t\t<\/div>\n\t\t\t\t\t<\/div>\n\t\t<\/section>\n\t\t\t\t<div class=\"elementor-element elementor-element-5da4c01c elementor-widget elementor-widget-image\" data-id=\"5da4c01c\" data-element_type=\"widget\" data-e-type=\"widget\" data-widget_type=\"image.default\">\n\t\t\t\t<div class=\"elementor-widget-container\">\n\t\t\t\t\t\t\t\t\t\t\t\t<figure class=\"wp-caption\">\n\t\t\t\t\t\t\t\t\t\t<img decoding=\"async\" width=\"768\" height=\"512\" src=\"https:\/\/www.elturistatranquil.com\/wp-content\/uploads\/F02c-Zugarramurdi-Google-maps-2020-03-08.jpg\" class=\"attachment-medium_large size-medium_large wp-image-29645\" alt=\"Zugarramurdi (Google maps 2020-03-08)\" srcset=\"https:\/\/www.elturistatranquil.com\/wp-content\/uploads\/F02c-Zugarramurdi-Google-maps-2020-03-08.jpg 768w, https:\/\/www.elturistatranquil.com\/wp-content\/uploads\/F02c-Zugarramurdi-Google-maps-2020-03-08-339x226.jpg 339w\" sizes=\"(max-width: 768px) 100vw, 768px\" \/>\t\t\t\t\t\t\t\t\t\t\t<figcaption class=\"widget-image-caption wp-caption-text\">Mapa de situaci\u00f3 de Zugarramurdi (Google maps 2020-03-08)<\/figcaption>\n\t\t\t\t\t\t\t\t\t\t<\/figure>\n\t\t\t\t\t\t\t\t\t<\/div>\n\t\t\t\t<\/div>\n\t\t\t\t<section class=\"elementor-section elementor-inner-section elementor-element elementor-element-742577d8 elementor-section-boxed elementor-section-height-default elementor-section-height-default\" data-id=\"742577d8\" data-element_type=\"section\" data-e-type=\"section\" data-settings=\"{&quot;background_background&quot;:&quot;classic&quot;}\">\n\t\t\t\t\t\t<div class=\"elementor-container elementor-column-gap-default\">\n\t\t\t\t\t<div class=\"elementor-column elementor-col-100 elementor-inner-column elementor-element elementor-element-371c22c6\" data-id=\"371c22c6\" data-element_type=\"column\" data-e-type=\"column\">\n\t\t\t<div class=\"elementor-widget-wrap elementor-element-populated\">\n\t\t\t\t\t\t<div class=\"elementor-element elementor-element-602d34fc elementor-widget elementor-widget-text-editor\" data-id=\"602d34fc\" data-element_type=\"widget\" data-e-type=\"widget\" data-widget_type=\"text-editor.default\">\n\t\t\t\t<div class=\"elementor-widget-container\">\n\t\t\t\t\t\t\t\t\t<p style=\"text-align: center;\"><strong>\u00cdndex<\/strong><\/p>\t\t\t\t\t\t\t\t<\/div>\n\t\t\t\t<\/div>\n\t\t\t\t<div class=\"elementor-element elementor-element-ca43981 elementor-widget elementor-widget-text-editor\" data-id=\"ca43981\" data-element_type=\"widget\" data-e-type=\"widget\" data-widget_type=\"text-editor.default\">\n\t\t\t\t<div class=\"elementor-widget-container\">\n\t\t\t\t\t\t\t\t\t<p><a href=\"https:\/\/www.elturistatranquil.com\/ca\/zugarramurdi-la-cova-i-les-bruixes-navarra\/#b4301\">La Cova i el Museu de les Bruixes de Zugarramurdi. Bazt\u00e1n. Navarra<\/a><\/p><p><a href=\"https:\/\/www.elturistatranquil.com\/ca\/zugarramurdi-la-cova-i-les-bruixes-navarra\/#b4303\">La hist\u00f2ria i les bruixes (sorginak)<\/a><\/p><p style=\"padding-left: 40px;\"><a href=\"https:\/\/www.elturistatranquil.com\/ca\/zugarramurdi-la-cova-i-les-bruixes-navarra\/#b4305\">La Cova<\/a><\/p><p style=\"padding-left: 80px;\"><a href=\"https:\/\/www.elturistatranquil.com\/ca\/zugarramurdi-la-cova-i-les-bruixes-navarra\/#b4306\">Mirador<\/a><\/p><p style=\"padding-left: 80px;\"><a href=\"https:\/\/www.elturistatranquil.com\/ca\/zugarramurdi-la-cova-i-les-bruixes-navarra\/#b4307\">El contraban<\/a><\/p><p style=\"padding-left: 80px;\"><a href=\"https:\/\/www.elturistatranquil.com\/ca\/zugarramurdi-la-cova-i-les-bruixes-navarra\/#b4308\">La formaci\u00f3 de les coves<\/a><\/p><p style=\"padding-left: 80px;\"><a href=\"https:\/\/www.elturistatranquil.com\/ca\/zugarramurdi-la-cova-i-les-bruixes-navarra\/#b4309\">Els aquelarres<\/a><\/p><p style=\"padding-left: 80px;\"><a href=\"https:\/\/www.elturistatranquil.com\/ca\/zugarramurdi-la-cova-i-les-bruixes-navarra\/#b4310\">La Gran Cova<\/a><\/p><p style=\"padding-left: 80px;\"><a href=\"https:\/\/www.elturistatranquil.com\/ca\/zugarramurdi-la-cova-i-les-bruixes-navarra\/#b4311\">El forn de cal\u00e7<\/a><\/p><p style=\"padding-left: 40px;\"><a href=\"https:\/\/www.elturistatranquil.com\/ca\/zugarramurdi-la-cova-i-les-bruixes-navarra\/#b4312\">Museu de les Bruixes \/ Sorginen Museoa<\/a><\/p><p><a href=\"https:\/\/www.elturistatranquil.com\/ca\/zugarramurdi-la-cova-i-les-bruixes-navarra\/#b4316\">Fi de la visita<\/a><\/p><p><a href=\"https:\/\/www.elturistatranquil.com\/ca\/zugarramurdi-la-cova-i-les-bruixes-navarra\/#b4317\">Bases d&#8217;informaci\u00f3<\/a><\/p>\t\t\t\t\t\t\t\t<\/div>\n\t\t\t\t<\/div>\n\t\t\t\t\t<\/div>\n\t\t<\/div>\n\t\t\t\t\t<\/div>\n\t\t<\/section>\n\t\t\t\t<div class=\"elementor-element elementor-element-51595c9a elementor-widget elementor-widget-spacer\" data-id=\"51595c9a\" data-element_type=\"widget\" data-e-type=\"widget\" data-widget_type=\"spacer.default\">\n\t\t\t\t<div class=\"elementor-widget-container\">\n\t\t\t\t\t\t\t<div class=\"elementor-spacer\">\n\t\t\t<div class=\"elementor-spacer-inner\"><\/div>\n\t\t<\/div>\n\t\t\t\t\t\t<\/div>\n\t\t\t\t<\/div>\n\t\t\t\t<div class=\"elementor-element elementor-element-432b4189 elementor-widget elementor-widget-menu-anchor\" data-id=\"432b4189\" data-element_type=\"widget\" data-e-type=\"widget\" data-widget_type=\"menu-anchor.default\">\n\t\t\t\t<div class=\"elementor-widget-container\">\n\t\t\t\t\t\t\t<div class=\"elementor-menu-anchor\" id=\"b4301\"><\/div>\n\t\t\t\t\t\t<\/div>\n\t\t\t\t<\/div>\n\t\t\t\t<div class=\"elementor-element elementor-element-4406421c elementor-widget elementor-widget-spacer\" data-id=\"4406421c\" data-element_type=\"widget\" data-e-type=\"widget\" data-widget_type=\"spacer.default\">\n\t\t\t\t<div class=\"elementor-widget-container\">\n\t\t\t\t\t\t\t<div class=\"elementor-spacer\">\n\t\t\t<div class=\"elementor-spacer-inner\"><\/div>\n\t\t<\/div>\n\t\t\t\t\t\t<\/div>\n\t\t\t\t<\/div>\n\t\t\t\t<div class=\"elementor-element elementor-element-be75718 elementor-widget elementor-widget-heading\" data-id=\"be75718\" data-element_type=\"widget\" data-e-type=\"widget\" data-widget_type=\"heading.default\">\n\t\t\t\t<div class=\"elementor-widget-container\">\n\t\t\t\t\t<h2 class=\"elementor-heading-title elementor-size-default\">Zugarramurdi, la cova i les bruixes. Bazt\u00e1n. Navarra<\/h2>\t\t\t\t<\/div>\n\t\t\t\t<\/div>\n\t\t\t\t<div class=\"elementor-element elementor-element-7a4ad071 elementor-widget elementor-widget-text-editor\" data-id=\"7a4ad071\" data-element_type=\"widget\" data-e-type=\"widget\" data-widget_type=\"text-editor.default\">\n\t\t\t\t<div class=\"elementor-widget-container\">\n\t\t\t\t\t\t\t\t\t<p>Prossegueixo el <em>Post<\/em>: <a href=\"https:\/\/www.elturistatranquil.com\/ca\/zugarramurdi-navarra\/\" target=\"_blank\" rel=\"noopener\"><strong>Zugarramurdi (Navarra)<\/strong><\/a>, per centrar-me en els dos llocs emblem\u00e0tics relacionats amb la hist\u00f2ria de la bruixeria que es va desenvolupar en aquestes terres, i que va culminar en el <em>Auto de Fe de Logro\u00f1o<\/em> que va protagonitzar la Inquisici\u00f3.<\/p>\t\t\t\t\t\t\t\t<\/div>\n\t\t\t\t<\/div>\n\t\t\t\t<div class=\"elementor-element elementor-element-a30d729 elementor-widget elementor-widget-menu-anchor\" data-id=\"a30d729\" data-element_type=\"widget\" data-e-type=\"widget\" data-widget_type=\"menu-anchor.default\">\n\t\t\t\t<div class=\"elementor-widget-container\">\n\t\t\t\t\t\t\t<div class=\"elementor-menu-anchor\" id=\"b4303\"><\/div>\n\t\t\t\t\t\t<\/div>\n\t\t\t\t<\/div>\n\t\t\t\t<div class=\"elementor-element elementor-element-4bce458 elementor-widget elementor-widget-heading\" data-id=\"4bce458\" data-element_type=\"widget\" data-e-type=\"widget\" data-widget_type=\"heading.default\">\n\t\t\t\t<div class=\"elementor-widget-container\">\n\t\t\t\t\t<h2 class=\"elementor-heading-title elementor-size-default\">La hist\u00f2ria i les bruixes (sorginak)<\/h2>\t\t\t\t<\/div>\n\t\t\t\t<\/div>\n\t\t\t\t<div class=\"elementor-element elementor-element-c0b573b elementor-widget elementor-widget-text-editor\" data-id=\"c0b573b\" data-element_type=\"widget\" data-e-type=\"widget\" data-widget_type=\"text-editor.default\">\n\t\t\t\t<div class=\"elementor-widget-container\">\n\t\t\t\t\t\t\t\t\t<p>Zugarramurdi ha entrat a la hist\u00f2ria pels fets que van succeir en el territori de <em>Xareta<\/em> fa ja uns 400 anys, entre 1609 i 1614.<\/p><p>El fullet explicatiu de la Cova ofereix \u00e0mplia informaci\u00f3 d&#8217;aquell succ\u00e9s, de la qual em servir\u00e9 \u00e0mpliament.<\/p><p>En les seves coves van tenir lloc els suposats aquelarres (<em>akelarre<\/em>), \u00e9s a dir, reuni\u00f3 de bruixes i bruixots, que van donar peu als esdeveniments que van marcar una fita decisiva per a la hist\u00f2ria de la bruixeria i de la Inquisici\u00f3. La definici\u00f3 de la RAE \u00e9s m\u00e9s expl\u00edcita per comprendre l&#8217;esperit repressor sobre aquestes reunions: &#8221; <em>Junta o reuni\u00f3n nocturna de brujos y brujas, con la supuesta intervenci\u00f3n del demonio ordinariamente en figura de macho cabr\u00edo, para sus pr\u00e1cticas m\u00e1gicas o supersticiosas <\/em>&#8220;<\/p><p>Durant aquests anys dones, homes i nens, molts de Zugarramurdi, es van veure acusats i condemnats en el major proc\u00e9s de bruixeria que ha conegut la hist\u00f2ria. Si b\u00e9 les enormes cr\u00edtiques suscitades van obligar al <em>Santo Oficio<\/em> a canviar els seus m\u00e8todes, el nom de Zugarramurdi va quedar ja vinculat a la bruixeria per a la posteritat.<\/p>\t\t\t\t\t\t\t\t<\/div>\n\t\t\t\t<\/div>\n\t\t\t\t<div class=\"elementor-element elementor-element-0ba7375 elementor-widget elementor-widget-image\" data-id=\"0ba7375\" data-element_type=\"widget\" data-e-type=\"widget\" data-widget_type=\"image.default\">\n\t\t\t\t<div class=\"elementor-widget-container\">\n\t\t\t\t\t\t\t\t\t\t\t\t<figure class=\"wp-caption\">\n\t\t\t\t\t\t\t\t\t\t<img decoding=\"async\" width=\"768\" height=\"512\" src=\"https:\/\/www.elturistatranquil.com\/wp-content\/uploads\/F05-Zugarramurdi-Museo-de-las-brujas.jpg\" class=\"attachment-large size-large wp-image-29418\" alt=\"Zugarramurdi Museo de las brujas\" srcset=\"https:\/\/www.elturistatranquil.com\/wp-content\/uploads\/F05-Zugarramurdi-Museo-de-las-brujas.jpg 768w, https:\/\/www.elturistatranquil.com\/wp-content\/uploads\/F05-Zugarramurdi-Museo-de-las-brujas-339x226.jpg 339w\" sizes=\"(max-width: 768px) 100vw, 768px\" \/>\t\t\t\t\t\t\t\t\t\t\t<figcaption class=\"widget-image-caption wp-caption-text\"><\/figcaption>\n\t\t\t\t\t\t\t\t\t\t<\/figure>\n\t\t\t\t\t\t\t\t\t<\/div>\n\t\t\t\t<\/div>\n\t\t\t\t<div class=\"elementor-element elementor-element-19ba787 elementor-widget elementor-widget-text-editor\" data-id=\"19ba787\" data-element_type=\"widget\" data-e-type=\"widget\" data-widget_type=\"text-editor.default\">\n\t\t\t\t<div class=\"elementor-widget-container\">\n\t\t\t\t\t\t\t\t\t<p>A principis de segle XVII la forma de vida a Zugarramurdi estava lligada a la terra, i per aix\u00f2 la saviesa, els costums i el m\u00f3n m\u00e0gic eren principalment pagans. Les anomenades bruixes (<em>sorginak<\/em>), encara que tamb\u00e9 hi havia alguns homes, eren persones que tenien coneixements de la natura, de les plantes i de les herbes medicinals. Tamb\u00e9 ho tenien sobre la fecunditat, reproducci\u00f3 i anticonceptius. La cova, representava simb\u00f2licament el si de la mare terra, era el lloc on es feien les cerim\u00f2nies, els rituals sagrats i les festes.<\/p><p>Aquella societat posse\u00efa una mitologia i un sistema de vida connectats a la terra: l&#8217;amo era <em>Le\u00f3n de Aranibar<\/em>, l&#8217;<em>Abat de Urdazubi<\/em>. Els agricultors eren inquilins i arrendataris. L&#8217;Esgl\u00e9sia cat\u00f2lica volia que els que vivien tan fortament lligats a la terra miressin a cel. L&#8217;abat de Urdazubi, que era tamb\u00e9 confident de la Inquisici\u00f3, va denunciar que a Zugarramurdi havia bruixeria. I a petici\u00f3 seva van enviar a <em>Valle Alvarado<\/em>, el representant de la Inquisici\u00f3 de Logronyo (Castella) a Zugarramurdi (Navarra).<\/p><p>La Inquisici\u00f3 espanyola tenia recel sobre aquella societat amb costums contraposades, que tenia unes creences i uns coneixements diferents i que, a m\u00e9s, parlava una altra llengua. La incapacitat de comprensi\u00f3 -i les ganes de domini- van convertir les festes i els rituals en aquelarre, les can\u00e7ons en conjur, les paraules en blasf\u00e8mia i les creences paganes en m\u00e0gia negra. El poder va escampar la por; la por, la sospita: la sospita, el silenci. I el silenci va fer m\u00e9s poderosos als poderosos. Van comen\u00e7ar a assenyalar a la gent de portar malastrugan\u00e7a. Eren temps d&#8217;epid\u00e8mies, fam i sequera, i l&#8217;ambient de por va ser la terra m\u00e9s f\u00e8rtil per escampar la desconfian\u00e7a. Qualsevol era sospit\u00f3s, qualsevol podia ser bruixa o bruixot. Els ve\u00efns es vigilaven i es delataven m\u00fatuament.<\/p><p>La Inquisici\u00f3 va detenir 300 persones -joves i vells, dones i homes- a Zugarramurdi i voltants. Se\u2019n van endur 53 per jutjar en el <em>Proceso de Logro\u00f1o<\/em> el 1610. Les van acusar de negar el cristianisme, de fer orgies sexuals, de tenir el diable com D\u00e9u, d&#8217;enverinaments i de provocar tempestes al mar, entre d&#8217;altres c\u00e0rrecs.<\/p><p>Van cremar a 11 dels acusats: 6 vius i 5 en ef\u00edgie (perqu\u00e8 havien mort anteriorment malalts a la pres\u00f3). 18 van acceptar l&#8217;acusaci\u00f3 i van ser absolts, mentre que la resta va patir penes de pres\u00f3 i expropiacions.<\/p><p>La ca\u00e7era de bruixes va ser una croada que es va estendre per tot Europa, i no nom\u00e9s a Zugarramurdi, amb l&#8217;objectiu d&#8217;assentar el saber i la religi\u00f3 hegem\u00f2niques.<\/p><p>M\u00e9s enll\u00e0 de llegendes i contes infantils, la realitat parla de la persecuci\u00f3 que va patir la gent d&#8217;aquestes terres. Les bruixes que es reunien en aquesta cova han fet fam\u00f3s el poble de Zugarramurdi.<\/p><p>L&#8217;exaltaci\u00f3 rom\u00e0ntica de l&#8217;antiga bruixeria ja va cridar l&#8217;atenci\u00f3 de visitants per Zugarramurdi, sobretot estrangers, al segle XIX.<\/p>\t\t\t\t\t\t\t\t<\/div>\n\t\t\t\t<\/div>\n\t\t\t\t<div class=\"elementor-element elementor-element-545f73f elementor-widget elementor-widget-menu-anchor\" data-id=\"545f73f\" data-element_type=\"widget\" data-e-type=\"widget\" data-widget_type=\"menu-anchor.default\">\n\t\t\t\t<div class=\"elementor-widget-container\">\n\t\t\t\t\t\t\t<div class=\"elementor-menu-anchor\" id=\"b4305\"><\/div>\n\t\t\t\t\t\t<\/div>\n\t\t\t\t<\/div>\n\t\t\t\t<div class=\"elementor-element elementor-element-91bd9a5 elementor-widget elementor-widget-image\" data-id=\"91bd9a5\" data-element_type=\"widget\" data-e-type=\"widget\" data-widget_type=\"image.default\">\n\t\t\t\t<div class=\"elementor-widget-container\">\n\t\t\t\t\t\t\t\t\t\t\t\t<figure class=\"wp-caption\">\n\t\t\t\t\t\t\t\t\t\t<img loading=\"lazy\" decoding=\"async\" width=\"768\" height=\"512\" src=\"https:\/\/www.elturistatranquil.com\/wp-content\/uploads\/F06a-Zugarramurdi-Google-earth-2020-03-08.jpg\" class=\"attachment-large size-large wp-image-29420\" alt=\"Zugarramurdi (Google earth 2020-03-08)\" srcset=\"https:\/\/www.elturistatranquil.com\/wp-content\/uploads\/F06a-Zugarramurdi-Google-earth-2020-03-08.jpg 768w, https:\/\/www.elturistatranquil.com\/wp-content\/uploads\/F06a-Zugarramurdi-Google-earth-2020-03-08-339x226.jpg 339w\" sizes=\"(max-width: 768px) 100vw, 768px\" \/>\t\t\t\t\t\t\t\t\t\t\t<figcaption class=\"widget-image-caption wp-caption-text\">C: Cova. M: Museu de les Bruixes. I: Esgl\u00e9sia. PK: Aparcament p\u00fablic (Google earth 2020-03-08)<\/figcaption>\n\t\t\t\t\t\t\t\t\t\t<\/figure>\n\t\t\t\t\t\t\t\t\t<\/div>\n\t\t\t\t<\/div>\n\t\t\t\t<div class=\"elementor-element elementor-element-235b936e elementor-widget elementor-widget-heading\" data-id=\"235b936e\" data-element_type=\"widget\" data-e-type=\"widget\" data-widget_type=\"heading.default\">\n\t\t\t\t<div class=\"elementor-widget-container\">\n\t\t\t\t\t<h3 class=\"elementor-heading-title elementor-size-default\">La Cova  <\/h3>\t\t\t\t<\/div>\n\t\t\t\t<\/div>\n\t\t\t\t<div class=\"elementor-element elementor-element-6e7e90e elementor-widget elementor-widget-text-editor\" data-id=\"6e7e90e\" data-element_type=\"widget\" data-e-type=\"widget\" data-widget_type=\"text-editor.default\">\n\t\t\t\t<div class=\"elementor-widget-container\">\n\t\t\t\t\t\t\t\t\t<p>Des del centre de la vila, en direcci\u00f3 oest, un carrer que antigament unia el poble amb Sara porta fins al punt d&#8217;acollida de la <strong>Cova <\/strong>(<strong>C<\/strong>), a uns 200 metres.<\/p><p>S&#8217;han condicionat les coves, principal i laterals, per la seva visita mitjan\u00e7ant un recorregut senyalitzat.<\/p>\t\t\t\t\t\t\t\t<\/div>\n\t\t\t\t<\/div>\n\t\t\t\t<div class=\"elementor-element elementor-element-85b95c3 elementor-widget elementor-widget-image\" data-id=\"85b95c3\" data-element_type=\"widget\" data-e-type=\"widget\" data-widget_type=\"image.default\">\n\t\t\t\t<div class=\"elementor-widget-container\">\n\t\t\t\t\t\t\t\t\t\t\t\t<figure class=\"wp-caption\">\n\t\t\t\t\t\t\t\t\t\t<img loading=\"lazy\" decoding=\"async\" width=\"768\" height=\"512\" src=\"https:\/\/www.elturistatranquil.com\/wp-content\/uploads\/F06b-Zugarramurdi-Cueva-de-las-brujas.jpg\" class=\"attachment-large size-large wp-image-29422\" alt=\"Zugarramurdi Cueva de las brujas\" srcset=\"https:\/\/www.elturistatranquil.com\/wp-content\/uploads\/F06b-Zugarramurdi-Cueva-de-las-brujas.jpg 768w, https:\/\/www.elturistatranquil.com\/wp-content\/uploads\/F06b-Zugarramurdi-Cueva-de-las-brujas-339x226.jpg 339w\" sizes=\"(max-width: 768px) 100vw, 768px\" \/>\t\t\t\t\t\t\t\t\t\t\t<figcaption class=\"widget-image-caption wp-caption-text\"><\/figcaption>\n\t\t\t\t\t\t\t\t\t\t<\/figure>\n\t\t\t\t\t\t\t\t\t<\/div>\n\t\t\t\t<\/div>\n\t\t\t\t<div class=\"elementor-element elementor-element-0ad87f6 elementor-widget elementor-widget-text-editor\" data-id=\"0ad87f6\" data-element_type=\"widget\" data-e-type=\"widget\" data-widget_type=\"text-editor.default\">\n\t\t\t\t<div class=\"elementor-widget-container\">\n\t\t\t\t\t\t\t\t\t<p>Sens dubte, la <strong>Cova<\/strong> \u00e9s el lloc m\u00e9s conegut de Zugarramurdi i el centre neur\u00e0lgic de la seva hist\u00f2ria. Aquest impressionant t\u00fanel c\u00e0rstic \u00e9s l&#8217;escenari on la llegenda de la localitat situava la celebraci\u00f3 dels aquelarres, les festes rituals que la Inquisici\u00f3 va jutjar com a culte sat\u00e0nic. No nom\u00e9s les <em>sorginak<\/em>, tamb\u00e9 els contrabandistes van utilitzar aquestes coves obertes en la natura per amagar les seves mercaderies a l&#8217;espera del moment propici per creuar la <em>muga<\/em> (frontera).<\/p><p>La cavitat principal d&#8217;aquest complex c\u00e0rstic superficial l&#8217;ha creat la regata (riu) <em>Infernuko Erreka<\/em> (riu de l&#8217;Infern). En el seu cam\u00ed de nord a sud-oest, ha creat un espai, <em>Leze Haundia<\/em>, de 120 metres de llarg i d&#8217;entre 10 i 12 metres d&#8217;alt i ample. A la part alta de la cova, en el mateix sentit de la cavitat principal, hi ha dues galeries m\u00e9s.<\/p><p>A la cova s&#8217;han trobat vestigis arqueol\u00f2gics, aix\u00ed com cer\u00e0miques prehist\u00f2riques.<\/p><p>Per\u00f2 el que d\u00f3na nom a aquesta Cova \u00e9s el fet d&#8217;haver estat La Cova de les bruixes. La pregunta \u00e9s \u00bfQu\u00e8 eren aquelles <em>sorginak<\/em>?<\/p><p>Hi ha dues versions sobre l&#8217;origen del mot <em>sorgin<\/em>. <em>Sortze-Engin<\/em>, que fa n\u00e9ixer, llevadora, afirmen uns. <em>Zorte-egin<\/em>, que d\u00f3na sort, <em>zoriaren-egile<\/em>, que prediu el dest\u00ed, l&#8217;oracle, afirmen altres. Per\u00f2 de la mateixa manera que <em>Infernuko Erreka<\/em> ha erosionat la roca, l&#8217;\u00fas ha buidat el sentit el nom <em>sirgin<\/em>. Ens ha arribat la faula i no la veritat que cont\u00e9: les llegendes de les Bruixes i no la seva hist\u00f2ria.<\/p><p>Vaig a observar l&#8217;espai pel qual es movien, seguint el recorregut senyalitzat.<\/p><p>Al comen\u00e7ar a avan\u00e7ar es disposa d&#8217;una primera imatge, des de dalt, de l&#8217;entrada a la cova. T\u00e9 un efecte impactant.<\/p>\t\t\t\t\t\t\t\t<\/div>\n\t\t\t\t<\/div>\n\t\t\t\t<div class=\"elementor-element elementor-element-3a24831 elementor-widget elementor-widget-menu-anchor\" data-id=\"3a24831\" data-element_type=\"widget\" data-e-type=\"widget\" data-widget_type=\"menu-anchor.default\">\n\t\t\t\t<div class=\"elementor-widget-container\">\n\t\t\t\t\t\t\t<div class=\"elementor-menu-anchor\" id=\"b4306\"><\/div>\n\t\t\t\t\t\t<\/div>\n\t\t\t\t<\/div>\n\t\t\t\t<div class=\"elementor-element elementor-element-af93889 elementor-widget elementor-widget-image\" data-id=\"af93889\" data-element_type=\"widget\" data-e-type=\"widget\" data-widget_type=\"image.default\">\n\t\t\t\t<div class=\"elementor-widget-container\">\n\t\t\t\t\t\t\t\t\t\t\t\t<figure class=\"wp-caption\">\n\t\t\t\t\t\t\t\t\t\t<img loading=\"lazy\" decoding=\"async\" width=\"768\" height=\"511\" src=\"https:\/\/www.elturistatranquil.com\/wp-content\/uploads\/F07-Zugarramurdi-Cueva-de-las-brujas.jpg\" class=\"attachment-large size-large wp-image-29424\" alt=\"Zugarramurdi Cueva de las brujas\" srcset=\"https:\/\/www.elturistatranquil.com\/wp-content\/uploads\/F07-Zugarramurdi-Cueva-de-las-brujas.jpg 768w, https:\/\/www.elturistatranquil.com\/wp-content\/uploads\/F07-Zugarramurdi-Cueva-de-las-brujas-339x226.jpg 339w\" sizes=\"(max-width: 768px) 100vw, 768px\" \/>\t\t\t\t\t\t\t\t\t\t\t<figcaption class=\"widget-image-caption wp-caption-text\"><\/figcaption>\n\t\t\t\t\t\t\t\t\t\t<\/figure>\n\t\t\t\t\t\t\t\t\t<\/div>\n\t\t\t\t<\/div>\n\t\t\t\t<div class=\"elementor-element elementor-element-158bd4f7 elementor-widget elementor-widget-heading\" data-id=\"158bd4f7\" data-element_type=\"widget\" data-e-type=\"widget\" data-widget_type=\"heading.default\">\n\t\t\t\t<div class=\"elementor-widget-container\">\n\t\t\t\t\t<h4 class=\"elementor-heading-title elementor-size-default\">Mirador<\/h4>\t\t\t\t<\/div>\n\t\t\t\t<\/div>\n\t\t\t\t<div class=\"elementor-element elementor-element-efa5c7d elementor-widget elementor-widget-text-editor\" data-id=\"efa5c7d\" data-element_type=\"widget\" data-e-type=\"widget\" data-widget_type=\"text-editor.default\">\n\t\t\t\t<div class=\"elementor-widget-container\">\n\t\t\t\t\t\t\t\t\t<p>El recorregut avan\u00e7a primer per l&#8217;exterior, pel costat est en direcci\u00f3 nord, cap al mirador.<\/p><p>El cam\u00ed ja mostra l&#8217;aflorament roc\u00f3s calcari.<\/p>\t\t\t\t\t\t\t\t<\/div>\n\t\t\t\t<\/div>\n\t\t\t\t<div class=\"elementor-element elementor-element-7f03ffc elementor-widget elementor-widget-image\" data-id=\"7f03ffc\" data-element_type=\"widget\" data-e-type=\"widget\" data-widget_type=\"image.default\">\n\t\t\t\t<div class=\"elementor-widget-container\">\n\t\t\t\t\t\t\t\t\t\t\t\t<figure class=\"wp-caption\">\n\t\t\t\t\t\t\t\t\t\t<img loading=\"lazy\" decoding=\"async\" width=\"768\" height=\"511\" src=\"https:\/\/www.elturistatranquil.com\/wp-content\/uploads\/F08-Zugarramurdi-Cueva-de-las-brujas.jpg\" class=\"attachment-large size-large wp-image-29426\" alt=\"Zugarramurdi Cueva de las brujas\" srcset=\"https:\/\/www.elturistatranquil.com\/wp-content\/uploads\/F08-Zugarramurdi-Cueva-de-las-brujas.jpg 768w, https:\/\/www.elturistatranquil.com\/wp-content\/uploads\/F08-Zugarramurdi-Cueva-de-las-brujas-339x226.jpg 339w\" sizes=\"(max-width: 768px) 100vw, 768px\" \/>\t\t\t\t\t\t\t\t\t\t\t<figcaption class=\"widget-image-caption wp-caption-text\"><\/figcaption>\n\t\t\t\t\t\t\t\t\t\t<\/figure>\n\t\t\t\t\t\t\t\t\t<\/div>\n\t\t\t\t<\/div>\n\t\t\t\t<div class=\"elementor-element elementor-element-62a12ee elementor-widget elementor-widget-text-editor\" data-id=\"62a12ee\" data-element_type=\"widget\" data-e-type=\"widget\" data-widget_type=\"text-editor.default\">\n\t\t\t\t<div class=\"elementor-widget-container\">\n\t\t\t\t\t\t\t\t\t<p>Es puja fins a un <strong>mirador<\/strong> (<strong>1<\/strong>) des d&#8217;on es disposa d&#8217;una vista sobre la Vila, a m\u00e9s de contemplar la vegetaci\u00f3 de l&#8217;indret.<\/p>\t\t\t\t\t\t\t\t<\/div>\n\t\t\t\t<\/div>\n\t\t\t\t<div class=\"elementor-element elementor-element-b140bba elementor-widget elementor-widget-image\" data-id=\"b140bba\" data-element_type=\"widget\" data-e-type=\"widget\" data-widget_type=\"image.default\">\n\t\t\t\t<div class=\"elementor-widget-container\">\n\t\t\t\t\t\t\t\t\t\t\t\t<figure class=\"wp-caption\">\n\t\t\t\t\t\t\t\t\t\t<img loading=\"lazy\" decoding=\"async\" width=\"768\" height=\"511\" src=\"https:\/\/www.elturistatranquil.com\/wp-content\/uploads\/F09-Zugarramurdi-Cueva-de-las-brujas.jpg\" class=\"attachment-large size-large wp-image-29428\" alt=\"Zugarramurdi Cueva de las brujas\" srcset=\"https:\/\/www.elturistatranquil.com\/wp-content\/uploads\/F09-Zugarramurdi-Cueva-de-las-brujas.jpg 768w, https:\/\/www.elturistatranquil.com\/wp-content\/uploads\/F09-Zugarramurdi-Cueva-de-las-brujas-339x226.jpg 339w\" sizes=\"(max-width: 768px) 100vw, 768px\" \/>\t\t\t\t\t\t\t\t\t\t\t<figcaption class=\"widget-image-caption wp-caption-text\"><\/figcaption>\n\t\t\t\t\t\t\t\t\t\t<\/figure>\n\t\t\t\t\t\t\t\t\t<\/div>\n\t\t\t\t<\/div>\n\t\t\t\t<div class=\"elementor-element elementor-element-e3e6248 elementor-widget elementor-widget-text-editor\" data-id=\"e3e6248\" data-element_type=\"widget\" data-e-type=\"widget\" data-widget_type=\"text-editor.default\">\n\t\t\t\t<div class=\"elementor-widget-container\">\n\t\t\t\t\t\t\t\t\t<p>A partir d&#8217;aqu\u00ed, s&#8217;inicia el descens fins a la sortida de la Regata Infern.<\/p>\t\t\t\t\t\t\t\t<\/div>\n\t\t\t\t<\/div>\n\t\t\t\t<div class=\"elementor-element elementor-element-8ea1f8d elementor-widget elementor-widget-image\" data-id=\"8ea1f8d\" data-element_type=\"widget\" data-e-type=\"widget\" data-widget_type=\"image.default\">\n\t\t\t\t<div class=\"elementor-widget-container\">\n\t\t\t\t\t\t\t\t\t\t\t\t<figure class=\"wp-caption\">\n\t\t\t\t\t\t\t\t\t\t<img loading=\"lazy\" decoding=\"async\" width=\"768\" height=\"511\" src=\"https:\/\/www.elturistatranquil.com\/wp-content\/uploads\/F10-Zugarramurdi-Cueva-de-las-brujas.jpg\" class=\"attachment-large size-large wp-image-29430\" alt=\"Zugarramurdi Cueva de las brujas\" srcset=\"https:\/\/www.elturistatranquil.com\/wp-content\/uploads\/F10-Zugarramurdi-Cueva-de-las-brujas.jpg 768w, https:\/\/www.elturistatranquil.com\/wp-content\/uploads\/F10-Zugarramurdi-Cueva-de-las-brujas-339x226.jpg 339w\" sizes=\"(max-width: 768px) 100vw, 768px\" \/>\t\t\t\t\t\t\t\t\t\t\t<figcaption class=\"widget-image-caption wp-caption-text\"><\/figcaption>\n\t\t\t\t\t\t\t\t\t\t<\/figure>\n\t\t\t\t\t\t\t\t\t<\/div>\n\t\t\t\t<\/div>\n\t\t\t\t<div class=\"elementor-element elementor-element-c49ba92 elementor-widget elementor-widget-text-editor\" data-id=\"c49ba92\" data-element_type=\"widget\" data-e-type=\"widget\" data-widget_type=\"text-editor.default\">\n\t\t\t\t<div class=\"elementor-widget-container\">\n\t\t\t\t\t\t\t\t\t<p>Una petita passarel\u00b7la, <strong>Pont d&#8217;Infern,<\/strong> permet passar a l&#8217;altra banda per iniciar l\u2019ascens cap a la cova.<\/p>\t\t\t\t\t\t\t\t<\/div>\n\t\t\t\t<\/div>\n\t\t\t\t<div class=\"elementor-element elementor-element-a24d7cf elementor-widget elementor-widget-menu-anchor\" data-id=\"a24d7cf\" data-element_type=\"widget\" data-e-type=\"widget\" data-widget_type=\"menu-anchor.default\">\n\t\t\t\t<div class=\"elementor-widget-container\">\n\t\t\t\t\t\t\t<div class=\"elementor-menu-anchor\" id=\"b4307\"><\/div>\n\t\t\t\t\t\t<\/div>\n\t\t\t\t<\/div>\n\t\t\t\t<div class=\"elementor-element elementor-element-208f598 elementor-widget elementor-widget-image\" data-id=\"208f598\" data-element_type=\"widget\" data-e-type=\"widget\" data-widget_type=\"image.default\">\n\t\t\t\t<div class=\"elementor-widget-container\">\n\t\t\t\t\t\t\t\t\t\t\t\t<figure class=\"wp-caption\">\n\t\t\t\t\t\t\t\t\t\t<img loading=\"lazy\" decoding=\"async\" width=\"768\" height=\"511\" src=\"https:\/\/www.elturistatranquil.com\/wp-content\/uploads\/F11-Zugarramurdi-Cueva-de-las-brujas.jpg\" class=\"attachment-large size-large wp-image-29432\" alt=\"Zugarramurdi Cueva de las brujas\" srcset=\"https:\/\/www.elturistatranquil.com\/wp-content\/uploads\/F11-Zugarramurdi-Cueva-de-las-brujas.jpg 768w, https:\/\/www.elturistatranquil.com\/wp-content\/uploads\/F11-Zugarramurdi-Cueva-de-las-brujas-339x226.jpg 339w\" sizes=\"(max-width: 768px) 100vw, 768px\" \/>\t\t\t\t\t\t\t\t\t\t\t<figcaption class=\"widget-image-caption wp-caption-text\"><\/figcaption>\n\t\t\t\t\t\t\t\t\t\t<\/figure>\n\t\t\t\t\t\t\t\t\t<\/div>\n\t\t\t\t<\/div>\n\t\t\t\t<div class=\"elementor-element elementor-element-fce3e50 elementor-widget elementor-widget-heading\" data-id=\"fce3e50\" data-element_type=\"widget\" data-e-type=\"widget\" data-widget_type=\"heading.default\">\n\t\t\t\t<div class=\"elementor-widget-container\">\n\t\t\t\t\t<h4 class=\"elementor-heading-title elementor-size-default\">El contraban<\/h4>\t\t\t\t<\/div>\n\t\t\t\t<\/div>\n\t\t\t\t<div class=\"elementor-element elementor-element-58848b5 elementor-widget elementor-widget-text-editor\" data-id=\"58848b5\" data-element_type=\"widget\" data-e-type=\"widget\" data-widget_type=\"text-editor.default\">\n\t\t\t\t<div class=\"elementor-widget-container\">\n\t\t\t\t\t\t\t\t\t<p>Estem en un dels <strong>camins del contraban<\/strong> (<strong>2<\/strong>), seguint la Regata Infern, que, al correspondre al vessant atl\u00e0ntic, seguir\u00e0 cap al nord-oest en direcci\u00f3 a la frontera francesa i el mar Cant\u00e0bric.<\/p>\t\t\t\t\t\t\t\t<\/div>\n\t\t\t\t<\/div>\n\t\t\t\t<div class=\"elementor-element elementor-element-071baaa elementor-widget elementor-widget-image\" data-id=\"071baaa\" data-element_type=\"widget\" data-e-type=\"widget\" data-widget_type=\"image.default\">\n\t\t\t\t<div class=\"elementor-widget-container\">\n\t\t\t\t\t\t\t\t\t\t\t\t<figure class=\"wp-caption\">\n\t\t\t\t\t\t\t\t\t\t<img loading=\"lazy\" decoding=\"async\" width=\"768\" height=\"511\" src=\"https:\/\/www.elturistatranquil.com\/wp-content\/uploads\/F12-Zugarramurdi-Cueva-de-las-brujas.jpg\" class=\"attachment-large size-large wp-image-29434\" alt=\"Zugarramurdi Cueva de las brujas\" srcset=\"https:\/\/www.elturistatranquil.com\/wp-content\/uploads\/F12-Zugarramurdi-Cueva-de-las-brujas.jpg 768w, https:\/\/www.elturistatranquil.com\/wp-content\/uploads\/F12-Zugarramurdi-Cueva-de-las-brujas-339x226.jpg 339w\" sizes=\"(max-width: 768px) 100vw, 768px\" \/>\t\t\t\t\t\t\t\t\t\t\t<figcaption class=\"widget-image-caption wp-caption-text\"><\/figcaption>\n\t\t\t\t\t\t\t\t\t\t<\/figure>\n\t\t\t\t\t\t\t\t\t<\/div>\n\t\t\t\t<\/div>\n\t\t\t\t<div class=\"elementor-element elementor-element-3edf623 elementor-widget elementor-widget-image\" data-id=\"3edf623\" data-element_type=\"widget\" data-e-type=\"widget\" data-widget_type=\"image.default\">\n\t\t\t\t<div class=\"elementor-widget-container\">\n\t\t\t\t\t\t\t\t\t\t\t\t<figure class=\"wp-caption\">\n\t\t\t\t\t\t\t\t\t\t<img loading=\"lazy\" decoding=\"async\" width=\"768\" height=\"512\" src=\"https:\/\/www.elturistatranquil.com\/wp-content\/uploads\/F13-Zugarramurdi-Cueva-de-las-brujas.jpg\" class=\"attachment-large size-large wp-image-29436\" alt=\"Zugarramurdi Cueva de las brujas\" srcset=\"https:\/\/www.elturistatranquil.com\/wp-content\/uploads\/F13-Zugarramurdi-Cueva-de-las-brujas.jpg 768w, https:\/\/www.elturistatranquil.com\/wp-content\/uploads\/F13-Zugarramurdi-Cueva-de-las-brujas-339x226.jpg 339w\" sizes=\"(max-width: 768px) 100vw, 768px\" \/>\t\t\t\t\t\t\t\t\t\t\t<figcaption class=\"widget-image-caption wp-caption-text\"><\/figcaption>\n\t\t\t\t\t\t\t\t\t\t<\/figure>\n\t\t\t\t\t\t\t\t\t<\/div>\n\t\t\t\t<\/div>\n\t\t\t\t<div class=\"elementor-element elementor-element-ed8f609 elementor-widget elementor-widget-text-editor\" data-id=\"ed8f609\" data-element_type=\"widget\" data-e-type=\"widget\" data-widget_type=\"text-editor.default\">\n\t\t\t\t<div class=\"elementor-widget-container\">\n\t\t\t\t\t\t\t\t\t<p>La divisi\u00f3 del pa\u00eds en dos estats, amb les seves fronteres i duanes, va ocasionar l&#8217;aparici\u00f3 d&#8217;un nou ofici: el contraban o &#8220;treball de nit&#8221;. Segons l&#8217;\u00e8poca, a nord o al sud, l&#8217;objecte de contraban podia ser qualsevol cosa en funci\u00f3 de les necessitats i els preus. Des del m\u00e9s senzill: caf\u00e8, sucre, xocolata, vi, tabac, teles &#8230; al m\u00e9s complex: maquin\u00e0ria i eines, ovelles, vaques, cavalls &#8230;, i tamb\u00e9 persones.<\/p>\t\t\t\t\t\t\t\t<\/div>\n\t\t\t\t<\/div>\n\t\t\t\t<div class=\"elementor-element elementor-element-29e2bf9 elementor-widget elementor-widget-image\" data-id=\"29e2bf9\" data-element_type=\"widget\" data-e-type=\"widget\" data-widget_type=\"image.default\">\n\t\t\t\t<div class=\"elementor-widget-container\">\n\t\t\t\t\t\t\t\t\t\t\t\t<figure class=\"wp-caption\">\n\t\t\t\t\t\t\t\t\t\t<img loading=\"lazy\" decoding=\"async\" width=\"768\" height=\"512\" src=\"https:\/\/www.elturistatranquil.com\/wp-content\/uploads\/F14-Zugarramurdi-Cueva-de-las-brujas.jpg\" class=\"attachment-large size-large wp-image-29438\" alt=\"Zugarramurdi Cueva de las brujas\" srcset=\"https:\/\/www.elturistatranquil.com\/wp-content\/uploads\/F14-Zugarramurdi-Cueva-de-las-brujas.jpg 768w, https:\/\/www.elturistatranquil.com\/wp-content\/uploads\/F14-Zugarramurdi-Cueva-de-las-brujas-339x226.jpg 339w\" sizes=\"(max-width: 768px) 100vw, 768px\" \/>\t\t\t\t\t\t\t\t\t\t\t<figcaption class=\"widget-image-caption wp-caption-text\"><\/figcaption>\n\t\t\t\t\t\t\t\t\t\t<\/figure>\n\t\t\t\t\t\t\t\t\t<\/div>\n\t\t\t\t<\/div>\n\t\t\t\t<div class=\"elementor-element elementor-element-a724d87 elementor-widget elementor-widget-menu-anchor\" data-id=\"a724d87\" data-element_type=\"widget\" data-e-type=\"widget\" data-widget_type=\"menu-anchor.default\">\n\t\t\t\t<div class=\"elementor-widget-container\">\n\t\t\t\t\t\t\t<div class=\"elementor-menu-anchor\" id=\"b4308\"><\/div>\n\t\t\t\t\t\t<\/div>\n\t\t\t\t<\/div>\n\t\t\t\t<div class=\"elementor-element elementor-element-378d138 elementor-widget elementor-widget-text-editor\" data-id=\"378d138\" data-element_type=\"widget\" data-e-type=\"widget\" data-widget_type=\"text-editor.default\">\n\t\t\t\t<div class=\"elementor-widget-container\">\n\t\t\t\t\t\t\t\t\t<p>Havia d&#8217;haver un acord secret entre &#8220;carrabiners&#8221; i &#8220;douaniers&#8221; d&#8217;una banda, i contrabandistes de l&#8217;altra, segons el qual, en cas de trobar-se en la muntanya, aquests abandonarien els seus paquets i fugirien, i els gu\u00e0rdies, que s&#8217;acontentaven de decomissar la partida, a canvi no dispararien (o nom\u00e9s a l&#8217;aire).<\/p><p>Aquests paratges han estat idonis per al &#8220;treball de nit&#8221;: la frontera \u00e9s \u00e0mplia, amb moltes regates i sendes, grutes com aquestes de <em>Akelarrea<\/em> i petites coves on guardar les partides. La mateixa senda que uneix les coves de Sara, Zugarramurdi i Urdazubi, condicionada ara al tr\u00e0nsit tur\u00edstic, \u00e9s una evocaci\u00f3 d&#8217;aquells camins de contraban.<\/p>\t\t\t\t\t\t\t\t<\/div>\n\t\t\t\t<\/div>\n\t\t\t\t<div class=\"elementor-element elementor-element-57bf69d elementor-widget elementor-widget-heading\" data-id=\"57bf69d\" data-element_type=\"widget\" data-e-type=\"widget\" data-widget_type=\"heading.default\">\n\t\t\t\t<div class=\"elementor-widget-container\">\n\t\t\t\t\t<h4 class=\"elementor-heading-title elementor-size-default\">La formaci\u00f3 de les coves<\/h4>\t\t\t\t<\/div>\n\t\t\t\t<\/div>\n\t\t\t\t<div class=\"elementor-element elementor-element-c7b0981 elementor-widget elementor-widget-text-editor\" data-id=\"c7b0981\" data-element_type=\"widget\" data-e-type=\"widget\" data-widget_type=\"text-editor.default\">\n\t\t\t\t<div class=\"elementor-widget-container\">\n\t\t\t\t\t\t\t\t\t<p>Passat el pont, el cam\u00ed es bifurca. A l&#8217;esquerra porta a la Gran Cova, i a la dreta a la Cova de l&#8217;Aquelarre.<\/p><p>Primer m&#8217;acostar\u00e9 fins a la <strong>boca de sortida de la<\/strong> <strong>Gran Cova<\/strong> (<strong>3<\/strong>). Despr\u00e9s retrocedir\u00e9 per seguir per l&#8217;exterior per l&#8217;altra ruta.<\/p><p>Fa uns 130 milions d&#8217;anys (Per\u00edode Cretaci) el mar cobria aquests paratges i en les seves profunditats es van formar les calc\u00e0ries d&#8217;esculls que apareixen en aquestes coves de Zugarramurdi, a l&#8217;igual que en les ve\u00efnes de Sara i Urdazubi, ja que les tres formen el flanc d\u2019un sinclinal amb orientaci\u00f3 est-oest. Posteriorment, quan el mar va retrocedir, els rius van comen\u00e7ar a excavar les coves.<\/p><p>A sud de Zugarramurdi es troben les muntanyes de Pe\u00f1a Plata i Aizpara formades principalment per argiles i gresos del Tri\u00e0sic. L&#8217;empenta d&#8217;aquests materials va plegar i va fracturar la roca calc\u00e0ria de la cova. Nombroses fractures i falles van delimitar zones d&#8217;enfonsament i de ressalt entre les quals destaca el conjunt roc\u00f3s de les coves de Zugarramurdi.<\/p><p>Durant les \u00faltimes glaciacions, el nivell del proper mar Cant\u00e0bric va patir importants alts i baixos. Com a conseq\u00fc\u00e8ncia d&#8217;aix\u00f2, la Regata Infern o &#8220;<em>Infernaco Erreka<\/em>&#8221; va anar excavant progressivament els diferents nivells de la seva llera, visibles des d&#8217;aqu\u00ed.<\/p><p>Actualment, el rierol continua la seva tasca. La roca calc\u00e0ria es dissol amb l&#8217;aigua i \u00e9s desgastada per la for\u00e7a mec\u00e0nica del corrent formant les curioses &#8220;marmites de gegant&#8221;: cavitats m\u00e9s o menys circulars formades en el fons roc\u00f3s de la riera, excavades per l&#8217;efecte de polit i trituraci\u00f3 dels c\u00f2dols que giren en un conjunt d&#8217;aig\u00fces r\u00e0pides.<\/p><p>El resultat d&#8217;aquest llarg proc\u00e9s geomorfol\u00f2gic ha estat un immens forat perforat en la roca, amb entrada i sortida a nivell de superf\u00edcie.<\/p>\t\t\t\t\t\t\t\t<\/div>\n\t\t\t\t<\/div>\n\t\t\t\t<div class=\"elementor-element elementor-element-8319c2a elementor-widget elementor-widget-image\" data-id=\"8319c2a\" data-element_type=\"widget\" data-e-type=\"widget\" data-widget_type=\"image.default\">\n\t\t\t\t<div class=\"elementor-widget-container\">\n\t\t\t\t\t\t\t\t\t\t\t\t<figure class=\"wp-caption\">\n\t\t\t\t\t\t\t\t\t\t<img loading=\"lazy\" decoding=\"async\" width=\"768\" height=\"511\" src=\"https:\/\/www.elturistatranquil.com\/wp-content\/uploads\/F15-Zugarramurdi-Cueva-de-las-brujas.jpg\" class=\"attachment-large size-large wp-image-29440\" alt=\"Zugarramurdi Cueva de las brujas\" srcset=\"https:\/\/www.elturistatranquil.com\/wp-content\/uploads\/F15-Zugarramurdi-Cueva-de-las-brujas.jpg 768w, https:\/\/www.elturistatranquil.com\/wp-content\/uploads\/F15-Zugarramurdi-Cueva-de-las-brujas-339x226.jpg 339w\" sizes=\"(max-width: 768px) 100vw, 768px\" \/>\t\t\t\t\t\t\t\t\t\t\t<figcaption class=\"widget-image-caption wp-caption-text\"><\/figcaption>\n\t\t\t\t\t\t\t\t\t\t<\/figure>\n\t\t\t\t\t\t\t\t\t<\/div>\n\t\t\t\t<\/div>\n\t\t\t\t<div class=\"elementor-element elementor-element-8664912 elementor-widget elementor-widget-image\" data-id=\"8664912\" data-element_type=\"widget\" data-e-type=\"widget\" data-widget_type=\"image.default\">\n\t\t\t\t<div class=\"elementor-widget-container\">\n\t\t\t\t\t\t\t\t\t\t\t\t<figure class=\"wp-caption\">\n\t\t\t\t\t\t\t\t\t\t<img loading=\"lazy\" decoding=\"async\" width=\"768\" height=\"511\" src=\"https:\/\/www.elturistatranquil.com\/wp-content\/uploads\/F16-Zugarramurdi-Cueva-de-las-brujas.jpg\" class=\"attachment-large size-large wp-image-29442\" alt=\"Zugarramurdi Cueva de las brujas\" srcset=\"https:\/\/www.elturistatranquil.com\/wp-content\/uploads\/F16-Zugarramurdi-Cueva-de-las-brujas.jpg 768w, https:\/\/www.elturistatranquil.com\/wp-content\/uploads\/F16-Zugarramurdi-Cueva-de-las-brujas-339x226.jpg 339w\" sizes=\"(max-width: 768px) 100vw, 768px\" \/>\t\t\t\t\t\t\t\t\t\t\t<figcaption class=\"widget-image-caption wp-caption-text\"><\/figcaption>\n\t\t\t\t\t\t\t\t\t\t<\/figure>\n\t\t\t\t\t\t\t\t\t<\/div>\n\t\t\t\t<\/div>\n\t\t\t\t<div class=\"elementor-element elementor-element-4915489 elementor-widget elementor-widget-menu-anchor\" data-id=\"4915489\" data-element_type=\"widget\" data-e-type=\"widget\" data-widget_type=\"menu-anchor.default\">\n\t\t\t\t<div class=\"elementor-widget-container\">\n\t\t\t\t\t\t\t<div class=\"elementor-menu-anchor\" id=\"b4309\"><\/div>\n\t\t\t\t\t\t<\/div>\n\t\t\t\t<\/div>\n\t\t\t\t<div class=\"elementor-element elementor-element-c7a5b4f elementor-widget elementor-widget-image\" data-id=\"c7a5b4f\" data-element_type=\"widget\" data-e-type=\"widget\" data-widget_type=\"image.default\">\n\t\t\t\t<div class=\"elementor-widget-container\">\n\t\t\t\t\t\t\t\t\t\t\t\t<figure class=\"wp-caption\">\n\t\t\t\t\t\t\t\t\t\t<img loading=\"lazy\" decoding=\"async\" width=\"768\" height=\"511\" src=\"https:\/\/www.elturistatranquil.com\/wp-content\/uploads\/F17-Zugarramurdi-Cueva-de-las-brujas.jpg\" class=\"attachment-large size-large wp-image-29444\" alt=\"Zugarramurdi Cueva de las brujas\" srcset=\"https:\/\/www.elturistatranquil.com\/wp-content\/uploads\/F17-Zugarramurdi-Cueva-de-las-brujas.jpg 768w, https:\/\/www.elturistatranquil.com\/wp-content\/uploads\/F17-Zugarramurdi-Cueva-de-las-brujas-339x226.jpg 339w\" sizes=\"(max-width: 768px) 100vw, 768px\" \/>\t\t\t\t\t\t\t\t\t\t\t<figcaption class=\"widget-image-caption wp-caption-text\"><\/figcaption>\n\t\t\t\t\t\t\t\t\t\t<\/figure>\n\t\t\t\t\t\t\t\t\t<\/div>\n\t\t\t\t<\/div>\n\t\t\t\t<div class=\"elementor-element elementor-element-4a7df69 elementor-widget elementor-widget-heading\" data-id=\"4a7df69\" data-element_type=\"widget\" data-e-type=\"widget\" data-widget_type=\"heading.default\">\n\t\t\t\t<div class=\"elementor-widget-container\">\n\t\t\t\t\t<h4 class=\"elementor-heading-title elementor-size-default\">Els aquelarres<\/h4>\t\t\t\t<\/div>\n\t\t\t\t<\/div>\n\t\t\t\t<div class=\"elementor-element elementor-element-16bde1b elementor-widget elementor-widget-text-editor\" data-id=\"16bde1b\" data-element_type=\"widget\" data-e-type=\"widget\" data-widget_type=\"text-editor.default\">\n\t\t\t\t<div class=\"elementor-widget-container\">\n\t\t\t\t\t\t\t\t\t<p>L&#8217;origen de la paraula aquelarre est\u00e0 en aquest prat contigu: es diu &#8220;<em>Akelarrea<\/em>&#8220;, o &#8220;Prat del boc&#8221; en eusquera. Aqu\u00ed, segons sembla, s&#8217;ajuntaven les bruixes i celebraven els seus aquelarres.<\/p>\t\t\t\t\t\t\t\t<\/div>\n\t\t\t\t<\/div>\n\t\t\t\t<div class=\"elementor-element elementor-element-ad506b1 elementor-widget elementor-widget-image\" data-id=\"ad506b1\" data-element_type=\"widget\" data-e-type=\"widget\" data-widget_type=\"image.default\">\n\t\t\t\t<div class=\"elementor-widget-container\">\n\t\t\t\t\t\t\t\t\t\t\t\t<figure class=\"wp-caption\">\n\t\t\t\t\t\t\t\t\t\t<img loading=\"lazy\" decoding=\"async\" width=\"768\" height=\"511\" src=\"https:\/\/www.elturistatranquil.com\/wp-content\/uploads\/F18-Zugarramurdi-Cueva-de-las-brujas.jpg\" class=\"attachment-large size-large wp-image-29446\" alt=\"Zugarramurdi Cueva de las brujas\" srcset=\"https:\/\/www.elturistatranquil.com\/wp-content\/uploads\/F18-Zugarramurdi-Cueva-de-las-brujas.jpg 768w, https:\/\/www.elturistatranquil.com\/wp-content\/uploads\/F18-Zugarramurdi-Cueva-de-las-brujas-339x226.jpg 339w\" sizes=\"(max-width: 768px) 100vw, 768px\" \/>\t\t\t\t\t\t\t\t\t\t\t<figcaption class=\"widget-image-caption wp-caption-text\"><\/figcaption>\n\t\t\t\t\t\t\t\t\t\t<\/figure>\n\t\t\t\t\t\t\t\t\t<\/div>\n\t\t\t\t<\/div>\n\t\t\t\t<div class=\"elementor-element elementor-element-85e30a0 elementor-widget elementor-widget-text-editor\" data-id=\"85e30a0\" data-element_type=\"widget\" data-e-type=\"widget\" data-widget_type=\"text-editor.default\">\n\t\t\t\t<div class=\"elementor-widget-container\">\n\t\t\t\t\t\t\t\t\t<p>La bruixa \u00e9s, d&#8217;una banda, un \u00e9sser respectat i venerat, de poders especials. Per\u00f2, d&#8217;altra banda, \u00e9s un personatge que pacta amb el diable, (amb aparen\u00e7a de boc) i, a m\u00e9s de participar en reunions demon\u00edaques, realitza malastrucs i malediccions. Aquest aspecte, malauradament, els va donar fama: la persecuci\u00f3 estesa a Europa contra elles va tenir especial repercussi\u00f3 a aqu\u00ed.<\/p><p>Com sabem, la bruixeria de Zugarramurdi a passat a la hist\u00f2ria pel judici de l&#8217;any 1610: l&#8217;inquisidor Alvarado, despr\u00e9s de descobrir al poble a unes 300 persones relacionades amb bruixeria, enviament a Logronyo a les m\u00e9s sospitoses, 31 en total. A les acusacions, inventades i confessades mitjan\u00e7ant tortures, s&#8217;entrella\u00e7aven imputacions basades en les supersticions de l&#8217;\u00e8poca, den\u00fancies de ve\u00efns envejosos, mals naturals (tempestes, p\u00e8rdues de collites, etc.), sense oblidar la possible exist\u00e8ncia d&#8217;antics ritus no bandejats per el cristianisme i que encara es conservarien.<\/p><p>Durant els 2 anys de el proc\u00e9s, algunes persones van morir a la pres\u00f3. Finalment 11 van ser condemnades a la foguera (6 en v\u00eddeo i 5 ja mortes). Darrere de tot aix\u00f2 cal intuir un atac al poble: Zugarramurdi depenia de la jurisdicci\u00f3 criminal del Monestir de Urdazubi, i aix\u00ed va seguir sent fins a 1667.<\/p><p>Davant el prat, la boca d&#8217;una entrada lateral que se situa a nivell superior respecte a la gran gruta, i que forma la <strong>cova de l&#8217;aquelarre<\/strong> (<strong>4<\/strong>).<\/p>\t\t\t\t\t\t\t\t<\/div>\n\t\t\t\t<\/div>\n\t\t\t\t<div class=\"elementor-element elementor-element-9937af1 elementor-widget elementor-widget-image\" data-id=\"9937af1\" data-element_type=\"widget\" data-e-type=\"widget\" data-widget_type=\"image.default\">\n\t\t\t\t<div class=\"elementor-widget-container\">\n\t\t\t\t\t\t\t\t\t\t\t\t<figure class=\"wp-caption\">\n\t\t\t\t\t\t\t\t\t\t<img loading=\"lazy\" decoding=\"async\" width=\"768\" height=\"511\" src=\"https:\/\/www.elturistatranquil.com\/wp-content\/uploads\/F19-Zugarramurdi-Cueva-de-las-brujas.jpg\" class=\"attachment-large size-large wp-image-29448\" alt=\"Zugarramurdi Cueva de las brujas\" srcset=\"https:\/\/www.elturistatranquil.com\/wp-content\/uploads\/F19-Zugarramurdi-Cueva-de-las-brujas.jpg 768w, https:\/\/www.elturistatranquil.com\/wp-content\/uploads\/F19-Zugarramurdi-Cueva-de-las-brujas-339x226.jpg 339w\" sizes=\"(max-width: 768px) 100vw, 768px\" \/>\t\t\t\t\t\t\t\t\t\t\t<figcaption class=\"widget-image-caption wp-caption-text\"><\/figcaption>\n\t\t\t\t\t\t\t\t\t\t<\/figure>\n\t\t\t\t\t\t\t\t\t<\/div>\n\t\t\t\t<\/div>\n\t\t\t\t<div class=\"elementor-element elementor-element-f7b6448 elementor-widget elementor-widget-image\" data-id=\"f7b6448\" data-element_type=\"widget\" data-e-type=\"widget\" data-widget_type=\"image.default\">\n\t\t\t\t<div class=\"elementor-widget-container\">\n\t\t\t\t\t\t\t\t\t\t\t\t<figure class=\"wp-caption\">\n\t\t\t\t\t\t\t\t\t\t<img loading=\"lazy\" decoding=\"async\" width=\"768\" height=\"511\" src=\"https:\/\/www.elturistatranquil.com\/wp-content\/uploads\/F20-Zugarramurdi-Cueva-de-las-brujas.jpg\" class=\"attachment-large size-large wp-image-29450\" alt=\"Zugarramurdi Cueva de las brujas\" srcset=\"https:\/\/www.elturistatranquil.com\/wp-content\/uploads\/F20-Zugarramurdi-Cueva-de-las-brujas.jpg 768w, https:\/\/www.elturistatranquil.com\/wp-content\/uploads\/F20-Zugarramurdi-Cueva-de-las-brujas-339x226.jpg 339w\" sizes=\"(max-width: 768px) 100vw, 768px\" \/>\t\t\t\t\t\t\t\t\t\t\t<figcaption class=\"widget-image-caption wp-caption-text\"><\/figcaption>\n\t\t\t\t\t\t\t\t\t\t<\/figure>\n\t\t\t\t\t\t\t\t\t<\/div>\n\t\t\t\t<\/div>\n\t\t\t\t<div class=\"elementor-element elementor-element-fcae1a5 elementor-widget elementor-widget-image\" data-id=\"fcae1a5\" data-element_type=\"widget\" data-e-type=\"widget\" data-widget_type=\"image.default\">\n\t\t\t\t<div class=\"elementor-widget-container\">\n\t\t\t\t\t\t\t\t\t\t\t\t<figure class=\"wp-caption\">\n\t\t\t\t\t\t\t\t\t\t<img loading=\"lazy\" decoding=\"async\" width=\"768\" height=\"511\" src=\"https:\/\/www.elturistatranquil.com\/wp-content\/uploads\/F21-Zugarramurdi-Cueva-de-las-brujas.jpg\" class=\"attachment-large size-large wp-image-29452\" alt=\"Zugarramurdi Cueva de las brujas\" srcset=\"https:\/\/www.elturistatranquil.com\/wp-content\/uploads\/F21-Zugarramurdi-Cueva-de-las-brujas.jpg 768w, https:\/\/www.elturistatranquil.com\/wp-content\/uploads\/F21-Zugarramurdi-Cueva-de-las-brujas-339x226.jpg 339w\" sizes=\"(max-width: 768px) 100vw, 768px\" \/>\t\t\t\t\t\t\t\t\t\t\t<figcaption class=\"widget-image-caption wp-caption-text\"><\/figcaption>\n\t\t\t\t\t\t\t\t\t\t<\/figure>\n\t\t\t\t\t\t\t\t\t<\/div>\n\t\t\t\t<\/div>\n\t\t\t\t<div class=\"elementor-element elementor-element-bb28d75 elementor-widget elementor-widget-image\" data-id=\"bb28d75\" data-element_type=\"widget\" data-e-type=\"widget\" data-widget_type=\"image.default\">\n\t\t\t\t<div class=\"elementor-widget-container\">\n\t\t\t\t\t\t\t\t\t\t\t\t<figure class=\"wp-caption\">\n\t\t\t\t\t\t\t\t\t\t<img loading=\"lazy\" decoding=\"async\" width=\"768\" height=\"511\" src=\"https:\/\/www.elturistatranquil.com\/wp-content\/uploads\/F22-Zugarramurdi-Cueva-de-las-brujas.jpg\" class=\"attachment-large size-large wp-image-29454\" alt=\"Zugarramurdi Cueva de las brujas\" srcset=\"https:\/\/www.elturistatranquil.com\/wp-content\/uploads\/F22-Zugarramurdi-Cueva-de-las-brujas.jpg 768w, https:\/\/www.elturistatranquil.com\/wp-content\/uploads\/F22-Zugarramurdi-Cueva-de-las-brujas-339x226.jpg 339w\" sizes=\"(max-width: 768px) 100vw, 768px\" \/>\t\t\t\t\t\t\t\t\t\t\t<figcaption class=\"widget-image-caption wp-caption-text\"><\/figcaption>\n\t\t\t\t\t\t\t\t\t\t<\/figure>\n\t\t\t\t\t\t\t\t\t<\/div>\n\t\t\t\t<\/div>\n\t\t\t\t<div class=\"elementor-element elementor-element-f8bf410 elementor-widget elementor-widget-image\" data-id=\"f8bf410\" data-element_type=\"widget\" data-e-type=\"widget\" data-widget_type=\"image.default\">\n\t\t\t\t<div class=\"elementor-widget-container\">\n\t\t\t\t\t\t\t\t\t\t\t\t<figure class=\"wp-caption\">\n\t\t\t\t\t\t\t\t\t\t<img loading=\"lazy\" decoding=\"async\" width=\"768\" height=\"511\" src=\"https:\/\/www.elturistatranquil.com\/wp-content\/uploads\/F23-Zugarramurdi-Cueva-de-las-brujas.jpg\" class=\"attachment-large size-large wp-image-29456\" alt=\"Zugarramurdi Cueva de las brujas\" srcset=\"https:\/\/www.elturistatranquil.com\/wp-content\/uploads\/F23-Zugarramurdi-Cueva-de-las-brujas.jpg 768w, https:\/\/www.elturistatranquil.com\/wp-content\/uploads\/F23-Zugarramurdi-Cueva-de-las-brujas-339x226.jpg 339w\" sizes=\"(max-width: 768px) 100vw, 768px\" \/>\t\t\t\t\t\t\t\t\t\t\t<figcaption class=\"widget-image-caption wp-caption-text\"><\/figcaption>\n\t\t\t\t\t\t\t\t\t\t<\/figure>\n\t\t\t\t\t\t\t\t\t<\/div>\n\t\t\t\t<\/div>\n\t\t\t\t<div class=\"elementor-element elementor-element-83d17ca elementor-widget elementor-widget-text-editor\" data-id=\"83d17ca\" data-element_type=\"widget\" data-e-type=\"widget\" data-widget_type=\"text-editor.default\">\n\t\t\t\t<div class=\"elementor-widget-container\">\n\t\t\t\t\t\t\t\t\t<p>L&#8217;acc\u00e9s encarat al prat.<\/p>\t\t\t\t\t\t\t\t<\/div>\n\t\t\t\t<\/div>\n\t\t\t\t<div class=\"elementor-element elementor-element-ff7cadc elementor-widget elementor-widget-menu-anchor\" data-id=\"ff7cadc\" data-element_type=\"widget\" data-e-type=\"widget\" data-widget_type=\"menu-anchor.default\">\n\t\t\t\t<div class=\"elementor-widget-container\">\n\t\t\t\t\t\t\t<div class=\"elementor-menu-anchor\" id=\"b4310\"><\/div>\n\t\t\t\t\t\t<\/div>\n\t\t\t\t<\/div>\n\t\t\t\t<div class=\"elementor-element elementor-element-d4e5271 elementor-widget elementor-widget-image\" data-id=\"d4e5271\" data-element_type=\"widget\" data-e-type=\"widget\" data-widget_type=\"image.default\">\n\t\t\t\t<div class=\"elementor-widget-container\">\n\t\t\t\t\t\t\t\t\t\t\t\t<figure class=\"wp-caption\">\n\t\t\t\t\t\t\t\t\t\t<img loading=\"lazy\" decoding=\"async\" width=\"768\" height=\"511\" src=\"https:\/\/www.elturistatranquil.com\/wp-content\/uploads\/F24-Zugarramurdi-Cueva-de-las-brujas.jpg\" class=\"attachment-large size-large wp-image-29458\" alt=\"Zugarramurdi Cueva de las brujas\" srcset=\"https:\/\/www.elturistatranquil.com\/wp-content\/uploads\/F24-Zugarramurdi-Cueva-de-las-brujas.jpg 768w, https:\/\/www.elturistatranquil.com\/wp-content\/uploads\/F24-Zugarramurdi-Cueva-de-las-brujas-339x226.jpg 339w\" sizes=\"(max-width: 768px) 100vw, 768px\" \/>\t\t\t\t\t\t\t\t\t\t\t<figcaption class=\"widget-image-caption wp-caption-text\"><\/figcaption>\n\t\t\t\t\t\t\t\t\t\t<\/figure>\n\t\t\t\t\t\t\t\t\t<\/div>\n\t\t\t\t<\/div>\n\t\t\t\t<div class=\"elementor-element elementor-element-e0e74db elementor-widget elementor-widget-heading\" data-id=\"e0e74db\" data-element_type=\"widget\" data-e-type=\"widget\" data-widget_type=\"heading.default\">\n\t\t\t\t<div class=\"elementor-widget-container\">\n\t\t\t\t\t<h4 class=\"elementor-heading-title elementor-size-default\">La Gran Cova<\/h4>\t\t\t\t<\/div>\n\t\t\t\t<\/div>\n\t\t\t\t<div class=\"elementor-element elementor-element-fe8f8e2 elementor-widget elementor-widget-text-editor\" data-id=\"fe8f8e2\" data-element_type=\"widget\" data-e-type=\"widget\" data-widget_type=\"text-editor.default\">\n\t\t\t\t<div class=\"elementor-widget-container\">\n\t\t\t\t\t\t\t\t\t<p>Prossegueixo el recorregut exterior per tancar el circuit i arribar a la boca d&#8217;entrada de la <strong>Gran Cova<\/strong> (<strong>5<\/strong>). Ara la visi\u00f3 que tinc \u00e9s des del nivell de terra.<\/p><p>De fet, la cova est\u00e0 formada per una doble cova. Una erosi\u00f3 transversal al sentit longitudinal de la gran massa rocosa. \u00c9s el lloc pel qual s&#8217;accedeix des de l&#8217;entrada al recinte, amb les escales de baixada al fons.<\/p>\t\t\t\t\t\t\t\t<\/div>\n\t\t\t\t<\/div>\n\t\t\t\t<div class=\"elementor-element elementor-element-9ea1381 elementor-widget elementor-widget-image\" data-id=\"9ea1381\" data-element_type=\"widget\" data-e-type=\"widget\" data-widget_type=\"image.default\">\n\t\t\t\t<div class=\"elementor-widget-container\">\n\t\t\t\t\t\t\t\t\t\t\t\t<figure class=\"wp-caption\">\n\t\t\t\t\t\t\t\t\t\t<img loading=\"lazy\" decoding=\"async\" width=\"768\" height=\"511\" src=\"https:\/\/www.elturistatranquil.com\/wp-content\/uploads\/F25-Zugarramurdi-Cueva-de-las-brujas.jpg\" class=\"attachment-large size-large wp-image-29460\" alt=\"Zugarramurdi Cueva de las brujas\" srcset=\"https:\/\/www.elturistatranquil.com\/wp-content\/uploads\/F25-Zugarramurdi-Cueva-de-las-brujas.jpg 768w, https:\/\/www.elturistatranquil.com\/wp-content\/uploads\/F25-Zugarramurdi-Cueva-de-las-brujas-339x226.jpg 339w\" sizes=\"(max-width: 768px) 100vw, 768px\" \/>\t\t\t\t\t\t\t\t\t\t\t<figcaption class=\"widget-image-caption wp-caption-text\"><\/figcaption>\n\t\t\t\t\t\t\t\t\t\t<\/figure>\n\t\t\t\t\t\t\t\t\t<\/div>\n\t\t\t\t<\/div>\n\t\t\t\t<div class=\"elementor-element elementor-element-1aa7fc0 elementor-widget elementor-widget-text-editor\" data-id=\"1aa7fc0\" data-element_type=\"widget\" data-e-type=\"widget\" data-widget_type=\"text-editor.default\">\n\t\t\t\t<div class=\"elementor-widget-container\">\n\t\t\t\t\t\t\t\t\t<p>La segona, \u00e9s la <strong>Gran Cova<\/strong> pr\u00f2piament dita, a l&#8217;esquerra en la fotografia anterior, que recorre longitudinalment la roca, i per la qual discorre la regata Infern, i on se situen les grutes laterals, amb la cova de l&#8217;Aquelarre que acabo de veure, a la banda esquerra.<\/p>\t\t\t\t\t\t\t\t<\/div>\n\t\t\t\t<\/div>\n\t\t\t\t<div class=\"elementor-element elementor-element-4e95520 elementor-widget elementor-widget-image\" data-id=\"4e95520\" data-element_type=\"widget\" data-e-type=\"widget\" data-widget_type=\"image.default\">\n\t\t\t\t<div class=\"elementor-widget-container\">\n\t\t\t\t\t\t\t\t\t\t\t\t<figure class=\"wp-caption\">\n\t\t\t\t\t\t\t\t\t\t<img loading=\"lazy\" decoding=\"async\" width=\"768\" height=\"511\" src=\"https:\/\/www.elturistatranquil.com\/wp-content\/uploads\/F26-Zugarramurdi-Cueva-de-las-brujas.jpg\" class=\"attachment-large size-large wp-image-29462\" alt=\"Zugarramurdi Cueva de las brujas\" srcset=\"https:\/\/www.elturistatranquil.com\/wp-content\/uploads\/F26-Zugarramurdi-Cueva-de-las-brujas.jpg 768w, https:\/\/www.elturistatranquil.com\/wp-content\/uploads\/F26-Zugarramurdi-Cueva-de-las-brujas-339x226.jpg 339w\" sizes=\"(max-width: 768px) 100vw, 768px\" \/>\t\t\t\t\t\t\t\t\t\t\t<figcaption class=\"widget-image-caption wp-caption-text\"><\/figcaption>\n\t\t\t\t\t\t\t\t\t\t<\/figure>\n\t\t\t\t\t\t\t\t\t<\/div>\n\t\t\t\t<\/div>\n\t\t\t\t<div class=\"elementor-element elementor-element-f326eea elementor-widget elementor-widget-image\" data-id=\"f326eea\" data-element_type=\"widget\" data-e-type=\"widget\" data-widget_type=\"image.default\">\n\t\t\t\t<div class=\"elementor-widget-container\">\n\t\t\t\t\t\t\t\t\t\t\t\t<figure class=\"wp-caption\">\n\t\t\t\t\t\t\t\t\t\t<img loading=\"lazy\" decoding=\"async\" width=\"768\" height=\"511\" src=\"https:\/\/www.elturistatranquil.com\/wp-content\/uploads\/F27-Zugarramurdi-Cueva-de-las-brujas.jpg\" class=\"attachment-large size-large wp-image-29464\" alt=\"Zugarramurdi Cueva de las brujas\" srcset=\"https:\/\/www.elturistatranquil.com\/wp-content\/uploads\/F27-Zugarramurdi-Cueva-de-las-brujas.jpg 768w, https:\/\/www.elturistatranquil.com\/wp-content\/uploads\/F27-Zugarramurdi-Cueva-de-las-brujas-339x226.jpg 339w\" sizes=\"(max-width: 768px) 100vw, 768px\" \/>\t\t\t\t\t\t\t\t\t\t\t<figcaption class=\"widget-image-caption wp-caption-text\"><\/figcaption>\n\t\t\t\t\t\t\t\t\t\t<\/figure>\n\t\t\t\t\t\t\t\t\t<\/div>\n\t\t\t\t<\/div>\n\t\t\t\t<div class=\"elementor-element elementor-element-b2dc558 elementor-widget elementor-widget-text-editor\" data-id=\"b2dc558\" data-element_type=\"widget\" data-e-type=\"widget\" data-widget_type=\"text-editor.default\">\n\t\t\t\t<div class=\"elementor-widget-container\">\n\t\t\t\t\t\t\t\t\t<p>La gruta elevada de la dreta (<strong>6<\/strong>), ben il\u00b7luminada.<\/p>\t\t\t\t\t\t\t\t<\/div>\n\t\t\t\t<\/div>\n\t\t\t\t<div class=\"elementor-element elementor-element-beb2a71 elementor-widget elementor-widget-image\" data-id=\"beb2a71\" data-element_type=\"widget\" data-e-type=\"widget\" data-widget_type=\"image.default\">\n\t\t\t\t<div class=\"elementor-widget-container\">\n\t\t\t\t\t\t\t\t\t\t\t\t<figure class=\"wp-caption\">\n\t\t\t\t\t\t\t\t\t\t<img loading=\"lazy\" decoding=\"async\" width=\"768\" height=\"511\" src=\"https:\/\/www.elturistatranquil.com\/wp-content\/uploads\/F28-Zugarramurdi-Cueva-de-las-brujas.jpg\" class=\"attachment-large size-large wp-image-29468\" alt=\"Zugarramurdi Cueva de las brujas\" srcset=\"https:\/\/www.elturistatranquil.com\/wp-content\/uploads\/F28-Zugarramurdi-Cueva-de-las-brujas.jpg 768w, https:\/\/www.elturistatranquil.com\/wp-content\/uploads\/F28-Zugarramurdi-Cueva-de-las-brujas-339x226.jpg 339w\" sizes=\"(max-width: 768px) 100vw, 768px\" \/>\t\t\t\t\t\t\t\t\t\t\t<figcaption class=\"widget-image-caption wp-caption-text\"><\/figcaption>\n\t\t\t\t\t\t\t\t\t\t<\/figure>\n\t\t\t\t\t\t\t\t\t<\/div>\n\t\t\t\t<\/div>\n\t\t\t\t<div class=\"elementor-element elementor-element-f28410b elementor-widget elementor-widget-text-editor\" data-id=\"f28410b\" data-element_type=\"widget\" data-e-type=\"widget\" data-widget_type=\"text-editor.default\">\n\t\t\t\t<div class=\"elementor-widget-container\">\n\t\t\t\t\t\t\t\t\t<p>Des d&#8217;una esp\u00e8cie de balconada interior, pot apreciar-se, un cop m\u00e9s, les enormes dimensions, des de l&#8217;entrada pel sud, fins a la sortida pel costat nord.<\/p>\t\t\t\t\t\t\t\t<\/div>\n\t\t\t\t<\/div>\n\t\t\t\t<div class=\"elementor-element elementor-element-600a1df elementor-widget elementor-widget-image\" data-id=\"600a1df\" data-element_type=\"widget\" data-e-type=\"widget\" data-widget_type=\"image.default\">\n\t\t\t\t<div class=\"elementor-widget-container\">\n\t\t\t\t\t\t\t\t\t\t\t\t<figure class=\"wp-caption\">\n\t\t\t\t\t\t\t\t\t\t<img loading=\"lazy\" decoding=\"async\" width=\"768\" height=\"511\" src=\"https:\/\/www.elturistatranquil.com\/wp-content\/uploads\/F29-Zugarramurdi-Cueva-de-las-brujas.jpg\" class=\"attachment-large size-large wp-image-29470\" alt=\"Zugarramurdi Cueva de las brujas\" srcset=\"https:\/\/www.elturistatranquil.com\/wp-content\/uploads\/F29-Zugarramurdi-Cueva-de-las-brujas.jpg 768w, https:\/\/www.elturistatranquil.com\/wp-content\/uploads\/F29-Zugarramurdi-Cueva-de-las-brujas-339x226.jpg 339w\" sizes=\"(max-width: 768px) 100vw, 768px\" \/>\t\t\t\t\t\t\t\t\t\t\t<figcaption class=\"widget-image-caption wp-caption-text\"><\/figcaption>\n\t\t\t\t\t\t\t\t\t\t<\/figure>\n\t\t\t\t\t\t\t\t\t<\/div>\n\t\t\t\t<\/div>\n\t\t\t\t<div class=\"elementor-element elementor-element-1432f8c elementor-widget elementor-widget-image\" data-id=\"1432f8c\" data-element_type=\"widget\" data-e-type=\"widget\" data-widget_type=\"image.default\">\n\t\t\t\t<div class=\"elementor-widget-container\">\n\t\t\t\t\t\t\t\t\t\t\t\t<figure class=\"wp-caption\">\n\t\t\t\t\t\t\t\t\t\t<img loading=\"lazy\" decoding=\"async\" width=\"768\" height=\"511\" src=\"https:\/\/www.elturistatranquil.com\/wp-content\/uploads\/F30a-Zugarramurdi-Cueva-de-las-brujas.jpg\" class=\"attachment-large size-large wp-image-29472\" alt=\"Zugarramurdi Cueva de las brujas\" srcset=\"https:\/\/www.elturistatranquil.com\/wp-content\/uploads\/F30a-Zugarramurdi-Cueva-de-las-brujas.jpg 768w, https:\/\/www.elturistatranquil.com\/wp-content\/uploads\/F30a-Zugarramurdi-Cueva-de-las-brujas-339x226.jpg 339w\" sizes=\"(max-width: 768px) 100vw, 768px\" \/>\t\t\t\t\t\t\t\t\t\t\t<figcaption class=\"widget-image-caption wp-caption-text\"><\/figcaption>\n\t\t\t\t\t\t\t\t\t\t<\/figure>\n\t\t\t\t\t\t\t\t\t<\/div>\n\t\t\t\t<\/div>\n\t\t\t\t<div class=\"elementor-element elementor-element-eed3856 elementor-widget elementor-widget-text-editor\" data-id=\"eed3856\" data-element_type=\"widget\" data-e-type=\"widget\" data-widget_type=\"text-editor.default\">\n\t\t\t\t<div class=\"elementor-widget-container\">\n\t\t\t\t\t\t\t\t\t<p>Les seves grans dimensions, i la seva base bastant plana, permeten que en ella s&#8217;organitzin concerts de grans proporcions. Com en aquest exemple.<\/p>\t\t\t\t\t\t\t\t<\/div>\n\t\t\t\t<\/div>\n\t\t\t\t<div class=\"elementor-element elementor-element-8f53759 elementor-widget elementor-widget-image\" data-id=\"8f53759\" data-element_type=\"widget\" data-e-type=\"widget\" data-widget_type=\"image.default\">\n\t\t\t\t<div class=\"elementor-widget-container\">\n\t\t\t\t\t\t\t\t\t\t\t\t<figure class=\"wp-caption\">\n\t\t\t\t\t\t\t\t\t\t<img loading=\"lazy\" decoding=\"async\" width=\"768\" height=\"512\" src=\"https:\/\/www.elturistatranquil.com\/wp-content\/uploads\/F30b-Zugarramurdi-Cueva-de-las-brujas.jpg\" class=\"attachment-large size-large wp-image-29474\" alt=\"Zugarramurdi Cueva de las brujas\" srcset=\"https:\/\/www.elturistatranquil.com\/wp-content\/uploads\/F30b-Zugarramurdi-Cueva-de-las-brujas.jpg 768w, https:\/\/www.elturistatranquil.com\/wp-content\/uploads\/F30b-Zugarramurdi-Cueva-de-las-brujas-339x226.jpg 339w\" sizes=\"(max-width: 768px) 100vw, 768px\" \/>\t\t\t\t\t\t\t\t\t\t\t<figcaption class=\"widget-image-caption wp-caption-text\"><\/figcaption>\n\t\t\t\t\t\t\t\t\t\t<\/figure>\n\t\t\t\t\t\t\t\t\t<\/div>\n\t\t\t\t<\/div>\n\t\t\t\t<div class=\"elementor-element elementor-element-a275f71 elementor-widget elementor-widget-text-editor\" data-id=\"a275f71\" data-element_type=\"widget\" data-e-type=\"widget\" data-widget_type=\"text-editor.default\">\n\t\t\t\t<div class=\"elementor-widget-container\">\n\t\t\t\t\t\t\t\t\t<p>A la paret de la banda sud, abans de la gran cova, es pot entrar a una altra <strong>petita cova<\/strong> (<em>leze txikia<\/em>) (<strong>7<\/strong>).<\/p>\t\t\t\t\t\t\t\t<\/div>\n\t\t\t\t<\/div>\n\t\t\t\t<div class=\"elementor-element elementor-element-2cc9822 elementor-widget elementor-widget-image\" data-id=\"2cc9822\" data-element_type=\"widget\" data-e-type=\"widget\" data-widget_type=\"image.default\">\n\t\t\t\t<div class=\"elementor-widget-container\">\n\t\t\t\t\t\t\t\t\t\t\t\t<figure class=\"wp-caption\">\n\t\t\t\t\t\t\t\t\t\t<img loading=\"lazy\" decoding=\"async\" width=\"768\" height=\"512\" src=\"https:\/\/www.elturistatranquil.com\/wp-content\/uploads\/F31-Zugarramurdi-Cueva-de-las-brujas.jpg\" class=\"attachment-large size-large wp-image-29476\" alt=\"Zugarramurdi Cueva de las brujas\" srcset=\"https:\/\/www.elturistatranquil.com\/wp-content\/uploads\/F31-Zugarramurdi-Cueva-de-las-brujas.jpg 768w, https:\/\/www.elturistatranquil.com\/wp-content\/uploads\/F31-Zugarramurdi-Cueva-de-las-brujas-339x226.jpg 339w\" sizes=\"(max-width: 768px) 100vw, 768px\" \/>\t\t\t\t\t\t\t\t\t\t\t<figcaption class=\"widget-image-caption wp-caption-text\"><\/figcaption>\n\t\t\t\t\t\t\t\t\t\t<\/figure>\n\t\t\t\t\t\t\t\t\t<\/div>\n\t\t\t\t<\/div>\n\t\t\t\t<div class=\"elementor-element elementor-element-7a14491 elementor-widget elementor-widget-menu-anchor\" data-id=\"7a14491\" data-element_type=\"widget\" data-e-type=\"widget\" data-widget_type=\"menu-anchor.default\">\n\t\t\t\t<div class=\"elementor-widget-container\">\n\t\t\t\t\t\t\t<div class=\"elementor-menu-anchor\" id=\"b4311\"><\/div>\n\t\t\t\t\t\t<\/div>\n\t\t\t\t<\/div>\n\t\t\t\t<div class=\"elementor-element elementor-element-27f570f elementor-widget elementor-widget-image\" data-id=\"27f570f\" data-element_type=\"widget\" data-e-type=\"widget\" data-widget_type=\"image.default\">\n\t\t\t\t<div class=\"elementor-widget-container\">\n\t\t\t\t\t\t\t\t\t\t\t\t<figure class=\"wp-caption\">\n\t\t\t\t\t\t\t\t\t\t<img loading=\"lazy\" decoding=\"async\" width=\"768\" height=\"511\" src=\"https:\/\/www.elturistatranquil.com\/wp-content\/uploads\/F32-Zugarramurdi-Cueva-de-las-brujas.jpg\" class=\"attachment-large size-large wp-image-29478\" alt=\"Zugarramurdi Cueva de las brujas\" srcset=\"https:\/\/www.elturistatranquil.com\/wp-content\/uploads\/F32-Zugarramurdi-Cueva-de-las-brujas.jpg 768w, https:\/\/www.elturistatranquil.com\/wp-content\/uploads\/F32-Zugarramurdi-Cueva-de-las-brujas-339x226.jpg 339w\" sizes=\"(max-width: 768px) 100vw, 768px\" \/>\t\t\t\t\t\t\t\t\t\t\t<figcaption class=\"widget-image-caption wp-caption-text\"><\/figcaption>\n\t\t\t\t\t\t\t\t\t\t<\/figure>\n\t\t\t\t\t\t\t\t\t<\/div>\n\t\t\t\t<\/div>\n\t\t\t\t<div class=\"elementor-element elementor-element-0a1bd8e elementor-widget elementor-widget-heading\" data-id=\"0a1bd8e\" data-element_type=\"widget\" data-e-type=\"widget\" data-widget_type=\"heading.default\">\n\t\t\t\t<div class=\"elementor-widget-container\">\n\t\t\t\t\t<h4 class=\"elementor-heading-title elementor-size-default\">El forn de cal\u00e7<\/h4>\t\t\t\t<\/div>\n\t\t\t\t<\/div>\n\t\t\t\t<div class=\"elementor-element elementor-element-e67cab2 elementor-widget elementor-widget-text-editor\" data-id=\"e67cab2\" data-element_type=\"widget\" data-e-type=\"widget\" data-widget_type=\"text-editor.default\">\n\t\t\t\t<div class=\"elementor-widget-container\">\n\t\t\t\t\t\t\t\t\t<p>Al peu de l&#8217;escala d&#8217;acc\u00e9s a la Gran Cova es va construir al segle XVIII un <strong>forn de cal\u00e7<\/strong> (<strong>8<\/strong>). Era una \u00e8poca de fam i els camperols van descobrir que la cal\u00e7 viva millorava les collites dels seus camps.<\/p><p>El forn de cal\u00e7 consta d&#8217;una llar cil\u00edndrica amb volta i entrada superior per a la c\u00e0rrega de pedra una altra inferior &#8220;<em>agoa<\/em>&#8221; per a la llenya i sota d&#8217;aquesta una tercera per al tir i la cendra &#8220;<em>auskoa<\/em>&#8220;. Podien tenir un petit teulat &#8220;<em>legorra<\/em>&#8221; a l&#8217;entrada.<\/p>\t\t\t\t\t\t\t\t<\/div>\n\t\t\t\t<\/div>\n\t\t\t\t<div class=\"elementor-element elementor-element-e43a844 elementor-widget elementor-widget-image\" data-id=\"e43a844\" data-element_type=\"widget\" data-e-type=\"widget\" data-widget_type=\"image.default\">\n\t\t\t\t<div class=\"elementor-widget-container\">\n\t\t\t\t\t\t\t\t\t\t\t\t<figure class=\"wp-caption\">\n\t\t\t\t\t\t\t\t\t\t<img loading=\"lazy\" decoding=\"async\" width=\"768\" height=\"511\" src=\"https:\/\/www.elturistatranquil.com\/wp-content\/uploads\/F33-Zugarramurdi-Cueva-de-las-brujas.jpg\" class=\"attachment-large size-large wp-image-29480\" alt=\"Zugarramurdi Cueva de las brujas\" srcset=\"https:\/\/www.elturistatranquil.com\/wp-content\/uploads\/F33-Zugarramurdi-Cueva-de-las-brujas.jpg 768w, https:\/\/www.elturistatranquil.com\/wp-content\/uploads\/F33-Zugarramurdi-Cueva-de-las-brujas-339x226.jpg 339w\" sizes=\"(max-width: 768px) 100vw, 768px\" \/>\t\t\t\t\t\t\t\t\t\t\t<figcaption class=\"widget-image-caption wp-caption-text\"><\/figcaption>\n\t\t\t\t\t\t\t\t\t\t<\/figure>\n\t\t\t\t\t\t\t\t\t<\/div>\n\t\t\t\t<\/div>\n\t\t\t\t<div class=\"elementor-element elementor-element-04880f0 elementor-widget elementor-widget-menu-anchor\" data-id=\"04880f0\" data-element_type=\"widget\" data-e-type=\"widget\" data-widget_type=\"menu-anchor.default\">\n\t\t\t\t<div class=\"elementor-widget-container\">\n\t\t\t\t\t\t\t<div class=\"elementor-menu-anchor\" id=\"b4312\"><\/div>\n\t\t\t\t\t\t<\/div>\n\t\t\t\t<\/div>\n\t\t\t\t<div class=\"elementor-element elementor-element-6a6e06a elementor-widget elementor-widget-text-editor\" data-id=\"6a6e06a\" data-element_type=\"widget\" data-e-type=\"widget\" data-widget_type=\"text-editor.default\">\n\t\t\t\t<div class=\"elementor-widget-container\">\n\t\t\t\t\t\t\t\t\t<p>Es constru\u00efen pr\u00f2ximes a penyals calcaris, per ser aquesta la mat\u00e8ria primera, i en zones de pendent per tenir bon acc\u00e9s a les boques superior i inferior. De propietat privada o comunal, treballaven en ells grups de 6 &#8211; 8 persones segons la mida del forn. Com a combustible s&#8217;utilitzava tot tipus de llenya i mala herba, llevat la falguera.<\/p>\t\t\t\t\t\t\t\t<\/div>\n\t\t\t\t<\/div>\n\t\t\t\t<div class=\"elementor-element elementor-element-fb10b7f elementor-widget elementor-widget-heading\" data-id=\"fb10b7f\" data-element_type=\"widget\" data-e-type=\"widget\" data-widget_type=\"heading.default\">\n\t\t\t\t<div class=\"elementor-widget-container\">\n\t\t\t\t\t<h3 class=\"elementor-heading-title elementor-size-default\">Museu de les Bruixes \/ Sorginen Museoa<\/h3>\t\t\t\t<\/div>\n\t\t\t\t<\/div>\n\t\t\t\t<div class=\"elementor-element elementor-element-5c7f722 elementor-widget elementor-widget-text-editor\" data-id=\"5c7f722\" data-element_type=\"widget\" data-e-type=\"widget\" data-widget_type=\"text-editor.default\">\n\t\t\t\t<div class=\"elementor-widget-container\">\n\t\t\t\t\t\t\t\t\t<p>A 200 metres de la Cova, en direcci\u00f3 a la localitat, entro a visitar el <strong>Museu de les Bruixes<\/strong> (<em>Zugarramurdi Sorginen Museoa<\/em>). Museu que es va obrir el 2007.<\/p>\t\t\t\t\t\t\t\t<\/div>\n\t\t\t\t<\/div>\n\t\t\t\t<div class=\"elementor-element elementor-element-2568806 elementor-widget elementor-widget-image\" data-id=\"2568806\" data-element_type=\"widget\" data-e-type=\"widget\" data-widget_type=\"image.default\">\n\t\t\t\t<div class=\"elementor-widget-container\">\n\t\t\t\t\t\t\t\t\t\t\t\t<figure class=\"wp-caption\">\n\t\t\t\t\t\t\t\t\t\t<img loading=\"lazy\" decoding=\"async\" width=\"768\" height=\"511\" src=\"https:\/\/www.elturistatranquil.com\/wp-content\/uploads\/F34-Zugarramurdi-Museo-de-las-brujas.jpg\" class=\"attachment-large size-large wp-image-29482\" alt=\"Zugarramurdi Museo de las brujas\" srcset=\"https:\/\/www.elturistatranquil.com\/wp-content\/uploads\/F34-Zugarramurdi-Museo-de-las-brujas.jpg 768w, https:\/\/www.elturistatranquil.com\/wp-content\/uploads\/F34-Zugarramurdi-Museo-de-las-brujas-339x226.jpg 339w\" sizes=\"(max-width: 768px) 100vw, 768px\" \/>\t\t\t\t\t\t\t\t\t\t\t<figcaption class=\"widget-image-caption wp-caption-text\"><\/figcaption>\n\t\t\t\t\t\t\t\t\t\t<\/figure>\n\t\t\t\t\t\t\t\t\t<\/div>\n\t\t\t\t<\/div>\n\t\t\t\t<div class=\"elementor-element elementor-element-1b36cfd elementor-widget elementor-widget-text-editor\" data-id=\"1b36cfd\" data-element_type=\"widget\" data-e-type=\"widget\" data-widget_type=\"text-editor.default\">\n\t\t\t\t<div class=\"elementor-widget-container\">\n\t\t\t\t\t\t\t\t\t<p>El Museu vol ser un lloc per a perpetuar la mem\u00f2ria hist\u00f2rica i donar a con\u00e8ixer al visitant la vida quotidiana dels habitants de la regi\u00f3 en aquell moment i ser un homenatge a les seves dones i homes, v\u00edctimes d&#8217;aquella situaci\u00f3 social.<\/p><p>Al <strong>Museu de les Bruixes<\/strong> (<strong>M<\/strong>), allotjat en un antic hospital, us endinsareu en un m\u00f3n d&#8217;\u00e9ssers mitol\u00f2gics, plantes medicinals i rituals ancestrals. Deixant de banda els estereotips, aborda les q\u00fcestions relacionades amb la bruixeria i retrata la societat del segle XVII, amb els seus mites i llegendes.<\/p><p>Es d\u00f3na a con\u00e8ixer el proc\u00e9s inquisitorial que va viure Zugarramurdi a trav\u00e9s d&#8217;audiovisuals, atractives escenografies i pantalles interactives.<\/p><p>El Museu est\u00e0 dividit en tres espais tem\u00e0tics, un per planta.<\/p><p>La Planta Baixa, est\u00e0 dedicada a &#8220;<strong>Estereotip de la bruixeria i la cacera de bruixes a Zugarramurdi 1609 1614<\/strong>&#8220;.<\/p><p>A l&#8217;entrada, es dedica un homenatge a les v\u00edctimes del Proc\u00e9s sota el t\u00edtol &#8220;<strong>Bosc de columnes homenatge a les v\u00edctimes de l&#8217;acte de fe de Logronyo de 1610<\/strong>&#8220;.<\/p>\t\t\t\t\t\t\t\t<\/div>\n\t\t\t\t<\/div>\n\t\t\t\t<div class=\"elementor-element elementor-element-a21997e elementor-widget elementor-widget-image\" data-id=\"a21997e\" data-element_type=\"widget\" data-e-type=\"widget\" data-widget_type=\"image.default\">\n\t\t\t\t<div class=\"elementor-widget-container\">\n\t\t\t\t\t\t\t\t\t\t\t\t<figure class=\"wp-caption\">\n\t\t\t\t\t\t\t\t\t\t<img loading=\"lazy\" decoding=\"async\" width=\"768\" height=\"511\" src=\"https:\/\/www.elturistatranquil.com\/wp-content\/uploads\/F35-Zugarramurdi-Museo-de-las-brujas.jpg\" class=\"attachment-large size-large wp-image-29484\" alt=\"Zugarramurdi Museo de las brujas\" srcset=\"https:\/\/www.elturistatranquil.com\/wp-content\/uploads\/F35-Zugarramurdi-Museo-de-las-brujas.jpg 768w, https:\/\/www.elturistatranquil.com\/wp-content\/uploads\/F35-Zugarramurdi-Museo-de-las-brujas-339x226.jpg 339w\" sizes=\"(max-width: 768px) 100vw, 768px\" \/>\t\t\t\t\t\t\t\t\t\t\t<figcaption class=\"widget-image-caption wp-caption-text\"><\/figcaption>\n\t\t\t\t\t\t\t\t\t\t<\/figure>\n\t\t\t\t\t\t\t\t\t<\/div>\n\t\t\t\t<\/div>\n\t\t\t\t<div class=\"elementor-element elementor-element-1395891 elementor-widget elementor-widget-text-editor\" data-id=\"1395891\" data-element_type=\"widget\" data-e-type=\"widget\" data-widget_type=\"text-editor.default\">\n\t\t\t\t<div class=\"elementor-widget-container\">\n\t\t\t\t\t\t\t\t\t<p>En una sala adjunta es projecta un complet v\u00eddeo de Maria de Ximildegi: &#8220;<strong>Comen\u00e7ament de la cacera de bruixes<\/strong>&#8220;.<\/p><p>A la resta de la planta es distribueixen cinc \u00e0mbits seguint totes les etapes hist\u00f2riques del Proc\u00e9s: La intervenci\u00f3 de Fra Le\u00f3n de Aranibar des del Monestir de Urdax, de qui depenia la localitat de Zugarramurdi. La sala de la Inquisici\u00f3. Els viatges dels inquisidors a Xareta: den\u00fancies entre els ve\u00efns. El &#8221; Judici de les bruixes de Zugarramurdi &#8220;. L&#8217;onada de p\u00e0nic i viatge de Salazar. Fins a Fi del Proc\u00e9s.<\/p>\t\t\t\t\t\t\t\t<\/div>\n\t\t\t\t<\/div>\n\t\t\t\t<div class=\"elementor-element elementor-element-af28573 elementor-widget elementor-widget-image\" data-id=\"af28573\" data-element_type=\"widget\" data-e-type=\"widget\" data-widget_type=\"image.default\">\n\t\t\t\t<div class=\"elementor-widget-container\">\n\t\t\t\t\t\t\t\t\t\t\t\t<figure class=\"wp-caption\">\n\t\t\t\t\t\t\t\t\t\t<img loading=\"lazy\" decoding=\"async\" width=\"768\" height=\"511\" src=\"https:\/\/www.elturistatranquil.com\/wp-content\/uploads\/F36-Zugarramurdi-Museo-de-las-brujas.jpg\" class=\"attachment-large size-large wp-image-29486\" alt=\"Zugarramurdi Museo de las brujas\" srcset=\"https:\/\/www.elturistatranquil.com\/wp-content\/uploads\/F36-Zugarramurdi-Museo-de-las-brujas.jpg 768w, https:\/\/www.elturistatranquil.com\/wp-content\/uploads\/F36-Zugarramurdi-Museo-de-las-brujas-339x226.jpg 339w\" sizes=\"(max-width: 768px) 100vw, 768px\" \/>\t\t\t\t\t\t\t\t\t\t\t<figcaption class=\"widget-image-caption wp-caption-text\"><\/figcaption>\n\t\t\t\t\t\t\t\t\t\t<\/figure>\n\t\t\t\t\t\t\t\t\t<\/div>\n\t\t\t\t<\/div>\n\t\t\t\t<div class=\"elementor-element elementor-element-2aa2b51 elementor-widget elementor-widget-image\" data-id=\"2aa2b51\" data-element_type=\"widget\" data-e-type=\"widget\" data-widget_type=\"image.default\">\n\t\t\t\t<div class=\"elementor-widget-container\">\n\t\t\t\t\t\t\t\t\t\t\t\t<figure class=\"wp-caption\">\n\t\t\t\t\t\t\t\t\t\t<img loading=\"lazy\" decoding=\"async\" width=\"768\" height=\"511\" src=\"https:\/\/www.elturistatranquil.com\/wp-content\/uploads\/F37-Zugarramurdi-Museo-de-las-brujas.jpg\" class=\"attachment-large size-large wp-image-29488\" alt=\"Zugarramurdi Museo de las brujas\" srcset=\"https:\/\/www.elturistatranquil.com\/wp-content\/uploads\/F37-Zugarramurdi-Museo-de-las-brujas.jpg 768w, https:\/\/www.elturistatranquil.com\/wp-content\/uploads\/F37-Zugarramurdi-Museo-de-las-brujas-339x226.jpg 339w\" sizes=\"(max-width: 768px) 100vw, 768px\" \/>\t\t\t\t\t\t\t\t\t\t\t<figcaption class=\"widget-image-caption wp-caption-text\"><\/figcaption>\n\t\t\t\t\t\t\t\t\t\t<\/figure>\n\t\t\t\t\t\t\t\t\t<\/div>\n\t\t\t\t<\/div>\n\t\t\t\t<div class=\"elementor-element elementor-element-e7864b6 elementor-widget elementor-widget-image\" data-id=\"e7864b6\" data-element_type=\"widget\" data-e-type=\"widget\" data-widget_type=\"image.default\">\n\t\t\t\t<div class=\"elementor-widget-container\">\n\t\t\t\t\t\t\t\t\t\t\t\t<figure class=\"wp-caption\">\n\t\t\t\t\t\t\t\t\t\t<img loading=\"lazy\" decoding=\"async\" width=\"768\" height=\"511\" src=\"https:\/\/www.elturistatranquil.com\/wp-content\/uploads\/F38-Zugarramurdi-Museo-de-las-brujas.jpg\" class=\"attachment-large size-large wp-image-29490\" alt=\"Zugarramurdi Museo de las brujas\" srcset=\"https:\/\/www.elturistatranquil.com\/wp-content\/uploads\/F38-Zugarramurdi-Museo-de-las-brujas.jpg 768w, https:\/\/www.elturistatranquil.com\/wp-content\/uploads\/F38-Zugarramurdi-Museo-de-las-brujas-339x226.jpg 339w\" sizes=\"(max-width: 768px) 100vw, 768px\" \/>\t\t\t\t\t\t\t\t\t\t\t<figcaption class=\"widget-image-caption wp-caption-text\"><\/figcaption>\n\t\t\t\t\t\t\t\t\t\t<\/figure>\n\t\t\t\t\t\t\t\t\t<\/div>\n\t\t\t\t<\/div>\n\t\t\t\t<div class=\"elementor-element elementor-element-c0dc179 elementor-widget elementor-widget-image\" data-id=\"c0dc179\" data-element_type=\"widget\" data-e-type=\"widget\" data-widget_type=\"image.default\">\n\t\t\t\t<div class=\"elementor-widget-container\">\n\t\t\t\t\t\t\t\t\t\t\t\t<figure class=\"wp-caption\">\n\t\t\t\t\t\t\t\t\t\t<img loading=\"lazy\" decoding=\"async\" width=\"768\" height=\"511\" src=\"https:\/\/www.elturistatranquil.com\/wp-content\/uploads\/F39-Zugarramurdi-Museo-de-las-brujas.jpg\" class=\"attachment-large size-large wp-image-29492\" alt=\"Zugarramurdi Museo de las brujas\" srcset=\"https:\/\/www.elturistatranquil.com\/wp-content\/uploads\/F39-Zugarramurdi-Museo-de-las-brujas.jpg 768w, https:\/\/www.elturistatranquil.com\/wp-content\/uploads\/F39-Zugarramurdi-Museo-de-las-brujas-339x226.jpg 339w\" sizes=\"(max-width: 768px) 100vw, 768px\" \/>\t\t\t\t\t\t\t\t\t\t\t<figcaption class=\"widget-image-caption wp-caption-text\"><\/figcaption>\n\t\t\t\t\t\t\t\t\t\t<\/figure>\n\t\t\t\t\t\t\t\t\t<\/div>\n\t\t\t\t<\/div>\n\t\t\t\t<div class=\"elementor-element elementor-element-0392885 elementor-widget elementor-widget-image\" data-id=\"0392885\" data-element_type=\"widget\" data-e-type=\"widget\" data-widget_type=\"image.default\">\n\t\t\t\t<div class=\"elementor-widget-container\">\n\t\t\t\t\t\t\t\t\t\t\t\t<figure class=\"wp-caption\">\n\t\t\t\t\t\t\t\t\t\t<img loading=\"lazy\" decoding=\"async\" width=\"768\" height=\"511\" src=\"https:\/\/www.elturistatranquil.com\/wp-content\/uploads\/F40-Zugarramurdi-Museo-de-las-brujas.jpg\" class=\"attachment-large size-large wp-image-29494\" alt=\"Zugarramurdi Museo de las brujas\" srcset=\"https:\/\/www.elturistatranquil.com\/wp-content\/uploads\/F40-Zugarramurdi-Museo-de-las-brujas.jpg 768w, https:\/\/www.elturistatranquil.com\/wp-content\/uploads\/F40-Zugarramurdi-Museo-de-las-brujas-339x226.jpg 339w\" sizes=\"(max-width: 768px) 100vw, 768px\" \/>\t\t\t\t\t\t\t\t\t\t\t<figcaption class=\"widget-image-caption wp-caption-text\"><\/figcaption>\n\t\t\t\t\t\t\t\t\t\t<\/figure>\n\t\t\t\t\t\t\t\t\t<\/div>\n\t\t\t\t<\/div>\n\t\t\t\t<div class=\"elementor-element elementor-element-ec34fb8 elementor-widget elementor-widget-image\" data-id=\"ec34fb8\" data-element_type=\"widget\" data-e-type=\"widget\" data-widget_type=\"image.default\">\n\t\t\t\t<div class=\"elementor-widget-container\">\n\t\t\t\t\t\t\t\t\t\t\t\t<figure class=\"wp-caption\">\n\t\t\t\t\t\t\t\t\t\t<img loading=\"lazy\" decoding=\"async\" width=\"768\" height=\"512\" src=\"https:\/\/www.elturistatranquil.com\/wp-content\/uploads\/F41-Zugarramurdi-Museo-de-las-brujas.jpg\" class=\"attachment-large size-large wp-image-29496\" alt=\"Zugarramurdi Museo de las brujas\" srcset=\"https:\/\/www.elturistatranquil.com\/wp-content\/uploads\/F41-Zugarramurdi-Museo-de-las-brujas.jpg 768w, https:\/\/www.elturistatranquil.com\/wp-content\/uploads\/F41-Zugarramurdi-Museo-de-las-brujas-339x226.jpg 339w\" sizes=\"(max-width: 768px) 100vw, 768px\" \/>\t\t\t\t\t\t\t\t\t\t\t<figcaption class=\"widget-image-caption wp-caption-text\"><\/figcaption>\n\t\t\t\t\t\t\t\t\t\t<\/figure>\n\t\t\t\t\t\t\t\t\t<\/div>\n\t\t\t\t<\/div>\n\t\t\t\t<div class=\"elementor-element elementor-element-33db96b elementor-widget elementor-widget-image\" data-id=\"33db96b\" data-element_type=\"widget\" data-e-type=\"widget\" data-widget_type=\"image.default\">\n\t\t\t\t<div class=\"elementor-widget-container\">\n\t\t\t\t\t\t\t\t\t\t\t\t<figure class=\"wp-caption\">\n\t\t\t\t\t\t\t\t\t\t<img loading=\"lazy\" decoding=\"async\" width=\"768\" height=\"511\" src=\"https:\/\/www.elturistatranquil.com\/wp-content\/uploads\/F42-Zugarramurdi-Museo-de-las-brujas.jpg\" class=\"attachment-large size-large wp-image-29498\" alt=\"Zugarramurdi Museo de las brujas\" srcset=\"https:\/\/www.elturistatranquil.com\/wp-content\/uploads\/F42-Zugarramurdi-Museo-de-las-brujas.jpg 768w, https:\/\/www.elturistatranquil.com\/wp-content\/uploads\/F42-Zugarramurdi-Museo-de-las-brujas-339x226.jpg 339w\" sizes=\"(max-width: 768px) 100vw, 768px\" \/>\t\t\t\t\t\t\t\t\t\t\t<figcaption class=\"widget-image-caption wp-caption-text\"><\/figcaption>\n\t\t\t\t\t\t\t\t\t\t<\/figure>\n\t\t\t\t\t\t\t\t\t<\/div>\n\t\t\t\t<\/div>\n\t\t\t\t<div class=\"elementor-element elementor-element-7c72561 elementor-widget elementor-widget-text-editor\" data-id=\"7c72561\" data-element_type=\"widget\" data-e-type=\"widget\" data-widget_type=\"text-editor.default\">\n\t\t\t\t<div class=\"elementor-widget-container\">\n\t\t\t\t\t\t\t\t\t<p>El primer pis est\u00e0 dedicat a la &#8220;<strong>Bruixeria com saviesa o coneixement de la natura. Mites i llegendes<\/strong> &#8220;.<\/p><p>En sis \u00e0mbits es comen\u00e7a per l&#8217;audiovisual &#8220;<strong><em>Comprensi\u00f3 de la natura<\/em><\/strong>&#8220;.<\/p>\t\t\t\t\t\t\t\t<\/div>\n\t\t\t\t<\/div>\n\t\t\t\t<div class=\"elementor-element elementor-element-472b635 elementor-widget elementor-widget-image\" data-id=\"472b635\" data-element_type=\"widget\" data-e-type=\"widget\" data-widget_type=\"image.default\">\n\t\t\t\t<div class=\"elementor-widget-container\">\n\t\t\t\t\t\t\t\t\t\t\t\t<figure class=\"wp-caption\">\n\t\t\t\t\t\t\t\t\t\t<img loading=\"lazy\" decoding=\"async\" width=\"768\" height=\"511\" src=\"https:\/\/www.elturistatranquil.com\/wp-content\/uploads\/F43-Zugarramurdi-Museo-de-las-brujas.jpg\" class=\"attachment-large size-large wp-image-29500\" alt=\"Zugarramurdi Museo de las brujas\" srcset=\"https:\/\/www.elturistatranquil.com\/wp-content\/uploads\/F43-Zugarramurdi-Museo-de-las-brujas.jpg 768w, https:\/\/www.elturistatranquil.com\/wp-content\/uploads\/F43-Zugarramurdi-Museo-de-las-brujas-339x226.jpg 339w\" sizes=\"(max-width: 768px) 100vw, 768px\" \/>\t\t\t\t\t\t\t\t\t\t\t<figcaption class=\"widget-image-caption wp-caption-text\"><\/figcaption>\n\t\t\t\t\t\t\t\t\t\t<\/figure>\n\t\t\t\t\t\t\t\t\t<\/div>\n\t\t\t\t<\/div>\n\t\t\t\t<div class=\"elementor-element elementor-element-2c76270 elementor-widget elementor-widget-text-editor\" data-id=\"2c76270\" data-element_type=\"widget\" data-e-type=\"widget\" data-widget_type=\"text-editor.default\">\n\t\t\t\t<div class=\"elementor-widget-container\">\n\t\t\t\t\t\t\t\t\t<p>El conjunt expositiu comen\u00e7a per la Sala de la mitologia basca. Despr\u00e9s la Societat de l&#8217;\u00e8poca; costums i import\u00e0ncia de la dona. Segueix la Cuina antiga; el m\u00f3n de les plantes medicinals i dels bruixots\/es savis\/es. Tanca amb la Demonitzaci\u00f3 de la bruixeria; aquelarres.<\/p>\t\t\t\t\t\t\t\t<\/div>\n\t\t\t\t<\/div>\n\t\t\t\t<div class=\"elementor-element elementor-element-520e475 elementor-widget elementor-widget-image\" data-id=\"520e475\" data-element_type=\"widget\" data-e-type=\"widget\" data-widget_type=\"image.default\">\n\t\t\t\t<div class=\"elementor-widget-container\">\n\t\t\t\t\t\t\t\t\t\t\t\t<figure class=\"wp-caption\">\n\t\t\t\t\t\t\t\t\t\t<img loading=\"lazy\" decoding=\"async\" width=\"768\" height=\"512\" src=\"https:\/\/www.elturistatranquil.com\/wp-content\/uploads\/F44-Zugarramurdi-Museo-de-las-brujas.jpg\" class=\"attachment-large size-large wp-image-29502\" alt=\"Zugarramurdi Museo de las brujas\" srcset=\"https:\/\/www.elturistatranquil.com\/wp-content\/uploads\/F44-Zugarramurdi-Museo-de-las-brujas.jpg 768w, https:\/\/www.elturistatranquil.com\/wp-content\/uploads\/F44-Zugarramurdi-Museo-de-las-brujas-339x226.jpg 339w\" sizes=\"(max-width: 768px) 100vw, 768px\" \/>\t\t\t\t\t\t\t\t\t\t\t<figcaption class=\"widget-image-caption wp-caption-text\"><\/figcaption>\n\t\t\t\t\t\t\t\t\t\t<\/figure>\n\t\t\t\t\t\t\t\t\t<\/div>\n\t\t\t\t<\/div>\n\t\t\t\t<div class=\"elementor-element elementor-element-2754130 elementor-widget elementor-widget-image\" data-id=\"2754130\" data-element_type=\"widget\" data-e-type=\"widget\" data-widget_type=\"image.default\">\n\t\t\t\t<div class=\"elementor-widget-container\">\n\t\t\t\t\t\t\t\t\t\t\t\t<figure class=\"wp-caption\">\n\t\t\t\t\t\t\t\t\t\t<img loading=\"lazy\" decoding=\"async\" width=\"768\" height=\"511\" src=\"https:\/\/www.elturistatranquil.com\/wp-content\/uploads\/F45-Zugarramurdi-Museo-de-las-brujas.jpg\" class=\"attachment-large size-large wp-image-29504\" alt=\"Zugarramurdi Museo de las brujas\" srcset=\"https:\/\/www.elturistatranquil.com\/wp-content\/uploads\/F45-Zugarramurdi-Museo-de-las-brujas.jpg 768w, https:\/\/www.elturistatranquil.com\/wp-content\/uploads\/F45-Zugarramurdi-Museo-de-las-brujas-339x226.jpg 339w\" sizes=\"(max-width: 768px) 100vw, 768px\" \/>\t\t\t\t\t\t\t\t\t\t\t<figcaption class=\"widget-image-caption wp-caption-text\"><\/figcaption>\n\t\t\t\t\t\t\t\t\t\t<\/figure>\n\t\t\t\t\t\t\t\t\t<\/div>\n\t\t\t\t<\/div>\n\t\t\t\t<div class=\"elementor-element elementor-element-c766ac0 elementor-widget elementor-widget-image\" data-id=\"c766ac0\" data-element_type=\"widget\" data-e-type=\"widget\" data-widget_type=\"image.default\">\n\t\t\t\t<div class=\"elementor-widget-container\">\n\t\t\t\t\t\t\t\t\t\t\t\t<figure class=\"wp-caption\">\n\t\t\t\t\t\t\t\t\t\t<img loading=\"lazy\" decoding=\"async\" width=\"768\" height=\"511\" src=\"https:\/\/www.elturistatranquil.com\/wp-content\/uploads\/F46-Zugarramurdi-Museo-de-las-brujas.jpg\" class=\"attachment-large size-large wp-image-29506\" alt=\"Zugarramurdi Museo de las brujas\" srcset=\"https:\/\/www.elturistatranquil.com\/wp-content\/uploads\/F46-Zugarramurdi-Museo-de-las-brujas.jpg 768w, https:\/\/www.elturistatranquil.com\/wp-content\/uploads\/F46-Zugarramurdi-Museo-de-las-brujas-339x226.jpg 339w\" sizes=\"(max-width: 768px) 100vw, 768px\" \/>\t\t\t\t\t\t\t\t\t\t\t<figcaption class=\"widget-image-caption wp-caption-text\"><\/figcaption>\n\t\t\t\t\t\t\t\t\t\t<\/figure>\n\t\t\t\t\t\t\t\t\t<\/div>\n\t\t\t\t<\/div>\n\t\t\t\t<div class=\"elementor-element elementor-element-6b98fae elementor-widget elementor-widget-image\" data-id=\"6b98fae\" data-element_type=\"widget\" data-e-type=\"widget\" data-widget_type=\"image.default\">\n\t\t\t\t<div class=\"elementor-widget-container\">\n\t\t\t\t\t\t\t\t\t\t\t\t<figure class=\"wp-caption\">\n\t\t\t\t\t\t\t\t\t\t<img loading=\"lazy\" decoding=\"async\" width=\"768\" height=\"511\" src=\"https:\/\/www.elturistatranquil.com\/wp-content\/uploads\/F47-Zugarramurdi-Museo-de-las-brujas.jpg\" class=\"attachment-large size-large wp-image-29508\" alt=\"Zugarramurdi Museo de las brujas\" srcset=\"https:\/\/www.elturistatranquil.com\/wp-content\/uploads\/F47-Zugarramurdi-Museo-de-las-brujas.jpg 768w, https:\/\/www.elturistatranquil.com\/wp-content\/uploads\/F47-Zugarramurdi-Museo-de-las-brujas-339x226.jpg 339w\" sizes=\"(max-width: 768px) 100vw, 768px\" \/>\t\t\t\t\t\t\t\t\t\t\t<figcaption class=\"widget-image-caption wp-caption-text\"><\/figcaption>\n\t\t\t\t\t\t\t\t\t\t<\/figure>\n\t\t\t\t\t\t\t\t\t<\/div>\n\t\t\t\t<\/div>\n\t\t\t\t<div class=\"elementor-element elementor-element-cfe9a08 elementor-widget elementor-widget-image\" data-id=\"cfe9a08\" data-element_type=\"widget\" data-e-type=\"widget\" data-widget_type=\"image.default\">\n\t\t\t\t<div class=\"elementor-widget-container\">\n\t\t\t\t\t\t\t\t\t\t\t\t<figure class=\"wp-caption\">\n\t\t\t\t\t\t\t\t\t\t<img loading=\"lazy\" decoding=\"async\" width=\"768\" height=\"511\" src=\"https:\/\/www.elturistatranquil.com\/wp-content\/uploads\/F48-Zugarramurdi-Museo-de-las-brujas.jpg\" class=\"attachment-large size-large wp-image-29510\" alt=\"Zugarramurdi Museo de las brujas\" srcset=\"https:\/\/www.elturistatranquil.com\/wp-content\/uploads\/F48-Zugarramurdi-Museo-de-las-brujas.jpg 768w, https:\/\/www.elturistatranquil.com\/wp-content\/uploads\/F48-Zugarramurdi-Museo-de-las-brujas-339x226.jpg 339w\" sizes=\"(max-width: 768px) 100vw, 768px\" \/>\t\t\t\t\t\t\t\t\t\t\t<figcaption class=\"widget-image-caption wp-caption-text\"><\/figcaption>\n\t\t\t\t\t\t\t\t\t\t<\/figure>\n\t\t\t\t\t\t\t\t\t<\/div>\n\t\t\t\t<\/div>\n\t\t\t\t<div class=\"elementor-element elementor-element-cf63b7c elementor-widget elementor-widget-image\" data-id=\"cf63b7c\" data-element_type=\"widget\" data-e-type=\"widget\" data-widget_type=\"image.default\">\n\t\t\t\t<div class=\"elementor-widget-container\">\n\t\t\t\t\t\t\t\t\t\t\t\t<figure class=\"wp-caption\">\n\t\t\t\t\t\t\t\t\t\t<img loading=\"lazy\" decoding=\"async\" width=\"768\" height=\"511\" src=\"https:\/\/www.elturistatranquil.com\/wp-content\/uploads\/F49-Zugarramurdi-Museo-de-las-brujas.jpg\" class=\"attachment-large size-large wp-image-29512\" alt=\"Zugarramurdi Museo de las brujas\" srcset=\"https:\/\/www.elturistatranquil.com\/wp-content\/uploads\/F49-Zugarramurdi-Museo-de-las-brujas.jpg 768w, https:\/\/www.elturistatranquil.com\/wp-content\/uploads\/F49-Zugarramurdi-Museo-de-las-brujas-339x226.jpg 339w\" sizes=\"(max-width: 768px) 100vw, 768px\" \/>\t\t\t\t\t\t\t\t\t\t\t<figcaption class=\"widget-image-caption wp-caption-text\"><\/figcaption>\n\t\t\t\t\t\t\t\t\t\t<\/figure>\n\t\t\t\t\t\t\t\t\t<\/div>\n\t\t\t\t<\/div>\n\t\t\t\t<div class=\"elementor-element elementor-element-08929c4 elementor-widget elementor-widget-text-editor\" data-id=\"08929c4\" data-element_type=\"widget\" data-e-type=\"widget\" data-widget_type=\"text-editor.default\">\n\t\t\t\t<div class=\"elementor-widget-container\">\n\t\t\t\t\t\t\t\t\t<p>El v\u00eddeo &#8220;Akelarre&#8221; conclou la visita a la part hist\u00f2rica del Museu.<\/p>\t\t\t\t\t\t\t\t<\/div>\n\t\t\t\t<\/div>\n\t\t\t\t<div class=\"elementor-element elementor-element-715a9db elementor-widget elementor-widget-image\" data-id=\"715a9db\" data-element_type=\"widget\" data-e-type=\"widget\" data-widget_type=\"image.default\">\n\t\t\t\t<div class=\"elementor-widget-container\">\n\t\t\t\t\t\t\t\t\t\t\t\t<figure class=\"wp-caption\">\n\t\t\t\t\t\t\t\t\t\t<img loading=\"lazy\" decoding=\"async\" width=\"768\" height=\"511\" src=\"https:\/\/www.elturistatranquil.com\/wp-content\/uploads\/F50-Zugarramurdi-Museo-de-las-brujas.jpg\" class=\"attachment-large size-large wp-image-29514\" alt=\"Zugarramurdi Museo de las brujas\" srcset=\"https:\/\/www.elturistatranquil.com\/wp-content\/uploads\/F50-Zugarramurdi-Museo-de-las-brujas.jpg 768w, https:\/\/www.elturistatranquil.com\/wp-content\/uploads\/F50-Zugarramurdi-Museo-de-las-brujas-339x226.jpg 339w\" sizes=\"(max-width: 768px) 100vw, 768px\" \/>\t\t\t\t\t\t\t\t\t\t\t<figcaption class=\"widget-image-caption wp-caption-text\"><\/figcaption>\n\t\t\t\t\t\t\t\t\t\t<\/figure>\n\t\t\t\t\t\t\t\t\t<\/div>\n\t\t\t\t<\/div>\n\t\t\t\t<div class=\"elementor-element elementor-element-9671101 elementor-widget elementor-widget-text-editor\" data-id=\"9671101\" data-element_type=\"widget\" data-e-type=\"widget\" data-widget_type=\"text-editor.default\">\n\t\t\t\t<div class=\"elementor-widget-container\">\n\t\t\t\t\t\t\t\t\t<p>El pis superior est\u00e0 destinat a una observaci\u00f3 des d&#8217;una posici\u00f3 en el m\u00f3n actual.<\/p><p>El muntatge va a c\u00e0rrec de l&#8217;artista TZA, Agurtzane Anduetza. Natural de Pamplona i resident a Zugarramurdi.<\/p><p>Un gran conjunt sota el t\u00edtol: <strong>TOTALIDAD instalaci\u00f3n art\u00edstica<\/strong><\/p><p>La presentaci\u00f3 de l&#8217;exposici\u00f3 exposa amb claredat l&#8217;objectiu d&#8217;aquest espai:<\/p><p><em>Acabas de hacer un viaje a trav\u00e9s del tiempo. Has retrocedido al pasado de este rinc\u00f3n de Navarra, de su historia, mitolog\u00eda y creencias.<\/em><\/p><p><em>Al llegar a esta \u00faltima planta vuelves a entrar en el presente y el relato se convierte en testimonio vivo de lo contempor\u00e1neo.<\/em><\/p><p><em>Entras en un espacio dedicado a exponer arte creado en Zugarramurdi en la actualidad; obras empapadas en la experiencia que supone para la artista TZA trabajar y vivir en la localidad; obras hijas de la energ\u00eda sutil que recorre este lugar tan incre\u00edble.<\/em><\/p><p><em>Este \u00faltimo espacio es una apuesta del Museo por la alquimia transformadora que resulta ser la creaci\u00f3n art\u00edstica, con la vocaci\u00f3n de entender y transmitir que, no en vano, SORgina y SORtzaile (creador\/a) se nutren de la misma ra\u00edz<\/em><\/p><p><em>\u00a0SOR = CREAR \/ NACER<\/em><\/p>\t\t\t\t\t\t\t\t<\/div>\n\t\t\t\t<\/div>\n\t\t\t\t<div class=\"elementor-element elementor-element-e90877f elementor-widget elementor-widget-image\" data-id=\"e90877f\" data-element_type=\"widget\" data-e-type=\"widget\" data-widget_type=\"image.default\">\n\t\t\t\t<div class=\"elementor-widget-container\">\n\t\t\t\t\t\t\t\t\t\t\t\t<figure class=\"wp-caption\">\n\t\t\t\t\t\t\t\t\t\t<img loading=\"lazy\" decoding=\"async\" width=\"768\" height=\"511\" src=\"https:\/\/www.elturistatranquil.com\/wp-content\/uploads\/F51-Zugarramurdi-Museo-de-las-brujas.jpg\" class=\"attachment-large size-large wp-image-29516\" alt=\"Zugarramurdi Museo de las brujas\" srcset=\"https:\/\/www.elturistatranquil.com\/wp-content\/uploads\/F51-Zugarramurdi-Museo-de-las-brujas.jpg 768w, https:\/\/www.elturistatranquil.com\/wp-content\/uploads\/F51-Zugarramurdi-Museo-de-las-brujas-339x226.jpg 339w\" sizes=\"(max-width: 768px) 100vw, 768px\" \/>\t\t\t\t\t\t\t\t\t\t\t<figcaption class=\"widget-image-caption wp-caption-text\"><\/figcaption>\n\t\t\t\t\t\t\t\t\t\t<\/figure>\n\t\t\t\t\t\t\t\t\t<\/div>\n\t\t\t\t<\/div>\n\t\t\t\t<div class=\"elementor-element elementor-element-3b092fa elementor-widget elementor-widget-image\" data-id=\"3b092fa\" data-element_type=\"widget\" data-e-type=\"widget\" data-widget_type=\"image.default\">\n\t\t\t\t<div class=\"elementor-widget-container\">\n\t\t\t\t\t\t\t\t\t\t\t\t<figure class=\"wp-caption\">\n\t\t\t\t\t\t\t\t\t\t<img loading=\"lazy\" decoding=\"async\" width=\"768\" height=\"511\" src=\"https:\/\/www.elturistatranquil.com\/wp-content\/uploads\/F52-Zugarramurdi-Museo-de-las-brujas.jpg\" class=\"attachment-large size-large wp-image-29518\" alt=\"Zugarramurdi Museo de las brujas\" srcset=\"https:\/\/www.elturistatranquil.com\/wp-content\/uploads\/F52-Zugarramurdi-Museo-de-las-brujas.jpg 768w, https:\/\/www.elturistatranquil.com\/wp-content\/uploads\/F52-Zugarramurdi-Museo-de-las-brujas-339x226.jpg 339w\" sizes=\"(max-width: 768px) 100vw, 768px\" \/>\t\t\t\t\t\t\t\t\t\t\t<figcaption class=\"widget-image-caption wp-caption-text\"><\/figcaption>\n\t\t\t\t\t\t\t\t\t\t<\/figure>\n\t\t\t\t\t\t\t\t\t<\/div>\n\t\t\t\t<\/div>\n\t\t\t\t<div class=\"elementor-element elementor-element-9c1b0bc elementor-widget elementor-widget-image\" data-id=\"9c1b0bc\" data-element_type=\"widget\" data-e-type=\"widget\" data-widget_type=\"image.default\">\n\t\t\t\t<div class=\"elementor-widget-container\">\n\t\t\t\t\t\t\t\t\t\t\t\t<figure class=\"wp-caption\">\n\t\t\t\t\t\t\t\t\t\t<img loading=\"lazy\" decoding=\"async\" width=\"768\" height=\"511\" src=\"https:\/\/www.elturistatranquil.com\/wp-content\/uploads\/F53-Zugarramurdi-Museo-de-las-brujas.jpg\" class=\"attachment-large size-large wp-image-29520\" alt=\"Zugarramurdi Museo de las brujas\" srcset=\"https:\/\/www.elturistatranquil.com\/wp-content\/uploads\/F53-Zugarramurdi-Museo-de-las-brujas.jpg 768w, https:\/\/www.elturistatranquil.com\/wp-content\/uploads\/F53-Zugarramurdi-Museo-de-las-brujas-339x226.jpg 339w\" sizes=\"(max-width: 768px) 100vw, 768px\" \/>\t\t\t\t\t\t\t\t\t\t\t<figcaption class=\"widget-image-caption wp-caption-text\"><\/figcaption>\n\t\t\t\t\t\t\t\t\t\t<\/figure>\n\t\t\t\t\t\t\t\t\t<\/div>\n\t\t\t\t<\/div>\n\t\t\t\t<div class=\"elementor-element elementor-element-1ea3940 elementor-widget elementor-widget-text-editor\" data-id=\"1ea3940\" data-element_type=\"widget\" data-e-type=\"widget\" data-widget_type=\"text-editor.default\">\n\t\t\t\t<div class=\"elementor-widget-container\">\n\t\t\t\t\t\t\t\t\t<p>Al mateix temps, l&#8217;arquitectura d&#8217;aquest espai m&#8217;ha perm\u00e8s comprovar un cop m\u00e9s, la pot\u00e8ncia f\u00edsica i visual de les estructures que suporten aquests casalots.<\/p>\t\t\t\t\t\t\t\t<\/div>\n\t\t\t\t<\/div>\n\t\t\t\t<div class=\"elementor-element elementor-element-39d2b68 elementor-widget elementor-widget-menu-anchor\" data-id=\"39d2b68\" data-element_type=\"widget\" data-e-type=\"widget\" data-widget_type=\"menu-anchor.default\">\n\t\t\t\t<div class=\"elementor-widget-container\">\n\t\t\t\t\t\t\t<div class=\"elementor-menu-anchor\" id=\"b4316\"><\/div>\n\t\t\t\t\t\t<\/div>\n\t\t\t\t<\/div>\n\t\t\t\t<div class=\"elementor-element elementor-element-310f217 elementor-widget elementor-widget-image\" data-id=\"310f217\" data-element_type=\"widget\" data-e-type=\"widget\" data-widget_type=\"image.default\">\n\t\t\t\t<div class=\"elementor-widget-container\">\n\t\t\t\t\t\t\t\t\t\t\t\t<figure class=\"wp-caption\">\n\t\t\t\t\t\t\t\t\t\t<img loading=\"lazy\" decoding=\"async\" width=\"768\" height=\"511\" src=\"https:\/\/www.elturistatranquil.com\/wp-content\/uploads\/F54-Zugarramurdi-Museo-de-las-brujas.jpg\" class=\"attachment-large size-large wp-image-29522\" alt=\"Zugarramurdi Museo de las brujas\" srcset=\"https:\/\/www.elturistatranquil.com\/wp-content\/uploads\/F54-Zugarramurdi-Museo-de-las-brujas.jpg 768w, https:\/\/www.elturistatranquil.com\/wp-content\/uploads\/F54-Zugarramurdi-Museo-de-las-brujas-339x226.jpg 339w\" sizes=\"(max-width: 768px) 100vw, 768px\" \/>\t\t\t\t\t\t\t\t\t\t\t<figcaption class=\"widget-image-caption wp-caption-text\"><\/figcaption>\n\t\t\t\t\t\t\t\t\t\t<\/figure>\n\t\t\t\t\t\t\t\t\t<\/div>\n\t\t\t\t<\/div>\n\t\t\t\t<div class=\"elementor-element elementor-element-cc378bf elementor-widget elementor-widget-heading\" data-id=\"cc378bf\" data-element_type=\"widget\" data-e-type=\"widget\" data-widget_type=\"heading.default\">\n\t\t\t\t<div class=\"elementor-widget-container\">\n\t\t\t\t\t<h2 class=\"elementor-heading-title elementor-size-default\">Fi de la visita<\/h2>\t\t\t\t<\/div>\n\t\t\t\t<\/div>\n\t\t\t\t<div class=\"elementor-element elementor-element-34d8e88 elementor-widget elementor-widget-text-editor\" data-id=\"34d8e88\" data-element_type=\"widget\" data-e-type=\"widget\" data-widget_type=\"text-editor.default\">\n\t\t\t\t<div class=\"elementor-widget-container\">\n\t\t\t\t\t\t\t\t\t<p>Zugarramurdi \u00e9s un lloc extraordinari i diferent.<\/p><p>La naturalesa, amb un efecte erosionant de l&#8217;aigua dins de la roca calc\u00e0ria durant milers d&#8217;anys, per donar lloc a una enorme cavitat, en un pa\u00eds muntany\u00f3s i bosc\u00f3s.<\/p><p>Les tradicions ancestrals, vinculades a la natura, troben en aquest gran forat un lloc idoni per a les seves pr\u00e0ctiques.<\/p><p>Un nou poder per imposar-se sobre aquesta societat, i la intransig\u00e8ncia per assolir-lo, generen una din\u00e0mica de repressi\u00f3 social que aqu\u00ed culmina amb el <em>Auto de Fe de Logro\u00f1o<\/em> de 1610, que el converteix en l&#8217;acte de repressi\u00f3 de la bruixeria de major resson\u00e0ncia.<\/p><p>Anotem que Espanya ha estat un pa\u00eds de bruixes, i Zugarramurdi no \u00e9s l&#8217;\u00fanic, per\u00f2 si el lloc m\u00e9s fam\u00f3s.<\/p><p>Per si fos poc, la seva situaci\u00f3 de frontera ha sotm\u00e8s a Zugarramurdi als vaivens de les guerres frontereres entre Espanya i Fran\u00e7a, amb les seves seq\u00fceles de destrucci\u00f3.<\/p><p>Al temps que fa d&#8217;ell un lloc idoni per al contraban de b\u00e9ns, i de persones, quan ha calgut.<\/p><p>No em diran, o a mi m&#8217;ho sembla, que no es conjuguen prou elements com perqu\u00e8 s&#8217;hagin convertit a Zugarramurdi en un lloc d&#8217;excepci\u00f3.<\/p>\t\t\t\t\t\t\t\t<\/div>\n\t\t\t\t<\/div>\n\t\t\t\t<div class=\"elementor-element elementor-element-be9b3c5 elementor-widget elementor-widget-menu-anchor\" data-id=\"be9b3c5\" data-element_type=\"widget\" data-e-type=\"widget\" data-widget_type=\"menu-anchor.default\">\n\t\t\t\t<div class=\"elementor-widget-container\">\n\t\t\t\t\t\t\t<div class=\"elementor-menu-anchor\" id=\"b4317\"><\/div>\n\t\t\t\t\t\t<\/div>\n\t\t\t\t<\/div>\n\t\t\t\t<div class=\"elementor-element elementor-element-fea5e8a elementor-widget elementor-widget-heading\" data-id=\"fea5e8a\" data-element_type=\"widget\" data-e-type=\"widget\" data-widget_type=\"heading.default\">\n\t\t\t\t<div class=\"elementor-widget-container\">\n\t\t\t\t\t<h2 class=\"elementor-heading-title elementor-size-default\">Bases d\u2019informaci\u00f3<\/h2>\t\t\t\t<\/div>\n\t\t\t\t<\/div>\n\t\t\t\t<div class=\"elementor-element elementor-element-6725c0dd elementor-widget elementor-widget-text-editor\" data-id=\"6725c0dd\" data-element_type=\"widget\" data-e-type=\"widget\" data-widget_type=\"text-editor.default\">\n\t\t\t\t<div class=\"elementor-widget-container\">\n\t\t\t\t\t\t\t\t\t<p><strong>Webs<\/strong><\/p><p><a href=\"http:\/\/www.turismozugarramurdi.com\/\" target=\"_blank\" rel=\"noopener\">turismozugarramurdi<\/a><\/p><p><a href=\"https:\/\/es.wikipedia.org\/wiki\/Zugarramurdi\" target=\"_blank\" rel=\"noopener\">wikipedia<\/a><\/p><p><a href=\"https:\/\/www.turismo.navarra.es\/esp\/organice-viaje\/recurso\/Localidades\/2725\/Zugarramurdi.htm\" target=\"_blank\" rel=\"noopener\">turismonavarra<\/a><\/p><p><a href=\"https:\/\/www.valledebaztan.com\/tours\/zugarramurdiko-lezeak\/\" target=\"_blank\" rel=\"noopener\">valledebaztan<\/a><\/p><p><a href=\"http:\/\/www.lebrelblanco.com\/anexos\/atlas-Zugarramurdi-Pamplona.htm\" target=\"_blank\" rel=\"noopener\">lebrelblanco<\/a><\/p><p><a href=\"https:\/\/www.clubrural.com\/que-ver\/navarra\/zugarramurdi\" target=\"_blank\" rel=\"noopener\">clubrural<\/a><\/p><p><a href=\"http:\/\/www.enciclopedianavarra.com\/?page_id=21263\" target=\"_blank\" rel=\"noopener\">enciclopedianavarra<\/a><\/p><p><a href=\"http:\/\/cuevasdezugarramurdi.com\/\" target=\"_blank\" rel=\"noopener\">cuevasdezugarramurdi<\/a><\/p><p><strong>Webs academic<\/strong><\/p><p>T.A. Mantec\u00f3n Movell\u00e1n, M. Torres Arce, <a href=\"https:\/\/repositorio.unican.es\/xmlui\/bitstream\/handle\/10902\/2218\/Hogueras,+demonios.pdf?sequence=1\" target=\"_blank\" rel=\"noopener\"><em>Hogueras, demonios y brujas: significaciones del drama social de Zugarramurdi y Urdax<\/em><\/a><\/p><p>D\u00aa P. Mart\u00ednez L\u00f3pez (1835), <a href=\"https:\/\/books.google.es\/books?hl=es&amp;lr=&amp;id=TXEowygbHNIC&amp;oi=fnd&amp;pg=PR1&amp;dq=zugarramurdi&amp;ots=lUVdolHi_6&amp;sig=ddLc8z1hiwJrhPOZbgttf2UDhd8#v=onepage&amp;q=zugarramurdi&amp;f=false\" target=\"_blank\" rel=\"noopener\"><em>Las brujas en Zugarramurdi<\/em><\/a><\/p><p>C. Valenciano P\u00e9rez, <a href=\"https:\/\/www.academia.edu\/12794177\/Las_Brujas_de_Zugarramurdi_el_caso_de_Mar%C3%ADa_de_Jureteguia_su_testimonio_y_su_defensa\" target=\"_blank\" rel=\"noopener\"><em>Las Brujas de Zugarramurdi: el caso de Mar\u00eda de Jureteguia, su testimonio y su defensa<\/em><\/a><\/p><p>J. Dueso, <a href=\"https:\/\/www.elfuturodelpasado.com\/ojs\/index.php\/FdP\/article\/viewFile\/127\/118\" target=\"_blank\" rel=\"noopener\"><em>Historia y leyenda de las brujas de Zugarramurdi. De los akelarres navarros a las hogueras riojanas<\/em><\/a><\/p><p>R. Ortega Noguera, G. Zabalza G\u00e1rate, <a href=\"https:\/\/dialnet.unirioja.es\/descarga\/articulo\/619595.pdf\" target=\"_blank\" rel=\"noopener\"><em>Navarra, tierra de contrabandistas: una aproximaci\u00f3n hist\u00f3rica (Guerra Civil y posguerra)<\/em><\/a><\/p>\t\t\t\t\t\t\t\t<\/div>\n\t\t\t\t<\/div>\n\t\t\t\t\t<\/div>\n\t\t<\/div>\n\t\t\t\t\t<\/div>\n\t\t<\/section>\n\t\t\t\t<\/div>\n\t\t","protected":false},"excerpt":{"rendered":"<p>La Cova i el Museu de les Bruixes de Zugarramurdi (Navarra) ens endinsa en aquest m\u00f3n de la societat navarresa de segle XVI, amb les seves creences i repressions, que &#8230; <a title=\"La Cova i el Museu de les Bruixes de Zugarramurdi (Navarra)\" class=\"read-more\" href=\"https:\/\/www.elturistatranquil.com\/ca\/zugarramurdi-la-cova-i-les-bruixes-navarra\/\" aria-label=\"M\u00e9s informaci\u00f3 sobre La Cova i el Museu de les Bruixes de Zugarramurdi (Navarra)\">[ &#8230; ]<\/a><\/p>\n","protected":false},"author":1,"featured_media":29591,"comment_status":"open","ping_status":"closed","sticky":false,"template":"","format":"standard","meta":{"footnotes":""},"categories":[71,72,78,81,83,87,92,182,95,139,106,107,110],"tags":[],"class_list":["post-29581","post","type-post","status-publish","format-standard","has-post-thumbnail","hentry","category-arquitectura-popular-ca","category-arquitectura-religiosa-ca","category-cultura-rural-ca","category-etnografia-ca","category-historia-ca","category-joies-al-territori","category-museus","category-navarra-ca","category-paisatge","category-segle-xvi-xvii","category-segle-xviii-xix","category-segle-xx-xxi","category-vila","infinite-scroll-item","generate-columns","tablet-grid-50","mobile-grid-100","grid-parent","grid-50","no-featured-image-padding"],"yoast_head":"<!-- This site is optimized with the Yoast SEO plugin v27.4 - https:\/\/yoast.com\/product\/yoast-seo-wordpress\/ -->\n<title>La Cova i el Museu de les Bruixes de Zugarramurdi (Navarra) - El turista tranquil<\/title>\n<meta name=\"description\" content=\"La Cova i el Museu de les Bruixes de Zugarramurdi (Navarra) ens endinsa en aquest m\u00f3n de la societat navarresa de segle XVI, amb les seves creences i repressions, que van fer passar als annals de la Hist\u00f2ria a aquesta Vila.\" \/>\n<meta name=\"robots\" content=\"index, follow, max-snippet:-1, max-image-preview:large, max-video-preview:-1\" \/>\n<link rel=\"canonical\" href=\"https:\/\/www.elturistatranquil.com\/ca\/zugarramurdi-la-cova-i-les-bruixes-navarra\/\" \/>\n<meta property=\"og:locale\" content=\"ca_ES\" \/>\n<meta property=\"og:type\" content=\"article\" \/>\n<meta property=\"og:title\" content=\"La Cova i el Museu de les Bruixes de Zugarramurdi (Navarra) - El turista tranquil\" \/>\n<meta property=\"og:description\" content=\"La Cova i el Museu de les Bruixes de Zugarramurdi (Navarra) ens endinsa en aquest m\u00f3n de la societat navarresa de segle XVI, amb les seves creences i repressions, que van fer passar als annals de la Hist\u00f2ria a aquesta Vila.\" \/>\n<meta property=\"og:url\" content=\"https:\/\/www.elturistatranquil.com\/ca\/zugarramurdi-la-cova-i-les-bruixes-navarra\/\" \/>\n<meta property=\"og:site_name\" content=\"El turista tranquil\" \/>\n<meta property=\"article:publisher\" content=\"https:\/\/www.facebook.com\/elturistatranquilo\/\" \/>\n<meta property=\"article:published_time\" content=\"2020-03-28T09:17:07+00:00\" \/>\n<meta property=\"article:modified_time\" content=\"2020-04-25T11:02:53+00:00\" \/>\n<meta property=\"og:image\" content=\"https:\/\/www.elturistatranquil.com\/wp-content\/uploads\/F00-Zugarramurdi.jpg\" \/>\n\t<meta property=\"og:image:width\" content=\"768\" \/>\n\t<meta property=\"og:image:height\" content=\"511\" \/>\n\t<meta property=\"og:image:type\" content=\"image\/jpeg\" \/>\n<meta name=\"author\" content=\"admin\" \/>\n<meta name=\"twitter:card\" content=\"summary_large_image\" \/>\n<meta name=\"twitter:label1\" content=\"Escrit per\" \/>\n\t<meta name=\"twitter:data1\" content=\"admin\" \/>\n\t<meta name=\"twitter:label2\" content=\"Temps estimat de lectura\" \/>\n\t<meta name=\"twitter:data2\" content=\"17 minuts\" \/>\n<script type=\"application\/ld+json\" class=\"yoast-schema-graph\">{\"@context\":\"https:\\\/\\\/schema.org\",\"@graph\":[{\"@type\":\"Article\",\"@id\":\"https:\\\/\\\/www.elturistatranquil.com\\\/ca\\\/zugarramurdi-la-cova-i-les-bruixes-navarra\\\/#article\",\"isPartOf\":{\"@id\":\"https:\\\/\\\/www.elturistatranquil.com\\\/ca\\\/zugarramurdi-la-cova-i-les-bruixes-navarra\\\/\"},\"author\":{\"name\":\"admin\",\"@id\":\"https:\\\/\\\/www.elturistatranquil.com\\\/ca\\\/#\\\/schema\\\/person\\\/16f607c3079b96ed0c530a52e6b58bb5\"},\"headline\":\"La Cova i el Museu de les Bruixes de Zugarramurdi (Navarra)\",\"datePublished\":\"2020-03-28T09:17:07+00:00\",\"dateModified\":\"2020-04-25T11:02:53+00:00\",\"mainEntityOfPage\":{\"@id\":\"https:\\\/\\\/www.elturistatranquil.com\\\/ca\\\/zugarramurdi-la-cova-i-les-bruixes-navarra\\\/\"},\"wordCount\":3602,\"commentCount\":0,\"image\":{\"@id\":\"https:\\\/\\\/www.elturistatranquil.com\\\/ca\\\/zugarramurdi-la-cova-i-les-bruixes-navarra\\\/#primaryimage\"},\"thumbnailUrl\":\"https:\\\/\\\/www.elturistatranquil.com\\\/wp-content\\\/uploads\\\/F00-Zugarramurdi.jpg\",\"articleSection\":[\"Arquitectura popular\",\"Arquitectura religiosa\",\"Cultura rural\",\"Etnografia\",\"Hist\u00f2ria\",\"Joies al territori\",\"Museus\",\"Navarra\",\"Paisatge\",\"Segle XVI-XVII\",\"Segle XVIII-XIX\",\"Segle XX-XXI\",\"Vila\"],\"inLanguage\":\"ca\",\"potentialAction\":[{\"@type\":\"CommentAction\",\"name\":\"Comment\",\"target\":[\"https:\\\/\\\/www.elturistatranquil.com\\\/ca\\\/zugarramurdi-la-cova-i-les-bruixes-navarra\\\/#respond\"]}]},{\"@type\":\"WebPage\",\"@id\":\"https:\\\/\\\/www.elturistatranquil.com\\\/ca\\\/zugarramurdi-la-cova-i-les-bruixes-navarra\\\/\",\"url\":\"https:\\\/\\\/www.elturistatranquil.com\\\/ca\\\/zugarramurdi-la-cova-i-les-bruixes-navarra\\\/\",\"name\":\"La Cova i el Museu de les Bruixes de Zugarramurdi (Navarra) - El turista tranquil\",\"isPartOf\":{\"@id\":\"https:\\\/\\\/www.elturistatranquil.com\\\/ca\\\/#website\"},\"primaryImageOfPage\":{\"@id\":\"https:\\\/\\\/www.elturistatranquil.com\\\/ca\\\/zugarramurdi-la-cova-i-les-bruixes-navarra\\\/#primaryimage\"},\"image\":{\"@id\":\"https:\\\/\\\/www.elturistatranquil.com\\\/ca\\\/zugarramurdi-la-cova-i-les-bruixes-navarra\\\/#primaryimage\"},\"thumbnailUrl\":\"https:\\\/\\\/www.elturistatranquil.com\\\/wp-content\\\/uploads\\\/F00-Zugarramurdi.jpg\",\"datePublished\":\"2020-03-28T09:17:07+00:00\",\"dateModified\":\"2020-04-25T11:02:53+00:00\",\"author\":{\"@id\":\"https:\\\/\\\/www.elturistatranquil.com\\\/ca\\\/#\\\/schema\\\/person\\\/16f607c3079b96ed0c530a52e6b58bb5\"},\"description\":\"La Cova i el Museu de les Bruixes de Zugarramurdi (Navarra) ens endinsa en aquest m\u00f3n de la societat navarresa de segle XVI, amb les seves creences i repressions, que van fer passar als annals de la Hist\u00f2ria a aquesta Vila.\",\"breadcrumb\":{\"@id\":\"https:\\\/\\\/www.elturistatranquil.com\\\/ca\\\/zugarramurdi-la-cova-i-les-bruixes-navarra\\\/#breadcrumb\"},\"inLanguage\":\"ca\",\"potentialAction\":[{\"@type\":\"ReadAction\",\"target\":[\"https:\\\/\\\/www.elturistatranquil.com\\\/ca\\\/zugarramurdi-la-cova-i-les-bruixes-navarra\\\/\"]}]},{\"@type\":\"ImageObject\",\"inLanguage\":\"ca\",\"@id\":\"https:\\\/\\\/www.elturistatranquil.com\\\/ca\\\/zugarramurdi-la-cova-i-les-bruixes-navarra\\\/#primaryimage\",\"url\":\"https:\\\/\\\/www.elturistatranquil.com\\\/wp-content\\\/uploads\\\/F00-Zugarramurdi.jpg\",\"contentUrl\":\"https:\\\/\\\/www.elturistatranquil.com\\\/wp-content\\\/uploads\\\/F00-Zugarramurdi.jpg\",\"width\":768,\"height\":511,\"caption\":\"Zugarramurdi\"},{\"@type\":\"BreadcrumbList\",\"@id\":\"https:\\\/\\\/www.elturistatranquil.com\\\/ca\\\/zugarramurdi-la-cova-i-les-bruixes-navarra\\\/#breadcrumb\",\"itemListElement\":[{\"@type\":\"ListItem\",\"position\":1,\"name\":\"Portada\",\"item\":\"https:\\\/\\\/www.elturistatranquil.com\\\/ca\\\/\"},{\"@type\":\"ListItem\",\"position\":2,\"name\":\"La Cova i el Museu de les Bruixes de Zugarramurdi (Navarra)\"}]},{\"@type\":\"WebSite\",\"@id\":\"https:\\\/\\\/www.elturistatranquil.com\\\/ca\\\/#website\",\"url\":\"https:\\\/\\\/www.elturistatranquil.com\\\/ca\\\/\",\"name\":\"El turista tranquil\",\"description\":\"Blog de viatges\",\"potentialAction\":[{\"@type\":\"SearchAction\",\"target\":{\"@type\":\"EntryPoint\",\"urlTemplate\":\"https:\\\/\\\/www.elturistatranquil.com\\\/ca\\\/?s={search_term_string}\"},\"query-input\":{\"@type\":\"PropertyValueSpecification\",\"valueRequired\":true,\"valueName\":\"search_term_string\"}}],\"inLanguage\":\"ca\"},{\"@type\":\"Person\",\"@id\":\"https:\\\/\\\/www.elturistatranquil.com\\\/ca\\\/#\\\/schema\\\/person\\\/16f607c3079b96ed0c530a52e6b58bb5\",\"name\":\"admin\",\"image\":{\"@type\":\"ImageObject\",\"inLanguage\":\"ca\",\"@id\":\"https:\\\/\\\/secure.gravatar.com\\\/avatar\\\/1fbaf22aee75fcbb29a2f97b107f95d25d3a19b7c3416105be10269872673e8d?s=96&d=mm&r=g\",\"url\":\"https:\\\/\\\/secure.gravatar.com\\\/avatar\\\/1fbaf22aee75fcbb29a2f97b107f95d25d3a19b7c3416105be10269872673e8d?s=96&d=mm&r=g\",\"contentUrl\":\"https:\\\/\\\/secure.gravatar.com\\\/avatar\\\/1fbaf22aee75fcbb29a2f97b107f95d25d3a19b7c3416105be10269872673e8d?s=96&d=mm&r=g\",\"caption\":\"admin\"}}]}<\/script>\n<!-- \/ Yoast SEO plugin. -->","yoast_head_json":{"title":"La Cova i el Museu de les Bruixes de Zugarramurdi (Navarra) - El turista tranquil","description":"La Cova i el Museu de les Bruixes de Zugarramurdi (Navarra) ens endinsa en aquest m\u00f3n de la societat navarresa de segle XVI, amb les seves creences i repressions, que van fer passar als annals de la Hist\u00f2ria a aquesta Vila.","robots":{"index":"index","follow":"follow","max-snippet":"max-snippet:-1","max-image-preview":"max-image-preview:large","max-video-preview":"max-video-preview:-1"},"canonical":"https:\/\/www.elturistatranquil.com\/ca\/zugarramurdi-la-cova-i-les-bruixes-navarra\/","og_locale":"ca_ES","og_type":"article","og_title":"La Cova i el Museu de les Bruixes de Zugarramurdi (Navarra) - El turista tranquil","og_description":"La Cova i el Museu de les Bruixes de Zugarramurdi (Navarra) ens endinsa en aquest m\u00f3n de la societat navarresa de segle XVI, amb les seves creences i repressions, que van fer passar als annals de la Hist\u00f2ria a aquesta Vila.","og_url":"https:\/\/www.elturistatranquil.com\/ca\/zugarramurdi-la-cova-i-les-bruixes-navarra\/","og_site_name":"El turista tranquil","article_publisher":"https:\/\/www.facebook.com\/elturistatranquilo\/","article_published_time":"2020-03-28T09:17:07+00:00","article_modified_time":"2020-04-25T11:02:53+00:00","og_image":[{"width":768,"height":511,"url":"https:\/\/www.elturistatranquil.com\/wp-content\/uploads\/F00-Zugarramurdi.jpg","type":"image\/jpeg"}],"author":"admin","twitter_card":"summary_large_image","twitter_misc":{"Escrit per":"admin","Temps estimat de lectura":"17 minuts"},"schema":{"@context":"https:\/\/schema.org","@graph":[{"@type":"Article","@id":"https:\/\/www.elturistatranquil.com\/ca\/zugarramurdi-la-cova-i-les-bruixes-navarra\/#article","isPartOf":{"@id":"https:\/\/www.elturistatranquil.com\/ca\/zugarramurdi-la-cova-i-les-bruixes-navarra\/"},"author":{"name":"admin","@id":"https:\/\/www.elturistatranquil.com\/ca\/#\/schema\/person\/16f607c3079b96ed0c530a52e6b58bb5"},"headline":"La Cova i el Museu de les Bruixes de Zugarramurdi (Navarra)","datePublished":"2020-03-28T09:17:07+00:00","dateModified":"2020-04-25T11:02:53+00:00","mainEntityOfPage":{"@id":"https:\/\/www.elturistatranquil.com\/ca\/zugarramurdi-la-cova-i-les-bruixes-navarra\/"},"wordCount":3602,"commentCount":0,"image":{"@id":"https:\/\/www.elturistatranquil.com\/ca\/zugarramurdi-la-cova-i-les-bruixes-navarra\/#primaryimage"},"thumbnailUrl":"https:\/\/www.elturistatranquil.com\/wp-content\/uploads\/F00-Zugarramurdi.jpg","articleSection":["Arquitectura popular","Arquitectura religiosa","Cultura rural","Etnografia","Hist\u00f2ria","Joies al territori","Museus","Navarra","Paisatge","Segle XVI-XVII","Segle XVIII-XIX","Segle XX-XXI","Vila"],"inLanguage":"ca","potentialAction":[{"@type":"CommentAction","name":"Comment","target":["https:\/\/www.elturistatranquil.com\/ca\/zugarramurdi-la-cova-i-les-bruixes-navarra\/#respond"]}]},{"@type":"WebPage","@id":"https:\/\/www.elturistatranquil.com\/ca\/zugarramurdi-la-cova-i-les-bruixes-navarra\/","url":"https:\/\/www.elturistatranquil.com\/ca\/zugarramurdi-la-cova-i-les-bruixes-navarra\/","name":"La Cova i el Museu de les Bruixes de Zugarramurdi (Navarra) - El turista tranquil","isPartOf":{"@id":"https:\/\/www.elturistatranquil.com\/ca\/#website"},"primaryImageOfPage":{"@id":"https:\/\/www.elturistatranquil.com\/ca\/zugarramurdi-la-cova-i-les-bruixes-navarra\/#primaryimage"},"image":{"@id":"https:\/\/www.elturistatranquil.com\/ca\/zugarramurdi-la-cova-i-les-bruixes-navarra\/#primaryimage"},"thumbnailUrl":"https:\/\/www.elturistatranquil.com\/wp-content\/uploads\/F00-Zugarramurdi.jpg","datePublished":"2020-03-28T09:17:07+00:00","dateModified":"2020-04-25T11:02:53+00:00","author":{"@id":"https:\/\/www.elturistatranquil.com\/ca\/#\/schema\/person\/16f607c3079b96ed0c530a52e6b58bb5"},"description":"La Cova i el Museu de les Bruixes de Zugarramurdi (Navarra) ens endinsa en aquest m\u00f3n de la societat navarresa de segle XVI, amb les seves creences i repressions, que van fer passar als annals de la Hist\u00f2ria a aquesta Vila.","breadcrumb":{"@id":"https:\/\/www.elturistatranquil.com\/ca\/zugarramurdi-la-cova-i-les-bruixes-navarra\/#breadcrumb"},"inLanguage":"ca","potentialAction":[{"@type":"ReadAction","target":["https:\/\/www.elturistatranquil.com\/ca\/zugarramurdi-la-cova-i-les-bruixes-navarra\/"]}]},{"@type":"ImageObject","inLanguage":"ca","@id":"https:\/\/www.elturistatranquil.com\/ca\/zugarramurdi-la-cova-i-les-bruixes-navarra\/#primaryimage","url":"https:\/\/www.elturistatranquil.com\/wp-content\/uploads\/F00-Zugarramurdi.jpg","contentUrl":"https:\/\/www.elturistatranquil.com\/wp-content\/uploads\/F00-Zugarramurdi.jpg","width":768,"height":511,"caption":"Zugarramurdi"},{"@type":"BreadcrumbList","@id":"https:\/\/www.elturistatranquil.com\/ca\/zugarramurdi-la-cova-i-les-bruixes-navarra\/#breadcrumb","itemListElement":[{"@type":"ListItem","position":1,"name":"Portada","item":"https:\/\/www.elturistatranquil.com\/ca\/"},{"@type":"ListItem","position":2,"name":"La Cova i el Museu de les Bruixes de Zugarramurdi (Navarra)"}]},{"@type":"WebSite","@id":"https:\/\/www.elturistatranquil.com\/ca\/#website","url":"https:\/\/www.elturistatranquil.com\/ca\/","name":"El turista tranquil","description":"Blog de viatges","potentialAction":[{"@type":"SearchAction","target":{"@type":"EntryPoint","urlTemplate":"https:\/\/www.elturistatranquil.com\/ca\/?s={search_term_string}"},"query-input":{"@type":"PropertyValueSpecification","valueRequired":true,"valueName":"search_term_string"}}],"inLanguage":"ca"},{"@type":"Person","@id":"https:\/\/www.elturistatranquil.com\/ca\/#\/schema\/person\/16f607c3079b96ed0c530a52e6b58bb5","name":"admin","image":{"@type":"ImageObject","inLanguage":"ca","@id":"https:\/\/secure.gravatar.com\/avatar\/1fbaf22aee75fcbb29a2f97b107f95d25d3a19b7c3416105be10269872673e8d?s=96&d=mm&r=g","url":"https:\/\/secure.gravatar.com\/avatar\/1fbaf22aee75fcbb29a2f97b107f95d25d3a19b7c3416105be10269872673e8d?s=96&d=mm&r=g","contentUrl":"https:\/\/secure.gravatar.com\/avatar\/1fbaf22aee75fcbb29a2f97b107f95d25d3a19b7c3416105be10269872673e8d?s=96&d=mm&r=g","caption":"admin"}}]}},"_links":{"self":[{"href":"https:\/\/www.elturistatranquil.com\/ca\/wp-json\/wp\/v2\/posts\/29581","targetHints":{"allow":["GET"]}}],"collection":[{"href":"https:\/\/www.elturistatranquil.com\/ca\/wp-json\/wp\/v2\/posts"}],"about":[{"href":"https:\/\/www.elturistatranquil.com\/ca\/wp-json\/wp\/v2\/types\/post"}],"author":[{"embeddable":true,"href":"https:\/\/www.elturistatranquil.com\/ca\/wp-json\/wp\/v2\/users\/1"}],"replies":[{"embeddable":true,"href":"https:\/\/www.elturistatranquil.com\/ca\/wp-json\/wp\/v2\/comments?post=29581"}],"version-history":[{"count":5,"href":"https:\/\/www.elturistatranquil.com\/ca\/wp-json\/wp\/v2\/posts\/29581\/revisions"}],"predecessor-version":[{"id":30505,"href":"https:\/\/www.elturistatranquil.com\/ca\/wp-json\/wp\/v2\/posts\/29581\/revisions\/30505"}],"wp:featuredmedia":[{"embeddable":true,"href":"https:\/\/www.elturistatranquil.com\/ca\/wp-json\/wp\/v2\/media\/29591"}],"wp:attachment":[{"href":"https:\/\/www.elturistatranquil.com\/ca\/wp-json\/wp\/v2\/media?parent=29581"}],"wp:term":[{"taxonomy":"category","embeddable":true,"href":"https:\/\/www.elturistatranquil.com\/ca\/wp-json\/wp\/v2\/categories?post=29581"},{"taxonomy":"post_tag","embeddable":true,"href":"https:\/\/www.elturistatranquil.com\/ca\/wp-json\/wp\/v2\/tags?post=29581"}],"curies":[{"name":"wp","href":"https:\/\/api.w.org\/{rel}","templated":true}]}}