{"id":29641,"date":"2020-03-21T16:24:26","date_gmt":"2020-03-21T15:24:26","guid":{"rendered":"https:\/\/www.elturistatranquil.com\/?p=29641"},"modified":"2020-03-28T10:34:13","modified_gmt":"2020-03-28T09:34:13","slug":"zugarramurdi-navarra","status":"publish","type":"post","link":"https:\/\/www.elturistatranquil.com\/ca\/zugarramurdi-navarra\/","title":{"rendered":"Zugarramurdi (Navarra)"},"content":{"rendered":"\t\t<div data-elementor-type=\"wp-post\" data-elementor-id=\"29641\" class=\"elementor elementor-29641 elementor-29630\" data-elementor-post-type=\"post\">\n\t\t\t\t\t\t<section class=\"elementor-section elementor-top-section elementor-element elementor-element-4565b6b5 elementor-section-boxed elementor-section-height-default elementor-section-height-default\" data-id=\"4565b6b5\" data-element_type=\"section\" data-e-type=\"section\">\n\t\t\t\t\t\t<div class=\"elementor-container elementor-column-gap-default\">\n\t\t\t\t\t<div class=\"elementor-column elementor-col-100 elementor-top-column elementor-element elementor-element-285ec6f0\" data-id=\"285ec6f0\" data-element_type=\"column\" data-e-type=\"column\">\n\t\t\t<div class=\"elementor-widget-wrap elementor-element-populated\">\n\t\t\t\t\t\t<section class=\"elementor-section elementor-inner-section elementor-element elementor-element-1c28c43f elementor-section-content-middle elementor-section-boxed elementor-section-height-default elementor-section-height-default\" data-id=\"1c28c43f\" data-element_type=\"section\" data-e-type=\"section\">\n\t\t\t\t\t\t<div class=\"elementor-container elementor-column-gap-default\">\n\t\t\t\t\t<div class=\"elementor-column elementor-col-100 elementor-inner-column elementor-element elementor-element-a50de5c\" data-id=\"a50de5c\" data-element_type=\"column\" data-e-type=\"column\">\n\t\t\t<div class=\"elementor-widget-wrap elementor-element-populated\">\n\t\t\t\t\t\t<div class=\"elementor-element elementor-element-33a7b267 elementor-widget elementor-widget-text-editor\" data-id=\"33a7b267\" data-element_type=\"widget\" data-e-type=\"widget\" data-widget_type=\"text-editor.default\">\n\t\t\t\t<div class=\"elementor-widget-container\">\n\t\t\t\t\t\t\t\t\t<p><em>Zugarramurdi <\/em>(Navarra) \u00e9s un lloc molt especial, per la seva hist\u00f2ria, relacionada amb la bruixeria i amb la frontera, i per la seva morfologia, que va originar la cova que va acollir els aquelarres. La localitat \u00e9s un mosaic d&#8217;arquitectura tradicional navarresa.<\/p>\t\t\t\t\t\t\t\t<\/div>\n\t\t\t\t<\/div>\n\t\t\t\t\t<\/div>\n\t\t<\/div>\n\t\t\t\t\t<\/div>\n\t\t<\/section>\n\t\t\t\t<div class=\"elementor-element elementor-element-57d1508b elementor-widget elementor-widget-heading\" data-id=\"57d1508b\" data-element_type=\"widget\" data-e-type=\"widget\" data-widget_type=\"heading.default\">\n\t\t\t\t<div class=\"elementor-widget-container\">\n\t\t\t\t\t<h1 class=\"elementor-heading-title elementor-size-default\">Zugarramurdi (Navarra)<\/h1>\t\t\t\t<\/div>\n\t\t\t\t<\/div>\n\t\t\t\t\t<\/div>\n\t\t<\/div>\n\t\t\t\t\t<\/div>\n\t\t<\/section>\n\t\t\t\t<section class=\"elementor-section elementor-top-section elementor-element elementor-element-49554133 elementor-section-boxed elementor-section-height-default elementor-section-height-default\" data-id=\"49554133\" data-element_type=\"section\" data-e-type=\"section\">\n\t\t\t\t\t\t<div class=\"elementor-container elementor-column-gap-default\">\n\t\t\t\t\t<div class=\"elementor-column elementor-col-100 elementor-top-column elementor-element elementor-element-341d141f\" data-id=\"341d141f\" data-element_type=\"column\" data-e-type=\"column\">\n\t\t\t<div class=\"elementor-widget-wrap elementor-element-populated\">\n\t\t\t\t\t\t<div class=\"elementor-element elementor-element-7d926931 elementor-widget elementor-widget-image\" data-id=\"7d926931\" data-element_type=\"widget\" data-e-type=\"widget\" data-widget_type=\"image.default\">\n\t\t\t\t<div class=\"elementor-widget-container\">\n\t\t\t\t\t\t\t\t\t\t\t\t<figure class=\"wp-caption\">\n\t\t\t\t\t\t\t\t\t\t<img fetchpriority=\"high\" decoding=\"async\" width=\"768\" height=\"512\" src=\"https:\/\/www.elturistatranquil.com\/wp-content\/uploads\/F01-Zugarramurdi-Google-earth-2020-03-08.jpg\" class=\"attachment-large size-large wp-image-29410\" alt=\"Zugarramurdi (Google earth 2020-03-08)\" srcset=\"https:\/\/www.elturistatranquil.com\/wp-content\/uploads\/F01-Zugarramurdi-Google-earth-2020-03-08.jpg 768w, https:\/\/www.elturistatranquil.com\/wp-content\/uploads\/F01-Zugarramurdi-Google-earth-2020-03-08-339x226.jpg 339w\" sizes=\"(max-width: 768px) 100vw, 768px\" \/>\t\t\t\t\t\t\t\t\t\t\t<figcaption class=\"widget-image-caption wp-caption-text\">Zugarramurdi (Google earth 2020-03-08)<\/figcaption>\n\t\t\t\t\t\t\t\t\t\t<\/figure>\n\t\t\t\t\t\t\t\t\t<\/div>\n\t\t\t\t<\/div>\n\t\t\t\t<div class=\"elementor-element elementor-element-29ed9d20 elementor-widget elementor-widget-spacer\" data-id=\"29ed9d20\" data-element_type=\"widget\" data-e-type=\"widget\" data-widget_type=\"spacer.default\">\n\t\t\t\t<div class=\"elementor-widget-container\">\n\t\t\t\t\t\t\t<div class=\"elementor-spacer\">\n\t\t\t<div class=\"elementor-spacer-inner\"><\/div>\n\t\t<\/div>\n\t\t\t\t\t\t<\/div>\n\t\t\t\t<\/div>\n\t\t\t\t<div class=\"elementor-element elementor-element-75b0dea3 elementor-widget elementor-widget-heading\" data-id=\"75b0dea3\" data-element_type=\"widget\" data-e-type=\"widget\" data-widget_type=\"heading.default\">\n\t\t\t\t<div class=\"elementor-widget-container\">\n\t\t\t\t\t<h2 class=\"elementor-heading-title elementor-size-default\">Zugarramurdi. Bazt\u00e1n. Navarra<\/h2>\t\t\t\t<\/div>\n\t\t\t\t<\/div>\n\t\t\t\t<section class=\"elementor-section elementor-inner-section elementor-element elementor-element-64596c91 elementor-section-boxed elementor-section-height-default elementor-section-height-default\" data-id=\"64596c91\" data-element_type=\"section\" data-e-type=\"section\" data-settings=\"{&quot;background_background&quot;:&quot;classic&quot;}\">\n\t\t\t\t\t\t\t<div class=\"elementor-background-overlay\"><\/div>\n\t\t\t\t\t\t\t<div class=\"elementor-container elementor-column-gap-default\">\n\t\t\t\t\t<div class=\"elementor-column elementor-col-100 elementor-inner-column elementor-element elementor-element-5ba73f6d\" data-id=\"5ba73f6d\" data-element_type=\"column\" data-e-type=\"column\" data-settings=\"{&quot;background_background&quot;:&quot;classic&quot;}\">\n\t\t\t<div class=\"elementor-widget-wrap elementor-element-populated\">\n\t\t\t\t\t\t<div class=\"elementor-element elementor-element-644195e8 elementor-widget elementor-widget-text-editor\" data-id=\"644195e8\" data-element_type=\"widget\" data-e-type=\"widget\" data-widget_type=\"text-editor.default\">\n\t\t\t\t<div class=\"elementor-widget-container\">\n\t\t\t\t\t\t\t\t\t<p>Comarca: Bazt\u00e1n. Prov\u00edncia: Navarra. Com. Aut\u00f2noma: Comunidad Foral de Navarra<\/p><p>Coordenades: 43\u00b016\u203210\u2033N 1\u00b032\u203230\u2033O. Altitud: 205 msnm. Poblaci\u00f3: 219 habitants en el municipi; 165 en Zugarramurdi y 54 disseminats en 4 barris (2019).<\/p><p>Web: <a href=\"http:\/\/www.zugarramurdi.es\/\" target=\"_blank\" rel=\"noopener\">ayuntamiento<\/a><\/p><p>Visita: 2019<\/p>\t\t\t\t\t\t\t\t<\/div>\n\t\t\t\t<\/div>\n\t\t\t\t\t<\/div>\n\t\t<\/div>\n\t\t\t\t\t<\/div>\n\t\t<\/section>\n\t\t\t\t<div class=\"elementor-element elementor-element-3c531ebe elementor-widget elementor-widget-image\" data-id=\"3c531ebe\" data-element_type=\"widget\" data-e-type=\"widget\" data-widget_type=\"image.default\">\n\t\t\t\t<div class=\"elementor-widget-container\">\n\t\t\t\t\t\t\t\t\t\t\t\t<figure class=\"wp-caption\">\n\t\t\t\t\t\t\t\t\t\t<img decoding=\"async\" width=\"768\" height=\"512\" src=\"https:\/\/www.elturistatranquil.com\/wp-content\/uploads\/F02c-Zugarramurdi-Google-maps-2020-03-08.jpg\" class=\"attachment-medium_large size-medium_large wp-image-29645\" alt=\"Zugarramurdi (Google maps 2020-03-08)\" srcset=\"https:\/\/www.elturistatranquil.com\/wp-content\/uploads\/F02c-Zugarramurdi-Google-maps-2020-03-08.jpg 768w, https:\/\/www.elturistatranquil.com\/wp-content\/uploads\/F02c-Zugarramurdi-Google-maps-2020-03-08-339x226.jpg 339w\" sizes=\"(max-width: 768px) 100vw, 768px\" \/>\t\t\t\t\t\t\t\t\t\t\t<figcaption class=\"widget-image-caption wp-caption-text\">Mapa de situaci\u00f3 de Zugarramurdi (Google maps 2020-03-08)<\/figcaption>\n\t\t\t\t\t\t\t\t\t\t<\/figure>\n\t\t\t\t\t\t\t\t\t<\/div>\n\t\t\t\t<\/div>\n\t\t\t\t<section class=\"elementor-section elementor-inner-section elementor-element elementor-element-4e8a7375 elementor-section-boxed elementor-section-height-default elementor-section-height-default\" data-id=\"4e8a7375\" data-element_type=\"section\" data-e-type=\"section\" data-settings=\"{&quot;background_background&quot;:&quot;classic&quot;}\">\n\t\t\t\t\t\t<div class=\"elementor-container elementor-column-gap-default\">\n\t\t\t\t\t<div class=\"elementor-column elementor-col-100 elementor-inner-column elementor-element elementor-element-1e17b08f\" data-id=\"1e17b08f\" data-element_type=\"column\" data-e-type=\"column\">\n\t\t\t<div class=\"elementor-widget-wrap elementor-element-populated\">\n\t\t\t\t\t\t<div class=\"elementor-element elementor-element-336389bc elementor-widget elementor-widget-text-editor\" data-id=\"336389bc\" data-element_type=\"widget\" data-e-type=\"widget\" data-widget_type=\"text-editor.default\">\n\t\t\t\t<div class=\"elementor-widget-container\">\n\t\t\t\t\t\t\t\t\t<p style=\"text-align: center;\"><strong>\u00cdndex<\/strong><\/p>\t\t\t\t\t\t\t\t<\/div>\n\t\t\t\t<\/div>\n\t\t\t\t<div class=\"elementor-element elementor-element-53bbd886 elementor-widget elementor-widget-text-editor\" data-id=\"53bbd886\" data-element_type=\"widget\" data-e-type=\"widget\" data-widget_type=\"text-editor.default\">\n\t\t\t\t<div class=\"elementor-widget-container\">\n\t\t\t\t\t\t\t\t\t<p><a href=\"https:\/\/www.elturistatranquil.com\/ca\/zugarramurdi-navarra\/#c5201\">Zugarramurdi. Bazt\u00e1n. Navarra<\/a><\/p><p><a href=\"https:\/\/www.elturistatranquil.com\/ca\/zugarramurdi-navarra\/#c5202\">Zugarramurdi, el lloc<\/a><\/p><p><a href=\"https:\/\/www.elturistatranquil.com\/ca\/zugarramurdi-navarra\/#c5203\">Recorregut per Zugarramurdi<\/a><\/p><p style=\"padding-left: 40px;\"><a href=\"https:\/\/www.elturistatranquil.com\/ca\/zugarramurdi-navarra\/#c5204\">Esgl\u00e9sia de Nostra Senyora de l&#8217;Assumpci\u00f3<\/a><\/p><p style=\"padding-left: 40px;\"><a href=\"https:\/\/www.elturistatranquil.com\/ca\/zugarramurdi-navarra\/#c5205\">Urbanisme i arquitectura civil<\/a><\/p><p style=\"padding-left: 40px;\"><a href=\"https:\/\/www.elturistatranquil.com\/ca\/zugarramurdi-navarra\/#c5206\">La Cova i el Museu de les Bruixes<\/a><\/p><p><a href=\"https:\/\/www.elturistatranquil.com\/ca\/zugarramurdi-navarra\/#c5207\">Bases d&#8217;informaci\u00f3<\/a><\/p>\t\t\t\t\t\t\t\t<\/div>\n\t\t\t\t<\/div>\n\t\t\t\t\t<\/div>\n\t\t<\/div>\n\t\t\t\t\t<\/div>\n\t\t<\/section>\n\t\t\t\t<div class=\"elementor-element elementor-element-56c2a901 elementor-widget elementor-widget-spacer\" data-id=\"56c2a901\" data-element_type=\"widget\" data-e-type=\"widget\" data-widget_type=\"spacer.default\">\n\t\t\t\t<div class=\"elementor-widget-container\">\n\t\t\t\t\t\t\t<div class=\"elementor-spacer\">\n\t\t\t<div class=\"elementor-spacer-inner\"><\/div>\n\t\t<\/div>\n\t\t\t\t\t\t<\/div>\n\t\t\t\t<\/div>\n\t\t\t\t<div class=\"elementor-element elementor-element-7da2db4a elementor-widget elementor-widget-menu-anchor\" data-id=\"7da2db4a\" data-element_type=\"widget\" data-e-type=\"widget\" data-widget_type=\"menu-anchor.default\">\n\t\t\t\t<div class=\"elementor-widget-container\">\n\t\t\t\t\t\t\t<div class=\"elementor-menu-anchor\" id=\"c5201\"><\/div>\n\t\t\t\t\t\t<\/div>\n\t\t\t\t<\/div>\n\t\t\t\t<div class=\"elementor-element elementor-element-38d8d84f elementor-widget elementor-widget-spacer\" data-id=\"38d8d84f\" data-element_type=\"widget\" data-e-type=\"widget\" data-widget_type=\"spacer.default\">\n\t\t\t\t<div class=\"elementor-widget-container\">\n\t\t\t\t\t\t\t<div class=\"elementor-spacer\">\n\t\t\t<div class=\"elementor-spacer-inner\"><\/div>\n\t\t<\/div>\n\t\t\t\t\t\t<\/div>\n\t\t\t\t<\/div>\n\t\t\t\t<div class=\"elementor-element elementor-element-5b600751 elementor-widget elementor-widget-heading\" data-id=\"5b600751\" data-element_type=\"widget\" data-e-type=\"widget\" data-widget_type=\"heading.default\">\n\t\t\t\t<div class=\"elementor-widget-container\">\n\t\t\t\t\t<h2 class=\"elementor-heading-title elementor-size-default\">Zugarramurdi. Bazt\u00e1n. Navarra<\/h2>\t\t\t\t<\/div>\n\t\t\t\t<\/div>\n\t\t\t\t<div class=\"elementor-element elementor-element-62335038 elementor-widget elementor-widget-text-editor\" data-id=\"62335038\" data-element_type=\"widget\" data-e-type=\"widget\" data-widget_type=\"text-editor.default\">\n\t\t\t\t<div class=\"elementor-widget-container\">\n\t\t\t\t\t\t\t\t\t<p>Durant l&#8217;estada al <a href=\"https:\/\/www.elturistatranquil.com\/ca\/hotel-churrut-restaurant-lenkonea-cinco-villas\/\" target=\"_blank\" rel=\"noopener\"><strong>Hotel Churrut-Restaurant Lenkonea<\/strong><\/a> de Bera, una de les sortides va ser un recorregut pel pa\u00eds de les &#8220;bruixes&#8221;. Doncs b\u00e9, aquest <em>Post<\/em> el centrar\u00e9 en un dels llocs emblem\u00e0tics d&#8217;aquest episodi en la hist\u00f2ria d&#8217;aquest territori<strong>: Zugarramurdi<\/strong>.<\/p><p>L&#8217;arribada a Zugarramurdi havia estat espectacular a trav\u00e9s d&#8217;un recorregut poc convencional que, des d\u2019Etxalar, m&#8217;havia portat a trav\u00e9s de Pirineu Navarro per les zones arqueol\u00f2giques megal\u00edtiques de <em>Zentinela<\/em> i de <em>Ibaineta Zelaia<\/em>.<\/p><p>Aquest recorregut em va permetre arribar a Zugarramurdi pel sud baixant de la muntanya i, aix\u00ed, disposar d&#8217;una perspectiva elevada sobre la poblaci\u00f3. Amb la visi\u00f3, passats uns 2,5 quil\u00f2metres pel nord i 1,5 quil\u00f2metres per l&#8217;oest, de la frontera sobre territori franc\u00e8s.<\/p>\t\t\t\t\t\t\t\t<\/div>\n\t\t\t\t<\/div>\n\t\t\t\t<div class=\"elementor-element elementor-element-15f3a914 elementor-widget elementor-widget-image\" data-id=\"15f3a914\" data-element_type=\"widget\" data-e-type=\"widget\" data-widget_type=\"image.default\">\n\t\t\t\t<div class=\"elementor-widget-container\">\n\t\t\t\t\t\t\t\t\t\t\t\t<figure class=\"wp-caption\">\n\t\t\t\t\t\t\t\t\t\t<img decoding=\"async\" width=\"768\" height=\"512\" src=\"https:\/\/www.elturistatranquil.com\/wp-content\/uploads\/F03-Zugarramurdi.jpg\" class=\"attachment-large size-large wp-image-29414\" alt=\"Zugarramurdi\" srcset=\"https:\/\/www.elturistatranquil.com\/wp-content\/uploads\/F03-Zugarramurdi.jpg 768w, https:\/\/www.elturistatranquil.com\/wp-content\/uploads\/F03-Zugarramurdi-339x226.jpg 339w\" sizes=\"(max-width: 768px) 100vw, 768px\" \/>\t\t\t\t\t\t\t\t\t\t\t<figcaption class=\"widget-image-caption wp-caption-text\"><\/figcaption>\n\t\t\t\t\t\t\t\t\t\t<\/figure>\n\t\t\t\t\t\t\t\t\t<\/div>\n\t\t\t\t<\/div>\n\t\t\t\t<div class=\"elementor-element elementor-element-4b2ebd7 elementor-widget elementor-widget-menu-anchor\" data-id=\"4b2ebd7\" data-element_type=\"widget\" data-e-type=\"widget\" data-widget_type=\"menu-anchor.default\">\n\t\t\t\t<div class=\"elementor-widget-container\">\n\t\t\t\t\t\t\t<div class=\"elementor-menu-anchor\" id=\"c5202\"><\/div>\n\t\t\t\t\t\t<\/div>\n\t\t\t\t<\/div>\n\t\t\t\t<div class=\"elementor-element elementor-element-36f02c1 elementor-widget elementor-widget-image\" data-id=\"36f02c1\" data-element_type=\"widget\" data-e-type=\"widget\" data-widget_type=\"image.default\">\n\t\t\t\t<div class=\"elementor-widget-container\">\n\t\t\t\t\t\t\t\t\t\t\t\t<figure class=\"wp-caption\">\n\t\t\t\t\t\t\t\t\t\t<img loading=\"lazy\" decoding=\"async\" width=\"768\" height=\"512\" src=\"https:\/\/www.elturistatranquil.com\/wp-content\/uploads\/F04-Zugarramurdi.jpg\" class=\"attachment-large size-large wp-image-29416\" alt=\"Zugarramurdi\" srcset=\"https:\/\/www.elturistatranquil.com\/wp-content\/uploads\/F04-Zugarramurdi.jpg 768w, https:\/\/www.elturistatranquil.com\/wp-content\/uploads\/F04-Zugarramurdi-339x226.jpg 339w\" sizes=\"(max-width: 768px) 100vw, 768px\" \/>\t\t\t\t\t\t\t\t\t\t\t<figcaption class=\"widget-image-caption wp-caption-text\"><\/figcaption>\n\t\t\t\t\t\t\t\t\t\t<\/figure>\n\t\t\t\t\t\t\t\t\t<\/div>\n\t\t\t\t<\/div>\n\t\t\t\t<div class=\"elementor-element elementor-element-303fbd61 elementor-widget elementor-widget-heading\" data-id=\"303fbd61\" data-element_type=\"widget\" data-e-type=\"widget\" data-widget_type=\"heading.default\">\n\t\t\t\t<div class=\"elementor-widget-container\">\n\t\t\t\t\t<h2 class=\"elementor-heading-title elementor-size-default\">Zugarramurdi, el lloc<\/h2>\t\t\t\t<\/div>\n\t\t\t\t<\/div>\n\t\t\t\t<div class=\"elementor-element elementor-element-5d3ca16 elementor-widget elementor-widget-text-editor\" data-id=\"5d3ca16\" data-element_type=\"widget\" data-e-type=\"widget\" data-widget_type=\"text-editor.default\">\n\t\t\t\t<div class=\"elementor-widget-container\">\n\t\t\t\t\t\t\t\t\t<p>Zugarramurdi \u00e9s un municipi situat a l&#8217;extrem nord de la comunitat de Navarra. Juntament amb el municipi ve\u00ed d&#8217;Urdax formen un enclavament dins de l&#8217;extens municipi de Bazt\u00e1n.<\/p><p>Despla\u00e7ant-se cap al nord, passat el Port de Otxondo (602 metres d&#8217;altitud), el terreny descendeix encarat al vessant atl\u00e0ntic, fins als 205 msnm. Estem a la <em>vall de Xareta<\/em> (Terra Arbrada), conformat pels municipis navarresos de Zugarramurdi i Urdax, i Sara i Ainhoa de Fran\u00e7a, com a comarca transfronterera. Aqu\u00ed les <em>mugas<\/em> (frontera) es perden entre la muntanya, verds prats, rierols i frondosos boscos. Es considera que molts dels habitants de les quatre localitats estan units per vincles familiars.<\/p><p>En aquesta situaci\u00f3 fronterera tan propera, ha donat suport hist\u00f2ricament a l&#8217;activitat del contraban.<\/p><p>Pel seu clima humit de boscos i prats, l&#8217;economia agropecu\u00e0ria \u00e9s la dominant. L&#8217;atractiu tur\u00edstic complementa l&#8217;activitat de la localitat.<\/p><p>Va pert\u00e0nyer al monestir de San Salvador de Urdax, per\u00f2 en 1667 va ser declarada <em>Vila exempta<\/em> (vila amb jurisdicci\u00f3 civil i penal).<\/p><p>L&#8217;Esgl\u00e9sia de l&#8217;Assumpci\u00f3 i les grans mansions blanques, seguint l&#8217;arquitectura t\u00edpica de la zona, completen el seu encant.<\/p><p>Zugarramurdi ha entrat a la hist\u00f2ria pels fets que van succeir en el territori de <em>Xareta<\/em> fa ja uns 400 anys, entre 1609 i 1614, al voltant de la bruixeria i la seva repressi\u00f3 que tractar\u00e9 en el Post: <a href=\"https:\/\/www.elturistatranquil.com\/ca\/zugarramurdi-la-cova-i-les-bruixes-navarra\/\" target=\"_blank\" rel=\"noopener\"><strong>La Cova i el Museu de les Bruixes de Zugarramurdi<\/strong><\/a><\/p>\t\t\t\t\t\t\t\t<\/div>\n\t\t\t\t<\/div>\n\t\t\t\t<div class=\"elementor-element elementor-element-0377c1d elementor-widget elementor-widget-menu-anchor\" data-id=\"0377c1d\" data-element_type=\"widget\" data-e-type=\"widget\" data-widget_type=\"menu-anchor.default\">\n\t\t\t\t<div class=\"elementor-widget-container\">\n\t\t\t\t\t\t\t<div class=\"elementor-menu-anchor\" id=\"c5203\"><\/div>\n\t\t\t\t\t\t<\/div>\n\t\t\t\t<\/div>\n\t\t\t\t<div class=\"elementor-element elementor-element-03e0f0f elementor-widget elementor-widget-heading\" data-id=\"03e0f0f\" data-element_type=\"widget\" data-e-type=\"widget\" data-widget_type=\"heading.default\">\n\t\t\t\t<div class=\"elementor-widget-container\">\n\t\t\t\t\t<h2 class=\"elementor-heading-title elementor-size-default\">Recorregut per Zugarramurdi<\/h2>\t\t\t\t<\/div>\n\t\t\t\t<\/div>\n\t\t\t\t<div class=\"elementor-element elementor-element-8814b1d elementor-widget elementor-widget-image\" data-id=\"8814b1d\" data-element_type=\"widget\" data-e-type=\"widget\" data-widget_type=\"image.default\">\n\t\t\t\t<div class=\"elementor-widget-container\">\n\t\t\t\t\t\t\t\t\t\t\t\t<figure class=\"wp-caption\">\n\t\t\t\t\t\t\t\t\t\t<img loading=\"lazy\" decoding=\"async\" width=\"768\" height=\"512\" src=\"https:\/\/www.elturistatranquil.com\/wp-content\/uploads\/F06a-Zugarramurdi-Google-earth-2020-03-08.jpg\" class=\"attachment-large size-large wp-image-29420\" alt=\"Zugarramurdi (Google earth 2020-03-08)\" srcset=\"https:\/\/www.elturistatranquil.com\/wp-content\/uploads\/F06a-Zugarramurdi-Google-earth-2020-03-08.jpg 768w, https:\/\/www.elturistatranquil.com\/wp-content\/uploads\/F06a-Zugarramurdi-Google-earth-2020-03-08-339x226.jpg 339w\" sizes=\"(max-width: 768px) 100vw, 768px\" \/>\t\t\t\t\t\t\t\t\t\t\t<figcaption class=\"widget-image-caption wp-caption-text\">C: Cova. M: Museu de les Bruixes. I: Esgl\u00e9sia. PK: Aparcament p\u00fablic (Google earth 2020-03-08)<\/figcaption>\n\t\t\t\t\t\t\t\t\t\t<\/figure>\n\t\t\t\t\t\t\t\t\t<\/div>\n\t\t\t\t<\/div>\n\t\t\t\t<div class=\"elementor-element elementor-element-60358a5 elementor-widget elementor-widget-menu-anchor\" data-id=\"60358a5\" data-element_type=\"widget\" data-e-type=\"widget\" data-widget_type=\"menu-anchor.default\">\n\t\t\t\t<div class=\"elementor-widget-container\">\n\t\t\t\t\t\t\t<div class=\"elementor-menu-anchor\" id=\"c5204\"><\/div>\n\t\t\t\t\t\t<\/div>\n\t\t\t\t<\/div>\n\t\t\t\t<div class=\"elementor-element elementor-element-76cd9a4 elementor-widget elementor-widget-text-editor\" data-id=\"76cd9a4\" data-element_type=\"widget\" data-e-type=\"widget\" data-widget_type=\"text-editor.default\">\n\t\t\t\t<div class=\"elementor-widget-container\">\n\t\t\t\t\t\t\t\t\t<p>Una part de la visita la dedicar\u00e9 a rec\u00f3rrer els carrers de Zugarramurdi per amarar-me de l&#8217;arquitectura t\u00edpica de la zona.<\/p><p>\u00c9s interessant assenyalar que pr\u00e0cticament totes les edificacions s\u00f3n posteriors a l&#8217;incendi de 1793, provocat per l&#8217;ex\u00e8rcit franc\u00e8s durant la Guerra de la Convenci\u00f3, que va arrasar la localitat.<\/p>\t\t\t\t\t\t\t\t<\/div>\n\t\t\t\t<\/div>\n\t\t\t\t<div class=\"elementor-element elementor-element-55af37ba elementor-widget elementor-widget-heading\" data-id=\"55af37ba\" data-element_type=\"widget\" data-e-type=\"widget\" data-widget_type=\"heading.default\">\n\t\t\t\t<div class=\"elementor-widget-container\">\n\t\t\t\t\t<h3 class=\"elementor-heading-title elementor-size-default\">Esgl\u00e9sia de Nuestra Se\u00f1ora de la Asunci\u00f3n <\/h3>\t\t\t\t<\/div>\n\t\t\t\t<\/div>\n\t\t\t\t<div class=\"elementor-element elementor-element-6decc37 elementor-widget elementor-widget-text-editor\" data-id=\"6decc37\" data-element_type=\"widget\" data-e-type=\"widget\" data-widget_type=\"text-editor.default\">\n\t\t\t\t<div class=\"elementor-widget-container\">\n\t\t\t\t\t\t\t\t\t<p>L&#8217;<strong>Esgl\u00e9sia de Nuestra Se\u00f1ora de la Asunci\u00f3n<\/strong> (<strong>I<\/strong>) \u00e9s l&#8217;edifici m\u00e9s notable de la localitat.<\/p><p>Situada, com \u00e9s habitual, a la part m\u00e9s alta i privilegiada. El temple va ser constru\u00eft sobre un altre anterior, entre 1781 i 1784, per\u00f2 despr\u00e9s de l&#8217;incendi esmentat, va haver de ser reconstru\u00eft a mitjan segle XIX.<\/p><p>La planta \u00e9s de creu llatina, amb una sola nau de tres trams.<\/p>\t\t\t\t\t\t\t\t<\/div>\n\t\t\t\t<\/div>\n\t\t\t\t<div class=\"elementor-element elementor-element-57846b7 elementor-widget elementor-widget-image\" data-id=\"57846b7\" data-element_type=\"widget\" data-e-type=\"widget\" data-widget_type=\"image.default\">\n\t\t\t\t<div class=\"elementor-widget-container\">\n\t\t\t\t\t\t\t\t\t\t\t\t<figure class=\"wp-caption\">\n\t\t\t\t\t\t\t\t\t\t<img loading=\"lazy\" decoding=\"async\" width=\"768\" height=\"511\" src=\"https:\/\/www.elturistatranquil.com\/wp-content\/uploads\/F55-Zugarramurdi-Iglesia-de-Nuestra-Se\u00f1ora-de-la-Asunci\u00f3n.jpg\" class=\"attachment-large size-large wp-image-29524\" alt=\"Zugarramurdi Iglesia de Nuestra Se\u00f1ora de la Asunci\u00f3n\" srcset=\"https:\/\/www.elturistatranquil.com\/wp-content\/uploads\/F55-Zugarramurdi-Iglesia-de-Nuestra-Se\u00f1ora-de-la-Asunci\u00f3n.jpg 768w, https:\/\/www.elturistatranquil.com\/wp-content\/uploads\/F55-Zugarramurdi-Iglesia-de-Nuestra-Se\u00f1ora-de-la-Asunci\u00f3n-339x226.jpg 339w\" sizes=\"(max-width: 768px) 100vw, 768px\" \/>\t\t\t\t\t\t\t\t\t\t\t<figcaption class=\"widget-image-caption wp-caption-text\"><\/figcaption>\n\t\t\t\t\t\t\t\t\t\t<\/figure>\n\t\t\t\t\t\t\t\t\t<\/div>\n\t\t\t\t<\/div>\n\t\t\t\t<div class=\"elementor-element elementor-element-ca0b39f elementor-widget elementor-widget-text-editor\" data-id=\"ca0b39f\" data-element_type=\"widget\" data-e-type=\"widget\" data-widget_type=\"text-editor.default\">\n\t\t\t\t<div class=\"elementor-widget-container\">\n\t\t\t\t\t\t\t\t\t<p>Es tracta d&#8217;una constru\u00efda en estil neocl\u00e0ssic, en la qual la seva presentaci\u00f3 externa segueix les pautes de l&#8217;arquitectura popular de la zona: carreus i carreuons en els marcs de les obertures i en els cantons dels murs i parets de ma\u00e7oneria pintades en blanc.<\/p><p>A no ser per la forma i la torre, no es distingiria de la resta de les construccions de la vila.<\/p>\t\t\t\t\t\t\t\t<\/div>\n\t\t\t\t<\/div>\n\t\t\t\t<div class=\"elementor-element elementor-element-2045fb1 elementor-widget elementor-widget-image\" data-id=\"2045fb1\" data-element_type=\"widget\" data-e-type=\"widget\" data-widget_type=\"image.default\">\n\t\t\t\t<div class=\"elementor-widget-container\">\n\t\t\t\t\t\t\t\t\t\t\t\t<figure class=\"wp-caption\">\n\t\t\t\t\t\t\t\t\t\t<img loading=\"lazy\" decoding=\"async\" width=\"768\" height=\"511\" src=\"https:\/\/www.elturistatranquil.com\/wp-content\/uploads\/F56-Zugarramurdi-Iglesia-de-Nuestra-Se\u00f1ora-de-la-Asunci\u00f3n.jpg\" class=\"attachment-large size-large wp-image-29526\" alt=\"Zugarramurdi Iglesia de Nuestra Se\u00f1ora de la Asunci\u00f3n\" srcset=\"https:\/\/www.elturistatranquil.com\/wp-content\/uploads\/F56-Zugarramurdi-Iglesia-de-Nuestra-Se\u00f1ora-de-la-Asunci\u00f3n.jpg 768w, https:\/\/www.elturistatranquil.com\/wp-content\/uploads\/F56-Zugarramurdi-Iglesia-de-Nuestra-Se\u00f1ora-de-la-Asunci\u00f3n-339x226.jpg 339w\" sizes=\"(max-width: 768px) 100vw, 768px\" \/>\t\t\t\t\t\t\t\t\t\t\t<figcaption class=\"widget-image-caption wp-caption-text\"><\/figcaption>\n\t\t\t\t\t\t\t\t\t\t<\/figure>\n\t\t\t\t\t\t\t\t\t<\/div>\n\t\t\t\t<\/div>\n\t\t\t\t<div class=\"elementor-element elementor-element-b83bad6 elementor-widget elementor-widget-image\" data-id=\"b83bad6\" data-element_type=\"widget\" data-e-type=\"widget\" data-widget_type=\"image.default\">\n\t\t\t\t<div class=\"elementor-widget-container\">\n\t\t\t\t\t\t\t\t\t\t\t\t<figure class=\"wp-caption\">\n\t\t\t\t\t\t\t\t\t\t<img loading=\"lazy\" decoding=\"async\" width=\"768\" height=\"511\" src=\"https:\/\/www.elturistatranquil.com\/wp-content\/uploads\/F57-Zugarramurdi-Iglesia-de-Nuestra-Se\u00f1ora-de-la-Asunci\u00f3n.jpg\" class=\"attachment-large size-large wp-image-29528\" alt=\"Zugarramurdi Iglesia de Nuestra Se\u00f1ora de la Asunci\u00f3n\" srcset=\"https:\/\/www.elturistatranquil.com\/wp-content\/uploads\/F57-Zugarramurdi-Iglesia-de-Nuestra-Se\u00f1ora-de-la-Asunci\u00f3n.jpg 768w, https:\/\/www.elturistatranquil.com\/wp-content\/uploads\/F57-Zugarramurdi-Iglesia-de-Nuestra-Se\u00f1ora-de-la-Asunci\u00f3n-339x226.jpg 339w\" sizes=\"(max-width: 768px) 100vw, 768px\" \/>\t\t\t\t\t\t\t\t\t\t\t<figcaption class=\"widget-image-caption wp-caption-text\"><\/figcaption>\n\t\t\t\t\t\t\t\t\t\t<\/figure>\n\t\t\t\t\t\t\t\t\t<\/div>\n\t\t\t\t<\/div>\n\t\t\t\t<div class=\"elementor-element elementor-element-c843920 elementor-widget elementor-widget-text-editor\" data-id=\"c843920\" data-element_type=\"widget\" data-e-type=\"widget\" data-widget_type=\"text-editor.default\">\n\t\t\t\t<div class=\"elementor-widget-container\">\n\t\t\t\t\t\t\t\t\t<p>Portada sota atri-p\u00f2rtic en el fust de la torre-porxo situada a la part central externa de la fa\u00e7ana, als peus del temple. Tres arcs de mig punt donen acc\u00e9s al petit porxo.<\/p>\t\t\t\t\t\t\t\t<\/div>\n\t\t\t\t<\/div>\n\t\t\t\t<div class=\"elementor-element elementor-element-bbeed9f elementor-widget elementor-widget-image\" data-id=\"bbeed9f\" data-element_type=\"widget\" data-e-type=\"widget\" data-widget_type=\"image.default\">\n\t\t\t\t<div class=\"elementor-widget-container\">\n\t\t\t\t\t\t\t\t\t\t\t\t<figure class=\"wp-caption\">\n\t\t\t\t\t\t\t\t\t\t<img loading=\"lazy\" decoding=\"async\" width=\"366\" height=\"550\" src=\"https:\/\/www.elturistatranquil.com\/wp-content\/uploads\/F58-Zugarramurdi-Iglesia-de-Nuestra-Se\u00f1ora-de-la-Asunci\u00f3n.jpg\" class=\"attachment-large size-large wp-image-29530\" alt=\"Zugarramurdi Iglesia de Nuestra Se\u00f1ora de la Asunci\u00f3n\" srcset=\"https:\/\/www.elturistatranquil.com\/wp-content\/uploads\/F58-Zugarramurdi-Iglesia-de-Nuestra-Se\u00f1ora-de-la-Asunci\u00f3n.jpg 366w, https:\/\/www.elturistatranquil.com\/wp-content\/uploads\/F58-Zugarramurdi-Iglesia-de-Nuestra-Se\u00f1ora-de-la-Asunci\u00f3n-150x226.jpg 150w\" sizes=\"(max-width: 366px) 100vw, 366px\" \/>\t\t\t\t\t\t\t\t\t\t\t<figcaption class=\"widget-image-caption wp-caption-text\"><\/figcaption>\n\t\t\t\t\t\t\t\t\t\t<\/figure>\n\t\t\t\t\t\t\t\t\t<\/div>\n\t\t\t\t<\/div>\n\t\t\t\t<div class=\"elementor-element elementor-element-4f160bb elementor-widget elementor-widget-text-editor\" data-id=\"4f160bb\" data-element_type=\"widget\" data-e-type=\"widget\" data-widget_type=\"text-editor.default\">\n\t\t\t\t<div class=\"elementor-widget-container\">\n\t\t\t\t\t\t\t\t\t<p>La portada \u00e9s d&#8217;arc de mig punt, emmarcada per pilastres de capitell tosc\u00e0, amb un entaulament i un front\u00f3 triangular culminat per una rematada corba.<\/p>\t\t\t\t\t\t\t\t<\/div>\n\t\t\t\t<\/div>\n\t\t\t\t<div class=\"elementor-element elementor-element-a9b92b0 elementor-widget elementor-widget-image\" data-id=\"a9b92b0\" data-element_type=\"widget\" data-e-type=\"widget\" data-widget_type=\"image.default\">\n\t\t\t\t<div class=\"elementor-widget-container\">\n\t\t\t\t\t\t\t\t\t\t\t\t<figure class=\"wp-caption\">\n\t\t\t\t\t\t\t\t\t\t<img loading=\"lazy\" decoding=\"async\" width=\"768\" height=\"511\" src=\"https:\/\/www.elturistatranquil.com\/wp-content\/uploads\/F59-Zugarramurdi-Iglesia-de-Nuestra-Se\u00f1ora-de-la-Asunci\u00f3n.jpg\" class=\"attachment-large size-large wp-image-29532\" alt=\"Zugarramurdi Iglesia de Nuestra Se\u00f1ora de la Asunci\u00f3n\" srcset=\"https:\/\/www.elturistatranquil.com\/wp-content\/uploads\/F59-Zugarramurdi-Iglesia-de-Nuestra-Se\u00f1ora-de-la-Asunci\u00f3n.jpg 768w, https:\/\/www.elturistatranquil.com\/wp-content\/uploads\/F59-Zugarramurdi-Iglesia-de-Nuestra-Se\u00f1ora-de-la-Asunci\u00f3n-339x226.jpg 339w\" sizes=\"(max-width: 768px) 100vw, 768px\" \/>\t\t\t\t\t\t\t\t\t\t\t<figcaption class=\"widget-image-caption wp-caption-text\"><\/figcaption>\n\t\t\t\t\t\t\t\t\t\t<\/figure>\n\t\t\t\t\t\t\t\t\t<\/div>\n\t\t\t\t<\/div>\n\t\t\t\t<div class=\"elementor-element elementor-element-1e37db8 elementor-widget elementor-widget-text-editor\" data-id=\"1e37db8\" data-element_type=\"widget\" data-e-type=\"widget\" data-widget_type=\"text-editor.default\">\n\t\t\t\t<div class=\"elementor-widget-container\">\n\t\t\t\t\t\t\t\t\t<p>La nau es cobreix amb volta de creueria. El retaule de l&#8217;altar major, dedicat a la Virgen de la Asunci\u00f3n, \u00e9s d&#8217;estil ecl\u00e8ctic de finals de segle XIX.<\/p><p>El cor se situa als peus.<\/p>\t\t\t\t\t\t\t\t<\/div>\n\t\t\t\t<\/div>\n\t\t\t\t<div class=\"elementor-element elementor-element-8e4269d elementor-widget elementor-widget-menu-anchor\" data-id=\"8e4269d\" data-element_type=\"widget\" data-e-type=\"widget\" data-widget_type=\"menu-anchor.default\">\n\t\t\t\t<div class=\"elementor-widget-container\">\n\t\t\t\t\t\t\t<div class=\"elementor-menu-anchor\" id=\"c5205\"><\/div>\n\t\t\t\t\t\t<\/div>\n\t\t\t\t<\/div>\n\t\t\t\t<div class=\"elementor-element elementor-element-0047ddf elementor-widget elementor-widget-image\" data-id=\"0047ddf\" data-element_type=\"widget\" data-e-type=\"widget\" data-widget_type=\"image.default\">\n\t\t\t\t<div class=\"elementor-widget-container\">\n\t\t\t\t\t\t\t\t\t\t\t\t<figure class=\"wp-caption\">\n\t\t\t\t\t\t\t\t\t\t<img loading=\"lazy\" decoding=\"async\" width=\"768\" height=\"511\" src=\"https:\/\/www.elturistatranquil.com\/wp-content\/uploads\/F60-Zugarramurdi-Iglesia-de-Nuestra-Se\u00f1ora-de-la-Asunci\u00f3n.jpg\" class=\"attachment-large size-large wp-image-29534\" alt=\"Zugarramurdi Iglesia de Nuestra Se\u00f1ora de la Asunci\u00f3n\" srcset=\"https:\/\/www.elturistatranquil.com\/wp-content\/uploads\/F60-Zugarramurdi-Iglesia-de-Nuestra-Se\u00f1ora-de-la-Asunci\u00f3n.jpg 768w, https:\/\/www.elturistatranquil.com\/wp-content\/uploads\/F60-Zugarramurdi-Iglesia-de-Nuestra-Se\u00f1ora-de-la-Asunci\u00f3n-339x226.jpg 339w\" sizes=\"(max-width: 768px) 100vw, 768px\" \/>\t\t\t\t\t\t\t\t\t\t\t<figcaption class=\"widget-image-caption wp-caption-text\"><\/figcaption>\n\t\t\t\t\t\t\t\t\t\t<\/figure>\n\t\t\t\t\t\t\t\t\t<\/div>\n\t\t\t\t<\/div>\n\t\t\t\t<div class=\"elementor-element elementor-element-ba57e21 elementor-widget elementor-widget-heading\" data-id=\"ba57e21\" data-element_type=\"widget\" data-e-type=\"widget\" data-widget_type=\"heading.default\">\n\t\t\t\t<div class=\"elementor-widget-container\">\n\t\t\t\t\t<h3 class=\"elementor-heading-title elementor-size-default\">Urbanisme i arquitectura civil<\/h3>\t\t\t\t<\/div>\n\t\t\t\t<\/div>\n\t\t\t\t<div class=\"elementor-element elementor-element-3fb5bfe elementor-widget elementor-widget-image\" data-id=\"3fb5bfe\" data-element_type=\"widget\" data-e-type=\"widget\" data-widget_type=\"image.default\">\n\t\t\t\t<div class=\"elementor-widget-container\">\n\t\t\t\t\t\t\t\t\t\t\t\t<figure class=\"wp-caption\">\n\t\t\t\t\t\t\t\t\t\t<img loading=\"lazy\" decoding=\"async\" width=\"768\" height=\"512\" src=\"https:\/\/www.elturistatranquil.com\/wp-content\/uploads\/F61-Zugarramurdi-Google-earth-2020-03-08.jpg\" class=\"attachment-large size-large wp-image-29536\" alt=\"Zugarramurdi (Google earth 2020-03-08)\" srcset=\"https:\/\/www.elturistatranquil.com\/wp-content\/uploads\/F61-Zugarramurdi-Google-earth-2020-03-08.jpg 768w, https:\/\/www.elturistatranquil.com\/wp-content\/uploads\/F61-Zugarramurdi-Google-earth-2020-03-08-339x226.jpg 339w\" sizes=\"(max-width: 768px) 100vw, 768px\" \/>\t\t\t\t\t\t\t\t\t\t\t<figcaption class=\"widget-image-caption wp-caption-text\">(Google earth 2020-03-08)<\/figcaption>\n\t\t\t\t\t\t\t\t\t\t<\/figure>\n\t\t\t\t\t\t\t\t\t<\/div>\n\t\t\t\t<\/div>\n\t\t\t\t<div class=\"elementor-element elementor-element-260a3a1 elementor-widget elementor-widget-text-editor\" data-id=\"260a3a1\" data-element_type=\"widget\" data-e-type=\"widget\" data-widget_type=\"text-editor.default\">\n\t\t\t\t<div class=\"elementor-widget-container\">\n\t\t\t\t\t\t\t\t\t<p>L&#8217;estructura urbana \u00e9s la t\u00edpica, en forma radial o d&#8217;estrella, seguint les rutes d&#8217;acc\u00e9s a la Vila.<\/p><p>Les cases s\u00f3n, en general, individuals de grans dimensions, en forma de casalots, algunes de model palat\u00ed, i caserios. Dominant les de tres nivells.<\/p><p>L&#8217;orientaci\u00f3 de cada edifici s&#8217;adapta, m\u00e9s o menys, a la forma curvil\u00ednia dels carrers, de manera que, visualment, ofereix una distribuci\u00f3 irregular.<\/p><p>A l&#8217;igual que en l&#8217;Esgl\u00e9sia, l&#8217;arquitectura presenta obertures de portes i finestres i les cantonades de les edificacions de carreus i carreuons de pedra, llaurats o sense llaurar; parets de ma\u00e7oneria blanques; balconades corregudes, grans alerons. Teulades de teula a dues vessants seguint l&#8217;eix de l&#8217;entrada les m\u00e9s populars, i a quatre aig\u00fces dels casalots.<\/p><p>Ja he citat que gaireb\u00e9 totes les edificacions es van reconstruir a partir de 1793, despr\u00e9s del seu incendi intencionat.<\/p><p>L&#8217;edifici civil m\u00e9s destacable \u00e9s el <strong>Palau Dutaria<\/strong>, sota de l&#8217;Esgl\u00e9sia a la banda nord, enfront d\u2019un espai obert com una mena de pla\u00e7a.<\/p><p>L&#8217;origen data de 1857. De planta quadrangular, amb tres nivells i \u00e0tic, i teulada a quatre aig\u00fces. Tot el cadirat est\u00e0 llaurat, com a signe de qualitat i poder. Dos escuts representen a la fam\u00edlia Dutaria.<\/p><p>Portada amb llinda emmarcada amb pilastres. Els dos pisos superiors amb balcons.<\/p>\t\t\t\t\t\t\t\t<\/div>\n\t\t\t\t<\/div>\n\t\t\t\t<div class=\"elementor-element elementor-element-cf14226 elementor-widget elementor-widget-image\" data-id=\"cf14226\" data-element_type=\"widget\" data-e-type=\"widget\" data-widget_type=\"image.default\">\n\t\t\t\t<div class=\"elementor-widget-container\">\n\t\t\t\t\t\t\t\t\t\t\t\t<figure class=\"wp-caption\">\n\t\t\t\t\t\t\t\t\t\t<img loading=\"lazy\" decoding=\"async\" width=\"768\" height=\"512\" src=\"https:\/\/www.elturistatranquil.com\/wp-content\/uploads\/F62-Zugarramurdi.jpg\" class=\"attachment-large size-large wp-image-29538\" alt=\"Zugarramurdi\" srcset=\"https:\/\/www.elturistatranquil.com\/wp-content\/uploads\/F62-Zugarramurdi.jpg 768w, https:\/\/www.elturistatranquil.com\/wp-content\/uploads\/F62-Zugarramurdi-339x226.jpg 339w\" sizes=\"(max-width: 768px) 100vw, 768px\" \/>\t\t\t\t\t\t\t\t\t\t\t<figcaption class=\"widget-image-caption wp-caption-text\"><\/figcaption>\n\t\t\t\t\t\t\t\t\t\t<\/figure>\n\t\t\t\t\t\t\t\t\t<\/div>\n\t\t\t\t<\/div>\n\t\t\t\t<div class=\"elementor-element elementor-element-0b92fe8 elementor-widget elementor-widget-text-editor\" data-id=\"0b92fe8\" data-element_type=\"widget\" data-e-type=\"widget\" data-widget_type=\"text-editor.default\">\n\t\t\t\t<div class=\"elementor-widget-container\">\n\t\t\t\t\t\t\t\t\t<p>Un altre edifici destacable \u00e9s la <strong>casa Induburea<\/strong> on en 1788 donya Joaquina Borda, v\u00eddua de don Juan Bautista Dutari, va fundar un <strong>convent que tamb\u00e9 era Hospital<\/strong>. Despr\u00e9s de l&#8217;incendi de 1793 va ser rehabilitat el 1830.<\/p><p>Despr\u00e9s d&#8217;altres funcions com, escola, o caserna de la Gu\u00e0rdia Civil, avui \u00e9s la seu del Museu de la Bruixes inaugurat el 2007.<\/p>\t\t\t\t\t\t\t\t<\/div>\n\t\t\t\t<\/div>\n\t\t\t\t<div class=\"elementor-element elementor-element-41fb80a elementor-widget elementor-widget-image\" data-id=\"41fb80a\" data-element_type=\"widget\" data-e-type=\"widget\" data-widget_type=\"image.default\">\n\t\t\t\t<div class=\"elementor-widget-container\">\n\t\t\t\t\t\t\t\t\t\t\t\t<figure class=\"wp-caption\">\n\t\t\t\t\t\t\t\t\t\t<img loading=\"lazy\" decoding=\"async\" width=\"768\" height=\"511\" src=\"https:\/\/www.elturistatranquil.com\/wp-content\/uploads\/F63-Zugarramurdi.jpg\" class=\"attachment-large size-large wp-image-29540\" alt=\"Zugarramurdi arquitectura\" srcset=\"https:\/\/www.elturistatranquil.com\/wp-content\/uploads\/F63-Zugarramurdi.jpg 768w, https:\/\/www.elturistatranquil.com\/wp-content\/uploads\/F63-Zugarramurdi-339x226.jpg 339w\" sizes=\"(max-width: 768px) 100vw, 768px\" \/>\t\t\t\t\t\t\t\t\t\t\t<figcaption class=\"widget-image-caption wp-caption-text\"><\/figcaption>\n\t\t\t\t\t\t\t\t\t\t<\/figure>\n\t\t\t\t\t\t\t\t\t<\/div>\n\t\t\t\t<\/div>\n\t\t\t\t<div class=\"elementor-element elementor-element-a57848e elementor-widget elementor-widget-text-editor\" data-id=\"a57848e\" data-element_type=\"widget\" data-e-type=\"widget\" data-widget_type=\"text-editor.default\">\n\t\t\t\t<div class=\"elementor-widget-container\">\n\t\t\t\t\t\t\t\t\t<p>La <strong>casa Beretxea<\/strong> va ser l&#8217;\u00fanica que va sobreviure a l&#8217;incendi de 1973. \u00c9s, per tant, la m\u00e9s antiga. Tamb\u00e9 casa blasonada.<\/p>\t\t\t\t\t\t\t\t<\/div>\n\t\t\t\t<\/div>\n\t\t\t\t<div class=\"elementor-element elementor-element-fb0bab2 elementor-widget elementor-widget-image\" data-id=\"fb0bab2\" data-element_type=\"widget\" data-e-type=\"widget\" data-widget_type=\"image.default\">\n\t\t\t\t<div class=\"elementor-widget-container\">\n\t\t\t\t\t\t\t\t\t\t\t\t<figure class=\"wp-caption\">\n\t\t\t\t\t\t\t\t\t\t<img loading=\"lazy\" decoding=\"async\" width=\"768\" height=\"511\" src=\"https:\/\/www.elturistatranquil.com\/wp-content\/uploads\/F64-Zugarramurdi.jpg\" class=\"attachment-large size-large wp-image-29542\" alt=\"Zugarramurdi arquitectura\" srcset=\"https:\/\/www.elturistatranquil.com\/wp-content\/uploads\/F64-Zugarramurdi.jpg 768w, https:\/\/www.elturistatranquil.com\/wp-content\/uploads\/F64-Zugarramurdi-339x226.jpg 339w\" sizes=\"(max-width: 768px) 100vw, 768px\" \/>\t\t\t\t\t\t\t\t\t\t\t<figcaption class=\"widget-image-caption wp-caption-text\"><\/figcaption>\n\t\t\t\t\t\t\t\t\t\t<\/figure>\n\t\t\t\t\t\t\t\t\t<\/div>\n\t\t\t\t<\/div>\n\t\t\t\t<div class=\"elementor-element elementor-element-7fe7826 elementor-widget elementor-widget-text-editor\" data-id=\"7fe7826\" data-element_type=\"widget\" data-e-type=\"widget\" data-widget_type=\"text-editor.default\">\n\t\t\t\t<div class=\"elementor-widget-container\">\n\t\t\t\t\t\t\t\t\t<p>Qualsevol carrer mostra exemples de cases, diverses blasonades.<\/p><p>El conjunt \u00e9s d&#8217;estil totalment homogeni ja que, fins i tot les edificacions recents, segueixen el mateix patr\u00f3 arquitect\u00f2nic i constructiu tradicional.<\/p>\t\t\t\t\t\t\t\t<\/div>\n\t\t\t\t<\/div>\n\t\t\t\t<div class=\"elementor-element elementor-element-9b18b0c elementor-widget elementor-widget-image\" data-id=\"9b18b0c\" data-element_type=\"widget\" data-e-type=\"widget\" data-widget_type=\"image.default\">\n\t\t\t\t<div class=\"elementor-widget-container\">\n\t\t\t\t\t\t\t\t\t\t\t\t<figure class=\"wp-caption\">\n\t\t\t\t\t\t\t\t\t\t<img loading=\"lazy\" decoding=\"async\" width=\"768\" height=\"512\" src=\"https:\/\/www.elturistatranquil.com\/wp-content\/uploads\/F65-Zugarramurdi.jpg\" class=\"attachment-large size-large wp-image-29544\" alt=\"Zugarramurdi arquitectura\" srcset=\"https:\/\/www.elturistatranquil.com\/wp-content\/uploads\/F65-Zugarramurdi.jpg 768w, https:\/\/www.elturistatranquil.com\/wp-content\/uploads\/F65-Zugarramurdi-339x226.jpg 339w\" sizes=\"(max-width: 768px) 100vw, 768px\" \/>\t\t\t\t\t\t\t\t\t\t\t<figcaption class=\"widget-image-caption wp-caption-text\"><\/figcaption>\n\t\t\t\t\t\t\t\t\t\t<\/figure>\n\t\t\t\t\t\t\t\t\t<\/div>\n\t\t\t\t<\/div>\n\t\t\t\t<div class=\"elementor-element elementor-element-2e80e08 elementor-widget elementor-widget-image\" data-id=\"2e80e08\" data-element_type=\"widget\" data-e-type=\"widget\" data-widget_type=\"image.default\">\n\t\t\t\t<div class=\"elementor-widget-container\">\n\t\t\t\t\t\t\t\t\t\t\t\t<figure class=\"wp-caption\">\n\t\t\t\t\t\t\t\t\t\t<img loading=\"lazy\" decoding=\"async\" width=\"768\" height=\"511\" src=\"https:\/\/www.elturistatranquil.com\/wp-content\/uploads\/F66-Zugarramurdi.jpg\" class=\"attachment-large size-large wp-image-29546\" alt=\"Zugarramurdi arquitectura\" srcset=\"https:\/\/www.elturistatranquil.com\/wp-content\/uploads\/F66-Zugarramurdi.jpg 768w, https:\/\/www.elturistatranquil.com\/wp-content\/uploads\/F66-Zugarramurdi-339x226.jpg 339w\" sizes=\"(max-width: 768px) 100vw, 768px\" \/>\t\t\t\t\t\t\t\t\t\t\t<figcaption class=\"widget-image-caption wp-caption-text\"><\/figcaption>\n\t\t\t\t\t\t\t\t\t\t<\/figure>\n\t\t\t\t\t\t\t\t\t<\/div>\n\t\t\t\t<\/div>\n\t\t\t\t<div class=\"elementor-element elementor-element-ceac180 elementor-widget elementor-widget-image\" data-id=\"ceac180\" data-element_type=\"widget\" data-e-type=\"widget\" data-widget_type=\"image.default\">\n\t\t\t\t<div class=\"elementor-widget-container\">\n\t\t\t\t\t\t\t\t\t\t\t\t<figure class=\"wp-caption\">\n\t\t\t\t\t\t\t\t\t\t<img loading=\"lazy\" decoding=\"async\" width=\"768\" height=\"511\" src=\"https:\/\/www.elturistatranquil.com\/wp-content\/uploads\/F67-Zugarramurdi.jpg\" class=\"attachment-large size-large wp-image-29548\" alt=\"Zugarramurdi arquitectura\" srcset=\"https:\/\/www.elturistatranquil.com\/wp-content\/uploads\/F67-Zugarramurdi.jpg 768w, https:\/\/www.elturistatranquil.com\/wp-content\/uploads\/F67-Zugarramurdi-339x226.jpg 339w\" sizes=\"(max-width: 768px) 100vw, 768px\" \/>\t\t\t\t\t\t\t\t\t\t\t<figcaption class=\"widget-image-caption wp-caption-text\"><\/figcaption>\n\t\t\t\t\t\t\t\t\t\t<\/figure>\n\t\t\t\t\t\t\t\t\t<\/div>\n\t\t\t\t<\/div>\n\t\t\t\t<div class=\"elementor-element elementor-element-9c556ae elementor-widget elementor-widget-image\" data-id=\"9c556ae\" data-element_type=\"widget\" data-e-type=\"widget\" data-widget_type=\"image.default\">\n\t\t\t\t<div class=\"elementor-widget-container\">\n\t\t\t\t\t\t\t\t\t\t\t\t<figure class=\"wp-caption\">\n\t\t\t\t\t\t\t\t\t\t<img loading=\"lazy\" decoding=\"async\" width=\"768\" height=\"511\" src=\"https:\/\/www.elturistatranquil.com\/wp-content\/uploads\/F68-Zugarramurdi.jpg\" class=\"attachment-large size-large wp-image-29550\" alt=\"Zugarramurdi arquitectura\" srcset=\"https:\/\/www.elturistatranquil.com\/wp-content\/uploads\/F68-Zugarramurdi.jpg 768w, https:\/\/www.elturistatranquil.com\/wp-content\/uploads\/F68-Zugarramurdi-339x226.jpg 339w\" sizes=\"(max-width: 768px) 100vw, 768px\" \/>\t\t\t\t\t\t\t\t\t\t\t<figcaption class=\"widget-image-caption wp-caption-text\"><\/figcaption>\n\t\t\t\t\t\t\t\t\t\t<\/figure>\n\t\t\t\t\t\t\t\t\t<\/div>\n\t\t\t\t<\/div>\n\t\t\t\t<div class=\"elementor-element elementor-element-1807300 elementor-widget elementor-widget-image\" data-id=\"1807300\" data-element_type=\"widget\" data-e-type=\"widget\" data-widget_type=\"image.default\">\n\t\t\t\t<div class=\"elementor-widget-container\">\n\t\t\t\t\t\t\t\t\t\t\t\t<figure class=\"wp-caption\">\n\t\t\t\t\t\t\t\t\t\t<img loading=\"lazy\" decoding=\"async\" width=\"768\" height=\"511\" src=\"https:\/\/www.elturistatranquil.com\/wp-content\/uploads\/F69-Zugarramurdi-2.jpg\" class=\"attachment-large size-large wp-image-29552\" alt=\"Zugarramurdi arquitectura\" srcset=\"https:\/\/www.elturistatranquil.com\/wp-content\/uploads\/F69-Zugarramurdi-2.jpg 768w, https:\/\/www.elturistatranquil.com\/wp-content\/uploads\/F69-Zugarramurdi-2-339x226.jpg 339w\" sizes=\"(max-width: 768px) 100vw, 768px\" \/>\t\t\t\t\t\t\t\t\t\t\t<figcaption class=\"widget-image-caption wp-caption-text\"><\/figcaption>\n\t\t\t\t\t\t\t\t\t\t<\/figure>\n\t\t\t\t\t\t\t\t\t<\/div>\n\t\t\t\t<\/div>\n\t\t\t\t<div class=\"elementor-element elementor-element-f0a6fc3 elementor-widget elementor-widget-menu-anchor\" data-id=\"f0a6fc3\" data-element_type=\"widget\" data-e-type=\"widget\" data-widget_type=\"menu-anchor.default\">\n\t\t\t\t<div class=\"elementor-widget-container\">\n\t\t\t\t\t\t\t<div class=\"elementor-menu-anchor\" id=\"c5206\"><\/div>\n\t\t\t\t\t\t<\/div>\n\t\t\t\t<\/div>\n\t\t\t\t<div class=\"elementor-element elementor-element-3ad6145 elementor-widget elementor-widget-image\" data-id=\"3ad6145\" data-element_type=\"widget\" data-e-type=\"widget\" data-widget_type=\"image.default\">\n\t\t\t\t<div class=\"elementor-widget-container\">\n\t\t\t\t\t\t\t\t\t\t\t\t<figure class=\"wp-caption\">\n\t\t\t\t\t\t\t\t\t\t<img loading=\"lazy\" decoding=\"async\" width=\"768\" height=\"511\" src=\"https:\/\/www.elturistatranquil.com\/wp-content\/uploads\/F70-Zugarramurdi.jpg\" class=\"attachment-large size-large wp-image-29554\" alt=\"Zugarramurdi arquitectura\" srcset=\"https:\/\/www.elturistatranquil.com\/wp-content\/uploads\/F70-Zugarramurdi.jpg 768w, https:\/\/www.elturistatranquil.com\/wp-content\/uploads\/F70-Zugarramurdi-339x226.jpg 339w\" sizes=\"(max-width: 768px) 100vw, 768px\" \/>\t\t\t\t\t\t\t\t\t\t\t<figcaption class=\"widget-image-caption wp-caption-text\"><\/figcaption>\n\t\t\t\t\t\t\t\t\t\t<\/figure>\n\t\t\t\t\t\t\t\t\t<\/div>\n\t\t\t\t<\/div>\n\t\t\t\t<div class=\"elementor-element elementor-element-2556f43 elementor-widget elementor-widget-heading\" data-id=\"2556f43\" data-element_type=\"widget\" data-e-type=\"widget\" data-widget_type=\"heading.default\">\n\t\t\t\t<div class=\"elementor-widget-container\">\n\t\t\t\t\t<h3 class=\"elementor-heading-title elementor-size-default\">La Cova i el Museu de les Bruixes<\/h3>\t\t\t\t<\/div>\n\t\t\t\t<\/div>\n\t\t\t\t<div class=\"elementor-element elementor-element-3b75254 elementor-widget elementor-widget-text-editor\" data-id=\"3b75254\" data-element_type=\"widget\" data-e-type=\"widget\" data-widget_type=\"text-editor.default\">\n\t\t\t\t<div class=\"elementor-widget-container\">\n\t\t\t\t\t\t\t\t\t<p>La <strong>Cova<\/strong> (<strong>C<\/strong>) i les <strong>bruixes<\/strong> constitueixen els dos elements imprescindibles que configuren la personalitat de Zugarramurdi.<\/p>\t\t\t\t\t\t\t\t<\/div>\n\t\t\t\t<\/div>\n\t\t\t\t<div class=\"elementor-element elementor-element-d0924f4 elementor-widget elementor-widget-image\" data-id=\"d0924f4\" data-element_type=\"widget\" data-e-type=\"widget\" data-widget_type=\"image.default\">\n\t\t\t\t<div class=\"elementor-widget-container\">\n\t\t\t\t\t\t\t\t\t\t\t\t<figure class=\"wp-caption\">\n\t\t\t\t\t\t\t\t\t\t<img loading=\"lazy\" decoding=\"async\" width=\"768\" height=\"511\" src=\"https:\/\/www.elturistatranquil.com\/wp-content\/uploads\/F07-Zugarramurdi-Cueva-de-las-brujas.jpg\" class=\"attachment-large size-large wp-image-29424\" alt=\"Zugarramurdi Cueva de las brujas\" srcset=\"https:\/\/www.elturistatranquil.com\/wp-content\/uploads\/F07-Zugarramurdi-Cueva-de-las-brujas.jpg 768w, https:\/\/www.elturistatranquil.com\/wp-content\/uploads\/F07-Zugarramurdi-Cueva-de-las-brujas-339x226.jpg 339w\" sizes=\"(max-width: 768px) 100vw, 768px\" \/>\t\t\t\t\t\t\t\t\t\t\t<figcaption class=\"widget-image-caption wp-caption-text\"><\/figcaption>\n\t\t\t\t\t\t\t\t\t\t<\/figure>\n\t\t\t\t\t\t\t\t\t<\/div>\n\t\t\t\t<\/div>\n\t\t\t\t<div class=\"elementor-element elementor-element-d2ba4e7 elementor-widget elementor-widget-text-editor\" data-id=\"d2ba4e7\" data-element_type=\"widget\" data-e-type=\"widget\" data-widget_type=\"text-editor.default\">\n\t\t\t\t<div class=\"elementor-widget-container\">\n\t\t\t\t\t\t\t\t\t<p>A presentar la hist\u00f2ria i el paper de la bruixeria s&#8217;ha destinat el <strong>Museu de les Bruixes<\/strong> (<strong>M<\/strong>).<\/p>\t\t\t\t\t\t\t\t<\/div>\n\t\t\t\t<\/div>\n\t\t\t\t<div class=\"elementor-element elementor-element-3fb6ee1 elementor-widget elementor-widget-image\" data-id=\"3fb6ee1\" data-element_type=\"widget\" data-e-type=\"widget\" data-widget_type=\"image.default\">\n\t\t\t\t<div class=\"elementor-widget-container\">\n\t\t\t\t\t\t\t\t\t\t\t\t<figure class=\"wp-caption\">\n\t\t\t\t\t\t\t\t\t\t<img loading=\"lazy\" decoding=\"async\" width=\"768\" height=\"512\" src=\"https:\/\/www.elturistatranquil.com\/wp-content\/uploads\/F05-Zugarramurdi-Museo-de-las-brujas.jpg\" class=\"attachment-large size-large wp-image-29418\" alt=\"Zugarramurdi Museo de las brujas\" srcset=\"https:\/\/www.elturistatranquil.com\/wp-content\/uploads\/F05-Zugarramurdi-Museo-de-las-brujas.jpg 768w, https:\/\/www.elturistatranquil.com\/wp-content\/uploads\/F05-Zugarramurdi-Museo-de-las-brujas-339x226.jpg 339w\" sizes=\"(max-width: 768px) 100vw, 768px\" \/>\t\t\t\t\t\t\t\t\t\t\t<figcaption class=\"widget-image-caption wp-caption-text\"><\/figcaption>\n\t\t\t\t\t\t\t\t\t\t<\/figure>\n\t\t\t\t\t\t\t\t\t<\/div>\n\t\t\t\t<\/div>\n\t\t\t\t<div class=\"elementor-element elementor-element-736f241 elementor-widget elementor-widget-menu-anchor\" data-id=\"736f241\" data-element_type=\"widget\" data-e-type=\"widget\" data-widget_type=\"menu-anchor.default\">\n\t\t\t\t<div class=\"elementor-widget-container\">\n\t\t\t\t\t\t\t<div class=\"elementor-menu-anchor\" id=\"c5207\"><\/div>\n\t\t\t\t\t\t<\/div>\n\t\t\t\t<\/div>\n\t\t\t\t<div class=\"elementor-element elementor-element-ce81c07 elementor-widget elementor-widget-text-editor\" data-id=\"ce81c07\" data-element_type=\"widget\" data-e-type=\"widget\" data-widget_type=\"text-editor.default\">\n\t\t\t\t<div class=\"elementor-widget-container\">\n\t\t\t\t\t\t\t\t\t<p>Pel seu inter\u00e8s i import\u00e0ncia els hi destinar\u00e9 el <em>Post<\/em> espec\u00edfic: <a href=\"https:\/\/www.elturistatranquil.com\/ca\/zugarramurdi-la-cova-i-les-bruixes-navarra\/\" target=\"_blank\" rel=\"noopener\"><strong>La Cova i el Museu de les Bruixes de Zugarramurdi<\/strong><\/a>.<\/p>\t\t\t\t\t\t\t\t<\/div>\n\t\t\t\t<\/div>\n\t\t\t\t<div class=\"elementor-element elementor-element-17e5979 elementor-widget elementor-widget-heading\" data-id=\"17e5979\" data-element_type=\"widget\" data-e-type=\"widget\" data-widget_type=\"heading.default\">\n\t\t\t\t<div class=\"elementor-widget-container\">\n\t\t\t\t\t<h2 class=\"elementor-heading-title elementor-size-default\">Bases d\u2019informaci\u00f3<\/h2>\t\t\t\t<\/div>\n\t\t\t\t<\/div>\n\t\t\t\t<div class=\"elementor-element elementor-element-1da24d81 elementor-widget elementor-widget-text-editor\" data-id=\"1da24d81\" data-element_type=\"widget\" data-e-type=\"widget\" data-widget_type=\"text-editor.default\">\n\t\t\t\t<div class=\"elementor-widget-container\">\n\t\t\t\t\t\t\t\t\t<p><strong>Webs<\/strong><\/p><p><a href=\"http:\/\/www.turismozugarramurdi.com\/\" target=\"_blank\" rel=\"noopener\">turismozugarramurdi<\/a><\/p><p><a href=\"https:\/\/es.wikipedia.org\/wiki\/Zugarramurdi\" target=\"_blank\" rel=\"noopener\">wikipedia<\/a><\/p><p><a href=\"https:\/\/www.turismo.navarra.es\/esp\/organice-viaje\/recurso\/Localidades\/2725\/Zugarramurdi.htm\" target=\"_blank\" rel=\"noopener\">turismonavarra<\/a><\/p><p><a href=\"https:\/\/www.valledebaztan.com\/tours\/zugarramurdiko-lezeak\/\" target=\"_blank\" rel=\"noopener\">valledebaztan<\/a><\/p><p><a href=\"http:\/\/www.lebrelblanco.com\/anexos\/atlas-Zugarramurdi-Pamplona.htm\" target=\"_blank\" rel=\"noopener\">lebrelblanco<\/a><\/p><p><a href=\"https:\/\/www.clubrural.com\/que-ver\/navarra\/zugarramurdi\" target=\"_blank\" rel=\"noopener\">clubrural<\/a><\/p><p><a href=\"http:\/\/www.enciclopedianavarra.com\/?page_id=21263\" target=\"_blank\" rel=\"noopener\">enciclopedianavarra<\/a><\/p>\t\t\t\t\t\t\t\t<\/div>\n\t\t\t\t<\/div>\n\t\t\t\t\t<\/div>\n\t\t<\/div>\n\t\t\t\t\t<\/div>\n\t\t<\/section>\n\t\t\t\t<\/div>\n\t\t","protected":false},"excerpt":{"rendered":"<p>Zugarramurdi (Navarra) \u00e9s un lloc molt especial, per la seva hist\u00f2ria, relacionada amb la bruixeria i amb la frontera, i per la seva morfologia, que va originar la cova que &#8230; <a title=\"Zugarramurdi (Navarra)\" class=\"read-more\" href=\"https:\/\/www.elturistatranquil.com\/ca\/zugarramurdi-navarra\/\" aria-label=\"M\u00e9s informaci\u00f3 sobre Zugarramurdi (Navarra)\">[ &#8230; ]<\/a><\/p>\n","protected":false},"author":1,"featured_media":29416,"comment_status":"open","ping_status":"closed","sticky":false,"template":"","format":"standard","meta":{"footnotes":""},"categories":[71,72,78,81,83,92,182,95,100,139,106,107,110],"tags":[],"class_list":["post-29641","post","type-post","status-publish","format-standard","has-post-thumbnail","hentry","category-arquitectura-popular-ca","category-arquitectura-religiosa-ca","category-cultura-rural-ca","category-etnografia-ca","category-historia-ca","category-museus","category-navarra-ca","category-paisatge","category-pobles-i-ciutats-amb-interes","category-segle-xvi-xvii","category-segle-xviii-xix","category-segle-xx-xxi","category-vila","infinite-scroll-item","generate-columns","tablet-grid-50","mobile-grid-100","grid-parent","grid-50","no-featured-image-padding"],"yoast_head":"<!-- This site is optimized with the Yoast SEO plugin v27.4 - https:\/\/yoast.com\/product\/yoast-seo-wordpress\/ -->\n<title>Zugarramurdi (Navarra) - El turista tranquil<\/title>\n<meta name=\"description\" content=\"Zugarramurdi (Navarra) \u00e9s un lloc molt especial, per la seva hist\u00f2ria, relacionada amb la bruixeria i amb la frontera, i per la seva morfologia, que va originar la cova que va acollir els aquelarres. La localitat \u00e9s un mosaic d&#039;arquitectura tradicional navarresa.\" \/>\n<meta name=\"robots\" content=\"index, follow, max-snippet:-1, max-image-preview:large, max-video-preview:-1\" \/>\n<link rel=\"canonical\" href=\"https:\/\/www.elturistatranquil.com\/ca\/zugarramurdi-navarra\/\" \/>\n<meta property=\"og:locale\" content=\"ca_ES\" \/>\n<meta property=\"og:type\" content=\"article\" \/>\n<meta property=\"og:title\" content=\"Zugarramurdi (Navarra) - El turista tranquil\" \/>\n<meta property=\"og:description\" content=\"Zugarramurdi (Navarra) \u00e9s un lloc molt especial, per la seva hist\u00f2ria, relacionada amb la bruixeria i amb la frontera, i per la seva morfologia, que va originar la cova que va acollir els aquelarres. La localitat \u00e9s un mosaic d&#039;arquitectura tradicional navarresa.\" \/>\n<meta property=\"og:url\" content=\"https:\/\/www.elturistatranquil.com\/ca\/zugarramurdi-navarra\/\" \/>\n<meta property=\"og:site_name\" content=\"El turista tranquil\" \/>\n<meta property=\"article:publisher\" content=\"https:\/\/www.facebook.com\/elturistatranquilo\/\" \/>\n<meta property=\"article:published_time\" content=\"2020-03-21T15:24:26+00:00\" \/>\n<meta property=\"article:modified_time\" content=\"2020-03-28T09:34:13+00:00\" \/>\n<meta property=\"og:image\" content=\"https:\/\/www.elturistatranquil.com\/wp-content\/uploads\/F04-Zugarramurdi.jpg\" \/>\n\t<meta property=\"og:image:width\" content=\"768\" \/>\n\t<meta property=\"og:image:height\" content=\"512\" \/>\n\t<meta property=\"og:image:type\" content=\"image\/jpeg\" \/>\n<meta name=\"author\" content=\"admin\" \/>\n<meta name=\"twitter:card\" content=\"summary_large_image\" \/>\n<meta name=\"twitter:label1\" content=\"Escrit per\" \/>\n\t<meta name=\"twitter:data1\" content=\"admin\" \/>\n\t<meta name=\"twitter:label2\" content=\"Temps estimat de lectura\" \/>\n\t<meta name=\"twitter:data2\" content=\"6 minuts\" \/>\n<script type=\"application\/ld+json\" class=\"yoast-schema-graph\">{\"@context\":\"https:\\\/\\\/schema.org\",\"@graph\":[{\"@type\":\"Article\",\"@id\":\"https:\\\/\\\/www.elturistatranquil.com\\\/ca\\\/zugarramurdi-navarra\\\/#article\",\"isPartOf\":{\"@id\":\"https:\\\/\\\/www.elturistatranquil.com\\\/ca\\\/zugarramurdi-navarra\\\/\"},\"author\":{\"name\":\"admin\",\"@id\":\"https:\\\/\\\/www.elturistatranquil.com\\\/ca\\\/#\\\/schema\\\/person\\\/16f607c3079b96ed0c530a52e6b58bb5\"},\"headline\":\"Zugarramurdi (Navarra)\",\"datePublished\":\"2020-03-21T15:24:26+00:00\",\"dateModified\":\"2020-03-28T09:34:13+00:00\",\"mainEntityOfPage\":{\"@id\":\"https:\\\/\\\/www.elturistatranquil.com\\\/ca\\\/zugarramurdi-navarra\\\/\"},\"wordCount\":1297,\"commentCount\":0,\"image\":{\"@id\":\"https:\\\/\\\/www.elturistatranquil.com\\\/ca\\\/zugarramurdi-navarra\\\/#primaryimage\"},\"thumbnailUrl\":\"https:\\\/\\\/www.elturistatranquil.com\\\/wp-content\\\/uploads\\\/F04-Zugarramurdi.jpg\",\"articleSection\":[\"Arquitectura popular\",\"Arquitectura religiosa\",\"Cultura rural\",\"Etnografia\",\"Hist\u00f2ria\",\"Museus\",\"Navarra\",\"Paisatge\",\"Pobles i ciutats amb inter\u00e9s\",\"Segle XVI-XVII\",\"Segle XVIII-XIX\",\"Segle XX-XXI\",\"Vila\"],\"inLanguage\":\"ca\",\"potentialAction\":[{\"@type\":\"CommentAction\",\"name\":\"Comment\",\"target\":[\"https:\\\/\\\/www.elturistatranquil.com\\\/ca\\\/zugarramurdi-navarra\\\/#respond\"]}]},{\"@type\":\"WebPage\",\"@id\":\"https:\\\/\\\/www.elturistatranquil.com\\\/ca\\\/zugarramurdi-navarra\\\/\",\"url\":\"https:\\\/\\\/www.elturistatranquil.com\\\/ca\\\/zugarramurdi-navarra\\\/\",\"name\":\"Zugarramurdi (Navarra) - El turista tranquil\",\"isPartOf\":{\"@id\":\"https:\\\/\\\/www.elturistatranquil.com\\\/ca\\\/#website\"},\"primaryImageOfPage\":{\"@id\":\"https:\\\/\\\/www.elturistatranquil.com\\\/ca\\\/zugarramurdi-navarra\\\/#primaryimage\"},\"image\":{\"@id\":\"https:\\\/\\\/www.elturistatranquil.com\\\/ca\\\/zugarramurdi-navarra\\\/#primaryimage\"},\"thumbnailUrl\":\"https:\\\/\\\/www.elturistatranquil.com\\\/wp-content\\\/uploads\\\/F04-Zugarramurdi.jpg\",\"datePublished\":\"2020-03-21T15:24:26+00:00\",\"dateModified\":\"2020-03-28T09:34:13+00:00\",\"author\":{\"@id\":\"https:\\\/\\\/www.elturistatranquil.com\\\/ca\\\/#\\\/schema\\\/person\\\/16f607c3079b96ed0c530a52e6b58bb5\"},\"description\":\"Zugarramurdi (Navarra) \u00e9s un lloc molt especial, per la seva hist\u00f2ria, relacionada amb la bruixeria i amb la frontera, i per la seva morfologia, que va originar la cova que va acollir els aquelarres. La localitat \u00e9s un mosaic d'arquitectura tradicional navarresa.\",\"breadcrumb\":{\"@id\":\"https:\\\/\\\/www.elturistatranquil.com\\\/ca\\\/zugarramurdi-navarra\\\/#breadcrumb\"},\"inLanguage\":\"ca\",\"potentialAction\":[{\"@type\":\"ReadAction\",\"target\":[\"https:\\\/\\\/www.elturistatranquil.com\\\/ca\\\/zugarramurdi-navarra\\\/\"]}]},{\"@type\":\"ImageObject\",\"inLanguage\":\"ca\",\"@id\":\"https:\\\/\\\/www.elturistatranquil.com\\\/ca\\\/zugarramurdi-navarra\\\/#primaryimage\",\"url\":\"https:\\\/\\\/www.elturistatranquil.com\\\/wp-content\\\/uploads\\\/F04-Zugarramurdi.jpg\",\"contentUrl\":\"https:\\\/\\\/www.elturistatranquil.com\\\/wp-content\\\/uploads\\\/F04-Zugarramurdi.jpg\",\"width\":768,\"height\":512,\"caption\":\"Zugarramurdi\"},{\"@type\":\"BreadcrumbList\",\"@id\":\"https:\\\/\\\/www.elturistatranquil.com\\\/ca\\\/zugarramurdi-navarra\\\/#breadcrumb\",\"itemListElement\":[{\"@type\":\"ListItem\",\"position\":1,\"name\":\"Portada\",\"item\":\"https:\\\/\\\/www.elturistatranquil.com\\\/ca\\\/\"},{\"@type\":\"ListItem\",\"position\":2,\"name\":\"Zugarramurdi (Navarra)\"}]},{\"@type\":\"WebSite\",\"@id\":\"https:\\\/\\\/www.elturistatranquil.com\\\/ca\\\/#website\",\"url\":\"https:\\\/\\\/www.elturistatranquil.com\\\/ca\\\/\",\"name\":\"El turista tranquil\",\"description\":\"Blog de viatges\",\"potentialAction\":[{\"@type\":\"SearchAction\",\"target\":{\"@type\":\"EntryPoint\",\"urlTemplate\":\"https:\\\/\\\/www.elturistatranquil.com\\\/ca\\\/?s={search_term_string}\"},\"query-input\":{\"@type\":\"PropertyValueSpecification\",\"valueRequired\":true,\"valueName\":\"search_term_string\"}}],\"inLanguage\":\"ca\"},{\"@type\":\"Person\",\"@id\":\"https:\\\/\\\/www.elturistatranquil.com\\\/ca\\\/#\\\/schema\\\/person\\\/16f607c3079b96ed0c530a52e6b58bb5\",\"name\":\"admin\",\"image\":{\"@type\":\"ImageObject\",\"inLanguage\":\"ca\",\"@id\":\"https:\\\/\\\/secure.gravatar.com\\\/avatar\\\/1fbaf22aee75fcbb29a2f97b107f95d25d3a19b7c3416105be10269872673e8d?s=96&d=mm&r=g\",\"url\":\"https:\\\/\\\/secure.gravatar.com\\\/avatar\\\/1fbaf22aee75fcbb29a2f97b107f95d25d3a19b7c3416105be10269872673e8d?s=96&d=mm&r=g\",\"contentUrl\":\"https:\\\/\\\/secure.gravatar.com\\\/avatar\\\/1fbaf22aee75fcbb29a2f97b107f95d25d3a19b7c3416105be10269872673e8d?s=96&d=mm&r=g\",\"caption\":\"admin\"}}]}<\/script>\n<!-- \/ Yoast SEO plugin. -->","yoast_head_json":{"title":"Zugarramurdi (Navarra) - El turista tranquil","description":"Zugarramurdi (Navarra) \u00e9s un lloc molt especial, per la seva hist\u00f2ria, relacionada amb la bruixeria i amb la frontera, i per la seva morfologia, que va originar la cova que va acollir els aquelarres. La localitat \u00e9s un mosaic d'arquitectura tradicional navarresa.","robots":{"index":"index","follow":"follow","max-snippet":"max-snippet:-1","max-image-preview":"max-image-preview:large","max-video-preview":"max-video-preview:-1"},"canonical":"https:\/\/www.elturistatranquil.com\/ca\/zugarramurdi-navarra\/","og_locale":"ca_ES","og_type":"article","og_title":"Zugarramurdi (Navarra) - El turista tranquil","og_description":"Zugarramurdi (Navarra) \u00e9s un lloc molt especial, per la seva hist\u00f2ria, relacionada amb la bruixeria i amb la frontera, i per la seva morfologia, que va originar la cova que va acollir els aquelarres. La localitat \u00e9s un mosaic d'arquitectura tradicional navarresa.","og_url":"https:\/\/www.elturistatranquil.com\/ca\/zugarramurdi-navarra\/","og_site_name":"El turista tranquil","article_publisher":"https:\/\/www.facebook.com\/elturistatranquilo\/","article_published_time":"2020-03-21T15:24:26+00:00","article_modified_time":"2020-03-28T09:34:13+00:00","og_image":[{"width":768,"height":512,"url":"https:\/\/www.elturistatranquil.com\/wp-content\/uploads\/F04-Zugarramurdi.jpg","type":"image\/jpeg"}],"author":"admin","twitter_card":"summary_large_image","twitter_misc":{"Escrit per":"admin","Temps estimat de lectura":"6 minuts"},"schema":{"@context":"https:\/\/schema.org","@graph":[{"@type":"Article","@id":"https:\/\/www.elturistatranquil.com\/ca\/zugarramurdi-navarra\/#article","isPartOf":{"@id":"https:\/\/www.elturistatranquil.com\/ca\/zugarramurdi-navarra\/"},"author":{"name":"admin","@id":"https:\/\/www.elturistatranquil.com\/ca\/#\/schema\/person\/16f607c3079b96ed0c530a52e6b58bb5"},"headline":"Zugarramurdi (Navarra)","datePublished":"2020-03-21T15:24:26+00:00","dateModified":"2020-03-28T09:34:13+00:00","mainEntityOfPage":{"@id":"https:\/\/www.elturistatranquil.com\/ca\/zugarramurdi-navarra\/"},"wordCount":1297,"commentCount":0,"image":{"@id":"https:\/\/www.elturistatranquil.com\/ca\/zugarramurdi-navarra\/#primaryimage"},"thumbnailUrl":"https:\/\/www.elturistatranquil.com\/wp-content\/uploads\/F04-Zugarramurdi.jpg","articleSection":["Arquitectura popular","Arquitectura religiosa","Cultura rural","Etnografia","Hist\u00f2ria","Museus","Navarra","Paisatge","Pobles i ciutats amb inter\u00e9s","Segle XVI-XVII","Segle XVIII-XIX","Segle XX-XXI","Vila"],"inLanguage":"ca","potentialAction":[{"@type":"CommentAction","name":"Comment","target":["https:\/\/www.elturistatranquil.com\/ca\/zugarramurdi-navarra\/#respond"]}]},{"@type":"WebPage","@id":"https:\/\/www.elturistatranquil.com\/ca\/zugarramurdi-navarra\/","url":"https:\/\/www.elturistatranquil.com\/ca\/zugarramurdi-navarra\/","name":"Zugarramurdi (Navarra) - El turista tranquil","isPartOf":{"@id":"https:\/\/www.elturistatranquil.com\/ca\/#website"},"primaryImageOfPage":{"@id":"https:\/\/www.elturistatranquil.com\/ca\/zugarramurdi-navarra\/#primaryimage"},"image":{"@id":"https:\/\/www.elturistatranquil.com\/ca\/zugarramurdi-navarra\/#primaryimage"},"thumbnailUrl":"https:\/\/www.elturistatranquil.com\/wp-content\/uploads\/F04-Zugarramurdi.jpg","datePublished":"2020-03-21T15:24:26+00:00","dateModified":"2020-03-28T09:34:13+00:00","author":{"@id":"https:\/\/www.elturistatranquil.com\/ca\/#\/schema\/person\/16f607c3079b96ed0c530a52e6b58bb5"},"description":"Zugarramurdi (Navarra) \u00e9s un lloc molt especial, per la seva hist\u00f2ria, relacionada amb la bruixeria i amb la frontera, i per la seva morfologia, que va originar la cova que va acollir els aquelarres. La localitat \u00e9s un mosaic d'arquitectura tradicional navarresa.","breadcrumb":{"@id":"https:\/\/www.elturistatranquil.com\/ca\/zugarramurdi-navarra\/#breadcrumb"},"inLanguage":"ca","potentialAction":[{"@type":"ReadAction","target":["https:\/\/www.elturistatranquil.com\/ca\/zugarramurdi-navarra\/"]}]},{"@type":"ImageObject","inLanguage":"ca","@id":"https:\/\/www.elturistatranquil.com\/ca\/zugarramurdi-navarra\/#primaryimage","url":"https:\/\/www.elturistatranquil.com\/wp-content\/uploads\/F04-Zugarramurdi.jpg","contentUrl":"https:\/\/www.elturistatranquil.com\/wp-content\/uploads\/F04-Zugarramurdi.jpg","width":768,"height":512,"caption":"Zugarramurdi"},{"@type":"BreadcrumbList","@id":"https:\/\/www.elturistatranquil.com\/ca\/zugarramurdi-navarra\/#breadcrumb","itemListElement":[{"@type":"ListItem","position":1,"name":"Portada","item":"https:\/\/www.elturistatranquil.com\/ca\/"},{"@type":"ListItem","position":2,"name":"Zugarramurdi (Navarra)"}]},{"@type":"WebSite","@id":"https:\/\/www.elturistatranquil.com\/ca\/#website","url":"https:\/\/www.elturistatranquil.com\/ca\/","name":"El turista tranquil","description":"Blog de viatges","potentialAction":[{"@type":"SearchAction","target":{"@type":"EntryPoint","urlTemplate":"https:\/\/www.elturistatranquil.com\/ca\/?s={search_term_string}"},"query-input":{"@type":"PropertyValueSpecification","valueRequired":true,"valueName":"search_term_string"}}],"inLanguage":"ca"},{"@type":"Person","@id":"https:\/\/www.elturistatranquil.com\/ca\/#\/schema\/person\/16f607c3079b96ed0c530a52e6b58bb5","name":"admin","image":{"@type":"ImageObject","inLanguage":"ca","@id":"https:\/\/secure.gravatar.com\/avatar\/1fbaf22aee75fcbb29a2f97b107f95d25d3a19b7c3416105be10269872673e8d?s=96&d=mm&r=g","url":"https:\/\/secure.gravatar.com\/avatar\/1fbaf22aee75fcbb29a2f97b107f95d25d3a19b7c3416105be10269872673e8d?s=96&d=mm&r=g","contentUrl":"https:\/\/secure.gravatar.com\/avatar\/1fbaf22aee75fcbb29a2f97b107f95d25d3a19b7c3416105be10269872673e8d?s=96&d=mm&r=g","caption":"admin"}}]}},"_links":{"self":[{"href":"https:\/\/www.elturistatranquil.com\/ca\/wp-json\/wp\/v2\/posts\/29641","targetHints":{"allow":["GET"]}}],"collection":[{"href":"https:\/\/www.elturistatranquil.com\/ca\/wp-json\/wp\/v2\/posts"}],"about":[{"href":"https:\/\/www.elturistatranquil.com\/ca\/wp-json\/wp\/v2\/types\/post"}],"author":[{"embeddable":true,"href":"https:\/\/www.elturistatranquil.com\/ca\/wp-json\/wp\/v2\/users\/1"}],"replies":[{"embeddable":true,"href":"https:\/\/www.elturistatranquil.com\/ca\/wp-json\/wp\/v2\/comments?post=29641"}],"version-history":[{"count":5,"href":"https:\/\/www.elturistatranquil.com\/ca\/wp-json\/wp\/v2\/posts\/29641\/revisions"}],"predecessor-version":[{"id":29669,"href":"https:\/\/www.elturistatranquil.com\/ca\/wp-json\/wp\/v2\/posts\/29641\/revisions\/29669"}],"wp:featuredmedia":[{"embeddable":true,"href":"https:\/\/www.elturistatranquil.com\/ca\/wp-json\/wp\/v2\/media\/29416"}],"wp:attachment":[{"href":"https:\/\/www.elturistatranquil.com\/ca\/wp-json\/wp\/v2\/media?parent=29641"}],"wp:term":[{"taxonomy":"category","embeddable":true,"href":"https:\/\/www.elturistatranquil.com\/ca\/wp-json\/wp\/v2\/categories?post=29641"},{"taxonomy":"post_tag","embeddable":true,"href":"https:\/\/www.elturistatranquil.com\/ca\/wp-json\/wp\/v2\/tags?post=29641"}],"curies":[{"name":"wp","href":"https:\/\/api.w.org\/{rel}","templated":true}]}}