{"id":2965,"date":"2018-04-01T19:44:03","date_gmt":"2018-04-01T17:44:03","guid":{"rendered":"https:\/\/www.elturistatranquil.com\/?p=2965"},"modified":"2020-06-18T11:29:06","modified_gmt":"2020-06-18T09:29:06","slug":"estanys-de-la-pera","status":"publish","type":"post","link":"https:\/\/www.elturistatranquil.com\/ca\/estanys-de-la-pera\/","title":{"rendered":"Estanys de la Pera (Lleida)"},"content":{"rendered":"\t\t<div data-elementor-type=\"wp-post\" data-elementor-id=\"2965\" class=\"elementor elementor-2965\" data-elementor-post-type=\"post\">\n\t\t\t\t\t\t<section class=\"elementor-section elementor-top-section elementor-element elementor-element-2990bf0 elementor-section-boxed elementor-section-height-default elementor-section-height-default\" data-id=\"2990bf0\" data-element_type=\"section\" data-e-type=\"section\">\n\t\t\t\t\t\t<div class=\"elementor-container elementor-column-gap-default\">\n\t\t\t\t\t<div class=\"elementor-column elementor-col-100 elementor-top-column elementor-element elementor-element-1185de90\" data-id=\"1185de90\" data-element_type=\"column\" data-e-type=\"column\">\n\t\t\t<div class=\"elementor-widget-wrap elementor-element-populated\">\n\t\t\t\t\t\t<section class=\"elementor-section elementor-inner-section elementor-element elementor-element-7d370a79 elementor-section-content-middle elementor-section-boxed elementor-section-height-default elementor-section-height-default\" data-id=\"7d370a79\" data-element_type=\"section\" data-e-type=\"section\">\n\t\t\t\t\t\t<div class=\"elementor-container elementor-column-gap-default\">\n\t\t\t\t\t<div class=\"elementor-column elementor-col-100 elementor-inner-column elementor-element elementor-element-7ca9bda3\" data-id=\"7ca9bda3\" data-element_type=\"column\" data-e-type=\"column\">\n\t\t\t<div class=\"elementor-widget-wrap elementor-element-populated\">\n\t\t\t\t\t\t<div class=\"elementor-element elementor-element-12a3ea26 elementor-widget elementor-widget-text-editor\" data-id=\"12a3ea26\" data-element_type=\"widget\" data-e-type=\"widget\" data-widget_type=\"text-editor.default\">\n\t\t\t\t<div class=\"elementor-widget-container\">\n\t\t\t\t\t\t\t\t\t<p>En aquesta sortida farem una ruta senzilla en un entorn espl\u00e8ndid, pujant a peu fins als Estanys de la Pera, en el Pirineu de la Cerdanya, des del Refugi de Font de les Pollineres.<\/p>\t\t\t\t\t\t\t\t<\/div>\n\t\t\t\t<\/div>\n\t\t\t\t\t<\/div>\n\t\t<\/div>\n\t\t\t\t\t<\/div>\n\t\t<\/section>\n\t\t\t\t<div class=\"elementor-element elementor-element-5d26854e elementor-widget elementor-widget-heading\" data-id=\"5d26854e\" data-element_type=\"widget\" data-e-type=\"widget\" data-widget_type=\"heading.default\">\n\t\t\t\t<div class=\"elementor-widget-container\">\n\t\t\t\t\t<h1 class=\"elementor-heading-title elementor-size-default\">Estanys de la Pera (La Cerdanya)<\/h1>\t\t\t\t<\/div>\n\t\t\t\t<\/div>\n\t\t\t\t\t<\/div>\n\t\t<\/div>\n\t\t\t\t\t<\/div>\n\t\t<\/section>\n\t\t\t\t<section class=\"elementor-section elementor-top-section elementor-element elementor-element-133a06d7 elementor-section-boxed elementor-section-height-default elementor-section-height-default\" data-id=\"133a06d7\" data-element_type=\"section\" data-e-type=\"section\">\n\t\t\t\t\t\t<div class=\"elementor-container elementor-column-gap-default\">\n\t\t\t\t\t<div class=\"elementor-column elementor-col-100 elementor-top-column elementor-element elementor-element-39dd2b23\" data-id=\"39dd2b23\" data-element_type=\"column\" data-e-type=\"column\">\n\t\t\t<div class=\"elementor-widget-wrap elementor-element-populated\">\n\t\t\t\t\t\t<div class=\"elementor-element elementor-element-72487f63 elementor-widget elementor-widget-image\" data-id=\"72487f63\" data-element_type=\"widget\" data-e-type=\"widget\" data-widget_type=\"image.default\">\n\t\t\t\t<div class=\"elementor-widget-container\">\n\t\t\t\t\t\t\t\t\t\t\t\t<figure class=\"wp-caption\">\n\t\t\t\t\t\t\t\t\t\t<img fetchpriority=\"high\" decoding=\"async\" width=\"800\" height=\"510\" src=\"https:\/\/www.elturistatranquil.com\/wp-content\/uploads\/F01-Els-Estanys-de-la-Pera-estanys-lacustres-dins-dun-circ-glacial-Google-maps-2018-03-30-F.jpg\" class=\"attachment-large size-large wp-image-2910\" alt=\"Estanys de la Pera (Google earth 2018-03-30)\" srcset=\"https:\/\/www.elturistatranquil.com\/wp-content\/uploads\/F01-Els-Estanys-de-la-Pera-estanys-lacustres-dins-dun-circ-glacial-Google-maps-2018-03-30-F.jpg 800w, https:\/\/www.elturistatranquil.com\/wp-content\/uploads\/F01-Els-Estanys-de-la-Pera-estanys-lacustres-dins-dun-circ-glacial-Google-maps-2018-03-30-F-768x490.jpg 768w\" sizes=\"(max-width: 800px) 100vw, 800px\" \/>\t\t\t\t\t\t\t\t\t\t\t<figcaption class=\"widget-image-caption wp-caption-text\">La imatge mostra el circ glacial en el que s\u2019han format els Estanys de la Pera (Google earth 2018-03-31)<\/figcaption>\n\t\t\t\t\t\t\t\t\t\t<\/figure>\n\t\t\t\t\t\t\t\t\t<\/div>\n\t\t\t\t<\/div>\n\t\t\t\t<div class=\"elementor-element elementor-element-5fe51ed3 elementor-widget elementor-widget-spacer\" data-id=\"5fe51ed3\" data-element_type=\"widget\" data-e-type=\"widget\" data-widget_type=\"spacer.default\">\n\t\t\t\t<div class=\"elementor-widget-container\">\n\t\t\t\t\t\t\t<div class=\"elementor-spacer\">\n\t\t\t<div class=\"elementor-spacer-inner\"><\/div>\n\t\t<\/div>\n\t\t\t\t\t\t<\/div>\n\t\t\t\t<\/div>\n\t\t\t\t<div class=\"elementor-element elementor-element-6920ed5f elementor-widget elementor-widget-heading\" data-id=\"6920ed5f\" data-element_type=\"widget\" data-e-type=\"widget\" data-widget_type=\"heading.default\">\n\t\t\t\t<div class=\"elementor-widget-container\">\n\t\t\t\t\t<h2 class=\"elementor-heading-title elementor-size-default\">Estanys de la Pera (La Cerdanya)<\/h2>\t\t\t\t<\/div>\n\t\t\t\t<\/div>\n\t\t\t\t<section class=\"elementor-section elementor-inner-section elementor-element elementor-element-4cedd0c0 elementor-section-boxed elementor-section-height-default elementor-section-height-default\" data-id=\"4cedd0c0\" data-element_type=\"section\" data-e-type=\"section\" data-settings=\"{&quot;background_background&quot;:&quot;classic&quot;}\">\n\t\t\t\t\t\t<div class=\"elementor-container elementor-column-gap-default\">\n\t\t\t\t\t<div class=\"elementor-column elementor-col-100 elementor-inner-column elementor-element elementor-element-7c19a8a8\" data-id=\"7c19a8a8\" data-element_type=\"column\" data-e-type=\"column\" data-settings=\"{&quot;background_background&quot;:&quot;classic&quot;}\">\n\t\t\t<div class=\"elementor-widget-wrap elementor-element-populated\">\n\t\t\t\t\t\t<div class=\"elementor-element elementor-element-4bf0282e elementor-widget elementor-widget-text-editor\" data-id=\"4bf0282e\" data-element_type=\"widget\" data-e-type=\"widget\" data-widget_type=\"text-editor.default\">\n\t\t\t\t<div class=\"elementor-widget-container\">\n\t\t\t\t\t\t\t\t\t<p>Estanys de la Pera. Municipi: Lles de Cerdanya, Comarca: Cerdanya. Prov\u00edncia: Lleida<\/p>\t\t\t\t\t\t\t\t<\/div>\n\t\t\t\t<\/div>\n\t\t\t\t<div class=\"elementor-element elementor-element-372e745a elementor-widget elementor-widget-text-editor\" data-id=\"372e745a\" data-element_type=\"widget\" data-e-type=\"widget\" data-widget_type=\"text-editor.default\">\n\t\t\t\t<div class=\"elementor-widget-container\">\n\t\t\t\t\t\t\t\t\t<p>Ruta: 2015<\/p>\t\t\t\t\t\t\t\t<\/div>\n\t\t\t\t<\/div>\n\t\t\t\t<div class=\"elementor-element elementor-element-ab85976 elementor-widget elementor-widget-text-editor\" data-id=\"ab85976\" data-element_type=\"widget\" data-e-type=\"widget\" data-widget_type=\"text-editor.default\">\n\t\t\t\t<div class=\"elementor-widget-container\">\n\t\t\t\t\t\t\t\t\t<p>Desnivell: 250 m<\/p>\t\t\t\t\t\t\t\t<\/div>\n\t\t\t\t<\/div>\n\t\t\t\t<div class=\"elementor-element elementor-element-48a3892 elementor-widget elementor-widget-text-editor\" data-id=\"48a3892\" data-element_type=\"widget\" data-e-type=\"widget\" data-widget_type=\"text-editor.default\">\n\t\t\t\t<div class=\"elementor-widget-container\">\n\t\t\t\t\t\t\t\t\t<p>Temps de la ruta: 2h 05min<\/p>\t\t\t\t\t\t\t\t<\/div>\n\t\t\t\t<\/div>\n\t\t\t\t\t<\/div>\n\t\t<\/div>\n\t\t\t\t\t<\/div>\n\t\t<\/section>\n\t\t\t\t<div class=\"elementor-element elementor-element-151af6d1 elementor-widget elementor-widget-image\" data-id=\"151af6d1\" data-element_type=\"widget\" data-e-type=\"widget\" data-widget_type=\"image.default\">\n\t\t\t\t<div class=\"elementor-widget-container\">\n\t\t\t\t\t\t\t\t\t\t\t\t<figure class=\"wp-caption\">\n\t\t\t\t\t\t\t\t\t\t<img decoding=\"async\" width=\"768\" height=\"484\" src=\"https:\/\/www.elturistatranquil.com\/wp-content\/uploads\/F02-Ruta-Estanys-de-la-Pera-Google-maps-2018-03-30-F-768x484.jpg\" class=\"attachment-medium_large size-medium_large wp-image-2914\" alt=\"\" srcset=\"https:\/\/www.elturistatranquil.com\/wp-content\/uploads\/F02-Ruta-Estanys-de-la-Pera-Google-maps-2018-03-30-F-768x484.jpg 768w, https:\/\/www.elturistatranquil.com\/wp-content\/uploads\/F02-Ruta-Estanys-de-la-Pera-Google-maps-2018-03-30-F.jpg 800w\" sizes=\"(max-width: 768px) 100vw, 768px\" \/>\t\t\t\t\t\t\t\t\t\t\t<figcaption class=\"widget-image-caption wp-caption-text\">Pl\u00e0nol del recorregut(Google maps 2018-03-31)<\/figcaption>\n\t\t\t\t\t\t\t\t\t\t<\/figure>\n\t\t\t\t\t\t\t\t\t<\/div>\n\t\t\t\t<\/div>\n\t\t\t\t<div class=\"elementor-element elementor-element-31509529 elementor-widget elementor-widget-spacer\" data-id=\"31509529\" data-element_type=\"widget\" data-e-type=\"widget\" data-widget_type=\"spacer.default\">\n\t\t\t\t<div class=\"elementor-widget-container\">\n\t\t\t\t\t\t\t<div class=\"elementor-spacer\">\n\t\t\t<div class=\"elementor-spacer-inner\"><\/div>\n\t\t<\/div>\n\t\t\t\t\t\t<\/div>\n\t\t\t\t<\/div>\n\t\t\t\t<div class=\"elementor-element elementor-element-26689e13 elementor-widget elementor-widget-menu-anchor\" data-id=\"26689e13\" data-element_type=\"widget\" data-e-type=\"widget\" data-widget_type=\"menu-anchor.default\">\n\t\t\t\t<div class=\"elementor-widget-container\">\n\t\t\t\t\t\t\t<div class=\"elementor-menu-anchor\" id=\"a0101-EnlaceaunpuntodentrodelPost\"><\/div>\n\t\t\t\t\t\t<\/div>\n\t\t\t\t<\/div>\n\t\t\t\t<div class=\"elementor-element elementor-element-3070fe96 elementor-widget elementor-widget-heading\" data-id=\"3070fe96\" data-element_type=\"widget\" data-e-type=\"widget\" data-widget_type=\"heading.default\">\n\t\t\t\t<div class=\"elementor-widget-container\">\n\t\t\t\t\t<h2 class=\"elementor-heading-title elementor-size-default\">Estanys de la Pera <\/h2>\t\t\t\t<\/div>\n\t\t\t\t<\/div>\n\t\t\t\t<div class=\"elementor-element elementor-element-9e9a3e9 elementor-widget elementor-widget-text-editor\" data-id=\"9e9a3e9\" data-element_type=\"widget\" data-e-type=\"widget\" data-widget_type=\"text-editor.default\">\n\t\t\t\t<div class=\"elementor-widget-container\">\n\t\t\t\t\t\t\t\t\t<p>Enlla\u00e7 amb el Post: <a href=\"https:\/\/www.elturistatranquil.com\/ca\/la-fonda-de-cal-fuxet-la-cerdanya\/\" target=\"_blank\" rel=\"noopener\"><strong>La Fonda de Cal Fuxet<\/strong><\/a><\/p>\t\t\t\t\t\t\t\t<\/div>\n\t\t\t\t<\/div>\n\t\t\t\t<div class=\"elementor-element elementor-element-8dbf260 elementor-widget elementor-widget-text-editor\" data-id=\"8dbf260\" data-element_type=\"widget\" data-e-type=\"widget\" data-widget_type=\"text-editor.default\">\n\t\t\t\t<div class=\"elementor-widget-container\">\n\t\t\t\t\t\t\t\t\t<p>Aquesta ruta per la cara sud del Pirineu, fins a tocar la frontera d\u2019<em>Andorra<\/em>, ens va ocupar 2h 05min (temps fotogr\u00e0fic de difer\u00e8ncia entre l\u2019hora de la primera foto a la sortida i la darrera a l\u2019arribada).<\/p><p>L\u2019arribada en cotxe fins al <em>Refugi de Font de les Pollineres<\/em>, amb un ampli espai per aparcament, la v\u00e0rem fer per carretera asfaltada des de <em>Martinet<\/em> fins <em>Aransa<\/em> i l\u2019<em>Estaci\u00f3 d\u2019esqu\u00ed n\u00f2rdic d\u2019Aransa<\/em>. Des d\u2019aquest punt seguint per un cam\u00ed de ferradura, per\u00f2 m\u00e9s o menys transitable amb cotxe \u201cnormal\u201d, fins al <em>Refugi<\/em>, a uns 5 km.<\/p><p>Es una ruta practicable per fer senderisme fora de temporada de neu. Amb neu \u00e9s una zona per practicar esqu\u00ed n\u00f2rdic, o de fons, a partir de l\u2019<em>Estaci\u00f3 d\u2019esqu\u00ed<\/em>.<\/p><p>L\u2019objectiu era arribar al <em>Refugi dels Estanys de la Pera<\/em> (2.357 m) i rec\u00f3rrer els dos estanys. Primer l\u2019<em>Estany petit<\/em> i, m\u00e9s amunt, l\u2019<em>Estany gran<\/em> (2.310 m).<\/p><p>Els <em>Estanys<\/em> ocupen la conca lacustre d\u2019un circ d\u2019origen glacial. A la foto de cap\u00e7alera es por veure perfectament el circ glacial en el que es troben els Estanys. El circ el formen, de sud-oest a est, la <em>Serra d&#8217;Airosa<\/em>, el <em>Pic de Monturull<\/em>, <em>Pic de Perafita<\/em> i la <em>Serra de Sirvent<\/em> i fa frontera amb el principat d&#8217;Andorra. Les formes s\u00f3n arrodonides, denotant l&#8217;erosi\u00f3 per les geleres quatern\u00e0ries, ja desaparegudes de la zona.<\/p><p>Els materials geol\u00f2gics s\u00f3n roques gran\u00edtiques i metam\u00f2rfiques, menys el <em>Pic de Monturull<\/em> que est\u00e0 format per esquistos vermellosos.<\/p><p>Els <em>Estanys<\/em> estan alimentats per un rierol que prov\u00e9 de muntanya amunt. L\u2019<em>Estany petit<\/em> s\u2019alimenta del gran. Aquest i d\u2019altres rierols alimenten el <em>riu Mol\u00ed<\/em> conformant la <em>Vall del riu Mol\u00ed<\/em>.<\/p><p>Pel que fa al <a href=\"http:\/\/ferranalexandri.blogspot.com.es\/2012\/10\/els-noms-de-la-pera-la-muntanya-estanys.html\" target=\"_blank\" rel=\"noopener\">nom<\/a>, diuen que <em>Pera<\/em> ve del llat\u00ed <em>Petra<\/em> i significa pedra, roca.<\/p><p>A l\u2019arribada a l\u2019aparcament al <em>Refugi de Font de les Pollineres<\/em> ens rep un petit estany.<\/p>\t\t\t\t\t\t\t\t<\/div>\n\t\t\t\t<\/div>\n\t\t\t\t<div class=\"elementor-element elementor-element-3987aec0 elementor-widget elementor-widget-image\" data-id=\"3987aec0\" data-element_type=\"widget\" data-e-type=\"widget\" data-widget_type=\"image.default\">\n\t\t\t\t<div class=\"elementor-widget-container\">\n\t\t\t\t\t\t\t\t\t\t\t\t\t\t\t<img decoding=\"async\" width=\"800\" height=\"533\" src=\"https:\/\/www.elturistatranquil.com\/wp-content\/uploads\/F03-Estanys-de-la-Pera-Refugi-de-Font-de-les-Pollineres.jpg\" class=\"attachment-large size-large wp-image-2916\" alt=\"Estanys de la Pera\" srcset=\"https:\/\/www.elturistatranquil.com\/wp-content\/uploads\/F03-Estanys-de-la-Pera-Refugi-de-Font-de-les-Pollineres.jpg 800w, https:\/\/www.elturistatranquil.com\/wp-content\/uploads\/F03-Estanys-de-la-Pera-Refugi-de-Font-de-les-Pollineres-768x512.jpg 768w\" sizes=\"(max-width: 800px) 100vw, 800px\" \/>\t\t\t\t\t\t\t\t\t\t\t\t\t\t\t<\/div>\n\t\t\t\t<\/div>\n\t\t\t\t<div class=\"elementor-element elementor-element-59c7d3c9 elementor-widget elementor-widget-text-editor\" data-id=\"59c7d3c9\" data-element_type=\"widget\" data-e-type=\"widget\" data-widget_type=\"text-editor.default\">\n\t\t\t\t<div class=\"elementor-widget-container\">\n\t\t\t\t\t\t\t\t\t<p>Al fons de l\u2019estany comen\u00e7a l\u2019ascens. Hem de seguir el rierol amunt que ens portar\u00e0 als <em>Estanys<\/em>.<\/p><p>En aquest punt comen\u00e7a una pista que porta fins al <em>Refugi dels Estanys de la Pera<\/em> i que, com \u00e9s l\u00f2gic, est\u00e0 plena de revolts. La nostra ruta combinar\u00e0 trossos de la pista amb dreceres pel bosc per evitar el llarg recorregut de les corbes.<\/p>\t\t\t\t\t\t\t\t<\/div>\n\t\t\t\t<\/div>\n\t\t\t\t<div class=\"elementor-element elementor-element-380db825 elementor-widget elementor-widget-image\" data-id=\"380db825\" data-element_type=\"widget\" data-e-type=\"widget\" data-widget_type=\"image.default\">\n\t\t\t\t<div class=\"elementor-widget-container\">\n\t\t\t\t\t\t\t\t\t\t\t\t\t\t\t<img loading=\"lazy\" decoding=\"async\" width=\"800\" height=\"533\" src=\"https:\/\/www.elturistatranquil.com\/wp-content\/uploads\/F04-Ruta-Estanys-de-la-Pera.jpg\" class=\"attachment-large size-large wp-image-2917\" alt=\"\" srcset=\"https:\/\/www.elturistatranquil.com\/wp-content\/uploads\/F04-Ruta-Estanys-de-la-Pera.jpg 800w, https:\/\/www.elturistatranquil.com\/wp-content\/uploads\/F04-Ruta-Estanys-de-la-Pera-768x512.jpg 768w\" sizes=\"(max-width: 800px) 100vw, 800px\" \/>\t\t\t\t\t\t\t\t\t\t\t\t\t\t\t<\/div>\n\t\t\t\t<\/div>\n\t\t\t\t<div class=\"elementor-element elementor-element-530e7a77 elementor-widget elementor-widget-image\" data-id=\"530e7a77\" data-element_type=\"widget\" data-e-type=\"widget\" data-widget_type=\"image.default\">\n\t\t\t\t<div class=\"elementor-widget-container\">\n\t\t\t\t\t\t\t\t\t\t\t\t\t\t\t<img loading=\"lazy\" decoding=\"async\" width=\"800\" height=\"533\" src=\"https:\/\/www.elturistatranquil.com\/wp-content\/uploads\/F05-Ruta-Estanys-de-la-Pera.jpg\" class=\"attachment-large size-large wp-image-2918\" alt=\"Ruta Estanys de la Pera\" srcset=\"https:\/\/www.elturistatranquil.com\/wp-content\/uploads\/F05-Ruta-Estanys-de-la-Pera.jpg 800w, https:\/\/www.elturistatranquil.com\/wp-content\/uploads\/F05-Ruta-Estanys-de-la-Pera-768x512.jpg 768w\" sizes=\"(max-width: 800px) 100vw, 800px\" \/>\t\t\t\t\t\t\t\t\t\t\t\t\t\t\t<\/div>\n\t\t\t\t<\/div>\n\t\t\t\t<div class=\"elementor-element elementor-element-52364a71 elementor-widget elementor-widget-image\" data-id=\"52364a71\" data-element_type=\"widget\" data-e-type=\"widget\" data-widget_type=\"image.default\">\n\t\t\t\t<div class=\"elementor-widget-container\">\n\t\t\t\t\t\t\t\t\t\t\t\t\t\t\t<img loading=\"lazy\" decoding=\"async\" width=\"800\" height=\"533\" src=\"https:\/\/www.elturistatranquil.com\/wp-content\/uploads\/F06-Ruta-Estanys-de-la-Pera.jpg\" class=\"attachment-large size-large wp-image-2919\" alt=\"\" srcset=\"https:\/\/www.elturistatranquil.com\/wp-content\/uploads\/F06-Ruta-Estanys-de-la-Pera.jpg 800w, https:\/\/www.elturistatranquil.com\/wp-content\/uploads\/F06-Ruta-Estanys-de-la-Pera-768x512.jpg 768w\" sizes=\"(max-width: 800px) 100vw, 800px\" \/>\t\t\t\t\t\t\t\t\t\t\t\t\t\t\t<\/div>\n\t\t\t\t<\/div>\n\t\t\t\t<div class=\"elementor-element elementor-element-4d038a02 elementor-widget elementor-widget-text-editor\" data-id=\"4d038a02\" data-element_type=\"widget\" data-e-type=\"widget\" data-widget_type=\"text-editor.default\">\n\t\t\t\t<div class=\"elementor-widget-container\">\n\t\t\t\t\t\t\t\t\t<p>Anem sortejant el rierol.<\/p>\t\t\t\t\t\t\t\t<\/div>\n\t\t\t\t<\/div>\n\t\t\t\t<div class=\"elementor-element elementor-element-1c76cb41 elementor-widget elementor-widget-image\" data-id=\"1c76cb41\" data-element_type=\"widget\" data-e-type=\"widget\" data-widget_type=\"image.default\">\n\t\t\t\t<div class=\"elementor-widget-container\">\n\t\t\t\t\t\t\t\t\t\t\t\t\t\t\t<img loading=\"lazy\" decoding=\"async\" width=\"800\" height=\"533\" src=\"https:\/\/www.elturistatranquil.com\/wp-content\/uploads\/F07-Ruta-Estanys-de-la-Pera.jpg\" class=\"attachment-large size-large wp-image-2920\" alt=\"Ruta Estanys de la Pera\" srcset=\"https:\/\/www.elturistatranquil.com\/wp-content\/uploads\/F07-Ruta-Estanys-de-la-Pera.jpg 800w, https:\/\/www.elturistatranquil.com\/wp-content\/uploads\/F07-Ruta-Estanys-de-la-Pera-768x512.jpg 768w\" sizes=\"(max-width: 800px) 100vw, 800px\" \/>\t\t\t\t\t\t\t\t\t\t\t\t\t\t\t<\/div>\n\t\t\t\t<\/div>\n\t\t\t\t<div class=\"elementor-element elementor-element-180e654f elementor-widget elementor-widget-image\" data-id=\"180e654f\" data-element_type=\"widget\" data-e-type=\"widget\" data-widget_type=\"image.default\">\n\t\t\t\t<div class=\"elementor-widget-container\">\n\t\t\t\t\t\t\t\t\t\t\t\t\t\t\t<img loading=\"lazy\" decoding=\"async\" width=\"800\" height=\"533\" src=\"https:\/\/www.elturistatranquil.com\/wp-content\/uploads\/F08-Ruta-Estanys-de-la-Pera.jpg\" class=\"attachment-large size-large wp-image-2921\" alt=\"\" srcset=\"https:\/\/www.elturistatranquil.com\/wp-content\/uploads\/F08-Ruta-Estanys-de-la-Pera.jpg 800w, https:\/\/www.elturistatranquil.com\/wp-content\/uploads\/F08-Ruta-Estanys-de-la-Pera-768x512.jpg 768w\" sizes=\"(max-width: 800px) 100vw, 800px\" \/>\t\t\t\t\t\t\t\t\t\t\t\t\t\t\t<\/div>\n\t\t\t\t<\/div>\n\t\t\t\t<div class=\"elementor-element elementor-element-6a7fd740 elementor-widget elementor-widget-text-editor\" data-id=\"6a7fd740\" data-element_type=\"widget\" data-e-type=\"widget\" data-widget_type=\"text-editor.default\">\n\t\t\t\t<div class=\"elementor-widget-container\">\n\t\t\t\t\t\t\t\t\t<p class=\"MsoNormal\"><span lang=\"CA\">Comencem a veure els l\u00edmit del <i>Pi negre<\/i> (<i>Pinus uncinata<\/i>).<\/span><\/p>\t\t\t\t\t\t\t\t<\/div>\n\t\t\t\t<\/div>\n\t\t\t\t<div class=\"elementor-element elementor-element-7d8989c3 elementor-widget elementor-widget-image\" data-id=\"7d8989c3\" data-element_type=\"widget\" data-e-type=\"widget\" data-widget_type=\"image.default\">\n\t\t\t\t<div class=\"elementor-widget-container\">\n\t\t\t\t\t\t\t\t\t\t\t\t\t\t\t<img loading=\"lazy\" decoding=\"async\" width=\"800\" height=\"533\" src=\"https:\/\/www.elturistatranquil.com\/wp-content\/uploads\/F09-Ruta-Estanys-de-la-Pera.jpg\" class=\"attachment-large size-large wp-image-2922\" alt=\"Ruta Estanys de la Pera\" srcset=\"https:\/\/www.elturistatranquil.com\/wp-content\/uploads\/F09-Ruta-Estanys-de-la-Pera.jpg 800w, https:\/\/www.elturistatranquil.com\/wp-content\/uploads\/F09-Ruta-Estanys-de-la-Pera-768x512.jpg 768w\" sizes=\"(max-width: 800px) 100vw, 800px\" \/>\t\t\t\t\t\t\t\t\t\t\t\t\t\t\t<\/div>\n\t\t\t\t<\/div>\n\t\t\t\t<div class=\"elementor-element elementor-element-56acb0ac elementor-widget elementor-widget-image\" data-id=\"56acb0ac\" data-element_type=\"widget\" data-e-type=\"widget\" data-widget_type=\"image.default\">\n\t\t\t\t<div class=\"elementor-widget-container\">\n\t\t\t\t\t\t\t\t\t\t\t\t\t\t\t<img loading=\"lazy\" decoding=\"async\" width=\"800\" height=\"533\" src=\"https:\/\/www.elturistatranquil.com\/wp-content\/uploads\/F10-Ruta-Estanys-de-la-Pera.jpg\" class=\"attachment-large size-large wp-image-2923\" alt=\"\" srcset=\"https:\/\/www.elturistatranquil.com\/wp-content\/uploads\/F10-Ruta-Estanys-de-la-Pera.jpg 800w, https:\/\/www.elturistatranquil.com\/wp-content\/uploads\/F10-Ruta-Estanys-de-la-Pera-768x512.jpg 768w\" sizes=\"(max-width: 800px) 100vw, 800px\" \/>\t\t\t\t\t\t\t\t\t\t\t\t\t\t\t<\/div>\n\t\t\t\t<\/div>\n\t\t\t\t<div class=\"elementor-element elementor-element-62876292 elementor-widget elementor-widget-text-editor\" data-id=\"62876292\" data-element_type=\"widget\" data-e-type=\"widget\" data-widget_type=\"text-editor.default\">\n\t\t\t\t<div class=\"elementor-widget-container\">\n\t\t\t\t\t\t\t\t\t<p>Una mica m\u00e9s, i arribarem a l\u2019<em>Estany petit<\/em>.<\/p>\t\t\t\t\t\t\t\t<\/div>\n\t\t\t\t<\/div>\n\t\t\t\t<div class=\"elementor-element elementor-element-41497a31 elementor-widget elementor-widget-image\" data-id=\"41497a31\" data-element_type=\"widget\" data-e-type=\"widget\" data-widget_type=\"image.default\">\n\t\t\t\t<div class=\"elementor-widget-container\">\n\t\t\t\t\t\t\t\t\t\t\t\t\t\t\t<img loading=\"lazy\" decoding=\"async\" width=\"800\" height=\"533\" src=\"https:\/\/www.elturistatranquil.com\/wp-content\/uploads\/F11-Ruta-Estanys-de-la-Pera.jpg\" class=\"attachment-large size-large wp-image-2936\" alt=\"Ruta Estanys de la Pera\" srcset=\"https:\/\/www.elturistatranquil.com\/wp-content\/uploads\/F11-Ruta-Estanys-de-la-Pera.jpg 800w, https:\/\/www.elturistatranquil.com\/wp-content\/uploads\/F11-Ruta-Estanys-de-la-Pera-768x512.jpg 768w\" sizes=\"(max-width: 800px) 100vw, 800px\" \/>\t\t\t\t\t\t\t\t\t\t\t\t\t\t\t<\/div>\n\t\t\t\t<\/div>\n\t\t\t\t<div class=\"elementor-element elementor-element-44a9919f elementor-widget elementor-widget-image\" data-id=\"44a9919f\" data-element_type=\"widget\" data-e-type=\"widget\" data-widget_type=\"image.default\">\n\t\t\t\t<div class=\"elementor-widget-container\">\n\t\t\t\t\t\t\t\t\t\t\t\t\t\t\t<img loading=\"lazy\" decoding=\"async\" width=\"800\" height=\"533\" src=\"https:\/\/www.elturistatranquil.com\/wp-content\/uploads\/F12-Estanys-de-la-Pera-Estany-petit.jpg\" class=\"attachment-large size-large wp-image-2937\" alt=\"\" srcset=\"https:\/\/www.elturistatranquil.com\/wp-content\/uploads\/F12-Estanys-de-la-Pera-Estany-petit.jpg 800w, https:\/\/www.elturistatranquil.com\/wp-content\/uploads\/F12-Estanys-de-la-Pera-Estany-petit-768x512.jpg 768w\" sizes=\"(max-width: 800px) 100vw, 800px\" \/>\t\t\t\t\t\t\t\t\t\t\t\t\t\t\t<\/div>\n\t\t\t\t<\/div>\n\t\t\t\t<div class=\"elementor-element elementor-element-a3f95cc elementor-widget elementor-widget-text-editor\" data-id=\"a3f95cc\" data-element_type=\"widget\" data-e-type=\"widget\" data-widget_type=\"text-editor.default\">\n\t\t\t\t<div class=\"elementor-widget-container\">\n\t\t\t\t\t\t\t\t\t<p>Uns simp\u00e0tics \u00e0necs ens esperen.<\/p>\t\t\t\t\t\t\t\t<\/div>\n\t\t\t\t<\/div>\n\t\t\t\t<div class=\"elementor-element elementor-element-4bc794cd elementor-widget elementor-widget-image\" data-id=\"4bc794cd\" data-element_type=\"widget\" data-e-type=\"widget\" data-widget_type=\"image.default\">\n\t\t\t\t<div class=\"elementor-widget-container\">\n\t\t\t\t\t\t\t\t\t\t\t\t\t\t\t<img loading=\"lazy\" decoding=\"async\" width=\"800\" height=\"533\" src=\"https:\/\/www.elturistatranquil.com\/wp-content\/uploads\/F13-Estanys-de-la-Pera-Estany-petit.jpg\" class=\"attachment-large size-large wp-image-2938\" alt=\"Estanys de la Pera petit\" srcset=\"https:\/\/www.elturistatranquil.com\/wp-content\/uploads\/F13-Estanys-de-la-Pera-Estany-petit.jpg 800w, https:\/\/www.elturistatranquil.com\/wp-content\/uploads\/F13-Estanys-de-la-Pera-Estany-petit-768x512.jpg 768w\" sizes=\"(max-width: 800px) 100vw, 800px\" \/>\t\t\t\t\t\t\t\t\t\t\t\t\t\t\t<\/div>\n\t\t\t\t<\/div>\n\t\t\t\t<div class=\"elementor-element elementor-element-1622f210 elementor-widget elementor-widget-image\" data-id=\"1622f210\" data-element_type=\"widget\" data-e-type=\"widget\" data-widget_type=\"image.default\">\n\t\t\t\t<div class=\"elementor-widget-container\">\n\t\t\t\t\t\t\t\t\t\t\t\t\t\t\t<img loading=\"lazy\" decoding=\"async\" width=\"800\" height=\"533\" src=\"https:\/\/www.elturistatranquil.com\/wp-content\/uploads\/F14-Estanys-de-la-Pera-Estany-petit.jpg\" class=\"attachment-large size-large wp-image-2939\" alt=\"\" srcset=\"https:\/\/www.elturistatranquil.com\/wp-content\/uploads\/F14-Estanys-de-la-Pera-Estany-petit.jpg 800w, https:\/\/www.elturistatranquil.com\/wp-content\/uploads\/F14-Estanys-de-la-Pera-Estany-petit-768x512.jpg 768w\" sizes=\"(max-width: 800px) 100vw, 800px\" \/>\t\t\t\t\t\t\t\t\t\t\t\t\t\t\t<\/div>\n\t\t\t\t<\/div>\n\t\t\t\t<div class=\"elementor-element elementor-element-24965c27 elementor-widget elementor-widget-text-editor\" data-id=\"24965c27\" data-element_type=\"widget\" data-e-type=\"widget\" data-widget_type=\"text-editor.default\">\n\t\t\t\t<div class=\"elementor-widget-container\">\n\t\t\t\t\t\t\t\t\t<p>Al fons el <em>Pic de Perafita<\/em> ( 2.752 m) des de l\u2019<em>Estany petit<\/em>. A la plataforma superior es troba l\u2019<em>Estany gran<\/em>.<\/p>\t\t\t\t\t\t\t\t<\/div>\n\t\t\t\t<\/div>\n\t\t\t\t<div class=\"elementor-element elementor-element-34427e7d elementor-widget elementor-widget-image\" data-id=\"34427e7d\" data-element_type=\"widget\" data-e-type=\"widget\" data-widget_type=\"image.default\">\n\t\t\t\t<div class=\"elementor-widget-container\">\n\t\t\t\t\t\t\t\t\t\t\t\t\t\t\t<img loading=\"lazy\" decoding=\"async\" width=\"800\" height=\"533\" src=\"https:\/\/www.elturistatranquil.com\/wp-content\/uploads\/F15-Estanys-de-la-Pera-Estany-petit-Perafita.jpg\" class=\"attachment-large size-large wp-image-2940\" alt=\"\" srcset=\"https:\/\/www.elturistatranquil.com\/wp-content\/uploads\/F15-Estanys-de-la-Pera-Estany-petit-Perafita.jpg 800w, https:\/\/www.elturistatranquil.com\/wp-content\/uploads\/F15-Estanys-de-la-Pera-Estany-petit-Perafita-768x512.jpg 768w\" sizes=\"(max-width: 800px) 100vw, 800px\" \/>\t\t\t\t\t\t\t\t\t\t\t\t\t\t\t<\/div>\n\t\t\t\t<\/div>\n\t\t\t\t<div class=\"elementor-element elementor-element-1c3926b9 elementor-widget elementor-widget-text-editor\" data-id=\"1c3926b9\" data-element_type=\"widget\" data-e-type=\"widget\" data-widget_type=\"text-editor.default\">\n\t\t\t\t<div class=\"elementor-widget-container\">\n\t\t\t\t\t\t\t\t\t<p>Continuem el cam\u00ed vers el <em>Refugi dels Estanys de la Pera<\/em>.<\/p>\t\t\t\t\t\t\t\t<\/div>\n\t\t\t\t<\/div>\n\t\t\t\t<div class=\"elementor-element elementor-element-55833d5e elementor-widget elementor-widget-image\" data-id=\"55833d5e\" data-element_type=\"widget\" data-e-type=\"widget\" data-widget_type=\"image.default\">\n\t\t\t\t<div class=\"elementor-widget-container\">\n\t\t\t\t\t\t\t\t\t\t\t\t\t\t\t<img loading=\"lazy\" decoding=\"async\" width=\"800\" height=\"533\" src=\"https:\/\/www.elturistatranquil.com\/wp-content\/uploads\/F16-Ruta-Estanys-de-la-Pera.jpg\" class=\"attachment-large size-large wp-image-2941\" alt=\"Ruta Estanys de la Pera\" srcset=\"https:\/\/www.elturistatranquil.com\/wp-content\/uploads\/F16-Ruta-Estanys-de-la-Pera.jpg 800w, https:\/\/www.elturistatranquil.com\/wp-content\/uploads\/F16-Ruta-Estanys-de-la-Pera-768x512.jpg 768w\" sizes=\"(max-width: 800px) 100vw, 800px\" \/>\t\t\t\t\t\t\t\t\t\t\t\t\t\t\t<\/div>\n\t\t\t\t<\/div>\n\t\t\t\t<div class=\"elementor-element elementor-element-593910bb elementor-widget elementor-widget-image\" data-id=\"593910bb\" data-element_type=\"widget\" data-e-type=\"widget\" data-widget_type=\"image.default\">\n\t\t\t\t<div class=\"elementor-widget-container\">\n\t\t\t\t\t\t\t\t\t\t\t\t\t\t\t<img loading=\"lazy\" decoding=\"async\" width=\"800\" height=\"533\" src=\"https:\/\/www.elturistatranquil.com\/wp-content\/uploads\/F17-Ruta-Estanys-de-la-Pera.jpg\" class=\"attachment-large size-large wp-image-2942\" alt=\"Ruta Estanys de la Pera\" srcset=\"https:\/\/www.elturistatranquil.com\/wp-content\/uploads\/F17-Ruta-Estanys-de-la-Pera.jpg 800w, https:\/\/www.elturistatranquil.com\/wp-content\/uploads\/F17-Ruta-Estanys-de-la-Pera-768x512.jpg 768w\" sizes=\"(max-width: 800px) 100vw, 800px\" \/>\t\t\t\t\t\t\t\t\t\t\t\t\t\t\t<\/div>\n\t\t\t\t<\/div>\n\t\t\t\t<div class=\"elementor-element elementor-element-a270c87 elementor-widget elementor-widget-text-editor\" data-id=\"a270c87\" data-element_type=\"widget\" data-e-type=\"widget\" data-widget_type=\"text-editor.default\">\n\t\t\t\t<div class=\"elementor-widget-container\">\n\t\t\t\t\t\t\t\t\t<p>Mentre ascendim, girant la vista enrere tenim una panor\u00e0mica de l\u2019<em>Estany petit<\/em>.<\/p>\t\t\t\t\t\t\t\t<\/div>\n\t\t\t\t<\/div>\n\t\t\t\t<div class=\"elementor-element elementor-element-5434d921 elementor-widget elementor-widget-image\" data-id=\"5434d921\" data-element_type=\"widget\" data-e-type=\"widget\" data-widget_type=\"image.default\">\n\t\t\t\t<div class=\"elementor-widget-container\">\n\t\t\t\t\t\t\t\t\t\t\t\t\t\t\t<img loading=\"lazy\" decoding=\"async\" width=\"800\" height=\"533\" src=\"https:\/\/www.elturistatranquil.com\/wp-content\/uploads\/F18-Estanys-de-la-Pera-Estany-petit.jpg\" class=\"attachment-large size-large wp-image-2943\" alt=\"\" srcset=\"https:\/\/www.elturistatranquil.com\/wp-content\/uploads\/F18-Estanys-de-la-Pera-Estany-petit.jpg 800w, https:\/\/www.elturistatranquil.com\/wp-content\/uploads\/F18-Estanys-de-la-Pera-Estany-petit-768x512.jpg 768w\" sizes=\"(max-width: 800px) 100vw, 800px\" \/>\t\t\t\t\t\t\t\t\t\t\t\t\t\t\t<\/div>\n\t\t\t\t<\/div>\n\t\t\t\t<div class=\"elementor-element elementor-element-2aeeec99 elementor-widget elementor-widget-text-editor\" data-id=\"2aeeec99\" data-element_type=\"widget\" data-e-type=\"widget\" data-widget_type=\"text-editor.default\">\n\t\t\t\t<div class=\"elementor-widget-container\">\n\t\t\t\t\t\t\t\t\t<p class=\"MsoNormal\">La <i>Serra d&#8217;Airosa<\/i> inicia el circ glacial pel sud-oest<\/p>\t\t\t\t\t\t\t\t<\/div>\n\t\t\t\t<\/div>\n\t\t\t\t<div class=\"elementor-element elementor-element-3ff0fa29 elementor-widget elementor-widget-image\" data-id=\"3ff0fa29\" data-element_type=\"widget\" data-e-type=\"widget\" data-widget_type=\"image.default\">\n\t\t\t\t<div class=\"elementor-widget-container\">\n\t\t\t\t\t\t\t\t\t\t\t\t\t\t\t<img loading=\"lazy\" decoding=\"async\" width=\"800\" height=\"533\" src=\"https:\/\/www.elturistatranquil.com\/wp-content\/uploads\/F19-Estanys-de-la-Pera-Estany-petit-Monturull.jpg\" class=\"attachment-large size-large wp-image-2944\" alt=\"Estanys de la Pera Serra d&#039;Airosa\" srcset=\"https:\/\/www.elturistatranquil.com\/wp-content\/uploads\/F19-Estanys-de-la-Pera-Estany-petit-Monturull.jpg 800w, https:\/\/www.elturistatranquil.com\/wp-content\/uploads\/F19-Estanys-de-la-Pera-Estany-petit-Monturull-768x512.jpg 768w\" sizes=\"(max-width: 800px) 100vw, 800px\" \/>\t\t\t\t\t\t\t\t\t\t\t\t\t\t\t<\/div>\n\t\t\t\t<\/div>\n\t\t\t\t<div class=\"elementor-element elementor-element-10a90558 elementor-widget elementor-widget-text-editor\" data-id=\"10a90558\" data-element_type=\"widget\" data-e-type=\"widget\" data-widget_type=\"text-editor.default\">\n\t\t\t\t<div class=\"elementor-widget-container\">\n\t\t\t\t\t\t\t\t\t<p>A l\u2019\u00faltim revolt del cam\u00ed del refugi, a la nostra esquena s\u2019al\u00e7a el <em>Pic de Perafita<\/em> (2.752 m).<\/p>\t\t\t\t\t\t\t\t<\/div>\n\t\t\t\t<\/div>\n\t\t\t\t<div class=\"elementor-element elementor-element-499d97e8 elementor-widget elementor-widget-image\" data-id=\"499d97e8\" data-element_type=\"widget\" data-e-type=\"widget\" data-widget_type=\"image.default\">\n\t\t\t\t<div class=\"elementor-widget-container\">\n\t\t\t\t\t\t\t\t\t\t\t\t\t\t\t<img loading=\"lazy\" decoding=\"async\" width=\"800\" height=\"533\" src=\"https:\/\/www.elturistatranquil.com\/wp-content\/uploads\/F20-165-167-Perafita-FF.jpg\" class=\"attachment-large size-large wp-image-2945\" alt=\"\" srcset=\"https:\/\/www.elturistatranquil.com\/wp-content\/uploads\/F20-165-167-Perafita-FF.jpg 800w, https:\/\/www.elturistatranquil.com\/wp-content\/uploads\/F20-165-167-Perafita-FF-768x512.jpg 768w\" sizes=\"(max-width: 800px) 100vw, 800px\" \/>\t\t\t\t\t\t\t\t\t\t\t\t\t\t\t<\/div>\n\t\t\t\t<\/div>\n\t\t\t\t<div class=\"elementor-element elementor-element-65fa9e51 elementor-widget elementor-widget-text-editor\" data-id=\"65fa9e51\" data-element_type=\"widget\" data-e-type=\"widget\" data-widget_type=\"text-editor.default\">\n\t\t\t\t<div class=\"elementor-widget-container\">\n\t\t\t\t\t\t\t\t\t<p>I davant el <em>Refugi<\/em>. Hem arribat tamb\u00e9 a estrat superior del domini del Pi negre. En aquests paratges, els prats d&#8217;alta muntanya proporcionen pastures a l&#8217;estiu.<\/p>\t\t\t\t\t\t\t\t<\/div>\n\t\t\t\t<\/div>\n\t\t\t\t<div class=\"elementor-element elementor-element-62115198 elementor-widget elementor-widget-image\" data-id=\"62115198\" data-element_type=\"widget\" data-e-type=\"widget\" data-widget_type=\"image.default\">\n\t\t\t\t<div class=\"elementor-widget-container\">\n\t\t\t\t\t\t\t\t\t\t\t\t\t\t\t<img loading=\"lazy\" decoding=\"async\" width=\"800\" height=\"533\" src=\"https:\/\/www.elturistatranquil.com\/wp-content\/uploads\/F21-Refugi-dels-Estanys-de-la-Pera.jpg\" class=\"attachment-large size-large wp-image-2946\" alt=\"Refugi dels Estanys de la Pera\" srcset=\"https:\/\/www.elturistatranquil.com\/wp-content\/uploads\/F21-Refugi-dels-Estanys-de-la-Pera.jpg 800w, https:\/\/www.elturistatranquil.com\/wp-content\/uploads\/F21-Refugi-dels-Estanys-de-la-Pera-768x512.jpg 768w\" sizes=\"(max-width: 800px) 100vw, 800px\" \/>\t\t\t\t\t\t\t\t\t\t\t\t\t\t\t<\/div>\n\t\t\t\t<\/div>\n\t\t\t\t<div class=\"elementor-element elementor-element-1de9b59c elementor-widget elementor-widget-text-editor\" data-id=\"1de9b59c\" data-element_type=\"widget\" data-e-type=\"widget\" data-widget_type=\"text-editor.default\">\n\t\t\t\t<div class=\"elementor-widget-container\">\n\t\t\t\t\t\t\t\t\t<p>Des del <em>Refugi dels Estanys de la Pera<\/em> s\u2019obre una panor\u00e0mica sobre la <em>Vall del Riu Moli<\/em> amb la <em>Serra del Cad\u00ed<\/em> al fons, dissimulada pels n\u00favols.<\/p>\t\t\t\t\t\t\t\t<\/div>\n\t\t\t\t<\/div>\n\t\t\t\t<div class=\"elementor-element elementor-element-35bcd385 elementor-widget elementor-widget-image\" data-id=\"35bcd385\" data-element_type=\"widget\" data-e-type=\"widget\" data-widget_type=\"image.default\">\n\t\t\t\t<div class=\"elementor-widget-container\">\n\t\t\t\t\t\t\t\t\t\t\t\t\t\t\t<img loading=\"lazy\" decoding=\"async\" width=\"800\" height=\"533\" src=\"https:\/\/www.elturistatranquil.com\/wp-content\/uploads\/F22-Refugi-dels-Estanys-de-la-Pera-Vall-del-riu-Mol\u00ed.jpg\" class=\"attachment-large size-large wp-image-2947\" alt=\"\" srcset=\"https:\/\/www.elturistatranquil.com\/wp-content\/uploads\/F22-Refugi-dels-Estanys-de-la-Pera-Vall-del-riu-Mol\u00ed.jpg 800w, https:\/\/www.elturistatranquil.com\/wp-content\/uploads\/F22-Refugi-dels-Estanys-de-la-Pera-Vall-del-riu-Mol\u00ed-768x512.jpg 768w\" sizes=\"(max-width: 800px) 100vw, 800px\" \/>\t\t\t\t\t\t\t\t\t\t\t\t\t\t\t<\/div>\n\t\t\t\t<\/div>\n\t\t\t\t<div class=\"elementor-element elementor-element-6ce126e6 elementor-widget elementor-widget-text-editor\" data-id=\"6ce126e6\" data-element_type=\"widget\" data-e-type=\"widget\" data-widget_type=\"text-editor.default\">\n\t\t\t\t<div class=\"elementor-widget-container\">\n\t\t\t\t\t\t\t\t\t<p>Despr\u00e8s de contemplar el paisatge des d\u2019aquest punt privilegiat, retornem per una drecera per sobre del cam\u00ed d\u2019arribada. Perdrem la vista de l\u2019<em>Estany petit<\/em>&#8230;<\/p>\t\t\t\t\t\t\t\t<\/div>\n\t\t\t\t<\/div>\n\t\t\t\t<div class=\"elementor-element elementor-element-74abd8ea elementor-widget elementor-widget-image\" data-id=\"74abd8ea\" data-element_type=\"widget\" data-e-type=\"widget\" data-widget_type=\"image.default\">\n\t\t\t\t<div class=\"elementor-widget-container\">\n\t\t\t\t\t\t\t\t\t\t\t\t\t\t\t<img loading=\"lazy\" decoding=\"async\" width=\"800\" height=\"533\" src=\"https:\/\/www.elturistatranquil.com\/wp-content\/uploads\/F23-Estanys-de-la-Pera-Estany-petit.jpg\" class=\"attachment-large size-large wp-image-2948\" alt=\"Estanys de la Pera petit\" srcset=\"https:\/\/www.elturistatranquil.com\/wp-content\/uploads\/F23-Estanys-de-la-Pera-Estany-petit.jpg 800w, https:\/\/www.elturistatranquil.com\/wp-content\/uploads\/F23-Estanys-de-la-Pera-Estany-petit-768x512.jpg 768w\" sizes=\"(max-width: 800px) 100vw, 800px\" \/>\t\t\t\t\t\t\t\t\t\t\t\t\t\t\t<\/div>\n\t\t\t\t<\/div>\n\t\t\t\t<div class=\"elementor-element elementor-element-56c3c5e9 elementor-widget elementor-widget-text-editor\" data-id=\"56c3c5e9\" data-element_type=\"widget\" data-e-type=\"widget\" data-widget_type=\"text-editor.default\">\n\t\t\t\t<div class=\"elementor-widget-container\">\n\t\t\t\t\t\t\t\t\t<p>&#8230;.per albirar l\u2019<em>Estany gran<\/em>.\u00a0\u00c9s un estany\u00a0<a href=\"http:\/\/agricultura.gencat.cat\/web\/.content\/mn_medi_natural\/mn14_inventari_zones_humides\/documents\/segre\/fitxers_estatics\/18001505_estany_pera.pdf\" target=\"_blank\" rel=\"noopener\">relativament petit<\/a>\u00a0amb 2,4 ha i 6,3 m de fondaria m\u00e0xima.<\/p>\t\t\t\t\t\t\t\t<\/div>\n\t\t\t\t<\/div>\n\t\t\t\t<div class=\"elementor-element elementor-element-2dfb62d8 elementor-widget elementor-widget-image\" data-id=\"2dfb62d8\" data-element_type=\"widget\" data-e-type=\"widget\" data-widget_type=\"image.default\">\n\t\t\t\t<div class=\"elementor-widget-container\">\n\t\t\t\t\t\t\t\t\t\t\t\t\t\t\t<img loading=\"lazy\" decoding=\"async\" width=\"800\" height=\"533\" src=\"https:\/\/www.elturistatranquil.com\/wp-content\/uploads\/F24-Estanys-de-la-Pera-Estany-gran.jpg\" class=\"attachment-large size-large wp-image-2949\" alt=\"Estanys de la Pera gran\" srcset=\"https:\/\/www.elturistatranquil.com\/wp-content\/uploads\/F24-Estanys-de-la-Pera-Estany-gran.jpg 800w, https:\/\/www.elturistatranquil.com\/wp-content\/uploads\/F24-Estanys-de-la-Pera-Estany-gran-768x512.jpg 768w\" sizes=\"(max-width: 800px) 100vw, 800px\" \/>\t\t\t\t\t\t\t\t\t\t\t\t\t\t\t<\/div>\n\t\t\t\t<\/div>\n\t\t\t\t<div class=\"elementor-element elementor-element-cef2797 elementor-widget elementor-widget-image\" data-id=\"cef2797\" data-element_type=\"widget\" data-e-type=\"widget\" data-widget_type=\"image.default\">\n\t\t\t\t<div class=\"elementor-widget-container\">\n\t\t\t\t\t\t\t\t\t\t\t\t\t\t\t<img loading=\"lazy\" decoding=\"async\" width=\"800\" height=\"533\" src=\"https:\/\/www.elturistatranquil.com\/wp-content\/uploads\/F25-Estanys-de-la-Pera-Estany-gran.jpg\" class=\"attachment-large size-large wp-image-2950\" alt=\"\" srcset=\"https:\/\/www.elturistatranquil.com\/wp-content\/uploads\/F25-Estanys-de-la-Pera-Estany-gran.jpg 800w, https:\/\/www.elturistatranquil.com\/wp-content\/uploads\/F25-Estanys-de-la-Pera-Estany-gran-768x512.jpg 768w\" sizes=\"(max-width: 800px) 100vw, 800px\" \/>\t\t\t\t\t\t\t\t\t\t\t\t\t\t\t<\/div>\n\t\t\t\t<\/div>\n\t\t\t\t<div class=\"elementor-element elementor-element-43714239 elementor-widget elementor-widget-text-editor\" data-id=\"43714239\" data-element_type=\"widget\" data-e-type=\"widget\" data-widget_type=\"text-editor.default\">\n\t\t\t\t<div class=\"elementor-widget-container\">\n\t\t\t\t\t\t\t\t\t<p>El <em>Pic de Monturull<\/em> (2.761 m) remata per la dreta la <em>Serra d&#8217;Airosa<\/em>. Vista en direcci\u00f3 oest.<\/p>\t\t\t\t\t\t\t\t<\/div>\n\t\t\t\t<\/div>\n\t\t\t\t<div class=\"elementor-element elementor-element-7a170e58 elementor-widget elementor-widget-image\" data-id=\"7a170e58\" data-element_type=\"widget\" data-e-type=\"widget\" data-widget_type=\"image.default\">\n\t\t\t\t<div class=\"elementor-widget-container\">\n\t\t\t\t\t\t\t\t\t\t\t\t\t\t\t<img loading=\"lazy\" decoding=\"async\" width=\"800\" height=\"533\" src=\"https:\/\/www.elturistatranquil.com\/wp-content\/uploads\/F26-Estanys-de-la-Pera-Estany-gran-Montorull-al-fons-F.jpg\" class=\"attachment-large size-large wp-image-2951\" alt=\"Estanys de la Pera gran\" srcset=\"https:\/\/www.elturistatranquil.com\/wp-content\/uploads\/F26-Estanys-de-la-Pera-Estany-gran-Montorull-al-fons-F.jpg 800w, https:\/\/www.elturistatranquil.com\/wp-content\/uploads\/F26-Estanys-de-la-Pera-Estany-gran-Montorull-al-fons-F-768x512.jpg 768w\" sizes=\"(max-width: 800px) 100vw, 800px\" \/>\t\t\t\t\t\t\t\t\t\t\t\t\t\t\t<\/div>\n\t\t\t\t<\/div>\n\t\t\t\t<div class=\"elementor-element elementor-element-cf025c7 elementor-widget elementor-widget-text-editor\" data-id=\"cf025c7\" data-element_type=\"widget\" data-e-type=\"widget\" data-widget_type=\"text-editor.default\">\n\t\t\t\t<div class=\"elementor-widget-container\">\n\t\t\t\t\t\t\t\t\t<p>Panor\u00e0mica girant la mirada cap a l\u2019est.<\/p>\t\t\t\t\t\t\t\t<\/div>\n\t\t\t\t<\/div>\n\t\t\t\t<div class=\"elementor-element elementor-element-3ad42ead elementor-widget elementor-widget-image\" data-id=\"3ad42ead\" data-element_type=\"widget\" data-e-type=\"widget\" data-widget_type=\"image.default\">\n\t\t\t\t<div class=\"elementor-widget-container\">\n\t\t\t\t\t\t\t\t\t\t\t\t\t\t\t<img loading=\"lazy\" decoding=\"async\" width=\"800\" height=\"533\" src=\"https:\/\/www.elturistatranquil.com\/wp-content\/uploads\/F27-Estanys-de-la-Pera-Estany-gran.jpg\" class=\"attachment-large size-large wp-image-2953\" alt=\"Estanys de la Pera Estany gran\" srcset=\"https:\/\/www.elturistatranquil.com\/wp-content\/uploads\/F27-Estanys-de-la-Pera-Estany-gran.jpg 800w, https:\/\/www.elturistatranquil.com\/wp-content\/uploads\/F27-Estanys-de-la-Pera-Estany-gran-768x512.jpg 768w\" sizes=\"(max-width: 800px) 100vw, 800px\" \/>\t\t\t\t\t\t\t\t\t\t\t\t\t\t\t<\/div>\n\t\t\t\t<\/div>\n\t\t\t\t<div class=\"elementor-element elementor-element-11d1d223 elementor-widget elementor-widget-text-editor\" data-id=\"11d1d223\" data-element_type=\"widget\" data-e-type=\"widget\" data-widget_type=\"text-editor.default\">\n\t\t\t\t<div class=\"elementor-widget-container\">\n\t\t\t\t\t\t\t\t\t<p>L\u2019aigua no pot ser m\u00e9s transparent, acaba de n\u00e9ixer uns metres m\u00e9s amunt.<\/p>\t\t\t\t\t\t\t\t<\/div>\n\t\t\t\t<\/div>\n\t\t\t\t<div class=\"elementor-element elementor-element-627c61e7 elementor-widget elementor-widget-image\" data-id=\"627c61e7\" data-element_type=\"widget\" data-e-type=\"widget\" data-widget_type=\"image.default\">\n\t\t\t\t<div class=\"elementor-widget-container\">\n\t\t\t\t\t\t\t\t\t\t\t\t\t\t\t<img loading=\"lazy\" decoding=\"async\" width=\"800\" height=\"533\" src=\"https:\/\/www.elturistatranquil.com\/wp-content\/uploads\/F28-Estanys-de-la-Pera-Estany-gran.jpg\" class=\"attachment-large size-large wp-image-2954\" alt=\"\" srcset=\"https:\/\/www.elturistatranquil.com\/wp-content\/uploads\/F28-Estanys-de-la-Pera-Estany-gran.jpg 800w, https:\/\/www.elturistatranquil.com\/wp-content\/uploads\/F28-Estanys-de-la-Pera-Estany-gran-768x512.jpg 768w\" sizes=\"(max-width: 800px) 100vw, 800px\" \/>\t\t\t\t\t\t\t\t\t\t\t\t\t\t\t<\/div>\n\t\t\t\t<\/div>\n\t\t\t\t<div class=\"elementor-element elementor-element-4d892ea1 elementor-widget elementor-widget-text-editor\" data-id=\"4d892ea1\" data-element_type=\"widget\" data-e-type=\"widget\" data-widget_type=\"text-editor.default\">\n\t\t\t\t<div class=\"elementor-widget-container\">\n\t\t\t\t\t\t\t\t\t<p>Anem a buscar el rierol de desaigua de l\u2019<em>Estany gran<\/em> vers l\u2019<em>Estany petit<\/em>. Seguint-lo ens marcar\u00e0 el cam\u00ed de tornada.<\/p>\t\t\t\t\t\t\t\t<\/div>\n\t\t\t\t<\/div>\n\t\t\t\t<div class=\"elementor-element elementor-element-3db136df elementor-widget elementor-widget-image\" data-id=\"3db136df\" data-element_type=\"widget\" data-e-type=\"widget\" data-widget_type=\"image.default\">\n\t\t\t\t<div class=\"elementor-widget-container\">\n\t\t\t\t\t\t\t\t\t\t\t\t\t\t\t<img loading=\"lazy\" decoding=\"async\" width=\"800\" height=\"533\" src=\"https:\/\/www.elturistatranquil.com\/wp-content\/uploads\/F29-Estanys-de-la-Pera-Estany-gran.jpg\" class=\"attachment-large size-large wp-image-2955\" alt=\"Estanys de la Pera Estany gran\" srcset=\"https:\/\/www.elturistatranquil.com\/wp-content\/uploads\/F29-Estanys-de-la-Pera-Estany-gran.jpg 800w, https:\/\/www.elturistatranquil.com\/wp-content\/uploads\/F29-Estanys-de-la-Pera-Estany-gran-768x512.jpg 768w\" sizes=\"(max-width: 800px) 100vw, 800px\" \/>\t\t\t\t\t\t\t\t\t\t\t\t\t\t\t<\/div>\n\t\t\t\t<\/div>\n\t\t\t\t<div class=\"elementor-element elementor-element-4b05c232 elementor-widget elementor-widget-image\" data-id=\"4b05c232\" data-element_type=\"widget\" data-e-type=\"widget\" data-widget_type=\"image.default\">\n\t\t\t\t<div class=\"elementor-widget-container\">\n\t\t\t\t\t\t\t\t\t\t\t\t\t\t\t<img loading=\"lazy\" decoding=\"async\" width=\"800\" height=\"533\" src=\"https:\/\/www.elturistatranquil.com\/wp-content\/uploads\/F30-Ruta-Estanys-de-la-Pera.jpg\" class=\"attachment-large size-large wp-image-2956\" alt=\"\" srcset=\"https:\/\/www.elturistatranquil.com\/wp-content\/uploads\/F30-Ruta-Estanys-de-la-Pera.jpg 800w, https:\/\/www.elturistatranquil.com\/wp-content\/uploads\/F30-Ruta-Estanys-de-la-Pera-768x512.jpg 768w\" sizes=\"(max-width: 800px) 100vw, 800px\" \/>\t\t\t\t\t\t\t\t\t\t\t\t\t\t\t<\/div>\n\t\t\t\t<\/div>\n\t\t\t\t<div class=\"elementor-element elementor-element-6d02f8c6 elementor-widget elementor-widget-text-editor\" data-id=\"6d02f8c6\" data-element_type=\"widget\" data-e-type=\"widget\" data-widget_type=\"text-editor.default\">\n\t\t\t\t<div class=\"elementor-widget-container\">\n\t\t\t\t\t\t\t\t\t<p>Si girem la vista enrere ens acomiada el <em>Perafita<\/em>.<\/p>\t\t\t\t\t\t\t\t<\/div>\n\t\t\t\t<\/div>\n\t\t\t\t<div class=\"elementor-element elementor-element-2b6ca682 elementor-widget elementor-widget-image\" data-id=\"2b6ca682\" data-element_type=\"widget\" data-e-type=\"widget\" data-widget_type=\"image.default\">\n\t\t\t\t<div class=\"elementor-widget-container\">\n\t\t\t\t\t\t\t\t\t\t\t\t\t\t\t<img loading=\"lazy\" decoding=\"async\" width=\"800\" height=\"533\" src=\"https:\/\/www.elturistatranquil.com\/wp-content\/uploads\/F31-Estanys-de-la-Pera-Perafita.jpg\" class=\"attachment-large size-large wp-image-2957\" alt=\"\" srcset=\"https:\/\/www.elturistatranquil.com\/wp-content\/uploads\/F31-Estanys-de-la-Pera-Perafita.jpg 800w, https:\/\/www.elturistatranquil.com\/wp-content\/uploads\/F31-Estanys-de-la-Pera-Perafita-768x512.jpg 768w\" sizes=\"(max-width: 800px) 100vw, 800px\" \/>\t\t\t\t\t\t\t\t\t\t\t\t\t\t\t<\/div>\n\t\t\t\t<\/div>\n\t\t\t\t<div class=\"elementor-element elementor-element-23258375 elementor-widget elementor-widget-text-editor\" data-id=\"23258375\" data-element_type=\"widget\" data-e-type=\"widget\" data-widget_type=\"text-editor.default\">\n\t\t\t\t<div class=\"elementor-widget-container\">\n\t\t\t\t\t\t\t\t\t<p>I per davant s\u2019obre la <em>Vall del riu Mol\u00ed<\/em>, la <em>Cerdanya<\/em> i la <em>Serra del Cad\u00ed<\/em>, ara una mica m\u00e9s visible<\/p>\t\t\t\t\t\t\t\t<\/div>\n\t\t\t\t<\/div>\n\t\t\t\t<div class=\"elementor-element elementor-element-44c5e9e elementor-widget elementor-widget-image\" data-id=\"44c5e9e\" data-element_type=\"widget\" data-e-type=\"widget\" data-widget_type=\"image.default\">\n\t\t\t\t<div class=\"elementor-widget-container\">\n\t\t\t\t\t\t\t\t\t\t\t\t\t\t\t<img loading=\"lazy\" decoding=\"async\" width=\"800\" height=\"533\" src=\"https:\/\/www.elturistatranquil.com\/wp-content\/uploads\/F32-Estanys-de-la-Pera-Vall-del-riu-Mol\u00ed-F.jpg\" class=\"attachment-large size-large wp-image-2958\" alt=\"\" srcset=\"https:\/\/www.elturistatranquil.com\/wp-content\/uploads\/F32-Estanys-de-la-Pera-Vall-del-riu-Mol\u00ed-F.jpg 800w, https:\/\/www.elturistatranquil.com\/wp-content\/uploads\/F32-Estanys-de-la-Pera-Vall-del-riu-Mol\u00ed-F-768x512.jpg 768w\" sizes=\"(max-width: 800px) 100vw, 800px\" \/>\t\t\t\t\t\t\t\t\t\t\t\t\t\t\t<\/div>\n\t\t\t\t<\/div>\n\t\t\t\t<div class=\"elementor-element elementor-element-108780cb elementor-widget elementor-widget-text-editor\" data-id=\"108780cb\" data-element_type=\"widget\" data-e-type=\"widget\" data-widget_type=\"text-editor.default\">\n\t\t\t\t<div class=\"elementor-widget-container\">\n\t\t\t\t\t\t\t\t\t<p>Ja som de retorn al refugi i donarem per finalitzada aquesta caminada.<\/p>\t\t\t\t\t\t\t\t<\/div>\n\t\t\t\t<\/div>\n\t\t\t\t<div class=\"elementor-element elementor-element-686bb1e1 elementor-widget elementor-widget-image\" data-id=\"686bb1e1\" data-element_type=\"widget\" data-e-type=\"widget\" data-widget_type=\"image.default\">\n\t\t\t\t<div class=\"elementor-widget-container\">\n\t\t\t\t\t\t\t\t\t\t\t\t\t\t\t<img loading=\"lazy\" decoding=\"async\" width=\"800\" height=\"533\" src=\"https:\/\/www.elturistatranquil.com\/wp-content\/uploads\/F33-Estanys-de-la-Pera-Refugi-de-Font-de-les-Pollineres.jpg\" class=\"attachment-large size-large wp-image-2959\" alt=\"Ruta Estanys de la Pera Refugi de Font de les Pollineres\" srcset=\"https:\/\/www.elturistatranquil.com\/wp-content\/uploads\/F33-Estanys-de-la-Pera-Refugi-de-Font-de-les-Pollineres.jpg 800w, https:\/\/www.elturistatranquil.com\/wp-content\/uploads\/F33-Estanys-de-la-Pera-Refugi-de-Font-de-les-Pollineres-768x512.jpg 768w\" sizes=\"(max-width: 800px) 100vw, 800px\" \/>\t\t\t\t\t\t\t\t\t\t\t\t\t\t\t<\/div>\n\t\t\t\t<\/div>\n\t\t\t\t<div class=\"elementor-element elementor-element-1ffc41f1 elementor-widget elementor-widget-text-editor\" data-id=\"1ffc41f1\" data-element_type=\"widget\" data-e-type=\"widget\" data-widget_type=\"text-editor.default\">\n\t\t\t\t<div class=\"elementor-widget-container\">\n\t\t\t\t\t\t\t\t\t<p>Estem amb molt bona predisposici\u00f3 per fer un bon \u00e0pat a la <em>Fonda de Cal Fuxet<\/em> a\u00a0 Aransa.<\/p>\t\t\t\t\t\t\t\t<\/div>\n\t\t\t\t<\/div>\n\t\t\t\t<div class=\"elementor-element elementor-element-6f638dac elementor-widget elementor-widget-text-editor\" data-id=\"6f638dac\" data-element_type=\"widget\" data-e-type=\"widget\" data-widget_type=\"text-editor.default\">\n\t\t\t\t<div class=\"elementor-widget-container\">\n\t\t\t\t\t\t\t\t\t<p style=\"text-align: right;\">Fotografies de <a href=\"https:\/\/www.instagram.com\/lauraskindofphotos\/\" target=\"_blank\" rel=\"noopener\">Laura L\u00f3pez S\u00e1nchez<\/a><\/p>\t\t\t\t\t\t\t\t<\/div>\n\t\t\t\t<\/div>\n\t\t\t\t\t<\/div>\n\t\t<\/div>\n\t\t\t\t\t<\/div>\n\t\t<\/section>\n\t\t\t\t<section class=\"elementor-section elementor-top-section elementor-element elementor-element-53ec6249 elementor-section-boxed elementor-section-height-default elementor-section-height-default\" data-id=\"53ec6249\" data-element_type=\"section\" data-e-type=\"section\">\n\t\t\t\t\t\t<div class=\"elementor-container elementor-column-gap-default\">\n\t\t\t\t\t<div class=\"elementor-column elementor-col-100 elementor-top-column elementor-element elementor-element-b4b8cb1\" data-id=\"b4b8cb1\" data-element_type=\"column\" data-e-type=\"column\">\n\t\t\t<div class=\"elementor-widget-wrap elementor-element-populated\">\n\t\t\t\t\t\t<div class=\"elementor-element elementor-element-51566f84 elementor-share-buttons--view-icon elementor-share-buttons--skin-minimal elementor-share-buttons--shape-circle elementor-grid-0 elementor-share-buttons--color-official elementor-widget elementor-widget-global elementor-global-398 elementor-widget-share-buttons\" data-id=\"51566f84\" data-element_type=\"widget\" data-e-type=\"widget\" data-widget_type=\"share-buttons.default\">\n\t\t\t\t<div class=\"elementor-widget-container\">\n\t\t\t\t\t\t\t<div class=\"elementor-grid\" role=\"list\">\n\t\t\t\t\t\t\t\t<div class=\"elementor-grid-item\" role=\"listitem\">\n\t\t\t\t\t\t<div class=\"elementor-share-btn elementor-share-btn_facebook\" role=\"button\" tabindex=\"0\" aria-label=\"Compartici\u00f3 en facebook\">\n\t\t\t\t\t\t\t\t\t\t\t\t\t\t\t<span class=\"elementor-share-btn__icon\">\n\t\t\t\t\t\t\t\t<i class=\"fab fa-facebook\" aria-hidden=\"true\"><\/i>\t\t\t\t\t\t\t<\/span>\n\t\t\t\t\t\t\t\t\t\t\t\t\t\t\t\t\t\t\t\t<\/div>\n\t\t\t\t\t<\/div>\n\t\t\t\t\t\t\t\t\t<div class=\"elementor-grid-item\" role=\"listitem\">\n\t\t\t\t\t\t<div class=\"elementor-share-btn elementor-share-btn_twitter\" role=\"button\" tabindex=\"0\" aria-label=\"Compartici\u00f3 en twitter\">\n\t\t\t\t\t\t\t\t\t\t\t\t\t\t\t<span class=\"elementor-share-btn__icon\">\n\t\t\t\t\t\t\t\t<i class=\"fab fa-twitter\" aria-hidden=\"true\"><\/i>\t\t\t\t\t\t\t<\/span>\n\t\t\t\t\t\t\t\t\t\t\t\t\t\t\t\t\t\t\t\t<\/div>\n\t\t\t\t\t<\/div>\n\t\t\t\t\t\t\t\t\t<div class=\"elementor-grid-item\" role=\"listitem\">\n\t\t\t\t\t\t<div class=\"elementor-share-btn elementor-share-btn_pinterest\" role=\"button\" tabindex=\"0\" aria-label=\"Compartici\u00f3 en pinterest\">\n\t\t\t\t\t\t\t\t\t\t\t\t\t\t\t<span class=\"elementor-share-btn__icon\">\n\t\t\t\t\t\t\t\t<i class=\"fab fa-pinterest\" aria-hidden=\"true\"><\/i>\t\t\t\t\t\t\t<\/span>\n\t\t\t\t\t\t\t\t\t\t\t\t\t\t\t\t\t\t\t\t<\/div>\n\t\t\t\t\t<\/div>\n\t\t\t\t\t\t\t\t\t<div class=\"elementor-grid-item\" role=\"listitem\">\n\t\t\t\t\t\t<div class=\"elementor-share-btn elementor-share-btn_whatsapp\" role=\"button\" tabindex=\"0\" aria-label=\"Compartici\u00f3 en whatsapp\">\n\t\t\t\t\t\t\t\t\t\t\t\t\t\t\t<span class=\"elementor-share-btn__icon\">\n\t\t\t\t\t\t\t\t<i class=\"fab fa-whatsapp\" aria-hidden=\"true\"><\/i>\t\t\t\t\t\t\t<\/span>\n\t\t\t\t\t\t\t\t\t\t\t\t\t\t\t\t\t\t\t\t<\/div>\n\t\t\t\t\t<\/div>\n\t\t\t\t\t\t\t\t\t<div class=\"elementor-grid-item\" role=\"listitem\">\n\t\t\t\t\t\t<div class=\"elementor-share-btn elementor-share-btn_email\" role=\"button\" tabindex=\"0\" aria-label=\"Compartici\u00f3 en email\">\n\t\t\t\t\t\t\t\t\t\t\t\t\t\t\t<span class=\"elementor-share-btn__icon\">\n\t\t\t\t\t\t\t\t<i class=\"fas fa-envelope\" aria-hidden=\"true\"><\/i>\t\t\t\t\t\t\t<\/span>\n\t\t\t\t\t\t\t\t\t\t\t\t\t\t\t\t\t\t\t\t<\/div>\n\t\t\t\t\t<\/div>\n\t\t\t\t\t\t<\/div>\n\t\t\t\t\t\t<\/div>\n\t\t\t\t<\/div>\n\t\t\t\t\t<\/div>\n\t\t<\/div>\n\t\t\t\t\t<\/div>\n\t\t<\/section>\n\t\t\t\t<\/div>\n\t\t","protected":false},"excerpt":{"rendered":"<p>En aquesta sortida farem una ruta senzilla en un entorn espl\u00e8ndid, pujant a peu fins als Estanys de la Pera, en el Pirineu de la Cerdanya, des del Refugi de &#8230; <a title=\"Estanys de la Pera (Lleida)\" class=\"read-more\" href=\"https:\/\/www.elturistatranquil.com\/ca\/estanys-de-la-pera\/\" aria-label=\"M\u00e9s informaci\u00f3 sobre Estanys de la Pera (Lleida)\">[ &#8230; ]<\/a><\/p>\n","protected":false},"author":1,"featured_media":2963,"comment_status":"open","ping_status":"closed","sticky":false,"template":"","format":"standard","meta":{"footnotes":""},"categories":[87,128,95,105],"tags":[],"class_list":["post-2965","post","type-post","status-publish","format-standard","has-post-thumbnail","hentry","category-joies-al-territori","category-lleida-ca","category-paisatge","category-rutes","infinite-scroll-item","generate-columns","tablet-grid-50","mobile-grid-100","grid-parent","grid-50","no-featured-image-padding"],"yoast_head":"<!-- This site is optimized with the Yoast SEO plugin v27.4 - https:\/\/yoast.com\/product\/yoast-seo-wordpress\/ -->\n<title>Estanys de la Pera (Lleida) - El turista tranquil<\/title>\n<meta name=\"description\" content=\"En aquesta sortida farem una ruta senzilla en un entorn espl\u00e8ndid, pujant a peu fins als Estanys de la Pera, en el Pirineu de la Cerdanya, des del Refugi de Font de les Pollineres.\" \/>\n<meta name=\"robots\" content=\"index, follow, max-snippet:-1, max-image-preview:large, max-video-preview:-1\" \/>\n<link rel=\"canonical\" href=\"https:\/\/www.elturistatranquil.com\/ca\/estanys-de-la-pera\/\" \/>\n<meta property=\"og:locale\" content=\"ca_ES\" \/>\n<meta property=\"og:type\" content=\"article\" \/>\n<meta property=\"og:title\" content=\"Estanys de la Pera (Lleida) - El turista tranquil\" \/>\n<meta property=\"og:description\" content=\"En aquesta sortida farem una ruta senzilla en un entorn espl\u00e8ndid, pujant a peu fins als Estanys de la Pera, en el Pirineu de la Cerdanya, des del Refugi de Font de les Pollineres.\" \/>\n<meta property=\"og:url\" content=\"https:\/\/www.elturistatranquil.com\/ca\/estanys-de-la-pera\/\" \/>\n<meta property=\"og:site_name\" content=\"El turista tranquil\" \/>\n<meta property=\"article:publisher\" content=\"https:\/\/www.facebook.com\/elturistatranquilo\/\" \/>\n<meta property=\"article:published_time\" content=\"2018-04-01T17:44:03+00:00\" \/>\n<meta property=\"article:modified_time\" content=\"2020-06-18T09:29:06+00:00\" \/>\n<meta property=\"og:image\" content=\"https:\/\/www.elturistatranquil.com\/wp-content\/uploads\/F00-Estanys-de-la-Pera-Estany-petit.jpg\" \/>\n\t<meta property=\"og:image:width\" content=\"800\" \/>\n\t<meta property=\"og:image:height\" content=\"533\" \/>\n\t<meta property=\"og:image:type\" content=\"image\/jpeg\" \/>\n<meta name=\"author\" content=\"admin\" \/>\n<meta name=\"twitter:card\" content=\"summary_large_image\" \/>\n<meta name=\"twitter:label1\" content=\"Escrit per\" \/>\n\t<meta name=\"twitter:data1\" content=\"admin\" \/>\n\t<meta name=\"twitter:label2\" content=\"Temps estimat de lectura\" \/>\n\t<meta name=\"twitter:data2\" content=\"4 minuts\" \/>\n<script type=\"application\/ld+json\" class=\"yoast-schema-graph\">{\"@context\":\"https:\\\/\\\/schema.org\",\"@graph\":[{\"@type\":\"Article\",\"@id\":\"https:\\\/\\\/www.elturistatranquil.com\\\/ca\\\/estanys-de-la-pera\\\/#article\",\"isPartOf\":{\"@id\":\"https:\\\/\\\/www.elturistatranquil.com\\\/ca\\\/estanys-de-la-pera\\\/\"},\"author\":{\"name\":\"admin\",\"@id\":\"https:\\\/\\\/www.elturistatranquil.com\\\/ca\\\/#\\\/schema\\\/person\\\/16f607c3079b96ed0c530a52e6b58bb5\"},\"headline\":\"Estanys de la Pera (Lleida)\",\"datePublished\":\"2018-04-01T17:44:03+00:00\",\"dateModified\":\"2020-06-18T09:29:06+00:00\",\"mainEntityOfPage\":{\"@id\":\"https:\\\/\\\/www.elturistatranquil.com\\\/ca\\\/estanys-de-la-pera\\\/\"},\"wordCount\":891,\"commentCount\":0,\"image\":{\"@id\":\"https:\\\/\\\/www.elturistatranquil.com\\\/ca\\\/estanys-de-la-pera\\\/#primaryimage\"},\"thumbnailUrl\":\"https:\\\/\\\/www.elturistatranquil.com\\\/wp-content\\\/uploads\\\/F00-Estanys-de-la-Pera-Estany-petit.jpg\",\"articleSection\":[\"Joies al territori\",\"Lleida\",\"Paisatge\",\"Rutes\"],\"inLanguage\":\"ca\",\"potentialAction\":[{\"@type\":\"CommentAction\",\"name\":\"Comment\",\"target\":[\"https:\\\/\\\/www.elturistatranquil.com\\\/ca\\\/estanys-de-la-pera\\\/#respond\"]}]},{\"@type\":\"WebPage\",\"@id\":\"https:\\\/\\\/www.elturistatranquil.com\\\/ca\\\/estanys-de-la-pera\\\/\",\"url\":\"https:\\\/\\\/www.elturistatranquil.com\\\/ca\\\/estanys-de-la-pera\\\/\",\"name\":\"Estanys de la Pera (Lleida) - El turista tranquil\",\"isPartOf\":{\"@id\":\"https:\\\/\\\/www.elturistatranquil.com\\\/ca\\\/#website\"},\"primaryImageOfPage\":{\"@id\":\"https:\\\/\\\/www.elturistatranquil.com\\\/ca\\\/estanys-de-la-pera\\\/#primaryimage\"},\"image\":{\"@id\":\"https:\\\/\\\/www.elturistatranquil.com\\\/ca\\\/estanys-de-la-pera\\\/#primaryimage\"},\"thumbnailUrl\":\"https:\\\/\\\/www.elturistatranquil.com\\\/wp-content\\\/uploads\\\/F00-Estanys-de-la-Pera-Estany-petit.jpg\",\"datePublished\":\"2018-04-01T17:44:03+00:00\",\"dateModified\":\"2020-06-18T09:29:06+00:00\",\"author\":{\"@id\":\"https:\\\/\\\/www.elturistatranquil.com\\\/ca\\\/#\\\/schema\\\/person\\\/16f607c3079b96ed0c530a52e6b58bb5\"},\"description\":\"En aquesta sortida farem una ruta senzilla en un entorn espl\u00e8ndid, pujant a peu fins als Estanys de la Pera, en el Pirineu de la Cerdanya, des del Refugi de Font de les Pollineres.\",\"breadcrumb\":{\"@id\":\"https:\\\/\\\/www.elturistatranquil.com\\\/ca\\\/estanys-de-la-pera\\\/#breadcrumb\"},\"inLanguage\":\"ca\",\"potentialAction\":[{\"@type\":\"ReadAction\",\"target\":[\"https:\\\/\\\/www.elturistatranquil.com\\\/ca\\\/estanys-de-la-pera\\\/\"]}]},{\"@type\":\"ImageObject\",\"inLanguage\":\"ca\",\"@id\":\"https:\\\/\\\/www.elturistatranquil.com\\\/ca\\\/estanys-de-la-pera\\\/#primaryimage\",\"url\":\"https:\\\/\\\/www.elturistatranquil.com\\\/wp-content\\\/uploads\\\/F00-Estanys-de-la-Pera-Estany-petit.jpg\",\"contentUrl\":\"https:\\\/\\\/www.elturistatranquil.com\\\/wp-content\\\/uploads\\\/F00-Estanys-de-la-Pera-Estany-petit.jpg\",\"width\":800,\"height\":533,\"caption\":\"Estanys de la Pera\"},{\"@type\":\"BreadcrumbList\",\"@id\":\"https:\\\/\\\/www.elturistatranquil.com\\\/ca\\\/estanys-de-la-pera\\\/#breadcrumb\",\"itemListElement\":[{\"@type\":\"ListItem\",\"position\":1,\"name\":\"Portada\",\"item\":\"https:\\\/\\\/www.elturistatranquil.com\\\/ca\\\/\"},{\"@type\":\"ListItem\",\"position\":2,\"name\":\"Estanys de la Pera (Lleida)\"}]},{\"@type\":\"WebSite\",\"@id\":\"https:\\\/\\\/www.elturistatranquil.com\\\/ca\\\/#website\",\"url\":\"https:\\\/\\\/www.elturistatranquil.com\\\/ca\\\/\",\"name\":\"El turista tranquil\",\"description\":\"Blog de viatges\",\"potentialAction\":[{\"@type\":\"SearchAction\",\"target\":{\"@type\":\"EntryPoint\",\"urlTemplate\":\"https:\\\/\\\/www.elturistatranquil.com\\\/ca\\\/?s={search_term_string}\"},\"query-input\":{\"@type\":\"PropertyValueSpecification\",\"valueRequired\":true,\"valueName\":\"search_term_string\"}}],\"inLanguage\":\"ca\"},{\"@type\":\"Person\",\"@id\":\"https:\\\/\\\/www.elturistatranquil.com\\\/ca\\\/#\\\/schema\\\/person\\\/16f607c3079b96ed0c530a52e6b58bb5\",\"name\":\"admin\",\"image\":{\"@type\":\"ImageObject\",\"inLanguage\":\"ca\",\"@id\":\"https:\\\/\\\/secure.gravatar.com\\\/avatar\\\/1fbaf22aee75fcbb29a2f97b107f95d25d3a19b7c3416105be10269872673e8d?s=96&d=mm&r=g\",\"url\":\"https:\\\/\\\/secure.gravatar.com\\\/avatar\\\/1fbaf22aee75fcbb29a2f97b107f95d25d3a19b7c3416105be10269872673e8d?s=96&d=mm&r=g\",\"contentUrl\":\"https:\\\/\\\/secure.gravatar.com\\\/avatar\\\/1fbaf22aee75fcbb29a2f97b107f95d25d3a19b7c3416105be10269872673e8d?s=96&d=mm&r=g\",\"caption\":\"admin\"}}]}<\/script>\n<!-- \/ Yoast SEO plugin. -->","yoast_head_json":{"title":"Estanys de la Pera (Lleida) - El turista tranquil","description":"En aquesta sortida farem una ruta senzilla en un entorn espl\u00e8ndid, pujant a peu fins als Estanys de la Pera, en el Pirineu de la Cerdanya, des del Refugi de Font de les Pollineres.","robots":{"index":"index","follow":"follow","max-snippet":"max-snippet:-1","max-image-preview":"max-image-preview:large","max-video-preview":"max-video-preview:-1"},"canonical":"https:\/\/www.elturistatranquil.com\/ca\/estanys-de-la-pera\/","og_locale":"ca_ES","og_type":"article","og_title":"Estanys de la Pera (Lleida) - El turista tranquil","og_description":"En aquesta sortida farem una ruta senzilla en un entorn espl\u00e8ndid, pujant a peu fins als Estanys de la Pera, en el Pirineu de la Cerdanya, des del Refugi de Font de les Pollineres.","og_url":"https:\/\/www.elturistatranquil.com\/ca\/estanys-de-la-pera\/","og_site_name":"El turista tranquil","article_publisher":"https:\/\/www.facebook.com\/elturistatranquilo\/","article_published_time":"2018-04-01T17:44:03+00:00","article_modified_time":"2020-06-18T09:29:06+00:00","og_image":[{"width":800,"height":533,"url":"https:\/\/www.elturistatranquil.com\/wp-content\/uploads\/F00-Estanys-de-la-Pera-Estany-petit.jpg","type":"image\/jpeg"}],"author":"admin","twitter_card":"summary_large_image","twitter_misc":{"Escrit per":"admin","Temps estimat de lectura":"4 minuts"},"schema":{"@context":"https:\/\/schema.org","@graph":[{"@type":"Article","@id":"https:\/\/www.elturistatranquil.com\/ca\/estanys-de-la-pera\/#article","isPartOf":{"@id":"https:\/\/www.elturistatranquil.com\/ca\/estanys-de-la-pera\/"},"author":{"name":"admin","@id":"https:\/\/www.elturistatranquil.com\/ca\/#\/schema\/person\/16f607c3079b96ed0c530a52e6b58bb5"},"headline":"Estanys de la Pera (Lleida)","datePublished":"2018-04-01T17:44:03+00:00","dateModified":"2020-06-18T09:29:06+00:00","mainEntityOfPage":{"@id":"https:\/\/www.elturistatranquil.com\/ca\/estanys-de-la-pera\/"},"wordCount":891,"commentCount":0,"image":{"@id":"https:\/\/www.elturistatranquil.com\/ca\/estanys-de-la-pera\/#primaryimage"},"thumbnailUrl":"https:\/\/www.elturistatranquil.com\/wp-content\/uploads\/F00-Estanys-de-la-Pera-Estany-petit.jpg","articleSection":["Joies al territori","Lleida","Paisatge","Rutes"],"inLanguage":"ca","potentialAction":[{"@type":"CommentAction","name":"Comment","target":["https:\/\/www.elturistatranquil.com\/ca\/estanys-de-la-pera\/#respond"]}]},{"@type":"WebPage","@id":"https:\/\/www.elturistatranquil.com\/ca\/estanys-de-la-pera\/","url":"https:\/\/www.elturistatranquil.com\/ca\/estanys-de-la-pera\/","name":"Estanys de la Pera (Lleida) - El turista tranquil","isPartOf":{"@id":"https:\/\/www.elturistatranquil.com\/ca\/#website"},"primaryImageOfPage":{"@id":"https:\/\/www.elturistatranquil.com\/ca\/estanys-de-la-pera\/#primaryimage"},"image":{"@id":"https:\/\/www.elturistatranquil.com\/ca\/estanys-de-la-pera\/#primaryimage"},"thumbnailUrl":"https:\/\/www.elturistatranquil.com\/wp-content\/uploads\/F00-Estanys-de-la-Pera-Estany-petit.jpg","datePublished":"2018-04-01T17:44:03+00:00","dateModified":"2020-06-18T09:29:06+00:00","author":{"@id":"https:\/\/www.elturistatranquil.com\/ca\/#\/schema\/person\/16f607c3079b96ed0c530a52e6b58bb5"},"description":"En aquesta sortida farem una ruta senzilla en un entorn espl\u00e8ndid, pujant a peu fins als Estanys de la Pera, en el Pirineu de la Cerdanya, des del Refugi de Font de les Pollineres.","breadcrumb":{"@id":"https:\/\/www.elturistatranquil.com\/ca\/estanys-de-la-pera\/#breadcrumb"},"inLanguage":"ca","potentialAction":[{"@type":"ReadAction","target":["https:\/\/www.elturistatranquil.com\/ca\/estanys-de-la-pera\/"]}]},{"@type":"ImageObject","inLanguage":"ca","@id":"https:\/\/www.elturistatranquil.com\/ca\/estanys-de-la-pera\/#primaryimage","url":"https:\/\/www.elturistatranquil.com\/wp-content\/uploads\/F00-Estanys-de-la-Pera-Estany-petit.jpg","contentUrl":"https:\/\/www.elturistatranquil.com\/wp-content\/uploads\/F00-Estanys-de-la-Pera-Estany-petit.jpg","width":800,"height":533,"caption":"Estanys de la Pera"},{"@type":"BreadcrumbList","@id":"https:\/\/www.elturistatranquil.com\/ca\/estanys-de-la-pera\/#breadcrumb","itemListElement":[{"@type":"ListItem","position":1,"name":"Portada","item":"https:\/\/www.elturistatranquil.com\/ca\/"},{"@type":"ListItem","position":2,"name":"Estanys de la Pera (Lleida)"}]},{"@type":"WebSite","@id":"https:\/\/www.elturistatranquil.com\/ca\/#website","url":"https:\/\/www.elturistatranquil.com\/ca\/","name":"El turista tranquil","description":"Blog de viatges","potentialAction":[{"@type":"SearchAction","target":{"@type":"EntryPoint","urlTemplate":"https:\/\/www.elturistatranquil.com\/ca\/?s={search_term_string}"},"query-input":{"@type":"PropertyValueSpecification","valueRequired":true,"valueName":"search_term_string"}}],"inLanguage":"ca"},{"@type":"Person","@id":"https:\/\/www.elturistatranquil.com\/ca\/#\/schema\/person\/16f607c3079b96ed0c530a52e6b58bb5","name":"admin","image":{"@type":"ImageObject","inLanguage":"ca","@id":"https:\/\/secure.gravatar.com\/avatar\/1fbaf22aee75fcbb29a2f97b107f95d25d3a19b7c3416105be10269872673e8d?s=96&d=mm&r=g","url":"https:\/\/secure.gravatar.com\/avatar\/1fbaf22aee75fcbb29a2f97b107f95d25d3a19b7c3416105be10269872673e8d?s=96&d=mm&r=g","contentUrl":"https:\/\/secure.gravatar.com\/avatar\/1fbaf22aee75fcbb29a2f97b107f95d25d3a19b7c3416105be10269872673e8d?s=96&d=mm&r=g","caption":"admin"}}]}},"_links":{"self":[{"href":"https:\/\/www.elturistatranquil.com\/ca\/wp-json\/wp\/v2\/posts\/2965","targetHints":{"allow":["GET"]}}],"collection":[{"href":"https:\/\/www.elturistatranquil.com\/ca\/wp-json\/wp\/v2\/posts"}],"about":[{"href":"https:\/\/www.elturistatranquil.com\/ca\/wp-json\/wp\/v2\/types\/post"}],"author":[{"embeddable":true,"href":"https:\/\/www.elturistatranquil.com\/ca\/wp-json\/wp\/v2\/users\/1"}],"replies":[{"embeddable":true,"href":"https:\/\/www.elturistatranquil.com\/ca\/wp-json\/wp\/v2\/comments?post=2965"}],"version-history":[{"count":4,"href":"https:\/\/www.elturistatranquil.com\/ca\/wp-json\/wp\/v2\/posts\/2965\/revisions"}],"predecessor-version":[{"id":31359,"href":"https:\/\/www.elturistatranquil.com\/ca\/wp-json\/wp\/v2\/posts\/2965\/revisions\/31359"}],"wp:featuredmedia":[{"embeddable":true,"href":"https:\/\/www.elturistatranquil.com\/ca\/wp-json\/wp\/v2\/media\/2963"}],"wp:attachment":[{"href":"https:\/\/www.elturistatranquil.com\/ca\/wp-json\/wp\/v2\/media?parent=2965"}],"wp:term":[{"taxonomy":"category","embeddable":true,"href":"https:\/\/www.elturistatranquil.com\/ca\/wp-json\/wp\/v2\/categories?post=2965"},{"taxonomy":"post_tag","embeddable":true,"href":"https:\/\/www.elturistatranquil.com\/ca\/wp-json\/wp\/v2\/tags?post=2965"}],"curies":[{"name":"wp","href":"https:\/\/api.w.org\/{rel}","templated":true}]}}