{"id":29885,"date":"2020-04-02T16:43:41","date_gmt":"2020-04-02T14:43:41","guid":{"rendered":"https:\/\/www.elturistatranquil.com\/?p=29885"},"modified":"2020-04-28T09:23:30","modified_gmt":"2020-04-28T07:23:30","slug":"parc-miner-dalmaden-ciudad-real","status":"publish","type":"post","link":"https:\/\/www.elturistatranquil.com\/ca\/parc-miner-dalmaden-ciudad-real\/","title":{"rendered":"Parc Miner d\u2019Almad\u00e9n (Ciudad Real)"},"content":{"rendered":"\t\t<div data-elementor-type=\"wp-post\" data-elementor-id=\"29885\" class=\"elementor elementor-29885 elementor-29673\" data-elementor-post-type=\"post\">\n\t\t\t\t\t\t<section class=\"elementor-section elementor-top-section elementor-element elementor-element-5be7fa4e elementor-section-boxed elementor-section-height-default elementor-section-height-default\" data-id=\"5be7fa4e\" data-element_type=\"section\" data-e-type=\"section\">\n\t\t\t\t\t\t<div class=\"elementor-container elementor-column-gap-default\">\n\t\t\t\t\t<div class=\"elementor-column elementor-col-100 elementor-top-column elementor-element elementor-element-35bf53d3\" data-id=\"35bf53d3\" data-element_type=\"column\" data-e-type=\"column\">\n\t\t\t<div class=\"elementor-widget-wrap elementor-element-populated\">\n\t\t\t\t\t\t<section class=\"elementor-section elementor-inner-section elementor-element elementor-element-24c349dd elementor-section-content-middle elementor-section-boxed elementor-section-height-default elementor-section-height-default\" data-id=\"24c349dd\" data-element_type=\"section\" data-e-type=\"section\">\n\t\t\t\t\t\t<div class=\"elementor-container elementor-column-gap-default\">\n\t\t\t\t\t<div class=\"elementor-column elementor-col-100 elementor-inner-column elementor-element elementor-element-4ee509d4\" data-id=\"4ee509d4\" data-element_type=\"column\" data-e-type=\"column\">\n\t\t\t<div class=\"elementor-widget-wrap elementor-element-populated\">\n\t\t\t\t\t\t<div class=\"elementor-element elementor-element-68bf4976 elementor-widget elementor-widget-text-editor\" data-id=\"68bf4976\" data-element_type=\"widget\" data-e-type=\"widget\" data-widget_type=\"text-editor.default\">\n\t\t\t\t<div class=\"elementor-widget-container\">\n\t\t\t\t\t\t\t\t\t<p>El <em>Parc Miner d&#8217;Almad\u00e9n<\/em> (Ciudad Real) est\u00e0 format pel conjunt de les mines de cinabri i de les instal\u00b7lacions d&#8217;obtenci\u00f3 de <em>azogue<\/em> (mercuri). La seva import\u00e0ncia hist\u00f2rica ha merescut la seva catalogaci\u00f3 com a Patrimoni de la Humanitat conjuntament amb Idria (Eslov\u00e8nia).<\/p>\t\t\t\t\t\t\t\t<\/div>\n\t\t\t\t<\/div>\n\t\t\t\t\t<\/div>\n\t\t<\/div>\n\t\t\t\t\t<\/div>\n\t\t<\/section>\n\t\t\t\t<div class=\"elementor-element elementor-element-123214df elementor-widget elementor-widget-heading\" data-id=\"123214df\" data-element_type=\"widget\" data-e-type=\"widget\" data-widget_type=\"heading.default\">\n\t\t\t\t<div class=\"elementor-widget-container\">\n\t\t\t\t\t<h1 class=\"elementor-heading-title elementor-size-default\">Parc Miner d\u2019Almad\u00e9n (Ciudad Real)<\/h1>\t\t\t\t<\/div>\n\t\t\t\t<\/div>\n\t\t\t\t\t<\/div>\n\t\t<\/div>\n\t\t\t\t\t<\/div>\n\t\t<\/section>\n\t\t\t\t<section class=\"elementor-section elementor-top-section elementor-element elementor-element-409d77b8 elementor-section-boxed elementor-section-height-default elementor-section-height-default\" data-id=\"409d77b8\" data-element_type=\"section\" data-e-type=\"section\">\n\t\t\t\t\t\t<div class=\"elementor-container elementor-column-gap-default\">\n\t\t\t\t\t<div class=\"elementor-column elementor-col-100 elementor-top-column elementor-element elementor-element-12bab0e8\" data-id=\"12bab0e8\" data-element_type=\"column\" data-e-type=\"column\">\n\t\t\t<div class=\"elementor-widget-wrap elementor-element-populated\">\n\t\t\t\t\t\t<div class=\"elementor-element elementor-element-30333bfa elementor-widget elementor-widget-image\" data-id=\"30333bfa\" data-element_type=\"widget\" data-e-type=\"widget\" data-widget_type=\"image.default\">\n\t\t\t\t<div class=\"elementor-widget-container\">\n\t\t\t\t\t\t\t\t\t\t\t\t<figure class=\"wp-caption\">\n\t\t\t\t\t\t\t\t\t\t<img fetchpriority=\"high\" decoding=\"async\" width=\"768\" height=\"511\" src=\"https:\/\/www.elturistatranquil.com\/wp-content\/uploads\/F01-Parque-minero-de-Almaden.jpg\" class=\"attachment-large size-large wp-image-29692\" alt=\"Parque minero de Almaden\" srcset=\"https:\/\/www.elturistatranquil.com\/wp-content\/uploads\/F01-Parque-minero-de-Almaden.jpg 768w, https:\/\/www.elturistatranquil.com\/wp-content\/uploads\/F01-Parque-minero-de-Almaden-339x226.jpg 339w\" sizes=\"(max-width: 768px) 100vw, 768px\" \/>\t\t\t\t\t\t\t\t\t\t\t<figcaption class=\"widget-image-caption wp-caption-text\"><\/figcaption>\n\t\t\t\t\t\t\t\t\t\t<\/figure>\n\t\t\t\t\t\t\t\t\t<\/div>\n\t\t\t\t<\/div>\n\t\t\t\t<div class=\"elementor-element elementor-element-33ec6f74 elementor-widget elementor-widget-spacer\" data-id=\"33ec6f74\" data-element_type=\"widget\" data-e-type=\"widget\" data-widget_type=\"spacer.default\">\n\t\t\t\t<div class=\"elementor-widget-container\">\n\t\t\t\t\t\t\t<div class=\"elementor-spacer\">\n\t\t\t<div class=\"elementor-spacer-inner\"><\/div>\n\t\t<\/div>\n\t\t\t\t\t\t<\/div>\n\t\t\t\t<\/div>\n\t\t\t\t<div class=\"elementor-element elementor-element-13527fcb elementor-widget elementor-widget-heading\" data-id=\"13527fcb\" data-element_type=\"widget\" data-e-type=\"widget\" data-widget_type=\"heading.default\">\n\t\t\t\t<div class=\"elementor-widget-container\">\n\t\t\t\t\t<h2 class=\"elementor-heading-title elementor-size-default\">Parc Miner d\u2019Almad\u00e9n. Alcudia. Ciudad Real<\/h2>\t\t\t\t<\/div>\n\t\t\t\t<\/div>\n\t\t\t\t<section class=\"elementor-section elementor-inner-section elementor-element elementor-element-4cd1ffaf elementor-section-boxed elementor-section-height-default elementor-section-height-default\" data-id=\"4cd1ffaf\" data-element_type=\"section\" data-e-type=\"section\" data-settings=\"{&quot;background_background&quot;:&quot;classic&quot;}\">\n\t\t\t\t\t\t\t<div class=\"elementor-background-overlay\"><\/div>\n\t\t\t\t\t\t\t<div class=\"elementor-container elementor-column-gap-default\">\n\t\t\t\t\t<div class=\"elementor-column elementor-col-100 elementor-inner-column elementor-element elementor-element-7f38ed07\" data-id=\"7f38ed07\" data-element_type=\"column\" data-e-type=\"column\" data-settings=\"{&quot;background_background&quot;:&quot;classic&quot;}\">\n\t\t\t<div class=\"elementor-widget-wrap elementor-element-populated\">\n\t\t\t\t\t\t<div class=\"elementor-element elementor-element-35ad1df8 elementor-widget elementor-widget-text-editor\" data-id=\"35ad1df8\" data-element_type=\"widget\" data-e-type=\"widget\" data-widget_type=\"text-editor.default\">\n\t\t\t\t<div class=\"elementor-widget-container\">\n\t\t\t\t\t\t\t\t\t<p>Municipi: Almad\u00e9n. Comarca: Alcudia. Prov\u00edncia: Ciudad Real. Com. Aut\u00f2noma: Castilla-La Mancha<\/p><p>Coordenades: 38\u00b046\u203200\u2033N 4\u00b049\u203200\u2033O. Altitud: 589 msnm. Poblaci\u00f3: 5.312 habitants (2019)<\/p><p>www: <a href=\"https:\/\/www.parqueminerodealmaden.es\/index.php?idioma=es\" target=\"_blank\" rel=\"noopener\">parqueminerodealmaden<\/a><\/p><p><em>Patrimoni Mundial de la Unesco<\/em>, 2012<\/p><p>Visita: 2019<\/p>\t\t\t\t\t\t\t\t<\/div>\n\t\t\t\t<\/div>\n\t\t\t\t\t<\/div>\n\t\t<\/div>\n\t\t\t\t\t<\/div>\n\t\t<\/section>\n\t\t\t\t<div class=\"elementor-element elementor-element-611abd8 elementor-widget elementor-widget-image\" data-id=\"611abd8\" data-element_type=\"widget\" data-e-type=\"widget\" data-widget_type=\"image.default\">\n\t\t\t\t<div class=\"elementor-widget-container\">\n\t\t\t\t\t\t\t\t\t\t\t\t<figure class=\"wp-caption\">\n\t\t\t\t\t\t\t\t\t\t<img decoding=\"async\" width=\"768\" height=\"512\" src=\"https:\/\/www.elturistatranquil.com\/wp-content\/uploads\/F02-ca-Mapa-de-situaci\u00f3-del-Parc-miner-de-AlmadenGoogle-maps-2020-03-15.jpg\" class=\"attachment-medium_large size-medium_large wp-image-29895\" alt=\"Mapa de situaci\u00f3 del Parc miner de Almaden(Google maps 2020-03-15)\" srcset=\"https:\/\/www.elturistatranquil.com\/wp-content\/uploads\/F02-ca-Mapa-de-situaci\u00f3-del-Parc-miner-de-AlmadenGoogle-maps-2020-03-15.jpg 768w, https:\/\/www.elturistatranquil.com\/wp-content\/uploads\/F02-ca-Mapa-de-situaci\u00f3-del-Parc-miner-de-AlmadenGoogle-maps-2020-03-15-339x226.jpg 339w\" sizes=\"(max-width: 768px) 100vw, 768px\" \/>\t\t\t\t\t\t\t\t\t\t\t<figcaption class=\"widget-image-caption wp-caption-text\">Mapa de situaci\u00f3 del Parc Miner d\u2019Almad\u00e9n (Google maps 2020-03-15)<\/figcaption>\n\t\t\t\t\t\t\t\t\t\t<\/figure>\n\t\t\t\t\t\t\t\t\t<\/div>\n\t\t\t\t<\/div>\n\t\t\t\t<section class=\"elementor-section elementor-inner-section elementor-element elementor-element-7c108727 elementor-section-boxed elementor-section-height-default elementor-section-height-default\" data-id=\"7c108727\" data-element_type=\"section\" data-e-type=\"section\" data-settings=\"{&quot;background_background&quot;:&quot;classic&quot;}\">\n\t\t\t\t\t\t<div class=\"elementor-container elementor-column-gap-default\">\n\t\t\t\t\t<div class=\"elementor-column elementor-col-100 elementor-inner-column elementor-element elementor-element-320cd378\" data-id=\"320cd378\" data-element_type=\"column\" data-e-type=\"column\">\n\t\t\t<div class=\"elementor-widget-wrap elementor-element-populated\">\n\t\t\t\t\t\t<div class=\"elementor-element elementor-element-3f91efb7 elementor-widget elementor-widget-text-editor\" data-id=\"3f91efb7\" data-element_type=\"widget\" data-e-type=\"widget\" data-widget_type=\"text-editor.default\">\n\t\t\t\t<div class=\"elementor-widget-container\">\n\t\t\t\t\t\t\t\t\t<p style=\"text-align: center;\"><strong>\u00cdndex<\/strong><\/p>\t\t\t\t\t\t\t\t<\/div>\n\t\t\t\t<\/div>\n\t\t\t\t<div class=\"elementor-element elementor-element-35edc5d6 elementor-widget elementor-widget-text-editor\" data-id=\"35edc5d6\" data-element_type=\"widget\" data-e-type=\"widget\" data-widget_type=\"text-editor.default\">\n\t\t\t\t<div class=\"elementor-widget-container\">\n\t\t\t\t\t\t\t\t\t<p><a href=\"https:\/\/www.elturistatranquil.com\/ca\/parc-miner-dalmaden-ciudad-real\/#b4401\">Parc Miner d&#8217;Almad\u00e9n. Alc\u00fadia. Ciudad Real<\/a><\/p><p><a href=\"https:\/\/www.elturistatranquil.com\/ca\/parc-miner-dalmaden-ciudad-real\/#b4402\">Patrimoni del mercuri: Almad\u00e9n i Idrija<\/a><\/p><p><a href=\"https:\/\/www.elturistatranquil.com\/ca\/parc-miner-dalmaden-ciudad-real\/#b4403\">El territori<\/a><\/p><p><a href=\"https:\/\/www.elturistatranquil.com\/ca\/parc-miner-dalmaden-ciudad-real\/#b4404\">Una mica d&#8217;hist\u00f2ria<\/a><\/p><p><a href=\"https:\/\/www.elturistatranquil.com\/ca\/parc-miner-dalmaden-ciudad-real\/#b4405\">Mineria i metal\u00b7l\u00fargia del mercuri<\/a><\/p><p><a href=\"https:\/\/www.elturistatranquil.com\/ca\/parc-miner-dalmaden-ciudad-real\/#b4406\">Visita al Parc Miner d&#8217;Almad\u00e9n<\/a><\/p><p style=\"padding-left: 40px;\"><a href=\"https:\/\/www.elturistatranquil.com\/ca\/parc-miner-dalmaden-ciudad-real\/#b4407\">Centre de Visitants<\/a><\/p><p><a href=\"https:\/\/www.elturistatranquil.com\/ca\/parc-miner-dalmaden-ciudad-real\/#b4408\">Instal\u00b7lacions interiors: La mina<\/a><\/p><p style=\"padding-left: 40px;\"><a href=\"https:\/\/www.elturistatranquil.com\/ca\/parc-miner-dalmaden-ciudad-real\/#b4409\">Descens al Pou de San Teodoro<\/a><\/p><p><a href=\"https:\/\/www.elturistatranquil.com\/ca\/parc-miner-dalmaden-ciudad-real\/#b4410\">Instal\u00b7lacions exteriors<\/a><\/p><p style=\"padding-left: 40px;\"><a href=\"https:\/\/www.elturistatranquil.com\/ca\/parc-miner-dalmaden-ciudad-real\/#b4411\">Instal\u00b7lacions extractives exteriors: Pous<\/a><\/p><p style=\"padding-left: 40px;\"><a href=\"https:\/\/www.elturistatranquil.com\/ca\/parc-miner-dalmaden-ciudad-real\/#b4412\">Instal\u00b7lacions del proc\u00e9s metal\u00b7l\u00fargic del mercuri<\/a><\/p><p style=\"padding-left: 80px;\"><a href=\"https:\/\/www.elturistatranquil.com\/ca\/parc-miner-dalmaden-ciudad-real\/#b4413\">Trossejat o M\u00f2lt<\/a><\/p><p style=\"padding-left: 80px;\"><a href=\"https:\/\/www.elturistatranquil.com\/ca\/parc-miner-dalmaden-ciudad-real\/#b4414\">C\u00e0rrega del mineral<\/a><\/p><p style=\"padding-left: 80px;\"><a href=\"https:\/\/www.elturistatranquil.com\/ca\/parc-miner-dalmaden-ciudad-real\/#b4415\">Destil\u00b7laci\u00f3 del mercuri: torrat i forns per torrar<\/a><\/p><p style=\"padding-left: 80px;\"><a href=\"https:\/\/www.elturistatranquil.com\/ca\/parc-miner-dalmaden-ciudad-real\/#b4416\">Forns de jabecas<\/a><\/p><p style=\"padding-left: 80px;\"><a href=\"https:\/\/www.elturistatranquil.com\/ca\/parc-miner-dalmaden-ciudad-real\/#b4417\">Forns de reverber: aportaci\u00f3 F\u00facar<\/a><\/p><p style=\"padding-left: 80px;\"><a href=\"https:\/\/www.elturistatranquil.com\/ca\/parc-miner-dalmaden-ciudad-real\/#b4418\">Forns de aludeles (Forn Bustamante)<\/a><\/p><p style=\"padding-left: 80px;\"><a href=\"https:\/\/www.elturistatranquil.com\/ca\/parc-miner-dalmaden-ciudad-real\/#b4419\">Forns Almad\u00e9n i Forns Cermak-Spirek<\/a><\/p><p style=\"padding-left: 80px;\"><a href=\"https:\/\/www.elturistatranquil.com\/ca\/parc-miner-dalmaden-ciudad-real\/#b4420\">Forns Pacific-Herreshof<\/a><\/p><p style=\"padding-left: 80px;\"><a href=\"https:\/\/www.elturistatranquil.com\/ca\/parc-miner-dalmaden-ciudad-real\/#b4421\">Emmagatzematge i envasat. Museu del Mercuri<\/a><\/p><p style=\"padding-left: 80px;\"><a href=\"https:\/\/www.elturistatranquil.com\/ca\/parc-miner-dalmaden-ciudad-real\/#b4422\">Transport<\/a><\/p><p style=\"padding-left: 80px;\"><a href=\"https:\/\/www.elturistatranquil.com\/ca\/parc-miner-dalmaden-ciudad-real\/#b4423\">Porta de Carlos IV i Porta de Carros<\/a><\/p><p style=\"padding-left: 80px;\"><a href=\"https:\/\/www.elturistatranquil.com\/ca\/parc-miner-dalmaden-ciudad-real\/#b4424\">Activitats complement\u00e0ries<\/a><\/p><p style=\"padding-left: 80px;\"><a href=\"https:\/\/www.elturistatranquil.com\/ca\/parc-miner-dalmaden-ciudad-real\/#b4425\">Escombrera<\/a><\/p><p><a href=\"https:\/\/www.elturistatranquil.com\/ca\/parc-miner-dalmaden-ciudad-real\/#b4426\">Fi de la visita<\/a><\/p><p><a href=\"https:\/\/www.elturistatranquil.com\/ca\/parc-miner-dalmaden-ciudad-real\/#b4427\">Bases d&#8217;informaci\u00f3<\/a><\/p>\t\t\t\t\t\t\t\t<\/div>\n\t\t\t\t<\/div>\n\t\t\t\t\t<\/div>\n\t\t<\/div>\n\t\t\t\t\t<\/div>\n\t\t<\/section>\n\t\t\t\t<div class=\"elementor-element elementor-element-783b8f9c elementor-widget elementor-widget-spacer\" data-id=\"783b8f9c\" data-element_type=\"widget\" data-e-type=\"widget\" data-widget_type=\"spacer.default\">\n\t\t\t\t<div class=\"elementor-widget-container\">\n\t\t\t\t\t\t\t<div class=\"elementor-spacer\">\n\t\t\t<div class=\"elementor-spacer-inner\"><\/div>\n\t\t<\/div>\n\t\t\t\t\t\t<\/div>\n\t\t\t\t<\/div>\n\t\t\t\t<div class=\"elementor-element elementor-element-74a98431 elementor-widget elementor-widget-menu-anchor\" data-id=\"74a98431\" data-element_type=\"widget\" data-e-type=\"widget\" data-widget_type=\"menu-anchor.default\">\n\t\t\t\t<div class=\"elementor-widget-container\">\n\t\t\t\t\t\t\t<div class=\"elementor-menu-anchor\" id=\"b4401\"><\/div>\n\t\t\t\t\t\t<\/div>\n\t\t\t\t<\/div>\n\t\t\t\t<div class=\"elementor-element elementor-element-605370d2 elementor-widget elementor-widget-spacer\" data-id=\"605370d2\" data-element_type=\"widget\" data-e-type=\"widget\" data-widget_type=\"spacer.default\">\n\t\t\t\t<div class=\"elementor-widget-container\">\n\t\t\t\t\t\t\t<div class=\"elementor-spacer\">\n\t\t\t<div class=\"elementor-spacer-inner\"><\/div>\n\t\t<\/div>\n\t\t\t\t\t\t<\/div>\n\t\t\t\t<\/div>\n\t\t\t\t<div class=\"elementor-element elementor-element-1c78c63b elementor-widget elementor-widget-heading\" data-id=\"1c78c63b\" data-element_type=\"widget\" data-e-type=\"widget\" data-widget_type=\"heading.default\">\n\t\t\t\t<div class=\"elementor-widget-container\">\n\t\t\t\t\t<h2 class=\"elementor-heading-title elementor-size-default\">Parc Miner d\u2019Almad\u00e9n. Alcudia. Ciudad Real<\/h2>\t\t\t\t<\/div>\n\t\t\t\t<\/div>\n\t\t\t\t<div class=\"elementor-element elementor-element-70280d7f elementor-widget elementor-widget-text-editor\" data-id=\"70280d7f\" data-element_type=\"widget\" data-e-type=\"widget\" data-widget_type=\"text-editor.default\">\n\t\t\t\t<div class=\"elementor-widget-container\">\n\t\t\t\t\t\t\t\t\t<p>La visita que proposo em porta al Parc Miner d&#8217;Almad\u00e9n, una de les joies del patrimoni industrial espanyol, reconegut com a Patrimoni de la Humanitat. Se situa en les antigues instal\u00b7lacions de la mina de mercuri d&#8217;Almad\u00e9n.<\/p><p>Despr\u00e9s del tancament de l&#8217;activitat minera, les mines m\u00e9s antigues del m\u00f3n van ser rehabilitades per mostrar al p\u00fablic el llegat de dos mil anys d&#8217;explotaci\u00f3 minera.<\/p><p>El mercuri, &#8220;la plata viva&#8221; dels romans, es mostra en el Parc Miner en tots els seus aspectes: L&#8217;extracci\u00f3 del seu mineral, el cinabri (sulfur de mercuri); la seva transformaci\u00f3 en els forns metal\u00b7l\u00fargics; les seves propietats f\u00edsiques i qu\u00edmiques; els seus usos i la seva hist\u00f2ria.<\/p><p>Despr\u00e9s de la cessaci\u00f3 de l&#8217;activitat minera, entre els anys 2001 i 2003, amb el conseg\u00fcent efecte de crisi econ\u00f2mica i social per a la comarca, es van buscar alternatives per dinamitzar l&#8217;activitat econ\u00f2mica..<\/p><p>Una d&#8217;elles va ser la transformaci\u00f3 del conjunt industrial en un Parc Miner que permet\u00e9s l&#8217;explotaci\u00f3 cultural i tur\u00edstica del seu important patrimoni industrial a trav\u00e9s del Pla Director del Parc Miner d&#8217;Almad\u00e9n.<\/p><p>El resultat de rehabilitaci\u00f3 i adaptaci\u00f3 als usos culturals i tur\u00edstic \u00e9s el que seguir\u00e9 al llarg de la visita.<\/p>\t\t\t\t\t\t\t\t<\/div>\n\t\t\t\t<\/div>\n\t\t\t\t<div class=\"elementor-element elementor-element-20de285 elementor-widget elementor-widget-menu-anchor\" data-id=\"20de285\" data-element_type=\"widget\" data-e-type=\"widget\" data-widget_type=\"menu-anchor.default\">\n\t\t\t\t<div class=\"elementor-widget-container\">\n\t\t\t\t\t\t\t<div class=\"elementor-menu-anchor\" id=\"b4402\"><\/div>\n\t\t\t\t\t\t<\/div>\n\t\t\t\t<\/div>\n\t\t\t\t<div class=\"elementor-element elementor-element-43361701 elementor-widget elementor-widget-heading\" data-id=\"43361701\" data-element_type=\"widget\" data-e-type=\"widget\" data-widget_type=\"heading.default\">\n\t\t\t\t<div class=\"elementor-widget-container\">\n\t\t\t\t\t<h3 class=\"elementor-heading-title elementor-size-default\">Patrimoni del mercuri: Almad\u00e9n i Idrija<\/h3>\t\t\t\t<\/div>\n\t\t\t\t<\/div>\n\t\t\t\t<div class=\"elementor-element elementor-element-ab23273 elementor-widget elementor-widget-text-editor\" data-id=\"ab23273\" data-element_type=\"widget\" data-e-type=\"widget\" data-widget_type=\"text-editor.default\">\n\t\t\t\t<div class=\"elementor-widget-container\">\n\t\t\t\t\t\t\t\t\t<p>La import\u00e0ncia d&#8217;aquest mineral i la seva explotaci\u00f3 durant m\u00e9s de dos mil\u00b7lennis, va portar a la Unesco a inscriure el lloc <strong>Patrimoni del mercuri. Almad\u00e9n i Idrija <\/strong>al cat\u00e0leg del <em>Patrimoni Mundial de la Unesco<\/em>, compartit conjuntament per Almad\u00e9n i Idrija, a Eslov\u00e8nia, segona major mina del m\u00f3n.<\/p><p>Engloba doncs, dos llocs de mineria del mercuri de dos pa\u00efsos diferents. A Almad\u00e9n, el mercuri ha estat extret des de l&#8217;antiguitat, mentre que a Idrija es va trobar per primera vegada el 1490.<\/p><p>A m\u00e9s del Parc Miner en sentit estricte, altres llocs de la localitat queden inclosos en el cat\u00e0leg del Patrimoni Mundial, com s\u00f3n: Reial Pres\u00f3 de for\u00e7ats; Reial Hospital de Miners de Sant Rafael; Casa Acad\u00e8mia de Mines; Castell de Retamar i Pla\u00e7a de Toros.<\/p><p>Per ells em passejar\u00e9 en aquest Post i en el seg\u00fcent.<\/p><p>En aquest presento el <strong>Parc Miner<\/strong> i les seves instal\u00b7lacions.<\/p><p>En el <em>Post<\/em>: <strong><a href=\"https:\/\/www.elturistatranquil.com\/ca\/almaden-ciudad-real\/\" target=\"_blank\" rel=\"noopener\">Almad\u00e9n (Ciudad Real)<\/a>,<\/strong> recullo el recorregut per la part hist\u00f2rica de la vila d&#8217;Almad\u00e9n, amb les instal\u00b7lacions vinculades al Parc Miner ubicades a la localitat.<\/p>\t\t\t\t\t\t\t\t<\/div>\n\t\t\t\t<\/div>\n\t\t\t\t<div class=\"elementor-element elementor-element-2895f9b elementor-widget elementor-widget-menu-anchor\" data-id=\"2895f9b\" data-element_type=\"widget\" data-e-type=\"widget\" data-widget_type=\"menu-anchor.default\">\n\t\t\t\t<div class=\"elementor-widget-container\">\n\t\t\t\t\t\t\t<div class=\"elementor-menu-anchor\" id=\"b4403\"><\/div>\n\t\t\t\t\t\t<\/div>\n\t\t\t\t<\/div>\n\t\t\t\t<div class=\"elementor-element elementor-element-33c7406 elementor-widget elementor-widget-heading\" data-id=\"33c7406\" data-element_type=\"widget\" data-e-type=\"widget\" data-widget_type=\"heading.default\">\n\t\t\t\t<div class=\"elementor-widget-container\">\n\t\t\t\t\t<h2 class=\"elementor-heading-title elementor-size-default\">El territori<\/h2>\t\t\t\t<\/div>\n\t\t\t\t<\/div>\n\t\t\t\t<div class=\"elementor-element elementor-element-901da7b elementor-widget elementor-widget-text-editor\" data-id=\"901da7b\" data-element_type=\"widget\" data-e-type=\"widget\" data-widget_type=\"text-editor.default\">\n\t\t\t\t<div class=\"elementor-widget-container\">\n\t\t\t\t\t\t\t\t\t<p>La vila d\u2019Almad\u00e9n est\u00e0 situada al l\u00edmit occidental de la prov\u00edncia de Ciudad Real, en la Comunitat Aut\u00f2noma de Castilla-la Manxa, gaireb\u00e9 al l\u00edmit amb les prov\u00edncies de Badajoz i C\u00f2rdova.<\/p><p>At\u00e8s que Castilla-la Manxa no ha efectuat una comarcalitzaci\u00f3 oficial del seu territori, trobem que de vegades se la inclou a la comarca hist\u00f2rica d\u2019Alcudia (divisi\u00f3 comarcal de la Diputaci\u00f3 de Ciudad Real), o del Valle d\u2019Alcudia, per\u00f2 tamb\u00e9 des del territori es parla de comarca d&#8217;Almad\u00e9n.<\/p><p>El fet significatiu d&#8217;aquest territori se centra en la seva estructura geol\u00f2gica, i m\u00e9s concretament, en l&#8217;abund\u00e0ncia de minerals vinculats al mercuri, del qu\u00e8 es considera que ha estat el major productor mundial al llarg de tota la hist\u00f2ria, iniciant-se aquesta activitat, si m\u00e9s no, des de la \u00e8poca de colonitzaci\u00f3 romana.<\/p><p>A l&#8217;\u00e0rea de Sierra Morena que correspon a la prov\u00edncia de Ciutat Real, destaca la import\u00e0ncia minera que hist\u00f2ricament han tingut les mines d&#8217;Almad\u00e9n en l&#8217;extracci\u00f3 de cinabri per produir mercuri.<\/p><p>Es tracta d&#8217;una formaci\u00f3 geol\u00f2gica iniciada fa 430 milions d&#8217;anys, amb quarsites dipositades al fons de la mar. Un vulcanisme profund posterior va arrossegar mercuri que es va combinar amb el sofre, formant el cinabri (sulfur de mercuri).<\/p><p>La orog\u00e8nia herciniana, fa uns 300 milions d&#8217;anys, va plegar i va fracturar aquesta estructura, elevant-se sobre el nivell de la mar en capes gaireb\u00e9 verticals en aquesta zona, formant un gran sinclinal de direcci\u00f3 nord-oest sud-est, que en la part occidental t\u00e9 com a centre Almad\u00e9n.<\/p><p>L&#8217;erosi\u00f3 posterior, durant milions d&#8217;anys, va modelar finalment el relleu actual.<\/p><p>El jaciment \u00e9s de car\u00e0cter estratiforme i impregna de cinabri la pedra sorrenca original. Apareix lligat a la pres\u00e8ncia d&#8217;unes toves volc\u00e0niques explosives. Es localitza en el flanc sud del sinclinal d&#8217;Almad\u00e9n on apareix la verticalitat i amb un rumb E-O, t\u00e9 una correguda m\u00e0xima de 500 metres i arriba a una profunditat m\u00e0xima de 700 metres.<\/p><p>La base geol\u00f2gica del Castell de Retamar, que veurem m\u00e9s endavant, permet apreciar clarament aquesta disposici\u00f3 en vertical de les capes.<\/p>\t\t\t\t\t\t\t\t<\/div>\n\t\t\t\t<\/div>\n\t\t\t\t<div class=\"elementor-element elementor-element-293969b7 elementor-widget elementor-widget-image\" data-id=\"293969b7\" data-element_type=\"widget\" data-e-type=\"widget\" data-widget_type=\"image.default\">\n\t\t\t\t<div class=\"elementor-widget-container\">\n\t\t\t\t\t\t\t\t\t\t\t\t<figure class=\"wp-caption\">\n\t\t\t\t\t\t\t\t\t\t<img decoding=\"async\" width=\"768\" height=\"512\" src=\"https:\/\/www.elturistatranquil.com\/wp-content\/uploads\/F02b-Parque-minero-de-Almaden-Castillo-de.jpg\" class=\"attachment-large size-large wp-image-29697\" alt=\"Parque minero de Almaden Castillo de Retamar\" srcset=\"https:\/\/www.elturistatranquil.com\/wp-content\/uploads\/F02b-Parque-minero-de-Almaden-Castillo-de.jpg 768w, https:\/\/www.elturistatranquil.com\/wp-content\/uploads\/F02b-Parque-minero-de-Almaden-Castillo-de-339x226.jpg 339w\" sizes=\"(max-width: 768px) 100vw, 768px\" \/>\t\t\t\t\t\t\t\t\t\t\t<figcaption class=\"widget-image-caption wp-caption-text\"><\/figcaption>\n\t\t\t\t\t\t\t\t\t\t<\/figure>\n\t\t\t\t\t\t\t\t\t<\/div>\n\t\t\t\t<\/div>\n\t\t\t\t<div class=\"elementor-element elementor-element-9e80b9d elementor-widget elementor-widget-text-editor\" data-id=\"9e80b9d\" data-element_type=\"widget\" data-e-type=\"widget\" data-widget_type=\"text-editor.default\">\n\t\t\t\t<div class=\"elementor-widget-container\">\n\t\t\t\t\t\t\t\t\t<p>Aquesta disposici\u00f3 vertical s&#8217;aprecia tamb\u00e9 en la secci\u00f3 transversal del pou de San Teodoro.<\/p>\t\t\t\t\t\t\t\t<\/div>\n\t\t\t\t<\/div>\n\t\t\t\t<div class=\"elementor-element elementor-element-5fc58f4 elementor-widget elementor-widget-image\" data-id=\"5fc58f4\" data-element_type=\"widget\" data-e-type=\"widget\" data-widget_type=\"image.default\">\n\t\t\t\t<div class=\"elementor-widget-container\">\n\t\t\t\t\t\t\t\t\t\t\t\t<figure class=\"wp-caption\">\n\t\t\t\t\t\t\t\t\t\t<img loading=\"lazy\" decoding=\"async\" width=\"355\" height=\"550\" src=\"https:\/\/www.elturistatranquil.com\/wp-content\/uploads\/F02c-Parque-minero-de-Almaden.jpg\" class=\"attachment-large size-large wp-image-29699\" alt=\"Parque minero de Almaden\" srcset=\"https:\/\/www.elturistatranquil.com\/wp-content\/uploads\/F02c-Parque-minero-de-Almaden.jpg 355w, https:\/\/www.elturistatranquil.com\/wp-content\/uploads\/F02c-Parque-minero-de-Almaden-146x226.jpg 146w\" sizes=\"(max-width: 355px) 100vw, 355px\" \/>\t\t\t\t\t\t\t\t\t\t\t<figcaption class=\"widget-image-caption wp-caption-text\"><\/figcaption>\n\t\t\t\t\t\t\t\t\t\t<\/figure>\n\t\t\t\t\t\t\t\t\t<\/div>\n\t\t\t\t<\/div>\n\t\t\t\t<div class=\"elementor-element elementor-element-bbe0616 elementor-widget elementor-widget-menu-anchor\" data-id=\"bbe0616\" data-element_type=\"widget\" data-e-type=\"widget\" data-widget_type=\"menu-anchor.default\">\n\t\t\t\t<div class=\"elementor-widget-container\">\n\t\t\t\t\t\t\t<div class=\"elementor-menu-anchor\" id=\"b4404\"><\/div>\n\t\t\t\t\t\t<\/div>\n\t\t\t\t<\/div>\n\t\t\t\t<div class=\"elementor-element elementor-element-bacc0e2 elementor-widget elementor-widget-text-editor\" data-id=\"bacc0e2\" data-element_type=\"widget\" data-e-type=\"widget\" data-widget_type=\"text-editor.default\">\n\t\t\t\t<div class=\"elementor-widget-container\">\n\t\t\t\t\t\t\t\t\t<p>Al costat del jaciment d&#8217;Almad\u00e9n, s&#8217;han explotat a la zona altres jaciments de menor import\u00e0ncia a El Entredicho, Las Cuevas, La Concepci\u00f3n Vieja i la Concepci\u00f3n Nueva.<\/p><p>Una caracter\u00edstica del cinabri \u00e9s el seu color vermell vermell\u00f3, color pel qual va ser inicialment molt apreciat el seu \u00fas en \u00e8poca romana, el que va comportar la seva extracci\u00f3 per ser portat a Roma. Tamb\u00e9 es pot trobar mercuri natiu, en estat pur l\u00edquid a temperatura normal, per\u00f2 \u00e9s dif\u00edcil de captar a causa de la seva mobilitat.<\/p><p>Per situar Almad\u00e9n en la seva posici\u00f3 pel que fa a les estructures del medi f\u00edsic peninsular, em remeto al <em>Post<\/em>: <a href=\"https:\/\/www.elturistatranquil.com\/ca\/estructures-territorials-a-l'espanya-peninsular\/#b4003\" target=\"_blank\" rel=\"noopener\">Estructures territorials a l&#8217;Espanya peninsular<\/a>.<\/p>\t\t\t\t\t\t\t\t<\/div>\n\t\t\t\t<\/div>\n\t\t\t\t<div class=\"elementor-element elementor-element-f49f363 elementor-widget elementor-widget-heading\" data-id=\"f49f363\" data-element_type=\"widget\" data-e-type=\"widget\" data-widget_type=\"heading.default\">\n\t\t\t\t<div class=\"elementor-widget-container\">\n\t\t\t\t\t<h2 class=\"elementor-heading-title elementor-size-default\">Una mica d'hist\u00f2ria<\/h2>\t\t\t\t<\/div>\n\t\t\t\t<\/div>\n\t\t\t\t<div class=\"elementor-element elementor-element-6bff4c6 elementor-widget elementor-widget-text-editor\" data-id=\"6bff4c6\" data-element_type=\"widget\" data-e-type=\"widget\" data-widget_type=\"text-editor.default\">\n\t\t\t\t<div class=\"elementor-widget-container\">\n\t\t\t\t\t\t\t\t\t<p>Es desconeix amb exactitud l&#8217;inici de la seva explotaci\u00f3 minera. Per\u00f2 aquest territori es coneixia ja alguns segles aC amb el nom celta de territori <em>sisaponiense<\/em>, que prov\u00e9 de Sisapo, terme que significa &#8220;<em>cova de la qual s&#8217;extreuen metalls<\/em>&#8220;.<\/p><p>Uns 300 anys aC l&#8217;historiador grec Teophrasto deia que &#8220;s&#8217;estimava molt el cinabri dur i de fines sorres que procedia d&#8217;Hisp\u00e0nia&#8221;, encara que sense citar directament a Almad\u00e9n.<\/p><p>La primera certesa pel que fa a Almad\u00e9n la tenim en el fet que els romans van explotar les mines d&#8217;Almad\u00e9n per enviar cinabri a Roma. All\u00e0 es produ\u00efa el m\u00e9s preuat vermellenc de l&#8217;Imperi a partir del sulfur de mercuri de color vermell (cinabri). Encara que \u00e9s molt probable que no explotessin la mina d&#8217;Almad\u00e9n, sin\u00f3 la de les Cuevas, per la major facilitat de la disposici\u00f3 del cinabri a la roca.<\/p><p>Els romans usaven el cinabri per obtenir el vermellenc, considerant que el millor de l&#8217;Imperi era el de Sisapo, pel seu bell color vermell natural.<\/p>\t\t\t\t\t\t\t\t<\/div>\n\t\t\t\t<\/div>\n\t\t\t\t<div class=\"elementor-element elementor-element-c06dae9 elementor-widget elementor-widget-image\" data-id=\"c06dae9\" data-element_type=\"widget\" data-e-type=\"widget\" data-widget_type=\"image.default\">\n\t\t\t\t<div class=\"elementor-widget-container\">\n\t\t\t\t\t\t\t\t\t\t\t\t<figure class=\"wp-caption\">\n\t\t\t\t\t\t\t\t\t\t<img loading=\"lazy\" decoding=\"async\" width=\"768\" height=\"511\" src=\"https:\/\/www.elturistatranquil.com\/wp-content\/uploads\/F03a-Parque-minero-de-Almaden.jpg\" class=\"attachment-large size-large wp-image-29701\" alt=\"Parque minero de Almaden\" srcset=\"https:\/\/www.elturistatranquil.com\/wp-content\/uploads\/F03a-Parque-minero-de-Almaden.jpg 768w, https:\/\/www.elturistatranquil.com\/wp-content\/uploads\/F03a-Parque-minero-de-Almaden-339x226.jpg 339w\" sizes=\"(max-width: 768px) 100vw, 768px\" \/>\t\t\t\t\t\t\t\t\t\t\t<figcaption class=\"widget-image-caption wp-caption-text\"><\/figcaption>\n\t\t\t\t\t\t\t\t\t\t<\/figure>\n\t\t\t\t\t\t\t\t\t<\/div>\n\t\t\t\t<\/div>\n\t\t\t\t<div class=\"elementor-element elementor-element-426a5a8 elementor-widget elementor-widget-text-editor\" data-id=\"426a5a8\" data-element_type=\"widget\" data-e-type=\"widget\" data-widget_type=\"text-editor.default\">\n\t\t\t\t<div class=\"elementor-widget-container\">\n\t\t\t\t\t\t\t\t\t<p>Se suposa que durant el per\u00edode visig\u00f2tic va haver de baixar molt l&#8217;activitat minera.<\/p><p>L&#8217;explotaci\u00f3 de les mines d&#8217;Almad\u00e9n va continuar amb els \u00e0rabs, per\u00f2 amb una nova destinaci\u00f3 d&#8217;aplicaci\u00f3 ja que, al costat del seu \u00fas en ornament, es va passar a utilitzar l&#8217;argent viu en alqu\u00edmia i medicina.<\/p><p>L&#8217;alqu\u00edmia pretenia que amb l&#8217;aplicaci\u00f3 del mercuri es podria arribar a la transformaci\u00f3 en or i plata. Mentre que en medicina es feia servir per preparar diferents medicaments.<\/p><p>Els \u00e0rabs van deixar diverses paraules com <em>alarife<\/em> (mestre d&#8217;obres), <em>zafrero<\/em> o <em>azogue<\/em> (argent viu). El mateix nom Almad\u00e9n, <em>al-Ma&#8217;din<\/em> significa &#8220;la mina&#8221;.<\/p>\t\t\t\t\t\t\t\t<\/div>\n\t\t\t\t<\/div>\n\t\t\t\t<div class=\"elementor-element elementor-element-78026f6 elementor-widget elementor-widget-image\" data-id=\"78026f6\" data-element_type=\"widget\" data-e-type=\"widget\" data-widget_type=\"image.default\">\n\t\t\t\t<div class=\"elementor-widget-container\">\n\t\t\t\t\t\t\t\t\t\t\t\t<figure class=\"wp-caption\">\n\t\t\t\t\t\t\t\t\t\t<img loading=\"lazy\" decoding=\"async\" width=\"768\" height=\"512\" src=\"https:\/\/www.elturistatranquil.com\/wp-content\/uploads\/F03b-Parque-minero-de-Almaden-alambique-\u00e1rabe.jpg\" class=\"attachment-large size-large wp-image-29703\" alt=\"Parque minero de Almaden alambique \u00e1rabe\" srcset=\"https:\/\/www.elturistatranquil.com\/wp-content\/uploads\/F03b-Parque-minero-de-Almaden-alambique-\u00e1rabe.jpg 768w, https:\/\/www.elturistatranquil.com\/wp-content\/uploads\/F03b-Parque-minero-de-Almaden-alambique-\u00e1rabe-339x226.jpg 339w\" sizes=\"(max-width: 768px) 100vw, 768px\" \/>\t\t\t\t\t\t\t\t\t\t\t<figcaption class=\"widget-image-caption wp-caption-text\">Alamb\u00ed \u00e0rab<\/figcaption>\n\t\t\t\t\t\t\t\t\t\t<\/figure>\n\t\t\t\t\t\t\t\t\t<\/div>\n\t\t\t\t<\/div>\n\t\t\t\t<div class=\"elementor-element elementor-element-9cfc909 elementor-widget elementor-widget-text-editor\" data-id=\"9cfc909\" data-element_type=\"widget\" data-e-type=\"widget\" data-widget_type=\"text-editor.default\">\n\t\t\t\t<div class=\"elementor-widget-container\">\n\t\t\t\t\t\t\t\t\t<p>Una vegada ocupat el territori per Castella, a partir de 1168, amb Alfonso VIII, s&#8217;arriba a cedir la seva explotaci\u00f3 completa a l&#8217;Ordre de Calatrava, pels serveis prestats a la Corona.<\/p><p>La duresa i perillositat de la feina a la mina dificultava trobar treballadors. Al segle XV Almad\u00e9n es va veure tan despoblada que l&#8217;Ordre de Calatrava, en 1417, es va veure obligada per procurar la repoblaci\u00f3 a concedir el Privilegi de Villazgo independent.<\/p><p>Amb els Reis Cat\u00f2lics, al passar l&#8217;Ordre de Calatrava a ser patrimoni reial, les mines d&#8217;Almad\u00e9n dependran directament de la Corona.<\/p><p>Al segle XVI, sota el regnat de Carles I, els banquers Fugger o F\u00facares, com se&#8217;ls coneix a Espanya, van reclamar en 1523 a l&#8217;Emperador el pagament del seu paper decisiu en la seva elecci\u00f3 com a emperador dell Sacre Imperi Rom\u00e0 Germ\u00e0nic. La soluci\u00f3 va ser que els banquers es fessin amb l&#8217;administraci\u00f3 dels maestrazgos (de Santiago, Alc\u00e1ntara i Calatrava). Entre les rendes estaven les mines d&#8217;Almad\u00e9n. Els drets sobre Almad\u00e9n li van ser arrendats a Jakob Fugger el 1525.<\/p><p>Els F\u00facares gestionaven els seus negocis a trav\u00e9s de sucursals en els llocs on estaven implantats. A Almad\u00e9n hi havia un <em>factor<\/em> en una mansi\u00f3, la Casa dels F\u00facares, situada a l&#8217;interior de la localitat, que \u00e9s un punt de visita al recorregut que efectuar\u00e0 posteriorment.<\/p><p>El descobriment de les mines de plata de Potos\u00ed (Per\u00fa) i Zacatecas (Nova Espanya, M\u00e8xic), i al descobrir-se el m\u00e8tode de pati per a la amalgamaci\u00f3 dels minerals de plata, va convertir a l&#8217;argent viu (azogue) en un element estrat\u00e8gic, el que va incrementar la necessitat de la seva producci\u00f3.<\/p><p>Amb l&#8217;invent de la amalgamaci\u00f3 va perdre progressivament import\u00e0ncia la fabricaci\u00f3 de vermell\u00f3 i Solim\u00e1n.<\/p><p>La manca de m\u00e0 d&#8217;obra porta a utilitzar presos for\u00e7ats i esclaus. Pel sue allotjament es construeix el 1525 una pres\u00f3, <em>La Cruj\u00eda<\/em>, comunicada directament amb la mina mitjan\u00e7ant un t\u00fanel subterrani per evitar la fugida dels presos.<\/p><p>En 1697 es va trobar mineral a peu del castell i, com a conseq\u00fc\u00e8ncia, es va realitzar un <em>socav\u00f3n<\/em> o pou horitzontal entre 1703 i 1706 per assolir-lo a 50 metres per sota de la superf\u00edcie. \u00c9s la coneguda com a Mina del Castell, situat al costat del Castell de Retamar, que ocupa el <em>Cerco de San Teodoro<\/em>, prolongaci\u00f3 pel nord-est del <em>Cerco de Buitrones<\/em>. El <em>socav\u00f3n<\/em> t\u00e9 212 metres de longitud i est\u00e0, \u00edntegrament, revestit de ma\u00f3 per evitar els freq\u00fcents incendis que es produ\u00efen a la mina.<\/p><p>Al segle XVIII treballaven en les mines d&#8217;Almad\u00e9n unes 2.500 persones.<\/p><p>Al llarg de segle XVIII es van introduint innovacions t\u00e8cniques, en gran mesura de la m\u00e0 de la incorporaci\u00f3 d&#8217;enginyers alemanys.<\/p><p>En 1777, Carlos III decideix fundar a Almad\u00e9n una Acad\u00e8mia de Mines que ser\u00e0 la quarta d&#8217;Europa. Iniciant-se en 1781 la construcci\u00f3 de l&#8217;edifici de la <em>Casa Acad\u00e8mia de Mines d&#8217;Almad\u00e9n<\/em>.<\/p><p>En la d\u00e8cada de 1750 l&#8217;antiga pres\u00f3 de la Cruj\u00eda va ser substitu\u00efda per la <em>Real Pres\u00f3 de For\u00e7ats<\/em>. L&#8217;\u00fas de for\u00e7ats va finalitzar en 1800, tancant-se la pres\u00f3.<\/p><p>L&#8217;augment del nombre de miners, i la import\u00e0ncia i freq\u00fc\u00e8ncia d&#8217;accidents i de malalties vinculades al mercuri, aix\u00ed com les epid\u00e8mies provocades per l&#8217;amuntegament a les cases de la localitat, va conv\u00e8ncer al superintendent Francisco Javier de Villegas de la necessitat de construir un hospital per atendre&#8217;ls, construint el <em>Reial Hospital de Miners de Sant Rafael<\/em> entre 1755 i 1773.<\/p><p>Com a font de finan\u00e7ament de les obres de l&#8217;hospital es va dur a terme la construcci\u00f3 de 24 habitatges destinats a l&#8217;allotjament de treballadors forasters disposades en forma de pol\u00edgon hexagonal. El per\u00edmetre delimitava una pla\u00e7a de toros a l&#8217;interior. Els recursos prevenien del pagament de lloguers i de l&#8217;\u00fas de la pla\u00e7a de toros.<\/p><p>El treball de dones i nens havia format part de la hist\u00f2ria de les mines. Les dones en tasques indirectes, mentre que els nens i nois si que treballaven en les mines. Fins 1837 que va ser vetat l&#8217;ingr\u00e9s en tasques d&#8217;interior als menors de 17 any, i fins als 18 anys en 1841, encara que no sempre es complia, en nombroses ocasions pressionats pels pares per obtenir uns ingressos familiars m\u00e9s.<\/p><p>El terme <em>azogue<\/em> es va usar fins al segle XVIII en qu\u00e8, progressivament va ser substitu\u00eft pel de mercuri.<\/p><p>Durant el segle XIX diversos factors provoquen una greu crisi en el mercuri d&#8217;Almad\u00e9n i, al mateix temps, la Hisenda P\u00fablica espanyola es troba en dif\u00edcil situaci\u00f3. Per aix\u00f2, s&#8217;efectua un contracte el 1835 amb la banca Rothschild perqu\u00e8 s&#8217;encarregu\u00e9s de la seva comercialitzaci\u00f3, que va durar fins a 1921.<\/p><p>En aquest per\u00edode s&#8217;obre el debat sobre si s\u2019ha de arrendar o vendre l&#8217;Establiment Miner, o que l&#8217;Estat assumeixi la seva modernitzaci\u00f3.<\/p><p>S&#8217;opta per crear un Consell d&#8217;Administraci\u00f3 aut\u00f2noma d&#8217;Almad\u00e9n en 1918.<\/p><p>La modernitzaci\u00f3 i mecanitzaci\u00f3 implicar\u00e0 la necessitat de menys m\u00e0 d&#8217;obra, el que obre el problema de la desocupaci\u00f3 a la zona. Ja en 1933 s&#8217;inicia la recerca d&#8217;altres activitats econ\u00f2miques.<\/p><p>En els anys posteriors a la Guerra Civil, durant la Segona Guerra Mundial, les produccions de mercuri s\u00f3n molt elevades, aconseguint el 1941 el r\u00e8cord en tota la hist\u00f2ria de les mines amb 85.000 flascons envasats, ja que totes les grans nacions desitjaven posseir la major quantitat possible de mercuri, especialment si estaven implicades directament en el conflicte. Per aconseguir aquestes produccions es va crear un Camp de Concentraci\u00f3 per a presos pol\u00edtics for\u00e7ats.<\/p><p>Despr\u00e9s de la Guerra Civil, l&#8217;establiment havia quedat obsolet aplicant un pla quinquennal per a la seva modernitzaci\u00f3 el 1952.<\/p><p>Es va obrir un nou pou, el San Joaqu\u00edn, que el 1976 havia arribat als 700 metres de profunditat. I es van instal\u00b7lar nous forns.<\/p><p>Per fi, l&#8217;any 2001 es va tancar definitivament l&#8217;explotaci\u00f3 minera, i es va mantenir la planta metal\u00b7l\u00fargica, que al seu torn va cessar definitivament totes les activitats industrials l&#8217;any 2003.<\/p><p>Entre els projectes de rellan\u00e7ament econ\u00f2mic de la comarca, s&#8217;inclou el de projectar al Parc de les Mines d&#8217;Almad\u00e9n com a \u00e0mbit tur\u00edstic en base al seu potencial de patrimoni industrial i de Patrimoni Mundial.<\/p>\t\t\t\t\t\t\t\t<\/div>\n\t\t\t\t<\/div>\n\t\t\t\t<div class=\"elementor-element elementor-element-7e2a67d elementor-widget elementor-widget-menu-anchor\" data-id=\"7e2a67d\" data-element_type=\"widget\" data-e-type=\"widget\" data-widget_type=\"menu-anchor.default\">\n\t\t\t\t<div class=\"elementor-widget-container\">\n\t\t\t\t\t\t\t<div class=\"elementor-menu-anchor\" id=\"b4405\"><\/div>\n\t\t\t\t\t\t<\/div>\n\t\t\t\t<\/div>\n\t\t\t\t<div class=\"elementor-element elementor-element-f57a037 elementor-widget elementor-widget-heading\" data-id=\"f57a037\" data-element_type=\"widget\" data-e-type=\"widget\" data-widget_type=\"heading.default\">\n\t\t\t\t<div class=\"elementor-widget-container\">\n\t\t\t\t\t<h2 class=\"elementor-heading-title elementor-size-default\">Mineria i metal\u00b7l\u00fargia del mercuri<\/h2>\t\t\t\t<\/div>\n\t\t\t\t<\/div>\n\t\t\t\t<div class=\"elementor-element elementor-element-3c03747 elementor-widget elementor-widget-text-editor\" data-id=\"3c03747\" data-element_type=\"widget\" data-e-type=\"widget\" data-widget_type=\"text-editor.default\">\n\t\t\t\t<div class=\"elementor-widget-container\">\n\t\t\t\t\t\t\t\t\t<p>Per comprendre les instal\u00b7lacions que es visitaran pot ser interessant con\u00e8ixer la metal\u00b7l\u00fargia del mercuri, \u00e9s a dir, els passos que segueix el proc\u00e9s t\u00e8cnic d&#8217;obtenci\u00f3 del mercuri (s\u00edmbol qu\u00edmic Hg), des de l&#8217;extracci\u00f3 fins a la comercialitzaci\u00f3.<\/p><p>Un dels aspectes m\u00e9s interessants de Parc Miner d&#8217;Almad\u00e9n, completat amb instal\u00b7lacions complement\u00e0ries a Almad\u00e9n, \u00e9s que reuneix en una sola instal\u00b7laci\u00f3 i localitat el cicle complet de producci\u00f3, inclosa la formaci\u00f3 dels quadres t\u00e8cnics, caracter\u00edstica no gaire habitual.<\/p><ol><li>El proc\u00e9s comen\u00e7a per l&#8217;<strong>extracci\u00f3<\/strong> del mineral, el cinabri (sulfur de mercuri HgS).<\/li><li>La metal\u00b7l\u00fargia del mercuri correspon a la seg\u00fcent etapa organitzada per l&#8217;obtenci\u00f3 del <em>azogue<\/em> o mercuri, com a producte final.<\/li><\/ol><p>Per extreure el <em>azogue<\/em> del mineral de cinabri \u00e9s necessari dur a terme una s\u00e8rie d&#8217;operacions basades en una senzilla reacci\u00f3 qu\u00edmica:<\/p><p style=\"text-align: center;\">HgS + O<sub>2<\/sub> = SO<sub>2<\/sub> + Hg<\/p><p>Mitjan\u00e7ant el torrat (tostaci\u00f3n) del cinabri al sotmetre&#8217;l a altes temperatures, el sofre es combina amb l&#8217;oxigen i el mercuri es despr\u00e8n en estat de vapor, passant despr\u00e9s per un circuit de refrigeraci\u00f3 que el condensa i torna al seu estat l\u00edquid.<\/p><p>Aquest principi tan simple presenta en la pr\u00e0ctica serioses dificultats, ja que el car\u00e0cter vol\u00e0til del vapor de mercuri complica molt la seva condensaci\u00f3.<\/p><p>En Almad\u00e9n, al llarg del temps, els diversos enginys que es van emprar per destil\u00b7lar el cinabri van anar millorant la forma de condensar el mercuri, comptant de manera invariable amb un forn per torrar el mineral, un circuit de refrigeraci\u00f3 i un dip\u00f2sit per rebre el mercuri condensat.<\/p><p>En aquesta fase metal\u00b7l\u00fargica, en primer lloc, el mineral \u00e9s <strong>molt<\/strong>, triturant-se a diferents granulometries en funci\u00f3 del tipus de forn on es vagi a tractar. A continuaci\u00f3, es procedeix a la seva torrada (<em>tostaci\u00f3n<\/em>) en un <strong>forn<\/strong>, reacci\u00f3 per la qual el sulfur de mercuri es descompon gr\u00e0cies a l&#8217;acci\u00f3 reactiva de l&#8217;aire atmosf\u00e8ric, alliberant di\u00f2xid de sofre (SO<sub>2<\/sub>) m\u00e9s vapor mercurial. Aquest vapor passa per un <strong>circuit de refrigeraci\u00f3<\/strong> per a la seva <strong>condensaci\u00f3<\/strong>. A continuaci\u00f3, es <strong>depura<\/strong> en diferent grau segons l&#8217;\u00fas a qu\u00e8 vagi destinat, obtenint-se el <em>azogue<\/em> o mercuri l\u00edquid. Finalment, a l&#8217;\u00e9sser un l\u00edquid es procedeix al seu <strong>envasat<\/strong> i <strong>emmagatzemat<\/strong>, preparat per a la seva <strong>comercialitzaci\u00f3<\/strong>.<\/p><p>Inicialment, les aplicacions del mercuri es redu\u00efen per part de romans i \u00e0rabs, a l&#8217;aprofitament del mineral, el cinabri, sense transformar-lo, reduint-se a nom\u00e9s triturar-lo per obtenir tints i colorants. No obstant aix\u00f2, els \u00e0rabs van ampliar es seu \u00fas per a pr\u00e0ctiques d&#8217;alqu\u00edmia. La seva aplicaci\u00f3 posterior, ara en quantitats industrials, consistir\u00e0 en utilitzar mercuri pur per desenvolupar el proc\u00e9s de la amalgamaci\u00f3 per obtenir plata, or i coure dels seus respectius minerals, i m\u00e9s secund\u00e0riament, per a altres aplicacions del mercuri.<\/p><p>La <strong>t\u00e8cnica de la amalgamaci\u00f3<\/strong> consisteix en la recuperaci\u00f3 de la plata, or i coure dels minerals i objectes que els contenien, aprofitant la facilitat del mercuri per amalgamar amb aquests metalls al barrejar-los \u00edntimament. A continuaci\u00f3, l&#8217;amalgama formada s&#8217;escalfa i el mercuri s&#8217;evapora i queda nom\u00e9s el metall refinat.<\/p><p>En la hist\u00f2ria d&#8217;Espanya, aquest va ser el procediment usat per recuperar la plata i l&#8217;or de les mines americanes de M\u00e8xic i Per\u00fa a partir de la descoberta i colonitzaci\u00f3. Van ser ingents les quantitats de <em>azogue<\/em> exportades a Am\u00e8rica per aquesta finalitat.<\/p><p>Per constatar la complexitat del proc\u00e9s i la seva evoluci\u00f3 hist\u00f2rica, una dada curiosa i interessant \u00e9s que entre el segle XIII i el XIX aquest ampli proc\u00e9s des de l&#8217;extracci\u00f3 al transport i comercialitzaci\u00f3, amb les activitats complement\u00e0ries necess\u00e0ries, va donar lloc a 129 oficis hist\u00f2rics de les mineries d&#8217;Almad\u00e9n, comptats a partir de l&#8217;ap\u00e8ndix de l&#8217;obra de <em>\u00c1ngel M. Hern\u00e1ndez Sobrino, Los mineros del azogue<\/em>.<\/p>\t\t\t\t\t\t\t\t<\/div>\n\t\t\t\t<\/div>\n\t\t\t\t<div class=\"elementor-element elementor-element-6ac3bb5 elementor-widget elementor-widget-menu-anchor\" data-id=\"6ac3bb5\" data-element_type=\"widget\" data-e-type=\"widget\" data-widget_type=\"menu-anchor.default\">\n\t\t\t\t<div class=\"elementor-widget-container\">\n\t\t\t\t\t\t\t<div class=\"elementor-menu-anchor\" id=\"b4406\"><\/div>\n\t\t\t\t\t\t<\/div>\n\t\t\t\t<\/div>\n\t\t\t\t<div class=\"elementor-element elementor-element-834bd5c elementor-widget elementor-widget-heading\" data-id=\"834bd5c\" data-element_type=\"widget\" data-e-type=\"widget\" data-widget_type=\"heading.default\">\n\t\t\t\t<div class=\"elementor-widget-container\">\n\t\t\t\t\t<h2 class=\"elementor-heading-title elementor-size-default\">Visita al Parc Miner d\u2019Almad\u00e9n <\/h2>\t\t\t\t<\/div>\n\t\t\t\t<\/div>\n\t\t\t\t<div class=\"elementor-element elementor-element-3a248dd elementor-widget elementor-widget-image\" data-id=\"3a248dd\" data-element_type=\"widget\" data-e-type=\"widget\" data-widget_type=\"image.default\">\n\t\t\t\t<div class=\"elementor-widget-container\">\n\t\t\t\t\t\t\t\t\t\t\t\t<figure class=\"wp-caption\">\n\t\t\t\t\t\t\t\t\t\t<img loading=\"lazy\" decoding=\"async\" width=\"768\" height=\"512\" src=\"https:\/\/www.elturistatranquil.com\/wp-content\/uploads\/F04-Parque-Minero-de-Almaden-Google-earth-2020-03-25.jpg\" class=\"attachment-large size-large wp-image-29705\" alt=\"Parque Minero de Almaden (Google earth 2020-03-25)\" srcset=\"https:\/\/www.elturistatranquil.com\/wp-content\/uploads\/F04-Parque-Minero-de-Almaden-Google-earth-2020-03-25.jpg 768w, https:\/\/www.elturistatranquil.com\/wp-content\/uploads\/F04-Parque-Minero-de-Almaden-Google-earth-2020-03-25-339x226.jpg 339w\" sizes=\"(max-width: 768px) 100vw, 768px\" \/>\t\t\t\t\t\t\t\t\t\t\t<figcaption class=\"widget-image-caption wp-caption-text\">CB: Cerco de Buitrones; CT: Cerco San Teodoro; 15: Pou de San Miguel; Es: Escombrera; PK; Entrada, aparcament<\/figcaption>\n\t\t\t\t\t\t\t\t\t\t<\/figure>\n\t\t\t\t\t\t\t\t\t<\/div>\n\t\t\t\t<\/div>\n\t\t\t\t<div class=\"elementor-element elementor-element-75ba600 elementor-widget elementor-widget-image\" data-id=\"75ba600\" data-element_type=\"widget\" data-e-type=\"widget\" data-widget_type=\"image.default\">\n\t\t\t\t<div class=\"elementor-widget-container\">\n\t\t\t\t\t\t\t\t\t\t\t\t<figure class=\"wp-caption\">\n\t\t\t\t\t\t\t\t\t\t<img loading=\"lazy\" decoding=\"async\" width=\"768\" height=\"512\" src=\"https:\/\/www.elturistatranquil.com\/wp-content\/uploads\/F04b-Parque-Minero-de-Almaden-Google-earth-2020-03-25.jpg\" class=\"attachment-large size-large wp-image-29707\" alt=\"Parque Minero de Almaden (Google earth 2020-03-25)\" srcset=\"https:\/\/www.elturistatranquil.com\/wp-content\/uploads\/F04b-Parque-Minero-de-Almaden-Google-earth-2020-03-25.jpg 768w, https:\/\/www.elturistatranquil.com\/wp-content\/uploads\/F04b-Parque-Minero-de-Almaden-Google-earth-2020-03-25-339x226.jpg 339w\" sizes=\"(max-width: 768px) 100vw, 768px\" \/>\t\t\t\t\t\t\t\t\t\t\t<figcaption class=\"widget-image-caption wp-caption-text\"><\/figcaption>\n\t\t\t\t\t\t\t\t\t\t<\/figure>\n\t\t\t\t\t\t\t\t\t<\/div>\n\t\t\t\t<\/div>\n\t\t\t\t<div class=\"elementor-element elementor-element-2d16294 elementor-widget elementor-widget-text-editor\" data-id=\"2d16294\" data-element_type=\"widget\" data-e-type=\"widget\" data-widget_type=\"text-editor.default\">\n\t\t\t\t<div class=\"elementor-widget-container\">\n\t\t\t\t\t\t\t\t\t<p>La visita a Parc Miner la desenvolupar\u00e9 seguint el recorregut establert, per\u00f2 fent \u00fas del contingut del Museu del Mercuri, que es realitza enmig de l&#8217;itinerari, per explicar els diferents elements que conformen la instal\u00b7laci\u00f3 completa.<\/p><p>Al mateix temps, adaptant-me al m\u00e0xim al proc\u00e9s de fabricaci\u00f3 que acabo d&#8217;exposar.<\/p><p>A l\u2019arribar a Almad\u00e9n em dirigeixo directament a Parc Miner, situat a l&#8217;extrem oest de la poblaci\u00f3. L\u2019exterior \u00e9s un ampli aparcament.<\/p>\t\t\t\t\t\t\t\t<\/div>\n\t\t\t\t<\/div>\n\t\t\t\t<div class=\"elementor-element elementor-element-480db2b elementor-widget elementor-widget-menu-anchor\" data-id=\"480db2b\" data-element_type=\"widget\" data-e-type=\"widget\" data-widget_type=\"menu-anchor.default\">\n\t\t\t\t<div class=\"elementor-widget-container\">\n\t\t\t\t\t\t\t<div class=\"elementor-menu-anchor\" id=\"b4407\"><\/div>\n\t\t\t\t\t\t<\/div>\n\t\t\t\t<\/div>\n\t\t\t\t<div class=\"elementor-element elementor-element-3c6ecf8 elementor-widget elementor-widget-image\" data-id=\"3c6ecf8\" data-element_type=\"widget\" data-e-type=\"widget\" data-widget_type=\"image.default\">\n\t\t\t\t<div class=\"elementor-widget-container\">\n\t\t\t\t\t\t\t\t\t\t\t\t<figure class=\"wp-caption\">\n\t\t\t\t\t\t\t\t\t\t<img loading=\"lazy\" decoding=\"async\" width=\"768\" height=\"512\" src=\"https:\/\/www.elturistatranquil.com\/wp-content\/uploads\/F05-Parque-minero-de-Almaden.jpg\" class=\"attachment-large size-large wp-image-29709\" alt=\"Parque minero de Almaden\" srcset=\"https:\/\/www.elturistatranquil.com\/wp-content\/uploads\/F05-Parque-minero-de-Almaden.jpg 768w, https:\/\/www.elturistatranquil.com\/wp-content\/uploads\/F05-Parque-minero-de-Almaden-339x226.jpg 339w\" sizes=\"(max-width: 768px) 100vw, 768px\" \/>\t\t\t\t\t\t\t\t\t\t\t<figcaption class=\"widget-image-caption wp-caption-text\"><\/figcaption>\n\t\t\t\t\t\t\t\t\t\t<\/figure>\n\t\t\t\t\t\t\t\t\t<\/div>\n\t\t\t\t<\/div>\n\t\t\t\t<div class=\"elementor-element elementor-element-711e9f9 elementor-widget elementor-widget-heading\" data-id=\"711e9f9\" data-element_type=\"widget\" data-e-type=\"widget\" data-widget_type=\"heading.default\">\n\t\t\t\t<div class=\"elementor-widget-container\">\n\t\t\t\t\t<h3 class=\"elementor-heading-title elementor-size-default\">Centre de Visitants<\/h3>\t\t\t\t<\/div>\n\t\t\t\t<\/div>\n\t\t\t\t<div class=\"elementor-element elementor-element-363386e elementor-widget elementor-widget-text-editor\" data-id=\"363386e\" data-element_type=\"widget\" data-e-type=\"widget\" data-widget_type=\"text-editor.default\">\n\t\t\t\t<div class=\"elementor-widget-container\">\n\t\t\t\t\t\t\t\t\t<p>Arribo al <strong>Centre de Visitants<\/strong> (<strong>1<\/strong>), per iniciar la visita a la mina. Serem dues persones, de manera que tindrem un guia per als dos, amb els avantatges que aix\u00f2 comporta.<\/p>\t\t\t\t\t\t\t\t<\/div>\n\t\t\t\t<\/div>\n\t\t\t\t<div class=\"elementor-element elementor-element-4418288 elementor-widget elementor-widget-image\" data-id=\"4418288\" data-element_type=\"widget\" data-e-type=\"widget\" data-widget_type=\"image.default\">\n\t\t\t\t<div class=\"elementor-widget-container\">\n\t\t\t\t\t\t\t\t\t\t\t\t<figure class=\"wp-caption\">\n\t\t\t\t\t\t\t\t\t\t<img loading=\"lazy\" decoding=\"async\" width=\"768\" height=\"511\" src=\"https:\/\/www.elturistatranquil.com\/wp-content\/uploads\/F06-Parque-minero-de-Almaden.jpg\" class=\"attachment-large size-large wp-image-29711\" alt=\"Parque minero de Almaden\" srcset=\"https:\/\/www.elturistatranquil.com\/wp-content\/uploads\/F06-Parque-minero-de-Almaden.jpg 768w, https:\/\/www.elturistatranquil.com\/wp-content\/uploads\/F06-Parque-minero-de-Almaden-339x226.jpg 339w\" sizes=\"(max-width: 768px) 100vw, 768px\" \/>\t\t\t\t\t\t\t\t\t\t\t<figcaption class=\"widget-image-caption wp-caption-text\"><\/figcaption>\n\t\t\t\t\t\t\t\t\t\t<\/figure>\n\t\t\t\t\t\t\t\t\t<\/div>\n\t\t\t\t<\/div>\n\t\t\t\t<div class=\"elementor-element elementor-element-bf8cb13 elementor-widget elementor-widget-menu-anchor\" data-id=\"bf8cb13\" data-element_type=\"widget\" data-e-type=\"widget\" data-widget_type=\"menu-anchor.default\">\n\t\t\t\t<div class=\"elementor-widget-container\">\n\t\t\t\t\t\t\t<div class=\"elementor-menu-anchor\" id=\"b4408\"><\/div>\n\t\t\t\t\t\t<\/div>\n\t\t\t\t<\/div>\n\t\t\t\t<div class=\"elementor-element elementor-element-395e08d elementor-widget elementor-widget-text-editor\" data-id=\"395e08d\" data-element_type=\"widget\" data-e-type=\"widget\" data-widget_type=\"text-editor.default\">\n\t\t\t\t<div class=\"elementor-widget-container\">\n\t\t\t\t\t\t\t\t\t<p>En els diferents jaciments un problema a qu\u00e8 va haver de fer-se front va ser el dels robatoris de <em>azogue<\/em>. Per protegir-se i evitar-ho es van construir murs que tancaven cada recinte. I se&#8217;ls anomena <em>cerco<\/em>.<\/p><p>La mina i instal\u00b7lacions transformadores d&#8217;Almad\u00e9n se situen en un recinte en forma de &#8220;L&#8221; tombada. A la banda oest una \u00e0rea quadrangular en el <strong>Cerco de Buitrones<\/strong>, la part m\u00e9s antiga del Parc. L&#8217;ala que se situa continuant per la zona nord cap a l&#8217;est el forma el <strong>Cerco de San Teodoro<\/strong>.<\/p>\t\t\t\t\t\t\t\t<\/div>\n\t\t\t\t<\/div>\n\t\t\t\t<div class=\"elementor-element elementor-element-63cf0e8 elementor-widget elementor-widget-heading\" data-id=\"63cf0e8\" data-element_type=\"widget\" data-e-type=\"widget\" data-widget_type=\"heading.default\">\n\t\t\t\t<div class=\"elementor-widget-container\">\n\t\t\t\t\t<h2 class=\"elementor-heading-title elementor-size-default\">Instal\u00b7lacions interiors: La mina<\/h2>\t\t\t\t<\/div>\n\t\t\t\t<\/div>\n\t\t\t\t<div class=\"elementor-element elementor-element-f90e831 elementor-widget elementor-widget-text-editor\" data-id=\"f90e831\" data-element_type=\"widget\" data-e-type=\"widget\" data-widget_type=\"text-editor.default\">\n\t\t\t\t<div class=\"elementor-widget-container\">\n\t\t\t\t\t\t\t\t\t<p>La mina d&#8217;Almad\u00e9n abasta un cercle d&#8217;uns 25 quil\u00f2metres de radi, i el centre estaria situat en el <strong>pou de San Teodoro<\/strong> (<strong>2<\/strong>), pel qual s&#8217;inicia la visita a l&#8217;interior de la mina.<\/p><p>Aquest \u00e9s un primer aspecte interessant a considerar, que les galeries s&#8217;estenen per sota de tota la localitat, la qual s&#8217;assenta en un tur\u00f3 allargat que se sobreposa al conjunt miner.<\/p><p>En superf\u00edcie ocupa el Cerco de San Teodoro.<\/p><p>\u00c9s el que mostra aquest pl\u00e0nol de 1796, que es pot veure al Palau \/ Magatzem dels F\u00facars a <a href=\"https:\/\/www.elturistatranquil.com\/ca\/almagro-(ciudad-real)\/#c3935\" target=\"_blank\" rel=\"noopener\">Almagro<\/a>.<\/p>\t\t\t\t\t\t\t\t<\/div>\n\t\t\t\t<\/div>\n\t\t\t\t<div class=\"elementor-element elementor-element-5cc6ac0 elementor-widget elementor-widget-image\" data-id=\"5cc6ac0\" data-element_type=\"widget\" data-e-type=\"widget\" data-widget_type=\"image.default\">\n\t\t\t\t<div class=\"elementor-widget-container\">\n\t\t\t\t\t\t\t\t\t\t\t\t<figure class=\"wp-caption\">\n\t\t\t\t\t\t\t\t\t\t<img loading=\"lazy\" decoding=\"async\" width=\"761\" height=\"550\" src=\"https:\/\/www.elturistatranquil.com\/wp-content\/uploads\/F07-Parque-minero-de-Almaden.jpg\" class=\"attachment-large size-large wp-image-29713\" alt=\"Parque minero de Almaden\" srcset=\"https:\/\/www.elturistatranquil.com\/wp-content\/uploads\/F07-Parque-minero-de-Almaden.jpg 761w, https:\/\/www.elturistatranquil.com\/wp-content\/uploads\/F07-Parque-minero-de-Almaden-313x226.jpg 313w\" sizes=\"(max-width: 761px) 100vw, 761px\" \/>\t\t\t\t\t\t\t\t\t\t\t<figcaption class=\"widget-image-caption wp-caption-text\"><\/figcaption>\n\t\t\t\t\t\t\t\t\t\t<\/figure>\n\t\t\t\t\t\t\t\t\t<\/div>\n\t\t\t\t<\/div>\n\t\t\t\t<div class=\"elementor-element elementor-element-db7f954 elementor-widget elementor-widget-text-editor\" data-id=\"db7f954\" data-element_type=\"widget\" data-e-type=\"widget\" data-widget_type=\"text-editor.default\">\n\t\t\t\t<div class=\"elementor-widget-container\">\n\t\t\t\t\t\t\t\t\t<p>El perfil final de la mina pot apreciar-se en aquesta representaci\u00f3 de F. Palero.<\/p>\t\t\t\t\t\t\t\t<\/div>\n\t\t\t\t<\/div>\n\t\t\t\t<div class=\"elementor-element elementor-element-adc738b elementor-widget elementor-widget-menu-anchor\" data-id=\"adc738b\" data-element_type=\"widget\" data-e-type=\"widget\" data-widget_type=\"menu-anchor.default\">\n\t\t\t\t<div class=\"elementor-widget-container\">\n\t\t\t\t\t\t\t<div class=\"elementor-menu-anchor\" id=\"b4409\"><\/div>\n\t\t\t\t\t\t<\/div>\n\t\t\t\t<\/div>\n\t\t\t\t<div class=\"elementor-element elementor-element-23c635a elementor-widget elementor-widget-image\" data-id=\"23c635a\" data-element_type=\"widget\" data-e-type=\"widget\" data-widget_type=\"image.default\">\n\t\t\t\t<div class=\"elementor-widget-container\">\n\t\t\t\t\t\t\t\t\t\t\t\t<figure class=\"wp-caption\">\n\t\t\t\t\t\t\t\t\t\t<img loading=\"lazy\" decoding=\"async\" width=\"720\" height=\"550\" src=\"https:\/\/www.elturistatranquil.com\/wp-content\/uploads\/F07a-Parque-minero-de-Almaden.jpg\" class=\"attachment-large size-large wp-image-29715\" alt=\"Parque minero de Almaden\" srcset=\"https:\/\/www.elturistatranquil.com\/wp-content\/uploads\/F07a-Parque-minero-de-Almaden.jpg 720w, https:\/\/www.elturistatranquil.com\/wp-content\/uploads\/F07a-Parque-minero-de-Almaden-296x226.jpg 296w\" sizes=\"(max-width: 720px) 100vw, 720px\" \/>\t\t\t\t\t\t\t\t\t\t\t<figcaption class=\"widget-image-caption wp-caption-text\"><em>Perfil (projyecci\u00f3 vertical longitudinal) de la Mina d'Almad\u00e9n per F. Palero (Font:<\/em> <a href=\"http:\/\/www.sociedadgeologica.es\/archivos_pdf\/geolodia18\/guias_geolodia18\/gdia18gui_ciudad_real.pdf\" target=\"_blank\" rel=\"noopener\">Sociedad Geol\u00f3gica<\/a>)<\/figcaption>\n\t\t\t\t\t\t\t\t\t\t<\/figure>\n\t\t\t\t\t\t\t\t\t<\/div>\n\t\t\t\t<\/div>\n\t\t\t\t<div class=\"elementor-element elementor-element-394620f elementor-widget elementor-widget-heading\" data-id=\"394620f\" data-element_type=\"widget\" data-e-type=\"widget\" data-widget_type=\"heading.default\">\n\t\t\t\t<div class=\"elementor-widget-container\">\n\t\t\t\t\t<h3 class=\"elementor-heading-title elementor-size-default\">Descens al Pou de San Teodoro<\/h3>\t\t\t\t<\/div>\n\t\t\t\t<\/div>\n\t\t\t\t<div class=\"elementor-element elementor-element-3728898 elementor-widget elementor-widget-image\" data-id=\"3728898\" data-element_type=\"widget\" data-e-type=\"widget\" data-widget_type=\"image.default\">\n\t\t\t\t<div class=\"elementor-widget-container\">\n\t\t\t\t\t\t\t\t\t\t\t\t<figure class=\"wp-caption\">\n\t\t\t\t\t\t\t\t\t\t<img loading=\"lazy\" decoding=\"async\" width=\"768\" height=\"296\" src=\"https:\/\/www.elturistatranquil.com\/wp-content\/uploads\/F07b-Parque-minero-de-Almaden.jpg\" class=\"attachment-large size-large wp-image-29717\" alt=\"Parque minero de Almaden\" srcset=\"https:\/\/www.elturistatranquil.com\/wp-content\/uploads\/F07b-Parque-minero-de-Almaden.jpg 768w, https:\/\/www.elturistatranquil.com\/wp-content\/uploads\/F07b-Parque-minero-de-Almaden-339x131.jpg 339w\" sizes=\"(max-width: 768px) 100vw, 768px\" \/>\t\t\t\t\t\t\t\t\t\t\t<figcaption class=\"widget-image-caption wp-caption-text\"><\/figcaption>\n\t\t\t\t\t\t\t\t\t\t<\/figure>\n\t\t\t\t\t\t\t\t\t<\/div>\n\t\t\t\t<\/div>\n\t\t\t\t<div class=\"elementor-element elementor-element-f12b975 elementor-widget elementor-widget-text-editor\" data-id=\"f12b975\" data-element_type=\"widget\" data-e-type=\"widget\" data-widget_type=\"text-editor.default\">\n\t\t\t\t<div class=\"elementor-widget-container\">\n\t\t\t\t\t\t\t\t\t<p>El recorregut per l&#8217;interior de la mina s&#8217;inicia baixant pel <strong>pou de San Teodoro<\/strong> (<strong>2<\/strong>).<\/p>\t\t\t\t\t\t\t\t<\/div>\n\t\t\t\t<\/div>\n\t\t\t\t<div class=\"elementor-element elementor-element-d144b71 elementor-widget elementor-widget-image\" data-id=\"d144b71\" data-element_type=\"widget\" data-e-type=\"widget\" data-widget_type=\"image.default\">\n\t\t\t\t<div class=\"elementor-widget-container\">\n\t\t\t\t\t\t\t\t\t\t\t\t<figure class=\"wp-caption\">\n\t\t\t\t\t\t\t\t\t\t<img loading=\"lazy\" decoding=\"async\" width=\"768\" height=\"511\" src=\"https:\/\/www.elturistatranquil.com\/wp-content\/uploads\/F07c-Parque-minero-de-Almaden.jpg\" class=\"attachment-large size-large wp-image-29719\" alt=\"Parque minero de Almaden\" srcset=\"https:\/\/www.elturistatranquil.com\/wp-content\/uploads\/F07c-Parque-minero-de-Almaden.jpg 768w, https:\/\/www.elturistatranquil.com\/wp-content\/uploads\/F07c-Parque-minero-de-Almaden-339x226.jpg 339w\" sizes=\"(max-width: 768px) 100vw, 768px\" \/>\t\t\t\t\t\t\t\t\t\t\t<figcaption class=\"widget-image-caption wp-caption-text\"><\/figcaption>\n\t\t\t\t\t\t\t\t\t\t<\/figure>\n\t\t\t\t\t\t\t\t\t<\/div>\n\t\t\t\t<\/div>\n\t\t\t\t<div class=\"elementor-element elementor-element-749266a elementor-widget elementor-widget-text-editor\" data-id=\"749266a\" data-element_type=\"widget\" data-e-type=\"widget\" data-widget_type=\"text-editor.default\">\n\t\t\t\t<div class=\"elementor-widget-container\">\n\t\t\t\t\t\t\t\t\t<p>El descens es realitza, en una g\u00e0bia de mina moderna, fins a la zona accessible que correspon a la planta 1\u00aa de la mina d&#8217;Almad\u00e9n, a uns 50 metres de profunditat, la de major valor hist\u00f2ric.<\/p>\t\t\t\t\t\t\t\t<\/div>\n\t\t\t\t<\/div>\n\t\t\t\t<div class=\"elementor-element elementor-element-877d935 elementor-widget elementor-widget-image\" data-id=\"877d935\" data-element_type=\"widget\" data-e-type=\"widget\" data-widget_type=\"image.default\">\n\t\t\t\t<div class=\"elementor-widget-container\">\n\t\t\t\t\t\t\t\t\t\t\t\t<figure class=\"wp-caption\">\n\t\t\t\t\t\t\t\t\t\t<img loading=\"lazy\" decoding=\"async\" width=\"768\" height=\"511\" src=\"https:\/\/www.elturistatranquil.com\/wp-content\/uploads\/F08-Parque-minero-de-Almaden.jpg\" class=\"attachment-large size-large wp-image-29721\" alt=\"Parque minero de Almaden\" srcset=\"https:\/\/www.elturistatranquil.com\/wp-content\/uploads\/F08-Parque-minero-de-Almaden.jpg 768w, https:\/\/www.elturistatranquil.com\/wp-content\/uploads\/F08-Parque-minero-de-Almaden-339x226.jpg 339w\" sizes=\"(max-width: 768px) 100vw, 768px\" \/>\t\t\t\t\t\t\t\t\t\t\t<figcaption class=\"widget-image-caption wp-caption-text\"><\/figcaption>\n\t\t\t\t\t\t\t\t\t\t<\/figure>\n\t\t\t\t\t\t\t\t\t<\/div>\n\t\t\t\t<\/div>\n\t\t\t\t<div class=\"elementor-element elementor-element-dc5fd2e elementor-widget elementor-widget-image\" data-id=\"dc5fd2e\" data-element_type=\"widget\" data-e-type=\"widget\" data-widget_type=\"image.default\">\n\t\t\t\t<div class=\"elementor-widget-container\">\n\t\t\t\t\t\t\t\t\t\t\t\t<figure class=\"wp-caption\">\n\t\t\t\t\t\t\t\t\t\t<img loading=\"lazy\" decoding=\"async\" width=\"366\" height=\"550\" src=\"https:\/\/www.elturistatranquil.com\/wp-content\/uploads\/F09-Parque-minero-de-Almaden.jpg\" class=\"attachment-large size-large wp-image-29723\" alt=\"Parque minero de Almaden\" srcset=\"https:\/\/www.elturistatranquil.com\/wp-content\/uploads\/F09-Parque-minero-de-Almaden.jpg 366w, https:\/\/www.elturistatranquil.com\/wp-content\/uploads\/F09-Parque-minero-de-Almaden-150x226.jpg 150w\" sizes=\"(max-width: 366px) 100vw, 366px\" \/>\t\t\t\t\t\t\t\t\t\t\t<figcaption class=\"widget-image-caption wp-caption-text\"><\/figcaption>\n\t\t\t\t\t\t\t\t\t\t<\/figure>\n\t\t\t\t\t\t\t\t\t<\/div>\n\t\t\t\t<\/div>\n\t\t\t\t<div class=\"elementor-element elementor-element-2570d81 elementor-widget elementor-widget-text-editor\" data-id=\"2570d81\" data-element_type=\"widget\" data-e-type=\"widget\" data-widget_type=\"text-editor.default\">\n\t\t\t\t<div class=\"elementor-widget-container\">\n\t\t\t\t\t\t\t\t\t<p>Aquest \u00e9s el primer contacte amb la mina.<\/p>\t\t\t\t\t\t\t\t<\/div>\n\t\t\t\t<\/div>\n\t\t\t\t<div class=\"elementor-element elementor-element-6cf3e2b elementor-widget elementor-widget-image\" data-id=\"6cf3e2b\" data-element_type=\"widget\" data-e-type=\"widget\" data-widget_type=\"image.default\">\n\t\t\t\t<div class=\"elementor-widget-container\">\n\t\t\t\t\t\t\t\t\t\t\t\t<figure class=\"wp-caption\">\n\t\t\t\t\t\t\t\t\t\t<img loading=\"lazy\" decoding=\"async\" width=\"768\" height=\"511\" src=\"https:\/\/www.elturistatranquil.com\/wp-content\/uploads\/F10-Parque-minero-de-Almaden.jpg\" class=\"attachment-large size-large wp-image-29725\" alt=\"Parque minero de Almaden\" srcset=\"https:\/\/www.elturistatranquil.com\/wp-content\/uploads\/F10-Parque-minero-de-Almaden.jpg 768w, https:\/\/www.elturistatranquil.com\/wp-content\/uploads\/F10-Parque-minero-de-Almaden-339x226.jpg 339w\" sizes=\"(max-width: 768px) 100vw, 768px\" \/>\t\t\t\t\t\t\t\t\t\t\t<figcaption class=\"widget-image-caption wp-caption-text\"><\/figcaption>\n\t\t\t\t\t\t\t\t\t\t<\/figure>\n\t\t\t\t\t\t\t\t\t<\/div>\n\t\t\t\t<\/div>\n\t\t\t\t<div class=\"elementor-element elementor-element-62d00a7 elementor-widget elementor-widget-text-editor\" data-id=\"62d00a7\" data-element_type=\"widget\" data-e-type=\"widget\" data-widget_type=\"text-editor.default\">\n\t\t\t\t<div class=\"elementor-widget-container\">\n\t\t\t\t\t\t\t\t\t<p>El recorregut a peu transcorre per una mina real explotada en els segles XVI i XVII i albors de segle XX.<\/p><p>Observarem diferents aspectes de l&#8217;evoluci\u00f3 de les t\u00e8cniques mineres al llarg d&#8217;aquests segles.<\/p><p>Segons el tipus de roca els <strong>t\u00fanels<\/strong> no calia refor\u00e7ar-los, mentre que en altres casos es necessitaven estructures de suport. Aquestes van ser evolucionant de suports de fusta (travessers), que van ocasionar diversos incendis, fins a obres de ma\u00f3 i altres tipus m\u00e9s segurs.<\/p>\t\t\t\t\t\t\t\t<\/div>\n\t\t\t\t<\/div>\n\t\t\t\t<div class=\"elementor-element elementor-element-65b1d5b elementor-widget elementor-widget-image\" data-id=\"65b1d5b\" data-element_type=\"widget\" data-e-type=\"widget\" data-widget_type=\"image.default\">\n\t\t\t\t<div class=\"elementor-widget-container\">\n\t\t\t\t\t\t\t\t\t\t\t\t<figure class=\"wp-caption\">\n\t\t\t\t\t\t\t\t\t\t<img loading=\"lazy\" decoding=\"async\" width=\"768\" height=\"511\" src=\"https:\/\/www.elturistatranquil.com\/wp-content\/uploads\/F11-Parque-minero-de-Almaden.jpg\" class=\"attachment-large size-large wp-image-29727\" alt=\"Parque minero de Almaden\" srcset=\"https:\/\/www.elturistatranquil.com\/wp-content\/uploads\/F11-Parque-minero-de-Almaden.jpg 768w, https:\/\/www.elturistatranquil.com\/wp-content\/uploads\/F11-Parque-minero-de-Almaden-339x226.jpg 339w\" sizes=\"(max-width: 768px) 100vw, 768px\" \/>\t\t\t\t\t\t\t\t\t\t\t<figcaption class=\"widget-image-caption wp-caption-text\"><\/figcaption>\n\t\t\t\t\t\t\t\t\t\t<\/figure>\n\t\t\t\t\t\t\t\t\t<\/div>\n\t\t\t\t<\/div>\n\t\t\t\t<div class=\"elementor-element elementor-element-f430932 elementor-widget elementor-widget-image\" data-id=\"f430932\" data-element_type=\"widget\" data-e-type=\"widget\" data-widget_type=\"image.default\">\n\t\t\t\t<div class=\"elementor-widget-container\">\n\t\t\t\t\t\t\t\t\t\t\t\t<figure class=\"wp-caption\">\n\t\t\t\t\t\t\t\t\t\t<img loading=\"lazy\" decoding=\"async\" width=\"768\" height=\"511\" src=\"https:\/\/www.elturistatranquil.com\/wp-content\/uploads\/F12-Parque-minero-de-Almaden.jpg\" class=\"attachment-large size-large wp-image-29729\" alt=\"Parque minero de Almaden\" srcset=\"https:\/\/www.elturistatranquil.com\/wp-content\/uploads\/F12-Parque-minero-de-Almaden.jpg 768w, https:\/\/www.elturistatranquil.com\/wp-content\/uploads\/F12-Parque-minero-de-Almaden-339x226.jpg 339w\" sizes=\"(max-width: 768px) 100vw, 768px\" \/>\t\t\t\t\t\t\t\t\t\t\t<figcaption class=\"widget-image-caption wp-caption-text\"><\/figcaption>\n\t\t\t\t\t\t\t\t\t\t<\/figure>\n\t\t\t\t\t\t\t\t\t<\/div>\n\t\t\t\t<\/div>\n\t\t\t\t<div class=\"elementor-element elementor-element-b75decb elementor-widget elementor-widget-image\" data-id=\"b75decb\" data-element_type=\"widget\" data-e-type=\"widget\" data-widget_type=\"image.default\">\n\t\t\t\t<div class=\"elementor-widget-container\">\n\t\t\t\t\t\t\t\t\t\t\t\t<figure class=\"wp-caption\">\n\t\t\t\t\t\t\t\t\t\t<img loading=\"lazy\" decoding=\"async\" width=\"768\" height=\"511\" src=\"https:\/\/www.elturistatranquil.com\/wp-content\/uploads\/F13-Parque-minero-de-Almaden.jpg\" class=\"attachment-large size-large wp-image-29731\" alt=\"Parque minero de Almaden\" srcset=\"https:\/\/www.elturistatranquil.com\/wp-content\/uploads\/F13-Parque-minero-de-Almaden.jpg 768w, https:\/\/www.elturistatranquil.com\/wp-content\/uploads\/F13-Parque-minero-de-Almaden-339x226.jpg 339w\" sizes=\"(max-width: 768px) 100vw, 768px\" \/>\t\t\t\t\t\t\t\t\t\t\t<figcaption class=\"widget-image-caption wp-caption-text\"><\/figcaption>\n\t\t\t\t\t\t\t\t\t\t<\/figure>\n\t\t\t\t\t\t\t\t\t<\/div>\n\t\t\t\t<\/div>\n\t\t\t\t<div class=\"elementor-element elementor-element-b4b0cd6 elementor-widget elementor-widget-image\" data-id=\"b4b0cd6\" data-element_type=\"widget\" data-e-type=\"widget\" data-widget_type=\"image.default\">\n\t\t\t\t<div class=\"elementor-widget-container\">\n\t\t\t\t\t\t\t\t\t\t\t\t<figure class=\"wp-caption\">\n\t\t\t\t\t\t\t\t\t\t<img loading=\"lazy\" decoding=\"async\" width=\"366\" height=\"550\" src=\"https:\/\/www.elturistatranquil.com\/wp-content\/uploads\/F14-Parque-minero-de-Almaden.jpg\" class=\"attachment-large size-large wp-image-29733\" alt=\"Parque minero de Almaden\" srcset=\"https:\/\/www.elturistatranquil.com\/wp-content\/uploads\/F14-Parque-minero-de-Almaden.jpg 366w, https:\/\/www.elturistatranquil.com\/wp-content\/uploads\/F14-Parque-minero-de-Almaden-150x226.jpg 150w\" sizes=\"(max-width: 366px) 100vw, 366px\" \/>\t\t\t\t\t\t\t\t\t\t\t<figcaption class=\"widget-image-caption wp-caption-text\"><\/figcaption>\n\t\t\t\t\t\t\t\t\t\t<\/figure>\n\t\t\t\t\t\t\t\t\t<\/div>\n\t\t\t\t<\/div>\n\t\t\t\t<div class=\"elementor-element elementor-element-66fa21a elementor-widget elementor-widget-image\" data-id=\"66fa21a\" data-element_type=\"widget\" data-e-type=\"widget\" data-widget_type=\"image.default\">\n\t\t\t\t<div class=\"elementor-widget-container\">\n\t\t\t\t\t\t\t\t\t\t\t\t<figure class=\"wp-caption\">\n\t\t\t\t\t\t\t\t\t\t<img loading=\"lazy\" decoding=\"async\" width=\"768\" height=\"511\" src=\"https:\/\/www.elturistatranquil.com\/wp-content\/uploads\/F15-Parque-minero-de-Almaden.jpg\" class=\"attachment-large size-large wp-image-29735\" alt=\"Parque minero de Almaden\" srcset=\"https:\/\/www.elturistatranquil.com\/wp-content\/uploads\/F15-Parque-minero-de-Almaden.jpg 768w, https:\/\/www.elturistatranquil.com\/wp-content\/uploads\/F15-Parque-minero-de-Almaden-339x226.jpg 339w\" sizes=\"(max-width: 768px) 100vw, 768px\" \/>\t\t\t\t\t\t\t\t\t\t\t<figcaption class=\"widget-image-caption wp-caption-text\"><\/figcaption>\n\t\t\t\t\t\t\t\t\t\t<\/figure>\n\t\t\t\t\t\t\t\t\t<\/div>\n\t\t\t\t<\/div>\n\t\t\t\t<div class=\"elementor-element elementor-element-eb0dbe9 elementor-widget elementor-widget-image\" data-id=\"eb0dbe9\" data-element_type=\"widget\" data-e-type=\"widget\" data-widget_type=\"image.default\">\n\t\t\t\t<div class=\"elementor-widget-container\">\n\t\t\t\t\t\t\t\t\t\t\t\t<figure class=\"wp-caption\">\n\t\t\t\t\t\t\t\t\t\t<img loading=\"lazy\" decoding=\"async\" width=\"768\" height=\"511\" src=\"https:\/\/www.elturistatranquil.com\/wp-content\/uploads\/F16-Parque-minero-de-Almaden.jpg\" class=\"attachment-large size-large wp-image-29737\" alt=\"Parque minero de Almaden\" srcset=\"https:\/\/www.elturistatranquil.com\/wp-content\/uploads\/F16-Parque-minero-de-Almaden.jpg 768w, https:\/\/www.elturistatranquil.com\/wp-content\/uploads\/F16-Parque-minero-de-Almaden-339x226.jpg 339w\" sizes=\"(max-width: 768px) 100vw, 768px\" \/>\t\t\t\t\t\t\t\t\t\t\t<figcaption class=\"widget-image-caption wp-caption-text\"><\/figcaption>\n\t\t\t\t\t\t\t\t\t\t<\/figure>\n\t\t\t\t\t\t\t\t\t<\/div>\n\t\t\t\t<\/div>\n\t\t\t\t<div class=\"elementor-element elementor-element-80d8560 elementor-widget elementor-widget-text-editor\" data-id=\"80d8560\" data-element_type=\"widget\" data-e-type=\"widget\" data-widget_type=\"text-editor.default\">\n\t\t\t\t<div class=\"elementor-widget-container\">\n\t\t\t\t\t\t\t\t\t<p>Tamb\u00e9 van ser sensibles els canvis en els sistemes de transport del mineral.<\/p><p>En els trasllats en horitzontal veiem des de cabassos i carretons fins vagonetes, i trens miners com el que ens portar\u00e0 fins a la sortida a trav\u00e9s d&#8217;un <em>socav\u00f3n<\/em> o galeria d&#8217;acc\u00e9s des de l&#8217;exterior horitzontal amb pendent de drenatge.<\/p>\t\t\t\t\t\t\t\t<\/div>\n\t\t\t\t<\/div>\n\t\t\t\t<div class=\"elementor-element elementor-element-7bcbba0 elementor-widget elementor-widget-image\" data-id=\"7bcbba0\" data-element_type=\"widget\" data-e-type=\"widget\" data-widget_type=\"image.default\">\n\t\t\t\t<div class=\"elementor-widget-container\">\n\t\t\t\t\t\t\t\t\t\t\t\t<figure class=\"wp-caption\">\n\t\t\t\t\t\t\t\t\t\t<img loading=\"lazy\" decoding=\"async\" width=\"768\" height=\"512\" src=\"https:\/\/www.elturistatranquil.com\/wp-content\/uploads\/F17-Parque-minero-de-Almaden.jpg\" class=\"attachment-large size-large wp-image-29739\" alt=\"Parque minero de Almaden\" srcset=\"https:\/\/www.elturistatranquil.com\/wp-content\/uploads\/F17-Parque-minero-de-Almaden.jpg 768w, https:\/\/www.elturistatranquil.com\/wp-content\/uploads\/F17-Parque-minero-de-Almaden-339x226.jpg 339w\" sizes=\"(max-width: 768px) 100vw, 768px\" \/>\t\t\t\t\t\t\t\t\t\t\t<figcaption class=\"widget-image-caption wp-caption-text\"><\/figcaption>\n\t\t\t\t\t\t\t\t\t\t<\/figure>\n\t\t\t\t\t\t\t\t\t<\/div>\n\t\t\t\t<\/div>\n\t\t\t\t<div class=\"elementor-element elementor-element-fa25fbc elementor-widget elementor-widget-image\" data-id=\"fa25fbc\" data-element_type=\"widget\" data-e-type=\"widget\" data-widget_type=\"image.default\">\n\t\t\t\t<div class=\"elementor-widget-container\">\n\t\t\t\t\t\t\t\t\t\t\t\t<figure class=\"wp-caption\">\n\t\t\t\t\t\t\t\t\t\t<img loading=\"lazy\" decoding=\"async\" width=\"768\" height=\"511\" src=\"https:\/\/www.elturistatranquil.com\/wp-content\/uploads\/F18-Parque-minero-de-Almaden.jpg\" class=\"attachment-large size-large wp-image-29741\" alt=\"Parque minero de Almaden\" srcset=\"https:\/\/www.elturistatranquil.com\/wp-content\/uploads\/F18-Parque-minero-de-Almaden.jpg 768w, https:\/\/www.elturistatranquil.com\/wp-content\/uploads\/F18-Parque-minero-de-Almaden-339x226.jpg 339w\" sizes=\"(max-width: 768px) 100vw, 768px\" \/>\t\t\t\t\t\t\t\t\t\t\t<figcaption class=\"widget-image-caption wp-caption-text\"><\/figcaption>\n\t\t\t\t\t\t\t\t\t\t<\/figure>\n\t\t\t\t\t\t\t\t\t<\/div>\n\t\t\t\t<\/div>\n\t\t\t\t<div class=\"elementor-element elementor-element-505f31e elementor-widget elementor-widget-image\" data-id=\"505f31e\" data-element_type=\"widget\" data-e-type=\"widget\" data-widget_type=\"image.default\">\n\t\t\t\t<div class=\"elementor-widget-container\">\n\t\t\t\t\t\t\t\t\t\t\t\t<figure class=\"wp-caption\">\n\t\t\t\t\t\t\t\t\t\t<img loading=\"lazy\" decoding=\"async\" width=\"768\" height=\"511\" src=\"https:\/\/www.elturistatranquil.com\/wp-content\/uploads\/F19-Parque-minero-de-Almaden.jpg\" class=\"attachment-large size-large wp-image-29743\" alt=\"Parque minero de Almaden\" srcset=\"https:\/\/www.elturistatranquil.com\/wp-content\/uploads\/F19-Parque-minero-de-Almaden.jpg 768w, https:\/\/www.elturistatranquil.com\/wp-content\/uploads\/F19-Parque-minero-de-Almaden-339x226.jpg 339w\" sizes=\"(max-width: 768px) 100vw, 768px\" \/>\t\t\t\t\t\t\t\t\t\t\t<figcaption class=\"widget-image-caption wp-caption-text\"><\/figcaption>\n\t\t\t\t\t\t\t\t\t\t<\/figure>\n\t\t\t\t\t\t\t\t\t<\/div>\n\t\t\t\t<\/div>\n\t\t\t\t<div class=\"elementor-element elementor-element-1d0ebb0 elementor-widget elementor-widget-text-editor\" data-id=\"1d0ebb0\" data-element_type=\"widget\" data-e-type=\"widget\" data-widget_type=\"text-editor.default\">\n\t\t\t\t<div class=\"elementor-widget-container\">\n\t\t\t\t\t\t\t\t\t<p>Era usual l&#8217;aplicaci\u00f3 de plans inclinats perqu\u00e8 el mineral descend\u00eds per gravetat.<\/p>\t\t\t\t\t\t\t\t<\/div>\n\t\t\t\t<\/div>\n\t\t\t\t<div class=\"elementor-element elementor-element-c55bc75 elementor-widget elementor-widget-image\" data-id=\"c55bc75\" data-element_type=\"widget\" data-e-type=\"widget\" data-widget_type=\"image.default\">\n\t\t\t\t<div class=\"elementor-widget-container\">\n\t\t\t\t\t\t\t\t\t\t\t\t<figure class=\"wp-caption\">\n\t\t\t\t\t\t\t\t\t\t<img loading=\"lazy\" decoding=\"async\" width=\"768\" height=\"511\" src=\"https:\/\/www.elturistatranquil.com\/wp-content\/uploads\/F20-Parque-minero-de-Almaden.jpg\" class=\"attachment-large size-large wp-image-29745\" alt=\"Parque minero de Almaden\" srcset=\"https:\/\/www.elturistatranquil.com\/wp-content\/uploads\/F20-Parque-minero-de-Almaden.jpg 768w, https:\/\/www.elturistatranquil.com\/wp-content\/uploads\/F20-Parque-minero-de-Almaden-339x226.jpg 339w\" sizes=\"(max-width: 768px) 100vw, 768px\" \/>\t\t\t\t\t\t\t\t\t\t\t<figcaption class=\"widget-image-caption wp-caption-text\"><\/figcaption>\n\t\t\t\t\t\t\t\t\t\t<\/figure>\n\t\t\t\t\t\t\t\t\t<\/div>\n\t\t\t\t<\/div>\n\t\t\t\t<div class=\"elementor-element elementor-element-de1a29e elementor-widget elementor-widget-text-editor\" data-id=\"de1a29e\" data-element_type=\"widget\" data-e-type=\"widget\" data-widget_type=\"text-editor.default\">\n\t\t\t\t<div class=\"elementor-widget-container\">\n\t\t\t\t\t\t\t\t\t<p>Un altre aspecte fonamental \u00e9s el transport en vertical, a trav\u00e9s dels pous, de persones i mineral. En aquest aspecte, l&#8217;evoluci\u00f3 tamb\u00e9 \u00e9s notable, des del simple torn manual als muntac\u00e0rregues.<\/p>\t\t\t\t\t\t\t\t<\/div>\n\t\t\t\t<\/div>\n\t\t\t\t<div class=\"elementor-element elementor-element-f91f97b elementor-widget elementor-widget-image\" data-id=\"f91f97b\" data-element_type=\"widget\" data-e-type=\"widget\" data-widget_type=\"image.default\">\n\t\t\t\t<div class=\"elementor-widget-container\">\n\t\t\t\t\t\t\t\t\t\t\t\t<figure class=\"wp-caption\">\n\t\t\t\t\t\t\t\t\t\t<img loading=\"lazy\" decoding=\"async\" width=\"768\" height=\"511\" src=\"https:\/\/www.elturistatranquil.com\/wp-content\/uploads\/F21-Parque-minero-de-Almaden.jpg\" class=\"attachment-large size-large wp-image-29747\" alt=\"Parque minero de Almaden\" srcset=\"https:\/\/www.elturistatranquil.com\/wp-content\/uploads\/F21-Parque-minero-de-Almaden.jpg 768w, https:\/\/www.elturistatranquil.com\/wp-content\/uploads\/F21-Parque-minero-de-Almaden-339x226.jpg 339w\" sizes=\"(max-width: 768px) 100vw, 768px\" \/>\t\t\t\t\t\t\t\t\t\t\t<figcaption class=\"widget-image-caption wp-caption-text\"><\/figcaption>\n\t\t\t\t\t\t\t\t\t\t<\/figure>\n\t\t\t\t\t\t\t\t\t<\/div>\n\t\t\t\t<\/div>\n\t\t\t\t<div class=\"elementor-element elementor-element-0fc2973 elementor-widget elementor-widget-text-editor\" data-id=\"0fc2973\" data-element_type=\"widget\" data-e-type=\"widget\" data-widget_type=\"text-editor.default\">\n\t\t\t\t<div class=\"elementor-widget-container\">\n\t\t\t\t\t\t\t\t\t<p>Els cabassos d&#8217;espart van ser un dels recipients fonamentals per al trasllat de material.<\/p>\t\t\t\t\t\t\t\t<\/div>\n\t\t\t\t<\/div>\n\t\t\t\t<div class=\"elementor-element elementor-element-8173947 elementor-widget elementor-widget-image\" data-id=\"8173947\" data-element_type=\"widget\" data-e-type=\"widget\" data-widget_type=\"image.default\">\n\t\t\t\t<div class=\"elementor-widget-container\">\n\t\t\t\t\t\t\t\t\t\t\t\t<figure class=\"wp-caption\">\n\t\t\t\t\t\t\t\t\t\t<img loading=\"lazy\" decoding=\"async\" width=\"768\" height=\"511\" src=\"https:\/\/www.elturistatranquil.com\/wp-content\/uploads\/F22-Parque-minero-de-Almaden.jpg\" class=\"attachment-large size-large wp-image-29749\" alt=\"Parque minero de Almaden\" srcset=\"https:\/\/www.elturistatranquil.com\/wp-content\/uploads\/F22-Parque-minero-de-Almaden.jpg 768w, https:\/\/www.elturistatranquil.com\/wp-content\/uploads\/F22-Parque-minero-de-Almaden-339x226.jpg 339w\" sizes=\"(max-width: 768px) 100vw, 768px\" \/>\t\t\t\t\t\t\t\t\t\t\t<figcaption class=\"widget-image-caption wp-caption-text\"><\/figcaption>\n\t\t\t\t\t\t\t\t\t\t<\/figure>\n\t\t\t\t\t\t\t\t\t<\/div>\n\t\t\t\t<\/div>\n\t\t\t\t<section class=\"elementor-section elementor-inner-section elementor-element elementor-element-536571c elementor-section-boxed elementor-section-height-default elementor-section-height-default\" data-id=\"536571c\" data-element_type=\"section\" data-e-type=\"section\">\n\t\t\t\t\t\t<div class=\"elementor-container elementor-column-gap-default\">\n\t\t\t\t\t<div class=\"elementor-column elementor-col-50 elementor-inner-column elementor-element elementor-element-907d892\" data-id=\"907d892\" data-element_type=\"column\" data-e-type=\"column\">\n\t\t\t<div class=\"elementor-widget-wrap elementor-element-populated\">\n\t\t\t\t\t\t<div class=\"elementor-element elementor-element-dedfc36 elementor-widget elementor-widget-image\" data-id=\"dedfc36\" data-element_type=\"widget\" data-e-type=\"widget\" data-widget_type=\"image.default\">\n\t\t\t\t<div class=\"elementor-widget-container\">\n\t\t\t\t\t\t\t\t\t\t\t\t\t\t\t<img loading=\"lazy\" decoding=\"async\" width=\"366\" height=\"550\" src=\"https:\/\/www.elturistatranquil.com\/wp-content\/uploads\/F23m-Parque-minero-de-Almaden.jpg\" class=\"attachment-large size-large wp-image-29756\" alt=\"Parque minero de Almaden\" srcset=\"https:\/\/www.elturistatranquil.com\/wp-content\/uploads\/F23m-Parque-minero-de-Almaden.jpg 366w, https:\/\/www.elturistatranquil.com\/wp-content\/uploads\/F23m-Parque-minero-de-Almaden-150x226.jpg 150w\" sizes=\"(max-width: 366px) 100vw, 366px\" \/>\t\t\t\t\t\t\t\t\t\t\t\t\t\t\t<\/div>\n\t\t\t\t<\/div>\n\t\t\t\t\t<\/div>\n\t\t<\/div>\n\t\t\t\t<div class=\"elementor-column elementor-col-50 elementor-inner-column elementor-element elementor-element-fb11627\" data-id=\"fb11627\" data-element_type=\"column\" data-e-type=\"column\">\n\t\t\t<div class=\"elementor-widget-wrap elementor-element-populated\">\n\t\t\t\t\t\t<div class=\"elementor-element elementor-element-c5fedfc elementor-widget elementor-widget-image\" data-id=\"c5fedfc\" data-element_type=\"widget\" data-e-type=\"widget\" data-widget_type=\"image.default\">\n\t\t\t\t<div class=\"elementor-widget-container\">\n\t\t\t\t\t\t\t\t\t\t\t\t\t\t\t<img loading=\"lazy\" decoding=\"async\" width=\"366\" height=\"550\" src=\"https:\/\/www.elturistatranquil.com\/wp-content\/uploads\/F23n-Parque-minero-de-Almaden.jpg\" class=\"attachment-large size-large wp-image-29758\" alt=\"Parque minero de Almaden\" srcset=\"https:\/\/www.elturistatranquil.com\/wp-content\/uploads\/F23n-Parque-minero-de-Almaden.jpg 366w, https:\/\/www.elturistatranquil.com\/wp-content\/uploads\/F23n-Parque-minero-de-Almaden-150x226.jpg 150w\" sizes=\"(max-width: 366px) 100vw, 366px\" \/>\t\t\t\t\t\t\t\t\t\t\t\t\t\t\t<\/div>\n\t\t\t\t<\/div>\n\t\t\t\t\t<\/div>\n\t\t<\/div>\n\t\t\t\t\t<\/div>\n\t\t<\/section>\n\t\t\t\t<div class=\"elementor-element elementor-element-782fea9 elementor-widget elementor-widget-text-editor\" data-id=\"782fea9\" data-element_type=\"widget\" data-e-type=\"widget\" data-widget_type=\"text-editor.default\">\n\t\t\t\t<div class=\"elementor-widget-container\">\n\t\t\t\t\t\t\t\t\t<p>Un dels problemes d&#8217;una mina \u00e9s el buidatge de l&#8217;aigua que es filtra per les parets.<\/p><p>Inicialment s&#8217;efectuava mitjan\u00e7ant unes bosses de cuir, <em>zacas<\/em>, que s&#8217;elevaven mitjan\u00e7ant torns com el que hem vist abans.<\/p><p>Una innovaci\u00f3 de segle XVII va ser l&#8217;aplicaci\u00f3 de bombes aspirants accionades per homes (bombers).<\/p>\t\t\t\t\t\t\t\t<\/div>\n\t\t\t\t<\/div>\n\t\t\t\t<div class=\"elementor-element elementor-element-a9d3d87 elementor-widget elementor-widget-image\" data-id=\"a9d3d87\" data-element_type=\"widget\" data-e-type=\"widget\" data-widget_type=\"image.default\">\n\t\t\t\t<div class=\"elementor-widget-container\">\n\t\t\t\t\t\t\t\t\t\t\t\t<figure class=\"wp-caption\">\n\t\t\t\t\t\t\t\t\t\t<img loading=\"lazy\" decoding=\"async\" width=\"768\" height=\"512\" src=\"https:\/\/www.elturistatranquil.com\/wp-content\/uploads\/F24-Parque-minero-de-Almaden.jpg\" class=\"attachment-large size-large wp-image-29760\" alt=\"Parque minero de Almaden\" srcset=\"https:\/\/www.elturistatranquil.com\/wp-content\/uploads\/F24-Parque-minero-de-Almaden.jpg 768w, https:\/\/www.elturistatranquil.com\/wp-content\/uploads\/F24-Parque-minero-de-Almaden-339x226.jpg 339w\" sizes=\"(max-width: 768px) 100vw, 768px\" \/>\t\t\t\t\t\t\t\t\t\t\t<figcaption class=\"widget-image-caption wp-caption-text\"><\/figcaption>\n\t\t\t\t\t\t\t\t\t\t<\/figure>\n\t\t\t\t\t\t\t\t\t<\/div>\n\t\t\t\t<\/div>\n\t\t\t\t<div class=\"elementor-element elementor-element-970ca2d elementor-widget elementor-widget-text-editor\" data-id=\"970ca2d\" data-element_type=\"widget\" data-e-type=\"widget\" data-widget_type=\"text-editor.default\">\n\t\t\t\t<div class=\"elementor-widget-container\">\n\t\t\t\t\t\t\t\t\t<p>Arribem a la joia de la mina, el <strong>Baritel de San Andr\u00e9s<\/strong>, constru\u00eft el 1755. Es tracta d&#8217;un gran recinte en forma semiesf\u00e8rica, en qu\u00e8 va instal\u00b7lar-se un impressionant <em>malacate<\/em> o cabrestant per elevar mineral, per al buidatge d&#8217;aigua, o per introduir eines i fusta. Hi ha qui a aquesta gran cavitat l\u2019anomena la <em>Capella Sixtina de la mineria<\/em>.<\/p><p>Era arrossegat per mules, per fer girar un eix vertical amb un tambor a la part superior en el qual s\u2019enrotlla una maroma que, amb ajuda d&#8217;altres politges, s&#8217;introdueix al pou.<\/p><p>El dibuix seg\u00fcent mostra un exemple de malacate.<\/p>\t\t\t\t\t\t\t\t<\/div>\n\t\t\t\t<\/div>\n\t\t\t\t<div class=\"elementor-element elementor-element-29f95b7 elementor-widget elementor-widget-image\" data-id=\"29f95b7\" data-element_type=\"widget\" data-e-type=\"widget\" data-widget_type=\"image.default\">\n\t\t\t\t<div class=\"elementor-widget-container\">\n\t\t\t\t\t\t\t\t\t\t\t\t<figure class=\"wp-caption\">\n\t\t\t\t\t\t\t\t\t\t<img loading=\"lazy\" decoding=\"async\" width=\"768\" height=\"512\" src=\"https:\/\/www.elturistatranquil.com\/wp-content\/uploads\/F25-Parque-minero-de-Almaden.jpg\" class=\"attachment-large size-large wp-image-29762\" alt=\"Parque minero de Almaden\" srcset=\"https:\/\/www.elturistatranquil.com\/wp-content\/uploads\/F25-Parque-minero-de-Almaden.jpg 768w, https:\/\/www.elturistatranquil.com\/wp-content\/uploads\/F25-Parque-minero-de-Almaden-339x226.jpg 339w\" sizes=\"(max-width: 768px) 100vw, 768px\" \/>\t\t\t\t\t\t\t\t\t\t\t<figcaption class=\"widget-image-caption wp-caption-text\">Malacate de cavalleria. Dibuix de Jaime S. Calleja (Font: Hern\u00e1ndez Sobrino, p. 171)<\/figcaption>\n\t\t\t\t\t\t\t\t\t\t<\/figure>\n\t\t\t\t\t\t\t\t\t<\/div>\n\t\t\t\t<\/div>\n\t\t\t\t<div class=\"elementor-element elementor-element-649a98a elementor-widget elementor-widget-text-editor\" data-id=\"649a98a\" data-element_type=\"widget\" data-e-type=\"widget\" data-widget_type=\"text-editor.default\">\n\t\t\t\t<div class=\"elementor-widget-container\">\n\t\t\t\t\t\t\t\t\t<p>\u00c9s una ll\u00e0stima que amb la meva c\u00e0mera fotogr\u00e0fica no pogu\u00e9s captar tota la magnitud del recinte.<\/p><p>Per l&#8217;inter\u00e8s de veure una imatge global, i per compensar les defici\u00e8ncies de les meves fotografies, he recorregut a la imatge que proporciona l&#8217;Ajuntament al seu web.<\/p>\t\t\t\t\t\t\t\t<\/div>\n\t\t\t\t<\/div>\n\t\t\t\t<div class=\"elementor-element elementor-element-8cb3742 elementor-widget elementor-widget-image\" data-id=\"8cb3742\" data-element_type=\"widget\" data-e-type=\"widget\" data-widget_type=\"image.default\">\n\t\t\t\t<div class=\"elementor-widget-container\">\n\t\t\t\t\t\t\t\t\t\t\t\t<figure class=\"wp-caption\">\n\t\t\t\t\t\t\t\t\t\t<img loading=\"lazy\" decoding=\"async\" width=\"768\" height=\"512\" src=\"https:\/\/www.elturistatranquil.com\/wp-content\/uploads\/F25b-Parque-minero-de-Almaden.jpg\" class=\"attachment-large size-large wp-image-29764\" alt=\"Parque minero de Almaden\" srcset=\"https:\/\/www.elturistatranquil.com\/wp-content\/uploads\/F25b-Parque-minero-de-Almaden.jpg 768w, https:\/\/www.elturistatranquil.com\/wp-content\/uploads\/F25b-Parque-minero-de-Almaden-339x226.jpg 339w\" sizes=\"(max-width: 768px) 100vw, 768px\" \/>\t\t\t\t\t\t\t\t\t\t\t<figcaption class=\"widget-image-caption wp-caption-text\">(Font: Web del Ayuntamiento de Almad\u00e9n)<\/figcaption>\n\t\t\t\t\t\t\t\t\t\t<\/figure>\n\t\t\t\t\t\t\t\t\t<\/div>\n\t\t\t\t<\/div>\n\t\t\t\t<div class=\"elementor-element elementor-element-be41415 elementor-widget elementor-widget-image\" data-id=\"be41415\" data-element_type=\"widget\" data-e-type=\"widget\" data-widget_type=\"image.default\">\n\t\t\t\t<div class=\"elementor-widget-container\">\n\t\t\t\t\t\t\t\t\t\t\t\t<figure class=\"wp-caption\">\n\t\t\t\t\t\t\t\t\t\t<img loading=\"lazy\" decoding=\"async\" width=\"768\" height=\"511\" src=\"https:\/\/www.elturistatranquil.com\/wp-content\/uploads\/F26-Parque-minero-de-Almaden.jpg\" class=\"attachment-large size-large wp-image-29766\" alt=\"Parque minero de Almaden\" srcset=\"https:\/\/www.elturistatranquil.com\/wp-content\/uploads\/F26-Parque-minero-de-Almaden.jpg 768w, https:\/\/www.elturistatranquil.com\/wp-content\/uploads\/F26-Parque-minero-de-Almaden-339x226.jpg 339w\" sizes=\"(max-width: 768px) 100vw, 768px\" \/>\t\t\t\t\t\t\t\t\t\t\t<figcaption class=\"widget-image-caption wp-caption-text\"><\/figcaption>\n\t\t\t\t\t\t\t\t\t\t<\/figure>\n\t\t\t\t\t\t\t\t\t<\/div>\n\t\t\t\t<\/div>\n\t\t\t\t<div class=\"elementor-element elementor-element-f7e568f elementor-widget elementor-widget-image\" data-id=\"f7e568f\" data-element_type=\"widget\" data-e-type=\"widget\" data-widget_type=\"image.default\">\n\t\t\t\t<div class=\"elementor-widget-container\">\n\t\t\t\t\t\t\t\t\t\t\t\t<figure class=\"wp-caption\">\n\t\t\t\t\t\t\t\t\t\t<img loading=\"lazy\" decoding=\"async\" width=\"366\" height=\"550\" src=\"https:\/\/www.elturistatranquil.com\/wp-content\/uploads\/F27-Parque-minero-de-Almaden.jpg\" class=\"attachment-large size-large wp-image-29768\" alt=\"Parque minero de Almaden\" srcset=\"https:\/\/www.elturistatranquil.com\/wp-content\/uploads\/F27-Parque-minero-de-Almaden.jpg 366w, https:\/\/www.elturistatranquil.com\/wp-content\/uploads\/F27-Parque-minero-de-Almaden-150x226.jpg 150w\" sizes=\"(max-width: 366px) 100vw, 366px\" \/>\t\t\t\t\t\t\t\t\t\t\t<figcaption class=\"widget-image-caption wp-caption-text\"><\/figcaption>\n\t\t\t\t\t\t\t\t\t\t<\/figure>\n\t\t\t\t\t\t\t\t\t<\/div>\n\t\t\t\t<\/div>\n\t\t\t\t<div class=\"elementor-element elementor-element-8ab6190 elementor-widget elementor-widget-image\" data-id=\"8ab6190\" data-element_type=\"widget\" data-e-type=\"widget\" data-widget_type=\"image.default\">\n\t\t\t\t<div class=\"elementor-widget-container\">\n\t\t\t\t\t\t\t\t\t\t\t\t<figure class=\"wp-caption\">\n\t\t\t\t\t\t\t\t\t\t<img loading=\"lazy\" decoding=\"async\" width=\"768\" height=\"511\" src=\"https:\/\/www.elturistatranquil.com\/wp-content\/uploads\/F28-Parque-minero-de-Almaden.jpg\" class=\"attachment-large size-large wp-image-29770\" alt=\"Parque minero de Almaden\" srcset=\"https:\/\/www.elturistatranquil.com\/wp-content\/uploads\/F28-Parque-minero-de-Almaden.jpg 768w, https:\/\/www.elturistatranquil.com\/wp-content\/uploads\/F28-Parque-minero-de-Almaden-339x226.jpg 339w\" sizes=\"(max-width: 768px) 100vw, 768px\" \/>\t\t\t\t\t\t\t\t\t\t\t<figcaption class=\"widget-image-caption wp-caption-text\"><\/figcaption>\n\t\t\t\t\t\t\t\t\t\t<\/figure>\n\t\t\t\t\t\t\t\t\t<\/div>\n\t\t\t\t<\/div>\n\t\t\t\t<div class=\"elementor-element elementor-element-7149c54 elementor-widget elementor-widget-text-editor\" data-id=\"7149c54\" data-element_type=\"widget\" data-e-type=\"widget\" data-widget_type=\"text-editor.default\">\n\t\t\t\t<div class=\"elementor-widget-container\">\n\t\t\t\t\t\t\t\t\t<p>Aquesta imatge pot ajudar a fer-se una idea de les dimensions de la sala.<\/p>\t\t\t\t\t\t\t\t<\/div>\n\t\t\t\t<\/div>\n\t\t\t\t<div class=\"elementor-element elementor-element-89fd19f elementor-widget elementor-widget-image\" data-id=\"89fd19f\" data-element_type=\"widget\" data-e-type=\"widget\" data-widget_type=\"image.default\">\n\t\t\t\t<div class=\"elementor-widget-container\">\n\t\t\t\t\t\t\t\t\t\t\t\t<figure class=\"wp-caption\">\n\t\t\t\t\t\t\t\t\t\t<img loading=\"lazy\" decoding=\"async\" width=\"768\" height=\"512\" src=\"https:\/\/www.elturistatranquil.com\/wp-content\/uploads\/F29-Parque-minero-de-Almaden.jpg\" class=\"attachment-large size-large wp-image-29772\" alt=\"Parque minero de Almaden\" srcset=\"https:\/\/www.elturistatranquil.com\/wp-content\/uploads\/F29-Parque-minero-de-Almaden.jpg 768w, https:\/\/www.elturistatranquil.com\/wp-content\/uploads\/F29-Parque-minero-de-Almaden-339x226.jpg 339w\" sizes=\"(max-width: 768px) 100vw, 768px\" \/>\t\t\t\t\t\t\t\t\t\t\t<figcaption class=\"widget-image-caption wp-caption-text\"><\/figcaption>\n\t\t\t\t\t\t\t\t\t\t<\/figure>\n\t\t\t\t\t\t\t\t\t<\/div>\n\t\t\t\t<\/div>\n\t\t\t\t<div class=\"elementor-element elementor-element-af8211a elementor-widget elementor-widget-text-editor\" data-id=\"af8211a\" data-element_type=\"widget\" data-e-type=\"widget\" data-widget_type=\"text-editor.default\">\n\t\t\t\t<div class=\"elementor-widget-container\">\n\t\t\t\t\t\t\t\t\t<p>El matac\u00e0 fa moure una \u00fanica corda amb els dos extrems. La pot\u00e8ncia del conjunt permet moure materials des de grans profunditats.<\/p>\t\t\t\t\t\t\t\t<\/div>\n\t\t\t\t<\/div>\n\t\t\t\t<div class=\"elementor-element elementor-element-2030e12 elementor-widget elementor-widget-image\" data-id=\"2030e12\" data-element_type=\"widget\" data-e-type=\"widget\" data-widget_type=\"image.default\">\n\t\t\t\t<div class=\"elementor-widget-container\">\n\t\t\t\t\t\t\t\t\t\t\t\t<figure class=\"wp-caption\">\n\t\t\t\t\t\t\t\t\t\t<img loading=\"lazy\" decoding=\"async\" width=\"768\" height=\"511\" src=\"https:\/\/www.elturistatranquil.com\/wp-content\/uploads\/F30-Parque-minero-de-Almaden.jpg\" class=\"attachment-large size-large wp-image-29774\" alt=\"Parque minero de Almaden\" srcset=\"https:\/\/www.elturistatranquil.com\/wp-content\/uploads\/F30-Parque-minero-de-Almaden.jpg 768w, https:\/\/www.elturistatranquil.com\/wp-content\/uploads\/F30-Parque-minero-de-Almaden-339x226.jpg 339w\" sizes=\"(max-width: 768px) 100vw, 768px\" \/>\t\t\t\t\t\t\t\t\t\t\t<figcaption class=\"widget-image-caption wp-caption-text\"><\/figcaption>\n\t\t\t\t\t\t\t\t\t\t<\/figure>\n\t\t\t\t\t\t\t\t\t<\/div>\n\t\t\t\t<\/div>\n\t\t\t\t<div class=\"elementor-element elementor-element-46d73db elementor-widget elementor-widget-image\" data-id=\"46d73db\" data-element_type=\"widget\" data-e-type=\"widget\" data-widget_type=\"image.default\">\n\t\t\t\t<div class=\"elementor-widget-container\">\n\t\t\t\t\t\t\t\t\t\t\t\t<figure class=\"wp-caption\">\n\t\t\t\t\t\t\t\t\t\t<img loading=\"lazy\" decoding=\"async\" width=\"768\" height=\"511\" src=\"https:\/\/www.elturistatranquil.com\/wp-content\/uploads\/F31-Parque-minero-de-Almaden.jpg\" class=\"attachment-large size-large wp-image-29776\" alt=\"Parque minero de Almaden\" srcset=\"https:\/\/www.elturistatranquil.com\/wp-content\/uploads\/F31-Parque-minero-de-Almaden.jpg 768w, https:\/\/www.elturistatranquil.com\/wp-content\/uploads\/F31-Parque-minero-de-Almaden-339x226.jpg 339w\" sizes=\"(max-width: 768px) 100vw, 768px\" \/>\t\t\t\t\t\t\t\t\t\t\t<figcaption class=\"widget-image-caption wp-caption-text\"><\/figcaption>\n\t\t\t\t\t\t\t\t\t\t<\/figure>\n\t\t\t\t\t\t\t\t\t<\/div>\n\t\t\t\t<\/div>\n\t\t\t\t<div class=\"elementor-element elementor-element-f501b24 elementor-widget elementor-widget-text-editor\" data-id=\"f501b24\" data-element_type=\"widget\" data-e-type=\"widget\" data-widget_type=\"text-editor.default\">\n\t\t\t\t<div class=\"elementor-widget-container\">\n\t\t\t\t\t\t\t\t\t<p>A aquesta zona conflueix la <strong>galeria de for\u00e7ats<\/strong> per la qual es condu\u00efa als penats a treballar a la mina des de la Pres\u00f3.<\/p>\t\t\t\t\t\t\t\t<\/div>\n\t\t\t\t<\/div>\n\t\t\t\t<div class=\"elementor-element elementor-element-5fb3bfe elementor-widget elementor-widget-image\" data-id=\"5fb3bfe\" data-element_type=\"widget\" data-e-type=\"widget\" data-widget_type=\"image.default\">\n\t\t\t\t<div class=\"elementor-widget-container\">\n\t\t\t\t\t\t\t\t\t\t\t\t<figure class=\"wp-caption\">\n\t\t\t\t\t\t\t\t\t\t<img loading=\"lazy\" decoding=\"async\" width=\"768\" height=\"511\" src=\"https:\/\/www.elturistatranquil.com\/wp-content\/uploads\/F32-Parque-minero-de-Almaden.jpg\" class=\"attachment-large size-large wp-image-29778\" alt=\"Parque minero de Almaden\" srcset=\"https:\/\/www.elturistatranquil.com\/wp-content\/uploads\/F32-Parque-minero-de-Almaden.jpg 768w, https:\/\/www.elturistatranquil.com\/wp-content\/uploads\/F32-Parque-minero-de-Almaden-339x226.jpg 339w\" sizes=\"(max-width: 768px) 100vw, 768px\" \/>\t\t\t\t\t\t\t\t\t\t\t<figcaption class=\"widget-image-caption wp-caption-text\"><\/figcaption>\n\t\t\t\t\t\t\t\t\t\t<\/figure>\n\t\t\t\t\t\t\t\t\t<\/div>\n\t\t\t\t<\/div>\n\t\t\t\t<div class=\"elementor-element elementor-element-51cf625 elementor-widget elementor-widget-text-editor\" data-id=\"51cf625\" data-element_type=\"widget\" data-e-type=\"widget\" data-widget_type=\"text-editor.default\">\n\t\t\t\t<div class=\"elementor-widget-container\">\n\t\t\t\t\t\t\t\t\t<p>Finalitza la visita a la sala d&#8217;eines i lloc de devoci\u00f3 dels miners amb la imatge de la Mare de D\u00e9u de la Mina.<\/p>\t\t\t\t\t\t\t\t<\/div>\n\t\t\t\t<\/div>\n\t\t\t\t<div class=\"elementor-element elementor-element-40cdf9a elementor-widget elementor-widget-image\" data-id=\"40cdf9a\" data-element_type=\"widget\" data-e-type=\"widget\" data-widget_type=\"image.default\">\n\t\t\t\t<div class=\"elementor-widget-container\">\n\t\t\t\t\t\t\t\t\t\t\t\t<figure class=\"wp-caption\">\n\t\t\t\t\t\t\t\t\t\t<img loading=\"lazy\" decoding=\"async\" width=\"768\" height=\"512\" src=\"https:\/\/www.elturistatranquil.com\/wp-content\/uploads\/F33-Parque-minero-de-Almaden.jpg\" class=\"attachment-large size-large wp-image-29780\" alt=\"Parque minero de Almaden\" srcset=\"https:\/\/www.elturistatranquil.com\/wp-content\/uploads\/F33-Parque-minero-de-Almaden.jpg 768w, https:\/\/www.elturistatranquil.com\/wp-content\/uploads\/F33-Parque-minero-de-Almaden-339x226.jpg 339w\" sizes=\"(max-width: 768px) 100vw, 768px\" \/>\t\t\t\t\t\t\t\t\t\t\t<figcaption class=\"widget-image-caption wp-caption-text\"><\/figcaption>\n\t\t\t\t\t\t\t\t\t\t<\/figure>\n\t\t\t\t\t\t\t\t\t<\/div>\n\t\t\t\t<\/div>\n\t\t\t\t<div class=\"elementor-element elementor-element-7acbcd9 elementor-widget elementor-widget-image\" data-id=\"7acbcd9\" data-element_type=\"widget\" data-e-type=\"widget\" data-widget_type=\"image.default\">\n\t\t\t\t<div class=\"elementor-widget-container\">\n\t\t\t\t\t\t\t\t\t\t\t\t<figure class=\"wp-caption\">\n\t\t\t\t\t\t\t\t\t\t<img loading=\"lazy\" decoding=\"async\" width=\"768\" height=\"511\" src=\"https:\/\/www.elturistatranquil.com\/wp-content\/uploads\/F34-Parque-minero-de-Almaden.jpg\" class=\"attachment-large size-large wp-image-29782\" alt=\"Parque minero de Almaden\" srcset=\"https:\/\/www.elturistatranquil.com\/wp-content\/uploads\/F34-Parque-minero-de-Almaden.jpg 768w, https:\/\/www.elturistatranquil.com\/wp-content\/uploads\/F34-Parque-minero-de-Almaden-339x226.jpg 339w\" sizes=\"(max-width: 768px) 100vw, 768px\" \/>\t\t\t\t\t\t\t\t\t\t\t<figcaption class=\"widget-image-caption wp-caption-text\"><\/figcaption>\n\t\t\t\t\t\t\t\t\t\t<\/figure>\n\t\t\t\t\t\t\t\t\t<\/div>\n\t\t\t\t<\/div>\n\t\t\t\t<div class=\"elementor-element elementor-element-bdd5a56 elementor-widget elementor-widget-text-editor\" data-id=\"bdd5a56\" data-element_type=\"widget\" data-e-type=\"widget\" data-widget_type=\"text-editor.default\">\n\t\t\t\t<div class=\"elementor-widget-container\">\n\t\t\t\t\t\t\t\t\t<p>Mitjan\u00e7ant el pou de San Teodoro de nou, l&#8217;ascensor ens porta a una galeria superior on un tren miner ens transportar\u00e0 al Cerco dels forns pel mateix cam\u00ed que recorria el mineral en la segona meitat del segle XX.<\/p>\t\t\t\t\t\t\t\t<\/div>\n\t\t\t\t<\/div>\n\t\t\t\t<div class=\"elementor-element elementor-element-2a286d7 elementor-widget elementor-widget-image\" data-id=\"2a286d7\" data-element_type=\"widget\" data-e-type=\"widget\" data-widget_type=\"image.default\">\n\t\t\t\t<div class=\"elementor-widget-container\">\n\t\t\t\t\t\t\t\t\t\t\t\t<figure class=\"wp-caption\">\n\t\t\t\t\t\t\t\t\t\t<img loading=\"lazy\" decoding=\"async\" width=\"768\" height=\"511\" src=\"https:\/\/www.elturistatranquil.com\/wp-content\/uploads\/F35-Parque-minero-de-Almaden.jpg\" class=\"attachment-large size-large wp-image-29784\" alt=\"Parque minero de Almaden\" srcset=\"https:\/\/www.elturistatranquil.com\/wp-content\/uploads\/F35-Parque-minero-de-Almaden.jpg 768w, https:\/\/www.elturistatranquil.com\/wp-content\/uploads\/F35-Parque-minero-de-Almaden-339x226.jpg 339w\" sizes=\"(max-width: 768px) 100vw, 768px\" \/>\t\t\t\t\t\t\t\t\t\t\t<figcaption class=\"widget-image-caption wp-caption-text\"><\/figcaption>\n\t\t\t\t\t\t\t\t\t\t<\/figure>\n\t\t\t\t\t\t\t\t\t<\/div>\n\t\t\t\t<\/div>\n\t\t\t\t<div class=\"elementor-element elementor-element-36d1ed6 elementor-widget elementor-widget-image\" data-id=\"36d1ed6\" data-element_type=\"widget\" data-e-type=\"widget\" data-widget_type=\"image.default\">\n\t\t\t\t<div class=\"elementor-widget-container\">\n\t\t\t\t\t\t\t\t\t\t\t\t<figure class=\"wp-caption\">\n\t\t\t\t\t\t\t\t\t\t<img loading=\"lazy\" decoding=\"async\" width=\"768\" height=\"511\" src=\"https:\/\/www.elturistatranquil.com\/wp-content\/uploads\/F36-Parque-minero-de-Almaden.jpg\" class=\"attachment-large size-large wp-image-29786\" alt=\"Parque minero de Almaden\" srcset=\"https:\/\/www.elturistatranquil.com\/wp-content\/uploads\/F36-Parque-minero-de-Almaden.jpg 768w, https:\/\/www.elturistatranquil.com\/wp-content\/uploads\/F36-Parque-minero-de-Almaden-339x226.jpg 339w\" sizes=\"(max-width: 768px) 100vw, 768px\" \/>\t\t\t\t\t\t\t\t\t\t\t<figcaption class=\"widget-image-caption wp-caption-text\"><\/figcaption>\n\t\t\t\t\t\t\t\t\t\t<\/figure>\n\t\t\t\t\t\t\t\t\t<\/div>\n\t\t\t\t<\/div>\n\t\t\t\t<div class=\"elementor-element elementor-element-76336ec elementor-widget elementor-widget-menu-anchor\" data-id=\"76336ec\" data-element_type=\"widget\" data-e-type=\"widget\" data-widget_type=\"menu-anchor.default\">\n\t\t\t\t<div class=\"elementor-widget-container\">\n\t\t\t\t\t\t\t<div class=\"elementor-menu-anchor\" id=\"b4410\"><\/div>\n\t\t\t\t\t\t<\/div>\n\t\t\t\t<\/div>\n\t\t\t\t<div class=\"elementor-element elementor-element-7ecec9d elementor-widget elementor-widget-image\" data-id=\"7ecec9d\" data-element_type=\"widget\" data-e-type=\"widget\" data-widget_type=\"image.default\">\n\t\t\t\t<div class=\"elementor-widget-container\">\n\t\t\t\t\t\t\t\t\t\t\t\t<figure class=\"wp-caption\">\n\t\t\t\t\t\t\t\t\t\t<img loading=\"lazy\" decoding=\"async\" width=\"768\" height=\"512\" src=\"https:\/\/www.elturistatranquil.com\/wp-content\/uploads\/F37-Parque-minero-de-Almaden.jpg\" class=\"attachment-large size-large wp-image-29788\" alt=\"Parque minero de Almaden\" srcset=\"https:\/\/www.elturistatranquil.com\/wp-content\/uploads\/F37-Parque-minero-de-Almaden.jpg 768w, https:\/\/www.elturistatranquil.com\/wp-content\/uploads\/F37-Parque-minero-de-Almaden-339x226.jpg 339w\" sizes=\"(max-width: 768px) 100vw, 768px\" \/>\t\t\t\t\t\t\t\t\t\t\t<figcaption class=\"widget-image-caption wp-caption-text\"><\/figcaption>\n\t\t\t\t\t\t\t\t\t\t<\/figure>\n\t\t\t\t\t\t\t\t\t<\/div>\n\t\t\t\t<\/div>\n\t\t\t\t<div class=\"elementor-element elementor-element-9003d3a elementor-widget elementor-widget-heading\" data-id=\"9003d3a\" data-element_type=\"widget\" data-e-type=\"widget\" data-widget_type=\"heading.default\">\n\t\t\t\t<div class=\"elementor-widget-container\">\n\t\t\t\t\t<h2 class=\"elementor-heading-title elementor-size-default\">Instal\u00b7lacions exteriors<\/h2>\t\t\t\t<\/div>\n\t\t\t\t<\/div>\n\t\t\t\t<div class=\"elementor-element elementor-element-cf6f9e2 elementor-widget elementor-widget-menu-anchor\" data-id=\"cf6f9e2\" data-element_type=\"widget\" data-e-type=\"widget\" data-widget_type=\"menu-anchor.default\">\n\t\t\t\t<div class=\"elementor-widget-container\">\n\t\t\t\t\t\t\t<div class=\"elementor-menu-anchor\" id=\"b4411\"><\/div>\n\t\t\t\t\t\t<\/div>\n\t\t\t\t<\/div>\n\t\t\t\t<div class=\"elementor-element elementor-element-8ef17ab elementor-widget elementor-widget-text-editor\" data-id=\"8ef17ab\" data-element_type=\"widget\" data-e-type=\"widget\" data-widget_type=\"text-editor.default\">\n\t\t\t\t<div class=\"elementor-widget-container\">\n\t\t\t\t\t\t\t\t\t<p>En la seg\u00fcent exposici\u00f3 no seguir\u00e9 un ordre cronol\u00f2gic de com es va desenvolupar la visita a les instal\u00b7lacions metal\u00b7l\u00fargiques d&#8217;obtenci\u00f3 de <em>azogue<\/em> o mercuri, sin\u00f3 que prefereixo seguir les etapes del proc\u00e9s de fabricaci\u00f3 (apartat <a href=\"https:\/\/www.elturistatranquil.com\/ca\/parc-miner-dalmaden-ciudad-real\/#b4405\">Mineria i metal\u00b7l\u00fargia del mercuri<\/a>), incidint succintament en la seva evoluci\u00f3 hist\u00f2rica.<\/p><p>Aprofitar\u00e9 per posar en el seu context elements i explicacions continguts al <strong>Museu del Mercuri<\/strong> (<strong>8<\/strong>), i fins i tot del <strong>Museu del Miner<\/strong> del <strong>Reial Hospital de Miners de San Rafael<\/strong>, que es troba a la Vila.<\/p>\t\t\t\t\t\t\t\t<\/div>\n\t\t\t\t<\/div>\n\t\t\t\t<div class=\"elementor-element elementor-element-9e925ad elementor-widget elementor-widget-heading\" data-id=\"9e925ad\" data-element_type=\"widget\" data-e-type=\"widget\" data-widget_type=\"heading.default\">\n\t\t\t\t<div class=\"elementor-widget-container\">\n\t\t\t\t\t<h3 class=\"elementor-heading-title elementor-size-default\">Instal\u00b7lacions extractives exteriors: Pous<\/h3>\t\t\t\t<\/div>\n\t\t\t\t<\/div>\n\t\t\t\t<div class=\"elementor-element elementor-element-b9fc4ff elementor-widget elementor-widget-text-editor\" data-id=\"b9fc4ff\" data-element_type=\"widget\" data-e-type=\"widget\" data-widget_type=\"text-editor.default\">\n\t\t\t\t<div class=\"elementor-widget-container\">\n\t\t\t\t\t\t\t\t\t<p>Al Parc es troben quatre pous. El <strong>pou de San Teodoro<\/strong> que actuava com pou principal a partir de segle XVII; els pous <strong>de San Miguel<\/strong> i <strong>de San Aquilino<\/strong> com pous auxiliars, i el <strong>pou de San Joaqu\u00edn<\/strong> iniciat en els anys 1950.<\/p><p>El <strong>pou de San Teodoro<\/strong> (<strong>2<\/strong>) \u00e9s el pou pel qual he entrat a la mina.<\/p><p>El <strong>pou de San Miguel<\/strong> (<strong>15<\/strong>) t\u00e9 les seves xemeneies de ventilaci\u00f3 a la pla\u00e7a Escorusa, al nucli de la poblaci\u00f3 fora dels l\u00edmits de Parc miner.<\/p><p>El <strong>pou de San Aquilino<\/strong> (<strong>3<\/strong>) \u00e9s, en el seu origen, anterior a 1543. Es pot veure la casa de m\u00e0quines i el castellet als peus de l&#8217;extrem occidental de la poblaci\u00f3, que se situa elevada. Des de l&#8217;Esgl\u00e9sia de San Sebasti\u00e1n s&#8217;observa perfectament els <em>Cercos<\/em> del Parc Miner.<\/p>\t\t\t\t\t\t\t\t<\/div>\n\t\t\t\t<\/div>\n\t\t\t\t<div class=\"elementor-element elementor-element-5288e30 elementor-widget elementor-widget-image\" data-id=\"5288e30\" data-element_type=\"widget\" data-e-type=\"widget\" data-widget_type=\"image.default\">\n\t\t\t\t<div class=\"elementor-widget-container\">\n\t\t\t\t\t\t\t\t\t\t\t\t<figure class=\"wp-caption\">\n\t\t\t\t\t\t\t\t\t\t<img loading=\"lazy\" decoding=\"async\" width=\"768\" height=\"511\" src=\"https:\/\/www.elturistatranquil.com\/wp-content\/uploads\/F38-Parque-minero-de-Almaden.jpg\" class=\"attachment-large size-large wp-image-29790\" alt=\"Parque minero de Almaden\" srcset=\"https:\/\/www.elturistatranquil.com\/wp-content\/uploads\/F38-Parque-minero-de-Almaden.jpg 768w, https:\/\/www.elturistatranquil.com\/wp-content\/uploads\/F38-Parque-minero-de-Almaden-339x226.jpg 339w\" sizes=\"(max-width: 768px) 100vw, 768px\" \/>\t\t\t\t\t\t\t\t\t\t\t<figcaption class=\"widget-image-caption wp-caption-text\"><\/figcaption>\n\t\t\t\t\t\t\t\t\t\t<\/figure>\n\t\t\t\t\t\t\t\t\t<\/div>\n\t\t\t\t<\/div>\n\t\t\t\t<div class=\"elementor-element elementor-element-72f2829 elementor-widget elementor-widget-image\" data-id=\"72f2829\" data-element_type=\"widget\" data-e-type=\"widget\" data-widget_type=\"image.default\">\n\t\t\t\t<div class=\"elementor-widget-container\">\n\t\t\t\t\t\t\t\t\t\t\t\t<figure class=\"wp-caption\">\n\t\t\t\t\t\t\t\t\t\t<img loading=\"lazy\" decoding=\"async\" width=\"768\" height=\"512\" src=\"https:\/\/www.elturistatranquil.com\/wp-content\/uploads\/F39-Parque-minero-de-Almaden.jpg\" class=\"attachment-large size-large wp-image-29792\" alt=\"Parque minero de Almaden\" srcset=\"https:\/\/www.elturistatranquil.com\/wp-content\/uploads\/F39-Parque-minero-de-Almaden.jpg 768w, https:\/\/www.elturistatranquil.com\/wp-content\/uploads\/F39-Parque-minero-de-Almaden-339x226.jpg 339w\" sizes=\"(max-width: 768px) 100vw, 768px\" \/>\t\t\t\t\t\t\t\t\t\t\t<figcaption class=\"widget-image-caption wp-caption-text\"><\/figcaption>\n\t\t\t\t\t\t\t\t\t\t<\/figure>\n\t\t\t\t\t\t\t\t\t<\/div>\n\t\t\t\t<\/div>\n\t\t\t\t<div class=\"elementor-element elementor-element-18968e9 elementor-widget elementor-widget-text-editor\" data-id=\"18968e9\" data-element_type=\"widget\" data-e-type=\"widget\" data-widget_type=\"text-editor.default\">\n\t\t\t\t<div class=\"elementor-widget-container\">\n\t\t\t\t\t\t\t\t\t<p>A l&#8217;extrem occidental es localitza el <strong>pou de San Joaqu\u00edn<\/strong> (<strong>4<\/strong>) iniciat a la d\u00e8cada de 1950.<\/p>\t\t\t\t\t\t\t\t<\/div>\n\t\t\t\t<\/div>\n\t\t\t\t<div class=\"elementor-element elementor-element-be86510 elementor-widget elementor-widget-image\" data-id=\"be86510\" data-element_type=\"widget\" data-e-type=\"widget\" data-widget_type=\"image.default\">\n\t\t\t\t<div class=\"elementor-widget-container\">\n\t\t\t\t\t\t\t\t\t\t\t\t<figure class=\"wp-caption\">\n\t\t\t\t\t\t\t\t\t\t<img loading=\"lazy\" decoding=\"async\" width=\"768\" height=\"511\" src=\"https:\/\/www.elturistatranquil.com\/wp-content\/uploads\/F40-Parque-minero-de-Almaden.jpg\" class=\"attachment-large size-large wp-image-29794\" alt=\"Parque minero de Almaden\" srcset=\"https:\/\/www.elturistatranquil.com\/wp-content\/uploads\/F40-Parque-minero-de-Almaden.jpg 768w, https:\/\/www.elturistatranquil.com\/wp-content\/uploads\/F40-Parque-minero-de-Almaden-339x226.jpg 339w\" sizes=\"(max-width: 768px) 100vw, 768px\" \/>\t\t\t\t\t\t\t\t\t\t\t<figcaption class=\"widget-image-caption wp-caption-text\"><\/figcaption>\n\t\t\t\t\t\t\t\t\t\t<\/figure>\n\t\t\t\t\t\t\t\t\t<\/div>\n\t\t\t\t<\/div>\n\t\t\t\t<div class=\"elementor-element elementor-element-a447843 elementor-widget elementor-widget-image\" data-id=\"a447843\" data-element_type=\"widget\" data-e-type=\"widget\" data-widget_type=\"image.default\">\n\t\t\t\t<div class=\"elementor-widget-container\">\n\t\t\t\t\t\t\t\t\t\t\t\t<figure class=\"wp-caption\">\n\t\t\t\t\t\t\t\t\t\t<img loading=\"lazy\" decoding=\"async\" width=\"768\" height=\"512\" src=\"https:\/\/www.elturistatranquil.com\/wp-content\/uploads\/F41-Parque-minero-de-Almaden.jpg\" class=\"attachment-large size-large wp-image-29796\" alt=\"Parque minero de Almaden\" srcset=\"https:\/\/www.elturistatranquil.com\/wp-content\/uploads\/F41-Parque-minero-de-Almaden.jpg 768w, https:\/\/www.elturistatranquil.com\/wp-content\/uploads\/F41-Parque-minero-de-Almaden-339x226.jpg 339w\" sizes=\"(max-width: 768px) 100vw, 768px\" \/>\t\t\t\t\t\t\t\t\t\t\t<figcaption class=\"widget-image-caption wp-caption-text\"><\/figcaption>\n\t\t\t\t\t\t\t\t\t\t<\/figure>\n\t\t\t\t\t\t\t\t\t<\/div>\n\t\t\t\t<\/div>\n\t\t\t\t<div class=\"elementor-element elementor-element-8583e22 elementor-widget elementor-widget-image\" data-id=\"8583e22\" data-element_type=\"widget\" data-e-type=\"widget\" data-widget_type=\"image.default\">\n\t\t\t\t<div class=\"elementor-widget-container\">\n\t\t\t\t\t\t\t\t\t\t\t\t<figure class=\"wp-caption\">\n\t\t\t\t\t\t\t\t\t\t<img loading=\"lazy\" decoding=\"async\" width=\"448\" height=\"550\" src=\"https:\/\/www.elturistatranquil.com\/wp-content\/uploads\/F42a-Parque-minero-de-Almaden.jpg\" class=\"attachment-large size-large wp-image-29798\" alt=\"Parque minero de Almaden\" srcset=\"https:\/\/www.elturistatranquil.com\/wp-content\/uploads\/F42a-Parque-minero-de-Almaden.jpg 448w, https:\/\/www.elturistatranquil.com\/wp-content\/uploads\/F42a-Parque-minero-de-Almaden-184x226.jpg 184w\" sizes=\"(max-width: 448px) 100vw, 448px\" \/>\t\t\t\t\t\t\t\t\t\t\t<figcaption class=\"widget-image-caption wp-caption-text\"><\/figcaption>\n\t\t\t\t\t\t\t\t\t\t<\/figure>\n\t\t\t\t\t\t\t\t\t<\/div>\n\t\t\t\t<\/div>\n\t\t\t\t<div class=\"elementor-element elementor-element-11cacb5 elementor-widget elementor-widget-menu-anchor\" data-id=\"11cacb5\" data-element_type=\"widget\" data-e-type=\"widget\" data-widget_type=\"menu-anchor.default\">\n\t\t\t\t<div class=\"elementor-widget-container\">\n\t\t\t\t\t\t\t<div class=\"elementor-menu-anchor\" id=\"b4412\"><\/div>\n\t\t\t\t\t\t<\/div>\n\t\t\t\t<\/div>\n\t\t\t\t<div class=\"elementor-element elementor-element-0291200 elementor-widget elementor-widget-image\" data-id=\"0291200\" data-element_type=\"widget\" data-e-type=\"widget\" data-widget_type=\"image.default\">\n\t\t\t\t<div class=\"elementor-widget-container\">\n\t\t\t\t\t\t\t\t\t\t\t\t<figure class=\"wp-caption\">\n\t\t\t\t\t\t\t\t\t\t<img loading=\"lazy\" decoding=\"async\" width=\"768\" height=\"511\" src=\"https:\/\/www.elturistatranquil.com\/wp-content\/uploads\/F42b-Parque-minero-de-Almaden.jpg\" class=\"attachment-large size-large wp-image-29800\" alt=\"Parque minero de Almaden\" srcset=\"https:\/\/www.elturistatranquil.com\/wp-content\/uploads\/F42b-Parque-minero-de-Almaden.jpg 768w, https:\/\/www.elturistatranquil.com\/wp-content\/uploads\/F42b-Parque-minero-de-Almaden-339x226.jpg 339w\" sizes=\"(max-width: 768px) 100vw, 768px\" \/>\t\t\t\t\t\t\t\t\t\t\t<figcaption class=\"widget-image-caption wp-caption-text\"><\/figcaption>\n\t\t\t\t\t\t\t\t\t\t<\/figure>\n\t\t\t\t\t\t\t\t\t<\/div>\n\t\t\t\t<\/div>\n\t\t\t\t<div class=\"elementor-element elementor-element-7a4a87c elementor-widget elementor-widget-heading\" data-id=\"7a4a87c\" data-element_type=\"widget\" data-e-type=\"widget\" data-widget_type=\"heading.default\">\n\t\t\t\t<div class=\"elementor-widget-container\">\n\t\t\t\t\t<h3 class=\"elementor-heading-title elementor-size-default\">Instal\u00b7lacions del proc\u00e9s metal\u00b7l\u00fargic del mercuri<\/h3>\t\t\t\t<\/div>\n\t\t\t\t<\/div>\n\t\t\t\t<div class=\"elementor-element elementor-element-ed97aa6 elementor-widget elementor-widget-menu-anchor\" data-id=\"ed97aa6\" data-element_type=\"widget\" data-e-type=\"widget\" data-widget_type=\"menu-anchor.default\">\n\t\t\t\t<div class=\"elementor-widget-container\">\n\t\t\t\t\t\t\t<div class=\"elementor-menu-anchor\" id=\"b4413\"><\/div>\n\t\t\t\t\t\t<\/div>\n\t\t\t\t<\/div>\n\t\t\t\t<div class=\"elementor-element elementor-element-1b06baf elementor-widget elementor-widget-text-editor\" data-id=\"1b06baf\" data-element_type=\"widget\" data-e-type=\"widget\" data-widget_type=\"text-editor.default\">\n\t\t\t\t<div class=\"elementor-widget-container\">\n\t\t\t\t\t\t\t\t\t<p>La resta del Cerco de Buitrones est\u00e0 destinat a les instal\u00b7lacions del proc\u00e9s metal\u00b7l\u00fargic.<\/p>\t\t\t\t\t\t\t\t<\/div>\n\t\t\t\t<\/div>\n\t\t\t\t<div class=\"elementor-element elementor-element-65bd071b elementor-widget elementor-widget-heading\" data-id=\"65bd071b\" data-element_type=\"widget\" data-e-type=\"widget\" data-widget_type=\"heading.default\">\n\t\t\t\t<div class=\"elementor-widget-container\">\n\t\t\t\t\t<h4 class=\"elementor-heading-title elementor-size-default\">Trossejat o M\u00f2lt<\/h4>\t\t\t\t<\/div>\n\t\t\t\t<\/div>\n\t\t\t\t<div class=\"elementor-element elementor-element-47e4944 elementor-widget elementor-widget-text-editor\" data-id=\"47e4944\" data-element_type=\"widget\" data-e-type=\"widget\" data-widget_type=\"text-editor.default\">\n\t\t\t\t<div class=\"elementor-widget-container\">\n\t\t\t\t\t\t\t\t\t<p>Un cop extret el mineral de l&#8217;interior es procedia a <strong>triturar-lo<\/strong> a diferents granulometries en funci\u00f3 del tipus de recipient on s&#8217;anessin a tractar. Aquesta operaci\u00f3 s&#8217;efectuava a l&#8217;aire lliure amb martells de ferro, que anomenaven <em>porrillos<\/em>.<\/p>\t\t\t\t\t\t\t\t<\/div>\n\t\t\t\t<\/div>\n\t\t\t\t<div class=\"elementor-element elementor-element-8120528 elementor-widget elementor-widget-menu-anchor\" data-id=\"8120528\" data-element_type=\"widget\" data-e-type=\"widget\" data-widget_type=\"menu-anchor.default\">\n\t\t\t\t<div class=\"elementor-widget-container\">\n\t\t\t\t\t\t\t<div class=\"elementor-menu-anchor\" id=\"b4414\"><\/div>\n\t\t\t\t\t\t<\/div>\n\t\t\t\t<\/div>\n\t\t\t\t<div class=\"elementor-element elementor-element-7b34545 elementor-widget elementor-widget-image\" data-id=\"7b34545\" data-element_type=\"widget\" data-e-type=\"widget\" data-widget_type=\"image.default\">\n\t\t\t\t<div class=\"elementor-widget-container\">\n\t\t\t\t\t\t\t\t\t\t\t\t<figure class=\"wp-caption\">\n\t\t\t\t\t\t\t\t\t\t<img loading=\"lazy\" decoding=\"async\" width=\"768\" height=\"513\" src=\"https:\/\/www.elturistatranquil.com\/wp-content\/uploads\/F43-Parque-minero-de-Almaden.jpg\" class=\"attachment-large size-large wp-image-29802\" alt=\"Parque minero de Almaden\" srcset=\"https:\/\/www.elturistatranquil.com\/wp-content\/uploads\/F43-Parque-minero-de-Almaden.jpg 768w, https:\/\/www.elturistatranquil.com\/wp-content\/uploads\/F43-Parque-minero-de-Almaden-339x226.jpg 339w\" sizes=\"(max-width: 768px) 100vw, 768px\" \/>\t\t\t\t\t\t\t\t\t\t\t<figcaption class=\"widget-image-caption wp-caption-text\">(Font: Hern\u00e1ndez Sobrino, p. 43)<\/figcaption>\n\t\t\t\t\t\t\t\t\t\t<\/figure>\n\t\t\t\t\t\t\t\t\t<\/div>\n\t\t\t\t<\/div>\n\t\t\t\t<div class=\"elementor-element elementor-element-5840dd3 elementor-widget elementor-widget-heading\" data-id=\"5840dd3\" data-element_type=\"widget\" data-e-type=\"widget\" data-widget_type=\"heading.default\">\n\t\t\t\t<div class=\"elementor-widget-container\">\n\t\t\t\t\t<h4 class=\"elementor-heading-title elementor-size-default\">C\u00e0rrega del mineral <\/h4>\t\t\t\t<\/div>\n\t\t\t\t<\/div>\n\t\t\t\t<div class=\"elementor-element elementor-element-62195c3 elementor-widget elementor-widget-text-editor\" data-id=\"62195c3\" data-element_type=\"widget\" data-e-type=\"widget\" data-widget_type=\"text-editor.default\">\n\t\t\t\t<div class=\"elementor-widget-container\">\n\t\t\t\t\t\t\t\t\t<p>En cada tipus de forn la c\u00e0rrega del mineral \u00e9s diferent. En els antics de jabecas s&#8217;havia de fer a m\u00e0 omplint un per un els recipients.<\/p><p>En els moderns de tremuges s&#8217;usen sistemes mecanitzats, com les cintes transportadores. Un cop molt el mineral \u00e9s condu\u00eft per una cinta transportadora i dipositat segons la seva grand\u00e0ria en alguna de les 4 tremuges que se seleccionen segons el tipus de torrat que es vagi a donar a mineral.<\/p>\t\t\t\t\t\t\t\t<\/div>\n\t\t\t\t<\/div>\n\t\t\t\t<div class=\"elementor-element elementor-element-96d6a5b elementor-widget elementor-widget-menu-anchor\" data-id=\"96d6a5b\" data-element_type=\"widget\" data-e-type=\"widget\" data-widget_type=\"menu-anchor.default\">\n\t\t\t\t<div class=\"elementor-widget-container\">\n\t\t\t\t\t\t\t<div class=\"elementor-menu-anchor\" id=\"b4415\"><\/div>\n\t\t\t\t\t\t<\/div>\n\t\t\t\t<\/div>\n\t\t\t\t<div class=\"elementor-element elementor-element-f19189f elementor-widget elementor-widget-image\" data-id=\"f19189f\" data-element_type=\"widget\" data-e-type=\"widget\" data-widget_type=\"image.default\">\n\t\t\t\t<div class=\"elementor-widget-container\">\n\t\t\t\t\t\t\t\t\t\t\t\t<figure class=\"wp-caption\">\n\t\t\t\t\t\t\t\t\t\t<img loading=\"lazy\" decoding=\"async\" width=\"768\" height=\"511\" src=\"https:\/\/www.elturistatranquil.com\/wp-content\/uploads\/F44-Parque-minero-de-Almaden.jpg\" class=\"attachment-large size-large wp-image-29804\" alt=\"Parque minero de Almaden\" srcset=\"https:\/\/www.elturistatranquil.com\/wp-content\/uploads\/F44-Parque-minero-de-Almaden.jpg 768w, https:\/\/www.elturistatranquil.com\/wp-content\/uploads\/F44-Parque-minero-de-Almaden-339x226.jpg 339w\" sizes=\"(max-width: 768px) 100vw, 768px\" \/>\t\t\t\t\t\t\t\t\t\t\t<figcaption class=\"widget-image-caption wp-caption-text\"><\/figcaption>\n\t\t\t\t\t\t\t\t\t\t<\/figure>\n\t\t\t\t\t\t\t\t\t<\/div>\n\t\t\t\t<\/div>\n\t\t\t\t<div class=\"elementor-element elementor-element-fa07a12 elementor-widget elementor-widget-heading\" data-id=\"fa07a12\" data-element_type=\"widget\" data-e-type=\"widget\" data-widget_type=\"heading.default\">\n\t\t\t\t<div class=\"elementor-widget-container\">\n\t\t\t\t\t<h4 class=\"elementor-heading-title elementor-size-default\">Destil\u00b7laci\u00f3 del mercuri: torrat i forns per torrar<\/h4>\t\t\t\t<\/div>\n\t\t\t\t<\/div>\n\t\t\t\t<div class=\"elementor-element elementor-element-56c13e2 elementor-widget elementor-widget-text-editor\" data-id=\"56c13e2\" data-element_type=\"widget\" data-e-type=\"widget\" data-widget_type=\"text-editor.default\">\n\t\t\t\t<div class=\"elementor-widget-container\">\n\t\t\t\t\t\t\t\t\t<p>Com ja hem vist abans al presentar la metal\u00b7l\u00fargia del mercuri, el proc\u00e9s consisteix a provocar la <strong>destil\u00b7laci\u00f3 del mercuri<\/strong>, fent reaccionar el sulfur de mercuri contingut en el mineral de cinabri amb l&#8217;oxigen contingut en l&#8217;aire atmosf\u00e8ric perqu\u00e8 es combini amb el sofre i alliberi vapor mercurial, per al que es necessita elevar la seva temperatura per sobre dels 360<sup>o<\/sup> C.<\/p><p>Aquest proc\u00e9s es diu <strong>torrada<\/strong>, i es realitza en <strong>forns<\/strong> que continguin una c\u00e0mera de torrat. El procediment ha estat hist\u00f2ricament id\u00e8ntic, el que va anar canviant va ser els forns de torrat. A Almad\u00e9n, podrem obtenir informaci\u00f3 de sis tipus de forns.<\/p><p>Durant molts segles la torrada es va realitzar en recipients cer\u00e0mics de petites dimensions anomenats <strong>olles<\/strong>.<\/p>\t\t\t\t\t\t\t\t<\/div>\n\t\t\t\t<\/div>\n\t\t\t\t<div class=\"elementor-element elementor-element-d1f9ab1 elementor-widget elementor-widget-menu-anchor\" data-id=\"d1f9ab1\" data-element_type=\"widget\" data-e-type=\"widget\" data-widget_type=\"menu-anchor.default\">\n\t\t\t\t<div class=\"elementor-widget-container\">\n\t\t\t\t\t\t\t<div class=\"elementor-menu-anchor\" id=\"b4416\"><\/div>\n\t\t\t\t\t\t<\/div>\n\t\t\t\t<\/div>\n\t\t\t\t<section class=\"elementor-section elementor-inner-section elementor-element elementor-element-bb4c350 elementor-section-boxed elementor-section-height-default elementor-section-height-default\" data-id=\"bb4c350\" data-element_type=\"section\" data-e-type=\"section\">\n\t\t\t\t\t\t<div class=\"elementor-container elementor-column-gap-default\">\n\t\t\t\t\t<div class=\"elementor-column elementor-col-50 elementor-inner-column elementor-element elementor-element-bb42599\" data-id=\"bb42599\" data-element_type=\"column\" data-e-type=\"column\">\n\t\t\t<div class=\"elementor-widget-wrap elementor-element-populated\">\n\t\t\t\t\t\t<div class=\"elementor-element elementor-element-01c7d75 elementor-widget elementor-widget-image\" data-id=\"01c7d75\" data-element_type=\"widget\" data-e-type=\"widget\" data-widget_type=\"image.default\">\n\t\t\t\t<div class=\"elementor-widget-container\">\n\t\t\t\t\t\t\t\t\t\t\t\t<figure class=\"wp-caption\">\n\t\t\t\t\t\t\t\t\t\t<img loading=\"lazy\" decoding=\"async\" width=\"366\" height=\"550\" src=\"https:\/\/www.elturistatranquil.com\/wp-content\/uploads\/F45m-Parque-minero-de-Almaden.jpg\" class=\"attachment-large size-large wp-image-29806\" alt=\"Parque minero de Almaden\" srcset=\"https:\/\/www.elturistatranquil.com\/wp-content\/uploads\/F45m-Parque-minero-de-Almaden.jpg 366w, https:\/\/www.elturistatranquil.com\/wp-content\/uploads\/F45m-Parque-minero-de-Almaden-150x226.jpg 150w\" sizes=\"(max-width: 366px) 100vw, 366px\" \/>\t\t\t\t\t\t\t\t\t\t\t<figcaption class=\"widget-image-caption wp-caption-text\">Olla de Jabeca<\/figcaption>\n\t\t\t\t\t\t\t\t\t\t<\/figure>\n\t\t\t\t\t\t\t\t\t<\/div>\n\t\t\t\t<\/div>\n\t\t\t\t\t<\/div>\n\t\t<\/div>\n\t\t\t\t<div class=\"elementor-column elementor-col-50 elementor-inner-column elementor-element elementor-element-9d735f3\" data-id=\"9d735f3\" data-element_type=\"column\" data-e-type=\"column\">\n\t\t\t<div class=\"elementor-widget-wrap elementor-element-populated\">\n\t\t\t\t\t\t<div class=\"elementor-element elementor-element-9d2e649 elementor-widget elementor-widget-image\" data-id=\"9d2e649\" data-element_type=\"widget\" data-e-type=\"widget\" data-widget_type=\"image.default\">\n\t\t\t\t<div class=\"elementor-widget-container\">\n\t\t\t\t\t\t\t\t\t\t\t\t<figure class=\"wp-caption\">\n\t\t\t\t\t\t\t\t\t\t<img loading=\"lazy\" decoding=\"async\" width=\"366\" height=\"550\" src=\"https:\/\/www.elturistatranquil.com\/wp-content\/uploads\/F45n-Parque-minero-de-Almaden.jpg\" class=\"attachment-large size-large wp-image-29808\" alt=\"Parque minero de Almaden\" srcset=\"https:\/\/www.elturistatranquil.com\/wp-content\/uploads\/F45n-Parque-minero-de-Almaden.jpg 366w, https:\/\/www.elturistatranquil.com\/wp-content\/uploads\/F45n-Parque-minero-de-Almaden-150x226.jpg 150w\" sizes=\"(max-width: 366px) 100vw, 366px\" \/>\t\t\t\t\t\t\t\t\t\t\t<figcaption class=\"widget-image-caption wp-caption-text\">Olla de Reverber<\/figcaption>\n\t\t\t\t\t\t\t\t\t\t<\/figure>\n\t\t\t\t\t\t\t\t\t<\/div>\n\t\t\t\t<\/div>\n\t\t\t\t\t<\/div>\n\t\t<\/div>\n\t\t\t\t\t<\/div>\n\t\t<\/section>\n\t\t\t\t<div class=\"elementor-element elementor-element-2ae5b05 elementor-widget elementor-widget-heading\" data-id=\"2ae5b05\" data-element_type=\"widget\" data-e-type=\"widget\" data-widget_type=\"heading.default\">\n\t\t\t\t<div class=\"elementor-widget-container\">\n\t\t\t\t\t<h4 class=\"elementor-heading-title elementor-size-default\">Forns de jabecas<\/h4>\t\t\t\t<\/div>\n\t\t\t\t<\/div>\n\t\t\t\t<div class=\"elementor-element elementor-element-8c8e4b6 elementor-widget elementor-widget-text-editor\" data-id=\"8c8e4b6\" data-element_type=\"widget\" data-e-type=\"widget\" data-widget_type=\"text-editor.default\">\n\t\t\t\t<div class=\"elementor-widget-container\">\n\t\t\t\t\t\t\t\t\t<p>\u00c9s el tipus de forn m\u00e9s antic de qu\u00e8 hi ha descripci\u00f3 a Almad\u00e9n, dissenyat sota influ\u00e8ncia \u00e0rab. Es va utilitzar des del segle XI fins al segle XV.<\/p><p>Una maqueta ens mostra l&#8217;estructura i funcionament del <strong>forn de Jabeca<\/strong>.<\/p><p>Un forn de forma semicircular allargada en el qual s&#8217;insereix per la part superior externa unes <strong>olles de jabeca<\/strong> amb el mineral trossejat.<\/p>\t\t\t\t\t\t\t\t<\/div>\n\t\t\t\t<\/div>\n\t\t\t\t<div class=\"elementor-element elementor-element-10aae05 elementor-widget elementor-widget-image\" data-id=\"10aae05\" data-element_type=\"widget\" data-e-type=\"widget\" data-widget_type=\"image.default\">\n\t\t\t\t<div class=\"elementor-widget-container\">\n\t\t\t\t\t\t\t\t\t\t\t\t<figure class=\"wp-caption\">\n\t\t\t\t\t\t\t\t\t\t<img loading=\"lazy\" decoding=\"async\" width=\"768\" height=\"512\" src=\"https:\/\/www.elturistatranquil.com\/wp-content\/uploads\/F46-Parque-minero-de-Almaden.jpg\" class=\"attachment-large size-large wp-image-29810\" alt=\"Parque minero de Almaden\" srcset=\"https:\/\/www.elturistatranquil.com\/wp-content\/uploads\/F46-Parque-minero-de-Almaden.jpg 768w, https:\/\/www.elturistatranquil.com\/wp-content\/uploads\/F46-Parque-minero-de-Almaden-339x226.jpg 339w\" sizes=\"(max-width: 768px) 100vw, 768px\" \/>\t\t\t\t\t\t\t\t\t\t\t<figcaption class=\"widget-image-caption wp-caption-text\"><\/figcaption>\n\t\t\t\t\t\t\t\t\t\t<\/figure>\n\t\t\t\t\t\t\t\t\t<\/div>\n\t\t\t\t<\/div>\n\t\t\t\t<div class=\"elementor-element elementor-element-c48a891 elementor-widget elementor-widget-menu-anchor\" data-id=\"c48a891\" data-element_type=\"widget\" data-e-type=\"widget\" data-widget_type=\"menu-anchor.default\">\n\t\t\t\t<div class=\"elementor-widget-container\">\n\t\t\t\t\t\t\t<div class=\"elementor-menu-anchor\" id=\"b4417\"><\/div>\n\t\t\t\t\t\t<\/div>\n\t\t\t\t<\/div>\n\t\t\t\t<div class=\"elementor-element elementor-element-d7ef014 elementor-widget elementor-widget-text-editor\" data-id=\"d7ef014\" data-element_type=\"widget\" data-e-type=\"widget\" data-widget_type=\"text-editor.default\">\n\t\t\t\t<div class=\"elementor-widget-container\">\n\t\t\t\t\t\t\t\t\t<p>Emplenades les olles amb el mineral triturat i tancades herm\u00e8ticament amb les cobertores o tapadores es col\u00b7loquen a la coberta de forn.<\/p><p>A l&#8217;interior del &#8216;forn es crema llenya fins a aconseguir la temperatura ideal perqu\u00e8 el cinabri introdu\u00eft en les olles comenci a volatilitzar. El mercuri va dipositant-se en la part superior de les olles.<\/p><p>Una vegada que el forn s&#8217;ha refredat, es destapen les cobertores i s&#8217;obt\u00e9 el mercuri l\u00edquid barrejat amb cendra i pedra.<\/p><p>La barreja es renta per desprendre el mercuri.<\/p>\t\t\t\t\t\t\t\t<\/div>\n\t\t\t\t<\/div>\n\t\t\t\t<div class=\"elementor-element elementor-element-f48c9f4 elementor-widget elementor-widget-heading\" data-id=\"f48c9f4\" data-element_type=\"widget\" data-e-type=\"widget\" data-widget_type=\"heading.default\">\n\t\t\t\t<div class=\"elementor-widget-container\">\n\t\t\t\t\t<h4 class=\"elementor-heading-title elementor-size-default\">Forns de reverber: aportaci\u00f3 F\u00facar<\/h4>\t\t\t\t<\/div>\n\t\t\t\t<\/div>\n\t\t\t\t<div class=\"elementor-element elementor-element-9185ede elementor-widget elementor-widget-text-editor\" data-id=\"9185ede\" data-element_type=\"widget\" data-e-type=\"widget\" data-widget_type=\"text-editor.default\">\n\t\t\t\t<div class=\"elementor-widget-container\">\n\t\t\t\t\t\t\t\t\t<p>L&#8217;aportaci\u00f3 F\u00facar va ser el <strong>forn de reverber<\/strong>, que van funcionar des de comen\u00e7aments de segle XVI fins a mitjan segle XVII.<\/p><p>\u00c9s un forn de maons i fang on es co\u00efa i fonia el metall, coberts amb una volta de mitja taronja i sota d&#8217;ella la &#8220;xarxa&#8221; que estava col\u00b7locada sobre la caldera, alimentada amb llenya.<\/p><p>Les olles de fang eren m\u00e9s allargades que les jabecas i de major grand\u00e0ria.<\/p>\t\t\t\t\t\t\t\t<\/div>\n\t\t\t\t<\/div>\n\t\t\t\t<div class=\"elementor-element elementor-element-6e52d71 elementor-widget elementor-widget-image\" data-id=\"6e52d71\" data-element_type=\"widget\" data-e-type=\"widget\" data-widget_type=\"image.default\">\n\t\t\t\t<div class=\"elementor-widget-container\">\n\t\t\t\t\t\t\t\t\t\t\t\t<figure class=\"wp-caption\">\n\t\t\t\t\t\t\t\t\t\t<img loading=\"lazy\" decoding=\"async\" width=\"768\" height=\"512\" src=\"https:\/\/www.elturistatranquil.com\/wp-content\/uploads\/F47-Parque-minero-de-Almaden.jpg\" class=\"attachment-large size-large wp-image-29812\" alt=\"Parque minero de Almaden\" srcset=\"https:\/\/www.elturistatranquil.com\/wp-content\/uploads\/F47-Parque-minero-de-Almaden.jpg 768w, https:\/\/www.elturistatranquil.com\/wp-content\/uploads\/F47-Parque-minero-de-Almaden-339x226.jpg 339w\" sizes=\"(max-width: 768px) 100vw, 768px\" \/>\t\t\t\t\t\t\t\t\t\t\t<figcaption class=\"widget-image-caption wp-caption-text\"><\/figcaption>\n\t\t\t\t\t\t\t\t\t\t<\/figure>\n\t\t\t\t\t\t\t\t\t<\/div>\n\t\t\t\t<\/div>\n\t\t\t\t<div class=\"elementor-element elementor-element-745f90d elementor-widget elementor-widget-text-editor\" data-id=\"745f90d\" data-element_type=\"widget\" data-e-type=\"widget\" data-widget_type=\"text-editor.default\">\n\t\t\t\t<div class=\"elementor-widget-container\">\n\t\t\t\t\t\t\t\t\t<p>Les olles amb el mineral s&#8217;introdu\u00efen destapades en un forn de volta semiesf\u00e8rica tancat herm\u00e8ticament. El terra del forn t\u00e9 una lleugera inclinaci\u00f3 cap al centre, cap a on es va dipositant el mercuri, a l&#8217;igual que en el fons de les olles.<\/p>\t\t\t\t\t\t\t\t<\/div>\n\t\t\t\t<\/div>\n\t\t\t\t<section class=\"elementor-section elementor-inner-section elementor-element elementor-element-2863263 elementor-section-boxed elementor-section-height-default elementor-section-height-default\" data-id=\"2863263\" data-element_type=\"section\" data-e-type=\"section\">\n\t\t\t\t\t\t<div class=\"elementor-container elementor-column-gap-default\">\n\t\t\t\t\t<div class=\"elementor-column elementor-col-50 elementor-inner-column elementor-element elementor-element-5eec326\" data-id=\"5eec326\" data-element_type=\"column\" data-e-type=\"column\">\n\t\t\t<div class=\"elementor-widget-wrap elementor-element-populated\">\n\t\t\t\t\t\t<div class=\"elementor-element elementor-element-a7109bb elementor-widget elementor-widget-image\" data-id=\"a7109bb\" data-element_type=\"widget\" data-e-type=\"widget\" data-widget_type=\"image.default\">\n\t\t\t\t<div class=\"elementor-widget-container\">\n\t\t\t\t\t\t\t\t\t\t\t\t\t\t\t<img loading=\"lazy\" decoding=\"async\" width=\"380\" height=\"380\" src=\"https:\/\/www.elturistatranquil.com\/wp-content\/uploads\/F48m-Parque-minero-de-Almaden.jpg\" class=\"attachment-large size-large wp-image-29814\" alt=\"Parque minero de Almaden\" srcset=\"https:\/\/www.elturistatranquil.com\/wp-content\/uploads\/F48m-Parque-minero-de-Almaden.jpg 380w, https:\/\/www.elturistatranquil.com\/wp-content\/uploads\/F48m-Parque-minero-de-Almaden-226x226.jpg 226w\" sizes=\"(max-width: 380px) 100vw, 380px\" \/>\t\t\t\t\t\t\t\t\t\t\t\t\t\t\t<\/div>\n\t\t\t\t<\/div>\n\t\t\t\t\t<\/div>\n\t\t<\/div>\n\t\t\t\t<div class=\"elementor-column elementor-col-50 elementor-inner-column elementor-element elementor-element-2649a4a\" data-id=\"2649a4a\" data-element_type=\"column\" data-e-type=\"column\">\n\t\t\t<div class=\"elementor-widget-wrap elementor-element-populated\">\n\t\t\t\t\t\t<div class=\"elementor-element elementor-element-c69bb08 elementor-widget elementor-widget-image\" data-id=\"c69bb08\" data-element_type=\"widget\" data-e-type=\"widget\" data-widget_type=\"image.default\">\n\t\t\t\t<div class=\"elementor-widget-container\">\n\t\t\t\t\t\t\t\t\t\t\t\t\t\t\t<img loading=\"lazy\" decoding=\"async\" width=\"379\" height=\"380\" src=\"https:\/\/www.elturistatranquil.com\/wp-content\/uploads\/F48n-Parque-minero-de-Almaden.jpg\" class=\"attachment-large size-large wp-image-29817\" alt=\"Parque minero de Almaden\" srcset=\"https:\/\/www.elturistatranquil.com\/wp-content\/uploads\/F48n-Parque-minero-de-Almaden.jpg 379w, https:\/\/www.elturistatranquil.com\/wp-content\/uploads\/F48n-Parque-minero-de-Almaden-225x226.jpg 225w\" sizes=\"(max-width: 379px) 100vw, 379px\" \/>\t\t\t\t\t\t\t\t\t\t\t\t\t\t\t<\/div>\n\t\t\t\t<\/div>\n\t\t\t\t\t<\/div>\n\t\t<\/div>\n\t\t\t\t\t<\/div>\n\t\t<\/section>\n\t\t\t\t<div class=\"elementor-element elementor-element-e77a8a5 elementor-widget elementor-widget-menu-anchor\" data-id=\"e77a8a5\" data-element_type=\"widget\" data-e-type=\"widget\" data-widget_type=\"menu-anchor.default\">\n\t\t\t\t<div class=\"elementor-widget-container\">\n\t\t\t\t\t\t\t<div class=\"elementor-menu-anchor\" id=\"b4418\"><\/div>\n\t\t\t\t\t\t<\/div>\n\t\t\t\t<\/div>\n\t\t\t\t<div class=\"elementor-element elementor-element-7d2ba5a elementor-widget elementor-widget-text-editor\" data-id=\"7d2ba5a\" data-element_type=\"widget\" data-e-type=\"widget\" data-widget_type=\"text-editor.default\">\n\t\t\t\t<div class=\"elementor-widget-container\">\n\t\t\t\t\t\t\t\t\t<p>Un cop realitzada la cocci\u00f3 i refredament del &#8216;forn es procedeix a l&#8217;obtenci\u00f3 del mercuri.<\/p><p>El gran inconvenient d&#8217;aquests forns era el &#8220;azogamiento&#8221;, greu intoxicaci\u00f3 que patien els operaris a l&#8217;introduir-se en el seu interior per recollir el mercuri.<\/p>\t\t\t\t\t\t\t\t<\/div>\n\t\t\t\t<\/div>\n\t\t\t\t<div class=\"elementor-element elementor-element-7933ffd elementor-widget elementor-widget-heading\" data-id=\"7933ffd\" data-element_type=\"widget\" data-e-type=\"widget\" data-widget_type=\"heading.default\">\n\t\t\t\t<div class=\"elementor-widget-container\">\n\t\t\t\t\t<h4 class=\"elementor-heading-title elementor-size-default\">Forns de aludeles (Forn Bustamante)<\/h4>\t\t\t\t<\/div>\n\t\t\t\t<\/div>\n\t\t\t\t<div class=\"elementor-element elementor-element-9f195aa elementor-widget elementor-widget-text-editor\" data-id=\"9f195aa\" data-element_type=\"widget\" data-e-type=\"widget\" data-widget_type=\"text-editor.default\">\n\t\t\t\t<div class=\"elementor-widget-container\">\n\t\t\t\t\t\t\t\t\t<p>El <strong>forn de aludeles<\/strong> o <strong>forn Bustamante<\/strong> (<strong>5<\/strong>), \u00e9s el m\u00e9s antic que es troba al recinte.<\/p><p>Els forns de aludeles van ser inventats a Huancavelica (Per\u00fa) al 1633 per Lope Saavedra Barba, per\u00f2 no van ser introdu\u00efts a Espanya fins 1646 de la m\u00e0 de Bustamante i Sotomayor, per aix\u00f2 se&#8217;ls anomena a Almad\u00e9n <strong>forns Bustamante<\/strong>.<\/p><p>La implantaci\u00f3 del forn Bustamante va significar un aven\u00e7 fonamental en la hist\u00f2ria de la tecnologia del mercuri, que va contribuir de manera decisiva a l&#8217;auge de la producci\u00f3 de mercuri.<\/p><p>Van entrar en funcionament en 1720 i han estat en actiu fins que el 1928 van ser substitu\u00efts pels Forns Almad\u00e9n. Una dilatada hist\u00f2ria de 300 anys, que el converteix en l&#8217;enginy metal\u00b7l\u00fargic m\u00e9s significatiu d&#8217;Almad\u00e9n.<\/p><p>El mineral es col\u00b7loca dins del forn sense necessitat d&#8217;introduir-olles, sin\u00f3 distribu\u00efts en diverses capes, segons mides i qualitats.<\/p><p>Un cop posat en funcionament el forn, es genera vapor de mercuri, que passa per uns orificis a una camarilla de la qual surten diverses canonades de aludeles.<\/p><p>Cada canonada est\u00e0 formada per una filera de recipients, els aludeles, acoblats un a continuaci\u00f3 de l&#8217;altre, perforats a la part inferior perqu\u00e8, un cop condensat el mercuri, passi al canal on ser\u00e0 recollit.<\/p>\t\t\t\t\t\t\t\t<\/div>\n\t\t\t\t<\/div>\n\t\t\t\t<div class=\"elementor-element elementor-element-a49fdd8 elementor-widget elementor-widget-image\" data-id=\"a49fdd8\" data-element_type=\"widget\" data-e-type=\"widget\" data-widget_type=\"image.default\">\n\t\t\t\t<div class=\"elementor-widget-container\">\n\t\t\t\t\t\t\t\t\t\t\t\t<figure class=\"wp-caption\">\n\t\t\t\t\t\t\t\t\t\t<img loading=\"lazy\" decoding=\"async\" width=\"367\" height=\"550\" src=\"https:\/\/www.elturistatranquil.com\/wp-content\/uploads\/F49-Parque-minero-de-Almaden.jpg\" class=\"attachment-large size-large wp-image-29819\" alt=\"Parque minero de Almaden\" srcset=\"https:\/\/www.elturistatranquil.com\/wp-content\/uploads\/F49-Parque-minero-de-Almaden.jpg 367w, https:\/\/www.elturistatranquil.com\/wp-content\/uploads\/F49-Parque-minero-de-Almaden-151x226.jpg 151w\" sizes=\"(max-width: 367px) 100vw, 367px\" \/>\t\t\t\t\t\t\t\t\t\t\t<figcaption class=\"widget-image-caption wp-caption-text\"><\/figcaption>\n\t\t\t\t\t\t\t\t\t\t<\/figure>\n\t\t\t\t\t\t\t\t\t<\/div>\n\t\t\t\t<\/div>\n\t\t\t\t<div class=\"elementor-element elementor-element-737741a elementor-widget elementor-widget-text-editor\" data-id=\"737741a\" data-element_type=\"widget\" data-e-type=\"widget\" data-widget_type=\"text-editor.default\">\n\t\t\t\t<div class=\"elementor-widget-container\">\n\t\t\t\t\t\t\t\t\t<p>Abans de procedir a una nova cocci\u00f3, els aludeles es desmunten i netegen per recuperar el mercuri que queda a les parets.<\/p><p>L&#8217;edifici allotja dos forns muntats en paral\u00b7lel i coneguts com San Eugenio i San Juli\u00e1n.<\/p><p>El 1994 van ser declarats <em>B\u00e9 d&#8217;Inter\u00e8s Cultural<\/em> de la comunitat de Castilla-La Mancha.<\/p>\t\t\t\t\t\t\t\t<\/div>\n\t\t\t\t<\/div>\n\t\t\t\t<div class=\"elementor-element elementor-element-4bbb857 elementor-widget elementor-widget-image\" data-id=\"4bbb857\" data-element_type=\"widget\" data-e-type=\"widget\" data-widget_type=\"image.default\">\n\t\t\t\t<div class=\"elementor-widget-container\">\n\t\t\t\t\t\t\t\t\t\t\t\t<figure class=\"wp-caption\">\n\t\t\t\t\t\t\t\t\t\t<img loading=\"lazy\" decoding=\"async\" width=\"768\" height=\"511\" src=\"https:\/\/www.elturistatranquil.com\/wp-content\/uploads\/F50-Parque-minero-de-Almaden-Horno-Bustamante.jpg\" class=\"attachment-large size-large wp-image-29821\" alt=\"Parque minero de Almaden Horno Bustamante\" srcset=\"https:\/\/www.elturistatranquil.com\/wp-content\/uploads\/F50-Parque-minero-de-Almaden-Horno-Bustamante.jpg 768w, https:\/\/www.elturistatranquil.com\/wp-content\/uploads\/F50-Parque-minero-de-Almaden-Horno-Bustamante-339x226.jpg 339w\" sizes=\"(max-width: 768px) 100vw, 768px\" \/>\t\t\t\t\t\t\t\t\t\t\t<figcaption class=\"widget-image-caption wp-caption-text\"><\/figcaption>\n\t\t\t\t\t\t\t\t\t\t<\/figure>\n\t\t\t\t\t\t\t\t\t<\/div>\n\t\t\t\t<\/div>\n\t\t\t\t<div class=\"elementor-element elementor-element-1f66eaa elementor-widget elementor-widget-image\" data-id=\"1f66eaa\" data-element_type=\"widget\" data-e-type=\"widget\" data-widget_type=\"image.default\">\n\t\t\t\t<div class=\"elementor-widget-container\">\n\t\t\t\t\t\t\t\t\t\t\t\t<figure class=\"wp-caption\">\n\t\t\t\t\t\t\t\t\t\t<img loading=\"lazy\" decoding=\"async\" width=\"768\" height=\"511\" src=\"https:\/\/www.elturistatranquil.com\/wp-content\/uploads\/F51-Parque-minero-de-Almaden-Horno-Bustamante.jpg\" class=\"attachment-large size-large wp-image-29823\" alt=\"Parque minero de Almaden Horno Bustamante\" srcset=\"https:\/\/www.elturistatranquil.com\/wp-content\/uploads\/F51-Parque-minero-de-Almaden-Horno-Bustamante.jpg 768w, https:\/\/www.elturistatranquil.com\/wp-content\/uploads\/F51-Parque-minero-de-Almaden-Horno-Bustamante-339x226.jpg 339w\" sizes=\"(max-width: 768px) 100vw, 768px\" \/>\t\t\t\t\t\t\t\t\t\t\t<figcaption class=\"widget-image-caption wp-caption-text\"><\/figcaption>\n\t\t\t\t\t\t\t\t\t\t<\/figure>\n\t\t\t\t\t\t\t\t\t<\/div>\n\t\t\t\t<\/div>\n\t\t\t\t<div class=\"elementor-element elementor-element-b98f7f3 elementor-widget elementor-widget-menu-anchor\" data-id=\"b98f7f3\" data-element_type=\"widget\" data-e-type=\"widget\" data-widget_type=\"menu-anchor.default\">\n\t\t\t\t<div class=\"elementor-widget-container\">\n\t\t\t\t\t\t\t<div class=\"elementor-menu-anchor\" id=\"b4419\"><\/div>\n\t\t\t\t\t\t<\/div>\n\t\t\t\t<\/div>\n\t\t\t\t<div class=\"elementor-element elementor-element-7de51d7 elementor-widget elementor-widget-image\" data-id=\"7de51d7\" data-element_type=\"widget\" data-e-type=\"widget\" data-widget_type=\"image.default\">\n\t\t\t\t<div class=\"elementor-widget-container\">\n\t\t\t\t\t\t\t\t\t\t\t\t<figure class=\"wp-caption\">\n\t\t\t\t\t\t\t\t\t\t<img loading=\"lazy\" decoding=\"async\" width=\"768\" height=\"511\" src=\"https:\/\/www.elturistatranquil.com\/wp-content\/uploads\/F52-Parque-minero-de-Almaden-Horno-Bustamante.jpg\" class=\"attachment-large size-large wp-image-29825\" alt=\"Parque minero de Almaden Horno Bustamante\" srcset=\"https:\/\/www.elturistatranquil.com\/wp-content\/uploads\/F52-Parque-minero-de-Almaden-Horno-Bustamante.jpg 768w, https:\/\/www.elturistatranquil.com\/wp-content\/uploads\/F52-Parque-minero-de-Almaden-Horno-Bustamante-339x226.jpg 339w\" sizes=\"(max-width: 768px) 100vw, 768px\" \/>\t\t\t\t\t\t\t\t\t\t\t<figcaption class=\"widget-image-caption wp-caption-text\"><\/figcaption>\n\t\t\t\t\t\t\t\t\t\t<\/figure>\n\t\t\t\t\t\t\t\t\t<\/div>\n\t\t\t\t<\/div>\n\t\t\t\t<div class=\"elementor-element elementor-element-cc16721 elementor-widget elementor-widget-heading\" data-id=\"cc16721\" data-element_type=\"widget\" data-e-type=\"widget\" data-widget_type=\"heading.default\">\n\t\t\t\t<div class=\"elementor-widget-container\">\n\t\t\t\t\t<h4 class=\"elementor-heading-title elementor-size-default\">Forns Almad\u00e9n i Forns Cermak-Spirek<\/h4>\t\t\t\t<\/div>\n\t\t\t\t<\/div>\n\t\t\t\t<div class=\"elementor-element elementor-element-2181b01 elementor-widget elementor-widget-text-editor\" data-id=\"2181b01\" data-element_type=\"widget\" data-e-type=\"widget\" data-widget_type=\"text-editor.default\">\n\t\t\t\t<div class=\"elementor-widget-container\">\n\t\t\t\t\t\t\t\t\t<p>Els forns Almad\u00e9n i Cermak-Spirek constitueixen la generaci\u00f3 de forns moderns, caracteritzant-se per la c\u00e0rrega cont\u00ednua, la seva possibilitat de regulaci\u00f3 i la millora de la condensaci\u00f3.<\/p><p>Els <strong>forns Almad\u00e9n<\/strong>, van estar en funcionament des de 1905 fins a 1954. Destinats al tractament de mineral gruixut.<\/p>\t\t\t\t\t\t\t\t<\/div>\n\t\t\t\t<\/div>\n\t\t\t\t<div class=\"elementor-element elementor-element-7b4a243 elementor-widget elementor-widget-image\" data-id=\"7b4a243\" data-element_type=\"widget\" data-e-type=\"widget\" data-widget_type=\"image.default\">\n\t\t\t\t<div class=\"elementor-widget-container\">\n\t\t\t\t\t\t\t\t\t\t\t\t<figure class=\"wp-caption\">\n\t\t\t\t\t\t\t\t\t\t<img loading=\"lazy\" decoding=\"async\" width=\"768\" height=\"512\" src=\"https:\/\/www.elturistatranquil.com\/wp-content\/uploads\/F53-Parque-minero-de-Almaden.jpg\" class=\"attachment-large size-large wp-image-29827\" alt=\"Parque minero de Almaden\" srcset=\"https:\/\/www.elturistatranquil.com\/wp-content\/uploads\/F53-Parque-minero-de-Almaden.jpg 768w, https:\/\/www.elturistatranquil.com\/wp-content\/uploads\/F53-Parque-minero-de-Almaden-339x226.jpg 339w\" sizes=\"(max-width: 768px) 100vw, 768px\" \/>\t\t\t\t\t\t\t\t\t\t\t<figcaption class=\"widget-image-caption wp-caption-text\"><\/figcaption>\n\t\t\t\t\t\t\t\t\t\t<\/figure>\n\t\t\t\t\t\t\t\t\t<\/div>\n\t\t\t\t<\/div>\n\t\t\t\t<div class=\"elementor-element elementor-element-ae54599 elementor-widget elementor-widget-text-editor\" data-id=\"ae54599\" data-element_type=\"widget\" data-e-type=\"widget\" data-widget_type=\"text-editor.default\">\n\t\t\t\t<div class=\"elementor-widget-container\">\n\t\t\t\t\t\t\t\t\t<p>El mineral barrejat amb carb\u00f3 s&#8217;introdueix per la part superior del forn a trav\u00e9s de tremuges de tancament estanc. Des de la tremuja el mineral passa a una graella inferior on es realitzen la torrada. El vapor mercurial s&#8217;eleva i passa per un serpent\u00ed refrigerant que desemboca al dip\u00f2sit on es recull el mercuri condensat.<\/p><p>Els <strong>forns Cermak-Spirek<\/strong> van ser emprats per tractar mineral menunt.<\/p><p>El mineral passa per una graella m\u00f2bil que \u00fanicament permet el pas del material fi, denominat &#8220;bacisco&#8221;.<\/p><p>Un cop al forn, el mineral descendeix per un circuit de teules enlla\u00e7ades, mentre que l&#8217;aire calent del forn ascendeix pels espais tubulars interns. Quan finalitza el recorregut, els gasos pugen per uns tubs fins als conductes de refrigeraci\u00f3.<\/p><p>Una <strong>xemeneia<\/strong> (<strong>6<\/strong>) que va pert\u00e0nyer als forns Cermak-Spirek \u00e9s l&#8217;\u00fanic testimoni que s&#8217;ha conservat del conjunt de forns utilitzat a Almad\u00e9n durant la primera meitat de segle XX.<\/p>\t\t\t\t\t\t\t\t<\/div>\n\t\t\t\t<\/div>\n\t\t\t\t<div class=\"elementor-element elementor-element-b62b9b0 elementor-widget elementor-widget-image\" data-id=\"b62b9b0\" data-element_type=\"widget\" data-e-type=\"widget\" data-widget_type=\"image.default\">\n\t\t\t\t<div class=\"elementor-widget-container\">\n\t\t\t\t\t\t\t\t\t\t\t\t<figure class=\"wp-caption\">\n\t\t\t\t\t\t\t\t\t\t<img loading=\"lazy\" decoding=\"async\" width=\"768\" height=\"512\" src=\"https:\/\/www.elturistatranquil.com\/wp-content\/uploads\/F54-Parque-minero-de-Almaden.jpg\" class=\"attachment-large size-large wp-image-29829\" alt=\"Parque minero de Almaden\" srcset=\"https:\/\/www.elturistatranquil.com\/wp-content\/uploads\/F54-Parque-minero-de-Almaden.jpg 768w, https:\/\/www.elturistatranquil.com\/wp-content\/uploads\/F54-Parque-minero-de-Almaden-339x226.jpg 339w\" sizes=\"(max-width: 768px) 100vw, 768px\" \/>\t\t\t\t\t\t\t\t\t\t\t<figcaption class=\"widget-image-caption wp-caption-text\"><\/figcaption>\n\t\t\t\t\t\t\t\t\t\t<\/figure>\n\t\t\t\t\t\t\t\t\t<\/div>\n\t\t\t\t<\/div>\n\t\t\t\t<div class=\"elementor-element elementor-element-3cea54c elementor-widget elementor-widget-menu-anchor\" data-id=\"3cea54c\" data-element_type=\"widget\" data-e-type=\"widget\" data-widget_type=\"menu-anchor.default\">\n\t\t\t\t<div class=\"elementor-widget-container\">\n\t\t\t\t\t\t\t<div class=\"elementor-menu-anchor\" id=\"b4420\"><\/div>\n\t\t\t\t\t\t<\/div>\n\t\t\t\t<\/div>\n\t\t\t\t<div class=\"elementor-element elementor-element-3c6464d elementor-widget elementor-widget-text-editor\" data-id=\"3c6464d\" data-element_type=\"widget\" data-e-type=\"widget\" data-widget_type=\"text-editor.default\">\n\t\t\t\t<div class=\"elementor-widget-container\">\n\t\t\t\t\t\t\t\t\t<p>La xemeneia de 24,25 metres \u00e9s de fust circular, destacant de la resta d&#8217;elements de el Parc Miner per la seva al\u00e7ada i la rotunditat de la seva geometria.<\/p>\t\t\t\t\t\t\t\t<\/div>\n\t\t\t\t<\/div>\n\t\t\t\t<div class=\"elementor-element elementor-element-853c25c elementor-widget elementor-widget-heading\" data-id=\"853c25c\" data-element_type=\"widget\" data-e-type=\"widget\" data-widget_type=\"heading.default\">\n\t\t\t\t<div class=\"elementor-widget-container\">\n\t\t\t\t\t<h4 class=\"elementor-heading-title elementor-size-default\">Forns Pacific-Herreshof<\/h4>\t\t\t\t<\/div>\n\t\t\t\t<\/div>\n\t\t\t\t<div class=\"elementor-element elementor-element-596d237 elementor-widget elementor-widget-text-editor\" data-id=\"596d237\" data-element_type=\"widget\" data-e-type=\"widget\" data-widget_type=\"text-editor.default\">\n\t\t\t\t<div class=\"elementor-widget-container\">\n\t\t\t\t\t\t\t\t\t<p>Des de 1954 fins a juliol de 2003 els <strong>forns Pacific-Herreshof<\/strong> (<strong>7<\/strong>) s\u00f3n els que van estar en servei a Almad\u00e9n.<\/p>\t\t\t\t\t\t\t\t<\/div>\n\t\t\t\t<\/div>\n\t\t\t\t<div class=\"elementor-element elementor-element-976f48c elementor-widget elementor-widget-image\" data-id=\"976f48c\" data-element_type=\"widget\" data-e-type=\"widget\" data-widget_type=\"image.default\">\n\t\t\t\t<div class=\"elementor-widget-container\">\n\t\t\t\t\t\t\t\t\t\t\t\t<figure class=\"wp-caption\">\n\t\t\t\t\t\t\t\t\t\t<img loading=\"lazy\" decoding=\"async\" width=\"768\" height=\"512\" src=\"https:\/\/www.elturistatranquil.com\/wp-content\/uploads\/F55-Parque-minero-de-Almaden.jpg\" class=\"attachment-large size-large wp-image-29831\" alt=\"Parque minero de Almaden\" srcset=\"https:\/\/www.elturistatranquil.com\/wp-content\/uploads\/F55-Parque-minero-de-Almaden.jpg 768w, https:\/\/www.elturistatranquil.com\/wp-content\/uploads\/F55-Parque-minero-de-Almaden-339x226.jpg 339w\" sizes=\"(max-width: 768px) 100vw, 768px\" \/>\t\t\t\t\t\t\t\t\t\t\t<figcaption class=\"widget-image-caption wp-caption-text\"><\/figcaption>\n\t\t\t\t\t\t\t\t\t\t<\/figure>\n\t\t\t\t\t\t\t\t\t<\/div>\n\t\t\t\t<\/div>\n\t\t\t\t<div class=\"elementor-element elementor-element-a884f65 elementor-widget elementor-widget-text-editor\" data-id=\"a884f65\" data-element_type=\"widget\" data-e-type=\"widget\" data-widget_type=\"text-editor.default\">\n\t\t\t\t<div class=\"elementor-widget-container\">\n\t\t\t\t\t\t\t\t\t<p>La seva estructura completa \u00e9s la que es conserva al Parc.<\/p><p>El mineral \u00e9s triturat a la mida d&#8217;una polzada i s&#8217;introdueixen per la part superior del forn, realitzant un moviment en espiral durant el seu descens.<\/p><p>Els forns arriben a una temperatura de 750<sup>o<\/sup> C i fan servir prop\u00e0 com a combustible, el que redueix el temps de torrat a menys de 2 hores.<\/p><p>Els gasos de mercuri, despr\u00e9s de passar per un cicl\u00f3 que elimina la pols, arriben als condensadors, dipositant despr\u00e9s el mercuri en unes piques amb aigua. El mercuri \u00e9s condu\u00eft per unes canonades des dels forns al magatzem on s&#8217;introdueixen en unes piques recobertes d&#8217;aigua per evitar la seva evaporaci\u00f3.<\/p>\t\t\t\t\t\t\t\t<\/div>\n\t\t\t\t<\/div>\n\t\t\t\t<div class=\"elementor-element elementor-element-3a14c86 elementor-widget elementor-widget-image\" data-id=\"3a14c86\" data-element_type=\"widget\" data-e-type=\"widget\" data-widget_type=\"image.default\">\n\t\t\t\t<div class=\"elementor-widget-container\">\n\t\t\t\t\t\t\t\t\t\t\t\t<figure class=\"wp-caption\">\n\t\t\t\t\t\t\t\t\t\t<img loading=\"lazy\" decoding=\"async\" width=\"768\" height=\"511\" src=\"https:\/\/www.elturistatranquil.com\/wp-content\/uploads\/F56-Parque-minero-de-Almaden.jpg\" class=\"attachment-large size-large wp-image-29833\" alt=\"Parque minero de Almaden\" srcset=\"https:\/\/www.elturistatranquil.com\/wp-content\/uploads\/F56-Parque-minero-de-Almaden.jpg 768w, https:\/\/www.elturistatranquil.com\/wp-content\/uploads\/F56-Parque-minero-de-Almaden-339x226.jpg 339w\" sizes=\"(max-width: 768px) 100vw, 768px\" \/>\t\t\t\t\t\t\t\t\t\t\t<figcaption class=\"widget-image-caption wp-caption-text\"><\/figcaption>\n\t\t\t\t\t\t\t\t\t\t<\/figure>\n\t\t\t\t\t\t\t\t\t<\/div>\n\t\t\t\t<\/div>\n\t\t\t\t<div class=\"elementor-element elementor-element-bc00cf1 elementor-widget elementor-widget-image\" data-id=\"bc00cf1\" data-element_type=\"widget\" data-e-type=\"widget\" data-widget_type=\"image.default\">\n\t\t\t\t<div class=\"elementor-widget-container\">\n\t\t\t\t\t\t\t\t\t\t\t\t<figure class=\"wp-caption\">\n\t\t\t\t\t\t\t\t\t\t<img loading=\"lazy\" decoding=\"async\" width=\"768\" height=\"511\" src=\"https:\/\/www.elturistatranquil.com\/wp-content\/uploads\/F57-Parque-minero-de-Almaden.jpg\" class=\"attachment-large size-large wp-image-29835\" alt=\"Parque minero de Almaden\" srcset=\"https:\/\/www.elturistatranquil.com\/wp-content\/uploads\/F57-Parque-minero-de-Almaden.jpg 768w, https:\/\/www.elturistatranquil.com\/wp-content\/uploads\/F57-Parque-minero-de-Almaden-339x226.jpg 339w\" sizes=\"(max-width: 768px) 100vw, 768px\" \/>\t\t\t\t\t\t\t\t\t\t\t<figcaption class=\"widget-image-caption wp-caption-text\"><\/figcaption>\n\t\t\t\t\t\t\t\t\t\t<\/figure>\n\t\t\t\t\t\t\t\t\t<\/div>\n\t\t\t\t<\/div>\n\t\t\t\t<div class=\"elementor-element elementor-element-674b92e elementor-widget elementor-widget-image\" data-id=\"674b92e\" data-element_type=\"widget\" data-e-type=\"widget\" data-widget_type=\"image.default\">\n\t\t\t\t<div class=\"elementor-widget-container\">\n\t\t\t\t\t\t\t\t\t\t\t\t<figure class=\"wp-caption\">\n\t\t\t\t\t\t\t\t\t\t<img loading=\"lazy\" decoding=\"async\" width=\"768\" height=\"511\" src=\"https:\/\/www.elturistatranquil.com\/wp-content\/uploads\/F58-Parque-minero-de-Almaden.jpg\" class=\"attachment-large size-large wp-image-29837\" alt=\"Parque minero de Almaden\" srcset=\"https:\/\/www.elturistatranquil.com\/wp-content\/uploads\/F58-Parque-minero-de-Almaden.jpg 768w, https:\/\/www.elturistatranquil.com\/wp-content\/uploads\/F58-Parque-minero-de-Almaden-339x226.jpg 339w\" sizes=\"(max-width: 768px) 100vw, 768px\" \/>\t\t\t\t\t\t\t\t\t\t\t<figcaption class=\"widget-image-caption wp-caption-text\"><\/figcaption>\n\t\t\t\t\t\t\t\t\t\t<\/figure>\n\t\t\t\t\t\t\t\t\t<\/div>\n\t\t\t\t<\/div>\n\t\t\t\t<div class=\"elementor-element elementor-element-e61084c elementor-widget elementor-widget-image\" data-id=\"e61084c\" data-element_type=\"widget\" data-e-type=\"widget\" data-widget_type=\"image.default\">\n\t\t\t\t<div class=\"elementor-widget-container\">\n\t\t\t\t\t\t\t\t\t\t\t\t<figure class=\"wp-caption\">\n\t\t\t\t\t\t\t\t\t\t<img loading=\"lazy\" decoding=\"async\" width=\"768\" height=\"512\" src=\"https:\/\/www.elturistatranquil.com\/wp-content\/uploads\/F59-Parque-minero-de-Almaden.jpg\" class=\"attachment-large size-large wp-image-29839\" alt=\"Parque minero de Almaden\" srcset=\"https:\/\/www.elturistatranquil.com\/wp-content\/uploads\/F59-Parque-minero-de-Almaden.jpg 768w, https:\/\/www.elturistatranquil.com\/wp-content\/uploads\/F59-Parque-minero-de-Almaden-339x226.jpg 339w\" sizes=\"(max-width: 768px) 100vw, 768px\" \/>\t\t\t\t\t\t\t\t\t\t\t<figcaption class=\"widget-image-caption wp-caption-text\"><\/figcaption>\n\t\t\t\t\t\t\t\t\t\t<\/figure>\n\t\t\t\t\t\t\t\t\t<\/div>\n\t\t\t\t<\/div>\n\t\t\t\t<div class=\"elementor-element elementor-element-92e04d1 elementor-widget elementor-widget-image\" data-id=\"92e04d1\" data-element_type=\"widget\" data-e-type=\"widget\" data-widget_type=\"image.default\">\n\t\t\t\t<div class=\"elementor-widget-container\">\n\t\t\t\t\t\t\t\t\t\t\t\t<figure class=\"wp-caption\">\n\t\t\t\t\t\t\t\t\t\t<img loading=\"lazy\" decoding=\"async\" width=\"768\" height=\"511\" src=\"https:\/\/www.elturistatranquil.com\/wp-content\/uploads\/F60-Parque-minero-de-Almaden.jpg\" class=\"attachment-large size-large wp-image-29841\" alt=\"Parque minero de Almaden\" srcset=\"https:\/\/www.elturistatranquil.com\/wp-content\/uploads\/F60-Parque-minero-de-Almaden.jpg 768w, https:\/\/www.elturistatranquil.com\/wp-content\/uploads\/F60-Parque-minero-de-Almaden-339x226.jpg 339w\" sizes=\"(max-width: 768px) 100vw, 768px\" \/>\t\t\t\t\t\t\t\t\t\t\t<figcaption class=\"widget-image-caption wp-caption-text\"><\/figcaption>\n\t\t\t\t\t\t\t\t\t\t<\/figure>\n\t\t\t\t\t\t\t\t\t<\/div>\n\t\t\t\t<\/div>\n\t\t\t\t<div class=\"elementor-element elementor-element-6477d3c elementor-widget elementor-widget-menu-anchor\" data-id=\"6477d3c\" data-element_type=\"widget\" data-e-type=\"widget\" data-widget_type=\"menu-anchor.default\">\n\t\t\t\t<div class=\"elementor-widget-container\">\n\t\t\t\t\t\t\t<div class=\"elementor-menu-anchor\" id=\"b4421\"><\/div>\n\t\t\t\t\t\t<\/div>\n\t\t\t\t<\/div>\n\t\t\t\t<div class=\"elementor-element elementor-element-78f18a9 elementor-widget elementor-widget-image\" data-id=\"78f18a9\" data-element_type=\"widget\" data-e-type=\"widget\" data-widget_type=\"image.default\">\n\t\t\t\t<div class=\"elementor-widget-container\">\n\t\t\t\t\t\t\t\t\t\t\t\t<figure class=\"wp-caption\">\n\t\t\t\t\t\t\t\t\t\t<img loading=\"lazy\" decoding=\"async\" width=\"768\" height=\"511\" src=\"https:\/\/www.elturistatranquil.com\/wp-content\/uploads\/F61-Parque-minero-de-Almaden.jpg\" class=\"attachment-large size-large wp-image-29843\" alt=\"Parque minero de Almaden\" srcset=\"https:\/\/www.elturistatranquil.com\/wp-content\/uploads\/F61-Parque-minero-de-Almaden.jpg 768w, https:\/\/www.elturistatranquil.com\/wp-content\/uploads\/F61-Parque-minero-de-Almaden-339x226.jpg 339w\" sizes=\"(max-width: 768px) 100vw, 768px\" \/>\t\t\t\t\t\t\t\t\t\t\t<figcaption class=\"widget-image-caption wp-caption-text\"><\/figcaption>\n\t\t\t\t\t\t\t\t\t\t<\/figure>\n\t\t\t\t\t\t\t\t\t<\/div>\n\t\t\t\t<\/div>\n\t\t\t\t<div class=\"elementor-element elementor-element-ed25d33 elementor-widget elementor-widget-heading\" data-id=\"ed25d33\" data-element_type=\"widget\" data-e-type=\"widget\" data-widget_type=\"heading.default\">\n\t\t\t\t<div class=\"elementor-widget-container\">\n\t\t\t\t\t<h4 class=\"elementor-heading-title elementor-size-default\">Emmagatzematge i envasat. Museu del Mercuri<\/h4>\t\t\t\t<\/div>\n\t\t\t\t<\/div>\n\t\t\t\t<div class=\"elementor-element elementor-element-2680376 elementor-widget elementor-widget-text-editor\" data-id=\"2680376\" data-element_type=\"widget\" data-e-type=\"widget\" data-widget_type=\"text-editor.default\">\n\t\t\t\t<div class=\"elementor-widget-container\">\n\t\t\t\t\t\t\t\t\t<p>L&#8217;\u00faltim pas del proc\u00e9s, despr\u00e9s de la refrigeraci\u00f3 era l&#8217;<strong>emmagatzematge i envasat,<\/strong> al que se li va destinar un edifici, el <strong>Magatzem de mercuri<\/strong> (<strong>8<\/strong>). Actualment alberga el <strong>Museu del Mercuri<\/strong>. Se situa a la part baixa del terreny, als peus dels forns Pacific.<\/p><p>Un microb\u00fas facilita l&#8217;arribada amb el guia, que alhora \u00e9s el conductor.<\/p>\t\t\t\t\t\t\t\t<\/div>\n\t\t\t\t<\/div>\n\t\t\t\t<div class=\"elementor-element elementor-element-bd6bbe4 elementor-widget elementor-widget-image\" data-id=\"bd6bbe4\" data-element_type=\"widget\" data-e-type=\"widget\" data-widget_type=\"image.default\">\n\t\t\t\t<div class=\"elementor-widget-container\">\n\t\t\t\t\t\t\t\t\t\t\t\t<figure class=\"wp-caption\">\n\t\t\t\t\t\t\t\t\t\t<img loading=\"lazy\" decoding=\"async\" width=\"768\" height=\"511\" src=\"https:\/\/www.elturistatranquil.com\/wp-content\/uploads\/F62-Parque-minero-de-Almaden.jpg\" class=\"attachment-large size-large wp-image-29845\" alt=\"Parque minero de Almaden\" srcset=\"https:\/\/www.elturistatranquil.com\/wp-content\/uploads\/F62-Parque-minero-de-Almaden.jpg 768w, https:\/\/www.elturistatranquil.com\/wp-content\/uploads\/F62-Parque-minero-de-Almaden-339x226.jpg 339w\" sizes=\"(max-width: 768px) 100vw, 768px\" \/>\t\t\t\t\t\t\t\t\t\t\t<figcaption class=\"widget-image-caption wp-caption-text\"><\/figcaption>\n\t\t\t\t\t\t\t\t\t\t<\/figure>\n\t\t\t\t\t\t\t\t\t<\/div>\n\t\t\t\t<\/div>\n\t\t\t\t<div class=\"elementor-element elementor-element-065763a elementor-widget elementor-widget-image\" data-id=\"065763a\" data-element_type=\"widget\" data-e-type=\"widget\" data-widget_type=\"image.default\">\n\t\t\t\t<div class=\"elementor-widget-container\">\n\t\t\t\t\t\t\t\t\t\t\t\t<figure class=\"wp-caption\">\n\t\t\t\t\t\t\t\t\t\t<img loading=\"lazy\" decoding=\"async\" width=\"768\" height=\"512\" src=\"https:\/\/www.elturistatranquil.com\/wp-content\/uploads\/F63-Parque-minero-de-Almaden.jpg\" class=\"attachment-large size-large wp-image-29847\" alt=\"Parque minero de Almaden\" srcset=\"https:\/\/www.elturistatranquil.com\/wp-content\/uploads\/F63-Parque-minero-de-Almaden.jpg 768w, https:\/\/www.elturistatranquil.com\/wp-content\/uploads\/F63-Parque-minero-de-Almaden-339x226.jpg 339w\" sizes=\"(max-width: 768px) 100vw, 768px\" \/>\t\t\t\t\t\t\t\t\t\t\t<figcaption class=\"widget-image-caption wp-caption-text\"><\/figcaption>\n\t\t\t\t\t\t\t\t\t\t<\/figure>\n\t\t\t\t\t\t\t\t\t<\/div>\n\t\t\t\t<\/div>\n\t\t\t\t<div class=\"elementor-element elementor-element-a46499a elementor-widget elementor-widget-text-editor\" data-id=\"a46499a\" data-element_type=\"widget\" data-e-type=\"widget\" data-widget_type=\"text-editor.default\">\n\t\t\t\t<div class=\"elementor-widget-container\">\n\t\t\t\t\t\t\t\t\t<p>Aquest magatzem va ser constru\u00eft el 1941 per substituir l&#8217;anterior que ocupava el mateix solar, i ha estat en funcionament fins a l&#8217;any 2003.<\/p><p>El <strong>Museu del Mercuri<\/strong> ocupa tota la planta baixa i un soterrani de l&#8217;edifici.<\/p><p>La Planta baixa \u00e9s la zona muse\u00edstica pr\u00f2piament dita, estructurada en quatre \u00e0mbits tem\u00e0tics: <strong>Geologia i paleontologia<\/strong> aplicada al terreny d&#8217;Almad\u00e9n. Les <strong>ci\u00e8ncies del mercuri<\/strong>. La <strong>metal\u00b7l\u00fargia del mercuri<\/strong>, on es troben objectes i maquetes, amb els seus panells, dels quals vaig obtenir part de les fotografies que he utilitzat. Finalment, les <strong>basses i l&#8217;emmagatzematge<\/strong>, que correspondria m\u00e9s espec\u00edficament a l&#8217;etapa de producci\u00f3 que es desenvolupava en aquest edifici.<\/p><p>El soterrani est\u00e0 dedicat a presentar un conjunt de diorames sobre les <strong>rutes del mercuri<\/strong> i la <strong>hist\u00f2ria de les mines<\/strong>. En el moment de la meva visita aquesta part estava en proc\u00e9s de remodelaci\u00f3, pel que no era visitable.<\/p><p>Prosseguint amb l&#8217;exposici\u00f3 de l&#8217;etapa d&#8217;<strong>emmagatzematge i envasat<\/strong>, el mercuri es dipositava en <strong>calaixos i basses<\/strong> a l&#8217;espera del seu envasat.<\/p>\t\t\t\t\t\t\t\t<\/div>\n\t\t\t\t<\/div>\n\t\t\t\t<div class=\"elementor-element elementor-element-0e98392 elementor-widget elementor-widget-image\" data-id=\"0e98392\" data-element_type=\"widget\" data-e-type=\"widget\" data-widget_type=\"image.default\">\n\t\t\t\t<div class=\"elementor-widget-container\">\n\t\t\t\t\t\t\t\t\t\t\t\t<figure class=\"wp-caption\">\n\t\t\t\t\t\t\t\t\t\t<img loading=\"lazy\" decoding=\"async\" width=\"768\" height=\"511\" src=\"https:\/\/www.elturistatranquil.com\/wp-content\/uploads\/F64-Parque-minero-de-Almaden.jpg\" class=\"attachment-large size-large wp-image-29849\" alt=\"Parque minero de Almaden\" srcset=\"https:\/\/www.elturistatranquil.com\/wp-content\/uploads\/F64-Parque-minero-de-Almaden.jpg 768w, https:\/\/www.elturistatranquil.com\/wp-content\/uploads\/F64-Parque-minero-de-Almaden-339x226.jpg 339w\" sizes=\"(max-width: 768px) 100vw, 768px\" \/>\t\t\t\t\t\t\t\t\t\t\t<figcaption class=\"widget-image-caption wp-caption-text\"><\/figcaption>\n\t\t\t\t\t\t\t\t\t\t<\/figure>\n\t\t\t\t\t\t\t\t\t<\/div>\n\t\t\t\t<\/div>\n\t\t\t\t<div class=\"elementor-element elementor-element-5038768 elementor-widget elementor-widget-image\" data-id=\"5038768\" data-element_type=\"widget\" data-e-type=\"widget\" data-widget_type=\"image.default\">\n\t\t\t\t<div class=\"elementor-widget-container\">\n\t\t\t\t\t\t\t\t\t\t\t\t<figure class=\"wp-caption\">\n\t\t\t\t\t\t\t\t\t\t<img loading=\"lazy\" decoding=\"async\" width=\"768\" height=\"511\" src=\"https:\/\/www.elturistatranquil.com\/wp-content\/uploads\/F65-Parque-minero-de-Almaden.jpg\" class=\"attachment-large size-large wp-image-29851\" alt=\"Parque minero de Almaden\" srcset=\"https:\/\/www.elturistatranquil.com\/wp-content\/uploads\/F65-Parque-minero-de-Almaden.jpg 768w, https:\/\/www.elturistatranquil.com\/wp-content\/uploads\/F65-Parque-minero-de-Almaden-339x226.jpg 339w\" sizes=\"(max-width: 768px) 100vw, 768px\" \/>\t\t\t\t\t\t\t\t\t\t\t<figcaption class=\"widget-image-caption wp-caption-text\"><\/figcaption>\n\t\t\t\t\t\t\t\t\t\t<\/figure>\n\t\t\t\t\t\t\t\t\t<\/div>\n\t\t\t\t<\/div>\n\t\t\t\t<div class=\"elementor-element elementor-element-f215d30 elementor-widget elementor-widget-image\" data-id=\"f215d30\" data-element_type=\"widget\" data-e-type=\"widget\" data-widget_type=\"image.default\">\n\t\t\t\t<div class=\"elementor-widget-container\">\n\t\t\t\t\t\t\t\t\t\t\t\t<figure class=\"wp-caption\">\n\t\t\t\t\t\t\t\t\t\t<img loading=\"lazy\" decoding=\"async\" width=\"768\" height=\"511\" src=\"https:\/\/www.elturistatranquil.com\/wp-content\/uploads\/F66-Parque-minero-de-Almaden.jpg\" class=\"attachment-large size-large wp-image-29853\" alt=\"Parque minero de Almaden\" srcset=\"https:\/\/www.elturistatranquil.com\/wp-content\/uploads\/F66-Parque-minero-de-Almaden.jpg 768w, https:\/\/www.elturistatranquil.com\/wp-content\/uploads\/F66-Parque-minero-de-Almaden-339x226.jpg 339w\" sizes=\"(max-width: 768px) 100vw, 768px\" \/>\t\t\t\t\t\t\t\t\t\t\t<figcaption class=\"widget-image-caption wp-caption-text\"><\/figcaption>\n\t\t\t\t\t\t\t\t\t\t<\/figure>\n\t\t\t\t\t\t\t\t\t<\/div>\n\t\t\t\t<\/div>\n\t\t\t\t<div class=\"elementor-element elementor-element-7d7f355 elementor-widget elementor-widget-text-editor\" data-id=\"7d7f355\" data-element_type=\"widget\" data-e-type=\"widget\" data-widget_type=\"text-editor.default\">\n\t\t\t\t<div class=\"elementor-widget-container\">\n\t\t\t\t\t\t\t\t\t<p>Finalment, a l&#8217;\u00e9sser un l\u00edquid es procedeix al seu <strong>envasat<\/strong> amb destinaci\u00f3 a la seva comercialitzaci\u00f3. L&#8217;envasament del mercuri sempre s&#8217;ha efectuat manualment i ha seguit un proc\u00e9s semblant. El mercuri s&#8217;extreu del recipient d&#8217;emmagatzematge, es mesura i s&#8217;introdueix en flascons de ferro, quedant a punt per a la seva distribuci\u00f3.<\/p><p>Els flascons de ferro van comen\u00e7ar a emprar-se a Almad\u00e9n a mitjan segle XVIII, substituint als antics <em>baldeses<\/em> de cuir. Cada flasc\u00f3 contenia 3 arroves (34,46 kg o 76 lliures) que, a m\u00e9s, \u00e9s la mesura de pesat universal del mercuri.<\/p>\t\t\t\t\t\t\t\t<\/div>\n\t\t\t\t<\/div>\n\t\t\t\t<div class=\"elementor-element elementor-element-55138a0 elementor-widget elementor-widget-image\" data-id=\"55138a0\" data-element_type=\"widget\" data-e-type=\"widget\" data-widget_type=\"image.default\">\n\t\t\t\t<div class=\"elementor-widget-container\">\n\t\t\t\t\t\t\t\t\t\t\t\t<figure class=\"wp-caption\">\n\t\t\t\t\t\t\t\t\t\t<img loading=\"lazy\" decoding=\"async\" width=\"768\" height=\"511\" src=\"https:\/\/www.elturistatranquil.com\/wp-content\/uploads\/F67-Parque-minero-de-Almaden.jpg\" class=\"attachment-large size-large wp-image-29855\" alt=\"Parque minero de Almaden\" srcset=\"https:\/\/www.elturistatranquil.com\/wp-content\/uploads\/F67-Parque-minero-de-Almaden.jpg 768w, https:\/\/www.elturistatranquil.com\/wp-content\/uploads\/F67-Parque-minero-de-Almaden-339x226.jpg 339w\" sizes=\"(max-width: 768px) 100vw, 768px\" \/>\t\t\t\t\t\t\t\t\t\t\t<figcaption class=\"widget-image-caption wp-caption-text\"><\/figcaption>\n\t\t\t\t\t\t\t\t\t\t<\/figure>\n\t\t\t\t\t\t\t\t\t<\/div>\n\t\t\t\t<\/div>\n\t\t\t\t<div class=\"elementor-element elementor-element-a66f64a elementor-widget elementor-widget-text-editor\" data-id=\"a66f64a\" data-element_type=\"widget\" data-e-type=\"widget\" data-widget_type=\"text-editor.default\">\n\t\t\t\t<div class=\"elementor-widget-container\">\n\t\t\t\t\t\t\t\t\t<p>A la fi del segle XX, l&#8217;\u00fas de flascons va quedar relegat per nous envasos de m\u00e9s capacitat (1.000 kg) que facilitaven l&#8217;emmagatzematge a gran escala.<\/p>\t\t\t\t\t\t\t\t<\/div>\n\t\t\t\t<\/div>\n\t\t\t\t<div class=\"elementor-element elementor-element-cafcf12 elementor-widget elementor-widget-menu-anchor\" data-id=\"cafcf12\" data-element_type=\"widget\" data-e-type=\"widget\" data-widget_type=\"menu-anchor.default\">\n\t\t\t\t<div class=\"elementor-widget-container\">\n\t\t\t\t\t\t\t<div class=\"elementor-menu-anchor\" id=\"b4422\"><\/div>\n\t\t\t\t\t\t<\/div>\n\t\t\t\t<\/div>\n\t\t\t\t<div class=\"elementor-element elementor-element-b15bf8c elementor-widget elementor-widget-image\" data-id=\"b15bf8c\" data-element_type=\"widget\" data-e-type=\"widget\" data-widget_type=\"image.default\">\n\t\t\t\t<div class=\"elementor-widget-container\">\n\t\t\t\t\t\t\t\t\t\t\t\t<figure class=\"wp-caption\">\n\t\t\t\t\t\t\t\t\t\t<img loading=\"lazy\" decoding=\"async\" width=\"768\" height=\"512\" src=\"https:\/\/www.elturistatranquil.com\/wp-content\/uploads\/F68-Parque-minero-de-Almaden.jpg\" class=\"attachment-large size-large wp-image-29857\" alt=\"Parque minero de Almaden\" srcset=\"https:\/\/www.elturistatranquil.com\/wp-content\/uploads\/F68-Parque-minero-de-Almaden.jpg 768w, https:\/\/www.elturistatranquil.com\/wp-content\/uploads\/F68-Parque-minero-de-Almaden-339x226.jpg 339w\" sizes=\"(max-width: 768px) 100vw, 768px\" \/>\t\t\t\t\t\t\t\t\t\t\t<figcaption class=\"widget-image-caption wp-caption-text\"><\/figcaption>\n\t\t\t\t\t\t\t\t\t\t<\/figure>\n\t\t\t\t\t\t\t\t\t<\/div>\n\t\t\t\t<\/div>\n\t\t\t\t<div class=\"elementor-element elementor-element-32a289e elementor-widget elementor-widget-heading\" data-id=\"32a289e\" data-element_type=\"widget\" data-e-type=\"widget\" data-widget_type=\"heading.default\">\n\t\t\t\t<div class=\"elementor-widget-container\">\n\t\t\t\t\t<h4 class=\"elementor-heading-title elementor-size-default\">Transport<\/h4>\t\t\t\t<\/div>\n\t\t\t\t<\/div>\n\t\t\t\t<div class=\"elementor-element elementor-element-461564f elementor-widget elementor-widget-text-editor\" data-id=\"461564f\" data-element_type=\"widget\" data-e-type=\"widget\" data-widget_type=\"text-editor.default\">\n\t\t\t\t<div class=\"elementor-widget-container\">\n\t\t\t\t\t\t\t\t\t<p>Des del segle XVI, la producci\u00f3 de <em>azogue<\/em> tindr\u00e0 com a destinaci\u00f3 Am\u00e8rica per a l&#8217;obtenci\u00f3 de plata. Per a aix\u00f2 es va establir un circuit de transport amb tots els privilegis reials a la ruta Almad\u00e9n-Sevilla-Veracruz (M\u00e8xic).<\/p><p>D\u2019Almad\u00e9n a Sevilla el transport es realitzava en carretes de bous o carros de mules. En aquest recorregut el mercuri es transportava en baldreses de cuir.<\/p><p>Es dipositava a les drassanes de la Casa de Contractaci\u00f3 de Sevilla. All\u00e0 s\u2019envasaven en un baldr\u00e9s de cuir lligat amb una corda de c\u00e0nem. Al seu torn, aquest env\u00e0s es refor\u00e7ava amb un segon baldr\u00e9s i encara amb un tercer. Les borses es ficaven en un petit barril i aquests, de tres en tres, es col\u00b7locaven en un calaix de fusta. Despr\u00e9s de clavar la tapa dels calaixos, els envoltaven amb cordes de c\u00e0nem i espart i marcaven a la coberta les armes reials.<\/p>\t\t\t\t\t\t\t\t<\/div>\n\t\t\t\t<\/div>\n\t\t\t\t<div class=\"elementor-element elementor-element-6b510d6 elementor-widget elementor-widget-image\" data-id=\"6b510d6\" data-element_type=\"widget\" data-e-type=\"widget\" data-widget_type=\"image.default\">\n\t\t\t\t<div class=\"elementor-widget-container\">\n\t\t\t\t\t\t\t\t\t\t\t\t<figure class=\"wp-caption\">\n\t\t\t\t\t\t\t\t\t\t<img loading=\"lazy\" decoding=\"async\" width=\"768\" height=\"511\" src=\"https:\/\/www.elturistatranquil.com\/wp-content\/uploads\/F69-Parque-minero-de-Almaden.jpg\" class=\"attachment-large size-large wp-image-29859\" alt=\"Parque minero de Almaden\" srcset=\"https:\/\/www.elturistatranquil.com\/wp-content\/uploads\/F69-Parque-minero-de-Almaden.jpg 768w, https:\/\/www.elturistatranquil.com\/wp-content\/uploads\/F69-Parque-minero-de-Almaden-339x226.jpg 339w\" sizes=\"(max-width: 768px) 100vw, 768px\" \/>\t\t\t\t\t\t\t\t\t\t\t<figcaption class=\"widget-image-caption wp-caption-text\"><\/figcaption>\n\t\t\t\t\t\t\t\t\t\t<\/figure>\n\t\t\t\t\t\t\t\t\t<\/div>\n\t\t\t\t<\/div>\n\t\t\t\t<div class=\"elementor-element elementor-element-354def3 elementor-widget elementor-widget-menu-anchor\" data-id=\"354def3\" data-element_type=\"widget\" data-e-type=\"widget\" data-widget_type=\"menu-anchor.default\">\n\t\t\t\t<div class=\"elementor-widget-container\">\n\t\t\t\t\t\t\t<div class=\"elementor-menu-anchor\" id=\"b4423\"><\/div>\n\t\t\t\t\t\t<\/div>\n\t\t\t\t<\/div>\n\t\t\t\t<div class=\"elementor-element elementor-element-da46d82 elementor-widget elementor-widget-text-editor\" data-id=\"da46d82\" data-element_type=\"widget\" data-e-type=\"widget\" data-widget_type=\"text-editor.default\">\n\t\t\t\t<div class=\"elementor-widget-container\">\n\t\t\t\t\t\t\t\t\t<p>Des d&#8217;all\u00e0 es transportaven en barcasses pel Guadalquivir fins Sanl\u00facar de Barrameda o Cadis, per embarcar a la flota d&#8217;\u00cdndies rumb a Veracruz (M\u00e8xic). I des d&#8217;all\u00e0 a les mines de plata.<\/p><p>F\u00e0cilment podria trigar-un any des de l&#8217;extracci\u00f3 fins a l&#8217;arribada a destinaci\u00f3.<\/p>\t\t\t\t\t\t\t\t<\/div>\n\t\t\t\t<\/div>\n\t\t\t\t<div class=\"elementor-element elementor-element-9fdbf19 elementor-widget elementor-widget-heading\" data-id=\"9fdbf19\" data-element_type=\"widget\" data-e-type=\"widget\" data-widget_type=\"heading.default\">\n\t\t\t\t<div class=\"elementor-widget-container\">\n\t\t\t\t\t<h4 class=\"elementor-heading-title elementor-size-default\">Porta de Carlos IV i Porta de Carros<\/h4>\t\t\t\t<\/div>\n\t\t\t\t<\/div>\n\t\t\t\t<div class=\"elementor-element elementor-element-55ecc3d elementor-widget elementor-widget-text-editor\" data-id=\"55ecc3d\" data-element_type=\"widget\" data-e-type=\"widget\" data-widget_type=\"text-editor.default\">\n\t\t\t\t<div class=\"elementor-widget-container\">\n\t\t\t\t\t\t\t\t\t<p>Enfront de la porta del magatzem es va construir l&#8217;anomenada <strong>Porta de Carlos IV<\/strong> (<strong>9<\/strong>), per haver estat constru\u00efda en \u00e8poca d&#8217;aquest rei, acabada en 1795, en estil neocl\u00e0ssic.<\/p><p>Per aquesta monumental porta s&#8217;accedia al Cerco de destil\u00b7laci\u00f3 o Cerco de Buitrones que, com sabem, \u00e9s la zona metal\u00b7l\u00fargica on es produ\u00efa el azogue i que estava completament emmurallada per evitar robatoris.<\/p><p>A la porta es portava un rigor\u00f3s control de la sortida de carretes tirades per bous o mules carregades, amb pesats baldeses de azogue, direcci\u00f3 a les Drassanes de Sevilla.<\/p><p>En el recorregut de la visita es l&#8217;observa des del seu costat interior.<\/p>\t\t\t\t\t\t\t\t<\/div>\n\t\t\t\t<\/div>\n\t\t\t\t<div class=\"elementor-element elementor-element-d3502ca elementor-widget elementor-widget-image\" data-id=\"d3502ca\" data-element_type=\"widget\" data-e-type=\"widget\" data-widget_type=\"image.default\">\n\t\t\t\t<div class=\"elementor-widget-container\">\n\t\t\t\t\t\t\t\t\t\t\t\t<figure class=\"wp-caption\">\n\t\t\t\t\t\t\t\t\t\t<img loading=\"lazy\" decoding=\"async\" width=\"768\" height=\"511\" src=\"https:\/\/www.elturistatranquil.com\/wp-content\/uploads\/F70-Parque-minero-de-Almaden.jpg\" class=\"attachment-large size-large wp-image-29861\" alt=\"Parque minero de Almaden\" srcset=\"https:\/\/www.elturistatranquil.com\/wp-content\/uploads\/F70-Parque-minero-de-Almaden.jpg 768w, https:\/\/www.elturistatranquil.com\/wp-content\/uploads\/F70-Parque-minero-de-Almaden-339x226.jpg 339w\" sizes=\"(max-width: 768px) 100vw, 768px\" \/>\t\t\t\t\t\t\t\t\t\t\t<figcaption class=\"widget-image-caption wp-caption-text\"><\/figcaption>\n\t\t\t\t\t\t\t\t\t\t<\/figure>\n\t\t\t\t\t\t\t\t\t<\/div>\n\t\t\t\t<\/div>\n\t\t\t\t<div class=\"elementor-element elementor-element-7798b0b elementor-widget elementor-widget-text-editor\" data-id=\"7798b0b\" data-element_type=\"widget\" data-e-type=\"widget\" data-widget_type=\"text-editor.default\">\n\t\t\t\t<div class=\"elementor-widget-container\">\n\t\t\t\t\t\t\t\t\t<p>A la sortida de Parc miner cap a la Vila, la Porta s&#8217;apareix en tot el seu esplendor al revolt del cam\u00ed.<\/p>\t\t\t\t\t\t\t\t<\/div>\n\t\t\t\t<\/div>\n\t\t\t\t<div class=\"elementor-element elementor-element-562374f elementor-widget elementor-widget-image\" data-id=\"562374f\" data-element_type=\"widget\" data-e-type=\"widget\" data-widget_type=\"image.default\">\n\t\t\t\t<div class=\"elementor-widget-container\">\n\t\t\t\t\t\t\t\t\t\t\t\t<figure class=\"wp-caption\">\n\t\t\t\t\t\t\t\t\t\t<img loading=\"lazy\" decoding=\"async\" width=\"768\" height=\"511\" src=\"https:\/\/www.elturistatranquil.com\/wp-content\/uploads\/F71-Parque-minero-de-Almaden.jpg\" class=\"attachment-large size-large wp-image-29863\" alt=\"Parque minero de Almaden\" srcset=\"https:\/\/www.elturistatranquil.com\/wp-content\/uploads\/F71-Parque-minero-de-Almaden.jpg 768w, https:\/\/www.elturistatranquil.com\/wp-content\/uploads\/F71-Parque-minero-de-Almaden-339x226.jpg 339w\" sizes=\"(max-width: 768px) 100vw, 768px\" \/>\t\t\t\t\t\t\t\t\t\t\t<figcaption class=\"widget-image-caption wp-caption-text\"><\/figcaption>\n\t\t\t\t\t\t\t\t\t\t<\/figure>\n\t\t\t\t\t\t\t\t\t<\/div>\n\t\t\t\t<\/div>\n\t\t\t\t<div class=\"elementor-element elementor-element-f5ba7b7 elementor-widget elementor-widget-image\" data-id=\"f5ba7b7\" data-element_type=\"widget\" data-e-type=\"widget\" data-widget_type=\"image.default\">\n\t\t\t\t<div class=\"elementor-widget-container\">\n\t\t\t\t\t\t\t\t\t\t\t\t<figure class=\"wp-caption\">\n\t\t\t\t\t\t\t\t\t\t<img loading=\"lazy\" decoding=\"async\" width=\"768\" height=\"512\" src=\"https:\/\/www.elturistatranquil.com\/wp-content\/uploads\/F72-Parque-minero-de-Almaden.jpg\" class=\"attachment-large size-large wp-image-29865\" alt=\"Parque minero de Almaden\" srcset=\"https:\/\/www.elturistatranquil.com\/wp-content\/uploads\/F72-Parque-minero-de-Almaden.jpg 768w, https:\/\/www.elturistatranquil.com\/wp-content\/uploads\/F72-Parque-minero-de-Almaden-339x226.jpg 339w\" sizes=\"(max-width: 768px) 100vw, 768px\" \/>\t\t\t\t\t\t\t\t\t\t\t<figcaption class=\"widget-image-caption wp-caption-text\"><\/figcaption>\n\t\t\t\t\t\t\t\t\t\t<\/figure>\n\t\t\t\t\t\t\t\t\t<\/div>\n\t\t\t\t<\/div>\n\t\t\t\t<div class=\"elementor-element elementor-element-b21874f elementor-widget elementor-widget-text-editor\" data-id=\"b21874f\" data-element_type=\"widget\" data-e-type=\"widget\" data-widget_type=\"text-editor.default\">\n\t\t\t\t<div class=\"elementor-widget-container\">\n\t\t\t\t\t\t\t\t\t<p>A l&#8217;extrem sud del Cerco se situa la primera porta del Cerco de Buitrones, del segle XVI, coneguda com a <strong>Porta de Carros<\/strong> (<strong>10<\/strong>). Constru\u00efda amb la finalitat de facilitar la sortida dels carros amb el azogue cap a Sevilla.<\/p>\t\t\t\t\t\t\t\t<\/div>\n\t\t\t\t<\/div>\n\t\t\t\t<div class=\"elementor-element elementor-element-5dcc9fe elementor-widget elementor-widget-image\" data-id=\"5dcc9fe\" data-element_type=\"widget\" data-e-type=\"widget\" data-widget_type=\"image.default\">\n\t\t\t\t<div class=\"elementor-widget-container\">\n\t\t\t\t\t\t\t\t\t\t\t\t<figure class=\"wp-caption\">\n\t\t\t\t\t\t\t\t\t\t<img loading=\"lazy\" decoding=\"async\" width=\"768\" height=\"511\" src=\"https:\/\/www.elturistatranquil.com\/wp-content\/uploads\/F73-Parque-minero-de-Almaden.jpg\" class=\"attachment-large size-large wp-image-29867\" alt=\"Parque minero de Almaden\" srcset=\"https:\/\/www.elturistatranquil.com\/wp-content\/uploads\/F73-Parque-minero-de-Almaden.jpg 768w, https:\/\/www.elturistatranquil.com\/wp-content\/uploads\/F73-Parque-minero-de-Almaden-339x226.jpg 339w\" sizes=\"(max-width: 768px) 100vw, 768px\" \/>\t\t\t\t\t\t\t\t\t\t\t<figcaption class=\"widget-image-caption wp-caption-text\">Perspectiva d'Almad\u00e9n en la segona meitat de segle XVIII, segons il\u00b7lustraci\u00f3 de F. Cruz<\/figcaption>\n\t\t\t\t\t\t\t\t\t\t<\/figure>\n\t\t\t\t\t\t\t\t\t<\/div>\n\t\t\t\t<\/div>\n\t\t\t\t<div class=\"elementor-element elementor-element-94f207a elementor-widget elementor-widget-text-editor\" data-id=\"94f207a\" data-element_type=\"widget\" data-e-type=\"widget\" data-widget_type=\"text-editor.default\">\n\t\t\t\t<div class=\"elementor-widget-container\">\n\t\t\t\t\t\t\t\t\t<p>Se la pot observar a la llunyania.<\/p>\t\t\t\t\t\t\t\t<\/div>\n\t\t\t\t<\/div>\n\t\t\t\t<div class=\"elementor-element elementor-element-53a36d5 elementor-widget elementor-widget-menu-anchor\" data-id=\"53a36d5\" data-element_type=\"widget\" data-e-type=\"widget\" data-widget_type=\"menu-anchor.default\">\n\t\t\t\t<div class=\"elementor-widget-container\">\n\t\t\t\t\t\t\t<div class=\"elementor-menu-anchor\" id=\"b4424\"><\/div>\n\t\t\t\t\t\t<\/div>\n\t\t\t\t<\/div>\n\t\t\t\t<div class=\"elementor-element elementor-element-356c29a elementor-widget elementor-widget-image\" data-id=\"356c29a\" data-element_type=\"widget\" data-e-type=\"widget\" data-widget_type=\"image.default\">\n\t\t\t\t<div class=\"elementor-widget-container\">\n\t\t\t\t\t\t\t\t\t\t\t\t<figure class=\"wp-caption\">\n\t\t\t\t\t\t\t\t\t\t<img loading=\"lazy\" decoding=\"async\" width=\"768\" height=\"512\" src=\"https:\/\/www.elturistatranquil.com\/wp-content\/uploads\/F74-Parque-minero-de-Almaden.jpg\" class=\"attachment-large size-large wp-image-29869\" alt=\"Parque minero de Almaden\" srcset=\"https:\/\/www.elturistatranquil.com\/wp-content\/uploads\/F74-Parque-minero-de-Almaden.jpg 768w, https:\/\/www.elturistatranquil.com\/wp-content\/uploads\/F74-Parque-minero-de-Almaden-339x226.jpg 339w\" sizes=\"(max-width: 768px) 100vw, 768px\" \/>\t\t\t\t\t\t\t\t\t\t\t<figcaption class=\"widget-image-caption wp-caption-text\"><\/figcaption>\n\t\t\t\t\t\t\t\t\t\t<\/figure>\n\t\t\t\t\t\t\t\t\t<\/div>\n\t\t\t\t<\/div>\n\t\t\t\t<div class=\"elementor-element elementor-element-d231b9b elementor-widget elementor-widget-heading\" data-id=\"d231b9b\" data-element_type=\"widget\" data-e-type=\"widget\" data-widget_type=\"heading.default\">\n\t\t\t\t<div class=\"elementor-widget-container\">\n\t\t\t\t\t<h4 class=\"elementor-heading-title elementor-size-default\">Activitats complement\u00e0ries<\/h4>\t\t\t\t<\/div>\n\t\t\t\t<\/div>\n\t\t\t\t<div class=\"elementor-element elementor-element-f9bffae elementor-widget elementor-widget-text-editor\" data-id=\"f9bffae\" data-element_type=\"widget\" data-e-type=\"widget\" data-widget_type=\"text-editor.default\">\n\t\t\t\t<div class=\"elementor-widget-container\">\n\t\t\t\t\t\t\t\t\t<p>El manteniment i funcionament de les mines i de la producci\u00f3 de mercuri requereix una gran quantitat d&#8217;activitats complement\u00e0ries de tipus molt divers.<\/p><p>Cal tenir en compte que les instal\u00b7lacions havien de ser autosuficients, al trobar-se Almad\u00e9n allunyat de qualsevol nucli urb\u00e0 que pogu\u00e9s aportar aquestes activitats i serveis.<\/p><p>Entre les activitats complement\u00e0ries m\u00e9s imprescindibles es troben: teuleria, farga, lampisteria, tallers mec\u00e0nics, fusteria, oficina t\u00e8cnica i administraci\u00f3, central el\u00e8ctrica o hostatgeria.<\/p><p>Entre les poques instal\u00b7lacions auxiliars que es conserven es troba el <strong>Forn de tejeras<\/strong> (<strong>11<\/strong>), en el camp entre les portes. Aquest tipus de forns es coneix amb el nom de tejeras per la funci\u00f3 que exercien, que consistia a coure les teules, maons i aludeles per a l&#8217;establiment.<\/p>\t\t\t\t\t\t\t\t<\/div>\n\t\t\t\t<\/div>\n\t\t\t\t<div class=\"elementor-element elementor-element-41ea10e elementor-widget elementor-widget-image\" data-id=\"41ea10e\" data-element_type=\"widget\" data-e-type=\"widget\" data-widget_type=\"image.default\">\n\t\t\t\t<div class=\"elementor-widget-container\">\n\t\t\t\t\t\t\t\t\t\t\t\t<figure class=\"wp-caption\">\n\t\t\t\t\t\t\t\t\t\t<img loading=\"lazy\" decoding=\"async\" width=\"768\" height=\"511\" src=\"https:\/\/www.elturistatranquil.com\/wp-content\/uploads\/F75-Parque-minero-de-Almaden.jpg\" class=\"attachment-large size-large wp-image-29871\" alt=\"Parque minero de Almaden\" srcset=\"https:\/\/www.elturistatranquil.com\/wp-content\/uploads\/F75-Parque-minero-de-Almaden.jpg 768w, https:\/\/www.elturistatranquil.com\/wp-content\/uploads\/F75-Parque-minero-de-Almaden-339x226.jpg 339w\" sizes=\"(max-width: 768px) 100vw, 768px\" \/>\t\t\t\t\t\t\t\t\t\t\t<figcaption class=\"widget-image-caption wp-caption-text\"><\/figcaption>\n\t\t\t\t\t\t\t\t\t\t<\/figure>\n\t\t\t\t\t\t\t\t\t<\/div>\n\t\t\t\t<\/div>\n\t\t\t\t<div class=\"elementor-element elementor-element-8fec0ef elementor-widget elementor-widget-text-editor\" data-id=\"8fec0ef\" data-element_type=\"widget\" data-e-type=\"widget\" data-widget_type=\"text-editor.default\">\n\t\t\t\t<div class=\"elementor-widget-container\">\n\t\t\t\t\t\t\t\t\t<p>El consum de aludeles i maons era enorme i el seu transport des d&#8217;altres zones d&#8217;Espanya llarg i cost\u00f3s, de manera que la mina havia de ser autosuficient i generar aquells materials que consumia.<\/p><p>Se suposa que el forn va ser constru\u00eft al segle XVII, estant en funcionament fins a mitjan segle XX, moment en qu\u00e8 els canvis en els sistemes de producci\u00f3 van fer innecessari el seu \u00fas.<\/p><p>En el recorregut de tornada ser\u00e0 quan ens aturem a observar el Forn de Bustamante.<\/p><p>Des de la porta del Centre de Visitants pot distingir-se els <strong>tallers<\/strong> (<strong>12<\/strong>) constru\u00efts en 1920, i al seu costat, l&#8217;edifici de l&#8217;<strong>oficina t\u00e8cnica i administraci\u00f3<\/strong> (<strong>13<\/strong>).<\/p>\t\t\t\t\t\t\t\t<\/div>\n\t\t\t\t<\/div>\n\t\t\t\t<div class=\"elementor-element elementor-element-2ab62ac elementor-widget elementor-widget-image\" data-id=\"2ab62ac\" data-element_type=\"widget\" data-e-type=\"widget\" data-widget_type=\"image.default\">\n\t\t\t\t<div class=\"elementor-widget-container\">\n\t\t\t\t\t\t\t\t\t\t\t\t<figure class=\"wp-caption\">\n\t\t\t\t\t\t\t\t\t\t<img loading=\"lazy\" decoding=\"async\" width=\"768\" height=\"511\" src=\"https:\/\/www.elturistatranquil.com\/wp-content\/uploads\/F76-Parque-minero-de-Almaden.jpg\" class=\"attachment-large size-large wp-image-29873\" alt=\"Parque minero de Almaden\" srcset=\"https:\/\/www.elturistatranquil.com\/wp-content\/uploads\/F76-Parque-minero-de-Almaden.jpg 768w, https:\/\/www.elturistatranquil.com\/wp-content\/uploads\/F76-Parque-minero-de-Almaden-339x226.jpg 339w\" sizes=\"(max-width: 768px) 100vw, 768px\" \/>\t\t\t\t\t\t\t\t\t\t\t<figcaption class=\"widget-image-caption wp-caption-text\"><\/figcaption>\n\t\t\t\t\t\t\t\t\t\t<\/figure>\n\t\t\t\t\t\t\t\t\t<\/div>\n\t\t\t\t<\/div>\n\t\t\t\t<div class=\"elementor-element elementor-element-aa3dc99 elementor-widget elementor-widget-menu-anchor\" data-id=\"aa3dc99\" data-element_type=\"widget\" data-e-type=\"widget\" data-widget_type=\"menu-anchor.default\">\n\t\t\t\t<div class=\"elementor-widget-container\">\n\t\t\t\t\t\t\t<div class=\"elementor-menu-anchor\" id=\"b4425\"><\/div>\n\t\t\t\t\t\t<\/div>\n\t\t\t\t<\/div>\n\t\t\t\t<div class=\"elementor-element elementor-element-ca56c8b elementor-widget elementor-widget-text-editor\" data-id=\"ca56c8b\" data-element_type=\"widget\" data-e-type=\"widget\" data-widget_type=\"text-editor.default\">\n\t\t\t\t<div class=\"elementor-widget-container\">\n\t\t\t\t\t\t\t\t\t<p>Es tanca aqu\u00ed el circuit intern en els Cercos de San Teodoro i de Buitrones.<\/p>\t\t\t\t\t\t\t\t<\/div>\n\t\t\t\t<\/div>\n\t\t\t\t<div class=\"elementor-element elementor-element-33e3701 elementor-widget elementor-widget-heading\" data-id=\"33e3701\" data-element_type=\"widget\" data-e-type=\"widget\" data-widget_type=\"heading.default\">\n\t\t\t\t<div class=\"elementor-widget-container\">\n\t\t\t\t\t<h4 class=\"elementor-heading-title elementor-size-default\">Escombrera<\/h4>\t\t\t\t<\/div>\n\t\t\t\t<\/div>\n\t\t\t\t<div class=\"elementor-element elementor-element-5ff398b elementor-widget elementor-widget-text-editor\" data-id=\"5ff398b\" data-element_type=\"widget\" data-e-type=\"widget\" data-widget_type=\"text-editor.default\">\n\t\t\t\t<div class=\"elementor-widget-container\">\n\t\t\t\t\t\t\t\t\t<p>Malgrat no es visiti, cal indicar que la part exterior posterior oest del recinte s&#8217;havia dedicat a <strong>escombrera<\/strong> (<strong>14<\/strong>). La transformaci\u00f3 en Parc Miner i la seva catalogaci\u00f3 com a Patrimoni Mundial, van portar a fer una neteja i rehabilitaci\u00f3 d&#8217;aquests terrenys. Les dues fotografies, que es mostren a l&#8217;entrada del Museu del Mercuri, permeten veure un avans i una ara del seu estat. Tamb\u00e9 es pot constatar la seva neteja en les imatges Google que he incl\u00f2s.<\/p>\t\t\t\t\t\t\t\t<\/div>\n\t\t\t\t<\/div>\n\t\t\t\t<div class=\"elementor-element elementor-element-5cb91b4 elementor-widget elementor-widget-image\" data-id=\"5cb91b4\" data-element_type=\"widget\" data-e-type=\"widget\" data-widget_type=\"image.default\">\n\t\t\t\t<div class=\"elementor-widget-container\">\n\t\t\t\t\t\t\t\t\t\t\t\t<figure class=\"wp-caption\">\n\t\t\t\t\t\t\t\t\t\t<img loading=\"lazy\" decoding=\"async\" width=\"768\" height=\"483\" src=\"https:\/\/www.elturistatranquil.com\/wp-content\/uploads\/F77-Parque-minero-de-Almaden.jpg\" class=\"attachment-large size-large wp-image-29875\" alt=\"Parque minero de Almaden\" srcset=\"https:\/\/www.elturistatranquil.com\/wp-content\/uploads\/F77-Parque-minero-de-Almaden.jpg 768w, https:\/\/www.elturistatranquil.com\/wp-content\/uploads\/F77-Parque-minero-de-Almaden-339x213.jpg 339w\" sizes=\"(max-width: 768px) 100vw, 768px\" \/>\t\t\t\t\t\t\t\t\t\t\t<figcaption class=\"widget-image-caption wp-caption-text\"><\/figcaption>\n\t\t\t\t\t\t\t\t\t\t<\/figure>\n\t\t\t\t\t\t\t\t\t<\/div>\n\t\t\t\t<\/div>\n\t\t\t\t<div class=\"elementor-element elementor-element-e025363 elementor-widget elementor-widget-menu-anchor\" data-id=\"e025363\" data-element_type=\"widget\" data-e-type=\"widget\" data-widget_type=\"menu-anchor.default\">\n\t\t\t\t<div class=\"elementor-widget-container\">\n\t\t\t\t\t\t\t<div class=\"elementor-menu-anchor\" id=\"b4426\"><\/div>\n\t\t\t\t\t\t<\/div>\n\t\t\t\t<\/div>\n\t\t\t\t<div class=\"elementor-element elementor-element-653f520 elementor-widget elementor-widget-image\" data-id=\"653f520\" data-element_type=\"widget\" data-e-type=\"widget\" data-widget_type=\"image.default\">\n\t\t\t\t<div class=\"elementor-widget-container\">\n\t\t\t\t\t\t\t\t\t\t\t\t<figure class=\"wp-caption\">\n\t\t\t\t\t\t\t\t\t\t<img loading=\"lazy\" decoding=\"async\" width=\"768\" height=\"512\" src=\"https:\/\/www.elturistatranquil.com\/wp-content\/uploads\/F78-Parque-minero-de-Almaden.jpg\" class=\"attachment-large size-large wp-image-29877\" alt=\"Parque minero de Almaden\" srcset=\"https:\/\/www.elturistatranquil.com\/wp-content\/uploads\/F78-Parque-minero-de-Almaden.jpg 768w, https:\/\/www.elturistatranquil.com\/wp-content\/uploads\/F78-Parque-minero-de-Almaden-339x226.jpg 339w\" sizes=\"(max-width: 768px) 100vw, 768px\" \/>\t\t\t\t\t\t\t\t\t\t\t<figcaption class=\"widget-image-caption wp-caption-text\"><\/figcaption>\n\t\t\t\t\t\t\t\t\t\t<\/figure>\n\t\t\t\t\t\t\t\t\t<\/div>\n\t\t\t\t<\/div>\n\t\t\t\t<div class=\"elementor-element elementor-element-53b19e8 elementor-widget elementor-widget-heading\" data-id=\"53b19e8\" data-element_type=\"widget\" data-e-type=\"widget\" data-widget_type=\"heading.default\">\n\t\t\t\t<div class=\"elementor-widget-container\">\n\t\t\t\t\t<h2 class=\"elementor-heading-title elementor-size-default\">Fi de la visita<\/h2>\t\t\t\t<\/div>\n\t\t\t\t<\/div>\n\t\t\t\t<div class=\"elementor-element elementor-element-12020514 elementor-widget elementor-widget-text-editor\" data-id=\"12020514\" data-element_type=\"widget\" data-e-type=\"widget\" data-widget_type=\"text-editor.default\">\n\t\t\t\t<div class=\"elementor-widget-container\">\n\t\t\t\t\t\t\t\t\t<p>Si m\u00e9s no per a mi, la visita a una explotaci\u00f3 minera o a una cova prehist\u00f2rica t\u00e9 alguna cosa d&#8217;especial. Endinsar-se en les entranyes de la Terra em porta a un altre m\u00f3n de sensacions, a una realitat diferent de la que percebo amb la llum de Sol. I m\u00e9s, si intento imaginar la vida al seu interior amb la il\u00b7luminaci\u00f3 d&#8217;un llum d&#8217;oli, i ves a saber amb qu\u00e8, quan l&#8217;ocupava un habitant prehist\u00f2ric.<\/p><p>En el cas de les explotacions mineres, s&#8217;uneixi, a m\u00e9s, les condicions de treball i les fatigues dels obrers en cada moment hist\u00f2ric, amb les seves eines i els seus perills.<\/p><p>En el cas d&#8217;Almad\u00e9n, aquest sentiment es refor\u00e7a amb les pors i problemes vinculats a la malaltia del mercuri, &#8220;mercurialisme&#8221; i amb la imatge dels for\u00e7ats i esclaus als que durant segles es va obligar a treballar en l&#8217;explotaci\u00f3. Fins i tot a l&#8217;acabar la Guerra Civil en un camp de concentraci\u00f3.<\/p><p>En el <em>Post<\/em> seg\u00fcent: <strong>Almad\u00e9n (Ciudad Real)<\/strong>, aquests aspectes es posaran m\u00e9s en evid\u00e8ncia.<\/p><p>Pel que fa a la visita, la gran import\u00e0ncia del lloc es plasma en haver estat reconegut com un \u00e0mbit que mereix el qualificatiu de Patrimoni Mundial.<\/p><p>Per aix\u00f2, es tracta d&#8217;una de les joies de el patrimoni industrial espanyol que es posa al nostre abast, portant-nos al seu context geogr\u00e0fic.<\/p>\t\t\t\t\t\t\t\t<\/div>\n\t\t\t\t<\/div>\n\t\t\t\t<div class=\"elementor-element elementor-element-6f14c59 elementor-widget elementor-widget-menu-anchor\" data-id=\"6f14c59\" data-element_type=\"widget\" data-e-type=\"widget\" data-widget_type=\"menu-anchor.default\">\n\t\t\t\t<div class=\"elementor-widget-container\">\n\t\t\t\t\t\t\t<div class=\"elementor-menu-anchor\" id=\"b4427\"><\/div>\n\t\t\t\t\t\t<\/div>\n\t\t\t\t<\/div>\n\t\t\t\t<div class=\"elementor-element elementor-element-30b3fc2 elementor-widget elementor-widget-heading\" data-id=\"30b3fc2\" data-element_type=\"widget\" data-e-type=\"widget\" data-widget_type=\"heading.default\">\n\t\t\t\t<div class=\"elementor-widget-container\">\n\t\t\t\t\t<h2 class=\"elementor-heading-title elementor-size-default\">Bases d\u2019informaci\u00f3<\/h2>\t\t\t\t<\/div>\n\t\t\t\t<\/div>\n\t\t\t\t<div class=\"elementor-element elementor-element-04c4b9a elementor-widget elementor-widget-text-editor\" data-id=\"04c4b9a\" data-element_type=\"widget\" data-e-type=\"widget\" data-widget_type=\"text-editor.default\">\n\t\t\t\t<div class=\"elementor-widget-container\">\n\t\t\t\t\t\t\t\t\t<p><strong>Webs<\/strong><\/p><p><a href=\"https:\/\/www.parqueminerodealmaden.es\/index.php?idioma=es\" target=\"_blank\" rel=\"noopener\">institucional<\/a><\/p><p><a href=\"http:\/\/almaden.es\/turismo\/que-visitar\/parque-minero.html\" target=\"_blank\" rel=\"noopener\">almaden<\/a><\/p><p><a href=\"http:\/\/www.turismocastillalamancha.es\/patrimonio\/parque-minero-de-almaden-16661\/descripcion\/\" target=\"_blank\" rel=\"noopener\">turismocastillalamancha<\/a><\/p><p><a href=\"https:\/\/www.mayasa.es\/parque_minero_almaden.aspx#ad-image-0\" target=\"_blank\" rel=\"noopener\">mayasa<\/a><\/p><p><a href=\"http:\/\/www.cuevasturisticas.es\/parque-minero-de-almaden\" target=\"_blank\" rel=\"noopener\">cuevasturisticas<\/a><\/p><p><a href=\"http:\/\/loscaminosdelaplata.com\/?page_id=282\" target=\"_blank\" rel=\"noopener\">loscaminosdelaplata<\/a><\/p><p><a href=\"http:\/\/www.tecnicaindustrial.es\/TIFrontal\/a-555-parque-minero-almaden.aspx\" target=\"_blank\" rel=\"noopener\">tecnicaindustrial<\/a><\/p><p><strong>Webs academic<\/strong><\/p><p>A.M. Hern\u00e1ndez Sobrino, <em><a href=\"http:\/\/www.icog.es\/_portal\/uploads\/pub_tyt\/Tierra%20y%20tecnolog%C3%ADa%2029.pdf\" target=\"_blank\" rel=\"noopener\">Parque Minero de Almad\u00e9n<\/a><\/em><\/p><p>A.M. Hern\u00e1ndez Sobrino, <em><a href=\"http:\/\/dealmaden.com\/CARTA.HTM\" target=\"_blank\" rel=\"noopener\">Carta a un ecologista sueco<\/a><\/em><\/p><p>dealmaden.com, <a href=\"http:\/\/dealmaden.com\/lasminas.htm\" target=\"_blank\" rel=\"noopener\"><em>Las minas de Almad\u00e9n<\/em><\/a><\/p><p>D. Peris, <a href=\"http:\/\/www.diegoperis.com\/almaden-conjunto-historico-ch-clm3\/\" target=\"_blank\" rel=\"noopener\"><em>Almad\u00e9n conjunto hist\u00f3rico<\/em><\/a><\/p><p>M. del C. Ca\u00f1izares Ruiz, <a href=\"https:\/\/revistas.um.es\/turismo\/article\/view\/24971\/24261\" target=\"_blank\" rel=\"noopener\"><em>El atractivo tur\u00edstico de una de las minas de mercurio m\u00e1s importantes del mundo: El Parque Minero de Almad\u00e9n (Ciudad Real)<\/em><\/a><\/p><p>L. Mansilla Plaza, <a href=\"https:\/\/core.ac.uk\/download\/pdf\/83011677.pdf\" target=\"_blank\" rel=\"noopener\"><em>El Parque Minero de Almad\u00e9n. Un modelo de recuperaci\u00f3n del patrimonio minero industrial<\/em><\/a><\/p><p>R. Gil Bautista, <a href=\"https:\/\/rua.ua.es\/dspace\/bitstream\/10045\/24478\/1\/Tesis_Gil.pdf\" target=\"_blank\" rel=\"noopener\"><em>Almad\u00e9n y sus Reales Minas de Azogue en el siglo XVIII<\/em> <\/a>(Tesis Doctoral)<\/p><p>M. Fernanda Fern\u00e1ndez, L. Mansilla Plaza, <a href=\"https:\/\/dialnet.unirioja.es\/descarga\/articulo\/1091202.pdf\" target=\"_blank\" rel=\"noopener\"><em>La Academia de Minas de Almad\u00e9n. Doscientos veinticinco a\u00f1os de historia<\/em><\/a><\/p><p>Sociedad Geol\u00f3gica, <a href=\"http:\/\/www.sociedadgeologica.es\/archivos_pdf\/geolodia18\/guias_geolodia18\/gdia18gui_ciudad_real.pdf\" target=\"_blank\" rel=\"noopener\"><em>La miner\u00eda de la Comarca de Alamad\u00e9n: desde la \u00e9poca romana hasta el siglo XXI<\/em><\/a><\/p><p>El Mercantil, <a href=\"http:\/\/elmercantil.com\/2019\/02\/09\/la-logistica-del-azogue\/\" target=\"_blank\" rel=\"noopener\"><em>La log\u00edstica del azogue<\/em><\/a><\/p><p>R. Sumozas Garc\u00eda-Pardo, <a href=\"https:\/\/books.google.es\/books?id=RoxskTjQdxIC&amp;pg=PA73&amp;dq=urbanismo+almaden&amp;hl=es&amp;sa=X&amp;ved=0ahUKEwjws5Gi3L3oAhWLh1wKHWGaB0wQ6AEIKDAA#v=onepage&amp;q=urbanismo%20almaden&amp;f=false\" target=\"_blank\" rel=\"noopener\"><em>Arquitectura Industrial en Almad\u00e9n: antecedentes, g\u00e9nesis y repercusi\u00f3n del modelo en la miner\u00eda americana<\/em><\/a><\/p><p>V. Mart\u00edn Mart\u00edn, <a href=\"https:\/\/eprints.ucm.es\/52300\/1\/530985368X.pdf\" target=\"_blank\" rel=\"noopener\"><em>Los Rothschild y las minas de Almad\u00e9n : el servicio de la deuda p\u00fablica espa\u00f1ola y la comercializaci\u00f3n del mercurio de Almad\u00e9n<\/em><\/a> (Tesis Doctoral)<\/p><p><strong>Llibre<\/strong><\/p><p>A.M. Hern\u00e1ndez Sobrino, <em>Los mineros del azogue<\/em>, Fundaci\u00f3n Almad\u00e9n-Francisco Javier de Villegas, 2007, 513 pp. (Disponible en la tienda del Parque Minero de Almad\u00e9n)<\/p>\t\t\t\t\t\t\t\t<\/div>\n\t\t\t\t<\/div>\n\t\t\t\t\t<\/div>\n\t\t<\/div>\n\t\t\t\t\t<\/div>\n\t\t<\/section>\n\t\t\t\t<\/div>\n\t\t","protected":false},"excerpt":{"rendered":"<p>El Parc Miner d&#8217;Almad\u00e9n (Ciudad Real) est\u00e0 format pel conjunt de les mines de cinabri i de les instal\u00b7lacions d&#8217;obtenci\u00f3 de azogue (mercuri). La seva import\u00e0ncia hist\u00f2rica ha merescut la &#8230; <a title=\"Parc Miner d\u2019Almad\u00e9n (Ciudad Real)\" class=\"read-more\" href=\"https:\/\/www.elturistatranquil.com\/ca\/parc-miner-dalmaden-ciudad-real\/\" aria-label=\"M\u00e9s informaci\u00f3 sobre Parc Miner d\u2019Almad\u00e9n (Ciudad Real)\">[ &#8230; ]<\/a><\/p>\n","protected":false},"author":1,"featured_media":29692,"comment_status":"open","ping_status":"closed","sticky":false,"template":"","format":"standard","meta":{"footnotes":""},"categories":[188,145,83,86,87,69,208,103,139,106,107,110],"tags":[],"class_list":["post-29885","post","type-post","status-publish","format-standard","has-post-thumbnail","hentry","category-ciudad-real-ca","category-edat-mitjana","category-historia-ca","category-islamic","category-joies-al-territori","category-arqueologia-industrial-ca","category-patrimoni-mundial","category-roma","category-segle-xvi-xvii","category-segle-xviii-xix","category-segle-xx-xxi","category-vila","infinite-scroll-item","generate-columns","tablet-grid-50","mobile-grid-100","grid-parent","grid-50","no-featured-image-padding"],"yoast_head":"<!-- This site is optimized with the Yoast SEO plugin v27.4 - https:\/\/yoast.com\/product\/yoast-seo-wordpress\/ -->\n<title>Parc Miner d\u2019Almad\u00e9n (Ciudad Real) - El turista tranquil<\/title>\n<meta name=\"description\" content=\"El Parc Miner d&#039;Almad\u00e9n (Ciudad Real) est\u00e0 format pel conjunt de les mines de cinabri i de les instal\u00b7lacions d&#039;obtenci\u00f3 de azogue (mercuri). La seva import\u00e0ncia hist\u00f2rica ha merescut la seva catalogaci\u00f3 com a Patrimoni de la Humanitat conjuntament amb Idria (Eslov\u00e8nia).\" \/>\n<meta name=\"robots\" content=\"index, follow, max-snippet:-1, max-image-preview:large, max-video-preview:-1\" \/>\n<link rel=\"canonical\" href=\"https:\/\/www.elturistatranquil.com\/ca\/parc-miner-dalmaden-ciudad-real\/\" \/>\n<meta property=\"og:locale\" content=\"ca_ES\" \/>\n<meta property=\"og:type\" content=\"article\" \/>\n<meta property=\"og:title\" content=\"Parc Miner d\u2019Almad\u00e9n (Ciudad Real) - El turista tranquil\" \/>\n<meta property=\"og:description\" content=\"El Parc Miner d&#039;Almad\u00e9n (Ciudad Real) est\u00e0 format pel conjunt de les mines de cinabri i de les instal\u00b7lacions d&#039;obtenci\u00f3 de azogue (mercuri). La seva import\u00e0ncia hist\u00f2rica ha merescut la seva catalogaci\u00f3 com a Patrimoni de la Humanitat conjuntament amb Idria (Eslov\u00e8nia).\" \/>\n<meta property=\"og:url\" content=\"https:\/\/www.elturistatranquil.com\/ca\/parc-miner-dalmaden-ciudad-real\/\" \/>\n<meta property=\"og:site_name\" content=\"El turista tranquil\" \/>\n<meta property=\"article:publisher\" content=\"https:\/\/www.facebook.com\/elturistatranquilo\/\" \/>\n<meta property=\"article:published_time\" content=\"2020-04-02T14:43:41+00:00\" \/>\n<meta property=\"article:modified_time\" content=\"2020-04-28T07:23:30+00:00\" \/>\n<meta property=\"og:image\" content=\"https:\/\/www.elturistatranquil.com\/wp-content\/uploads\/F01-Parque-minero-de-Almaden.jpg\" \/>\n\t<meta property=\"og:image:width\" content=\"768\" \/>\n\t<meta property=\"og:image:height\" content=\"511\" \/>\n\t<meta property=\"og:image:type\" content=\"image\/jpeg\" \/>\n<meta name=\"author\" content=\"admin\" \/>\n<meta name=\"twitter:card\" content=\"summary_large_image\" \/>\n<meta name=\"twitter:label1\" content=\"Escrit per\" \/>\n\t<meta name=\"twitter:data1\" content=\"admin\" \/>\n\t<meta name=\"twitter:label2\" content=\"Temps estimat de lectura\" \/>\n\t<meta name=\"twitter:data2\" content=\"36 minuts\" \/>\n<script type=\"application\/ld+json\" class=\"yoast-schema-graph\">{\"@context\":\"https:\\\/\\\/schema.org\",\"@graph\":[{\"@type\":\"Article\",\"@id\":\"https:\\\/\\\/www.elturistatranquil.com\\\/ca\\\/parc-miner-dalmaden-ciudad-real\\\/#article\",\"isPartOf\":{\"@id\":\"https:\\\/\\\/www.elturistatranquil.com\\\/ca\\\/parc-miner-dalmaden-ciudad-real\\\/\"},\"author\":{\"name\":\"admin\",\"@id\":\"https:\\\/\\\/www.elturistatranquil.com\\\/ca\\\/#\\\/schema\\\/person\\\/16f607c3079b96ed0c530a52e6b58bb5\"},\"headline\":\"Parc Miner d\u2019Almad\u00e9n (Ciudad Real)\",\"datePublished\":\"2020-04-02T14:43:41+00:00\",\"dateModified\":\"2020-04-28T07:23:30+00:00\",\"mainEntityOfPage\":{\"@id\":\"https:\\\/\\\/www.elturistatranquil.com\\\/ca\\\/parc-miner-dalmaden-ciudad-real\\\/\"},\"wordCount\":7550,\"commentCount\":0,\"image\":{\"@id\":\"https:\\\/\\\/www.elturistatranquil.com\\\/ca\\\/parc-miner-dalmaden-ciudad-real\\\/#primaryimage\"},\"thumbnailUrl\":\"https:\\\/\\\/www.elturistatranquil.com\\\/wp-content\\\/uploads\\\/F01-Parque-minero-de-Almaden.jpg\",\"articleSection\":[\"Ciudad Real\",\"Edat mitjana\",\"Hist\u00f2ria\",\"Isl\u00e0mic\",\"Joies al territori\",\"Patrimoni econ\u00f2mic\\\/productiu\",\"Patrimoni mundial\",\"Rom\u00e0\",\"Segle XVI-XVII\",\"Segle XVIII-XIX\",\"Segle XX-XXI\",\"Vila\"],\"inLanguage\":\"ca\",\"potentialAction\":[{\"@type\":\"CommentAction\",\"name\":\"Comment\",\"target\":[\"https:\\\/\\\/www.elturistatranquil.com\\\/ca\\\/parc-miner-dalmaden-ciudad-real\\\/#respond\"]}]},{\"@type\":\"WebPage\",\"@id\":\"https:\\\/\\\/www.elturistatranquil.com\\\/ca\\\/parc-miner-dalmaden-ciudad-real\\\/\",\"url\":\"https:\\\/\\\/www.elturistatranquil.com\\\/ca\\\/parc-miner-dalmaden-ciudad-real\\\/\",\"name\":\"Parc Miner d\u2019Almad\u00e9n (Ciudad Real) - El turista tranquil\",\"isPartOf\":{\"@id\":\"https:\\\/\\\/www.elturistatranquil.com\\\/ca\\\/#website\"},\"primaryImageOfPage\":{\"@id\":\"https:\\\/\\\/www.elturistatranquil.com\\\/ca\\\/parc-miner-dalmaden-ciudad-real\\\/#primaryimage\"},\"image\":{\"@id\":\"https:\\\/\\\/www.elturistatranquil.com\\\/ca\\\/parc-miner-dalmaden-ciudad-real\\\/#primaryimage\"},\"thumbnailUrl\":\"https:\\\/\\\/www.elturistatranquil.com\\\/wp-content\\\/uploads\\\/F01-Parque-minero-de-Almaden.jpg\",\"datePublished\":\"2020-04-02T14:43:41+00:00\",\"dateModified\":\"2020-04-28T07:23:30+00:00\",\"author\":{\"@id\":\"https:\\\/\\\/www.elturistatranquil.com\\\/ca\\\/#\\\/schema\\\/person\\\/16f607c3079b96ed0c530a52e6b58bb5\"},\"description\":\"El Parc Miner d'Almad\u00e9n (Ciudad Real) est\u00e0 format pel conjunt de les mines de cinabri i de les instal\u00b7lacions d'obtenci\u00f3 de azogue (mercuri). La seva import\u00e0ncia hist\u00f2rica ha merescut la seva catalogaci\u00f3 com a Patrimoni de la Humanitat conjuntament amb Idria (Eslov\u00e8nia).\",\"breadcrumb\":{\"@id\":\"https:\\\/\\\/www.elturistatranquil.com\\\/ca\\\/parc-miner-dalmaden-ciudad-real\\\/#breadcrumb\"},\"inLanguage\":\"ca\",\"potentialAction\":[{\"@type\":\"ReadAction\",\"target\":[\"https:\\\/\\\/www.elturistatranquil.com\\\/ca\\\/parc-miner-dalmaden-ciudad-real\\\/\"]}]},{\"@type\":\"ImageObject\",\"inLanguage\":\"ca\",\"@id\":\"https:\\\/\\\/www.elturistatranquil.com\\\/ca\\\/parc-miner-dalmaden-ciudad-real\\\/#primaryimage\",\"url\":\"https:\\\/\\\/www.elturistatranquil.com\\\/wp-content\\\/uploads\\\/F01-Parque-minero-de-Almaden.jpg\",\"contentUrl\":\"https:\\\/\\\/www.elturistatranquil.com\\\/wp-content\\\/uploads\\\/F01-Parque-minero-de-Almaden.jpg\",\"width\":768,\"height\":511,\"caption\":\"Parque minero de Almaden\"},{\"@type\":\"BreadcrumbList\",\"@id\":\"https:\\\/\\\/www.elturistatranquil.com\\\/ca\\\/parc-miner-dalmaden-ciudad-real\\\/#breadcrumb\",\"itemListElement\":[{\"@type\":\"ListItem\",\"position\":1,\"name\":\"Portada\",\"item\":\"https:\\\/\\\/www.elturistatranquil.com\\\/ca\\\/\"},{\"@type\":\"ListItem\",\"position\":2,\"name\":\"Parc Miner d\u2019Almad\u00e9n (Ciudad Real)\"}]},{\"@type\":\"WebSite\",\"@id\":\"https:\\\/\\\/www.elturistatranquil.com\\\/ca\\\/#website\",\"url\":\"https:\\\/\\\/www.elturistatranquil.com\\\/ca\\\/\",\"name\":\"El turista tranquil\",\"description\":\"Blog de viatges\",\"potentialAction\":[{\"@type\":\"SearchAction\",\"target\":{\"@type\":\"EntryPoint\",\"urlTemplate\":\"https:\\\/\\\/www.elturistatranquil.com\\\/ca\\\/?s={search_term_string}\"},\"query-input\":{\"@type\":\"PropertyValueSpecification\",\"valueRequired\":true,\"valueName\":\"search_term_string\"}}],\"inLanguage\":\"ca\"},{\"@type\":\"Person\",\"@id\":\"https:\\\/\\\/www.elturistatranquil.com\\\/ca\\\/#\\\/schema\\\/person\\\/16f607c3079b96ed0c530a52e6b58bb5\",\"name\":\"admin\",\"image\":{\"@type\":\"ImageObject\",\"inLanguage\":\"ca\",\"@id\":\"https:\\\/\\\/secure.gravatar.com\\\/avatar\\\/1fbaf22aee75fcbb29a2f97b107f95d25d3a19b7c3416105be10269872673e8d?s=96&d=mm&r=g\",\"url\":\"https:\\\/\\\/secure.gravatar.com\\\/avatar\\\/1fbaf22aee75fcbb29a2f97b107f95d25d3a19b7c3416105be10269872673e8d?s=96&d=mm&r=g\",\"contentUrl\":\"https:\\\/\\\/secure.gravatar.com\\\/avatar\\\/1fbaf22aee75fcbb29a2f97b107f95d25d3a19b7c3416105be10269872673e8d?s=96&d=mm&r=g\",\"caption\":\"admin\"}}]}<\/script>\n<!-- \/ Yoast SEO plugin. -->","yoast_head_json":{"title":"Parc Miner d\u2019Almad\u00e9n (Ciudad Real) - El turista tranquil","description":"El Parc Miner d'Almad\u00e9n (Ciudad Real) est\u00e0 format pel conjunt de les mines de cinabri i de les instal\u00b7lacions d'obtenci\u00f3 de azogue (mercuri). La seva import\u00e0ncia hist\u00f2rica ha merescut la seva catalogaci\u00f3 com a Patrimoni de la Humanitat conjuntament amb Idria (Eslov\u00e8nia).","robots":{"index":"index","follow":"follow","max-snippet":"max-snippet:-1","max-image-preview":"max-image-preview:large","max-video-preview":"max-video-preview:-1"},"canonical":"https:\/\/www.elturistatranquil.com\/ca\/parc-miner-dalmaden-ciudad-real\/","og_locale":"ca_ES","og_type":"article","og_title":"Parc Miner d\u2019Almad\u00e9n (Ciudad Real) - El turista tranquil","og_description":"El Parc Miner d'Almad\u00e9n (Ciudad Real) est\u00e0 format pel conjunt de les mines de cinabri i de les instal\u00b7lacions d'obtenci\u00f3 de azogue (mercuri). La seva import\u00e0ncia hist\u00f2rica ha merescut la seva catalogaci\u00f3 com a Patrimoni de la Humanitat conjuntament amb Idria (Eslov\u00e8nia).","og_url":"https:\/\/www.elturistatranquil.com\/ca\/parc-miner-dalmaden-ciudad-real\/","og_site_name":"El turista tranquil","article_publisher":"https:\/\/www.facebook.com\/elturistatranquilo\/","article_published_time":"2020-04-02T14:43:41+00:00","article_modified_time":"2020-04-28T07:23:30+00:00","og_image":[{"width":768,"height":511,"url":"https:\/\/www.elturistatranquil.com\/wp-content\/uploads\/F01-Parque-minero-de-Almaden.jpg","type":"image\/jpeg"}],"author":"admin","twitter_card":"summary_large_image","twitter_misc":{"Escrit per":"admin","Temps estimat de lectura":"36 minuts"},"schema":{"@context":"https:\/\/schema.org","@graph":[{"@type":"Article","@id":"https:\/\/www.elturistatranquil.com\/ca\/parc-miner-dalmaden-ciudad-real\/#article","isPartOf":{"@id":"https:\/\/www.elturistatranquil.com\/ca\/parc-miner-dalmaden-ciudad-real\/"},"author":{"name":"admin","@id":"https:\/\/www.elturistatranquil.com\/ca\/#\/schema\/person\/16f607c3079b96ed0c530a52e6b58bb5"},"headline":"Parc Miner d\u2019Almad\u00e9n (Ciudad Real)","datePublished":"2020-04-02T14:43:41+00:00","dateModified":"2020-04-28T07:23:30+00:00","mainEntityOfPage":{"@id":"https:\/\/www.elturistatranquil.com\/ca\/parc-miner-dalmaden-ciudad-real\/"},"wordCount":7550,"commentCount":0,"image":{"@id":"https:\/\/www.elturistatranquil.com\/ca\/parc-miner-dalmaden-ciudad-real\/#primaryimage"},"thumbnailUrl":"https:\/\/www.elturistatranquil.com\/wp-content\/uploads\/F01-Parque-minero-de-Almaden.jpg","articleSection":["Ciudad Real","Edat mitjana","Hist\u00f2ria","Isl\u00e0mic","Joies al territori","Patrimoni econ\u00f2mic\/productiu","Patrimoni mundial","Rom\u00e0","Segle XVI-XVII","Segle XVIII-XIX","Segle XX-XXI","Vila"],"inLanguage":"ca","potentialAction":[{"@type":"CommentAction","name":"Comment","target":["https:\/\/www.elturistatranquil.com\/ca\/parc-miner-dalmaden-ciudad-real\/#respond"]}]},{"@type":"WebPage","@id":"https:\/\/www.elturistatranquil.com\/ca\/parc-miner-dalmaden-ciudad-real\/","url":"https:\/\/www.elturistatranquil.com\/ca\/parc-miner-dalmaden-ciudad-real\/","name":"Parc Miner d\u2019Almad\u00e9n (Ciudad Real) - El turista tranquil","isPartOf":{"@id":"https:\/\/www.elturistatranquil.com\/ca\/#website"},"primaryImageOfPage":{"@id":"https:\/\/www.elturistatranquil.com\/ca\/parc-miner-dalmaden-ciudad-real\/#primaryimage"},"image":{"@id":"https:\/\/www.elturistatranquil.com\/ca\/parc-miner-dalmaden-ciudad-real\/#primaryimage"},"thumbnailUrl":"https:\/\/www.elturistatranquil.com\/wp-content\/uploads\/F01-Parque-minero-de-Almaden.jpg","datePublished":"2020-04-02T14:43:41+00:00","dateModified":"2020-04-28T07:23:30+00:00","author":{"@id":"https:\/\/www.elturistatranquil.com\/ca\/#\/schema\/person\/16f607c3079b96ed0c530a52e6b58bb5"},"description":"El Parc Miner d'Almad\u00e9n (Ciudad Real) est\u00e0 format pel conjunt de les mines de cinabri i de les instal\u00b7lacions d'obtenci\u00f3 de azogue (mercuri). La seva import\u00e0ncia hist\u00f2rica ha merescut la seva catalogaci\u00f3 com a Patrimoni de la Humanitat conjuntament amb Idria (Eslov\u00e8nia).","breadcrumb":{"@id":"https:\/\/www.elturistatranquil.com\/ca\/parc-miner-dalmaden-ciudad-real\/#breadcrumb"},"inLanguage":"ca","potentialAction":[{"@type":"ReadAction","target":["https:\/\/www.elturistatranquil.com\/ca\/parc-miner-dalmaden-ciudad-real\/"]}]},{"@type":"ImageObject","inLanguage":"ca","@id":"https:\/\/www.elturistatranquil.com\/ca\/parc-miner-dalmaden-ciudad-real\/#primaryimage","url":"https:\/\/www.elturistatranquil.com\/wp-content\/uploads\/F01-Parque-minero-de-Almaden.jpg","contentUrl":"https:\/\/www.elturistatranquil.com\/wp-content\/uploads\/F01-Parque-minero-de-Almaden.jpg","width":768,"height":511,"caption":"Parque minero de Almaden"},{"@type":"BreadcrumbList","@id":"https:\/\/www.elturistatranquil.com\/ca\/parc-miner-dalmaden-ciudad-real\/#breadcrumb","itemListElement":[{"@type":"ListItem","position":1,"name":"Portada","item":"https:\/\/www.elturistatranquil.com\/ca\/"},{"@type":"ListItem","position":2,"name":"Parc Miner d\u2019Almad\u00e9n (Ciudad Real)"}]},{"@type":"WebSite","@id":"https:\/\/www.elturistatranquil.com\/ca\/#website","url":"https:\/\/www.elturistatranquil.com\/ca\/","name":"El turista tranquil","description":"Blog de viatges","potentialAction":[{"@type":"SearchAction","target":{"@type":"EntryPoint","urlTemplate":"https:\/\/www.elturistatranquil.com\/ca\/?s={search_term_string}"},"query-input":{"@type":"PropertyValueSpecification","valueRequired":true,"valueName":"search_term_string"}}],"inLanguage":"ca"},{"@type":"Person","@id":"https:\/\/www.elturistatranquil.com\/ca\/#\/schema\/person\/16f607c3079b96ed0c530a52e6b58bb5","name":"admin","image":{"@type":"ImageObject","inLanguage":"ca","@id":"https:\/\/secure.gravatar.com\/avatar\/1fbaf22aee75fcbb29a2f97b107f95d25d3a19b7c3416105be10269872673e8d?s=96&d=mm&r=g","url":"https:\/\/secure.gravatar.com\/avatar\/1fbaf22aee75fcbb29a2f97b107f95d25d3a19b7c3416105be10269872673e8d?s=96&d=mm&r=g","contentUrl":"https:\/\/secure.gravatar.com\/avatar\/1fbaf22aee75fcbb29a2f97b107f95d25d3a19b7c3416105be10269872673e8d?s=96&d=mm&r=g","caption":"admin"}}]}},"_links":{"self":[{"href":"https:\/\/www.elturistatranquil.com\/ca\/wp-json\/wp\/v2\/posts\/29885","targetHints":{"allow":["GET"]}}],"collection":[{"href":"https:\/\/www.elturistatranquil.com\/ca\/wp-json\/wp\/v2\/posts"}],"about":[{"href":"https:\/\/www.elturistatranquil.com\/ca\/wp-json\/wp\/v2\/types\/post"}],"author":[{"embeddable":true,"href":"https:\/\/www.elturistatranquil.com\/ca\/wp-json\/wp\/v2\/users\/1"}],"replies":[{"embeddable":true,"href":"https:\/\/www.elturistatranquil.com\/ca\/wp-json\/wp\/v2\/comments?post=29885"}],"version-history":[{"count":5,"href":"https:\/\/www.elturistatranquil.com\/ca\/wp-json\/wp\/v2\/posts\/29885\/revisions"}],"predecessor-version":[{"id":30511,"href":"https:\/\/www.elturistatranquil.com\/ca\/wp-json\/wp\/v2\/posts\/29885\/revisions\/30511"}],"wp:featuredmedia":[{"embeddable":true,"href":"https:\/\/www.elturistatranquil.com\/ca\/wp-json\/wp\/v2\/media\/29692"}],"wp:attachment":[{"href":"https:\/\/www.elturistatranquil.com\/ca\/wp-json\/wp\/v2\/media?parent=29885"}],"wp:term":[{"taxonomy":"category","embeddable":true,"href":"https:\/\/www.elturistatranquil.com\/ca\/wp-json\/wp\/v2\/categories?post=29885"},{"taxonomy":"post_tag","embeddable":true,"href":"https:\/\/www.elturistatranquil.com\/ca\/wp-json\/wp\/v2\/tags?post=29885"}],"curies":[{"name":"wp","href":"https:\/\/api.w.org\/{rel}","templated":true}]}}