{"id":30259,"date":"2020-05-02T10:28:25","date_gmt":"2020-05-02T08:28:25","guid":{"rendered":"https:\/\/www.elturistatranquil.com\/?p=30259"},"modified":"2020-05-13T11:40:29","modified_gmt":"2020-05-13T09:40:29","slug":"escultures-als-jardins-de-cap-roig-girona","status":"publish","type":"post","link":"https:\/\/www.elturistatranquil.com\/ca\/escultures-als-jardins-de-cap-roig-girona\/","title":{"rendered":"Escultures als Jardins de Cap Roig (Girona)"},"content":{"rendered":"\t\t<div data-elementor-type=\"wp-post\" data-elementor-id=\"30259\" class=\"elementor elementor-30259 elementor-30094\" data-elementor-post-type=\"post\">\n\t\t\t\t\t\t<section class=\"elementor-section elementor-top-section elementor-element elementor-element-80e651d elementor-section-boxed elementor-section-height-default elementor-section-height-default\" data-id=\"80e651d\" data-element_type=\"section\" data-e-type=\"section\">\n\t\t\t\t\t\t<div class=\"elementor-container elementor-column-gap-default\">\n\t\t\t\t\t<div class=\"elementor-column elementor-col-100 elementor-top-column elementor-element elementor-element-e129fe5\" data-id=\"e129fe5\" data-element_type=\"column\" data-e-type=\"column\">\n\t\t\t<div class=\"elementor-widget-wrap elementor-element-populated\">\n\t\t\t\t\t\t<section class=\"elementor-section elementor-inner-section elementor-element elementor-element-230e7a1d elementor-section-content-middle elementor-section-boxed elementor-section-height-default elementor-section-height-default\" data-id=\"230e7a1d\" data-element_type=\"section\" data-e-type=\"section\">\n\t\t\t\t\t\t<div class=\"elementor-container elementor-column-gap-default\">\n\t\t\t\t\t<div class=\"elementor-column elementor-col-100 elementor-inner-column elementor-element elementor-element-687add29\" data-id=\"687add29\" data-element_type=\"column\" data-e-type=\"column\">\n\t\t\t<div class=\"elementor-widget-wrap elementor-element-populated\">\n\t\t\t\t\t\t<div class=\"elementor-element elementor-element-53be981b elementor-widget elementor-widget-text-editor\" data-id=\"53be981b\" data-element_type=\"widget\" data-e-type=\"widget\" data-widget_type=\"text-editor.default\">\n\t\t\t\t<div class=\"elementor-widget-container\">\n\t\t\t\t\t\t\t\t\t<p>La proposta de visita als <em>Jardins de Cap Roig y la mostra d\u2019escultures<\/em> (Calella de Palafrugell, Girona) posa en contacte la bellesa del paisatge de la Costa Brava amb l\u2019art escult\u00f2ric contemporani.<\/p>\t\t\t\t\t\t\t\t<\/div>\n\t\t\t\t<\/div>\n\t\t\t\t\t<\/div>\n\t\t<\/div>\n\t\t\t\t\t<\/div>\n\t\t<\/section>\n\t\t\t\t<div class=\"elementor-element elementor-element-2b7ee874 elementor-widget elementor-widget-heading\" data-id=\"2b7ee874\" data-element_type=\"widget\" data-e-type=\"widget\" data-widget_type=\"heading.default\">\n\t\t\t\t<div class=\"elementor-widget-container\">\n\t\t\t\t\t<h1 class=\"elementor-heading-title elementor-size-default\">Escultures als Jardins de Cap Roig (Girona)<\/h1>\t\t\t\t<\/div>\n\t\t\t\t<\/div>\n\t\t\t\t\t<\/div>\n\t\t<\/div>\n\t\t\t\t\t<\/div>\n\t\t<\/section>\n\t\t\t\t<section class=\"elementor-section elementor-top-section elementor-element elementor-element-e51c9e0 elementor-section-boxed elementor-section-height-default elementor-section-height-default\" data-id=\"e51c9e0\" data-element_type=\"section\" data-e-type=\"section\">\n\t\t\t\t\t\t<div class=\"elementor-container elementor-column-gap-default\">\n\t\t\t\t\t<div class=\"elementor-column elementor-col-100 elementor-top-column elementor-element elementor-element-17fd2c58\" data-id=\"17fd2c58\" data-element_type=\"column\" data-e-type=\"column\">\n\t\t\t<div class=\"elementor-widget-wrap elementor-element-populated\">\n\t\t\t\t\t\t<div class=\"elementor-element elementor-element-2389dc1f elementor-widget elementor-widget-image\" data-id=\"2389dc1f\" data-element_type=\"widget\" data-e-type=\"widget\" data-widget_type=\"image.default\">\n\t\t\t\t<div class=\"elementor-widget-container\">\n\t\t\t\t\t\t\t\t\t\t\t\t<figure class=\"wp-caption\">\n\t\t\t\t\t\t\t\t\t\t<img fetchpriority=\"high\" decoding=\"async\" width=\"768\" height=\"511\" src=\"https:\/\/www.elturistatranquil.com\/wp-content\/uploads\/F01-Jardins-de-Cap-Roig-Calella-de-Palafrugell.jpg\" class=\"attachment-large size-large wp-image-30104\" alt=\"Jardins de Cap Roig Calella de Palafrugell\" srcset=\"https:\/\/www.elturistatranquil.com\/wp-content\/uploads\/F01-Jardins-de-Cap-Roig-Calella-de-Palafrugell.jpg 768w, https:\/\/www.elturistatranquil.com\/wp-content\/uploads\/F01-Jardins-de-Cap-Roig-Calella-de-Palafrugell-339x226.jpg 339w\" sizes=\"(max-width: 768px) 100vw, 768px\" \/>\t\t\t\t\t\t\t\t\t\t\t<figcaption class=\"widget-image-caption wp-caption-text\"><\/figcaption>\n\t\t\t\t\t\t\t\t\t\t<\/figure>\n\t\t\t\t\t\t\t\t\t<\/div>\n\t\t\t\t<\/div>\n\t\t\t\t<div class=\"elementor-element elementor-element-2a70b00a elementor-widget elementor-widget-spacer\" data-id=\"2a70b00a\" data-element_type=\"widget\" data-e-type=\"widget\" data-widget_type=\"spacer.default\">\n\t\t\t\t<div class=\"elementor-widget-container\">\n\t\t\t\t\t\t\t<div class=\"elementor-spacer\">\n\t\t\t<div class=\"elementor-spacer-inner\"><\/div>\n\t\t<\/div>\n\t\t\t\t\t\t<\/div>\n\t\t\t\t<\/div>\n\t\t\t\t<div class=\"elementor-element elementor-element-2c3db065 elementor-widget elementor-widget-heading\" data-id=\"2c3db065\" data-element_type=\"widget\" data-e-type=\"widget\" data-widget_type=\"heading.default\">\n\t\t\t\t<div class=\"elementor-widget-container\">\n\t\t\t\t\t<h2 class=\"elementor-heading-title elementor-size-default\">Escultures als Jardins de Cap Roig. Calella de Palafrugell. Baix Empord\u00e0. Girona<\/h2>\t\t\t\t<\/div>\n\t\t\t\t<\/div>\n\t\t\t\t<section class=\"elementor-section elementor-inner-section elementor-element elementor-element-5776edf0 elementor-section-boxed elementor-section-height-default elementor-section-height-default\" data-id=\"5776edf0\" data-element_type=\"section\" data-e-type=\"section\" data-settings=\"{&quot;background_background&quot;:&quot;classic&quot;}\">\n\t\t\t\t\t\t\t<div class=\"elementor-background-overlay\"><\/div>\n\t\t\t\t\t\t\t<div class=\"elementor-container elementor-column-gap-default\">\n\t\t\t\t\t<div class=\"elementor-column elementor-col-100 elementor-inner-column elementor-element elementor-element-73ea88ed\" data-id=\"73ea88ed\" data-element_type=\"column\" data-e-type=\"column\" data-settings=\"{&quot;background_background&quot;:&quot;classic&quot;}\">\n\t\t\t<div class=\"elementor-widget-wrap elementor-element-populated\">\n\t\t\t\t\t\t<div class=\"elementor-element elementor-element-58994711 elementor-widget elementor-widget-text-editor\" data-id=\"58994711\" data-element_type=\"widget\" data-e-type=\"widget\" data-widget_type=\"text-editor.default\">\n\t\t\t\t<div class=\"elementor-widget-container\">\n\t\t\t\t\t\t\t\t\t<p>Localitat: Calella de Palafrugell. Municipis: Palafrugell i Mont-ras. Comarca: Baix Empord\u00e0. Prov\u00edncia: Girona.\u00a0 Com. Aut\u00f2noma: Catalunya<\/p><p>Coordenades: 41\u00b052\u203234\u2033N 3\u00b010\u203231\u2033E. Altitud:\u00a0 86 msnm.<\/p><p>Web: <a href=\"https:\/\/obrasociallacaixa.org\/ca\/web\/guest\/jardins-cap-roig-natura-art-cultura\" target=\"_blank\" rel=\"noopener\">obrasociallacaixa<\/a><\/p><p>Visita: 2019<\/p>\t\t\t\t\t\t\t\t<\/div>\n\t\t\t\t<\/div>\n\t\t\t\t\t<\/div>\n\t\t<\/div>\n\t\t\t\t\t<\/div>\n\t\t<\/section>\n\t\t\t\t<div class=\"elementor-element elementor-element-1f2177a3 elementor-widget elementor-widget-image\" data-id=\"1f2177a3\" data-element_type=\"widget\" data-e-type=\"widget\" data-widget_type=\"image.default\">\n\t\t\t\t<div class=\"elementor-widget-container\">\n\t\t\t\t\t\t\t\t\t\t\t\t<figure class=\"wp-caption\">\n\t\t\t\t\t\t\t\t\t\t<img decoding=\"async\" width=\"768\" height=\"512\" src=\"https:\/\/www.elturistatranquil.com\/wp-content\/uploads\/F02ca-Jardins-de-Cap-Roig-Calella-de-Palafrugell-Google-maps-2020-04-06.jpg\" class=\"attachment-medium_large size-medium_large wp-image-30261\" alt=\"Jardins de Cap Roig Calella de Palafrugell (Google maps 2020-04-06)\" srcset=\"https:\/\/www.elturistatranquil.com\/wp-content\/uploads\/F02ca-Jardins-de-Cap-Roig-Calella-de-Palafrugell-Google-maps-2020-04-06.jpg 768w, https:\/\/www.elturistatranquil.com\/wp-content\/uploads\/F02ca-Jardins-de-Cap-Roig-Calella-de-Palafrugell-Google-maps-2020-04-06-339x226.jpg 339w\" sizes=\"(max-width: 768px) 100vw, 768px\" \/>\t\t\t\t\t\t\t\t\t\t\t<figcaption class=\"widget-image-caption wp-caption-text\">Mapa de situaci\u00f3 dels Jardins de Cap Roig (Google maps 2020-04-06)<\/figcaption>\n\t\t\t\t\t\t\t\t\t\t<\/figure>\n\t\t\t\t\t\t\t\t\t<\/div>\n\t\t\t\t<\/div>\n\t\t\t\t<section class=\"elementor-section elementor-inner-section elementor-element elementor-element-5f6a57ea elementor-section-boxed elementor-section-height-default elementor-section-height-default\" data-id=\"5f6a57ea\" data-element_type=\"section\" data-e-type=\"section\" data-settings=\"{&quot;background_background&quot;:&quot;classic&quot;}\">\n\t\t\t\t\t\t<div class=\"elementor-container elementor-column-gap-default\">\n\t\t\t\t\t<div class=\"elementor-column elementor-col-100 elementor-inner-column elementor-element elementor-element-4a1130ec\" data-id=\"4a1130ec\" data-element_type=\"column\" data-e-type=\"column\">\n\t\t\t<div class=\"elementor-widget-wrap elementor-element-populated\">\n\t\t\t\t\t\t<div class=\"elementor-element elementor-element-2c5d23f7 elementor-widget elementor-widget-text-editor\" data-id=\"2c5d23f7\" data-element_type=\"widget\" data-e-type=\"widget\" data-widget_type=\"text-editor.default\">\n\t\t\t\t<div class=\"elementor-widget-container\">\n\t\t\t\t\t\t\t\t\t<p style=\"text-align: center;\"><strong>\u00cdndex<\/strong><\/p>\t\t\t\t\t\t\t\t<\/div>\n\t\t\t\t<\/div>\n\t\t\t\t<div class=\"elementor-element elementor-element-4a7f6d12 elementor-widget elementor-widget-text-editor\" data-id=\"4a7f6d12\" data-element_type=\"widget\" data-e-type=\"widget\" data-widget_type=\"text-editor.default\">\n\t\t\t\t<div class=\"elementor-widget-container\">\n\t\t\t\t\t\t\t\t\t<p><a href=\"https:\/\/www.elturistatranquil.com\/ca\/escultures-als-jardins-de-cap-roig-girona\/#b4501\">Escultures als Jardins de Cap Roig, Calella de Palafrugell, Baix Empord\u00e0, Girona<\/a><\/p><p><a href=\"https:\/\/www.elturistatranquil.com\/ca\/escultures-als-jardins-de-cap-roig-girona\/#b4502\">El Castell de Cap Roig<\/a><\/p><p><a href=\"https:\/\/www.elturistatranquil.com\/ca\/escultures-als-jardins-de-cap-roig-girona\/#b4503\">Recorregut pel Jard\u00ed Bot\u00e0nic i la mostra d&#8217;escultures<\/a><\/p><p style=\"padding-left: 80px;\"><a href=\"https:\/\/www.elturistatranquil.com\/ca\/escultures-als-jardins-de-cap-roig-girona\/#b4504\">El Poblat<\/a><\/p><p style=\"padding-left: 80px;\"><a href=\"https:\/\/www.elturistatranquil.com\/ca\/escultures-als-jardins-de-cap-roig-girona\/#b4505\">Cam\u00ed del Castell<\/a><\/p><p style=\"padding-left: 80px;\"><a href=\"https:\/\/www.elturistatranquil.com\/ca\/escultures-als-jardins-de-cap-roig-girona\/#b4506\">Vial del Festival<\/a><\/p><p style=\"padding-left: 80px;\"><a href=\"https:\/\/www.elturistatranquil.com\/ca\/escultures-als-jardins-de-cap-roig-girona\/#b4507\">Pla\u00e7a del Castell<\/a><\/p><p style=\"padding-left: 80px;\"><a href=\"https:\/\/www.elturistatranquil.com\/ca\/escultures-als-jardins-de-cap-roig-girona\/#b4508\">Les terrasses<\/a><\/p><p style=\"padding-left: 80px;\"><a href=\"https:\/\/www.elturistatranquil.com\/ca\/escultures-als-jardins-de-cap-roig-girona\/#b4509\">Els jardins sobre el mar<\/a><\/p><p style=\"padding-left: 80px;\"><a href=\"https:\/\/www.elturistatranquil.com\/ca\/escultures-als-jardins-de-cap-roig-girona\/#b4510\">Jard\u00ed dels Cactus<\/a><\/p><p style=\"padding-left: 80px;\"><a href=\"https:\/\/www.elturistatranquil.com\/ca\/escultures-als-jardins-de-cap-roig-girona\/#b4511\">Mirador de les Formigues<\/a><\/p><p style=\"padding-left: 80px;\"><a href=\"https:\/\/www.elturistatranquil.com\/ca\/escultures-als-jardins-de-cap-roig-girona\/#b4512\">Mirador de la Lady<\/a><\/p><p style=\"padding-left: 80px;\"><a href=\"https:\/\/www.elturistatranquil.com\/ca\/escultures-als-jardins-de-cap-roig-girona\/#b4513\">Passeig de les Torres<\/a><\/p><p><a href=\"https:\/\/www.elturistatranquil.com\/ca\/escultures-als-jardins-de-cap-roig-girona\/#b4514\">Fi de la visita<\/a><\/p>\t\t\t\t\t\t\t\t<\/div>\n\t\t\t\t<\/div>\n\t\t\t\t\t<\/div>\n\t\t<\/div>\n\t\t\t\t\t<\/div>\n\t\t<\/section>\n\t\t\t\t<div class=\"elementor-element elementor-element-41120f32 elementor-widget elementor-widget-spacer\" data-id=\"41120f32\" data-element_type=\"widget\" data-e-type=\"widget\" data-widget_type=\"spacer.default\">\n\t\t\t\t<div class=\"elementor-widget-container\">\n\t\t\t\t\t\t\t<div class=\"elementor-spacer\">\n\t\t\t<div class=\"elementor-spacer-inner\"><\/div>\n\t\t<\/div>\n\t\t\t\t\t\t<\/div>\n\t\t\t\t<\/div>\n\t\t\t\t<div class=\"elementor-element elementor-element-854a61d elementor-widget elementor-widget-menu-anchor\" data-id=\"854a61d\" data-element_type=\"widget\" data-e-type=\"widget\" data-widget_type=\"menu-anchor.default\">\n\t\t\t\t<div class=\"elementor-widget-container\">\n\t\t\t\t\t\t\t<div class=\"elementor-menu-anchor\" id=\"b4501\"><\/div>\n\t\t\t\t\t\t<\/div>\n\t\t\t\t<\/div>\n\t\t\t\t<div class=\"elementor-element elementor-element-18709eca elementor-widget elementor-widget-spacer\" data-id=\"18709eca\" data-element_type=\"widget\" data-e-type=\"widget\" data-widget_type=\"spacer.default\">\n\t\t\t\t<div class=\"elementor-widget-container\">\n\t\t\t\t\t\t\t<div class=\"elementor-spacer\">\n\t\t\t<div class=\"elementor-spacer-inner\"><\/div>\n\t\t<\/div>\n\t\t\t\t\t\t<\/div>\n\t\t\t\t<\/div>\n\t\t\t\t<div class=\"elementor-element elementor-element-1f3b8d4b elementor-widget elementor-widget-heading\" data-id=\"1f3b8d4b\" data-element_type=\"widget\" data-e-type=\"widget\" data-widget_type=\"heading.default\">\n\t\t\t\t<div class=\"elementor-widget-container\">\n\t\t\t\t\t<h2 class=\"elementor-heading-title elementor-size-default\">Escultures als Jardins de Cap Roig. Calella de Palafrugell. Baix Empord\u00e0. Girona<\/h2>\t\t\t\t<\/div>\n\t\t\t\t<\/div>\n\t\t\t\t<div class=\"elementor-element elementor-element-4fc2bad elementor-widget elementor-widget-menu-anchor\" data-id=\"4fc2bad\" data-element_type=\"widget\" data-e-type=\"widget\" data-widget_type=\"menu-anchor.default\">\n\t\t\t\t<div class=\"elementor-widget-container\">\n\t\t\t\t\t\t\t<div class=\"elementor-menu-anchor\" id=\"b4502\"><\/div>\n\t\t\t\t\t\t<\/div>\n\t\t\t\t<\/div>\n\t\t\t\t<div class=\"elementor-element elementor-element-9d6e783 elementor-widget elementor-widget-text-editor\" data-id=\"9d6e783\" data-element_type=\"widget\" data-e-type=\"widget\" data-widget_type=\"text-editor.default\">\n\t\t\t\t<div class=\"elementor-widget-container\">\n\t\t\t\t\t\t\t\t\t<p>Durant l\u2019estada al <a href=\"https:\/\/www.elturistatranquil.com\/ca\/casamar-hotel-restaurant-costa-brava\/\" target=\"_blank\" rel=\"noopener\"><strong>Casamar. Hotel-Restaurant<\/strong><\/a>, una de les sortides m\u00e9s properes i agradables pot ser acostar-se als <strong>Jardins de Cap Roig<\/strong>, a menys de 10 minuts en cotxe, o a uns \u00be d\u2019hora a peu, a 3 kil\u00f2metres. Per exemple s\u2019hi podria anar pel cam\u00ed de ronda que v\u00e0rem seguir al <em>Post:<\/em> <a href=\"https:\/\/www.elturistatranquil.com\/ca\/cami-de-ronda-de-el-golfet-a-calella-i-llafranc\/\" target=\"_blank\" rel=\"noopener\"><strong>Cam\u00ed de ronda de El Golfet a Calella de Palafrugell i Llafranc<\/strong><\/a>.<\/p>\t\t\t\t\t\t\t\t<\/div>\n\t\t\t\t<\/div>\n\t\t\t\t<div class=\"elementor-element elementor-element-44560bcf elementor-widget elementor-widget-heading\" data-id=\"44560bcf\" data-element_type=\"widget\" data-e-type=\"widget\" data-widget_type=\"heading.default\">\n\t\t\t\t<div class=\"elementor-widget-container\">\n\t\t\t\t\t<h2 class=\"elementor-heading-title elementor-size-default\">El Castell de Cap Roig<\/h2>\t\t\t\t<\/div>\n\t\t\t\t<\/div>\n\t\t\t\t<div class=\"elementor-element elementor-element-ab7f0a9 elementor-widget elementor-widget-text-editor\" data-id=\"ab7f0a9\" data-element_type=\"widget\" data-e-type=\"widget\" data-widget_type=\"text-editor.default\">\n\t\t\t\t<div class=\"elementor-widget-container\">\n\t\t\t\t\t\t\t\t\t<p>L\u2019any 1927 el coronel rus Nicolai Woevodsky, amant del dibuix i l\u2019arquitectura, i l\u2019arist\u00f2crata anglesa Dorothy Webster, decoradora, aficionada a l\u2019arqueologia i a la jardineria, van decidir viure al cor de la Costa Brava. Es van fer construir un castell-palau historicista d\u2019estil medieval en un sortint elevat de pissarra rogenca, envoltat de 17 hect\u00e0rees de jardins, en el paratge que avui coneixem com a Cap Roig,<\/p><p>A\u00efllat al mig del bosc de pins, alzines y sureres, a 3 km del petit nucli de pescadors de Calella de Palafrugell.<\/p>\t\t\t\t\t\t\t\t<\/div>\n\t\t\t\t<\/div>\n\t\t\t\t<div class=\"elementor-element elementor-element-384fb843 elementor-widget elementor-widget-image\" data-id=\"384fb843\" data-element_type=\"widget\" data-e-type=\"widget\" data-widget_type=\"image.default\">\n\t\t\t\t<div class=\"elementor-widget-container\">\n\t\t\t\t\t\t\t\t\t\t\t\t<figure class=\"wp-caption\">\n\t\t\t\t\t\t\t\t\t\t<img decoding=\"async\" width=\"768\" height=\"512\" src=\"https:\/\/www.elturistatranquil.com\/wp-content\/uploads\/F03-Jardins-de-Cap-Roig-Calella-de-Palafrugell-Google-earth-2020-04-06.jpg\" class=\"attachment-large size-large wp-image-30108\" alt=\"Jardins de Cap Roig Calella de Palafrugell (Google earth-2020-04-06)\" srcset=\"https:\/\/www.elturistatranquil.com\/wp-content\/uploads\/F03-Jardins-de-Cap-Roig-Calella-de-Palafrugell-Google-earth-2020-04-06.jpg 768w, https:\/\/www.elturistatranquil.com\/wp-content\/uploads\/F03-Jardins-de-Cap-Roig-Calella-de-Palafrugell-Google-earth-2020-04-06-339x226.jpg 339w\" sizes=\"(max-width: 768px) 100vw, 768px\" \/>\t\t\t\t\t\t\t\t\t\t\t<figcaption class=\"widget-image-caption wp-caption-text\">Localitzaci\u00f3 dels Jardins de Cap Roig (Google maps 2020-04-06)<\/figcaption>\n\t\t\t\t\t\t\t\t\t\t<\/figure>\n\t\t\t\t\t\t\t\t\t<\/div>\n\t\t\t\t<\/div>\n\t\t\t\t<div class=\"elementor-element elementor-element-0b4bd6c elementor-widget elementor-widget-text-editor\" data-id=\"0b4bd6c\" data-element_type=\"widget\" data-e-type=\"widget\" data-widget_type=\"text-editor.default\">\n\t\t\t\t<div class=\"elementor-widget-container\">\n\t\t\t\t\t\t\t\t\t<p>Encara ara, l\u2019indret queda distanciat de l\u2019expansi\u00f3 urbana de Calella de Palafrugell, i a l\u2019entrada d\u2019un dels pocs espais quasi verges de tota la Costa Brava, fins a la platja de Castell de Palam\u00f3s.<\/p><p>El 1969 els Woevodsky van cedir tot el conjunt a canvi que es garant\u00eds la conservaci\u00f3 del patrimoni paisatg\u00edstic i arquitect\u00f2nic. La parella descansa, com desitjava, en un deis indrets m\u00e9s bells d\u2019aquest paratge.<\/p><p>Els avatars del sistema bancari espanyol d\u2019aquests darrers anys ha fet que a l\u2019actualitat el llegat hagi anat a mans de l\u2019Obra Social \u201cla Caixa\u201d.<\/p><p>El jard\u00ed ha esdevingut un <strong>jard\u00ed bot\u00e0nic<\/strong>, amb prop de 1.000 especies bot\u00e0niques procedents d\u2019arreu del m\u00f3n.<\/p><p>A m\u00e9s, els camins del Jard\u00ed acullen un <strong>museu d\u2019escultura a l\u2019aire lliure<\/strong>, amb m\u00e9s de vint obres de reconeguts artistes nacionals i internacionals.<\/p><p>A l\u2019estiu, un auditori a l\u2019aire lliure \u00e9s l\u2019escenari d\u2019un deis festivals ecl\u00e8ctics de m\u00fasica m\u00e9s importants de Catalunya: el <strong>Festival Jardins de Cap Roig<\/strong>.<\/p>\t\t\t\t\t\t\t\t<\/div>\n\t\t\t\t<\/div>\n\t\t\t\t<div class=\"elementor-element elementor-element-d81f872 elementor-widget elementor-widget-menu-anchor\" data-id=\"d81f872\" data-element_type=\"widget\" data-e-type=\"widget\" data-widget_type=\"menu-anchor.default\">\n\t\t\t\t<div class=\"elementor-widget-container\">\n\t\t\t\t\t\t\t<div class=\"elementor-menu-anchor\" id=\"b4503\"><\/div>\n\t\t\t\t\t\t<\/div>\n\t\t\t\t<\/div>\n\t\t\t\t<div class=\"elementor-element elementor-element-245ca6e elementor-widget elementor-widget-heading\" data-id=\"245ca6e\" data-element_type=\"widget\" data-e-type=\"widget\" data-widget_type=\"heading.default\">\n\t\t\t\t<div class=\"elementor-widget-container\">\n\t\t\t\t\t<h2 class=\"elementor-heading-title elementor-size-default\">Recorregut pel Jard\u00ed Bot\u00e0nic i la mostra d\u2019escultures<\/h2>\t\t\t\t<\/div>\n\t\t\t\t<\/div>\n\t\t\t\t<div class=\"elementor-element elementor-element-f7297f8 elementor-widget elementor-widget-image\" data-id=\"f7297f8\" data-element_type=\"widget\" data-e-type=\"widget\" data-widget_type=\"image.default\">\n\t\t\t\t<div class=\"elementor-widget-container\">\n\t\t\t\t\t\t\t\t\t\t\t\t<figure class=\"wp-caption\">\n\t\t\t\t\t\t\t\t\t\t<img loading=\"lazy\" decoding=\"async\" width=\"768\" height=\"417\" src=\"https:\/\/www.elturistatranquil.com\/wp-content\/uploads\/F04-Jardins-de-Cap-Roig-Calella-de-Palafrugell.jpg\" class=\"attachment-large size-large wp-image-30110\" alt=\"Jardins de Cap Roig Calella de Palafrugell\" srcset=\"https:\/\/www.elturistatranquil.com\/wp-content\/uploads\/F04-Jardins-de-Cap-Roig-Calella-de-Palafrugell.jpg 768w, https:\/\/www.elturistatranquil.com\/wp-content\/uploads\/F04-Jardins-de-Cap-Roig-Calella-de-Palafrugell-339x184.jpg 339w\" sizes=\"(max-width: 768px) 100vw, 768px\" \/>\t\t\t\t\t\t\t\t\t\t\t<figcaption class=\"widget-image-caption wp-caption-text\">Itinerari i localitzaci\u00f3 dels elements en el Jard\u00ed<\/figcaption>\n\t\t\t\t\t\t\t\t\t\t<\/figure>\n\t\t\t\t\t\t\t\t\t<\/div>\n\t\t\t\t<\/div>\n\t\t\t\t<div class=\"elementor-element elementor-element-789cd3d elementor-widget elementor-widget-text-editor\" data-id=\"789cd3d\" data-element_type=\"widget\" data-e-type=\"widget\" data-widget_type=\"text-editor.default\">\n\t\t\t\t<div class=\"elementor-widget-container\">\n\t\t\t\t\t\t\t\t\t<p>La millor estaci\u00f3 per visitar un jard\u00ed \u00e9s, sens dubte, la primavera. Per\u00f2, si no \u00e9s possible fer-ho en aquesta \u00e8poca de l\u2019any, els Jardins de Cap Roig disposen de suficients atractius com per que qualsevol moment de l\u2019any justifiqui la seva visita.<\/p><p>La situaci\u00f3 privilegiada del Castell de Cap Roig es pot apreciar des del Far de Sant Sebasti\u00e0, ben be al centre de la fotografia, envoltat de bosc.<\/p>\t\t\t\t\t\t\t\t<\/div>\n\t\t\t\t<\/div>\n\t\t\t\t<div class=\"elementor-element elementor-element-8f6427f elementor-widget elementor-widget-image\" data-id=\"8f6427f\" data-element_type=\"widget\" data-e-type=\"widget\" data-widget_type=\"image.default\">\n\t\t\t\t<div class=\"elementor-widget-container\">\n\t\t\t\t\t\t\t\t\t\t\t\t<figure class=\"wp-caption\">\n\t\t\t\t\t\t\t\t\t\t<img loading=\"lazy\" decoding=\"async\" width=\"768\" height=\"512\" src=\"https:\/\/www.elturistatranquil.com\/wp-content\/uploads\/F05-Jardins-de-Cap-Roig-Calella-de-Palafrugell.jpg\" class=\"attachment-large size-large wp-image-30112\" alt=\"Jardins de Cap Roig Calella de Palafrugell\" srcset=\"https:\/\/www.elturistatranquil.com\/wp-content\/uploads\/F05-Jardins-de-Cap-Roig-Calella-de-Palafrugell.jpg 768w, https:\/\/www.elturistatranquil.com\/wp-content\/uploads\/F05-Jardins-de-Cap-Roig-Calella-de-Palafrugell-339x226.jpg 339w\" sizes=\"(max-width: 768px) 100vw, 768px\" \/>\t\t\t\t\t\t\t\t\t\t\t<figcaption class=\"widget-image-caption wp-caption-text\"><\/figcaption>\n\t\t\t\t\t\t\t\t\t\t<\/figure>\n\t\t\t\t\t\t\t\t\t<\/div>\n\t\t\t\t<\/div>\n\t\t\t\t<div class=\"elementor-element elementor-element-4fabc72 elementor-widget elementor-widget-text-editor\" data-id=\"4fabc72\" data-element_type=\"widget\" data-e-type=\"widget\" data-widget_type=\"text-editor.default\">\n\t\t\t\t<div class=\"elementor-widget-container\">\n\t\t\t\t\t\t\t\t\t<p>Quan ens hi acostem, el Castell sobresurt al promontori del Cap.<\/p>\t\t\t\t\t\t\t\t<\/div>\n\t\t\t\t<\/div>\n\t\t\t\t<div class=\"elementor-element elementor-element-446d2c0 elementor-widget elementor-widget-image\" data-id=\"446d2c0\" data-element_type=\"widget\" data-e-type=\"widget\" data-widget_type=\"image.default\">\n\t\t\t\t<div class=\"elementor-widget-container\">\n\t\t\t\t\t\t\t\t\t\t\t\t<figure class=\"wp-caption\">\n\t\t\t\t\t\t\t\t\t\t<img loading=\"lazy\" decoding=\"async\" width=\"768\" height=\"512\" src=\"https:\/\/www.elturistatranquil.com\/wp-content\/uploads\/F06-Castell-de-Cap-Roig-Calella-de-Palafrugell.jpg\" class=\"attachment-large size-large wp-image-30114\" alt=\"Jardins de Cap Roig Calella de Palafrugell\" srcset=\"https:\/\/www.elturistatranquil.com\/wp-content\/uploads\/F06-Castell-de-Cap-Roig-Calella-de-Palafrugell.jpg 768w, https:\/\/www.elturistatranquil.com\/wp-content\/uploads\/F06-Castell-de-Cap-Roig-Calella-de-Palafrugell-339x226.jpg 339w\" sizes=\"(max-width: 768px) 100vw, 768px\" \/>\t\t\t\t\t\t\t\t\t\t\t<figcaption class=\"widget-image-caption wp-caption-text\"><\/figcaption>\n\t\t\t\t\t\t\t\t\t\t<\/figure>\n\t\t\t\t\t\t\t\t\t<\/div>\n\t\t\t\t<\/div>\n\t\t\t\t<div class=\"elementor-element elementor-element-cc0e46a elementor-widget elementor-widget-text-editor\" data-id=\"cc0e46a\" data-element_type=\"widget\" data-e-type=\"widget\" data-widget_type=\"text-editor.default\">\n\t\t\t\t<div class=\"elementor-widget-container\">\n\t\t\t\t\t\t\t\t\t<p>Pujant pel cam\u00ed que condueix al Castell, abans d\u2019arribar a la zona d\u2019aparcament, a l\u2019esquerra apareix l\u2019edifici d\u2019entrada al recinte del Castell, i que seria l\u2019entrada principal que a trav\u00e9s del jard\u00ed condueix a l\u2019edifici central del castell-palau.<\/p><p>Durant els concerts del Festival, es la porta d\u2019acc\u00e9s a l\u2019auditori.<\/p>\t\t\t\t\t\t\t\t<\/div>\n\t\t\t\t<\/div>\n\t\t\t\t<div class=\"elementor-element elementor-element-bf6d74c elementor-widget elementor-widget-menu-anchor\" data-id=\"bf6d74c\" data-element_type=\"widget\" data-e-type=\"widget\" data-widget_type=\"menu-anchor.default\">\n\t\t\t\t<div class=\"elementor-widget-container\">\n\t\t\t\t\t\t\t<div class=\"elementor-menu-anchor\" id=\"b4504\"><\/div>\n\t\t\t\t\t\t<\/div>\n\t\t\t\t<\/div>\n\t\t\t\t<div class=\"elementor-element elementor-element-fbc70a2 elementor-widget elementor-widget-image\" data-id=\"fbc70a2\" data-element_type=\"widget\" data-e-type=\"widget\" data-widget_type=\"image.default\">\n\t\t\t\t<div class=\"elementor-widget-container\">\n\t\t\t\t\t\t\t\t\t\t\t\t<figure class=\"wp-caption\">\n\t\t\t\t\t\t\t\t\t\t<img loading=\"lazy\" decoding=\"async\" width=\"768\" height=\"512\" src=\"https:\/\/www.elturistatranquil.com\/wp-content\/uploads\/F07-Castell-de-Cap-Roig-Calella-de-Palafrugell.jpg\" class=\"attachment-large size-large wp-image-30116\" alt=\"Jardins de Cap Roig Calella de Palafrugell\" srcset=\"https:\/\/www.elturistatranquil.com\/wp-content\/uploads\/F07-Castell-de-Cap-Roig-Calella-de-Palafrugell.jpg 768w, https:\/\/www.elturistatranquil.com\/wp-content\/uploads\/F07-Castell-de-Cap-Roig-Calella-de-Palafrugell-339x226.jpg 339w\" sizes=\"(max-width: 768px) 100vw, 768px\" \/>\t\t\t\t\t\t\t\t\t\t\t<figcaption class=\"widget-image-caption wp-caption-text\"><\/figcaption>\n\t\t\t\t\t\t\t\t\t\t<\/figure>\n\t\t\t\t\t\t\t\t\t<\/div>\n\t\t\t\t<\/div>\n\t\t\t\t<div class=\"elementor-element elementor-element-6fe71ec8 elementor-widget elementor-widget-heading\" data-id=\"6fe71ec8\" data-element_type=\"widget\" data-e-type=\"widget\" data-widget_type=\"heading.default\">\n\t\t\t\t<div class=\"elementor-widget-container\">\n\t\t\t\t\t<h4 class=\"elementor-heading-title elementor-size-default\">El Poblat<\/h4>\t\t\t\t<\/div>\n\t\t\t\t<\/div>\n\t\t\t\t<div class=\"elementor-element elementor-element-55cd6f7 elementor-widget elementor-widget-text-editor\" data-id=\"55cd6f7\" data-element_type=\"widget\" data-e-type=\"widget\" data-widget_type=\"text-editor.default\">\n\t\t\t\t<div class=\"elementor-widget-container\">\n\t\t\t\t\t\t\t\t\t<p>L\u2019acc\u00e9s a la visita es realitza una mica m\u00e9s endavant, pel que s\u2019anomena <strong>El Poblat <\/strong>(<strong>1<\/strong>). Vol recordar una placeta i un poblet d\u2019estil mediterrani. Actualment acull l\u2019acc\u00e9s i els serveis per al p\u00fablic.<\/p>\t\t\t\t\t\t\t\t<\/div>\n\t\t\t\t<\/div>\n\t\t\t\t<div class=\"elementor-element elementor-element-5c60519 elementor-widget elementor-widget-image\" data-id=\"5c60519\" data-element_type=\"widget\" data-e-type=\"widget\" data-widget_type=\"image.default\">\n\t\t\t\t<div class=\"elementor-widget-container\">\n\t\t\t\t\t\t\t\t\t\t\t\t<figure class=\"wp-caption\">\n\t\t\t\t\t\t\t\t\t\t<img loading=\"lazy\" decoding=\"async\" width=\"768\" height=\"511\" src=\"https:\/\/www.elturistatranquil.com\/wp-content\/uploads\/F08-Castell-de-Cap-Roig-Calella-de-Palafrugell.jpg\" class=\"attachment-large size-large wp-image-30118\" alt=\"Jardins de Cap Roig Calella de Palafrugell\" srcset=\"https:\/\/www.elturistatranquil.com\/wp-content\/uploads\/F08-Castell-de-Cap-Roig-Calella-de-Palafrugell.jpg 768w, https:\/\/www.elturistatranquil.com\/wp-content\/uploads\/F08-Castell-de-Cap-Roig-Calella-de-Palafrugell-339x226.jpg 339w\" sizes=\"(max-width: 768px) 100vw, 768px\" \/>\t\t\t\t\t\t\t\t\t\t\t<figcaption class=\"widget-image-caption wp-caption-text\"><\/figcaption>\n\t\t\t\t\t\t\t\t\t\t<\/figure>\n\t\t\t\t\t\t\t\t\t<\/div>\n\t\t\t\t<\/div>\n\t\t\t\t<div class=\"elementor-element elementor-element-3ed3664 elementor-widget elementor-widget-text-editor\" data-id=\"3ed3664\" data-element_type=\"widget\" data-e-type=\"widget\" data-widget_type=\"text-editor.default\">\n\t\t\t\t<div class=\"elementor-widget-container\">\n\t\t\t\t\t\t\t\t\t<p>Allotjava els treballadors i fam\u00edlies que van construir el castell i el jard\u00ed. A la placeta hi ha dos magn\u00edfics exemplars d\u2019alzines sureres.<\/p>\t\t\t\t\t\t\t\t<\/div>\n\t\t\t\t<\/div>\n\t\t\t\t<div class=\"elementor-element elementor-element-1e9902b elementor-widget elementor-widget-image\" data-id=\"1e9902b\" data-element_type=\"widget\" data-e-type=\"widget\" data-widget_type=\"image.default\">\n\t\t\t\t<div class=\"elementor-widget-container\">\n\t\t\t\t\t\t\t\t\t\t\t\t<figure class=\"wp-caption\">\n\t\t\t\t\t\t\t\t\t\t<img loading=\"lazy\" decoding=\"async\" width=\"768\" height=\"511\" src=\"https:\/\/www.elturistatranquil.com\/wp-content\/uploads\/F09-Castell-de-Cap-Roig-Calella-de-Palafrugell.jpg\" class=\"attachment-large size-large wp-image-30120\" alt=\"Jardins de Cap Roig Calella de Palafrugell\" srcset=\"https:\/\/www.elturistatranquil.com\/wp-content\/uploads\/F09-Castell-de-Cap-Roig-Calella-de-Palafrugell.jpg 768w, https:\/\/www.elturistatranquil.com\/wp-content\/uploads\/F09-Castell-de-Cap-Roig-Calella-de-Palafrugell-339x226.jpg 339w\" sizes=\"(max-width: 768px) 100vw, 768px\" \/>\t\t\t\t\t\t\t\t\t\t\t<figcaption class=\"widget-image-caption wp-caption-text\"><\/figcaption>\n\t\t\t\t\t\t\t\t\t\t<\/figure>\n\t\t\t\t\t\t\t\t\t<\/div>\n\t\t\t\t<\/div>\n\t\t\t\t<div class=\"elementor-element elementor-element-08a436d elementor-widget elementor-widget-menu-anchor\" data-id=\"08a436d\" data-element_type=\"widget\" data-e-type=\"widget\" data-widget_type=\"menu-anchor.default\">\n\t\t\t\t<div class=\"elementor-widget-container\">\n\t\t\t\t\t\t\t<div class=\"elementor-menu-anchor\" id=\"b4505\"><\/div>\n\t\t\t\t\t\t<\/div>\n\t\t\t\t<\/div>\n\t\t\t\t<div class=\"elementor-element elementor-element-69e68cb elementor-widget elementor-widget-image\" data-id=\"69e68cb\" data-element_type=\"widget\" data-e-type=\"widget\" data-widget_type=\"image.default\">\n\t\t\t\t<div class=\"elementor-widget-container\">\n\t\t\t\t\t\t\t\t\t\t\t\t<figure class=\"wp-caption\">\n\t\t\t\t\t\t\t\t\t\t<img loading=\"lazy\" decoding=\"async\" width=\"768\" height=\"511\" src=\"https:\/\/www.elturistatranquil.com\/wp-content\/uploads\/F10-Castell-de-Cap-Roig-Calella-de-Palafrugell.jpg\" class=\"attachment-large size-large wp-image-30122\" alt=\"Jardins de Cap Roig Calella de Palafrugell\" srcset=\"https:\/\/www.elturistatranquil.com\/wp-content\/uploads\/F10-Castell-de-Cap-Roig-Calella-de-Palafrugell.jpg 768w, https:\/\/www.elturistatranquil.com\/wp-content\/uploads\/F10-Castell-de-Cap-Roig-Calella-de-Palafrugell-339x226.jpg 339w\" sizes=\"(max-width: 768px) 100vw, 768px\" \/>\t\t\t\t\t\t\t\t\t\t\t<figcaption class=\"widget-image-caption wp-caption-text\"><\/figcaption>\n\t\t\t\t\t\t\t\t\t\t<\/figure>\n\t\t\t\t\t\t\t\t\t<\/div>\n\t\t\t\t<\/div>\n\t\t\t\t<div class=\"elementor-element elementor-element-d4ea07e elementor-widget elementor-widget-heading\" data-id=\"d4ea07e\" data-element_type=\"widget\" data-e-type=\"widget\" data-widget_type=\"heading.default\">\n\t\t\t\t<div class=\"elementor-widget-container\">\n\t\t\t\t\t<h4 class=\"elementor-heading-title elementor-size-default\">Cam\u00ed del Castell<\/h4>\t\t\t\t<\/div>\n\t\t\t\t<\/div>\n\t\t\t\t<div class=\"elementor-element elementor-element-c0cb5c2 elementor-widget elementor-widget-text-editor\" data-id=\"c0cb5c2\" data-element_type=\"widget\" data-e-type=\"widget\" data-widget_type=\"text-editor.default\">\n\t\t\t\t<div class=\"elementor-widget-container\">\n\t\t\t\t\t\t\t\t\t<p>Sortint del Poblat, el <strong>cam\u00ed del Castell <\/strong>(<strong>2<\/strong>) comen\u00e7a el passeig pel jard\u00ed.<\/p><p>Al llarg del recorregut tindr\u00e9 ocasi\u00f3 per anar presentant cada una de les escultures del Museu a l\u2019aire lliure.<\/p><p>A l\u2019esquerra la primera escultura (<strong>A<\/strong>) ens dona la benvinguda.<\/p>\t\t\t\t\t\t\t\t<\/div>\n\t\t\t\t<\/div>\n\t\t\t\t<div class=\"elementor-element elementor-element-18858ca elementor-widget elementor-widget-image\" data-id=\"18858ca\" data-element_type=\"widget\" data-e-type=\"widget\" data-widget_type=\"image.default\">\n\t\t\t\t<div class=\"elementor-widget-container\">\n\t\t\t\t\t\t\t\t\t\t\t\t<figure class=\"wp-caption\">\n\t\t\t\t\t\t\t\t\t\t<img loading=\"lazy\" decoding=\"async\" width=\"768\" height=\"511\" src=\"https:\/\/www.elturistatranquil.com\/wp-content\/uploads\/F11-Jardins-de-Cap-Roig-Calella-de-Palafrugell-Enric-Ansesa-\u201cEncontre-Mitol\u00f2gic-I-S\u00fanion\u201d.jpg\" class=\"attachment-large size-large wp-image-30124\" alt=\"Jardins de Cap Roig Calella de Palafrugell Enric Ansesa \u201cEncontre Mitol\u00f2gic I (S\u00fanion)\u201d\" srcset=\"https:\/\/www.elturistatranquil.com\/wp-content\/uploads\/F11-Jardins-de-Cap-Roig-Calella-de-Palafrugell-Enric-Ansesa-\u201cEncontre-Mitol\u00f2gic-I-S\u00fanion\u201d.jpg 768w, https:\/\/www.elturistatranquil.com\/wp-content\/uploads\/F11-Jardins-de-Cap-Roig-Calella-de-Palafrugell-Enric-Ansesa-\u201cEncontre-Mitol\u00f2gic-I-S\u00fanion\u201d-339x226.jpg 339w\" sizes=\"(max-width: 768px) 100vw, 768px\" \/>\t\t\t\t\t\t\t\t\t\t\t<figcaption class=\"widget-image-caption wp-caption-text\">Enric Ansesa (Girona, 1945), \u201cEncontre Mitol\u00f2gic I (S\u00fanion)\u201d, 2009<\/figcaption>\n\t\t\t\t\t\t\t\t\t\t<\/figure>\n\t\t\t\t\t\t\t\t\t<\/div>\n\t\t\t\t<\/div>\n\t\t\t\t<div class=\"elementor-element elementor-element-b17e6f9 elementor-widget elementor-widget-text-editor\" data-id=\"b17e6f9\" data-element_type=\"widget\" data-e-type=\"widget\" data-widget_type=\"text-editor.default\">\n\t\t\t\t<div class=\"elementor-widget-container\">\n\t\t\t\t\t\t\t\t\t<p>A la dreta, el fons est\u00e0 ocupat pel viver del Jard\u00ed on s\u2019hi pot anar a passejar-hi.<\/p>\t\t\t\t\t\t\t\t<\/div>\n\t\t\t\t<\/div>\n\t\t\t\t<div class=\"elementor-element elementor-element-4f30712 elementor-widget elementor-widget-image\" data-id=\"4f30712\" data-element_type=\"widget\" data-e-type=\"widget\" data-widget_type=\"image.default\">\n\t\t\t\t<div class=\"elementor-widget-container\">\n\t\t\t\t\t\t\t\t\t\t\t\t<figure class=\"wp-caption\">\n\t\t\t\t\t\t\t\t\t\t<img loading=\"lazy\" decoding=\"async\" width=\"768\" height=\"511\" src=\"https:\/\/www.elturistatranquil.com\/wp-content\/uploads\/F12-Jardins-de-Cap-Roig-Calella-de-Palafrugell..jpg\" class=\"attachment-large size-large wp-image-30126\" alt=\"Jardins de Cap Roig Calella de Palafrugell.\" srcset=\"https:\/\/www.elturistatranquil.com\/wp-content\/uploads\/F12-Jardins-de-Cap-Roig-Calella-de-Palafrugell..jpg 768w, https:\/\/www.elturistatranquil.com\/wp-content\/uploads\/F12-Jardins-de-Cap-Roig-Calella-de-Palafrugell.-339x226.jpg 339w\" sizes=\"(max-width: 768px) 100vw, 768px\" \/>\t\t\t\t\t\t\t\t\t\t\t<figcaption class=\"widget-image-caption wp-caption-text\"><\/figcaption>\n\t\t\t\t\t\t\t\t\t\t<\/figure>\n\t\t\t\t\t\t\t\t\t<\/div>\n\t\t\t\t<\/div>\n\t\t\t\t<div class=\"elementor-element elementor-element-fff2c28 elementor-widget elementor-widget-text-editor\" data-id=\"fff2c28\" data-element_type=\"widget\" data-e-type=\"widget\" data-widget_type=\"text-editor.default\">\n\t\t\t\t<div class=\"elementor-widget-container\">\n\t\t\t\t\t\t\t\t\t<p>Ja des d\u2019aquest cam\u00ed podem comen\u00e7ar a gaudir del paisatge sobre el mar, amb les illes Formigues al fons.<\/p>\t\t\t\t\t\t\t\t<\/div>\n\t\t\t\t<\/div>\n\t\t\t\t<div class=\"elementor-element elementor-element-5f5e2d1 elementor-widget elementor-widget-image\" data-id=\"5f5e2d1\" data-element_type=\"widget\" data-e-type=\"widget\" data-widget_type=\"image.default\">\n\t\t\t\t<div class=\"elementor-widget-container\">\n\t\t\t\t\t\t\t\t\t\t\t\t<figure class=\"wp-caption\">\n\t\t\t\t\t\t\t\t\t\t<img loading=\"lazy\" decoding=\"async\" width=\"768\" height=\"511\" src=\"https:\/\/www.elturistatranquil.com\/wp-content\/uploads\/F13-Jardins-de-Cap-Roig-Calella-de-Palafrugell..jpg\" class=\"attachment-large size-large wp-image-30128\" alt=\"ardins de Cap Roig Calella de Palafrugell.\" srcset=\"https:\/\/www.elturistatranquil.com\/wp-content\/uploads\/F13-Jardins-de-Cap-Roig-Calella-de-Palafrugell..jpg 768w, https:\/\/www.elturistatranquil.com\/wp-content\/uploads\/F13-Jardins-de-Cap-Roig-Calella-de-Palafrugell.-339x226.jpg 339w\" sizes=\"(max-width: 768px) 100vw, 768px\" \/>\t\t\t\t\t\t\t\t\t\t\t<figcaption class=\"widget-image-caption wp-caption-text\"><\/figcaption>\n\t\t\t\t\t\t\t\t\t\t<\/figure>\n\t\t\t\t\t\t\t\t\t<\/div>\n\t\t\t\t<\/div>\n\t\t\t\t<div class=\"elementor-element elementor-element-a50f339 elementor-widget elementor-widget-image\" data-id=\"a50f339\" data-element_type=\"widget\" data-e-type=\"widget\" data-widget_type=\"image.default\">\n\t\t\t\t<div class=\"elementor-widget-container\">\n\t\t\t\t\t\t\t\t\t\t\t\t<figure class=\"wp-caption\">\n\t\t\t\t\t\t\t\t\t\t<img loading=\"lazy\" decoding=\"async\" width=\"768\" height=\"511\" src=\"https:\/\/www.elturistatranquil.com\/wp-content\/uploads\/F14-Jardins-de-Cap-Roig-Calella-de-Palafrugell..jpg\" class=\"attachment-large size-large wp-image-30130\" alt=\"ardins de Cap Roig Calella de Palafrugell.\" srcset=\"https:\/\/www.elturistatranquil.com\/wp-content\/uploads\/F14-Jardins-de-Cap-Roig-Calella-de-Palafrugell..jpg 768w, https:\/\/www.elturistatranquil.com\/wp-content\/uploads\/F14-Jardins-de-Cap-Roig-Calella-de-Palafrugell.-339x226.jpg 339w\" sizes=\"(max-width: 768px) 100vw, 768px\" \/>\t\t\t\t\t\t\t\t\t\t\t<figcaption class=\"widget-image-caption wp-caption-text\"><\/figcaption>\n\t\t\t\t\t\t\t\t\t\t<\/figure>\n\t\t\t\t\t\t\t\t\t<\/div>\n\t\t\t\t<\/div>\n\t\t\t\t<div class=\"elementor-element elementor-element-4613981 elementor-widget elementor-widget-text-editor\" data-id=\"4613981\" data-element_type=\"widget\" data-e-type=\"widget\" data-widget_type=\"text-editor.default\">\n\t\t\t\t<div class=\"elementor-widget-container\">\n\t\t\t\t\t\t\t\t\t<p>I a l\u2019esquerra la <strong>cantera<\/strong> d\u2019on es van proveir de pedra per la construcci\u00f3.<\/p>\t\t\t\t\t\t\t\t<\/div>\n\t\t\t\t<\/div>\n\t\t\t\t<div class=\"elementor-element elementor-element-ef0c566 elementor-widget elementor-widget-image\" data-id=\"ef0c566\" data-element_type=\"widget\" data-e-type=\"widget\" data-widget_type=\"image.default\">\n\t\t\t\t<div class=\"elementor-widget-container\">\n\t\t\t\t\t\t\t\t\t\t\t\t<figure class=\"wp-caption\">\n\t\t\t\t\t\t\t\t\t\t<img loading=\"lazy\" decoding=\"async\" width=\"768\" height=\"511\" src=\"https:\/\/www.elturistatranquil.com\/wp-content\/uploads\/F15-Jardins-de-Cap-Roig-Calella-de-Palafrugell..jpg\" class=\"attachment-large size-large wp-image-30132\" alt=\"ardins de Cap Roig Calella de Palafrugell.\" srcset=\"https:\/\/www.elturistatranquil.com\/wp-content\/uploads\/F15-Jardins-de-Cap-Roig-Calella-de-Palafrugell..jpg 768w, https:\/\/www.elturistatranquil.com\/wp-content\/uploads\/F15-Jardins-de-Cap-Roig-Calella-de-Palafrugell.-339x226.jpg 339w\" sizes=\"(max-width: 768px) 100vw, 768px\" \/>\t\t\t\t\t\t\t\t\t\t\t<figcaption class=\"widget-image-caption wp-caption-text\"><\/figcaption>\n\t\t\t\t\t\t\t\t\t\t<\/figure>\n\t\t\t\t\t\t\t\t\t<\/div>\n\t\t\t\t<\/div>\n\t\t\t\t<div class=\"elementor-element elementor-element-21db8c8 elementor-widget elementor-widget-text-editor\" data-id=\"21db8c8\" data-element_type=\"widget\" data-e-type=\"widget\" data-widget_type=\"text-editor.default\">\n\t\t\t\t<div class=\"elementor-widget-container\">\n\t\t\t\t\t\t\t\t\t<p>\u00a0Avan\u00e7ant, a la dreta, l\u2019escultura <em>Variaciones<\/em> (<strong>B<\/strong>).<\/p>\t\t\t\t\t\t\t\t<\/div>\n\t\t\t\t<\/div>\n\t\t\t\t<div class=\"elementor-element elementor-element-b62a23e elementor-widget elementor-widget-image\" data-id=\"b62a23e\" data-element_type=\"widget\" data-e-type=\"widget\" data-widget_type=\"image.default\">\n\t\t\t\t<div class=\"elementor-widget-container\">\n\t\t\t\t\t\t\t\t\t\t\t\t<figure class=\"wp-caption\">\n\t\t\t\t\t\t\t\t\t\t<img loading=\"lazy\" decoding=\"async\" width=\"768\" height=\"512\" src=\"https:\/\/www.elturistatranquil.com\/wp-content\/uploads\/F16-Jardins-de-Cap-Roig-Calella-de-Palafrugell-Juan-de-Andr\u00e9s-\u201cVariaciones\u201d.jpg\" class=\"attachment-large size-large wp-image-30134\" alt=\"Jardins de Cap Roig Calella de Palafrugell Juan de Andr\u00e9s \u201cVariaciones\u201d\" srcset=\"https:\/\/www.elturistatranquil.com\/wp-content\/uploads\/F16-Jardins-de-Cap-Roig-Calella-de-Palafrugell-Juan-de-Andr\u00e9s-\u201cVariaciones\u201d.jpg 768w, https:\/\/www.elturistatranquil.com\/wp-content\/uploads\/F16-Jardins-de-Cap-Roig-Calella-de-Palafrugell-Juan-de-Andr\u00e9s-\u201cVariaciones\u201d-339x226.jpg 339w\" sizes=\"(max-width: 768px) 100vw, 768px\" \/>\t\t\t\t\t\t\t\t\t\t\t<figcaption class=\"widget-image-caption wp-caption-text\">Juan de Andr\u00e9s (Ar\u00e9valo, Uruguay, 1941), \u201cVariaciones\u201d, 2008<\/figcaption>\n\t\t\t\t\t\t\t\t\t\t<\/figure>\n\t\t\t\t\t\t\t\t\t<\/div>\n\t\t\t\t<\/div>\n\t\t\t\t<div class=\"elementor-element elementor-element-db173d1 elementor-widget elementor-widget-text-editor\" data-id=\"db173d1\" data-element_type=\"widget\" data-e-type=\"widget\" data-widget_type=\"text-editor.default\">\n\t\t\t\t<div class=\"elementor-widget-container\">\n\t\t\t\t\t\t\t\t\t<p>A l\u2019esquerra, un cam\u00ed (<strong>22<\/strong>) puja fins al Jard\u00ed de les Plantes Mediterr\u00e0nies.<\/p><p>Al tornar al Cam\u00ed del Castell podem contemplar una singular peca de l\u2019escultor Mois\u00e9s Vill\u00e8lia (<strong>C<\/strong>), amb el Castell de fons.<\/p>\t\t\t\t\t\t\t\t<\/div>\n\t\t\t\t<\/div>\n\t\t\t\t<div class=\"elementor-element elementor-element-866d491 elementor-widget elementor-widget-image\" data-id=\"866d491\" data-element_type=\"widget\" data-e-type=\"widget\" data-widget_type=\"image.default\">\n\t\t\t\t<div class=\"elementor-widget-container\">\n\t\t\t\t\t\t\t\t\t\t\t\t<figure class=\"wp-caption\">\n\t\t\t\t\t\t\t\t\t\t<img loading=\"lazy\" decoding=\"async\" width=\"768\" height=\"511\" src=\"https:\/\/www.elturistatranquil.com\/wp-content\/uploads\/F17-Jardins-de-Cap-Roig-Calella-de-Palafrugell-Mois\u00e8s-Vill\u00e8lia-\u201cSense-t\u00edtol\u201d.jpg\" class=\"attachment-large size-large wp-image-30136\" alt=\"Jardins de Cap Roig Calella de Palafrugell Mois\u00e8s Vill\u00e8lia \u201cSense t\u00edtol\u201d\" srcset=\"https:\/\/www.elturistatranquil.com\/wp-content\/uploads\/F17-Jardins-de-Cap-Roig-Calella-de-Palafrugell-Mois\u00e8s-Vill\u00e8lia-\u201cSense-t\u00edtol\u201d.jpg 768w, https:\/\/www.elturistatranquil.com\/wp-content\/uploads\/F17-Jardins-de-Cap-Roig-Calella-de-Palafrugell-Mois\u00e8s-Vill\u00e8lia-\u201cSense-t\u00edtol\u201d-339x226.jpg 339w\" sizes=\"(max-width: 768px) 100vw, 768px\" \/>\t\t\t\t\t\t\t\t\t\t\t<figcaption class=\"widget-image-caption wp-caption-text\">Mois\u00e8s Vill\u00e8lia (Barcelona, 1928-1994), \u201cSense t\u00edtol\u201d, 1995<\/figcaption>\n\t\t\t\t\t\t\t\t\t\t<\/figure>\n\t\t\t\t\t\t\t\t\t<\/div>\n\t\t\t\t<\/div>\n\t\t\t\t<div class=\"elementor-element elementor-element-8e88138 elementor-widget elementor-widget-text-editor\" data-id=\"8e88138\" data-element_type=\"widget\" data-e-type=\"widget\" data-widget_type=\"text-editor.default\">\n\t\t\t\t<div class=\"elementor-widget-container\">\n\t\t\t\t\t\t\t\t\t<p>Al final del cam\u00ed del Castell, a l\u2019esquerra, comen\u00e7a el vial del Festival. A la cru\u00eflla, a l\u2019esquerra, als peus del jard\u00ed de la Plantes mediterr\u00e0nies s\u2019enlaira una escultura de Marcel Mart\u00ed (<strong>I<\/strong>).<\/p>\t\t\t\t\t\t\t\t<\/div>\n\t\t\t\t<\/div>\n\t\t\t\t<div class=\"elementor-element elementor-element-646f41a elementor-widget elementor-widget-menu-anchor\" data-id=\"646f41a\" data-element_type=\"widget\" data-e-type=\"widget\" data-widget_type=\"menu-anchor.default\">\n\t\t\t\t<div class=\"elementor-widget-container\">\n\t\t\t\t\t\t\t<div class=\"elementor-menu-anchor\" id=\"b4506\"><\/div>\n\t\t\t\t\t\t<\/div>\n\t\t\t\t<\/div>\n\t\t\t\t<div class=\"elementor-element elementor-element-05c94c3 elementor-widget elementor-widget-image\" data-id=\"05c94c3\" data-element_type=\"widget\" data-e-type=\"widget\" data-widget_type=\"image.default\">\n\t\t\t\t<div class=\"elementor-widget-container\">\n\t\t\t\t\t\t\t\t\t\t\t\t<figure class=\"wp-caption\">\n\t\t\t\t\t\t\t\t\t\t<img loading=\"lazy\" decoding=\"async\" width=\"768\" height=\"511\" src=\"https:\/\/www.elturistatranquil.com\/wp-content\/uploads\/F18-Jardins-de-Cap-Roig-Calella-de-Palafrugell-Marcel-Mart\u00ed-\u201cErgo\u201d.jpg\" class=\"attachment-large size-large wp-image-30138\" alt=\"Jardins de Cap Roig Calella de Palafrugell Marcel Mart\u00ed \u201cErgo\u201d\" srcset=\"https:\/\/www.elturistatranquil.com\/wp-content\/uploads\/F18-Jardins-de-Cap-Roig-Calella-de-Palafrugell-Marcel-Mart\u00ed-\u201cErgo\u201d.jpg 768w, https:\/\/www.elturistatranquil.com\/wp-content\/uploads\/F18-Jardins-de-Cap-Roig-Calella-de-Palafrugell-Marcel-Mart\u00ed-\u201cErgo\u201d-339x226.jpg 339w\" sizes=\"(max-width: 768px) 100vw, 768px\" \/>\t\t\t\t\t\t\t\t\t\t\t<figcaption class=\"widget-image-caption wp-caption-text\">Marcel Mart\u00ed (Alvear, Argentina, 1925 \u2013 Palafrugell, 2010), \u201cErgo\u201d, 1970-2006<\/figcaption>\n\t\t\t\t\t\t\t\t\t\t<\/figure>\n\t\t\t\t\t\t\t\t\t<\/div>\n\t\t\t\t<\/div>\n\t\t\t\t<div class=\"elementor-element elementor-element-32d95e8 elementor-widget elementor-widget-heading\" data-id=\"32d95e8\" data-element_type=\"widget\" data-e-type=\"widget\" data-widget_type=\"heading.default\">\n\t\t\t\t<div class=\"elementor-widget-container\">\n\t\t\t\t\t<h4 class=\"elementor-heading-title elementor-size-default\">Vial del Festival<\/h4>\t\t\t\t<\/div>\n\t\t\t\t<\/div>\n\t\t\t\t<div class=\"elementor-element elementor-element-04ea426 elementor-widget elementor-widget-text-editor\" data-id=\"04ea426\" data-element_type=\"widget\" data-e-type=\"widget\" data-widget_type=\"text-editor.default\">\n\t\t\t\t<div class=\"elementor-widget-container\">\n\t\t\t\t\t\t\t\t\t<p>El <strong>vial del Festival<\/strong> acull cinc obres dels escultors Quim Domene (<strong>D<\/strong>), Xavier Corber\u00f3 (<strong>E<\/strong>), Francesc Torres-Mons\u00f3 (<strong>F<\/strong>), Jaume Plensa (<strong>G<\/strong>) i Santi Moix (<strong>H<\/strong>).<\/p>\t\t\t\t\t\t\t\t<\/div>\n\t\t\t\t<\/div>\n\t\t\t\t<div class=\"elementor-element elementor-element-7f35cbb elementor-widget elementor-widget-image\" data-id=\"7f35cbb\" data-element_type=\"widget\" data-e-type=\"widget\" data-widget_type=\"image.default\">\n\t\t\t\t<div class=\"elementor-widget-container\">\n\t\t\t\t\t\t\t\t\t\t\t\t<figure class=\"wp-caption\">\n\t\t\t\t\t\t\t\t\t\t<img loading=\"lazy\" decoding=\"async\" width=\"768\" height=\"511\" src=\"https:\/\/www.elturistatranquil.com\/wp-content\/uploads\/F19-Jardins-de-Cap-Roig-Calella-de-Palafrugell-Quim-Domene-\u201cPic-nic\u201d-La-casa-que-vull.jpg\" class=\"attachment-large size-large wp-image-30140\" alt=\"Jardins de Cap Roig Calella de Palafrugell Quim Domene \u201cPic-nic\u201d (La casa que vull)\" srcset=\"https:\/\/www.elturistatranquil.com\/wp-content\/uploads\/F19-Jardins-de-Cap-Roig-Calella-de-Palafrugell-Quim-Domene-\u201cPic-nic\u201d-La-casa-que-vull.jpg 768w, https:\/\/www.elturistatranquil.com\/wp-content\/uploads\/F19-Jardins-de-Cap-Roig-Calella-de-Palafrugell-Quim-Domene-\u201cPic-nic\u201d-La-casa-que-vull-339x226.jpg 339w\" sizes=\"(max-width: 768px) 100vw, 768px\" \/>\t\t\t\t\t\t\t\t\t\t\t<figcaption class=\"widget-image-caption wp-caption-text\">Quim Domene (Olot, 1948) \u201cPic-nic\u201d (La casa que vull), 2008<\/figcaption>\n\t\t\t\t\t\t\t\t\t\t<\/figure>\n\t\t\t\t\t\t\t\t\t<\/div>\n\t\t\t\t<\/div>\n\t\t\t\t<div class=\"elementor-element elementor-element-2485d0c elementor-widget elementor-widget-image\" data-id=\"2485d0c\" data-element_type=\"widget\" data-e-type=\"widget\" data-widget_type=\"image.default\">\n\t\t\t\t<div class=\"elementor-widget-container\">\n\t\t\t\t\t\t\t\t\t\t\t\t<figure class=\"wp-caption\">\n\t\t\t\t\t\t\t\t\t\t<img loading=\"lazy\" decoding=\"async\" width=\"768\" height=\"511\" src=\"https:\/\/www.elturistatranquil.com\/wp-content\/uploads\/F20-Jardins-de-Cap-Roig-Calella-de-Palafrugell-Xavier-Corbero-2-artistas-flamencas.jpg\" class=\"attachment-large size-large wp-image-30144\" alt=\"Jardins de Cap Roig Calella de Palafrugell Xavier Corbero 2 artistas flamencas\" srcset=\"https:\/\/www.elturistatranquil.com\/wp-content\/uploads\/F20-Jardins-de-Cap-Roig-Calella-de-Palafrugell-Xavier-Corbero-2-artistas-flamencas.jpg 768w, https:\/\/www.elturistatranquil.com\/wp-content\/uploads\/F20-Jardins-de-Cap-Roig-Calella-de-Palafrugell-Xavier-Corbero-2-artistas-flamencas-339x226.jpg 339w\" sizes=\"(max-width: 768px) 100vw, 768px\" \/>\t\t\t\t\t\t\t\t\t\t\t<figcaption class=\"widget-image-caption wp-caption-text\">Xavier Corber\u00f3 (Barcelona 1935-Esplugues de Llobregat 2017), \u201c2 artistas flamencas\u201d, 2003<\/figcaption>\n\t\t\t\t\t\t\t\t\t\t<\/figure>\n\t\t\t\t\t\t\t\t\t<\/div>\n\t\t\t\t<\/div>\n\t\t\t\t<div class=\"elementor-element elementor-element-6d7658e elementor-widget elementor-widget-image\" data-id=\"6d7658e\" data-element_type=\"widget\" data-e-type=\"widget\" data-widget_type=\"image.default\">\n\t\t\t\t<div class=\"elementor-widget-container\">\n\t\t\t\t\t\t\t\t\t\t\t\t<figure class=\"wp-caption\">\n\t\t\t\t\t\t\t\t\t\t<img loading=\"lazy\" decoding=\"async\" width=\"768\" height=\"512\" src=\"https:\/\/www.elturistatranquil.com\/wp-content\/uploads\/F21-Jardins-de-Cap-Roig-Calella-de-Palafrugell-Torres-Monso-Homenatge-al-Dr-Trueta.jpg\" class=\"attachment-large size-large wp-image-30146\" alt=\"Jardins de Cap Roig Calella de Palafrugell Torres Monso Homenatge al Dr Trueta\" srcset=\"https:\/\/www.elturistatranquil.com\/wp-content\/uploads\/F21-Jardins-de-Cap-Roig-Calella-de-Palafrugell-Torres-Monso-Homenatge-al-Dr-Trueta.jpg 768w, https:\/\/www.elturistatranquil.com\/wp-content\/uploads\/F21-Jardins-de-Cap-Roig-Calella-de-Palafrugell-Torres-Monso-Homenatge-al-Dr-Trueta-339x226.jpg 339w\" sizes=\"(max-width: 768px) 100vw, 768px\" \/>\t\t\t\t\t\t\t\t\t\t\t<figcaption class=\"widget-image-caption wp-caption-text\">Torres Mons\u00f3 (Girona, 1922 \u2013 Salt, 2015), \u201cHomenatge al Dr. Trueta\u201d, 2006<\/figcaption>\n\t\t\t\t\t\t\t\t\t\t<\/figure>\n\t\t\t\t\t\t\t\t\t<\/div>\n\t\t\t\t<\/div>\n\t\t\t\t<div class=\"elementor-element elementor-element-86c849a elementor-widget elementor-widget-image\" data-id=\"86c849a\" data-element_type=\"widget\" data-e-type=\"widget\" data-widget_type=\"image.default\">\n\t\t\t\t<div class=\"elementor-widget-container\">\n\t\t\t\t\t\t\t\t\t\t\t\t<figure class=\"wp-caption\">\n\t\t\t\t\t\t\t\t\t\t<img loading=\"lazy\" decoding=\"async\" width=\"768\" height=\"511\" src=\"https:\/\/www.elturistatranquil.com\/wp-content\/uploads\/F22-Jardins-de-Cap-Roig-Calella-de-Palafrugell-Jaume-Plensa-\u201cCuc\u201d.jpg\" class=\"attachment-large size-large wp-image-30148\" alt=\"Jardins de Cap Roig Calella de Palafrugell Jaume Plensa \u201cCuc\u201d\" srcset=\"https:\/\/www.elturistatranquil.com\/wp-content\/uploads\/F22-Jardins-de-Cap-Roig-Calella-de-Palafrugell-Jaume-Plensa-\u201cCuc\u201d.jpg 768w, https:\/\/www.elturistatranquil.com\/wp-content\/uploads\/F22-Jardins-de-Cap-Roig-Calella-de-Palafrugell-Jaume-Plensa-\u201cCuc\u201d-339x226.jpg 339w\" sizes=\"(max-width: 768px) 100vw, 768px\" \/>\t\t\t\t\t\t\t\t\t\t\t<figcaption class=\"widget-image-caption wp-caption-text\">F22 Jaume Plensa (Barcelona, 1955), \u201cCuc\u201d, 1986<\/figcaption>\n\t\t\t\t\t\t\t\t\t\t<\/figure>\n\t\t\t\t\t\t\t\t\t<\/div>\n\t\t\t\t<\/div>\n\t\t\t\t<div class=\"elementor-element elementor-element-025586d elementor-widget elementor-widget-menu-anchor\" data-id=\"025586d\" data-element_type=\"widget\" data-e-type=\"widget\" data-widget_type=\"menu-anchor.default\">\n\t\t\t\t<div class=\"elementor-widget-container\">\n\t\t\t\t\t\t\t<div class=\"elementor-menu-anchor\" id=\"b4507\"><\/div>\n\t\t\t\t\t\t<\/div>\n\t\t\t\t<\/div>\n\t\t\t\t<div class=\"elementor-element elementor-element-3b280e1 elementor-widget elementor-widget-image\" data-id=\"3b280e1\" data-element_type=\"widget\" data-e-type=\"widget\" data-widget_type=\"image.default\">\n\t\t\t\t<div class=\"elementor-widget-container\">\n\t\t\t\t\t\t\t\t\t\t\t\t<figure class=\"wp-caption\">\n\t\t\t\t\t\t\t\t\t\t<img loading=\"lazy\" decoding=\"async\" width=\"768\" height=\"512\" src=\"https:\/\/www.elturistatranquil.com\/wp-content\/uploads\/F23-Jardins-de-Cap-Roig-Calella-de-Palafrugell-Santi-Moix-\u201cVolta-d\u2019Horitz\u00f3\u201d.jpg\" class=\"attachment-large size-large wp-image-30150\" alt=\"Jardins de Cap Roig Calella de Palafrugell Santi Moix \u201cVolta d\u2019Horitz\u00f3\u201d\" srcset=\"https:\/\/www.elturistatranquil.com\/wp-content\/uploads\/F23-Jardins-de-Cap-Roig-Calella-de-Palafrugell-Santi-Moix-\u201cVolta-d\u2019Horitz\u00f3\u201d.jpg 768w, https:\/\/www.elturistatranquil.com\/wp-content\/uploads\/F23-Jardins-de-Cap-Roig-Calella-de-Palafrugell-Santi-Moix-\u201cVolta-d\u2019Horitz\u00f3\u201d-339x226.jpg 339w\" sizes=\"(max-width: 768px) 100vw, 768px\" \/>\t\t\t\t\t\t\t\t\t\t\t<figcaption class=\"widget-image-caption wp-caption-text\">Santi Moix (Barcelona, 1966), \u201cVolta d\u2019Horitz\u00f3\u201d, 2005<\/figcaption>\n\t\t\t\t\t\t\t\t\t\t<\/figure>\n\t\t\t\t\t\t\t\t\t<\/div>\n\t\t\t\t<\/div>\n\t\t\t\t<div class=\"elementor-element elementor-element-0166553 elementor-widget elementor-widget-heading\" data-id=\"0166553\" data-element_type=\"widget\" data-e-type=\"widget\" data-widget_type=\"heading.default\">\n\t\t\t\t<div class=\"elementor-widget-container\">\n\t\t\t\t\t<h4 class=\"elementor-heading-title elementor-size-default\">Pla\u00e7a del Castell<\/h4>\t\t\t\t<\/div>\n\t\t\t\t<\/div>\n\t\t\t\t<div class=\"elementor-element elementor-element-068502a elementor-widget elementor-widget-text-editor\" data-id=\"068502a\" data-element_type=\"widget\" data-e-type=\"widget\" data-widget_type=\"text-editor.default\">\n\t\t\t\t<div class=\"elementor-widget-container\">\n\t\t\t\t\t\t\t\t\t<p>Tornant enrere va apareixent la silueta del Castell.<\/p>\t\t\t\t\t\t\t\t<\/div>\n\t\t\t\t<\/div>\n\t\t\t\t<div class=\"elementor-element elementor-element-93f1863 elementor-widget elementor-widget-image\" data-id=\"93f1863\" data-element_type=\"widget\" data-e-type=\"widget\" data-widget_type=\"image.default\">\n\t\t\t\t<div class=\"elementor-widget-container\">\n\t\t\t\t\t\t\t\t\t\t\t\t<figure class=\"wp-caption\">\n\t\t\t\t\t\t\t\t\t\t<img loading=\"lazy\" decoding=\"async\" width=\"768\" height=\"511\" src=\"https:\/\/www.elturistatranquil.com\/wp-content\/uploads\/F24-Jardins-de-Cap-Roig-Calella-de-Palafrugell.jpg\" class=\"attachment-large size-large wp-image-30152\" alt=\"Jardins de Cap Roig Calella de Palafrugell\" srcset=\"https:\/\/www.elturistatranquil.com\/wp-content\/uploads\/F24-Jardins-de-Cap-Roig-Calella-de-Palafrugell.jpg 768w, https:\/\/www.elturistatranquil.com\/wp-content\/uploads\/F24-Jardins-de-Cap-Roig-Calella-de-Palafrugell-339x226.jpg 339w\" sizes=\"(max-width: 768px) 100vw, 768px\" \/>\t\t\t\t\t\t\t\t\t\t\t<figcaption class=\"widget-image-caption wp-caption-text\"><\/figcaption>\n\t\t\t\t\t\t\t\t\t\t<\/figure>\n\t\t\t\t\t\t\t\t\t<\/div>\n\t\t\t\t<\/div>\n\t\t\t\t<div class=\"elementor-element elementor-element-88b3cda elementor-widget elementor-widget-text-editor\" data-id=\"88b3cda\" data-element_type=\"widget\" data-e-type=\"widget\" data-widget_type=\"text-editor.default\">\n\t\t\t\t<div class=\"elementor-widget-container\">\n\t\t\t\t\t\t\t\t\t<p>S\u2019arriba a la <strong>Pla\u00e7a del Castell <\/strong>(<strong>5<\/strong>), amb el <strong>Castell <\/strong>(<strong>6<\/strong>) presidint-la. De color vermell\u00f3s per l\u2019\u00f2xid que genera la pedra ferruginosa, es va construir utilitzant la pedrera que hem vist a l\u2019entrada.<\/p><p>D\u2019estil historicista medieval, va ser l\u2019allotjament que es van fer construir el matrimoni Woevodsky.<\/p><p>Segons sembla, en aquest punt hi havia una edificaci\u00f3 des del segle X, per\u00f2 la construcci\u00f3 actual \u00e9s reedificada iniciada l\u2019any 1929, aprofitant elements antics.<\/p><p>Trobo la pla\u00e7a del Castell i la <strong>pla\u00e7a del Festival<\/strong> (<strong>13<\/strong>) en obres de remodelaci\u00f3. En aquesta ocasi\u00f3 m\u2019he de conformar amb una visualitzaci\u00f3 a distancia en mig de maquinaria i estris de construcci\u00f3.<\/p>\t\t\t\t\t\t\t\t<\/div>\n\t\t\t\t<\/div>\n\t\t\t\t<div class=\"elementor-element elementor-element-ad12cea elementor-widget elementor-widget-image\" data-id=\"ad12cea\" data-element_type=\"widget\" data-e-type=\"widget\" data-widget_type=\"image.default\">\n\t\t\t\t<div class=\"elementor-widget-container\">\n\t\t\t\t\t\t\t\t\t\t\t\t<figure class=\"wp-caption\">\n\t\t\t\t\t\t\t\t\t\t<img loading=\"lazy\" decoding=\"async\" width=\"768\" height=\"512\" src=\"https:\/\/www.elturistatranquil.com\/wp-content\/uploads\/F25-Castell-de-Cap-Roig-Calella-de-Palafrugell.jpg\" class=\"attachment-large size-large wp-image-30154\" alt=\"Castell de Cap Roig Calella de Palafrugell\" srcset=\"https:\/\/www.elturistatranquil.com\/wp-content\/uploads\/F25-Castell-de-Cap-Roig-Calella-de-Palafrugell.jpg 768w, https:\/\/www.elturistatranquil.com\/wp-content\/uploads\/F25-Castell-de-Cap-Roig-Calella-de-Palafrugell-339x226.jpg 339w\" sizes=\"(max-width: 768px) 100vw, 768px\" \/>\t\t\t\t\t\t\t\t\t\t\t<figcaption class=\"widget-image-caption wp-caption-text\"><\/figcaption>\n\t\t\t\t\t\t\t\t\t\t<\/figure>\n\t\t\t\t\t\t\t\t\t<\/div>\n\t\t\t\t<\/div>\n\t\t\t\t<div class=\"elementor-element elementor-element-517d1d9 elementor-widget elementor-widget-image\" data-id=\"517d1d9\" data-element_type=\"widget\" data-e-type=\"widget\" data-widget_type=\"image.default\">\n\t\t\t\t<div class=\"elementor-widget-container\">\n\t\t\t\t\t\t\t\t\t\t\t\t<figure class=\"wp-caption\">\n\t\t\t\t\t\t\t\t\t\t<img loading=\"lazy\" decoding=\"async\" width=\"768\" height=\"511\" src=\"https:\/\/www.elturistatranquil.com\/wp-content\/uploads\/F26-Castell-de-Cap-Roig-Calella-de-Palafrugell.jpg\" class=\"attachment-large size-large wp-image-30156\" alt=\"Castell de Cap Roig Calella de Palafrugell\" srcset=\"https:\/\/www.elturistatranquil.com\/wp-content\/uploads\/F26-Castell-de-Cap-Roig-Calella-de-Palafrugell.jpg 768w, https:\/\/www.elturistatranquil.com\/wp-content\/uploads\/F26-Castell-de-Cap-Roig-Calella-de-Palafrugell-339x226.jpg 339w\" sizes=\"(max-width: 768px) 100vw, 768px\" \/>\t\t\t\t\t\t\t\t\t\t\t<figcaption class=\"widget-image-caption wp-caption-text\"><\/figcaption>\n\t\t\t\t\t\t\t\t\t\t<\/figure>\n\t\t\t\t\t\t\t\t\t<\/div>\n\t\t\t\t<\/div>\n\t\t\t\t<div class=\"elementor-element elementor-element-b92717e elementor-widget elementor-widget-text-editor\" data-id=\"b92717e\" data-element_type=\"widget\" data-e-type=\"widget\" data-widget_type=\"text-editor.default\">\n\t\t\t\t<div class=\"elementor-widget-container\">\n\t\t\t\t\t\t\t\t\t<p>L\u2019edifici es rectangular amb un pati interior. L\u2019entrada principal es situa al mur sud-oest, amb una torre a l\u2019angle sud. A l\u2019extrem nord-est una capella amb cimbori.<\/p>\t\t\t\t\t\t\t\t<\/div>\n\t\t\t\t<\/div>\n\t\t\t\t<div class=\"elementor-element elementor-element-56d027b elementor-widget elementor-widget-image\" data-id=\"56d027b\" data-element_type=\"widget\" data-e-type=\"widget\" data-widget_type=\"image.default\">\n\t\t\t\t<div class=\"elementor-widget-container\">\n\t\t\t\t\t\t\t\t\t\t\t\t<figure class=\"wp-caption\">\n\t\t\t\t\t\t\t\t\t\t<img loading=\"lazy\" decoding=\"async\" width=\"768\" height=\"471\" src=\"https:\/\/www.elturistatranquil.com\/wp-content\/uploads\/F27-Castell-de-Cap-Roig-Calella-de-Palafrugell.jpg\" class=\"attachment-large size-large wp-image-30158\" alt=\"Castell de Cap Roig Calella de Palafrugell\" srcset=\"https:\/\/www.elturistatranquil.com\/wp-content\/uploads\/F27-Castell-de-Cap-Roig-Calella-de-Palafrugell.jpg 768w, https:\/\/www.elturistatranquil.com\/wp-content\/uploads\/F27-Castell-de-Cap-Roig-Calella-de-Palafrugell-339x208.jpg 339w\" sizes=\"(max-width: 768px) 100vw, 768px\" \/>\t\t\t\t\t\t\t\t\t\t\t<figcaption class=\"widget-image-caption wp-caption-text\"><\/figcaption>\n\t\t\t\t\t\t\t\t\t\t<\/figure>\n\t\t\t\t\t\t\t\t\t<\/div>\n\t\t\t\t<\/div>\n\t\t\t\t<div class=\"elementor-element elementor-element-977147d elementor-widget elementor-widget-image\" data-id=\"977147d\" data-element_type=\"widget\" data-e-type=\"widget\" data-widget_type=\"image.default\">\n\t\t\t\t<div class=\"elementor-widget-container\">\n\t\t\t\t\t\t\t\t\t\t\t\t<figure class=\"wp-caption\">\n\t\t\t\t\t\t\t\t\t\t<img loading=\"lazy\" decoding=\"async\" width=\"768\" height=\"511\" src=\"https:\/\/www.elturistatranquil.com\/wp-content\/uploads\/F28-Castell-de-Cap-Roig-Calella-de-Palafrugell.jpg\" class=\"attachment-large size-large wp-image-30160\" alt=\"Castell de Cap Roig Calella de Palafrugell\" srcset=\"https:\/\/www.elturistatranquil.com\/wp-content\/uploads\/F28-Castell-de-Cap-Roig-Calella-de-Palafrugell.jpg 768w, https:\/\/www.elturistatranquil.com\/wp-content\/uploads\/F28-Castell-de-Cap-Roig-Calella-de-Palafrugell-339x226.jpg 339w\" sizes=\"(max-width: 768px) 100vw, 768px\" \/>\t\t\t\t\t\t\t\t\t\t\t<figcaption class=\"widget-image-caption wp-caption-text\"><\/figcaption>\n\t\t\t\t\t\t\t\t\t\t<\/figure>\n\t\t\t\t\t\t\t\t\t<\/div>\n\t\t\t\t<\/div>\n\t\t\t\t<div class=\"elementor-element elementor-element-8f9ecda elementor-widget elementor-widget-image\" data-id=\"8f9ecda\" data-element_type=\"widget\" data-e-type=\"widget\" data-widget_type=\"image.default\">\n\t\t\t\t<div class=\"elementor-widget-container\">\n\t\t\t\t\t\t\t\t\t\t\t\t<figure class=\"wp-caption\">\n\t\t\t\t\t\t\t\t\t\t<img loading=\"lazy\" decoding=\"async\" width=\"768\" height=\"511\" src=\"https:\/\/www.elturistatranquil.com\/wp-content\/uploads\/F29-Castell-de-Cap-Roig-Calella-de-Palafrugell.jpg\" class=\"attachment-large size-large wp-image-30162\" alt=\"Castell de Cap Roig Calella de Palafrugell\" srcset=\"https:\/\/www.elturistatranquil.com\/wp-content\/uploads\/F29-Castell-de-Cap-Roig-Calella-de-Palafrugell.jpg 768w, https:\/\/www.elturistatranquil.com\/wp-content\/uploads\/F29-Castell-de-Cap-Roig-Calella-de-Palafrugell-339x226.jpg 339w\" sizes=\"(max-width: 768px) 100vw, 768px\" \/>\t\t\t\t\t\t\t\t\t\t\t<figcaption class=\"widget-image-caption wp-caption-text\"><\/figcaption>\n\t\t\t\t\t\t\t\t\t\t<\/figure>\n\t\t\t\t\t\t\t\t\t<\/div>\n\t\t\t\t<\/div>\n\t\t\t\t<div class=\"elementor-element elementor-element-91eb423 elementor-widget elementor-widget-text-editor\" data-id=\"91eb423\" data-element_type=\"widget\" data-e-type=\"widget\" data-widget_type=\"text-editor.default\">\n\t\t\t\t<div class=\"elementor-widget-container\">\n\t\t\t\t\t\t\t\t\t<p>El recorregut ser\u00e0 una mica diferent a l\u2019habitual. Ens fan contornejar la <strong>pla\u00e7a del Festival<\/strong> (<strong>13<\/strong>) que ofereix una perspectiva diferent, i sense cap entrebanc visual, de l\u2019angle sud de l\u2019edifici.<\/p>\t\t\t\t\t\t\t\t<\/div>\n\t\t\t\t<\/div>\n\t\t\t\t<div class=\"elementor-element elementor-element-880b52c elementor-widget elementor-widget-image\" data-id=\"880b52c\" data-element_type=\"widget\" data-e-type=\"widget\" data-widget_type=\"image.default\">\n\t\t\t\t<div class=\"elementor-widget-container\">\n\t\t\t\t\t\t\t\t\t\t\t\t<figure class=\"wp-caption\">\n\t\t\t\t\t\t\t\t\t\t<img loading=\"lazy\" decoding=\"async\" width=\"768\" height=\"511\" src=\"https:\/\/www.elturistatranquil.com\/wp-content\/uploads\/F30-Castell-de-Cap-Roig-Calella-de-Palafrugell.jpg\" class=\"attachment-large size-large wp-image-30168\" alt=\"Castell de Cap Roig Calella de Palafrugell\" srcset=\"https:\/\/www.elturistatranquil.com\/wp-content\/uploads\/F30-Castell-de-Cap-Roig-Calella-de-Palafrugell.jpg 768w, https:\/\/www.elturistatranquil.com\/wp-content\/uploads\/F30-Castell-de-Cap-Roig-Calella-de-Palafrugell-339x226.jpg 339w\" sizes=\"(max-width: 768px) 100vw, 768px\" \/>\t\t\t\t\t\t\t\t\t\t\t<figcaption class=\"widget-image-caption wp-caption-text\"><\/figcaption>\n\t\t\t\t\t\t\t\t\t\t<\/figure>\n\t\t\t\t\t\t\t\t\t<\/div>\n\t\t\t\t<\/div>\n\t\t\t\t<div class=\"elementor-element elementor-element-0efa42d elementor-widget elementor-widget-menu-anchor\" data-id=\"0efa42d\" data-element_type=\"widget\" data-e-type=\"widget\" data-widget_type=\"menu-anchor.default\">\n\t\t\t\t<div class=\"elementor-widget-container\">\n\t\t\t\t\t\t\t<div class=\"elementor-menu-anchor\" id=\"b4508\"><\/div>\n\t\t\t\t\t\t<\/div>\n\t\t\t\t<\/div>\n\t\t\t\t<div class=\"elementor-element elementor-element-26c62ad elementor-widget elementor-widget-image\" data-id=\"26c62ad\" data-element_type=\"widget\" data-e-type=\"widget\" data-widget_type=\"image.default\">\n\t\t\t\t<div class=\"elementor-widget-container\">\n\t\t\t\t\t\t\t\t\t\t\t\t<figure class=\"wp-caption\">\n\t\t\t\t\t\t\t\t\t\t<img loading=\"lazy\" decoding=\"async\" width=\"768\" height=\"512\" src=\"https:\/\/www.elturistatranquil.com\/wp-content\/uploads\/F31-Castell-de-Cap-Roig-Calella-de-Palafrugell.jpg\" class=\"attachment-large size-large wp-image-30170\" alt=\"Castell de Cap Roig Calella de Palafrugell\" srcset=\"https:\/\/www.elturistatranquil.com\/wp-content\/uploads\/F31-Castell-de-Cap-Roig-Calella-de-Palafrugell.jpg 768w, https:\/\/www.elturistatranquil.com\/wp-content\/uploads\/F31-Castell-de-Cap-Roig-Calella-de-Palafrugell-339x226.jpg 339w\" sizes=\"(max-width: 768px) 100vw, 768px\" \/>\t\t\t\t\t\t\t\t\t\t\t<figcaption class=\"widget-image-caption wp-caption-text\"><\/figcaption>\n\t\t\t\t\t\t\t\t\t\t<\/figure>\n\t\t\t\t\t\t\t\t\t<\/div>\n\t\t\t\t<\/div>\n\t\t\t\t<div class=\"elementor-element elementor-element-94a07ff elementor-widget elementor-widget-heading\" data-id=\"94a07ff\" data-element_type=\"widget\" data-e-type=\"widget\" data-widget_type=\"heading.default\">\n\t\t\t\t<div class=\"elementor-widget-container\">\n\t\t\t\t\t<h4 class=\"elementor-heading-title elementor-size-default\">Les terrasses<\/h4>\t\t\t\t<\/div>\n\t\t\t\t<\/div>\n\t\t\t\t<div class=\"elementor-element elementor-element-dae5e6a elementor-widget elementor-widget-text-editor\" data-id=\"dae5e6a\" data-element_type=\"widget\" data-e-type=\"widget\" data-widget_type=\"text-editor.default\">\n\t\t\t\t<div class=\"elementor-widget-container\">\n\t\t\t\t\t\t\t\t\t<p>Aquest tomb ens porta a les <strong>terrasses<\/strong> que es van construir sota el Castell encarades al mar. Una escala connecta les tres.<\/p>\t\t\t\t\t\t\t\t<\/div>\n\t\t\t\t<\/div>\n\t\t\t\t<div class=\"elementor-element elementor-element-e02ceb9 elementor-widget elementor-widget-image\" data-id=\"e02ceb9\" data-element_type=\"widget\" data-e-type=\"widget\" data-widget_type=\"image.default\">\n\t\t\t\t<div class=\"elementor-widget-container\">\n\t\t\t\t\t\t\t\t\t\t\t\t<figure class=\"wp-caption\">\n\t\t\t\t\t\t\t\t\t\t<img loading=\"lazy\" decoding=\"async\" width=\"768\" height=\"511\" src=\"https:\/\/www.elturistatranquil.com\/wp-content\/uploads\/F32-Jardins-de-Cap-Roig-Calella-de-Palafrugell.jpg\" class=\"attachment-large size-large wp-image-30172\" alt=\"Jardins de Cap Roig Calella de Palafrugell\" srcset=\"https:\/\/www.elturistatranquil.com\/wp-content\/uploads\/F32-Jardins-de-Cap-Roig-Calella-de-Palafrugell.jpg 768w, https:\/\/www.elturistatranquil.com\/wp-content\/uploads\/F32-Jardins-de-Cap-Roig-Calella-de-Palafrugell-339x226.jpg 339w\" sizes=\"(max-width: 768px) 100vw, 768px\" \/>\t\t\t\t\t\t\t\t\t\t\t<figcaption class=\"widget-image-caption wp-caption-text\"><\/figcaption>\n\t\t\t\t\t\t\t\t\t\t<\/figure>\n\t\t\t\t\t\t\t\t\t<\/div>\n\t\t\t\t<\/div>\n\t\t\t\t<div class=\"elementor-element elementor-element-529f390 elementor-widget elementor-widget-text-editor\" data-id=\"529f390\" data-element_type=\"widget\" data-e-type=\"widget\" data-widget_type=\"text-editor.default\">\n\t\t\t\t<div class=\"elementor-widget-container\">\n\t\t\t\t\t\t\t\t\t<p>La m\u00e9s elevada i propera al mur del Castell sota la Capella \u00e9s l\u2019anomenada <strong>terrassa de les Monges<\/strong> (<strong>7<\/strong>).<\/p>\t\t\t\t\t\t\t\t<\/div>\n\t\t\t\t<\/div>\n\t\t\t\t<div class=\"elementor-element elementor-element-abf4721 elementor-widget elementor-widget-image\" data-id=\"abf4721\" data-element_type=\"widget\" data-e-type=\"widget\" data-widget_type=\"image.default\">\n\t\t\t\t<div class=\"elementor-widget-container\">\n\t\t\t\t\t\t\t\t\t\t\t\t<figure class=\"wp-caption\">\n\t\t\t\t\t\t\t\t\t\t<img loading=\"lazy\" decoding=\"async\" width=\"768\" height=\"511\" src=\"https:\/\/www.elturistatranquil.com\/wp-content\/uploads\/F33-Jardins-de-Cap-Roig-Calella-de-Palafrugell.jpg\" class=\"attachment-large size-large wp-image-30174\" alt=\"Jardins de Cap Roig Calella de Palafrugell\" srcset=\"https:\/\/www.elturistatranquil.com\/wp-content\/uploads\/F33-Jardins-de-Cap-Roig-Calella-de-Palafrugell.jpg 768w, https:\/\/www.elturistatranquil.com\/wp-content\/uploads\/F33-Jardins-de-Cap-Roig-Calella-de-Palafrugell-339x226.jpg 339w\" sizes=\"(max-width: 768px) 100vw, 768px\" \/>\t\t\t\t\t\t\t\t\t\t\t<figcaption class=\"widget-image-caption wp-caption-text\"><\/figcaption>\n\t\t\t\t\t\t\t\t\t\t<\/figure>\n\t\t\t\t\t\t\t\t\t<\/div>\n\t\t\t\t<\/div>\n\t\t\t\t<div class=\"elementor-element elementor-element-339ee65 elementor-widget elementor-widget-image\" data-id=\"339ee65\" data-element_type=\"widget\" data-e-type=\"widget\" data-widget_type=\"image.default\">\n\t\t\t\t<div class=\"elementor-widget-container\">\n\t\t\t\t\t\t\t\t\t\t\t\t<figure class=\"wp-caption\">\n\t\t\t\t\t\t\t\t\t\t<img loading=\"lazy\" decoding=\"async\" width=\"768\" height=\"511\" src=\"https:\/\/www.elturistatranquil.com\/wp-content\/uploads\/F34-Castell-de-Cap-Roig-Calella-de-Palafrugell.jpg\" class=\"attachment-large size-large wp-image-30176\" alt=\"Castell de Cap Roig Calella de Palafrugell\" srcset=\"https:\/\/www.elturistatranquil.com\/wp-content\/uploads\/F34-Castell-de-Cap-Roig-Calella-de-Palafrugell.jpg 768w, https:\/\/www.elturistatranquil.com\/wp-content\/uploads\/F34-Castell-de-Cap-Roig-Calella-de-Palafrugell-339x226.jpg 339w\" sizes=\"(max-width: 768px) 100vw, 768px\" \/>\t\t\t\t\t\t\t\t\t\t\t<figcaption class=\"widget-image-caption wp-caption-text\"><\/figcaption>\n\t\t\t\t\t\t\t\t\t\t<\/figure>\n\t\t\t\t\t\t\t\t\t<\/div>\n\t\t\t\t<\/div>\n\t\t\t\t<div class=\"elementor-element elementor-element-e52da45 elementor-widget elementor-widget-text-editor\" data-id=\"e52da45\" data-element_type=\"widget\" data-e-type=\"widget\" data-widget_type=\"text-editor.default\">\n\t\t\t\t<div class=\"elementor-widget-container\">\n\t\t\t\t\t\t\t\t\t<p>Des de l\u2019extrem nord comencem a veure les vistes sobre la costa nord.<\/p>\t\t\t\t\t\t\t\t<\/div>\n\t\t\t\t<\/div>\n\t\t\t\t<div class=\"elementor-element elementor-element-17d0b48 elementor-widget elementor-widget-image\" data-id=\"17d0b48\" data-element_type=\"widget\" data-e-type=\"widget\" data-widget_type=\"image.default\">\n\t\t\t\t<div class=\"elementor-widget-container\">\n\t\t\t\t\t\t\t\t\t\t\t\t<figure class=\"wp-caption\">\n\t\t\t\t\t\t\t\t\t\t<img loading=\"lazy\" decoding=\"async\" width=\"768\" height=\"511\" src=\"https:\/\/www.elturistatranquil.com\/wp-content\/uploads\/F35-Jardins-de-Cap-Roig-Calella-de-Palafrugell.jpg\" class=\"attachment-large size-large wp-image-30178\" alt=\"Jardins de Cap Roig Calella de Palafrugell\" srcset=\"https:\/\/www.elturistatranquil.com\/wp-content\/uploads\/F35-Jardins-de-Cap-Roig-Calella-de-Palafrugell.jpg 768w, https:\/\/www.elturistatranquil.com\/wp-content\/uploads\/F35-Jardins-de-Cap-Roig-Calella-de-Palafrugell-339x226.jpg 339w\" sizes=\"(max-width: 768px) 100vw, 768px\" \/>\t\t\t\t\t\t\t\t\t\t\t<figcaption class=\"widget-image-caption wp-caption-text\"><\/figcaption>\n\t\t\t\t\t\t\t\t\t\t<\/figure>\n\t\t\t\t\t\t\t\t\t<\/div>\n\t\t\t\t<\/div>\n\t\t\t\t<div class=\"elementor-element elementor-element-0c01cb0 elementor-widget elementor-widget-text-editor\" data-id=\"0c01cb0\" data-element_type=\"widget\" data-e-type=\"widget\" data-widget_type=\"text-editor.default\">\n\t\t\t\t<div class=\"elementor-widget-container\">\n\t\t\t\t\t\t\t\t\t<p>La de sota es <strong>la terrassa Bassin<\/strong> (<strong>8<\/strong>). Una petita bassa al centre li dona el nom.<\/p>\t\t\t\t\t\t\t\t<\/div>\n\t\t\t\t<\/div>\n\t\t\t\t<div class=\"elementor-element elementor-element-e92f61d elementor-widget elementor-widget-image\" data-id=\"e92f61d\" data-element_type=\"widget\" data-e-type=\"widget\" data-widget_type=\"image.default\">\n\t\t\t\t<div class=\"elementor-widget-container\">\n\t\t\t\t\t\t\t\t\t\t\t\t<figure class=\"wp-caption\">\n\t\t\t\t\t\t\t\t\t\t<img loading=\"lazy\" decoding=\"async\" width=\"768\" height=\"511\" src=\"https:\/\/www.elturistatranquil.com\/wp-content\/uploads\/F36-Jardins-de-Cap-Roig-Calella-de-Palafrugell.jpg\" class=\"attachment-large size-large wp-image-30180\" alt=\"Jardins de Cap Roig Calella de Palafrugell\" srcset=\"https:\/\/www.elturistatranquil.com\/wp-content\/uploads\/F36-Jardins-de-Cap-Roig-Calella-de-Palafrugell.jpg 768w, https:\/\/www.elturistatranquil.com\/wp-content\/uploads\/F36-Jardins-de-Cap-Roig-Calella-de-Palafrugell-339x226.jpg 339w\" sizes=\"(max-width: 768px) 100vw, 768px\" \/>\t\t\t\t\t\t\t\t\t\t\t<figcaption class=\"widget-image-caption wp-caption-text\"><\/figcaption>\n\t\t\t\t\t\t\t\t\t\t<\/figure>\n\t\t\t\t\t\t\t\t\t<\/div>\n\t\t\t\t<\/div>\n\t\t\t\t<div class=\"elementor-element elementor-element-bd935ea elementor-widget elementor-widget-text-editor\" data-id=\"bd935ea\" data-element_type=\"widget\" data-e-type=\"widget\" data-widget_type=\"text-editor.default\">\n\t\t\t\t<div class=\"elementor-widget-container\">\n\t\t\t\t\t\t\t\t\t<p>Per \u00faltim, la tercera terrassa correspon al <strong>jard\u00ed dels Enamorats<\/strong> (<strong>9<\/strong>). Unes arcades de pedra aporten un toc rom\u00e0ntic a la terrassa.<\/p>\t\t\t\t\t\t\t\t<\/div>\n\t\t\t\t<\/div>\n\t\t\t\t<div class=\"elementor-element elementor-element-630c37b elementor-widget elementor-widget-image\" data-id=\"630c37b\" data-element_type=\"widget\" data-e-type=\"widget\" data-widget_type=\"image.default\">\n\t\t\t\t<div class=\"elementor-widget-container\">\n\t\t\t\t\t\t\t\t\t\t\t\t<figure class=\"wp-caption\">\n\t\t\t\t\t\t\t\t\t\t<img loading=\"lazy\" decoding=\"async\" width=\"768\" height=\"511\" src=\"https:\/\/www.elturistatranquil.com\/wp-content\/uploads\/F37-Jardins-de-Cap-Roig-Calella-de-Palafrugell.jpg\" class=\"attachment-large size-large wp-image-30182\" alt=\"Jardins de Cap Roig Calella de Palafrugell\" srcset=\"https:\/\/www.elturistatranquil.com\/wp-content\/uploads\/F37-Jardins-de-Cap-Roig-Calella-de-Palafrugell.jpg 768w, https:\/\/www.elturistatranquil.com\/wp-content\/uploads\/F37-Jardins-de-Cap-Roig-Calella-de-Palafrugell-339x226.jpg 339w\" sizes=\"(max-width: 768px) 100vw, 768px\" \/>\t\t\t\t\t\t\t\t\t\t\t<figcaption class=\"widget-image-caption wp-caption-text\"><\/figcaption>\n\t\t\t\t\t\t\t\t\t\t<\/figure>\n\t\t\t\t\t\t\t\t\t<\/div>\n\t\t\t\t<\/div>\n\t\t\t\t<div class=\"elementor-element elementor-element-a611ed5 elementor-widget elementor-widget-menu-anchor\" data-id=\"a611ed5\" data-element_type=\"widget\" data-e-type=\"widget\" data-widget_type=\"menu-anchor.default\">\n\t\t\t\t<div class=\"elementor-widget-container\">\n\t\t\t\t\t\t\t<div class=\"elementor-menu-anchor\" id=\"b4509\"><\/div>\n\t\t\t\t\t\t<\/div>\n\t\t\t\t<\/div>\n\t\t\t\t<div class=\"elementor-element elementor-element-5893fa4 elementor-widget elementor-widget-image\" data-id=\"5893fa4\" data-element_type=\"widget\" data-e-type=\"widget\" data-widget_type=\"image.default\">\n\t\t\t\t<div class=\"elementor-widget-container\">\n\t\t\t\t\t\t\t\t\t\t\t\t<figure class=\"wp-caption\">\n\t\t\t\t\t\t\t\t\t\t<img loading=\"lazy\" decoding=\"async\" width=\"768\" height=\"511\" src=\"https:\/\/www.elturistatranquil.com\/wp-content\/uploads\/F38-Jardins-de-Cap-Roig-Calella-de-Palafrugell.jpg\" class=\"attachment-large size-large wp-image-30184\" alt=\"Jardins de Cap Roig Calella de Palafrugell\" srcset=\"https:\/\/www.elturistatranquil.com\/wp-content\/uploads\/F38-Jardins-de-Cap-Roig-Calella-de-Palafrugell.jpg 768w, https:\/\/www.elturistatranquil.com\/wp-content\/uploads\/F38-Jardins-de-Cap-Roig-Calella-de-Palafrugell-339x226.jpg 339w\" sizes=\"(max-width: 768px) 100vw, 768px\" \/>\t\t\t\t\t\t\t\t\t\t\t<figcaption class=\"widget-image-caption wp-caption-text\"><\/figcaption>\n\t\t\t\t\t\t\t\t\t\t<\/figure>\n\t\t\t\t\t\t\t\t\t<\/div>\n\t\t\t\t<\/div>\n\t\t\t\t<div class=\"elementor-element elementor-element-a7449c8 elementor-widget elementor-widget-heading\" data-id=\"a7449c8\" data-element_type=\"widget\" data-e-type=\"widget\" data-widget_type=\"heading.default\">\n\t\t\t\t<div class=\"elementor-widget-container\">\n\t\t\t\t\t<h4 class=\"elementor-heading-title elementor-size-default\">Els jardins sobre el mar<\/h4>\t\t\t\t<\/div>\n\t\t\t\t<\/div>\n\t\t\t\t<div class=\"elementor-element elementor-element-a52c526 elementor-widget elementor-widget-text-editor\" data-id=\"a52c526\" data-element_type=\"widget\" data-e-type=\"widget\" data-widget_type=\"text-editor.default\">\n\t\t\t\t<div class=\"elementor-widget-container\">\n\t\t\t\t\t\t\t\t\t<p>Sortint del jard\u00ed deis Enamorats arribem al <strong>jard\u00ed de Primavera<\/strong> (<strong>10<\/strong>). Construir sobre la pendent que aboca al mar.<\/p>\t\t\t\t\t\t\t\t<\/div>\n\t\t\t\t<\/div>\n\t\t\t\t<div class=\"elementor-element elementor-element-897eba5 elementor-widget elementor-widget-image\" data-id=\"897eba5\" data-element_type=\"widget\" data-e-type=\"widget\" data-widget_type=\"image.default\">\n\t\t\t\t<div class=\"elementor-widget-container\">\n\t\t\t\t\t\t\t\t\t\t\t\t<figure class=\"wp-caption\">\n\t\t\t\t\t\t\t\t\t\t<img loading=\"lazy\" decoding=\"async\" width=\"768\" height=\"511\" src=\"https:\/\/www.elturistatranquil.com\/wp-content\/uploads\/F39-Jardins-de-Cap-Roig-Calella-de-Palafrugell.jpg\" class=\"attachment-large size-large wp-image-30186\" alt=\"Jardins de Cap Roig Calella de Palafrugell\" srcset=\"https:\/\/www.elturistatranquil.com\/wp-content\/uploads\/F39-Jardins-de-Cap-Roig-Calella-de-Palafrugell.jpg 768w, https:\/\/www.elturistatranquil.com\/wp-content\/uploads\/F39-Jardins-de-Cap-Roig-Calella-de-Palafrugell-339x226.jpg 339w\" sizes=\"(max-width: 768px) 100vw, 768px\" \/>\t\t\t\t\t\t\t\t\t\t\t<figcaption class=\"widget-image-caption wp-caption-text\"><\/figcaption>\n\t\t\t\t\t\t\t\t\t\t<\/figure>\n\t\t\t\t\t\t\t\t\t<\/div>\n\t\t\t\t<\/div>\n\t\t\t\t<div class=\"elementor-element elementor-element-f33900d elementor-widget elementor-widget-image\" data-id=\"f33900d\" data-element_type=\"widget\" data-e-type=\"widget\" data-widget_type=\"image.default\">\n\t\t\t\t<div class=\"elementor-widget-container\">\n\t\t\t\t\t\t\t\t\t\t\t\t<figure class=\"wp-caption\">\n\t\t\t\t\t\t\t\t\t\t<img loading=\"lazy\" decoding=\"async\" width=\"768\" height=\"511\" src=\"https:\/\/www.elturistatranquil.com\/wp-content\/uploads\/F40-Jardins-de-Cap-Roig-Calella-de-Palafrugell.jpg\" class=\"attachment-large size-large wp-image-30188\" alt=\"Jardins de Cap Roig Calella de Palafrugell\" srcset=\"https:\/\/www.elturistatranquil.com\/wp-content\/uploads\/F40-Jardins-de-Cap-Roig-Calella-de-Palafrugell.jpg 768w, https:\/\/www.elturistatranquil.com\/wp-content\/uploads\/F40-Jardins-de-Cap-Roig-Calella-de-Palafrugell-339x226.jpg 339w\" sizes=\"(max-width: 768px) 100vw, 768px\" \/>\t\t\t\t\t\t\t\t\t\t\t<figcaption class=\"widget-image-caption wp-caption-text\"><\/figcaption>\n\t\t\t\t\t\t\t\t\t\t<\/figure>\n\t\t\t\t\t\t\t\t\t<\/div>\n\t\t\t\t<\/div>\n\t\t\t\t<div class=\"elementor-element elementor-element-1e253bb elementor-widget elementor-widget-text-editor\" data-id=\"1e253bb\" data-element_type=\"widget\" data-e-type=\"widget\" data-widget_type=\"text-editor.default\">\n\t\t\t\t<div class=\"elementor-widget-container\">\n\t\t\t\t\t\t\t\t\t<p>A partir d\u2019aqu\u00ed es correspon amb la part m\u00e9s estrictament bot\u00e0nica del jard\u00ed.<\/p><p>Al final d\u2019aquest passad\u00eds ens indiquen que pugem a donar una volta pel <strong>jard\u00ed del Coronel<\/strong> (<strong>11<\/strong>) i el <strong>jard\u00ed del Caporal<\/strong> (<strong>12<\/strong>).<\/p>\t\t\t\t\t\t\t\t<\/div>\n\t\t\t\t<\/div>\n\t\t\t\t<div class=\"elementor-element elementor-element-cdb7ea3 elementor-widget elementor-widget-image\" data-id=\"cdb7ea3\" data-element_type=\"widget\" data-e-type=\"widget\" data-widget_type=\"image.default\">\n\t\t\t\t<div class=\"elementor-widget-container\">\n\t\t\t\t\t\t\t\t\t\t\t\t<figure class=\"wp-caption\">\n\t\t\t\t\t\t\t\t\t\t<img loading=\"lazy\" decoding=\"async\" width=\"768\" height=\"511\" src=\"https:\/\/www.elturistatranquil.com\/wp-content\/uploads\/F41a-Jardins-de-Cap-Roig-Calella-de-Palafrugell.jpg\" class=\"attachment-large size-large wp-image-30190\" alt=\"Jardins de Cap Roig Calella de Palafrugell\" srcset=\"https:\/\/www.elturistatranquil.com\/wp-content\/uploads\/F41a-Jardins-de-Cap-Roig-Calella-de-Palafrugell.jpg 768w, https:\/\/www.elturistatranquil.com\/wp-content\/uploads\/F41a-Jardins-de-Cap-Roig-Calella-de-Palafrugell-339x226.jpg 339w\" sizes=\"(max-width: 768px) 100vw, 768px\" \/>\t\t\t\t\t\t\t\t\t\t\t<figcaption class=\"widget-image-caption wp-caption-text\"><\/figcaption>\n\t\t\t\t\t\t\t\t\t\t<\/figure>\n\t\t\t\t\t\t\t\t\t<\/div>\n\t\t\t\t<\/div>\n\t\t\t\t<div class=\"elementor-element elementor-element-1c55110 elementor-widget elementor-widget-image\" data-id=\"1c55110\" data-element_type=\"widget\" data-e-type=\"widget\" data-widget_type=\"image.default\">\n\t\t\t\t<div class=\"elementor-widget-container\">\n\t\t\t\t\t\t\t\t\t\t\t\t<figure class=\"wp-caption\">\n\t\t\t\t\t\t\t\t\t\t<img loading=\"lazy\" decoding=\"async\" width=\"768\" height=\"511\" src=\"https:\/\/www.elturistatranquil.com\/wp-content\/uploads\/F41b-Jardins-de-Cap-Roig-Calella-de-Palafrugell.jpg\" class=\"attachment-large size-large wp-image-30192\" alt=\"Jardins de Cap Roig Calella de Palafrugell\" srcset=\"https:\/\/www.elturistatranquil.com\/wp-content\/uploads\/F41b-Jardins-de-Cap-Roig-Calella-de-Palafrugell.jpg 768w, https:\/\/www.elturistatranquil.com\/wp-content\/uploads\/F41b-Jardins-de-Cap-Roig-Calella-de-Palafrugell-339x226.jpg 339w\" sizes=\"(max-width: 768px) 100vw, 768px\" \/>\t\t\t\t\t\t\t\t\t\t\t<figcaption class=\"widget-image-caption wp-caption-text\"><\/figcaption>\n\t\t\t\t\t\t\t\t\t\t<\/figure>\n\t\t\t\t\t\t\t\t\t<\/div>\n\t\t\t\t<\/div>\n\t\t\t\t<div class=\"elementor-element elementor-element-52687a0 elementor-widget elementor-widget-text-editor\" data-id=\"52687a0\" data-element_type=\"widget\" data-e-type=\"widget\" data-widget_type=\"text-editor.default\">\n\t\t\t\t<div class=\"elementor-widget-container\">\n\t\t\t\t\t\t\t\t\t<p>El jard\u00ed del Coronel esta format per una placeta amb un recorregut circular, amb tres escultures monumentals: <em>Agamen\u00f3n III <\/em>d\u2019Amadeo Gabino (<strong>L<\/strong>), <em>Janus <\/em>de Paul Suter (<strong>J<\/strong>) i <em>Almudena <\/em>de Miguel Berrocal (<strong>K<\/strong>).<\/p>\t\t\t\t\t\t\t\t<\/div>\n\t\t\t\t<\/div>\n\t\t\t\t<div class=\"elementor-element elementor-element-3097b3b elementor-widget elementor-widget-image\" data-id=\"3097b3b\" data-element_type=\"widget\" data-e-type=\"widget\" data-widget_type=\"image.default\">\n\t\t\t\t<div class=\"elementor-widget-container\">\n\t\t\t\t\t\t\t\t\t\t\t\t<figure class=\"wp-caption\">\n\t\t\t\t\t\t\t\t\t\t<img loading=\"lazy\" decoding=\"async\" width=\"768\" height=\"512\" src=\"https:\/\/www.elturistatranquil.com\/wp-content\/uploads\/F42-Jardins-de-Cap-Roig-Calella-de-Palafrugell-Amadeo-Gabino-\u201cAgamen\u00f3n-III\u201d.jpg\" class=\"attachment-large size-large wp-image-30194\" alt=\"Jardins de Cap Roig Calella de Palafrugell Amadeo Gabino \u201cAgamen\u00f3n III\u201d\" srcset=\"https:\/\/www.elturistatranquil.com\/wp-content\/uploads\/F42-Jardins-de-Cap-Roig-Calella-de-Palafrugell-Amadeo-Gabino-\u201cAgamen\u00f3n-III\u201d.jpg 768w, https:\/\/www.elturistatranquil.com\/wp-content\/uploads\/F42-Jardins-de-Cap-Roig-Calella-de-Palafrugell-Amadeo-Gabino-\u201cAgamen\u00f3n-III\u201d-339x226.jpg 339w\" sizes=\"(max-width: 768px) 100vw, 768px\" \/>\t\t\t\t\t\t\t\t\t\t\t<figcaption class=\"widget-image-caption wp-caption-text\"><\/figcaption>\n\t\t\t\t\t\t\t\t\t\t<\/figure>\n\t\t\t\t\t\t\t\t\t<\/div>\n\t\t\t\t<\/div>\n\t\t\t\t<section class=\"elementor-section elementor-inner-section elementor-element elementor-element-cca71ed elementor-section-boxed elementor-section-height-default elementor-section-height-default\" data-id=\"cca71ed\" data-element_type=\"section\" data-e-type=\"section\">\n\t\t\t\t\t\t<div class=\"elementor-container elementor-column-gap-default\">\n\t\t\t\t\t<div class=\"elementor-column elementor-col-50 elementor-inner-column elementor-element elementor-element-f1724b1\" data-id=\"f1724b1\" data-element_type=\"column\" data-e-type=\"column\">\n\t\t\t<div class=\"elementor-widget-wrap elementor-element-populated\">\n\t\t\t\t\t\t<div class=\"elementor-element elementor-element-6fd6c25 elementor-widget elementor-widget-image\" data-id=\"6fd6c25\" data-element_type=\"widget\" data-e-type=\"widget\" data-widget_type=\"image.default\">\n\t\t\t\t<div class=\"elementor-widget-container\">\n\t\t\t\t\t\t\t\t\t\t\t\t\t\t\t<img loading=\"lazy\" decoding=\"async\" width=\"366\" height=\"550\" src=\"https:\/\/www.elturistatranquil.com\/wp-content\/uploads\/F43m-Jardins-de-Cap-Roig-Calella-de-Palafrugell-Paul-Suter-\u201cJanus\u201d.jpg\" class=\"attachment-large size-large wp-image-30196\" alt=\"Jardins de Cap Roig Calella de Palafrugell Paul Suter \u201cJanus\u201d\" srcset=\"https:\/\/www.elturistatranquil.com\/wp-content\/uploads\/F43m-Jardins-de-Cap-Roig-Calella-de-Palafrugell-Paul-Suter-\u201cJanus\u201d.jpg 366w, https:\/\/www.elturistatranquil.com\/wp-content\/uploads\/F43m-Jardins-de-Cap-Roig-Calella-de-Palafrugell-Paul-Suter-\u201cJanus\u201d-150x226.jpg 150w\" sizes=\"(max-width: 366px) 100vw, 366px\" \/>\t\t\t\t\t\t\t\t\t\t\t\t\t\t\t<\/div>\n\t\t\t\t<\/div>\n\t\t\t\t\t<\/div>\n\t\t<\/div>\n\t\t\t\t<div class=\"elementor-column elementor-col-50 elementor-inner-column elementor-element elementor-element-b067171\" data-id=\"b067171\" data-element_type=\"column\" data-e-type=\"column\">\n\t\t\t<div class=\"elementor-widget-wrap elementor-element-populated\">\n\t\t\t\t\t\t<div class=\"elementor-element elementor-element-7e68a14 elementor-widget elementor-widget-image\" data-id=\"7e68a14\" data-element_type=\"widget\" data-e-type=\"widget\" data-widget_type=\"image.default\">\n\t\t\t\t<div class=\"elementor-widget-container\">\n\t\t\t\t\t\t\t\t\t\t\t\t\t\t\t<img loading=\"lazy\" decoding=\"async\" width=\"366\" height=\"550\" src=\"https:\/\/www.elturistatranquil.com\/wp-content\/uploads\/F43n-Jardins-de-Cap-Roig-Calella-de-Palafrugell-Paul-Suter-\u201cJanus\u201d.jpg\" class=\"attachment-large size-large wp-image-30198\" alt=\"Jardins de Cap Roig Calella de Palafrugell Paul Suter \u201cJanus\u201d\" srcset=\"https:\/\/www.elturistatranquil.com\/wp-content\/uploads\/F43n-Jardins-de-Cap-Roig-Calella-de-Palafrugell-Paul-Suter-\u201cJanus\u201d.jpg 366w, https:\/\/www.elturistatranquil.com\/wp-content\/uploads\/F43n-Jardins-de-Cap-Roig-Calella-de-Palafrugell-Paul-Suter-\u201cJanus\u201d-150x226.jpg 150w\" sizes=\"(max-width: 366px) 100vw, 366px\" \/>\t\t\t\t\t\t\t\t\t\t\t\t\t\t\t<\/div>\n\t\t\t\t<\/div>\n\t\t\t\t\t<\/div>\n\t\t<\/div>\n\t\t\t\t\t<\/div>\n\t\t<\/section>\n\t\t\t\t<div class=\"elementor-element elementor-element-3c14a1f elementor-widget elementor-widget-text-editor\" data-id=\"3c14a1f\" data-element_type=\"widget\" data-e-type=\"widget\" data-widget_type=\"text-editor.default\">\n\t\t\t\t<div class=\"elementor-widget-container\">\n\t\t\t\t\t\t\t\t\t<p><em>Paul Suter, (Gr\u00e4nichen, Su\u00efssa, 1926-Par\u00eds, 1966), \u201cJanus\u201d, 1976-2006<\/em><\/p>\t\t\t\t\t\t\t\t<\/div>\n\t\t\t\t<\/div>\n\t\t\t\t<div class=\"elementor-element elementor-element-136a753 elementor-widget elementor-widget-image\" data-id=\"136a753\" data-element_type=\"widget\" data-e-type=\"widget\" data-widget_type=\"image.default\">\n\t\t\t\t<div class=\"elementor-widget-container\">\n\t\t\t\t\t\t\t\t\t\t\t\t<figure class=\"wp-caption\">\n\t\t\t\t\t\t\t\t\t\t<img loading=\"lazy\" decoding=\"async\" width=\"768\" height=\"511\" src=\"https:\/\/www.elturistatranquil.com\/wp-content\/uploads\/F44-Jardins-de-Cap-Roig-Calella-de-Palafrugell-Miguel-Berrocal-\u201cAlmudena\u201d.jpg\" class=\"attachment-large size-large wp-image-30200\" alt=\"Jardins de Cap Roig Calella de Palafrugell Miguel Berrocal \u201cAlmudena\u201d\" srcset=\"https:\/\/www.elturistatranquil.com\/wp-content\/uploads\/F44-Jardins-de-Cap-Roig-Calella-de-Palafrugell-Miguel-Berrocal-\u201cAlmudena\u201d.jpg 768w, https:\/\/www.elturistatranquil.com\/wp-content\/uploads\/F44-Jardins-de-Cap-Roig-Calella-de-Palafrugell-Miguel-Berrocal-\u201cAlmudena\u201d-339x226.jpg 339w\" sizes=\"(max-width: 768px) 100vw, 768px\" \/>\t\t\t\t\t\t\t\t\t\t\t<figcaption class=\"widget-image-caption wp-caption-text\">Miguel Berrocal, (Villanueva de Algaidas, 1933-Antequera, 2006) \u201cAlmudena\u201d, 1974<\/figcaption>\n\t\t\t\t\t\t\t\t\t\t<\/figure>\n\t\t\t\t\t\t\t\t\t<\/div>\n\t\t\t\t<\/div>\n\t\t\t\t<div class=\"elementor-element elementor-element-aa58fae elementor-widget elementor-widget-text-editor\" data-id=\"aa58fae\" data-element_type=\"widget\" data-e-type=\"widget\" data-widget_type=\"text-editor.default\">\n\t\t\t\t<div class=\"elementor-widget-container\">\n\t\t\t\t\t\t\t\t\t<p>Sortint de la placeta enfilem el<strong> cam\u00ed de Cap Roig <\/strong>(<strong>14<\/strong>) que ens portar\u00e0 a la vora del mar.<\/p>\t\t\t\t\t\t\t\t<\/div>\n\t\t\t\t<\/div>\n\t\t\t\t<div class=\"elementor-element elementor-element-3b3f5ec elementor-widget elementor-widget-image\" data-id=\"3b3f5ec\" data-element_type=\"widget\" data-e-type=\"widget\" data-widget_type=\"image.default\">\n\t\t\t\t<div class=\"elementor-widget-container\">\n\t\t\t\t\t\t\t\t\t\t\t\t<figure class=\"wp-caption\">\n\t\t\t\t\t\t\t\t\t\t<img loading=\"lazy\" decoding=\"async\" width=\"768\" height=\"512\" src=\"https:\/\/www.elturistatranquil.com\/wp-content\/uploads\/F45-Jardins-de-Cap-Roig-Calella-de-Palafrugell.jpg\" class=\"attachment-large size-large wp-image-30202\" alt=\"Jardins de Cap Roig Calella de Palafrugell\" srcset=\"https:\/\/www.elturistatranquil.com\/wp-content\/uploads\/F45-Jardins-de-Cap-Roig-Calella-de-Palafrugell.jpg 768w, https:\/\/www.elturistatranquil.com\/wp-content\/uploads\/F45-Jardins-de-Cap-Roig-Calella-de-Palafrugell-339x226.jpg 339w\" sizes=\"(max-width: 768px) 100vw, 768px\" \/>\t\t\t\t\t\t\t\t\t\t\t<figcaption class=\"widget-image-caption wp-caption-text\"><\/figcaption>\n\t\t\t\t\t\t\t\t\t\t<\/figure>\n\t\t\t\t\t\t\t\t\t<\/div>\n\t\t\t\t<\/div>\n\t\t\t\t<div class=\"elementor-element elementor-element-4cc6890 elementor-widget elementor-widget-text-editor\" data-id=\"4cc6890\" data-element_type=\"widget\" data-e-type=\"widget\" data-widget_type=\"text-editor.default\">\n\t\t\t\t<div class=\"elementor-widget-container\">\n\t\t\t\t\t\t\t\t\t<p>A l\u2019esquerra veiem l\u2019escultura <em>L\u2019h\u00e9lix de fer<\/em><em>ro, <\/em>de Riera i Arag\u00f3 (<strong>M<\/strong>).<\/p>\t\t\t\t\t\t\t\t<\/div>\n\t\t\t\t<\/div>\n\t\t\t\t<div class=\"elementor-element elementor-element-85634c3 elementor-widget elementor-widget-image\" data-id=\"85634c3\" data-element_type=\"widget\" data-e-type=\"widget\" data-widget_type=\"image.default\">\n\t\t\t\t<div class=\"elementor-widget-container\">\n\t\t\t\t\t\t\t\t\t\t\t\t<figure class=\"wp-caption\">\n\t\t\t\t\t\t\t\t\t\t<img loading=\"lazy\" decoding=\"async\" width=\"768\" height=\"512\" src=\"https:\/\/www.elturistatranquil.com\/wp-content\/uploads\/F46-Jardins-de-Cap-Roig-Calella-de-Palafrugell-Josep-Riera-i-Arag\u00f3-\u201cL\u2019h\u00e8lix-de-ferro\u201d.jpg\" class=\"attachment-large size-large wp-image-30204\" alt=\"Jardins de Cap Roig Calella de Palafrugell Josep Riera i Arag\u00f3 \u201cL\u2019h\u00e8lix de ferro\u201d\" srcset=\"https:\/\/www.elturistatranquil.com\/wp-content\/uploads\/F46-Jardins-de-Cap-Roig-Calella-de-Palafrugell-Josep-Riera-i-Arag\u00f3-\u201cL\u2019h\u00e8lix-de-ferro\u201d.jpg 768w, https:\/\/www.elturistatranquil.com\/wp-content\/uploads\/F46-Jardins-de-Cap-Roig-Calella-de-Palafrugell-Josep-Riera-i-Arag\u00f3-\u201cL\u2019h\u00e8lix-de-ferro\u201d-339x226.jpg 339w\" sizes=\"(max-width: 768px) 100vw, 768px\" \/>\t\t\t\t\t\t\t\t\t\t\t<figcaption class=\"widget-image-caption wp-caption-text\">Josep Riera i Arag\u00f3 (Barcelona, 1954) \u201cL\u2019h\u00e8lix de ferro\u201d, 1991-1998<\/figcaption>\n\t\t\t\t\t\t\t\t\t\t<\/figure>\n\t\t\t\t\t\t\t\t\t<\/div>\n\t\t\t\t<\/div>\n\t\t\t\t<div class=\"elementor-element elementor-element-f3fe920 elementor-widget elementor-widget-text-editor\" data-id=\"f3fe920\" data-element_type=\"widget\" data-e-type=\"widget\" data-widget_type=\"text-editor.default\">\n\t\t\t\t<div class=\"elementor-widget-container\">\n\t\t\t\t\t\t\t\t\t<p>Seguint el cam\u00ed trobem, a l\u2019esquerra, l\u2019escultura m\u00f2bil <em>La lluna i el n\u00favol blanc<\/em> de Bonaventura Ans\u00f3n.<\/p>\t\t\t\t\t\t\t\t<\/div>\n\t\t\t\t<\/div>\n\t\t\t\t<div class=\"elementor-element elementor-element-5caae9e elementor-widget elementor-widget-menu-anchor\" data-id=\"5caae9e\" data-element_type=\"widget\" data-e-type=\"widget\" data-widget_type=\"menu-anchor.default\">\n\t\t\t\t<div class=\"elementor-widget-container\">\n\t\t\t\t\t\t\t<div class=\"elementor-menu-anchor\" id=\"b4510\"><\/div>\n\t\t\t\t\t\t<\/div>\n\t\t\t\t<\/div>\n\t\t\t\t<div class=\"elementor-element elementor-element-d91c580 elementor-widget elementor-widget-image\" data-id=\"d91c580\" data-element_type=\"widget\" data-e-type=\"widget\" data-widget_type=\"image.default\">\n\t\t\t\t<div class=\"elementor-widget-container\">\n\t\t\t\t\t\t\t\t\t\t\t\t<figure class=\"wp-caption\">\n\t\t\t\t\t\t\t\t\t\t<img loading=\"lazy\" decoding=\"async\" width=\"768\" height=\"511\" src=\"https:\/\/www.elturistatranquil.com\/wp-content\/uploads\/F47-Jardins-de-Cap-Roig-Calella-de-Palafrugell-Bonaventura-Ans\u00f3n-\u201cLa-lluna-i-el-n\u00favol-blanc\u201d.jpg\" class=\"attachment-large size-large wp-image-30206\" alt=\"Jardins de Cap Roig Calella de Palafrugell Bonaventura Ans\u00f3n \u201cLa lluna i el n\u00favol blanc\u201d\" srcset=\"https:\/\/www.elturistatranquil.com\/wp-content\/uploads\/F47-Jardins-de-Cap-Roig-Calella-de-Palafrugell-Bonaventura-Ans\u00f3n-\u201cLa-lluna-i-el-n\u00favol-blanc\u201d.jpg 768w, https:\/\/www.elturistatranquil.com\/wp-content\/uploads\/F47-Jardins-de-Cap-Roig-Calella-de-Palafrugell-Bonaventura-Ans\u00f3n-\u201cLa-lluna-i-el-n\u00favol-blanc\u201d-339x226.jpg 339w\" sizes=\"(max-width: 768px) 100vw, 768px\" \/>\t\t\t\t\t\t\t\t\t\t\t<figcaption class=\"widget-image-caption wp-caption-text\">Bonaventura Ans\u00f3n (Tossa de Mar, 1945) \u201cLa lluna i el n\u00favol blanc\u201d, 2008<\/figcaption>\n\t\t\t\t\t\t\t\t\t\t<\/figure>\n\t\t\t\t\t\t\t\t\t<\/div>\n\t\t\t\t<\/div>\n\t\t\t\t<div class=\"elementor-element elementor-element-a53d532 elementor-widget elementor-widget-heading\" data-id=\"a53d532\" data-element_type=\"widget\" data-e-type=\"widget\" data-widget_type=\"heading.default\">\n\t\t\t\t<div class=\"elementor-widget-container\">\n\t\t\t\t\t<h4 class=\"elementor-heading-title elementor-size-default\">Jard\u00ed dels Cactus<\/h4>\t\t\t\t<\/div>\n\t\t\t\t<\/div>\n\t\t\t\t<div class=\"elementor-element elementor-element-c1e77db elementor-widget elementor-widget-text-editor\" data-id=\"c1e77db\" data-element_type=\"widget\" data-e-type=\"widget\" data-widget_type=\"text-editor.default\">\n\t\t\t\t<div class=\"elementor-widget-container\">\n\t\t\t\t\t\t\t\t\t<p>Finalment, arribem al <strong>jard\u00ed dels Cactus<\/strong> (<strong>15<\/strong>).<\/p>\t\t\t\t\t\t\t\t<\/div>\n\t\t\t\t<\/div>\n\t\t\t\t<div class=\"elementor-element elementor-element-363b5eb elementor-widget elementor-widget-image\" data-id=\"363b5eb\" data-element_type=\"widget\" data-e-type=\"widget\" data-widget_type=\"image.default\">\n\t\t\t\t<div class=\"elementor-widget-container\">\n\t\t\t\t\t\t\t\t\t\t\t\t<figure class=\"wp-caption\">\n\t\t\t\t\t\t\t\t\t\t<img loading=\"lazy\" decoding=\"async\" width=\"768\" height=\"511\" src=\"https:\/\/www.elturistatranquil.com\/wp-content\/uploads\/F48-Jardins-de-Cap-Roig-Calella-de-Palafrugell.jpg\" class=\"attachment-large size-large wp-image-30209\" alt=\"Jardins de Cap Roig Calella de Palafrugell\" srcset=\"https:\/\/www.elturistatranquil.com\/wp-content\/uploads\/F48-Jardins-de-Cap-Roig-Calella-de-Palafrugell.jpg 768w, https:\/\/www.elturistatranquil.com\/wp-content\/uploads\/F48-Jardins-de-Cap-Roig-Calella-de-Palafrugell-339x226.jpg 339w\" sizes=\"(max-width: 768px) 100vw, 768px\" \/>\t\t\t\t\t\t\t\t\t\t\t<figcaption class=\"widget-image-caption wp-caption-text\"><\/figcaption>\n\t\t\t\t\t\t\t\t\t\t<\/figure>\n\t\t\t\t\t\t\t\t\t<\/div>\n\t\t\t\t<\/div>\n\t\t\t\t<div class=\"elementor-element elementor-element-28131d6 elementor-widget elementor-widget-image\" data-id=\"28131d6\" data-element_type=\"widget\" data-e-type=\"widget\" data-widget_type=\"image.default\">\n\t\t\t\t<div class=\"elementor-widget-container\">\n\t\t\t\t\t\t\t\t\t\t\t\t<figure class=\"wp-caption\">\n\t\t\t\t\t\t\t\t\t\t<img loading=\"lazy\" decoding=\"async\" width=\"768\" height=\"511\" src=\"https:\/\/www.elturistatranquil.com\/wp-content\/uploads\/F49-Jardins-de-Cap-Roig-Calella-de-Palafrugell.jpg\" class=\"attachment-large size-large wp-image-30211\" alt=\"Jardins de Cap Roig Calella de Palafrugell\" srcset=\"https:\/\/www.elturistatranquil.com\/wp-content\/uploads\/F49-Jardins-de-Cap-Roig-Calella-de-Palafrugell.jpg 768w, https:\/\/www.elturistatranquil.com\/wp-content\/uploads\/F49-Jardins-de-Cap-Roig-Calella-de-Palafrugell-339x226.jpg 339w\" sizes=\"(max-width: 768px) 100vw, 768px\" \/>\t\t\t\t\t\t\t\t\t\t\t<figcaption class=\"widget-image-caption wp-caption-text\"><\/figcaption>\n\t\t\t\t\t\t\t\t\t\t<\/figure>\n\t\t\t\t\t\t\t\t\t<\/div>\n\t\t\t\t<\/div>\n\t\t\t\t<div class=\"elementor-element elementor-element-ec4ce42 elementor-widget elementor-widget-menu-anchor\" data-id=\"ec4ce42\" data-element_type=\"widget\" data-e-type=\"widget\" data-widget_type=\"menu-anchor.default\">\n\t\t\t\t<div class=\"elementor-widget-container\">\n\t\t\t\t\t\t\t<div class=\"elementor-menu-anchor\" id=\"b4511\"><\/div>\n\t\t\t\t\t\t<\/div>\n\t\t\t\t<\/div>\n\t\t\t\t<div class=\"elementor-element elementor-element-dbee9bc elementor-widget elementor-widget-image\" data-id=\"dbee9bc\" data-element_type=\"widget\" data-e-type=\"widget\" data-widget_type=\"image.default\">\n\t\t\t\t<div class=\"elementor-widget-container\">\n\t\t\t\t\t\t\t\t\t\t\t\t<figure class=\"wp-caption\">\n\t\t\t\t\t\t\t\t\t\t<img loading=\"lazy\" decoding=\"async\" width=\"768\" height=\"511\" src=\"https:\/\/www.elturistatranquil.com\/wp-content\/uploads\/F50-Jardins-de-Cap-Roig-Calella-de-Palafrugell.jpg\" class=\"attachment-large size-large wp-image-30213\" alt=\"Jardins de Cap Roig Calella de Palafrugell\" srcset=\"https:\/\/www.elturistatranquil.com\/wp-content\/uploads\/F50-Jardins-de-Cap-Roig-Calella-de-Palafrugell.jpg 768w, https:\/\/www.elturistatranquil.com\/wp-content\/uploads\/F50-Jardins-de-Cap-Roig-Calella-de-Palafrugell-339x226.jpg 339w\" sizes=\"(max-width: 768px) 100vw, 768px\" \/>\t\t\t\t\t\t\t\t\t\t\t<figcaption class=\"widget-image-caption wp-caption-text\"><\/figcaption>\n\t\t\t\t\t\t\t\t\t\t<\/figure>\n\t\t\t\t\t\t\t\t\t<\/div>\n\t\t\t\t<\/div>\n\t\t\t\t<div class=\"elementor-element elementor-element-70303c0 elementor-widget elementor-widget-heading\" data-id=\"70303c0\" data-element_type=\"widget\" data-e-type=\"widget\" data-widget_type=\"heading.default\">\n\t\t\t\t<div class=\"elementor-widget-container\">\n\t\t\t\t\t<h4 class=\"elementor-heading-title elementor-size-default\">Mirador de les Formigues<\/h4>\t\t\t\t<\/div>\n\t\t\t\t<\/div>\n\t\t\t\t<div class=\"elementor-element elementor-element-e378772 elementor-widget elementor-widget-text-editor\" data-id=\"e378772\" data-element_type=\"widget\" data-e-type=\"widget\" data-widget_type=\"text-editor.default\">\n\t\t\t\t<div class=\"elementor-widget-container\">\n\t\t\t\t\t\t\t\t\t<p>Unes escales ens duen fins al <strong>mirador de les Formigues<\/strong> (<strong>16<\/strong>), una petita placa que es converteix en un mirador des d\u2019on s\u2019albiren les illes Formigues i un paisatge excepcional de la Costa Brava.<\/p><p>En aquest punt, davant del mar, l\u2019escultura <em>Mirador <\/em>de Sergi Aguilar (<strong>O<\/strong>) emmarca aquest fons privilegiat.<\/p>\t\t\t\t\t\t\t\t<\/div>\n\t\t\t\t<\/div>\n\t\t\t\t<div class=\"elementor-element elementor-element-213fe3b elementor-widget elementor-widget-image\" data-id=\"213fe3b\" data-element_type=\"widget\" data-e-type=\"widget\" data-widget_type=\"image.default\">\n\t\t\t\t<div class=\"elementor-widget-container\">\n\t\t\t\t\t\t\t\t\t\t\t\t<figure class=\"wp-caption\">\n\t\t\t\t\t\t\t\t\t\t<img loading=\"lazy\" decoding=\"async\" width=\"768\" height=\"511\" src=\"https:\/\/www.elturistatranquil.com\/wp-content\/uploads\/F51-Jardins-de-Cap-Roig-Calella-de-Palafrugell-Sergi-Aguilar-\u201cMirador\u201d.jpg\" class=\"attachment-large size-large wp-image-30215\" alt=\"Jardins de Cap Roig Calella de Palafrugell Sergi Aguilar \u201cMirador\u201d\" srcset=\"https:\/\/www.elturistatranquil.com\/wp-content\/uploads\/F51-Jardins-de-Cap-Roig-Calella-de-Palafrugell-Sergi-Aguilar-\u201cMirador\u201d.jpg 768w, https:\/\/www.elturistatranquil.com\/wp-content\/uploads\/F51-Jardins-de-Cap-Roig-Calella-de-Palafrugell-Sergi-Aguilar-\u201cMirador\u201d-339x226.jpg 339w\" sizes=\"(max-width: 768px) 100vw, 768px\" \/>\t\t\t\t\t\t\t\t\t\t\t<figcaption class=\"widget-image-caption wp-caption-text\">Sergi Aguilar (Barcelona, 1946) \u201cMirador\u201d, 2008<\/figcaption>\n\t\t\t\t\t\t\t\t\t\t<\/figure>\n\t\t\t\t\t\t\t\t\t<\/div>\n\t\t\t\t<\/div>\n\t\t\t\t<div class=\"elementor-element elementor-element-185dbfb elementor-widget elementor-widget-image\" data-id=\"185dbfb\" data-element_type=\"widget\" data-e-type=\"widget\" data-widget_type=\"image.default\">\n\t\t\t\t<div class=\"elementor-widget-container\">\n\t\t\t\t\t\t\t\t\t\t\t\t<figure class=\"wp-caption\">\n\t\t\t\t\t\t\t\t\t\t<img loading=\"lazy\" decoding=\"async\" width=\"768\" height=\"512\" src=\"https:\/\/www.elturistatranquil.com\/wp-content\/uploads\/F52-Jardins-de-Cap-Roig-Calella-de-Palafrugell.jpg\" class=\"attachment-large size-large wp-image-30217\" alt=\"Jardins de Cap Roig Calella de Palafrugell Illes Formigues\" srcset=\"https:\/\/www.elturistatranquil.com\/wp-content\/uploads\/F52-Jardins-de-Cap-Roig-Calella-de-Palafrugell.jpg 768w, https:\/\/www.elturistatranquil.com\/wp-content\/uploads\/F52-Jardins-de-Cap-Roig-Calella-de-Palafrugell-339x226.jpg 339w\" sizes=\"(max-width: 768px) 100vw, 768px\" \/>\t\t\t\t\t\t\t\t\t\t\t<figcaption class=\"widget-image-caption wp-caption-text\"><\/figcaption>\n\t\t\t\t\t\t\t\t\t\t<\/figure>\n\t\t\t\t\t\t\t\t\t<\/div>\n\t\t\t\t<\/div>\n\t\t\t\t<div class=\"elementor-element elementor-element-a12aace elementor-widget elementor-widget-text-editor\" data-id=\"a12aace\" data-element_type=\"widget\" data-e-type=\"widget\" data-widget_type=\"text-editor.default\">\n\t\t\t\t<div class=\"elementor-widget-container\">\n\t\t\t\t\t\t\t\t\t<p>Des d\u2019aqu\u00ed podrem veure la cala d\u2019en Massoni, tamb\u00e9 coneguda com <strong>la Banyera de la Rusa<\/strong>.<\/p>\t\t\t\t\t\t\t\t<\/div>\n\t\t\t\t<\/div>\n\t\t\t\t<div class=\"elementor-element elementor-element-ca2fcd5 elementor-widget elementor-widget-image\" data-id=\"ca2fcd5\" data-element_type=\"widget\" data-e-type=\"widget\" data-widget_type=\"image.default\">\n\t\t\t\t<div class=\"elementor-widget-container\">\n\t\t\t\t\t\t\t\t\t\t\t\t<figure class=\"wp-caption\">\n\t\t\t\t\t\t\t\t\t\t<img loading=\"lazy\" decoding=\"async\" width=\"768\" height=\"511\" src=\"https:\/\/www.elturistatranquil.com\/wp-content\/uploads\/F53-Jardins-de-Cap-Roig-Calella-de-Palafrugell.jpg\" class=\"attachment-large size-large wp-image-30219\" alt=\"Jardins de Cap Roig Calella de Palafrugell\" srcset=\"https:\/\/www.elturistatranquil.com\/wp-content\/uploads\/F53-Jardins-de-Cap-Roig-Calella-de-Palafrugell.jpg 768w, https:\/\/www.elturistatranquil.com\/wp-content\/uploads\/F53-Jardins-de-Cap-Roig-Calella-de-Palafrugell-339x226.jpg 339w\" sizes=\"(max-width: 768px) 100vw, 768px\" \/>\t\t\t\t\t\t\t\t\t\t\t<figcaption class=\"widget-image-caption wp-caption-text\"><\/figcaption>\n\t\t\t\t\t\t\t\t\t\t<\/figure>\n\t\t\t\t\t\t\t\t\t<\/div>\n\t\t\t\t<\/div>\n\t\t\t\t<div class=\"elementor-element elementor-element-26d8dcc elementor-widget elementor-widget-text-editor\" data-id=\"26d8dcc\" data-element_type=\"widget\" data-e-type=\"widget\" data-widget_type=\"text-editor.default\">\n\t\t\t\t<div class=\"elementor-widget-container\">\n\t\t\t\t\t\t\t\t\t<p>Sortint del mirador, seguim pel cam\u00ed vorejant el mar.<\/p>\t\t\t\t\t\t\t\t<\/div>\n\t\t\t\t<\/div>\n\t\t\t\t<div class=\"elementor-element elementor-element-070613c elementor-widget elementor-widget-image\" data-id=\"070613c\" data-element_type=\"widget\" data-e-type=\"widget\" data-widget_type=\"image.default\">\n\t\t\t\t<div class=\"elementor-widget-container\">\n\t\t\t\t\t\t\t\t\t\t\t\t<figure class=\"wp-caption\">\n\t\t\t\t\t\t\t\t\t\t<img loading=\"lazy\" decoding=\"async\" width=\"768\" height=\"511\" src=\"https:\/\/www.elturistatranquil.com\/wp-content\/uploads\/F54-Jardins-de-Cap-Roig-Calella-de-Palafrugell.jpg\" class=\"attachment-large size-large wp-image-30221\" alt=\"Jardins de Cap Roig Calella de Palafrugell\" srcset=\"https:\/\/www.elturistatranquil.com\/wp-content\/uploads\/F54-Jardins-de-Cap-Roig-Calella-de-Palafrugell.jpg 768w, https:\/\/www.elturistatranquil.com\/wp-content\/uploads\/F54-Jardins-de-Cap-Roig-Calella-de-Palafrugell-339x226.jpg 339w\" sizes=\"(max-width: 768px) 100vw, 768px\" \/>\t\t\t\t\t\t\t\t\t\t\t<figcaption class=\"widget-image-caption wp-caption-text\"><\/figcaption>\n\t\t\t\t\t\t\t\t\t\t<\/figure>\n\t\t\t\t\t\t\t\t\t<\/div>\n\t\t\t\t<\/div>\n\t\t\t\t<div class=\"elementor-element elementor-element-cf9cc33 elementor-widget elementor-widget-image\" data-id=\"cf9cc33\" data-element_type=\"widget\" data-e-type=\"widget\" data-widget_type=\"image.default\">\n\t\t\t\t<div class=\"elementor-widget-container\">\n\t\t\t\t\t\t\t\t\t\t\t\t<figure class=\"wp-caption\">\n\t\t\t\t\t\t\t\t\t\t<img loading=\"lazy\" decoding=\"async\" width=\"768\" height=\"511\" src=\"https:\/\/www.elturistatranquil.com\/wp-content\/uploads\/F55-Jardins-de-Cap-Roig-Calella-de-Palafrugell.jpg\" class=\"attachment-large size-large wp-image-30223\" alt=\"Jardins de Cap Roig Calella de Palafrugell\" srcset=\"https:\/\/www.elturistatranquil.com\/wp-content\/uploads\/F55-Jardins-de-Cap-Roig-Calella-de-Palafrugell.jpg 768w, https:\/\/www.elturistatranquil.com\/wp-content\/uploads\/F55-Jardins-de-Cap-Roig-Calella-de-Palafrugell-339x226.jpg 339w\" sizes=\"(max-width: 768px) 100vw, 768px\" \/>\t\t\t\t\t\t\t\t\t\t\t<figcaption class=\"widget-image-caption wp-caption-text\"><\/figcaption>\n\t\t\t\t\t\t\t\t\t\t<\/figure>\n\t\t\t\t\t\t\t\t\t<\/div>\n\t\t\t\t<\/div>\n\t\t\t\t<div class=\"elementor-element elementor-element-53f043a elementor-widget elementor-widget-image\" data-id=\"53f043a\" data-element_type=\"widget\" data-e-type=\"widget\" data-widget_type=\"image.default\">\n\t\t\t\t<div class=\"elementor-widget-container\">\n\t\t\t\t\t\t\t\t\t\t\t\t<figure class=\"wp-caption\">\n\t\t\t\t\t\t\t\t\t\t<img loading=\"lazy\" decoding=\"async\" width=\"768\" height=\"512\" src=\"https:\/\/www.elturistatranquil.com\/wp-content\/uploads\/F56-Jardins-de-Cap-Roig-Calella-de-Palafrugell.jpg\" class=\"attachment-large size-large wp-image-30225\" alt=\"Jardins de Cap Roig Calella de Palafrugell\" srcset=\"https:\/\/www.elturistatranquil.com\/wp-content\/uploads\/F56-Jardins-de-Cap-Roig-Calella-de-Palafrugell.jpg 768w, https:\/\/www.elturistatranquil.com\/wp-content\/uploads\/F56-Jardins-de-Cap-Roig-Calella-de-Palafrugell-339x226.jpg 339w\" sizes=\"(max-width: 768px) 100vw, 768px\" \/>\t\t\t\t\t\t\t\t\t\t\t<figcaption class=\"widget-image-caption wp-caption-text\"><\/figcaption>\n\t\t\t\t\t\t\t\t\t\t<\/figure>\n\t\t\t\t\t\t\t\t\t<\/div>\n\t\t\t\t<\/div>\n\t\t\t\t<div class=\"elementor-element elementor-element-482ff8b elementor-widget elementor-widget-text-editor\" data-id=\"482ff8b\" data-element_type=\"widget\" data-e-type=\"widget\" data-widget_type=\"text-editor.default\">\n\t\t\t\t<div class=\"elementor-widget-container\">\n\t\t\t\t\t\t\t\t\t<p>Entre els arbres apareix les vistes al nord sobre Calella de Palafrugell i Llafranc.<\/p>\t\t\t\t\t\t\t\t<\/div>\n\t\t\t\t<\/div>\n\t\t\t\t<div class=\"elementor-element elementor-element-afd1777 elementor-widget elementor-widget-image\" data-id=\"afd1777\" data-element_type=\"widget\" data-e-type=\"widget\" data-widget_type=\"image.default\">\n\t\t\t\t<div class=\"elementor-widget-container\">\n\t\t\t\t\t\t\t\t\t\t\t\t<figure class=\"wp-caption\">\n\t\t\t\t\t\t\t\t\t\t<img loading=\"lazy\" decoding=\"async\" width=\"768\" height=\"511\" src=\"https:\/\/www.elturistatranquil.com\/wp-content\/uploads\/F57-Jardins-de-Cap-Roig-Calella-de-Palafrugell.jpg\" class=\"attachment-large size-large wp-image-30227\" alt=\"Jardins de Cap Roig Calella de Palafrugell\" srcset=\"https:\/\/www.elturistatranquil.com\/wp-content\/uploads\/F57-Jardins-de-Cap-Roig-Calella-de-Palafrugell.jpg 768w, https:\/\/www.elturistatranquil.com\/wp-content\/uploads\/F57-Jardins-de-Cap-Roig-Calella-de-Palafrugell-339x226.jpg 339w\" sizes=\"(max-width: 768px) 100vw, 768px\" \/>\t\t\t\t\t\t\t\t\t\t\t<figcaption class=\"widget-image-caption wp-caption-text\"><\/figcaption>\n\t\t\t\t\t\t\t\t\t\t<\/figure>\n\t\t\t\t\t\t\t\t\t<\/div>\n\t\t\t\t<\/div>\n\t\t\t\t<div class=\"elementor-element elementor-element-f91efb3 elementor-widget elementor-widget-text-editor\" data-id=\"f91efb3\" data-element_type=\"widget\" data-e-type=\"widget\" data-widget_type=\"text-editor.default\">\n\t\t\t\t<div class=\"elementor-widget-container\">\n\t\t\t\t\t\t\t\t\t<p>Finalitza el recorregut del jard\u00ed dels Cactus, per dirigir-nos per un cam\u00ed que puja cap el <strong>passeig dels Geranis<\/strong> (<strong>17<\/strong>), dedicat a una variada col\u00b7lecci\u00f3 de geranis arom\u00e0tics. No era el millor moment per gaudir d\u2019aquesta esp\u00e8cie.<\/p>\t\t\t\t\t\t\t\t<\/div>\n\t\t\t\t<\/div>\n\t\t\t\t<div class=\"elementor-element elementor-element-6b4e25b elementor-widget elementor-widget-menu-anchor\" data-id=\"6b4e25b\" data-element_type=\"widget\" data-e-type=\"widget\" data-widget_type=\"menu-anchor.default\">\n\t\t\t\t<div class=\"elementor-widget-container\">\n\t\t\t\t\t\t\t<div class=\"elementor-menu-anchor\" id=\"b4512\"><\/div>\n\t\t\t\t\t\t<\/div>\n\t\t\t\t<\/div>\n\t\t\t\t<div class=\"elementor-element elementor-element-9ce9276 elementor-widget elementor-widget-image\" data-id=\"9ce9276\" data-element_type=\"widget\" data-e-type=\"widget\" data-widget_type=\"image.default\">\n\t\t\t\t<div class=\"elementor-widget-container\">\n\t\t\t\t\t\t\t\t\t\t\t\t<figure class=\"wp-caption\">\n\t\t\t\t\t\t\t\t\t\t<img loading=\"lazy\" decoding=\"async\" width=\"768\" height=\"511\" src=\"https:\/\/www.elturistatranquil.com\/wp-content\/uploads\/F58-Jardins-de-Cap-Roig-Calella-de-Palafrugell.jpg\" class=\"attachment-large size-large wp-image-30229\" alt=\"Jardins de Cap Roig Calella de Palafrugell\" srcset=\"https:\/\/www.elturistatranquil.com\/wp-content\/uploads\/F58-Jardins-de-Cap-Roig-Calella-de-Palafrugell.jpg 768w, https:\/\/www.elturistatranquil.com\/wp-content\/uploads\/F58-Jardins-de-Cap-Roig-Calella-de-Palafrugell-339x226.jpg 339w\" sizes=\"(max-width: 768px) 100vw, 768px\" \/>\t\t\t\t\t\t\t\t\t\t\t<figcaption class=\"widget-image-caption wp-caption-text\"><\/figcaption>\n\t\t\t\t\t\t\t\t\t\t<\/figure>\n\t\t\t\t\t\t\t\t\t<\/div>\n\t\t\t\t<\/div>\n\t\t\t\t<div class=\"elementor-element elementor-element-8898f99 elementor-widget elementor-widget-heading\" data-id=\"8898f99\" data-element_type=\"widget\" data-e-type=\"widget\" data-widget_type=\"heading.default\">\n\t\t\t\t<div class=\"elementor-widget-container\">\n\t\t\t\t\t<h4 class=\"elementor-heading-title elementor-size-default\">Mirador de la Lady<\/h4>\t\t\t\t<\/div>\n\t\t\t\t<\/div>\n\t\t\t\t<div class=\"elementor-element elementor-element-fc7dec0 elementor-widget elementor-widget-text-editor\" data-id=\"fc7dec0\" data-element_type=\"widget\" data-e-type=\"widget\" data-widget_type=\"text-editor.default\">\n\t\t\t\t<div class=\"elementor-widget-container\">\n\t\t\t\t\t\t\t\t\t<p>Al final d\u2019aquest passeig s\u2019arriba a un dels punts m\u00e9s interessants per les seves vistes, el <strong>mirador de la Lady<\/strong> (<strong>18<\/strong>), l\u2019indret privilegiat pel qual Lady Woevodsky sentia predilecci\u00f3, on un finestral emmarca una vista de Calella de Palafrugell fins al cap de Sant Sebasti\u00e0.<\/p><p>Actualment el finestral est\u00e0 tancat amb una obertura, no se si per protecci\u00f3 o per voler donar sensaci\u00f3 de marc d\u2019un quadre d\u2019un paisatge, en qualsevol cas, una ll\u00e0stima.<\/p>\t\t\t\t\t\t\t\t<\/div>\n\t\t\t\t<\/div>\n\t\t\t\t<div class=\"elementor-element elementor-element-63d2bf0 elementor-widget elementor-widget-image\" data-id=\"63d2bf0\" data-element_type=\"widget\" data-e-type=\"widget\" data-widget_type=\"image.default\">\n\t\t\t\t<div class=\"elementor-widget-container\">\n\t\t\t\t\t\t\t\t\t\t\t\t<figure class=\"wp-caption\">\n\t\t\t\t\t\t\t\t\t\t<img loading=\"lazy\" decoding=\"async\" width=\"768\" height=\"511\" src=\"https:\/\/www.elturistatranquil.com\/wp-content\/uploads\/F59-Jardins-de-Cap-Roig-Calella-de-Palafrugell.jpg\" class=\"attachment-large size-large wp-image-30231\" alt=\"Jardins de Cap Roig Calella de Palafrugell\" srcset=\"https:\/\/www.elturistatranquil.com\/wp-content\/uploads\/F59-Jardins-de-Cap-Roig-Calella-de-Palafrugell.jpg 768w, https:\/\/www.elturistatranquil.com\/wp-content\/uploads\/F59-Jardins-de-Cap-Roig-Calella-de-Palafrugell-339x226.jpg 339w\" sizes=\"(max-width: 768px) 100vw, 768px\" \/>\t\t\t\t\t\t\t\t\t\t\t<figcaption class=\"widget-image-caption wp-caption-text\"><\/figcaption>\n\t\t\t\t\t\t\t\t\t\t<\/figure>\n\t\t\t\t\t\t\t\t\t<\/div>\n\t\t\t\t<\/div>\n\t\t\t\t<div class=\"elementor-element elementor-element-d9671d0 elementor-widget elementor-widget-image\" data-id=\"d9671d0\" data-element_type=\"widget\" data-e-type=\"widget\" data-widget_type=\"image.default\">\n\t\t\t\t<div class=\"elementor-widget-container\">\n\t\t\t\t\t\t\t\t\t\t\t\t<figure class=\"wp-caption\">\n\t\t\t\t\t\t\t\t\t\t<img loading=\"lazy\" decoding=\"async\" width=\"768\" height=\"511\" src=\"https:\/\/www.elturistatranquil.com\/wp-content\/uploads\/F60-Jardins-de-Cap-Roig-Calella-de-Palafrugell.jpg\" class=\"attachment-large size-large wp-image-30233\" alt=\"Jardins de Cap Roig Calella de Palafrugell\" srcset=\"https:\/\/www.elturistatranquil.com\/wp-content\/uploads\/F60-Jardins-de-Cap-Roig-Calella-de-Palafrugell.jpg 768w, https:\/\/www.elturistatranquil.com\/wp-content\/uploads\/F60-Jardins-de-Cap-Roig-Calella-de-Palafrugell-339x226.jpg 339w\" sizes=\"(max-width: 768px) 100vw, 768px\" \/>\t\t\t\t\t\t\t\t\t\t\t<figcaption class=\"widget-image-caption wp-caption-text\"><\/figcaption>\n\t\t\t\t\t\t\t\t\t\t<\/figure>\n\t\t\t\t\t\t\t\t\t<\/div>\n\t\t\t\t<\/div>\n\t\t\t\t<div class=\"elementor-element elementor-element-4b16ffe elementor-widget elementor-widget-text-editor\" data-id=\"4b16ffe\" data-element_type=\"widget\" data-e-type=\"widget\" data-widget_type=\"text-editor.default\">\n\t\t\t\t<div class=\"elementor-widget-container\">\n\t\t\t\t\t\t\t\t\t<p>Pugem per una rampa i arribem a unes terrasses on el matrimoni Woevodsky prenia el te i observava el mar a trav\u00e9s del mirador de Calella, des del qual s\u2019albira tamb\u00e9 el far de Sant Sebasti\u00e0,<\/p><p>A l\u2019esquerra, sota el castell, hi trobem l\u2019escultura <em>Plat\u00f3n<\/em> d\u2019Ana Mercedes Hoyos (<strong>P<\/strong>).<\/p>\t\t\t\t\t\t\t\t<\/div>\n\t\t\t\t<\/div>\n\t\t\t\t<div class=\"elementor-element elementor-element-7c2c8c4 elementor-widget elementor-widget-image\" data-id=\"7c2c8c4\" data-element_type=\"widget\" data-e-type=\"widget\" data-widget_type=\"image.default\">\n\t\t\t\t<div class=\"elementor-widget-container\">\n\t\t\t\t\t\t\t\t\t\t\t\t<figure class=\"wp-caption\">\n\t\t\t\t\t\t\t\t\t\t<img loading=\"lazy\" decoding=\"async\" width=\"768\" height=\"511\" src=\"https:\/\/www.elturistatranquil.com\/wp-content\/uploads\/F61-Jardins-de-Cap-Roig-Calella-de-Palafrugell.jpg\" class=\"attachment-large size-large wp-image-30235\" alt=\"Jardins de Cap Roig Calella de Palafrugell\" srcset=\"https:\/\/www.elturistatranquil.com\/wp-content\/uploads\/F61-Jardins-de-Cap-Roig-Calella-de-Palafrugell.jpg 768w, https:\/\/www.elturistatranquil.com\/wp-content\/uploads\/F61-Jardins-de-Cap-Roig-Calella-de-Palafrugell-339x226.jpg 339w\" sizes=\"(max-width: 768px) 100vw, 768px\" \/>\t\t\t\t\t\t\t\t\t\t\t<figcaption class=\"widget-image-caption wp-caption-text\"><\/figcaption>\n\t\t\t\t\t\t\t\t\t\t<\/figure>\n\t\t\t\t\t\t\t\t\t<\/div>\n\t\t\t\t<\/div>\n\t\t\t\t<div class=\"elementor-element elementor-element-73e6e60 elementor-widget elementor-widget-image\" data-id=\"73e6e60\" data-element_type=\"widget\" data-e-type=\"widget\" data-widget_type=\"image.default\">\n\t\t\t\t<div class=\"elementor-widget-container\">\n\t\t\t\t\t\t\t\t\t\t\t\t<figure class=\"wp-caption\">\n\t\t\t\t\t\t\t\t\t\t<img loading=\"lazy\" decoding=\"async\" width=\"768\" height=\"511\" src=\"https:\/\/www.elturistatranquil.com\/wp-content\/uploads\/F62-Jardins-de-Cap-Roig-Calella-de-Palafrugell-Ana-Mercedes-Hoyos-\u201cPlat\u00f3n.jpg\" class=\"attachment-large size-large wp-image-30237\" alt=\"Jardins de Cap Roig Calella de Palafrugell Ana Mercedes Hoyos \u201cPlat\u00f3n\" srcset=\"https:\/\/www.elturistatranquil.com\/wp-content\/uploads\/F62-Jardins-de-Cap-Roig-Calella-de-Palafrugell-Ana-Mercedes-Hoyos-\u201cPlat\u00f3n.jpg 768w, https:\/\/www.elturistatranquil.com\/wp-content\/uploads\/F62-Jardins-de-Cap-Roig-Calella-de-Palafrugell-Ana-Mercedes-Hoyos-\u201cPlat\u00f3n-339x226.jpg 339w\" sizes=\"(max-width: 768px) 100vw, 768px\" \/>\t\t\t\t\t\t\t\t\t\t\t<figcaption class=\"widget-image-caption wp-caption-text\">Ana Mercedes Hoyos (Bogot\u00e1, Colombia, 1942-2014), \u201cPlat\u00f3n\u201d, 2009<\/figcaption>\n\t\t\t\t\t\t\t\t\t\t<\/figure>\n\t\t\t\t\t\t\t\t\t<\/div>\n\t\t\t\t<\/div>\n\t\t\t\t<div class=\"elementor-element elementor-element-467b9cd elementor-widget elementor-widget-text-editor\" data-id=\"467b9cd\" data-element_type=\"widget\" data-e-type=\"widget\" data-widget_type=\"text-editor.default\">\n\t\t\t\t<div class=\"elementor-widget-container\">\n\t\t\t\t\t\t\t\t\t<p>El cam\u00ed puja i s\u2019estreny per la p<strong>ujada del Te<\/strong> (<strong>20<\/strong>), per arribar a <em>Femme au jardin<\/em>, de l\u2019escultora Rosa Serra (<strong>Q<\/strong>).<\/p>\t\t\t\t\t\t\t\t<\/div>\n\t\t\t\t<\/div>\n\t\t\t\t<div class=\"elementor-element elementor-element-090aeb1 elementor-widget elementor-widget-menu-anchor\" data-id=\"090aeb1\" data-element_type=\"widget\" data-e-type=\"widget\" data-widget_type=\"menu-anchor.default\">\n\t\t\t\t<div class=\"elementor-widget-container\">\n\t\t\t\t\t\t\t<div class=\"elementor-menu-anchor\" id=\"b4513\"><\/div>\n\t\t\t\t\t\t<\/div>\n\t\t\t\t<\/div>\n\t\t\t\t<div class=\"elementor-element elementor-element-e45d667 elementor-widget elementor-widget-image\" data-id=\"e45d667\" data-element_type=\"widget\" data-e-type=\"widget\" data-widget_type=\"image.default\">\n\t\t\t\t<div class=\"elementor-widget-container\">\n\t\t\t\t\t\t\t\t\t\t\t\t<figure class=\"wp-caption\">\n\t\t\t\t\t\t\t\t\t\t<img loading=\"lazy\" decoding=\"async\" width=\"768\" height=\"512\" src=\"https:\/\/www.elturistatranquil.com\/wp-content\/uploads\/F63-Jardins-de-Cap-Roig-Calella-de-Palafrugell-Rosa-Serra-\u201cFemme-au-jardin\u201d.jpg\" class=\"attachment-large size-large wp-image-30239\" alt=\"Jardins de Cap Roig Calella de Palafrugell Rosa Serra \u201cFemme au jardin\u201d\" srcset=\"https:\/\/www.elturistatranquil.com\/wp-content\/uploads\/F63-Jardins-de-Cap-Roig-Calella-de-Palafrugell-Rosa-Serra-\u201cFemme-au-jardin\u201d.jpg 768w, https:\/\/www.elturistatranquil.com\/wp-content\/uploads\/F63-Jardins-de-Cap-Roig-Calella-de-Palafrugell-Rosa-Serra-\u201cFemme-au-jardin\u201d-339x226.jpg 339w\" sizes=\"(max-width: 768px) 100vw, 768px\" \/>\t\t\t\t\t\t\t\t\t\t\t<figcaption class=\"widget-image-caption wp-caption-text\">Rosa Serra (Vic, 1944), \u201cFemme au jardin\u201d, 2009<\/figcaption>\n\t\t\t\t\t\t\t\t\t\t<\/figure>\n\t\t\t\t\t\t\t\t\t<\/div>\n\t\t\t\t<\/div>\n\t\t\t\t<div class=\"elementor-element elementor-element-68ff848 elementor-widget elementor-widget-heading\" data-id=\"68ff848\" data-element_type=\"widget\" data-e-type=\"widget\" data-widget_type=\"heading.default\">\n\t\t\t\t<div class=\"elementor-widget-container\">\n\t\t\t\t\t<h4 class=\"elementor-heading-title elementor-size-default\">Passeig de les Torres<\/h4>\t\t\t\t<\/div>\n\t\t\t\t<\/div>\n\t\t\t\t<div class=\"elementor-element elementor-element-54c7b74 elementor-widget elementor-widget-text-editor\" data-id=\"54c7b74\" data-element_type=\"widget\" data-e-type=\"widget\" data-widget_type=\"text-editor.default\">\n\t\t\t\t<div class=\"elementor-widget-container\">\n\t\t\t\t\t\t\t\t\t<p>Al punt (<strong>21<\/strong>) cap a la dreta surt el <strong>passeig de les Torres<\/strong>, que comunica la porta d\u2019entrada al Castell, que hem vist a l\u2019arribada des de l\u2019exterior, fins al Castell.<\/p>\t\t\t\t\t\t\t\t<\/div>\n\t\t\t\t<\/div>\n\t\t\t\t<div class=\"elementor-element elementor-element-57ea5b1 elementor-widget elementor-widget-image\" data-id=\"57ea5b1\" data-element_type=\"widget\" data-e-type=\"widget\" data-widget_type=\"image.default\">\n\t\t\t\t<div class=\"elementor-widget-container\">\n\t\t\t\t\t\t\t\t\t\t\t\t<figure class=\"wp-caption\">\n\t\t\t\t\t\t\t\t\t\t<img loading=\"lazy\" decoding=\"async\" width=\"768\" height=\"511\" src=\"https:\/\/www.elturistatranquil.com\/wp-content\/uploads\/F64-Jardins-de-Cap-Roig-Calella-de-Palafrugell.jpg\" class=\"attachment-large size-large wp-image-30241\" alt=\"Jardins de Cap Roig Calella de Palafrugell\" srcset=\"https:\/\/www.elturistatranquil.com\/wp-content\/uploads\/F64-Jardins-de-Cap-Roig-Calella-de-Palafrugell.jpg 768w, https:\/\/www.elturistatranquil.com\/wp-content\/uploads\/F64-Jardins-de-Cap-Roig-Calella-de-Palafrugell-339x226.jpg 339w\" sizes=\"(max-width: 768px) 100vw, 768px\" \/>\t\t\t\t\t\t\t\t\t\t\t<figcaption class=\"widget-image-caption wp-caption-text\"><\/figcaption>\n\t\t\t\t\t\t\t\t\t\t<\/figure>\n\t\t\t\t\t\t\t\t\t<\/div>\n\t\t\t\t<\/div>\n\t\t\t\t<div class=\"elementor-element elementor-element-5995dc7 elementor-widget elementor-widget-image\" data-id=\"5995dc7\" data-element_type=\"widget\" data-e-type=\"widget\" data-widget_type=\"image.default\">\n\t\t\t\t<div class=\"elementor-widget-container\">\n\t\t\t\t\t\t\t\t\t\t\t\t<figure class=\"wp-caption\">\n\t\t\t\t\t\t\t\t\t\t<img loading=\"lazy\" decoding=\"async\" width=\"768\" height=\"511\" src=\"https:\/\/www.elturistatranquil.com\/wp-content\/uploads\/F65-Jardins-de-Cap-Roig-Calella-de-Palafrugell.jpg\" class=\"attachment-large size-large wp-image-30243\" alt=\"Jardins de Cap Roig Calella de Palafrugell\" srcset=\"https:\/\/www.elturistatranquil.com\/wp-content\/uploads\/F65-Jardins-de-Cap-Roig-Calella-de-Palafrugell.jpg 768w, https:\/\/www.elturistatranquil.com\/wp-content\/uploads\/F65-Jardins-de-Cap-Roig-Calella-de-Palafrugell-339x226.jpg 339w\" sizes=\"(max-width: 768px) 100vw, 768px\" \/>\t\t\t\t\t\t\t\t\t\t\t<figcaption class=\"widget-image-caption wp-caption-text\"><\/figcaption>\n\t\t\t\t\t\t\t\t\t\t<\/figure>\n\t\t\t\t\t\t\t\t\t<\/div>\n\t\t\t\t<\/div>\n\t\t\t\t<div class=\"elementor-element elementor-element-92f8d3f elementor-widget elementor-widget-text-editor\" data-id=\"92f8d3f\" data-element_type=\"widget\" data-e-type=\"widget\" data-widget_type=\"text-editor.default\">\n\t\t\t\t<div class=\"elementor-widget-container\">\n\t\t\t\t\t\t\t\t\t<p>El passeig esta flanquejat per escultures de Jorge Oteiza (<strong>S<\/strong>), de N\u00e9stor Basterretxea (<strong>T<\/strong>) i de Carlos Lizariturry (<strong>U<\/strong>).<\/p>\t\t\t\t\t\t\t\t<\/div>\n\t\t\t\t<\/div>\n\t\t\t\t<div class=\"elementor-element elementor-element-51879d6 elementor-widget elementor-widget-image\" data-id=\"51879d6\" data-element_type=\"widget\" data-e-type=\"widget\" data-widget_type=\"image.default\">\n\t\t\t\t<div class=\"elementor-widget-container\">\n\t\t\t\t\t\t\t\t\t\t\t\t<figure class=\"wp-caption\">\n\t\t\t\t\t\t\t\t\t\t<img loading=\"lazy\" decoding=\"async\" width=\"768\" height=\"512\" src=\"https:\/\/www.elturistatranquil.com\/wp-content\/uploads\/F66-Jardins-de-Cap-Roig-Calella-de-Palafrugell-Jorge-Oteiza-\u201cCaja-abierta-variante\u201d.jpg\" class=\"attachment-large size-large wp-image-30245\" alt=\"Jardins de Cap Roig Calella de Palafrugell Jorge Oteiza \u201cCaja abierta, variante\u201d\" srcset=\"https:\/\/www.elturistatranquil.com\/wp-content\/uploads\/F66-Jardins-de-Cap-Roig-Calella-de-Palafrugell-Jorge-Oteiza-\u201cCaja-abierta-variante\u201d.jpg 768w, https:\/\/www.elturistatranquil.com\/wp-content\/uploads\/F66-Jardins-de-Cap-Roig-Calella-de-Palafrugell-Jorge-Oteiza-\u201cCaja-abierta-variante\u201d-339x226.jpg 339w\" sizes=\"(max-width: 768px) 100vw, 768px\" \/>\t\t\t\t\t\t\t\t\t\t\t<figcaption class=\"widget-image-caption wp-caption-text\">Jorge Oteiza (Sant Sebasti\u00e0, 1908-2002), \u201cCaja abierta, variante\u201d, 1958-1984-85<\/figcaption>\n\t\t\t\t\t\t\t\t\t\t<\/figure>\n\t\t\t\t\t\t\t\t\t<\/div>\n\t\t\t\t<\/div>\n\t\t\t\t<div class=\"elementor-element elementor-element-79ea918 elementor-widget elementor-widget-image\" data-id=\"79ea918\" data-element_type=\"widget\" data-e-type=\"widget\" data-widget_type=\"image.default\">\n\t\t\t\t<div class=\"elementor-widget-container\">\n\t\t\t\t\t\t\t\t\t\t\t\t<figure class=\"wp-caption\">\n\t\t\t\t\t\t\t\t\t\t<img loading=\"lazy\" decoding=\"async\" width=\"768\" height=\"511\" src=\"https:\/\/www.elturistatranquil.com\/wp-content\/uploads\/F67-Jardins-de-Cap-Roig-Calella-de-Palafrugell-N\u00e9stor-Basterretxea-\u201cItinerario-abierto-n\u00ba-8\u201d.jpg\" class=\"attachment-large size-large wp-image-30247\" alt=\"Jardins de Cap Roig Calella de Palafrugell N\u00e9stor Basterretxea \u201cItinerario abierto n\u00ba 8\u201d\" srcset=\"https:\/\/www.elturistatranquil.com\/wp-content\/uploads\/F67-Jardins-de-Cap-Roig-Calella-de-Palafrugell-N\u00e9stor-Basterretxea-\u201cItinerario-abierto-n\u00ba-8\u201d.jpg 768w, https:\/\/www.elturistatranquil.com\/wp-content\/uploads\/F67-Jardins-de-Cap-Roig-Calella-de-Palafrugell-N\u00e9stor-Basterretxea-\u201cItinerario-abierto-n\u00ba-8\u201d-339x226.jpg 339w\" sizes=\"(max-width: 768px) 100vw, 768px\" \/>\t\t\t\t\t\t\t\t\t\t\t<figcaption class=\"widget-image-caption wp-caption-text\">N\u00e9stor Basterretxea (Bermeo, 1924-Hondarribia, 2014), \u201cItinerario abierto n\u00ba 8\u201d, 2006<\/figcaption>\n\t\t\t\t\t\t\t\t\t\t<\/figure>\n\t\t\t\t\t\t\t\t\t<\/div>\n\t\t\t\t<\/div>\n\t\t\t\t<div class=\"elementor-element elementor-element-90d9996 elementor-widget elementor-widget-image\" data-id=\"90d9996\" data-element_type=\"widget\" data-e-type=\"widget\" data-widget_type=\"image.default\">\n\t\t\t\t<div class=\"elementor-widget-container\">\n\t\t\t\t\t\t\t\t\t\t\t\t<figure class=\"wp-caption\">\n\t\t\t\t\t\t\t\t\t\t<img loading=\"lazy\" decoding=\"async\" width=\"768\" height=\"511\" src=\"https:\/\/www.elturistatranquil.com\/wp-content\/uploads\/F68-Jardins-de-Cap-Roig-Calella-de-Palafrugell-Carlos-Lizariturry-\u201cColumna\u201d.jpg\" class=\"attachment-large size-large wp-image-30249\" alt=\"Jardins de Cap Roig Calella de Palafrugell Carlos Lizariturry \u201cColumna\u201d\" srcset=\"https:\/\/www.elturistatranquil.com\/wp-content\/uploads\/F68-Jardins-de-Cap-Roig-Calella-de-Palafrugell-Carlos-Lizariturry-\u201cColumna\u201d.jpg 768w, https:\/\/www.elturistatranquil.com\/wp-content\/uploads\/F68-Jardins-de-Cap-Roig-Calella-de-Palafrugell-Carlos-Lizariturry-\u201cColumna\u201d-339x226.jpg 339w\" sizes=\"(max-width: 768px) 100vw, 768px\" \/>\t\t\t\t\t\t\t\t\t\t\t<figcaption class=\"widget-image-caption wp-caption-text\">Carlos Lizariturry (Sant Sebasti\u00e0, 1955-Madrid, 2013), \u201cColumna\u201d, 1997<\/figcaption>\n\t\t\t\t\t\t\t\t\t\t<\/figure>\n\t\t\t\t\t\t\t\t\t<\/div>\n\t\t\t\t<\/div>\n\t\t\t\t<div class=\"elementor-element elementor-element-b271973 elementor-widget elementor-widget-image\" data-id=\"b271973\" data-element_type=\"widget\" data-e-type=\"widget\" data-widget_type=\"image.default\">\n\t\t\t\t<div class=\"elementor-widget-container\">\n\t\t\t\t\t\t\t\t\t\t\t\t<figure class=\"wp-caption\">\n\t\t\t\t\t\t\t\t\t\t<img loading=\"lazy\" decoding=\"async\" width=\"768\" height=\"511\" src=\"https:\/\/www.elturistatranquil.com\/wp-content\/uploads\/F69-Jardins-de-Cap-Roig-Calella-de-Palafrugell.jpg\" class=\"attachment-large size-large wp-image-30251\" alt=\"Jardins de Cap Roig Calella de Palafrugell\" srcset=\"https:\/\/www.elturistatranquil.com\/wp-content\/uploads\/F69-Jardins-de-Cap-Roig-Calella-de-Palafrugell.jpg 768w, https:\/\/www.elturistatranquil.com\/wp-content\/uploads\/F69-Jardins-de-Cap-Roig-Calella-de-Palafrugell-339x226.jpg 339w\" sizes=\"(max-width: 768px) 100vw, 768px\" \/>\t\t\t\t\t\t\t\t\t\t\t<figcaption class=\"widget-image-caption wp-caption-text\"><\/figcaption>\n\t\t\t\t\t\t\t\t\t\t<\/figure>\n\t\t\t\t\t\t\t\t\t<\/div>\n\t\t\t\t<\/div>\n\t\t\t\t<div class=\"elementor-element elementor-element-5a5a3d4 elementor-widget elementor-widget-text-editor\" data-id=\"5a5a3d4\" data-element_type=\"widget\" data-e-type=\"widget\" data-widget_type=\"text-editor.default\">\n\t\t\t\t<div class=\"elementor-widget-container\">\n\t\t\t\t\t\t\t\t\t<p>Acabat el recorregut pel jard\u00ed es retorna al poblat i deixem els Jardins de Cap Roig per la mateixa porta d\u2019acc\u00e9s.<\/p><p>A l\u2019aparcament m\u2019espera el cotxe.<\/p>\t\t\t\t\t\t\t\t<\/div>\n\t\t\t\t<\/div>\n\t\t\t\t<div class=\"elementor-element elementor-element-ea0e191 elementor-widget elementor-widget-menu-anchor\" data-id=\"ea0e191\" data-element_type=\"widget\" data-e-type=\"widget\" data-widget_type=\"menu-anchor.default\">\n\t\t\t\t<div class=\"elementor-widget-container\">\n\t\t\t\t\t\t\t<div class=\"elementor-menu-anchor\" id=\"b4514\"><\/div>\n\t\t\t\t\t\t<\/div>\n\t\t\t\t<\/div>\n\t\t\t\t<div class=\"elementor-element elementor-element-4d86cbc elementor-widget elementor-widget-image\" data-id=\"4d86cbc\" data-element_type=\"widget\" data-e-type=\"widget\" data-widget_type=\"image.default\">\n\t\t\t\t<div class=\"elementor-widget-container\">\n\t\t\t\t\t\t\t\t\t\t\t\t<figure class=\"wp-caption\">\n\t\t\t\t\t\t\t\t\t\t<img loading=\"lazy\" decoding=\"async\" width=\"768\" height=\"511\" src=\"https:\/\/www.elturistatranquil.com\/wp-content\/uploads\/F70-Jardins-de-Cap-Roig-Calella-de-Palafrugell.jpg\" class=\"attachment-large size-large wp-image-30253\" alt=\"Jardins de Cap Roig Calella de Palafrugell\" srcset=\"https:\/\/www.elturistatranquil.com\/wp-content\/uploads\/F70-Jardins-de-Cap-Roig-Calella-de-Palafrugell.jpg 768w, https:\/\/www.elturistatranquil.com\/wp-content\/uploads\/F70-Jardins-de-Cap-Roig-Calella-de-Palafrugell-339x226.jpg 339w\" sizes=\"(max-width: 768px) 100vw, 768px\" \/>\t\t\t\t\t\t\t\t\t\t\t<figcaption class=\"widget-image-caption wp-caption-text\"><\/figcaption>\n\t\t\t\t\t\t\t\t\t\t<\/figure>\n\t\t\t\t\t\t\t\t\t<\/div>\n\t\t\t\t<\/div>\n\t\t\t\t<div class=\"elementor-element elementor-element-b408b8b elementor-widget elementor-widget-heading\" data-id=\"b408b8b\" data-element_type=\"widget\" data-e-type=\"widget\" data-widget_type=\"heading.default\">\n\t\t\t\t<div class=\"elementor-widget-container\">\n\t\t\t\t\t<h2 class=\"elementor-heading-title elementor-size-default\">Fi de la visita<\/h2>\t\t\t\t<\/div>\n\t\t\t\t<\/div>\n\t\t\t\t<div class=\"elementor-element elementor-element-3dba0bfb elementor-widget elementor-widget-text-editor\" data-id=\"3dba0bfb\" data-element_type=\"widget\" data-e-type=\"widget\" data-widget_type=\"text-editor.default\">\n\t\t\t\t<div class=\"elementor-widget-container\">\n\t\t\t\t\t\t\t\t\t<p>He passat una estona agradable i relaxada, gaudint de la combinaci\u00f3 entre natura, paisatge amb espl\u00e8ndides vistes i l\u2019acci\u00f3 humana, primer adaptant aquest territori al servei d\u2019uns essers que es van enamorar de la Costa Brava, molt abans de que fos famosa, amb uns jardins que a mitges respecten l\u2019entorn natural, i al que incorporen esp\u00e8cies foranies per fer-ne un jard\u00ed bot\u00e0nic. Per \u00faltim, aquest espai humanitzar \u00e9s posat a disposici\u00f3 de l\u2019escultura perqu\u00e8 pugui establir un di\u00e0leg amb la natura. Fora de les parets d\u2019un museu.<\/p>\t\t\t\t\t\t\t\t<\/div>\n\t\t\t\t<\/div>\n\t\t\t\t\t<\/div>\n\t\t<\/div>\n\t\t\t\t\t<\/div>\n\t\t<\/section>\n\t\t\t\t<\/div>\n\t\t","protected":false},"excerpt":{"rendered":"<p>La proposta de visita als Jardins de Cap Roig y la mostra d\u2019escultures (Calella de Palafrugell, Girona) posa en contacte la bellesa del paisatge de la Costa Brava amb l\u2019art &#8230; <a title=\"Escultures als Jardins de Cap Roig (Girona)\" class=\"read-more\" href=\"https:\/\/www.elturistatranquil.com\/ca\/escultures-als-jardins-de-cap-roig-girona\/\" aria-label=\"M\u00e9s informaci\u00f3 sobre Escultures als Jardins de Cap Roig (Girona)\">[ &#8230; ]<\/a><\/p>\n","protected":false},"author":1,"featured_media":30104,"comment_status":"open","ping_status":"closed","sticky":false,"template":"","format":"standard","meta":{"footnotes":""},"categories":[70,75,135,87,92,95,107],"tags":[],"class_list":["post-30259","post","type-post","status-publish","format-standard","has-post-thumbnail","hentry","category-arquitectura-civil-ca","category-castells","category-girona-ca","category-joies-al-territori","category-museus","category-paisatge","category-segle-xx-xxi","infinite-scroll-item","generate-columns","tablet-grid-50","mobile-grid-100","grid-parent","grid-50","no-featured-image-padding"],"yoast_head":"<!-- This site is optimized with the Yoast SEO plugin v27.4 - https:\/\/yoast.com\/product\/yoast-seo-wordpress\/ -->\n<title>Escultures als Jardins de Cap Roig (Girona) - El turista tranquil<\/title>\n<meta name=\"description\" content=\"La proposta de visita als Jardins de Cap Roig y la mostra d\u2019escultures (Calella de Palafrugell, Girona) posa en contacte la bellesa del paisatge de la Costa Brava amb l\u2019art escult\u00f2ric contemporani.\" \/>\n<meta name=\"robots\" content=\"index, follow, max-snippet:-1, max-image-preview:large, max-video-preview:-1\" \/>\n<link rel=\"canonical\" href=\"https:\/\/www.elturistatranquil.com\/ca\/escultures-als-jardins-de-cap-roig-girona\/\" \/>\n<meta property=\"og:locale\" content=\"ca_ES\" \/>\n<meta property=\"og:type\" content=\"article\" \/>\n<meta property=\"og:title\" content=\"Escultures als Jardins de Cap Roig (Girona) - El turista tranquil\" \/>\n<meta property=\"og:description\" content=\"La proposta de visita als Jardins de Cap Roig y la mostra d\u2019escultures (Calella de Palafrugell, Girona) posa en contacte la bellesa del paisatge de la Costa Brava amb l\u2019art escult\u00f2ric contemporani.\" \/>\n<meta property=\"og:url\" content=\"https:\/\/www.elturistatranquil.com\/ca\/escultures-als-jardins-de-cap-roig-girona\/\" \/>\n<meta property=\"og:site_name\" content=\"El turista tranquil\" \/>\n<meta property=\"article:publisher\" content=\"https:\/\/www.facebook.com\/elturistatranquilo\/\" \/>\n<meta property=\"article:published_time\" content=\"2020-05-02T08:28:25+00:00\" \/>\n<meta property=\"article:modified_time\" content=\"2020-05-13T09:40:29+00:00\" \/>\n<meta property=\"og:image\" content=\"https:\/\/www.elturistatranquil.com\/wp-content\/uploads\/F01-Jardins-de-Cap-Roig-Calella-de-Palafrugell.jpg\" \/>\n\t<meta property=\"og:image:width\" content=\"768\" \/>\n\t<meta property=\"og:image:height\" content=\"511\" \/>\n\t<meta property=\"og:image:type\" content=\"image\/jpeg\" \/>\n<meta name=\"author\" content=\"admin\" \/>\n<meta name=\"twitter:card\" content=\"summary_large_image\" \/>\n<meta name=\"twitter:label1\" content=\"Escrit per\" \/>\n\t<meta name=\"twitter:data1\" content=\"admin\" \/>\n\t<meta name=\"twitter:label2\" content=\"Temps estimat de lectura\" \/>\n\t<meta name=\"twitter:data2\" content=\"10 minuts\" \/>\n<script type=\"application\/ld+json\" class=\"yoast-schema-graph\">{\"@context\":\"https:\\\/\\\/schema.org\",\"@graph\":[{\"@type\":\"Article\",\"@id\":\"https:\\\/\\\/www.elturistatranquil.com\\\/ca\\\/escultures-als-jardins-de-cap-roig-girona\\\/#article\",\"isPartOf\":{\"@id\":\"https:\\\/\\\/www.elturistatranquil.com\\\/ca\\\/escultures-als-jardins-de-cap-roig-girona\\\/\"},\"author\":{\"name\":\"admin\",\"@id\":\"https:\\\/\\\/www.elturistatranquil.com\\\/ca\\\/#\\\/schema\\\/person\\\/16f607c3079b96ed0c530a52e6b58bb5\"},\"headline\":\"Escultures als Jardins de Cap Roig (Girona)\",\"datePublished\":\"2020-05-02T08:28:25+00:00\",\"dateModified\":\"2020-05-13T09:40:29+00:00\",\"mainEntityOfPage\":{\"@id\":\"https:\\\/\\\/www.elturistatranquil.com\\\/ca\\\/escultures-als-jardins-de-cap-roig-girona\\\/\"},\"wordCount\":2069,\"commentCount\":2,\"image\":{\"@id\":\"https:\\\/\\\/www.elturistatranquil.com\\\/ca\\\/escultures-als-jardins-de-cap-roig-girona\\\/#primaryimage\"},\"thumbnailUrl\":\"https:\\\/\\\/www.elturistatranquil.com\\\/wp-content\\\/uploads\\\/F01-Jardins-de-Cap-Roig-Calella-de-Palafrugell.jpg\",\"articleSection\":[\"Arquitectura civil\",\"Castells, Muralles\",\"Girona\",\"Joies al territori\",\"Museus\",\"Paisatge\",\"Segle XX-XXI\"],\"inLanguage\":\"ca\",\"potentialAction\":[{\"@type\":\"CommentAction\",\"name\":\"Comment\",\"target\":[\"https:\\\/\\\/www.elturistatranquil.com\\\/ca\\\/escultures-als-jardins-de-cap-roig-girona\\\/#respond\"]}]},{\"@type\":\"WebPage\",\"@id\":\"https:\\\/\\\/www.elturistatranquil.com\\\/ca\\\/escultures-als-jardins-de-cap-roig-girona\\\/\",\"url\":\"https:\\\/\\\/www.elturistatranquil.com\\\/ca\\\/escultures-als-jardins-de-cap-roig-girona\\\/\",\"name\":\"Escultures als Jardins de Cap Roig (Girona) - El turista tranquil\",\"isPartOf\":{\"@id\":\"https:\\\/\\\/www.elturistatranquil.com\\\/ca\\\/#website\"},\"primaryImageOfPage\":{\"@id\":\"https:\\\/\\\/www.elturistatranquil.com\\\/ca\\\/escultures-als-jardins-de-cap-roig-girona\\\/#primaryimage\"},\"image\":{\"@id\":\"https:\\\/\\\/www.elturistatranquil.com\\\/ca\\\/escultures-als-jardins-de-cap-roig-girona\\\/#primaryimage\"},\"thumbnailUrl\":\"https:\\\/\\\/www.elturistatranquil.com\\\/wp-content\\\/uploads\\\/F01-Jardins-de-Cap-Roig-Calella-de-Palafrugell.jpg\",\"datePublished\":\"2020-05-02T08:28:25+00:00\",\"dateModified\":\"2020-05-13T09:40:29+00:00\",\"author\":{\"@id\":\"https:\\\/\\\/www.elturistatranquil.com\\\/ca\\\/#\\\/schema\\\/person\\\/16f607c3079b96ed0c530a52e6b58bb5\"},\"description\":\"La proposta de visita als Jardins de Cap Roig y la mostra d\u2019escultures (Calella de Palafrugell, Girona) posa en contacte la bellesa del paisatge de la Costa Brava amb l\u2019art escult\u00f2ric contemporani.\",\"breadcrumb\":{\"@id\":\"https:\\\/\\\/www.elturistatranquil.com\\\/ca\\\/escultures-als-jardins-de-cap-roig-girona\\\/#breadcrumb\"},\"inLanguage\":\"ca\",\"potentialAction\":[{\"@type\":\"ReadAction\",\"target\":[\"https:\\\/\\\/www.elturistatranquil.com\\\/ca\\\/escultures-als-jardins-de-cap-roig-girona\\\/\"]}]},{\"@type\":\"ImageObject\",\"inLanguage\":\"ca\",\"@id\":\"https:\\\/\\\/www.elturistatranquil.com\\\/ca\\\/escultures-als-jardins-de-cap-roig-girona\\\/#primaryimage\",\"url\":\"https:\\\/\\\/www.elturistatranquil.com\\\/wp-content\\\/uploads\\\/F01-Jardins-de-Cap-Roig-Calella-de-Palafrugell.jpg\",\"contentUrl\":\"https:\\\/\\\/www.elturistatranquil.com\\\/wp-content\\\/uploads\\\/F01-Jardins-de-Cap-Roig-Calella-de-Palafrugell.jpg\",\"width\":768,\"height\":511,\"caption\":\"Jardins de Cap Roig Calella de Palafrugell\"},{\"@type\":\"BreadcrumbList\",\"@id\":\"https:\\\/\\\/www.elturistatranquil.com\\\/ca\\\/escultures-als-jardins-de-cap-roig-girona\\\/#breadcrumb\",\"itemListElement\":[{\"@type\":\"ListItem\",\"position\":1,\"name\":\"Portada\",\"item\":\"https:\\\/\\\/www.elturistatranquil.com\\\/ca\\\/\"},{\"@type\":\"ListItem\",\"position\":2,\"name\":\"Escultures als Jardins de Cap Roig (Girona)\"}]},{\"@type\":\"WebSite\",\"@id\":\"https:\\\/\\\/www.elturistatranquil.com\\\/ca\\\/#website\",\"url\":\"https:\\\/\\\/www.elturistatranquil.com\\\/ca\\\/\",\"name\":\"El turista tranquil\",\"description\":\"Blog de viatges\",\"potentialAction\":[{\"@type\":\"SearchAction\",\"target\":{\"@type\":\"EntryPoint\",\"urlTemplate\":\"https:\\\/\\\/www.elturistatranquil.com\\\/ca\\\/?s={search_term_string}\"},\"query-input\":{\"@type\":\"PropertyValueSpecification\",\"valueRequired\":true,\"valueName\":\"search_term_string\"}}],\"inLanguage\":\"ca\"},{\"@type\":\"Person\",\"@id\":\"https:\\\/\\\/www.elturistatranquil.com\\\/ca\\\/#\\\/schema\\\/person\\\/16f607c3079b96ed0c530a52e6b58bb5\",\"name\":\"admin\",\"image\":{\"@type\":\"ImageObject\",\"inLanguage\":\"ca\",\"@id\":\"https:\\\/\\\/secure.gravatar.com\\\/avatar\\\/1fbaf22aee75fcbb29a2f97b107f95d25d3a19b7c3416105be10269872673e8d?s=96&d=mm&r=g\",\"url\":\"https:\\\/\\\/secure.gravatar.com\\\/avatar\\\/1fbaf22aee75fcbb29a2f97b107f95d25d3a19b7c3416105be10269872673e8d?s=96&d=mm&r=g\",\"contentUrl\":\"https:\\\/\\\/secure.gravatar.com\\\/avatar\\\/1fbaf22aee75fcbb29a2f97b107f95d25d3a19b7c3416105be10269872673e8d?s=96&d=mm&r=g\",\"caption\":\"admin\"}}]}<\/script>\n<!-- \/ Yoast SEO plugin. -->","yoast_head_json":{"title":"Escultures als Jardins de Cap Roig (Girona) - El turista tranquil","description":"La proposta de visita als Jardins de Cap Roig y la mostra d\u2019escultures (Calella de Palafrugell, Girona) posa en contacte la bellesa del paisatge de la Costa Brava amb l\u2019art escult\u00f2ric contemporani.","robots":{"index":"index","follow":"follow","max-snippet":"max-snippet:-1","max-image-preview":"max-image-preview:large","max-video-preview":"max-video-preview:-1"},"canonical":"https:\/\/www.elturistatranquil.com\/ca\/escultures-als-jardins-de-cap-roig-girona\/","og_locale":"ca_ES","og_type":"article","og_title":"Escultures als Jardins de Cap Roig (Girona) - El turista tranquil","og_description":"La proposta de visita als Jardins de Cap Roig y la mostra d\u2019escultures (Calella de Palafrugell, Girona) posa en contacte la bellesa del paisatge de la Costa Brava amb l\u2019art escult\u00f2ric contemporani.","og_url":"https:\/\/www.elturistatranquil.com\/ca\/escultures-als-jardins-de-cap-roig-girona\/","og_site_name":"El turista tranquil","article_publisher":"https:\/\/www.facebook.com\/elturistatranquilo\/","article_published_time":"2020-05-02T08:28:25+00:00","article_modified_time":"2020-05-13T09:40:29+00:00","og_image":[{"width":768,"height":511,"url":"https:\/\/www.elturistatranquil.com\/wp-content\/uploads\/F01-Jardins-de-Cap-Roig-Calella-de-Palafrugell.jpg","type":"image\/jpeg"}],"author":"admin","twitter_card":"summary_large_image","twitter_misc":{"Escrit per":"admin","Temps estimat de lectura":"10 minuts"},"schema":{"@context":"https:\/\/schema.org","@graph":[{"@type":"Article","@id":"https:\/\/www.elturistatranquil.com\/ca\/escultures-als-jardins-de-cap-roig-girona\/#article","isPartOf":{"@id":"https:\/\/www.elturistatranquil.com\/ca\/escultures-als-jardins-de-cap-roig-girona\/"},"author":{"name":"admin","@id":"https:\/\/www.elturistatranquil.com\/ca\/#\/schema\/person\/16f607c3079b96ed0c530a52e6b58bb5"},"headline":"Escultures als Jardins de Cap Roig (Girona)","datePublished":"2020-05-02T08:28:25+00:00","dateModified":"2020-05-13T09:40:29+00:00","mainEntityOfPage":{"@id":"https:\/\/www.elturistatranquil.com\/ca\/escultures-als-jardins-de-cap-roig-girona\/"},"wordCount":2069,"commentCount":2,"image":{"@id":"https:\/\/www.elturistatranquil.com\/ca\/escultures-als-jardins-de-cap-roig-girona\/#primaryimage"},"thumbnailUrl":"https:\/\/www.elturistatranquil.com\/wp-content\/uploads\/F01-Jardins-de-Cap-Roig-Calella-de-Palafrugell.jpg","articleSection":["Arquitectura civil","Castells, Muralles","Girona","Joies al territori","Museus","Paisatge","Segle XX-XXI"],"inLanguage":"ca","potentialAction":[{"@type":"CommentAction","name":"Comment","target":["https:\/\/www.elturistatranquil.com\/ca\/escultures-als-jardins-de-cap-roig-girona\/#respond"]}]},{"@type":"WebPage","@id":"https:\/\/www.elturistatranquil.com\/ca\/escultures-als-jardins-de-cap-roig-girona\/","url":"https:\/\/www.elturistatranquil.com\/ca\/escultures-als-jardins-de-cap-roig-girona\/","name":"Escultures als Jardins de Cap Roig (Girona) - El turista tranquil","isPartOf":{"@id":"https:\/\/www.elturistatranquil.com\/ca\/#website"},"primaryImageOfPage":{"@id":"https:\/\/www.elturistatranquil.com\/ca\/escultures-als-jardins-de-cap-roig-girona\/#primaryimage"},"image":{"@id":"https:\/\/www.elturistatranquil.com\/ca\/escultures-als-jardins-de-cap-roig-girona\/#primaryimage"},"thumbnailUrl":"https:\/\/www.elturistatranquil.com\/wp-content\/uploads\/F01-Jardins-de-Cap-Roig-Calella-de-Palafrugell.jpg","datePublished":"2020-05-02T08:28:25+00:00","dateModified":"2020-05-13T09:40:29+00:00","author":{"@id":"https:\/\/www.elturistatranquil.com\/ca\/#\/schema\/person\/16f607c3079b96ed0c530a52e6b58bb5"},"description":"La proposta de visita als Jardins de Cap Roig y la mostra d\u2019escultures (Calella de Palafrugell, Girona) posa en contacte la bellesa del paisatge de la Costa Brava amb l\u2019art escult\u00f2ric contemporani.","breadcrumb":{"@id":"https:\/\/www.elturistatranquil.com\/ca\/escultures-als-jardins-de-cap-roig-girona\/#breadcrumb"},"inLanguage":"ca","potentialAction":[{"@type":"ReadAction","target":["https:\/\/www.elturistatranquil.com\/ca\/escultures-als-jardins-de-cap-roig-girona\/"]}]},{"@type":"ImageObject","inLanguage":"ca","@id":"https:\/\/www.elturistatranquil.com\/ca\/escultures-als-jardins-de-cap-roig-girona\/#primaryimage","url":"https:\/\/www.elturistatranquil.com\/wp-content\/uploads\/F01-Jardins-de-Cap-Roig-Calella-de-Palafrugell.jpg","contentUrl":"https:\/\/www.elturistatranquil.com\/wp-content\/uploads\/F01-Jardins-de-Cap-Roig-Calella-de-Palafrugell.jpg","width":768,"height":511,"caption":"Jardins de Cap Roig Calella de Palafrugell"},{"@type":"BreadcrumbList","@id":"https:\/\/www.elturistatranquil.com\/ca\/escultures-als-jardins-de-cap-roig-girona\/#breadcrumb","itemListElement":[{"@type":"ListItem","position":1,"name":"Portada","item":"https:\/\/www.elturistatranquil.com\/ca\/"},{"@type":"ListItem","position":2,"name":"Escultures als Jardins de Cap Roig (Girona)"}]},{"@type":"WebSite","@id":"https:\/\/www.elturistatranquil.com\/ca\/#website","url":"https:\/\/www.elturistatranquil.com\/ca\/","name":"El turista tranquil","description":"Blog de viatges","potentialAction":[{"@type":"SearchAction","target":{"@type":"EntryPoint","urlTemplate":"https:\/\/www.elturistatranquil.com\/ca\/?s={search_term_string}"},"query-input":{"@type":"PropertyValueSpecification","valueRequired":true,"valueName":"search_term_string"}}],"inLanguage":"ca"},{"@type":"Person","@id":"https:\/\/www.elturistatranquil.com\/ca\/#\/schema\/person\/16f607c3079b96ed0c530a52e6b58bb5","name":"admin","image":{"@type":"ImageObject","inLanguage":"ca","@id":"https:\/\/secure.gravatar.com\/avatar\/1fbaf22aee75fcbb29a2f97b107f95d25d3a19b7c3416105be10269872673e8d?s=96&d=mm&r=g","url":"https:\/\/secure.gravatar.com\/avatar\/1fbaf22aee75fcbb29a2f97b107f95d25d3a19b7c3416105be10269872673e8d?s=96&d=mm&r=g","contentUrl":"https:\/\/secure.gravatar.com\/avatar\/1fbaf22aee75fcbb29a2f97b107f95d25d3a19b7c3416105be10269872673e8d?s=96&d=mm&r=g","caption":"admin"}}]}},"_links":{"self":[{"href":"https:\/\/www.elturistatranquil.com\/ca\/wp-json\/wp\/v2\/posts\/30259","targetHints":{"allow":["GET"]}}],"collection":[{"href":"https:\/\/www.elturistatranquil.com\/ca\/wp-json\/wp\/v2\/posts"}],"about":[{"href":"https:\/\/www.elturistatranquil.com\/ca\/wp-json\/wp\/v2\/types\/post"}],"author":[{"embeddable":true,"href":"https:\/\/www.elturistatranquil.com\/ca\/wp-json\/wp\/v2\/users\/1"}],"replies":[{"embeddable":true,"href":"https:\/\/www.elturistatranquil.com\/ca\/wp-json\/wp\/v2\/comments?post=30259"}],"version-history":[{"count":5,"href":"https:\/\/www.elturistatranquil.com\/ca\/wp-json\/wp\/v2\/posts\/30259\/revisions"}],"predecessor-version":[{"id":30766,"href":"https:\/\/www.elturistatranquil.com\/ca\/wp-json\/wp\/v2\/posts\/30259\/revisions\/30766"}],"wp:featuredmedia":[{"embeddable":true,"href":"https:\/\/www.elturistatranquil.com\/ca\/wp-json\/wp\/v2\/media\/30104"}],"wp:attachment":[{"href":"https:\/\/www.elturistatranquil.com\/ca\/wp-json\/wp\/v2\/media?parent=30259"}],"wp:term":[{"taxonomy":"category","embeddable":true,"href":"https:\/\/www.elturistatranquil.com\/ca\/wp-json\/wp\/v2\/categories?post=30259"},{"taxonomy":"post_tag","embeddable":true,"href":"https:\/\/www.elturistatranquil.com\/ca\/wp-json\/wp\/v2\/tags?post=30259"}],"curies":[{"name":"wp","href":"https:\/\/api.w.org\/{rel}","templated":true}]}}