{"id":31869,"date":"2020-08-01T10:07:31","date_gmt":"2020-08-01T08:07:31","guid":{"rendered":"https:\/\/www.elturistatranquil.com\/?p=31869"},"modified":"2020-08-01T10:20:23","modified_gmt":"2020-08-01T08:20:23","slug":"un-passeig-per-la-ciutat-vella-de-salamanca","status":"publish","type":"post","link":"https:\/\/www.elturistatranquil.com\/ca\/un-passeig-per-la-ciutat-vella-de-salamanca\/","title":{"rendered":"Un passeig per la ciutat vella de Salamanca"},"content":{"rendered":"\t\t<div data-elementor-type=\"wp-post\" data-elementor-id=\"31869\" class=\"elementor elementor-31869 elementor-31777\" data-elementor-post-type=\"post\">\n\t\t\t\t\t\t<section class=\"elementor-section elementor-top-section elementor-element elementor-element-24eff500 elementor-section-boxed elementor-section-height-default elementor-section-height-default\" data-id=\"24eff500\" data-element_type=\"section\" data-e-type=\"section\">\n\t\t\t\t\t\t<div class=\"elementor-container elementor-column-gap-default\">\n\t\t\t\t\t<div class=\"elementor-column elementor-col-100 elementor-top-column elementor-element elementor-element-7618ebc6\" data-id=\"7618ebc6\" data-element_type=\"column\" data-e-type=\"column\">\n\t\t\t<div class=\"elementor-widget-wrap elementor-element-populated\">\n\t\t\t\t\t\t<section class=\"elementor-section elementor-inner-section elementor-element elementor-element-7eb7a168 elementor-section-content-middle elementor-section-boxed elementor-section-height-default elementor-section-height-default\" data-id=\"7eb7a168\" data-element_type=\"section\" data-e-type=\"section\">\n\t\t\t\t\t\t<div class=\"elementor-container elementor-column-gap-default\">\n\t\t\t\t\t<div class=\"elementor-column elementor-col-100 elementor-inner-column elementor-element elementor-element-3bf3afc3\" data-id=\"3bf3afc3\" data-element_type=\"column\" data-e-type=\"column\">\n\t\t\t<div class=\"elementor-widget-wrap elementor-element-populated\">\n\t\t\t\t\t\t<div class=\"elementor-element elementor-element-39cc9af8 elementor-widget elementor-widget-text-editor\" data-id=\"39cc9af8\" data-element_type=\"widget\" data-e-type=\"widget\" data-widget_type=\"text-editor.default\">\n\t\t\t\t<div class=\"elementor-widget-container\">\n\t\t\t\t\t\t\t\t\t<p>La <em>ciutat vella de Salamanca<\/em> est\u00e0 considerada &#8220;la ciutat plateresca&#8221;. Declarada ciutat Patrimoni Mundial per la UNESCO. Rom\u00e0nic, g\u00f2tic, renaixement, plateresc i barroc, omple els seus carrers, on destaca la Pla\u00e7a Major, prototip del churriguerisme.<\/p>\t\t\t\t\t\t\t\t<\/div>\n\t\t\t\t<\/div>\n\t\t\t\t\t<\/div>\n\t\t<\/div>\n\t\t\t\t\t<\/div>\n\t\t<\/section>\n\t\t\t\t<div class=\"elementor-element elementor-element-e1e5909 elementor-widget elementor-widget-heading\" data-id=\"e1e5909\" data-element_type=\"widget\" data-e-type=\"widget\" data-widget_type=\"heading.default\">\n\t\t\t\t<div class=\"elementor-widget-container\">\n\t\t\t\t\t<h1 class=\"elementor-heading-title elementor-size-default\">Un passeig per la ciutat vella de Salamanca<\/h1>\t\t\t\t<\/div>\n\t\t\t\t<\/div>\n\t\t\t\t\t<\/div>\n\t\t<\/div>\n\t\t\t\t\t<\/div>\n\t\t<\/section>\n\t\t\t\t<section class=\"elementor-section elementor-top-section elementor-element elementor-element-52b875ab elementor-section-boxed elementor-section-height-default elementor-section-height-default\" data-id=\"52b875ab\" data-element_type=\"section\" data-e-type=\"section\">\n\t\t\t\t\t\t<div class=\"elementor-container elementor-column-gap-default\">\n\t\t\t\t\t<div class=\"elementor-column elementor-col-100 elementor-top-column elementor-element elementor-element-33ecd5c0\" data-id=\"33ecd5c0\" data-element_type=\"column\" data-e-type=\"column\">\n\t\t\t<div class=\"elementor-widget-wrap elementor-element-populated\">\n\t\t\t\t\t\t<div class=\"elementor-element elementor-element-681f293c elementor-widget elementor-widget-image\" data-id=\"681f293c\" data-element_type=\"widget\" data-e-type=\"widget\" data-widget_type=\"image.default\">\n\t\t\t\t<div class=\"elementor-widget-container\">\n\t\t\t\t\t\t\t\t\t\t\t\t<figure class=\"wp-caption\">\n\t\t\t\t\t\t\t\t\t\t<img fetchpriority=\"high\" decoding=\"async\" width=\"768\" height=\"511\" src=\"https:\/\/www.elturistatranquil.com\/wp-content\/uploads\/z01-Salamanca-Google-earth-2020-06-24.jpg\" class=\"attachment-large size-large wp-image-31782\" alt=\"Salamanca (Google earth 2020-06-24)\" srcset=\"https:\/\/www.elturistatranquil.com\/wp-content\/uploads\/z01-Salamanca-Google-earth-2020-06-24.jpg 768w, https:\/\/www.elturistatranquil.com\/wp-content\/uploads\/z01-Salamanca-Google-earth-2020-06-24-339x226.jpg 339w\" sizes=\"(max-width: 768px) 100vw, 768px\" \/>\t\t\t\t\t\t\t\t\t\t\t<figcaption class=\"widget-image-caption wp-caption-text\">Salamanca (Google earth 2020-06-24)<\/figcaption>\n\t\t\t\t\t\t\t\t\t\t<\/figure>\n\t\t\t\t\t\t\t\t\t<\/div>\n\t\t\t\t<\/div>\n\t\t\t\t<div class=\"elementor-element elementor-element-290d5181 elementor-widget elementor-widget-spacer\" data-id=\"290d5181\" data-element_type=\"widget\" data-e-type=\"widget\" data-widget_type=\"spacer.default\">\n\t\t\t\t<div class=\"elementor-widget-container\">\n\t\t\t\t\t\t\t<div class=\"elementor-spacer\">\n\t\t\t<div class=\"elementor-spacer-inner\"><\/div>\n\t\t<\/div>\n\t\t\t\t\t\t<\/div>\n\t\t\t\t<\/div>\n\t\t\t\t<div class=\"elementor-element elementor-element-6253bdb2 elementor-widget elementor-widget-heading\" data-id=\"6253bdb2\" data-element_type=\"widget\" data-e-type=\"widget\" data-widget_type=\"heading.default\">\n\t\t\t\t<div class=\"elementor-widget-container\">\n\t\t\t\t\t<h2 class=\"elementor-heading-title elementor-size-default\">Un passeig per la ciutat vella de Salamanca<\/h2>\t\t\t\t<\/div>\n\t\t\t\t<\/div>\n\t\t\t\t<section class=\"elementor-section elementor-inner-section elementor-element elementor-element-7ab8be88 elementor-section-boxed elementor-section-height-default elementor-section-height-default\" data-id=\"7ab8be88\" data-element_type=\"section\" data-e-type=\"section\" data-settings=\"{&quot;background_background&quot;:&quot;classic&quot;}\">\n\t\t\t\t\t\t\t<div class=\"elementor-background-overlay\"><\/div>\n\t\t\t\t\t\t\t<div class=\"elementor-container elementor-column-gap-default\">\n\t\t\t\t\t<div class=\"elementor-column elementor-col-100 elementor-inner-column elementor-element elementor-element-73150241\" data-id=\"73150241\" data-element_type=\"column\" data-e-type=\"column\" data-settings=\"{&quot;background_background&quot;:&quot;classic&quot;}\">\n\t\t\t<div class=\"elementor-widget-wrap elementor-element-populated\">\n\t\t\t\t\t\t<div class=\"elementor-element elementor-element-34626d4f elementor-widget elementor-widget-text-editor\" data-id=\"34626d4f\" data-element_type=\"widget\" data-e-type=\"widget\" data-widget_type=\"text-editor.default\">\n\t\t\t\t<div class=\"elementor-widget-container\">\n\t\t\t\t\t\t\t\t\t<p>Salamanca. Comarca: Campo de Salamanca. Prov\u00edncia: Salamanca. Com. Aut\u00f2noma: Castilla y Le\u00f3n<\/p><p>Coordenades: 40\u00b058\u203200\u2033N 5\u00b039\u203250\u2033OC. Altitud: 798\u200b msnm Poblaci\u00f3: 144.228 habitants (2019)<\/p><p>Web: <a href=\"https:\/\/www.salamanca.es\/es\/\" target=\"_blank\" rel=\"noopener\">ayuntamientoturismo<\/a>\u00a0\u00a0\u00a0\u00a0\u00a0\u00a0<\/p><p>\u00daltima visita: 2016<\/p>\t\t\t\t\t\t\t\t<\/div>\n\t\t\t\t<\/div>\n\t\t\t\t\t<\/div>\n\t\t<\/div>\n\t\t\t\t\t<\/div>\n\t\t<\/section>\n\t\t\t\t<div class=\"elementor-element elementor-element-69c94683 elementor-widget elementor-widget-image\" data-id=\"69c94683\" data-element_type=\"widget\" data-e-type=\"widget\" data-widget_type=\"image.default\">\n\t\t\t\t<div class=\"elementor-widget-container\">\n\t\t\t\t\t\t\t\t\t\t\t\t<figure class=\"wp-caption\">\n\t\t\t\t\t\t\t\t\t\t<img decoding=\"async\" width=\"768\" height=\"512\" src=\"https:\/\/www.elturistatranquil.com\/wp-content\/uploads\/z02ca-Salamanca-Google-maps-2020-06-24.jpg\" class=\"attachment-medium_large size-medium_large wp-image-31873\" alt=\"Salamanca (Google maps 2020-06-24)\" srcset=\"https:\/\/www.elturistatranquil.com\/wp-content\/uploads\/z02ca-Salamanca-Google-maps-2020-06-24.jpg 768w, https:\/\/www.elturistatranquil.com\/wp-content\/uploads\/z02ca-Salamanca-Google-maps-2020-06-24-339x226.jpg 339w\" sizes=\"(max-width: 768px) 100vw, 768px\" \/>\t\t\t\t\t\t\t\t\t\t\t<figcaption class=\"widget-image-caption wp-caption-text\">Mapa de situaci\u00f3 de Salamanca (Google maps 2020-06-24)<\/figcaption>\n\t\t\t\t\t\t\t\t\t\t<\/figure>\n\t\t\t\t\t\t\t\t\t<\/div>\n\t\t\t\t<\/div>\n\t\t\t\t<section class=\"elementor-section elementor-inner-section elementor-element elementor-element-53b608f1 elementor-section-boxed elementor-section-height-default elementor-section-height-default\" data-id=\"53b608f1\" data-element_type=\"section\" data-e-type=\"section\" data-settings=\"{&quot;background_background&quot;:&quot;classic&quot;}\">\n\t\t\t\t\t\t<div class=\"elementor-container elementor-column-gap-default\">\n\t\t\t\t\t<div class=\"elementor-column elementor-col-100 elementor-inner-column elementor-element elementor-element-43ee9068\" data-id=\"43ee9068\" data-element_type=\"column\" data-e-type=\"column\">\n\t\t\t<div class=\"elementor-widget-wrap elementor-element-populated\">\n\t\t\t\t\t\t<div class=\"elementor-element elementor-element-78e66319 elementor-widget elementor-widget-text-editor\" data-id=\"78e66319\" data-element_type=\"widget\" data-e-type=\"widget\" data-widget_type=\"text-editor.default\">\n\t\t\t\t<div class=\"elementor-widget-container\">\n\t\t\t\t\t\t\t\t\t<p style=\"text-align: center;\"><strong>\u00cdndex<\/strong><\/p>\t\t\t\t\t\t\t\t<\/div>\n\t\t\t\t<\/div>\n\t\t\t\t<div class=\"elementor-element elementor-element-36e8de0f elementor-widget elementor-widget-text-editor\" data-id=\"36e8de0f\" data-element_type=\"widget\" data-e-type=\"widget\" data-widget_type=\"text-editor.default\">\n\t\t\t\t<div class=\"elementor-widget-container\">\n\t\t\t\t\t\t\t\t\t<p><a href=\"https:\/\/www.elturistatranquil.com\/ca\/un-passeig-per-la-ciutat-vella-de-salamanca\/#c5601\">Un passeig per la ciutat vella de Salamanca<\/a><\/p><p><a href=\"https:\/\/www.elturistatranquil.com\/ca\/un-passeig-per-la-ciutat-vella-de-salamanca\/#c5602\">Salamanca<\/a><\/p><p><a href=\"https:\/\/www.elturistatranquil.com\/ca\/un-passeig-per-la-ciutat-vella-de-salamanca\/#c5603\">El recorregut per la ciutat vella de Salamanca<\/a><\/p><p><a href=\"https:\/\/www.elturistatranquil.com\/ca\/un-passeig-per-la-ciutat-vella-de-salamanca\/#c5604\">Seguint els criteris de la UNESCO<\/a><\/p><p style=\"padding-left: 40px;\"><a href=\"https:\/\/www.elturistatranquil.com\/ca\/un-passeig-per-la-ciutat-vella-de-salamanca\/#c5605\">Criteri (i)<\/a><\/p><p style=\"padding-left: 80px;\"><a href=\"https:\/\/www.elturistatranquil.com\/ca\/un-passeig-per-la-ciutat-vella-de-salamanca\/#c5606\">Pla\u00e7a Major<\/a><\/p><p style=\"padding-left: 40px;\"><a href=\"https:\/\/www.elturistatranquil.com\/ca\/un-passeig-per-la-ciutat-vella-de-salamanca\/#c5607\">Criteri (ii)<\/a><\/p><p style=\"padding-left: 80px;\"><a href=\"https:\/\/www.elturistatranquil.com\/ca\/un-passeig-per-la-ciutat-vella-de-salamanca\/#c5608\">La Clerecia<\/a><\/p><p style=\"padding-left: 80px;\"><a href=\"https:\/\/www.elturistatranquil.com\/ca\/un-passeig-per-la-ciutat-vella-de-salamanca\/#c5609\">Catedral Nova<\/a><\/p><p style=\"padding-left: 80px;\"><a href=\"https:\/\/www.elturistatranquil.com\/ca\/un-passeig-per-la-ciutat-vella-de-salamanca\/#c5610\">Esgl\u00e9sia de San Sebastian i Palau de Anaya<\/a><\/p><p style=\"padding-left: 80px;\"><a href=\"https:\/\/www.elturistatranquil.com\/ca\/un-passeig-per-la-ciutat-vella-de-salamanca\/#c5611\">Convent de San Esteban<\/a><\/p><p style=\"padding-left: 40px;\"><a href=\"https:\/\/www.elturistatranquil.com\/ca\/un-passeig-per-la-ciutat-vella-de-salamanca\/#c5612\">Criteri (iv)<\/a><\/p><p style=\"padding-left: 80px;\"><a href=\"https:\/\/www.elturistatranquil.com\/ca\/un-passeig-per-la-ciutat-vella-de-salamanca\/#c5613\">Universitat de Salamanca<\/a><\/p><p style=\"padding-left: 40px;\"><a href=\"https:\/\/www.elturistatranquil.com\/ca\/un-passeig-per-la-ciutat-vella-de-salamanca\/#c5614\">Condici\u00f3 d\u2019Integritat<\/a><\/p><p style=\"padding-left: 40px;\"><a href=\"https:\/\/www.elturistatranquil.com\/ca\/un-passeig-per-la-ciutat-vella-de-salamanca\/#c5615\">Condici\u00f3 d\u2019Autenticitat<\/a><\/p><p style=\"padding-left: 40px;\"><a href=\"https:\/\/www.elturistatranquil.com\/ca\/un-passeig-per-la-ciutat-vella-de-salamanca\/#c5616\">Altres b\u00e9ns arquitect\u00f2nics<\/a><\/p><p style=\"padding-left: 80px;\"><a href=\"https:\/\/www.elturistatranquil.com\/ca\/un-passeig-per-la-ciutat-vella-de-salamanca\/#c5617\">Torre del Clavero<\/a><\/p><p style=\"padding-left: 80px;\"><a href=\"https:\/\/www.elturistatranquil.com\/ca\/un-passeig-per-la-ciutat-vella-de-salamanca\/#c5618\">Casa de las Conchas<\/a><\/p><p style=\"padding-left: 80px;\"><a href=\"https:\/\/www.elturistatranquil.com\/ca\/un-passeig-per-la-ciutat-vella-de-salamanca\/#c5619\">Esgl\u00e9sia de San Benito<\/a><\/p><p style=\"padding-left: 80px;\"><a href=\"https:\/\/www.elturistatranquil.com\/ca\/un-passeig-per-la-ciutat-vella-de-salamanca\/#c5620\">Palau de Monterrey<\/a><\/p><p style=\"padding-left: 40px;\"><a href=\"https:\/\/www.elturistatranquil.com\/ca\/un-passeig-per-la-ciutat-vella-de-salamanca\/#c5621\">Ambient urb\u00e0 de la ciutat vella<\/a><\/p><p><a href=\"https:\/\/www.elturistatranquil.com\/ca\/un-passeig-per-la-ciutat-vella-de-salamanca\/#c5622\">Fi de la visita<\/a><\/p><p><a href=\"https:\/\/www.elturistatranquil.com\/ca\/un-passeig-per-la-ciutat-vella-de-salamanca\/#c5623\">Bases d&#8217;informaci\u00f3<\/a><\/p>\t\t\t\t\t\t\t\t<\/div>\n\t\t\t\t<\/div>\n\t\t\t\t\t<\/div>\n\t\t<\/div>\n\t\t\t\t\t<\/div>\n\t\t<\/section>\n\t\t\t\t<div class=\"elementor-element elementor-element-4ca34f7d elementor-widget elementor-widget-spacer\" data-id=\"4ca34f7d\" data-element_type=\"widget\" data-e-type=\"widget\" data-widget_type=\"spacer.default\">\n\t\t\t\t<div class=\"elementor-widget-container\">\n\t\t\t\t\t\t\t<div class=\"elementor-spacer\">\n\t\t\t<div class=\"elementor-spacer-inner\"><\/div>\n\t\t<\/div>\n\t\t\t\t\t\t<\/div>\n\t\t\t\t<\/div>\n\t\t\t\t<div class=\"elementor-element elementor-element-4badf46a elementor-widget elementor-widget-menu-anchor\" data-id=\"4badf46a\" data-element_type=\"widget\" data-e-type=\"widget\" data-widget_type=\"menu-anchor.default\">\n\t\t\t\t<div class=\"elementor-widget-container\">\n\t\t\t\t\t\t\t<div class=\"elementor-menu-anchor\" id=\"c5601\"><\/div>\n\t\t\t\t\t\t<\/div>\n\t\t\t\t<\/div>\n\t\t\t\t<div class=\"elementor-element elementor-element-95c2031 elementor-widget elementor-widget-menu-anchor\" data-id=\"95c2031\" data-element_type=\"widget\" data-e-type=\"widget\" data-widget_type=\"menu-anchor.default\">\n\t\t\t\t<div class=\"elementor-widget-container\">\n\t\t\t\t\t\t\t<div class=\"elementor-menu-anchor\" id=\"c5602\"><\/div>\n\t\t\t\t\t\t<\/div>\n\t\t\t\t<\/div>\n\t\t\t\t<div class=\"elementor-element elementor-element-10de6477 elementor-widget elementor-widget-spacer\" data-id=\"10de6477\" data-element_type=\"widget\" data-e-type=\"widget\" data-widget_type=\"spacer.default\">\n\t\t\t\t<div class=\"elementor-widget-container\">\n\t\t\t\t\t\t\t<div class=\"elementor-spacer\">\n\t\t\t<div class=\"elementor-spacer-inner\"><\/div>\n\t\t<\/div>\n\t\t\t\t\t\t<\/div>\n\t\t\t\t<\/div>\n\t\t\t\t<div class=\"elementor-element elementor-element-4fea8a09 elementor-widget elementor-widget-heading\" data-id=\"4fea8a09\" data-element_type=\"widget\" data-e-type=\"widget\" data-widget_type=\"heading.default\">\n\t\t\t\t<div class=\"elementor-widget-container\">\n\t\t\t\t\t<h2 class=\"elementor-heading-title elementor-size-default\">Un passeig per la ciutat vella de Salamanca<\/h2>\t\t\t\t<\/div>\n\t\t\t\t<\/div>\n\t\t\t\t<div class=\"elementor-element elementor-element-4d661f3d elementor-widget elementor-widget-text-editor\" data-id=\"4d661f3d\" data-element_type=\"widget\" data-e-type=\"widget\" data-widget_type=\"text-editor.default\">\n\t\t\t\t<div class=\"elementor-widget-container\">\n\t\t\t\t\t\t\t\t\t<p>En aquest <em>Post<\/em> vaig a proposar un passeig per la <strong>ciutat vella de Salamanca<\/strong>. No es tractar\u00e0 d&#8217;una presentaci\u00f3 exhaustiva, sin\u00f3 d&#8217;un simple recorregut en un trajecte de pas per la ciutat, per\u00f2 que crec que val la pena presentar per motivar el lector a efectuar una visita en profunditat.<\/p>\t\t\t\t\t\t\t\t<\/div>\n\t\t\t\t<\/div>\n\t\t\t\t<div class=\"elementor-element elementor-element-117696d elementor-widget elementor-widget-heading\" data-id=\"117696d\" data-element_type=\"widget\" data-e-type=\"widget\" data-widget_type=\"heading.default\">\n\t\t\t\t<div class=\"elementor-widget-container\">\n\t\t\t\t\t<h2 class=\"elementor-heading-title elementor-size-default\">Salamanca<\/h2>\t\t\t\t<\/div>\n\t\t\t\t<\/div>\n\t\t\t\t<div class=\"elementor-element elementor-element-23811fa elementor-widget elementor-widget-text-editor\" data-id=\"23811fa\" data-element_type=\"widget\" data-e-type=\"widget\" data-widget_type=\"text-editor.default\">\n\t\t\t\t<div class=\"elementor-widget-container\">\n\t\t\t\t\t\t\t\t\t<p>Salamanca enfonsa les seves arrels en els temps celtes de vetons i vacceos. Conquerida pels cartaginesos al segle III aC va passar a ser ciutat romana (<em>salmantica<\/em>). Posteriorment, sota el poder dels musulmans fins al segle XI, en qu\u00e8 \u00e9s refundada per Alfonso VI.<\/p><p>Despr\u00e9s d&#8217;un llarg per\u00edode de tensions pel poder entre la noblesa i amb la monarquia, arriba el seu moment d&#8217;esplendor al segle XVI. L&#8217;apogeu de la seva Universitat, una de les m\u00e9s antigues d&#8217;Europa (1218), va coincidir amb l&#8217;edat d&#8217;or de la ciutat.<\/p><p>Tras un largo periodo de tensiones por el poder entre la nobleza y con la monarqu\u00eda, llega su momento de esplendor en el siglo XVI. \u00a0El apogeo de su Universidad, una de las m\u00e1s antiguas de Europa (1218), coincidi\u00f3 con la edad de oro de la ciudad.\u00a0<\/p>\t\t\t\t\t\t\t\t<\/div>\n\t\t\t\t<\/div>\n\t\t\t\t<section class=\"elementor-section elementor-inner-section elementor-element elementor-element-b1f777d elementor-section-boxed elementor-section-height-default elementor-section-height-default\" data-id=\"b1f777d\" data-element_type=\"section\" data-e-type=\"section\">\n\t\t\t\t\t\t<div class=\"elementor-container elementor-column-gap-default\">\n\t\t\t\t\t<div class=\"elementor-column elementor-col-50 elementor-inner-column elementor-element elementor-element-1df5083\" data-id=\"1df5083\" data-element_type=\"column\" data-e-type=\"column\">\n\t\t\t<div class=\"elementor-widget-wrap elementor-element-populated\">\n\t\t\t\t\t\t<div class=\"elementor-element elementor-element-8ba5902 elementor-widget elementor-widget-image\" data-id=\"8ba5902\" data-element_type=\"widget\" data-e-type=\"widget\" data-widget_type=\"image.default\">\n\t\t\t\t<div class=\"elementor-widget-container\">\n\t\t\t\t\t\t\t\t\t\t\t\t<figure class=\"wp-caption\">\n\t\t\t\t\t\t\t\t\t\t<img decoding=\"async\" width=\"380\" height=\"474\" src=\"https:\/\/www.elturistatranquil.com\/wp-content\/uploads\/z03m-Salamanca-1230.jpg\" class=\"attachment-large size-large wp-image-31786\" alt=\"Salamanca 1230\" srcset=\"https:\/\/www.elturistatranquil.com\/wp-content\/uploads\/z03m-Salamanca-1230.jpg 380w, https:\/\/www.elturistatranquil.com\/wp-content\/uploads\/z03m-Salamanca-1230-181x226.jpg 181w\" sizes=\"(max-width: 380px) 100vw, 380px\" \/>\t\t\t\t\t\t\t\t\t\t\t<figcaption class=\"widget-image-caption wp-caption-text\">1230<\/figcaption>\n\t\t\t\t\t\t\t\t\t\t<\/figure>\n\t\t\t\t\t\t\t\t\t<\/div>\n\t\t\t\t<\/div>\n\t\t\t\t\t<\/div>\n\t\t<\/div>\n\t\t\t\t<div class=\"elementor-column elementor-col-50 elementor-inner-column elementor-element elementor-element-80a7785\" data-id=\"80a7785\" data-element_type=\"column\" data-e-type=\"column\">\n\t\t\t<div class=\"elementor-widget-wrap elementor-element-populated\">\n\t\t\t\t\t\t<div class=\"elementor-element elementor-element-bb3b556 elementor-widget elementor-widget-image\" data-id=\"bb3b556\" data-element_type=\"widget\" data-e-type=\"widget\" data-widget_type=\"image.default\">\n\t\t\t\t<div class=\"elementor-widget-container\">\n\t\t\t\t\t\t\t\t\t\t\t\t<figure class=\"wp-caption\">\n\t\t\t\t\t\t\t\t\t\t<img loading=\"lazy\" decoding=\"async\" width=\"380\" height=\"475\" src=\"https:\/\/www.elturistatranquil.com\/wp-content\/uploads\/z03n-Salamanca-1784.jpg\" class=\"attachment-large size-large wp-image-31788\" alt=\"Salamanca 1784\" srcset=\"https:\/\/www.elturistatranquil.com\/wp-content\/uploads\/z03n-Salamanca-1784.jpg 380w, https:\/\/www.elturistatranquil.com\/wp-content\/uploads\/z03n-Salamanca-1784-181x226.jpg 181w\" sizes=\"(max-width: 380px) 100vw, 380px\" \/>\t\t\t\t\t\t\t\t\t\t\t<figcaption class=\"widget-image-caption wp-caption-text\">1784<\/figcaption>\n\t\t\t\t\t\t\t\t\t\t<\/figure>\n\t\t\t\t\t\t\t\t\t<\/div>\n\t\t\t\t<\/div>\n\t\t\t\t\t<\/div>\n\t\t<\/div>\n\t\t\t\t\t<\/div>\n\t\t<\/section>\n\t\t\t\t<div class=\"elementor-element elementor-element-b57f555 elementor-widget elementor-widget-text-editor\" data-id=\"b57f555\" data-element_type=\"widget\" data-e-type=\"widget\" data-widget_type=\"text-editor.default\">\n\t\t\t\t<div class=\"elementor-widget-container\">\n\t\t\t\t\t\t\t\t\t<p>Li segueix la crisi del barroc, la Guerra de la Independ\u00e8ncia i un tancar-se en ella mateixa de segle XIX i bona part del XX.<\/p>\t\t\t\t\t\t\t\t<\/div>\n\t\t\t\t<\/div>\n\t\t\t\t<section class=\"elementor-section elementor-inner-section elementor-element elementor-element-187f2da elementor-section-boxed elementor-section-height-default elementor-section-height-default\" data-id=\"187f2da\" data-element_type=\"section\" data-e-type=\"section\">\n\t\t\t\t\t\t<div class=\"elementor-container elementor-column-gap-default\">\n\t\t\t\t\t<div class=\"elementor-column elementor-col-50 elementor-inner-column elementor-element elementor-element-133a971\" data-id=\"133a971\" data-element_type=\"column\" data-e-type=\"column\">\n\t\t\t<div class=\"elementor-widget-wrap elementor-element-populated\">\n\t\t\t\t\t\t<div class=\"elementor-element elementor-element-1f89861 elementor-widget elementor-widget-image\" data-id=\"1f89861\" data-element_type=\"widget\" data-e-type=\"widget\" data-widget_type=\"image.default\">\n\t\t\t\t<div class=\"elementor-widget-container\">\n\t\t\t\t\t\t\t\t\t\t\t\t<figure class=\"wp-caption\">\n\t\t\t\t\t\t\t\t\t\t<img loading=\"lazy\" decoding=\"async\" width=\"380\" height=\"475\" src=\"https:\/\/www.elturistatranquil.com\/wp-content\/uploads\/z03o-Salamanca-1885.jpg\" class=\"attachment-large size-large wp-image-31790\" alt=\"Salamanca 1885\" srcset=\"https:\/\/www.elturistatranquil.com\/wp-content\/uploads\/z03o-Salamanca-1885.jpg 380w, https:\/\/www.elturistatranquil.com\/wp-content\/uploads\/z03o-Salamanca-1885-181x226.jpg 181w\" sizes=\"(max-width: 380px) 100vw, 380px\" \/>\t\t\t\t\t\t\t\t\t\t\t<figcaption class=\"widget-image-caption wp-caption-text\">1885<\/figcaption>\n\t\t\t\t\t\t\t\t\t\t<\/figure>\n\t\t\t\t\t\t\t\t\t<\/div>\n\t\t\t\t<\/div>\n\t\t\t\t\t<\/div>\n\t\t<\/div>\n\t\t\t\t<div class=\"elementor-column elementor-col-50 elementor-inner-column elementor-element elementor-element-058b7c1\" data-id=\"058b7c1\" data-element_type=\"column\" data-e-type=\"column\">\n\t\t\t<div class=\"elementor-widget-wrap elementor-element-populated\">\n\t\t\t\t\t\t<div class=\"elementor-element elementor-element-709d60d elementor-widget elementor-widget-image\" data-id=\"709d60d\" data-element_type=\"widget\" data-e-type=\"widget\" data-widget_type=\"image.default\">\n\t\t\t\t<div class=\"elementor-widget-container\">\n\t\t\t\t\t\t\t\t\t\t\t\t<figure class=\"wp-caption\">\n\t\t\t\t\t\t\t\t\t\t<img loading=\"lazy\" decoding=\"async\" width=\"380\" height=\"475\" src=\"https:\/\/www.elturistatranquil.com\/wp-content\/uploads\/z03p-Salamanca-1915.jpg\" class=\"attachment-large size-large wp-image-31792\" alt=\"Salamanca 1915\" srcset=\"https:\/\/www.elturistatranquil.com\/wp-content\/uploads\/z03p-Salamanca-1915.jpg 380w, https:\/\/www.elturistatranquil.com\/wp-content\/uploads\/z03p-Salamanca-1915-181x226.jpg 181w\" sizes=\"(max-width: 380px) 100vw, 380px\" \/>\t\t\t\t\t\t\t\t\t\t\t<figcaption class=\"widget-image-caption wp-caption-text\">1915<\/figcaption>\n\t\t\t\t\t\t\t\t\t\t<\/figure>\n\t\t\t\t\t\t\t\t\t<\/div>\n\t\t\t\t<\/div>\n\t\t\t\t\t<\/div>\n\t\t<\/div>\n\t\t\t\t\t<\/div>\n\t\t<\/section>\n\t\t\t\t<div class=\"elementor-element elementor-element-840be8e elementor-widget elementor-widget-text-editor\" data-id=\"840be8e\" data-element_type=\"widget\" data-e-type=\"widget\" data-widget_type=\"text-editor.default\">\n\t\t\t\t<div class=\"elementor-widget-container\">\n\t\t\t\t\t\t\t\t\t<p>En la seva recuperaci\u00f3 tindr\u00e0 un moment de transcend\u00e8ncia quan, el 1988, la ciutat vella \u00e9s designada com a ciutat Patrimoni Mundial.<\/p><p>El centre hist\u00f2ric posseeix importants monuments rom\u00e0nics, g\u00f2tics, renaixentistes i barrocs, entre els quals destaca la imponent Pla\u00e7a Major.<\/p><p>Per Valeriano Bozal, en la seva <em>Historia del arte en Espa\u00f1a<\/em>, &#8220;el focus principal del plateresc a Espanya \u00e9s Salamanca. En aquesta ciutat coincideixen diversos factors: l&#8217;exist\u00e8ncia de la Universitat, que propaga algunes idees humanistes (tenyides de escolasticisme); la riquesa produ\u00efda pel comer\u00e7 de la llana, ja que \u00e9s un dels centres de la Mesta; la riquesa latifundista de la noblesa, etc. Tot aix\u00f2 produeix un desenvolupament urb\u00e0-arquitect\u00f2nic que fa de Salamanca la ciutat renaixentista per excel\u00b7l\u00e8ncia a Espanya.\u201d<\/p><p>A m\u00e9s, es converteix en el centre del churriguerisme, que sol situar-se en la transici\u00f3 del rococ\u00f3, amb Alberto Churriguera (1676-1750) autor de la <strong>Pla\u00e7a Major de Salamanca<\/strong>.<\/p><p>S&#8217;ent\u00e9n per churriguerisme la tend\u00e8ncia barroca que exagera la decoraci\u00f3, de la mateixa manera que el plateresc havia portat als seus extrems al g\u00f2tic florit, pel que sol ser considerat com un antecedent del rococ\u00f3.<\/p>\t\t\t\t\t\t\t\t<\/div>\n\t\t\t\t<\/div>\n\t\t\t\t<div class=\"elementor-element elementor-element-8e1336f elementor-widget elementor-widget-menu-anchor\" data-id=\"8e1336f\" data-element_type=\"widget\" data-e-type=\"widget\" data-widget_type=\"menu-anchor.default\">\n\t\t\t\t<div class=\"elementor-widget-container\">\n\t\t\t\t\t\t\t<div class=\"elementor-menu-anchor\" id=\"c5603\"><\/div>\n\t\t\t\t\t\t<\/div>\n\t\t\t\t<\/div>\n\t\t\t\t<div class=\"elementor-element elementor-element-33f6cddb elementor-widget elementor-widget-heading\" data-id=\"33f6cddb\" data-element_type=\"widget\" data-e-type=\"widget\" data-widget_type=\"heading.default\">\n\t\t\t\t<div class=\"elementor-widget-container\">\n\t\t\t\t\t<h2 class=\"elementor-heading-title elementor-size-default\">El recorregut per la ciutat vella de Salamanca<\/h2>\t\t\t\t<\/div>\n\t\t\t\t<\/div>\n\t\t\t\t<div class=\"elementor-element elementor-element-54bb7af4 elementor-widget elementor-widget-image\" data-id=\"54bb7af4\" data-element_type=\"widget\" data-e-type=\"widget\" data-widget_type=\"image.default\">\n\t\t\t\t<div class=\"elementor-widget-container\">\n\t\t\t\t\t\t\t\t\t\t\t\t<figure class=\"wp-caption\">\n\t\t\t\t\t\t\t\t\t\t<img loading=\"lazy\" decoding=\"async\" width=\"768\" height=\"513\" src=\"https:\/\/www.elturistatranquil.com\/wp-content\/uploads\/z04-Salamanca-Google-earth-2020-30-06.jpg\" class=\"attachment-large size-large wp-image-31794\" alt=\"Salamanca (Google earth 2020-30-06)\" srcset=\"https:\/\/www.elturistatranquil.com\/wp-content\/uploads\/z04-Salamanca-Google-earth-2020-30-06.jpg 768w, https:\/\/www.elturistatranquil.com\/wp-content\/uploads\/z04-Salamanca-Google-earth-2020-30-06-339x226.jpg 339w\" sizes=\"(max-width: 768px) 100vw, 768px\" \/>\t\t\t\t\t\t\t\t\t\t\t<figcaption class=\"widget-image-caption wp-caption-text\">Salamanca (Google earth 2020-30-06)<\/figcaption>\n\t\t\t\t\t\t\t\t\t\t<\/figure>\n\t\t\t\t\t\t\t\t\t<\/div>\n\t\t\t\t<\/div>\n\t\t\t\t<div class=\"elementor-element elementor-element-71d9f44 elementor-widget elementor-widget-text-editor\" data-id=\"71d9f44\" data-element_type=\"widget\" data-e-type=\"widget\" data-widget_type=\"text-editor.default\">\n\t\t\t\t<div class=\"elementor-widget-container\">\n\t\t\t\t\t\t\t\t\t<p>Per comen\u00e7ar amb forces el recorregut res millor que un energ\u00e8tic esmorzar asseguts en una terrassa.<\/p>\t\t\t\t\t\t\t\t<\/div>\n\t\t\t\t<\/div>\n\t\t\t\t<div class=\"elementor-element elementor-element-e9d44be elementor-widget elementor-widget-menu-anchor\" data-id=\"e9d44be\" data-element_type=\"widget\" data-e-type=\"widget\" data-widget_type=\"menu-anchor.default\">\n\t\t\t\t<div class=\"elementor-widget-container\">\n\t\t\t\t\t\t\t<div class=\"elementor-menu-anchor\" id=\"c5604\"><\/div>\n\t\t\t\t\t\t<\/div>\n\t\t\t\t<\/div>\n\t\t\t\t<div class=\"elementor-element elementor-element-825915f elementor-widget elementor-widget-image\" data-id=\"825915f\" data-element_type=\"widget\" data-e-type=\"widget\" data-widget_type=\"image.default\">\n\t\t\t\t<div class=\"elementor-widget-container\">\n\t\t\t\t\t\t\t\t\t\t\t\t<figure class=\"wp-caption\">\n\t\t\t\t\t\t\t\t\t\t<img loading=\"lazy\" decoding=\"async\" width=\"768\" height=\"461\" src=\"https:\/\/www.elturistatranquil.com\/wp-content\/uploads\/z05-Salamanaca.jpg\" class=\"attachment-large size-large wp-image-31796\" alt=\"Salamanaca\" srcset=\"https:\/\/www.elturistatranquil.com\/wp-content\/uploads\/z05-Salamanaca.jpg 768w, https:\/\/www.elturistatranquil.com\/wp-content\/uploads\/z05-Salamanaca-339x203.jpg 339w\" sizes=\"(max-width: 768px) 100vw, 768px\" \/>\t\t\t\t\t\t\t\t\t\t\t<figcaption class=\"widget-image-caption wp-caption-text\"><\/figcaption>\n\t\t\t\t\t\t\t\t\t\t<\/figure>\n\t\t\t\t\t\t\t\t\t<\/div>\n\t\t\t\t<\/div>\n\t\t\t\t<div class=\"elementor-element elementor-element-f6f555a elementor-widget elementor-widget-heading\" data-id=\"f6f555a\" data-element_type=\"widget\" data-e-type=\"widget\" data-widget_type=\"heading.default\">\n\t\t\t\t<div class=\"elementor-widget-container\">\n\t\t\t\t\t<h2 class=\"elementor-heading-title elementor-size-default\">Seguint els criteris de la UNESCO<\/h2>\t\t\t\t<\/div>\n\t\t\t\t<\/div>\n\t\t\t\t<div class=\"elementor-element elementor-element-3b4f92b elementor-widget elementor-widget-menu-anchor\" data-id=\"3b4f92b\" data-element_type=\"widget\" data-e-type=\"widget\" data-widget_type=\"menu-anchor.default\">\n\t\t\t\t<div class=\"elementor-widget-container\">\n\t\t\t\t\t\t\t<div class=\"elementor-menu-anchor\" id=\"c5605\"><\/div>\n\t\t\t\t\t\t<\/div>\n\t\t\t\t<\/div>\n\t\t\t\t<div class=\"elementor-element elementor-element-964d92f elementor-widget elementor-widget-text-editor\" data-id=\"964d92f\" data-element_type=\"widget\" data-e-type=\"widget\" data-widget_type=\"text-editor.default\">\n\t\t\t\t<div class=\"elementor-widget-container\">\n\t\t\t\t\t\t\t\t\t<p>Adaptar\u00e9 la presentaci\u00f3 als criteris justificatius de la UNESCO per considerar-la com a <strong>Patrimoni Mundial<\/strong>, que poden trobar-se a la p\u00e0gina web <a href=\"https:\/\/whc.unesco.org\/en\/list\/381\" target=\"_blank\" rel=\"noopener\">UNESCO, World Heritage Convention: Ciudad vieja de Salamanca<\/a>.<\/p><p>Tenir en compte que, per a ser inclosos en la <strong>Llista de Patrimoni Mundial<\/strong>, els llocs han de tenir un valor universal excepcional i complir amb al menys un dels <a href=\"http:\/\/whc.unesco.org\/en\/criteria\/\" target=\"_blank\" rel=\"noopener\">deu criteris<\/a>\u00a0que estableix la <em>Convenci\u00f3 del Patrimoni Mundial<\/em>. Fins a 2004 eren 6 criteris culturals-quatre naturals.<\/p><p>A m\u00e9s, el b\u00e9 tamb\u00e9 ha de reunir les condicions d&#8217;<em>integritat i\/o autenticitat<\/em>.<\/p><p>D&#8217;aquests deu criteris, la ciutat vella de Salamanca compleix tres: els criteris (i), (ii) i (iv), i les condicions d&#8217;integritat i autenticitat.<\/p>\t\t\t\t\t\t\t\t<\/div>\n\t\t\t\t<\/div>\n\t\t\t\t<div class=\"elementor-element elementor-element-6f3c7da1 elementor-widget elementor-widget-heading\" data-id=\"6f3c7da1\" data-element_type=\"widget\" data-e-type=\"widget\" data-widget_type=\"heading.default\">\n\t\t\t\t<div class=\"elementor-widget-container\">\n\t\t\t\t\t<h3 class=\"elementor-heading-title elementor-size-default\">Criteri (i)<\/h3>\t\t\t\t<\/div>\n\t\t\t\t<\/div>\n\t\t\t\t<div class=\"elementor-element elementor-element-edf92a7 elementor-widget elementor-widget-menu-anchor\" data-id=\"edf92a7\" data-element_type=\"widget\" data-e-type=\"widget\" data-widget_type=\"menu-anchor.default\">\n\t\t\t\t<div class=\"elementor-widget-container\">\n\t\t\t\t\t\t\t<div class=\"elementor-menu-anchor\" id=\"c5606\"><\/div>\n\t\t\t\t\t\t<\/div>\n\t\t\t\t<\/div>\n\t\t\t\t<div class=\"elementor-element elementor-element-1a93c71 elementor-widget elementor-widget-text-editor\" data-id=\"1a93c71\" data-element_type=\"widget\" data-e-type=\"widget\" data-widget_type=\"text-editor.default\">\n\t\t\t\t<div class=\"elementor-widget-container\">\n\t\t\t\t\t\t\t\t\t<p><em>&#8220;La Pla\u00e7a Major de Salamanca, constru\u00efda com a resultat d&#8217;una decisi\u00f3 solemne del rei Felip V el 1710, \u00e9s un assoliment art\u00edstic \u00fanic en l&#8217;art barroc, i considerat per molts com el cor de la Ciutat Daurada <\/em>(La Daurada<em>). Iniciat el 1729 d&#8217;acord amb els plans tra\u00e7ats per Alberto de Churriguera, i acabat el 1755 per Andr\u00e9s Garc\u00eda de Qui\u00f1ones, i amb contribucions de Nicol\u00e1s de Churriguera i Jos\u00e9 de Lara de Churriguera, \u00e9s un dels conjunts urbans m\u00e9s importants de l&#8217;Europa del segle XVIII.&#8221;<\/em><\/p>\t\t\t\t\t\t\t\t<\/div>\n\t\t\t\t<\/div>\n\t\t\t\t<div class=\"elementor-element elementor-element-1ecc3d18 elementor-widget elementor-widget-heading\" data-id=\"1ecc3d18\" data-element_type=\"widget\" data-e-type=\"widget\" data-widget_type=\"heading.default\">\n\t\t\t\t<div class=\"elementor-widget-container\">\n\t\t\t\t\t<h4 class=\"elementor-heading-title elementor-size-default\">Pla\u00e7a Major<\/h4>\t\t\t\t<\/div>\n\t\t\t\t<\/div>\n\t\t\t\t<div class=\"elementor-element elementor-element-b456552 elementor-widget elementor-widget-text-editor\" data-id=\"b456552\" data-element_type=\"widget\" data-e-type=\"widget\" data-widget_type=\"text-editor.default\">\n\t\t\t\t<div class=\"elementor-widget-container\">\n\t\t\t\t\t\t\t\t\t<p>Vista a\u00e8ria de la Pla\u00e7a Major i el tra\u00e7at urb\u00e0 dels seus voltants.<\/p>\t\t\t\t\t\t\t\t<\/div>\n\t\t\t\t<\/div>\n\t\t\t\t<div class=\"elementor-element elementor-element-35b4ee5 elementor-widget elementor-widget-image\" data-id=\"35b4ee5\" data-element_type=\"widget\" data-e-type=\"widget\" data-widget_type=\"image.default\">\n\t\t\t\t<div class=\"elementor-widget-container\">\n\t\t\t\t\t\t\t\t\t\t\t\t<figure class=\"wp-caption\">\n\t\t\t\t\t\t\t\t\t\t<img loading=\"lazy\" decoding=\"async\" width=\"768\" height=\"512\" src=\"https:\/\/www.elturistatranquil.com\/wp-content\/uploads\/z06-Salamanca-Google-earth-2020-06-07.jpg\" class=\"attachment-large size-large wp-image-31798\" alt=\"Salamanca (Google earth 2020-06-07)\" srcset=\"https:\/\/www.elturistatranquil.com\/wp-content\/uploads\/z06-Salamanca-Google-earth-2020-06-07.jpg 768w, https:\/\/www.elturistatranquil.com\/wp-content\/uploads\/z06-Salamanca-Google-earth-2020-06-07-339x226.jpg 339w\" sizes=\"(max-width: 768px) 100vw, 768px\" \/>\t\t\t\t\t\t\t\t\t\t\t<figcaption class=\"widget-image-caption wp-caption-text\">(Google maps 2020-07-06)<\/figcaption>\n\t\t\t\t\t\t\t\t\t\t<\/figure>\n\t\t\t\t\t\t\t\t\t<\/div>\n\t\t\t\t<\/div>\n\t\t\t\t<div class=\"elementor-element elementor-element-a4de7b4 elementor-widget elementor-widget-text-editor\" data-id=\"a4de7b4\" data-element_type=\"widget\" data-e-type=\"widget\" data-widget_type=\"text-editor.default\">\n\t\t\t\t<div class=\"elementor-widget-container\">\n\t\t\t\t\t\t\t\t\t<p>La <strong>pla\u00e7a Major<\/strong> (<strong>1<\/strong>) es presenta completa en la seva estructura arquitect\u00f2nica original. Formada per unes edificacions corregudes, amb porxos i tres plantes superiors. Promoguda per Felip V, com a recompensa al suport de la ciutat durant la Guerra de Successi\u00f3, es va construir entre els anys 1729 i 1755. El disseny de la pla\u00e7a es deu a Alberto Churriguera Vezo, i al llarg de la seva construcci\u00f3 van participar els arquitectes Andr\u00e9s Garc\u00eda Qui\u00f1ones, Jos\u00e9 Ignacio de Larra Churriguera i Nicol\u00e1s Churriguera.<\/p><p>L&#8217;edifici de l <strong>Ajuntament<\/strong>, sobresurt de la resta presentant un disseny diferent i nom\u00e9s tres nivells. El culmina una espadanya de tres campanes afegida al segle XIX.<\/p>\t\t\t\t\t\t\t\t<\/div>\n\t\t\t\t<\/div>\n\t\t\t\t<div class=\"elementor-element elementor-element-18cf877 elementor-widget elementor-widget-image\" data-id=\"18cf877\" data-element_type=\"widget\" data-e-type=\"widget\" data-widget_type=\"image.default\">\n\t\t\t\t<div class=\"elementor-widget-container\">\n\t\t\t\t\t\t\t\t\t\t\t\t<figure class=\"wp-caption\">\n\t\t\t\t\t\t\t\t\t\t<img loading=\"lazy\" decoding=\"async\" width=\"768\" height=\"512\" src=\"https:\/\/www.elturistatranquil.com\/wp-content\/uploads\/z07-Salamanca-Plaza-Mayor.jpg\" class=\"attachment-large size-large wp-image-31800\" alt=\"Salamanca, Plaza Mayor\" srcset=\"https:\/\/www.elturistatranquil.com\/wp-content\/uploads\/z07-Salamanca-Plaza-Mayor.jpg 768w, https:\/\/www.elturistatranquil.com\/wp-content\/uploads\/z07-Salamanca-Plaza-Mayor-339x226.jpg 339w\" sizes=\"(max-width: 768px) 100vw, 768px\" \/>\t\t\t\t\t\t\t\t\t\t\t<figcaption class=\"widget-image-caption wp-caption-text\"><\/figcaption>\n\t\t\t\t\t\t\t\t\t\t<\/figure>\n\t\t\t\t\t\t\t\t\t<\/div>\n\t\t\t\t<\/div>\n\t\t\t\t<div class=\"elementor-element elementor-element-cf12084 elementor-widget elementor-widget-image\" data-id=\"cf12084\" data-element_type=\"widget\" data-e-type=\"widget\" data-widget_type=\"image.default\">\n\t\t\t\t<div class=\"elementor-widget-container\">\n\t\t\t\t\t\t\t\t\t\t\t\t<figure class=\"wp-caption\">\n\t\t\t\t\t\t\t\t\t\t<img loading=\"lazy\" decoding=\"async\" width=\"768\" height=\"512\" src=\"https:\/\/www.elturistatranquil.com\/wp-content\/uploads\/z08-Salamanca-Plaza-Mayor.jpg\" class=\"attachment-large size-large wp-image-31802\" alt=\"Salamanca, Plaza Mayor\" srcset=\"https:\/\/www.elturistatranquil.com\/wp-content\/uploads\/z08-Salamanca-Plaza-Mayor.jpg 768w, https:\/\/www.elturistatranquil.com\/wp-content\/uploads\/z08-Salamanca-Plaza-Mayor-339x226.jpg 339w\" sizes=\"(max-width: 768px) 100vw, 768px\" \/>\t\t\t\t\t\t\t\t\t\t\t<figcaption class=\"widget-image-caption wp-caption-text\"><\/figcaption>\n\t\t\t\t\t\t\t\t\t\t<\/figure>\n\t\t\t\t\t\t\t\t\t<\/div>\n\t\t\t\t<\/div>\n\t\t\t\t<div class=\"elementor-element elementor-element-0f60518 elementor-widget elementor-widget-text-editor\" data-id=\"0f60518\" data-element_type=\"widget\" data-e-type=\"widget\" data-widget_type=\"text-editor.default\">\n\t\t\t\t<div class=\"elementor-widget-container\">\n\t\t\t\t\t\t\t\t\t<p>Els 88 medallons que se situen en els carcanyols dels arcs representen a reis, conqueridors, militars, personatges de la cultura i al\u00b7legories de la hist\u00f2ria d&#8217;Espanya.<\/p>\t\t\t\t\t\t\t\t<\/div>\n\t\t\t\t<\/div>\n\t\t\t\t<div class=\"elementor-element elementor-element-e19611a elementor-widget elementor-widget-image\" data-id=\"e19611a\" data-element_type=\"widget\" data-e-type=\"widget\" data-widget_type=\"image.default\">\n\t\t\t\t<div class=\"elementor-widget-container\">\n\t\t\t\t\t\t\t\t\t\t\t\t<figure class=\"wp-caption\">\n\t\t\t\t\t\t\t\t\t\t<img loading=\"lazy\" decoding=\"async\" width=\"768\" height=\"512\" src=\"https:\/\/www.elturistatranquil.com\/wp-content\/uploads\/z09-Salamanca-Plaza-Mayor.jpg\" class=\"attachment-large size-large wp-image-31804\" alt=\"Salamanca, Plaza Mayor\" srcset=\"https:\/\/www.elturistatranquil.com\/wp-content\/uploads\/z09-Salamanca-Plaza-Mayor.jpg 768w, https:\/\/www.elturistatranquil.com\/wp-content\/uploads\/z09-Salamanca-Plaza-Mayor-339x226.jpg 339w\" sizes=\"(max-width: 768px) 100vw, 768px\" \/>\t\t\t\t\t\t\t\t\t\t\t<figcaption class=\"widget-image-caption wp-caption-text\"><\/figcaption>\n\t\t\t\t\t\t\t\t\t\t<\/figure>\n\t\t\t\t\t\t\t\t\t<\/div>\n\t\t\t\t<\/div>\n\t\t\t\t<div class=\"elementor-element elementor-element-0aaf4fe elementor-widget elementor-widget-text-editor\" data-id=\"0aaf4fe\" data-element_type=\"widget\" data-e-type=\"widget\" data-widget_type=\"text-editor.default\">\n\t\t\t\t<div class=\"elementor-widget-container\">\n\t\t\t\t\t\t\t\t\t<p>M&#8217;agradaria fer un comentari. La primera fotografia va estar presa en una estada anterior. He hagut de rec\u00f3rrer a ella perqu\u00e8 en el moment de la visita l&#8217;edifici de l&#8217;Ajuntament, una de les parts importants i diferenciades de la pla\u00e7a, estava tapat per un gran escenari muntat per a les festes. Un d&#8217;aquests escenaris voluminosos amb llums i so que estan de moda en els concerts multitudinaris.<\/p><p>Des del meu humil punt de vista, com habitant del <strong>M\u00f3n<\/strong>, el considero inadmissible. M&#8217;explico. Si els habitants de la ciutat, a trav\u00e9s dels seus representants, van tenir inter\u00e8s en que se la consider\u00e9s Patrimoni <strong>Mundial<\/strong> i se&#8217;ls hi concedeix, em pregunto si tenen &#8220;dret&#8221; a mutilar i escamotejar la visi\u00f3 d&#8217;una de les zones m\u00e9s importants per les que els va ser concedida aquesta consideraci\u00f3, davant la visita de qualsevol ciutad\u00e0 del Planeta que acudeixi a ella per apreciar els valors que s\u2019enalteixen en la seva catalogaci\u00f3. M&#8217;haur\u00e9 de marxar sense haver gaudit de tots els atributs que van demanar ser valorats.<\/p><p>Penso que \u00e9s acceptable que es cobreixi algun element per causa de la seva rehabilitaci\u00f3, com va passar en aquesta mateixa visita amb la fa\u00e7ana de la Universitat, per\u00f2 no per interessos particulars d&#8217;aquests mateixos habitants. Si es demanen drets s&#8217;han d&#8217;assumir els seus deures: Aquests b\u00e9ns han deixat de ser patrimoni &#8220;privat&#8221; de la ciutat per passar a ser Patrimoni de la Humanitat. I qualsevol que vingui des de fora a admirar aquest patrimoni no ha de veure frustrat el seu viatge, ja que hauria de romandre sempre a la seva disposici\u00f3 en condicions de &#8220;integritat i \/ o autenticitat&#8221;. I aquesta integritat i autenticitat \u00e9s escamotejada per un desmesurat escenari.<\/p><p>Quina reacci\u00f3 ha de tenir un visitant de la Xina, els Estats Units o Sevilla?<\/p><p>Tenir en compte que, per constatar la import\u00e0ncia d&#8217;aquesta Pla\u00e7a, ella sola fa complir el Criteri (i) de la UNESCO, com s&#8217;ha assenyalat en la introducci\u00f3 d&#8217;aquest apartat.<\/p>\t\t\t\t\t\t\t\t<\/div>\n\t\t\t\t<\/div>\n\t\t\t\t<div class=\"elementor-element elementor-element-523ad90 elementor-widget elementor-widget-menu-anchor\" data-id=\"523ad90\" data-element_type=\"widget\" data-e-type=\"widget\" data-widget_type=\"menu-anchor.default\">\n\t\t\t\t<div class=\"elementor-widget-container\">\n\t\t\t\t\t\t\t<div class=\"elementor-menu-anchor\" id=\"c5607\"><\/div>\n\t\t\t\t\t\t<\/div>\n\t\t\t\t<\/div>\n\t\t\t\t<div class=\"elementor-element elementor-element-0749941 elementor-widget elementor-widget-menu-anchor\" data-id=\"0749941\" data-element_type=\"widget\" data-e-type=\"widget\" data-widget_type=\"menu-anchor.default\">\n\t\t\t\t<div class=\"elementor-widget-container\">\n\t\t\t\t\t\t\t<div class=\"elementor-menu-anchor\" id=\"c5608\"><\/div>\n\t\t\t\t\t\t<\/div>\n\t\t\t\t<\/div>\n\t\t\t\t<div class=\"elementor-element elementor-element-dd19ace elementor-widget elementor-widget-heading\" data-id=\"dd19ace\" data-element_type=\"widget\" data-e-type=\"widget\" data-widget_type=\"heading.default\">\n\t\t\t\t<div class=\"elementor-widget-container\">\n\t\t\t\t\t<h3 class=\"elementor-heading-title elementor-size-default\">Criteri (ii)<\/h3>\t\t\t\t<\/div>\n\t\t\t\t<\/div>\n\t\t\t\t<div class=\"elementor-element elementor-element-6d7dd71 elementor-widget elementor-widget-text-editor\" data-id=\"6d7dd71\" data-element_type=\"widget\" data-e-type=\"widget\" data-widget_type=\"text-editor.default\">\n\t\t\t\t<div class=\"elementor-widget-container\">\n\t\t\t\t\t\t\t\t\t<p><em>&#8220;Amb la Pla\u00e7a Major, la Clerec\u00eda (el seminari jesu\u00efta), el col\u00b7legi de Calatrava, el Col\u00b7legi Sant Ambrosio, les esgl\u00e9sies de San Sebastian i Santa Cruz de Ca\u00f1izares, la Catedral Nova i San Esteban, Salamanca \u00e9s un dels centres d&#8217;art essencials de la dinastia d&#8217;arquitectes, decoradors i escultors de la fam\u00edlia Churriguera de Catalunya<\/em> [la fam\u00edlia Churriguera era origin\u00e0ria de Barcelona]<em>. L&#8217;estil &#8220;churrigueresc&#8221; va exercir una influ\u00e8ncia considerable en el segle XVIII no nom\u00e9s a la Pen\u00ednsula Ib\u00e8rica, sin\u00f3 tamb\u00e9 a Am\u00e8rica Llatina.&#8221;<\/em><\/p>\t\t\t\t\t\t\t\t<\/div>\n\t\t\t\t<\/div>\n\t\t\t\t<div class=\"elementor-element elementor-element-0beea84 elementor-widget elementor-widget-heading\" data-id=\"0beea84\" data-element_type=\"widget\" data-e-type=\"widget\" data-widget_type=\"heading.default\">\n\t\t\t\t<div class=\"elementor-widget-container\">\n\t\t\t\t\t<h4 class=\"elementor-heading-title elementor-size-default\">La Clerec\u00eda<\/h4>\t\t\t\t<\/div>\n\t\t\t\t<\/div>\n\t\t\t\t<div class=\"elementor-element elementor-element-2ea07c8 elementor-widget elementor-widget-text-editor\" data-id=\"2ea07c8\" data-element_type=\"widget\" data-e-type=\"widget\" data-widget_type=\"text-editor.default\">\n\t\t\t\t<div class=\"elementor-widget-container\">\n\t\t\t\t\t\t\t\t\t<p>Entre 1617 i 1754, la Companyia de Jes\u00fas va construir el <strong>Real Colegio del Esp\u00edritu Santo<\/strong>, conegut com <strong>La Clerec\u00eda<\/strong> (<strong>4<\/strong>), en estil barroc espanyol, obra de <em>Juan G\u00f3mez de Mora<\/em>.<\/p><p>\u00c9s la seu actual de la Universitat Pontif\u00edcia de Salamanca.<\/p>\t\t\t\t\t\t\t\t<\/div>\n\t\t\t\t<\/div>\n\t\t\t\t<div class=\"elementor-element elementor-element-50e0dc2 elementor-widget elementor-widget-image\" data-id=\"50e0dc2\" data-element_type=\"widget\" data-e-type=\"widget\" data-widget_type=\"image.default\">\n\t\t\t\t<div class=\"elementor-widget-container\">\n\t\t\t\t\t\t\t\t\t\t\t\t<figure class=\"wp-caption\">\n\t\t\t\t\t\t\t\t\t\t<img loading=\"lazy\" decoding=\"async\" width=\"436\" height=\"550\" src=\"https:\/\/www.elturistatranquil.com\/wp-content\/uploads\/z10-Salamanca-La-Clerecia.jpg\" class=\"attachment-large size-large wp-image-31806\" alt=\"Salamanca, La Clerecia\" srcset=\"https:\/\/www.elturistatranquil.com\/wp-content\/uploads\/z10-Salamanca-La-Clerecia.jpg 436w, https:\/\/www.elturistatranquil.com\/wp-content\/uploads\/z10-Salamanca-La-Clerecia-179x226.jpg 179w\" sizes=\"(max-width: 436px) 100vw, 436px\" \/>\t\t\t\t\t\t\t\t\t\t\t<figcaption class=\"widget-image-caption wp-caption-text\"><\/figcaption>\n\t\t\t\t\t\t\t\t\t\t<\/figure>\n\t\t\t\t\t\t\t\t\t<\/div>\n\t\t\t\t<\/div>\n\t\t\t\t<div class=\"elementor-element elementor-element-b26583d elementor-widget elementor-widget-menu-anchor\" data-id=\"b26583d\" data-element_type=\"widget\" data-e-type=\"widget\" data-widget_type=\"menu-anchor.default\">\n\t\t\t\t<div class=\"elementor-widget-container\">\n\t\t\t\t\t\t\t<div class=\"elementor-menu-anchor\" id=\"c5609\"><\/div>\n\t\t\t\t\t\t<\/div>\n\t\t\t\t<\/div>\n\t\t\t\t<div class=\"elementor-element elementor-element-7d14f21 elementor-widget elementor-widget-image\" data-id=\"7d14f21\" data-element_type=\"widget\" data-e-type=\"widget\" data-widget_type=\"image.default\">\n\t\t\t\t<div class=\"elementor-widget-container\">\n\t\t\t\t\t\t\t\t\t\t\t\t<figure class=\"wp-caption\">\n\t\t\t\t\t\t\t\t\t\t<img loading=\"lazy\" decoding=\"async\" width=\"768\" height=\"512\" src=\"https:\/\/www.elturistatranquil.com\/wp-content\/uploads\/z11-Salamanca-La-Clerecia.jpg\" class=\"attachment-large size-large wp-image-31808\" alt=\"Salamanca, La Clerecia\" srcset=\"https:\/\/www.elturistatranquil.com\/wp-content\/uploads\/z11-Salamanca-La-Clerecia.jpg 768w, https:\/\/www.elturistatranquil.com\/wp-content\/uploads\/z11-Salamanca-La-Clerecia-339x226.jpg 339w\" sizes=\"(max-width: 768px) 100vw, 768px\" \/>\t\t\t\t\t\t\t\t\t\t\t<figcaption class=\"widget-image-caption wp-caption-text\"><\/figcaption>\n\t\t\t\t\t\t\t\t\t\t<\/figure>\n\t\t\t\t\t\t\t\t\t<\/div>\n\t\t\t\t<\/div>\n\t\t\t\t<div class=\"elementor-element elementor-element-a95eb35 elementor-widget elementor-widget-heading\" data-id=\"a95eb35\" data-element_type=\"widget\" data-e-type=\"widget\" data-widget_type=\"heading.default\">\n\t\t\t\t<div class=\"elementor-widget-container\">\n\t\t\t\t\t<h4 class=\"elementor-heading-title elementor-size-default\">Catedral Nova<\/h4>\t\t\t\t<\/div>\n\t\t\t\t<\/div>\n\t\t\t\t<div class=\"elementor-element elementor-element-603a900 elementor-widget elementor-widget-text-editor\" data-id=\"603a900\" data-element_type=\"widget\" data-e-type=\"widget\" data-widget_type=\"text-editor.default\">\n\t\t\t\t<div class=\"elementor-widget-container\">\n\t\t\t\t\t\t\t\t\t<p>La <strong>Catedral Nova de Salamanca<\/strong> (<strong>6<\/strong>) es va construir seguint el sistema constructiu g\u00f2tic, en un moment en qu\u00e8 l\u2019italianisme era el corrent en voga. Les obres es van iniciar al 1513 adossant l&#8217;edifici a la Catedral Vella rom\u00e0nica, sense destruir-la. Al costat de la de Seg\u00f2via, s\u00f3n les \u00faltimes catedrals g\u00f2tiques espanyoles.<\/p><p>Les obres es van allargar fins al segle XVIII, amb el que van anar incorporant-se elements renaixentistes i barrocs.<\/p>\t\t\t\t\t\t\t\t<\/div>\n\t\t\t\t<\/div>\n\t\t\t\t<div class=\"elementor-element elementor-element-f0001e7 elementor-widget elementor-widget-image\" data-id=\"f0001e7\" data-element_type=\"widget\" data-e-type=\"widget\" data-widget_type=\"image.default\">\n\t\t\t\t<div class=\"elementor-widget-container\">\n\t\t\t\t\t\t\t\t\t\t\t\t<figure class=\"wp-caption\">\n\t\t\t\t\t\t\t\t\t\t<img loading=\"lazy\" decoding=\"async\" width=\"768\" height=\"512\" src=\"https:\/\/www.elturistatranquil.com\/wp-content\/uploads\/z12-Salamanca-Catedral-Nueva.jpg\" class=\"attachment-large size-large wp-image-31810\" alt=\"Salamanca, Catedral Nueva\" srcset=\"https:\/\/www.elturistatranquil.com\/wp-content\/uploads\/z12-Salamanca-Catedral-Nueva.jpg 768w, https:\/\/www.elturistatranquil.com\/wp-content\/uploads\/z12-Salamanca-Catedral-Nueva-339x226.jpg 339w\" sizes=\"(max-width: 768px) 100vw, 768px\" \/>\t\t\t\t\t\t\t\t\t\t\t<figcaption class=\"widget-image-caption wp-caption-text\"><\/figcaption>\n\t\t\t\t\t\t\t\t\t\t<\/figure>\n\t\t\t\t\t\t\t\t\t<\/div>\n\t\t\t\t<\/div>\n\t\t\t\t<div class=\"elementor-element elementor-element-1e7fd86 elementor-widget elementor-widget-image\" data-id=\"1e7fd86\" data-element_type=\"widget\" data-e-type=\"widget\" data-widget_type=\"image.default\">\n\t\t\t\t<div class=\"elementor-widget-container\">\n\t\t\t\t\t\t\t\t\t\t\t\t<figure class=\"wp-caption\">\n\t\t\t\t\t\t\t\t\t\t<img loading=\"lazy\" decoding=\"async\" width=\"768\" height=\"512\" src=\"https:\/\/www.elturistatranquil.com\/wp-content\/uploads\/z13-Salamanca-Catedral-Nueva.jpg\" class=\"attachment-large size-large wp-image-31812\" alt=\"Salamanca, Catedral Nueva\" srcset=\"https:\/\/www.elturistatranquil.com\/wp-content\/uploads\/z13-Salamanca-Catedral-Nueva.jpg 768w, https:\/\/www.elturistatranquil.com\/wp-content\/uploads\/z13-Salamanca-Catedral-Nueva-339x226.jpg 339w\" sizes=\"(max-width: 768px) 100vw, 768px\" \/>\t\t\t\t\t\t\t\t\t\t\t<figcaption class=\"widget-image-caption wp-caption-text\"><\/figcaption>\n\t\t\t\t\t\t\t\t\t\t<\/figure>\n\t\t\t\t\t\t\t\t\t<\/div>\n\t\t\t\t<\/div>\n\t\t\t\t<div class=\"elementor-element elementor-element-e6fa6ee elementor-widget elementor-widget-text-editor\" data-id=\"e6fa6ee\" data-element_type=\"widget\" data-e-type=\"widget\" data-widget_type=\"text-editor.default\">\n\t\t\t\t<div class=\"elementor-widget-container\">\n\t\t\t\t\t\t\t\t\t<p>Les portades s\u00f3n considerades d&#8217;estil g\u00f2tic tarda.<\/p>\t\t\t\t\t\t\t\t<\/div>\n\t\t\t\t<\/div>\n\t\t\t\t<div class=\"elementor-element elementor-element-7767f94 elementor-widget elementor-widget-image\" data-id=\"7767f94\" data-element_type=\"widget\" data-e-type=\"widget\" data-widget_type=\"image.default\">\n\t\t\t\t<div class=\"elementor-widget-container\">\n\t\t\t\t\t\t\t\t\t\t\t\t<figure class=\"wp-caption\">\n\t\t\t\t\t\t\t\t\t\t<img loading=\"lazy\" decoding=\"async\" width=\"768\" height=\"512\" src=\"https:\/\/www.elturistatranquil.com\/wp-content\/uploads\/z14-Salamanca-Catedral-Nueva.jpg\" class=\"attachment-large size-large wp-image-31814\" alt=\"Salamanca, Catedral Nueva\" srcset=\"https:\/\/www.elturistatranquil.com\/wp-content\/uploads\/z14-Salamanca-Catedral-Nueva.jpg 768w, https:\/\/www.elturistatranquil.com\/wp-content\/uploads\/z14-Salamanca-Catedral-Nueva-339x226.jpg 339w\" sizes=\"(max-width: 768px) 100vw, 768px\" \/>\t\t\t\t\t\t\t\t\t\t\t<figcaption class=\"widget-image-caption wp-caption-text\"><\/figcaption>\n\t\t\t\t\t\t\t\t\t\t<\/figure>\n\t\t\t\t\t\t\t\t\t<\/div>\n\t\t\t\t<\/div>\n\t\t\t\t<div class=\"elementor-element elementor-element-dc8dedf elementor-widget elementor-widget-image\" data-id=\"dc8dedf\" data-element_type=\"widget\" data-e-type=\"widget\" data-widget_type=\"image.default\">\n\t\t\t\t<div class=\"elementor-widget-container\">\n\t\t\t\t\t\t\t\t\t\t\t\t<figure class=\"wp-caption\">\n\t\t\t\t\t\t\t\t\t\t<img loading=\"lazy\" decoding=\"async\" width=\"429\" height=\"550\" src=\"https:\/\/www.elturistatranquil.com\/wp-content\/uploads\/z15-Salamanca-Catedral-Nueva.jpg\" class=\"attachment-large size-large wp-image-31816\" alt=\"Salamanca, Catedral Nueva\" srcset=\"https:\/\/www.elturistatranquil.com\/wp-content\/uploads\/z15-Salamanca-Catedral-Nueva.jpg 429w, https:\/\/www.elturistatranquil.com\/wp-content\/uploads\/z15-Salamanca-Catedral-Nueva-176x226.jpg 176w\" sizes=\"(max-width: 429px) 100vw, 429px\" \/>\t\t\t\t\t\t\t\t\t\t\t<figcaption class=\"widget-image-caption wp-caption-text\"><\/figcaption>\n\t\t\t\t\t\t\t\t\t\t<\/figure>\n\t\t\t\t\t\t\t\t\t<\/div>\n\t\t\t\t<\/div>\n\t\t\t\t<div class=\"elementor-element elementor-element-5dfc0cf elementor-widget elementor-widget-text-editor\" data-id=\"5dfc0cf\" data-element_type=\"widget\" data-e-type=\"widget\" data-widget_type=\"text-editor.default\">\n\t\t\t\t<div class=\"elementor-widget-container\">\n\t\t\t\t\t\t\t\t\t<p>La torre es va construir sobre la torre de la Catedral Vella.<\/p>\t\t\t\t\t\t\t\t<\/div>\n\t\t\t\t<\/div>\n\t\t\t\t<div class=\"elementor-element elementor-element-4a9353f elementor-widget elementor-widget-menu-anchor\" data-id=\"4a9353f\" data-element_type=\"widget\" data-e-type=\"widget\" data-widget_type=\"menu-anchor.default\">\n\t\t\t\t<div class=\"elementor-widget-container\">\n\t\t\t\t\t\t\t<div class=\"elementor-menu-anchor\" id=\"c5610\"><\/div>\n\t\t\t\t\t\t<\/div>\n\t\t\t\t<\/div>\n\t\t\t\t<div class=\"elementor-element elementor-element-5d41477 elementor-widget elementor-widget-image\" data-id=\"5d41477\" data-element_type=\"widget\" data-e-type=\"widget\" data-widget_type=\"image.default\">\n\t\t\t\t<div class=\"elementor-widget-container\">\n\t\t\t\t\t\t\t\t\t\t\t\t<figure class=\"wp-caption\">\n\t\t\t\t\t\t\t\t\t\t<img loading=\"lazy\" decoding=\"async\" width=\"768\" height=\"512\" src=\"https:\/\/www.elturistatranquil.com\/wp-content\/uploads\/z16-Salamanca-Catedral-Nueva.jpg\" class=\"attachment-large size-large wp-image-31818\" alt=\"Salamanca, Catedral Nueva\" srcset=\"https:\/\/www.elturistatranquil.com\/wp-content\/uploads\/z16-Salamanca-Catedral-Nueva.jpg 768w, https:\/\/www.elturistatranquil.com\/wp-content\/uploads\/z16-Salamanca-Catedral-Nueva-339x226.jpg 339w\" sizes=\"(max-width: 768px) 100vw, 768px\" \/>\t\t\t\t\t\t\t\t\t\t\t<figcaption class=\"widget-image-caption wp-caption-text\"><\/figcaption>\n\t\t\t\t\t\t\t\t\t\t<\/figure>\n\t\t\t\t\t\t\t\t\t<\/div>\n\t\t\t\t<\/div>\n\t\t\t\t<div class=\"elementor-element elementor-element-0d0a2a2 elementor-widget elementor-widget-heading\" data-id=\"0d0a2a2\" data-element_type=\"widget\" data-e-type=\"widget\" data-widget_type=\"heading.default\">\n\t\t\t\t<div class=\"elementor-widget-container\">\n\t\t\t\t\t<h4 class=\"elementor-heading-title elementor-size-default\">Esgl\u00e9sia de San Sebasti\u00e1n i Palau de Anaya<\/h4>\t\t\t\t<\/div>\n\t\t\t\t<\/div>\n\t\t\t\t<div class=\"elementor-element elementor-element-eabab08 elementor-widget elementor-widget-text-editor\" data-id=\"eabab08\" data-element_type=\"widget\" data-e-type=\"widget\" data-widget_type=\"text-editor.default\">\n\t\t\t\t<div class=\"elementor-widget-container\">\n\t\t\t\t\t\t\t\t\t<p>L&#8217;<strong>Esgl\u00e9sia de San Sebasti\u00e1n <\/strong>(<strong>7<\/strong>) va ser constru\u00efda entre 1730 i 1739, seguint les traces d&#8217;<em>Alberto de Churriguera<\/em>, al costat de el <strong>Palau de Anaya<\/strong> <strong>(7<\/strong>).<\/p><p>El 1401 Don Diego de Anaya i Maldonado havia fundat en aquest lloc el Col\u00b7legi Major de San Bartolom\u00e9, el primer col\u00b7legi major d&#8217;Espanya, per acollir estudiants brillants, per\u00f2 de pocs recursos econ\u00f2mics.<\/p><p>El 1755 l&#8217;edifici va resultar molt malm\u00e8s pel Terratr\u00e8mol de Lisboa, i es va decidir edificar un altre molt m\u00e9s monumental i amb materials de millor qualitat que els de l&#8217;original.<\/p><p>Les obres van comen\u00e7ar el 1760, sota la direcci\u00f3 de <em>Jos\u00e9 d&#8217;Hermosilla<\/em> i <em>Juan de Sagarvinaga<\/em>, i es van perllongar durant uns 20 anys, en estil neocl\u00e0ssic. Actualment acull la Facultat de Filologia.<\/p><p>Amb el temps tamb\u00e9 va ser modificada la fa\u00e7ana de l&#8217;Esgl\u00e9sia per fer-la m\u00e9s concordant amb la fa\u00e7ana del Palau.<\/p>\t\t\t\t\t\t\t\t<\/div>\n\t\t\t\t<\/div>\n\t\t\t\t<div class=\"elementor-element elementor-element-ec58742 elementor-widget elementor-widget-menu-anchor\" data-id=\"ec58742\" data-element_type=\"widget\" data-e-type=\"widget\" data-widget_type=\"menu-anchor.default\">\n\t\t\t\t<div class=\"elementor-widget-container\">\n\t\t\t\t\t\t\t<div class=\"elementor-menu-anchor\" id=\"c5611\"><\/div>\n\t\t\t\t\t\t<\/div>\n\t\t\t\t<\/div>\n\t\t\t\t<div class=\"elementor-element elementor-element-2a80276 elementor-widget elementor-widget-image\" data-id=\"2a80276\" data-element_type=\"widget\" data-e-type=\"widget\" data-widget_type=\"image.default\">\n\t\t\t\t<div class=\"elementor-widget-container\">\n\t\t\t\t\t\t\t\t\t\t\t\t<figure class=\"wp-caption\">\n\t\t\t\t\t\t\t\t\t\t<img loading=\"lazy\" decoding=\"async\" width=\"768\" height=\"511\" src=\"https:\/\/www.elturistatranquil.com\/wp-content\/uploads\/z17-Salamanca-Iglesia-de-San-Sebasti\u00e1n-y-Palacio-de-Anaya.jpg\" class=\"attachment-large size-large wp-image-31820\" alt=\"Salamanca, Iglesia de San Sebasti\u00e1n y Palacio de Anaya\" srcset=\"https:\/\/www.elturistatranquil.com\/wp-content\/uploads\/z17-Salamanca-Iglesia-de-San-Sebasti\u00e1n-y-Palacio-de-Anaya.jpg 768w, https:\/\/www.elturistatranquil.com\/wp-content\/uploads\/z17-Salamanca-Iglesia-de-San-Sebasti\u00e1n-y-Palacio-de-Anaya-339x226.jpg 339w\" sizes=\"(max-width: 768px) 100vw, 768px\" \/>\t\t\t\t\t\t\t\t\t\t\t<figcaption class=\"widget-image-caption wp-caption-text\"><\/figcaption>\n\t\t\t\t\t\t\t\t\t\t<\/figure>\n\t\t\t\t\t\t\t\t\t<\/div>\n\t\t\t\t<\/div>\n\t\t\t\t<div class=\"elementor-element elementor-element-d193e86 elementor-widget elementor-widget-heading\" data-id=\"d193e86\" data-element_type=\"widget\" data-e-type=\"widget\" data-widget_type=\"heading.default\">\n\t\t\t\t<div class=\"elementor-widget-container\">\n\t\t\t\t\t<h4 class=\"elementor-heading-title elementor-size-default\">Convent de San Esteban<\/h4>\t\t\t\t<\/div>\n\t\t\t\t<\/div>\n\t\t\t\t<div class=\"elementor-element elementor-element-12a276f elementor-widget elementor-widget-text-editor\" data-id=\"12a276f\" data-element_type=\"widget\" data-e-type=\"widget\" data-widget_type=\"text-editor.default\">\n\t\t\t\t<div class=\"elementor-widget-container\">\n\t\t\t\t\t\t\t\t\t<p>Al 1256, en el temple rom\u00e0nic de San Esteban es va establir l&#8217;<a href=\"https:\/\/www.elturistatranquil.com\/ca\/esglesies-monestirs-i-ordres-religioses-a-ledat-mitjana\/\" target=\"_blank\" rel=\"noopener\">Ordre de Predicadors, o Dominics<\/a>, destinat a ser centre d&#8217;estudi i doc\u00e8ncia de la Teologia.<\/p><p>Sota la protecci\u00f3 de <em>Fra Diego de Deza<\/em> cap al 1486-1487, se situa la vinguda de <strong>Crist\u00f2fol Colom<\/strong> a Salamanca i la seva estada al convent, on va trobar el suport que despr\u00e9s li donaria la <em>Junta de Professors de Salamanca<\/em>.<\/p><p>El Convent de <strong>San Esteban<\/strong> (<strong>9<\/strong>) que es conserva es va construir entre 1524 i 1610 sobre planta de <em>Juan de \u00c1lava<\/em>. D&#8217;estil plateresc, per\u00f2 donat el seu prolongat temps d&#8217;execuci\u00f3 barreja estils des del g\u00f2tic al barroc.<\/p><p>El conjunt arquitect\u00f2nic est\u00e0 format pel temple i el convent amb claustre.<\/p><p>La fa\u00e7ana-retaule est\u00e0 allotjada sota un espectacular arc de triomf, constru\u00efda en els segles XVI-XVII.<\/p>\t\t\t\t\t\t\t\t<\/div>\n\t\t\t\t<\/div>\n\t\t\t\t<div class=\"elementor-element elementor-element-c0359ec elementor-widget elementor-widget-menu-anchor\" data-id=\"c0359ec\" data-element_type=\"widget\" data-e-type=\"widget\" data-widget_type=\"menu-anchor.default\">\n\t\t\t\t<div class=\"elementor-widget-container\">\n\t\t\t\t\t\t\t<div class=\"elementor-menu-anchor\" id=\"c5612\"><\/div>\n\t\t\t\t\t\t<\/div>\n\t\t\t\t<\/div>\n\t\t\t\t<div class=\"elementor-element elementor-element-a56113f elementor-widget elementor-widget-image\" data-id=\"a56113f\" data-element_type=\"widget\" data-e-type=\"widget\" data-widget_type=\"image.default\">\n\t\t\t\t<div class=\"elementor-widget-container\">\n\t\t\t\t\t\t\t\t\t\t\t\t<figure class=\"wp-caption\">\n\t\t\t\t\t\t\t\t\t\t<img loading=\"lazy\" decoding=\"async\" width=\"768\" height=\"512\" src=\"https:\/\/www.elturistatranquil.com\/wp-content\/uploads\/z18-Salamanca-Conventode-San-Esteban.jpg\" class=\"attachment-large size-large wp-image-31822\" alt=\"Salamanca, Convento de San Esteban\" srcset=\"https:\/\/www.elturistatranquil.com\/wp-content\/uploads\/z18-Salamanca-Conventode-San-Esteban.jpg 768w, https:\/\/www.elturistatranquil.com\/wp-content\/uploads\/z18-Salamanca-Conventode-San-Esteban-339x226.jpg 339w\" sizes=\"(max-width: 768px) 100vw, 768px\" \/>\t\t\t\t\t\t\t\t\t\t\t<figcaption class=\"widget-image-caption wp-caption-text\"><\/figcaption>\n\t\t\t\t\t\t\t\t\t\t<\/figure>\n\t\t\t\t\t\t\t\t\t<\/div>\n\t\t\t\t<\/div>\n\t\t\t\t<div class=\"elementor-element elementor-element-78f0a37 elementor-widget elementor-widget-heading\" data-id=\"78f0a37\" data-element_type=\"widget\" data-e-type=\"widget\" data-widget_type=\"heading.default\">\n\t\t\t\t<div class=\"elementor-widget-container\">\n\t\t\t\t\t<h3 class=\"elementor-heading-title elementor-size-default\">Criteri (iv)<\/h3>\t\t\t\t<\/div>\n\t\t\t\t<\/div>\n\t\t\t\t<div class=\"elementor-element elementor-element-ea25058 elementor-widget elementor-widget-menu-anchor\" data-id=\"ea25058\" data-element_type=\"widget\" data-e-type=\"widget\" data-widget_type=\"menu-anchor.default\">\n\t\t\t\t<div class=\"elementor-widget-container\">\n\t\t\t\t\t\t\t<div class=\"elementor-menu-anchor\" id=\"c5613\"><\/div>\n\t\t\t\t\t\t<\/div>\n\t\t\t\t<\/div>\n\t\t\t\t<div class=\"elementor-element elementor-element-44a4dd1 elementor-widget elementor-widget-text-editor\" data-id=\"44a4dd1\" data-element_type=\"widget\" data-e-type=\"widget\" data-widget_type=\"text-editor.default\">\n\t\t\t\t<div class=\"elementor-widget-container\">\n\t\t\t\t\t\t\t\t\t<p><em>&#8220;Encara que es va fundar m\u00e9s tard que les de Bolonya, Par\u00eds i Oxford, la Universitat de Salamanca ja s&#8217;havia establert com una de les millors institucions acad\u00e8miques d&#8217;Europa el 1250. Conserva un patrimoni arquitect\u00f2nic admirable que il\u00b7lustra les diverses funcions d&#8217;una instituci\u00f3 universit\u00e0ria en el m\u00f3n cristi\u00e0. L&#8217;Hospital de l&#8217;Estudi, les Escoles Majors, les Escoles Menors i els diversos col\u00b7legis, que es van multiplicar entre els segles XV i XVIII, formen un grup de coher\u00e8ncia excepcional dins d&#8217;una ciutat hist\u00f2rica que tamb\u00e9 \u00e9s notable pels seus nombrosos monuments civils i religiosos.&#8221;<\/em><\/p>\t\t\t\t\t\t\t\t<\/div>\n\t\t\t\t<\/div>\n\t\t\t\t<div class=\"elementor-element elementor-element-4125930 elementor-widget elementor-widget-heading\" data-id=\"4125930\" data-element_type=\"widget\" data-e-type=\"widget\" data-widget_type=\"heading.default\">\n\t\t\t\t<div class=\"elementor-widget-container\">\n\t\t\t\t\t<h4 class=\"elementor-heading-title elementor-size-default\">Universitat de Salamanca<\/h4>\t\t\t\t<\/div>\n\t\t\t\t<\/div>\n\t\t\t\t<div class=\"elementor-element elementor-element-28e45b6 elementor-widget elementor-widget-text-editor\" data-id=\"28e45b6\" data-element_type=\"widget\" data-e-type=\"widget\" data-widget_type=\"text-editor.default\">\n\t\t\t\t<div class=\"elementor-widget-container\">\n\t\t\t\t\t\t\t\t\t<p>Al voltant de la pla\u00e7a <strong>Patio de Escuelas<\/strong> s&#8217;organitzava l&#8217;antiga <strong>Universitat de Salamanca<\/strong> (<strong>8<\/strong>).<\/p><p>Els edificis hist\u00f2rics de la Universitat de Salamanca es van construir al segle XV, a partir de 1428, i s\u00f3n tres: l&#8217;<strong>Edifici d&#8217;Escoles Majors<\/strong>, l&#8217;<strong>Edifici d&#8217;Escoles Menors<\/strong> i l&#8217;<strong>Hospital de l&#8217;Estudi<\/strong>.<\/p><p>Les Escoles Majors que admirem actualment es van construir entre 1415-1433, obra d&#8217;<em>Alonso Rodr\u00edguez<\/em>.<\/p><p>El 1529 va ser constru\u00efda la fa\u00e7ana de la Universitat de Salamanca, c\u00e8lebre obra d&#8217;estil plateresc de <em>Juan de \u00c1lava<\/em>, que cobreix el mur a manera de tap\u00eds petri, amb una riquesa decorativa atape\u00efda; l&#8217;efecte general \u00e9s el d&#8217;una traducci\u00f3 del gust isabel\u00ed al vocabulari renaixentista, plena d&#8217;altra banda de regustos medievals. Est\u00e0 decorada amb medallons, escuts i grutescos, i rematada per cresteria similar a la que els argenters posen en les seves obres.<\/p><p>He hagut de rec\u00f3rrer a una fotografia extreta d&#8217;Internet at\u00e8s que en el moment de la visita la fa\u00e7ana estava coberta per una bastida en proc\u00e9s de restauraci\u00f3.<\/p><p>Es pot observar la fa\u00e7ana de l&#8217;edifici de les Escoles Majors (Universitat) i de l&#8217;Hospital de l&#8217;Estudi a la dreta.<\/p>\t\t\t\t\t\t\t\t<\/div>\n\t\t\t\t<\/div>\n\t\t\t\t<div class=\"elementor-element elementor-element-ab716b7 elementor-widget elementor-widget-image\" data-id=\"ab716b7\" data-element_type=\"widget\" data-e-type=\"widget\" data-widget_type=\"image.default\">\n\t\t\t\t<div class=\"elementor-widget-container\">\n\t\t\t\t\t\t\t\t\t\t\t\t<figure class=\"wp-caption\">\n\t\t\t\t\t\t\t\t\t\t<img loading=\"lazy\" decoding=\"async\" width=\"768\" height=\"512\" src=\"https:\/\/www.elturistatranquil.com\/wp-content\/uploads\/z19-Salamanca.-Universidad.jpg\" class=\"attachment-large size-large wp-image-31824\" alt=\"Salamanca. Universidad\" srcset=\"https:\/\/www.elturistatranquil.com\/wp-content\/uploads\/z19-Salamanca.-Universidad.jpg 768w, https:\/\/www.elturistatranquil.com\/wp-content\/uploads\/z19-Salamanca.-Universidad-339x226.jpg 339w\" sizes=\"(max-width: 768px) 100vw, 768px\" \/>\t\t\t\t\t\t\t\t\t\t\t<figcaption class=\"widget-image-caption wp-caption-text\">(Foto: <a href=\"https:\/\/www.flickr.com\/photos\/14228038@N06\/45905122445\/\" target=\"_blank\" rel=\"noopener\">Amalia Gonz\u00e1lez<\/a>)<\/figcaption>\n\t\t\t\t\t\t\t\t\t\t<\/figure>\n\t\t\t\t\t\t\t\t\t<\/div>\n\t\t\t\t<\/div>\n\t\t\t\t<div class=\"elementor-element elementor-element-9eed412 elementor-widget elementor-widget-text-editor\" data-id=\"9eed412\" data-element_type=\"widget\" data-e-type=\"widget\" data-widget_type=\"text-editor.default\">\n\t\t\t\t<div class=\"elementor-widget-container\">\n\t\t\t\t\t\t\t\t\t<p>Presideix el Pati de Escuelas el <strong>monument a Fra Luis de Le\u00f3n<\/strong>, inaugurada el 1869, signat per <em>Nicasio Sevilla<\/em>.<\/p>\t\t\t\t\t\t\t\t<\/div>\n\t\t\t\t<\/div>\n\t\t\t\t<div class=\"elementor-element elementor-element-bbb4d47 elementor-widget elementor-widget-image\" data-id=\"bbb4d47\" data-element_type=\"widget\" data-e-type=\"widget\" data-widget_type=\"image.default\">\n\t\t\t\t<div class=\"elementor-widget-container\">\n\t\t\t\t\t\t\t\t\t\t\t\t<figure class=\"wp-caption\">\n\t\t\t\t\t\t\t\t\t\t<img loading=\"lazy\" decoding=\"async\" width=\"631\" height=\"550\" src=\"https:\/\/www.elturistatranquil.com\/wp-content\/uploads\/z20-Salamanca-Fray-Luis-de-Leon.jpg\" class=\"attachment-large size-large wp-image-31826\" alt=\"Salamanca, Fray Luis de Leon\" srcset=\"https:\/\/www.elturistatranquil.com\/wp-content\/uploads\/z20-Salamanca-Fray-Luis-de-Leon.jpg 631w, https:\/\/www.elturistatranquil.com\/wp-content\/uploads\/z20-Salamanca-Fray-Luis-de-Leon-259x226.jpg 259w\" sizes=\"(max-width: 631px) 100vw, 631px\" \/>\t\t\t\t\t\t\t\t\t\t\t<figcaption class=\"widget-image-caption wp-caption-text\"><\/figcaption>\n\t\t\t\t\t\t\t\t\t\t<\/figure>\n\t\t\t\t\t\t\t\t\t<\/div>\n\t\t\t\t<\/div>\n\t\t\t\t<div class=\"elementor-element elementor-element-aa9b210 elementor-widget elementor-widget-menu-anchor\" data-id=\"aa9b210\" data-element_type=\"widget\" data-e-type=\"widget\" data-widget_type=\"menu-anchor.default\">\n\t\t\t\t<div class=\"elementor-widget-container\">\n\t\t\t\t\t\t\t<div class=\"elementor-menu-anchor\" id=\"c5614\"><\/div>\n\t\t\t\t\t\t<\/div>\n\t\t\t\t<\/div>\n\t\t\t\t<div class=\"elementor-element elementor-element-410223f elementor-widget elementor-widget-text-editor\" data-id=\"410223f\" data-element_type=\"widget\" data-e-type=\"widget\" data-widget_type=\"text-editor.default\">\n\t\t\t\t<div class=\"elementor-widget-container\">\n\t\t\t\t\t\t\t\t\t<p>Per a la concessi\u00f3 del t\u00edtol de Patrimoni Mundial, els tres criteris anteriors es completen amb les <em>condicions de Integritat i Autenticitat<\/em> del conjunt valorat.<\/p>\t\t\t\t\t\t\t\t<\/div>\n\t\t\t\t<\/div>\n\t\t\t\t<div class=\"elementor-element elementor-element-ce3f10b elementor-widget elementor-widget-heading\" data-id=\"ce3f10b\" data-element_type=\"widget\" data-e-type=\"widget\" data-widget_type=\"heading.default\">\n\t\t\t\t<div class=\"elementor-widget-container\">\n\t\t\t\t\t<h3 class=\"elementor-heading-title elementor-size-default\">Condici\u00f3 d'Integritat<\/h3>\t\t\t\t<\/div>\n\t\t\t\t<\/div>\n\t\t\t\t<div class=\"elementor-element elementor-element-26c688c elementor-widget elementor-widget-menu-anchor\" data-id=\"26c688c\" data-element_type=\"widget\" data-e-type=\"widget\" data-widget_type=\"menu-anchor.default\">\n\t\t\t\t<div class=\"elementor-widget-container\">\n\t\t\t\t\t\t\t<div class=\"elementor-menu-anchor\" id=\"c5615\"><\/div>\n\t\t\t\t\t\t<\/div>\n\t\t\t\t<\/div>\n\t\t\t\t<div class=\"elementor-element elementor-element-7442dd4 elementor-widget elementor-widget-text-editor\" data-id=\"7442dd4\" data-element_type=\"widget\" data-e-type=\"widget\" data-widget_type=\"text-editor.default\">\n\t\t\t\t<div class=\"elementor-widget-container\">\n\t\t\t\t\t\t\t\t\t<p><em>&#8220;Salamanca \u00e9s una propietat en s\u00e8rie que consisteix en el casc antic de la ciutat i set components perif\u00e8rics: Col\u00b7legi dels Irlandesos, Esgl\u00e9sia de San Marcos, Esgl\u00e9sia de Sancti Spiritus, Convent de las Claras, Casa-Convent de Santa Teresa, Esgl\u00e9sia de San Juan de Barbalos i Esgl\u00e9sia de San Crist\u00f3bal.<\/em><\/p><p><em>La propietat inscrita cobreix una \u00e0rea de 51 ha, amb una zona d&#8217;amortiment de 130 ha, i cont\u00e9 tots els atributs necessaris per expressar el valor universal excepcional de la propietat. Aquestes caracter\u00edstiques clau inclouen tots els monuments relacionats amb la Universitat i tamb\u00e9 exemples molt importants de l&#8217;art barroc a Espanya, en particular la Pla\u00e7a Major. Els atributs clau il\u00b7lustren la hist\u00f2ria de Salamanca i donen testimoni de la seva funci\u00f3 principal com a ciutat universit\u00e0ria.&#8221;<\/em><\/p>\t\t\t\t\t\t\t\t<\/div>\n\t\t\t\t<\/div>\n\t\t\t\t<div class=\"elementor-element elementor-element-8b88e11 elementor-widget elementor-widget-heading\" data-id=\"8b88e11\" data-element_type=\"widget\" data-e-type=\"widget\" data-widget_type=\"heading.default\">\n\t\t\t\t<div class=\"elementor-widget-container\">\n\t\t\t\t\t<h3 class=\"elementor-heading-title elementor-size-default\">Condici\u00f3 d'Autenticitat<\/h3>\t\t\t\t<\/div>\n\t\t\t\t<\/div>\n\t\t\t\t<div class=\"elementor-element elementor-element-02f3e71 elementor-widget elementor-widget-menu-anchor\" data-id=\"02f3e71\" data-element_type=\"widget\" data-e-type=\"widget\" data-widget_type=\"menu-anchor.default\">\n\t\t\t\t<div class=\"elementor-widget-container\">\n\t\t\t\t\t\t\t<div class=\"elementor-menu-anchor\" id=\"c5616\"><\/div>\n\t\t\t\t\t\t<\/div>\n\t\t\t\t<\/div>\n\t\t\t\t<div class=\"elementor-element elementor-element-fc3b01d elementor-widget elementor-widget-text-editor\" data-id=\"fc3b01d\" data-element_type=\"widget\" data-e-type=\"widget\" data-widget_type=\"text-editor.default\">\n\t\t\t\t<div class=\"elementor-widget-container\">\n\t\t\t\t\t\t\t\t\t<p><em>&#8220;La Ciutat Vella de Salamanca ha conservat els atributs clau d&#8217;autenticitat en termes de forma, disseny, materials i subst\u00e0ncia. Tamb\u00e9 s&#8217;han mantingut les caracter\u00edstiques d&#8217;ubicaci\u00f3 i configuraci\u00f3, aix\u00ed com l&#8217;\u00fas i la funci\u00f3 dins de la ciutat moderna.&#8221; <\/em><\/p>\t\t\t\t\t\t\t\t<\/div>\n\t\t\t\t<\/div>\n\t\t\t\t<div class=\"elementor-element elementor-element-9d23f78 elementor-widget elementor-widget-heading\" data-id=\"9d23f78\" data-element_type=\"widget\" data-e-type=\"widget\" data-widget_type=\"heading.default\">\n\t\t\t\t<div class=\"elementor-widget-container\">\n\t\t\t\t\t<h3 class=\"elementor-heading-title elementor-size-default\">Altres b\u00e9ns arquitect\u00f2nics<\/h3>\t\t\t\t<\/div>\n\t\t\t\t<\/div>\n\t\t\t\t<div class=\"elementor-element elementor-element-a442370 elementor-widget elementor-widget-menu-anchor\" data-id=\"a442370\" data-element_type=\"widget\" data-e-type=\"widget\" data-widget_type=\"menu-anchor.default\">\n\t\t\t\t<div class=\"elementor-widget-container\">\n\t\t\t\t\t\t\t<div class=\"elementor-menu-anchor\" id=\"c5617\"><\/div>\n\t\t\t\t\t\t<\/div>\n\t\t\t\t<\/div>\n\t\t\t\t<div class=\"elementor-element elementor-element-68d4445 elementor-widget elementor-widget-text-editor\" data-id=\"68d4445\" data-element_type=\"widget\" data-e-type=\"widget\" data-widget_type=\"text-editor.default\">\n\t\t\t\t<div class=\"elementor-widget-container\">\n\t\t\t\t\t\t\t\t\t<p>M\u00e9s enll\u00e0 dels edificis que apareixen inclosos en aquests criteris, Salamanca cont\u00e9 un innombrable conjunt d&#8217;altres edificacions, des del rom\u00e0nic al neoclassicisme, sobretot en forma d&#8217;esgl\u00e9sies i palaus.<\/p><p>De totes elles presentar\u00e9 unes poques entre les m\u00e9s significatives, com la <strong>Torre del Clavero<\/strong>, la <strong>Casa de las Conchas<\/strong>, l&#8217;<strong>Esgl\u00e9sia de San Benito<\/strong>, el <strong>Palau de Monterrey<\/strong> i el <strong>Palau de Anaya<\/strong> al costat de l&#8217; <strong>Esgl\u00e9sia San Sebasti\u00e1n<\/strong> (que hem vist can anterioritat).<\/p>\t\t\t\t\t\t\t\t<\/div>\n\t\t\t\t<\/div>\n\t\t\t\t<div class=\"elementor-element elementor-element-ea44c78 elementor-widget elementor-widget-heading\" data-id=\"ea44c78\" data-element_type=\"widget\" data-e-type=\"widget\" data-widget_type=\"heading.default\">\n\t\t\t\t<div class=\"elementor-widget-container\">\n\t\t\t\t\t<h4 class=\"elementor-heading-title elementor-size-default\">Torre del Clavero<\/h4>\t\t\t\t<\/div>\n\t\t\t\t<\/div>\n\t\t\t\t<div class=\"elementor-element elementor-element-16b8a21 elementor-widget elementor-widget-text-editor\" data-id=\"16b8a21\" data-element_type=\"widget\" data-e-type=\"widget\" data-widget_type=\"text-editor.default\">\n\t\t\t\t<div class=\"elementor-widget-container\">\n\t\t\t\t\t\t\t\t\t<p>La <strong>Torre del Clavero<\/strong> (<strong>10<\/strong>) \u00e9s <em>Monument Nacional<\/em> des de 1931. Correspon a les restes de la casa del clavero de l&#8217;Ordre d&#8217;Alc\u00e1ntara, constru\u00efda al segle XV.<\/p>\t\t\t\t\t\t\t\t<\/div>\n\t\t\t\t<\/div>\n\t\t\t\t<div class=\"elementor-element elementor-element-f2a79ca elementor-widget elementor-widget-menu-anchor\" data-id=\"f2a79ca\" data-element_type=\"widget\" data-e-type=\"widget\" data-widget_type=\"menu-anchor.default\">\n\t\t\t\t<div class=\"elementor-widget-container\">\n\t\t\t\t\t\t\t<div class=\"elementor-menu-anchor\" id=\"c5618\"><\/div>\n\t\t\t\t\t\t<\/div>\n\t\t\t\t<\/div>\n\t\t\t\t<div class=\"elementor-element elementor-element-301d9a8 elementor-widget elementor-widget-image\" data-id=\"301d9a8\" data-element_type=\"widget\" data-e-type=\"widget\" data-widget_type=\"image.default\">\n\t\t\t\t<div class=\"elementor-widget-container\">\n\t\t\t\t\t\t\t\t\t\t\t\t<figure class=\"wp-caption\">\n\t\t\t\t\t\t\t\t\t\t<img loading=\"lazy\" decoding=\"async\" width=\"768\" height=\"512\" src=\"https:\/\/www.elturistatranquil.com\/wp-content\/uploads\/z21-Salamanca-Torre-del-Clavero.jpg\" class=\"attachment-large size-large wp-image-31828\" alt=\"Salamanca, Torre del Clavero\" srcset=\"https:\/\/www.elturistatranquil.com\/wp-content\/uploads\/z21-Salamanca-Torre-del-Clavero.jpg 768w, https:\/\/www.elturistatranquil.com\/wp-content\/uploads\/z21-Salamanca-Torre-del-Clavero-339x226.jpg 339w\" sizes=\"(max-width: 768px) 100vw, 768px\" \/>\t\t\t\t\t\t\t\t\t\t\t<figcaption class=\"widget-image-caption wp-caption-text\"><\/figcaption>\n\t\t\t\t\t\t\t\t\t\t<\/figure>\n\t\t\t\t\t\t\t\t\t<\/div>\n\t\t\t\t<\/div>\n\t\t\t\t<div class=\"elementor-element elementor-element-811df17 elementor-widget elementor-widget-heading\" data-id=\"811df17\" data-element_type=\"widget\" data-e-type=\"widget\" data-widget_type=\"heading.default\">\n\t\t\t\t<div class=\"elementor-widget-container\">\n\t\t\t\t\t<h4 class=\"elementor-heading-title elementor-size-default\">Casa de las Conchas<\/h4>\t\t\t\t<\/div>\n\t\t\t\t<\/div>\n\t\t\t\t<div class=\"elementor-element elementor-element-96f6a09 elementor-widget elementor-widget-text-editor\" data-id=\"96f6a09\" data-element_type=\"widget\" data-e-type=\"widget\" data-widget_type=\"text-editor.default\">\n\t\t\t\t<div class=\"elementor-widget-container\">\n\t\t\t\t\t\t\t\t\t<p>A la <strong>Casa de las Conchas<\/strong> (<strong>5<\/strong>) es barregen g\u00f2tic i mud\u00e8jar amb alguns motius renaixentistes.<\/p><p>La Casa de las Conchas, constru\u00efda cap el 1510-1515, \u00e9s un dels exemplars m\u00e9s bells de l&#8217;arquitectura dom\u00e8stica peninsular, &#8220;una barreja sense parell de goticisme naturalista, mud\u00e8jar i renaixement&#8221; (Chueca); aquesta casa d&#8217;autor desconegut va ser feta construir per Rodrigo Arias Maldoado.<\/p><p>El que d\u00f3na nom popular a l&#8217;edifici s\u00f3n les 300 petxines adossades a la fa\u00e7ana, disposades al portell, caracter\u00edstica pr\u00f2pia de l&#8217;art mud\u00e8jar.<\/p>\t\t\t\t\t\t\t\t<\/div>\n\t\t\t\t<\/div>\n\t\t\t\t<div class=\"elementor-element elementor-element-01e2f53 elementor-widget elementor-widget-image\" data-id=\"01e2f53\" data-element_type=\"widget\" data-e-type=\"widget\" data-widget_type=\"image.default\">\n\t\t\t\t<div class=\"elementor-widget-container\">\n\t\t\t\t\t\t\t\t\t\t\t\t<figure class=\"wp-caption\">\n\t\t\t\t\t\t\t\t\t\t<img loading=\"lazy\" decoding=\"async\" width=\"768\" height=\"512\" src=\"https:\/\/www.elturistatranquil.com\/wp-content\/uploads\/z22-Salamanaca-Casa-de-las-Conchas.jpg\" class=\"attachment-large size-large wp-image-31830\" alt=\"Salamanaca, Casa de las Conchas\" srcset=\"https:\/\/www.elturistatranquil.com\/wp-content\/uploads\/z22-Salamanaca-Casa-de-las-Conchas.jpg 768w, https:\/\/www.elturistatranquil.com\/wp-content\/uploads\/z22-Salamanaca-Casa-de-las-Conchas-339x226.jpg 339w\" sizes=\"(max-width: 768px) 100vw, 768px\" \/>\t\t\t\t\t\t\t\t\t\t\t<figcaption class=\"widget-image-caption wp-caption-text\"><\/figcaption>\n\t\t\t\t\t\t\t\t\t\t<\/figure>\n\t\t\t\t\t\t\t\t\t<\/div>\n\t\t\t\t<\/div>\n\t\t\t\t<div class=\"elementor-element elementor-element-bdd21fd elementor-widget elementor-widget-menu-anchor\" data-id=\"bdd21fd\" data-element_type=\"widget\" data-e-type=\"widget\" data-widget_type=\"menu-anchor.default\">\n\t\t\t\t<div class=\"elementor-widget-container\">\n\t\t\t\t\t\t\t<div class=\"elementor-menu-anchor\" id=\"c5619\"><\/div>\n\t\t\t\t\t\t<\/div>\n\t\t\t\t<\/div>\n\t\t\t\t<section class=\"elementor-section elementor-inner-section elementor-element elementor-element-52da2e6 elementor-section-boxed elementor-section-height-default elementor-section-height-default\" data-id=\"52da2e6\" data-element_type=\"section\" data-e-type=\"section\">\n\t\t\t\t\t\t<div class=\"elementor-container elementor-column-gap-default\">\n\t\t\t\t\t<div class=\"elementor-column elementor-col-50 elementor-inner-column elementor-element elementor-element-b6d7c46\" data-id=\"b6d7c46\" data-element_type=\"column\" data-e-type=\"column\">\n\t\t\t<div class=\"elementor-widget-wrap elementor-element-populated\">\n\t\t\t\t\t\t<div class=\"elementor-element elementor-element-be6c86a elementor-widget elementor-widget-image\" data-id=\"be6c86a\" data-element_type=\"widget\" data-e-type=\"widget\" data-widget_type=\"image.default\">\n\t\t\t\t<div class=\"elementor-widget-container\">\n\t\t\t\t\t\t\t\t\t\t\t\t\t\t\t<img loading=\"lazy\" decoding=\"async\" width=\"367\" height=\"550\" src=\"https:\/\/www.elturistatranquil.com\/wp-content\/uploads\/z23m-Salamanaca-Casa-de-las-Conchas.jpg\" class=\"attachment-large size-large wp-image-31832\" alt=\"Salamanaca, Casa de las Conchas\" srcset=\"https:\/\/www.elturistatranquil.com\/wp-content\/uploads\/z23m-Salamanaca-Casa-de-las-Conchas.jpg 367w, https:\/\/www.elturistatranquil.com\/wp-content\/uploads\/z23m-Salamanaca-Casa-de-las-Conchas-151x226.jpg 151w\" sizes=\"(max-width: 367px) 100vw, 367px\" \/>\t\t\t\t\t\t\t\t\t\t\t\t\t\t\t<\/div>\n\t\t\t\t<\/div>\n\t\t\t\t\t<\/div>\n\t\t<\/div>\n\t\t\t\t<div class=\"elementor-column elementor-col-50 elementor-inner-column elementor-element elementor-element-2e73db9\" data-id=\"2e73db9\" data-element_type=\"column\" data-e-type=\"column\">\n\t\t\t<div class=\"elementor-widget-wrap elementor-element-populated\">\n\t\t\t\t\t\t<div class=\"elementor-element elementor-element-182d0cc elementor-widget elementor-widget-image\" data-id=\"182d0cc\" data-element_type=\"widget\" data-e-type=\"widget\" data-widget_type=\"image.default\">\n\t\t\t\t<div class=\"elementor-widget-container\">\n\t\t\t\t\t\t\t\t\t\t\t\t\t\t\t<img loading=\"lazy\" decoding=\"async\" width=\"367\" height=\"550\" src=\"https:\/\/www.elturistatranquil.com\/wp-content\/uploads\/z23n-Salamanaca-Casa-de-las-Conchas.jpg\" class=\"attachment-large size-large wp-image-31834\" alt=\"Salamanaca, Casa de las Conchas\" srcset=\"https:\/\/www.elturistatranquil.com\/wp-content\/uploads\/z23n-Salamanaca-Casa-de-las-Conchas.jpg 367w, https:\/\/www.elturistatranquil.com\/wp-content\/uploads\/z23n-Salamanaca-Casa-de-las-Conchas-151x226.jpg 151w\" sizes=\"(max-width: 367px) 100vw, 367px\" \/>\t\t\t\t\t\t\t\t\t\t\t\t\t\t\t<\/div>\n\t\t\t\t<\/div>\n\t\t\t\t\t<\/div>\n\t\t<\/div>\n\t\t\t\t\t<\/div>\n\t\t<\/section>\n\t\t\t\t<div class=\"elementor-element elementor-element-f099a33 elementor-widget elementor-widget-heading\" data-id=\"f099a33\" data-element_type=\"widget\" data-e-type=\"widget\" data-widget_type=\"heading.default\">\n\t\t\t\t<div class=\"elementor-widget-container\">\n\t\t\t\t\t<h4 class=\"elementor-heading-title elementor-size-default\">Esgl\u00e9sia de San Benito<\/h4>\t\t\t\t<\/div>\n\t\t\t\t<\/div>\n\t\t\t\t<div class=\"elementor-element elementor-element-6a90faa elementor-widget elementor-widget-text-editor\" data-id=\"6a90faa\" data-element_type=\"widget\" data-e-type=\"widget\" data-widget_type=\"text-editor.default\">\n\t\t\t\t<div class=\"elementor-widget-container\">\n\t\t\t\t\t\t\t\t\t<p>L&#8217;<strong>Esgl\u00e9sia de San Benito<\/strong> (<strong>3<\/strong>) \u00e9s d&#8217;origen rom\u00e0nic, constru\u00efda el 1104, encara que molt reformada posteriorment.<\/p><p>L&#8217;esgl\u00e9sia donava nom al B\u00e0ndol de Sant Benet, un dels dos b\u00e0ndols de nobles que es van enfrontar durant anys pel poder a Salamanca.<\/p><p>A la reconstrucci\u00f3 del segle XVI es deu la portada g\u00f2tic-flamenca.<\/p>\t\t\t\t\t\t\t\t<\/div>\n\t\t\t\t<\/div>\n\t\t\t\t<div class=\"elementor-element elementor-element-c11a1d1 elementor-widget elementor-widget-menu-anchor\" data-id=\"c11a1d1\" data-element_type=\"widget\" data-e-type=\"widget\" data-widget_type=\"menu-anchor.default\">\n\t\t\t\t<div class=\"elementor-widget-container\">\n\t\t\t\t\t\t\t<div class=\"elementor-menu-anchor\" id=\"c5620\"><\/div>\n\t\t\t\t\t\t<\/div>\n\t\t\t\t<\/div>\n\t\t\t\t<section class=\"elementor-section elementor-inner-section elementor-element elementor-element-71c7fa6 elementor-section-boxed elementor-section-height-default elementor-section-height-default\" data-id=\"71c7fa6\" data-element_type=\"section\" data-e-type=\"section\">\n\t\t\t\t\t\t<div class=\"elementor-container elementor-column-gap-default\">\n\t\t\t\t\t<div class=\"elementor-column elementor-col-50 elementor-inner-column elementor-element elementor-element-7c220ae\" data-id=\"7c220ae\" data-element_type=\"column\" data-e-type=\"column\">\n\t\t\t<div class=\"elementor-widget-wrap elementor-element-populated\">\n\t\t\t\t\t\t<div class=\"elementor-element elementor-element-793eea9 elementor-widget elementor-widget-image\" data-id=\"793eea9\" data-element_type=\"widget\" data-e-type=\"widget\" data-widget_type=\"image.default\">\n\t\t\t\t<div class=\"elementor-widget-container\">\n\t\t\t\t\t\t\t\t\t\t\t\t\t\t\t<img loading=\"lazy\" decoding=\"async\" width=\"330\" height=\"550\" src=\"https:\/\/www.elturistatranquil.com\/wp-content\/uploads\/z24m-Salamanca-Iglesia-de-San-Benito.jpg\" class=\"attachment-large size-large wp-image-31836\" alt=\"Salamanca, Iglesia de San Benito\" srcset=\"https:\/\/www.elturistatranquil.com\/wp-content\/uploads\/z24m-Salamanca-Iglesia-de-San-Benito.jpg 330w, https:\/\/www.elturistatranquil.com\/wp-content\/uploads\/z24m-Salamanca-Iglesia-de-San-Benito-136x226.jpg 136w\" sizes=\"(max-width: 330px) 100vw, 330px\" \/>\t\t\t\t\t\t\t\t\t\t\t\t\t\t\t<\/div>\n\t\t\t\t<\/div>\n\t\t\t\t\t<\/div>\n\t\t<\/div>\n\t\t\t\t<div class=\"elementor-column elementor-col-50 elementor-inner-column elementor-element elementor-element-4aced08\" data-id=\"4aced08\" data-element_type=\"column\" data-e-type=\"column\">\n\t\t\t<div class=\"elementor-widget-wrap elementor-element-populated\">\n\t\t\t\t\t\t<div class=\"elementor-element elementor-element-2e9f4e3 elementor-widget elementor-widget-image\" data-id=\"2e9f4e3\" data-element_type=\"widget\" data-e-type=\"widget\" data-widget_type=\"image.default\">\n\t\t\t\t<div class=\"elementor-widget-container\">\n\t\t\t\t\t\t\t\t\t\t\t\t\t\t\t<img loading=\"lazy\" decoding=\"async\" width=\"330\" height=\"550\" src=\"https:\/\/www.elturistatranquil.com\/wp-content\/uploads\/z24n-Salamanca-Iglesia-de-San-Benito.jpg\" class=\"attachment-large size-large wp-image-31838\" alt=\"Salamanca, Iglesia de San Benito\" srcset=\"https:\/\/www.elturistatranquil.com\/wp-content\/uploads\/z24n-Salamanca-Iglesia-de-San-Benito.jpg 330w, https:\/\/www.elturistatranquil.com\/wp-content\/uploads\/z24n-Salamanca-Iglesia-de-San-Benito-136x226.jpg 136w\" sizes=\"(max-width: 330px) 100vw, 330px\" \/>\t\t\t\t\t\t\t\t\t\t\t\t\t\t\t<\/div>\n\t\t\t\t<\/div>\n\t\t\t\t\t<\/div>\n\t\t<\/div>\n\t\t\t\t\t<\/div>\n\t\t<\/section>\n\t\t\t\t<div class=\"elementor-element elementor-element-b08178c elementor-widget elementor-widget-heading\" data-id=\"b08178c\" data-element_type=\"widget\" data-e-type=\"widget\" data-widget_type=\"heading.default\">\n\t\t\t\t<div class=\"elementor-widget-container\">\n\t\t\t\t\t<h4 class=\"elementor-heading-title elementor-size-default\">Palau de Monterrey<\/h4>\t\t\t\t<\/div>\n\t\t\t\t<\/div>\n\t\t\t\t<div class=\"elementor-element elementor-element-6e23719 elementor-widget elementor-widget-text-editor\" data-id=\"6e23719\" data-element_type=\"widget\" data-e-type=\"widget\" data-widget_type=\"text-editor.default\">\n\t\t\t\t<div class=\"elementor-widget-container\">\n\t\t\t\t\t\t\t\t\t<p>Unes de les grans obres de <em>Rodrigo Gil de Honta\u00f1\u00f3n<\/em> s\u00f3n: el Palau de Monterrey; la Casa de la Sabina i el convent de las Bernardas.<\/p><p>Del <strong>Palau de Monterrey<\/strong> (<strong>2<\/strong>), nom\u00e9s es va construir una banda, amb decoraci\u00f3 encara tradicional en alguns punts, per\u00f2 amb impostes que accentuen el sentit d&#8217;horitzontalitat.<\/p><p>Va ser edificat a partir de 1539 en estil renaixentista, promogut per Don Alonso de Z\u00fa\u00f1iga i Acevedo, tercer comte de Monterrey.<\/p><p>Destaquen la galeria d&#8217;arcs renaixentistes, les torres i les xemeneies, amb decoraci\u00f3 plateresca i una cresteria calada de gran impacte.<\/p>\t\t\t\t\t\t\t\t<\/div>\n\t\t\t\t<\/div>\n\t\t\t\t<div class=\"elementor-element elementor-element-b0da87a elementor-widget elementor-widget-image\" data-id=\"b0da87a\" data-element_type=\"widget\" data-e-type=\"widget\" data-widget_type=\"image.default\">\n\t\t\t\t<div class=\"elementor-widget-container\">\n\t\t\t\t\t\t\t\t\t\t\t\t<figure class=\"wp-caption\">\n\t\t\t\t\t\t\t\t\t\t<img loading=\"lazy\" decoding=\"async\" width=\"768\" height=\"512\" src=\"https:\/\/www.elturistatranquil.com\/wp-content\/uploads\/z25-Salamanca-Palacio-de-Monterrey.jpg\" class=\"attachment-large size-large wp-image-31840\" alt=\"Salamanca, Palacio de Monterrey\" srcset=\"https:\/\/www.elturistatranquil.com\/wp-content\/uploads\/z25-Salamanca-Palacio-de-Monterrey.jpg 768w, https:\/\/www.elturistatranquil.com\/wp-content\/uploads\/z25-Salamanca-Palacio-de-Monterrey-339x226.jpg 339w\" sizes=\"(max-width: 768px) 100vw, 768px\" \/>\t\t\t\t\t\t\t\t\t\t\t<figcaption class=\"widget-image-caption wp-caption-text\"><\/figcaption>\n\t\t\t\t\t\t\t\t\t\t<\/figure>\n\t\t\t\t\t\t\t\t\t<\/div>\n\t\t\t\t<\/div>\n\t\t\t\t<div class=\"elementor-element elementor-element-f9f0881 elementor-widget elementor-widget-image\" data-id=\"f9f0881\" data-element_type=\"widget\" data-e-type=\"widget\" data-widget_type=\"image.default\">\n\t\t\t\t<div class=\"elementor-widget-container\">\n\t\t\t\t\t\t\t\t\t\t\t\t<figure class=\"wp-caption\">\n\t\t\t\t\t\t\t\t\t\t<img loading=\"lazy\" decoding=\"async\" width=\"768\" height=\"512\" src=\"https:\/\/www.elturistatranquil.com\/wp-content\/uploads\/z26-Salamanca-Palacio-de-Monterrey.jpg\" class=\"attachment-large size-large wp-image-31842\" alt=\"Salamanca, Palacio de Monterrey\" srcset=\"https:\/\/www.elturistatranquil.com\/wp-content\/uploads\/z26-Salamanca-Palacio-de-Monterrey.jpg 768w, https:\/\/www.elturistatranquil.com\/wp-content\/uploads\/z26-Salamanca-Palacio-de-Monterrey-339x226.jpg 339w\" sizes=\"(max-width: 768px) 100vw, 768px\" \/>\t\t\t\t\t\t\t\t\t\t\t<figcaption class=\"widget-image-caption wp-caption-text\"><\/figcaption>\n\t\t\t\t\t\t\t\t\t\t<\/figure>\n\t\t\t\t\t\t\t\t\t<\/div>\n\t\t\t\t<\/div>\n\t\t\t\t<div class=\"elementor-element elementor-element-694bbbc elementor-widget elementor-widget-text-editor\" data-id=\"694bbbc\" data-element_type=\"widget\" data-e-type=\"widget\" data-widget_type=\"text-editor.default\">\n\t\t\t\t<div class=\"elementor-widget-container\">\n\t\t\t\t\t\t\t\t\t<p>Destaquen els blasons que es reparteixen per tot l&#8217;edifici recordant els cognoms ancestrals del promotor.<\/p><p>En aquest edifici va viure Diego Torres de Villarroel.<\/p>\t\t\t\t\t\t\t\t<\/div>\n\t\t\t\t<\/div>\n\t\t\t\t<div class=\"elementor-element elementor-element-5c9e7e4 elementor-widget elementor-widget-menu-anchor\" data-id=\"5c9e7e4\" data-element_type=\"widget\" data-e-type=\"widget\" data-widget_type=\"menu-anchor.default\">\n\t\t\t\t<div class=\"elementor-widget-container\">\n\t\t\t\t\t\t\t<div class=\"elementor-menu-anchor\" id=\"c5621\"><\/div>\n\t\t\t\t\t\t<\/div>\n\t\t\t\t<\/div>\n\t\t\t\t<div class=\"elementor-element elementor-element-c0d15d6 elementor-widget elementor-widget-image\" data-id=\"c0d15d6\" data-element_type=\"widget\" data-e-type=\"widget\" data-widget_type=\"image.default\">\n\t\t\t\t<div class=\"elementor-widget-container\">\n\t\t\t\t\t\t\t\t\t\t\t\t<figure class=\"wp-caption\">\n\t\t\t\t\t\t\t\t\t\t<img loading=\"lazy\" decoding=\"async\" width=\"768\" height=\"512\" src=\"https:\/\/www.elturistatranquil.com\/wp-content\/uploads\/z27-Salamanca-Palacio-de-Monterrey.jpg\" class=\"attachment-large size-large wp-image-31844\" alt=\"Salamanca, Palacio de Monterrey\" srcset=\"https:\/\/www.elturistatranquil.com\/wp-content\/uploads\/z27-Salamanca-Palacio-de-Monterrey.jpg 768w, https:\/\/www.elturistatranquil.com\/wp-content\/uploads\/z27-Salamanca-Palacio-de-Monterrey-339x226.jpg 339w\" sizes=\"(max-width: 768px) 100vw, 768px\" \/>\t\t\t\t\t\t\t\t\t\t\t<figcaption class=\"widget-image-caption wp-caption-text\"><\/figcaption>\n\t\t\t\t\t\t\t\t\t\t<\/figure>\n\t\t\t\t\t\t\t\t\t<\/div>\n\t\t\t\t<\/div>\n\t\t\t\t<div class=\"elementor-element elementor-element-ce5739f elementor-widget elementor-widget-heading\" data-id=\"ce5739f\" data-element_type=\"widget\" data-e-type=\"widget\" data-widget_type=\"heading.default\">\n\t\t\t\t<div class=\"elementor-widget-container\">\n\t\t\t\t\t<h3 class=\"elementor-heading-title elementor-size-default\">Ambient urb\u00e0 de la ciutat vella<\/h3>\t\t\t\t<\/div>\n\t\t\t\t<\/div>\n\t\t\t\t<div class=\"elementor-element elementor-element-210ce53 elementor-widget elementor-widget-text-editor\" data-id=\"210ce53\" data-element_type=\"widget\" data-e-type=\"widget\" data-widget_type=\"text-editor.default\">\n\t\t\t\t<div class=\"elementor-widget-container\">\n\t\t\t\t\t\t\t\t\t<p>Una petita mostra de l&#8217;ambient arquitect\u00f2nic d&#8217;unes poques carrers hist\u00f2rics de la Salamanca vella.<\/p><p><strong>Pla\u00e7a Agustinas<\/strong><\/p><p>La <strong>pla\u00e7a de Agustinas<\/strong> (<strong>a)<\/strong> est\u00e0 formada entre el Palau de Monterrey i el Convent de les Agustinas Recoletas.<\/p>\t\t\t\t\t\t\t\t<\/div>\n\t\t\t\t<\/div>\n\t\t\t\t<div class=\"elementor-element elementor-element-721720e elementor-widget elementor-widget-image\" data-id=\"721720e\" data-element_type=\"widget\" data-e-type=\"widget\" data-widget_type=\"image.default\">\n\t\t\t\t<div class=\"elementor-widget-container\">\n\t\t\t\t\t\t\t\t\t\t\t\t<figure class=\"wp-caption\">\n\t\t\t\t\t\t\t\t\t\t<img loading=\"lazy\" decoding=\"async\" width=\"768\" height=\"512\" src=\"https:\/\/www.elturistatranquil.com\/wp-content\/uploads\/z28-Salamanca-Plaza-Agustinas.jpg\" class=\"attachment-large size-large wp-image-31846\" alt=\"Salamanca, Plaza Agustinas\" srcset=\"https:\/\/www.elturistatranquil.com\/wp-content\/uploads\/z28-Salamanca-Plaza-Agustinas.jpg 768w, https:\/\/www.elturistatranquil.com\/wp-content\/uploads\/z28-Salamanca-Plaza-Agustinas-339x226.jpg 339w\" sizes=\"(max-width: 768px) 100vw, 768px\" \/>\t\t\t\t\t\t\t\t\t\t\t<figcaption class=\"widget-image-caption wp-caption-text\"><\/figcaption>\n\t\t\t\t\t\t\t\t\t\t<\/figure>\n\t\t\t\t\t\t\t\t\t<\/div>\n\t\t\t\t<\/div>\n\t\t\t\t<div class=\"elementor-element elementor-element-636f5b2 elementor-widget elementor-widget-text-editor\" data-id=\"636f5b2\" data-element_type=\"widget\" data-e-type=\"widget\" data-widget_type=\"text-editor.default\">\n\t\t\t\t<div class=\"elementor-widget-container\">\n\t\t\t\t\t\t\t\t\t<p><strong>Carrer de la Compa\u00f1\u00eda<\/strong><\/p><p>El <strong>carrer de la Compa\u00f1\u00eda<\/strong> (<strong>b<\/strong>) al nord desemboca a la Pla\u00e7a de Agustinas, davant el Palau de Monterrey.<\/p>\t\t\t\t\t\t\t\t<\/div>\n\t\t\t\t<\/div>\n\t\t\t\t<div class=\"elementor-element elementor-element-db71744 elementor-widget elementor-widget-image\" data-id=\"db71744\" data-element_type=\"widget\" data-e-type=\"widget\" data-widget_type=\"image.default\">\n\t\t\t\t<div class=\"elementor-widget-container\">\n\t\t\t\t\t\t\t\t\t\t\t\t<figure class=\"wp-caption\">\n\t\t\t\t\t\t\t\t\t\t<img loading=\"lazy\" decoding=\"async\" width=\"768\" height=\"512\" src=\"https:\/\/www.elturistatranquil.com\/wp-content\/uploads\/z29-Salamanca-calle-de-la-Compa\u00f1ia.jpg\" class=\"attachment-large size-large wp-image-31848\" alt=\"Salamanca, calle de la Compa\u00f1ia\" srcset=\"https:\/\/www.elturistatranquil.com\/wp-content\/uploads\/z29-Salamanca-calle-de-la-Compa\u00f1ia.jpg 768w, https:\/\/www.elturistatranquil.com\/wp-content\/uploads\/z29-Salamanca-calle-de-la-Compa\u00f1ia-339x226.jpg 339w\" sizes=\"(max-width: 768px) 100vw, 768px\" \/>\t\t\t\t\t\t\t\t\t\t\t<figcaption class=\"widget-image-caption wp-caption-text\"><\/figcaption>\n\t\t\t\t\t\t\t\t\t\t<\/figure>\n\t\t\t\t\t\t\t\t\t<\/div>\n\t\t\t\t<\/div>\n\t\t\t\t<div class=\"elementor-element elementor-element-98be271 elementor-widget elementor-widget-text-editor\" data-id=\"98be271\" data-element_type=\"widget\" data-e-type=\"widget\" data-widget_type=\"text-editor.default\">\n\t\t\t\t<div class=\"elementor-widget-container\">\n\t\t\t\t\t\t\t\t\t<p>En direcci\u00f3 sud porta, al costat de l&#8217;Esgl\u00e9sia de San Benito, fins a La Clerecia amb les seves torres sobresurten a fons de la fotografia, i la Casa de las Conchas.<\/p>\t\t\t\t\t\t\t\t<\/div>\n\t\t\t\t<\/div>\n\t\t\t\t<div class=\"elementor-element elementor-element-0a15161 elementor-widget elementor-widget-image\" data-id=\"0a15161\" data-element_type=\"widget\" data-e-type=\"widget\" data-widget_type=\"image.default\">\n\t\t\t\t<div class=\"elementor-widget-container\">\n\t\t\t\t\t\t\t\t\t\t\t\t<figure class=\"wp-caption\">\n\t\t\t\t\t\t\t\t\t\t<img loading=\"lazy\" decoding=\"async\" width=\"768\" height=\"512\" src=\"https:\/\/www.elturistatranquil.com\/wp-content\/uploads\/z30-Salamanca-calle-de-la-Compa\u00f1ia.jpg\" class=\"attachment-large size-large wp-image-31850\" alt=\"Salamanca, calle de la Compa\u00f1ia\" srcset=\"https:\/\/www.elturistatranquil.com\/wp-content\/uploads\/z30-Salamanca-calle-de-la-Compa\u00f1ia.jpg 768w, https:\/\/www.elturistatranquil.com\/wp-content\/uploads\/z30-Salamanca-calle-de-la-Compa\u00f1ia-339x226.jpg 339w\" sizes=\"(max-width: 768px) 100vw, 768px\" \/>\t\t\t\t\t\t\t\t\t\t\t<figcaption class=\"widget-image-caption wp-caption-text\"><\/figcaption>\n\t\t\t\t\t\t\t\t\t\t<\/figure>\n\t\t\t\t\t\t\t\t\t<\/div>\n\t\t\t\t<\/div>\n\t\t\t\t<div class=\"elementor-element elementor-element-a4f9c52 elementor-widget elementor-widget-text-editor\" data-id=\"a4f9c52\" data-element_type=\"widget\" data-e-type=\"widget\" data-widget_type=\"text-editor.default\">\n\t\t\t\t<div class=\"elementor-widget-container\">\n\t\t\t\t\t\t\t\t\t<p><strong>Pla\u00e7a de San Benito i carrer Prado<\/strong><\/p><p>La <strong>pla\u00e7a de San Benito<\/strong> i el <strong>carrer<\/strong> <strong>Prado<\/strong> (<strong>3<\/strong>) es configuren seguint l&#8217;Esgl\u00e9sia de San Benito. Al fons la Casa-Palau de Francisco de Sol\u00eds, del segle XV amb fa\u00e7ana plateresca de segle XVI.<\/p>\t\t\t\t\t\t\t\t<\/div>\n\t\t\t\t<\/div>\n\t\t\t\t<div class=\"elementor-element elementor-element-dd0df4e elementor-widget elementor-widget-image\" data-id=\"dd0df4e\" data-element_type=\"widget\" data-e-type=\"widget\" data-widget_type=\"image.default\">\n\t\t\t\t<div class=\"elementor-widget-container\">\n\t\t\t\t\t\t\t\t\t\t\t\t<figure class=\"wp-caption\">\n\t\t\t\t\t\t\t\t\t\t<img loading=\"lazy\" decoding=\"async\" width=\"768\" height=\"512\" src=\"https:\/\/www.elturistatranquil.com\/wp-content\/uploads\/z31-Salamanca-plaza-San-Benito.jpg\" class=\"attachment-large size-large wp-image-31852\" alt=\"Salamanca, plaza San Benito\" srcset=\"https:\/\/www.elturistatranquil.com\/wp-content\/uploads\/z31-Salamanca-plaza-San-Benito.jpg 768w, https:\/\/www.elturistatranquil.com\/wp-content\/uploads\/z31-Salamanca-plaza-San-Benito-339x226.jpg 339w\" sizes=\"(max-width: 768px) 100vw, 768px\" \/>\t\t\t\t\t\t\t\t\t\t\t<figcaption class=\"widget-image-caption wp-caption-text\"><\/figcaption>\n\t\t\t\t\t\t\t\t\t\t<\/figure>\n\t\t\t\t\t\t\t\t\t<\/div>\n\t\t\t\t<\/div>\n\t\t\t\t<div class=\"elementor-element elementor-element-729f84f elementor-widget elementor-widget-text-editor\" data-id=\"729f84f\" data-element_type=\"widget\" data-e-type=\"widget\" data-widget_type=\"text-editor.default\">\n\t\t\t\t<div class=\"elementor-widget-container\">\n\t\t\t\t\t\t\t\t\t<p><strong>Carrer Major<\/strong><\/p><p>El <strong>carrer Major<\/strong> (<strong>c<\/strong>) desemboca a sud a la Pla\u00e7a Anaya i la Catedral, amb les seves torres de la fa\u00e7ana de ponent.<\/p>\t\t\t\t\t\t\t\t<\/div>\n\t\t\t\t<\/div>\n\t\t\t\t<div class=\"elementor-element elementor-element-01c57b3 elementor-widget elementor-widget-menu-anchor\" data-id=\"01c57b3\" data-element_type=\"widget\" data-e-type=\"widget\" data-widget_type=\"menu-anchor.default\">\n\t\t\t\t<div class=\"elementor-widget-container\">\n\t\t\t\t\t\t\t<div class=\"elementor-menu-anchor\" id=\"c5622\"><\/div>\n\t\t\t\t\t\t<\/div>\n\t\t\t\t<\/div>\n\t\t\t\t<div class=\"elementor-element elementor-element-bfb7a26 elementor-widget elementor-widget-image\" data-id=\"bfb7a26\" data-element_type=\"widget\" data-e-type=\"widget\" data-widget_type=\"image.default\">\n\t\t\t\t<div class=\"elementor-widget-container\">\n\t\t\t\t\t\t\t\t\t\t\t\t<figure class=\"wp-caption\">\n\t\t\t\t\t\t\t\t\t\t<img loading=\"lazy\" decoding=\"async\" width=\"768\" height=\"512\" src=\"https:\/\/www.elturistatranquil.com\/wp-content\/uploads\/z32-Salamanca-calle-Mayor.jpg\" class=\"attachment-large size-large wp-image-31854\" alt=\"Salamanca, calle Mayor\" srcset=\"https:\/\/www.elturistatranquil.com\/wp-content\/uploads\/z32-Salamanca-calle-Mayor.jpg 768w, https:\/\/www.elturistatranquil.com\/wp-content\/uploads\/z32-Salamanca-calle-Mayor-339x226.jpg 339w\" sizes=\"(max-width: 768px) 100vw, 768px\" \/>\t\t\t\t\t\t\t\t\t\t\t<figcaption class=\"widget-image-caption wp-caption-text\"><\/figcaption>\n\t\t\t\t\t\t\t\t\t\t<\/figure>\n\t\t\t\t\t\t\t\t\t<\/div>\n\t\t\t\t<\/div>\n\t\t\t\t<div class=\"elementor-element elementor-element-a5dc91d elementor-widget elementor-widget-heading\" data-id=\"a5dc91d\" data-element_type=\"widget\" data-e-type=\"widget\" data-widget_type=\"heading.default\">\n\t\t\t\t<div class=\"elementor-widget-container\">\n\t\t\t\t\t<h2 class=\"elementor-heading-title elementor-size-default\">Fi de la visita<\/h2>\t\t\t\t<\/div>\n\t\t\t\t<\/div>\n\t\t\t\t<div class=\"elementor-element elementor-element-8aa7e5a elementor-widget elementor-widget-menu-anchor\" data-id=\"8aa7e5a\" data-element_type=\"widget\" data-e-type=\"widget\" data-widget_type=\"menu-anchor.default\">\n\t\t\t\t<div class=\"elementor-widget-container\">\n\t\t\t\t\t\t\t<div class=\"elementor-menu-anchor\" id=\"c5623\"><\/div>\n\t\t\t\t\t\t<\/div>\n\t\t\t\t<\/div>\n\t\t\t\t<div class=\"elementor-element elementor-element-4b36b94d elementor-widget elementor-widget-text-editor\" data-id=\"4b36b94d\" data-element_type=\"widget\" data-e-type=\"widget\" data-widget_type=\"text-editor.default\">\n\t\t\t\t<div class=\"elementor-widget-container\">\n\t\t\t\t\t\t\t\t\t<p>Com s&#8217;ha pogut comprovar, nom\u00e9s he recollit un breu passeig per la <strong>ciutat antiga de Salamanca<\/strong>, amb alguns dels elements que formen part del seu conjunt com a <strong>Patrimoni Mundial<\/strong>.<\/p><p>Encara que significatius, els monuments recollits aqu\u00ed representen una petita mostra de tot el llegat hist\u00f2ric que cont\u00e9 la ciutat en el seu conjunt, que s&#8217;est\u00e9n m\u00e9s enll\u00e0 de la ciutat antiga.<\/p><p>Queden moltes joies per visitar, aix\u00ed com tamb\u00e9 falta entrar en els edificis aqu\u00ed presentats que s\u00f3n visitables.<\/p><p>M&#8217;agradaria que aquest <em>Post<\/em> serv\u00eds d&#8217;instrument per motivar la visita del lector a <strong><em>la ciutat plateresca<\/em><\/strong>.<\/p>\t\t\t\t\t\t\t\t<\/div>\n\t\t\t\t<\/div>\n\t\t\t\t<div class=\"elementor-element elementor-element-c1bd9dd elementor-widget elementor-widget-heading\" data-id=\"c1bd9dd\" data-element_type=\"widget\" data-e-type=\"widget\" data-widget_type=\"heading.default\">\n\t\t\t\t<div class=\"elementor-widget-container\">\n\t\t\t\t\t<h2 class=\"elementor-heading-title elementor-size-default\">Bases d\u2019informaci\u00f3<\/h2>\t\t\t\t<\/div>\n\t\t\t\t<\/div>\n\t\t\t\t<div class=\"elementor-element elementor-element-d583e81 elementor-widget elementor-widget-text-editor\" data-id=\"d583e81\" data-element_type=\"widget\" data-e-type=\"widget\" data-widget_type=\"text-editor.default\">\n\t\t\t\t<div class=\"elementor-widget-container\">\n\t\t\t\t\t\t\t\t\t<p><strong>Webs<\/strong><\/p><p><strong>Salamanca<\/strong><\/p><p><a href=\"https:\/\/www.salamanca.es\/es\/\" target=\"_blank\" rel=\"noopener\">ayuntamiento<\/a><\/p><p><a href=\"https:\/\/www.ciudadespatrimonio.org\/publicaciones\/evolucion-urbana\/salamanca.pdf\" target=\"_blank\" rel=\"noopener\">ciudades patrimonio.salamanca<\/a><\/p><p><a href=\"https:\/\/es.wikipedia.org\/wiki\/Salamanca\" target=\"_blank\" rel=\"noopener\">wikipedia<\/a><\/p><p><a href=\"https:\/\/www.salamanca.es\/es\/servicios\/oficina-de-turismo-on-line\/folletos\" target=\"_blank\" rel=\"noopener\">turismodesalamanca.folletos<\/a><\/p><p><a href=\"https:\/\/www.salamanca.es\/es\/propuestas-especiales\/salamanca-en-1-2-y-3-dias\" target=\"_blank\" rel=\"noopener\">turismodesalamanca.propuestas<\/a><\/p><p><a href=\"http:\/\/www.patrimoniocastillayleon.com\/es\/salamanca\" target=\"_blank\" rel=\"noopener\">patrimoniocastillayleon<\/a><\/p><p><a href=\"https:\/\/www.arteguias.com\/salamanca\/guiaciudadsalamanca.htm\" target=\"_blank\" rel=\"noopener\">arteguias<\/a><\/p><p><strong>Ciutat vella de Salamanca<\/strong><\/p><p><a href=\"https:\/\/whc.unesco.org\/en\/list\/381\" target=\"_blank\" rel=\"noopener\">unesco<\/a><\/p><p><a href=\"https:\/\/es.wikipedia.org\/wiki\/Ciudad_vieja_de_Salamanca\" target=\"_blank\" rel=\"noopener\">wikipedia<\/a><\/p><p><a href=\"https:\/\/www.arquitecturayempresa.es\/noticia\/ciudad-vieja-de-salamanca\" target=\"_blank\" rel=\"noopener\">arquitecturayempresa<\/a><\/p><p><a href=\"http:\/\/www.urbanismo.aytosalamanca.es\/es\/planeamientourbanistico\/docs\/PG_TOMO_I_INVENTARIO_BIEN.pdf\" target=\"_blank\" rel=\"noopener\">urbanismo.inventario<\/a><\/p><p><a href=\"https:\/\/www.ciudadespatrimonio.org\/mpublicaciones\/materialDidactico\/SALAMANCA_web.pdf\" target=\"_blank\" rel=\"noopener\">guiadidactica<\/a><\/p>\t\t\t\t\t\t\t\t<\/div>\n\t\t\t\t<\/div>\n\t\t\t\t\t<\/div>\n\t\t<\/div>\n\t\t\t\t\t<\/div>\n\t\t<\/section>\n\t\t\t\t<\/div>\n\t\t","protected":false},"excerpt":{"rendered":"<p>La ciutat vella de Salamanca est\u00e0 considerada &#8220;la ciutat plateresca&#8221;. Declarada ciutat Patrimoni Mundial per la UNESCO. Rom\u00e0nic, g\u00f2tic, renaixement, plateresc i barroc, omple els seus carrers, on destaca la &#8230; <a title=\"Un passeig per la ciutat vella de Salamanca\" class=\"read-more\" href=\"https:\/\/www.elturistatranquil.com\/ca\/un-passeig-per-la-ciutat-vella-de-salamanca\/\" aria-label=\"M\u00e9s informaci\u00f3 sobre Un passeig per la ciutat vella de Salamanca\">[ &#8230; ]<\/a><\/p>\n","protected":false},"author":1,"featured_media":31870,"comment_status":"open","ping_status":"closed","sticky":false,"template":"","format":"standard","meta":{"footnotes":""},"categories":[70,72,74,76,77,79,145,82,83,90,172,208,100,101,104,133,139,106],"tags":[],"class_list":["post-31869","post","type-post","status-publish","format-standard","has-post-thumbnail","hentry","category-arquitectura-civil-ca","category-arquitectura-religiosa-ca","category-barroc","category-ciutat","category-conjunts-historics","category-cultura-urbana-ca","category-edat-mitjana","category-gotic","category-historia-ca","category-monestirs-catedrals","category-neoclassic","category-patrimoni-mundial","category-pobles-i-ciutats-amb-interes","category-renaixement","category-preromanic-ca","category-salamanca-ca","category-segle-xvi-xvii","category-segle-xviii-xix","infinite-scroll-item","generate-columns","tablet-grid-50","mobile-grid-100","grid-parent","grid-50","no-featured-image-padding"],"yoast_head":"<!-- This site is optimized with the Yoast SEO plugin v27.4 - https:\/\/yoast.com\/product\/yoast-seo-wordpress\/ -->\n<title>Un passeig per la ciutat vella de Salamanca - El turista tranquil<\/title>\n<meta name=\"description\" content=\"La ciutat vella de Salamanca est\u00e0 considerada &quot;la ciutat plateresca&quot;. Declarada ciutat Patrimoni Mundial per la UNESCO. Rom\u00e0nic, g\u00f2tic, renaixement, plateresc i barroc, omple els seus carrers, on destaca la Pla\u00e7a Major, prototip del churriguerisme.\" \/>\n<meta name=\"robots\" content=\"index, follow, max-snippet:-1, max-image-preview:large, max-video-preview:-1\" \/>\n<link rel=\"canonical\" href=\"https:\/\/www.elturistatranquil.com\/ca\/un-passeig-per-la-ciutat-vella-de-salamanca\/\" \/>\n<meta property=\"og:locale\" content=\"ca_ES\" \/>\n<meta property=\"og:type\" content=\"article\" \/>\n<meta property=\"og:title\" content=\"Un passeig per la ciutat vella de Salamanca - El turista tranquil\" \/>\n<meta property=\"og:description\" content=\"La ciutat vella de Salamanca est\u00e0 considerada &quot;la ciutat plateresca&quot;. Declarada ciutat Patrimoni Mundial per la UNESCO. Rom\u00e0nic, g\u00f2tic, renaixement, plateresc i barroc, omple els seus carrers, on destaca la Pla\u00e7a Major, prototip del churriguerisme.\" \/>\n<meta property=\"og:url\" content=\"https:\/\/www.elturistatranquil.com\/ca\/un-passeig-per-la-ciutat-vella-de-salamanca\/\" \/>\n<meta property=\"og:site_name\" content=\"El turista tranquil\" \/>\n<meta property=\"article:publisher\" content=\"https:\/\/www.facebook.com\/elturistatranquilo\/\" \/>\n<meta property=\"article:published_time\" content=\"2020-08-01T08:07:31+00:00\" \/>\n<meta property=\"article:modified_time\" content=\"2020-08-01T08:20:23+00:00\" \/>\n<meta property=\"og:image\" content=\"https:\/\/www.elturistatranquil.com\/wp-content\/uploads\/z00a-Salamanca.jpg\" \/>\n\t<meta property=\"og:image:width\" content=\"768\" \/>\n\t<meta property=\"og:image:height\" content=\"512\" \/>\n\t<meta property=\"og:image:type\" content=\"image\/jpeg\" \/>\n<meta name=\"author\" content=\"admin\" \/>\n<meta name=\"twitter:card\" content=\"summary_large_image\" \/>\n<meta name=\"twitter:label1\" content=\"Escrit per\" \/>\n\t<meta name=\"twitter:data1\" content=\"admin\" \/>\n\t<meta name=\"twitter:label2\" content=\"Temps estimat de lectura\" \/>\n\t<meta name=\"twitter:data2\" content=\"15 minuts\" \/>\n<script type=\"application\/ld+json\" class=\"yoast-schema-graph\">{\"@context\":\"https:\\\/\\\/schema.org\",\"@graph\":[{\"@type\":\"Article\",\"@id\":\"https:\\\/\\\/www.elturistatranquil.com\\\/ca\\\/un-passeig-per-la-ciutat-vella-de-salamanca\\\/#article\",\"isPartOf\":{\"@id\":\"https:\\\/\\\/www.elturistatranquil.com\\\/ca\\\/un-passeig-per-la-ciutat-vella-de-salamanca\\\/\"},\"author\":{\"name\":\"admin\",\"@id\":\"https:\\\/\\\/www.elturistatranquil.com\\\/ca\\\/#\\\/schema\\\/person\\\/16f607c3079b96ed0c530a52e6b58bb5\"},\"headline\":\"Un passeig per la ciutat vella de Salamanca\",\"datePublished\":\"2020-08-01T08:07:31+00:00\",\"dateModified\":\"2020-08-01T08:20:23+00:00\",\"mainEntityOfPage\":{\"@id\":\"https:\\\/\\\/www.elturistatranquil.com\\\/ca\\\/un-passeig-per-la-ciutat-vella-de-salamanca\\\/\"},\"wordCount\":3236,\"commentCount\":0,\"image\":{\"@id\":\"https:\\\/\\\/www.elturistatranquil.com\\\/ca\\\/un-passeig-per-la-ciutat-vella-de-salamanca\\\/#primaryimage\"},\"thumbnailUrl\":\"https:\\\/\\\/www.elturistatranquil.com\\\/wp-content\\\/uploads\\\/z00a-Salamanca.jpg\",\"articleSection\":[\"Arquitectura civil\",\"Arquitectura religiosa\",\"Barroc\",\"Ciutat\",\"Conjunts hist\u00f2rics\",\"Cultura urbana\",\"Edat mitjana\",\"G\u00f2tic\",\"Hist\u00f2ria\",\"Monestirs, Catedrals\",\"Neocl\u00e0ssic, Romanticisme\",\"Patrimoni mundial\",\"Pobles i ciutats amb inter\u00e9s\",\"Renaixement\",\"Rom\u00e0nic\",\"Salamanca\",\"Segle XVI-XVII\",\"Segle XVIII-XIX\"],\"inLanguage\":\"ca\",\"potentialAction\":[{\"@type\":\"CommentAction\",\"name\":\"Comment\",\"target\":[\"https:\\\/\\\/www.elturistatranquil.com\\\/ca\\\/un-passeig-per-la-ciutat-vella-de-salamanca\\\/#respond\"]}]},{\"@type\":\"WebPage\",\"@id\":\"https:\\\/\\\/www.elturistatranquil.com\\\/ca\\\/un-passeig-per-la-ciutat-vella-de-salamanca\\\/\",\"url\":\"https:\\\/\\\/www.elturistatranquil.com\\\/ca\\\/un-passeig-per-la-ciutat-vella-de-salamanca\\\/\",\"name\":\"Un passeig per la ciutat vella de Salamanca - El turista tranquil\",\"isPartOf\":{\"@id\":\"https:\\\/\\\/www.elturistatranquil.com\\\/ca\\\/#website\"},\"primaryImageOfPage\":{\"@id\":\"https:\\\/\\\/www.elturistatranquil.com\\\/ca\\\/un-passeig-per-la-ciutat-vella-de-salamanca\\\/#primaryimage\"},\"image\":{\"@id\":\"https:\\\/\\\/www.elturistatranquil.com\\\/ca\\\/un-passeig-per-la-ciutat-vella-de-salamanca\\\/#primaryimage\"},\"thumbnailUrl\":\"https:\\\/\\\/www.elturistatranquil.com\\\/wp-content\\\/uploads\\\/z00a-Salamanca.jpg\",\"datePublished\":\"2020-08-01T08:07:31+00:00\",\"dateModified\":\"2020-08-01T08:20:23+00:00\",\"author\":{\"@id\":\"https:\\\/\\\/www.elturistatranquil.com\\\/ca\\\/#\\\/schema\\\/person\\\/16f607c3079b96ed0c530a52e6b58bb5\"},\"description\":\"La ciutat vella de Salamanca est\u00e0 considerada \\\"la ciutat plateresca\\\". Declarada ciutat Patrimoni Mundial per la UNESCO. Rom\u00e0nic, g\u00f2tic, renaixement, plateresc i barroc, omple els seus carrers, on destaca la Pla\u00e7a Major, prototip del churriguerisme.\",\"breadcrumb\":{\"@id\":\"https:\\\/\\\/www.elturistatranquil.com\\\/ca\\\/un-passeig-per-la-ciutat-vella-de-salamanca\\\/#breadcrumb\"},\"inLanguage\":\"ca\",\"potentialAction\":[{\"@type\":\"ReadAction\",\"target\":[\"https:\\\/\\\/www.elturistatranquil.com\\\/ca\\\/un-passeig-per-la-ciutat-vella-de-salamanca\\\/\"]}]},{\"@type\":\"ImageObject\",\"inLanguage\":\"ca\",\"@id\":\"https:\\\/\\\/www.elturistatranquil.com\\\/ca\\\/un-passeig-per-la-ciutat-vella-de-salamanca\\\/#primaryimage\",\"url\":\"https:\\\/\\\/www.elturistatranquil.com\\\/wp-content\\\/uploads\\\/z00a-Salamanca.jpg\",\"contentUrl\":\"https:\\\/\\\/www.elturistatranquil.com\\\/wp-content\\\/uploads\\\/z00a-Salamanca.jpg\",\"width\":768,\"height\":512,\"caption\":\"Salamanca, Ayuntamiento\"},{\"@type\":\"BreadcrumbList\",\"@id\":\"https:\\\/\\\/www.elturistatranquil.com\\\/ca\\\/un-passeig-per-la-ciutat-vella-de-salamanca\\\/#breadcrumb\",\"itemListElement\":[{\"@type\":\"ListItem\",\"position\":1,\"name\":\"Portada\",\"item\":\"https:\\\/\\\/www.elturistatranquil.com\\\/ca\\\/\"},{\"@type\":\"ListItem\",\"position\":2,\"name\":\"Un passeig per la ciutat vella de Salamanca\"}]},{\"@type\":\"WebSite\",\"@id\":\"https:\\\/\\\/www.elturistatranquil.com\\\/ca\\\/#website\",\"url\":\"https:\\\/\\\/www.elturistatranquil.com\\\/ca\\\/\",\"name\":\"El turista tranquil\",\"description\":\"Blog de viatges\",\"potentialAction\":[{\"@type\":\"SearchAction\",\"target\":{\"@type\":\"EntryPoint\",\"urlTemplate\":\"https:\\\/\\\/www.elturistatranquil.com\\\/ca\\\/?s={search_term_string}\"},\"query-input\":{\"@type\":\"PropertyValueSpecification\",\"valueRequired\":true,\"valueName\":\"search_term_string\"}}],\"inLanguage\":\"ca\"},{\"@type\":\"Person\",\"@id\":\"https:\\\/\\\/www.elturistatranquil.com\\\/ca\\\/#\\\/schema\\\/person\\\/16f607c3079b96ed0c530a52e6b58bb5\",\"name\":\"admin\",\"image\":{\"@type\":\"ImageObject\",\"inLanguage\":\"ca\",\"@id\":\"https:\\\/\\\/secure.gravatar.com\\\/avatar\\\/1fbaf22aee75fcbb29a2f97b107f95d25d3a19b7c3416105be10269872673e8d?s=96&d=mm&r=g\",\"url\":\"https:\\\/\\\/secure.gravatar.com\\\/avatar\\\/1fbaf22aee75fcbb29a2f97b107f95d25d3a19b7c3416105be10269872673e8d?s=96&d=mm&r=g\",\"contentUrl\":\"https:\\\/\\\/secure.gravatar.com\\\/avatar\\\/1fbaf22aee75fcbb29a2f97b107f95d25d3a19b7c3416105be10269872673e8d?s=96&d=mm&r=g\",\"caption\":\"admin\"}}]}<\/script>\n<!-- \/ Yoast SEO plugin. -->","yoast_head_json":{"title":"Un passeig per la ciutat vella de Salamanca - El turista tranquil","description":"La ciutat vella de Salamanca est\u00e0 considerada \"la ciutat plateresca\". Declarada ciutat Patrimoni Mundial per la UNESCO. Rom\u00e0nic, g\u00f2tic, renaixement, plateresc i barroc, omple els seus carrers, on destaca la Pla\u00e7a Major, prototip del churriguerisme.","robots":{"index":"index","follow":"follow","max-snippet":"max-snippet:-1","max-image-preview":"max-image-preview:large","max-video-preview":"max-video-preview:-1"},"canonical":"https:\/\/www.elturistatranquil.com\/ca\/un-passeig-per-la-ciutat-vella-de-salamanca\/","og_locale":"ca_ES","og_type":"article","og_title":"Un passeig per la ciutat vella de Salamanca - El turista tranquil","og_description":"La ciutat vella de Salamanca est\u00e0 considerada \"la ciutat plateresca\". Declarada ciutat Patrimoni Mundial per la UNESCO. Rom\u00e0nic, g\u00f2tic, renaixement, plateresc i barroc, omple els seus carrers, on destaca la Pla\u00e7a Major, prototip del churriguerisme.","og_url":"https:\/\/www.elturistatranquil.com\/ca\/un-passeig-per-la-ciutat-vella-de-salamanca\/","og_site_name":"El turista tranquil","article_publisher":"https:\/\/www.facebook.com\/elturistatranquilo\/","article_published_time":"2020-08-01T08:07:31+00:00","article_modified_time":"2020-08-01T08:20:23+00:00","og_image":[{"width":768,"height":512,"url":"https:\/\/www.elturistatranquil.com\/wp-content\/uploads\/z00a-Salamanca.jpg","type":"image\/jpeg"}],"author":"admin","twitter_card":"summary_large_image","twitter_misc":{"Escrit per":"admin","Temps estimat de lectura":"15 minuts"},"schema":{"@context":"https:\/\/schema.org","@graph":[{"@type":"Article","@id":"https:\/\/www.elturistatranquil.com\/ca\/un-passeig-per-la-ciutat-vella-de-salamanca\/#article","isPartOf":{"@id":"https:\/\/www.elturistatranquil.com\/ca\/un-passeig-per-la-ciutat-vella-de-salamanca\/"},"author":{"name":"admin","@id":"https:\/\/www.elturistatranquil.com\/ca\/#\/schema\/person\/16f607c3079b96ed0c530a52e6b58bb5"},"headline":"Un passeig per la ciutat vella de Salamanca","datePublished":"2020-08-01T08:07:31+00:00","dateModified":"2020-08-01T08:20:23+00:00","mainEntityOfPage":{"@id":"https:\/\/www.elturistatranquil.com\/ca\/un-passeig-per-la-ciutat-vella-de-salamanca\/"},"wordCount":3236,"commentCount":0,"image":{"@id":"https:\/\/www.elturistatranquil.com\/ca\/un-passeig-per-la-ciutat-vella-de-salamanca\/#primaryimage"},"thumbnailUrl":"https:\/\/www.elturistatranquil.com\/wp-content\/uploads\/z00a-Salamanca.jpg","articleSection":["Arquitectura civil","Arquitectura religiosa","Barroc","Ciutat","Conjunts hist\u00f2rics","Cultura urbana","Edat mitjana","G\u00f2tic","Hist\u00f2ria","Monestirs, Catedrals","Neocl\u00e0ssic, Romanticisme","Patrimoni mundial","Pobles i ciutats amb inter\u00e9s","Renaixement","Rom\u00e0nic","Salamanca","Segle XVI-XVII","Segle XVIII-XIX"],"inLanguage":"ca","potentialAction":[{"@type":"CommentAction","name":"Comment","target":["https:\/\/www.elturistatranquil.com\/ca\/un-passeig-per-la-ciutat-vella-de-salamanca\/#respond"]}]},{"@type":"WebPage","@id":"https:\/\/www.elturistatranquil.com\/ca\/un-passeig-per-la-ciutat-vella-de-salamanca\/","url":"https:\/\/www.elturistatranquil.com\/ca\/un-passeig-per-la-ciutat-vella-de-salamanca\/","name":"Un passeig per la ciutat vella de Salamanca - El turista tranquil","isPartOf":{"@id":"https:\/\/www.elturistatranquil.com\/ca\/#website"},"primaryImageOfPage":{"@id":"https:\/\/www.elturistatranquil.com\/ca\/un-passeig-per-la-ciutat-vella-de-salamanca\/#primaryimage"},"image":{"@id":"https:\/\/www.elturistatranquil.com\/ca\/un-passeig-per-la-ciutat-vella-de-salamanca\/#primaryimage"},"thumbnailUrl":"https:\/\/www.elturistatranquil.com\/wp-content\/uploads\/z00a-Salamanca.jpg","datePublished":"2020-08-01T08:07:31+00:00","dateModified":"2020-08-01T08:20:23+00:00","author":{"@id":"https:\/\/www.elturistatranquil.com\/ca\/#\/schema\/person\/16f607c3079b96ed0c530a52e6b58bb5"},"description":"La ciutat vella de Salamanca est\u00e0 considerada \"la ciutat plateresca\". Declarada ciutat Patrimoni Mundial per la UNESCO. Rom\u00e0nic, g\u00f2tic, renaixement, plateresc i barroc, omple els seus carrers, on destaca la Pla\u00e7a Major, prototip del churriguerisme.","breadcrumb":{"@id":"https:\/\/www.elturistatranquil.com\/ca\/un-passeig-per-la-ciutat-vella-de-salamanca\/#breadcrumb"},"inLanguage":"ca","potentialAction":[{"@type":"ReadAction","target":["https:\/\/www.elturistatranquil.com\/ca\/un-passeig-per-la-ciutat-vella-de-salamanca\/"]}]},{"@type":"ImageObject","inLanguage":"ca","@id":"https:\/\/www.elturistatranquil.com\/ca\/un-passeig-per-la-ciutat-vella-de-salamanca\/#primaryimage","url":"https:\/\/www.elturistatranquil.com\/wp-content\/uploads\/z00a-Salamanca.jpg","contentUrl":"https:\/\/www.elturistatranquil.com\/wp-content\/uploads\/z00a-Salamanca.jpg","width":768,"height":512,"caption":"Salamanca, Ayuntamiento"},{"@type":"BreadcrumbList","@id":"https:\/\/www.elturistatranquil.com\/ca\/un-passeig-per-la-ciutat-vella-de-salamanca\/#breadcrumb","itemListElement":[{"@type":"ListItem","position":1,"name":"Portada","item":"https:\/\/www.elturistatranquil.com\/ca\/"},{"@type":"ListItem","position":2,"name":"Un passeig per la ciutat vella de Salamanca"}]},{"@type":"WebSite","@id":"https:\/\/www.elturistatranquil.com\/ca\/#website","url":"https:\/\/www.elturistatranquil.com\/ca\/","name":"El turista tranquil","description":"Blog de viatges","potentialAction":[{"@type":"SearchAction","target":{"@type":"EntryPoint","urlTemplate":"https:\/\/www.elturistatranquil.com\/ca\/?s={search_term_string}"},"query-input":{"@type":"PropertyValueSpecification","valueRequired":true,"valueName":"search_term_string"}}],"inLanguage":"ca"},{"@type":"Person","@id":"https:\/\/www.elturistatranquil.com\/ca\/#\/schema\/person\/16f607c3079b96ed0c530a52e6b58bb5","name":"admin","image":{"@type":"ImageObject","inLanguage":"ca","@id":"https:\/\/secure.gravatar.com\/avatar\/1fbaf22aee75fcbb29a2f97b107f95d25d3a19b7c3416105be10269872673e8d?s=96&d=mm&r=g","url":"https:\/\/secure.gravatar.com\/avatar\/1fbaf22aee75fcbb29a2f97b107f95d25d3a19b7c3416105be10269872673e8d?s=96&d=mm&r=g","contentUrl":"https:\/\/secure.gravatar.com\/avatar\/1fbaf22aee75fcbb29a2f97b107f95d25d3a19b7c3416105be10269872673e8d?s=96&d=mm&r=g","caption":"admin"}}]}},"_links":{"self":[{"href":"https:\/\/www.elturistatranquil.com\/ca\/wp-json\/wp\/v2\/posts\/31869","targetHints":{"allow":["GET"]}}],"collection":[{"href":"https:\/\/www.elturistatranquil.com\/ca\/wp-json\/wp\/v2\/posts"}],"about":[{"href":"https:\/\/www.elturistatranquil.com\/ca\/wp-json\/wp\/v2\/types\/post"}],"author":[{"embeddable":true,"href":"https:\/\/www.elturistatranquil.com\/ca\/wp-json\/wp\/v2\/users\/1"}],"replies":[{"embeddable":true,"href":"https:\/\/www.elturistatranquil.com\/ca\/wp-json\/wp\/v2\/comments?post=31869"}],"version-history":[{"count":5,"href":"https:\/\/www.elturistatranquil.com\/ca\/wp-json\/wp\/v2\/posts\/31869\/revisions"}],"predecessor-version":[{"id":32074,"href":"https:\/\/www.elturistatranquil.com\/ca\/wp-json\/wp\/v2\/posts\/31869\/revisions\/32074"}],"wp:featuredmedia":[{"embeddable":true,"href":"https:\/\/www.elturistatranquil.com\/ca\/wp-json\/wp\/v2\/media\/31870"}],"wp:attachment":[{"href":"https:\/\/www.elturistatranquil.com\/ca\/wp-json\/wp\/v2\/media?parent=31869"}],"wp:term":[{"taxonomy":"category","embeddable":true,"href":"https:\/\/www.elturistatranquil.com\/ca\/wp-json\/wp\/v2\/categories?post=31869"},{"taxonomy":"post_tag","embeddable":true,"href":"https:\/\/www.elturistatranquil.com\/ca\/wp-json\/wp\/v2\/tags?post=31869"}],"curies":[{"name":"wp","href":"https:\/\/api.w.org\/{rel}","templated":true}]}}