{"id":32026,"date":"2020-08-29T10:10:29","date_gmt":"2020-08-29T08:10:29","guid":{"rendered":"https:\/\/www.elturistatranquil.com\/?p=32026"},"modified":"2020-08-29T10:20:58","modified_gmt":"2020-08-29T08:20:58","slug":"sagaro-girona","status":"publish","type":"post","link":"https:\/\/www.elturistatranquil.com\/ca\/sagaro-girona\/","title":{"rendered":"S\u2019Agar\u00f3 (Girona)"},"content":{"rendered":"\t\t<div data-elementor-type=\"wp-post\" data-elementor-id=\"32026\" class=\"elementor elementor-32026 elementor-31900\" data-elementor-post-type=\"post\">\n\t\t\t\t\t\t<section class=\"elementor-section elementor-top-section elementor-element elementor-element-340a64a2 elementor-section-boxed elementor-section-height-default elementor-section-height-default\" data-id=\"340a64a2\" data-element_type=\"section\" data-e-type=\"section\">\n\t\t\t\t\t\t<div class=\"elementor-container elementor-column-gap-default\">\n\t\t\t\t\t<div class=\"elementor-column elementor-col-100 elementor-top-column elementor-element elementor-element-621786fc\" data-id=\"621786fc\" data-element_type=\"column\" data-e-type=\"column\">\n\t\t\t<div class=\"elementor-widget-wrap elementor-element-populated\">\n\t\t\t\t\t\t<section class=\"elementor-section elementor-inner-section elementor-element elementor-element-445ea27e elementor-section-content-middle elementor-section-boxed elementor-section-height-default elementor-section-height-default\" data-id=\"445ea27e\" data-element_type=\"section\" data-e-type=\"section\">\n\t\t\t\t\t\t<div class=\"elementor-container elementor-column-gap-default\">\n\t\t\t\t\t<div class=\"elementor-column elementor-col-100 elementor-inner-column elementor-element elementor-element-1d6ea6f2\" data-id=\"1d6ea6f2\" data-element_type=\"column\" data-e-type=\"column\">\n\t\t\t<div class=\"elementor-widget-wrap elementor-element-populated\">\n\t\t\t\t\t\t<div class=\"elementor-element elementor-element-11b37806 elementor-widget elementor-widget-text-editor\" data-id=\"11b37806\" data-element_type=\"widget\" data-e-type=\"widget\" data-widget_type=\"text-editor.default\">\n\t\t\t\t<div class=\"elementor-widget-container\">\n\t\t\t\t\t\t\t\t\t<p>A <em>S&#8217;Agar\u00f3<\/em> (Girona) ens trobem amb una urbanitzaci\u00f3 residencial de platja concebuda fa un segle, amb un criteri arquitect\u00f2nic exclusivament basat en l&#8217;estil noucentista catal\u00e0, que es mant\u00e9 viva.<\/p>\t\t\t\t\t\t\t\t<\/div>\n\t\t\t\t<\/div>\n\t\t\t\t\t<\/div>\n\t\t<\/div>\n\t\t\t\t\t<\/div>\n\t\t<\/section>\n\t\t\t\t<div class=\"elementor-element elementor-element-794e17fa elementor-widget elementor-widget-heading\" data-id=\"794e17fa\" data-element_type=\"widget\" data-e-type=\"widget\" data-widget_type=\"heading.default\">\n\t\t\t\t<div class=\"elementor-widget-container\">\n\t\t\t\t\t<h1 class=\"elementor-heading-title elementor-size-default\">S\u2019Agar\u00f3 (Girona)<\/h1>\t\t\t\t<\/div>\n\t\t\t\t<\/div>\n\t\t\t\t\t<\/div>\n\t\t<\/div>\n\t\t\t\t\t<\/div>\n\t\t<\/section>\n\t\t\t\t<section class=\"elementor-section elementor-top-section elementor-element elementor-element-4537065f elementor-section-boxed elementor-section-height-default elementor-section-height-default\" data-id=\"4537065f\" data-element_type=\"section\" data-e-type=\"section\">\n\t\t\t\t\t\t<div class=\"elementor-container elementor-column-gap-default\">\n\t\t\t\t\t<div class=\"elementor-column elementor-col-100 elementor-top-column elementor-element elementor-element-1ceea6bb\" data-id=\"1ceea6bb\" data-element_type=\"column\" data-e-type=\"column\">\n\t\t\t<div class=\"elementor-widget-wrap elementor-element-populated\">\n\t\t\t\t\t\t<div class=\"elementor-element elementor-element-194d69c7 elementor-widget elementor-widget-image\" data-id=\"194d69c7\" data-element_type=\"widget\" data-e-type=\"widget\" data-widget_type=\"image.default\">\n\t\t\t\t<div class=\"elementor-widget-container\">\n\t\t\t\t\t\t\t\t\t\t\t\t<figure class=\"wp-caption\">\n\t\t\t\t\t\t\t\t\t\t<img fetchpriority=\"high\" decoding=\"async\" width=\"768\" height=\"512\" src=\"https:\/\/www.elturistatranquil.com\/wp-content\/uploads\/F01-SAgaro-Google-earth-2020-07-10.jpg\" class=\"attachment-large size-large wp-image-31917\" alt=\"S&#039;Agaro (Google earth 2020-07-10)\" srcset=\"https:\/\/www.elturistatranquil.com\/wp-content\/uploads\/F01-SAgaro-Google-earth-2020-07-10.jpg 768w, https:\/\/www.elturistatranquil.com\/wp-content\/uploads\/F01-SAgaro-Google-earth-2020-07-10-339x226.jpg 339w\" sizes=\"(max-width: 768px) 100vw, 768px\" \/>\t\t\t\t\t\t\t\t\t\t\t<figcaption class=\"widget-image-caption wp-caption-text\">S'Agar\u00f3 (Google earth 2020-07-10)<\/figcaption>\n\t\t\t\t\t\t\t\t\t\t<\/figure>\n\t\t\t\t\t\t\t\t\t<\/div>\n\t\t\t\t<\/div>\n\t\t\t\t<div class=\"elementor-element elementor-element-67bd612a elementor-widget elementor-widget-spacer\" data-id=\"67bd612a\" data-element_type=\"widget\" data-e-type=\"widget\" data-widget_type=\"spacer.default\">\n\t\t\t\t<div class=\"elementor-widget-container\">\n\t\t\t\t\t\t\t<div class=\"elementor-spacer\">\n\t\t\t<div class=\"elementor-spacer-inner\"><\/div>\n\t\t<\/div>\n\t\t\t\t\t\t<\/div>\n\t\t\t\t<\/div>\n\t\t\t\t<div class=\"elementor-element elementor-element-430e4040 elementor-widget elementor-widget-heading\" data-id=\"430e4040\" data-element_type=\"widget\" data-e-type=\"widget\" data-widget_type=\"heading.default\">\n\t\t\t\t<div class=\"elementor-widget-container\">\n\t\t\t\t\t<h2 class=\"elementor-heading-title elementor-size-default\">S\u2019Agar\u00f3. Baix Empord\u00e0. Girona<\/h2>\t\t\t\t<\/div>\n\t\t\t\t<\/div>\n\t\t\t\t<section class=\"elementor-section elementor-inner-section elementor-element elementor-element-53dc3757 elementor-section-boxed elementor-section-height-default elementor-section-height-default\" data-id=\"53dc3757\" data-element_type=\"section\" data-e-type=\"section\" data-settings=\"{&quot;background_background&quot;:&quot;classic&quot;}\">\n\t\t\t\t\t\t\t<div class=\"elementor-background-overlay\"><\/div>\n\t\t\t\t\t\t\t<div class=\"elementor-container elementor-column-gap-default\">\n\t\t\t\t\t<div class=\"elementor-column elementor-col-100 elementor-inner-column elementor-element elementor-element-313c6616\" data-id=\"313c6616\" data-element_type=\"column\" data-e-type=\"column\" data-settings=\"{&quot;background_background&quot;:&quot;classic&quot;}\">\n\t\t\t<div class=\"elementor-widget-wrap elementor-element-populated\">\n\t\t\t\t\t\t<div class=\"elementor-element elementor-element-4ed75c28 elementor-widget elementor-widget-text-editor\" data-id=\"4ed75c28\" data-element_type=\"widget\" data-e-type=\"widget\" data-widget_type=\"text-editor.default\">\n\t\t\t\t<div class=\"elementor-widget-container\">\n\t\t\t\t\t\t\t\t\t<p>Municipi: Castell-Platja d\u2019Aro.\u00a0 Comarca: Baix Empord\u00e0. Prov\u00edncia: Girona. Com. Aut\u00f2noma: Catalunya<\/p><p>Coordenades: 41\u00b047\u203237\u2033N 3\u00b003\u203229\u2033E<\/p><p><em>B\u00e9 d\u2019Inter\u00e8s Cultural. Conjunt Hist\u00f2ric<\/em>, 1995<\/p><p>Darrera visita: 2019<\/p>\t\t\t\t\t\t\t\t<\/div>\n\t\t\t\t<\/div>\n\t\t\t\t\t<\/div>\n\t\t<\/div>\n\t\t\t\t\t<\/div>\n\t\t<\/section>\n\t\t\t\t<div class=\"elementor-element elementor-element-2b0df40d elementor-widget elementor-widget-image\" data-id=\"2b0df40d\" data-element_type=\"widget\" data-e-type=\"widget\" data-widget_type=\"image.default\">\n\t\t\t\t<div class=\"elementor-widget-container\">\n\t\t\t\t\t\t\t\t\t\t\t\t<figure class=\"wp-caption\">\n\t\t\t\t\t\t\t\t\t\t<img decoding=\"async\" width=\"768\" height=\"513\" src=\"https:\/\/www.elturistatranquil.com\/wp-content\/uploads\/F02es-SAgaro-Google-maps-2020-07-10.jpg\" class=\"attachment-medium_large size-medium_large wp-image-31919\" alt=\"S&#039;Agaro (Google maps 2020-07-10)\" srcset=\"https:\/\/www.elturistatranquil.com\/wp-content\/uploads\/F02es-SAgaro-Google-maps-2020-07-10.jpg 768w, https:\/\/www.elturistatranquil.com\/wp-content\/uploads\/F02es-SAgaro-Google-maps-2020-07-10-339x226.jpg 339w\" sizes=\"(max-width: 768px) 100vw, 768px\" \/>\t\t\t\t\t\t\t\t\t\t\t<figcaption class=\"widget-image-caption wp-caption-text\">Mapa de situaci\u00f3 de S'Agar\u00f3 (Google maps 2020-07-10)<\/figcaption>\n\t\t\t\t\t\t\t\t\t\t<\/figure>\n\t\t\t\t\t\t\t\t\t<\/div>\n\t\t\t\t<\/div>\n\t\t\t\t<section class=\"elementor-section elementor-inner-section elementor-element elementor-element-4a1f1a0f elementor-section-boxed elementor-section-height-default elementor-section-height-default\" data-id=\"4a1f1a0f\" data-element_type=\"section\" data-e-type=\"section\" data-settings=\"{&quot;background_background&quot;:&quot;classic&quot;}\">\n\t\t\t\t\t\t<div class=\"elementor-container elementor-column-gap-default\">\n\t\t\t\t\t<div class=\"elementor-column elementor-col-100 elementor-inner-column elementor-element elementor-element-2dc157b6\" data-id=\"2dc157b6\" data-element_type=\"column\" data-e-type=\"column\">\n\t\t\t<div class=\"elementor-widget-wrap elementor-element-populated\">\n\t\t\t\t\t\t<div class=\"elementor-element elementor-element-5ae074af elementor-widget elementor-widget-text-editor\" data-id=\"5ae074af\" data-element_type=\"widget\" data-e-type=\"widget\" data-widget_type=\"text-editor.default\">\n\t\t\t\t<div class=\"elementor-widget-container\">\n\t\t\t\t\t\t\t\t\t<p style=\"text-align: center;\"><strong>\u00cdndex<\/strong><\/p>\t\t\t\t\t\t\t\t<\/div>\n\t\t\t\t<\/div>\n\t\t\t\t<div class=\"elementor-element elementor-element-59075079 elementor-widget elementor-widget-text-editor\" data-id=\"59075079\" data-element_type=\"widget\" data-e-type=\"widget\" data-widget_type=\"text-editor.default\">\n\t\t\t\t<div class=\"elementor-widget-container\">\n\t\t\t\t\t\t\t\t\t<p><a href=\"https:\/\/www.elturistatranquil.com\/ca\/sagaro-girona\/#b4801\">S\u2019Agar\u00f3. Baix Empord\u00e0. Girona<\/a><\/p><p><a href=\"https:\/\/www.elturistatranquil.com\/ca\/sagaro-girona\/#b4802\">Elecci\u00f3 de la visita<\/a><\/p><p><a href=\"https:\/\/www.elturistatranquil.com\/ca\/sagaro-girona\/#b4803\">S\u2019Agar\u00f3, ciutat-jard\u00ed<\/a><\/p><p style=\"padding-left: 40px;\"><a href=\"https:\/\/www.elturistatranquil.com\/ca\/sagaro-girona\/#b4804\">El model S\u2019Agar\u00f3<\/a><\/p><p><a href=\"https:\/\/www.elturistatranquil.com\/ca\/sagaro-girona\/#b4805\">Imatges de S\u2019Agar\u00f3<\/a><\/p><p style=\"padding-left: 40px;\"><a href=\"https:\/\/www.elturistatranquil.com\/ca\/sagaro-girona\/#b4806\">Entrada a S\u2019Agar\u00f3<\/a><\/p><p style=\"padding-left: 40px;\"><a href=\"https:\/\/www.elturistatranquil.com\/ca\/sagaro-girona\/#b4807\">Mostrari de xalets<\/a><\/p><p style=\"padding-left: 40px;\"><a href=\"https:\/\/www.elturistatranquil.com\/ca\/sagaro-girona\/#b4808\">Esgl\u00e9sia de la Nostra Senyora de l&#8217;Esperan\u00e7a<\/a><\/p><p style=\"padding-left: 40px;\"><a href=\"https:\/\/www.elturistatranquil.com\/ca\/sagaro-girona\/#b4809\">Platja de Sant Pol<\/a><\/p><p><a href=\"https:\/\/www.elturistatranquil.com\/ca\/sagaro-girona\/#b4810\">Fi de la visita<\/a><\/p><p><a href=\"https:\/\/www.elturistatranquil.com\/ca\/sagaro-girona\/#b4811\">Bases d\u2019informaci\u00f3<\/a><\/p>\t\t\t\t\t\t\t\t<\/div>\n\t\t\t\t<\/div>\n\t\t\t\t\t<\/div>\n\t\t<\/div>\n\t\t\t\t\t<\/div>\n\t\t<\/section>\n\t\t\t\t<div class=\"elementor-element elementor-element-2ba91be elementor-widget elementor-widget-spacer\" data-id=\"2ba91be\" data-element_type=\"widget\" data-e-type=\"widget\" data-widget_type=\"spacer.default\">\n\t\t\t\t<div class=\"elementor-widget-container\">\n\t\t\t\t\t\t\t<div class=\"elementor-spacer\">\n\t\t\t<div class=\"elementor-spacer-inner\"><\/div>\n\t\t<\/div>\n\t\t\t\t\t\t<\/div>\n\t\t\t\t<\/div>\n\t\t\t\t<div class=\"elementor-element elementor-element-439e8b3b elementor-widget elementor-widget-menu-anchor\" data-id=\"439e8b3b\" data-element_type=\"widget\" data-e-type=\"widget\" data-widget_type=\"menu-anchor.default\">\n\t\t\t\t<div class=\"elementor-widget-container\">\n\t\t\t\t\t\t\t<div class=\"elementor-menu-anchor\" id=\"b4801\"><\/div>\n\t\t\t\t\t\t<\/div>\n\t\t\t\t<\/div>\n\t\t\t\t<div class=\"elementor-element elementor-element-446cb5f6 elementor-widget elementor-widget-spacer\" data-id=\"446cb5f6\" data-element_type=\"widget\" data-e-type=\"widget\" data-widget_type=\"spacer.default\">\n\t\t\t\t<div class=\"elementor-widget-container\">\n\t\t\t\t\t\t\t<div class=\"elementor-spacer\">\n\t\t\t<div class=\"elementor-spacer-inner\"><\/div>\n\t\t<\/div>\n\t\t\t\t\t\t<\/div>\n\t\t\t\t<\/div>\n\t\t\t\t<div class=\"elementor-element elementor-element-85313d elementor-widget elementor-widget-heading\" data-id=\"85313d\" data-element_type=\"widget\" data-e-type=\"widget\" data-widget_type=\"heading.default\">\n\t\t\t\t<div class=\"elementor-widget-container\">\n\t\t\t\t\t<h2 class=\"elementor-heading-title elementor-size-default\">S\u2019Agar\u00f3. Baix Empord\u00e0. Girona<\/h2>\t\t\t\t<\/div>\n\t\t\t\t<\/div>\n\t\t\t\t<div class=\"elementor-element elementor-element-53d9566 elementor-widget elementor-widget-menu-anchor\" data-id=\"53d9566\" data-element_type=\"widget\" data-e-type=\"widget\" data-widget_type=\"menu-anchor.default\">\n\t\t\t\t<div class=\"elementor-widget-container\">\n\t\t\t\t\t\t\t<div class=\"elementor-menu-anchor\" id=\"b4802\"><\/div>\n\t\t\t\t\t\t<\/div>\n\t\t\t\t<\/div>\n\t\t\t\t<div class=\"elementor-element elementor-element-3212f8ec elementor-widget elementor-widget-text-editor\" data-id=\"3212f8ec\" data-element_type=\"widget\" data-e-type=\"widget\" data-widget_type=\"text-editor.default\">\n\t\t\t\t<div class=\"elementor-widget-container\">\n\t\t\t\t\t\t\t\t\t<p>Des del <a href=\"https:\/\/www.elturistatranquil.com\/ca\/casamar-hotel-restaurant-costa-brava\/\" target=\"_blank\" rel=\"noopener\"><strong>Hotel-Restaurant Casamar<\/strong><\/a> tenim la possibilitat d\u2019acostar-nos a <strong>S\u2019Agar\u00f3<\/strong>, una de les urbanitzacions residencials d\u2019estiueig m\u00e9s exclusives de la Costa Brava, en menys de mitja hora (25 km).<\/p><p>Aquesta sortida podria ser complementada, per exemple, amb la visita a Platja d\u2019Aro i\/o Sant Feliu de Gu\u00edxols.<\/p>\t\t\t\t\t\t\t\t<\/div>\n\t\t\t\t<\/div>\n\t\t\t\t<div class=\"elementor-element elementor-element-771e54e9 elementor-widget elementor-widget-heading\" data-id=\"771e54e9\" data-element_type=\"widget\" data-e-type=\"widget\" data-widget_type=\"heading.default\">\n\t\t\t\t<div class=\"elementor-widget-container\">\n\t\t\t\t\t<h2 class=\"elementor-heading-title elementor-size-default\">Elecci\u00f3 de la visita<\/h2>\t\t\t\t<\/div>\n\t\t\t\t<\/div>\n\t\t\t\t<div class=\"elementor-element elementor-element-5325edf elementor-widget elementor-widget-text-editor\" data-id=\"5325edf\" data-element_type=\"widget\" data-e-type=\"widget\" data-widget_type=\"text-editor.default\">\n\t\t\t\t<div class=\"elementor-widget-container\">\n\t\t\t\t\t\t\t\t\t<p>Em sembla interessant presentar <strong>S\u2019Agar\u00f3<\/strong>, una urbanitzaci\u00f3 residencial secundaria privada, quasi centen\u00e0ria (la primera edificaci\u00f3 \u00e9s de 1924), que per les seves caracter\u00edstiques \u00e9s probablement \u00fanica a Espanya.<\/p><p>El que la fa singular \u00e9s que, seguint el model de ciutat-jard\u00ed, totes les seves edificacions, promogudes particularment per cada propietari amb arquitectes que podien ser diferents, haguessin de seguir un \u00fanic estil arquitect\u00f2nic <em>noucentista<\/em> i unes condicions urban\u00edstiques, establertes \u00a0sota contracte, pel promotor, el Sr. Josep Ensesa i Gubert juntament amb l\u2019arquitecte Rafael Mas\u00f3 i Valent\u00ed. Aquestes condicions es transferien notarialment als futurs propietaris.<\/p><p>El que li dona la singularitat \u00e9s que pr\u00e0cticament totes les construccions mantenen aquest estil. De fet, quasi totes s\u00f3n originals, i les reformes que si han fet han mantingut l\u2019est\u00e8tica noucentista. En la visita nom\u00e9s he visualitzat una mansi\u00f3 d\u2019estil m\u00e9s actual.<\/p><p>Va ser una de les primeres zones residencials de la Costa Brava i l&#8217;\u00fanica que ha conservat una unitat d&#8217;estil. Malgrat que el conjunt, diuen, que ha sofert transformacions, fins i tot que part de l\u2019obra de Mas\u00f3 ha desaparegut o s&#8217;ha modificat.<\/p>\t\t\t\t\t\t\t\t<\/div>\n\t\t\t\t<\/div>\n\t\t\t\t<div class=\"elementor-element elementor-element-72da95b elementor-widget elementor-widget-menu-anchor\" data-id=\"72da95b\" data-element_type=\"widget\" data-e-type=\"widget\" data-widget_type=\"menu-anchor.default\">\n\t\t\t\t<div class=\"elementor-widget-container\">\n\t\t\t\t\t\t\t<div class=\"elementor-menu-anchor\" id=\"b4803\"><\/div>\n\t\t\t\t\t\t<\/div>\n\t\t\t\t<\/div>\n\t\t\t\t<div class=\"elementor-element elementor-element-d29b411 elementor-widget elementor-widget-heading\" data-id=\"d29b411\" data-element_type=\"widget\" data-e-type=\"widget\" data-widget_type=\"heading.default\">\n\t\t\t\t<div class=\"elementor-widget-container\">\n\t\t\t\t\t<h2 class=\"elementor-heading-title elementor-size-default\">S\u2019Agar\u00f3, ciutat-jard\u00ed<\/h2>\t\t\t\t<\/div>\n\t\t\t\t<\/div>\n\t\t\t\t<div class=\"elementor-element elementor-element-83da547 elementor-widget elementor-widget-text-editor\" data-id=\"83da547\" data-element_type=\"widget\" data-e-type=\"widget\" data-widget_type=\"text-editor.default\">\n\t\t\t\t<div class=\"elementor-widget-container\">\n\t\t\t\t\t\t\t\t\t<p><strong>S\u2019Agar\u00f3<\/strong> es tracta d\u2019una urbanitzaci\u00f3 de segona residencia a la Costa Brava que, pel que acabo d\u2019assenyalar, \u00e9s un model en tot el litoral catal\u00e0, tant pels seus or\u00edgens i per la seva concepci\u00f3 i realitzaci\u00f3, com per la conservaci\u00f3 actual. Els principis fundacionals de la urbanitzaci\u00f3 eren: exclusivitat, privacitat y tranquil\u00b7litat.<\/p><p>Ens hem de remuntar a principis del segle XX, a l\u2019any 1923, quan l\u2019empresari giron\u00ed <em>Josep Ensesa i Gubert<\/em> va plantejar la idea de construir la seva casa d\u2019estiueig a una rocalla sortint entre les platges de Sant Pol i Sa Conca, que limitaven amb la localitat de Sant Feliu de Gu\u00edxols al sud i l\u2019actual Platja d\u2019Aro, al nord, -que en aquell moment eren uns aiguamolls-. Josep Ensesa i Gubert havia persuadit al seu pare, Josep Ensesa i Pujades, perqu\u00e8 adquir\u00eds els terrenys a canvi d&#8217;un deute, l\u2019any 1916.<\/p><p>Eren un terrenys rocosos agr\u00edcoles i ramaders, on predominava la vinya. Com que aquells terrenys no tenien un nom, la fam\u00edlia va triar anomenar-los com el rierol Agar\u00f3 (o El Gar\u00f3) que discorria per all\u00ed.<\/p><p>Amb la influ\u00e8ncia de l\u2019arquitecte <em>Rafael Mas\u00f3 i Valent\u00ed<\/em>, col\u00b7laborador i amic dels Ensesa, la idea es va transformar en un projecte d\u2019urbanitzaci\u00f3 residencial, per a la qual cosa va anar ampliant la compra de terrenys circumdants.<\/p><p>En paraules d&#8217;<a href=\"https:\/\/dugi-doc.udg.edu\/bitstream\/handle\/10256\/15794\/CampsQuerArnau_Treball.pdf?sequence=1&amp;fbclid=IwAR1mBya-fHXmubHnfs2ozIt8cmKFyVQACbrhN8KB19vpzk99Lf_X7cbO23c\" target=\"_blank\" rel=\"noopener\">Ensesa i Pujades<\/a>:\u00a0\u201c<em>Es tracta de convertir tot aquest tros de muntanya, que tindr\u00e0 uns 75.000 metres quadrats, en un vast suburbi-jard\u00ed, puix 20.000 metres penso anar-los convertint en parterres, replans florits, roserars, etc. L\u2019arquitecte senyor Rafael Mas\u00f3 ho t\u00e9 ja tot planejat.<\/em>\u201d (p. 43)<\/p><p>La primera construcci\u00f3 de S\u2019Agar\u00f3 va ser l\u2019edifici la \u201cSenya Blanca\u201d, xalet propietat d\u2019Ensesa i Gubert, que es va inaugurar el 1924. Quatre anys m\u00e9s tard, el 1928, el projecte de S\u2019Agar\u00f3 com a urbanitzaci\u00f3 tur\u00edstica ja havia anat prenent forma. No nom\u00e9s prosperaren les edificacions, sin\u00f3 que tamb\u00e9 ho va fer l\u2019entorn de S\u2019Agar\u00f3: carrers, places, jardins i miradors.<\/p><p>L\u2019any 1932 s\u2019inaugur\u00e0 l\u2019Hostal de la Gavina amb 11 habitacions, ampliat posteriorment fins a 74. Tamb\u00e9 es va preveure la construcci\u00f3 d\u2019una Escola-internat, que va comen\u00e7ar a funcionar el curs 1935-1936, per\u00f2 que la Guerra va impedir que continu\u00e9s. Actualment s\u2019hi localitza l\u2019Hotel S\u2019Agar\u00f3.<\/p>\t\t\t\t\t\t\t\t<\/div>\n\t\t\t\t<\/div>\n\t\t\t\t<div class=\"elementor-element elementor-element-f49208f elementor-widget elementor-widget-menu-anchor\" data-id=\"f49208f\" data-element_type=\"widget\" data-e-type=\"widget\" data-widget_type=\"menu-anchor.default\">\n\t\t\t\t<div class=\"elementor-widget-container\">\n\t\t\t\t\t\t\t<div class=\"elementor-menu-anchor\" id=\"b4804\"><\/div>\n\t\t\t\t\t\t<\/div>\n\t\t\t\t<\/div>\n\t\t\t\t<div class=\"elementor-element elementor-element-161c40e4 elementor-widget elementor-widget-heading\" data-id=\"161c40e4\" data-element_type=\"widget\" data-e-type=\"widget\" data-widget_type=\"heading.default\">\n\t\t\t\t<div class=\"elementor-widget-container\">\n\t\t\t\t\t<h3 class=\"elementor-heading-title elementor-size-default\">El model S\u2019Agar\u00f3<\/h3>\t\t\t\t<\/div>\n\t\t\t\t<\/div>\n\t\t\t\t<div class=\"elementor-element elementor-element-37874a6 elementor-widget elementor-widget-text-editor\" data-id=\"37874a6\" data-element_type=\"widget\" data-e-type=\"widget\" data-widget_type=\"text-editor.default\">\n\t\t\t\t<div class=\"elementor-widget-container\">\n\t\t\t\t\t\t\t\t\t<p>S\u2019Agar\u00f3 \u00e9s va concebre como una urbanitzaci\u00f3 privada dins un recinte tancat. El model va ser el de ciutat-jard\u00ed, amb construccions que totes elles devien seguir l\u2019est\u00e8tica noucentista, sota control dels promotors. Els destinataris eren la burgesia selecta de Barcelona i Girona. Els condicionants est\u00e8tics culturalistes volien allunyar a certes tipologies de nous rics.<\/p><p>Josep Pla, al llibre <em>Costa Brava<\/em>, ho explica amb claredat: \u201c<em>Es va escollir, primer, el lloc: un terreny obert, llumin\u00f3s, vorejant el mar, amb un paisatge de fons de gran suavitat, de corbes llargues i dolces. Es va resoldre el problema de les comunicacions. Despr\u00e9s es va al\u00e7ar un pla global, molt detallat. Aquest pla va ser declarat inamovible, ja que en cas contrari l&#8217;anarquia burgesa ho hagu\u00e9s espatllat tot. En un pa\u00eds on no pot haver-hi dues cases a la mateixa altura, aquest era el punt central. Es va assenyalar despr\u00e9s el tra\u00e7at dels carrers i es va dotar aquest plantejament de tots els \u00faltims progressos de l&#8217;urbanisme. I aix\u00ed van anar venent-se els solars. Va costar moltes vegades els seus treballs conv\u00e8ncer a un propietari de la necessitat de donar a la seva casa l&#8217;altura indispensable perqu\u00e8 no constitu\u00eds una privaci\u00f3 de vista per al seu ve\u00ed de davant o del costat. (&#8230;) El senyor Ensesa va ser ajudat en la seva empresa per un arquitecte molt distingit, el difunt Rafael Mas\u00f3 i Valent\u00ed. (&#8230;) Succeeix amb S&#8217;Agar\u00f3 el fenomen natural, conseq\u00fc\u00e8ncia de la seva concepci\u00f3 b\u00e0sica: com m\u00e9s creix, m\u00e9s bell \u00e9s el nucli urb\u00e0. I \u00e9s que la seva concepci\u00f3 t\u00e9 molts avantatges derivats dels que es dedueixen sempre de la substituci\u00f3 del caprici an\u00e0rquic per la previsi\u00f3 i la cura.<\/em>\u201d (pp. 103 i 108)<\/p><p>Per interpretar les construccions que observarem en el recorregut cal insistir en que van ser concebudes sota els criteris del moviment \u00a0noucentista de principis del segle XX a Catalunya, i que totes, supervisades pels promotors, com ja he assenyalat, s\u2019havien d\u2019adscriure a aquest estil per dotar d\u2019homogene\u00eftat est\u00e8tica al conjunt.<\/p><p>El cr\u00edtic d\u2019art Alexandre Cirici al llibre <em>L\u2019arquitectura catalana<\/em>, ens ajudar\u00e0 a entendre aquest moviment: \u201c<em>El noucentisme [representa la] voluntat d&#8217;apartar-se de l&#8217;impressionisme n\u00f2rdic per abeurar-se a les fonts del primer Renaixement de la Toscana, van conduir a la ruptura total amb el lirisme modernista, el seu desordre, la seva desmesura, el seu visualisme, la seva ambici\u00f3, la seva aspiraci\u00f3 panteista i la seva ret\u00f2rica. (&#8230;) Van voler enlla\u00e7ar amb el glori\u00f3s trescentisme, donant-li una continuaci\u00f3 com la que havia tingut a It\u00e0lia, i prengueren com a punt de partida per a una nova arquitectura catalana les formes joven\u00edvoles i somrients, clares i ordenades, de Brunelleschi.\u00a0 [Al mateix temps va representar un] acostament a la pl\u00e0stica de les velles construccions r\u00fastiques, tal com renasqu\u00e9, per exemple, a la urbanitzaci\u00f3 de S&#8217;Agar\u00f3, de Rafael Mas\u00f3<\/em>.\u201d (p. 253)<\/p>\t\t\t\t\t\t\t\t<\/div>\n\t\t\t\t<\/div>\n\t\t\t\t<div class=\"elementor-element elementor-element-71706d6e elementor-widget elementor-widget-image\" data-id=\"71706d6e\" data-element_type=\"widget\" data-e-type=\"widget\" data-widget_type=\"image.default\">\n\t\t\t\t<div class=\"elementor-widget-container\">\n\t\t\t\t\t\t\t\t\t\t\t\t<figure class=\"wp-caption\">\n\t\t\t\t\t\t\t\t\t\t<img decoding=\"async\" width=\"768\" height=\"512\" src=\"https:\/\/www.elturistatranquil.com\/wp-content\/uploads\/F03-Brunelleschi.jpg\" class=\"attachment-large size-large wp-image-31921\" alt=\"Brunelleschi\" srcset=\"https:\/\/www.elturistatranquil.com\/wp-content\/uploads\/F03-Brunelleschi.jpg 768w, https:\/\/www.elturistatranquil.com\/wp-content\/uploads\/F03-Brunelleschi-339x226.jpg 339w\" sizes=\"(max-width: 768px) 100vw, 768px\" \/>\t\t\t\t\t\t\t\t\t\t\t<figcaption class=\"widget-image-caption wp-caption-text\">Filippo Brunelleschi, Ospedale degli Innocenti, Flor\u00e8ncia (Foto: <a href=\"https:\/\/commons.wikimedia.org\/wiki\/File:Spedale_degli_innocenti,_cortile_delle_donne,_di_brunelleschi,_02.jpg\" target=\"_blank\" rel=\"noopener\">Sailko<\/a>)<\/figcaption>\n\t\t\t\t\t\t\t\t\t\t<\/figure>\n\t\t\t\t\t\t\t\t\t<\/div>\n\t\t\t\t<\/div>\n\t\t\t\t<div class=\"elementor-element elementor-element-7ddf3a4 elementor-widget elementor-widget-text-editor\" data-id=\"7ddf3a4\" data-element_type=\"widget\" data-e-type=\"widget\" data-widget_type=\"text-editor.default\">\n\t\t\t\t<div class=\"elementor-widget-container\">\n\t\t\t\t\t\t\t\t\t<p>El disseny de la urbanitzaci\u00f3, i l\u2019arquitecte de moltes de les primeres construccions va ser Rafael Mas\u00f3 i Valent\u00ed, des de 1923 fins la seva mort al 1935. Va continuar el projecte Francesc Folguera i a continuaci\u00f3 Adolf Florensa, donant per culminada l\u2019obra al 1960. Tots es van mantenir fidels a l\u2019esperit noucentista.<\/p>\t\t\t\t\t\t\t\t<\/div>\n\t\t\t\t<\/div>\n\t\t\t\t<div class=\"elementor-element elementor-element-ef7b08d elementor-widget elementor-widget-image\" data-id=\"ef7b08d\" data-element_type=\"widget\" data-e-type=\"widget\" data-widget_type=\"image.default\">\n\t\t\t\t<div class=\"elementor-widget-container\">\n\t\t\t\t\t\t\t\t\t\t\t\t<figure class=\"wp-caption\">\n\t\t\t\t\t\t\t\t\t\t<img loading=\"lazy\" decoding=\"async\" width=\"768\" height=\"547\" src=\"https:\/\/www.elturistatranquil.com\/wp-content\/uploads\/F04-SAgaro-Girona.-Projecte-suburbi-jardi.jpg\" class=\"attachment-large size-large wp-image-31923\" alt=\"S&#039;Agaro, Girona. Projecte suburbi-jardi\" srcset=\"https:\/\/www.elturistatranquil.com\/wp-content\/uploads\/F04-SAgaro-Girona.-Projecte-suburbi-jardi.jpg 768w, https:\/\/www.elturistatranquil.com\/wp-content\/uploads\/F04-SAgaro-Girona.-Projecte-suburbi-jardi-317x226.jpg 317w\" sizes=\"(max-width: 768px) 100vw, 768px\" \/>\t\t\t\t\t\t\t\t\t\t\t<figcaption class=\"widget-image-caption wp-caption-text\"><em>R. Mas\u00f3 (1923). \"Projecte de suburbi-jard\u00ed en terrenys de la Punta de Sant Pol propietat de Josep Ensesa\" (23-48). Fons Urbanitzaci\u00f3 S\u2019Agar\u00f3 (348), Arxiu Hist\u00f2ric de Girona, Girona. (Font: <\/em><em><a href=\"https:\/\/dugi-doc.udg.edu\/bitstream\/handle\/10256\/15794\/CampsQuerArnau_Treball.pdf?sequence=1&amp;fbclid=IwAR1mBya-fHXmubHnfs2ozIt8cmKFyVQACbrhN8KB19vpzk99Lf_X7cbO23c\" target=\"_blank\" rel=\"noopener\">Arnau Camps Quer<\/a>, p. 91)<\/em><\/figcaption>\n\t\t\t\t\t\t\t\t\t\t<\/figure>\n\t\t\t\t\t\t\t\t\t<\/div>\n\t\t\t\t<\/div>\n\t\t\t\t<div class=\"elementor-element elementor-element-d5f34ab elementor-widget elementor-widget-image\" data-id=\"d5f34ab\" data-element_type=\"widget\" data-e-type=\"widget\" data-widget_type=\"image.default\">\n\t\t\t\t<div class=\"elementor-widget-container\">\n\t\t\t\t\t\t\t\t\t\t\t\t<figure class=\"wp-caption\">\n\t\t\t\t\t\t\t\t\t\t<img loading=\"lazy\" decoding=\"async\" width=\"768\" height=\"512\" src=\"https:\/\/www.elturistatranquil.com\/wp-content\/uploads\/F05-SAgaro-Google-earth-2020-07-10.jpg\" class=\"attachment-large size-large wp-image-31925\" alt=\"S&#039;Agaro (Google earth 2020-07-10)\" srcset=\"https:\/\/www.elturistatranquil.com\/wp-content\/uploads\/F05-SAgaro-Google-earth-2020-07-10.jpg 768w, https:\/\/www.elturistatranquil.com\/wp-content\/uploads\/F05-SAgaro-Google-earth-2020-07-10-339x226.jpg 339w\" sizes=\"(max-width: 768px) 100vw, 768px\" \/>\t\t\t\t\t\t\t\t\t\t\t<figcaption class=\"widget-image-caption wp-caption-text\">L\u00edmits estimats de la urbanitzaci\u00f3 original de S'Agaro (Google earth 2020-07-10)<\/figcaption>\n\t\t\t\t\t\t\t\t\t\t<\/figure>\n\t\t\t\t\t\t\t\t\t<\/div>\n\t\t\t\t<\/div>\n\t\t\t\t<div class=\"elementor-element elementor-element-553c1ee elementor-widget elementor-widget-image\" data-id=\"553c1ee\" data-element_type=\"widget\" data-e-type=\"widget\" data-widget_type=\"image.default\">\n\t\t\t\t<div class=\"elementor-widget-container\">\n\t\t\t\t\t\t\t\t\t\t\t\t<figure class=\"wp-caption\">\n\t\t\t\t\t\t\t\t\t\t<img loading=\"lazy\" decoding=\"async\" width=\"768\" height=\"512\" src=\"https:\/\/www.elturistatranquil.com\/wp-content\/uploads\/F06-SAgaro-Google-maps-2020-07-10.jpg\" class=\"attachment-large size-large wp-image-31927\" alt=\"S&#039;Agaro (Google maps 2020-07-10)\" srcset=\"https:\/\/www.elturistatranquil.com\/wp-content\/uploads\/F06-SAgaro-Google-maps-2020-07-10.jpg 768w, https:\/\/www.elturistatranquil.com\/wp-content\/uploads\/F06-SAgaro-Google-maps-2020-07-10-339x226.jpg 339w\" sizes=\"(max-width: 768px) 100vw, 768px\" \/>\t\t\t\t\t\t\t\t\t\t\t<figcaption class=\"widget-image-caption wp-caption-text\">S'Agaro (Google maps 2020-07-13)<\/figcaption>\n\t\t\t\t\t\t\t\t\t\t<\/figure>\n\t\t\t\t\t\t\t\t\t<\/div>\n\t\t\t\t<\/div>\n\t\t\t\t<div class=\"elementor-element elementor-element-f822b01 elementor-widget elementor-widget-text-editor\" data-id=\"f822b01\" data-element_type=\"widget\" data-e-type=\"widget\" data-widget_type=\"text-editor.default\">\n\t\t\t\t<div class=\"elementor-widget-container\">\n\t\t\t\t\t\t\t\t\t<p>Al marge de les residencies i de l\u2019Hostal, dues actuacions significatives desenvolupades per l\u2019arquitecte Francesc Folguera van ser la construcci\u00f3 del cam\u00ed de ronda entre les dues platges i l\u2019Esgl\u00e9sia de Nostra Senyora de l&#8217;Esperan\u00e7a, als anys 1940.<\/p><p>En el S\u2019Agar\u00f3 cl\u00e0ssic hi van intervenir com a urbanistes-arquitectes <em>Rafael Mas\u00f3 i Valent\u00ed<\/em>; <em>Francesc Folguera Grassi<\/em> i <em>Adolf Florensa<\/em>. Aix\u00ed com els arquitectes <em>Pelai Mart\u00ednez<\/em> i <em>Duran Reynals<\/em> en el disseny d\u2019alguns xalets.<\/p><p>A l\u2019ombra del prestigi de S\u2019Agar\u00f3, l\u2019expansi\u00f3 del turisme ha envoltat per terra a la urbanitzaci\u00f3. Aquesta es mant\u00e9 a\u00efllada amb un \u00fanic acc\u00e9s controlat per a autom\u00f2bils, que nomes permet l\u2019acc\u00e9s a residents i autoritzats. El que si que \u00a0s\u2019accepta \u00e9s el passeig a vianants per tot el recinte.<\/p>\t\t\t\t\t\t\t\t<\/div>\n\t\t\t\t<\/div>\n\t\t\t\t<div class=\"elementor-element elementor-element-c463848 elementor-widget elementor-widget-menu-anchor\" data-id=\"c463848\" data-element_type=\"widget\" data-e-type=\"widget\" data-widget_type=\"menu-anchor.default\">\n\t\t\t\t<div class=\"elementor-widget-container\">\n\t\t\t\t\t\t\t<div class=\"elementor-menu-anchor\" id=\"b4805\"><\/div>\n\t\t\t\t\t\t<\/div>\n\t\t\t\t<\/div>\n\t\t\t\t<div class=\"elementor-element elementor-element-57858a9 elementor-widget elementor-widget-menu-anchor\" data-id=\"57858a9\" data-element_type=\"widget\" data-e-type=\"widget\" data-widget_type=\"menu-anchor.default\">\n\t\t\t\t<div class=\"elementor-widget-container\">\n\t\t\t\t\t\t\t<div class=\"elementor-menu-anchor\" id=\"b4806\"><\/div>\n\t\t\t\t\t\t<\/div>\n\t\t\t\t<\/div>\n\t\t\t\t<div class=\"elementor-element elementor-element-70573aa elementor-widget elementor-widget-heading\" data-id=\"70573aa\" data-element_type=\"widget\" data-e-type=\"widget\" data-widget_type=\"heading.default\">\n\t\t\t\t<div class=\"elementor-widget-container\">\n\t\t\t\t\t<h2 class=\"elementor-heading-title elementor-size-default\">Imatges de S\u2019Agar\u00f3<\/h2>\t\t\t\t<\/div>\n\t\t\t\t<\/div>\n\t\t\t\t<div class=\"elementor-element elementor-element-454cb42 elementor-widget elementor-widget-text-editor\" data-id=\"454cb42\" data-element_type=\"widget\" data-e-type=\"widget\" data-widget_type=\"text-editor.default\">\n\t\t\t\t<div class=\"elementor-widget-container\">\n\t\t\t\t\t\t\t\t\t<p>El millor ser\u00e0 mostrar un ventall de la urbanitzaci\u00f3 i de les construccions tal com es poden observar en l\u2019actualitat. La seq\u00fc\u00e8ncia de les imatges no segueix cap recorregut concret ni pretenen cap exhaustivitat; s\u00f3n flashos al llarg del recorregut.<\/p>\t\t\t\t\t\t\t\t<\/div>\n\t\t\t\t<\/div>\n\t\t\t\t<div class=\"elementor-element elementor-element-43974a7 elementor-widget elementor-widget-heading\" data-id=\"43974a7\" data-element_type=\"widget\" data-e-type=\"widget\" data-widget_type=\"heading.default\">\n\t\t\t\t<div class=\"elementor-widget-container\">\n\t\t\t\t\t<h3 class=\"elementor-heading-title elementor-size-default\">Entrada a S\u2019Agar\u00f3<\/h3>\t\t\t\t<\/div>\n\t\t\t\t<\/div>\n\t\t\t\t<div class=\"elementor-element elementor-element-83f1e69 elementor-widget elementor-widget-text-editor\" data-id=\"83f1e69\" data-element_type=\"widget\" data-e-type=\"widget\" data-widget_type=\"text-editor.default\">\n\t\t\t\t<div class=\"elementor-widget-container\">\n\t\t\t\t\t\t\t\t\t<p>L\u2019acc\u00e9s principal, i la \u00fanica entrada per vehicles, est\u00e0 situada a l\u2019extrem de llevant de la platja de Sa Conca, des de la que es veu el sortint de la rocalla sobre el mar.<\/p><p>El primer i ampli edifici i instal\u00b7lacions corresponen a l\u2019<strong>Hostal de la Gavina<\/strong>.<\/p>\t\t\t\t\t\t\t\t<\/div>\n\t\t\t\t<\/div>\n\t\t\t\t<div class=\"elementor-element elementor-element-ef8ce67 elementor-widget elementor-widget-image\" data-id=\"ef8ce67\" data-element_type=\"widget\" data-e-type=\"widget\" data-widget_type=\"image.default\">\n\t\t\t\t<div class=\"elementor-widget-container\">\n\t\t\t\t\t\t\t\t\t\t\t\t<figure class=\"wp-caption\">\n\t\t\t\t\t\t\t\t\t\t<img loading=\"lazy\" decoding=\"async\" width=\"768\" height=\"512\" src=\"https:\/\/www.elturistatranquil.com\/wp-content\/uploads\/F07-SAgaro-Girona.jpg\" class=\"attachment-large size-large wp-image-31929\" alt=\"S&#039;Agaro, Girona\" srcset=\"https:\/\/www.elturistatranquil.com\/wp-content\/uploads\/F07-SAgaro-Girona.jpg 768w, https:\/\/www.elturistatranquil.com\/wp-content\/uploads\/F07-SAgaro-Girona-339x226.jpg 339w\" sizes=\"(max-width: 768px) 100vw, 768px\" \/>\t\t\t\t\t\t\t\t\t\t\t<figcaption class=\"widget-image-caption wp-caption-text\"><\/figcaption>\n\t\t\t\t\t\t\t\t\t\t<\/figure>\n\t\t\t\t\t\t\t\t\t<\/div>\n\t\t\t\t<\/div>\n\t\t\t\t<div class=\"elementor-element elementor-element-a74ff53 elementor-widget elementor-widget-text-editor\" data-id=\"a74ff53\" data-element_type=\"widget\" data-e-type=\"widget\" data-widget_type=\"text-editor.default\">\n\t\t\t\t<div class=\"elementor-widget-container\">\n\t\t\t\t\t\t\t\t\t<p>Efectivament, un cop superat el primer repetj\u00f3, l\u2019Hostal de la Gavina dona la benvinguda a la urbanitzaci\u00f3. \u00c9s de categoria 5 estrelles Gran Luxe.<\/p><p>Arquitect\u00f2nicament ens ambienta en l\u2019estil que impregna totes les construccions tal com es va definir en el projecte.<\/p>\t\t\t\t\t\t\t\t<\/div>\n\t\t\t\t<\/div>\n\t\t\t\t<div class=\"elementor-element elementor-element-aeaed36 elementor-widget elementor-widget-image\" data-id=\"aeaed36\" data-element_type=\"widget\" data-e-type=\"widget\" data-widget_type=\"image.default\">\n\t\t\t\t<div class=\"elementor-widget-container\">\n\t\t\t\t\t\t\t\t\t\t\t\t<figure class=\"wp-caption\">\n\t\t\t\t\t\t\t\t\t\t<img loading=\"lazy\" decoding=\"async\" width=\"768\" height=\"511\" src=\"https:\/\/www.elturistatranquil.com\/wp-content\/uploads\/F08-SAgaro-Girona.jpg\" class=\"attachment-large size-large wp-image-31931\" alt=\"S&#039;Agaro, Girona\" srcset=\"https:\/\/www.elturistatranquil.com\/wp-content\/uploads\/F08-SAgaro-Girona.jpg 768w, https:\/\/www.elturistatranquil.com\/wp-content\/uploads\/F08-SAgaro-Girona-339x226.jpg 339w\" sizes=\"(max-width: 768px) 100vw, 768px\" \/>\t\t\t\t\t\t\t\t\t\t\t<figcaption class=\"widget-image-caption wp-caption-text\"><\/figcaption>\n\t\t\t\t\t\t\t\t\t\t<\/figure>\n\t\t\t\t\t\t\t\t\t<\/div>\n\t\t\t\t<\/div>\n\t\t\t\t<div class=\"elementor-element elementor-element-da8d4d4 elementor-widget elementor-widget-image\" data-id=\"da8d4d4\" data-element_type=\"widget\" data-e-type=\"widget\" data-widget_type=\"image.default\">\n\t\t\t\t<div class=\"elementor-widget-container\">\n\t\t\t\t\t\t\t\t\t\t\t\t<figure class=\"wp-caption\">\n\t\t\t\t\t\t\t\t\t\t<img loading=\"lazy\" decoding=\"async\" width=\"768\" height=\"511\" src=\"https:\/\/www.elturistatranquil.com\/wp-content\/uploads\/F09-SAgaro-Girona.jpg\" class=\"attachment-large size-large wp-image-31933\" alt=\"S&#039;Agaro, Girona\" srcset=\"https:\/\/www.elturistatranquil.com\/wp-content\/uploads\/F09-SAgaro-Girona.jpg 768w, https:\/\/www.elturistatranquil.com\/wp-content\/uploads\/F09-SAgaro-Girona-339x226.jpg 339w\" sizes=\"(max-width: 768px) 100vw, 768px\" \/>\t\t\t\t\t\t\t\t\t\t\t<figcaption class=\"widget-image-caption wp-caption-text\"><\/figcaption>\n\t\t\t\t\t\t\t\t\t\t<\/figure>\n\t\t\t\t\t\t\t\t\t<\/div>\n\t\t\t\t<\/div>\n\t\t\t\t<div class=\"elementor-element elementor-element-1c7ca1e elementor-widget elementor-widget-text-editor\" data-id=\"1c7ca1e\" data-element_type=\"widget\" data-e-type=\"widget\" data-widget_type=\"text-editor.default\">\n\t\t\t\t<div class=\"elementor-widget-container\">\n\t\t\t\t\t\t\t\t\t<p>El <strong>carrer Sa Conca<\/strong> \u00e9s l\u2019eix principal que uneix les dues platges entre los que es troba la urbanitzaci\u00f3.<\/p>\t\t\t\t\t\t\t\t<\/div>\n\t\t\t\t<\/div>\n\t\t\t\t<div class=\"elementor-element elementor-element-3dc3783 elementor-widget elementor-widget-image\" data-id=\"3dc3783\" data-element_type=\"widget\" data-e-type=\"widget\" data-widget_type=\"image.default\">\n\t\t\t\t<div class=\"elementor-widget-container\">\n\t\t\t\t\t\t\t\t\t\t\t\t<figure class=\"wp-caption\">\n\t\t\t\t\t\t\t\t\t\t<img loading=\"lazy\" decoding=\"async\" width=\"768\" height=\"512\" src=\"https:\/\/www.elturistatranquil.com\/wp-content\/uploads\/F10-SAgaro-Girona.jpg\" class=\"attachment-large size-large wp-image-31935\" alt=\"S&#039;Agaro, Girona\" srcset=\"https:\/\/www.elturistatranquil.com\/wp-content\/uploads\/F10-SAgaro-Girona.jpg 768w, https:\/\/www.elturistatranquil.com\/wp-content\/uploads\/F10-SAgaro-Girona-339x226.jpg 339w\" sizes=\"(max-width: 768px) 100vw, 768px\" \/>\t\t\t\t\t\t\t\t\t\t\t<figcaption class=\"widget-image-caption wp-caption-text\"><\/figcaption>\n\t\t\t\t\t\t\t\t\t\t<\/figure>\n\t\t\t\t\t\t\t\t\t<\/div>\n\t\t\t\t<\/div>\n\t\t\t\t<div class=\"elementor-element elementor-element-1f215b9 elementor-widget elementor-widget-text-editor\" data-id=\"1f215b9\" data-element_type=\"widget\" data-e-type=\"widget\" data-widget_type=\"text-editor.default\">\n\t\t\t\t<div class=\"elementor-widget-container\">\n\t\t\t\t\t\t\t\t\t<p>Els carrers diguem-ne transversals abocant al mar sobre el <strong>cam\u00ed de Ronda<\/strong>.<\/p>\t\t\t\t\t\t\t\t<\/div>\n\t\t\t\t<\/div>\n\t\t\t\t<div class=\"elementor-element elementor-element-8defa95 elementor-widget elementor-widget-image\" data-id=\"8defa95\" data-element_type=\"widget\" data-e-type=\"widget\" data-widget_type=\"image.default\">\n\t\t\t\t<div class=\"elementor-widget-container\">\n\t\t\t\t\t\t\t\t\t\t\t\t<figure class=\"wp-caption\">\n\t\t\t\t\t\t\t\t\t\t<img loading=\"lazy\" decoding=\"async\" width=\"768\" height=\"511\" src=\"https:\/\/www.elturistatranquil.com\/wp-content\/uploads\/F11-SAgaro-Girona.jpg\" class=\"attachment-large size-large wp-image-31937\" alt=\"S&#039;Agaro, Girona\" srcset=\"https:\/\/www.elturistatranquil.com\/wp-content\/uploads\/F11-SAgaro-Girona.jpg 768w, https:\/\/www.elturistatranquil.com\/wp-content\/uploads\/F11-SAgaro-Girona-339x226.jpg 339w\" sizes=\"(max-width: 768px) 100vw, 768px\" \/>\t\t\t\t\t\t\t\t\t\t\t<figcaption class=\"widget-image-caption wp-caption-text\"><\/figcaption>\n\t\t\t\t\t\t\t\t\t\t<\/figure>\n\t\t\t\t\t\t\t\t\t<\/div>\n\t\t\t\t<\/div>\n\t\t\t\t<div class=\"elementor-element elementor-element-1bd6182 elementor-widget elementor-widget-image\" data-id=\"1bd6182\" data-element_type=\"widget\" data-e-type=\"widget\" data-widget_type=\"image.default\">\n\t\t\t\t<div class=\"elementor-widget-container\">\n\t\t\t\t\t\t\t\t\t\t\t\t<figure class=\"wp-caption\">\n\t\t\t\t\t\t\t\t\t\t<img loading=\"lazy\" decoding=\"async\" width=\"768\" height=\"511\" src=\"https:\/\/www.elturistatranquil.com\/wp-content\/uploads\/F12-SAgaro-Girona.jpg\" class=\"attachment-large size-large wp-image-31939\" alt=\"S&#039;Agaro, Girona\" srcset=\"https:\/\/www.elturistatranquil.com\/wp-content\/uploads\/F12-SAgaro-Girona.jpg 768w, https:\/\/www.elturistatranquil.com\/wp-content\/uploads\/F12-SAgaro-Girona-339x226.jpg 339w\" sizes=\"(max-width: 768px) 100vw, 768px\" \/>\t\t\t\t\t\t\t\t\t\t\t<figcaption class=\"widget-image-caption wp-caption-text\"><\/figcaption>\n\t\t\t\t\t\t\t\t\t\t<\/figure>\n\t\t\t\t\t\t\t\t\t<\/div>\n\t\t\t\t<\/div>\n\t\t\t\t<div class=\"elementor-element elementor-element-3d511f1 elementor-widget elementor-widget-text-editor\" data-id=\"3d511f1\" data-element_type=\"widget\" data-e-type=\"widget\" data-widget_type=\"text-editor.default\">\n\t\t\t\t<div class=\"elementor-widget-container\">\n\t\t\t\t\t\t\t\t\t<p>Amb el punt culminant de la <strong>pla\u00e7a Mirador<\/strong>, amb el caracter\u00edstic templet del <strong>Mirador de S\u2019Agar\u00f3<\/strong>.<\/p>\t\t\t\t\t\t\t\t<\/div>\n\t\t\t\t<\/div>\n\t\t\t\t<div class=\"elementor-element elementor-element-1023ad3 elementor-widget elementor-widget-menu-anchor\" data-id=\"1023ad3\" data-element_type=\"widget\" data-e-type=\"widget\" data-widget_type=\"menu-anchor.default\">\n\t\t\t\t<div class=\"elementor-widget-container\">\n\t\t\t\t\t\t\t<div class=\"elementor-menu-anchor\" id=\"b4807\"><\/div>\n\t\t\t\t\t\t<\/div>\n\t\t\t\t<\/div>\n\t\t\t\t<div class=\"elementor-element elementor-element-6692872 elementor-widget elementor-widget-image\" data-id=\"6692872\" data-element_type=\"widget\" data-e-type=\"widget\" data-widget_type=\"image.default\">\n\t\t\t\t<div class=\"elementor-widget-container\">\n\t\t\t\t\t\t\t\t\t\t\t\t<figure class=\"wp-caption\">\n\t\t\t\t\t\t\t\t\t\t<img loading=\"lazy\" decoding=\"async\" width=\"768\" height=\"511\" src=\"https:\/\/www.elturistatranquil.com\/wp-content\/uploads\/F13-SAgaro-Girona.jpg\" class=\"attachment-large size-large wp-image-31941\" alt=\"S&#039;Agaro, Girona\" srcset=\"https:\/\/www.elturistatranquil.com\/wp-content\/uploads\/F13-SAgaro-Girona.jpg 768w, https:\/\/www.elturistatranquil.com\/wp-content\/uploads\/F13-SAgaro-Girona-339x226.jpg 339w\" sizes=\"(max-width: 768px) 100vw, 768px\" \/>\t\t\t\t\t\t\t\t\t\t\t<figcaption class=\"widget-image-caption wp-caption-text\"><\/figcaption>\n\t\t\t\t\t\t\t\t\t\t<\/figure>\n\t\t\t\t\t\t\t\t\t<\/div>\n\t\t\t\t<\/div>\n\t\t\t\t<div class=\"elementor-element elementor-element-07ce334 elementor-widget elementor-widget-heading\" data-id=\"07ce334\" data-element_type=\"widget\" data-e-type=\"widget\" data-widget_type=\"heading.default\">\n\t\t\t\t<div class=\"elementor-widget-container\">\n\t\t\t\t\t<h3 class=\"elementor-heading-title elementor-size-default\">Mostrari de xalets<\/h3>\t\t\t\t<\/div>\n\t\t\t\t<\/div>\n\t\t\t\t<div class=\"elementor-element elementor-element-82156d4 elementor-widget elementor-widget-text-editor\" data-id=\"82156d4\" data-element_type=\"widget\" data-e-type=\"widget\" data-widget_type=\"text-editor.default\">\n\t\t\t\t<div class=\"elementor-widget-container\">\n\t\t\t\t\t\t\t\t\t<p>Com he assenyalat, recullo a continuaci\u00f3 una mostra de les construccions que es troben actualment dins del recinte del S\u2019Agar\u00f3 inicial.<\/p><p>Podrem constatar la relaci\u00f3 del l\u2019estil arquitect\u00f2nic noucentista entre el trescentisme a l\u2019estil de Brunelleschi i la tradici\u00f3 de la casa rural catalana.<\/p>\t\t\t\t\t\t\t\t<\/div>\n\t\t\t\t<\/div>\n\t\t\t\t<div class=\"elementor-element elementor-element-b573ee0 elementor-widget elementor-widget-image\" data-id=\"b573ee0\" data-element_type=\"widget\" data-e-type=\"widget\" data-widget_type=\"image.default\">\n\t\t\t\t<div class=\"elementor-widget-container\">\n\t\t\t\t\t\t\t\t\t\t\t\t<figure class=\"wp-caption\">\n\t\t\t\t\t\t\t\t\t\t<img loading=\"lazy\" decoding=\"async\" width=\"768\" height=\"511\" src=\"https:\/\/www.elturistatranquil.com\/wp-content\/uploads\/F14-SAgaro-Girona.jpg\" class=\"attachment-large size-large wp-image-31943\" alt=\"S&#039;Agaro, Girona\" srcset=\"https:\/\/www.elturistatranquil.com\/wp-content\/uploads\/F14-SAgaro-Girona.jpg 768w, https:\/\/www.elturistatranquil.com\/wp-content\/uploads\/F14-SAgaro-Girona-339x226.jpg 339w\" sizes=\"(max-width: 768px) 100vw, 768px\" \/>\t\t\t\t\t\t\t\t\t\t\t<figcaption class=\"widget-image-caption wp-caption-text\"><\/figcaption>\n\t\t\t\t\t\t\t\t\t\t<\/figure>\n\t\t\t\t\t\t\t\t\t<\/div>\n\t\t\t\t<\/div>\n\t\t\t\t<div class=\"elementor-element elementor-element-b5a9beb elementor-widget elementor-widget-image\" data-id=\"b5a9beb\" data-element_type=\"widget\" data-e-type=\"widget\" data-widget_type=\"image.default\">\n\t\t\t\t<div class=\"elementor-widget-container\">\n\t\t\t\t\t\t\t\t\t\t\t\t<figure class=\"wp-caption\">\n\t\t\t\t\t\t\t\t\t\t<img loading=\"lazy\" decoding=\"async\" width=\"768\" height=\"512\" src=\"https:\/\/www.elturistatranquil.com\/wp-content\/uploads\/F15-SAgaro-Girona.jpg\" class=\"attachment-large size-large wp-image-31945\" alt=\"S&#039;Agaro, Girona\" srcset=\"https:\/\/www.elturistatranquil.com\/wp-content\/uploads\/F15-SAgaro-Girona.jpg 768w, https:\/\/www.elturistatranquil.com\/wp-content\/uploads\/F15-SAgaro-Girona-339x226.jpg 339w\" sizes=\"(max-width: 768px) 100vw, 768px\" \/>\t\t\t\t\t\t\t\t\t\t\t<figcaption class=\"widget-image-caption wp-caption-text\"><\/figcaption>\n\t\t\t\t\t\t\t\t\t\t<\/figure>\n\t\t\t\t\t\t\t\t\t<\/div>\n\t\t\t\t<\/div>\n\t\t\t\t<div class=\"elementor-element elementor-element-ceae87f elementor-widget elementor-widget-image\" data-id=\"ceae87f\" data-element_type=\"widget\" data-e-type=\"widget\" data-widget_type=\"image.default\">\n\t\t\t\t<div class=\"elementor-widget-container\">\n\t\t\t\t\t\t\t\t\t\t\t\t<figure class=\"wp-caption\">\n\t\t\t\t\t\t\t\t\t\t<img loading=\"lazy\" decoding=\"async\" width=\"768\" height=\"512\" src=\"https:\/\/www.elturistatranquil.com\/wp-content\/uploads\/F16-SAgaro-Girona.jpg\" class=\"attachment-large size-large wp-image-31947\" alt=\"S&#039;Agaro, Girona\" srcset=\"https:\/\/www.elturistatranquil.com\/wp-content\/uploads\/F16-SAgaro-Girona.jpg 768w, https:\/\/www.elturistatranquil.com\/wp-content\/uploads\/F16-SAgaro-Girona-339x226.jpg 339w\" sizes=\"(max-width: 768px) 100vw, 768px\" \/>\t\t\t\t\t\t\t\t\t\t\t<figcaption class=\"widget-image-caption wp-caption-text\"><\/figcaption>\n\t\t\t\t\t\t\t\t\t\t<\/figure>\n\t\t\t\t\t\t\t\t\t<\/div>\n\t\t\t\t<\/div>\n\t\t\t\t<div class=\"elementor-element elementor-element-e2cbc41 elementor-widget elementor-widget-image\" data-id=\"e2cbc41\" data-element_type=\"widget\" data-e-type=\"widget\" data-widget_type=\"image.default\">\n\t\t\t\t<div class=\"elementor-widget-container\">\n\t\t\t\t\t\t\t\t\t\t\t\t<figure class=\"wp-caption\">\n\t\t\t\t\t\t\t\t\t\t<img loading=\"lazy\" decoding=\"async\" width=\"768\" height=\"512\" src=\"https:\/\/www.elturistatranquil.com\/wp-content\/uploads\/F17-SAgaro-Girona.jpg\" class=\"attachment-large size-large wp-image-31949\" alt=\"S&#039;Agaro, Girona\" srcset=\"https:\/\/www.elturistatranquil.com\/wp-content\/uploads\/F17-SAgaro-Girona.jpg 768w, https:\/\/www.elturistatranquil.com\/wp-content\/uploads\/F17-SAgaro-Girona-339x226.jpg 339w\" sizes=\"(max-width: 768px) 100vw, 768px\" \/>\t\t\t\t\t\t\t\t\t\t\t<figcaption class=\"widget-image-caption wp-caption-text\"><\/figcaption>\n\t\t\t\t\t\t\t\t\t\t<\/figure>\n\t\t\t\t\t\t\t\t\t<\/div>\n\t\t\t\t<\/div>\n\t\t\t\t<div class=\"elementor-element elementor-element-0107bfb elementor-widget elementor-widget-image\" data-id=\"0107bfb\" data-element_type=\"widget\" data-e-type=\"widget\" data-widget_type=\"image.default\">\n\t\t\t\t<div class=\"elementor-widget-container\">\n\t\t\t\t\t\t\t\t\t\t\t\t<figure class=\"wp-caption\">\n\t\t\t\t\t\t\t\t\t\t<img loading=\"lazy\" decoding=\"async\" width=\"768\" height=\"511\" src=\"https:\/\/www.elturistatranquil.com\/wp-content\/uploads\/F18-SAgaro-Girona.jpg\" class=\"attachment-large size-large wp-image-31951\" alt=\"S&#039;Agaro, Girona\" srcset=\"https:\/\/www.elturistatranquil.com\/wp-content\/uploads\/F18-SAgaro-Girona.jpg 768w, https:\/\/www.elturistatranquil.com\/wp-content\/uploads\/F18-SAgaro-Girona-339x226.jpg 339w\" sizes=\"(max-width: 768px) 100vw, 768px\" \/>\t\t\t\t\t\t\t\t\t\t\t<figcaption class=\"widget-image-caption wp-caption-text\"><\/figcaption>\n\t\t\t\t\t\t\t\t\t\t<\/figure>\n\t\t\t\t\t\t\t\t\t<\/div>\n\t\t\t\t<\/div>\n\t\t\t\t<div class=\"elementor-element elementor-element-e161b53 elementor-widget elementor-widget-image\" data-id=\"e161b53\" data-element_type=\"widget\" data-e-type=\"widget\" data-widget_type=\"image.default\">\n\t\t\t\t<div class=\"elementor-widget-container\">\n\t\t\t\t\t\t\t\t\t\t\t\t<figure class=\"wp-caption\">\n\t\t\t\t\t\t\t\t\t\t<img loading=\"lazy\" decoding=\"async\" width=\"768\" height=\"512\" src=\"https:\/\/www.elturistatranquil.com\/wp-content\/uploads\/F19-SAgaro-Girona.jpg\" class=\"attachment-large size-large wp-image-31953\" alt=\"S&#039;Agaro, Girona\" srcset=\"https:\/\/www.elturistatranquil.com\/wp-content\/uploads\/F19-SAgaro-Girona.jpg 768w, https:\/\/www.elturistatranquil.com\/wp-content\/uploads\/F19-SAgaro-Girona-339x226.jpg 339w\" sizes=\"(max-width: 768px) 100vw, 768px\" \/>\t\t\t\t\t\t\t\t\t\t\t<figcaption class=\"widget-image-caption wp-caption-text\"><\/figcaption>\n\t\t\t\t\t\t\t\t\t\t<\/figure>\n\t\t\t\t\t\t\t\t\t<\/div>\n\t\t\t\t<\/div>\n\t\t\t\t<div class=\"elementor-element elementor-element-d075574 elementor-widget elementor-widget-image\" data-id=\"d075574\" data-element_type=\"widget\" data-e-type=\"widget\" data-widget_type=\"image.default\">\n\t\t\t\t<div class=\"elementor-widget-container\">\n\t\t\t\t\t\t\t\t\t\t\t\t<figure class=\"wp-caption\">\n\t\t\t\t\t\t\t\t\t\t<img loading=\"lazy\" decoding=\"async\" width=\"768\" height=\"512\" src=\"https:\/\/www.elturistatranquil.com\/wp-content\/uploads\/F20-SAgaro-Girona.jpg\" class=\"attachment-large size-large wp-image-31955\" alt=\"S&#039;Agaro, Girona\" srcset=\"https:\/\/www.elturistatranquil.com\/wp-content\/uploads\/F20-SAgaro-Girona.jpg 768w, https:\/\/www.elturistatranquil.com\/wp-content\/uploads\/F20-SAgaro-Girona-339x226.jpg 339w\" sizes=\"(max-width: 768px) 100vw, 768px\" \/>\t\t\t\t\t\t\t\t\t\t\t<figcaption class=\"widget-image-caption wp-caption-text\"><\/figcaption>\n\t\t\t\t\t\t\t\t\t\t<\/figure>\n\t\t\t\t\t\t\t\t\t<\/div>\n\t\t\t\t<\/div>\n\t\t\t\t<div class=\"elementor-element elementor-element-a0f0e3b elementor-widget elementor-widget-image\" data-id=\"a0f0e3b\" data-element_type=\"widget\" data-e-type=\"widget\" data-widget_type=\"image.default\">\n\t\t\t\t<div class=\"elementor-widget-container\">\n\t\t\t\t\t\t\t\t\t\t\t\t<figure class=\"wp-caption\">\n\t\t\t\t\t\t\t\t\t\t<img loading=\"lazy\" decoding=\"async\" width=\"768\" height=\"511\" src=\"https:\/\/www.elturistatranquil.com\/wp-content\/uploads\/F21-SAgaro-Girona.jpg\" class=\"attachment-large size-large wp-image-31957\" alt=\"S&#039;Agaro, Girona\" srcset=\"https:\/\/www.elturistatranquil.com\/wp-content\/uploads\/F21-SAgaro-Girona.jpg 768w, https:\/\/www.elturistatranquil.com\/wp-content\/uploads\/F21-SAgaro-Girona-339x226.jpg 339w\" sizes=\"(max-width: 768px) 100vw, 768px\" \/>\t\t\t\t\t\t\t\t\t\t\t<figcaption class=\"widget-image-caption wp-caption-text\"><\/figcaption>\n\t\t\t\t\t\t\t\t\t\t<\/figure>\n\t\t\t\t\t\t\t\t\t<\/div>\n\t\t\t\t<\/div>\n\t\t\t\t<div class=\"elementor-element elementor-element-9ab8bfe elementor-widget elementor-widget-image\" data-id=\"9ab8bfe\" data-element_type=\"widget\" data-e-type=\"widget\" data-widget_type=\"image.default\">\n\t\t\t\t<div class=\"elementor-widget-container\">\n\t\t\t\t\t\t\t\t\t\t\t\t<figure class=\"wp-caption\">\n\t\t\t\t\t\t\t\t\t\t<img loading=\"lazy\" decoding=\"async\" width=\"768\" height=\"512\" src=\"https:\/\/www.elturistatranquil.com\/wp-content\/uploads\/F22-SAgaro-Girona.jpg\" class=\"attachment-large size-large wp-image-31959\" alt=\"S&#039;Agaro, Girona\" srcset=\"https:\/\/www.elturistatranquil.com\/wp-content\/uploads\/F22-SAgaro-Girona.jpg 768w, https:\/\/www.elturistatranquil.com\/wp-content\/uploads\/F22-SAgaro-Girona-339x226.jpg 339w\" sizes=\"(max-width: 768px) 100vw, 768px\" \/>\t\t\t\t\t\t\t\t\t\t\t<figcaption class=\"widget-image-caption wp-caption-text\"><\/figcaption>\n\t\t\t\t\t\t\t\t\t\t<\/figure>\n\t\t\t\t\t\t\t\t\t<\/div>\n\t\t\t\t<\/div>\n\t\t\t\t<div class=\"elementor-element elementor-element-7ac2157 elementor-widget elementor-widget-image\" data-id=\"7ac2157\" data-element_type=\"widget\" data-e-type=\"widget\" data-widget_type=\"image.default\">\n\t\t\t\t<div class=\"elementor-widget-container\">\n\t\t\t\t\t\t\t\t\t\t\t\t<figure class=\"wp-caption\">\n\t\t\t\t\t\t\t\t\t\t<img loading=\"lazy\" decoding=\"async\" width=\"768\" height=\"512\" src=\"https:\/\/www.elturistatranquil.com\/wp-content\/uploads\/F23-SAgaro-Girona.jpg\" class=\"attachment-large size-large wp-image-31961\" alt=\"S&#039;Agaro, Girona\" srcset=\"https:\/\/www.elturistatranquil.com\/wp-content\/uploads\/F23-SAgaro-Girona.jpg 768w, https:\/\/www.elturistatranquil.com\/wp-content\/uploads\/F23-SAgaro-Girona-339x226.jpg 339w\" sizes=\"(max-width: 768px) 100vw, 768px\" \/>\t\t\t\t\t\t\t\t\t\t\t<figcaption class=\"widget-image-caption wp-caption-text\"><\/figcaption>\n\t\t\t\t\t\t\t\t\t\t<\/figure>\n\t\t\t\t\t\t\t\t\t<\/div>\n\t\t\t\t<\/div>\n\t\t\t\t<div class=\"elementor-element elementor-element-f629231 elementor-widget elementor-widget-image\" data-id=\"f629231\" data-element_type=\"widget\" data-e-type=\"widget\" data-widget_type=\"image.default\">\n\t\t\t\t<div class=\"elementor-widget-container\">\n\t\t\t\t\t\t\t\t\t\t\t\t<figure class=\"wp-caption\">\n\t\t\t\t\t\t\t\t\t\t<img loading=\"lazy\" decoding=\"async\" width=\"768\" height=\"511\" src=\"https:\/\/www.elturistatranquil.com\/wp-content\/uploads\/F24-SAgaro-Girona.jpg\" class=\"attachment-large size-large wp-image-31963\" alt=\"S&#039;Agaro, Girona\" srcset=\"https:\/\/www.elturistatranquil.com\/wp-content\/uploads\/F24-SAgaro-Girona.jpg 768w, https:\/\/www.elturistatranquil.com\/wp-content\/uploads\/F24-SAgaro-Girona-339x226.jpg 339w\" sizes=\"(max-width: 768px) 100vw, 768px\" \/>\t\t\t\t\t\t\t\t\t\t\t<figcaption class=\"widget-image-caption wp-caption-text\"><\/figcaption>\n\t\t\t\t\t\t\t\t\t\t<\/figure>\n\t\t\t\t\t\t\t\t\t<\/div>\n\t\t\t\t<\/div>\n\t\t\t\t<div class=\"elementor-element elementor-element-711e1ee elementor-widget elementor-widget-image\" data-id=\"711e1ee\" data-element_type=\"widget\" data-e-type=\"widget\" data-widget_type=\"image.default\">\n\t\t\t\t<div class=\"elementor-widget-container\">\n\t\t\t\t\t\t\t\t\t\t\t\t<figure class=\"wp-caption\">\n\t\t\t\t\t\t\t\t\t\t<img loading=\"lazy\" decoding=\"async\" width=\"768\" height=\"512\" src=\"https:\/\/www.elturistatranquil.com\/wp-content\/uploads\/F25-SAgaro-Girona.jpg\" class=\"attachment-large size-large wp-image-31965\" alt=\"S&#039;Agaro, Girona\" srcset=\"https:\/\/www.elturistatranquil.com\/wp-content\/uploads\/F25-SAgaro-Girona.jpg 768w, https:\/\/www.elturistatranquil.com\/wp-content\/uploads\/F25-SAgaro-Girona-339x226.jpg 339w\" sizes=\"(max-width: 768px) 100vw, 768px\" \/>\t\t\t\t\t\t\t\t\t\t\t<figcaption class=\"widget-image-caption wp-caption-text\"><\/figcaption>\n\t\t\t\t\t\t\t\t\t\t<\/figure>\n\t\t\t\t\t\t\t\t\t<\/div>\n\t\t\t\t<\/div>\n\t\t\t\t<div class=\"elementor-element elementor-element-ef49973 elementor-widget elementor-widget-image\" data-id=\"ef49973\" data-element_type=\"widget\" data-e-type=\"widget\" data-widget_type=\"image.default\">\n\t\t\t\t<div class=\"elementor-widget-container\">\n\t\t\t\t\t\t\t\t\t\t\t\t<figure class=\"wp-caption\">\n\t\t\t\t\t\t\t\t\t\t<img loading=\"lazy\" decoding=\"async\" width=\"768\" height=\"512\" src=\"https:\/\/www.elturistatranquil.com\/wp-content\/uploads\/F26-SAgaro-Girona.jpg\" class=\"attachment-large size-large wp-image-31967\" alt=\"S&#039;Agaro, Girona\" srcset=\"https:\/\/www.elturistatranquil.com\/wp-content\/uploads\/F26-SAgaro-Girona.jpg 768w, https:\/\/www.elturistatranquil.com\/wp-content\/uploads\/F26-SAgaro-Girona-339x226.jpg 339w\" sizes=\"(max-width: 768px) 100vw, 768px\" \/>\t\t\t\t\t\t\t\t\t\t\t<figcaption class=\"widget-image-caption wp-caption-text\"><\/figcaption>\n\t\t\t\t\t\t\t\t\t\t<\/figure>\n\t\t\t\t\t\t\t\t\t<\/div>\n\t\t\t\t<\/div>\n\t\t\t\t<div class=\"elementor-element elementor-element-8f8bbb2 elementor-widget elementor-widget-image\" data-id=\"8f8bbb2\" data-element_type=\"widget\" data-e-type=\"widget\" data-widget_type=\"image.default\">\n\t\t\t\t<div class=\"elementor-widget-container\">\n\t\t\t\t\t\t\t\t\t\t\t\t<figure class=\"wp-caption\">\n\t\t\t\t\t\t\t\t\t\t<img loading=\"lazy\" decoding=\"async\" width=\"768\" height=\"511\" src=\"https:\/\/www.elturistatranquil.com\/wp-content\/uploads\/F27-SAgaro-Girona.jpg\" class=\"attachment-large size-large wp-image-31969\" alt=\"S&#039;Agaro, Girona\" srcset=\"https:\/\/www.elturistatranquil.com\/wp-content\/uploads\/F27-SAgaro-Girona.jpg 768w, https:\/\/www.elturistatranquil.com\/wp-content\/uploads\/F27-SAgaro-Girona-339x226.jpg 339w\" sizes=\"(max-width: 768px) 100vw, 768px\" \/>\t\t\t\t\t\t\t\t\t\t\t<figcaption class=\"widget-image-caption wp-caption-text\"><\/figcaption>\n\t\t\t\t\t\t\t\t\t\t<\/figure>\n\t\t\t\t\t\t\t\t\t<\/div>\n\t\t\t\t<\/div>\n\t\t\t\t<div class=\"elementor-element elementor-element-88e5146 elementor-widget elementor-widget-image\" data-id=\"88e5146\" data-element_type=\"widget\" data-e-type=\"widget\" data-widget_type=\"image.default\">\n\t\t\t\t<div class=\"elementor-widget-container\">\n\t\t\t\t\t\t\t\t\t\t\t\t<figure class=\"wp-caption\">\n\t\t\t\t\t\t\t\t\t\t<img loading=\"lazy\" decoding=\"async\" width=\"768\" height=\"512\" src=\"https:\/\/www.elturistatranquil.com\/wp-content\/uploads\/F28-SAgaro-Girona.jpg\" class=\"attachment-large size-large wp-image-31971\" alt=\"S&#039;Agaro, Girona\" srcset=\"https:\/\/www.elturistatranquil.com\/wp-content\/uploads\/F28-SAgaro-Girona.jpg 768w, https:\/\/www.elturistatranquil.com\/wp-content\/uploads\/F28-SAgaro-Girona-339x226.jpg 339w\" sizes=\"(max-width: 768px) 100vw, 768px\" \/>\t\t\t\t\t\t\t\t\t\t\t<figcaption class=\"widget-image-caption wp-caption-text\"><\/figcaption>\n\t\t\t\t\t\t\t\t\t\t<\/figure>\n\t\t\t\t\t\t\t\t\t<\/div>\n\t\t\t\t<\/div>\n\t\t\t\t<div class=\"elementor-element elementor-element-236e8c7 elementor-widget elementor-widget-image\" data-id=\"236e8c7\" data-element_type=\"widget\" data-e-type=\"widget\" data-widget_type=\"image.default\">\n\t\t\t\t<div class=\"elementor-widget-container\">\n\t\t\t\t\t\t\t\t\t\t\t\t<figure class=\"wp-caption\">\n\t\t\t\t\t\t\t\t\t\t<img loading=\"lazy\" decoding=\"async\" width=\"768\" height=\"512\" src=\"https:\/\/www.elturistatranquil.com\/wp-content\/uploads\/F29-SAgaro-Girona.jpg\" class=\"attachment-large size-large wp-image-31973\" alt=\"S&#039;Agaro, Girona\" srcset=\"https:\/\/www.elturistatranquil.com\/wp-content\/uploads\/F29-SAgaro-Girona.jpg 768w, https:\/\/www.elturistatranquil.com\/wp-content\/uploads\/F29-SAgaro-Girona-339x226.jpg 339w\" sizes=\"(max-width: 768px) 100vw, 768px\" \/>\t\t\t\t\t\t\t\t\t\t\t<figcaption class=\"widget-image-caption wp-caption-text\"><\/figcaption>\n\t\t\t\t\t\t\t\t\t\t<\/figure>\n\t\t\t\t\t\t\t\t\t<\/div>\n\t\t\t\t<\/div>\n\t\t\t\t<div class=\"elementor-element elementor-element-03a3f7e elementor-widget elementor-widget-image\" data-id=\"03a3f7e\" data-element_type=\"widget\" data-e-type=\"widget\" data-widget_type=\"image.default\">\n\t\t\t\t<div class=\"elementor-widget-container\">\n\t\t\t\t\t\t\t\t\t\t\t\t<figure class=\"wp-caption\">\n\t\t\t\t\t\t\t\t\t\t<img loading=\"lazy\" decoding=\"async\" width=\"768\" height=\"511\" src=\"https:\/\/www.elturistatranquil.com\/wp-content\/uploads\/F30-SAgaro-Girona.jpg\" class=\"attachment-large size-large wp-image-31975\" alt=\"S&#039;Agaro, Girona\" srcset=\"https:\/\/www.elturistatranquil.com\/wp-content\/uploads\/F30-SAgaro-Girona.jpg 768w, https:\/\/www.elturistatranquil.com\/wp-content\/uploads\/F30-SAgaro-Girona-339x226.jpg 339w\" sizes=\"(max-width: 768px) 100vw, 768px\" \/>\t\t\t\t\t\t\t\t\t\t\t<figcaption class=\"widget-image-caption wp-caption-text\"><\/figcaption>\n\t\t\t\t\t\t\t\t\t\t<\/figure>\n\t\t\t\t\t\t\t\t\t<\/div>\n\t\t\t\t<\/div>\n\t\t\t\t<div class=\"elementor-element elementor-element-be3ab53 elementor-widget elementor-widget-image\" data-id=\"be3ab53\" data-element_type=\"widget\" data-e-type=\"widget\" data-widget_type=\"image.default\">\n\t\t\t\t<div class=\"elementor-widget-container\">\n\t\t\t\t\t\t\t\t\t\t\t\t<figure class=\"wp-caption\">\n\t\t\t\t\t\t\t\t\t\t<img loading=\"lazy\" decoding=\"async\" width=\"768\" height=\"511\" src=\"https:\/\/www.elturistatranquil.com\/wp-content\/uploads\/F31-SAgaro-Girona.jpg\" class=\"attachment-large size-large wp-image-31977\" alt=\"S&#039;Agaro, Girona\" srcset=\"https:\/\/www.elturistatranquil.com\/wp-content\/uploads\/F31-SAgaro-Girona.jpg 768w, https:\/\/www.elturistatranquil.com\/wp-content\/uploads\/F31-SAgaro-Girona-339x226.jpg 339w\" sizes=\"(max-width: 768px) 100vw, 768px\" \/>\t\t\t\t\t\t\t\t\t\t\t<figcaption class=\"widget-image-caption wp-caption-text\"><\/figcaption>\n\t\t\t\t\t\t\t\t\t\t<\/figure>\n\t\t\t\t\t\t\t\t\t<\/div>\n\t\t\t\t<\/div>\n\t\t\t\t<div class=\"elementor-element elementor-element-b654a26 elementor-widget elementor-widget-text-editor\" data-id=\"b654a26\" data-element_type=\"widget\" data-e-type=\"widget\" data-widget_type=\"text-editor.default\">\n\t\t\t\t<div class=\"elementor-widget-container\">\n\t\t\t\t\t\t\t\t\t<p>Desconec quins deuen ser actualment els criteris d\u2019estil arquitect\u00f2nic a que puguin estar sotmeses les noves construccions que s\u2019hi vulguin fer actualment.<\/p><p>La seg\u00fcent \u00e9s la \u00fanica construcci\u00f3 que vaig veure que trenca l\u2019estil i s\u2019apropa m\u00e9s als estils del segle XXI.<\/p>\t\t\t\t\t\t\t\t<\/div>\n\t\t\t\t<\/div>\n\t\t\t\t<div class=\"elementor-element elementor-element-6f0dce5 elementor-widget elementor-widget-menu-anchor\" data-id=\"6f0dce5\" data-element_type=\"widget\" data-e-type=\"widget\" data-widget_type=\"menu-anchor.default\">\n\t\t\t\t<div class=\"elementor-widget-container\">\n\t\t\t\t\t\t\t<div class=\"elementor-menu-anchor\" id=\"b4808\"><\/div>\n\t\t\t\t\t\t<\/div>\n\t\t\t\t<\/div>\n\t\t\t\t<div class=\"elementor-element elementor-element-d4a705b elementor-widget elementor-widget-image\" data-id=\"d4a705b\" data-element_type=\"widget\" data-e-type=\"widget\" data-widget_type=\"image.default\">\n\t\t\t\t<div class=\"elementor-widget-container\">\n\t\t\t\t\t\t\t\t\t\t\t\t<figure class=\"wp-caption\">\n\t\t\t\t\t\t\t\t\t\t<img loading=\"lazy\" decoding=\"async\" width=\"768\" height=\"511\" src=\"https:\/\/www.elturistatranquil.com\/wp-content\/uploads\/F32-SAgaro-Girona.jpg\" class=\"attachment-large size-large wp-image-31979\" alt=\"S&#039;Agaro, Girona\" srcset=\"https:\/\/www.elturistatranquil.com\/wp-content\/uploads\/F32-SAgaro-Girona.jpg 768w, https:\/\/www.elturistatranquil.com\/wp-content\/uploads\/F32-SAgaro-Girona-339x226.jpg 339w\" sizes=\"(max-width: 768px) 100vw, 768px\" \/>\t\t\t\t\t\t\t\t\t\t\t<figcaption class=\"widget-image-caption wp-caption-text\"><\/figcaption>\n\t\t\t\t\t\t\t\t\t\t<\/figure>\n\t\t\t\t\t\t\t\t\t<\/div>\n\t\t\t\t<\/div>\n\t\t\t\t<div class=\"elementor-element elementor-element-e2ae071 elementor-widget elementor-widget-heading\" data-id=\"e2ae071\" data-element_type=\"widget\" data-e-type=\"widget\" data-widget_type=\"heading.default\">\n\t\t\t\t<div class=\"elementor-widget-container\">\n\t\t\t\t\t<h3 class=\"elementor-heading-title elementor-size-default\"> Esgl\u00e9sia de la Nostra Senyora de l'Esperan\u00e7a<\/h3>\t\t\t\t<\/div>\n\t\t\t\t<\/div>\n\t\t\t\t<div class=\"elementor-element elementor-element-706d88e elementor-widget elementor-widget-text-editor\" data-id=\"706d88e\" data-element_type=\"widget\" data-e-type=\"widget\" data-widget_type=\"text-editor.default\">\n\t\t\t\t<div class=\"elementor-widget-container\">\n\t\t\t\t\t\t\t\t\t<p>Una edificaci\u00f3 significativa va ser la construcci\u00f3, al 1942, de l&#8217;<strong>Esgl\u00e9sia de la Nostra Senyora de l&#8217;Esperan\u00e7a<\/strong>, d&#8217;estil neobarroc -Josep Pla la qualifica de barroc mariner-, obra tamb\u00e9 de Folguera.<\/p><p>Al lateral de l\u2019ep\u00edstola destaca un porxo constru\u00eft amb una part de les arcades del claustre g\u00f2tic del Convent de Sant Francesc de Girona, aix\u00ed com dos sepulcres g\u00f2tics procedents del castell de Foix\u00e0 i altres elements hist\u00f2rics recuperats.<\/p><p>Aquesta Esgl\u00e9sia privada ha estat escenari de nombrosos casaments amb \u201csolera\u201d.<\/p>\t\t\t\t\t\t\t\t<\/div>\n\t\t\t\t<\/div>\n\t\t\t\t<div class=\"elementor-element elementor-element-5e5a1d4 elementor-widget elementor-widget-image\" data-id=\"5e5a1d4\" data-element_type=\"widget\" data-e-type=\"widget\" data-widget_type=\"image.default\">\n\t\t\t\t<div class=\"elementor-widget-container\">\n\t\t\t\t\t\t\t\t\t\t\t\t<figure class=\"wp-caption\">\n\t\t\t\t\t\t\t\t\t\t<img loading=\"lazy\" decoding=\"async\" width=\"768\" height=\"511\" src=\"https:\/\/www.elturistatranquil.com\/wp-content\/uploads\/F33-SAgaro-Girona.-Esglesia-de-la-Nostra-Senyora-de-lEsperan\u00e7a.jpg\" class=\"attachment-large size-large wp-image-31981\" alt=\"S&#039;Agaro, Girona. Esglesia de la Nostra Senyora de l&#039;Esperan\u00e7a\" srcset=\"https:\/\/www.elturistatranquil.com\/wp-content\/uploads\/F33-SAgaro-Girona.-Esglesia-de-la-Nostra-Senyora-de-lEsperan\u00e7a.jpg 768w, https:\/\/www.elturistatranquil.com\/wp-content\/uploads\/F33-SAgaro-Girona.-Esglesia-de-la-Nostra-Senyora-de-lEsperan\u00e7a-339x226.jpg 339w\" sizes=\"(max-width: 768px) 100vw, 768px\" \/>\t\t\t\t\t\t\t\t\t\t\t<figcaption class=\"widget-image-caption wp-caption-text\"><\/figcaption>\n\t\t\t\t\t\t\t\t\t\t<\/figure>\n\t\t\t\t\t\t\t\t\t<\/div>\n\t\t\t\t<\/div>\n\t\t\t\t<div class=\"elementor-element elementor-element-08d51fc elementor-widget elementor-widget-image\" data-id=\"08d51fc\" data-element_type=\"widget\" data-e-type=\"widget\" data-widget_type=\"image.default\">\n\t\t\t\t<div class=\"elementor-widget-container\">\n\t\t\t\t\t\t\t\t\t\t\t\t<figure class=\"wp-caption\">\n\t\t\t\t\t\t\t\t\t\t<img loading=\"lazy\" decoding=\"async\" width=\"366\" height=\"550\" src=\"https:\/\/www.elturistatranquil.com\/wp-content\/uploads\/F34-SAgaro-Girona.-Esglesia-de-la-Nostra-Senyora-de-lEsperan\u00e7a.jpg\" class=\"attachment-large size-large wp-image-31983\" alt=\"S&#039;Agaro, Girona. Esglesia de la Nostra Senyora de l&#039;Esperan\u00e7a\" srcset=\"https:\/\/www.elturistatranquil.com\/wp-content\/uploads\/F34-SAgaro-Girona.-Esglesia-de-la-Nostra-Senyora-de-lEsperan\u00e7a.jpg 366w, https:\/\/www.elturistatranquil.com\/wp-content\/uploads\/F34-SAgaro-Girona.-Esglesia-de-la-Nostra-Senyora-de-lEsperan\u00e7a-150x226.jpg 150w\" sizes=\"(max-width: 366px) 100vw, 366px\" \/>\t\t\t\t\t\t\t\t\t\t\t<figcaption class=\"widget-image-caption wp-caption-text\"><\/figcaption>\n\t\t\t\t\t\t\t\t\t\t<\/figure>\n\t\t\t\t\t\t\t\t\t<\/div>\n\t\t\t\t<\/div>\n\t\t\t\t<div class=\"elementor-element elementor-element-670252a elementor-widget elementor-widget-image\" data-id=\"670252a\" data-element_type=\"widget\" data-e-type=\"widget\" data-widget_type=\"image.default\">\n\t\t\t\t<div class=\"elementor-widget-container\">\n\t\t\t\t\t\t\t\t\t\t\t\t<figure class=\"wp-caption\">\n\t\t\t\t\t\t\t\t\t\t<img loading=\"lazy\" decoding=\"async\" width=\"768\" height=\"511\" src=\"https:\/\/www.elturistatranquil.com\/wp-content\/uploads\/F35-SAgaro-Girona.-Esglesia-de-la-Nostra-Senyora-de-lEsperan\u00e7a.jpg\" class=\"attachment-large size-large wp-image-31985\" alt=\"S&#039;Agaro, Girona. Esglesia de la Nostra Senyora de l&#039;Esperan\u00e7a\" srcset=\"https:\/\/www.elturistatranquil.com\/wp-content\/uploads\/F35-SAgaro-Girona.-Esglesia-de-la-Nostra-Senyora-de-lEsperan\u00e7a.jpg 768w, https:\/\/www.elturistatranquil.com\/wp-content\/uploads\/F35-SAgaro-Girona.-Esglesia-de-la-Nostra-Senyora-de-lEsperan\u00e7a-339x226.jpg 339w\" sizes=\"(max-width: 768px) 100vw, 768px\" \/>\t\t\t\t\t\t\t\t\t\t\t<figcaption class=\"widget-image-caption wp-caption-text\"><\/figcaption>\n\t\t\t\t\t\t\t\t\t\t<\/figure>\n\t\t\t\t\t\t\t\t\t<\/div>\n\t\t\t\t<\/div>\n\t\t\t\t<div class=\"elementor-element elementor-element-5d67b24 elementor-widget elementor-widget-image\" data-id=\"5d67b24\" data-element_type=\"widget\" data-e-type=\"widget\" data-widget_type=\"image.default\">\n\t\t\t\t<div class=\"elementor-widget-container\">\n\t\t\t\t\t\t\t\t\t\t\t\t<figure class=\"wp-caption\">\n\t\t\t\t\t\t\t\t\t\t<img loading=\"lazy\" decoding=\"async\" width=\"768\" height=\"511\" src=\"https:\/\/www.elturistatranquil.com\/wp-content\/uploads\/F36-SAgaro-Girona.-Esglesia-de-la-Nostra-Senyora-de-lEsperan\u00e7a.jpg\" class=\"attachment-large size-large wp-image-31987\" alt=\"S&#039;Agaro, Girona. Esglesia de la Nostra Senyora de l&#039;Esperan\u00e7a\" srcset=\"https:\/\/www.elturistatranquil.com\/wp-content\/uploads\/F36-SAgaro-Girona.-Esglesia-de-la-Nostra-Senyora-de-lEsperan\u00e7a.jpg 768w, https:\/\/www.elturistatranquil.com\/wp-content\/uploads\/F36-SAgaro-Girona.-Esglesia-de-la-Nostra-Senyora-de-lEsperan\u00e7a-339x226.jpg 339w\" sizes=\"(max-width: 768px) 100vw, 768px\" \/>\t\t\t\t\t\t\t\t\t\t\t<figcaption class=\"widget-image-caption wp-caption-text\"><\/figcaption>\n\t\t\t\t\t\t\t\t\t\t<\/figure>\n\t\t\t\t\t\t\t\t\t<\/div>\n\t\t\t\t<\/div>\n\t\t\t\t<div class=\"elementor-element elementor-element-3fa9fd5 elementor-widget elementor-widget-image\" data-id=\"3fa9fd5\" data-element_type=\"widget\" data-e-type=\"widget\" data-widget_type=\"image.default\">\n\t\t\t\t<div class=\"elementor-widget-container\">\n\t\t\t\t\t\t\t\t\t\t\t\t<figure class=\"wp-caption\">\n\t\t\t\t\t\t\t\t\t\t<img loading=\"lazy\" decoding=\"async\" width=\"768\" height=\"511\" src=\"https:\/\/www.elturistatranquil.com\/wp-content\/uploads\/F37-SAgaro-Girona.-Esglesia-de-la-Nostra-Senyora-de-lEsperan\u00e7a.jpg\" class=\"attachment-large size-large wp-image-31989\" alt=\"S&#039;Agaro, Girona. Esglesia de la Nostra Senyora de l&#039;Esperan\u00e7a\" srcset=\"https:\/\/www.elturistatranquil.com\/wp-content\/uploads\/F37-SAgaro-Girona.-Esglesia-de-la-Nostra-Senyora-de-lEsperan\u00e7a.jpg 768w, https:\/\/www.elturistatranquil.com\/wp-content\/uploads\/F37-SAgaro-Girona.-Esglesia-de-la-Nostra-Senyora-de-lEsperan\u00e7a-339x226.jpg 339w\" sizes=\"(max-width: 768px) 100vw, 768px\" \/>\t\t\t\t\t\t\t\t\t\t\t<figcaption class=\"widget-image-caption wp-caption-text\"><\/figcaption>\n\t\t\t\t\t\t\t\t\t\t<\/figure>\n\t\t\t\t\t\t\t\t\t<\/div>\n\t\t\t\t<\/div>\n\t\t\t\t<div class=\"elementor-element elementor-element-75d6101 elementor-widget elementor-widget-menu-anchor\" data-id=\"75d6101\" data-element_type=\"widget\" data-e-type=\"widget\" data-widget_type=\"menu-anchor.default\">\n\t\t\t\t<div class=\"elementor-widget-container\">\n\t\t\t\t\t\t\t<div class=\"elementor-menu-anchor\" id=\"b4809\"><\/div>\n\t\t\t\t\t\t<\/div>\n\t\t\t\t<\/div>\n\t\t\t\t<div class=\"elementor-element elementor-element-84220df elementor-widget elementor-widget-image\" data-id=\"84220df\" data-element_type=\"widget\" data-e-type=\"widget\" data-widget_type=\"image.default\">\n\t\t\t\t<div class=\"elementor-widget-container\">\n\t\t\t\t\t\t\t\t\t\t\t\t<figure class=\"wp-caption\">\n\t\t\t\t\t\t\t\t\t\t<img loading=\"lazy\" decoding=\"async\" width=\"768\" height=\"511\" src=\"https:\/\/www.elturistatranquil.com\/wp-content\/uploads\/F38-SAgaro-Girona.-Esglesia-de-la-Nostra-Senyora-de-lEsperan\u00e7a.jpg\" class=\"attachment-large size-large wp-image-31991\" alt=\"S&#039;Agaro, Girona. Esglesia de la Nostra Senyora de l&#039;Esperan\u00e7a\" srcset=\"https:\/\/www.elturistatranquil.com\/wp-content\/uploads\/F38-SAgaro-Girona.-Esglesia-de-la-Nostra-Senyora-de-lEsperan\u00e7a.jpg 768w, https:\/\/www.elturistatranquil.com\/wp-content\/uploads\/F38-SAgaro-Girona.-Esglesia-de-la-Nostra-Senyora-de-lEsperan\u00e7a-339x226.jpg 339w\" sizes=\"(max-width: 768px) 100vw, 768px\" \/>\t\t\t\t\t\t\t\t\t\t\t<figcaption class=\"widget-image-caption wp-caption-text\"><\/figcaption>\n\t\t\t\t\t\t\t\t\t\t<\/figure>\n\t\t\t\t\t\t\t\t\t<\/div>\n\t\t\t\t<\/div>\n\t\t\t\t<div class=\"elementor-element elementor-element-8cd8b58 elementor-widget elementor-widget-heading\" data-id=\"8cd8b58\" data-element_type=\"widget\" data-e-type=\"widget\" data-widget_type=\"heading.default\">\n\t\t\t\t<div class=\"elementor-widget-container\">\n\t\t\t\t\t<h3 class=\"elementor-heading-title elementor-size-default\">Platja de Sant Pol<\/h3>\t\t\t\t<\/div>\n\t\t\t\t<\/div>\n\t\t\t\t<div class=\"elementor-element elementor-element-cae791b elementor-widget elementor-widget-text-editor\" data-id=\"cae791b\" data-element_type=\"widget\" data-e-type=\"widget\" data-widget_type=\"text-editor.default\">\n\t\t\t\t<div class=\"elementor-widget-container\">\n\t\t\t\t\t\t\t\t\t<p>La sortida de S\u2019Agar\u00f3 ens mostra una magn\u00edfica perspectiva de la <strong>platja de Sant Pol<\/strong> i el <strong>Puig de les Forques<\/strong>, que tanca per l\u2019este la ciutat de Sant Feliu de Gu\u00edxols.<\/p>\t\t\t\t\t\t\t\t<\/div>\n\t\t\t\t<\/div>\n\t\t\t\t<div class=\"elementor-element elementor-element-e45fe93 elementor-widget elementor-widget-image\" data-id=\"e45fe93\" data-element_type=\"widget\" data-e-type=\"widget\" data-widget_type=\"image.default\">\n\t\t\t\t<div class=\"elementor-widget-container\">\n\t\t\t\t\t\t\t\t\t\t\t\t<figure class=\"wp-caption\">\n\t\t\t\t\t\t\t\t\t\t<img loading=\"lazy\" decoding=\"async\" width=\"768\" height=\"511\" src=\"https:\/\/www.elturistatranquil.com\/wp-content\/uploads\/F39-Platja-de-Sant-Pol.-Girona.jpg\" class=\"attachment-large size-large wp-image-31993\" alt=\"Platja de Sant Pol. Girona\" srcset=\"https:\/\/www.elturistatranquil.com\/wp-content\/uploads\/F39-Platja-de-Sant-Pol.-Girona.jpg 768w, https:\/\/www.elturistatranquil.com\/wp-content\/uploads\/F39-Platja-de-Sant-Pol.-Girona-339x226.jpg 339w\" sizes=\"(max-width: 768px) 100vw, 768px\" \/>\t\t\t\t\t\t\t\t\t\t\t<figcaption class=\"widget-image-caption wp-caption-text\"><\/figcaption>\n\t\t\t\t\t\t\t\t\t\t<\/figure>\n\t\t\t\t\t\t\t\t\t<\/div>\n\t\t\t\t<\/div>\n\t\t\t\t<div class=\"elementor-element elementor-element-6c7e5c2 elementor-widget elementor-widget-text-editor\" data-id=\"6c7e5c2\" data-element_type=\"widget\" data-e-type=\"widget\" data-widget_type=\"text-editor.default\">\n\t\t\t\t<div class=\"elementor-widget-container\">\n\t\t\t\t\t\t\t\t\t<p>Dos xalets criden l\u2019atenci\u00f3.<\/p>\t\t\t\t\t\t\t\t<\/div>\n\t\t\t\t<\/div>\n\t\t\t\t<div class=\"elementor-element elementor-element-bd2dd30 elementor-widget elementor-widget-image\" data-id=\"bd2dd30\" data-element_type=\"widget\" data-e-type=\"widget\" data-widget_type=\"image.default\">\n\t\t\t\t<div class=\"elementor-widget-container\">\n\t\t\t\t\t\t\t\t\t\t\t\t<figure class=\"wp-caption\">\n\t\t\t\t\t\t\t\t\t\t<img loading=\"lazy\" decoding=\"async\" width=\"768\" height=\"512\" src=\"https:\/\/www.elturistatranquil.com\/wp-content\/uploads\/F40-Platja-de-Sant-Pol.-Girona.jpg\" class=\"attachment-large size-large wp-image-31995\" alt=\"Platja de Sant Pol. Girona\" srcset=\"https:\/\/www.elturistatranquil.com\/wp-content\/uploads\/F40-Platja-de-Sant-Pol.-Girona.jpg 768w, https:\/\/www.elturistatranquil.com\/wp-content\/uploads\/F40-Platja-de-Sant-Pol.-Girona-339x226.jpg 339w\" sizes=\"(max-width: 768px) 100vw, 768px\" \/>\t\t\t\t\t\t\t\t\t\t\t<figcaption class=\"widget-image-caption wp-caption-text\"><\/figcaption>\n\t\t\t\t\t\t\t\t\t\t<\/figure>\n\t\t\t\t\t\t\t\t\t<\/div>\n\t\t\t\t<\/div>\n\t\t\t\t<div class=\"elementor-element elementor-element-9368c55 elementor-widget elementor-widget-text-editor\" data-id=\"9368c55\" data-element_type=\"widget\" data-e-type=\"widget\" data-widget_type=\"text-editor.default\">\n\t\t\t\t<div class=\"elementor-widget-container\">\n\t\t\t\t\t\t\t\t\t<p>La <strong>Casa Estrada<\/strong>, coneguda com <strong>Xalet de les Punxes<\/strong>, constru\u00efda entre 1890 i 1912, en estil <em>modernista<\/em>. <em>B\u00e9 Cultural d\u2019Inter\u00e8s Local\u00a0<\/em>(BCIL).<\/p>\t\t\t\t\t\t\t\t<\/div>\n\t\t\t\t<\/div>\n\t\t\t\t<div class=\"elementor-element elementor-element-e6f1778 elementor-widget elementor-widget-image\" data-id=\"e6f1778\" data-element_type=\"widget\" data-e-type=\"widget\" data-widget_type=\"image.default\">\n\t\t\t\t<div class=\"elementor-widget-container\">\n\t\t\t\t\t\t\t\t\t\t\t\t<figure class=\"wp-caption\">\n\t\t\t\t\t\t\t\t\t\t<img loading=\"lazy\" decoding=\"async\" width=\"768\" height=\"512\" src=\"https:\/\/www.elturistatranquil.com\/wp-content\/uploads\/F41-Casa-Estrada-Xalet-de-les-Punxes-Platja-de-Sant-Pol.-Girona.jpg\" class=\"attachment-large size-large wp-image-31997\" alt=\"Casa Estrada - Xalet de les Punxes, Platja de Sant Pol. Girona\" srcset=\"https:\/\/www.elturistatranquil.com\/wp-content\/uploads\/F41-Casa-Estrada-Xalet-de-les-Punxes-Platja-de-Sant-Pol.-Girona.jpg 768w, https:\/\/www.elturistatranquil.com\/wp-content\/uploads\/F41-Casa-Estrada-Xalet-de-les-Punxes-Platja-de-Sant-Pol.-Girona-339x226.jpg 339w\" sizes=\"(max-width: 768px) 100vw, 768px\" \/>\t\t\t\t\t\t\t\t\t\t\t<figcaption class=\"widget-image-caption wp-caption-text\"><\/figcaption>\n\t\t\t\t\t\t\t\t\t\t<\/figure>\n\t\t\t\t\t\t\t\t\t<\/div>\n\t\t\t\t<\/div>\n\t\t\t\t<div class=\"elementor-element elementor-element-dafc633 elementor-widget elementor-widget-text-editor\" data-id=\"dafc633\" data-element_type=\"widget\" data-e-type=\"widget\" data-widget_type=\"text-editor.default\">\n\t\t\t\t<div class=\"elementor-widget-container\">\n\t\t\t\t\t\t\t\t\t<p>La <strong>Casa Girbau Estrada<\/strong> de l&#8217;any 1910, d\u2019estil arquitect\u00f2nic modernista a noucentista, obra de <em>Josep Goday i Casals<\/em><strong>.<\/strong>\u00a0<\/p>\t\t\t\t\t\t\t\t<\/div>\n\t\t\t\t<\/div>\n\t\t\t\t<div class=\"elementor-element elementor-element-6a225ae elementor-widget elementor-widget-menu-anchor\" data-id=\"6a225ae\" data-element_type=\"widget\" data-e-type=\"widget\" data-widget_type=\"menu-anchor.default\">\n\t\t\t\t<div class=\"elementor-widget-container\">\n\t\t\t\t\t\t\t<div class=\"elementor-menu-anchor\" id=\"b4810\"><\/div>\n\t\t\t\t\t\t<\/div>\n\t\t\t\t<\/div>\n\t\t\t\t<div class=\"elementor-element elementor-element-a561903 elementor-widget elementor-widget-image\" data-id=\"a561903\" data-element_type=\"widget\" data-e-type=\"widget\" data-widget_type=\"image.default\">\n\t\t\t\t<div class=\"elementor-widget-container\">\n\t\t\t\t\t\t\t\t\t\t\t\t<figure class=\"wp-caption\">\n\t\t\t\t\t\t\t\t\t\t<img loading=\"lazy\" decoding=\"async\" width=\"768\" height=\"512\" src=\"https:\/\/www.elturistatranquil.com\/wp-content\/uploads\/F42-Casa-Girbau-Estrada-Platja-de-Sant-Pol.-Girona.jpg\" class=\"attachment-large size-large wp-image-31999\" alt=\"Casa Girbau Estrada , Platja de Sant Pol. Girona\" srcset=\"https:\/\/www.elturistatranquil.com\/wp-content\/uploads\/F42-Casa-Girbau-Estrada-Platja-de-Sant-Pol.-Girona.jpg 768w, https:\/\/www.elturistatranquil.com\/wp-content\/uploads\/F42-Casa-Girbau-Estrada-Platja-de-Sant-Pol.-Girona-339x226.jpg 339w\" sizes=\"(max-width: 768px) 100vw, 768px\" \/>\t\t\t\t\t\t\t\t\t\t\t<figcaption class=\"widget-image-caption wp-caption-text\"><\/figcaption>\n\t\t\t\t\t\t\t\t\t\t<\/figure>\n\t\t\t\t\t\t\t\t\t<\/div>\n\t\t\t\t<\/div>\n\t\t\t\t<div class=\"elementor-element elementor-element-6836575 elementor-widget elementor-widget-heading\" data-id=\"6836575\" data-element_type=\"widget\" data-e-type=\"widget\" data-widget_type=\"heading.default\">\n\t\t\t\t<div class=\"elementor-widget-container\">\n\t\t\t\t\t<h2 class=\"elementor-heading-title elementor-size-default\">Fi de la visita<\/h2>\t\t\t\t<\/div>\n\t\t\t\t<\/div>\n\t\t\t\t<div class=\"elementor-element elementor-element-3fdece4 elementor-widget elementor-widget-menu-anchor\" data-id=\"3fdece4\" data-element_type=\"widget\" data-e-type=\"widget\" data-widget_type=\"menu-anchor.default\">\n\t\t\t\t<div class=\"elementor-widget-container\">\n\t\t\t\t\t\t\t<div class=\"elementor-menu-anchor\" id=\"b4811\"><\/div>\n\t\t\t\t\t\t<\/div>\n\t\t\t\t<\/div>\n\t\t\t\t<div class=\"elementor-element elementor-element-d251310 elementor-widget elementor-widget-text-editor\" data-id=\"d251310\" data-element_type=\"widget\" data-e-type=\"widget\" data-widget_type=\"text-editor.default\">\n\t\t\t\t<div class=\"elementor-widget-container\">\n\t\t\t\t\t\t\t\t\t<p>Ha estat una visita a un lloc especial. Una vella idea d\u2019exclusivitat per a un conjunt residencial que es mant\u00e9 for\u00e7a intacta al llarg d\u2019un segle, i que sobreviu als canvis radicals que el turisme ha sofert, i ocasionat, al llarg d\u2019aquest lapsus de temps en tota la costa catalana i espanyola.<\/p><p>L\u2019elitisme de S\u2019Agar\u00f3 podia haver tingut contrapunts m\u00e9s democr\u00e0tics, com el projecte que per aquelles mateixes \u00e8poques inicials del primer ter\u00e7 del segle XX podien haver estat el <em>Poblat d\u2019Estiueig al municipi de Castell d\u2019Aro<\/em> dissenyat pels arquitectes <em>Josep Llu\u00eds Sert i L\u00f3pez<\/em> i <em>Josep Torres Clav\u00e9<\/em> (vegis el treball d&#8217;<a href=\"https:\/\/dugi-doc.udg.edu\/bitstream\/handle\/10256\/15794\/CampsQuerArnau_Treball.pdf?sequence=1&amp;fbclid=IwAR1mBya-fHXmubHnfs2ozIt8cmKFyVQACbrhN8KB19vpzk99Lf_X7cbO23c\" target=\"_blank\" rel=\"noopener\">Arnau Campos Quer<\/a>).<\/p><p>Per\u00f2 la historia d\u2019aquest pa\u00eds va anar per altres derroters: la democratitzaci\u00f3 i monetaritzaci\u00f3 del turisme va prendre camins banalitzadors i destructors del territori. Deixem-ho aqu\u00ed en el cotext auto limitat d\u2019aquest <em>Blog<\/em>.<\/p><p>Com a simples visitants, acceptem <strong>S\u2019Agar\u00f3<\/strong> com una obra hist\u00f2rica m\u00e9s en el territori, en aquest cas no prehist\u00f2rica, rom\u00e0nica, medieval &#8230;, sin\u00f3 com una <em>joia \u00fanica<\/em> del noucentisme de principis del segle XX que es mant\u00e9 viva, no en ru\u00efnes.<\/p>\t\t\t\t\t\t\t\t<\/div>\n\t\t\t\t<\/div>\n\t\t\t\t<div class=\"elementor-element elementor-element-f66aa3f elementor-widget elementor-widget-heading\" data-id=\"f66aa3f\" data-element_type=\"widget\" data-e-type=\"widget\" data-widget_type=\"heading.default\">\n\t\t\t\t<div class=\"elementor-widget-container\">\n\t\t\t\t\t<h2 class=\"elementor-heading-title elementor-size-default\">Bases d'informaci\u00f3<\/h2>\t\t\t\t<\/div>\n\t\t\t\t<\/div>\n\t\t\t\t<div class=\"elementor-element elementor-element-4075bb77 elementor-widget elementor-widget-text-editor\" data-id=\"4075bb77\" data-element_type=\"widget\" data-e-type=\"widget\" data-widget_type=\"text-editor.default\">\n\t\t\t\t<div class=\"elementor-widget-container\">\n\t\t\t\t\t\t\t\t\t<p><strong>Webs<\/strong><\/p><p><a href=\"https:\/\/ca.wikipedia.org\/wiki\/S%27Agar%C3%B3\" target=\"_blank\" rel=\"noopener\">wikipedia.ca<\/a><\/p><p><a href=\"https:\/\/es.wikipedia.org\/wiki\/S%27Agar%C3%B3\" target=\"_blank\" rel=\"noopener\">wikipedia.es<\/a><\/p><p><a href=\"https:\/\/www.enciclopedia.cat\/ec-gec-0057730.xml\" target=\"_blank\" rel=\"noopener\">granenciclopediacatalana<\/a><\/p><p><a href=\"https:\/\/www.lagavina.com\/historia\/\" target=\"_blank\" rel=\"noopener\">lagavina<\/a><\/p><p><a href=\"https:\/\/www.hotelsagaro.com\/es\/hotel-spa-costa-brava\/historia\" target=\"_blank\" rel=\"noopener\">hotelsagaro<\/a><\/p><p><a href=\"https:\/\/www.masoinmobiliaria.com\/es\/urbanizacion-de-lujo-en-sagaro\/\" target=\"_blank\" rel=\"noopener\">masoinmobiliaria<\/a><\/p><p><strong>Webs academic<\/strong><\/p><p>A. Camps Quer. <a href=\"https:\/\/dugi-doc.udg.edu\/bitstream\/handle\/10256\/15794\/CampsQuerArnau_Treball.pdf?sequence=1&amp;fbclid=IwAR1mBya-fHXmubHnfs2ozIt8cmKFyVQACbrhN8KB19vpzk99Lf_X7cbO23c\" target=\"_blank\" rel=\"noopener\"><em>Evoluci\u00f3 del model tur\u00edstic a Catalunya (1920-1930) Els exemples de S\u2019Agar\u00f3 i el Poblat d\u2019Estiueig al municipi de Castell d\u2019Aro<\/em><\/a><\/p><p><a href=\"http:\/\/invarquit.cultura.gencat.cat\/Cerca\/Fitxa?index=0&amp;consulta=&amp;codi=10934\" target=\"_blank\" rel=\"noopener\">\u00abS&#8217;Agar\u00f3\u00bb. <em>Inventari del Patrimoni Arquitect\u00f2nic de Catalunya. Direcci\u00f3 General del Patrimoni Cultural de la Generalitat de Catalunya<\/em><\/a><\/p><p>R.M. Fraguell Sansbell\u00f3. <a href=\"https:\/\/www.raco.cat\/index.php\/AnnalsEmpordanesos\/article\/view\/10.2436-20.8010.01.179\/393792\" target=\"_blank\" rel=\"noopener\"><em>El turisme: fenomen transformador del litoral empordan\u00e8s<\/em><\/a><\/p><p>B. Vidal Moreno. <a href=\"http:\/\/diposit.ub.edu\/dspace\/bitstream\/2445\/66565\/1\/TFM_EAHA_Beatriz_Vidal_Moreno.pdf\" target=\"_blank\" rel=\"noopener\"><em>Cat\u00e1logo comentado de las obras de Rafael Mas\u00f3 en la urbanizaci\u00f3n de S&#8217;Agar\u00f3 <\/em><\/a><\/p><p>M. Vilallonga. <a href=\"https:\/\/www.raco.cat\/index.php\/revistagirona\/article\/viewFile\/103637\/129798\" target=\"_blank\" rel=\"noopener\">S&#8217;Agar\u00f3, 75 anys<\/a><\/p><p><strong>Llibres citats<\/strong><\/p><p>Josep Pla (1973). <em>Costa Brava<\/em>, Ediciones Destino, Barcelona, 3a ed.<\/p><p>Alexandre Cirici (1975). <em>L&#8217;arquitectura catalana<\/em>, Ed. Teide, Barcelona. 2a ed.<\/p>\t\t\t\t\t\t\t\t<\/div>\n\t\t\t\t<\/div>\n\t\t\t\t\t<\/div>\n\t\t<\/div>\n\t\t\t\t\t<\/div>\n\t\t<\/section>\n\t\t\t\t<\/div>\n\t\t","protected":false},"excerpt":{"rendered":"<p>A S&#8217;Agar\u00f3 (Girona) ens trobem amb una urbanitzaci\u00f3 residencial de platja concebuda fa un segle amb un criteri arquitect\u00f2nic exclusivament basat en l&#8217;estil noucentista catal\u00e0, que es mant\u00e9 viva. S\u2019Agar\u00f3 &#8230; <a title=\"S\u2019Agar\u00f3 (Girona)\" class=\"read-more\" href=\"https:\/\/www.elturistatranquil.com\/ca\/sagaro-girona\/\" aria-label=\"M\u00e9s informaci\u00f3 sobre S\u2019Agar\u00f3 (Girona)\">[ &#8230; ]<\/a><\/p>\n","protected":false},"author":1,"featured_media":32019,"comment_status":"open","ping_status":"closed","sticky":false,"template":"","format":"standard","meta":{"footnotes":""},"categories":[70,249,77,135,87,99,107],"tags":[],"class_list":["post-32026","post","type-post","status-publish","format-standard","has-post-thumbnail","hentry","category-arquitectura-civil-ca","category-assentments-programats","category-conjunts-historics","category-girona-ca","category-joies-al-territori","category-poble","category-segle-xx-xxi","infinite-scroll-item","generate-columns","tablet-grid-50","mobile-grid-100","grid-parent","grid-50","no-featured-image-padding"],"yoast_head":"<!-- This site is optimized with the Yoast SEO plugin v27.4 - https:\/\/yoast.com\/product\/yoast-seo-wordpress\/ -->\n<title>S\u2019Agar\u00f3 (Girona) - El turista tranquil<\/title>\n<meta name=\"description\" content=\"A S&#039;Agar\u00f3 (Girona) ens trobem amb una urbanitzaci\u00f3 residencial de platja concebuda fa un segle, amb un criteri arquitect\u00f2nic exclusivament basat en l&#039;estil noucentista catal\u00e0, que es mant\u00e9 viva.\" \/>\n<meta name=\"robots\" content=\"index, follow, max-snippet:-1, max-image-preview:large, max-video-preview:-1\" \/>\n<link rel=\"canonical\" href=\"https:\/\/www.elturistatranquil.com\/ca\/sagaro-girona\/\" \/>\n<meta property=\"og:locale\" content=\"ca_ES\" \/>\n<meta property=\"og:type\" content=\"article\" \/>\n<meta property=\"og:title\" content=\"S\u2019Agar\u00f3 (Girona) - El turista tranquil\" \/>\n<meta property=\"og:description\" content=\"A S&#039;Agar\u00f3 (Girona) ens trobem amb una urbanitzaci\u00f3 residencial de platja concebuda fa un segle, amb un criteri arquitect\u00f2nic exclusivament basat en l&#039;estil noucentista catal\u00e0, que es mant\u00e9 viva.\" \/>\n<meta property=\"og:url\" content=\"https:\/\/www.elturistatranquil.com\/ca\/sagaro-girona\/\" \/>\n<meta property=\"og:site_name\" content=\"El turista tranquil\" \/>\n<meta property=\"article:publisher\" content=\"https:\/\/www.facebook.com\/elturistatranquilo\/\" \/>\n<meta property=\"article:published_time\" content=\"2020-08-29T08:10:29+00:00\" \/>\n<meta property=\"article:modified_time\" content=\"2020-08-29T08:20:58+00:00\" \/>\n<meta property=\"og:image\" content=\"https:\/\/www.elturistatranquil.com\/wp-content\/uploads\/F00c-SAgaro-Girona.jpg\" \/>\n\t<meta property=\"og:image:width\" content=\"768\" \/>\n\t<meta property=\"og:image:height\" content=\"511\" \/>\n\t<meta property=\"og:image:type\" content=\"image\/jpeg\" \/>\n<meta name=\"author\" content=\"admin\" \/>\n<meta name=\"twitter:card\" content=\"summary_large_image\" \/>\n<meta name=\"twitter:label1\" content=\"Escrit per\" \/>\n\t<meta name=\"twitter:data1\" content=\"admin\" \/>\n\t<meta name=\"twitter:label2\" content=\"Temps estimat de lectura\" \/>\n\t<meta name=\"twitter:data2\" content=\"12 minuts\" \/>\n<script type=\"application\/ld+json\" class=\"yoast-schema-graph\">{\"@context\":\"https:\\\/\\\/schema.org\",\"@graph\":[{\"@type\":\"Article\",\"@id\":\"https:\\\/\\\/www.elturistatranquil.com\\\/ca\\\/sagaro-girona\\\/#article\",\"isPartOf\":{\"@id\":\"https:\\\/\\\/www.elturistatranquil.com\\\/ca\\\/sagaro-girona\\\/\"},\"author\":{\"name\":\"admin\",\"@id\":\"https:\\\/\\\/www.elturistatranquil.com\\\/ca\\\/#\\\/schema\\\/person\\\/16f607c3079b96ed0c530a52e6b58bb5\"},\"headline\":\"S\u2019Agar\u00f3 (Girona)\",\"datePublished\":\"2020-08-29T08:10:29+00:00\",\"dateModified\":\"2020-08-29T08:20:58+00:00\",\"mainEntityOfPage\":{\"@id\":\"https:\\\/\\\/www.elturistatranquil.com\\\/ca\\\/sagaro-girona\\\/\"},\"wordCount\":2369,\"commentCount\":0,\"image\":{\"@id\":\"https:\\\/\\\/www.elturistatranquil.com\\\/ca\\\/sagaro-girona\\\/#primaryimage\"},\"thumbnailUrl\":\"https:\\\/\\\/www.elturistatranquil.com\\\/wp-content\\\/uploads\\\/F00c-SAgaro-Girona.jpg\",\"articleSection\":[\"Arquitectura civil\",\"Assentaments programats\",\"Conjunts hist\u00f2rics\",\"Girona\",\"Joies al territori\",\"Poble\",\"Segle XX-XXI\"],\"inLanguage\":\"ca\",\"potentialAction\":[{\"@type\":\"CommentAction\",\"name\":\"Comment\",\"target\":[\"https:\\\/\\\/www.elturistatranquil.com\\\/ca\\\/sagaro-girona\\\/#respond\"]}]},{\"@type\":\"WebPage\",\"@id\":\"https:\\\/\\\/www.elturistatranquil.com\\\/ca\\\/sagaro-girona\\\/\",\"url\":\"https:\\\/\\\/www.elturistatranquil.com\\\/ca\\\/sagaro-girona\\\/\",\"name\":\"S\u2019Agar\u00f3 (Girona) - El turista tranquil\",\"isPartOf\":{\"@id\":\"https:\\\/\\\/www.elturistatranquil.com\\\/ca\\\/#website\"},\"primaryImageOfPage\":{\"@id\":\"https:\\\/\\\/www.elturistatranquil.com\\\/ca\\\/sagaro-girona\\\/#primaryimage\"},\"image\":{\"@id\":\"https:\\\/\\\/www.elturistatranquil.com\\\/ca\\\/sagaro-girona\\\/#primaryimage\"},\"thumbnailUrl\":\"https:\\\/\\\/www.elturistatranquil.com\\\/wp-content\\\/uploads\\\/F00c-SAgaro-Girona.jpg\",\"datePublished\":\"2020-08-29T08:10:29+00:00\",\"dateModified\":\"2020-08-29T08:20:58+00:00\",\"author\":{\"@id\":\"https:\\\/\\\/www.elturistatranquil.com\\\/ca\\\/#\\\/schema\\\/person\\\/16f607c3079b96ed0c530a52e6b58bb5\"},\"description\":\"A S'Agar\u00f3 (Girona) ens trobem amb una urbanitzaci\u00f3 residencial de platja concebuda fa un segle, amb un criteri arquitect\u00f2nic exclusivament basat en l'estil noucentista catal\u00e0, que es mant\u00e9 viva.\",\"breadcrumb\":{\"@id\":\"https:\\\/\\\/www.elturistatranquil.com\\\/ca\\\/sagaro-girona\\\/#breadcrumb\"},\"inLanguage\":\"ca\",\"potentialAction\":[{\"@type\":\"ReadAction\",\"target\":[\"https:\\\/\\\/www.elturistatranquil.com\\\/ca\\\/sagaro-girona\\\/\"]}]},{\"@type\":\"ImageObject\",\"inLanguage\":\"ca\",\"@id\":\"https:\\\/\\\/www.elturistatranquil.com\\\/ca\\\/sagaro-girona\\\/#primaryimage\",\"url\":\"https:\\\/\\\/www.elturistatranquil.com\\\/wp-content\\\/uploads\\\/F00c-SAgaro-Girona.jpg\",\"contentUrl\":\"https:\\\/\\\/www.elturistatranquil.com\\\/wp-content\\\/uploads\\\/F00c-SAgaro-Girona.jpg\",\"width\":768,\"height\":511,\"caption\":\"S'Agaro, Girona\"},{\"@type\":\"BreadcrumbList\",\"@id\":\"https:\\\/\\\/www.elturistatranquil.com\\\/ca\\\/sagaro-girona\\\/#breadcrumb\",\"itemListElement\":[{\"@type\":\"ListItem\",\"position\":1,\"name\":\"Portada\",\"item\":\"https:\\\/\\\/www.elturistatranquil.com\\\/ca\\\/\"},{\"@type\":\"ListItem\",\"position\":2,\"name\":\"S\u2019Agar\u00f3 (Girona)\"}]},{\"@type\":\"WebSite\",\"@id\":\"https:\\\/\\\/www.elturistatranquil.com\\\/ca\\\/#website\",\"url\":\"https:\\\/\\\/www.elturistatranquil.com\\\/ca\\\/\",\"name\":\"El turista tranquil\",\"description\":\"Blog de viatges\",\"potentialAction\":[{\"@type\":\"SearchAction\",\"target\":{\"@type\":\"EntryPoint\",\"urlTemplate\":\"https:\\\/\\\/www.elturistatranquil.com\\\/ca\\\/?s={search_term_string}\"},\"query-input\":{\"@type\":\"PropertyValueSpecification\",\"valueRequired\":true,\"valueName\":\"search_term_string\"}}],\"inLanguage\":\"ca\"},{\"@type\":\"Person\",\"@id\":\"https:\\\/\\\/www.elturistatranquil.com\\\/ca\\\/#\\\/schema\\\/person\\\/16f607c3079b96ed0c530a52e6b58bb5\",\"name\":\"admin\",\"image\":{\"@type\":\"ImageObject\",\"inLanguage\":\"ca\",\"@id\":\"https:\\\/\\\/secure.gravatar.com\\\/avatar\\\/1fbaf22aee75fcbb29a2f97b107f95d25d3a19b7c3416105be10269872673e8d?s=96&d=mm&r=g\",\"url\":\"https:\\\/\\\/secure.gravatar.com\\\/avatar\\\/1fbaf22aee75fcbb29a2f97b107f95d25d3a19b7c3416105be10269872673e8d?s=96&d=mm&r=g\",\"contentUrl\":\"https:\\\/\\\/secure.gravatar.com\\\/avatar\\\/1fbaf22aee75fcbb29a2f97b107f95d25d3a19b7c3416105be10269872673e8d?s=96&d=mm&r=g\",\"caption\":\"admin\"}}]}<\/script>\n<!-- \/ Yoast SEO plugin. -->","yoast_head_json":{"title":"S\u2019Agar\u00f3 (Girona) - El turista tranquil","description":"A S'Agar\u00f3 (Girona) ens trobem amb una urbanitzaci\u00f3 residencial de platja concebuda fa un segle, amb un criteri arquitect\u00f2nic exclusivament basat en l'estil noucentista catal\u00e0, que es mant\u00e9 viva.","robots":{"index":"index","follow":"follow","max-snippet":"max-snippet:-1","max-image-preview":"max-image-preview:large","max-video-preview":"max-video-preview:-1"},"canonical":"https:\/\/www.elturistatranquil.com\/ca\/sagaro-girona\/","og_locale":"ca_ES","og_type":"article","og_title":"S\u2019Agar\u00f3 (Girona) - El turista tranquil","og_description":"A S'Agar\u00f3 (Girona) ens trobem amb una urbanitzaci\u00f3 residencial de platja concebuda fa un segle, amb un criteri arquitect\u00f2nic exclusivament basat en l'estil noucentista catal\u00e0, que es mant\u00e9 viva.","og_url":"https:\/\/www.elturistatranquil.com\/ca\/sagaro-girona\/","og_site_name":"El turista tranquil","article_publisher":"https:\/\/www.facebook.com\/elturistatranquilo\/","article_published_time":"2020-08-29T08:10:29+00:00","article_modified_time":"2020-08-29T08:20:58+00:00","og_image":[{"width":768,"height":511,"url":"https:\/\/www.elturistatranquil.com\/wp-content\/uploads\/F00c-SAgaro-Girona.jpg","type":"image\/jpeg"}],"author":"admin","twitter_card":"summary_large_image","twitter_misc":{"Escrit per":"admin","Temps estimat de lectura":"12 minuts"},"schema":{"@context":"https:\/\/schema.org","@graph":[{"@type":"Article","@id":"https:\/\/www.elturistatranquil.com\/ca\/sagaro-girona\/#article","isPartOf":{"@id":"https:\/\/www.elturistatranquil.com\/ca\/sagaro-girona\/"},"author":{"name":"admin","@id":"https:\/\/www.elturistatranquil.com\/ca\/#\/schema\/person\/16f607c3079b96ed0c530a52e6b58bb5"},"headline":"S\u2019Agar\u00f3 (Girona)","datePublished":"2020-08-29T08:10:29+00:00","dateModified":"2020-08-29T08:20:58+00:00","mainEntityOfPage":{"@id":"https:\/\/www.elturistatranquil.com\/ca\/sagaro-girona\/"},"wordCount":2369,"commentCount":0,"image":{"@id":"https:\/\/www.elturistatranquil.com\/ca\/sagaro-girona\/#primaryimage"},"thumbnailUrl":"https:\/\/www.elturistatranquil.com\/wp-content\/uploads\/F00c-SAgaro-Girona.jpg","articleSection":["Arquitectura civil","Assentaments programats","Conjunts hist\u00f2rics","Girona","Joies al territori","Poble","Segle XX-XXI"],"inLanguage":"ca","potentialAction":[{"@type":"CommentAction","name":"Comment","target":["https:\/\/www.elturistatranquil.com\/ca\/sagaro-girona\/#respond"]}]},{"@type":"WebPage","@id":"https:\/\/www.elturistatranquil.com\/ca\/sagaro-girona\/","url":"https:\/\/www.elturistatranquil.com\/ca\/sagaro-girona\/","name":"S\u2019Agar\u00f3 (Girona) - El turista tranquil","isPartOf":{"@id":"https:\/\/www.elturistatranquil.com\/ca\/#website"},"primaryImageOfPage":{"@id":"https:\/\/www.elturistatranquil.com\/ca\/sagaro-girona\/#primaryimage"},"image":{"@id":"https:\/\/www.elturistatranquil.com\/ca\/sagaro-girona\/#primaryimage"},"thumbnailUrl":"https:\/\/www.elturistatranquil.com\/wp-content\/uploads\/F00c-SAgaro-Girona.jpg","datePublished":"2020-08-29T08:10:29+00:00","dateModified":"2020-08-29T08:20:58+00:00","author":{"@id":"https:\/\/www.elturistatranquil.com\/ca\/#\/schema\/person\/16f607c3079b96ed0c530a52e6b58bb5"},"description":"A S'Agar\u00f3 (Girona) ens trobem amb una urbanitzaci\u00f3 residencial de platja concebuda fa un segle, amb un criteri arquitect\u00f2nic exclusivament basat en l'estil noucentista catal\u00e0, que es mant\u00e9 viva.","breadcrumb":{"@id":"https:\/\/www.elturistatranquil.com\/ca\/sagaro-girona\/#breadcrumb"},"inLanguage":"ca","potentialAction":[{"@type":"ReadAction","target":["https:\/\/www.elturistatranquil.com\/ca\/sagaro-girona\/"]}]},{"@type":"ImageObject","inLanguage":"ca","@id":"https:\/\/www.elturistatranquil.com\/ca\/sagaro-girona\/#primaryimage","url":"https:\/\/www.elturistatranquil.com\/wp-content\/uploads\/F00c-SAgaro-Girona.jpg","contentUrl":"https:\/\/www.elturistatranquil.com\/wp-content\/uploads\/F00c-SAgaro-Girona.jpg","width":768,"height":511,"caption":"S'Agaro, Girona"},{"@type":"BreadcrumbList","@id":"https:\/\/www.elturistatranquil.com\/ca\/sagaro-girona\/#breadcrumb","itemListElement":[{"@type":"ListItem","position":1,"name":"Portada","item":"https:\/\/www.elturistatranquil.com\/ca\/"},{"@type":"ListItem","position":2,"name":"S\u2019Agar\u00f3 (Girona)"}]},{"@type":"WebSite","@id":"https:\/\/www.elturistatranquil.com\/ca\/#website","url":"https:\/\/www.elturistatranquil.com\/ca\/","name":"El turista tranquil","description":"Blog de viatges","potentialAction":[{"@type":"SearchAction","target":{"@type":"EntryPoint","urlTemplate":"https:\/\/www.elturistatranquil.com\/ca\/?s={search_term_string}"},"query-input":{"@type":"PropertyValueSpecification","valueRequired":true,"valueName":"search_term_string"}}],"inLanguage":"ca"},{"@type":"Person","@id":"https:\/\/www.elturistatranquil.com\/ca\/#\/schema\/person\/16f607c3079b96ed0c530a52e6b58bb5","name":"admin","image":{"@type":"ImageObject","inLanguage":"ca","@id":"https:\/\/secure.gravatar.com\/avatar\/1fbaf22aee75fcbb29a2f97b107f95d25d3a19b7c3416105be10269872673e8d?s=96&d=mm&r=g","url":"https:\/\/secure.gravatar.com\/avatar\/1fbaf22aee75fcbb29a2f97b107f95d25d3a19b7c3416105be10269872673e8d?s=96&d=mm&r=g","contentUrl":"https:\/\/secure.gravatar.com\/avatar\/1fbaf22aee75fcbb29a2f97b107f95d25d3a19b7c3416105be10269872673e8d?s=96&d=mm&r=g","caption":"admin"}}]}},"_links":{"self":[{"href":"https:\/\/www.elturistatranquil.com\/ca\/wp-json\/wp\/v2\/posts\/32026","targetHints":{"allow":["GET"]}}],"collection":[{"href":"https:\/\/www.elturistatranquil.com\/ca\/wp-json\/wp\/v2\/posts"}],"about":[{"href":"https:\/\/www.elturistatranquil.com\/ca\/wp-json\/wp\/v2\/types\/post"}],"author":[{"embeddable":true,"href":"https:\/\/www.elturistatranquil.com\/ca\/wp-json\/wp\/v2\/users\/1"}],"replies":[{"embeddable":true,"href":"https:\/\/www.elturistatranquil.com\/ca\/wp-json\/wp\/v2\/comments?post=32026"}],"version-history":[{"count":5,"href":"https:\/\/www.elturistatranquil.com\/ca\/wp-json\/wp\/v2\/posts\/32026\/revisions"}],"predecessor-version":[{"id":32626,"href":"https:\/\/www.elturistatranquil.com\/ca\/wp-json\/wp\/v2\/posts\/32026\/revisions\/32626"}],"wp:featuredmedia":[{"embeddable":true,"href":"https:\/\/www.elturistatranquil.com\/ca\/wp-json\/wp\/v2\/media\/32019"}],"wp:attachment":[{"href":"https:\/\/www.elturistatranquil.com\/ca\/wp-json\/wp\/v2\/media?parent=32026"}],"wp:term":[{"taxonomy":"category","embeddable":true,"href":"https:\/\/www.elturistatranquil.com\/ca\/wp-json\/wp\/v2\/categories?post=32026"},{"taxonomy":"post_tag","embeddable":true,"href":"https:\/\/www.elturistatranquil.com\/ca\/wp-json\/wp\/v2\/tags?post=32026"}],"curies":[{"name":"wp","href":"https:\/\/api.w.org\/{rel}","templated":true}]}}