{"id":32249,"date":"2020-09-19T09:46:06","date_gmt":"2020-09-19T07:46:06","guid":{"rendered":"https:\/\/www.elturistatranquil.com\/?p=32249"},"modified":"2023-12-10T10:14:51","modified_gmt":"2023-12-10T09:14:51","slug":"arraioz-irurita-i-elizondo-baztan-navarra","status":"publish","type":"post","link":"https:\/\/www.elturistatranquil.com\/ca\/arraioz-irurita-i-elizondo-baztan-navarra\/","title":{"rendered":"Arraioz, Irurita i Elizondo (Bazt\u00e1n, Navarra)"},"content":{"rendered":"\t\t<div data-elementor-type=\"wp-post\" data-elementor-id=\"32249\" class=\"elementor elementor-32249 elementor-32076\" data-elementor-post-type=\"post\">\n\t\t\t\t\t\t<section class=\"elementor-section elementor-top-section elementor-element elementor-element-53f33243 elementor-section-boxed elementor-section-height-default elementor-section-height-default\" data-id=\"53f33243\" data-element_type=\"section\" data-e-type=\"section\">\n\t\t\t\t\t\t<div class=\"elementor-container elementor-column-gap-default\">\n\t\t\t\t\t<div class=\"elementor-column elementor-col-100 elementor-top-column elementor-element elementor-element-2bd3ee00\" data-id=\"2bd3ee00\" data-element_type=\"column\" data-e-type=\"column\">\n\t\t\t<div class=\"elementor-widget-wrap elementor-element-populated\">\n\t\t\t\t\t\t<section class=\"elementor-section elementor-inner-section elementor-element elementor-element-4fdc4ea1 elementor-section-content-middle elementor-section-boxed elementor-section-height-default elementor-section-height-default\" data-id=\"4fdc4ea1\" data-element_type=\"section\" data-e-type=\"section\">\n\t\t\t\t\t\t<div class=\"elementor-container elementor-column-gap-default\">\n\t\t\t\t\t<div class=\"elementor-column elementor-col-100 elementor-inner-column elementor-element elementor-element-747593fd\" data-id=\"747593fd\" data-element_type=\"column\" data-e-type=\"column\">\n\t\t\t<div class=\"elementor-widget-wrap elementor-element-populated\">\n\t\t\t\t\t\t<div class=\"elementor-element elementor-element-294552b6 elementor-widget elementor-widget-text-editor\" data-id=\"294552b6\" data-element_type=\"widget\" data-e-type=\"widget\" data-widget_type=\"text-editor.default\">\n\t\t\t\t<div class=\"elementor-widget-container\">\n\t\t\t\t\t\t\t\t\t<p><em>Arraioz, Irurita i Elizondo<\/em> s\u00f3n tres localitats del municipi de Bazt\u00e1n, a la Vall de Bazt\u00e1n (Navarra). Llocs vius ancorats en l&#8217;arquitectura i l&#8217;urbanisme navarr\u00e8s secular.<\/p>\t\t\t\t\t\t\t\t<\/div>\n\t\t\t\t<\/div>\n\t\t\t\t\t<\/div>\n\t\t<\/div>\n\t\t\t\t\t<\/div>\n\t\t<\/section>\n\t\t\t\t<div class=\"elementor-element elementor-element-696e5cf1 elementor-widget elementor-widget-heading\" data-id=\"696e5cf1\" data-element_type=\"widget\" data-e-type=\"widget\" data-widget_type=\"heading.default\">\n\t\t\t\t<div class=\"elementor-widget-container\">\n\t\t\t\t\t<h1 class=\"elementor-heading-title elementor-size-default\">Arraioz, Irurita i Elizondo (Bazt\u00e1n, Navarra)<\/h1>\t\t\t\t<\/div>\n\t\t\t\t<\/div>\n\t\t\t\t\t<\/div>\n\t\t<\/div>\n\t\t\t\t\t<\/div>\n\t\t<\/section>\n\t\t\t\t<section class=\"elementor-section elementor-top-section elementor-element elementor-element-1bbf6259 elementor-section-boxed elementor-section-height-default elementor-section-height-default\" data-id=\"1bbf6259\" data-element_type=\"section\" data-e-type=\"section\">\n\t\t\t\t\t\t<div class=\"elementor-container elementor-column-gap-default\">\n\t\t\t\t\t<div class=\"elementor-column elementor-col-100 elementor-top-column elementor-element elementor-element-22951184\" data-id=\"22951184\" data-element_type=\"column\" data-e-type=\"column\">\n\t\t\t<div class=\"elementor-widget-wrap elementor-element-populated\">\n\t\t\t\t\t\t<div class=\"elementor-element elementor-element-6701e4e0 elementor-widget elementor-widget-image\" data-id=\"6701e4e0\" data-element_type=\"widget\" data-e-type=\"widget\" data-widget_type=\"image.default\">\n\t\t\t\t<div class=\"elementor-widget-container\">\n\t\t\t\t\t\t\t\t\t\t\t\t<figure class=\"wp-caption\">\n\t\t\t\t\t\t\t\t\t\t<img fetchpriority=\"high\" decoding=\"async\" width=\"768\" height=\"512\" src=\"https:\/\/www.elturistatranquil.com\/wp-content\/uploads\/F01-Escudo-de-Baztan.jpg\" class=\"attachment-large size-large wp-image-32093\" alt=\"Escudo de Baztan\" srcset=\"https:\/\/www.elturistatranquil.com\/wp-content\/uploads\/F01-Escudo-de-Baztan.jpg 768w, https:\/\/www.elturistatranquil.com\/wp-content\/uploads\/F01-Escudo-de-Baztan-339x226.jpg 339w\" sizes=\"(max-width: 768px) 100vw, 768px\" \/>\t\t\t\t\t\t\t\t\t\t\t<figcaption class=\"widget-image-caption wp-caption-text\">Escut de Bazt\u00e1n<\/figcaption>\n\t\t\t\t\t\t\t\t\t\t<\/figure>\n\t\t\t\t\t\t\t\t\t<\/div>\n\t\t\t\t<\/div>\n\t\t\t\t<div class=\"elementor-element elementor-element-1b6a3823 elementor-widget elementor-widget-spacer\" data-id=\"1b6a3823\" data-element_type=\"widget\" data-e-type=\"widget\" data-widget_type=\"spacer.default\">\n\t\t\t\t<div class=\"elementor-widget-container\">\n\t\t\t\t\t\t\t<div class=\"elementor-spacer\">\n\t\t\t<div class=\"elementor-spacer-inner\"><\/div>\n\t\t<\/div>\n\t\t\t\t\t\t<\/div>\n\t\t\t\t<\/div>\n\t\t\t\t<div class=\"elementor-element elementor-element-527ae651 elementor-widget elementor-widget-heading\" data-id=\"527ae651\" data-element_type=\"widget\" data-e-type=\"widget\" data-widget_type=\"heading.default\">\n\t\t\t\t<div class=\"elementor-widget-container\">\n\t\t\t\t\t<h2 class=\"elementor-heading-title elementor-size-default\">Arraioz, Irurita i Elizondo. Bazt\u00e1n, Navarra<\/h2>\t\t\t\t<\/div>\n\t\t\t\t<\/div>\n\t\t\t\t<section class=\"elementor-section elementor-inner-section elementor-element elementor-element-2ff4090d elementor-section-boxed elementor-section-height-default elementor-section-height-default\" data-id=\"2ff4090d\" data-element_type=\"section\" data-e-type=\"section\" data-settings=\"{&quot;background_background&quot;:&quot;classic&quot;}\">\n\t\t\t\t\t\t\t<div class=\"elementor-background-overlay\"><\/div>\n\t\t\t\t\t\t\t<div class=\"elementor-container elementor-column-gap-default\">\n\t\t\t\t\t<div class=\"elementor-column elementor-col-100 elementor-inner-column elementor-element elementor-element-7daa0e94\" data-id=\"7daa0e94\" data-element_type=\"column\" data-e-type=\"column\" data-settings=\"{&quot;background_background&quot;:&quot;classic&quot;}\">\n\t\t\t<div class=\"elementor-widget-wrap elementor-element-populated\">\n\t\t\t\t\t\t<div class=\"elementor-element elementor-element-12f3659 elementor-widget elementor-widget-text-editor\" data-id=\"12f3659\" data-element_type=\"widget\" data-e-type=\"widget\" data-widget_type=\"text-editor.default\">\n\t\t\t\t<div class=\"elementor-widget-container\">\n\t\t\t\t\t\t\t\t\t<p>Municipi: Bazt\u00e1n. Comarca geogr\u00e0fica: Navarra Atl\u00e0ntica. Prov\u00edncia: Navarra. Com. Aut\u00f2noma: Comunitat Foral de Navarra<\/p><p>Coordenades de l\u2019Ajuntament: 43\u00b008\u203248\u2033N 1\u00b031\u203201\u2033O. Altitud a l\u2019Ajuntament: 197 msnm. Habitants: 7.777 (2019).<\/p><p>Web: <a href=\"http:\/\/www.baztan.eus\/es\/\" target=\"_blank\" rel=\"noopener\">ajuntament<\/a><\/p><p>Visita: 2019<\/p>\t\t\t\t\t\t\t\t<\/div>\n\t\t\t\t<\/div>\n\t\t\t\t\t<\/div>\n\t\t<\/div>\n\t\t\t\t\t<\/div>\n\t\t<\/section>\n\t\t\t\t<div class=\"elementor-element elementor-element-7a48fb01 elementor-widget elementor-widget-image\" data-id=\"7a48fb01\" data-element_type=\"widget\" data-e-type=\"widget\" data-widget_type=\"image.default\">\n\t\t\t\t<div class=\"elementor-widget-container\">\n\t\t\t\t\t\t\t\t\t\t\t\t<figure class=\"wp-caption\">\n\t\t\t\t\t\t\t\t\t\t<img decoding=\"async\" width=\"768\" height=\"512\" src=\"https:\/\/www.elturistatranquil.com\/wp-content\/uploads\/F02ca-Baztan-Google-Maps-2020-07-22.jpg\" class=\"attachment-medium_large size-medium_large wp-image-32251\" alt=\"Baztan (Google Maps 2020-07-22)\" srcset=\"https:\/\/www.elturistatranquil.com\/wp-content\/uploads\/F02ca-Baztan-Google-Maps-2020-07-22.jpg 768w, https:\/\/www.elturistatranquil.com\/wp-content\/uploads\/F02ca-Baztan-Google-Maps-2020-07-22-339x226.jpg 339w\" sizes=\"(max-width: 768px) 100vw, 768px\" \/>\t\t\t\t\t\t\t\t\t\t\t<figcaption class=\"widget-image-caption wp-caption-text\">Mapa de localitzaci\u00f3 (Google Maps 2020-07-22)<\/figcaption>\n\t\t\t\t\t\t\t\t\t\t<\/figure>\n\t\t\t\t\t\t\t\t\t<\/div>\n\t\t\t\t<\/div>\n\t\t\t\t<section class=\"elementor-section elementor-inner-section elementor-element elementor-element-213efb9f elementor-section-boxed elementor-section-height-default elementor-section-height-default\" data-id=\"213efb9f\" data-element_type=\"section\" data-e-type=\"section\" data-settings=\"{&quot;background_background&quot;:&quot;classic&quot;}\">\n\t\t\t\t\t\t<div class=\"elementor-container elementor-column-gap-default\">\n\t\t\t\t\t<div class=\"elementor-column elementor-col-100 elementor-inner-column elementor-element elementor-element-772bbdf\" data-id=\"772bbdf\" data-element_type=\"column\" data-e-type=\"column\">\n\t\t\t<div class=\"elementor-widget-wrap elementor-element-populated\">\n\t\t\t\t\t\t<div class=\"elementor-element elementor-element-a0e43b6 elementor-widget elementor-widget-text-editor\" data-id=\"a0e43b6\" data-element_type=\"widget\" data-e-type=\"widget\" data-widget_type=\"text-editor.default\">\n\t\t\t\t<div class=\"elementor-widget-container\">\n\t\t\t\t\t\t\t\t\t<p style=\"text-align: center;\"><strong>\u00cdndex<\/strong><\/p>\t\t\t\t\t\t\t\t<\/div>\n\t\t\t\t<\/div>\n\t\t\t\t<div class=\"elementor-element elementor-element-75ecc1f2 elementor-widget elementor-widget-text-editor\" data-id=\"75ecc1f2\" data-element_type=\"widget\" data-e-type=\"widget\" data-widget_type=\"text-editor.default\">\n\t\t\t\t<div class=\"elementor-widget-container\">\n\t\t\t\t\t\t\t\t\t<p><a href=\"https:\/\/www.elturistatranquil.com\/ca\/arraioz,-irurita-i-elizondo-baztan-navarra\/#c5701\">Arraioz, Irurita i Elizondo. Bazt\u00e1n, Navarra<\/a><\/p><p><a href=\"https:\/\/www.elturistatranquil.com\/ca\/arraioz,-irurita-i-elizondo-baztan-navarra\/#c5702\">El territori: El Valle de Bazt\u00e1n i el municipi de Bazt\u00e1n<\/a><\/p><p><a href=\"https:\/\/www.elturistatranquil.com\/ca\/arraioz,-irurita-i-elizondo-baztan-navarra\/#c5703\">Una mica d&#8217;hist\u00f2ria<\/a><\/p><p><a href=\"https:\/\/www.elturistatranquil.com\/ca\/arraioz,-irurita-i-elizondo-baztan-navarra\/#c5704\">Recorregut per Arraioz, Irurita i Elizondo<\/a><\/p><p style=\"padding-left: 40px;\"><a href=\"https:\/\/www.elturistatranquil.com\/ca\/arraioz,-irurita-i-elizondo-baztan-navarra\/#c5705\">Arraioz<\/a><\/p><p style=\"padding-left: 80px;\"><a href=\"https:\/\/www.elturistatranquil.com\/ca\/arraioz,-irurita-i-elizondo-baztan-navarra\/#c5706\">Palau de Zubiria<\/a><\/p><p style=\"padding-left: 40px;\"><a href=\"https:\/\/www.elturistatranquil.com\/ca\/arraioz,-irurita-i-elizondo-baztan-navarra\/#c5707\">Irurita<\/a><\/p><p style=\"padding-left: 40px;\"><a href=\"https:\/\/www.elturistatranquil.com\/ca\/arraioz,-irurita-i-elizondo-baztan-navarra\/#c5708\">Elizondo<\/a><\/p><p><a href=\"https:\/\/www.elturistatranquil.com\/ca\/arraioz,-irurita-i-elizondo-baztan-navarra\/#c5709\">Fi de la visita<\/a><\/p><p><a href=\"https:\/\/www.elturistatranquil.com\/ca\/arraioz,-irurita-i-elizondo-baztan-navarra\/#c5710\">Bases d\u2019informaci\u00f3<\/a><\/p>\t\t\t\t\t\t\t\t<\/div>\n\t\t\t\t<\/div>\n\t\t\t\t\t<\/div>\n\t\t<\/div>\n\t\t\t\t\t<\/div>\n\t\t<\/section>\n\t\t\t\t<div class=\"elementor-element elementor-element-73132f1f elementor-widget elementor-widget-spacer\" data-id=\"73132f1f\" data-element_type=\"widget\" data-e-type=\"widget\" data-widget_type=\"spacer.default\">\n\t\t\t\t<div class=\"elementor-widget-container\">\n\t\t\t\t\t\t\t<div class=\"elementor-spacer\">\n\t\t\t<div class=\"elementor-spacer-inner\"><\/div>\n\t\t<\/div>\n\t\t\t\t\t\t<\/div>\n\t\t\t\t<\/div>\n\t\t\t\t<div class=\"elementor-element elementor-element-2bd2ed3c elementor-widget elementor-widget-menu-anchor\" data-id=\"2bd2ed3c\" data-element_type=\"widget\" data-e-type=\"widget\" data-widget_type=\"menu-anchor.default\">\n\t\t\t\t<div class=\"elementor-widget-container\">\n\t\t\t\t\t\t\t<div class=\"elementor-menu-anchor\" id=\"c5701\"><\/div>\n\t\t\t\t\t\t<\/div>\n\t\t\t\t<\/div>\n\t\t\t\t<div class=\"elementor-element elementor-element-2155d397 elementor-widget elementor-widget-spacer\" data-id=\"2155d397\" data-element_type=\"widget\" data-e-type=\"widget\" data-widget_type=\"spacer.default\">\n\t\t\t\t<div class=\"elementor-widget-container\">\n\t\t\t\t\t\t\t<div class=\"elementor-spacer\">\n\t\t\t<div class=\"elementor-spacer-inner\"><\/div>\n\t\t<\/div>\n\t\t\t\t\t\t<\/div>\n\t\t\t\t<\/div>\n\t\t\t\t<div class=\"elementor-element elementor-element-416e31d1 elementor-widget elementor-widget-heading\" data-id=\"416e31d1\" data-element_type=\"widget\" data-e-type=\"widget\" data-widget_type=\"heading.default\">\n\t\t\t\t<div class=\"elementor-widget-container\">\n\t\t\t\t\t<h2 class=\"elementor-heading-title elementor-size-default\">Arraioz, Irurita i Elizondo. Bazt\u00e1n, Navarra<\/h2>\t\t\t\t<\/div>\n\t\t\t\t<\/div>\n\t\t\t\t<div class=\"elementor-element elementor-element-fa9e218 elementor-widget elementor-widget-menu-anchor\" data-id=\"fa9e218\" data-element_type=\"widget\" data-e-type=\"widget\" data-widget_type=\"menu-anchor.default\">\n\t\t\t\t<div class=\"elementor-widget-container\">\n\t\t\t\t\t\t\t<div class=\"elementor-menu-anchor\" id=\"c5702\"><\/div>\n\t\t\t\t\t\t<\/div>\n\t\t\t\t<\/div>\n\t\t\t\t<div class=\"elementor-element elementor-element-ae7ca28 elementor-widget elementor-widget-text-editor\" data-id=\"ae7ca28\" data-element_type=\"widget\" data-e-type=\"widget\" data-widget_type=\"text-editor.default\">\n\t\t\t\t<div class=\"elementor-widget-container\">\n\t\t\t\t\t\t\t\t\t<p>Durant l&#8217;estada a l&#8217;<a href=\"https:\/\/www.elturistatranquil.com\/ca\/hotel-churrut-restaurant-lenkonea-cinco-villas\/\" target=\"_blank\" rel=\"noopener\"><strong>Hotel Churrut<\/strong><\/a> a Bera, em va interessar visitar el conjunt de les valls Bazt\u00e1n-Bidasoa, pels que discorre el riu Bidasoa, des del seu naixement.<\/p><p>Al municipi de <a href=\"http:\/\/www.baztan-bidasoa.com\" target=\"_blank\" rel=\"noopener\"><strong>Bazt\u00e1n<\/strong><\/a>, format per 15 llocs o nuclis de poblaci\u00f3, li dedicar\u00e9 2 <em>Posts<\/em>. En el present <em>Post<\/em> presentar\u00e9 les localitats de <strong><em>Arraioz, Irurita, Elizondo<\/em><\/strong>, i en el seg\u00fcent <em>Post<\/em> les de <a href=\"https:\/\/www.elturistatranquil.com\/ca\/elbete-arizkun-i-amaiur-maya-baztan-navarra\/\" target=\"_blank\" rel=\"noopener\"><strong><em>Elbete, Arizkun, Amaiur\/Maya<\/em><\/strong><\/a>.<\/p><p>La resta de visites es poden consultar als <em>Posts<\/em>: <a href=\"https:\/\/www.elturistatranquil.com\/ca\/bera-navarra\/\" target=\"_blank\" rel=\"noopener\">Bera<\/a>; <a href=\"https:\/\/www.elturistatranquil.com\/ca\/lesaka-etxalar-igantzi-arantza-i-bera-navarra\/\" target=\"_blank\" rel=\"noopener\">Lesaka, Etxalar, Igantzi, Arantza i Bera<\/a>; <a href=\"https:\/\/www.elturistatranquil.com\/ca\/zubieta-ituren-donamaria-i-urroz\/\" target=\"_blank\" rel=\"noopener\">Zubieta, Ituren, Donamar\u00eda i Urroz<\/a>; <a href=\"https:\/\/www.elturistatranquil.com\/ca\/zugarramurdi-navarra\/\" target=\"_blank\" rel=\"noopener\">Zugarramurdi<\/a>, <a href=\"https:\/\/www.elturistatranquil.com\/ca\/zugarramurdi-la-cova-i-les-bruixes-navarra\/\" target=\"_blank\" rel=\"noopener\">La Cova i el Museu de les Bruixes de Zugarramurdi<\/a> i <a href=\"https:\/\/www.elturistatranquil.com\/ca\/monestir-de-urdax-i-coves-de-ikaburua-navarra\/\" target=\"_blank\" rel=\"noopener\">Monestir de Urdax i Coves de Ikaburua<\/a>.<\/p>\t\t\t\t\t\t\t\t<\/div>\n\t\t\t\t<\/div>\n\t\t\t\t<div class=\"elementor-element elementor-element-2e48f766 elementor-widget elementor-widget-heading\" data-id=\"2e48f766\" data-element_type=\"widget\" data-e-type=\"widget\" data-widget_type=\"heading.default\">\n\t\t\t\t<div class=\"elementor-widget-container\">\n\t\t\t\t\t<h2 class=\"elementor-heading-title elementor-size-default\">El territori: La Vall de Bazt\u00e1n i el municipi de Bazt\u00e1n<\/h2>\t\t\t\t<\/div>\n\t\t\t\t<\/div>\n\t\t\t\t<div class=\"elementor-element elementor-element-7994e0c elementor-widget elementor-widget-text-editor\" data-id=\"7994e0c\" data-element_type=\"widget\" data-e-type=\"widget\" data-widget_type=\"text-editor.default\">\n\t\t\t\t<div class=\"elementor-widget-container\">\n\t\t\t\t\t\t\t\t\t<p>La <strong>Vall de Bazt\u00e1n<\/strong> ocupa tot el costat oriental del curs superior del riu Bidasoa, que aqu\u00ed rep el nom de <strong>riu Bazt\u00e1n<\/strong> a partir de la localitat d\u2019Errazu. El riu segueix un recorregut en forma de &#8220;U&#8221;. Primer de nord a sud, i quan entra a la Vall del Bidasoa pr\u00f2piament dita, gira 180<sup>o<\/sup> en direcci\u00f3 nord, fins a desembocar a Hondarribia\/Hendaia, al Cant\u00e0bric.<\/p><p>Per la seva banda, el <strong>municipi de Bazt\u00e1n<\/strong> engloba tota la Vall i el sobrepassa pel nord, m\u00e9s enll\u00e0 del <strong>Port o Pas de Otxondo<\/strong>, de 602 metres d&#8217;altitud, fins al l\u00edmit de la frontera amb Fran\u00e7a. En aquesta part nord queden exclosos del municipi de Bazt\u00e1n, formant municipis propis, Zugarramurdi i Urdax, constituint una esp\u00e8cie d&#8217;enclavaments.<\/p><p>El recorregut per la Vall ha estat hist\u00f2ricament estrat\u00e8gic ja que era l&#8217;\u00fanica via d&#8217;acc\u00e9s entre el port de Baiona i Castella a trav\u00e9s de Navarra. Per aix\u00f2, constitueix un dels ramals del Cam\u00ed de Sant Jaume, la Ruta de Bazt\u00e1n, que enlla\u00e7a la ruta del nord amb el Cam\u00ed Franc\u00e8s al Pont d&#8217;Arre, a les portes de Pamplona.<\/p>\t\t\t\t\t\t\t\t<\/div>\n\t\t\t\t<\/div>\n\t\t\t\t<div class=\"elementor-element elementor-element-40f8be81 elementor-widget elementor-widget-image\" data-id=\"40f8be81\" data-element_type=\"widget\" data-e-type=\"widget\" data-widget_type=\"image.default\">\n\t\t\t\t<div class=\"elementor-widget-container\">\n\t\t\t\t\t\t\t\t\t\t\t\t<figure class=\"wp-caption\">\n\t\t\t\t\t\t\t\t\t\t<img decoding=\"async\" width=\"389\" height=\"550\" src=\"https:\/\/www.elturistatranquil.com\/wp-content\/uploads\/F03-Baztan.jpg\" class=\"attachment-large size-large wp-image-32098\" alt=\"Baztan\" srcset=\"https:\/\/www.elturistatranquil.com\/wp-content\/uploads\/F03-Baztan.jpg 389w, https:\/\/www.elturistatranquil.com\/wp-content\/uploads\/F03-Baztan-160x226.jpg 160w\" sizes=\"(max-width: 389px) 100vw, 389px\" \/>\t\t\t\t\t\t\t\t\t\t\t<figcaption class=\"widget-image-caption wp-caption-text\"><\/figcaption>\n\t\t\t\t\t\t\t\t\t\t<\/figure>\n\t\t\t\t\t\t\t\t\t<\/div>\n\t\t\t\t<\/div>\n\t\t\t\t<div class=\"elementor-element elementor-element-59450c8 elementor-widget elementor-widget-text-editor\" data-id=\"59450c8\" data-element_type=\"widget\" data-e-type=\"widget\" data-widget_type=\"text-editor.default\">\n\t\t\t\t<div class=\"elementor-widget-container\">\n\t\t\t\t\t\t\t\t\t<p>\u00c9s el municipi m\u00e9s extens de Navarra, ocupa una superf\u00edcie de 376,81 km<sup>2<\/sup>, i est\u00e0 compost per 15 llocs o nuclis de poblaci\u00f3, amb nombrosos barris i caserius dispersos. Aquests llocs s&#8217;agrupen en quatre <em>cuarteles<\/em> hist\u00f2rics. Des de temps ancestrals, els nuclis poblacionals de Bazt\u00e1n, o Llocs, s&#8217;organitzen en r\u00e8gim d&#8217;Universitat -en el sentit de conjunt de poblacions unides sota una mateixa representaci\u00f3-, de manera que tota la Vall forma un sol terme municipal.<\/p><p>At\u00e8s que els pobles o llocs han format sempre un municipi, no existeixen delimitacions ni fites. El 84% de la terra \u00e9s comunal on &#8220;tots els seus habitants tenen aprofitament com\u00fa a les herbes, pastures, aig\u00fces i talls de llenya. Tots porten el mateix escut, i tots ells, a m\u00e9s, s\u00f3n hidalgos d&#8217;origen, \u00e9s a dir, nobles pel sol fet d&#8217;haver nascut en una terra que en si mateixa t\u00e9 qualitat de noblesa &#8220;.<\/p><p>Al quedar compr\u00e8s dins el clima atl\u00e0ntic trobem una vegetaci\u00f3 de falgueres, pastures i boscos de faigs i roures, sobre una superf\u00edcie de suaus muntanyes d&#8217;altituds en general per sota dels mil metres.<\/p><p>Ser\u00e0 lloc de bestiar: bov\u00ed, ov\u00ed i cavall\u00ed, mentre que a les muntanyes la fauna salvatge est\u00e0 formada per guineus, senglars, c\u00e9rvols, cabirols o esquirols.<\/p><p>Destaca la uniformitat de l\u2019estil arquitect\u00f2nic, que en les construccions que perviuen compren el per\u00edode entre els segles XVI i XX.<\/p><p>Arquitectura t\u00edpica de parets que a la base o fins a la primera planta s\u00f3n de carreus de pedra sorrenca vermella, i les plantes superiors arrebossades blanques, amb les obertures de portes i finestres de carreus. Dos o tres nivells de plantes -planta baixa com quadra i eines de conreu, primera planta noble per habitatge, la tercera com a golfes, paller i rebost. A les finestres i portes dels balcons, porticons i contraportes de fusta compacta o de l\u00e0mines, fonamentalment de tres colors: verd fosc o marr\u00f3 dominants, i secund\u00e0riament granat, el que d\u00f3na una imatge d&#8217;uniformitat de colorit i arquitect\u00f2nica a tots els carrers. Les teulades de teula romana\/\u00e0rab a dues aig\u00fces, sobresortint amplis r\u00e0fecs. En el cas dels palaus s\u00f3n usuals les teulades a quatre aig\u00fces.<\/p>\t\t\t\t\t\t\t\t<\/div>\n\t\t\t\t<\/div>\n\t\t\t\t<div class=\"elementor-element elementor-element-7ee3a89 elementor-widget elementor-widget-menu-anchor\" data-id=\"7ee3a89\" data-element_type=\"widget\" data-e-type=\"widget\" data-widget_type=\"menu-anchor.default\">\n\t\t\t\t<div class=\"elementor-widget-container\">\n\t\t\t\t\t\t\t<div class=\"elementor-menu-anchor\" id=\"c5703\"><\/div>\n\t\t\t\t\t\t<\/div>\n\t\t\t\t<\/div>\n\t\t\t\t<div class=\"elementor-element elementor-element-c5c7a4d elementor-widget elementor-widget-heading\" data-id=\"c5c7a4d\" data-element_type=\"widget\" data-e-type=\"widget\" data-widget_type=\"heading.default\">\n\t\t\t\t<div class=\"elementor-widget-container\">\n\t\t\t\t\t<h2 class=\"elementor-heading-title elementor-size-default\">Una mica d'hist\u00f2ria<\/h2>\t\t\t\t<\/div>\n\t\t\t\t<\/div>\n\t\t\t\t<div class=\"elementor-element elementor-element-876be82 elementor-widget elementor-widget-text-editor\" data-id=\"876be82\" data-element_type=\"widget\" data-e-type=\"widget\" data-widget_type=\"text-editor.default\">\n\t\t\t\t<div class=\"elementor-widget-container\">\n\t\t\t\t\t\t\t\t\t<p>Els or\u00edgens humans es remunten a \u00e8poca paleol\u00edtica, amb nombrosos monuments megal\u00edtics repartits pel territori.<\/p><p>Algunes construccions reflecteixen la pres\u00e8ncia romana, at\u00e8s que la via Bordeus-Astorga passava pel sud de la vall.<\/p><p>Segons el Fur de Navarra, aquestes terres no van ser ocupades pels musulmans.<\/p><p>El 1025, Sancho el Mayor va instituir el senyoriu de Bazt\u00e1n. El 1397 Carlos III va declarar, en resposta a una demanda del ve\u00efnat d&#8217;Elizondo, que \u201c<em>sean e finquen guardados e mantenidos en sus condiciones de fidalgu\u00eda e infan\u00e7on\u00eda, en que dec\u00edan haber estado a perpetuo<\/em>\u201d. Tornant a reafirmar-se el 1440 el dret d&#8217;hidalgu\u00eda. Pel anomenat dret d&#8217;<em>hidalgu\u00eda universal<\/em>, tots els habitants naixien gentilhomes.<\/p><p>Despr\u00e9s de la conquesta de Navarra per Castella el 1521, el Castell d&#8217;Amaiur encara va resistir fins 1522. El Castell va seguir la sort de la majoria de les fortificacions navarreses, que van ser enderrocades per ordre del Cardenal Cisneros.<\/p><p>Aprofitant dels seus drets d&#8217;hidalgu\u00eda, a partir del segle XVII nombrosos baztanesos van emigrar a la Cort de Madrid i a les conquestes americanes per superar les dificultats de vida a la Vall. Alguns van aconseguir arribar a posicions de relleu. Els palaus i casalots palatins que es troben per tot el territori en s\u00f3n reflex.<\/p><p>Un exemple d&#8217;aquesta pres\u00e8ncia a la Cort va ser la creaci\u00f3, a principis del segle XVIII, per <em>Juan de Goieneche<\/em>, natural de Arizkun, de l&#8217;anomenat <strong>Nuevo Bazt\u00e1n<\/strong>, a 47 quil\u00f2metres de Madrid. Un complex urban\u00edstic de mig centenar de cases, diverses places, una esgl\u00e9sia i un Palau propi, dissenyat per <em>Jos\u00e9 de Churriguera<\/em>, i que en l&#8217;actualitat compta amb 6.276 habitants (2019).<\/p><p>Com no podia ser d&#8217;una altra manera, per la seva posici\u00f3 estrat\u00e8gica i fronterera, va ser important la seva participaci\u00f3 en la Guerra de la Convenci\u00f3, la Guerra de la Independ\u00e8ncia i les Guerres Carlistes.<\/p><p>Els segles XIX i XX van viure novament l&#8217;emigraci\u00f3 cap a Am\u00e8rica, incorporant-se en gran proporci\u00f3 en tasques de pasturatge.<\/p><p>El 1916 va arribar fins Elizondo el ferrocarril del Bidasoa, de mercaderies i viatgers, que enlla\u00e7ava Irun amb les primeres f\u00e0briques de fosa nascudes a l&#8217;\u00e0rea.<\/p><p>Al segle XX cal anotar algunes de les desgr\u00e0cies m\u00e9s importants per a la Vall, com les inundacions de 1913 o la Guerra Civil i les seves conseq\u00fc\u00e8ncies. El tancament de fronteres va tenir com a conseq\u00fc\u00e8ncia l&#8217;expansi\u00f3 del contraban.<\/p><p>Una curiositat hist\u00f2rica va ser la instal\u00b7laci\u00f3 a la muntanya Gorramendi d&#8217;una base militar nord-americana durant la Guerra Freda, amb tasques de vigil\u00e0ncia i comunicaci\u00f3.<\/p><p>Des de 1940 la poblaci\u00f3 ha anat decreixent, tot i que sembla haver-se estabilitzat en l&#8217;\u00faltim decenni prop dels 8.000 habitants, i se sustenta sobre una economia rural de base agropecu\u00e0ria, petites ind\u00fastries i un important paper del turisme rural.<\/p><p>Cal fer esment a poble <em>agote<\/em> o \u201c<em>cagots<\/em>\u201d. Es tracta d&#8217;una comunitat especialment d&#8217;artesans de la pedra i fusta que des del segle XIII van viure a les valls dels Pirineus i que van ser discriminats i marginats sota diverses acusacions. Aquesta discriminaci\u00f3 s&#8217;ha mantingut, progressivament suavitzada, fins al segle XX.<\/p><p>La Vall \u00e9s rica en mitologies i llegendes, entre les quals destaquen la <em>Lamia<\/em>, meitat dona de gran bellesa i meitat peix (segons alguns de cua de salm\u00f3, o de drac, gallina &#8230;); les <em>Bruixes<\/em>, com a dones malvades al servei de Llucifer; i el <em>Basajaun<\/em>, senyor o geni de bosc, de grans dimensions i cobert de p\u00e8l, protector del bosc i dels ramats.<\/p>\t\t\t\t\t\t\t\t<\/div>\n\t\t\t\t<\/div>\n\t\t\t\t<div class=\"elementor-element elementor-element-621fb3a elementor-widget elementor-widget-menu-anchor\" data-id=\"621fb3a\" data-element_type=\"widget\" data-e-type=\"widget\" data-widget_type=\"menu-anchor.default\">\n\t\t\t\t<div class=\"elementor-widget-container\">\n\t\t\t\t\t\t\t<div class=\"elementor-menu-anchor\" id=\"c5704\"><\/div>\n\t\t\t\t\t\t<\/div>\n\t\t\t\t<\/div>\n\t\t\t\t<div class=\"elementor-element elementor-element-c0432cf elementor-widget elementor-widget-heading\" data-id=\"c0432cf\" data-element_type=\"widget\" data-e-type=\"widget\" data-widget_type=\"heading.default\">\n\t\t\t\t<div class=\"elementor-widget-container\">\n\t\t\t\t\t<h2 class=\"elementor-heading-title elementor-size-default\">Recorregut per Arraioz, Irurita i Elizondo<\/h2>\t\t\t\t<\/div>\n\t\t\t\t<\/div>\n\t\t\t\t<div class=\"elementor-element elementor-element-676d6a6 elementor-widget elementor-widget-image\" data-id=\"676d6a6\" data-element_type=\"widget\" data-e-type=\"widget\" data-widget_type=\"image.default\">\n\t\t\t\t<div class=\"elementor-widget-container\">\n\t\t\t\t\t\t\t\t\t\t\t\t<figure class=\"wp-caption\">\n\t\t\t\t\t\t\t\t\t\t<img loading=\"lazy\" decoding=\"async\" width=\"768\" height=\"511\" src=\"https:\/\/www.elturistatranquil.com\/wp-content\/uploads\/F04-Baztan-Itinerario-Google-Maps-2020-07-24.jpg\" class=\"attachment-large size-large wp-image-32100\" alt=\"Baztan Itinerario (Google Maps 2020-07-24)\" srcset=\"https:\/\/www.elturistatranquil.com\/wp-content\/uploads\/F04-Baztan-Itinerario-Google-Maps-2020-07-24.jpg 768w, https:\/\/www.elturistatranquil.com\/wp-content\/uploads\/F04-Baztan-Itinerario-Google-Maps-2020-07-24-339x226.jpg 339w\" sizes=\"(max-width: 768px) 100vw, 768px\" \/>\t\t\t\t\t\t\t\t\t\t\t<figcaption class=\"widget-image-caption wp-caption-text\">Itinerari complet pel municipi de Bazt\u00e1n: A: Palau de Zubiria; B: Arraioz; C: Irurita; D: Elizondo; E: Elbete; F: Arizkun i G: Amaiur\/Maya (Google Maps 2020-07-24)<\/figcaption>\n\t\t\t\t\t\t\t\t\t\t<\/figure>\n\t\t\t\t\t\t\t\t\t<\/div>\n\t\t\t\t<\/div>\n\t\t\t\t<div class=\"elementor-element elementor-element-65a826f elementor-widget elementor-widget-menu-anchor\" data-id=\"65a826f\" data-element_type=\"widget\" data-e-type=\"widget\" data-widget_type=\"menu-anchor.default\">\n\t\t\t\t<div class=\"elementor-widget-container\">\n\t\t\t\t\t\t\t<div class=\"elementor-menu-anchor\" id=\"c5705\"><\/div>\n\t\t\t\t\t\t<\/div>\n\t\t\t\t<\/div>\n\t\t\t\t<div class=\"elementor-element elementor-element-b436ecb elementor-widget elementor-widget-text-editor\" data-id=\"b436ecb\" data-element_type=\"widget\" data-e-type=\"widget\" data-widget_type=\"text-editor.default\">\n\t\t\t\t<div class=\"elementor-widget-container\">\n\t\t\t\t\t\t\t\t\t<p>Com ja he assenyalat al principi, en aquest <em>Post<\/em> presento la primera part del recorregut: A: Palau de Zubiria; B: Arraioz; C: Irurita i D: Elizondo.<\/p><p>Deixant <a href=\"https:\/\/www.elturistatranquil.com\/ca\/elbete-arizkun-i-amaiur-maya-baztan-navarra\/\" target=\"_blank\" rel=\"noopener\">Elbete, Arizkun i Amaiur\/Maya<\/a> per al seg\u00fcent <em>Post<\/em>.<\/p>\t\t\t\t\t\t\t\t<\/div>\n\t\t\t\t<\/div>\n\t\t\t\t<div class=\"elementor-element elementor-element-bf33695 elementor-widget elementor-widget-heading\" data-id=\"bf33695\" data-element_type=\"widget\" data-e-type=\"widget\" data-widget_type=\"heading.default\">\n\t\t\t\t<div class=\"elementor-widget-container\">\n\t\t\t\t\t<h3 class=\"elementor-heading-title elementor-size-default\">Arraioz<\/h3>\t\t\t\t<\/div>\n\t\t\t\t<\/div>\n\t\t\t\t<div class=\"elementor-element elementor-element-03acb5d elementor-widget elementor-widget-image\" data-id=\"03acb5d\" data-element_type=\"widget\" data-e-type=\"widget\" data-widget_type=\"image.default\">\n\t\t\t\t<div class=\"elementor-widget-container\">\n\t\t\t\t\t\t\t\t\t\t\t\t<figure class=\"wp-caption\">\n\t\t\t\t\t\t\t\t\t\t<img loading=\"lazy\" decoding=\"async\" width=\"768\" height=\"513\" src=\"https:\/\/www.elturistatranquil.com\/wp-content\/uploads\/F05-Arraioz-Google-earth-2020-07-29.jpg\" class=\"attachment-large size-large wp-image-32102\" alt=\"Arraioz (Google earth 2020-07-29)\" srcset=\"https:\/\/www.elturistatranquil.com\/wp-content\/uploads\/F05-Arraioz-Google-earth-2020-07-29.jpg 768w, https:\/\/www.elturistatranquil.com\/wp-content\/uploads\/F05-Arraioz-Google-earth-2020-07-29-339x226.jpg 339w\" sizes=\"(max-width: 768px) 100vw, 768px\" \/>\t\t\t\t\t\t\t\t\t\t\t<figcaption class=\"widget-image-caption wp-caption-text\">Arraioz (Google earth 2020-07-29)<\/figcaption>\n\t\t\t\t\t\t\t\t\t\t<\/figure>\n\t\t\t\t\t\t\t\t\t<\/div>\n\t\t\t\t<\/div>\n\t\t\t\t<div class=\"elementor-element elementor-element-2d31d70 elementor-widget elementor-widget-text-editor\" data-id=\"2d31d70\" data-element_type=\"widget\" data-e-type=\"widget\" data-widget_type=\"text-editor.default\">\n\t\t\t\t<div class=\"elementor-widget-container\">\n\t\t\t\t\t\t\t\t\t<p>Coordenades: 43\u00b008\u203225\u2033N 1\u00b033\u203252\u2033O. Altitud: 233 msnm. Poblaci\u00f3: 176 habitants en el nucli i 244 habitants en la localitat (2019).<\/p><p>Conjunt format per cases i caserius individuals seguint el tra\u00e7at dels camins, sense formar un nucli compacte.<\/p><p>Assentada en el vessant de la muntanya, al costat de riu Bazt\u00e1n.<\/p><p>L&#8217;aspecte correspon a l&#8217;arquetip d&#8217;arquitectura i urbanisme secular de la zona.<\/p>\t\t\t\t\t\t\t\t<\/div>\n\t\t\t\t<\/div>\n\t\t\t\t<div class=\"elementor-element elementor-element-578c9ae elementor-widget elementor-widget-image\" data-id=\"578c9ae\" data-element_type=\"widget\" data-e-type=\"widget\" data-widget_type=\"image.default\">\n\t\t\t\t<div class=\"elementor-widget-container\">\n\t\t\t\t\t\t\t\t\t\t\t\t<figure class=\"wp-caption\">\n\t\t\t\t\t\t\t\t\t\t<img loading=\"lazy\" decoding=\"async\" width=\"768\" height=\"511\" src=\"https:\/\/www.elturistatranquil.com\/wp-content\/uploads\/F06-Arraioz.jpg\" class=\"attachment-large size-large wp-image-32104\" alt=\"Arraioz\" srcset=\"https:\/\/www.elturistatranquil.com\/wp-content\/uploads\/F06-Arraioz.jpg 768w, https:\/\/www.elturistatranquil.com\/wp-content\/uploads\/F06-Arraioz-339x226.jpg 339w\" sizes=\"(max-width: 768px) 100vw, 768px\" \/>\t\t\t\t\t\t\t\t\t\t\t<figcaption class=\"widget-image-caption wp-caption-text\"><\/figcaption>\n\t\t\t\t\t\t\t\t\t\t<\/figure>\n\t\t\t\t\t\t\t\t\t<\/div>\n\t\t\t\t<\/div>\n\t\t\t\t<div class=\"elementor-element elementor-element-49a65a9 elementor-widget elementor-widget-menu-anchor\" data-id=\"49a65a9\" data-element_type=\"widget\" data-e-type=\"widget\" data-widget_type=\"menu-anchor.default\">\n\t\t\t\t<div class=\"elementor-widget-container\">\n\t\t\t\t\t\t\t<div class=\"elementor-menu-anchor\" id=\"c5706\"><\/div>\n\t\t\t\t\t\t<\/div>\n\t\t\t\t<\/div>\n\t\t\t\t<div class=\"elementor-element elementor-element-5b136b6 elementor-widget elementor-widget-image\" data-id=\"5b136b6\" data-element_type=\"widget\" data-e-type=\"widget\" data-widget_type=\"image.default\">\n\t\t\t\t<div class=\"elementor-widget-container\">\n\t\t\t\t\t\t\t\t\t\t\t\t<figure class=\"wp-caption\">\n\t\t\t\t\t\t\t\t\t\t<img loading=\"lazy\" decoding=\"async\" width=\"768\" height=\"511\" src=\"https:\/\/www.elturistatranquil.com\/wp-content\/uploads\/F07-Arraioz.jpg\" class=\"attachment-large size-large wp-image-32106\" alt=\"Arraioz\" srcset=\"https:\/\/www.elturistatranquil.com\/wp-content\/uploads\/F07-Arraioz.jpg 768w, https:\/\/www.elturistatranquil.com\/wp-content\/uploads\/F07-Arraioz-339x226.jpg 339w\" sizes=\"(max-width: 768px) 100vw, 768px\" \/>\t\t\t\t\t\t\t\t\t\t\t<figcaption class=\"widget-image-caption wp-caption-text\"><\/figcaption>\n\t\t\t\t\t\t\t\t\t\t<\/figure>\n\t\t\t\t\t\t\t\t\t<\/div>\n\t\t\t\t<\/div>\n\t\t\t\t<div class=\"elementor-element elementor-element-3473a15f elementor-widget elementor-widget-heading\" data-id=\"3473a15f\" data-element_type=\"widget\" data-e-type=\"widget\" data-widget_type=\"heading.default\">\n\t\t\t\t<div class=\"elementor-widget-container\">\n\t\t\t\t\t<h4 class=\"elementor-heading-title elementor-size-default\">Palau de Zubiria<\/h4>\t\t\t\t<\/div>\n\t\t\t\t<\/div>\n\t\t\t\t<div class=\"elementor-element elementor-element-65c256b elementor-widget elementor-widget-text-editor\" data-id=\"65c256b\" data-element_type=\"widget\" data-e-type=\"widget\" data-widget_type=\"text-editor.default\">\n\t\t\t\t<div class=\"elementor-widget-container\">\n\t\t\t\t\t\t\t\t\t<p>Al <strong>barri de Mardea<\/strong>, al costat de la carretera de Bazt\u00e1n, destaca el <strong>Palau de Zubiria o Jaureguizarra<\/strong> (<strong>1<\/strong>).<\/p><p>Construcci\u00f3 d&#8217;origen g\u00f2tic dels segles XIV i XV, en forma de cub, amb afegits posteriors. De pedra vermella de cadirat, amb un balc\u00f3 adossat de fusta amb coberta. Sobresurt en la part superior una estructura de fusta coberta a quatre aig\u00fces, amb un colomar o cos elevat.<\/p><p>Es va distingir en l&#8217;\u00e8poca de la ca\u00e7a de bruixes, on les acusacions de bruixeria es barrejaven habitualment amb picabaralles i enemistats familiars, tal com va passar a Arraioz el 1612. Llavors, les dones acusades van ser tancades per les autoritats civils a la vella torre medieval de Jauregia, on van ser sotmeses a &#8220;turment&#8221; per procurar la seva confessi\u00f3.<\/p>\t\t\t\t\t\t\t\t<\/div>\n\t\t\t\t<\/div>\n\t\t\t\t<div class=\"elementor-element elementor-element-ec894a7 elementor-widget elementor-widget-image\" data-id=\"ec894a7\" data-element_type=\"widget\" data-e-type=\"widget\" data-widget_type=\"image.default\">\n\t\t\t\t<div class=\"elementor-widget-container\">\n\t\t\t\t\t\t\t\t\t\t\t\t<figure class=\"wp-caption\">\n\t\t\t\t\t\t\t\t\t\t<img loading=\"lazy\" decoding=\"async\" width=\"768\" height=\"511\" src=\"https:\/\/www.elturistatranquil.com\/wp-content\/uploads\/F08-Arraioz-Palacio-de-Zubiria.jpg\" class=\"attachment-large size-large wp-image-32108\" alt=\"Arraioz, Palacio de Zubiria\" srcset=\"https:\/\/www.elturistatranquil.com\/wp-content\/uploads\/F08-Arraioz-Palacio-de-Zubiria.jpg 768w, https:\/\/www.elturistatranquil.com\/wp-content\/uploads\/F08-Arraioz-Palacio-de-Zubiria-339x226.jpg 339w\" sizes=\"(max-width: 768px) 100vw, 768px\" \/>\t\t\t\t\t\t\t\t\t\t\t<figcaption class=\"widget-image-caption wp-caption-text\"><\/figcaption>\n\t\t\t\t\t\t\t\t\t\t<\/figure>\n\t\t\t\t\t\t\t\t\t<\/div>\n\t\t\t\t<\/div>\n\t\t\t\t<div class=\"elementor-element elementor-element-032187b elementor-widget elementor-widget-image\" data-id=\"032187b\" data-element_type=\"widget\" data-e-type=\"widget\" data-widget_type=\"image.default\">\n\t\t\t\t<div class=\"elementor-widget-container\">\n\t\t\t\t\t\t\t\t\t\t\t\t<figure class=\"wp-caption\">\n\t\t\t\t\t\t\t\t\t\t<img loading=\"lazy\" decoding=\"async\" width=\"768\" height=\"511\" src=\"https:\/\/www.elturistatranquil.com\/wp-content\/uploads\/F09-Arraioz-Palacio-de-Zubiria.jpg\" class=\"attachment-large size-large wp-image-32110\" alt=\"Arraioz, Palacio de Zubiria\" srcset=\"https:\/\/www.elturistatranquil.com\/wp-content\/uploads\/F09-Arraioz-Palacio-de-Zubiria.jpg 768w, https:\/\/www.elturistatranquil.com\/wp-content\/uploads\/F09-Arraioz-Palacio-de-Zubiria-339x226.jpg 339w\" sizes=\"(max-width: 768px) 100vw, 768px\" \/>\t\t\t\t\t\t\t\t\t\t\t<figcaption class=\"widget-image-caption wp-caption-text\"><\/figcaption>\n\t\t\t\t\t\t\t\t\t\t<\/figure>\n\t\t\t\t\t\t\t\t\t<\/div>\n\t\t\t\t<\/div>\n\t\t\t\t<div class=\"elementor-element elementor-element-1754807 elementor-widget elementor-widget-menu-anchor\" data-id=\"1754807\" data-element_type=\"widget\" data-e-type=\"widget\" data-widget_type=\"menu-anchor.default\">\n\t\t\t\t<div class=\"elementor-widget-container\">\n\t\t\t\t\t\t\t<div class=\"elementor-menu-anchor\" id=\"c5707\"><\/div>\n\t\t\t\t\t\t<\/div>\n\t\t\t\t<\/div>\n\t\t\t\t<div class=\"elementor-element elementor-element-63c8e8b elementor-widget elementor-widget-image\" data-id=\"63c8e8b\" data-element_type=\"widget\" data-e-type=\"widget\" data-widget_type=\"image.default\">\n\t\t\t\t<div class=\"elementor-widget-container\">\n\t\t\t\t\t\t\t\t\t\t\t\t<figure class=\"wp-caption\">\n\t\t\t\t\t\t\t\t\t\t<img loading=\"lazy\" decoding=\"async\" width=\"768\" height=\"511\" src=\"https:\/\/www.elturistatranquil.com\/wp-content\/uploads\/F10-Arraioz-Palacio-de-Zubiria.jpg\" class=\"attachment-large size-large wp-image-32112\" alt=\"Arraioz, Palacio de Zubiria\" srcset=\"https:\/\/www.elturistatranquil.com\/wp-content\/uploads\/F10-Arraioz-Palacio-de-Zubiria.jpg 768w, https:\/\/www.elturistatranquil.com\/wp-content\/uploads\/F10-Arraioz-Palacio-de-Zubiria-339x226.jpg 339w\" sizes=\"(max-width: 768px) 100vw, 768px\" \/>\t\t\t\t\t\t\t\t\t\t\t<figcaption class=\"widget-image-caption wp-caption-text\"><\/figcaption>\n\t\t\t\t\t\t\t\t\t\t<\/figure>\n\t\t\t\t\t\t\t\t\t<\/div>\n\t\t\t\t<\/div>\n\t\t\t\t<div class=\"elementor-element elementor-element-402c231 elementor-widget elementor-widget-heading\" data-id=\"402c231\" data-element_type=\"widget\" data-e-type=\"widget\" data-widget_type=\"heading.default\">\n\t\t\t\t<div class=\"elementor-widget-container\">\n\t\t\t\t\t<h3 class=\"elementor-heading-title elementor-size-default\">Irurita<\/h3>\t\t\t\t<\/div>\n\t\t\t\t<\/div>\n\t\t\t\t<div class=\"elementor-element elementor-element-c1e92ae elementor-widget elementor-widget-image\" data-id=\"c1e92ae\" data-element_type=\"widget\" data-e-type=\"widget\" data-widget_type=\"image.default\">\n\t\t\t\t<div class=\"elementor-widget-container\">\n\t\t\t\t\t\t\t\t\t\t\t\t<figure class=\"wp-caption\">\n\t\t\t\t\t\t\t\t\t\t<img loading=\"lazy\" decoding=\"async\" width=\"768\" height=\"511\" src=\"https:\/\/www.elturistatranquil.com\/wp-content\/uploads\/F11-Irurita-Google-earth-2020-07-29.jpg\" class=\"attachment-large size-large wp-image-32114\" alt=\"Irurita (Google earth 2020-07-29)\" srcset=\"https:\/\/www.elturistatranquil.com\/wp-content\/uploads\/F11-Irurita-Google-earth-2020-07-29.jpg 768w, https:\/\/www.elturistatranquil.com\/wp-content\/uploads\/F11-Irurita-Google-earth-2020-07-29-339x226.jpg 339w\" sizes=\"(max-width: 768px) 100vw, 768px\" \/>\t\t\t\t\t\t\t\t\t\t\t<figcaption class=\"widget-image-caption wp-caption-text\">Irurita (Google earth 2020-07-29)<\/figcaption>\n\t\t\t\t\t\t\t\t\t\t<\/figure>\n\t\t\t\t\t\t\t\t\t<\/div>\n\t\t\t\t<\/div>\n\t\t\t\t<div class=\"elementor-element elementor-element-7f865b1 elementor-widget elementor-widget-text-editor\" data-id=\"7f865b1\" data-element_type=\"widget\" data-e-type=\"widget\" data-widget_type=\"text-editor.default\">\n\t\t\t\t<div class=\"elementor-widget-container\">\n\t\t\t\t\t\t\t\t\t<p>Coordenades: 43\u00b007\u203252\u2033N 1\u00b032\u203249\u2033O. Altitud: 214 msnm. Poblaci\u00f3: 530 habitants en el nucli i 794 habitants a la localitat (2019).<\/p><p>La seva morfologia urbana en forma d&#8217;estrella s&#8217;adapta als camins que convergeixen en una pla\u00e7a central, la <strong>pla\u00e7a Duquessa de Goyeneche<\/strong> (<strong>A<\/strong>).<\/p><p>Tot i que forma un conjunt m\u00e9s compacte, els palaus i casalots mantenen la seva independ\u00e8ncia entre si, i \u00e9s un bon exemple d&#8217;arquitectura palatina.<\/p><p>Les seg\u00fcents fotografies ofereixen una imatge circular dels edificis de la pla\u00e7a. Com es pot observar totes elles lluint blasons. Recordem que, per naixement, tots els naturals de Bazt\u00e1n s\u00f3n considerats gentilhomes.<\/p>\t\t\t\t\t\t\t\t<\/div>\n\t\t\t\t<\/div>\n\t\t\t\t<div class=\"elementor-element elementor-element-d59f687 elementor-widget elementor-widget-image\" data-id=\"d59f687\" data-element_type=\"widget\" data-e-type=\"widget\" data-widget_type=\"image.default\">\n\t\t\t\t<div class=\"elementor-widget-container\">\n\t\t\t\t\t\t\t\t\t\t\t\t<figure class=\"wp-caption\">\n\t\t\t\t\t\t\t\t\t\t<img loading=\"lazy\" decoding=\"async\" width=\"768\" height=\"511\" src=\"https:\/\/www.elturistatranquil.com\/wp-content\/uploads\/F12-Irurita.jpg\" class=\"attachment-large size-large wp-image-32116\" alt=\"Irurita\" srcset=\"https:\/\/www.elturistatranquil.com\/wp-content\/uploads\/F12-Irurita.jpg 768w, https:\/\/www.elturistatranquil.com\/wp-content\/uploads\/F12-Irurita-339x226.jpg 339w\" sizes=\"(max-width: 768px) 100vw, 768px\" \/>\t\t\t\t\t\t\t\t\t\t\t<figcaption class=\"widget-image-caption wp-caption-text\"><\/figcaption>\n\t\t\t\t\t\t\t\t\t\t<\/figure>\n\t\t\t\t\t\t\t\t\t<\/div>\n\t\t\t\t<\/div>\n\t\t\t\t<div class=\"elementor-element elementor-element-93f6603 elementor-widget elementor-widget-image\" data-id=\"93f6603\" data-element_type=\"widget\" data-e-type=\"widget\" data-widget_type=\"image.default\">\n\t\t\t\t<div class=\"elementor-widget-container\">\n\t\t\t\t\t\t\t\t\t\t\t\t<figure class=\"wp-caption\">\n\t\t\t\t\t\t\t\t\t\t<img loading=\"lazy\" decoding=\"async\" width=\"768\" height=\"511\" src=\"https:\/\/www.elturistatranquil.com\/wp-content\/uploads\/F13-Irurita.jpg\" class=\"attachment-large size-large wp-image-32118\" alt=\"Irurita\" srcset=\"https:\/\/www.elturistatranquil.com\/wp-content\/uploads\/F13-Irurita.jpg 768w, https:\/\/www.elturistatranquil.com\/wp-content\/uploads\/F13-Irurita-339x226.jpg 339w\" sizes=\"(max-width: 768px) 100vw, 768px\" \/>\t\t\t\t\t\t\t\t\t\t\t<figcaption class=\"widget-image-caption wp-caption-text\"><\/figcaption>\n\t\t\t\t\t\t\t\t\t\t<\/figure>\n\t\t\t\t\t\t\t\t\t<\/div>\n\t\t\t\t<\/div>\n\t\t\t\t<div class=\"elementor-element elementor-element-c69b061 elementor-widget elementor-widget-text-editor\" data-id=\"c69b061\" data-element_type=\"widget\" data-e-type=\"widget\" data-widget_type=\"text-editor.default\">\n\t\t\t\t<div class=\"elementor-widget-container\">\n\t\t\t\t\t\t\t\t\t<p>El <strong>palau Gast\u00f3n de Iriarte<\/strong> \u00e9s de finals de segle XVIII. Don Gast\u00f3n va ser accionista de la Cia. Guipuscoana de Caracas. \u00c9s un t\u00edpic palau amb torres del segle divuit. El seu cos central de tres altures est\u00e0 una mica reculat i de menor al\u00e7ada respecte a les dues esveltes torres laterals que el flanquegen. En una inscripci\u00f3 es llegeix la data 1779.<\/p>\t\t\t\t\t\t\t\t<\/div>\n\t\t\t\t<\/div>\n\t\t\t\t<div class=\"elementor-element elementor-element-d390678 elementor-widget elementor-widget-image\" data-id=\"d390678\" data-element_type=\"widget\" data-e-type=\"widget\" data-widget_type=\"image.default\">\n\t\t\t\t<div class=\"elementor-widget-container\">\n\t\t\t\t\t\t\t\t\t\t\t\t<figure class=\"wp-caption\">\n\t\t\t\t\t\t\t\t\t\t<img loading=\"lazy\" decoding=\"async\" width=\"768\" height=\"511\" src=\"https:\/\/www.elturistatranquil.com\/wp-content\/uploads\/F14-Irurita.jpg\" class=\"attachment-large size-large wp-image-32120\" alt=\"Irurita\" srcset=\"https:\/\/www.elturistatranquil.com\/wp-content\/uploads\/F14-Irurita.jpg 768w, https:\/\/www.elturistatranquil.com\/wp-content\/uploads\/F14-Irurita-339x226.jpg 339w\" sizes=\"(max-width: 768px) 100vw, 768px\" \/>\t\t\t\t\t\t\t\t\t\t\t<figcaption class=\"widget-image-caption wp-caption-text\"><\/figcaption>\n\t\t\t\t\t\t\t\t\t\t<\/figure>\n\t\t\t\t\t\t\t\t\t<\/div>\n\t\t\t\t<\/div>\n\t\t\t\t<div class=\"elementor-element elementor-element-787008c elementor-widget elementor-widget-image\" data-id=\"787008c\" data-element_type=\"widget\" data-e-type=\"widget\" data-widget_type=\"image.default\">\n\t\t\t\t<div class=\"elementor-widget-container\">\n\t\t\t\t\t\t\t\t\t\t\t\t<figure class=\"wp-caption\">\n\t\t\t\t\t\t\t\t\t\t<img loading=\"lazy\" decoding=\"async\" width=\"768\" height=\"511\" src=\"https:\/\/www.elturistatranquil.com\/wp-content\/uploads\/F15-Irurita.jpg\" class=\"attachment-large size-large wp-image-32122\" alt=\"Irurita\" srcset=\"https:\/\/www.elturistatranquil.com\/wp-content\/uploads\/F15-Irurita.jpg 768w, https:\/\/www.elturistatranquil.com\/wp-content\/uploads\/F15-Irurita-339x226.jpg 339w\" sizes=\"(max-width: 768px) 100vw, 768px\" \/>\t\t\t\t\t\t\t\t\t\t\t<figcaption class=\"widget-image-caption wp-caption-text\"><\/figcaption>\n\t\t\t\t\t\t\t\t\t\t<\/figure>\n\t\t\t\t\t\t\t\t\t<\/div>\n\t\t\t\t<\/div>\n\t\t\t\t<div class=\"elementor-element elementor-element-f54e05f elementor-widget elementor-widget-text-editor\" data-id=\"f54e05f\" data-element_type=\"widget\" data-e-type=\"widget\" data-widget_type=\"text-editor.default\">\n\t\t\t\t<div class=\"elementor-widget-container\">\n\t\t\t\t\t\t\t\t\t<p>El <strong>palau dels ducs de Goyeneche<\/strong> ofereix una fesomia de casa senyorial. Constru\u00eft per Jos\u00e9 Manuel de Goyeneche, Tinent General del Virregnat de Per\u00fa.<\/p><p>De quatre nivells amb \u00e0tic, amb coberta a dues aig\u00fces. Destaquen els blasons i <em>v\u00edctores<\/em> d&#8217;\u00e0guila bic\u00e8fala amb corona ducal.<\/p>\t\t\t\t\t\t\t\t<\/div>\n\t\t\t\t<\/div>\n\t\t\t\t<div class=\"elementor-element elementor-element-980a117 elementor-widget elementor-widget-image\" data-id=\"980a117\" data-element_type=\"widget\" data-e-type=\"widget\" data-widget_type=\"image.default\">\n\t\t\t\t<div class=\"elementor-widget-container\">\n\t\t\t\t\t\t\t\t\t\t\t\t<figure class=\"wp-caption\">\n\t\t\t\t\t\t\t\t\t\t<img loading=\"lazy\" decoding=\"async\" width=\"768\" height=\"511\" src=\"https:\/\/www.elturistatranquil.com\/wp-content\/uploads\/F16-Irurita.jpg\" class=\"attachment-large size-large wp-image-32124\" alt=\"Irurita\" srcset=\"https:\/\/www.elturistatranquil.com\/wp-content\/uploads\/F16-Irurita.jpg 768w, https:\/\/www.elturistatranquil.com\/wp-content\/uploads\/F16-Irurita-339x226.jpg 339w\" sizes=\"(max-width: 768px) 100vw, 768px\" \/>\t\t\t\t\t\t\t\t\t\t\t<figcaption class=\"widget-image-caption wp-caption-text\"><\/figcaption>\n\t\t\t\t\t\t\t\t\t\t<\/figure>\n\t\t\t\t\t\t\t\t\t<\/div>\n\t\t\t\t<\/div>\n\t\t\t\t<div class=\"elementor-element elementor-element-e044558 elementor-widget elementor-widget-image\" data-id=\"e044558\" data-element_type=\"widget\" data-e-type=\"widget\" data-widget_type=\"image.default\">\n\t\t\t\t<div class=\"elementor-widget-container\">\n\t\t\t\t\t\t\t\t\t\t\t\t<figure class=\"wp-caption\">\n\t\t\t\t\t\t\t\t\t\t<img loading=\"lazy\" decoding=\"async\" width=\"768\" height=\"512\" src=\"https:\/\/www.elturistatranquil.com\/wp-content\/uploads\/F17-Irurita.jpg\" class=\"attachment-large size-large wp-image-32126\" alt=\"Irurita\" srcset=\"https:\/\/www.elturistatranquil.com\/wp-content\/uploads\/F17-Irurita.jpg 768w, https:\/\/www.elturistatranquil.com\/wp-content\/uploads\/F17-Irurita-339x226.jpg 339w\" sizes=\"(max-width: 768px) 100vw, 768px\" \/>\t\t\t\t\t\t\t\t\t\t\t<figcaption class=\"widget-image-caption wp-caption-text\"><\/figcaption>\n\t\t\t\t\t\t\t\t\t\t<\/figure>\n\t\t\t\t\t\t\t\t\t<\/div>\n\t\t\t\t<\/div>\n\t\t\t\t<div class=\"elementor-element elementor-element-5d9c4a9 elementor-widget elementor-widget-text-editor\" data-id=\"5d9c4a9\" data-element_type=\"widget\" data-e-type=\"widget\" data-widget_type=\"text-editor.default\">\n\t\t\t\t<div class=\"elementor-widget-container\">\n\t\t\t\t\t\t\t\t\t<p>En el v\u00e8rtex sud de la pla\u00e7a, destaca el <strong>Jauregia<\/strong>, tamb\u00e9 anomenat <strong>palau del Marqu\u00e8s de Casa Torre<\/strong> (<strong>1<\/strong>), en estil g\u00f2tic.<\/p><p>A l&#8217;antiga torre medieval de segle XIV se li va afegir al segle XVIII una construcci\u00f3 barroca. Aquesta joia arquitect\u00f2nica ha estat recentment restaurada.<\/p><p>Palau tradicional baztan\u00e9s de <em>cabo de armer\u00eda<\/em>, peculiaritat dins el dret nobiliari del Regne de Navarra, considerats cap de llinatge i solars de la noblesa m\u00e9s antiga.<\/p>\t\t\t\t\t\t\t\t<\/div>\n\t\t\t\t<\/div>\n\t\t\t\t<div class=\"elementor-element elementor-element-a224522 elementor-widget elementor-widget-image\" data-id=\"a224522\" data-element_type=\"widget\" data-e-type=\"widget\" data-widget_type=\"image.default\">\n\t\t\t\t<div class=\"elementor-widget-container\">\n\t\t\t\t\t\t\t\t\t\t\t\t<figure class=\"wp-caption\">\n\t\t\t\t\t\t\t\t\t\t<img loading=\"lazy\" decoding=\"async\" width=\"768\" height=\"511\" src=\"https:\/\/www.elturistatranquil.com\/wp-content\/uploads\/F18-Irurita-palacio-del-Marqu\u00e9s-de-Casa-Torre-.jpg\" class=\"attachment-large size-large wp-image-32128\" alt=\"Irurita, palacio del Marqu\u00e9s de Casa Torre\" srcset=\"https:\/\/www.elturistatranquil.com\/wp-content\/uploads\/F18-Irurita-palacio-del-Marqu\u00e9s-de-Casa-Torre-.jpg 768w, https:\/\/www.elturistatranquil.com\/wp-content\/uploads\/F18-Irurita-palacio-del-Marqu\u00e9s-de-Casa-Torre--339x226.jpg 339w\" sizes=\"(max-width: 768px) 100vw, 768px\" \/>\t\t\t\t\t\t\t\t\t\t\t<figcaption class=\"widget-image-caption wp-caption-text\"><\/figcaption>\n\t\t\t\t\t\t\t\t\t\t<\/figure>\n\t\t\t\t\t\t\t\t\t<\/div>\n\t\t\t\t<\/div>\n\t\t\t\t<div class=\"elementor-element elementor-element-3078c41 elementor-widget elementor-widget-image\" data-id=\"3078c41\" data-element_type=\"widget\" data-e-type=\"widget\" data-widget_type=\"image.default\">\n\t\t\t\t<div class=\"elementor-widget-container\">\n\t\t\t\t\t\t\t\t\t\t\t\t<figure class=\"wp-caption\">\n\t\t\t\t\t\t\t\t\t\t<img loading=\"lazy\" decoding=\"async\" width=\"768\" height=\"511\" src=\"https:\/\/www.elturistatranquil.com\/wp-content\/uploads\/F19-Irurita-palacio-del-Marqu\u00e9s-de-Casa-Torre-.jpg\" class=\"attachment-large size-large wp-image-32130\" alt=\"Irurita, palacio del Marqu\u00e9s de Casa Torre\" srcset=\"https:\/\/www.elturistatranquil.com\/wp-content\/uploads\/F19-Irurita-palacio-del-Marqu\u00e9s-de-Casa-Torre-.jpg 768w, https:\/\/www.elturistatranquil.com\/wp-content\/uploads\/F19-Irurita-palacio-del-Marqu\u00e9s-de-Casa-Torre--339x226.jpg 339w\" sizes=\"(max-width: 768px) 100vw, 768px\" \/>\t\t\t\t\t\t\t\t\t\t\t<figcaption class=\"widget-image-caption wp-caption-text\"><\/figcaption>\n\t\t\t\t\t\t\t\t\t\t<\/figure>\n\t\t\t\t\t\t\t\t\t<\/div>\n\t\t\t\t<\/div>\n\t\t\t\t<div class=\"elementor-element elementor-element-06381f2 elementor-widget elementor-widget-text-editor\" data-id=\"06381f2\" data-element_type=\"widget\" data-e-type=\"widget\" data-widget_type=\"text-editor.default\">\n\t\t\t\t<div class=\"elementor-widget-container\">\n\t\t\t\t\t\t\t\t\t<p>En el passatge que passa per davant del Palau en direcci\u00f3 a l&#8217;Esgl\u00e9sia, s&#8217;observa al fons, al pati de Palau, una escultura moderna d&#8217;evident inter\u00e8s, sobre la qual no disposo de refer\u00e8ncies. Una amable lectora m&#8217;informa que es tracta d&#8217;una obra de l&#8217;escultor navarr\u00e8s <a href=\"https:\/\/www.aizkorbe.com\/pagex\" target=\"_blank\" rel=\"noopener\">Faustino Aizkorbe<\/a> titulada <strong>Columna<\/strong>, de l&#8217;any 2004.<\/p>\t\t\t\t\t\t\t\t<\/div>\n\t\t\t\t<\/div>\n\t\t\t\t<div class=\"elementor-element elementor-element-1b23d9f elementor-widget elementor-widget-image\" data-id=\"1b23d9f\" data-element_type=\"widget\" data-e-type=\"widget\" data-widget_type=\"image.default\">\n\t\t\t\t<div class=\"elementor-widget-container\">\n\t\t\t\t\t\t\t\t\t\t\t\t<figure class=\"wp-caption\">\n\t\t\t\t\t\t\t\t\t\t<img loading=\"lazy\" decoding=\"async\" width=\"768\" height=\"511\" src=\"https:\/\/www.elturistatranquil.com\/wp-content\/uploads\/F20-Irurita.jpg\" class=\"attachment-large size-large wp-image-32132\" alt=\"Irurita\" srcset=\"https:\/\/www.elturistatranquil.com\/wp-content\/uploads\/F20-Irurita.jpg 768w, https:\/\/www.elturistatranquil.com\/wp-content\/uploads\/F20-Irurita-339x226.jpg 339w\" sizes=\"(max-width: 768px) 100vw, 768px\" \/>\t\t\t\t\t\t\t\t\t\t\t<figcaption class=\"widget-image-caption wp-caption-text\"><\/figcaption>\n\t\t\t\t\t\t\t\t\t\t<\/figure>\n\t\t\t\t\t\t\t\t\t<\/div>\n\t\t\t\t<\/div>\n\t\t\t\t<div class=\"elementor-element elementor-element-b3ea921 elementor-widget elementor-widget-text-editor\" data-id=\"b3ea921\" data-element_type=\"widget\" data-e-type=\"widget\" data-widget_type=\"text-editor.default\">\n\t\t\t\t<div class=\"elementor-widget-container\">\n\t\t\t\t\t\t\t\t\t<p>El passatge va a parar al costat de l&#8217;<strong>Esgl\u00e9sia de Sant Salvador<\/strong> (<strong>2<\/strong>).<\/p><p>De grans dimensions, va ser constru\u00efda al segle XVIII amb planta de creu llatina.<\/p><p>La torre sobresurt a la banda de l&#8217;evangeli de la cap\u00e7alera, amb forma de porxo a la part inferior, on es troba l&#8217;entrada al temple.<\/p>\t\t\t\t\t\t\t\t<\/div>\n\t\t\t\t<\/div>\n\t\t\t\t<div class=\"elementor-element elementor-element-bf94e52 elementor-widget elementor-widget-image\" data-id=\"bf94e52\" data-element_type=\"widget\" data-e-type=\"widget\" data-widget_type=\"image.default\">\n\t\t\t\t<div class=\"elementor-widget-container\">\n\t\t\t\t\t\t\t\t\t\t\t\t<figure class=\"wp-caption\">\n\t\t\t\t\t\t\t\t\t\t<img loading=\"lazy\" decoding=\"async\" width=\"768\" height=\"511\" src=\"https:\/\/www.elturistatranquil.com\/wp-content\/uploads\/F21-Irurita-Iglesia-de-San-Salvador.jpg\" class=\"attachment-large size-large wp-image-32134\" alt=\"Irurita, Iglesia de San Salvador\" srcset=\"https:\/\/www.elturistatranquil.com\/wp-content\/uploads\/F21-Irurita-Iglesia-de-San-Salvador.jpg 768w, https:\/\/www.elturistatranquil.com\/wp-content\/uploads\/F21-Irurita-Iglesia-de-San-Salvador-339x226.jpg 339w\" sizes=\"(max-width: 768px) 100vw, 768px\" \/>\t\t\t\t\t\t\t\t\t\t\t<figcaption class=\"widget-image-caption wp-caption-text\"><\/figcaption>\n\t\t\t\t\t\t\t\t\t\t<\/figure>\n\t\t\t\t\t\t\t\t\t<\/div>\n\t\t\t\t<\/div>\n\t\t\t\t<div class=\"elementor-element elementor-element-b2a8879 elementor-widget elementor-widget-text-editor\" data-id=\"b2a8879\" data-element_type=\"widget\" data-e-type=\"widget\" data-widget_type=\"text-editor.default\">\n\t\t\t\t<div class=\"elementor-widget-container\">\n\t\t\t\t\t\t\t\t\t<p>Els murs de l&#8217;exterior s\u00f3n de carreu irregular amb contraforts.<\/p>\t\t\t\t\t\t\t\t<\/div>\n\t\t\t\t<\/div>\n\t\t\t\t<div class=\"elementor-element elementor-element-3d51740 elementor-widget elementor-widget-image\" data-id=\"3d51740\" data-element_type=\"widget\" data-e-type=\"widget\" data-widget_type=\"image.default\">\n\t\t\t\t<div class=\"elementor-widget-container\">\n\t\t\t\t\t\t\t\t\t\t\t\t<figure class=\"wp-caption\">\n\t\t\t\t\t\t\t\t\t\t<img loading=\"lazy\" decoding=\"async\" width=\"768\" height=\"511\" src=\"https:\/\/www.elturistatranquil.com\/wp-content\/uploads\/F22-Irurita-Iglesia-de-San-Salvador.jpg\" class=\"attachment-large size-large wp-image-32136\" alt=\"Irurita, Iglesia de San Salvador\" srcset=\"https:\/\/www.elturistatranquil.com\/wp-content\/uploads\/F22-Irurita-Iglesia-de-San-Salvador.jpg 768w, https:\/\/www.elturistatranquil.com\/wp-content\/uploads\/F22-Irurita-Iglesia-de-San-Salvador-339x226.jpg 339w\" sizes=\"(max-width: 768px) 100vw, 768px\" \/>\t\t\t\t\t\t\t\t\t\t\t<figcaption class=\"widget-image-caption wp-caption-text\"><\/figcaption>\n\t\t\t\t\t\t\t\t\t\t<\/figure>\n\t\t\t\t\t\t\t\t\t<\/div>\n\t\t\t\t<\/div>\n\t\t\t\t<div class=\"elementor-element elementor-element-88350aa elementor-widget elementor-widget-image\" data-id=\"88350aa\" data-element_type=\"widget\" data-e-type=\"widget\" data-widget_type=\"image.default\">\n\t\t\t\t<div class=\"elementor-widget-container\">\n\t\t\t\t\t\t\t\t\t\t\t\t<figure class=\"wp-caption\">\n\t\t\t\t\t\t\t\t\t\t<img loading=\"lazy\" decoding=\"async\" width=\"768\" height=\"511\" src=\"https:\/\/www.elturistatranquil.com\/wp-content\/uploads\/F23-Irurita-Iglesia-de-San-Salvador.jpg\" class=\"attachment-large size-large wp-image-32138\" alt=\"Irurita, Iglesia de San Salvador\" srcset=\"https:\/\/www.elturistatranquil.com\/wp-content\/uploads\/F23-Irurita-Iglesia-de-San-Salvador.jpg 768w, https:\/\/www.elturistatranquil.com\/wp-content\/uploads\/F23-Irurita-Iglesia-de-San-Salvador-339x226.jpg 339w\" sizes=\"(max-width: 768px) 100vw, 768px\" \/>\t\t\t\t\t\t\t\t\t\t\t<figcaption class=\"widget-image-caption wp-caption-text\"><\/figcaption>\n\t\t\t\t\t\t\t\t\t\t<\/figure>\n\t\t\t\t\t\t\t\t\t<\/div>\n\t\t\t\t<\/div>\n\t\t\t\t<div class=\"elementor-element elementor-element-c391288 elementor-widget elementor-widget-text-editor\" data-id=\"c391288\" data-element_type=\"widget\" data-e-type=\"widget\" data-widget_type=\"text-editor.default\">\n\t\t\t\t<div class=\"elementor-widget-container\">\n\t\t\t\t\t\t\t\t\t<p>La portada amb llinda, del segle XVIII, est\u00e0 emmarcada per bord\u00f3 cil\u00edndric sota front\u00f3 recte partit avolutat.<\/p>\t\t\t\t\t\t\t\t<\/div>\n\t\t\t\t<\/div>\n\t\t\t\t<div class=\"elementor-element elementor-element-3744fae elementor-widget elementor-widget-image\" data-id=\"3744fae\" data-element_type=\"widget\" data-e-type=\"widget\" data-widget_type=\"image.default\">\n\t\t\t\t<div class=\"elementor-widget-container\">\n\t\t\t\t\t\t\t\t\t\t\t\t<figure class=\"wp-caption\">\n\t\t\t\t\t\t\t\t\t\t<img loading=\"lazy\" decoding=\"async\" width=\"768\" height=\"511\" src=\"https:\/\/www.elturistatranquil.com\/wp-content\/uploads\/F24-Irurita-Iglesia-de-San-Salvador.jpg\" class=\"attachment-large size-large wp-image-32140\" alt=\"Irurita, Iglesia de San Salvador\" srcset=\"https:\/\/www.elturistatranquil.com\/wp-content\/uploads\/F24-Irurita-Iglesia-de-San-Salvador.jpg 768w, https:\/\/www.elturistatranquil.com\/wp-content\/uploads\/F24-Irurita-Iglesia-de-San-Salvador-339x226.jpg 339w\" sizes=\"(max-width: 768px) 100vw, 768px\" \/>\t\t\t\t\t\t\t\t\t\t\t<figcaption class=\"widget-image-caption wp-caption-text\"><\/figcaption>\n\t\t\t\t\t\t\t\t\t\t<\/figure>\n\t\t\t\t\t\t\t\t\t<\/div>\n\t\t\t\t<\/div>\n\t\t\t\t<div class=\"elementor-element elementor-element-2a3adc4 elementor-widget elementor-widget-image\" data-id=\"2a3adc4\" data-element_type=\"widget\" data-e-type=\"widget\" data-widget_type=\"image.default\">\n\t\t\t\t<div class=\"elementor-widget-container\">\n\t\t\t\t\t\t\t\t\t\t\t\t<figure class=\"wp-caption\">\n\t\t\t\t\t\t\t\t\t\t<img loading=\"lazy\" decoding=\"async\" width=\"768\" height=\"511\" src=\"https:\/\/www.elturistatranquil.com\/wp-content\/uploads\/F25-Irurita-Iglesia-de-San-Salvador.jpg\" class=\"attachment-large size-large wp-image-32142\" alt=\"Irurita, Iglesia de San Salvador\" srcset=\"https:\/\/www.elturistatranquil.com\/wp-content\/uploads\/F25-Irurita-Iglesia-de-San-Salvador.jpg 768w, https:\/\/www.elturistatranquil.com\/wp-content\/uploads\/F25-Irurita-Iglesia-de-San-Salvador-339x226.jpg 339w\" sizes=\"(max-width: 768px) 100vw, 768px\" \/>\t\t\t\t\t\t\t\t\t\t\t<figcaption class=\"widget-image-caption wp-caption-text\"><\/figcaption>\n\t\t\t\t\t\t\t\t\t\t<\/figure>\n\t\t\t\t\t\t\t\t\t<\/div>\n\t\t\t\t<\/div>\n\t\t\t\t<div class=\"elementor-element elementor-element-9f7a818 elementor-widget elementor-widget-text-editor\" data-id=\"9f7a818\" data-element_type=\"widget\" data-e-type=\"widget\" data-widget_type=\"text-editor.default\">\n\t\t\t\t<div class=\"elementor-widget-container\">\n\t\t\t\t\t\t\t\t\t<p>El lateral exterior de la banda de l&#8217;ep\u00edstola forma una porxada, amb un nivell superior constru\u00eft.<\/p><p>El passatge <strong>Pedro Mar\u00eda Hualde<\/strong>, em portar\u00e0 al centre.<\/p>\t\t\t\t\t\t\t\t<\/div>\n\t\t\t\t<\/div>\n\t\t\t\t<div class=\"elementor-element elementor-element-e5e7f51 elementor-widget elementor-widget-image\" data-id=\"e5e7f51\" data-element_type=\"widget\" data-e-type=\"widget\" data-widget_type=\"image.default\">\n\t\t\t\t<div class=\"elementor-widget-container\">\n\t\t\t\t\t\t\t\t\t\t\t\t<figure class=\"wp-caption\">\n\t\t\t\t\t\t\t\t\t\t<img loading=\"lazy\" decoding=\"async\" width=\"768\" height=\"511\" src=\"https:\/\/www.elturistatranquil.com\/wp-content\/uploads\/F26-Irurita-Iglesia-de-San-Salvador.jpg\" class=\"attachment-large size-large wp-image-32144\" alt=\"Irurita, Iglesia de San Salvador\" srcset=\"https:\/\/www.elturistatranquil.com\/wp-content\/uploads\/F26-Irurita-Iglesia-de-San-Salvador.jpg 768w, https:\/\/www.elturistatranquil.com\/wp-content\/uploads\/F26-Irurita-Iglesia-de-San-Salvador-339x226.jpg 339w\" sizes=\"(max-width: 768px) 100vw, 768px\" \/>\t\t\t\t\t\t\t\t\t\t\t<figcaption class=\"widget-image-caption wp-caption-text\"><\/figcaption>\n\t\t\t\t\t\t\t\t\t\t<\/figure>\n\t\t\t\t\t\t\t\t\t<\/div>\n\t\t\t\t<\/div>\n\t\t\t\t<div class=\"elementor-element elementor-element-259b486 elementor-widget elementor-widget-text-editor\" data-id=\"259b486\" data-element_type=\"widget\" data-e-type=\"widget\" data-widget_type=\"text-editor.default\">\n\t\t\t\t<div class=\"elementor-widget-container\">\n\t\t\t\t\t\t\t\t\t<p>Em dirigeixo a la banda nord de la localitat fins a situar-me a la <strong>pla\u00e7a del Rebote <\/strong>(<strong>B<\/strong>).<\/p><p>Envoltada de nombrosos caserius, en aquesta pla\u00e7a es troba un &#8220;front\u00f3 de pla\u00e7a lliure&#8221; on es practica el joc de <em>laxoa<\/em>, o <em>guant<\/em>, la modalitat m\u00e9s antiga de la pilota basca.<\/p>\t\t\t\t\t\t\t\t<\/div>\n\t\t\t\t<\/div>\n\t\t\t\t<div class=\"elementor-element elementor-element-c4a0777 elementor-widget elementor-widget-image\" data-id=\"c4a0777\" data-element_type=\"widget\" data-e-type=\"widget\" data-widget_type=\"image.default\">\n\t\t\t\t<div class=\"elementor-widget-container\">\n\t\t\t\t\t\t\t\t\t\t\t\t<figure class=\"wp-caption\">\n\t\t\t\t\t\t\t\t\t\t<img loading=\"lazy\" decoding=\"async\" width=\"768\" height=\"511\" src=\"https:\/\/www.elturistatranquil.com\/wp-content\/uploads\/F27-Irurita.jpg\" class=\"attachment-large size-large wp-image-32146\" alt=\"Irurita\" srcset=\"https:\/\/www.elturistatranquil.com\/wp-content\/uploads\/F27-Irurita.jpg 768w, https:\/\/www.elturistatranquil.com\/wp-content\/uploads\/F27-Irurita-339x226.jpg 339w\" sizes=\"(max-width: 768px) 100vw, 768px\" \/>\t\t\t\t\t\t\t\t\t\t\t<figcaption class=\"widget-image-caption wp-caption-text\"><\/figcaption>\n\t\t\t\t\t\t\t\t\t\t<\/figure>\n\t\t\t\t\t\t\t\t\t<\/div>\n\t\t\t\t<\/div>\n\t\t\t\t<div class=\"elementor-element elementor-element-0b4cc5b elementor-widget elementor-widget-image\" data-id=\"0b4cc5b\" data-element_type=\"widget\" data-e-type=\"widget\" data-widget_type=\"image.default\">\n\t\t\t\t<div class=\"elementor-widget-container\">\n\t\t\t\t\t\t\t\t\t\t\t\t<figure class=\"wp-caption\">\n\t\t\t\t\t\t\t\t\t\t<img loading=\"lazy\" decoding=\"async\" width=\"768\" height=\"511\" src=\"https:\/\/www.elturistatranquil.com\/wp-content\/uploads\/F28-Irurita.jpg\" class=\"attachment-large size-large wp-image-32148\" alt=\"Irurita\" srcset=\"https:\/\/www.elturistatranquil.com\/wp-content\/uploads\/F28-Irurita.jpg 768w, https:\/\/www.elturistatranquil.com\/wp-content\/uploads\/F28-Irurita-339x226.jpg 339w\" sizes=\"(max-width: 768px) 100vw, 768px\" \/>\t\t\t\t\t\t\t\t\t\t\t<figcaption class=\"widget-image-caption wp-caption-text\"><\/figcaption>\n\t\t\t\t\t\t\t\t\t\t<\/figure>\n\t\t\t\t\t\t\t\t\t<\/div>\n\t\t\t\t<\/div>\n\t\t\t\t<div class=\"elementor-element elementor-element-3ea6472 elementor-widget elementor-widget-image\" data-id=\"3ea6472\" data-element_type=\"widget\" data-e-type=\"widget\" data-widget_type=\"image.default\">\n\t\t\t\t<div class=\"elementor-widget-container\">\n\t\t\t\t\t\t\t\t\t\t\t\t<figure class=\"wp-caption\">\n\t\t\t\t\t\t\t\t\t\t<img loading=\"lazy\" decoding=\"async\" width=\"768\" height=\"511\" src=\"https:\/\/www.elturistatranquil.com\/wp-content\/uploads\/F29-Irurita.jpg\" class=\"attachment-large size-large wp-image-32150\" alt=\"Irurita\" srcset=\"https:\/\/www.elturistatranquil.com\/wp-content\/uploads\/F29-Irurita.jpg 768w, https:\/\/www.elturistatranquil.com\/wp-content\/uploads\/F29-Irurita-339x226.jpg 339w\" sizes=\"(max-width: 768px) 100vw, 768px\" \/>\t\t\t\t\t\t\t\t\t\t\t<figcaption class=\"widget-image-caption wp-caption-text\"><\/figcaption>\n\t\t\t\t\t\t\t\t\t\t<\/figure>\n\t\t\t\t\t\t\t\t\t<\/div>\n\t\t\t\t<\/div>\n\t\t\t\t<div class=\"elementor-element elementor-element-1c04d7c elementor-widget elementor-widget-text-editor\" data-id=\"1c04d7c\" data-element_type=\"widget\" data-e-type=\"widget\" data-widget_type=\"text-editor.default\">\n\t\t\t\t<div class=\"elementor-widget-container\">\n\t\t\t\t\t\t\t\t\t<p>En un edifici lateral un front\u00f3 cobert. Per les seves dimensions sembla m\u00e9s pensat per a la pr\u00e0ctica de l&#8217;esport que per a l&#8217;exhibici\u00f3.<\/p>\t\t\t\t\t\t\t\t<\/div>\n\t\t\t\t<\/div>\n\t\t\t\t<div class=\"elementor-element elementor-element-540a661 elementor-widget elementor-widget-menu-anchor\" data-id=\"540a661\" data-element_type=\"widget\" data-e-type=\"widget\" data-widget_type=\"menu-anchor.default\">\n\t\t\t\t<div class=\"elementor-widget-container\">\n\t\t\t\t\t\t\t<div class=\"elementor-menu-anchor\" id=\"c5708\"><\/div>\n\t\t\t\t\t\t<\/div>\n\t\t\t\t<\/div>\n\t\t\t\t<div class=\"elementor-element elementor-element-133941c elementor-widget elementor-widget-image\" data-id=\"133941c\" data-element_type=\"widget\" data-e-type=\"widget\" data-widget_type=\"image.default\">\n\t\t\t\t<div class=\"elementor-widget-container\">\n\t\t\t\t\t\t\t\t\t\t\t\t<figure class=\"wp-caption\">\n\t\t\t\t\t\t\t\t\t\t<img loading=\"lazy\" decoding=\"async\" width=\"768\" height=\"511\" src=\"https:\/\/www.elturistatranquil.com\/wp-content\/uploads\/F30-Irurita.jpg\" class=\"attachment-large size-large wp-image-32152\" alt=\"Irurita\" srcset=\"https:\/\/www.elturistatranquil.com\/wp-content\/uploads\/F30-Irurita.jpg 768w, https:\/\/www.elturistatranquil.com\/wp-content\/uploads\/F30-Irurita-339x226.jpg 339w\" sizes=\"(max-width: 768px) 100vw, 768px\" \/>\t\t\t\t\t\t\t\t\t\t\t<figcaption class=\"widget-image-caption wp-caption-text\"><\/figcaption>\n\t\t\t\t\t\t\t\t\t\t<\/figure>\n\t\t\t\t\t\t\t\t\t<\/div>\n\t\t\t\t<\/div>\n\t\t\t\t<div class=\"elementor-element elementor-element-0709012 elementor-widget elementor-widget-heading\" data-id=\"0709012\" data-element_type=\"widget\" data-e-type=\"widget\" data-widget_type=\"heading.default\">\n\t\t\t\t<div class=\"elementor-widget-container\">\n\t\t\t\t\t<h3 class=\"elementor-heading-title elementor-size-default\">Elizondo<\/h3>\t\t\t\t<\/div>\n\t\t\t\t<\/div>\n\t\t\t\t<div class=\"elementor-element elementor-element-55ecbe2 elementor-widget elementor-widget-image\" data-id=\"55ecbe2\" data-element_type=\"widget\" data-e-type=\"widget\" data-widget_type=\"image.default\">\n\t\t\t\t<div class=\"elementor-widget-container\">\n\t\t\t\t\t\t\t\t\t\t\t\t<figure class=\"wp-caption\">\n\t\t\t\t\t\t\t\t\t\t<img loading=\"lazy\" decoding=\"async\" width=\"768\" height=\"511\" src=\"https:\/\/www.elturistatranquil.com\/wp-content\/uploads\/F31-Elizondo-Elbete-Google-earth-2020-07-29.jpg\" class=\"attachment-large size-large wp-image-32154\" alt=\"Elizondo-Elbete (Google earth 2020-07-29)\" srcset=\"https:\/\/www.elturistatranquil.com\/wp-content\/uploads\/F31-Elizondo-Elbete-Google-earth-2020-07-29.jpg 768w, https:\/\/www.elturistatranquil.com\/wp-content\/uploads\/F31-Elizondo-Elbete-Google-earth-2020-07-29-339x226.jpg 339w\" sizes=\"(max-width: 768px) 100vw, 768px\" \/>\t\t\t\t\t\t\t\t\t\t\t<figcaption class=\"widget-image-caption wp-caption-text\">Elizondo-Elbete (Google earth 2020-07-29)<\/figcaption>\n\t\t\t\t\t\t\t\t\t\t<\/figure>\n\t\t\t\t\t\t\t\t\t<\/div>\n\t\t\t\t<\/div>\n\t\t\t\t<div class=\"elementor-element elementor-element-7aa81c9 elementor-widget elementor-widget-image\" data-id=\"7aa81c9\" data-element_type=\"widget\" data-e-type=\"widget\" data-widget_type=\"image.default\">\n\t\t\t\t<div class=\"elementor-widget-container\">\n\t\t\t\t\t\t\t\t\t\t\t\t<figure class=\"wp-caption\">\n\t\t\t\t\t\t\t\t\t\t<img loading=\"lazy\" decoding=\"async\" width=\"768\" height=\"511\" src=\"https:\/\/www.elturistatranquil.com\/wp-content\/uploads\/F32-Elizondo-Google-earth-2020-07-29.jpg\" class=\"attachment-large size-large wp-image-32156\" alt=\"Elizondo (Google earth 2020-07-29)\" srcset=\"https:\/\/www.elturistatranquil.com\/wp-content\/uploads\/F32-Elizondo-Google-earth-2020-07-29.jpg 768w, https:\/\/www.elturistatranquil.com\/wp-content\/uploads\/F32-Elizondo-Google-earth-2020-07-29-339x226.jpg 339w\" sizes=\"(max-width: 768px) 100vw, 768px\" \/>\t\t\t\t\t\t\t\t\t\t\t<figcaption class=\"widget-image-caption wp-caption-text\">Elizondo, centre hist\u00f2ric (Google earth 2020-07-29)<\/figcaption>\n\t\t\t\t\t\t\t\t\t\t<\/figure>\n\t\t\t\t\t\t\t\t\t<\/div>\n\t\t\t\t<\/div>\n\t\t\t\t<div class=\"elementor-element elementor-element-7fb9ff1 elementor-widget elementor-widget-text-editor\" data-id=\"7fb9ff1\" data-element_type=\"widget\" data-e-type=\"widget\" data-widget_type=\"text-editor.default\">\n\t\t\t\t<div class=\"elementor-widget-container\">\n\t\t\t\t\t\t\t\t\t<p>Coordenades: 43\u00b008\u203248\u2033N 1\u00b031\u203201\u2033O. Altitud: 197 msnm. Poblaci\u00f3: 3.258 habitants en el nucli i 3.456 habitants en la localitat (2019).<\/p><p><strong>Elizondo<\/strong> \u00e9s la localitat m\u00e9s gran de Bazt\u00e1n, tot i que el municipi no t\u00e9 capital, aqu\u00ed es situa l&#8217;edifici de l&#8217;Ajuntament, i gran part dels serveis i comer\u00e7os.<\/p><p>L&#8217;element m\u00e9s diferencial de l&#8217;estructura urbana respecte a la resta de les localitats de tot el municipi ser\u00e0 que el seu tra\u00e7at urb\u00e0 \u00e9s compacte en illes m\u00e9s o menys ortogonals. Es mant\u00e9 el model de casa individual a\u00efllada, per\u00f2 deixant una m\u00ednima dist\u00e0ncia entre les construccions alineades amb el recorregut dels carrers.<\/p><p>El tra\u00e7at viari del centre hist\u00f2ric est\u00e0 adaptat a el curs del riu Bazt\u00e1n, al qual s&#8217;adapta longitudinalment en el seu recorregut.<\/p><p>A la dreta de la llera, el <strong>carrer Braulio Uriarte<\/strong>, <strong>antic carrer Eguzkailde<\/strong> (<strong>carrer del Sol<\/strong>) (<strong>a<\/strong>), que configura un passeig sobre el riu.<\/p><p>A l&#8217;arribar al <strong>pont de Txokoto<\/strong> (<strong>b<\/strong>) el carrer s&#8217;endinsa cap a l&#8217;interior del territori.<\/p><p>A la banda esquerra totes les construccions es recolzen sobre el marge del riu, sense deixar espai de circulaci\u00f3. Per l&#8217;interior, paral\u00b7lel a la llera discorre el <strong>carrer Jaime Urrutia<\/strong> o <strong>antic carrer Major<\/strong> (<strong>c<\/strong>).<\/p><p>Des del pont en direcci\u00f3 nord, es concentren la majoria dels grans palaus barrocs d&#8217;Elizondo.<\/p><p>El seg\u00fcent carrer paral\u00b7lel l&#8217;ocupa el disc\u00f3rrer de l&#8217;antiga carretera de Bazt\u00e1n, que segueix Vall de nord a sud, \u00e9s el <strong>carrer Santiago<\/strong> (<strong>h<\/strong>), constru\u00efda a meitat de segle XIX. Actualment \u00e9s el carrer principal, on es localitza el comer\u00e7, per\u00f2 a la qual donen l&#8217;esquena les cases m\u00e9s nobles. Pot interpretar-se com una mostra figurada de rebuig a la modernitat.<\/p><p>Aparco el cotxe al <strong>carrer Braulio Iriarte<\/strong> (<strong>a<\/strong>) i inicio el recorregut de la visita a <strong>Elizondo<\/strong>.<\/p><p>Com he dit, l&#8217;antic carrer del Sol forma un passeig sobre el marge dret de Bazt\u00e1n fins al pont de Txokoto (<strong>b<\/strong>).<\/p><p>La primera cosa que trobo \u00e9s l&#8217;escultura <strong>Maternitat<\/strong> del reconegut escultor basc <em>Jorge Oteiza<\/em>.<\/p>\t\t\t\t\t\t\t\t<\/div>\n\t\t\t\t<\/div>\n\t\t\t\t<div class=\"elementor-element elementor-element-00a2182 elementor-widget elementor-widget-image\" data-id=\"00a2182\" data-element_type=\"widget\" data-e-type=\"widget\" data-widget_type=\"image.default\">\n\t\t\t\t<div class=\"elementor-widget-container\">\n\t\t\t\t\t\t\t\t\t\t\t\t<figure class=\"wp-caption\">\n\t\t\t\t\t\t\t\t\t\t<img loading=\"lazy\" decoding=\"async\" width=\"768\" height=\"511\" src=\"https:\/\/www.elturistatranquil.com\/wp-content\/uploads\/F33-Elizondo-Maternidad-de-Jorge-Oteiza.jpg\" class=\"attachment-large size-large wp-image-32158\" alt=\"Elizondo, Maternidad de Jorge Oteiza\" srcset=\"https:\/\/www.elturistatranquil.com\/wp-content\/uploads\/F33-Elizondo-Maternidad-de-Jorge-Oteiza.jpg 768w, https:\/\/www.elturistatranquil.com\/wp-content\/uploads\/F33-Elizondo-Maternidad-de-Jorge-Oteiza-339x226.jpg 339w\" sizes=\"(max-width: 768px) 100vw, 768px\" \/>\t\t\t\t\t\t\t\t\t\t\t<figcaption class=\"widget-image-caption wp-caption-text\"><\/figcaption>\n\t\t\t\t\t\t\t\t\t\t<\/figure>\n\t\t\t\t\t\t\t\t\t<\/div>\n\t\t\t\t<\/div>\n\t\t\t\t<div class=\"elementor-element elementor-element-19a1932 elementor-widget elementor-widget-text-editor\" data-id=\"19a1932\" data-element_type=\"widget\" data-e-type=\"widget\" data-widget_type=\"text-editor.default\">\n\t\t\t\t<div class=\"elementor-widget-container\">\n\t\t\t\t\t\t\t\t\t<p>Els edificis d&#8217;aquesta zona corresponen a palaus i casalots hist\u00f2rics.<\/p><p>A la primera imatge, dos models d&#8217;edifici tradicional. El primer correspon a la casa Txarrenea, amb planta baixa de carreus i plantes superiors de murs arrebossades en blanc, amb l&#8217;obertura de les finestres de carreus. La porta d&#8217;entrada \u00e9s de tipus portalada per protegir-se de la pluja.<\/p><p>El segon model correspon a la <strong>casa Puriosenea<\/strong>, o <strong>casa de los Moros<\/strong>, de major prestigi, amb tota la fa\u00e7ana de carreus de pedra sorrenca vermella i portada de mig punt amb grans dovelles.<\/p>\t\t\t\t\t\t\t\t<\/div>\n\t\t\t\t<\/div>\n\t\t\t\t<div class=\"elementor-element elementor-element-081ad9a elementor-widget elementor-widget-image\" data-id=\"081ad9a\" data-element_type=\"widget\" data-e-type=\"widget\" data-widget_type=\"image.default\">\n\t\t\t\t<div class=\"elementor-widget-container\">\n\t\t\t\t\t\t\t\t\t\t\t\t<figure class=\"wp-caption\">\n\t\t\t\t\t\t\t\t\t\t<img loading=\"lazy\" decoding=\"async\" width=\"768\" height=\"511\" src=\"https:\/\/www.elturistatranquil.com\/wp-content\/uploads\/F34-Elizondo.jpg\" class=\"attachment-large size-large wp-image-32160\" alt=\"Elizondo\" srcset=\"https:\/\/www.elturistatranquil.com\/wp-content\/uploads\/F34-Elizondo.jpg 768w, https:\/\/www.elturistatranquil.com\/wp-content\/uploads\/F34-Elizondo-339x226.jpg 339w\" sizes=\"(max-width: 768px) 100vw, 768px\" \/>\t\t\t\t\t\t\t\t\t\t\t<figcaption class=\"widget-image-caption wp-caption-text\"><\/figcaption>\n\t\t\t\t\t\t\t\t\t\t<\/figure>\n\t\t\t\t\t\t\t\t\t<\/div>\n\t\t\t\t<\/div>\n\t\t\t\t<div class=\"elementor-element elementor-element-15b7707 elementor-widget elementor-widget-text-editor\" data-id=\"15b7707\" data-element_type=\"widget\" data-e-type=\"widget\" data-widget_type=\"text-editor.default\">\n\t\t\t\t<div class=\"elementor-widget-container\">\n\t\t\t\t\t\t\t\t\t<p>La <strong>casa Puriosenea<\/strong> \u00e9s de finals de segle XV o principis del XVI, amb elements d&#8217;un g\u00f2tic final. Adopta l&#8217;estructura de caseriu amb teulada a dues aig\u00fces, si b\u00e9 la fa\u00e7ana s&#8217;enriqueix amb la pedra de cadirat.<\/p><p>Hi havia acollit el Museu Etnogr\u00e0fic, per\u00f2 va ser tancat i traslladat el seu contingut al Museu de Pamplona.<\/p>\t\t\t\t\t\t\t\t<\/div>\n\t\t\t\t<\/div>\n\t\t\t\t<div class=\"elementor-element elementor-element-a229a9e elementor-widget elementor-widget-image\" data-id=\"a229a9e\" data-element_type=\"widget\" data-e-type=\"widget\" data-widget_type=\"image.default\">\n\t\t\t\t<div class=\"elementor-widget-container\">\n\t\t\t\t\t\t\t\t\t\t\t\t<figure class=\"wp-caption\">\n\t\t\t\t\t\t\t\t\t\t<img loading=\"lazy\" decoding=\"async\" width=\"768\" height=\"511\" src=\"https:\/\/www.elturistatranquil.com\/wp-content\/uploads\/F35-Elizondo-casa-Puriosenea.jpg\" class=\"attachment-large size-large wp-image-32162\" alt=\"Elizondo, casa Puriosenea\" srcset=\"https:\/\/www.elturistatranquil.com\/wp-content\/uploads\/F35-Elizondo-casa-Puriosenea.jpg 768w, https:\/\/www.elturistatranquil.com\/wp-content\/uploads\/F35-Elizondo-casa-Puriosenea-339x226.jpg 339w\" sizes=\"(max-width: 768px) 100vw, 768px\" \/>\t\t\t\t\t\t\t\t\t\t\t<figcaption class=\"widget-image-caption wp-caption-text\"><\/figcaption>\n\t\t\t\t\t\t\t\t\t\t<\/figure>\n\t\t\t\t\t\t\t\t\t<\/div>\n\t\t\t\t<\/div>\n\t\t\t\t<div class=\"elementor-element elementor-element-c15b8a5 elementor-widget elementor-widget-image\" data-id=\"c15b8a5\" data-element_type=\"widget\" data-e-type=\"widget\" data-widget_type=\"image.default\">\n\t\t\t\t<div class=\"elementor-widget-container\">\n\t\t\t\t\t\t\t\t\t\t\t\t<figure class=\"wp-caption\">\n\t\t\t\t\t\t\t\t\t\t<img loading=\"lazy\" decoding=\"async\" width=\"768\" height=\"512\" src=\"https:\/\/www.elturistatranquil.com\/wp-content\/uploads\/F36-Elizondo-casa-Puriosenea.jpg\" class=\"attachment-large size-large wp-image-32164\" alt=\"Elizondo, casa Puriosenea\" srcset=\"https:\/\/www.elturistatranquil.com\/wp-content\/uploads\/F36-Elizondo-casa-Puriosenea.jpg 768w, https:\/\/www.elturistatranquil.com\/wp-content\/uploads\/F36-Elizondo-casa-Puriosenea-339x226.jpg 339w\" sizes=\"(max-width: 768px) 100vw, 768px\" \/>\t\t\t\t\t\t\t\t\t\t\t<figcaption class=\"widget-image-caption wp-caption-text\"><\/figcaption>\n\t\t\t\t\t\t\t\t\t\t<\/figure>\n\t\t\t\t\t\t\t\t\t<\/div>\n\t\t\t\t<\/div>\n\t\t\t\t<div class=\"elementor-element elementor-element-c6f6c5c elementor-widget elementor-widget-text-editor\" data-id=\"c6f6c5c\" data-element_type=\"widget\" data-e-type=\"widget\" data-widget_type=\"text-editor.default\">\n\t\t\t\t<div class=\"elementor-widget-container\">\n\t\t\t\t\t\t\t\t\t<p>El que segueixen s\u00f3n caserius d&#8217;arquitectura popular i diversos blasonats.<\/p>\t\t\t\t\t\t\t\t<\/div>\n\t\t\t\t<\/div>\n\t\t\t\t<section class=\"elementor-section elementor-inner-section elementor-element elementor-element-4a5e7d9 elementor-section-boxed elementor-section-height-default elementor-section-height-default\" data-id=\"4a5e7d9\" data-element_type=\"section\" data-e-type=\"section\">\n\t\t\t\t\t\t<div class=\"elementor-container elementor-column-gap-default\">\n\t\t\t\t\t<div class=\"elementor-column elementor-col-50 elementor-inner-column elementor-element elementor-element-590448d\" data-id=\"590448d\" data-element_type=\"column\" data-e-type=\"column\">\n\t\t\t<div class=\"elementor-widget-wrap elementor-element-populated\">\n\t\t\t\t\t\t<div class=\"elementor-element elementor-element-007bc73 elementor-widget elementor-widget-image\" data-id=\"007bc73\" data-element_type=\"widget\" data-e-type=\"widget\" data-widget_type=\"image.default\">\n\t\t\t\t<div class=\"elementor-widget-container\">\n\t\t\t\t\t\t\t\t\t\t\t\t\t\t\t<img loading=\"lazy\" decoding=\"async\" width=\"366\" height=\"550\" src=\"https:\/\/www.elturistatranquil.com\/wp-content\/uploads\/F37m-Elizondo.jpg\" class=\"attachment-large size-large wp-image-32166\" alt=\"Elizondo\" srcset=\"https:\/\/www.elturistatranquil.com\/wp-content\/uploads\/F37m-Elizondo.jpg 366w, https:\/\/www.elturistatranquil.com\/wp-content\/uploads\/F37m-Elizondo-150x226.jpg 150w\" sizes=\"(max-width: 366px) 100vw, 366px\" \/>\t\t\t\t\t\t\t\t\t\t\t\t\t\t\t<\/div>\n\t\t\t\t<\/div>\n\t\t\t\t\t<\/div>\n\t\t<\/div>\n\t\t\t\t<div class=\"elementor-column elementor-col-50 elementor-inner-column elementor-element elementor-element-c218f1a\" data-id=\"c218f1a\" data-element_type=\"column\" data-e-type=\"column\">\n\t\t\t<div class=\"elementor-widget-wrap elementor-element-populated\">\n\t\t\t\t\t\t<div class=\"elementor-element elementor-element-8c4ff89 elementor-widget elementor-widget-image\" data-id=\"8c4ff89\" data-element_type=\"widget\" data-e-type=\"widget\" data-widget_type=\"image.default\">\n\t\t\t\t<div class=\"elementor-widget-container\">\n\t\t\t\t\t\t\t\t\t\t\t\t\t\t\t<img loading=\"lazy\" decoding=\"async\" width=\"366\" height=\"550\" src=\"https:\/\/www.elturistatranquil.com\/wp-content\/uploads\/F37n-Elizondo.jpg\" class=\"attachment-large size-large wp-image-32168\" alt=\"Elizondo\" srcset=\"https:\/\/www.elturistatranquil.com\/wp-content\/uploads\/F37n-Elizondo.jpg 366w, https:\/\/www.elturistatranquil.com\/wp-content\/uploads\/F37n-Elizondo-150x226.jpg 150w\" sizes=\"(max-width: 366px) 100vw, 366px\" \/>\t\t\t\t\t\t\t\t\t\t\t\t\t\t\t<\/div>\n\t\t\t\t<\/div>\n\t\t\t\t\t<\/div>\n\t\t<\/div>\n\t\t\t\t\t<\/div>\n\t\t<\/section>\n\t\t\t\t<div class=\"elementor-element elementor-element-a4da17c elementor-widget elementor-widget-text-editor\" data-id=\"a4da17c\" data-element_type=\"widget\" data-e-type=\"widget\" data-widget_type=\"text-editor.default\">\n\t\t\t\t<div class=\"elementor-widget-container\">\n\t\t\t\t\t\t\t\t\t<p>A l&#8217;arribar a l&#8217;al\u00e7ada del pont se situa la <strong>casa Beitorena<\/strong>.<\/p>\t\t\t\t\t\t\t\t<\/div>\n\t\t\t\t<\/div>\n\t\t\t\t<div class=\"elementor-element elementor-element-fcc7ebe elementor-widget elementor-widget-image\" data-id=\"fcc7ebe\" data-element_type=\"widget\" data-e-type=\"widget\" data-widget_type=\"image.default\">\n\t\t\t\t<div class=\"elementor-widget-container\">\n\t\t\t\t\t\t\t\t\t\t\t\t<figure class=\"wp-caption\">\n\t\t\t\t\t\t\t\t\t\t<img loading=\"lazy\" decoding=\"async\" width=\"768\" height=\"511\" src=\"https:\/\/www.elturistatranquil.com\/wp-content\/uploads\/F38-Elizondo-casa-Beitorena.jpg\" class=\"attachment-large size-large wp-image-32170\" alt=\"Elizondo, casa Beitorena\" srcset=\"https:\/\/www.elturistatranquil.com\/wp-content\/uploads\/F38-Elizondo-casa-Beitorena.jpg 768w, https:\/\/www.elturistatranquil.com\/wp-content\/uploads\/F38-Elizondo-casa-Beitorena-339x226.jpg 339w\" sizes=\"(max-width: 768px) 100vw, 768px\" \/>\t\t\t\t\t\t\t\t\t\t\t<figcaption class=\"widget-image-caption wp-caption-text\"><\/figcaption>\n\t\t\t\t\t\t\t\t\t\t<\/figure>\n\t\t\t\t\t\t\t\t\t<\/div>\n\t\t\t\t<\/div>\n\t\t\t\t<div class=\"elementor-element elementor-element-7ec4ac5 elementor-widget elementor-widget-text-editor\" data-id=\"7ec4ac5\" data-element_type=\"widget\" data-e-type=\"widget\" data-widget_type=\"text-editor.default\">\n\t\t\t\t<div class=\"elementor-widget-container\">\n\t\t\t\t\t\t\t\t\t<p>Continuant carrer amunt superat el pont, podem continuar apreciant edificacions d&#8217;arquitectura popular.<\/p>\t\t\t\t\t\t\t\t<\/div>\n\t\t\t\t<\/div>\n\t\t\t\t<div class=\"elementor-element elementor-element-b633950 elementor-widget elementor-widget-image\" data-id=\"b633950\" data-element_type=\"widget\" data-e-type=\"widget\" data-widget_type=\"image.default\">\n\t\t\t\t<div class=\"elementor-widget-container\">\n\t\t\t\t\t\t\t\t\t\t\t\t<figure class=\"wp-caption\">\n\t\t\t\t\t\t\t\t\t\t<img loading=\"lazy\" decoding=\"async\" width=\"768\" height=\"511\" src=\"https:\/\/www.elturistatranquil.com\/wp-content\/uploads\/F39-Elizondo.jpg\" class=\"attachment-large size-large wp-image-32172\" alt=\"Elizondo\" srcset=\"https:\/\/www.elturistatranquil.com\/wp-content\/uploads\/F39-Elizondo.jpg 768w, https:\/\/www.elturistatranquil.com\/wp-content\/uploads\/F39-Elizondo-339x226.jpg 339w\" sizes=\"(max-width: 768px) 100vw, 768px\" \/>\t\t\t\t\t\t\t\t\t\t\t<figcaption class=\"widget-image-caption wp-caption-text\"><\/figcaption>\n\t\t\t\t\t\t\t\t\t\t<\/figure>\n\t\t\t\t\t\t\t\t\t<\/div>\n\t\t\t\t<\/div>\n\t\t\t\t<div class=\"elementor-element elementor-element-d98fe80 elementor-widget elementor-widget-image\" data-id=\"d98fe80\" data-element_type=\"widget\" data-e-type=\"widget\" data-widget_type=\"image.default\">\n\t\t\t\t<div class=\"elementor-widget-container\">\n\t\t\t\t\t\t\t\t\t\t\t\t<figure class=\"wp-caption\">\n\t\t\t\t\t\t\t\t\t\t<img loading=\"lazy\" decoding=\"async\" width=\"768\" height=\"512\" src=\"https:\/\/www.elturistatranquil.com\/wp-content\/uploads\/F40-Elizondo.jpg\" class=\"attachment-large size-large wp-image-32174\" alt=\"Elizondo\" srcset=\"https:\/\/www.elturistatranquil.com\/wp-content\/uploads\/F40-Elizondo.jpg 768w, https:\/\/www.elturistatranquil.com\/wp-content\/uploads\/F40-Elizondo-339x226.jpg 339w\" sizes=\"(max-width: 768px) 100vw, 768px\" \/>\t\t\t\t\t\t\t\t\t\t\t<figcaption class=\"widget-image-caption wp-caption-text\"><\/figcaption>\n\t\t\t\t\t\t\t\t\t\t<\/figure>\n\t\t\t\t\t\t\t\t\t<\/div>\n\t\t\t\t<\/div>\n\t\t\t\t<div class=\"elementor-element elementor-element-47eda5d elementor-widget elementor-widget-text-editor\" data-id=\"47eda5d\" data-element_type=\"widget\" data-e-type=\"widget\" data-widget_type=\"text-editor.default\">\n\t\t\t\t<div class=\"elementor-widget-container\">\n\t\t\t\t\t\t\t\t\t<p>Per pass\u00e9s la part central de Elizondo he de creuar el <strong>pont de Txokoto<\/strong> (<strong>b<\/strong>), el que permet apreciar dos perspectives del curs fluvial.<\/p><p>Aig\u00fces amunt la <strong>resclosa de Txokoto<\/strong> i les cases que s&#8217;assenten sobre el mateix l\u00edmit del curs d&#8217;aigua.<\/p>\t\t\t\t\t\t\t\t<\/div>\n\t\t\t\t<\/div>\n\t\t\t\t<div class=\"elementor-element elementor-element-0e8de5d elementor-widget elementor-widget-image\" data-id=\"0e8de5d\" data-element_type=\"widget\" data-e-type=\"widget\" data-widget_type=\"image.default\">\n\t\t\t\t<div class=\"elementor-widget-container\">\n\t\t\t\t\t\t\t\t\t\t\t\t<figure class=\"wp-caption\">\n\t\t\t\t\t\t\t\t\t\t<img loading=\"lazy\" decoding=\"async\" width=\"768\" height=\"511\" src=\"https:\/\/www.elturistatranquil.com\/wp-content\/uploads\/F41-Elizondo-rio-Baztan.jpg\" class=\"attachment-large size-large wp-image-32176\" alt=\"Elizondo, rio Baztan\" srcset=\"https:\/\/www.elturistatranquil.com\/wp-content\/uploads\/F41-Elizondo-rio-Baztan.jpg 768w, https:\/\/www.elturistatranquil.com\/wp-content\/uploads\/F41-Elizondo-rio-Baztan-339x226.jpg 339w\" sizes=\"(max-width: 768px) 100vw, 768px\" \/>\t\t\t\t\t\t\t\t\t\t\t<figcaption class=\"widget-image-caption wp-caption-text\"><\/figcaption>\n\t\t\t\t\t\t\t\t\t\t<\/figure>\n\t\t\t\t\t\t\t\t\t<\/div>\n\t\t\t\t<\/div>\n\t\t\t\t<div class=\"elementor-element elementor-element-ba6fb1c elementor-widget elementor-widget-text-editor\" data-id=\"ba6fb1c\" data-element_type=\"widget\" data-e-type=\"widget\" data-widget_type=\"text-editor.default\">\n\t\t\t\t<div class=\"elementor-widget-container\">\n\t\t\t\t\t\t\t\t\t<p>Aig\u00fces avall, a la dreta el passeig Braulio Iriarte que acabo de rec\u00f3rrer, i al marge esquerre continuen les construccions sobre la llera.<\/p>\t\t\t\t\t\t\t\t<\/div>\n\t\t\t\t<\/div>\n\t\t\t\t<div class=\"elementor-element elementor-element-6281137 elementor-widget elementor-widget-image\" data-id=\"6281137\" data-element_type=\"widget\" data-e-type=\"widget\" data-widget_type=\"image.default\">\n\t\t\t\t<div class=\"elementor-widget-container\">\n\t\t\t\t\t\t\t\t\t\t\t\t<figure class=\"wp-caption\">\n\t\t\t\t\t\t\t\t\t\t<img loading=\"lazy\" decoding=\"async\" width=\"768\" height=\"511\" src=\"https:\/\/www.elturistatranquil.com\/wp-content\/uploads\/F42a-Elizondo-rio-Baztan.jpg\" class=\"attachment-large size-large wp-image-32178\" alt=\"Elizondo, rio Baztan\" srcset=\"https:\/\/www.elturistatranquil.com\/wp-content\/uploads\/F42a-Elizondo-rio-Baztan.jpg 768w, https:\/\/www.elturistatranquil.com\/wp-content\/uploads\/F42a-Elizondo-rio-Baztan-339x226.jpg 339w\" sizes=\"(max-width: 768px) 100vw, 768px\" \/>\t\t\t\t\t\t\t\t\t\t\t<figcaption class=\"widget-image-caption wp-caption-text\"><\/figcaption>\n\t\t\t\t\t\t\t\t\t\t<\/figure>\n\t\t\t\t\t\t\t\t\t<\/div>\n\t\t\t\t<\/div>\n\t\t\t\t<div class=\"elementor-element elementor-element-86f037f elementor-widget elementor-widget-image\" data-id=\"86f037f\" data-element_type=\"widget\" data-e-type=\"widget\" data-widget_type=\"image.default\">\n\t\t\t\t<div class=\"elementor-widget-container\">\n\t\t\t\t\t\t\t\t\t\t\t\t<figure class=\"wp-caption\">\n\t\t\t\t\t\t\t\t\t\t<img loading=\"lazy\" decoding=\"async\" width=\"768\" height=\"511\" src=\"https:\/\/www.elturistatranquil.com\/wp-content\/uploads\/F42b-Elizondo-rio-Baztan.jpg\" class=\"attachment-large size-large wp-image-32180\" alt=\"Elizondo, rio Baztan\" srcset=\"https:\/\/www.elturistatranquil.com\/wp-content\/uploads\/F42b-Elizondo-rio-Baztan.jpg 768w, https:\/\/www.elturistatranquil.com\/wp-content\/uploads\/F42b-Elizondo-rio-Baztan-339x226.jpg 339w\" sizes=\"(max-width: 768px) 100vw, 768px\" \/>\t\t\t\t\t\t\t\t\t\t\t<figcaption class=\"widget-image-caption wp-caption-text\"><\/figcaption>\n\t\t\t\t\t\t\t\t\t\t<\/figure>\n\t\t\t\t\t\t\t\t\t<\/div>\n\t\t\t\t<\/div>\n\t\t\t\t<div class=\"elementor-element elementor-element-0b03c2b elementor-widget elementor-widget-text-editor\" data-id=\"0b03c2b\" data-element_type=\"widget\" data-e-type=\"widget\" data-widget_type=\"text-editor.default\">\n\t\t\t\t<div class=\"elementor-widget-container\">\n\t\t\t\t\t\t\t\t\t<p>Passat el pont Txokoto la poblaci\u00f3 antiga s&#8217;articulava, a dreta i esquerra, sobre dos carrers sinuosos paral\u00b7leles: el carrer Jaime Urrutia (<strong>c<\/strong>), amb aires m\u00e9s vianants, i la carretera de Bazt\u00e1n o carrer Santiago (<strong>h<\/strong>).<\/p><p>M&#8217;endinso per l&#8217;esquerra al <strong>carrer Jaime Urrutia<\/strong> (<strong>c<\/strong>) en direcci\u00f3 a la pla\u00e7a de los Fueros.<\/p>\t\t\t\t\t\t\t\t<\/div>\n\t\t\t\t<\/div>\n\t\t\t\t<div class=\"elementor-element elementor-element-ce3f013 elementor-widget elementor-widget-image\" data-id=\"ce3f013\" data-element_type=\"widget\" data-e-type=\"widget\" data-widget_type=\"image.default\">\n\t\t\t\t<div class=\"elementor-widget-container\">\n\t\t\t\t\t\t\t\t\t\t\t\t<figure class=\"wp-caption\">\n\t\t\t\t\t\t\t\t\t\t<img loading=\"lazy\" decoding=\"async\" width=\"768\" height=\"512\" src=\"https:\/\/www.elturistatranquil.com\/wp-content\/uploads\/F43-Elizondo.jpg\" class=\"attachment-large size-large wp-image-32182\" alt=\"Elizondo\" srcset=\"https:\/\/www.elturistatranquil.com\/wp-content\/uploads\/F43-Elizondo.jpg 768w, https:\/\/www.elturistatranquil.com\/wp-content\/uploads\/F43-Elizondo-339x226.jpg 339w\" sizes=\"(max-width: 768px) 100vw, 768px\" \/>\t\t\t\t\t\t\t\t\t\t\t<figcaption class=\"widget-image-caption wp-caption-text\"><\/figcaption>\n\t\t\t\t\t\t\t\t\t\t<\/figure>\n\t\t\t\t\t\t\t\t\t<\/div>\n\t\t\t\t<\/div>\n\t\t\t\t<div class=\"elementor-element elementor-element-5f9f7c9 elementor-widget elementor-widget-text-editor\" data-id=\"5f9f7c9\" data-element_type=\"widget\" data-e-type=\"widget\" data-widget_type=\"text-editor.default\">\n\t\t\t\t<div class=\"elementor-widget-container\">\n\t\t\t\t\t\t\t\t\t<p>En aquestes arcades se celebrava el mercat local.<\/p>\t\t\t\t\t\t\t\t<\/div>\n\t\t\t\t<\/div>\n\t\t\t\t<div class=\"elementor-element elementor-element-cee0585 elementor-widget elementor-widget-image\" data-id=\"cee0585\" data-element_type=\"widget\" data-e-type=\"widget\" data-widget_type=\"image.default\">\n\t\t\t\t<div class=\"elementor-widget-container\">\n\t\t\t\t\t\t\t\t\t\t\t\t<figure class=\"wp-caption\">\n\t\t\t\t\t\t\t\t\t\t<img loading=\"lazy\" decoding=\"async\" width=\"768\" height=\"511\" src=\"https:\/\/www.elturistatranquil.com\/wp-content\/uploads\/F44-Elizondo-calle-Jaime-Urrutia.jpg\" class=\"attachment-large size-large wp-image-32184\" alt=\"Elizondo, calle Jaime Urrutia\" srcset=\"https:\/\/www.elturistatranquil.com\/wp-content\/uploads\/F44-Elizondo-calle-Jaime-Urrutia.jpg 768w, https:\/\/www.elturistatranquil.com\/wp-content\/uploads\/F44-Elizondo-calle-Jaime-Urrutia-339x226.jpg 339w\" sizes=\"(max-width: 768px) 100vw, 768px\" \/>\t\t\t\t\t\t\t\t\t\t\t<figcaption class=\"widget-image-caption wp-caption-text\"><\/figcaption>\n\t\t\t\t\t\t\t\t\t\t<\/figure>\n\t\t\t\t\t\t\t\t\t<\/div>\n\t\t\t\t<\/div>\n\t\t\t\t<div class=\"elementor-element elementor-element-20c7541 elementor-widget elementor-widget-image\" data-id=\"20c7541\" data-element_type=\"widget\" data-e-type=\"widget\" data-widget_type=\"image.default\">\n\t\t\t\t<div class=\"elementor-widget-container\">\n\t\t\t\t\t\t\t\t\t\t\t\t<figure class=\"wp-caption\">\n\t\t\t\t\t\t\t\t\t\t<img loading=\"lazy\" decoding=\"async\" width=\"768\" height=\"511\" src=\"https:\/\/www.elturistatranquil.com\/wp-content\/uploads\/F45-Elizondo-calle-Jaime-Urrutia.jpg\" class=\"attachment-large size-large wp-image-32186\" alt=\"Elizondo, calle Jaime Urrutia\" srcset=\"https:\/\/www.elturistatranquil.com\/wp-content\/uploads\/F45-Elizondo-calle-Jaime-Urrutia.jpg 768w, https:\/\/www.elturistatranquil.com\/wp-content\/uploads\/F45-Elizondo-calle-Jaime-Urrutia-339x226.jpg 339w\" sizes=\"(max-width: 768px) 100vw, 768px\" \/>\t\t\t\t\t\t\t\t\t\t\t<figcaption class=\"widget-image-caption wp-caption-text\"><\/figcaption>\n\t\t\t\t\t\t\t\t\t\t<\/figure>\n\t\t\t\t\t\t\t\t\t<\/div>\n\t\t\t\t<\/div>\n\t\t\t\t<div class=\"elementor-element elementor-element-2527461 elementor-widget elementor-widget-image\" data-id=\"2527461\" data-element_type=\"widget\" data-e-type=\"widget\" data-widget_type=\"image.default\">\n\t\t\t\t<div class=\"elementor-widget-container\">\n\t\t\t\t\t\t\t\t\t\t\t\t<figure class=\"wp-caption\">\n\t\t\t\t\t\t\t\t\t\t<img loading=\"lazy\" decoding=\"async\" width=\"768\" height=\"511\" src=\"https:\/\/www.elturistatranquil.com\/wp-content\/uploads\/F46-Elizondo-calle-Jaime-Urrutia.jpg\" class=\"attachment-large size-large wp-image-32188\" alt=\"Elizondo, calle Jaime Urrutia\" srcset=\"https:\/\/www.elturistatranquil.com\/wp-content\/uploads\/F46-Elizondo-calle-Jaime-Urrutia.jpg 768w, https:\/\/www.elturistatranquil.com\/wp-content\/uploads\/F46-Elizondo-calle-Jaime-Urrutia-339x226.jpg 339w\" sizes=\"(max-width: 768px) 100vw, 768px\" \/>\t\t\t\t\t\t\t\t\t\t\t<figcaption class=\"widget-image-caption wp-caption-text\"><\/figcaption>\n\t\t\t\t\t\t\t\t\t\t<\/figure>\n\t\t\t\t\t\t\t\t\t<\/div>\n\t\t\t\t<\/div>\n\t\t\t\t<div class=\"elementor-element elementor-element-815a265 elementor-widget elementor-widget-text-editor\" data-id=\"815a265\" data-element_type=\"widget\" data-e-type=\"widget\" data-widget_type=\"text-editor.default\">\n\t\t\t\t<div class=\"elementor-widget-container\">\n\t\t\t\t\t\t\t\t\t<p>A mig carrer, al n\u00ba 27, es troba la <strong>belena<\/strong>, passatge que unia abans de l&#8217;expansi\u00f3 urbana, el carrer Jaime Urrutia amb els horts de la part posterior de les casalots.<\/p>\t\t\t\t\t\t\t\t<\/div>\n\t\t\t\t<\/div>\n\t\t\t\t<div class=\"elementor-element elementor-element-357be72 elementor-widget elementor-widget-image\" data-id=\"357be72\" data-element_type=\"widget\" data-e-type=\"widget\" data-widget_type=\"image.default\">\n\t\t\t\t<div class=\"elementor-widget-container\">\n\t\t\t\t\t\t\t\t\t\t\t\t<figure class=\"wp-caption\">\n\t\t\t\t\t\t\t\t\t\t<img loading=\"lazy\" decoding=\"async\" width=\"768\" height=\"511\" src=\"https:\/\/www.elturistatranquil.com\/wp-content\/uploads\/F47-Elizondo-belena.jpg\" class=\"attachment-large size-large wp-image-32190\" alt=\"Elizondo, belena\" srcset=\"https:\/\/www.elturistatranquil.com\/wp-content\/uploads\/F47-Elizondo-belena.jpg 768w, https:\/\/www.elturistatranquil.com\/wp-content\/uploads\/F47-Elizondo-belena-339x226.jpg 339w\" sizes=\"(max-width: 768px) 100vw, 768px\" \/>\t\t\t\t\t\t\t\t\t\t\t<figcaption class=\"widget-image-caption wp-caption-text\"><\/figcaption>\n\t\t\t\t\t\t\t\t\t\t<\/figure>\n\t\t\t\t\t\t\t\t\t<\/div>\n\t\t\t\t<\/div>\n\t\t\t\t<div class=\"elementor-element elementor-element-0cf36c7 elementor-widget elementor-widget-image\" data-id=\"0cf36c7\" data-element_type=\"widget\" data-e-type=\"widget\" data-widget_type=\"image.default\">\n\t\t\t\t<div class=\"elementor-widget-container\">\n\t\t\t\t\t\t\t\t\t\t\t\t<figure class=\"wp-caption\">\n\t\t\t\t\t\t\t\t\t\t<img loading=\"lazy\" decoding=\"async\" width=\"768\" height=\"512\" src=\"https:\/\/www.elturistatranquil.com\/wp-content\/uploads\/F48-Elizondo-calle-Jaime-Urrutia.jpg\" class=\"attachment-large size-large wp-image-32205\" alt=\"Elizondo, calle Jaime Urrutia\" srcset=\"https:\/\/www.elturistatranquil.com\/wp-content\/uploads\/F48-Elizondo-calle-Jaime-Urrutia.jpg 768w, https:\/\/www.elturistatranquil.com\/wp-content\/uploads\/F48-Elizondo-calle-Jaime-Urrutia-339x226.jpg 339w\" sizes=\"(max-width: 768px) 100vw, 768px\" \/>\t\t\t\t\t\t\t\t\t\t\t<figcaption class=\"widget-image-caption wp-caption-text\"><\/figcaption>\n\t\t\t\t\t\t\t\t\t\t<\/figure>\n\t\t\t\t\t\t\t\t\t<\/div>\n\t\t\t\t<\/div>\n\t\t\t\t<div class=\"elementor-element elementor-element-6f4aefa elementor-widget elementor-widget-text-editor\" data-id=\"6f4aefa\" data-element_type=\"widget\" data-e-type=\"widget\" data-widget_type=\"text-editor.default\">\n\t\t\t\t<div class=\"elementor-widget-container\">\n\t\t\t\t\t\t\t\t\t<p>A la fin del carrer, a l&#8217;esquerra, se situa el <strong>palau Arizcunenea<\/strong>, actual <strong>Casa de Cultura<\/strong>.<\/p><p>Aquest palau \u00e9s el m\u00e9s representatiu de l&#8217;arquitectura palatina de Elizondo. Va ser acabat de construir cap a 1740. T\u00e9 una disposici\u00f3 en forma de \u201cU\u201d amb dues ales sortints i fa\u00e7ana de gran efecte barroquista, reculada i constru\u00efda en carreu concentrant ornaments, en contrast amb els cossos laterals arrebossats i carreu vermell\u00f3s en cantonades i marc d&#8217;obertures. Una porta de mig punt que uneix els dos elements sortints d\u00f3na pas a un pati pel qual s&#8217;accedeix a la mansi\u00f3.<\/p>\t\t\t\t\t\t\t\t<\/div>\n\t\t\t\t<\/div>\n\t\t\t\t<div class=\"elementor-element elementor-element-1887576 elementor-widget elementor-widget-image\" data-id=\"1887576\" data-element_type=\"widget\" data-e-type=\"widget\" data-widget_type=\"image.default\">\n\t\t\t\t<div class=\"elementor-widget-container\">\n\t\t\t\t\t\t\t\t\t\t\t\t<figure class=\"wp-caption\">\n\t\t\t\t\t\t\t\t\t\t<img loading=\"lazy\" decoding=\"async\" width=\"768\" height=\"511\" src=\"https:\/\/www.elturistatranquil.com\/wp-content\/uploads\/F49-Elizondo-palacio-Arizcunenea.jpg\" class=\"attachment-large size-large wp-image-32207\" alt=\"Elizondo, palacio Arizcunenea\" srcset=\"https:\/\/www.elturistatranquil.com\/wp-content\/uploads\/F49-Elizondo-palacio-Arizcunenea.jpg 768w, https:\/\/www.elturistatranquil.com\/wp-content\/uploads\/F49-Elizondo-palacio-Arizcunenea-339x226.jpg 339w\" sizes=\"(max-width: 768px) 100vw, 768px\" \/>\t\t\t\t\t\t\t\t\t\t\t<figcaption class=\"widget-image-caption wp-caption-text\"><\/figcaption>\n\t\t\t\t\t\t\t\t\t\t<\/figure>\n\t\t\t\t\t\t\t\t\t<\/div>\n\t\t\t\t<\/div>\n\t\t\t\t<div class=\"elementor-element elementor-element-485c57e elementor-widget elementor-widget-image\" data-id=\"485c57e\" data-element_type=\"widget\" data-e-type=\"widget\" data-widget_type=\"image.default\">\n\t\t\t\t<div class=\"elementor-widget-container\">\n\t\t\t\t\t\t\t\t\t\t\t\t<figure class=\"wp-caption\">\n\t\t\t\t\t\t\t\t\t\t<img loading=\"lazy\" decoding=\"async\" width=\"768\" height=\"511\" src=\"https:\/\/www.elturistatranquil.com\/wp-content\/uploads\/F50-Elizondo-palacio-Arizcunenea.jpg\" class=\"attachment-large size-large wp-image-32209\" alt=\"Elizondo, palacio Arizcunenea\" srcset=\"https:\/\/www.elturistatranquil.com\/wp-content\/uploads\/F50-Elizondo-palacio-Arizcunenea.jpg 768w, https:\/\/www.elturistatranquil.com\/wp-content\/uploads\/F50-Elizondo-palacio-Arizcunenea-339x226.jpg 339w\" sizes=\"(max-width: 768px) 100vw, 768px\" \/>\t\t\t\t\t\t\t\t\t\t\t<figcaption class=\"widget-image-caption wp-caption-text\"><\/figcaption>\n\t\t\t\t\t\t\t\t\t\t<\/figure>\n\t\t\t\t\t\t\t\t\t<\/div>\n\t\t\t\t<\/div>\n\t\t\t\t<div class=\"elementor-element elementor-element-f785d18 elementor-widget elementor-widget-text-editor\" data-id=\"f785d18\" data-element_type=\"widget\" data-e-type=\"widget\" data-widget_type=\"text-editor.default\">\n\t\t\t\t<div class=\"elementor-widget-container\">\n\t\t\t\t\t\t\t\t\t<p>La <strong>pla\u00e7a<\/strong> <strong>de los Fueros<\/strong> (<strong>d<\/strong>) \u00e9s, de fet, un gran espai indefinit. En el seu costat oest queda tancat per l&#8217;edifici de l&#8217;Ajuntament (al fons a la fotografia seg\u00fcent), i el costat est enlla\u00e7a amb el carrer Santiago.<\/p>\t\t\t\t\t\t\t\t<\/div>\n\t\t\t\t<\/div>\n\t\t\t\t<div class=\"elementor-element elementor-element-c410af5 elementor-widget elementor-widget-image\" data-id=\"c410af5\" data-element_type=\"widget\" data-e-type=\"widget\" data-widget_type=\"image.default\">\n\t\t\t\t<div class=\"elementor-widget-container\">\n\t\t\t\t\t\t\t\t\t\t\t\t<figure class=\"wp-caption\">\n\t\t\t\t\t\t\t\t\t\t<img loading=\"lazy\" decoding=\"async\" width=\"768\" height=\"511\" src=\"https:\/\/www.elturistatranquil.com\/wp-content\/uploads\/F51-Elizondo-plaza-de-los-Fueros-.jpg\" class=\"attachment-large size-large wp-image-32211\" alt=\"Elizondo, plaza de los Fueros\" srcset=\"https:\/\/www.elturistatranquil.com\/wp-content\/uploads\/F51-Elizondo-plaza-de-los-Fueros-.jpg 768w, https:\/\/www.elturistatranquil.com\/wp-content\/uploads\/F51-Elizondo-plaza-de-los-Fueros--339x226.jpg 339w\" sizes=\"(max-width: 768px) 100vw, 768px\" \/>\t\t\t\t\t\t\t\t\t\t\t<figcaption class=\"widget-image-caption wp-caption-text\"><\/figcaption>\n\t\t\t\t\t\t\t\t\t\t<\/figure>\n\t\t\t\t\t\t\t\t\t<\/div>\n\t\t\t\t<\/div>\n\t\t\t\t<div class=\"elementor-element elementor-element-da8ea33 elementor-widget elementor-widget-text-editor\" data-id=\"da8ea33\" data-element_type=\"widget\" data-e-type=\"widget\" data-widget_type=\"text-editor.default\">\n\t\t\t\t<div class=\"elementor-widget-container\">\n\t\t\t\t\t\t\t\t\t<p>L&#8217;<strong>Ajuntament<\/strong> \u00e9s un noble edifici barroc de finals del segle XVII amb fa\u00e7ana de carreu, combinant la pedra rogenca del parament amb la blanca dels emmarquis d&#8217;obertures. Es considera que va prendre com a model el palau de Elvetea. El pis inferior es troba porticat, obert amb tres arcs de mig punt. El pis noble est\u00e0 recorregut per un balc\u00f3 que ocupa tota la fa\u00e7ana.<\/p>\t\t\t\t\t\t\t\t<\/div>\n\t\t\t\t<\/div>\n\t\t\t\t<div class=\"elementor-element elementor-element-ff1eee3 elementor-widget elementor-widget-image\" data-id=\"ff1eee3\" data-element_type=\"widget\" data-e-type=\"widget\" data-widget_type=\"image.default\">\n\t\t\t\t<div class=\"elementor-widget-container\">\n\t\t\t\t\t\t\t\t\t\t\t\t<figure class=\"wp-caption\">\n\t\t\t\t\t\t\t\t\t\t<img loading=\"lazy\" decoding=\"async\" width=\"768\" height=\"511\" src=\"https:\/\/www.elturistatranquil.com\/wp-content\/uploads\/F52-Elizondo-Ayuntamiento.jpg\" class=\"attachment-large size-large wp-image-32213\" alt=\"Elizondo, Ayuntamiento\" srcset=\"https:\/\/www.elturistatranquil.com\/wp-content\/uploads\/F52-Elizondo-Ayuntamiento.jpg 768w, https:\/\/www.elturistatranquil.com\/wp-content\/uploads\/F52-Elizondo-Ayuntamiento-339x226.jpg 339w\" sizes=\"(max-width: 768px) 100vw, 768px\" \/>\t\t\t\t\t\t\t\t\t\t\t<figcaption class=\"widget-image-caption wp-caption-text\"><\/figcaption>\n\t\t\t\t\t\t\t\t\t\t<\/figure>\n\t\t\t\t\t\t\t\t\t<\/div>\n\t\t\t\t<\/div>\n\t\t\t\t<div class=\"elementor-element elementor-element-676a7b9 elementor-widget elementor-widget-text-editor\" data-id=\"676a7b9\" data-element_type=\"widget\" data-e-type=\"widget\" data-widget_type=\"text-editor.default\">\n\t\t\t\t<div class=\"elementor-widget-container\">\n\t\t\t\t\t\t\t\t\t<p>En ell es reuneix la Junta General de Bazt\u00e1n, la instituci\u00f3 d&#8217;origen medieval que governa tota la Vall.<\/p><p>A la cantonada de l&#8217;edifici es troba una <strong>pedra<\/strong> o <strong>botillo<\/strong> que s&#8217;utilitzava en el joc de &#8220;<em>laxoa<\/em>&#8220;, la modalitat de pilota basca m\u00e9s antiga.<\/p>\t\t\t\t\t\t\t\t<\/div>\n\t\t\t\t<\/div>\n\t\t\t\t<div class=\"elementor-element elementor-element-1579b58 elementor-widget elementor-widget-image\" data-id=\"1579b58\" data-element_type=\"widget\" data-e-type=\"widget\" data-widget_type=\"image.default\">\n\t\t\t\t<div class=\"elementor-widget-container\">\n\t\t\t\t\t\t\t\t\t\t\t\t<figure class=\"wp-caption\">\n\t\t\t\t\t\t\t\t\t\t<img loading=\"lazy\" decoding=\"async\" width=\"768\" height=\"511\" src=\"https:\/\/www.elturistatranquil.com\/wp-content\/uploads\/F53-Elizondo-Ayuntamiento.jpg\" class=\"attachment-large size-large wp-image-32215\" alt=\"Elizondo, Ayuntamiento\" srcset=\"https:\/\/www.elturistatranquil.com\/wp-content\/uploads\/F53-Elizondo-Ayuntamiento.jpg 768w, https:\/\/www.elturistatranquil.com\/wp-content\/uploads\/F53-Elizondo-Ayuntamiento-339x226.jpg 339w\" sizes=\"(max-width: 768px) 100vw, 768px\" \/>\t\t\t\t\t\t\t\t\t\t\t<figcaption class=\"widget-image-caption wp-caption-text\"><\/figcaption>\n\t\t\t\t\t\t\t\t\t\t<\/figure>\n\t\t\t\t\t\t\t\t\t<\/div>\n\t\t\t\t<\/div>\n\t\t\t\t<div class=\"elementor-element elementor-element-bcfc34a elementor-widget elementor-widget-text-editor\" data-id=\"bcfc34a\" data-element_type=\"widget\" data-e-type=\"widget\" data-widget_type=\"text-editor.default\">\n\t\t\t\t<div class=\"elementor-widget-container\">\n\t\t\t\t\t\t\t\t\t<p>Prenent el carrer de l&#8217;esquerra es troba la <strong>pla\u00e7a de La Coral<\/strong>, a on descendeix una escalinata des de l&#8217;Ajuntament.<\/p>\t\t\t\t\t\t\t\t<\/div>\n\t\t\t\t<\/div>\n\t\t\t\t<div class=\"elementor-element elementor-element-f852965 elementor-widget elementor-widget-image\" data-id=\"f852965\" data-element_type=\"widget\" data-e-type=\"widget\" data-widget_type=\"image.default\">\n\t\t\t\t<div class=\"elementor-widget-container\">\n\t\t\t\t\t\t\t\t\t\t\t\t<figure class=\"wp-caption\">\n\t\t\t\t\t\t\t\t\t\t<img loading=\"lazy\" decoding=\"async\" width=\"768\" height=\"511\" src=\"https:\/\/www.elturistatranquil.com\/wp-content\/uploads\/F54-Elizondo-Ayuntamiento-1.jpg\" class=\"attachment-large size-large wp-image-32223\" alt=\"Elizondo, Ayuntamiento\" srcset=\"https:\/\/www.elturistatranquil.com\/wp-content\/uploads\/F54-Elizondo-Ayuntamiento-1.jpg 768w, https:\/\/www.elturistatranquil.com\/wp-content\/uploads\/F54-Elizondo-Ayuntamiento-1-339x226.jpg 339w\" sizes=\"(max-width: 768px) 100vw, 768px\" \/>\t\t\t\t\t\t\t\t\t\t\t<figcaption class=\"widget-image-caption wp-caption-text\"><\/figcaption>\n\t\t\t\t\t\t\t\t\t\t<\/figure>\n\t\t\t\t\t\t\t\t\t<\/div>\n\t\t\t\t<\/div>\n\t\t\t\t<div class=\"elementor-element elementor-element-ecfe2e3 elementor-widget elementor-widget-text-editor\" data-id=\"ecfe2e3\" data-element_type=\"widget\" data-e-type=\"widget\" data-widget_type=\"text-editor.default\">\n\t\t\t\t<div class=\"elementor-widget-container\">\n\t\t\t\t\t\t\t\t\t<p>Al fons, al costat d&#8217;una portalada, el <strong>Lamiputzo<\/strong> (<em>Manantial de Lamias<\/em>), disseny i escultura de <em>Xabier Santxotena<\/em> (1992). En la mitologia basca la <em>Lamia<\/em> era un personatge meitat dona a la part superior i les extremitats inferiors d&#8217;animal (gallina, \u00e0nec o cabra, o un peix), segons la zona.<\/p>\t\t\t\t\t\t\t\t<\/div>\n\t\t\t\t<\/div>\n\t\t\t\t<div class=\"elementor-element elementor-element-c5cdc4d elementor-widget elementor-widget-image\" data-id=\"c5cdc4d\" data-element_type=\"widget\" data-e-type=\"widget\" data-widget_type=\"image.default\">\n\t\t\t\t<div class=\"elementor-widget-container\">\n\t\t\t\t\t\t\t\t\t\t\t\t<figure class=\"wp-caption\">\n\t\t\t\t\t\t\t\t\t\t<img loading=\"lazy\" decoding=\"async\" width=\"768\" height=\"511\" src=\"https:\/\/www.elturistatranquil.com\/wp-content\/uploads\/F55-Elizondo-Lamiputzo.jpg\" class=\"attachment-large size-large wp-image-32219\" alt=\"Elizondo, Lamiputzo\" srcset=\"https:\/\/www.elturistatranquil.com\/wp-content\/uploads\/F55-Elizondo-Lamiputzo.jpg 768w, https:\/\/www.elturistatranquil.com\/wp-content\/uploads\/F55-Elizondo-Lamiputzo-339x226.jpg 339w\" sizes=\"(max-width: 768px) 100vw, 768px\" \/>\t\t\t\t\t\t\t\t\t\t\t<figcaption class=\"widget-image-caption wp-caption-text\"><\/figcaption>\n\t\t\t\t\t\t\t\t\t\t<\/figure>\n\t\t\t\t\t\t\t\t\t<\/div>\n\t\t\t\t<\/div>\n\t\t\t\t<div class=\"elementor-element elementor-element-f443a5a elementor-widget elementor-widget-image\" data-id=\"f443a5a\" data-element_type=\"widget\" data-e-type=\"widget\" data-widget_type=\"image.default\">\n\t\t\t\t<div class=\"elementor-widget-container\">\n\t\t\t\t\t\t\t\t\t\t\t\t<figure class=\"wp-caption\">\n\t\t\t\t\t\t\t\t\t\t<img loading=\"lazy\" decoding=\"async\" width=\"768\" height=\"511\" src=\"https:\/\/www.elturistatranquil.com\/wp-content\/uploads\/F56-Elizondo-Lamiputzo.jpg\" class=\"attachment-large size-large wp-image-32221\" alt=\"Elizondo, Lamiputzo\" srcset=\"https:\/\/www.elturistatranquil.com\/wp-content\/uploads\/F56-Elizondo-Lamiputzo.jpg 768w, https:\/\/www.elturistatranquil.com\/wp-content\/uploads\/F56-Elizondo-Lamiputzo-339x226.jpg 339w\" sizes=\"(max-width: 768px) 100vw, 768px\" \/>\t\t\t\t\t\t\t\t\t\t\t<figcaption class=\"widget-image-caption wp-caption-text\"><\/figcaption>\n\t\t\t\t\t\t\t\t\t\t<\/figure>\n\t\t\t\t\t\t\t\t\t<\/div>\n\t\t\t\t<\/div>\n\t\t\t\t<div class=\"elementor-element elementor-element-d32455e elementor-widget elementor-widget-text-editor\" data-id=\"d32455e\" data-element_type=\"widget\" data-e-type=\"widget\" data-widget_type=\"text-editor.default\">\n\t\t\t\t<div class=\"elementor-widget-container\">\n\t\t\t\t\t\t\t\t\t<p>Traspassat l&#8217;arc (<strong>e<\/strong>) em trobo en el punt on el meandre del riu fa un gir de 90<sup>o<\/sup> i permet veure les cases i el seu reflex sobre la resclosa que formen les aig\u00fces de la <strong>presa de Txokoto<\/strong>.<\/p>\t\t\t\t\t\t\t\t<\/div>\n\t\t\t\t<\/div>\n\t\t\t\t<div class=\"elementor-element elementor-element-f048447 elementor-widget elementor-widget-image\" data-id=\"f048447\" data-element_type=\"widget\" data-e-type=\"widget\" data-widget_type=\"image.default\">\n\t\t\t\t<div class=\"elementor-widget-container\">\n\t\t\t\t\t\t\t\t\t\t\t\t<figure class=\"wp-caption\">\n\t\t\t\t\t\t\t\t\t\t<img loading=\"lazy\" decoding=\"async\" width=\"768\" height=\"511\" src=\"https:\/\/www.elturistatranquil.com\/wp-content\/uploads\/F57-Elizondo-rio-Baztan.jpg\" class=\"attachment-large size-large wp-image-32225\" alt=\"Elizondo, rio Baztan\" srcset=\"https:\/\/www.elturistatranquil.com\/wp-content\/uploads\/F57-Elizondo-rio-Baztan.jpg 768w, https:\/\/www.elturistatranquil.com\/wp-content\/uploads\/F57-Elizondo-rio-Baztan-339x226.jpg 339w\" sizes=\"(max-width: 768px) 100vw, 768px\" \/>\t\t\t\t\t\t\t\t\t\t\t<figcaption class=\"widget-image-caption wp-caption-text\"><\/figcaption>\n\t\t\t\t\t\t\t\t\t\t<\/figure>\n\t\t\t\t\t\t\t\t\t<\/div>\n\t\t\t\t<\/div>\n\t\t\t\t<div class=\"elementor-element elementor-element-78c28ce elementor-widget elementor-widget-text-editor\" data-id=\"78c28ce\" data-element_type=\"widget\" data-e-type=\"widget\" data-widget_type=\"text-editor.default\">\n\t\t\t\t<div class=\"elementor-widget-container\">\n\t\t\t\t\t\t\t\t\t<p>Al tornar a la pla\u00e7a de los Fueros es distingeix l&#8217;\u00fanic edifici d&#8217;arquitectura actual que he pogut apreciar en tot el recorregut. En ell se situa l&#8217;Oficina de Turisme.<\/p><p>Segons tinc ent\u00e8s, la Comiss\u00e0ria de la Policia Foral es troba en un altre edifici tamb\u00e9 d&#8217;arquitectura actual.<\/p>\t\t\t\t\t\t\t\t<\/div>\n\t\t\t\t<\/div>\n\t\t\t\t<div class=\"elementor-element elementor-element-7ff819d elementor-widget elementor-widget-image\" data-id=\"7ff819d\" data-element_type=\"widget\" data-e-type=\"widget\" data-widget_type=\"image.default\">\n\t\t\t\t<div class=\"elementor-widget-container\">\n\t\t\t\t\t\t\t\t\t\t\t\t<figure class=\"wp-caption\">\n\t\t\t\t\t\t\t\t\t\t<img loading=\"lazy\" decoding=\"async\" width=\"768\" height=\"511\" src=\"https:\/\/www.elturistatranquil.com\/wp-content\/uploads\/F58-Elizondo-plaza-de-los-Fueros-.jpg\" class=\"attachment-large size-large wp-image-32227\" alt=\"Elizondo, plaza de los Fueros\" srcset=\"https:\/\/www.elturistatranquil.com\/wp-content\/uploads\/F58-Elizondo-plaza-de-los-Fueros-.jpg 768w, https:\/\/www.elturistatranquil.com\/wp-content\/uploads\/F58-Elizondo-plaza-de-los-Fueros--339x226.jpg 339w\" sizes=\"(max-width: 768px) 100vw, 768px\" \/>\t\t\t\t\t\t\t\t\t\t\t<figcaption class=\"widget-image-caption wp-caption-text\"><\/figcaption>\n\t\t\t\t\t\t\t\t\t\t<\/figure>\n\t\t\t\t\t\t\t\t\t<\/div>\n\t\t\t\t<\/div>\n\t\t\t\t<div class=\"elementor-element elementor-element-026865d elementor-widget elementor-widget-text-editor\" data-id=\"026865d\" data-element_type=\"widget\" data-e-type=\"widget\" data-widget_type=\"text-editor.default\">\n\t\t\t\t<div class=\"elementor-widget-container\">\n\t\t\t\t\t\t\t\t\t<p>A l&#8217;altre extrem de la pla\u00e7a de los Fueros, sobre el carrer Santiago, s&#8217;al\u00e7a el <strong>palau Paularena<\/strong>, com indica la inscripci\u00f3 superior.<\/p>\t\t\t\t\t\t\t\t<\/div>\n\t\t\t\t<\/div>\n\t\t\t\t<div class=\"elementor-element elementor-element-4318789 elementor-widget elementor-widget-image\" data-id=\"4318789\" data-element_type=\"widget\" data-e-type=\"widget\" data-widget_type=\"image.default\">\n\t\t\t\t<div class=\"elementor-widget-container\">\n\t\t\t\t\t\t\t\t\t\t\t\t<figure class=\"wp-caption\">\n\t\t\t\t\t\t\t\t\t\t<img loading=\"lazy\" decoding=\"async\" width=\"768\" height=\"511\" src=\"https:\/\/www.elturistatranquil.com\/wp-content\/uploads\/F59-Elizondo-palacio-Paularena.jpg\" class=\"attachment-large size-large wp-image-32229\" alt=\"Elizondo, palacio Paularena\" srcset=\"https:\/\/www.elturistatranquil.com\/wp-content\/uploads\/F59-Elizondo-palacio-Paularena.jpg 768w, https:\/\/www.elturistatranquil.com\/wp-content\/uploads\/F59-Elizondo-palacio-Paularena-339x226.jpg 339w\" sizes=\"(max-width: 768px) 100vw, 768px\" \/>\t\t\t\t\t\t\t\t\t\t\t<figcaption class=\"widget-image-caption wp-caption-text\"><\/figcaption>\n\t\t\t\t\t\t\t\t\t\t<\/figure>\n\t\t\t\t\t\t\t\t\t<\/div>\n\t\t\t\t<\/div>\n\t\t\t\t<div class=\"elementor-element elementor-element-977a92d elementor-widget elementor-widget-text-editor\" data-id=\"977a92d\" data-element_type=\"widget\" data-e-type=\"widget\" data-widget_type=\"text-editor.default\">\n\t\t\t\t<div class=\"elementor-widget-container\">\n\t\t\t\t\t\t\t\t\t<p>Seguint per la dreta de l&#8217;edifici anterior, per la <strong>pla\u00e7a Buru<\/strong> (<strong>f<\/strong>), accedeixo al lateral de l&#8217;<strong>Esgl\u00e9sia de Santiago<\/strong>.<\/p><p>\u00c9s una construcci\u00f3 dels anys 1916-1925, substituint a l&#8217;antiga esgl\u00e9sia. L&#8217;exterior \u00e9s de carreu vermell\u00f3s. El seu estil sembla inconcret, seguint models d&#8217;arquitectura tradicional religiosa de la zona.<\/p>\t\t\t\t\t\t\t\t<\/div>\n\t\t\t\t<\/div>\n\t\t\t\t<div class=\"elementor-element elementor-element-f600d28 elementor-widget elementor-widget-image\" data-id=\"f600d28\" data-element_type=\"widget\" data-e-type=\"widget\" data-widget_type=\"image.default\">\n\t\t\t\t<div class=\"elementor-widget-container\">\n\t\t\t\t\t\t\t\t\t\t\t\t<figure class=\"wp-caption\">\n\t\t\t\t\t\t\t\t\t\t<img loading=\"lazy\" decoding=\"async\" width=\"768\" height=\"512\" src=\"https:\/\/www.elturistatranquil.com\/wp-content\/uploads\/F60-Elizondo-Iglesia-de-Santiago.jpg\" class=\"attachment-large size-large wp-image-32231\" alt=\"Elizondo, Iglesia de Santiago\" srcset=\"https:\/\/www.elturistatranquil.com\/wp-content\/uploads\/F60-Elizondo-Iglesia-de-Santiago.jpg 768w, https:\/\/www.elturistatranquil.com\/wp-content\/uploads\/F60-Elizondo-Iglesia-de-Santiago-339x226.jpg 339w\" sizes=\"(max-width: 768px) 100vw, 768px\" \/>\t\t\t\t\t\t\t\t\t\t\t<figcaption class=\"widget-image-caption wp-caption-text\"><\/figcaption>\n\t\t\t\t\t\t\t\t\t\t<\/figure>\n\t\t\t\t\t\t\t\t\t<\/div>\n\t\t\t\t<\/div>\n\t\t\t\t<div class=\"elementor-element elementor-element-5ecd815 elementor-widget elementor-widget-text-editor\" data-id=\"5ecd815\" data-element_type=\"widget\" data-e-type=\"widget\" data-widget_type=\"text-editor.default\">\n\t\t\t\t<div class=\"elementor-widget-container\">\n\t\t\t\t\t\t\t\t\t<p>Dues torres quadrades bessones a la fa\u00e7ana. Per l&#8217;interior discorre un processionari.<\/p>\t\t\t\t\t\t\t\t<\/div>\n\t\t\t\t<\/div>\n\t\t\t\t<div class=\"elementor-element elementor-element-e8f3521 elementor-widget elementor-widget-image\" data-id=\"e8f3521\" data-element_type=\"widget\" data-e-type=\"widget\" data-widget_type=\"image.default\">\n\t\t\t\t<div class=\"elementor-widget-container\">\n\t\t\t\t\t\t\t\t\t\t\t\t<figure class=\"wp-caption\">\n\t\t\t\t\t\t\t\t\t\t<img loading=\"lazy\" decoding=\"async\" width=\"768\" height=\"511\" src=\"https:\/\/www.elturistatranquil.com\/wp-content\/uploads\/F61-Elizondo-Iglesia-de-Santiago.jpg\" class=\"attachment-large size-large wp-image-32233\" alt=\"Elizondo, Iglesia de Santiago\" srcset=\"https:\/\/www.elturistatranquil.com\/wp-content\/uploads\/F61-Elizondo-Iglesia-de-Santiago.jpg 768w, https:\/\/www.elturistatranquil.com\/wp-content\/uploads\/F61-Elizondo-Iglesia-de-Santiago-339x226.jpg 339w\" sizes=\"(max-width: 768px) 100vw, 768px\" \/>\t\t\t\t\t\t\t\t\t\t\t<figcaption class=\"widget-image-caption wp-caption-text\"><\/figcaption>\n\t\t\t\t\t\t\t\t\t\t<\/figure>\n\t\t\t\t\t\t\t\t\t<\/div>\n\t\t\t\t<\/div>\n\t\t\t\t<div class=\"elementor-element elementor-element-dfc57ee elementor-widget elementor-widget-image\" data-id=\"dfc57ee\" data-element_type=\"widget\" data-e-type=\"widget\" data-widget_type=\"image.default\">\n\t\t\t\t<div class=\"elementor-widget-container\">\n\t\t\t\t\t\t\t\t\t\t\t\t<figure class=\"wp-caption\">\n\t\t\t\t\t\t\t\t\t\t<img loading=\"lazy\" decoding=\"async\" width=\"768\" height=\"511\" src=\"https:\/\/www.elturistatranquil.com\/wp-content\/uploads\/F62-Elizondo-Iglesia-de-Santiago.jpg\" class=\"attachment-large size-large wp-image-32235\" alt=\"Elizondo, Iglesia de Santiago\" srcset=\"https:\/\/www.elturistatranquil.com\/wp-content\/uploads\/F62-Elizondo-Iglesia-de-Santiago.jpg 768w, https:\/\/www.elturistatranquil.com\/wp-content\/uploads\/F62-Elizondo-Iglesia-de-Santiago-339x226.jpg 339w\" sizes=\"(max-width: 768px) 100vw, 768px\" \/>\t\t\t\t\t\t\t\t\t\t\t<figcaption class=\"widget-image-caption wp-caption-text\"><\/figcaption>\n\t\t\t\t\t\t\t\t\t\t<\/figure>\n\t\t\t\t\t\t\t\t\t<\/div>\n\t\t\t\t<\/div>\n\t\t\t\t<div class=\"elementor-element elementor-element-dd43ae5 elementor-widget elementor-widget-text-editor\" data-id=\"dd43ae5\" data-element_type=\"widget\" data-e-type=\"widget\" data-widget_type=\"text-editor.default\">\n\t\t\t\t<div class=\"elementor-widget-container\">\n\t\t\t\t\t\t\t\t\t<p>Enfront de la fa\u00e7ana una zona enjardinada acull diverses escultures.<\/p>\t\t\t\t\t\t\t\t<\/div>\n\t\t\t\t<\/div>\n\t\t\t\t<div class=\"elementor-element elementor-element-3e106c9 elementor-widget elementor-widget-image\" data-id=\"3e106c9\" data-element_type=\"widget\" data-e-type=\"widget\" data-widget_type=\"image.default\">\n\t\t\t\t<div class=\"elementor-widget-container\">\n\t\t\t\t\t\t\t\t\t\t\t\t<figure class=\"wp-caption\">\n\t\t\t\t\t\t\t\t\t\t<img loading=\"lazy\" decoding=\"async\" width=\"768\" height=\"511\" src=\"https:\/\/www.elturistatranquil.com\/wp-content\/uploads\/F63-Elizondo-2.jpg\" class=\"attachment-large size-large wp-image-32237\" alt=\"Elizondo\" srcset=\"https:\/\/www.elturistatranquil.com\/wp-content\/uploads\/F63-Elizondo-2.jpg 768w, https:\/\/www.elturistatranquil.com\/wp-content\/uploads\/F63-Elizondo-2-339x226.jpg 339w\" sizes=\"(max-width: 768px) 100vw, 768px\" \/>\t\t\t\t\t\t\t\t\t\t\t<figcaption class=\"widget-image-caption wp-caption-text\"><\/figcaption>\n\t\t\t\t\t\t\t\t\t\t<\/figure>\n\t\t\t\t\t\t\t\t\t<\/div>\n\t\t\t\t<\/div>\n\t\t\t\t<div class=\"elementor-element elementor-element-82a5ec0 elementor-widget elementor-widget-text-editor\" data-id=\"82a5ec0\" data-element_type=\"widget\" data-e-type=\"widget\" data-widget_type=\"text-editor.default\">\n\t\t\t\t<div class=\"elementor-widget-container\">\n\t\t\t\t\t\t\t\t\t<p><strong>Santiagori otoitza<\/strong> (<strong>Oraci\u00f3 a Sant Jaume<\/strong>) de <em>Jorge Oteiza.<\/em><\/p>\t\t\t\t\t\t\t\t<\/div>\n\t\t\t\t<\/div>\n\t\t\t\t<div class=\"elementor-element elementor-element-ea46882 elementor-widget elementor-widget-image\" data-id=\"ea46882\" data-element_type=\"widget\" data-e-type=\"widget\" data-widget_type=\"image.default\">\n\t\t\t\t<div class=\"elementor-widget-container\">\n\t\t\t\t\t\t\t\t\t\t\t\t<figure class=\"wp-caption\">\n\t\t\t\t\t\t\t\t\t\t<img loading=\"lazy\" decoding=\"async\" width=\"768\" height=\"511\" src=\"https:\/\/www.elturistatranquil.com\/wp-content\/uploads\/F64-Elizondo-Santiagori-otoitza-de-Jorge-Oteiza.jpg\" class=\"attachment-large size-large wp-image-32239\" alt=\"Elizondo, Santiagori otoitza de Jorge Oteiza\" srcset=\"https:\/\/www.elturistatranquil.com\/wp-content\/uploads\/F64-Elizondo-Santiagori-otoitza-de-Jorge-Oteiza.jpg 768w, https:\/\/www.elturistatranquil.com\/wp-content\/uploads\/F64-Elizondo-Santiagori-otoitza-de-Jorge-Oteiza-339x226.jpg 339w\" sizes=\"(max-width: 768px) 100vw, 768px\" \/>\t\t\t\t\t\t\t\t\t\t\t<figcaption class=\"widget-image-caption wp-caption-text\"><\/figcaption>\n\t\t\t\t\t\t\t\t\t\t<\/figure>\n\t\t\t\t\t\t\t\t\t<\/div>\n\t\t\t\t<\/div>\n\t\t\t\t<div class=\"elementor-element elementor-element-17331ba elementor-widget elementor-widget-text-editor\" data-id=\"17331ba\" data-element_type=\"widget\" data-e-type=\"widget\" data-widget_type=\"text-editor.default\">\n\t\t\t\t<div class=\"elementor-widget-container\">\n\t\t\t\t\t\t\t\t\t<p><strong>Abesti Topaketak<\/strong>\u00a0 (<strong>Trobades de Can\u00e7ons<\/strong>), de <em>Xabier Santxotena<\/em>, 1986.<\/p>\t\t\t\t\t\t\t\t<\/div>\n\t\t\t\t<\/div>\n\t\t\t\t<div class=\"elementor-element elementor-element-881b0d2 elementor-widget elementor-widget-image\" data-id=\"881b0d2\" data-element_type=\"widget\" data-e-type=\"widget\" data-widget_type=\"image.default\">\n\t\t\t\t<div class=\"elementor-widget-container\">\n\t\t\t\t\t\t\t\t\t\t\t\t<figure class=\"wp-caption\">\n\t\t\t\t\t\t\t\t\t\t<img loading=\"lazy\" decoding=\"async\" width=\"768\" height=\"511\" src=\"https:\/\/www.elturistatranquil.com\/wp-content\/uploads\/F65-Elizondo-Abesti-Topaketak-de-Xabier-Santxotena-.jpg\" class=\"attachment-large size-large wp-image-32241\" alt=\"Elizondo, Abesti Topaketak de Xabier Santxotena\" srcset=\"https:\/\/www.elturistatranquil.com\/wp-content\/uploads\/F65-Elizondo-Abesti-Topaketak-de-Xabier-Santxotena-.jpg 768w, https:\/\/www.elturistatranquil.com\/wp-content\/uploads\/F65-Elizondo-Abesti-Topaketak-de-Xabier-Santxotena--339x226.jpg 339w\" sizes=\"(max-width: 768px) 100vw, 768px\" \/>\t\t\t\t\t\t\t\t\t\t\t<figcaption class=\"widget-image-caption wp-caption-text\"><\/figcaption>\n\t\t\t\t\t\t\t\t\t\t<\/figure>\n\t\t\t\t\t\t\t\t\t<\/div>\n\t\t\t\t<\/div>\n\t\t\t\t<div class=\"elementor-element elementor-element-2d76c4d elementor-widget elementor-widget-menu-anchor\" data-id=\"2d76c4d\" data-element_type=\"widget\" data-e-type=\"widget\" data-widget_type=\"menu-anchor.default\">\n\t\t\t\t<div class=\"elementor-widget-container\">\n\t\t\t\t\t\t\t<div class=\"elementor-menu-anchor\" id=\"c5709\"><\/div>\n\t\t\t\t\t\t<\/div>\n\t\t\t\t<\/div>\n\t\t\t\t<div class=\"elementor-element elementor-element-d82ed09 elementor-widget elementor-widget-text-editor\" data-id=\"d82ed09\" data-element_type=\"widget\" data-e-type=\"widget\" data-widget_type=\"text-editor.default\">\n\t\t\t\t<div class=\"elementor-widget-container\">\n\t\t\t\t\t\t\t\t\t<p>Aqu\u00ed dono per finalitzat el meu recorregut per Elizondo per dirigir-me a <a href=\"https:\/\/www.elturistatranquil.com\/ca\/elbete-arizkun-i-amaiur-maya-baztan-navarra\/\" target=\"_blank\" rel=\"noopener\">Elbete, Arizkun i Amaiur\/Maya<\/a>, que ser\u00e0 el motiu de la segona part del &#8216;recorregut, en un nou <em>Post<\/em>.<\/p>\t\t\t\t\t\t\t\t<\/div>\n\t\t\t\t<\/div>\n\t\t\t\t<div class=\"elementor-element elementor-element-c2dab3e elementor-widget elementor-widget-heading\" data-id=\"c2dab3e\" data-element_type=\"widget\" data-e-type=\"widget\" data-widget_type=\"heading.default\">\n\t\t\t\t<div class=\"elementor-widget-container\">\n\t\t\t\t\t<h2 class=\"elementor-heading-title elementor-size-default\">Fi de la visita<\/h2>\t\t\t\t<\/div>\n\t\t\t\t<\/div>\n\t\t\t\t<div class=\"elementor-element elementor-element-70dde536 elementor-widget elementor-widget-text-editor\" data-id=\"70dde536\" data-element_type=\"widget\" data-e-type=\"widget\" data-widget_type=\"text-editor.default\">\n\t\t\t\t<div class=\"elementor-widget-container\">\n\t\t\t\t\t\t\t\t\t<p>El contrast, i l&#8217;excepcionalitat, de l&#8217;edifici d&#8217;arquitectura actual de l&#8217;Oficina de Turisme d&#8217;Elizondo, et fa adonar-te que tot el temps est\u00e0s submergit en una societat arquitect\u00f2nica i urban\u00edsticament arcaica, gaireb\u00e9 sense escletxes per a la modernitat.<\/p><p>Des del punt de vista del turista, aquesta homogene\u00eftat \u00e9s perfecta perqu\u00e8 ens fa participar de l&#8217;ambient ancestral d&#8217;aquestes poblacions. Per\u00f2, d&#8217;altra banda, \u00e9s dificult\u00f3s albirar les possibilitats d&#8217;evoluci\u00f3.<\/p><p>Malgrat que, amb matisos, gaireb\u00e9 es fa dif\u00edcil diferenciar els edificis del segle XVII, dels dels segles XVIII, XIX i fins i tot del segle XX, si de cas aquests \u00faltims perqu\u00e8 perden qualitat constructiva o elaboraci\u00f3 artesanal.<\/p><p>Entre l&#8217;arquitectura impersonal, banal i de baixa qualitat de la majoria de les edificacions de la segona meitat del segle XX i del XIX, i l&#8217;estatisme que es reflecteix aqu\u00ed, hauria d&#8217;haver un punt intermedi d&#8217;evoluci\u00f3 que assum\u00eds amb qualitat l&#8217;evoluci\u00f3 del pas del temps.<\/p><p>Tot aix\u00f2 s\u00f3n disquisicions que m&#8217;ha provocat la visita, sense que s&#8217;hagin d&#8217;interpretar com una cr\u00edtica, sin\u00f3 com una reflexi\u00f3 derivada del que he observat. No tenen cap intenci\u00f3 d&#8217;an\u00e0lisi antropol\u00f2gic, D\u00e9u em lliuri, sin\u00f3 nom\u00e9s d\u2019expressar en veu alta idees que m&#8217;ha vingut a la ment d&#8217;una captaci\u00f3 absolutament superficial de l&#8217;espai visitat.<\/p><p>M&#8217;agrada intentar imaginar-me com havien de ser les condicions de vida de les dones i homes, les nenes i nens, o la gent gran, en el seu context hist\u00f2ric en qu\u00e8 cada visita em submergeix.<\/p><p>La difer\u00e8ncia en aquest cas \u00e9s que es tracta de conjunts amb hist\u00f2ria, per\u00f2 que s\u00f3n absolutament vius en l&#8217;actualitat i no necess\u00e0riament decadents. No s\u00f3n, per tant, rel\u00edquies hist\u00f2riques, ni espais m\u00e9s o menys muse\u00eftzats, sin\u00f3 \u00e0mbits de la vida quotidiana actual, amb el pes de la tradici\u00f3 a sobre.<\/p>\t\t\t\t\t\t\t\t<\/div>\n\t\t\t\t<\/div>\n\t\t\t\t<div class=\"elementor-element elementor-element-dfcb094 elementor-widget elementor-widget-menu-anchor\" data-id=\"dfcb094\" data-element_type=\"widget\" data-e-type=\"widget\" data-widget_type=\"menu-anchor.default\">\n\t\t\t\t<div class=\"elementor-widget-container\">\n\t\t\t\t\t\t\t<div class=\"elementor-menu-anchor\" id=\"c5710\"><\/div>\n\t\t\t\t\t\t<\/div>\n\t\t\t\t<\/div>\n\t\t\t\t<div class=\"elementor-element elementor-element-eb41ca1 elementor-widget elementor-widget-heading\" data-id=\"eb41ca1\" data-element_type=\"widget\" data-e-type=\"widget\" data-widget_type=\"heading.default\">\n\t\t\t\t<div class=\"elementor-widget-container\">\n\t\t\t\t\t<h2 class=\"elementor-heading-title elementor-size-default\">Bases d\u2019informaci\u00f3<\/h2>\t\t\t\t<\/div>\n\t\t\t\t<\/div>\n\t\t\t\t<div class=\"elementor-element elementor-element-a02df84 elementor-widget elementor-widget-text-editor\" data-id=\"a02df84\" data-element_type=\"widget\" data-e-type=\"widget\" data-widget_type=\"text-editor.default\">\n\t\t\t\t<div class=\"elementor-widget-container\">\n\t\t\t\t\t\t\t\t\t<p><strong>Webs<\/strong><\/p><p><strong>Bazt\u00e1n<\/strong><\/p><p><a href=\"http:\/\/www.baztan.eus\/es\/\" target=\"_blank\" rel=\"noopener\">ayuntamiento<\/a><\/p><p><a href=\"https:\/\/www.valledebaztan.com\/\" target=\"_blank\" rel=\"noopener\">valledebaztan<\/a><\/p><p><a href=\"https:\/\/baztanturismo.eus\/es\/\" target=\"_blank\" rel=\"noopener\">baztanturismo<\/a><\/p><p><a href=\"https:\/\/es.wikipedia.org\/wiki\/Bazt%C3%A1n\" target=\"_blank\" rel=\"noopener\">wikipedia<\/a><\/p><p><a href=\"http:\/\/www.lebrelblanco.com\/anexos\/atlas-Baztanvalle-Pamplona.htm\" target=\"_blank\" rel=\"noopener\">lebrelblanco atlashistorico<\/a><\/p><p><a href=\"http:\/\/www.enciclopedianavarra.com\/?page_id=5222\" target=\"_blank\" rel=\"noopener\">granenciclopedianavarra<\/a><\/p><p><strong>Arraioz<\/strong><\/p><p><a href=\"https:\/\/baztanturismo.eus\/es\/pueblos-baztan\/arraioz\/\" target=\"_blank\" rel=\"noopener\">baztanturismo<\/a><\/p><p><a href=\"https:\/\/es.wikipedia.org\/wiki\/Arr%C3%A1yoz\" target=\"_blank\" rel=\"noopener\">wikipedia<\/a><\/p><p><a href=\"http:\/\/www.lebrelblanco.com\/anexos\/atlas-Baztanvalle-Pamplona.htm#Arrayoz\" target=\"_blank\" rel=\"noopener\">lebrelblanco atlashistorico<\/a><\/p><p><a href=\"http:\/\/www.enciclopedianavarra.com\/?page_id=4038\" target=\"_blank\" rel=\"noopener\">granenciclopedianavarra<\/a><\/p><p><strong>Irurita<\/strong><\/p><p><a href=\"https:\/\/baztanturismo.eus\/es\/pueblos-baztan\/irurita\/\" target=\"_blank\" rel=\"noopener\">baztanturismo<\/a><\/p><p><a href=\"https:\/\/es.wikipedia.org\/wiki\/Irurita\" target=\"_blank\" rel=\"noopener\">wikipedia<\/a><\/p><p><a href=\"http:\/\/www.lebrelblanco.com\/anexos\/atlas-Baztanvalle-Pamplona.htm#Irurita\" target=\"_blank\" rel=\"noopener\">lebrelblanco atlashistorico<\/a><\/p><p><a href=\"http:\/\/www.enciclopedianavarra.com\/?page_id=11856\" target=\"_blank\" rel=\"noopener\">granenciclopedianavarra<\/a><\/p><p><strong>Elizondo<\/strong><\/p><p><a href=\"https:\/\/baztanturismo.eus\/es\/pueblos-baztan\/elizondo\/\" target=\"_blank\" rel=\"noopener\">baztanturismo<\/a><\/p><p><a href=\"https:\/\/es.wikipedia.org\/wiki\/Elizondo\" target=\"_blank\" rel=\"noopener\">wikipedia<\/a><\/p><p><a href=\"http:\/\/www.lebrelblanco.com\/anexos\/atlas-Baztanvalle-Pamplona.htm#Elizondo\" target=\"_blank\" rel=\"noopener\">lebrelblanco atlashistorico<\/a><\/p><p><a href=\"http:\/\/www.enciclopedianavarra.com\/?page_id=8680\" target=\"_blank\" rel=\"noopener\">granenciclopedianavarra<\/a><\/p><p><strong>Llibre PDF<\/strong><\/p><p>Pello Iriarte Zelaieta. <a href=\"https:\/\/www.valledebaztan.com\/wp-content\/uploads\/folletos\/gida_baztan.pdf\" target=\"_blank\" rel=\"noopener\"><em>Bazt\u00e1n. Gu\u00eda para conocer el paisaje cultural y el patrimonio etnogr\u00e1fico de Bazt\u00e1n<\/em><\/a><\/p>\t\t\t\t\t\t\t\t<\/div>\n\t\t\t\t<\/div>\n\t\t\t\t\t<\/div>\n\t\t<\/div>\n\t\t\t\t\t<\/div>\n\t\t<\/section>\n\t\t\t\t<\/div>\n\t\t","protected":false},"excerpt":{"rendered":"<p>Arraioz, Irurita i Elizondo s\u00f3n tres localitats del municipi de Bazt\u00e1n, a la Vall de Bazt\u00e1n (Navarra). Llocs vius ancorats en l&#8217;arquitectura i l&#8217;urbanisme navarr\u00e8s secular. Arraioz, Irurita i Elizondo &#8230; <a title=\"Arraioz, Irurita i Elizondo (Bazt\u00e1n, Navarra)\" class=\"read-more\" href=\"https:\/\/www.elturistatranquil.com\/ca\/arraioz-irurita-i-elizondo-baztan-navarra\/\" aria-label=\"M\u00e9s informaci\u00f3 sobre Arraioz, Irurita i Elizondo (Bazt\u00e1n, Navarra)\">[ &#8230; ]<\/a><\/p>\n","protected":false},"author":1,"featured_media":32093,"comment_status":"open","ping_status":"closed","sticky":false,"template":"","format":"standard","meta":{"footnotes":""},"categories":[70,71,72,74,145,80,82,83,182,99,100,139,106,107,152,110],"tags":[],"class_list":["post-32249","post","type-post","status-publish","format-standard","has-post-thumbnail","hentry","category-arquitectura-civil-ca","category-arquitectura-popular-ca","category-arquitectura-religiosa-ca","category-barroc","category-edat-mitjana","category-el-cami-de-sant-jaume","category-gotic","category-historia-ca","category-navarra-ca","category-poble","category-pobles-i-ciutats-amb-interes","category-segle-xvi-xvii","category-segle-xviii-xix","category-segle-xx-xxi","category-urbanisme","category-vila","infinite-scroll-item","generate-columns","tablet-grid-50","mobile-grid-100","grid-parent","grid-50","no-featured-image-padding"],"yoast_head":"<!-- This site is optimized with the Yoast SEO plugin v27.4 - https:\/\/yoast.com\/product\/yoast-seo-wordpress\/ -->\n<title>Arraioz, Irurita i Elizondo (Bazt\u00e1n, Navarra) - El turista tranquil<\/title>\n<meta name=\"description\" content=\"Arraioz, Irurita i Elizondo s\u00f3n tres localitats del municipi de Bazt\u00e1n, a la Vall de Bazt\u00e1n (Navarra). Llocs vius ancorats en l&#039;arquitectura i l&#039;urbanisme navarr\u00e8s secular.\" \/>\n<meta name=\"robots\" content=\"index, follow, max-snippet:-1, max-image-preview:large, max-video-preview:-1\" \/>\n<link rel=\"canonical\" href=\"https:\/\/www.elturistatranquil.com\/ca\/arraioz-irurita-i-elizondo-baztan-navarra\/\" \/>\n<meta property=\"og:locale\" content=\"ca_ES\" \/>\n<meta property=\"og:type\" content=\"article\" \/>\n<meta property=\"og:title\" content=\"Arraioz, Irurita i Elizondo (Bazt\u00e1n, Navarra) - El turista tranquil\" \/>\n<meta property=\"og:description\" content=\"Arraioz, Irurita i Elizondo s\u00f3n tres localitats del municipi de Bazt\u00e1n, a la Vall de Bazt\u00e1n (Navarra). Llocs vius ancorats en l&#039;arquitectura i l&#039;urbanisme navarr\u00e8s secular.\" \/>\n<meta property=\"og:url\" content=\"https:\/\/www.elturistatranquil.com\/ca\/arraioz-irurita-i-elizondo-baztan-navarra\/\" \/>\n<meta property=\"og:site_name\" content=\"El turista tranquil\" \/>\n<meta property=\"article:publisher\" content=\"https:\/\/www.facebook.com\/elturistatranquilo\/\" \/>\n<meta property=\"article:published_time\" content=\"2020-09-19T07:46:06+00:00\" \/>\n<meta property=\"article:modified_time\" content=\"2023-12-10T09:14:51+00:00\" \/>\n<meta property=\"og:image\" content=\"https:\/\/www.elturistatranquil.com\/wp-content\/uploads\/F01-Escudo-de-Baztan.jpg\" \/>\n\t<meta property=\"og:image:width\" content=\"768\" \/>\n\t<meta property=\"og:image:height\" content=\"512\" \/>\n\t<meta property=\"og:image:type\" content=\"image\/jpeg\" \/>\n<meta name=\"author\" content=\"admin\" \/>\n<meta name=\"twitter:card\" content=\"summary_large_image\" \/>\n<meta name=\"twitter:label1\" content=\"Escrit per\" \/>\n\t<meta name=\"twitter:data1\" content=\"admin\" \/>\n\t<meta name=\"twitter:label2\" content=\"Temps estimat de lectura\" \/>\n\t<meta name=\"twitter:data2\" content=\"34 minuts\" \/>\n<script type=\"application\/ld+json\" class=\"yoast-schema-graph\">{\"@context\":\"https:\\\/\\\/schema.org\",\"@graph\":[{\"@type\":\"Article\",\"@id\":\"https:\\\/\\\/www.elturistatranquil.com\\\/ca\\\/arraioz-irurita-i-elizondo-baztan-navarra\\\/#article\",\"isPartOf\":{\"@id\":\"https:\\\/\\\/www.elturistatranquil.com\\\/ca\\\/arraioz-irurita-i-elizondo-baztan-navarra\\\/\"},\"author\":{\"name\":\"admin\",\"@id\":\"https:\\\/\\\/www.elturistatranquil.com\\\/ca\\\/#\\\/schema\\\/person\\\/16f607c3079b96ed0c530a52e6b58bb5\"},\"headline\":\"Arraioz, Irurita i Elizondo (Bazt\u00e1n, Navarra)\",\"datePublished\":\"2020-09-19T07:46:06+00:00\",\"dateModified\":\"2023-12-10T09:14:51+00:00\",\"mainEntityOfPage\":{\"@id\":\"https:\\\/\\\/www.elturistatranquil.com\\\/ca\\\/arraioz-irurita-i-elizondo-baztan-navarra\\\/\"},\"wordCount\":4031,\"commentCount\":0,\"image\":{\"@id\":\"https:\\\/\\\/www.elturistatranquil.com\\\/ca\\\/arraioz-irurita-i-elizondo-baztan-navarra\\\/#primaryimage\"},\"thumbnailUrl\":\"https:\\\/\\\/www.elturistatranquil.com\\\/wp-content\\\/uploads\\\/F01-Escudo-de-Baztan.jpg\",\"articleSection\":[\"Arquitectura civil\",\"Arquitectura popular\",\"Arquitectura religiosa\",\"Barroc\",\"Edat mitjana\",\"El Cam\u00ed de Sant Jaume\",\"G\u00f2tic\",\"Hist\u00f2ria\",\"Navarra\",\"Poble\",\"Pobles i ciutats amb inter\u00e9s\",\"Segle XVI-XVII\",\"Segle XVIII-XIX\",\"Segle XX-XXI\",\"Urbanisme\",\"Vila\"],\"inLanguage\":\"ca\",\"potentialAction\":[{\"@type\":\"CommentAction\",\"name\":\"Comment\",\"target\":[\"https:\\\/\\\/www.elturistatranquil.com\\\/ca\\\/arraioz-irurita-i-elizondo-baztan-navarra\\\/#respond\"]}]},{\"@type\":\"WebPage\",\"@id\":\"https:\\\/\\\/www.elturistatranquil.com\\\/ca\\\/arraioz-irurita-i-elizondo-baztan-navarra\\\/\",\"url\":\"https:\\\/\\\/www.elturistatranquil.com\\\/ca\\\/arraioz-irurita-i-elizondo-baztan-navarra\\\/\",\"name\":\"Arraioz, Irurita i Elizondo (Bazt\u00e1n, Navarra) - El turista tranquil\",\"isPartOf\":{\"@id\":\"https:\\\/\\\/www.elturistatranquil.com\\\/ca\\\/#website\"},\"primaryImageOfPage\":{\"@id\":\"https:\\\/\\\/www.elturistatranquil.com\\\/ca\\\/arraioz-irurita-i-elizondo-baztan-navarra\\\/#primaryimage\"},\"image\":{\"@id\":\"https:\\\/\\\/www.elturistatranquil.com\\\/ca\\\/arraioz-irurita-i-elizondo-baztan-navarra\\\/#primaryimage\"},\"thumbnailUrl\":\"https:\\\/\\\/www.elturistatranquil.com\\\/wp-content\\\/uploads\\\/F01-Escudo-de-Baztan.jpg\",\"datePublished\":\"2020-09-19T07:46:06+00:00\",\"dateModified\":\"2023-12-10T09:14:51+00:00\",\"author\":{\"@id\":\"https:\\\/\\\/www.elturistatranquil.com\\\/ca\\\/#\\\/schema\\\/person\\\/16f607c3079b96ed0c530a52e6b58bb5\"},\"description\":\"Arraioz, Irurita i Elizondo s\u00f3n tres localitats del municipi de Bazt\u00e1n, a la Vall de Bazt\u00e1n (Navarra). Llocs vius ancorats en l'arquitectura i l'urbanisme navarr\u00e8s secular.\",\"breadcrumb\":{\"@id\":\"https:\\\/\\\/www.elturistatranquil.com\\\/ca\\\/arraioz-irurita-i-elizondo-baztan-navarra\\\/#breadcrumb\"},\"inLanguage\":\"ca\",\"potentialAction\":[{\"@type\":\"ReadAction\",\"target\":[\"https:\\\/\\\/www.elturistatranquil.com\\\/ca\\\/arraioz-irurita-i-elizondo-baztan-navarra\\\/\"]}]},{\"@type\":\"ImageObject\",\"inLanguage\":\"ca\",\"@id\":\"https:\\\/\\\/www.elturistatranquil.com\\\/ca\\\/arraioz-irurita-i-elizondo-baztan-navarra\\\/#primaryimage\",\"url\":\"https:\\\/\\\/www.elturistatranquil.com\\\/wp-content\\\/uploads\\\/F01-Escudo-de-Baztan.jpg\",\"contentUrl\":\"https:\\\/\\\/www.elturistatranquil.com\\\/wp-content\\\/uploads\\\/F01-Escudo-de-Baztan.jpg\",\"width\":768,\"height\":512,\"caption\":\"Escudo de Baztan\"},{\"@type\":\"BreadcrumbList\",\"@id\":\"https:\\\/\\\/www.elturistatranquil.com\\\/ca\\\/arraioz-irurita-i-elizondo-baztan-navarra\\\/#breadcrumb\",\"itemListElement\":[{\"@type\":\"ListItem\",\"position\":1,\"name\":\"Portada\",\"item\":\"https:\\\/\\\/www.elturistatranquil.com\\\/ca\\\/\"},{\"@type\":\"ListItem\",\"position\":2,\"name\":\"Arraioz, Irurita i Elizondo (Bazt\u00e1n, Navarra)\"}]},{\"@type\":\"WebSite\",\"@id\":\"https:\\\/\\\/www.elturistatranquil.com\\\/ca\\\/#website\",\"url\":\"https:\\\/\\\/www.elturistatranquil.com\\\/ca\\\/\",\"name\":\"El turista tranquil\",\"description\":\"Blog de viatges\",\"potentialAction\":[{\"@type\":\"SearchAction\",\"target\":{\"@type\":\"EntryPoint\",\"urlTemplate\":\"https:\\\/\\\/www.elturistatranquil.com\\\/ca\\\/?s={search_term_string}\"},\"query-input\":{\"@type\":\"PropertyValueSpecification\",\"valueRequired\":true,\"valueName\":\"search_term_string\"}}],\"inLanguage\":\"ca\"},{\"@type\":\"Person\",\"@id\":\"https:\\\/\\\/www.elturistatranquil.com\\\/ca\\\/#\\\/schema\\\/person\\\/16f607c3079b96ed0c530a52e6b58bb5\",\"name\":\"admin\",\"image\":{\"@type\":\"ImageObject\",\"inLanguage\":\"ca\",\"@id\":\"https:\\\/\\\/secure.gravatar.com\\\/avatar\\\/1fbaf22aee75fcbb29a2f97b107f95d25d3a19b7c3416105be10269872673e8d?s=96&d=mm&r=g\",\"url\":\"https:\\\/\\\/secure.gravatar.com\\\/avatar\\\/1fbaf22aee75fcbb29a2f97b107f95d25d3a19b7c3416105be10269872673e8d?s=96&d=mm&r=g\",\"contentUrl\":\"https:\\\/\\\/secure.gravatar.com\\\/avatar\\\/1fbaf22aee75fcbb29a2f97b107f95d25d3a19b7c3416105be10269872673e8d?s=96&d=mm&r=g\",\"caption\":\"admin\"}}]}<\/script>\n<!-- \/ Yoast SEO plugin. -->","yoast_head_json":{"title":"Arraioz, Irurita i Elizondo (Bazt\u00e1n, Navarra) - El turista tranquil","description":"Arraioz, Irurita i Elizondo s\u00f3n tres localitats del municipi de Bazt\u00e1n, a la Vall de Bazt\u00e1n (Navarra). Llocs vius ancorats en l'arquitectura i l'urbanisme navarr\u00e8s secular.","robots":{"index":"index","follow":"follow","max-snippet":"max-snippet:-1","max-image-preview":"max-image-preview:large","max-video-preview":"max-video-preview:-1"},"canonical":"https:\/\/www.elturistatranquil.com\/ca\/arraioz-irurita-i-elizondo-baztan-navarra\/","og_locale":"ca_ES","og_type":"article","og_title":"Arraioz, Irurita i Elizondo (Bazt\u00e1n, Navarra) - El turista tranquil","og_description":"Arraioz, Irurita i Elizondo s\u00f3n tres localitats del municipi de Bazt\u00e1n, a la Vall de Bazt\u00e1n (Navarra). Llocs vius ancorats en l'arquitectura i l'urbanisme navarr\u00e8s secular.","og_url":"https:\/\/www.elturistatranquil.com\/ca\/arraioz-irurita-i-elizondo-baztan-navarra\/","og_site_name":"El turista tranquil","article_publisher":"https:\/\/www.facebook.com\/elturistatranquilo\/","article_published_time":"2020-09-19T07:46:06+00:00","article_modified_time":"2023-12-10T09:14:51+00:00","og_image":[{"width":768,"height":512,"url":"https:\/\/www.elturistatranquil.com\/wp-content\/uploads\/F01-Escudo-de-Baztan.jpg","type":"image\/jpeg"}],"author":"admin","twitter_card":"summary_large_image","twitter_misc":{"Escrit per":"admin","Temps estimat de lectura":"34 minuts"},"schema":{"@context":"https:\/\/schema.org","@graph":[{"@type":"Article","@id":"https:\/\/www.elturistatranquil.com\/ca\/arraioz-irurita-i-elizondo-baztan-navarra\/#article","isPartOf":{"@id":"https:\/\/www.elturistatranquil.com\/ca\/arraioz-irurita-i-elizondo-baztan-navarra\/"},"author":{"name":"admin","@id":"https:\/\/www.elturistatranquil.com\/ca\/#\/schema\/person\/16f607c3079b96ed0c530a52e6b58bb5"},"headline":"Arraioz, Irurita i Elizondo (Bazt\u00e1n, Navarra)","datePublished":"2020-09-19T07:46:06+00:00","dateModified":"2023-12-10T09:14:51+00:00","mainEntityOfPage":{"@id":"https:\/\/www.elturistatranquil.com\/ca\/arraioz-irurita-i-elizondo-baztan-navarra\/"},"wordCount":4031,"commentCount":0,"image":{"@id":"https:\/\/www.elturistatranquil.com\/ca\/arraioz-irurita-i-elizondo-baztan-navarra\/#primaryimage"},"thumbnailUrl":"https:\/\/www.elturistatranquil.com\/wp-content\/uploads\/F01-Escudo-de-Baztan.jpg","articleSection":["Arquitectura civil","Arquitectura popular","Arquitectura religiosa","Barroc","Edat mitjana","El Cam\u00ed de Sant Jaume","G\u00f2tic","Hist\u00f2ria","Navarra","Poble","Pobles i ciutats amb inter\u00e9s","Segle XVI-XVII","Segle XVIII-XIX","Segle XX-XXI","Urbanisme","Vila"],"inLanguage":"ca","potentialAction":[{"@type":"CommentAction","name":"Comment","target":["https:\/\/www.elturistatranquil.com\/ca\/arraioz-irurita-i-elizondo-baztan-navarra\/#respond"]}]},{"@type":"WebPage","@id":"https:\/\/www.elturistatranquil.com\/ca\/arraioz-irurita-i-elizondo-baztan-navarra\/","url":"https:\/\/www.elturistatranquil.com\/ca\/arraioz-irurita-i-elizondo-baztan-navarra\/","name":"Arraioz, Irurita i Elizondo (Bazt\u00e1n, Navarra) - El turista tranquil","isPartOf":{"@id":"https:\/\/www.elturistatranquil.com\/ca\/#website"},"primaryImageOfPage":{"@id":"https:\/\/www.elturistatranquil.com\/ca\/arraioz-irurita-i-elizondo-baztan-navarra\/#primaryimage"},"image":{"@id":"https:\/\/www.elturistatranquil.com\/ca\/arraioz-irurita-i-elizondo-baztan-navarra\/#primaryimage"},"thumbnailUrl":"https:\/\/www.elturistatranquil.com\/wp-content\/uploads\/F01-Escudo-de-Baztan.jpg","datePublished":"2020-09-19T07:46:06+00:00","dateModified":"2023-12-10T09:14:51+00:00","author":{"@id":"https:\/\/www.elturistatranquil.com\/ca\/#\/schema\/person\/16f607c3079b96ed0c530a52e6b58bb5"},"description":"Arraioz, Irurita i Elizondo s\u00f3n tres localitats del municipi de Bazt\u00e1n, a la Vall de Bazt\u00e1n (Navarra). Llocs vius ancorats en l'arquitectura i l'urbanisme navarr\u00e8s secular.","breadcrumb":{"@id":"https:\/\/www.elturistatranquil.com\/ca\/arraioz-irurita-i-elizondo-baztan-navarra\/#breadcrumb"},"inLanguage":"ca","potentialAction":[{"@type":"ReadAction","target":["https:\/\/www.elturistatranquil.com\/ca\/arraioz-irurita-i-elizondo-baztan-navarra\/"]}]},{"@type":"ImageObject","inLanguage":"ca","@id":"https:\/\/www.elturistatranquil.com\/ca\/arraioz-irurita-i-elizondo-baztan-navarra\/#primaryimage","url":"https:\/\/www.elturistatranquil.com\/wp-content\/uploads\/F01-Escudo-de-Baztan.jpg","contentUrl":"https:\/\/www.elturistatranquil.com\/wp-content\/uploads\/F01-Escudo-de-Baztan.jpg","width":768,"height":512,"caption":"Escudo de Baztan"},{"@type":"BreadcrumbList","@id":"https:\/\/www.elturistatranquil.com\/ca\/arraioz-irurita-i-elizondo-baztan-navarra\/#breadcrumb","itemListElement":[{"@type":"ListItem","position":1,"name":"Portada","item":"https:\/\/www.elturistatranquil.com\/ca\/"},{"@type":"ListItem","position":2,"name":"Arraioz, Irurita i Elizondo (Bazt\u00e1n, Navarra)"}]},{"@type":"WebSite","@id":"https:\/\/www.elturistatranquil.com\/ca\/#website","url":"https:\/\/www.elturistatranquil.com\/ca\/","name":"El turista tranquil","description":"Blog de viatges","potentialAction":[{"@type":"SearchAction","target":{"@type":"EntryPoint","urlTemplate":"https:\/\/www.elturistatranquil.com\/ca\/?s={search_term_string}"},"query-input":{"@type":"PropertyValueSpecification","valueRequired":true,"valueName":"search_term_string"}}],"inLanguage":"ca"},{"@type":"Person","@id":"https:\/\/www.elturistatranquil.com\/ca\/#\/schema\/person\/16f607c3079b96ed0c530a52e6b58bb5","name":"admin","image":{"@type":"ImageObject","inLanguage":"ca","@id":"https:\/\/secure.gravatar.com\/avatar\/1fbaf22aee75fcbb29a2f97b107f95d25d3a19b7c3416105be10269872673e8d?s=96&d=mm&r=g","url":"https:\/\/secure.gravatar.com\/avatar\/1fbaf22aee75fcbb29a2f97b107f95d25d3a19b7c3416105be10269872673e8d?s=96&d=mm&r=g","contentUrl":"https:\/\/secure.gravatar.com\/avatar\/1fbaf22aee75fcbb29a2f97b107f95d25d3a19b7c3416105be10269872673e8d?s=96&d=mm&r=g","caption":"admin"}}]}},"_links":{"self":[{"href":"https:\/\/www.elturistatranquil.com\/ca\/wp-json\/wp\/v2\/posts\/32249","targetHints":{"allow":["GET"]}}],"collection":[{"href":"https:\/\/www.elturistatranquil.com\/ca\/wp-json\/wp\/v2\/posts"}],"about":[{"href":"https:\/\/www.elturistatranquil.com\/ca\/wp-json\/wp\/v2\/types\/post"}],"author":[{"embeddable":true,"href":"https:\/\/www.elturistatranquil.com\/ca\/wp-json\/wp\/v2\/users\/1"}],"replies":[{"embeddable":true,"href":"https:\/\/www.elturistatranquil.com\/ca\/wp-json\/wp\/v2\/comments?post=32249"}],"version-history":[{"count":5,"href":"https:\/\/www.elturistatranquil.com\/ca\/wp-json\/wp\/v2\/posts\/32249\/revisions"}],"predecessor-version":[{"id":50004,"href":"https:\/\/www.elturistatranquil.com\/ca\/wp-json\/wp\/v2\/posts\/32249\/revisions\/50004"}],"wp:featuredmedia":[{"embeddable":true,"href":"https:\/\/www.elturistatranquil.com\/ca\/wp-json\/wp\/v2\/media\/32093"}],"wp:attachment":[{"href":"https:\/\/www.elturistatranquil.com\/ca\/wp-json\/wp\/v2\/media?parent=32249"}],"wp:term":[{"taxonomy":"category","embeddable":true,"href":"https:\/\/www.elturistatranquil.com\/ca\/wp-json\/wp\/v2\/categories?post=32249"},{"taxonomy":"post_tag","embeddable":true,"href":"https:\/\/www.elturistatranquil.com\/ca\/wp-json\/wp\/v2\/tags?post=32249"}],"curies":[{"name":"wp","href":"https:\/\/api.w.org\/{rel}","templated":true}]}}