{"id":3227,"date":"2018-04-21T18:46:41","date_gmt":"2018-04-21T16:46:41","guid":{"rendered":"https:\/\/www.elturistatranquil.com\/?p=3227"},"modified":"2019-09-25T11:26:41","modified_gmt":"2019-09-25T09:26:41","slug":"santa-cruz-de-la-seros","status":"publish","type":"post","link":"https:\/\/www.elturistatranquil.com\/ca\/santa-cruz-de-la-seros\/","title":{"rendered":"Santa Cruz de la Ser\u00f3s (Osca)"},"content":{"rendered":"\t\t<div data-elementor-type=\"wp-post\" data-elementor-id=\"3227\" class=\"elementor elementor-3227 elementor-3181 elementor-bc-flex-widget\" data-elementor-post-type=\"post\">\n\t\t\t\t\t\t<section class=\"elementor-section elementor-top-section elementor-element elementor-element-624f34a5 elementor-section-boxed elementor-section-height-default elementor-section-height-default\" data-id=\"624f34a5\" data-element_type=\"section\" data-e-type=\"section\">\n\t\t\t\t\t\t<div class=\"elementor-container elementor-column-gap-default\">\n\t\t\t\t\t<div class=\"elementor-column elementor-col-100 elementor-top-column elementor-element elementor-element-39f92830\" data-id=\"39f92830\" data-element_type=\"column\" data-e-type=\"column\">\n\t\t\t<div class=\"elementor-widget-wrap elementor-element-populated\">\n\t\t\t\t\t\t<section class=\"elementor-section elementor-inner-section elementor-element elementor-element-65ba964 elementor-section-content-middle elementor-section-boxed elementor-section-height-default elementor-section-height-default\" data-id=\"65ba964\" data-element_type=\"section\" data-e-type=\"section\">\n\t\t\t\t\t\t<div class=\"elementor-container elementor-column-gap-default\">\n\t\t\t\t\t<div class=\"elementor-column elementor-col-100 elementor-inner-column elementor-element elementor-element-7eb0427e\" data-id=\"7eb0427e\" data-element_type=\"column\" data-e-type=\"column\">\n\t\t\t<div class=\"elementor-widget-wrap elementor-element-populated\">\n\t\t\t\t\t\t<div class=\"elementor-element elementor-element-4d9d582d elementor-widget elementor-widget-text-editor\" data-id=\"4d9d582d\" data-element_type=\"widget\" data-e-type=\"widget\" data-widget_type=\"text-editor.default\">\n\t\t\t\t<div class=\"elementor-widget-container\">\n\t\t\t\t\t\t\t\t\t<p>Santa Cruz de la Ser\u00f3s a la Jacetania, \u00e9s una joia territorial que combina dues esgl\u00e9sies rom\u00e0niques d&#8217;alt valor, la base cultural de la seva arquitectura popular i un extraordinari entorn natural i paisatg\u00edstic.<\/p>\t\t\t\t\t\t\t\t<\/div>\n\t\t\t\t<\/div>\n\t\t\t\t\t<\/div>\n\t\t<\/div>\n\t\t\t\t\t<\/div>\n\t\t<\/section>\n\t\t\t\t<div class=\"elementor-element elementor-element-393446c5 elementor-widget elementor-widget-heading\" data-id=\"393446c5\" data-element_type=\"widget\" data-e-type=\"widget\" data-widget_type=\"heading.default\">\n\t\t\t\t<div class=\"elementor-widget-container\">\n\t\t\t\t\t<h1 class=\"elementor-heading-title elementor-size-default\">Santa Cruz de la Ser\u00f3s<\/h1>\t\t\t\t<\/div>\n\t\t\t\t<\/div>\n\t\t\t\t\t<\/div>\n\t\t<\/div>\n\t\t\t\t\t<\/div>\n\t\t<\/section>\n\t\t\t\t<section class=\"elementor-section elementor-top-section elementor-element elementor-element-15361a31 elementor-section-boxed elementor-section-height-default elementor-section-height-default\" data-id=\"15361a31\" data-element_type=\"section\" data-e-type=\"section\">\n\t\t\t\t\t\t<div class=\"elementor-container elementor-column-gap-default\">\n\t\t\t\t\t<div class=\"elementor-column elementor-col-100 elementor-top-column elementor-element elementor-element-35c155e3\" data-id=\"35c155e3\" data-element_type=\"column\" data-e-type=\"column\">\n\t\t\t<div class=\"elementor-widget-wrap elementor-element-populated\">\n\t\t\t\t\t\t<div class=\"elementor-element elementor-element-47edcaf7 elementor-widget elementor-widget-menu-anchor\" data-id=\"47edcaf7\" data-element_type=\"widget\" data-e-type=\"widget\" data-widget_type=\"menu-anchor.default\">\n\t\t\t\t<div class=\"elementor-widget-container\">\n\t\t\t\t\t\t\t<div class=\"elementor-menu-anchor\" id=\"c0901\"><\/div>\n\t\t\t\t\t\t<\/div>\n\t\t\t\t<\/div>\n\t\t\t\t<div class=\"elementor-element elementor-element-22e0f045 elementor-widget elementor-widget-image\" data-id=\"22e0f045\" data-element_type=\"widget\" data-e-type=\"widget\" data-widget_type=\"image.default\">\n\t\t\t\t<div class=\"elementor-widget-container\">\n\t\t\t\t\t\t\t\t\t\t\t\t<figure class=\"wp-caption\">\n\t\t\t\t\t\t\t\t\t\t<img fetchpriority=\"high\" decoding=\"async\" width=\"800\" height=\"524\" src=\"https:\/\/www.elturistatranquil.com\/wp-content\/uploads\/F01-Santa-Cruz-de-la-Ser\u00f3s-Google-earth-2018-04-14.jpg\" class=\"attachment-large size-large wp-image-3191\" alt=\"Santa Cruz de la Ser\u00f3s (Google earth 2018-04-14)\" srcset=\"https:\/\/www.elturistatranquil.com\/wp-content\/uploads\/F01-Santa-Cruz-de-la-Ser\u00f3s-Google-earth-2018-04-14.jpg 800w, https:\/\/www.elturistatranquil.com\/wp-content\/uploads\/F01-Santa-Cruz-de-la-Ser\u00f3s-Google-earth-2018-04-14-768x503.jpg 768w\" sizes=\"(max-width: 800px) 100vw, 800px\" \/>\t\t\t\t\t\t\t\t\t\t\t<figcaption class=\"widget-image-caption wp-caption-text\">Santa Cruz de la Ser\u00f3s. Cercle superior Esgl\u00e9sia de San Caprasio. Cercle inferior Esgl\u00e9sia del Monestir de Santa Mar\u00eda (Google earth 2018-04-14)<\/figcaption>\n\t\t\t\t\t\t\t\t\t\t<\/figure>\n\t\t\t\t\t\t\t\t\t<\/div>\n\t\t\t\t<\/div>\n\t\t\t\t<div class=\"elementor-element elementor-element-74d86b86 elementor-widget elementor-widget-spacer\" data-id=\"74d86b86\" data-element_type=\"widget\" data-e-type=\"widget\" data-widget_type=\"spacer.default\">\n\t\t\t\t<div class=\"elementor-widget-container\">\n\t\t\t\t\t\t\t<div class=\"elementor-spacer\">\n\t\t\t<div class=\"elementor-spacer-inner\"><\/div>\n\t\t<\/div>\n\t\t\t\t\t\t<\/div>\n\t\t\t\t<\/div>\n\t\t\t\t<div class=\"elementor-element elementor-element-2b66918c elementor-widget elementor-widget-heading\" data-id=\"2b66918c\" data-element_type=\"widget\" data-e-type=\"widget\" data-widget_type=\"heading.default\">\n\t\t\t\t<div class=\"elementor-widget-container\">\n\t\t\t\t\t<h2 class=\"elementor-heading-title elementor-size-default\">Santa Cruz de la Ser\u00f3s  (Jacetania)<\/h2>\t\t\t\t<\/div>\n\t\t\t\t<\/div>\n\t\t\t\t<section class=\"elementor-section elementor-inner-section elementor-element elementor-element-5f5b04f3 elementor-section-boxed elementor-section-height-default elementor-section-height-default\" data-id=\"5f5b04f3\" data-element_type=\"section\" data-e-type=\"section\" data-settings=\"{&quot;background_background&quot;:&quot;classic&quot;}\">\n\t\t\t\t\t\t<div class=\"elementor-container elementor-column-gap-default\">\n\t\t\t\t\t<div class=\"elementor-column elementor-col-100 elementor-inner-column elementor-element elementor-element-4acf18e7\" data-id=\"4acf18e7\" data-element_type=\"column\" data-e-type=\"column\" data-settings=\"{&quot;background_background&quot;:&quot;classic&quot;}\">\n\t\t\t<div class=\"elementor-widget-wrap elementor-element-populated\">\n\t\t\t\t\t\t<div class=\"elementor-element elementor-element-6c9942ba elementor-widget elementor-widget-text-editor\" data-id=\"6c9942ba\" data-element_type=\"widget\" data-e-type=\"widget\" data-widget_type=\"text-editor.default\">\n\t\t\t\t<div class=\"elementor-widget-container\">\n\t\t\t\t\t\t\t\t\t<p>Santa Cruz de la Ser\u00f3s.\u00a0 Comarca: Jacetania. Prov\u00edncia: Osca. Com. Aut\u00f2noma: Arag\u00f3<\/p>\t\t\t\t\t\t\t\t<\/div>\n\t\t\t\t<\/div>\n\t\t\t\t<div class=\"elementor-element elementor-element-1c5bcb82 elementor-widget elementor-widget-text-editor\" data-id=\"1c5bcb82\" data-element_type=\"widget\" data-e-type=\"widget\" data-widget_type=\"text-editor.default\">\n\t\t\t\t<div class=\"elementor-widget-container\">\n\t\t\t\t\t\t\t\t\t<p>Coordenades: 42\u00b031\u203223\u2033N 0\u00b040\u203228\u2033O. Altitud: 788 m. Poblaci\u00f3: 177 habitants (2017)<\/p>\t\t\t\t\t\t\t\t<\/div>\n\t\t\t\t<\/div>\n\t\t\t\t<div class=\"elementor-element elementor-element-2ec07ab5 elementor-widget elementor-widget-text-editor\" data-id=\"2ec07ab5\" data-element_type=\"widget\" data-e-type=\"widget\" data-widget_type=\"text-editor.default\">\n\t\t\t\t<div class=\"elementor-widget-container\">\n\t\t\t\t\t\t\t\t\t<p>Web oficial: www.ayuntamiento.es\/santa-cruz-de-la-seros<\/p>\t\t\t\t\t\t\t\t<\/div>\n\t\t\t\t<\/div>\n\t\t\t\t<div class=\"elementor-element elementor-element-43cf8ed2 elementor-widget elementor-widget-text-editor\" data-id=\"43cf8ed2\" data-element_type=\"widget\" data-e-type=\"widget\" data-widget_type=\"text-editor.default\">\n\t\t\t\t<div class=\"elementor-widget-container\">\n\t\t\t\t\t\t\t\t\t<p>Santa Cruz de la Ser\u00f3s forma part del <em>Conjunto Hist\u00f3rico Art\u00edstico, Camino de Santiago de la Unesco <\/em>i del <em>Parque Cultural de San Juan de la Pe\u00f1a<\/em><\/p><p>L&#8217;Esgl\u00e9sia rom\u00e0nica de San Caprasio est\u00e0 declarada <em>Bien de Inter\u00e9s Cultural<\/em><\/p><p>L&#8217;Esgl\u00e9sia rom\u00e0nica del Monestir de Santa Mar\u00eda est\u00e0 declarada <em>Monumento Hist\u00f3rico-Art\u00edstico <\/em><\/p>\t\t\t\t\t\t\t\t<\/div>\n\t\t\t\t<\/div>\n\t\t\t\t<div class=\"elementor-element elementor-element-4d47aa93 elementor-widget elementor-widget-text-editor\" data-id=\"4d47aa93\" data-element_type=\"widget\" data-e-type=\"widget\" data-widget_type=\"text-editor.default\">\n\t\t\t\t<div class=\"elementor-widget-container\">\n\t\t\t\t\t\t\t\t\t<p>Visita: 2016<\/p>\t\t\t\t\t\t\t\t<\/div>\n\t\t\t\t<\/div>\n\t\t\t\t\t<\/div>\n\t\t<\/div>\n\t\t\t\t\t<\/div>\n\t\t<\/section>\n\t\t\t\t<div class=\"elementor-element elementor-element-6291fd53 elementor-widget elementor-widget-image\" data-id=\"6291fd53\" data-element_type=\"widget\" data-e-type=\"widget\" data-widget_type=\"image.default\">\n\t\t\t\t<div class=\"elementor-widget-container\">\n\t\t\t\t\t\t\t\t\t\t\t\t<figure class=\"wp-caption\">\n\t\t\t\t\t\t\t\t\t\t<img decoding=\"async\" width=\"768\" height=\"509\" src=\"https:\/\/www.elturistatranquil.com\/wp-content\/uploads\/F02-Santa-Cruz-de-la-Ser\u00f3s-Google-maps-2018-04-14-768x509.jpg\" class=\"attachment-medium_large size-medium_large wp-image-3192\" alt=\"\" srcset=\"https:\/\/www.elturistatranquil.com\/wp-content\/uploads\/F02-Santa-Cruz-de-la-Ser\u00f3s-Google-maps-2018-04-14-768x509.jpg 768w, https:\/\/www.elturistatranquil.com\/wp-content\/uploads\/F02-Santa-Cruz-de-la-Ser\u00f3s-Google-maps-2018-04-14.jpg 800w\" sizes=\"(max-width: 768px) 100vw, 768px\" \/>\t\t\t\t\t\t\t\t\t\t\t<figcaption class=\"widget-image-caption wp-caption-text\">Mapa de situaci\u00f3 de Santa Cruz de la Ser\u00f3s (Google maps 2018-04-14)<\/figcaption>\n\t\t\t\t\t\t\t\t\t\t<\/figure>\n\t\t\t\t\t\t\t\t\t<\/div>\n\t\t\t\t<\/div>\n\t\t\t\t<div class=\"elementor-element elementor-element-50e10e50 elementor-widget elementor-widget-menu-anchor\" data-id=\"50e10e50\" data-element_type=\"widget\" data-e-type=\"widget\" data-widget_type=\"menu-anchor.default\">\n\t\t\t\t<div class=\"elementor-widget-container\">\n\t\t\t\t\t\t\t<div class=\"elementor-menu-anchor\" id=\"c0902\"><\/div>\n\t\t\t\t\t\t<\/div>\n\t\t\t\t<\/div>\n\t\t\t\t<section class=\"elementor-section elementor-inner-section elementor-element elementor-element-318a1315 elementor-section-boxed elementor-section-height-default elementor-section-height-default\" data-id=\"318a1315\" data-element_type=\"section\" data-e-type=\"section\" data-settings=\"{&quot;background_background&quot;:&quot;classic&quot;}\">\n\t\t\t\t\t\t<div class=\"elementor-container elementor-column-gap-default\">\n\t\t\t\t\t<div class=\"elementor-column elementor-col-100 elementor-inner-column elementor-element elementor-element-7d9a7659\" data-id=\"7d9a7659\" data-element_type=\"column\" data-e-type=\"column\">\n\t\t\t<div class=\"elementor-widget-wrap elementor-element-populated\">\n\t\t\t\t\t\t<div class=\"elementor-element elementor-element-759b7285 elementor-widget elementor-widget-text-editor\" data-id=\"759b7285\" data-element_type=\"widget\" data-e-type=\"widget\" data-widget_type=\"text-editor.default\">\n\t\t\t\t<div class=\"elementor-widget-container\">\n\t\t\t\t\t\t\t\t\t<h6 style=\"padding-left: 300px;\"><strong>\u00cdndex<\/strong><\/h6>\t\t\t\t\t\t\t\t<\/div>\n\t\t\t\t<\/div>\n\t\t\t\t<div class=\"elementor-element elementor-element-7501791b elementor-widget elementor-widget-text-editor\" data-id=\"7501791b\" data-element_type=\"widget\" data-e-type=\"widget\" data-widget_type=\"text-editor.default\">\n\t\t\t\t<div class=\"elementor-widget-container\">\n\t\t\t\t\t\t\t\t\t<p><a href=\"https:\/\/www.elturistatranquil.com\/ca\/santa-cruz-de-la-seros\/#c0901\">Santa Cruz de la Ser\u00f3s (Jacetania)<\/a><\/p>\t\t\t\t\t\t\t\t<\/div>\n\t\t\t\t<\/div>\n\t\t\t\t<div class=\"elementor-element elementor-element-7b3ad3d4 elementor-widget elementor-widget-text-editor\" data-id=\"7b3ad3d4\" data-element_type=\"widget\" data-e-type=\"widget\" data-widget_type=\"text-editor.default\">\n\t\t\t\t<div class=\"elementor-widget-container\">\n\t\t\t\t\t\t\t\t\t<p><a href=\"https:\/\/www.elturistatranquil.com\/ca\/santa-cruz-de-la-seros\/#c0902\">Santa Cruz de la Ser\u00f3s, la Jacetania i el Cam\u00ed de Sant Jaume<\/a><\/p>\t\t\t\t\t\t\t\t<\/div>\n\t\t\t\t<\/div>\n\t\t\t\t<div class=\"elementor-element elementor-element-6060817c elementor-widget elementor-widget-text-editor\" data-id=\"6060817c\" data-element_type=\"widget\" data-e-type=\"widget\" data-widget_type=\"text-editor.default\">\n\t\t\t\t<div class=\"elementor-widget-container\">\n\t\t\t\t\t\t\t\t\t<p><a href=\"https:\/\/www.elturistatranquil.com\/ca\/santa-cruz-de-la-seros\/#c0903\">El poble<\/a><\/p>\t\t\t\t\t\t\t\t<\/div>\n\t\t\t\t<\/div>\n\t\t\t\t<div class=\"elementor-element elementor-element-4f6d848b elementor-widget elementor-widget-text-editor\" data-id=\"4f6d848b\" data-element_type=\"widget\" data-e-type=\"widget\" data-widget_type=\"text-editor.default\">\n\t\t\t\t<div class=\"elementor-widget-container\">\n\t\t\t\t\t\t\t\t\t<p><a href=\"https:\/\/www.elturistatranquil.com\/ca\/santa-cruz-de-la-seros\/#c0904\">L&#8217;Esgl\u00e9sia de Sant Caprasio<\/a><\/p>\t\t\t\t\t\t\t\t<\/div>\n\t\t\t\t<\/div>\n\t\t\t\t<div class=\"elementor-element elementor-element-4724b6ab elementor-widget elementor-widget-text-editor\" data-id=\"4724b6ab\" data-element_type=\"widget\" data-e-type=\"widget\" data-widget_type=\"text-editor.default\">\n\t\t\t\t<div class=\"elementor-widget-container\">\n\t\t\t\t\t\t\t\t\t<p><a href=\"https:\/\/www.elturistatranquil.com\/ca\/santa-cruz-de-la-seros\/#c0905\">L&#8217;Esgl\u00e9sia del Monestir de Santa Maria<\/a><\/p>\t\t\t\t\t\t\t\t<\/div>\n\t\t\t\t<\/div>\n\t\t\t\t<div class=\"elementor-element elementor-element-3ced686f elementor-widget elementor-widget-text-editor\" data-id=\"3ced686f\" data-element_type=\"widget\" data-e-type=\"widget\" data-widget_type=\"text-editor.default\">\n\t\t\t\t<div class=\"elementor-widget-container\">\n\t\t\t\t\t\t\t\t\t<p><a href=\"https:\/\/www.elturistatranquil.com\/ca\/santa-cruz-de-la-seros\/#c0906\">L&#8217;entorn<\/a><\/p>\t\t\t\t\t\t\t\t<\/div>\n\t\t\t\t<\/div>\n\t\t\t\t<div class=\"elementor-element elementor-element-1be68d49 elementor-widget elementor-widget-text-editor\" data-id=\"1be68d49\" data-element_type=\"widget\" data-e-type=\"widget\" data-widget_type=\"text-editor.default\">\n\t\t\t\t<div class=\"elementor-widget-container\">\n\t\t\t\t\t\t\t\t\t<p><a href=\"https:\/\/www.elturistatranquil.com\/ca\/santa-cruz-de-la-seros\/#c0907\">Conclusi\u00f3 de la visita<\/a><\/p>\t\t\t\t\t\t\t\t<\/div>\n\t\t\t\t<\/div>\n\t\t\t\t<div class=\"elementor-element elementor-element-1d22c62f elementor-widget elementor-widget-text-editor\" data-id=\"1d22c62f\" data-element_type=\"widget\" data-e-type=\"widget\" data-widget_type=\"text-editor.default\">\n\t\t\t\t<div class=\"elementor-widget-container\">\n\t\t\t\t\t\t\t\t\t<p><a href=\"https:\/\/www.elturistatranquil.com\/ca\/santa-cruz-de-la-seros\/#c0908\">Bases d&#8217;informaci\u00f3<\/a><\/p>\t\t\t\t\t\t\t\t<\/div>\n\t\t\t\t<\/div>\n\t\t\t\t\t<\/div>\n\t\t<\/div>\n\t\t\t\t\t<\/div>\n\t\t<\/section>\n\t\t\t\t<div class=\"elementor-element elementor-element-7b01bedc elementor-widget elementor-widget-spacer\" data-id=\"7b01bedc\" data-element_type=\"widget\" data-e-type=\"widget\" data-widget_type=\"spacer.default\">\n\t\t\t\t<div class=\"elementor-widget-container\">\n\t\t\t\t\t\t\t<div class=\"elementor-spacer\">\n\t\t\t<div class=\"elementor-spacer-inner\"><\/div>\n\t\t<\/div>\n\t\t\t\t\t\t<\/div>\n\t\t\t\t<\/div>\n\t\t\t\t<div class=\"elementor-element elementor-element-6545afa1 elementor-widget elementor-widget-menu-anchor\" data-id=\"6545afa1\" data-element_type=\"widget\" data-e-type=\"widget\" data-widget_type=\"menu-anchor.default\">\n\t\t\t\t<div class=\"elementor-widget-container\">\n\t\t\t\t\t\t\t<div class=\"elementor-menu-anchor\" id=\"a0101-EnlaceaunpuntodentrodelPost\"><\/div>\n\t\t\t\t\t\t<\/div>\n\t\t\t\t<\/div>\n\t\t\t\t<div class=\"elementor-element elementor-element-339b3c96 elementor-widget elementor-widget-heading\" data-id=\"339b3c96\" data-element_type=\"widget\" data-e-type=\"widget\" data-widget_type=\"heading.default\">\n\t\t\t\t<div class=\"elementor-widget-container\">\n\t\t\t\t\t<h2 class=\"elementor-heading-title elementor-size-default\">Santa Cruz de la Ser\u00f3s, la Jacetania i el Cam\u00ed de Sant Jaume<\/h2>\t\t\t\t<\/div>\n\t\t\t\t<\/div>\n\t\t\t\t<div class=\"elementor-element elementor-element-1412cad5 elementor-widget elementor-widget-text-editor\" data-id=\"1412cad5\" data-element_type=\"widget\" data-e-type=\"widget\" data-widget_type=\"text-editor.default\">\n\t\t\t\t<div class=\"elementor-widget-container\">\n\t\t\t\t\t\t\t\t\t<p>A la comarca de la Jacetania a 16 quil\u00f2metres de Jaca i en el cam\u00ed cap al monestir de San Juan de la Pe\u00f1a es troba el poble de Sant Cruz de la Ser\u00f3s.<\/p><p>Encara que en forma d&#8217;ap\u00e8ndix, San Juan de la Pe\u00f1a formava part del Cam\u00ed de Sant Jaume, per la qual cosa Santa Crux era lloc de pas de pelegrins.<\/p><p>Est\u00e0 situat a 788 msnm, a la base de la Sierra de San Juan de la Pe\u00f1a i sobre la vall del riu Arag\u00f3n al Pirineu aragon\u00e8s. En un espl\u00e8ndid entorn natural i paisatg\u00edstic.<\/p>\t\t\t\t\t\t\t\t<\/div>\n\t\t\t\t<\/div>\n\t\t\t\t<div class=\"elementor-element elementor-element-1c6eaa70 elementor-widget elementor-widget-image\" data-id=\"1c6eaa70\" data-element_type=\"widget\" data-e-type=\"widget\" data-widget_type=\"image.default\">\n\t\t\t\t<div class=\"elementor-widget-container\">\n\t\t\t\t\t\t\t\t\t\t\t\t<figure class=\"wp-caption\">\n\t\t\t\t\t\t\t\t\t\t<img decoding=\"async\" width=\"800\" height=\"480\" src=\"https:\/\/www.elturistatranquil.com\/wp-content\/uploads\/F02A-Valle-del-rio-Arag\u00f3n.jpg\" class=\"attachment-large size-large wp-image-3193\" alt=\"\" srcset=\"https:\/\/www.elturistatranquil.com\/wp-content\/uploads\/F02A-Valle-del-rio-Arag\u00f3n.jpg 800w, https:\/\/www.elturistatranquil.com\/wp-content\/uploads\/F02A-Valle-del-rio-Arag\u00f3n-768x461.jpg 768w\" sizes=\"(max-width: 800px) 100vw, 800px\" \/>\t\t\t\t\t\t\t\t\t\t\t<figcaption class=\"widget-image-caption wp-caption-text\">La vall del riu Arag\u00f3n, amb els Pirineus al fons, des de la Sierra de San Juan de  la Pe\u00f1a<\/figcaption>\n\t\t\t\t\t\t\t\t\t\t<\/figure>\n\t\t\t\t\t\t\t\t\t<\/div>\n\t\t\t\t<\/div>\n\t\t\t\t<div class=\"elementor-element elementor-element-2e7fa563 elementor-widget elementor-widget-menu-anchor\" data-id=\"2e7fa563\" data-element_type=\"widget\" data-e-type=\"widget\" data-widget_type=\"menu-anchor.default\">\n\t\t\t\t<div class=\"elementor-widget-container\">\n\t\t\t\t\t\t\t<div class=\"elementor-menu-anchor\" id=\"c0903\"><\/div>\n\t\t\t\t\t\t<\/div>\n\t\t\t\t<\/div>\n\t\t\t\t<div class=\"elementor-element elementor-element-59874051 elementor-widget elementor-widget-text-editor\" data-id=\"59874051\" data-element_type=\"widget\" data-e-type=\"widget\" data-widget_type=\"text-editor.default\">\n\t\t\t\t<div class=\"elementor-widget-container\">\n\t\t\t\t\t\t\t\t\t<p>Com \u00e9s habitual en aquests pobles rurals la poblaci\u00f3 ha anat en descens des de principis del segle XX, que comptava amb 422 habitants fins a descendir als 138 habitants el 1991, amb petits repunts fins als 177 de 2017.<\/p><p>La base econ\u00f2mica hist\u00f2rica agr\u00e0ria, es complementa en els \u00faltims anys d\u2019empenta tur\u00edstica dels seus propis valors art\u00edstic-culturals, aix\u00ed com del vinculat al recorregut cap a San Juan de la Pe\u00f1a, ja que \u00e9s l&#8217;\u00fanic punt amb serveis de restauraci\u00f3 a prop d&#8217;aquest Monestir, sense comptar el restaurant del Monestir Nou.<\/p>\t\t\t\t\t\t\t\t<\/div>\n\t\t\t\t<\/div>\n\t\t\t\t<div class=\"elementor-element elementor-element-3b1e6d90 elementor-widget elementor-widget-heading\" data-id=\"3b1e6d90\" data-element_type=\"widget\" data-e-type=\"widget\" data-widget_type=\"heading.default\">\n\t\t\t\t<div class=\"elementor-widget-container\">\n\t\t\t\t\t<h2 class=\"elementor-heading-title elementor-size-default\">El poble<\/h2>\t\t\t\t<\/div>\n\t\t\t\t<\/div>\n\t\t\t\t<div class=\"elementor-element elementor-element-1b9ccff5 elementor-widget elementor-widget-text-editor\" data-id=\"1b9ccff5\" data-element_type=\"widget\" data-e-type=\"widget\" data-widget_type=\"text-editor.default\">\n\t\t\t\t<div class=\"elementor-widget-container\">\n\t\t\t\t\t\t\t\t\t<p>La morfologia urbana de Santa Cruz de la Ser\u00f3s mostra actualment un conjunt desmanegat que pot interpretar-se de la seg\u00fcent forma.<\/p><p>At\u00e8s que en el seu origen era un monestir, els dos elements b\u00e0sics haurien estat el mateix monestir i un nucli de poblaci\u00f3 annex.<\/p><p>Situat a l&#8217;extrem sud del poble, el recinte mon\u00e0stic ha quedat redu\u00eft a hores d&#8217;ara a l&#8217;esgl\u00e9sia, que \u00e9s l&#8217;\u00fanic que es conserva. Les depend\u00e8ncies mon\u00e0stiques desaparegudes se situaven a la cara sud de l&#8217;esgl\u00e9sia, espai ara buit de construccions, en els l\u00edmits del conjunt actual.<\/p><p>El poble es localitzava a l&#8217;exterior del monestir i adjunt a aquest, sent l&#8217;espai constru\u00eft que ha perviscut i que ara adquireix m\u00e9s rellev\u00e0ncia com a espai habitat.<\/p><p>Com ap\u00e8ndixs d&#8217;aquest nucli central trobem, una mica allunyat del nucli de poblaci\u00f3, en la part nord, l&#8217;Esgl\u00e9sia de Sant Caprasio, al costat de la qual s&#8217;ha localitzat un grup de resid\u00e8ncia m\u00e9s modern.<\/p><p>El conjunt actual es completa amb zones de resid\u00e8ncia m\u00e9s o menys dispersa seguint diferents camins que parteixen del nucli central.<\/p><p>Els murs de pedra i les teulades de lloses de pedra s\u00f3n els materials b\u00e0sics de construcci\u00f3.<\/p>\t\t\t\t\t\t\t\t<\/div>\n\t\t\t\t<\/div>\n\t\t\t\t<div class=\"elementor-element elementor-element-359a24ae elementor-widget elementor-widget-image\" data-id=\"359a24ae\" data-element_type=\"widget\" data-e-type=\"widget\" data-widget_type=\"image.default\">\n\t\t\t\t<div class=\"elementor-widget-container\">\n\t\t\t\t\t\t\t\t\t\t\t\t\t\t\t<img loading=\"lazy\" decoding=\"async\" width=\"800\" height=\"480\" src=\"https:\/\/www.elturistatranquil.com\/wp-content\/uploads\/F03-Santa-Cruz-de-la-Ser\u00f3s.jpg\" class=\"attachment-large size-large wp-image-3194\" alt=\"\" srcset=\"https:\/\/www.elturistatranquil.com\/wp-content\/uploads\/F03-Santa-Cruz-de-la-Ser\u00f3s.jpg 800w, https:\/\/www.elturistatranquil.com\/wp-content\/uploads\/F03-Santa-Cruz-de-la-Ser\u00f3s-768x461.jpg 768w\" sizes=\"(max-width: 800px) 100vw, 800px\" \/>\t\t\t\t\t\t\t\t\t\t\t\t\t\t\t<\/div>\n\t\t\t\t<\/div>\n\t\t\t\t<div class=\"elementor-element elementor-element-53d26083 elementor-widget elementor-widget-image\" data-id=\"53d26083\" data-element_type=\"widget\" data-e-type=\"widget\" data-widget_type=\"image.default\">\n\t\t\t\t<div class=\"elementor-widget-container\">\n\t\t\t\t\t\t\t\t\t\t\t\t\t\t\t<img loading=\"lazy\" decoding=\"async\" width=\"800\" height=\"480\" src=\"https:\/\/www.elturistatranquil.com\/wp-content\/uploads\/F00-04-Santa-Cruz-de-la-Seros.jpg\" class=\"attachment-large size-large wp-image-3189\" alt=\"Santa Cruz de la Ser\u00f3s\" srcset=\"https:\/\/www.elturistatranquil.com\/wp-content\/uploads\/F00-04-Santa-Cruz-de-la-Seros.jpg 800w, https:\/\/www.elturistatranquil.com\/wp-content\/uploads\/F00-04-Santa-Cruz-de-la-Seros-768x461.jpg 768w\" sizes=\"(max-width: 800px) 100vw, 800px\" \/>\t\t\t\t\t\t\t\t\t\t\t\t\t\t\t<\/div>\n\t\t\t\t<\/div>\n\t\t\t\t<div class=\"elementor-element elementor-element-55b69bea elementor-widget elementor-widget-image\" data-id=\"55b69bea\" data-element_type=\"widget\" data-e-type=\"widget\" data-widget_type=\"image.default\">\n\t\t\t\t<div class=\"elementor-widget-container\">\n\t\t\t\t\t\t\t\t\t\t\t\t\t\t\t<img loading=\"lazy\" decoding=\"async\" width=\"800\" height=\"448\" src=\"https:\/\/www.elturistatranquil.com\/wp-content\/uploads\/F05-Santa-Cruz-de-la-Ser\u00f3s.jpg\" class=\"attachment-large size-large wp-image-3195\" alt=\"Santa Cruz de la Ser\u00f3s\" srcset=\"https:\/\/www.elturistatranquil.com\/wp-content\/uploads\/F05-Santa-Cruz-de-la-Ser\u00f3s.jpg 800w, https:\/\/www.elturistatranquil.com\/wp-content\/uploads\/F05-Santa-Cruz-de-la-Ser\u00f3s-768x430.jpg 768w\" sizes=\"(max-width: 800px) 100vw, 800px\" \/>\t\t\t\t\t\t\t\t\t\t\t\t\t\t\t<\/div>\n\t\t\t\t<\/div>\n\t\t\t\t<div class=\"elementor-element elementor-element-80cb444 elementor-widget elementor-widget-image\" data-id=\"80cb444\" data-element_type=\"widget\" data-e-type=\"widget\" data-widget_type=\"image.default\">\n\t\t\t\t<div class=\"elementor-widget-container\">\n\t\t\t\t\t\t\t\t\t\t\t\t\t\t\t<img loading=\"lazy\" decoding=\"async\" width=\"800\" height=\"480\" src=\"https:\/\/www.elturistatranquil.com\/wp-content\/uploads\/F06-Santa-Cruz-de-la-Ser\u00f3s.jpg\" class=\"attachment-large size-large wp-image-3196\" alt=\"\" srcset=\"https:\/\/www.elturistatranquil.com\/wp-content\/uploads\/F06-Santa-Cruz-de-la-Ser\u00f3s.jpg 800w, https:\/\/www.elturistatranquil.com\/wp-content\/uploads\/F06-Santa-Cruz-de-la-Ser\u00f3s-768x461.jpg 768w\" sizes=\"(max-width: 800px) 100vw, 800px\" \/>\t\t\t\t\t\t\t\t\t\t\t\t\t\t\t<\/div>\n\t\t\t\t<\/div>\n\t\t\t\t<div class=\"elementor-element elementor-element-7094b00a elementor-widget elementor-widget-image\" data-id=\"7094b00a\" data-element_type=\"widget\" data-e-type=\"widget\" data-widget_type=\"image.default\">\n\t\t\t\t<div class=\"elementor-widget-container\">\n\t\t\t\t\t\t\t\t\t\t\t\t\t\t\t<img loading=\"lazy\" decoding=\"async\" width=\"800\" height=\"480\" src=\"https:\/\/www.elturistatranquil.com\/wp-content\/uploads\/F07-Santa-Cruz-de-la-Ser\u00f3s.jpg\" class=\"attachment-large size-large wp-image-3197\" alt=\"Santa Cruz de la Ser\u00f3s\" srcset=\"https:\/\/www.elturistatranquil.com\/wp-content\/uploads\/F07-Santa-Cruz-de-la-Ser\u00f3s.jpg 800w, https:\/\/www.elturistatranquil.com\/wp-content\/uploads\/F07-Santa-Cruz-de-la-Ser\u00f3s-768x461.jpg 768w\" sizes=\"(max-width: 800px) 100vw, 800px\" \/>\t\t\t\t\t\t\t\t\t\t\t\t\t\t\t<\/div>\n\t\t\t\t<\/div>\n\t\t\t\t<div class=\"elementor-element elementor-element-48bdb321 elementor-widget elementor-widget-image\" data-id=\"48bdb321\" data-element_type=\"widget\" data-e-type=\"widget\" data-widget_type=\"image.default\">\n\t\t\t\t<div class=\"elementor-widget-container\">\n\t\t\t\t\t\t\t\t\t\t\t\t\t\t\t<img loading=\"lazy\" decoding=\"async\" width=\"800\" height=\"480\" src=\"https:\/\/www.elturistatranquil.com\/wp-content\/uploads\/F08-Santa-Cruz-de-la-Ser\u00f3s.jpg\" class=\"attachment-large size-large wp-image-3198\" alt=\"\" srcset=\"https:\/\/www.elturistatranquil.com\/wp-content\/uploads\/F08-Santa-Cruz-de-la-Ser\u00f3s.jpg 800w, https:\/\/www.elturistatranquil.com\/wp-content\/uploads\/F08-Santa-Cruz-de-la-Ser\u00f3s-768x461.jpg 768w\" sizes=\"(max-width: 800px) 100vw, 800px\" \/>\t\t\t\t\t\t\t\t\t\t\t\t\t\t\t<\/div>\n\t\t\t\t<\/div>\n\t\t\t\t<div class=\"elementor-element elementor-element-5c967d5f elementor-widget elementor-widget-text-editor\" data-id=\"5c967d5f\" data-element_type=\"widget\" data-e-type=\"widget\" data-widget_type=\"text-editor.default\">\n\t\t\t\t<div class=\"elementor-widget-container\">\n\t\t\t\t\t\t\t\t\t<p>T\u00edpiques d&#8217;aquesta zona d&#8217;Arag\u00f3 s\u00f3n les xemeneies amb &#8220;espantabruixes&#8221; llaurades en pedra a la part superior del casquet de tancament. La seva funci\u00f3 en l&#8217;edat mitjana era impedir que les bruixes penetressin a les cases pel forat de la xemeneia. A l&#8217;entrada del poble fins i tot li han dedicat un monument.<\/p>\t\t\t\t\t\t\t\t<\/div>\n\t\t\t\t<\/div>\n\t\t\t\t<div class=\"elementor-element elementor-element-1db3137 elementor-widget elementor-widget-image\" data-id=\"1db3137\" data-element_type=\"widget\" data-e-type=\"widget\" data-widget_type=\"image.default\">\n\t\t\t\t<div class=\"elementor-widget-container\">\n\t\t\t\t\t\t\t\t\t\t\t\t\t\t\t<img loading=\"lazy\" decoding=\"async\" width=\"443\" height=\"450\" src=\"https:\/\/www.elturistatranquil.com\/wp-content\/uploads\/F09-Santa-Cruz-de-la-Ser\u00f3s-xemeneia.jpg\" class=\"attachment-large size-large wp-image-3199\" alt=\"\" \/>\t\t\t\t\t\t\t\t\t\t\t\t\t\t\t<\/div>\n\t\t\t\t<\/div>\n\t\t\t\t<div class=\"elementor-element elementor-element-141a75b elementor-widget elementor-widget-menu-anchor\" data-id=\"141a75b\" data-element_type=\"widget\" data-e-type=\"widget\" data-widget_type=\"menu-anchor.default\">\n\t\t\t\t<div class=\"elementor-widget-container\">\n\t\t\t\t\t\t\t<div class=\"elementor-menu-anchor\" id=\"c0904\"><\/div>\n\t\t\t\t\t\t<\/div>\n\t\t\t\t<\/div>\n\t\t\t\t<div class=\"elementor-element elementor-element-61a96501 elementor-widget elementor-widget-image\" data-id=\"61a96501\" data-element_type=\"widget\" data-e-type=\"widget\" data-widget_type=\"image.default\">\n\t\t\t\t<div class=\"elementor-widget-container\">\n\t\t\t\t\t\t\t\t\t\t\t\t<figure class=\"wp-caption\">\n\t\t\t\t\t\t\t\t\t\t<img loading=\"lazy\" decoding=\"async\" width=\"556\" height=\"450\" src=\"https:\/\/www.elturistatranquil.com\/wp-content\/uploads\/F10-Santa-Cruz-de-la-Ser\u00f3s-chimeneas.jpg\" class=\"attachment-large size-large wp-image-3200\" alt=\"\" \/>\t\t\t\t\t\t\t\t\t\t\t<figcaption class=\"widget-image-caption wp-caption-text\">T\u00edpicas chimeneas y monumento<\/figcaption>\n\t\t\t\t\t\t\t\t\t\t<\/figure>\n\t\t\t\t\t\t\t\t\t<\/div>\n\t\t\t\t<\/div>\n\t\t\t\t<div class=\"elementor-element elementor-element-47272562 elementor-widget elementor-widget-heading\" data-id=\"47272562\" data-element_type=\"widget\" data-e-type=\"widget\" data-widget_type=\"heading.default\">\n\t\t\t\t<div class=\"elementor-widget-container\">\n\t\t\t\t\t<h2 class=\"elementor-heading-title elementor-size-default\">L\u2019Esgl\u00e9sia de Sant Caprasio <\/h2>\t\t\t\t<\/div>\n\t\t\t\t<\/div>\n\t\t\t\t<div class=\"elementor-element elementor-element-260e396b elementor-widget elementor-widget-text-editor\" data-id=\"260e396b\" data-element_type=\"widget\" data-e-type=\"widget\" data-widget_type=\"text-editor.default\">\n\t\t\t\t<div class=\"elementor-widget-container\">\n\t\t\t\t\t\t\t\t\t<p><em>B\u00e9 d\u2019Inter\u00e8s Cultural <\/em><em> (2004)<\/em><\/p>\t\t\t\t\t\t\t\t<\/div>\n\t\t\t\t<\/div>\n\t\t\t\t<div class=\"elementor-element elementor-element-52bff9c5 elementor-widget elementor-widget-text-editor\" data-id=\"52bff9c5\" data-element_type=\"widget\" data-e-type=\"widget\" data-widget_type=\"text-editor.default\">\n\t\t\t\t<div class=\"elementor-widget-container\">\n\t\t\t\t\t\t\t\t\t<p>L&#8217;esgl\u00e9sia de Sant Caprasio \u00e9s una petita esgl\u00e9sia rom\u00e0nica medieval, constru\u00efda al voltant de 1020-1030 temps de Sancho III el Mayor rei de Pamplona. Atribu\u00efda a tallers itinerants de mestres llombards (rom\u00e0nic llombard).<\/p>\t\t\t\t\t\t\t\t<\/div>\n\t\t\t\t<\/div>\n\t\t\t\t<div class=\"elementor-element elementor-element-55e68432 elementor-widget elementor-widget-image\" data-id=\"55e68432\" data-element_type=\"widget\" data-e-type=\"widget\" data-widget_type=\"image.default\">\n\t\t\t\t<div class=\"elementor-widget-container\">\n\t\t\t\t\t\t\t\t\t\t\t\t\t\t\t<img loading=\"lazy\" decoding=\"async\" width=\"285\" height=\"500\" src=\"https:\/\/www.elturistatranquil.com\/wp-content\/uploads\/F11-Santa-Cruz-de-la-Ser\u00f3s-San-Caprasio.-Planta.jpg\" class=\"attachment-large size-large wp-image-3201\" alt=\"Santa Cruz de la Ser\u00f3s, San Caprasio. Planta\" \/>\t\t\t\t\t\t\t\t\t\t\t\t\t\t\t<\/div>\n\t\t\t\t<\/div>\n\t\t\t\t<div class=\"elementor-element elementor-element-3b491d9 elementor-widget elementor-widget-text-editor\" data-id=\"3b491d9\" data-element_type=\"widget\" data-e-type=\"widget\" data-widget_type=\"text-editor.default\">\n\t\t\t\t<div class=\"elementor-widget-container\">\n\t\t\t\t\t\t\t\t\t<p>\u00c9s una esgl\u00e9sia de nau \u00fanica de dos trams coberts amb voltes d&#8217;aresta i un redu\u00eft presbiteri cobert amb volta de can\u00f3, que antecedeix a un absis semicircular cobert per volta de quart d&#8217;esfera. A l&#8217;absis en forma d&#8217;hemicicle s&#8217;obren dues petites exedres laterals.<\/p><p>La sobrietat de l&#8217;interior es veu alleugerida a l&#8217;exterior per la utilitzaci\u00f3 de lesenes i arcs llombards en els quatre costats, inclosa la fa\u00e7ana.<\/p><p>De gruixudes parets, no \u00e9s exactament regular, fins i tot la porta est\u00e0 una mica descentrada, com s&#8217;aprecia en el dibuix de la planta.<\/p><p>Sobre el presbiteri s&#8217;aixeca una torre de planta quadrada i cos \u00fanic amb finestres geminades en tres dels seus fronts, que va ser constru\u00efda ja al segle XII.<\/p>\t\t\t\t\t\t\t\t<\/div>\n\t\t\t\t<\/div>\n\t\t\t\t<div class=\"elementor-element elementor-element-5057c492 elementor-widget elementor-widget-image\" data-id=\"5057c492\" data-element_type=\"widget\" data-e-type=\"widget\" data-widget_type=\"image.default\">\n\t\t\t\t<div class=\"elementor-widget-container\">\n\t\t\t\t\t\t\t\t\t\t\t\t\t\t\t<img loading=\"lazy\" decoding=\"async\" width=\"800\" height=\"516\" src=\"https:\/\/www.elturistatranquil.com\/wp-content\/uploads\/F12Santa-Cruz-de-la-Ser\u00f3s-San-Caprasio.jpg\" class=\"attachment-large size-large wp-image-3202\" alt=\"Santa Cruz de la Ser\u00f3s, San Caprasio\" srcset=\"https:\/\/www.elturistatranquil.com\/wp-content\/uploads\/F12Santa-Cruz-de-la-Ser\u00f3s-San-Caprasio.jpg 800w, https:\/\/www.elturistatranquil.com\/wp-content\/uploads\/F12Santa-Cruz-de-la-Ser\u00f3s-San-Caprasio-768x495.jpg 768w\" sizes=\"(max-width: 800px) 100vw, 800px\" \/>\t\t\t\t\t\t\t\t\t\t\t\t\t\t\t<\/div>\n\t\t\t\t<\/div>\n\t\t\t\t<div class=\"elementor-element elementor-element-6d576e22 elementor-widget elementor-widget-image\" data-id=\"6d576e22\" data-element_type=\"widget\" data-e-type=\"widget\" data-widget_type=\"image.default\">\n\t\t\t\t<div class=\"elementor-widget-container\">\n\t\t\t\t\t\t\t\t\t\t\t\t\t\t\t<img loading=\"lazy\" decoding=\"async\" width=\"800\" height=\"480\" src=\"https:\/\/www.elturistatranquil.com\/wp-content\/uploads\/F13Santa-Cruz-de-la-Ser\u00f3s-San-Caprasio.jpg\" class=\"attachment-large size-large wp-image-3203\" alt=\"\" srcset=\"https:\/\/www.elturistatranquil.com\/wp-content\/uploads\/F13Santa-Cruz-de-la-Ser\u00f3s-San-Caprasio.jpg 800w, https:\/\/www.elturistatranquil.com\/wp-content\/uploads\/F13Santa-Cruz-de-la-Ser\u00f3s-San-Caprasio-768x461.jpg 768w\" sizes=\"(max-width: 800px) 100vw, 800px\" \/>\t\t\t\t\t\t\t\t\t\t\t\t\t\t\t<\/div>\n\t\t\t\t<\/div>\n\t\t\t\t<div class=\"elementor-element elementor-element-78a64589 elementor-widget elementor-widget-image\" data-id=\"78a64589\" data-element_type=\"widget\" data-e-type=\"widget\" data-widget_type=\"image.default\">\n\t\t\t\t<div class=\"elementor-widget-container\">\n\t\t\t\t\t\t\t\t\t\t\t\t\t\t\t<img loading=\"lazy\" decoding=\"async\" width=\"800\" height=\"480\" src=\"https:\/\/www.elturistatranquil.com\/wp-content\/uploads\/F14Santa-Cruz-de-la-Ser\u00f3s-San-Caprasio.jpg\" class=\"attachment-large size-large wp-image-3204\" alt=\"Santa Cruz de la Ser\u00f3s, San Caprasio\" srcset=\"https:\/\/www.elturistatranquil.com\/wp-content\/uploads\/F14Santa-Cruz-de-la-Ser\u00f3s-San-Caprasio.jpg 800w, https:\/\/www.elturistatranquil.com\/wp-content\/uploads\/F14Santa-Cruz-de-la-Ser\u00f3s-San-Caprasio-768x461.jpg 768w\" sizes=\"(max-width: 800px) 100vw, 800px\" \/>\t\t\t\t\t\t\t\t\t\t\t\t\t\t\t<\/div>\n\t\t\t\t<\/div>\n\t\t\t\t<div class=\"elementor-element elementor-element-4922a15f elementor-widget elementor-widget-menu-anchor\" data-id=\"4922a15f\" data-element_type=\"widget\" data-e-type=\"widget\" data-widget_type=\"menu-anchor.default\">\n\t\t\t\t<div class=\"elementor-widget-container\">\n\t\t\t\t\t\t\t<div class=\"elementor-menu-anchor\" id=\"c0905\"><\/div>\n\t\t\t\t\t\t<\/div>\n\t\t\t\t<\/div>\n\t\t\t\t<div class=\"elementor-element elementor-element-1e1ef3d1 elementor-widget elementor-widget-image\" data-id=\"1e1ef3d1\" data-element_type=\"widget\" data-e-type=\"widget\" data-widget_type=\"image.default\">\n\t\t\t\t<div class=\"elementor-widget-container\">\n\t\t\t\t\t\t\t\t\t\t\t\t\t\t\t<img loading=\"lazy\" decoding=\"async\" width=\"800\" height=\"480\" src=\"https:\/\/www.elturistatranquil.com\/wp-content\/uploads\/F15-Santa-Cruz-de-la-Ser\u00f3s-San-Caprasio.jpg\" class=\"attachment-large size-large wp-image-3205\" alt=\"\" srcset=\"https:\/\/www.elturistatranquil.com\/wp-content\/uploads\/F15-Santa-Cruz-de-la-Ser\u00f3s-San-Caprasio.jpg 800w, https:\/\/www.elturistatranquil.com\/wp-content\/uploads\/F15-Santa-Cruz-de-la-Ser\u00f3s-San-Caprasio-768x461.jpg 768w\" sizes=\"(max-width: 800px) 100vw, 800px\" \/>\t\t\t\t\t\t\t\t\t\t\t\t\t\t\t<\/div>\n\t\t\t\t<\/div>\n\t\t\t\t<div class=\"elementor-element elementor-element-6212b705 elementor-widget elementor-widget-heading\" data-id=\"6212b705\" data-element_type=\"widget\" data-e-type=\"widget\" data-widget_type=\"heading.default\">\n\t\t\t\t<div class=\"elementor-widget-container\">\n\t\t\t\t\t<h2 class=\"elementor-heading-title elementor-size-default\">L'Esgl\u00e9sia del Monestir de Santa Mar\u00eda <\/h2>\t\t\t\t<\/div>\n\t\t\t\t<\/div>\n\t\t\t\t<div class=\"elementor-element elementor-element-32d3250c elementor-widget elementor-widget-text-editor\" data-id=\"32d3250c\" data-element_type=\"widget\" data-e-type=\"widget\" data-widget_type=\"text-editor.default\">\n\t\t\t\t<div class=\"elementor-widget-container\">\n\t\t\t\t\t\t\t\t\t<p><em>Monument Hist\u00f2ric-Art\u00edstic<\/em><\/p>\t\t\t\t\t\t\t\t<\/div>\n\t\t\t\t<\/div>\n\t\t\t\t<div class=\"elementor-element elementor-element-10b5e628 elementor-widget elementor-widget-text-editor\" data-id=\"10b5e628\" data-element_type=\"widget\" data-e-type=\"widget\" data-widget_type=\"text-editor.default\">\n\t\t\t\t<div class=\"elementor-widget-container\">\n\t\t\t\t\t\t\t\t\t<p>Del cartell d&#8217;informaci\u00f3 de l&#8217;Esgl\u00e9sia extraiem que aquest edifici formava part originalment d&#8217;un monestir de monges benedictines fundat a finals del segle X (probablement en 984) per Sancho Garc\u00e9s II Abarca i per la seva esposa Urraca Fern\u00e1ndez, convertint-se aix\u00ed en el cenobi femen\u00ed m\u00e9s antic d&#8217;Arag\u00f3. Va con\u00e8ixer un per\u00edode d&#8217;auge durant el regnat de Ramiro I. L&#8217;obstinaci\u00f3 personal de dues de les seves filles, Donya Urraca i donya Sancha, va permetre la seva construcci\u00f3 en pedra carreu a la fi del segle XI, rebent amb posterioritat diferents aportacions de Monarques com Pedro I, Ramiro II \u00a0i Alfonso II.<\/p><p>Les directrius del Concili de Trento (1545-1563), (que obligaven a les comunitats de religioses situades en \u00e0mbit rural a concentrar-se en nuclis urbans), van motivar el trasllat de les Benedictines a la ciutat de Jaca en 1555. De l&#8217;antic conjunt mon\u00e0stic nom\u00e9s queden com a testimoni l&#8217;Esgl\u00e9sia i la torre.<\/p>\t\t\t\t\t\t\t\t<\/div>\n\t\t\t\t<\/div>\n\t\t\t\t<div class=\"elementor-element elementor-element-16dcb9e2 elementor-widget elementor-widget-image\" data-id=\"16dcb9e2\" data-element_type=\"widget\" data-e-type=\"widget\" data-widget_type=\"image.default\">\n\t\t\t\t<div class=\"elementor-widget-container\">\n\t\t\t\t\t\t\t\t\t\t\t\t\t\t\t<img loading=\"lazy\" decoding=\"async\" width=\"448\" height=\"500\" src=\"https:\/\/www.elturistatranquil.com\/wp-content\/uploads\/F16-Santa-Cruz-de-la-Ser\u00f3s-Santa-Mar\u00eda.-Planta.jpg\" class=\"attachment-large size-large wp-image-3206\" alt=\"Santa Cruz de la Ser\u00f3s, Santa Mar\u00eda. Planta\" \/>\t\t\t\t\t\t\t\t\t\t\t\t\t\t\t<\/div>\n\t\t\t\t<\/div>\n\t\t\t\t<div class=\"elementor-element elementor-element-52e2bc27 elementor-widget elementor-widget-image\" data-id=\"52e2bc27\" data-element_type=\"widget\" data-e-type=\"widget\" data-widget_type=\"image.default\">\n\t\t\t\t<div class=\"elementor-widget-container\">\n\t\t\t\t\t\t\t\t\t\t\t\t\t\t\t<img loading=\"lazy\" decoding=\"async\" width=\"800\" height=\"480\" src=\"https:\/\/www.elturistatranquil.com\/wp-content\/uploads\/F17-Santa-Cruz-de-la-Ser\u00f3s-Santa-Mar\u00eda.jpg\" class=\"attachment-large size-large wp-image-3207\" alt=\"Santa Cruz de la Ser\u00f3s, Santa Mar\u00eda\" srcset=\"https:\/\/www.elturistatranquil.com\/wp-content\/uploads\/F17-Santa-Cruz-de-la-Ser\u00f3s-Santa-Mar\u00eda.jpg 800w, https:\/\/www.elturistatranquil.com\/wp-content\/uploads\/F17-Santa-Cruz-de-la-Ser\u00f3s-Santa-Mar\u00eda-768x461.jpg 768w\" sizes=\"(max-width: 800px) 100vw, 800px\" \/>\t\t\t\t\t\t\t\t\t\t\t\t\t\t\t<\/div>\n\t\t\t\t<\/div>\n\t\t\t\t<div class=\"elementor-element elementor-element-1e3cd2cf elementor-widget elementor-widget-image\" data-id=\"1e3cd2cf\" data-element_type=\"widget\" data-e-type=\"widget\" data-widget_type=\"image.default\">\n\t\t\t\t<div class=\"elementor-widget-container\">\n\t\t\t\t\t\t\t\t\t\t\t\t\t\t\t<img loading=\"lazy\" decoding=\"async\" width=\"800\" height=\"480\" src=\"https:\/\/www.elturistatranquil.com\/wp-content\/uploads\/F18-Santa-Cruz-de-la-Ser\u00f3s-Santa-Mar\u00eda.jpg\" class=\"attachment-large size-large wp-image-3208\" alt=\"Santa Cruz de la Ser\u00f3s, Santa Mar\u00eda\" srcset=\"https:\/\/www.elturistatranquil.com\/wp-content\/uploads\/F18-Santa-Cruz-de-la-Ser\u00f3s-Santa-Mar\u00eda.jpg 800w, https:\/\/www.elturistatranquil.com\/wp-content\/uploads\/F18-Santa-Cruz-de-la-Ser\u00f3s-Santa-Mar\u00eda-768x461.jpg 768w\" sizes=\"(max-width: 800px) 100vw, 800px\" \/>\t\t\t\t\t\t\t\t\t\t\t\t\t\t\t<\/div>\n\t\t\t\t<\/div>\n\t\t\t\t<div class=\"elementor-element elementor-element-4f5da049 elementor-widget elementor-widget-image\" data-id=\"4f5da049\" data-element_type=\"widget\" data-e-type=\"widget\" data-widget_type=\"image.default\">\n\t\t\t\t<div class=\"elementor-widget-container\">\n\t\t\t\t\t\t\t\t\t\t\t\t<figure class=\"wp-caption\">\n\t\t\t\t\t\t\t\t\t\t<img loading=\"lazy\" decoding=\"async\" width=\"800\" height=\"480\" src=\"https:\/\/www.elturistatranquil.com\/wp-content\/uploads\/F19-Santa-Cruz-de-la-Ser\u00f3s-Santa-Mar\u00eda.jpg\" class=\"attachment-large size-large wp-image-3209\" alt=\"Santa Cruz de la Ser\u00f3s, Santa Mar\u00eda\" srcset=\"https:\/\/www.elturistatranquil.com\/wp-content\/uploads\/F19-Santa-Cruz-de-la-Ser\u00f3s-Santa-Mar\u00eda.jpg 800w, https:\/\/www.elturistatranquil.com\/wp-content\/uploads\/F19-Santa-Cruz-de-la-Ser\u00f3s-Santa-Mar\u00eda-768x461.jpg 768w\" sizes=\"(max-width: 800px) 100vw, 800px\" \/>\t\t\t\t\t\t\t\t\t\t\t<figcaption class=\"widget-image-caption wp-caption-text\">La torre s'al\u00e7a sobre el bra\u00e7 dret, de l'Ep\u00edstola, amb aspecte de torre de defensa<\/figcaption>\n\t\t\t\t\t\t\t\t\t\t<\/figure>\n\t\t\t\t\t\t\t\t\t<\/div>\n\t\t\t\t<\/div>\n\t\t\t\t<div class=\"elementor-element elementor-element-231b8a90 elementor-widget elementor-widget-image\" data-id=\"231b8a90\" data-element_type=\"widget\" data-e-type=\"widget\" data-widget_type=\"image.default\">\n\t\t\t\t<div class=\"elementor-widget-container\">\n\t\t\t\t\t\t\t\t\t\t\t\t\t\t\t<img loading=\"lazy\" decoding=\"async\" width=\"330\" height=\"550\" src=\"https:\/\/www.elturistatranquil.com\/wp-content\/uploads\/F20-Santa-Cruz-de-la-Ser\u00f3s-Santa-Mar\u00eda.jpg\" class=\"attachment-large size-large wp-image-3210\" alt=\"Santa Cruz de la Ser\u00f3s, Santa Mar\u00eda\" \/>\t\t\t\t\t\t\t\t\t\t\t\t\t\t\t<\/div>\n\t\t\t\t<\/div>\n\t\t\t\t<div class=\"elementor-element elementor-element-39b79fd8 elementor-widget elementor-widget-image\" data-id=\"39b79fd8\" data-element_type=\"widget\" data-e-type=\"widget\" data-widget_type=\"image.default\">\n\t\t\t\t<div class=\"elementor-widget-container\">\n\t\t\t\t\t\t\t\t\t\t\t\t\t\t\t<img loading=\"lazy\" decoding=\"async\" width=\"800\" height=\"480\" src=\"https:\/\/www.elturistatranquil.com\/wp-content\/uploads\/F21-Santa-Cruz-de-la-Ser\u00f3s-Santa-Mar\u00eda.jpg\" class=\"attachment-large size-large wp-image-3211\" alt=\"Santa Cruz de la Ser\u00f3s, Santa Mar\u00eda\" srcset=\"https:\/\/www.elturistatranquil.com\/wp-content\/uploads\/F21-Santa-Cruz-de-la-Ser\u00f3s-Santa-Mar\u00eda.jpg 800w, https:\/\/www.elturistatranquil.com\/wp-content\/uploads\/F21-Santa-Cruz-de-la-Ser\u00f3s-Santa-Mar\u00eda-768x461.jpg 768w\" sizes=\"(max-width: 800px) 100vw, 800px\" \/>\t\t\t\t\t\t\t\t\t\t\t\t\t\t\t<\/div>\n\t\t\t\t<\/div>\n\t\t\t\t<div class=\"elementor-element elementor-element-173a8f73 elementor-widget elementor-widget-image\" data-id=\"173a8f73\" data-element_type=\"widget\" data-e-type=\"widget\" data-widget_type=\"image.default\">\n\t\t\t\t<div class=\"elementor-widget-container\">\n\t\t\t\t\t\t\t\t\t\t\t\t<figure class=\"wp-caption\">\n\t\t\t\t\t\t\t\t\t\t<img loading=\"lazy\" decoding=\"async\" width=\"800\" height=\"480\" src=\"https:\/\/www.elturistatranquil.com\/wp-content\/uploads\/F22-Santa-Cruz-de-la-Ser\u00f3s-Santa-Mar\u00eda.jpg\" class=\"attachment-large size-large wp-image-3212\" alt=\"Santa Cruz de la Ser\u00f3s, Santa Mar\u00eda\" srcset=\"https:\/\/www.elturistatranquil.com\/wp-content\/uploads\/F22-Santa-Cruz-de-la-Ser\u00f3s-Santa-Mar\u00eda.jpg 800w, https:\/\/www.elturistatranquil.com\/wp-content\/uploads\/F22-Santa-Cruz-de-la-Ser\u00f3s-Santa-Mar\u00eda-768x461.jpg 768w\" sizes=\"(max-width: 800px) 100vw, 800px\" \/>\t\t\t\t\t\t\t\t\t\t\t<figcaption class=\"widget-image-caption wp-caption-text\">Porta lateral que comunicava amb les depend\u00e8ncies mon\u00e0stiques<\/figcaption>\n\t\t\t\t\t\t\t\t\t\t<\/figure>\n\t\t\t\t\t\t\t\t\t<\/div>\n\t\t\t\t<\/div>\n\t\t\t\t<div class=\"elementor-element elementor-element-6c160f85 elementor-widget elementor-widget-text-editor\" data-id=\"6c160f85\" data-element_type=\"widget\" data-e-type=\"widget\" data-widget_type=\"text-editor.default\">\n\t\t\t\t<div class=\"elementor-widget-container\">\n\t\t\t\t\t\t\t\t\t<p>L&#8217;esgl\u00e9sia consta d&#8217;una sola nau, coberta amb volta de can\u00f3 articulada mitjan\u00e7ant arcs faixons en tres trams i tancada al est per un absis semicircular. Als costats del presbiteri s&#8217;obren sengles capelles cobertes amb volta de creueria simple en qu\u00e8 es disposen dos petits absis inscrits en el gruix del mur oriental, que es manifesten a l&#8217;exterior mitjan\u00e7ant un lleuger sortint. Aquests espais doten a la planta de l&#8217;edifici d&#8217;una aparen\u00e7a de creu llatina. Sobre el tram previ al presbiteri es disposa una segona altura a la qual s&#8217;accedeix per unes escales a l&#8217;interior del mur nord.<\/p>\t\t\t\t\t\t\t\t<\/div>\n\t\t\t\t<\/div>\n\t\t\t\t<div class=\"elementor-element elementor-element-403196d4 elementor-widget elementor-widget-menu-anchor\" data-id=\"403196d4\" data-element_type=\"widget\" data-e-type=\"widget\" data-widget_type=\"menu-anchor.default\">\n\t\t\t\t<div class=\"elementor-widget-container\">\n\t\t\t\t\t\t\t<div class=\"elementor-menu-anchor\" id=\"c0906\"><\/div>\n\t\t\t\t\t\t<\/div>\n\t\t\t\t<\/div>\n\t\t\t\t<div class=\"elementor-element elementor-element-1fe55e15 elementor-widget elementor-widget-text-editor\" data-id=\"1fe55e15\" data-element_type=\"widget\" data-e-type=\"widget\" data-widget_type=\"text-editor.default\">\n\t\t\t\t<div class=\"elementor-widget-container\">\n\t\t\t\t\t\t\t\t\t<p>La c\u00fapula presenta planta octogonal en la qual s&#8217;alternen costats rectes amb petits exedres, i es cobreix amb una volta semiesf\u00e8rica amb carreu i refor\u00e7ada pels arcs que descansen en columnes adossades als trams rectes de l&#8217;oct\u00f2gon.<\/p>\t\t\t\t\t\t\t\t<\/div>\n\t\t\t\t<\/div>\n\t\t\t\t<div class=\"elementor-element elementor-element-4352ad4e elementor-widget elementor-widget-heading\" data-id=\"4352ad4e\" data-element_type=\"widget\" data-e-type=\"widget\" data-widget_type=\"heading.default\">\n\t\t\t\t<div class=\"elementor-widget-container\">\n\t\t\t\t\t<h2 class=\"elementor-heading-title elementor-size-default\">L\u2019entorn<\/h2>\t\t\t\t<\/div>\n\t\t\t\t<\/div>\n\t\t\t\t<div class=\"elementor-element elementor-element-4a999251 elementor-widget elementor-widget-text-editor\" data-id=\"4a999251\" data-element_type=\"widget\" data-e-type=\"widget\" data-widget_type=\"text-editor.default\">\n\t\t\t\t<div class=\"elementor-widget-container\">\n\t\t\t\t\t\t\t\t\t<p>A 6 quil\u00f2metres, a les muntanyes de San Juan de la Pe\u00f1a, es localitzen els dos monestirs de San Juan de la Pe\u00f1a. El m\u00e9s conegut d&#8217;estil rom\u00e0nic constru\u00eft sota una penya, amb el seu fam\u00f3s claustre sota la penya. I el nou del segle XVII a la plana alta de la mateixa muntanya.<\/p>\t\t\t\t\t\t\t\t<\/div>\n\t\t\t\t<\/div>\n\t\t\t\t<div class=\"elementor-element elementor-element-4dc33bea elementor-widget elementor-widget-image\" data-id=\"4dc33bea\" data-element_type=\"widget\" data-e-type=\"widget\" data-widget_type=\"image.default\">\n\t\t\t\t<div class=\"elementor-widget-container\">\n\t\t\t\t\t\t\t\t\t\t\t\t<figure class=\"wp-caption\">\n\t\t\t\t\t\t\t\t\t\t<img loading=\"lazy\" decoding=\"async\" width=\"800\" height=\"480\" src=\"https:\/\/www.elturistatranquil.com\/wp-content\/uploads\/F23-Monasterio-de-San-Juan-de-la-Pe\u00f1a-viejo.jpg\" class=\"attachment-large size-large wp-image-3213\" alt=\"Monasterio de San Juan de la Pe\u00f1a viejo\" srcset=\"https:\/\/www.elturistatranquil.com\/wp-content\/uploads\/F23-Monasterio-de-San-Juan-de-la-Pe\u00f1a-viejo.jpg 800w, https:\/\/www.elturistatranquil.com\/wp-content\/uploads\/F23-Monasterio-de-San-Juan-de-la-Pe\u00f1a-viejo-768x461.jpg 768w\" sizes=\"(max-width: 800px) 100vw, 800px\" \/>\t\t\t\t\t\t\t\t\t\t\t<figcaption class=\"widget-image-caption wp-caption-text\">Monestir de San Juan de la Pe\u00f1a vell<\/figcaption>\n\t\t\t\t\t\t\t\t\t\t<\/figure>\n\t\t\t\t\t\t\t\t\t<\/div>\n\t\t\t\t<\/div>\n\t\t\t\t<div class=\"elementor-element elementor-element-6ebbf30f elementor-widget elementor-widget-image\" data-id=\"6ebbf30f\" data-element_type=\"widget\" data-e-type=\"widget\" data-widget_type=\"image.default\">\n\t\t\t\t<div class=\"elementor-widget-container\">\n\t\t\t\t\t\t\t\t\t\t\t\t<figure class=\"wp-caption\">\n\t\t\t\t\t\t\t\t\t\t<img loading=\"lazy\" decoding=\"async\" width=\"800\" height=\"480\" src=\"https:\/\/www.elturistatranquil.com\/wp-content\/uploads\/F24-Monasterio-de-San-Juan-de-la-Pe\u00f1a-nuevo.jpg\" class=\"attachment-large size-large wp-image-3214\" alt=\"Monasterio de San Juan de la Pe\u00f1a nuevo\" srcset=\"https:\/\/www.elturistatranquil.com\/wp-content\/uploads\/F24-Monasterio-de-San-Juan-de-la-Pe\u00f1a-nuevo.jpg 800w, https:\/\/www.elturistatranquil.com\/wp-content\/uploads\/F24-Monasterio-de-San-Juan-de-la-Pe\u00f1a-nuevo-768x461.jpg 768w\" sizes=\"(max-width: 800px) 100vw, 800px\" \/>\t\t\t\t\t\t\t\t\t\t\t<figcaption class=\"widget-image-caption wp-caption-text\">Monestir de San Juan de la Pe\u00f1a nou<\/figcaption>\n\t\t\t\t\t\t\t\t\t\t<\/figure>\n\t\t\t\t\t\t\t\t\t<\/div>\n\t\t\t\t<\/div>\n\t\t\t\t<div class=\"elementor-element elementor-element-2e0610d9 elementor-widget elementor-widget-text-editor\" data-id=\"2e0610d9\" data-element_type=\"widget\" data-e-type=\"widget\" data-widget_type=\"text-editor.default\">\n\t\t\t\t<div class=\"elementor-widget-container\">\n\t\t\t\t\t\t\t\t\t<p>Com he assenyalat abans, Santa Cruz de la Ser\u00f3s forma part del Parc Cultural de San Juan de la Pe\u00f1a. Els Parcs Culturals d&#8217;Arag\u00f3 estan concebuts com a \u00e0mbits territorials en els quals es combinen factors geogr\u00e0fic-naturals i socioculturals d&#8217;alt valor que es combinen entre si dotant a aquests territoris d&#8217;una unitat cultural que els fa significatius per a la seva visita.<\/p>\t\t\t\t\t\t\t\t<\/div>\n\t\t\t\t<\/div>\n\t\t\t\t<div class=\"elementor-element elementor-element-6cbd1b62 elementor-widget elementor-widget-menu-anchor\" data-id=\"6cbd1b62\" data-element_type=\"widget\" data-e-type=\"widget\" data-widget_type=\"menu-anchor.default\">\n\t\t\t\t<div class=\"elementor-widget-container\">\n\t\t\t\t\t\t\t<div class=\"elementor-menu-anchor\" id=\"c0907\"><\/div>\n\t\t\t\t\t\t<\/div>\n\t\t\t\t<\/div>\n\t\t\t\t<div class=\"elementor-element elementor-element-d18882f elementor-widget elementor-widget-text-editor\" data-id=\"d18882f\" data-element_type=\"widget\" data-e-type=\"widget\" data-widget_type=\"text-editor.default\">\n\t\t\t\t<div class=\"elementor-widget-container\">\n\t\t\t\t\t\t\t\t\t<p><strong>Parcs culturals d\u2019Arag\u00f3:<\/strong><\/p><p>\u00a0<\/p><p>Parc Cultural de San Juan de la Pe\u00f1a<\/p><p>Parc Cultural del R\u00edo Vero<\/p><p>Parc Cultural de Albarrac\u00edn<\/p><p>Parc Cultural del R\u00edo Mart\u00edn<\/p><p>Parc Cultural del Maestrazgo<\/p>\t\t\t\t\t\t\t\t<\/div>\n\t\t\t\t<\/div>\n\t\t\t\t<div class=\"elementor-element elementor-element-71190306 elementor-widget elementor-widget-heading\" data-id=\"71190306\" data-element_type=\"widget\" data-e-type=\"widget\" data-widget_type=\"heading.default\">\n\t\t\t\t<div class=\"elementor-widget-container\">\n\t\t\t\t\t<h2 class=\"elementor-heading-title elementor-size-default\">Conclusi\u00f3 de la visita<\/h2>\t\t\t\t<\/div>\n\t\t\t\t<\/div>\n\t\t\t\t<div class=\"elementor-element elementor-element-6448f425 elementor-widget elementor-widget-menu-anchor\" data-id=\"6448f425\" data-element_type=\"widget\" data-e-type=\"widget\" data-widget_type=\"menu-anchor.default\">\n\t\t\t\t<div class=\"elementor-widget-container\">\n\t\t\t\t\t\t\t<div class=\"elementor-menu-anchor\" id=\"c0908\"><\/div>\n\t\t\t\t\t\t<\/div>\n\t\t\t\t<\/div>\n\t\t\t\t<div class=\"elementor-element elementor-element-7a4155bd elementor-widget elementor-widget-text-editor\" data-id=\"7a4155bd\" data-element_type=\"widget\" data-e-type=\"widget\" data-widget_type=\"text-editor.default\">\n\t\t\t\t<div class=\"elementor-widget-container\">\n\t\t\t\t\t\t\t\t\t<p>Si alg\u00fa va a la Jacetania en general, o es despla\u00e7a a visitar el (o els) Monestirs de San Juan de la Pe\u00f1a, val la pena visitar Santa Cruz de la Ser\u00f3s, tant per les Esgl\u00e9sies que he comentat com pel patrimoni arquitect\u00f2nic popular, i deturar-se a observar les xemeneies i mirar si veieu alguna bruixa al seu voltant.<\/p><p>Un consell. Si es baixa des de San Juan de la Pe\u00f1a, aturar-se quan s&#8217;albira el poble i admirar la perspectiva en al\u00e7ada que s&#8217;ofereix a la vista. \u00c9s des d&#8217;on vaig prendre les fotografies panor\u00e0miques que he presentat. Prestant atenci\u00f3 a la carretera \u00e9s f\u00e0cil trobar espai per baixar del cotxe a admirar el panorama.<\/p>\t\t\t\t\t\t\t\t<\/div>\n\t\t\t\t<\/div>\n\t\t\t\t<div class=\"elementor-element elementor-element-62f2b119 elementor-widget elementor-widget-heading\" data-id=\"62f2b119\" data-element_type=\"widget\" data-e-type=\"widget\" data-widget_type=\"heading.default\">\n\t\t\t\t<div class=\"elementor-widget-container\">\n\t\t\t\t\t<h2 class=\"elementor-heading-title elementor-size-default\">Bases d'informaci\u00f3<\/h2>\t\t\t\t<\/div>\n\t\t\t\t<\/div>\n\t\t\t\t<div class=\"elementor-element elementor-element-54b5a2dd elementor-widget elementor-widget-text-editor\" data-id=\"54b5a2dd\" data-element_type=\"widget\" data-e-type=\"widget\" data-widget_type=\"text-editor.default\">\n\t\t\t\t<div class=\"elementor-widget-container\">\n\t\t\t\t\t\t\t\t\t<p><strong>Webs<\/strong><\/p>\t\t\t\t\t\t\t\t<\/div>\n\t\t\t\t<\/div>\n\t\t\t\t<div class=\"elementor-element elementor-element-1da36a10 elementor-widget elementor-widget-text-editor\" data-id=\"1da36a10\" data-element_type=\"widget\" data-e-type=\"widget\" data-widget_type=\"text-editor.default\">\n\t\t\t\t<div class=\"elementor-widget-container\">\n\t\t\t\t\t\t\t\t\t<p>Santa Cruz de la Ser\u00f3s: <a href=\"https:\/\/www.ayuntamiento.es\/santa-cruz-de-la-seros\" target=\"_blank\" rel=\"noopener\">ayuntamiento<\/a>, <a href=\"https:\/\/es.wikipedia.org\/wiki\/Santa_Cruz_de_la_Ser%C3%B3s\" target=\"_blank\" rel=\"noopener\">wikipedia<\/a>, <a href=\"https:\/\/www.escapadarural.com\/que-hacer\/santa-cruz-de-la-seros\" target=\"_blank\" rel=\"noopener\">escapadarural<\/a><\/p><p>Monestir de Santa Mar\u00eda: <a href=\"http:\/\/www.patrimonioculturaldearagon.es\/bienes-culturales\/monasterio-santa-maria-cruz-de-la-seros\" target=\"_blank\" rel=\"noopener\">patrimonioculturaldearagon<\/a>, <a href=\"http:\/\/www.arteguias.com\/monasterio\/seros.htm\" target=\"_blank\" rel=\"noopener\">arteguias<\/a>, <a href=\"http:\/\/www.romanicoaragones.com\/0-Jacetania\/23-SerosStaMaria.htm\" target=\"_blank\" rel=\"noopener\">romanicoaragones<\/a><\/p><p>Esgl\u00e9sia de Sant Caprasio: <a href=\"http:\/\/www.aspejacetania.com\/lugares.php?Id=132\" target=\"_blank\" rel=\"noopener\">aspejacetania<\/a>, <a href=\"http:\/\/www.romanicoaragones.com\/0-Jacetania\/24-SerosCaprasio.htm\" target=\"_blank\" rel=\"noopener\">romanicoaragones<\/a>, <a href=\"http:\/\/www.patrimonioculturaldearagon.es\/bienes-culturales\/iglesia-de-san-caprasio-santa-cruz-de-la-seros\" target=\"_blank\" rel=\"noopener\">patrimonioculturaldearagon<\/a>, <a href=\"http:\/\/www.jaca.com\/jacaromanica_sancaprasio.htm\" target=\"_blank\" rel=\"noopener\">jaca<\/a><\/p><p>La Jacetania: <a href=\"http:\/\/www.jacetania.es\/jacetaneas\/opencms\/site\/web\/intro\/\" target=\"_blank\" rel=\"noopener\">jacetania<\/a>, <a href=\"https:\/\/es.wikipedia.org\/wiki\/La_Jacetania\" target=\"_blank\" rel=\"noopener\">wikipedia<\/a>, <a href=\"http:\/\/www.aspejacetania.com\/\" target=\"_blank\" rel=\"noopener\">aspejacetania<\/a>, <a href=\"http:\/\/www.enciclopedia-aragonesa.com\/voz.asp?voz_id=7270\" target=\"_blank\" rel=\"noopener\">enciclopediaaragonesa<\/a><\/p>\t\t\t\t\t\t\t\t<\/div>\n\t\t\t\t<\/div>\n\t\t\t\t\t<\/div>\n\t\t<\/div>\n\t\t\t\t\t<\/div>\n\t\t<\/section>\n\t\t\t\t<section class=\"elementor-section elementor-top-section elementor-element elementor-element-100f18ad elementor-section-boxed elementor-section-height-default elementor-section-height-default\" data-id=\"100f18ad\" data-element_type=\"section\" data-e-type=\"section\">\n\t\t\t\t\t\t<div class=\"elementor-container elementor-column-gap-default\">\n\t\t\t\t\t<div class=\"elementor-column elementor-col-100 elementor-top-column elementor-element elementor-element-22e8e2d8\" data-id=\"22e8e2d8\" data-element_type=\"column\" data-e-type=\"column\">\n\t\t\t<div class=\"elementor-widget-wrap elementor-element-populated\">\n\t\t\t\t\t\t<div class=\"elementor-element elementor-element-282c0825 elementor-share-buttons--view-icon elementor-share-buttons--skin-minimal elementor-share-buttons--shape-circle elementor-grid-0 elementor-share-buttons--color-official elementor-widget elementor-widget-global elementor-global-398 elementor-widget-share-buttons\" data-id=\"282c0825\" data-element_type=\"widget\" data-e-type=\"widget\" data-widget_type=\"share-buttons.default\">\n\t\t\t\t<div class=\"elementor-widget-container\">\n\t\t\t\t\t\t\t<div class=\"elementor-grid\" role=\"list\">\n\t\t\t\t\t\t\t\t<div class=\"elementor-grid-item\" role=\"listitem\">\n\t\t\t\t\t\t<div class=\"elementor-share-btn elementor-share-btn_facebook\" role=\"button\" tabindex=\"0\" aria-label=\"Compartici\u00f3 en facebook\">\n\t\t\t\t\t\t\t\t\t\t\t\t\t\t\t<span class=\"elementor-share-btn__icon\">\n\t\t\t\t\t\t\t\t<i class=\"fab fa-facebook\" aria-hidden=\"true\"><\/i>\t\t\t\t\t\t\t<\/span>\n\t\t\t\t\t\t\t\t\t\t\t\t\t\t\t\t\t\t\t\t<\/div>\n\t\t\t\t\t<\/div>\n\t\t\t\t\t\t\t\t\t<div class=\"elementor-grid-item\" role=\"listitem\">\n\t\t\t\t\t\t<div class=\"elementor-share-btn elementor-share-btn_twitter\" role=\"button\" tabindex=\"0\" aria-label=\"Compartici\u00f3 en twitter\">\n\t\t\t\t\t\t\t\t\t\t\t\t\t\t\t<span class=\"elementor-share-btn__icon\">\n\t\t\t\t\t\t\t\t<i class=\"fab fa-twitter\" aria-hidden=\"true\"><\/i>\t\t\t\t\t\t\t<\/span>\n\t\t\t\t\t\t\t\t\t\t\t\t\t\t\t\t\t\t\t\t<\/div>\n\t\t\t\t\t<\/div>\n\t\t\t\t\t\t\t\t\t<div class=\"elementor-grid-item\" role=\"listitem\">\n\t\t\t\t\t\t<div class=\"elementor-share-btn elementor-share-btn_pinterest\" role=\"button\" tabindex=\"0\" aria-label=\"Compartici\u00f3 en pinterest\">\n\t\t\t\t\t\t\t\t\t\t\t\t\t\t\t<span class=\"elementor-share-btn__icon\">\n\t\t\t\t\t\t\t\t<i class=\"fab fa-pinterest\" aria-hidden=\"true\"><\/i>\t\t\t\t\t\t\t<\/span>\n\t\t\t\t\t\t\t\t\t\t\t\t\t\t\t\t\t\t\t\t<\/div>\n\t\t\t\t\t<\/div>\n\t\t\t\t\t\t\t\t\t<div class=\"elementor-grid-item\" role=\"listitem\">\n\t\t\t\t\t\t<div class=\"elementor-share-btn elementor-share-btn_whatsapp\" role=\"button\" tabindex=\"0\" aria-label=\"Compartici\u00f3 en whatsapp\">\n\t\t\t\t\t\t\t\t\t\t\t\t\t\t\t<span class=\"elementor-share-btn__icon\">\n\t\t\t\t\t\t\t\t<i class=\"fab fa-whatsapp\" aria-hidden=\"true\"><\/i>\t\t\t\t\t\t\t<\/span>\n\t\t\t\t\t\t\t\t\t\t\t\t\t\t\t\t\t\t\t\t<\/div>\n\t\t\t\t\t<\/div>\n\t\t\t\t\t\t\t\t\t<div class=\"elementor-grid-item\" role=\"listitem\">\n\t\t\t\t\t\t<div class=\"elementor-share-btn elementor-share-btn_email\" role=\"button\" tabindex=\"0\" aria-label=\"Compartici\u00f3 en email\">\n\t\t\t\t\t\t\t\t\t\t\t\t\t\t\t<span class=\"elementor-share-btn__icon\">\n\t\t\t\t\t\t\t\t<i class=\"fas fa-envelope\" aria-hidden=\"true\"><\/i>\t\t\t\t\t\t\t<\/span>\n\t\t\t\t\t\t\t\t\t\t\t\t\t\t\t\t\t\t\t\t<\/div>\n\t\t\t\t\t<\/div>\n\t\t\t\t\t\t<\/div>\n\t\t\t\t\t\t<\/div>\n\t\t\t\t<\/div>\n\t\t\t\t\t<\/div>\n\t\t<\/div>\n\t\t\t\t\t<\/div>\n\t\t<\/section>\n\t\t\t\t<\/div>\n\t\t","protected":false},"excerpt":{"rendered":"<p>Santa Cruz de la Ser\u00f3s a la Jacetania, \u00e9s una joia territorial que combina dues esgl\u00e9sies rom\u00e0niques d&#8217;alt valor, la base cultural de la seva arquitectura popular i un extraordinari &#8230; <a title=\"Santa Cruz de la Ser\u00f3s (Osca)\" class=\"read-more\" href=\"https:\/\/www.elturistatranquil.com\/ca\/santa-cruz-de-la-seros\/\" aria-label=\"M\u00e9s informaci\u00f3 sobre Santa Cruz de la Ser\u00f3s (Osca)\">[ &#8230; ]<\/a><\/p>\n","protected":false},"author":1,"featured_media":3189,"comment_status":"open","ping_status":"closed","sticky":false,"template":"","format":"standard","meta":{"footnotes":""},"categories":[71,72,78,80,81,83,90,138,95,99,100,104,139],"tags":[],"class_list":["post-3227","post","type-post","status-publish","format-standard","has-post-thumbnail","hentry","category-arquitectura-popular-ca","category-arquitectura-religiosa-ca","category-cultura-rural-ca","category-el-cami-de-sant-jaume","category-etnografia-ca","category-historia-ca","category-monestirs-catedrals","category-osca","category-paisatge","category-poble","category-pobles-i-ciutats-amb-interes","category-preromanic-ca","category-segle-xvi-xvii","infinite-scroll-item","generate-columns","tablet-grid-50","mobile-grid-100","grid-parent","grid-50","no-featured-image-padding"],"yoast_head":"<!-- This site is optimized with the Yoast SEO plugin v27.4 - https:\/\/yoast.com\/product\/yoast-seo-wordpress\/ -->\n<title>Santa Cruz de la Ser\u00f3s (Osca) - El turista tranquil<\/title>\n<meta name=\"description\" content=\"Santa Cruz de la Ser\u00f3s a la Jacetania, \u00e9s una joia territorial que combina dues esgl\u00e9sies rom\u00e0niques d&#039;alt valor, la base cultural de la seva arquitectura popular i un extraordinari entorn natural i paisatg\u00edstic.\" \/>\n<meta name=\"robots\" content=\"index, follow, max-snippet:-1, max-image-preview:large, max-video-preview:-1\" \/>\n<link rel=\"canonical\" href=\"https:\/\/www.elturistatranquil.com\/ca\/santa-cruz-de-la-seros\/\" \/>\n<meta property=\"og:locale\" content=\"ca_ES\" \/>\n<meta property=\"og:type\" content=\"article\" \/>\n<meta property=\"og:title\" content=\"Santa Cruz de la Ser\u00f3s (Osca) - El turista tranquil\" \/>\n<meta property=\"og:description\" content=\"Santa Cruz de la Ser\u00f3s a la Jacetania, \u00e9s una joia territorial que combina dues esgl\u00e9sies rom\u00e0niques d&#039;alt valor, la base cultural de la seva arquitectura popular i un extraordinari entorn natural i paisatg\u00edstic.\" \/>\n<meta property=\"og:url\" content=\"https:\/\/www.elturistatranquil.com\/ca\/santa-cruz-de-la-seros\/\" \/>\n<meta property=\"og:site_name\" content=\"El turista tranquil\" \/>\n<meta property=\"article:publisher\" content=\"https:\/\/www.facebook.com\/elturistatranquilo\/\" \/>\n<meta property=\"article:published_time\" content=\"2018-04-21T16:46:41+00:00\" \/>\n<meta property=\"article:modified_time\" content=\"2019-09-25T09:26:41+00:00\" \/>\n<meta property=\"og:image\" content=\"https:\/\/www.elturistatranquil.com\/wp-content\/uploads\/F00-04-Santa-Cruz-de-la-Seros.jpg\" \/>\n\t<meta property=\"og:image:width\" content=\"800\" \/>\n\t<meta property=\"og:image:height\" content=\"480\" \/>\n\t<meta property=\"og:image:type\" content=\"image\/jpeg\" \/>\n<meta name=\"author\" content=\"admin\" \/>\n<meta name=\"twitter:card\" content=\"summary_large_image\" \/>\n<meta name=\"twitter:label1\" content=\"Escrit per\" \/>\n\t<meta name=\"twitter:data1\" content=\"admin\" \/>\n\t<meta name=\"twitter:label2\" content=\"Temps estimat de lectura\" \/>\n\t<meta name=\"twitter:data2\" content=\"8 minuts\" \/>\n<script type=\"application\/ld+json\" class=\"yoast-schema-graph\">{\"@context\":\"https:\\\/\\\/schema.org\",\"@graph\":[{\"@type\":\"Article\",\"@id\":\"https:\\\/\\\/www.elturistatranquil.com\\\/ca\\\/santa-cruz-de-la-seros\\\/#article\",\"isPartOf\":{\"@id\":\"https:\\\/\\\/www.elturistatranquil.com\\\/ca\\\/santa-cruz-de-la-seros\\\/\"},\"author\":{\"name\":\"admin\",\"@id\":\"https:\\\/\\\/www.elturistatranquil.com\\\/ca\\\/#\\\/schema\\\/person\\\/16f607c3079b96ed0c530a52e6b58bb5\"},\"headline\":\"Santa Cruz de la Ser\u00f3s (Osca)\",\"datePublished\":\"2018-04-21T16:46:41+00:00\",\"dateModified\":\"2019-09-25T09:26:41+00:00\",\"mainEntityOfPage\":{\"@id\":\"https:\\\/\\\/www.elturistatranquil.com\\\/ca\\\/santa-cruz-de-la-seros\\\/\"},\"wordCount\":1658,\"commentCount\":0,\"image\":{\"@id\":\"https:\\\/\\\/www.elturistatranquil.com\\\/ca\\\/santa-cruz-de-la-seros\\\/#primaryimage\"},\"thumbnailUrl\":\"https:\\\/\\\/www.elturistatranquil.com\\\/wp-content\\\/uploads\\\/F00-04-Santa-Cruz-de-la-Seros.jpg\",\"articleSection\":[\"Arquitectura popular\",\"Arquitectura religiosa\",\"Cultura rural\",\"El Cam\u00ed de Sant Jaume\",\"Etnografia\",\"Hist\u00f2ria\",\"Monestirs, Catedrals\",\"Osca\",\"Paisatge\",\"Poble\",\"Pobles i ciutats amb inter\u00e9s\",\"Rom\u00e0nic\",\"Segle XVI-XVII\"],\"inLanguage\":\"ca\",\"potentialAction\":[{\"@type\":\"CommentAction\",\"name\":\"Comment\",\"target\":[\"https:\\\/\\\/www.elturistatranquil.com\\\/ca\\\/santa-cruz-de-la-seros\\\/#respond\"]}]},{\"@type\":\"WebPage\",\"@id\":\"https:\\\/\\\/www.elturistatranquil.com\\\/ca\\\/santa-cruz-de-la-seros\\\/\",\"url\":\"https:\\\/\\\/www.elturistatranquil.com\\\/ca\\\/santa-cruz-de-la-seros\\\/\",\"name\":\"Santa Cruz de la Ser\u00f3s (Osca) - El turista tranquil\",\"isPartOf\":{\"@id\":\"https:\\\/\\\/www.elturistatranquil.com\\\/ca\\\/#website\"},\"primaryImageOfPage\":{\"@id\":\"https:\\\/\\\/www.elturistatranquil.com\\\/ca\\\/santa-cruz-de-la-seros\\\/#primaryimage\"},\"image\":{\"@id\":\"https:\\\/\\\/www.elturistatranquil.com\\\/ca\\\/santa-cruz-de-la-seros\\\/#primaryimage\"},\"thumbnailUrl\":\"https:\\\/\\\/www.elturistatranquil.com\\\/wp-content\\\/uploads\\\/F00-04-Santa-Cruz-de-la-Seros.jpg\",\"datePublished\":\"2018-04-21T16:46:41+00:00\",\"dateModified\":\"2019-09-25T09:26:41+00:00\",\"author\":{\"@id\":\"https:\\\/\\\/www.elturistatranquil.com\\\/ca\\\/#\\\/schema\\\/person\\\/16f607c3079b96ed0c530a52e6b58bb5\"},\"description\":\"Santa Cruz de la Ser\u00f3s a la Jacetania, \u00e9s una joia territorial que combina dues esgl\u00e9sies rom\u00e0niques d'alt valor, la base cultural de la seva arquitectura popular i un extraordinari entorn natural i paisatg\u00edstic.\",\"breadcrumb\":{\"@id\":\"https:\\\/\\\/www.elturistatranquil.com\\\/ca\\\/santa-cruz-de-la-seros\\\/#breadcrumb\"},\"inLanguage\":\"ca\",\"potentialAction\":[{\"@type\":\"ReadAction\",\"target\":[\"https:\\\/\\\/www.elturistatranquil.com\\\/ca\\\/santa-cruz-de-la-seros\\\/\"]}]},{\"@type\":\"ImageObject\",\"inLanguage\":\"ca\",\"@id\":\"https:\\\/\\\/www.elturistatranquil.com\\\/ca\\\/santa-cruz-de-la-seros\\\/#primaryimage\",\"url\":\"https:\\\/\\\/www.elturistatranquil.com\\\/wp-content\\\/uploads\\\/F00-04-Santa-Cruz-de-la-Seros.jpg\",\"contentUrl\":\"https:\\\/\\\/www.elturistatranquil.com\\\/wp-content\\\/uploads\\\/F00-04-Santa-Cruz-de-la-Seros.jpg\",\"width\":800,\"height\":480,\"caption\":\"Santa Cruz de la Ser\u00f3s\"},{\"@type\":\"BreadcrumbList\",\"@id\":\"https:\\\/\\\/www.elturistatranquil.com\\\/ca\\\/santa-cruz-de-la-seros\\\/#breadcrumb\",\"itemListElement\":[{\"@type\":\"ListItem\",\"position\":1,\"name\":\"Portada\",\"item\":\"https:\\\/\\\/www.elturistatranquil.com\\\/ca\\\/\"},{\"@type\":\"ListItem\",\"position\":2,\"name\":\"Santa Cruz de la Ser\u00f3s (Osca)\"}]},{\"@type\":\"WebSite\",\"@id\":\"https:\\\/\\\/www.elturistatranquil.com\\\/ca\\\/#website\",\"url\":\"https:\\\/\\\/www.elturistatranquil.com\\\/ca\\\/\",\"name\":\"El turista tranquil\",\"description\":\"Blog de viatges\",\"potentialAction\":[{\"@type\":\"SearchAction\",\"target\":{\"@type\":\"EntryPoint\",\"urlTemplate\":\"https:\\\/\\\/www.elturistatranquil.com\\\/ca\\\/?s={search_term_string}\"},\"query-input\":{\"@type\":\"PropertyValueSpecification\",\"valueRequired\":true,\"valueName\":\"search_term_string\"}}],\"inLanguage\":\"ca\"},{\"@type\":\"Person\",\"@id\":\"https:\\\/\\\/www.elturistatranquil.com\\\/ca\\\/#\\\/schema\\\/person\\\/16f607c3079b96ed0c530a52e6b58bb5\",\"name\":\"admin\",\"image\":{\"@type\":\"ImageObject\",\"inLanguage\":\"ca\",\"@id\":\"https:\\\/\\\/secure.gravatar.com\\\/avatar\\\/1fbaf22aee75fcbb29a2f97b107f95d25d3a19b7c3416105be10269872673e8d?s=96&d=mm&r=g\",\"url\":\"https:\\\/\\\/secure.gravatar.com\\\/avatar\\\/1fbaf22aee75fcbb29a2f97b107f95d25d3a19b7c3416105be10269872673e8d?s=96&d=mm&r=g\",\"contentUrl\":\"https:\\\/\\\/secure.gravatar.com\\\/avatar\\\/1fbaf22aee75fcbb29a2f97b107f95d25d3a19b7c3416105be10269872673e8d?s=96&d=mm&r=g\",\"caption\":\"admin\"}}]}<\/script>\n<!-- \/ Yoast SEO plugin. -->","yoast_head_json":{"title":"Santa Cruz de la Ser\u00f3s (Osca) - El turista tranquil","description":"Santa Cruz de la Ser\u00f3s a la Jacetania, \u00e9s una joia territorial que combina dues esgl\u00e9sies rom\u00e0niques d'alt valor, la base cultural de la seva arquitectura popular i un extraordinari entorn natural i paisatg\u00edstic.","robots":{"index":"index","follow":"follow","max-snippet":"max-snippet:-1","max-image-preview":"max-image-preview:large","max-video-preview":"max-video-preview:-1"},"canonical":"https:\/\/www.elturistatranquil.com\/ca\/santa-cruz-de-la-seros\/","og_locale":"ca_ES","og_type":"article","og_title":"Santa Cruz de la Ser\u00f3s (Osca) - El turista tranquil","og_description":"Santa Cruz de la Ser\u00f3s a la Jacetania, \u00e9s una joia territorial que combina dues esgl\u00e9sies rom\u00e0niques d'alt valor, la base cultural de la seva arquitectura popular i un extraordinari entorn natural i paisatg\u00edstic.","og_url":"https:\/\/www.elturistatranquil.com\/ca\/santa-cruz-de-la-seros\/","og_site_name":"El turista tranquil","article_publisher":"https:\/\/www.facebook.com\/elturistatranquilo\/","article_published_time":"2018-04-21T16:46:41+00:00","article_modified_time":"2019-09-25T09:26:41+00:00","og_image":[{"width":800,"height":480,"url":"https:\/\/www.elturistatranquil.com\/wp-content\/uploads\/F00-04-Santa-Cruz-de-la-Seros.jpg","type":"image\/jpeg"}],"author":"admin","twitter_card":"summary_large_image","twitter_misc":{"Escrit per":"admin","Temps estimat de lectura":"8 minuts"},"schema":{"@context":"https:\/\/schema.org","@graph":[{"@type":"Article","@id":"https:\/\/www.elturistatranquil.com\/ca\/santa-cruz-de-la-seros\/#article","isPartOf":{"@id":"https:\/\/www.elturistatranquil.com\/ca\/santa-cruz-de-la-seros\/"},"author":{"name":"admin","@id":"https:\/\/www.elturistatranquil.com\/ca\/#\/schema\/person\/16f607c3079b96ed0c530a52e6b58bb5"},"headline":"Santa Cruz de la Ser\u00f3s (Osca)","datePublished":"2018-04-21T16:46:41+00:00","dateModified":"2019-09-25T09:26:41+00:00","mainEntityOfPage":{"@id":"https:\/\/www.elturistatranquil.com\/ca\/santa-cruz-de-la-seros\/"},"wordCount":1658,"commentCount":0,"image":{"@id":"https:\/\/www.elturistatranquil.com\/ca\/santa-cruz-de-la-seros\/#primaryimage"},"thumbnailUrl":"https:\/\/www.elturistatranquil.com\/wp-content\/uploads\/F00-04-Santa-Cruz-de-la-Seros.jpg","articleSection":["Arquitectura popular","Arquitectura religiosa","Cultura rural","El Cam\u00ed de Sant Jaume","Etnografia","Hist\u00f2ria","Monestirs, Catedrals","Osca","Paisatge","Poble","Pobles i ciutats amb inter\u00e9s","Rom\u00e0nic","Segle XVI-XVII"],"inLanguage":"ca","potentialAction":[{"@type":"CommentAction","name":"Comment","target":["https:\/\/www.elturistatranquil.com\/ca\/santa-cruz-de-la-seros\/#respond"]}]},{"@type":"WebPage","@id":"https:\/\/www.elturistatranquil.com\/ca\/santa-cruz-de-la-seros\/","url":"https:\/\/www.elturistatranquil.com\/ca\/santa-cruz-de-la-seros\/","name":"Santa Cruz de la Ser\u00f3s (Osca) - El turista tranquil","isPartOf":{"@id":"https:\/\/www.elturistatranquil.com\/ca\/#website"},"primaryImageOfPage":{"@id":"https:\/\/www.elturistatranquil.com\/ca\/santa-cruz-de-la-seros\/#primaryimage"},"image":{"@id":"https:\/\/www.elturistatranquil.com\/ca\/santa-cruz-de-la-seros\/#primaryimage"},"thumbnailUrl":"https:\/\/www.elturistatranquil.com\/wp-content\/uploads\/F00-04-Santa-Cruz-de-la-Seros.jpg","datePublished":"2018-04-21T16:46:41+00:00","dateModified":"2019-09-25T09:26:41+00:00","author":{"@id":"https:\/\/www.elturistatranquil.com\/ca\/#\/schema\/person\/16f607c3079b96ed0c530a52e6b58bb5"},"description":"Santa Cruz de la Ser\u00f3s a la Jacetania, \u00e9s una joia territorial que combina dues esgl\u00e9sies rom\u00e0niques d'alt valor, la base cultural de la seva arquitectura popular i un extraordinari entorn natural i paisatg\u00edstic.","breadcrumb":{"@id":"https:\/\/www.elturistatranquil.com\/ca\/santa-cruz-de-la-seros\/#breadcrumb"},"inLanguage":"ca","potentialAction":[{"@type":"ReadAction","target":["https:\/\/www.elturistatranquil.com\/ca\/santa-cruz-de-la-seros\/"]}]},{"@type":"ImageObject","inLanguage":"ca","@id":"https:\/\/www.elturistatranquil.com\/ca\/santa-cruz-de-la-seros\/#primaryimage","url":"https:\/\/www.elturistatranquil.com\/wp-content\/uploads\/F00-04-Santa-Cruz-de-la-Seros.jpg","contentUrl":"https:\/\/www.elturistatranquil.com\/wp-content\/uploads\/F00-04-Santa-Cruz-de-la-Seros.jpg","width":800,"height":480,"caption":"Santa Cruz de la Ser\u00f3s"},{"@type":"BreadcrumbList","@id":"https:\/\/www.elturistatranquil.com\/ca\/santa-cruz-de-la-seros\/#breadcrumb","itemListElement":[{"@type":"ListItem","position":1,"name":"Portada","item":"https:\/\/www.elturistatranquil.com\/ca\/"},{"@type":"ListItem","position":2,"name":"Santa Cruz de la Ser\u00f3s (Osca)"}]},{"@type":"WebSite","@id":"https:\/\/www.elturistatranquil.com\/ca\/#website","url":"https:\/\/www.elturistatranquil.com\/ca\/","name":"El turista tranquil","description":"Blog de viatges","potentialAction":[{"@type":"SearchAction","target":{"@type":"EntryPoint","urlTemplate":"https:\/\/www.elturistatranquil.com\/ca\/?s={search_term_string}"},"query-input":{"@type":"PropertyValueSpecification","valueRequired":true,"valueName":"search_term_string"}}],"inLanguage":"ca"},{"@type":"Person","@id":"https:\/\/www.elturistatranquil.com\/ca\/#\/schema\/person\/16f607c3079b96ed0c530a52e6b58bb5","name":"admin","image":{"@type":"ImageObject","inLanguage":"ca","@id":"https:\/\/secure.gravatar.com\/avatar\/1fbaf22aee75fcbb29a2f97b107f95d25d3a19b7c3416105be10269872673e8d?s=96&d=mm&r=g","url":"https:\/\/secure.gravatar.com\/avatar\/1fbaf22aee75fcbb29a2f97b107f95d25d3a19b7c3416105be10269872673e8d?s=96&d=mm&r=g","contentUrl":"https:\/\/secure.gravatar.com\/avatar\/1fbaf22aee75fcbb29a2f97b107f95d25d3a19b7c3416105be10269872673e8d?s=96&d=mm&r=g","caption":"admin"}}]}},"_links":{"self":[{"href":"https:\/\/www.elturistatranquil.com\/ca\/wp-json\/wp\/v2\/posts\/3227","targetHints":{"allow":["GET"]}}],"collection":[{"href":"https:\/\/www.elturistatranquil.com\/ca\/wp-json\/wp\/v2\/posts"}],"about":[{"href":"https:\/\/www.elturistatranquil.com\/ca\/wp-json\/wp\/v2\/types\/post"}],"author":[{"embeddable":true,"href":"https:\/\/www.elturistatranquil.com\/ca\/wp-json\/wp\/v2\/users\/1"}],"replies":[{"embeddable":true,"href":"https:\/\/www.elturistatranquil.com\/ca\/wp-json\/wp\/v2\/comments?post=3227"}],"version-history":[{"count":0,"href":"https:\/\/www.elturistatranquil.com\/ca\/wp-json\/wp\/v2\/posts\/3227\/revisions"}],"wp:featuredmedia":[{"embeddable":true,"href":"https:\/\/www.elturistatranquil.com\/ca\/wp-json\/wp\/v2\/media\/3189"}],"wp:attachment":[{"href":"https:\/\/www.elturistatranquil.com\/ca\/wp-json\/wp\/v2\/media?parent=3227"}],"wp:term":[{"taxonomy":"category","embeddable":true,"href":"https:\/\/www.elturistatranquil.com\/ca\/wp-json\/wp\/v2\/categories?post=3227"},{"taxonomy":"post_tag","embeddable":true,"href":"https:\/\/www.elturistatranquil.com\/ca\/wp-json\/wp\/v2\/tags?post=3227"}],"curies":[{"name":"wp","href":"https:\/\/api.w.org\/{rel}","templated":true}]}}