{"id":32426,"date":"2020-10-03T09:52:07","date_gmt":"2020-10-03T07:52:07","guid":{"rendered":"https:\/\/www.elturistatranquil.com\/?p=32426"},"modified":"2022-05-14T18:17:26","modified_gmt":"2022-05-14T16:17:26","slug":"elbete-arizkun-i-amaiur-maya-baztan-navarra","status":"publish","type":"post","link":"https:\/\/www.elturistatranquil.com\/ca\/elbete-arizkun-i-amaiur-maya-baztan-navarra\/","title":{"rendered":"Elbete, Arizkun i Amaiur\/Maya (Bazt\u00e1n, Navarra)"},"content":{"rendered":"\t\t<div data-elementor-type=\"wp-post\" data-elementor-id=\"32426\" class=\"elementor elementor-32426 elementor-32261\" data-elementor-post-type=\"post\">\n\t\t\t\t\t\t<section class=\"elementor-section elementor-top-section elementor-element elementor-element-3a9ce8cd elementor-section-boxed elementor-section-height-default elementor-section-height-default\" data-id=\"3a9ce8cd\" data-element_type=\"section\" data-e-type=\"section\">\n\t\t\t\t\t\t<div class=\"elementor-container elementor-column-gap-default\">\n\t\t\t\t\t<div class=\"elementor-column elementor-col-100 elementor-top-column elementor-element elementor-element-20de2a9a\" data-id=\"20de2a9a\" data-element_type=\"column\" data-e-type=\"column\">\n\t\t\t<div class=\"elementor-widget-wrap elementor-element-populated\">\n\t\t\t\t\t\t<section class=\"elementor-section elementor-inner-section elementor-element elementor-element-3e991dcd elementor-section-content-middle elementor-section-boxed elementor-section-height-default elementor-section-height-default\" data-id=\"3e991dcd\" data-element_type=\"section\" data-e-type=\"section\">\n\t\t\t\t\t\t<div class=\"elementor-container elementor-column-gap-default\">\n\t\t\t\t\t<div class=\"elementor-column elementor-col-100 elementor-inner-column elementor-element elementor-element-1e1e245b\" data-id=\"1e1e245b\" data-element_type=\"column\" data-e-type=\"column\">\n\t\t\t<div class=\"elementor-widget-wrap elementor-element-populated\">\n\t\t\t\t\t\t<div class=\"elementor-element elementor-element-1ccaa09e elementor-widget elementor-widget-text-editor\" data-id=\"1ccaa09e\" data-element_type=\"widget\" data-e-type=\"widget\" data-widget_type=\"text-editor.default\">\n\t\t\t\t<div class=\"elementor-widget-container\">\n\t\t\t\t\t\t\t\t\t<p>Amb el recorregut <em>per Elbete, Arizkun i Amaiur\/Maya<\/em> complet la visita a la Vall i Municipi de Bazt\u00e1n (Navarra). Paisatge pirinenc atl\u00e0ntic i urbanisme i arquitectura tradicional navarresa.<\/p>\t\t\t\t\t\t\t\t<\/div>\n\t\t\t\t<\/div>\n\t\t\t\t\t<\/div>\n\t\t<\/div>\n\t\t\t\t\t<\/div>\n\t\t<\/section>\n\t\t\t\t<div class=\"elementor-element elementor-element-31cf07b4 elementor-widget elementor-widget-heading\" data-id=\"31cf07b4\" data-element_type=\"widget\" data-e-type=\"widget\" data-widget_type=\"heading.default\">\n\t\t\t\t<div class=\"elementor-widget-container\">\n\t\t\t\t\t<h1 class=\"elementor-heading-title elementor-size-default\">Elbete, Arizkun i Amaiur\/Maya (Bazt\u00e1n, Navarra)<\/h1>\t\t\t\t<\/div>\n\t\t\t\t<\/div>\n\t\t\t\t\t<\/div>\n\t\t<\/div>\n\t\t\t\t\t<\/div>\n\t\t<\/section>\n\t\t\t\t<section class=\"elementor-section elementor-top-section elementor-element elementor-element-19ca5c84 elementor-section-boxed elementor-section-height-default elementor-section-height-default\" data-id=\"19ca5c84\" data-element_type=\"section\" data-e-type=\"section\">\n\t\t\t\t\t\t<div class=\"elementor-container elementor-column-gap-default\">\n\t\t\t\t\t<div class=\"elementor-column elementor-col-100 elementor-top-column elementor-element elementor-element-33a12d5b\" data-id=\"33a12d5b\" data-element_type=\"column\" data-e-type=\"column\">\n\t\t\t<div class=\"elementor-widget-wrap elementor-element-populated\">\n\t\t\t\t\t\t<div class=\"elementor-element elementor-element-6e82f9ca elementor-widget elementor-widget-image\" data-id=\"6e82f9ca\" data-element_type=\"widget\" data-e-type=\"widget\" data-widget_type=\"image.default\">\n\t\t\t\t<div class=\"elementor-widget-container\">\n\t\t\t\t\t\t\t\t\t\t\t\t<figure class=\"wp-caption\">\n\t\t\t\t\t\t\t\t\t\t<img fetchpriority=\"high\" decoding=\"async\" width=\"768\" height=\"511\" src=\"https:\/\/www.elturistatranquil.com\/wp-content\/uploads\/F01-Arizkun.jpg\" class=\"attachment-large size-large wp-image-32284\" alt=\"Arizkun\" srcset=\"https:\/\/www.elturistatranquil.com\/wp-content\/uploads\/F01-Arizkun.jpg 768w, https:\/\/www.elturistatranquil.com\/wp-content\/uploads\/F01-Arizkun-339x226.jpg 339w\" sizes=\"(max-width: 768px) 100vw, 768px\" \/>\t\t\t\t\t\t\t\t\t\t\t<figcaption class=\"widget-image-caption wp-caption-text\">Arizkun<\/figcaption>\n\t\t\t\t\t\t\t\t\t\t<\/figure>\n\t\t\t\t\t\t\t\t\t<\/div>\n\t\t\t\t<\/div>\n\t\t\t\t<div class=\"elementor-element elementor-element-4ff48533 elementor-widget elementor-widget-spacer\" data-id=\"4ff48533\" data-element_type=\"widget\" data-e-type=\"widget\" data-widget_type=\"spacer.default\">\n\t\t\t\t<div class=\"elementor-widget-container\">\n\t\t\t\t\t\t\t<div class=\"elementor-spacer\">\n\t\t\t<div class=\"elementor-spacer-inner\"><\/div>\n\t\t<\/div>\n\t\t\t\t\t\t<\/div>\n\t\t\t\t<\/div>\n\t\t\t\t<div class=\"elementor-element elementor-element-265bd48a elementor-widget elementor-widget-heading\" data-id=\"265bd48a\" data-element_type=\"widget\" data-e-type=\"widget\" data-widget_type=\"heading.default\">\n\t\t\t\t<div class=\"elementor-widget-container\">\n\t\t\t\t\t<h2 class=\"elementor-heading-title elementor-size-default\">Elbete, Arizkun i Amaiur\/Maya. Bazt\u00e1n, Navarra<\/h2>\t\t\t\t<\/div>\n\t\t\t\t<\/div>\n\t\t\t\t<section class=\"elementor-section elementor-inner-section elementor-element elementor-element-20f05497 elementor-section-boxed elementor-section-height-default elementor-section-height-default\" data-id=\"20f05497\" data-element_type=\"section\" data-e-type=\"section\" data-settings=\"{&quot;background_background&quot;:&quot;classic&quot;}\">\n\t\t\t\t\t\t\t<div class=\"elementor-background-overlay\"><\/div>\n\t\t\t\t\t\t\t<div class=\"elementor-container elementor-column-gap-default\">\n\t\t\t\t\t<div class=\"elementor-column elementor-col-100 elementor-inner-column elementor-element elementor-element-1a524c95\" data-id=\"1a524c95\" data-element_type=\"column\" data-e-type=\"column\" data-settings=\"{&quot;background_background&quot;:&quot;classic&quot;}\">\n\t\t\t<div class=\"elementor-widget-wrap elementor-element-populated\">\n\t\t\t\t\t\t<div class=\"elementor-element elementor-element-480c6673 elementor-widget elementor-widget-text-editor\" data-id=\"480c6673\" data-element_type=\"widget\" data-e-type=\"widget\" data-widget_type=\"text-editor.default\">\n\t\t\t\t<div class=\"elementor-widget-container\">\n\t\t\t\t\t\t\t\t\t<p>Municipi: Bazt\u00e1n. Comarca geogr\u00e0fica: Navarra Atl\u00e0ntica. Prov\u00edncia: Navarra. Com. Aut\u00f2noma: Comunitat Foral de Navarra<\/p><p>Coordenades de l\u2019Ajuntament 43\u00b008\u203248\u2033N 1\u00b031\u203201\u2033O. Altitud a l\u2019Ajuntament 197 msnm. Habitants: 7.777 (2019).<\/p><p>Web: <a href=\"http:\/\/www.baztan.eus\/es\/\" target=\"_blank\" rel=\"noopener\">ajuntament<\/a><\/p><p>Visita: 2019<\/p>\t\t\t\t\t\t\t\t<\/div>\n\t\t\t\t<\/div>\n\t\t\t\t\t<\/div>\n\t\t<\/div>\n\t\t\t\t\t<\/div>\n\t\t<\/section>\n\t\t\t\t<div class=\"elementor-element elementor-element-7bf4a41e elementor-widget elementor-widget-image\" data-id=\"7bf4a41e\" data-element_type=\"widget\" data-e-type=\"widget\" data-widget_type=\"image.default\">\n\t\t\t\t<div class=\"elementor-widget-container\">\n\t\t\t\t\t\t\t\t\t\t\t\t<figure class=\"wp-caption\">\n\t\t\t\t\t\t\t\t\t\t<img decoding=\"async\" width=\"768\" height=\"512\" src=\"https:\/\/www.elturistatranquil.com\/wp-content\/uploads\/F02es-Baztan-Google-Maps-2020-07-22.jpg\" class=\"attachment-medium_large size-medium_large wp-image-32096\" alt=\"Baztan (Google Maps 2020-07-22)\" srcset=\"https:\/\/www.elturistatranquil.com\/wp-content\/uploads\/F02es-Baztan-Google-Maps-2020-07-22.jpg 768w, https:\/\/www.elturistatranquil.com\/wp-content\/uploads\/F02es-Baztan-Google-Maps-2020-07-22-339x226.jpg 339w\" sizes=\"(max-width: 768px) 100vw, 768px\" \/>\t\t\t\t\t\t\t\t\t\t\t<figcaption class=\"widget-image-caption wp-caption-text\">Mapa de localizaci\u00f3 de Bazt\u00e1n (Google Maps 2020-07-22)<\/figcaption>\n\t\t\t\t\t\t\t\t\t\t<\/figure>\n\t\t\t\t\t\t\t\t\t<\/div>\n\t\t\t\t<\/div>\n\t\t\t\t<section class=\"elementor-section elementor-inner-section elementor-element elementor-element-6840b238 elementor-section-boxed elementor-section-height-default elementor-section-height-default\" data-id=\"6840b238\" data-element_type=\"section\" data-e-type=\"section\" data-settings=\"{&quot;background_background&quot;:&quot;classic&quot;}\">\n\t\t\t\t\t\t<div class=\"elementor-container elementor-column-gap-default\">\n\t\t\t\t\t<div class=\"elementor-column elementor-col-100 elementor-inner-column elementor-element elementor-element-21dca7eb\" data-id=\"21dca7eb\" data-element_type=\"column\" data-e-type=\"column\">\n\t\t\t<div class=\"elementor-widget-wrap elementor-element-populated\">\n\t\t\t\t\t\t<div class=\"elementor-element elementor-element-537dbe63 elementor-widget elementor-widget-text-editor\" data-id=\"537dbe63\" data-element_type=\"widget\" data-e-type=\"widget\" data-widget_type=\"text-editor.default\">\n\t\t\t\t<div class=\"elementor-widget-container\">\n\t\t\t\t\t\t\t\t\t<p style=\"text-align: center;\"><strong>\u00cdndex<\/strong><\/p>\t\t\t\t\t\t\t\t<\/div>\n\t\t\t\t<\/div>\n\t\t\t\t<div class=\"elementor-element elementor-element-374e26f2 elementor-widget elementor-widget-text-editor\" data-id=\"374e26f2\" data-element_type=\"widget\" data-e-type=\"widget\" data-widget_type=\"text-editor.default\">\n\t\t\t\t<div class=\"elementor-widget-container\">\n\t\t\t\t\t\t\t\t\t<p><a href=\"https:\/\/www.elturistatranquil.com\/ca\/elbete,-arizkun-i-amaiur-maya-baztan-navarra\/#c5801\">Elbete, Arizkun i Amaiur\/Maya. Bazt\u00e1n, Navarra<\/a><\/p><p style=\"padding-left: 40px;\"><a href=\"https:\/\/www.elturistatranquil.com\/ca\/elbete,-arizkun-i-amaiur-maya-baztan-navarra\/#c5802\">Elbete<\/a><\/p><p style=\"padding-left: 40px;\"><a href=\"https:\/\/www.elturistatranquil.com\/ca\/elbete,-arizkun-i-amaiur-maya-baztan-navarra\/#c5803\">Arizkun<\/a><\/p><p style=\"padding-left: 40px;\"><a href=\"https:\/\/www.elturistatranquil.com\/ca\/elbete,-arizkun-i-amaiur-maya-baztan-navarra\/#c5804\">Amaiur\/Maya<\/a><\/p><p><a href=\"https:\/\/www.elturistatranquil.com\/ca\/elbete,-arizkun-i-amaiur-maya-baztan-navarra\/#c5805\">Fi de la sortida<\/a><\/p><p><a href=\"https:\/\/www.elturistatranquil.com\/ca\/elbete,-arizkun-i-amaiur-maya-baztan-navarra\/#c5806\">Bases d\u2019informaci\u00f3<\/a><\/p>\t\t\t\t\t\t\t\t<\/div>\n\t\t\t\t<\/div>\n\t\t\t\t\t<\/div>\n\t\t<\/div>\n\t\t\t\t\t<\/div>\n\t\t<\/section>\n\t\t\t\t<div class=\"elementor-element elementor-element-1a408498 elementor-widget elementor-widget-spacer\" data-id=\"1a408498\" data-element_type=\"widget\" data-e-type=\"widget\" data-widget_type=\"spacer.default\">\n\t\t\t\t<div class=\"elementor-widget-container\">\n\t\t\t\t\t\t\t<div class=\"elementor-spacer\">\n\t\t\t<div class=\"elementor-spacer-inner\"><\/div>\n\t\t<\/div>\n\t\t\t\t\t\t<\/div>\n\t\t\t\t<\/div>\n\t\t\t\t<div class=\"elementor-element elementor-element-71eb04f9 elementor-widget elementor-widget-menu-anchor\" data-id=\"71eb04f9\" data-element_type=\"widget\" data-e-type=\"widget\" data-widget_type=\"menu-anchor.default\">\n\t\t\t\t<div class=\"elementor-widget-container\">\n\t\t\t\t\t\t\t<div class=\"elementor-menu-anchor\" id=\"c5801\"><\/div>\n\t\t\t\t\t\t<\/div>\n\t\t\t\t<\/div>\n\t\t\t\t<div class=\"elementor-element elementor-element-1661e38 elementor-widget elementor-widget-spacer\" data-id=\"1661e38\" data-element_type=\"widget\" data-e-type=\"widget\" data-widget_type=\"spacer.default\">\n\t\t\t\t<div class=\"elementor-widget-container\">\n\t\t\t\t\t\t\t<div class=\"elementor-spacer\">\n\t\t\t<div class=\"elementor-spacer-inner\"><\/div>\n\t\t<\/div>\n\t\t\t\t\t\t<\/div>\n\t\t\t\t<\/div>\n\t\t\t\t<div class=\"elementor-element elementor-element-5d81c4f elementor-widget elementor-widget-heading\" data-id=\"5d81c4f\" data-element_type=\"widget\" data-e-type=\"widget\" data-widget_type=\"heading.default\">\n\t\t\t\t<div class=\"elementor-widget-container\">\n\t\t\t\t\t<h2 class=\"elementor-heading-title elementor-size-default\">Elbete, Arizkun i Amaiur\/Maya. Bazt\u00e1n, Navarra<\/h2>\t\t\t\t<\/div>\n\t\t\t\t<\/div>\n\t\t\t\t<div class=\"elementor-element elementor-element-67caaf74 elementor-widget elementor-widget-text-editor\" data-id=\"67caaf74\" data-element_type=\"widget\" data-e-type=\"widget\" data-widget_type=\"text-editor.default\">\n\t\t\t\t<div class=\"elementor-widget-container\">\n\t\t\t\t\t\t\t\t\t<p>Com a continuaci\u00f3 del recorregut per la Vall i Municipi de Bazt\u00e1n que vaig presentar al <em>Post<\/em>: <strong><a href=\"https:\/\/www.elturistatranquil.com\/ca\/arraioz-irurita-i-elizondo-baztan-navarra\/\" target=\"_blank\" rel=\"noopener\">Arraioz, Irurita i Elizondo<\/a><\/strong>, a continuaci\u00f3, em centrar\u00e9 a les localitats de <strong>Elbete<\/strong>, (<strong>E<\/strong>) <strong>Arizkun<\/strong> (<strong>F<\/strong>) i <strong>Amaiur\/Maya <\/strong>(<strong>G<\/strong>).<\/p>\t\t\t\t\t\t\t\t<\/div>\n\t\t\t\t<\/div>\n\t\t\t\t<div class=\"elementor-element elementor-element-2fda4658 elementor-widget elementor-widget-image\" data-id=\"2fda4658\" data-element_type=\"widget\" data-e-type=\"widget\" data-widget_type=\"image.default\">\n\t\t\t\t<div class=\"elementor-widget-container\">\n\t\t\t\t\t\t\t\t\t\t\t\t<figure class=\"wp-caption\">\n\t\t\t\t\t\t\t\t\t\t<img decoding=\"async\" width=\"768\" height=\"511\" src=\"https:\/\/www.elturistatranquil.com\/wp-content\/uploads\/F04-Baztan-Itinerario-Google-Maps-2020-07-24.jpg\" class=\"attachment-large size-large wp-image-32100\" alt=\"Baztan Itinerario (Google Maps 2020-07-24)\" srcset=\"https:\/\/www.elturistatranquil.com\/wp-content\/uploads\/F04-Baztan-Itinerario-Google-Maps-2020-07-24.jpg 768w, https:\/\/www.elturistatranquil.com\/wp-content\/uploads\/F04-Baztan-Itinerario-Google-Maps-2020-07-24-339x226.jpg 339w\" sizes=\"(max-width: 768px) 100vw, 768px\" \/>\t\t\t\t\t\t\t\t\t\t\t<figcaption class=\"widget-image-caption wp-caption-text\">Itinerari complet pel municipi de Bazt\u00e1n: A: Palau de Zubiria; B: Arraioz; C: Irurita; D: Elizondo; E: Elbete; F: Arizkun i G: Amaiur\/Maya (Google Maps 2020-07-24)<\/figcaption>\n\t\t\t\t\t\t\t\t\t\t<\/figure>\n\t\t\t\t\t\t\t\t\t<\/div>\n\t\t\t\t<\/div>\n\t\t\t\t<div class=\"elementor-element elementor-element-e1b97c2 elementor-widget elementor-widget-text-editor\" data-id=\"e1b97c2\" data-element_type=\"widget\" data-e-type=\"widget\" data-widget_type=\"text-editor.default\">\n\t\t\t\t<div class=\"elementor-widget-container\">\n\t\t\t\t\t\t\t\t\t<p>Els aspectes vinculats a la hist\u00f2ria i el territori d&#8217;aquest entorn es poden consultar al <em>Post<\/em> anterior: <a href=\"https:\/\/www.elturistatranquil.com\/ca\/arraioz-irurita-i-elizondo-baztan-navarra\/\" target=\"_blank\" rel=\"noopener\">Arraioz, Irurita i Elizondo<\/a>.<\/p>\t\t\t\t\t\t\t\t<\/div>\n\t\t\t\t<\/div>\n\t\t\t\t<div class=\"elementor-element elementor-element-d322fc1 elementor-widget elementor-widget-menu-anchor\" data-id=\"d322fc1\" data-element_type=\"widget\" data-e-type=\"widget\" data-widget_type=\"menu-anchor.default\">\n\t\t\t\t<div class=\"elementor-widget-container\">\n\t\t\t\t\t\t\t<div class=\"elementor-menu-anchor\" id=\"c5802\"><\/div>\n\t\t\t\t\t\t<\/div>\n\t\t\t\t<\/div>\n\t\t\t\t<div class=\"elementor-element elementor-element-f528553 elementor-widget elementor-widget-image\" data-id=\"f528553\" data-element_type=\"widget\" data-e-type=\"widget\" data-widget_type=\"image.default\">\n\t\t\t\t<div class=\"elementor-widget-container\">\n\t\t\t\t\t\t\t\t\t\t\t\t<figure class=\"wp-caption\">\n\t\t\t\t\t\t\t\t\t\t<img loading=\"lazy\" decoding=\"async\" width=\"389\" height=\"550\" src=\"https:\/\/www.elturistatranquil.com\/wp-content\/uploads\/F03-Baztan.jpg\" class=\"attachment-large size-large wp-image-32098\" alt=\"Baztan\" srcset=\"https:\/\/www.elturistatranquil.com\/wp-content\/uploads\/F03-Baztan.jpg 389w, https:\/\/www.elturistatranquil.com\/wp-content\/uploads\/F03-Baztan-160x226.jpg 160w\" sizes=\"(max-width: 389px) 100vw, 389px\" \/>\t\t\t\t\t\t\t\t\t\t\t<figcaption class=\"widget-image-caption wp-caption-text\">Vall i Municipi de Bazt\u00e1n<\/figcaption>\n\t\t\t\t\t\t\t\t\t\t<\/figure>\n\t\t\t\t\t\t\t\t\t<\/div>\n\t\t\t\t<\/div>\n\t\t\t\t<div class=\"elementor-element elementor-element-3fb39182 elementor-widget elementor-widget-heading\" data-id=\"3fb39182\" data-element_type=\"widget\" data-e-type=\"widget\" data-widget_type=\"heading.default\">\n\t\t\t\t<div class=\"elementor-widget-container\">\n\t\t\t\t\t<h3 class=\"elementor-heading-title elementor-size-default\">Elbete<\/h3>\t\t\t\t<\/div>\n\t\t\t\t<\/div>\n\t\t\t\t<div class=\"elementor-element elementor-element-f25beda elementor-widget elementor-widget-image\" data-id=\"f25beda\" data-element_type=\"widget\" data-e-type=\"widget\" data-widget_type=\"image.default\">\n\t\t\t\t<div class=\"elementor-widget-container\">\n\t\t\t\t\t\t\t\t\t\t\t\t<figure class=\"wp-caption\">\n\t\t\t\t\t\t\t\t\t\t<img loading=\"lazy\" decoding=\"async\" width=\"768\" height=\"511\" src=\"https:\/\/www.elturistatranquil.com\/wp-content\/uploads\/F31-Elizondo-Elbete-Google-earth-2020-07-29.jpg\" class=\"attachment-large size-large wp-image-32154\" alt=\"Elizondo-Elbete (Google earth 2020-07-29)\" srcset=\"https:\/\/www.elturistatranquil.com\/wp-content\/uploads\/F31-Elizondo-Elbete-Google-earth-2020-07-29.jpg 768w, https:\/\/www.elturistatranquil.com\/wp-content\/uploads\/F31-Elizondo-Elbete-Google-earth-2020-07-29-339x226.jpg 339w\" sizes=\"(max-width: 768px) 100vw, 768px\" \/>\t\t\t\t\t\t\t\t\t\t\t<figcaption class=\"widget-image-caption wp-caption-text\">Elizondo i Elbete (Google earth 2020-07-29)<\/figcaption>\n\t\t\t\t\t\t\t\t\t\t<\/figure>\n\t\t\t\t\t\t\t\t\t<\/div>\n\t\t\t\t<\/div>\n\t\t\t\t<div class=\"elementor-element elementor-element-02b7703 elementor-widget elementor-widget-image\" data-id=\"02b7703\" data-element_type=\"widget\" data-e-type=\"widget\" data-widget_type=\"image.default\">\n\t\t\t\t<div class=\"elementor-widget-container\">\n\t\t\t\t\t\t\t\t\t\t\t\t<figure class=\"wp-caption\">\n\t\t\t\t\t\t\t\t\t\t<img loading=\"lazy\" decoding=\"async\" width=\"768\" height=\"511\" src=\"https:\/\/www.elturistatranquil.com\/wp-content\/uploads\/F66-Elbete-Google-earth-2020-07-29.jpg\" class=\"attachment-large size-large wp-image-32286\" alt=\"Elbete (Google earth 2020-07-29)\" srcset=\"https:\/\/www.elturistatranquil.com\/wp-content\/uploads\/F66-Elbete-Google-earth-2020-07-29.jpg 768w, https:\/\/www.elturistatranquil.com\/wp-content\/uploads\/F66-Elbete-Google-earth-2020-07-29-339x226.jpg 339w\" sizes=\"(max-width: 768px) 100vw, 768px\" \/>\t\t\t\t\t\t\t\t\t\t\t<figcaption class=\"widget-image-caption wp-caption-text\">Elbete (Google earth 2020-07-29)<\/figcaption>\n\t\t\t\t\t\t\t\t\t\t<\/figure>\n\t\t\t\t\t\t\t\t\t<\/div>\n\t\t\t\t<\/div>\n\t\t\t\t<div class=\"elementor-element elementor-element-eb3612b elementor-widget elementor-widget-text-editor\" data-id=\"eb3612b\" data-element_type=\"widget\" data-e-type=\"widget\" data-widget_type=\"text-editor.default\">\n\t\t\t\t<div class=\"elementor-widget-container\">\n\t\t\t\t\t\t\t\t\t<p>Coordenades: 43\u00b008\u203254\u2033N 1\u00b030\u203246\u2033O. Altitud: 200 msnm. Poblaci\u00f3: 190 habitants en el nucli i 294 habitants en la localitat (2019).<\/p><p><strong>Elbete<\/strong> s&#8217;est\u00e9n pel costat dret del riu Bazt\u00e1n, al nord d&#8217;Elizondo. Forma un conjunt de baixa concentraci\u00f3, adaptat al recorregut dels camins.<\/p><p>Em centrar\u00e9 en l&#8217;Esgl\u00e9sia la Santa Cruz i els seus voltants.<\/p><p>Al costat de l&#8217;esgl\u00e9sia el <strong>safareig p\u00fablic<\/strong>.<\/p>\t\t\t\t\t\t\t\t<\/div>\n\t\t\t\t<\/div>\n\t\t\t\t<div class=\"elementor-element elementor-element-19e66eb elementor-widget elementor-widget-image\" data-id=\"19e66eb\" data-element_type=\"widget\" data-e-type=\"widget\" data-widget_type=\"image.default\">\n\t\t\t\t<div class=\"elementor-widget-container\">\n\t\t\t\t\t\t\t\t\t\t\t\t<figure class=\"wp-caption\">\n\t\t\t\t\t\t\t\t\t\t<img loading=\"lazy\" decoding=\"async\" width=\"768\" height=\"511\" src=\"https:\/\/www.elturistatranquil.com\/wp-content\/uploads\/F67-Elbete.jpg\" class=\"attachment-large size-large wp-image-32288\" alt=\"Elbete\" srcset=\"https:\/\/www.elturistatranquil.com\/wp-content\/uploads\/F67-Elbete.jpg 768w, https:\/\/www.elturistatranquil.com\/wp-content\/uploads\/F67-Elbete-339x226.jpg 339w\" sizes=\"(max-width: 768px) 100vw, 768px\" \/>\t\t\t\t\t\t\t\t\t\t\t<figcaption class=\"widget-image-caption wp-caption-text\"><\/figcaption>\n\t\t\t\t\t\t\t\t\t\t<\/figure>\n\t\t\t\t\t\t\t\t\t<\/div>\n\t\t\t\t<\/div>\n\t\t\t\t<div class=\"elementor-element elementor-element-970ab09 elementor-widget elementor-widget-image\" data-id=\"970ab09\" data-element_type=\"widget\" data-e-type=\"widget\" data-widget_type=\"image.default\">\n\t\t\t\t<div class=\"elementor-widget-container\">\n\t\t\t\t\t\t\t\t\t\t\t\t<figure class=\"wp-caption\">\n\t\t\t\t\t\t\t\t\t\t<img loading=\"lazy\" decoding=\"async\" width=\"768\" height=\"511\" src=\"https:\/\/www.elturistatranquil.com\/wp-content\/uploads\/F68-Elbete.jpg\" class=\"attachment-large size-large wp-image-32290\" alt=\"Elbete\" srcset=\"https:\/\/www.elturistatranquil.com\/wp-content\/uploads\/F68-Elbete.jpg 768w, https:\/\/www.elturistatranquil.com\/wp-content\/uploads\/F68-Elbete-339x226.jpg 339w\" sizes=\"(max-width: 768px) 100vw, 768px\" \/>\t\t\t\t\t\t\t\t\t\t\t<figcaption class=\"widget-image-caption wp-caption-text\"><\/figcaption>\n\t\t\t\t\t\t\t\t\t\t<\/figure>\n\t\t\t\t\t\t\t\t\t<\/div>\n\t\t\t\t<\/div>\n\t\t\t\t<div class=\"elementor-element elementor-element-f85e9ab elementor-widget elementor-widget-text-editor\" data-id=\"f85e9ab\" data-element_type=\"widget\" data-e-type=\"widget\" data-widget_type=\"text-editor.default\">\n\t\t\t\t<div class=\"elementor-widget-container\">\n\t\t\t\t\t\t\t\t\t<p>L&#8217;<strong>Esgl\u00e9sia la Santa Cruz<\/strong> (<strong>1<\/strong>) \u00e9s del segle XV, amb modificacions en el XVIII.<\/p><p>Constru\u00efda amb murs de carreu vermell\u00f3s, un ampli p\u00f2rtic o processionari amb llinda s&#8217;est\u00e9n pel mur capcer i la banda de l&#8217;ep\u00edstola.<\/p>\t\t\t\t\t\t\t\t<\/div>\n\t\t\t\t<\/div>\n\t\t\t\t<div class=\"elementor-element elementor-element-3dfa840 elementor-widget elementor-widget-image\" data-id=\"3dfa840\" data-element_type=\"widget\" data-e-type=\"widget\" data-widget_type=\"image.default\">\n\t\t\t\t<div class=\"elementor-widget-container\">\n\t\t\t\t\t\t\t\t\t\t\t\t<figure class=\"wp-caption\">\n\t\t\t\t\t\t\t\t\t\t<img loading=\"lazy\" decoding=\"async\" width=\"768\" height=\"511\" src=\"https:\/\/www.elturistatranquil.com\/wp-content\/uploads\/F69-Elbete-Iglesia-la-Santa-Cruz.jpg\" class=\"attachment-large size-large wp-image-32292\" alt=\"Elbete, Iglesia la Santa Cruz\" srcset=\"https:\/\/www.elturistatranquil.com\/wp-content\/uploads\/F69-Elbete-Iglesia-la-Santa-Cruz.jpg 768w, https:\/\/www.elturistatranquil.com\/wp-content\/uploads\/F69-Elbete-Iglesia-la-Santa-Cruz-339x226.jpg 339w\" sizes=\"(max-width: 768px) 100vw, 768px\" \/>\t\t\t\t\t\t\t\t\t\t\t<figcaption class=\"widget-image-caption wp-caption-text\"><\/figcaption>\n\t\t\t\t\t\t\t\t\t\t<\/figure>\n\t\t\t\t\t\t\t\t\t<\/div>\n\t\t\t\t<\/div>\n\t\t\t\t<div class=\"elementor-element elementor-element-2cbff3e elementor-widget elementor-widget-image\" data-id=\"2cbff3e\" data-element_type=\"widget\" data-e-type=\"widget\" data-widget_type=\"image.default\">\n\t\t\t\t<div class=\"elementor-widget-container\">\n\t\t\t\t\t\t\t\t\t\t\t\t<figure class=\"wp-caption\">\n\t\t\t\t\t\t\t\t\t\t<img loading=\"lazy\" decoding=\"async\" width=\"768\" height=\"511\" src=\"https:\/\/www.elturistatranquil.com\/wp-content\/uploads\/F70-Elbete-Iglesia-la-Santa-Cruz.jpg\" class=\"attachment-large size-large wp-image-32296\" alt=\"Elbete, Iglesia la Santa Cruz\" srcset=\"https:\/\/www.elturistatranquil.com\/wp-content\/uploads\/F70-Elbete-Iglesia-la-Santa-Cruz.jpg 768w, https:\/\/www.elturistatranquil.com\/wp-content\/uploads\/F70-Elbete-Iglesia-la-Santa-Cruz-339x226.jpg 339w\" sizes=\"(max-width: 768px) 100vw, 768px\" \/>\t\t\t\t\t\t\t\t\t\t\t<figcaption class=\"widget-image-caption wp-caption-text\"><\/figcaption>\n\t\t\t\t\t\t\t\t\t\t<\/figure>\n\t\t\t\t\t\t\t\t\t<\/div>\n\t\t\t\t<\/div>\n\t\t\t\t<div class=\"elementor-element elementor-element-23d8826 elementor-widget elementor-widget-text-editor\" data-id=\"23d8826\" data-element_type=\"widget\" data-e-type=\"widget\" data-widget_type=\"text-editor.default\">\n\t\t\t\t<div class=\"elementor-widget-container\">\n\t\t\t\t\t\t\t\t\t<p>La portada est\u00e0 situada als peus de l&#8217;esgl\u00e9sia amb forma d&#8217;arc de mig punt amb dues arquivoltes motllurades, flanquejat per dues columnes i un front\u00f3 triangular entre pir\u00e0mides amb boles.<\/p><p>La torre s&#8217;al\u00e7a als peus de l&#8217;esgl\u00e9sia, pel costat de l&#8217;ep\u00edstola.<\/p>\t\t\t\t\t\t\t\t<\/div>\n\t\t\t\t<\/div>\n\t\t\t\t<div class=\"elementor-element elementor-element-95441ce elementor-widget elementor-widget-image\" data-id=\"95441ce\" data-element_type=\"widget\" data-e-type=\"widget\" data-widget_type=\"image.default\">\n\t\t\t\t<div class=\"elementor-widget-container\">\n\t\t\t\t\t\t\t\t\t\t\t\t<figure class=\"wp-caption\">\n\t\t\t\t\t\t\t\t\t\t<img loading=\"lazy\" decoding=\"async\" width=\"768\" height=\"511\" src=\"https:\/\/www.elturistatranquil.com\/wp-content\/uploads\/F71-Elbete-Iglesia-la-Santa-Cruz.jpg\" class=\"attachment-large size-large wp-image-32298\" alt=\"Elbete, Iglesia la Santa Cruz\" srcset=\"https:\/\/www.elturistatranquil.com\/wp-content\/uploads\/F71-Elbete-Iglesia-la-Santa-Cruz.jpg 768w, https:\/\/www.elturistatranquil.com\/wp-content\/uploads\/F71-Elbete-Iglesia-la-Santa-Cruz-339x226.jpg 339w\" sizes=\"(max-width: 768px) 100vw, 768px\" \/>\t\t\t\t\t\t\t\t\t\t\t<figcaption class=\"widget-image-caption wp-caption-text\"><\/figcaption>\n\t\t\t\t\t\t\t\t\t\t<\/figure>\n\t\t\t\t\t\t\t\t\t<\/div>\n\t\t\t\t<\/div>\n\t\t\t\t<section class=\"elementor-section elementor-inner-section elementor-element elementor-element-fd214dd elementor-section-boxed elementor-section-height-default elementor-section-height-default\" data-id=\"fd214dd\" data-element_type=\"section\" data-e-type=\"section\">\n\t\t\t\t\t\t<div class=\"elementor-container elementor-column-gap-default\">\n\t\t\t\t\t<div class=\"elementor-column elementor-col-50 elementor-inner-column elementor-element elementor-element-13975ac\" data-id=\"13975ac\" data-element_type=\"column\" data-e-type=\"column\">\n\t\t\t<div class=\"elementor-widget-wrap elementor-element-populated\">\n\t\t\t\t\t\t<div class=\"elementor-element elementor-element-e12fae0 elementor-widget elementor-widget-image\" data-id=\"e12fae0\" data-element_type=\"widget\" data-e-type=\"widget\" data-widget_type=\"image.default\">\n\t\t\t\t<div class=\"elementor-widget-container\">\n\t\t\t\t\t\t\t\t\t\t\t\t\t\t\t<img loading=\"lazy\" decoding=\"async\" width=\"366\" height=\"550\" src=\"https:\/\/www.elturistatranquil.com\/wp-content\/uploads\/F72m-Elbete-Iglesia-la-Santa-Cruz.jpg\" class=\"attachment-large size-large wp-image-32300\" alt=\"Elbete, Iglesia la Santa Cruz\" srcset=\"https:\/\/www.elturistatranquil.com\/wp-content\/uploads\/F72m-Elbete-Iglesia-la-Santa-Cruz.jpg 366w, https:\/\/www.elturistatranquil.com\/wp-content\/uploads\/F72m-Elbete-Iglesia-la-Santa-Cruz-150x226.jpg 150w\" sizes=\"(max-width: 366px) 100vw, 366px\" \/>\t\t\t\t\t\t\t\t\t\t\t\t\t\t\t<\/div>\n\t\t\t\t<\/div>\n\t\t\t\t\t<\/div>\n\t\t<\/div>\n\t\t\t\t<div class=\"elementor-column elementor-col-50 elementor-inner-column elementor-element elementor-element-f391a03\" data-id=\"f391a03\" data-element_type=\"column\" data-e-type=\"column\">\n\t\t\t<div class=\"elementor-widget-wrap elementor-element-populated\">\n\t\t\t\t\t\t<div class=\"elementor-element elementor-element-efb741f elementor-widget elementor-widget-image\" data-id=\"efb741f\" data-element_type=\"widget\" data-e-type=\"widget\" data-widget_type=\"image.default\">\n\t\t\t\t<div class=\"elementor-widget-container\">\n\t\t\t\t\t\t\t\t\t\t\t\t\t\t\t<img loading=\"lazy\" decoding=\"async\" width=\"366\" height=\"550\" src=\"https:\/\/www.elturistatranquil.com\/wp-content\/uploads\/F72n-Elbete-Iglesia-la-Santa-Cruz.jpg\" class=\"attachment-large size-large wp-image-32302\" alt=\"Elbete, Iglesia la Santa Cruz\" srcset=\"https:\/\/www.elturistatranquil.com\/wp-content\/uploads\/F72n-Elbete-Iglesia-la-Santa-Cruz.jpg 366w, https:\/\/www.elturistatranquil.com\/wp-content\/uploads\/F72n-Elbete-Iglesia-la-Santa-Cruz-150x226.jpg 150w\" sizes=\"(max-width: 366px) 100vw, 366px\" \/>\t\t\t\t\t\t\t\t\t\t\t\t\t\t\t<\/div>\n\t\t\t\t<\/div>\n\t\t\t\t\t<\/div>\n\t\t<\/div>\n\t\t\t\t\t<\/div>\n\t\t<\/section>\n\t\t\t\t<div class=\"elementor-element elementor-element-b502150 elementor-widget elementor-widget-text-editor\" data-id=\"b502150\" data-element_type=\"widget\" data-e-type=\"widget\" data-widget_type=\"text-editor.default\">\n\t\t\t\t<div class=\"elementor-widget-container\">\n\t\t\t\t\t\t\t\t\t<p>Al seu voltant trobo un, per a mi, curi\u00f3s petit front\u00f3 cobert &#8220;Amaextialde&#8221;, en una construcci\u00f3 que m\u00e9s semblaria un magatzem.<\/p>\t\t\t\t\t\t\t\t<\/div>\n\t\t\t\t<\/div>\n\t\t\t\t<div class=\"elementor-element elementor-element-9a0b115 elementor-widget elementor-widget-image\" data-id=\"9a0b115\" data-element_type=\"widget\" data-e-type=\"widget\" data-widget_type=\"image.default\">\n\t\t\t\t<div class=\"elementor-widget-container\">\n\t\t\t\t\t\t\t\t\t\t\t\t<figure class=\"wp-caption\">\n\t\t\t\t\t\t\t\t\t\t<img loading=\"lazy\" decoding=\"async\" width=\"768\" height=\"511\" src=\"https:\/\/www.elturistatranquil.com\/wp-content\/uploads\/F73-Elbete.jpg\" class=\"attachment-large size-large wp-image-32304\" alt=\"Elbete\" srcset=\"https:\/\/www.elturistatranquil.com\/wp-content\/uploads\/F73-Elbete.jpg 768w, https:\/\/www.elturistatranquil.com\/wp-content\/uploads\/F73-Elbete-339x226.jpg 339w\" sizes=\"(max-width: 768px) 100vw, 768px\" \/>\t\t\t\t\t\t\t\t\t\t\t<figcaption class=\"widget-image-caption wp-caption-text\"><\/figcaption>\n\t\t\t\t\t\t\t\t\t\t<\/figure>\n\t\t\t\t\t\t\t\t\t<\/div>\n\t\t\t\t<\/div>\n\t\t\t\t<div class=\"elementor-element elementor-element-a9e881b elementor-widget elementor-widget-text-editor\" data-id=\"a9e881b\" data-element_type=\"widget\" data-e-type=\"widget\" data-widget_type=\"text-editor.default\">\n\t\t\t\t<div class=\"elementor-widget-container\">\n\t\t\t\t\t\t\t\t\t<p>Segueixen, situant-se al voltant, antics caserius.<\/p>\t\t\t\t\t\t\t\t<\/div>\n\t\t\t\t<\/div>\n\t\t\t\t<div class=\"elementor-element elementor-element-5448947 elementor-widget elementor-widget-image\" data-id=\"5448947\" data-element_type=\"widget\" data-e-type=\"widget\" data-widget_type=\"image.default\">\n\t\t\t\t<div class=\"elementor-widget-container\">\n\t\t\t\t\t\t\t\t\t\t\t\t<figure class=\"wp-caption\">\n\t\t\t\t\t\t\t\t\t\t<img loading=\"lazy\" decoding=\"async\" width=\"768\" height=\"511\" src=\"https:\/\/www.elturistatranquil.com\/wp-content\/uploads\/F74-Elbete.jpg\" class=\"attachment-large size-large wp-image-32306\" alt=\"Elbete\" srcset=\"https:\/\/www.elturistatranquil.com\/wp-content\/uploads\/F74-Elbete.jpg 768w, https:\/\/www.elturistatranquil.com\/wp-content\/uploads\/F74-Elbete-339x226.jpg 339w\" sizes=\"(max-width: 768px) 100vw, 768px\" \/>\t\t\t\t\t\t\t\t\t\t\t<figcaption class=\"widget-image-caption wp-caption-text\"><\/figcaption>\n\t\t\t\t\t\t\t\t\t\t<\/figure>\n\t\t\t\t\t\t\t\t\t<\/div>\n\t\t\t\t<\/div>\n\t\t\t\t<div class=\"elementor-element elementor-element-92ecb6e elementor-widget elementor-widget-menu-anchor\" data-id=\"92ecb6e\" data-element_type=\"widget\" data-e-type=\"widget\" data-widget_type=\"menu-anchor.default\">\n\t\t\t\t<div class=\"elementor-widget-container\">\n\t\t\t\t\t\t\t<div class=\"elementor-menu-anchor\" id=\"c5803\"><\/div>\n\t\t\t\t\t\t<\/div>\n\t\t\t\t<\/div>\n\t\t\t\t<div class=\"elementor-element elementor-element-a00d3f8 elementor-widget elementor-widget-image\" data-id=\"a00d3f8\" data-element_type=\"widget\" data-e-type=\"widget\" data-widget_type=\"image.default\">\n\t\t\t\t<div class=\"elementor-widget-container\">\n\t\t\t\t\t\t\t\t\t\t\t\t<figure class=\"wp-caption\">\n\t\t\t\t\t\t\t\t\t\t<img loading=\"lazy\" decoding=\"async\" width=\"768\" height=\"511\" src=\"https:\/\/www.elturistatranquil.com\/wp-content\/uploads\/F75-Elbete.jpg\" class=\"attachment-large size-large wp-image-32308\" alt=\"Elbete\" srcset=\"https:\/\/www.elturistatranquil.com\/wp-content\/uploads\/F75-Elbete.jpg 768w, https:\/\/www.elturistatranquil.com\/wp-content\/uploads\/F75-Elbete-339x226.jpg 339w\" sizes=\"(max-width: 768px) 100vw, 768px\" \/>\t\t\t\t\t\t\t\t\t\t\t<figcaption class=\"widget-image-caption wp-caption-text\"><\/figcaption>\n\t\t\t\t\t\t\t\t\t\t<\/figure>\n\t\t\t\t\t\t\t\t\t<\/div>\n\t\t\t\t<\/div>\n\t\t\t\t<div class=\"elementor-element elementor-element-fccccad elementor-widget elementor-widget-heading\" data-id=\"fccccad\" data-element_type=\"widget\" data-e-type=\"widget\" data-widget_type=\"heading.default\">\n\t\t\t\t<div class=\"elementor-widget-container\">\n\t\t\t\t\t<h3 class=\"elementor-heading-title elementor-size-default\">Arizkun<\/h3>\t\t\t\t<\/div>\n\t\t\t\t<\/div>\n\t\t\t\t<div class=\"elementor-element elementor-element-e9d5ea8 elementor-widget elementor-widget-image\" data-id=\"e9d5ea8\" data-element_type=\"widget\" data-e-type=\"widget\" data-widget_type=\"image.default\">\n\t\t\t\t<div class=\"elementor-widget-container\">\n\t\t\t\t\t\t\t\t\t\t\t\t<figure class=\"wp-caption\">\n\t\t\t\t\t\t\t\t\t\t<img loading=\"lazy\" decoding=\"async\" width=\"768\" height=\"511\" src=\"https:\/\/www.elturistatranquil.com\/wp-content\/uploads\/F76-Arizkun-Google-earth-2020-07-29.jpg\" class=\"attachment-large size-large wp-image-32310\" alt=\"Arizkun (Google earth 2020-07-29)\" srcset=\"https:\/\/www.elturistatranquil.com\/wp-content\/uploads\/F76-Arizkun-Google-earth-2020-07-29.jpg 768w, https:\/\/www.elturistatranquil.com\/wp-content\/uploads\/F76-Arizkun-Google-earth-2020-07-29-339x226.jpg 339w\" sizes=\"(max-width: 768px) 100vw, 768px\" \/>\t\t\t\t\t\t\t\t\t\t\t<figcaption class=\"widget-image-caption wp-caption-text\">Arizkun (Google earth 2020-07-29)<\/figcaption>\n\t\t\t\t\t\t\t\t\t\t<\/figure>\n\t\t\t\t\t\t\t\t\t<\/div>\n\t\t\t\t<\/div>\n\t\t\t\t<div class=\"elementor-element elementor-element-47720cf elementor-widget elementor-widget-text-editor\" data-id=\"47720cf\" data-element_type=\"widget\" data-e-type=\"widget\" data-widget_type=\"text-editor.default\">\n\t\t\t\t<div class=\"elementor-widget-container\">\n\t\t\t\t\t\t\t\t\t<p>Coordenades: 43\u00b010\u203225\u2033N 1\u00b029\u203206\u2033O. Altitud: 278 msnm. Poblaci\u00f3: 563 habitants (2019).<\/p><p>Continu el recorregut en direcci\u00f3 nord, fins a la seg\u00fcent localitat de <strong>Arizkun<\/strong>.<\/p><p>L&#8217;estructura urbana t\u00e9 forma de &#8220;Y&#8221;. De l&#8217;eix del <strong>carrer Tximindo<\/strong>, al lloc on se situa la <strong>pla\u00e7a Municipal<\/strong>, sorgeix en posici\u00f3 obliqua el <strong>carrer Txuputo<\/strong>.<\/p><p>El carrer Txuputo constitueix el carrer principal de Arizcun.<\/p><p>Un recorregut visual circular a la <strong>pla\u00e7a Municipal<\/strong> (<strong>a<\/strong>) reflecteix un interessant mostrari d&#8217;edificis i caserius de diferents \u00e8poques.<\/p><p>L&#8217;antiga <strong>Posada<\/strong> de 1738, un edifici de tres nivells, i en l&#8217;inferior tres portes amb llinda.<\/p>\t\t\t\t\t\t\t\t<\/div>\n\t\t\t\t<\/div>\n\t\t\t\t<div class=\"elementor-element elementor-element-650839a elementor-widget elementor-widget-image\" data-id=\"650839a\" data-element_type=\"widget\" data-e-type=\"widget\" data-widget_type=\"image.default\">\n\t\t\t\t<div class=\"elementor-widget-container\">\n\t\t\t\t\t\t\t\t\t\t\t\t<figure class=\"wp-caption\">\n\t\t\t\t\t\t\t\t\t\t<img loading=\"lazy\" decoding=\"async\" width=\"768\" height=\"512\" src=\"https:\/\/www.elturistatranquil.com\/wp-content\/uploads\/F77-Arizcun.jpg\" class=\"attachment-large size-large wp-image-32312\" alt=\"Arizcun\" srcset=\"https:\/\/www.elturistatranquil.com\/wp-content\/uploads\/F77-Arizcun.jpg 768w, https:\/\/www.elturistatranquil.com\/wp-content\/uploads\/F77-Arizcun-339x226.jpg 339w\" sizes=\"(max-width: 768px) 100vw, 768px\" \/>\t\t\t\t\t\t\t\t\t\t\t<figcaption class=\"widget-image-caption wp-caption-text\"><\/figcaption>\n\t\t\t\t\t\t\t\t\t\t<\/figure>\n\t\t\t\t\t\t\t\t\t<\/div>\n\t\t\t\t<\/div>\n\t\t\t\t<div class=\"elementor-element elementor-element-30717a6 elementor-widget elementor-widget-text-editor\" data-id=\"30717a6\" data-element_type=\"widget\" data-e-type=\"widget\" data-widget_type=\"text-editor.default\">\n\t\t\t\t<div class=\"elementor-widget-container\">\n\t\t\t\t\t\t\t\t\t<p>Una casa blasonada.<\/p>\t\t\t\t\t\t\t\t<\/div>\n\t\t\t\t<\/div>\n\t\t\t\t<div class=\"elementor-element elementor-element-70df54d elementor-widget elementor-widget-image\" data-id=\"70df54d\" data-element_type=\"widget\" data-e-type=\"widget\" data-widget_type=\"image.default\">\n\t\t\t\t<div class=\"elementor-widget-container\">\n\t\t\t\t\t\t\t\t\t\t\t\t<figure class=\"wp-caption\">\n\t\t\t\t\t\t\t\t\t\t<img loading=\"lazy\" decoding=\"async\" width=\"768\" height=\"511\" src=\"https:\/\/www.elturistatranquil.com\/wp-content\/uploads\/F78-Arizcun-1.jpg\" class=\"attachment-large size-large wp-image-40975\" alt=\"Arizcun\" srcset=\"https:\/\/www.elturistatranquil.com\/wp-content\/uploads\/F78-Arizcun-1.jpg 768w, https:\/\/www.elturistatranquil.com\/wp-content\/uploads\/F78-Arizcun-1-339x226.jpg 339w\" sizes=\"(max-width: 768px) 100vw, 768px\" \/>\t\t\t\t\t\t\t\t\t\t\t<figcaption class=\"widget-image-caption wp-caption-text\"><\/figcaption>\n\t\t\t\t\t\t\t\t\t\t<\/figure>\n\t\t\t\t\t\t\t\t\t<\/div>\n\t\t\t\t<\/div>\n\t\t\t\t<div class=\"elementor-element elementor-element-3f13520 elementor-widget elementor-widget-text-editor\" data-id=\"3f13520\" data-element_type=\"widget\" data-e-type=\"widget\" data-widget_type=\"text-editor.default\">\n\t\t\t\t<div class=\"elementor-widget-container\">\n\t\t\t\t\t\t\t\t\t<p>Un sobri caseriu amb porta de mig punt amb grans llindes i coberta a dues aig\u00fces des de la fa\u00e7ana.<\/p>\t\t\t\t\t\t\t\t<\/div>\n\t\t\t\t<\/div>\n\t\t\t\t<div class=\"elementor-element elementor-element-b6abcd7 elementor-widget elementor-widget-image\" data-id=\"b6abcd7\" data-element_type=\"widget\" data-e-type=\"widget\" data-widget_type=\"image.default\">\n\t\t\t\t<div class=\"elementor-widget-container\">\n\t\t\t\t\t\t\t\t\t\t\t\t<figure class=\"wp-caption\">\n\t\t\t\t\t\t\t\t\t\t<img loading=\"lazy\" decoding=\"async\" width=\"768\" height=\"511\" src=\"https:\/\/www.elturistatranquil.com\/wp-content\/uploads\/F79-Arizcun.jpg\" class=\"attachment-large size-large wp-image-32316\" alt=\"Arizcun\" srcset=\"https:\/\/www.elturistatranquil.com\/wp-content\/uploads\/F79-Arizcun.jpg 768w, https:\/\/www.elturistatranquil.com\/wp-content\/uploads\/F79-Arizcun-339x226.jpg 339w\" sizes=\"(max-width: 768px) 100vw, 768px\" \/>\t\t\t\t\t\t\t\t\t\t\t<figcaption class=\"widget-image-caption wp-caption-text\"><\/figcaption>\n\t\t\t\t\t\t\t\t\t\t<\/figure>\n\t\t\t\t\t\t\t\t\t<\/div>\n\t\t\t\t<\/div>\n\t\t\t\t<div class=\"elementor-element elementor-element-43e4317 elementor-widget elementor-widget-text-editor\" data-id=\"43e4317\" data-element_type=\"widget\" data-e-type=\"widget\" data-widget_type=\"text-editor.default\">\n\t\t\t\t<div class=\"elementor-widget-container\">\n\t\t\t\t\t\t\t\t\t<p>A l\u2019inici del <strong>carrer Txuputo<\/strong> se situa la <strong>casa Pierresenea<\/strong>. A la fa\u00e7ana un arc de mig punt de grans dovelles, balc\u00f3 a la primera planta, i balc\u00f3 corregut a la segona, sota la t\u00edpica teulada a dues aig\u00fces. Al lateral que d\u00f3na al carrer una altra porta semicircular.<\/p>\t\t\t\t\t\t\t\t<\/div>\n\t\t\t\t<\/div>\n\t\t\t\t<div class=\"elementor-element elementor-element-6642c9e elementor-widget elementor-widget-image\" data-id=\"6642c9e\" data-element_type=\"widget\" data-e-type=\"widget\" data-widget_type=\"image.default\">\n\t\t\t\t<div class=\"elementor-widget-container\">\n\t\t\t\t\t\t\t\t\t\t\t\t<figure class=\"wp-caption\">\n\t\t\t\t\t\t\t\t\t\t<img loading=\"lazy\" decoding=\"async\" width=\"768\" height=\"512\" src=\"https:\/\/www.elturistatranquil.com\/wp-content\/uploads\/F80-Arizcun.jpg\" class=\"attachment-large size-large wp-image-32318\" alt=\"Arizcun\" srcset=\"https:\/\/www.elturistatranquil.com\/wp-content\/uploads\/F80-Arizcun.jpg 768w, https:\/\/www.elturistatranquil.com\/wp-content\/uploads\/F80-Arizcun-339x226.jpg 339w\" sizes=\"(max-width: 768px) 100vw, 768px\" \/>\t\t\t\t\t\t\t\t\t\t\t<figcaption class=\"widget-image-caption wp-caption-text\"><\/figcaption>\n\t\t\t\t\t\t\t\t\t\t<\/figure>\n\t\t\t\t\t\t\t\t\t<\/div>\n\t\t\t\t<\/div>\n\t\t\t\t<div class=\"elementor-element elementor-element-34bb0c3 elementor-widget elementor-widget-image\" data-id=\"34bb0c3\" data-element_type=\"widget\" data-e-type=\"widget\" data-widget_type=\"image.default\">\n\t\t\t\t<div class=\"elementor-widget-container\">\n\t\t\t\t\t\t\t\t\t\t\t\t<figure class=\"wp-caption\">\n\t\t\t\t\t\t\t\t\t\t<img loading=\"lazy\" decoding=\"async\" width=\"768\" height=\"511\" src=\"https:\/\/www.elturistatranquil.com\/wp-content\/uploads\/F81-Arizcun.jpg\" class=\"attachment-large size-large wp-image-32320\" alt=\"Arizcun\" srcset=\"https:\/\/www.elturistatranquil.com\/wp-content\/uploads\/F81-Arizcun.jpg 768w, https:\/\/www.elturistatranquil.com\/wp-content\/uploads\/F81-Arizcun-339x226.jpg 339w\" sizes=\"(max-width: 768px) 100vw, 768px\" \/>\t\t\t\t\t\t\t\t\t\t\t<figcaption class=\"widget-image-caption wp-caption-text\"><\/figcaption>\n\t\t\t\t\t\t\t\t\t\t<\/figure>\n\t\t\t\t\t\t\t\t\t<\/div>\n\t\t\t\t<\/div>\n\t\t\t\t<div class=\"elementor-element elementor-element-331f51c elementor-widget elementor-widget-text-editor\" data-id=\"331f51c\" data-element_type=\"widget\" data-e-type=\"widget\" data-widget_type=\"text-editor.default\">\n\t\t\t\t<div class=\"elementor-widget-container\">\n\t\t\t\t\t\t\t\t\t<p>En el paviment la senyalitzaci\u00f3 de que ens trobem en el Cam\u00ed de Sant Jaume.<\/p>\t\t\t\t\t\t\t\t<\/div>\n\t\t\t\t<\/div>\n\t\t\t\t<div class=\"elementor-element elementor-element-110fc89 elementor-widget elementor-widget-image\" data-id=\"110fc89\" data-element_type=\"widget\" data-e-type=\"widget\" data-widget_type=\"image.default\">\n\t\t\t\t<div class=\"elementor-widget-container\">\n\t\t\t\t\t\t\t\t\t\t\t\t<figure class=\"wp-caption\">\n\t\t\t\t\t\t\t\t\t\t<img loading=\"lazy\" decoding=\"async\" width=\"768\" height=\"511\" src=\"https:\/\/www.elturistatranquil.com\/wp-content\/uploads\/F82-Arizcun.jpg\" class=\"attachment-large size-large wp-image-32322\" alt=\"Arizcun\" srcset=\"https:\/\/www.elturistatranquil.com\/wp-content\/uploads\/F82-Arizcun.jpg 768w, https:\/\/www.elturistatranquil.com\/wp-content\/uploads\/F82-Arizcun-339x226.jpg 339w\" sizes=\"(max-width: 768px) 100vw, 768px\" \/>\t\t\t\t\t\t\t\t\t\t\t<figcaption class=\"widget-image-caption wp-caption-text\"><\/figcaption>\n\t\t\t\t\t\t\t\t\t\t<\/figure>\n\t\t\t\t\t\t\t\t\t<\/div>\n\t\t\t\t<\/div>\n\t\t\t\t<div class=\"elementor-element elementor-element-27dc4d0 elementor-widget elementor-widget-text-editor\" data-id=\"27dc4d0\" data-element_type=\"widget\" data-e-type=\"widget\" data-widget_type=\"text-editor.default\">\n\t\t\t\t<div class=\"elementor-widget-container\">\n\t\t\t\t\t\t\t\t\t<p>La disposici\u00f3 de les dues grans cases de l&#8217;entrada al carrer Txuputo fan com un embut sobre un carrer suaument sinu\u00f3s, al qual s&#8217;adapten, amb disposicions lleugerament irregulars entre si, els casalots i edificis.<\/p>\t\t\t\t\t\t\t\t<\/div>\n\t\t\t\t<\/div>\n\t\t\t\t<div class=\"elementor-element elementor-element-4ae9203 elementor-widget elementor-widget-image\" data-id=\"4ae9203\" data-element_type=\"widget\" data-e-type=\"widget\" data-widget_type=\"image.default\">\n\t\t\t\t<div class=\"elementor-widget-container\">\n\t\t\t\t\t\t\t\t\t\t\t\t<figure class=\"wp-caption\">\n\t\t\t\t\t\t\t\t\t\t<img loading=\"lazy\" decoding=\"async\" width=\"768\" height=\"512\" src=\"https:\/\/www.elturistatranquil.com\/wp-content\/uploads\/F83-Arizcun.jpg\" class=\"attachment-large size-large wp-image-32324\" alt=\"Arizcun\" srcset=\"https:\/\/www.elturistatranquil.com\/wp-content\/uploads\/F83-Arizcun.jpg 768w, https:\/\/www.elturistatranquil.com\/wp-content\/uploads\/F83-Arizcun-339x226.jpg 339w\" sizes=\"(max-width: 768px) 100vw, 768px\" \/>\t\t\t\t\t\t\t\t\t\t\t<figcaption class=\"widget-image-caption wp-caption-text\"><\/figcaption>\n\t\t\t\t\t\t\t\t\t\t<\/figure>\n\t\t\t\t\t\t\t\t\t<\/div>\n\t\t\t\t<\/div>\n\t\t\t\t<div class=\"elementor-element elementor-element-4ce7554 elementor-widget elementor-widget-text-editor\" data-id=\"4ce7554\" data-element_type=\"widget\" data-e-type=\"widget\" data-widget_type=\"text-editor.default\">\n\t\t\t\t<div class=\"elementor-widget-container\">\n\t\t\t\t\t\t\t\t\t<p>Diversos palaus, casalots blasonades, i edificis religiosos mostren la import\u00e0ncia del carrer.<\/p>\t\t\t\t\t\t\t\t<\/div>\n\t\t\t\t<\/div>\n\t\t\t\t<div class=\"elementor-element elementor-element-8447bc5 elementor-widget elementor-widget-image\" data-id=\"8447bc5\" data-element_type=\"widget\" data-e-type=\"widget\" data-widget_type=\"image.default\">\n\t\t\t\t<div class=\"elementor-widget-container\">\n\t\t\t\t\t\t\t\t\t\t\t\t<figure class=\"wp-caption\">\n\t\t\t\t\t\t\t\t\t\t<img loading=\"lazy\" decoding=\"async\" width=\"768\" height=\"511\" src=\"https:\/\/www.elturistatranquil.com\/wp-content\/uploads\/F84-Arizcun.jpg\" class=\"attachment-large size-large wp-image-32326\" alt=\"Arizcun\" srcset=\"https:\/\/www.elturistatranquil.com\/wp-content\/uploads\/F84-Arizcun.jpg 768w, https:\/\/www.elturistatranquil.com\/wp-content\/uploads\/F84-Arizcun-339x226.jpg 339w\" sizes=\"(max-width: 768px) 100vw, 768px\" \/>\t\t\t\t\t\t\t\t\t\t\t<figcaption class=\"widget-image-caption wp-caption-text\"><\/figcaption>\n\t\t\t\t\t\t\t\t\t\t<\/figure>\n\t\t\t\t\t\t\t\t\t<\/div>\n\t\t\t\t<\/div>\n\t\t\t\t<div class=\"elementor-element elementor-element-bb05a29 elementor-widget elementor-widget-image\" data-id=\"bb05a29\" data-element_type=\"widget\" data-e-type=\"widget\" data-widget_type=\"image.default\">\n\t\t\t\t<div class=\"elementor-widget-container\">\n\t\t\t\t\t\t\t\t\t\t\t\t<figure class=\"wp-caption\">\n\t\t\t\t\t\t\t\t\t\t<img loading=\"lazy\" decoding=\"async\" width=\"768\" height=\"511\" src=\"https:\/\/www.elturistatranquil.com\/wp-content\/uploads\/F85-Arizcun.jpg\" class=\"attachment-large size-large wp-image-32328\" alt=\"Arizcun\" srcset=\"https:\/\/www.elturistatranquil.com\/wp-content\/uploads\/F85-Arizcun.jpg 768w, https:\/\/www.elturistatranquil.com\/wp-content\/uploads\/F85-Arizcun-339x226.jpg 339w\" sizes=\"(max-width: 768px) 100vw, 768px\" \/>\t\t\t\t\t\t\t\t\t\t\t<figcaption class=\"widget-image-caption wp-caption-text\"><\/figcaption>\n\t\t\t\t\t\t\t\t\t\t<\/figure>\n\t\t\t\t\t\t\t\t\t<\/div>\n\t\t\t\t<\/div>\n\t\t\t\t<div class=\"elementor-element elementor-element-aa16f72 elementor-widget elementor-widget-image\" data-id=\"aa16f72\" data-element_type=\"widget\" data-e-type=\"widget\" data-widget_type=\"image.default\">\n\t\t\t\t<div class=\"elementor-widget-container\">\n\t\t\t\t\t\t\t\t\t\t\t\t<figure class=\"wp-caption\">\n\t\t\t\t\t\t\t\t\t\t<img loading=\"lazy\" decoding=\"async\" width=\"768\" height=\"511\" src=\"https:\/\/www.elturistatranquil.com\/wp-content\/uploads\/F86-Arizcun.jpg\" class=\"attachment-large size-large wp-image-32330\" alt=\"Arizcun\" srcset=\"https:\/\/www.elturistatranquil.com\/wp-content\/uploads\/F86-Arizcun.jpg 768w, https:\/\/www.elturistatranquil.com\/wp-content\/uploads\/F86-Arizcun-339x226.jpg 339w\" sizes=\"(max-width: 768px) 100vw, 768px\" \/>\t\t\t\t\t\t\t\t\t\t\t<figcaption class=\"widget-image-caption wp-caption-text\"><\/figcaption>\n\t\t\t\t\t\t\t\t\t\t<\/figure>\n\t\t\t\t\t\t\t\t\t<\/div>\n\t\t\t\t<\/div>\n\t\t\t\t<div class=\"elementor-element elementor-element-3c1024c elementor-widget elementor-widget-text-editor\" data-id=\"3c1024c\" data-element_type=\"widget\" data-e-type=\"widget\" data-widget_type=\"text-editor.default\">\n\t\t\t\t<div class=\"elementor-widget-container\">\n\t\t\t\t\t\t\t\t\t<p>El primer edifici religi\u00f3s correspon a l &#8216;<strong>Esgl\u00e9sia de<\/strong> <strong>San Juan Bautista<\/strong> (<strong>1<\/strong>). El conjunt barroc va ser iniciat el 1568 i va finalitzar en el primer ter\u00e7 de segle XVIII.<\/p><p>Els murs s\u00f3n de carreu i carreu\u00f3, amb un p\u00f2rtic que recorre el costat de l&#8217;ep\u00edstola i els peus del temple.<\/p>\t\t\t\t\t\t\t\t<\/div>\n\t\t\t\t<\/div>\n\t\t\t\t<div class=\"elementor-element elementor-element-a67f600 elementor-widget elementor-widget-image\" data-id=\"a67f600\" data-element_type=\"widget\" data-e-type=\"widget\" data-widget_type=\"image.default\">\n\t\t\t\t<div class=\"elementor-widget-container\">\n\t\t\t\t\t\t\t\t\t\t\t\t<figure class=\"wp-caption\">\n\t\t\t\t\t\t\t\t\t\t<img loading=\"lazy\" decoding=\"async\" width=\"768\" height=\"512\" src=\"https:\/\/www.elturistatranquil.com\/wp-content\/uploads\/F87-Arizcun-Iglesia-de-San-Juan-Bautista.jpg\" class=\"attachment-large size-large wp-image-32332\" alt=\"Arizcun, Iglesia de San Juan Bautista\" srcset=\"https:\/\/www.elturistatranquil.com\/wp-content\/uploads\/F87-Arizcun-Iglesia-de-San-Juan-Bautista.jpg 768w, https:\/\/www.elturistatranquil.com\/wp-content\/uploads\/F87-Arizcun-Iglesia-de-San-Juan-Bautista-339x226.jpg 339w\" sizes=\"(max-width: 768px) 100vw, 768px\" \/>\t\t\t\t\t\t\t\t\t\t\t<figcaption class=\"widget-image-caption wp-caption-text\"><\/figcaption>\n\t\t\t\t\t\t\t\t\t\t<\/figure>\n\t\t\t\t\t\t\t\t\t<\/div>\n\t\t\t\t<\/div>\n\t\t\t\t<div class=\"elementor-element elementor-element-688baec elementor-widget elementor-widget-text-editor\" data-id=\"688baec\" data-element_type=\"widget\" data-e-type=\"widget\" data-widget_type=\"text-editor.default\">\n\t\t\t\t<div class=\"elementor-widget-container\">\n\t\t\t\t\t\t\t\t\t<p>El p\u00f2rtic continua amb l&#8217;edifici de la sagristia.<\/p>\t\t\t\t\t\t\t\t<\/div>\n\t\t\t\t<\/div>\n\t\t\t\t<div class=\"elementor-element elementor-element-f96fd73 elementor-widget elementor-widget-image\" data-id=\"f96fd73\" data-element_type=\"widget\" data-e-type=\"widget\" data-widget_type=\"image.default\">\n\t\t\t\t<div class=\"elementor-widget-container\">\n\t\t\t\t\t\t\t\t\t\t\t\t<figure class=\"wp-caption\">\n\t\t\t\t\t\t\t\t\t\t<img loading=\"lazy\" decoding=\"async\" width=\"768\" height=\"511\" src=\"https:\/\/www.elturistatranquil.com\/wp-content\/uploads\/F88-Arizcun-Iglesia-de-San-Juan-Bautista.jpg\" class=\"attachment-large size-large wp-image-32334\" alt=\"Arizcun, Iglesia de San Juan Bautista\" srcset=\"https:\/\/www.elturistatranquil.com\/wp-content\/uploads\/F88-Arizcun-Iglesia-de-San-Juan-Bautista.jpg 768w, https:\/\/www.elturistatranquil.com\/wp-content\/uploads\/F88-Arizcun-Iglesia-de-San-Juan-Bautista-339x226.jpg 339w\" sizes=\"(max-width: 768px) 100vw, 768px\" \/>\t\t\t\t\t\t\t\t\t\t\t<figcaption class=\"widget-image-caption wp-caption-text\"><\/figcaption>\n\t\t\t\t\t\t\t\t\t\t<\/figure>\n\t\t\t\t\t\t\t\t\t<\/div>\n\t\t\t\t<\/div>\n\t\t\t\t<div class=\"elementor-element elementor-element-65951ab elementor-widget elementor-widget-image\" data-id=\"65951ab\" data-element_type=\"widget\" data-e-type=\"widget\" data-widget_type=\"image.default\">\n\t\t\t\t<div class=\"elementor-widget-container\">\n\t\t\t\t\t\t\t\t\t\t\t\t<figure class=\"wp-caption\">\n\t\t\t\t\t\t\t\t\t\t<img loading=\"lazy\" decoding=\"async\" width=\"768\" height=\"511\" src=\"https:\/\/www.elturistatranquil.com\/wp-content\/uploads\/F89-Arizcun-Iglesia-de-San-Juan-Bautista.jpg\" class=\"attachment-large size-large wp-image-32336\" alt=\"Arizcun, Iglesia de San Juan Bautista\" srcset=\"https:\/\/www.elturistatranquil.com\/wp-content\/uploads\/F89-Arizcun-Iglesia-de-San-Juan-Bautista.jpg 768w, https:\/\/www.elturistatranquil.com\/wp-content\/uploads\/F89-Arizcun-Iglesia-de-San-Juan-Bautista-339x226.jpg 339w\" sizes=\"(max-width: 768px) 100vw, 768px\" \/>\t\t\t\t\t\t\t\t\t\t\t<figcaption class=\"widget-image-caption wp-caption-text\"><\/figcaption>\n\t\t\t\t\t\t\t\t\t\t<\/figure>\n\t\t\t\t\t\t\t\t\t<\/div>\n\t\t\t\t<\/div>\n\t\t\t\t<div class=\"elementor-element elementor-element-57d4301 elementor-widget elementor-widget-text-editor\" data-id=\"57d4301\" data-element_type=\"widget\" data-e-type=\"widget\" data-widget_type=\"text-editor.default\">\n\t\t\t\t<div class=\"elementor-widget-container\">\n\t\t\t\t\t\t\t\t\t<p>Porta amb llinda amb una forn\u00edcula al seu interior que alberga una petita talla de pedra de Sant Joan Baptista.<\/p>\t\t\t\t\t\t\t\t<\/div>\n\t\t\t\t<\/div>\n\t\t\t\t<div class=\"elementor-element elementor-element-80e24e8 elementor-widget elementor-widget-image\" data-id=\"80e24e8\" data-element_type=\"widget\" data-e-type=\"widget\" data-widget_type=\"image.default\">\n\t\t\t\t<div class=\"elementor-widget-container\">\n\t\t\t\t\t\t\t\t\t\t\t\t<figure class=\"wp-caption\">\n\t\t\t\t\t\t\t\t\t\t<img loading=\"lazy\" decoding=\"async\" width=\"768\" height=\"511\" src=\"https:\/\/www.elturistatranquil.com\/wp-content\/uploads\/F90-Arizcun-Iglesia-de-San-Juan-Bautista.jpg\" class=\"attachment-large size-large wp-image-32338\" alt=\"Arizcun, Iglesia de San Juan Bautista\" srcset=\"https:\/\/www.elturistatranquil.com\/wp-content\/uploads\/F90-Arizcun-Iglesia-de-San-Juan-Bautista.jpg 768w, https:\/\/www.elturistatranquil.com\/wp-content\/uploads\/F90-Arizcun-Iglesia-de-San-Juan-Bautista-339x226.jpg 339w\" sizes=\"(max-width: 768px) 100vw, 768px\" \/>\t\t\t\t\t\t\t\t\t\t\t<figcaption class=\"widget-image-caption wp-caption-text\"><\/figcaption>\n\t\t\t\t\t\t\t\t\t\t<\/figure>\n\t\t\t\t\t\t\t\t\t<\/div>\n\t\t\t\t<\/div>\n\t\t\t\t<div class=\"elementor-element elementor-element-ad2ac4a elementor-widget elementor-widget-text-editor\" data-id=\"ad2ac4a\" data-element_type=\"widget\" data-e-type=\"widget\" data-widget_type=\"text-editor.default\">\n\t\t\t\t<div class=\"elementor-widget-container\">\n\t\t\t\t\t\t\t\t\t<p>Al voltant del temple diversa lloses funer\u00e0ries.<\/p>\t\t\t\t\t\t\t\t<\/div>\n\t\t\t\t<\/div>\n\t\t\t\t<div class=\"elementor-element elementor-element-db76437 elementor-widget elementor-widget-image\" data-id=\"db76437\" data-element_type=\"widget\" data-e-type=\"widget\" data-widget_type=\"image.default\">\n\t\t\t\t<div class=\"elementor-widget-container\">\n\t\t\t\t\t\t\t\t\t\t\t\t<figure class=\"wp-caption\">\n\t\t\t\t\t\t\t\t\t\t<img loading=\"lazy\" decoding=\"async\" width=\"768\" height=\"511\" src=\"https:\/\/www.elturistatranquil.com\/wp-content\/uploads\/F91-Arizcun-Iglesia-de-San-Juan-Bautista.jpg\" class=\"attachment-large size-large wp-image-32340\" alt=\"Arizcun, Iglesia de San Juan Bautista\" srcset=\"https:\/\/www.elturistatranquil.com\/wp-content\/uploads\/F91-Arizcun-Iglesia-de-San-Juan-Bautista.jpg 768w, https:\/\/www.elturistatranquil.com\/wp-content\/uploads\/F91-Arizcun-Iglesia-de-San-Juan-Bautista-339x226.jpg 339w\" sizes=\"(max-width: 768px) 100vw, 768px\" \/>\t\t\t\t\t\t\t\t\t\t\t<figcaption class=\"widget-image-caption wp-caption-text\"><\/figcaption>\n\t\t\t\t\t\t\t\t\t\t<\/figure>\n\t\t\t\t\t\t\t\t\t<\/div>\n\t\t\t\t<\/div>\n\t\t\t\t<div class=\"elementor-element elementor-element-dd051b6 elementor-widget elementor-widget-text-editor\" data-id=\"dd051b6\" data-element_type=\"widget\" data-e-type=\"widget\" data-widget_type=\"text-editor.default\">\n\t\t\t\t<div class=\"elementor-widget-container\">\n\t\t\t\t\t\t\t\t\t<p>Carrer amunt apareix el majestu\u00f3s <strong>Monestir<\/strong> <strong>de Nuestra Se\u00f1ora de los \u00c1ngeles<\/strong> (<strong>2<\/strong>).<\/p><p>El Monestir acollia el Convent de religioses Clarisses fundat el 1736 pel Marqu\u00e8s de Murillo de Cuende, natural de Arizcun i superintendent de la Reial Hisenda a Madrid (1736-1740).<\/p><p>Les obres del Convent van finalitzar el 1736 i el 1772 es va aixecar un nou campanar. A la fi de segle XVIII el Convent va servir d&#8217;Hospital Militar per les tropes espanyoles.<\/p><p>Va ser ocupat pels francesos expulsant les monges. Passada la ocupaci\u00f3 van poder tornar a Arizcun.<\/p><p>L&#8217;esgl\u00e9sia t\u00e9 una monumental fa\u00e7ana barroca en carreu de dos colors, gris i vermell\u00f3s. Darrere de la fa\u00e7ana sobresurt la torre campanar de fust quadrat.<\/p>\t\t\t\t\t\t\t\t<\/div>\n\t\t\t\t<\/div>\n\t\t\t\t<div class=\"elementor-element elementor-element-cf2a1c7 elementor-widget elementor-widget-image\" data-id=\"cf2a1c7\" data-element_type=\"widget\" data-e-type=\"widget\" data-widget_type=\"image.default\">\n\t\t\t\t<div class=\"elementor-widget-container\">\n\t\t\t\t\t\t\t\t\t\t\t\t<figure class=\"wp-caption\">\n\t\t\t\t\t\t\t\t\t\t<img loading=\"lazy\" decoding=\"async\" width=\"768\" height=\"511\" src=\"https:\/\/www.elturistatranquil.com\/wp-content\/uploads\/F92-Arizcun-Monasterio-Nuestra-Se\u00f1ora-de-los-\u00c1ngeles.jpg\" class=\"attachment-large size-large wp-image-32342\" alt=\"Arizcun, Monasterio Nuestra Se\u00f1ora de los \u00c1ngeles\" srcset=\"https:\/\/www.elturistatranquil.com\/wp-content\/uploads\/F92-Arizcun-Monasterio-Nuestra-Se\u00f1ora-de-los-\u00c1ngeles.jpg 768w, https:\/\/www.elturistatranquil.com\/wp-content\/uploads\/F92-Arizcun-Monasterio-Nuestra-Se\u00f1ora-de-los-\u00c1ngeles-339x226.jpg 339w\" sizes=\"(max-width: 768px) 100vw, 768px\" \/>\t\t\t\t\t\t\t\t\t\t\t<figcaption class=\"widget-image-caption wp-caption-text\"><\/figcaption>\n\t\t\t\t\t\t\t\t\t\t<\/figure>\n\t\t\t\t\t\t\t\t\t<\/div>\n\t\t\t\t<\/div>\n\t\t\t\t<div class=\"elementor-element elementor-element-0ed8e85 elementor-widget elementor-widget-image\" data-id=\"0ed8e85\" data-element_type=\"widget\" data-e-type=\"widget\" data-widget_type=\"image.default\">\n\t\t\t\t<div class=\"elementor-widget-container\">\n\t\t\t\t\t\t\t\t\t\t\t\t<figure class=\"wp-caption\">\n\t\t\t\t\t\t\t\t\t\t<img loading=\"lazy\" decoding=\"async\" width=\"768\" height=\"512\" src=\"https:\/\/www.elturistatranquil.com\/wp-content\/uploads\/F93-Arizcun-Monasterio-Nuestra-Se\u00f1ora-de-los-\u00c1ngeles.jpg\" class=\"attachment-large size-large wp-image-32344\" alt=\"Arizcun, Monasterio Nuestra Se\u00f1ora de los \u00c1ngeles\" srcset=\"https:\/\/www.elturistatranquil.com\/wp-content\/uploads\/F93-Arizcun-Monasterio-Nuestra-Se\u00f1ora-de-los-\u00c1ngeles.jpg 768w, https:\/\/www.elturistatranquil.com\/wp-content\/uploads\/F93-Arizcun-Monasterio-Nuestra-Se\u00f1ora-de-los-\u00c1ngeles-339x226.jpg 339w\" sizes=\"(max-width: 768px) 100vw, 768px\" \/>\t\t\t\t\t\t\t\t\t\t\t<figcaption class=\"widget-image-caption wp-caption-text\"><\/figcaption>\n\t\t\t\t\t\t\t\t\t\t<\/figure>\n\t\t\t\t\t\t\t\t\t<\/div>\n\t\t\t\t<\/div>\n\t\t\t\t<div class=\"elementor-element elementor-element-88344fb elementor-widget elementor-widget-text-editor\" data-id=\"88344fb\" data-element_type=\"widget\" data-e-type=\"widget\" data-widget_type=\"text-editor.default\">\n\t\t\t\t<div class=\"elementor-widget-container\">\n\t\t\t\t\t\t\t\t\t<p>La construcci\u00f3 respon a un model del barroc madrileny. L&#8217;Esgl\u00e9sia adopta la planta de creu llatina, amb nau molt \u00e0mplia. Sense seguir la norma, l&#8217;orientaci\u00f3 del temple \u00e9s cap al sud, el que permet que el peu de l&#8217;Esgl\u00e9sia se situ\u00ef sobre el tra\u00e7at del carrer.<\/p><p>Adossat a la banda de l&#8217;ep\u00edstola es troba el Convent, amb un claustre quadrat de cinc arcuacions de mig punt i dos cossos.<\/p><p>Pel carrer, el convent continua l&#8217;alineaci\u00f3 de la fa\u00e7ana.<\/p>\t\t\t\t\t\t\t\t<\/div>\n\t\t\t\t<\/div>\n\t\t\t\t<div class=\"elementor-element elementor-element-f15122b elementor-widget elementor-widget-image\" data-id=\"f15122b\" data-element_type=\"widget\" data-e-type=\"widget\" data-widget_type=\"image.default\">\n\t\t\t\t<div class=\"elementor-widget-container\">\n\t\t\t\t\t\t\t\t\t\t\t\t<figure class=\"wp-caption\">\n\t\t\t\t\t\t\t\t\t\t<img loading=\"lazy\" decoding=\"async\" width=\"652\" height=\"550\" src=\"https:\/\/www.elturistatranquil.com\/wp-content\/uploads\/F94-Arizcun-Monasterio-Nuestra-Se\u00f1ora-de-los-\u00c1ngeles.jpg\" class=\"attachment-large size-large wp-image-32346\" alt=\"Arizcun, Monasterio Nuestra Se\u00f1ora de los \u00c1ngeles\" srcset=\"https:\/\/www.elturistatranquil.com\/wp-content\/uploads\/F94-Arizcun-Monasterio-Nuestra-Se\u00f1ora-de-los-\u00c1ngeles.jpg 652w, https:\/\/www.elturistatranquil.com\/wp-content\/uploads\/F94-Arizcun-Monasterio-Nuestra-Se\u00f1ora-de-los-\u00c1ngeles-268x226.jpg 268w\" sizes=\"(max-width: 652px) 100vw, 652px\" \/>\t\t\t\t\t\t\t\t\t\t\t<figcaption class=\"widget-image-caption wp-caption-text\"><\/figcaption>\n\t\t\t\t\t\t\t\t\t\t<\/figure>\n\t\t\t\t\t\t\t\t\t<\/div>\n\t\t\t\t<\/div>\n\t\t\t\t<div class=\"elementor-element elementor-element-1882f9a elementor-widget elementor-widget-image\" data-id=\"1882f9a\" data-element_type=\"widget\" data-e-type=\"widget\" data-widget_type=\"image.default\">\n\t\t\t\t<div class=\"elementor-widget-container\">\n\t\t\t\t\t\t\t\t\t\t\t\t<figure class=\"wp-caption\">\n\t\t\t\t\t\t\t\t\t\t<img loading=\"lazy\" decoding=\"async\" width=\"768\" height=\"511\" src=\"https:\/\/www.elturistatranquil.com\/wp-content\/uploads\/F95-Arizcun-Monasterio-Nuestra-Se\u00f1ora-de-los-\u00c1ngeles.jpg\" class=\"attachment-large size-large wp-image-32348\" alt=\"Arizcun, Monasterio Nuestra Se\u00f1ora de los \u00c1ngeles\" srcset=\"https:\/\/www.elturistatranquil.com\/wp-content\/uploads\/F95-Arizcun-Monasterio-Nuestra-Se\u00f1ora-de-los-\u00c1ngeles.jpg 768w, https:\/\/www.elturistatranquil.com\/wp-content\/uploads\/F95-Arizcun-Monasterio-Nuestra-Se\u00f1ora-de-los-\u00c1ngeles-339x226.jpg 339w\" sizes=\"(max-width: 768px) 100vw, 768px\" \/>\t\t\t\t\t\t\t\t\t\t\t<figcaption class=\"widget-image-caption wp-caption-text\"><\/figcaption>\n\t\t\t\t\t\t\t\t\t\t<\/figure>\n\t\t\t\t\t\t\t\t\t<\/div>\n\t\t\t\t<\/div>\n\t\t\t\t<div class=\"elementor-element elementor-element-eca233a elementor-widget elementor-widget-text-editor\" data-id=\"eca233a\" data-element_type=\"widget\" data-e-type=\"widget\" data-widget_type=\"text-editor.default\">\n\t\t\t\t<div class=\"elementor-widget-container\">\n\t\t\t\t\t\t\t\t\t<p>Adossada a la banda de l&#8217;evangeli del temple del Convent a trav\u00e9s d&#8217;un passad\u00eds cobert, s&#8217;al\u00e7a la <strong>casa-palau dels Iturralde, Iturraldea<\/strong>, de principis de segle XVIII.<\/p><p>De tres nivells amb teulada a quatre aig\u00fces amb un gran r\u00e0fec, seguint el model arquitect\u00f2nic de la zona.<\/p>\t\t\t\t\t\t\t\t<\/div>\n\t\t\t\t<\/div>\n\t\t\t\t<div class=\"elementor-element elementor-element-7ea664d elementor-widget elementor-widget-image\" data-id=\"7ea664d\" data-element_type=\"widget\" data-e-type=\"widget\" data-widget_type=\"image.default\">\n\t\t\t\t<div class=\"elementor-widget-container\">\n\t\t\t\t\t\t\t\t\t\t\t\t<figure class=\"wp-caption\">\n\t\t\t\t\t\t\t\t\t\t<img loading=\"lazy\" decoding=\"async\" width=\"768\" height=\"511\" src=\"https:\/\/www.elturistatranquil.com\/wp-content\/uploads\/F96-Arizcun.jpg\" class=\"attachment-large size-large wp-image-32350\" alt=\"Arizcun\" srcset=\"https:\/\/www.elturistatranquil.com\/wp-content\/uploads\/F96-Arizcun.jpg 768w, https:\/\/www.elturistatranquil.com\/wp-content\/uploads\/F96-Arizcun-339x226.jpg 339w\" sizes=\"(max-width: 768px) 100vw, 768px\" \/>\t\t\t\t\t\t\t\t\t\t\t<figcaption class=\"widget-image-caption wp-caption-text\"><\/figcaption>\n\t\t\t\t\t\t\t\t\t\t<\/figure>\n\t\t\t\t\t\t\t\t\t<\/div>\n\t\t\t\t<\/div>\n\t\t\t\t<div class=\"elementor-element elementor-element-8474613 elementor-widget elementor-widget-image\" data-id=\"8474613\" data-element_type=\"widget\" data-e-type=\"widget\" data-widget_type=\"image.default\">\n\t\t\t\t<div class=\"elementor-widget-container\">\n\t\t\t\t\t\t\t\t\t\t\t\t<figure class=\"wp-caption\">\n\t\t\t\t\t\t\t\t\t\t<img loading=\"lazy\" decoding=\"async\" width=\"768\" height=\"511\" src=\"https:\/\/www.elturistatranquil.com\/wp-content\/uploads\/F97-Arizcun.jpg\" class=\"attachment-large size-large wp-image-32352\" alt=\"Arizcun\" srcset=\"https:\/\/www.elturistatranquil.com\/wp-content\/uploads\/F97-Arizcun.jpg 768w, https:\/\/www.elturistatranquil.com\/wp-content\/uploads\/F97-Arizcun-339x226.jpg 339w\" sizes=\"(max-width: 768px) 100vw, 768px\" \/>\t\t\t\t\t\t\t\t\t\t\t<figcaption class=\"widget-image-caption wp-caption-text\"><\/figcaption>\n\t\t\t\t\t\t\t\t\t\t<\/figure>\n\t\t\t\t\t\t\t\t\t<\/div>\n\t\t\t\t<\/div>\n\t\t\t\t<div class=\"elementor-element elementor-element-666f621 elementor-widget elementor-widget-image\" data-id=\"666f621\" data-element_type=\"widget\" data-e-type=\"widget\" data-widget_type=\"image.default\">\n\t\t\t\t<div class=\"elementor-widget-container\">\n\t\t\t\t\t\t\t\t\t\t\t\t<figure class=\"wp-caption\">\n\t\t\t\t\t\t\t\t\t\t<img loading=\"lazy\" decoding=\"async\" width=\"768\" height=\"511\" src=\"https:\/\/www.elturistatranquil.com\/wp-content\/uploads\/F98-Arizcun.jpg\" class=\"attachment-large size-large wp-image-40977\" alt=\"Arizcun\" srcset=\"https:\/\/www.elturistatranquil.com\/wp-content\/uploads\/F98-Arizcun.jpg 768w, https:\/\/www.elturistatranquil.com\/wp-content\/uploads\/F98-Arizcun-339x226.jpg 339w\" sizes=\"(max-width: 768px) 100vw, 768px\" \/>\t\t\t\t\t\t\t\t\t\t\t<figcaption class=\"widget-image-caption wp-caption-text\"><\/figcaption>\n\t\t\t\t\t\t\t\t\t\t<\/figure>\n\t\t\t\t\t\t\t\t\t<\/div>\n\t\t\t\t<\/div>\n\t\t\t\t<div class=\"elementor-element elementor-element-28c9fff elementor-widget elementor-widget-image\" data-id=\"28c9fff\" data-element_type=\"widget\" data-e-type=\"widget\" data-widget_type=\"image.default\">\n\t\t\t\t<div class=\"elementor-widget-container\">\n\t\t\t\t\t\t\t\t\t\t\t\t<figure class=\"wp-caption\">\n\t\t\t\t\t\t\t\t\t\t<img loading=\"lazy\" decoding=\"async\" width=\"768\" height=\"511\" src=\"https:\/\/www.elturistatranquil.com\/wp-content\/uploads\/F99-Arizcun.jpg\" class=\"attachment-large size-large wp-image-32354\" alt=\"Arizcun\" srcset=\"https:\/\/www.elturistatranquil.com\/wp-content\/uploads\/F99-Arizcun.jpg 768w, https:\/\/www.elturistatranquil.com\/wp-content\/uploads\/F99-Arizcun-339x226.jpg 339w\" sizes=\"(max-width: 768px) 100vw, 768px\" \/>\t\t\t\t\t\t\t\t\t\t\t<figcaption class=\"widget-image-caption wp-caption-text\"><\/figcaption>\n\t\t\t\t\t\t\t\t\t\t<\/figure>\n\t\t\t\t\t\t\t\t\t<\/div>\n\t\t\t\t<\/div>\n\t\t\t\t<div class=\"elementor-element elementor-element-74c4f5d elementor-widget elementor-widget-text-editor\" data-id=\"74c4f5d\" data-element_type=\"widget\" data-e-type=\"widget\" data-widget_type=\"text-editor.default\">\n\t\t\t\t<div class=\"elementor-widget-container\">\n\t\t\t\t\t\t\t\t\t<p>A la fi del carrer es localitza l&#8217;edificaci\u00f3 d&#8217;una <strong>forja<\/strong>.<\/p>\t\t\t\t\t\t\t\t<\/div>\n\t\t\t\t<\/div>\n\t\t\t\t<div class=\"elementor-element elementor-element-6fde9f6 elementor-widget elementor-widget-image\" data-id=\"6fde9f6\" data-element_type=\"widget\" data-e-type=\"widget\" data-widget_type=\"image.default\">\n\t\t\t\t<div class=\"elementor-widget-container\">\n\t\t\t\t\t\t\t\t\t\t\t\t<figure class=\"wp-caption\">\n\t\t\t\t\t\t\t\t\t\t<img loading=\"lazy\" decoding=\"async\" width=\"768\" height=\"512\" src=\"https:\/\/www.elturistatranquil.com\/wp-content\/uploads\/F100-Arizcun.jpg\" class=\"attachment-large size-large wp-image-32365\" alt=\"Arizcun\" srcset=\"https:\/\/www.elturistatranquil.com\/wp-content\/uploads\/F100-Arizcun.jpg 768w, https:\/\/www.elturistatranquil.com\/wp-content\/uploads\/F100-Arizcun-339x226.jpg 339w\" sizes=\"(max-width: 768px) 100vw, 768px\" \/>\t\t\t\t\t\t\t\t\t\t\t<figcaption class=\"widget-image-caption wp-caption-text\"><\/figcaption>\n\t\t\t\t\t\t\t\t\t\t<\/figure>\n\t\t\t\t\t\t\t\t\t<\/div>\n\t\t\t\t<\/div>\n\t\t\t\t<div class=\"elementor-element elementor-element-e8e0630 elementor-widget elementor-widget-text-editor\" data-id=\"e8e0630\" data-element_type=\"widget\" data-e-type=\"widget\" data-widget_type=\"text-editor.default\">\n\t\t\t\t<div class=\"elementor-widget-container\">\n\t\t\t\t\t\t\t\t\t<p>Des d&#8217;aquest punt alt del carrer Txuputo tinc una perspectiva de tot el carrer, en la qual s&#8217;aprecia clarament la irregularitat del tra\u00e7at i de la disposici\u00f3 de cada un dels edificis que l\u2019integren.<\/p>\t\t\t\t\t\t\t\t<\/div>\n\t\t\t\t<\/div>\n\t\t\t\t<div class=\"elementor-element elementor-element-629f3d8 elementor-widget elementor-widget-menu-anchor\" data-id=\"629f3d8\" data-element_type=\"widget\" data-e-type=\"widget\" data-widget_type=\"menu-anchor.default\">\n\t\t\t\t<div class=\"elementor-widget-container\">\n\t\t\t\t\t\t\t<div class=\"elementor-menu-anchor\" id=\"c5804\"><\/div>\n\t\t\t\t\t\t<\/div>\n\t\t\t\t<\/div>\n\t\t\t\t<div class=\"elementor-element elementor-element-d10b0cf elementor-widget elementor-widget-image\" data-id=\"d10b0cf\" data-element_type=\"widget\" data-e-type=\"widget\" data-widget_type=\"image.default\">\n\t\t\t\t<div class=\"elementor-widget-container\">\n\t\t\t\t\t\t\t\t\t\t\t\t<figure class=\"wp-caption\">\n\t\t\t\t\t\t\t\t\t\t<img loading=\"lazy\" decoding=\"async\" width=\"768\" height=\"511\" src=\"https:\/\/www.elturistatranquil.com\/wp-content\/uploads\/F101-Arizcun.jpg\" class=\"attachment-large size-large wp-image-32367\" alt=\"Arizcun\" srcset=\"https:\/\/www.elturistatranquil.com\/wp-content\/uploads\/F101-Arizcun.jpg 768w, https:\/\/www.elturistatranquil.com\/wp-content\/uploads\/F101-Arizcun-339x226.jpg 339w\" sizes=\"(max-width: 768px) 100vw, 768px\" \/>\t\t\t\t\t\t\t\t\t\t\t<figcaption class=\"widget-image-caption wp-caption-text\"><\/figcaption>\n\t\t\t\t\t\t\t\t\t\t<\/figure>\n\t\t\t\t\t\t\t\t\t<\/div>\n\t\t\t\t<\/div>\n\t\t\t\t<div class=\"elementor-element elementor-element-f79a70d elementor-widget elementor-widget-heading\" data-id=\"f79a70d\" data-element_type=\"widget\" data-e-type=\"widget\" data-widget_type=\"heading.default\">\n\t\t\t\t<div class=\"elementor-widget-container\">\n\t\t\t\t\t<h3 class=\"elementor-heading-title elementor-size-default\">Amaiur\/Maya<\/h3>\t\t\t\t<\/div>\n\t\t\t\t<\/div>\n\t\t\t\t<div class=\"elementor-element elementor-element-e282abf elementor-widget elementor-widget-image\" data-id=\"e282abf\" data-element_type=\"widget\" data-e-type=\"widget\" data-widget_type=\"image.default\">\n\t\t\t\t<div class=\"elementor-widget-container\">\n\t\t\t\t\t\t\t\t\t\t\t\t<figure class=\"wp-caption\">\n\t\t\t\t\t\t\t\t\t\t<img loading=\"lazy\" decoding=\"async\" width=\"768\" height=\"511\" src=\"https:\/\/www.elturistatranquil.com\/wp-content\/uploads\/F102-Amaiur-Maya-Google-earth-2020-07-29.jpg\" class=\"attachment-large size-large wp-image-32369\" alt=\"Amaiur Maya (Google earth 2020-07-29)\" srcset=\"https:\/\/www.elturistatranquil.com\/wp-content\/uploads\/F102-Amaiur-Maya-Google-earth-2020-07-29.jpg 768w, https:\/\/www.elturistatranquil.com\/wp-content\/uploads\/F102-Amaiur-Maya-Google-earth-2020-07-29-339x226.jpg 339w\" sizes=\"(max-width: 768px) 100vw, 768px\" \/>\t\t\t\t\t\t\t\t\t\t\t<figcaption class=\"widget-image-caption wp-caption-text\">Amaiur\/Maya (Google earth 2020-07-29)<\/figcaption>\n\t\t\t\t\t\t\t\t\t\t<\/figure>\n\t\t\t\t\t\t\t\t\t<\/div>\n\t\t\t\t<\/div>\n\t\t\t\t<div class=\"elementor-element elementor-element-c922701 elementor-widget elementor-widget-text-editor\" data-id=\"c922701\" data-element_type=\"widget\" data-e-type=\"widget\" data-widget_type=\"text-editor.default\">\n\t\t\t\t<div class=\"elementor-widget-container\">\n\t\t\t\t\t\t\t\t\t<p>Coordenades: 43\u00b012\u203200\u2033N 1\u00b028\u203250\u2033O. Altitud: 282 msnm. Poblaci\u00f3: 138 habitants en el nucli i 257 habitants en la localitat (2019).<\/p><p>Arribo a <strong>Amaiur\/Maya<\/strong>, l&#8217;\u00faltima localitat del meu recorregut (<strong>a<\/strong>).<\/p><p>En aquest cas, el tra\u00e7at urb\u00e0 \u00e9s d&#8217;un sol carrer seguint el recorregut del Cam\u00ed de Sant Jaume. El tra\u00e7at de la carretera queda una mica allunyada de la localitat. Per visitar-cal dirigir espec\u00edficament a ella.<\/p><p>Totes les construccions s&#8217;adapten al tra\u00e7at sinu\u00f3s del primitiu cam\u00ed, gaireb\u00e9 sense poblament dispers.<\/p><p>Es mant\u00e9, per\u00f2, el model de cases individuals, separades entre si, per\u00f2 amb una disposici\u00f3 m\u00e9s regular que la que acabava de veure a Arizcun.<\/p><p>El primer que es troba, a m\u00e0 esquerra, \u00e9s la <strong>Casa Rectoral<\/strong> i, al seu costat, l&#8217;antic<strong> Mol\u00ed d&#8217;aigua<\/strong> (<strong>1<\/strong>).<\/p>\t\t\t\t\t\t\t\t<\/div>\n\t\t\t\t<\/div>\n\t\t\t\t<div class=\"elementor-element elementor-element-00d6385 elementor-widget elementor-widget-image\" data-id=\"00d6385\" data-element_type=\"widget\" data-e-type=\"widget\" data-widget_type=\"image.default\">\n\t\t\t\t<div class=\"elementor-widget-container\">\n\t\t\t\t\t\t\t\t\t\t\t\t<figure class=\"wp-caption\">\n\t\t\t\t\t\t\t\t\t\t<img loading=\"lazy\" decoding=\"async\" width=\"768\" height=\"512\" src=\"https:\/\/www.elturistatranquil.com\/wp-content\/uploads\/F103-Amaiur-Maya.jpg\" class=\"attachment-large size-large wp-image-32371\" alt=\"Amaiur\/Maya\" srcset=\"https:\/\/www.elturistatranquil.com\/wp-content\/uploads\/F103-Amaiur-Maya.jpg 768w, https:\/\/www.elturistatranquil.com\/wp-content\/uploads\/F103-Amaiur-Maya-339x226.jpg 339w\" sizes=\"(max-width: 768px) 100vw, 768px\" \/>\t\t\t\t\t\t\t\t\t\t\t<figcaption class=\"widget-image-caption wp-caption-text\"><\/figcaption>\n\t\t\t\t\t\t\t\t\t\t<\/figure>\n\t\t\t\t\t\t\t\t\t<\/div>\n\t\t\t\t<\/div>\n\t\t\t\t<div class=\"elementor-element elementor-element-9c05410 elementor-widget elementor-widget-image\" data-id=\"9c05410\" data-element_type=\"widget\" data-e-type=\"widget\" data-widget_type=\"image.default\">\n\t\t\t\t<div class=\"elementor-widget-container\">\n\t\t\t\t\t\t\t\t\t\t\t\t<figure class=\"wp-caption\">\n\t\t\t\t\t\t\t\t\t\t<img loading=\"lazy\" decoding=\"async\" width=\"768\" height=\"511\" src=\"https:\/\/www.elturistatranquil.com\/wp-content\/uploads\/F104-Amaiur-Maya-Molino.jpg\" class=\"attachment-large size-large wp-image-32373\" alt=\"Amaiur\/Maya, Molino\" srcset=\"https:\/\/www.elturistatranquil.com\/wp-content\/uploads\/F104-Amaiur-Maya-Molino.jpg 768w, https:\/\/www.elturistatranquil.com\/wp-content\/uploads\/F104-Amaiur-Maya-Molino-339x226.jpg 339w\" sizes=\"(max-width: 768px) 100vw, 768px\" \/>\t\t\t\t\t\t\t\t\t\t\t<figcaption class=\"widget-image-caption wp-caption-text\"><\/figcaption>\n\t\t\t\t\t\t\t\t\t\t<\/figure>\n\t\t\t\t\t\t\t\t\t<\/div>\n\t\t\t\t<\/div>\n\t\t\t\t<div class=\"elementor-element elementor-element-557b2c3 elementor-widget elementor-widget-image\" data-id=\"557b2c3\" data-element_type=\"widget\" data-e-type=\"widget\" data-widget_type=\"image.default\">\n\t\t\t\t<div class=\"elementor-widget-container\">\n\t\t\t\t\t\t\t\t\t\t\t\t<figure class=\"wp-caption\">\n\t\t\t\t\t\t\t\t\t\t<img loading=\"lazy\" decoding=\"async\" width=\"768\" height=\"511\" src=\"https:\/\/www.elturistatranquil.com\/wp-content\/uploads\/F105-Amaiur-Maya-Molino.jpg\" class=\"attachment-large size-large wp-image-32375\" alt=\"Amaiur\/Maya, Molino\" srcset=\"https:\/\/www.elturistatranquil.com\/wp-content\/uploads\/F105-Amaiur-Maya-Molino.jpg 768w, https:\/\/www.elturistatranquil.com\/wp-content\/uploads\/F105-Amaiur-Maya-Molino-339x226.jpg 339w\" sizes=\"(max-width: 768px) 100vw, 768px\" \/>\t\t\t\t\t\t\t\t\t\t\t<figcaption class=\"widget-image-caption wp-caption-text\"><\/figcaption>\n\t\t\t\t\t\t\t\t\t\t<\/figure>\n\t\t\t\t\t\t\t\t\t<\/div>\n\t\t\t\t<\/div>\n\t\t\t\t<div class=\"elementor-element elementor-element-c066eeb elementor-widget elementor-widget-text-editor\" data-id=\"c066eeb\" data-element_type=\"widget\" data-e-type=\"widget\" data-widget_type=\"text-editor.default\">\n\t\t\t\t<div class=\"elementor-widget-container\">\n\t\t\t\t\t\t\t\t\t<p>Recolzats en els laterals pot observar-se un antic <strong>rodet<\/strong> i tamb\u00e9 una <strong>pedra de mol\u00ed<\/strong>.<\/p>\t\t\t\t\t\t\t\t<\/div>\n\t\t\t\t<\/div>\n\t\t\t\t<section class=\"elementor-section elementor-inner-section elementor-element elementor-element-e76c2c6 elementor-section-boxed elementor-section-height-default elementor-section-height-default\" data-id=\"e76c2c6\" data-element_type=\"section\" data-e-type=\"section\">\n\t\t\t\t\t\t<div class=\"elementor-container elementor-column-gap-default\">\n\t\t\t\t\t<div class=\"elementor-column elementor-col-50 elementor-inner-column elementor-element elementor-element-8e5bcbe\" data-id=\"8e5bcbe\" data-element_type=\"column\" data-e-type=\"column\">\n\t\t\t<div class=\"elementor-widget-wrap elementor-element-populated\">\n\t\t\t\t\t\t<div class=\"elementor-element elementor-element-e28906d elementor-widget elementor-widget-image\" data-id=\"e28906d\" data-element_type=\"widget\" data-e-type=\"widget\" data-widget_type=\"image.default\">\n\t\t\t\t<div class=\"elementor-widget-container\">\n\t\t\t\t\t\t\t\t\t\t\t\t\t\t\t<img loading=\"lazy\" decoding=\"async\" width=\"380\" height=\"380\" src=\"https:\/\/www.elturistatranquil.com\/wp-content\/uploads\/F106m-Amaiur-Maya-Molino.jpg\" class=\"attachment-large size-large wp-image-32377\" alt=\"Amaiur\/Maya, Molino\" srcset=\"https:\/\/www.elturistatranquil.com\/wp-content\/uploads\/F106m-Amaiur-Maya-Molino.jpg 380w, https:\/\/www.elturistatranquil.com\/wp-content\/uploads\/F106m-Amaiur-Maya-Molino-226x226.jpg 226w\" sizes=\"(max-width: 380px) 100vw, 380px\" \/>\t\t\t\t\t\t\t\t\t\t\t\t\t\t\t<\/div>\n\t\t\t\t<\/div>\n\t\t\t\t\t<\/div>\n\t\t<\/div>\n\t\t\t\t<div class=\"elementor-column elementor-col-50 elementor-inner-column elementor-element elementor-element-07d5ecd\" data-id=\"07d5ecd\" data-element_type=\"column\" data-e-type=\"column\">\n\t\t\t<div class=\"elementor-widget-wrap elementor-element-populated\">\n\t\t\t\t\t\t<div class=\"elementor-element elementor-element-02c005c elementor-widget elementor-widget-image\" data-id=\"02c005c\" data-element_type=\"widget\" data-e-type=\"widget\" data-widget_type=\"image.default\">\n\t\t\t\t<div class=\"elementor-widget-container\">\n\t\t\t\t\t\t\t\t\t\t\t\t\t\t\t<img loading=\"lazy\" decoding=\"async\" width=\"380\" height=\"380\" src=\"https:\/\/www.elturistatranquil.com\/wp-content\/uploads\/F106n-Amaiur-Maya-Molino.jpg\" class=\"attachment-large size-large wp-image-32379\" alt=\"Amaiur\/Maya, Molino\" srcset=\"https:\/\/www.elturistatranquil.com\/wp-content\/uploads\/F106n-Amaiur-Maya-Molino.jpg 380w, https:\/\/www.elturistatranquil.com\/wp-content\/uploads\/F106n-Amaiur-Maya-Molino-226x226.jpg 226w\" sizes=\"(max-width: 380px) 100vw, 380px\" \/>\t\t\t\t\t\t\t\t\t\t\t\t\t\t\t<\/div>\n\t\t\t\t<\/div>\n\t\t\t\t\t<\/div>\n\t\t<\/div>\n\t\t\t\t\t<\/div>\n\t\t<\/section>\n\t\t\t\t<div class=\"elementor-element elementor-element-bf99780 elementor-widget elementor-widget-text-editor\" data-id=\"bf99780\" data-element_type=\"widget\" data-e-type=\"widget\" data-widget_type=\"text-editor.default\">\n\t\t\t\t<div class=\"elementor-widget-container\">\n\t\t\t\t\t\t\t\t\t<p>Al davant, a l&#8217;altre costat del cam\u00ed, se situa l&#8217;<strong>Esgl\u00e9sia<\/strong> <strong>de la Asunci\u00f3n<\/strong> (<strong>2<\/strong>) i, un creuer.<\/p><p>L&#8217;Esgl\u00e9sia \u00e9s d&#8217;origen medieval, per\u00f2 amb importants transformacions en els segles XVI i XVIII.<\/p><p>L&#8217;entrada pel peu del temple es produeix a trav\u00e9s de la torre-campanar de segle XVI, que fa de petit porxo.<\/p>\t\t\t\t\t\t\t\t<\/div>\n\t\t\t\t<\/div>\n\t\t\t\t<div class=\"elementor-element elementor-element-965d59f elementor-widget elementor-widget-image\" data-id=\"965d59f\" data-element_type=\"widget\" data-e-type=\"widget\" data-widget_type=\"image.default\">\n\t\t\t\t<div class=\"elementor-widget-container\">\n\t\t\t\t\t\t\t\t\t\t\t\t<figure class=\"wp-caption\">\n\t\t\t\t\t\t\t\t\t\t<img loading=\"lazy\" decoding=\"async\" width=\"768\" height=\"511\" src=\"https:\/\/www.elturistatranquil.com\/wp-content\/uploads\/F107-Amaiur-Maya-Iglesia-de-la-Asunci\u00f3n.jpg\" class=\"attachment-large size-large wp-image-32381\" alt=\"Amaiur\/Maya, Iglesia de la Asunci\u00f3n\" srcset=\"https:\/\/www.elturistatranquil.com\/wp-content\/uploads\/F107-Amaiur-Maya-Iglesia-de-la-Asunci\u00f3n.jpg 768w, https:\/\/www.elturistatranquil.com\/wp-content\/uploads\/F107-Amaiur-Maya-Iglesia-de-la-Asunci\u00f3n-339x226.jpg 339w\" sizes=\"(max-width: 768px) 100vw, 768px\" \/>\t\t\t\t\t\t\t\t\t\t\t<figcaption class=\"widget-image-caption wp-caption-text\"><\/figcaption>\n\t\t\t\t\t\t\t\t\t\t<\/figure>\n\t\t\t\t\t\t\t\t\t<\/div>\n\t\t\t\t<\/div>\n\t\t\t\t<div class=\"elementor-element elementor-element-7381c87 elementor-widget elementor-widget-text-editor\" data-id=\"7381c87\" data-element_type=\"widget\" data-e-type=\"widget\" data-widget_type=\"text-editor.default\">\n\t\t\t\t<div class=\"elementor-widget-container\">\n\t\t\t\t\t\t\t\t\t<p>El creuer data de 1695.<\/p>\t\t\t\t\t\t\t\t<\/div>\n\t\t\t\t<\/div>\n\t\t\t\t<div class=\"elementor-element elementor-element-63f8989 elementor-widget elementor-widget-image\" data-id=\"63f8989\" data-element_type=\"widget\" data-e-type=\"widget\" data-widget_type=\"image.default\">\n\t\t\t\t<div class=\"elementor-widget-container\">\n\t\t\t\t\t\t\t\t\t\t\t\t<figure class=\"wp-caption\">\n\t\t\t\t\t\t\t\t\t\t<img loading=\"lazy\" decoding=\"async\" width=\"768\" height=\"511\" src=\"https:\/\/www.elturistatranquil.com\/wp-content\/uploads\/F108-Amaiur-Maya.jpg\" class=\"attachment-large size-large wp-image-32383\" alt=\"Amaiur\/Maya\" srcset=\"https:\/\/www.elturistatranquil.com\/wp-content\/uploads\/F108-Amaiur-Maya.jpg 768w, https:\/\/www.elturistatranquil.com\/wp-content\/uploads\/F108-Amaiur-Maya-339x226.jpg 339w\" sizes=\"(max-width: 768px) 100vw, 768px\" \/>\t\t\t\t\t\t\t\t\t\t\t<figcaption class=\"widget-image-caption wp-caption-text\"><\/figcaption>\n\t\t\t\t\t\t\t\t\t\t<\/figure>\n\t\t\t\t\t\t\t\t\t<\/div>\n\t\t\t\t<\/div>\n\t\t\t\t<div class=\"elementor-element elementor-element-29c10bc elementor-widget elementor-widget-text-editor\" data-id=\"29c10bc\" data-element_type=\"widget\" data-e-type=\"widget\" data-widget_type=\"text-editor.default\">\n\t\t\t\t<div class=\"elementor-widget-container\">\n\t\t\t\t\t\t\t\t\t<p>Al costat del creuer una escultura moderna de <em>Mikel Iriarte<\/em> i <em>Bego\u00f1a Durruty<\/em>.<\/p>\t\t\t\t\t\t\t\t<\/div>\n\t\t\t\t<\/div>\n\t\t\t\t<div class=\"elementor-element elementor-element-064d205 elementor-widget elementor-widget-image\" data-id=\"064d205\" data-element_type=\"widget\" data-e-type=\"widget\" data-widget_type=\"image.default\">\n\t\t\t\t<div class=\"elementor-widget-container\">\n\t\t\t\t\t\t\t\t\t\t\t\t<figure class=\"wp-caption\">\n\t\t\t\t\t\t\t\t\t\t<img loading=\"lazy\" decoding=\"async\" width=\"768\" height=\"511\" src=\"https:\/\/www.elturistatranquil.com\/wp-content\/uploads\/F109-Amaiur-escultura-de-Mikel-Iriarte-y-Bego\u00f1a-Durruty.jpg\" class=\"attachment-large size-large wp-image-32385\" alt=\"Amaiur, escultura de Mikel Iriarte y Bego\u00f1a Durruty\" srcset=\"https:\/\/www.elturistatranquil.com\/wp-content\/uploads\/F109-Amaiur-escultura-de-Mikel-Iriarte-y-Bego\u00f1a-Durruty.jpg 768w, https:\/\/www.elturistatranquil.com\/wp-content\/uploads\/F109-Amaiur-escultura-de-Mikel-Iriarte-y-Bego\u00f1a-Durruty-339x226.jpg 339w\" sizes=\"(max-width: 768px) 100vw, 768px\" \/>\t\t\t\t\t\t\t\t\t\t\t<figcaption class=\"widget-image-caption wp-caption-text\"><\/figcaption>\n\t\t\t\t\t\t\t\t\t\t<\/figure>\n\t\t\t\t\t\t\t\t\t<\/div>\n\t\t\t\t<\/div>\n\t\t\t\t<div class=\"elementor-element elementor-element-fb7b6cc elementor-widget elementor-widget-text-editor\" data-id=\"fb7b6cc\" data-element_type=\"widget\" data-e-type=\"widget\" data-widget_type=\"text-editor.default\">\n\t\t\t\t<div class=\"elementor-widget-container\">\n\t\t\t\t\t\t\t\t\t<p>Davant el creuer comen\u00e7a el <strong>carrer Major<\/strong>, que presenta el particular <strong>Arc d&#8217;Amaiur\/Maya<\/strong>.<\/p><p>L&#8217;arc d&#8217;Amaiur\/Maya es va construir al segle XVII i des de llavors constitueix l&#8217;entrada al nucli urb\u00e0. Sobre la porta l&#8217;escut de la localitat.<\/p><p>Hi ha diferents llegendes sobre l&#8217;arc. Unes expliquen que una terrible pesta va afectar el bestiar de la zona i que quan l&#8217;epid\u00e8mia va arribar a les portes d&#8217;Amaiur, l&#8217;arc va impedir que entr\u00e9s al poble. Altres afirmen que l&#8217;arc protegia als ve\u00efns de les malalties. I n&#8217;hi ha tamb\u00e9 que diuen que l&#8217;arc recorda als amaiurtarres que van morir per les pestes.<\/p>\t\t\t\t\t\t\t\t<\/div>\n\t\t\t\t<\/div>\n\t\t\t\t<div class=\"elementor-element elementor-element-c9663e3 elementor-widget elementor-widget-image\" data-id=\"c9663e3\" data-element_type=\"widget\" data-e-type=\"widget\" data-widget_type=\"image.default\">\n\t\t\t\t<div class=\"elementor-widget-container\">\n\t\t\t\t\t\t\t\t\t\t\t\t<figure class=\"wp-caption\">\n\t\t\t\t\t\t\t\t\t\t<img loading=\"lazy\" decoding=\"async\" width=\"768\" height=\"512\" src=\"https:\/\/www.elturistatranquil.com\/wp-content\/uploads\/F110-Amaiur-Maya.jpg\" class=\"attachment-large size-large wp-image-32387\" alt=\"Amaiur\/Maya\" srcset=\"https:\/\/www.elturistatranquil.com\/wp-content\/uploads\/F110-Amaiur-Maya.jpg 768w, https:\/\/www.elturistatranquil.com\/wp-content\/uploads\/F110-Amaiur-Maya-339x226.jpg 339w\" sizes=\"(max-width: 768px) 100vw, 768px\" \/>\t\t\t\t\t\t\t\t\t\t\t<figcaption class=\"widget-image-caption wp-caption-text\"><\/figcaption>\n\t\t\t\t\t\t\t\t\t\t<\/figure>\n\t\t\t\t\t\t\t\t\t<\/div>\n\t\t\t\t<\/div>\n\t\t\t\t<div class=\"elementor-element elementor-element-178747d elementor-widget elementor-widget-text-editor\" data-id=\"178747d\" data-element_type=\"widget\" data-e-type=\"widget\" data-widget_type=\"text-editor.default\">\n\t\t\t\t<div class=\"elementor-widget-container\">\n\t\t\t\t\t\t\t\t\t<p>Com he assenyalat, la localitat es va construir sobre el Cam\u00ed de Sant Jaume.<\/p><p>Reminisc\u00e8ncia d&#8217;aquesta \u00e8poca es mostra en un dels primers edificis que trobo, que va haver de ser un antic <strong>Hospital<\/strong> en el Cam\u00ed.<\/p>\t\t\t\t\t\t\t\t<\/div>\n\t\t\t\t<\/div>\n\t\t\t\t<div class=\"elementor-element elementor-element-c30107f elementor-widget elementor-widget-image\" data-id=\"c30107f\" data-element_type=\"widget\" data-e-type=\"widget\" data-widget_type=\"image.default\">\n\t\t\t\t<div class=\"elementor-widget-container\">\n\t\t\t\t\t\t\t\t\t\t\t\t<figure class=\"wp-caption\">\n\t\t\t\t\t\t\t\t\t\t<img loading=\"lazy\" decoding=\"async\" width=\"366\" height=\"550\" src=\"https:\/\/www.elturistatranquil.com\/wp-content\/uploads\/F111-Amaiur-Maya.jpg\" class=\"attachment-large size-large wp-image-32389\" alt=\"Amaiur\/Maya\" srcset=\"https:\/\/www.elturistatranquil.com\/wp-content\/uploads\/F111-Amaiur-Maya.jpg 366w, https:\/\/www.elturistatranquil.com\/wp-content\/uploads\/F111-Amaiur-Maya-150x226.jpg 150w\" sizes=\"(max-width: 366px) 100vw, 366px\" \/>\t\t\t\t\t\t\t\t\t\t\t<figcaption class=\"widget-image-caption wp-caption-text\"><\/figcaption>\n\t\t\t\t\t\t\t\t\t\t<\/figure>\n\t\t\t\t\t\t\t\t\t<\/div>\n\t\t\t\t<\/div>\n\t\t\t\t<div class=\"elementor-element elementor-element-2745cf1 elementor-widget elementor-widget-text-editor\" data-id=\"2745cf1\" data-element_type=\"widget\" data-e-type=\"widget\" data-widget_type=\"text-editor.default\">\n\t\t\t\t<div class=\"elementor-widget-container\">\n\t\t\t\t\t\t\t\t\t<p>El carrer \u00e9s una successi\u00f3 de Palaus i cases blasonades, al costat de grans casalots d&#8217;arquitectura popular.<\/p>\t\t\t\t\t\t\t\t<\/div>\n\t\t\t\t<\/div>\n\t\t\t\t<div class=\"elementor-element elementor-element-30cd732 elementor-widget elementor-widget-image\" data-id=\"30cd732\" data-element_type=\"widget\" data-e-type=\"widget\" data-widget_type=\"image.default\">\n\t\t\t\t<div class=\"elementor-widget-container\">\n\t\t\t\t\t\t\t\t\t\t\t\t<figure class=\"wp-caption\">\n\t\t\t\t\t\t\t\t\t\t<img loading=\"lazy\" decoding=\"async\" width=\"768\" height=\"511\" src=\"https:\/\/www.elturistatranquil.com\/wp-content\/uploads\/F112-Amaiur-Maya.jpg\" class=\"attachment-large size-large wp-image-32391\" alt=\"Amaiur\/Maya\" srcset=\"https:\/\/www.elturistatranquil.com\/wp-content\/uploads\/F112-Amaiur-Maya.jpg 768w, https:\/\/www.elturistatranquil.com\/wp-content\/uploads\/F112-Amaiur-Maya-339x226.jpg 339w\" sizes=\"(max-width: 768px) 100vw, 768px\" \/>\t\t\t\t\t\t\t\t\t\t\t<figcaption class=\"widget-image-caption wp-caption-text\"><\/figcaption>\n\t\t\t\t\t\t\t\t\t\t<\/figure>\n\t\t\t\t\t\t\t\t\t<\/div>\n\t\t\t\t<\/div>\n\t\t\t\t<div class=\"elementor-element elementor-element-431402f elementor-widget elementor-widget-image\" data-id=\"431402f\" data-element_type=\"widget\" data-e-type=\"widget\" data-widget_type=\"image.default\">\n\t\t\t\t<div class=\"elementor-widget-container\">\n\t\t\t\t\t\t\t\t\t\t\t\t<figure class=\"wp-caption\">\n\t\t\t\t\t\t\t\t\t\t<img loading=\"lazy\" decoding=\"async\" width=\"768\" height=\"511\" src=\"https:\/\/www.elturistatranquil.com\/wp-content\/uploads\/F113-Amaiur-Maya.jpg\" class=\"attachment-large size-large wp-image-32393\" alt=\"Amaiur\/Maya\" srcset=\"https:\/\/www.elturistatranquil.com\/wp-content\/uploads\/F113-Amaiur-Maya.jpg 768w, https:\/\/www.elturistatranquil.com\/wp-content\/uploads\/F113-Amaiur-Maya-339x226.jpg 339w\" sizes=\"(max-width: 768px) 100vw, 768px\" \/>\t\t\t\t\t\t\t\t\t\t\t<figcaption class=\"widget-image-caption wp-caption-text\"><\/figcaption>\n\t\t\t\t\t\t\t\t\t\t<\/figure>\n\t\t\t\t\t\t\t\t\t<\/div>\n\t\t\t\t<\/div>\n\t\t\t\t<div class=\"elementor-element elementor-element-3ab5c9c elementor-widget elementor-widget-image\" data-id=\"3ab5c9c\" data-element_type=\"widget\" data-e-type=\"widget\" data-widget_type=\"image.default\">\n\t\t\t\t<div class=\"elementor-widget-container\">\n\t\t\t\t\t\t\t\t\t\t\t\t<figure class=\"wp-caption\">\n\t\t\t\t\t\t\t\t\t\t<img loading=\"lazy\" decoding=\"async\" width=\"768\" height=\"511\" src=\"https:\/\/www.elturistatranquil.com\/wp-content\/uploads\/F114-Amaiur-Maya.jpg\" class=\"attachment-large size-large wp-image-32395\" alt=\"Amaiur\/Maya\" srcset=\"https:\/\/www.elturistatranquil.com\/wp-content\/uploads\/F114-Amaiur-Maya.jpg 768w, https:\/\/www.elturistatranquil.com\/wp-content\/uploads\/F114-Amaiur-Maya-339x226.jpg 339w\" sizes=\"(max-width: 768px) 100vw, 768px\" \/>\t\t\t\t\t\t\t\t\t\t\t<figcaption class=\"widget-image-caption wp-caption-text\"><\/figcaption>\n\t\t\t\t\t\t\t\t\t\t<\/figure>\n\t\t\t\t\t\t\t\t\t<\/div>\n\t\t\t\t<\/div>\n\t\t\t\t<div class=\"elementor-element elementor-element-9343774 elementor-widget elementor-widget-image\" data-id=\"9343774\" data-element_type=\"widget\" data-e-type=\"widget\" data-widget_type=\"image.default\">\n\t\t\t\t<div class=\"elementor-widget-container\">\n\t\t\t\t\t\t\t\t\t\t\t\t<figure class=\"wp-caption\">\n\t\t\t\t\t\t\t\t\t\t<img loading=\"lazy\" decoding=\"async\" width=\"768\" height=\"511\" src=\"https:\/\/www.elturistatranquil.com\/wp-content\/uploads\/F115-Amaiur-Maya.jpg\" class=\"attachment-large size-large wp-image-32397\" alt=\"Amaiur\/Maya\" srcset=\"https:\/\/www.elturistatranquil.com\/wp-content\/uploads\/F115-Amaiur-Maya.jpg 768w, https:\/\/www.elturistatranquil.com\/wp-content\/uploads\/F115-Amaiur-Maya-339x226.jpg 339w\" sizes=\"(max-width: 768px) 100vw, 768px\" \/>\t\t\t\t\t\t\t\t\t\t\t<figcaption class=\"widget-image-caption wp-caption-text\"><\/figcaption>\n\t\t\t\t\t\t\t\t\t\t<\/figure>\n\t\t\t\t\t\t\t\t\t<\/div>\n\t\t\t\t<\/div>\n\t\t\t\t<div class=\"elementor-element elementor-element-4c476f9 elementor-widget elementor-widget-text-editor\" data-id=\"4c476f9\" data-element_type=\"widget\" data-e-type=\"widget\" data-widget_type=\"text-editor.default\">\n\t\t\t\t<div class=\"elementor-widget-container\">\n\t\t\t\t\t\t\t\t\t<p>A mig carrer s&#8217;obre una pla\u00e7a on s&#8217;ubica l&#8217;<strong>Herriko Etxea<\/strong> (<strong>Casa del Poble<\/strong>).<\/p>\t\t\t\t\t\t\t\t<\/div>\n\t\t\t\t<\/div>\n\t\t\t\t<div class=\"elementor-element elementor-element-cf2ac73 elementor-widget elementor-widget-image\" data-id=\"cf2ac73\" data-element_type=\"widget\" data-e-type=\"widget\" data-widget_type=\"image.default\">\n\t\t\t\t<div class=\"elementor-widget-container\">\n\t\t\t\t\t\t\t\t\t\t\t\t<figure class=\"wp-caption\">\n\t\t\t\t\t\t\t\t\t\t<img loading=\"lazy\" decoding=\"async\" width=\"768\" height=\"511\" src=\"https:\/\/www.elturistatranquil.com\/wp-content\/uploads\/F116-Amaiur-Maya-Herriko-Etxea.jpg\" class=\"attachment-large size-large wp-image-32399\" alt=\"Amaiur\/Maya\" srcset=\"https:\/\/www.elturistatranquil.com\/wp-content\/uploads\/F116-Amaiur-Maya-Herriko-Etxea.jpg 768w, https:\/\/www.elturistatranquil.com\/wp-content\/uploads\/F116-Amaiur-Maya-Herriko-Etxea-339x226.jpg 339w\" sizes=\"(max-width: 768px) 100vw, 768px\" \/>\t\t\t\t\t\t\t\t\t\t\t<figcaption class=\"widget-image-caption wp-caption-text\"><\/figcaption>\n\t\t\t\t\t\t\t\t\t\t<\/figure>\n\t\t\t\t\t\t\t\t\t<\/div>\n\t\t\t\t<\/div>\n\t\t\t\t<div class=\"elementor-element elementor-element-e7c15e3 elementor-widget elementor-widget-text-editor\" data-id=\"e7c15e3\" data-element_type=\"widget\" data-e-type=\"widget\" data-widget_type=\"text-editor.default\">\n\t\t\t\t<div class=\"elementor-widget-container\">\n\t\t\t\t\t\t\t\t\t<p>El seg\u00fcent edifici \u00e9s de l&#8217;any 1610, segons consta a la fa\u00e7ana, al costat de la inscripci\u00f3: \u201c<em>Esta casa la hizo I\u00f1igo de Harizgun<\/em>\u201d.<\/p>\t\t\t\t\t\t\t\t<\/div>\n\t\t\t\t<\/div>\n\t\t\t\t<div class=\"elementor-element elementor-element-04b7301 elementor-widget elementor-widget-image\" data-id=\"04b7301\" data-element_type=\"widget\" data-e-type=\"widget\" data-widget_type=\"image.default\">\n\t\t\t\t<div class=\"elementor-widget-container\">\n\t\t\t\t\t\t\t\t\t\t\t\t<figure class=\"wp-caption\">\n\t\t\t\t\t\t\t\t\t\t<img loading=\"lazy\" decoding=\"async\" width=\"768\" height=\"511\" src=\"https:\/\/www.elturistatranquil.com\/wp-content\/uploads\/F117-Amaiur-Maya.jpg\" class=\"attachment-large size-large wp-image-32401\" alt=\"Amaiur\/Maya\" srcset=\"https:\/\/www.elturistatranquil.com\/wp-content\/uploads\/F117-Amaiur-Maya.jpg 768w, https:\/\/www.elturistatranquil.com\/wp-content\/uploads\/F117-Amaiur-Maya-339x226.jpg 339w\" sizes=\"(max-width: 768px) 100vw, 768px\" \/>\t\t\t\t\t\t\t\t\t\t\t<figcaption class=\"widget-image-caption wp-caption-text\"><\/figcaption>\n\t\t\t\t\t\t\t\t\t\t<\/figure>\n\t\t\t\t\t\t\t\t\t<\/div>\n\t\t\t\t<\/div>\n\t\t\t\t<div class=\"elementor-element elementor-element-e210fa3 elementor-widget elementor-widget-image\" data-id=\"e210fa3\" data-element_type=\"widget\" data-e-type=\"widget\" data-widget_type=\"image.default\">\n\t\t\t\t<div class=\"elementor-widget-container\">\n\t\t\t\t\t\t\t\t\t\t\t\t<figure class=\"wp-caption\">\n\t\t\t\t\t\t\t\t\t\t<img loading=\"lazy\" decoding=\"async\" width=\"768\" height=\"512\" src=\"https:\/\/www.elturistatranquil.com\/wp-content\/uploads\/F118-Amaiur-Maya.jpg\" class=\"attachment-large size-large wp-image-32403\" alt=\"Amaiur\/Maya\" srcset=\"https:\/\/www.elturistatranquil.com\/wp-content\/uploads\/F118-Amaiur-Maya.jpg 768w, https:\/\/www.elturistatranquil.com\/wp-content\/uploads\/F118-Amaiur-Maya-339x226.jpg 339w\" sizes=\"(max-width: 768px) 100vw, 768px\" \/>\t\t\t\t\t\t\t\t\t\t\t<figcaption class=\"widget-image-caption wp-caption-text\"><\/figcaption>\n\t\t\t\t\t\t\t\t\t\t<\/figure>\n\t\t\t\t\t\t\t\t\t<\/div>\n\t\t\t\t<\/div>\n\t\t\t\t<div class=\"elementor-element elementor-element-93bf3b5 elementor-widget elementor-widget-image\" data-id=\"93bf3b5\" data-element_type=\"widget\" data-e-type=\"widget\" data-widget_type=\"image.default\">\n\t\t\t\t<div class=\"elementor-widget-container\">\n\t\t\t\t\t\t\t\t\t\t\t\t<figure class=\"wp-caption\">\n\t\t\t\t\t\t\t\t\t\t<img loading=\"lazy\" decoding=\"async\" width=\"768\" height=\"511\" src=\"https:\/\/www.elturistatranquil.com\/wp-content\/uploads\/F119-Amaiur-Maya.jpg\" class=\"attachment-large size-large wp-image-32405\" alt=\"Amaiur\/Maya\" srcset=\"https:\/\/www.elturistatranquil.com\/wp-content\/uploads\/F119-Amaiur-Maya.jpg 768w, https:\/\/www.elturistatranquil.com\/wp-content\/uploads\/F119-Amaiur-Maya-339x226.jpg 339w\" sizes=\"(max-width: 768px) 100vw, 768px\" \/>\t\t\t\t\t\t\t\t\t\t\t<figcaption class=\"widget-image-caption wp-caption-text\"><\/figcaption>\n\t\t\t\t\t\t\t\t\t\t<\/figure>\n\t\t\t\t\t\t\t\t\t<\/div>\n\t\t\t\t<\/div>\n\t\t\t\t<div class=\"elementor-element elementor-element-79dc61d elementor-widget elementor-widget-image\" data-id=\"79dc61d\" data-element_type=\"widget\" data-e-type=\"widget\" data-widget_type=\"image.default\">\n\t\t\t\t<div class=\"elementor-widget-container\">\n\t\t\t\t\t\t\t\t\t\t\t\t<figure class=\"wp-caption\">\n\t\t\t\t\t\t\t\t\t\t<img loading=\"lazy\" decoding=\"async\" width=\"768\" height=\"511\" src=\"https:\/\/www.elturistatranquil.com\/wp-content\/uploads\/F120-Amaiur-Maya.jpg\" class=\"attachment-large size-large wp-image-32407\" alt=\"Amaiur\/Maya\" srcset=\"https:\/\/www.elturistatranquil.com\/wp-content\/uploads\/F120-Amaiur-Maya.jpg 768w, https:\/\/www.elturistatranquil.com\/wp-content\/uploads\/F120-Amaiur-Maya-339x226.jpg 339w\" sizes=\"(max-width: 768px) 100vw, 768px\" \/>\t\t\t\t\t\t\t\t\t\t\t<figcaption class=\"widget-image-caption wp-caption-text\"><\/figcaption>\n\t\t\t\t\t\t\t\t\t\t<\/figure>\n\t\t\t\t\t\t\t\t\t<\/div>\n\t\t\t\t<\/div>\n\t\t\t\t<div class=\"elementor-element elementor-element-e28620c elementor-widget elementor-widget-text-editor\" data-id=\"e28620c\" data-element_type=\"widget\" data-e-type=\"widget\" data-widget_type=\"text-editor.default\">\n\t\t\t\t<div class=\"elementor-widget-container\">\n\t\t\t\t\t\t\t\t\t<p>El <strong>Palau Arrechea<\/strong> \u00e9s un palau de Cap d&#8217;Armeria. L&#8217;edificaci\u00f3 \u00e9s del segle XVII, amb una fa\u00e7ana de carreu regular, amb dues plantes i \u00e0tic i teulada de dues aig\u00fces. La porta \u00e9s d&#8217;arc de mig punt amb grans dovelles, descentrada.<\/p>\t\t\t\t\t\t\t\t<\/div>\n\t\t\t\t<\/div>\n\t\t\t\t<div class=\"elementor-element elementor-element-88ca945 elementor-widget elementor-widget-image\" data-id=\"88ca945\" data-element_type=\"widget\" data-e-type=\"widget\" data-widget_type=\"image.default\">\n\t\t\t\t<div class=\"elementor-widget-container\">\n\t\t\t\t\t\t\t\t\t\t\t\t<figure class=\"wp-caption\">\n\t\t\t\t\t\t\t\t\t\t<img loading=\"lazy\" decoding=\"async\" width=\"768\" height=\"511\" src=\"https:\/\/www.elturistatranquil.com\/wp-content\/uploads\/F121-Amaiur-Maya-Palacio-Arrechea.jpg\" class=\"attachment-large size-large wp-image-32409\" alt=\"Amaiur\/Maya, Palacio Arrechea\" srcset=\"https:\/\/www.elturistatranquil.com\/wp-content\/uploads\/F121-Amaiur-Maya-Palacio-Arrechea.jpg 768w, https:\/\/www.elturistatranquil.com\/wp-content\/uploads\/F121-Amaiur-Maya-Palacio-Arrechea-339x226.jpg 339w\" sizes=\"(max-width: 768px) 100vw, 768px\" \/>\t\t\t\t\t\t\t\t\t\t\t<figcaption class=\"widget-image-caption wp-caption-text\"><\/figcaption>\n\t\t\t\t\t\t\t\t\t\t<\/figure>\n\t\t\t\t\t\t\t\t\t<\/div>\n\t\t\t\t<\/div>\n\t\t\t\t<div class=\"elementor-element elementor-element-797a483 elementor-widget elementor-widget-text-editor\" data-id=\"797a483\" data-element_type=\"widget\" data-e-type=\"widget\" data-widget_type=\"text-editor.default\">\n\t\t\t\t<div class=\"elementor-widget-container\">\n\t\t\t\t\t\t\t\t\t<p>A la fin del carrer es troba el <strong>Palau Bordacoechea<\/strong> o <strong>Palau Borda<\/strong>. Tamb\u00e9 del segle XVII. Va ser elevat a categoria de Cap d&#8217;Armeria l&#8217;any 1728.<\/p><p>La planta inferior s&#8217;obre amb un p\u00f2rtic de cinc arcades de mig punt en un mur de carreus vermells que ocupa la fa\u00e7ana i part dels laterals.<\/p><p>A la resta els cantons i finestres s\u00f3n de carreus i la paret arrebossada blanca.<\/p>\t\t\t\t\t\t\t\t<\/div>\n\t\t\t\t<\/div>\n\t\t\t\t<div class=\"elementor-element elementor-element-bb2d914 elementor-widget elementor-widget-image\" data-id=\"bb2d914\" data-element_type=\"widget\" data-e-type=\"widget\" data-widget_type=\"image.default\">\n\t\t\t\t<div class=\"elementor-widget-container\">\n\t\t\t\t\t\t\t\t\t\t\t\t<figure class=\"wp-caption\">\n\t\t\t\t\t\t\t\t\t\t<img loading=\"lazy\" decoding=\"async\" width=\"768\" height=\"511\" src=\"https:\/\/www.elturistatranquil.com\/wp-content\/uploads\/F122-Amaiur-Maya-palacio-Bordacoechea.jpg\" class=\"attachment-large size-large wp-image-32411\" alt=\"Amaiur\/Maya, palacio-Bordacoechea\" srcset=\"https:\/\/www.elturistatranquil.com\/wp-content\/uploads\/F122-Amaiur-Maya-palacio-Bordacoechea.jpg 768w, https:\/\/www.elturistatranquil.com\/wp-content\/uploads\/F122-Amaiur-Maya-palacio-Bordacoechea-339x226.jpg 339w\" sizes=\"(max-width: 768px) 100vw, 768px\" \/>\t\t\t\t\t\t\t\t\t\t\t<figcaption class=\"widget-image-caption wp-caption-text\"><\/figcaption>\n\t\t\t\t\t\t\t\t\t\t<\/figure>\n\t\t\t\t\t\t\t\t\t<\/div>\n\t\t\t\t<\/div>\n\t\t\t\t<div class=\"elementor-element elementor-element-6390611 elementor-widget elementor-widget-text-editor\" data-id=\"6390611\" data-element_type=\"widget\" data-e-type=\"widget\" data-widget_type=\"text-editor.default\">\n\t\t\t\t<div class=\"elementor-widget-container\">\n\t\t\t\t\t\t\t\t\t<p>Per darrere del Palau Arrechea, s&#8217;eleva el cim de <strong>Gaztelu<\/strong> (366 msnm).<\/p><p>En aquest tur\u00f3 s&#8217;al\u00e7ava el castell d&#8217;Amaiur, on, actualment, queden algunes ru\u00efnes del mateix i s&#8217;al\u00e7a el <strong>Mon\u00f2lit d&#8217;Amaiur\/Maya<\/strong>.<\/p><p>El mon\u00f2lit recorda la perllongada resist\u00e8ncia agramontesa contra el setge de les tropes del comte de Miranda, virrei de Navarra, i dels beamonteses del comte de Ler\u00edn. Els defensors van capitular el 19 de juliol de 1522, sent llavors arrasat el castell.<\/p><p>Va ser l&#8217;\u00faltim acte b\u00e8l\u00b7lic davant el canvi din\u00e0stic a favor de Ferran el Cat\u00f2lic.<\/p><p>El mon\u00f2lit va ser inaugurat el 1922, destru\u00eft el 1931 i reconstru\u00eft el 1982.<\/p>\t\t\t\t\t\t\t\t<\/div>\n\t\t\t\t<\/div>\n\t\t\t\t<div class=\"elementor-element elementor-element-b5e8ccc elementor-widget elementor-widget-image\" data-id=\"b5e8ccc\" data-element_type=\"widget\" data-e-type=\"widget\" data-widget_type=\"image.default\">\n\t\t\t\t<div class=\"elementor-widget-container\">\n\t\t\t\t\t\t\t\t\t\t\t\t<figure class=\"wp-caption\">\n\t\t\t\t\t\t\t\t\t\t<img loading=\"lazy\" decoding=\"async\" width=\"768\" height=\"511\" src=\"https:\/\/www.elturistatranquil.com\/wp-content\/uploads\/F123-Monolito-de-Amaiur-Maya..jpg\" class=\"attachment-large size-large wp-image-32413\" alt=\"Monolito de Amaiur Maya.\" srcset=\"https:\/\/www.elturistatranquil.com\/wp-content\/uploads\/F123-Monolito-de-Amaiur-Maya..jpg 768w, https:\/\/www.elturistatranquil.com\/wp-content\/uploads\/F123-Monolito-de-Amaiur-Maya.-339x226.jpg 339w\" sizes=\"(max-width: 768px) 100vw, 768px\" \/>\t\t\t\t\t\t\t\t\t\t\t<figcaption class=\"widget-image-caption wp-caption-text\"><\/figcaption>\n\t\t\t\t\t\t\t\t\t\t<\/figure>\n\t\t\t\t\t\t\t\t\t<\/div>\n\t\t\t\t<\/div>\n\t\t\t\t<div class=\"elementor-element elementor-element-b3ab08e elementor-widget elementor-widget-text-editor\" data-id=\"b3ab08e\" data-element_type=\"widget\" data-e-type=\"widget\" data-widget_type=\"text-editor.default\">\n\t\t\t\t<div class=\"elementor-widget-container\">\n\t\t\t\t\t\t\t\t\t<p>Retorn, en el sentit del cam\u00ed dels pelegrins. Encara podr\u00e9 observar detalls interessants.<\/p>\t\t\t\t\t\t\t\t<\/div>\n\t\t\t\t<\/div>\n\t\t\t\t<div class=\"elementor-element elementor-element-f241fee elementor-widget elementor-widget-image\" data-id=\"f241fee\" data-element_type=\"widget\" data-e-type=\"widget\" data-widget_type=\"image.default\">\n\t\t\t\t<div class=\"elementor-widget-container\">\n\t\t\t\t\t\t\t\t\t\t\t\t<figure class=\"wp-caption\">\n\t\t\t\t\t\t\t\t\t\t<img loading=\"lazy\" decoding=\"async\" width=\"768\" height=\"511\" src=\"https:\/\/www.elturistatranquil.com\/wp-content\/uploads\/F124-Amaiur-Maya.jpg\" class=\"attachment-large size-large wp-image-32415\" alt=\"Amaiur\/Maya\" srcset=\"https:\/\/www.elturistatranquil.com\/wp-content\/uploads\/F124-Amaiur-Maya.jpg 768w, https:\/\/www.elturistatranquil.com\/wp-content\/uploads\/F124-Amaiur-Maya-339x226.jpg 339w\" sizes=\"(max-width: 768px) 100vw, 768px\" \/>\t\t\t\t\t\t\t\t\t\t\t<figcaption class=\"widget-image-caption wp-caption-text\"><\/figcaption>\n\t\t\t\t\t\t\t\t\t\t<\/figure>\n\t\t\t\t\t\t\t\t\t<\/div>\n\t\t\t\t<\/div>\n\t\t\t\t<div class=\"elementor-element elementor-element-6873c7b elementor-widget elementor-widget-text-editor\" data-id=\"6873c7b\" data-element_type=\"widget\" data-e-type=\"widget\" data-widget_type=\"text-editor.default\">\n\t\t\t\t<div class=\"elementor-widget-container\">\n\t\t\t\t\t\t\t\t\t<p>I la forn\u00edcula de la porta m\u2019acomiadar\u00e0.<\/p>\t\t\t\t\t\t\t\t<\/div>\n\t\t\t\t<\/div>\n\t\t\t\t<div class=\"elementor-element elementor-element-678e252 elementor-widget elementor-widget-menu-anchor\" data-id=\"678e252\" data-element_type=\"widget\" data-e-type=\"widget\" data-widget_type=\"menu-anchor.default\">\n\t\t\t\t<div class=\"elementor-widget-container\">\n\t\t\t\t\t\t\t<div class=\"elementor-menu-anchor\" id=\"c5805\"><\/div>\n\t\t\t\t\t\t<\/div>\n\t\t\t\t<\/div>\n\t\t\t\t<div class=\"elementor-element elementor-element-b8a5c99 elementor-widget elementor-widget-image\" data-id=\"b8a5c99\" data-element_type=\"widget\" data-e-type=\"widget\" data-widget_type=\"image.default\">\n\t\t\t\t<div class=\"elementor-widget-container\">\n\t\t\t\t\t\t\t\t\t\t\t\t<figure class=\"wp-caption\">\n\t\t\t\t\t\t\t\t\t\t<img loading=\"lazy\" decoding=\"async\" width=\"768\" height=\"511\" src=\"https:\/\/www.elturistatranquil.com\/wp-content\/uploads\/F125-Amaiur-Maya.jpg\" class=\"attachment-large size-large wp-image-32417\" alt=\"Amaiur\/Maya\" srcset=\"https:\/\/www.elturistatranquil.com\/wp-content\/uploads\/F125-Amaiur-Maya.jpg 768w, https:\/\/www.elturistatranquil.com\/wp-content\/uploads\/F125-Amaiur-Maya-339x226.jpg 339w\" sizes=\"(max-width: 768px) 100vw, 768px\" \/>\t\t\t\t\t\t\t\t\t\t\t<figcaption class=\"widget-image-caption wp-caption-text\"><\/figcaption>\n\t\t\t\t\t\t\t\t\t\t<\/figure>\n\t\t\t\t\t\t\t\t\t<\/div>\n\t\t\t\t<\/div>\n\t\t\t\t<div class=\"elementor-element elementor-element-4902583e elementor-widget elementor-widget-heading\" data-id=\"4902583e\" data-element_type=\"widget\" data-e-type=\"widget\" data-widget_type=\"heading.default\">\n\t\t\t\t<div class=\"elementor-widget-container\">\n\t\t\t\t\t<h2 class=\"elementor-heading-title elementor-size-default\">Fi de la sortida<\/h2>\t\t\t\t<\/div>\n\t\t\t\t<\/div>\n\t\t\t\t<div class=\"elementor-element elementor-element-c89a7f9 elementor-widget elementor-widget-menu-anchor\" data-id=\"c89a7f9\" data-element_type=\"widget\" data-e-type=\"widget\" data-widget_type=\"menu-anchor.default\">\n\t\t\t\t<div class=\"elementor-widget-container\">\n\t\t\t\t\t\t\t<div class=\"elementor-menu-anchor\" id=\"c5806\"><\/div>\n\t\t\t\t\t\t<\/div>\n\t\t\t\t<\/div>\n\t\t\t\t<div class=\"elementor-element elementor-element-180733cb elementor-widget elementor-widget-text-editor\" data-id=\"180733cb\" data-element_type=\"widget\" data-e-type=\"widget\" data-widget_type=\"text-editor.default\">\n\t\t\t\t<div class=\"elementor-widget-container\">\n\t\t\t\t\t\t\t\t\t<p>Amb aquests dos <em>Posts<\/em>, he efectuat un recorregut per les principals localitats del municipi de Bazt\u00e1n situades sobre el curs del riu Bazt\u00e1n.<\/p><p>L&#8217;element dominant ha estat una arquitectura i un urbanisme adaptat al llarg dels segles a un territori i un clima particulars.<\/p><p>La muntanya pirinenca ondulada i de mitjana altitud; la vall principal oberta pel curs del Bazt\u00e1n, les valls secundaris configurats per la successi\u00f3 de torrents alimentats per un clima atl\u00e0ntic pluj\u00f3s, que, al seu torn, d\u00f3na car\u00e0cter a les construccions.<\/p><p>Una arquitectura ancorada en el temps, i on la modernitat nom\u00e9s sembla haver entrat per la potent escultura basca del segle XX.<\/p>\t\t\t\t\t\t\t\t<\/div>\n\t\t\t\t<\/div>\n\t\t\t\t<div class=\"elementor-element elementor-element-132c2ac elementor-widget elementor-widget-heading\" data-id=\"132c2ac\" data-element_type=\"widget\" data-e-type=\"widget\" data-widget_type=\"heading.default\">\n\t\t\t\t<div class=\"elementor-widget-container\">\n\t\t\t\t\t<h2 class=\"elementor-heading-title elementor-size-default\">Bases d\u2019informaci\u00f3<\/h2>\t\t\t\t<\/div>\n\t\t\t\t<\/div>\n\t\t\t\t<div class=\"elementor-element elementor-element-44db50c8 elementor-widget elementor-widget-text-editor\" data-id=\"44db50c8\" data-element_type=\"widget\" data-e-type=\"widget\" data-widget_type=\"text-editor.default\">\n\t\t\t\t<div class=\"elementor-widget-container\">\n\t\t\t\t\t\t\t\t\t<p><strong>Webs<\/strong><\/p><p><strong>Elbete<\/strong><\/p><p><a href=\"https:\/\/baztanturismo.eus\/es\/pueblos-baztan\/elbete\/\" target=\"_blank\" rel=\"noopener\">baztanturismo<\/a><\/p><p><a href=\"https:\/\/es.wikipedia.org\/wiki\/Elvetea\" target=\"_blank\" rel=\"noopener\">wikipedia<\/a><\/p><p><a href=\"http:\/\/www.lebrelblanco.com\/anexos\/atlas-Baztanvalle-Pamplona.htm#Elvetea\" target=\"_blank\" rel=\"noopener\">lebrelblanco atlashistorico<\/a><\/p><p><a href=\"http:\/\/www.enciclopedianavarra.com\/?page_id=8602\" target=\"_blank\" rel=\"noopener\">granenciclopedianavarra<\/a><\/p><p><strong>Arizkun<\/strong><\/p><p><a href=\"https:\/\/baztanturismo.eus\/es\/pueblos-baztan\/arizkun\/\" target=\"_blank\" rel=\"noopener\">baztanturismo<\/a><\/p><p><a href=\"https:\/\/es.wikipedia.org\/wiki\/Arizcun\" target=\"_blank\" rel=\"noopener\">wikipedia<\/a><\/p><p><a href=\"http:\/\/www.lebrelblanco.com\/anexos\/atlas-Baztanvalle-Pamplona.htm#Arizcun\" target=\"_blank\" rel=\"noopener\">lebrelblanco atlashistorico<\/a><\/p><p><a href=\"http:\/\/www.enciclopedianavarra.com\/?page_id=3907\" target=\"_blank\" rel=\"noopener\">granenciclopedianavarra<\/a><\/p><p><strong>Amaiur\/Maya<\/strong><\/p><p><a href=\"https:\/\/baztanturismo.eus\/es\/pueblos-baztan\/amaiur\/\" target=\"_blank\" rel=\"noopener\">baztanturismo<\/a><\/p><p><a href=\"https:\/\/es.wikipedia.org\/wiki\/Maya_(Navarra)\" target=\"_blank\" rel=\"noopener\">wikipedia<\/a><\/p><p><a href=\"http:\/\/www.lebrelblanco.com\/anexos\/atlas-Baztanvalle-Pamplona.htm#Maya\" target=\"_blank\" rel=\"noopener\">lebrelblanco atlashistorico<\/a><\/p><p><a href=\"http:\/\/www.enciclopedianavarra.com\/?page_id=14085\" target=\"_blank\" rel=\"noopener\">granenciclopedianavarra<\/a><\/p><p><strong>Llibre PDF<\/strong><\/p><p>Pello Iriarte Zelaieta. <a href=\"https:\/\/www.valledebaztan.com\/wp-content\/uploads\/folletos\/gida_baztan.pdf\" target=\"_blank\" rel=\"noopener\"><em>Baztan. Gu\u00eda para conocer el paisaje cultural y el patrimonio etnogr\u00e1fico de Bazt\u00e1n<\/em><\/a><\/p>\t\t\t\t\t\t\t\t<\/div>\n\t\t\t\t<\/div>\n\t\t\t\t\t<\/div>\n\t\t<\/div>\n\t\t\t\t\t<\/div>\n\t\t<\/section>\n\t\t\t\t<\/div>\n\t\t","protected":false},"excerpt":{"rendered":"<p>Amb el recorregut per Elbete, Arizkun i Amaiur\/Maya complet la visita a la Vall i Municipi de Bazt\u00e1n (Navarra). Paisatge pirinenc atl\u00e0ntic i urbanisme i arquitectura tradicional navarresa. Elbete, Arizkun &#8230; <a title=\"Elbete, Arizkun i Amaiur\/Maya (Bazt\u00e1n, Navarra)\" class=\"read-more\" href=\"https:\/\/www.elturistatranquil.com\/ca\/elbete-arizkun-i-amaiur-maya-baztan-navarra\/\" aria-label=\"M\u00e9s informaci\u00f3 sobre Elbete, Arizkun i Amaiur\/Maya (Bazt\u00e1n, Navarra)\">[ &#8230; ]<\/a><\/p>\n","protected":false},"author":1,"featured_media":32284,"comment_status":"open","ping_status":"closed","sticky":false,"template":"","format":"standard","meta":{"footnotes":""},"categories":[70,71,72,74,145,80,82,182,99,100,139,106,107,152,110],"tags":[],"class_list":["post-32426","post","type-post","status-publish","format-standard","has-post-thumbnail","hentry","category-arquitectura-civil-ca","category-arquitectura-popular-ca","category-arquitectura-religiosa-ca","category-barroc","category-edat-mitjana","category-el-cami-de-sant-jaume","category-gotic","category-navarra-ca","category-poble","category-pobles-i-ciutats-amb-interes","category-segle-xvi-xvii","category-segle-xviii-xix","category-segle-xx-xxi","category-urbanisme","category-vila","infinite-scroll-item","generate-columns","tablet-grid-50","mobile-grid-100","grid-parent","grid-50","no-featured-image-padding"],"yoast_head":"<!-- This site is optimized with the Yoast SEO plugin v27.4 - https:\/\/yoast.com\/product\/yoast-seo-wordpress\/ -->\n<title>Elbete, Arizkun i Amaiur\/Maya (Bazt\u00e1n, Navarra) - El turista tranquil<\/title>\n<meta name=\"description\" content=\"Amb el recorregut per Elbete, Arizkun i Amaiur\/Maya complet la visita a la Vall i Municipi de Bazt\u00e1n (Navarra). Paisatge pirinenc atl\u00e0ntic i urbanisme i arquitectura tradicional navarresa.\" \/>\n<meta name=\"robots\" content=\"index, follow, max-snippet:-1, max-image-preview:large, max-video-preview:-1\" \/>\n<link rel=\"canonical\" href=\"https:\/\/www.elturistatranquil.com\/ca\/elbete-arizkun-i-amaiur-maya-baztan-navarra\/\" \/>\n<meta property=\"og:locale\" content=\"ca_ES\" \/>\n<meta property=\"og:type\" content=\"article\" \/>\n<meta property=\"og:title\" content=\"Elbete, Arizkun i Amaiur\/Maya (Bazt\u00e1n, Navarra) - El turista tranquil\" \/>\n<meta property=\"og:description\" content=\"Amb el recorregut per Elbete, Arizkun i Amaiur\/Maya complet la visita a la Vall i Municipi de Bazt\u00e1n (Navarra). Paisatge pirinenc atl\u00e0ntic i urbanisme i arquitectura tradicional navarresa.\" \/>\n<meta property=\"og:url\" content=\"https:\/\/www.elturistatranquil.com\/ca\/elbete-arizkun-i-amaiur-maya-baztan-navarra\/\" \/>\n<meta property=\"og:site_name\" content=\"El turista tranquil\" \/>\n<meta property=\"article:publisher\" content=\"https:\/\/www.facebook.com\/elturistatranquilo\/\" \/>\n<meta property=\"article:published_time\" content=\"2020-10-03T07:52:07+00:00\" \/>\n<meta property=\"article:modified_time\" content=\"2022-05-14T16:17:26+00:00\" \/>\n<meta property=\"og:image\" content=\"https:\/\/www.elturistatranquil.com\/wp-content\/uploads\/F01-Arizkun.jpg\" \/>\n\t<meta property=\"og:image:width\" content=\"768\" \/>\n\t<meta property=\"og:image:height\" content=\"511\" \/>\n\t<meta property=\"og:image:type\" content=\"image\/jpeg\" \/>\n<meta name=\"author\" content=\"admin\" \/>\n<meta name=\"twitter:card\" content=\"summary_large_image\" \/>\n<meta name=\"twitter:label1\" content=\"Escrit per\" \/>\n\t<meta name=\"twitter:data1\" content=\"admin\" \/>\n\t<meta name=\"twitter:label2\" content=\"Temps estimat de lectura\" \/>\n\t<meta name=\"twitter:data2\" content=\"23 minuts\" \/>\n<script type=\"application\/ld+json\" class=\"yoast-schema-graph\">{\"@context\":\"https:\\\/\\\/schema.org\",\"@graph\":[{\"@type\":\"Article\",\"@id\":\"https:\\\/\\\/www.elturistatranquil.com\\\/ca\\\/elbete-arizkun-i-amaiur-maya-baztan-navarra\\\/#article\",\"isPartOf\":{\"@id\":\"https:\\\/\\\/www.elturistatranquil.com\\\/ca\\\/elbete-arizkun-i-amaiur-maya-baztan-navarra\\\/\"},\"author\":{\"name\":\"admin\",\"@id\":\"https:\\\/\\\/www.elturistatranquil.com\\\/ca\\\/#\\\/schema\\\/person\\\/16f607c3079b96ed0c530a52e6b58bb5\"},\"headline\":\"Elbete, Arizkun i Amaiur\\\/Maya (Bazt\u00e1n, Navarra)\",\"datePublished\":\"2020-10-03T07:52:07+00:00\",\"dateModified\":\"2022-05-14T16:17:26+00:00\",\"mainEntityOfPage\":{\"@id\":\"https:\\\/\\\/www.elturistatranquil.com\\\/ca\\\/elbete-arizkun-i-amaiur-maya-baztan-navarra\\\/\"},\"wordCount\":1951,\"commentCount\":0,\"image\":{\"@id\":\"https:\\\/\\\/www.elturistatranquil.com\\\/ca\\\/elbete-arizkun-i-amaiur-maya-baztan-navarra\\\/#primaryimage\"},\"thumbnailUrl\":\"https:\\\/\\\/www.elturistatranquil.com\\\/wp-content\\\/uploads\\\/F01-Arizkun.jpg\",\"articleSection\":[\"Arquitectura civil\",\"Arquitectura popular\",\"Arquitectura religiosa\",\"Barroc\",\"Edat mitjana\",\"El Cam\u00ed de Sant Jaume\",\"G\u00f2tic\",\"Navarra\",\"Poble\",\"Pobles i ciutats amb inter\u00e9s\",\"Segle XVI-XVII\",\"Segle XVIII-XIX\",\"Segle XX-XXI\",\"Urbanisme\",\"Vila\"],\"inLanguage\":\"ca\",\"potentialAction\":[{\"@type\":\"CommentAction\",\"name\":\"Comment\",\"target\":[\"https:\\\/\\\/www.elturistatranquil.com\\\/ca\\\/elbete-arizkun-i-amaiur-maya-baztan-navarra\\\/#respond\"]}]},{\"@type\":\"WebPage\",\"@id\":\"https:\\\/\\\/www.elturistatranquil.com\\\/ca\\\/elbete-arizkun-i-amaiur-maya-baztan-navarra\\\/\",\"url\":\"https:\\\/\\\/www.elturistatranquil.com\\\/ca\\\/elbete-arizkun-i-amaiur-maya-baztan-navarra\\\/\",\"name\":\"Elbete, Arizkun i Amaiur\\\/Maya (Bazt\u00e1n, Navarra) - El turista tranquil\",\"isPartOf\":{\"@id\":\"https:\\\/\\\/www.elturistatranquil.com\\\/ca\\\/#website\"},\"primaryImageOfPage\":{\"@id\":\"https:\\\/\\\/www.elturistatranquil.com\\\/ca\\\/elbete-arizkun-i-amaiur-maya-baztan-navarra\\\/#primaryimage\"},\"image\":{\"@id\":\"https:\\\/\\\/www.elturistatranquil.com\\\/ca\\\/elbete-arizkun-i-amaiur-maya-baztan-navarra\\\/#primaryimage\"},\"thumbnailUrl\":\"https:\\\/\\\/www.elturistatranquil.com\\\/wp-content\\\/uploads\\\/F01-Arizkun.jpg\",\"datePublished\":\"2020-10-03T07:52:07+00:00\",\"dateModified\":\"2022-05-14T16:17:26+00:00\",\"author\":{\"@id\":\"https:\\\/\\\/www.elturistatranquil.com\\\/ca\\\/#\\\/schema\\\/person\\\/16f607c3079b96ed0c530a52e6b58bb5\"},\"description\":\"Amb el recorregut per Elbete, Arizkun i Amaiur\\\/Maya complet la visita a la Vall i Municipi de Bazt\u00e1n (Navarra). Paisatge pirinenc atl\u00e0ntic i urbanisme i arquitectura tradicional navarresa.\",\"breadcrumb\":{\"@id\":\"https:\\\/\\\/www.elturistatranquil.com\\\/ca\\\/elbete-arizkun-i-amaiur-maya-baztan-navarra\\\/#breadcrumb\"},\"inLanguage\":\"ca\",\"potentialAction\":[{\"@type\":\"ReadAction\",\"target\":[\"https:\\\/\\\/www.elturistatranquil.com\\\/ca\\\/elbete-arizkun-i-amaiur-maya-baztan-navarra\\\/\"]}]},{\"@type\":\"ImageObject\",\"inLanguage\":\"ca\",\"@id\":\"https:\\\/\\\/www.elturistatranquil.com\\\/ca\\\/elbete-arizkun-i-amaiur-maya-baztan-navarra\\\/#primaryimage\",\"url\":\"https:\\\/\\\/www.elturistatranquil.com\\\/wp-content\\\/uploads\\\/F01-Arizkun.jpg\",\"contentUrl\":\"https:\\\/\\\/www.elturistatranquil.com\\\/wp-content\\\/uploads\\\/F01-Arizkun.jpg\",\"width\":768,\"height\":511,\"caption\":\"Arizkun\"},{\"@type\":\"BreadcrumbList\",\"@id\":\"https:\\\/\\\/www.elturistatranquil.com\\\/ca\\\/elbete-arizkun-i-amaiur-maya-baztan-navarra\\\/#breadcrumb\",\"itemListElement\":[{\"@type\":\"ListItem\",\"position\":1,\"name\":\"Portada\",\"item\":\"https:\\\/\\\/www.elturistatranquil.com\\\/ca\\\/\"},{\"@type\":\"ListItem\",\"position\":2,\"name\":\"Elbete, Arizkun i Amaiur\\\/Maya (Bazt\u00e1n, Navarra)\"}]},{\"@type\":\"WebSite\",\"@id\":\"https:\\\/\\\/www.elturistatranquil.com\\\/ca\\\/#website\",\"url\":\"https:\\\/\\\/www.elturistatranquil.com\\\/ca\\\/\",\"name\":\"El turista tranquil\",\"description\":\"Blog de viatges\",\"potentialAction\":[{\"@type\":\"SearchAction\",\"target\":{\"@type\":\"EntryPoint\",\"urlTemplate\":\"https:\\\/\\\/www.elturistatranquil.com\\\/ca\\\/?s={search_term_string}\"},\"query-input\":{\"@type\":\"PropertyValueSpecification\",\"valueRequired\":true,\"valueName\":\"search_term_string\"}}],\"inLanguage\":\"ca\"},{\"@type\":\"Person\",\"@id\":\"https:\\\/\\\/www.elturistatranquil.com\\\/ca\\\/#\\\/schema\\\/person\\\/16f607c3079b96ed0c530a52e6b58bb5\",\"name\":\"admin\",\"image\":{\"@type\":\"ImageObject\",\"inLanguage\":\"ca\",\"@id\":\"https:\\\/\\\/secure.gravatar.com\\\/avatar\\\/1fbaf22aee75fcbb29a2f97b107f95d25d3a19b7c3416105be10269872673e8d?s=96&d=mm&r=g\",\"url\":\"https:\\\/\\\/secure.gravatar.com\\\/avatar\\\/1fbaf22aee75fcbb29a2f97b107f95d25d3a19b7c3416105be10269872673e8d?s=96&d=mm&r=g\",\"contentUrl\":\"https:\\\/\\\/secure.gravatar.com\\\/avatar\\\/1fbaf22aee75fcbb29a2f97b107f95d25d3a19b7c3416105be10269872673e8d?s=96&d=mm&r=g\",\"caption\":\"admin\"}}]}<\/script>\n<!-- \/ Yoast SEO plugin. -->","yoast_head_json":{"title":"Elbete, Arizkun i Amaiur\/Maya (Bazt\u00e1n, Navarra) - El turista tranquil","description":"Amb el recorregut per Elbete, Arizkun i Amaiur\/Maya complet la visita a la Vall i Municipi de Bazt\u00e1n (Navarra). Paisatge pirinenc atl\u00e0ntic i urbanisme i arquitectura tradicional navarresa.","robots":{"index":"index","follow":"follow","max-snippet":"max-snippet:-1","max-image-preview":"max-image-preview:large","max-video-preview":"max-video-preview:-1"},"canonical":"https:\/\/www.elturistatranquil.com\/ca\/elbete-arizkun-i-amaiur-maya-baztan-navarra\/","og_locale":"ca_ES","og_type":"article","og_title":"Elbete, Arizkun i Amaiur\/Maya (Bazt\u00e1n, Navarra) - El turista tranquil","og_description":"Amb el recorregut per Elbete, Arizkun i Amaiur\/Maya complet la visita a la Vall i Municipi de Bazt\u00e1n (Navarra). Paisatge pirinenc atl\u00e0ntic i urbanisme i arquitectura tradicional navarresa.","og_url":"https:\/\/www.elturistatranquil.com\/ca\/elbete-arizkun-i-amaiur-maya-baztan-navarra\/","og_site_name":"El turista tranquil","article_publisher":"https:\/\/www.facebook.com\/elturistatranquilo\/","article_published_time":"2020-10-03T07:52:07+00:00","article_modified_time":"2022-05-14T16:17:26+00:00","og_image":[{"width":768,"height":511,"url":"https:\/\/www.elturistatranquil.com\/wp-content\/uploads\/F01-Arizkun.jpg","type":"image\/jpeg"}],"author":"admin","twitter_card":"summary_large_image","twitter_misc":{"Escrit per":"admin","Temps estimat de lectura":"23 minuts"},"schema":{"@context":"https:\/\/schema.org","@graph":[{"@type":"Article","@id":"https:\/\/www.elturistatranquil.com\/ca\/elbete-arizkun-i-amaiur-maya-baztan-navarra\/#article","isPartOf":{"@id":"https:\/\/www.elturistatranquil.com\/ca\/elbete-arizkun-i-amaiur-maya-baztan-navarra\/"},"author":{"name":"admin","@id":"https:\/\/www.elturistatranquil.com\/ca\/#\/schema\/person\/16f607c3079b96ed0c530a52e6b58bb5"},"headline":"Elbete, Arizkun i Amaiur\/Maya (Bazt\u00e1n, Navarra)","datePublished":"2020-10-03T07:52:07+00:00","dateModified":"2022-05-14T16:17:26+00:00","mainEntityOfPage":{"@id":"https:\/\/www.elturistatranquil.com\/ca\/elbete-arizkun-i-amaiur-maya-baztan-navarra\/"},"wordCount":1951,"commentCount":0,"image":{"@id":"https:\/\/www.elturistatranquil.com\/ca\/elbete-arizkun-i-amaiur-maya-baztan-navarra\/#primaryimage"},"thumbnailUrl":"https:\/\/www.elturistatranquil.com\/wp-content\/uploads\/F01-Arizkun.jpg","articleSection":["Arquitectura civil","Arquitectura popular","Arquitectura religiosa","Barroc","Edat mitjana","El Cam\u00ed de Sant Jaume","G\u00f2tic","Navarra","Poble","Pobles i ciutats amb inter\u00e9s","Segle XVI-XVII","Segle XVIII-XIX","Segle XX-XXI","Urbanisme","Vila"],"inLanguage":"ca","potentialAction":[{"@type":"CommentAction","name":"Comment","target":["https:\/\/www.elturistatranquil.com\/ca\/elbete-arizkun-i-amaiur-maya-baztan-navarra\/#respond"]}]},{"@type":"WebPage","@id":"https:\/\/www.elturistatranquil.com\/ca\/elbete-arizkun-i-amaiur-maya-baztan-navarra\/","url":"https:\/\/www.elturistatranquil.com\/ca\/elbete-arizkun-i-amaiur-maya-baztan-navarra\/","name":"Elbete, Arizkun i Amaiur\/Maya (Bazt\u00e1n, Navarra) - El turista tranquil","isPartOf":{"@id":"https:\/\/www.elturistatranquil.com\/ca\/#website"},"primaryImageOfPage":{"@id":"https:\/\/www.elturistatranquil.com\/ca\/elbete-arizkun-i-amaiur-maya-baztan-navarra\/#primaryimage"},"image":{"@id":"https:\/\/www.elturistatranquil.com\/ca\/elbete-arizkun-i-amaiur-maya-baztan-navarra\/#primaryimage"},"thumbnailUrl":"https:\/\/www.elturistatranquil.com\/wp-content\/uploads\/F01-Arizkun.jpg","datePublished":"2020-10-03T07:52:07+00:00","dateModified":"2022-05-14T16:17:26+00:00","author":{"@id":"https:\/\/www.elturistatranquil.com\/ca\/#\/schema\/person\/16f607c3079b96ed0c530a52e6b58bb5"},"description":"Amb el recorregut per Elbete, Arizkun i Amaiur\/Maya complet la visita a la Vall i Municipi de Bazt\u00e1n (Navarra). Paisatge pirinenc atl\u00e0ntic i urbanisme i arquitectura tradicional navarresa.","breadcrumb":{"@id":"https:\/\/www.elturistatranquil.com\/ca\/elbete-arizkun-i-amaiur-maya-baztan-navarra\/#breadcrumb"},"inLanguage":"ca","potentialAction":[{"@type":"ReadAction","target":["https:\/\/www.elturistatranquil.com\/ca\/elbete-arizkun-i-amaiur-maya-baztan-navarra\/"]}]},{"@type":"ImageObject","inLanguage":"ca","@id":"https:\/\/www.elturistatranquil.com\/ca\/elbete-arizkun-i-amaiur-maya-baztan-navarra\/#primaryimage","url":"https:\/\/www.elturistatranquil.com\/wp-content\/uploads\/F01-Arizkun.jpg","contentUrl":"https:\/\/www.elturistatranquil.com\/wp-content\/uploads\/F01-Arizkun.jpg","width":768,"height":511,"caption":"Arizkun"},{"@type":"BreadcrumbList","@id":"https:\/\/www.elturistatranquil.com\/ca\/elbete-arizkun-i-amaiur-maya-baztan-navarra\/#breadcrumb","itemListElement":[{"@type":"ListItem","position":1,"name":"Portada","item":"https:\/\/www.elturistatranquil.com\/ca\/"},{"@type":"ListItem","position":2,"name":"Elbete, Arizkun i Amaiur\/Maya (Bazt\u00e1n, Navarra)"}]},{"@type":"WebSite","@id":"https:\/\/www.elturistatranquil.com\/ca\/#website","url":"https:\/\/www.elturistatranquil.com\/ca\/","name":"El turista tranquil","description":"Blog de viatges","potentialAction":[{"@type":"SearchAction","target":{"@type":"EntryPoint","urlTemplate":"https:\/\/www.elturistatranquil.com\/ca\/?s={search_term_string}"},"query-input":{"@type":"PropertyValueSpecification","valueRequired":true,"valueName":"search_term_string"}}],"inLanguage":"ca"},{"@type":"Person","@id":"https:\/\/www.elturistatranquil.com\/ca\/#\/schema\/person\/16f607c3079b96ed0c530a52e6b58bb5","name":"admin","image":{"@type":"ImageObject","inLanguage":"ca","@id":"https:\/\/secure.gravatar.com\/avatar\/1fbaf22aee75fcbb29a2f97b107f95d25d3a19b7c3416105be10269872673e8d?s=96&d=mm&r=g","url":"https:\/\/secure.gravatar.com\/avatar\/1fbaf22aee75fcbb29a2f97b107f95d25d3a19b7c3416105be10269872673e8d?s=96&d=mm&r=g","contentUrl":"https:\/\/secure.gravatar.com\/avatar\/1fbaf22aee75fcbb29a2f97b107f95d25d3a19b7c3416105be10269872673e8d?s=96&d=mm&r=g","caption":"admin"}}]}},"_links":{"self":[{"href":"https:\/\/www.elturistatranquil.com\/ca\/wp-json\/wp\/v2\/posts\/32426","targetHints":{"allow":["GET"]}}],"collection":[{"href":"https:\/\/www.elturistatranquil.com\/ca\/wp-json\/wp\/v2\/posts"}],"about":[{"href":"https:\/\/www.elturistatranquil.com\/ca\/wp-json\/wp\/v2\/types\/post"}],"author":[{"embeddable":true,"href":"https:\/\/www.elturistatranquil.com\/ca\/wp-json\/wp\/v2\/users\/1"}],"replies":[{"embeddable":true,"href":"https:\/\/www.elturistatranquil.com\/ca\/wp-json\/wp\/v2\/comments?post=32426"}],"version-history":[{"count":5,"href":"https:\/\/www.elturistatranquil.com\/ca\/wp-json\/wp\/v2\/posts\/32426\/revisions"}],"predecessor-version":[{"id":40984,"href":"https:\/\/www.elturistatranquil.com\/ca\/wp-json\/wp\/v2\/posts\/32426\/revisions\/40984"}],"wp:featuredmedia":[{"embeddable":true,"href":"https:\/\/www.elturistatranquil.com\/ca\/wp-json\/wp\/v2\/media\/32284"}],"wp:attachment":[{"href":"https:\/\/www.elturistatranquil.com\/ca\/wp-json\/wp\/v2\/media?parent=32426"}],"wp:term":[{"taxonomy":"category","embeddable":true,"href":"https:\/\/www.elturistatranquil.com\/ca\/wp-json\/wp\/v2\/categories?post=32426"},{"taxonomy":"post_tag","embeddable":true,"href":"https:\/\/www.elturistatranquil.com\/ca\/wp-json\/wp\/v2\/tags?post=32426"}],"curies":[{"name":"wp","href":"https:\/\/api.w.org\/{rel}","templated":true}]}}