{"id":32541,"date":"2020-08-15T09:30:28","date_gmt":"2020-08-15T07:30:28","guid":{"rendered":"https:\/\/www.elturistatranquil.com\/?p=32541"},"modified":"2020-09-03T18:19:43","modified_gmt":"2020-09-03T16:19:43","slug":"rodenas-pozondon-tramacastilla-i-torres-de-albarracin-terol","status":"publish","type":"post","link":"https:\/\/www.elturistatranquil.com\/ca\/rodenas-pozondon-tramacastilla-i-torres-de-albarracin-terol\/","title":{"rendered":"Rodenas, Pozond\u00f3n, Tramacastilla i Torres de Albarrac\u00edn (Terol)"},"content":{"rendered":"\t\t<div data-elementor-type=\"wp-post\" data-elementor-id=\"32541\" class=\"elementor elementor-32541 elementor-32480\" data-elementor-post-type=\"post\">\n\t\t\t\t\t\t<section class=\"elementor-section elementor-top-section elementor-element elementor-element-6b6abffb elementor-section-boxed elementor-section-height-default elementor-section-height-default\" data-id=\"6b6abffb\" data-element_type=\"section\" data-e-type=\"section\">\n\t\t\t\t\t\t<div class=\"elementor-container elementor-column-gap-default\">\n\t\t\t\t\t<div class=\"elementor-column elementor-col-100 elementor-top-column elementor-element elementor-element-5bbba4aa\" data-id=\"5bbba4aa\" data-element_type=\"column\" data-e-type=\"column\">\n\t\t\t<div class=\"elementor-widget-wrap elementor-element-populated\">\n\t\t\t\t\t\t<section class=\"elementor-section elementor-inner-section elementor-element elementor-element-79b4c83a elementor-section-content-middle elementor-section-boxed elementor-section-height-default elementor-section-height-default\" data-id=\"79b4c83a\" data-element_type=\"section\" data-e-type=\"section\">\n\t\t\t\t\t\t<div class=\"elementor-container elementor-column-gap-default\">\n\t\t\t\t\t<div class=\"elementor-column elementor-col-100 elementor-inner-column elementor-element elementor-element-4f4a63b\" data-id=\"4f4a63b\" data-element_type=\"column\" data-e-type=\"column\">\n\t\t\t<div class=\"elementor-widget-wrap elementor-element-populated\">\n\t\t\t\t\t\t<div class=\"elementor-element elementor-element-1fc3a8e2 elementor-widget elementor-widget-text-editor\" data-id=\"1fc3a8e2\" data-element_type=\"widget\" data-e-type=\"widget\" data-widget_type=\"text-editor.default\">\n\t\t\t\t<div class=\"elementor-widget-container\">\n\t\t\t\t\t\t\t\t\t<p>El recorregut nord pel Parc Cultural de Albarrac\u00edn (Terol) ens portar\u00e0 <em>per Rodenas, Pozond\u00f3n, Tramacastilla, Torres de Albarrac\u00edn<\/em> fins <em>Albarrac\u00edn<\/em>, en ple Sistema Ib\u00e8ric per sobre dels 1.000 msnm.<\/p>\t\t\t\t\t\t\t\t<\/div>\n\t\t\t\t<\/div>\n\t\t\t\t\t<\/div>\n\t\t<\/div>\n\t\t\t\t\t<\/div>\n\t\t<\/section>\n\t\t\t\t<div class=\"elementor-element elementor-element-3ae6d2da elementor-widget elementor-widget-heading\" data-id=\"3ae6d2da\" data-element_type=\"widget\" data-e-type=\"widget\" data-widget_type=\"heading.default\">\n\t\t\t\t<div class=\"elementor-widget-container\">\n\t\t\t\t\t<h1 class=\"elementor-heading-title elementor-size-default\">Rodenas,  Pozond\u00f3n, Tramacastilla i Torres de Albarrac\u00edn (Terol)<\/h1>\t\t\t\t<\/div>\n\t\t\t\t<\/div>\n\t\t\t\t\t<\/div>\n\t\t<\/div>\n\t\t\t\t\t<\/div>\n\t\t<\/section>\n\t\t\t\t<section class=\"elementor-section elementor-top-section elementor-element elementor-element-25352996 elementor-section-boxed elementor-section-height-default elementor-section-height-default\" data-id=\"25352996\" data-element_type=\"section\" data-e-type=\"section\">\n\t\t\t\t\t\t<div class=\"elementor-container elementor-column-gap-default\">\n\t\t\t\t\t<div class=\"elementor-column elementor-col-100 elementor-top-column elementor-element elementor-element-1ab33e04\" data-id=\"1ab33e04\" data-element_type=\"column\" data-e-type=\"column\">\n\t\t\t<div class=\"elementor-widget-wrap elementor-element-populated\">\n\t\t\t\t\t\t<div class=\"elementor-element elementor-element-74235d92 elementor-widget elementor-widget-image\" data-id=\"74235d92\" data-element_type=\"widget\" data-e-type=\"widget\" data-widget_type=\"image.default\">\n\t\t\t\t<div class=\"elementor-widget-container\">\n\t\t\t\t\t\t\t\t\t\t\t\t<figure class=\"wp-caption\">\n\t\t\t\t\t\t\t\t\t\t<img fetchpriority=\"high\" decoding=\"async\" width=\"768\" height=\"512\" src=\"https:\/\/www.elturistatranquil.com\/wp-content\/uploads\/n-F01-Rodenas.jpg\" class=\"attachment-large size-large wp-image-32482\" alt=\"Rodenas\" srcset=\"https:\/\/www.elturistatranquil.com\/wp-content\/uploads\/n-F01-Rodenas.jpg 768w, https:\/\/www.elturistatranquil.com\/wp-content\/uploads\/n-F01-Rodenas-339x226.jpg 339w\" sizes=\"(max-width: 768px) 100vw, 768px\" \/>\t\t\t\t\t\t\t\t\t\t\t<figcaption class=\"widget-image-caption wp-caption-text\">Rodenas<\/figcaption>\n\t\t\t\t\t\t\t\t\t\t<\/figure>\n\t\t\t\t\t\t\t\t\t<\/div>\n\t\t\t\t<\/div>\n\t\t\t\t<div class=\"elementor-element elementor-element-4d2c02d9 elementor-widget elementor-widget-spacer\" data-id=\"4d2c02d9\" data-element_type=\"widget\" data-e-type=\"widget\" data-widget_type=\"spacer.default\">\n\t\t\t\t<div class=\"elementor-widget-container\">\n\t\t\t\t\t\t\t<div class=\"elementor-spacer\">\n\t\t\t<div class=\"elementor-spacer-inner\"><\/div>\n\t\t<\/div>\n\t\t\t\t\t\t<\/div>\n\t\t\t\t<\/div>\n\t\t\t\t<div class=\"elementor-element elementor-element-105beb56 elementor-widget elementor-widget-heading\" data-id=\"105beb56\" data-element_type=\"widget\" data-e-type=\"widget\" data-widget_type=\"heading.default\">\n\t\t\t\t<div class=\"elementor-widget-container\">\n\t\t\t\t\t<h2 class=\"elementor-heading-title elementor-size-default\">Rodenas,  Pozond\u00f3n, Tramacastilla iTorres de Albarrac\u00edn. Parc Cultural de Albarrac\u00edn. Terol<\/h2>\t\t\t\t<\/div>\n\t\t\t\t<\/div>\n\t\t\t\t<section class=\"elementor-section elementor-inner-section elementor-element elementor-element-2900663a elementor-section-boxed elementor-section-height-default elementor-section-height-default\" data-id=\"2900663a\" data-element_type=\"section\" data-e-type=\"section\" data-settings=\"{&quot;background_background&quot;:&quot;classic&quot;}\">\n\t\t\t\t\t\t\t<div class=\"elementor-background-overlay\"><\/div>\n\t\t\t\t\t\t\t<div class=\"elementor-container elementor-column-gap-default\">\n\t\t\t\t\t<div class=\"elementor-column elementor-col-100 elementor-inner-column elementor-element elementor-element-55fc7423\" data-id=\"55fc7423\" data-element_type=\"column\" data-e-type=\"column\" data-settings=\"{&quot;background_background&quot;:&quot;classic&quot;}\">\n\t\t\t<div class=\"elementor-widget-wrap elementor-element-populated\">\n\t\t\t\t\t\t<div class=\"elementor-element elementor-element-fb901ff elementor-widget elementor-widget-text-editor\" data-id=\"fb901ff\" data-element_type=\"widget\" data-e-type=\"widget\" data-widget_type=\"text-editor.default\">\n\t\t\t\t<div class=\"elementor-widget-container\">\n\t\t\t\t\t\t\t\t\t<p>Parc Cultural de Albarrac\u00edn, Terol<\/p><p>Web: <a href=\"http:\/\/www.patrimonioculturaldearagon.es\/parque-cultural-de-albarracin\" target=\"_blank\" rel=\"noopener\">Patrimonio cultural de Arag\u00f3n<\/a><\/p><p>Visita: 2018<\/p>\t\t\t\t\t\t\t\t<\/div>\n\t\t\t\t<\/div>\n\t\t\t\t\t<\/div>\n\t\t<\/div>\n\t\t\t\t\t<\/div>\n\t\t<\/section>\n\t\t\t\t<div class=\"elementor-element elementor-element-3eb93198 elementor-widget elementor-widget-image\" data-id=\"3eb93198\" data-element_type=\"widget\" data-e-type=\"widget\" data-widget_type=\"image.default\">\n\t\t\t\t<div class=\"elementor-widget-container\">\n\t\t\t\t\t\t\t\t\t\t\t\t<figure class=\"wp-caption\">\n\t\t\t\t\t\t\t\t\t\t<img decoding=\"async\" width=\"768\" height=\"512\" src=\"https:\/\/www.elturistatranquil.com\/wp-content\/uploads\/F02c-Mapa-de-situacio-Google-maps-2020-08-11.jpg\" class=\"attachment-medium_large size-medium_large wp-image-32543\" alt=\"Mapa de situacio (Google maps 2020-08-11)\" srcset=\"https:\/\/www.elturistatranquil.com\/wp-content\/uploads\/F02c-Mapa-de-situacio-Google-maps-2020-08-11.jpg 768w, https:\/\/www.elturistatranquil.com\/wp-content\/uploads\/F02c-Mapa-de-situacio-Google-maps-2020-08-11-339x226.jpg 339w\" sizes=\"(max-width: 768px) 100vw, 768px\" \/>\t\t\t\t\t\t\t\t\t\t\t<figcaption class=\"widget-image-caption wp-caption-text\">Mapa de situaci\u00f3 (Google maps 2020-08-11)<\/figcaption>\n\t\t\t\t\t\t\t\t\t\t<\/figure>\n\t\t\t\t\t\t\t\t\t<\/div>\n\t\t\t\t<\/div>\n\t\t\t\t<section class=\"elementor-section elementor-inner-section elementor-element elementor-element-34a73265 elementor-section-boxed elementor-section-height-default elementor-section-height-default\" data-id=\"34a73265\" data-element_type=\"section\" data-e-type=\"section\" data-settings=\"{&quot;background_background&quot;:&quot;classic&quot;}\">\n\t\t\t\t\t\t<div class=\"elementor-container elementor-column-gap-default\">\n\t\t\t\t\t<div class=\"elementor-column elementor-col-100 elementor-inner-column elementor-element elementor-element-353af032\" data-id=\"353af032\" data-element_type=\"column\" data-e-type=\"column\">\n\t\t\t<div class=\"elementor-widget-wrap elementor-element-populated\">\n\t\t\t\t\t\t<div class=\"elementor-element elementor-element-2c578668 elementor-widget elementor-widget-text-editor\" data-id=\"2c578668\" data-element_type=\"widget\" data-e-type=\"widget\" data-widget_type=\"text-editor.default\">\n\t\t\t\t<div class=\"elementor-widget-container\">\n\t\t\t\t\t\t\t\t\t<h6><strong>\u00cdndex<\/strong><\/h6>\t\t\t\t\t\t\t\t<\/div>\n\t\t\t\t<\/div>\n\t\t\t\t<div class=\"elementor-element elementor-element-52b61564 elementor-widget elementor-widget-text-editor\" data-id=\"52b61564\" data-element_type=\"widget\" data-e-type=\"widget\" data-widget_type=\"text-editor.default\">\n\t\t\t\t<div class=\"elementor-widget-container\">\n\t\t\t\t\t\t\t\t\t<p><a href=\"https:\/\/www.elturistatranquil.com\/ca\/rodenas,-pozondon,-tramacastilla-i-torres-de-albarracin-terol\/#c21n01\">Rodenas,\u00a0 Pozond\u00f3n, Tramacastilla iTorres de Albarrac\u00edn. Parc Cultural de Albarrac\u00edn. Terol<\/a><\/p><p><a href=\"https:\/\/www.elturistatranquil.com\/ca\/rodenas,-pozondon,-tramacastilla-i-torres-de-albarracin-terol\/#c21n02\">Recorregut nord del Parc Cultural de Albarrac\u00edn<\/a><\/p><p style=\"padding-left: 40px;\"><a href=\"https:\/\/www.elturistatranquil.com\/ca\/rodenas,-pozondon,-tramacastilla-i-torres-de-albarracin-terol\/#c21n03\">Rodenas<\/a><\/p><p style=\"padding-left: 40px;\"><a href=\"https:\/\/www.elturistatranquil.com\/ca\/rodenas,-pozondon,-tramacastilla-i-torres-de-albarracin-terol\/#c21n04\">Grup de gravats rupestres de Rodenas i Pozond\u00f3n<\/a><\/p><p style=\"padding-left: 40px;\"><a href=\"https:\/\/www.elturistatranquil.com\/ca\/rodenas,-pozondon,-tramacastilla-i-torres-de-albarracin-terol\/#c21n05\">Castell de Peracense<\/a><\/p><p style=\"padding-left: 40px;\"><a href=\"https:\/\/www.elturistatranquil.com\/ca\/rodenas,-pozondon,-tramacastilla-i-torres-de-albarracin-terol\/#c21n06\">Pozond\u00f3n<\/a><\/p><p style=\"padding-left: 40px;\"><a href=\"https:\/\/www.elturistatranquil.com\/ca\/rodenas,-pozondon,-tramacastilla-i-torres-de-albarracin-terol\/#c21n07\">Tramacastilla<\/a><\/p><p style=\"padding-left: 40px;\"><a href=\"https:\/\/www.elturistatranquil.com\/ca\/rodenas,-pozondon,-tramacastilla-i-torres-de-albarracin-terol\/#c21n08\">Hospeder\u00eda El Bat\u00e1n<\/a><\/p><p style=\"padding-left: 40px;\"><a href=\"https:\/\/www.elturistatranquil.com\/ca\/rodenas,-pozondon,-tramacastilla-i-torres-de-albarracin-terol\/#c21n09\">Torres de Albarrac\u00edn<\/a><\/p><p style=\"padding-left: 40px;\"><a href=\"https:\/\/www.elturistatranquil.com\/ca\/rodenas,-pozondon,-tramacastilla-i-torres-de-albarracin-terol\/#c21n10\">Albarrac\u00edn<\/a><\/p><p><a href=\"https:\/\/www.elturistatranquil.com\/ca\/rodenas,-pozondon,-tramacastilla-i-torres-de-albarracin-terol\/#c21n11\">Fi de l\u2019etapa nord del Parc Cultural de Albarrac\u00edn<\/a><\/p>\t\t\t\t\t\t\t\t<\/div>\n\t\t\t\t<\/div>\n\t\t\t\t<div class=\"elementor-element elementor-element-51855223 elementor-widget elementor-widget-menu-anchor\" data-id=\"51855223\" data-element_type=\"widget\" data-e-type=\"widget\" data-widget_type=\"menu-anchor.default\">\n\t\t\t\t<div class=\"elementor-widget-container\">\n\t\t\t\t\t\t\t<div class=\"elementor-menu-anchor\" id=\"c21n01\"><\/div>\n\t\t\t\t\t\t<\/div>\n\t\t\t\t<\/div>\n\t\t\t\t\t<\/div>\n\t\t<\/div>\n\t\t\t\t\t<\/div>\n\t\t<\/section>\n\t\t\t\t<div class=\"elementor-element elementor-element-159576f9 elementor-widget elementor-widget-spacer\" data-id=\"159576f9\" data-element_type=\"widget\" data-e-type=\"widget\" data-widget_type=\"spacer.default\">\n\t\t\t\t<div class=\"elementor-widget-container\">\n\t\t\t\t\t\t\t<div class=\"elementor-spacer\">\n\t\t\t<div class=\"elementor-spacer-inner\"><\/div>\n\t\t<\/div>\n\t\t\t\t\t\t<\/div>\n\t\t\t\t<\/div>\n\t\t\t\t<div class=\"elementor-element elementor-element-3ce818c8 elementor-widget elementor-widget-heading\" data-id=\"3ce818c8\" data-element_type=\"widget\" data-e-type=\"widget\" data-widget_type=\"heading.default\">\n\t\t\t\t<div class=\"elementor-widget-container\">\n\t\t\t\t\t<h2 class=\"elementor-heading-title elementor-size-default\">Rodenas,  Pozond\u00f3n, Tramacastilla iTorres de Albarrac\u00edn. Parc Cultural de Albarrac\u00edn. Terol<\/h2>\t\t\t\t<\/div>\n\t\t\t\t<\/div>\n\t\t\t\t<div class=\"elementor-element elementor-element-6bf0079 elementor-widget elementor-widget-menu-anchor\" data-id=\"6bf0079\" data-element_type=\"widget\" data-e-type=\"widget\" data-widget_type=\"menu-anchor.default\">\n\t\t\t\t<div class=\"elementor-widget-container\">\n\t\t\t\t\t\t\t<div class=\"elementor-menu-anchor\" id=\"c21n02\"><\/div>\n\t\t\t\t\t\t<\/div>\n\t\t\t\t<\/div>\n\t\t\t\t<div class=\"elementor-element elementor-element-1e8722e7 elementor-widget elementor-widget-text-editor\" data-id=\"1e8722e7\" data-element_type=\"widget\" data-e-type=\"widget\" data-widget_type=\"text-editor.default\">\n\t\t\t\t<div class=\"elementor-widget-container\">\n\t\t\t\t\t\t\t\t\t<p>Tal com he exposat al <em>Post<\/em>: <a href=\"https:\/\/www.elturistatranquil.com\/ca\/parc-cultural-de-albarracin-terol\/\" target=\"_blank\" rel=\"noopener\"><strong>Parc Cultural de Albarrac\u00edn (Terol)<\/strong><\/a>, la visita al Parc Cultural la desdoblo en dos <em>Posts<\/em>. El present, que correspondr\u00e0 a la zona nord, i el seg\u00fcent destinat a rec\u00f3rrer la <a href=\"https:\/\/www.elturistatranquil.com\/ca\/bezas-valdecuenca-abrics-de-tormon-i-tormon-terol\/\" target=\"_blank\" rel=\"noopener\"><strong>zona sud<\/strong><\/a>.<\/p>\t\t\t\t\t\t\t\t<\/div>\n\t\t\t\t<\/div>\n\t\t\t\t<div class=\"elementor-element elementor-element-dc97e95 elementor-widget elementor-widget-heading\" data-id=\"dc97e95\" data-element_type=\"widget\" data-e-type=\"widget\" data-widget_type=\"heading.default\">\n\t\t\t\t<div class=\"elementor-widget-container\">\n\t\t\t\t\t<h2 class=\"elementor-heading-title elementor-size-default\">Recorregut nord del Parc Cultural de Albarrac\u00edn<\/h2>\t\t\t\t<\/div>\n\t\t\t\t<\/div>\n\t\t\t\t<div class=\"elementor-element elementor-element-bb5e664 elementor-widget elementor-widget-text-editor\" data-id=\"bb5e664\" data-element_type=\"widget\" data-e-type=\"widget\" data-widget_type=\"text-editor.default\">\n\t\t\t\t<div class=\"elementor-widget-container\">\n\t\t\t\t\t\t\t\t\t<p>L&#8217;etapa la inicio a la localitat de Rodenas (<strong>A<\/strong>), la m\u00e9s septentrional del conjunt. Efectuar\u00e9 una refer\u00e8ncia al Grup de gravats rupestres de Rodenas i Pozond\u00f3n i al proper Castell de Peracense. Continuar\u00e9 pel segon municipi de el Parc, que correspon a Pozond\u00f3n (<strong>B<\/strong>). Com la visita la vaig efectuar en autom\u00f2bil, el recorregut em porta per l&#8217;exterior del Parc. Aix\u00ed passar\u00e9 per Tamacastilla, El Bat\u00e1n i Torres de Albarrac\u00edn, abans d&#8217;entrar de nou al Parc per visitar la vila d&#8217;Albarrac\u00edn (<strong>C<\/strong>).<\/p>\n<p>En els mapes que segueixen he representat el conjunt dels punts que vaig visitar durant l&#8217;estada. A l&#8217;esquerra el recorregut en autom\u00f2bil. A la dreta la proposta de ruta a peu.<\/p>\t\t\t\t\t\t\t\t<\/div>\n\t\t\t\t<\/div>\n\t\t\t\t<section class=\"elementor-section elementor-inner-section elementor-element elementor-element-5c8cd281 elementor-section-boxed elementor-section-height-default elementor-section-height-default\" data-id=\"5c8cd281\" data-element_type=\"section\" data-e-type=\"section\">\n\t\t\t\t\t\t<div class=\"elementor-container elementor-column-gap-default\">\n\t\t\t\t\t<div class=\"elementor-column elementor-col-50 elementor-inner-column elementor-element elementor-element-1901bce6\" data-id=\"1901bce6\" data-element_type=\"column\" data-e-type=\"column\">\n\t\t\t<div class=\"elementor-widget-wrap elementor-element-populated\">\n\t\t\t\t\t\t<div class=\"elementor-element elementor-element-3aca0208 elementor-widget elementor-widget-image\" data-id=\"3aca0208\" data-element_type=\"widget\" data-e-type=\"widget\" data-widget_type=\"image.default\">\n\t\t\t\t<div class=\"elementor-widget-container\">\n\t\t\t\t\t\t\t\t\t\t\t\t<figure class=\"wp-caption\">\n\t\t\t\t\t\t\t\t\t\t<img decoding=\"async\" width=\"399\" height=\"600\" src=\"https:\/\/www.elturistatranquil.com\/wp-content\/uploads\/F05a-Ruta-amb-cotxe-Parc-Cultural-de-AlbarracinGoogle-maps-2018-12-27b-2.jpg\" class=\"attachment-large size-large wp-image-11368\" alt=\"Ruta amb cotxe Parc Cultural de Albarracin(Google maps 2018-12-27)b (2)\" \/>\t\t\t\t\t\t\t\t\t\t\t<figcaption class=\"widget-image-caption wp-caption-text\">Ruta en cotxe (Google maps 2018-12-27)<\/figcaption>\n\t\t\t\t\t\t\t\t\t\t<\/figure>\n\t\t\t\t\t\t\t\t\t<\/div>\n\t\t\t\t<\/div>\n\t\t\t\t\t<\/div>\n\t\t<\/div>\n\t\t\t\t<div class=\"elementor-column elementor-col-50 elementor-inner-column elementor-element elementor-element-46096d4a\" data-id=\"46096d4a\" data-element_type=\"column\" data-e-type=\"column\">\n\t\t\t<div class=\"elementor-widget-wrap elementor-element-populated\">\n\t\t\t\t\t\t<div class=\"elementor-element elementor-element-bc43aef elementor-widget elementor-widget-image\" data-id=\"bc43aef\" data-element_type=\"widget\" data-e-type=\"widget\" data-widget_type=\"image.default\">\n\t\t\t\t<div class=\"elementor-widget-container\">\n\t\t\t\t\t\t\t\t\t\t\t\t<figure class=\"wp-caption\">\n\t\t\t\t\t\t\t\t\t\t<img loading=\"lazy\" decoding=\"async\" width=\"399\" height=\"600\" src=\"https:\/\/www.elturistatranquil.com\/wp-content\/uploads\/F05b-Ruta-a-peu-Parc-Cultural-de-AlbarracinGoogle-maps-2018-12-27.jpg\" class=\"attachment-large size-large wp-image-11370\" alt=\"Ruta a peu Parc Cultural de Albarracin(Google maps 2018-12-27)\" \/>\t\t\t\t\t\t\t\t\t\t\t<figcaption class=\"widget-image-caption wp-caption-text\">Ruta a peu (Google maps 2018-12-27)<\/figcaption>\n\t\t\t\t\t\t\t\t\t\t<\/figure>\n\t\t\t\t\t\t\t\t\t<\/div>\n\t\t\t\t<\/div>\n\t\t\t\t\t<\/div>\n\t\t<\/div>\n\t\t\t\t\t<\/div>\n\t\t<\/section>\n\t\t\t\t<div class=\"elementor-element elementor-element-f474ce5 elementor-widget elementor-widget-menu-anchor\" data-id=\"f474ce5\" data-element_type=\"widget\" data-e-type=\"widget\" data-widget_type=\"menu-anchor.default\">\n\t\t\t\t<div class=\"elementor-widget-container\">\n\t\t\t\t\t\t\t<div class=\"elementor-menu-anchor\" id=\"c21n03\"><\/div>\n\t\t\t\t\t\t<\/div>\n\t\t\t\t<\/div>\n\t\t\t\t<div class=\"elementor-element elementor-element-61b2e0c9 elementor-widget elementor-widget-text-editor\" data-id=\"61b2e0c9\" data-element_type=\"widget\" data-e-type=\"widget\" data-widget_type=\"text-editor.default\">\n\t\t\t\t<div class=\"elementor-widget-container\">\n\t\t\t\t\t\t\t\t\t<p>Comen\u00e7o aqu\u00ed l&#8217;exposici\u00f3 del recorregut per un territori que, en tot moment, se situa a una altitud entre els 1.000 msnm i el 1.400 msnm.<\/p>\t\t\t\t\t\t\t\t<\/div>\n\t\t\t\t<\/div>\n\t\t\t\t<div class=\"elementor-element elementor-element-1a71c98a elementor-widget elementor-widget-heading\" data-id=\"1a71c98a\" data-element_type=\"widget\" data-e-type=\"widget\" data-widget_type=\"heading.default\">\n\t\t\t\t<div class=\"elementor-widget-container\">\n\t\t\t\t\t<h3 class=\"elementor-heading-title elementor-size-default\">Rodenas<\/h3>\t\t\t\t<\/div>\n\t\t\t\t<\/div>\n\t\t\t\t<div class=\"elementor-element elementor-element-1abb2852 elementor-widget elementor-widget-image\" data-id=\"1abb2852\" data-element_type=\"widget\" data-e-type=\"widget\" data-widget_type=\"image.default\">\n\t\t\t\t<div class=\"elementor-widget-container\">\n\t\t\t\t\t\t\t\t\t\t\t\t<figure class=\"wp-caption\">\n\t\t\t\t\t\t\t\t\t\t<img loading=\"lazy\" decoding=\"async\" width=\"800\" height=\"534\" src=\"https:\/\/www.elturistatranquil.com\/wp-content\/uploads\/F06-Rodenas-Google-earth-2018-12-27.jpg\" class=\"attachment-large size-large wp-image-11372\" alt=\"Rodenas (Google earth 2018-12-27)\" srcset=\"https:\/\/www.elturistatranquil.com\/wp-content\/uploads\/F06-Rodenas-Google-earth-2018-12-27.jpg 800w, https:\/\/www.elturistatranquil.com\/wp-content\/uploads\/F06-Rodenas-Google-earth-2018-12-27-768x513.jpg 768w\" sizes=\"(max-width: 800px) 100vw, 800px\" \/>\t\t\t\t\t\t\t\t\t\t\t<figcaption class=\"widget-image-caption wp-caption-text\">Rodenas. Al nord s'observa la massa rocosa de rodeno. Al sud la paramera (Google earth 2018-12-27) <\/figcaption>\n\t\t\t\t\t\t\t\t\t\t<\/figure>\n\t\t\t\t\t\t\t\t\t<\/div>\n\t\t\t\t<\/div>\n\t\t\t\t<div class=\"elementor-element elementor-element-3a7829f8 elementor-widget elementor-widget-text-editor\" data-id=\"3a7829f8\" data-element_type=\"widget\" data-e-type=\"widget\" data-widget_type=\"text-editor.default\">\n\t\t\t\t<div class=\"elementor-widget-container\">\n\t\t\t\t\t\t\t\t\t<p>Els 63 habitants (2019) de <strong>Rodenas<\/strong> (<strong>A<\/strong>) (no hi ha acord en si s&#8217;escriu i pronuncia <em>Rodenas<\/em> o <em>R\u00f3denas<\/em>) resideixen a una altitud d&#8217;uns 1.380 msnm.<\/p>\t\t\t\t\t\t\t\t<\/div>\n\t\t\t\t<\/div>\n\t\t\t\t<div class=\"elementor-element elementor-element-11d59e1f elementor-widget elementor-widget-image\" data-id=\"11d59e1f\" data-element_type=\"widget\" data-e-type=\"widget\" data-widget_type=\"image.default\">\n\t\t\t\t<div class=\"elementor-widget-container\">\n\t\t\t\t\t\t\t\t\t\t\t\t<figure class=\"wp-caption\">\n\t\t\t\t\t\t\t\t\t\t<img loading=\"lazy\" decoding=\"async\" width=\"800\" height=\"533\" src=\"https:\/\/www.elturistatranquil.com\/wp-content\/uploads\/F07-Rodenas.jpg\" class=\"attachment-large size-large wp-image-11394\" alt=\"Rodenas\" srcset=\"https:\/\/www.elturistatranquil.com\/wp-content\/uploads\/F07-Rodenas.jpg 800w, https:\/\/www.elturistatranquil.com\/wp-content\/uploads\/F07-Rodenas-768x512.jpg 768w\" sizes=\"(max-width: 800px) 100vw, 800px\" \/>\t\t\t\t\t\t\t\t\t\t\t<figcaption class=\"widget-image-caption wp-caption-text\">Rodenas. Al fons l'Ermita de los Poyales<\/figcaption>\n\t\t\t\t\t\t\t\t\t\t<\/figure>\n\t\t\t\t\t\t\t\t\t<\/div>\n\t\t\t\t<\/div>\n\t\t\t\t<div class=\"elementor-element elementor-element-16a497b8 elementor-widget elementor-widget-text-editor\" data-id=\"16a497b8\" data-element_type=\"widget\" data-e-type=\"widget\" data-widget_type=\"text-editor.default\">\n\t\t\t\t<div class=\"elementor-widget-container\">\n\t\t\t\t\t\t\t\t\t<p>Estrat\u00e8gicament, Rodenas \u00e9s la porta de la Sierra de Albarrac\u00edn. El municipi, com una avan\u00e7ada serrana, limita amb les comunitats de Daroca, Molina d&#8217;Arag\u00f3 i Terol. Per aix\u00f2, els interessats en dominar el senyoriu de Albarrac\u00edn havien de rendir Rodenas en primer lloc. La seva localitzaci\u00f3 comunicant la vall del Jiloca amb la regi\u00f3 muntanyenca, la va convertir en una poblaci\u00f3 clau en la guerra i la pol\u00edtica del passat.<\/p>\n<p>Situat al nord del Parc, Rodenas ha estat protagonista de moltes fites importants de la hist\u00f2ria, especialment durant l&#8217;Edat Mitjana i la pres\u00e8ncia sarra\u00efna.<\/p>\n<p>Donada la seva ubicaci\u00f3 fronterera en els confins de la taifa dels Banu-Razin, Rodenas va comptar amb una pla\u00e7a forta, un castell del que es tenen refer\u00e8ncies documentals ja al segle XI.<\/p>\n<p>Posteriorment es va mantenir aquesta posici\u00f3 estrat\u00e8gica i el castell va ser clau en les escaramusses frontereres que van esdevenir en la &#8220;Guerra dels Peres&#8221;, entre Pedro I de Castella i Pere IV d&#8217;Arag\u00f3. El castell compta amb el gran honor de ser l&#8217;escenari d&#8217;un dels miracles de Santa Maria, recollit en la cantiga 191 d&#8217;Alfons X el Savi, titulat &#8220;<em>la alcaydessa caeu de cima da pena de Rodenas d\u00b4Alvarrazin e chamou Santa Mar\u00eda e non se feriu<\/em>\u201d.<\/p>\n<p>Fent honor al seu nom, gaireb\u00e9 totes les construccions tenen a la pedra de rodeno com a principal element constructiu. D&#8217;aqu\u00ed el color vermell que impregna tot el paisatge. Els casalots de Rodenas denoten la secular tradici\u00f3 canteril d&#8217;aquest poble, on abunden els carreus i dovelles ben llaurats.<\/p>\n<p>En Rodenas es mant\u00e9 possiblement l&#8217;\u00fanic picapedrer-escultor en actiu de tota la zona.<\/p>\n<p>Cases populars, casalots, l&#8217;Esgl\u00e9sia o l&#8217;Aljub, tots estaven constru\u00efts amb pedra de rodeno. El resultat \u00e9s un conjunt urb\u00e0 que constitueix una obra d&#8217;art en el seu conjunt i est\u00e0 perfectament integrat en el paisatge roc\u00f3s.<\/p>\n<p>L&#8217;arquitectura popular, substitu\u00efda per construccions d&#8217;arquitectura &#8220;moderna&#8221; ha resistit pitjor que els casalots, aquestes \u00faltims m\u00e9s ben conservats i condicionats.<\/p>\t\t\t\t\t\t\t\t<\/div>\n\t\t\t\t<\/div>\n\t\t\t\t<div class=\"elementor-element elementor-element-510d379d elementor-widget elementor-widget-image\" data-id=\"510d379d\" data-element_type=\"widget\" data-e-type=\"widget\" data-widget_type=\"image.default\">\n\t\t\t\t<div class=\"elementor-widget-container\">\n\t\t\t\t\t\t\t\t\t\t\t\t<figure class=\"wp-caption\">\n\t\t\t\t\t\t\t\t\t\t<img loading=\"lazy\" decoding=\"async\" width=\"800\" height=\"533\" src=\"https:\/\/www.elturistatranquil.com\/wp-content\/uploads\/F08-Rodenas.jpg\" class=\"attachment-large size-large wp-image-11376\" alt=\"Rodenas\" srcset=\"https:\/\/www.elturistatranquil.com\/wp-content\/uploads\/F08-Rodenas.jpg 800w, https:\/\/www.elturistatranquil.com\/wp-content\/uploads\/F08-Rodenas-768x512.jpg 768w\" sizes=\"(max-width: 800px) 100vw, 800px\" \/>\t\t\t\t\t\t\t\t\t\t\t<figcaption class=\"widget-image-caption wp-caption-text\"><\/figcaption>\n\t\t\t\t\t\t\t\t\t\t<\/figure>\n\t\t\t\t\t\t\t\t\t<\/div>\n\t\t\t\t<\/div>\n\t\t\t\t<div class=\"elementor-element elementor-element-2584b20b elementor-widget elementor-widget-image\" data-id=\"2584b20b\" data-element_type=\"widget\" data-e-type=\"widget\" data-widget_type=\"image.default\">\n\t\t\t\t<div class=\"elementor-widget-container\">\n\t\t\t\t\t\t\t\t\t\t\t\t<figure class=\"wp-caption\">\n\t\t\t\t\t\t\t\t\t\t<img loading=\"lazy\" decoding=\"async\" width=\"800\" height=\"533\" src=\"https:\/\/www.elturistatranquil.com\/wp-content\/uploads\/F09-Rodenas.jpg\" class=\"attachment-large size-large wp-image-11378\" alt=\"Rodenas\" srcset=\"https:\/\/www.elturistatranquil.com\/wp-content\/uploads\/F09-Rodenas.jpg 800w, https:\/\/www.elturistatranquil.com\/wp-content\/uploads\/F09-Rodenas-768x512.jpg 768w\" sizes=\"(max-width: 800px) 100vw, 800px\" \/>\t\t\t\t\t\t\t\t\t\t\t<figcaption class=\"widget-image-caption wp-caption-text\"><\/figcaption>\n\t\t\t\t\t\t\t\t\t\t<\/figure>\n\t\t\t\t\t\t\t\t\t<\/div>\n\t\t\t\t<\/div>\n\t\t\t\t<div class=\"elementor-element elementor-element-1ee8e885 elementor-widget elementor-widget-image\" data-id=\"1ee8e885\" data-element_type=\"widget\" data-e-type=\"widget\" data-widget_type=\"image.default\">\n\t\t\t\t<div class=\"elementor-widget-container\">\n\t\t\t\t\t\t\t\t\t\t\t\t<figure class=\"wp-caption\">\n\t\t\t\t\t\t\t\t\t\t<img loading=\"lazy\" decoding=\"async\" width=\"800\" height=\"533\" src=\"https:\/\/www.elturistatranquil.com\/wp-content\/uploads\/F10-Rodenas.jpg\" class=\"attachment-large size-large wp-image-11380\" alt=\"Rodenas\" srcset=\"https:\/\/www.elturistatranquil.com\/wp-content\/uploads\/F10-Rodenas.jpg 800w, https:\/\/www.elturistatranquil.com\/wp-content\/uploads\/F10-Rodenas-768x512.jpg 768w\" sizes=\"(max-width: 800px) 100vw, 800px\" \/>\t\t\t\t\t\t\t\t\t\t\t<figcaption class=\"widget-image-caption wp-caption-text\"><\/figcaption>\n\t\t\t\t\t\t\t\t\t\t<\/figure>\n\t\t\t\t\t\t\t\t\t<\/div>\n\t\t\t\t<\/div>\n\t\t\t\t<div class=\"elementor-element elementor-element-7219ee9d elementor-widget elementor-widget-text-editor\" data-id=\"7219ee9d\" data-element_type=\"widget\" data-e-type=\"widget\" data-widget_type=\"text-editor.default\">\n\t\t\t\t<div class=\"elementor-widget-container\">\n\t\t\t\t\t\t\t\t\t<p>En els moments en qu\u00e8 les lluites i incursions estaven a l&#8217;ordre del dia, les grans cases pairals complien una important funci\u00f3 per als habitants del poble, i actuaven com petites fortaleses que aixoplugaven als ve\u00efns menys afavorits davant enemics o assaltants.<\/p>\n<p>Aquestes fam\u00edlies nobles solien tenir la seva resid\u00e8ncia a la ciutat de Albarrac\u00edn, tot i que passaven la primavera i l&#8217;estiu en aquest poble.<\/p>\n<p>Els <strong>casalots<\/strong> aporten personalitat i riquesa a Rodenas.<\/p>\n<p>La casa del Olmo \u00e9s una impressionant edificaci\u00f3 en pedra rodena en la qual destaca l&#8217;escut de pedra -\u00fanic en els habitatges de la localitat- i un bell treball de reixeria. Posseeix dues portes d&#8217;entrada que mostren unes magn\u00edfiques dovelles que formen sengles arcs de mig punt. Aquestes dues portes corresponen a les dues parts de qu\u00e8 consta l&#8217;habitatge: la m\u00e9s antiga va ser edificada en 1360 i es va ampliar posteriorment cap al 1600.<\/p>\t\t\t\t\t\t\t\t<\/div>\n\t\t\t\t<\/div>\n\t\t\t\t<div class=\"elementor-element elementor-element-4029d242 elementor-widget elementor-widget-image\" data-id=\"4029d242\" data-element_type=\"widget\" data-e-type=\"widget\" data-widget_type=\"image.default\">\n\t\t\t\t<div class=\"elementor-widget-container\">\n\t\t\t\t\t\t\t\t\t\t\t\t<figure class=\"wp-caption\">\n\t\t\t\t\t\t\t\t\t\t<img loading=\"lazy\" decoding=\"async\" width=\"800\" height=\"533\" src=\"https:\/\/www.elturistatranquil.com\/wp-content\/uploads\/F11-Rodenas.jpg\" class=\"attachment-large size-large wp-image-11382\" alt=\"Rodenas\" srcset=\"https:\/\/www.elturistatranquil.com\/wp-content\/uploads\/F11-Rodenas.jpg 800w, https:\/\/www.elturistatranquil.com\/wp-content\/uploads\/F11-Rodenas-768x512.jpg 768w\" sizes=\"(max-width: 800px) 100vw, 800px\" \/>\t\t\t\t\t\t\t\t\t\t\t<figcaption class=\"widget-image-caption wp-caption-text\"><\/figcaption>\n\t\t\t\t\t\t\t\t\t\t<\/figure>\n\t\t\t\t\t\t\t\t\t<\/div>\n\t\t\t\t<\/div>\n\t\t\t\t<div class=\"elementor-element elementor-element-7f2b90e8 elementor-widget elementor-widget-image\" data-id=\"7f2b90e8\" data-element_type=\"widget\" data-e-type=\"widget\" data-widget_type=\"image.default\">\n\t\t\t\t<div class=\"elementor-widget-container\">\n\t\t\t\t\t\t\t\t\t\t\t\t<figure class=\"wp-caption\">\n\t\t\t\t\t\t\t\t\t\t<img loading=\"lazy\" decoding=\"async\" width=\"800\" height=\"533\" src=\"https:\/\/www.elturistatranquil.com\/wp-content\/uploads\/F12-Rodenas.jpg\" class=\"attachment-large size-large wp-image-11384\" alt=\"Rodenas\" srcset=\"https:\/\/www.elturistatranquil.com\/wp-content\/uploads\/F12-Rodenas.jpg 800w, https:\/\/www.elturistatranquil.com\/wp-content\/uploads\/F12-Rodenas-768x512.jpg 768w\" sizes=\"(max-width: 800px) 100vw, 800px\" \/>\t\t\t\t\t\t\t\t\t\t\t<figcaption class=\"widget-image-caption wp-caption-text\"><\/figcaption>\n\t\t\t\t\t\t\t\t\t\t<\/figure>\n\t\t\t\t\t\t\t\t\t<\/div>\n\t\t\t\t<\/div>\n\t\t\t\t<div class=\"elementor-element elementor-element-606e3365 elementor-widget elementor-widget-text-editor\" data-id=\"606e3365\" data-element_type=\"widget\" data-e-type=\"widget\" data-widget_type=\"text-editor.default\">\n\t\t\t\t<div class=\"elementor-widget-container\">\n\t\t\t\t\t\t\t\t\t<p>Casa Julianes, propietat dels Juli\u00e1n que s\u00f3n una de les fam\u00edlies m\u00e9s notables de la localitat de Rodenas i hi resideixen des de l&#8217;any 1700. Fins i tot van ser amos del castell del poble durant el segle XIX. La seva casa, per tant, \u00e9s una de les m\u00e9s importants i imponents del municipi i, com era d&#8217;esperar, est\u00e0 constru\u00efda en ma\u00e7oneria de Rodeno.<\/p>\t\t\t\t\t\t\t\t<\/div>\n\t\t\t\t<\/div>\n\t\t\t\t<div class=\"elementor-element elementor-element-1586aadb elementor-widget elementor-widget-image\" data-id=\"1586aadb\" data-element_type=\"widget\" data-e-type=\"widget\" data-widget_type=\"image.default\">\n\t\t\t\t<div class=\"elementor-widget-container\">\n\t\t\t\t\t\t\t\t\t\t\t\t<figure class=\"wp-caption\">\n\t\t\t\t\t\t\t\t\t\t<img loading=\"lazy\" decoding=\"async\" width=\"800\" height=\"533\" src=\"https:\/\/www.elturistatranquil.com\/wp-content\/uploads\/F13-Rodenas.jpg\" class=\"attachment-large size-large wp-image-11386\" alt=\"Rodenas\" srcset=\"https:\/\/www.elturistatranquil.com\/wp-content\/uploads\/F13-Rodenas.jpg 800w, https:\/\/www.elturistatranquil.com\/wp-content\/uploads\/F13-Rodenas-768x512.jpg 768w\" sizes=\"(max-width: 800px) 100vw, 800px\" \/>\t\t\t\t\t\t\t\t\t\t\t<figcaption class=\"widget-image-caption wp-caption-text\"><\/figcaption>\n\t\t\t\t\t\t\t\t\t\t<\/figure>\n\t\t\t\t\t\t\t\t\t<\/div>\n\t\t\t\t<\/div>\n\t\t\t\t<div class=\"elementor-element elementor-element-712f4a1e elementor-widget elementor-widget-text-editor\" data-id=\"712f4a1e\" data-element_type=\"widget\" data-e-type=\"widget\" data-widget_type=\"text-editor.default\">\n\t\t\t\t<div class=\"elementor-widget-container\">\n\t\t\t\t\t\t\t\t\t<p>Altres casonas amb l&#8217;arquitectura t\u00edpica i totes en pedra de rodeno.<\/p>\t\t\t\t\t\t\t\t<\/div>\n\t\t\t\t<\/div>\n\t\t\t\t<div class=\"elementor-element elementor-element-4989a73 elementor-widget elementor-widget-image\" data-id=\"4989a73\" data-element_type=\"widget\" data-e-type=\"widget\" data-widget_type=\"image.default\">\n\t\t\t\t<div class=\"elementor-widget-container\">\n\t\t\t\t\t\t\t\t\t\t\t\t<figure class=\"wp-caption\">\n\t\t\t\t\t\t\t\t\t\t<img loading=\"lazy\" decoding=\"async\" width=\"800\" height=\"533\" src=\"https:\/\/www.elturistatranquil.com\/wp-content\/uploads\/F14-Rodenas.jpg\" class=\"attachment-large size-large wp-image-11388\" alt=\"Rodenas\" srcset=\"https:\/\/www.elturistatranquil.com\/wp-content\/uploads\/F14-Rodenas.jpg 800w, https:\/\/www.elturistatranquil.com\/wp-content\/uploads\/F14-Rodenas-768x512.jpg 768w\" sizes=\"(max-width: 800px) 100vw, 800px\" \/>\t\t\t\t\t\t\t\t\t\t\t<figcaption class=\"widget-image-caption wp-caption-text\"><\/figcaption>\n\t\t\t\t\t\t\t\t\t\t<\/figure>\n\t\t\t\t\t\t\t\t\t<\/div>\n\t\t\t\t<\/div>\n\t\t\t\t<div class=\"elementor-element elementor-element-47ef12fb elementor-widget elementor-widget-image\" data-id=\"47ef12fb\" data-element_type=\"widget\" data-e-type=\"widget\" data-widget_type=\"image.default\">\n\t\t\t\t<div class=\"elementor-widget-container\">\n\t\t\t\t\t\t\t\t\t\t\t\t<figure class=\"wp-caption\">\n\t\t\t\t\t\t\t\t\t\t<img loading=\"lazy\" decoding=\"async\" width=\"800\" height=\"533\" src=\"https:\/\/www.elturistatranquil.com\/wp-content\/uploads\/F15-Rodenas-Casa-Veleros.jpg\" class=\"attachment-large size-large wp-image-11390\" alt=\"Rodenas Casa Veleros\" srcset=\"https:\/\/www.elturistatranquil.com\/wp-content\/uploads\/F15-Rodenas-Casa-Veleros.jpg 800w, https:\/\/www.elturistatranquil.com\/wp-content\/uploads\/F15-Rodenas-Casa-Veleros-768x512.jpg 768w\" sizes=\"(max-width: 800px) 100vw, 800px\" \/>\t\t\t\t\t\t\t\t\t\t\t<figcaption class=\"widget-image-caption wp-caption-text\">Casa Veleros<\/figcaption>\n\t\t\t\t\t\t\t\t\t\t<\/figure>\n\t\t\t\t\t\t\t\t\t<\/div>\n\t\t\t\t<\/div>\n\t\t\t\t<div class=\"elementor-element elementor-element-322c8fbd elementor-widget elementor-widget-text-editor\" data-id=\"322c8fbd\" data-element_type=\"widget\" data-e-type=\"widget\" data-widget_type=\"text-editor.default\">\n\t\t\t\t<div class=\"elementor-widget-container\">\n\t\t\t\t\t\t\t\t\t<p>L&#8217;<strong>Esgl\u00e9sia parroquial de Santa Catalina<\/strong>, d&#8217;estil g\u00f2tic renaixentista de finals del segle XVI, \u00e9s una de les m\u00e9s importants d&#8217;aquesta \u00e8poca a la comarca. Est\u00e0 realitzada a base de ma\u00e7oneria i pedra picada d&#8217;arenisca vermella de rodeno. La torre campanar, d&#8217;escassa al\u00e7ada, consta d&#8217;un cos quadrangular i d&#8217;un altre m\u00e9s petit i octogonal amb rematada c\u00f2nique.<\/p>\t\t\t\t\t\t\t\t<\/div>\n\t\t\t\t<\/div>\n\t\t\t\t<div class=\"elementor-element elementor-element-36973e93 elementor-widget elementor-widget-image\" data-id=\"36973e93\" data-element_type=\"widget\" data-e-type=\"widget\" data-widget_type=\"image.default\">\n\t\t\t\t<div class=\"elementor-widget-container\">\n\t\t\t\t\t\t\t\t\t\t\t\t<figure class=\"wp-caption\">\n\t\t\t\t\t\t\t\t\t\t<img loading=\"lazy\" decoding=\"async\" width=\"800\" height=\"533\" src=\"https:\/\/www.elturistatranquil.com\/wp-content\/uploads\/F16-Rodenas-Iglesia-de-Santa-Catalina.jpg\" class=\"attachment-large size-large wp-image-11392\" alt=\"Rodenas Iglesia de Santa Catalina\" srcset=\"https:\/\/www.elturistatranquil.com\/wp-content\/uploads\/F16-Rodenas-Iglesia-de-Santa-Catalina.jpg 800w, https:\/\/www.elturistatranquil.com\/wp-content\/uploads\/F16-Rodenas-Iglesia-de-Santa-Catalina-768x512.jpg 768w\" sizes=\"(max-width: 800px) 100vw, 800px\" \/>\t\t\t\t\t\t\t\t\t\t\t<figcaption class=\"widget-image-caption wp-caption-text\"><\/figcaption>\n\t\t\t\t\t\t\t\t\t\t<\/figure>\n\t\t\t\t\t\t\t\t\t<\/div>\n\t\t\t\t<\/div>\n\t\t\t\t<div class=\"elementor-element elementor-element-4c08241c elementor-widget elementor-widget-text-editor\" data-id=\"4c08241c\" data-element_type=\"widget\" data-e-type=\"widget\" data-widget_type=\"text-editor.default\">\n\t\t\t\t<div class=\"elementor-widget-container\">\n\t\t\t\t\t\t\t\t\t<p>Consta d&#8217;una nau coberta de creueria estrellada. La fa\u00e7ana principal \u00e9s d&#8217;estil classicista: posseeix un arc carpanell que acull una portada oberta en arc de mig punt flanquejat per dos pilastres que sostenen un segon cos rematat per un front\u00f3 triangular.<\/p>\t\t\t\t\t\t\t\t<\/div>\n\t\t\t\t<\/div>\n\t\t\t\t<div class=\"elementor-element elementor-element-51c42fd1 elementor-widget elementor-widget-image\" data-id=\"51c42fd1\" data-element_type=\"widget\" data-e-type=\"widget\" data-widget_type=\"image.default\">\n\t\t\t\t<div class=\"elementor-widget-container\">\n\t\t\t\t\t\t\t\t\t\t\t\t<figure class=\"wp-caption\">\n\t\t\t\t\t\t\t\t\t\t<img loading=\"lazy\" decoding=\"async\" width=\"382\" height=\"550\" src=\"https:\/\/www.elturistatranquil.com\/wp-content\/uploads\/F17-Rodenas-Iglesia-de-Santa-Catalina.jpg\" class=\"attachment-large size-large wp-image-11396\" alt=\"Rodenas Iglesia de Santa Catalina\" \/>\t\t\t\t\t\t\t\t\t\t\t<figcaption class=\"widget-image-caption wp-caption-text\"><\/figcaption>\n\t\t\t\t\t\t\t\t\t\t<\/figure>\n\t\t\t\t\t\t\t\t\t<\/div>\n\t\t\t\t<\/div>\n\t\t\t\t<div class=\"elementor-element elementor-element-355011a9 elementor-widget elementor-widget-text-editor\" data-id=\"355011a9\" data-element_type=\"widget\" data-e-type=\"widget\" data-widget_type=\"text-editor.default\">\n\t\t\t\t<div class=\"elementor-widget-container\">\n\t\t\t\t\t\t\t\t\t<p>A la part alta del poble, sobre un mass\u00eds de gresos rodenas, es mostra una construcci\u00f3 molt caracter\u00edstica, un <strong>aljub \u00e0rab<\/strong> del segle X, que ens remunta al per\u00edode hist\u00f2ric de l&#8217;ocupaci\u00f3 musulmana.<\/p>\n<p>\u00c9s una construcci\u00f3 de cadirat feta amb grans lloses de la mateixa gres rosa sobre la qual s&#8217;assenta, que es troba coronada per una torreta circular de ventilaci\u00f3, tamb\u00e9 en pedra picada, i rematada amb una petita c\u00fapula de ferro calat.<\/p>\t\t\t\t\t\t\t\t<\/div>\n\t\t\t\t<\/div>\n\t\t\t\t<div class=\"elementor-element elementor-element-61cbd86c elementor-widget elementor-widget-image\" data-id=\"61cbd86c\" data-element_type=\"widget\" data-e-type=\"widget\" data-widget_type=\"image.default\">\n\t\t\t\t<div class=\"elementor-widget-container\">\n\t\t\t\t\t\t\t\t\t\t\t\t<figure class=\"wp-caption\">\n\t\t\t\t\t\t\t\t\t\t<img loading=\"lazy\" decoding=\"async\" width=\"800\" height=\"533\" src=\"https:\/\/www.elturistatranquil.com\/wp-content\/uploads\/F18-Rodenas-Aljibe.jpg\" class=\"attachment-large size-large wp-image-11398\" alt=\"Rodenas Aljibe\" srcset=\"https:\/\/www.elturistatranquil.com\/wp-content\/uploads\/F18-Rodenas-Aljibe.jpg 800w, https:\/\/www.elturistatranquil.com\/wp-content\/uploads\/F18-Rodenas-Aljibe-768x512.jpg 768w\" sizes=\"(max-width: 800px) 100vw, 800px\" \/>\t\t\t\t\t\t\t\t\t\t\t<figcaption class=\"widget-image-caption wp-caption-text\"><\/figcaption>\n\t\t\t\t\t\t\t\t\t\t<\/figure>\n\t\t\t\t\t\t\t\t\t<\/div>\n\t\t\t\t<\/div>\n\t\t\t\t<div class=\"elementor-element elementor-element-737f0e1b elementor-widget elementor-widget-image\" data-id=\"737f0e1b\" data-element_type=\"widget\" data-e-type=\"widget\" data-widget_type=\"image.default\">\n\t\t\t\t<div class=\"elementor-widget-container\">\n\t\t\t\t\t\t\t\t\t\t\t\t<figure class=\"wp-caption\">\n\t\t\t\t\t\t\t\t\t\t<img loading=\"lazy\" decoding=\"async\" width=\"413\" height=\"550\" src=\"https:\/\/www.elturistatranquil.com\/wp-content\/uploads\/F19-Rodenas-Aljibe.jpg\" class=\"attachment-large size-large wp-image-11402\" alt=\"Rodenas Aljibe\" \/>\t\t\t\t\t\t\t\t\t\t\t<figcaption class=\"widget-image-caption wp-caption-text\"><\/figcaption>\n\t\t\t\t\t\t\t\t\t\t<\/figure>\n\t\t\t\t\t\t\t\t\t<\/div>\n\t\t\t\t<\/div>\n\t\t\t\t<div class=\"elementor-element elementor-element-2caa6296 elementor-widget elementor-widget-text-editor\" data-id=\"2caa6296\" data-element_type=\"widget\" data-e-type=\"widget\" data-widget_type=\"text-editor.default\">\n\t\t\t\t<div class=\"elementor-widget-container\">\n\t\t\t\t\t\t\t\t\t<p>En conjunt es tracta d&#8217;una edificaci\u00f3 molt singular, pr\u00e0cticament \u00fanica en el seu tipus.<\/p>\n<p>L&#8217;aljub est\u00e0 planificat i constru\u00eft de manera que la continu\u00eftat amb el penyal i el desnivell existent s&#8217;aprofiten per recollir l&#8217;aigua de pluja, procedent de les altures properes, a la cisterna situada a la base.<\/p>\t\t\t\t\t\t\t\t<\/div>\n\t\t\t\t<\/div>\n\t\t\t\t<div class=\"elementor-element elementor-element-72993a8a elementor-widget elementor-widget-image\" data-id=\"72993a8a\" data-element_type=\"widget\" data-e-type=\"widget\" data-widget_type=\"image.default\">\n\t\t\t\t<div class=\"elementor-widget-container\">\n\t\t\t\t\t\t\t\t\t\t\t\t<figure class=\"wp-caption\">\n\t\t\t\t\t\t\t\t\t\t<img loading=\"lazy\" decoding=\"async\" width=\"800\" height=\"533\" src=\"https:\/\/www.elturistatranquil.com\/wp-content\/uploads\/F20-Rodenas-Aljibe.jpg\" class=\"attachment-large size-large wp-image-11404\" alt=\"Rodenas Aljibe\" srcset=\"https:\/\/www.elturistatranquil.com\/wp-content\/uploads\/F20-Rodenas-Aljibe.jpg 800w, https:\/\/www.elturistatranquil.com\/wp-content\/uploads\/F20-Rodenas-Aljibe-768x512.jpg 768w\" sizes=\"(max-width: 800px) 100vw, 800px\" \/>\t\t\t\t\t\t\t\t\t\t\t<figcaption class=\"widget-image-caption wp-caption-text\"><\/figcaption>\n\t\t\t\t\t\t\t\t\t\t<\/figure>\n\t\t\t\t\t\t\t\t\t<\/div>\n\t\t\t\t<\/div>\n\t\t\t\t<div class=\"elementor-element elementor-element-6ffd432f elementor-widget elementor-widget-text-editor\" data-id=\"6ffd432f\" data-element_type=\"widget\" data-e-type=\"widget\" data-widget_type=\"text-editor.default\">\n\t\t\t\t<div class=\"elementor-widget-container\">\n\t\t\t\t\t\t\t\t\t<p>La canalitzaci\u00f3 de l&#8217;aigua cap al dip\u00f2sit est\u00e0 garantida per diversos petits canals excavats a la roca que finalitzen en un dip\u00f2sit de decantaci\u00f3 abans de la seva entrada a la cisterna.<\/p>\t\t\t\t\t\t\t\t<\/div>\n\t\t\t\t<\/div>\n\t\t\t\t<div class=\"elementor-element elementor-element-92f5571 elementor-widget elementor-widget-image\" data-id=\"92f5571\" data-element_type=\"widget\" data-e-type=\"widget\" data-widget_type=\"image.default\">\n\t\t\t\t<div class=\"elementor-widget-container\">\n\t\t\t\t\t\t\t\t\t\t\t\t<figure class=\"wp-caption\">\n\t\t\t\t\t\t\t\t\t\t<img loading=\"lazy\" decoding=\"async\" width=\"800\" height=\"533\" src=\"https:\/\/www.elturistatranquil.com\/wp-content\/uploads\/F21-Rodenas-Aljibe.jpg\" class=\"attachment-large size-large wp-image-11406\" alt=\"Rodenas Aljibe\" srcset=\"https:\/\/www.elturistatranquil.com\/wp-content\/uploads\/F21-Rodenas-Aljibe.jpg 800w, https:\/\/www.elturistatranquil.com\/wp-content\/uploads\/F21-Rodenas-Aljibe-768x512.jpg 768w\" sizes=\"(max-width: 800px) 100vw, 800px\" \/>\t\t\t\t\t\t\t\t\t\t\t<figcaption class=\"widget-image-caption wp-caption-text\"><\/figcaption>\n\t\t\t\t\t\t\t\t\t\t<\/figure>\n\t\t\t\t\t\t\t\t\t<\/div>\n\t\t\t\t<\/div>\n\t\t\t\t<div class=\"elementor-element elementor-element-6972fac elementor-widget elementor-widget-text-editor\" data-id=\"6972fac\" data-element_type=\"widget\" data-e-type=\"widget\" data-widget_type=\"text-editor.default\">\n\t\t\t\t<div class=\"elementor-widget-container\">\n\t\t\t\t\t\t\t\t\t<p>Sobre aquest, hi ha un acc\u00e9s cobert per a l&#8217;extracci\u00f3 de l&#8217;aigua.<\/p>\t\t\t\t\t\t\t\t<\/div>\n\t\t\t\t<\/div>\n\t\t\t\t<div class=\"elementor-element elementor-element-402945cb elementor-widget elementor-widget-image\" data-id=\"402945cb\" data-element_type=\"widget\" data-e-type=\"widget\" data-widget_type=\"image.default\">\n\t\t\t\t<div class=\"elementor-widget-container\">\n\t\t\t\t\t\t\t\t\t\t\t\t<figure class=\"wp-caption\">\n\t\t\t\t\t\t\t\t\t\t<img loading=\"lazy\" decoding=\"async\" width=\"413\" height=\"550\" src=\"https:\/\/www.elturistatranquil.com\/wp-content\/uploads\/F22-Rodenas-Aljibe.jpg\" class=\"attachment-large size-large wp-image-11408\" alt=\"Rodenas Aljibe\" \/>\t\t\t\t\t\t\t\t\t\t\t<figcaption class=\"widget-image-caption wp-caption-text\"><\/figcaption>\n\t\t\t\t\t\t\t\t\t\t<\/figure>\n\t\t\t\t\t\t\t\t\t<\/div>\n\t\t\t\t<\/div>\n\t\t\t\t<div class=\"elementor-element elementor-element-41e9865f elementor-widget elementor-widget-text-editor\" data-id=\"41e9865f\" data-element_type=\"widget\" data-e-type=\"widget\" data-widget_type=\"text-editor.default\">\n\t\t\t\t<div class=\"elementor-widget-container\">\n\t\t\t\t\t\t\t\t\t<p>Passejant pel poble, vaig poder trobar una sorpresa divertida. Davant d&#8217;una gran casona vaig observar una pedra penjada d&#8217;una cadena amb un cartell a sobre.<\/p>\t\t\t\t\t\t\t\t<\/div>\n\t\t\t\t<\/div>\n\t\t\t\t<div class=\"elementor-element elementor-element-24c370e5 elementor-widget elementor-widget-image\" data-id=\"24c370e5\" data-element_type=\"widget\" data-e-type=\"widget\" data-widget_type=\"image.default\">\n\t\t\t\t<div class=\"elementor-widget-container\">\n\t\t\t\t\t\t\t\t\t\t\t\t<figure class=\"wp-caption\">\n\t\t\t\t\t\t\t\t\t\t<img loading=\"lazy\" decoding=\"async\" width=\"648\" height=\"550\" src=\"https:\/\/www.elturistatranquil.com\/wp-content\/uploads\/F23-Rodenas.jpg\" class=\"attachment-large size-large wp-image-11410\" alt=\"Rodenas\" \/>\t\t\t\t\t\t\t\t\t\t\t<figcaption class=\"widget-image-caption wp-caption-text\"><\/figcaption>\n\t\t\t\t\t\t\t\t\t\t<\/figure>\n\t\t\t\t\t\t\t\t\t<\/div>\n\t\t\t\t<\/div>\n\t\t\t\t<div class=\"elementor-element elementor-element-4385fbb5 elementor-widget elementor-widget-text-editor\" data-id=\"4385fbb5\" data-element_type=\"widget\" data-e-type=\"widget\" data-widget_type=\"text-editor.default\">\n\t\t\t\t<div class=\"elementor-widget-container\">\n\t\t\t\t\t\t\t\t\t<p>No em resisteixo a transcriure el seu contingut.<\/p>\t\t\t\t\t\t\t\t<\/div>\n\t\t\t\t<\/div>\n\t\t\t\t<div class=\"elementor-element elementor-element-51584ec2 elementor-widget elementor-widget-image\" data-id=\"51584ec2\" data-element_type=\"widget\" data-e-type=\"widget\" data-widget_type=\"image.default\">\n\t\t\t\t<div class=\"elementor-widget-container\">\n\t\t\t\t\t\t\t\t\t\t\t\t<figure class=\"wp-caption\">\n\t\t\t\t\t\t\t\t\t\t<img loading=\"lazy\" decoding=\"async\" width=\"379\" height=\"500\" src=\"https:\/\/www.elturistatranquil.com\/wp-content\/uploads\/F24-Rodenas-Meteorolog\u00eda-popular.jpg\" class=\"attachment-large size-large wp-image-11412\" alt=\"Rodenas Meteorolog\u00eda popular\" \/>\t\t\t\t\t\t\t\t\t\t\t<figcaption class=\"widget-image-caption wp-caption-text\"><\/figcaption>\n\t\t\t\t\t\t\t\t\t\t<\/figure>\n\t\t\t\t\t\t\t\t\t<\/div>\n\t\t\t\t<\/div>\n\t\t\t\t<div class=\"elementor-element elementor-element-f9933c6 elementor-widget elementor-widget-menu-anchor\" data-id=\"f9933c6\" data-element_type=\"widget\" data-e-type=\"widget\" data-widget_type=\"menu-anchor.default\">\n\t\t\t\t<div class=\"elementor-widget-container\">\n\t\t\t\t\t\t\t<div class=\"elementor-menu-anchor\" id=\"c21n04\"><\/div>\n\t\t\t\t\t\t<\/div>\n\t\t\t\t<\/div>\n\t\t\t\t<div class=\"elementor-element elementor-element-a62866b elementor-widget elementor-widget-text-editor\" data-id=\"a62866b\" data-element_type=\"widget\" data-e-type=\"widget\" data-widget_type=\"text-editor.default\">\n\t\t\t\t<div class=\"elementor-widget-container\">\n\t\t\t\t\t\t\t\t\t<p>Gr\u00e0cies, a qui va tenir la idea i la va plasmar a casa seva. Que no falti el sentit de l&#8217;humor.<\/p>\n<p>L&#8217;\u00fanic servei que oferia el poble en el moment de la visita era el Restaurant <em>Los Poyales<\/em>.<\/p>\t\t\t\t\t\t\t\t<\/div>\n\t\t\t\t<\/div>\n\t\t\t\t<div class=\"elementor-element elementor-element-1cd38fa elementor-widget elementor-widget-heading\" data-id=\"1cd38fa\" data-element_type=\"widget\" data-e-type=\"widget\" data-widget_type=\"heading.default\">\n\t\t\t\t<div class=\"elementor-widget-container\">\n\t\t\t\t\t<h3 class=\"elementor-heading-title elementor-size-default\">Grup de gravats rupestres de Rodenas i Pozond\u00f3n<\/h3>\t\t\t\t<\/div>\n\t\t\t\t<\/div>\n\t\t\t\t<div class=\"elementor-element elementor-element-6eff84fc elementor-widget elementor-widget-text-editor\" data-id=\"6eff84fc\" data-element_type=\"widget\" data-e-type=\"widget\" data-widget_type=\"text-editor.default\">\n\t\t\t\t<div class=\"elementor-widget-container\">\n\t\t\t\t\t\t\t\t\t<p>Encara que no els vaig visitar, crec que he d&#8217;esmentar les dues zones de gravats rupestres que es troben als voltants de Rodenas i al Barranco Cardoso a Pozond\u00f3n. Un tercer conjunt se situa a la Masada de Ligros a Albarrac\u00edn.<\/p>\n<p>La fotografia que segueix \u00e9s un exemple del Grup de Rodenas.<\/p>\t\t\t\t\t\t\t\t<\/div>\n\t\t\t\t<\/div>\n\t\t\t\t<div class=\"elementor-element elementor-element-54aa7fd7 elementor-widget elementor-widget-image\" data-id=\"54aa7fd7\" data-element_type=\"widget\" data-e-type=\"widget\" data-widget_type=\"image.default\">\n\t\t\t\t<div class=\"elementor-widget-container\">\n\t\t\t\t\t\t\t\t\t\t\t\t<figure class=\"wp-caption\">\n\t\t\t\t\t\t\t\t\t\t<img loading=\"lazy\" decoding=\"async\" width=\"521\" height=\"550\" src=\"https:\/\/www.elturistatranquil.com\/wp-content\/uploads\/F24b-Grabados-rupestres-en-Rodenas.jpg\" class=\"attachment-large size-large wp-image-11414\" alt=\"Grabados rupestres en Rodenas\" \/>\t\t\t\t\t\t\t\t\t\t\t<figcaption class=\"widget-image-caption wp-caption-text\">(Foto: Gu\u00eda del Parque Cultural de Albarrac\u00edn (PCA)<\/figcaption>\n\t\t\t\t\t\t\t\t\t\t<\/figure>\n\t\t\t\t\t\t\t\t\t<\/div>\n\t\t\t\t<\/div>\n\t\t\t\t<div class=\"elementor-element elementor-element-6dd3c6cd elementor-widget elementor-widget-menu-anchor\" data-id=\"6dd3c6cd\" data-element_type=\"widget\" data-e-type=\"widget\" data-widget_type=\"menu-anchor.default\">\n\t\t\t\t<div class=\"elementor-widget-container\">\n\t\t\t\t\t\t\t<div class=\"elementor-menu-anchor\" id=\"c21n05\"><\/div>\n\t\t\t\t\t\t<\/div>\n\t\t\t\t<\/div>\n\t\t\t\t<div class=\"elementor-element elementor-element-d8b67bf elementor-widget elementor-widget-text-editor\" data-id=\"d8b67bf\" data-element_type=\"widget\" data-e-type=\"widget\" data-widget_type=\"text-editor.default\">\n\t\t\t\t<div class=\"elementor-widget-container\">\n\t\t\t\t\t\t\t\t\t<p>Com veurem m\u00e9s endavant, per la seva banda les zones de pintures rupestres es concentren a Albarrac\u00edn, Bezas i Torm\u00f3n.<\/p>\t\t\t\t\t\t\t\t<\/div>\n\t\t\t\t<\/div>\n\t\t\t\t<div class=\"elementor-element elementor-element-4484efd7 elementor-widget elementor-widget-heading\" data-id=\"4484efd7\" data-element_type=\"widget\" data-e-type=\"widget\" data-widget_type=\"heading.default\">\n\t\t\t\t<div class=\"elementor-widget-container\">\n\t\t\t\t\t<h3 class=\"elementor-heading-title elementor-size-default\">Castell de Peracense<\/h3>\t\t\t\t<\/div>\n\t\t\t\t<\/div>\n\t\t\t\t<div class=\"elementor-element elementor-element-5e1cc399 elementor-widget elementor-widget-text-editor\" data-id=\"5e1cc399\" data-element_type=\"widget\" data-e-type=\"widget\" data-widget_type=\"text-editor.default\">\n\t\t\t\t<div class=\"elementor-widget-container\">\n\t\t\t\t\t\t\t\t\t<p>A 27 quil\u00f2metres es troba el Castell de Peracense. Si es disposa de temps val la pena acostar-se a visitar-lo. En els dos Post que assenyalo es pot veure la meva visita.<\/p>\t\t\t\t\t\t\t\t<\/div>\n\t\t\t\t<\/div>\n\t\t\t\t<div class=\"elementor-element elementor-element-52902450 elementor-widget elementor-widget-text-editor\" data-id=\"52902450\" data-element_type=\"widget\" data-e-type=\"widget\" data-widget_type=\"text-editor.default\">\n\t\t\t\t<div class=\"elementor-widget-container\">\n\t\t\t\t\t\t\t\t\t<p>Enlla\u00e7 amb el <em>Post<\/em>: <a href=\"https:\/\/www.elturistatranquil.com\/ca\/castell-de-peracense\/\" target=\"_blank\" rel=\"noopener\"><strong>Castell de Peracense<\/strong><\/a><\/p>\n<p>Enlla\u00e7 amb el <em>Post<\/em>: <a href=\"https:\/\/www.elturistatranquil.com\/ca\/armes-de-setge-al-castell-de-peracense\/\" target=\"_blank\" rel=\"noopener\"><strong>Armes de Setge al Castell de Peracense<\/strong><\/a><\/p>\t\t\t\t\t\t\t\t<\/div>\n\t\t\t\t<\/div>\n\t\t\t\t<div class=\"elementor-element elementor-element-361736fd elementor-widget elementor-widget-menu-anchor\" data-id=\"361736fd\" data-element_type=\"widget\" data-e-type=\"widget\" data-widget_type=\"menu-anchor.default\">\n\t\t\t\t<div class=\"elementor-widget-container\">\n\t\t\t\t\t\t\t<div class=\"elementor-menu-anchor\" id=\"c21n06\"><\/div>\n\t\t\t\t\t\t<\/div>\n\t\t\t\t<\/div>\n\t\t\t\t<div class=\"elementor-element elementor-element-67c7654f elementor-widget elementor-widget-image\" data-id=\"67c7654f\" data-element_type=\"widget\" data-e-type=\"widget\" data-widget_type=\"image.default\">\n\t\t\t\t<div class=\"elementor-widget-container\">\n\t\t\t\t\t\t\t\t\t\t\t\t<figure class=\"wp-caption\">\n\t\t\t\t\t\t\t\t\t\t<img loading=\"lazy\" decoding=\"async\" width=\"800\" height=\"533\" src=\"https:\/\/www.elturistatranquil.com\/wp-content\/uploads\/F25-Castillo-de-Peracense-1.jpg\" class=\"attachment-large size-large wp-image-11416\" alt=\"Castillo de Peracense\" srcset=\"https:\/\/www.elturistatranquil.com\/wp-content\/uploads\/F25-Castillo-de-Peracense-1.jpg 800w, https:\/\/www.elturistatranquil.com\/wp-content\/uploads\/F25-Castillo-de-Peracense-1-768x512.jpg 768w\" sizes=\"(max-width: 800px) 100vw, 800px\" \/>\t\t\t\t\t\t\t\t\t\t\t<figcaption class=\"widget-image-caption wp-caption-text\">Castell de Peracense de tipus roquer d'altipl\u00e0 i origen \u00e0rab<\/figcaption>\n\t\t\t\t\t\t\t\t\t\t<\/figure>\n\t\t\t\t\t\t\t\t\t<\/div>\n\t\t\t\t<\/div>\n\t\t\t\t<div class=\"elementor-element elementor-element-b78d0fb elementor-widget elementor-widget-heading\" data-id=\"b78d0fb\" data-element_type=\"widget\" data-e-type=\"widget\" data-widget_type=\"heading.default\">\n\t\t\t\t<div class=\"elementor-widget-container\">\n\t\t\t\t\t<h3 class=\"elementor-heading-title elementor-size-default\">Pozond\u00f3n<\/h3>\t\t\t\t<\/div>\n\t\t\t\t<\/div>\n\t\t\t\t<div class=\"elementor-element elementor-element-7398b5a3 elementor-widget elementor-widget-image\" data-id=\"7398b5a3\" data-element_type=\"widget\" data-e-type=\"widget\" data-widget_type=\"image.default\">\n\t\t\t\t<div class=\"elementor-widget-container\">\n\t\t\t\t\t\t\t\t\t\t\t\t<figure class=\"wp-caption\">\n\t\t\t\t\t\t\t\t\t\t<img loading=\"lazy\" decoding=\"async\" width=\"800\" height=\"533\" src=\"https:\/\/www.elturistatranquil.com\/wp-content\/uploads\/F26-Pozond\u00f3n-Google-earth-2018-12-28.jpg\" class=\"attachment-large size-large wp-image-11418\" alt=\"Pozond\u00f3n (Google earth 2018-12-28)\" srcset=\"https:\/\/www.elturistatranquil.com\/wp-content\/uploads\/F26-Pozond\u00f3n-Google-earth-2018-12-28.jpg 800w, https:\/\/www.elturistatranquil.com\/wp-content\/uploads\/F26-Pozond\u00f3n-Google-earth-2018-12-28-768x512.jpg 768w\" sizes=\"(max-width: 800px) 100vw, 800px\" \/>\t\t\t\t\t\t\t\t\t\t\t<figcaption class=\"widget-image-caption wp-caption-text\">Pozond\u00f3n (Google earth 2018-12-28)<\/figcaption>\n\t\t\t\t\t\t\t\t\t\t<\/figure>\n\t\t\t\t\t\t\t\t\t<\/div>\n\t\t\t\t<\/div>\n\t\t\t\t<div class=\"elementor-element elementor-element-6bea4168 elementor-widget elementor-widget-text-editor\" data-id=\"6bea4168\" data-element_type=\"widget\" data-e-type=\"widget\" data-widget_type=\"text-editor.default\">\n\t\t\t\t<div class=\"elementor-widget-container\">\n\t\t\t\t\t\t\t\t\t<p>Parteixo de Rodenas per dirigir-me al segon poble del Parc. <strong>Pozond\u00f3n<\/strong> (<strong>B<\/strong>), a una altitud de 1.407 msnm i amb una poblaci\u00f3 actual de 50 habitants (2019).<\/p>\n<p>Durant els 8 quil\u00f2metres de recorregut el territori es mant\u00e9 a la mateixa altitud formant la <em>paramera<\/em> de Pozond\u00f3n, poblada per una flora estep\u00e0ria variada sense vegetaci\u00f3 arbustiva.<\/p>\t\t\t\t\t\t\t\t<\/div>\n\t\t\t\t<\/div>\n\t\t\t\t<div class=\"elementor-element elementor-element-379c00ae elementor-widget elementor-widget-image\" data-id=\"379c00ae\" data-element_type=\"widget\" data-e-type=\"widget\" data-widget_type=\"image.default\">\n\t\t\t\t<div class=\"elementor-widget-container\">\n\t\t\t\t\t\t\t\t\t\t\t\t<figure class=\"wp-caption\">\n\t\t\t\t\t\t\t\t\t\t<img loading=\"lazy\" decoding=\"async\" width=\"800\" height=\"533\" src=\"https:\/\/www.elturistatranquil.com\/wp-content\/uploads\/F27-Rodenas-paramera.jpg\" class=\"attachment-large size-large wp-image-11420\" alt=\"Rodenas paramera\" srcset=\"https:\/\/www.elturistatranquil.com\/wp-content\/uploads\/F27-Rodenas-paramera.jpg 800w, https:\/\/www.elturistatranquil.com\/wp-content\/uploads\/F27-Rodenas-paramera-768x512.jpg 768w\" sizes=\"(max-width: 800px) 100vw, 800px\" \/>\t\t\t\t\t\t\t\t\t\t\t<figcaption class=\"widget-image-caption wp-caption-text\">La sortida de Rodenas en direcci\u00f3 a Pozond\u00f3n ens mostra el paisatge d'erm (paramera de Pozond\u00f3n) que m'acompanyar\u00e0 durant tot el recorregut fins a aquest poble<\/figcaption>\n\t\t\t\t\t\t\t\t\t\t<\/figure>\n\t\t\t\t\t\t\t\t\t<\/div>\n\t\t\t\t<\/div>\n\t\t\t\t<div class=\"elementor-element elementor-element-24b5bb89 elementor-widget elementor-widget-text-editor\" data-id=\"24b5bb89\" data-element_type=\"widget\" data-e-type=\"widget\" data-widget_type=\"text-editor.default\">\n\t\t\t\t<div class=\"elementor-widget-container\">\n\t\t\t\t\t\t\t\t\t<p>Pozond\u00f3n, presidit pel contundent volum de la torre de campanes de la seva Esgl\u00e9sia parroquial, ofereix al visitant el seu Ajuntament amb llotja, constru\u00eft en pedra de rodeno, i un gran dip\u00f2sit d&#8217;aig\u00fces situat al centre de la Pla\u00e7a Major.<\/p>\n<p>No obstant aix\u00f2, les ru\u00efnes del castell medieval dels Ares, encara que una mica allunyat de la poblaci\u00f3 a 5 km, \u00e9s el seu principal tresor hist\u00f2ric. Al seu costat, es localitzen els gravats rupestres del Barranc Cardoso. No vaig visitar cap d&#8217;aquests dos llocs.<\/p>\n<p>A l&#8217;<strong>Esgl\u00e9sia parroquial de Santa Catalina<\/strong> destaca clarament la torre de la resta dels edificis. Crida l&#8217;atenci\u00f3 el seu aspecte de torrassa fortificada, en la qual no falten els merlets, motiu pel qual alguns pensen que es reutilitz\u00e9s un edifici defensiu i pel que altres sostenen que compl\u00eds una doble missi\u00f3 defensiva i religiosa.<\/p>\t\t\t\t\t\t\t\t<\/div>\n\t\t\t\t<\/div>\n\t\t\t\t<div class=\"elementor-element elementor-element-35430363 elementor-widget elementor-widget-image\" data-id=\"35430363\" data-element_type=\"widget\" data-e-type=\"widget\" data-widget_type=\"image.default\">\n\t\t\t\t<div class=\"elementor-widget-container\">\n\t\t\t\t\t\t\t\t\t\t\t\t<figure class=\"wp-caption\">\n\t\t\t\t\t\t\t\t\t\t<img loading=\"lazy\" decoding=\"async\" width=\"800\" height=\"533\" src=\"https:\/\/www.elturistatranquil.com\/wp-content\/uploads\/F28-Pozondon-Iglesia-de-Santa-Catalina.jpg\" class=\"attachment-large size-large wp-image-11422\" alt=\"Pozondon Iglesia de Santa Catalina\" srcset=\"https:\/\/www.elturistatranquil.com\/wp-content\/uploads\/F28-Pozondon-Iglesia-de-Santa-Catalina.jpg 800w, https:\/\/www.elturistatranquil.com\/wp-content\/uploads\/F28-Pozondon-Iglesia-de-Santa-Catalina-768x512.jpg 768w\" sizes=\"(max-width: 800px) 100vw, 800px\" \/>\t\t\t\t\t\t\t\t\t\t\t<figcaption class=\"widget-image-caption wp-caption-text\"><\/figcaption>\n\t\t\t\t\t\t\t\t\t\t<\/figure>\n\t\t\t\t\t\t\t\t\t<\/div>\n\t\t\t\t<\/div>\n\t\t\t\t<div class=\"elementor-element elementor-element-974a7fd elementor-widget elementor-widget-image\" data-id=\"974a7fd\" data-element_type=\"widget\" data-e-type=\"widget\" data-widget_type=\"image.default\">\n\t\t\t\t<div class=\"elementor-widget-container\">\n\t\t\t\t\t\t\t\t\t\t\t\t<figure class=\"wp-caption\">\n\t\t\t\t\t\t\t\t\t\t<img loading=\"lazy\" decoding=\"async\" width=\"413\" height=\"550\" src=\"https:\/\/www.elturistatranquil.com\/wp-content\/uploads\/F29-Pozondon-Iglesia-de-Santa-Catalina.jpg\" class=\"attachment-large size-large wp-image-11424\" alt=\"Pozondon Iglesia de Santa Catalina\" \/>\t\t\t\t\t\t\t\t\t\t\t<figcaption class=\"widget-image-caption wp-caption-text\"><\/figcaption>\n\t\t\t\t\t\t\t\t\t\t<\/figure>\n\t\t\t\t\t\t\t\t\t<\/div>\n\t\t\t\t<\/div>\n\t\t\t\t<div class=\"elementor-element elementor-element-5dc3ea8e elementor-widget elementor-widget-text-editor\" data-id=\"5dc3ea8e\" data-element_type=\"widget\" data-e-type=\"widget\" data-widget_type=\"text-editor.default\">\n\t\t\t\t<div class=\"elementor-widget-container\">\n\t\t\t\t\t\t\t\t\t<p>La f\u00e0brica principal del temple actual data del segle XVI (1550), per\u00f2 l&#8217;Esgl\u00e9sia es va veure enriquida art\u00edsticament a causa de diverses ampliacions als segles XVII i XVIII.<\/p>\n<p>Est\u00e0 constru\u00efda en ma\u00e7oneria amb refor\u00e7os de carreus en els angles. La planta \u00e9s basilical amb una \u00fanica nau que consta de tres trams, creuer i absis de testera recta.<\/p>\n<p>L&#8217;element de major inter\u00e8s del temple \u00e9s la portada; aquesta presenta un singular i curi\u00f3s esquema manierista. Consta d&#8217;un arc de mig punt d&#8217;ingr\u00e9s, completament decorat amb motius geom\u00e8trics gens habituals, flanquejat per columnes adossades al mur sobre les quals s\u2019assenta un fris molt simple. El conjunt es remata amb un front\u00f3 triangular que trenca la proporci\u00f3 de la portada, i que acull forn\u00edcules avui sense Sants al seu interior.\u00a0<\/p>\t\t\t\t\t\t\t\t<\/div>\n\t\t\t\t<\/div>\n\t\t\t\t<div class=\"elementor-element elementor-element-3180d7b3 elementor-widget elementor-widget-image\" data-id=\"3180d7b3\" data-element_type=\"widget\" data-e-type=\"widget\" data-widget_type=\"image.default\">\n\t\t\t\t<div class=\"elementor-widget-container\">\n\t\t\t\t\t\t\t\t\t\t\t\t<figure class=\"wp-caption\">\n\t\t\t\t\t\t\t\t\t\t<img loading=\"lazy\" decoding=\"async\" width=\"413\" height=\"550\" src=\"https:\/\/www.elturistatranquil.com\/wp-content\/uploads\/F30-Pozondon-Iglesia-de-Santa-Catalina.jpg\" class=\"attachment-large size-large wp-image-11426\" alt=\"Pozondon Iglesia de Santa Catalina\" \/>\t\t\t\t\t\t\t\t\t\t\t<figcaption class=\"widget-image-caption wp-caption-text\"><\/figcaption>\n\t\t\t\t\t\t\t\t\t\t<\/figure>\n\t\t\t\t\t\t\t\t\t<\/div>\n\t\t\t\t<\/div>\n\t\t\t\t<div class=\"elementor-element elementor-element-69d9921d elementor-widget elementor-widget-image\" data-id=\"69d9921d\" data-element_type=\"widget\" data-e-type=\"widget\" data-widget_type=\"image.default\">\n\t\t\t\t<div class=\"elementor-widget-container\">\n\t\t\t\t\t\t\t\t\t\t\t\t<figure class=\"wp-caption\">\n\t\t\t\t\t\t\t\t\t\t<img loading=\"lazy\" decoding=\"async\" width=\"800\" height=\"533\" src=\"https:\/\/www.elturistatranquil.com\/wp-content\/uploads\/F31-Pozondon-Iglesia-de-Santa-Catalina.jpg\" class=\"attachment-large size-large wp-image-11428\" alt=\"Pozondon Iglesia de Santa Catalina\" srcset=\"https:\/\/www.elturistatranquil.com\/wp-content\/uploads\/F31-Pozondon-Iglesia-de-Santa-Catalina.jpg 800w, https:\/\/www.elturistatranquil.com\/wp-content\/uploads\/F31-Pozondon-Iglesia-de-Santa-Catalina-768x512.jpg 768w\" sizes=\"(max-width: 800px) 100vw, 800px\" \/>\t\t\t\t\t\t\t\t\t\t\t<figcaption class=\"widget-image-caption wp-caption-text\"><\/figcaption>\n\t\t\t\t\t\t\t\t\t\t<\/figure>\n\t\t\t\t\t\t\t\t\t<\/div>\n\t\t\t\t<\/div>\n\t\t\t\t<div class=\"elementor-element elementor-element-61e5057 elementor-widget elementor-widget-text-editor\" data-id=\"61e5057\" data-element_type=\"widget\" data-e-type=\"widget\" data-widget_type=\"text-editor.default\">\n\t\t\t\t<div class=\"elementor-widget-container\">\n\t\t\t\t\t\t\t\t\t<p>S\u00f3n m\u00e9s aviat escasses les construccions de car\u00e0cter civil i p\u00fablic que es conserven en els pobles de la serra. Pr\u00e0cticament es redueixen als ajuntaments, edificis que guarden igualment un car\u00e0cter homogeni i simb\u00f2lic. \u00c9s el cas de l&#8217;edifici de l&#8217;<strong>Ajuntament de Pozond\u00f3n<\/strong>.<\/p>\n<p>Es caracteritzen per la seva mida redu\u00efda i per tenir la planta baixa ocupada per un porxo o llotja amb obertura en un dels costats per mitj\u00e0 de dos arcs. Les llotges van haver de substituir en les seves funcions als p\u00f2rtics de les esgl\u00e9sies com a lloc de reuni\u00f3 del Consell. Tamb\u00e9 van tenir una finalitat comercial, i aqu\u00ed albergaven llocs de venedors ambulants i eren llocs per formalitzar subhastes o contractes. De vegades, a la planta baixa s&#8217;habilitava una estan\u00e7a qu\u00e8 servia de magatzem, pres\u00f3 o dip\u00f2sit de presos.<\/p>\n<p>L&#8217;Ajuntament de Pozond\u00f3n \u00e9s de carreus de rodeno, llotja senzilla de 2 arcs de mig punt i terminaci\u00f3 en espadanya de ma\u00f3 amb rellotge.<\/p>\t\t\t\t\t\t\t\t<\/div>\n\t\t\t\t<\/div>\n\t\t\t\t<div class=\"elementor-element elementor-element-7fd98867 elementor-widget elementor-widget-image\" data-id=\"7fd98867\" data-element_type=\"widget\" data-e-type=\"widget\" data-widget_type=\"image.default\">\n\t\t\t\t<div class=\"elementor-widget-container\">\n\t\t\t\t\t\t\t\t\t\t\t\t<figure class=\"wp-caption\">\n\t\t\t\t\t\t\t\t\t\t<img loading=\"lazy\" decoding=\"async\" width=\"800\" height=\"533\" src=\"https:\/\/www.elturistatranquil.com\/wp-content\/uploads\/F32-Pozondon-Ayuntamiento.jpg\" class=\"attachment-large size-large wp-image-11430\" alt=\"Pozondon Ayuntamiento\" srcset=\"https:\/\/www.elturistatranquil.com\/wp-content\/uploads\/F32-Pozondon-Ayuntamiento.jpg 800w, https:\/\/www.elturistatranquil.com\/wp-content\/uploads\/F32-Pozondon-Ayuntamiento-768x512.jpg 768w\" sizes=\"(max-width: 800px) 100vw, 800px\" \/>\t\t\t\t\t\t\t\t\t\t\t<figcaption class=\"widget-image-caption wp-caption-text\"><\/figcaption>\n\t\t\t\t\t\t\t\t\t\t<\/figure>\n\t\t\t\t\t\t\t\t\t<\/div>\n\t\t\t\t<\/div>\n\t\t\t\t<div class=\"elementor-element elementor-element-69b92409 elementor-widget elementor-widget-text-editor\" data-id=\"69b92409\" data-element_type=\"widget\" data-e-type=\"widget\" data-widget_type=\"text-editor.default\">\n\t\t\t\t<div class=\"elementor-widget-container\">\n\t\t\t\t\t\t\t\t\t<p>Una altra particularitat d&#8217;aquest municipi \u00e9s que no t\u00e9 xarxa hidrogr\u00e0fica i, per aix\u00f2, es va haver de fer un gran <strong>aljub<\/strong> de pedra al segle XIX, al centre del poble, per proveir als ve\u00efns d&#8217;aigua.<\/p>\n<p>La seva base \u00e9s rectangular, amb mesures exteriors de 22&#215;14 metres, i la sostrada a nivell del s\u00f2l est\u00e0 recolzada sobre 15 pilars que t\u00e9 al seu interior, amb una capacitat de 600.000 litres.<\/p>\t\t\t\t\t\t\t\t<\/div>\n\t\t\t\t<\/div>\n\t\t\t\t<div class=\"elementor-element elementor-element-3ae9aef3 elementor-widget elementor-widget-image\" data-id=\"3ae9aef3\" data-element_type=\"widget\" data-e-type=\"widget\" data-widget_type=\"image.default\">\n\t\t\t\t<div class=\"elementor-widget-container\">\n\t\t\t\t\t\t\t\t\t\t\t\t<figure class=\"wp-caption\">\n\t\t\t\t\t\t\t\t\t\t<img loading=\"lazy\" decoding=\"async\" width=\"800\" height=\"533\" src=\"https:\/\/www.elturistatranquil.com\/wp-content\/uploads\/F33-Pozondon-Aljibe.jpg\" class=\"attachment-large size-large wp-image-11432\" alt=\"Pozondon Aljibe\" srcset=\"https:\/\/www.elturistatranquil.com\/wp-content\/uploads\/F33-Pozondon-Aljibe.jpg 800w, https:\/\/www.elturistatranquil.com\/wp-content\/uploads\/F33-Pozondon-Aljibe-768x512.jpg 768w\" sizes=\"(max-width: 800px) 100vw, 800px\" \/>\t\t\t\t\t\t\t\t\t\t\t<figcaption class=\"widget-image-caption wp-caption-text\"><\/figcaption>\n\t\t\t\t\t\t\t\t\t\t<\/figure>\n\t\t\t\t\t\t\t\t\t<\/div>\n\t\t\t\t<\/div>\n\t\t\t\t<div class=\"elementor-element elementor-element-61db71d6 elementor-widget elementor-widget-text-editor\" data-id=\"61db71d6\" data-element_type=\"widget\" data-e-type=\"widget\" data-widget_type=\"text-editor.default\">\n\t\t\t\t<div class=\"elementor-widget-container\">\n\t\t\t\t\t\t\t\t\t<p>En el qual havia estat l&#8217;antic forn de pa de Pozond\u00f3n s&#8217;ha instal\u00b7lat el <a href=\"http:\/\/www.turismosierradealbarracin.es\/servicio.php\/servicio\/centro-de-interpretacion-de-la-arquitectura-tradicional-del-parque-cultural-de-albarracin---pozondon\/715\/21\" target=\"_blank\" rel=\"noopener\"><em>Centro de Interpretaci\u00f3n de la Arquitectura tradicional de la Sierra de Albarrac\u00edn<\/em><\/a>.<\/p>\n<p>El centre d&#8217;interpretaci\u00f3 recull els edificis singulars i els diferents models constructius, cases, corrals, colomars, molins i cisternes de la Sierra de Albarrac\u00edn.<\/p>\n<p>Em va ser possible visitar-lo, encara que era fora d&#8217;horari, trucant al tel\u00e8fon que est\u00e0 indicat a la porta. En pocs minuts, molt amablement l&#8217;encarregat del Centre venir a obrir-lo per a mi, oferint-me visualitzar un interessant v\u00eddeo d&#8217;uns 12 minuts.<\/p>\t\t\t\t\t\t\t\t<\/div>\n\t\t\t\t<\/div>\n\t\t\t\t<div class=\"elementor-element elementor-element-44c4db1e elementor-widget elementor-widget-image\" data-id=\"44c4db1e\" data-element_type=\"widget\" data-e-type=\"widget\" data-widget_type=\"image.default\">\n\t\t\t\t<div class=\"elementor-widget-container\">\n\t\t\t\t\t\t\t\t\t\t\t\t<figure class=\"wp-caption\">\n\t\t\t\t\t\t\t\t\t\t<img loading=\"lazy\" decoding=\"async\" width=\"800\" height=\"533\" src=\"https:\/\/www.elturistatranquil.com\/wp-content\/uploads\/F34-Pozondon.jpg\" class=\"attachment-large size-large wp-image-11434\" alt=\"Pozondon\" srcset=\"https:\/\/www.elturistatranquil.com\/wp-content\/uploads\/F34-Pozondon.jpg 800w, https:\/\/www.elturistatranquil.com\/wp-content\/uploads\/F34-Pozondon-768x512.jpg 768w\" sizes=\"(max-width: 800px) 100vw, 800px\" \/>\t\t\t\t\t\t\t\t\t\t\t<figcaption class=\"widget-image-caption wp-caption-text\"><\/figcaption>\n\t\t\t\t\t\t\t\t\t\t<\/figure>\n\t\t\t\t\t\t\t\t\t<\/div>\n\t\t\t\t<\/div>\n\t\t\t\t<div class=\"elementor-element elementor-element-7a10a9e0 elementor-widget elementor-widget-text-editor\" data-id=\"7a10a9e0\" data-element_type=\"widget\" data-e-type=\"widget\" data-widget_type=\"text-editor.default\">\n\t\t\t\t<div class=\"elementor-widget-container\">\n\t\t\t\t\t\t\t\t\t<p>Al local es conserva perfectament el forn original.<\/p>\t\t\t\t\t\t\t\t<\/div>\n\t\t\t\t<\/div>\n\t\t\t\t<div class=\"elementor-element elementor-element-7e5391f6 elementor-widget elementor-widget-image\" data-id=\"7e5391f6\" data-element_type=\"widget\" data-e-type=\"widget\" data-widget_type=\"image.default\">\n\t\t\t\t<div class=\"elementor-widget-container\">\n\t\t\t\t\t\t\t\t\t\t\t\t<figure class=\"wp-caption\">\n\t\t\t\t\t\t\t\t\t\t<img loading=\"lazy\" decoding=\"async\" width=\"413\" height=\"550\" src=\"https:\/\/www.elturistatranquil.com\/wp-content\/uploads\/F35-Pozondon.jpg\" class=\"attachment-large size-large wp-image-11436\" alt=\"Pozondon\" \/>\t\t\t\t\t\t\t\t\t\t\t<figcaption class=\"widget-image-caption wp-caption-text\"><\/figcaption>\n\t\t\t\t\t\t\t\t\t\t<\/figure>\n\t\t\t\t\t\t\t\t\t<\/div>\n\t\t\t\t<\/div>\n\t\t\t\t<div class=\"elementor-element elementor-element-67f9cf14 elementor-widget elementor-widget-menu-anchor\" data-id=\"67f9cf14\" data-element_type=\"widget\" data-e-type=\"widget\" data-widget_type=\"menu-anchor.default\">\n\t\t\t\t<div class=\"elementor-widget-container\">\n\t\t\t\t\t\t\t<div class=\"elementor-menu-anchor\" id=\"c2110\"><\/div>\n\t\t\t\t\t\t<\/div>\n\t\t\t\t<\/div>\n\t\t\t\t<div class=\"elementor-element elementor-element-65286cb2 elementor-widget elementor-widget-image\" data-id=\"65286cb2\" data-element_type=\"widget\" data-e-type=\"widget\" data-widget_type=\"image.default\">\n\t\t\t\t<div class=\"elementor-widget-container\">\n\t\t\t\t\t\t\t\t\t\t\t\t<figure class=\"wp-caption\">\n\t\t\t\t\t\t\t\t\t\t<img loading=\"lazy\" decoding=\"async\" width=\"800\" height=\"533\" src=\"https:\/\/www.elturistatranquil.com\/wp-content\/uploads\/F35b-Pozondon.jpg\" class=\"attachment-large size-large wp-image-11438\" alt=\"Pozondon\" srcset=\"https:\/\/www.elturistatranquil.com\/wp-content\/uploads\/F35b-Pozondon.jpg 800w, https:\/\/www.elturistatranquil.com\/wp-content\/uploads\/F35b-Pozondon-768x512.jpg 768w\" sizes=\"(max-width: 800px) 100vw, 800px\" \/>\t\t\t\t\t\t\t\t\t\t\t<figcaption class=\"widget-image-caption wp-caption-text\">Interior del forn<\/figcaption>\n\t\t\t\t\t\t\t\t\t\t<\/figure>\n\t\t\t\t\t\t\t\t\t<\/div>\n\t\t\t\t<\/div>\n\t\t\t\t<div class=\"elementor-element elementor-element-6375035 elementor-widget elementor-widget-menu-anchor\" data-id=\"6375035\" data-element_type=\"widget\" data-e-type=\"widget\" data-widget_type=\"menu-anchor.default\">\n\t\t\t\t<div class=\"elementor-widget-container\">\n\t\t\t\t\t\t\t<div class=\"elementor-menu-anchor\" id=\"c21n07\"><\/div>\n\t\t\t\t\t\t<\/div>\n\t\t\t\t<\/div>\n\t\t\t\t<div class=\"elementor-element elementor-element-2d376fa8 elementor-widget elementor-widget-text-editor\" data-id=\"2d376fa8\" data-element_type=\"widget\" data-e-type=\"widget\" data-widget_type=\"text-editor.default\">\n\t\t\t\t<div class=\"elementor-widget-container\">\n\t\t\t\t\t\t\t\t\t<p>La carretera m&#8217;allunya del Parc Cultural. Passar\u00e9 per <strong>Bronchales<\/strong>, per\u00f2 no em detindr\u00e9 fins <strong>Tramacastilla<\/strong>.<\/p>\t\t\t\t\t\t\t\t<\/div>\n\t\t\t\t<\/div>\n\t\t\t\t<div class=\"elementor-element elementor-element-1a54d8c7 elementor-widget elementor-widget-heading\" data-id=\"1a54d8c7\" data-element_type=\"widget\" data-e-type=\"widget\" data-widget_type=\"heading.default\">\n\t\t\t\t<div class=\"elementor-widget-container\">\n\t\t\t\t\t<h3 class=\"elementor-heading-title elementor-size-default\">Tramacastilla<\/h3>\t\t\t\t<\/div>\n\t\t\t\t<\/div>\n\t\t\t\t<div class=\"elementor-element elementor-element-4352ffe7 elementor-widget elementor-widget-image\" data-id=\"4352ffe7\" data-element_type=\"widget\" data-e-type=\"widget\" data-widget_type=\"image.default\">\n\t\t\t\t<div class=\"elementor-widget-container\">\n\t\t\t\t\t\t\t\t\t\t\t\t<figure class=\"wp-caption\">\n\t\t\t\t\t\t\t\t\t\t<img loading=\"lazy\" decoding=\"async\" width=\"800\" height=\"533\" src=\"https:\/\/www.elturistatranquil.com\/wp-content\/uploads\/F75-Tramacastilla-Google-earth-2018-12-29.jpg\" class=\"attachment-large size-large wp-image-11522\" alt=\"Tramacastilla (Google earth 2018-12-29)\" srcset=\"https:\/\/www.elturistatranquil.com\/wp-content\/uploads\/F75-Tramacastilla-Google-earth-2018-12-29.jpg 800w, https:\/\/www.elturistatranquil.com\/wp-content\/uploads\/F75-Tramacastilla-Google-earth-2018-12-29-768x512.jpg 768w\" sizes=\"(max-width: 800px) 100vw, 800px\" \/>\t\t\t\t\t\t\t\t\t\t\t<figcaption class=\"widget-image-caption wp-caption-text\">Tramacastilla (Google earth 2018-12-29)<\/figcaption>\n\t\t\t\t\t\t\t\t\t\t<\/figure>\n\t\t\t\t\t\t\t\t\t<\/div>\n\t\t\t\t<\/div>\n\t\t\t\t<div class=\"elementor-element elementor-element-564fd575 elementor-widget elementor-widget-text-editor\" data-id=\"564fd575\" data-element_type=\"widget\" data-e-type=\"widget\" data-widget_type=\"text-editor.default\">\n\t\t\t\t<div class=\"elementor-widget-container\">\n\t\t\t\t\t\t\t\t\t<p>En el trajecte entre Pozond\u00f3n i Alabarrac\u00edn, 16 quil\u00f2metres abans d&#8217;arribar a aquesta \u00faltima localitat, se situa <strong>Tramacastilla<\/strong> (<strong>H<\/strong>), a una altitud de 1.260 msnm i amb una poblaci\u00f3 de 103 habitants (2019).<\/p>\n<p>Tramacastilla est\u00e0 enclavada en un t\u00e0lveg obert entre el barranc de Argalla i la vega del riu Guadalaviar, recolzada en un vessant. La major part dels carrers s&#8217;alineen escalonadament, com \u00e9s habitual en gaireb\u00e9 tots els pobles serrans, el que permet una major insolaci\u00f3 de les cases.<\/p>\t\t\t\t\t\t\t\t<\/div>\n\t\t\t\t<\/div>\n\t\t\t\t<div class=\"elementor-element elementor-element-4c5d7918 elementor-widget elementor-widget-image\" data-id=\"4c5d7918\" data-element_type=\"widget\" data-e-type=\"widget\" data-widget_type=\"image.default\">\n\t\t\t\t<div class=\"elementor-widget-container\">\n\t\t\t\t\t\t\t\t\t\t\t\t<figure class=\"wp-caption\">\n\t\t\t\t\t\t\t\t\t\t<img loading=\"lazy\" decoding=\"async\" width=\"800\" height=\"533\" src=\"https:\/\/www.elturistatranquil.com\/wp-content\/uploads\/F76-Tramacastilla.jpg\" class=\"attachment-large size-large wp-image-11524\" alt=\"Tramacastilla\" srcset=\"https:\/\/www.elturistatranquil.com\/wp-content\/uploads\/F76-Tramacastilla.jpg 800w, https:\/\/www.elturistatranquil.com\/wp-content\/uploads\/F76-Tramacastilla-768x512.jpg 768w\" sizes=\"(max-width: 800px) 100vw, 800px\" \/>\t\t\t\t\t\t\t\t\t\t\t<figcaption class=\"widget-image-caption wp-caption-text\"><\/figcaption>\n\t\t\t\t\t\t\t\t\t\t<\/figure>\n\t\t\t\t\t\t\t\t\t<\/div>\n\t\t\t\t<\/div>\n\t\t\t\t<div class=\"elementor-element elementor-element-73e5d1db elementor-widget elementor-widget-text-editor\" data-id=\"73e5d1db\" data-element_type=\"widget\" data-e-type=\"widget\" data-widget_type=\"text-editor.default\">\n\t\t\t\t<div class=\"elementor-widget-container\">\n\t\t\t\t\t\t\t\t\t<p>A la part baixa de la poblaci\u00f3, s&#8217;obre una gran pla\u00e7a en qu\u00e8 es troba l&#8217;Esgl\u00e9sia i la Casa Consistorial.<\/p>\n<p>L&#8217;<strong>Esgl\u00e9sia de Santa Ana<\/strong> \u00e9s una construcci\u00f3 de ma\u00e7oneria acabada en 1680. T\u00e9 tres naus de quatre trams. Als peus, en el costat de l&#8217;ep\u00edstola, se situa la torre amb el cos inferior de planta quadrada i el superior, en ma\u00f3, de planta octogonal i chapitel. Mostra, a m\u00e9s, portada senzilla amb arc de mig punt.<\/p>\t\t\t\t\t\t\t\t<\/div>\n\t\t\t\t<\/div>\n\t\t\t\t<div class=\"elementor-element elementor-element-36b00420 elementor-widget elementor-widget-image\" data-id=\"36b00420\" data-element_type=\"widget\" data-e-type=\"widget\" data-widget_type=\"image.default\">\n\t\t\t\t<div class=\"elementor-widget-container\">\n\t\t\t\t\t\t\t\t\t\t\t\t<figure class=\"wp-caption\">\n\t\t\t\t\t\t\t\t\t\t<img loading=\"lazy\" decoding=\"async\" width=\"800\" height=\"533\" src=\"https:\/\/www.elturistatranquil.com\/wp-content\/uploads\/F77-Tramacastilla-Iglesia-de-Santa-Ana.jpg\" class=\"attachment-large size-large wp-image-11526\" alt=\"Tramacastilla Iglesia de Santa Ana\" srcset=\"https:\/\/www.elturistatranquil.com\/wp-content\/uploads\/F77-Tramacastilla-Iglesia-de-Santa-Ana.jpg 800w, https:\/\/www.elturistatranquil.com\/wp-content\/uploads\/F77-Tramacastilla-Iglesia-de-Santa-Ana-768x512.jpg 768w\" sizes=\"(max-width: 800px) 100vw, 800px\" \/>\t\t\t\t\t\t\t\t\t\t\t<figcaption class=\"widget-image-caption wp-caption-text\"><\/figcaption>\n\t\t\t\t\t\t\t\t\t\t<\/figure>\n\t\t\t\t\t\t\t\t\t<\/div>\n\t\t\t\t<\/div>\n\t\t\t\t<div class=\"elementor-element elementor-element-7b99899e elementor-widget elementor-widget-text-editor\" data-id=\"7b99899e\" data-element_type=\"widget\" data-e-type=\"widget\" data-widget_type=\"text-editor.default\">\n\t\t\t\t<div class=\"elementor-widget-container\">\n\t\t\t\t\t\t\t\t\t<p>Tramacastilla s&#8217;obre a la vall del riu Guadalaviar en el seu recorregut cap a Albarrac\u00edn.<\/p>\t\t\t\t\t\t\t\t<\/div>\n\t\t\t\t<\/div>\n\t\t\t\t<div class=\"elementor-element elementor-element-714439c5 elementor-widget elementor-widget-image\" data-id=\"714439c5\" data-element_type=\"widget\" data-e-type=\"widget\" data-widget_type=\"image.default\">\n\t\t\t\t<div class=\"elementor-widget-container\">\n\t\t\t\t\t\t\t\t\t\t\t\t<figure class=\"wp-caption\">\n\t\t\t\t\t\t\t\t\t\t<img loading=\"lazy\" decoding=\"async\" width=\"800\" height=\"533\" src=\"https:\/\/www.elturistatranquil.com\/wp-content\/uploads\/F78-Tramacastilla.jpg\" class=\"attachment-large size-large wp-image-11528\" alt=\"Tramacastilla\" srcset=\"https:\/\/www.elturistatranquil.com\/wp-content\/uploads\/F78-Tramacastilla.jpg 800w, https:\/\/www.elturistatranquil.com\/wp-content\/uploads\/F78-Tramacastilla-768x512.jpg 768w\" sizes=\"(max-width: 800px) 100vw, 800px\" \/>\t\t\t\t\t\t\t\t\t\t\t<figcaption class=\"widget-image-caption wp-caption-text\"><\/figcaption>\n\t\t\t\t\t\t\t\t\t\t<\/figure>\n\t\t\t\t\t\t\t\t\t<\/div>\n\t\t\t\t<\/div>\n\t\t\t\t<div class=\"elementor-element elementor-element-660896f1 elementor-widget elementor-widget-text-editor\" data-id=\"660896f1\" data-element_type=\"widget\" data-e-type=\"widget\" data-widget_type=\"text-editor.default\">\n\t\t\t\t<div class=\"elementor-widget-container\">\n\t\t\t\t\t\t\t\t\t<p>L&#8217;edifici de l&#8217;Ajuntament pertany a la tipologia de cases consistorials prove\u00efdes de llotja de dues arcades. Hi ha qui es queixa que una recent i irrespectuosa reforma va destruir l&#8217;edifici i el va convertir en un altre absolutament diferent.\u00a0<\/p>\t\t\t\t\t\t\t\t<\/div>\n\t\t\t\t<\/div>\n\t\t\t\t<div class=\"elementor-element elementor-element-48ea79f8 elementor-widget elementor-widget-image\" data-id=\"48ea79f8\" data-element_type=\"widget\" data-e-type=\"widget\" data-widget_type=\"image.default\">\n\t\t\t\t<div class=\"elementor-widget-container\">\n\t\t\t\t\t\t\t\t\t\t\t\t<figure class=\"wp-caption\">\n\t\t\t\t\t\t\t\t\t\t<img loading=\"lazy\" decoding=\"async\" width=\"800\" height=\"533\" src=\"https:\/\/www.elturistatranquil.com\/wp-content\/uploads\/F79-Tramacastilla-Ayuntamiento.jpg\" class=\"attachment-large size-large wp-image-11530\" alt=\"Tramacastilla Ayuntamiento\" srcset=\"https:\/\/www.elturistatranquil.com\/wp-content\/uploads\/F79-Tramacastilla-Ayuntamiento.jpg 800w, https:\/\/www.elturistatranquil.com\/wp-content\/uploads\/F79-Tramacastilla-Ayuntamiento-768x512.jpg 768w\" sizes=\"(max-width: 800px) 100vw, 800px\" \/>\t\t\t\t\t\t\t\t\t\t\t<figcaption class=\"widget-image-caption wp-caption-text\"><\/figcaption>\n\t\t\t\t\t\t\t\t\t\t<\/figure>\n\t\t\t\t\t\t\t\t\t<\/div>\n\t\t\t\t<\/div>\n\t\t\t\t<div class=\"elementor-element elementor-element-5db6b5a5 elementor-widget elementor-widget-text-editor\" data-id=\"5db6b5a5\" data-element_type=\"widget\" data-e-type=\"widget\" data-widget_type=\"text-editor.default\">\n\t\t\t\t<div class=\"elementor-widget-container\">\n\t\t\t\t\t\t\t\t\t<p>Tramacastilla \u00e9s la seu de la <em>Comunidad de Albarrac\u00edn<\/em>, secular instituci\u00f3 hist\u00f2rica, lloc de trobada dels alcaldes comuners, que acudeixen en diverses ocasions a celebrar les assemblees, abans anomenades &#8220;plegas&#8221;.<\/p>\n<p>Sortint del poble, a la cru\u00eflla amb la carretera, s&#8217;al\u00e7a l&#8217;<strong>Ermita de Santa Mar\u00eda Magdalena<\/strong>. \u00c9s un edifici barroc del segle XVII. T\u00e9 murs de ma\u00e7oneria, una nau i arc triomfal de mig punt. Presenta un p\u00f2rtic sobre columnes toscanes als peus que subjecten un arquitrau de fusta rematat amb forma de sabates a les cantonades. Es tanca amb una coberta amb teulada a quatre aig\u00fces. La seva estructura respon a un model molt est\u00e8s per la prov\u00edncia. Ha estat recentment restaurada.<\/p>\t\t\t\t\t\t\t\t<\/div>\n\t\t\t\t<\/div>\n\t\t\t\t<div class=\"elementor-element elementor-element-7707d83b elementor-widget elementor-widget-image\" data-id=\"7707d83b\" data-element_type=\"widget\" data-e-type=\"widget\" data-widget_type=\"image.default\">\n\t\t\t\t<div class=\"elementor-widget-container\">\n\t\t\t\t\t\t\t\t\t\t\t\t<figure class=\"wp-caption\">\n\t\t\t\t\t\t\t\t\t\t<img loading=\"lazy\" decoding=\"async\" width=\"800\" height=\"533\" src=\"https:\/\/www.elturistatranquil.com\/wp-content\/uploads\/F80-Tramacastilla-Ermita-de-snata-Maria-Magdalena-.jpg\" class=\"attachment-large size-large wp-image-11532\" alt=\"Tramacastilla Ermita de snata Maria Magdalena\" srcset=\"https:\/\/www.elturistatranquil.com\/wp-content\/uploads\/F80-Tramacastilla-Ermita-de-snata-Maria-Magdalena-.jpg 800w, https:\/\/www.elturistatranquil.com\/wp-content\/uploads\/F80-Tramacastilla-Ermita-de-snata-Maria-Magdalena--768x512.jpg 768w\" sizes=\"(max-width: 800px) 100vw, 800px\" \/>\t\t\t\t\t\t\t\t\t\t\t<figcaption class=\"widget-image-caption wp-caption-text\"><\/figcaption>\n\t\t\t\t\t\t\t\t\t\t<\/figure>\n\t\t\t\t\t\t\t\t\t<\/div>\n\t\t\t\t<\/div>\n\t\t\t\t<div class=\"elementor-element elementor-element-40c9800b elementor-widget elementor-widget-menu-anchor\" data-id=\"40c9800b\" data-element_type=\"widget\" data-e-type=\"widget\" data-widget_type=\"menu-anchor.default\">\n\t\t\t\t<div class=\"elementor-widget-container\">\n\t\t\t\t\t\t\t<div class=\"elementor-menu-anchor\" id=\"c21n08\"><\/div>\n\t\t\t\t\t\t<\/div>\n\t\t\t\t<\/div>\n\t\t\t\t<div class=\"elementor-element elementor-element-c1b20f7 elementor-widget elementor-widget-image\" data-id=\"c1b20f7\" data-element_type=\"widget\" data-e-type=\"widget\" data-widget_type=\"image.default\">\n\t\t\t\t<div class=\"elementor-widget-container\">\n\t\t\t\t\t\t\t\t\t\t\t\t<figure class=\"wp-caption\">\n\t\t\t\t\t\t\t\t\t\t<img loading=\"lazy\" decoding=\"async\" width=\"800\" height=\"533\" src=\"https:\/\/www.elturistatranquil.com\/wp-content\/uploads\/F81-Tramacastilla-Ermita-de-snata-Maria-Magdalena.jpg\" class=\"attachment-large size-large wp-image-11534\" alt=\"Tramacastilla Ermita de snata Maria Magdalena\" srcset=\"https:\/\/www.elturistatranquil.com\/wp-content\/uploads\/F81-Tramacastilla-Ermita-de-snata-Maria-Magdalena.jpg 800w, https:\/\/www.elturistatranquil.com\/wp-content\/uploads\/F81-Tramacastilla-Ermita-de-snata-Maria-Magdalena-768x512.jpg 768w\" sizes=\"(max-width: 800px) 100vw, 800px\" \/>\t\t\t\t\t\t\t\t\t\t\t<figcaption class=\"widget-image-caption wp-caption-text\"><\/figcaption>\n\t\t\t\t\t\t\t\t\t\t<\/figure>\n\t\t\t\t\t\t\t\t\t<\/div>\n\t\t\t\t<\/div>\n\t\t\t\t<div class=\"elementor-element elementor-element-6d732454 elementor-widget elementor-widget-heading\" data-id=\"6d732454\" data-element_type=\"widget\" data-e-type=\"widget\" data-widget_type=\"heading.default\">\n\t\t\t\t<div class=\"elementor-widget-container\">\n\t\t\t\t\t<h3 class=\"elementor-heading-title elementor-size-default\">Hospeder\u00eda El Bat\u00e1n<\/h3>\t\t\t\t<\/div>\n\t\t\t\t<\/div>\n\t\t\t\t<div class=\"elementor-element elementor-element-4da25711 elementor-widget elementor-widget-text-editor\" data-id=\"4da25711\" data-element_type=\"widget\" data-e-type=\"widget\" data-widget_type=\"text-editor.default\">\n\t\t\t\t<div class=\"elementor-widget-container\">\n\t\t\t\t\t\t\t\t\t<p>A uns 800 metres en direcci\u00f3 a Torres de Albarrac\u00edn, un desviament a la dreta, passat un pont sobre el riu Guadalaviar, s&#8217;entra en la Hospeder\u00eda El Batan (<strong>I<\/strong>).<\/p>\n<p>Els que seguiu el <em>Blog<\/em> ja heu tingut ocasi\u00f3 de con\u00e8ixer la meva opini\u00f3 sobre <strong>El Bat\u00e1n<\/strong>. Al <em>Post<\/em> <a href=\"https:\/\/www.elturistatranquil.com\/ca\/el-batan-sierra-de-albarracin\/\" target=\"_blank\" rel=\"noopener\"><strong>Hostatgeria El Bat\u00e1n<\/strong><\/a> em remeto.<\/p>\t\t\t\t\t\t\t\t<\/div>\n\t\t\t\t<\/div>\n\t\t\t\t<div class=\"elementor-element elementor-element-29472ddb elementor-widget elementor-widget-menu-anchor\" data-id=\"29472ddb\" data-element_type=\"widget\" data-e-type=\"widget\" data-widget_type=\"menu-anchor.default\">\n\t\t\t\t<div class=\"elementor-widget-container\">\n\t\t\t\t\t\t\t<div class=\"elementor-menu-anchor\" id=\"c21n09\"><\/div>\n\t\t\t\t\t\t<\/div>\n\t\t\t\t<\/div>\n\t\t\t\t<div class=\"elementor-element elementor-element-33095408 elementor-widget elementor-widget-image\" data-id=\"33095408\" data-element_type=\"widget\" data-e-type=\"widget\" data-widget_type=\"image.default\">\n\t\t\t\t<div class=\"elementor-widget-container\">\n\t\t\t\t\t\t\t\t\t\t\t\t<figure class=\"wp-caption\">\n\t\t\t\t\t\t\t\t\t\t<img loading=\"lazy\" decoding=\"async\" width=\"800\" height=\"533\" src=\"https:\/\/www.elturistatranquil.com\/wp-content\/uploads\/F82-Hospederia-El-Batan-Tramacastilla.jpg\" class=\"attachment-large size-large wp-image-11536\" alt=\"Hospederia El Batan Tramacastilla\" srcset=\"https:\/\/www.elturistatranquil.com\/wp-content\/uploads\/F82-Hospederia-El-Batan-Tramacastilla.jpg 800w, https:\/\/www.elturistatranquil.com\/wp-content\/uploads\/F82-Hospederia-El-Batan-Tramacastilla-768x512.jpg 768w\" sizes=\"(max-width: 800px) 100vw, 800px\" \/>\t\t\t\t\t\t\t\t\t\t\t<figcaption class=\"widget-image-caption wp-caption-text\"><\/figcaption>\n\t\t\t\t\t\t\t\t\t\t<\/figure>\n\t\t\t\t\t\t\t\t\t<\/div>\n\t\t\t\t<\/div>\n\t\t\t\t<div class=\"elementor-element elementor-element-8e71d3b elementor-widget elementor-widget-heading\" data-id=\"8e71d3b\" data-element_type=\"widget\" data-e-type=\"widget\" data-widget_type=\"heading.default\">\n\t\t\t\t<div class=\"elementor-widget-container\">\n\t\t\t\t\t<h3 class=\"elementor-heading-title elementor-size-default\">Torres de Albarrac\u00edn<\/h3>\t\t\t\t<\/div>\n\t\t\t\t<\/div>\n\t\t\t\t<div class=\"elementor-element elementor-element-244bee35 elementor-widget elementor-widget-image\" data-id=\"244bee35\" data-element_type=\"widget\" data-e-type=\"widget\" data-widget_type=\"image.default\">\n\t\t\t\t<div class=\"elementor-widget-container\">\n\t\t\t\t\t\t\t\t\t\t\t\t<figure class=\"wp-caption\">\n\t\t\t\t\t\t\t\t\t\t<img loading=\"lazy\" decoding=\"async\" width=\"800\" height=\"533\" src=\"https:\/\/www.elturistatranquil.com\/wp-content\/uploads\/F83-Torres-de-Albarrac\u00edn-Google-earth-2018-12-29.jpg\" class=\"attachment-large size-large wp-image-11538\" alt=\"Torres de Albarrac\u00edn (Google earth 2018-12-29)\" srcset=\"https:\/\/www.elturistatranquil.com\/wp-content\/uploads\/F83-Torres-de-Albarrac\u00edn-Google-earth-2018-12-29.jpg 800w, https:\/\/www.elturistatranquil.com\/wp-content\/uploads\/F83-Torres-de-Albarrac\u00edn-Google-earth-2018-12-29-768x512.jpg 768w\" sizes=\"(max-width: 800px) 100vw, 800px\" \/>\t\t\t\t\t\t\t\t\t\t\t<figcaption class=\"widget-image-caption wp-caption-text\">Torres de Albarrac\u00edn (Google earth 2018-12-29)<\/figcaption>\n\t\t\t\t\t\t\t\t\t\t<\/figure>\n\t\t\t\t\t\t\t\t\t<\/div>\n\t\t\t\t<\/div>\n\t\t\t\t<div class=\"elementor-element elementor-element-6bc17a6 elementor-widget elementor-widget-text-editor\" data-id=\"6bc17a6\" data-element_type=\"widget\" data-e-type=\"widget\" data-widget_type=\"text-editor.default\">\n\t\t\t\t<div class=\"elementor-widget-container\">\n\t\t\t\t\t\t\t\t\t<p>En el recorregut fins Albarrac\u00edn creuarem per <strong>Torres de Albarrac\u00edn<\/strong> (<strong>J<\/strong>). Ens mantenim sobre els 1.200 msnm (1.237) i una poblaci\u00f3 de 180 habitants (2019).<\/p>\n<p>Un altre lloc on apreciar la seva arquitectura popular. Conserva en algunes de les seves cases trets de l&#8217;arquitectura tradicional serrana. Balconades de fusta amb balustres diversos, reixes de forja, t\u00e0pia amb refor\u00e7os de fustes, \u00fas de pedra rodena, etc. Aquests edificis, per\u00f2, s\u00f3n escassos i conviuen amb edificis constru\u00efts en calc\u00e0ria, m\u00e9s propis dels pobles alts. No obstant aix\u00f2, ha perdut la seva unitat est\u00e8tica, trencada per edificis recents que introdueixen en el paisatge urb\u00e0 elements dissonants, com ha succe\u00eft en molts altres pobles serrans.<\/p>\t\t\t\t\t\t\t\t<\/div>\n\t\t\t\t<\/div>\n\t\t\t\t<div class=\"elementor-element elementor-element-543f19 elementor-widget elementor-widget-image\" data-id=\"543f19\" data-element_type=\"widget\" data-e-type=\"widget\" data-widget_type=\"image.default\">\n\t\t\t\t<div class=\"elementor-widget-container\">\n\t\t\t\t\t\t\t\t\t\t\t\t<figure class=\"wp-caption\">\n\t\t\t\t\t\t\t\t\t\t<img loading=\"lazy\" decoding=\"async\" width=\"800\" height=\"533\" src=\"https:\/\/www.elturistatranquil.com\/wp-content\/uploads\/F84-Torres-de-Albarrac\u00edn.jpg\" class=\"attachment-large size-large wp-image-11540\" alt=\"Torres de Albarrac\u00edn\" srcset=\"https:\/\/www.elturistatranquil.com\/wp-content\/uploads\/F84-Torres-de-Albarrac\u00edn.jpg 800w, https:\/\/www.elturistatranquil.com\/wp-content\/uploads\/F84-Torres-de-Albarrac\u00edn-768x512.jpg 768w\" sizes=\"(max-width: 800px) 100vw, 800px\" \/>\t\t\t\t\t\t\t\t\t\t\t<figcaption class=\"widget-image-caption wp-caption-text\"><\/figcaption>\n\t\t\t\t\t\t\t\t\t\t<\/figure>\n\t\t\t\t\t\t\t\t\t<\/div>\n\t\t\t\t<\/div>\n\t\t\t\t<div class=\"elementor-element elementor-element-6bc96f7f elementor-widget elementor-widget-image\" data-id=\"6bc96f7f\" data-element_type=\"widget\" data-e-type=\"widget\" data-widget_type=\"image.default\">\n\t\t\t\t<div class=\"elementor-widget-container\">\n\t\t\t\t\t\t\t\t\t\t\t\t<figure class=\"wp-caption\">\n\t\t\t\t\t\t\t\t\t\t<img loading=\"lazy\" decoding=\"async\" width=\"461\" height=\"550\" src=\"https:\/\/www.elturistatranquil.com\/wp-content\/uploads\/F85-Torres-de-Albarrac\u00edn.jpg\" class=\"attachment-large size-large wp-image-11542\" alt=\"Torres de Albarrac\u00edn\" \/>\t\t\t\t\t\t\t\t\t\t\t<figcaption class=\"widget-image-caption wp-caption-text\"><\/figcaption>\n\t\t\t\t\t\t\t\t\t\t<\/figure>\n\t\t\t\t\t\t\t\t\t<\/div>\n\t\t\t\t<\/div>\n\t\t\t\t<div class=\"elementor-element elementor-element-7ae8d30 elementor-widget elementor-widget-text-editor\" data-id=\"7ae8d30\" data-element_type=\"widget\" data-e-type=\"widget\" data-widget_type=\"text-editor.default\">\n\t\t\t\t<div class=\"elementor-widget-container\">\n\t\t\t\t\t\t\t\t\t<p>L&#8217;<strong>Esgl\u00e9sia parroquial<\/strong> amb advocaci\u00f3 a San Miguel es va erigir al segle XVII, substituint o reformant un temple antic amb sostre de fusta. Consta de tres naus i cor amb ampit. La torre va ser restaurada d&#8217;una manera arbitr\u00e0ria recentment, substituint el chapitel antic per un modern que res t\u00e9 a veure amb el primitiu ni amb la torre sobre la qual s&#8217;eleva.<\/p>\t\t\t\t\t\t\t\t<\/div>\n\t\t\t\t<\/div>\n\t\t\t\t<div class=\"elementor-element elementor-element-6584d5f5 elementor-widget elementor-widget-image\" data-id=\"6584d5f5\" data-element_type=\"widget\" data-e-type=\"widget\" data-widget_type=\"image.default\">\n\t\t\t\t<div class=\"elementor-widget-container\">\n\t\t\t\t\t\t\t\t\t\t\t\t<figure class=\"wp-caption\">\n\t\t\t\t\t\t\t\t\t\t<img loading=\"lazy\" decoding=\"async\" width=\"800\" height=\"533\" src=\"https:\/\/www.elturistatranquil.com\/wp-content\/uploads\/F86-Torres-de-Albarrac\u00edn-Iglesia-de-san-Miguel.jpg\" class=\"attachment-large size-large wp-image-11544\" alt=\"Torres de Albarrac\u00edn Iglesia de san Miguel\" srcset=\"https:\/\/www.elturistatranquil.com\/wp-content\/uploads\/F86-Torres-de-Albarrac\u00edn-Iglesia-de-san-Miguel.jpg 800w, https:\/\/www.elturistatranquil.com\/wp-content\/uploads\/F86-Torres-de-Albarrac\u00edn-Iglesia-de-san-Miguel-768x512.jpg 768w\" sizes=\"(max-width: 800px) 100vw, 800px\" \/>\t\t\t\t\t\t\t\t\t\t\t<figcaption class=\"widget-image-caption wp-caption-text\"><\/figcaption>\n\t\t\t\t\t\t\t\t\t\t<\/figure>\n\t\t\t\t\t\t\t\t\t<\/div>\n\t\t\t\t<\/div>\n\t\t\t\t<div class=\"elementor-element elementor-element-6ee32105 elementor-widget elementor-widget-image\" data-id=\"6ee32105\" data-element_type=\"widget\" data-e-type=\"widget\" data-widget_type=\"image.default\">\n\t\t\t\t<div class=\"elementor-widget-container\">\n\t\t\t\t\t\t\t\t\t\t\t\t<figure class=\"wp-caption\">\n\t\t\t\t\t\t\t\t\t\t<img loading=\"lazy\" decoding=\"async\" width=\"800\" height=\"533\" src=\"https:\/\/www.elturistatranquil.com\/wp-content\/uploads\/F87-Torres-de-Albarrac\u00edn-Iglesia-de-san-Miguel.jpg\" class=\"attachment-large size-large wp-image-11546\" alt=\"Torres de Albarrac\u00edn Iglesia de san Miguel\" srcset=\"https:\/\/www.elturistatranquil.com\/wp-content\/uploads\/F87-Torres-de-Albarrac\u00edn-Iglesia-de-san-Miguel.jpg 800w, https:\/\/www.elturistatranquil.com\/wp-content\/uploads\/F87-Torres-de-Albarrac\u00edn-Iglesia-de-san-Miguel-768x512.jpg 768w\" sizes=\"(max-width: 800px) 100vw, 800px\" \/>\t\t\t\t\t\t\t\t\t\t\t<figcaption class=\"widget-image-caption wp-caption-text\"><\/figcaption>\n\t\t\t\t\t\t\t\t\t\t<\/figure>\n\t\t\t\t\t\t\t\t\t<\/div>\n\t\t\t\t<\/div>\n\t\t\t\t<div class=\"elementor-element elementor-element-393e1182 elementor-widget elementor-widget-image\" data-id=\"393e1182\" data-element_type=\"widget\" data-e-type=\"widget\" data-widget_type=\"image.default\">\n\t\t\t\t<div class=\"elementor-widget-container\">\n\t\t\t\t\t\t\t\t\t\t\t\t<figure class=\"wp-caption\">\n\t\t\t\t\t\t\t\t\t\t<img loading=\"lazy\" decoding=\"async\" width=\"800\" height=\"533\" src=\"https:\/\/www.elturistatranquil.com\/wp-content\/uploads\/F88-Torres-de-Albarrac\u00edn-Iglesia-de-san-Miguel.jpg\" class=\"attachment-large size-large wp-image-11548\" alt=\"Torres de Albarrac\u00edn Iglesia de san Miguel\" srcset=\"https:\/\/www.elturistatranquil.com\/wp-content\/uploads\/F88-Torres-de-Albarrac\u00edn-Iglesia-de-san-Miguel.jpg 800w, https:\/\/www.elturistatranquil.com\/wp-content\/uploads\/F88-Torres-de-Albarrac\u00edn-Iglesia-de-san-Miguel-768x512.jpg 768w\" sizes=\"(max-width: 800px) 100vw, 800px\" \/>\t\t\t\t\t\t\t\t\t\t\t<figcaption class=\"widget-image-caption wp-caption-text\"><\/figcaption>\n\t\t\t\t\t\t\t\t\t\t<\/figure>\n\t\t\t\t\t\t\t\t\t<\/div>\n\t\t\t\t<\/div>\n\t\t\t\t<div class=\"elementor-element elementor-element-73bddad8 elementor-widget elementor-widget-menu-anchor\" data-id=\"73bddad8\" data-element_type=\"widget\" data-e-type=\"widget\" data-widget_type=\"menu-anchor.default\">\n\t\t\t\t<div class=\"elementor-widget-container\">\n\t\t\t\t\t\t\t<div class=\"elementor-menu-anchor\" id=\"c21n10\"><\/div>\n\t\t\t\t\t\t<\/div>\n\t\t\t\t<\/div>\n\t\t\t\t<div class=\"elementor-element elementor-element-5cc645a7 elementor-widget elementor-widget-text-editor\" data-id=\"5cc645a7\" data-element_type=\"widget\" data-e-type=\"widget\" data-widget_type=\"text-editor.default\">\n\t\t\t\t<div class=\"elementor-widget-container\">\n\t\t\t\t\t\t\t\t\t<p>A 12 quil\u00f2metres em situar\u00e9 a Albarrac\u00edn, novament dins del Parc Cultural.<\/p>\t\t\t\t\t\t\t\t<\/div>\n\t\t\t\t<\/div>\n\t\t\t\t<div class=\"elementor-element elementor-element-38e2d9e elementor-widget elementor-widget-heading\" data-id=\"38e2d9e\" data-element_type=\"widget\" data-e-type=\"widget\" data-widget_type=\"heading.default\">\n\t\t\t\t<div class=\"elementor-widget-container\">\n\t\t\t\t\t<h3 class=\"elementor-heading-title elementor-size-default\">Albarrac\u00edn<\/h3>\t\t\t\t<\/div>\n\t\t\t\t<\/div>\n\t\t\t\t<div class=\"elementor-element elementor-element-148d4f6 elementor-widget elementor-widget-image\" data-id=\"148d4f6\" data-element_type=\"widget\" data-e-type=\"widget\" data-widget_type=\"image.default\">\n\t\t\t\t<div class=\"elementor-widget-container\">\n\t\t\t\t\t\t\t\t\t\t\t\t<figure class=\"wp-caption\">\n\t\t\t\t\t\t\t\t\t\t<img loading=\"lazy\" decoding=\"async\" width=\"768\" height=\"512\" src=\"https:\/\/www.elturistatranquil.com\/wp-content\/uploads\/n-Albarrac\u00edn-Google-earth-2020-08-11.jpg\" class=\"attachment-large size-large wp-image-32493\" alt=\"Albarrac\u00edn (Google earth 2020-08-11)\" srcset=\"https:\/\/www.elturistatranquil.com\/wp-content\/uploads\/n-Albarrac\u00edn-Google-earth-2020-08-11.jpg 768w, https:\/\/www.elturistatranquil.com\/wp-content\/uploads\/n-Albarrac\u00edn-Google-earth-2020-08-11-339x226.jpg 339w\" sizes=\"(max-width: 768px) 100vw, 768px\" \/>\t\t\t\t\t\t\t\t\t\t\t<figcaption class=\"widget-image-caption wp-caption-text\">lbarrac\u00edn (Google earth 2018-08-18)<\/figcaption>\n\t\t\t\t\t\t\t\t\t\t<\/figure>\n\t\t\t\t\t\t\t\t\t<\/div>\n\t\t\t\t<\/div>\n\t\t\t\t<div class=\"elementor-element elementor-element-0b79e6e elementor-widget elementor-widget-text-editor\" data-id=\"0b79e6e\" data-element_type=\"widget\" data-e-type=\"widget\" data-widget_type=\"text-editor.default\">\n\t\t\t\t<div class=\"elementor-widget-container\">\n\t\t\t\t\t\t\t\t\t<p>Al centre del Parc es troba <strong>Albarrac\u00edn<\/strong> (<strong>C<\/strong>), la major poblaci\u00f3 del conjunt, a una altitud de 1.171 msnm i 1.025 habitants (2019).<\/p>\n<p>A <strong><a href=\"https:\/\/www.elturistatranquil.com\/ca\/albarracin\/\" target=\"_blank\" rel=\"noopener\">Albarrac\u00edn<\/a><\/strong> li he dedicat un <em>Post<\/em> espec\u00edfic, pel que em remeto a ell.<\/p>\n<p>Nom\u00e9s recordar que el nucli urb\u00e0 de Albarrac\u00edn \u00e9s un dels m\u00e9s apreciats tur\u00edsticament d&#8217;Espanya. L&#8217;arquitectura tradicional de guix i fusta, els seus estrets carrers adaptats a l&#8217;orografia del terreny, les seves cases blasonades, el Castell i la Catedral o l&#8217;Esgl\u00e9sia de Santa Maria, el converteixen en un lloc \u00fanic amb reconeixements nacionals i internacionals.<\/p>\n<p>En el seu entorn es localitza el conjunt de pintures rupestres m\u00e9s nombr\u00f3s del Parc, aix\u00ed com l&#8217;aq\u00fceducte rom\u00e0 Albarrac\u00edn-Cella.<\/p>\t\t\t\t\t\t\t\t<\/div>\n\t\t\t\t<\/div>\n\t\t\t\t<div class=\"elementor-element elementor-element-267ddb6 elementor-widget elementor-widget-image\" data-id=\"267ddb6\" data-element_type=\"widget\" data-e-type=\"widget\" data-widget_type=\"image.default\">\n\t\t\t\t<div class=\"elementor-widget-container\">\n\t\t\t\t\t\t\t\t\t\t\t\t<figure class=\"wp-caption\">\n\t\t\t\t\t\t\t\t\t\t<img loading=\"lazy\" decoding=\"async\" width=\"800\" height=\"533\" src=\"https:\/\/www.elturistatranquil.com\/wp-content\/uploads\/F36b-Albarracin-1.jpg\" class=\"attachment-large size-large wp-image-11658\" alt=\"\" srcset=\"https:\/\/www.elturistatranquil.com\/wp-content\/uploads\/F36b-Albarracin-1.jpg 800w, https:\/\/www.elturistatranquil.com\/wp-content\/uploads\/F36b-Albarracin-1-768x512.jpg 768w\" sizes=\"(max-width: 800px) 100vw, 800px\" \/>\t\t\t\t\t\t\t\t\t\t\t<figcaption class=\"widget-image-caption wp-caption-text\"><\/figcaption>\n\t\t\t\t\t\t\t\t\t\t<\/figure>\n\t\t\t\t\t\t\t\t\t<\/div>\n\t\t\t\t<\/div>\n\t\t\t\t<div class=\"elementor-element elementor-element-d1613b2 elementor-widget elementor-widget-image\" data-id=\"d1613b2\" data-element_type=\"widget\" data-e-type=\"widget\" data-widget_type=\"image.default\">\n\t\t\t\t<div class=\"elementor-widget-container\">\n\t\t\t\t\t\t\t\t\t\t\t\t<figure class=\"wp-caption\">\n\t\t\t\t\t\t\t\t\t\t<img loading=\"lazy\" decoding=\"async\" width=\"800\" height=\"533\" src=\"https:\/\/www.elturistatranquil.com\/wp-content\/uploads\/F37b-Albarracin-1.jpg\" class=\"attachment-large size-large wp-image-11660\" alt=\"\" srcset=\"https:\/\/www.elturistatranquil.com\/wp-content\/uploads\/F37b-Albarracin-1.jpg 800w, https:\/\/www.elturistatranquil.com\/wp-content\/uploads\/F37b-Albarracin-1-768x512.jpg 768w\" sizes=\"(max-width: 800px) 100vw, 800px\" \/>\t\t\t\t\t\t\t\t\t\t\t<figcaption class=\"widget-image-caption wp-caption-text\"><\/figcaption>\n\t\t\t\t\t\t\t\t\t\t<\/figure>\n\t\t\t\t\t\t\t\t\t<\/div>\n\t\t\t\t<\/div>\n\t\t\t\t<div class=\"elementor-element elementor-element-5f2a60c8 elementor-widget elementor-widget-menu-anchor\" data-id=\"5f2a60c8\" data-element_type=\"widget\" data-e-type=\"widget\" data-widget_type=\"menu-anchor.default\">\n\t\t\t\t<div class=\"elementor-widget-container\">\n\t\t\t\t\t\t\t<div class=\"elementor-menu-anchor\" id=\"c21n11\"><\/div>\n\t\t\t\t\t\t<\/div>\n\t\t\t\t<\/div>\n\t\t\t\t<div class=\"elementor-element elementor-element-e5c8631 elementor-widget elementor-widget-image\" data-id=\"e5c8631\" data-element_type=\"widget\" data-e-type=\"widget\" data-widget_type=\"image.default\">\n\t\t\t\t<div class=\"elementor-widget-container\">\n\t\t\t\t\t\t\t\t\t\t\t\t<figure class=\"wp-caption\">\n\t\t\t\t\t\t\t\t\t\t<img loading=\"lazy\" decoding=\"async\" width=\"800\" height=\"533\" src=\"https:\/\/www.elturistatranquil.com\/wp-content\/uploads\/F37-Albarracin-2-1.jpg\" class=\"attachment-large size-large wp-image-11662\" alt=\"\" srcset=\"https:\/\/www.elturistatranquil.com\/wp-content\/uploads\/F37-Albarracin-2-1.jpg 800w, https:\/\/www.elturistatranquil.com\/wp-content\/uploads\/F37-Albarracin-2-1-768x512.jpg 768w\" sizes=\"(max-width: 800px) 100vw, 800px\" \/>\t\t\t\t\t\t\t\t\t\t\t<figcaption class=\"widget-image-caption wp-caption-text\"><\/figcaption>\n\t\t\t\t\t\t\t\t\t\t<\/figure>\n\t\t\t\t\t\t\t\t\t<\/div>\n\t\t\t\t<\/div>\n\t\t\t\t<div class=\"elementor-element elementor-element-91544c3 elementor-widget elementor-widget-heading\" data-id=\"91544c3\" data-element_type=\"widget\" data-e-type=\"widget\" data-widget_type=\"heading.default\">\n\t\t\t\t<div class=\"elementor-widget-container\">\n\t\t\t\t\t<h2 class=\"elementor-heading-title elementor-size-default\">Fi de l'etapa nord del Parc Cultural de Albarrac\u00edn<\/h2>\t\t\t\t<\/div>\n\t\t\t\t<\/div>\n\t\t\t\t<div class=\"elementor-element elementor-element-21e823ea elementor-widget elementor-widget-text-editor\" data-id=\"21e823ea\" data-element_type=\"widget\" data-e-type=\"widget\" data-widget_type=\"text-editor.default\">\n\t\t\t\t<div class=\"elementor-widget-container\">\n\t\t\t\t\t\t\t\t\t<p>He cobert l&#8217;etapa nord del Parc Cultural de Albarrac\u00edn.<\/p>\n<p>Des d&#8217;aqu\u00ed prosseguir\u00e9 el recorregut per la zona sud, per pobles encara m\u00e9s rec\u00f2ndits que els que fins aqu\u00ed he visitat<strong>: Bezas, Valdecuenca i Torm\u00f3n<\/strong>, aix\u00ed com el <strong>parc del Rodeno<\/strong> i els <strong>abrics de Torm\u00f3n<\/strong>.<\/p>\t\t\t\t\t\t\t\t<\/div>\n\t\t\t\t<\/div>\n\t\t\t\t<div class=\"elementor-element elementor-element-0b25b6a elementor-widget elementor-widget-text-editor\" data-id=\"0b25b6a\" data-element_type=\"widget\" data-e-type=\"widget\" data-widget_type=\"text-editor.default\">\n\t\t\t\t<div class=\"elementor-widget-container\">\n\t\t\t\t\t\t\t\t\t<p>Enlla\u00e7 amb el <em>Post<\/em>: <a href=\"https:\/\/www.elturistatranquil.com\/ca\/parc-cultural-de-albarracin-terol\/\" target=\"_blank\" rel=\"noopener\"><strong>Parc Cultural de Albarrac\u00edn. Terol<\/strong><\/a><\/p><p>Enlla\u00e7 amb el <em>Post<\/em>: <a href=\"https:\/\/www.elturistatranquil.com\/ca\/bezas-valdecuenca-abrics-de-tormon-i-tormon-terol\/\" target=\"_blank\" rel=\"noopener\"><strong>Bezas, Valdecuenca, Abrigos de Torm\u00f3n i Torm\u00f3n. Terol<\/strong><\/a><\/p>\t\t\t\t\t\t\t\t<\/div>\n\t\t\t\t<\/div>\n\t\t\t\t\t<\/div>\n\t\t<\/div>\n\t\t\t\t\t<\/div>\n\t\t<\/section>\n\t\t\t\t<\/div>\n\t\t","protected":false},"excerpt":{"rendered":"<p>El recorregut nord pel Parc Cultural de Albarrac\u00edn (Terol) ens portar\u00e0 per Rodenas, Pozond\u00f3n, Tramacastilla, Torres de Albarrac\u00edn fins Albarrac\u00edn, en ple Sistema Ib\u00e8ric per sobre dels 1.000 msnm. Rodenas, &#8230; <a title=\"Rodenas, Pozond\u00f3n, Tramacastilla i Torres de Albarrac\u00edn (Terol)\" class=\"read-more\" href=\"https:\/\/www.elturistatranquil.com\/ca\/rodenas-pozondon-tramacastilla-i-torres-de-albarracin-terol\/\" aria-label=\"M\u00e9s informaci\u00f3 sobre Rodenas, Pozond\u00f3n, Tramacastilla i Torres de Albarrac\u00edn (Terol)\">[ &#8230; ]<\/a><\/p>\n","protected":false},"author":1,"featured_media":32482,"comment_status":"open","ping_status":"closed","sticky":false,"template":"","format":"standard","meta":{"footnotes":""},"categories":[70,71,72,74,75,76,77,78,145,81,82,83,84,86,92,95,99,100,96,159,101,102,105,139,142,110],"tags":[],"class_list":["post-32541","post","type-post","status-publish","format-standard","has-post-thumbnail","hentry","category-arquitectura-civil-ca","category-arquitectura-popular-ca","category-arquitectura-religiosa-ca","category-barroc","category-castells","category-ciutat","category-conjunts-historics","category-cultura-rural-ca","category-edat-mitjana","category-etnografia-ca","category-gotic","category-historia-ca","category-hotel-ca","category-islamic","category-museus","category-paisatge","category-poble","category-pobles-i-ciutats-amb-interes","category-prehistoric","category-recintes-emmurallats","category-renaixement","category-restaurant","category-rutes","category-segle-xvi-xvii","category-terol","category-vila","infinite-scroll-item","generate-columns","tablet-grid-50","mobile-grid-100","grid-parent","grid-50","no-featured-image-padding"],"yoast_head":"<!-- This site is optimized with the Yoast SEO plugin v27.4 - https:\/\/yoast.com\/product\/yoast-seo-wordpress\/ -->\n<title>Rodenas, Pozond\u00f3n, Tramacastilla i Torres de Albarrac\u00edn (Terol) - El turista tranquil<\/title>\n<meta name=\"description\" content=\"El recorregut nord pel Parc Cultural de Albarrac\u00edn (Terol) ens portar\u00e0 per Rodenas, Pozond\u00f3n, Tramacastilla, Torres de Albarrac\u00edn fins Albarrac\u00edn, en ple Sistema Ib\u00e8ric per sobre dels 1.000 msnm.\" \/>\n<meta name=\"robots\" content=\"index, follow, max-snippet:-1, max-image-preview:large, max-video-preview:-1\" \/>\n<link rel=\"canonical\" href=\"https:\/\/www.elturistatranquil.com\/ca\/rodenas-pozondon-tramacastilla-i-torres-de-albarracin-terol\/\" \/>\n<meta property=\"og:locale\" content=\"ca_ES\" \/>\n<meta property=\"og:type\" content=\"article\" \/>\n<meta property=\"og:title\" content=\"Rodenas, Pozond\u00f3n, Tramacastilla i Torres de Albarrac\u00edn (Terol) - El turista tranquil\" \/>\n<meta property=\"og:description\" content=\"El recorregut nord pel Parc Cultural de Albarrac\u00edn (Terol) ens portar\u00e0 per Rodenas, Pozond\u00f3n, Tramacastilla, Torres de Albarrac\u00edn fins Albarrac\u00edn, en ple Sistema Ib\u00e8ric per sobre dels 1.000 msnm.\" \/>\n<meta property=\"og:url\" content=\"https:\/\/www.elturistatranquil.com\/ca\/rodenas-pozondon-tramacastilla-i-torres-de-albarracin-terol\/\" \/>\n<meta property=\"og:site_name\" content=\"El turista tranquil\" \/>\n<meta property=\"article:publisher\" content=\"https:\/\/www.facebook.com\/elturistatranquilo\/\" \/>\n<meta property=\"article:published_time\" content=\"2020-08-15T07:30:28+00:00\" \/>\n<meta property=\"article:modified_time\" content=\"2020-09-03T16:19:43+00:00\" \/>\n<meta property=\"og:image\" content=\"https:\/\/www.elturistatranquil.com\/wp-content\/uploads\/n-F01-Rodenas.jpg\" \/>\n\t<meta property=\"og:image:width\" content=\"768\" \/>\n\t<meta property=\"og:image:height\" content=\"512\" \/>\n\t<meta property=\"og:image:type\" content=\"image\/jpeg\" \/>\n<meta name=\"author\" content=\"admin\" \/>\n<meta name=\"twitter:card\" content=\"summary_large_image\" \/>\n<meta name=\"twitter:label1\" content=\"Escrit per\" \/>\n\t<meta name=\"twitter:data1\" content=\"admin\" \/>\n\t<meta name=\"twitter:label2\" content=\"Temps estimat de lectura\" \/>\n\t<meta name=\"twitter:data2\" content=\"15 minuts\" \/>\n<script type=\"application\/ld+json\" class=\"yoast-schema-graph\">{\"@context\":\"https:\\\/\\\/schema.org\",\"@graph\":[{\"@type\":\"Article\",\"@id\":\"https:\\\/\\\/www.elturistatranquil.com\\\/ca\\\/rodenas-pozondon-tramacastilla-i-torres-de-albarracin-terol\\\/#article\",\"isPartOf\":{\"@id\":\"https:\\\/\\\/www.elturistatranquil.com\\\/ca\\\/rodenas-pozondon-tramacastilla-i-torres-de-albarracin-terol\\\/\"},\"author\":{\"name\":\"admin\",\"@id\":\"https:\\\/\\\/www.elturistatranquil.com\\\/ca\\\/#\\\/schema\\\/person\\\/16f607c3079b96ed0c530a52e6b58bb5\"},\"headline\":\"Rodenas, Pozond\u00f3n, Tramacastilla i Torres de Albarrac\u00edn (Terol)\",\"datePublished\":\"2020-08-15T07:30:28+00:00\",\"dateModified\":\"2020-09-03T16:19:43+00:00\",\"mainEntityOfPage\":{\"@id\":\"https:\\\/\\\/www.elturistatranquil.com\\\/ca\\\/rodenas-pozondon-tramacastilla-i-torres-de-albarracin-terol\\\/\"},\"wordCount\":3186,\"commentCount\":0,\"image\":{\"@id\":\"https:\\\/\\\/www.elturistatranquil.com\\\/ca\\\/rodenas-pozondon-tramacastilla-i-torres-de-albarracin-terol\\\/#primaryimage\"},\"thumbnailUrl\":\"https:\\\/\\\/www.elturistatranquil.com\\\/wp-content\\\/uploads\\\/n-F01-Rodenas.jpg\",\"articleSection\":[\"Arquitectura civil\",\"Arquitectura popular\",\"Arquitectura religiosa\",\"Barroc\",\"Castells, Muralles\",\"Ciutat\",\"Conjunts hist\u00f2rics\",\"Cultura rural\",\"Edat mitjana\",\"Etnografia\",\"G\u00f2tic\",\"Hist\u00f2ria\",\"Hotel, Allotjament\",\"Isl\u00e0mic\",\"Museus\",\"Paisatge\",\"Poble\",\"Pobles i ciutats amb inter\u00e9s\",\"Prehist\u00f2ric\",\"Recintes emmurallats\",\"Renaixement\",\"Restaurant\",\"Rutes\",\"Segle XVI-XVII\",\"Terol\",\"Vila\"],\"inLanguage\":\"ca\",\"potentialAction\":[{\"@type\":\"CommentAction\",\"name\":\"Comment\",\"target\":[\"https:\\\/\\\/www.elturistatranquil.com\\\/ca\\\/rodenas-pozondon-tramacastilla-i-torres-de-albarracin-terol\\\/#respond\"]}]},{\"@type\":\"WebPage\",\"@id\":\"https:\\\/\\\/www.elturistatranquil.com\\\/ca\\\/rodenas-pozondon-tramacastilla-i-torres-de-albarracin-terol\\\/\",\"url\":\"https:\\\/\\\/www.elturistatranquil.com\\\/ca\\\/rodenas-pozondon-tramacastilla-i-torres-de-albarracin-terol\\\/\",\"name\":\"Rodenas, Pozond\u00f3n, Tramacastilla i Torres de Albarrac\u00edn (Terol) - El turista tranquil\",\"isPartOf\":{\"@id\":\"https:\\\/\\\/www.elturistatranquil.com\\\/ca\\\/#website\"},\"primaryImageOfPage\":{\"@id\":\"https:\\\/\\\/www.elturistatranquil.com\\\/ca\\\/rodenas-pozondon-tramacastilla-i-torres-de-albarracin-terol\\\/#primaryimage\"},\"image\":{\"@id\":\"https:\\\/\\\/www.elturistatranquil.com\\\/ca\\\/rodenas-pozondon-tramacastilla-i-torres-de-albarracin-terol\\\/#primaryimage\"},\"thumbnailUrl\":\"https:\\\/\\\/www.elturistatranquil.com\\\/wp-content\\\/uploads\\\/n-F01-Rodenas.jpg\",\"datePublished\":\"2020-08-15T07:30:28+00:00\",\"dateModified\":\"2020-09-03T16:19:43+00:00\",\"author\":{\"@id\":\"https:\\\/\\\/www.elturistatranquil.com\\\/ca\\\/#\\\/schema\\\/person\\\/16f607c3079b96ed0c530a52e6b58bb5\"},\"description\":\"El recorregut nord pel Parc Cultural de Albarrac\u00edn (Terol) ens portar\u00e0 per Rodenas, Pozond\u00f3n, Tramacastilla, Torres de Albarrac\u00edn fins Albarrac\u00edn, en ple Sistema Ib\u00e8ric per sobre dels 1.000 msnm.\",\"breadcrumb\":{\"@id\":\"https:\\\/\\\/www.elturistatranquil.com\\\/ca\\\/rodenas-pozondon-tramacastilla-i-torres-de-albarracin-terol\\\/#breadcrumb\"},\"inLanguage\":\"ca\",\"potentialAction\":[{\"@type\":\"ReadAction\",\"target\":[\"https:\\\/\\\/www.elturistatranquil.com\\\/ca\\\/rodenas-pozondon-tramacastilla-i-torres-de-albarracin-terol\\\/\"]}]},{\"@type\":\"ImageObject\",\"inLanguage\":\"ca\",\"@id\":\"https:\\\/\\\/www.elturistatranquil.com\\\/ca\\\/rodenas-pozondon-tramacastilla-i-torres-de-albarracin-terol\\\/#primaryimage\",\"url\":\"https:\\\/\\\/www.elturistatranquil.com\\\/wp-content\\\/uploads\\\/n-F01-Rodenas.jpg\",\"contentUrl\":\"https:\\\/\\\/www.elturistatranquil.com\\\/wp-content\\\/uploads\\\/n-F01-Rodenas.jpg\",\"width\":768,\"height\":512,\"caption\":\"Rodenas\"},{\"@type\":\"BreadcrumbList\",\"@id\":\"https:\\\/\\\/www.elturistatranquil.com\\\/ca\\\/rodenas-pozondon-tramacastilla-i-torres-de-albarracin-terol\\\/#breadcrumb\",\"itemListElement\":[{\"@type\":\"ListItem\",\"position\":1,\"name\":\"Portada\",\"item\":\"https:\\\/\\\/www.elturistatranquil.com\\\/ca\\\/\"},{\"@type\":\"ListItem\",\"position\":2,\"name\":\"Rodenas, Pozond\u00f3n, Tramacastilla i Torres de Albarrac\u00edn (Terol)\"}]},{\"@type\":\"WebSite\",\"@id\":\"https:\\\/\\\/www.elturistatranquil.com\\\/ca\\\/#website\",\"url\":\"https:\\\/\\\/www.elturistatranquil.com\\\/ca\\\/\",\"name\":\"El turista tranquil\",\"description\":\"Blog de viatges\",\"potentialAction\":[{\"@type\":\"SearchAction\",\"target\":{\"@type\":\"EntryPoint\",\"urlTemplate\":\"https:\\\/\\\/www.elturistatranquil.com\\\/ca\\\/?s={search_term_string}\"},\"query-input\":{\"@type\":\"PropertyValueSpecification\",\"valueRequired\":true,\"valueName\":\"search_term_string\"}}],\"inLanguage\":\"ca\"},{\"@type\":\"Person\",\"@id\":\"https:\\\/\\\/www.elturistatranquil.com\\\/ca\\\/#\\\/schema\\\/person\\\/16f607c3079b96ed0c530a52e6b58bb5\",\"name\":\"admin\",\"image\":{\"@type\":\"ImageObject\",\"inLanguage\":\"ca\",\"@id\":\"https:\\\/\\\/secure.gravatar.com\\\/avatar\\\/1fbaf22aee75fcbb29a2f97b107f95d25d3a19b7c3416105be10269872673e8d?s=96&d=mm&r=g\",\"url\":\"https:\\\/\\\/secure.gravatar.com\\\/avatar\\\/1fbaf22aee75fcbb29a2f97b107f95d25d3a19b7c3416105be10269872673e8d?s=96&d=mm&r=g\",\"contentUrl\":\"https:\\\/\\\/secure.gravatar.com\\\/avatar\\\/1fbaf22aee75fcbb29a2f97b107f95d25d3a19b7c3416105be10269872673e8d?s=96&d=mm&r=g\",\"caption\":\"admin\"}}]}<\/script>\n<!-- \/ Yoast SEO plugin. -->","yoast_head_json":{"title":"Rodenas, Pozond\u00f3n, Tramacastilla i Torres de Albarrac\u00edn (Terol) - El turista tranquil","description":"El recorregut nord pel Parc Cultural de Albarrac\u00edn (Terol) ens portar\u00e0 per Rodenas, Pozond\u00f3n, Tramacastilla, Torres de Albarrac\u00edn fins Albarrac\u00edn, en ple Sistema Ib\u00e8ric per sobre dels 1.000 msnm.","robots":{"index":"index","follow":"follow","max-snippet":"max-snippet:-1","max-image-preview":"max-image-preview:large","max-video-preview":"max-video-preview:-1"},"canonical":"https:\/\/www.elturistatranquil.com\/ca\/rodenas-pozondon-tramacastilla-i-torres-de-albarracin-terol\/","og_locale":"ca_ES","og_type":"article","og_title":"Rodenas, Pozond\u00f3n, Tramacastilla i Torres de Albarrac\u00edn (Terol) - El turista tranquil","og_description":"El recorregut nord pel Parc Cultural de Albarrac\u00edn (Terol) ens portar\u00e0 per Rodenas, Pozond\u00f3n, Tramacastilla, Torres de Albarrac\u00edn fins Albarrac\u00edn, en ple Sistema Ib\u00e8ric per sobre dels 1.000 msnm.","og_url":"https:\/\/www.elturistatranquil.com\/ca\/rodenas-pozondon-tramacastilla-i-torres-de-albarracin-terol\/","og_site_name":"El turista tranquil","article_publisher":"https:\/\/www.facebook.com\/elturistatranquilo\/","article_published_time":"2020-08-15T07:30:28+00:00","article_modified_time":"2020-09-03T16:19:43+00:00","og_image":[{"width":768,"height":512,"url":"https:\/\/www.elturistatranquil.com\/wp-content\/uploads\/n-F01-Rodenas.jpg","type":"image\/jpeg"}],"author":"admin","twitter_card":"summary_large_image","twitter_misc":{"Escrit per":"admin","Temps estimat de lectura":"15 minuts"},"schema":{"@context":"https:\/\/schema.org","@graph":[{"@type":"Article","@id":"https:\/\/www.elturistatranquil.com\/ca\/rodenas-pozondon-tramacastilla-i-torres-de-albarracin-terol\/#article","isPartOf":{"@id":"https:\/\/www.elturistatranquil.com\/ca\/rodenas-pozondon-tramacastilla-i-torres-de-albarracin-terol\/"},"author":{"name":"admin","@id":"https:\/\/www.elturistatranquil.com\/ca\/#\/schema\/person\/16f607c3079b96ed0c530a52e6b58bb5"},"headline":"Rodenas, Pozond\u00f3n, Tramacastilla i Torres de Albarrac\u00edn (Terol)","datePublished":"2020-08-15T07:30:28+00:00","dateModified":"2020-09-03T16:19:43+00:00","mainEntityOfPage":{"@id":"https:\/\/www.elturistatranquil.com\/ca\/rodenas-pozondon-tramacastilla-i-torres-de-albarracin-terol\/"},"wordCount":3186,"commentCount":0,"image":{"@id":"https:\/\/www.elturistatranquil.com\/ca\/rodenas-pozondon-tramacastilla-i-torres-de-albarracin-terol\/#primaryimage"},"thumbnailUrl":"https:\/\/www.elturistatranquil.com\/wp-content\/uploads\/n-F01-Rodenas.jpg","articleSection":["Arquitectura civil","Arquitectura popular","Arquitectura religiosa","Barroc","Castells, Muralles","Ciutat","Conjunts hist\u00f2rics","Cultura rural","Edat mitjana","Etnografia","G\u00f2tic","Hist\u00f2ria","Hotel, Allotjament","Isl\u00e0mic","Museus","Paisatge","Poble","Pobles i ciutats amb inter\u00e9s","Prehist\u00f2ric","Recintes emmurallats","Renaixement","Restaurant","Rutes","Segle XVI-XVII","Terol","Vila"],"inLanguage":"ca","potentialAction":[{"@type":"CommentAction","name":"Comment","target":["https:\/\/www.elturistatranquil.com\/ca\/rodenas-pozondon-tramacastilla-i-torres-de-albarracin-terol\/#respond"]}]},{"@type":"WebPage","@id":"https:\/\/www.elturistatranquil.com\/ca\/rodenas-pozondon-tramacastilla-i-torres-de-albarracin-terol\/","url":"https:\/\/www.elturistatranquil.com\/ca\/rodenas-pozondon-tramacastilla-i-torres-de-albarracin-terol\/","name":"Rodenas, Pozond\u00f3n, Tramacastilla i Torres de Albarrac\u00edn (Terol) - El turista tranquil","isPartOf":{"@id":"https:\/\/www.elturistatranquil.com\/ca\/#website"},"primaryImageOfPage":{"@id":"https:\/\/www.elturistatranquil.com\/ca\/rodenas-pozondon-tramacastilla-i-torres-de-albarracin-terol\/#primaryimage"},"image":{"@id":"https:\/\/www.elturistatranquil.com\/ca\/rodenas-pozondon-tramacastilla-i-torres-de-albarracin-terol\/#primaryimage"},"thumbnailUrl":"https:\/\/www.elturistatranquil.com\/wp-content\/uploads\/n-F01-Rodenas.jpg","datePublished":"2020-08-15T07:30:28+00:00","dateModified":"2020-09-03T16:19:43+00:00","author":{"@id":"https:\/\/www.elturistatranquil.com\/ca\/#\/schema\/person\/16f607c3079b96ed0c530a52e6b58bb5"},"description":"El recorregut nord pel Parc Cultural de Albarrac\u00edn (Terol) ens portar\u00e0 per Rodenas, Pozond\u00f3n, Tramacastilla, Torres de Albarrac\u00edn fins Albarrac\u00edn, en ple Sistema Ib\u00e8ric per sobre dels 1.000 msnm.","breadcrumb":{"@id":"https:\/\/www.elturistatranquil.com\/ca\/rodenas-pozondon-tramacastilla-i-torres-de-albarracin-terol\/#breadcrumb"},"inLanguage":"ca","potentialAction":[{"@type":"ReadAction","target":["https:\/\/www.elturistatranquil.com\/ca\/rodenas-pozondon-tramacastilla-i-torres-de-albarracin-terol\/"]}]},{"@type":"ImageObject","inLanguage":"ca","@id":"https:\/\/www.elturistatranquil.com\/ca\/rodenas-pozondon-tramacastilla-i-torres-de-albarracin-terol\/#primaryimage","url":"https:\/\/www.elturistatranquil.com\/wp-content\/uploads\/n-F01-Rodenas.jpg","contentUrl":"https:\/\/www.elturistatranquil.com\/wp-content\/uploads\/n-F01-Rodenas.jpg","width":768,"height":512,"caption":"Rodenas"},{"@type":"BreadcrumbList","@id":"https:\/\/www.elturistatranquil.com\/ca\/rodenas-pozondon-tramacastilla-i-torres-de-albarracin-terol\/#breadcrumb","itemListElement":[{"@type":"ListItem","position":1,"name":"Portada","item":"https:\/\/www.elturistatranquil.com\/ca\/"},{"@type":"ListItem","position":2,"name":"Rodenas, Pozond\u00f3n, Tramacastilla i Torres de Albarrac\u00edn (Terol)"}]},{"@type":"WebSite","@id":"https:\/\/www.elturistatranquil.com\/ca\/#website","url":"https:\/\/www.elturistatranquil.com\/ca\/","name":"El turista tranquil","description":"Blog de viatges","potentialAction":[{"@type":"SearchAction","target":{"@type":"EntryPoint","urlTemplate":"https:\/\/www.elturistatranquil.com\/ca\/?s={search_term_string}"},"query-input":{"@type":"PropertyValueSpecification","valueRequired":true,"valueName":"search_term_string"}}],"inLanguage":"ca"},{"@type":"Person","@id":"https:\/\/www.elturistatranquil.com\/ca\/#\/schema\/person\/16f607c3079b96ed0c530a52e6b58bb5","name":"admin","image":{"@type":"ImageObject","inLanguage":"ca","@id":"https:\/\/secure.gravatar.com\/avatar\/1fbaf22aee75fcbb29a2f97b107f95d25d3a19b7c3416105be10269872673e8d?s=96&d=mm&r=g","url":"https:\/\/secure.gravatar.com\/avatar\/1fbaf22aee75fcbb29a2f97b107f95d25d3a19b7c3416105be10269872673e8d?s=96&d=mm&r=g","contentUrl":"https:\/\/secure.gravatar.com\/avatar\/1fbaf22aee75fcbb29a2f97b107f95d25d3a19b7c3416105be10269872673e8d?s=96&d=mm&r=g","caption":"admin"}}]}},"_links":{"self":[{"href":"https:\/\/www.elturistatranquil.com\/ca\/wp-json\/wp\/v2\/posts\/32541","targetHints":{"allow":["GET"]}}],"collection":[{"href":"https:\/\/www.elturistatranquil.com\/ca\/wp-json\/wp\/v2\/posts"}],"about":[{"href":"https:\/\/www.elturistatranquil.com\/ca\/wp-json\/wp\/v2\/types\/post"}],"author":[{"embeddable":true,"href":"https:\/\/www.elturistatranquil.com\/ca\/wp-json\/wp\/v2\/users\/1"}],"replies":[{"embeddable":true,"href":"https:\/\/www.elturistatranquil.com\/ca\/wp-json\/wp\/v2\/comments?post=32541"}],"version-history":[{"count":5,"href":"https:\/\/www.elturistatranquil.com\/ca\/wp-json\/wp\/v2\/posts\/32541\/revisions"}],"predecessor-version":[{"id":32598,"href":"https:\/\/www.elturistatranquil.com\/ca\/wp-json\/wp\/v2\/posts\/32541\/revisions\/32598"}],"wp:featuredmedia":[{"embeddable":true,"href":"https:\/\/www.elturistatranquil.com\/ca\/wp-json\/wp\/v2\/media\/32482"}],"wp:attachment":[{"href":"https:\/\/www.elturistatranquil.com\/ca\/wp-json\/wp\/v2\/media?parent=32541"}],"wp:term":[{"taxonomy":"category","embeddable":true,"href":"https:\/\/www.elturistatranquil.com\/ca\/wp-json\/wp\/v2\/categories?post=32541"},{"taxonomy":"post_tag","embeddable":true,"href":"https:\/\/www.elturistatranquil.com\/ca\/wp-json\/wp\/v2\/tags?post=32541"}],"curies":[{"name":"wp","href":"https:\/\/api.w.org\/{rel}","templated":true}]}}