{"id":32826,"date":"2020-10-17T09:15:00","date_gmt":"2020-10-17T07:15:00","guid":{"rendered":"https:\/\/www.elturistatranquil.com\/?p=32826"},"modified":"2025-08-04T19:42:53","modified_gmt":"2025-08-04T17:42:53","slug":"castell-de-santa-catalina-jaen","status":"publish","type":"post","link":"https:\/\/www.elturistatranquil.com\/ca\/castell-de-santa-catalina-jaen\/","title":{"rendered":"Castell de Santa Catalina. Ja\u00e9n"},"content":{"rendered":"\t\t<div data-elementor-type=\"wp-post\" data-elementor-id=\"32826\" class=\"elementor elementor-32826 elementor-32638\" data-elementor-post-type=\"post\">\n\t\t\t\t\t\t<section class=\"elementor-section elementor-top-section elementor-element elementor-element-1bef557 elementor-section-boxed elementor-section-height-default elementor-section-height-default\" data-id=\"1bef557\" data-element_type=\"section\" data-e-type=\"section\">\n\t\t\t\t\t\t<div class=\"elementor-container elementor-column-gap-default\">\n\t\t\t\t\t<div class=\"elementor-column elementor-col-100 elementor-top-column elementor-element elementor-element-31afb12b\" data-id=\"31afb12b\" data-element_type=\"column\" data-e-type=\"column\">\n\t\t\t<div class=\"elementor-widget-wrap elementor-element-populated\">\n\t\t\t\t\t\t<section class=\"elementor-section elementor-inner-section elementor-element elementor-element-36b57d43 elementor-section-content-middle elementor-section-boxed elementor-section-height-default elementor-section-height-default\" data-id=\"36b57d43\" data-element_type=\"section\" data-e-type=\"section\">\n\t\t\t\t\t\t<div class=\"elementor-container elementor-column-gap-default\">\n\t\t\t\t\t<div class=\"elementor-column elementor-col-100 elementor-inner-column elementor-element elementor-element-53fdf226\" data-id=\"53fdf226\" data-element_type=\"column\" data-e-type=\"column\">\n\t\t\t<div class=\"elementor-widget-wrap elementor-element-populated\">\n\t\t\t\t\t\t<div class=\"elementor-element elementor-element-643b1247 elementor-widget elementor-widget-text-editor\" data-id=\"643b1247\" data-element_type=\"widget\" data-e-type=\"widget\" data-widget_type=\"text-editor.default\">\n\t\t\t\t<div class=\"elementor-widget-container\">\n\t\t\t\t\t\t\t\t\t<p>Dominant sobre la ciutat de Ja\u00e9n, el <em>Castell de Santa Catalina<\/em> o <em>Alc\u00e1zar Nuevo<\/em>, constru\u00eft sobre l&#8217;alc\u00e0sser musulm\u00e0 al segle XIII per Fernando III &#8220;el Santo&#8221;.<\/p>\t\t\t\t\t\t\t\t<\/div>\n\t\t\t\t<\/div>\n\t\t\t\t\t<\/div>\n\t\t<\/div>\n\t\t\t\t\t<\/div>\n\t\t<\/section>\n\t\t\t\t<div class=\"elementor-element elementor-element-5fa0087f elementor-widget elementor-widget-heading\" data-id=\"5fa0087f\" data-element_type=\"widget\" data-e-type=\"widget\" data-widget_type=\"heading.default\">\n\t\t\t\t<div class=\"elementor-widget-container\">\n\t\t\t\t\t<h1 class=\"elementor-heading-title elementor-size-default\">Castell de Santa Catalina. Ja\u00e9n<\/h1>\t\t\t\t<\/div>\n\t\t\t\t<\/div>\n\t\t\t\t\t<\/div>\n\t\t<\/div>\n\t\t\t\t\t<\/div>\n\t\t<\/section>\n\t\t\t\t<section class=\"elementor-section elementor-top-section elementor-element elementor-element-7a7c5dfb elementor-section-boxed elementor-section-height-default elementor-section-height-default\" data-id=\"7a7c5dfb\" data-element_type=\"section\" data-e-type=\"section\">\n\t\t\t\t\t\t<div class=\"elementor-container elementor-column-gap-default\">\n\t\t\t\t\t<div class=\"elementor-column elementor-col-100 elementor-top-column elementor-element elementor-element-353adfcc\" data-id=\"353adfcc\" data-element_type=\"column\" data-e-type=\"column\">\n\t\t\t<div class=\"elementor-widget-wrap elementor-element-populated\">\n\t\t\t\t\t\t<div class=\"elementor-element elementor-element-6562e8b2 elementor-widget elementor-widget-image\" data-id=\"6562e8b2\" data-element_type=\"widget\" data-e-type=\"widget\" data-widget_type=\"image.default\">\n\t\t\t\t<div class=\"elementor-widget-container\">\n\t\t\t\t\t\t\t\t\t\t\t\t<figure class=\"wp-caption\">\n\t\t\t\t\t\t\t\t\t\t<img fetchpriority=\"high\" decoding=\"async\" width=\"768\" height=\"512\" src=\"https:\/\/www.elturistatranquil.com\/wp-content\/uploads\/F01-Castillo-de-Santa-Catalina-Jaen-Google-maps-2020-08-24.jpg\" class=\"attachment-large size-large wp-image-32647\" alt=\"Castillo de Santa Catalina, Jaen (Google maps-2020-08-24)\" srcset=\"https:\/\/www.elturistatranquil.com\/wp-content\/uploads\/F01-Castillo-de-Santa-Catalina-Jaen-Google-maps-2020-08-24.jpg 768w, https:\/\/www.elturistatranquil.com\/wp-content\/uploads\/F01-Castillo-de-Santa-Catalina-Jaen-Google-maps-2020-08-24-339x226.jpg 339w\" sizes=\"(max-width: 768px) 100vw, 768px\" \/>\t\t\t\t\t\t\t\t\t\t\t<figcaption class=\"widget-image-caption wp-caption-text\">Castell de Santa Catalina (Google naps 2020-08-24)<\/figcaption>\n\t\t\t\t\t\t\t\t\t\t<\/figure>\n\t\t\t\t\t\t\t\t\t<\/div>\n\t\t\t\t<\/div>\n\t\t\t\t<div class=\"elementor-element elementor-element-22301fb4 elementor-widget elementor-widget-spacer\" data-id=\"22301fb4\" data-element_type=\"widget\" data-e-type=\"widget\" data-widget_type=\"spacer.default\">\n\t\t\t\t<div class=\"elementor-widget-container\">\n\t\t\t\t\t\t\t<div class=\"elementor-spacer\">\n\t\t\t<div class=\"elementor-spacer-inner\"><\/div>\n\t\t<\/div>\n\t\t\t\t\t\t<\/div>\n\t\t\t\t<\/div>\n\t\t\t\t<div class=\"elementor-element elementor-element-6b80f15a elementor-widget elementor-widget-heading\" data-id=\"6b80f15a\" data-element_type=\"widget\" data-e-type=\"widget\" data-widget_type=\"heading.default\">\n\t\t\t\t<div class=\"elementor-widget-container\">\n\t\t\t\t\t<h2 class=\"elementor-heading-title elementor-size-default\">Castell de Santa Catalina. Ja\u00e9n<\/h2>\t\t\t\t<\/div>\n\t\t\t\t<\/div>\n\t\t\t\t<section class=\"elementor-section elementor-inner-section elementor-element elementor-element-6def0b6c elementor-section-boxed elementor-section-height-default elementor-section-height-default\" data-id=\"6def0b6c\" data-element_type=\"section\" data-e-type=\"section\" data-settings=\"{&quot;background_background&quot;:&quot;classic&quot;}\">\n\t\t\t\t\t\t\t<div class=\"elementor-background-overlay\"><\/div>\n\t\t\t\t\t\t\t<div class=\"elementor-container elementor-column-gap-default\">\n\t\t\t\t\t<div class=\"elementor-column elementor-col-100 elementor-inner-column elementor-element elementor-element-78cf255c\" data-id=\"78cf255c\" data-element_type=\"column\" data-e-type=\"column\" data-settings=\"{&quot;background_background&quot;:&quot;classic&quot;}\">\n\t\t\t<div class=\"elementor-widget-wrap elementor-element-populated\">\n\t\t\t\t\t\t<div class=\"elementor-element elementor-element-3268032f elementor-widget elementor-widget-text-editor\" data-id=\"3268032f\" data-element_type=\"widget\" data-e-type=\"widget\" data-widget_type=\"text-editor.default\">\n\t\t\t\t<div class=\"elementor-widget-container\">\n\t\t\t\t\t\t\t\t\t<p>Municipi: Ja\u00e9n. Comarca: Metropolitana de Ja\u00e9n. Prov\u00edncia: Ja\u00e9n. Com. Aut\u00f2noma: Andalusia<\/p><p>Coordenades: 37\u00b046\u203203\u2033N 3\u00b047\u203258\u2033O. Altitud:\u00a0 790 msnm.<\/p><p>Web: <a href=\"https:\/\/castillosantacatalina.es\/\" target=\"_blank\" rel=\"noopener\">castillosantacatalina<\/a><\/p><p><em>B\u00e9 d\u2019Inter\u00e9s Cultural. Monument (1931)<\/em><\/p><p>Visita: 2018<\/p>\t\t\t\t\t\t\t\t<\/div>\n\t\t\t\t<\/div>\n\t\t\t\t\t<\/div>\n\t\t<\/div>\n\t\t\t\t\t<\/div>\n\t\t<\/section>\n\t\t\t\t<div class=\"elementor-element elementor-element-105c25f6 elementor-widget elementor-widget-image\" data-id=\"105c25f6\" data-element_type=\"widget\" data-e-type=\"widget\" data-widget_type=\"image.default\">\n\t\t\t\t<div class=\"elementor-widget-container\">\n\t\t\t\t\t\t\t\t\t\t\t\t<figure class=\"wp-caption\">\n\t\t\t\t\t\t\t\t\t\t<img decoding=\"async\" width=\"768\" height=\"513\" src=\"https:\/\/www.elturistatranquil.com\/wp-content\/uploads\/F02c-Mapa-de-situaci\u00f3n-del-Castillo-de-Santa-Catalina-Jaen-Google-maps-2020-08-20.jpg\" class=\"attachment-medium_large size-medium_large wp-image-32831\" alt=\"Mapa de situaci\u00f3 del Castillo de Santa Catalina, Jaen (Google maps 2020-08-20)\" srcset=\"https:\/\/www.elturistatranquil.com\/wp-content\/uploads\/F02c-Mapa-de-situaci\u00f3n-del-Castillo-de-Santa-Catalina-Jaen-Google-maps-2020-08-20.jpg 768w, https:\/\/www.elturistatranquil.com\/wp-content\/uploads\/F02c-Mapa-de-situaci\u00f3n-del-Castillo-de-Santa-Catalina-Jaen-Google-maps-2020-08-20-339x226.jpg 339w\" sizes=\"(max-width: 768px) 100vw, 768px\" \/>\t\t\t\t\t\t\t\t\t\t\t<figcaption class=\"widget-image-caption wp-caption-text\">Mapa de situaci\u00f3 (Google maps 2020-08-20)<\/figcaption>\n\t\t\t\t\t\t\t\t\t\t<\/figure>\n\t\t\t\t\t\t\t\t\t<\/div>\n\t\t\t\t<\/div>\n\t\t\t\t<section class=\"elementor-section elementor-inner-section elementor-element elementor-element-1e6608e1 elementor-section-boxed elementor-section-height-default elementor-section-height-default\" data-id=\"1e6608e1\" data-element_type=\"section\" data-e-type=\"section\" data-settings=\"{&quot;background_background&quot;:&quot;classic&quot;}\">\n\t\t\t\t\t\t<div class=\"elementor-container elementor-column-gap-default\">\n\t\t\t\t\t<div class=\"elementor-column elementor-col-100 elementor-inner-column elementor-element elementor-element-73178164\" data-id=\"73178164\" data-element_type=\"column\" data-e-type=\"column\">\n\t\t\t<div class=\"elementor-widget-wrap elementor-element-populated\">\n\t\t\t\t\t\t<div class=\"elementor-element elementor-element-16c81b4e elementor-widget elementor-widget-text-editor\" data-id=\"16c81b4e\" data-element_type=\"widget\" data-e-type=\"widget\" data-widget_type=\"text-editor.default\">\n\t\t\t\t<div class=\"elementor-widget-container\">\n\t\t\t\t\t\t\t\t\t<p style=\"text-align: center;\"><strong>\u00cdndex<\/strong><\/p>\t\t\t\t\t\t\t\t<\/div>\n\t\t\t\t<\/div>\n\t\t\t\t<div class=\"elementor-element elementor-element-42cddfa6 elementor-widget elementor-widget-text-editor\" data-id=\"42cddfa6\" data-element_type=\"widget\" data-e-type=\"widget\" data-widget_type=\"text-editor.default\">\n\t\t\t\t<div class=\"elementor-widget-container\">\n\t\t\t\t\t\t\t\t\t<p><a href=\"https:\/\/www.elturistatranquil.com\/ca\/castell-de-santa-catalina-jaen\/#b4901\">Castell de Santa Catalina. Ja\u00e9n<\/a><\/p><p><a href=\"https:\/\/www.elturistatranquil.com\/ca\/castell-de-santa-catalina-jaen\/#b4902\">Una mica d&#8217;hist\u00f2ria<\/a><\/p><p><a href=\"https:\/\/www.elturistatranquil.com\/ca\/castell-de-santa-catalina-jaen\/#b4903\">Visita al Castell<\/a><\/p><p style=\"padding-left: 40px;\"><a href=\"https:\/\/www.elturistatranquil.com\/ca\/castell-de-santa-catalina-jaen\/#b4904\">Porta de la muralla<\/a><\/p><p style=\"padding-left: 40px;\"><a href=\"https:\/\/www.elturistatranquil.com\/ca\/castell-de-santa-catalina-jaen\/#b4905\">Porta del Castell<\/a><\/p><p style=\"padding-left: 40px;\"><a href=\"https:\/\/www.elturistatranquil.com\/ca\/castell-de-santa-catalina-jaen\/#b4906\">Torre de l&#8217;Homenatge<\/a><\/p><p style=\"padding-left: 40px;\"><a href=\"https:\/\/www.elturistatranquil.com\/ca\/castell-de-santa-catalina-jaen\/#b4907\">Torre de les Dames<\/a><\/p><p style=\"padding-left: 40px;\"><a href=\"https:\/\/www.elturistatranquil.com\/ca\/castell-de-santa-catalina-jaen\/#b4908\">Torre Albarrana. Capella de Santa Catalina<\/a><\/p><p style=\"padding-left: 40px;\"><a href=\"https:\/\/www.elturistatranquil.com\/ca\/castell-de-santa-catalina-jaen\/#b4909\">Segona torre Albarrana<\/a><\/p><p style=\"padding-left: 40px;\"><a href=\"https:\/\/www.elturistatranquil.com\/ca\/castell-de-santa-catalina-jaen\/#b4910\">Restes Arqueol\u00f2giques. Palau isl\u00e0mic. Hospital<\/a><\/p><p style=\"padding-left: 40px;\"><a href=\"https:\/\/www.elturistatranquil.com\/ca\/castell-de-santa-catalina-jaen\/#b4911\">Torre de la Vela<\/a><\/p><p style=\"padding-left: 40px;\"><a href=\"https:\/\/www.elturistatranquil.com\/ca\/castell-de-santa-catalina-jaen\/#b4912\">Pres\u00f3<\/a><\/p><p style=\"padding-left: 40px;\"><a href=\"https:\/\/www.elturistatranquil.com\/ca\/castell-de-santa-catalina-jaen\/#b4913\">Torre de les Troneres. Mirador Sud<\/a><\/p><p style=\"padding-left: 40px;\"><a href=\"https:\/\/www.elturistatranquil.com\/ca\/castell-de-santa-catalina-jaen\/#b4914\">Pati d&#8217;Armes<\/a><\/p><p style=\"padding-left: 40px;\"><a href=\"https:\/\/www.elturistatranquil.com\/ca\/castell-de-santa-catalina-jaen\/#b4915\">Portell<\/a><\/p><p style=\"padding-left: 40px;\"><a href=\"https:\/\/www.elturistatranquil.com\/ca\/castell-de-santa-catalina-jaen\/#b4916\">Cavallerisses i aljub<\/a><\/p><p style=\"padding-left: 40px;\"><a href=\"https:\/\/www.elturistatranquil.com\/ca\/castell-de-santa-catalina-jaen\/#b4917\">Creu del Castell<\/a><\/p><p style=\"padding-left: 40px;\"><a href=\"https:\/\/www.elturistatranquil.com\/ca\/castell-de-santa-catalina-jaen\/#b4918\">Parador de Turisme de Ja\u00e9n<\/a><\/p><p><a href=\"https:\/\/www.elturistatranquil.com\/ca\/castell-de-santa-catalina-jaen\/#b4919\">Bases d&#8217;informaci\u00f3<\/a><\/p>\t\t\t\t\t\t\t\t<\/div>\n\t\t\t\t<\/div>\n\t\t\t\t\t<\/div>\n\t\t<\/div>\n\t\t\t\t\t<\/div>\n\t\t<\/section>\n\t\t\t\t<div class=\"elementor-element elementor-element-36d1ca7d elementor-widget elementor-widget-spacer\" data-id=\"36d1ca7d\" data-element_type=\"widget\" data-e-type=\"widget\" data-widget_type=\"spacer.default\">\n\t\t\t\t<div class=\"elementor-widget-container\">\n\t\t\t\t\t\t\t<div class=\"elementor-spacer\">\n\t\t\t<div class=\"elementor-spacer-inner\"><\/div>\n\t\t<\/div>\n\t\t\t\t\t\t<\/div>\n\t\t\t\t<\/div>\n\t\t\t\t<div class=\"elementor-element elementor-element-2030b4ec elementor-widget elementor-widget-menu-anchor\" data-id=\"2030b4ec\" data-element_type=\"widget\" data-e-type=\"widget\" data-widget_type=\"menu-anchor.default\">\n\t\t\t\t<div class=\"elementor-widget-container\">\n\t\t\t\t\t\t\t<div class=\"elementor-menu-anchor\" id=\"b4901\"><\/div>\n\t\t\t\t\t\t<\/div>\n\t\t\t\t<\/div>\n\t\t\t\t<div class=\"elementor-element elementor-element-706ed636 elementor-widget elementor-widget-spacer\" data-id=\"706ed636\" data-element_type=\"widget\" data-e-type=\"widget\" data-widget_type=\"spacer.default\">\n\t\t\t\t<div class=\"elementor-widget-container\">\n\t\t\t\t\t\t\t<div class=\"elementor-spacer\">\n\t\t\t<div class=\"elementor-spacer-inner\"><\/div>\n\t\t<\/div>\n\t\t\t\t\t\t<\/div>\n\t\t\t\t<\/div>\n\t\t\t\t<div class=\"elementor-element elementor-element-1cb67fc8 elementor-widget elementor-widget-heading\" data-id=\"1cb67fc8\" data-element_type=\"widget\" data-e-type=\"widget\" data-widget_type=\"heading.default\">\n\t\t\t\t<div class=\"elementor-widget-container\">\n\t\t\t\t\t<h2 class=\"elementor-heading-title elementor-size-default\">Castell de Santa Catalina. Ja\u00e9n<\/h2>\t\t\t\t<\/div>\n\t\t\t\t<\/div>\n\t\t\t\t<div class=\"elementor-element elementor-element-6438969f elementor-widget elementor-widget-text-editor\" data-id=\"6438969f\" data-element_type=\"widget\" data-e-type=\"widget\" data-widget_type=\"text-editor.default\">\n\t\t\t\t<div class=\"elementor-widget-container\">\n\t\t\t\t\t\t\t\t\t<p>En el tur\u00f3 de Santa Catalina, a 782 msnm, i uns 200 metres per sobre de la ciutat de Ja\u00e9n, s&#8217;al\u00e7a el <strong>Castell de Santa Catalina<\/strong>, tamb\u00e9 anomenat <strong>Alc\u00e1zar Nuevo<\/strong>.<\/p><p>La fortalesa s&#8217;adapta a la forma allargada i estreta de l&#8217;altipl\u00e0 superior del tur\u00f3, orientada en direcci\u00f3 gaireb\u00e9 est-oest.<\/p><p>Per la seva ubicaci\u00f3 se\u2019l pot qualificar de <a href=\"https:\/\/www.elturistatranquil.com\/ca\/els-castells-medievals-a-espanya-tipologies\/\" target=\"_blank\" rel=\"noopener\">castell roquer mont\u00e0 (d&#8217;altipl\u00e0)<\/a>.<\/p><p>En el moment de la seva m\u00e0xima esplendor la fortalesa tenia uns 500 metres de llarg per uns 50 metres en el seu punt m\u00e9s ample, amb una forma que sembla el casc d&#8217;un vaixell. Aquestes dimensions les obtinc d&#8217;aplicar el mesurador de dist\u00e0ncies de <em>Google maps<\/em>.<\/p><p>El conjunt actual total de la fortalesa es troba format per dos blocs de construccions. A l&#8217;extrem de llevant, el <strong>Alc\u00e1zar Nuevo<\/strong>, el que s&#8217;anomena <strong>Castell de Santa Catalina<\/strong>, s&#8217;est\u00e9n al llarg de 115 metres, entre la torre de l&#8217;Homenatge i la torre de la Vela. Cap a ponent, havent deixat una separaci\u00f3 entre edificis, s&#8217;al\u00e7a el <strong>Parador Nacional de Turisme de Ja\u00e9n<\/strong>, que ocupa una longitud d&#8217;uns 270 metres.<\/p>\t\t\t\t\t\t\t\t<\/div>\n\t\t\t\t<\/div>\n\t\t\t\t<div class=\"elementor-element elementor-element-23bee4d2 elementor-widget elementor-widget-image\" data-id=\"23bee4d2\" data-element_type=\"widget\" data-e-type=\"widget\" data-widget_type=\"image.default\">\n\t\t\t\t<div class=\"elementor-widget-container\">\n\t\t\t\t\t\t\t\t\t\t\t\t<figure class=\"wp-caption\">\n\t\t\t\t\t\t\t\t\t\t<img decoding=\"async\" width=\"768\" height=\"512\" src=\"https:\/\/www.elturistatranquil.com\/wp-content\/uploads\/F03-Castillo-de-Santa-Catalina-Jaen-Vista-sobre-la-cara-sur-Google-maps-2020-08-20.jpg\" class=\"attachment-large size-large wp-image-32651\" alt=\"Castillo de Santa Catalina, Jaen Vista sobre la cara sur (Google maps 2020-08-20)\" srcset=\"https:\/\/www.elturistatranquil.com\/wp-content\/uploads\/F03-Castillo-de-Santa-Catalina-Jaen-Vista-sobre-la-cara-sur-Google-maps-2020-08-20.jpg 768w, https:\/\/www.elturistatranquil.com\/wp-content\/uploads\/F03-Castillo-de-Santa-Catalina-Jaen-Vista-sobre-la-cara-sur-Google-maps-2020-08-20-339x226.jpg 339w\" sizes=\"(max-width: 768px) 100vw, 768px\" \/>\t\t\t\t\t\t\t\t\t\t\t<figcaption class=\"widget-image-caption wp-caption-text\">Castell de Santa Catalina, Ja\u00e9n. Vista sobre la cara sud (Google maps 2020-08-20)<\/figcaption>\n\t\t\t\t\t\t\t\t\t\t<\/figure>\n\t\t\t\t\t\t\t\t\t<\/div>\n\t\t\t\t<\/div>\n\t\t\t\t<div class=\"elementor-element elementor-element-67b29ec elementor-widget elementor-widget-image\" data-id=\"67b29ec\" data-element_type=\"widget\" data-e-type=\"widget\" data-widget_type=\"image.default\">\n\t\t\t\t<div class=\"elementor-widget-container\">\n\t\t\t\t\t\t\t\t\t\t\t\t<figure class=\"wp-caption\">\n\t\t\t\t\t\t\t\t\t\t<img loading=\"lazy\" decoding=\"async\" width=\"768\" height=\"513\" src=\"https:\/\/www.elturistatranquil.com\/wp-content\/uploads\/F04-Castillo-de-Santa-Catalina-Jaen-Vista-sobre-la-cara-norte-Google-maps-2020-08-20.jpg\" class=\"attachment-large size-large wp-image-32653\" alt=\"Castillo de Santa Catalina, Jaen Vista sobre la cara norte (Google maps 2020-08-20)\" srcset=\"https:\/\/www.elturistatranquil.com\/wp-content\/uploads\/F04-Castillo-de-Santa-Catalina-Jaen-Vista-sobre-la-cara-norte-Google-maps-2020-08-20.jpg 768w, https:\/\/www.elturistatranquil.com\/wp-content\/uploads\/F04-Castillo-de-Santa-Catalina-Jaen-Vista-sobre-la-cara-norte-Google-maps-2020-08-20-339x226.jpg 339w\" sizes=\"(max-width: 768px) 100vw, 768px\" \/>\t\t\t\t\t\t\t\t\t\t\t<figcaption class=\"widget-image-caption wp-caption-text\">Castell de Santa Catalina, Ja\u00e9n. Vista sobre la cara nord (Google maps 2020-08-20)<\/figcaption>\n\t\t\t\t\t\t\t\t\t\t<\/figure>\n\t\t\t\t\t\t\t\t\t<\/div>\n\t\t\t\t<\/div>\n\t\t\t\t<div class=\"elementor-element elementor-element-de13156 elementor-widget elementor-widget-text-editor\" data-id=\"de13156\" data-element_type=\"widget\" data-e-type=\"widget\" data-widget_type=\"text-editor.default\">\n\t\t\t\t<div class=\"elementor-widget-container\">\n\t\t\t\t\t\t\t\t\t<p>El Castell de Santa Catalina va exercir un paper clau durant les conteses entre musulmans i cristians, aix\u00ed com durant la Guerra de la Independ\u00e8ncia, al convertir-se en un important centre d&#8217;operacions per a les tropes napole\u00f2niques.<\/p><p>Tres fortificacions van arribar a conformar l&#8217;antiga fortalesa constru\u00efda en el cim del tur\u00f3 de Santa Catalina: el <strong>Alc\u00e1zar Viejo<\/strong>, aixecat durant el regnat del rei Alhamar, el <strong>castell Abrehui<\/strong> i el <strong>Alc\u00e1zar Nuevo<\/strong>, ordenat construir per Fernando III al segle XIII. Dels tres, aquest \u00faltim \u00e9s el que conserva i mant\u00e9 m\u00e9s o menys intacta la seva estructura original, ja que els dos primers van ser derru\u00efts a mitjan segle XX per construir l&#8217;actual Parador Nacional de Turisme.<\/p><p>El Castell disposa d&#8217;un centre d&#8217;interpretaci\u00f3, distribu\u00eft per les diverses torres, en qu\u00e8 es recrea bona part de la seva evoluci\u00f3 i de la hist\u00f2ria de Ja\u00e9n.<\/p>\t\t\t\t\t\t\t\t<\/div>\n\t\t\t\t<\/div>\n\t\t\t\t<div class=\"elementor-element elementor-element-e852fce elementor-widget elementor-widget-menu-anchor\" data-id=\"e852fce\" data-element_type=\"widget\" data-e-type=\"widget\" data-widget_type=\"menu-anchor.default\">\n\t\t\t\t<div class=\"elementor-widget-container\">\n\t\t\t\t\t\t\t<div class=\"elementor-menu-anchor\" id=\"b4902\"><\/div>\n\t\t\t\t\t\t<\/div>\n\t\t\t\t<\/div>\n\t\t\t\t<div class=\"elementor-element elementor-element-5f2ca51a elementor-widget elementor-widget-heading\" data-id=\"5f2ca51a\" data-element_type=\"widget\" data-e-type=\"widget\" data-widget_type=\"heading.default\">\n\t\t\t\t<div class=\"elementor-widget-container\">\n\t\t\t\t\t<h2 class=\"elementor-heading-title elementor-size-default\">Una mica d'hist\u00f2ria<\/h2>\t\t\t\t<\/div>\n\t\t\t\t<\/div>\n\t\t\t\t<div class=\"elementor-element elementor-element-3170bc1 elementor-widget elementor-widget-text-editor\" data-id=\"3170bc1\" data-element_type=\"widget\" data-e-type=\"widget\" data-widget_type=\"text-editor.default\">\n\t\t\t\t<div class=\"elementor-widget-container\">\n\t\t\t\t\t\t\t\t\t<p>Hem de remuntar-nos a temps ibers per assenyalar l&#8217;ocupaci\u00f3 del tur\u00f3 de Santa Catalina.<\/p><p>La dominaci\u00f3 romana s&#8217;assenta aix\u00ed mateix sobre el poblat iber.<\/p><p>Entre els segles VIII-X, despr\u00e9s de la conquesta musulmana al segle VIII, s&#8217;estructura el primer recinte fortificat al cim del tur\u00f3. Es reforcen les antigues muralles iber-romanes, s&#8217;edifica un <strong>alc\u00e0sser<\/strong> al cim, possiblement sense divisions internes. La <strong>alcassaba<\/strong> i la <strong>ciutat o medina<\/strong> es desenvolupen en el vessant nord del tur\u00f3.<\/p>\t\t\t\t\t\t\t\t<\/div>\n\t\t\t\t<\/div>\n\t\t\t\t<div class=\"elementor-element elementor-element-c790b31 elementor-widget elementor-widget-image\" data-id=\"c790b31\" data-element_type=\"widget\" data-e-type=\"widget\" data-widget_type=\"image.default\">\n\t\t\t\t<div class=\"elementor-widget-container\">\n\t\t\t\t\t\t\t\t\t\t\t\t<figure class=\"wp-caption\">\n\t\t\t\t\t\t\t\t\t\t<img loading=\"lazy\" decoding=\"async\" width=\"768\" height=\"335\" src=\"https:\/\/www.elturistatranquil.com\/wp-content\/uploads\/F05-Castillo-de-Santa-Catalina-Jaen.jpg\" class=\"attachment-large size-large wp-image-32655\" alt=\"Castillo de Santa Catalina, Jaen\" srcset=\"https:\/\/www.elturistatranquil.com\/wp-content\/uploads\/F05-Castillo-de-Santa-Catalina-Jaen.jpg 768w, https:\/\/www.elturistatranquil.com\/wp-content\/uploads\/F05-Castillo-de-Santa-Catalina-Jaen-339x148.jpg 339w\" sizes=\"(max-width: 768px) 100vw, 768px\" \/>\t\t\t\t\t\t\t\t\t\t\t<figcaption class=\"widget-image-caption wp-caption-text\"><\/figcaption>\n\t\t\t\t\t\t\t\t\t\t<\/figure>\n\t\t\t\t\t\t\t\t\t<\/div>\n\t\t\t\t<\/div>\n\t\t\t\t<div class=\"elementor-element elementor-element-02e0ccf elementor-widget elementor-widget-text-editor\" data-id=\"02e0ccf\" data-element_type=\"widget\" data-e-type=\"widget\" data-widget_type=\"text-editor.default\">\n\t\t\t\t<div class=\"elementor-widget-container\">\n\t\t\t\t\t\t\t\t\t<p>Entre els segles XI-XIII el desenvolupament urban\u00edstic i demogr\u00e0fic de la ciutat i la conversi\u00f3 de l&#8217;alcassaba a \u00e0rea residencial, van determinar la conversi\u00f3 de l&#8217;alc\u00e0sser en una \u00e0rea palatina.<\/p><p>Aix\u00ed mateix, la canviant situaci\u00f3 pol\u00edtica en aquests segles, i davant l&#8217;evident amena\u00e7a castellana, s&#8217;amplia l&#8217;alc\u00e0sser amb la construcci\u00f3 del <strong>castell de Abrehu\u00ed<\/strong>, un recinte defensiu edificat a l&#8217;extrem oest, i es refor\u00e7a l&#8217;Alc\u00e0sser vell, situat a l&#8217;est, el lloc m\u00e9s elevat i estrat\u00e8gic.<\/p><p>Amb la construcci\u00f3 del castell de Abrehui la fortificaci\u00f3 ocupar\u00e0 tota la carena del tur\u00f3.<\/p>\t\t\t\t\t\t\t\t<\/div>\n\t\t\t\t<\/div>\n\t\t\t\t<div class=\"elementor-element elementor-element-081dc1f elementor-widget elementor-widget-image\" data-id=\"081dc1f\" data-element_type=\"widget\" data-e-type=\"widget\" data-widget_type=\"image.default\">\n\t\t\t\t<div class=\"elementor-widget-container\">\n\t\t\t\t\t\t\t\t\t\t\t\t<figure class=\"wp-caption\">\n\t\t\t\t\t\t\t\t\t\t<img loading=\"lazy\" decoding=\"async\" width=\"768\" height=\"353\" src=\"https:\/\/www.elturistatranquil.com\/wp-content\/uploads\/F06-Castillo-de-Santa-Catalina-Jaen-Recintoislamico-maqueta-en-el-Castillo.jpg\" class=\"attachment-large size-large wp-image-32657\" alt=\"Castillo de Santa Catalina, Jaen Recintoislamico (maqueta en el Castillo)\" srcset=\"https:\/\/www.elturistatranquil.com\/wp-content\/uploads\/F06-Castillo-de-Santa-Catalina-Jaen-Recintoislamico-maqueta-en-el-Castillo.jpg 768w, https:\/\/www.elturistatranquil.com\/wp-content\/uploads\/F06-Castillo-de-Santa-Catalina-Jaen-Recintoislamico-maqueta-en-el-Castillo-339x156.jpg 339w\" sizes=\"(max-width: 768px) 100vw, 768px\" \/>\t\t\t\t\t\t\t\t\t\t\t<figcaption class=\"widget-image-caption wp-caption-text\">Recinte isl\u00e0mic, segles VIII-X (maqueta al Castell)<\/figcaption>\n\t\t\t\t\t\t\t\t\t\t<\/figure>\n\t\t\t\t\t\t\t\t\t<\/div>\n\t\t\t\t<\/div>\n\t\t\t\t<div class=\"elementor-element elementor-element-8983381 elementor-widget elementor-widget-text-editor\" data-id=\"8983381\" data-element_type=\"widget\" data-e-type=\"widget\" data-widget_type=\"text-editor.default\">\n\t\t\t\t<div class=\"elementor-widget-container\">\n\t\t\t\t\t\t\t\t\t<p>Un dels panells interpretatius que es troben al Castell personalitza la figura de <em>Ibn Hamusk<\/em> explicant la situaci\u00f3 de Ja\u00e9n i les caracter\u00edstiques de Palau isl\u00e0mic del segle XII durant el seu mandat:<\/p><p><em>&#8220;S\u00f3c Ibn Hamusk un dels governadors de l&#8217;Alt Guadalquivir en \u00e8poca isl\u00e0mica. Vaig arrabassar la ciutat de Ja\u00e9n als almohades el 1159 amb ajuda del meu gendre Ibn Mardanis, senyor de M\u00farcia. Vaig fer de Ja\u00e9n per la seva privilegiada situaci\u00f3 geogr\u00e0fica la base de totes les meves operacions militars amb la idea de conquistar altres ciutats com Granada i C\u00f2rdova. En els anys seg\u00fcents les desavinences amb el meu gendre, pel tracte que li donava a la meva filla, van provocar el nostre enfrontament i vaig decidir sotmetre\u2019m al poder almohade lliurant-los la ciutat el 1169.<\/em><\/p><p><em>La meva resid\u00e8ncia, on van viure tamb\u00e9 altres dirigents de la medina, estava dins de l&#8217;alc\u00e0sser que era la zona millor protegida de la ciutat. A causa de la meva posici\u00f3 com a governador d&#8217;aquesta terra precisava d&#8217;un palau preparat per a les recepcions oficials. A m\u00e9s, posse\u00efa estades privades, zones per al servei i espais a l&#8217;aire lliure.&#8221;<\/em><\/p><p>Per la seva ubicaci\u00f3 estrat\u00e8gica, les terres de Ja\u00e9n seran durant diversos segles de l&#8217;Edat Mitjana molt disputades pels regnes de Castella i Al-Andalus.<\/p><p>L&#8217;any 1245 Ferran III s&#8217;inicia el tercer i definitiu setge de Ja\u00e9n. Transcorreguts vuit mesos des del comen\u00e7ament de la fustigaci\u00f3 i en vista que era impossible mantenir la pla\u00e7a, el rei Muhammad Ibn Nasr (Alhamar) es va veure obligat a rendir-se l&#8217;any 1246. Alhamar lliura la ciutat i es converteix en vassall del rei de Castella mitjan\u00e7ant la signatura del Pacte de Ja\u00e9n, el que li va permetre consolidar el nou Regne Nassarita de Granada. Fernando ordena immediatament la repoblaci\u00f3 i reparaci\u00f3 de la ciutat, a l&#8217;igual que els seus territoris, atorgant privilegis i llibertats als seus pobladors.<\/p><p>Pel que fa al Castell, Fernando III planifica la construcci\u00f3 d&#8217;un nou alc\u00e0sser situat a la zona m\u00e9s estrat\u00e8gica del tur\u00f3: el <strong>Alc\u00e1zar Nuevo<\/strong> (o Castell actual) sobre les restes del palau isl\u00e0mic. Per a la seva construcci\u00f3 es va aprofitar la muralla i la torre de la Vela de l&#8217;antiga alcassaba \u00e0rab, que van ser revestits per gruixuts murs de ma\u00e7oneria irregular, i es van afegir 5 torres: les dues torres albarranes, la torre de les Troneres, la torre de l&#8217;Homenatge i la torre de les Dames, amb un cam\u00ed de ronda que les comunica. El seu interior es transforma, edificant-noves depend\u00e8ncies i aljubs.<\/p>\t\t\t\t\t\t\t\t<\/div>\n\t\t\t\t<\/div>\n\t\t\t\t<div class=\"elementor-element elementor-element-3300c3d elementor-widget elementor-widget-image\" data-id=\"3300c3d\" data-element_type=\"widget\" data-e-type=\"widget\" data-widget_type=\"image.default\">\n\t\t\t\t<div class=\"elementor-widget-container\">\n\t\t\t\t\t\t\t\t\t\t\t\t<figure class=\"wp-caption\">\n\t\t\t\t\t\t\t\t\t\t<img loading=\"lazy\" decoding=\"async\" width=\"768\" height=\"361\" src=\"https:\/\/www.elturistatranquil.com\/wp-content\/uploads\/F07-Castillo-de-Santa-Catalina-Jaen-Recinto-medieval-y-moderno-maqueta-en-el-Castillo.jpg\" class=\"attachment-large size-large wp-image-32659\" alt=\"Castillo de Santa Catalina, Jaen Recinto medieval y moderno (maqueta en el Castillo)\" srcset=\"https:\/\/www.elturistatranquil.com\/wp-content\/uploads\/F07-Castillo-de-Santa-Catalina-Jaen-Recinto-medieval-y-moderno-maqueta-en-el-Castillo.jpg 768w, https:\/\/www.elturistatranquil.com\/wp-content\/uploads\/F07-Castillo-de-Santa-Catalina-Jaen-Recinto-medieval-y-moderno-maqueta-en-el-Castillo-339x159.jpg 339w\" sizes=\"(max-width: 768px) 100vw, 768px\" \/>\t\t\t\t\t\t\t\t\t\t\t<figcaption class=\"widget-image-caption wp-caption-text\">Recinte medieval i modern (maqueta al Castell)<\/figcaption>\n\t\t\t\t\t\t\t\t\t\t<\/figure>\n\t\t\t\t\t\t\t\t\t<\/div>\n\t\t\t\t<\/div>\n\t\t\t\t<div class=\"elementor-element elementor-element-f572212 elementor-widget elementor-widget-image\" data-id=\"f572212\" data-element_type=\"widget\" data-e-type=\"widget\" data-widget_type=\"image.default\">\n\t\t\t\t<div class=\"elementor-widget-container\">\n\t\t\t\t\t\t\t\t\t\t\t\t<figure class=\"wp-caption\">\n\t\t\t\t\t\t\t\t\t\t<img loading=\"lazy\" decoding=\"async\" width=\"768\" height=\"511\" src=\"https:\/\/www.elturistatranquil.com\/wp-content\/uploads\/F08-Castillo-de-Santa-Catalina-Jaen-en-1722.jpg\" class=\"attachment-large size-large wp-image-32661\" alt=\"Castillo de Santa Catalina, Jaen en 1722\" srcset=\"https:\/\/www.elturistatranquil.com\/wp-content\/uploads\/F08-Castillo-de-Santa-Catalina-Jaen-en-1722.jpg 768w, https:\/\/www.elturistatranquil.com\/wp-content\/uploads\/F08-Castillo-de-Santa-Catalina-Jaen-en-1722-339x226.jpg 339w\" sizes=\"(max-width: 768px) 100vw, 768px\" \/>\t\t\t\t\t\t\t\t\t\t\t<figcaption class=\"widget-image-caption wp-caption-text\">Castell de Santa Catalina el 1722<\/figcaption>\n\t\t\t\t\t\t\t\t\t\t<\/figure>\n\t\t\t\t\t\t\t\t\t<\/div>\n\t\t\t\t<\/div>\n\t\t\t\t<div class=\"elementor-element elementor-element-c39b8ec elementor-widget elementor-widget-text-editor\" data-id=\"c39b8ec\" data-element_type=\"widget\" data-e-type=\"widget\" data-widget_type=\"text-editor.default\">\n\t\t\t\t<div class=\"elementor-widget-container\">\n\t\t\t\t\t\t\t\t\t<p>Al seu torn, la ciutat de Ja\u00e9n refor\u00e7a i amplia les seves muralles.<\/p>\t\t\t\t\t\t\t\t<\/div>\n\t\t\t\t<\/div>\n\t\t\t\t<div class=\"elementor-element elementor-element-7e5a137 elementor-widget elementor-widget-image\" data-id=\"7e5a137\" data-element_type=\"widget\" data-e-type=\"widget\" data-widget_type=\"image.default\">\n\t\t\t\t<div class=\"elementor-widget-container\">\n\t\t\t\t\t\t\t\t\t\t\t\t<figure class=\"wp-caption\">\n\t\t\t\t\t\t\t\t\t\t<img loading=\"lazy\" decoding=\"async\" width=\"577\" height=\"550\" src=\"https:\/\/www.elturistatranquil.com\/wp-content\/uploads\/F09a-Castillo-de-Santa-Catalina-Jaen-Muralla-almohade-y-ampliaci\u00f3n-cristiana.jpg\" class=\"attachment-large size-large wp-image-32663\" alt=\"Castillo de Santa Catalina, Jaen Muralla almohade y ampliaci\u00f3n cristiana\" srcset=\"https:\/\/www.elturistatranquil.com\/wp-content\/uploads\/F09a-Castillo-de-Santa-Catalina-Jaen-Muralla-almohade-y-ampliaci\u00f3n-cristiana.jpg 577w, https:\/\/www.elturistatranquil.com\/wp-content\/uploads\/F09a-Castillo-de-Santa-Catalina-Jaen-Muralla-almohade-y-ampliaci\u00f3n-cristiana-237x226.jpg 237w\" sizes=\"(max-width: 577px) 100vw, 577px\" \/>\t\t\t\t\t\t\t\t\t\t\t<figcaption class=\"widget-image-caption wp-caption-text\">La muralla almohade i l'ampliaci\u00f3 cristiana. 1, Postigo de la Llana; 2, Porta de Martos; 3, Porta del 'Aceituno; 4, Porta del Sol; 5, Porta de Baeza; 6, Porta de San Agust\u00edn; 7, Porta de Santa Mar\u00eda; 8, Porta de Noguera; 9, Porta de San Sebasti\u00e1n; 10, Porta de Granada; 11, Porta del \u00c1ngel; 12, Portell de San Jer\u00f3nimo; 13, Porta Barrera<\/figcaption>\n\t\t\t\t\t\t\t\t\t\t<\/figure>\n\t\t\t\t\t\t\t\t\t<\/div>\n\t\t\t\t<\/div>\n\t\t\t\t<div class=\"elementor-element elementor-element-86a18f2 elementor-widget elementor-widget-text-editor\" data-id=\"86a18f2\" data-element_type=\"widget\" data-e-type=\"widget\" data-widget_type=\"text-editor.default\">\n\t\t\t\t<div class=\"elementor-widget-container\">\n\t\t\t\t\t\t\t\t\t<p>A partir de llavors, la ciutat viu el seu millor moment d&#8217;esplendor, a l&#8217;\u00e9sser Ja\u00e9n la frontera sud del regne de Castella amb el Regne Nassarita de Granada i la ruta principal de comunicaci\u00f3 entre l&#8217;altipl\u00e0 castell\u00e0, la Vall del Guadalquivir i la capital granadina.<\/p>\t\t\t\t\t\t\t\t<\/div>\n\t\t\t\t<\/div>\n\t\t\t\t<div class=\"elementor-element elementor-element-0e6563c elementor-widget elementor-widget-image\" data-id=\"0e6563c\" data-element_type=\"widget\" data-e-type=\"widget\" data-widget_type=\"image.default\">\n\t\t\t\t<div class=\"elementor-widget-container\">\n\t\t\t\t\t\t\t\t\t\t\t\t<figure class=\"wp-caption\">\n\t\t\t\t\t\t\t\t\t\t<img loading=\"lazy\" decoding=\"async\" width=\"768\" height=\"459\" src=\"https:\/\/www.elturistatranquil.com\/wp-content\/uploads\/F09b-Posicion-de-Jaen-con-el-Reino-de-Granada-Wikipedia-commons.jpg\" class=\"attachment-large size-large wp-image-32669\" alt=\"Posicion de Jaen con el Reino de Granada (Wikipedia commons)\" srcset=\"https:\/\/www.elturistatranquil.com\/wp-content\/uploads\/F09b-Posicion-de-Jaen-con-el-Reino-de-Granada-Wikipedia-commons.jpg 768w, https:\/\/www.elturistatranquil.com\/wp-content\/uploads\/F09b-Posicion-de-Jaen-con-el-Reino-de-Granada-Wikipedia-commons-339x203.jpg 339w\" sizes=\"(max-width: 768px) 100vw, 768px\" \/>\t\t\t\t\t\t\t\t\t\t\t<figcaption class=\"widget-image-caption wp-caption-text\">Posici\u00f3 de Ja\u00e9n en relaci\u00f3 a les fronteres amb el Regne Nassarita de Granada al 1292 i al 1426<\/figcaption>\n\t\t\t\t\t\t\t\t\t\t<\/figure>\n\t\t\t\t\t\t\t\t\t<\/div>\n\t\t\t\t<\/div>\n\t\t\t\t<div class=\"elementor-element elementor-element-b137eaa elementor-widget elementor-widget-text-editor\" data-id=\"b137eaa\" data-element_type=\"widget\" data-e-type=\"widget\" data-widget_type=\"text-editor.default\">\n\t\t\t\t<div class=\"elementor-widget-container\">\n\t\t\t\t\t\t\t\t\t<p>Al segle XV el Conestable de Castella i alcaid de la fortalesa D. Miguel Lucas de Iranzo impulsa reformes significatives.<\/p><p>La personalitzaci\u00f3 de la figura de Miguel Lucas d&#8217;Iranzo, Conestable de Castella (\u00bf? -1473), ens explica:<\/p><p><em>&#8220;La meva fam\u00edlia era humil, per\u00f2 vaig arribar a ser home de confian\u00e7a del rei Enrique IV. Sent molt jove vaig entrar a el servei del pr\u00edncep don Enrique dle qu\u00e8 vaig ser el seu criat i amic nomenant-me al poc temps Falconer Major, que era un c\u00e0rrec molt important en l&#8217;\u00e8poca.<\/em><\/p><p><em>Quan Enrique va ser proclamat rei de Castella em va nomenar conseller Reial, em va atorgar diversos t\u00edtols i un escut d&#8217;armes. El meu senyor Enrique va voler desposar-me amb una distingida donzella per convertir-me en noble. La triada va ser Donya Teresa de Torres, hereva del mayorazgo de Los Torres, una de les fam\u00edlies principals de Ja\u00e9n. Aix\u00ed em vaig convertir en Bar\u00f3, Comte i Contestable de Castella i la meva dona, en comtessa de Castella.<\/em><\/p><p><em>Les esposalles van ser el 1456 per\u00f2 no vaig arribar a Ja\u00e9n fins 1460, quan es van celebrar les festes del nostre casament. Va haver-hi vint-i-tres dies de festes amb banquets i espectacles a l&#8217;aire lliure, curses de bous, jocs de canyes i balls.<\/em><\/p><p><em>Vaig viure amb la meva fam\u00edlia al palau que vaig manar construir prop de la Catedral, al carrer Maestra. Vam tenir dos fills, Luisa la nostra primog\u00e8nita i Luis, que va n\u00e9ixer dos anys despr\u00e9s. El Rei ens va honrar en diverses ocasions amb la seva visita.<\/em><\/p><p><em>Vaig governar aquesta ciutat no sense l&#8217;oposici\u00f3 de part de l&#8217;Esgl\u00e9sia i la noblesa que no veien b\u00e9 les meves relacions amb els conversos. Per\u00f2 sempre vaig tenir el suport de la meva dona i del Rei. Vaig modernitzar aquesta ciutat: vaig eixamplar els seus carrers, aplanar les seves places i vaig millorar el seu aspecte, restaurant tamb\u00e9 les muralles i els alc\u00e0ssers.<\/em><\/p><p><em>El 21 de mar\u00e7 de l&#8217;any 1473, mentre sentia missa a l&#8217;Esgl\u00e9sia Major, em van assassinar. El Rei, dolgut va voler venjar la meva mort. En secret va venir a Ja\u00e9n i va manar penjar a diversos dels que van estar implicats en ella.&#8221;<\/em><\/p><p>Despr\u00e9s de la presa de Granada i la desaparici\u00f3 de la frontera, s&#8217;inicia un marcat declivi que culmina al segle XVIII.<\/p><p>Els anys 1810-1812 representen els de l&#8217;ocupaci\u00f3 napole\u00f2nica.<\/p><p>Davant la invasi\u00f3 de les tropes de Napole\u00f3, la Fortalesa es va preparar i va fortificar per l&#8217;ofensiva francesa, reparant les muralles de la ciutat i la seva fortalesa; construint llocs de gu\u00e0rdia, parapets, troneres per fusellers i plataformes per artilleria. No obstant aix\u00f2, la ciutat va ser lliurada sense resist\u00e8ncia al general franc\u00e8s Sebastiani al gener de 1810. El Castell de Santa Catalina es va convertir en Pla\u00e7a Forta de les tropes franceses, convertint-se en la principal base militar napole\u00f2nica a l&#8217;Alt Guadalquivir.<\/p><p>Al Alc\u00e1zar Viejo es van construir casernes, cavallerisses i edificis per a les tropes. Al pati inferior del Alc\u00e1zar Nuevo es van aixecar les resid\u00e8ncies de l&#8217;Estat Major i oficials, la cuina i el polvor\u00ed; a trav\u00e9s d&#8217;una rampa s&#8217;accedia al pati superior, on es va instal\u00b7lar el pat\u00edbul, l&#8217;hospital i la pres\u00f3. els merlets esdevenen troneres i es van erigir plataformes en el cam\u00ed de ronda per empla\u00e7ar peces d&#8217;artilleria.<\/p><p>Des del Castell es controlava la ciutat i el pas cap als territoris de Granada i C\u00f2rdova. La comunicaci\u00f3 entre el Castell i la ciutat es va veure alterada al tapiar-se tots els carrers adjacents cap a la fortalesa, excepte el que ascendia des de la Pla\u00e7a de la Merced. La derrota de l&#8217;ex\u00e8rcit franc\u00e8s a la Batalla de los Arapiles (Salamanca) al juliol de 1812 va suposar la retirada francesa d&#8217;Andalusia.<\/p><p>Les tropes napole\u00f2niques van abandonar la ciutat el 17 de setembre, no sense abans haver dinamitat la major part de les depend\u00e8ncies i casernes constru\u00efdes a l&#8217;interior del Castell.<\/p><p>A partir de 1815 l&#8217;hospital es va habilitar com a pres\u00f3.<\/p><p>Dels tres conjunts fortificats que van arribar a formar l&#8217;antiga fortalesa, nom\u00e9s es conserva el Alc\u00e1zar Nuevo, al qu\u00e8 es coneix per Castell de Santa Catalina. Sobre la resta de la superf\u00edcie que ocupava la fortificaci\u00f3, es va construir el 1965 l&#8217;actual Parador Nacional de Turisme, que no conserva cap estructura original, tot i que arquitect\u00f2nicament mostra formes de fortificaci\u00f3 similars a les existents en gran part de la seva edificaci\u00f3 en un estil <em>neomedieval<\/em>.<\/p><p>A la fotografia tota l&#8217;ala esquerra correspon a l&#8217;edifici de Parador.<\/p>\t\t\t\t\t\t\t\t<\/div>\n\t\t\t\t<\/div>\n\t\t\t\t<div class=\"elementor-element elementor-element-50e2206 elementor-widget elementor-widget-menu-anchor\" data-id=\"50e2206\" data-element_type=\"widget\" data-e-type=\"widget\" data-widget_type=\"menu-anchor.default\">\n\t\t\t\t<div class=\"elementor-widget-container\">\n\t\t\t\t\t\t\t<div class=\"elementor-menu-anchor\" id=\"b4903\"><\/div>\n\t\t\t\t\t\t<\/div>\n\t\t\t\t<\/div>\n\t\t\t\t<div class=\"elementor-element elementor-element-462323a elementor-widget elementor-widget-image\" data-id=\"462323a\" data-element_type=\"widget\" data-e-type=\"widget\" data-widget_type=\"image.default\">\n\t\t\t\t<div class=\"elementor-widget-container\">\n\t\t\t\t\t\t\t\t\t\t\t\t<figure class=\"wp-caption\">\n\t\t\t\t\t\t\t\t\t\t<img loading=\"lazy\" decoding=\"async\" width=\"768\" height=\"366\" src=\"https:\/\/www.elturistatranquil.com\/wp-content\/uploads\/F10-Castillo-de-Santa-Catalina-Jaen.-Foto-Paradores-Nacionales.jpg\" class=\"attachment-large size-large wp-image-32667\" alt=\"Castillo de Santa Catalina, Jaen. Foto Paradores Nacionales\" srcset=\"https:\/\/www.elturistatranquil.com\/wp-content\/uploads\/F10-Castillo-de-Santa-Catalina-Jaen.-Foto-Paradores-Nacionales.jpg 768w, https:\/\/www.elturistatranquil.com\/wp-content\/uploads\/F10-Castillo-de-Santa-Catalina-Jaen.-Foto-Paradores-Nacionales-339x162.jpg 339w\" sizes=\"(max-width: 768px) 100vw, 768px\" \/>\t\t\t\t\t\t\t\t\t\t\t<figcaption class=\"widget-image-caption wp-caption-text\">(Foto: Paradores Nacionales)<\/figcaption>\n\t\t\t\t\t\t\t\t\t\t<\/figure>\n\t\t\t\t\t\t\t\t\t<\/div>\n\t\t\t\t<\/div>\n\t\t\t\t<div class=\"elementor-element elementor-element-94e75eb elementor-widget elementor-widget-heading\" data-id=\"94e75eb\" data-element_type=\"widget\" data-e-type=\"widget\" data-widget_type=\"heading.default\">\n\t\t\t\t<div class=\"elementor-widget-container\">\n\t\t\t\t\t<h2 class=\"elementor-heading-title elementor-size-default\">Visita al Castell<\/h2>\t\t\t\t<\/div>\n\t\t\t\t<\/div>\n\t\t\t\t<div class=\"elementor-element elementor-element-e393062 elementor-widget elementor-widget-image\" data-id=\"e393062\" data-element_type=\"widget\" data-e-type=\"widget\" data-widget_type=\"image.default\">\n\t\t\t\t<div class=\"elementor-widget-container\">\n\t\t\t\t\t\t\t\t\t\t\t\t<figure class=\"wp-caption\">\n\t\t\t\t\t\t\t\t\t\t<img loading=\"lazy\" decoding=\"async\" width=\"768\" height=\"511\" src=\"https:\/\/www.elturistatranquil.com\/wp-content\/uploads\/F11-Castillo-de-Santa-Catalina-Jaen-Google-earth-2020-08-20.jpg\" class=\"attachment-large size-large wp-image-32673\" alt=\"Castillo de Santa Catalina, Jaen (Google earth 2020-08-20)\" srcset=\"https:\/\/www.elturistatranquil.com\/wp-content\/uploads\/F11-Castillo-de-Santa-Catalina-Jaen-Google-earth-2020-08-20.jpg 768w, https:\/\/www.elturistatranquil.com\/wp-content\/uploads\/F11-Castillo-de-Santa-Catalina-Jaen-Google-earth-2020-08-20-339x226.jpg 339w\" sizes=\"(max-width: 768px) 100vw, 768px\" \/>\t\t\t\t\t\t\t\t\t\t\t<figcaption class=\"widget-image-caption wp-caption-text\"><\/figcaption>\n\t\t\t\t\t\t\t\t\t\t<\/figure>\n\t\t\t\t\t\t\t\t\t<\/div>\n\t\t\t\t<\/div>\n\t\t\t\t<div class=\"elementor-element elementor-element-6b40008 elementor-widget elementor-widget-image\" data-id=\"6b40008\" data-element_type=\"widget\" data-e-type=\"widget\" data-widget_type=\"image.default\">\n\t\t\t\t<div class=\"elementor-widget-container\">\n\t\t\t\t\t\t\t\t\t\t\t\t<figure class=\"wp-caption\">\n\t\t\t\t\t\t\t\t\t\t<img loading=\"lazy\" decoding=\"async\" width=\"768\" height=\"512\" src=\"https:\/\/www.elturistatranquil.com\/wp-content\/uploads\/F12-Castillo-de-Santa-Catalina-Jaen-Google-earth-2020-08-20.jpg\" class=\"attachment-large size-large wp-image-32675\" alt=\"Castillo de Santa Catalina, Jaen (Google earth 2020-08-20)\" srcset=\"https:\/\/www.elturistatranquil.com\/wp-content\/uploads\/F12-Castillo-de-Santa-Catalina-Jaen-Google-earth-2020-08-20.jpg 768w, https:\/\/www.elturistatranquil.com\/wp-content\/uploads\/F12-Castillo-de-Santa-Catalina-Jaen-Google-earth-2020-08-20-339x226.jpg 339w\" sizes=\"(max-width: 768px) 100vw, 768px\" \/>\t\t\t\t\t\t\t\t\t\t\t<figcaption class=\"widget-image-caption wp-caption-text\">Castell de Santa Catalina (Google earth 2020-08-24)<\/figcaption>\n\t\t\t\t\t\t\t\t\t\t<\/figure>\n\t\t\t\t\t\t\t\t\t<\/div>\n\t\t\t\t<\/div>\n\t\t\t\t<div class=\"elementor-element elementor-element-8489167 elementor-widget elementor-widget-menu-anchor\" data-id=\"8489167\" data-element_type=\"widget\" data-e-type=\"widget\" data-widget_type=\"menu-anchor.default\">\n\t\t\t\t<div class=\"elementor-widget-container\">\n\t\t\t\t\t\t\t<div class=\"elementor-menu-anchor\" id=\"b4904\"><\/div>\n\t\t\t\t\t\t<\/div>\n\t\t\t\t<\/div>\n\t\t\t\t<div class=\"elementor-element elementor-element-18dc137 elementor-widget elementor-widget-text-editor\" data-id=\"18dc137\" data-element_type=\"widget\" data-e-type=\"widget\" data-widget_type=\"text-editor.default\">\n\t\t\t\t<div class=\"elementor-widget-container\">\n\t\t\t\t\t\t\t\t\t<p>S&#8217;accedeix a el recinte per la <strong>carretera al Parador<\/strong> que ascendeix des de la ciutat.<\/p><p>Al segle VIII Madinat Yayyan va cr\u00e9ixer sota l&#8217;alcassaba, a la falda del Tur\u00f3 de Santa Catalina. Estava fortament emmurallada. En el punt on la muralla de la ciutat s&#8217;uneix a la muralla de l&#8217;alc\u00e0sser s&#8217;obria una porta.<\/p>\t\t\t\t\t\t\t\t<\/div>\n\t\t\t\t<\/div>\n\t\t\t\t<div class=\"elementor-element elementor-element-3efa694 elementor-widget elementor-widget-heading\" data-id=\"3efa694\" data-element_type=\"widget\" data-e-type=\"widget\" data-widget_type=\"heading.default\">\n\t\t\t\t<div class=\"elementor-widget-container\">\n\t\t\t\t\t<h3 class=\"elementor-heading-title elementor-size-default\">Porta de la muralla<\/h3>\t\t\t\t<\/div>\n\t\t\t\t<\/div>\n\t\t\t\t<div class=\"elementor-element elementor-element-43d1952 elementor-widget elementor-widget-text-editor\" data-id=\"43d1952\" data-element_type=\"widget\" data-e-type=\"widget\" data-widget_type=\"text-editor.default\">\n\t\t\t\t<div class=\"elementor-widget-container\">\n\t\t\t\t\t\t\t\t\t<p>Aquesta <strong>porta de la muralla<\/strong> (<strong>A<\/strong>) posava en comunicaci\u00f3 els dos recintes, que s&#8217;ha de franquejar per arribar al Castell i actualment tamb\u00e9 al Parador.<\/p><p>\u00c9s una porta d&#8217;arc de mig punt amb matac\u00e0, merlets, i torre de defensa.<\/p>\t\t\t\t\t\t\t\t<\/div>\n\t\t\t\t<\/div>\n\t\t\t\t<div class=\"elementor-element elementor-element-644b7d4 elementor-widget elementor-widget-image\" data-id=\"644b7d4\" data-element_type=\"widget\" data-e-type=\"widget\" data-widget_type=\"image.default\">\n\t\t\t\t<div class=\"elementor-widget-container\">\n\t\t\t\t\t\t\t\t\t\t\t\t<figure class=\"wp-caption\">\n\t\t\t\t\t\t\t\t\t\t<img loading=\"lazy\" decoding=\"async\" width=\"768\" height=\"511\" src=\"https:\/\/www.elturistatranquil.com\/wp-content\/uploads\/F13-Castillo-de-Santa-Catalina-Jaen.jpg\" class=\"attachment-large size-large wp-image-32677\" alt=\"Castillo de Santa Catalina, Jaen\" srcset=\"https:\/\/www.elturistatranquil.com\/wp-content\/uploads\/F13-Castillo-de-Santa-Catalina-Jaen.jpg 768w, https:\/\/www.elturistatranquil.com\/wp-content\/uploads\/F13-Castillo-de-Santa-Catalina-Jaen-339x226.jpg 339w\" sizes=\"(max-width: 768px) 100vw, 768px\" \/>\t\t\t\t\t\t\t\t\t\t\t<figcaption class=\"widget-image-caption wp-caption-text\"><\/figcaption>\n\t\t\t\t\t\t\t\t\t\t<\/figure>\n\t\t\t\t\t\t\t\t\t<\/div>\n\t\t\t\t<\/div>\n\t\t\t\t<div class=\"elementor-element elementor-element-55d52c4 elementor-widget elementor-widget-text-editor\" data-id=\"55d52c4\" data-element_type=\"widget\" data-e-type=\"widget\" data-widget_type=\"text-editor.default\">\n\t\t\t\t<div class=\"elementor-widget-container\">\n\t\t\t\t\t\t\t\t\t<p>A l&#8217;arribar al cim del tur\u00f3 la primera edificaci\u00f3 que apareix \u00e9s el recinte del Parador Nacional, d&#8217;arquitectura <em>neomedieval<\/em> per aquest costat (a la dreta). Al fons, el lateral oest del Castell, amb la gran torre de l&#8217;Homenatge, la torre de les Dames a l&#8217;esquerra, passada la qual s&#8217;accedeix a al recinte del Castell.<\/p><p>Aquesta zona \u00e9s d&#8217;aparcament (<strong>PK<\/strong>).<\/p>\t\t\t\t\t\t\t\t<\/div>\n\t\t\t\t<\/div>\n\t\t\t\t<div class=\"elementor-element elementor-element-b54f4ec elementor-widget elementor-widget-menu-anchor\" data-id=\"b54f4ec\" data-element_type=\"widget\" data-e-type=\"widget\" data-widget_type=\"menu-anchor.default\">\n\t\t\t\t<div class=\"elementor-widget-container\">\n\t\t\t\t\t\t\t<div class=\"elementor-menu-anchor\" id=\"b4905\"><\/div>\n\t\t\t\t\t\t<\/div>\n\t\t\t\t<\/div>\n\t\t\t\t<div class=\"elementor-element elementor-element-b83e133 elementor-widget elementor-widget-image\" data-id=\"b83e133\" data-element_type=\"widget\" data-e-type=\"widget\" data-widget_type=\"image.default\">\n\t\t\t\t<div class=\"elementor-widget-container\">\n\t\t\t\t\t\t\t\t\t\t\t\t<figure class=\"wp-caption\">\n\t\t\t\t\t\t\t\t\t\t<img loading=\"lazy\" decoding=\"async\" width=\"768\" height=\"511\" src=\"https:\/\/www.elturistatranquil.com\/wp-content\/uploads\/F14-Castillo-de-Santa-Catalina-Jaen.jpg\" class=\"attachment-large size-large wp-image-32679\" alt=\"Castillo de Santa Catalina, Jaen\" srcset=\"https:\/\/www.elturistatranquil.com\/wp-content\/uploads\/F14-Castillo-de-Santa-Catalina-Jaen.jpg 768w, https:\/\/www.elturistatranquil.com\/wp-content\/uploads\/F14-Castillo-de-Santa-Catalina-Jaen-339x226.jpg 339w\" sizes=\"(max-width: 768px) 100vw, 768px\" \/>\t\t\t\t\t\t\t\t\t\t\t<figcaption class=\"widget-image-caption wp-caption-text\"><\/figcaption>\n\t\t\t\t\t\t\t\t\t\t<\/figure>\n\t\t\t\t\t\t\t\t\t<\/div>\n\t\t\t\t<\/div>\n\t\t\t\t<div class=\"elementor-element elementor-element-a9effab elementor-widget elementor-widget-heading\" data-id=\"a9effab\" data-element_type=\"widget\" data-e-type=\"widget\" data-widget_type=\"heading.default\">\n\t\t\t\t<div class=\"elementor-widget-container\">\n\t\t\t\t\t<h3 class=\"elementor-heading-title elementor-size-default\">Porta del Castell<\/h3>\t\t\t\t<\/div>\n\t\t\t\t<\/div>\n\t\t\t\t<div class=\"elementor-element elementor-element-f6b2097 elementor-widget elementor-widget-text-editor\" data-id=\"f6b2097\" data-element_type=\"widget\" data-e-type=\"widget\" data-widget_type=\"text-editor.default\">\n\t\t\t\t<div class=\"elementor-widget-container\">\n\t\t\t\t\t\t\t\t\t<p>S&#8217;accedeix a l&#8217;interior de l&#8217;Alc\u00e0sser a trav\u00e9s d&#8217;una <strong>porta<\/strong> (<strong>1<\/strong>) amb arc ogival, al principi del lateral nord.<\/p>\t\t\t\t\t\t\t\t<\/div>\n\t\t\t\t<\/div>\n\t\t\t\t<div class=\"elementor-element elementor-element-300086f elementor-widget elementor-widget-image\" data-id=\"300086f\" data-element_type=\"widget\" data-e-type=\"widget\" data-widget_type=\"image.default\">\n\t\t\t\t<div class=\"elementor-widget-container\">\n\t\t\t\t\t\t\t\t\t\t\t\t<figure class=\"wp-caption\">\n\t\t\t\t\t\t\t\t\t\t<img loading=\"lazy\" decoding=\"async\" width=\"768\" height=\"511\" src=\"https:\/\/www.elturistatranquil.com\/wp-content\/uploads\/F15-Castillo-de-Santa-Catalina-Jaen.jpg\" class=\"attachment-large size-large wp-image-32681\" alt=\"Castillo de Santa Catalina, Jaen\" srcset=\"https:\/\/www.elturistatranquil.com\/wp-content\/uploads\/F15-Castillo-de-Santa-Catalina-Jaen.jpg 768w, https:\/\/www.elturistatranquil.com\/wp-content\/uploads\/F15-Castillo-de-Santa-Catalina-Jaen-339x226.jpg 339w\" sizes=\"(max-width: 768px) 100vw, 768px\" \/>\t\t\t\t\t\t\t\t\t\t\t<figcaption class=\"widget-image-caption wp-caption-text\"><\/figcaption>\n\t\t\t\t\t\t\t\t\t\t<\/figure>\n\t\t\t\t\t\t\t\t\t<\/div>\n\t\t\t\t<\/div>\n\t\t\t\t<div class=\"elementor-element elementor-element-84ea2fc elementor-widget elementor-widget-text-editor\" data-id=\"84ea2fc\" data-element_type=\"widget\" data-e-type=\"widget\" data-widget_type=\"text-editor.default\">\n\t\t\t\t<div class=\"elementor-widget-container\">\n\t\t\t\t\t\t\t\t\t<p>Al costat de la porta una inscripci\u00f3 resa: <em>\u201cSEG\u00daN TRADICION EL XXV DE NOVIEMBRE DE MCCXLVI DIA DE SANTA CATALINA ALHAMAR REY DE GRANADA ENTREGO ESTE CASTILLO A FERNANDO III EL SANTO QUEDANDO DESDE ESTE DIA PROCLAMADA LA SANTA PATRONA DE JAEN\u201d<\/em><\/p>\t\t\t\t\t\t\t\t<\/div>\n\t\t\t\t<\/div>\n\t\t\t\t<div class=\"elementor-element elementor-element-acda202 elementor-widget elementor-widget-image\" data-id=\"acda202\" data-element_type=\"widget\" data-e-type=\"widget\" data-widget_type=\"image.default\">\n\t\t\t\t<div class=\"elementor-widget-container\">\n\t\t\t\t\t\t\t\t\t\t\t\t<figure class=\"wp-caption\">\n\t\t\t\t\t\t\t\t\t\t<img loading=\"lazy\" decoding=\"async\" width=\"768\" height=\"511\" src=\"https:\/\/www.elturistatranquil.com\/wp-content\/uploads\/F16-Castillo-de-Santa-Catalina-Jaen.jpg\" class=\"attachment-large size-large wp-image-32683\" alt=\"Castillo de Santa Catalina, Jaen\" srcset=\"https:\/\/www.elturistatranquil.com\/wp-content\/uploads\/F16-Castillo-de-Santa-Catalina-Jaen.jpg 768w, https:\/\/www.elturistatranquil.com\/wp-content\/uploads\/F16-Castillo-de-Santa-Catalina-Jaen-339x226.jpg 339w\" sizes=\"(max-width: 768px) 100vw, 768px\" \/>\t\t\t\t\t\t\t\t\t\t\t<figcaption class=\"widget-image-caption wp-caption-text\"><\/figcaption>\n\t\t\t\t\t\t\t\t\t\t<\/figure>\n\t\t\t\t\t\t\t\t\t<\/div>\n\t\t\t\t<\/div>\n\t\t\t\t<div class=\"elementor-element elementor-element-e6122dc elementor-widget elementor-widget-text-editor\" data-id=\"e6122dc\" data-element_type=\"widget\" data-e-type=\"widget\" data-widget_type=\"text-editor.default\">\n\t\t\t\t<div class=\"elementor-widget-container\">\n\t\t\t\t\t\t\t\t\t<p>Despr\u00e9s de la porta l&#8217;armadura d&#8217;un cavaller ens dona la benvinguda.<\/p>\t\t\t\t\t\t\t\t<\/div>\n\t\t\t\t<\/div>\n\t\t\t\t<div class=\"elementor-element elementor-element-c207bf2 elementor-widget elementor-widget-image\" data-id=\"c207bf2\" data-element_type=\"widget\" data-e-type=\"widget\" data-widget_type=\"image.default\">\n\t\t\t\t<div class=\"elementor-widget-container\">\n\t\t\t\t\t\t\t\t\t\t\t\t<figure class=\"wp-caption\">\n\t\t\t\t\t\t\t\t\t\t<img loading=\"lazy\" decoding=\"async\" width=\"768\" height=\"512\" src=\"https:\/\/www.elturistatranquil.com\/wp-content\/uploads\/F17-Castillo-de-Santa-Catalina-Jaen.jpg\" class=\"attachment-large size-large wp-image-32685\" alt=\"Castillo de Santa Catalina, Jaen\" srcset=\"https:\/\/www.elturistatranquil.com\/wp-content\/uploads\/F17-Castillo-de-Santa-Catalina-Jaen.jpg 768w, https:\/\/www.elturistatranquil.com\/wp-content\/uploads\/F17-Castillo-de-Santa-Catalina-Jaen-339x226.jpg 339w\" sizes=\"(max-width: 768px) 100vw, 768px\" \/>\t\t\t\t\t\t\t\t\t\t\t<figcaption class=\"widget-image-caption wp-caption-text\"><\/figcaption>\n\t\t\t\t\t\t\t\t\t\t<\/figure>\n\t\t\t\t\t\t\t\t\t<\/div>\n\t\t\t\t<\/div>\n\t\t\t\t<div class=\"elementor-element elementor-element-539a70c elementor-widget elementor-widget-menu-anchor\" data-id=\"539a70c\" data-element_type=\"widget\" data-e-type=\"widget\" data-widget_type=\"menu-anchor.default\">\n\t\t\t\t<div class=\"elementor-widget-container\">\n\t\t\t\t\t\t\t<div class=\"elementor-menu-anchor\" id=\"b4906\"><\/div>\n\t\t\t\t\t\t<\/div>\n\t\t\t\t<\/div>\n\t\t\t\t<div class=\"elementor-element elementor-element-bd8267c elementor-widget elementor-widget-text-editor\" data-id=\"bd8267c\" data-element_type=\"widget\" data-e-type=\"widget\" data-widget_type=\"text-editor.default\">\n\t\t\t\t<div class=\"elementor-widget-container\">\n\t\t\t\t\t\t\t\t\t<p>Un cop dins accedim als patis interiors.<\/p>\t\t\t\t\t\t\t\t<\/div>\n\t\t\t\t<\/div>\n\t\t\t\t<div class=\"elementor-element elementor-element-f339797 elementor-widget elementor-widget-heading\" data-id=\"f339797\" data-element_type=\"widget\" data-e-type=\"widget\" data-widget_type=\"heading.default\">\n\t\t\t\t<div class=\"elementor-widget-container\">\n\t\t\t\t\t<h3 class=\"elementor-heading-title elementor-size-default\">Torre de l'Homenatge<\/h3>\t\t\t\t<\/div>\n\t\t\t\t<\/div>\n\t\t\t\t<div class=\"elementor-element elementor-element-424a40f elementor-widget elementor-widget-text-editor\" data-id=\"424a40f\" data-element_type=\"widget\" data-e-type=\"widget\" data-widget_type=\"text-editor.default\">\n\t\t\t\t<div class=\"elementor-widget-container\">\n\t\t\t\t\t\t\t\t\t<p>El recorregut s&#8217;inicia per la <strong>Torre de l&#8217;Homenatge<\/strong> (<strong>2<\/strong>), situada a la cantonada sud-oest. En l&#8217;estructura actual del Castell el lateral d&#8217;entrada a la torre es recolza sobre la muralla, i el cos s&#8217;al\u00e7a per la part exterior.<\/p><p>La Torre de l&#8217;Homenatge destaca de les altres per les seves dimensions i al\u00e7ada. Es tracta d&#8217;una construcci\u00f3 de planta quadrada de quaranta metres d&#8217;altura, constru\u00efda amb ma\u00e7oneria irregular i cantonades de carreu, sobre un ampli aflorament roc\u00f3s que ocupa el punt m\u00e9s elevat del tur\u00f3.<\/p>\t\t\t\t\t\t\t\t<\/div>\n\t\t\t\t<\/div>\n\t\t\t\t<div class=\"elementor-element elementor-element-0242bb3 elementor-widget elementor-widget-image\" data-id=\"0242bb3\" data-element_type=\"widget\" data-e-type=\"widget\" data-widget_type=\"image.default\">\n\t\t\t\t<div class=\"elementor-widget-container\">\n\t\t\t\t\t\t\t\t\t\t\t\t<figure class=\"wp-caption\">\n\t\t\t\t\t\t\t\t\t\t<img loading=\"lazy\" decoding=\"async\" width=\"768\" height=\"511\" src=\"https:\/\/www.elturistatranquil.com\/wp-content\/uploads\/F18-Castillo-de-Santa-Catalina-Jaen.jpg\" class=\"attachment-large size-large wp-image-32687\" alt=\"Castillo de Santa Catalina, Jaen\" srcset=\"https:\/\/www.elturistatranquil.com\/wp-content\/uploads\/F18-Castillo-de-Santa-Catalina-Jaen.jpg 768w, https:\/\/www.elturistatranquil.com\/wp-content\/uploads\/F18-Castillo-de-Santa-Catalina-Jaen-339x226.jpg 339w\" sizes=\"(max-width: 768px) 100vw, 768px\" \/>\t\t\t\t\t\t\t\t\t\t\t<figcaption class=\"widget-image-caption wp-caption-text\"><\/figcaption>\n\t\t\t\t\t\t\t\t\t\t<\/figure>\n\t\t\t\t\t\t\t\t\t<\/div>\n\t\t\t\t<\/div>\n\t\t\t\t<div class=\"elementor-element elementor-element-f26861c elementor-widget elementor-widget-image\" data-id=\"f26861c\" data-element_type=\"widget\" data-e-type=\"widget\" data-widget_type=\"image.default\">\n\t\t\t\t<div class=\"elementor-widget-container\">\n\t\t\t\t\t\t\t\t\t\t\t\t<figure class=\"wp-caption\">\n\t\t\t\t\t\t\t\t\t\t<img loading=\"lazy\" decoding=\"async\" width=\"768\" height=\"511\" src=\"https:\/\/www.elturistatranquil.com\/wp-content\/uploads\/F19-Castillo-de-Santa-Catalina-Jaen.jpg\" class=\"attachment-large size-large wp-image-32689\" alt=\"Castillo de Santa Catalina, Jaen\" srcset=\"https:\/\/www.elturistatranquil.com\/wp-content\/uploads\/F19-Castillo-de-Santa-Catalina-Jaen.jpg 768w, https:\/\/www.elturistatranquil.com\/wp-content\/uploads\/F19-Castillo-de-Santa-Catalina-Jaen-339x226.jpg 339w\" sizes=\"(max-width: 768px) 100vw, 768px\" \/>\t\t\t\t\t\t\t\t\t\t\t<figcaption class=\"widget-image-caption wp-caption-text\"><\/figcaption>\n\t\t\t\t\t\t\t\t\t\t<\/figure>\n\t\t\t\t\t\t\t\t\t<\/div>\n\t\t\t\t<\/div>\n\t\t\t\t<div class=\"elementor-element elementor-element-b0d9c84 elementor-widget elementor-widget-text-editor\" data-id=\"b0d9c84\" data-element_type=\"widget\" data-e-type=\"widget\" data-widget_type=\"text-editor.default\">\n\t\t\t\t<div class=\"elementor-widget-container\">\n\t\t\t\t\t\t\t\t\t<p>Est\u00e0 dividida en tres pisos, als quals s&#8217;accedeixen des del pati d&#8217;armes.<\/p>\t\t\t\t\t\t\t\t<\/div>\n\t\t\t\t<\/div>\n\t\t\t\t<section class=\"elementor-section elementor-inner-section elementor-element elementor-element-0583d0a elementor-section-boxed elementor-section-height-default elementor-section-height-default\" data-id=\"0583d0a\" data-element_type=\"section\" data-e-type=\"section\">\n\t\t\t\t\t\t<div class=\"elementor-container elementor-column-gap-default\">\n\t\t\t\t\t<div class=\"elementor-column elementor-col-50 elementor-inner-column elementor-element elementor-element-ab492cc\" data-id=\"ab492cc\" data-element_type=\"column\" data-e-type=\"column\">\n\t\t\t<div class=\"elementor-widget-wrap elementor-element-populated\">\n\t\t\t\t\t\t<div class=\"elementor-element elementor-element-12a174f elementor-widget elementor-widget-image\" data-id=\"12a174f\" data-element_type=\"widget\" data-e-type=\"widget\" data-widget_type=\"image.default\">\n\t\t\t\t<div class=\"elementor-widget-container\">\n\t\t\t\t\t\t\t\t\t\t\t\t\t\t\t<img loading=\"lazy\" decoding=\"async\" width=\"366\" height=\"550\" src=\"https:\/\/www.elturistatranquil.com\/wp-content\/uploads\/F21m-Castillo-de-Santa-Catalina-Jaen.jpg\" class=\"attachment-large size-large wp-image-32691\" alt=\"Castillo de Santa Catalina, Jaen\" srcset=\"https:\/\/www.elturistatranquil.com\/wp-content\/uploads\/F21m-Castillo-de-Santa-Catalina-Jaen.jpg 366w, https:\/\/www.elturistatranquil.com\/wp-content\/uploads\/F21m-Castillo-de-Santa-Catalina-Jaen-150x226.jpg 150w\" sizes=\"(max-width: 366px) 100vw, 366px\" \/>\t\t\t\t\t\t\t\t\t\t\t\t\t\t\t<\/div>\n\t\t\t\t<\/div>\n\t\t\t\t\t<\/div>\n\t\t<\/div>\n\t\t\t\t<div class=\"elementor-column elementor-col-50 elementor-inner-column elementor-element elementor-element-547f832\" data-id=\"547f832\" data-element_type=\"column\" data-e-type=\"column\">\n\t\t\t<div class=\"elementor-widget-wrap elementor-element-populated\">\n\t\t\t\t\t\t<div class=\"elementor-element elementor-element-b1ff63e elementor-widget elementor-widget-image\" data-id=\"b1ff63e\" data-element_type=\"widget\" data-e-type=\"widget\" data-widget_type=\"image.default\">\n\t\t\t\t<div class=\"elementor-widget-container\">\n\t\t\t\t\t\t\t\t\t\t\t\t\t\t\t<img loading=\"lazy\" decoding=\"async\" width=\"366\" height=\"550\" src=\"https:\/\/www.elturistatranquil.com\/wp-content\/uploads\/F21n-Castillo-de-Santa-Catalina-Jaen.jpg\" class=\"attachment-large size-large wp-image-32693\" alt=\"Castillo de Santa Catalina, Jaen\" srcset=\"https:\/\/www.elturistatranquil.com\/wp-content\/uploads\/F21n-Castillo-de-Santa-Catalina-Jaen.jpg 366w, https:\/\/www.elturistatranquil.com\/wp-content\/uploads\/F21n-Castillo-de-Santa-Catalina-Jaen-150x226.jpg 150w\" sizes=\"(max-width: 366px) 100vw, 366px\" \/>\t\t\t\t\t\t\t\t\t\t\t\t\t\t\t<\/div>\n\t\t\t\t<\/div>\n\t\t\t\t\t<\/div>\n\t\t<\/div>\n\t\t\t\t\t<\/div>\n\t\t<\/section>\n\t\t\t\t<div class=\"elementor-element elementor-element-70158cd elementor-widget elementor-widget-text-editor\" data-id=\"70158cd\" data-element_type=\"widget\" data-e-type=\"widget\" data-widget_type=\"text-editor.default\">\n\t\t\t\t<div class=\"elementor-widget-container\">\n\t\t\t\t\t\t\t\t\t<p>\u00a0<\/p><p>En l\u2019inferior, s&#8217;ha habilitat una sala de Recepci\u00f3 i Confer\u00e8ncies. Era l&#8217;antic magatzem de la torre excavat a la mateixa roca que t\u00e9 acc\u00e9s directe des del pati d&#8217;armes. Es comunicava amb l&#8217;estada superior mitjan\u00e7ant una trapa al sostre. Les seves quatre voltes de mitja taronja es recolzen sobre un pilar central.<\/p>\t\t\t\t\t\t\t\t<\/div>\n\t\t\t\t<\/div>\n\t\t\t\t<div class=\"elementor-element elementor-element-0e64dab elementor-widget elementor-widget-image\" data-id=\"0e64dab\" data-element_type=\"widget\" data-e-type=\"widget\" data-widget_type=\"image.default\">\n\t\t\t\t<div class=\"elementor-widget-container\">\n\t\t\t\t\t\t\t\t\t\t\t\t<figure class=\"wp-caption\">\n\t\t\t\t\t\t\t\t\t\t<img loading=\"lazy\" decoding=\"async\" width=\"768\" height=\"511\" src=\"https:\/\/www.elturistatranquil.com\/wp-content\/uploads\/F22-Castillo-de-Santa-Catalina-Jaen.jpg\" class=\"attachment-large size-large wp-image-32695\" alt=\"Castillo de Santa Catalina, Jaen\" srcset=\"https:\/\/www.elturistatranquil.com\/wp-content\/uploads\/F22-Castillo-de-Santa-Catalina-Jaen.jpg 768w, https:\/\/www.elturistatranquil.com\/wp-content\/uploads\/F22-Castillo-de-Santa-Catalina-Jaen-339x226.jpg 339w\" sizes=\"(max-width: 768px) 100vw, 768px\" \/>\t\t\t\t\t\t\t\t\t\t\t<figcaption class=\"widget-image-caption wp-caption-text\"><\/figcaption>\n\t\t\t\t\t\t\t\t\t\t<\/figure>\n\t\t\t\t\t\t\t\t\t<\/div>\n\t\t\t\t<\/div>\n\t\t\t\t<div class=\"elementor-element elementor-element-92eb25d elementor-widget elementor-widget-image\" data-id=\"92eb25d\" data-element_type=\"widget\" data-e-type=\"widget\" data-widget_type=\"image.default\">\n\t\t\t\t<div class=\"elementor-widget-container\">\n\t\t\t\t\t\t\t\t\t\t\t\t<figure class=\"wp-caption\">\n\t\t\t\t\t\t\t\t\t\t<img loading=\"lazy\" decoding=\"async\" width=\"768\" height=\"511\" src=\"https:\/\/www.elturistatranquil.com\/wp-content\/uploads\/F23-Castillo-de-Santa-Catalina-Jaen.jpg\" class=\"attachment-large size-large wp-image-32704\" alt=\"Castillo de Santa Catalina, Jaen\" srcset=\"https:\/\/www.elturistatranquil.com\/wp-content\/uploads\/F23-Castillo-de-Santa-Catalina-Jaen.jpg 768w, https:\/\/www.elturistatranquil.com\/wp-content\/uploads\/F23-Castillo-de-Santa-Catalina-Jaen-339x226.jpg 339w\" sizes=\"(max-width: 768px) 100vw, 768px\" \/>\t\t\t\t\t\t\t\t\t\t\t<figcaption class=\"widget-image-caption wp-caption-text\"><\/figcaption>\n\t\t\t\t\t\t\t\t\t\t<\/figure>\n\t\t\t\t\t\t\t\t\t<\/div>\n\t\t\t\t<\/div>\n\t\t\t\t<div class=\"elementor-element elementor-element-55b8562 elementor-widget elementor-widget-text-editor\" data-id=\"55b8562\" data-element_type=\"widget\" data-e-type=\"widget\" data-widget_type=\"text-editor.default\">\n\t\t\t\t<div class=\"elementor-widget-container\">\n\t\t\t\t\t\t\t\t\t<p>A les dues estances superiors s&#8217;accedeix a trav\u00e9s d&#8217;unes empinades escales. Les dues posseeixen unes belles cobertes de volta de ma\u00f3 i eren les depend\u00e8ncies privades de l&#8217;alcaid. Posteriorment va ser la resid\u00e8ncia temporal del Conestable D. Miguel Lucas de Iranzo i D\u00aa Teresa de Torres al segle XV.<\/p>\t\t\t\t\t\t\t\t<\/div>\n\t\t\t\t<\/div>\n\t\t\t\t<div class=\"elementor-element elementor-element-acd17a1 elementor-widget elementor-widget-image\" data-id=\"acd17a1\" data-element_type=\"widget\" data-e-type=\"widget\" data-widget_type=\"image.default\">\n\t\t\t\t<div class=\"elementor-widget-container\">\n\t\t\t\t\t\t\t\t\t\t\t\t<figure class=\"wp-caption\">\n\t\t\t\t\t\t\t\t\t\t<img loading=\"lazy\" decoding=\"async\" width=\"768\" height=\"511\" src=\"https:\/\/www.elturistatranquil.com\/wp-content\/uploads\/F24-Castillo-de-Santa-Catalina-Jaen.jpg\" class=\"attachment-large size-large wp-image-32706\" alt=\"Castillo de Santa Catalina, Jaen\" srcset=\"https:\/\/www.elturistatranquil.com\/wp-content\/uploads\/F24-Castillo-de-Santa-Catalina-Jaen.jpg 768w, https:\/\/www.elturistatranquil.com\/wp-content\/uploads\/F24-Castillo-de-Santa-Catalina-Jaen-339x226.jpg 339w\" sizes=\"(max-width: 768px) 100vw, 768px\" \/>\t\t\t\t\t\t\t\t\t\t\t<figcaption class=\"widget-image-caption wp-caption-text\"><\/figcaption>\n\t\t\t\t\t\t\t\t\t\t<\/figure>\n\t\t\t\t\t\t\t\t\t<\/div>\n\t\t\t\t<\/div>\n\t\t\t\t<section class=\"elementor-section elementor-inner-section elementor-element elementor-element-4dfab6d elementor-section-boxed elementor-section-height-default elementor-section-height-default\" data-id=\"4dfab6d\" data-element_type=\"section\" data-e-type=\"section\">\n\t\t\t\t\t\t<div class=\"elementor-container elementor-column-gap-default\">\n\t\t\t\t\t<div class=\"elementor-column elementor-col-50 elementor-inner-column elementor-element elementor-element-70ff5df\" data-id=\"70ff5df\" data-element_type=\"column\" data-e-type=\"column\">\n\t\t\t<div class=\"elementor-widget-wrap elementor-element-populated\">\n\t\t\t\t\t\t<div class=\"elementor-element elementor-element-620e073 elementor-widget elementor-widget-image\" data-id=\"620e073\" data-element_type=\"widget\" data-e-type=\"widget\" data-widget_type=\"image.default\">\n\t\t\t\t<div class=\"elementor-widget-container\">\n\t\t\t\t\t\t\t\t\t\t\t\t\t\t\t<img loading=\"lazy\" decoding=\"async\" width=\"366\" height=\"550\" src=\"https:\/\/www.elturistatranquil.com\/wp-content\/uploads\/F25m-Castillo-de-Santa-Catalina-Jaen.jpg\" class=\"attachment-large size-large wp-image-32708\" alt=\"Castillo de Santa Catalina, Jaen\" srcset=\"https:\/\/www.elturistatranquil.com\/wp-content\/uploads\/F25m-Castillo-de-Santa-Catalina-Jaen.jpg 366w, https:\/\/www.elturistatranquil.com\/wp-content\/uploads\/F25m-Castillo-de-Santa-Catalina-Jaen-150x226.jpg 150w\" sizes=\"(max-width: 366px) 100vw, 366px\" \/>\t\t\t\t\t\t\t\t\t\t\t\t\t\t\t<\/div>\n\t\t\t\t<\/div>\n\t\t\t\t\t<\/div>\n\t\t<\/div>\n\t\t\t\t<div class=\"elementor-column elementor-col-50 elementor-inner-column elementor-element elementor-element-8d68d96\" data-id=\"8d68d96\" data-element_type=\"column\" data-e-type=\"column\">\n\t\t\t<div class=\"elementor-widget-wrap elementor-element-populated\">\n\t\t\t\t\t\t<div class=\"elementor-element elementor-element-2cfd458 elementor-widget elementor-widget-image\" data-id=\"2cfd458\" data-element_type=\"widget\" data-e-type=\"widget\" data-widget_type=\"image.default\">\n\t\t\t\t<div class=\"elementor-widget-container\">\n\t\t\t\t\t\t\t\t\t\t\t\t\t\t\t<img loading=\"lazy\" decoding=\"async\" width=\"366\" height=\"550\" src=\"https:\/\/www.elturistatranquil.com\/wp-content\/uploads\/F25n-Castillo-de-Santa-Catalina-Jaen.jpg\" class=\"attachment-large size-large wp-image-32710\" alt=\"Castillo de Santa Catalina, Jaen\" srcset=\"https:\/\/www.elturistatranquil.com\/wp-content\/uploads\/F25n-Castillo-de-Santa-Catalina-Jaen.jpg 366w, https:\/\/www.elturistatranquil.com\/wp-content\/uploads\/F25n-Castillo-de-Santa-Catalina-Jaen-150x226.jpg 150w\" sizes=\"(max-width: 366px) 100vw, 366px\" \/>\t\t\t\t\t\t\t\t\t\t\t\t\t\t\t<\/div>\n\t\t\t\t<\/div>\n\t\t\t\t\t<\/div>\n\t\t<\/div>\n\t\t\t\t\t<\/div>\n\t\t<\/section>\n\t\t\t\t<div class=\"elementor-element elementor-element-51371fb elementor-widget elementor-widget-text-editor\" data-id=\"51371fb\" data-element_type=\"widget\" data-e-type=\"widget\" data-widget_type=\"text-editor.default\">\n\t\t\t\t<div class=\"elementor-widget-container\">\n\t\t\t\t\t\t\t\t\t<p>\u00a0<\/p><p>Pels seus finestrals es disposa d&#8217;excel\u00b7lents perspectives sobre Ja\u00e9n.<\/p>\t\t\t\t\t\t\t\t<\/div>\n\t\t\t\t<\/div>\n\t\t\t\t<div class=\"elementor-element elementor-element-e1eaa38 elementor-widget elementor-widget-image\" data-id=\"e1eaa38\" data-element_type=\"widget\" data-e-type=\"widget\" data-widget_type=\"image.default\">\n\t\t\t\t<div class=\"elementor-widget-container\">\n\t\t\t\t\t\t\t\t\t\t\t\t<figure class=\"wp-caption\">\n\t\t\t\t\t\t\t\t\t\t<img loading=\"lazy\" decoding=\"async\" width=\"768\" height=\"511\" src=\"https:\/\/www.elturistatranquil.com\/wp-content\/uploads\/F26-Castillo-de-Santa-Catalina-Jaen.jpg\" class=\"attachment-large size-large wp-image-32712\" alt=\"Castillo de Santa Catalina, Jaen\" srcset=\"https:\/\/www.elturistatranquil.com\/wp-content\/uploads\/F26-Castillo-de-Santa-Catalina-Jaen.jpg 768w, https:\/\/www.elturistatranquil.com\/wp-content\/uploads\/F26-Castillo-de-Santa-Catalina-Jaen-339x226.jpg 339w\" sizes=\"(max-width: 768px) 100vw, 768px\" \/>\t\t\t\t\t\t\t\t\t\t\t<figcaption class=\"widget-image-caption wp-caption-text\"><\/figcaption>\n\t\t\t\t\t\t\t\t\t\t<\/figure>\n\t\t\t\t\t\t\t\t\t<\/div>\n\t\t\t\t<\/div>\n\t\t\t\t<div class=\"elementor-element elementor-element-d7fbdd8 elementor-widget elementor-widget-text-editor\" data-id=\"d7fbdd8\" data-element_type=\"widget\" data-e-type=\"widget\" data-widget_type=\"text-editor.default\">\n\t\t\t\t<div class=\"elementor-widget-container\">\n\t\t\t\t\t\t\t\t\t<p>Pujant al seu terrat es poden apreciar les millors vistes de l&#8217;interior del Castell i del territori de l&#8217;entorn.<\/p><p>Una imatge sobre el costat nord, amb les dues torres albarrana, la torre de la Vela al fons, i les cavallerisses a la part inferior.<\/p>\t\t\t\t\t\t\t\t<\/div>\n\t\t\t\t<\/div>\n\t\t\t\t<div class=\"elementor-element elementor-element-82a70ba elementor-widget elementor-widget-image\" data-id=\"82a70ba\" data-element_type=\"widget\" data-e-type=\"widget\" data-widget_type=\"image.default\">\n\t\t\t\t<div class=\"elementor-widget-container\">\n\t\t\t\t\t\t\t\t\t\t\t\t<figure class=\"wp-caption\">\n\t\t\t\t\t\t\t\t\t\t<img loading=\"lazy\" decoding=\"async\" width=\"768\" height=\"512\" src=\"https:\/\/www.elturistatranquil.com\/wp-content\/uploads\/F27-Castillo-de-Santa-Catalina-Jaen.jpg\" class=\"attachment-large size-large wp-image-32714\" alt=\"Castillo de Santa Catalina, Jaen\" srcset=\"https:\/\/www.elturistatranquil.com\/wp-content\/uploads\/F27-Castillo-de-Santa-Catalina-Jaen.jpg 768w, https:\/\/www.elturistatranquil.com\/wp-content\/uploads\/F27-Castillo-de-Santa-Catalina-Jaen-339x226.jpg 339w\" sizes=\"(max-width: 768px) 100vw, 768px\" \/>\t\t\t\t\t\t\t\t\t\t\t<figcaption class=\"widget-image-caption wp-caption-text\"><\/figcaption>\n\t\t\t\t\t\t\t\t\t\t<\/figure>\n\t\t\t\t\t\t\t\t\t<\/div>\n\t\t\t\t<\/div>\n\t\t\t\t<div class=\"elementor-element elementor-element-121206d elementor-widget elementor-widget-text-editor\" data-id=\"121206d\" data-element_type=\"widget\" data-e-type=\"widget\" data-widget_type=\"text-editor.default\">\n\t\t\t\t<div class=\"elementor-widget-container\">\n\t\t\t\t\t\t\t\t\t<p>A l&#8217;altre costat de les cavallerisses la pla\u00e7a d&#8217;armes a la dreta.<\/p>\t\t\t\t\t\t\t\t<\/div>\n\t\t\t\t<\/div>\n\t\t\t\t<div class=\"elementor-element elementor-element-83b6f06 elementor-widget elementor-widget-image\" data-id=\"83b6f06\" data-element_type=\"widget\" data-e-type=\"widget\" data-widget_type=\"image.default\">\n\t\t\t\t<div class=\"elementor-widget-container\">\n\t\t\t\t\t\t\t\t\t\t\t\t<figure class=\"wp-caption\">\n\t\t\t\t\t\t\t\t\t\t<img loading=\"lazy\" decoding=\"async\" width=\"768\" height=\"512\" src=\"https:\/\/www.elturistatranquil.com\/wp-content\/uploads\/F28-Castillo-de-Santa-Catalina-Jaen.jpg\" class=\"attachment-large size-large wp-image-32716\" alt=\"Castillo de Santa Catalina, Jaen\" srcset=\"https:\/\/www.elturistatranquil.com\/wp-content\/uploads\/F28-Castillo-de-Santa-Catalina-Jaen.jpg 768w, https:\/\/www.elturistatranquil.com\/wp-content\/uploads\/F28-Castillo-de-Santa-Catalina-Jaen-339x226.jpg 339w\" sizes=\"(max-width: 768px) 100vw, 768px\" \/>\t\t\t\t\t\t\t\t\t\t\t<figcaption class=\"widget-image-caption wp-caption-text\"><\/figcaption>\n\t\t\t\t\t\t\t\t\t\t<\/figure>\n\t\t\t\t\t\t\t\t\t<\/div>\n\t\t\t\t<\/div>\n\t\t\t\t<div class=\"elementor-element elementor-element-7e62ff3 elementor-widget elementor-widget-menu-anchor\" data-id=\"7e62ff3\" data-element_type=\"widget\" data-e-type=\"widget\" data-widget_type=\"menu-anchor.default\">\n\t\t\t\t<div class=\"elementor-widget-container\">\n\t\t\t\t\t\t\t<div class=\"elementor-menu-anchor\" id=\"b4907\"><\/div>\n\t\t\t\t\t\t<\/div>\n\t\t\t\t<\/div>\n\t\t\t\t<div class=\"elementor-element elementor-element-1a368a7 elementor-widget elementor-widget-image\" data-id=\"1a368a7\" data-element_type=\"widget\" data-e-type=\"widget\" data-widget_type=\"image.default\">\n\t\t\t\t<div class=\"elementor-widget-container\">\n\t\t\t\t\t\t\t\t\t\t\t\t<figure class=\"wp-caption\">\n\t\t\t\t\t\t\t\t\t\t<img loading=\"lazy\" decoding=\"async\" width=\"768\" height=\"512\" src=\"https:\/\/www.elturistatranquil.com\/wp-content\/uploads\/F29-Castillo-de-Santa-Catalina-Jaen.jpg\" class=\"attachment-large size-large wp-image-32718\" alt=\"Castillo de Santa Catalina, Jaen\" srcset=\"https:\/\/www.elturistatranquil.com\/wp-content\/uploads\/F29-Castillo-de-Santa-Catalina-Jaen.jpg 768w, https:\/\/www.elturistatranquil.com\/wp-content\/uploads\/F29-Castillo-de-Santa-Catalina-Jaen-339x226.jpg 339w\" sizes=\"(max-width: 768px) 100vw, 768px\" \/>\t\t\t\t\t\t\t\t\t\t\t<figcaption class=\"widget-image-caption wp-caption-text\"><\/figcaption>\n\t\t\t\t\t\t\t\t\t\t<\/figure>\n\t\t\t\t\t\t\t\t\t<\/div>\n\t\t\t\t<\/div>\n\t\t\t\t<div class=\"elementor-element elementor-element-39dc5f3 elementor-widget elementor-widget-heading\" data-id=\"39dc5f3\" data-element_type=\"widget\" data-e-type=\"widget\" data-widget_type=\"heading.default\">\n\t\t\t\t<div class=\"elementor-widget-container\">\n\t\t\t\t\t<h3 class=\"elementor-heading-title elementor-size-default\">Torre de les Dames <\/h3>\t\t\t\t<\/div>\n\t\t\t\t<\/div>\n\t\t\t\t<div class=\"elementor-element elementor-element-ebd6c3d elementor-widget elementor-widget-text-editor\" data-id=\"ebd6c3d\" data-element_type=\"widget\" data-e-type=\"widget\" data-widget_type=\"text-editor.default\">\n\t\t\t\t<div class=\"elementor-widget-container\">\n\t\t\t\t\t\t\t\t\t<p>Sortint de la torre de l&#8217;Homenatge, pel cam\u00ed de ronda s&#8217;accedeix a la <strong>Torre de les Dames<\/strong> (<strong>3<\/strong>) que controlava l&#8217;entrada principal del Castell. En el seu interior hi ha un sal\u00f3 cobert per una volta de can\u00f3 correguda bellament il\u00b7luminat per finestres ogivals amb finestra coronella.<\/p>\t\t\t\t\t\t\t\t<\/div>\n\t\t\t\t<\/div>\n\t\t\t\t<div class=\"elementor-element elementor-element-8a511fa elementor-widget elementor-widget-image\" data-id=\"8a511fa\" data-element_type=\"widget\" data-e-type=\"widget\" data-widget_type=\"image.default\">\n\t\t\t\t<div class=\"elementor-widget-container\">\n\t\t\t\t\t\t\t\t\t\t\t\t<figure class=\"wp-caption\">\n\t\t\t\t\t\t\t\t\t\t<img loading=\"lazy\" decoding=\"async\" width=\"768\" height=\"511\" src=\"https:\/\/www.elturistatranquil.com\/wp-content\/uploads\/F30-Castillo-de-Santa-Catalina-Jaen.jpg\" class=\"attachment-large size-large wp-image-32720\" alt=\"Castillo de Santa Catalina, Jaen\" srcset=\"https:\/\/www.elturistatranquil.com\/wp-content\/uploads\/F30-Castillo-de-Santa-Catalina-Jaen.jpg 768w, https:\/\/www.elturistatranquil.com\/wp-content\/uploads\/F30-Castillo-de-Santa-Catalina-Jaen-339x226.jpg 339w\" sizes=\"(max-width: 768px) 100vw, 768px\" \/>\t\t\t\t\t\t\t\t\t\t\t<figcaption class=\"widget-image-caption wp-caption-text\"><\/figcaption>\n\t\t\t\t\t\t\t\t\t\t<\/figure>\n\t\t\t\t\t\t\t\t\t<\/div>\n\t\t\t\t<\/div>\n\t\t\t\t<div class=\"elementor-element elementor-element-4b5556f elementor-widget elementor-widget-text-editor\" data-id=\"4b5556f\" data-element_type=\"widget\" data-e-type=\"widget\" data-widget_type=\"text-editor.default\">\n\t\t\t\t<div class=\"elementor-widget-container\">\n\t\t\t\t\t\t\t\t\t<p>I una maqueta del Castell.<\/p>\t\t\t\t\t\t\t\t<\/div>\n\t\t\t\t<\/div>\n\t\t\t\t<section class=\"elementor-section elementor-inner-section elementor-element elementor-element-a8d8052 elementor-section-boxed elementor-section-height-default elementor-section-height-default\" data-id=\"a8d8052\" data-element_type=\"section\" data-e-type=\"section\">\n\t\t\t\t\t\t<div class=\"elementor-container elementor-column-gap-default\">\n\t\t\t\t\t<div class=\"elementor-column elementor-col-50 elementor-inner-column elementor-element elementor-element-404e9aa\" data-id=\"404e9aa\" data-element_type=\"column\" data-e-type=\"column\">\n\t\t\t<div class=\"elementor-widget-wrap elementor-element-populated\">\n\t\t\t\t\t\t<div class=\"elementor-element elementor-element-396bc96 elementor-widget elementor-widget-image\" data-id=\"396bc96\" data-element_type=\"widget\" data-e-type=\"widget\" data-widget_type=\"image.default\">\n\t\t\t\t<div class=\"elementor-widget-container\">\n\t\t\t\t\t\t\t\t\t\t\t\t\t\t\t<img loading=\"lazy\" decoding=\"async\" width=\"366\" height=\"550\" src=\"https:\/\/www.elturistatranquil.com\/wp-content\/uploads\/F31m-Castillo-de-Santa-Catalina-Jaen.jpg\" class=\"attachment-large size-large wp-image-32722\" alt=\"Castillo de Santa Catalina, Jaen\" srcset=\"https:\/\/www.elturistatranquil.com\/wp-content\/uploads\/F31m-Castillo-de-Santa-Catalina-Jaen.jpg 366w, https:\/\/www.elturistatranquil.com\/wp-content\/uploads\/F31m-Castillo-de-Santa-Catalina-Jaen-150x226.jpg 150w\" sizes=\"(max-width: 366px) 100vw, 366px\" \/>\t\t\t\t\t\t\t\t\t\t\t\t\t\t\t<\/div>\n\t\t\t\t<\/div>\n\t\t\t\t\t<\/div>\n\t\t<\/div>\n\t\t\t\t<div class=\"elementor-column elementor-col-50 elementor-inner-column elementor-element elementor-element-c8e7bc4\" data-id=\"c8e7bc4\" data-element_type=\"column\" data-e-type=\"column\">\n\t\t\t<div class=\"elementor-widget-wrap elementor-element-populated\">\n\t\t\t\t\t\t<div class=\"elementor-element elementor-element-ca81b27 elementor-widget elementor-widget-image\" data-id=\"ca81b27\" data-element_type=\"widget\" data-e-type=\"widget\" data-widget_type=\"image.default\">\n\t\t\t\t<div class=\"elementor-widget-container\">\n\t\t\t\t\t\t\t\t\t\t\t\t\t\t\t<img loading=\"lazy\" decoding=\"async\" width=\"366\" height=\"550\" src=\"https:\/\/www.elturistatranquil.com\/wp-content\/uploads\/F31n-Castillo-de-Santa-Catalina-Jaen.jpg\" class=\"attachment-large size-large wp-image-32724\" alt=\"Castillo de Santa Catalina, Jaen\" srcset=\"https:\/\/www.elturistatranquil.com\/wp-content\/uploads\/F31n-Castillo-de-Santa-Catalina-Jaen.jpg 366w, https:\/\/www.elturistatranquil.com\/wp-content\/uploads\/F31n-Castillo-de-Santa-Catalina-Jaen-150x226.jpg 150w\" sizes=\"(max-width: 366px) 100vw, 366px\" \/>\t\t\t\t\t\t\t\t\t\t\t\t\t\t\t<\/div>\n\t\t\t\t<\/div>\n\t\t\t\t\t<\/div>\n\t\t<\/div>\n\t\t\t\t\t<\/div>\n\t\t<\/section>\n\t\t\t\t<div class=\"elementor-element elementor-element-ba2fbde elementor-widget elementor-widget-text-editor\" data-id=\"ba2fbde\" data-element_type=\"widget\" data-e-type=\"widget\" data-widget_type=\"text-editor.default\">\n\t\t\t\t<div class=\"elementor-widget-container\">\n\t\t\t\t\t\t\t\t\t<p>\u00a0<\/p><p>A la part del Centre d&#8217;Interpretaci\u00f3 que ocupa aquesta torre podem veure exemples de decoraci\u00f3 del palau isl\u00e0mic.<\/p><p>Mostra elements de guixeries (ataurics) que s&#8217;aplicaven sobre les parets per donar m\u00e9s real\u00e7 a les habitacions en mostra de poder, al temps que ocultava la menor qualitat dels carreuons de les parets.<\/p>\t\t\t\t\t\t\t\t<\/div>\n\t\t\t\t<\/div>\n\t\t\t\t<div class=\"elementor-element elementor-element-3417c2b elementor-widget elementor-widget-image\" data-id=\"3417c2b\" data-element_type=\"widget\" data-e-type=\"widget\" data-widget_type=\"image.default\">\n\t\t\t\t<div class=\"elementor-widget-container\">\n\t\t\t\t\t\t\t\t\t\t\t\t<figure class=\"wp-caption\">\n\t\t\t\t\t\t\t\t\t\t<img loading=\"lazy\" decoding=\"async\" width=\"768\" height=\"511\" src=\"https:\/\/www.elturistatranquil.com\/wp-content\/uploads\/F32-Castillo-de-Santa-Catalina-Jaen.jpg\" class=\"attachment-large size-large wp-image-32726\" alt=\"Castillo de Santa Catalina, Jaen\" srcset=\"https:\/\/www.elturistatranquil.com\/wp-content\/uploads\/F32-Castillo-de-Santa-Catalina-Jaen.jpg 768w, https:\/\/www.elturistatranquil.com\/wp-content\/uploads\/F32-Castillo-de-Santa-Catalina-Jaen-339x226.jpg 339w\" sizes=\"(max-width: 768px) 100vw, 768px\" \/>\t\t\t\t\t\t\t\t\t\t\t<figcaption class=\"widget-image-caption wp-caption-text\"><\/figcaption>\n\t\t\t\t\t\t\t\t\t\t<\/figure>\n\t\t\t\t\t\t\t\t\t<\/div>\n\t\t\t\t<\/div>\n\t\t\t\t<div class=\"elementor-element elementor-element-ffaf10b elementor-widget elementor-widget-image\" data-id=\"ffaf10b\" data-element_type=\"widget\" data-e-type=\"widget\" data-widget_type=\"image.default\">\n\t\t\t\t<div class=\"elementor-widget-container\">\n\t\t\t\t\t\t\t\t\t\t\t\t<figure class=\"wp-caption\">\n\t\t\t\t\t\t\t\t\t\t<img loading=\"lazy\" decoding=\"async\" width=\"768\" height=\"511\" src=\"https:\/\/www.elturistatranquil.com\/wp-content\/uploads\/F33-Castillo-de-Santa-Catalina-Jaen.jpg\" class=\"attachment-large size-large wp-image-32728\" alt=\"Castillo de Santa Catalina, Jaen\" srcset=\"https:\/\/www.elturistatranquil.com\/wp-content\/uploads\/F33-Castillo-de-Santa-Catalina-Jaen.jpg 768w, https:\/\/www.elturistatranquil.com\/wp-content\/uploads\/F33-Castillo-de-Santa-Catalina-Jaen-339x226.jpg 339w\" sizes=\"(max-width: 768px) 100vw, 768px\" \/>\t\t\t\t\t\t\t\t\t\t\t<figcaption class=\"widget-image-caption wp-caption-text\"><\/figcaption>\n\t\t\t\t\t\t\t\t\t\t<\/figure>\n\t\t\t\t\t\t\t\t\t<\/div>\n\t\t\t\t<\/div>\n\t\t\t\t<div class=\"elementor-element elementor-element-9e3aad2 elementor-widget elementor-widget-text-editor\" data-id=\"9e3aad2\" data-element_type=\"widget\" data-e-type=\"widget\" data-widget_type=\"text-editor.default\">\n\t\t\t\t<div class=\"elementor-widget-container\">\n\t\t\t\t\t\t\t\t\t<p>Des del terrat d&#8217;aquesta torre podem observar l&#8217;exterior del mur nord, aix\u00ed com les torres albarranes, la torre de la Vela i el conjunt interior del recinte.<\/p>\t\t\t\t\t\t\t\t<\/div>\n\t\t\t\t<\/div>\n\t\t\t\t<div class=\"elementor-element elementor-element-006679f elementor-widget elementor-widget-image\" data-id=\"006679f\" data-element_type=\"widget\" data-e-type=\"widget\" data-widget_type=\"image.default\">\n\t\t\t\t<div class=\"elementor-widget-container\">\n\t\t\t\t\t\t\t\t\t\t\t\t<figure class=\"wp-caption\">\n\t\t\t\t\t\t\t\t\t\t<img loading=\"lazy\" decoding=\"async\" width=\"768\" height=\"512\" src=\"https:\/\/www.elturistatranquil.com\/wp-content\/uploads\/F00-34-Castillo-de-Santa-Catalina-Jaen.jpg\" class=\"attachment-large size-large wp-image-32640\" alt=\"Castillo de Santa Catalina, Jaen\" srcset=\"https:\/\/www.elturistatranquil.com\/wp-content\/uploads\/F00-34-Castillo-de-Santa-Catalina-Jaen.jpg 768w, https:\/\/www.elturistatranquil.com\/wp-content\/uploads\/F00-34-Castillo-de-Santa-Catalina-Jaen-339x226.jpg 339w\" sizes=\"(max-width: 768px) 100vw, 768px\" \/>\t\t\t\t\t\t\t\t\t\t\t<figcaption class=\"widget-image-caption wp-caption-text\"><\/figcaption>\n\t\t\t\t\t\t\t\t\t\t<\/figure>\n\t\t\t\t\t\t\t\t\t<\/div>\n\t\t\t\t<\/div>\n\t\t\t\t<div class=\"elementor-element elementor-element-ef97fb1 elementor-widget elementor-widget-text-editor\" data-id=\"ef97fb1\" data-element_type=\"widget\" data-e-type=\"widget\" data-widget_type=\"text-editor.default\">\n\t\t\t\t<div class=\"elementor-widget-container\">\n\t\t\t\t\t\t\t\t\t<p>Mirant en direcci\u00f3 oest es presenta la resta del recinte total primitiu, ara ocupat per l&#8217;edificaci\u00f3 del Parador Nacional de Ja\u00e9n.<\/p><p>Per aqu\u00ed enlla\u00e7ava amb el territori de l&#8217;altipl\u00e0 que culmina al tur\u00f3 de Santa Catalina.<\/p>\t\t\t\t\t\t\t\t<\/div>\n\t\t\t\t<\/div>\n\t\t\t\t<div class=\"elementor-element elementor-element-e91e018 elementor-widget elementor-widget-menu-anchor\" data-id=\"e91e018\" data-element_type=\"widget\" data-e-type=\"widget\" data-widget_type=\"menu-anchor.default\">\n\t\t\t\t<div class=\"elementor-widget-container\">\n\t\t\t\t\t\t\t<div class=\"elementor-menu-anchor\" id=\"b4908\"><\/div>\n\t\t\t\t\t\t<\/div>\n\t\t\t\t<\/div>\n\t\t\t\t<div class=\"elementor-element elementor-element-f49fc38 elementor-widget elementor-widget-image\" data-id=\"f49fc38\" data-element_type=\"widget\" data-e-type=\"widget\" data-widget_type=\"image.default\">\n\t\t\t\t<div class=\"elementor-widget-container\">\n\t\t\t\t\t\t\t\t\t\t\t\t<figure class=\"wp-caption\">\n\t\t\t\t\t\t\t\t\t\t<img loading=\"lazy\" decoding=\"async\" width=\"768\" height=\"511\" src=\"https:\/\/www.elturistatranquil.com\/wp-content\/uploads\/F35-Castillo-de-Santa-Catalina-Jaen.jpg\" class=\"attachment-large size-large wp-image-32730\" alt=\"Castillo de Santa Catalina, Jaen\" srcset=\"https:\/\/www.elturistatranquil.com\/wp-content\/uploads\/F35-Castillo-de-Santa-Catalina-Jaen.jpg 768w, https:\/\/www.elturistatranquil.com\/wp-content\/uploads\/F35-Castillo-de-Santa-Catalina-Jaen-339x226.jpg 339w\" sizes=\"(max-width: 768px) 100vw, 768px\" \/>\t\t\t\t\t\t\t\t\t\t\t<figcaption class=\"widget-image-caption wp-caption-text\"><\/figcaption>\n\t\t\t\t\t\t\t\t\t\t<\/figure>\n\t\t\t\t\t\t\t\t\t<\/div>\n\t\t\t\t<\/div>\n\t\t\t\t<div class=\"elementor-element elementor-element-d601967 elementor-widget elementor-widget-heading\" data-id=\"d601967\" data-element_type=\"widget\" data-e-type=\"widget\" data-widget_type=\"heading.default\">\n\t\t\t\t<div class=\"elementor-widget-container\">\n\t\t\t\t\t<h3 class=\"elementor-heading-title elementor-size-default\">Torre Albarrana. Capella de Santa Catalina <\/h3>\t\t\t\t<\/div>\n\t\t\t\t<\/div>\n\t\t\t\t<div class=\"elementor-element elementor-element-a885218 elementor-widget elementor-widget-text-editor\" data-id=\"a885218\" data-element_type=\"widget\" data-e-type=\"widget\" data-widget_type=\"text-editor.default\">\n\t\t\t\t<div class=\"elementor-widget-container\">\n\t\t\t\t\t\t\t\t\t<p>Continuant pel cam\u00ed de ronda del mur Nord, s&#8217;accedeix a dues torres albarranes, que es troben separades del mur principal per un arc apuntat de ma\u00f3 a manera de pont.<\/p><p>La primera <strong>torre Albarrana<\/strong> (<strong>4<\/strong>), defensa la porta principal de l&#8217;Alc\u00e0sser Nou. A partir del segle XV es va destinar a <strong>Capella<\/strong> de la Fortalesa dedicada a <strong>Santa Caterina d&#8217;Alexandria<\/strong>.<\/p><p>Diu la llegenda que, quan Fernando III anava a desistir en la seva idea de prendre Ja\u00e9n, se li va representar en somnis Caterina d&#8217;Alexandria amb les claus de la ciutat. La Santa el va animar a no decaure i al cap de pocs dies va entrar amb \u00e8xit a la ciutat despr\u00e9s de la rendici\u00f3 del rei Alhamar. Amb el temps, Santa Caterina es va convertir en patrona de la ciutat de Ja\u00e9n, com ja se&#8217;ns ha informat per la inscripci\u00f3 de la porta d&#8217;entrada.<\/p><p>Va ser el Conestable D. Miguel Lucas de Iranzo al segle XV qui va edificicar la capella, adornada amb guixeries mud\u00e8jars, sobre el terrat d&#8217;aquesta torre albarrana.<\/p><p>Complementava la defensa de la porta d&#8217;entrada, com mostra aquesta imatge presa des de l&#8217;exterior de la porta principal.<\/p>\t\t\t\t\t\t\t\t<\/div>\n\t\t\t\t<\/div>\n\t\t\t\t<div class=\"elementor-element elementor-element-c386722 elementor-widget elementor-widget-image\" data-id=\"c386722\" data-element_type=\"widget\" data-e-type=\"widget\" data-widget_type=\"image.default\">\n\t\t\t\t<div class=\"elementor-widget-container\">\n\t\t\t\t\t\t\t\t\t\t\t\t<figure class=\"wp-caption\">\n\t\t\t\t\t\t\t\t\t\t<img loading=\"lazy\" decoding=\"async\" width=\"768\" height=\"511\" src=\"https:\/\/www.elturistatranquil.com\/wp-content\/uploads\/F36-Castillo-de-Santa-Catalina-Jaen.jpg\" class=\"attachment-large size-large wp-image-32732\" alt=\"Castillo de Santa Catalina, Jaen\" srcset=\"https:\/\/www.elturistatranquil.com\/wp-content\/uploads\/F36-Castillo-de-Santa-Catalina-Jaen.jpg 768w, https:\/\/www.elturistatranquil.com\/wp-content\/uploads\/F36-Castillo-de-Santa-Catalina-Jaen-339x226.jpg 339w\" sizes=\"(max-width: 768px) 100vw, 768px\" \/>\t\t\t\t\t\t\t\t\t\t\t<figcaption class=\"widget-image-caption wp-caption-text\"><\/figcaption>\n\t\t\t\t\t\t\t\t\t\t<\/figure>\n\t\t\t\t\t\t\t\t\t<\/div>\n\t\t\t\t<\/div>\n\t\t\t\t<div class=\"elementor-element elementor-element-e0f58f6 elementor-widget elementor-widget-text-editor\" data-id=\"e0f58f6\" data-element_type=\"widget\" data-e-type=\"widget\" data-widget_type=\"text-editor.default\">\n\t\t\t\t<div class=\"elementor-widget-container\">\n\t\t\t\t\t\t\t\t\t<p>L&#8217;ampli cam\u00ed de ronda seguir\u00e0 tot el recorregut de la muralla<\/p>\t\t\t\t\t\t\t\t<\/div>\n\t\t\t\t<\/div>\n\t\t\t\t<div class=\"elementor-element elementor-element-1873436 elementor-widget elementor-widget-image\" data-id=\"1873436\" data-element_type=\"widget\" data-e-type=\"widget\" data-widget_type=\"image.default\">\n\t\t\t\t<div class=\"elementor-widget-container\">\n\t\t\t\t\t\t\t\t\t\t\t\t<figure class=\"wp-caption\">\n\t\t\t\t\t\t\t\t\t\t<img loading=\"lazy\" decoding=\"async\" width=\"768\" height=\"512\" src=\"https:\/\/www.elturistatranquil.com\/wp-content\/uploads\/F37-Castillo-de-Santa-Catalina-Jaen.jpg\" class=\"attachment-large size-large wp-image-32734\" alt=\"Castillo de Santa Catalina, Jaen\" srcset=\"https:\/\/www.elturistatranquil.com\/wp-content\/uploads\/F37-Castillo-de-Santa-Catalina-Jaen.jpg 768w, https:\/\/www.elturistatranquil.com\/wp-content\/uploads\/F37-Castillo-de-Santa-Catalina-Jaen-339x226.jpg 339w\" sizes=\"(max-width: 768px) 100vw, 768px\" \/>\t\t\t\t\t\t\t\t\t\t\t<figcaption class=\"widget-image-caption wp-caption-text\"><\/figcaption>\n\t\t\t\t\t\t\t\t\t\t<\/figure>\n\t\t\t\t\t\t\t\t\t<\/div>\n\t\t\t\t<\/div>\n\t\t\t\t<div class=\"elementor-element elementor-element-93ae62b elementor-widget elementor-widget-text-editor\" data-id=\"93ae62b\" data-element_type=\"widget\" data-e-type=\"widget\" data-widget_type=\"text-editor.default\">\n\t\t\t\t<div class=\"elementor-widget-container\">\n\t\t\t\t\t\t\t\t\t<p>La torre va ser coberta per acollir la <strong>capella de Santa Catalina<\/strong>.<\/p>\t\t\t\t\t\t\t\t<\/div>\n\t\t\t\t<\/div>\n\t\t\t\t<div class=\"elementor-element elementor-element-ed5e10f elementor-widget elementor-widget-menu-anchor\" data-id=\"ed5e10f\" data-element_type=\"widget\" data-e-type=\"widget\" data-widget_type=\"menu-anchor.default\">\n\t\t\t\t<div class=\"elementor-widget-container\">\n\t\t\t\t\t\t\t<div class=\"elementor-menu-anchor\" id=\"b4909\"><\/div>\n\t\t\t\t\t\t<\/div>\n\t\t\t\t<\/div>\n\t\t\t\t<div class=\"elementor-element elementor-element-6c201fc elementor-widget elementor-widget-image\" data-id=\"6c201fc\" data-element_type=\"widget\" data-e-type=\"widget\" data-widget_type=\"image.default\">\n\t\t\t\t<div class=\"elementor-widget-container\">\n\t\t\t\t\t\t\t\t\t\t\t\t<figure class=\"wp-caption\">\n\t\t\t\t\t\t\t\t\t\t<img loading=\"lazy\" decoding=\"async\" width=\"768\" height=\"512\" src=\"https:\/\/www.elturistatranquil.com\/wp-content\/uploads\/F38-Castillo-de-Santa-Catalina-Jaen.jpg\" class=\"attachment-large size-large wp-image-32736\" alt=\"Castillo de Santa Catalina, Jaen\" srcset=\"https:\/\/www.elturistatranquil.com\/wp-content\/uploads\/F38-Castillo-de-Santa-Catalina-Jaen.jpg 768w, https:\/\/www.elturistatranquil.com\/wp-content\/uploads\/F38-Castillo-de-Santa-Catalina-Jaen-339x226.jpg 339w\" sizes=\"(max-width: 768px) 100vw, 768px\" \/>\t\t\t\t\t\t\t\t\t\t\t<figcaption class=\"widget-image-caption wp-caption-text\"><\/figcaption>\n\t\t\t\t\t\t\t\t\t\t<\/figure>\n\t\t\t\t\t\t\t\t\t<\/div>\n\t\t\t\t<\/div>\n\t\t\t\t<div class=\"elementor-element elementor-element-d1cabe5 elementor-widget elementor-widget-heading\" data-id=\"d1cabe5\" data-element_type=\"widget\" data-e-type=\"widget\" data-widget_type=\"heading.default\">\n\t\t\t\t<div class=\"elementor-widget-container\">\n\t\t\t\t\t<h3 class=\"elementor-heading-title elementor-size-default\">Segona torre Albarrana <\/h3>\t\t\t\t<\/div>\n\t\t\t\t<\/div>\n\t\t\t\t<div class=\"elementor-element elementor-element-ecd0c60 elementor-widget elementor-widget-text-editor\" data-id=\"ecd0c60\" data-element_type=\"widget\" data-e-type=\"widget\" data-widget_type=\"text-editor.default\">\n\t\t\t\t<div class=\"elementor-widget-container\">\n\t\t\t\t\t\t\t\t\t<p>Enfront de la segona <strong>torre albarrana<\/strong> (<strong>5<\/strong>) la coberta de les cavallerisses ofereix un bon mirador sobre l&#8217;interior del recinte.<\/p>\t\t\t\t\t\t\t\t<\/div>\n\t\t\t\t<\/div>\n\t\t\t\t<div class=\"elementor-element elementor-element-6b2e522 elementor-widget elementor-widget-image\" data-id=\"6b2e522\" data-element_type=\"widget\" data-e-type=\"widget\" data-widget_type=\"image.default\">\n\t\t\t\t<div class=\"elementor-widget-container\">\n\t\t\t\t\t\t\t\t\t\t\t\t<figure class=\"wp-caption\">\n\t\t\t\t\t\t\t\t\t\t<img loading=\"lazy\" decoding=\"async\" width=\"768\" height=\"511\" src=\"https:\/\/www.elturistatranquil.com\/wp-content\/uploads\/F39-Castillo-de-Santa-Catalina-Jaen.jpg\" class=\"attachment-large size-large wp-image-32738\" alt=\"Castillo de Santa Catalina, Jaen\" srcset=\"https:\/\/www.elturistatranquil.com\/wp-content\/uploads\/F39-Castillo-de-Santa-Catalina-Jaen.jpg 768w, https:\/\/www.elturistatranquil.com\/wp-content\/uploads\/F39-Castillo-de-Santa-Catalina-Jaen-339x226.jpg 339w\" sizes=\"(max-width: 768px) 100vw, 768px\" \/>\t\t\t\t\t\t\t\t\t\t\t<figcaption class=\"widget-image-caption wp-caption-text\"><\/figcaption>\n\t\t\t\t\t\t\t\t\t\t<\/figure>\n\t\t\t\t\t\t\t\t\t<\/div>\n\t\t\t\t<\/div>\n\t\t\t\t<div class=\"elementor-element elementor-element-590a57d elementor-widget elementor-widget-text-editor\" data-id=\"590a57d\" data-element_type=\"widget\" data-e-type=\"widget\" data-widget_type=\"text-editor.default\">\n\t\t\t\t<div class=\"elementor-widget-container\">\n\t\t\t\t\t\t\t\t\t<p>Sobre aquesta torre es va construir al segle XX una estada superior que no existia.<\/p>\t\t\t\t\t\t\t\t<\/div>\n\t\t\t\t<\/div>\n\t\t\t\t<div class=\"elementor-element elementor-element-457fd9e elementor-widget elementor-widget-image\" data-id=\"457fd9e\" data-element_type=\"widget\" data-e-type=\"widget\" data-widget_type=\"image.default\">\n\t\t\t\t<div class=\"elementor-widget-container\">\n\t\t\t\t\t\t\t\t\t\t\t\t<figure class=\"wp-caption\">\n\t\t\t\t\t\t\t\t\t\t<img loading=\"lazy\" decoding=\"async\" width=\"366\" height=\"550\" src=\"https:\/\/www.elturistatranquil.com\/wp-content\/uploads\/F40-Castillo-de-Santa-Catalina-Jaen.jpg\" class=\"attachment-large size-large wp-image-32740\" alt=\"Castillo de Santa Catalina, Jaen\" srcset=\"https:\/\/www.elturistatranquil.com\/wp-content\/uploads\/F40-Castillo-de-Santa-Catalina-Jaen.jpg 366w, https:\/\/www.elturistatranquil.com\/wp-content\/uploads\/F40-Castillo-de-Santa-Catalina-Jaen-150x226.jpg 150w\" sizes=\"(max-width: 366px) 100vw, 366px\" \/>\t\t\t\t\t\t\t\t\t\t\t<figcaption class=\"widget-image-caption wp-caption-text\"><\/figcaption>\n\t\t\t\t\t\t\t\t\t\t<\/figure>\n\t\t\t\t\t\t\t\t\t<\/div>\n\t\t\t\t<\/div>\n\t\t\t\t<div class=\"elementor-element elementor-element-e856d70 elementor-widget elementor-widget-text-editor\" data-id=\"e856d70\" data-element_type=\"widget\" data-e-type=\"widget\" data-widget_type=\"text-editor.default\">\n\t\t\t\t<div class=\"elementor-widget-container\">\n\t\t\t\t\t\t\t\t\t<p>A l&#8217;interior cont\u00ednua el Centre d&#8217;Interpretaci\u00f3, amb la cronologia de la hist\u00f2ria de Ja\u00e9n, i altres elements explicatius. Per exemple, la reproducci\u00f3 de mapes hist\u00f2rics.<\/p><p>El seg\u00fcent pl\u00e0nol correspon a l&#8217;any 1240, amb edificis hist\u00f2rics de data posterior fins 1430.<\/p>\t\t\t\t\t\t\t\t<\/div>\n\t\t\t\t<\/div>\n\t\t\t\t<div class=\"elementor-element elementor-element-a40f532 elementor-widget elementor-widget-image\" data-id=\"a40f532\" data-element_type=\"widget\" data-e-type=\"widget\" data-widget_type=\"image.default\">\n\t\t\t\t<div class=\"elementor-widget-container\">\n\t\t\t\t\t\t\t\t\t\t\t\t<figure class=\"wp-caption\">\n\t\t\t\t\t\t\t\t\t\t<img loading=\"lazy\" decoding=\"async\" width=\"768\" height=\"511\" src=\"https:\/\/www.elturistatranquil.com\/wp-content\/uploads\/F41-Castillo-de-Santa-Catalina-Jaen.jpg\" class=\"attachment-large size-large wp-image-32742\" alt=\"Castillo de Santa Catalina, Jaen\" srcset=\"https:\/\/www.elturistatranquil.com\/wp-content\/uploads\/F41-Castillo-de-Santa-Catalina-Jaen.jpg 768w, https:\/\/www.elturistatranquil.com\/wp-content\/uploads\/F41-Castillo-de-Santa-Catalina-Jaen-339x226.jpg 339w\" sizes=\"(max-width: 768px) 100vw, 768px\" \/>\t\t\t\t\t\t\t\t\t\t\t<figcaption class=\"widget-image-caption wp-caption-text\"><\/figcaption>\n\t\t\t\t\t\t\t\t\t\t<\/figure>\n\t\t\t\t\t\t\t\t\t<\/div>\n\t\t\t\t<\/div>\n\t\t\t\t<div class=\"elementor-element elementor-element-2db03f0 elementor-widget elementor-widget-text-editor\" data-id=\"2db03f0\" data-element_type=\"widget\" data-e-type=\"widget\" data-widget_type=\"text-editor.default\">\n\t\t\t\t<div class=\"elementor-widget-container\">\n\t\t\t\t\t\t\t\t\t<p>Un altre pl\u00e0nol est\u00e0 datat el 1787, amb una vista oriental de la ciutat.<\/p>\t\t\t\t\t\t\t\t<\/div>\n\t\t\t\t<\/div>\n\t\t\t\t<div class=\"elementor-element elementor-element-c93cf59 elementor-widget elementor-widget-menu-anchor\" data-id=\"c93cf59\" data-element_type=\"widget\" data-e-type=\"widget\" data-widget_type=\"menu-anchor.default\">\n\t\t\t\t<div class=\"elementor-widget-container\">\n\t\t\t\t\t\t\t<div class=\"elementor-menu-anchor\" id=\"b4910\"><\/div>\n\t\t\t\t\t\t<\/div>\n\t\t\t\t<\/div>\n\t\t\t\t<div class=\"elementor-element elementor-element-eb86c9c elementor-widget elementor-widget-image\" data-id=\"eb86c9c\" data-element_type=\"widget\" data-e-type=\"widget\" data-widget_type=\"image.default\">\n\t\t\t\t<div class=\"elementor-widget-container\">\n\t\t\t\t\t\t\t\t\t\t\t\t<figure class=\"wp-caption\">\n\t\t\t\t\t\t\t\t\t\t<img loading=\"lazy\" decoding=\"async\" width=\"768\" height=\"512\" src=\"https:\/\/www.elturistatranquil.com\/wp-content\/uploads\/F42-Castillo-de-Santa-Catalina-Jaen.jpg\" class=\"attachment-large size-large wp-image-32744\" alt=\"Castillo de Santa Catalina, Jaen\" srcset=\"https:\/\/www.elturistatranquil.com\/wp-content\/uploads\/F42-Castillo-de-Santa-Catalina-Jaen.jpg 768w, https:\/\/www.elturistatranquil.com\/wp-content\/uploads\/F42-Castillo-de-Santa-Catalina-Jaen-339x226.jpg 339w\" sizes=\"(max-width: 768px) 100vw, 768px\" \/>\t\t\t\t\t\t\t\t\t\t\t<figcaption class=\"widget-image-caption wp-caption-text\"><\/figcaption>\n\t\t\t\t\t\t\t\t\t\t<\/figure>\n\t\t\t\t\t\t\t\t\t<\/div>\n\t\t\t\t<\/div>\n\t\t\t\t<div class=\"elementor-element elementor-element-328ac1d elementor-widget elementor-widget-heading\" data-id=\"328ac1d\" data-element_type=\"widget\" data-e-type=\"widget\" data-widget_type=\"heading.default\">\n\t\t\t\t<div class=\"elementor-widget-container\">\n\t\t\t\t\t<h3 class=\"elementor-heading-title elementor-size-default\">Restes Arqueol\u00f2giques. Palau isl\u00e0mic. Hospital<\/h3>\t\t\t\t<\/div>\n\t\t\t\t<\/div>\n\t\t\t\t<div class=\"elementor-element elementor-element-f77cd1a elementor-widget elementor-widget-text-editor\" data-id=\"f77cd1a\" data-element_type=\"widget\" data-e-type=\"widget\" data-widget_type=\"text-editor.default\">\n\t\t\t\t<div class=\"elementor-widget-container\">\n\t\t\t\t\t\t\t\t\t<p>El recorregut es prossegueix pel cam\u00ed de ronda fins a la torre de la Vela. Des de la petita esplanada davant la Torre de la Vela, i mirant cap a l&#8217;interior de Castell, es poden apreciar les excavacions arqueol\u00f2giques (<strong>6<\/strong>) dutes a terme al pati d&#8217;armes superior, on s&#8217;han trobat, al costat dret, els fonaments del <strong>Palau isl\u00e0mic<\/strong> (<strong>6<\/strong>) d&#8217;\u00e8poca \u00e0rab del segle XI, dotat de magatzems, cellers i altres serveis necessaris, aix\u00ed com dos aljubs de la mateixa \u00e8poca, un mol\u00ed de segle XV. A l&#8217;esquerra el rectangle dels fonaments de l&#8217;hospital constru\u00eft durant l&#8217;ocupaci\u00f3 francesa (segle XIX).<\/p>\t\t\t\t\t\t\t\t<\/div>\n\t\t\t\t<\/div>\n\t\t\t\t<div class=\"elementor-element elementor-element-d3ba820 elementor-widget elementor-widget-image\" data-id=\"d3ba820\" data-element_type=\"widget\" data-e-type=\"widget\" data-widget_type=\"image.default\">\n\t\t\t\t<div class=\"elementor-widget-container\">\n\t\t\t\t\t\t\t\t\t\t\t\t<figure class=\"wp-caption\">\n\t\t\t\t\t\t\t\t\t\t<img loading=\"lazy\" decoding=\"async\" width=\"768\" height=\"511\" src=\"https:\/\/www.elturistatranquil.com\/wp-content\/uploads\/F43-Castillo-de-Santa-Catalina-Jaen.jpg\" class=\"attachment-large size-large wp-image-32746\" alt=\"Castillo de Santa Catalina, Jaen\" srcset=\"https:\/\/www.elturistatranquil.com\/wp-content\/uploads\/F43-Castillo-de-Santa-Catalina-Jaen.jpg 768w, https:\/\/www.elturistatranquil.com\/wp-content\/uploads\/F43-Castillo-de-Santa-Catalina-Jaen-339x226.jpg 339w\" sizes=\"(max-width: 768px) 100vw, 768px\" \/>\t\t\t\t\t\t\t\t\t\t\t<figcaption class=\"widget-image-caption wp-caption-text\"><\/figcaption>\n\t\t\t\t\t\t\t\t\t\t<\/figure>\n\t\t\t\t\t\t\t\t\t<\/div>\n\t\t\t\t<\/div>\n\t\t\t\t<div class=\"elementor-element elementor-element-56d6b35 elementor-widget elementor-widget-text-editor\" data-id=\"56d6b35\" data-element_type=\"widget\" data-e-type=\"widget\" data-widget_type=\"text-editor.default\">\n\t\t\t\t<div class=\"elementor-widget-container\">\n\t\t\t\t\t\t\t\t\t<p>Aquesta fotografia de l&#8217;hospital va ser presa des de la zona de la torre de l&#8217;Homenatge. Darrere es veu la torre de la Vela i la Creu del Castell al fons del tur\u00f3.<\/p>\t\t\t\t\t\t\t\t<\/div>\n\t\t\t\t<\/div>\n\t\t\t\t<div class=\"elementor-element elementor-element-0fc4e99 elementor-widget elementor-widget-image\" data-id=\"0fc4e99\" data-element_type=\"widget\" data-e-type=\"widget\" data-widget_type=\"image.default\">\n\t\t\t\t<div class=\"elementor-widget-container\">\n\t\t\t\t\t\t\t\t\t\t\t\t<figure class=\"wp-caption\">\n\t\t\t\t\t\t\t\t\t\t<img loading=\"lazy\" decoding=\"async\" width=\"768\" height=\"511\" src=\"https:\/\/www.elturistatranquil.com\/wp-content\/uploads\/F10-Castillo-de-Santa-Catalina-Jaen.-Hospital.jpg\" class=\"attachment-large size-large wp-image-32671\" alt=\"Castillo de Santa Catalina, Jaen. Hospital\" srcset=\"https:\/\/www.elturistatranquil.com\/wp-content\/uploads\/F10-Castillo-de-Santa-Catalina-Jaen.-Hospital.jpg 768w, https:\/\/www.elturistatranquil.com\/wp-content\/uploads\/F10-Castillo-de-Santa-Catalina-Jaen.-Hospital-339x226.jpg 339w\" sizes=\"(max-width: 768px) 100vw, 768px\" \/>\t\t\t\t\t\t\t\t\t\t\t<figcaption class=\"widget-image-caption wp-caption-text\"><\/figcaption>\n\t\t\t\t\t\t\t\t\t\t<\/figure>\n\t\t\t\t\t\t\t\t\t<\/div>\n\t\t\t\t<\/div>\n\t\t\t\t<div class=\"elementor-element elementor-element-e8cffc7 elementor-widget elementor-widget-text-editor\" data-id=\"e8cffc7\" data-element_type=\"widget\" data-e-type=\"widget\" data-widget_type=\"text-editor.default\">\n\t\t\t\t<div class=\"elementor-widget-container\">\n\t\t\t\t\t\t\t\t\t<p>La superposici\u00f3 de murs concentra m\u00e9s de 1000 anys d&#8217;hist\u00f2ria. Les excavacions arqueol\u00f2giques han tret a la llum les restes de magatzems subterranis d&#8217;\u00e8poca cristiana, en els que va existir fins i tot un mol\u00ed. Propers a aquells elements es van localitzar vestigis d&#8217;un palau isl\u00e0mic constru\u00eft al segle XII. La pobresa dels materials constructius emprats (ma\u00e7oneria i al\u00e7at de t\u00e0pia d&#8217;argamassa) va ser solucionada recobrint les seves parets d\u2019ataurics amb motius decoratius geom\u00e8trics i vegetals, reproduccions que hem observat a la Torre de les Dames.<\/p><p>L&#8217;acusada topografia sobre la qual va ser edificada la zona residencial en dos nivells, va aprofitar els profunds escarpes existents entre la muralla de l&#8217;Alc\u00e0sser i els afloraments rocosos del tur\u00f3. A la planta superior es situava la zona noble, on hi havia les estances de major riquesa decorativa, mentre els espais subterranis es van utilitzar com a cellers i magatzems.<\/p>\t\t\t\t\t\t\t\t<\/div>\n\t\t\t\t<\/div>\n\t\t\t\t<div class=\"elementor-element elementor-element-59c042a elementor-widget elementor-widget-image\" data-id=\"59c042a\" data-element_type=\"widget\" data-e-type=\"widget\" data-widget_type=\"image.default\">\n\t\t\t\t<div class=\"elementor-widget-container\">\n\t\t\t\t\t\t\t\t\t\t\t\t<figure class=\"wp-caption\">\n\t\t\t\t\t\t\t\t\t\t<img loading=\"lazy\" decoding=\"async\" width=\"768\" height=\"511\" src=\"https:\/\/www.elturistatranquil.com\/wp-content\/uploads\/F44-Castillo-de-Santa-Catalina-Jaen.jpg\" class=\"attachment-large size-large wp-image-32748\" alt=\"Castillo de Santa Catalina, Jaen\" srcset=\"https:\/\/www.elturistatranquil.com\/wp-content\/uploads\/F44-Castillo-de-Santa-Catalina-Jaen.jpg 768w, https:\/\/www.elturistatranquil.com\/wp-content\/uploads\/F44-Castillo-de-Santa-Catalina-Jaen-339x226.jpg 339w\" sizes=\"(max-width: 768px) 100vw, 768px\" \/>\t\t\t\t\t\t\t\t\t\t\t<figcaption class=\"widget-image-caption wp-caption-text\"><\/figcaption>\n\t\t\t\t\t\t\t\t\t\t<\/figure>\n\t\t\t\t\t\t\t\t\t<\/div>\n\t\t\t\t<\/div>\n\t\t\t\t<div class=\"elementor-element elementor-element-e062318 elementor-widget elementor-widget-menu-anchor\" data-id=\"e062318\" data-element_type=\"widget\" data-e-type=\"widget\" data-widget_type=\"menu-anchor.default\">\n\t\t\t\t<div class=\"elementor-widget-container\">\n\t\t\t\t\t\t\t<div class=\"elementor-menu-anchor\" id=\"b4911\"><\/div>\n\t\t\t\t\t\t<\/div>\n\t\t\t\t<\/div>\n\t\t\t\t<div class=\"elementor-element elementor-element-8b966ac elementor-widget elementor-widget-image\" data-id=\"8b966ac\" data-element_type=\"widget\" data-e-type=\"widget\" data-widget_type=\"image.default\">\n\t\t\t\t<div class=\"elementor-widget-container\">\n\t\t\t\t\t\t\t\t\t\t\t\t<figure class=\"wp-caption\">\n\t\t\t\t\t\t\t\t\t\t<img loading=\"lazy\" decoding=\"async\" width=\"768\" height=\"511\" src=\"https:\/\/www.elturistatranquil.com\/wp-content\/uploads\/F45-Castillo-de-Santa-Catalina-Jaen.jpg\" class=\"attachment-large size-large wp-image-32752\" alt=\"Castillo de Santa Catalina, Jaen\" srcset=\"https:\/\/www.elturistatranquil.com\/wp-content\/uploads\/F45-Castillo-de-Santa-Catalina-Jaen.jpg 768w, https:\/\/www.elturistatranquil.com\/wp-content\/uploads\/F45-Castillo-de-Santa-Catalina-Jaen-339x226.jpg 339w\" sizes=\"(max-width: 768px) 100vw, 768px\" \/>\t\t\t\t\t\t\t\t\t\t\t<figcaption class=\"widget-image-caption wp-caption-text\"><\/figcaption>\n\t\t\t\t\t\t\t\t\t\t<\/figure>\n\t\t\t\t\t\t\t\t\t<\/div>\n\t\t\t\t<\/div>\n\t\t\t\t<div class=\"elementor-element elementor-element-b44b340 elementor-widget elementor-widget-heading\" data-id=\"b44b340\" data-element_type=\"widget\" data-e-type=\"widget\" data-widget_type=\"heading.default\">\n\t\t\t\t<div class=\"elementor-widget-container\">\n\t\t\t\t\t<h3 class=\"elementor-heading-title elementor-size-default\">Torre de la Vela <\/h3>\t\t\t\t<\/div>\n\t\t\t\t<\/div>\n\t\t\t\t<div class=\"elementor-element elementor-element-fde8ee3 elementor-widget elementor-widget-text-editor\" data-id=\"fde8ee3\" data-element_type=\"widget\" data-e-type=\"widget\" data-widget_type=\"text-editor.default\">\n\t\t\t\t<div class=\"elementor-widget-container\">\n\t\t\t\t\t\t\t\t\t<p>La <strong>Torre de la Vela<\/strong> o <strong>de la Gu\u00e0rdia<\/strong> (<strong>7<\/strong>) forma l&#8217;extrem est de la fortificaci\u00f3. T\u00e9 planta pentagonal a proa, i aprofita l&#8217;\u00fanica torre isl\u00e0mica de la fortificaci\u00f3, que va poder ser utilitzada com a magatzem. Sobre aquesta es va habilitar una depend\u00e8ncia adovellada, i damunt d&#8217;ella una altra petita habitaci\u00f3 coberta amb volta de can\u00f3 apuntada, utilitzada com a magatzem i dormitori de la guarnici\u00f3. Deu el seu nom al fet que, des del seu terrat, s&#8217;emetien senyals lluminosos a altres llocs defensius de l&#8217;entorn.<\/p>\t\t\t\t\t\t\t\t<\/div>\n\t\t\t\t<\/div>\n\t\t\t\t<div class=\"elementor-element elementor-element-a30d38b elementor-widget elementor-widget-image\" data-id=\"a30d38b\" data-element_type=\"widget\" data-e-type=\"widget\" data-widget_type=\"image.default\">\n\t\t\t\t<div class=\"elementor-widget-container\">\n\t\t\t\t\t\t\t\t\t\t\t\t<figure class=\"wp-caption\">\n\t\t\t\t\t\t\t\t\t\t<img loading=\"lazy\" decoding=\"async\" width=\"768\" height=\"512\" src=\"https:\/\/www.elturistatranquil.com\/wp-content\/uploads\/F46-Castillo-de-Santa-Catalina-Jaen.jpg\" class=\"attachment-large size-large wp-image-32759\" alt=\"Castillo de Santa Catalina, Jaen\" srcset=\"https:\/\/www.elturistatranquil.com\/wp-content\/uploads\/F46-Castillo-de-Santa-Catalina-Jaen.jpg 768w, https:\/\/www.elturistatranquil.com\/wp-content\/uploads\/F46-Castillo-de-Santa-Catalina-Jaen-339x226.jpg 339w\" sizes=\"(max-width: 768px) 100vw, 768px\" \/>\t\t\t\t\t\t\t\t\t\t\t<figcaption class=\"widget-image-caption wp-caption-text\"><\/figcaption>\n\t\t\t\t\t\t\t\t\t\t<\/figure>\n\t\t\t\t\t\t\t\t\t<\/div>\n\t\t\t\t<\/div>\n\t\t\t\t<div class=\"elementor-element elementor-element-1e897bd elementor-widget elementor-widget-text-editor\" data-id=\"1e897bd\" data-element_type=\"widget\" data-e-type=\"widget\" data-widget_type=\"text-editor.default\">\n\t\t\t\t<div class=\"elementor-widget-container\">\n\t\t\t\t\t\t\t\t\t<p>Continuen exposant explicacions sobre el recinte.<\/p>\t\t\t\t\t\t\t\t<\/div>\n\t\t\t\t<\/div>\n\t\t\t\t<section class=\"elementor-section elementor-inner-section elementor-element elementor-element-81496dd elementor-section-boxed elementor-section-height-default elementor-section-height-default\" data-id=\"81496dd\" data-element_type=\"section\" data-e-type=\"section\">\n\t\t\t\t\t\t<div class=\"elementor-container elementor-column-gap-default\">\n\t\t\t\t\t<div class=\"elementor-column elementor-col-50 elementor-inner-column elementor-element elementor-element-0ba468a\" data-id=\"0ba468a\" data-element_type=\"column\" data-e-type=\"column\">\n\t\t\t<div class=\"elementor-widget-wrap elementor-element-populated\">\n\t\t\t\t\t\t<div class=\"elementor-element elementor-element-8ad6b0c elementor-widget elementor-widget-image\" data-id=\"8ad6b0c\" data-element_type=\"widget\" data-e-type=\"widget\" data-widget_type=\"image.default\">\n\t\t\t\t<div class=\"elementor-widget-container\">\n\t\t\t\t\t\t\t\t\t\t\t\t\t\t\t<img loading=\"lazy\" decoding=\"async\" width=\"366\" height=\"550\" src=\"https:\/\/www.elturistatranquil.com\/wp-content\/uploads\/F47m-Castillo-de-Santa-Catalina-Jaen.jpg\" class=\"attachment-large size-large wp-image-32761\" alt=\"Castillo de Santa Catalina, Jaen\" srcset=\"https:\/\/www.elturistatranquil.com\/wp-content\/uploads\/F47m-Castillo-de-Santa-Catalina-Jaen.jpg 366w, https:\/\/www.elturistatranquil.com\/wp-content\/uploads\/F47m-Castillo-de-Santa-Catalina-Jaen-150x226.jpg 150w\" sizes=\"(max-width: 366px) 100vw, 366px\" \/>\t\t\t\t\t\t\t\t\t\t\t\t\t\t\t<\/div>\n\t\t\t\t<\/div>\n\t\t\t\t\t<\/div>\n\t\t<\/div>\n\t\t\t\t<div class=\"elementor-column elementor-col-50 elementor-inner-column elementor-element elementor-element-e0c7dcd\" data-id=\"e0c7dcd\" data-element_type=\"column\" data-e-type=\"column\">\n\t\t\t<div class=\"elementor-widget-wrap elementor-element-populated\">\n\t\t\t\t\t\t<div class=\"elementor-element elementor-element-abde2d8 elementor-widget elementor-widget-image\" data-id=\"abde2d8\" data-element_type=\"widget\" data-e-type=\"widget\" data-widget_type=\"image.default\">\n\t\t\t\t<div class=\"elementor-widget-container\">\n\t\t\t\t\t\t\t\t\t\t\t\t\t\t\t<img loading=\"lazy\" decoding=\"async\" width=\"366\" height=\"550\" src=\"https:\/\/www.elturistatranquil.com\/wp-content\/uploads\/F47n-Castillo-de-Santa-Catalina-Jaen.jpg\" class=\"attachment-large size-large wp-image-32763\" alt=\"Castillo de Santa Catalina, Jaen\" srcset=\"https:\/\/www.elturistatranquil.com\/wp-content\/uploads\/F47n-Castillo-de-Santa-Catalina-Jaen.jpg 366w, https:\/\/www.elturistatranquil.com\/wp-content\/uploads\/F47n-Castillo-de-Santa-Catalina-Jaen-150x226.jpg 150w\" sizes=\"(max-width: 366px) 100vw, 366px\" \/>\t\t\t\t\t\t\t\t\t\t\t\t\t\t\t<\/div>\n\t\t\t\t<\/div>\n\t\t\t\t\t<\/div>\n\t\t<\/div>\n\t\t\t\t\t<\/div>\n\t\t<\/section>\n\t\t\t\t<div class=\"elementor-element elementor-element-d8aa419 elementor-widget elementor-widget-text-editor\" data-id=\"d8aa419\" data-element_type=\"widget\" data-e-type=\"widget\" data-widget_type=\"text-editor.default\">\n\t\t\t\t<div class=\"elementor-widget-container\">\n\t\t\t\t\t\t\t\t\t<p>\u00a0<\/p><p>Entre els elements explicatius se&#8217;ns presenta personalitzacions de dos personatges clau en el trasp\u00e0s de poders.<\/p><p><strong>Muhammad ibn Yusuf ibn Nasr, Al-Ahamar (1194-1273)<\/strong><\/p><p><em>&#8220;Vaig n\u00e9ixer a prop d&#8217;aqu\u00ed, a Arjona, en el si de la fam\u00edlia dels Banu Nasr, vinculada al profeta Mahoma. Vaig lluitar aamb fermesa per protegir la meva terra de castellans i fins i tot d&#8217;alguns reis musulmans vassalls del rei cristi\u00e0. Ho vaig tenir m\u00e9s remei de cedir la meva estimada Yayyan a canvi d&#8217;una treva per consolidar el recentment creat Regne Nassarita de Granada que va perdurar durant m\u00e9s de dos segles, fins al 1492.<\/em><\/p><p><em>A causa del Pacte de Ja\u00e9n amb Fernando III vaig haver de rendir-li vassallatge, comprometent-me al pagament de 150.000 maraved\u00edes anuals i a prestar-li ajuda militar. A canvi em va proporcionar un per\u00edode de pau i seguretat al Regne Nassarita de Granada.&#8221;<\/em><\/p>\t\t\t\t\t\t\t\t<\/div>\n\t\t\t\t<\/div>\n\t\t\t\t<div class=\"elementor-element elementor-element-9ab239b elementor-widget elementor-widget-image\" data-id=\"9ab239b\" data-element_type=\"widget\" data-e-type=\"widget\" data-widget_type=\"image.default\">\n\t\t\t\t<div class=\"elementor-widget-container\">\n\t\t\t\t\t\t\t\t\t\t\t\t<figure class=\"wp-caption\">\n\t\t\t\t\t\t\t\t\t\t<img loading=\"lazy\" decoding=\"async\" width=\"768\" height=\"511\" src=\"https:\/\/www.elturistatranquil.com\/wp-content\/uploads\/F48-Castillo-de-Santa-Catalina-Jaen.jpg\" class=\"attachment-large size-large wp-image-32765\" alt=\"Castillo de Santa Catalina, Jaen\" srcset=\"https:\/\/www.elturistatranquil.com\/wp-content\/uploads\/F48-Castillo-de-Santa-Catalina-Jaen.jpg 768w, https:\/\/www.elturistatranquil.com\/wp-content\/uploads\/F48-Castillo-de-Santa-Catalina-Jaen-339x226.jpg 339w\" sizes=\"(max-width: 768px) 100vw, 768px\" \/>\t\t\t\t\t\t\t\t\t\t\t<figcaption class=\"widget-image-caption wp-caption-text\"><\/figcaption>\n\t\t\t\t\t\t\t\t\t\t<\/figure>\n\t\t\t\t\t\t\t\t\t<\/div>\n\t\t\t\t<\/div>\n\t\t\t\t<div class=\"elementor-element elementor-element-b6b2363 elementor-widget elementor-widget-text-editor\" data-id=\"b6b2363\" data-element_type=\"widget\" data-e-type=\"widget\" data-widget_type=\"text-editor.default\">\n\t\t\t\t<div class=\"elementor-widget-container\">\n\t\t\t\t\t\t\t\t\t<p><strong>Fernando III el Santo (1199-1252)<\/strong><\/p><p><em>&#8220;Vaig conquerir les terres de C\u00f2rdova, Sevilla, Ja\u00e9n i M\u00farcia que havien estat sota domini musulm\u00e0 durant m\u00e9s de cinc segles. Vaig heretar el Regne de Castella per part de la mare i el de Lle\u00f3 per la del meu pare, ampliant els seus territoris. La cultura va ser un dels pilars de la meva cort, aix\u00ed em vaig fer envoltar de bons literats i m\u00fasics. El meu fill Alfonso X &#8220;el Sabio&#8221; va heretar aquest amor pel coneixement.<\/em><\/p><p><em>Encara recordo la victoriosa entrada a la ciutat de Ja\u00e9n. En primer lloc, anava l&#8217;ex\u00e8rcit amb les seves banderes, seguit de les mil\u00edcies dels Concejos amb els seus penons. Els prelats, religiosos i sacerdots acompanyaven una imatge de la Verge i tot seguit jo, el rei, amb els <\/em>ricoshombres<em> de Castella i de Lle\u00f3 i els mestres i freires de les Ordres Militars. Vam anar directament a la Mesquita Major, la vaig purificar i consagrar a Santa Maria.&#8221;<\/em><\/p>\t\t\t\t\t\t\t\t<\/div>\n\t\t\t\t<\/div>\n\t\t\t\t<div class=\"elementor-element elementor-element-bd34390 elementor-widget elementor-widget-image\" data-id=\"bd34390\" data-element_type=\"widget\" data-e-type=\"widget\" data-widget_type=\"image.default\">\n\t\t\t\t<div class=\"elementor-widget-container\">\n\t\t\t\t\t\t\t\t\t\t\t\t<figure class=\"wp-caption\">\n\t\t\t\t\t\t\t\t\t\t<img loading=\"lazy\" decoding=\"async\" width=\"768\" height=\"511\" src=\"https:\/\/www.elturistatranquil.com\/wp-content\/uploads\/F49-Castillo-de-Santa-Catalina-Jaen.jpg\" class=\"attachment-large size-large wp-image-32767\" alt=\"Castillo de Santa Catalina, Jaen\" srcset=\"https:\/\/www.elturistatranquil.com\/wp-content\/uploads\/F49-Castillo-de-Santa-Catalina-Jaen.jpg 768w, https:\/\/www.elturistatranquil.com\/wp-content\/uploads\/F49-Castillo-de-Santa-Catalina-Jaen-339x226.jpg 339w\" sizes=\"(max-width: 768px) 100vw, 768px\" \/>\t\t\t\t\t\t\t\t\t\t\t<figcaption class=\"widget-image-caption wp-caption-text\"><\/figcaption>\n\t\t\t\t\t\t\t\t\t\t<\/figure>\n\t\t\t\t\t\t\t\t\t<\/div>\n\t\t\t\t<\/div>\n\t\t\t\t<div class=\"elementor-element elementor-element-4423188 elementor-widget elementor-widget-text-editor\" data-id=\"4423188\" data-element_type=\"widget\" data-e-type=\"widget\" data-widget_type=\"text-editor.default\">\n\t\t\t\t<div class=\"elementor-widget-container\">\n\t\t\t\t\t\t\t\t\t<p>Des de la torre es pot gaudir de vistes sobre el recinte i les torres de l&#8217;Homenatge, de les Dames i albarranes, de l&#8217;entorn natural del Castell i de la ciutat.<\/p>\t\t\t\t\t\t\t\t<\/div>\n\t\t\t\t<\/div>\n\t\t\t\t<div class=\"elementor-element elementor-element-abc0c79 elementor-widget elementor-widget-image\" data-id=\"abc0c79\" data-element_type=\"widget\" data-e-type=\"widget\" data-widget_type=\"image.default\">\n\t\t\t\t<div class=\"elementor-widget-container\">\n\t\t\t\t\t\t\t\t\t\t\t\t<figure class=\"wp-caption\">\n\t\t\t\t\t\t\t\t\t\t<img loading=\"lazy\" decoding=\"async\" width=\"768\" height=\"511\" src=\"https:\/\/www.elturistatranquil.com\/wp-content\/uploads\/F50-Castillo-de-Santa-Catalina-Jaen.jpg\" class=\"attachment-large size-large wp-image-32769\" alt=\"Castillo de Santa Catalina, Jaen\" srcset=\"https:\/\/www.elturistatranquil.com\/wp-content\/uploads\/F50-Castillo-de-Santa-Catalina-Jaen.jpg 768w, https:\/\/www.elturistatranquil.com\/wp-content\/uploads\/F50-Castillo-de-Santa-Catalina-Jaen-339x226.jpg 339w\" sizes=\"(max-width: 768px) 100vw, 768px\" \/>\t\t\t\t\t\t\t\t\t\t\t<figcaption class=\"widget-image-caption wp-caption-text\"><\/figcaption>\n\t\t\t\t\t\t\t\t\t\t<\/figure>\n\t\t\t\t\t\t\t\t\t<\/div>\n\t\t\t\t<\/div>\n\t\t\t\t<div class=\"elementor-element elementor-element-6ab1bdc elementor-widget elementor-widget-text-editor\" data-id=\"6ab1bdc\" data-element_type=\"widget\" data-e-type=\"widget\" data-widget_type=\"text-editor.default\">\n\t\t\t\t<div class=\"elementor-widget-container\">\n\t\t\t\t\t\t\t\t\t<p>En l&#8217;angle sortint de el mur de l&#8217;esquerra es pot observar el portell (<strong>10<\/strong>) de qu\u00e8 parlar\u00e9 m\u00e9s endavant.<\/p>\t\t\t\t\t\t\t\t<\/div>\n\t\t\t\t<\/div>\n\t\t\t\t<div class=\"elementor-element elementor-element-f83c86a elementor-widget elementor-widget-image\" data-id=\"f83c86a\" data-element_type=\"widget\" data-e-type=\"widget\" data-widget_type=\"image.default\">\n\t\t\t\t<div class=\"elementor-widget-container\">\n\t\t\t\t\t\t\t\t\t\t\t\t<figure class=\"wp-caption\">\n\t\t\t\t\t\t\t\t\t\t<img decoding=\"async\" src=\"https:\/\/www.elturistatranquil.com\/wp-content\/uploads\/F51-Castillo-de-Santa-Catalina-Jaen.jpg\" title=\"\" alt=\"\" loading=\"lazy\" \/>\t\t\t\t\t\t\t\t\t\t\t<figcaption class=\"widget-image-caption wp-caption-text\"><\/figcaption>\n\t\t\t\t\t\t\t\t\t\t<\/figure>\n\t\t\t\t\t\t\t\t\t<\/div>\n\t\t\t\t<\/div>\n\t\t\t\t<div class=\"elementor-element elementor-element-f7859f1 elementor-widget elementor-widget-image\" data-id=\"f7859f1\" data-element_type=\"widget\" data-e-type=\"widget\" data-widget_type=\"image.default\">\n\t\t\t\t<div class=\"elementor-widget-container\">\n\t\t\t\t\t\t\t\t\t\t\t\t<figure class=\"wp-caption\">\n\t\t\t\t\t\t\t\t\t\t<img loading=\"lazy\" decoding=\"async\" width=\"768\" height=\"511\" src=\"https:\/\/www.elturistatranquil.com\/wp-content\/uploads\/F52-Castillo-de-Santa-Catalina-Jaen.jpg\" class=\"attachment-large size-large wp-image-32773\" alt=\"Castillo de Santa Catalina, Jaen\" srcset=\"https:\/\/www.elturistatranquil.com\/wp-content\/uploads\/F52-Castillo-de-Santa-Catalina-Jaen.jpg 768w, https:\/\/www.elturistatranquil.com\/wp-content\/uploads\/F52-Castillo-de-Santa-Catalina-Jaen-339x226.jpg 339w\" sizes=\"(max-width: 768px) 100vw, 768px\" \/>\t\t\t\t\t\t\t\t\t\t\t<figcaption class=\"widget-image-caption wp-caption-text\"><\/figcaption>\n\t\t\t\t\t\t\t\t\t\t<\/figure>\n\t\t\t\t\t\t\t\t\t<\/div>\n\t\t\t\t<\/div>\n\t\t\t\t<div class=\"elementor-element elementor-element-c306f57 elementor-widget elementor-widget-image\" data-id=\"c306f57\" data-element_type=\"widget\" data-e-type=\"widget\" data-widget_type=\"image.default\">\n\t\t\t\t<div class=\"elementor-widget-container\">\n\t\t\t\t\t\t\t\t\t\t\t\t<figure class=\"wp-caption\">\n\t\t\t\t\t\t\t\t\t\t<img loading=\"lazy\" decoding=\"async\" width=\"768\" height=\"511\" src=\"https:\/\/www.elturistatranquil.com\/wp-content\/uploads\/F53-Castillo-de-Santa-Catalina-Jaen.jpg\" class=\"attachment-large size-large wp-image-32775\" alt=\"Castillo de Santa Catalina, Jaen\" srcset=\"https:\/\/www.elturistatranquil.com\/wp-content\/uploads\/F53-Castillo-de-Santa-Catalina-Jaen.jpg 768w, https:\/\/www.elturistatranquil.com\/wp-content\/uploads\/F53-Castillo-de-Santa-Catalina-Jaen-339x226.jpg 339w\" sizes=\"(max-width: 768px) 100vw, 768px\" \/>\t\t\t\t\t\t\t\t\t\t\t<figcaption class=\"widget-image-caption wp-caption-text\"><\/figcaption>\n\t\t\t\t\t\t\t\t\t\t<\/figure>\n\t\t\t\t\t\t\t\t\t<\/div>\n\t\t\t\t<\/div>\n\t\t\t\t<div class=\"elementor-element elementor-element-ced857c elementor-widget elementor-widget-menu-anchor\" data-id=\"ced857c\" data-element_type=\"widget\" data-e-type=\"widget\" data-widget_type=\"menu-anchor.default\">\n\t\t\t\t<div class=\"elementor-widget-container\">\n\t\t\t\t\t\t\t<div class=\"elementor-menu-anchor\" id=\"b4912\"><\/div>\n\t\t\t\t\t\t<\/div>\n\t\t\t\t<\/div>\n\t\t\t\t<div class=\"elementor-element elementor-element-649ac86 elementor-widget elementor-widget-image\" data-id=\"649ac86\" data-element_type=\"widget\" data-e-type=\"widget\" data-widget_type=\"image.default\">\n\t\t\t\t<div class=\"elementor-widget-container\">\n\t\t\t\t\t\t\t\t\t\t\t\t<figure class=\"wp-caption\">\n\t\t\t\t\t\t\t\t\t\t<img loading=\"lazy\" decoding=\"async\" width=\"768\" height=\"511\" src=\"https:\/\/www.elturistatranquil.com\/wp-content\/uploads\/F54-Castillo-de-Santa-Catalina-Jaen.jpg\" class=\"attachment-large size-large wp-image-32777\" alt=\"Castillo de Santa Catalina, Jaen\" srcset=\"https:\/\/www.elturistatranquil.com\/wp-content\/uploads\/F54-Castillo-de-Santa-Catalina-Jaen.jpg 768w, https:\/\/www.elturistatranquil.com\/wp-content\/uploads\/F54-Castillo-de-Santa-Catalina-Jaen-339x226.jpg 339w\" sizes=\"(max-width: 768px) 100vw, 768px\" \/>\t\t\t\t\t\t\t\t\t\t\t<figcaption class=\"widget-image-caption wp-caption-text\"><\/figcaption>\n\t\t\t\t\t\t\t\t\t\t<\/figure>\n\t\t\t\t\t\t\t\t\t<\/div>\n\t\t\t\t<\/div>\n\t\t\t\t<div class=\"elementor-element elementor-element-a402584 elementor-widget elementor-widget-heading\" data-id=\"a402584\" data-element_type=\"widget\" data-e-type=\"widget\" data-widget_type=\"heading.default\">\n\t\t\t\t<div class=\"elementor-widget-container\">\n\t\t\t\t\t<h3 class=\"elementor-heading-title elementor-size-default\">Pres\u00f3<\/h3>\t\t\t\t<\/div>\n\t\t\t\t<\/div>\n\t\t\t\t<div class=\"elementor-element elementor-element-d894c95 elementor-widget elementor-widget-text-editor\" data-id=\"d894c95\" data-element_type=\"widget\" data-e-type=\"widget\" data-widget_type=\"text-editor.default\">\n\t\t\t\t<div class=\"elementor-widget-container\">\n\t\t\t\t\t\t\t\t\t<p>A la sortida de la Torre de la Vela, just abans de continuar pel cam\u00ed de ronda sud, es troba la <strong>pres\u00f3<\/strong> (<strong>8<\/strong>). El que fou un antic magatzem de gra en \u00e8poca musulmana i cristiana, va ser convertit en calab\u00f3s durant l&#8217;ocupaci\u00f3 francesa.<\/p>\t\t\t\t\t\t\t\t<\/div>\n\t\t\t\t<\/div>\n\t\t\t\t<div class=\"elementor-element elementor-element-6fb2f84 elementor-widget elementor-widget-image\" data-id=\"6fb2f84\" data-element_type=\"widget\" data-e-type=\"widget\" data-widget_type=\"image.default\">\n\t\t\t\t<div class=\"elementor-widget-container\">\n\t\t\t\t\t\t\t\t\t\t\t\t<figure class=\"wp-caption\">\n\t\t\t\t\t\t\t\t\t\t<img loading=\"lazy\" decoding=\"async\" width=\"768\" height=\"511\" src=\"https:\/\/www.elturistatranquil.com\/wp-content\/uploads\/F55-Castillo-de-Santa-Catalina-Jaen.jpg\" class=\"attachment-large size-large wp-image-32779\" alt=\"Castillo de Santa Catalina, Jaen\" srcset=\"https:\/\/www.elturistatranquil.com\/wp-content\/uploads\/F55-Castillo-de-Santa-Catalina-Jaen.jpg 768w, https:\/\/www.elturistatranquil.com\/wp-content\/uploads\/F55-Castillo-de-Santa-Catalina-Jaen-339x226.jpg 339w\" sizes=\"(max-width: 768px) 100vw, 768px\" \/>\t\t\t\t\t\t\t\t\t\t\t<figcaption class=\"widget-image-caption wp-caption-text\"><\/figcaption>\n\t\t\t\t\t\t\t\t\t\t<\/figure>\n\t\t\t\t\t\t\t\t\t<\/div>\n\t\t\t\t<\/div>\n\t\t\t\t<div class=\"elementor-element elementor-element-2194c02 elementor-widget elementor-widget-image\" data-id=\"2194c02\" data-element_type=\"widget\" data-e-type=\"widget\" data-widget_type=\"image.default\">\n\t\t\t\t<div class=\"elementor-widget-container\">\n\t\t\t\t\t\t\t\t\t\t\t\t<figure class=\"wp-caption\">\n\t\t\t\t\t\t\t\t\t\t<img loading=\"lazy\" decoding=\"async\" width=\"768\" height=\"511\" src=\"https:\/\/www.elturistatranquil.com\/wp-content\/uploads\/F56-Castillo-de-Santa-Catalina-Jaen.jpg\" class=\"attachment-large size-large wp-image-32781\" alt=\"Castillo de Santa Catalina, Jaen\" srcset=\"https:\/\/www.elturistatranquil.com\/wp-content\/uploads\/F56-Castillo-de-Santa-Catalina-Jaen.jpg 768w, https:\/\/www.elturistatranquil.com\/wp-content\/uploads\/F56-Castillo-de-Santa-Catalina-Jaen-339x226.jpg 339w\" sizes=\"(max-width: 768px) 100vw, 768px\" \/>\t\t\t\t\t\t\t\t\t\t\t<figcaption class=\"widget-image-caption wp-caption-text\"><\/figcaption>\n\t\t\t\t\t\t\t\t\t\t<\/figure>\n\t\t\t\t\t\t\t\t\t<\/div>\n\t\t\t\t<\/div>\n\t\t\t\t<div class=\"elementor-element elementor-element-a9a4087 elementor-widget elementor-widget-text-editor\" data-id=\"a9a4087\" data-element_type=\"widget\" data-e-type=\"widget\" data-widget_type=\"text-editor.default\">\n\t\t\t\t<div class=\"elementor-widget-container\">\n\t\t\t\t\t\t\t\t\t<p>Un presoner destacat va ser el <em>Capit\u00e0 de la Guerrilla, Pedro del Alcalde<\/em>, afusellat el 17 de juny de 1811, al qual se li dedica una escenificaci\u00f3.<\/p>\t\t\t\t\t\t\t\t<\/div>\n\t\t\t\t<\/div>\n\t\t\t\t<div class=\"elementor-element elementor-element-214df01 elementor-widget elementor-widget-menu-anchor\" data-id=\"214df01\" data-element_type=\"widget\" data-e-type=\"widget\" data-widget_type=\"menu-anchor.default\">\n\t\t\t\t<div class=\"elementor-widget-container\">\n\t\t\t\t\t\t\t<div class=\"elementor-menu-anchor\" id=\"b4913\"><\/div>\n\t\t\t\t\t\t<\/div>\n\t\t\t\t<\/div>\n\t\t\t\t<div class=\"elementor-element elementor-element-d001587 elementor-widget elementor-widget-image\" data-id=\"d001587\" data-element_type=\"widget\" data-e-type=\"widget\" data-widget_type=\"image.default\">\n\t\t\t\t<div class=\"elementor-widget-container\">\n\t\t\t\t\t\t\t\t\t\t\t\t<figure class=\"wp-caption\">\n\t\t\t\t\t\t\t\t\t\t<img loading=\"lazy\" decoding=\"async\" width=\"768\" height=\"511\" src=\"https:\/\/www.elturistatranquil.com\/wp-content\/uploads\/F57-Castillo-de-Santa-Catalina-Jaen.jpg\" class=\"attachment-large size-large wp-image-32783\" alt=\"Castillo de Santa Catalina, Jaen\" srcset=\"https:\/\/www.elturistatranquil.com\/wp-content\/uploads\/F57-Castillo-de-Santa-Catalina-Jaen.jpg 768w, https:\/\/www.elturistatranquil.com\/wp-content\/uploads\/F57-Castillo-de-Santa-Catalina-Jaen-339x226.jpg 339w\" sizes=\"(max-width: 768px) 100vw, 768px\" \/>\t\t\t\t\t\t\t\t\t\t\t<figcaption class=\"widget-image-caption wp-caption-text\"><\/figcaption>\n\t\t\t\t\t\t\t\t\t\t<\/figure>\n\t\t\t\t\t\t\t\t\t<\/div>\n\t\t\t\t<\/div>\n\t\t\t\t<div class=\"elementor-element elementor-element-3ad0d87 elementor-widget elementor-widget-heading\" data-id=\"3ad0d87\" data-element_type=\"widget\" data-e-type=\"widget\" data-widget_type=\"heading.default\">\n\t\t\t\t<div class=\"elementor-widget-container\">\n\t\t\t\t\t<h3 class=\"elementor-heading-title elementor-size-default\">Torre de les Troneres. Mirador Sud<\/h3>\t\t\t\t<\/div>\n\t\t\t\t<\/div>\n\t\t\t\t<div class=\"elementor-element elementor-element-8be0815 elementor-widget elementor-widget-text-editor\" data-id=\"8be0815\" data-element_type=\"widget\" data-e-type=\"widget\" data-widget_type=\"text-editor.default\">\n\t\t\t\t<div class=\"elementor-widget-container\">\n\t\t\t\t\t\t\t\t\t<p>Al rec\u00f3rrer el cam\u00ed de ronda sud, es pot apreciar, a trav\u00e9s de les seves magn\u00edfiques vistes, l&#8217;excel\u00b7lent posici\u00f3 estrat\u00e8gica de la fortificaci\u00f3. Uns panells explicatius ajuden a identificar el paisatge, destacant les serres i el mar d&#8217;oliveres que l&#8217;envolten.<\/p>\t\t\t\t\t\t\t\t<\/div>\n\t\t\t\t<\/div>\n\t\t\t\t<div class=\"elementor-element elementor-element-18ef5d5 elementor-widget elementor-widget-image\" data-id=\"18ef5d5\" data-element_type=\"widget\" data-e-type=\"widget\" data-widget_type=\"image.default\">\n\t\t\t\t<div class=\"elementor-widget-container\">\n\t\t\t\t\t\t\t\t\t\t\t\t<figure class=\"wp-caption\">\n\t\t\t\t\t\t\t\t\t\t<img loading=\"lazy\" decoding=\"async\" width=\"768\" height=\"511\" src=\"https:\/\/www.elturistatranquil.com\/wp-content\/uploads\/F58-Castillo-de-Santa-Catalina-Jaen.jpg\" class=\"attachment-large size-large wp-image-32785\" alt=\"Castillo de Santa Catalina, Jaen\" srcset=\"https:\/\/www.elturistatranquil.com\/wp-content\/uploads\/F58-Castillo-de-Santa-Catalina-Jaen.jpg 768w, https:\/\/www.elturistatranquil.com\/wp-content\/uploads\/F58-Castillo-de-Santa-Catalina-Jaen-339x226.jpg 339w\" sizes=\"(max-width: 768px) 100vw, 768px\" \/>\t\t\t\t\t\t\t\t\t\t\t<figcaption class=\"widget-image-caption wp-caption-text\"><\/figcaption>\n\t\t\t\t\t\t\t\t\t\t<\/figure>\n\t\t\t\t\t\t\t\t\t<\/div>\n\t\t\t\t<\/div>\n\t\t\t\t<div class=\"elementor-element elementor-element-4fd0ea8 elementor-widget elementor-widget-text-editor\" data-id=\"4fd0ea8\" data-element_type=\"widget\" data-e-type=\"widget\" data-widget_type=\"text-editor.default\">\n\t\t\t\t<div class=\"elementor-widget-container\">\n\t\t\t\t\t\t\t\t\t<p>S&#8217;arriba al <strong>mirador sud<\/strong>, que correspon a la terrassa de la <strong>torre de les Troneres<\/strong> (<strong>9<\/strong>).<\/p><p>La torre de les Troneres posseeix la singularitat d&#8217;acollir en el seu interior les latrines d&#8217;\u00e8poca medieval, instal\u00b7lacions no molt comuns en els castells de l&#8217;\u00e8poca. Evacuaven a trav\u00e9s de dos forats que tenen una caiguda de 35 metres a l&#8217;exterior i eren usats com excusat i abocador d&#8217;escombraries. Tenint en compte la inclinaci\u00f3 del seu paviment i els desguassos, seria utilitzada tamb\u00e9 com lavabo i bany. Destaca el sistema especial de ventilaci\u00f3 de males olors: l&#8217;aire entrava per la porta en colze i sortia per la petita finestra de l&#8217;interior.<\/p><p>Al fons les troneres usades com excusat i abocador d&#8217;escombraries, que aboquen a l&#8217;exterior del recinte al fons de l&#8217;escarpat.<\/p>\t\t\t\t\t\t\t\t<\/div>\n\t\t\t\t<\/div>\n\t\t\t\t<section class=\"elementor-section elementor-inner-section elementor-element elementor-element-7e1a00a elementor-section-boxed elementor-section-height-default elementor-section-height-default\" data-id=\"7e1a00a\" data-element_type=\"section\" data-e-type=\"section\">\n\t\t\t\t\t\t<div class=\"elementor-container elementor-column-gap-default\">\n\t\t\t\t\t<div class=\"elementor-column elementor-col-50 elementor-inner-column elementor-element elementor-element-fcb0ca4\" data-id=\"fcb0ca4\" data-element_type=\"column\" data-e-type=\"column\">\n\t\t\t<div class=\"elementor-widget-wrap elementor-element-populated\">\n\t\t\t\t\t\t<div class=\"elementor-element elementor-element-cc18d85 elementor-widget elementor-widget-image\" data-id=\"cc18d85\" data-element_type=\"widget\" data-e-type=\"widget\" data-widget_type=\"image.default\">\n\t\t\t\t<div class=\"elementor-widget-container\">\n\t\t\t\t\t\t\t\t\t\t\t\t\t\t\t<img loading=\"lazy\" decoding=\"async\" width=\"366\" height=\"550\" src=\"https:\/\/www.elturistatranquil.com\/wp-content\/uploads\/F59m-Castillo-de-Santa-Catalina-Jaen.jpg\" class=\"attachment-large size-large wp-image-32787\" alt=\"Castillo de Santa Catalina, Jaen\" srcset=\"https:\/\/www.elturistatranquil.com\/wp-content\/uploads\/F59m-Castillo-de-Santa-Catalina-Jaen.jpg 366w, https:\/\/www.elturistatranquil.com\/wp-content\/uploads\/F59m-Castillo-de-Santa-Catalina-Jaen-150x226.jpg 150w\" sizes=\"(max-width: 366px) 100vw, 366px\" \/>\t\t\t\t\t\t\t\t\t\t\t\t\t\t\t<\/div>\n\t\t\t\t<\/div>\n\t\t\t\t\t<\/div>\n\t\t<\/div>\n\t\t\t\t<div class=\"elementor-column elementor-col-50 elementor-inner-column elementor-element elementor-element-1dc61d3\" data-id=\"1dc61d3\" data-element_type=\"column\" data-e-type=\"column\">\n\t\t\t<div class=\"elementor-widget-wrap elementor-element-populated\">\n\t\t\t\t\t\t<div class=\"elementor-element elementor-element-109d318 elementor-widget elementor-widget-image\" data-id=\"109d318\" data-element_type=\"widget\" data-e-type=\"widget\" data-widget_type=\"image.default\">\n\t\t\t\t<div class=\"elementor-widget-container\">\n\t\t\t\t\t\t\t\t\t\t\t\t\t\t\t<img loading=\"lazy\" decoding=\"async\" width=\"366\" height=\"550\" src=\"https:\/\/www.elturistatranquil.com\/wp-content\/uploads\/F59n-Castillo-de-Santa-Catalina-Jaen.jpg\" class=\"attachment-large size-large wp-image-32789\" alt=\"Castillo de Santa Catalina, Jaen\" srcset=\"https:\/\/www.elturistatranquil.com\/wp-content\/uploads\/F59n-Castillo-de-Santa-Catalina-Jaen.jpg 366w, https:\/\/www.elturistatranquil.com\/wp-content\/uploads\/F59n-Castillo-de-Santa-Catalina-Jaen-150x226.jpg 150w\" sizes=\"(max-width: 366px) 100vw, 366px\" \/>\t\t\t\t\t\t\t\t\t\t\t\t\t\t\t<\/div>\n\t\t\t\t<\/div>\n\t\t\t\t\t<\/div>\n\t\t<\/div>\n\t\t\t\t\t<\/div>\n\t\t<\/section>\n\t\t\t\t<div class=\"elementor-element elementor-element-921cecf elementor-widget elementor-widget-menu-anchor\" data-id=\"921cecf\" data-element_type=\"widget\" data-e-type=\"widget\" data-widget_type=\"menu-anchor.default\">\n\t\t\t\t<div class=\"elementor-widget-container\">\n\t\t\t\t\t\t\t<div class=\"elementor-menu-anchor\" id=\"b4914\"><\/div>\n\t\t\t\t\t\t<\/div>\n\t\t\t\t<\/div>\n\t\t\t\t<div class=\"elementor-element elementor-element-e886f7b elementor-widget elementor-widget-text-editor\" data-id=\"e886f7b\" data-element_type=\"widget\" data-e-type=\"widget\" data-widget_type=\"text-editor.default\">\n\t\t\t\t<div class=\"elementor-widget-container\">\n\t\t\t\t\t\t\t\t\t<p>L&#8217;acc\u00e9s a les latrines s&#8217;efectua des del pati d&#8217;Armes.<\/p>\t\t\t\t\t\t\t\t<\/div>\n\t\t\t\t<\/div>\n\t\t\t\t<div class=\"elementor-element elementor-element-8d00b92 elementor-widget elementor-widget-heading\" data-id=\"8d00b92\" data-element_type=\"widget\" data-e-type=\"widget\" data-widget_type=\"heading.default\">\n\t\t\t\t<div class=\"elementor-widget-container\">\n\t\t\t\t\t<h3 class=\"elementor-heading-title elementor-size-default\">Pati d'Armes<\/h3>\t\t\t\t<\/div>\n\t\t\t\t<\/div>\n\t\t\t\t<div class=\"elementor-element elementor-element-d9cabce elementor-widget elementor-widget-text-editor\" data-id=\"d9cabce\" data-element_type=\"widget\" data-e-type=\"widget\" data-widget_type=\"text-editor.default\">\n\t\t\t\t<div class=\"elementor-widget-container\">\n\t\t\t\t\t\t\t\t\t<p>El <strong>pati d&#8217;Armes<\/strong> (<strong>11<\/strong>) ocupa l&#8217;esplanada al costat de la muralla sud, sota la torre de l&#8217;Homenatge.<\/p>\t\t\t\t\t\t\t\t<\/div>\n\t\t\t\t<\/div>\n\t\t\t\t<div class=\"elementor-element elementor-element-1257729 elementor-widget elementor-widget-image\" data-id=\"1257729\" data-element_type=\"widget\" data-e-type=\"widget\" data-widget_type=\"image.default\">\n\t\t\t\t<div class=\"elementor-widget-container\">\n\t\t\t\t\t\t\t\t\t\t\t\t<figure class=\"wp-caption\">\n\t\t\t\t\t\t\t\t\t\t<img loading=\"lazy\" decoding=\"async\" width=\"768\" height=\"511\" src=\"https:\/\/www.elturistatranquil.com\/wp-content\/uploads\/F60a-Castillo-de-Santa-Catalina-Jaen.jpg\" class=\"attachment-large size-large wp-image-32791\" alt=\"Castillo de Santa Catalina, Jaen\" srcset=\"https:\/\/www.elturistatranquil.com\/wp-content\/uploads\/F60a-Castillo-de-Santa-Catalina-Jaen.jpg 768w, https:\/\/www.elturistatranquil.com\/wp-content\/uploads\/F60a-Castillo-de-Santa-Catalina-Jaen-339x226.jpg 339w\" sizes=\"(max-width: 768px) 100vw, 768px\" \/>\t\t\t\t\t\t\t\t\t\t\t<figcaption class=\"widget-image-caption wp-caption-text\"><\/figcaption>\n\t\t\t\t\t\t\t\t\t\t<\/figure>\n\t\t\t\t\t\t\t\t\t<\/div>\n\t\t\t\t<\/div>\n\t\t\t\t<div class=\"elementor-element elementor-element-55f90d9 elementor-widget elementor-widget-text-editor\" data-id=\"55f90d9\" data-element_type=\"widget\" data-e-type=\"widget\" data-widget_type=\"text-editor.default\">\n\t\t\t\t<div class=\"elementor-widget-container\">\n\t\t\t\t\t\t\t\t\t<p>A l&#8217;extrem oest, sota la torre de les Troneres s&#8217;observa la porta d&#8217;acc\u00e9s a les latrines i la rampa d&#8217;acc\u00e9s a la poterna seguint la paret.<\/p>\t\t\t\t\t\t\t\t<\/div>\n\t\t\t\t<\/div>\n\t\t\t\t<div class=\"elementor-element elementor-element-3c01bf1 elementor-widget elementor-widget-menu-anchor\" data-id=\"3c01bf1\" data-element_type=\"widget\" data-e-type=\"widget\" data-widget_type=\"menu-anchor.default\">\n\t\t\t\t<div class=\"elementor-widget-container\">\n\t\t\t\t\t\t\t<div class=\"elementor-menu-anchor\" id=\"b4915\"><\/div>\n\t\t\t\t\t\t<\/div>\n\t\t\t\t<\/div>\n\t\t\t\t<div class=\"elementor-element elementor-element-716b78b elementor-widget elementor-widget-image\" data-id=\"716b78b\" data-element_type=\"widget\" data-e-type=\"widget\" data-widget_type=\"image.default\">\n\t\t\t\t<div class=\"elementor-widget-container\">\n\t\t\t\t\t\t\t\t\t\t\t\t<figure class=\"wp-caption\">\n\t\t\t\t\t\t\t\t\t\t<img loading=\"lazy\" decoding=\"async\" width=\"768\" height=\"512\" src=\"https:\/\/www.elturistatranquil.com\/wp-content\/uploads\/F60b-Castillo-de-Santa-Catalina-Jaen.jpg\" class=\"attachment-large size-large wp-image-32793\" alt=\"Castillo de Santa Catalina, Jaen\" srcset=\"https:\/\/www.elturistatranquil.com\/wp-content\/uploads\/F60b-Castillo-de-Santa-Catalina-Jaen.jpg 768w, https:\/\/www.elturistatranquil.com\/wp-content\/uploads\/F60b-Castillo-de-Santa-Catalina-Jaen-339x226.jpg 339w\" sizes=\"(max-width: 768px) 100vw, 768px\" \/>\t\t\t\t\t\t\t\t\t\t\t<figcaption class=\"widget-image-caption wp-caption-text\"><\/figcaption>\n\t\t\t\t\t\t\t\t\t\t<\/figure>\n\t\t\t\t\t\t\t\t\t<\/div>\n\t\t\t\t<\/div>\n\t\t\t\t<div class=\"elementor-element elementor-element-7c58891 elementor-widget elementor-widget-heading\" data-id=\"7c58891\" data-element_type=\"widget\" data-e-type=\"widget\" data-widget_type=\"heading.default\">\n\t\t\t\t<div class=\"elementor-widget-container\">\n\t\t\t\t\t<h3 class=\"elementor-heading-title elementor-size-default\">Portell<\/h3>\t\t\t\t<\/div>\n\t\t\t\t<\/div>\n\t\t\t\t<div class=\"elementor-element elementor-element-8941052 elementor-widget elementor-widget-text-editor\" data-id=\"8941052\" data-element_type=\"widget\" data-e-type=\"widget\" data-widget_type=\"text-editor.default\">\n\t\t\t\t<div class=\"elementor-widget-container\">\n\t\t\t\t\t\t\t\t\t<p>Del mateix punt d&#8217;acc\u00e9s a les latrines, parteix una rampa que baixa fins a la <strong>poterna<\/strong> o <strong>portell<\/strong> (<strong>10<\/strong>) del Castell. Com sabem, la poterna o portell era una porta secund\u00e0ria d&#8217;acc\u00e9s a la fortalesa que permetia als ocupants del recinte sortir o entrar sense cridar l&#8217;atenci\u00f3 ni ser vistos en cas de setge.<\/p><p>Constru\u00efda en \u00e8poca cristiana, va ser tapiada al segle XVI. A la fi de segle passat va ser de nou recuperada.<\/p>\t\t\t\t\t\t\t\t<\/div>\n\t\t\t\t<\/div>\n\t\t\t\t<div class=\"elementor-element elementor-element-47fa771 elementor-widget elementor-widget-image\" data-id=\"47fa771\" data-element_type=\"widget\" data-e-type=\"widget\" data-widget_type=\"image.default\">\n\t\t\t\t<div class=\"elementor-widget-container\">\n\t\t\t\t\t\t\t\t\t\t\t\t<figure class=\"wp-caption\">\n\t\t\t\t\t\t\t\t\t\t<img loading=\"lazy\" decoding=\"async\" width=\"768\" height=\"511\" src=\"https:\/\/www.elturistatranquil.com\/wp-content\/uploads\/F61-Castillo-de-Santa-Catalina-Jaen.jpg\" class=\"attachment-large size-large wp-image-32795\" alt=\"Castillo de Santa Catalina, Jaen\" srcset=\"https:\/\/www.elturistatranquil.com\/wp-content\/uploads\/F61-Castillo-de-Santa-Catalina-Jaen.jpg 768w, https:\/\/www.elturistatranquil.com\/wp-content\/uploads\/F61-Castillo-de-Santa-Catalina-Jaen-339x226.jpg 339w\" sizes=\"(max-width: 768px) 100vw, 768px\" \/>\t\t\t\t\t\t\t\t\t\t\t<figcaption class=\"widget-image-caption wp-caption-text\"><\/figcaption>\n\t\t\t\t\t\t\t\t\t\t<\/figure>\n\t\t\t\t\t\t\t\t\t<\/div>\n\t\t\t\t<\/div>\n\t\t\t\t<div class=\"elementor-element elementor-element-e444cc9 elementor-widget elementor-widget-menu-anchor\" data-id=\"e444cc9\" data-element_type=\"widget\" data-e-type=\"widget\" data-widget_type=\"menu-anchor.default\">\n\t\t\t\t<div class=\"elementor-widget-container\">\n\t\t\t\t\t\t\t<div class=\"elementor-menu-anchor\" id=\"b4916\"><\/div>\n\t\t\t\t\t\t<\/div>\n\t\t\t\t<\/div>\n\t\t\t\t<div class=\"elementor-element elementor-element-aeed4d1 elementor-widget elementor-widget-image\" data-id=\"aeed4d1\" data-element_type=\"widget\" data-e-type=\"widget\" data-widget_type=\"image.default\">\n\t\t\t\t<div class=\"elementor-widget-container\">\n\t\t\t\t\t\t\t\t\t\t\t\t<figure class=\"wp-caption\">\n\t\t\t\t\t\t\t\t\t\t<img loading=\"lazy\" decoding=\"async\" width=\"768\" height=\"511\" src=\"https:\/\/www.elturistatranquil.com\/wp-content\/uploads\/F62-Castillo-de-Santa-Catalina-Jaen.jpg\" class=\"attachment-large size-large wp-image-32797\" alt=\"Castillo de Santa Catalina, Jaen\" srcset=\"https:\/\/www.elturistatranquil.com\/wp-content\/uploads\/F62-Castillo-de-Santa-Catalina-Jaen.jpg 768w, https:\/\/www.elturistatranquil.com\/wp-content\/uploads\/F62-Castillo-de-Santa-Catalina-Jaen-339x226.jpg 339w\" sizes=\"(max-width: 768px) 100vw, 768px\" \/>\t\t\t\t\t\t\t\t\t\t\t<figcaption class=\"widget-image-caption wp-caption-text\"><\/figcaption>\n\t\t\t\t\t\t\t\t\t\t<\/figure>\n\t\t\t\t\t\t\t\t\t<\/div>\n\t\t\t\t<\/div>\n\t\t\t\t<div class=\"elementor-element elementor-element-9de6355 elementor-widget elementor-widget-heading\" data-id=\"9de6355\" data-element_type=\"widget\" data-e-type=\"widget\" data-widget_type=\"heading.default\">\n\t\t\t\t<div class=\"elementor-widget-container\">\n\t\t\t\t\t<h3 class=\"elementor-heading-title elementor-size-default\">Cavallerisses i aljub<\/h3>\t\t\t\t<\/div>\n\t\t\t\t<\/div>\n\t\t\t\t<div class=\"elementor-element elementor-element-8e35fa9 elementor-widget elementor-widget-text-editor\" data-id=\"8e35fa9\" data-element_type=\"widget\" data-e-type=\"widget\" data-widget_type=\"text-editor.default\">\n\t\t\t\t<div class=\"elementor-widget-container\">\n\t\t\t\t\t\t\t\t\t<p>A la zona de l&#8217;entrada es localitzen dues estructures medievals definides com un dels <strong>aljubs<\/strong>, de petites dimensions cobert amb una volta de can\u00f3 de qu\u00e8 disposava el recinte. I al costat d&#8217;aquest, una habitaci\u00f3 rectangular tamb\u00e9 amb volta de can\u00f3 de ma\u00f3, que podria tractar-se d&#8217;un magatzem (<strong>12<\/strong>).<\/p><p>Al segle XIX, tot aquest conjunt va ser modificat per les tropes napole\u00f2niques; es destrueix part de l&#8217;aljub, per albergar al seu interior un polvor\u00ed, que quedaria empla\u00e7at sota un nou espai, definit per dues habitacions utilitzades com <strong>cavallerisses<\/strong> (<strong>12<\/strong>).<\/p>\t\t\t\t\t\t\t\t<\/div>\n\t\t\t\t<\/div>\n\t\t\t\t<div class=\"elementor-element elementor-element-834ea5a elementor-widget elementor-widget-image\" data-id=\"834ea5a\" data-element_type=\"widget\" data-e-type=\"widget\" data-widget_type=\"image.default\">\n\t\t\t\t<div class=\"elementor-widget-container\">\n\t\t\t\t\t\t\t\t\t\t\t\t<figure class=\"wp-caption\">\n\t\t\t\t\t\t\t\t\t\t<img loading=\"lazy\" decoding=\"async\" width=\"768\" height=\"512\" src=\"https:\/\/www.elturistatranquil.com\/wp-content\/uploads\/F63-Castillo-de-Santa-Catalina-Jaen.jpg\" class=\"attachment-large size-large wp-image-32799\" alt=\"Castillo de Santa Catalina, Jaen\" srcset=\"https:\/\/www.elturistatranquil.com\/wp-content\/uploads\/F63-Castillo-de-Santa-Catalina-Jaen.jpg 768w, https:\/\/www.elturistatranquil.com\/wp-content\/uploads\/F63-Castillo-de-Santa-Catalina-Jaen-339x226.jpg 339w\" sizes=\"(max-width: 768px) 100vw, 768px\" \/>\t\t\t\t\t\t\t\t\t\t\t<figcaption class=\"widget-image-caption wp-caption-text\"><\/figcaption>\n\t\t\t\t\t\t\t\t\t\t<\/figure>\n\t\t\t\t\t\t\t\t\t<\/div>\n\t\t\t\t<\/div>\n\t\t\t\t<div class=\"elementor-element elementor-element-590b6bd elementor-widget elementor-widget-image\" data-id=\"590b6bd\" data-element_type=\"widget\" data-e-type=\"widget\" data-widget_type=\"image.default\">\n\t\t\t\t<div class=\"elementor-widget-container\">\n\t\t\t\t\t\t\t\t\t\t\t\t<figure class=\"wp-caption\">\n\t\t\t\t\t\t\t\t\t\t<img loading=\"lazy\" decoding=\"async\" width=\"768\" height=\"512\" src=\"https:\/\/www.elturistatranquil.com\/wp-content\/uploads\/F64-Castillo-de-Santa-Catalina-Jaen.jpg\" class=\"attachment-large size-large wp-image-32801\" alt=\"Castillo de Santa Catalina, Jaen\" srcset=\"https:\/\/www.elturistatranquil.com\/wp-content\/uploads\/F64-Castillo-de-Santa-Catalina-Jaen.jpg 768w, https:\/\/www.elturistatranquil.com\/wp-content\/uploads\/F64-Castillo-de-Santa-Catalina-Jaen-339x226.jpg 339w\" sizes=\"(max-width: 768px) 100vw, 768px\" \/>\t\t\t\t\t\t\t\t\t\t\t<figcaption class=\"widget-image-caption wp-caption-text\"><\/figcaption>\n\t\t\t\t\t\t\t\t\t\t<\/figure>\n\t\t\t\t\t\t\t\t\t<\/div>\n\t\t\t\t<\/div>\n\t\t\t\t<div class=\"elementor-element elementor-element-743c8df elementor-widget elementor-widget-text-editor\" data-id=\"743c8df\" data-element_type=\"widget\" data-e-type=\"widget\" data-widget_type=\"text-editor.default\">\n\t\t\t\t<div class=\"elementor-widget-container\">\n\t\t\t\t\t\t\t\t\t<p>Ens trobem de nou davant la porta del Castell.<\/p><p>Final del recorregut i de la visita.<\/p>\t\t\t\t\t\t\t\t<\/div>\n\t\t\t\t<\/div>\n\t\t\t\t<div class=\"elementor-element elementor-element-eb26106 elementor-widget elementor-widget-menu-anchor\" data-id=\"eb26106\" data-element_type=\"widget\" data-e-type=\"widget\" data-widget_type=\"menu-anchor.default\">\n\t\t\t\t<div class=\"elementor-widget-container\">\n\t\t\t\t\t\t\t<div class=\"elementor-menu-anchor\" id=\"b4917\"><\/div>\n\t\t\t\t\t\t<\/div>\n\t\t\t\t<\/div>\n\t\t\t\t<div class=\"elementor-element elementor-element-72c7a99 elementor-widget elementor-widget-image\" data-id=\"72c7a99\" data-element_type=\"widget\" data-e-type=\"widget\" data-widget_type=\"image.default\">\n\t\t\t\t<div class=\"elementor-widget-container\">\n\t\t\t\t\t\t\t\t\t\t\t\t<figure class=\"wp-caption\">\n\t\t\t\t\t\t\t\t\t\t<img loading=\"lazy\" decoding=\"async\" width=\"768\" height=\"511\" src=\"https:\/\/www.elturistatranquil.com\/wp-content\/uploads\/F65-Castillo-de-Santa-Catalina-Jaen.jpg\" class=\"attachment-large size-large wp-image-32803\" alt=\"Castillo de Santa Catalina, Jaen\" srcset=\"https:\/\/www.elturistatranquil.com\/wp-content\/uploads\/F65-Castillo-de-Santa-Catalina-Jaen.jpg 768w, https:\/\/www.elturistatranquil.com\/wp-content\/uploads\/F65-Castillo-de-Santa-Catalina-Jaen-339x226.jpg 339w\" sizes=\"(max-width: 768px) 100vw, 768px\" \/>\t\t\t\t\t\t\t\t\t\t\t<figcaption class=\"widget-image-caption wp-caption-text\"><\/figcaption>\n\t\t\t\t\t\t\t\t\t\t<\/figure>\n\t\t\t\t\t\t\t\t\t<\/div>\n\t\t\t\t<\/div>\n\t\t\t\t<div class=\"elementor-element elementor-element-7b0fcb6 elementor-widget elementor-widget-heading\" data-id=\"7b0fcb6\" data-element_type=\"widget\" data-e-type=\"widget\" data-widget_type=\"heading.default\">\n\t\t\t\t<div class=\"elementor-widget-container\">\n\t\t\t\t\t<h3 class=\"elementor-heading-title elementor-size-default\">Creu del Castell<\/h3>\t\t\t\t<\/div>\n\t\t\t\t<\/div>\n\t\t\t\t<div class=\"elementor-element elementor-element-9236671 elementor-widget elementor-widget-text-editor\" data-id=\"9236671\" data-element_type=\"widget\" data-e-type=\"widget\" data-widget_type=\"text-editor.default\">\n\t\t\t\t<div class=\"elementor-widget-container\">\n\t\t\t\t\t\t\t\t\t<p>Sortint del Castell a la dreta, un petit cam\u00ed condueix a la <strong>Creu del Castell <\/strong>(<strong>B<\/strong>), manada col\u00b7locar sobre la ciutat per Fernando III com a s\u00edmbol de la conquesta cristiana de Ja\u00e9n. \u00c9s l&#8217;\u00fanic punt del tur\u00f3 des d&#8217;on es pot albirar la Catedral i les vistes de la ciutat s\u00f3n magn\u00edfiques.<\/p>\t\t\t\t\t\t\t\t<\/div>\n\t\t\t\t<\/div>\n\t\t\t\t<div class=\"elementor-element elementor-element-4c34c08 elementor-widget elementor-widget-menu-anchor\" data-id=\"4c34c08\" data-element_type=\"widget\" data-e-type=\"widget\" data-widget_type=\"menu-anchor.default\">\n\t\t\t\t<div class=\"elementor-widget-container\">\n\t\t\t\t\t\t\t<div class=\"elementor-menu-anchor\" id=\"b4918\"><\/div>\n\t\t\t\t\t\t<\/div>\n\t\t\t\t<\/div>\n\t\t\t\t<div class=\"elementor-element elementor-element-724f9fd elementor-widget elementor-widget-image\" data-id=\"724f9fd\" data-element_type=\"widget\" data-e-type=\"widget\" data-widget_type=\"image.default\">\n\t\t\t\t<div class=\"elementor-widget-container\">\n\t\t\t\t\t\t\t\t\t\t\t\t<figure class=\"wp-caption\">\n\t\t\t\t\t\t\t\t\t\t<img loading=\"lazy\" decoding=\"async\" width=\"768\" height=\"512\" src=\"https:\/\/www.elturistatranquil.com\/wp-content\/uploads\/F66-Cruz-del-Castillo-de-Jaen-Google-maps-2020-08-24.jpg\" class=\"attachment-large size-large wp-image-32805\" alt=\"Cruz del Castillo de Jaen (Google maps 2020-08-24)\" srcset=\"https:\/\/www.elturistatranquil.com\/wp-content\/uploads\/F66-Cruz-del-Castillo-de-Jaen-Google-maps-2020-08-24.jpg 768w, https:\/\/www.elturistatranquil.com\/wp-content\/uploads\/F66-Cruz-del-Castillo-de-Jaen-Google-maps-2020-08-24-339x226.jpg 339w\" sizes=\"(max-width: 768px) 100vw, 768px\" \/>\t\t\t\t\t\t\t\t\t\t\t<figcaption class=\"widget-image-caption wp-caption-text\">Creu del Castell (Google maps 2020-08-24)<\/figcaption>\n\t\t\t\t\t\t\t\t\t\t<\/figure>\n\t\t\t\t\t\t\t\t\t<\/div>\n\t\t\t\t<\/div>\n\t\t\t\t<div class=\"elementor-element elementor-element-ea1c259 elementor-widget elementor-widget-heading\" data-id=\"ea1c259\" data-element_type=\"widget\" data-e-type=\"widget\" data-widget_type=\"heading.default\">\n\t\t\t\t<div class=\"elementor-widget-container\">\n\t\t\t\t\t<h3 class=\"elementor-heading-title elementor-size-default\">Parador de Turisme de Ja\u00e9n<\/h3>\t\t\t\t<\/div>\n\t\t\t\t<\/div>\n\t\t\t\t<div class=\"elementor-element elementor-element-6784eb4 elementor-widget elementor-widget-text-editor\" data-id=\"6784eb4\" data-element_type=\"widget\" data-e-type=\"widget\" data-widget_type=\"text-editor.default\">\n\t\t\t\t<div class=\"elementor-widget-container\">\n\t\t\t\t\t\t\t\t\t<p>Com ja he indicat, deixant una certa separaci\u00f3 amb el mur de la cara oest del Castell, i ocupant tota la resta de la fortificaci\u00f3 primitiva, es va decidir construir en 1965 un Parador Nacional de Turisme, seguint el criteri d&#8217;aprofitar ubicacions en edificis hist\u00f2rics. En aquest cas es va aprofitar una ubicaci\u00f3 hist\u00f2rica, construint una edificaci\u00f3 de nova planta, el mateix que es va fer, per exemple, al <a href=\"https:\/\/www.elturistatranquil.com\/ca\/castell-de-lorca-murcia\/\" target=\"_blank\" rel=\"noopener\">Castell de Lorca<\/a>, que he presentat en un altre <em>Post<\/em>.<\/p><p>En aquest cas, l&#8217;estil arquitect\u00f2nic de la banda de les edificacions que dona a la cara nord, per on s&#8217;accedeix al tur\u00f3, \u00e9s d&#8217;estil que he qualificat ja a la introducci\u00f3 de <em>neomedieval<\/em>: murs i pseudotorreons de carreus, portes i finestres d&#8217;arc de mig punt amb dovelles.<\/p>\t\t\t\t\t\t\t\t<\/div>\n\t\t\t\t<\/div>\n\t\t\t\t<div class=\"elementor-element elementor-element-4414bbb elementor-widget elementor-widget-image\" data-id=\"4414bbb\" data-element_type=\"widget\" data-e-type=\"widget\" data-widget_type=\"image.default\">\n\t\t\t\t<div class=\"elementor-widget-container\">\n\t\t\t\t\t\t\t\t\t\t\t\t<figure class=\"wp-caption\">\n\t\t\t\t\t\t\t\t\t\t<img loading=\"lazy\" decoding=\"async\" width=\"768\" height=\"511\" src=\"https:\/\/www.elturistatranquil.com\/wp-content\/uploads\/F67-Castillo-de-Santa-Catalina-Jaen.-Parador.jpg\" class=\"attachment-large size-large wp-image-32807\" alt=\"Castillo de Santa Catalina, Jaen. Parador\" srcset=\"https:\/\/www.elturistatranquil.com\/wp-content\/uploads\/F67-Castillo-de-Santa-Catalina-Jaen.-Parador.jpg 768w, https:\/\/www.elturistatranquil.com\/wp-content\/uploads\/F67-Castillo-de-Santa-Catalina-Jaen.-Parador-339x226.jpg 339w\" sizes=\"(max-width: 768px) 100vw, 768px\" \/>\t\t\t\t\t\t\t\t\t\t\t<figcaption class=\"widget-image-caption wp-caption-text\"><\/figcaption>\n\t\t\t\t\t\t\t\t\t\t<\/figure>\n\t\t\t\t\t\t\t\t\t<\/div>\n\t\t\t\t<\/div>\n\t\t\t\t<div class=\"elementor-element elementor-element-6eb7370 elementor-widget elementor-widget-image\" data-id=\"6eb7370\" data-element_type=\"widget\" data-e-type=\"widget\" data-widget_type=\"image.default\">\n\t\t\t\t<div class=\"elementor-widget-container\">\n\t\t\t\t\t\t\t\t\t\t\t\t<figure class=\"wp-caption\">\n\t\t\t\t\t\t\t\t\t\t<img loading=\"lazy\" decoding=\"async\" width=\"768\" height=\"511\" src=\"https:\/\/www.elturistatranquil.com\/wp-content\/uploads\/F68-Castillo-de-Santa-Catalina-Jaen.-Parador.jpg\" class=\"attachment-large size-large wp-image-32809\" alt=\"Castillo de Santa Catalina, Jaen. Parador\" srcset=\"https:\/\/www.elturistatranquil.com\/wp-content\/uploads\/F68-Castillo-de-Santa-Catalina-Jaen.-Parador.jpg 768w, https:\/\/www.elturistatranquil.com\/wp-content\/uploads\/F68-Castillo-de-Santa-Catalina-Jaen.-Parador-339x226.jpg 339w\" sizes=\"(max-width: 768px) 100vw, 768px\" \/>\t\t\t\t\t\t\t\t\t\t\t<figcaption class=\"widget-image-caption wp-caption-text\"><\/figcaption>\n\t\t\t\t\t\t\t\t\t\t<\/figure>\n\t\t\t\t\t\t\t\t\t<\/div>\n\t\t\t\t<\/div>\n\t\t\t\t<div class=\"elementor-element elementor-element-b56bb3b elementor-widget elementor-widget-image\" data-id=\"b56bb3b\" data-element_type=\"widget\" data-e-type=\"widget\" data-widget_type=\"image.default\">\n\t\t\t\t<div class=\"elementor-widget-container\">\n\t\t\t\t\t\t\t\t\t\t\t\t<figure class=\"wp-caption\">\n\t\t\t\t\t\t\t\t\t\t<img loading=\"lazy\" decoding=\"async\" width=\"768\" height=\"511\" src=\"https:\/\/www.elturistatranquil.com\/wp-content\/uploads\/F69-Castillo-de-Santa-Catalina-Jaen.-Parador.jpg\" class=\"attachment-large size-large wp-image-32811\" alt=\"Castillo de Santa Catalina, Jaen. Parador\" srcset=\"https:\/\/www.elturistatranquil.com\/wp-content\/uploads\/F69-Castillo-de-Santa-Catalina-Jaen.-Parador.jpg 768w, https:\/\/www.elturistatranquil.com\/wp-content\/uploads\/F69-Castillo-de-Santa-Catalina-Jaen.-Parador-339x226.jpg 339w\" sizes=\"(max-width: 768px) 100vw, 768px\" \/>\t\t\t\t\t\t\t\t\t\t\t<figcaption class=\"widget-image-caption wp-caption-text\"><\/figcaption>\n\t\t\t\t\t\t\t\t\t\t<\/figure>\n\t\t\t\t\t\t\t\t\t<\/div>\n\t\t\t\t<\/div>\n\t\t\t\t<div class=\"elementor-element elementor-element-52a411e elementor-widget elementor-widget-menu-anchor\" data-id=\"52a411e\" data-element_type=\"widget\" data-e-type=\"widget\" data-widget_type=\"menu-anchor.default\">\n\t\t\t\t<div class=\"elementor-widget-container\">\n\t\t\t\t\t\t\t<div class=\"elementor-menu-anchor\" id=\"b4919\"><\/div>\n\t\t\t\t\t\t<\/div>\n\t\t\t\t<\/div>\n\t\t\t\t<div class=\"elementor-element elementor-element-1091e64 elementor-widget elementor-widget-text-editor\" data-id=\"1091e64\" data-element_type=\"widget\" data-e-type=\"widget\" data-widget_type=\"text-editor.default\">\n\t\t\t\t<div class=\"elementor-widget-container\">\n\t\t\t\t\t\t\t\t\t<p>La veritat \u00e9s que, quan vaig arribar al punt d&#8217;aparcament, i sense una observaci\u00f3 acurada, tens la sensaci\u00f3 de <em>medievalisme<\/em> de tot el conjunt. Despr\u00e9s ja vas aclarint les idees.<\/p>\t\t\t\t\t\t\t\t<\/div>\n\t\t\t\t<\/div>\n\t\t\t\t<div class=\"elementor-element elementor-element-882e5d9 elementor-widget elementor-widget-heading\" data-id=\"882e5d9\" data-element_type=\"widget\" data-e-type=\"widget\" data-widget_type=\"heading.default\">\n\t\t\t\t<div class=\"elementor-widget-container\">\n\t\t\t\t\t<h2 class=\"elementor-heading-title elementor-size-default\">Bases d\u2019informaci\u00f3<\/h2>\t\t\t\t<\/div>\n\t\t\t\t<\/div>\n\t\t\t\t<div class=\"elementor-element elementor-element-7c308c5b elementor-widget elementor-widget-text-editor\" data-id=\"7c308c5b\" data-element_type=\"widget\" data-e-type=\"widget\" data-widget_type=\"text-editor.default\">\n\t\t\t\t<div class=\"elementor-widget-container\">\n\t\t\t\t\t\t\t\t\t<p><strong>Webs<\/strong><\/p><p><a href=\"https:\/\/castillosantacatalina.es\/\" target=\"_blank\" rel=\"noopener\">castillosantacatalina<\/a><\/p><p><a href=\"https:\/\/es.wikipedia.org\/wiki\/Castillo_de_Santa_Catalina_(Ja%C3%A9n)\" target=\"_blank\" rel=\"noopener\">wikipedia<\/a><\/p><p><a href=\"https:\/\/www.andalucia.org\/es\/jaen-turismo-cultural-castillo-de-santa-catalina\" target=\"_blank\" rel=\"noopener\">andaluciaorg<\/a><\/p><p><a href=\"https:\/\/guiadigital.iaph.es\/bien\/inmueble\/13914\/jaen\/jaen\/castillo-de-santa-catalina-i\" target=\"_blank\" rel=\"noopener\">patrimonioculturaldeandalucia<\/a><\/p><p><a href=\"https:\/\/www.arteguias.com\/castillosjaen.htm\" target=\"_blank\" rel=\"noopener\">arteguias<\/a><\/p><p><a href=\"https:\/\/megaconstrucciones.net\/?construccion=castillo-santa-catalina-jaen\" target=\"_blank\" rel=\"noopener\">megaconstrucciones<\/a><\/p><p><a href=\"http:\/\/www.redjaen.es\/francis\/?m=c&amp;o=8583&amp;letra=&amp;ord=&amp;id=93231\" target=\"_blank\" rel=\"noopener\">redjaen<\/a><\/p><p><a href=\"http:\/\/castillosyfortalezasdejaen.com\/castillos\/11-castillo-de-santa-catalina.html\" target=\"_blank\" rel=\"noopener\">castillosyfortalezasdejaen<\/a><\/p><p><a href=\"http:\/\/www.culturandalucia.com\/JA%C3%89N\/Castillo_de_Santa_Catalina_Ja%C3%A9n.htm\" target=\"_blank\" rel=\"noopener\">culturaenandalucia<\/a><\/p><p><a href=\"http:\/\/www.ujaen.es\/investiga\/solar\/04proyectos\/01divulgacion\/Conoce_Jaen\/www\/Castillo_Santa_Catalina.htm\" target=\"_blank\" rel=\"noopener\">ujaen<\/a><\/p><p><strong>Webs academic<\/strong><\/p><p>B. Jurado G\u00f3mez. <a href=\"https:\/\/dialnet.unirioja.es\/descarga\/articulo\/5372361.pdf\" target=\"_blank\" rel=\"noopener\"><em>El castillo de Ja\u00e9n a trav\u00e9s de la fotograf\u00eda e im\u00e1genes<\/em><\/a><\/p><p><a href=\"http:\/\/varios.aytojaen.es\/pgou_ap\/01-TEXTOS\/01-MEMORIA%20INFORMACION\/I-MEMORIA%20INFORMACION-F.pdf\" target=\"_blank\" rel=\"noopener\"><em>Plan General de Ordenaci\u00f3n Urban\u00edstica de Ja\u00e9n<\/em><\/a><\/p><p>E. Blanco Oliva. <a href=\"https:\/\/eblancooliva.com\/jaen-segun-catastro-a-1-1-2015-por-tamano-y-fecha\/\" target=\"_blank\" rel=\"noopener\"><em>Ja\u00e9n seg\u00fan Catastro<\/em><\/a><\/p><p>M.A. Mart\u00ednez N\u00fa\u00f1ez. <a href=\"https:\/\/www.researchgate.net\/publication\/287848086_Yeserias_epigrafiadas_del_Castillo_de_Santa_Catalina_Jaen\" target=\"_blank\" rel=\"noopener\"><em>Yeser\u00edas epigrafiadas del Castillo de Santa Catalina, Ja\u00e9n<\/em><\/a><\/p>\t\t\t\t\t\t\t\t<\/div>\n\t\t\t\t<\/div>\n\t\t\t\t\t<\/div>\n\t\t<\/div>\n\t\t\t\t\t<\/div>\n\t\t<\/section>\n\t\t\t\t<\/div>\n\t\t","protected":false},"excerpt":{"rendered":"<p>Dominant sobre la ciutat de Ja\u00e9n, el Castell de Santa Catalina o Alc\u00e1zar Nuevo, constru\u00eft sobre l&#8217;alc\u00e0sser musulm\u00e0 al segle XIII per Fernando III &#8220;el Santo&#8221;. Castell de Santa Catalina. &#8230; <a title=\"Castell de Santa Catalina. Ja\u00e9n\" class=\"read-more\" href=\"https:\/\/www.elturistatranquil.com\/ca\/castell-de-santa-catalina-jaen\/\" aria-label=\"M\u00e9s informaci\u00f3 sobre Castell de Santa Catalina. Ja\u00e9n\">[ &#8230; ]<\/a><\/p>\n","protected":false},"author":1,"featured_media":33137,"comment_status":"open","ping_status":"closed","sticky":false,"template":"","format":"standard","meta":{"footnotes":""},"categories":[75,145,83,86,156,87,97,103,106],"tags":[],"class_list":["post-32826","post","type-post","status-publish","format-standard","has-post-thumbnail","hentry","category-castells","category-edat-mitjana","category-historia-ca","category-islamic","category-jaen-ca","category-joies-al-territori","category-preroma","category-roma","category-segle-xviii-xix","infinite-scroll-item","generate-columns","tablet-grid-50","mobile-grid-100","grid-parent","grid-50","no-featured-image-padding"],"yoast_head":"<!-- This site is optimized with the Yoast SEO plugin v27.4 - https:\/\/yoast.com\/product\/yoast-seo-wordpress\/ -->\n<title>Castell de Santa Catalina. Ja\u00e9n - El turista tranquil<\/title>\n<meta name=\"description\" content=\"Dominant sobre la ciutat de Ja\u00e9n, el Castell de Santa Catalina o Alc\u00e1zar Nuevo, constru\u00eft sobre l&#039;alc\u00e0sser musulm\u00e0 al segle XIII per Fernando III &quot;el Santo&quot;.\" \/>\n<meta name=\"robots\" content=\"index, follow, max-snippet:-1, max-image-preview:large, max-video-preview:-1\" \/>\n<link rel=\"canonical\" href=\"https:\/\/www.elturistatranquil.com\/ca\/castell-de-santa-catalina-jaen\/\" \/>\n<meta property=\"og:locale\" content=\"ca_ES\" \/>\n<meta property=\"og:type\" content=\"article\" \/>\n<meta property=\"og:title\" content=\"Castell de Santa Catalina. Ja\u00e9n - El turista tranquil\" \/>\n<meta property=\"og:description\" content=\"Dominant sobre la ciutat de Ja\u00e9n, el Castell de Santa Catalina o Alc\u00e1zar Nuevo, constru\u00eft sobre l&#039;alc\u00e0sser musulm\u00e0 al segle XIII per Fernando III &quot;el Santo&quot;.\" \/>\n<meta property=\"og:url\" content=\"https:\/\/www.elturistatranquil.com\/ca\/castell-de-santa-catalina-jaen\/\" \/>\n<meta property=\"og:site_name\" content=\"El turista tranquil\" \/>\n<meta property=\"article:publisher\" content=\"https:\/\/www.facebook.com\/elturistatranquilo\/\" \/>\n<meta property=\"article:published_time\" content=\"2020-10-17T07:15:00+00:00\" \/>\n<meta property=\"article:modified_time\" content=\"2025-08-04T17:42:53+00:00\" \/>\n<meta property=\"og:image\" content=\"https:\/\/www.elturistatranquil.com\/wp-content\/uploads\/0F51-Castillo-de-Santa-Catalina-Jaen.jpg\" \/>\n\t<meta property=\"og:image:width\" content=\"768\" \/>\n\t<meta property=\"og:image:height\" content=\"511\" \/>\n\t<meta property=\"og:image:type\" content=\"image\/jpeg\" \/>\n<meta name=\"author\" content=\"admin\" \/>\n<meta name=\"twitter:card\" content=\"summary_large_image\" \/>\n<meta name=\"twitter:label1\" content=\"Escrit per\" \/>\n\t<meta name=\"twitter:data1\" content=\"admin\" \/>\n\t<meta name=\"twitter:label2\" content=\"Temps estimat de lectura\" \/>\n\t<meta name=\"twitter:data2\" content=\"35 minuts\" \/>\n<script type=\"application\/ld+json\" class=\"yoast-schema-graph\">{\"@context\":\"https:\\\/\\\/schema.org\",\"@graph\":[{\"@type\":\"Article\",\"@id\":\"https:\\\/\\\/www.elturistatranquil.com\\\/ca\\\/castell-de-santa-catalina-jaen\\\/#article\",\"isPartOf\":{\"@id\":\"https:\\\/\\\/www.elturistatranquil.com\\\/ca\\\/castell-de-santa-catalina-jaen\\\/\"},\"author\":{\"name\":\"admin\",\"@id\":\"https:\\\/\\\/www.elturistatranquil.com\\\/ca\\\/#\\\/schema\\\/person\\\/16f607c3079b96ed0c530a52e6b58bb5\"},\"headline\":\"Castell de Santa Catalina. Ja\u00e9n\",\"datePublished\":\"2020-10-17T07:15:00+00:00\",\"dateModified\":\"2025-08-04T17:42:53+00:00\",\"mainEntityOfPage\":{\"@id\":\"https:\\\/\\\/www.elturistatranquil.com\\\/ca\\\/castell-de-santa-catalina-jaen\\\/\"},\"wordCount\":4886,\"commentCount\":0,\"image\":{\"@id\":\"https:\\\/\\\/www.elturistatranquil.com\\\/ca\\\/castell-de-santa-catalina-jaen\\\/#primaryimage\"},\"thumbnailUrl\":\"https:\\\/\\\/www.elturistatranquil.com\\\/wp-content\\\/uploads\\\/0F51-Castillo-de-Santa-Catalina-Jaen.jpg\",\"articleSection\":[\"Castells, Muralles\",\"Edat mitjana\",\"Hist\u00f2ria\",\"Isl\u00e0mic\",\"Ja\u00e9n\",\"Joies al territori\",\"Prerom\u00e0\",\"Rom\u00e0\",\"Segle XVIII-XIX\"],\"inLanguage\":\"ca\",\"potentialAction\":[{\"@type\":\"CommentAction\",\"name\":\"Comment\",\"target\":[\"https:\\\/\\\/www.elturistatranquil.com\\\/ca\\\/castell-de-santa-catalina-jaen\\\/#respond\"]}]},{\"@type\":\"WebPage\",\"@id\":\"https:\\\/\\\/www.elturistatranquil.com\\\/ca\\\/castell-de-santa-catalina-jaen\\\/\",\"url\":\"https:\\\/\\\/www.elturistatranquil.com\\\/ca\\\/castell-de-santa-catalina-jaen\\\/\",\"name\":\"Castell de Santa Catalina. Ja\u00e9n - El turista tranquil\",\"isPartOf\":{\"@id\":\"https:\\\/\\\/www.elturistatranquil.com\\\/ca\\\/#website\"},\"primaryImageOfPage\":{\"@id\":\"https:\\\/\\\/www.elturistatranquil.com\\\/ca\\\/castell-de-santa-catalina-jaen\\\/#primaryimage\"},\"image\":{\"@id\":\"https:\\\/\\\/www.elturistatranquil.com\\\/ca\\\/castell-de-santa-catalina-jaen\\\/#primaryimage\"},\"thumbnailUrl\":\"https:\\\/\\\/www.elturistatranquil.com\\\/wp-content\\\/uploads\\\/0F51-Castillo-de-Santa-Catalina-Jaen.jpg\",\"datePublished\":\"2020-10-17T07:15:00+00:00\",\"dateModified\":\"2025-08-04T17:42:53+00:00\",\"author\":{\"@id\":\"https:\\\/\\\/www.elturistatranquil.com\\\/ca\\\/#\\\/schema\\\/person\\\/16f607c3079b96ed0c530a52e6b58bb5\"},\"description\":\"Dominant sobre la ciutat de Ja\u00e9n, el Castell de Santa Catalina o Alc\u00e1zar Nuevo, constru\u00eft sobre l'alc\u00e0sser musulm\u00e0 al segle XIII per Fernando III \\\"el Santo\\\".\",\"breadcrumb\":{\"@id\":\"https:\\\/\\\/www.elturistatranquil.com\\\/ca\\\/castell-de-santa-catalina-jaen\\\/#breadcrumb\"},\"inLanguage\":\"ca\",\"potentialAction\":[{\"@type\":\"ReadAction\",\"target\":[\"https:\\\/\\\/www.elturistatranquil.com\\\/ca\\\/castell-de-santa-catalina-jaen\\\/\"]}]},{\"@type\":\"ImageObject\",\"inLanguage\":\"ca\",\"@id\":\"https:\\\/\\\/www.elturistatranquil.com\\\/ca\\\/castell-de-santa-catalina-jaen\\\/#primaryimage\",\"url\":\"https:\\\/\\\/www.elturistatranquil.com\\\/wp-content\\\/uploads\\\/0F51-Castillo-de-Santa-Catalina-Jaen.jpg\",\"contentUrl\":\"https:\\\/\\\/www.elturistatranquil.com\\\/wp-content\\\/uploads\\\/0F51-Castillo-de-Santa-Catalina-Jaen.jpg\",\"width\":768,\"height\":511,\"caption\":\"Castillo de Santa Catalina, Jaen\"},{\"@type\":\"BreadcrumbList\",\"@id\":\"https:\\\/\\\/www.elturistatranquil.com\\\/ca\\\/castell-de-santa-catalina-jaen\\\/#breadcrumb\",\"itemListElement\":[{\"@type\":\"ListItem\",\"position\":1,\"name\":\"Portada\",\"item\":\"https:\\\/\\\/www.elturistatranquil.com\\\/ca\\\/\"},{\"@type\":\"ListItem\",\"position\":2,\"name\":\"Castell de Santa Catalina. Ja\u00e9n\"}]},{\"@type\":\"WebSite\",\"@id\":\"https:\\\/\\\/www.elturistatranquil.com\\\/ca\\\/#website\",\"url\":\"https:\\\/\\\/www.elturistatranquil.com\\\/ca\\\/\",\"name\":\"El turista tranquil\",\"description\":\"Blog de viatges\",\"potentialAction\":[{\"@type\":\"SearchAction\",\"target\":{\"@type\":\"EntryPoint\",\"urlTemplate\":\"https:\\\/\\\/www.elturistatranquil.com\\\/ca\\\/?s={search_term_string}\"},\"query-input\":{\"@type\":\"PropertyValueSpecification\",\"valueRequired\":true,\"valueName\":\"search_term_string\"}}],\"inLanguage\":\"ca\"},{\"@type\":\"Person\",\"@id\":\"https:\\\/\\\/www.elturistatranquil.com\\\/ca\\\/#\\\/schema\\\/person\\\/16f607c3079b96ed0c530a52e6b58bb5\",\"name\":\"admin\",\"image\":{\"@type\":\"ImageObject\",\"inLanguage\":\"ca\",\"@id\":\"https:\\\/\\\/secure.gravatar.com\\\/avatar\\\/1fbaf22aee75fcbb29a2f97b107f95d25d3a19b7c3416105be10269872673e8d?s=96&d=mm&r=g\",\"url\":\"https:\\\/\\\/secure.gravatar.com\\\/avatar\\\/1fbaf22aee75fcbb29a2f97b107f95d25d3a19b7c3416105be10269872673e8d?s=96&d=mm&r=g\",\"contentUrl\":\"https:\\\/\\\/secure.gravatar.com\\\/avatar\\\/1fbaf22aee75fcbb29a2f97b107f95d25d3a19b7c3416105be10269872673e8d?s=96&d=mm&r=g\",\"caption\":\"admin\"}}]}<\/script>\n<!-- \/ Yoast SEO plugin. -->","yoast_head_json":{"title":"Castell de Santa Catalina. Ja\u00e9n - El turista tranquil","description":"Dominant sobre la ciutat de Ja\u00e9n, el Castell de Santa Catalina o Alc\u00e1zar Nuevo, constru\u00eft sobre l'alc\u00e0sser musulm\u00e0 al segle XIII per Fernando III \"el Santo\".","robots":{"index":"index","follow":"follow","max-snippet":"max-snippet:-1","max-image-preview":"max-image-preview:large","max-video-preview":"max-video-preview:-1"},"canonical":"https:\/\/www.elturistatranquil.com\/ca\/castell-de-santa-catalina-jaen\/","og_locale":"ca_ES","og_type":"article","og_title":"Castell de Santa Catalina. Ja\u00e9n - El turista tranquil","og_description":"Dominant sobre la ciutat de Ja\u00e9n, el Castell de Santa Catalina o Alc\u00e1zar Nuevo, constru\u00eft sobre l'alc\u00e0sser musulm\u00e0 al segle XIII per Fernando III \"el Santo\".","og_url":"https:\/\/www.elturistatranquil.com\/ca\/castell-de-santa-catalina-jaen\/","og_site_name":"El turista tranquil","article_publisher":"https:\/\/www.facebook.com\/elturistatranquilo\/","article_published_time":"2020-10-17T07:15:00+00:00","article_modified_time":"2025-08-04T17:42:53+00:00","og_image":[{"width":768,"height":511,"url":"https:\/\/www.elturistatranquil.com\/wp-content\/uploads\/0F51-Castillo-de-Santa-Catalina-Jaen.jpg","type":"image\/jpeg"}],"author":"admin","twitter_card":"summary_large_image","twitter_misc":{"Escrit per":"admin","Temps estimat de lectura":"35 minuts"},"schema":{"@context":"https:\/\/schema.org","@graph":[{"@type":"Article","@id":"https:\/\/www.elturistatranquil.com\/ca\/castell-de-santa-catalina-jaen\/#article","isPartOf":{"@id":"https:\/\/www.elturistatranquil.com\/ca\/castell-de-santa-catalina-jaen\/"},"author":{"name":"admin","@id":"https:\/\/www.elturistatranquil.com\/ca\/#\/schema\/person\/16f607c3079b96ed0c530a52e6b58bb5"},"headline":"Castell de Santa Catalina. Ja\u00e9n","datePublished":"2020-10-17T07:15:00+00:00","dateModified":"2025-08-04T17:42:53+00:00","mainEntityOfPage":{"@id":"https:\/\/www.elturistatranquil.com\/ca\/castell-de-santa-catalina-jaen\/"},"wordCount":4886,"commentCount":0,"image":{"@id":"https:\/\/www.elturistatranquil.com\/ca\/castell-de-santa-catalina-jaen\/#primaryimage"},"thumbnailUrl":"https:\/\/www.elturistatranquil.com\/wp-content\/uploads\/0F51-Castillo-de-Santa-Catalina-Jaen.jpg","articleSection":["Castells, Muralles","Edat mitjana","Hist\u00f2ria","Isl\u00e0mic","Ja\u00e9n","Joies al territori","Prerom\u00e0","Rom\u00e0","Segle XVIII-XIX"],"inLanguage":"ca","potentialAction":[{"@type":"CommentAction","name":"Comment","target":["https:\/\/www.elturistatranquil.com\/ca\/castell-de-santa-catalina-jaen\/#respond"]}]},{"@type":"WebPage","@id":"https:\/\/www.elturistatranquil.com\/ca\/castell-de-santa-catalina-jaen\/","url":"https:\/\/www.elturistatranquil.com\/ca\/castell-de-santa-catalina-jaen\/","name":"Castell de Santa Catalina. Ja\u00e9n - El turista tranquil","isPartOf":{"@id":"https:\/\/www.elturistatranquil.com\/ca\/#website"},"primaryImageOfPage":{"@id":"https:\/\/www.elturistatranquil.com\/ca\/castell-de-santa-catalina-jaen\/#primaryimage"},"image":{"@id":"https:\/\/www.elturistatranquil.com\/ca\/castell-de-santa-catalina-jaen\/#primaryimage"},"thumbnailUrl":"https:\/\/www.elturistatranquil.com\/wp-content\/uploads\/0F51-Castillo-de-Santa-Catalina-Jaen.jpg","datePublished":"2020-10-17T07:15:00+00:00","dateModified":"2025-08-04T17:42:53+00:00","author":{"@id":"https:\/\/www.elturistatranquil.com\/ca\/#\/schema\/person\/16f607c3079b96ed0c530a52e6b58bb5"},"description":"Dominant sobre la ciutat de Ja\u00e9n, el Castell de Santa Catalina o Alc\u00e1zar Nuevo, constru\u00eft sobre l'alc\u00e0sser musulm\u00e0 al segle XIII per Fernando III \"el Santo\".","breadcrumb":{"@id":"https:\/\/www.elturistatranquil.com\/ca\/castell-de-santa-catalina-jaen\/#breadcrumb"},"inLanguage":"ca","potentialAction":[{"@type":"ReadAction","target":["https:\/\/www.elturistatranquil.com\/ca\/castell-de-santa-catalina-jaen\/"]}]},{"@type":"ImageObject","inLanguage":"ca","@id":"https:\/\/www.elturistatranquil.com\/ca\/castell-de-santa-catalina-jaen\/#primaryimage","url":"https:\/\/www.elturistatranquil.com\/wp-content\/uploads\/0F51-Castillo-de-Santa-Catalina-Jaen.jpg","contentUrl":"https:\/\/www.elturistatranquil.com\/wp-content\/uploads\/0F51-Castillo-de-Santa-Catalina-Jaen.jpg","width":768,"height":511,"caption":"Castillo de Santa Catalina, Jaen"},{"@type":"BreadcrumbList","@id":"https:\/\/www.elturistatranquil.com\/ca\/castell-de-santa-catalina-jaen\/#breadcrumb","itemListElement":[{"@type":"ListItem","position":1,"name":"Portada","item":"https:\/\/www.elturistatranquil.com\/ca\/"},{"@type":"ListItem","position":2,"name":"Castell de Santa Catalina. Ja\u00e9n"}]},{"@type":"WebSite","@id":"https:\/\/www.elturistatranquil.com\/ca\/#website","url":"https:\/\/www.elturistatranquil.com\/ca\/","name":"El turista tranquil","description":"Blog de viatges","potentialAction":[{"@type":"SearchAction","target":{"@type":"EntryPoint","urlTemplate":"https:\/\/www.elturistatranquil.com\/ca\/?s={search_term_string}"},"query-input":{"@type":"PropertyValueSpecification","valueRequired":true,"valueName":"search_term_string"}}],"inLanguage":"ca"},{"@type":"Person","@id":"https:\/\/www.elturistatranquil.com\/ca\/#\/schema\/person\/16f607c3079b96ed0c530a52e6b58bb5","name":"admin","image":{"@type":"ImageObject","inLanguage":"ca","@id":"https:\/\/secure.gravatar.com\/avatar\/1fbaf22aee75fcbb29a2f97b107f95d25d3a19b7c3416105be10269872673e8d?s=96&d=mm&r=g","url":"https:\/\/secure.gravatar.com\/avatar\/1fbaf22aee75fcbb29a2f97b107f95d25d3a19b7c3416105be10269872673e8d?s=96&d=mm&r=g","contentUrl":"https:\/\/secure.gravatar.com\/avatar\/1fbaf22aee75fcbb29a2f97b107f95d25d3a19b7c3416105be10269872673e8d?s=96&d=mm&r=g","caption":"admin"}}]}},"_links":{"self":[{"href":"https:\/\/www.elturistatranquil.com\/ca\/wp-json\/wp\/v2\/posts\/32826","targetHints":{"allow":["GET"]}}],"collection":[{"href":"https:\/\/www.elturistatranquil.com\/ca\/wp-json\/wp\/v2\/posts"}],"about":[{"href":"https:\/\/www.elturistatranquil.com\/ca\/wp-json\/wp\/v2\/types\/post"}],"author":[{"embeddable":true,"href":"https:\/\/www.elturistatranquil.com\/ca\/wp-json\/wp\/v2\/users\/1"}],"replies":[{"embeddable":true,"href":"https:\/\/www.elturistatranquil.com\/ca\/wp-json\/wp\/v2\/comments?post=32826"}],"version-history":[{"count":5,"href":"https:\/\/www.elturistatranquil.com\/ca\/wp-json\/wp\/v2\/posts\/32826\/revisions"}],"predecessor-version":[{"id":35200,"href":"https:\/\/www.elturistatranquil.com\/ca\/wp-json\/wp\/v2\/posts\/32826\/revisions\/35200"}],"wp:featuredmedia":[{"embeddable":true,"href":"https:\/\/www.elturistatranquil.com\/ca\/wp-json\/wp\/v2\/media\/33137"}],"wp:attachment":[{"href":"https:\/\/www.elturistatranquil.com\/ca\/wp-json\/wp\/v2\/media?parent=32826"}],"wp:term":[{"taxonomy":"category","embeddable":true,"href":"https:\/\/www.elturistatranquil.com\/ca\/wp-json\/wp\/v2\/categories?post=32826"},{"taxonomy":"post_tag","embeddable":true,"href":"https:\/\/www.elturistatranquil.com\/ca\/wp-json\/wp\/v2\/tags?post=32826"}],"curies":[{"name":"wp","href":"https:\/\/api.w.org\/{rel}","templated":true}]}}