{"id":33106,"date":"2020-11-14T10:23:58","date_gmt":"2020-11-14T09:23:58","guid":{"rendered":"https:\/\/www.elturistatranquil.com\/?p=33106"},"modified":"2020-11-14T11:26:07","modified_gmt":"2020-11-14T10:26:07","slug":"sorbas-parc-natural-karst-en-yesos-de-sorbas-almeria","status":"publish","type":"post","link":"https:\/\/www.elturistatranquil.com\/ca\/sorbas-parc-natural-karst-en-yesos-de-sorbas-almeria\/","title":{"rendered":"Sorbas. Parc Natural Karst en Yesos de Sorbas (Almeria)"},"content":{"rendered":"\t\t<div data-elementor-type=\"wp-post\" data-elementor-id=\"33106\" class=\"elementor elementor-33106 elementor-32992\" data-elementor-post-type=\"post\">\n\t\t\t\t\t\t<section class=\"elementor-section elementor-top-section elementor-element elementor-element-23e2e9a8 elementor-section-boxed elementor-section-height-default elementor-section-height-default\" data-id=\"23e2e9a8\" data-element_type=\"section\" data-e-type=\"section\">\n\t\t\t\t\t\t<div class=\"elementor-container elementor-column-gap-default\">\n\t\t\t\t\t<div class=\"elementor-column elementor-col-100 elementor-top-column elementor-element elementor-element-343adcb6\" data-id=\"343adcb6\" data-element_type=\"column\" data-e-type=\"column\">\n\t\t\t<div class=\"elementor-widget-wrap elementor-element-populated\">\n\t\t\t\t\t\t<section class=\"elementor-section elementor-inner-section elementor-element elementor-element-a884e6f elementor-section-content-middle elementor-section-boxed elementor-section-height-default elementor-section-height-default\" data-id=\"a884e6f\" data-element_type=\"section\" data-e-type=\"section\">\n\t\t\t\t\t\t<div class=\"elementor-container elementor-column-gap-default\">\n\t\t\t\t\t<div class=\"elementor-column elementor-col-100 elementor-inner-column elementor-element elementor-element-1f37e9c9\" data-id=\"1f37e9c9\" data-element_type=\"column\" data-e-type=\"column\">\n\t\t\t<div class=\"elementor-widget-wrap elementor-element-populated\">\n\t\t\t\t\t\t<div class=\"elementor-element elementor-element-12bdcdb elementor-widget elementor-widget-text-editor\" data-id=\"12bdcdb\" data-element_type=\"widget\" data-e-type=\"widget\" data-widget_type=\"text-editor.default\">\n\t\t\t\t<div class=\"elementor-widget-container\">\n\t\t\t\t\t\t\t\t\t<p>A m\u00e9s de la vila de <em>Sorbas<\/em> podrem con\u00e8ixer el <em>Parc Natural Karst en Yesos de Sorbas<\/em>, en el Levante Almeriense, ideal per a amants de la hist\u00f2ria i de la natura, la geologia i l&#8217;espeleologia.<\/p>\t\t\t\t\t\t\t\t<\/div>\n\t\t\t\t<\/div>\n\t\t\t\t\t<\/div>\n\t\t<\/div>\n\t\t\t\t\t<\/div>\n\t\t<\/section>\n\t\t\t\t<div class=\"elementor-element elementor-element-c158b50 elementor-widget elementor-widget-heading\" data-id=\"c158b50\" data-element_type=\"widget\" data-e-type=\"widget\" data-widget_type=\"heading.default\">\n\t\t\t\t<div class=\"elementor-widget-container\">\n\t\t\t\t\t<h1 class=\"elementor-heading-title elementor-size-default\">Sorbas. Parc Natural Karst en Yesos de Sorbas (Almeria)<\/h1>\t\t\t\t<\/div>\n\t\t\t\t<\/div>\n\t\t\t\t\t<\/div>\n\t\t<\/div>\n\t\t\t\t\t<\/div>\n\t\t<\/section>\n\t\t\t\t<section class=\"elementor-section elementor-top-section elementor-element elementor-element-65236cf6 elementor-section-boxed elementor-section-height-default elementor-section-height-default\" data-id=\"65236cf6\" data-element_type=\"section\" data-e-type=\"section\">\n\t\t\t\t\t\t<div class=\"elementor-container elementor-column-gap-default\">\n\t\t\t\t\t<div class=\"elementor-column elementor-col-100 elementor-top-column elementor-element elementor-element-60f06d2c\" data-id=\"60f06d2c\" data-element_type=\"column\" data-e-type=\"column\">\n\t\t\t<div class=\"elementor-widget-wrap elementor-element-populated\">\n\t\t\t\t\t\t<div class=\"elementor-element elementor-element-50055996 elementor-widget elementor-widget-image\" data-id=\"50055996\" data-element_type=\"widget\" data-e-type=\"widget\" data-widget_type=\"image.default\">\n\t\t\t\t<div class=\"elementor-widget-container\">\n\t\t\t\t\t\t\t\t\t\t\t\t<figure class=\"wp-caption\">\n\t\t\t\t\t\t\t\t\t\t<img fetchpriority=\"high\" decoding=\"async\" width=\"768\" height=\"511\" src=\"https:\/\/www.elturistatranquil.com\/wp-content\/uploads\/F01-Sorbas.-Almeria-Google-earth-2020-10-07.jpg\" class=\"attachment-large size-large wp-image-32999\" alt=\"Sorbas. Almeria (Google earth 2020-10-07)\" srcset=\"https:\/\/www.elturistatranquil.com\/wp-content\/uploads\/F01-Sorbas.-Almeria-Google-earth-2020-10-07.jpg 768w, https:\/\/www.elturistatranquil.com\/wp-content\/uploads\/F01-Sorbas.-Almeria-Google-earth-2020-10-07-339x226.jpg 339w\" sizes=\"(max-width: 768px) 100vw, 768px\" \/>\t\t\t\t\t\t\t\t\t\t\t<figcaption class=\"widget-image-caption wp-caption-text\">Sorbas (Googe earth 2020-09-21)<\/figcaption>\n\t\t\t\t\t\t\t\t\t\t<\/figure>\n\t\t\t\t\t\t\t\t\t<\/div>\n\t\t\t\t<\/div>\n\t\t\t\t<div class=\"elementor-element elementor-element-7df43dce elementor-widget elementor-widget-spacer\" data-id=\"7df43dce\" data-element_type=\"widget\" data-e-type=\"widget\" data-widget_type=\"spacer.default\">\n\t\t\t\t<div class=\"elementor-widget-container\">\n\t\t\t\t\t\t\t<div class=\"elementor-spacer\">\n\t\t\t<div class=\"elementor-spacer-inner\"><\/div>\n\t\t<\/div>\n\t\t\t\t\t\t<\/div>\n\t\t\t\t<\/div>\n\t\t\t\t<div class=\"elementor-element elementor-element-60920a17 elementor-widget elementor-widget-heading\" data-id=\"60920a17\" data-element_type=\"widget\" data-e-type=\"widget\" data-widget_type=\"heading.default\">\n\t\t\t\t<div class=\"elementor-widget-container\">\n\t\t\t\t\t<h2 class=\"elementor-heading-title elementor-size-default\">Sorbas. Parc Natural Karst en Yesos de Sorbas. Levante Almeriense. Almeria<\/h2>\t\t\t\t<\/div>\n\t\t\t\t<\/div>\n\t\t\t\t<section class=\"elementor-section elementor-inner-section elementor-element elementor-element-3b22a879 elementor-section-boxed elementor-section-height-default elementor-section-height-default\" data-id=\"3b22a879\" data-element_type=\"section\" data-e-type=\"section\" data-settings=\"{&quot;background_background&quot;:&quot;classic&quot;}\">\n\t\t\t\t\t\t\t<div class=\"elementor-background-overlay\"><\/div>\n\t\t\t\t\t\t\t<div class=\"elementor-container elementor-column-gap-default\">\n\t\t\t\t\t<div class=\"elementor-column elementor-col-100 elementor-inner-column elementor-element elementor-element-1e1ffe9d\" data-id=\"1e1ffe9d\" data-element_type=\"column\" data-e-type=\"column\" data-settings=\"{&quot;background_background&quot;:&quot;classic&quot;}\">\n\t\t\t<div class=\"elementor-widget-wrap elementor-element-populated\">\n\t\t\t\t\t\t<div class=\"elementor-element elementor-element-44073212 elementor-widget elementor-widget-text-editor\" data-id=\"44073212\" data-element_type=\"widget\" data-e-type=\"widget\" data-widget_type=\"text-editor.default\">\n\t\t\t\t<div class=\"elementor-widget-container\">\n\t\t\t\t\t\t\t\t\t<p>Municipi: Sorbas. Comarca: Levante Almeriense. Prov\u00edncia: Almeria. Com. Aut\u00f2noma: Andaluc\u00eda<\/p><p>Coordenades: 37\u00b005\u203254\u2033N 2\u00b007\u203226\u2033O. Altitud:\u00a0 409 msnm. Poblaci\u00f3: 1.415 habitants en la localitat (2019) y 2.388 habitants en el municipi.<\/p><p>Web: <a href=\"http:\/\/www.sorbas.es\/\" target=\"_blank\" rel=\"noopener\">ajuntament<\/a><\/p><p>Visita: 2019<\/p>\t\t\t\t\t\t\t\t<\/div>\n\t\t\t\t<\/div>\n\t\t\t\t\t<\/div>\n\t\t<\/div>\n\t\t\t\t\t<\/div>\n\t\t<\/section>\n\t\t\t\t<div class=\"elementor-element elementor-element-35e351f6 elementor-widget elementor-widget-image\" data-id=\"35e351f6\" data-element_type=\"widget\" data-e-type=\"widget\" data-widget_type=\"image.default\">\n\t\t\t\t<div class=\"elementor-widget-container\">\n\t\t\t\t\t\t\t\t\t\t\t\t<figure class=\"wp-caption\">\n\t\t\t\t\t\t\t\t\t\t<img decoding=\"async\" width=\"768\" height=\"513\" src=\"https:\/\/www.elturistatranquil.com\/wp-content\/uploads\/F02ca-Mapa-de-localitzacio-de-Lubrin-Sorbas-Googe-maps-2020-09-21.jpg\" class=\"attachment-medium_large size-medium_large wp-image-32949\" alt=\"Mapa de localitzacio de Lubrin Sorbas (Googe maps 2020-09-21)\" srcset=\"https:\/\/www.elturistatranquil.com\/wp-content\/uploads\/F02ca-Mapa-de-localitzacio-de-Lubrin-Sorbas-Googe-maps-2020-09-21.jpg 768w, https:\/\/www.elturistatranquil.com\/wp-content\/uploads\/F02ca-Mapa-de-localitzacio-de-Lubrin-Sorbas-Googe-maps-2020-09-21-339x226.jpg 339w\" sizes=\"(max-width: 768px) 100vw, 768px\" \/>\t\t\t\t\t\t\t\t\t\t\t<figcaption class=\"widget-image-caption wp-caption-text\">Mapa de situaci\u00f3 de Sorbas (Googe maps 2020-09-21)<\/figcaption>\n\t\t\t\t\t\t\t\t\t\t<\/figure>\n\t\t\t\t\t\t\t\t\t<\/div>\n\t\t\t\t<\/div>\n\t\t\t\t<section class=\"elementor-section elementor-inner-section elementor-element elementor-element-4b2d0895 elementor-section-boxed elementor-section-height-default elementor-section-height-default\" data-id=\"4b2d0895\" data-element_type=\"section\" data-e-type=\"section\" data-settings=\"{&quot;background_background&quot;:&quot;classic&quot;}\">\n\t\t\t\t\t\t<div class=\"elementor-container elementor-column-gap-default\">\n\t\t\t\t\t<div class=\"elementor-column elementor-col-100 elementor-inner-column elementor-element elementor-element-41518171\" data-id=\"41518171\" data-element_type=\"column\" data-e-type=\"column\">\n\t\t\t<div class=\"elementor-widget-wrap elementor-element-populated\">\n\t\t\t\t\t\t<div class=\"elementor-element elementor-element-1b60960f elementor-widget elementor-widget-text-editor\" data-id=\"1b60960f\" data-element_type=\"widget\" data-e-type=\"widget\" data-widget_type=\"text-editor.default\">\n\t\t\t\t<div class=\"elementor-widget-container\">\n\t\t\t\t\t\t\t\t\t<p style=\"text-align: center;\"><strong>\u00cdndex<\/strong><\/p>\t\t\t\t\t\t\t\t<\/div>\n\t\t\t\t<\/div>\n\t\t\t\t<div class=\"elementor-element elementor-element-45c982bb elementor-widget elementor-widget-text-editor\" data-id=\"45c982bb\" data-element_type=\"widget\" data-e-type=\"widget\" data-widget_type=\"text-editor.default\">\n\t\t\t\t<div class=\"elementor-widget-container\">\n\t\t\t\t\t\t\t\t\t<p><a href=\"https:\/\/www.elturistatranquil.com\/ca\/sorbas-parc-natural-karst-en-yesos-de-sorbas-almeria\/#c6201\">Sorbas. Parc Natural Karst en Yesos de Sorbas. Levante de Almer\u00eda. Almeria<\/a><\/p><p><a href=\"https:\/\/www.elturistatranquil.com\/ca\/sorbas-parc-natural-karst-en-yesos-de-sorbas-almeria\/#c6202\">El territori<\/a><\/p><p style=\"padding-left: 40px;\"><a href=\"https:\/\/www.elturistatranquil.com\/ca\/sorbas-parc-natural-karst-en-yesos-de-sorbas-almeria\/#c6203\">Morfologia de l&#8217;assentament de Sorbas<\/a><\/p><p><a href=\"https:\/\/www.elturistatranquil.com\/ca\/sorbas-parc-natural-karst-en-yesos-de-sorbas-almeria\/#c6204\">Una mica d&#8217;hist\u00f2ria<\/a><\/p><p><a href=\"https:\/\/www.elturistatranquil.com\/ca\/sorbas-parc-natural-karst-en-yesos-de-sorbas-almeria\/#c6205\">Visita a Sorbas<\/a><\/p><p style=\"padding-left: 40px;\"><a href=\"https:\/\/www.elturistatranquil.com\/ca\/sorbas-parc-natural-karst-en-yesos-de-sorbas-almeria\/#c6206\">Barranc Afa<\/a><\/p><p style=\"padding-left: 40px;\"><a href=\"https:\/\/www.elturistatranquil.com\/ca\/sorbas-parc-natural-karst-en-yesos-de-sorbas-almeria\/#c6207\">Centre de visitants &#8220;Los Yesares&#8221;<\/a><\/p><p style=\"padding-left: 40px;\"><a href=\"https:\/\/www.elturistatranquil.com\/ca\/sorbas-parc-natural-karst-en-yesos-de-sorbas-almeria\/#c6208\">Pla\u00e7a de la Constituci\u00f3<\/a><\/p><p style=\"padding-left: 80px;\"><a href=\"https:\/\/www.elturistatranquil.com\/ca\/sorbas-parc-natural-karst-en-yesos-de-sorbas-almeria\/#c6209\">Casa Consistorial<\/a><\/p><p style=\"padding-left: 80px;\"><a href=\"https:\/\/www.elturistatranquil.com\/ca\/sorbas-parc-natural-karst-en-yesos-de-sorbas-almeria\/#c6210\">Casa del Duc de Valoig<\/a><\/p><p style=\"padding-left: 80px;\"><a href=\"https:\/\/www.elturistatranquil.com\/ca\/sorbas-parc-natural-karst-en-yesos-de-sorbas-almeria\/#c6211\">Casa-Palau del Duc de Alba<\/a><\/p><p style=\"padding-left: 80px;\"><a href=\"https:\/\/www.elturistatranquil.com\/ca\/sorbas-parc-natural-karst-en-yesos-de-sorbas-almeria\/#c6212\">Esgl\u00e9sia de Santa Mar\u00eda<\/a><\/p><p style=\"padding-left: 40px;\"><a href=\"https:\/\/www.elturistatranquil.com\/ca\/sorbas-parc-natural-karst-en-yesos-de-sorbas-almeria\/#c6213\">Mirador del Porche<\/a><\/p><p style=\"padding-left: 40px;\"><a href=\"https:\/\/www.elturistatranquil.com\/ca\/sorbas-parc-natural-karst-en-yesos-de-sorbas-almeria\/#c6214\">Barri de las Alfarer\u00edas<\/a><\/p><p style=\"padding-left: 80px;\"><a href=\"https:\/\/www.elturistatranquil.com\/ca\/sorbas-parc-natural-karst-en-yesos-de-sorbas-almeria\/#c6215\">Ermita de San Roque i carrer San Roque<\/a><\/p><p><a href=\"https:\/\/www.elturistatranquil.com\/ca\/sorbas-parc-natural-karst-en-yesos-de-sorbas-almeria\/#c6216\">Parc Natural Karst en Yesos de Sorbas<\/a><\/p><p style=\"padding-left: 40px;\"><a href=\"https:\/\/www.elturistatranquil.com\/ca\/sorbas-parc-natural-karst-en-yesos-de-sorbas-almeria\/#c6217\">Mirador Urra<\/a><\/p><p style=\"padding-left: 40px;\"><a href=\"https:\/\/www.elturistatranquil.com\/ca\/sorbas-parc-natural-karst-en-yesos-de-sorbas-almeria\/#c6218\">Coves de Sorbas<\/a><\/p><p><a href=\"https:\/\/www.elturistatranquil.com\/ca\/sorbas-parc-natural-karst-en-yesos-de-sorbas-almeria\/#c6219\">Fi de la visita<\/a><\/p><p><a href=\"https:\/\/www.elturistatranquil.com\/ca\/sorbas-parc-natural-karst-en-yesos-de-sorbas-almeria\/#c6220\">Bases d&#8217;informaci\u00f3<\/a><\/p>\t\t\t\t\t\t\t\t<\/div>\n\t\t\t\t<\/div>\n\t\t\t\t\t<\/div>\n\t\t<\/div>\n\t\t\t\t\t<\/div>\n\t\t<\/section>\n\t\t\t\t<div class=\"elementor-element elementor-element-567415b6 elementor-widget elementor-widget-spacer\" data-id=\"567415b6\" data-element_type=\"widget\" data-e-type=\"widget\" data-widget_type=\"spacer.default\">\n\t\t\t\t<div class=\"elementor-widget-container\">\n\t\t\t\t\t\t\t<div class=\"elementor-spacer\">\n\t\t\t<div class=\"elementor-spacer-inner\"><\/div>\n\t\t<\/div>\n\t\t\t\t\t\t<\/div>\n\t\t\t\t<\/div>\n\t\t\t\t<div class=\"elementor-element elementor-element-771cce2b elementor-widget elementor-widget-menu-anchor\" data-id=\"771cce2b\" data-element_type=\"widget\" data-e-type=\"widget\" data-widget_type=\"menu-anchor.default\">\n\t\t\t\t<div class=\"elementor-widget-container\">\n\t\t\t\t\t\t\t<div class=\"elementor-menu-anchor\" id=\"c6201\"><\/div>\n\t\t\t\t\t\t<\/div>\n\t\t\t\t<\/div>\n\t\t\t\t<div class=\"elementor-element elementor-element-1e08941a elementor-widget elementor-widget-spacer\" data-id=\"1e08941a\" data-element_type=\"widget\" data-e-type=\"widget\" data-widget_type=\"spacer.default\">\n\t\t\t\t<div class=\"elementor-widget-container\">\n\t\t\t\t\t\t\t<div class=\"elementor-spacer\">\n\t\t\t<div class=\"elementor-spacer-inner\"><\/div>\n\t\t<\/div>\n\t\t\t\t\t\t<\/div>\n\t\t\t\t<\/div>\n\t\t\t\t<div class=\"elementor-element elementor-element-f970331 elementor-widget elementor-widget-heading\" data-id=\"f970331\" data-element_type=\"widget\" data-e-type=\"widget\" data-widget_type=\"heading.default\">\n\t\t\t\t<div class=\"elementor-widget-container\">\n\t\t\t\t\t<h2 class=\"elementor-heading-title elementor-size-default\">Sorbas. Parc Natural Karst en Yesos de Sorbas. Levante Almeriense. Almeria<\/h2>\t\t\t\t<\/div>\n\t\t\t\t<\/div>\n\t\t\t\t<div class=\"elementor-element elementor-element-1e51a1d elementor-widget elementor-widget-menu-anchor\" data-id=\"1e51a1d\" data-element_type=\"widget\" data-e-type=\"widget\" data-widget_type=\"menu-anchor.default\">\n\t\t\t\t<div class=\"elementor-widget-container\">\n\t\t\t\t\t\t\t<div class=\"elementor-menu-anchor\" id=\"c6202\"><\/div>\n\t\t\t\t\t\t<\/div>\n\t\t\t\t<\/div>\n\t\t\t\t<div class=\"elementor-element elementor-element-574c8279 elementor-widget elementor-widget-text-editor\" data-id=\"574c8279\" data-element_type=\"widget\" data-e-type=\"widget\" data-widget_type=\"text-editor.default\">\n\t\t\t\t<div class=\"elementor-widget-container\">\n\t\t\t\t\t\t\t\t\t<p>Des de <a href=\"https:\/\/www.elturistatranquil.com\/ca\/casona-granado-allojament-boutique-levante-almeriense\/\" target=\"_blank\" rel=\"noopener\"><strong>Casona Granado, Allotjament boutique<\/strong><\/a>, em dirigir\u00e9 en direcci\u00f3 sud cap a Sorbas i el Parc Natural Karst en Yesos de Sorbas, a 13 quil\u00f2metres.<\/p><p><strong>Sorbas<\/strong> \u00e9s la localitat capital del municipi amb 1.415 habitants (2019) d&#8217;un total de 2.388. Dividida en 8 demarcacions, en les set restants resideixen 973 habitants.<\/p><p>En els gaireb\u00e9 250 km<sup>2<\/sup> de superf\u00edcie que ocupa el municipi els assentaments humans es distribueixen en gran nombre, fins a 57, per ella. Segons les dades del INE, aquests 57 nuclis de poblaci\u00f3 en pedanies i cortijadas, excepte un (Los Mart\u00ednez amb 107), no arriben als 100 habitants. I d&#8217;aquests 10 ja es troben deshabitats i 12 amb menys de 10 censats.<\/p><p>El municipi de Sorbas pertany a la\u00a0 <em><a href=\"https:\/\/guiadigital.iaph.es\/sites\/default\/canales\/conoce-el-patrimonio\/guia-digital\/textos-e\/Demarcacion_Campo_de_Nijar\/paisaje\/index.html\">Demarcaci\u00f3n Paisaj\u00edstica del Campo de N\u00edjar <\/a><\/em>y a la\u00a0<em><a href=\"https:\/\/guiadigital.iaph.es\/sites\/default\/canales\/conoce-el-patrimonio\/guia-digital\/textos-e\/Demarcacion_Valle_de_Almanzora\/index.html\">Demarcaci\u00f3n Paisaj\u00edstica del Valle de Almanzora<\/a><\/em>.<\/p>\t\t\t\t\t\t\t\t<\/div>\n\t\t\t\t<\/div>\n\t\t\t\t<div class=\"elementor-element elementor-element-318b3ca elementor-widget elementor-widget-heading\" data-id=\"318b3ca\" data-element_type=\"widget\" data-e-type=\"widget\" data-widget_type=\"heading.default\">\n\t\t\t\t<div class=\"elementor-widget-container\">\n\t\t\t\t\t<h2 class=\"elementor-heading-title elementor-size-default\">El territori<\/h2>\t\t\t\t<\/div>\n\t\t\t\t<\/div>\n\t\t\t\t<div class=\"elementor-element elementor-element-c21970a elementor-widget elementor-widget-text-editor\" data-id=\"c21970a\" data-element_type=\"widget\" data-e-type=\"widget\" data-widget_type=\"text-editor.default\">\n\t\t\t\t<div class=\"elementor-widget-container\">\n\t\t\t\t\t\t\t\t\t<p>Per la seva situaci\u00f3, i com a punt estrat\u00e8gic entre el Campo de Tabernas i la Vall de Vera i Almanzora, aix\u00ed com per ser la conflu\u00e8ncia de pas entre els contraforts de la Serra de Filabres al nord, la Serra Alhamilla al sud-oest, i la Serra de Cabrera a al sud-est, fan que a l&#8217;antiguitat tota mena de cultures hagin triat aquestes terres com a zona de pas, tant per les seves migracions, com per als seus intercanvis materials i culturals.<\/p><p>La import\u00e0ncia dels guixos porta a que la seva extracci\u00f3 constitueixi una de les activitats econ\u00f2miques m\u00e9s importants. S&#8217;exporta en brut, sense que es produeixi cap tipus de transformaci\u00f3 en el territori que generi activitat industrial.<\/p><p>La terrisseria constitueix una altra activitat ja practicada almenys des de temps \u00e0rabs. Es concentra en el Barri de las Alfarer\u00edas, on encara es pot veure un forn d\u2019estil \u00e0rab.<\/p><p>L&#8217;agricultura es recolza en la producci\u00f3 de cereals, ametllers i oliveres, i la gradual introducci\u00f3 dels hivernacles, i la ramaderia, \u00e9s especial de cabrum,<\/p><p>A m\u00e9s dels atractius de la localitat, el turisme es veu potenciat per l&#8217;atractiu del paisatge c\u00e0rstic i la visita a les seves coves.<\/p>\t\t\t\t\t\t\t\t<\/div>\n\t\t\t\t<\/div>\n\t\t\t\t<div class=\"elementor-element elementor-element-5ade95c elementor-widget elementor-widget-menu-anchor\" data-id=\"5ade95c\" data-element_type=\"widget\" data-e-type=\"widget\" data-widget_type=\"menu-anchor.default\">\n\t\t\t\t<div class=\"elementor-widget-container\">\n\t\t\t\t\t\t\t<div class=\"elementor-menu-anchor\" id=\"c6203\"><\/div>\n\t\t\t\t\t\t<\/div>\n\t\t\t\t<\/div>\n\t\t\t\t<div class=\"elementor-element elementor-element-1d28a7d7 elementor-widget elementor-widget-heading\" data-id=\"1d28a7d7\" data-element_type=\"widget\" data-e-type=\"widget\" data-widget_type=\"heading.default\">\n\t\t\t\t<div class=\"elementor-widget-container\">\n\t\t\t\t\t<h3 class=\"elementor-heading-title elementor-size-default\">Morfologia de l\u2019assentament de Sorbas<\/h3>\t\t\t\t<\/div>\n\t\t\t\t<\/div>\n\t\t\t\t<div class=\"elementor-element elementor-element-49613ea elementor-widget elementor-widget-text-editor\" data-id=\"49613ea\" data-element_type=\"widget\" data-e-type=\"widget\" data-widget_type=\"text-editor.default\">\n\t\t\t\t<div class=\"elementor-widget-container\">\n\t\t\t\t\t\t\t\t\t<p>La morfologia del terreny en el qual s&#8217;empla\u00e7a en nucli antic de Sorbas constitueix una aut\u00e8ntica fortalesa natural.<\/p><p>El nucli antic es troba assentat en un illot altipl\u00e0 c\u00e0rstic (farall\u00f3) a 400 msnm i, al seu torn, elevat uns 40 metres sobre les rambles de Moras i del Cucador del riu Aguas, que l&#8217;envolten totalment pel barranc anomenat <strong>Afa<\/strong>. L&#8217;erosi\u00f3 de l&#8217;aigua sobre els materials ha configurat els escarpats laterals.<\/p>\t\t\t\t\t\t\t\t<\/div>\n\t\t\t\t<\/div>\n\t\t\t\t<div class=\"elementor-element elementor-element-5e426d9a elementor-widget elementor-widget-image\" data-id=\"5e426d9a\" data-element_type=\"widget\" data-e-type=\"widget\" data-widget_type=\"image.default\">\n\t\t\t\t<div class=\"elementor-widget-container\">\n\t\t\t\t\t\t\t\t\t\t\t\t<figure class=\"wp-caption\">\n\t\t\t\t\t\t\t\t\t\t<img decoding=\"async\" width=\"519\" height=\"550\" src=\"https:\/\/www.elturistatranquil.com\/wp-content\/uploads\/F03-Sorbas.-Almeria.-Plano-historico.jpg\" class=\"attachment-large size-large wp-image-33001\" alt=\"Sorbas. Almeria. Plano historico\" srcset=\"https:\/\/www.elturistatranquil.com\/wp-content\/uploads\/F03-Sorbas.-Almeria.-Plano-historico.jpg 519w, https:\/\/www.elturistatranquil.com\/wp-content\/uploads\/F03-Sorbas.-Almeria.-Plano-historico-213x226.jpg 213w\" sizes=\"(max-width: 519px) 100vw, 519px\" \/>\t\t\t\t\t\t\t\t\t\t\t<figcaption class=\"widget-image-caption wp-caption-text\">Pl\u00e0nol de Sorbas vers 1855<\/figcaption>\n\t\t\t\t\t\t\t\t\t\t<\/figure>\n\t\t\t\t\t\t\t\t\t<\/div>\n\t\t\t\t<\/div>\n\t\t\t\t<div class=\"elementor-element elementor-element-db9d6de elementor-widget elementor-widget-text-editor\" data-id=\"db9d6de\" data-element_type=\"widget\" data-e-type=\"widget\" data-widget_type=\"text-editor.default\">\n\t\t\t\t<div class=\"elementor-widget-container\">\n\t\t\t\t\t\t\t\t\t<p>Tot el lateral de la cara sud de l&#8217;espectacular barranc Afa.<\/p>\t\t\t\t\t\t\t\t<\/div>\n\t\t\t\t<\/div>\n\t\t\t\t<div class=\"elementor-element elementor-element-4493897 elementor-widget elementor-widget-image\" data-id=\"4493897\" data-element_type=\"widget\" data-e-type=\"widget\" data-widget_type=\"image.default\">\n\t\t\t\t<div class=\"elementor-widget-container\">\n\t\t\t\t\t\t\t\t\t\t\t\t<figure class=\"wp-caption\">\n\t\t\t\t\t\t\t\t\t\t<img loading=\"lazy\" decoding=\"async\" width=\"768\" height=\"511\" src=\"https:\/\/www.elturistatranquil.com\/wp-content\/uploads\/F04-Sorbas.-Almeria.jpg\" class=\"attachment-large size-large wp-image-33003\" alt=\"Sorbas. Almeria\" srcset=\"https:\/\/www.elturistatranquil.com\/wp-content\/uploads\/F04-Sorbas.-Almeria.jpg 768w, https:\/\/www.elturistatranquil.com\/wp-content\/uploads\/F04-Sorbas.-Almeria-339x226.jpg 339w\" sizes=\"(max-width: 768px) 100vw, 768px\" \/>\t\t\t\t\t\t\t\t\t\t\t<figcaption class=\"widget-image-caption wp-caption-text\"><\/figcaption>\n\t\t\t\t\t\t\t\t\t\t<\/figure>\n\t\t\t\t\t\t\t\t\t<\/div>\n\t\t\t\t<\/div>\n\t\t\t\t<div class=\"elementor-element elementor-element-e8a4002 elementor-widget elementor-widget-menu-anchor\" data-id=\"e8a4002\" data-element_type=\"widget\" data-e-type=\"widget\" data-widget_type=\"menu-anchor.default\">\n\t\t\t\t<div class=\"elementor-widget-container\">\n\t\t\t\t\t\t\t<div class=\"elementor-menu-anchor\" id=\"c6204\"><\/div>\n\t\t\t\t\t\t<\/div>\n\t\t\t\t<\/div>\n\t\t\t\t<div class=\"elementor-element elementor-element-36992cfd elementor-widget elementor-widget-text-editor\" data-id=\"36992cfd\" data-element_type=\"widget\" data-e-type=\"widget\" data-widget_type=\"text-editor.default\">\n\t\t\t\t<div class=\"elementor-widget-container\">\n\t\t\t\t\t\t\t\t\t<p>Per accedir-hi s&#8217;ha de passar pel pont del <strong>carrer Terrapl\u00e9n<\/strong>. L&#8217;altre acc\u00e9s, pel flanc sud-est, tamb\u00e9 havia de superar un pont, des del qual, pel <strong>carrer Sacerdote Paco Ayala<\/strong>, s&#8217;accedia al Barri de las Alfarer\u00edas.<\/p><p>A la banda de l&#8217;est, un altre illot, a uns 360 m d&#8217;altitud, \u00e9s on s&#8217;assenta el Barri de las Alfarer\u00edas, delimitat pel meandre dels torrents.<\/p><p>L&#8217;\u00fanica forma d&#8217;enlla\u00e7 entre la localitat i el barri \u00e9s a trav\u00e9s del <strong>carrer Canalejas<\/strong>, un costerut carrer que puja pel lateral de la paret rocosa.<\/p>\t\t\t\t\t\t\t\t<\/div>\n\t\t\t\t<\/div>\n\t\t\t\t<div class=\"elementor-element elementor-element-88c84e4 elementor-widget elementor-widget-heading\" data-id=\"88c84e4\" data-element_type=\"widget\" data-e-type=\"widget\" data-widget_type=\"heading.default\">\n\t\t\t\t<div class=\"elementor-widget-container\">\n\t\t\t\t\t<h2 class=\"elementor-heading-title elementor-size-default\">Una mica d'hist\u00f2ria<\/h2>\t\t\t\t<\/div>\n\t\t\t\t<\/div>\n\t\t\t\t<div class=\"elementor-element elementor-element-cf80ce2 elementor-widget elementor-widget-text-editor\" data-id=\"cf80ce2\" data-element_type=\"widget\" data-e-type=\"widget\" data-widget_type=\"text-editor.default\">\n\t\t\t\t<div class=\"elementor-widget-container\">\n\t\t\t\t\t\t\t\t\t<p>Al territori hi ha vestigis d&#8217;ocupaci\u00f3 humana des del Neol\u00edtic i l&#8217;Edat del Bronze.<\/p><p>A la localitat els vestigis arqueol\u00f2gics m\u00e9s antics trobats corresponen a l&#8217;Edat del Bronze.<\/p><p>La morfologia del terreny va propiciar l&#8217;assentament d&#8217;un poblat Iber.<\/p><p>Els romans van explotar els guixos de la zona.<\/p><p>Amb l&#8217;ocupaci\u00f3 \u00e0rab entre 734 i 1488 es va construir una fortificaci\u00f3, <em>Surba<\/em>, disputada en els conflictes entre ells. Van llegar part del tra\u00e7at urb\u00e0, la forma de producci\u00f3 agr\u00edcola, introduint les feixes, el regadiu i les s\u00e8quies, aix\u00ed com la fabricaci\u00f3 de cer\u00e0mica.<\/p><p>Despr\u00e9s de la capitulaci\u00f3 davant els Reis Cat\u00f2lics el 1488, va ser donada al Condestable D. Pedro Fern\u00e1ndez de Velasco juntament amb Lubr\u00edn, formant el Senyoriu Sorbas-Lubr\u00edn. El 1502, per una permuta, va passar a mans de Diego L\u00f3pez de Haro I, un dels membres m\u00e9s actius i destacats de l&#8217;oligarquia castellana, vinculant-se aix\u00ed a la Casa de El Carpio.<\/p><p>Va ser la capital de Senyoriu del Marqu\u00e8s de Carpio.<\/p><p>Una part dels moriscos van fugir a la serra, es van produir assalts i robatoris, oferint-se recompenses per la seva captura, el que va propiciar l\u2019establiment a Sorbas d&#8217;un mercat d&#8217;esclaus.<\/p><p>Despr\u00e9s de l&#8217;expulsi\u00f3 dels moriscos, despr\u00e9s de la rebel\u00b7li\u00f3 de les Alpujarras, o guerra de les Alpujarras entre 1568 i 1571, es va procedir al 1573 a la repoblaci\u00f3 amb 50 fam\u00edlies procedents d&#8217;altres llocs d&#8217;Espanya, encara que va ser dif\u00edcil de completar aquesta quota per les dificultats i inseguretat del territori amb els moros que resten a les muntanyes.<\/p><p>El 1668, la filla del set\u00e8 senyor de El Carpio, el Comte-Duc d&#8217;Olivares, hereva dels seus t\u00edtols, es casa amb el X Duc de Alba, Francisco \u00c1lvarez de Toledo, per la qual cosa el Senyoriu Sorbas-Lubr\u00edn passa a integrar-se en la Casa d&#8217;Alba. En aquesta \u00e8poca Sorbas va tenir el seu moment d&#8217;esplendor, que es manifesta en les seves cases senyorials.<\/p><p>Al llarg de segle XX es produeixen dos moments importants d&#8217;emigraci\u00f3. Entre 1920 i 1930 perd 1.751 habitants per la guerra del Marroc i l&#8217;emigraci\u00f3 a Am\u00e8rica i Alg\u00e8ria.<\/p><p>A la segona meitat de segle \u00e9s important l&#8217;emigraci\u00f3 a pa\u00efsos europeus.<\/p><p>La seva import\u00e0ncia es manifesta al passar la seva poblaci\u00f3 de 8.081 habitants l&#8217;any 1920 a 2.716 el 1991, i fins i tot i baixar a 2.388 el 2019.<\/p>\t\t\t\t\t\t\t\t<\/div>\n\t\t\t\t<\/div>\n\t\t\t\t<div class=\"elementor-element elementor-element-2c554bc elementor-widget elementor-widget-menu-anchor\" data-id=\"2c554bc\" data-element_type=\"widget\" data-e-type=\"widget\" data-widget_type=\"menu-anchor.default\">\n\t\t\t\t<div class=\"elementor-widget-container\">\n\t\t\t\t\t\t\t<div class=\"elementor-menu-anchor\" id=\"c6205\"><\/div>\n\t\t\t\t\t\t<\/div>\n\t\t\t\t<\/div>\n\t\t\t\t<div class=\"elementor-element elementor-element-5197d1c elementor-widget elementor-widget-heading\" data-id=\"5197d1c\" data-element_type=\"widget\" data-e-type=\"widget\" data-widget_type=\"heading.default\">\n\t\t\t\t<div class=\"elementor-widget-container\">\n\t\t\t\t\t<h2 class=\"elementor-heading-title elementor-size-default\">Visita a Sorbas<\/h2>\t\t\t\t<\/div>\n\t\t\t\t<\/div>\n\t\t\t\t<div class=\"elementor-element elementor-element-e33bb79 elementor-widget elementor-widget-image\" data-id=\"e33bb79\" data-element_type=\"widget\" data-e-type=\"widget\" data-widget_type=\"image.default\">\n\t\t\t\t<div class=\"elementor-widget-container\">\n\t\t\t\t\t\t\t\t\t\t\t\t<figure class=\"wp-caption\">\n\t\t\t\t\t\t\t\t\t\t<img loading=\"lazy\" decoding=\"async\" width=\"768\" height=\"512\" src=\"https:\/\/www.elturistatranquil.com\/wp-content\/uploads\/F05a-Puntos-de-visita-en-Sorbas.-Almeria-Google-earth-2020-10-07.jpg\" class=\"attachment-large size-large wp-image-33005\" alt=\"Puntos de visita en Sorbas. Almeria (Google earth 2020-10-07)\" srcset=\"https:\/\/www.elturistatranquil.com\/wp-content\/uploads\/F05a-Puntos-de-visita-en-Sorbas.-Almeria-Google-earth-2020-10-07.jpg 768w, https:\/\/www.elturistatranquil.com\/wp-content\/uploads\/F05a-Puntos-de-visita-en-Sorbas.-Almeria-Google-earth-2020-10-07-339x226.jpg 339w\" sizes=\"(max-width: 768px) 100vw, 768px\" \/>\t\t\t\t\t\t\t\t\t\t\t<figcaption class=\"widget-image-caption wp-caption-text\">Punts de visita a Sorbas (Google earth 2020-10-07)<\/figcaption>\n\t\t\t\t\t\t\t\t\t\t<\/figure>\n\t\t\t\t\t\t\t\t\t<\/div>\n\t\t\t\t<\/div>\n\t\t\t\t<div class=\"elementor-element elementor-element-3149871 elementor-widget elementor-widget-text-editor\" data-id=\"3149871\" data-element_type=\"widget\" data-e-type=\"widget\" data-widget_type=\"text-editor.default\">\n\t\t\t\t<div class=\"elementor-widget-container\">\n\t\t\t\t\t\t\t\t\t<p>L&#8217;arribada a Sorbas per la carretera de Lubr\u00edn\/El Pilar depara una panor\u00e0mica espectacular sobre el costat nord-est del recinte urb\u00e0 assentat sobre el farall\u00f3 de guix.<\/p>\t\t\t\t\t\t\t\t<\/div>\n\t\t\t\t<\/div>\n\t\t\t\t<div class=\"elementor-element elementor-element-ee8a7b2 elementor-widget elementor-widget-image\" data-id=\"ee8a7b2\" data-element_type=\"widget\" data-e-type=\"widget\" data-widget_type=\"image.default\">\n\t\t\t\t<div class=\"elementor-widget-container\">\n\t\t\t\t\t\t\t\t\t\t\t\t<figure class=\"wp-caption\">\n\t\t\t\t\t\t\t\t\t\t<img loading=\"lazy\" decoding=\"async\" width=\"768\" height=\"511\" src=\"https:\/\/www.elturistatranquil.com\/wp-content\/uploads\/F05b-Sorbas.-Almeria.jpg\" class=\"attachment-large size-large wp-image-33007\" alt=\"Sorbas. Almeria\" srcset=\"https:\/\/www.elturistatranquil.com\/wp-content\/uploads\/F05b-Sorbas.-Almeria.jpg 768w, https:\/\/www.elturistatranquil.com\/wp-content\/uploads\/F05b-Sorbas.-Almeria-339x226.jpg 339w\" sizes=\"(max-width: 768px) 100vw, 768px\" \/>\t\t\t\t\t\t\t\t\t\t\t<figcaption class=\"widget-image-caption wp-caption-text\"><\/figcaption>\n\t\t\t\t\t\t\t\t\t\t<\/figure>\n\t\t\t\t\t\t\t\t\t<\/div>\n\t\t\t\t<\/div>\n\t\t\t\t<div class=\"elementor-element elementor-element-b5ccc96 elementor-widget elementor-widget-image\" data-id=\"b5ccc96\" data-element_type=\"widget\" data-e-type=\"widget\" data-widget_type=\"image.default\">\n\t\t\t\t<div class=\"elementor-widget-container\">\n\t\t\t\t\t\t\t\t\t\t\t\t<figure class=\"wp-caption\">\n\t\t\t\t\t\t\t\t\t\t<img loading=\"lazy\" decoding=\"async\" width=\"768\" height=\"512\" src=\"https:\/\/www.elturistatranquil.com\/wp-content\/uploads\/F06-Sorbas.-Almeria.jpg\" class=\"attachment-large size-large wp-image-33009\" alt=\"Sorbas. Almeria\" srcset=\"https:\/\/www.elturistatranquil.com\/wp-content\/uploads\/F06-Sorbas.-Almeria.jpg 768w, https:\/\/www.elturistatranquil.com\/wp-content\/uploads\/F06-Sorbas.-Almeria-339x226.jpg 339w\" sizes=\"(max-width: 768px) 100vw, 768px\" \/>\t\t\t\t\t\t\t\t\t\t\t<figcaption class=\"widget-image-caption wp-caption-text\"><\/figcaption>\n\t\t\t\t\t\t\t\t\t\t<\/figure>\n\t\t\t\t\t\t\t\t\t<\/div>\n\t\t\t\t<\/div>\n\t\t\t\t<div class=\"elementor-element elementor-element-35dcba8 elementor-widget elementor-widget-image\" data-id=\"35dcba8\" data-element_type=\"widget\" data-e-type=\"widget\" data-widget_type=\"image.default\">\n\t\t\t\t<div class=\"elementor-widget-container\">\n\t\t\t\t\t\t\t\t\t\t\t\t<figure class=\"wp-caption\">\n\t\t\t\t\t\t\t\t\t\t<img loading=\"lazy\" decoding=\"async\" width=\"768\" height=\"512\" src=\"https:\/\/www.elturistatranquil.com\/wp-content\/uploads\/F07-Sorbas.-Almeria.jpg\" class=\"attachment-large size-large wp-image-33011\" alt=\"Sorbas. Almeria\" srcset=\"https:\/\/www.elturistatranquil.com\/wp-content\/uploads\/F07-Sorbas.-Almeria.jpg 768w, https:\/\/www.elturistatranquil.com\/wp-content\/uploads\/F07-Sorbas.-Almeria-339x226.jpg 339w\" sizes=\"(max-width: 768px) 100vw, 768px\" \/>\t\t\t\t\t\t\t\t\t\t\t<figcaption class=\"widget-image-caption wp-caption-text\"><\/figcaption>\n\t\t\t\t\t\t\t\t\t\t<\/figure>\n\t\t\t\t\t\t\t\t\t<\/div>\n\t\t\t\t<\/div>\n\t\t\t\t<div class=\"elementor-element elementor-element-72487fb elementor-widget elementor-widget-text-editor\" data-id=\"72487fb\" data-element_type=\"widget\" data-e-type=\"widget\" data-widget_type=\"text-editor.default\">\n\t\t\t\t<div class=\"elementor-widget-container\">\n\t\t\t\t\t\t\t\t\t<p>Una perspectiva de <strong>las Huertas<\/strong>.<\/p>\t\t\t\t\t\t\t\t<\/div>\n\t\t\t\t<\/div>\n\t\t\t\t<div class=\"elementor-element elementor-element-7611729 elementor-widget elementor-widget-image\" data-id=\"7611729\" data-element_type=\"widget\" data-e-type=\"widget\" data-widget_type=\"image.default\">\n\t\t\t\t<div class=\"elementor-widget-container\">\n\t\t\t\t\t\t\t\t\t\t\t\t<figure class=\"wp-caption\">\n\t\t\t\t\t\t\t\t\t\t<img loading=\"lazy\" decoding=\"async\" width=\"768\" height=\"511\" src=\"https:\/\/www.elturistatranquil.com\/wp-content\/uploads\/F08-Sorbas.-Almeria.jpg\" class=\"attachment-large size-large wp-image-33013\" alt=\"Sorbas. Almeria\" srcset=\"https:\/\/www.elturistatranquil.com\/wp-content\/uploads\/F08-Sorbas.-Almeria.jpg 768w, https:\/\/www.elturistatranquil.com\/wp-content\/uploads\/F08-Sorbas.-Almeria-339x226.jpg 339w\" sizes=\"(max-width: 768px) 100vw, 768px\" \/>\t\t\t\t\t\t\t\t\t\t\t<figcaption class=\"widget-image-caption wp-caption-text\"><\/figcaption>\n\t\t\t\t\t\t\t\t\t\t<\/figure>\n\t\t\t\t\t\t\t\t\t<\/div>\n\t\t\t\t<\/div>\n\t\t\t\t<div class=\"elementor-element elementor-element-2caaa3a elementor-widget elementor-widget-text-editor\" data-id=\"2caaa3a\" data-element_type=\"widget\" data-e-type=\"widget\" data-widget_type=\"text-editor.default\">\n\t\t\t\t<div class=\"elementor-widget-container\">\n\t\t\t\t\t\t\t\t\t<p>Els dos aprofitaments minerals de Sorbas se centren en les pedreres de guix &#8230;<\/p>\t\t\t\t\t\t\t\t<\/div>\n\t\t\t\t<\/div>\n\t\t\t\t<div class=\"elementor-element elementor-element-26ffe89 elementor-widget elementor-widget-image\" data-id=\"26ffe89\" data-element_type=\"widget\" data-e-type=\"widget\" data-widget_type=\"image.default\">\n\t\t\t\t<div class=\"elementor-widget-container\">\n\t\t\t\t\t\t\t\t\t\t\t\t<figure class=\"wp-caption\">\n\t\t\t\t\t\t\t\t\t\t<img loading=\"lazy\" decoding=\"async\" width=\"768\" height=\"511\" src=\"https:\/\/www.elturistatranquil.com\/wp-content\/uploads\/F09-Sorbas.-Almeria.jpg\" class=\"attachment-large size-large wp-image-33015\" alt=\"Sorbas. Almeria\" srcset=\"https:\/\/www.elturistatranquil.com\/wp-content\/uploads\/F09-Sorbas.-Almeria.jpg 768w, https:\/\/www.elturistatranquil.com\/wp-content\/uploads\/F09-Sorbas.-Almeria-339x226.jpg 339w\" sizes=\"(max-width: 768px) 100vw, 768px\" \/>\t\t\t\t\t\t\t\t\t\t\t<figcaption class=\"widget-image-caption wp-caption-text\"><\/figcaption>\n\t\t\t\t\t\t\t\t\t\t<\/figure>\n\t\t\t\t\t\t\t\t\t<\/div>\n\t\t\t\t<\/div>\n\t\t\t\t<div class=\"elementor-element elementor-element-6473ea5 elementor-widget elementor-widget-text-editor\" data-id=\"6473ea5\" data-element_type=\"widget\" data-e-type=\"widget\" data-widget_type=\"text-editor.default\">\n\t\t\t\t<div class=\"elementor-widget-container\">\n\t\t\t\t\t\t\t\t\t<p>&#8230; i en l&#8217;argila, la qual ha servit hist\u00f2ricament per a la producci\u00f3 de cer\u00e0mica, que encara perdura en el Barri de las Alfarer\u00edas, com tindr\u00e9 ocasi\u00f3 de constatar.<\/p>\t\t\t\t\t\t\t\t<\/div>\n\t\t\t\t<\/div>\n\t\t\t\t<div class=\"elementor-element elementor-element-0dc8f9b elementor-widget elementor-widget-menu-anchor\" data-id=\"0dc8f9b\" data-element_type=\"widget\" data-e-type=\"widget\" data-widget_type=\"menu-anchor.default\">\n\t\t\t\t<div class=\"elementor-widget-container\">\n\t\t\t\t\t\t\t<div class=\"elementor-menu-anchor\" id=\"c6206\"><\/div>\n\t\t\t\t\t\t<\/div>\n\t\t\t\t<\/div>\n\t\t\t\t<div class=\"elementor-element elementor-element-b332a7d elementor-widget elementor-widget-image\" data-id=\"b332a7d\" data-element_type=\"widget\" data-e-type=\"widget\" data-widget_type=\"image.default\">\n\t\t\t\t<div class=\"elementor-widget-container\">\n\t\t\t\t\t\t\t\t\t\t\t\t<figure class=\"wp-caption\">\n\t\t\t\t\t\t\t\t\t\t<img loading=\"lazy\" decoding=\"async\" width=\"768\" height=\"511\" src=\"https:\/\/www.elturistatranquil.com\/wp-content\/uploads\/F10-Sorbas.-Almeria.jpg\" class=\"attachment-large size-large wp-image-33017\" alt=\"Sorbas. Almeria\" srcset=\"https:\/\/www.elturistatranquil.com\/wp-content\/uploads\/F10-Sorbas.-Almeria.jpg 768w, https:\/\/www.elturistatranquil.com\/wp-content\/uploads\/F10-Sorbas.-Almeria-339x226.jpg 339w\" sizes=\"(max-width: 768px) 100vw, 768px\" \/>\t\t\t\t\t\t\t\t\t\t\t<figcaption class=\"widget-image-caption wp-caption-text\"><\/figcaption>\n\t\t\t\t\t\t\t\t\t\t<\/figure>\n\t\t\t\t\t\t\t\t\t<\/div>\n\t\t\t\t<\/div>\n\t\t\t\t<div class=\"elementor-element elementor-element-caf7ef6 elementor-widget elementor-widget-heading\" data-id=\"caf7ef6\" data-element_type=\"widget\" data-e-type=\"widget\" data-widget_type=\"heading.default\">\n\t\t\t\t<div class=\"elementor-widget-container\">\n\t\t\t\t\t<h3 class=\"elementor-heading-title elementor-size-default\">Barranc Afa<\/h3>\t\t\t\t<\/div>\n\t\t\t\t<\/div>\n\t\t\t\t<div class=\"elementor-element elementor-element-34223a7 elementor-widget elementor-widget-text-editor\" data-id=\"34223a7\" data-element_type=\"widget\" data-e-type=\"widget\" data-widget_type=\"text-editor.default\">\n\t\t\t\t<div class=\"elementor-widget-container\">\n\t\t\t\t\t\t\t\t\t<p>Abans d&#8217;arribar al pont d&#8217;entrada a la localitat, des del lateral de <strong>barranc Afa<\/strong> (<strong>a<\/strong>) es disposa d&#8217;una de les espectaculars vistes del farall\u00f3 amb les edificacions a la part alta.<\/p>\t\t\t\t\t\t\t\t<\/div>\n\t\t\t\t<\/div>\n\t\t\t\t<div class=\"elementor-element elementor-element-161d65f elementor-widget elementor-widget-image\" data-id=\"161d65f\" data-element_type=\"widget\" data-e-type=\"widget\" data-widget_type=\"image.default\">\n\t\t\t\t<div class=\"elementor-widget-container\">\n\t\t\t\t\t\t\t\t\t\t\t\t<figure class=\"wp-caption\">\n\t\t\t\t\t\t\t\t\t\t<img loading=\"lazy\" decoding=\"async\" width=\"768\" height=\"511\" src=\"https:\/\/www.elturistatranquil.com\/wp-content\/uploads\/F11-Sorbas.-Almeria.jpg\" class=\"attachment-large size-large wp-image-33019\" alt=\"Sorbas. Almeria\" srcset=\"https:\/\/www.elturistatranquil.com\/wp-content\/uploads\/F11-Sorbas.-Almeria.jpg 768w, https:\/\/www.elturistatranquil.com\/wp-content\/uploads\/F11-Sorbas.-Almeria-339x226.jpg 339w\" sizes=\"(max-width: 768px) 100vw, 768px\" \/>\t\t\t\t\t\t\t\t\t\t\t<figcaption class=\"widget-image-caption wp-caption-text\"><\/figcaption>\n\t\t\t\t\t\t\t\t\t\t<\/figure>\n\t\t\t\t\t\t\t\t\t<\/div>\n\t\t\t\t<\/div>\n\t\t\t\t<div class=\"elementor-element elementor-element-7bb9e0b elementor-widget elementor-widget-menu-anchor\" data-id=\"7bb9e0b\" data-element_type=\"widget\" data-e-type=\"widget\" data-widget_type=\"menu-anchor.default\">\n\t\t\t\t<div class=\"elementor-widget-container\">\n\t\t\t\t\t\t\t<div class=\"elementor-menu-anchor\" id=\"c6207\"><\/div>\n\t\t\t\t\t\t<\/div>\n\t\t\t\t<\/div>\n\t\t\t\t<div class=\"elementor-element elementor-element-bc170c2 elementor-widget elementor-widget-image\" data-id=\"bc170c2\" data-element_type=\"widget\" data-e-type=\"widget\" data-widget_type=\"image.default\">\n\t\t\t\t<div class=\"elementor-widget-container\">\n\t\t\t\t\t\t\t\t\t\t\t\t<figure class=\"wp-caption\">\n\t\t\t\t\t\t\t\t\t\t<img loading=\"lazy\" decoding=\"async\" width=\"768\" height=\"511\" src=\"https:\/\/www.elturistatranquil.com\/wp-content\/uploads\/F12-Sorbas.-Almeria.jpg\" class=\"attachment-large size-large wp-image-33021\" alt=\"Sorbas. Almeria\" srcset=\"https:\/\/www.elturistatranquil.com\/wp-content\/uploads\/F12-Sorbas.-Almeria.jpg 768w, https:\/\/www.elturistatranquil.com\/wp-content\/uploads\/F12-Sorbas.-Almeria-339x226.jpg 339w\" sizes=\"(max-width: 768px) 100vw, 768px\" \/>\t\t\t\t\t\t\t\t\t\t\t<figcaption class=\"widget-image-caption wp-caption-text\"><\/figcaption>\n\t\t\t\t\t\t\t\t\t\t<\/figure>\n\t\t\t\t\t\t\t\t\t<\/div>\n\t\t\t\t<\/div>\n\t\t\t\t<div class=\"elementor-element elementor-element-d084c30 elementor-widget elementor-widget-heading\" data-id=\"d084c30\" data-element_type=\"widget\" data-e-type=\"widget\" data-widget_type=\"heading.default\">\n\t\t\t\t<div class=\"elementor-widget-container\">\n\t\t\t\t\t<h3 class=\"elementor-heading-title elementor-size-default\">Centre de visitants \u201cLos Yesares\u201d<\/h3>\t\t\t\t<\/div>\n\t\t\t\t<\/div>\n\t\t\t\t<div class=\"elementor-element elementor-element-550fe12 elementor-widget elementor-widget-text-editor\" data-id=\"550fe12\" data-element_type=\"widget\" data-e-type=\"widget\" data-widget_type=\"text-editor.default\">\n\t\t\t\t<div class=\"elementor-widget-container\">\n\t\t\t\t\t\t\t\t\t<p>Als dos costats del <strong>pont<\/strong> (<strong>b<\/strong>) hi ha aparcament (<strong>PK<\/strong>). Passat aquest, a la pla\u00e7a que es forma, es troba el <strong>Centre de visitants &#8221; Los Yesares &#8220;<\/strong> (<strong>1<\/strong>).<\/p>\t\t\t\t\t\t\t\t<\/div>\n\t\t\t\t<\/div>\n\t\t\t\t<div class=\"elementor-element elementor-element-76026c7 elementor-widget elementor-widget-image\" data-id=\"76026c7\" data-element_type=\"widget\" data-e-type=\"widget\" data-widget_type=\"image.default\">\n\t\t\t\t<div class=\"elementor-widget-container\">\n\t\t\t\t\t\t\t\t\t\t\t\t<figure class=\"wp-caption\">\n\t\t\t\t\t\t\t\t\t\t<img loading=\"lazy\" decoding=\"async\" width=\"768\" height=\"511\" src=\"https:\/\/www.elturistatranquil.com\/wp-content\/uploads\/F13-Sorbas.-Almeria.jpg\" class=\"attachment-large size-large wp-image-33023\" alt=\"Sorbas. Almeria\" srcset=\"https:\/\/www.elturistatranquil.com\/wp-content\/uploads\/F13-Sorbas.-Almeria.jpg 768w, https:\/\/www.elturistatranquil.com\/wp-content\/uploads\/F13-Sorbas.-Almeria-339x226.jpg 339w\" sizes=\"(max-width: 768px) 100vw, 768px\" \/>\t\t\t\t\t\t\t\t\t\t\t<figcaption class=\"widget-image-caption wp-caption-text\"><\/figcaption>\n\t\t\t\t\t\t\t\t\t\t<\/figure>\n\t\t\t\t\t\t\t\t\t<\/div>\n\t\t\t\t<\/div>\n\t\t\t\t<div class=\"elementor-element elementor-element-2325245 elementor-widget elementor-widget-text-editor\" data-id=\"2325245\" data-element_type=\"widget\" data-e-type=\"widget\" data-widget_type=\"text-editor.default\">\n\t\t\t\t<div class=\"elementor-widget-container\">\n\t\t\t\t\t\t\t\t\t<p>En tres sales d&#8217;interpretaci\u00f3 es troba una reconstrucci\u00f3 de l&#8217;interior de la cova que serveix d&#8217;escenari per a con\u00e8ixer un dels paratges m\u00e9s importants de la Pen\u00ednsula. Simulacions de formacions c\u00e0rstiques com estalactites i estalagmites mostren la singularitat del medi subterrani d&#8217;aquest espai natural. Les restes arqueol\u00f2giques trobades desxifren als visitant els costums i la forma de vida de l&#8217;home prehist\u00f2ric.<\/p>\t\t\t\t\t\t\t\t<\/div>\n\t\t\t\t<\/div>\n\t\t\t\t<div class=\"elementor-element elementor-element-9a634b0 elementor-widget elementor-widget-image\" data-id=\"9a634b0\" data-element_type=\"widget\" data-e-type=\"widget\" data-widget_type=\"image.default\">\n\t\t\t\t<div class=\"elementor-widget-container\">\n\t\t\t\t\t\t\t\t\t\t\t\t<figure class=\"wp-caption\">\n\t\t\t\t\t\t\t\t\t\t<img loading=\"lazy\" decoding=\"async\" width=\"768\" height=\"512\" src=\"https:\/\/www.elturistatranquil.com\/wp-content\/uploads\/F14-Sorbas.-Almeria.-Centro-de-visitantes-los-yesares.jpg\" class=\"attachment-large size-large wp-image-33025\" alt=\"Sorbas. Almeria. Centro de visitantes los yesares\" srcset=\"https:\/\/www.elturistatranquil.com\/wp-content\/uploads\/F14-Sorbas.-Almeria.-Centro-de-visitantes-los-yesares.jpg 768w, https:\/\/www.elturistatranquil.com\/wp-content\/uploads\/F14-Sorbas.-Almeria.-Centro-de-visitantes-los-yesares-339x226.jpg 339w\" sizes=\"(max-width: 768px) 100vw, 768px\" \/>\t\t\t\t\t\t\t\t\t\t\t<figcaption class=\"widget-image-caption wp-caption-text\"><\/figcaption>\n\t\t\t\t\t\t\t\t\t\t<\/figure>\n\t\t\t\t\t\t\t\t\t<\/div>\n\t\t\t\t<\/div>\n\t\t\t\t<div class=\"elementor-element elementor-element-b7084e3 elementor-widget elementor-widget-text-editor\" data-id=\"b7084e3\" data-element_type=\"widget\" data-e-type=\"widget\" data-widget_type=\"text-editor.default\">\n\t\t\t\t<div class=\"elementor-widget-container\">\n\t\t\t\t\t\t\t\t\t<p>Seguint pel <strong>carrer<\/strong> <strong>Terrapl\u00e9n<\/strong>, el <strong>carrer Torres Cartas<\/strong> i el <strong>carrer Andaluc\u00eda<\/strong> (<strong>c<\/strong>), em portaran fins al centre de la vila, a la Pla\u00e7a de la Constituci\u00f3.<\/p>\t\t\t\t\t\t\t\t<\/div>\n\t\t\t\t<\/div>\n\t\t\t\t<div class=\"elementor-element elementor-element-525b843 elementor-widget elementor-widget-image\" data-id=\"525b843\" data-element_type=\"widget\" data-e-type=\"widget\" data-widget_type=\"image.default\">\n\t\t\t\t<div class=\"elementor-widget-container\">\n\t\t\t\t\t\t\t\t\t\t\t\t<figure class=\"wp-caption\">\n\t\t\t\t\t\t\t\t\t\t<img loading=\"lazy\" decoding=\"async\" width=\"768\" height=\"511\" src=\"https:\/\/www.elturistatranquil.com\/wp-content\/uploads\/F15-Sorbas.-Almeria.jpg\" class=\"attachment-large size-large wp-image-33027\" alt=\"Sorbas. Almeria\" srcset=\"https:\/\/www.elturistatranquil.com\/wp-content\/uploads\/F15-Sorbas.-Almeria.jpg 768w, https:\/\/www.elturistatranquil.com\/wp-content\/uploads\/F15-Sorbas.-Almeria-339x226.jpg 339w\" sizes=\"(max-width: 768px) 100vw, 768px\" \/>\t\t\t\t\t\t\t\t\t\t\t<figcaption class=\"widget-image-caption wp-caption-text\"><\/figcaption>\n\t\t\t\t\t\t\t\t\t\t<\/figure>\n\t\t\t\t\t\t\t\t\t<\/div>\n\t\t\t\t<\/div>\n\t\t\t\t<div class=\"elementor-element elementor-element-89cb646 elementor-widget elementor-widget-text-editor\" data-id=\"89cb646\" data-element_type=\"widget\" data-e-type=\"widget\" data-widget_type=\"text-editor.default\">\n\t\t\t\t<div class=\"elementor-widget-container\">\n\t\t\t\t\t\t\t\t\t<p>A l&#8217;\u00faltima cantonada del carrer es troba el <strong>Mercat<\/strong> <strong>de Abastos<\/strong> (<strong>2<\/strong>), situat a la part posterior de l&#8217;edifici de l&#8217;Ajuntament.<\/p>\t\t\t\t\t\t\t\t<\/div>\n\t\t\t\t<\/div>\n\t\t\t\t<div class=\"elementor-element elementor-element-7351292 elementor-widget elementor-widget-menu-anchor\" data-id=\"7351292\" data-element_type=\"widget\" data-e-type=\"widget\" data-widget_type=\"menu-anchor.default\">\n\t\t\t\t<div class=\"elementor-widget-container\">\n\t\t\t\t\t\t\t<div class=\"elementor-menu-anchor\" id=\"c6208\"><\/div>\n\t\t\t\t\t\t<\/div>\n\t\t\t\t<\/div>\n\t\t\t\t<div class=\"elementor-element elementor-element-6e507bc elementor-widget elementor-widget-image\" data-id=\"6e507bc\" data-element_type=\"widget\" data-e-type=\"widget\" data-widget_type=\"image.default\">\n\t\t\t\t<div class=\"elementor-widget-container\">\n\t\t\t\t\t\t\t\t\t\t\t\t<figure class=\"wp-caption\">\n\t\t\t\t\t\t\t\t\t\t<img loading=\"lazy\" decoding=\"async\" width=\"768\" height=\"511\" src=\"https:\/\/www.elturistatranquil.com\/wp-content\/uploads\/F16-Sorbas.-Almeria.jpg\" class=\"attachment-large size-large wp-image-33029\" alt=\"Sorbas. Almeria\" srcset=\"https:\/\/www.elturistatranquil.com\/wp-content\/uploads\/F16-Sorbas.-Almeria.jpg 768w, https:\/\/www.elturistatranquil.com\/wp-content\/uploads\/F16-Sorbas.-Almeria-339x226.jpg 339w\" sizes=\"(max-width: 768px) 100vw, 768px\" \/>\t\t\t\t\t\t\t\t\t\t\t<figcaption class=\"widget-image-caption wp-caption-text\"><\/figcaption>\n\t\t\t\t\t\t\t\t\t\t<\/figure>\n\t\t\t\t\t\t\t\t\t<\/div>\n\t\t\t\t<\/div>\n\t\t\t\t<div class=\"elementor-element elementor-element-9f438d0 elementor-widget elementor-widget-heading\" data-id=\"9f438d0\" data-element_type=\"widget\" data-e-type=\"widget\" data-widget_type=\"heading.default\">\n\t\t\t\t<div class=\"elementor-widget-container\">\n\t\t\t\t\t<h3 class=\"elementor-heading-title elementor-size-default\">Pla\u00e7a de la Constituci\u00f3<\/h3>\t\t\t\t<\/div>\n\t\t\t\t<\/div>\n\t\t\t\t<div class=\"elementor-element elementor-element-37c6da9 elementor-widget elementor-widget-text-editor\" data-id=\"37c6da9\" data-element_type=\"widget\" data-e-type=\"widget\" data-widget_type=\"text-editor.default\">\n\t\t\t\t<div class=\"elementor-widget-container\">\n\t\t\t\t\t\t\t\t\t<p>La <strong>pla\u00e7a de la Constituci\u00f3<\/strong> (<strong>d<\/strong>) constitueix la pla\u00e7a central de Sorbas, on els dijous se celebra el mercat. S&#8217;hi reuneixen els edificis emblem\u00e0tics, i de poder, del municipi.<\/p><p>Com ja he comentat en altres ocasions, no entenc quina mania els ha agafat als jardiners de desnaturalitzar l&#8217;ess\u00e8ncia dels arbres -la forma natural del seu brancatge- amb aquestes rid\u00edcules formes de corona, com si fossin la cua esquilada d&#8217;un &#8220;gos pijo &#8220;.<\/p>\t\t\t\t\t\t\t\t<\/div>\n\t\t\t\t<\/div>\n\t\t\t\t<div class=\"elementor-element elementor-element-0769d84 elementor-widget elementor-widget-menu-anchor\" data-id=\"0769d84\" data-element_type=\"widget\" data-e-type=\"widget\" data-widget_type=\"menu-anchor.default\">\n\t\t\t\t<div class=\"elementor-widget-container\">\n\t\t\t\t\t\t\t<div class=\"elementor-menu-anchor\" id=\"c6209\"><\/div>\n\t\t\t\t\t\t<\/div>\n\t\t\t\t<\/div>\n\t\t\t\t<div class=\"elementor-element elementor-element-b0aa269 elementor-widget elementor-widget-image\" data-id=\"b0aa269\" data-element_type=\"widget\" data-e-type=\"widget\" data-widget_type=\"image.default\">\n\t\t\t\t<div class=\"elementor-widget-container\">\n\t\t\t\t\t\t\t\t\t\t\t\t<figure class=\"wp-caption\">\n\t\t\t\t\t\t\t\t\t\t<img loading=\"lazy\" decoding=\"async\" width=\"768\" height=\"511\" src=\"https:\/\/www.elturistatranquil.com\/wp-content\/uploads\/F17-Sorbas.-Almeria.jpg\" class=\"attachment-large size-large wp-image-33031\" alt=\"Sorbas. Almeria\" srcset=\"https:\/\/www.elturistatranquil.com\/wp-content\/uploads\/F17-Sorbas.-Almeria.jpg 768w, https:\/\/www.elturistatranquil.com\/wp-content\/uploads\/F17-Sorbas.-Almeria-339x226.jpg 339w\" sizes=\"(max-width: 768px) 100vw, 768px\" \/>\t\t\t\t\t\t\t\t\t\t\t<figcaption class=\"widget-image-caption wp-caption-text\"><\/figcaption>\n\t\t\t\t\t\t\t\t\t\t<\/figure>\n\t\t\t\t\t\t\t\t\t<\/div>\n\t\t\t\t<\/div>\n\t\t\t\t<div class=\"elementor-element elementor-element-31ce820 elementor-widget elementor-widget-heading\" data-id=\"31ce820\" data-element_type=\"widget\" data-e-type=\"widget\" data-widget_type=\"heading.default\">\n\t\t\t\t<div class=\"elementor-widget-container\">\n\t\t\t\t\t<h4 class=\"elementor-heading-title elementor-size-default\">Casa Consistorial <\/h4>\t\t\t\t<\/div>\n\t\t\t\t<\/div>\n\t\t\t\t<div class=\"elementor-element elementor-element-c5c7115 elementor-widget elementor-widget-text-editor\" data-id=\"c5c7115\" data-element_type=\"widget\" data-e-type=\"widget\" data-widget_type=\"text-editor.default\">\n\t\t\t\t<div class=\"elementor-widget-container\">\n\t\t\t\t\t\t\t\t\t<p>En el n\u00ba 1 de la pla\u00e7a s&#8217;allotja la <strong>Casa Consistorial<\/strong> (<strong>3<\/strong>), d&#8217;estil historicista ecl\u00e8ctic, de dues plantes.<\/p><p>Emmarcat en una desproporcionada forma d&#8217;escut s&#8217;inscriu l&#8217;any de la seva construcci\u00f3: &#8220;Casa Consistorial A\u00f1o de 1893&#8221;.<\/p><p>L&#8217;Ajuntament s&#8217;ha ampliat en la casona contigua, la Casa del Duc de Valoig.<\/p>\t\t\t\t\t\t\t\t<\/div>\n\t\t\t\t<\/div>\n\t\t\t\t<div class=\"elementor-element elementor-element-036854e elementor-widget elementor-widget-menu-anchor\" data-id=\"036854e\" data-element_type=\"widget\" data-e-type=\"widget\" data-widget_type=\"menu-anchor.default\">\n\t\t\t\t<div class=\"elementor-widget-container\">\n\t\t\t\t\t\t\t<div class=\"elementor-menu-anchor\" id=\"c6210\"><\/div>\n\t\t\t\t\t\t<\/div>\n\t\t\t\t<\/div>\n\t\t\t\t<div class=\"elementor-element elementor-element-6559fb8 elementor-widget elementor-widget-image\" data-id=\"6559fb8\" data-element_type=\"widget\" data-e-type=\"widget\" data-widget_type=\"image.default\">\n\t\t\t\t<div class=\"elementor-widget-container\">\n\t\t\t\t\t\t\t\t\t\t\t\t<figure class=\"wp-caption\">\n\t\t\t\t\t\t\t\t\t\t<img loading=\"lazy\" decoding=\"async\" width=\"768\" height=\"512\" src=\"https:\/\/www.elturistatranquil.com\/wp-content\/uploads\/F18-Sorbas.-Almeria.-Casa-Consistorial.jpg\" class=\"attachment-large size-large wp-image-33033\" alt=\"Sorbas. Almeria. Casa Consistorial\" srcset=\"https:\/\/www.elturistatranquil.com\/wp-content\/uploads\/F18-Sorbas.-Almeria.-Casa-Consistorial.jpg 768w, https:\/\/www.elturistatranquil.com\/wp-content\/uploads\/F18-Sorbas.-Almeria.-Casa-Consistorial-339x226.jpg 339w\" sizes=\"(max-width: 768px) 100vw, 768px\" \/>\t\t\t\t\t\t\t\t\t\t\t<figcaption class=\"widget-image-caption wp-caption-text\"><\/figcaption>\n\t\t\t\t\t\t\t\t\t\t<\/figure>\n\t\t\t\t\t\t\t\t\t<\/div>\n\t\t\t\t<\/div>\n\t\t\t\t<div class=\"elementor-element elementor-element-42d7b70 elementor-widget elementor-widget-heading\" data-id=\"42d7b70\" data-element_type=\"widget\" data-e-type=\"widget\" data-widget_type=\"heading.default\">\n\t\t\t\t<div class=\"elementor-widget-container\">\n\t\t\t\t\t<h4 class=\"elementor-heading-title elementor-size-default\">Casa del Duc de Valoig<\/h4>\t\t\t\t<\/div>\n\t\t\t\t<\/div>\n\t\t\t\t<div class=\"elementor-element elementor-element-e4cf6af elementor-widget elementor-widget-text-editor\" data-id=\"e4cf6af\" data-element_type=\"widget\" data-e-type=\"widget\" data-widget_type=\"text-editor.default\">\n\t\t\t\t<div class=\"elementor-widget-container\">\n\t\t\t\t\t\t\t\t\t<p>La <strong>Casa del Duc de Valoig<\/strong> (segons M\u00e1doz) o <strong>Valois<\/strong> (<strong>4<\/strong>), tamb\u00e9 anomenada <strong>edifici de la Cambra Agr\u00e0ria<\/strong>, esta annexionada actualment a l\u2019edifici de\u00a0 l\u2019Ajuntament.<\/p><p>\u00c9s d&#8217;estil ecl\u00e8ctic de segle XIX, en forma de &#8220;L&#8221;, amb tres nivells.<\/p>\t\t\t\t\t\t\t\t<\/div>\n\t\t\t\t<\/div>\n\t\t\t\t<div class=\"elementor-element elementor-element-c961af9 elementor-widget elementor-widget-menu-anchor\" data-id=\"c961af9\" data-element_type=\"widget\" data-e-type=\"widget\" data-widget_type=\"menu-anchor.default\">\n\t\t\t\t<div class=\"elementor-widget-container\">\n\t\t\t\t\t\t\t<div class=\"elementor-menu-anchor\" id=\"c6211\"><\/div>\n\t\t\t\t\t\t<\/div>\n\t\t\t\t<\/div>\n\t\t\t\t<section class=\"elementor-section elementor-inner-section elementor-element elementor-element-80ce53e elementor-section-boxed elementor-section-height-default elementor-section-height-default\" data-id=\"80ce53e\" data-element_type=\"section\" data-e-type=\"section\">\n\t\t\t\t\t\t<div class=\"elementor-container elementor-column-gap-default\">\n\t\t\t\t\t<div class=\"elementor-column elementor-col-50 elementor-inner-column elementor-element elementor-element-7165b19\" data-id=\"7165b19\" data-element_type=\"column\" data-e-type=\"column\">\n\t\t\t<div class=\"elementor-widget-wrap elementor-element-populated\">\n\t\t\t\t\t\t<div class=\"elementor-element elementor-element-8666627 elementor-widget elementor-widget-image\" data-id=\"8666627\" data-element_type=\"widget\" data-e-type=\"widget\" data-widget_type=\"image.default\">\n\t\t\t\t<div class=\"elementor-widget-container\">\n\t\t\t\t\t\t\t\t\t\t\t\t\t\t\t<img loading=\"lazy\" decoding=\"async\" width=\"366\" height=\"550\" src=\"https:\/\/www.elturistatranquil.com\/wp-content\/uploads\/F19m-Sorbas.-Almeria.-Casa-del-duque-de-Valois.jpg\" class=\"attachment-large size-large wp-image-33035\" alt=\"Sorbas. Almeria. Casa del duque de Valois\" srcset=\"https:\/\/www.elturistatranquil.com\/wp-content\/uploads\/F19m-Sorbas.-Almeria.-Casa-del-duque-de-Valois.jpg 366w, https:\/\/www.elturistatranquil.com\/wp-content\/uploads\/F19m-Sorbas.-Almeria.-Casa-del-duque-de-Valois-150x226.jpg 150w\" sizes=\"(max-width: 366px) 100vw, 366px\" \/>\t\t\t\t\t\t\t\t\t\t\t\t\t\t\t<\/div>\n\t\t\t\t<\/div>\n\t\t\t\t\t<\/div>\n\t\t<\/div>\n\t\t\t\t<div class=\"elementor-column elementor-col-50 elementor-inner-column elementor-element elementor-element-cfe2fc7\" data-id=\"cfe2fc7\" data-element_type=\"column\" data-e-type=\"column\">\n\t\t\t<div class=\"elementor-widget-wrap elementor-element-populated\">\n\t\t\t\t\t\t<div class=\"elementor-element elementor-element-df059b2 elementor-widget elementor-widget-image\" data-id=\"df059b2\" data-element_type=\"widget\" data-e-type=\"widget\" data-widget_type=\"image.default\">\n\t\t\t\t<div class=\"elementor-widget-container\">\n\t\t\t\t\t\t\t\t\t\t\t\t\t\t\t<img loading=\"lazy\" decoding=\"async\" width=\"366\" height=\"550\" src=\"https:\/\/www.elturistatranquil.com\/wp-content\/uploads\/F19n-Sorbas.-Almeria.-Casa-del-duque-de-Valoig.jpg\" class=\"attachment-large size-large wp-image-33037\" alt=\"Sorbas. Almeria. Casa del duque de Valoig\" srcset=\"https:\/\/www.elturistatranquil.com\/wp-content\/uploads\/F19n-Sorbas.-Almeria.-Casa-del-duque-de-Valoig.jpg 366w, https:\/\/www.elturistatranquil.com\/wp-content\/uploads\/F19n-Sorbas.-Almeria.-Casa-del-duque-de-Valoig-150x226.jpg 150w\" sizes=\"(max-width: 366px) 100vw, 366px\" \/>\t\t\t\t\t\t\t\t\t\t\t\t\t\t\t<\/div>\n\t\t\t\t<\/div>\n\t\t\t\t\t<\/div>\n\t\t<\/div>\n\t\t\t\t\t<\/div>\n\t\t<\/section>\n\t\t\t\t<div class=\"elementor-element elementor-element-49851e2 elementor-widget elementor-widget-heading\" data-id=\"49851e2\" data-element_type=\"widget\" data-e-type=\"widget\" data-widget_type=\"heading.default\">\n\t\t\t\t<div class=\"elementor-widget-container\">\n\t\t\t\t\t<h4 class=\"elementor-heading-title elementor-size-default\">Casa-Palau del Duc de Alba<\/h4>\t\t\t\t<\/div>\n\t\t\t\t<\/div>\n\t\t\t\t<div class=\"elementor-element elementor-element-779b88c elementor-widget elementor-widget-text-editor\" data-id=\"779b88c\" data-element_type=\"widget\" data-e-type=\"widget\" data-widget_type=\"text-editor.default\">\n\t\t\t\t<div class=\"elementor-widget-container\">\n\t\t\t\t\t\t\t\t\t<p>En el n\u00ba 4, ocupant tot el lateral de l\u2019illa, sobresurt la <strong>Casa-Palau del Duc de Alba<\/strong> (<strong>5<\/strong>). Com sabem, per matrimoni el 1668 Sorbas va entrar a formar part del patrimoni de la Casa de Alba.<\/p><p>L&#8217;edifici senyorial \u00e9s del segle XVIII, d&#8217;estil neocl\u00e0ssic. Actualment, destaca pel color grana de la fa\u00e7ana de les dues plantes superiors, mentre que la inferior \u00e9s de color blanc.<\/p><p>Fins al 15\u00ba Duc de Alba el palau va pert\u00e0nyer a la fam\u00edlia. El 1874, despr\u00e9s d&#8217;un concurs de creditors, decideixen la venda a Rafael Garc\u00eda Ag\u00fcero i la seva esposa Isabel Fern\u00e1ndez Garc\u00eda, mantenint-se en l&#8217;actualitat com a propietat privada de Pedro-Luis Valls Fern\u00e1ndez, segons dades aportades per <a href=\"http:\/\/www.amigosdesorbas.com\/revistaelafa\/pdfs\/El%20Afa%20n22.pdf\" target=\"_blank\" rel=\"noopener\">R.M\u00aa Piqueras<\/a>.<\/p>\t\t\t\t\t\t\t\t<\/div>\n\t\t\t\t<\/div>\n\t\t\t\t<div class=\"elementor-element elementor-element-bf2d369 elementor-widget elementor-widget-menu-anchor\" data-id=\"bf2d369\" data-element_type=\"widget\" data-e-type=\"widget\" data-widget_type=\"menu-anchor.default\">\n\t\t\t\t<div class=\"elementor-widget-container\">\n\t\t\t\t\t\t\t<div class=\"elementor-menu-anchor\" id=\"c6212\"><\/div>\n\t\t\t\t\t\t<\/div>\n\t\t\t\t<\/div>\n\t\t\t\t<div class=\"elementor-element elementor-element-8674988 elementor-widget elementor-widget-image\" data-id=\"8674988\" data-element_type=\"widget\" data-e-type=\"widget\" data-widget_type=\"image.default\">\n\t\t\t\t<div class=\"elementor-widget-container\">\n\t\t\t\t\t\t\t\t\t\t\t\t<figure class=\"wp-caption\">\n\t\t\t\t\t\t\t\t\t\t<img loading=\"lazy\" decoding=\"async\" width=\"768\" height=\"511\" src=\"https:\/\/www.elturistatranquil.com\/wp-content\/uploads\/F20-Sorbas.-Almeria.-Casa-palacio-del-duque-de-Alba.jpg\" class=\"attachment-large size-large wp-image-33039\" alt=\"Sorbas. Almeria. Casa-palacio del duque de Alba\" srcset=\"https:\/\/www.elturistatranquil.com\/wp-content\/uploads\/F20-Sorbas.-Almeria.-Casa-palacio-del-duque-de-Alba.jpg 768w, https:\/\/www.elturistatranquil.com\/wp-content\/uploads\/F20-Sorbas.-Almeria.-Casa-palacio-del-duque-de-Alba-339x226.jpg 339w\" sizes=\"(max-width: 768px) 100vw, 768px\" \/>\t\t\t\t\t\t\t\t\t\t\t<figcaption class=\"widget-image-caption wp-caption-text\"><\/figcaption>\n\t\t\t\t\t\t\t\t\t\t<\/figure>\n\t\t\t\t\t\t\t\t\t<\/div>\n\t\t\t\t<\/div>\n\t\t\t\t<div class=\"elementor-element elementor-element-b67ea75 elementor-widget elementor-widget-heading\" data-id=\"b67ea75\" data-element_type=\"widget\" data-e-type=\"widget\" data-widget_type=\"heading.default\">\n\t\t\t\t<div class=\"elementor-widget-container\">\n\t\t\t\t\t<h4 class=\"elementor-heading-title elementor-size-default\">Esgl\u00e9sia de Santa Mar\u00eda<\/h4>\t\t\t\t<\/div>\n\t\t\t\t<\/div>\n\t\t\t\t<div class=\"elementor-element elementor-element-7826636 elementor-widget elementor-widget-text-editor\" data-id=\"7826636\" data-element_type=\"widget\" data-e-type=\"widget\" data-widget_type=\"text-editor.default\">\n\t\t\t\t<div class=\"elementor-widget-container\">\n\t\t\t\t\t\t\t\t\t<p>El seg\u00fcent edifici significatiu se situa a l&#8217;altra banda del carrer Andalusia, enfront del lateral de la Casa Consistorial. Es tracta de l&#8217;<strong>Esgl\u00e9sia Parroquial de Santa Mar\u00eda<\/strong> (<strong>6<\/strong>), constru\u00efda al segle XVI d&#8217;estil mud\u00e8jar sobre una antiga mesquita.<\/p><p>Per acord entre el Duc de Alba i el consell de Sorbas, entre 1765 i 1768 es va procedir a la seva ampliaci\u00f3 i remodelaci\u00f3. L&#8217;arquitecte i mestre major del bisbat Francisco Ru\u00edz Garrido va ser l&#8217;encarregat, realitzant-la en estil neocl\u00e0ssic.<\/p><p>La fa\u00e7ana principal va ser reconstru\u00efda el 1897 amb disseny classicista.<\/p>\t\t\t\t\t\t\t\t<\/div>\n\t\t\t\t<\/div>\n\t\t\t\t<div class=\"elementor-element elementor-element-8ff8d51 elementor-widget elementor-widget-image\" data-id=\"8ff8d51\" data-element_type=\"widget\" data-e-type=\"widget\" data-widget_type=\"image.default\">\n\t\t\t\t<div class=\"elementor-widget-container\">\n\t\t\t\t\t\t\t\t\t\t\t\t<figure class=\"wp-caption\">\n\t\t\t\t\t\t\t\t\t\t<img loading=\"lazy\" decoding=\"async\" width=\"768\" height=\"512\" src=\"https:\/\/www.elturistatranquil.com\/wp-content\/uploads\/F21-Sorbas.-Almeria.-Iglesia-de-Santa-Maria.jpg\" class=\"attachment-large size-large wp-image-33041\" alt=\"Sorbas. Almeria. Iglesia de Santa Maria\" srcset=\"https:\/\/www.elturistatranquil.com\/wp-content\/uploads\/F21-Sorbas.-Almeria.-Iglesia-de-Santa-Maria.jpg 768w, https:\/\/www.elturistatranquil.com\/wp-content\/uploads\/F21-Sorbas.-Almeria.-Iglesia-de-Santa-Maria-339x226.jpg 339w\" sizes=\"(max-width: 768px) 100vw, 768px\" \/>\t\t\t\t\t\t\t\t\t\t\t<figcaption class=\"widget-image-caption wp-caption-text\"><\/figcaption>\n\t\t\t\t\t\t\t\t\t\t<\/figure>\n\t\t\t\t\t\t\t\t\t<\/div>\n\t\t\t\t<\/div>\n\t\t\t\t<div class=\"elementor-element elementor-element-8441f68 elementor-widget elementor-widget-image\" data-id=\"8441f68\" data-element_type=\"widget\" data-e-type=\"widget\" data-widget_type=\"image.default\">\n\t\t\t\t<div class=\"elementor-widget-container\">\n\t\t\t\t\t\t\t\t\t\t\t\t<figure class=\"wp-caption\">\n\t\t\t\t\t\t\t\t\t\t<img loading=\"lazy\" decoding=\"async\" width=\"768\" height=\"511\" src=\"https:\/\/www.elturistatranquil.com\/wp-content\/uploads\/F22-Sorbas.-Almeria.-Iglesia-de-Santa-Maria.jpg\" class=\"attachment-large size-large wp-image-33043\" alt=\"Sorbas. Almeria. Iglesia de Santa Maria\" srcset=\"https:\/\/www.elturistatranquil.com\/wp-content\/uploads\/F22-Sorbas.-Almeria.-Iglesia-de-Santa-Maria.jpg 768w, https:\/\/www.elturistatranquil.com\/wp-content\/uploads\/F22-Sorbas.-Almeria.-Iglesia-de-Santa-Maria-339x226.jpg 339w\" sizes=\"(max-width: 768px) 100vw, 768px\" \/>\t\t\t\t\t\t\t\t\t\t\t<figcaption class=\"widget-image-caption wp-caption-text\"><\/figcaption>\n\t\t\t\t\t\t\t\t\t\t<\/figure>\n\t\t\t\t\t\t\t\t\t<\/div>\n\t\t\t\t<\/div>\n\t\t\t\t<div class=\"elementor-element elementor-element-727d3c4 elementor-widget elementor-widget-text-editor\" data-id=\"727d3c4\" data-element_type=\"widget\" data-e-type=\"widget\" data-widget_type=\"text-editor.default\">\n\t\t\t\t<div class=\"elementor-widget-container\">\n\t\t\t\t\t\t\t\t\t<p>Destaca la torre a la fa\u00e7ana frontal. De planta quadrada amb quatre cossos, l&#8217;\u00faltim vuitavat. Sobre el creuer es troba un cimbori octogonal de falsa llanterna.<\/p>\t\t\t\t\t\t\t\t<\/div>\n\t\t\t\t<\/div>\n\t\t\t\t<section class=\"elementor-section elementor-inner-section elementor-element elementor-element-6e8a208 elementor-section-boxed elementor-section-height-default elementor-section-height-default\" data-id=\"6e8a208\" data-element_type=\"section\" data-e-type=\"section\">\n\t\t\t\t\t\t<div class=\"elementor-container elementor-column-gap-default\">\n\t\t\t\t\t<div class=\"elementor-column elementor-col-50 elementor-inner-column elementor-element elementor-element-54d2136\" data-id=\"54d2136\" data-element_type=\"column\" data-e-type=\"column\">\n\t\t\t<div class=\"elementor-widget-wrap elementor-element-populated\">\n\t\t\t\t\t\t<div class=\"elementor-element elementor-element-584de1b elementor-widget elementor-widget-image\" data-id=\"584de1b\" data-element_type=\"widget\" data-e-type=\"widget\" data-widget_type=\"image.default\">\n\t\t\t\t<div class=\"elementor-widget-container\">\n\t\t\t\t\t\t\t\t\t\t\t\t\t\t\t<img loading=\"lazy\" decoding=\"async\" width=\"366\" height=\"550\" src=\"https:\/\/www.elturistatranquil.com\/wp-content\/uploads\/F23m-Sorbas.-Almeria.-Iglesia-de-Santa-Maria.jpg\" class=\"attachment-large size-large wp-image-33045\" alt=\"Sorbas. Almeria. Iglesia de Santa Maria\" srcset=\"https:\/\/www.elturistatranquil.com\/wp-content\/uploads\/F23m-Sorbas.-Almeria.-Iglesia-de-Santa-Maria.jpg 366w, https:\/\/www.elturistatranquil.com\/wp-content\/uploads\/F23m-Sorbas.-Almeria.-Iglesia-de-Santa-Maria-150x226.jpg 150w\" sizes=\"(max-width: 366px) 100vw, 366px\" \/>\t\t\t\t\t\t\t\t\t\t\t\t\t\t\t<\/div>\n\t\t\t\t<\/div>\n\t\t\t\t\t<\/div>\n\t\t<\/div>\n\t\t\t\t<div class=\"elementor-column elementor-col-50 elementor-inner-column elementor-element elementor-element-d4c471d\" data-id=\"d4c471d\" data-element_type=\"column\" data-e-type=\"column\">\n\t\t\t<div class=\"elementor-widget-wrap elementor-element-populated\">\n\t\t\t\t\t\t<div class=\"elementor-element elementor-element-7ff339e elementor-widget elementor-widget-image\" data-id=\"7ff339e\" data-element_type=\"widget\" data-e-type=\"widget\" data-widget_type=\"image.default\">\n\t\t\t\t<div class=\"elementor-widget-container\">\n\t\t\t\t\t\t\t\t\t\t\t\t\t\t\t<img loading=\"lazy\" decoding=\"async\" width=\"366\" height=\"550\" src=\"https:\/\/www.elturistatranquil.com\/wp-content\/uploads\/F23n-Sorbas.-Almeria.-Iglesia-de-Santa-Maria.jpg\" class=\"attachment-large size-large wp-image-33047\" alt=\"Sorbas. Almeria. Iglesia de Santa Maria\" srcset=\"https:\/\/www.elturistatranquil.com\/wp-content\/uploads\/F23n-Sorbas.-Almeria.-Iglesia-de-Santa-Maria.jpg 366w, https:\/\/www.elturistatranquil.com\/wp-content\/uploads\/F23n-Sorbas.-Almeria.-Iglesia-de-Santa-Maria-150x226.jpg 150w\" sizes=\"(max-width: 366px) 100vw, 366px\" \/>\t\t\t\t\t\t\t\t\t\t\t\t\t\t\t<\/div>\n\t\t\t\t<\/div>\n\t\t\t\t\t<\/div>\n\t\t<\/div>\n\t\t\t\t\t<\/div>\n\t\t<\/section>\n\t\t\t\t<div class=\"elementor-element elementor-element-8e28b35 elementor-widget elementor-widget-text-editor\" data-id=\"8e28b35\" data-element_type=\"widget\" data-e-type=\"widget\" data-widget_type=\"text-editor.default\">\n\t\t\t\t<div class=\"elementor-widget-container\">\n\t\t\t\t\t\t\t\t\t<p>\u00a0<\/p><p>Per dirigir-me al mirador sobre el barranc AJA, surto de la pla\u00e7a cap al costat sud, pel costat de l&#8217;Ajuntament, pel <strong>carrer Garc\u00eda Roca<\/strong> (<strong>e<\/strong>). Les cases s\u00f3n d&#8217;estil i colors tradicionals.<\/p>\t\t\t\t\t\t\t\t<\/div>\n\t\t\t\t<\/div>\n\t\t\t\t<div class=\"elementor-element elementor-element-9d67223 elementor-widget elementor-widget-image\" data-id=\"9d67223\" data-element_type=\"widget\" data-e-type=\"widget\" data-widget_type=\"image.default\">\n\t\t\t\t<div class=\"elementor-widget-container\">\n\t\t\t\t\t\t\t\t\t\t\t\t<figure class=\"wp-caption\">\n\t\t\t\t\t\t\t\t\t\t<img loading=\"lazy\" decoding=\"async\" width=\"768\" height=\"511\" src=\"https:\/\/www.elturistatranquil.com\/wp-content\/uploads\/F24-Sorbas.-Almeria.jpg\" class=\"attachment-large size-large wp-image-33051\" alt=\"Sorbas. Almeria\" srcset=\"https:\/\/www.elturistatranquil.com\/wp-content\/uploads\/F24-Sorbas.-Almeria.jpg 768w, https:\/\/www.elturistatranquil.com\/wp-content\/uploads\/F24-Sorbas.-Almeria-339x226.jpg 339w\" sizes=\"(max-width: 768px) 100vw, 768px\" \/>\t\t\t\t\t\t\t\t\t\t\t<figcaption class=\"widget-image-caption wp-caption-text\"><\/figcaption>\n\t\t\t\t\t\t\t\t\t\t<\/figure>\n\t\t\t\t\t\t\t\t\t<\/div>\n\t\t\t\t<\/div>\n\t\t\t\t<div class=\"elementor-element elementor-element-13c5596 elementor-widget elementor-widget-text-editor\" data-id=\"13c5596\" data-element_type=\"widget\" data-e-type=\"widget\" data-widget_type=\"text-editor.default\">\n\t\t\t\t<div class=\"elementor-widget-container\">\n\t\t\t\t\t\t\t\t\t<p>A la meitat del recorregut, a la dreta observo al <strong>carrer San Jos\u00e9<\/strong> la pres\u00e8ncia de cases senyorials que manifesten el moment d&#8217;esplendor de la vila aportant la seva solera al paisatge urb\u00e0, alternant-se amb altres habitatges d&#8217;estil tradicional.<\/p>\t\t\t\t\t\t\t\t<\/div>\n\t\t\t\t<\/div>\n\t\t\t\t<div class=\"elementor-element elementor-element-e9f2769 elementor-widget elementor-widget-menu-anchor\" data-id=\"e9f2769\" data-element_type=\"widget\" data-e-type=\"widget\" data-widget_type=\"menu-anchor.default\">\n\t\t\t\t<div class=\"elementor-widget-container\">\n\t\t\t\t\t\t\t<div class=\"elementor-menu-anchor\" id=\"c6213\"><\/div>\n\t\t\t\t\t\t<\/div>\n\t\t\t\t<\/div>\n\t\t\t\t<div class=\"elementor-element elementor-element-737c03b elementor-widget elementor-widget-image\" data-id=\"737c03b\" data-element_type=\"widget\" data-e-type=\"widget\" data-widget_type=\"image.default\">\n\t\t\t\t<div class=\"elementor-widget-container\">\n\t\t\t\t\t\t\t\t\t\t\t\t<figure class=\"wp-caption\">\n\t\t\t\t\t\t\t\t\t\t<img loading=\"lazy\" decoding=\"async\" width=\"768\" height=\"511\" src=\"https:\/\/www.elturistatranquil.com\/wp-content\/uploads\/F25-Sorbas.-Almeria.jpg\" class=\"attachment-large size-large wp-image-33053\" alt=\"Sorbas. Almeria\" srcset=\"https:\/\/www.elturistatranquil.com\/wp-content\/uploads\/F25-Sorbas.-Almeria.jpg 768w, https:\/\/www.elturistatranquil.com\/wp-content\/uploads\/F25-Sorbas.-Almeria-339x226.jpg 339w\" sizes=\"(max-width: 768px) 100vw, 768px\" \/>\t\t\t\t\t\t\t\t\t\t\t<figcaption class=\"widget-image-caption wp-caption-text\"><\/figcaption>\n\t\t\t\t\t\t\t\t\t\t<\/figure>\n\t\t\t\t\t\t\t\t\t<\/div>\n\t\t\t\t<\/div>\n\t\t\t\t<div class=\"elementor-element elementor-element-7ec5741 elementor-widget elementor-widget-heading\" data-id=\"7ec5741\" data-element_type=\"widget\" data-e-type=\"widget\" data-widget_type=\"heading.default\">\n\t\t\t\t<div class=\"elementor-widget-container\">\n\t\t\t\t\t<h3 class=\"elementor-heading-title elementor-size-default\">Mirador del Porche<\/h3>\t\t\t\t<\/div>\n\t\t\t\t<\/div>\n\t\t\t\t<div class=\"elementor-element elementor-element-8de2543 elementor-widget elementor-widget-text-editor\" data-id=\"8de2543\" data-element_type=\"widget\" data-e-type=\"widget\" data-widget_type=\"text-editor.default\">\n\t\t\t\t<div class=\"elementor-widget-container\">\n\t\t\t\t\t\t\t\t\t<p>Al final del carrer Garc\u00eda Roca, a l&#8217;arribar al <strong>carrer Tom\u00e1s Valera<\/strong> (<strong>f<\/strong>), s&#8217;obre el <strong>mirador del Porche<\/strong> (<strong>7<\/strong>) sobre el gran arc que forma el costat sud de Sorbas, penjat sobre el barranc Aja.<\/p><p>Les tres fotografies mostren una panor\u00e0mica, d&#8217;esquerra a dreta, de les vistes des d&#8217;aquest mirador.<\/p>\t\t\t\t\t\t\t\t<\/div>\n\t\t\t\t<\/div>\n\t\t\t\t<div class=\"elementor-element elementor-element-0936895 elementor-widget elementor-widget-image\" data-id=\"0936895\" data-element_type=\"widget\" data-e-type=\"widget\" data-widget_type=\"image.default\">\n\t\t\t\t<div class=\"elementor-widget-container\">\n\t\t\t\t\t\t\t\t\t\t\t\t<figure class=\"wp-caption\">\n\t\t\t\t\t\t\t\t\t\t<img loading=\"lazy\" decoding=\"async\" width=\"768\" height=\"511\" src=\"https:\/\/www.elturistatranquil.com\/wp-content\/uploads\/F26-Sorbas.-Almeria.jpg\" class=\"attachment-large size-large wp-image-33055\" alt=\"Sorbas. Almeria\" srcset=\"https:\/\/www.elturistatranquil.com\/wp-content\/uploads\/F26-Sorbas.-Almeria.jpg 768w, https:\/\/www.elturistatranquil.com\/wp-content\/uploads\/F26-Sorbas.-Almeria-339x226.jpg 339w\" sizes=\"(max-width: 768px) 100vw, 768px\" \/>\t\t\t\t\t\t\t\t\t\t\t<figcaption class=\"widget-image-caption wp-caption-text\"><\/figcaption>\n\t\t\t\t\t\t\t\t\t\t<\/figure>\n\t\t\t\t\t\t\t\t\t<\/div>\n\t\t\t\t<\/div>\n\t\t\t\t<div class=\"elementor-element elementor-element-63a8201 elementor-widget elementor-widget-image\" data-id=\"63a8201\" data-element_type=\"widget\" data-e-type=\"widget\" data-widget_type=\"image.default\">\n\t\t\t\t<div class=\"elementor-widget-container\">\n\t\t\t\t\t\t\t\t\t\t\t\t<figure class=\"wp-caption\">\n\t\t\t\t\t\t\t\t\t\t<img loading=\"lazy\" decoding=\"async\" width=\"768\" height=\"511\" src=\"https:\/\/www.elturistatranquil.com\/wp-content\/uploads\/F27-Sorbas.-Almeria.jpg\" class=\"attachment-large size-large wp-image-33057\" alt=\"Sorbas. Almeria\" srcset=\"https:\/\/www.elturistatranquil.com\/wp-content\/uploads\/F27-Sorbas.-Almeria.jpg 768w, https:\/\/www.elturistatranquil.com\/wp-content\/uploads\/F27-Sorbas.-Almeria-339x226.jpg 339w\" sizes=\"(max-width: 768px) 100vw, 768px\" \/>\t\t\t\t\t\t\t\t\t\t\t<figcaption class=\"widget-image-caption wp-caption-text\"><\/figcaption>\n\t\t\t\t\t\t\t\t\t\t<\/figure>\n\t\t\t\t\t\t\t\t\t<\/div>\n\t\t\t\t<\/div>\n\t\t\t\t<div class=\"elementor-element elementor-element-2915adb elementor-widget elementor-widget-image\" data-id=\"2915adb\" data-element_type=\"widget\" data-e-type=\"widget\" data-widget_type=\"image.default\">\n\t\t\t\t<div class=\"elementor-widget-container\">\n\t\t\t\t\t\t\t\t\t\t\t\t<figure class=\"wp-caption\">\n\t\t\t\t\t\t\t\t\t\t<img loading=\"lazy\" decoding=\"async\" width=\"768\" height=\"511\" src=\"https:\/\/www.elturistatranquil.com\/wp-content\/uploads\/F28-Sorbas.-Almeria.jpg\" class=\"attachment-large size-large wp-image-33059\" alt=\"Sorbas. Almeria\" srcset=\"https:\/\/www.elturistatranquil.com\/wp-content\/uploads\/F28-Sorbas.-Almeria.jpg 768w, https:\/\/www.elturistatranquil.com\/wp-content\/uploads\/F28-Sorbas.-Almeria-339x226.jpg 339w\" sizes=\"(max-width: 768px) 100vw, 768px\" \/>\t\t\t\t\t\t\t\t\t\t\t<figcaption class=\"widget-image-caption wp-caption-text\"><\/figcaption>\n\t\t\t\t\t\t\t\t\t\t<\/figure>\n\t\t\t\t\t\t\t\t\t<\/div>\n\t\t\t\t<\/div>\n\t\t\t\t<div class=\"elementor-element elementor-element-c9eb557 elementor-widget elementor-widget-text-editor\" data-id=\"c9eb557\" data-element_type=\"widget\" data-e-type=\"widget\" data-widget_type=\"text-editor.default\">\n\t\t\t\t<div class=\"elementor-widget-container\">\n\t\t\t\t\t\t\t\t\t<p>Seguint pel passeig cap a l&#8217;est em dirigeixo al Barri de las Alfarer\u00edas al qu\u00e8 es descendeix continuant pel carrer Tom\u00e1s Valera.<\/p>\t\t\t\t\t\t\t\t<\/div>\n\t\t\t\t<\/div>\n\t\t\t\t<div class=\"elementor-element elementor-element-7ab3b8f elementor-widget elementor-widget-image\" data-id=\"7ab3b8f\" data-element_type=\"widget\" data-e-type=\"widget\" data-widget_type=\"image.default\">\n\t\t\t\t<div class=\"elementor-widget-container\">\n\t\t\t\t\t\t\t\t\t\t\t\t<figure class=\"wp-caption\">\n\t\t\t\t\t\t\t\t\t\t<img loading=\"lazy\" decoding=\"async\" width=\"768\" height=\"511\" src=\"https:\/\/www.elturistatranquil.com\/wp-content\/uploads\/F29-Sorbas.-Almeria.jpg\" class=\"attachment-large size-large wp-image-33061\" alt=\"Sorbas. Almeria\" srcset=\"https:\/\/www.elturistatranquil.com\/wp-content\/uploads\/F29-Sorbas.-Almeria.jpg 768w, https:\/\/www.elturistatranquil.com\/wp-content\/uploads\/F29-Sorbas.-Almeria-339x226.jpg 339w\" sizes=\"(max-width: 768px) 100vw, 768px\" \/>\t\t\t\t\t\t\t\t\t\t\t<figcaption class=\"widget-image-caption wp-caption-text\"><\/figcaption>\n\t\t\t\t\t\t\t\t\t\t<\/figure>\n\t\t\t\t\t\t\t\t\t<\/div>\n\t\t\t\t<\/div>\n\t\t\t\t<div class=\"elementor-element elementor-element-f997695 elementor-widget elementor-widget-menu-anchor\" data-id=\"f997695\" data-element_type=\"widget\" data-e-type=\"widget\" data-widget_type=\"menu-anchor.default\">\n\t\t\t\t<div class=\"elementor-widget-container\">\n\t\t\t\t\t\t\t<div class=\"elementor-menu-anchor\" id=\"c6214\"><\/div>\n\t\t\t\t\t\t<\/div>\n\t\t\t\t<\/div>\n\t\t\t\t<div class=\"elementor-element elementor-element-90ade64 elementor-widget elementor-widget-image\" data-id=\"90ade64\" data-element_type=\"widget\" data-e-type=\"widget\" data-widget_type=\"image.default\">\n\t\t\t\t<div class=\"elementor-widget-container\">\n\t\t\t\t\t\t\t\t\t\t\t\t<figure class=\"wp-caption\">\n\t\t\t\t\t\t\t\t\t\t<img loading=\"lazy\" decoding=\"async\" width=\"768\" height=\"511\" src=\"https:\/\/www.elturistatranquil.com\/wp-content\/uploads\/F30-Sorbas.-Almeria.jpg\" class=\"attachment-large size-large wp-image-33063\" alt=\"Sorbas. Almeria\" srcset=\"https:\/\/www.elturistatranquil.com\/wp-content\/uploads\/F30-Sorbas.-Almeria.jpg 768w, https:\/\/www.elturistatranquil.com\/wp-content\/uploads\/F30-Sorbas.-Almeria-339x226.jpg 339w\" sizes=\"(max-width: 768px) 100vw, 768px\" \/>\t\t\t\t\t\t\t\t\t\t\t<figcaption class=\"widget-image-caption wp-caption-text\"><\/figcaption>\n\t\t\t\t\t\t\t\t\t\t<\/figure>\n\t\t\t\t\t\t\t\t\t<\/div>\n\t\t\t\t<\/div>\n\t\t\t\t<div class=\"elementor-element elementor-element-b5a5c48 elementor-widget elementor-widget-heading\" data-id=\"b5a5c48\" data-element_type=\"widget\" data-e-type=\"widget\" data-widget_type=\"heading.default\">\n\t\t\t\t<div class=\"elementor-widget-container\">\n\t\t\t\t\t<h3 class=\"elementor-heading-title elementor-size-default\">Barri de las Alfarer\u00edas<\/h3>\t\t\t\t<\/div>\n\t\t\t\t<\/div>\n\t\t\t\t<div class=\"elementor-element elementor-element-4a7850b elementor-widget elementor-widget-menu-anchor\" data-id=\"4a7850b\" data-element_type=\"widget\" data-e-type=\"widget\" data-widget_type=\"menu-anchor.default\">\n\t\t\t\t<div class=\"elementor-widget-container\">\n\t\t\t\t\t\t\t<div class=\"elementor-menu-anchor\" id=\"c6215\"><\/div>\n\t\t\t\t\t\t<\/div>\n\t\t\t\t<\/div>\n\t\t\t\t<div class=\"elementor-element elementor-element-9990637 elementor-widget elementor-widget-text-editor\" data-id=\"9990637\" data-element_type=\"widget\" data-e-type=\"widget\" data-widget_type=\"text-editor.default\">\n\t\t\t\t<div class=\"elementor-widget-container\">\n\t\t\t\t\t\t\t\t\t<p>A\u00efllat a l&#8217;extrem de llevant del meandre es troba el <strong>Barri de las Alfarer\u00edas<\/strong> o de <strong>Las Canter\u00edas<\/strong> (<strong>g<\/strong>). L&#8217;entrada al barri est\u00e0 presidida per l&#8217;Ermita de San Roque.<\/p>\t\t\t\t\t\t\t\t<\/div>\n\t\t\t\t<\/div>\n\t\t\t\t<div class=\"elementor-element elementor-element-2b32c76 elementor-widget elementor-widget-heading\" data-id=\"2b32c76\" data-element_type=\"widget\" data-e-type=\"widget\" data-widget_type=\"heading.default\">\n\t\t\t\t<div class=\"elementor-widget-container\">\n\t\t\t\t\t<h4 class=\"elementor-heading-title elementor-size-default\">Ermita de San Roque i carrer San Roque<\/h4>\t\t\t\t<\/div>\n\t\t\t\t<\/div>\n\t\t\t\t<div class=\"elementor-element elementor-element-001acf7 elementor-widget elementor-widget-text-editor\" data-id=\"001acf7\" data-element_type=\"widget\" data-e-type=\"widget\" data-widget_type=\"text-editor.default\">\n\t\t\t\t<div class=\"elementor-widget-container\">\n\t\t\t\t\t\t\t\t\t<p>L&#8217;<strong>Ermita de San Roque<\/strong> (<strong>8<\/strong>) \u00e9s dels segles XVIII-XIX. Allotja al seu interior la imatge de San Roquillo.<\/p><p>Un edifici blanc, amb porta d&#8217;arc de mig punt, d&#8217;estil que podr\u00edem denominar d&#8217;arquitectura popular. T\u00e9 tres espadanyes, per\u00f2 nom\u00e9s la central allotja una campana.<\/p>\t\t\t\t\t\t\t\t<\/div>\n\t\t\t\t<\/div>\n\t\t\t\t<div class=\"elementor-element elementor-element-788fb6c elementor-widget elementor-widget-image\" data-id=\"788fb6c\" data-element_type=\"widget\" data-e-type=\"widget\" data-widget_type=\"image.default\">\n\t\t\t\t<div class=\"elementor-widget-container\">\n\t\t\t\t\t\t\t\t\t\t\t\t<figure class=\"wp-caption\">\n\t\t\t\t\t\t\t\t\t\t<img loading=\"lazy\" decoding=\"async\" width=\"768\" height=\"512\" src=\"https:\/\/www.elturistatranquil.com\/wp-content\/uploads\/F31-Sorbas.-Almeria.-Ermita-San-Roque.jpg\" class=\"attachment-large size-large wp-image-33065\" alt=\"Sorbas. Almeria. Ermita San Roque\" srcset=\"https:\/\/www.elturistatranquil.com\/wp-content\/uploads\/F31-Sorbas.-Almeria.-Ermita-San-Roque.jpg 768w, https:\/\/www.elturistatranquil.com\/wp-content\/uploads\/F31-Sorbas.-Almeria.-Ermita-San-Roque-339x226.jpg 339w\" sizes=\"(max-width: 768px) 100vw, 768px\" \/>\t\t\t\t\t\t\t\t\t\t\t<figcaption class=\"widget-image-caption wp-caption-text\"><\/figcaption>\n\t\t\t\t\t\t\t\t\t\t<\/figure>\n\t\t\t\t\t\t\t\t\t<\/div>\n\t\t\t\t<\/div>\n\t\t\t\t<div class=\"elementor-element elementor-element-8fe38a6 elementor-widget elementor-widget-text-editor\" data-id=\"8fe38a6\" data-element_type=\"widget\" data-e-type=\"widget\" data-widget_type=\"text-editor.default\">\n\t\t\t\t<div class=\"elementor-widget-container\">\n\t\t\t\t\t\t\t\t\t<p>La <a href=\"https:\/\/guiadigital.iaph.es\/bien\/inmaterial\/194637\/almeria\/sorbas\/fiestas-de-san-roque-y-san-roquillo\" target=\"_blank\" rel=\"noopener\"><em>Gu\u00eda digital del Patrimonio Cultural de Andaluc\u00eda<\/em><\/a>,\u00a0aporta una descripci\u00f3 de l&#8217;estructura social-territorial de Sorbas, que penso que \u00e9s interessant reproduir:<\/p><p><em>&#8220;Avui dia considerades festes patronals de Sorbas, la devoci\u00f3 cap a Sant Roc, festejat el dia 16 d&#8217;agost, i cap a Sant Roquillo, el dia 17, responen a la divisi\u00f3 social i difer\u00e8ncies hist\u00f2riques entre el barri alt, habitat per alts c\u00e0rrecs militars i la noblesa, i el barri baix de la classe treballadora, que guardaven fervor a un i altre respectivament. El primer \u00e9s tret a coll pels carrers de la localitat, mentre les fam\u00edlies llancen des dels balcons rosques de pa a manera d&#8217;ofrena perqu\u00e8 siguin agafades al vol pels assistents; el segon \u00e9s tret en camines pel Barri de las Alfarer\u00edas i la seva celebraci\u00f3 es caracteritza per l&#8217;espectacularitat i soroll dels elements pirot\u00e8cnics en honor seu. Malgrat que en el seu origen la participaci\u00f3 va tenir car\u00e0cter comunal, avui, ja extingides aquestes difer\u00e8ncies entre barriades, els ve\u00efns assisteixen a les celebracions de tots dos sants, rebent a emigrats i forans en una setmana d&#8217;activitats culturals, esportives i de revetlla nocturna.&#8221;<\/em><\/p><p>Baixant pel <strong>carrer<\/strong> <strong>San Roque<\/strong> (<strong>g<\/strong>) s&#8217;observen diferents elements relacionats amb l&#8217;activitat terrissera.<\/p>\t\t\t\t\t\t\t\t<\/div>\n\t\t\t\t<\/div>\n\t\t\t\t<div class=\"elementor-element elementor-element-d382eac elementor-widget elementor-widget-image\" data-id=\"d382eac\" data-element_type=\"widget\" data-e-type=\"widget\" data-widget_type=\"image.default\">\n\t\t\t\t<div class=\"elementor-widget-container\">\n\t\t\t\t\t\t\t\t\t\t\t\t<figure class=\"wp-caption\">\n\t\t\t\t\t\t\t\t\t\t<img loading=\"lazy\" decoding=\"async\" width=\"768\" height=\"512\" src=\"https:\/\/www.elturistatranquil.com\/wp-content\/uploads\/F32-Sorbas.-Almeria.-Barrio-de-los-alfareros.jpg\" class=\"attachment-large size-large wp-image-33067\" alt=\"Sorbas. Almeria. Barrio de los alfareros\" srcset=\"https:\/\/www.elturistatranquil.com\/wp-content\/uploads\/F32-Sorbas.-Almeria.-Barrio-de-los-alfareros.jpg 768w, https:\/\/www.elturistatranquil.com\/wp-content\/uploads\/F32-Sorbas.-Almeria.-Barrio-de-los-alfareros-339x226.jpg 339w\" sizes=\"(max-width: 768px) 100vw, 768px\" \/>\t\t\t\t\t\t\t\t\t\t\t<figcaption class=\"widget-image-caption wp-caption-text\"><\/figcaption>\n\t\t\t\t\t\t\t\t\t\t<\/figure>\n\t\t\t\t\t\t\t\t\t<\/div>\n\t\t\t\t<\/div>\n\t\t\t\t<div class=\"elementor-element elementor-element-523c883 elementor-widget elementor-widget-text-editor\" data-id=\"523c883\" data-element_type=\"widget\" data-e-type=\"widget\" data-widget_type=\"text-editor.default\">\n\t\t\t\t<div class=\"elementor-widget-container\">\n\t\t\t\t\t\t\t\t\t<p>Aqu\u00ed es concentra la producci\u00f3 i venda de terrisseria.<\/p>\t\t\t\t\t\t\t\t<\/div>\n\t\t\t\t<\/div>\n\t\t\t\t<div class=\"elementor-element elementor-element-fa54562 elementor-widget elementor-widget-image\" data-id=\"fa54562\" data-element_type=\"widget\" data-e-type=\"widget\" data-widget_type=\"image.default\">\n\t\t\t\t<div class=\"elementor-widget-container\">\n\t\t\t\t\t\t\t\t\t\t\t\t<figure class=\"wp-caption\">\n\t\t\t\t\t\t\t\t\t\t<img loading=\"lazy\" decoding=\"async\" width=\"768\" height=\"512\" src=\"https:\/\/www.elturistatranquil.com\/wp-content\/uploads\/F33-Sorbas.-Almeria.-Barrio-de-los-alfareros.jpg\" class=\"attachment-large size-large wp-image-33069\" alt=\"Sorbas. Almeria. Barrio de los alfareros\" srcset=\"https:\/\/www.elturistatranquil.com\/wp-content\/uploads\/F33-Sorbas.-Almeria.-Barrio-de-los-alfareros.jpg 768w, https:\/\/www.elturistatranquil.com\/wp-content\/uploads\/F33-Sorbas.-Almeria.-Barrio-de-los-alfareros-339x226.jpg 339w\" sizes=\"(max-width: 768px) 100vw, 768px\" \/>\t\t\t\t\t\t\t\t\t\t\t<figcaption class=\"widget-image-caption wp-caption-text\"><\/figcaption>\n\t\t\t\t\t\t\t\t\t\t<\/figure>\n\t\t\t\t\t\t\t\t\t<\/div>\n\t\t\t\t<\/div>\n\t\t\t\t<div class=\"elementor-element elementor-element-06c1a35 elementor-widget elementor-widget-text-editor\" data-id=\"06c1a35\" data-element_type=\"widget\" data-e-type=\"widget\" data-widget_type=\"text-editor.default\">\n\t\t\t\t<div class=\"elementor-widget-container\">\n\t\t\t\t\t\t\t\t\t<p>Es conserva un <strong>forn de terrissaire de tipus \u00e0rab<\/strong> (<strong>9<\/strong>).<\/p>\t\t\t\t\t\t\t\t<\/div>\n\t\t\t\t<\/div>\n\t\t\t\t<div class=\"elementor-element elementor-element-71e2d65 elementor-widget elementor-widget-image\" data-id=\"71e2d65\" data-element_type=\"widget\" data-e-type=\"widget\" data-widget_type=\"image.default\">\n\t\t\t\t<div class=\"elementor-widget-container\">\n\t\t\t\t\t\t\t\t\t\t\t\t<figure class=\"wp-caption\">\n\t\t\t\t\t\t\t\t\t\t<img loading=\"lazy\" decoding=\"async\" width=\"768\" height=\"512\" src=\"https:\/\/www.elturistatranquil.com\/wp-content\/uploads\/F34-Sorbas.-Almeria.-Barrio-de-los-alfareros.-Horno.jpg\" class=\"attachment-large size-large wp-image-33071\" alt=\"Sorbas. Almeria. Barrio de los alfareros. Horno\" srcset=\"https:\/\/www.elturistatranquil.com\/wp-content\/uploads\/F34-Sorbas.-Almeria.-Barrio-de-los-alfareros.-Horno.jpg 768w, https:\/\/www.elturistatranquil.com\/wp-content\/uploads\/F34-Sorbas.-Almeria.-Barrio-de-los-alfareros.-Horno-339x226.jpg 339w\" sizes=\"(max-width: 768px) 100vw, 768px\" \/>\t\t\t\t\t\t\t\t\t\t\t<figcaption class=\"widget-image-caption wp-caption-text\"><\/figcaption>\n\t\t\t\t\t\t\t\t\t\t<\/figure>\n\t\t\t\t\t\t\t\t\t<\/div>\n\t\t\t\t<\/div>\n\t\t\t\t<div class=\"elementor-element elementor-element-a020dce elementor-widget elementor-widget-text-editor\" data-id=\"a020dce\" data-element_type=\"widget\" data-e-type=\"widget\" data-widget_type=\"text-editor.default\">\n\t\t\t\t<div class=\"elementor-widget-container\">\n\t\t\t\t\t\t\t\t\t<p>Tamb\u00e9 es troba al barri el <a href=\"https:\/\/almeriainformacion.com\/index.php?option=com_k2&amp;view=item&amp;id=82:sorbas---museo-de-la-lana&amp;Itemid=644\" target=\"_blank\" rel=\"noopener\">Museu de la Lana<\/a> enclavat en el que va ser una antiga f\u00e0brica de llana i farina, que no vaig tenir ocasi\u00f3 de visitar.<\/p><p>Retrocedeixo fins a dalt del mirador, per tornar pel <strong>carrer<\/strong> <strong>San Andr\u00e9s<\/strong> (<strong>h<\/strong>) fins a la pla\u00e7a de la Constituci\u00f3.<\/p>\t\t\t\t\t\t\t\t<\/div>\n\t\t\t\t<\/div>\n\t\t\t\t<div class=\"elementor-element elementor-element-60a53cf elementor-widget elementor-widget-image\" data-id=\"60a53cf\" data-element_type=\"widget\" data-e-type=\"widget\" data-widget_type=\"image.default\">\n\t\t\t\t<div class=\"elementor-widget-container\">\n\t\t\t\t\t\t\t\t\t\t\t\t<figure class=\"wp-caption\">\n\t\t\t\t\t\t\t\t\t\t<img loading=\"lazy\" decoding=\"async\" width=\"768\" height=\"511\" src=\"https:\/\/www.elturistatranquil.com\/wp-content\/uploads\/F35-Sorbas.-Almeria-1.jpg\" class=\"attachment-large size-large wp-image-33108\" alt=\"Sorbas. Almeria\" srcset=\"https:\/\/www.elturistatranquil.com\/wp-content\/uploads\/F35-Sorbas.-Almeria-1.jpg 768w, https:\/\/www.elturistatranquil.com\/wp-content\/uploads\/F35-Sorbas.-Almeria-1-339x226.jpg 339w\" sizes=\"(max-width: 768px) 100vw, 768px\" \/>\t\t\t\t\t\t\t\t\t\t\t<figcaption class=\"widget-image-caption wp-caption-text\"><\/figcaption>\n\t\t\t\t\t\t\t\t\t\t<\/figure>\n\t\t\t\t\t\t\t\t\t<\/div>\n\t\t\t\t<\/div>\n\t\t\t\t<div class=\"elementor-element elementor-element-92321ae elementor-widget elementor-widget-image\" data-id=\"92321ae\" data-element_type=\"widget\" data-e-type=\"widget\" data-widget_type=\"image.default\">\n\t\t\t\t<div class=\"elementor-widget-container\">\n\t\t\t\t\t\t\t\t\t\t\t\t<figure class=\"wp-caption\">\n\t\t\t\t\t\t\t\t\t\t<img loading=\"lazy\" decoding=\"async\" width=\"768\" height=\"511\" src=\"https:\/\/www.elturistatranquil.com\/wp-content\/uploads\/F36-Sorbas.-Almeria.jpg\" class=\"attachment-large size-large wp-image-33075\" alt=\"Sorbas. Almeria\" srcset=\"https:\/\/www.elturistatranquil.com\/wp-content\/uploads\/F36-Sorbas.-Almeria.jpg 768w, https:\/\/www.elturistatranquil.com\/wp-content\/uploads\/F36-Sorbas.-Almeria-339x226.jpg 339w\" sizes=\"(max-width: 768px) 100vw, 768px\" \/>\t\t\t\t\t\t\t\t\t\t\t<figcaption class=\"widget-image-caption wp-caption-text\"><\/figcaption>\n\t\t\t\t\t\t\t\t\t\t<\/figure>\n\t\t\t\t\t\t\t\t\t<\/div>\n\t\t\t\t<\/div>\n\t\t\t\t<div class=\"elementor-element elementor-element-783c7b9 elementor-widget elementor-widget-menu-anchor\" data-id=\"783c7b9\" data-element_type=\"widget\" data-e-type=\"widget\" data-widget_type=\"menu-anchor.default\">\n\t\t\t\t<div class=\"elementor-widget-container\">\n\t\t\t\t\t\t\t<div class=\"elementor-menu-anchor\" id=\"c6216\"><\/div>\n\t\t\t\t\t\t<\/div>\n\t\t\t\t<\/div>\n\t\t\t\t<div class=\"elementor-element elementor-element-b8c256a elementor-widget elementor-widget-text-editor\" data-id=\"b8c256a\" data-element_type=\"widget\" data-e-type=\"widget\" data-widget_type=\"text-editor.default\">\n\t\t\t\t<div class=\"elementor-widget-container\">\n\t\t\t\t\t\t\t\t\t<p>Aqu\u00ed dono per finalitzada la visita al nucli urb\u00e0. \u00c9s moment de dirigir-me cap al Parc Natural Karst en Yesos de Sorbas.<\/p>\t\t\t\t\t\t\t\t<\/div>\n\t\t\t\t<\/div>\n\t\t\t\t<div class=\"elementor-element elementor-element-b8670d7 elementor-widget elementor-widget-heading\" data-id=\"b8670d7\" data-element_type=\"widget\" data-e-type=\"widget\" data-widget_type=\"heading.default\">\n\t\t\t\t<div class=\"elementor-widget-container\">\n\t\t\t\t\t<h2 class=\"elementor-heading-title elementor-size-default\">Parc Natural Karst en Yesos de Sorbas<\/h2>\t\t\t\t<\/div>\n\t\t\t\t<\/div>\n\t\t\t\t<div class=\"elementor-element elementor-element-44a43ec elementor-widget elementor-widget-image\" data-id=\"44a43ec\" data-element_type=\"widget\" data-e-type=\"widget\" data-widget_type=\"image.default\">\n\t\t\t\t<div class=\"elementor-widget-container\">\n\t\t\t\t\t\t\t\t\t\t\t\t<figure class=\"wp-caption\">\n\t\t\t\t\t\t\t\t\t\t<img loading=\"lazy\" decoding=\"async\" width=\"768\" height=\"512\" src=\"https:\/\/www.elturistatranquil.com\/wp-content\/uploads\/F37-Parque-natural-karst-en-yesos-de-Sorbas.-AlmeriaGoogle-maps-2020-10-06.jpg\" class=\"attachment-large size-large wp-image-33077\" alt=\"Parque natural karst en yesos de Sorbas. Almeria(Google maps 2020-10-06)\" srcset=\"https:\/\/www.elturistatranquil.com\/wp-content\/uploads\/F37-Parque-natural-karst-en-yesos-de-Sorbas.-AlmeriaGoogle-maps-2020-10-06.jpg 768w, https:\/\/www.elturistatranquil.com\/wp-content\/uploads\/F37-Parque-natural-karst-en-yesos-de-Sorbas.-AlmeriaGoogle-maps-2020-10-06-339x226.jpg 339w\" sizes=\"(max-width: 768px) 100vw, 768px\" \/>\t\t\t\t\t\t\t\t\t\t\t<figcaption class=\"widget-image-caption wp-caption-text\">(Google maps 2020-10-07)<\/figcaption>\n\t\t\t\t\t\t\t\t\t\t<\/figure>\n\t\t\t\t\t\t\t\t\t<\/div>\n\t\t\t\t<\/div>\n\t\t\t\t<div class=\"elementor-element elementor-element-07e5666 elementor-widget elementor-widget-menu-anchor\" data-id=\"07e5666\" data-element_type=\"widget\" data-e-type=\"widget\" data-widget_type=\"menu-anchor.default\">\n\t\t\t\t<div class=\"elementor-widget-container\">\n\t\t\t\t\t\t\t<div class=\"elementor-menu-anchor\" id=\"c6217\"><\/div>\n\t\t\t\t\t\t<\/div>\n\t\t\t\t<\/div>\n\t\t\t\t<div class=\"elementor-element elementor-element-01bbfdf elementor-widget elementor-widget-text-editor\" data-id=\"01bbfdf\" data-element_type=\"widget\" data-e-type=\"widget\" data-widget_type=\"text-editor.default\">\n\t\t\t\t<div class=\"elementor-widget-container\">\n\t\t\t\t\t\t\t\t\t<p>Entre la Serra de los Filabres i la Serra Cabrera, en un paratge semi des\u00e8rtic, el seu paisatge c\u00e0rstic que ha estat reconegut amb la figura de <strong>Parc Natural Karst en Yesos de Sorbas<\/strong>, conegut tur\u00edsticament com <strong>Coves de Sorbas<\/strong>. Es tracta d&#8217;una gran formaci\u00f3 c\u00e0rstica de 12 km quadrats protegits.<\/p><p>\u00c9s un paisatge de penya-segats rocosos i talussos molt caracter\u00edstics d&#8217;aquest territori, amb un m\u00f3n subterrani treballat per l&#8217;acci\u00f3 mil\u00b7len\u00e0ria de l&#8217;aigua de pluja sobre una potent roca de guix, a la llera del <strong>riu<\/strong> <strong>Aguas<\/strong>, creant coves i galeries interminables de gran inter\u00e8s en el m\u00f3n de l&#8217;espeleologia.<\/p><p>Em dirigir\u00e9 primer al Mirador Urra i despr\u00e9s a les Coves de Sorbas.<\/p>\t\t\t\t\t\t\t\t<\/div>\n\t\t\t\t<\/div>\n\t\t\t\t<div class=\"elementor-element elementor-element-6f6af41 elementor-widget elementor-widget-heading\" data-id=\"6f6af41\" data-element_type=\"widget\" data-e-type=\"widget\" data-widget_type=\"heading.default\">\n\t\t\t\t<div class=\"elementor-widget-container\">\n\t\t\t\t\t<h3 class=\"elementor-heading-title elementor-size-default\">Mirador Urra<\/h3>\t\t\t\t<\/div>\n\t\t\t\t<\/div>\n\t\t\t\t<div class=\"elementor-element elementor-element-e6b086a elementor-widget elementor-widget-text-editor\" data-id=\"e6b086a\" data-element_type=\"widget\" data-e-type=\"widget\" data-widget_type=\"text-editor.default\">\n\t\t\t\t<div class=\"elementor-widget-container\">\n\t\t\t\t\t\t\t\t\t<p>A 5 quil\u00f2metres de Sorbas, per la N-340a en direcci\u00f3 est cap a Los Gallardos\/M\u00farcia, es localitza el <strong>Mirador Urra<\/strong>, punt d&#8217;observaci\u00f3 d&#8217;aquest paisatge.<\/p>\t\t\t\t\t\t\t\t<\/div>\n\t\t\t\t<\/div>\n\t\t\t\t<div class=\"elementor-element elementor-element-ae368e9 elementor-widget elementor-widget-image\" data-id=\"ae368e9\" data-element_type=\"widget\" data-e-type=\"widget\" data-widget_type=\"image.default\">\n\t\t\t\t<div class=\"elementor-widget-container\">\n\t\t\t\t\t\t\t\t\t\t\t\t<figure class=\"wp-caption\">\n\t\t\t\t\t\t\t\t\t\t<img loading=\"lazy\" decoding=\"async\" width=\"768\" height=\"511\" src=\"https:\/\/www.elturistatranquil.com\/wp-content\/uploads\/F38-Parque-natural-karst-en-yesos-de-Sorbas.-Almeria.jpg\" class=\"attachment-large size-large wp-image-33079\" alt=\"Parque natural karst en yesos de Sorbas. Almeria(Google maps 2020-10-06)\" srcset=\"https:\/\/www.elturistatranquil.com\/wp-content\/uploads\/F38-Parque-natural-karst-en-yesos-de-Sorbas.-Almeria.jpg 768w, https:\/\/www.elturistatranquil.com\/wp-content\/uploads\/F38-Parque-natural-karst-en-yesos-de-Sorbas.-Almeria-339x226.jpg 339w\" sizes=\"(max-width: 768px) 100vw, 768px\" \/>\t\t\t\t\t\t\t\t\t\t\t<figcaption class=\"widget-image-caption wp-caption-text\"><\/figcaption>\n\t\t\t\t\t\t\t\t\t\t<\/figure>\n\t\t\t\t\t\t\t\t\t<\/div>\n\t\t\t\t<\/div>\n\t\t\t\t<div class=\"elementor-element elementor-element-f71ba6b elementor-widget elementor-widget-text-editor\" data-id=\"f71ba6b\" data-element_type=\"widget\" data-e-type=\"widget\" data-widget_type=\"text-editor.default\">\n\t\t\t\t<div class=\"elementor-widget-container\">\n\t\t\t\t\t\t\t\t\t<p>En el mirador es troba un antic aljub restaurat, on en altres temps s&#8217;emmagatzemava l&#8217;aigua i servia d&#8217;abeurador per al bestiar. Aquesta zona anomenada antigament el &#8220;aguaderico de burra&#8221;, \u00e9s ara un excel\u00b7lent mirador des d\u2019on albirar un at\u00edpic i fant\u00e0stic paratge.<\/p>\t\t\t\t\t\t\t\t<\/div>\n\t\t\t\t<\/div>\n\t\t\t\t<div class=\"elementor-element elementor-element-e5ed6ec elementor-widget elementor-widget-image\" data-id=\"e5ed6ec\" data-element_type=\"widget\" data-e-type=\"widget\" data-widget_type=\"image.default\">\n\t\t\t\t<div class=\"elementor-widget-container\">\n\t\t\t\t\t\t\t\t\t\t\t\t<figure class=\"wp-caption\">\n\t\t\t\t\t\t\t\t\t\t<img loading=\"lazy\" decoding=\"async\" width=\"768\" height=\"513\" src=\"https:\/\/www.elturistatranquil.com\/wp-content\/uploads\/F39-Sorbas.-Almeria.-Mirador-Urra.jpg\" class=\"attachment-large size-large wp-image-33081\" alt=\"Sorbas. Almeria. Mirador Urra\" srcset=\"https:\/\/www.elturistatranquil.com\/wp-content\/uploads\/F39-Sorbas.-Almeria.-Mirador-Urra.jpg 768w, https:\/\/www.elturistatranquil.com\/wp-content\/uploads\/F39-Sorbas.-Almeria.-Mirador-Urra-339x226.jpg 339w\" sizes=\"(max-width: 768px) 100vw, 768px\" \/>\t\t\t\t\t\t\t\t\t\t\t<figcaption class=\"widget-image-caption wp-caption-text\">(Foto: Junta de Andaluc\u00eda)<\/figcaption>\n\t\t\t\t\t\t\t\t\t\t<\/figure>\n\t\t\t\t\t\t\t\t\t<\/div>\n\t\t\t\t<\/div>\n\t\t\t\t<div class=\"elementor-element elementor-element-b131984 elementor-widget elementor-widget-text-editor\" data-id=\"b131984\" data-element_type=\"widget\" data-e-type=\"widget\" data-widget_type=\"text-editor.default\">\n\t\t\t\t<div class=\"elementor-widget-container\">\n\t\t\t\t\t\t\t\t\t<p>Uns panells informatius situats en aquest mirador ofereix una informaci\u00f3 general sobre el Parc.<\/p>\t\t\t\t\t\t\t\t<\/div>\n\t\t\t\t<\/div>\n\t\t\t\t<div class=\"elementor-element elementor-element-1ad3d67 elementor-widget elementor-widget-image\" data-id=\"1ad3d67\" data-element_type=\"widget\" data-e-type=\"widget\" data-widget_type=\"image.default\">\n\t\t\t\t<div class=\"elementor-widget-container\">\n\t\t\t\t\t\t\t\t\t\t\t\t<figure class=\"wp-caption\">\n\t\t\t\t\t\t\t\t\t\t<img loading=\"lazy\" decoding=\"async\" width=\"529\" height=\"550\" src=\"https:\/\/www.elturistatranquil.com\/wp-content\/uploads\/F40-Sorbas.-Almeria.-Mirador-Urra.jpg\" class=\"attachment-large size-large wp-image-33083\" alt=\"Sorbas. Almeria. Mirador Urra\" srcset=\"https:\/\/www.elturistatranquil.com\/wp-content\/uploads\/F40-Sorbas.-Almeria.-Mirador-Urra.jpg 529w, https:\/\/www.elturistatranquil.com\/wp-content\/uploads\/F40-Sorbas.-Almeria.-Mirador-Urra-217x226.jpg 217w\" sizes=\"(max-width: 529px) 100vw, 529px\" \/>\t\t\t\t\t\t\t\t\t\t\t<figcaption class=\"widget-image-caption wp-caption-text\"><\/figcaption>\n\t\t\t\t\t\t\t\t\t\t<\/figure>\n\t\t\t\t\t\t\t\t\t<\/div>\n\t\t\t\t<\/div>\n\t\t\t\t<div class=\"elementor-element elementor-element-640db50 elementor-widget elementor-widget-text-editor\" data-id=\"640db50\" data-element_type=\"widget\" data-e-type=\"widget\" data-widget_type=\"text-editor.default\">\n\t\t\t\t<div class=\"elementor-widget-container\">\n\t\t\t\t\t\t\t\t\t<p>El paratge natural Karst en Yesos de Sorbas ocupa una extensi\u00f3 de 2.375 hect\u00e0rees, pertanyents \u00edntegrament al municipi de Sorbas. Es tracta d&#8217;un m\u00f3n subterrani foradat per l&#8217;acci\u00f3 mil\u00b7len\u00e0ria de l&#8217;aigua de pluja sobre la roca de guix. M\u00e9s de 1.000 cavitats, en la seva major part interconnectades (s&#8217;han explorat uns 8 quil\u00f2metres), i un espectacular univers de formacions cristal\u00b7lines (espeleotemes: estalactites, estalagmites, corals, etc.) conformen un dels karts a guixos m\u00e9s importants de m\u00f3n, tant per la seva espectacular dimensi\u00f3 com per la quantitat, varietat i qualitat de les formes c\u00e0rstiques que alberga. Tot aix\u00f2 li confereix un gran valor did\u00e0ctic, cient\u00edfic i espeleol\u00f2gic.<\/p><p>A aix\u00f2 cal afegir un gran valor ecol\u00f2gic en el medi superficial. En l&#8217;\u00e0rida estepa del karst habiten plantes exclusives (end\u00e8miques) del karst en guixos de Sorbas i els seus voltants, aut\u00e8ntiques &#8220;joies bot\u00e0niques&#8221; de valor incalculable com el romerillo de Sorbas (<em>Teucrium turredanum<\/em>), Jarilla de Sorbas (<em>Helianthemum Alypoides<\/em>) o el Narc\u00eds de Sorbas (<em>Narcissus tortifolius<\/em>) en perill d&#8217;extinci\u00f3. Al costat d&#8217;elles conviuen la Tortuga Mora (<em>Testudo graeca<\/em>), tamb\u00e9 en perill cr\u00edtic d&#8217;extinci\u00f3, el mussol reial, l&#8217;\u00e0liga cuabarrada i mam\u00edfers predadors cada vegada m\u00e9s amena\u00e7ats com l&#8217;eri\u00e7\u00f3 mor\u00fa i el teix\u00f3.<\/p><p>En contrast amb aquest mitj\u00e0 subdes\u00e8rtic, cap a la vall, a la llera del riu Aguas, les deus c\u00e0rstics de los Molinos generen un veritable oasi, un ecosistema humit que fa possible l&#8217;aparici\u00f3 d&#8217;una diversitat biol\u00f2gica (vegetaci\u00f3 de ribera, fauna aqu\u00e0tica) que contrasta fortament amb les condicions d&#8217;aridesa de l&#8217;entorn.<\/p><p>Des d&#8217;aquest mirador s&#8217;ofereix una estampa \u00fanica sobre paisatges semi des\u00e8rtics a la zona m\u00e9s \u00e0rida d&#8217;Europa.<\/p>\t\t\t\t\t\t\t\t<\/div>\n\t\t\t\t<\/div>\n\t\t\t\t<div class=\"elementor-element elementor-element-5cc2c5f elementor-widget elementor-widget-image\" data-id=\"5cc2c5f\" data-element_type=\"widget\" data-e-type=\"widget\" data-widget_type=\"image.default\">\n\t\t\t\t<div class=\"elementor-widget-container\">\n\t\t\t\t\t\t\t\t\t\t\t\t<figure class=\"wp-caption\">\n\t\t\t\t\t\t\t\t\t\t<img loading=\"lazy\" decoding=\"async\" width=\"768\" height=\"511\" src=\"https:\/\/www.elturistatranquil.com\/wp-content\/uploads\/F41-Parque-natural-karst-en-yesos-de-Sorbas.-Almeria.jpg\" class=\"attachment-large size-large wp-image-33085\" alt=\"Parque natural karst en yesos de Sorbas. Almeria\" srcset=\"https:\/\/www.elturistatranquil.com\/wp-content\/uploads\/F41-Parque-natural-karst-en-yesos-de-Sorbas.-Almeria.jpg 768w, https:\/\/www.elturistatranquil.com\/wp-content\/uploads\/F41-Parque-natural-karst-en-yesos-de-Sorbas.-Almeria-339x226.jpg 339w\" sizes=\"(max-width: 768px) 100vw, 768px\" \/>\t\t\t\t\t\t\t\t\t\t\t<figcaption class=\"widget-image-caption wp-caption-text\"><\/figcaption>\n\t\t\t\t\t\t\t\t\t\t<\/figure>\n\t\t\t\t\t\t\t\t\t<\/div>\n\t\t\t\t<\/div>\n\t\t\t\t<div class=\"elementor-element elementor-element-2b7d410 elementor-widget elementor-widget-image\" data-id=\"2b7d410\" data-element_type=\"widget\" data-e-type=\"widget\" data-widget_type=\"image.default\">\n\t\t\t\t<div class=\"elementor-widget-container\">\n\t\t\t\t\t\t\t\t\t\t\t\t<figure class=\"wp-caption\">\n\t\t\t\t\t\t\t\t\t\t<img loading=\"lazy\" decoding=\"async\" width=\"768\" height=\"511\" src=\"https:\/\/www.elturistatranquil.com\/wp-content\/uploads\/F42-Parque-natural-karst-en-yesos-de-Sorbas.-Almeria.jpg\" class=\"attachment-large size-large wp-image-33087\" alt=\"Parque natural karst en yesos de Sorbas. Almeria\" srcset=\"https:\/\/www.elturistatranquil.com\/wp-content\/uploads\/F42-Parque-natural-karst-en-yesos-de-Sorbas.-Almeria.jpg 768w, https:\/\/www.elturistatranquil.com\/wp-content\/uploads\/F42-Parque-natural-karst-en-yesos-de-Sorbas.-Almeria-339x226.jpg 339w\" sizes=\"(max-width: 768px) 100vw, 768px\" \/>\t\t\t\t\t\t\t\t\t\t\t<figcaption class=\"widget-image-caption wp-caption-text\"><\/figcaption>\n\t\t\t\t\t\t\t\t\t\t<\/figure>\n\t\t\t\t\t\t\t\t\t<\/div>\n\t\t\t\t<\/div>\n\t\t\t\t<div class=\"elementor-element elementor-element-ce1c66d elementor-widget elementor-widget-text-editor\" data-id=\"ce1c66d\" data-element_type=\"widget\" data-e-type=\"widget\" data-widget_type=\"text-editor.default\">\n\t\t\t\t<div class=\"elementor-widget-container\">\n\t\t\t\t\t\t\t\t\t<p>La ginesta i l&#8217;espart es combinen amb extensions cultivades o la vegetaci\u00f3 exuberant que creix a la vora del riu Aguas.<\/p>\t\t\t\t\t\t\t\t<\/div>\n\t\t\t\t<\/div>\n\t\t\t\t<div class=\"elementor-element elementor-element-18fcf44 elementor-widget elementor-widget-image\" data-id=\"18fcf44\" data-element_type=\"widget\" data-e-type=\"widget\" data-widget_type=\"image.default\">\n\t\t\t\t<div class=\"elementor-widget-container\">\n\t\t\t\t\t\t\t\t\t\t\t\t<figure class=\"wp-caption\">\n\t\t\t\t\t\t\t\t\t\t<img loading=\"lazy\" decoding=\"async\" width=\"768\" height=\"511\" src=\"https:\/\/www.elturistatranquil.com\/wp-content\/uploads\/F43-Parque-natural-karst-en-yesos-de-Sorbas.-Almeria.jpg\" class=\"attachment-large size-large wp-image-33089\" alt=\"Parque natural karst en yesos de Sorbas. Almeria\" srcset=\"https:\/\/www.elturistatranquil.com\/wp-content\/uploads\/F43-Parque-natural-karst-en-yesos-de-Sorbas.-Almeria.jpg 768w, https:\/\/www.elturistatranquil.com\/wp-content\/uploads\/F43-Parque-natural-karst-en-yesos-de-Sorbas.-Almeria-339x226.jpg 339w\" sizes=\"(max-width: 768px) 100vw, 768px\" \/>\t\t\t\t\t\t\t\t\t\t\t<figcaption class=\"widget-image-caption wp-caption-text\"><\/figcaption>\n\t\t\t\t\t\t\t\t\t\t<\/figure>\n\t\t\t\t\t\t\t\t\t<\/div>\n\t\t\t\t<\/div>\n\t\t\t\t<div class=\"elementor-element elementor-element-b7afee1 elementor-widget elementor-widget-text-editor\" data-id=\"b7afee1\" data-element_type=\"widget\" data-e-type=\"widget\" data-widget_type=\"text-editor.default\">\n\t\t\t\t<div class=\"elementor-widget-container\">\n\t\t\t\t\t\t\t\t\t<p>Pel territori es distribueixen gran quantitat de <em>cortijadas<\/em>, moltes d&#8217;elles actualment abandonades i altres convertides en allotjaments rurals.<\/p>\t\t\t\t\t\t\t\t<\/div>\n\t\t\t\t<\/div>\n\t\t\t\t<div class=\"elementor-element elementor-element-d24cc55 elementor-widget elementor-widget-menu-anchor\" data-id=\"d24cc55\" data-element_type=\"widget\" data-e-type=\"widget\" data-widget_type=\"menu-anchor.default\">\n\t\t\t\t<div class=\"elementor-widget-container\">\n\t\t\t\t\t\t\t<div class=\"elementor-menu-anchor\" id=\"c6218\"><\/div>\n\t\t\t\t\t\t<\/div>\n\t\t\t\t<\/div>\n\t\t\t\t<div class=\"elementor-element elementor-element-85784b8 elementor-widget elementor-widget-image\" data-id=\"85784b8\" data-element_type=\"widget\" data-e-type=\"widget\" data-widget_type=\"image.default\">\n\t\t\t\t<div class=\"elementor-widget-container\">\n\t\t\t\t\t\t\t\t\t\t\t\t<figure class=\"wp-caption\">\n\t\t\t\t\t\t\t\t\t\t<img loading=\"lazy\" decoding=\"async\" width=\"768\" height=\"511\" src=\"https:\/\/www.elturistatranquil.com\/wp-content\/uploads\/F44-Parque-natural-karst-en-yesos-de-Sorbas.-Almeria.jpg\" class=\"attachment-large size-large wp-image-33091\" alt=\"Parque natural karst en yesos de Sorbas. Almeria\" srcset=\"https:\/\/www.elturistatranquil.com\/wp-content\/uploads\/F44-Parque-natural-karst-en-yesos-de-Sorbas.-Almeria.jpg 768w, https:\/\/www.elturistatranquil.com\/wp-content\/uploads\/F44-Parque-natural-karst-en-yesos-de-Sorbas.-Almeria-339x226.jpg 339w\" sizes=\"(max-width: 768px) 100vw, 768px\" \/>\t\t\t\t\t\t\t\t\t\t\t<figcaption class=\"widget-image-caption wp-caption-text\"><\/figcaption>\n\t\t\t\t\t\t\t\t\t\t<\/figure>\n\t\t\t\t\t\t\t\t\t<\/div>\n\t\t\t\t<\/div>\n\t\t\t\t<div class=\"elementor-element elementor-element-995badf elementor-widget elementor-widget-heading\" data-id=\"995badf\" data-element_type=\"widget\" data-e-type=\"widget\" data-widget_type=\"heading.default\">\n\t\t\t\t<div class=\"elementor-widget-container\">\n\t\t\t\t\t<h3 class=\"elementor-heading-title elementor-size-default\">Coves de Sorbas<\/h3>\t\t\t\t<\/div>\n\t\t\t\t<\/div>\n\t\t\t\t<div class=\"elementor-element elementor-element-92869cb elementor-widget elementor-widget-text-editor\" data-id=\"92869cb\" data-element_type=\"widget\" data-e-type=\"widget\" data-widget_type=\"text-editor.default\">\n\t\t\t\t<div class=\"elementor-widget-container\">\n\t\t\t\t\t\t\t\t\t<p>Despr\u00e9s d&#8217;haver observat el conjunt del paisatge de Parc des del Mirador retrocedeixo 2,5 quil\u00f2metres fins a les <strong>Coves de Sorbas<\/strong>, amb l&#8217;aparcament al costat de la carretera.<\/p><p>L&#8217;esplanada abans de les instal\u00b7lacions de recepci\u00f3 exposa un exhaustiu centre d&#8217;interpretaci\u00f3 a l&#8217;aire lliure, amb una s\u00e8rie de panells on s&#8217;expliquen tots els detalls geol\u00f2gics del Karst en guixos de Sorbas, a l&#8217;estil de l&#8217;exemple seg\u00fcent.<\/p>\t\t\t\t\t\t\t\t<\/div>\n\t\t\t\t<\/div>\n\t\t\t\t<div class=\"elementor-element elementor-element-3e935cf elementor-widget elementor-widget-image\" data-id=\"3e935cf\" data-element_type=\"widget\" data-e-type=\"widget\" data-widget_type=\"image.default\">\n\t\t\t\t<div class=\"elementor-widget-container\">\n\t\t\t\t\t\t\t\t\t\t\t\t<figure class=\"wp-caption\">\n\t\t\t\t\t\t\t\t\t\t<img loading=\"lazy\" decoding=\"async\" width=\"768\" height=\"512\" src=\"https:\/\/www.elturistatranquil.com\/wp-content\/uploads\/F45-Parque-natural-karst-en-yesos-de-Sorbas.-Almeria.jpg\" class=\"attachment-large size-large wp-image-33093\" alt=\"Parque natural karst en yesos de Sorbas. Almeria\" srcset=\"https:\/\/www.elturistatranquil.com\/wp-content\/uploads\/F45-Parque-natural-karst-en-yesos-de-Sorbas.-Almeria.jpg 768w, https:\/\/www.elturistatranquil.com\/wp-content\/uploads\/F45-Parque-natural-karst-en-yesos-de-Sorbas.-Almeria-339x226.jpg 339w\" sizes=\"(max-width: 768px) 100vw, 768px\" \/>\t\t\t\t\t\t\t\t\t\t\t<figcaption class=\"widget-image-caption wp-caption-text\"><\/figcaption>\n\t\t\t\t\t\t\t\t\t\t<\/figure>\n\t\t\t\t\t\t\t\t\t<\/div>\n\t\t\t\t<\/div>\n\t\t\t\t<div class=\"elementor-element elementor-element-b32f4c9 elementor-widget elementor-widget-image\" data-id=\"b32f4c9\" data-element_type=\"widget\" data-e-type=\"widget\" data-widget_type=\"image.default\">\n\t\t\t\t<div class=\"elementor-widget-container\">\n\t\t\t\t\t\t\t\t\t\t\t\t<figure class=\"wp-caption\">\n\t\t\t\t\t\t\t\t\t\t<img loading=\"lazy\" decoding=\"async\" width=\"768\" height=\"512\" src=\"https:\/\/www.elturistatranquil.com\/wp-content\/uploads\/F46-Parque-natural-karst-en-yesos-de-Sorbas.-Almeria.jpg\" class=\"attachment-large size-large wp-image-33095\" alt=\"Parque natural karst en yesos de Sorbas. Almeria\" srcset=\"https:\/\/www.elturistatranquil.com\/wp-content\/uploads\/F46-Parque-natural-karst-en-yesos-de-Sorbas.-Almeria.jpg 768w, https:\/\/www.elturistatranquil.com\/wp-content\/uploads\/F46-Parque-natural-karst-en-yesos-de-Sorbas.-Almeria-339x226.jpg 339w\" sizes=\"(max-width: 768px) 100vw, 768px\" \/>\t\t\t\t\t\t\t\t\t\t\t<figcaption class=\"widget-image-caption wp-caption-text\"><\/figcaption>\n\t\t\t\t\t\t\t\t\t\t<\/figure>\n\t\t\t\t\t\t\t\t\t<\/div>\n\t\t\t\t<\/div>\n\t\t\t\t<div class=\"elementor-element elementor-element-e421cf3 elementor-widget elementor-widget-text-editor\" data-id=\"e421cf3\" data-element_type=\"widget\" data-e-type=\"widget\" data-widget_type=\"text-editor.default\">\n\t\t\t\t<div class=\"elementor-widget-container\">\n\t\t\t\t\t\t\t\t\t<p>Al centre de recepci\u00f3, que tamb\u00e9 allotja un restaurant, s&#8217;organitzen les visites a la <strong>Cova del Agua<\/strong> y rutes. Hi ha visites tots els dies en diferents horaris depenent del tipus de ruta.<\/p>\t\t\t\t\t\t\t\t<\/div>\n\t\t\t\t<\/div>\n\t\t\t\t<div class=\"elementor-element elementor-element-df55fbf elementor-widget elementor-widget-image\" data-id=\"df55fbf\" data-element_type=\"widget\" data-e-type=\"widget\" data-widget_type=\"image.default\">\n\t\t\t\t<div class=\"elementor-widget-container\">\n\t\t\t\t\t\t\t\t\t\t\t\t<figure class=\"wp-caption\">\n\t\t\t\t\t\t\t\t\t\t<img loading=\"lazy\" decoding=\"async\" width=\"768\" height=\"512\" src=\"https:\/\/www.elturistatranquil.com\/wp-content\/uploads\/F47-Parque-natural-karst-en-yesos-de-Sorbas.-Cueva-del-Agua-Almeria.jpg\" class=\"attachment-large size-large wp-image-33097\" alt=\"Parque natural karst en yesos de Sorbas. Cueva del Agua, Almeria\" srcset=\"https:\/\/www.elturistatranquil.com\/wp-content\/uploads\/F47-Parque-natural-karst-en-yesos-de-Sorbas.-Cueva-del-Agua-Almeria.jpg 768w, https:\/\/www.elturistatranquil.com\/wp-content\/uploads\/F47-Parque-natural-karst-en-yesos-de-Sorbas.-Cueva-del-Agua-Almeria-339x226.jpg 339w\" sizes=\"(max-width: 768px) 100vw, 768px\" \/>\t\t\t\t\t\t\t\t\t\t\t<figcaption class=\"widget-image-caption wp-caption-text\"><\/figcaption>\n\t\t\t\t\t\t\t\t\t\t<\/figure>\n\t\t\t\t\t\t\t\t\t<\/div>\n\t\t\t\t<\/div>\n\t\t\t\t<div class=\"elementor-element elementor-element-83b1824 elementor-widget elementor-widget-text-editor\" data-id=\"83b1824\" data-element_type=\"widget\" data-e-type=\"widget\" data-widget_type=\"text-editor.default\">\n\t\t\t\t<div class=\"elementor-widget-container\">\n\t\t\t\t\t\t\t\t\t<p>Pel barranc s&#8217;entra a la <strong>Cova del Agua<\/strong>.<\/p>\t\t\t\t\t\t\t\t<\/div>\n\t\t\t\t<\/div>\n\t\t\t\t<div class=\"elementor-element elementor-element-a063e41 elementor-widget elementor-widget-image\" data-id=\"a063e41\" data-element_type=\"widget\" data-e-type=\"widget\" data-widget_type=\"image.default\">\n\t\t\t\t<div class=\"elementor-widget-container\">\n\t\t\t\t\t\t\t\t\t\t\t\t<figure class=\"wp-caption\">\n\t\t\t\t\t\t\t\t\t\t<img loading=\"lazy\" decoding=\"async\" width=\"768\" height=\"511\" src=\"https:\/\/www.elturistatranquil.com\/wp-content\/uploads\/F48-Parque-natural-karst-en-yesos-de-Sorbas.-Cueva-del-Agua-Almeria.jpg\" class=\"attachment-large size-large wp-image-33099\" alt=\"F47 Parque natural karst en yesos de Sorbas. Cueva del Agua, Almeria\" srcset=\"https:\/\/www.elturistatranquil.com\/wp-content\/uploads\/F48-Parque-natural-karst-en-yesos-de-Sorbas.-Cueva-del-Agua-Almeria.jpg 768w, https:\/\/www.elturistatranquil.com\/wp-content\/uploads\/F48-Parque-natural-karst-en-yesos-de-Sorbas.-Cueva-del-Agua-Almeria-339x226.jpg 339w\" sizes=\"(max-width: 768px) 100vw, 768px\" \/>\t\t\t\t\t\t\t\t\t\t\t<figcaption class=\"widget-image-caption wp-caption-text\"><\/figcaption>\n\t\t\t\t\t\t\t\t\t\t<\/figure>\n\t\t\t\t\t\t\t\t\t<\/div>\n\t\t\t\t<\/div>\n\t\t\t\t<div class=\"elementor-element elementor-element-f4f4564 elementor-widget elementor-widget-menu-anchor\" data-id=\"f4f4564\" data-element_type=\"widget\" data-e-type=\"widget\" data-widget_type=\"menu-anchor.default\">\n\t\t\t\t<div class=\"elementor-widget-container\">\n\t\t\t\t\t\t\t<div class=\"elementor-menu-anchor\" id=\"c6219\"><\/div>\n\t\t\t\t\t\t<\/div>\n\t\t\t\t<\/div>\n\t\t\t\t<div class=\"elementor-element elementor-element-6904905 elementor-widget elementor-widget-text-editor\" data-id=\"6904905\" data-element_type=\"widget\" data-e-type=\"widget\" data-widget_type=\"text-editor.default\">\n\t\t\t\t<div class=\"elementor-widget-container\">\n\t\t\t\t\t\t\t\t\t<p>Va ser una ll\u00e0stima que l&#8217;horari de visites del dia de la meva estada no permet\u00e9s accedir a la cova.<\/p>\t\t\t\t\t\t\t\t<\/div>\n\t\t\t\t<\/div>\n\t\t\t\t<div class=\"elementor-element elementor-element-6df8b9d elementor-widget elementor-widget-heading\" data-id=\"6df8b9d\" data-element_type=\"widget\" data-e-type=\"widget\" data-widget_type=\"heading.default\">\n\t\t\t\t<div class=\"elementor-widget-container\">\n\t\t\t\t\t<h2 class=\"elementor-heading-title elementor-size-default\">Fi de la visita<\/h2>\t\t\t\t<\/div>\n\t\t\t\t<\/div>\n\t\t\t\t<div class=\"elementor-element elementor-element-0f5fac5 elementor-widget elementor-widget-menu-anchor\" data-id=\"0f5fac5\" data-element_type=\"widget\" data-e-type=\"widget\" data-widget_type=\"menu-anchor.default\">\n\t\t\t\t<div class=\"elementor-widget-container\">\n\t\t\t\t\t\t\t<div class=\"elementor-menu-anchor\" id=\"c6220\"><\/div>\n\t\t\t\t\t\t<\/div>\n\t\t\t\t<\/div>\n\t\t\t\t<div class=\"elementor-element elementor-element-0c5007f elementor-widget elementor-widget-text-editor\" data-id=\"0c5007f\" data-element_type=\"widget\" data-e-type=\"widget\" data-widget_type=\"text-editor.default\">\n\t\t\t\t<div class=\"elementor-widget-container\">\n\t\t\t\t\t\t\t\t\t<p>Aqu\u00ed dono per acabada aquesta visita.<\/p><p>Ha estat interessant el doble espectre d&#8217;activitats. D&#8217;una banda, una hist\u00f2rica vila que va jugar un paper destacat en l&#8217;Edat Mitjana i en l&#8217;etapa de repoblament del moment final de la reconquesta i anys successius. \u00c9s un exemple d&#8217;evoluci\u00f3 dels Senyorius.<\/p><p>De l&#8217;altra, un entorn natural que entrella\u00e7a el territori semi\u00e0rid espanyol per excel\u00b7l\u00e8ncia, amb una geologia espec\u00edfica del guix en la qual es configura un important sistema c\u00e0rstic.<\/p><p>Hist\u00f2ria, societat i territori generen un \u00e0mbit de forta personalitat que hauria requerit una major i m\u00e9s intensa atenci\u00f3 que la que vaig poder dedicar-li, especialment a l&#8217;entorn natural de parc natural.<\/p><p>Quan penseu visitar aquesta zona, el meu consell seria que poseu \u00e8mfasi en aprofitar les possibilitats que ofereix el Parc.<\/p>\t\t\t\t\t\t\t\t<\/div>\n\t\t\t\t<\/div>\n\t\t\t\t<div class=\"elementor-element elementor-element-4a9eb91 elementor-widget elementor-widget-heading\" data-id=\"4a9eb91\" data-element_type=\"widget\" data-e-type=\"widget\" data-widget_type=\"heading.default\">\n\t\t\t\t<div class=\"elementor-widget-container\">\n\t\t\t\t\t<h2 class=\"elementor-heading-title elementor-size-default\">Bases d\u2019informaci\u00f3<\/h2>\t\t\t\t<\/div>\n\t\t\t\t<\/div>\n\t\t\t\t<div class=\"elementor-element elementor-element-7d38d77 elementor-widget elementor-widget-text-editor\" data-id=\"7d38d77\" data-element_type=\"widget\" data-e-type=\"widget\" data-widget_type=\"text-editor.default\">\n\t\t\t\t<div class=\"elementor-widget-container\">\n\t\t\t\t\t\t\t\t\t<p><strong>Webs <\/strong><\/p><p><strong>Sorbas<\/strong><\/p><p><a href=\"http:\/\/www.sorbas.es\/\" target=\"_blank\" rel=\"noopener\">ayuntamiento<\/a><\/p><p><a href=\"https:\/\/www.ayuntamiento-espana.es\/ayuntamiento-sorbas.html\" target=\"_blank\" rel=\"noopener\">ayuntamientoespa\u00f1a<\/a><\/p><p><a href=\"https:\/\/es.wikipedia.org\/wiki\/Sorbas\" target=\"_blank\" rel=\"noopener\">wikipedia<\/a><\/p><p><a href=\"https:\/\/www.andalucia.org\/es\/sorbas\" target=\"_blank\" rel=\"noopener\">andaluciaorg<\/a><\/p><p><a href=\"https:\/\/andaluciarustica.com\/sorbas.htm\" target=\"_blank\" rel=\"noopener\">andaluciarustica<\/a><\/p><p><a href=\"http:\/\/www.andalupedia.es\/p_termino_detalle.php?id_ter=19080\" target=\"_blank\" rel=\"noopener\">andalupedia<\/a><\/p><p><a href=\"https:\/\/guiadigital.iaph.es\/municipio\/363\/sorbas\" target=\"_blank\" rel=\"noopener\">patrimonioculturaldeandalucia<\/a><\/p><p><a href=\"https:\/\/www.juntadeandalucia.es\/institutodeestadisticaycartografia\/sima\/nucleos.htm?CodMuni=04086\" target=\"_blank\" rel=\"noopener\">nucleosdepoblacion<\/a><\/p><p><a href=\"http:\/\/www.redjaen.es\/francis\/?m=c&amp;o=49458\" target=\"_blank\" rel=\"noopener\">redjaen<\/a><\/p><p><strong>Parc Natural Karst en Yesos de Sorbas<\/strong><\/p><p><a href=\"http:\/\/www.juntadeandalucia.es\/medioambiente\/servtc5\/ventana\/mostrarFicha.do;jsessionid=7BDE53BED93E2BB7CE30E828F7994AF2?idEquipamiento=19688\" target=\"_blank\" rel=\"noopener\">centrodeinterpretacion<\/a><\/p><p><a href=\"http:\/\/www.sorbas.es\/Servicios\/cmsdipro\/index.nsf\/informacion.xsp?p=Sorbas&amp;documentId=72C6B39E57108AF2C125762D003AF5F9\" target=\"_blank\" rel=\"noopener\">ayuntamiento<\/a><\/p><p><a href=\"https:\/\/es.wikipedia.org\/wiki\/Karst_en_yesos_de_Sorbas\" target=\"_blank\" rel=\"noopener\">wikipedia<\/a><\/p><p><a href=\"https:\/\/www.cuevasdesorbas.com\/\" target=\"_blank\" rel=\"noopener\">cuevasdesorbas<\/a><\/p><p><a href=\"https:\/\/www.almeriainformacion.com\/almeria-seleccion\/lugares-unicos\/item\/44-cuevas-de-sorbas\" target=\"_blank\" rel=\"noopener\">almeriainformacion<\/a><\/p><p><a href=\"https:\/\/www.andalucia.org\/es\/sorbas-espacios-naturales-karst-en-yesos-de-sorbas\" target=\"_blank\" rel=\"noopener\">andaluciaorg<\/a><\/p><p><a href=\"https:\/\/www.juntadeandalucia.es\/medioambiente\/servtc5\/ventana\/mostrarFicha.do?idEspacio=7377\" target=\"_blank\" rel=\"noopener\">juntadeandalucia<\/a><\/p><p><a href=\"http:\/\/www.andaltura.com\/andalucia\/espacios-naturales-protegidos\/parajes-naturales-andaluces\/paraje-natural-karst-en-yesos-de-sorbas\" target=\"_blank\" rel=\"noopener\">andaltura<\/a><\/p><p><strong>Webs academic<\/strong><\/p><p><a href=\"http:\/\/amigosdesorbas.com\/\" target=\"_blank\" rel=\"noopener\">Revista &#8220;El Afa&#8221;, Sociedad de Amigos de Sorbas<\/a><\/p><p>Juan Miguel Mendoza Garrido. <a href=\"https:\/\/dialnet.unirioja.es\/descarga\/articulo\/2538843.pdf\" target=\"_blank\" rel=\"noopener\"><em>Diego L\u00f3pez de Haro I y el se\u00f1or\u00edo almeriense de la Casa de El Carpio<\/em><\/a><\/p><p>Manuel Garz\u00f3n Pareja. <a href=\"https:\/\/digibug.ugr.es\/bitstream\/handle\/10481\/30253\/CEM-012-013.001-Art%C3%ADculo-004.pdf?sequence=1&amp;isAllowed=y\" target=\"_blank\" rel=\"noopener\"><em>El principio de los se\u00f1or\u00edos de Almer\u00eda<\/em><\/a><\/p><p>J.M. Calahorra et al. <a href=\"https:\/\/www.researchgate.net\/publication\/274249147_El_Proyecto_'FEDER-SORBAS'_Estudio_de_las_limitaciones_ambientales_en_el_uso_turistico_de_cavidades_Karst_en_Yeso_de_Sorbas_Almeria\" target=\"_blank\" rel=\"noopener\"><em>El proyecto &#8220;FEDER. Sorbas&#8221;: estudio de las limitaciones Ambientales en el uso tur\u00edstico de cavidades Karst en yeso de Sorbas (Almer\u00eda)<\/em><\/a><\/p><p><a href=\"https:\/\/app.dipalme.org\/dipalbox\/index.php\/s\/f230fc748f3c02675522ba86dd66ab79\/download\" target=\"_blank\" rel=\"noopener\">Cat\u00e1logo de Bienes Protegidos<\/a><\/p>\t\t\t\t\t\t\t\t<\/div>\n\t\t\t\t<\/div>\n\t\t\t\t\t<\/div>\n\t\t<\/div>\n\t\t\t\t\t<\/div>\n\t\t<\/section>\n\t\t\t\t<\/div>\n\t\t","protected":false},"excerpt":{"rendered":"<p>A m\u00e9s de la vila de Sorbas podrem con\u00e8ixer el Parc Natural Karst en Yesos de Sorbas, en el Levante Almeriense, ideal per a amants de la hist\u00f2ria i de &#8230; <a title=\"Sorbas. Parc Natural Karst en Yesos de Sorbas (Almeria)\" class=\"read-more\" href=\"https:\/\/www.elturistatranquil.com\/ca\/sorbas-parc-natural-karst-en-yesos-de-sorbas-almeria\/\" aria-label=\"M\u00e9s informaci\u00f3 sobre Sorbas. Parc Natural Karst en Yesos de Sorbas (Almeria)\">[ &#8230; ]<\/a><\/p>\n","protected":false},"author":1,"featured_media":33011,"comment_status":"open","ping_status":"closed","sticky":false,"template":"","format":"standard","meta":{"footnotes":""},"categories":[178,70,71,72,145,83,86,92,172,95,197,69,99,100,139,106,107,110],"tags":[],"class_list":["post-33106","post","type-post","status-publish","format-standard","has-post-thumbnail","hentry","category-almeria-ca","category-arquitectura-civil-ca","category-arquitectura-popular-ca","category-arquitectura-religiosa-ca","category-edat-mitjana","category-historia-ca","category-islamic","category-museus","category-neoclassic","category-paisatge","category-parc-natural","category-arqueologia-industrial-ca","category-poble","category-pobles-i-ciutats-amb-interes","category-segle-xvi-xvii","category-segle-xviii-xix","category-segle-xx-xxi","category-vila","infinite-scroll-item","generate-columns","tablet-grid-50","mobile-grid-100","grid-parent","grid-50","no-featured-image-padding"],"yoast_head":"<!-- This site is optimized with the Yoast SEO plugin v27.4 - https:\/\/yoast.com\/product\/yoast-seo-wordpress\/ -->\n<title>Sorbas. Parc Natural Karst en Yesos de Sorbas (Almeria) - El turista tranquil<\/title>\n<meta name=\"description\" content=\"A m\u00e9s de la vila de Sorbas podrem con\u00e8ixer el Parc Natural Karst en Yesos de Sorbas, en el Levante Almeriense, ideal per a amants de la hist\u00f2ria i de la natura, la geologia i l&#039;espeleologia.\" \/>\n<meta name=\"robots\" content=\"index, follow, max-snippet:-1, max-image-preview:large, max-video-preview:-1\" \/>\n<link rel=\"canonical\" href=\"https:\/\/www.elturistatranquil.com\/ca\/sorbas-parc-natural-karst-en-yesos-de-sorbas-almeria\/\" \/>\n<meta property=\"og:locale\" content=\"ca_ES\" \/>\n<meta property=\"og:type\" content=\"article\" \/>\n<meta property=\"og:title\" content=\"Sorbas. Parc Natural Karst en Yesos de Sorbas (Almeria) - El turista tranquil\" \/>\n<meta property=\"og:description\" content=\"A m\u00e9s de la vila de Sorbas podrem con\u00e8ixer el Parc Natural Karst en Yesos de Sorbas, en el Levante Almeriense, ideal per a amants de la hist\u00f2ria i de la natura, la geologia i l&#039;espeleologia.\" \/>\n<meta property=\"og:url\" content=\"https:\/\/www.elturistatranquil.com\/ca\/sorbas-parc-natural-karst-en-yesos-de-sorbas-almeria\/\" \/>\n<meta property=\"og:site_name\" content=\"El turista tranquil\" \/>\n<meta property=\"article:publisher\" content=\"https:\/\/www.facebook.com\/elturistatranquilo\/\" \/>\n<meta property=\"article:published_time\" content=\"2020-11-14T09:23:58+00:00\" \/>\n<meta property=\"article:modified_time\" content=\"2020-11-14T10:26:07+00:00\" \/>\n<meta property=\"og:image\" content=\"https:\/\/www.elturistatranquil.com\/wp-content\/uploads\/F07-Sorbas.-Almeria.jpg\" \/>\n\t<meta property=\"og:image:width\" content=\"768\" \/>\n\t<meta property=\"og:image:height\" content=\"512\" \/>\n\t<meta property=\"og:image:type\" content=\"image\/jpeg\" \/>\n<meta name=\"author\" content=\"admin\" \/>\n<meta name=\"twitter:card\" content=\"summary_large_image\" \/>\n<meta name=\"twitter:label1\" content=\"Escrit per\" \/>\n\t<meta name=\"twitter:data1\" content=\"admin\" \/>\n\t<meta name=\"twitter:label2\" content=\"Temps estimat de lectura\" \/>\n\t<meta name=\"twitter:data2\" content=\"16 minuts\" \/>\n<script type=\"application\/ld+json\" class=\"yoast-schema-graph\">{\"@context\":\"https:\\\/\\\/schema.org\",\"@graph\":[{\"@type\":\"Article\",\"@id\":\"https:\\\/\\\/www.elturistatranquil.com\\\/ca\\\/sorbas-parc-natural-karst-en-yesos-de-sorbas-almeria\\\/#article\",\"isPartOf\":{\"@id\":\"https:\\\/\\\/www.elturistatranquil.com\\\/ca\\\/sorbas-parc-natural-karst-en-yesos-de-sorbas-almeria\\\/\"},\"author\":{\"name\":\"admin\",\"@id\":\"https:\\\/\\\/www.elturistatranquil.com\\\/ca\\\/#\\\/schema\\\/person\\\/16f607c3079b96ed0c530a52e6b58bb5\"},\"headline\":\"Sorbas. Parc Natural Karst en Yesos de Sorbas (Almeria)\",\"datePublished\":\"2020-11-14T09:23:58+00:00\",\"dateModified\":\"2020-11-14T10:26:07+00:00\",\"mainEntityOfPage\":{\"@id\":\"https:\\\/\\\/www.elturistatranquil.com\\\/ca\\\/sorbas-parc-natural-karst-en-yesos-de-sorbas-almeria\\\/\"},\"wordCount\":3472,\"commentCount\":0,\"image\":{\"@id\":\"https:\\\/\\\/www.elturistatranquil.com\\\/ca\\\/sorbas-parc-natural-karst-en-yesos-de-sorbas-almeria\\\/#primaryimage\"},\"thumbnailUrl\":\"https:\\\/\\\/www.elturistatranquil.com\\\/wp-content\\\/uploads\\\/F07-Sorbas.-Almeria.jpg\",\"articleSection\":[\"Almeria\",\"Arquitectura civil\",\"Arquitectura popular\",\"Arquitectura religiosa\",\"Edat mitjana\",\"Hist\u00f2ria\",\"Isl\u00e0mic\",\"Museus\",\"Neocl\u00e0ssic, Romanticisme\",\"Paisatge\",\"Parc natural\",\"Patrimoni econ\u00f2mic\\\/productiu\",\"Poble\",\"Pobles i ciutats amb inter\u00e9s\",\"Segle XVI-XVII\",\"Segle XVIII-XIX\",\"Segle XX-XXI\",\"Vila\"],\"inLanguage\":\"ca\",\"potentialAction\":[{\"@type\":\"CommentAction\",\"name\":\"Comment\",\"target\":[\"https:\\\/\\\/www.elturistatranquil.com\\\/ca\\\/sorbas-parc-natural-karst-en-yesos-de-sorbas-almeria\\\/#respond\"]}]},{\"@type\":\"WebPage\",\"@id\":\"https:\\\/\\\/www.elturistatranquil.com\\\/ca\\\/sorbas-parc-natural-karst-en-yesos-de-sorbas-almeria\\\/\",\"url\":\"https:\\\/\\\/www.elturistatranquil.com\\\/ca\\\/sorbas-parc-natural-karst-en-yesos-de-sorbas-almeria\\\/\",\"name\":\"Sorbas. Parc Natural Karst en Yesos de Sorbas (Almeria) - El turista tranquil\",\"isPartOf\":{\"@id\":\"https:\\\/\\\/www.elturistatranquil.com\\\/ca\\\/#website\"},\"primaryImageOfPage\":{\"@id\":\"https:\\\/\\\/www.elturistatranquil.com\\\/ca\\\/sorbas-parc-natural-karst-en-yesos-de-sorbas-almeria\\\/#primaryimage\"},\"image\":{\"@id\":\"https:\\\/\\\/www.elturistatranquil.com\\\/ca\\\/sorbas-parc-natural-karst-en-yesos-de-sorbas-almeria\\\/#primaryimage\"},\"thumbnailUrl\":\"https:\\\/\\\/www.elturistatranquil.com\\\/wp-content\\\/uploads\\\/F07-Sorbas.-Almeria.jpg\",\"datePublished\":\"2020-11-14T09:23:58+00:00\",\"dateModified\":\"2020-11-14T10:26:07+00:00\",\"author\":{\"@id\":\"https:\\\/\\\/www.elturistatranquil.com\\\/ca\\\/#\\\/schema\\\/person\\\/16f607c3079b96ed0c530a52e6b58bb5\"},\"description\":\"A m\u00e9s de la vila de Sorbas podrem con\u00e8ixer el Parc Natural Karst en Yesos de Sorbas, en el Levante Almeriense, ideal per a amants de la hist\u00f2ria i de la natura, la geologia i l'espeleologia.\",\"breadcrumb\":{\"@id\":\"https:\\\/\\\/www.elturistatranquil.com\\\/ca\\\/sorbas-parc-natural-karst-en-yesos-de-sorbas-almeria\\\/#breadcrumb\"},\"inLanguage\":\"ca\",\"potentialAction\":[{\"@type\":\"ReadAction\",\"target\":[\"https:\\\/\\\/www.elturistatranquil.com\\\/ca\\\/sorbas-parc-natural-karst-en-yesos-de-sorbas-almeria\\\/\"]}]},{\"@type\":\"ImageObject\",\"inLanguage\":\"ca\",\"@id\":\"https:\\\/\\\/www.elturistatranquil.com\\\/ca\\\/sorbas-parc-natural-karst-en-yesos-de-sorbas-almeria\\\/#primaryimage\",\"url\":\"https:\\\/\\\/www.elturistatranquil.com\\\/wp-content\\\/uploads\\\/F07-Sorbas.-Almeria.jpg\",\"contentUrl\":\"https:\\\/\\\/www.elturistatranquil.com\\\/wp-content\\\/uploads\\\/F07-Sorbas.-Almeria.jpg\",\"width\":768,\"height\":512,\"caption\":\"Sorbas. Almeria\"},{\"@type\":\"BreadcrumbList\",\"@id\":\"https:\\\/\\\/www.elturistatranquil.com\\\/ca\\\/sorbas-parc-natural-karst-en-yesos-de-sorbas-almeria\\\/#breadcrumb\",\"itemListElement\":[{\"@type\":\"ListItem\",\"position\":1,\"name\":\"Portada\",\"item\":\"https:\\\/\\\/www.elturistatranquil.com\\\/ca\\\/\"},{\"@type\":\"ListItem\",\"position\":2,\"name\":\"Sorbas. Parc Natural Karst en Yesos de Sorbas (Almeria)\"}]},{\"@type\":\"WebSite\",\"@id\":\"https:\\\/\\\/www.elturistatranquil.com\\\/ca\\\/#website\",\"url\":\"https:\\\/\\\/www.elturistatranquil.com\\\/ca\\\/\",\"name\":\"El turista tranquil\",\"description\":\"Blog de viatges\",\"potentialAction\":[{\"@type\":\"SearchAction\",\"target\":{\"@type\":\"EntryPoint\",\"urlTemplate\":\"https:\\\/\\\/www.elturistatranquil.com\\\/ca\\\/?s={search_term_string}\"},\"query-input\":{\"@type\":\"PropertyValueSpecification\",\"valueRequired\":true,\"valueName\":\"search_term_string\"}}],\"inLanguage\":\"ca\"},{\"@type\":\"Person\",\"@id\":\"https:\\\/\\\/www.elturistatranquil.com\\\/ca\\\/#\\\/schema\\\/person\\\/16f607c3079b96ed0c530a52e6b58bb5\",\"name\":\"admin\",\"image\":{\"@type\":\"ImageObject\",\"inLanguage\":\"ca\",\"@id\":\"https:\\\/\\\/secure.gravatar.com\\\/avatar\\\/1fbaf22aee75fcbb29a2f97b107f95d25d3a19b7c3416105be10269872673e8d?s=96&d=mm&r=g\",\"url\":\"https:\\\/\\\/secure.gravatar.com\\\/avatar\\\/1fbaf22aee75fcbb29a2f97b107f95d25d3a19b7c3416105be10269872673e8d?s=96&d=mm&r=g\",\"contentUrl\":\"https:\\\/\\\/secure.gravatar.com\\\/avatar\\\/1fbaf22aee75fcbb29a2f97b107f95d25d3a19b7c3416105be10269872673e8d?s=96&d=mm&r=g\",\"caption\":\"admin\"}}]}<\/script>\n<!-- \/ Yoast SEO plugin. -->","yoast_head_json":{"title":"Sorbas. Parc Natural Karst en Yesos de Sorbas (Almeria) - El turista tranquil","description":"A m\u00e9s de la vila de Sorbas podrem con\u00e8ixer el Parc Natural Karst en Yesos de Sorbas, en el Levante Almeriense, ideal per a amants de la hist\u00f2ria i de la natura, la geologia i l'espeleologia.","robots":{"index":"index","follow":"follow","max-snippet":"max-snippet:-1","max-image-preview":"max-image-preview:large","max-video-preview":"max-video-preview:-1"},"canonical":"https:\/\/www.elturistatranquil.com\/ca\/sorbas-parc-natural-karst-en-yesos-de-sorbas-almeria\/","og_locale":"ca_ES","og_type":"article","og_title":"Sorbas. Parc Natural Karst en Yesos de Sorbas (Almeria) - El turista tranquil","og_description":"A m\u00e9s de la vila de Sorbas podrem con\u00e8ixer el Parc Natural Karst en Yesos de Sorbas, en el Levante Almeriense, ideal per a amants de la hist\u00f2ria i de la natura, la geologia i l'espeleologia.","og_url":"https:\/\/www.elturistatranquil.com\/ca\/sorbas-parc-natural-karst-en-yesos-de-sorbas-almeria\/","og_site_name":"El turista tranquil","article_publisher":"https:\/\/www.facebook.com\/elturistatranquilo\/","article_published_time":"2020-11-14T09:23:58+00:00","article_modified_time":"2020-11-14T10:26:07+00:00","og_image":[{"width":768,"height":512,"url":"https:\/\/www.elturistatranquil.com\/wp-content\/uploads\/F07-Sorbas.-Almeria.jpg","type":"image\/jpeg"}],"author":"admin","twitter_card":"summary_large_image","twitter_misc":{"Escrit per":"admin","Temps estimat de lectura":"16 minuts"},"schema":{"@context":"https:\/\/schema.org","@graph":[{"@type":"Article","@id":"https:\/\/www.elturistatranquil.com\/ca\/sorbas-parc-natural-karst-en-yesos-de-sorbas-almeria\/#article","isPartOf":{"@id":"https:\/\/www.elturistatranquil.com\/ca\/sorbas-parc-natural-karst-en-yesos-de-sorbas-almeria\/"},"author":{"name":"admin","@id":"https:\/\/www.elturistatranquil.com\/ca\/#\/schema\/person\/16f607c3079b96ed0c530a52e6b58bb5"},"headline":"Sorbas. Parc Natural Karst en Yesos de Sorbas (Almeria)","datePublished":"2020-11-14T09:23:58+00:00","dateModified":"2020-11-14T10:26:07+00:00","mainEntityOfPage":{"@id":"https:\/\/www.elturistatranquil.com\/ca\/sorbas-parc-natural-karst-en-yesos-de-sorbas-almeria\/"},"wordCount":3472,"commentCount":0,"image":{"@id":"https:\/\/www.elturistatranquil.com\/ca\/sorbas-parc-natural-karst-en-yesos-de-sorbas-almeria\/#primaryimage"},"thumbnailUrl":"https:\/\/www.elturistatranquil.com\/wp-content\/uploads\/F07-Sorbas.-Almeria.jpg","articleSection":["Almeria","Arquitectura civil","Arquitectura popular","Arquitectura religiosa","Edat mitjana","Hist\u00f2ria","Isl\u00e0mic","Museus","Neocl\u00e0ssic, Romanticisme","Paisatge","Parc natural","Patrimoni econ\u00f2mic\/productiu","Poble","Pobles i ciutats amb inter\u00e9s","Segle XVI-XVII","Segle XVIII-XIX","Segle XX-XXI","Vila"],"inLanguage":"ca","potentialAction":[{"@type":"CommentAction","name":"Comment","target":["https:\/\/www.elturistatranquil.com\/ca\/sorbas-parc-natural-karst-en-yesos-de-sorbas-almeria\/#respond"]}]},{"@type":"WebPage","@id":"https:\/\/www.elturistatranquil.com\/ca\/sorbas-parc-natural-karst-en-yesos-de-sorbas-almeria\/","url":"https:\/\/www.elturistatranquil.com\/ca\/sorbas-parc-natural-karst-en-yesos-de-sorbas-almeria\/","name":"Sorbas. Parc Natural Karst en Yesos de Sorbas (Almeria) - El turista tranquil","isPartOf":{"@id":"https:\/\/www.elturistatranquil.com\/ca\/#website"},"primaryImageOfPage":{"@id":"https:\/\/www.elturistatranquil.com\/ca\/sorbas-parc-natural-karst-en-yesos-de-sorbas-almeria\/#primaryimage"},"image":{"@id":"https:\/\/www.elturistatranquil.com\/ca\/sorbas-parc-natural-karst-en-yesos-de-sorbas-almeria\/#primaryimage"},"thumbnailUrl":"https:\/\/www.elturistatranquil.com\/wp-content\/uploads\/F07-Sorbas.-Almeria.jpg","datePublished":"2020-11-14T09:23:58+00:00","dateModified":"2020-11-14T10:26:07+00:00","author":{"@id":"https:\/\/www.elturistatranquil.com\/ca\/#\/schema\/person\/16f607c3079b96ed0c530a52e6b58bb5"},"description":"A m\u00e9s de la vila de Sorbas podrem con\u00e8ixer el Parc Natural Karst en Yesos de Sorbas, en el Levante Almeriense, ideal per a amants de la hist\u00f2ria i de la natura, la geologia i l'espeleologia.","breadcrumb":{"@id":"https:\/\/www.elturistatranquil.com\/ca\/sorbas-parc-natural-karst-en-yesos-de-sorbas-almeria\/#breadcrumb"},"inLanguage":"ca","potentialAction":[{"@type":"ReadAction","target":["https:\/\/www.elturistatranquil.com\/ca\/sorbas-parc-natural-karst-en-yesos-de-sorbas-almeria\/"]}]},{"@type":"ImageObject","inLanguage":"ca","@id":"https:\/\/www.elturistatranquil.com\/ca\/sorbas-parc-natural-karst-en-yesos-de-sorbas-almeria\/#primaryimage","url":"https:\/\/www.elturistatranquil.com\/wp-content\/uploads\/F07-Sorbas.-Almeria.jpg","contentUrl":"https:\/\/www.elturistatranquil.com\/wp-content\/uploads\/F07-Sorbas.-Almeria.jpg","width":768,"height":512,"caption":"Sorbas. Almeria"},{"@type":"BreadcrumbList","@id":"https:\/\/www.elturistatranquil.com\/ca\/sorbas-parc-natural-karst-en-yesos-de-sorbas-almeria\/#breadcrumb","itemListElement":[{"@type":"ListItem","position":1,"name":"Portada","item":"https:\/\/www.elturistatranquil.com\/ca\/"},{"@type":"ListItem","position":2,"name":"Sorbas. Parc Natural Karst en Yesos de Sorbas (Almeria)"}]},{"@type":"WebSite","@id":"https:\/\/www.elturistatranquil.com\/ca\/#website","url":"https:\/\/www.elturistatranquil.com\/ca\/","name":"El turista tranquil","description":"Blog de viatges","potentialAction":[{"@type":"SearchAction","target":{"@type":"EntryPoint","urlTemplate":"https:\/\/www.elturistatranquil.com\/ca\/?s={search_term_string}"},"query-input":{"@type":"PropertyValueSpecification","valueRequired":true,"valueName":"search_term_string"}}],"inLanguage":"ca"},{"@type":"Person","@id":"https:\/\/www.elturistatranquil.com\/ca\/#\/schema\/person\/16f607c3079b96ed0c530a52e6b58bb5","name":"admin","image":{"@type":"ImageObject","inLanguage":"ca","@id":"https:\/\/secure.gravatar.com\/avatar\/1fbaf22aee75fcbb29a2f97b107f95d25d3a19b7c3416105be10269872673e8d?s=96&d=mm&r=g","url":"https:\/\/secure.gravatar.com\/avatar\/1fbaf22aee75fcbb29a2f97b107f95d25d3a19b7c3416105be10269872673e8d?s=96&d=mm&r=g","contentUrl":"https:\/\/secure.gravatar.com\/avatar\/1fbaf22aee75fcbb29a2f97b107f95d25d3a19b7c3416105be10269872673e8d?s=96&d=mm&r=g","caption":"admin"}}]}},"_links":{"self":[{"href":"https:\/\/www.elturistatranquil.com\/ca\/wp-json\/wp\/v2\/posts\/33106","targetHints":{"allow":["GET"]}}],"collection":[{"href":"https:\/\/www.elturistatranquil.com\/ca\/wp-json\/wp\/v2\/posts"}],"about":[{"href":"https:\/\/www.elturistatranquil.com\/ca\/wp-json\/wp\/v2\/types\/post"}],"author":[{"embeddable":true,"href":"https:\/\/www.elturistatranquil.com\/ca\/wp-json\/wp\/v2\/users\/1"}],"replies":[{"embeddable":true,"href":"https:\/\/www.elturistatranquil.com\/ca\/wp-json\/wp\/v2\/comments?post=33106"}],"version-history":[{"count":5,"href":"https:\/\/www.elturistatranquil.com\/ca\/wp-json\/wp\/v2\/posts\/33106\/revisions"}],"predecessor-version":[{"id":33450,"href":"https:\/\/www.elturistatranquil.com\/ca\/wp-json\/wp\/v2\/posts\/33106\/revisions\/33450"}],"wp:featuredmedia":[{"embeddable":true,"href":"https:\/\/www.elturistatranquil.com\/ca\/wp-json\/wp\/v2\/media\/33011"}],"wp:attachment":[{"href":"https:\/\/www.elturistatranquil.com\/ca\/wp-json\/wp\/v2\/media?parent=33106"}],"wp:term":[{"taxonomy":"category","embeddable":true,"href":"https:\/\/www.elturistatranquil.com\/ca\/wp-json\/wp\/v2\/categories?post=33106"},{"taxonomy":"post_tag","embeddable":true,"href":"https:\/\/www.elturistatranquil.com\/ca\/wp-json\/wp\/v2\/tags?post=33106"}],"curies":[{"name":"wp","href":"https:\/\/api.w.org\/{rel}","templated":true}]}}