{"id":33438,"date":"2020-12-26T09:51:01","date_gmt":"2020-12-26T08:51:01","guid":{"rendered":"https:\/\/www.elturistatranquil.com\/?p=33438"},"modified":"2020-12-26T10:39:50","modified_gmt":"2020-12-26T09:39:50","slug":"castelo-de-pambre-lugo","status":"publish","type":"post","link":"https:\/\/www.elturistatranquil.com\/ca\/castelo-de-pambre-lugo\/","title":{"rendered":"Castelo de Pambre (Lugo)"},"content":{"rendered":"\t\t<div data-elementor-type=\"wp-post\" data-elementor-id=\"33438\" class=\"elementor elementor-33438 elementor-33395\" data-elementor-post-type=\"post\">\n\t\t\t\t\t\t<section class=\"elementor-section elementor-top-section elementor-element elementor-element-4e124104 elementor-section-boxed elementor-section-height-default elementor-section-height-default\" data-id=\"4e124104\" data-element_type=\"section\" data-e-type=\"section\">\n\t\t\t\t\t\t<div class=\"elementor-container elementor-column-gap-default\">\n\t\t\t\t\t<div class=\"elementor-column elementor-col-100 elementor-top-column elementor-element elementor-element-57c4c2e7\" data-id=\"57c4c2e7\" data-element_type=\"column\" data-e-type=\"column\">\n\t\t\t<div class=\"elementor-widget-wrap elementor-element-populated\">\n\t\t\t\t\t\t<section class=\"elementor-section elementor-inner-section elementor-element elementor-element-1575ed4f elementor-section-content-middle elementor-section-boxed elementor-section-height-default elementor-section-height-default\" data-id=\"1575ed4f\" data-element_type=\"section\" data-e-type=\"section\">\n\t\t\t\t\t\t<div class=\"elementor-container elementor-column-gap-default\">\n\t\t\t\t\t<div class=\"elementor-column elementor-col-100 elementor-inner-column elementor-element elementor-element-2047aec7\" data-id=\"2047aec7\" data-element_type=\"column\" data-e-type=\"column\">\n\t\t\t<div class=\"elementor-widget-wrap elementor-element-populated\">\n\t\t\t\t\t\t<div class=\"elementor-element elementor-element-382d7e54 elementor-widget elementor-widget-text-editor\" data-id=\"382d7e54\" data-element_type=\"widget\" data-e-type=\"widget\" data-widget_type=\"text-editor.default\">\n\t\t\t\t<div class=\"elementor-widget-container\">\n\t\t\t\t\t\t\t\t\t<p>El <em>castelo de Pambre<\/em>, a la comarca d&#8217;Ulloa (Lugo) ofereix la pres\u00e8ncia d&#8217;un castell senyorial de segle XIV, amb una estructura completa en proc\u00e9s de rehabilitaci\u00f3, i en un entorn paisatg\u00edstic espl\u00e8ndid.<\/p>\t\t\t\t\t\t\t\t<\/div>\n\t\t\t\t<\/div>\n\t\t\t\t\t<\/div>\n\t\t<\/div>\n\t\t\t\t\t<\/div>\n\t\t<\/section>\n\t\t\t\t<div class=\"elementor-element elementor-element-2a0b0368 elementor-widget elementor-widget-heading\" data-id=\"2a0b0368\" data-element_type=\"widget\" data-e-type=\"widget\" data-widget_type=\"heading.default\">\n\t\t\t\t<div class=\"elementor-widget-container\">\n\t\t\t\t\t<h1 class=\"elementor-heading-title elementor-size-default\">Castelo de Pambre (Lugo)<\/h1>\t\t\t\t<\/div>\n\t\t\t\t<\/div>\n\t\t\t\t\t<\/div>\n\t\t<\/div>\n\t\t\t\t\t<\/div>\n\t\t<\/section>\n\t\t\t\t<section class=\"elementor-section elementor-top-section elementor-element elementor-element-193ab97a elementor-section-boxed elementor-section-height-default elementor-section-height-default\" data-id=\"193ab97a\" data-element_type=\"section\" data-e-type=\"section\">\n\t\t\t\t\t\t<div class=\"elementor-container elementor-column-gap-default\">\n\t\t\t\t\t<div class=\"elementor-column elementor-col-100 elementor-top-column elementor-element elementor-element-74c2d237\" data-id=\"74c2d237\" data-element_type=\"column\" data-e-type=\"column\">\n\t\t\t<div class=\"elementor-widget-wrap elementor-element-populated\">\n\t\t\t\t\t\t<div class=\"elementor-element elementor-element-d8df862 elementor-widget elementor-widget-image\" data-id=\"d8df862\" data-element_type=\"widget\" data-e-type=\"widget\" data-widget_type=\"image.default\">\n\t\t\t\t<div class=\"elementor-widget-container\">\n\t\t\t\t\t\t\t\t\t\t\t\t<figure class=\"wp-caption\">\n\t\t\t\t\t\t\t\t\t\t<img fetchpriority=\"high\" decoding=\"async\" width=\"768\" height=\"511\" src=\"https:\/\/www.elturistatranquil.com\/wp-content\/uploads\/F01-Castelo-de-Pambre-Lugo-Google-earth-2020-10-05.jpg\" class=\"attachment-large size-large wp-image-33403\" alt=\"Castelo de Pambre, Lugo (Google earth 2020-10-05)\" srcset=\"https:\/\/www.elturistatranquil.com\/wp-content\/uploads\/F01-Castelo-de-Pambre-Lugo-Google-earth-2020-10-05.jpg 768w, https:\/\/www.elturistatranquil.com\/wp-content\/uploads\/F01-Castelo-de-Pambre-Lugo-Google-earth-2020-10-05-339x226.jpg 339w\" sizes=\"(max-width: 768px) 100vw, 768px\" \/>\t\t\t\t\t\t\t\t\t\t\t<figcaption class=\"widget-image-caption wp-caption-text\">Castelo de Pambre (Google earth 2020-10-05)<\/figcaption>\n\t\t\t\t\t\t\t\t\t\t<\/figure>\n\t\t\t\t\t\t\t\t\t<\/div>\n\t\t\t\t<\/div>\n\t\t\t\t<div class=\"elementor-element elementor-element-fd20d elementor-widget elementor-widget-spacer\" data-id=\"fd20d\" data-element_type=\"widget\" data-e-type=\"widget\" data-widget_type=\"spacer.default\">\n\t\t\t\t<div class=\"elementor-widget-container\">\n\t\t\t\t\t\t\t<div class=\"elementor-spacer\">\n\t\t\t<div class=\"elementor-spacer-inner\"><\/div>\n\t\t<\/div>\n\t\t\t\t\t\t<\/div>\n\t\t\t\t<\/div>\n\t\t\t\t<div class=\"elementor-element elementor-element-4a73fba3 elementor-widget elementor-widget-heading\" data-id=\"4a73fba3\" data-element_type=\"widget\" data-e-type=\"widget\" data-widget_type=\"heading.default\">\n\t\t\t\t<div class=\"elementor-widget-container\">\n\t\t\t\t\t<h2 class=\"elementor-heading-title elementor-size-default\">Castelo de Pambre. Palas de Rei. Ulloa. Lugo<\/h2>\t\t\t\t<\/div>\n\t\t\t\t<\/div>\n\t\t\t\t<section class=\"elementor-section elementor-inner-section elementor-element elementor-element-7e14f178 elementor-section-boxed elementor-section-height-default elementor-section-height-default\" data-id=\"7e14f178\" data-element_type=\"section\" data-e-type=\"section\" data-settings=\"{&quot;background_background&quot;:&quot;classic&quot;}\">\n\t\t\t\t\t\t\t<div class=\"elementor-background-overlay\"><\/div>\n\t\t\t\t\t\t\t<div class=\"elementor-container elementor-column-gap-default\">\n\t\t\t\t\t<div class=\"elementor-column elementor-col-100 elementor-inner-column elementor-element elementor-element-5fa0ce84\" data-id=\"5fa0ce84\" data-element_type=\"column\" data-e-type=\"column\" data-settings=\"{&quot;background_background&quot;:&quot;classic&quot;}\">\n\t\t\t<div class=\"elementor-widget-wrap elementor-element-populated\">\n\t\t\t\t\t\t<div class=\"elementor-element elementor-element-2d0a5846 elementor-widget elementor-widget-text-editor\" data-id=\"2d0a5846\" data-element_type=\"widget\" data-e-type=\"widget\" data-widget_type=\"text-editor.default\">\n\t\t\t\t<div class=\"elementor-widget-container\">\n\t\t\t\t\t\t\t\t\t<p>Municipi: Palas de Rei. Comarca: Ulloa. \u00a0Prov\u00edncia: Lugo. Com. Aut\u00f2noma: Galicia<\/p><p>Coordenades: 42\u00b051\u203235\u2033N 7\u00b056\u203254\u2033O. Altitud: 400 msnm<\/p><p>Web: <a href=\"http:\/\/www.concellopalasderei.es\/node\/95\" target=\"_blank\" rel=\"noopener\">concellopalasderei<\/a><\/p><p><em>B\u00e9 d&#8217;Inter\u00e8s Cultural. Monument<\/em>, 1994<\/p><p>Incorporat al <em>Cat\u00e0leg de la Proposici\u00f3 d\u2019extensi\u00f3 de la inscripci\u00f3 del Cam\u00ed de Sant Jaume (2015) Patrimoni Mundial<\/em><\/p><p>Visita: 2016<\/p>\t\t\t\t\t\t\t\t<\/div>\n\t\t\t\t<\/div>\n\t\t\t\t\t<\/div>\n\t\t<\/div>\n\t\t\t\t\t<\/div>\n\t\t<\/section>\n\t\t\t\t<div class=\"elementor-element elementor-element-3af0db46 elementor-widget elementor-widget-image\" data-id=\"3af0db46\" data-element_type=\"widget\" data-e-type=\"widget\" data-widget_type=\"image.default\">\n\t\t\t\t<div class=\"elementor-widget-container\">\n\t\t\t\t\t\t\t\t\t\t\t\t<figure class=\"wp-caption\">\n\t\t\t\t\t\t\t\t\t\t<img decoding=\"async\" width=\"768\" height=\"513\" src=\"https:\/\/www.elturistatranquil.com\/wp-content\/uploads\/F02c-Castelo-de-Pambre-LugoGoogle-maps-2020-11-05.jpg\" class=\"attachment-medium_large size-medium_large wp-image-33407\" alt=\"Castelo de Pambre, Lugo(Google maps 2020-11-05)\" srcset=\"https:\/\/www.elturistatranquil.com\/wp-content\/uploads\/F02c-Castelo-de-Pambre-LugoGoogle-maps-2020-11-05.jpg 768w, https:\/\/www.elturistatranquil.com\/wp-content\/uploads\/F02c-Castelo-de-Pambre-LugoGoogle-maps-2020-11-05-339x226.jpg 339w\" sizes=\"(max-width: 768px) 100vw, 768px\" \/>\t\t\t\t\t\t\t\t\t\t\t<figcaption class=\"widget-image-caption wp-caption-text\">Mapa de situaci\u00f3 del Castelo de Pambre (Google maps 2020-11-05)<\/figcaption>\n\t\t\t\t\t\t\t\t\t\t<\/figure>\n\t\t\t\t\t\t\t\t\t<\/div>\n\t\t\t\t<\/div>\n\t\t\t\t<section class=\"elementor-section elementor-inner-section elementor-element elementor-element-264306ad elementor-section-boxed elementor-section-height-default elementor-section-height-default\" data-id=\"264306ad\" data-element_type=\"section\" data-e-type=\"section\" data-settings=\"{&quot;background_background&quot;:&quot;classic&quot;}\">\n\t\t\t\t\t\t<div class=\"elementor-container elementor-column-gap-default\">\n\t\t\t\t\t<div class=\"elementor-column elementor-col-100 elementor-inner-column elementor-element elementor-element-633c270e\" data-id=\"633c270e\" data-element_type=\"column\" data-e-type=\"column\">\n\t\t\t<div class=\"elementor-widget-wrap elementor-element-populated\">\n\t\t\t\t\t\t<div class=\"elementor-element elementor-element-bebfc78 elementor-widget elementor-widget-text-editor\" data-id=\"bebfc78\" data-element_type=\"widget\" data-e-type=\"widget\" data-widget_type=\"text-editor.default\">\n\t\t\t\t<div class=\"elementor-widget-container\">\n\t\t\t\t\t\t\t\t\t<p style=\"text-align: center;\"><strong>\u00cdndex<\/strong><\/p>\t\t\t\t\t\t\t\t<\/div>\n\t\t\t\t<\/div>\n\t\t\t\t<div class=\"elementor-element elementor-element-4ac1236a elementor-widget elementor-widget-text-editor\" data-id=\"4ac1236a\" data-element_type=\"widget\" data-e-type=\"widget\" data-widget_type=\"text-editor.default\">\n\t\t\t\t<div class=\"elementor-widget-container\">\n\t\t\t\t\t\t\t\t\t<p><a href=\"https:\/\/www.elturistatranquil.com\/ca\/castelo-de-pambre-lugo\/#b5101\">Castelo de Pambre. Palas de Rei. Ulloa. Lugo<\/a><\/p><p><a href=\"https:\/\/www.elturistatranquil.com\/ca\/castelo-de-pambre-lugo\/#b5102\">El castell de Pambre: la casa de los Ulloa<\/a><\/p><p><a href=\"https:\/\/www.elturistatranquil.com\/ca\/castelo-de-pambre-lugo\/#b5103\">La fortificaci\u00f3<\/a><\/p><p><a href=\"https:\/\/www.elturistatranquil.com\/ca\/castelo-de-pambre-lugo\/#b5104\">Fi de la visita<\/a><\/p><p><a href=\"https:\/\/www.elturistatranquil.com\/ca\/castelo-de-pambre-lugo\/#b5105\">Bases d\u2019informaci\u00f3<\/a><\/p>\t\t\t\t\t\t\t\t<\/div>\n\t\t\t\t<\/div>\n\t\t\t\t\t<\/div>\n\t\t<\/div>\n\t\t\t\t\t<\/div>\n\t\t<\/section>\n\t\t\t\t<div class=\"elementor-element elementor-element-6726b7ef elementor-widget elementor-widget-spacer\" data-id=\"6726b7ef\" data-element_type=\"widget\" data-e-type=\"widget\" data-widget_type=\"spacer.default\">\n\t\t\t\t<div class=\"elementor-widget-container\">\n\t\t\t\t\t\t\t<div class=\"elementor-spacer\">\n\t\t\t<div class=\"elementor-spacer-inner\"><\/div>\n\t\t<\/div>\n\t\t\t\t\t\t<\/div>\n\t\t\t\t<\/div>\n\t\t\t\t<div class=\"elementor-element elementor-element-1c6698d2 elementor-widget elementor-widget-menu-anchor\" data-id=\"1c6698d2\" data-element_type=\"widget\" data-e-type=\"widget\" data-widget_type=\"menu-anchor.default\">\n\t\t\t\t<div class=\"elementor-widget-container\">\n\t\t\t\t\t\t\t<div class=\"elementor-menu-anchor\" id=\"b5101\"><\/div>\n\t\t\t\t\t\t<\/div>\n\t\t\t\t<\/div>\n\t\t\t\t<div class=\"elementor-element elementor-element-2bd80e7e elementor-widget elementor-widget-spacer\" data-id=\"2bd80e7e\" data-element_type=\"widget\" data-e-type=\"widget\" data-widget_type=\"spacer.default\">\n\t\t\t\t<div class=\"elementor-widget-container\">\n\t\t\t\t\t\t\t<div class=\"elementor-spacer\">\n\t\t\t<div class=\"elementor-spacer-inner\"><\/div>\n\t\t<\/div>\n\t\t\t\t\t\t<\/div>\n\t\t\t\t<\/div>\n\t\t\t\t<div class=\"elementor-element elementor-element-78bea3e4 elementor-widget elementor-widget-heading\" data-id=\"78bea3e4\" data-element_type=\"widget\" data-e-type=\"widget\" data-widget_type=\"heading.default\">\n\t\t\t\t<div class=\"elementor-widget-container\">\n\t\t\t\t\t<h2 class=\"elementor-heading-title elementor-size-default\">Castelo de Pambre. Palas de Rei. Ulloa. Lugo<\/h2>\t\t\t\t<\/div>\n\t\t\t\t<\/div>\n\t\t\t\t<div class=\"elementor-element elementor-element-a3e48c0 elementor-widget elementor-widget-menu-anchor\" data-id=\"a3e48c0\" data-element_type=\"widget\" data-e-type=\"widget\" data-widget_type=\"menu-anchor.default\">\n\t\t\t\t<div class=\"elementor-widget-container\">\n\t\t\t\t\t\t\t<div class=\"elementor-menu-anchor\" id=\"b5102\"><\/div>\n\t\t\t\t\t\t<\/div>\n\t\t\t\t<\/div>\n\t\t\t\t<div class=\"elementor-element elementor-element-36d8cb30 elementor-widget elementor-widget-text-editor\" data-id=\"36d8cb30\" data-element_type=\"widget\" data-e-type=\"widget\" data-widget_type=\"text-editor.default\">\n\t\t\t\t<div class=\"elementor-widget-container\">\n\t\t\t\t\t\t\t\t\t<p>El <strong>castelo de Pambre<\/strong> es troba situat al concello de Pales de Rei, de la comarca d&#8217;Ulloa, a la prov\u00edncia de Lugo.<\/p><p>Se situa uns 450 metres al nord de la localitat de Pambre, a la vora del riu Pambre, i a 400 msnm.<\/p><p>Per arribar vaig rec\u00f3rrer el cam\u00ed des de Ulloa\/Sambreixo durant uns 3 quil\u00f2metres, seguint el riu Pambre, per una ruta estreta de terra batuda, per\u00f2 d&#8217;una gran bellesa paisatg\u00edstica.<\/p>\t\t\t\t\t\t\t\t<\/div>\n\t\t\t\t<\/div>\n\t\t\t\t<div class=\"elementor-element elementor-element-5d4723f1 elementor-widget elementor-widget-heading\" data-id=\"5d4723f1\" data-element_type=\"widget\" data-e-type=\"widget\" data-widget_type=\"heading.default\">\n\t\t\t\t<div class=\"elementor-widget-container\">\n\t\t\t\t\t<h2 class=\"elementor-heading-title elementor-size-default\">El castell de Pambre: la casa dels Ulloa <\/h2>\t\t\t\t<\/div>\n\t\t\t\t<\/div>\n\t\t\t\t<div class=\"elementor-element elementor-element-529c1d0 elementor-widget elementor-widget-text-editor\" data-id=\"529c1d0\" data-element_type=\"widget\" data-e-type=\"widget\" data-widget_type=\"text-editor.default\">\n\t\t\t\t<div class=\"elementor-widget-container\">\n\t\t\t\t\t\t\t\t\t<p>El <strong>castell de Pambre<\/strong> s&#8217;al\u00e7a sobre una elevada rocalla a la banda del riu Pambre, que fa de defensa natural. Podem classificar-lo en la categoria de <a href=\"https:\/\/www.elturistatranquil.com\/ca\/els-castells-medievals-a-espanya-tipologies\/\" target=\"_blank\" rel=\"noopener\">castell senyorial<\/a>.<\/p>\t\t\t\t\t\t\t\t<\/div>\n\t\t\t\t<\/div>\n\t\t\t\t<div class=\"elementor-element elementor-element-21b4b1bc elementor-widget elementor-widget-image\" data-id=\"21b4b1bc\" data-element_type=\"widget\" data-e-type=\"widget\" data-widget_type=\"image.default\">\n\t\t\t\t<div class=\"elementor-widget-container\">\n\t\t\t\t\t\t\t\t\t\t\t\t<figure class=\"wp-caption\">\n\t\t\t\t\t\t\t\t\t\t<img decoding=\"async\" width=\"768\" height=\"512\" src=\"https:\/\/www.elturistatranquil.com\/wp-content\/uploads\/F03-Castelo-de-Pambre-Lugo.jpg\" class=\"attachment-large size-large wp-image-33409\" alt=\"Castelo de Pambre, Lugo\" srcset=\"https:\/\/www.elturistatranquil.com\/wp-content\/uploads\/F03-Castelo-de-Pambre-Lugo.jpg 768w, https:\/\/www.elturistatranquil.com\/wp-content\/uploads\/F03-Castelo-de-Pambre-Lugo-339x226.jpg 339w\" sizes=\"(max-width: 768px) 100vw, 768px\" \/>\t\t\t\t\t\t\t\t\t\t\t<figcaption class=\"widget-image-caption wp-caption-text\"><\/figcaption>\n\t\t\t\t\t\t\t\t\t\t<\/figure>\n\t\t\t\t\t\t\t\t\t<\/div>\n\t\t\t\t<\/div>\n\t\t\t\t<div class=\"elementor-element elementor-element-3c77dbb elementor-widget elementor-widget-text-editor\" data-id=\"3c77dbb\" data-element_type=\"widget\" data-e-type=\"widget\" data-widget_type=\"text-editor.default\">\n\t\t\t\t<div class=\"elementor-widget-container\">\n\t\t\t\t\t\t\t\t\t<p>\u00c9s la millor mostra conservada d&#8217;arquitectura medieval militar a Gal\u00edcia, i una de les poques que van quedar en peu despr\u00e9s de la\u00a0 <a href=\"https:\/\/es.wikipedia.org\/wiki\/Revuelta_Irmandi%C3%B1a\" target=\"_blank\" rel=\"noopener\">revolta Irmandi\u00f1a\u00a0<\/a>de 1476, no est\u00e0 del tot clar per qu\u00e8 aquest castell no va ser destru\u00eft.<\/p><p>Va ser constru\u00eft pels Ulloa, poderosa fam\u00edlia vinculada a aquest territori de Lugo des de l&#8217;Edat Mitjana. Les primeres mencions documentals dels Ulloa arrenquen de segle XIII. El seu poder ha donat lloc a la denominaci\u00f3 d&#8217;Ulloa a aquestes terres.<\/p><p>Les constants tensions hist\u00f2riques entre els senyors de Gal\u00edcia van comportar a la proliferaci\u00f3 de castells i punts de defensa per tot el territori, com a mostra de poder i domini territorial.<\/p><p>Entre les diverses fortificacions dels Ulloa destaca i ha perviscut a Palas de Rei el castelo de Pambre.<\/p><p>La seva construcci\u00f3 per don Gonzalo Ozores de Ulloa es remunta a finals de segle XIV.<\/p><p>Va ser escenari de les lluites entre Pedro I i Enrique de Trast\u00e1mara, i despr\u00e9s entre la noblesa i l&#8217;arquebisbe de Santiago, don Alonso de Fonseca y Acevedo.<\/p><p>Va passar de les mans dels Ulloa a les dels Comtes de Monterrey en 1484. En 1825, el Duc d&#8217;Alba va vendre la fortalesa juntament amb els seus b\u00e9ns i altres edificis a don Xos\u00e9 Soto, ve\u00ed de Palas de Rei, per 27.000 pessetes.<\/p><p>La fortalesa haur\u00e0 passat de representar un paper militar a un paper de nucli d&#8217;una explotaci\u00f3 econ\u00f2mica.<\/p><p>Despr\u00e9s de pert\u00e0nyer a la fam\u00edlia Moreiras Blanco des de 1912, en els \u00faltims temps va ser propietat de don Manuel Taboada Fern\u00e1ndez, Comte de Borraxeiros.<\/p><p>Actualment est\u00e0 en mans de la Xunta de Gal\u00edcia, que el va comprar el 2012, iniciant un proc\u00e9s de restauraci\u00f3.<\/p><p>En el moment de la meva visita, el 2016, no era visitable, amb el que vaig haver de conformar-me amb un recorregut per l&#8217;exterior. Segons la informaci\u00f3 actual que apareix a Internet, actualment \u00e9s ja possible la seva <a href=\"http:\/\/www.concellopalasderei.es\/node\/95\" target=\"_blank\" rel=\"noopener\">visita diaria<\/a>.<\/p><p>Est\u00e0 protegit como <em>B\u00e9 d&#8217;Inter\u00e8s Cultural. Monument<\/em>, des de 1994. Aix\u00ed com ha estat incorporat al <em>Cat\u00e0leg de la Proposici\u00f3 d\u2019extensi\u00f3 de la inscripci\u00f3 del Cam\u00ed de Sant Jaume (2015) Patrimoni Mundial<\/em>.<\/p>\t\t\t\t\t\t\t\t<\/div>\n\t\t\t\t<\/div>\n\t\t\t\t<div class=\"elementor-element elementor-element-832d388 elementor-widget elementor-widget-menu-anchor\" data-id=\"832d388\" data-element_type=\"widget\" data-e-type=\"widget\" data-widget_type=\"menu-anchor.default\">\n\t\t\t\t<div class=\"elementor-widget-container\">\n\t\t\t\t\t\t\t<div class=\"elementor-menu-anchor\" id=\"b5103\"><\/div>\n\t\t\t\t\t\t<\/div>\n\t\t\t\t<\/div>\n\t\t\t\t<div class=\"elementor-element elementor-element-2b28cf0 elementor-widget elementor-widget-heading\" data-id=\"2b28cf0\" data-element_type=\"widget\" data-e-type=\"widget\" data-widget_type=\"heading.default\">\n\t\t\t\t<div class=\"elementor-widget-container\">\n\t\t\t\t\t<h2 class=\"elementor-heading-title elementor-size-default\">La fortificaci\u00f3<\/h2>\t\t\t\t<\/div>\n\t\t\t\t<\/div>\n\t\t\t\t<div class=\"elementor-element elementor-element-cf4598d elementor-widget elementor-widget-text-editor\" data-id=\"cf4598d\" data-element_type=\"widget\" data-e-type=\"widget\" data-widget_type=\"text-editor.default\">\n\t\t\t\t<div class=\"elementor-widget-container\">\n\t\t\t\t\t\t\t\t\t<p>La fortalesa compleix diverses funcions. En paraules de <a href=\"https:\/\/hcommons.org\/deposits\/download\/hc:26294\/CONTENT\/las_funciones_de_una_fortaleza_bajomedie.pdf\/\" target=\"_blank\" rel=\"noopener\">Rouco Collazo<\/a> (p. 183):<\/p><p><em>&#8220;Pambre com fortalesa senyorial exerceix una pluralitat de funcions molt relacionades entre si, m\u00e9s enll\u00e0 de la simple defensa militar, com s&#8217;acostuma a considerar. Serveix tamb\u00e9 com a centre d&#8217;explotaci\u00f3 econ\u00f2mica, d&#8217;administraci\u00f3 senyorial i punt de domini territorial, a m\u00e9s de revestir-se de components simb\u00f2lics i propagand\u00edstics de l&#8217;estatus dels seus senyors. \u00c9s per tant una arquitectura militar i una arquitectura de poder, que aconsegueix el seu punt \u00e0lgid en l&#8217;etapa de Sancho d&#8217;Ulloa [a la segona meitat de segle XV]. &#8220;<\/em><\/p><p>Com s&#8217;ha dit, va ser constru\u00eft al segle XIV en estil g\u00f2tic.<\/p><p>\u00c9s possible que en l&#8217;elecci\u00f3 de l&#8217;empla\u00e7ament influ\u00eds, entre altres factors, l&#8217;exist\u00e8ncia de l&#8217;esgl\u00e9sia parroquial de San Pedro, que es va incorporar al recinte fortificat, mantenint la seva funci\u00f3 d&#8217;esgl\u00e9sia parroquial.<\/p><p>L&#8217;estructura de la fortalesa est\u00e0 composta per un mur defensiu exterior, dins el qual se situa el castell pr\u00f2piament dit, al costat d&#8217;altres construccions diverses.<\/p>\t\t\t\t\t\t\t\t<\/div>\n\t\t\t\t<\/div>\n\t\t\t\t<div class=\"elementor-element elementor-element-fd02a8e elementor-widget elementor-widget-image\" data-id=\"fd02a8e\" data-element_type=\"widget\" data-e-type=\"widget\" data-widget_type=\"image.default\">\n\t\t\t\t<div class=\"elementor-widget-container\">\n\t\t\t\t\t\t\t\t\t\t\t\t<figure class=\"wp-caption\">\n\t\t\t\t\t\t\t\t\t\t<img loading=\"lazy\" decoding=\"async\" width=\"768\" height=\"510\" src=\"https:\/\/www.elturistatranquil.com\/wp-content\/uploads\/F04-Castelo-de-Pambre-Lugo.jpg\" class=\"attachment-large size-large wp-image-33411\" alt=\"Castelo de Pambre, Lugo\" srcset=\"https:\/\/www.elturistatranquil.com\/wp-content\/uploads\/F04-Castelo-de-Pambre-Lugo.jpg 768w, https:\/\/www.elturistatranquil.com\/wp-content\/uploads\/F04-Castelo-de-Pambre-Lugo-339x226.jpg 339w\" sizes=\"(max-width: 768px) 100vw, 768px\" \/>\t\t\t\t\t\t\t\t\t\t\t<figcaption class=\"widget-image-caption wp-caption-text\"><\/figcaption>\n\t\t\t\t\t\t\t\t\t\t<\/figure>\n\t\t\t\t\t\t\t\t\t<\/div>\n\t\t\t\t<\/div>\n\t\t\t\t<div class=\"elementor-element elementor-element-d796dac elementor-widget elementor-widget-text-editor\" data-id=\"d796dac\" data-element_type=\"widget\" data-e-type=\"widget\" data-widget_type=\"text-editor.default\">\n\t\t\t\t<div class=\"elementor-widget-container\">\n\t\t\t\t\t\t\t\t\t<p>La imatge a\u00e8ria (del <a href=\"http:\/\/sit.usc.es\/es\/modelizacion-tridimensional-de-la-fortaleza-de-pambre-palas-de-rei-medicion-avanzada-con\" target=\"_blank\" rel=\"noopener\">Laboratorio do Territorio<\/a> (LaboraTe))\u00a0dona una idea de conjunt i mostra el seu estat en 2012.<\/p><p>En aquesta imatge es mostra clarament els elements fonamentals que constitueixen la fortificaci\u00f3 i que es detallen a continuaci\u00f3.<\/p>\t\t\t\t\t\t\t\t<\/div>\n\t\t\t\t<\/div>\n\t\t\t\t<div class=\"elementor-element elementor-element-b02f841 elementor-widget elementor-widget-image\" data-id=\"b02f841\" data-element_type=\"widget\" data-e-type=\"widget\" data-widget_type=\"image.default\">\n\t\t\t\t<div class=\"elementor-widget-container\">\n\t\t\t\t\t\t\t\t\t\t\t\t<figure class=\"wp-caption\">\n\t\t\t\t\t\t\t\t\t\t<img loading=\"lazy\" decoding=\"async\" width=\"768\" height=\"512\" src=\"https:\/\/www.elturistatranquil.com\/wp-content\/uploads\/F05-Castelo-de-Pambre-Lugo-Megaconstrucciones.jpg\" class=\"attachment-large size-large wp-image-33413\" alt=\"Castelo de Pambre, Lugo\" srcset=\"https:\/\/www.elturistatranquil.com\/wp-content\/uploads\/F05-Castelo-de-Pambre-Lugo-Megaconstrucciones.jpg 768w, https:\/\/www.elturistatranquil.com\/wp-content\/uploads\/F05-Castelo-de-Pambre-Lugo-Megaconstrucciones-339x226.jpg 339w\" sizes=\"(max-width: 768px) 100vw, 768px\" \/>\t\t\t\t\t\t\t\t\t\t\t<figcaption class=\"widget-image-caption wp-caption-text\"><\/figcaption>\n\t\t\t\t\t\t\t\t\t\t<\/figure>\n\t\t\t\t\t\t\t\t\t<\/div>\n\t\t\t\t<\/div>\n\t\t\t\t<div class=\"elementor-element elementor-element-a460415 elementor-widget elementor-widget-text-editor\" data-id=\"a460415\" data-element_type=\"widget\" data-e-type=\"widget\" data-widget_type=\"text-editor.default\">\n\t\t\t\t<div class=\"elementor-widget-container\">\n\t\t\t\t\t\t\t\t\t<p>Els elements destacats que componen el castell de Pambre es desglossen en: 1. muralla (mur exterior); 2. fossat; 3. portada d&#8217;entrada; 4. pati d&#8217;armes; 5. fortalesa interior; 6. torres; 7. acc\u00e9s a la fortalesa interior; 8. torre de l&#8217;Homenatge; 9. esgl\u00e9sia de San Pedro; 10. h\u00f3rreo; 11. resid\u00e8ncia dels propietaris i 12. poterna.<\/p>\t\t\t\t\t\t\t\t<\/div>\n\t\t\t\t<\/div>\n\t\t\t\t<div class=\"elementor-element elementor-element-6529b06 elementor-widget elementor-widget-image\" data-id=\"6529b06\" data-element_type=\"widget\" data-e-type=\"widget\" data-widget_type=\"image.default\">\n\t\t\t\t<div class=\"elementor-widget-container\">\n\t\t\t\t\t\t\t\t\t\t\t\t<figure class=\"wp-caption\">\n\t\t\t\t\t\t\t\t\t\t<img loading=\"lazy\" decoding=\"async\" width=\"768\" height=\"510\" src=\"https:\/\/www.elturistatranquil.com\/wp-content\/uploads\/F06-Castelo-de-Pambre-Lugo.jpg\" class=\"attachment-large size-large wp-image-33415\" alt=\"Castelo de Pambre, Lugo\" srcset=\"https:\/\/www.elturistatranquil.com\/wp-content\/uploads\/F06-Castelo-de-Pambre-Lugo.jpg 768w, https:\/\/www.elturistatranquil.com\/wp-content\/uploads\/F06-Castelo-de-Pambre-Lugo-339x226.jpg 339w\" sizes=\"(max-width: 768px) 100vw, 768px\" \/>\t\t\t\t\t\t\t\t\t\t\t<figcaption class=\"widget-image-caption wp-caption-text\"><\/figcaption>\n\t\t\t\t\t\t\t\t\t\t<\/figure>\n\t\t\t\t\t\t\t\t\t<\/div>\n\t\t\t\t<\/div>\n\t\t\t\t<div class=\"elementor-element elementor-element-a56064a elementor-widget elementor-widget-text-editor\" data-id=\"a56064a\" data-element_type=\"widget\" data-e-type=\"widget\" data-widget_type=\"text-editor.default\">\n\t\t\t\t<div class=\"elementor-widget-container\">\n\t\t\t\t\t\t\t\t\t<p>El proc\u00e9s de construcci\u00f3 es va iniciar per la torre principal, o de l&#8217;homenatge (<strong>8<\/strong>). A continuaci\u00f3, es va edificar el recinte fortificat interior (<strong>5<\/strong>) envoltant la torre principal. Finalment, es va al\u00e7ar una barrera d&#8217;artilleria exterior (<strong>1<\/strong>), aix\u00ed com el condicionament palat\u00ed.<\/p><p>Tal com apareix als nostres ulls, el castell de Pambre el veiem format per un recinte emmurallat, amb una fortalesa interior, i una torre de l&#8217;Homenatge que s&#8217;al\u00e7a en el centre.<\/p><p>Aquesta es la perspectiva des del flanc sud.<\/p>\t\t\t\t\t\t\t\t<\/div>\n\t\t\t\t<\/div>\n\t\t\t\t<div class=\"elementor-element elementor-element-9845d8d elementor-widget elementor-widget-image\" data-id=\"9845d8d\" data-element_type=\"widget\" data-e-type=\"widget\" data-widget_type=\"image.default\">\n\t\t\t\t<div class=\"elementor-widget-container\">\n\t\t\t\t\t\t\t\t\t\t\t\t<figure class=\"wp-caption\">\n\t\t\t\t\t\t\t\t\t\t<img loading=\"lazy\" decoding=\"async\" width=\"768\" height=\"512\" src=\"https:\/\/www.elturistatranquil.com\/wp-content\/uploads\/F07-Castelo-de-Pambre-Lugo.jpg\" class=\"attachment-large size-large wp-image-33417\" alt=\"Castelo de Pambre, Lugo\" srcset=\"https:\/\/www.elturistatranquil.com\/wp-content\/uploads\/F07-Castelo-de-Pambre-Lugo.jpg 768w, https:\/\/www.elturistatranquil.com\/wp-content\/uploads\/F07-Castelo-de-Pambre-Lugo-339x226.jpg 339w\" sizes=\"(max-width: 768px) 100vw, 768px\" \/>\t\t\t\t\t\t\t\t\t\t\t<figcaption class=\"widget-image-caption wp-caption-text\"><\/figcaption>\n\t\t\t\t\t\t\t\t\t\t<\/figure>\n\t\t\t\t\t\t\t\t\t<\/div>\n\t\t\t\t<\/div>\n\t\t\t\t<div class=\"elementor-element elementor-element-520e5d1 elementor-widget elementor-widget-text-editor\" data-id=\"520e5d1\" data-element_type=\"widget\" data-e-type=\"widget\" data-widget_type=\"text-editor.default\">\n\t\t\t\t<div class=\"elementor-widget-container\">\n\t\t\t\t\t\t\t\t\t<p>Perspectiva des del flanc de ponent.<\/p>\t\t\t\t\t\t\t\t<\/div>\n\t\t\t\t<\/div>\n\t\t\t\t<div class=\"elementor-element elementor-element-f33a3a1 elementor-widget elementor-widget-image\" data-id=\"f33a3a1\" data-element_type=\"widget\" data-e-type=\"widget\" data-widget_type=\"image.default\">\n\t\t\t\t<div class=\"elementor-widget-container\">\n\t\t\t\t\t\t\t\t\t\t\t\t<figure class=\"wp-caption\">\n\t\t\t\t\t\t\t\t\t\t<img loading=\"lazy\" decoding=\"async\" width=\"768\" height=\"512\" src=\"https:\/\/www.elturistatranquil.com\/wp-content\/uploads\/F08-Castelo-de-Pambre-Lugo.jpg\" class=\"attachment-large size-large wp-image-33419\" alt=\"Castelo de Pambre, Lugo\" srcset=\"https:\/\/www.elturistatranquil.com\/wp-content\/uploads\/F08-Castelo-de-Pambre-Lugo.jpg 768w, https:\/\/www.elturistatranquil.com\/wp-content\/uploads\/F08-Castelo-de-Pambre-Lugo-339x226.jpg 339w\" sizes=\"(max-width: 768px) 100vw, 768px\" \/>\t\t\t\t\t\t\t\t\t\t\t<figcaption class=\"widget-image-caption wp-caption-text\"><\/figcaption>\n\t\t\t\t\t\t\t\t\t\t<\/figure>\n\t\t\t\t\t\t\t\t\t<\/div>\n\t\t\t\t<\/div>\n\t\t\t\t<div class=\"elementor-element elementor-element-a7e3a07 elementor-widget elementor-widget-text-editor\" data-id=\"a7e3a07\" data-element_type=\"widget\" data-e-type=\"widget\" data-widget_type=\"text-editor.default\">\n\t\t\t\t<div class=\"elementor-widget-container\">\n\t\t\t\t\t\t\t\t\t<p>El mur defensiu exterior \u00e9s una barrera d&#8217;artilleria, t\u00e9 planta de forma quadrangular irregular, adaptada a la morfologia del terreny, de cadirat llaurat.<\/p><p>Aquesta muralla exterior mostra un gruix de 2 a 2,5 metres, arribant als 5 metres a la zona de la porta. La porta d&#8217;acc\u00e9s (<strong>3<\/strong>) \u00e9s d&#8217;arc de mig punt, amb escut d&#8217;armes de la fam\u00edlia Ulloa.<\/p><p>Aquesta porta havia d&#8217;estar protegida per un fossat (<strong>2<\/strong>) (ara reblit) i, probablement, amb un pont llevad\u00eds.<\/p>\t\t\t\t\t\t\t\t<\/div>\n\t\t\t\t<\/div>\n\t\t\t\t<div class=\"elementor-element elementor-element-76de961 elementor-widget elementor-widget-image\" data-id=\"76de961\" data-element_type=\"widget\" data-e-type=\"widget\" data-widget_type=\"image.default\">\n\t\t\t\t<div class=\"elementor-widget-container\">\n\t\t\t\t\t\t\t\t\t\t\t\t<figure class=\"wp-caption\">\n\t\t\t\t\t\t\t\t\t\t<img loading=\"lazy\" decoding=\"async\" width=\"768\" height=\"512\" src=\"https:\/\/www.elturistatranquil.com\/wp-content\/uploads\/F09-Castelo-de-Pambre-Lugo.jpg\" class=\"attachment-large size-large wp-image-33421\" alt=\"Castelo de Pambre, Lugo\" srcset=\"https:\/\/www.elturistatranquil.com\/wp-content\/uploads\/F09-Castelo-de-Pambre-Lugo.jpg 768w, https:\/\/www.elturistatranquil.com\/wp-content\/uploads\/F09-Castelo-de-Pambre-Lugo-339x226.jpg 339w\" sizes=\"(max-width: 768px) 100vw, 768px\" \/>\t\t\t\t\t\t\t\t\t\t\t<figcaption class=\"widget-image-caption wp-caption-text\"><\/figcaption>\n\t\t\t\t\t\t\t\t\t\t<\/figure>\n\t\t\t\t\t\t\t\t\t<\/div>\n\t\t\t\t<\/div>\n\t\t\t\t<div class=\"elementor-element elementor-element-fb10e2a elementor-widget elementor-widget-image\" data-id=\"fb10e2a\" data-element_type=\"widget\" data-e-type=\"widget\" data-widget_type=\"image.default\">\n\t\t\t\t<div class=\"elementor-widget-container\">\n\t\t\t\t\t\t\t\t\t\t\t\t<figure class=\"wp-caption\">\n\t\t\t\t\t\t\t\t\t\t<img loading=\"lazy\" decoding=\"async\" width=\"768\" height=\"512\" src=\"https:\/\/www.elturistatranquil.com\/wp-content\/uploads\/F10-Castelo-de-Pambre-Lugo.jpg\" class=\"attachment-large size-large wp-image-33423\" alt=\"Castelo de Pambre, Lugo\" srcset=\"https:\/\/www.elturistatranquil.com\/wp-content\/uploads\/F10-Castelo-de-Pambre-Lugo.jpg 768w, https:\/\/www.elturistatranquil.com\/wp-content\/uploads\/F10-Castelo-de-Pambre-Lugo-339x226.jpg 339w\" sizes=\"(max-width: 768px) 100vw, 768px\" \/>\t\t\t\t\t\t\t\t\t\t\t<figcaption class=\"widget-image-caption wp-caption-text\"><\/figcaption>\n\t\t\t\t\t\t\t\t\t\t<\/figure>\n\t\t\t\t\t\t\t\t\t<\/div>\n\t\t\t\t<\/div>\n\t\t\t\t<div class=\"elementor-element elementor-element-9c94913 elementor-widget elementor-widget-text-editor\" data-id=\"9c94913\" data-element_type=\"widget\" data-e-type=\"widget\" data-widget_type=\"text-editor.default\">\n\t\t\t\t<div class=\"elementor-widget-container\">\n\t\t\t\t\t\t\t\t\t<p>El car\u00e0cter defensiu artiller de la muralla s&#8217;aprecia en les troneres que se succeeixen en el mur.<\/p>\t\t\t\t\t\t\t\t<\/div>\n\t\t\t\t<\/div>\n\t\t\t\t<div class=\"elementor-element elementor-element-b76d2e2 elementor-widget elementor-widget-image\" data-id=\"b76d2e2\" data-element_type=\"widget\" data-e-type=\"widget\" data-widget_type=\"image.default\">\n\t\t\t\t<div class=\"elementor-widget-container\">\n\t\t\t\t\t\t\t\t\t\t\t\t<figure class=\"wp-caption\">\n\t\t\t\t\t\t\t\t\t\t<img loading=\"lazy\" decoding=\"async\" width=\"768\" height=\"512\" src=\"https:\/\/www.elturistatranquil.com\/wp-content\/uploads\/F11-Castelo-de-Pambre-Lugo.jpg\" class=\"attachment-large size-large wp-image-33425\" alt=\"Castelo de Pambre, Lugo\" srcset=\"https:\/\/www.elturistatranquil.com\/wp-content\/uploads\/F11-Castelo-de-Pambre-Lugo.jpg 768w, https:\/\/www.elturistatranquil.com\/wp-content\/uploads\/F11-Castelo-de-Pambre-Lugo-339x226.jpg 339w\" sizes=\"(max-width: 768px) 100vw, 768px\" \/>\t\t\t\t\t\t\t\t\t\t\t<figcaption class=\"widget-image-caption wp-caption-text\"><\/figcaption>\n\t\t\t\t\t\t\t\t\t\t<\/figure>\n\t\t\t\t\t\t\t\t\t<\/div>\n\t\t\t\t<\/div>\n\t\t\t\t<div class=\"elementor-element elementor-element-8ee3a83 elementor-widget elementor-widget-text-editor\" data-id=\"8ee3a83\" data-element_type=\"widget\" data-e-type=\"widget\" data-widget_type=\"text-editor.default\">\n\t\t\t\t<div class=\"elementor-widget-container\">\n\t\t\t\t\t\t\t\t\t<p>En la torrassa de l&#8217;extrem nord-est s&#8217;obre una poterna (<strong>12<\/strong>).<\/p><p>Passada la portada s&#8217;entra al pati d&#8217;armes (<strong>4<\/strong>).<\/p><p>A la dreta de l&#8217;entrada hi ha l&#8217;esgl\u00e9sia parroquial de San Pedro (<strong>9<\/strong>), constru\u00efda a la fi de segle XII, amb anterioritat a l&#8217;edificaci\u00f3 del Castell. D&#8217;una sola nau i absis rectangular. Des de l&#8217;exterior, la coberta de l&#8217;esgl\u00e9sia \u00e9s visible des del costat de llevant.<\/p><p>Al seu costat se situa un h\u00f3rreo (<strong>10<\/strong>) necessari en la seva etapa de funci\u00f3 agr\u00edcola.<\/p><p>Adossat al mur occidental es va construir en \u00e8poca contempor\u00e0nia la resid\u00e8ncia dels propietaris (<strong>11<\/strong>), al fons a l&#8217;esquerra en la fotografia.<\/p>\t\t\t\t\t\t\t\t<\/div>\n\t\t\t\t<\/div>\n\t\t\t\t<div class=\"elementor-element elementor-element-7b393df elementor-widget elementor-widget-image\" data-id=\"7b393df\" data-element_type=\"widget\" data-e-type=\"widget\" data-widget_type=\"image.default\">\n\t\t\t\t<div class=\"elementor-widget-container\">\n\t\t\t\t\t\t\t\t\t\t\t\t<figure class=\"wp-caption\">\n\t\t\t\t\t\t\t\t\t\t<img loading=\"lazy\" decoding=\"async\" width=\"768\" height=\"513\" src=\"https:\/\/www.elturistatranquil.com\/wp-content\/uploads\/F12-Castelo-de-Pambre-Lugo.jpg\" class=\"attachment-large size-large wp-image-33427\" alt=\"Castelo de Pambre, Lugo\" srcset=\"https:\/\/www.elturistatranquil.com\/wp-content\/uploads\/F12-Castelo-de-Pambre-Lugo.jpg 768w, https:\/\/www.elturistatranquil.com\/wp-content\/uploads\/F12-Castelo-de-Pambre-Lugo-339x226.jpg 339w\" sizes=\"(max-width: 768px) 100vw, 768px\" \/>\t\t\t\t\t\t\t\t\t\t\t<figcaption class=\"widget-image-caption wp-caption-text\"><\/figcaption>\n\t\t\t\t\t\t\t\t\t\t<\/figure>\n\t\t\t\t\t\t\t\t\t<\/div>\n\t\t\t\t<\/div>\n\t\t\t\t<div class=\"elementor-element elementor-element-383700a elementor-widget elementor-widget-text-editor\" data-id=\"383700a\" data-element_type=\"widget\" data-e-type=\"widget\" data-widget_type=\"text-editor.default\">\n\t\t\t\t<div class=\"elementor-widget-container\">\n\t\t\t\t\t\t\t\t\t<p>El recinte fortificat interior (<strong>5<\/strong>) envolta la torre principal (<strong>8<\/strong>), en posici\u00f3 m\u00e9s propera a la cara nord. De planta quasi quadrada, amb murs de 13 metres d&#8217;altura, i quatre torres cantoneres (<strong>6<\/strong>) d&#8217;uns 18 metres.<\/p><p>La torre principal, primer element constru\u00eft (<strong>8<\/strong>), est\u00e0 situada a la part central del recinte actualment visible. De planta quadrada de 11 metres de costat per 25 metres d&#8217;altura, amb tres plantes i un soterrani. Els seus murs s\u00f3n de carreus de gran\u00edt de fins a 3 metres de gruix. A prop del castell es troba una pedrera de granit.<\/p>\t\t\t\t\t\t\t\t<\/div>\n\t\t\t\t<\/div>\n\t\t\t\t<div class=\"elementor-element elementor-element-3db1cee elementor-widget elementor-widget-image\" data-id=\"3db1cee\" data-element_type=\"widget\" data-e-type=\"widget\" data-widget_type=\"image.default\">\n\t\t\t\t<div class=\"elementor-widget-container\">\n\t\t\t\t\t\t\t\t\t\t\t\t<figure class=\"wp-caption\">\n\t\t\t\t\t\t\t\t\t\t<img loading=\"lazy\" decoding=\"async\" width=\"768\" height=\"511\" src=\"https:\/\/www.elturistatranquil.com\/wp-content\/uploads\/F13-Castelo-de-Pambre-Lugo.jpg\" class=\"attachment-large size-large wp-image-33429\" alt=\"Castelo de Pambre, Lugo\" srcset=\"https:\/\/www.elturistatranquil.com\/wp-content\/uploads\/F13-Castelo-de-Pambre-Lugo.jpg 768w, https:\/\/www.elturistatranquil.com\/wp-content\/uploads\/F13-Castelo-de-Pambre-Lugo-339x226.jpg 339w\" sizes=\"(max-width: 768px) 100vw, 768px\" \/>\t\t\t\t\t\t\t\t\t\t\t<figcaption class=\"widget-image-caption wp-caption-text\"><\/figcaption>\n\t\t\t\t\t\t\t\t\t\t<\/figure>\n\t\t\t\t\t\t\t\t\t<\/div>\n\t\t\t\t<\/div>\n\t\t\t\t<div class=\"elementor-element elementor-element-b8b3b3c elementor-widget elementor-widget-text-editor\" data-id=\"b8b3b3c\" data-element_type=\"widget\" data-e-type=\"widget\" data-widget_type=\"text-editor.default\">\n\t\t\t\t<div class=\"elementor-widget-container\">\n\t\t\t\t\t\t\t\t\t<p>La porta (<strong>7<\/strong>) est\u00e0 orientada a l&#8217;est, amb les mateixes armes dels Ulloa.<\/p><p>Totes les torres estan emmerletades sobre una lleixa amb merlets punxeguts o triangulars, l&#8217;interior s&#8217;il\u00b7lumina a trav\u00e9s de petits finestrals amb sobreeixidor interior i arc rebaixat.<\/p>\t\t\t\t\t\t\t\t<\/div>\n\t\t\t\t<\/div>\n\t\t\t\t<div class=\"elementor-element elementor-element-a7992fa elementor-widget elementor-widget-image\" data-id=\"a7992fa\" data-element_type=\"widget\" data-e-type=\"widget\" data-widget_type=\"image.default\">\n\t\t\t\t<div class=\"elementor-widget-container\">\n\t\t\t\t\t\t\t\t\t\t\t\t<figure class=\"wp-caption\">\n\t\t\t\t\t\t\t\t\t\t<img loading=\"lazy\" decoding=\"async\" width=\"768\" height=\"512\" src=\"https:\/\/www.elturistatranquil.com\/wp-content\/uploads\/F14-Castelo-de-Pambre-Lugo.jpg\" class=\"attachment-large size-large wp-image-33431\" alt=\"Castelo de Pambre, Lugo\" srcset=\"https:\/\/www.elturistatranquil.com\/wp-content\/uploads\/F14-Castelo-de-Pambre-Lugo.jpg 768w, https:\/\/www.elturistatranquil.com\/wp-content\/uploads\/F14-Castelo-de-Pambre-Lugo-339x226.jpg 339w\" sizes=\"(max-width: 768px) 100vw, 768px\" \/>\t\t\t\t\t\t\t\t\t\t\t<figcaption class=\"widget-image-caption wp-caption-text\"><\/figcaption>\n\t\t\t\t\t\t\t\t\t\t<\/figure>\n\t\t\t\t\t\t\t\t\t<\/div>\n\t\t\t\t<\/div>\n\t\t\t\t<div class=\"elementor-element elementor-element-578f952 elementor-widget elementor-widget-text-editor\" data-id=\"578f952\" data-element_type=\"widget\" data-e-type=\"widget\" data-widget_type=\"text-editor.default\">\n\t\t\t\t<div class=\"elementor-widget-container\">\n\t\t\t\t\t\t\t\t\t<p>El flanc de llevant ofereix una imatge imponent del castell de Pambre, amb l&#8217;adaptaci\u00f3 de la muralla a l&#8217;orografia del terreny.<\/p>\t\t\t\t\t\t\t\t<\/div>\n\t\t\t\t<\/div>\n\t\t\t\t<div class=\"elementor-element elementor-element-b9ebf82 elementor-widget elementor-widget-menu-anchor\" data-id=\"b9ebf82\" data-element_type=\"widget\" data-e-type=\"widget\" data-widget_type=\"menu-anchor.default\">\n\t\t\t\t<div class=\"elementor-widget-container\">\n\t\t\t\t\t\t\t<div class=\"elementor-menu-anchor\" id=\"b5104\"><\/div>\n\t\t\t\t\t\t<\/div>\n\t\t\t\t<\/div>\n\t\t\t\t<div class=\"elementor-element elementor-element-0e3cdf9 elementor-widget elementor-widget-image\" data-id=\"0e3cdf9\" data-element_type=\"widget\" data-e-type=\"widget\" data-widget_type=\"image.default\">\n\t\t\t\t<div class=\"elementor-widget-container\">\n\t\t\t\t\t\t\t\t\t\t\t\t<figure class=\"wp-caption\">\n\t\t\t\t\t\t\t\t\t\t<img loading=\"lazy\" decoding=\"async\" width=\"768\" height=\"512\" src=\"https:\/\/www.elturistatranquil.com\/wp-content\/uploads\/F15-Castelo-de-Pambre-Lugo.jpg\" class=\"attachment-large size-large wp-image-33433\" alt=\"Castelo de Pambre, Lugo\" srcset=\"https:\/\/www.elturistatranquil.com\/wp-content\/uploads\/F15-Castelo-de-Pambre-Lugo.jpg 768w, https:\/\/www.elturistatranquil.com\/wp-content\/uploads\/F15-Castelo-de-Pambre-Lugo-339x226.jpg 339w\" sizes=\"(max-width: 768px) 100vw, 768px\" \/>\t\t\t\t\t\t\t\t\t\t\t<figcaption class=\"widget-image-caption wp-caption-text\"><\/figcaption>\n\t\t\t\t\t\t\t\t\t\t<\/figure>\n\t\t\t\t\t\t\t\t\t<\/div>\n\t\t\t\t<\/div>\n\t\t\t\t<div class=\"elementor-element elementor-element-34a168c elementor-widget elementor-widget-heading\" data-id=\"34a168c\" data-element_type=\"widget\" data-e-type=\"widget\" data-widget_type=\"heading.default\">\n\t\t\t\t<div class=\"elementor-widget-container\">\n\t\t\t\t\t<h2 class=\"elementor-heading-title elementor-size-default\">Fi de la visita<\/h2>\t\t\t\t<\/div>\n\t\t\t\t<\/div>\n\t\t\t\t<div class=\"elementor-element elementor-element-5564a0d elementor-widget elementor-widget-menu-anchor\" data-id=\"5564a0d\" data-element_type=\"widget\" data-e-type=\"widget\" data-widget_type=\"menu-anchor.default\">\n\t\t\t\t<div class=\"elementor-widget-container\">\n\t\t\t\t\t\t\t<div class=\"elementor-menu-anchor\" id=\"b5105\"><\/div>\n\t\t\t\t\t\t<\/div>\n\t\t\t\t<\/div>\n\t\t\t\t<div class=\"elementor-element elementor-element-f2796ad elementor-widget elementor-widget-text-editor\" data-id=\"f2796ad\" data-element_type=\"widget\" data-e-type=\"widget\" data-widget_type=\"text-editor.default\">\n\t\t\t\t<div class=\"elementor-widget-container\">\n\t\t\t\t\t\t\t\t\t<p>Tot i que el cam\u00ed per arribar al <strong>Castelo<\/strong> des de Ulloa\/Sambreixo \u00e9s estret i sense asfaltar, la bellesa del recorregut seguint la llera del riu Pambre, i l&#8217;aparici\u00f3 final del trajecte, de l\u2019edifici del castell, val la pena l&#8217;esfor\u00e7 per aquests paisatges solitaris.<\/p><p>A m\u00e9s, ara hi ha l&#8217;atractiu de poder visitar-lo.<\/p>\t\t\t\t\t\t\t\t<\/div>\n\t\t\t\t<\/div>\n\t\t\t\t<div class=\"elementor-element elementor-element-1b5752f elementor-widget elementor-widget-heading\" data-id=\"1b5752f\" data-element_type=\"widget\" data-e-type=\"widget\" data-widget_type=\"heading.default\">\n\t\t\t\t<div class=\"elementor-widget-container\">\n\t\t\t\t\t<h2 class=\"elementor-heading-title elementor-size-default\">Bases d\u2019informaci\u00f3<\/h2>\t\t\t\t<\/div>\n\t\t\t\t<\/div>\n\t\t\t\t<div class=\"elementor-element elementor-element-4c354722 elementor-widget elementor-widget-text-editor\" data-id=\"4c354722\" data-element_type=\"widget\" data-e-type=\"widget\" data-widget_type=\"text-editor.default\">\n\t\t\t\t<div class=\"elementor-widget-container\">\n\t\t\t\t\t\t\t\t\t<p><strong>Webs<\/strong><\/p><p><a href=\"http:\/\/www.concellopalasderei.es\/node\/95\" target=\"_blank\" rel=\"noopener\">concello<\/a><\/p><p><a href=\"https:\/\/es.wikipedia.org\/wiki\/Castillo_de_Pambre\" target=\"_blank\" rel=\"noopener\">wikipedia<\/a><\/p><p><a href=\"https:\/\/www.turismo.gal\/recurso\/-\/detalle\/7186\/castelo-de-pambre?langId=es_ES&amp;tp=9&amp;ctre=40\" target=\"_blank\" rel=\"noopener\">turismogalicia<\/a><\/p><p><a href=\"http:\/\/turismo.deputacionlugo.gal\/es\/conece\/lugoinedito\/castelopambre\" target=\"_blank\" rel=\"noopener\">turismodiputaciondelugo<\/a><\/p><p><a href=\"https:\/\/megaconstrucciones.net\/?construccion=castillo-pambre\" target=\"_blank\" rel=\"noopener\">megaconstrucciones<\/a><\/p><p><a href=\"https:\/\/vivecamino.com\/palas-de-rei\/castillo-de-pambre-3260\/\" target=\"_blank\" rel=\"noopener\">vivecamino<\/a><\/p><p><a href=\"http:\/\/patrimoniogalego.net\/index.php\/4934\/2011\/09\/castelo-de-pambre-3\/\" target=\"_blank\" rel=\"noopener\">patrimoniogalego<\/a><\/p><p><a href=\"https:\/\/www.galiciamaxica.eu\/galicia\/lugo\/comarca-da-ulloa\/palas-de-rei\/castillopambre-2\/\" target=\"_blank\" rel=\"noopener\">galiciamaxica<\/a><\/p><p><a href=\"https:\/\/www.arteguias.com\/castilloslugo.htm\" target=\"_blank\" rel=\"noopener\">arteguias<\/a><\/p><p><strong>Web academic<\/strong><\/p><p><strong>\u00a0<\/strong><\/p><p>Jorge Rouco Collazo. <a href=\"https:\/\/hcommons.org\/deposits\/download\/hc:26294\/CONTENT\/las_funciones_de_una_fortaleza_bajomedie.pdf\/\" target=\"_blank\" rel=\"noopener\"><em>Las funciones de una fortaleza bajomedieval: el caso de Pambre<\/em><\/a><\/p><p>UNESCO. <a href=\"https:\/\/whc.unesco.org\/uploads\/nominations\/669bis.pdf\" target=\"_blank\" rel=\"noopener\"><em>Chemins de Saint-Jacques du nord de l\u2019Espagne. Candidature d\u2019inscription sur la liste du Patrimoine Mondial. Proposition d\u2019extension de l\u2019inscription du chemin de Saint-Jacques<\/em> (2015)<\/a><\/p>\t\t\t\t\t\t\t\t<\/div>\n\t\t\t\t<\/div>\n\t\t\t\t\t<\/div>\n\t\t<\/div>\n\t\t\t\t\t<\/div>\n\t\t<\/section>\n\t\t\t\t<\/div>\n\t\t","protected":false},"excerpt":{"rendered":"<p>El castelo de Pambre, a la comarca d&#8217;Ulloa (Lugo) ofereix la pres\u00e8ncia d&#8217;un castell senyorial de segle XIV, amb una estructura completa en proc\u00e9s de rehabilitaci\u00f3, i en un entorn &#8230; <a title=\"Castelo de Pambre (Lugo)\" class=\"read-more\" href=\"https:\/\/www.elturistatranquil.com\/ca\/castelo-de-pambre-lugo\/\" aria-label=\"M\u00e9s informaci\u00f3 sobre Castelo de Pambre (Lugo)\">[ &#8230; ]<\/a><\/p>\n","protected":false},"author":1,"featured_media":33397,"comment_status":"open","ping_status":"closed","sticky":false,"template":"","format":"standard","meta":{"footnotes":""},"categories":[75,145,80,82,83,87,171,95],"tags":[],"class_list":["post-33438","post","type-post","status-publish","format-standard","has-post-thumbnail","hentry","category-castells","category-edat-mitjana","category-el-cami-de-sant-jaume","category-gotic","category-historia-ca","category-joies-al-territori","category-lugo-ca","category-paisatge","infinite-scroll-item","generate-columns","tablet-grid-50","mobile-grid-100","grid-parent","grid-50","no-featured-image-padding"],"yoast_head":"<!-- This site is optimized with the Yoast SEO plugin v27.4 - https:\/\/yoast.com\/product\/yoast-seo-wordpress\/ -->\n<title>Castelo de Pambre (Lugo) - El turista tranquil<\/title>\n<meta name=\"description\" content=\"El castelo de Pambre, a la comarca d&#039;Ulloa (Lugo) ofereix la pres\u00e8ncia d&#039;un castell senyorial de segle XIV, amb una estructura completa en proc\u00e9s de rehabilitaci\u00f3, i en un entorn paisatg\u00edstic espl\u00e8ndid.\" \/>\n<meta name=\"robots\" content=\"index, follow, max-snippet:-1, max-image-preview:large, max-video-preview:-1\" \/>\n<link rel=\"canonical\" href=\"https:\/\/www.elturistatranquil.com\/ca\/castelo-de-pambre-lugo\/\" \/>\n<meta property=\"og:locale\" content=\"ca_ES\" \/>\n<meta property=\"og:type\" content=\"article\" \/>\n<meta property=\"og:title\" content=\"Castelo de Pambre (Lugo) - El turista tranquil\" \/>\n<meta property=\"og:description\" content=\"El castelo de Pambre, a la comarca d&#039;Ulloa (Lugo) ofereix la pres\u00e8ncia d&#039;un castell senyorial de segle XIV, amb una estructura completa en proc\u00e9s de rehabilitaci\u00f3, i en un entorn paisatg\u00edstic espl\u00e8ndid.\" \/>\n<meta property=\"og:url\" content=\"https:\/\/www.elturistatranquil.com\/ca\/castelo-de-pambre-lugo\/\" \/>\n<meta property=\"og:site_name\" content=\"El turista tranquil\" \/>\n<meta property=\"article:publisher\" content=\"https:\/\/www.facebook.com\/elturistatranquilo\/\" \/>\n<meta property=\"article:published_time\" content=\"2020-12-26T08:51:01+00:00\" \/>\n<meta property=\"article:modified_time\" content=\"2020-12-26T09:39:50+00:00\" \/>\n<meta property=\"og:image\" content=\"https:\/\/www.elturistatranquil.com\/wp-content\/uploads\/F15-Castele-de-Pambre-Lugo.jpg\" \/>\n\t<meta property=\"og:image:width\" content=\"768\" \/>\n\t<meta property=\"og:image:height\" content=\"512\" \/>\n\t<meta property=\"og:image:type\" content=\"image\/jpeg\" \/>\n<meta name=\"author\" content=\"admin\" \/>\n<meta name=\"twitter:card\" content=\"summary_large_image\" \/>\n<meta name=\"twitter:label1\" content=\"Escrit per\" \/>\n\t<meta name=\"twitter:data1\" content=\"admin\" \/>\n\t<meta name=\"twitter:label2\" content=\"Temps estimat de lectura\" \/>\n\t<meta name=\"twitter:data2\" content=\"7 minuts\" \/>\n<script type=\"application\/ld+json\" class=\"yoast-schema-graph\">{\"@context\":\"https:\\\/\\\/schema.org\",\"@graph\":[{\"@type\":\"Article\",\"@id\":\"https:\\\/\\\/www.elturistatranquil.com\\\/ca\\\/castelo-de-pambre-lugo\\\/#article\",\"isPartOf\":{\"@id\":\"https:\\\/\\\/www.elturistatranquil.com\\\/ca\\\/castelo-de-pambre-lugo\\\/\"},\"author\":{\"name\":\"admin\",\"@id\":\"https:\\\/\\\/www.elturistatranquil.com\\\/ca\\\/#\\\/schema\\\/person\\\/16f607c3079b96ed0c530a52e6b58bb5\"},\"headline\":\"Castelo de Pambre (Lugo)\",\"datePublished\":\"2020-12-26T08:51:01+00:00\",\"dateModified\":\"2020-12-26T09:39:50+00:00\",\"mainEntityOfPage\":{\"@id\":\"https:\\\/\\\/www.elturistatranquil.com\\\/ca\\\/castelo-de-pambre-lugo\\\/\"},\"wordCount\":1502,\"commentCount\":0,\"image\":{\"@id\":\"https:\\\/\\\/www.elturistatranquil.com\\\/ca\\\/castelo-de-pambre-lugo\\\/#primaryimage\"},\"thumbnailUrl\":\"https:\\\/\\\/www.elturistatranquil.com\\\/wp-content\\\/uploads\\\/F15-Castele-de-Pambre-Lugo.jpg\",\"articleSection\":[\"Castells, Muralles\",\"Edat mitjana\",\"El Cam\u00ed de Sant Jaume\",\"G\u00f2tic\",\"Hist\u00f2ria\",\"Joies al territori\",\"Lugo\",\"Paisatge\"],\"inLanguage\":\"ca\",\"potentialAction\":[{\"@type\":\"CommentAction\",\"name\":\"Comment\",\"target\":[\"https:\\\/\\\/www.elturistatranquil.com\\\/ca\\\/castelo-de-pambre-lugo\\\/#respond\"]}]},{\"@type\":\"WebPage\",\"@id\":\"https:\\\/\\\/www.elturistatranquil.com\\\/ca\\\/castelo-de-pambre-lugo\\\/\",\"url\":\"https:\\\/\\\/www.elturistatranquil.com\\\/ca\\\/castelo-de-pambre-lugo\\\/\",\"name\":\"Castelo de Pambre (Lugo) - El turista tranquil\",\"isPartOf\":{\"@id\":\"https:\\\/\\\/www.elturistatranquil.com\\\/ca\\\/#website\"},\"primaryImageOfPage\":{\"@id\":\"https:\\\/\\\/www.elturistatranquil.com\\\/ca\\\/castelo-de-pambre-lugo\\\/#primaryimage\"},\"image\":{\"@id\":\"https:\\\/\\\/www.elturistatranquil.com\\\/ca\\\/castelo-de-pambre-lugo\\\/#primaryimage\"},\"thumbnailUrl\":\"https:\\\/\\\/www.elturistatranquil.com\\\/wp-content\\\/uploads\\\/F15-Castele-de-Pambre-Lugo.jpg\",\"datePublished\":\"2020-12-26T08:51:01+00:00\",\"dateModified\":\"2020-12-26T09:39:50+00:00\",\"author\":{\"@id\":\"https:\\\/\\\/www.elturistatranquil.com\\\/ca\\\/#\\\/schema\\\/person\\\/16f607c3079b96ed0c530a52e6b58bb5\"},\"description\":\"El castelo de Pambre, a la comarca d'Ulloa (Lugo) ofereix la pres\u00e8ncia d'un castell senyorial de segle XIV, amb una estructura completa en proc\u00e9s de rehabilitaci\u00f3, i en un entorn paisatg\u00edstic espl\u00e8ndid.\",\"breadcrumb\":{\"@id\":\"https:\\\/\\\/www.elturistatranquil.com\\\/ca\\\/castelo-de-pambre-lugo\\\/#breadcrumb\"},\"inLanguage\":\"ca\",\"potentialAction\":[{\"@type\":\"ReadAction\",\"target\":[\"https:\\\/\\\/www.elturistatranquil.com\\\/ca\\\/castelo-de-pambre-lugo\\\/\"]}]},{\"@type\":\"ImageObject\",\"inLanguage\":\"ca\",\"@id\":\"https:\\\/\\\/www.elturistatranquil.com\\\/ca\\\/castelo-de-pambre-lugo\\\/#primaryimage\",\"url\":\"https:\\\/\\\/www.elturistatranquil.com\\\/wp-content\\\/uploads\\\/F15-Castele-de-Pambre-Lugo.jpg\",\"contentUrl\":\"https:\\\/\\\/www.elturistatranquil.com\\\/wp-content\\\/uploads\\\/F15-Castele-de-Pambre-Lugo.jpg\",\"width\":768,\"height\":512,\"caption\":\"Castelo de Pambre, Lugo\"},{\"@type\":\"BreadcrumbList\",\"@id\":\"https:\\\/\\\/www.elturistatranquil.com\\\/ca\\\/castelo-de-pambre-lugo\\\/#breadcrumb\",\"itemListElement\":[{\"@type\":\"ListItem\",\"position\":1,\"name\":\"Portada\",\"item\":\"https:\\\/\\\/www.elturistatranquil.com\\\/ca\\\/\"},{\"@type\":\"ListItem\",\"position\":2,\"name\":\"Castelo de Pambre (Lugo)\"}]},{\"@type\":\"WebSite\",\"@id\":\"https:\\\/\\\/www.elturistatranquil.com\\\/ca\\\/#website\",\"url\":\"https:\\\/\\\/www.elturistatranquil.com\\\/ca\\\/\",\"name\":\"El turista tranquil\",\"description\":\"Blog de viatges\",\"potentialAction\":[{\"@type\":\"SearchAction\",\"target\":{\"@type\":\"EntryPoint\",\"urlTemplate\":\"https:\\\/\\\/www.elturistatranquil.com\\\/ca\\\/?s={search_term_string}\"},\"query-input\":{\"@type\":\"PropertyValueSpecification\",\"valueRequired\":true,\"valueName\":\"search_term_string\"}}],\"inLanguage\":\"ca\"},{\"@type\":\"Person\",\"@id\":\"https:\\\/\\\/www.elturistatranquil.com\\\/ca\\\/#\\\/schema\\\/person\\\/16f607c3079b96ed0c530a52e6b58bb5\",\"name\":\"admin\",\"image\":{\"@type\":\"ImageObject\",\"inLanguage\":\"ca\",\"@id\":\"https:\\\/\\\/secure.gravatar.com\\\/avatar\\\/1fbaf22aee75fcbb29a2f97b107f95d25d3a19b7c3416105be10269872673e8d?s=96&d=mm&r=g\",\"url\":\"https:\\\/\\\/secure.gravatar.com\\\/avatar\\\/1fbaf22aee75fcbb29a2f97b107f95d25d3a19b7c3416105be10269872673e8d?s=96&d=mm&r=g\",\"contentUrl\":\"https:\\\/\\\/secure.gravatar.com\\\/avatar\\\/1fbaf22aee75fcbb29a2f97b107f95d25d3a19b7c3416105be10269872673e8d?s=96&d=mm&r=g\",\"caption\":\"admin\"}}]}<\/script>\n<!-- \/ Yoast SEO plugin. -->","yoast_head_json":{"title":"Castelo de Pambre (Lugo) - El turista tranquil","description":"El castelo de Pambre, a la comarca d'Ulloa (Lugo) ofereix la pres\u00e8ncia d'un castell senyorial de segle XIV, amb una estructura completa en proc\u00e9s de rehabilitaci\u00f3, i en un entorn paisatg\u00edstic espl\u00e8ndid.","robots":{"index":"index","follow":"follow","max-snippet":"max-snippet:-1","max-image-preview":"max-image-preview:large","max-video-preview":"max-video-preview:-1"},"canonical":"https:\/\/www.elturistatranquil.com\/ca\/castelo-de-pambre-lugo\/","og_locale":"ca_ES","og_type":"article","og_title":"Castelo de Pambre (Lugo) - El turista tranquil","og_description":"El castelo de Pambre, a la comarca d'Ulloa (Lugo) ofereix la pres\u00e8ncia d'un castell senyorial de segle XIV, amb una estructura completa en proc\u00e9s de rehabilitaci\u00f3, i en un entorn paisatg\u00edstic espl\u00e8ndid.","og_url":"https:\/\/www.elturistatranquil.com\/ca\/castelo-de-pambre-lugo\/","og_site_name":"El turista tranquil","article_publisher":"https:\/\/www.facebook.com\/elturistatranquilo\/","article_published_time":"2020-12-26T08:51:01+00:00","article_modified_time":"2020-12-26T09:39:50+00:00","og_image":[{"width":768,"height":512,"url":"https:\/\/www.elturistatranquil.com\/wp-content\/uploads\/F15-Castele-de-Pambre-Lugo.jpg","type":"image\/jpeg"}],"author":"admin","twitter_card":"summary_large_image","twitter_misc":{"Escrit per":"admin","Temps estimat de lectura":"7 minuts"},"schema":{"@context":"https:\/\/schema.org","@graph":[{"@type":"Article","@id":"https:\/\/www.elturistatranquil.com\/ca\/castelo-de-pambre-lugo\/#article","isPartOf":{"@id":"https:\/\/www.elturistatranquil.com\/ca\/castelo-de-pambre-lugo\/"},"author":{"name":"admin","@id":"https:\/\/www.elturistatranquil.com\/ca\/#\/schema\/person\/16f607c3079b96ed0c530a52e6b58bb5"},"headline":"Castelo de Pambre (Lugo)","datePublished":"2020-12-26T08:51:01+00:00","dateModified":"2020-12-26T09:39:50+00:00","mainEntityOfPage":{"@id":"https:\/\/www.elturistatranquil.com\/ca\/castelo-de-pambre-lugo\/"},"wordCount":1502,"commentCount":0,"image":{"@id":"https:\/\/www.elturistatranquil.com\/ca\/castelo-de-pambre-lugo\/#primaryimage"},"thumbnailUrl":"https:\/\/www.elturistatranquil.com\/wp-content\/uploads\/F15-Castele-de-Pambre-Lugo.jpg","articleSection":["Castells, Muralles","Edat mitjana","El Cam\u00ed de Sant Jaume","G\u00f2tic","Hist\u00f2ria","Joies al territori","Lugo","Paisatge"],"inLanguage":"ca","potentialAction":[{"@type":"CommentAction","name":"Comment","target":["https:\/\/www.elturistatranquil.com\/ca\/castelo-de-pambre-lugo\/#respond"]}]},{"@type":"WebPage","@id":"https:\/\/www.elturistatranquil.com\/ca\/castelo-de-pambre-lugo\/","url":"https:\/\/www.elturistatranquil.com\/ca\/castelo-de-pambre-lugo\/","name":"Castelo de Pambre (Lugo) - El turista tranquil","isPartOf":{"@id":"https:\/\/www.elturistatranquil.com\/ca\/#website"},"primaryImageOfPage":{"@id":"https:\/\/www.elturistatranquil.com\/ca\/castelo-de-pambre-lugo\/#primaryimage"},"image":{"@id":"https:\/\/www.elturistatranquil.com\/ca\/castelo-de-pambre-lugo\/#primaryimage"},"thumbnailUrl":"https:\/\/www.elturistatranquil.com\/wp-content\/uploads\/F15-Castele-de-Pambre-Lugo.jpg","datePublished":"2020-12-26T08:51:01+00:00","dateModified":"2020-12-26T09:39:50+00:00","author":{"@id":"https:\/\/www.elturistatranquil.com\/ca\/#\/schema\/person\/16f607c3079b96ed0c530a52e6b58bb5"},"description":"El castelo de Pambre, a la comarca d'Ulloa (Lugo) ofereix la pres\u00e8ncia d'un castell senyorial de segle XIV, amb una estructura completa en proc\u00e9s de rehabilitaci\u00f3, i en un entorn paisatg\u00edstic espl\u00e8ndid.","breadcrumb":{"@id":"https:\/\/www.elturistatranquil.com\/ca\/castelo-de-pambre-lugo\/#breadcrumb"},"inLanguage":"ca","potentialAction":[{"@type":"ReadAction","target":["https:\/\/www.elturistatranquil.com\/ca\/castelo-de-pambre-lugo\/"]}]},{"@type":"ImageObject","inLanguage":"ca","@id":"https:\/\/www.elturistatranquil.com\/ca\/castelo-de-pambre-lugo\/#primaryimage","url":"https:\/\/www.elturistatranquil.com\/wp-content\/uploads\/F15-Castele-de-Pambre-Lugo.jpg","contentUrl":"https:\/\/www.elturistatranquil.com\/wp-content\/uploads\/F15-Castele-de-Pambre-Lugo.jpg","width":768,"height":512,"caption":"Castelo de Pambre, Lugo"},{"@type":"BreadcrumbList","@id":"https:\/\/www.elturistatranquil.com\/ca\/castelo-de-pambre-lugo\/#breadcrumb","itemListElement":[{"@type":"ListItem","position":1,"name":"Portada","item":"https:\/\/www.elturistatranquil.com\/ca\/"},{"@type":"ListItem","position":2,"name":"Castelo de Pambre (Lugo)"}]},{"@type":"WebSite","@id":"https:\/\/www.elturistatranquil.com\/ca\/#website","url":"https:\/\/www.elturistatranquil.com\/ca\/","name":"El turista tranquil","description":"Blog de viatges","potentialAction":[{"@type":"SearchAction","target":{"@type":"EntryPoint","urlTemplate":"https:\/\/www.elturistatranquil.com\/ca\/?s={search_term_string}"},"query-input":{"@type":"PropertyValueSpecification","valueRequired":true,"valueName":"search_term_string"}}],"inLanguage":"ca"},{"@type":"Person","@id":"https:\/\/www.elturistatranquil.com\/ca\/#\/schema\/person\/16f607c3079b96ed0c530a52e6b58bb5","name":"admin","image":{"@type":"ImageObject","inLanguage":"ca","@id":"https:\/\/secure.gravatar.com\/avatar\/1fbaf22aee75fcbb29a2f97b107f95d25d3a19b7c3416105be10269872673e8d?s=96&d=mm&r=g","url":"https:\/\/secure.gravatar.com\/avatar\/1fbaf22aee75fcbb29a2f97b107f95d25d3a19b7c3416105be10269872673e8d?s=96&d=mm&r=g","contentUrl":"https:\/\/secure.gravatar.com\/avatar\/1fbaf22aee75fcbb29a2f97b107f95d25d3a19b7c3416105be10269872673e8d?s=96&d=mm&r=g","caption":"admin"}}]}},"_links":{"self":[{"href":"https:\/\/www.elturistatranquil.com\/ca\/wp-json\/wp\/v2\/posts\/33438","targetHints":{"allow":["GET"]}}],"collection":[{"href":"https:\/\/www.elturistatranquil.com\/ca\/wp-json\/wp\/v2\/posts"}],"about":[{"href":"https:\/\/www.elturistatranquil.com\/ca\/wp-json\/wp\/v2\/types\/post"}],"author":[{"embeddable":true,"href":"https:\/\/www.elturistatranquil.com\/ca\/wp-json\/wp\/v2\/users\/1"}],"replies":[{"embeddable":true,"href":"https:\/\/www.elturistatranquil.com\/ca\/wp-json\/wp\/v2\/comments?post=33438"}],"version-history":[{"count":5,"href":"https:\/\/www.elturistatranquil.com\/ca\/wp-json\/wp\/v2\/posts\/33438\/revisions"}],"predecessor-version":[{"id":34242,"href":"https:\/\/www.elturistatranquil.com\/ca\/wp-json\/wp\/v2\/posts\/33438\/revisions\/34242"}],"wp:featuredmedia":[{"embeddable":true,"href":"https:\/\/www.elturistatranquil.com\/ca\/wp-json\/wp\/v2\/media\/33397"}],"wp:attachment":[{"href":"https:\/\/www.elturistatranquil.com\/ca\/wp-json\/wp\/v2\/media?parent=33438"}],"wp:term":[{"taxonomy":"category","embeddable":true,"href":"https:\/\/www.elturistatranquil.com\/ca\/wp-json\/wp\/v2\/categories?post=33438"},{"taxonomy":"post_tag","embeddable":true,"href":"https:\/\/www.elturistatranquil.com\/ca\/wp-json\/wp\/v2\/tags?post=33438"}],"curies":[{"name":"wp","href":"https:\/\/api.w.org\/{rel}","templated":true}]}}