{"id":34170,"date":"2021-01-09T09:30:28","date_gmt":"2021-01-09T08:30:28","guid":{"rendered":"https:\/\/www.elturistatranquil.com\/?p=34170"},"modified":"2021-01-09T10:10:38","modified_gmt":"2021-01-09T09:10:38","slug":"prades-albarca-ulldemolins-vilanova-de-prades-i-vimbodi-tarragona","status":"publish","type":"post","link":"https:\/\/www.elturistatranquil.com\/ca\/prades-albarca-ulldemolins-vilanova-de-prades-i-vimbodi-tarragona\/","title":{"rendered":"Prades, Albarca, Ulldemolins, Vilanova de Prades i Vimbod\u00ed (Tarragona)"},"content":{"rendered":"\t\t<div data-elementor-type=\"wp-post\" data-elementor-id=\"34170\" class=\"elementor elementor-34170 elementor-33894\" data-elementor-post-type=\"post\">\n\t\t\t\t\t\t<section class=\"elementor-section elementor-top-section elementor-element elementor-element-422e76ab elementor-section-boxed elementor-section-height-default elementor-section-height-default\" data-id=\"422e76ab\" data-element_type=\"section\" data-e-type=\"section\">\n\t\t\t\t\t\t<div class=\"elementor-container elementor-column-gap-default\">\n\t\t\t\t\t<div class=\"elementor-column elementor-col-100 elementor-top-column elementor-element elementor-element-245fa1b2\" data-id=\"245fa1b2\" data-element_type=\"column\" data-e-type=\"column\">\n\t\t\t<div class=\"elementor-widget-wrap elementor-element-populated\">\n\t\t\t\t\t\t<section class=\"elementor-section elementor-inner-section elementor-element elementor-element-3d0fd3c5 elementor-section-content-middle elementor-section-boxed elementor-section-height-default elementor-section-height-default\" data-id=\"3d0fd3c5\" data-element_type=\"section\" data-e-type=\"section\">\n\t\t\t\t\t\t<div class=\"elementor-container elementor-column-gap-default\">\n\t\t\t\t\t<div class=\"elementor-column elementor-col-100 elementor-inner-column elementor-element elementor-element-135b271a\" data-id=\"135b271a\" data-element_type=\"column\" data-e-type=\"column\">\n\t\t\t<div class=\"elementor-widget-wrap elementor-element-populated\">\n\t\t\t\t\t\t<div class=\"elementor-element elementor-element-4eb6ae19 elementor-widget elementor-widget-text-editor\" data-id=\"4eb6ae19\" data-element_type=\"widget\" data-e-type=\"widget\" data-widget_type=\"text-editor.default\">\n\t\t\t\t<div class=\"elementor-widget-container\">\n\t\t\t\t\t\t\t\t\t<p>Una ruta per cinc localitats de Tarragona: <em>Prades, Albarca, Ulldemolins, Vilanova de Prades i Vimbod\u00ed<\/em>. Trobem uns paisatges de gran inter\u00e8s; viles que conserven la seva autenticitat i vivesa, i un bressol de l&#8217;estil renaixentista a Catalunya.<\/p>\t\t\t\t\t\t\t\t<\/div>\n\t\t\t\t<\/div>\n\t\t\t\t\t<\/div>\n\t\t<\/div>\n\t\t\t\t\t<\/div>\n\t\t<\/section>\n\t\t\t\t<div class=\"elementor-element elementor-element-79418786 elementor-widget elementor-widget-heading\" data-id=\"79418786\" data-element_type=\"widget\" data-e-type=\"widget\" data-widget_type=\"heading.default\">\n\t\t\t\t<div class=\"elementor-widget-container\">\n\t\t\t\t\t<h1 class=\"elementor-heading-title elementor-size-default\">Prades, Albarca, Ulldemolins, Vilanova de Prades i Vimbod\u00ed (Tarragona)<\/h1>\t\t\t\t<\/div>\n\t\t\t\t<\/div>\n\t\t\t\t\t<\/div>\n\t\t<\/div>\n\t\t\t\t\t<\/div>\n\t\t<\/section>\n\t\t\t\t<section class=\"elementor-section elementor-top-section elementor-element elementor-element-514aeda3 elementor-section-boxed elementor-section-height-default elementor-section-height-default\" data-id=\"514aeda3\" data-element_type=\"section\" data-e-type=\"section\">\n\t\t\t\t\t\t<div class=\"elementor-container elementor-column-gap-default\">\n\t\t\t\t\t<div class=\"elementor-column elementor-col-100 elementor-top-column elementor-element elementor-element-7b6a0c2f\" data-id=\"7b6a0c2f\" data-element_type=\"column\" data-e-type=\"column\">\n\t\t\t<div class=\"elementor-widget-wrap elementor-element-populated\">\n\t\t\t\t\t\t<div class=\"elementor-element elementor-element-49f040b4 elementor-widget elementor-widget-image\" data-id=\"49f040b4\" data-element_type=\"widget\" data-e-type=\"widget\" data-widget_type=\"image.default\">\n\t\t\t\t<div class=\"elementor-widget-container\">\n\t\t\t\t\t\t\t\t\t\t\t\t<figure class=\"wp-caption\">\n\t\t\t\t\t\t\t\t\t\t<img fetchpriority=\"high\" decoding=\"async\" width=\"768\" height=\"511\" src=\"https:\/\/www.elturistatranquil.com\/wp-content\/uploads\/F1-Albarca.-Tarragona.jpg\" class=\"attachment-large size-large wp-image-33900\" alt=\"Albarca. Tarragona\" srcset=\"https:\/\/www.elturistatranquil.com\/wp-content\/uploads\/F1-Albarca.-Tarragona.jpg 768w, https:\/\/www.elturistatranquil.com\/wp-content\/uploads\/F1-Albarca.-Tarragona-339x226.jpg 339w\" sizes=\"(max-width: 768px) 100vw, 768px\" \/>\t\t\t\t\t\t\t\t\t\t\t<figcaption class=\"widget-image-caption wp-caption-text\"><\/figcaption>\n\t\t\t\t\t\t\t\t\t\t<\/figure>\n\t\t\t\t\t\t\t\t\t<\/div>\n\t\t\t\t<\/div>\n\t\t\t\t<div class=\"elementor-element elementor-element-634626c8 elementor-widget elementor-widget-spacer\" data-id=\"634626c8\" data-element_type=\"widget\" data-e-type=\"widget\" data-widget_type=\"spacer.default\">\n\t\t\t\t<div class=\"elementor-widget-container\">\n\t\t\t\t\t\t\t<div class=\"elementor-spacer\">\n\t\t\t<div class=\"elementor-spacer-inner\"><\/div>\n\t\t<\/div>\n\t\t\t\t\t\t<\/div>\n\t\t\t\t<\/div>\n\t\t\t\t<div class=\"elementor-element elementor-element-71c66030 elementor-widget elementor-widget-heading\" data-id=\"71c66030\" data-element_type=\"widget\" data-e-type=\"widget\" data-widget_type=\"heading.default\">\n\t\t\t\t<div class=\"elementor-widget-container\">\n\t\t\t\t\t<h2 class=\"elementor-heading-title elementor-size-default\">Prades, Albarca, Ulldemolins, Vilanova de Prades i Vimbod\u00ed. Baix Camp\/Conca de Barber\u00e0\/Priorat. Tarragona<\/h2>\t\t\t\t<\/div>\n\t\t\t\t<\/div>\n\t\t\t\t<section class=\"elementor-section elementor-inner-section elementor-element elementor-element-56f38ad0 elementor-section-boxed elementor-section-height-default elementor-section-height-default\" data-id=\"56f38ad0\" data-element_type=\"section\" data-e-type=\"section\" data-settings=\"{&quot;background_background&quot;:&quot;classic&quot;}\">\n\t\t\t\t\t\t\t<div class=\"elementor-background-overlay\"><\/div>\n\t\t\t\t\t\t\t<div class=\"elementor-container elementor-column-gap-default\">\n\t\t\t\t\t<div class=\"elementor-column elementor-col-100 elementor-inner-column elementor-element elementor-element-153e8b9a\" data-id=\"153e8b9a\" data-element_type=\"column\" data-e-type=\"column\" data-settings=\"{&quot;background_background&quot;:&quot;classic&quot;}\">\n\t\t\t<div class=\"elementor-widget-wrap elementor-element-populated\">\n\t\t\t\t\t\t<div class=\"elementor-element elementor-element-3ca9f4b9 elementor-widget elementor-widget-text-editor\" data-id=\"3ca9f4b9\" data-element_type=\"widget\" data-e-type=\"widget\" data-widget_type=\"text-editor.default\">\n\t\t\t\t<div class=\"elementor-widget-container\">\n\t\t\t\t\t\t\t\t\t<p>Visita: 2019<\/p>\t\t\t\t\t\t\t\t<\/div>\n\t\t\t\t<\/div>\n\t\t\t\t\t<\/div>\n\t\t<\/div>\n\t\t\t\t\t<\/div>\n\t\t<\/section>\n\t\t\t\t<div class=\"elementor-element elementor-element-45051e6a elementor-widget elementor-widget-image\" data-id=\"45051e6a\" data-element_type=\"widget\" data-e-type=\"widget\" data-widget_type=\"image.default\">\n\t\t\t\t<div class=\"elementor-widget-container\">\n\t\t\t\t\t\t\t\t\t\t\t\t<figure class=\"wp-caption\">\n\t\t\t\t\t\t\t\t\t\t<img decoding=\"async\" width=\"768\" height=\"513\" src=\"https:\/\/www.elturistatranquil.com\/wp-content\/uploads\/F02e-Ruta-Prades.Tarragona-Google-maps-2020-11-30.jpg\" class=\"attachment-medium_large size-medium_large wp-image-33904\" alt=\"Ruta Prades.Tarragona (Google maps 2020-11-30)\" srcset=\"https:\/\/www.elturistatranquil.com\/wp-content\/uploads\/F02e-Ruta-Prades.Tarragona-Google-maps-2020-11-30.jpg 768w, https:\/\/www.elturistatranquil.com\/wp-content\/uploads\/F02e-Ruta-Prades.Tarragona-Google-maps-2020-11-30-339x226.jpg 339w\" sizes=\"(max-width: 768px) 100vw, 768px\" \/>\t\t\t\t\t\t\t\t\t\t\t<figcaption class=\"widget-image-caption wp-caption-text\">Mapa de situaci\u00f3 de la ruta (Google maps 2020-11-30)<\/figcaption>\n\t\t\t\t\t\t\t\t\t\t<\/figure>\n\t\t\t\t\t\t\t\t\t<\/div>\n\t\t\t\t<\/div>\n\t\t\t\t<section class=\"elementor-section elementor-inner-section elementor-element elementor-element-1eb56595 elementor-section-boxed elementor-section-height-default elementor-section-height-default\" data-id=\"1eb56595\" data-element_type=\"section\" data-e-type=\"section\" data-settings=\"{&quot;background_background&quot;:&quot;classic&quot;}\">\n\t\t\t\t\t\t<div class=\"elementor-container elementor-column-gap-default\">\n\t\t\t\t\t<div class=\"elementor-column elementor-col-100 elementor-inner-column elementor-element elementor-element-591d7fb2\" data-id=\"591d7fb2\" data-element_type=\"column\" data-e-type=\"column\">\n\t\t\t<div class=\"elementor-widget-wrap elementor-element-populated\">\n\t\t\t\t\t\t<div class=\"elementor-element elementor-element-41525969 elementor-widget elementor-widget-text-editor\" data-id=\"41525969\" data-element_type=\"widget\" data-e-type=\"widget\" data-widget_type=\"text-editor.default\">\n\t\t\t\t<div class=\"elementor-widget-container\">\n\t\t\t\t\t\t\t\t\t<p style=\"text-align: center;\"><strong>\u00cdndex<\/strong><\/p>\t\t\t\t\t\t\t\t<\/div>\n\t\t\t\t<\/div>\n\t\t\t\t<div class=\"elementor-element elementor-element-37eacbd4 elementor-widget elementor-widget-text-editor\" data-id=\"37eacbd4\" data-element_type=\"widget\" data-e-type=\"widget\" data-widget_type=\"text-editor.default\">\n\t\t\t\t<div class=\"elementor-widget-container\">\n\t\t\t\t\t\t\t\t\t<p><a href=\"https:\/\/www.elturistatranquil.com\/ca\/prades-albarca-ulldemolins-vilanova-de-prades-i-vimbodi-tarragona\/#c6401\">Prades, Albarca, Ulldemolins, Vilanova de Prades i Vimbod\u00ed. Baix Camp\/Conca de Barber\u00e0\/Priorat. Tarragona<\/a><\/p><p><a href=\"https:\/\/www.elturistatranquil.com\/ca\/prades-albarca-ulldemolins-vilanova-de-prades-i-vimbodi-tarragona\/#c6402\">El territori<\/a><\/p><p><a href=\"https:\/\/www.elturistatranquil.com\/ca\/prades-albarca-ulldemolins-vilanova-de-prades-i-vimbodi-tarragona\/#c6403\">Ruta de la visita<\/a><\/p><p style=\"padding-left: 40px;\"><a href=\"https:\/\/www.elturistatranquil.com\/ca\/prades-albarca-ulldemolins-vilanova-de-prades-i-vimbodi-tarragona\/#c6404\">Prades<\/a><\/p><p style=\"padding-left: 40px;\"><a href=\"https:\/\/www.elturistatranquil.com\/ca\/prades-albarca-ulldemolins-vilanova-de-prades-i-vimbodi-tarragona\/#c6405\">Albarca<\/a><\/p><p style=\"padding-left: 40px;\"><a href=\"https:\/\/www.elturistatranquil.com\/ca\/prades-albarca-ulldemolins-vilanova-de-prades-i-vimbodi-tarragona\/#c6406\">Ulldemolins<\/a><\/p><p style=\"padding-left: 40px;\"><a href=\"https:\/\/www.elturistatranquil.com\/ca\/prades-albarca-ulldemolins-vilanova-de-prades-i-vimbodi-tarragona\/#c6407\">Vilanova de Prades<\/a><\/p><p style=\"padding-left: 40px;\"><a href=\"https:\/\/www.elturistatranquil.com\/ca\/prades-albarca-ulldemolins-vilanova-de-prades-i-vimbodi-tarragona\/#c6408\">Vimbod\u00ed<\/a><\/p><p style=\"padding-left: 80px;\"><a href=\"https:\/\/www.elturistatranquil.com\/ca\/prades-albarca-ulldemolins-vilanova-de-prades-i-vimbodi-tarragona\/#c6409\">Museu del vidre<\/a><\/p><p><a href=\"https:\/\/www.elturistatranquil.com\/ca\/prades-albarca-ulldemolins-vilanova-de-prades-i-vimbodi-tarragona\/#c6410\">Retorn al Monestir de Poblet<\/a><\/p><p><a href=\"https:\/\/www.elturistatranquil.com\/ca\/prades-albarca-ulldemolins-vilanova-de-prades-i-vimbodi-tarragona\/#c6411\">Bases d\u2019informaci\u00f3<\/a><\/p>\t\t\t\t\t\t\t\t<\/div>\n\t\t\t\t<\/div>\n\t\t\t\t\t<\/div>\n\t\t<\/div>\n\t\t\t\t\t<\/div>\n\t\t<\/section>\n\t\t\t\t<div class=\"elementor-element elementor-element-4da26d80 elementor-widget elementor-widget-spacer\" data-id=\"4da26d80\" data-element_type=\"widget\" data-e-type=\"widget\" data-widget_type=\"spacer.default\">\n\t\t\t\t<div class=\"elementor-widget-container\">\n\t\t\t\t\t\t\t<div class=\"elementor-spacer\">\n\t\t\t<div class=\"elementor-spacer-inner\"><\/div>\n\t\t<\/div>\n\t\t\t\t\t\t<\/div>\n\t\t\t\t<\/div>\n\t\t\t\t<div class=\"elementor-element elementor-element-507934fd elementor-widget elementor-widget-menu-anchor\" data-id=\"507934fd\" data-element_type=\"widget\" data-e-type=\"widget\" data-widget_type=\"menu-anchor.default\">\n\t\t\t\t<div class=\"elementor-widget-container\">\n\t\t\t\t\t\t\t<div class=\"elementor-menu-anchor\" id=\"c6401\"><\/div>\n\t\t\t\t\t\t<\/div>\n\t\t\t\t<\/div>\n\t\t\t\t<div class=\"elementor-element elementor-element-417ac994 elementor-widget elementor-widget-spacer\" data-id=\"417ac994\" data-element_type=\"widget\" data-e-type=\"widget\" data-widget_type=\"spacer.default\">\n\t\t\t\t<div class=\"elementor-widget-container\">\n\t\t\t\t\t\t\t<div class=\"elementor-spacer\">\n\t\t\t<div class=\"elementor-spacer-inner\"><\/div>\n\t\t<\/div>\n\t\t\t\t\t\t<\/div>\n\t\t\t\t<\/div>\n\t\t\t\t<div class=\"elementor-element elementor-element-6b8cc596 elementor-widget elementor-widget-heading\" data-id=\"6b8cc596\" data-element_type=\"widget\" data-e-type=\"widget\" data-widget_type=\"heading.default\">\n\t\t\t\t<div class=\"elementor-widget-container\">\n\t\t\t\t\t<h2 class=\"elementor-heading-title elementor-size-default\">Prades, Albarca, Ulldemolins, Vilanova de Prades i Vimbod\u00ed. Baix Camp\/Conca de Barber\u00e0\/Priorat. Tarragona<\/h2>\t\t\t\t<\/div>\n\t\t\t\t<\/div>\n\t\t\t\t<div class=\"elementor-element elementor-element-5406b99 elementor-widget elementor-widget-menu-anchor\" data-id=\"5406b99\" data-element_type=\"widget\" data-e-type=\"widget\" data-widget_type=\"menu-anchor.default\">\n\t\t\t\t<div class=\"elementor-widget-container\">\n\t\t\t\t\t\t\t<div class=\"elementor-menu-anchor\" id=\"c6402\"><\/div>\n\t\t\t\t\t\t<\/div>\n\t\t\t\t<\/div>\n\t\t\t\t<div class=\"elementor-element elementor-element-60678851 elementor-widget elementor-widget-text-editor\" data-id=\"60678851\" data-element_type=\"widget\" data-e-type=\"widget\" data-widget_type=\"text-editor.default\">\n\t\t\t\t<div class=\"elementor-widget-container\">\n\t\t\t\t\t\t\t\t\t<p>La ruta que recorrer\u00e9 en aquest <em>Post<\/em> ser\u00e0 un circu\u00eft circular prenent com a punt de partida i arribada la <a href=\"https:\/\/www.elturistatranquil.com\/ca\/hostatgeria-del-monestir-de-poblet-conca-de-barbera\/\" target=\"_blank\" rel=\"noopener\"><strong>Hostatgeria del Monestir de Poblet<\/strong><\/a> (<strong>A<\/strong>&#8211;<strong>G<\/strong>) per les localitats de Prades, Albarca, Ulldemolins, Vilanova de Prades i Vimbod\u00ed, a la prov\u00edncia de Tarragona.<\/p><p>Avan\u00e7o que potser una de les sorpreses d\u2019aquest recorregut ser\u00e0 descobrir la domin\u00e0ncia de l\u2019<strong>estil arquitect\u00f2nic renaixentista<\/strong> en les obres representatives de totes localitats.<\/p>\t\t\t\t\t\t\t\t<\/div>\n\t\t\t\t<\/div>\n\t\t\t\t<div class=\"elementor-element elementor-element-1e7b9fe0 elementor-widget elementor-widget-heading\" data-id=\"1e7b9fe0\" data-element_type=\"widget\" data-e-type=\"widget\" data-widget_type=\"heading.default\">\n\t\t\t\t<div class=\"elementor-widget-container\">\n\t\t\t\t\t<h2 class=\"elementor-heading-title elementor-size-default\">El territori<\/h2>\t\t\t\t<\/div>\n\t\t\t\t<\/div>\n\t\t\t\t<div class=\"elementor-element elementor-element-aacedd1 elementor-widget elementor-widget-text-editor\" data-id=\"aacedd1\" data-element_type=\"widget\" data-e-type=\"widget\" data-widget_type=\"text-editor.default\">\n\t\t\t\t<div class=\"elementor-widget-container\">\n\t\t\t\t\t\t\t\t\t<p>Em mour\u00e9 pel v\u00e8rtex de tres comarques: Prades a la comarca del Baix Camp; Albarca i Ulldemolins a la comarcal del Priorat i Vilanova de Prades i Vimbod\u00ed \u00a0a la comarca de la Conca de Barber\u00e0.<\/p><p>Territorialment, el m\u00e9s significatiu \u00e9s que ens situarem a la part nord de les Muntanyes de Prades, a l\u2019extrem oriental del la serra del Montsant i a la vessant sud de la Serra de la Llena.<\/p><p>La orografia que configuren aquests sistemes muntanyosos fa que arrenquin aig\u00fces vers dues conques diferents. A llevant, prop de Vilanova de Prades, arrenquen les aig\u00fces que formaran el riu Francol\u00ed. Per la seva part, el riu de Prades, des de les proximitats de la localitat de Prades, es dirigir\u00e0 a ponent fins confluir amb el riu Montsant, prop de Ulldemolins.<\/p><p>Aix\u00ed, el recorregut arrenca al peu de la cara nord de les muntanyes de Prades, a 500 msnm al paratge Natural de Poblet, a la comarca de la Conca de Barber\u00e0, on est\u00e0 situat el monestir de Poblet, per endinsar-nos a les muntanyes de Prades, passant a la comarca de l\u2019Alt Camp, fins a la localitat que li dona nom, Prades, a 952 msnm. Continua el recorregut cap a l\u2019oest, entrant a la comarca del Priorat, per arribar al contacte amb el l\u00edmit oriental de la serra del Montsant, a Albarca,\u00a0 a 815 msnm. En aquest ve\u00efnat comencen les rutes al Parc Natural del Montsant.<\/p><p>Prenent la direcci\u00f3 nord-oest es descendeix fins a Ulldemolins, a 645 msnm. Aqu\u00ed les aig\u00fces vessen a ponent. Continuant toparem amb les cingleres de la serra de la Llena, el que ens for\u00e7a \u00a0a girar 90<sup>o<\/sup> per iniciar un recorregut cap a l\u2019est, que va ascendint fins als 893 msnm on es situa Vilanova de Prades. Ara les aig\u00fces vessen a llevant, i s\u2019haur\u00e0 establert el canvi de comarca, per retornar a la Conca de Barber\u00e0.<\/p><p>La ruta continuar\u00e0 fins a Vimbod\u00ed, a 496 msnm, per acabar al Monestir.<\/p><p>Abans d\u2019entrar en el detall de la ruta voldria efectuar dues consideracions generals.<\/p><p>La primera fa referencia a la forma d\u2019assentament poblacional. Malgrat que hi havia hagut alguns masos dispersos, en l\u2019actualitat el poblament est\u00e0 absolutament concentrar en cadascuna de les localitats d\u2019aquesta zona, sense poblament dispers.<\/p><p>La segona es situa en l\u2019\u00e0mbit de l\u2019estil arquitect\u00f2nic dominant, sobre tot en les obres religioses, que malgrat algunes puguin partir d\u2019una base rom\u00e0nica, finalment s\u2019observa dominant l\u2019estil renaixentista. No soc expert en historia de l\u2019art i nom\u00e9s em faig una pregunta: Pot ser degut a la influ\u00e8ncia de Mn. Jaume Amig\u00f3, fill d\u2019Ulldemolins, un dels introductors de l\u2019estil renaixentista a Catalunya?<\/p>\t\t\t\t\t\t\t\t<\/div>\n\t\t\t\t<\/div>\n\t\t\t\t<div class=\"elementor-element elementor-element-aefe73f elementor-widget elementor-widget-menu-anchor\" data-id=\"aefe73f\" data-element_type=\"widget\" data-e-type=\"widget\" data-widget_type=\"menu-anchor.default\">\n\t\t\t\t<div class=\"elementor-widget-container\">\n\t\t\t\t\t\t\t<div class=\"elementor-menu-anchor\" id=\"c6403\"><\/div>\n\t\t\t\t\t\t<\/div>\n\t\t\t\t<\/div>\n\t\t\t\t<div class=\"elementor-element elementor-element-aa86a44 elementor-widget elementor-widget-heading\" data-id=\"aa86a44\" data-element_type=\"widget\" data-e-type=\"widget\" data-widget_type=\"heading.default\">\n\t\t\t\t<div class=\"elementor-widget-container\">\n\t\t\t\t\t<h2 class=\"elementor-heading-title elementor-size-default\">Ruta de la visita<\/h2>\t\t\t\t<\/div>\n\t\t\t\t<\/div>\n\t\t\t\t<div class=\"elementor-element elementor-element-543414fe elementor-widget elementor-widget-image\" data-id=\"543414fe\" data-element_type=\"widget\" data-e-type=\"widget\" data-widget_type=\"image.default\">\n\t\t\t\t<div class=\"elementor-widget-container\">\n\t\t\t\t\t\t\t\t\t\t\t\t<figure class=\"wp-caption\">\n\t\t\t\t\t\t\t\t\t\t<img decoding=\"async\" width=\"768\" height=\"512\" src=\"https:\/\/www.elturistatranquil.com\/wp-content\/uploads\/F03-Ruta-Prades.Tarragona-Google-maps-2020-11-30.jpg\" class=\"attachment-large size-large wp-image-33906\" alt=\"Ruta Prades.Tarragona (Google maps 2020-11-30)\" srcset=\"https:\/\/www.elturistatranquil.com\/wp-content\/uploads\/F03-Ruta-Prades.Tarragona-Google-maps-2020-11-30.jpg 768w, https:\/\/www.elturistatranquil.com\/wp-content\/uploads\/F03-Ruta-Prades.Tarragona-Google-maps-2020-11-30-339x226.jpg 339w\" sizes=\"(max-width: 768px) 100vw, 768px\" \/>\t\t\t\t\t\t\t\t\t\t\t<figcaption class=\"widget-image-caption wp-caption-text\">Recorregut de la sortida (Google maps 2020-11-30)<\/figcaption>\n\t\t\t\t\t\t\t\t\t\t<\/figure>\n\t\t\t\t\t\t\t\t\t<\/div>\n\t\t\t\t<\/div>\n\t\t\t\t<div class=\"elementor-element elementor-element-ec6059c elementor-widget elementor-widget-menu-anchor\" data-id=\"ec6059c\" data-element_type=\"widget\" data-e-type=\"widget\" data-widget_type=\"menu-anchor.default\">\n\t\t\t\t<div class=\"elementor-widget-container\">\n\t\t\t\t\t\t\t<div class=\"elementor-menu-anchor\" id=\"c6404\"><\/div>\n\t\t\t\t\t\t<\/div>\n\t\t\t\t<\/div>\n\t\t\t\t<div class=\"elementor-element elementor-element-3ca9465 elementor-widget elementor-widget-text-editor\" data-id=\"3ca9465\" data-element_type=\"widget\" data-e-type=\"widget\" data-widget_type=\"text-editor.default\">\n\t\t\t\t<div class=\"elementor-widget-container\">\n\t\t\t\t\t\t\t\t\t<p>El total de la ruta \u00e9s d\u2019uns 95 kil\u00f2metres, amb una durada d\u2019unes 2 hores, sense comptar-hi els temps de visites.<\/p>\t\t\t\t\t\t\t\t<\/div>\n\t\t\t\t<\/div>\n\t\t\t\t<div class=\"elementor-element elementor-element-57c48e00 elementor-widget elementor-widget-heading\" data-id=\"57c48e00\" data-element_type=\"widget\" data-e-type=\"widget\" data-widget_type=\"heading.default\">\n\t\t\t\t<div class=\"elementor-widget-container\">\n\t\t\t\t\t<h3 class=\"elementor-heading-title elementor-size-default\">Prades<\/h3>\t\t\t\t<\/div>\n\t\t\t\t<\/div>\n\t\t\t\t<div class=\"elementor-element elementor-element-f3dacfc elementor-widget elementor-widget-image\" data-id=\"f3dacfc\" data-element_type=\"widget\" data-e-type=\"widget\" data-widget_type=\"image.default\">\n\t\t\t\t<div class=\"elementor-widget-container\">\n\t\t\t\t\t\t\t\t\t\t\t\t<figure class=\"wp-caption\">\n\t\t\t\t\t\t\t\t\t\t<img loading=\"lazy\" decoding=\"async\" width=\"768\" height=\"511\" src=\"https:\/\/www.elturistatranquil.com\/wp-content\/uploads\/F04-Prades.Tarragona-Google-earth-2020-12-03.jpg\" class=\"attachment-large size-large wp-image-33908\" alt=\"Prades.Tarragona (Google earth 2020-12-03)\" srcset=\"https:\/\/www.elturistatranquil.com\/wp-content\/uploads\/F04-Prades.Tarragona-Google-earth-2020-12-03.jpg 768w, https:\/\/www.elturistatranquil.com\/wp-content\/uploads\/F04-Prades.Tarragona-Google-earth-2020-12-03-339x226.jpg 339w\" sizes=\"(max-width: 768px) 100vw, 768px\" \/>\t\t\t\t\t\t\t\t\t\t\t<figcaption class=\"widget-image-caption wp-caption-text\">(Google maps 2020-11-30)<\/figcaption>\n\t\t\t\t\t\t\t\t\t\t<\/figure>\n\t\t\t\t\t\t\t\t\t<\/div>\n\t\t\t\t<\/div>\n\t\t\t\t<div class=\"elementor-element elementor-element-d05a766 elementor-widget elementor-widget-text-editor\" data-id=\"d05a766\" data-element_type=\"widget\" data-e-type=\"widget\" data-widget_type=\"text-editor.default\">\n\t\t\t\t<div class=\"elementor-widget-container\">\n\t\t\t\t\t\t\t\t\t<p>Comarca: Baix Camp. Coordenades: 41\u00b018\u203234\u2033N 0\u00b059\u203216\u2033E. Altitud: 952 msnm. Poblaci\u00f3: 589 habitants en 2019.<\/p><p>Declarat <em>Conjunt Hist\u00f2ric<\/em>.<\/p><p>La primera parada ser\u00e0 a\u00a0<strong>Prades\u00a0<\/strong>(<strong>B<\/strong>), amb 589 habitants el 2019. Estarem a 952 msnm, a l\u2019altipl\u00e0 de les <strong>Muntanyes de Prades<\/strong>. Viatjo 20 kil\u00f2metres durant uns 30 minuts.<\/p><p>Els voltants de Prades conserven indicis de poblaments prehist\u00f2rics i d&#8217;assentaments ibers i romans.<\/p><p>Per\u00f2 l&#8217;origen de la Vila es remunta als \u00e0rabs, amb una fortificaci\u00f3 a finals del segle XI, com a construcci\u00f3 dels \u00e0rabs assentats al territori sota control del val\u00ed de Siurana.<\/p><p>Prades i Siurana van ser els darrers reductes musulmans del Principat. L&#8217;any 1153, Ramon Berenguer IV expuls\u00e0 els sarra\u00efns, repobl\u00e0 la contrada i atorg\u00e0 la Carta de Poblaci\u00f3 a la Vila l&#8217;any 1159.<\/p><p>Al 1324 el rei Jaume II va crear el comtat de \u201cles muntanyes de Prades\u201d pel seu fill m\u00e9s jove, l\u2019infant Ramon Berenguer.<\/p><p>El m\u00e0xim desenvolupament de la poblaci\u00f3 fou entre els segles XIII i XIV, amb exist\u00e8ncia de mercat i la celebraci\u00f3 de fins a quatre fires de ramaderia anuals. Sens dubte Prades, en ser capital de batllia i despr\u00e9s del comtat, era un important punt econ\u00f2mic.<\/p><p>Als segles XVI i XVII la zona es va veure molt afectada pel bandolerisme.<\/p><p>Durant la Guerra dels Segadors, al segle XVII, que enfront\u00e0 Catalunya amb Espanya, el Comtat de Prades fou un important centre d&#8217;operacions b\u00e8l\u00b7liques. Com a conseq\u00fc\u00e8ncia de la guerra, foren enderrocades part de les muralles i del Castell.<\/p><p>Al segle XIX, la Vila fou incendiada en la primera i la segona guerra carlina (1837 i 1874). A la tercera va ser destacada la participaci\u00f3 del cap carlista Pere Balcells, el nen de Prades.<\/p><p>La forma de la vila medieval es quasi triangular, amb la base al costat sud, i el v\u00e8rtex oposat a l\u2019extrem nord-est.<\/p><p>L\u2019estructura urbana era ortogonal irregular, amb una caracter\u00edstica tend\u00e8ncia a fer convergir els carrers vers les portes de la muralla.<\/p><p>Es conserva for\u00e7a b\u00e9 el per\u00edmetre del recinte murat, per\u00f2 no les muralles que, com s\u2019ha vist, van ser enderrocades al segle XVII.<\/p><p>Les cases formen illes compactes i s\u00f3n de 2 o 3 nivells, moltes d\u2019elles amb golfes. Malgrat que el parc urb\u00e0 ha est\u00e0 molt modificat al llarg dels anys, moltes conserven portades amples amb arcades. Com a tot Catalunya, els segles XVII, i especialment el XVIII, van ser de recuperaci\u00f3 econ\u00f2mica, moments en el que es va produir una important renovaci\u00f3 del parc urb\u00e0, que a Prades s\u2019observa que tamb\u00e9 es va perllongar al segle XIX.<\/p><p>Les teulades s\u00f3n d\u2019un o dos vessants, amb teules rom\u00e0-\u00e0rab.<\/p><p>La majoria de fa\u00e7anes estan arrebossades, per\u00f2 es conserven molts edificis significatius de pedra vista que, pel fet de ser de pedra sorrenca de color vermell\u00f3s, atorga un color especial a la Vila, que ha portat a que se la coneix com \u201cla vila vermella\u201d.<\/p>\t\t\t\t\t\t\t\t<\/div>\n\t\t\t\t<\/div>\n\t\t\t\t<div class=\"elementor-element elementor-element-178f9fbd elementor-widget elementor-widget-heading\" data-id=\"178f9fbd\" data-element_type=\"widget\" data-e-type=\"widget\" data-widget_type=\"heading.default\">\n\t\t\t\t<div class=\"elementor-widget-container\">\n\t\t\t\t\t<h4 class=\"elementor-heading-title elementor-size-default\">El Portal principal i Creu de terme<\/h4>\t\t\t\t<\/div>\n\t\t\t\t<\/div>\n\t\t\t\t<div class=\"elementor-element elementor-element-a75c6c9 elementor-widget elementor-widget-text-editor\" data-id=\"a75c6c9\" data-element_type=\"widget\" data-e-type=\"widget\" data-widget_type=\"text-editor.default\">\n\t\t\t\t<div class=\"elementor-widget-container\">\n\t\t\t\t\t\t\t\t\t<p>Inicio el recorregut a la <strong>pla\u00e7a Sant Roc<\/strong> junt a la Creu de terme, enfront del Portal de llevant de la muralla i el lateral de migdia de l\u2019esgl\u00e9sia de Santa Maria.<\/p><p>La c<strong>reu de terme<\/strong> o <strong>creu de Sant Roc<\/strong> (<strong>a<\/strong>), \u00e9s una de les que hi havia enfront de cada porta de la Vila. Possiblement sigui del segle XIII. A la localitat hi ha dues creus de terme m\u00e9s despla\u00e7ades del seu empla\u00e7ament originals.<\/p><p>El <strong>Portal de Prades<\/strong> (<strong>b<\/strong>) era l\u2019entrada per la muralla de llevant. Te forma d\u2019arcada de mig punt amb grans dovelles, amb un notable matac\u00e0. Per aquesta entrada principal s\u2019accedeix al nucli antic.<\/p><p>La muralla sembla que es va anar construint des de principis del segle XIV fins al segle XV.<\/p><p>En el moment d\u2019expansi\u00f3 de Prades cap al raval exterior, la muralla va ser superada per la construcci\u00f3 de l\u2019esgl\u00e9sia de Santa Maria, que, com s\u2019observa, fa sobresortir aproximadament la meitat del cos del temple, escap\u00e7ant una part de l\u2019arcada.<\/p><p>En tot el tra\u00e7at de la muralla, aquesta ha estat aprofitada per adossar-hi\u00a0 habitatges.<\/p>\t\t\t\t\t\t\t\t<\/div>\n\t\t\t\t<\/div>\n\t\t\t\t<div class=\"elementor-element elementor-element-8eb7a89 elementor-widget elementor-widget-image\" data-id=\"8eb7a89\" data-element_type=\"widget\" data-e-type=\"widget\" data-widget_type=\"image.default\">\n\t\t\t\t<div class=\"elementor-widget-container\">\n\t\t\t\t\t\t\t\t\t\t\t\t<figure class=\"wp-caption\">\n\t\t\t\t\t\t\t\t\t\t<img loading=\"lazy\" decoding=\"async\" width=\"768\" height=\"512\" src=\"https:\/\/www.elturistatranquil.com\/wp-content\/uploads\/F05-Prades.Tarragona.jpg\" class=\"attachment-large size-large wp-image-33910\" alt=\"Prades.Tarragona\" srcset=\"https:\/\/www.elturistatranquil.com\/wp-content\/uploads\/F05-Prades.Tarragona.jpg 768w, https:\/\/www.elturistatranquil.com\/wp-content\/uploads\/F05-Prades.Tarragona-339x226.jpg 339w\" sizes=\"(max-width: 768px) 100vw, 768px\" \/>\t\t\t\t\t\t\t\t\t\t\t<figcaption class=\"widget-image-caption wp-caption-text\"><\/figcaption>\n\t\t\t\t\t\t\t\t\t\t<\/figure>\n\t\t\t\t\t\t\t\t\t<\/div>\n\t\t\t\t<\/div>\n\t\t\t\t<section class=\"elementor-section elementor-inner-section elementor-element elementor-element-ee372f1 elementor-section-boxed elementor-section-height-default elementor-section-height-default\" data-id=\"ee372f1\" data-element_type=\"section\" data-e-type=\"section\">\n\t\t\t\t\t\t<div class=\"elementor-container elementor-column-gap-default\">\n\t\t\t\t\t<div class=\"elementor-column elementor-col-50 elementor-inner-column elementor-element elementor-element-633fd04\" data-id=\"633fd04\" data-element_type=\"column\" data-e-type=\"column\">\n\t\t\t<div class=\"elementor-widget-wrap elementor-element-populated\">\n\t\t\t\t\t\t<div class=\"elementor-element elementor-element-2f8a991 elementor-widget elementor-widget-image\" data-id=\"2f8a991\" data-element_type=\"widget\" data-e-type=\"widget\" data-widget_type=\"image.default\">\n\t\t\t\t<div class=\"elementor-widget-container\">\n\t\t\t\t\t\t\t\t\t\t\t\t\t\t\t<img loading=\"lazy\" decoding=\"async\" width=\"367\" height=\"550\" src=\"https:\/\/www.elturistatranquil.com\/wp-content\/uploads\/F06m-Prades.Tarragona.jpg\" class=\"attachment-large size-large wp-image-33912\" alt=\"Prades.Tarragona\" srcset=\"https:\/\/www.elturistatranquil.com\/wp-content\/uploads\/F06m-Prades.Tarragona.jpg 367w, https:\/\/www.elturistatranquil.com\/wp-content\/uploads\/F06m-Prades.Tarragona-151x226.jpg 151w\" sizes=\"(max-width: 367px) 100vw, 367px\" \/>\t\t\t\t\t\t\t\t\t\t\t\t\t\t\t<\/div>\n\t\t\t\t<\/div>\n\t\t\t\t\t<\/div>\n\t\t<\/div>\n\t\t\t\t<div class=\"elementor-column elementor-col-50 elementor-inner-column elementor-element elementor-element-c529c69\" data-id=\"c529c69\" data-element_type=\"column\" data-e-type=\"column\">\n\t\t\t<div class=\"elementor-widget-wrap elementor-element-populated\">\n\t\t\t\t\t\t<div class=\"elementor-element elementor-element-e5dc6c1 elementor-widget elementor-widget-image\" data-id=\"e5dc6c1\" data-element_type=\"widget\" data-e-type=\"widget\" data-widget_type=\"image.default\">\n\t\t\t\t<div class=\"elementor-widget-container\">\n\t\t\t\t\t\t\t\t\t\t\t\t\t\t\t<img loading=\"lazy\" decoding=\"async\" width=\"366\" height=\"550\" src=\"https:\/\/www.elturistatranquil.com\/wp-content\/uploads\/F06n-Prades.Tarragona.jpg\" class=\"attachment-large size-large wp-image-33914\" alt=\"Prades.Tarragona\" srcset=\"https:\/\/www.elturistatranquil.com\/wp-content\/uploads\/F06n-Prades.Tarragona.jpg 366w, https:\/\/www.elturistatranquil.com\/wp-content\/uploads\/F06n-Prades.Tarragona-150x226.jpg 150w\" sizes=\"(max-width: 366px) 100vw, 366px\" \/>\t\t\t\t\t\t\t\t\t\t\t\t\t\t\t<\/div>\n\t\t\t\t<\/div>\n\t\t\t\t\t<\/div>\n\t\t<\/div>\n\t\t\t\t\t<\/div>\n\t\t<\/section>\n\t\t\t\t<div class=\"elementor-element elementor-element-0e8128f elementor-widget elementor-widget-heading\" data-id=\"0e8128f\" data-element_type=\"widget\" data-e-type=\"widget\" data-widget_type=\"heading.default\">\n\t\t\t\t<div class=\"elementor-widget-container\">\n\t\t\t\t\t<h4 class=\"elementor-heading-title elementor-size-default\">La \"Porta falsa\"<\/h4>\t\t\t\t<\/div>\n\t\t\t\t<\/div>\n\t\t\t\t<div class=\"elementor-element elementor-element-d4dd9ba elementor-widget elementor-widget-text-editor\" data-id=\"d4dd9ba\" data-element_type=\"widget\" data-e-type=\"widget\" data-widget_type=\"text-editor.default\">\n\t\t\t\t<div class=\"elementor-widget-container\">\n\t\t\t\t\t\t\t\t\t<p>Traspassada la portada de la muralla, sobre el lateral de l\u2019ep\u00edstola de l\u2019 esgl\u00e9sia s\u2019obre una portalada rom\u00e0nica, coneguda com la \u201c<strong>porta falsa\u201d<\/strong> (<strong>d<\/strong>).<\/p><p>Correspon a l\u2019entrada principal de la primera esgl\u00e9sia rom\u00e0nica, orientada al nord. A l\u2019ampliar-se l\u2019esgl\u00e9sia s\u2019adopta la orientaci\u00f3 can\u00f2nica vers l\u2019est, amb el que la porta passa a quedar inscrita en el costat de l\u2019ep\u00edstola del nou edifici.<\/p>\t\t\t\t\t\t\t\t<\/div>\n\t\t\t\t<\/div>\n\t\t\t\t<div class=\"elementor-element elementor-element-cb13f4a elementor-widget elementor-widget-image\" data-id=\"cb13f4a\" data-element_type=\"widget\" data-e-type=\"widget\" data-widget_type=\"image.default\">\n\t\t\t\t<div class=\"elementor-widget-container\">\n\t\t\t\t\t\t\t\t\t\t\t\t<figure class=\"wp-caption\">\n\t\t\t\t\t\t\t\t\t\t<img loading=\"lazy\" decoding=\"async\" width=\"768\" height=\"511\" src=\"https:\/\/www.elturistatranquil.com\/wp-content\/uploads\/F07-Prades.Tarragona.jpg\" class=\"attachment-large size-large wp-image-33916\" alt=\"Prades.Tarragona\" srcset=\"https:\/\/www.elturistatranquil.com\/wp-content\/uploads\/F07-Prades.Tarragona.jpg 768w, https:\/\/www.elturistatranquil.com\/wp-content\/uploads\/F07-Prades.Tarragona-339x226.jpg 339w\" sizes=\"(max-width: 768px) 100vw, 768px\" \/>\t\t\t\t\t\t\t\t\t\t\t<figcaption class=\"widget-image-caption wp-caption-text\"><\/figcaption>\n\t\t\t\t\t\t\t\t\t\t<\/figure>\n\t\t\t\t\t\t\t\t\t<\/div>\n\t\t\t\t<\/div>\n\t\t\t\t<div class=\"elementor-element elementor-element-585e599 elementor-widget elementor-widget-image\" data-id=\"585e599\" data-element_type=\"widget\" data-e-type=\"widget\" data-widget_type=\"image.default\">\n\t\t\t\t<div class=\"elementor-widget-container\">\n\t\t\t\t\t\t\t\t\t\t\t\t<figure class=\"wp-caption\">\n\t\t\t\t\t\t\t\t\t\t<img loading=\"lazy\" decoding=\"async\" width=\"768\" height=\"511\" src=\"https:\/\/www.elturistatranquil.com\/wp-content\/uploads\/F08-Prades.Tarragona.jpg\" class=\"attachment-large size-large wp-image-33918\" alt=\"Prades.Tarragona\" srcset=\"https:\/\/www.elturistatranquil.com\/wp-content\/uploads\/F08-Prades.Tarragona.jpg 768w, https:\/\/www.elturistatranquil.com\/wp-content\/uploads\/F08-Prades.Tarragona-339x226.jpg 339w\" sizes=\"(max-width: 768px) 100vw, 768px\" \/>\t\t\t\t\t\t\t\t\t\t\t<figcaption class=\"widget-image-caption wp-caption-text\"><\/figcaption>\n\t\t\t\t\t\t\t\t\t\t<\/figure>\n\t\t\t\t\t\t\t\t\t<\/div>\n\t\t\t\t<\/div>\n\t\t\t\t<div class=\"elementor-element elementor-element-2c6c907 elementor-widget elementor-widget-heading\" data-id=\"2c6c907\" data-element_type=\"widget\" data-e-type=\"widget\" data-widget_type=\"heading.default\">\n\t\t\t\t<div class=\"elementor-widget-container\">\n\t\t\t\t\t<h4 class=\"elementor-heading-title elementor-size-default\">La pla\u00e7a Major i la font renaixentista<\/h4>\t\t\t\t<\/div>\n\t\t\t\t<\/div>\n\t\t\t\t<div class=\"elementor-element elementor-element-2566cb9 elementor-widget elementor-widget-text-editor\" data-id=\"2566cb9\" data-element_type=\"widget\" data-e-type=\"widget\" data-widget_type=\"text-editor.default\">\n\t\t\t\t<div class=\"elementor-widget-container\">\n\t\t\t\t\t\t\t\t\t<p>Entro a la <strong>pla\u00e7a Major<\/strong> (<strong>e<\/strong>), presidida per l\u2019esgl\u00e9sia de Santa Maria, on tamb\u00e9 s\u2019hi troba l\u2019edifici de l\u2019Ajuntament.<\/p><p>Es tracta d\u2019una amplia pla\u00e7a quadrangular porxada, caracter\u00edstica de poblacions amb mercat a l\u2019edat mitjana. Va rebre drets de mercat setmanal l\u2019any 1200 i de diverses fires de bestiar a celebrar al llarg de l\u2019any.<\/p>\t\t\t\t\t\t\t\t<\/div>\n\t\t\t\t<\/div>\n\t\t\t\t<div class=\"elementor-element elementor-element-2d1fd85 elementor-widget elementor-widget-image\" data-id=\"2d1fd85\" data-element_type=\"widget\" data-e-type=\"widget\" data-widget_type=\"image.default\">\n\t\t\t\t<div class=\"elementor-widget-container\">\n\t\t\t\t\t\t\t\t\t\t\t\t<figure class=\"wp-caption\">\n\t\t\t\t\t\t\t\t\t\t<img loading=\"lazy\" decoding=\"async\" width=\"768\" height=\"511\" src=\"https:\/\/www.elturistatranquil.com\/wp-content\/uploads\/F09-Prades.Tarragona.jpg\" class=\"attachment-large size-large wp-image-33920\" alt=\"Prades.Tarragona\" srcset=\"https:\/\/www.elturistatranquil.com\/wp-content\/uploads\/F09-Prades.Tarragona.jpg 768w, https:\/\/www.elturistatranquil.com\/wp-content\/uploads\/F09-Prades.Tarragona-339x226.jpg 339w\" sizes=\"(max-width: 768px) 100vw, 768px\" \/>\t\t\t\t\t\t\t\t\t\t\t<figcaption class=\"widget-image-caption wp-caption-text\"><\/figcaption>\n\t\t\t\t\t\t\t\t\t\t<\/figure>\n\t\t\t\t\t\t\t\t\t<\/div>\n\t\t\t\t<\/div>\n\t\t\t\t<div class=\"elementor-element elementor-element-7a046d0 elementor-widget elementor-widget-text-editor\" data-id=\"7a046d0\" data-element_type=\"widget\" data-e-type=\"widget\" data-widget_type=\"text-editor.default\">\n\t\t\t\t<div class=\"elementor-widget-container\">\n\t\t\t\t\t\t\t\t\t<p>A l\u2019entrar a l\u2019\u00e8poca moderna s\u2019hi va construir una <strong>font renaixentista<\/strong> que ha esdevingut el s\u00edmbol de Prades.<\/p><p>Amb forma d\u2019esfera, que recorda el globus terraq\u00fci, amb quatre brolladors orientat als punts cardinals.<\/p>\t\t\t\t\t\t\t\t<\/div>\n\t\t\t\t<\/div>\n\t\t\t\t<div class=\"elementor-element elementor-element-ca6a452 elementor-widget elementor-widget-image\" data-id=\"ca6a452\" data-element_type=\"widget\" data-e-type=\"widget\" data-widget_type=\"image.default\">\n\t\t\t\t<div class=\"elementor-widget-container\">\n\t\t\t\t\t\t\t\t\t\t\t\t<figure class=\"wp-caption\">\n\t\t\t\t\t\t\t\t\t\t<img loading=\"lazy\" decoding=\"async\" width=\"366\" height=\"550\" src=\"https:\/\/www.elturistatranquil.com\/wp-content\/uploads\/F10-Prades.Tarragona.jpg\" class=\"attachment-large size-large wp-image-33922\" alt=\"Prades.Tarragona\" srcset=\"https:\/\/www.elturistatranquil.com\/wp-content\/uploads\/F10-Prades.Tarragona.jpg 366w, https:\/\/www.elturistatranquil.com\/wp-content\/uploads\/F10-Prades.Tarragona-150x226.jpg 150w\" sizes=\"(max-width: 366px) 100vw, 366px\" \/>\t\t\t\t\t\t\t\t\t\t\t<figcaption class=\"widget-image-caption wp-caption-text\"><\/figcaption>\n\t\t\t\t\t\t\t\t\t\t<\/figure>\n\t\t\t\t\t\t\t\t\t<\/div>\n\t\t\t\t<\/div>\n\t\t\t\t<section class=\"elementor-section elementor-inner-section elementor-element elementor-element-ad8c170 elementor-section-boxed elementor-section-height-default elementor-section-height-default\" data-id=\"ad8c170\" data-element_type=\"section\" data-e-type=\"section\">\n\t\t\t\t\t\t<div class=\"elementor-container elementor-column-gap-default\">\n\t\t\t\t\t<div class=\"elementor-column elementor-col-50 elementor-inner-column elementor-element elementor-element-45f9e15\" data-id=\"45f9e15\" data-element_type=\"column\" data-e-type=\"column\">\n\t\t\t<div class=\"elementor-widget-wrap elementor-element-populated\">\n\t\t\t\t\t\t<div class=\"elementor-element elementor-element-64f0955 elementor-widget elementor-widget-image\" data-id=\"64f0955\" data-element_type=\"widget\" data-e-type=\"widget\" data-widget_type=\"image.default\">\n\t\t\t\t<div class=\"elementor-widget-container\">\n\t\t\t\t\t\t\t\t\t\t\t\t\t\t\t<img loading=\"lazy\" decoding=\"async\" width=\"367\" height=\"550\" src=\"https:\/\/www.elturistatranquil.com\/wp-content\/uploads\/F11m-Prades.Tarragona.jpg\" class=\"attachment-large size-large wp-image-33924\" alt=\"Prades.Tarragona\" srcset=\"https:\/\/www.elturistatranquil.com\/wp-content\/uploads\/F11m-Prades.Tarragona.jpg 367w, https:\/\/www.elturistatranquil.com\/wp-content\/uploads\/F11m-Prades.Tarragona-151x226.jpg 151w\" sizes=\"(max-width: 367px) 100vw, 367px\" \/>\t\t\t\t\t\t\t\t\t\t\t\t\t\t\t<\/div>\n\t\t\t\t<\/div>\n\t\t\t\t\t<\/div>\n\t\t<\/div>\n\t\t\t\t<div class=\"elementor-column elementor-col-50 elementor-inner-column elementor-element elementor-element-8a68aac\" data-id=\"8a68aac\" data-element_type=\"column\" data-e-type=\"column\">\n\t\t\t<div class=\"elementor-widget-wrap elementor-element-populated\">\n\t\t\t\t\t\t<div class=\"elementor-element elementor-element-e8723a0 elementor-widget elementor-widget-image\" data-id=\"e8723a0\" data-element_type=\"widget\" data-e-type=\"widget\" data-widget_type=\"image.default\">\n\t\t\t\t<div class=\"elementor-widget-container\">\n\t\t\t\t\t\t\t\t\t\t\t\t\t\t\t<img loading=\"lazy\" decoding=\"async\" width=\"366\" height=\"550\" src=\"https:\/\/www.elturistatranquil.com\/wp-content\/uploads\/F11n-Prades.Tarragona.jpg\" class=\"attachment-large size-large wp-image-33926\" alt=\"Prades.Tarragona\" srcset=\"https:\/\/www.elturistatranquil.com\/wp-content\/uploads\/F11n-Prades.Tarragona.jpg 366w, https:\/\/www.elturistatranquil.com\/wp-content\/uploads\/F11n-Prades.Tarragona-150x226.jpg 150w\" sizes=\"(max-width: 366px) 100vw, 366px\" \/>\t\t\t\t\t\t\t\t\t\t\t\t\t\t\t<\/div>\n\t\t\t\t<\/div>\n\t\t\t\t\t<\/div>\n\t\t<\/div>\n\t\t\t\t\t<\/div>\n\t\t<\/section>\n\t\t\t\t<div class=\"elementor-element elementor-element-c7ef38f elementor-widget elementor-widget-heading\" data-id=\"c7ef38f\" data-element_type=\"widget\" data-e-type=\"widget\" data-widget_type=\"heading.default\">\n\t\t\t\t<div class=\"elementor-widget-container\">\n\t\t\t\t\t<h4 class=\"elementor-heading-title elementor-size-default\">L\u2019Esgl\u00e9sia de Santa Maria la Major<\/h4>\t\t\t\t<\/div>\n\t\t\t\t<\/div>\n\t\t\t\t<div class=\"elementor-element elementor-element-ac66ce0 elementor-widget elementor-widget-text-editor\" data-id=\"ac66ce0\" data-element_type=\"widget\" data-e-type=\"widget\" data-widget_type=\"text-editor.default\">\n\t\t\t\t<div class=\"elementor-widget-container\">\n\t\t\t\t\t\t\t\t\t<p>El primer document conservat que parla de l\u2019 <strong>esgl\u00e9sia\u00a0de\u00a0Prades<\/strong>, dedicada a\u00a0<strong>Santa Maria la Major <\/strong>(<strong>c<\/strong>)\u00a0\u00e9s una butlla del\u00a0Papa Celest\u00ed III\u00a0de l\u2019any 1194.<\/p><p>L\u2019expansi\u00f3 de la Vila, i la por a atacs externs s\u2019allunya, l\u2019esgl\u00e9sia rom\u00e0nica primitiva s\u2019amplia sobresortint la muralla, com he indicat abans, aprofitant els carreus de la muralla.<\/p><p>La nova orientaci\u00f3 a llevant situa els peus del temple sobre la pla\u00e7a Major, i s\u2019hi ubica la portada principal. El conjunt de la fa\u00e7ana i la portada es reforma en estil renaixentista.<\/p><p>Al costat de l\u2019evangeli una torre campanar exempta, de base quadrada, que en el tram superior del campanar es converteix en octogonal, amb teulada piramidal.<\/p>\t\t\t\t\t\t\t\t<\/div>\n\t\t\t\t<\/div>\n\t\t\t\t<section class=\"elementor-section elementor-inner-section elementor-element elementor-element-a4f4108 elementor-section-boxed elementor-section-height-default elementor-section-height-default\" data-id=\"a4f4108\" data-element_type=\"section\" data-e-type=\"section\">\n\t\t\t\t\t\t<div class=\"elementor-container elementor-column-gap-default\">\n\t\t\t\t\t<div class=\"elementor-column elementor-col-50 elementor-inner-column elementor-element elementor-element-a2e8578\" data-id=\"a2e8578\" data-element_type=\"column\" data-e-type=\"column\">\n\t\t\t<div class=\"elementor-widget-wrap elementor-element-populated\">\n\t\t\t\t\t\t<div class=\"elementor-element elementor-element-ca4854e elementor-widget elementor-widget-image\" data-id=\"ca4854e\" data-element_type=\"widget\" data-e-type=\"widget\" data-widget_type=\"image.default\">\n\t\t\t\t<div class=\"elementor-widget-container\">\n\t\t\t\t\t\t\t\t\t\t\t\t\t\t\t<img loading=\"lazy\" decoding=\"async\" width=\"366\" height=\"550\" src=\"https:\/\/www.elturistatranquil.com\/wp-content\/uploads\/F12m-Prades.Tarragona.jpg\" class=\"attachment-large size-large wp-image-33928\" alt=\"Prades.Tarragona\" srcset=\"https:\/\/www.elturistatranquil.com\/wp-content\/uploads\/F12m-Prades.Tarragona.jpg 366w, https:\/\/www.elturistatranquil.com\/wp-content\/uploads\/F12m-Prades.Tarragona-150x226.jpg 150w\" sizes=\"(max-width: 366px) 100vw, 366px\" \/>\t\t\t\t\t\t\t\t\t\t\t\t\t\t\t<\/div>\n\t\t\t\t<\/div>\n\t\t\t\t\t<\/div>\n\t\t<\/div>\n\t\t\t\t<div class=\"elementor-column elementor-col-50 elementor-inner-column elementor-element elementor-element-f429c3e\" data-id=\"f429c3e\" data-element_type=\"column\" data-e-type=\"column\">\n\t\t\t<div class=\"elementor-widget-wrap elementor-element-populated\">\n\t\t\t\t\t\t<div class=\"elementor-element elementor-element-d94f0ab elementor-widget elementor-widget-image\" data-id=\"d94f0ab\" data-element_type=\"widget\" data-e-type=\"widget\" data-widget_type=\"image.default\">\n\t\t\t\t<div class=\"elementor-widget-container\">\n\t\t\t\t\t\t\t\t\t\t\t\t\t\t\t<img loading=\"lazy\" decoding=\"async\" width=\"366\" height=\"550\" src=\"https:\/\/www.elturistatranquil.com\/wp-content\/uploads\/F12n-Prades.Tarragona.jpg\" class=\"attachment-large size-large wp-image-33930\" alt=\"Prades.Tarragona\" srcset=\"https:\/\/www.elturistatranquil.com\/wp-content\/uploads\/F12n-Prades.Tarragona.jpg 366w, https:\/\/www.elturistatranquil.com\/wp-content\/uploads\/F12n-Prades.Tarragona-150x226.jpg 150w\" sizes=\"(max-width: 366px) 100vw, 366px\" \/>\t\t\t\t\t\t\t\t\t\t\t\t\t\t\t<\/div>\n\t\t\t\t<\/div>\n\t\t\t\t\t<\/div>\n\t\t<\/div>\n\t\t\t\t\t<\/div>\n\t\t<\/section>\n\t\t\t\t<div class=\"elementor-element elementor-element-2bf6cb5 elementor-widget elementor-widget-text-editor\" data-id=\"2bf6cb5\" data-element_type=\"widget\" data-e-type=\"widget\" data-widget_type=\"text-editor.default\">\n\t\t\t\t<div class=\"elementor-widget-container\">\n\t\t\t\t\t\t\t\t\t<p>\u00a0<\/p><p>La planta del temple \u00e9s d\u2019una sola nau rectangular amb l\u2019absis poligonal, amb contraforts exteriors.<\/p>\t\t\t\t\t\t\t\t<\/div>\n\t\t\t\t<\/div>\n\t\t\t\t<div class=\"elementor-element elementor-element-6862cb2 elementor-widget elementor-widget-image\" data-id=\"6862cb2\" data-element_type=\"widget\" data-e-type=\"widget\" data-widget_type=\"image.default\">\n\t\t\t\t<div class=\"elementor-widget-container\">\n\t\t\t\t\t\t\t\t\t\t\t\t<figure class=\"wp-caption\">\n\t\t\t\t\t\t\t\t\t\t<img loading=\"lazy\" decoding=\"async\" width=\"768\" height=\"511\" src=\"https:\/\/www.elturistatranquil.com\/wp-content\/uploads\/F13-Prades.Tarragona.jpg\" class=\"attachment-large size-large wp-image-33932\" alt=\"Prades.Tarragona\" srcset=\"https:\/\/www.elturistatranquil.com\/wp-content\/uploads\/F13-Prades.Tarragona.jpg 768w, https:\/\/www.elturistatranquil.com\/wp-content\/uploads\/F13-Prades.Tarragona-339x226.jpg 339w\" sizes=\"(max-width: 768px) 100vw, 768px\" \/>\t\t\t\t\t\t\t\t\t\t\t<figcaption class=\"widget-image-caption wp-caption-text\"><\/figcaption>\n\t\t\t\t\t\t\t\t\t\t<\/figure>\n\t\t\t\t\t\t\t\t\t<\/div>\n\t\t\t\t<\/div>\n\t\t\t\t<div class=\"elementor-element elementor-element-c761403 elementor-widget elementor-widget-heading\" data-id=\"c761403\" data-element_type=\"widget\" data-e-type=\"widget\" data-widget_type=\"heading.default\">\n\t\t\t\t<div class=\"elementor-widget-container\">\n\t\t\t\t\t<h4 class=\"elementor-heading-title elementor-size-default\">El  carrer Major<\/h4>\t\t\t\t<\/div>\n\t\t\t\t<\/div>\n\t\t\t\t<div class=\"elementor-element elementor-element-44d9e82 elementor-widget elementor-widget-text-editor\" data-id=\"44d9e82\" data-element_type=\"widget\" data-e-type=\"widget\" data-widget_type=\"text-editor.default\">\n\t\t\t\t<div class=\"elementor-widget-container\">\n\t\t\t\t\t\t\t\t\t<p>Enfront de la portada de la muralla, a l\u2019altre costat de la pla\u00e7a Major, comen\u00e7a el <strong>carrer Major<\/strong> (<strong>f<\/strong>).<\/p>\t\t\t\t\t\t\t\t<\/div>\n\t\t\t\t<\/div>\n\t\t\t\t<div class=\"elementor-element elementor-element-0e5d97f elementor-widget elementor-widget-image\" data-id=\"0e5d97f\" data-element_type=\"widget\" data-e-type=\"widget\" data-widget_type=\"image.default\">\n\t\t\t\t<div class=\"elementor-widget-container\">\n\t\t\t\t\t\t\t\t\t\t\t\t<figure class=\"wp-caption\">\n\t\t\t\t\t\t\t\t\t\t<img loading=\"lazy\" decoding=\"async\" width=\"768\" height=\"512\" src=\"https:\/\/www.elturistatranquil.com\/wp-content\/uploads\/F15-Prades.Tarragona.jpg\" class=\"attachment-large size-large wp-image-33936\" alt=\"Prades.Tarragona\" srcset=\"https:\/\/www.elturistatranquil.com\/wp-content\/uploads\/F15-Prades.Tarragona.jpg 768w, https:\/\/www.elturistatranquil.com\/wp-content\/uploads\/F15-Prades.Tarragona-339x226.jpg 339w\" sizes=\"(max-width: 768px) 100vw, 768px\" \/>\t\t\t\t\t\t\t\t\t\t\t<figcaption class=\"widget-image-caption wp-caption-text\"><\/figcaption>\n\t\t\t\t\t\t\t\t\t\t<\/figure>\n\t\t\t\t\t\t\t\t\t<\/div>\n\t\t\t\t<\/div>\n\t\t\t\t<div class=\"elementor-element elementor-element-24b6100 elementor-widget elementor-widget-text-editor\" data-id=\"24b6100\" data-element_type=\"widget\" data-e-type=\"widget\" data-widget_type=\"text-editor.default\">\n\t\t\t\t<div class=\"elementor-widget-container\">\n\t\t\t\t\t\t\t\t\t<p>Especialment interessants s\u00f3n els portals d\u2019alguns habitatges. En conjunt s\u2019observa una profusi\u00f3 d\u2019arcs rebaixats i carpanells, habituals en els edificis del renaixement.<\/p>\t\t\t\t\t\t\t\t<\/div>\n\t\t\t\t<\/div>\n\t\t\t\t<div class=\"elementor-element elementor-element-9abfe0c elementor-widget elementor-widget-image\" data-id=\"9abfe0c\" data-element_type=\"widget\" data-e-type=\"widget\" data-widget_type=\"image.default\">\n\t\t\t\t<div class=\"elementor-widget-container\">\n\t\t\t\t\t\t\t\t\t\t\t\t<figure class=\"wp-caption\">\n\t\t\t\t\t\t\t\t\t\t<img loading=\"lazy\" decoding=\"async\" width=\"768\" height=\"512\" src=\"https:\/\/www.elturistatranquil.com\/wp-content\/uploads\/F16-Prades.Tarragona.jpg\" class=\"attachment-large size-large wp-image-33938\" alt=\"Prades.Tarragona\" srcset=\"https:\/\/www.elturistatranquil.com\/wp-content\/uploads\/F16-Prades.Tarragona.jpg 768w, https:\/\/www.elturistatranquil.com\/wp-content\/uploads\/F16-Prades.Tarragona-339x226.jpg 339w\" sizes=\"(max-width: 768px) 100vw, 768px\" \/>\t\t\t\t\t\t\t\t\t\t\t<figcaption class=\"widget-image-caption wp-caption-text\"><\/figcaption>\n\t\t\t\t\t\t\t\t\t\t<\/figure>\n\t\t\t\t\t\t\t\t\t<\/div>\n\t\t\t\t<\/div>\n\t\t\t\t<div class=\"elementor-element elementor-element-a6f9f99 elementor-widget elementor-widget-image\" data-id=\"a6f9f99\" data-element_type=\"widget\" data-e-type=\"widget\" data-widget_type=\"image.default\">\n\t\t\t\t<div class=\"elementor-widget-container\">\n\t\t\t\t\t\t\t\t\t\t\t\t<figure class=\"wp-caption\">\n\t\t\t\t\t\t\t\t\t\t<img loading=\"lazy\" decoding=\"async\" width=\"768\" height=\"511\" src=\"https:\/\/www.elturistatranquil.com\/wp-content\/uploads\/F17-Prades.Tarragona.jpg\" class=\"attachment-large size-large wp-image-33940\" alt=\"Prades.Tarragona\" srcset=\"https:\/\/www.elturistatranquil.com\/wp-content\/uploads\/F17-Prades.Tarragona.jpg 768w, https:\/\/www.elturistatranquil.com\/wp-content\/uploads\/F17-Prades.Tarragona-339x226.jpg 339w\" sizes=\"(max-width: 768px) 100vw, 768px\" \/>\t\t\t\t\t\t\t\t\t\t\t<figcaption class=\"widget-image-caption wp-caption-text\"><\/figcaption>\n\t\t\t\t\t\t\t\t\t\t<\/figure>\n\t\t\t\t\t\t\t\t\t<\/div>\n\t\t\t\t<\/div>\n\t\t\t\t<div class=\"elementor-element elementor-element-e20aaf9 elementor-widget elementor-widget-text-editor\" data-id=\"e20aaf9\" data-element_type=\"widget\" data-e-type=\"widget\" data-widget_type=\"text-editor.default\">\n\t\t\t\t<div class=\"elementor-widget-container\">\n\t\t\t\t\t\t\t\t\t<p>Un altre s\u00edmbol de la pressi\u00f3 urbana en el recintes murat, \u00e9s l\u2019exist\u00e8ncia de passatges coberts per habitatges.<\/p>\t\t\t\t\t\t\t\t<\/div>\n\t\t\t\t<\/div>\n\t\t\t\t<div class=\"elementor-element elementor-element-589ee19 elementor-widget elementor-widget-image\" data-id=\"589ee19\" data-element_type=\"widget\" data-e-type=\"widget\" data-widget_type=\"image.default\">\n\t\t\t\t<div class=\"elementor-widget-container\">\n\t\t\t\t\t\t\t\t\t\t\t\t<figure class=\"wp-caption\">\n\t\t\t\t\t\t\t\t\t\t<img loading=\"lazy\" decoding=\"async\" width=\"768\" height=\"512\" src=\"https:\/\/www.elturistatranquil.com\/wp-content\/uploads\/F18-Prades.Tarragona.jpg\" class=\"attachment-large size-large wp-image-33946\" alt=\"Prades.Tarragona\" srcset=\"https:\/\/www.elturistatranquil.com\/wp-content\/uploads\/F18-Prades.Tarragona.jpg 768w, https:\/\/www.elturistatranquil.com\/wp-content\/uploads\/F18-Prades.Tarragona-339x226.jpg 339w\" sizes=\"(max-width: 768px) 100vw, 768px\" \/>\t\t\t\t\t\t\t\t\t\t\t<figcaption class=\"widget-image-caption wp-caption-text\"><\/figcaption>\n\t\t\t\t\t\t\t\t\t\t<\/figure>\n\t\t\t\t\t\t\t\t\t<\/div>\n\t\t\t\t<\/div>\n\t\t\t\t<div class=\"elementor-element elementor-element-b18439f elementor-widget elementor-widget-heading\" data-id=\"b18439f\" data-element_type=\"widget\" data-e-type=\"widget\" data-widget_type=\"heading.default\">\n\t\t\t\t<div class=\"elementor-widget-container\">\n\t\t\t\t\t<h4 class=\"elementor-heading-title elementor-size-default\">La pla\u00e7a de la Pau<\/h4>\t\t\t\t<\/div>\n\t\t\t\t<\/div>\n\t\t\t\t<div class=\"elementor-element elementor-element-a11d0f0 elementor-widget elementor-widget-text-editor\" data-id=\"a11d0f0\" data-element_type=\"widget\" data-e-type=\"widget\" data-widget_type=\"text-editor.default\">\n\t\t\t\t<div class=\"elementor-widget-container\">\n\t\t\t\t\t\t\t\t\t<p>La <strong>pla\u00e7a de la Pau<\/strong> (<strong>g<\/strong>) tamb\u00e9 \u00e9s anomenada pla\u00e7a de l\u2019Ou per la seva forma, o pla\u00e7a dels Alls.<\/p>\t\t\t\t\t\t\t\t<\/div>\n\t\t\t\t<\/div>\n\t\t\t\t<div class=\"elementor-element elementor-element-22e837e elementor-widget elementor-widget-image\" data-id=\"22e837e\" data-element_type=\"widget\" data-e-type=\"widget\" data-widget_type=\"image.default\">\n\t\t\t\t<div class=\"elementor-widget-container\">\n\t\t\t\t\t\t\t\t\t\t\t\t<figure class=\"wp-caption\">\n\t\t\t\t\t\t\t\t\t\t<img loading=\"lazy\" decoding=\"async\" width=\"768\" height=\"511\" src=\"https:\/\/www.elturistatranquil.com\/wp-content\/uploads\/F19-Prades.Tarragona.jpg\" class=\"attachment-large size-large wp-image-33948\" alt=\"Prades.Tarragona\" srcset=\"https:\/\/www.elturistatranquil.com\/wp-content\/uploads\/F19-Prades.Tarragona.jpg 768w, https:\/\/www.elturistatranquil.com\/wp-content\/uploads\/F19-Prades.Tarragona-339x226.jpg 339w\" sizes=\"(max-width: 768px) 100vw, 768px\" \/>\t\t\t\t\t\t\t\t\t\t\t<figcaption class=\"widget-image-caption wp-caption-text\"><\/figcaption>\n\t\t\t\t\t\t\t\t\t\t<\/figure>\n\t\t\t\t\t\t\t\t\t<\/div>\n\t\t\t\t<\/div>\n\t\t\t\t<div class=\"elementor-element elementor-element-6acc6b7 elementor-widget elementor-widget-text-editor\" data-id=\"6acc6b7\" data-element_type=\"widget\" data-e-type=\"widget\" data-widget_type=\"text-editor.default\">\n\t\t\t\t<div class=\"elementor-widget-container\">\n\t\t\t\t\t\t\t\t\t<p>S\u2019hi troba un dels casalots m\u00e9s importants de la Vila a <strong>Cal Sistar\u00e9<\/strong>, de l\u2019any 1864.<\/p>\t\t\t\t\t\t\t\t<\/div>\n\t\t\t\t<\/div>\n\t\t\t\t<div class=\"elementor-element elementor-element-ee58290 elementor-widget elementor-widget-image\" data-id=\"ee58290\" data-element_type=\"widget\" data-e-type=\"widget\" data-widget_type=\"image.default\">\n\t\t\t\t<div class=\"elementor-widget-container\">\n\t\t\t\t\t\t\t\t\t\t\t\t<figure class=\"wp-caption\">\n\t\t\t\t\t\t\t\t\t\t<img loading=\"lazy\" decoding=\"async\" width=\"768\" height=\"511\" src=\"https:\/\/www.elturistatranquil.com\/wp-content\/uploads\/F20-Prades.Tarragona.jpg\" class=\"attachment-large size-large wp-image-33952\" alt=\"Prades. Tarragona\" srcset=\"https:\/\/www.elturistatranquil.com\/wp-content\/uploads\/F20-Prades.Tarragona.jpg 768w, https:\/\/www.elturistatranquil.com\/wp-content\/uploads\/F20-Prades.Tarragona-339x226.jpg 339w\" sizes=\"(max-width: 768px) 100vw, 768px\" \/>\t\t\t\t\t\t\t\t\t\t\t<figcaption class=\"widget-image-caption wp-caption-text\"><\/figcaption>\n\t\t\t\t\t\t\t\t\t\t<\/figure>\n\t\t\t\t\t\t\t\t\t<\/div>\n\t\t\t\t<\/div>\n\t\t\t\t<div class=\"elementor-element elementor-element-beae36e elementor-widget elementor-widget-heading\" data-id=\"beae36e\" data-element_type=\"widget\" data-e-type=\"widget\" data-widget_type=\"heading.default\">\n\t\t\t\t<div class=\"elementor-widget-container\">\n\t\t\t\t\t<h4 class=\"elementor-heading-title elementor-size-default\">L\u2019arc del Pons<\/h4>\t\t\t\t<\/div>\n\t\t\t\t<\/div>\n\t\t\t\t<div class=\"elementor-element elementor-element-ad607ad elementor-widget elementor-widget-text-editor\" data-id=\"ad607ad\" data-element_type=\"widget\" data-e-type=\"widget\" data-widget_type=\"text-editor.default\">\n\t\t\t\t<div class=\"elementor-widget-container\">\n\t\t\t\t\t\t\t\t\t<p>El portalet g\u00f2tic l\u2019<strong>arc del Pons<\/strong> (<strong>h<\/strong>) es va obrir per millorar els accessos a la Vila en un moment en qu\u00e8 el sentit defensiu tenia cada cop menys import\u00e0ncia.<\/p>\t\t\t\t\t\t\t\t<\/div>\n\t\t\t\t<\/div>\n\t\t\t\t<div class=\"elementor-element elementor-element-18ddb21 elementor-widget elementor-widget-image\" data-id=\"18ddb21\" data-element_type=\"widget\" data-e-type=\"widget\" data-widget_type=\"image.default\">\n\t\t\t\t<div class=\"elementor-widget-container\">\n\t\t\t\t\t\t\t\t\t\t\t\t<figure class=\"wp-caption\">\n\t\t\t\t\t\t\t\t\t\t<img loading=\"lazy\" decoding=\"async\" width=\"768\" height=\"511\" src=\"https:\/\/www.elturistatranquil.com\/wp-content\/uploads\/F21-Prades.Tarragona.jpg\" class=\"attachment-large size-large wp-image-33954\" alt=\"Prades. Tarragona\" srcset=\"https:\/\/www.elturistatranquil.com\/wp-content\/uploads\/F21-Prades.Tarragona.jpg 768w, https:\/\/www.elturistatranquil.com\/wp-content\/uploads\/F21-Prades.Tarragona-339x226.jpg 339w\" sizes=\"(max-width: 768px) 100vw, 768px\" \/>\t\t\t\t\t\t\t\t\t\t\t<figcaption class=\"widget-image-caption wp-caption-text\"><\/figcaption>\n\t\t\t\t\t\t\t\t\t\t<\/figure>\n\t\t\t\t\t\t\t\t\t<\/div>\n\t\t\t\t<\/div>\n\t\t\t\t<div class=\"elementor-element elementor-element-47520fb elementor-widget elementor-widget-heading\" data-id=\"47520fb\" data-element_type=\"widget\" data-e-type=\"widget\" data-widget_type=\"heading.default\">\n\t\t\t\t<div class=\"elementor-widget-container\">\n\t\t\t\t\t<h4 class=\"elementor-heading-title elementor-size-default\">El lloc del Castell i l'esgl\u00e9sia castral de Sant Miquel<\/h4>\t\t\t\t<\/div>\n\t\t\t\t<\/div>\n\t\t\t\t<div class=\"elementor-element elementor-element-a53a7a4 elementor-widget elementor-widget-text-editor\" data-id=\"a53a7a4\" data-element_type=\"widget\" data-e-type=\"widget\" data-widget_type=\"text-editor.default\">\n\t\t\t\t<div class=\"elementor-widget-container\">\n\t\t\t\t\t\t\t\t\t<p>Arribat al final del carrer Major tornar\u00edem a trobar la muralla, de la qual actualment no n\u2019existeix cap resta. Girant a la dreta anir\u00e9 a buscar el <strong>carrer Costa del Castell<\/strong> (<strong>i<\/strong>) per ascendir a l\u2019empla\u00e7ament que havia ocupat el Castell.<\/p><p>El <strong>Castell<\/strong> (<strong>j<\/strong>) va ser la seu dels comtes de Prades, fins que es van traslladar a Falset. El castell ja es trobava en mal estat de conservaci\u00f3 l\u2019any 1554 i dos segles m\u00e9s tard se\u2019n comen\u00e7aren a vendre diverses parts. Fins i tot l\u2019esgl\u00e9sia, un cop desafectada, fou repartida entre certs propietaris que hi constru\u00efren corrals i habitatges.<\/p><p>Un dels pocs elements visibles de l\u2019<strong>esgl\u00e9sia castral de Sant Miguel<\/strong>, \u00e9s l\u2019absis, que pel fet de ser de propietat municipal s\u2019est\u00e0 restaurant.<\/p>\t\t\t\t\t\t\t\t<\/div>\n\t\t\t\t<\/div>\n\t\t\t\t<div class=\"elementor-element elementor-element-87bbb1c elementor-widget elementor-widget-image\" data-id=\"87bbb1c\" data-element_type=\"widget\" data-e-type=\"widget\" data-widget_type=\"image.default\">\n\t\t\t\t<div class=\"elementor-widget-container\">\n\t\t\t\t\t\t\t\t\t\t\t\t<figure class=\"wp-caption\">\n\t\t\t\t\t\t\t\t\t\t<img loading=\"lazy\" decoding=\"async\" width=\"768\" height=\"512\" src=\"https:\/\/www.elturistatranquil.com\/wp-content\/uploads\/F22-Prades.Tarragona.jpg\" class=\"attachment-large size-large wp-image-33956\" alt=\"Prades. Tarragona (Google maps 2020-11-30)\" srcset=\"https:\/\/www.elturistatranquil.com\/wp-content\/uploads\/F22-Prades.Tarragona.jpg 768w, https:\/\/www.elturistatranquil.com\/wp-content\/uploads\/F22-Prades.Tarragona-339x226.jpg 339w\" sizes=\"(max-width: 768px) 100vw, 768px\" \/>\t\t\t\t\t\t\t\t\t\t\t<figcaption class=\"widget-image-caption wp-caption-text\">(Google maps 2020-11-30)<\/figcaption>\n\t\t\t\t\t\t\t\t\t\t<\/figure>\n\t\t\t\t\t\t\t\t\t<\/div>\n\t\t\t\t<\/div>\n\t\t\t\t<div class=\"elementor-element elementor-element-180b5a2 elementor-widget elementor-widget-image\" data-id=\"180b5a2\" data-element_type=\"widget\" data-e-type=\"widget\" data-widget_type=\"image.default\">\n\t\t\t\t<div class=\"elementor-widget-container\">\n\t\t\t\t\t\t\t\t\t\t\t\t<figure class=\"wp-caption\">\n\t\t\t\t\t\t\t\t\t\t<img loading=\"lazy\" decoding=\"async\" width=\"768\" height=\"511\" src=\"https:\/\/www.elturistatranquil.com\/wp-content\/uploads\/F23-Prades.Tarragona.jpg\" class=\"attachment-large size-large wp-image-33958\" alt=\"Prades.Tarragona\" srcset=\"https:\/\/www.elturistatranquil.com\/wp-content\/uploads\/F23-Prades.Tarragona.jpg 768w, https:\/\/www.elturistatranquil.com\/wp-content\/uploads\/F23-Prades.Tarragona-339x226.jpg 339w\" sizes=\"(max-width: 768px) 100vw, 768px\" \/>\t\t\t\t\t\t\t\t\t\t\t<figcaption class=\"widget-image-caption wp-caption-text\"><\/figcaption>\n\t\t\t\t\t\t\t\t\t\t<\/figure>\n\t\t\t\t\t\t\t\t\t<\/div>\n\t\t\t\t<\/div>\n\t\t\t\t<div class=\"elementor-element elementor-element-2c9a273 elementor-widget elementor-widget-image\" data-id=\"2c9a273\" data-element_type=\"widget\" data-e-type=\"widget\" data-widget_type=\"image.default\">\n\t\t\t\t<div class=\"elementor-widget-container\">\n\t\t\t\t\t\t\t\t\t\t\t\t<figure class=\"wp-caption\">\n\t\t\t\t\t\t\t\t\t\t<img loading=\"lazy\" decoding=\"async\" width=\"768\" height=\"511\" src=\"https:\/\/www.elturistatranquil.com\/wp-content\/uploads\/F24-Prades.Tarragona.jpg\" class=\"attachment-large size-large wp-image-33960\" alt=\"Prades.Tarragona\" srcset=\"https:\/\/www.elturistatranquil.com\/wp-content\/uploads\/F24-Prades.Tarragona.jpg 768w, https:\/\/www.elturistatranquil.com\/wp-content\/uploads\/F24-Prades.Tarragona-339x226.jpg 339w\" sizes=\"(max-width: 768px) 100vw, 768px\" \/>\t\t\t\t\t\t\t\t\t\t\t<figcaption class=\"widget-image-caption wp-caption-text\"><\/figcaption>\n\t\t\t\t\t\t\t\t\t\t<\/figure>\n\t\t\t\t\t\t\t\t\t<\/div>\n\t\t\t\t<\/div>\n\t\t\t\t<div class=\"elementor-element elementor-element-5c856ba elementor-widget elementor-widget-text-editor\" data-id=\"5c856ba\" data-element_type=\"widget\" data-e-type=\"widget\" data-widget_type=\"text-editor.default\">\n\t\t\t\t<div class=\"elementor-widget-container\">\n\t\t\t\t\t\t\t\t\t<p>Continuant amunt pel carrer Costa del Castell (<strong>k<\/strong>) es constata que \u00e9s un dels carrers m\u00e9s representatius amb construccions de pedra vista de pedra sorrenca vermellosa.<\/p>\t\t\t\t\t\t\t\t<\/div>\n\t\t\t\t<\/div>\n\t\t\t\t<div class=\"elementor-element elementor-element-fef7173 elementor-widget elementor-widget-image\" data-id=\"fef7173\" data-element_type=\"widget\" data-e-type=\"widget\" data-widget_type=\"image.default\">\n\t\t\t\t<div class=\"elementor-widget-container\">\n\t\t\t\t\t\t\t\t\t\t\t\t<figure class=\"wp-caption\">\n\t\t\t\t\t\t\t\t\t\t<img loading=\"lazy\" decoding=\"async\" width=\"768\" height=\"511\" src=\"https:\/\/www.elturistatranquil.com\/wp-content\/uploads\/F25-Prades.Tarragona.jpg\" class=\"attachment-large size-large wp-image-33962\" alt=\"Prades.Tarragona\" srcset=\"https:\/\/www.elturistatranquil.com\/wp-content\/uploads\/F25-Prades.Tarragona.jpg 768w, https:\/\/www.elturistatranquil.com\/wp-content\/uploads\/F25-Prades.Tarragona-339x226.jpg 339w\" sizes=\"(max-width: 768px) 100vw, 768px\" \/>\t\t\t\t\t\t\t\t\t\t\t<figcaption class=\"widget-image-caption wp-caption-text\"><\/figcaption>\n\t\t\t\t\t\t\t\t\t\t<\/figure>\n\t\t\t\t\t\t\t\t\t<\/div>\n\t\t\t\t<\/div>\n\t\t\t\t<div class=\"elementor-element elementor-element-08d6276 elementor-widget elementor-widget-heading\" data-id=\"08d6276\" data-element_type=\"widget\" data-e-type=\"widget\" data-widget_type=\"heading.default\">\n\t\t\t\t<div class=\"elementor-widget-container\">\n\t\t\t\t\t<h4 class=\"elementor-heading-title elementor-size-default\">La antiga Casa de la Vila<\/h4>\t\t\t\t<\/div>\n\t\t\t\t<\/div>\n\t\t\t\t<div class=\"elementor-element elementor-element-2d3c96d elementor-widget elementor-widget-text-editor\" data-id=\"2d3c96d\" data-element_type=\"widget\" data-e-type=\"widget\" data-widget_type=\"text-editor.default\">\n\t\t\t\t<div class=\"elementor-widget-container\">\n\t\t\t\t\t\t\t\t\t<p>Al costat de la <strong>pla\u00e7a dels Infants <\/strong>es localitza la <strong>antiga Casa de la Vila<\/strong> (<strong>l<\/strong>), que tamb\u00e9 eren les escoles.<\/p><p>L\u2019edifici rehabilitat \u00e9s seu de diferents depend\u00e8ncies municipals: biblioteca, casal d\u2019avis, telecentre, consultori&#8230;<\/p>\t\t\t\t\t\t\t\t<\/div>\n\t\t\t\t<\/div>\n\t\t\t\t<div class=\"elementor-element elementor-element-facb3c2 elementor-widget elementor-widget-image\" data-id=\"facb3c2\" data-element_type=\"widget\" data-e-type=\"widget\" data-widget_type=\"image.default\">\n\t\t\t\t<div class=\"elementor-widget-container\">\n\t\t\t\t\t\t\t\t\t\t\t\t<figure class=\"wp-caption\">\n\t\t\t\t\t\t\t\t\t\t<img loading=\"lazy\" decoding=\"async\" width=\"768\" height=\"511\" src=\"https:\/\/www.elturistatranquil.com\/wp-content\/uploads\/F26-Prades.Tarragona.jpg\" class=\"attachment-large size-large wp-image-33964\" alt=\"Prades.Tarragona\" srcset=\"https:\/\/www.elturistatranquil.com\/wp-content\/uploads\/F26-Prades.Tarragona.jpg 768w, https:\/\/www.elturistatranquil.com\/wp-content\/uploads\/F26-Prades.Tarragona-339x226.jpg 339w\" sizes=\"(max-width: 768px) 100vw, 768px\" \/>\t\t\t\t\t\t\t\t\t\t\t<figcaption class=\"widget-image-caption wp-caption-text\"><\/figcaption>\n\t\t\t\t\t\t\t\t\t\t<\/figure>\n\t\t\t\t\t\t\t\t\t<\/div>\n\t\t\t\t<\/div>\n\t\t\t\t<div class=\"elementor-element elementor-element-24baa6d elementor-widget elementor-widget-heading\" data-id=\"24baa6d\" data-element_type=\"widget\" data-e-type=\"widget\" data-widget_type=\"heading.default\">\n\t\t\t\t<div class=\"elementor-widget-container\">\n\t\t\t\t\t<h4 class=\"elementor-heading-title elementor-size-default\">El carrer Nou del Pont i Planet del Pont<\/h4>\t\t\t\t<\/div>\n\t\t\t\t<\/div>\n\t\t\t\t<div class=\"elementor-element elementor-element-4280a5b elementor-widget elementor-widget-text-editor\" data-id=\"4280a5b\" data-element_type=\"widget\" data-e-type=\"widget\" data-widget_type=\"text-editor.default\">\n\t\t\t\t<div class=\"elementor-widget-container\">\n\t\t\t\t\t\t\t\t\t<p>Vaig a buscar el <strong>carrer Nou del Pont<\/strong> (<strong>m<\/strong>) que em portar\u00e0 fins al <strong>Planet del Pont<\/strong> (<strong>n<\/strong>), on es troba al portada nord-est, al v\u00e8rtex del triangle que havia dit que formava el recinte murat.<\/p>\t\t\t\t\t\t\t\t<\/div>\n\t\t\t\t<\/div>\n\t\t\t\t<div class=\"elementor-element elementor-element-7cdc9ac elementor-widget elementor-widget-image\" data-id=\"7cdc9ac\" data-element_type=\"widget\" data-e-type=\"widget\" data-widget_type=\"image.default\">\n\t\t\t\t<div class=\"elementor-widget-container\">\n\t\t\t\t\t\t\t\t\t\t\t\t<figure class=\"wp-caption\">\n\t\t\t\t\t\t\t\t\t\t<img loading=\"lazy\" decoding=\"async\" width=\"768\" height=\"511\" src=\"https:\/\/www.elturistatranquil.com\/wp-content\/uploads\/F27-Prades.Tarragona.jpg\" class=\"attachment-large size-large wp-image-33966\" alt=\"Prades.Tarragona\" srcset=\"https:\/\/www.elturistatranquil.com\/wp-content\/uploads\/F27-Prades.Tarragona.jpg 768w, https:\/\/www.elturistatranquil.com\/wp-content\/uploads\/F27-Prades.Tarragona-339x226.jpg 339w\" sizes=\"(max-width: 768px) 100vw, 768px\" \/>\t\t\t\t\t\t\t\t\t\t\t<figcaption class=\"widget-image-caption wp-caption-text\"><\/figcaption>\n\t\t\t\t\t\t\t\t\t\t<\/figure>\n\t\t\t\t\t\t\t\t\t<\/div>\n\t\t\t\t<\/div>\n\t\t\t\t<div class=\"elementor-element elementor-element-10c9fb9 elementor-widget elementor-widget-text-editor\" data-id=\"10c9fb9\" data-element_type=\"widget\" data-e-type=\"widget\" data-widget_type=\"text-editor.default\">\n\t\t\t\t<div class=\"elementor-widget-container\">\n\t\t\t\t\t\t\t\t\t<p>En aquesta entrada es constata clarament com s\u2019obren en ventall els carrers, per confluir a la portada.<\/p>\t\t\t\t\t\t\t\t<\/div>\n\t\t\t\t<\/div>\n\t\t\t\t<div class=\"elementor-element elementor-element-9feb7b2 elementor-widget elementor-widget-image\" data-id=\"9feb7b2\" data-element_type=\"widget\" data-e-type=\"widget\" data-widget_type=\"image.default\">\n\t\t\t\t<div class=\"elementor-widget-container\">\n\t\t\t\t\t\t\t\t\t\t\t\t<figure class=\"wp-caption\">\n\t\t\t\t\t\t\t\t\t\t<img loading=\"lazy\" decoding=\"async\" width=\"768\" height=\"511\" src=\"https:\/\/www.elturistatranquil.com\/wp-content\/uploads\/F28-Prades.Tarragona.jpg\" class=\"attachment-large size-large wp-image-33968\" alt=\"Prades.Tarragona\" srcset=\"https:\/\/www.elturistatranquil.com\/wp-content\/uploads\/F28-Prades.Tarragona.jpg 768w, https:\/\/www.elturistatranquil.com\/wp-content\/uploads\/F28-Prades.Tarragona-339x226.jpg 339w\" sizes=\"(max-width: 768px) 100vw, 768px\" \/>\t\t\t\t\t\t\t\t\t\t\t<figcaption class=\"widget-image-caption wp-caption-text\"><\/figcaption>\n\t\t\t\t\t\t\t\t\t\t<\/figure>\n\t\t\t\t\t\t\t\t\t<\/div>\n\t\t\t\t<\/div>\n\t\t\t\t<div class=\"elementor-element elementor-element-a1c08f5 elementor-widget elementor-widget-text-editor\" data-id=\"a1c08f5\" data-element_type=\"widget\" data-e-type=\"widget\" data-widget_type=\"text-editor.default\">\n\t\t\t\t<div class=\"elementor-widget-container\">\n\t\t\t\t\t\t\t\t\t<p>Aquesta porta enlla\u00e7ava amb el cam\u00ed de la Conca de Barber\u00e0.<\/p><p>La porta era igualment dovellada d\u2019arc de mig punt. Per accedir-hi s\u2019ha de passar sobre un pont per superar el <strong>barranc dels Bassots<\/strong>, que li fa de fossat.<\/p>\t\t\t\t\t\t\t\t<\/div>\n\t\t\t\t<\/div>\n\t\t\t\t<div class=\"elementor-element elementor-element-1073304 elementor-widget elementor-widget-image\" data-id=\"1073304\" data-element_type=\"widget\" data-e-type=\"widget\" data-widget_type=\"image.default\">\n\t\t\t\t<div class=\"elementor-widget-container\">\n\t\t\t\t\t\t\t\t\t\t\t\t<figure class=\"wp-caption\">\n\t\t\t\t\t\t\t\t\t\t<img loading=\"lazy\" decoding=\"async\" width=\"768\" height=\"511\" src=\"https:\/\/www.elturistatranquil.com\/wp-content\/uploads\/F29-Prades.Tarragona.jpg\" class=\"attachment-large size-large wp-image-33970\" alt=\"Prades.Tarragona\" srcset=\"https:\/\/www.elturistatranquil.com\/wp-content\/uploads\/F29-Prades.Tarragona.jpg 768w, https:\/\/www.elturistatranquil.com\/wp-content\/uploads\/F29-Prades.Tarragona-339x226.jpg 339w\" sizes=\"(max-width: 768px) 100vw, 768px\" \/>\t\t\t\t\t\t\t\t\t\t\t<figcaption class=\"widget-image-caption wp-caption-text\"><\/figcaption>\n\t\t\t\t\t\t\t\t\t\t<\/figure>\n\t\t\t\t\t\t\t\t\t<\/div>\n\t\t\t\t<\/div>\n\t\t\t\t<div class=\"elementor-element elementor-element-10e52f8 elementor-widget elementor-widget-image\" data-id=\"10e52f8\" data-element_type=\"widget\" data-e-type=\"widget\" data-widget_type=\"image.default\">\n\t\t\t\t<div class=\"elementor-widget-container\">\n\t\t\t\t\t\t\t\t\t\t\t\t<figure class=\"wp-caption\">\n\t\t\t\t\t\t\t\t\t\t<img loading=\"lazy\" decoding=\"async\" width=\"768\" height=\"511\" src=\"https:\/\/www.elturistatranquil.com\/wp-content\/uploads\/F30-Prades.Tarragona.jpg\" class=\"attachment-large size-large wp-image-33972\" alt=\"Prades.Tarragona\" srcset=\"https:\/\/www.elturistatranquil.com\/wp-content\/uploads\/F30-Prades.Tarragona.jpg 768w, https:\/\/www.elturistatranquil.com\/wp-content\/uploads\/F30-Prades.Tarragona-339x226.jpg 339w\" sizes=\"(max-width: 768px) 100vw, 768px\" \/>\t\t\t\t\t\t\t\t\t\t\t<figcaption class=\"widget-image-caption wp-caption-text\"><\/figcaption>\n\t\t\t\t\t\t\t\t\t\t<\/figure>\n\t\t\t\t\t\t\t\t\t<\/div>\n\t\t\t\t<\/div>\n\t\t\t\t<div class=\"elementor-element elementor-element-c23a30a elementor-widget elementor-widget-text-editor\" data-id=\"c23a30a\" data-element_type=\"widget\" data-e-type=\"widget\" data-widget_type=\"text-editor.default\">\n\t\t\t\t<div class=\"elementor-widget-container\">\n\t\t\t\t\t\t\t\t\t<p>Al mur de la casa, suposo que per part del propietari, hi ha penjats una nombrosa quantitat d\u2019estris i utillatge agr\u00edcola que fan de museo etnogr\u00e0fic a l\u2019aire lliure. A la balconada interior sobre la portada, continua l\u2019exposici\u00f3 etnogr\u00e0fica.<\/p>\t\t\t\t\t\t\t\t<\/div>\n\t\t\t\t<\/div>\n\t\t\t\t<div class=\"elementor-element elementor-element-56a075c elementor-widget elementor-widget-image\" data-id=\"56a075c\" data-element_type=\"widget\" data-e-type=\"widget\" data-widget_type=\"image.default\">\n\t\t\t\t<div class=\"elementor-widget-container\">\n\t\t\t\t\t\t\t\t\t\t\t\t<figure class=\"wp-caption\">\n\t\t\t\t\t\t\t\t\t\t<img loading=\"lazy\" decoding=\"async\" width=\"768\" height=\"511\" src=\"https:\/\/www.elturistatranquil.com\/wp-content\/uploads\/F31a-Prades.Tarragona.jpg\" class=\"attachment-large size-large wp-image-33974\" alt=\"Prades.Tarragona\" srcset=\"https:\/\/www.elturistatranquil.com\/wp-content\/uploads\/F31a-Prades.Tarragona.jpg 768w, https:\/\/www.elturistatranquil.com\/wp-content\/uploads\/F31a-Prades.Tarragona-339x226.jpg 339w\" sizes=\"(max-width: 768px) 100vw, 768px\" \/>\t\t\t\t\t\t\t\t\t\t\t<figcaption class=\"widget-image-caption wp-caption-text\"><\/figcaption>\n\t\t\t\t\t\t\t\t\t\t<\/figure>\n\t\t\t\t\t\t\t\t\t<\/div>\n\t\t\t\t<\/div>\n\t\t\t\t<div class=\"elementor-element elementor-element-c993554 elementor-widget elementor-widget-image\" data-id=\"c993554\" data-element_type=\"widget\" data-e-type=\"widget\" data-widget_type=\"image.default\">\n\t\t\t\t<div class=\"elementor-widget-container\">\n\t\t\t\t\t\t\t\t\t\t\t\t<figure class=\"wp-caption\">\n\t\t\t\t\t\t\t\t\t\t<img loading=\"lazy\" decoding=\"async\" width=\"768\" height=\"511\" src=\"https:\/\/www.elturistatranquil.com\/wp-content\/uploads\/F31b-Prades.Tarragona.jpg\" class=\"attachment-large size-large wp-image-33976\" alt=\"Prades.Tarragona\" srcset=\"https:\/\/www.elturistatranquil.com\/wp-content\/uploads\/F31b-Prades.Tarragona.jpg 768w, https:\/\/www.elturistatranquil.com\/wp-content\/uploads\/F31b-Prades.Tarragona-339x226.jpg 339w\" sizes=\"(max-width: 768px) 100vw, 768px\" \/>\t\t\t\t\t\t\t\t\t\t\t<figcaption class=\"widget-image-caption wp-caption-text\"><\/figcaption>\n\t\t\t\t\t\t\t\t\t\t<\/figure>\n\t\t\t\t\t\t\t\t\t<\/div>\n\t\t\t\t<\/div>\n\t\t\t\t<div class=\"elementor-element elementor-element-1bb0e26 elementor-widget elementor-widget-heading\" data-id=\"1bb0e26\" data-element_type=\"widget\" data-e-type=\"widget\" data-widget_type=\"heading.default\">\n\t\t\t\t<div class=\"elementor-widget-container\">\n\t\t\t\t\t<h4 class=\"elementor-heading-title elementor-size-default\">La muralla i la Torre de defensa<\/h4>\t\t\t\t<\/div>\n\t\t\t\t<\/div>\n\t\t\t\t<div class=\"elementor-element elementor-element-8fd8ec7 elementor-widget elementor-widget-text-editor\" data-id=\"8fd8ec7\" data-element_type=\"widget\" data-e-type=\"widget\" data-widget_type=\"text-editor.default\">\n\t\t\t\t<div class=\"elementor-widget-container\">\n\t\t\t\t\t\t\t\t\t<p>Retornar\u00e9 per l\u2019exterior de la localitat per observar el per\u00edmetre i les restes de la muralla que es conserven.<\/p><p>La major part de la muralla est\u00e0 ocupada per construccions civils que, en gran mesura, s\u2019han aprofitat del mur.<\/p>\t\t\t\t\t\t\t\t<\/div>\n\t\t\t\t<\/div>\n\t\t\t\t<div class=\"elementor-element elementor-element-4310a40 elementor-widget elementor-widget-image\" data-id=\"4310a40\" data-element_type=\"widget\" data-e-type=\"widget\" data-widget_type=\"image.default\">\n\t\t\t\t<div class=\"elementor-widget-container\">\n\t\t\t\t\t\t\t\t\t\t\t\t<figure class=\"wp-caption\">\n\t\t\t\t\t\t\t\t\t\t<img loading=\"lazy\" decoding=\"async\" width=\"768\" height=\"511\" src=\"https:\/\/www.elturistatranquil.com\/wp-content\/uploads\/F32-Prades.Tarragona.jpg\" class=\"attachment-large size-large wp-image-33978\" alt=\"Prades.Tarragona\" srcset=\"https:\/\/www.elturistatranquil.com\/wp-content\/uploads\/F32-Prades.Tarragona.jpg 768w, https:\/\/www.elturistatranquil.com\/wp-content\/uploads\/F32-Prades.Tarragona-339x226.jpg 339w\" sizes=\"(max-width: 768px) 100vw, 768px\" \/>\t\t\t\t\t\t\t\t\t\t\t<figcaption class=\"widget-image-caption wp-caption-text\"><\/figcaption>\n\t\t\t\t\t\t\t\t\t\t<\/figure>\n\t\t\t\t\t\t\t\t\t<\/div>\n\t\t\t\t<\/div>\n\t\t\t\t<div class=\"elementor-element elementor-element-940d0b0 elementor-widget elementor-widget-text-editor\" data-id=\"940d0b0\" data-element_type=\"widget\" data-e-type=\"widget\" data-widget_type=\"text-editor.default\">\n\t\t\t\t<div class=\"elementor-widget-container\">\n\t\t\t\t\t\t\t\t\t<p>Rest\u00e0, per\u00f2, una <strong>torre de defensa<\/strong> (<strong>o<\/strong>), en la que encara si poden observar les espitlleres.<\/p>\t\t\t\t\t\t\t\t<\/div>\n\t\t\t\t<\/div>\n\t\t\t\t<div class=\"elementor-element elementor-element-0f132ca elementor-widget elementor-widget-image\" data-id=\"0f132ca\" data-element_type=\"widget\" data-e-type=\"widget\" data-widget_type=\"image.default\">\n\t\t\t\t<div class=\"elementor-widget-container\">\n\t\t\t\t\t\t\t\t\t\t\t\t<figure class=\"wp-caption\">\n\t\t\t\t\t\t\t\t\t\t<img loading=\"lazy\" decoding=\"async\" width=\"768\" height=\"511\" src=\"https:\/\/www.elturistatranquil.com\/wp-content\/uploads\/F33a-Prades.Tarragona.jpg\" class=\"attachment-large size-large wp-image-33980\" alt=\"Prades.Tarragona\" srcset=\"https:\/\/www.elturistatranquil.com\/wp-content\/uploads\/F33a-Prades.Tarragona.jpg 768w, https:\/\/www.elturistatranquil.com\/wp-content\/uploads\/F33a-Prades.Tarragona-339x226.jpg 339w\" sizes=\"(max-width: 768px) 100vw, 768px\" \/>\t\t\t\t\t\t\t\t\t\t\t<figcaption class=\"widget-image-caption wp-caption-text\"><\/figcaption>\n\t\t\t\t\t\t\t\t\t\t<\/figure>\n\t\t\t\t\t\t\t\t\t<\/div>\n\t\t\t\t<\/div>\n\t\t\t\t<div class=\"elementor-element elementor-element-91e607c elementor-widget elementor-widget-text-editor\" data-id=\"91e607c\" data-element_type=\"widget\" data-e-type=\"widget\" data-widget_type=\"text-editor.default\">\n\t\t\t\t<div class=\"elementor-widget-container\">\n\t\t\t\t\t\t\t\t\t<p>Avan\u00e7ant en el recorregut fins la pla\u00e7a Sant Roc, es disposa d\u2019una magn\u00edfica perspectiva del lateral de l\u2019evangeli, l\u2019absis i la torre de l\u2019esgl\u00e9sia de Santa Maria.<\/p><p>Es constata l&#8217;exterioritzaci\u00f3 de mig cos de el temple sobresortint de la muralla, definida per les cases que s&#8217;agreguen al lateral del temple.<\/p>\t\t\t\t\t\t\t\t<\/div>\n\t\t\t\t<\/div>\n\t\t\t\t<div class=\"elementor-element elementor-element-8a9424b elementor-widget elementor-widget-image\" data-id=\"8a9424b\" data-element_type=\"widget\" data-e-type=\"widget\" data-widget_type=\"image.default\">\n\t\t\t\t<div class=\"elementor-widget-container\">\n\t\t\t\t\t\t\t\t\t\t\t\t<figure class=\"wp-caption\">\n\t\t\t\t\t\t\t\t\t\t<img loading=\"lazy\" decoding=\"async\" width=\"768\" height=\"511\" src=\"https:\/\/www.elturistatranquil.com\/wp-content\/uploads\/F33b-Prades.Tarragona.jpg\" class=\"attachment-large size-large wp-image-33982\" alt=\"Prades.Tarragona\" srcset=\"https:\/\/www.elturistatranquil.com\/wp-content\/uploads\/F33b-Prades.Tarragona.jpg 768w, https:\/\/www.elturistatranquil.com\/wp-content\/uploads\/F33b-Prades.Tarragona-339x226.jpg 339w\" sizes=\"(max-width: 768px) 100vw, 768px\" \/>\t\t\t\t\t\t\t\t\t\t\t<figcaption class=\"widget-image-caption wp-caption-text\"><\/figcaption>\n\t\t\t\t\t\t\t\t\t\t<\/figure>\n\t\t\t\t\t\t\t\t\t<\/div>\n\t\t\t\t<\/div>\n\t\t\t\t<div class=\"elementor-element elementor-element-4e13143 elementor-widget elementor-widget-text-editor\" data-id=\"4e13143\" data-element_type=\"widget\" data-e-type=\"widget\" data-widget_type=\"text-editor.default\">\n\t\t\t\t<div class=\"elementor-widget-container\">\n\t\t\t\t\t\t\t\t\t<p>Segueixo fins a la <strong>Oficina de Turisme<\/strong> (<strong>O<\/strong>) per l\u2019exterior de la muralla, el que em permet observar la construcci\u00f3 cantonera (<strong>p<\/strong>) d\u2019aquesta amb el lateral sud. Una casa pairal s\u2019hi va adossar, obrint una porta i altres obertures, per\u00f2 va deixar a la vista l\u2019entroncament de la casa amb el mur, que permet visualitzar la seva estructura interior: m\u00e9s s\u00f2lida de carreus la meitat inferior.\u00a0<\/p>\t\t\t\t\t\t\t\t<\/div>\n\t\t\t\t<\/div>\n\t\t\t\t<div class=\"elementor-element elementor-element-8afa1f3 elementor-widget elementor-widget-image\" data-id=\"8afa1f3\" data-element_type=\"widget\" data-e-type=\"widget\" data-widget_type=\"image.default\">\n\t\t\t\t<div class=\"elementor-widget-container\">\n\t\t\t\t\t\t\t\t\t\t\t\t<figure class=\"wp-caption\">\n\t\t\t\t\t\t\t\t\t\t<img loading=\"lazy\" decoding=\"async\" width=\"768\" height=\"511\" src=\"https:\/\/www.elturistatranquil.com\/wp-content\/uploads\/F34-Prades.Tarragona.jpg\" class=\"attachment-large size-large wp-image-33984\" alt=\"Prades.Tarragona\" srcset=\"https:\/\/www.elturistatranquil.com\/wp-content\/uploads\/F34-Prades.Tarragona.jpg 768w, https:\/\/www.elturistatranquil.com\/wp-content\/uploads\/F34-Prades.Tarragona-339x226.jpg 339w\" sizes=\"(max-width: 768px) 100vw, 768px\" \/>\t\t\t\t\t\t\t\t\t\t\t<figcaption class=\"widget-image-caption wp-caption-text\"><\/figcaption>\n\t\t\t\t\t\t\t\t\t\t<\/figure>\n\t\t\t\t\t\t\t\t\t<\/div>\n\t\t\t\t<\/div>\n\t\t\t\t<div class=\"elementor-element elementor-element-66bd476 elementor-widget elementor-widget-image\" data-id=\"66bd476\" data-element_type=\"widget\" data-e-type=\"widget\" data-widget_type=\"image.default\">\n\t\t\t\t<div class=\"elementor-widget-container\">\n\t\t\t\t\t\t\t\t\t\t\t\t<figure class=\"wp-caption\">\n\t\t\t\t\t\t\t\t\t\t<img loading=\"lazy\" decoding=\"async\" width=\"768\" height=\"512\" src=\"https:\/\/www.elturistatranquil.com\/wp-content\/uploads\/F35-Prades.Tarragona.jpg\" class=\"attachment-large size-large wp-image-33986\" alt=\"Prades.Tarragona\" srcset=\"https:\/\/www.elturistatranquil.com\/wp-content\/uploads\/F35-Prades.Tarragona.jpg 768w, https:\/\/www.elturistatranquil.com\/wp-content\/uploads\/F35-Prades.Tarragona-339x226.jpg 339w\" sizes=\"(max-width: 768px) 100vw, 768px\" \/>\t\t\t\t\t\t\t\t\t\t\t<figcaption class=\"widget-image-caption wp-caption-text\"><\/figcaption>\n\t\t\t\t\t\t\t\t\t\t<\/figure>\n\t\t\t\t\t\t\t\t\t<\/div>\n\t\t\t\t<\/div>\n\t\t\t\t<div class=\"elementor-element elementor-element-3393d2c elementor-widget elementor-widget-text-editor\" data-id=\"3393d2c\" data-element_type=\"widget\" data-e-type=\"widget\" data-widget_type=\"text-editor.default\">\n\t\t\t\t<div class=\"elementor-widget-container\">\n\t\t\t\t\t\t\t\t\t<p>A la Oficina de Turisme acabo la meva visita. Si observeu els fulletons i informaci\u00f3 tur\u00edstica podria ampliar-la, sobre tot per indrets dels voltants. Us ho deixo per quan hi aneu.<\/p><p>Abans de tancar aquesta presentaci\u00f3 vull fixar-me en dos aspectes d\u2019ordre cultural que es troben vinculats a Prades: <em>la mirada de Mir\u00f3<\/em> i la iniciativa \u201c<em>Els Tamborinos<\/em>\u201d.<\/p>\t\t\t\t\t\t\t\t<\/div>\n\t\t\t\t<\/div>\n\t\t\t\t<div class=\"elementor-element elementor-element-680503d elementor-widget elementor-widget-heading\" data-id=\"680503d\" data-element_type=\"widget\" data-e-type=\"widget\" data-widget_type=\"heading.default\">\n\t\t\t\t<div class=\"elementor-widget-container\">\n\t\t\t\t\t<h4 class=\"elementor-heading-title elementor-size-default\">Prades, la mirada de Mir\u00f3<\/h4>\t\t\t\t<\/div>\n\t\t\t\t<\/div>\n\t\t\t\t<div class=\"elementor-element elementor-element-2dc6932 elementor-widget elementor-widget-text-editor\" data-id=\"2dc6932\" data-element_type=\"widget\" data-e-type=\"widget\" data-widget_type=\"text-editor.default\">\n\t\t\t\t<div class=\"elementor-widget-container\">\n\t\t\t\t\t\t\t\t\t<p>Fruit de les seves estades a la comarca, Joan Mir\u00f3, quan tenia 24 anys, va elaborar diverses peces art\u00edstiques on representava el paisatge de Prades i de les seves Muntanyes. Del conjunt d\u2019aquestes obres, una de les m\u00e9s conegudes \u00e9s <strong>Prades, el poble<\/strong>, pintada el 1917, que es conserva al <em>Solomon R. Guggenheim Museum<\/em> de Nova York.<\/p>\t\t\t\t\t\t\t\t<\/div>\n\t\t\t\t<\/div>\n\t\t\t\t<div class=\"elementor-element elementor-element-5ef1e4f elementor-widget elementor-widget-image\" data-id=\"5ef1e4f\" data-element_type=\"widget\" data-e-type=\"widget\" data-widget_type=\"image.default\">\n\t\t\t\t<div class=\"elementor-widget-container\">\n\t\t\t\t\t\t\t\t\t\t\t\t<figure class=\"wp-caption\">\n\t\t\t\t\t\t\t\t\t\t<img loading=\"lazy\" decoding=\"async\" width=\"615\" height=\"550\" src=\"https:\/\/www.elturistatranquil.com\/wp-content\/uploads\/F36-Prades.Tarragona-Joan-Miro-Prades-el-pueblo.jpg\" class=\"attachment-large size-large wp-image-33988\" alt=\"Prades.Tarragona-Joan Miro Prades el pueblo\" srcset=\"https:\/\/www.elturistatranquil.com\/wp-content\/uploads\/F36-Prades.Tarragona-Joan-Miro-Prades-el-pueblo.jpg 615w, https:\/\/www.elturistatranquil.com\/wp-content\/uploads\/F36-Prades.Tarragona-Joan-Miro-Prades-el-pueblo-253x226.jpg 253w\" sizes=\"(max-width: 615px) 100vw, 615px\" \/>\t\t\t\t\t\t\t\t\t\t\t<figcaption class=\"widget-image-caption wp-caption-text\"><\/figcaption>\n\t\t\t\t\t\t\t\t\t\t<\/figure>\n\t\t\t\t\t\t\t\t\t<\/div>\n\t\t\t\t<\/div>\n\t\t\t\t<div class=\"elementor-element elementor-element-1998c6b elementor-widget elementor-widget-text-editor\" data-id=\"1998c6b\" data-element_type=\"widget\" data-e-type=\"widget\" data-widget_type=\"text-editor.default\">\n\t\t\t\t<div class=\"elementor-widget-container\">\n\t\t\t\t\t\t\t\t\t<p>L\u2019altre, tamb\u00e9 de 1917, \u00e9s la titulada <strong>Carrer de Prades<\/strong>, (Col\u00b7lecci\u00f3 particular), en que Mir\u00f3 retrata l\u2019avinguda de la Verge de l\u2019Abellera i l\u2019absis de l\u2019esgl\u00e9sia de Santa Maria la Major.<\/p>\t\t\t\t\t\t\t\t<\/div>\n\t\t\t\t<\/div>\n\t\t\t\t<div class=\"elementor-element elementor-element-bc98fa8 elementor-widget elementor-widget-image\" data-id=\"bc98fa8\" data-element_type=\"widget\" data-e-type=\"widget\" data-widget_type=\"image.default\">\n\t\t\t\t<div class=\"elementor-widget-container\">\n\t\t\t\t\t\t\t\t\t\t\t\t<figure class=\"wp-caption\">\n\t\t\t\t\t\t\t\t\t\t<img loading=\"lazy\" decoding=\"async\" width=\"627\" height=\"550\" src=\"https:\/\/www.elturistatranquil.com\/wp-content\/uploads\/F37-Prades.Tarragona-Joan-Miro.-Carrer-de-Prades.jpg\" class=\"attachment-large size-large wp-image-33990\" alt=\"Prades.Tarragona Joan Mir\u00f3. Carrer de Prades\" srcset=\"https:\/\/www.elturistatranquil.com\/wp-content\/uploads\/F37-Prades.Tarragona-Joan-Miro.-Carrer-de-Prades.jpg 627w, https:\/\/www.elturistatranquil.com\/wp-content\/uploads\/F37-Prades.Tarragona-Joan-Miro.-Carrer-de-Prades-258x226.jpg 258w\" sizes=\"(max-width: 627px) 100vw, 627px\" \/>\t\t\t\t\t\t\t\t\t\t\t<figcaption class=\"widget-image-caption wp-caption-text\"><\/figcaption>\n\t\t\t\t\t\t\t\t\t\t<\/figure>\n\t\t\t\t\t\t\t\t\t<\/div>\n\t\t\t\t<\/div>\n\t\t\t\t<div class=\"elementor-element elementor-element-9e4df23 elementor-widget elementor-widget-heading\" data-id=\"9e4df23\" data-element_type=\"widget\" data-e-type=\"widget\" data-widget_type=\"heading.default\">\n\t\t\t\t<div class=\"elementor-widget-container\">\n\t\t\t\t\t<h4 class=\"elementor-heading-title elementor-size-default\">La iniciativa \u201cEls Tamborinos\u201d<\/h4>\t\t\t\t<\/div>\n\t\t\t\t<\/div>\n\t\t\t\t<div class=\"elementor-element elementor-element-7487fd7 elementor-widget elementor-widget-text-editor\" data-id=\"7487fd7\" data-element_type=\"widget\" data-e-type=\"widget\" data-widget_type=\"text-editor.default\">\n\t\t\t\t<div class=\"elementor-widget-container\">\n\t\t\t\t\t\t\t\t\t<p>En un gran nombre de fa\u00e7anes de tota la vila crida l\u2019atenci\u00f3 la iniciativa <strong>\u201cEls Tamborinos\u201d<\/strong> de Prades, que han anant recopilant fotografies de la historia recent del poble, i algunes d\u2019aquestes les han situat, reprodu\u00efdes a mida natural, distribu\u00efdes sobre les parets dels edificis. Constitueix una exposici\u00f3 permanent de fotografies d\u2019habitants, on s\u2019explica les seves hist\u00f2ries.<\/p><p>A continuaci\u00f3, en presento alguns exemples.<\/p>\t\t\t\t\t\t\t\t<\/div>\n\t\t\t\t<\/div>\n\t\t\t\t<div class=\"elementor-element elementor-element-6742727 elementor-widget elementor-widget-image\" data-id=\"6742727\" data-element_type=\"widget\" data-e-type=\"widget\" data-widget_type=\"image.default\">\n\t\t\t\t<div class=\"elementor-widget-container\">\n\t\t\t\t\t\t\t\t\t\t\t\t<figure class=\"wp-caption\">\n\t\t\t\t\t\t\t\t\t\t<img loading=\"lazy\" decoding=\"async\" width=\"768\" height=\"511\" src=\"https:\/\/www.elturistatranquil.com\/wp-content\/uploads\/F38-Prades.Tarragona.jpg\" class=\"attachment-large size-large wp-image-33992\" alt=\"Prades.Tarragona\" srcset=\"https:\/\/www.elturistatranquil.com\/wp-content\/uploads\/F38-Prades.Tarragona.jpg 768w, https:\/\/www.elturistatranquil.com\/wp-content\/uploads\/F38-Prades.Tarragona-339x226.jpg 339w\" sizes=\"(max-width: 768px) 100vw, 768px\" \/>\t\t\t\t\t\t\t\t\t\t\t<figcaption class=\"widget-image-caption wp-caption-text\"><\/figcaption>\n\t\t\t\t\t\t\t\t\t\t<\/figure>\n\t\t\t\t\t\t\t\t\t<\/div>\n\t\t\t\t<\/div>\n\t\t\t\t<div class=\"elementor-element elementor-element-7519856 elementor-widget elementor-widget-image\" data-id=\"7519856\" data-element_type=\"widget\" data-e-type=\"widget\" data-widget_type=\"image.default\">\n\t\t\t\t<div class=\"elementor-widget-container\">\n\t\t\t\t\t\t\t\t\t\t\t\t<figure class=\"wp-caption\">\n\t\t\t\t\t\t\t\t\t\t<img loading=\"lazy\" decoding=\"async\" width=\"768\" height=\"512\" src=\"https:\/\/www.elturistatranquil.com\/wp-content\/uploads\/F39-Prades.Tarragona.jpg\" class=\"attachment-large size-large wp-image-33994\" alt=\"Prades.Tarragona\" srcset=\"https:\/\/www.elturistatranquil.com\/wp-content\/uploads\/F39-Prades.Tarragona.jpg 768w, https:\/\/www.elturistatranquil.com\/wp-content\/uploads\/F39-Prades.Tarragona-339x226.jpg 339w\" sizes=\"(max-width: 768px) 100vw, 768px\" \/>\t\t\t\t\t\t\t\t\t\t\t<figcaption class=\"widget-image-caption wp-caption-text\"><\/figcaption>\n\t\t\t\t\t\t\t\t\t\t<\/figure>\n\t\t\t\t\t\t\t\t\t<\/div>\n\t\t\t\t<\/div>\n\t\t\t\t<div class=\"elementor-element elementor-element-2efc6e3 elementor-widget elementor-widget-image\" data-id=\"2efc6e3\" data-element_type=\"widget\" data-e-type=\"widget\" data-widget_type=\"image.default\">\n\t\t\t\t<div class=\"elementor-widget-container\">\n\t\t\t\t\t\t\t\t\t\t\t\t<figure class=\"wp-caption\">\n\t\t\t\t\t\t\t\t\t\t<img loading=\"lazy\" decoding=\"async\" width=\"768\" height=\"511\" src=\"https:\/\/www.elturistatranquil.com\/wp-content\/uploads\/F40-Prades.Tarragona.jpg\" class=\"attachment-large size-large wp-image-33996\" alt=\"Prades.Tarragona\" srcset=\"https:\/\/www.elturistatranquil.com\/wp-content\/uploads\/F40-Prades.Tarragona.jpg 768w, https:\/\/www.elturistatranquil.com\/wp-content\/uploads\/F40-Prades.Tarragona-339x226.jpg 339w\" sizes=\"(max-width: 768px) 100vw, 768px\" \/>\t\t\t\t\t\t\t\t\t\t\t<figcaption class=\"widget-image-caption wp-caption-text\"><\/figcaption>\n\t\t\t\t\t\t\t\t\t\t<\/figure>\n\t\t\t\t\t\t\t\t\t<\/div>\n\t\t\t\t<\/div>\n\t\t\t\t<div class=\"elementor-element elementor-element-cd68c54 elementor-widget elementor-widget-image\" data-id=\"cd68c54\" data-element_type=\"widget\" data-e-type=\"widget\" data-widget_type=\"image.default\">\n\t\t\t\t<div class=\"elementor-widget-container\">\n\t\t\t\t\t\t\t\t\t\t\t\t<figure class=\"wp-caption\">\n\t\t\t\t\t\t\t\t\t\t<img loading=\"lazy\" decoding=\"async\" width=\"768\" height=\"511\" src=\"https:\/\/www.elturistatranquil.com\/wp-content\/uploads\/F41-Prades.Tarragona.jpg\" class=\"attachment-large size-large wp-image-33998\" alt=\"Prades.Tarragona\" srcset=\"https:\/\/www.elturistatranquil.com\/wp-content\/uploads\/F41-Prades.Tarragona.jpg 768w, https:\/\/www.elturistatranquil.com\/wp-content\/uploads\/F41-Prades.Tarragona-339x226.jpg 339w\" sizes=\"(max-width: 768px) 100vw, 768px\" \/>\t\t\t\t\t\t\t\t\t\t\t<figcaption class=\"widget-image-caption wp-caption-text\"><\/figcaption>\n\t\t\t\t\t\t\t\t\t\t<\/figure>\n\t\t\t\t\t\t\t\t\t<\/div>\n\t\t\t\t<\/div>\n\t\t\t\t<div class=\"elementor-element elementor-element-4d3c66d elementor-widget elementor-widget-image\" data-id=\"4d3c66d\" data-element_type=\"widget\" data-e-type=\"widget\" data-widget_type=\"image.default\">\n\t\t\t\t<div class=\"elementor-widget-container\">\n\t\t\t\t\t\t\t\t\t\t\t\t<figure class=\"wp-caption\">\n\t\t\t\t\t\t\t\t\t\t<img loading=\"lazy\" decoding=\"async\" width=\"768\" height=\"512\" src=\"https:\/\/www.elturistatranquil.com\/wp-content\/uploads\/F42-Prades.Tarragona.jpg\" class=\"attachment-large size-large wp-image-34000\" alt=\"Prades.Tarragona\" srcset=\"https:\/\/www.elturistatranquil.com\/wp-content\/uploads\/F42-Prades.Tarragona.jpg 768w, https:\/\/www.elturistatranquil.com\/wp-content\/uploads\/F42-Prades.Tarragona-339x226.jpg 339w\" sizes=\"(max-width: 768px) 100vw, 768px\" \/>\t\t\t\t\t\t\t\t\t\t\t<figcaption class=\"widget-image-caption wp-caption-text\"><\/figcaption>\n\t\t\t\t\t\t\t\t\t\t<\/figure>\n\t\t\t\t\t\t\t\t\t<\/div>\n\t\t\t\t<\/div>\n\t\t\t\t<div class=\"elementor-element elementor-element-eccd3ba elementor-widget elementor-widget-image\" data-id=\"eccd3ba\" data-element_type=\"widget\" data-e-type=\"widget\" data-widget_type=\"image.default\">\n\t\t\t\t<div class=\"elementor-widget-container\">\n\t\t\t\t\t\t\t\t\t\t\t\t<figure class=\"wp-caption\">\n\t\t\t\t\t\t\t\t\t\t<img loading=\"lazy\" decoding=\"async\" width=\"768\" height=\"512\" src=\"https:\/\/www.elturistatranquil.com\/wp-content\/uploads\/F43-Prades.Tarragona.jpg\" class=\"attachment-large size-large wp-image-34002\" alt=\"Prades.Tarragona\" srcset=\"https:\/\/www.elturistatranquil.com\/wp-content\/uploads\/F43-Prades.Tarragona.jpg 768w, https:\/\/www.elturistatranquil.com\/wp-content\/uploads\/F43-Prades.Tarragona-339x226.jpg 339w\" sizes=\"(max-width: 768px) 100vw, 768px\" \/>\t\t\t\t\t\t\t\t\t\t\t<figcaption class=\"widget-image-caption wp-caption-text\"><\/figcaption>\n\t\t\t\t\t\t\t\t\t\t<\/figure>\n\t\t\t\t\t\t\t\t\t<\/div>\n\t\t\t\t<\/div>\n\t\t\t\t<div class=\"elementor-element elementor-element-9e7a326 elementor-widget elementor-widget-menu-anchor\" data-id=\"9e7a326\" data-element_type=\"widget\" data-e-type=\"widget\" data-widget_type=\"menu-anchor.default\">\n\t\t\t\t<div class=\"elementor-widget-container\">\n\t\t\t\t\t\t\t<div class=\"elementor-menu-anchor\" id=\"c6405\"><\/div>\n\t\t\t\t\t\t<\/div>\n\t\t\t\t<\/div>\n\t\t\t\t<div class=\"elementor-element elementor-element-77c1d01 elementor-widget elementor-widget-image\" data-id=\"77c1d01\" data-element_type=\"widget\" data-e-type=\"widget\" data-widget_type=\"image.default\">\n\t\t\t\t<div class=\"elementor-widget-container\">\n\t\t\t\t\t\t\t\t\t\t\t\t<figure class=\"wp-caption\">\n\t\t\t\t\t\t\t\t\t\t<img loading=\"lazy\" decoding=\"async\" width=\"768\" height=\"511\" src=\"https:\/\/www.elturistatranquil.com\/wp-content\/uploads\/F44-Prades.Tarragona.jpg\" class=\"attachment-large size-large wp-image-34004\" alt=\"Prades.Tarragona\" srcset=\"https:\/\/www.elturistatranquil.com\/wp-content\/uploads\/F44-Prades.Tarragona.jpg 768w, https:\/\/www.elturistatranquil.com\/wp-content\/uploads\/F44-Prades.Tarragona-339x226.jpg 339w\" sizes=\"(max-width: 768px) 100vw, 768px\" \/>\t\t\t\t\t\t\t\t\t\t\t<figcaption class=\"widget-image-caption wp-caption-text\"><\/figcaption>\n\t\t\t\t\t\t\t\t\t\t<\/figure>\n\t\t\t\t\t\t\t\t\t<\/div>\n\t\t\t\t<\/div>\n\t\t\t\t<div class=\"elementor-element elementor-element-2c1eb88 elementor-widget elementor-widget-heading\" data-id=\"2c1eb88\" data-element_type=\"widget\" data-e-type=\"widget\" data-widget_type=\"heading.default\">\n\t\t\t\t<div class=\"elementor-widget-container\">\n\t\t\t\t\t<h3 class=\"elementor-heading-title elementor-size-default\">Albarca<\/h3>\t\t\t\t<\/div>\n\t\t\t\t<\/div>\n\t\t\t\t<div class=\"elementor-element elementor-element-cae8904 elementor-widget elementor-widget-image\" data-id=\"cae8904\" data-element_type=\"widget\" data-e-type=\"widget\" data-widget_type=\"image.default\">\n\t\t\t\t<div class=\"elementor-widget-container\">\n\t\t\t\t\t\t\t\t\t\t\t\t<figure class=\"wp-caption\">\n\t\t\t\t\t\t\t\t\t\t<img loading=\"lazy\" decoding=\"async\" width=\"768\" height=\"511\" src=\"https:\/\/www.elturistatranquil.com\/wp-content\/uploads\/F45-Albarca.-Tarragona-Google-earth-2020-12-03.jpg\" class=\"attachment-large size-large wp-image-34006\" alt=\"Albarca. Tarragona (Google earth 2020-12-03)\" srcset=\"https:\/\/www.elturistatranquil.com\/wp-content\/uploads\/F45-Albarca.-Tarragona-Google-earth-2020-12-03.jpg 768w, https:\/\/www.elturistatranquil.com\/wp-content\/uploads\/F45-Albarca.-Tarragona-Google-earth-2020-12-03-339x226.jpg 339w\" sizes=\"(max-width: 768px) 100vw, 768px\" \/>\t\t\t\t\t\t\t\t\t\t\t<figcaption class=\"widget-image-caption wp-caption-text\">(Google maps 2020-11-30)<\/figcaption>\n\t\t\t\t\t\t\t\t\t\t<\/figure>\n\t\t\t\t\t\t\t\t\t<\/div>\n\t\t\t\t<\/div>\n\t\t\t\t<div class=\"elementor-element elementor-element-0b81d55 elementor-widget elementor-widget-text-editor\" data-id=\"0b81d55\" data-element_type=\"widget\" data-e-type=\"widget\" data-widget_type=\"text-editor.default\">\n\t\t\t\t<div class=\"elementor-widget-container\">\n\t\t\t\t\t\t\t\t\t<p>Municipi: Cornudella de Montsant. Comarca: Priorat. Coordenades: 41\u00b017\u203257\u2033N, 0\u00b054\u203236\u2033E. Altitud: 815 msnm. Poblaci\u00f3: 4 habitants en 2019.<\/p><p>En un quart d\u2019hora, a 8,5 kil\u00f2metres, arribo a Albarca.<\/p><p><strong>Albarca<\/strong> (<strong>C<\/strong>) es un ve\u00efnat agregat de Cornudella, a 815 msnm, dins del <strong>Parc Natural de la Serra de Montsant<\/strong>. Segons l\u2019INE nom\u00e9s hi consten 4 habitants en 2019: 2 homes i dues dones.<\/p><p>El poble \u00e9s d\u2019origen musulm\u00e0. Posteriorment va pert\u00e0nyer al comtat de Prades. Va ser municipi independent fins el segle XIX. Havia arribat a tenir m\u00e9s d\u2019un centenar d\u2019habitants.<\/p><p>La seva posici\u00f3 al cim d\u2019un pujol em fa veure que havia de ser un punt adient de localitzaci\u00f3 defensiva. En efecte, se\u2019n conserva el record commemoratiu del castell.<\/p>\t\t\t\t\t\t\t\t<\/div>\n\t\t\t\t<\/div>\n\t\t\t\t<div class=\"elementor-element elementor-element-9f92f2c elementor-widget elementor-widget-image\" data-id=\"9f92f2c\" data-element_type=\"widget\" data-e-type=\"widget\" data-widget_type=\"image.default\">\n\t\t\t\t<div class=\"elementor-widget-container\">\n\t\t\t\t\t\t\t\t\t\t\t\t<figure class=\"wp-caption\">\n\t\t\t\t\t\t\t\t\t\t<img loading=\"lazy\" decoding=\"async\" width=\"768\" height=\"511\" src=\"https:\/\/www.elturistatranquil.com\/wp-content\/uploads\/F46-Albarca.-Tarragona.jpg\" class=\"attachment-large size-large wp-image-34008\" alt=\"Albarca. Tarragona\" srcset=\"https:\/\/www.elturistatranquil.com\/wp-content\/uploads\/F46-Albarca.-Tarragona.jpg 768w, https:\/\/www.elturistatranquil.com\/wp-content\/uploads\/F46-Albarca.-Tarragona-339x226.jpg 339w\" sizes=\"(max-width: 768px) 100vw, 768px\" \/>\t\t\t\t\t\t\t\t\t\t\t<figcaption class=\"widget-image-caption wp-caption-text\"><\/figcaption>\n\t\t\t\t\t\t\t\t\t\t<\/figure>\n\t\t\t\t\t\t\t\t\t<\/div>\n\t\t\t\t<\/div>\n\t\t\t\t<div class=\"elementor-element elementor-element-b4e1c31 elementor-widget elementor-widget-image\" data-id=\"b4e1c31\" data-element_type=\"widget\" data-e-type=\"widget\" data-widget_type=\"image.default\">\n\t\t\t\t<div class=\"elementor-widget-container\">\n\t\t\t\t\t\t\t\t\t\t\t\t<figure class=\"wp-caption\">\n\t\t\t\t\t\t\t\t\t\t<img loading=\"lazy\" decoding=\"async\" width=\"768\" height=\"511\" src=\"https:\/\/www.elturistatranquil.com\/wp-content\/uploads\/F47-Albarca.-Tarragona.jpg\" class=\"attachment-large size-large wp-image-34013\" alt=\"Albarca. Tarragona\" srcset=\"https:\/\/www.elturistatranquil.com\/wp-content\/uploads\/F47-Albarca.-Tarragona.jpg 768w, https:\/\/www.elturistatranquil.com\/wp-content\/uploads\/F47-Albarca.-Tarragona-339x226.jpg 339w\" sizes=\"(max-width: 768px) 100vw, 768px\" \/>\t\t\t\t\t\t\t\t\t\t\t<figcaption class=\"widget-image-caption wp-caption-text\"><\/figcaption>\n\t\t\t\t\t\t\t\t\t\t<\/figure>\n\t\t\t\t\t\t\t\t\t<\/div>\n\t\t\t\t<\/div>\n\t\t\t\t<div class=\"elementor-element elementor-element-803d16b elementor-widget elementor-widget-text-editor\" data-id=\"803d16b\" data-element_type=\"widget\" data-e-type=\"widget\" data-widget_type=\"text-editor.default\">\n\t\t\t\t<div class=\"elementor-widget-container\">\n\t\t\t\t\t\t\t\t\t<p>La vida que es veia en el moment de la visita nom\u00e9s eren treballadors rehabilitant unes cases. Les residencies secundaries i cases rurals, i el Refugi Montsant de la Diputaci\u00f3 de Tarragona, s\u00f3n els que deuen donar-li vida els dies festius.<\/p>\t\t\t\t\t\t\t\t<\/div>\n\t\t\t\t<\/div>\n\t\t\t\t<div class=\"elementor-element elementor-element-6245902 elementor-widget elementor-widget-image\" data-id=\"6245902\" data-element_type=\"widget\" data-e-type=\"widget\" data-widget_type=\"image.default\">\n\t\t\t\t<div class=\"elementor-widget-container\">\n\t\t\t\t\t\t\t\t\t\t\t\t<figure class=\"wp-caption\">\n\t\t\t\t\t\t\t\t\t\t<img loading=\"lazy\" decoding=\"async\" width=\"768\" height=\"511\" src=\"https:\/\/www.elturistatranquil.com\/wp-content\/uploads\/F48-Albarca.-Tarragona.jpg\" class=\"attachment-large size-large wp-image-34015\" alt=\"Albarca. Tarragona\" srcset=\"https:\/\/www.elturistatranquil.com\/wp-content\/uploads\/F48-Albarca.-Tarragona.jpg 768w, https:\/\/www.elturistatranquil.com\/wp-content\/uploads\/F48-Albarca.-Tarragona-339x226.jpg 339w\" sizes=\"(max-width: 768px) 100vw, 768px\" \/>\t\t\t\t\t\t\t\t\t\t\t<figcaption class=\"widget-image-caption wp-caption-text\"><\/figcaption>\n\t\t\t\t\t\t\t\t\t\t<\/figure>\n\t\t\t\t\t\t\t\t\t<\/div>\n\t\t\t\t<\/div>\n\t\t\t\t<div class=\"elementor-element elementor-element-6c0502c elementor-widget elementor-widget-image\" data-id=\"6c0502c\" data-element_type=\"widget\" data-e-type=\"widget\" data-widget_type=\"image.default\">\n\t\t\t\t<div class=\"elementor-widget-container\">\n\t\t\t\t\t\t\t\t\t\t\t\t<figure class=\"wp-caption\">\n\t\t\t\t\t\t\t\t\t\t<img loading=\"lazy\" decoding=\"async\" width=\"768\" height=\"511\" src=\"https:\/\/www.elturistatranquil.com\/wp-content\/uploads\/F49-Albarca.-Tarragona.jpg\" class=\"attachment-large size-large wp-image-34017\" alt=\"Albarca. Tarragona\" srcset=\"https:\/\/www.elturistatranquil.com\/wp-content\/uploads\/F49-Albarca.-Tarragona.jpg 768w, https:\/\/www.elturistatranquil.com\/wp-content\/uploads\/F49-Albarca.-Tarragona-339x226.jpg 339w\" sizes=\"(max-width: 768px) 100vw, 768px\" \/>\t\t\t\t\t\t\t\t\t\t\t<figcaption class=\"widget-image-caption wp-caption-text\"><\/figcaption>\n\t\t\t\t\t\t\t\t\t\t<\/figure>\n\t\t\t\t\t\t\t\t\t<\/div>\n\t\t\t\t<\/div>\n\t\t\t\t<div class=\"elementor-element elementor-element-fb31397 elementor-widget elementor-widget-image\" data-id=\"fb31397\" data-element_type=\"widget\" data-e-type=\"widget\" data-widget_type=\"image.default\">\n\t\t\t\t<div class=\"elementor-widget-container\">\n\t\t\t\t\t\t\t\t\t\t\t\t<figure class=\"wp-caption\">\n\t\t\t\t\t\t\t\t\t\t<img loading=\"lazy\" decoding=\"async\" width=\"768\" height=\"511\" src=\"https:\/\/www.elturistatranquil.com\/wp-content\/uploads\/F50-Albarca.-Tarragona.jpg\" class=\"attachment-large size-large wp-image-34019\" alt=\"Albarca. Tarragona\" srcset=\"https:\/\/www.elturistatranquil.com\/wp-content\/uploads\/F50-Albarca.-Tarragona.jpg 768w, https:\/\/www.elturistatranquil.com\/wp-content\/uploads\/F50-Albarca.-Tarragona-339x226.jpg 339w\" sizes=\"(max-width: 768px) 100vw, 768px\" \/>\t\t\t\t\t\t\t\t\t\t\t<figcaption class=\"widget-image-caption wp-caption-text\"><\/figcaption>\n\t\t\t\t\t\t\t\t\t\t<\/figure>\n\t\t\t\t\t\t\t\t\t<\/div>\n\t\t\t\t<\/div>\n\t\t\t\t<div class=\"elementor-element elementor-element-9f78d40 elementor-widget elementor-widget-image\" data-id=\"9f78d40\" data-element_type=\"widget\" data-e-type=\"widget\" data-widget_type=\"image.default\">\n\t\t\t\t<div class=\"elementor-widget-container\">\n\t\t\t\t\t\t\t\t\t\t\t\t<figure class=\"wp-caption\">\n\t\t\t\t\t\t\t\t\t\t<img loading=\"lazy\" decoding=\"async\" width=\"768\" height=\"511\" src=\"https:\/\/www.elturistatranquil.com\/wp-content\/uploads\/F51-Albarca.-Tarragona.jpg\" class=\"attachment-large size-large wp-image-34021\" alt=\"Albarca. Tarragona\" srcset=\"https:\/\/www.elturistatranquil.com\/wp-content\/uploads\/F51-Albarca.-Tarragona.jpg 768w, https:\/\/www.elturistatranquil.com\/wp-content\/uploads\/F51-Albarca.-Tarragona-339x226.jpg 339w\" sizes=\"(max-width: 768px) 100vw, 768px\" \/>\t\t\t\t\t\t\t\t\t\t\t<figcaption class=\"widget-image-caption wp-caption-text\"><\/figcaption>\n\t\t\t\t\t\t\t\t\t\t<\/figure>\n\t\t\t\t\t\t\t\t\t<\/div>\n\t\t\t\t<\/div>\n\t\t\t\t<div class=\"elementor-element elementor-element-0c05d16 elementor-widget elementor-widget-image\" data-id=\"0c05d16\" data-element_type=\"widget\" data-e-type=\"widget\" data-widget_type=\"image.default\">\n\t\t\t\t<div class=\"elementor-widget-container\">\n\t\t\t\t\t\t\t\t\t\t\t\t<figure class=\"wp-caption\">\n\t\t\t\t\t\t\t\t\t\t<img loading=\"lazy\" decoding=\"async\" width=\"768\" height=\"512\" src=\"https:\/\/www.elturistatranquil.com\/wp-content\/uploads\/F52-Albarca.-Tarragona.jpg\" class=\"attachment-large size-large wp-image-34023\" alt=\"Albarca. Tarragona\" srcset=\"https:\/\/www.elturistatranquil.com\/wp-content\/uploads\/F52-Albarca.-Tarragona.jpg 768w, https:\/\/www.elturistatranquil.com\/wp-content\/uploads\/F52-Albarca.-Tarragona-339x226.jpg 339w\" sizes=\"(max-width: 768px) 100vw, 768px\" \/>\t\t\t\t\t\t\t\t\t\t\t<figcaption class=\"widget-image-caption wp-caption-text\"><\/figcaption>\n\t\t\t\t\t\t\t\t\t\t<\/figure>\n\t\t\t\t\t\t\t\t\t<\/div>\n\t\t\t\t<\/div>\n\t\t\t\t<div class=\"elementor-element elementor-element-d16026a elementor-widget elementor-widget-heading\" data-id=\"d16026a\" data-element_type=\"widget\" data-e-type=\"widget\" data-widget_type=\"heading.default\">\n\t\t\t\t<div class=\"elementor-widget-container\">\n\t\t\t\t\t<h4 class=\"elementor-heading-title elementor-size-default\">L\u2019Esgl\u00e9sia de Sant Vicen\u00e7 M\u00e0rtir<\/h4>\t\t\t\t<\/div>\n\t\t\t\t<\/div>\n\t\t\t\t<div class=\"elementor-element elementor-element-3c39439 elementor-widget elementor-widget-text-editor\" data-id=\"3c39439\" data-element_type=\"widget\" data-e-type=\"widget\" data-widget_type=\"text-editor.default\">\n\t\t\t\t<div class=\"elementor-widget-container\">\n\t\t\t\t\t\t\t\t\t<p>L\u2019<strong>Esgl\u00e9sia de Sant Vicen\u00e7 M\u00e0rtir<\/strong> (<strong>a<\/strong>) \u00e9s d\u2019estil rom\u00e0nic del segle XII, amb un absis semicircular, mentre que la portada \u00e9s renaixentista despr\u00e9s de la reforma del segle XVII.<\/p>\t\t\t\t\t\t\t\t<\/div>\n\t\t\t\t<\/div>\n\t\t\t\t<div class=\"elementor-element elementor-element-dfd1ea0 elementor-widget elementor-widget-image\" data-id=\"dfd1ea0\" data-element_type=\"widget\" data-e-type=\"widget\" data-widget_type=\"image.default\">\n\t\t\t\t<div class=\"elementor-widget-container\">\n\t\t\t\t\t\t\t\t\t\t\t\t<figure class=\"wp-caption\">\n\t\t\t\t\t\t\t\t\t\t<img loading=\"lazy\" decoding=\"async\" width=\"768\" height=\"511\" src=\"https:\/\/www.elturistatranquil.com\/wp-content\/uploads\/F53-Albarca.-Tarragona.jpg\" class=\"attachment-large size-large wp-image-34025\" alt=\"Albarca. Tarragona\" srcset=\"https:\/\/www.elturistatranquil.com\/wp-content\/uploads\/F53-Albarca.-Tarragona.jpg 768w, https:\/\/www.elturistatranquil.com\/wp-content\/uploads\/F53-Albarca.-Tarragona-339x226.jpg 339w\" sizes=\"(max-width: 768px) 100vw, 768px\" \/>\t\t\t\t\t\t\t\t\t\t\t<figcaption class=\"widget-image-caption wp-caption-text\"><\/figcaption>\n\t\t\t\t\t\t\t\t\t\t<\/figure>\n\t\t\t\t\t\t\t\t\t<\/div>\n\t\t\t\t<\/div>\n\t\t\t\t<div class=\"elementor-element elementor-element-7fbfb6a elementor-widget elementor-widget-image\" data-id=\"7fbfb6a\" data-element_type=\"widget\" data-e-type=\"widget\" data-widget_type=\"image.default\">\n\t\t\t\t<div class=\"elementor-widget-container\">\n\t\t\t\t\t\t\t\t\t\t\t\t<figure class=\"wp-caption\">\n\t\t\t\t\t\t\t\t\t\t<img loading=\"lazy\" decoding=\"async\" width=\"440\" height=\"550\" src=\"https:\/\/www.elturistatranquil.com\/wp-content\/uploads\/F54-Albarca.-Tarragona.jpg\" class=\"attachment-large size-large wp-image-34027\" alt=\"Albarca. Tarragona\" srcset=\"https:\/\/www.elturistatranquil.com\/wp-content\/uploads\/F54-Albarca.-Tarragona.jpg 440w, https:\/\/www.elturistatranquil.com\/wp-content\/uploads\/F54-Albarca.-Tarragona-181x226.jpg 181w\" sizes=\"(max-width: 440px) 100vw, 440px\" \/>\t\t\t\t\t\t\t\t\t\t\t<figcaption class=\"widget-image-caption wp-caption-text\"><\/figcaption>\n\t\t\t\t\t\t\t\t\t\t<\/figure>\n\t\t\t\t\t\t\t\t\t<\/div>\n\t\t\t\t<\/div>\n\t\t\t\t<div class=\"elementor-element elementor-element-f41e0d0 elementor-widget elementor-widget-image\" data-id=\"f41e0d0\" data-element_type=\"widget\" data-e-type=\"widget\" data-widget_type=\"image.default\">\n\t\t\t\t<div class=\"elementor-widget-container\">\n\t\t\t\t\t\t\t\t\t\t\t\t<figure class=\"wp-caption\">\n\t\t\t\t\t\t\t\t\t\t<img loading=\"lazy\" decoding=\"async\" width=\"768\" height=\"511\" src=\"https:\/\/www.elturistatranquil.com\/wp-content\/uploads\/F55-Albarca.-Tarragona.jpg\" class=\"attachment-large size-large wp-image-34029\" alt=\"Albarca. Tarragona\" srcset=\"https:\/\/www.elturistatranquil.com\/wp-content\/uploads\/F55-Albarca.-Tarragona.jpg 768w, https:\/\/www.elturistatranquil.com\/wp-content\/uploads\/F55-Albarca.-Tarragona-339x226.jpg 339w\" sizes=\"(max-width: 768px) 100vw, 768px\" \/>\t\t\t\t\t\t\t\t\t\t\t<figcaption class=\"widget-image-caption wp-caption-text\"><\/figcaption>\n\t\t\t\t\t\t\t\t\t\t<\/figure>\n\t\t\t\t\t\t\t\t\t<\/div>\n\t\t\t\t<\/div>\n\t\t\t\t<div class=\"elementor-element elementor-element-43f169e elementor-widget elementor-widget-image\" data-id=\"43f169e\" data-element_type=\"widget\" data-e-type=\"widget\" data-widget_type=\"image.default\">\n\t\t\t\t<div class=\"elementor-widget-container\">\n\t\t\t\t\t\t\t\t\t\t\t\t<figure class=\"wp-caption\">\n\t\t\t\t\t\t\t\t\t\t<img loading=\"lazy\" decoding=\"async\" width=\"768\" height=\"512\" src=\"https:\/\/www.elturistatranquil.com\/wp-content\/uploads\/F56-Albarca.-Tarragona.jpg\" class=\"attachment-large size-large wp-image-34031\" alt=\"Albarca. Tarragona\" srcset=\"https:\/\/www.elturistatranquil.com\/wp-content\/uploads\/F56-Albarca.-Tarragona.jpg 768w, https:\/\/www.elturistatranquil.com\/wp-content\/uploads\/F56-Albarca.-Tarragona-339x226.jpg 339w\" sizes=\"(max-width: 768px) 100vw, 768px\" \/>\t\t\t\t\t\t\t\t\t\t\t<figcaption class=\"widget-image-caption wp-caption-text\"><\/figcaption>\n\t\t\t\t\t\t\t\t\t\t<\/figure>\n\t\t\t\t\t\t\t\t\t<\/div>\n\t\t\t\t<\/div>\n\t\t\t\t<div class=\"elementor-element elementor-element-befaf8c elementor-widget elementor-widget-image\" data-id=\"befaf8c\" data-element_type=\"widget\" data-e-type=\"widget\" data-widget_type=\"image.default\">\n\t\t\t\t<div class=\"elementor-widget-container\">\n\t\t\t\t\t\t\t\t\t\t\t\t<figure class=\"wp-caption\">\n\t\t\t\t\t\t\t\t\t\t<img loading=\"lazy\" decoding=\"async\" width=\"768\" height=\"511\" src=\"https:\/\/www.elturistatranquil.com\/wp-content\/uploads\/F57-Albarca.-Tarragona.jpg\" class=\"attachment-large size-large wp-image-34033\" alt=\"Albarca. Tarragona\" srcset=\"https:\/\/www.elturistatranquil.com\/wp-content\/uploads\/F57-Albarca.-Tarragona.jpg 768w, https:\/\/www.elturistatranquil.com\/wp-content\/uploads\/F57-Albarca.-Tarragona-339x226.jpg 339w\" sizes=\"(max-width: 768px) 100vw, 768px\" \/>\t\t\t\t\t\t\t\t\t\t\t<figcaption class=\"widget-image-caption wp-caption-text\"><\/figcaption>\n\t\t\t\t\t\t\t\t\t\t<\/figure>\n\t\t\t\t\t\t\t\t\t<\/div>\n\t\t\t\t<\/div>\n\t\t\t\t<div class=\"elementor-element elementor-element-2a66086 elementor-widget elementor-widget-text-editor\" data-id=\"2a66086\" data-element_type=\"widget\" data-e-type=\"widget\" data-widget_type=\"text-editor.default\">\n\t\t\t\t<div class=\"elementor-widget-container\">\n\t\t\t\t\t\t\t\t\t<p>Del <strong>Castell<\/strong> (<strong>b<\/strong>) en resten nom\u00e9s uns indicis.<\/p>\t\t\t\t\t\t\t\t<\/div>\n\t\t\t\t<\/div>\n\t\t\t\t<div class=\"elementor-element elementor-element-3964293 elementor-widget elementor-widget-image\" data-id=\"3964293\" data-element_type=\"widget\" data-e-type=\"widget\" data-widget_type=\"image.default\">\n\t\t\t\t<div class=\"elementor-widget-container\">\n\t\t\t\t\t\t\t\t\t\t\t\t<figure class=\"wp-caption\">\n\t\t\t\t\t\t\t\t\t\t<img loading=\"lazy\" decoding=\"async\" width=\"768\" height=\"511\" src=\"https:\/\/www.elturistatranquil.com\/wp-content\/uploads\/F58-Albarca.-Tarragona.jpg\" class=\"attachment-large size-large wp-image-34035\" alt=\"Albarca. Tarragona\" srcset=\"https:\/\/www.elturistatranquil.com\/wp-content\/uploads\/F58-Albarca.-Tarragona.jpg 768w, https:\/\/www.elturistatranquil.com\/wp-content\/uploads\/F58-Albarca.-Tarragona-339x226.jpg 339w\" sizes=\"(max-width: 768px) 100vw, 768px\" \/>\t\t\t\t\t\t\t\t\t\t\t<figcaption class=\"widget-image-caption wp-caption-text\"><\/figcaption>\n\t\t\t\t\t\t\t\t\t\t<\/figure>\n\t\t\t\t\t\t\t\t\t<\/div>\n\t\t\t\t<\/div>\n\t\t\t\t<div class=\"elementor-element elementor-element-2d2efae elementor-widget elementor-widget-text-editor\" data-id=\"2d2efae\" data-element_type=\"widget\" data-e-type=\"widget\" data-widget_type=\"text-editor.default\">\n\t\t\t\t<div class=\"elementor-widget-container\">\n\t\t\t\t\t\t\t\t\t<p>S\u00f3n magn\u00edfiques les vistes panor\u00e0miques de les muntanyes de Prades.<\/p>\t\t\t\t\t\t\t\t<\/div>\n\t\t\t\t<\/div>\n\t\t\t\t<div class=\"elementor-element elementor-element-3e1a727 elementor-widget elementor-widget-image\" data-id=\"3e1a727\" data-element_type=\"widget\" data-e-type=\"widget\" data-widget_type=\"image.default\">\n\t\t\t\t<div class=\"elementor-widget-container\">\n\t\t\t\t\t\t\t\t\t\t\t\t<figure class=\"wp-caption\">\n\t\t\t\t\t\t\t\t\t\t<img loading=\"lazy\" decoding=\"async\" width=\"768\" height=\"511\" src=\"https:\/\/www.elturistatranquil.com\/wp-content\/uploads\/F59-Albarca.-Tarragona.jpg\" class=\"attachment-large size-large wp-image-34037\" alt=\"Albarca. Tarragona\" srcset=\"https:\/\/www.elturistatranquil.com\/wp-content\/uploads\/F59-Albarca.-Tarragona.jpg 768w, https:\/\/www.elturistatranquil.com\/wp-content\/uploads\/F59-Albarca.-Tarragona-339x226.jpg 339w\" sizes=\"(max-width: 768px) 100vw, 768px\" \/>\t\t\t\t\t\t\t\t\t\t\t<figcaption class=\"widget-image-caption wp-caption-text\"><\/figcaption>\n\t\t\t\t\t\t\t\t\t\t<\/figure>\n\t\t\t\t\t\t\t\t\t<\/div>\n\t\t\t\t<\/div>\n\t\t\t\t<div class=\"elementor-element elementor-element-ebfd497 elementor-widget elementor-widget-text-editor\" data-id=\"ebfd497\" data-element_type=\"widget\" data-e-type=\"widget\" data-widget_type=\"text-editor.default\">\n\t\t\t\t<div class=\"elementor-widget-container\">\n\t\t\t\t\t\t\t\t\t<p>El <strong>Refugi Montsant <\/strong>(<strong>c<\/strong>), de la Diputaci\u00f3 de Tarragona, es justifica perqu\u00e8 aqu\u00ed es troba la porta d\u2019acc\u00e9s al <strong>Parc Natural del Montsant<\/strong>, on es poden iniciar m\u00faltiples rutes de senderisme i excursions.<\/p>\t\t\t\t\t\t\t\t<\/div>\n\t\t\t\t<\/div>\n\t\t\t\t<div class=\"elementor-element elementor-element-07382ac elementor-widget elementor-widget-image\" data-id=\"07382ac\" data-element_type=\"widget\" data-e-type=\"widget\" data-widget_type=\"image.default\">\n\t\t\t\t<div class=\"elementor-widget-container\">\n\t\t\t\t\t\t\t\t\t\t\t\t<figure class=\"wp-caption\">\n\t\t\t\t\t\t\t\t\t\t<img loading=\"lazy\" decoding=\"async\" width=\"768\" height=\"512\" src=\"https:\/\/www.elturistatranquil.com\/wp-content\/uploads\/F60a-Albarca.-Tarragona.jpg\" class=\"attachment-large size-large wp-image-34039\" alt=\"Albarca. Tarragona\" srcset=\"https:\/\/www.elturistatranquil.com\/wp-content\/uploads\/F60a-Albarca.-Tarragona.jpg 768w, https:\/\/www.elturistatranquil.com\/wp-content\/uploads\/F60a-Albarca.-Tarragona-339x226.jpg 339w\" sizes=\"(max-width: 768px) 100vw, 768px\" \/>\t\t\t\t\t\t\t\t\t\t\t<figcaption class=\"widget-image-caption wp-caption-text\"><\/figcaption>\n\t\t\t\t\t\t\t\t\t\t<\/figure>\n\t\t\t\t\t\t\t\t\t<\/div>\n\t\t\t\t<\/div>\n\t\t\t\t<div class=\"elementor-element elementor-element-fdc1196 elementor-widget elementor-widget-image\" data-id=\"fdc1196\" data-element_type=\"widget\" data-e-type=\"widget\" data-widget_type=\"image.default\">\n\t\t\t\t<div class=\"elementor-widget-container\">\n\t\t\t\t\t\t\t\t\t\t\t\t<figure class=\"wp-caption\">\n\t\t\t\t\t\t\t\t\t\t<img loading=\"lazy\" decoding=\"async\" width=\"768\" height=\"512\" src=\"https:\/\/www.elturistatranquil.com\/wp-content\/uploads\/F60b-Albarca.-Tarragona.jpg\" class=\"attachment-large size-large wp-image-34041\" alt=\"Albarca. Tarragona\" srcset=\"https:\/\/www.elturistatranquil.com\/wp-content\/uploads\/F60b-Albarca.-Tarragona.jpg 768w, https:\/\/www.elturistatranquil.com\/wp-content\/uploads\/F60b-Albarca.-Tarragona-339x226.jpg 339w\" sizes=\"(max-width: 768px) 100vw, 768px\" \/>\t\t\t\t\t\t\t\t\t\t\t<figcaption class=\"widget-image-caption wp-caption-text\"><\/figcaption>\n\t\t\t\t\t\t\t\t\t\t<\/figure>\n\t\t\t\t\t\t\t\t\t<\/div>\n\t\t\t\t<\/div>\n\t\t\t\t<div class=\"elementor-element elementor-element-d4a72d4 elementor-widget elementor-widget-menu-anchor\" data-id=\"d4a72d4\" data-element_type=\"widget\" data-e-type=\"widget\" data-widget_type=\"menu-anchor.default\">\n\t\t\t\t<div class=\"elementor-widget-container\">\n\t\t\t\t\t\t\t<div class=\"elementor-menu-anchor\" id=\"c6406\"><\/div>\n\t\t\t\t\t\t<\/div>\n\t\t\t\t<\/div>\n\t\t\t\t<div class=\"elementor-element elementor-element-e754382 elementor-widget elementor-widget-text-editor\" data-id=\"e754382\" data-element_type=\"widget\" data-e-type=\"widget\" data-widget_type=\"text-editor.default\">\n\t\t\t\t<div class=\"elementor-widget-container\">\n\t\t\t\t\t\t\t\t\t<p>Continuant la ruta, s\u2019obre una doble opci\u00f3. Girar cap al sud, endinsant-se a la comarca del Priorat, i arribar-se a Cornudella de Montsant i Siurana. O, a la dreta, prendre la direcci\u00f3 nord vers Uldemolins.<\/p><p>En aquesta exposici\u00f3 optar\u00e9 per continuar en direcci\u00f3 a Ulldemolins, per desenvolupar una ruta circular.<\/p><p>Als <em>Pos<\/em>t: <a href=\"https:\/\/www.elturistatranquil.com\/ca\/siurana-tarragona\/\" target=\"_blank\" rel=\"noopener\">Siurana (Tarragona)<\/a> i al\u00a0 <a href=\"https:\/\/www.elturistatranquil.com\/ca\/cellers-modernistes-a-tarragona\/#b3412\" target=\"_blank\" rel=\"noopener\">Cellers modernistes a Tarragona<\/a>, ofereixo informaci\u00f3 sobre aquests indrets.<\/p>\t\t\t\t\t\t\t\t<\/div>\n\t\t\t\t<\/div>\n\t\t\t\t<div class=\"elementor-element elementor-element-6f3b8a0 elementor-widget elementor-widget-heading\" data-id=\"6f3b8a0\" data-element_type=\"widget\" data-e-type=\"widget\" data-widget_type=\"heading.default\">\n\t\t\t\t<div class=\"elementor-widget-container\">\n\t\t\t\t\t<h3 class=\"elementor-heading-title elementor-size-default\">Ulldemolins<\/h3>\t\t\t\t<\/div>\n\t\t\t\t<\/div>\n\t\t\t\t<div class=\"elementor-element elementor-element-683a81a elementor-widget elementor-widget-image\" data-id=\"683a81a\" data-element_type=\"widget\" data-e-type=\"widget\" data-widget_type=\"image.default\">\n\t\t\t\t<div class=\"elementor-widget-container\">\n\t\t\t\t\t\t\t\t\t\t\t\t<figure class=\"wp-caption\">\n\t\t\t\t\t\t\t\t\t\t<img loading=\"lazy\" decoding=\"async\" width=\"768\" height=\"511\" src=\"https:\/\/www.elturistatranquil.com\/wp-content\/uploads\/F61-Ulldemolins.-Tarragona-Google-earth-2020-12-03.jpg\" class=\"attachment-large size-large wp-image-34043\" alt=\"Ulldemolins. Tarragona (Google earth 2020-12-03)\" srcset=\"https:\/\/www.elturistatranquil.com\/wp-content\/uploads\/F61-Ulldemolins.-Tarragona-Google-earth-2020-12-03.jpg 768w, https:\/\/www.elturistatranquil.com\/wp-content\/uploads\/F61-Ulldemolins.-Tarragona-Google-earth-2020-12-03-339x226.jpg 339w\" sizes=\"(max-width: 768px) 100vw, 768px\" \/>\t\t\t\t\t\t\t\t\t\t\t<figcaption class=\"widget-image-caption wp-caption-text\">(Google maps 2020-11-30)<\/figcaption>\n\t\t\t\t\t\t\t\t\t\t<\/figure>\n\t\t\t\t\t\t\t\t\t<\/div>\n\t\t\t\t<\/div>\n\t\t\t\t<div class=\"elementor-element elementor-element-3fca4c2 elementor-widget elementor-widget-text-editor\" data-id=\"3fca4c2\" data-element_type=\"widget\" data-e-type=\"widget\" data-widget_type=\"text-editor.default\">\n\t\t\t\t<div class=\"elementor-widget-container\">\n\t\t\t\t\t\t\t\t\t<p>Comarca: Priorat. Coordenades: 41\u00b019\u203221\u2033N 0\u00b052\u203235\u2033E. Altitud: 645 msnm. Poblaci\u00f3: 396 habitants en 2019.<\/p><p>Continuo la ruta durant uns 6 kil\u00f2metres fins a <strong>Ulldemolins<\/strong> (<strong>D<\/strong>), a l\u2019ombra de la Serra de la Llena, amb 396 habitants.<\/p>\t\t\t\t\t\t\t\t<\/div>\n\t\t\t\t<\/div>\n\t\t\t\t<div class=\"elementor-element elementor-element-698aef5 elementor-widget elementor-widget-image\" data-id=\"698aef5\" data-element_type=\"widget\" data-e-type=\"widget\" data-widget_type=\"image.default\">\n\t\t\t\t<div class=\"elementor-widget-container\">\n\t\t\t\t\t\t\t\t\t\t\t\t<figure class=\"wp-caption\">\n\t\t\t\t\t\t\t\t\t\t<img loading=\"lazy\" decoding=\"async\" width=\"768\" height=\"512\" src=\"https:\/\/www.elturistatranquil.com\/wp-content\/uploads\/F62-Ulldemolins.-Tarragona.jpg\" class=\"attachment-large size-large wp-image-34045\" alt=\"Ulldemolins. Tarragona\" srcset=\"https:\/\/www.elturistatranquil.com\/wp-content\/uploads\/F62-Ulldemolins.-Tarragona.jpg 768w, https:\/\/www.elturistatranquil.com\/wp-content\/uploads\/F62-Ulldemolins.-Tarragona-339x226.jpg 339w\" sizes=\"(max-width: 768px) 100vw, 768px\" \/>\t\t\t\t\t\t\t\t\t\t\t<figcaption class=\"widget-image-caption wp-caption-text\"><\/figcaption>\n\t\t\t\t\t\t\t\t\t\t<\/figure>\n\t\t\t\t\t\t\t\t\t<\/div>\n\t\t\t\t<\/div>\n\t\t\t\t<div class=\"elementor-element elementor-element-010f11e elementor-widget elementor-widget-text-editor\" data-id=\"010f11e\" data-element_type=\"widget\" data-e-type=\"widget\" data-widget_type=\"text-editor.default\">\n\t\t\t\t<div class=\"elementor-widget-container\">\n\t\t\t\t\t\t\t\t\t<p>Ulldemolins amb el fons les Muntanyes de Prades.<\/p>\t\t\t\t\t\t\t\t<\/div>\n\t\t\t\t<\/div>\n\t\t\t\t<div class=\"elementor-element elementor-element-8752344 elementor-widget elementor-widget-image\" data-id=\"8752344\" data-element_type=\"widget\" data-e-type=\"widget\" data-widget_type=\"image.default\">\n\t\t\t\t<div class=\"elementor-widget-container\">\n\t\t\t\t\t\t\t\t\t\t\t\t<figure class=\"wp-caption\">\n\t\t\t\t\t\t\t\t\t\t<img loading=\"lazy\" decoding=\"async\" width=\"768\" height=\"512\" src=\"https:\/\/www.elturistatranquil.com\/wp-content\/uploads\/F63-Ulldemolins.-Tarragona.jpg\" class=\"attachment-large size-large wp-image-34047\" alt=\"Ulldemolins. Tarragona\" srcset=\"https:\/\/www.elturistatranquil.com\/wp-content\/uploads\/F63-Ulldemolins.-Tarragona.jpg 768w, https:\/\/www.elturistatranquil.com\/wp-content\/uploads\/F63-Ulldemolins.-Tarragona-339x226.jpg 339w\" sizes=\"(max-width: 768px) 100vw, 768px\" \/>\t\t\t\t\t\t\t\t\t\t\t<figcaption class=\"widget-image-caption wp-caption-text\"><\/figcaption>\n\t\t\t\t\t\t\t\t\t\t<\/figure>\n\t\t\t\t\t\t\t\t\t<\/div>\n\t\t\t\t<\/div>\n\t\t\t\t<div class=\"elementor-element elementor-element-5d48d0d elementor-widget elementor-widget-text-editor\" data-id=\"5d48d0d\" data-element_type=\"widget\" data-e-type=\"widget\" data-widget_type=\"text-editor.default\">\n\t\t\t\t<div class=\"elementor-widget-container\">\n\t\t\t\t\t\t\t\t\t<p>L\u2019origen \u00e9s musulm\u00e0, quan era poblaci\u00f3 fortificada sota el domini del val\u00ed de Siurana, encarregat de la defensa d&#8217;aquest territori.<\/p><p>Alfons I l\u2019hi atorga Carta de Poblaci\u00f3 en 1166, i passa a formar part del Comtat de Prades.<\/p><p>Va ser destacada la presencia d\u2019ermitans a les muntanyes, del que n\u2019han quedat nombroses ermites. D\u2019aqu\u00ed li ve el nom de Montsant al mass\u00eds.<\/p><p>El casc antic d&#8217;Ulldemolins era un reducte tancat, amb diferents portals que tancava el &#8220;sereno&#8221; a l&#8217;hora que establia la Corporaci\u00f3 Municipal.<\/p><p>El tra\u00e7at dels carrers \u00e9s irregular, adaptat a la orografia del terreny. Les cases solen ser de tres nivell, amb planta baixa i dos pisos, amb un urbanisme compacte entre mitgeres. Son nombroses les portes de mig punt adovellades o d\u2019arc rebaixat.<\/p><p>Encara que pugui ser poc \u201ctur\u00edsticament bonic\u201d, l\u2019ambient de les cases i fa\u00e7anes es d\u2019autenticitat de poble viu.<\/p>\t\t\t\t\t\t\t\t<\/div>\n\t\t\t\t<\/div>\n\t\t\t\t<div class=\"elementor-element elementor-element-c527b52 elementor-widget elementor-widget-heading\" data-id=\"c527b52\" data-element_type=\"widget\" data-e-type=\"widget\" data-widget_type=\"heading.default\">\n\t\t\t\t<div class=\"elementor-widget-container\">\n\t\t\t\t\t<h4 class=\"elementor-heading-title elementor-size-default\">El carrer Major<\/h4>\t\t\t\t<\/div>\n\t\t\t\t<\/div>\n\t\t\t\t<div class=\"elementor-element elementor-element-47af57f elementor-widget elementor-widget-text-editor\" data-id=\"47af57f\" data-element_type=\"widget\" data-e-type=\"widget\" data-widget_type=\"text-editor.default\">\n\t\t\t\t<div class=\"elementor-widget-container\">\n\t\t\t\t\t\t\t\t\t<p>El <strong>carrer Major<\/strong> (<strong>a<\/strong>), continuaci\u00f3 del <strong>carrer Loreto<\/strong> (<strong>b<\/strong>), enlla\u00e7a, des de la carretera, el Santuari de Loreto amb el <strong>Pla de l\u2019Esgl\u00e9sia<\/strong>. L\u2019estructura urbana est\u00e0 formada per cases entre mitgeres.<\/p>\t\t\t\t\t\t\t\t<\/div>\n\t\t\t\t<\/div>\n\t\t\t\t<div class=\"elementor-element elementor-element-f8db08d elementor-widget elementor-widget-image\" data-id=\"f8db08d\" data-element_type=\"widget\" data-e-type=\"widget\" data-widget_type=\"image.default\">\n\t\t\t\t<div class=\"elementor-widget-container\">\n\t\t\t\t\t\t\t\t\t\t\t\t<figure class=\"wp-caption\">\n\t\t\t\t\t\t\t\t\t\t<img loading=\"lazy\" decoding=\"async\" width=\"768\" height=\"511\" src=\"https:\/\/www.elturistatranquil.com\/wp-content\/uploads\/F64-Ulldemolins.-Tarragona.jpg\" class=\"attachment-large size-large wp-image-34049\" alt=\"Ulldemolins. Tarragona\" srcset=\"https:\/\/www.elturistatranquil.com\/wp-content\/uploads\/F64-Ulldemolins.-Tarragona.jpg 768w, https:\/\/www.elturistatranquil.com\/wp-content\/uploads\/F64-Ulldemolins.-Tarragona-339x226.jpg 339w\" sizes=\"(max-width: 768px) 100vw, 768px\" \/>\t\t\t\t\t\t\t\t\t\t\t<figcaption class=\"widget-image-caption wp-caption-text\"><\/figcaption>\n\t\t\t\t\t\t\t\t\t\t<\/figure>\n\t\t\t\t\t\t\t\t\t<\/div>\n\t\t\t\t<\/div>\n\t\t\t\t<div class=\"elementor-element elementor-element-469623a elementor-widget elementor-widget-image\" data-id=\"469623a\" data-element_type=\"widget\" data-e-type=\"widget\" data-widget_type=\"image.default\">\n\t\t\t\t<div class=\"elementor-widget-container\">\n\t\t\t\t\t\t\t\t\t\t\t\t<figure class=\"wp-caption\">\n\t\t\t\t\t\t\t\t\t\t<img loading=\"lazy\" decoding=\"async\" width=\"768\" height=\"511\" src=\"https:\/\/www.elturistatranquil.com\/wp-content\/uploads\/F65-Ulldemolins.-Tarragona.jpg\" class=\"attachment-large size-large wp-image-34051\" alt=\"Ulldemolins. Tarragona\" srcset=\"https:\/\/www.elturistatranquil.com\/wp-content\/uploads\/F65-Ulldemolins.-Tarragona.jpg 768w, https:\/\/www.elturistatranquil.com\/wp-content\/uploads\/F65-Ulldemolins.-Tarragona-339x226.jpg 339w\" sizes=\"(max-width: 768px) 100vw, 768px\" \/>\t\t\t\t\t\t\t\t\t\t\t<figcaption class=\"widget-image-caption wp-caption-text\"><\/figcaption>\n\t\t\t\t\t\t\t\t\t\t<\/figure>\n\t\t\t\t\t\t\t\t\t<\/div>\n\t\t\t\t<\/div>\n\t\t\t\t<div class=\"elementor-element elementor-element-884fcbf elementor-widget elementor-widget-text-editor\" data-id=\"884fcbf\" data-element_type=\"widget\" data-e-type=\"widget\" data-widget_type=\"text-editor.default\">\n\t\t\t\t<div class=\"elementor-widget-container\">\n\t\t\t\t\t\t\t\t\t<p>Al casalot en que nasqu\u00e9 <em>Mn. Jaume Amig\u00f3<\/em>, a la cantonada del <strong>carrer de la Salladora<\/strong> amb la <strong>pla\u00e7a Pla de l\u2019Esgl\u00e9sia<\/strong>, acull la <strong>Oficina de Turisme<\/strong> (<strong>c<\/strong>).<\/p>\t\t\t\t\t\t\t\t<\/div>\n\t\t\t\t<\/div>\n\t\t\t\t<div class=\"elementor-element elementor-element-d186bb7 elementor-widget elementor-widget-image\" data-id=\"d186bb7\" data-element_type=\"widget\" data-e-type=\"widget\" data-widget_type=\"image.default\">\n\t\t\t\t<div class=\"elementor-widget-container\">\n\t\t\t\t\t\t\t\t\t\t\t\t<figure class=\"wp-caption\">\n\t\t\t\t\t\t\t\t\t\t<img loading=\"lazy\" decoding=\"async\" width=\"768\" height=\"511\" src=\"https:\/\/www.elturistatranquil.com\/wp-content\/uploads\/F66-Ulldemolins.-Tarragona.jpg\" class=\"attachment-large size-large wp-image-34053\" alt=\"Ulldemolins. Tarragona\" srcset=\"https:\/\/www.elturistatranquil.com\/wp-content\/uploads\/F66-Ulldemolins.-Tarragona.jpg 768w, https:\/\/www.elturistatranquil.com\/wp-content\/uploads\/F66-Ulldemolins.-Tarragona-339x226.jpg 339w\" sizes=\"(max-width: 768px) 100vw, 768px\" \/>\t\t\t\t\t\t\t\t\t\t\t<figcaption class=\"widget-image-caption wp-caption-text\"><\/figcaption>\n\t\t\t\t\t\t\t\t\t\t<\/figure>\n\t\t\t\t\t\t\t\t\t<\/div>\n\t\t\t\t<\/div>\n\t\t\t\t<div class=\"elementor-element elementor-element-1aa1ee6 elementor-widget elementor-widget-text-editor\" data-id=\"1aa1ee6\" data-element_type=\"widget\" data-e-type=\"widget\" data-widget_type=\"text-editor.default\">\n\t\t\t\t<div class=\"elementor-widget-container\">\n\t\t\t\t\t\t\t\t\t<p>Una m\u00ednima observaci\u00f3 ens mostra detalls ornamentals carregats d\u2019hist\u00f2ria i bellesa dels segles XVII i XVIII.<\/p>\t\t\t\t\t\t\t\t<\/div>\n\t\t\t\t<\/div>\n\t\t\t\t<section class=\"elementor-section elementor-inner-section elementor-element elementor-element-9962201 elementor-section-boxed elementor-section-height-default elementor-section-height-default\" data-id=\"9962201\" data-element_type=\"section\" data-e-type=\"section\">\n\t\t\t\t\t\t<div class=\"elementor-container elementor-column-gap-default\">\n\t\t\t\t\t<div class=\"elementor-column elementor-col-50 elementor-inner-column elementor-element elementor-element-d1ebc66\" data-id=\"d1ebc66\" data-element_type=\"column\" data-e-type=\"column\">\n\t\t\t<div class=\"elementor-widget-wrap elementor-element-populated\">\n\t\t\t\t\t\t<div class=\"elementor-element elementor-element-b61ce3d elementor-widget elementor-widget-image\" data-id=\"b61ce3d\" data-element_type=\"widget\" data-e-type=\"widget\" data-widget_type=\"image.default\">\n\t\t\t\t<div class=\"elementor-widget-container\">\n\t\t\t\t\t\t\t\t\t\t\t\t\t\t\t<img loading=\"lazy\" decoding=\"async\" width=\"380\" height=\"380\" src=\"https:\/\/www.elturistatranquil.com\/wp-content\/uploads\/F67m-Ulldemolins.-Tarragona.jpg\" class=\"attachment-large size-large wp-image-34055\" alt=\"Ulldemolins. Tarragona\" srcset=\"https:\/\/www.elturistatranquil.com\/wp-content\/uploads\/F67m-Ulldemolins.-Tarragona.jpg 380w, https:\/\/www.elturistatranquil.com\/wp-content\/uploads\/F67m-Ulldemolins.-Tarragona-226x226.jpg 226w\" sizes=\"(max-width: 380px) 100vw, 380px\" \/>\t\t\t\t\t\t\t\t\t\t\t\t\t\t\t<\/div>\n\t\t\t\t<\/div>\n\t\t\t\t\t<\/div>\n\t\t<\/div>\n\t\t\t\t<div class=\"elementor-column elementor-col-50 elementor-inner-column elementor-element elementor-element-8d66758\" data-id=\"8d66758\" data-element_type=\"column\" data-e-type=\"column\">\n\t\t\t<div class=\"elementor-widget-wrap elementor-element-populated\">\n\t\t\t\t\t\t<div class=\"elementor-element elementor-element-cf3dade elementor-widget elementor-widget-image\" data-id=\"cf3dade\" data-element_type=\"widget\" data-e-type=\"widget\" data-widget_type=\"image.default\">\n\t\t\t\t<div class=\"elementor-widget-container\">\n\t\t\t\t\t\t\t\t\t\t\t\t\t\t\t<img loading=\"lazy\" decoding=\"async\" width=\"380\" height=\"380\" src=\"https:\/\/www.elturistatranquil.com\/wp-content\/uploads\/F67n-Ulldemolins.-Tarragona.jpg\" class=\"attachment-large size-large wp-image-34057\" alt=\"Ulldemolins. Tarragona\" srcset=\"https:\/\/www.elturistatranquil.com\/wp-content\/uploads\/F67n-Ulldemolins.-Tarragona.jpg 380w, https:\/\/www.elturistatranquil.com\/wp-content\/uploads\/F67n-Ulldemolins.-Tarragona-226x226.jpg 226w\" sizes=\"(max-width: 380px) 100vw, 380px\" \/>\t\t\t\t\t\t\t\t\t\t\t\t\t\t\t<\/div>\n\t\t\t\t<\/div>\n\t\t\t\t\t<\/div>\n\t\t<\/div>\n\t\t\t\t\t<\/div>\n\t\t<\/section>\n\t\t\t\t<section class=\"elementor-section elementor-inner-section elementor-element elementor-element-a8db52d elementor-section-boxed elementor-section-height-default elementor-section-height-default\" data-id=\"a8db52d\" data-element_type=\"section\" data-e-type=\"section\">\n\t\t\t\t\t\t<div class=\"elementor-container elementor-column-gap-default\">\n\t\t\t\t\t<div class=\"elementor-column elementor-col-50 elementor-inner-column elementor-element elementor-element-a20e920\" data-id=\"a20e920\" data-element_type=\"column\" data-e-type=\"column\">\n\t\t\t<div class=\"elementor-widget-wrap elementor-element-populated\">\n\t\t\t\t\t\t<div class=\"elementor-element elementor-element-fcccfde elementor-widget elementor-widget-image\" data-id=\"fcccfde\" data-element_type=\"widget\" data-e-type=\"widget\" data-widget_type=\"image.default\">\n\t\t\t\t<div class=\"elementor-widget-container\">\n\t\t\t\t\t\t\t\t\t\t\t\t\t\t\t<img loading=\"lazy\" decoding=\"async\" width=\"380\" height=\"380\" src=\"https:\/\/www.elturistatranquil.com\/wp-content\/uploads\/F67o-Ulldemolins.-Tarragona.jpg\" class=\"attachment-large size-large wp-image-34059\" alt=\"Ulldemolins. Tarragona\" srcset=\"https:\/\/www.elturistatranquil.com\/wp-content\/uploads\/F67o-Ulldemolins.-Tarragona.jpg 380w, https:\/\/www.elturistatranquil.com\/wp-content\/uploads\/F67o-Ulldemolins.-Tarragona-226x226.jpg 226w\" sizes=\"(max-width: 380px) 100vw, 380px\" \/>\t\t\t\t\t\t\t\t\t\t\t\t\t\t\t<\/div>\n\t\t\t\t<\/div>\n\t\t\t\t\t<\/div>\n\t\t<\/div>\n\t\t\t\t<div class=\"elementor-column elementor-col-50 elementor-inner-column elementor-element elementor-element-2f51e2e\" data-id=\"2f51e2e\" data-element_type=\"column\" data-e-type=\"column\">\n\t\t\t<div class=\"elementor-widget-wrap elementor-element-populated\">\n\t\t\t\t\t\t<div class=\"elementor-element elementor-element-c60fe22 elementor-widget elementor-widget-image\" data-id=\"c60fe22\" data-element_type=\"widget\" data-e-type=\"widget\" data-widget_type=\"image.default\">\n\t\t\t\t<div class=\"elementor-widget-container\">\n\t\t\t\t\t\t\t\t\t\t\t\t\t\t\t<img loading=\"lazy\" decoding=\"async\" width=\"380\" height=\"380\" src=\"https:\/\/www.elturistatranquil.com\/wp-content\/uploads\/F67p-Ulldemolins.-Tarragona.jpg\" class=\"attachment-large size-large wp-image-34061\" alt=\"Ulldemolins. Tarragona\" srcset=\"https:\/\/www.elturistatranquil.com\/wp-content\/uploads\/F67p-Ulldemolins.-Tarragona.jpg 380w, https:\/\/www.elturistatranquil.com\/wp-content\/uploads\/F67p-Ulldemolins.-Tarragona-226x226.jpg 226w\" sizes=\"(max-width: 380px) 100vw, 380px\" \/>\t\t\t\t\t\t\t\t\t\t\t\t\t\t\t<\/div>\n\t\t\t\t<\/div>\n\t\t\t\t\t<\/div>\n\t\t<\/div>\n\t\t\t\t\t<\/div>\n\t\t<\/section>\n\t\t\t\t<div class=\"elementor-element elementor-element-49a7a8d elementor-widget elementor-widget-heading\" data-id=\"49a7a8d\" data-element_type=\"widget\" data-e-type=\"widget\" data-widget_type=\"heading.default\">\n\t\t\t\t<div class=\"elementor-widget-container\">\n\t\t\t\t\t<h4 class=\"elementor-heading-title elementor-size-default\">L\u2019Esgl\u00e9sia de Sant Jaume Ap\u00f2stol <\/h4>\t\t\t\t<\/div>\n\t\t\t\t<\/div>\n\t\t\t\t<div class=\"elementor-element elementor-element-591bf80 elementor-widget elementor-widget-text-editor\" data-id=\"591bf80\" data-element_type=\"widget\" data-e-type=\"widget\" data-widget_type=\"text-editor.default\">\n\t\t\t\t<div class=\"elementor-widget-container\">\n\t\t\t\t\t\t\t\t\t<p>\u00c9s important l\u2019<strong>Esgl\u00e9sia de Sant Jaume Ap\u00f2stol<\/strong> (<strong>d<\/strong>), obra de <em>Mn. Jaume Amig\u00f3<\/em>, l\u2019introductor de l\u2019estil renaixentista a Catalunya, constru\u00efda entre 1584 i 1591. Declarada <em>B\u00e9 Cultural d\u2019Inter\u00e8s Nacional<\/em>.<\/p><p>Se la considera adscrita a la Escola renaixentista del Camp de Tarragona.<\/p><p>La seva situaci\u00f3 elevada en l\u00edmit nord de la trama urbana, en el lloc que ocupava el Castell, fa que sobresurti i es destaqui en la distancia. La orientaci\u00f3 del temple al nord \u00e9s at\u00edpica.<\/p><p>La fa\u00e7ana, com he dit d\u2019estil renaixentista, es feta amb carreus. La porta, de disposici\u00f3 en arc de triomf, t\u00e9 un arc pla amb dovelles, front\u00f3 corb i \u00f2cul, emmarcat per un arc de\u00a0mitja punta i frisat d&#8217;ordre d\u00f2ric.<\/p><p>La torre, semi adossada a als peus del temple, en el costat de l\u2019evangeli, \u00e9s de cinc trams, quadrats el tres primers, octogonal el seg\u00fcent i circular l\u2019\u00faltim.<\/p>\t\t\t\t\t\t\t\t<\/div>\n\t\t\t\t<\/div>\n\t\t\t\t<div class=\"elementor-element elementor-element-ecf0b17 elementor-widget elementor-widget-image\" data-id=\"ecf0b17\" data-element_type=\"widget\" data-e-type=\"widget\" data-widget_type=\"image.default\">\n\t\t\t\t<div class=\"elementor-widget-container\">\n\t\t\t\t\t\t\t\t\t\t\t\t<figure class=\"wp-caption\">\n\t\t\t\t\t\t\t\t\t\t<img loading=\"lazy\" decoding=\"async\" width=\"407\" height=\"550\" src=\"https:\/\/www.elturistatranquil.com\/wp-content\/uploads\/F68-Ulldemolins.-Tarragona.jpg\" class=\"attachment-large size-large wp-image-34063\" alt=\"Ulldemolins. Tarragona\" srcset=\"https:\/\/www.elturistatranquil.com\/wp-content\/uploads\/F68-Ulldemolins.-Tarragona.jpg 407w, https:\/\/www.elturistatranquil.com\/wp-content\/uploads\/F68-Ulldemolins.-Tarragona-167x226.jpg 167w\" sizes=\"(max-width: 407px) 100vw, 407px\" \/>\t\t\t\t\t\t\t\t\t\t\t<figcaption class=\"widget-image-caption wp-caption-text\"><\/figcaption>\n\t\t\t\t\t\t\t\t\t\t<\/figure>\n\t\t\t\t\t\t\t\t\t<\/div>\n\t\t\t\t<\/div>\n\t\t\t\t<div class=\"elementor-element elementor-element-ea7e59e elementor-widget elementor-widget-image\" data-id=\"ea7e59e\" data-element_type=\"widget\" data-e-type=\"widget\" data-widget_type=\"image.default\">\n\t\t\t\t<div class=\"elementor-widget-container\">\n\t\t\t\t\t\t\t\t\t\t\t\t<figure class=\"wp-caption\">\n\t\t\t\t\t\t\t\t\t\t<img loading=\"lazy\" decoding=\"async\" width=\"768\" height=\"512\" src=\"https:\/\/www.elturistatranquil.com\/wp-content\/uploads\/F69-Ulldemolins.-Tarragona.jpg\" class=\"attachment-large size-large wp-image-34065\" alt=\"Ulldemolins. Tarragona\" srcset=\"https:\/\/www.elturistatranquil.com\/wp-content\/uploads\/F69-Ulldemolins.-Tarragona.jpg 768w, https:\/\/www.elturistatranquil.com\/wp-content\/uploads\/F69-Ulldemolins.-Tarragona-339x226.jpg 339w\" sizes=\"(max-width: 768px) 100vw, 768px\" \/>\t\t\t\t\t\t\t\t\t\t\t<figcaption class=\"widget-image-caption wp-caption-text\"><\/figcaption>\n\t\t\t\t\t\t\t\t\t\t<\/figure>\n\t\t\t\t\t\t\t\t\t<\/div>\n\t\t\t\t<\/div>\n\t\t\t\t<div class=\"elementor-element elementor-element-e404f8a elementor-widget elementor-widget-heading\" data-id=\"e404f8a\" data-element_type=\"widget\" data-e-type=\"widget\" data-widget_type=\"heading.default\">\n\t\t\t\t<div class=\"elementor-widget-container\">\n\t\t\t\t\t<h4 class=\"elementor-heading-title elementor-size-default\">El Santuari de la Mare de D\u00e9u del Loreto<\/h4>\t\t\t\t<\/div>\n\t\t\t\t<\/div>\n\t\t\t\t<div class=\"elementor-element elementor-element-c9a370c elementor-widget elementor-widget-text-editor\" data-id=\"c9a370c\" data-element_type=\"widget\" data-e-type=\"widget\" data-widget_type=\"text-editor.default\">\n\t\t\t\t<div class=\"elementor-widget-container\">\n\t\t\t\t\t\t\t\t\t<p>Ulldemolins destaca per les seves moltes ermites repartides per l\u2019entorn del territori, com el <strong>Santuari de la Mare de D\u00e9u del Loreto<\/strong> (<strong>e<\/strong>), situat a l\u2019entrada de la localitat, amb data de construcci\u00f3 de 1761.<\/p><p>Els esgrafiats que mostra la fa\u00e7ana van ser incorporats l\u2019any 1985.<\/p>\t\t\t\t\t\t\t\t<\/div>\n\t\t\t\t<\/div>\n\t\t\t\t<div class=\"elementor-element elementor-element-3a7cb27 elementor-widget elementor-widget-image\" data-id=\"3a7cb27\" data-element_type=\"widget\" data-e-type=\"widget\" data-widget_type=\"image.default\">\n\t\t\t\t<div class=\"elementor-widget-container\">\n\t\t\t\t\t\t\t\t\t\t\t\t<figure class=\"wp-caption\">\n\t\t\t\t\t\t\t\t\t\t<img loading=\"lazy\" decoding=\"async\" width=\"768\" height=\"511\" src=\"https:\/\/www.elturistatranquil.com\/wp-content\/uploads\/F70-Ulldemolins.-Tarragona.jpg\" class=\"attachment-large size-large wp-image-34067\" alt=\"Ulldemolins. Tarragona\" srcset=\"https:\/\/www.elturistatranquil.com\/wp-content\/uploads\/F70-Ulldemolins.-Tarragona.jpg 768w, https:\/\/www.elturistatranquil.com\/wp-content\/uploads\/F70-Ulldemolins.-Tarragona-339x226.jpg 339w\" sizes=\"(max-width: 768px) 100vw, 768px\" \/>\t\t\t\t\t\t\t\t\t\t\t<figcaption class=\"widget-image-caption wp-caption-text\"><\/figcaption>\n\t\t\t\t\t\t\t\t\t\t<\/figure>\n\t\t\t\t\t\t\t\t\t<\/div>\n\t\t\t\t<\/div>\n\t\t\t\t<div class=\"elementor-element elementor-element-f936849 elementor-widget elementor-widget-image\" data-id=\"f936849\" data-element_type=\"widget\" data-e-type=\"widget\" data-widget_type=\"image.default\">\n\t\t\t\t<div class=\"elementor-widget-container\">\n\t\t\t\t\t\t\t\t\t\t\t\t<figure class=\"wp-caption\">\n\t\t\t\t\t\t\t\t\t\t<img loading=\"lazy\" decoding=\"async\" width=\"768\" height=\"512\" src=\"https:\/\/www.elturistatranquil.com\/wp-content\/uploads\/F71-Ulldemolins.-Tarragona.jpg\" class=\"attachment-large size-large wp-image-34069\" alt=\"Ulldemolins. Tarragona\" srcset=\"https:\/\/www.elturistatranquil.com\/wp-content\/uploads\/F71-Ulldemolins.-Tarragona.jpg 768w, https:\/\/www.elturistatranquil.com\/wp-content\/uploads\/F71-Ulldemolins.-Tarragona-339x226.jpg 339w\" sizes=\"(max-width: 768px) 100vw, 768px\" \/>\t\t\t\t\t\t\t\t\t\t\t<figcaption class=\"widget-image-caption wp-caption-text\"><\/figcaption>\n\t\t\t\t\t\t\t\t\t\t<\/figure>\n\t\t\t\t\t\t\t\t\t<\/div>\n\t\t\t\t<\/div>\n\t\t\t\t<div class=\"elementor-element elementor-element-63de1ef elementor-widget elementor-widget-heading\" data-id=\"63de1ef\" data-element_type=\"widget\" data-e-type=\"widget\" data-widget_type=\"heading.default\">\n\t\t\t\t<div class=\"elementor-widget-container\">\n\t\t\t\t\t<h4 class=\"elementor-heading-title elementor-size-default\">Cooperativa Agr\u00edcola Sant Jaume d\u2019Ulldemolins<\/h4>\t\t\t\t<\/div>\n\t\t\t\t<\/div>\n\t\t\t\t<div class=\"elementor-element elementor-element-f71e868 elementor-widget elementor-widget-text-editor\" data-id=\"f71e868\" data-element_type=\"widget\" data-e-type=\"widget\" data-widget_type=\"text-editor.default\">\n\t\t\t\t<div class=\"elementor-widget-container\">\n\t\t\t\t\t\t\t\t\t<p>Al l\u00edmit del carrer Loreto, al costat de la carretera, s\u2019al\u00e7a l\u2019edifici de la <strong>Cooperativa Agr\u00edcola Sant Jaume<\/strong> (<strong>f<\/strong>). Encara que l\u2019edifici es modern de 1953, sembla que es va voler mantenir un vincle estil\u00edstic arrelat en les <a href=\"https:\/\/www.elturistatranquil.com\/ca\/cellers-modernistes-a-tarragona\/\" target=\"_blank\" rel=\"noopener\">cooperatives modernistes<\/a> de principis del segle XX, amb un resultat de gran dignitat.<\/p>\t\t\t\t\t\t\t\t<\/div>\n\t\t\t\t<\/div>\n\t\t\t\t<div class=\"elementor-element elementor-element-6ea0324 elementor-widget elementor-widget-menu-anchor\" data-id=\"6ea0324\" data-element_type=\"widget\" data-e-type=\"widget\" data-widget_type=\"menu-anchor.default\">\n\t\t\t\t<div class=\"elementor-widget-container\">\n\t\t\t\t\t\t\t<div class=\"elementor-menu-anchor\" id=\"c6407\"><\/div>\n\t\t\t\t\t\t<\/div>\n\t\t\t\t<\/div>\n\t\t\t\t<div class=\"elementor-element elementor-element-32dd5d6 elementor-widget elementor-widget-image\" data-id=\"32dd5d6\" data-element_type=\"widget\" data-e-type=\"widget\" data-widget_type=\"image.default\">\n\t\t\t\t<div class=\"elementor-widget-container\">\n\t\t\t\t\t\t\t\t\t\t\t\t<figure class=\"wp-caption\">\n\t\t\t\t\t\t\t\t\t\t<img loading=\"lazy\" decoding=\"async\" width=\"768\" height=\"511\" src=\"https:\/\/www.elturistatranquil.com\/wp-content\/uploads\/F72-Ulldemolins.-Tarragona.jpg\" class=\"attachment-large size-large wp-image-34071\" alt=\"Ulldemolins. Tarragona\" srcset=\"https:\/\/www.elturistatranquil.com\/wp-content\/uploads\/F72-Ulldemolins.-Tarragona.jpg 768w, https:\/\/www.elturistatranquil.com\/wp-content\/uploads\/F72-Ulldemolins.-Tarragona-339x226.jpg 339w\" sizes=\"(max-width: 768px) 100vw, 768px\" \/>\t\t\t\t\t\t\t\t\t\t\t<figcaption class=\"widget-image-caption wp-caption-text\"><\/figcaption>\n\t\t\t\t\t\t\t\t\t\t<\/figure>\n\t\t\t\t\t\t\t\t\t<\/div>\n\t\t\t\t<\/div>\n\t\t\t\t<div class=\"elementor-element elementor-element-d9306b1 elementor-widget elementor-widget-heading\" data-id=\"d9306b1\" data-element_type=\"widget\" data-e-type=\"widget\" data-widget_type=\"heading.default\">\n\t\t\t\t<div class=\"elementor-widget-container\">\n\t\t\t\t\t<h3 class=\"elementor-heading-title elementor-size-default\">Vilanova de Prades<\/h3>\t\t\t\t<\/div>\n\t\t\t\t<\/div>\n\t\t\t\t<div class=\"elementor-element elementor-element-9bbf83f elementor-widget elementor-widget-image\" data-id=\"9bbf83f\" data-element_type=\"widget\" data-e-type=\"widget\" data-widget_type=\"image.default\">\n\t\t\t\t<div class=\"elementor-widget-container\">\n\t\t\t\t\t\t\t\t\t\t\t\t<figure class=\"wp-caption\">\n\t\t\t\t\t\t\t\t\t\t<img loading=\"lazy\" decoding=\"async\" width=\"768\" height=\"511\" src=\"https:\/\/www.elturistatranquil.com\/wp-content\/uploads\/F73-Vilanova-de-Prades.-Tarragona-Google-earth-2020-12-03.jpg\" class=\"attachment-large size-large wp-image-34073\" alt=\"Vilanova de Prades. Tarragona (Google earth 2020-12-03)\" srcset=\"https:\/\/www.elturistatranquil.com\/wp-content\/uploads\/F73-Vilanova-de-Prades.-Tarragona-Google-earth-2020-12-03.jpg 768w, https:\/\/www.elturistatranquil.com\/wp-content\/uploads\/F73-Vilanova-de-Prades.-Tarragona-Google-earth-2020-12-03-339x226.jpg 339w\" sizes=\"(max-width: 768px) 100vw, 768px\" \/>\t\t\t\t\t\t\t\t\t\t\t<figcaption class=\"widget-image-caption wp-caption-text\">(Google maps 2020-11-30)<\/figcaption>\n\t\t\t\t\t\t\t\t\t\t<\/figure>\n\t\t\t\t\t\t\t\t\t<\/div>\n\t\t\t\t<\/div>\n\t\t\t\t<div class=\"elementor-element elementor-element-b49167b elementor-widget elementor-widget-text-editor\" data-id=\"b49167b\" data-element_type=\"widget\" data-e-type=\"widget\" data-widget_type=\"text-editor.default\">\n\t\t\t\t<div class=\"elementor-widget-container\">\n\t\t\t\t\t\t\t\t\t<p>Comarca: Conca de Barber\u00e0. Coordenades: 41\u00b019\u203221\u2033N 0\u00b052\u203235\u2033E. Altitud: 645 msnm. Poblaci\u00f3: 112 habitants en 2019.<\/p><p>Seguint la direcci\u00f3 de la cinglera de la Serra de la Llena arribo, en una petita vall de muntanya, i d\u2019alt d\u2019un tur\u00f3 a 893 msnm, a <strong>Vilanova de <\/strong><strong>Prades <\/strong>(<strong>E<\/strong>). \u00a0He recorregut 12 kil\u00f2metres durant uns 15 minuts.\u00a0 El municipi tenia 112 habitants el 2019.<\/p>\t\t\t\t\t\t\t\t<\/div>\n\t\t\t\t<\/div>\n\t\t\t\t<div class=\"elementor-element elementor-element-3492365 elementor-widget elementor-widget-image\" data-id=\"3492365\" data-element_type=\"widget\" data-e-type=\"widget\" data-widget_type=\"image.default\">\n\t\t\t\t<div class=\"elementor-widget-container\">\n\t\t\t\t\t\t\t\t\t\t\t\t<figure class=\"wp-caption\">\n\t\t\t\t\t\t\t\t\t\t<img loading=\"lazy\" decoding=\"async\" width=\"768\" height=\"511\" src=\"https:\/\/www.elturistatranquil.com\/wp-content\/uploads\/F74-Vilanova-de-Prades.-Tarragona.jpg\" class=\"attachment-large size-large wp-image-34075\" alt=\"Vilanova de Prades. Tarragona\" srcset=\"https:\/\/www.elturistatranquil.com\/wp-content\/uploads\/F74-Vilanova-de-Prades.-Tarragona.jpg 768w, https:\/\/www.elturistatranquil.com\/wp-content\/uploads\/F74-Vilanova-de-Prades.-Tarragona-339x226.jpg 339w\" sizes=\"(max-width: 768px) 100vw, 768px\" \/>\t\t\t\t\t\t\t\t\t\t\t<figcaption class=\"widget-image-caption wp-caption-text\"><\/figcaption>\n\t\t\t\t\t\t\t\t\t\t<\/figure>\n\t\t\t\t\t\t\t\t\t<\/div>\n\t\t\t\t<\/div>\n\t\t\t\t<div class=\"elementor-element elementor-element-47466c8 elementor-widget elementor-widget-text-editor\" data-id=\"47466c8\" data-element_type=\"widget\" data-e-type=\"widget\" data-widget_type=\"text-editor.default\">\n\t\t\t\t<div class=\"elementor-widget-container\">\n\t\t\t\t\t\t\t\t\t<p>La seva posici\u00f3 \u00e9s estrat\u00e8gica com a lloc de pas entre comarques. A m\u00e9s, \u00e9s el punt de parti\u00f3 d\u2019aig\u00fces , vers el riu de Prades a ponent i vers el riu Francol\u00ed a llevant.<\/p><p>Tenia un castell, no pas d&#8217;import\u00e0ncia b\u00e8l\u00b7lica, sin\u00f3 principalment com a lloc de refugi per als viatgers.<\/p><p>La reconquesta cristiana va comportar, com a la resta d\u2019aquest territori, el repoblament, dins la Carta de Poblaci\u00f3 de Prades en 1159, com a l\u00edmit del seu terme. Va esser integrada en 1324 al Comtat de Prades i, d\u2019avant l\u2019abundor del top\u00f2nim Vilanova, se li afeg\u00ed el \u201cde Prades\u201d.<\/p><p>El seu paper de lloc de pas va influir en el seu urbanisme, constituint-se b\u00e0sicament com un poble-cam\u00ed l llarg de la carretera, en una orientaci\u00f3 est-oest. La seva antiguitat es mostra en l\u2019estretor del vial.<\/p><p>Del <strong>Castell<\/strong> nom\u00e9s en resta l\u2019empla\u00e7ament (<strong>a<\/strong>).<\/p><p>Les cases, generalment de tres nivells, com a la resta de la zona, provenen, sobre tot, dels segles XVI a XVIII.<\/p><p>Son destacables els nombrosos <strong>portals adovellats<\/strong> que arriben fins al segle XIX, i que l\u2019Ajuntament ha senyalitzat en una <strong>ruta dels portals adovellats<\/strong>.<\/p>\t\t\t\t\t\t\t\t<\/div>\n\t\t\t\t<\/div>\n\t\t\t\t<div class=\"elementor-element elementor-element-2a46e00 elementor-widget elementor-widget-image\" data-id=\"2a46e00\" data-element_type=\"widget\" data-e-type=\"widget\" data-widget_type=\"image.default\">\n\t\t\t\t<div class=\"elementor-widget-container\">\n\t\t\t\t\t\t\t\t\t\t\t\t<figure class=\"wp-caption\">\n\t\t\t\t\t\t\t\t\t\t<img loading=\"lazy\" decoding=\"async\" width=\"768\" height=\"511\" src=\"https:\/\/www.elturistatranquil.com\/wp-content\/uploads\/F75-Vilanova-de-Prades.-Tarragona.jpg\" class=\"attachment-large size-large wp-image-34077\" alt=\"Vilanova de Prades. Tarragona\" srcset=\"https:\/\/www.elturistatranquil.com\/wp-content\/uploads\/F75-Vilanova-de-Prades.-Tarragona.jpg 768w, https:\/\/www.elturistatranquil.com\/wp-content\/uploads\/F75-Vilanova-de-Prades.-Tarragona-339x226.jpg 339w\" sizes=\"(max-width: 768px) 100vw, 768px\" \/>\t\t\t\t\t\t\t\t\t\t\t<figcaption class=\"widget-image-caption wp-caption-text\"><\/figcaption>\n\t\t\t\t\t\t\t\t\t\t<\/figure>\n\t\t\t\t\t\t\t\t\t<\/div>\n\t\t\t\t<\/div>\n\t\t\t\t<div class=\"elementor-element elementor-element-d801e2e elementor-widget elementor-widget-image\" data-id=\"d801e2e\" data-element_type=\"widget\" data-e-type=\"widget\" data-widget_type=\"image.default\">\n\t\t\t\t<div class=\"elementor-widget-container\">\n\t\t\t\t\t\t\t\t\t\t\t\t<figure class=\"wp-caption\">\n\t\t\t\t\t\t\t\t\t\t<img loading=\"lazy\" decoding=\"async\" width=\"768\" height=\"511\" src=\"https:\/\/www.elturistatranquil.com\/wp-content\/uploads\/F76-Vilanova-de-Prades.-Tarragona.jpg\" class=\"attachment-large size-large wp-image-34079\" alt=\"Vilanova de Prades. Tarragona\" srcset=\"https:\/\/www.elturistatranquil.com\/wp-content\/uploads\/F76-Vilanova-de-Prades.-Tarragona.jpg 768w, https:\/\/www.elturistatranquil.com\/wp-content\/uploads\/F76-Vilanova-de-Prades.-Tarragona-339x226.jpg 339w\" sizes=\"(max-width: 768px) 100vw, 768px\" \/>\t\t\t\t\t\t\t\t\t\t\t<figcaption class=\"widget-image-caption wp-caption-text\"><\/figcaption>\n\t\t\t\t\t\t\t\t\t\t<\/figure>\n\t\t\t\t\t\t\t\t\t<\/div>\n\t\t\t\t<\/div>\n\t\t\t\t<div class=\"elementor-element elementor-element-ea9c3f6 elementor-widget elementor-widget-image\" data-id=\"ea9c3f6\" data-element_type=\"widget\" data-e-type=\"widget\" data-widget_type=\"image.default\">\n\t\t\t\t<div class=\"elementor-widget-container\">\n\t\t\t\t\t\t\t\t\t\t\t\t<figure class=\"wp-caption\">\n\t\t\t\t\t\t\t\t\t\t<img loading=\"lazy\" decoding=\"async\" width=\"768\" height=\"512\" src=\"https:\/\/www.elturistatranquil.com\/wp-content\/uploads\/F77-Vilanova-de-Prades.-Tarragona.jpg\" class=\"attachment-large size-large wp-image-34081\" alt=\"Vilanova de Prades. Tarragona\" srcset=\"https:\/\/www.elturistatranquil.com\/wp-content\/uploads\/F77-Vilanova-de-Prades.-Tarragona.jpg 768w, https:\/\/www.elturistatranquil.com\/wp-content\/uploads\/F77-Vilanova-de-Prades.-Tarragona-339x226.jpg 339w\" sizes=\"(max-width: 768px) 100vw, 768px\" \/>\t\t\t\t\t\t\t\t\t\t\t<figcaption class=\"widget-image-caption wp-caption-text\"><\/figcaption>\n\t\t\t\t\t\t\t\t\t\t<\/figure>\n\t\t\t\t\t\t\t\t\t<\/div>\n\t\t\t\t<\/div>\n\t\t\t\t<div class=\"elementor-element elementor-element-98a99a3 elementor-widget elementor-widget-image\" data-id=\"98a99a3\" data-element_type=\"widget\" data-e-type=\"widget\" data-widget_type=\"image.default\">\n\t\t\t\t<div class=\"elementor-widget-container\">\n\t\t\t\t\t\t\t\t\t\t\t\t<figure class=\"wp-caption\">\n\t\t\t\t\t\t\t\t\t\t<img loading=\"lazy\" decoding=\"async\" width=\"768\" height=\"512\" src=\"https:\/\/www.elturistatranquil.com\/wp-content\/uploads\/F78-Vilanova-de-Prades.-Tarragona.jpg\" class=\"attachment-large size-large wp-image-34083\" alt=\"Vilanova de Prades. Tarragona\" srcset=\"https:\/\/www.elturistatranquil.com\/wp-content\/uploads\/F78-Vilanova-de-Prades.-Tarragona.jpg 768w, https:\/\/www.elturistatranquil.com\/wp-content\/uploads\/F78-Vilanova-de-Prades.-Tarragona-339x226.jpg 339w\" sizes=\"(max-width: 768px) 100vw, 768px\" \/>\t\t\t\t\t\t\t\t\t\t\t<figcaption class=\"widget-image-caption wp-caption-text\"><\/figcaption>\n\t\t\t\t\t\t\t\t\t\t<\/figure>\n\t\t\t\t\t\t\t\t\t<\/div>\n\t\t\t\t<\/div>\n\t\t\t\t<div class=\"elementor-element elementor-element-3bd202b elementor-widget elementor-widget-image\" data-id=\"3bd202b\" data-element_type=\"widget\" data-e-type=\"widget\" data-widget_type=\"image.default\">\n\t\t\t\t<div class=\"elementor-widget-container\">\n\t\t\t\t\t\t\t\t\t\t\t\t<figure class=\"wp-caption\">\n\t\t\t\t\t\t\t\t\t\t<img loading=\"lazy\" decoding=\"async\" width=\"768\" height=\"511\" src=\"https:\/\/www.elturistatranquil.com\/wp-content\/uploads\/F79-Vilanova-de-Prades.-Tarragona.jpg\" class=\"attachment-large size-large wp-image-34088\" alt=\"Vilanova de Prades. Tarragona\" srcset=\"https:\/\/www.elturistatranquil.com\/wp-content\/uploads\/F79-Vilanova-de-Prades.-Tarragona.jpg 768w, https:\/\/www.elturistatranquil.com\/wp-content\/uploads\/F79-Vilanova-de-Prades.-Tarragona-339x226.jpg 339w\" sizes=\"(max-width: 768px) 100vw, 768px\" \/>\t\t\t\t\t\t\t\t\t\t\t<figcaption class=\"widget-image-caption wp-caption-text\"><\/figcaption>\n\t\t\t\t\t\t\t\t\t\t<\/figure>\n\t\t\t\t\t\t\t\t\t<\/div>\n\t\t\t\t<\/div>\n\t\t\t\t<div class=\"elementor-element elementor-element-87d1241 elementor-widget elementor-widget-image\" data-id=\"87d1241\" data-element_type=\"widget\" data-e-type=\"widget\" data-widget_type=\"image.default\">\n\t\t\t\t<div class=\"elementor-widget-container\">\n\t\t\t\t\t\t\t\t\t\t\t\t<figure class=\"wp-caption\">\n\t\t\t\t\t\t\t\t\t\t<img loading=\"lazy\" decoding=\"async\" width=\"768\" height=\"511\" src=\"https:\/\/www.elturistatranquil.com\/wp-content\/uploads\/F80-Vilanova-de-Prades.-Tarragona.jpg\" class=\"attachment-large size-large wp-image-34090\" alt=\"Vilanova de Prades. Tarragona\" srcset=\"https:\/\/www.elturistatranquil.com\/wp-content\/uploads\/F80-Vilanova-de-Prades.-Tarragona.jpg 768w, https:\/\/www.elturistatranquil.com\/wp-content\/uploads\/F80-Vilanova-de-Prades.-Tarragona-339x226.jpg 339w\" sizes=\"(max-width: 768px) 100vw, 768px\" \/>\t\t\t\t\t\t\t\t\t\t\t<figcaption class=\"widget-image-caption wp-caption-text\"><\/figcaption>\n\t\t\t\t\t\t\t\t\t\t<\/figure>\n\t\t\t\t\t\t\t\t\t<\/div>\n\t\t\t\t<\/div>\n\t\t\t\t<div class=\"elementor-element elementor-element-e171b9f elementor-widget elementor-widget-image\" data-id=\"e171b9f\" data-element_type=\"widget\" data-e-type=\"widget\" data-widget_type=\"image.default\">\n\t\t\t\t<div class=\"elementor-widget-container\">\n\t\t\t\t\t\t\t\t\t\t\t\t<figure class=\"wp-caption\">\n\t\t\t\t\t\t\t\t\t\t<img loading=\"lazy\" decoding=\"async\" width=\"768\" height=\"511\" src=\"https:\/\/www.elturistatranquil.com\/wp-content\/uploads\/F81-Vilanova-de-Prades.-Tarragona.jpg\" class=\"attachment-large size-large wp-image-34092\" alt=\"Vilanova de Prades. Tarragona\" srcset=\"https:\/\/www.elturistatranquil.com\/wp-content\/uploads\/F81-Vilanova-de-Prades.-Tarragona.jpg 768w, https:\/\/www.elturistatranquil.com\/wp-content\/uploads\/F81-Vilanova-de-Prades.-Tarragona-339x226.jpg 339w\" sizes=\"(max-width: 768px) 100vw, 768px\" \/>\t\t\t\t\t\t\t\t\t\t\t<figcaption class=\"widget-image-caption wp-caption-text\"><\/figcaption>\n\t\t\t\t\t\t\t\t\t\t<\/figure>\n\t\t\t\t\t\t\t\t\t<\/div>\n\t\t\t\t<\/div>\n\t\t\t\t<section class=\"elementor-section elementor-inner-section elementor-element elementor-element-840ff20 elementor-section-boxed elementor-section-height-default elementor-section-height-default\" data-id=\"840ff20\" data-element_type=\"section\" data-e-type=\"section\">\n\t\t\t\t\t\t<div class=\"elementor-container elementor-column-gap-default\">\n\t\t\t\t\t<div class=\"elementor-column elementor-col-50 elementor-inner-column elementor-element elementor-element-3c684e6\" data-id=\"3c684e6\" data-element_type=\"column\" data-e-type=\"column\">\n\t\t\t<div class=\"elementor-widget-wrap elementor-element-populated\">\n\t\t\t\t\t\t<div class=\"elementor-element elementor-element-0e0719c elementor-widget elementor-widget-image\" data-id=\"0e0719c\" data-element_type=\"widget\" data-e-type=\"widget\" data-widget_type=\"image.default\">\n\t\t\t\t<div class=\"elementor-widget-container\">\n\t\t\t\t\t\t\t\t\t\t\t\t\t\t\t<img loading=\"lazy\" decoding=\"async\" width=\"380\" height=\"380\" src=\"https:\/\/www.elturistatranquil.com\/wp-content\/uploads\/F82m-Vilanova-de-Prades.-Tarragona.jpg\" class=\"attachment-large size-large wp-image-34094\" alt=\"Vilanova de Prades. Tarragona\" srcset=\"https:\/\/www.elturistatranquil.com\/wp-content\/uploads\/F82m-Vilanova-de-Prades.-Tarragona.jpg 380w, https:\/\/www.elturistatranquil.com\/wp-content\/uploads\/F82m-Vilanova-de-Prades.-Tarragona-226x226.jpg 226w\" sizes=\"(max-width: 380px) 100vw, 380px\" \/>\t\t\t\t\t\t\t\t\t\t\t\t\t\t\t<\/div>\n\t\t\t\t<\/div>\n\t\t\t\t\t<\/div>\n\t\t<\/div>\n\t\t\t\t<div class=\"elementor-column elementor-col-50 elementor-inner-column elementor-element elementor-element-bc42520\" data-id=\"bc42520\" data-element_type=\"column\" data-e-type=\"column\">\n\t\t\t<div class=\"elementor-widget-wrap elementor-element-populated\">\n\t\t\t\t\t\t<div class=\"elementor-element elementor-element-ef1b636 elementor-widget elementor-widget-image\" data-id=\"ef1b636\" data-element_type=\"widget\" data-e-type=\"widget\" data-widget_type=\"image.default\">\n\t\t\t\t<div class=\"elementor-widget-container\">\n\t\t\t\t\t\t\t\t\t\t\t\t\t\t\t<img loading=\"lazy\" decoding=\"async\" width=\"380\" height=\"380\" src=\"https:\/\/www.elturistatranquil.com\/wp-content\/uploads\/F82n-Vilanova-de-Prades.-Tarragona.jpg\" class=\"attachment-large size-large wp-image-34096\" alt=\"Vilanova de Prades. Tarragona\" srcset=\"https:\/\/www.elturistatranquil.com\/wp-content\/uploads\/F82n-Vilanova-de-Prades.-Tarragona.jpg 380w, https:\/\/www.elturistatranquil.com\/wp-content\/uploads\/F82n-Vilanova-de-Prades.-Tarragona-226x226.jpg 226w\" sizes=\"(max-width: 380px) 100vw, 380px\" \/>\t\t\t\t\t\t\t\t\t\t\t\t\t\t\t<\/div>\n\t\t\t\t<\/div>\n\t\t\t\t\t<\/div>\n\t\t<\/div>\n\t\t\t\t\t<\/div>\n\t\t<\/section>\n\t\t\t\t<div class=\"elementor-element elementor-element-7cb6ba8 elementor-widget elementor-widget-heading\" data-id=\"7cb6ba8\" data-element_type=\"widget\" data-e-type=\"widget\" data-widget_type=\"heading.default\">\n\t\t\t\t<div class=\"elementor-widget-container\">\n\t\t\t\t\t<h4 class=\"elementor-heading-title elementor-size-default\">L\u2019Esgl\u00e9sia de Sant Salvador<\/h4>\t\t\t\t<\/div>\n\t\t\t\t<\/div>\n\t\t\t\t<div class=\"elementor-element elementor-element-e16df3d elementor-widget elementor-widget-text-editor\" data-id=\"e16df3d\" data-element_type=\"widget\" data-e-type=\"widget\" data-widget_type=\"text-editor.default\">\n\t\t\t\t<div class=\"elementor-widget-container\">\n\t\t\t\t\t\t\t\t\t<p>L\u2019<strong>Esgl\u00e9sia de Sant Salvador<\/strong> (<strong>b<\/strong>), reconstru\u00efda en estil barroc a finals del segle XVIII, iniciada el 1773, sobre una primitiva esgl\u00e9sia rom\u00e0nica documentada en 1180.<\/p><p>Una altre esgl\u00e9sia orientada a nord.<\/p>\t\t\t\t\t\t\t\t<\/div>\n\t\t\t\t<\/div>\n\t\t\t\t<div class=\"elementor-element elementor-element-0f5a405 elementor-widget elementor-widget-image\" data-id=\"0f5a405\" data-element_type=\"widget\" data-e-type=\"widget\" data-widget_type=\"image.default\">\n\t\t\t\t<div class=\"elementor-widget-container\">\n\t\t\t\t\t\t\t\t\t\t\t\t<figure class=\"wp-caption\">\n\t\t\t\t\t\t\t\t\t\t<img loading=\"lazy\" decoding=\"async\" width=\"406\" height=\"550\" src=\"https:\/\/www.elturistatranquil.com\/wp-content\/uploads\/F83-Vilanova-de-Prades.-Tarragona.jpg\" class=\"attachment-large size-large wp-image-34098\" alt=\"Vilanova de Prades. Tarragona\" srcset=\"https:\/\/www.elturistatranquil.com\/wp-content\/uploads\/F83-Vilanova-de-Prades.-Tarragona.jpg 406w, https:\/\/www.elturistatranquil.com\/wp-content\/uploads\/F83-Vilanova-de-Prades.-Tarragona-167x226.jpg 167w\" sizes=\"(max-width: 406px) 100vw, 406px\" \/>\t\t\t\t\t\t\t\t\t\t\t<figcaption class=\"widget-image-caption wp-caption-text\"><\/figcaption>\n\t\t\t\t\t\t\t\t\t\t<\/figure>\n\t\t\t\t\t\t\t\t\t<\/div>\n\t\t\t\t<\/div>\n\t\t\t\t<div class=\"elementor-element elementor-element-5d0f331 elementor-widget elementor-widget-image\" data-id=\"5d0f331\" data-element_type=\"widget\" data-e-type=\"widget\" data-widget_type=\"image.default\">\n\t\t\t\t<div class=\"elementor-widget-container\">\n\t\t\t\t\t\t\t\t\t\t\t\t<figure class=\"wp-caption\">\n\t\t\t\t\t\t\t\t\t\t<img loading=\"lazy\" decoding=\"async\" width=\"768\" height=\"511\" src=\"https:\/\/www.elturistatranquil.com\/wp-content\/uploads\/F84-Vilanova-de-Prades.-Tarragona.jpg\" class=\"attachment-large size-large wp-image-34100\" alt=\"Vilanova de Prades. Tarragona\" srcset=\"https:\/\/www.elturistatranquil.com\/wp-content\/uploads\/F84-Vilanova-de-Prades.-Tarragona.jpg 768w, https:\/\/www.elturistatranquil.com\/wp-content\/uploads\/F84-Vilanova-de-Prades.-Tarragona-339x226.jpg 339w\" sizes=\"(max-width: 768px) 100vw, 768px\" \/>\t\t\t\t\t\t\t\t\t\t\t<figcaption class=\"widget-image-caption wp-caption-text\"><\/figcaption>\n\t\t\t\t\t\t\t\t\t\t<\/figure>\n\t\t\t\t\t\t\t\t\t<\/div>\n\t\t\t\t<\/div>\n\t\t\t\t<div class=\"elementor-element elementor-element-33139e3 elementor-widget elementor-widget-text-editor\" data-id=\"33139e3\" data-element_type=\"widget\" data-e-type=\"widget\" data-widget_type=\"text-editor.default\">\n\t\t\t\t<div class=\"elementor-widget-container\">\n\t\t\t\t\t\t\t\t\t<p>El campanar va ser acabat el 1783. \u00c9s de tres cossos, el primer de planta quadrada i els dos superiors octogonals, amb coberta piramidal. Integrat en el cos de l\u2019esgl\u00e9sia, al costat de l\u2019ep\u00edstola.<\/p>\t\t\t\t\t\t\t\t<\/div>\n\t\t\t\t<\/div>\n\t\t\t\t<div class=\"elementor-element elementor-element-7c563d0 elementor-widget elementor-widget-menu-anchor\" data-id=\"7c563d0\" data-element_type=\"widget\" data-e-type=\"widget\" data-widget_type=\"menu-anchor.default\">\n\t\t\t\t<div class=\"elementor-widget-container\">\n\t\t\t\t\t\t\t<div class=\"elementor-menu-anchor\" id=\"c6408\"><\/div>\n\t\t\t\t\t\t<\/div>\n\t\t\t\t<\/div>\n\t\t\t\t<section class=\"elementor-section elementor-inner-section elementor-element elementor-element-f776e26 elementor-section-boxed elementor-section-height-default elementor-section-height-default\" data-id=\"f776e26\" data-element_type=\"section\" data-e-type=\"section\">\n\t\t\t\t\t\t<div class=\"elementor-container elementor-column-gap-default\">\n\t\t\t\t\t<div class=\"elementor-column elementor-col-50 elementor-inner-column elementor-element elementor-element-b143801\" data-id=\"b143801\" data-element_type=\"column\" data-e-type=\"column\">\n\t\t\t<div class=\"elementor-widget-wrap elementor-element-populated\">\n\t\t\t\t\t\t<div class=\"elementor-element elementor-element-4562e36 elementor-widget elementor-widget-image\" data-id=\"4562e36\" data-element_type=\"widget\" data-e-type=\"widget\" data-widget_type=\"image.default\">\n\t\t\t\t<div class=\"elementor-widget-container\">\n\t\t\t\t\t\t\t\t\t\t\t\t\t\t\t<img loading=\"lazy\" decoding=\"async\" width=\"366\" height=\"550\" src=\"https:\/\/www.elturistatranquil.com\/wp-content\/uploads\/F85m-Vilanova-de-Prades.-Tarragona.jpg\" class=\"attachment-large size-large wp-image-34102\" alt=\"Vilanova de Prades. Tarragona\" srcset=\"https:\/\/www.elturistatranquil.com\/wp-content\/uploads\/F85m-Vilanova-de-Prades.-Tarragona.jpg 366w, https:\/\/www.elturistatranquil.com\/wp-content\/uploads\/F85m-Vilanova-de-Prades.-Tarragona-150x226.jpg 150w\" sizes=\"(max-width: 366px) 100vw, 366px\" \/>\t\t\t\t\t\t\t\t\t\t\t\t\t\t\t<\/div>\n\t\t\t\t<\/div>\n\t\t\t\t\t<\/div>\n\t\t<\/div>\n\t\t\t\t<div class=\"elementor-column elementor-col-50 elementor-inner-column elementor-element elementor-element-45896a0\" data-id=\"45896a0\" data-element_type=\"column\" data-e-type=\"column\">\n\t\t\t<div class=\"elementor-widget-wrap elementor-element-populated\">\n\t\t\t\t\t\t<div class=\"elementor-element elementor-element-86890d0 elementor-widget elementor-widget-image\" data-id=\"86890d0\" data-element_type=\"widget\" data-e-type=\"widget\" data-widget_type=\"image.default\">\n\t\t\t\t<div class=\"elementor-widget-container\">\n\t\t\t\t\t\t\t\t\t\t\t\t\t\t\t<img loading=\"lazy\" decoding=\"async\" width=\"366\" height=\"550\" src=\"https:\/\/www.elturistatranquil.com\/wp-content\/uploads\/F85n-Vilanova-de-Prades.-Tarragona.jpg\" class=\"attachment-large size-large wp-image-34104\" alt=\"Vilanova de Prades. Tarragona\" srcset=\"https:\/\/www.elturistatranquil.com\/wp-content\/uploads\/F85n-Vilanova-de-Prades.-Tarragona.jpg 366w, https:\/\/www.elturistatranquil.com\/wp-content\/uploads\/F85n-Vilanova-de-Prades.-Tarragona-150x226.jpg 150w\" sizes=\"(max-width: 366px) 100vw, 366px\" \/>\t\t\t\t\t\t\t\t\t\t\t\t\t\t\t<\/div>\n\t\t\t\t<\/div>\n\t\t\t\t\t<\/div>\n\t\t<\/div>\n\t\t\t\t\t<\/div>\n\t\t<\/section>\n\t\t\t\t<div class=\"elementor-element elementor-element-5b2a04f elementor-widget elementor-widget-heading\" data-id=\"5b2a04f\" data-element_type=\"widget\" data-e-type=\"widget\" data-widget_type=\"heading.default\">\n\t\t\t\t<div class=\"elementor-widget-container\">\n\t\t\t\t\t<h3 class=\"elementor-heading-title elementor-size-default\">Vimbod\u00ed<\/h3>\t\t\t\t<\/div>\n\t\t\t\t<\/div>\n\t\t\t\t<div class=\"elementor-element elementor-element-aa3afe3 elementor-widget elementor-widget-image\" data-id=\"aa3afe3\" data-element_type=\"widget\" data-e-type=\"widget\" data-widget_type=\"image.default\">\n\t\t\t\t<div class=\"elementor-widget-container\">\n\t\t\t\t\t\t\t\t\t\t\t\t<figure class=\"wp-caption\">\n\t\t\t\t\t\t\t\t\t\t<img loading=\"lazy\" decoding=\"async\" width=\"768\" height=\"511\" src=\"https:\/\/www.elturistatranquil.com\/wp-content\/uploads\/F86-Vimbodi.-Tarragona-Google-earth-2020-12-03.jpg\" class=\"attachment-large size-large wp-image-34106\" alt=\"Vimbodi. Tarragona (Google earth 2020-12-03)\" srcset=\"https:\/\/www.elturistatranquil.com\/wp-content\/uploads\/F86-Vimbodi.-Tarragona-Google-earth-2020-12-03.jpg 768w, https:\/\/www.elturistatranquil.com\/wp-content\/uploads\/F86-Vimbodi.-Tarragona-Google-earth-2020-12-03-339x226.jpg 339w\" sizes=\"(max-width: 768px) 100vw, 768px\" \/>\t\t\t\t\t\t\t\t\t\t\t<figcaption class=\"widget-image-caption wp-caption-text\">(Google maps 2020-11-30)<\/figcaption>\n\t\t\t\t\t\t\t\t\t\t<\/figure>\n\t\t\t\t\t\t\t\t\t<\/div>\n\t\t\t\t<\/div>\n\t\t\t\t<div class=\"elementor-element elementor-element-4ac485f elementor-widget elementor-widget-text-editor\" data-id=\"4ac485f\" data-element_type=\"widget\" data-e-type=\"widget\" data-widget_type=\"text-editor.default\">\n\t\t\t\t<div class=\"elementor-widget-container\">\n\t\t\t\t\t\t\t\t\t<p>Municipi: Vimbod\u00ed i Poblet. Comarca: Conca de Barber\u00e0. Coordenades: 41\u00b024\u203202\u2033N 1\u00b003\u203200\u2033E. Altitud: 496 msnm. Poblaci\u00f3: 892 habitants en 2019.<\/p><p>La darrera visita correspon a la vila de <strong>Vimbod\u00ed<\/strong> (<strong>F<\/strong>), a 13 kil\u00f2metres de Vilanova de Prades. En el recorregut he passat al costat de la localitat de <strong>Vallclara<\/strong>, per\u00f2 no m\u2019hi he detingut.<\/p><p>A <strong>Vimbod\u00ed<\/strong> hi ha seu del municipi <strong>Vimbodi i Poblet<\/strong>, on es concentra la majoria de poblaci\u00f3, 803 habitants, 34 censats a Poblet i 55 disseminats. Hem baixat als 496 msnm.<\/p><p>M\u00e9s enll\u00e0 de l\u2019ocupaci\u00f3 d\u2019aquest territori, segurament des de fa 14.000 anys, passant pel per\u00edode de dominaci\u00f3 romana, el Vimbod\u00ed que veiem ara arrenca de l\u2019\u00e8poca sarra\u00efna i de la reconquesta cristiana. Ja reconquerit, de la localitat es tenen noticies datades en 1080, citat com <em>pelat de Vimbudir<\/em>.<\/p><p>La possessi\u00f3 de Vimbod\u00ed pel Monestir de Poblet va ser confirmada per Jaume I en 1272, i s\u2019hi va mantenir depenent fins a l\u2019exclaustraci\u00f3 del segle XIX.<\/p><p>El <strong>carrer Major<\/strong> (e) organitza longitudinalment, d\u2019est a oest, la trama urbana de la vila. La vila va estar murada, amb dues portes als extrems del carrer Major.<\/p><p>A la part central, on el tra\u00e7at adaptat a la l\u00ednia de nivell fa una corba cap al sud, la trama urbana s\u2019enlaira pel pendent vers el nord, per buscar el punt m\u00e9s elevat, on es situa l\u2019Esgl\u00e9sia de Sant Salvador.<\/p><p>Aparco a la <strong>pla\u00e7a de les Orenetes<\/strong> destinada a aparcament (<strong>PK<\/strong>), enfront del local del <strong>Cinema Foment<\/strong>. Pujo per <strong>carrer de la Font<\/strong> (<strong>a<\/strong>), tombant pel primer canto a la dreta, pel <strong>carrer de Joan Griny\u00f3<\/strong> (<strong>b<\/strong>).<\/p><p>Abans de tombar, observo la perspectiva sobre una de les entrades al recinte medieval de Vimbod\u00ed, por on retornar\u00e9 al final de la visita.<\/p>\t\t\t\t\t\t\t\t<\/div>\n\t\t\t\t<\/div>\n\t\t\t\t<div class=\"elementor-element elementor-element-41de271 elementor-widget elementor-widget-menu-anchor\" data-id=\"41de271\" data-element_type=\"widget\" data-e-type=\"widget\" data-widget_type=\"menu-anchor.default\">\n\t\t\t\t<div class=\"elementor-widget-container\">\n\t\t\t\t\t\t\t<div class=\"elementor-menu-anchor\" id=\"c6409\"><\/div>\n\t\t\t\t\t\t<\/div>\n\t\t\t\t<\/div>\n\t\t\t\t<div class=\"elementor-element elementor-element-61a3676 elementor-widget elementor-widget-image\" data-id=\"61a3676\" data-element_type=\"widget\" data-e-type=\"widget\" data-widget_type=\"image.default\">\n\t\t\t\t<div class=\"elementor-widget-container\">\n\t\t\t\t\t\t\t\t\t\t\t\t<figure class=\"wp-caption\">\n\t\t\t\t\t\t\t\t\t\t<img loading=\"lazy\" decoding=\"async\" width=\"768\" height=\"511\" src=\"https:\/\/www.elturistatranquil.com\/wp-content\/uploads\/F87-Vimbodi.-Tarragona.jpg\" class=\"attachment-large size-large wp-image-34108\" alt=\"Vimbodi. Tarragona\" srcset=\"https:\/\/www.elturistatranquil.com\/wp-content\/uploads\/F87-Vimbodi.-Tarragona.jpg 768w, https:\/\/www.elturistatranquil.com\/wp-content\/uploads\/F87-Vimbodi.-Tarragona-339x226.jpg 339w\" sizes=\"(max-width: 768px) 100vw, 768px\" \/>\t\t\t\t\t\t\t\t\t\t\t<figcaption class=\"widget-image-caption wp-caption-text\"><\/figcaption>\n\t\t\t\t\t\t\t\t\t\t<\/figure>\n\t\t\t\t\t\t\t\t\t<\/div>\n\t\t\t\t<\/div>\n\t\t\t\t<div class=\"elementor-element elementor-element-69ed4ee elementor-widget elementor-widget-heading\" data-id=\"69ed4ee\" data-element_type=\"widget\" data-e-type=\"widget\" data-widget_type=\"heading.default\">\n\t\t\t\t<div class=\"elementor-widget-container\">\n\t\t\t\t\t<h4 class=\"elementor-heading-title elementor-size-default\">Museu del vidre<\/h4>\t\t\t\t<\/div>\n\t\t\t\t<\/div>\n\t\t\t\t<div class=\"elementor-element elementor-element-4d85720 elementor-widget elementor-widget-text-editor\" data-id=\"4d85720\" data-element_type=\"widget\" data-e-type=\"widget\" data-widget_type=\"text-editor.default\">\n\t\t\t\t<div class=\"elementor-widget-container\">\n\t\t\t\t\t\t\t\t\t<p>Al n\u00famero 11 del carrer de Joan Griny\u00f3 em detinc a visitar el <a href=\"http:\/\/www.museudelvidre.cat\/el-museu\/benvinguda-del-museu\/\" target=\"_blank\" rel=\"noopener\"><strong>Museu i Forn del Vidre <\/strong><\/a>(<strong>c<\/strong>), on es reconeix la import\u00e0ncia que el vidre bufat havia tingut a Vimbod\u00ed durant la primera meitat del segle XX.<\/p>\t\t\t\t\t\t\t\t<\/div>\n\t\t\t\t<\/div>\n\t\t\t\t<div class=\"elementor-element elementor-element-9e0bb20 elementor-widget elementor-widget-image\" data-id=\"9e0bb20\" data-element_type=\"widget\" data-e-type=\"widget\" data-widget_type=\"image.default\">\n\t\t\t\t<div class=\"elementor-widget-container\">\n\t\t\t\t\t\t\t\t\t\t\t\t<figure class=\"wp-caption\">\n\t\t\t\t\t\t\t\t\t\t<img loading=\"lazy\" decoding=\"async\" width=\"768\" height=\"511\" src=\"https:\/\/www.elturistatranquil.com\/wp-content\/uploads\/F88-Vimbodi.-Tarragona.-Museu-del-Vidre.jpg\" class=\"attachment-large size-large wp-image-34110\" alt=\"Vimbodi. Tarragona. Museu del Vidre\" srcset=\"https:\/\/www.elturistatranquil.com\/wp-content\/uploads\/F88-Vimbodi.-Tarragona.-Museu-del-Vidre.jpg 768w, https:\/\/www.elturistatranquil.com\/wp-content\/uploads\/F88-Vimbodi.-Tarragona.-Museu-del-Vidre-339x226.jpg 339w\" sizes=\"(max-width: 768px) 100vw, 768px\" \/>\t\t\t\t\t\t\t\t\t\t\t<figcaption class=\"widget-image-caption wp-caption-text\"><\/figcaption>\n\t\t\t\t\t\t\t\t\t\t<\/figure>\n\t\t\t\t\t\t\t\t\t<\/div>\n\t\t\t\t<\/div>\n\t\t\t\t<div class=\"elementor-element elementor-element-f9c4642 elementor-widget elementor-widget-text-editor\" data-id=\"f9c4642\" data-element_type=\"widget\" data-e-type=\"widget\" data-widget_type=\"text-editor.default\">\n\t\t\t\t<div class=\"elementor-widget-container\">\n\t\t\t\t\t\t\t\t\t<p>El Museu est\u00e0 format per una col\u00b7lecci\u00f3 permanent did\u00e0cticament organitzada.<\/p><p>Tamb\u00e9 \u00e9s possible veure treballar un mestre vidrier, seguint la t\u00e8cnica del vidre bufat. Cal reserva pr\u00e8via dins un horaris establerts (<a href=\"http:\/\/www.museudelvidre.cat\/el-museu\/benvinguda-del-museu\/\" target=\"_blank\" rel=\"noopener\">Museu i Forn del Vidre de Vimbod\u00ed i Poblet<\/a>; Tel. 977 87 83 25)<\/p><p>El Museu est\u00e0 organitzat en tres gran \u00e0rees tem\u00e0tiques: <em>El vidre i els homes i les seves aplicacions<\/em>; <em>La historia del vidre<\/em>; y la tercera, <em>La producci\u00f3 de vidre a Vimbod\u00ed<\/em>.<\/p>\t\t\t\t\t\t\t\t<\/div>\n\t\t\t\t<\/div>\n\t\t\t\t<div class=\"elementor-element elementor-element-564d162 elementor-widget elementor-widget-image\" data-id=\"564d162\" data-element_type=\"widget\" data-e-type=\"widget\" data-widget_type=\"image.default\">\n\t\t\t\t<div class=\"elementor-widget-container\">\n\t\t\t\t\t\t\t\t\t\t\t\t<figure class=\"wp-caption\">\n\t\t\t\t\t\t\t\t\t\t<img loading=\"lazy\" decoding=\"async\" width=\"768\" height=\"512\" src=\"https:\/\/www.elturistatranquil.com\/wp-content\/uploads\/F89-Vimbodi.-Tarragona.-Museu-del-Vidre.jpg\" class=\"attachment-large size-large wp-image-34112\" alt=\"Vimbodi. Tarragona. Museu del Vidre\" srcset=\"https:\/\/www.elturistatranquil.com\/wp-content\/uploads\/F89-Vimbodi.-Tarragona.-Museu-del-Vidre.jpg 768w, https:\/\/www.elturistatranquil.com\/wp-content\/uploads\/F89-Vimbodi.-Tarragona.-Museu-del-Vidre-339x226.jpg 339w\" sizes=\"(max-width: 768px) 100vw, 768px\" \/>\t\t\t\t\t\t\t\t\t\t\t<figcaption class=\"widget-image-caption wp-caption-text\"><\/figcaption>\n\t\t\t\t\t\t\t\t\t\t<\/figure>\n\t\t\t\t\t\t\t\t\t<\/div>\n\t\t\t\t<\/div>\n\t\t\t\t<div class=\"elementor-element elementor-element-ef949a2 elementor-widget elementor-widget-image\" data-id=\"ef949a2\" data-element_type=\"widget\" data-e-type=\"widget\" data-widget_type=\"image.default\">\n\t\t\t\t<div class=\"elementor-widget-container\">\n\t\t\t\t\t\t\t\t\t\t\t\t<figure class=\"wp-caption\">\n\t\t\t\t\t\t\t\t\t\t<img loading=\"lazy\" decoding=\"async\" width=\"768\" height=\"512\" src=\"https:\/\/www.elturistatranquil.com\/wp-content\/uploads\/F90-Vimbodi.-Tarragona.-Museu-del-Vidre.jpg\" class=\"attachment-large size-large wp-image-34114\" alt=\"Vimbodi. Tarragona. Museu del Vidre\" srcset=\"https:\/\/www.elturistatranquil.com\/wp-content\/uploads\/F90-Vimbodi.-Tarragona.-Museu-del-Vidre.jpg 768w, https:\/\/www.elturistatranquil.com\/wp-content\/uploads\/F90-Vimbodi.-Tarragona.-Museu-del-Vidre-339x226.jpg 339w\" sizes=\"(max-width: 768px) 100vw, 768px\" \/>\t\t\t\t\t\t\t\t\t\t\t<figcaption class=\"widget-image-caption wp-caption-text\"><\/figcaption>\n\t\t\t\t\t\t\t\t\t\t<\/figure>\n\t\t\t\t\t\t\t\t\t<\/div>\n\t\t\t\t<\/div>\n\t\t\t\t<div class=\"elementor-element elementor-element-3070900 elementor-widget elementor-widget-image\" data-id=\"3070900\" data-element_type=\"widget\" data-e-type=\"widget\" data-widget_type=\"image.default\">\n\t\t\t\t<div class=\"elementor-widget-container\">\n\t\t\t\t\t\t\t\t\t\t\t\t<figure class=\"wp-caption\">\n\t\t\t\t\t\t\t\t\t\t<img loading=\"lazy\" decoding=\"async\" width=\"768\" height=\"512\" src=\"https:\/\/www.elturistatranquil.com\/wp-content\/uploads\/F91-Vimbodi.-Tarragona.-Museu-del-Vidre.jpg\" class=\"attachment-large size-large wp-image-34116\" alt=\"Vimbodi. Tarragona. Museu del Vidre\" srcset=\"https:\/\/www.elturistatranquil.com\/wp-content\/uploads\/F91-Vimbodi.-Tarragona.-Museu-del-Vidre.jpg 768w, https:\/\/www.elturistatranquil.com\/wp-content\/uploads\/F91-Vimbodi.-Tarragona.-Museu-del-Vidre-339x226.jpg 339w\" sizes=\"(max-width: 768px) 100vw, 768px\" \/>\t\t\t\t\t\t\t\t\t\t\t<figcaption class=\"widget-image-caption wp-caption-text\"><\/figcaption>\n\t\t\t\t\t\t\t\t\t\t<\/figure>\n\t\t\t\t\t\t\t\t\t<\/div>\n\t\t\t\t<\/div>\n\t\t\t\t<div class=\"elementor-element elementor-element-900e08c elementor-widget elementor-widget-image\" data-id=\"900e08c\" data-element_type=\"widget\" data-e-type=\"widget\" data-widget_type=\"image.default\">\n\t\t\t\t<div class=\"elementor-widget-container\">\n\t\t\t\t\t\t\t\t\t\t\t\t<figure class=\"wp-caption\">\n\t\t\t\t\t\t\t\t\t\t<img loading=\"lazy\" decoding=\"async\" width=\"768\" height=\"512\" src=\"https:\/\/www.elturistatranquil.com\/wp-content\/uploads\/F92-Vimbodi.-Tarragona.-Museu-del-Vidre.jpg\" class=\"attachment-large size-large wp-image-34118\" alt=\"Vimbodi. Tarragona. Museu del Vidre\" srcset=\"https:\/\/www.elturistatranquil.com\/wp-content\/uploads\/F92-Vimbodi.-Tarragona.-Museu-del-Vidre.jpg 768w, https:\/\/www.elturistatranquil.com\/wp-content\/uploads\/F92-Vimbodi.-Tarragona.-Museu-del-Vidre-339x226.jpg 339w\" sizes=\"(max-width: 768px) 100vw, 768px\" \/>\t\t\t\t\t\t\t\t\t\t\t<figcaption class=\"widget-image-caption wp-caption-text\"><\/figcaption>\n\t\t\t\t\t\t\t\t\t\t<\/figure>\n\t\t\t\t\t\t\t\t\t<\/div>\n\t\t\t\t<\/div>\n\t\t\t\t<div class=\"elementor-element elementor-element-7bf06c6 elementor-widget elementor-widget-image\" data-id=\"7bf06c6\" data-element_type=\"widget\" data-e-type=\"widget\" data-widget_type=\"image.default\">\n\t\t\t\t<div class=\"elementor-widget-container\">\n\t\t\t\t\t\t\t\t\t\t\t\t<figure class=\"wp-caption\">\n\t\t\t\t\t\t\t\t\t\t<img loading=\"lazy\" decoding=\"async\" width=\"768\" height=\"512\" src=\"https:\/\/www.elturistatranquil.com\/wp-content\/uploads\/F93-Vimbodi.-Tarragona.-Museu-del-Vidre.jpg\" class=\"attachment-large size-large wp-image-34120\" alt=\"Vimbodi. Tarragona. Museu del Vidre\" srcset=\"https:\/\/www.elturistatranquil.com\/wp-content\/uploads\/F93-Vimbodi.-Tarragona.-Museu-del-Vidre.jpg 768w, https:\/\/www.elturistatranquil.com\/wp-content\/uploads\/F93-Vimbodi.-Tarragona.-Museu-del-Vidre-339x226.jpg 339w\" sizes=\"(max-width: 768px) 100vw, 768px\" \/>\t\t\t\t\t\t\t\t\t\t\t<figcaption class=\"widget-image-caption wp-caption-text\"><\/figcaption>\n\t\t\t\t\t\t\t\t\t\t<\/figure>\n\t\t\t\t\t\t\t\t\t<\/div>\n\t\t\t\t<\/div>\n\t\t\t\t<div class=\"elementor-element elementor-element-001b470 elementor-widget elementor-widget-image\" data-id=\"001b470\" data-element_type=\"widget\" data-e-type=\"widget\" data-widget_type=\"image.default\">\n\t\t\t\t<div class=\"elementor-widget-container\">\n\t\t\t\t\t\t\t\t\t\t\t\t<figure class=\"wp-caption\">\n\t\t\t\t\t\t\t\t\t\t<img loading=\"lazy\" decoding=\"async\" width=\"768\" height=\"512\" src=\"https:\/\/www.elturistatranquil.com\/wp-content\/uploads\/F94-Vimbodi.-Tarragona.-Museu-del-Vidre.jpg\" class=\"attachment-large size-large wp-image-34122\" alt=\"Vimbodi. Tarragona. Museu del Vidre\" srcset=\"https:\/\/www.elturistatranquil.com\/wp-content\/uploads\/F94-Vimbodi.-Tarragona.-Museu-del-Vidre.jpg 768w, https:\/\/www.elturistatranquil.com\/wp-content\/uploads\/F94-Vimbodi.-Tarragona.-Museu-del-Vidre-339x226.jpg 339w\" sizes=\"(max-width: 768px) 100vw, 768px\" \/>\t\t\t\t\t\t\t\t\t\t\t<figcaption class=\"widget-image-caption wp-caption-text\"><\/figcaption>\n\t\t\t\t\t\t\t\t\t\t<\/figure>\n\t\t\t\t\t\t\t\t\t<\/div>\n\t\t\t\t<\/div>\n\t\t\t\t<div class=\"elementor-element elementor-element-f1c7e24 elementor-widget elementor-widget-text-editor\" data-id=\"f1c7e24\" data-element_type=\"widget\" data-e-type=\"widget\" data-widget_type=\"text-editor.default\">\n\t\t\t\t<div class=\"elementor-widget-container\">\n\t\t\t\t\t\t\t\t\t<p>Finalitzada la visita ser\u00e0 el moment d\u2019iniciar el recorregut per la Vila.<\/p>\t\t\t\t\t\t\t\t<\/div>\n\t\t\t\t<\/div>\n\t\t\t\t<div class=\"elementor-element elementor-element-72d2650 elementor-widget elementor-widget-heading\" data-id=\"72d2650\" data-element_type=\"widget\" data-e-type=\"widget\" data-widget_type=\"heading.default\">\n\t\t\t\t<div class=\"elementor-widget-container\">\n\t\t\t\t\t<h4 class=\"elementor-heading-title elementor-size-default\">La pla\u00e7a Major<\/h4>\t\t\t\t<\/div>\n\t\t\t\t<\/div>\n\t\t\t\t<div class=\"elementor-element elementor-element-1c5c8d2 elementor-widget elementor-widget-text-editor\" data-id=\"1c5c8d2\" data-element_type=\"widget\" data-e-type=\"widget\" data-widget_type=\"text-editor.default\">\n\t\t\t\t<div class=\"elementor-widget-container\">\n\t\t\t\t\t\t\t\t\t<p>Continuo pel carrer de Joan Griny\u00f3 fins arribar al passatge que em porta a la <strong>pla\u00e7a Major<\/strong> (<strong>d<\/strong>).<\/p>\t\t\t\t\t\t\t\t<\/div>\n\t\t\t\t<\/div>\n\t\t\t\t<div class=\"elementor-element elementor-element-aa23e71 elementor-widget elementor-widget-image\" data-id=\"aa23e71\" data-element_type=\"widget\" data-e-type=\"widget\" data-widget_type=\"image.default\">\n\t\t\t\t<div class=\"elementor-widget-container\">\n\t\t\t\t\t\t\t\t\t\t\t\t<figure class=\"wp-caption\">\n\t\t\t\t\t\t\t\t\t\t<img loading=\"lazy\" decoding=\"async\" width=\"768\" height=\"511\" src=\"https:\/\/www.elturistatranquil.com\/wp-content\/uploads\/F95-Vimbodi.-Tarragona.jpg\" class=\"attachment-large size-large wp-image-34124\" alt=\"Vimbodi. Tarragona\" srcset=\"https:\/\/www.elturistatranquil.com\/wp-content\/uploads\/F95-Vimbodi.-Tarragona.jpg 768w, https:\/\/www.elturistatranquil.com\/wp-content\/uploads\/F95-Vimbodi.-Tarragona-339x226.jpg 339w\" sizes=\"(max-width: 768px) 100vw, 768px\" \/>\t\t\t\t\t\t\t\t\t\t\t<figcaption class=\"widget-image-caption wp-caption-text\"><\/figcaption>\n\t\t\t\t\t\t\t\t\t\t<\/figure>\n\t\t\t\t\t\t\t\t\t<\/div>\n\t\t\t\t<\/div>\n\t\t\t\t<div class=\"elementor-element elementor-element-80c4b4f elementor-widget elementor-widget-text-editor\" data-id=\"80c4b4f\" data-element_type=\"widget\" data-e-type=\"widget\" data-widget_type=\"text-editor.default\">\n\t\t\t\t<div class=\"elementor-widget-container\">\n\t\t\t\t\t\t\t\t\t<p>La seu de l\u2019Ajuntament \u00e9s un edifici historicista que no presenta valor arquitect\u00f2nic.<\/p>\t\t\t\t\t\t\t\t<\/div>\n\t\t\t\t<\/div>\n\t\t\t\t<div class=\"elementor-element elementor-element-e7ec77e elementor-widget elementor-widget-image\" data-id=\"e7ec77e\" data-element_type=\"widget\" data-e-type=\"widget\" data-widget_type=\"image.default\">\n\t\t\t\t<div class=\"elementor-widget-container\">\n\t\t\t\t\t\t\t\t\t\t\t\t<figure class=\"wp-caption\">\n\t\t\t\t\t\t\t\t\t\t<img loading=\"lazy\" decoding=\"async\" width=\"768\" height=\"512\" src=\"https:\/\/www.elturistatranquil.com\/wp-content\/uploads\/F96-Vimbodi.-Tarragona.jpg\" class=\"attachment-large size-large wp-image-34126\" alt=\"Vimbodi. Tarragona\" srcset=\"https:\/\/www.elturistatranquil.com\/wp-content\/uploads\/F96-Vimbodi.-Tarragona.jpg 768w, https:\/\/www.elturistatranquil.com\/wp-content\/uploads\/F96-Vimbodi.-Tarragona-339x226.jpg 339w\" sizes=\"(max-width: 768px) 100vw, 768px\" \/>\t\t\t\t\t\t\t\t\t\t\t<figcaption class=\"widget-image-caption wp-caption-text\"><\/figcaption>\n\t\t\t\t\t\t\t\t\t\t<\/figure>\n\t\t\t\t\t\t\t\t\t<\/div>\n\t\t\t\t<\/div>\n\t\t\t\t<div class=\"elementor-element elementor-element-71b749e elementor-widget elementor-widget-text-editor\" data-id=\"71b749e\" data-element_type=\"widget\" data-e-type=\"widget\" data-widget_type=\"text-editor.default\">\n\t\t\t\t<div class=\"elementor-widget-container\">\n\t\t\t\t\t\t\t\t\t<p>De l\u2019angle dret de la pla\u00e7a surten les escales del <strong>carrer de l\u2019Esgl\u00e9sia<\/strong> (<strong>f<\/strong>).<\/p>\t\t\t\t\t\t\t\t<\/div>\n\t\t\t\t<\/div>\n\t\t\t\t<div class=\"elementor-element elementor-element-7c8f3c4 elementor-widget elementor-widget-image\" data-id=\"7c8f3c4\" data-element_type=\"widget\" data-e-type=\"widget\" data-widget_type=\"image.default\">\n\t\t\t\t<div class=\"elementor-widget-container\">\n\t\t\t\t\t\t\t\t\t\t\t\t<figure class=\"wp-caption\">\n\t\t\t\t\t\t\t\t\t\t<img loading=\"lazy\" decoding=\"async\" width=\"768\" height=\"511\" src=\"https:\/\/www.elturistatranquil.com\/wp-content\/uploads\/F97-Vimbodi.-Tarragona.jpg\" class=\"attachment-large size-large wp-image-34128\" alt=\"Vimbodi. Tarragona\" srcset=\"https:\/\/www.elturistatranquil.com\/wp-content\/uploads\/F97-Vimbodi.-Tarragona.jpg 768w, https:\/\/www.elturistatranquil.com\/wp-content\/uploads\/F97-Vimbodi.-Tarragona-339x226.jpg 339w\" sizes=\"(max-width: 768px) 100vw, 768px\" \/>\t\t\t\t\t\t\t\t\t\t\t<figcaption class=\"widget-image-caption wp-caption-text\"><\/figcaption>\n\t\t\t\t\t\t\t\t\t\t<\/figure>\n\t\t\t\t\t\t\t\t\t<\/div>\n\t\t\t\t<\/div>\n\t\t\t\t<div class=\"elementor-element elementor-element-8c3f89a elementor-widget elementor-widget-heading\" data-id=\"8c3f89a\" data-element_type=\"widget\" data-e-type=\"widget\" data-widget_type=\"heading.default\">\n\t\t\t\t<div class=\"elementor-widget-container\">\n\t\t\t\t\t<h4 class=\"elementor-heading-title elementor-size-default\">L\u2019Esgl\u00e9sia Parroquial de Sant Salvador <\/h4>\t\t\t\t<\/div>\n\t\t\t\t<\/div>\n\t\t\t\t<div class=\"elementor-element elementor-element-eba6d19 elementor-widget elementor-widget-text-editor\" data-id=\"eba6d19\" data-element_type=\"widget\" data-e-type=\"widget\" data-widget_type=\"text-editor.default\">\n\t\t\t\t<div class=\"elementor-widget-container\">\n\t\t\t\t\t\t\t\t\t<p>Al cap de munt s\u2019entra en contacte amb l\u2019<strong>Esgl\u00e9sia Parroquial de Sant Salvador<\/strong> (<strong>g<\/strong>), situada a la part mes alta del poble on devia al\u00e7ar-se l\u2019antic <strong>castell dels templers<\/strong>.<\/p><p>Dedicada a Sant Salvador, copatr\u00f3 de la vila, es va comen\u00e7ar a construir l&#8217;any 1287, substituint una anterior documentada ja el 1189, sota la tutela del monestir de Poblet i que es va ampliar en \u00e8poques posteriors. \u00c9s d&#8217;estil g\u00f2tic amb marcades influ\u00e8ncies cistercenques.<\/p><p>De l&#8217;exterior destaca el campanar, la portalada i un rellotge de sol datat en 1591.<\/p><p>Les capelles laterals s\u2019hi van afegir al segle XIX.<\/p>\t\t\t\t\t\t\t\t<\/div>\n\t\t\t\t<\/div>\n\t\t\t\t<div class=\"elementor-element elementor-element-2432132 elementor-widget elementor-widget-image\" data-id=\"2432132\" data-element_type=\"widget\" data-e-type=\"widget\" data-widget_type=\"image.default\">\n\t\t\t\t<div class=\"elementor-widget-container\">\n\t\t\t\t\t\t\t\t\t\t\t\t<figure class=\"wp-caption\">\n\t\t\t\t\t\t\t\t\t\t<img loading=\"lazy\" decoding=\"async\" width=\"768\" height=\"511\" src=\"https:\/\/www.elturistatranquil.com\/wp-content\/uploads\/F98-Vimbodi.-Tarragona.jpg\" class=\"attachment-large size-large wp-image-34130\" alt=\"Vimbodi. Tarragona\" srcset=\"https:\/\/www.elturistatranquil.com\/wp-content\/uploads\/F98-Vimbodi.-Tarragona.jpg 768w, https:\/\/www.elturistatranquil.com\/wp-content\/uploads\/F98-Vimbodi.-Tarragona-339x226.jpg 339w\" sizes=\"(max-width: 768px) 100vw, 768px\" \/>\t\t\t\t\t\t\t\t\t\t\t<figcaption class=\"widget-image-caption wp-caption-text\"><\/figcaption>\n\t\t\t\t\t\t\t\t\t\t<\/figure>\n\t\t\t\t\t\t\t\t\t<\/div>\n\t\t\t\t<\/div>\n\t\t\t\t<div class=\"elementor-element elementor-element-ef49466 elementor-widget elementor-widget-text-editor\" data-id=\"ef49466\" data-element_type=\"widget\" data-e-type=\"widget\" data-widget_type=\"text-editor.default\">\n\t\t\t\t<div class=\"elementor-widget-container\">\n\t\t\t\t\t\t\t\t\t<p>Portada de mig punt amb dovelles motllurades en arquivoltes, amb capitells finament esculpits. T\u00e9 guardapols ogival coronat amb un flor\u00f3. A la dovella central hi ha l&#8217;escut de l&#8217;abat Dom\u00e8nec Porta (1502-1526).<\/p>\t\t\t\t\t\t\t\t<\/div>\n\t\t\t\t<\/div>\n\t\t\t\t<div class=\"elementor-element elementor-element-612f26b elementor-widget elementor-widget-image\" data-id=\"612f26b\" data-element_type=\"widget\" data-e-type=\"widget\" data-widget_type=\"image.default\">\n\t\t\t\t<div class=\"elementor-widget-container\">\n\t\t\t\t\t\t\t\t\t\t\t\t<figure class=\"wp-caption\">\n\t\t\t\t\t\t\t\t\t\t<img loading=\"lazy\" decoding=\"async\" width=\"768\" height=\"511\" src=\"https:\/\/www.elturistatranquil.com\/wp-content\/uploads\/F99-Vimbodi.-Tarragona.jpg\" class=\"attachment-large size-large wp-image-34132\" alt=\"Vimbodi. Tarragona\" srcset=\"https:\/\/www.elturistatranquil.com\/wp-content\/uploads\/F99-Vimbodi.-Tarragona.jpg 768w, https:\/\/www.elturistatranquil.com\/wp-content\/uploads\/F99-Vimbodi.-Tarragona-339x226.jpg 339w\" sizes=\"(max-width: 768px) 100vw, 768px\" \/>\t\t\t\t\t\t\t\t\t\t\t<figcaption class=\"widget-image-caption wp-caption-text\"><\/figcaption>\n\t\t\t\t\t\t\t\t\t\t<\/figure>\n\t\t\t\t\t\t\t\t\t<\/div>\n\t\t\t\t<\/div>\n\t\t\t\t<div class=\"elementor-element elementor-element-f036a1a elementor-widget elementor-widget-image\" data-id=\"f036a1a\" data-element_type=\"widget\" data-e-type=\"widget\" data-widget_type=\"image.default\">\n\t\t\t\t<div class=\"elementor-widget-container\">\n\t\t\t\t\t\t\t\t\t\t\t\t<figure class=\"wp-caption\">\n\t\t\t\t\t\t\t\t\t\t<img loading=\"lazy\" decoding=\"async\" width=\"768\" height=\"511\" src=\"https:\/\/www.elturistatranquil.com\/wp-content\/uploads\/F100-Vimbodi.-Tarragona.jpg\" class=\"attachment-large size-large wp-image-34134\" alt=\"Vimbodi. Tarragona\" srcset=\"https:\/\/www.elturistatranquil.com\/wp-content\/uploads\/F100-Vimbodi.-Tarragona.jpg 768w, https:\/\/www.elturistatranquil.com\/wp-content\/uploads\/F100-Vimbodi.-Tarragona-339x226.jpg 339w\" sizes=\"(max-width: 768px) 100vw, 768px\" \/>\t\t\t\t\t\t\t\t\t\t\t<figcaption class=\"widget-image-caption wp-caption-text\"><\/figcaption>\n\t\t\t\t\t\t\t\t\t\t<\/figure>\n\t\t\t\t\t\t\t\t\t<\/div>\n\t\t\t\t<\/div>\n\t\t\t\t<div class=\"elementor-element elementor-element-1536ae2 elementor-widget elementor-widget-image\" data-id=\"1536ae2\" data-element_type=\"widget\" data-e-type=\"widget\" data-widget_type=\"image.default\">\n\t\t\t\t<div class=\"elementor-widget-container\">\n\t\t\t\t\t\t\t\t\t\t\t\t<figure class=\"wp-caption\">\n\t\t\t\t\t\t\t\t\t\t<img loading=\"lazy\" decoding=\"async\" width=\"768\" height=\"511\" src=\"https:\/\/www.elturistatranquil.com\/wp-content\/uploads\/F101-Vimbodi.-Tarragona.jpg\" class=\"attachment-large size-large wp-image-34136\" alt=\"Vimbodi. Tarragona\" srcset=\"https:\/\/www.elturistatranquil.com\/wp-content\/uploads\/F101-Vimbodi.-Tarragona.jpg 768w, https:\/\/www.elturistatranquil.com\/wp-content\/uploads\/F101-Vimbodi.-Tarragona-339x226.jpg 339w\" sizes=\"(max-width: 768px) 100vw, 768px\" \/>\t\t\t\t\t\t\t\t\t\t\t<figcaption class=\"widget-image-caption wp-caption-text\"><\/figcaption>\n\t\t\t\t\t\t\t\t\t\t<\/figure>\n\t\t\t\t\t\t\t\t\t<\/div>\n\t\t\t\t<\/div>\n\t\t\t\t<div class=\"elementor-element elementor-element-145b43b elementor-widget elementor-widget-text-editor\" data-id=\"145b43b\" data-element_type=\"widget\" data-e-type=\"widget\" data-widget_type=\"text-editor.default\">\n\t\t\t\t<div class=\"elementor-widget-container\">\n\t\t\t\t\t\t\t\t\t<p>Des d\u2019aquest punt elevat es disposa de vistes sobre la Conca de Barber\u00e0, incl\u00f2s el Tren d\u2019Alta Velocitat.<\/p>\t\t\t\t\t\t\t\t<\/div>\n\t\t\t\t<\/div>\n\t\t\t\t<div class=\"elementor-element elementor-element-c39aaff elementor-widget elementor-widget-image\" data-id=\"c39aaff\" data-element_type=\"widget\" data-e-type=\"widget\" data-widget_type=\"image.default\">\n\t\t\t\t<div class=\"elementor-widget-container\">\n\t\t\t\t\t\t\t\t\t\t\t\t<figure class=\"wp-caption\">\n\t\t\t\t\t\t\t\t\t\t<img loading=\"lazy\" decoding=\"async\" width=\"768\" height=\"512\" src=\"https:\/\/www.elturistatranquil.com\/wp-content\/uploads\/F102-Vimbodi.-Tarragona.jpg\" class=\"attachment-large size-large wp-image-34138\" alt=\"Vimbodi. Tarragona\" srcset=\"https:\/\/www.elturistatranquil.com\/wp-content\/uploads\/F102-Vimbodi.-Tarragona.jpg 768w, https:\/\/www.elturistatranquil.com\/wp-content\/uploads\/F102-Vimbodi.-Tarragona-339x226.jpg 339w\" sizes=\"(max-width: 768px) 100vw, 768px\" \/>\t\t\t\t\t\t\t\t\t\t\t<figcaption class=\"widget-image-caption wp-caption-text\"><\/figcaption>\n\t\t\t\t\t\t\t\t\t\t<\/figure>\n\t\t\t\t\t\t\t\t\t<\/div>\n\t\t\t\t<\/div>\n\t\t\t\t<div class=\"elementor-element elementor-element-05a5856 elementor-widget elementor-widget-image\" data-id=\"05a5856\" data-element_type=\"widget\" data-e-type=\"widget\" data-widget_type=\"image.default\">\n\t\t\t\t<div class=\"elementor-widget-container\">\n\t\t\t\t\t\t\t\t\t\t\t\t<figure class=\"wp-caption\">\n\t\t\t\t\t\t\t\t\t\t<img loading=\"lazy\" decoding=\"async\" width=\"768\" height=\"512\" src=\"https:\/\/www.elturistatranquil.com\/wp-content\/uploads\/F103-Vimbodi.-Tarragona.jpg\" class=\"attachment-large size-large wp-image-34140\" alt=\"Vimbodi. Tarragona\" srcset=\"https:\/\/www.elturistatranquil.com\/wp-content\/uploads\/F103-Vimbodi.-Tarragona.jpg 768w, https:\/\/www.elturistatranquil.com\/wp-content\/uploads\/F103-Vimbodi.-Tarragona-339x226.jpg 339w\" sizes=\"(max-width: 768px) 100vw, 768px\" \/>\t\t\t\t\t\t\t\t\t\t\t<figcaption class=\"widget-image-caption wp-caption-text\"><\/figcaption>\n\t\t\t\t\t\t\t\t\t\t<\/figure>\n\t\t\t\t\t\t\t\t\t<\/div>\n\t\t\t\t<\/div>\n\t\t\t\t<div class=\"elementor-element elementor-element-2374f63 elementor-widget elementor-widget-text-editor\" data-id=\"2374f63\" data-element_type=\"widget\" data-e-type=\"widget\" data-widget_type=\"text-editor.default\">\n\t\t\t\t<div class=\"elementor-widget-container\">\n\t\t\t\t\t\t\t\t\t<p>Per retornar al centres baixar\u00e9 per les escales <strong>del carrer del mestre Manresa<\/strong> que es perllonga en el <strong>carrer mestre Rebull<\/strong> (<strong>h<\/strong>).<\/p>\t\t\t\t\t\t\t\t<\/div>\n\t\t\t\t<\/div>\n\t\t\t\t<div class=\"elementor-element elementor-element-1c5f36e elementor-widget elementor-widget-image\" data-id=\"1c5f36e\" data-element_type=\"widget\" data-e-type=\"widget\" data-widget_type=\"image.default\">\n\t\t\t\t<div class=\"elementor-widget-container\">\n\t\t\t\t\t\t\t\t\t\t\t\t<figure class=\"wp-caption\">\n\t\t\t\t\t\t\t\t\t\t<img loading=\"lazy\" decoding=\"async\" width=\"768\" height=\"511\" src=\"https:\/\/www.elturistatranquil.com\/wp-content\/uploads\/F104-Vimbodi.-Tarragona.jpg\" class=\"attachment-large size-large wp-image-34142\" alt=\"Vimbodi. Tarragona\" srcset=\"https:\/\/www.elturistatranquil.com\/wp-content\/uploads\/F104-Vimbodi.-Tarragona.jpg 768w, https:\/\/www.elturistatranquil.com\/wp-content\/uploads\/F104-Vimbodi.-Tarragona-339x226.jpg 339w\" sizes=\"(max-width: 768px) 100vw, 768px\" \/>\t\t\t\t\t\t\t\t\t\t\t<figcaption class=\"widget-image-caption wp-caption-text\"><\/figcaption>\n\t\t\t\t\t\t\t\t\t\t<\/figure>\n\t\t\t\t\t\t\t\t\t<\/div>\n\t\t\t\t<\/div>\n\t\t\t\t<div class=\"elementor-element elementor-element-170757d elementor-widget elementor-widget-text-editor\" data-id=\"170757d\" data-element_type=\"widget\" data-e-type=\"widget\" data-widget_type=\"text-editor.default\">\n\t\t\t\t<div class=\"elementor-widget-container\">\n\t\t\t\t\t\t\t\t\t<p>S\u2019entra al carrer Major (<strong>e<\/strong>) per un pas cobert amb habitatges.<\/p>\t\t\t\t\t\t\t\t<\/div>\n\t\t\t\t<\/div>\n\t\t\t\t<div class=\"elementor-element elementor-element-e6c78e3 elementor-widget elementor-widget-image\" data-id=\"e6c78e3\" data-element_type=\"widget\" data-e-type=\"widget\" data-widget_type=\"image.default\">\n\t\t\t\t<div class=\"elementor-widget-container\">\n\t\t\t\t\t\t\t\t\t\t\t\t<figure class=\"wp-caption\">\n\t\t\t\t\t\t\t\t\t\t<img loading=\"lazy\" decoding=\"async\" width=\"768\" height=\"511\" src=\"https:\/\/www.elturistatranquil.com\/wp-content\/uploads\/F105-Vimbodi.-Tarragona.jpg\" class=\"attachment-large size-large wp-image-34144\" alt=\"Vimbodi. Tarragona\" srcset=\"https:\/\/www.elturistatranquil.com\/wp-content\/uploads\/F105-Vimbodi.-Tarragona.jpg 768w, https:\/\/www.elturistatranquil.com\/wp-content\/uploads\/F105-Vimbodi.-Tarragona-339x226.jpg 339w\" sizes=\"(max-width: 768px) 100vw, 768px\" \/>\t\t\t\t\t\t\t\t\t\t\t<figcaption class=\"widget-image-caption wp-caption-text\"><\/figcaption>\n\t\t\t\t\t\t\t\t\t\t<\/figure>\n\t\t\t\t\t\t\t\t\t<\/div>\n\t\t\t\t<\/div>\n\t\t\t\t<div class=\"elementor-element elementor-element-25cb85c elementor-widget elementor-widget-text-editor\" data-id=\"25cb85c\" data-element_type=\"widget\" data-e-type=\"widget\" data-widget_type=\"text-editor.default\">\n\t\t\t\t<div class=\"elementor-widget-container\">\n\t\t\t\t\t\t\t\t\t<p>A l\u2019esquerra del pas cobert d\u2019acc\u00e9s, es por apreciar una vista del carrer Major, en direcci\u00f3 a la sortida de llevant.<\/p>\t\t\t\t\t\t\t\t<\/div>\n\t\t\t\t<\/div>\n\t\t\t\t<div class=\"elementor-element elementor-element-41975cd elementor-widget elementor-widget-image\" data-id=\"41975cd\" data-element_type=\"widget\" data-e-type=\"widget\" data-widget_type=\"image.default\">\n\t\t\t\t<div class=\"elementor-widget-container\">\n\t\t\t\t\t\t\t\t\t\t\t\t<figure class=\"wp-caption\">\n\t\t\t\t\t\t\t\t\t\t<img loading=\"lazy\" decoding=\"async\" width=\"768\" height=\"512\" src=\"https:\/\/www.elturistatranquil.com\/wp-content\/uploads\/F106-Vimbodi.-Tarragona.jpg\" class=\"attachment-large size-large wp-image-34146\" alt=\"Vimbodi. Tarragona\" srcset=\"https:\/\/www.elturistatranquil.com\/wp-content\/uploads\/F106-Vimbodi.-Tarragona.jpg 768w, https:\/\/www.elturistatranquil.com\/wp-content\/uploads\/F106-Vimbodi.-Tarragona-339x226.jpg 339w\" sizes=\"(max-width: 768px) 100vw, 768px\" \/>\t\t\t\t\t\t\t\t\t\t\t<figcaption class=\"widget-image-caption wp-caption-text\"><\/figcaption>\n\t\t\t\t\t\t\t\t\t\t<\/figure>\n\t\t\t\t\t\t\t\t\t<\/div>\n\t\t\t\t<\/div>\n\t\t\t\t<div class=\"elementor-element elementor-element-ef37779 elementor-widget elementor-widget-text-editor\" data-id=\"ef37779\" data-element_type=\"widget\" data-e-type=\"widget\" data-widget_type=\"text-editor.default\">\n\t\t\t\t<div class=\"elementor-widget-container\">\n\t\t\t\t\t\t\t\t\t<p>Del mateix carrer Major surt un altra sortida coberta al <strong>carrer Cervantes<\/strong> (<strong>i<\/strong>).<\/p>\t\t\t\t\t\t\t\t<\/div>\n\t\t\t\t<\/div>\n\t\t\t\t<div class=\"elementor-element elementor-element-01c4ccc elementor-widget elementor-widget-image\" data-id=\"01c4ccc\" data-element_type=\"widget\" data-e-type=\"widget\" data-widget_type=\"image.default\">\n\t\t\t\t<div class=\"elementor-widget-container\">\n\t\t\t\t\t\t\t\t\t\t\t\t<figure class=\"wp-caption\">\n\t\t\t\t\t\t\t\t\t\t<img loading=\"lazy\" decoding=\"async\" width=\"768\" height=\"511\" src=\"https:\/\/www.elturistatranquil.com\/wp-content\/uploads\/F107-Vimbodi.-Tarragona.jpg\" class=\"attachment-large size-large wp-image-34150\" alt=\"Vimbodi. Tarragona\" srcset=\"https:\/\/www.elturistatranquil.com\/wp-content\/uploads\/F107-Vimbodi.-Tarragona.jpg 768w, https:\/\/www.elturistatranquil.com\/wp-content\/uploads\/F107-Vimbodi.-Tarragona-339x226.jpg 339w\" sizes=\"(max-width: 768px) 100vw, 768px\" \/>\t\t\t\t\t\t\t\t\t\t\t<figcaption class=\"widget-image-caption wp-caption-text\"><\/figcaption>\n\t\t\t\t\t\t\t\t\t\t<\/figure>\n\t\t\t\t\t\t\t\t\t<\/div>\n\t\t\t\t<\/div>\n\t\t\t\t<div class=\"elementor-element elementor-element-fa9fde5 elementor-widget elementor-widget-image\" data-id=\"fa9fde5\" data-element_type=\"widget\" data-e-type=\"widget\" data-widget_type=\"image.default\">\n\t\t\t\t<div class=\"elementor-widget-container\">\n\t\t\t\t\t\t\t\t\t\t\t\t<figure class=\"wp-caption\">\n\t\t\t\t\t\t\t\t\t\t<img loading=\"lazy\" decoding=\"async\" width=\"768\" height=\"511\" src=\"https:\/\/www.elturistatranquil.com\/wp-content\/uploads\/F108-Vimbodi.-Tarragona.jpg\" class=\"attachment-large size-large wp-image-34152\" alt=\"Vimbodi. Tarragona\" srcset=\"https:\/\/www.elturistatranquil.com\/wp-content\/uploads\/F108-Vimbodi.-Tarragona.jpg 768w, https:\/\/www.elturistatranquil.com\/wp-content\/uploads\/F108-Vimbodi.-Tarragona-339x226.jpg 339w\" sizes=\"(max-width: 768px) 100vw, 768px\" \/>\t\t\t\t\t\t\t\t\t\t\t<figcaption class=\"widget-image-caption wp-caption-text\"><\/figcaption>\n\t\t\t\t\t\t\t\t\t\t<\/figure>\n\t\t\t\t\t\t\t\t\t<\/div>\n\t\t\t\t<\/div>\n\t\t\t\t<div class=\"elementor-element elementor-element-339712f elementor-widget elementor-widget-image\" data-id=\"339712f\" data-element_type=\"widget\" data-e-type=\"widget\" data-widget_type=\"image.default\">\n\t\t\t\t<div class=\"elementor-widget-container\">\n\t\t\t\t\t\t\t\t\t\t\t\t<figure class=\"wp-caption\">\n\t\t\t\t\t\t\t\t\t\t<img loading=\"lazy\" decoding=\"async\" width=\"768\" height=\"511\" src=\"https:\/\/www.elturistatranquil.com\/wp-content\/uploads\/F109-Vimbodi.-Tarragona.jpg\" class=\"attachment-large size-large wp-image-34154\" alt=\"Vimbodi. Tarragona\" srcset=\"https:\/\/www.elturistatranquil.com\/wp-content\/uploads\/F109-Vimbodi.-Tarragona.jpg 768w, https:\/\/www.elturistatranquil.com\/wp-content\/uploads\/F109-Vimbodi.-Tarragona-339x226.jpg 339w\" sizes=\"(max-width: 768px) 100vw, 768px\" \/>\t\t\t\t\t\t\t\t\t\t\t<figcaption class=\"widget-image-caption wp-caption-text\"><\/figcaption>\n\t\t\t\t\t\t\t\t\t\t<\/figure>\n\t\t\t\t\t\t\t\t\t<\/div>\n\t\t\t\t<\/div>\n\t\t\t\t<div class=\"elementor-element elementor-element-820cd9d elementor-widget elementor-widget-text-editor\" data-id=\"820cd9d\" data-element_type=\"widget\" data-e-type=\"widget\" data-widget_type=\"text-editor.default\">\n\t\t\t\t<div class=\"elementor-widget-container\">\n\t\t\t\t\t\t\t\t\t<p>Arribat novament a la pla\u00e7a Major, el carrer Major segueix a ponent per anar a buscar l\u2019altre sortida hist\u00f2rica.<\/p>\t\t\t\t\t\t\t\t<\/div>\n\t\t\t\t<\/div>\n\t\t\t\t<div class=\"elementor-element elementor-element-d02be33 elementor-widget elementor-widget-image\" data-id=\"d02be33\" data-element_type=\"widget\" data-e-type=\"widget\" data-widget_type=\"image.default\">\n\t\t\t\t<div class=\"elementor-widget-container\">\n\t\t\t\t\t\t\t\t\t\t\t\t<figure class=\"wp-caption\">\n\t\t\t\t\t\t\t\t\t\t<img loading=\"lazy\" decoding=\"async\" width=\"768\" height=\"512\" src=\"https:\/\/www.elturistatranquil.com\/wp-content\/uploads\/F110-Vimbodi.-Tarragona.jpg\" class=\"attachment-large size-large wp-image-34156\" alt=\"Vimbodi. Tarragona\" srcset=\"https:\/\/www.elturistatranquil.com\/wp-content\/uploads\/F110-Vimbodi.-Tarragona.jpg 768w, https:\/\/www.elturistatranquil.com\/wp-content\/uploads\/F110-Vimbodi.-Tarragona-339x226.jpg 339w\" sizes=\"(max-width: 768px) 100vw, 768px\" \/>\t\t\t\t\t\t\t\t\t\t\t<figcaption class=\"widget-image-caption wp-caption-text\"><\/figcaption>\n\t\t\t\t\t\t\t\t\t\t<\/figure>\n\t\t\t\t\t\t\t\t\t<\/div>\n\t\t\t\t<\/div>\n\t\t\t\t<div class=\"elementor-element elementor-element-b16ecc5 elementor-widget elementor-widget-heading\" data-id=\"b16ecc5\" data-element_type=\"widget\" data-e-type=\"widget\" data-widget_type=\"heading.default\">\n\t\t\t\t<div class=\"elementor-widget-container\">\n\t\t\t\t\t<h4 class=\"elementor-heading-title elementor-size-default\">El carrer Les Abra\u00e7ades<\/h4>\t\t\t\t<\/div>\n\t\t\t\t<\/div>\n\t\t\t\t<div class=\"elementor-element elementor-element-2a71c9a elementor-widget elementor-widget-text-editor\" data-id=\"2a71c9a\" data-element_type=\"widget\" data-e-type=\"widget\" data-widget_type=\"text-editor.default\">\n\t\t\t\t<div class=\"elementor-widget-container\">\n\t\t\t\t\t\t\t\t\t<p>En aquest tram us podreu atrevir a passar pel <strong>carrer Les Abra\u00e7ades<\/strong> (<strong>j<\/strong>), de 94 cm d\u2019amplada. Des de temps immemorials, se l&#8217;anomena aix\u00ed perqu\u00e8 dues persones que es creuin en aquest carrer, per \u00a0passar-hi, s\u2019hauran d&#8217;abra\u00e7ar.<\/p>\t\t\t\t\t\t\t\t<\/div>\n\t\t\t\t<\/div>\n\t\t\t\t<div class=\"elementor-element elementor-element-5fc0cea elementor-widget elementor-widget-image\" data-id=\"5fc0cea\" data-element_type=\"widget\" data-e-type=\"widget\" data-widget_type=\"image.default\">\n\t\t\t\t<div class=\"elementor-widget-container\">\n\t\t\t\t\t\t\t\t\t\t\t\t<figure class=\"wp-caption\">\n\t\t\t\t\t\t\t\t\t\t<img loading=\"lazy\" decoding=\"async\" width=\"478\" height=\"550\" src=\"https:\/\/www.elturistatranquil.com\/wp-content\/uploads\/F111-Vimbodi.-Tarragona.jpg\" class=\"attachment-large size-large wp-image-34158\" alt=\"Vimbodi. Tarragona\" srcset=\"https:\/\/www.elturistatranquil.com\/wp-content\/uploads\/F111-Vimbodi.-Tarragona.jpg 478w, https:\/\/www.elturistatranquil.com\/wp-content\/uploads\/F111-Vimbodi.-Tarragona-196x226.jpg 196w\" sizes=\"(max-width: 478px) 100vw, 478px\" \/>\t\t\t\t\t\t\t\t\t\t\t<figcaption class=\"widget-image-caption wp-caption-text\"><\/figcaption>\n\t\t\t\t\t\t\t\t\t\t<\/figure>\n\t\t\t\t\t\t\t\t\t<\/div>\n\t\t\t\t<\/div>\n\t\t\t\t<div class=\"elementor-element elementor-element-09d37d4 elementor-widget elementor-widget-text-editor\" data-id=\"09d37d4\" data-element_type=\"widget\" data-e-type=\"widget\" data-widget_type=\"text-editor.default\">\n\t\t\t\t<div class=\"elementor-widget-container\">\n\t\t\t\t\t\t\t\t\t<p>A la paret del carrer s\u2019hi pot llegir \u00a0aquesta poesia de<em> Teresa Duch Dolcet<\/em>:<\/p>\t\t\t\t\t\t\t\t<\/div>\n\t\t\t\t<\/div>\n\t\t\t\t<section class=\"elementor-section elementor-inner-section elementor-element elementor-element-f1d6d42 elementor-section-boxed elementor-section-height-default elementor-section-height-default\" data-id=\"f1d6d42\" data-element_type=\"section\" data-e-type=\"section\">\n\t\t\t\t\t\t<div class=\"elementor-container elementor-column-gap-default\">\n\t\t\t\t\t<div class=\"elementor-column elementor-col-100 elementor-inner-column elementor-element elementor-element-c857c7b\" data-id=\"c857c7b\" data-element_type=\"column\" data-e-type=\"column\">\n\t\t\t<div class=\"elementor-widget-wrap elementor-element-populated\">\n\t\t\t\t\t\t<div class=\"elementor-element elementor-element-dd19a17 elementor-icon-list--layout-traditional elementor-list-item-link-full_width elementor-widget elementor-widget-icon-list\" data-id=\"dd19a17\" data-element_type=\"widget\" data-e-type=\"widget\" data-widget_type=\"icon-list.default\">\n\t\t\t\t<div class=\"elementor-widget-container\">\n\t\t\t\t\t\t\t<ul class=\"elementor-icon-list-items\">\n\t\t\t\t\t\t\t<li class=\"elementor-icon-list-item\">\n\t\t\t\t\t\t\t\t\t\t<span class=\"elementor-icon-list-text\"><i>Abra\u00e7a'm, amor,<\/i><\/span>\n\t\t\t\t\t\t\t\t\t<\/li>\n\t\t\t\t\t\t\t\t<li class=\"elementor-icon-list-item\">\n\t\t\t\t\t\t\t\t\t\t<span class=\"elementor-icon-list-text\"><i>la nit ser\u00e0 clara,<\/i><\/span>\n\t\t\t\t\t\t\t\t\t<\/li>\n\t\t\t\t\t\t\t\t<li class=\"elementor-icon-list-item\">\n\t\t\t\t\t\t\t\t\t\t<span class=\"elementor-icon-list-text\"><i>m\u00e9s c\u00e0lid el fred,<\/i><\/span>\n\t\t\t\t\t\t\t\t\t<\/li>\n\t\t\t\t\t\t\t\t<li class=\"elementor-icon-list-item\">\n\t\t\t\t\t\t\t\t\t\t<span class=\"elementor-icon-list-text\"><i>la solitud menys aspra.<\/i><\/span>\n\t\t\t\t\t\t\t\t\t<\/li>\n\t\t\t\t\t\t<\/ul>\n\t\t\t\t\t\t<\/div>\n\t\t\t\t<\/div>\n\t\t\t\t<div class=\"elementor-element elementor-element-e6616e3 elementor-icon-list--layout-traditional elementor-list-item-link-full_width elementor-widget elementor-widget-icon-list\" data-id=\"e6616e3\" data-element_type=\"widget\" data-e-type=\"widget\" data-widget_type=\"icon-list.default\">\n\t\t\t\t<div class=\"elementor-widget-container\">\n\t\t\t\t\t\t\t<ul class=\"elementor-icon-list-items\">\n\t\t\t\t\t\t\t<li class=\"elementor-icon-list-item\">\n\t\t\t\t\t\t\t\t\t\t<span class=\"elementor-icon-list-text\"><i>Abra\u00e7a'm, amor,<\/i><\/span>\n\t\t\t\t\t\t\t\t\t<\/li>\n\t\t\t\t\t\t\t\t<li class=\"elementor-icon-list-item\">\n\t\t\t\t\t\t\t\t\t\t<span class=\"elementor-icon-list-text\"><i>no tinguis recan\u00e7a,<\/i><\/span>\n\t\t\t\t\t\t\t\t\t<\/li>\n\t\t\t\t\t\t\t\t<li class=\"elementor-icon-list-item\">\n\t\t\t\t\t\t\t\t\t\t<span class=\"elementor-icon-list-text\"><i>al pas d'un instant <\/i><\/span>\n\t\t\t\t\t\t\t\t\t<\/li>\n\t\t\t\t\t\t\t\t<li class=\"elementor-icon-list-item\">\n\t\t\t\t\t\t\t\t\t\t<span class=\"elementor-icon-list-text\"><i>la vida s'escap\u00e7a.<\/i><\/span>\n\t\t\t\t\t\t\t\t\t<\/li>\n\t\t\t\t\t\t<\/ul>\n\t\t\t\t\t\t<\/div>\n\t\t\t\t<\/div>\n\t\t\t\t<div class=\"elementor-element elementor-element-b8f15da elementor-icon-list--layout-traditional elementor-list-item-link-full_width elementor-widget elementor-widget-icon-list\" data-id=\"b8f15da\" data-element_type=\"widget\" data-e-type=\"widget\" data-widget_type=\"icon-list.default\">\n\t\t\t\t<div class=\"elementor-widget-container\">\n\t\t\t\t\t\t\t<ul class=\"elementor-icon-list-items\">\n\t\t\t\t\t\t\t<li class=\"elementor-icon-list-item\">\n\t\t\t\t\t\t\t\t\t\t<span class=\"elementor-icon-list-text\"><i>Abra\u00e7a'm, amor,<\/i><\/span>\n\t\t\t\t\t\t\t\t\t<\/li>\n\t\t\t\t\t\t\t\t<li class=\"elementor-icon-list-item\">\n\t\t\t\t\t\t\t\t\t\t<span class=\"elementor-icon-list-text\"><i>fonguem les mirades <\/i><\/span>\n\t\t\t\t\t\t\t\t\t<\/li>\n\t\t\t\t\t\t\t\t<li class=\"elementor-icon-list-item\">\n\t\t\t\t\t\t\t\t\t\t<span class=\"elementor-icon-list-text\"><i>i tots els malsons <\/i><\/span>\n\t\t\t\t\t\t\t\t\t<\/li>\n\t\t\t\t\t\t\t\t<li class=\"elementor-icon-list-item\">\n\t\t\t\t\t\t\t\t\t\t<span class=\"elementor-icon-list-text\"><i>seran endebades <\/i><\/span>\n\t\t\t\t\t\t\t\t\t<\/li>\n\t\t\t\t\t\t\t\t<li class=\"elementor-icon-list-item\">\n\t\t\t\t\t\t\t\t\t\t<span class=\"elementor-icon-list-text\"><i>al vell carrer estret <\/i><\/span>\n\t\t\t\t\t\t\t\t\t<\/li>\n\t\t\t\t\t\t\t\t<li class=\"elementor-icon-list-item\">\n\t\t\t\t\t\t\t\t\t\t<span class=\"elementor-icon-list-text\"><i>de les Abra\u00e7ades.<\/i><\/span>\n\t\t\t\t\t\t\t\t\t<\/li>\n\t\t\t\t\t\t<\/ul>\n\t\t\t\t\t\t<\/div>\n\t\t\t\t<\/div>\n\t\t\t\t\t<\/div>\n\t\t<\/div>\n\t\t\t\t\t<\/div>\n\t\t<\/section>\n\t\t\t\t<div class=\"elementor-element elementor-element-7b3bb9d elementor-widget elementor-widget-menu-anchor\" data-id=\"7b3bb9d\" data-element_type=\"widget\" data-e-type=\"widget\" data-widget_type=\"menu-anchor.default\">\n\t\t\t\t<div class=\"elementor-widget-container\">\n\t\t\t\t\t\t\t<div class=\"elementor-menu-anchor\" id=\"c6410\"><\/div>\n\t\t\t\t\t\t<\/div>\n\t\t\t\t<\/div>\n\t\t\t\t<div class=\"elementor-element elementor-element-ecbfe55 elementor-widget elementor-widget-text-editor\" data-id=\"ecbfe55\" data-element_type=\"widget\" data-e-type=\"widget\" data-widget_type=\"text-editor.default\">\n\t\t\t\t<div class=\"elementor-widget-container\">\n\t\t\t\t\t\t\t\t\t<p>Passant per sota la porxada del <strong>carrer<\/strong> <strong>de la Font<\/strong> (<strong>a<\/strong>) retorno a l\u2019aparcament (<strong>PK<\/strong>).<\/p>\t\t\t\t\t\t\t\t<\/div>\n\t\t\t\t<\/div>\n\t\t\t\t<div class=\"elementor-element elementor-element-65f8c2d elementor-widget elementor-widget-heading\" data-id=\"65f8c2d\" data-element_type=\"widget\" data-e-type=\"widget\" data-widget_type=\"heading.default\">\n\t\t\t\t<div class=\"elementor-widget-container\">\n\t\t\t\t\t<h2 class=\"elementor-heading-title elementor-size-default\">Retorn al Monestir de Poblet<\/h2>\t\t\t\t<\/div>\n\t\t\t\t<\/div>\n\t\t\t\t<div class=\"elementor-element elementor-element-92579f7 elementor-widget elementor-widget-text-editor\" data-id=\"92579f7\" data-element_type=\"widget\" data-e-type=\"widget\" data-widget_type=\"text-editor.default\">\n\t\t\t\t<div class=\"elementor-widget-container\">\n\t\t\t\t\t\t\t\t\t<p>Recullo el cotxe i, a 5 kil\u00f2metres, arribar\u00e9 a l\u2019Hostatgeria del Monestir de Poblet.<\/p>\t\t\t\t\t\t\t\t<\/div>\n\t\t\t\t<\/div>\n\t\t\t\t<div class=\"elementor-element elementor-element-6c1b164 elementor-widget elementor-widget-image\" data-id=\"6c1b164\" data-element_type=\"widget\" data-e-type=\"widget\" data-widget_type=\"image.default\">\n\t\t\t\t<div class=\"elementor-widget-container\">\n\t\t\t\t\t\t\t\t\t\t\t\t<figure class=\"wp-caption\">\n\t\t\t\t\t\t\t\t\t\t<img loading=\"lazy\" decoding=\"async\" width=\"768\" height=\"511\" src=\"https:\/\/www.elturistatranquil.com\/wp-content\/uploads\/F112-Monestrir-de-Poblet.-Tarragona.jpg\" class=\"attachment-large size-large wp-image-34160\" alt=\"Monestrir de Poblet. Tarragona\" srcset=\"https:\/\/www.elturistatranquil.com\/wp-content\/uploads\/F112-Monestrir-de-Poblet.-Tarragona.jpg 768w, https:\/\/www.elturistatranquil.com\/wp-content\/uploads\/F112-Monestrir-de-Poblet.-Tarragona-339x226.jpg 339w\" sizes=\"(max-width: 768px) 100vw, 768px\" \/>\t\t\t\t\t\t\t\t\t\t\t<figcaption class=\"widget-image-caption wp-caption-text\"><\/figcaption>\n\t\t\t\t\t\t\t\t\t\t<\/figure>\n\t\t\t\t\t\t\t\t\t<\/div>\n\t\t\t\t<\/div>\n\t\t\t\t<div class=\"elementor-element elementor-element-857ba97 elementor-widget elementor-widget-menu-anchor\" data-id=\"857ba97\" data-element_type=\"widget\" data-e-type=\"widget\" data-widget_type=\"menu-anchor.default\">\n\t\t\t\t<div class=\"elementor-widget-container\">\n\t\t\t\t\t\t\t<div class=\"elementor-menu-anchor\" id=\"c6411\"><\/div>\n\t\t\t\t\t\t<\/div>\n\t\t\t\t<\/div>\n\t\t\t\t<div class=\"elementor-element elementor-element-a500e9f elementor-widget elementor-widget-text-editor\" data-id=\"a500e9f\" data-element_type=\"widget\" data-e-type=\"widget\" data-widget_type=\"text-editor.default\">\n\t\t\t\t<div class=\"elementor-widget-container\">\n\t\t\t\t\t\t\t\t\t<p>Ha estat una ruta for\u00e7a interessant, tant pels paisatges muntanyosos recorreguts en tot el trajecte, com per gaudir de pobles que conserven un fort arrelament amb el passat i on es pot conviure amb la seva arquitectura tradicional amb autenticitat. A m\u00e9s, he conegut un bressol de l&#8217;estil renaixentista a Catalunya.<\/p>\t\t\t\t\t\t\t\t<\/div>\n\t\t\t\t<\/div>\n\t\t\t\t<div class=\"elementor-element elementor-element-ae47c48 elementor-widget elementor-widget-heading\" data-id=\"ae47c48\" data-element_type=\"widget\" data-e-type=\"widget\" data-widget_type=\"heading.default\">\n\t\t\t\t<div class=\"elementor-widget-container\">\n\t\t\t\t\t<h2 class=\"elementor-heading-title elementor-size-default\">Bases d\u2019informaci\u00f3<\/h2>\t\t\t\t<\/div>\n\t\t\t\t<\/div>\n\t\t\t\t<div class=\"elementor-element elementor-element-6d71543d elementor-widget elementor-widget-text-editor\" data-id=\"6d71543d\" data-element_type=\"widget\" data-e-type=\"widget\" data-widget_type=\"text-editor.default\">\n\t\t\t\t<div class=\"elementor-widget-container\">\n\t\t\t\t\t\t\t\t\t<p><strong>Webs<\/strong><\/p><p><strong>Prades<\/strong><\/p><p><a href=\"http:\/\/www.prades.cat\/turisme\/llocs-dinteres\/\" target=\"_blank\" rel=\"noopener\">ajuntament<\/a><\/p><p><a href=\"https:\/\/ca.wikipedia.org\/wiki\/Prades\" target=\"_blank\" rel=\"noopener\">wikipedia.ca<\/a><\/p><p><a href=\"https:\/\/es.wikipedia.org\/wiki\/Prades_(Espa%C3%B1a)\" target=\"_blank\" rel=\"noopener\">wikipedia.es<\/a><\/p><p><a href=\"https:\/\/www.femturisme.cat\/es\/pueblos\/prades\" target=\"_blank\" rel=\"noopener\">femturisme<\/a><\/p><p><a href=\"http:\/\/www.catalunya.com\/prades-2-1-431166?language=es\" target=\"_blank\" rel=\"noopener\">catalunyaprades<\/a><\/p><p><a href=\"https:\/\/www.enciclopedia.cat\/ec-gec-0052520.xml\" target=\"_blank\" rel=\"noopener\">granenciclopediacatalana<\/a><\/p><p><a href=\"https:\/\/www.youtube.com\/watch?v=PZLSu46j2l0\" target=\"_blank\" rel=\"noopener\">elstamborinos<\/a><\/p><p><strong>Albarca<\/strong><\/p><p><a href=\"https:\/\/www.turismepriorat.org\/es\/comarca\/municipios\/albarca\" target=\"_blank\" rel=\"noopener\">turismepriorat<\/a><\/p><p><a href=\"https:\/\/ca.wikipedia.org\/wiki\/Albarca\" target=\"_blank\" rel=\"noopener\">wikipedia.ca<\/a><\/p><p><a href=\"https:\/\/es.wikipedia.org\/wiki\/Albarca_(Espa%C3%B1a)\" target=\"_blank\" rel=\"noopener\">wikipedia.es<\/a><\/p><p><a href=\"https:\/\/www.enciclopedia.cat\/ec-gec-0001698.xml\" target=\"_blank\" rel=\"noopener\">granenciclopediacatalana<\/a><\/p><p><a href=\"http:\/\/www.migdia.cat\/albarca\/\" target=\"_blank\" rel=\"noopener\">migdia<\/a><\/p><p><strong>Ulldemolins<\/strong><\/p><p><a href=\"http:\/\/www.ulldemolins.cat\/\" target=\"_blank\" rel=\"noopener\">ajuntament<\/a><\/p><p><a href=\"https:\/\/www.turismepriorat.org\/es\/comarca\/municipios\/ulldemolins\" target=\"_blank\" rel=\"noopener\">turismepriorat<\/a><\/p><p><a href=\"https:\/\/ca.wikipedia.org\/wiki\/Ulldemolins\" target=\"_blank\" rel=\"noopener\">wikipedia.ca<\/a><\/p><p><a href=\"https:\/\/es.wikipedia.org\/wiki\/Ulldemolins\" target=\"_blank\" rel=\"noopener\">wikipedia.es<\/a><\/p><p><a href=\"http:\/\/www.catalunya.com\/oficina-de-turismo-de-ulldemolins-20-2-180?language=es\" target=\"_blank\" rel=\"noopener\">catalunyaulldemolins<\/a><\/p><p><a href=\"https:\/\/www.enciclopedia.cat\/ec-gec-0068287.xml\" target=\"_blank\" rel=\"noopener\">granenciclopediacatalana<\/a><\/p><p><strong>Vilanova de Parades<\/strong><\/p><p><a href=\"http:\/\/www.vprades.altanet.org\/\" target=\"_blank\" rel=\"noopener\">ajuntament<\/a><\/p><p><a href=\"http:\/\/www.concaturisme.cat\/que-fer\/art-i-cultura\/ruta-del-patrimoni-de-vilanova-de-prades\" target=\"_blank\" rel=\"noopener\">concaturisme<\/a><\/p><p><a href=\"https:\/\/ca.wikipedia.org\/wiki\/Vilanova_de_Prades\" target=\"_blank\" rel=\"noopener\">wikipedia.ca<\/a><\/p><p><a href=\"https:\/\/es.wikipedia.org\/wiki\/Vilanova_de_Prades\" target=\"_blank\" rel=\"noopener\">wikipedia.es<\/a><\/p><p><a href=\"http:\/\/www.catalunya.com\/ajuntament-de-vilanova-de-prades-20-7-835?language=es\" target=\"_blank\" rel=\"noopener\">catalunyavilanovadeprades<\/a><\/p><p><a href=\"https:\/\/www.enciclopedia.cat\/ec-gec-0070839.xml\" target=\"_blank\" rel=\"noopener\">granenciclopediacatalana<\/a><\/p><p><strong>Vimbod\u00ed <\/strong><\/p><p><a href=\"http:\/\/www.vimbodi.altanet.org\/\" target=\"_blank\" rel=\"noopener\">ajuntament<\/a><\/p><p><a href=\"https:\/\/ca.wikipedia.org\/wiki\/Vimbod%C3%AD_i_Poblet\" target=\"_blank\" rel=\"noopener\">wikipedia.ca<\/a><\/p><p><a href=\"https:\/\/es.wikipedia.org\/wiki\/Vimbod%C3%AD\" target=\"_blank\" rel=\"noopener\">wikipedia.es<\/a><\/p><p><a href=\"http:\/\/www.catalunya.com\/vimbodi-i-poblet-2-1-431763?language=es\" target=\"_blank\" rel=\"noopener\">catalunyavimbodipoblet<\/a><\/p><p><a href=\"https:\/\/www.enciclopedia.cat\/ec-gec-0071154.xml\" target=\"_blank\" rel=\"noopener\">granenciclopediacatalana<\/a><\/p><p><strong>Museu del vidre<\/strong><\/p><p><a href=\"http:\/\/www.museudelvidre.cat\/\" target=\"_blank\" rel=\"noopener\">museudelvidre<\/a><\/p>\t\t\t\t\t\t\t\t<\/div>\n\t\t\t\t<\/div>\n\t\t\t\t\t<\/div>\n\t\t<\/div>\n\t\t\t\t\t<\/div>\n\t\t<\/section>\n\t\t\t\t<\/div>\n\t\t","protected":false},"excerpt":{"rendered":"<p>Una ruta per cinc localitats de Tarragona: Prades, Albarca, Ulldemolins, Vilanova de Prades i Vimbod\u00ed. Trobem uns paisatges de gran inter\u00e8s; viles que conserven la seva autenticitat i vivesa, i &#8230; <a title=\"Prades, Albarca, Ulldemolins, Vilanova de Prades i Vimbod\u00ed (Tarragona)\" class=\"read-more\" href=\"https:\/\/www.elturistatranquil.com\/ca\/prades-albarca-ulldemolins-vilanova-de-prades-i-vimbodi-tarragona\/\" aria-label=\"M\u00e9s informaci\u00f3 sobre Prades, Albarca, Ulldemolins, Vilanova de Prades i Vimbod\u00ed (Tarragona)\">[ &#8230; ]<\/a><\/p>\n","protected":false},"author":1,"featured_media":33900,"comment_status":"open","ping_status":"closed","sticky":false,"template":"","format":"standard","meta":{"footnotes":""},"categories":[70,71,72,74,75,78,145,82,92,95,197,69,99,100,101,104,139,106,170,110],"tags":[],"class_list":["post-34170","post","type-post","status-publish","format-standard","has-post-thumbnail","hentry","category-arquitectura-civil-ca","category-arquitectura-popular-ca","category-arquitectura-religiosa-ca","category-barroc","category-castells","category-cultura-rural-ca","category-edat-mitjana","category-gotic","category-museus","category-paisatge","category-parc-natural","category-arqueologia-industrial-ca","category-poble","category-pobles-i-ciutats-amb-interes","category-renaixement","category-preromanic-ca","category-segle-xvi-xvii","category-segle-xviii-xix","category-tarragona-ca","category-vila","infinite-scroll-item","generate-columns","tablet-grid-50","mobile-grid-100","grid-parent","grid-50","no-featured-image-padding"],"yoast_head":"<!-- This site is optimized with the Yoast SEO plugin v27.4 - https:\/\/yoast.com\/product\/yoast-seo-wordpress\/ -->\n<title>Prades, Albarca, Ulldemolins, Vilanova de Prades i Vimbod\u00ed (Tarragona) - El turista tranquil<\/title>\n<meta name=\"description\" content=\"Una ruta per cinc localitats de Tarragona: Prades, Albarca, Ulldemolins, Vilanova de Prades i Vimbod\u00ed. Trobem uns paisatges de gran inter\u00e8s; viles que conserven la seva autenticitat i vivesa, i un bressol de l&#039;estil renaixentista a Catalunya.\" \/>\n<meta name=\"robots\" content=\"index, follow, max-snippet:-1, max-image-preview:large, max-video-preview:-1\" \/>\n<link rel=\"canonical\" href=\"https:\/\/www.elturistatranquil.com\/ca\/prades-albarca-ulldemolins-vilanova-de-prades-i-vimbodi-tarragona\/\" \/>\n<meta property=\"og:locale\" content=\"ca_ES\" \/>\n<meta property=\"og:type\" content=\"article\" \/>\n<meta property=\"og:title\" content=\"Prades, Albarca, Ulldemolins, Vilanova de Prades i Vimbod\u00ed (Tarragona) - El turista tranquil\" \/>\n<meta property=\"og:description\" content=\"Una ruta per cinc localitats de Tarragona: Prades, Albarca, Ulldemolins, Vilanova de Prades i Vimbod\u00ed. Trobem uns paisatges de gran inter\u00e8s; viles que conserven la seva autenticitat i vivesa, i un bressol de l&#039;estil renaixentista a Catalunya.\" \/>\n<meta property=\"og:url\" content=\"https:\/\/www.elturistatranquil.com\/ca\/prades-albarca-ulldemolins-vilanova-de-prades-i-vimbodi-tarragona\/\" \/>\n<meta property=\"og:site_name\" content=\"El turista tranquil\" \/>\n<meta property=\"article:publisher\" content=\"https:\/\/www.facebook.com\/elturistatranquilo\/\" \/>\n<meta property=\"article:published_time\" content=\"2021-01-09T08:30:28+00:00\" \/>\n<meta property=\"article:modified_time\" content=\"2021-01-09T09:10:38+00:00\" \/>\n<meta property=\"og:image\" content=\"https:\/\/www.elturistatranquil.com\/wp-content\/uploads\/F1-Albarca.-Tarragona.jpg\" \/>\n\t<meta property=\"og:image:width\" content=\"768\" \/>\n\t<meta property=\"og:image:height\" content=\"511\" \/>\n\t<meta property=\"og:image:type\" content=\"image\/jpeg\" \/>\n<meta name=\"author\" content=\"admin\" \/>\n<meta name=\"twitter:card\" content=\"summary_large_image\" \/>\n<meta name=\"twitter:label1\" content=\"Escrit per\" \/>\n\t<meta name=\"twitter:data1\" content=\"admin\" \/>\n\t<meta name=\"twitter:label2\" content=\"Temps estimat de lectura\" \/>\n\t<meta name=\"twitter:data2\" content=\"25 minuts\" \/>\n<script type=\"application\/ld+json\" class=\"yoast-schema-graph\">{\"@context\":\"https:\\\/\\\/schema.org\",\"@graph\":[{\"@type\":\"Article\",\"@id\":\"https:\\\/\\\/www.elturistatranquil.com\\\/ca\\\/prades-albarca-ulldemolins-vilanova-de-prades-i-vimbodi-tarragona\\\/#article\",\"isPartOf\":{\"@id\":\"https:\\\/\\\/www.elturistatranquil.com\\\/ca\\\/prades-albarca-ulldemolins-vilanova-de-prades-i-vimbodi-tarragona\\\/\"},\"author\":{\"name\":\"admin\",\"@id\":\"https:\\\/\\\/www.elturistatranquil.com\\\/ca\\\/#\\\/schema\\\/person\\\/16f607c3079b96ed0c530a52e6b58bb5\"},\"headline\":\"Prades, Albarca, Ulldemolins, Vilanova de Prades i Vimbod\u00ed (Tarragona)\",\"datePublished\":\"2021-01-09T08:30:28+00:00\",\"dateModified\":\"2021-01-09T09:10:38+00:00\",\"mainEntityOfPage\":{\"@id\":\"https:\\\/\\\/www.elturistatranquil.com\\\/ca\\\/prades-albarca-ulldemolins-vilanova-de-prades-i-vimbodi-tarragona\\\/\"},\"wordCount\":4998,\"commentCount\":0,\"image\":{\"@id\":\"https:\\\/\\\/www.elturistatranquil.com\\\/ca\\\/prades-albarca-ulldemolins-vilanova-de-prades-i-vimbodi-tarragona\\\/#primaryimage\"},\"thumbnailUrl\":\"https:\\\/\\\/www.elturistatranquil.com\\\/wp-content\\\/uploads\\\/F1-Albarca.-Tarragona.jpg\",\"articleSection\":[\"Arquitectura civil\",\"Arquitectura popular\",\"Arquitectura religiosa\",\"Barroc\",\"Castells, Muralles\",\"Cultura rural\",\"Edat mitjana\",\"G\u00f2tic\",\"Museus\",\"Paisatge\",\"Parc natural\",\"Patrimoni econ\u00f2mic\\\/productiu\",\"Poble\",\"Pobles i ciutats amb inter\u00e9s\",\"Renaixement\",\"Rom\u00e0nic\",\"Segle XVI-XVII\",\"Segle XVIII-XIX\",\"Tarragona\",\"Vila\"],\"inLanguage\":\"ca\",\"potentialAction\":[{\"@type\":\"CommentAction\",\"name\":\"Comment\",\"target\":[\"https:\\\/\\\/www.elturistatranquil.com\\\/ca\\\/prades-albarca-ulldemolins-vilanova-de-prades-i-vimbodi-tarragona\\\/#respond\"]}]},{\"@type\":\"WebPage\",\"@id\":\"https:\\\/\\\/www.elturistatranquil.com\\\/ca\\\/prades-albarca-ulldemolins-vilanova-de-prades-i-vimbodi-tarragona\\\/\",\"url\":\"https:\\\/\\\/www.elturistatranquil.com\\\/ca\\\/prades-albarca-ulldemolins-vilanova-de-prades-i-vimbodi-tarragona\\\/\",\"name\":\"Prades, Albarca, Ulldemolins, Vilanova de Prades i Vimbod\u00ed (Tarragona) - El turista tranquil\",\"isPartOf\":{\"@id\":\"https:\\\/\\\/www.elturistatranquil.com\\\/ca\\\/#website\"},\"primaryImageOfPage\":{\"@id\":\"https:\\\/\\\/www.elturistatranquil.com\\\/ca\\\/prades-albarca-ulldemolins-vilanova-de-prades-i-vimbodi-tarragona\\\/#primaryimage\"},\"image\":{\"@id\":\"https:\\\/\\\/www.elturistatranquil.com\\\/ca\\\/prades-albarca-ulldemolins-vilanova-de-prades-i-vimbodi-tarragona\\\/#primaryimage\"},\"thumbnailUrl\":\"https:\\\/\\\/www.elturistatranquil.com\\\/wp-content\\\/uploads\\\/F1-Albarca.-Tarragona.jpg\",\"datePublished\":\"2021-01-09T08:30:28+00:00\",\"dateModified\":\"2021-01-09T09:10:38+00:00\",\"author\":{\"@id\":\"https:\\\/\\\/www.elturistatranquil.com\\\/ca\\\/#\\\/schema\\\/person\\\/16f607c3079b96ed0c530a52e6b58bb5\"},\"description\":\"Una ruta per cinc localitats de Tarragona: Prades, Albarca, Ulldemolins, Vilanova de Prades i Vimbod\u00ed. Trobem uns paisatges de gran inter\u00e8s; viles que conserven la seva autenticitat i vivesa, i un bressol de l'estil renaixentista a Catalunya.\",\"breadcrumb\":{\"@id\":\"https:\\\/\\\/www.elturistatranquil.com\\\/ca\\\/prades-albarca-ulldemolins-vilanova-de-prades-i-vimbodi-tarragona\\\/#breadcrumb\"},\"inLanguage\":\"ca\",\"potentialAction\":[{\"@type\":\"ReadAction\",\"target\":[\"https:\\\/\\\/www.elturistatranquil.com\\\/ca\\\/prades-albarca-ulldemolins-vilanova-de-prades-i-vimbodi-tarragona\\\/\"]}]},{\"@type\":\"ImageObject\",\"inLanguage\":\"ca\",\"@id\":\"https:\\\/\\\/www.elturistatranquil.com\\\/ca\\\/prades-albarca-ulldemolins-vilanova-de-prades-i-vimbodi-tarragona\\\/#primaryimage\",\"url\":\"https:\\\/\\\/www.elturistatranquil.com\\\/wp-content\\\/uploads\\\/F1-Albarca.-Tarragona.jpg\",\"contentUrl\":\"https:\\\/\\\/www.elturistatranquil.com\\\/wp-content\\\/uploads\\\/F1-Albarca.-Tarragona.jpg\",\"width\":768,\"height\":511,\"caption\":\"Albarca. Tarragona\"},{\"@type\":\"BreadcrumbList\",\"@id\":\"https:\\\/\\\/www.elturistatranquil.com\\\/ca\\\/prades-albarca-ulldemolins-vilanova-de-prades-i-vimbodi-tarragona\\\/#breadcrumb\",\"itemListElement\":[{\"@type\":\"ListItem\",\"position\":1,\"name\":\"Portada\",\"item\":\"https:\\\/\\\/www.elturistatranquil.com\\\/ca\\\/\"},{\"@type\":\"ListItem\",\"position\":2,\"name\":\"Prades, Albarca, Ulldemolins, Vilanova de Prades i Vimbod\u00ed (Tarragona)\"}]},{\"@type\":\"WebSite\",\"@id\":\"https:\\\/\\\/www.elturistatranquil.com\\\/ca\\\/#website\",\"url\":\"https:\\\/\\\/www.elturistatranquil.com\\\/ca\\\/\",\"name\":\"El turista tranquil\",\"description\":\"Blog de viatges\",\"potentialAction\":[{\"@type\":\"SearchAction\",\"target\":{\"@type\":\"EntryPoint\",\"urlTemplate\":\"https:\\\/\\\/www.elturistatranquil.com\\\/ca\\\/?s={search_term_string}\"},\"query-input\":{\"@type\":\"PropertyValueSpecification\",\"valueRequired\":true,\"valueName\":\"search_term_string\"}}],\"inLanguage\":\"ca\"},{\"@type\":\"Person\",\"@id\":\"https:\\\/\\\/www.elturistatranquil.com\\\/ca\\\/#\\\/schema\\\/person\\\/16f607c3079b96ed0c530a52e6b58bb5\",\"name\":\"admin\",\"image\":{\"@type\":\"ImageObject\",\"inLanguage\":\"ca\",\"@id\":\"https:\\\/\\\/secure.gravatar.com\\\/avatar\\\/1fbaf22aee75fcbb29a2f97b107f95d25d3a19b7c3416105be10269872673e8d?s=96&d=mm&r=g\",\"url\":\"https:\\\/\\\/secure.gravatar.com\\\/avatar\\\/1fbaf22aee75fcbb29a2f97b107f95d25d3a19b7c3416105be10269872673e8d?s=96&d=mm&r=g\",\"contentUrl\":\"https:\\\/\\\/secure.gravatar.com\\\/avatar\\\/1fbaf22aee75fcbb29a2f97b107f95d25d3a19b7c3416105be10269872673e8d?s=96&d=mm&r=g\",\"caption\":\"admin\"}}]}<\/script>\n<!-- \/ Yoast SEO plugin. -->","yoast_head_json":{"title":"Prades, Albarca, Ulldemolins, Vilanova de Prades i Vimbod\u00ed (Tarragona) - El turista tranquil","description":"Una ruta per cinc localitats de Tarragona: Prades, Albarca, Ulldemolins, Vilanova de Prades i Vimbod\u00ed. Trobem uns paisatges de gran inter\u00e8s; viles que conserven la seva autenticitat i vivesa, i un bressol de l'estil renaixentista a Catalunya.","robots":{"index":"index","follow":"follow","max-snippet":"max-snippet:-1","max-image-preview":"max-image-preview:large","max-video-preview":"max-video-preview:-1"},"canonical":"https:\/\/www.elturistatranquil.com\/ca\/prades-albarca-ulldemolins-vilanova-de-prades-i-vimbodi-tarragona\/","og_locale":"ca_ES","og_type":"article","og_title":"Prades, Albarca, Ulldemolins, Vilanova de Prades i Vimbod\u00ed (Tarragona) - El turista tranquil","og_description":"Una ruta per cinc localitats de Tarragona: Prades, Albarca, Ulldemolins, Vilanova de Prades i Vimbod\u00ed. Trobem uns paisatges de gran inter\u00e8s; viles que conserven la seva autenticitat i vivesa, i un bressol de l'estil renaixentista a Catalunya.","og_url":"https:\/\/www.elturistatranquil.com\/ca\/prades-albarca-ulldemolins-vilanova-de-prades-i-vimbodi-tarragona\/","og_site_name":"El turista tranquil","article_publisher":"https:\/\/www.facebook.com\/elturistatranquilo\/","article_published_time":"2021-01-09T08:30:28+00:00","article_modified_time":"2021-01-09T09:10:38+00:00","og_image":[{"width":768,"height":511,"url":"https:\/\/www.elturistatranquil.com\/wp-content\/uploads\/F1-Albarca.-Tarragona.jpg","type":"image\/jpeg"}],"author":"admin","twitter_card":"summary_large_image","twitter_misc":{"Escrit per":"admin","Temps estimat de lectura":"25 minuts"},"schema":{"@context":"https:\/\/schema.org","@graph":[{"@type":"Article","@id":"https:\/\/www.elturistatranquil.com\/ca\/prades-albarca-ulldemolins-vilanova-de-prades-i-vimbodi-tarragona\/#article","isPartOf":{"@id":"https:\/\/www.elturistatranquil.com\/ca\/prades-albarca-ulldemolins-vilanova-de-prades-i-vimbodi-tarragona\/"},"author":{"name":"admin","@id":"https:\/\/www.elturistatranquil.com\/ca\/#\/schema\/person\/16f607c3079b96ed0c530a52e6b58bb5"},"headline":"Prades, Albarca, Ulldemolins, Vilanova de Prades i Vimbod\u00ed (Tarragona)","datePublished":"2021-01-09T08:30:28+00:00","dateModified":"2021-01-09T09:10:38+00:00","mainEntityOfPage":{"@id":"https:\/\/www.elturistatranquil.com\/ca\/prades-albarca-ulldemolins-vilanova-de-prades-i-vimbodi-tarragona\/"},"wordCount":4998,"commentCount":0,"image":{"@id":"https:\/\/www.elturistatranquil.com\/ca\/prades-albarca-ulldemolins-vilanova-de-prades-i-vimbodi-tarragona\/#primaryimage"},"thumbnailUrl":"https:\/\/www.elturistatranquil.com\/wp-content\/uploads\/F1-Albarca.-Tarragona.jpg","articleSection":["Arquitectura civil","Arquitectura popular","Arquitectura religiosa","Barroc","Castells, Muralles","Cultura rural","Edat mitjana","G\u00f2tic","Museus","Paisatge","Parc natural","Patrimoni econ\u00f2mic\/productiu","Poble","Pobles i ciutats amb inter\u00e9s","Renaixement","Rom\u00e0nic","Segle XVI-XVII","Segle XVIII-XIX","Tarragona","Vila"],"inLanguage":"ca","potentialAction":[{"@type":"CommentAction","name":"Comment","target":["https:\/\/www.elturistatranquil.com\/ca\/prades-albarca-ulldemolins-vilanova-de-prades-i-vimbodi-tarragona\/#respond"]}]},{"@type":"WebPage","@id":"https:\/\/www.elturistatranquil.com\/ca\/prades-albarca-ulldemolins-vilanova-de-prades-i-vimbodi-tarragona\/","url":"https:\/\/www.elturistatranquil.com\/ca\/prades-albarca-ulldemolins-vilanova-de-prades-i-vimbodi-tarragona\/","name":"Prades, Albarca, Ulldemolins, Vilanova de Prades i Vimbod\u00ed (Tarragona) - El turista tranquil","isPartOf":{"@id":"https:\/\/www.elturistatranquil.com\/ca\/#website"},"primaryImageOfPage":{"@id":"https:\/\/www.elturistatranquil.com\/ca\/prades-albarca-ulldemolins-vilanova-de-prades-i-vimbodi-tarragona\/#primaryimage"},"image":{"@id":"https:\/\/www.elturistatranquil.com\/ca\/prades-albarca-ulldemolins-vilanova-de-prades-i-vimbodi-tarragona\/#primaryimage"},"thumbnailUrl":"https:\/\/www.elturistatranquil.com\/wp-content\/uploads\/F1-Albarca.-Tarragona.jpg","datePublished":"2021-01-09T08:30:28+00:00","dateModified":"2021-01-09T09:10:38+00:00","author":{"@id":"https:\/\/www.elturistatranquil.com\/ca\/#\/schema\/person\/16f607c3079b96ed0c530a52e6b58bb5"},"description":"Una ruta per cinc localitats de Tarragona: Prades, Albarca, Ulldemolins, Vilanova de Prades i Vimbod\u00ed. Trobem uns paisatges de gran inter\u00e8s; viles que conserven la seva autenticitat i vivesa, i un bressol de l'estil renaixentista a Catalunya.","breadcrumb":{"@id":"https:\/\/www.elturistatranquil.com\/ca\/prades-albarca-ulldemolins-vilanova-de-prades-i-vimbodi-tarragona\/#breadcrumb"},"inLanguage":"ca","potentialAction":[{"@type":"ReadAction","target":["https:\/\/www.elturistatranquil.com\/ca\/prades-albarca-ulldemolins-vilanova-de-prades-i-vimbodi-tarragona\/"]}]},{"@type":"ImageObject","inLanguage":"ca","@id":"https:\/\/www.elturistatranquil.com\/ca\/prades-albarca-ulldemolins-vilanova-de-prades-i-vimbodi-tarragona\/#primaryimage","url":"https:\/\/www.elturistatranquil.com\/wp-content\/uploads\/F1-Albarca.-Tarragona.jpg","contentUrl":"https:\/\/www.elturistatranquil.com\/wp-content\/uploads\/F1-Albarca.-Tarragona.jpg","width":768,"height":511,"caption":"Albarca. Tarragona"},{"@type":"BreadcrumbList","@id":"https:\/\/www.elturistatranquil.com\/ca\/prades-albarca-ulldemolins-vilanova-de-prades-i-vimbodi-tarragona\/#breadcrumb","itemListElement":[{"@type":"ListItem","position":1,"name":"Portada","item":"https:\/\/www.elturistatranquil.com\/ca\/"},{"@type":"ListItem","position":2,"name":"Prades, Albarca, Ulldemolins, Vilanova de Prades i Vimbod\u00ed (Tarragona)"}]},{"@type":"WebSite","@id":"https:\/\/www.elturistatranquil.com\/ca\/#website","url":"https:\/\/www.elturistatranquil.com\/ca\/","name":"El turista tranquil","description":"Blog de viatges","potentialAction":[{"@type":"SearchAction","target":{"@type":"EntryPoint","urlTemplate":"https:\/\/www.elturistatranquil.com\/ca\/?s={search_term_string}"},"query-input":{"@type":"PropertyValueSpecification","valueRequired":true,"valueName":"search_term_string"}}],"inLanguage":"ca"},{"@type":"Person","@id":"https:\/\/www.elturistatranquil.com\/ca\/#\/schema\/person\/16f607c3079b96ed0c530a52e6b58bb5","name":"admin","image":{"@type":"ImageObject","inLanguage":"ca","@id":"https:\/\/secure.gravatar.com\/avatar\/1fbaf22aee75fcbb29a2f97b107f95d25d3a19b7c3416105be10269872673e8d?s=96&d=mm&r=g","url":"https:\/\/secure.gravatar.com\/avatar\/1fbaf22aee75fcbb29a2f97b107f95d25d3a19b7c3416105be10269872673e8d?s=96&d=mm&r=g","contentUrl":"https:\/\/secure.gravatar.com\/avatar\/1fbaf22aee75fcbb29a2f97b107f95d25d3a19b7c3416105be10269872673e8d?s=96&d=mm&r=g","caption":"admin"}}]}},"_links":{"self":[{"href":"https:\/\/www.elturistatranquil.com\/ca\/wp-json\/wp\/v2\/posts\/34170","targetHints":{"allow":["GET"]}}],"collection":[{"href":"https:\/\/www.elturistatranquil.com\/ca\/wp-json\/wp\/v2\/posts"}],"about":[{"href":"https:\/\/www.elturistatranquil.com\/ca\/wp-json\/wp\/v2\/types\/post"}],"author":[{"embeddable":true,"href":"https:\/\/www.elturistatranquil.com\/ca\/wp-json\/wp\/v2\/users\/1"}],"replies":[{"embeddable":true,"href":"https:\/\/www.elturistatranquil.com\/ca\/wp-json\/wp\/v2\/comments?post=34170"}],"version-history":[{"count":5,"href":"https:\/\/www.elturistatranquil.com\/ca\/wp-json\/wp\/v2\/posts\/34170\/revisions"}],"predecessor-version":[{"id":34472,"href":"https:\/\/www.elturistatranquil.com\/ca\/wp-json\/wp\/v2\/posts\/34170\/revisions\/34472"}],"wp:featuredmedia":[{"embeddable":true,"href":"https:\/\/www.elturistatranquil.com\/ca\/wp-json\/wp\/v2\/media\/33900"}],"wp:attachment":[{"href":"https:\/\/www.elturistatranquil.com\/ca\/wp-json\/wp\/v2\/media?parent=34170"}],"wp:term":[{"taxonomy":"category","embeddable":true,"href":"https:\/\/www.elturistatranquil.com\/ca\/wp-json\/wp\/v2\/categories?post=34170"},{"taxonomy":"post_tag","embeddable":true,"href":"https:\/\/www.elturistatranquil.com\/ca\/wp-json\/wp\/v2\/tags?post=34170"}],"curies":[{"name":"wp","href":"https:\/\/api.w.org\/{rel}","templated":true}]}}