{"id":34445,"date":"2021-01-23T09:30:15","date_gmt":"2021-01-23T08:30:15","guid":{"rendered":"https:\/\/www.elturistatranquil.com\/?p=34445"},"modified":"2021-01-23T09:52:50","modified_gmt":"2021-01-23T08:52:50","slug":"museu-del-suro-de-palafrugell-girona","status":"publish","type":"post","link":"https:\/\/www.elturistatranquil.com\/ca\/museu-del-suro-de-palafrugell-girona\/","title":{"rendered":"Museu del Suro de Palafrugell (Girona)"},"content":{"rendered":"\t\t<div data-elementor-type=\"wp-post\" data-elementor-id=\"34445\" class=\"elementor elementor-34445 elementor-34244\" data-elementor-post-type=\"post\">\n\t\t\t\t\t\t<section class=\"elementor-section elementor-top-section elementor-element elementor-element-5b856411 elementor-section-boxed elementor-section-height-default elementor-section-height-default\" data-id=\"5b856411\" data-element_type=\"section\" data-e-type=\"section\">\n\t\t\t\t\t\t<div class=\"elementor-container elementor-column-gap-default\">\n\t\t\t\t\t<div class=\"elementor-column elementor-col-100 elementor-top-column elementor-element elementor-element-f56a0f8\" data-id=\"f56a0f8\" data-element_type=\"column\" data-e-type=\"column\">\n\t\t\t<div class=\"elementor-widget-wrap elementor-element-populated\">\n\t\t\t\t\t\t<section class=\"elementor-section elementor-inner-section elementor-element elementor-element-9cee548 elementor-section-content-middle elementor-section-boxed elementor-section-height-default elementor-section-height-default\" data-id=\"9cee548\" data-element_type=\"section\" data-e-type=\"section\">\n\t\t\t\t\t\t<div class=\"elementor-container elementor-column-gap-default\">\n\t\t\t\t\t<div class=\"elementor-column elementor-col-100 elementor-inner-column elementor-element elementor-element-619c5aa1\" data-id=\"619c5aa1\" data-element_type=\"column\" data-e-type=\"column\">\n\t\t\t<div class=\"elementor-widget-wrap elementor-element-populated\">\n\t\t\t\t\t\t<div class=\"elementor-element elementor-element-b86f1d elementor-widget elementor-widget-text-editor\" data-id=\"b86f1d\" data-element_type=\"widget\" data-e-type=\"widget\" data-widget_type=\"text-editor.default\">\n\t\t\t\t<div class=\"elementor-widget-container\">\n\t\t\t\t\t\t\t\t\t<p>Con\u00e8ixer el patrimoni industrial pot ser un bon motiu de turisme cultural.\u00a0 Proposo visitar el <em>Museu del Suro de Palafrugell<\/em> (Girona).<\/p>\t\t\t\t\t\t\t\t<\/div>\n\t\t\t\t<\/div>\n\t\t\t\t\t<\/div>\n\t\t<\/div>\n\t\t\t\t\t<\/div>\n\t\t<\/section>\n\t\t\t\t<div class=\"elementor-element elementor-element-60957617 elementor-widget elementor-widget-heading\" data-id=\"60957617\" data-element_type=\"widget\" data-e-type=\"widget\" data-widget_type=\"heading.default\">\n\t\t\t\t<div class=\"elementor-widget-container\">\n\t\t\t\t\t<h1 class=\"elementor-heading-title elementor-size-default\">Museu del Suro de Palafrugell. Baix Empord\u00e0. Girona<\/h1>\t\t\t\t<\/div>\n\t\t\t\t<\/div>\n\t\t\t\t\t<\/div>\n\t\t<\/div>\n\t\t\t\t\t<\/div>\n\t\t<\/section>\n\t\t\t\t<section class=\"elementor-section elementor-top-section elementor-element elementor-element-39c73e88 elementor-section-boxed elementor-section-height-default elementor-section-height-default\" data-id=\"39c73e88\" data-element_type=\"section\" data-e-type=\"section\">\n\t\t\t\t\t\t<div class=\"elementor-container elementor-column-gap-default\">\n\t\t\t\t\t<div class=\"elementor-column elementor-col-100 elementor-top-column elementor-element elementor-element-b77c6d5\" data-id=\"b77c6d5\" data-element_type=\"column\" data-e-type=\"column\">\n\t\t\t<div class=\"elementor-widget-wrap elementor-element-populated\">\n\t\t\t\t\t\t<div class=\"elementor-element elementor-element-4585a06f elementor-widget elementor-widget-image\" data-id=\"4585a06f\" data-element_type=\"widget\" data-e-type=\"widget\" data-widget_type=\"image.default\">\n\t\t\t\t<div class=\"elementor-widget-container\">\n\t\t\t\t\t\t\t\t\t\t\t\t<figure class=\"wp-caption\">\n\t\t\t\t\t\t\t\t\t\t<img fetchpriority=\"high\" decoding=\"async\" width=\"768\" height=\"512\" src=\"https:\/\/www.elturistatranquil.com\/wp-content\/uploads\/F19-Museu-del-Suro-Palafrugell-Girona.jpg\" class=\"attachment-large size-large wp-image-34250\" alt=\"Museu del Suro, Palafrugell, Girona\" srcset=\"https:\/\/www.elturistatranquil.com\/wp-content\/uploads\/F19-Museu-del-Suro-Palafrugell-Girona.jpg 768w, https:\/\/www.elturistatranquil.com\/wp-content\/uploads\/F19-Museu-del-Suro-Palafrugell-Girona-339x226.jpg 339w\" sizes=\"(max-width: 768px) 100vw, 768px\" \/>\t\t\t\t\t\t\t\t\t\t\t<figcaption class=\"widget-image-caption wp-caption-text\"><\/figcaption>\n\t\t\t\t\t\t\t\t\t\t<\/figure>\n\t\t\t\t\t\t\t\t\t<\/div>\n\t\t\t\t<\/div>\n\t\t\t\t<div class=\"elementor-element elementor-element-11700eda elementor-widget elementor-widget-spacer\" data-id=\"11700eda\" data-element_type=\"widget\" data-e-type=\"widget\" data-widget_type=\"spacer.default\">\n\t\t\t\t<div class=\"elementor-widget-container\">\n\t\t\t\t\t\t\t<div class=\"elementor-spacer\">\n\t\t\t<div class=\"elementor-spacer-inner\"><\/div>\n\t\t<\/div>\n\t\t\t\t\t\t<\/div>\n\t\t\t\t<\/div>\n\t\t\t\t<div class=\"elementor-element elementor-element-107cfaf elementor-widget elementor-widget-heading\" data-id=\"107cfaf\" data-element_type=\"widget\" data-e-type=\"widget\" data-widget_type=\"heading.default\">\n\t\t\t\t<div class=\"elementor-widget-container\">\n\t\t\t\t\t<h2 class=\"elementor-heading-title elementor-size-default\">Museo del Corcho de Palafrugell. Baix Empord\u00e0. Girona<\/h2>\t\t\t\t<\/div>\n\t\t\t\t<\/div>\n\t\t\t\t<section class=\"elementor-section elementor-inner-section elementor-element elementor-element-7139d1c8 elementor-section-boxed elementor-section-height-default elementor-section-height-default\" data-id=\"7139d1c8\" data-element_type=\"section\" data-e-type=\"section\" data-settings=\"{&quot;background_background&quot;:&quot;classic&quot;}\">\n\t\t\t\t\t\t\t<div class=\"elementor-background-overlay\"><\/div>\n\t\t\t\t\t\t\t<div class=\"elementor-container elementor-column-gap-default\">\n\t\t\t\t\t<div class=\"elementor-column elementor-col-100 elementor-inner-column elementor-element elementor-element-1b74a97d\" data-id=\"1b74a97d\" data-element_type=\"column\" data-e-type=\"column\" data-settings=\"{&quot;background_background&quot;:&quot;classic&quot;}\">\n\t\t\t<div class=\"elementor-widget-wrap elementor-element-populated\">\n\t\t\t\t\t\t<div class=\"elementor-element elementor-element-513a6603 elementor-widget elementor-widget-text-editor\" data-id=\"513a6603\" data-element_type=\"widget\" data-e-type=\"widget\" data-widget_type=\"text-editor.default\">\n\t\t\t\t<div class=\"elementor-widget-container\">\n\t\t\t\t\t\t\t\t\t<p>Adre\u00e7a: Placeta del Museu del Suro s\/n. Palafrugell. Comarca: Baix Empord\u00e0. Prov\u00edncia: Girona. Com. Aut\u00f2noma: Catalunya<\/p><p>Coordenades:\u00a0 41<sup>o<\/sup>55\u201906\u201dN 3<sup>o<\/sup>09\u201943\u201dE<\/p><p>Web: <a href=\"https:\/\/museudelsuro.cat\/\" target=\"_blank\" rel=\"noopener\">museudelsuro<\/a><\/p><p>Forma part del <em>Sistema Territorial del Museu de la Ci\u00e8ncia i de la T\u00e8cnica de Catalunya<\/em> (MNACTEC)<\/p><p>El complex industrial est\u00e0 protegit como a\u00a0<em>B\u00e9 Cultural d\u2019Inter\u00e8s Local<\/em> (BCIL)<\/p><p>Darrera visita: 2019<\/p>\t\t\t\t\t\t\t\t<\/div>\n\t\t\t\t<\/div>\n\t\t\t\t\t<\/div>\n\t\t<\/div>\n\t\t\t\t\t<\/div>\n\t\t<\/section>\n\t\t\t\t<div class=\"elementor-element elementor-element-d18ed83 elementor-widget elementor-widget-image\" data-id=\"d18ed83\" data-element_type=\"widget\" data-e-type=\"widget\" data-widget_type=\"image.default\">\n\t\t\t\t<div class=\"elementor-widget-container\">\n\t\t\t\t\t\t\t\t\t\t\t\t<figure class=\"wp-caption\">\n\t\t\t\t\t\t\t\t\t\t<img decoding=\"async\" width=\"768\" height=\"512\" src=\"https:\/\/www.elturistatranquil.com\/wp-content\/uploads\/F02c-Mapa-de-localitzacio-del-Museu-del-Suro-Palafrugell-Girona-Google-maps-2020-12-15.jpg\" class=\"attachment-medium_large size-medium_large wp-image-34259\" alt=\"Mapa de localitzacio del Museu del Suro, Palafrugell, Girona (Google maps 2020-12-15)\" srcset=\"https:\/\/www.elturistatranquil.com\/wp-content\/uploads\/F02c-Mapa-de-localitzacio-del-Museu-del-Suro-Palafrugell-Girona-Google-maps-2020-12-15.jpg 768w, https:\/\/www.elturistatranquil.com\/wp-content\/uploads\/F02c-Mapa-de-localitzacio-del-Museu-del-Suro-Palafrugell-Girona-Google-maps-2020-12-15-339x226.jpg 339w\" sizes=\"(max-width: 768px) 100vw, 768px\" \/>\t\t\t\t\t\t\t\t\t\t\t<figcaption class=\"widget-image-caption wp-caption-text\">Mapa de localitzaci\u00f3 del Museu del Suro de Palafrugell (Google maps 2020-12-15)<\/figcaption>\n\t\t\t\t\t\t\t\t\t\t<\/figure>\n\t\t\t\t\t\t\t\t\t<\/div>\n\t\t\t\t<\/div>\n\t\t\t\t<section class=\"elementor-section elementor-inner-section elementor-element elementor-element-54d18bf elementor-section-boxed elementor-section-height-default elementor-section-height-default\" data-id=\"54d18bf\" data-element_type=\"section\" data-e-type=\"section\" data-settings=\"{&quot;background_background&quot;:&quot;classic&quot;}\">\n\t\t\t\t\t\t<div class=\"elementor-container elementor-column-gap-default\">\n\t\t\t\t\t<div class=\"elementor-column elementor-col-100 elementor-inner-column elementor-element elementor-element-a5faceb\" data-id=\"a5faceb\" data-element_type=\"column\" data-e-type=\"column\">\n\t\t\t<div class=\"elementor-widget-wrap elementor-element-populated\">\n\t\t\t\t\t\t<div class=\"elementor-element elementor-element-3aa9a6b0 elementor-widget elementor-widget-text-editor\" data-id=\"3aa9a6b0\" data-element_type=\"widget\" data-e-type=\"widget\" data-widget_type=\"text-editor.default\">\n\t\t\t\t<div class=\"elementor-widget-container\">\n\t\t\t\t\t\t\t\t\t<p style=\"text-align: center;\"><strong>\u00cdndex<\/strong><\/p>\t\t\t\t\t\t\t\t<\/div>\n\t\t\t\t<\/div>\n\t\t\t\t<div class=\"elementor-element elementor-element-3d9b782f elementor-widget elementor-widget-text-editor\" data-id=\"3d9b782f\" data-element_type=\"widget\" data-e-type=\"widget\" data-widget_type=\"text-editor.default\">\n\t\t\t\t<div class=\"elementor-widget-container\">\n\t\t\t\t\t\t\t\t\t<p><a href=\"https:\/\/www.elturistatranquil.com\/ca\/museu-del-suro-de-palafrugell-girona\/#b5201\">Museu del Suro de Palafrugell. Baix Empord\u00e0. Girona<\/a><\/p><p><a href=\"https:\/\/www.elturistatranquil.com\/ca\/museu-del-suro-de-palafrugell-girona\/#b5202\">El territori del suro: la sureda<\/a><\/p><p><a href=\"https:\/\/www.elturistatranquil.com\/ca\/museu-del-suro-de-palafrugell-girona\/#b5203\">L\u2019empresa Miquel y Vincke \/ Manufacturas del Corcho Armstrong SA<\/a><\/p><p style=\"padding-left: 40px;\"><a href=\"https:\/\/www.elturistatranquil.com\/ca\/museu-del-suro-de-palafrugell-girona\/#b5204\">Les instal\u00b7lacions<\/a><\/p><p style=\"padding-left: 40px;\"><a href=\"https:\/\/www.elturistatranquil.com\/ca\/museu-del-suro-de-palafrugell-girona\/#b5205\">Transformaci\u00f3 en complex muse\u00edstic i cultural<\/a><\/p><p><a href=\"https:\/\/www.elturistatranquil.com\/ca\/museu-del-suro-de-palafrugell-girona\/#b5206\">Museu del Suro de Palafrugell<\/a><\/p><p style=\"padding-left: 40px;\"><a href=\"https:\/\/www.elturistatranquil.com\/ca\/museu-del-suro-de-palafrugell-girona\/#b5207\">L\u2019edifici<\/a><\/p><p><a href=\"https:\/\/www.elturistatranquil.com\/ca\/museu-del-suro-de-palafrugell-girona\/#b5208\">El Museu del Suro<\/a><\/p><p style=\"padding-left: 40px;\"><a href=\"https:\/\/www.elturistatranquil.com\/ca\/museu-del-suro-de-palafrugell-girona\/#b5209\">Entrada, recepci\u00f3 i botiga<\/a><\/p><p style=\"padding-left: 40px;\"><a href=\"https:\/\/www.elturistatranquil.com\/ca\/museu-del-suro-de-palafrugell-girona\/#b5210\">Planta baixa: Cork in progress<\/a><\/p><p style=\"padding-left: 40px;\"><a href=\"https:\/\/www.elturistatranquil.com\/ca\/museu-del-suro-de-palafrugell-girona\/#b5211\">Primera planta: Si aquestes parets parlessin&#8230;<\/a><\/p><p><a href=\"https:\/\/www.elturistatranquil.com\/ca\/museu-del-suro-de-palafrugell-girona\/#b5212\">Edifici \u201cCal Ganx\u00f3\u201d<\/a><\/p><p><a href=\"https:\/\/www.elturistatranquil.com\/ca\/museu-del-suro-de-palafrugell-girona\/#b5213\">Bases d\u2019informaci\u00f3<\/a><\/p>\t\t\t\t\t\t\t\t<\/div>\n\t\t\t\t<\/div>\n\t\t\t\t\t<\/div>\n\t\t<\/div>\n\t\t\t\t\t<\/div>\n\t\t<\/section>\n\t\t\t\t<div class=\"elementor-element elementor-element-22a1b071 elementor-widget elementor-widget-spacer\" data-id=\"22a1b071\" data-element_type=\"widget\" data-e-type=\"widget\" data-widget_type=\"spacer.default\">\n\t\t\t\t<div class=\"elementor-widget-container\">\n\t\t\t\t\t\t\t<div class=\"elementor-spacer\">\n\t\t\t<div class=\"elementor-spacer-inner\"><\/div>\n\t\t<\/div>\n\t\t\t\t\t\t<\/div>\n\t\t\t\t<\/div>\n\t\t\t\t<div class=\"elementor-element elementor-element-6f1cbe63 elementor-widget elementor-widget-menu-anchor\" data-id=\"6f1cbe63\" data-element_type=\"widget\" data-e-type=\"widget\" data-widget_type=\"menu-anchor.default\">\n\t\t\t\t<div class=\"elementor-widget-container\">\n\t\t\t\t\t\t\t<div class=\"elementor-menu-anchor\" id=\"b5201\"><\/div>\n\t\t\t\t\t\t<\/div>\n\t\t\t\t<\/div>\n\t\t\t\t<div class=\"elementor-element elementor-element-4565bd89 elementor-widget elementor-widget-spacer\" data-id=\"4565bd89\" data-element_type=\"widget\" data-e-type=\"widget\" data-widget_type=\"spacer.default\">\n\t\t\t\t<div class=\"elementor-widget-container\">\n\t\t\t\t\t\t\t<div class=\"elementor-spacer\">\n\t\t\t<div class=\"elementor-spacer-inner\"><\/div>\n\t\t<\/div>\n\t\t\t\t\t\t<\/div>\n\t\t\t\t<\/div>\n\t\t\t\t<div class=\"elementor-element elementor-element-39319b8 elementor-widget elementor-widget-heading\" data-id=\"39319b8\" data-element_type=\"widget\" data-e-type=\"widget\" data-widget_type=\"heading.default\">\n\t\t\t\t<div class=\"elementor-widget-container\">\n\t\t\t\t\t<h2 class=\"elementor-heading-title elementor-size-default\">Museu del Suro de Palafrugell. Baix Empord\u00e0. Girona<\/h2>\t\t\t\t<\/div>\n\t\t\t\t<\/div>\n\t\t\t\t<div class=\"elementor-element elementor-element-acc94ec elementor-widget elementor-widget-menu-anchor\" data-id=\"acc94ec\" data-element_type=\"widget\" data-e-type=\"widget\" data-widget_type=\"menu-anchor.default\">\n\t\t\t\t<div class=\"elementor-widget-container\">\n\t\t\t\t\t\t\t<div class=\"elementor-menu-anchor\" id=\"b5202\"><\/div>\n\t\t\t\t\t\t<\/div>\n\t\t\t\t<\/div>\n\t\t\t\t<div class=\"elementor-element elementor-element-563c2af0 elementor-widget elementor-widget-text-editor\" data-id=\"563c2af0\" data-element_type=\"widget\" data-e-type=\"widget\" data-widget_type=\"text-editor.default\">\n\t\t\t\t<div class=\"elementor-widget-container\">\n\t\t\t\t\t\t\t\t\t<p>La visita que proposo, el <strong>Museu del Suro de Palafrugell<\/strong>, s\u2019adscriu als interessos pel patrimoni industrial dins de la perspectiva del turisme cultural. Es tracta d\u2019un museu localitzat\u00a0 <em>in situ<\/em>, en unes naus de la antiga f\u00e0brica transformadora de suro, Miquel y Vincke \u201cCan Mario\u201d, despr\u00e9s F\u00e1brica\u00a0<strong>Armstrong<\/strong>\u00a0Cork Espa\u00f1a, de Palafrugell (Girona).<\/p><p>Recordem que unes altres naus d\u2019aquesta mateixa f\u00e0brica allotgen el <a href=\"https:\/\/www.elturistatranquil.com\/ca\/museu-descultura-contemporania-palafrugell\/\" target=\"_blank\" rel=\"noopener\">Museu d\u2019Escultura Contempor\u00e0nia<\/a>, que podeu trobar presentat en un\u00a0 altre <em>Post<\/em> del <em>Blog<\/em>.<\/p><p>L\u2019anir\u00e9 a visitar des del <a href=\"https:\/\/www.elturistatranquil.com\/ca\/casamar-hotel-restaurant-costa-brava\/\" target=\"_blank\" rel=\"noopener\"><strong>Hotel-Restaurant\u00a0Casamar<\/strong><\/a>\u00a0de Llafranc, a menys de deu minuts en cotxe.<\/p>\t\t\t\t\t\t\t\t<\/div>\n\t\t\t\t<\/div>\n\t\t\t\t<div class=\"elementor-element elementor-element-beef6cd elementor-widget elementor-widget-heading\" data-id=\"beef6cd\" data-element_type=\"widget\" data-e-type=\"widget\" data-widget_type=\"heading.default\">\n\t\t\t\t<div class=\"elementor-widget-container\">\n\t\t\t\t\t<h2 class=\"elementor-heading-title elementor-size-default\">El territori del suro: la sureda<\/h2>\t\t\t\t<\/div>\n\t\t\t\t<\/div>\n\t\t\t\t<div class=\"elementor-element elementor-element-4bd2fe0 elementor-widget elementor-widget-text-editor\" data-id=\"4bd2fe0\" data-element_type=\"widget\" data-e-type=\"widget\" data-widget_type=\"text-editor.default\">\n\t\t\t\t<div class=\"elementor-widget-container\">\n\t\t\t\t\t\t\t\t\t<p>El suro s\u2019obt\u00e9 de l\u2019escor\u00e7a de l\u2019alzina surera (<em>Quercus suber<\/em>), grisa, rugosa i gruixuda. La primera extracci\u00f3 s\u2019efectua passats els primers 25 anys de vida dels arbres que han assolit un di\u00e0metre d\u2019almenys 20 cm. Un cop extreta, l\u2019escor\u00e7a es torna a reproduir i, segons els territoris, es torna a extreure entre cada 8 i 14 anys, quan te un gruix d\u2019uns 25 mil\u00b7l\u00edmetres. Al proc\u00e9s d\u2019extracci\u00f3 se\u2019l denomina <strong>pela<\/strong>.<\/p><p>El suro \u00e9s un material por\u00f3s, mal\u00b7leable, lleuger, a\u00efllant, impermeable i molt resistent al foc.<\/p><p>Les propietats i aplicaci\u00f3 com a taps d\u2019\u00e0mfora ja eren conegudes per grecs i romans. Per\u00f2 va ser a partir del segle XVIII que es va desenvolupar una important industria per a l\u2019obtenci\u00f3 de taps per ampolles de vi i xampany. Amb el temps, es van anar expandint moltes altres aplicacions.<\/p>\t\t\t\t\t\t\t\t<\/div>\n\t\t\t\t<\/div>\n\t\t\t\t<div class=\"elementor-element elementor-element-3ef24339 elementor-widget elementor-widget-image\" data-id=\"3ef24339\" data-element_type=\"widget\" data-e-type=\"widget\" data-widget_type=\"image.default\">\n\t\t\t\t<div class=\"elementor-widget-container\">\n\t\t\t\t\t\t\t\t\t\t\t\t<figure class=\"wp-caption\">\n\t\t\t\t\t\t\t\t\t\t<img decoding=\"async\" width=\"768\" height=\"511\" src=\"https:\/\/www.elturistatranquil.com\/wp-content\/uploads\/F03-Sureda.-Museu-del-Suro-Palafrugell-Girona.jpg\" class=\"attachment-large size-large wp-image-34263\" alt=\"Sureda. Museu del Suro, Palafrugell, Girona\" srcset=\"https:\/\/www.elturistatranquil.com\/wp-content\/uploads\/F03-Sureda.-Museu-del-Suro-Palafrugell-Girona.jpg 768w, https:\/\/www.elturistatranquil.com\/wp-content\/uploads\/F03-Sureda.-Museu-del-Suro-Palafrugell-Girona-339x226.jpg 339w\" sizes=\"(max-width: 768px) 100vw, 768px\" \/>\t\t\t\t\t\t\t\t\t\t\t<figcaption class=\"widget-image-caption wp-caption-text\"><\/figcaption>\n\t\t\t\t\t\t\t\t\t\t<\/figure>\n\t\t\t\t\t\t\t\t\t<\/div>\n\t\t\t\t<\/div>\n\t\t\t\t<div class=\"elementor-element elementor-element-e990f6a elementor-widget elementor-widget-text-editor\" data-id=\"e990f6a\" data-element_type=\"widget\" data-e-type=\"widget\" data-widget_type=\"text-editor.default\">\n\t\t\t\t<div class=\"elementor-widget-container\">\n\t\t\t\t\t\t\t\t\t<p>Aquesta esp\u00e8cie, formant suredes, es localitza a la mediterr\u00e0nia occidental en zones de sols \u00e0cids, amb pluviometries entre els 500 i 800 mm i temperatures temperades, distribu\u00efdes per Portugal, Espanya, Alg\u00e8ria, Marroc, It\u00e0lia, Fran\u00e7a i Tun\u00edsia. A Espanya, les tres zones amb m\u00e9s extensi\u00f3 de suredes s\u00f3n Andalusia, Extremadura i Catalunya, on es produeix el 30% de la producci\u00f3 de suro a nivell mundial.<\/p>\t\t\t\t\t\t\t\t<\/div>\n\t\t\t\t<\/div>\n\t\t\t\t<div class=\"elementor-element elementor-element-8d64654 elementor-widget elementor-widget-image\" data-id=\"8d64654\" data-element_type=\"widget\" data-e-type=\"widget\" data-widget_type=\"image.default\">\n\t\t\t\t<div class=\"elementor-widget-container\">\n\t\t\t\t\t\t\t\t\t\t\t\t<figure class=\"wp-caption\">\n\t\t\t\t\t\t\t\t\t\t<img loading=\"lazy\" decoding=\"async\" width=\"768\" height=\"511\" src=\"https:\/\/www.elturistatranquil.com\/wp-content\/uploads\/F04-Mapa-distribucio-mundial-de-lalzina-surera-Font-APCOR.jpg\" class=\"attachment-large size-large wp-image-34265\" alt=\"Mapa distribuci\u00f3 mundial de l\u2019alzina surera (Font APCOR)\" srcset=\"https:\/\/www.elturistatranquil.com\/wp-content\/uploads\/F04-Mapa-distribucio-mundial-de-lalzina-surera-Font-APCOR.jpg 768w, https:\/\/www.elturistatranquil.com\/wp-content\/uploads\/F04-Mapa-distribucio-mundial-de-lalzina-surera-Font-APCOR-339x226.jpg 339w\" sizes=\"(max-width: 768px) 100vw, 768px\" \/>\t\t\t\t\t\t\t\t\t\t\t<figcaption class=\"widget-image-caption wp-caption-text\">Mapa distribuci\u00f3 mundial de l\u2019alzina surera (Font: APCOR)<\/figcaption>\n\t\t\t\t\t\t\t\t\t\t<\/figure>\n\t\t\t\t\t\t\t\t\t<\/div>\n\t\t\t\t<\/div>\n\t\t\t\t<div class=\"elementor-element elementor-element-3cf076d elementor-widget elementor-widget-menu-anchor\" data-id=\"3cf076d\" data-element_type=\"widget\" data-e-type=\"widget\" data-widget_type=\"menu-anchor.default\">\n\t\t\t\t<div class=\"elementor-widget-container\">\n\t\t\t\t\t\t\t<div class=\"elementor-menu-anchor\" id=\"b5203\"><\/div>\n\t\t\t\t\t\t<\/div>\n\t\t\t\t<\/div>\n\t\t\t\t<div class=\"elementor-element elementor-element-d8ea55e elementor-widget elementor-widget-text-editor\" data-id=\"d8ea55e\" data-element_type=\"widget\" data-e-type=\"widget\" data-widget_type=\"text-editor.default\">\n\t\t\t\t<div class=\"elementor-widget-container\">\n\t\t\t\t\t\t\t\t\t<p>En concret, a Catalunya es dona en les comarques de l\u2019Alt i el Baix Empord\u00e0, la Selva, el Giron\u00e8s, el Maresme i el Vall\u00e8s Oriental. Pel seu\u00a0 aprofitament es va derivar el desenvolupament de la ind\u00fastria surera, a Catalunya amb especial implantaci\u00f3 a les localitats gironines de Sant Feliu de Gu\u00edxols, Agullana, Palafrugell, Palam\u00f3s, Calonge i la Bisbal.<\/p><p>Palafrugell va ser un centre especialment important, on van arribar a haver-hi en el per\u00edode de la \u00a0Guerra Mundial de 1914, 83 f\u00e0briques que treballaven el suro, ocupant a m\u00e9s de 12.500 treballadors. <\/p>\t\t\t\t\t\t\t\t<\/div>\n\t\t\t\t<\/div>\n\t\t\t\t<div class=\"elementor-element elementor-element-5250305 elementor-widget elementor-widget-heading\" data-id=\"5250305\" data-element_type=\"widget\" data-e-type=\"widget\" data-widget_type=\"heading.default\">\n\t\t\t\t<div class=\"elementor-widget-container\">\n\t\t\t\t\t<h2 class=\"elementor-heading-title elementor-size-default\">L\u2019empresa Miquel y Vincke \/ Manufacturas del Corcho Armstrong SA<\/h2>\t\t\t\t<\/div>\n\t\t\t\t<\/div>\n\t\t\t\t<div class=\"elementor-element elementor-element-a3cd5b2 elementor-widget elementor-widget-menu-anchor\" data-id=\"a3cd5b2\" data-element_type=\"widget\" data-e-type=\"widget\" data-widget_type=\"menu-anchor.default\">\n\t\t\t\t<div class=\"elementor-widget-container\">\n\t\t\t\t\t\t\t<div class=\"elementor-menu-anchor\" id=\"b5204\"><\/div>\n\t\t\t\t\t\t<\/div>\n\t\t\t\t<\/div>\n\t\t\t\t<div class=\"elementor-element elementor-element-e7699a8 elementor-widget elementor-widget-text-editor\" data-id=\"e7699a8\" data-element_type=\"widget\" data-e-type=\"widget\" data-widget_type=\"text-editor.default\">\n\t\t\t\t<div class=\"elementor-widget-container\">\n\t\t\t\t\t\t\t\t\t<p>L\u2019empresa <em>Miquel y Vincke<\/em> (despr\u00e9s <em>Miquel, Vincke &amp; Mayer<\/em>) coneguda com a \u201cCan Marius\u201d, fou creada l\u2019any 1900 per Joan Miquel i Avell\u00ed, \u201cJoanet Marius\u201d, amb socis alemanys, els quals es retiraren en el 1916. El 1930 va ser adquirida per la nord-americana Armstrong Cork Co., constituint l\u2019empresa <em>Manufacturas del Corcho Armstrong SA<\/em>, la major f\u00e0brica industrial surera espanyola de tots els temps, que va acabar la seva activitat a les Instal\u00b7lacions de Palafrugell l&#8217;any 1974. Va arribar a tenir m\u00e9s de 1.500 treballadors.<\/p>\t\t\t\t\t\t\t\t<\/div>\n\t\t\t\t<\/div>\n\t\t\t\t<div class=\"elementor-element elementor-element-20bfedc2 elementor-widget elementor-widget-heading\" data-id=\"20bfedc2\" data-element_type=\"widget\" data-e-type=\"widget\" data-widget_type=\"heading.default\">\n\t\t\t\t<div class=\"elementor-widget-container\">\n\t\t\t\t\t<h3 class=\"elementor-heading-title elementor-size-default\">Les instal\u00b7lacions<\/h3>\t\t\t\t<\/div>\n\t\t\t\t<\/div>\n\t\t\t\t<div class=\"elementor-element elementor-element-e4e5d5d elementor-widget elementor-widget-text-editor\" data-id=\"e4e5d5d\" data-element_type=\"widget\" data-e-type=\"widget\" data-widget_type=\"text-editor.default\">\n\t\t\t\t<div class=\"elementor-widget-container\">\n\t\t\t\t\t\t\t\t\t<p>Les instal\u00b7lacions de la f\u00e0brica constitu\u00efen un gran conjunt industrial que ocupava una extensi\u00f3 considerable dins el nucli urb\u00e0 de Palafrugell.<\/p><p>Aquest conjunt estava format per nombroses naus industrials de dues plantes, amb finestrals uniformes formant una xarxa de patis i vials. Al centre s\u2019hi dre\u00e7ava la torre-dip\u00f2sit i de vigil\u00e0ncia met\u00e0l\u00b7lica, datada el 1904, que va esdevenir la senya d&#8217;identitat de la f\u00e0brica i, en part, de la Vila.\u00a0<\/p>\t\t\t\t\t\t\t\t<\/div>\n\t\t\t\t<\/div>\n\t\t\t\t<div class=\"elementor-element elementor-element-f86bd31 elementor-widget elementor-widget-image\" data-id=\"f86bd31\" data-element_type=\"widget\" data-e-type=\"widget\" data-widget_type=\"image.default\">\n\t\t\t\t<div class=\"elementor-widget-container\">\n\t\t\t\t\t\t\t\t\t\t\t\t<figure class=\"wp-caption\">\n\t\t\t\t\t\t\t\t\t\t<img loading=\"lazy\" decoding=\"async\" width=\"768\" height=\"512\" src=\"https:\/\/www.elturistatranquil.com\/wp-content\/uploads\/F05-Museu-del-Suro-Palafrugell-Girona.jpg\" class=\"attachment-large size-large wp-image-34267\" alt=\"Museu del Suro, Palafrugell, Girona\" srcset=\"https:\/\/www.elturistatranquil.com\/wp-content\/uploads\/F05-Museu-del-Suro-Palafrugell-Girona.jpg 768w, https:\/\/www.elturistatranquil.com\/wp-content\/uploads\/F05-Museu-del-Suro-Palafrugell-Girona-339x226.jpg 339w\" sizes=\"(max-width: 768px) 100vw, 768px\" \/>\t\t\t\t\t\t\t\t\t\t\t<figcaption class=\"widget-image-caption wp-caption-text\"><\/figcaption>\n\t\t\t\t\t\t\t\t\t\t<\/figure>\n\t\t\t\t\t\t\t\t\t<\/div>\n\t\t\t\t<\/div>\n\t\t\t\t<div class=\"elementor-element elementor-element-34f000d elementor-widget elementor-widget-image\" data-id=\"34f000d\" data-element_type=\"widget\" data-e-type=\"widget\" data-widget_type=\"image.default\">\n\t\t\t\t<div class=\"elementor-widget-container\">\n\t\t\t\t\t\t\t\t\t\t\t\t<figure class=\"wp-caption\">\n\t\t\t\t\t\t\t\t\t\t<img loading=\"lazy\" decoding=\"async\" width=\"768\" height=\"212\" src=\"https:\/\/www.elturistatranquil.com\/wp-content\/uploads\/F06-Museu-del-Suro-Palafrugell-Girona.jpg\" class=\"attachment-large size-large wp-image-34269\" alt=\"Museu del Suro, Palafrugell, Girona\" srcset=\"https:\/\/www.elturistatranquil.com\/wp-content\/uploads\/F06-Museu-del-Suro-Palafrugell-Girona.jpg 768w, https:\/\/www.elturistatranquil.com\/wp-content\/uploads\/F06-Museu-del-Suro-Palafrugell-Girona-339x94.jpg 339w\" sizes=\"(max-width: 768px) 100vw, 768px\" \/>\t\t\t\t\t\t\t\t\t\t\t<figcaption class=\"widget-image-caption wp-caption-text\">(Font: Dossier Inauguraci\u00f3 Museu)<\/figcaption>\n\t\t\t\t\t\t\t\t\t\t<\/figure>\n\t\t\t\t\t\t\t\t\t<\/div>\n\t\t\t\t<\/div>\n\t\t\t\t<div class=\"elementor-element elementor-element-5bd483b elementor-widget elementor-widget-image\" data-id=\"5bd483b\" data-element_type=\"widget\" data-e-type=\"widget\" data-widget_type=\"image.default\">\n\t\t\t\t<div class=\"elementor-widget-container\">\n\t\t\t\t\t\t\t\t\t\t\t\t<figure class=\"wp-caption\">\n\t\t\t\t\t\t\t\t\t\t<img loading=\"lazy\" decoding=\"async\" width=\"474\" height=\"550\" src=\"https:\/\/www.elturistatranquil.com\/wp-content\/uploads\/F07-Fabrica-Armstrong.-Palafrugell.-Girona.-GCIIp320.jpg\" class=\"attachment-large size-large wp-image-34271\" alt=\"Fabrica Armstrong. Palafrugell. Girona. GC,II,p320\" srcset=\"https:\/\/www.elturistatranquil.com\/wp-content\/uploads\/F07-Fabrica-Armstrong.-Palafrugell.-Girona.-GCIIp320.jpg 474w, https:\/\/www.elturistatranquil.com\/wp-content\/uploads\/F07-Fabrica-Armstrong.-Palafrugell.-Girona.-GCIIp320-195x226.jpg 195w\" sizes=\"(max-width: 474px) 100vw, 474px\" \/>\t\t\t\t\t\t\t\t\t\t\t<figcaption class=\"widget-image-caption wp-caption-text\">(Font: Geografia de Catalunya, Vol. II, p. 320)<\/figcaption>\n\t\t\t\t\t\t\t\t\t\t<\/figure>\n\t\t\t\t\t\t\t\t\t<\/div>\n\t\t\t\t<\/div>\n\t\t\t\t<div class=\"elementor-element elementor-element-003f12a elementor-widget elementor-widget-text-editor\" data-id=\"003f12a\" data-element_type=\"widget\" data-e-type=\"widget\" data-widget_type=\"text-editor.default\">\n\t\t\t\t<div class=\"elementor-widget-container\">\n\t\t\t\t\t\t\t\t\t<p>Les naus eren cobertes a doble vessant, sobre grans bigues d\u2019enreixat met\u00e0l\u00b7lic o d\u2019encavallades; llurs fa\u00e7anes tenien frontons id\u00e8ntics amb cornisa i coronament prominents.<\/p>\t\t\t\t\t\t\t\t<\/div>\n\t\t\t\t<\/div>\n\t\t\t\t<div class=\"elementor-element elementor-element-cdbaa8d elementor-widget elementor-widget-image\" data-id=\"cdbaa8d\" data-element_type=\"widget\" data-e-type=\"widget\" data-widget_type=\"image.default\">\n\t\t\t\t<div class=\"elementor-widget-container\">\n\t\t\t\t\t\t\t\t\t\t\t\t<figure class=\"wp-caption\">\n\t\t\t\t\t\t\t\t\t\t<img loading=\"lazy\" decoding=\"async\" width=\"768\" height=\"512\" src=\"https:\/\/www.elturistatranquil.com\/wp-content\/uploads\/F08-Fabrica-Armstrong.-Palafrugell.-Girona.jpg\" class=\"attachment-large size-large wp-image-34273\" alt=\"Fabrica Armstrong. Palafrugell. Girona\" srcset=\"https:\/\/www.elturistatranquil.com\/wp-content\/uploads\/F08-Fabrica-Armstrong.-Palafrugell.-Girona.jpg 768w, https:\/\/www.elturistatranquil.com\/wp-content\/uploads\/F08-Fabrica-Armstrong.-Palafrugell.-Girona-339x226.jpg 339w\" sizes=\"(max-width: 768px) 100vw, 768px\" \/>\t\t\t\t\t\t\t\t\t\t\t<figcaption class=\"widget-image-caption wp-caption-text\"><\/figcaption>\n\t\t\t\t\t\t\t\t\t\t<\/figure>\n\t\t\t\t\t\t\t\t\t<\/div>\n\t\t\t\t<\/div>\n\t\t\t\t<div class=\"elementor-element elementor-element-c352983 elementor-widget elementor-widget-menu-anchor\" data-id=\"c352983\" data-element_type=\"widget\" data-e-type=\"widget\" data-widget_type=\"menu-anchor.default\">\n\t\t\t\t<div class=\"elementor-widget-container\">\n\t\t\t\t\t\t\t<div class=\"elementor-menu-anchor\" id=\"b5205\"><\/div>\n\t\t\t\t\t\t<\/div>\n\t\t\t\t<\/div>\n\t\t\t\t<div class=\"elementor-element elementor-element-019eca7 elementor-widget elementor-widget-image\" data-id=\"019eca7\" data-element_type=\"widget\" data-e-type=\"widget\" data-widget_type=\"image.default\">\n\t\t\t\t<div class=\"elementor-widget-container\">\n\t\t\t\t\t\t\t\t\t\t\t\t<figure class=\"wp-caption\">\n\t\t\t\t\t\t\t\t\t\t<img loading=\"lazy\" decoding=\"async\" width=\"768\" height=\"511\" src=\"https:\/\/www.elturistatranquil.com\/wp-content\/uploads\/F09-Museu-del-Suro-Palafrugell-Girona.jpg\" class=\"attachment-large size-large wp-image-34275\" alt=\"Museu del Suro, Palafrugell, Girona\" srcset=\"https:\/\/www.elturistatranquil.com\/wp-content\/uploads\/F09-Museu-del-Suro-Palafrugell-Girona.jpg 768w, https:\/\/www.elturistatranquil.com\/wp-content\/uploads\/F09-Museu-del-Suro-Palafrugell-Girona-339x226.jpg 339w\" sizes=\"(max-width: 768px) 100vw, 768px\" \/>\t\t\t\t\t\t\t\t\t\t\t<figcaption class=\"widget-image-caption wp-caption-text\"><\/figcaption>\n\t\t\t\t\t\t\t\t\t\t<\/figure>\n\t\t\t\t\t\t\t\t\t<\/div>\n\t\t\t\t<\/div>\n\t\t\t\t<div class=\"elementor-element elementor-element-93fe50e elementor-widget elementor-widget-heading\" data-id=\"93fe50e\" data-element_type=\"widget\" data-e-type=\"widget\" data-widget_type=\"heading.default\">\n\t\t\t\t<div class=\"elementor-widget-container\">\n\t\t\t\t\t<h3 class=\"elementor-heading-title elementor-size-default\">Transformaci\u00f3 en complex muse\u00edstic i cultural<\/h3>\t\t\t\t<\/div>\n\t\t\t\t<\/div>\n\t\t\t\t<div class=\"elementor-element elementor-element-2d5947d elementor-widget elementor-widget-text-editor\" data-id=\"2d5947d\" data-element_type=\"widget\" data-e-type=\"widget\" data-widget_type=\"text-editor.default\">\n\t\t\t\t<div class=\"elementor-widget-container\">\n\t\t\t\t\t\t\t\t\t<p>Una gran part d\u2019aquest gran conjunt industrial va ser transformat entre els anys 2003-2005, i s\u2019ha convertit en un complex muse\u00edstic format pel <strong>Museu del Suro<\/strong>, l\u2019<strong>edifici de \u201cCal Ganx\u00f3\u201d<\/strong>, el <strong>Dip\u00f2sit modernista de Can Mario<\/strong> i el <strong><a href=\"https:\/\/www.elturistatranquil.com\/ca\/museu-descultura-contemporania-palafrugell\/\" target=\"_blank\" rel=\"noopener\">Museu Can Mario d\u2019Escultura contempor\u00e0nia<\/a>.<\/strong><\/p><p>El Museu del Suro (<strong>A<\/strong>) ocupa l\u2019edifici del que era l\u2019entrada principal. L\u2019edifici de \u201ccan Ganx\u00f3) (<strong>B<\/strong>) ocupa el v\u00e8rtex nord-oest. La torre de l\u2019aigua i el Centre d\u2019Interpretaci\u00f3 del Dip\u00f2sit Modernista a l\u2019interior de la pla\u00e7a (<strong>C<\/strong>). Per \u00faltim, el Museu d\u2019Escultura Contempor\u00e0nia (<strong>D<\/strong>) s\u2019empla\u00e7a a dues grans naus, en disposici\u00f3 en \u2018L\u2019, a la zona nord-est de la pla\u00e7a.<\/p>\t\t\t\t\t\t\t\t<\/div>\n\t\t\t\t<\/div>\n\t\t\t\t<div class=\"elementor-element elementor-element-9bcd335 elementor-widget elementor-widget-image\" data-id=\"9bcd335\" data-element_type=\"widget\" data-e-type=\"widget\" data-widget_type=\"image.default\">\n\t\t\t\t<div class=\"elementor-widget-container\">\n\t\t\t\t\t\t\t\t\t\t\t\t<figure class=\"wp-caption\">\n\t\t\t\t\t\t\t\t\t\t<img loading=\"lazy\" decoding=\"async\" width=\"1144\" height=\"762\" src=\"https:\/\/www.elturistatranquil.com\/wp-content\/uploads\/F10-Complex-museistic-Can-Mario-Palafrugell-Girona-Google-earth-2020-12-14.jpg\" class=\"attachment-large size-large wp-image-34277\" alt=\"Complex museistic Can Mario, Palafrugell, Girona (Google earth 2020-12-14)\" srcset=\"https:\/\/www.elturistatranquil.com\/wp-content\/uploads\/F10-Complex-museistic-Can-Mario-Palafrugell-Girona-Google-earth-2020-12-14.jpg 1144w, https:\/\/www.elturistatranquil.com\/wp-content\/uploads\/F10-Complex-museistic-Can-Mario-Palafrugell-Girona-Google-earth-2020-12-14-339x226.jpg 339w, https:\/\/www.elturistatranquil.com\/wp-content\/uploads\/F10-Complex-museistic-Can-Mario-Palafrugell-Girona-Google-earth-2020-12-14-768x512.jpg 768w\" sizes=\"(max-width: 1144px) 100vw, 1144px\" \/>\t\t\t\t\t\t\t\t\t\t\t<figcaption class=\"widget-image-caption wp-caption-text\">Complex muse\u00edstic (Google earth 2020-12-14)<\/figcaption>\n\t\t\t\t\t\t\t\t\t\t<\/figure>\n\t\t\t\t\t\t\t\t\t<\/div>\n\t\t\t\t<\/div>\n\t\t\t\t<div class=\"elementor-element elementor-element-480407e elementor-widget elementor-widget-menu-anchor\" data-id=\"480407e\" data-element_type=\"widget\" data-e-type=\"widget\" data-widget_type=\"menu-anchor.default\">\n\t\t\t\t<div class=\"elementor-widget-container\">\n\t\t\t\t\t\t\t<div class=\"elementor-menu-anchor\" id=\"b5206\"><\/div>\n\t\t\t\t\t\t<\/div>\n\t\t\t\t<\/div>\n\t\t\t\t<div class=\"elementor-element elementor-element-dc5bd98 elementor-widget elementor-widget-text-editor\" data-id=\"dc5bd98\" data-element_type=\"widget\" data-e-type=\"widget\" data-widget_type=\"text-editor.default\">\n\t\t\t\t<div class=\"elementor-widget-container\">\n\t\t\t\t\t\t\t\t\t<p>Els panells informatius m\u2019ajudaran en la redacci\u00f3 del <em>Post<\/em>.<\/p>\t\t\t\t\t\t\t\t<\/div>\n\t\t\t\t<\/div>\n\t\t\t\t<div class=\"elementor-element elementor-element-0570a7d elementor-widget elementor-widget-heading\" data-id=\"0570a7d\" data-element_type=\"widget\" data-e-type=\"widget\" data-widget_type=\"heading.default\">\n\t\t\t\t<div class=\"elementor-widget-container\">\n\t\t\t\t\t<h2 class=\"elementor-heading-title elementor-size-default\">Museu del Suro de Palafrugell<\/h2>\t\t\t\t<\/div>\n\t\t\t\t<\/div>\n\t\t\t\t<div class=\"elementor-element elementor-element-da573fb elementor-widget elementor-widget-menu-anchor\" data-id=\"da573fb\" data-element_type=\"widget\" data-e-type=\"widget\" data-widget_type=\"menu-anchor.default\">\n\t\t\t\t<div class=\"elementor-widget-container\">\n\t\t\t\t\t\t\t<div class=\"elementor-menu-anchor\" id=\"b5207\"><\/div>\n\t\t\t\t\t\t<\/div>\n\t\t\t\t<\/div>\n\t\t\t\t<div class=\"elementor-element elementor-element-2bc0b37 elementor-widget elementor-widget-text-editor\" data-id=\"2bc0b37\" data-element_type=\"widget\" data-e-type=\"widget\" data-widget_type=\"text-editor.default\">\n\t\t\t\t<div class=\"elementor-widget-container\">\n\t\t\t\t\t\t\t\t\t<p>El <strong>Museu del Suro de Palafrugell<\/strong> (<strong>A<\/strong>) te una \u00edntima vinculaci\u00f3 amb el territori. Tant per la tem\u00e0tica, el suro, lligada a l\u2019extracci\u00f3 d\u2019aquest producte en els boscos de l\u2019entorn, com per la seva ubicaci\u00f3, en el recinte de la que havia estat la m\u00e9s gran empresa de tractament i elaboraci\u00f3 de taps i derivats del suro d\u2019Espanya.<\/p><p>El Museu proposa seguir el proc\u00e9s artesanal i industrial de transformaci\u00f3 del suro; l\u2019evoluci\u00f3 de les eines i la maquin\u00e0ria; les feines que desenvolupaven els treballadors i les condicions de treball.<\/p><p>En la seva ubicaci\u00f3 actual, al <strong>carrer de Pi i Margall<\/strong>, amb l\u2019entrada per la pla\u00e7a del Museu del Suro, va ser inaugurat l\u2019any 2012. Fins llavors havia estat provisionalment situat a l\u2019edifici de l\u2019antiga Escola d\u2019Art i Industries de Palafrugell, al carrer de la Tarongeta.<\/p>\t\t\t\t\t\t\t\t<\/div>\n\t\t\t\t<\/div>\n\t\t\t\t<div class=\"elementor-element elementor-element-2426158 elementor-widget elementor-widget-heading\" data-id=\"2426158\" data-element_type=\"widget\" data-e-type=\"widget\" data-widget_type=\"heading.default\">\n\t\t\t\t<div class=\"elementor-widget-container\">\n\t\t\t\t\t<h3 class=\"elementor-heading-title elementor-size-default\">L\u2019edifici <\/h3>\t\t\t\t<\/div>\n\t\t\t\t<\/div>\n\t\t\t\t<div class=\"elementor-element elementor-element-7a26204 elementor-widget elementor-widget-text-editor\" data-id=\"7a26204\" data-element_type=\"widget\" data-e-type=\"widget\" data-widget_type=\"text-editor.default\">\n\t\t\t\t<div class=\"elementor-widget-container\">\n\t\t\t\t\t\t\t\t\t<p>L\u2019edifici del Museu ocupa les dues naus que estaven situades sobre l\u2019entrada principal, que dona a l\u2019actual carrer Pi i Margall, 26-40. Aquesta fa\u00e7ana principal, d\u2019estil modernista, va ser constru\u00efda l\u2019any 1899-1900 sota un projecte de l\u2019arquitecte <em>General Guitart Lostalo<\/em>.<\/p><p>La intervenci\u00f3 per fer-ne el Museu del Suro va ser encarregada a l\u2019equip <em>OP Team Arquitectura SP (Gl\u00f2ria Piferrer, Santi Orteu i Xavier Farr\u00e9)<\/em>, consistent en la construcci\u00f3 d\u2019un pavell\u00f3 d\u2019acc\u00e9s, la creaci\u00f3 d\u2019una nova pla\u00e7a d\u2019acc\u00e9s al Museu i el condicionament dels espais interiors de les naus (auditori, aula did\u00e0ctica\u2026).<\/p>\t\t\t\t\t\t\t\t<\/div>\n\t\t\t\t<\/div>\n\t\t\t\t<div class=\"elementor-element elementor-element-cd3f735 elementor-widget elementor-widget-image\" data-id=\"cd3f735\" data-element_type=\"widget\" data-e-type=\"widget\" data-widget_type=\"image.default\">\n\t\t\t\t<div class=\"elementor-widget-container\">\n\t\t\t\t\t\t\t\t\t\t\t\t<figure class=\"wp-caption\">\n\t\t\t\t\t\t\t\t\t\t<img loading=\"lazy\" decoding=\"async\" width=\"768\" height=\"511\" src=\"https:\/\/www.elturistatranquil.com\/wp-content\/uploads\/F11-Museu-del-Suro-Palafrugell-Girona.jpg\" class=\"attachment-large size-large wp-image-34279\" alt=\"Museu del Suro, Palafrugell, Girona\" srcset=\"https:\/\/www.elturistatranquil.com\/wp-content\/uploads\/F11-Museu-del-Suro-Palafrugell-Girona.jpg 768w, https:\/\/www.elturistatranquil.com\/wp-content\/uploads\/F11-Museu-del-Suro-Palafrugell-Girona-339x226.jpg 339w\" sizes=\"(max-width: 768px) 100vw, 768px\" \/>\t\t\t\t\t\t\t\t\t\t\t<figcaption class=\"widget-image-caption wp-caption-text\"><\/figcaption>\n\t\t\t\t\t\t\t\t\t\t<\/figure>\n\t\t\t\t\t\t\t\t\t<\/div>\n\t\t\t\t<\/div>\n\t\t\t\t<div class=\"elementor-element elementor-element-6d9d6e1 elementor-widget elementor-widget-image\" data-id=\"6d9d6e1\" data-element_type=\"widget\" data-e-type=\"widget\" data-widget_type=\"image.default\">\n\t\t\t\t<div class=\"elementor-widget-container\">\n\t\t\t\t\t\t\t\t\t\t\t\t<figure class=\"wp-caption\">\n\t\t\t\t\t\t\t\t\t\t<img loading=\"lazy\" decoding=\"async\" width=\"768\" height=\"512\" src=\"https:\/\/www.elturistatranquil.com\/wp-content\/uploads\/F12-Museu-del-Suro-Palafrugell-Girona.jpg\" class=\"attachment-large size-large wp-image-34281\" alt=\"Museu del Suro, Palafrugell, Girona\" srcset=\"https:\/\/www.elturistatranquil.com\/wp-content\/uploads\/F12-Museu-del-Suro-Palafrugell-Girona.jpg 768w, https:\/\/www.elturistatranquil.com\/wp-content\/uploads\/F12-Museu-del-Suro-Palafrugell-Girona-339x226.jpg 339w\" sizes=\"(max-width: 768px) 100vw, 768px\" \/>\t\t\t\t\t\t\t\t\t\t\t<figcaption class=\"widget-image-caption wp-caption-text\"><\/figcaption>\n\t\t\t\t\t\t\t\t\t\t<\/figure>\n\t\t\t\t\t\t\t\t\t<\/div>\n\t\t\t\t<\/div>\n\t\t\t\t<div class=\"elementor-element elementor-element-6ac7607 elementor-widget elementor-widget-text-editor\" data-id=\"6ac7607\" data-element_type=\"widget\" data-e-type=\"widget\" data-widget_type=\"text-editor.default\">\n\t\t\t\t<div class=\"elementor-widget-container\">\n\t\t\t\t\t\t\t\t\t<p>La fa\u00e7ana principal \u00e9s de tres crugies i torreta central. Amb decoraci\u00f3 de cer\u00e0miques vidrades i de reflex met\u00e0l\u00b7lic als frisos i a la coberta de la torreta central, aix\u00ed com motlluratges i relleus enllu\u00efts simulant obra de carreuada i de rajol. Destaquen els elements de ferro forjat: batents de la porta, reixes dels finestrals, element de remat, fanals met\u00e0l\u00b7lics adossats.<\/p><p>A la fa\u00e7ana hi figuren, com en altres punts del conjunt fabril, anagrames del nom inicial de la ind\u00fastria: les lletres M i V dins d&#8217;un cercle.<\/p>\t\t\t\t\t\t\t\t<\/div>\n\t\t\t\t<\/div>\n\t\t\t\t<div class=\"elementor-element elementor-element-c2b446f elementor-widget elementor-widget-image\" data-id=\"c2b446f\" data-element_type=\"widget\" data-e-type=\"widget\" data-widget_type=\"image.default\">\n\t\t\t\t<div class=\"elementor-widget-container\">\n\t\t\t\t\t\t\t\t\t\t\t\t<figure class=\"wp-caption\">\n\t\t\t\t\t\t\t\t\t\t<img loading=\"lazy\" decoding=\"async\" width=\"768\" height=\"512\" src=\"https:\/\/www.elturistatranquil.com\/wp-content\/uploads\/F13-Museu-del-Suro-Palafrugell-Girona.jpg\" class=\"attachment-large size-large wp-image-34283\" alt=\"Museu del Suro, Palafrugell, Girona\" srcset=\"https:\/\/www.elturistatranquil.com\/wp-content\/uploads\/F13-Museu-del-Suro-Palafrugell-Girona.jpg 768w, https:\/\/www.elturistatranquil.com\/wp-content\/uploads\/F13-Museu-del-Suro-Palafrugell-Girona-339x226.jpg 339w\" sizes=\"(max-width: 768px) 100vw, 768px\" \/>\t\t\t\t\t\t\t\t\t\t\t<figcaption class=\"widget-image-caption wp-caption-text\"><\/figcaption>\n\t\t\t\t\t\t\t\t\t\t<\/figure>\n\t\t\t\t\t\t\t\t\t<\/div>\n\t\t\t\t<\/div>\n\t\t\t\t<section class=\"elementor-section elementor-inner-section elementor-element elementor-element-df15dd5 elementor-section-boxed elementor-section-height-default elementor-section-height-default\" data-id=\"df15dd5\" data-element_type=\"section\" data-e-type=\"section\">\n\t\t\t\t\t\t<div class=\"elementor-container elementor-column-gap-default\">\n\t\t\t\t\t<div class=\"elementor-column elementor-col-50 elementor-inner-column elementor-element elementor-element-aef4545\" data-id=\"aef4545\" data-element_type=\"column\" data-e-type=\"column\">\n\t\t\t<div class=\"elementor-widget-wrap elementor-element-populated\">\n\t\t\t\t\t\t<div class=\"elementor-element elementor-element-d8e6928 elementor-widget elementor-widget-image\" data-id=\"d8e6928\" data-element_type=\"widget\" data-e-type=\"widget\" data-widget_type=\"image.default\">\n\t\t\t\t<div class=\"elementor-widget-container\">\n\t\t\t\t\t\t\t\t\t\t\t\t\t\t\t<img loading=\"lazy\" decoding=\"async\" width=\"366\" height=\"550\" src=\"https:\/\/www.elturistatranquil.com\/wp-content\/uploads\/F14m-Museu-del-Suro-Palafrugell-Girona.jpg\" class=\"attachment-large size-large wp-image-34285\" alt=\"Museu del Suro, Palafrugell, Girona\" srcset=\"https:\/\/www.elturistatranquil.com\/wp-content\/uploads\/F14m-Museu-del-Suro-Palafrugell-Girona.jpg 366w, https:\/\/www.elturistatranquil.com\/wp-content\/uploads\/F14m-Museu-del-Suro-Palafrugell-Girona-150x226.jpg 150w\" sizes=\"(max-width: 366px) 100vw, 366px\" \/>\t\t\t\t\t\t\t\t\t\t\t\t\t\t\t<\/div>\n\t\t\t\t<\/div>\n\t\t\t\t\t<\/div>\n\t\t<\/div>\n\t\t\t\t<div class=\"elementor-column elementor-col-50 elementor-inner-column elementor-element elementor-element-319f528\" data-id=\"319f528\" data-element_type=\"column\" data-e-type=\"column\">\n\t\t\t<div class=\"elementor-widget-wrap elementor-element-populated\">\n\t\t\t\t\t\t<div class=\"elementor-element elementor-element-78e13f2 elementor-widget elementor-widget-image\" data-id=\"78e13f2\" data-element_type=\"widget\" data-e-type=\"widget\" data-widget_type=\"image.default\">\n\t\t\t\t<div class=\"elementor-widget-container\">\n\t\t\t\t\t\t\t\t\t\t\t\t\t\t\t<img loading=\"lazy\" decoding=\"async\" width=\"366\" height=\"550\" src=\"https:\/\/www.elturistatranquil.com\/wp-content\/uploads\/F14n-Museu-del-Suro-Palafrugell-Girona.jpg\" class=\"attachment-large size-large wp-image-34287\" alt=\"Museu del Suro, Palafrugell, Girona\" srcset=\"https:\/\/www.elturistatranquil.com\/wp-content\/uploads\/F14n-Museu-del-Suro-Palafrugell-Girona.jpg 366w, https:\/\/www.elturistatranquil.com\/wp-content\/uploads\/F14n-Museu-del-Suro-Palafrugell-Girona-150x226.jpg 150w\" sizes=\"(max-width: 366px) 100vw, 366px\" \/>\t\t\t\t\t\t\t\t\t\t\t\t\t\t\t<\/div>\n\t\t\t\t<\/div>\n\t\t\t\t\t<\/div>\n\t\t<\/div>\n\t\t\t\t\t<\/div>\n\t\t<\/section>\n\t\t\t\t<section class=\"elementor-section elementor-inner-section elementor-element elementor-element-d3e8307 elementor-section-boxed elementor-section-height-default elementor-section-height-default\" data-id=\"d3e8307\" data-element_type=\"section\" data-e-type=\"section\">\n\t\t\t\t\t\t<div class=\"elementor-container elementor-column-gap-default\">\n\t\t\t\t\t<div class=\"elementor-column elementor-col-50 elementor-inner-column elementor-element elementor-element-3c5fa6f\" data-id=\"3c5fa6f\" data-element_type=\"column\" data-e-type=\"column\">\n\t\t\t<div class=\"elementor-widget-wrap elementor-element-populated\">\n\t\t\t\t\t\t<div class=\"elementor-element elementor-element-b8f24ea elementor-widget elementor-widget-image\" data-id=\"b8f24ea\" data-element_type=\"widget\" data-e-type=\"widget\" data-widget_type=\"image.default\">\n\t\t\t\t<div class=\"elementor-widget-container\">\n\t\t\t\t\t\t\t\t\t\t\t\t\t\t\t<img loading=\"lazy\" decoding=\"async\" width=\"367\" height=\"550\" src=\"https:\/\/www.elturistatranquil.com\/wp-content\/uploads\/F15m-Museu-del-Suro-Palafrugell-Girona.jpg\" class=\"attachment-large size-large wp-image-34289\" alt=\"Museu del Suro, Palafrugell, Girona\" srcset=\"https:\/\/www.elturistatranquil.com\/wp-content\/uploads\/F15m-Museu-del-Suro-Palafrugell-Girona.jpg 367w, https:\/\/www.elturistatranquil.com\/wp-content\/uploads\/F15m-Museu-del-Suro-Palafrugell-Girona-151x226.jpg 151w\" sizes=\"(max-width: 367px) 100vw, 367px\" \/>\t\t\t\t\t\t\t\t\t\t\t\t\t\t\t<\/div>\n\t\t\t\t<\/div>\n\t\t\t\t\t<\/div>\n\t\t<\/div>\n\t\t\t\t<div class=\"elementor-column elementor-col-50 elementor-inner-column elementor-element elementor-element-363d976\" data-id=\"363d976\" data-element_type=\"column\" data-e-type=\"column\">\n\t\t\t<div class=\"elementor-widget-wrap elementor-element-populated\">\n\t\t\t\t\t\t<div class=\"elementor-element elementor-element-cbb5568 elementor-widget elementor-widget-image\" data-id=\"cbb5568\" data-element_type=\"widget\" data-e-type=\"widget\" data-widget_type=\"image.default\">\n\t\t\t\t<div class=\"elementor-widget-container\">\n\t\t\t\t\t\t\t\t\t\t\t\t\t\t\t<img loading=\"lazy\" decoding=\"async\" width=\"366\" height=\"550\" src=\"https:\/\/www.elturistatranquil.com\/wp-content\/uploads\/F15n-Museu-del-Suro-Palafrugell-Girona.jpg\" class=\"attachment-large size-large wp-image-34291\" alt=\"Museu del Suro, Palafrugell, Girona\" srcset=\"https:\/\/www.elturistatranquil.com\/wp-content\/uploads\/F15n-Museu-del-Suro-Palafrugell-Girona.jpg 366w, https:\/\/www.elturistatranquil.com\/wp-content\/uploads\/F15n-Museu-del-Suro-Palafrugell-Girona-150x226.jpg 150w\" sizes=\"(max-width: 366px) 100vw, 366px\" \/>\t\t\t\t\t\t\t\t\t\t\t\t\t\t\t<\/div>\n\t\t\t\t<\/div>\n\t\t\t\t\t<\/div>\n\t\t<\/div>\n\t\t\t\t\t<\/div>\n\t\t<\/section>\n\t\t\t\t<div class=\"elementor-element elementor-element-f978436 elementor-widget elementor-widget-text-editor\" data-id=\"f978436\" data-element_type=\"widget\" data-e-type=\"widget\" data-widget_type=\"text-editor.default\">\n\t\t\t\t<div class=\"elementor-widget-container\">\n\t\t\t\t\t\t\t\t\t<p>\u00a0<\/p><p>S\u00f3n molt notables els batents de la gran portalada de forja.<\/p>\t\t\t\t\t\t\t\t<\/div>\n\t\t\t\t<\/div>\n\t\t\t\t<section class=\"elementor-section elementor-inner-section elementor-element elementor-element-cea25bb elementor-section-boxed elementor-section-height-default elementor-section-height-default\" data-id=\"cea25bb\" data-element_type=\"section\" data-e-type=\"section\">\n\t\t\t\t\t\t<div class=\"elementor-container elementor-column-gap-default\">\n\t\t\t\t\t<div class=\"elementor-column elementor-col-50 elementor-inner-column elementor-element elementor-element-decb098\" data-id=\"decb098\" data-element_type=\"column\" data-e-type=\"column\">\n\t\t\t<div class=\"elementor-widget-wrap elementor-element-populated\">\n\t\t\t\t\t\t<div class=\"elementor-element elementor-element-32fc864 elementor-widget elementor-widget-image\" data-id=\"32fc864\" data-element_type=\"widget\" data-e-type=\"widget\" data-widget_type=\"image.default\">\n\t\t\t\t<div class=\"elementor-widget-container\">\n\t\t\t\t\t\t\t\t\t\t\t\t\t\t\t<img loading=\"lazy\" decoding=\"async\" width=\"367\" height=\"550\" src=\"https:\/\/www.elturistatranquil.com\/wp-content\/uploads\/F16m-Museu-del-Suro-Palafrugell-Girona.jpg\" class=\"attachment-large size-large wp-image-34293\" alt=\"Museu del Suro, Palafrugell, Girona\" srcset=\"https:\/\/www.elturistatranquil.com\/wp-content\/uploads\/F16m-Museu-del-Suro-Palafrugell-Girona.jpg 367w, https:\/\/www.elturistatranquil.com\/wp-content\/uploads\/F16m-Museu-del-Suro-Palafrugell-Girona-151x226.jpg 151w\" sizes=\"(max-width: 367px) 100vw, 367px\" \/>\t\t\t\t\t\t\t\t\t\t\t\t\t\t\t<\/div>\n\t\t\t\t<\/div>\n\t\t\t\t\t<\/div>\n\t\t<\/div>\n\t\t\t\t<div class=\"elementor-column elementor-col-50 elementor-inner-column elementor-element elementor-element-cb3bd9b\" data-id=\"cb3bd9b\" data-element_type=\"column\" data-e-type=\"column\">\n\t\t\t<div class=\"elementor-widget-wrap elementor-element-populated\">\n\t\t\t\t\t\t<div class=\"elementor-element elementor-element-7d38e90 elementor-widget elementor-widget-image\" data-id=\"7d38e90\" data-element_type=\"widget\" data-e-type=\"widget\" data-widget_type=\"image.default\">\n\t\t\t\t<div class=\"elementor-widget-container\">\n\t\t\t\t\t\t\t\t\t\t\t\t\t\t\t<img loading=\"lazy\" decoding=\"async\" width=\"366\" height=\"550\" src=\"https:\/\/www.elturistatranquil.com\/wp-content\/uploads\/F16n-Museu-del-Suro-Palafrugell-Girona.jpg\" class=\"attachment-large size-large wp-image-34295\" alt=\"Museu del Suro, Palafrugell, Girona\" srcset=\"https:\/\/www.elturistatranquil.com\/wp-content\/uploads\/F16n-Museu-del-Suro-Palafrugell-Girona.jpg 366w, https:\/\/www.elturistatranquil.com\/wp-content\/uploads\/F16n-Museu-del-Suro-Palafrugell-Girona-150x226.jpg 150w\" sizes=\"(max-width: 366px) 100vw, 366px\" \/>\t\t\t\t\t\t\t\t\t\t\t\t\t\t\t<\/div>\n\t\t\t\t<\/div>\n\t\t\t\t\t<\/div>\n\t\t<\/div>\n\t\t\t\t\t<\/div>\n\t\t<\/section>\n\t\t\t\t<div class=\"elementor-element elementor-element-d205866 elementor-widget elementor-widget-text-editor\" data-id=\"d205866\" data-element_type=\"widget\" data-e-type=\"widget\" data-widget_type=\"text-editor.default\">\n\t\t\t\t<div class=\"elementor-widget-container\">\n\t\t\t\t\t\t\t\t\t<p>\u00a0<\/p><p>L\u2019edifici presenta dues naus paral\u00b7leles amb un pati interior.<\/p>\t\t\t\t\t\t\t\t<\/div>\n\t\t\t\t<\/div>\n\t\t\t\t<div class=\"elementor-element elementor-element-15341dc elementor-widget elementor-widget-menu-anchor\" data-id=\"15341dc\" data-element_type=\"widget\" data-e-type=\"widget\" data-widget_type=\"menu-anchor.default\">\n\t\t\t\t<div class=\"elementor-widget-container\">\n\t\t\t\t\t\t\t<div class=\"elementor-menu-anchor\" id=\"b5208\"><\/div>\n\t\t\t\t\t\t<\/div>\n\t\t\t\t<\/div>\n\t\t\t\t<div class=\"elementor-element elementor-element-2d1e338 elementor-widget elementor-widget-image\" data-id=\"2d1e338\" data-element_type=\"widget\" data-e-type=\"widget\" data-widget_type=\"image.default\">\n\t\t\t\t<div class=\"elementor-widget-container\">\n\t\t\t\t\t\t\t\t\t\t\t\t<figure class=\"wp-caption\">\n\t\t\t\t\t\t\t\t\t\t<img loading=\"lazy\" decoding=\"async\" width=\"768\" height=\"512\" src=\"https:\/\/www.elturistatranquil.com\/wp-content\/uploads\/F17-Museu-del-Suro-Palafrugell-Girona.jpg\" class=\"attachment-large size-large wp-image-34297\" alt=\"Museu del Suro, Palafrugell, Girona\" srcset=\"https:\/\/www.elturistatranquil.com\/wp-content\/uploads\/F17-Museu-del-Suro-Palafrugell-Girona.jpg 768w, https:\/\/www.elturistatranquil.com\/wp-content\/uploads\/F17-Museu-del-Suro-Palafrugell-Girona-339x226.jpg 339w\" sizes=\"(max-width: 768px) 100vw, 768px\" \/>\t\t\t\t\t\t\t\t\t\t\t<figcaption class=\"widget-image-caption wp-caption-text\"><\/figcaption>\n\t\t\t\t\t\t\t\t\t\t<\/figure>\n\t\t\t\t\t\t\t\t\t<\/div>\n\t\t\t\t<\/div>\n\t\t\t\t<div class=\"elementor-element elementor-element-11964bd elementor-widget elementor-widget-heading\" data-id=\"11964bd\" data-element_type=\"widget\" data-e-type=\"widget\" data-widget_type=\"heading.default\">\n\t\t\t\t<div class=\"elementor-widget-container\">\n\t\t\t\t\t<h2 class=\"elementor-heading-title elementor-size-default\">El Museu del Suro<\/h2>\t\t\t\t<\/div>\n\t\t\t\t<\/div>\n\t\t\t\t<section class=\"elementor-section elementor-inner-section elementor-element elementor-element-88a6f11 elementor-section-boxed elementor-section-height-default elementor-section-height-default\" data-id=\"88a6f11\" data-element_type=\"section\" data-e-type=\"section\">\n\t\t\t\t\t\t<div class=\"elementor-container elementor-column-gap-default\">\n\t\t\t\t\t<div class=\"elementor-column elementor-col-50 elementor-inner-column elementor-element elementor-element-10a5bb1\" data-id=\"10a5bb1\" data-element_type=\"column\" data-e-type=\"column\">\n\t\t\t<div class=\"elementor-widget-wrap elementor-element-populated\">\n\t\t\t\t\t\t<div class=\"elementor-element elementor-element-ec97e0f elementor-widget elementor-widget-image\" data-id=\"ec97e0f\" data-element_type=\"widget\" data-e-type=\"widget\" data-widget_type=\"image.default\">\n\t\t\t\t<div class=\"elementor-widget-container\">\n\t\t\t\t\t\t\t\t\t\t\t\t\t\t\t<img loading=\"lazy\" decoding=\"async\" width=\"380\" height=\"380\" src=\"https:\/\/www.elturistatranquil.com\/wp-content\/uploads\/F18a-Museu-del-Suro-Palafrugell-Girona.jpg\" class=\"attachment-large size-large wp-image-34299\" alt=\"Museu del Suro, Palafrugell, Girona\" srcset=\"https:\/\/www.elturistatranquil.com\/wp-content\/uploads\/F18a-Museu-del-Suro-Palafrugell-Girona.jpg 380w, https:\/\/www.elturistatranquil.com\/wp-content\/uploads\/F18a-Museu-del-Suro-Palafrugell-Girona-226x226.jpg 226w\" sizes=\"(max-width: 380px) 100vw, 380px\" \/>\t\t\t\t\t\t\t\t\t\t\t\t\t\t\t<\/div>\n\t\t\t\t<\/div>\n\t\t\t\t\t<\/div>\n\t\t<\/div>\n\t\t\t\t<div class=\"elementor-column elementor-col-50 elementor-inner-column elementor-element elementor-element-8265d83\" data-id=\"8265d83\" data-element_type=\"column\" data-e-type=\"column\">\n\t\t\t<div class=\"elementor-widget-wrap elementor-element-populated\">\n\t\t\t\t\t\t<div class=\"elementor-element elementor-element-b9d145a elementor-widget elementor-widget-image\" data-id=\"b9d145a\" data-element_type=\"widget\" data-e-type=\"widget\" data-widget_type=\"image.default\">\n\t\t\t\t<div class=\"elementor-widget-container\">\n\t\t\t\t\t\t\t\t\t\t\t\t\t\t\t<img loading=\"lazy\" decoding=\"async\" width=\"380\" height=\"380\" src=\"https:\/\/www.elturistatranquil.com\/wp-content\/uploads\/F18b-Museu-del-Suro-Palafrugell-Girona.jpg\" class=\"attachment-large size-large wp-image-34301\" alt=\"Museu del Suro, Palafrugell, Girona\" srcset=\"https:\/\/www.elturistatranquil.com\/wp-content\/uploads\/F18b-Museu-del-Suro-Palafrugell-Girona.jpg 380w, https:\/\/www.elturistatranquil.com\/wp-content\/uploads\/F18b-Museu-del-Suro-Palafrugell-Girona-226x226.jpg 226w\" sizes=\"(max-width: 380px) 100vw, 380px\" \/>\t\t\t\t\t\t\t\t\t\t\t\t\t\t\t<\/div>\n\t\t\t\t<\/div>\n\t\t\t\t\t<\/div>\n\t\t<\/div>\n\t\t\t\t\t<\/div>\n\t\t<\/section>\n\t\t\t\t<div class=\"elementor-element elementor-element-cdf95e6 elementor-widget elementor-widget-text-editor\" data-id=\"cdf95e6\" data-element_type=\"widget\" data-e-type=\"widget\" data-widget_type=\"text-editor.default\">\n\t\t\t\t<div class=\"elementor-widget-container\">\n\t\t\t\t\t\t\t\t\t<p>Des de la pla\u00e7a d\u2019entrada al Museu podem observar una perspectiva de les dimensions de l\u2019antiga f\u00e0brica, amb les naus que actualment ocupa al Museu d\u2019Escultura Contempor\u00e0nia.<\/p>\t\t\t\t\t\t\t\t<\/div>\n\t\t\t\t<\/div>\n\t\t\t\t<div class=\"elementor-element elementor-element-cae8dde elementor-widget elementor-widget-menu-anchor\" data-id=\"cae8dde\" data-element_type=\"widget\" data-e-type=\"widget\" data-widget_type=\"menu-anchor.default\">\n\t\t\t\t<div class=\"elementor-widget-container\">\n\t\t\t\t\t\t\t<div class=\"elementor-menu-anchor\" id=\"b5209\"><\/div>\n\t\t\t\t\t\t<\/div>\n\t\t\t\t<\/div>\n\t\t\t\t<div class=\"elementor-element elementor-element-5b29a86 elementor-widget elementor-widget-image\" data-id=\"5b29a86\" data-element_type=\"widget\" data-e-type=\"widget\" data-widget_type=\"image.default\">\n\t\t\t\t<div class=\"elementor-widget-container\">\n\t\t\t\t\t\t\t\t\t\t\t\t<figure class=\"wp-caption\">\n\t\t\t\t\t\t\t\t\t\t<img loading=\"lazy\" decoding=\"async\" width=\"768\" height=\"511\" src=\"https:\/\/www.elturistatranquil.com\/wp-content\/uploads\/F18c-Museu-del-Suro-Palafrugell-Girona.jpg\" class=\"attachment-large size-large wp-image-34303\" alt=\"Museu del Suro, Palafrugell, Girona\" srcset=\"https:\/\/www.elturistatranquil.com\/wp-content\/uploads\/F18c-Museu-del-Suro-Palafrugell-Girona.jpg 768w, https:\/\/www.elturistatranquil.com\/wp-content\/uploads\/F18c-Museu-del-Suro-Palafrugell-Girona-339x226.jpg 339w\" sizes=\"(max-width: 768px) 100vw, 768px\" \/>\t\t\t\t\t\t\t\t\t\t\t<figcaption class=\"widget-image-caption wp-caption-text\"><\/figcaption>\n\t\t\t\t\t\t\t\t\t\t<\/figure>\n\t\t\t\t\t\t\t\t\t<\/div>\n\t\t\t\t<\/div>\n\t\t\t\t<div class=\"elementor-element elementor-element-aa2b985 elementor-widget elementor-widget-heading\" data-id=\"aa2b985\" data-element_type=\"widget\" data-e-type=\"widget\" data-widget_type=\"heading.default\">\n\t\t\t\t<div class=\"elementor-widget-container\">\n\t\t\t\t\t<h3 class=\"elementor-heading-title elementor-size-default\">Entrada, recepci\u00f3 i botiga<\/h3>\t\t\t\t<\/div>\n\t\t\t\t<\/div>\n\t\t\t\t<div class=\"elementor-element elementor-element-e222e63 elementor-widget elementor-widget-text-editor\" data-id=\"e222e63\" data-element_type=\"widget\" data-e-type=\"widget\" data-widget_type=\"text-editor.default\">\n\t\t\t\t<div class=\"elementor-widget-container\">\n\t\t\t\t\t\t\t\t\t<p>L\u2019entrada al Museu del Suro s\u2019efectua per la nau nord, passant per una construcci\u00f3 moderna afegida al lateral nord, que dona cabuda a la <strong>recepci\u00f3<\/strong> i la <strong>botiga<\/strong> (<strong>1<\/strong>).<\/p>\t\t\t\t\t\t\t\t<\/div>\n\t\t\t\t<\/div>\n\t\t\t\t<div class=\"elementor-element elementor-element-531ff5b elementor-widget elementor-widget-image\" data-id=\"531ff5b\" data-element_type=\"widget\" data-e-type=\"widget\" data-widget_type=\"image.default\">\n\t\t\t\t<div class=\"elementor-widget-container\">\n\t\t\t\t\t\t\t\t\t\t\t\t<figure class=\"wp-caption\">\n\t\t\t\t\t\t\t\t\t\t<img fetchpriority=\"high\" decoding=\"async\" width=\"768\" height=\"512\" src=\"https:\/\/www.elturistatranquil.com\/wp-content\/uploads\/F19-Museu-del-Suro-Palafrugell-Girona.jpg\" class=\"attachment-large size-large wp-image-34250\" alt=\"Museu del Suro, Palafrugell, Girona\" srcset=\"https:\/\/www.elturistatranquil.com\/wp-content\/uploads\/F19-Museu-del-Suro-Palafrugell-Girona.jpg 768w, https:\/\/www.elturistatranquil.com\/wp-content\/uploads\/F19-Museu-del-Suro-Palafrugell-Girona-339x226.jpg 339w\" sizes=\"(max-width: 768px) 100vw, 768px\" \/>\t\t\t\t\t\t\t\t\t\t\t<figcaption class=\"widget-image-caption wp-caption-text\"><\/figcaption>\n\t\t\t\t\t\t\t\t\t\t<\/figure>\n\t\t\t\t\t\t\t\t\t<\/div>\n\t\t\t\t<\/div>\n\t\t\t\t<div class=\"elementor-element elementor-element-1d969b8 elementor-widget elementor-widget-image\" data-id=\"1d969b8\" data-element_type=\"widget\" data-e-type=\"widget\" data-widget_type=\"image.default\">\n\t\t\t\t<div class=\"elementor-widget-container\">\n\t\t\t\t\t\t\t\t\t\t\t\t<figure class=\"wp-caption\">\n\t\t\t\t\t\t\t\t\t\t<img loading=\"lazy\" decoding=\"async\" width=\"768\" height=\"512\" src=\"https:\/\/www.elturistatranquil.com\/wp-content\/uploads\/F20-Museu-del-Suro-Palafrugell-Girona.jpg\" class=\"attachment-large size-large wp-image-34305\" alt=\"Museu del Suro, Palafrugell, Girona\" srcset=\"https:\/\/www.elturistatranquil.com\/wp-content\/uploads\/F20-Museu-del-Suro-Palafrugell-Girona.jpg 768w, https:\/\/www.elturistatranquil.com\/wp-content\/uploads\/F20-Museu-del-Suro-Palafrugell-Girona-339x226.jpg 339w\" sizes=\"(max-width: 768px) 100vw, 768px\" \/>\t\t\t\t\t\t\t\t\t\t\t<figcaption class=\"widget-image-caption wp-caption-text\"><\/figcaption>\n\t\t\t\t\t\t\t\t\t\t<\/figure>\n\t\t\t\t\t\t\t\t\t<\/div>\n\t\t\t\t<\/div>\n\t\t\t\t<div class=\"elementor-element elementor-element-c84f949 elementor-widget elementor-widget-image\" data-id=\"c84f949\" data-element_type=\"widget\" data-e-type=\"widget\" data-widget_type=\"image.default\">\n\t\t\t\t<div class=\"elementor-widget-container\">\n\t\t\t\t\t\t\t\t\t\t\t\t<figure class=\"wp-caption\">\n\t\t\t\t\t\t\t\t\t\t<img loading=\"lazy\" decoding=\"async\" width=\"768\" height=\"511\" src=\"https:\/\/www.elturistatranquil.com\/wp-content\/uploads\/F21-Museu-del-Suro-Palafrugell-Girona.jpg\" class=\"attachment-large size-large wp-image-34307\" alt=\"Museu del Suro, Palafrugell, Girona\" srcset=\"https:\/\/www.elturistatranquil.com\/wp-content\/uploads\/F21-Museu-del-Suro-Palafrugell-Girona.jpg 768w, https:\/\/www.elturistatranquil.com\/wp-content\/uploads\/F21-Museu-del-Suro-Palafrugell-Girona-339x226.jpg 339w\" sizes=\"(max-width: 768px) 100vw, 768px\" \/>\t\t\t\t\t\t\t\t\t\t\t<figcaption class=\"widget-image-caption wp-caption-text\"><\/figcaption>\n\t\t\t\t\t\t\t\t\t\t<\/figure>\n\t\t\t\t\t\t\t\t\t<\/div>\n\t\t\t\t<\/div>\n\t\t\t\t<div class=\"elementor-element elementor-element-c45c477 elementor-widget elementor-widget-image\" data-id=\"c45c477\" data-element_type=\"widget\" data-e-type=\"widget\" data-widget_type=\"image.default\">\n\t\t\t\t<div class=\"elementor-widget-container\">\n\t\t\t\t\t\t\t\t\t\t\t\t<figure class=\"wp-caption\">\n\t\t\t\t\t\t\t\t\t\t<img loading=\"lazy\" decoding=\"async\" width=\"768\" height=\"511\" src=\"https:\/\/www.elturistatranquil.com\/wp-content\/uploads\/F22-Museu-del-Suro-Palafrugell-Girona.jpg\" class=\"attachment-large size-large wp-image-34309\" alt=\"Museu del Suro, Palafrugell, Girona\" srcset=\"https:\/\/www.elturistatranquil.com\/wp-content\/uploads\/F22-Museu-del-Suro-Palafrugell-Girona.jpg 768w, https:\/\/www.elturistatranquil.com\/wp-content\/uploads\/F22-Museu-del-Suro-Palafrugell-Girona-339x226.jpg 339w\" sizes=\"(max-width: 768px) 100vw, 768px\" \/>\t\t\t\t\t\t\t\t\t\t\t<figcaption class=\"widget-image-caption wp-caption-text\"><\/figcaption>\n\t\t\t\t\t\t\t\t\t\t<\/figure>\n\t\t\t\t\t\t\t\t\t<\/div>\n\t\t\t\t<\/div>\n\t\t\t\t<div class=\"elementor-element elementor-element-a45bec1 elementor-widget elementor-widget-image\" data-id=\"a45bec1\" data-element_type=\"widget\" data-e-type=\"widget\" data-widget_type=\"image.default\">\n\t\t\t\t<div class=\"elementor-widget-container\">\n\t\t\t\t\t\t\t\t\t\t\t\t<figure class=\"wp-caption\">\n\t\t\t\t\t\t\t\t\t\t<img loading=\"lazy\" decoding=\"async\" width=\"768\" height=\"512\" src=\"https:\/\/www.elturistatranquil.com\/wp-content\/uploads\/F23-Museu-del-Suro-Palafrugell-Girona.jpg\" class=\"attachment-large size-large wp-image-34311\" alt=\"Museu del Suro, Palafrugell, Girona\" srcset=\"https:\/\/www.elturistatranquil.com\/wp-content\/uploads\/F23-Museu-del-Suro-Palafrugell-Girona.jpg 768w, https:\/\/www.elturistatranquil.com\/wp-content\/uploads\/F23-Museu-del-Suro-Palafrugell-Girona-339x226.jpg 339w\" sizes=\"(max-width: 768px) 100vw, 768px\" \/>\t\t\t\t\t\t\t\t\t\t\t<figcaption class=\"widget-image-caption wp-caption-text\"><\/figcaption>\n\t\t\t\t\t\t\t\t\t\t<\/figure>\n\t\t\t\t\t\t\t\t\t<\/div>\n\t\t\t\t<\/div>\n\t\t\t\t<div class=\"elementor-element elementor-element-bb464ec elementor-widget elementor-widget-menu-anchor\" data-id=\"bb464ec\" data-element_type=\"widget\" data-e-type=\"widget\" data-widget_type=\"menu-anchor.default\">\n\t\t\t\t<div class=\"elementor-widget-container\">\n\t\t\t\t\t\t\t<div class=\"elementor-menu-anchor\" id=\"b5210\"><\/div>\n\t\t\t\t\t\t<\/div>\n\t\t\t\t<\/div>\n\t\t\t\t<div class=\"elementor-element elementor-element-7280220 elementor-widget elementor-widget-text-editor\" data-id=\"7280220\" data-element_type=\"widget\" data-e-type=\"widget\" data-widget_type=\"text-editor.default\">\n\t\t\t\t<div class=\"elementor-widget-container\">\n\t\t\t\t\t\t\t\t\t<p>Les naus presenten dos nivells. La part muse\u00edstica ocupa els dos nivells de la nau nord. A la nau sud s\u2019hi ubiquen un auditori i una gran sala d\u2019exposicions temporals.<\/p>\t\t\t\t\t\t\t\t<\/div>\n\t\t\t\t<\/div>\n\t\t\t\t<div class=\"elementor-element elementor-element-3e266cf elementor-widget elementor-widget-heading\" data-id=\"3e266cf\" data-element_type=\"widget\" data-e-type=\"widget\" data-widget_type=\"heading.default\">\n\t\t\t\t<div class=\"elementor-widget-container\">\n\t\t\t\t\t<h3 class=\"elementor-heading-title elementor-size-default\">Planta baixa: Cork in progress<\/h3>\t\t\t\t<\/div>\n\t\t\t\t<\/div>\n\t\t\t\t<div class=\"elementor-element elementor-element-f717ba5 elementor-widget elementor-widget-text-editor\" data-id=\"f717ba5\" data-element_type=\"widget\" data-e-type=\"widget\" data-widget_type=\"text-editor.default\">\n\t\t\t\t<div class=\"elementor-widget-container\">\n\t\t\t\t\t\t\t\t\t<p>Un cop dins de l\u2019espai muse\u00edstic, al baixar a la planta baixa, es troba l\u2019espai <strong>Cork in progress<\/strong> (<strong>2<\/strong>), que reuneix l\u2019exposici\u00f3 permanent, que compren el bosc, la producci\u00f3 artesanal de taps i la evoluci\u00f3 de la posterior mecanitzaci\u00f3 per la fabricaci\u00f3 dels diversos derivats del suro.<\/p><p>La imatge seg\u00fcent mostra la que havia estat la funci\u00f3 industrial d\u2019aquest espai.<\/p>\t\t\t\t\t\t\t\t<\/div>\n\t\t\t\t<\/div>\n\t\t\t\t<div class=\"elementor-element elementor-element-8f63e33 elementor-widget elementor-widget-image\" data-id=\"8f63e33\" data-element_type=\"widget\" data-e-type=\"widget\" data-widget_type=\"image.default\">\n\t\t\t\t<div class=\"elementor-widget-container\">\n\t\t\t\t\t\t\t\t\t\t\t\t<figure class=\"wp-caption\">\n\t\t\t\t\t\t\t\t\t\t<img loading=\"lazy\" decoding=\"async\" width=\"768\" height=\"512\" src=\"https:\/\/www.elturistatranquil.com\/wp-content\/uploads\/F24-Museu-del-Suro-Palafrugell-Girona.jpg\" class=\"attachment-large size-large wp-image-34313\" alt=\"Museu del Suro, Palafrugell, Girona\" srcset=\"https:\/\/www.elturistatranquil.com\/wp-content\/uploads\/F24-Museu-del-Suro-Palafrugell-Girona.jpg 768w, https:\/\/www.elturistatranquil.com\/wp-content\/uploads\/F24-Museu-del-Suro-Palafrugell-Girona-339x226.jpg 339w\" sizes=\"(max-width: 768px) 100vw, 768px\" \/>\t\t\t\t\t\t\t\t\t\t\t<figcaption class=\"widget-image-caption wp-caption-text\"><\/figcaption>\n\t\t\t\t\t\t\t\t\t\t<\/figure>\n\t\t\t\t\t\t\t\t\t<\/div>\n\t\t\t\t<\/div>\n\t\t\t\t<div class=\"elementor-element elementor-element-fe93815 elementor-widget elementor-widget-image\" data-id=\"fe93815\" data-element_type=\"widget\" data-e-type=\"widget\" data-widget_type=\"image.default\">\n\t\t\t\t<div class=\"elementor-widget-container\">\n\t\t\t\t\t\t\t\t\t\t\t\t<figure class=\"wp-caption\">\n\t\t\t\t\t\t\t\t\t\t<img loading=\"lazy\" decoding=\"async\" width=\"768\" height=\"512\" src=\"https:\/\/www.elturistatranquil.com\/wp-content\/uploads\/F25-Museu-del-Suro-Palafrugell-Girona.-Foto-Museu-del-Suro.jpg\" class=\"attachment-large size-large wp-image-34315\" alt=\"Museu del Suro, Palafrugell, Girona. Foto-Museu del Suro\" srcset=\"https:\/\/www.elturistatranquil.com\/wp-content\/uploads\/F25-Museu-del-Suro-Palafrugell-Girona.-Foto-Museu-del-Suro.jpg 768w, https:\/\/www.elturistatranquil.com\/wp-content\/uploads\/F25-Museu-del-Suro-Palafrugell-Girona.-Foto-Museu-del-Suro-339x226.jpg 339w\" sizes=\"(max-width: 768px) 100vw, 768px\" \/>\t\t\t\t\t\t\t\t\t\t\t<figcaption class=\"widget-image-caption wp-caption-text\">(Foto: Museu del Suro)<\/figcaption>\n\t\t\t\t\t\t\t\t\t\t<\/figure>\n\t\t\t\t\t\t\t\t\t<\/div>\n\t\t\t\t<\/div>\n\t\t\t\t<div class=\"elementor-element elementor-element-5bff845f elementor-widget elementor-widget-heading\" data-id=\"5bff845f\" data-element_type=\"widget\" data-e-type=\"widget\" data-widget_type=\"heading.default\">\n\t\t\t\t<div class=\"elementor-widget-container\">\n\t\t\t\t\t<h4 class=\"elementor-heading-title elementor-size-default\"> D\u2019uns boscos, una manufactura<\/h4>\t\t\t\t<\/div>\n\t\t\t\t<\/div>\n\t\t\t\t<div class=\"elementor-element elementor-element-ab309e5 elementor-widget elementor-widget-text-editor\" data-id=\"ab309e5\" data-element_type=\"widget\" data-e-type=\"widget\" data-widget_type=\"text-editor.default\">\n\t\t\t\t<div class=\"elementor-widget-container\">\n\t\t\t\t\t\t\t\t\t<p>Com sabem, el suro s\u2019ha fer servir des de temps immemorials. Al segle V aC, els grecs ja feien servir taps de suro per tapar les \u00e0mfores de vi, com van continuar fent-ho els romans.<\/p><p>A les zones properes a les sureres el suro sempre va tenint diverses aplicacions.<\/p><p>A partir del segle XVIII, unes noves ampolles de vidre s\u00f3n capaces de resistir el transport, el que va comportar la demanda de taps destinats a aquestes ampolles, sobretot per embotellar vi i, en menor quantitat, xampany.<\/p><p>El proc\u00e9s s\u2019inicia a la sureda amb l\u2019extracci\u00f3 de l\u2019escor\u00e7a de les alzines sureres.<\/p>\t\t\t\t\t\t\t\t<\/div>\n\t\t\t\t<\/div>\n\t\t\t\t<div class=\"elementor-element elementor-element-45c89a1 elementor-widget elementor-widget-image\" data-id=\"45c89a1\" data-element_type=\"widget\" data-e-type=\"widget\" data-widget_type=\"image.default\">\n\t\t\t\t<div class=\"elementor-widget-container\">\n\t\t\t\t\t\t\t\t\t\t\t\t<figure class=\"wp-caption\">\n\t\t\t\t\t\t\t\t\t\t<img loading=\"lazy\" decoding=\"async\" width=\"768\" height=\"511\" src=\"https:\/\/www.elturistatranquil.com\/wp-content\/uploads\/F26-Museu-del-Suro-Palafrugell-Girona.jpg\" class=\"attachment-large size-large wp-image-34317\" alt=\"Museu del Suro, Palafrugell, Girona\" srcset=\"https:\/\/www.elturistatranquil.com\/wp-content\/uploads\/F26-Museu-del-Suro-Palafrugell-Girona.jpg 768w, https:\/\/www.elturistatranquil.com\/wp-content\/uploads\/F26-Museu-del-Suro-Palafrugell-Girona-339x226.jpg 339w\" sizes=\"(max-width: 768px) 100vw, 768px\" \/>\t\t\t\t\t\t\t\t\t\t\t<figcaption class=\"widget-image-caption wp-caption-text\"><\/figcaption>\n\t\t\t\t\t\t\t\t\t\t<\/figure>\n\t\t\t\t\t\t\t\t\t<\/div>\n\t\t\t\t<\/div>\n\t\t\t\t<div class=\"elementor-element elementor-element-7b253d8 elementor-widget elementor-widget-text-editor\" data-id=\"7b253d8\" data-element_type=\"widget\" data-e-type=\"widget\" data-widget_type=\"text-editor.default\">\n\t\t\t\t<div class=\"elementor-widget-container\">\n\t\t\t\t\t\t\t\t\t<p>A continuaci\u00f3, es trasllada a les f\u00e0briques per al seu condicionament per a poder-ne obtenir els taps de suro i altres manufacturats.<\/p><p>A la f\u00e0brica, despr\u00e9s d\u2019una primera tria de qualitat de les pannes obtingudes de l\u2019arbre, es preparen els fardell per ser sotmesos a un proc\u00e9s de condicionament, en el que interv\u00e9 la <strong>premsa d\u2019enfardar<\/strong>.<\/p>\t\t\t\t\t\t\t\t<\/div>\n\t\t\t\t<\/div>\n\t\t\t\t<div class=\"elementor-element elementor-element-65e23a9 elementor-widget elementor-widget-image\" data-id=\"65e23a9\" data-element_type=\"widget\" data-e-type=\"widget\" data-widget_type=\"image.default\">\n\t\t\t\t<div class=\"elementor-widget-container\">\n\t\t\t\t\t\t\t\t\t\t\t\t<figure class=\"wp-caption\">\n\t\t\t\t\t\t\t\t\t\t<img loading=\"lazy\" decoding=\"async\" width=\"768\" height=\"512\" src=\"https:\/\/www.elturistatranquil.com\/wp-content\/uploads\/F27-Museu-del-Suro-Palafrugell-Girona.jpg\" class=\"attachment-large size-large wp-image-34319\" alt=\"Museu del Suro, Palafrugell, Girona\" srcset=\"https:\/\/www.elturistatranquil.com\/wp-content\/uploads\/F27-Museu-del-Suro-Palafrugell-Girona.jpg 768w, https:\/\/www.elturistatranquil.com\/wp-content\/uploads\/F27-Museu-del-Suro-Palafrugell-Girona-339x226.jpg 339w\" sizes=\"(max-width: 768px) 100vw, 768px\" \/>\t\t\t\t\t\t\t\t\t\t\t<figcaption class=\"widget-image-caption wp-caption-text\"><\/figcaption>\n\t\t\t\t\t\t\t\t\t\t<\/figure>\n\t\t\t\t\t\t\t\t\t<\/div>\n\t\t\t\t<\/div>\n\t\t\t\t<div class=\"elementor-element elementor-element-56ee2f9 elementor-widget elementor-widget-text-editor\" data-id=\"56ee2f9\" data-element_type=\"widget\" data-e-type=\"widget\" data-widget_type=\"text-editor.default\">\n\t\t\t\t<div class=\"elementor-widget-container\">\n\t\t\t\t\t\t\t\t\t<p>En els inicis, l\u2019aprofitament del suro era destinat fonamentalment a la producci\u00f3 de taps de forma artesanal. Progressivament aquest proc\u00e9s s\u2019anir\u00e0 mecanitzant.<\/p>\t\t\t\t\t\t\t\t<\/div>\n\t\t\t\t<\/div>\n\t\t\t\t<div class=\"elementor-element elementor-element-1459b4b elementor-widget elementor-widget-image\" data-id=\"1459b4b\" data-element_type=\"widget\" data-e-type=\"widget\" data-widget_type=\"image.default\">\n\t\t\t\t<div class=\"elementor-widget-container\">\n\t\t\t\t\t\t\t\t\t\t\t\t<figure class=\"wp-caption\">\n\t\t\t\t\t\t\t\t\t\t<img loading=\"lazy\" decoding=\"async\" width=\"768\" height=\"512\" src=\"https:\/\/www.elturistatranquil.com\/wp-content\/uploads\/F28-Museu-del-Suro-Palafrugell-Girona.jpg\" class=\"attachment-large size-large wp-image-34321\" alt=\"Museu del Suro, Palafrugell, Girona\" srcset=\"https:\/\/www.elturistatranquil.com\/wp-content\/uploads\/F28-Museu-del-Suro-Palafrugell-Girona.jpg 768w, https:\/\/www.elturistatranquil.com\/wp-content\/uploads\/F28-Museu-del-Suro-Palafrugell-Girona-339x226.jpg 339w\" sizes=\"(max-width: 768px) 100vw, 768px\" \/>\t\t\t\t\t\t\t\t\t\t\t<figcaption class=\"widget-image-caption wp-caption-text\"><\/figcaption>\n\t\t\t\t\t\t\t\t\t\t<\/figure>\n\t\t\t\t\t\t\t\t\t<\/div>\n\t\t\t\t<\/div>\n\t\t\t\t<div class=\"elementor-element elementor-element-a53ddae elementor-widget elementor-widget-text-editor\" data-id=\"a53ddae\" data-element_type=\"widget\" data-e-type=\"widget\" data-widget_type=\"text-editor.default\">\n\t\t\t\t<div class=\"elementor-widget-container\">\n\t\t\t\t\t\t\t\t\t<p>Una vegada condicionades les plaques de suro, corresponia als carradors extreure la m\u00e0xima quantitat de carracs de cada llesca de suro.<\/p><p>Per llescar, carrar i fer taps es servien de diversos ganivets. Primer el carrador tallava els carracs (prismes quadrangulars), i despr\u00e9s el taper els arrodonia manualment per obtenir els taps, i podien arribar a fer-ne fins a 2.000 en un dia.<\/p>\t\t\t\t\t\t\t\t<\/div>\n\t\t\t\t<\/div>\n\t\t\t\t<div class=\"elementor-element elementor-element-77baead elementor-widget elementor-widget-image\" data-id=\"77baead\" data-element_type=\"widget\" data-e-type=\"widget\" data-widget_type=\"image.default\">\n\t\t\t\t<div class=\"elementor-widget-container\">\n\t\t\t\t\t\t\t\t\t\t\t\t<figure class=\"wp-caption\">\n\t\t\t\t\t\t\t\t\t\t<img loading=\"lazy\" decoding=\"async\" width=\"768\" height=\"511\" src=\"https:\/\/www.elturistatranquil.com\/wp-content\/uploads\/F29a-Museu-del-Suro-Palafrugell-Girona.jpg\" class=\"attachment-large size-large wp-image-34323\" alt=\"Museu del Suro, Palafrugell, Girona\" srcset=\"https:\/\/www.elturistatranquil.com\/wp-content\/uploads\/F29a-Museu-del-Suro-Palafrugell-Girona.jpg 768w, https:\/\/www.elturistatranquil.com\/wp-content\/uploads\/F29a-Museu-del-Suro-Palafrugell-Girona-339x226.jpg 339w\" sizes=\"(max-width: 768px) 100vw, 768px\" \/>\t\t\t\t\t\t\t\t\t\t\t<figcaption class=\"widget-image-caption wp-caption-text\"><\/figcaption>\n\t\t\t\t\t\t\t\t\t\t<\/figure>\n\t\t\t\t\t\t\t\t\t<\/div>\n\t\t\t\t<\/div>\n\t\t\t\t<div class=\"elementor-element elementor-element-a5430ea elementor-widget elementor-widget-image\" data-id=\"a5430ea\" data-element_type=\"widget\" data-e-type=\"widget\" data-widget_type=\"image.default\">\n\t\t\t\t<div class=\"elementor-widget-container\">\n\t\t\t\t\t\t\t\t\t\t\t\t<figure class=\"wp-caption\">\n\t\t\t\t\t\t\t\t\t\t<img loading=\"lazy\" decoding=\"async\" width=\"768\" height=\"512\" src=\"https:\/\/www.elturistatranquil.com\/wp-content\/uploads\/F29b-Museu-del-Suro-Palafrugell-Girona.jpg\" class=\"attachment-large size-large wp-image-34325\" alt=\"Museu del Suro, Palafrugell, Girona\" srcset=\"https:\/\/www.elturistatranquil.com\/wp-content\/uploads\/F29b-Museu-del-Suro-Palafrugell-Girona.jpg 768w, https:\/\/www.elturistatranquil.com\/wp-content\/uploads\/F29b-Museu-del-Suro-Palafrugell-Girona-339x226.jpg 339w\" sizes=\"(max-width: 768px) 100vw, 768px\" \/>\t\t\t\t\t\t\t\t\t\t\t<figcaption class=\"widget-image-caption wp-caption-text\"><\/figcaption>\n\t\t\t\t\t\t\t\t\t\t<\/figure>\n\t\t\t\t\t\t\t\t\t<\/div>\n\t\t\t\t<\/div>\n\t\t\t\t<div class=\"elementor-element elementor-element-155c1c1 elementor-widget elementor-widget-text-editor\" data-id=\"155c1c1\" data-element_type=\"widget\" data-e-type=\"widget\" data-widget_type=\"text-editor.default\">\n\t\t\t\t<div class=\"elementor-widget-container\">\n\t\t\t\t\t\t\t\t\t<p>Al tinar es dipositaven els residus de suro despr\u00e9s de tallar els carracs, com aquest <strong>tinar per a quatre carradors<\/strong>.<\/p>\t\t\t\t\t\t\t\t<\/div>\n\t\t\t\t<\/div>\n\t\t\t\t<div class=\"elementor-element elementor-element-9167dcf elementor-widget elementor-widget-image\" data-id=\"9167dcf\" data-element_type=\"widget\" data-e-type=\"widget\" data-widget_type=\"image.default\">\n\t\t\t\t<div class=\"elementor-widget-container\">\n\t\t\t\t\t\t\t\t\t\t\t\t<figure class=\"wp-caption\">\n\t\t\t\t\t\t\t\t\t\t<img loading=\"lazy\" decoding=\"async\" width=\"768\" height=\"511\" src=\"https:\/\/www.elturistatranquil.com\/wp-content\/uploads\/F30-Museu-del-Suro-Palafrugell-Girona.jpg\" class=\"attachment-large size-large wp-image-34327\" alt=\"Museu del Suro, Palafrugell, Girona\" srcset=\"https:\/\/www.elturistatranquil.com\/wp-content\/uploads\/F30-Museu-del-Suro-Palafrugell-Girona.jpg 768w, https:\/\/www.elturistatranquil.com\/wp-content\/uploads\/F30-Museu-del-Suro-Palafrugell-Girona-339x226.jpg 339w\" sizes=\"(max-width: 768px) 100vw, 768px\" \/>\t\t\t\t\t\t\t\t\t\t\t<figcaption class=\"widget-image-caption wp-caption-text\"><\/figcaption>\n\t\t\t\t\t\t\t\t\t\t<\/figure>\n\t\t\t\t\t\t\t\t\t<\/div>\n\t\t\t\t<\/div>\n\t\t\t\t<div class=\"elementor-element elementor-element-4a32cee elementor-widget elementor-widget-text-editor\" data-id=\"4a32cee\" data-element_type=\"widget\" data-e-type=\"widget\" data-widget_type=\"text-editor.default\">\n\t\t\t\t<div class=\"elementor-widget-container\">\n\t\t\t\t\t\t\t\t\t<p>Els que donaven la forma definitiva al tap de xampany eren els repassadors de trefins, els millors tapers i, per tant, els m\u00e9s ben pagats. Aquesta feina requeria una habilitat innata, un llarg aprenentatge i molta rapidesa, ja que un taper per guanyar-se la vida havia de ser capa\u00e7 de fer entre 1.000 i 1.500 taps al dia.<\/p>\t\t\t\t\t\t\t\t<\/div>\n\t\t\t\t<\/div>\n\t\t\t\t<div class=\"elementor-element elementor-element-c795fe0 elementor-widget elementor-widget-image\" data-id=\"c795fe0\" data-element_type=\"widget\" data-e-type=\"widget\" data-widget_type=\"image.default\">\n\t\t\t\t<div class=\"elementor-widget-container\">\n\t\t\t\t\t\t\t\t\t\t\t\t<figure class=\"wp-caption\">\n\t\t\t\t\t\t\t\t\t\t<img loading=\"lazy\" decoding=\"async\" width=\"768\" height=\"512\" src=\"https:\/\/www.elturistatranquil.com\/wp-content\/uploads\/F31-Museu-del-Suro-Palafrugell-Girona.jpg\" class=\"attachment-large size-large wp-image-34329\" alt=\"Museu del Suro, Palafrugell, Girona\" srcset=\"https:\/\/www.elturistatranquil.com\/wp-content\/uploads\/F31-Museu-del-Suro-Palafrugell-Girona.jpg 768w, https:\/\/www.elturistatranquil.com\/wp-content\/uploads\/F31-Museu-del-Suro-Palafrugell-Girona-339x226.jpg 339w\" sizes=\"(max-width: 768px) 100vw, 768px\" \/>\t\t\t\t\t\t\t\t\t\t\t<figcaption class=\"widget-image-caption wp-caption-text\"><\/figcaption>\n\t\t\t\t\t\t\t\t\t\t<\/figure>\n\t\t\t\t\t\t\t\t\t<\/div>\n\t\t\t\t<\/div>\n\t\t\t\t<div class=\"elementor-element elementor-element-f1c7ec3 elementor-widget elementor-widget-heading\" data-id=\"f1c7ec3\" data-element_type=\"widget\" data-e-type=\"widget\" data-widget_type=\"heading.default\">\n\t\t\t\t<div class=\"elementor-widget-container\">\n\t\t\t\t\t<h4 class=\"elementor-heading-title elementor-size-default\">La progressiva mecanitzaci\u00f3 d'un proc\u00e9s artesanal <\/h4>\t\t\t\t<\/div>\n\t\t\t\t<\/div>\n\t\t\t\t<div class=\"elementor-element elementor-element-abd0ad0 elementor-widget elementor-widget-text-editor\" data-id=\"abd0ad0\" data-element_type=\"widget\" data-e-type=\"widget\" data-widget_type=\"text-editor.default\">\n\t\t\t\t<div class=\"elementor-widget-container\">\n\t\t\t\t\t\t\t\t\t<p>A partir de 1880 es van comen\u00e7ar a implantar amb \u00e8xit les primeres m\u00e0quines mogudes manualment, que reprodu\u00efen els processos d\u2019elaboraci\u00f3 artesanal, amb el conseq\u00fcent increment de productivitat.<\/p><p>Aquesta mecanitzaci\u00f3 va suposar el trencament de l\u2019aprenentatge tradicional i el principi del treball femen\u00ed a les f\u00e0briques. Es considerava que les dones tenien m\u00e9s disciplina laboral, i tamb\u00e9 que cobraven 1\/3 menys que els homes.<\/p><p>El treball dels tapers artesanal va quedar redu\u00eft a la producci\u00f3 de taps de gran qualitat.<\/p>\t\t\t\t\t\t\t\t<\/div>\n\t\t\t\t<\/div>\n\t\t\t\t<div class=\"elementor-element elementor-element-8176fd4 elementor-widget elementor-widget-image\" data-id=\"8176fd4\" data-element_type=\"widget\" data-e-type=\"widget\" data-widget_type=\"image.default\">\n\t\t\t\t<div class=\"elementor-widget-container\">\n\t\t\t\t\t\t\t\t\t\t\t\t<figure class=\"wp-caption\">\n\t\t\t\t\t\t\t\t\t\t<img loading=\"lazy\" decoding=\"async\" width=\"768\" height=\"511\" src=\"https:\/\/www.elturistatranquil.com\/wp-content\/uploads\/F32-Museu-del-Suro-Palafrugell-Girona.jpg\" class=\"attachment-large size-large wp-image-34331\" alt=\"Museu del Suro, Palafrugell, Girona\" srcset=\"https:\/\/www.elturistatranquil.com\/wp-content\/uploads\/F32-Museu-del-Suro-Palafrugell-Girona.jpg 768w, https:\/\/www.elturistatranquil.com\/wp-content\/uploads\/F32-Museu-del-Suro-Palafrugell-Girona-339x226.jpg 339w\" sizes=\"(max-width: 768px) 100vw, 768px\" \/>\t\t\t\t\t\t\t\t\t\t\t<figcaption class=\"widget-image-caption wp-caption-text\"><\/figcaption>\n\t\t\t\t\t\t\t\t\t\t<\/figure>\n\t\t\t\t\t\t\t\t\t<\/div>\n\t\t\t\t<\/div>\n\t\t\t\t<div class=\"elementor-element elementor-element-f364a99 elementor-widget elementor-widget-image\" data-id=\"f364a99\" data-element_type=\"widget\" data-e-type=\"widget\" data-widget_type=\"image.default\">\n\t\t\t\t<div class=\"elementor-widget-container\">\n\t\t\t\t\t\t\t\t\t\t\t\t<figure class=\"wp-caption\">\n\t\t\t\t\t\t\t\t\t\t<img loading=\"lazy\" decoding=\"async\" width=\"768\" height=\"512\" src=\"https:\/\/www.elturistatranquil.com\/wp-content\/uploads\/F33-Museu-del-Suro-Palafrugell-Girona.jpg\" class=\"attachment-large size-large wp-image-34333\" alt=\"Museu del Suro, Palafrugell, Girona\" srcset=\"https:\/\/www.elturistatranquil.com\/wp-content\/uploads\/F33-Museu-del-Suro-Palafrugell-Girona.jpg 768w, https:\/\/www.elturistatranquil.com\/wp-content\/uploads\/F33-Museu-del-Suro-Palafrugell-Girona-339x226.jpg 339w\" sizes=\"(max-width: 768px) 100vw, 768px\" \/>\t\t\t\t\t\t\t\t\t\t\t<figcaption class=\"widget-image-caption wp-caption-text\">M\u00e0quina de carrar <\/figcaption>\n\t\t\t\t\t\t\t\t\t\t<\/figure>\n\t\t\t\t\t\t\t\t\t<\/div>\n\t\t\t\t<\/div>\n\t\t\t\t<div class=\"elementor-element elementor-element-4d54fd1 elementor-widget elementor-widget-image\" data-id=\"4d54fd1\" data-element_type=\"widget\" data-e-type=\"widget\" data-widget_type=\"image.default\">\n\t\t\t\t<div class=\"elementor-widget-container\">\n\t\t\t\t\t\t\t\t\t\t\t\t<figure class=\"wp-caption\">\n\t\t\t\t\t\t\t\t\t\t<img loading=\"lazy\" decoding=\"async\" width=\"768\" height=\"511\" src=\"https:\/\/www.elturistatranquil.com\/wp-content\/uploads\/F34-Museu-del-Suro-Palafrugell-Girona.jpg\" class=\"attachment-large size-large wp-image-34335\" alt=\"Museu del Suro, Palafrugell, Girona\" srcset=\"https:\/\/www.elturistatranquil.com\/wp-content\/uploads\/F34-Museu-del-Suro-Palafrugell-Girona.jpg 768w, https:\/\/www.elturistatranquil.com\/wp-content\/uploads\/F34-Museu-del-Suro-Palafrugell-Girona-339x226.jpg 339w\" sizes=\"(max-width: 768px) 100vw, 768px\" \/>\t\t\t\t\t\t\t\t\t\t\t<figcaption class=\"widget-image-caption wp-caption-text\">M\u00e0quina de ribot <\/figcaption>\n\t\t\t\t\t\t\t\t\t\t<\/figure>\n\t\t\t\t\t\t\t\t\t<\/div>\n\t\t\t\t<\/div>\n\t\t\t\t<div class=\"elementor-element elementor-element-522b89c elementor-widget elementor-widget-text-editor\" data-id=\"522b89c\" data-element_type=\"widget\" data-e-type=\"widget\" data-widget_type=\"text-editor.default\">\n\t\t\t\t<div class=\"elementor-widget-container\">\n\t\t\t\t\t\t\t\t\t<p>Abans d\u2019enviar els taps al client s\u2019havia de procedir a la selecci\u00f3 per qualitats, al rentat per garantir la higiene, al marcat que identificava al comprador (i, a vegades, a l\u2019industrial surer) i, finalment, al recompte per a la facturaci\u00f3.<\/p><p>El rentat, a banda de la higiene, tamb\u00e9 es podia aprofitar per donar diverses coloracions al suro, rentant-lo en blanc o en vermell.<\/p>\t\t\t\t\t\t\t\t<\/div>\n\t\t\t\t<\/div>\n\t\t\t\t<div class=\"elementor-element elementor-element-488429c elementor-widget elementor-widget-image\" data-id=\"488429c\" data-element_type=\"widget\" data-e-type=\"widget\" data-widget_type=\"image.default\">\n\t\t\t\t<div class=\"elementor-widget-container\">\n\t\t\t\t\t\t\t\t\t\t\t\t<figure class=\"wp-caption\">\n\t\t\t\t\t\t\t\t\t\t<img loading=\"lazy\" decoding=\"async\" width=\"768\" height=\"512\" src=\"https:\/\/www.elturistatranquil.com\/wp-content\/uploads\/F35-Museu-del-Suro-Palafrugell-Girona.jpg\" class=\"attachment-large size-large wp-image-34337\" alt=\"Museu del Suro, Palafrugell, Girona\" srcset=\"https:\/\/www.elturistatranquil.com\/wp-content\/uploads\/F35-Museu-del-Suro-Palafrugell-Girona.jpg 768w, https:\/\/www.elturistatranquil.com\/wp-content\/uploads\/F35-Museu-del-Suro-Palafrugell-Girona-339x226.jpg 339w\" sizes=\"(max-width: 768px) 100vw, 768px\" \/>\t\t\t\t\t\t\t\t\t\t\t<figcaption class=\"widget-image-caption wp-caption-text\">Tinar de rentar amb salabret<\/figcaption>\n\t\t\t\t\t\t\t\t\t\t<\/figure>\n\t\t\t\t\t\t\t\t\t<\/div>\n\t\t\t\t<\/div>\n\t\t\t\t<div class=\"elementor-element elementor-element-de192e4 elementor-widget elementor-widget-image\" data-id=\"de192e4\" data-element_type=\"widget\" data-e-type=\"widget\" data-widget_type=\"image.default\">\n\t\t\t\t<div class=\"elementor-widget-container\">\n\t\t\t\t\t\t\t\t\t\t\t\t<figure class=\"wp-caption\">\n\t\t\t\t\t\t\t\t\t\t<img loading=\"lazy\" decoding=\"async\" width=\"768\" height=\"512\" src=\"https:\/\/www.elturistatranquil.com\/wp-content\/uploads\/F36-Museu-del-Suro-Palafrugell-Girona.jpg\" class=\"attachment-large size-large wp-image-34339\" alt=\"Museu del Suro, Palafrugell, Girona\" srcset=\"https:\/\/www.elturistatranquil.com\/wp-content\/uploads\/F36-Museu-del-Suro-Palafrugell-Girona.jpg 768w, https:\/\/www.elturistatranquil.com\/wp-content\/uploads\/F36-Museu-del-Suro-Palafrugell-Girona-339x226.jpg 339w\" sizes=\"(max-width: 768px) 100vw, 768px\" \/>\t\t\t\t\t\t\t\t\t\t\t<figcaption class=\"widget-image-caption wp-caption-text\">M\u00e0quina de marcar a foc els taps: logotips que demana l\u2019embotellador o tamb\u00e9 el productor del tap <\/figcaption>\n\t\t\t\t\t\t\t\t\t\t<\/figure>\n\t\t\t\t\t\t\t\t\t<\/div>\n\t\t\t\t<\/div>\n\t\t\t\t<div class=\"elementor-element elementor-element-df8292a elementor-widget elementor-widget-image\" data-id=\"df8292a\" data-element_type=\"widget\" data-e-type=\"widget\" data-widget_type=\"image.default\">\n\t\t\t\t<div class=\"elementor-widget-container\">\n\t\t\t\t\t\t\t\t\t\t\t\t<figure class=\"wp-caption\">\n\t\t\t\t\t\t\t\t\t\t<img loading=\"lazy\" decoding=\"async\" width=\"768\" height=\"511\" src=\"https:\/\/www.elturistatranquil.com\/wp-content\/uploads\/F37-Museu-del-Suro-Palafrugell-Girona.jpg\" class=\"attachment-large size-large wp-image-34341\" alt=\"Museu del Suro, Palafrugell, Girona\" srcset=\"https:\/\/www.elturistatranquil.com\/wp-content\/uploads\/F37-Museu-del-Suro-Palafrugell-Girona.jpg 768w, https:\/\/www.elturistatranquil.com\/wp-content\/uploads\/F37-Museu-del-Suro-Palafrugell-Girona-339x226.jpg 339w\" sizes=\"(max-width: 768px) 100vw, 768px\" \/>\t\t\t\t\t\t\t\t\t\t\t<figcaption class=\"widget-image-caption wp-caption-text\">M\u00e0quina de comptar taps <\/figcaption>\n\t\t\t\t\t\t\t\t\t\t<\/figure>\n\t\t\t\t\t\t\t\t\t<\/div>\n\t\t\t\t<\/div>\n\t\t\t\t<div class=\"elementor-element elementor-element-5ef6069 elementor-widget elementor-widget-heading\" data-id=\"5ef6069\" data-element_type=\"widget\" data-e-type=\"widget\" data-widget_type=\"heading.default\">\n\t\t\t\t<div class=\"elementor-widget-container\">\n\t\t\t\t\t<h4 class=\"elementor-heading-title elementor-size-default\">Amb l\u2019energia el\u00e8ctrica, la plena mecanitzaci\u00f3 <\/h4>\t\t\t\t<\/div>\n\t\t\t\t<\/div>\n\t\t\t\t<div class=\"elementor-element elementor-element-5fdb06d elementor-widget elementor-widget-text-editor\" data-id=\"5fdb06d\" data-element_type=\"widget\" data-e-type=\"widget\" data-widget_type=\"text-editor.default\">\n\t\t\t\t<div class=\"elementor-widget-container\">\n\t\t\t\t\t\t\t\t\t<p>La generalitzaci\u00f3 de l&#8217;\u00fas de maquin\u00e0ria moguda amb for\u00e7a motriu es comen\u00e7\u00e0 a donar en el pas del segle XIX al XX, quedant consolidada despr\u00e9s de la Primera Guerra Mundial. Aquesta nova mecanitzaci\u00f3 transform\u00e0 el proc\u00e9s de producci\u00f3 dels taps, portant a l&#8217;extinci\u00f3 alguns processos tradicionals.<\/p><p>Les innovacions realitzades a l&#8217;estranger s&#8217;anaven incorporant a Catalunya. Antics tallers de ferrers veieren una possibilitat nova de negoci, primer reparant i despr\u00e9s fent m\u00e0quines pel suro. Amb els anys, \u00e9s va crear una aut\u00e8ntica ind\u00fastria mec\u00e0nica que donava servei al sector surer a escala internacional i que, al costat dels enginyers de les ind\u00fastries, acab\u00e0 destacant per la seva capacitat d&#8217;innovaci\u00f3 i qualitat de producci\u00f3.<\/p>\t\t\t\t\t\t\t\t<\/div>\n\t\t\t\t<\/div>\n\t\t\t\t<div class=\"elementor-element elementor-element-2c4e4ff elementor-widget elementor-widget-image\" data-id=\"2c4e4ff\" data-element_type=\"widget\" data-e-type=\"widget\" data-widget_type=\"image.default\">\n\t\t\t\t<div class=\"elementor-widget-container\">\n\t\t\t\t\t\t\t\t\t\t\t\t<figure class=\"wp-caption\">\n\t\t\t\t\t\t\t\t\t\t<img loading=\"lazy\" decoding=\"async\" width=\"768\" height=\"511\" src=\"https:\/\/www.elturistatranquil.com\/wp-content\/uploads\/F38-Museu-del-Suro-Palafrugell-Girona.jpg\" class=\"attachment-large size-large wp-image-34347\" alt=\"Museu del Suro, Palafrugell, Girona\" srcset=\"https:\/\/www.elturistatranquil.com\/wp-content\/uploads\/F38-Museu-del-Suro-Palafrugell-Girona.jpg 768w, https:\/\/www.elturistatranquil.com\/wp-content\/uploads\/F38-Museu-del-Suro-Palafrugell-Girona-339x226.jpg 339w\" sizes=\"(max-width: 768px) 100vw, 768px\" \/>\t\t\t\t\t\t\t\t\t\t\t<figcaption class=\"widget-image-caption wp-caption-text\">M\u00e0quina de llescar i M\u00e0quina de barrina <\/figcaption>\n\t\t\t\t\t\t\t\t\t\t<\/figure>\n\t\t\t\t\t\t\t\t\t<\/div>\n\t\t\t\t<\/div>\n\t\t\t\t<div class=\"elementor-element elementor-element-ce567a1 elementor-widget elementor-widget-image\" data-id=\"ce567a1\" data-element_type=\"widget\" data-e-type=\"widget\" data-widget_type=\"image.default\">\n\t\t\t\t<div class=\"elementor-widget-container\">\n\t\t\t\t\t\t\t\t\t\t\t\t<figure class=\"wp-caption\">\n\t\t\t\t\t\t\t\t\t\t<img loading=\"lazy\" decoding=\"async\" width=\"768\" height=\"511\" src=\"https:\/\/www.elturistatranquil.com\/wp-content\/uploads\/F39-Museu-del-Suro-Palafrugell-Girona.jpg\" class=\"attachment-large size-large wp-image-34349\" alt=\"Museu del Suro, Palafrugell, Girona\" srcset=\"https:\/\/www.elturistatranquil.com\/wp-content\/uploads\/F39-Museu-del-Suro-Palafrugell-Girona.jpg 768w, https:\/\/www.elturistatranquil.com\/wp-content\/uploads\/F39-Museu-del-Suro-Palafrugell-Girona-339x226.jpg 339w\" sizes=\"(max-width: 768px) 100vw, 768px\" \/>\t\t\t\t\t\t\t\t\t\t\t<figcaption class=\"widget-image-caption wp-caption-text\">M\u00e0quina de fer tires i Metralladora de discos (podia arribar a fer 150.000 discos per hora)<\/figcaption>\n\t\t\t\t\t\t\t\t\t\t<\/figure>\n\t\t\t\t\t\t\t\t\t<\/div>\n\t\t\t\t<\/div>\n\t\t\t\t<section class=\"elementor-section elementor-inner-section elementor-element elementor-element-800586d elementor-section-boxed elementor-section-height-default elementor-section-height-default\" data-id=\"800586d\" data-element_type=\"section\" data-e-type=\"section\">\n\t\t\t\t\t\t<div class=\"elementor-container elementor-column-gap-default\">\n\t\t\t\t\t<div class=\"elementor-column elementor-col-50 elementor-inner-column elementor-element elementor-element-0a5d4a8\" data-id=\"0a5d4a8\" data-element_type=\"column\" data-e-type=\"column\">\n\t\t\t<div class=\"elementor-widget-wrap elementor-element-populated\">\n\t\t\t\t\t\t<div class=\"elementor-element elementor-element-8f116f7 elementor-widget elementor-widget-image\" data-id=\"8f116f7\" data-element_type=\"widget\" data-e-type=\"widget\" data-widget_type=\"image.default\">\n\t\t\t\t<div class=\"elementor-widget-container\">\n\t\t\t\t\t\t\t\t\t\t\t\t<figure class=\"wp-caption\">\n\t\t\t\t\t\t\t\t\t\t<img loading=\"lazy\" decoding=\"async\" width=\"366\" height=\"550\" src=\"https:\/\/www.elturistatranquil.com\/wp-content\/uploads\/F40m-Museu-del-Suro-Palafrugell-Girona.jpg\" class=\"attachment-large size-large wp-image-34351\" alt=\"Museu del Suro, Palafrugell, Girona\" srcset=\"https:\/\/www.elturistatranquil.com\/wp-content\/uploads\/F40m-Museu-del-Suro-Palafrugell-Girona.jpg 366w, https:\/\/www.elturistatranquil.com\/wp-content\/uploads\/F40m-Museu-del-Suro-Palafrugell-Girona-150x226.jpg 150w\" sizes=\"(max-width: 366px) 100vw, 366px\" \/>\t\t\t\t\t\t\t\t\t\t\t<figcaption class=\"widget-image-caption wp-caption-text\">M\u00e0quina d\u2019esmeril <\/figcaption>\n\t\t\t\t\t\t\t\t\t\t<\/figure>\n\t\t\t\t\t\t\t\t\t<\/div>\n\t\t\t\t<\/div>\n\t\t\t\t\t<\/div>\n\t\t<\/div>\n\t\t\t\t<div class=\"elementor-column elementor-col-50 elementor-inner-column elementor-element elementor-element-3cd06d6\" data-id=\"3cd06d6\" data-element_type=\"column\" data-e-type=\"column\">\n\t\t\t<div class=\"elementor-widget-wrap elementor-element-populated\">\n\t\t\t\t\t\t<div class=\"elementor-element elementor-element-e0f9f6a elementor-widget elementor-widget-image\" data-id=\"e0f9f6a\" data-element_type=\"widget\" data-e-type=\"widget\" data-widget_type=\"image.default\">\n\t\t\t\t<div class=\"elementor-widget-container\">\n\t\t\t\t\t\t\t\t\t\t\t\t<figure class=\"wp-caption\">\n\t\t\t\t\t\t\t\t\t\t<img loading=\"lazy\" decoding=\"async\" width=\"366\" height=\"550\" src=\"https:\/\/www.elturistatranquil.com\/wp-content\/uploads\/F40n-Museu-del-Suro-Palafrugell-Girona.jpg\" class=\"attachment-large size-large wp-image-34353\" alt=\"Museu del Suro, Palafrugell, Girona\" srcset=\"https:\/\/www.elturistatranquil.com\/wp-content\/uploads\/F40n-Museu-del-Suro-Palafrugell-Girona.jpg 366w, https:\/\/www.elturistatranquil.com\/wp-content\/uploads\/F40n-Museu-del-Suro-Palafrugell-Girona-150x226.jpg 150w\" sizes=\"(max-width: 366px) 100vw, 366px\" \/>\t\t\t\t\t\t\t\t\t\t\t<figcaption class=\"widget-image-caption wp-caption-text\">M\u00e0quina americana <\/figcaption>\n\t\t\t\t\t\t\t\t\t\t<\/figure>\n\t\t\t\t\t\t\t\t\t<\/div>\n\t\t\t\t<\/div>\n\t\t\t\t\t<\/div>\n\t\t<\/div>\n\t\t\t\t\t<\/div>\n\t\t<\/section>\n\t\t\t\t<div class=\"elementor-element elementor-element-62ffde9 elementor-widget elementor-widget-image\" data-id=\"62ffde9\" data-element_type=\"widget\" data-e-type=\"widget\" data-widget_type=\"image.default\">\n\t\t\t\t<div class=\"elementor-widget-container\">\n\t\t\t\t\t\t\t\t\t\t\t\t<figure class=\"wp-caption\">\n\t\t\t\t\t\t\t\t\t\t<img loading=\"lazy\" decoding=\"async\" width=\"768\" height=\"511\" src=\"https:\/\/www.elturistatranquil.com\/wp-content\/uploads\/F41-Museu-del-Suro-Palafrugell-Girona.jpg\" class=\"attachment-large size-large wp-image-34355\" alt=\"Museu del Suro, Palafrugell, Girona\" srcset=\"https:\/\/www.elturistatranquil.com\/wp-content\/uploads\/F41-Museu-del-Suro-Palafrugell-Girona.jpg 768w, https:\/\/www.elturistatranquil.com\/wp-content\/uploads\/F41-Museu-del-Suro-Palafrugell-Girona-339x226.jpg 339w\" sizes=\"(max-width: 768px) 100vw, 768px\" \/>\t\t\t\t\t\t\t\t\t\t\t<figcaption class=\"widget-image-caption wp-caption-text\">M\u00e0quina de calibrar <\/figcaption>\n\t\t\t\t\t\t\t\t\t\t<\/figure>\n\t\t\t\t\t\t\t\t\t<\/div>\n\t\t\t\t<\/div>\n\t\t\t\t<div class=\"elementor-element elementor-element-9956508 elementor-widget elementor-widget-heading\" data-id=\"9956508\" data-element_type=\"widget\" data-e-type=\"widget\" data-widget_type=\"heading.default\">\n\t\t\t\t<div class=\"elementor-widget-container\">\n\t\t\t\t\t<h4 class=\"elementor-heading-title elementor-size-default\">Els discos: Una compet\u00e8ncia efectiva al tradicional tap de suro<\/h4>\t\t\t\t<\/div>\n\t\t\t\t<\/div>\n\t\t\t\t<div class=\"elementor-element elementor-element-37f1215 elementor-widget elementor-widget-text-editor\" data-id=\"37f1215\" data-element_type=\"widget\" data-e-type=\"widget\" data-widget_type=\"text-editor.default\">\n\t\t\t\t<div class=\"elementor-widget-container\">\n\t\t\t\t\t\t\t\t\t<p>A l\u2019any 1892, als Estats Units, William Painter, invent\u00e0 un nou sistema de tapament que consistia en un cercle met\u00e0l\u00b7lic folrat en el seu interior per un disc de suro que aconseguia un tapament herm\u00e8tic. M\u00e9s endavant, el disc de suro natural s\u2019an\u00e0 substituint pel d\u2019aglomerat.<\/p><p>Els discos van ser una compet\u00e8ncia efectiva al tradicional tap de suro.<\/p><p>Fou usat massivament fins a la generalitzaci\u00f3 dels discos de materials pl\u00e0stics, en el darrer ter\u00e7 del segle XX.<\/p><p>Tot i que aquesta producci\u00f3 nasqu\u00e9 mecanitzada, necessitava de la participaci\u00f3 de gran quantitat de m\u00e0 d&#8217;obra en la fase de la tria, que es feia en m\u00e0quines de cinta.<\/p>\t\t\t\t\t\t\t\t<\/div>\n\t\t\t\t<\/div>\n\t\t\t\t<div class=\"elementor-element elementor-element-cdeae15 elementor-widget elementor-widget-image\" data-id=\"cdeae15\" data-element_type=\"widget\" data-e-type=\"widget\" data-widget_type=\"image.default\">\n\t\t\t\t<div class=\"elementor-widget-container\">\n\t\t\t\t\t\t\t\t\t\t\t\t<figure class=\"wp-caption\">\n\t\t\t\t\t\t\t\t\t\t<img loading=\"lazy\" decoding=\"async\" width=\"768\" height=\"512\" src=\"https:\/\/www.elturistatranquil.com\/wp-content\/uploads\/F42-Museu-del-Suro-Palafrugell-Girona.jpg\" class=\"attachment-large size-large wp-image-34357\" alt=\"Museu del Suro, Palafrugell, Girona\" srcset=\"https:\/\/www.elturistatranquil.com\/wp-content\/uploads\/F42-Museu-del-Suro-Palafrugell-Girona.jpg 768w, https:\/\/www.elturistatranquil.com\/wp-content\/uploads\/F42-Museu-del-Suro-Palafrugell-Girona-339x226.jpg 339w\" sizes=\"(max-width: 768px) 100vw, 768px\" \/>\t\t\t\t\t\t\t\t\t\t\t<figcaption class=\"widget-image-caption wp-caption-text\">M\u00e0quina de cinta per triar discos<\/figcaption>\n\t\t\t\t\t\t\t\t\t\t<\/figure>\n\t\t\t\t\t\t\t\t\t<\/div>\n\t\t\t\t<\/div>\n\t\t\t\t<div class=\"elementor-element elementor-element-26bc8f1 elementor-widget elementor-widget-heading\" data-id=\"26bc8f1\" data-element_type=\"widget\" data-e-type=\"widget\" data-widget_type=\"heading.default\">\n\t\t\t\t<div class=\"elementor-widget-container\">\n\t\t\t\t\t<h4 class=\"elementor-heading-title elementor-size-default\">Paper i llana... de suro? <\/h4>\t\t\t\t<\/div>\n\t\t\t\t<\/div>\n\t\t\t\t<div class=\"elementor-element elementor-element-be10d9e elementor-widget elementor-widget-text-editor\" data-id=\"be10d9e\" data-element_type=\"widget\" data-e-type=\"widget\" data-widget_type=\"text-editor.default\">\n\t\t\t\t<div class=\"elementor-widget-container\">\n\t\t\t\t\t\t\t\t\t<p>Hi ha const\u00e0ncia de la fabricaci\u00f3 de paper de suro a Dresden cap a 1880. A Catalunya aquesta fabricaci\u00f3 va ser introdu\u00efda el 1906 a la f\u00e0brica Miquel, Vincke &amp; Meyer amb la col\u00b7laboraci\u00f3 de l&#8217;enginyer angl\u00e8s John Lowman, qui havia desenvolupat una nova m\u00e0quina m\u00e9s eficient. Els fulls de suro laminat s&#8217;adherien a un suport de paper de ceba i es feien bobines destinades a folrar el filtre de les cigarretes. M\u00e9s tard, tamb\u00e9 es va fer paper de decoraci\u00f3, paper per imprimir i tela.<\/p><p>Un altre producte era l&#8217;anomenada llana de suro a gran escala. Va estar lligada al desenvolupament de la m\u00e0quina de paper, a les quals s&#8217;incorporava un dispositiu que ratllava els blocs de suro abans de laminar. La llana es va utilitzar \u00e0mpliament durant la Primera Guerra Mundial a les bodegues dels vaixells de c\u00e0rrega, perqu\u00e8 dorm\u00eds la tropa. Aquesta producci\u00f3 va durar fins a la d\u00e8cada de 1960, quan es va generalitzar l&#8217;\u00fas de materials sint\u00e8tics.<\/p>\t\t\t\t\t\t\t\t<\/div>\n\t\t\t\t<\/div>\n\t\t\t\t<div class=\"elementor-element elementor-element-e343792 elementor-widget elementor-widget-image\" data-id=\"e343792\" data-element_type=\"widget\" data-e-type=\"widget\" data-widget_type=\"image.default\">\n\t\t\t\t<div class=\"elementor-widget-container\">\n\t\t\t\t\t\t\t\t\t\t\t\t<figure class=\"wp-caption\">\n\t\t\t\t\t\t\t\t\t\t<img loading=\"lazy\" decoding=\"async\" width=\"768\" height=\"511\" src=\"https:\/\/www.elturistatranquil.com\/wp-content\/uploads\/F43-Museu-del-Suro-Palafrugell-Girona.jpg\" class=\"attachment-large size-large wp-image-34359\" alt=\"Museu del Suro, Palafrugell, Girona\" srcset=\"https:\/\/www.elturistatranquil.com\/wp-content\/uploads\/F43-Museu-del-Suro-Palafrugell-Girona.jpg 768w, https:\/\/www.elturistatranquil.com\/wp-content\/uploads\/F43-Museu-del-Suro-Palafrugell-Girona-339x226.jpg 339w\" sizes=\"(max-width: 768px) 100vw, 768px\" \/>\t\t\t\t\t\t\t\t\t\t\t<figcaption class=\"widget-image-caption wp-caption-text\"><\/figcaption>\n\t\t\t\t\t\t\t\t\t\t<\/figure>\n\t\t\t\t\t\t\t\t\t<\/div>\n\t\t\t\t<\/div>\n\t\t\t\t<div class=\"elementor-element elementor-element-247020b elementor-widget elementor-widget-image\" data-id=\"247020b\" data-element_type=\"widget\" data-e-type=\"widget\" data-widget_type=\"image.default\">\n\t\t\t\t<div class=\"elementor-widget-container\">\n\t\t\t\t\t\t\t\t\t\t\t\t<figure class=\"wp-caption\">\n\t\t\t\t\t\t\t\t\t\t<img loading=\"lazy\" decoding=\"async\" width=\"768\" height=\"511\" src=\"https:\/\/www.elturistatranquil.com\/wp-content\/uploads\/F44-Museu-del-Suro-Palafrugell-Girona.jpg\" class=\"attachment-large size-large wp-image-34361\" alt=\"Museu del Suro, Palafrugell, Girona\" srcset=\"https:\/\/www.elturistatranquil.com\/wp-content\/uploads\/F44-Museu-del-Suro-Palafrugell-Girona.jpg 768w, https:\/\/www.elturistatranquil.com\/wp-content\/uploads\/F44-Museu-del-Suro-Palafrugell-Girona-339x226.jpg 339w\" sizes=\"(max-width: 768px) 100vw, 768px\" \/>\t\t\t\t\t\t\t\t\t\t\t<figcaption class=\"widget-image-caption wp-caption-text\">M\u00e0quina de laminar suro<\/figcaption>\n\t\t\t\t\t\t\t\t\t\t<\/figure>\n\t\t\t\t\t\t\t\t\t<\/div>\n\t\t\t\t<\/div>\n\t\t\t\t<div class=\"elementor-element elementor-element-a940b0f elementor-widget elementor-widget-heading\" data-id=\"a940b0f\" data-element_type=\"widget\" data-e-type=\"widget\" data-widget_type=\"heading.default\">\n\t\t\t\t<div class=\"elementor-widget-container\">\n\t\t\t\t\t<h4 class=\"elementor-heading-title elementor-size-default\">L\u2019aglomerat de suro: un nou motor de la ind\u00fastria<\/h4>\t\t\t\t<\/div>\n\t\t\t\t<\/div>\n\t\t\t\t<div class=\"elementor-element elementor-element-96e5188 elementor-widget elementor-widget-text-editor\" data-id=\"96e5188\" data-element_type=\"widget\" data-e-type=\"widget\" data-widget_type=\"text-editor.default\">\n\t\t\t\t<div class=\"elementor-widget-container\">\n\t\t\t\t\t\t\t\t\t<p>Tradicionalment existien dos processos principals per aglomerar el suro: el del aglomerat negre, per a a\u00efllaments, que s&#8217;obtenia de la cocci\u00f3 del granulat de suro sense aglutinants, dintre de motllos, en un forn a alta temperatura; i el de l&#8217;aglomerat blanc, que resultava de la cocci\u00f3 en forns a m\u00e9s baixa temperatura d&#8217;una barreja de granulat de suro i aglutinants.<\/p><p>Aquesta fabricaci\u00f3, iniciada a Alemanya i Estats Units a finals del segle XIX, permetia aprofitar el suro de primera i de segona lleva i els residus generats en la transformaci\u00f3 del suro natural. A Espanya, la fabricaci\u00f3 d&#8217;aglomerat comen\u00e7\u00e0 l&#8217;any 1913, el blanc es va fer a l&#8217;empresa <em>Planellas i Carrer\u00f3<\/em> de Sant Feliu de Gu\u00edxols, i el negre a <em>Miquel &amp; Vincke<\/em> de Palafrugell. Els aglomerats arribaven a representar el 60% de la producci\u00f3 mundial de suro.<\/p><p>D\u2019aquesta producci\u00f3 no hi ha m\u00e0quines al Museu, nom\u00e9s algunes fotografies.<\/p>\t\t\t\t\t\t\t\t<\/div>\n\t\t\t\t<\/div>\n\t\t\t\t<section class=\"elementor-section elementor-inner-section elementor-element elementor-element-32a0936 elementor-section-boxed elementor-section-height-default elementor-section-height-default\" data-id=\"32a0936\" data-element_type=\"section\" data-e-type=\"section\">\n\t\t\t\t\t\t<div class=\"elementor-container elementor-column-gap-default\">\n\t\t\t\t\t<div class=\"elementor-column elementor-col-50 elementor-inner-column elementor-element elementor-element-228600b\" data-id=\"228600b\" data-element_type=\"column\" data-e-type=\"column\">\n\t\t\t<div class=\"elementor-widget-wrap elementor-element-populated\">\n\t\t\t\t\t\t<div class=\"elementor-element elementor-element-8805458 elementor-widget elementor-widget-image\" data-id=\"8805458\" data-element_type=\"widget\" data-e-type=\"widget\" data-widget_type=\"image.default\">\n\t\t\t\t<div class=\"elementor-widget-container\">\n\t\t\t\t\t\t\t\t\t\t\t\t\t\t\t<img loading=\"lazy\" decoding=\"async\" width=\"366\" height=\"550\" src=\"https:\/\/www.elturistatranquil.com\/wp-content\/uploads\/F45m-Museu-del-Suro-Palafrugell-Girona.jpg\" class=\"attachment-large size-large wp-image-34363\" alt=\"Museu del Suro, Palafrugell, Girona\" srcset=\"https:\/\/www.elturistatranquil.com\/wp-content\/uploads\/F45m-Museu-del-Suro-Palafrugell-Girona.jpg 366w, https:\/\/www.elturistatranquil.com\/wp-content\/uploads\/F45m-Museu-del-Suro-Palafrugell-Girona-150x226.jpg 150w\" sizes=\"(max-width: 366px) 100vw, 366px\" \/>\t\t\t\t\t\t\t\t\t\t\t\t\t\t\t<\/div>\n\t\t\t\t<\/div>\n\t\t\t\t\t<\/div>\n\t\t<\/div>\n\t\t\t\t<div class=\"elementor-column elementor-col-50 elementor-inner-column elementor-element elementor-element-6906c0f\" data-id=\"6906c0f\" data-element_type=\"column\" data-e-type=\"column\">\n\t\t\t<div class=\"elementor-widget-wrap elementor-element-populated\">\n\t\t\t\t\t\t<div class=\"elementor-element elementor-element-125313e elementor-widget elementor-widget-image\" data-id=\"125313e\" data-element_type=\"widget\" data-e-type=\"widget\" data-widget_type=\"image.default\">\n\t\t\t\t<div class=\"elementor-widget-container\">\n\t\t\t\t\t\t\t\t\t\t\t\t\t\t\t<img loading=\"lazy\" decoding=\"async\" width=\"367\" height=\"550\" src=\"https:\/\/www.elturistatranquil.com\/wp-content\/uploads\/F45n-Museu-del-Suro-Palafrugell-Girona.jpg\" class=\"attachment-large size-large wp-image-34365\" alt=\"Museu del Suro, Palafrugell, Girona\" srcset=\"https:\/\/www.elturistatranquil.com\/wp-content\/uploads\/F45n-Museu-del-Suro-Palafrugell-Girona.jpg 367w, https:\/\/www.elturistatranquil.com\/wp-content\/uploads\/F45n-Museu-del-Suro-Palafrugell-Girona-151x226.jpg 151w\" sizes=\"(max-width: 367px) 100vw, 367px\" \/>\t\t\t\t\t\t\t\t\t\t\t\t\t\t\t<\/div>\n\t\t\t\t<\/div>\n\t\t\t\t\t<\/div>\n\t\t<\/div>\n\t\t\t\t\t<\/div>\n\t\t<\/section>\n\t\t\t\t<div class=\"elementor-element elementor-element-3b629a2 elementor-widget elementor-widget-image\" data-id=\"3b629a2\" data-element_type=\"widget\" data-e-type=\"widget\" data-widget_type=\"image.default\">\n\t\t\t\t<div class=\"elementor-widget-container\">\n\t\t\t\t\t\t\t\t\t\t\t\t<figure class=\"wp-caption\">\n\t\t\t\t\t\t\t\t\t\t<img loading=\"lazy\" decoding=\"async\" width=\"768\" height=\"511\" src=\"https:\/\/www.elturistatranquil.com\/wp-content\/uploads\/F46-Museu-del-Suro-Palafrugell-Girona.jpg\" class=\"attachment-large size-large wp-image-34367\" alt=\"Museu del Suro, Palafrugell, Girona\" srcset=\"https:\/\/www.elturistatranquil.com\/wp-content\/uploads\/F46-Museu-del-Suro-Palafrugell-Girona.jpg 768w, https:\/\/www.elturistatranquil.com\/wp-content\/uploads\/F46-Museu-del-Suro-Palafrugell-Girona-339x226.jpg 339w\" sizes=\"(max-width: 768px) 100vw, 768px\" \/>\t\t\t\t\t\t\t\t\t\t\t<figcaption class=\"widget-image-caption wp-caption-text\"><\/figcaption>\n\t\t\t\t\t\t\t\t\t\t<\/figure>\n\t\t\t\t\t\t\t\t\t<\/div>\n\t\t\t\t<\/div>\n\t\t\t\t<div class=\"elementor-element elementor-element-d70b04b elementor-widget elementor-widget-heading\" data-id=\"d70b04b\" data-element_type=\"widget\" data-e-type=\"widget\" data-widget_type=\"heading.default\">\n\t\t\t\t<div class=\"elementor-widget-container\">\n\t\t\t\t\t<h4 class=\"elementor-heading-title elementor-size-default\">L\u2019Espai Manufactures, sala d'exposicions temporals<\/h4>\t\t\t\t<\/div>\n\t\t\t\t<\/div>\n\t\t\t\t<div class=\"elementor-element elementor-element-4a72b11 elementor-widget elementor-widget-text-editor\" data-id=\"4a72b11\" data-element_type=\"widget\" data-e-type=\"widget\" data-widget_type=\"text-editor.default\">\n\t\t\t\t<div class=\"elementor-widget-container\">\n\t\t\t\t\t\t\t\t\t<p>A la nau sud, a la\u00a0 planta baixa, es situa l\u2019<strong>Espai Manufactures, sala d&#8217;exposicions temporals<\/strong> (<strong>5<\/strong>).<\/p><p>Pel passad\u00eds (<strong>3<\/strong>) que hi porta podem observar el pati interior (<strong>4<\/strong>) entre les dues naus, on s\u2019ha reprodu\u00eft l\u2019estructura d\u2019una sureda. I tamb\u00e9 un carruatge de transport.<\/p>\t\t\t\t\t\t\t\t<\/div>\n\t\t\t\t<\/div>\n\t\t\t\t<div class=\"elementor-element elementor-element-670d2a5 elementor-widget elementor-widget-image\" data-id=\"670d2a5\" data-element_type=\"widget\" data-e-type=\"widget\" data-widget_type=\"image.default\">\n\t\t\t\t<div class=\"elementor-widget-container\">\n\t\t\t\t\t\t\t\t\t\t\t\t<figure class=\"wp-caption\">\n\t\t\t\t\t\t\t\t\t\t<img loading=\"lazy\" decoding=\"async\" width=\"768\" height=\"512\" src=\"https:\/\/www.elturistatranquil.com\/wp-content\/uploads\/F47-Museu-del-Suro-Palafrugell-Girona.jpg\" class=\"attachment-large size-large wp-image-34369\" alt=\"Museu del Suro, Palafrugell, Girona. Foto-Museu del Suro\" srcset=\"https:\/\/www.elturistatranquil.com\/wp-content\/uploads\/F47-Museu-del-Suro-Palafrugell-Girona.jpg 768w, https:\/\/www.elturistatranquil.com\/wp-content\/uploads\/F47-Museu-del-Suro-Palafrugell-Girona-339x226.jpg 339w\" sizes=\"(max-width: 768px) 100vw, 768px\" \/>\t\t\t\t\t\t\t\t\t\t\t<figcaption class=\"widget-image-caption wp-caption-text\">(Foto: Museu del Suro)<\/figcaption>\n\t\t\t\t\t\t\t\t\t\t<\/figure>\n\t\t\t\t\t\t\t\t\t<\/div>\n\t\t\t\t<\/div>\n\t\t\t\t<div class=\"elementor-element elementor-element-71b7c17 elementor-widget elementor-widget-image\" data-id=\"71b7c17\" data-element_type=\"widget\" data-e-type=\"widget\" data-widget_type=\"image.default\">\n\t\t\t\t<div class=\"elementor-widget-container\">\n\t\t\t\t\t\t\t\t\t\t\t\t<figure class=\"wp-caption\">\n\t\t\t\t\t\t\t\t\t\t<img loading=\"lazy\" decoding=\"async\" width=\"768\" height=\"511\" src=\"https:\/\/www.elturistatranquil.com\/wp-content\/uploads\/F48-Museu-del-Suro-Palafrugell-Girona.jpg\" class=\"attachment-large size-large wp-image-34371\" alt=\"Museu del Suro, Palafrugell, Girona\" srcset=\"https:\/\/www.elturistatranquil.com\/wp-content\/uploads\/F48-Museu-del-Suro-Palafrugell-Girona.jpg 768w, https:\/\/www.elturistatranquil.com\/wp-content\/uploads\/F48-Museu-del-Suro-Palafrugell-Girona-339x226.jpg 339w\" sizes=\"(max-width: 768px) 100vw, 768px\" \/>\t\t\t\t\t\t\t\t\t\t\t<figcaption class=\"widget-image-caption wp-caption-text\"><\/figcaption>\n\t\t\t\t\t\t\t\t\t\t<\/figure>\n\t\t\t\t\t\t\t\t\t<\/div>\n\t\t\t\t<\/div>\n\t\t\t\t<div class=\"elementor-element elementor-element-901fcf8 elementor-widget elementor-widget-text-editor\" data-id=\"901fcf8\" data-element_type=\"widget\" data-e-type=\"widget\" data-widget_type=\"text-editor.default\">\n\t\t\t\t<div class=\"elementor-widget-container\">\n\t\t\t\t\t\t\t\t\t<p>En aquesta nau s\u2019hi fabricava paper de suro en instal\u00b7lacions com les que mostra la fotografia de l\u2019any 1920.<\/p>\t\t\t\t\t\t\t\t<\/div>\n\t\t\t\t<\/div>\n\t\t\t\t<div class=\"elementor-element elementor-element-46b4eaf elementor-widget elementor-widget-image\" data-id=\"46b4eaf\" data-element_type=\"widget\" data-e-type=\"widget\" data-widget_type=\"image.default\">\n\t\t\t\t<div class=\"elementor-widget-container\">\n\t\t\t\t\t\t\t\t\t\t\t\t<figure class=\"wp-caption\">\n\t\t\t\t\t\t\t\t\t\t<img loading=\"lazy\" decoding=\"async\" width=\"768\" height=\"512\" src=\"https:\/\/www.elturistatranquil.com\/wp-content\/uploads\/F49a-Museu-del-Suro-Palafrugell-Girona.jpg\" class=\"attachment-large size-large wp-image-34373\" alt=\"Museu del Suro, Palafrugell, Girona\" srcset=\"https:\/\/www.elturistatranquil.com\/wp-content\/uploads\/F49a-Museu-del-Suro-Palafrugell-Girona.jpg 768w, https:\/\/www.elturistatranquil.com\/wp-content\/uploads\/F49a-Museu-del-Suro-Palafrugell-Girona-339x226.jpg 339w\" sizes=\"(max-width: 768px) 100vw, 768px\" \/>\t\t\t\t\t\t\t\t\t\t\t<figcaption class=\"widget-image-caption wp-caption-text\"><\/figcaption>\n\t\t\t\t\t\t\t\t\t\t<\/figure>\n\t\t\t\t\t\t\t\t\t<\/div>\n\t\t\t\t<\/div>\n\t\t\t\t<div class=\"elementor-element elementor-element-7397efe elementor-widget elementor-widget-heading\" data-id=\"7397efe\" data-element_type=\"widget\" data-e-type=\"widget\" data-widget_type=\"heading.default\">\n\t\t\t\t<div class=\"elementor-widget-container\">\n\t\t\t\t\t<h4 class=\"elementor-heading-title elementor-size-default\">L\u2019espai de participaci\u00f3<\/h4>\t\t\t\t<\/div>\n\t\t\t\t<\/div>\n\t\t\t\t<div class=\"elementor-element elementor-element-19996a2 elementor-widget elementor-widget-text-editor\" data-id=\"19996a2\" data-element_type=\"widget\" data-e-type=\"widget\" data-widget_type=\"text-editor.default\">\n\t\t\t\t<div class=\"elementor-widget-container\">\n\t\t\t\t\t\t\t\t\t<p>Retornant a la primera nau, al fons hi ha situat un espai interactiu d\u2019observaci\u00f3 i manipulaci\u00f3 del suro i els seus derivats (<strong>6<\/strong>).<\/p>\t\t\t\t\t\t\t\t<\/div>\n\t\t\t\t<\/div>\n\t\t\t\t<div class=\"elementor-element elementor-element-f0ab809 elementor-widget elementor-widget-image\" data-id=\"f0ab809\" data-element_type=\"widget\" data-e-type=\"widget\" data-widget_type=\"image.default\">\n\t\t\t\t<div class=\"elementor-widget-container\">\n\t\t\t\t\t\t\t\t\t\t\t\t<figure class=\"wp-caption\">\n\t\t\t\t\t\t\t\t\t\t<img loading=\"lazy\" decoding=\"async\" width=\"768\" height=\"512\" src=\"https:\/\/www.elturistatranquil.com\/wp-content\/uploads\/F49b-Museu-del-Suro-Palafrugell-Girona.jpg\" class=\"attachment-large size-large wp-image-34375\" alt=\"Museu del Suro, Palafrugell, Girona. Foto-Museu del Suro\" srcset=\"https:\/\/www.elturistatranquil.com\/wp-content\/uploads\/F49b-Museu-del-Suro-Palafrugell-Girona.jpg 768w, https:\/\/www.elturistatranquil.com\/wp-content\/uploads\/F49b-Museu-del-Suro-Palafrugell-Girona-339x226.jpg 339w\" sizes=\"(max-width: 768px) 100vw, 768px\" \/>\t\t\t\t\t\t\t\t\t\t\t<figcaption class=\"widget-image-caption wp-caption-text\">(Foto: Museu del Suro)<\/figcaption>\n\t\t\t\t\t\t\t\t\t\t<\/figure>\n\t\t\t\t\t\t\t\t\t<\/div>\n\t\t\t\t<\/div>\n\t\t\t\t<div class=\"elementor-element elementor-element-a275d9e elementor-widget elementor-widget-heading\" data-id=\"a275d9e\" data-element_type=\"widget\" data-e-type=\"widget\" data-widget_type=\"heading.default\">\n\t\t\t\t<div class=\"elementor-widget-container\">\n\t\t\t\t\t<h4 class=\"elementor-heading-title elementor-size-default\">La pela del suro<\/h4>\t\t\t\t<\/div>\n\t\t\t\t<\/div>\n\t\t\t\t<div class=\"elementor-element elementor-element-7bdf873 elementor-widget elementor-widget-text-editor\" data-id=\"7bdf873\" data-element_type=\"widget\" data-e-type=\"widget\" data-widget_type=\"text-editor.default\">\n\t\t\t\t<div class=\"elementor-widget-container\">\n\t\t\t\t\t\t\t\t\t<p>Una part d\u2019aquest espai est\u00e0 dedicat a la <strong>pela del suro<\/strong>.<\/p><p>L&#8217;alzina surera es pela des de mitjans del mes de juny fins al mes d&#8217;agost, quant creixen c\u00e8l\u00b7lules de parets fines que es poden trencar i separar de l&#8217;arbre f\u00e0cilment.<\/p><p>Aquest proc\u00e9s deixa a la vista l&#8217;escorpit, a partir del qual es generar\u00e0 la nova escor\u00e7a.<\/p><p>Els intents de mecanitzaci\u00f3 no han reeixit, es pela com fa centenars d&#8217;anys. Amb una sola destral es fa tot el proc\u00e9s: tallar el suro delimitant la pana, picar per separar-la de l&#8217;arbre i, amb el m\u00e0nec, es fa al\u00e7aprem per extreure-la.<\/p><p>La primera pela es pot fer quan l&#8217;arbre t\u00e9 un m\u00ednim de 25 anys i el seu per\u00edmetre \u00e9s superiors als 60 cm. Les peles posteriors, a Catalunya, es fan en per\u00edodes d&#8217;entre 12 i 16 anys. Al sud de la Pen\u00ednsula els per\u00edodes de pela s\u00f3n m\u00e9s curts.<\/p>\t\t\t\t\t\t\t\t<\/div>\n\t\t\t\t<\/div>\n\t\t\t\t<div class=\"elementor-element elementor-element-9c661ef elementor-widget elementor-widget-image\" data-id=\"9c661ef\" data-element_type=\"widget\" data-e-type=\"widget\" data-widget_type=\"image.default\">\n\t\t\t\t<div class=\"elementor-widget-container\">\n\t\t\t\t\t\t\t\t\t\t\t\t<figure class=\"wp-caption\">\n\t\t\t\t\t\t\t\t\t\t<img loading=\"lazy\" decoding=\"async\" width=\"768\" height=\"511\" src=\"https:\/\/www.elturistatranquil.com\/wp-content\/uploads\/F50-Museu-del-Suro-Palafrugell-Girona.jpg\" class=\"attachment-large size-large wp-image-34377\" alt=\"Museu del Suro, Palafrugell, Girona\" srcset=\"https:\/\/www.elturistatranquil.com\/wp-content\/uploads\/F50-Museu-del-Suro-Palafrugell-Girona.jpg 768w, https:\/\/www.elturistatranquil.com\/wp-content\/uploads\/F50-Museu-del-Suro-Palafrugell-Girona-339x226.jpg 339w\" sizes=\"(max-width: 768px) 100vw, 768px\" \/>\t\t\t\t\t\t\t\t\t\t\t<figcaption class=\"widget-image-caption wp-caption-text\"><\/figcaption>\n\t\t\t\t\t\t\t\t\t\t<\/figure>\n\t\t\t\t\t\t\t\t\t<\/div>\n\t\t\t\t<\/div>\n\t\t\t\t<div class=\"elementor-element elementor-element-9dd6f9a elementor-widget elementor-widget-image\" data-id=\"9dd6f9a\" data-element_type=\"widget\" data-e-type=\"widget\" data-widget_type=\"image.default\">\n\t\t\t\t<div class=\"elementor-widget-container\">\n\t\t\t\t\t\t\t\t\t\t\t\t<figure class=\"wp-caption\">\n\t\t\t\t\t\t\t\t\t\t<img loading=\"lazy\" decoding=\"async\" width=\"768\" height=\"512\" src=\"https:\/\/www.elturistatranquil.com\/wp-content\/uploads\/F51-Museu-del-Suro-Palafrugell-Girona.jpg\" class=\"attachment-large size-large wp-image-34379\" alt=\"Museu del Suro, Palafrugell, Girona\" srcset=\"https:\/\/www.elturistatranquil.com\/wp-content\/uploads\/F51-Museu-del-Suro-Palafrugell-Girona.jpg 768w, https:\/\/www.elturistatranquil.com\/wp-content\/uploads\/F51-Museu-del-Suro-Palafrugell-Girona-339x226.jpg 339w\" sizes=\"(max-width: 768px) 100vw, 768px\" \/>\t\t\t\t\t\t\t\t\t\t\t<figcaption class=\"widget-image-caption wp-caption-text\">Destrals per la pela.<\/figcaption>\n\t\t\t\t\t\t\t\t\t\t<\/figure>\n\t\t\t\t\t\t\t\t\t<\/div>\n\t\t\t\t<\/div>\n\t\t\t\t<div class=\"elementor-element elementor-element-6007cff elementor-widget elementor-widget-image\" data-id=\"6007cff\" data-element_type=\"widget\" data-e-type=\"widget\" data-widget_type=\"image.default\">\n\t\t\t\t<div class=\"elementor-widget-container\">\n\t\t\t\t\t\t\t\t\t\t\t\t<figure class=\"wp-caption\">\n\t\t\t\t\t\t\t\t\t\t<img loading=\"lazy\" decoding=\"async\" width=\"768\" height=\"511\" src=\"https:\/\/www.elturistatranquil.com\/wp-content\/uploads\/F52-Museu-del-Suro-Palafrugell-Girona.jpg\" class=\"attachment-large size-large wp-image-34381\" alt=\"Museu del Suro, Palafrugell, Girona\" srcset=\"https:\/\/www.elturistatranquil.com\/wp-content\/uploads\/F52-Museu-del-Suro-Palafrugell-Girona.jpg 768w, https:\/\/www.elturistatranquil.com\/wp-content\/uploads\/F52-Museu-del-Suro-Palafrugell-Girona-339x226.jpg 339w\" sizes=\"(max-width: 768px) 100vw, 768px\" \/>\t\t\t\t\t\t\t\t\t\t\t<figcaption class=\"widget-image-caption wp-caption-text\"><\/figcaption>\n\t\t\t\t\t\t\t\t\t\t<\/figure>\n\t\t\t\t\t\t\t\t\t<\/div>\n\t\t\t\t<\/div>\n\t\t\t\t<div class=\"elementor-element elementor-element-88a584c elementor-widget elementor-widget-heading\" data-id=\"88a584c\" data-element_type=\"widget\" data-e-type=\"widget\" data-widget_type=\"heading.default\">\n\t\t\t\t<div class=\"elementor-widget-container\">\n\t\t\t\t\t<h4 class=\"elementor-heading-title elementor-size-default\">L\u2019aparador<\/h4>\t\t\t\t<\/div>\n\t\t\t\t<\/div>\n\t\t\t\t<div class=\"elementor-element elementor-element-b7d7899 elementor-widget elementor-widget-text-editor\" data-id=\"b7d7899\" data-element_type=\"widget\" data-e-type=\"widget\" data-widget_type=\"text-editor.default\">\n\t\t\t\t<div class=\"elementor-widget-container\">\n\t\t\t\t\t\t\t\t\t<p>A les fotografies seg\u00fcents es mostren diversos objectes fabricats amb suro que s\u2019exhibeixen a l\u2019espai <strong>aparador<\/strong>.<\/p><p><strong>Llibre en suro<\/strong>, <em>El cantar de los Cantares<\/em>, J.M. Viader, impressor, Sant Feliu de Guixols, 1946.<\/p><p>Al costat es pot veure <strong>llana de suro<\/strong>.<\/p>\t\t\t\t\t\t\t\t<\/div>\n\t\t\t\t<\/div>\n\t\t\t\t<div class=\"elementor-element elementor-element-ba789a4 elementor-widget elementor-widget-image\" data-id=\"ba789a4\" data-element_type=\"widget\" data-e-type=\"widget\" data-widget_type=\"image.default\">\n\t\t\t\t<div class=\"elementor-widget-container\">\n\t\t\t\t\t\t\t\t\t\t\t\t<figure class=\"wp-caption\">\n\t\t\t\t\t\t\t\t\t\t<img loading=\"lazy\" decoding=\"async\" width=\"768\" height=\"511\" src=\"https:\/\/www.elturistatranquil.com\/wp-content\/uploads\/F53-Museu-del-Suro-Palafrugell-Girona.jpg\" class=\"attachment-large size-large wp-image-34383\" alt=\"Museu del Suro, Palafrugell, Girona\" srcset=\"https:\/\/www.elturistatranquil.com\/wp-content\/uploads\/F53-Museu-del-Suro-Palafrugell-Girona.jpg 768w, https:\/\/www.elturistatranquil.com\/wp-content\/uploads\/F53-Museu-del-Suro-Palafrugell-Girona-339x226.jpg 339w\" sizes=\"(max-width: 768px) 100vw, 768px\" \/>\t\t\t\t\t\t\t\t\t\t\t<figcaption class=\"widget-image-caption wp-caption-text\"><\/figcaption>\n\t\t\t\t\t\t\t\t\t\t<\/figure>\n\t\t\t\t\t\t\t\t\t<\/div>\n\t\t\t\t<\/div>\n\t\t\t\t<div class=\"elementor-element elementor-element-91ee24c elementor-widget elementor-widget-text-editor\" data-id=\"91ee24c\" data-element_type=\"widget\" data-e-type=\"widget\" data-widget_type=\"text-editor.default\">\n\t\t\t\t<div class=\"elementor-widget-container\">\n\t\t\t\t\t\t\t\t\t<p>L&#8217;\u00fas del suro per a <strong>objectes art\u00edstics<\/strong> era habitual a les zones sureres.<\/p><p>Des de l&#8217;any 1887, el cor &#8220;<em>La Taponera<\/em>&#8221; portava aquest estendard de suro a les cantades, obra del metge Josep Mart\u00ed Vintr\u00f3.<\/p>\t\t\t\t\t\t\t\t<\/div>\n\t\t\t\t<\/div>\n\t\t\t\t<section class=\"elementor-section elementor-inner-section elementor-element elementor-element-5b87a3a elementor-section-boxed elementor-section-height-default elementor-section-height-default\" data-id=\"5b87a3a\" data-element_type=\"section\" data-e-type=\"section\">\n\t\t\t\t\t\t<div class=\"elementor-container elementor-column-gap-default\">\n\t\t\t\t\t<div class=\"elementor-column elementor-col-50 elementor-inner-column elementor-element elementor-element-6032660\" data-id=\"6032660\" data-element_type=\"column\" data-e-type=\"column\">\n\t\t\t<div class=\"elementor-widget-wrap elementor-element-populated\">\n\t\t\t\t\t\t<div class=\"elementor-element elementor-element-c906393 elementor-widget elementor-widget-image\" data-id=\"c906393\" data-element_type=\"widget\" data-e-type=\"widget\" data-widget_type=\"image.default\">\n\t\t\t\t<div class=\"elementor-widget-container\">\n\t\t\t\t\t\t\t\t\t\t\t\t\t\t\t<img loading=\"lazy\" decoding=\"async\" width=\"366\" height=\"550\" src=\"https:\/\/www.elturistatranquil.com\/wp-content\/uploads\/F54m-Museu-del-Suro-Palafrugell-Girona.jpg\" class=\"attachment-large size-large wp-image-34385\" alt=\"Museu del Suro, Palafrugell, Girona\" srcset=\"https:\/\/www.elturistatranquil.com\/wp-content\/uploads\/F54m-Museu-del-Suro-Palafrugell-Girona.jpg 366w, https:\/\/www.elturistatranquil.com\/wp-content\/uploads\/F54m-Museu-del-Suro-Palafrugell-Girona-150x226.jpg 150w\" sizes=\"(max-width: 366px) 100vw, 366px\" \/>\t\t\t\t\t\t\t\t\t\t\t\t\t\t\t<\/div>\n\t\t\t\t<\/div>\n\t\t\t\t\t<\/div>\n\t\t<\/div>\n\t\t\t\t<div class=\"elementor-column elementor-col-50 elementor-inner-column elementor-element elementor-element-34e9fa1\" data-id=\"34e9fa1\" data-element_type=\"column\" data-e-type=\"column\">\n\t\t\t<div class=\"elementor-widget-wrap elementor-element-populated\">\n\t\t\t\t\t\t<div class=\"elementor-element elementor-element-116eafd elementor-widget elementor-widget-image\" data-id=\"116eafd\" data-element_type=\"widget\" data-e-type=\"widget\" data-widget_type=\"image.default\">\n\t\t\t\t<div class=\"elementor-widget-container\">\n\t\t\t\t\t\t\t\t\t\t\t\t\t\t\t<img loading=\"lazy\" decoding=\"async\" width=\"366\" height=\"550\" src=\"https:\/\/www.elturistatranquil.com\/wp-content\/uploads\/F54n-Museu-del-Suro-Palafrugell-Girona.jpg\" class=\"attachment-large size-large wp-image-34387\" alt=\"Museu del Suro, Palafrugell, Girona\" srcset=\"https:\/\/www.elturistatranquil.com\/wp-content\/uploads\/F54n-Museu-del-Suro-Palafrugell-Girona.jpg 366w, https:\/\/www.elturistatranquil.com\/wp-content\/uploads\/F54n-Museu-del-Suro-Palafrugell-Girona-150x226.jpg 150w\" sizes=\"(max-width: 366px) 100vw, 366px\" \/>\t\t\t\t\t\t\t\t\t\t\t\t\t\t\t<\/div>\n\t\t\t\t<\/div>\n\t\t\t\t\t<\/div>\n\t\t<\/div>\n\t\t\t\t\t<\/div>\n\t\t<\/section>\n\t\t\t\t<div class=\"elementor-element elementor-element-3914b84 elementor-widget elementor-widget-text-editor\" data-id=\"3914b84\" data-element_type=\"widget\" data-e-type=\"widget\" data-widget_type=\"text-editor.default\">\n\t\t\t\t<div class=\"elementor-widget-container\">\n\t\t\t\t\t\t\t\t\t<p>\u00a0<\/p><p>En aquesta vitrina s\u2019exposa diverses aplicacions. Destaca el casc \u201cbobby\u201d de la policia anglesa, d\u2019estructura de suro.<\/p>\t\t\t\t\t\t\t\t<\/div>\n\t\t\t\t<\/div>\n\t\t\t\t<div class=\"elementor-element elementor-element-cb058d1 elementor-widget elementor-widget-menu-anchor\" data-id=\"cb058d1\" data-element_type=\"widget\" data-e-type=\"widget\" data-widget_type=\"menu-anchor.default\">\n\t\t\t\t<div class=\"elementor-widget-container\">\n\t\t\t\t\t\t\t<div class=\"elementor-menu-anchor\" id=\"b5211\"><\/div>\n\t\t\t\t\t\t<\/div>\n\t\t\t\t<\/div>\n\t\t\t\t<div class=\"elementor-element elementor-element-f929e7a elementor-widget elementor-widget-image\" data-id=\"f929e7a\" data-element_type=\"widget\" data-e-type=\"widget\" data-widget_type=\"image.default\">\n\t\t\t\t<div class=\"elementor-widget-container\">\n\t\t\t\t\t\t\t\t\t\t\t\t<figure class=\"wp-caption\">\n\t\t\t\t\t\t\t\t\t\t<img loading=\"lazy\" decoding=\"async\" width=\"768\" height=\"512\" src=\"https:\/\/www.elturistatranquil.com\/wp-content\/uploads\/F55-Museu-del-Suro-Palafrugell-Girona.jpg\" class=\"attachment-large size-large wp-image-34389\" alt=\"Museu del Suro, Palafrugell, Girona\" srcset=\"https:\/\/www.elturistatranquil.com\/wp-content\/uploads\/F55-Museu-del-Suro-Palafrugell-Girona.jpg 768w, https:\/\/www.elturistatranquil.com\/wp-content\/uploads\/F55-Museu-del-Suro-Palafrugell-Girona-339x226.jpg 339w\" sizes=\"(max-width: 768px) 100vw, 768px\" \/>\t\t\t\t\t\t\t\t\t\t\t<figcaption class=\"widget-image-caption wp-caption-text\"><\/figcaption>\n\t\t\t\t\t\t\t\t\t\t<\/figure>\n\t\t\t\t\t\t\t\t\t<\/div>\n\t\t\t\t<\/div>\n\t\t\t\t<div class=\"elementor-element elementor-element-a081894 elementor-widget elementor-widget-heading\" data-id=\"a081894\" data-element_type=\"widget\" data-e-type=\"widget\" data-widget_type=\"heading.default\">\n\t\t\t\t<div class=\"elementor-widget-container\">\n\t\t\t\t\t<h3 class=\"elementor-heading-title elementor-size-default\">Primera planta: Si aquestes parets parlessin... <\/h3>\t\t\t\t<\/div>\n\t\t\t\t<\/div>\n\t\t\t\t<div class=\"elementor-element elementor-element-12bfb53 elementor-widget elementor-widget-heading\" data-id=\"12bfb53\" data-element_type=\"widget\" data-e-type=\"widget\" data-widget_type=\"heading.default\">\n\t\t\t\t<div class=\"elementor-widget-container\">\n\t\t\t\t\t<h4 class=\"elementor-heading-title elementor-size-default\">Exposici\u00f3 permanent<\/h4>\t\t\t\t<\/div>\n\t\t\t\t<\/div>\n\t\t\t\t<div class=\"elementor-element elementor-element-b4cd600 elementor-widget elementor-widget-text-editor\" data-id=\"b4cd600\" data-element_type=\"widget\" data-e-type=\"widget\" data-widget_type=\"text-editor.default\">\n\t\t\t\t<div class=\"elementor-widget-container\">\n\t\t\t\t\t\t\t\t\t<p>El pis superior est\u00e0 destinat a presentar aspectes rellevants de la vida i l\u2019activitat que es desenvolupava a l\u2019empresa Miquel y Vincke \u201cCan Mario\u201d, despr\u00e9s F\u00e1brica\u00a0<strong>Armstrong<\/strong>\u00a0Cork Espa\u00f1a, que ocupava aquestes instal\u00b7lacions, sota el lema: <strong>Si aquestes parets parlessin&#8230; <\/strong>(<strong>7<\/strong>).<\/p>\t\t\t\t\t\t\t\t<\/div>\n\t\t\t\t<\/div>\n\t\t\t\t<div class=\"elementor-element elementor-element-36602ee elementor-widget elementor-widget-image\" data-id=\"36602ee\" data-element_type=\"widget\" data-e-type=\"widget\" data-widget_type=\"image.default\">\n\t\t\t\t<div class=\"elementor-widget-container\">\n\t\t\t\t\t\t\t\t\t\t\t\t<figure class=\"wp-caption\">\n\t\t\t\t\t\t\t\t\t\t<img loading=\"lazy\" decoding=\"async\" width=\"768\" height=\"511\" src=\"https:\/\/www.elturistatranquil.com\/wp-content\/uploads\/F56-Museu-del-Suro-Palafrugell-Girona.jpg\" class=\"attachment-large size-large wp-image-34391\" alt=\"Museu del Suro, Palafrugell, Girona\" srcset=\"https:\/\/www.elturistatranquil.com\/wp-content\/uploads\/F56-Museu-del-Suro-Palafrugell-Girona.jpg 768w, https:\/\/www.elturistatranquil.com\/wp-content\/uploads\/F56-Museu-del-Suro-Palafrugell-Girona-339x226.jpg 339w\" sizes=\"(max-width: 768px) 100vw, 768px\" \/>\t\t\t\t\t\t\t\t\t\t\t<figcaption class=\"widget-image-caption wp-caption-text\"><\/figcaption>\n\t\t\t\t\t\t\t\t\t\t<\/figure>\n\t\t\t\t\t\t\t\t\t<\/div>\n\t\t\t\t<\/div>\n\t\t\t\t<div class=\"elementor-element elementor-element-2e78660 elementor-widget elementor-widget-text-editor\" data-id=\"2e78660\" data-element_type=\"widget\" data-e-type=\"widget\" data-widget_type=\"text-editor.default\">\n\t\t\t\t<div class=\"elementor-widget-container\">\n\t\t\t\t\t\t\t\t\t<p>Aquest era l\u2019aspecte de la nau amb l\u2019activitat fabril.<\/p>\t\t\t\t\t\t\t\t<\/div>\n\t\t\t\t<\/div>\n\t\t\t\t<div class=\"elementor-element elementor-element-67b9b99 elementor-widget elementor-widget-image\" data-id=\"67b9b99\" data-element_type=\"widget\" data-e-type=\"widget\" data-widget_type=\"image.default\">\n\t\t\t\t<div class=\"elementor-widget-container\">\n\t\t\t\t\t\t\t\t\t\t\t\t<figure class=\"wp-caption\">\n\t\t\t\t\t\t\t\t\t\t<img loading=\"lazy\" decoding=\"async\" width=\"768\" height=\"512\" src=\"https:\/\/www.elturistatranquil.com\/wp-content\/uploads\/F57-Museu-del-Suro-Palafrugell-Girona.jpg\" class=\"attachment-large size-large wp-image-34393\" alt=\"Museu del Suro, Palafrugell, Girona\" srcset=\"https:\/\/www.elturistatranquil.com\/wp-content\/uploads\/F57-Museu-del-Suro-Palafrugell-Girona.jpg 768w, https:\/\/www.elturistatranquil.com\/wp-content\/uploads\/F57-Museu-del-Suro-Palafrugell-Girona-339x226.jpg 339w\" sizes=\"(max-width: 768px) 100vw, 768px\" \/>\t\t\t\t\t\t\t\t\t\t\t<figcaption class=\"widget-image-caption wp-caption-text\"><\/figcaption>\n\t\t\t\t\t\t\t\t\t\t<\/figure>\n\t\t\t\t\t\t\t\t\t<\/div>\n\t\t\t\t<\/div>\n\t\t\t\t<div class=\"elementor-element elementor-element-6ebf585 elementor-widget elementor-widget-text-editor\" data-id=\"6ebf585\" data-element_type=\"widget\" data-e-type=\"widget\" data-widget_type=\"text-editor.default\">\n\t\t\t\t<div class=\"elementor-widget-container\">\n\t\t\t\t\t\t\t\t\t<p>Em permeto reproduir el text de presentaci\u00f3 d\u2019aquesta part del Museu dedicada a la hist\u00f2ria i activitat de la f\u00e0brica. El text vol transmetre el sentiment de vivencialitat dels seus anys de vida:<\/p><p><em>\u201cSentir\u00edem la remor de centenars de dones triant taps i discos i xiuxiuejant a esquenes dels encarregats; la fressa compassada de les m\u00e0quines de laminar paper de suro que l\u2019angl\u00e8s John Lowman va venir a instal\u00b7lar el 1906; el murmuri dels treballadors i treballadores en queixar-se del salari al final d&#8217;un dia dur de treball; el corn que marcava l&#8217;horari de treball i la vida de la gent de Palafrugell; el plorar dels nens que portaven a les seves mares per alletar-los a la mateixa f\u00e0brica; els renecs i les bromes que es feien els cam\u00e0lics tot descarregant el suro que portaven des de l&#8217;estaci\u00f3 del tren; el soroll del muntac\u00e0rregues de la f\u00e0brica, el primer que hi va haver a la vila; els comentaris generats per la pres\u00e8ncia de nous productes a l&#8217;economat; els crits d&#8217;un treballador que s&#8217;acabava de tallar amb una m\u00e0quina de barrinar per a fer taps; les corredisses de les rates entre els saques de taps; l&#8217;arribada del telegrama que va posar Enric Vincke des de Sant Francisco l&#8217;any 1906, poques hores despr\u00e9s del terratr\u00e8mol dient: &#8220;Envieu taps. Aqu\u00ed en falten&#8221;; la remor dels centenars de treballadors parlant quan sortien a les dotze del migdia per anar a dinar; les discussions entre els propietaris Joan Miquel i Enric Vincke sobre quina seria la millor manera de fer venir l&#8217;enginyer Salvador Manich a Palafrugell; la veu greu de Joan Miquel explicant a un amic els detalls de la moderna escola bressol que havia contribu\u00eft a finan\u00e7ar juntament amb altres industrials.<\/em><\/p><p><em>Si aquestes parets parlessin, ai! si aquestes parets parlessin&#8230;\u201d<\/em><\/p><p>En front de l\u2019escala d\u2019acc\u00e9s, uns panells de gran format amb fotografies hist\u00f2riques mostren diversos moments de la seva hist\u00f2ria.<\/p>\t\t\t\t\t\t\t\t<\/div>\n\t\t\t\t<\/div>\n\t\t\t\t<div class=\"elementor-element elementor-element-9486f8c elementor-widget elementor-widget-image\" data-id=\"9486f8c\" data-element_type=\"widget\" data-e-type=\"widget\" data-widget_type=\"image.default\">\n\t\t\t\t<div class=\"elementor-widget-container\">\n\t\t\t\t\t\t\t\t\t\t\t\t<figure class=\"wp-caption\">\n\t\t\t\t\t\t\t\t\t\t<img loading=\"lazy\" decoding=\"async\" width=\"768\" height=\"511\" src=\"https:\/\/www.elturistatranquil.com\/wp-content\/uploads\/F58-Museu-del-Suro-Palafrugell-Girona.jpg\" class=\"attachment-large size-large wp-image-34395\" alt=\"Museu del Suro, Palafrugell, Girona\" srcset=\"https:\/\/www.elturistatranquil.com\/wp-content\/uploads\/F58-Museu-del-Suro-Palafrugell-Girona.jpg 768w, https:\/\/www.elturistatranquil.com\/wp-content\/uploads\/F58-Museu-del-Suro-Palafrugell-Girona-339x226.jpg 339w\" sizes=\"(max-width: 768px) 100vw, 768px\" \/>\t\t\t\t\t\t\t\t\t\t\t<figcaption class=\"widget-image-caption wp-caption-text\"><\/figcaption>\n\t\t\t\t\t\t\t\t\t\t<\/figure>\n\t\t\t\t\t\t\t\t\t<\/div>\n\t\t\t\t<\/div>\n\t\t\t\t<div class=\"elementor-element elementor-element-6b2f359 elementor-widget elementor-widget-text-editor\" data-id=\"6b2f359\" data-element_type=\"widget\" data-e-type=\"widget\" data-widget_type=\"text-editor.default\">\n\t\t\t\t<div class=\"elementor-widget-container\">\n\t\t\t\t\t\t\t\t\t<p>La gran diversitat i el volum de la producci\u00f3 de suro requerien una acurada selecci\u00f3 de la mat\u00e8ria primera en els patis de la f\u00e0brica. Dde manera que, al final, es destin\u00e9s a cada fabricaci\u00f3 el suro m\u00e9s adient. Els beneficis de l&#8217;empresa depenien en gran mesura d&#8217;aquests processos de selecci\u00f3.<\/p>\t\t\t\t\t\t\t\t<\/div>\n\t\t\t\t<\/div>\n\t\t\t\t<div class=\"elementor-element elementor-element-86af362 elementor-widget elementor-widget-image\" data-id=\"86af362\" data-element_type=\"widget\" data-e-type=\"widget\" data-widget_type=\"image.default\">\n\t\t\t\t<div class=\"elementor-widget-container\">\n\t\t\t\t\t\t\t\t\t\t\t\t<figure class=\"wp-caption\">\n\t\t\t\t\t\t\t\t\t\t<img loading=\"lazy\" decoding=\"async\" width=\"768\" height=\"511\" src=\"https:\/\/www.elturistatranquil.com\/wp-content\/uploads\/F59-Museu-del-Suro-Palafrugell-Girona.jpg\" class=\"attachment-large size-large wp-image-34397\" alt=\"Museu del Suro, Palafrugell, Girona\" srcset=\"https:\/\/www.elturistatranquil.com\/wp-content\/uploads\/F59-Museu-del-Suro-Palafrugell-Girona.jpg 768w, https:\/\/www.elturistatranquil.com\/wp-content\/uploads\/F59-Museu-del-Suro-Palafrugell-Girona-339x226.jpg 339w\" sizes=\"(max-width: 768px) 100vw, 768px\" \/>\t\t\t\t\t\t\t\t\t\t\t<figcaption class=\"widget-image-caption wp-caption-text\"><\/figcaption>\n\t\t\t\t\t\t\t\t\t\t<\/figure>\n\t\t\t\t\t\t\t\t\t<\/div>\n\t\t\t\t<\/div>\n\t\t\t\t<div class=\"elementor-element elementor-element-cbf2708 elementor-widget elementor-widget-image\" data-id=\"cbf2708\" data-element_type=\"widget\" data-e-type=\"widget\" data-widget_type=\"image.default\">\n\t\t\t\t<div class=\"elementor-widget-container\">\n\t\t\t\t\t\t\t\t\t\t\t\t<figure class=\"wp-caption\">\n\t\t\t\t\t\t\t\t\t\t<img loading=\"lazy\" decoding=\"async\" width=\"768\" height=\"512\" src=\"https:\/\/www.elturistatranquil.com\/wp-content\/uploads\/F60-Museu-del-Suro-Palafrugell-Girona.jpg\" class=\"attachment-large size-large wp-image-34399\" alt=\"Museu del Suro, Palafrugell, Girona\" srcset=\"https:\/\/www.elturistatranquil.com\/wp-content\/uploads\/F60-Museu-del-Suro-Palafrugell-Girona.jpg 768w, https:\/\/www.elturistatranquil.com\/wp-content\/uploads\/F60-Museu-del-Suro-Palafrugell-Girona-339x226.jpg 339w\" sizes=\"(max-width: 768px) 100vw, 768px\" \/>\t\t\t\t\t\t\t\t\t\t\t<figcaption class=\"widget-image-caption wp-caption-text\"><\/figcaption>\n\t\t\t\t\t\t\t\t\t\t<\/figure>\n\t\t\t\t\t\t\t\t\t<\/div>\n\t\t\t\t<\/div>\n\t\t\t\t<div class=\"elementor-element elementor-element-2b1c7aa elementor-widget elementor-widget-text-editor\" data-id=\"2b1c7aa\" data-element_type=\"widget\" data-e-type=\"widget\" data-widget_type=\"text-editor.default\">\n\t\t\t\t<div class=\"elementor-widget-container\">\n\t\t\t\t\t\t\t\t\t<p>Un producte que ara ens pot semblar ex\u00f2tic, va ser la fabricaci\u00f3 de <strong>cascos salacot<\/strong>.<\/p>\t\t\t\t\t\t\t\t<\/div>\n\t\t\t\t<\/div>\n\t\t\t\t<div class=\"elementor-element elementor-element-10d1a86 elementor-widget elementor-widget-image\" data-id=\"10d1a86\" data-element_type=\"widget\" data-e-type=\"widget\" data-widget_type=\"image.default\">\n\t\t\t\t<div class=\"elementor-widget-container\">\n\t\t\t\t\t\t\t\t\t\t\t\t<figure class=\"wp-caption\">\n\t\t\t\t\t\t\t\t\t\t<img loading=\"lazy\" decoding=\"async\" width=\"768\" height=\"511\" src=\"https:\/\/www.elturistatranquil.com\/wp-content\/uploads\/F61-Museu-del-Suro-Palafrugell-Girona.jpg\" class=\"attachment-large size-large wp-image-34401\" alt=\"Museu del Suro, Palafrugell, Girona\" srcset=\"https:\/\/www.elturistatranquil.com\/wp-content\/uploads\/F61-Museu-del-Suro-Palafrugell-Girona.jpg 768w, https:\/\/www.elturistatranquil.com\/wp-content\/uploads\/F61-Museu-del-Suro-Palafrugell-Girona-339x226.jpg 339w\" sizes=\"(max-width: 768px) 100vw, 768px\" \/>\t\t\t\t\t\t\t\t\t\t\t<figcaption class=\"widget-image-caption wp-caption-text\"><\/figcaption>\n\t\t\t\t\t\t\t\t\t\t<\/figure>\n\t\t\t\t\t\t\t\t\t<\/div>\n\t\t\t\t<\/div>\n\t\t\t\t<div class=\"elementor-element elementor-element-fd66028 elementor-widget elementor-widget-image\" data-id=\"fd66028\" data-element_type=\"widget\" data-e-type=\"widget\" data-widget_type=\"image.default\">\n\t\t\t\t<div class=\"elementor-widget-container\">\n\t\t\t\t\t\t\t\t\t\t\t\t<figure class=\"wp-caption\">\n\t\t\t\t\t\t\t\t\t\t<img loading=\"lazy\" decoding=\"async\" width=\"768\" height=\"511\" src=\"https:\/\/www.elturistatranquil.com\/wp-content\/uploads\/F62-Museu-del-Suro-Palafrugell-Girona.jpg\" class=\"attachment-large size-large wp-image-34403\" alt=\"Museu del Suro, Palafrugell, Girona\" srcset=\"https:\/\/www.elturistatranquil.com\/wp-content\/uploads\/F62-Museu-del-Suro-Palafrugell-Girona.jpg 768w, https:\/\/www.elturistatranquil.com\/wp-content\/uploads\/F62-Museu-del-Suro-Palafrugell-Girona-339x226.jpg 339w\" sizes=\"(max-width: 768px) 100vw, 768px\" \/>\t\t\t\t\t\t\t\t\t\t\t<figcaption class=\"widget-image-caption wp-caption-text\"><\/figcaption>\n\t\t\t\t\t\t\t\t\t\t<\/figure>\n\t\t\t\t\t\t\t\t\t<\/div>\n\t\t\t\t<\/div>\n\t\t\t\t<div class=\"elementor-element elementor-element-9c3a5af elementor-widget elementor-widget-text-editor\" data-id=\"9c3a5af\" data-element_type=\"widget\" data-e-type=\"widget\" data-widget_type=\"text-editor.default\">\n\t\t\t\t<div class=\"elementor-widget-container\">\n\t\t\t\t\t\t\t\t\t<p>Retrocedim a la nau principal (<strong>8<\/strong>). Amb diverses fotografies i objectes s\u2019introdueix l\u2019activitat de les oficines.<\/p><p>Les persones dedicades a l&#8217;activitat administrativa, als assentaments comptables, a la gesti\u00f3 de la producci\u00f3, al pagament de salaris i als prove\u00efdors, a l&#8217;expedici\u00f3 del producte, als tr\u00e0mits duaners, a les compres i vendes, etc., duien a terme una tasca no menys important que la pr\u00f2pia transformaci\u00f3 industrial. Altrament, ser un treballador amb maniguets, en altres \u00e8poques, podia ser considerat un \u00e8xit professional a la Vila.<\/p>\t\t\t\t\t\t\t\t<\/div>\n\t\t\t\t<\/div>\n\t\t\t\t<div class=\"elementor-element elementor-element-92cf886 elementor-widget elementor-widget-image\" data-id=\"92cf886\" data-element_type=\"widget\" data-e-type=\"widget\" data-widget_type=\"image.default\">\n\t\t\t\t<div class=\"elementor-widget-container\">\n\t\t\t\t\t\t\t\t\t\t\t\t<figure class=\"wp-caption\">\n\t\t\t\t\t\t\t\t\t\t<img loading=\"lazy\" decoding=\"async\" width=\"768\" height=\"511\" src=\"https:\/\/www.elturistatranquil.com\/wp-content\/uploads\/F65-Museu-del-Suro-Palafrugell-Girona.jpg\" class=\"attachment-large size-large wp-image-34409\" alt=\"Museu del Suro, Palafrugell, Girona\" srcset=\"https:\/\/www.elturistatranquil.com\/wp-content\/uploads\/F65-Museu-del-Suro-Palafrugell-Girona.jpg 768w, https:\/\/www.elturistatranquil.com\/wp-content\/uploads\/F65-Museu-del-Suro-Palafrugell-Girona-339x226.jpg 339w\" sizes=\"(max-width: 768px) 100vw, 768px\" \/>\t\t\t\t\t\t\t\t\t\t\t<figcaption class=\"widget-image-caption wp-caption-text\"><\/figcaption>\n\t\t\t\t\t\t\t\t\t\t<\/figure>\n\t\t\t\t\t\t\t\t\t<\/div>\n\t\t\t\t<\/div>\n\t\t\t\t<div class=\"elementor-element elementor-element-eb1ab04 elementor-widget elementor-widget-image\" data-id=\"eb1ab04\" data-element_type=\"widget\" data-e-type=\"widget\" data-widget_type=\"image.default\">\n\t\t\t\t<div class=\"elementor-widget-container\">\n\t\t\t\t\t\t\t\t\t\t\t\t<figure class=\"wp-caption\">\n\t\t\t\t\t\t\t\t\t\t<img loading=\"lazy\" decoding=\"async\" width=\"768\" height=\"511\" src=\"https:\/\/www.elturistatranquil.com\/wp-content\/uploads\/F66-Museu-del-Suro-Palafrugell-Girona.jpg\" class=\"attachment-large size-large wp-image-34411\" alt=\"Museu del Suro, Palafrugell, Girona\" srcset=\"https:\/\/www.elturistatranquil.com\/wp-content\/uploads\/F66-Museu-del-Suro-Palafrugell-Girona.jpg 768w, https:\/\/www.elturistatranquil.com\/wp-content\/uploads\/F66-Museu-del-Suro-Palafrugell-Girona-339x226.jpg 339w\" sizes=\"(max-width: 768px) 100vw, 768px\" \/>\t\t\t\t\t\t\t\t\t\t\t<figcaption class=\"widget-image-caption wp-caption-text\"><\/figcaption>\n\t\t\t\t\t\t\t\t\t\t<\/figure>\n\t\t\t\t\t\t\t\t\t<\/div>\n\t\t\t\t<\/div>\n\t\t\t\t<div class=\"elementor-element elementor-element-fa7c3be elementor-widget elementor-widget-heading\" data-id=\"fa7c3be\" data-element_type=\"widget\" data-e-type=\"widget\" data-widget_type=\"heading.default\">\n\t\t\t\t<div class=\"elementor-widget-container\">\n\t\t\t\t\t<h4 class=\"elementor-heading-title elementor-size-default\">Art en suro<\/h4>\t\t\t\t<\/div>\n\t\t\t\t<\/div>\n\t\t\t\t<div class=\"elementor-element elementor-element-866d559 elementor-widget elementor-widget-text-editor\" data-id=\"866d559\" data-element_type=\"widget\" data-e-type=\"widget\" data-widget_type=\"text-editor.default\">\n\t\t\t\t<div class=\"elementor-widget-container\">\n\t\t\t\t\t\t\t\t\t<p>Per acabar el recorregut, al fons l\u2019espai <strong>Art en suro <\/strong>(<strong>9<\/strong>).<\/p><p>Com ja s\u2019ha assenyalat abans, a los zones de producci\u00f3 de suro es f\u00e0cil trobar-hi aplicacions art\u00edstiques, de les que s\u2019exposen una col\u00b7lecci\u00f3 de mostres en el fons d\u2019aquesta sala.<\/p>\t\t\t\t\t\t\t\t<\/div>\n\t\t\t\t<\/div>\n\t\t\t\t<div class=\"elementor-element elementor-element-a0f5de8 elementor-widget elementor-widget-image\" data-id=\"a0f5de8\" data-element_type=\"widget\" data-e-type=\"widget\" data-widget_type=\"image.default\">\n\t\t\t\t<div class=\"elementor-widget-container\">\n\t\t\t\t\t\t\t\t\t\t\t\t<figure class=\"wp-caption\">\n\t\t\t\t\t\t\t\t\t\t<img loading=\"lazy\" decoding=\"async\" width=\"768\" height=\"511\" src=\"https:\/\/www.elturistatranquil.com\/wp-content\/uploads\/F67-Museu-del-Suro-Palafrugell-Girona.jpg\" class=\"attachment-large size-large wp-image-34413\" alt=\"Museu del Suro, Palafrugell, Girona\" srcset=\"https:\/\/www.elturistatranquil.com\/wp-content\/uploads\/F67-Museu-del-Suro-Palafrugell-Girona.jpg 768w, https:\/\/www.elturistatranquil.com\/wp-content\/uploads\/F67-Museu-del-Suro-Palafrugell-Girona-339x226.jpg 339w\" sizes=\"(max-width: 768px) 100vw, 768px\" \/>\t\t\t\t\t\t\t\t\t\t\t<figcaption class=\"widget-image-caption wp-caption-text\"><\/figcaption>\n\t\t\t\t\t\t\t\t\t\t<\/figure>\n\t\t\t\t\t\t\t\t\t<\/div>\n\t\t\t\t<\/div>\n\t\t\t\t<div class=\"elementor-element elementor-element-a9e6e01 elementor-widget elementor-widget-heading\" data-id=\"a9e6e01\" data-element_type=\"widget\" data-e-type=\"widget\" data-widget_type=\"heading.default\">\n\t\t\t\t<div class=\"elementor-widget-container\">\n\t\t\t\t\t<h4 class=\"elementor-heading-title elementor-size-default\">Espai exposicions temporals<\/h4>\t\t\t\t<\/div>\n\t\t\t\t<\/div>\n\t\t\t\t<div class=\"elementor-element elementor-element-ce48a35 elementor-widget elementor-widget-text-editor\" data-id=\"ce48a35\" data-element_type=\"widget\" data-e-type=\"widget\" data-widget_type=\"text-editor.default\">\n\t\t\t\t<div class=\"elementor-widget-container\">\n\t\t\t\t\t\t\t\t\t<p>La nau sud i la zona d\u2019enlla\u00e7 amb la nau nord, en el front oest que limita amb la fa\u00e7ana (<strong>10<\/strong>,<strong> 11<\/strong>), la sala est\u00e0 destinada a exposicions temporals.<\/p><p>Ens permet observar l\u2019escala de cargol per la que es puja a la torre de la fa\u00e7ana, aix\u00ed com l\u2019estructura de les naus.<\/p>\t\t\t\t\t\t\t\t<\/div>\n\t\t\t\t<\/div>\n\t\t\t\t<div class=\"elementor-element elementor-element-59eaba2 elementor-widget elementor-widget-image\" data-id=\"59eaba2\" data-element_type=\"widget\" data-e-type=\"widget\" data-widget_type=\"image.default\">\n\t\t\t\t<div class=\"elementor-widget-container\">\n\t\t\t\t\t\t\t\t\t\t\t\t<figure class=\"wp-caption\">\n\t\t\t\t\t\t\t\t\t\t<img loading=\"lazy\" decoding=\"async\" width=\"768\" height=\"512\" src=\"https:\/\/www.elturistatranquil.com\/wp-content\/uploads\/F63-Museu-del-Suro-Palafrugell-Girona.jpg\" class=\"attachment-large size-large wp-image-34405\" alt=\"Museu del Suro, Palafrugell, Girona\" srcset=\"https:\/\/www.elturistatranquil.com\/wp-content\/uploads\/F63-Museu-del-Suro-Palafrugell-Girona.jpg 768w, https:\/\/www.elturistatranquil.com\/wp-content\/uploads\/F63-Museu-del-Suro-Palafrugell-Girona-339x226.jpg 339w\" sizes=\"(max-width: 768px) 100vw, 768px\" \/>\t\t\t\t\t\t\t\t\t\t\t<figcaption class=\"widget-image-caption wp-caption-text\"><\/figcaption>\n\t\t\t\t\t\t\t\t\t\t<\/figure>\n\t\t\t\t\t\t\t\t\t<\/div>\n\t\t\t\t<\/div>\n\t\t\t\t<div class=\"elementor-element elementor-element-e3e6bdb elementor-widget elementor-widget-menu-anchor\" data-id=\"e3e6bdb\" data-element_type=\"widget\" data-e-type=\"widget\" data-widget_type=\"menu-anchor.default\">\n\t\t\t\t<div class=\"elementor-widget-container\">\n\t\t\t\t\t\t\t<div class=\"elementor-menu-anchor\" id=\"b5212\"><\/div>\n\t\t\t\t\t\t<\/div>\n\t\t\t\t<\/div>\n\t\t\t\t<div class=\"elementor-element elementor-element-d364fee elementor-widget elementor-widget-image\" data-id=\"d364fee\" data-element_type=\"widget\" data-e-type=\"widget\" data-widget_type=\"image.default\">\n\t\t\t\t<div class=\"elementor-widget-container\">\n\t\t\t\t\t\t\t\t\t\t\t\t<figure class=\"wp-caption\">\n\t\t\t\t\t\t\t\t\t\t<img loading=\"lazy\" decoding=\"async\" width=\"768\" height=\"511\" src=\"https:\/\/www.elturistatranquil.com\/wp-content\/uploads\/F64-Museu-del-Suro-Palafrugell-Girona.jpg\" class=\"attachment-large size-large wp-image-34407\" alt=\"Museu del Suro, Palafrugell, Girona\" srcset=\"https:\/\/www.elturistatranquil.com\/wp-content\/uploads\/F64-Museu-del-Suro-Palafrugell-Girona.jpg 768w, https:\/\/www.elturistatranquil.com\/wp-content\/uploads\/F64-Museu-del-Suro-Palafrugell-Girona-339x226.jpg 339w\" sizes=\"(max-width: 768px) 100vw, 768px\" \/>\t\t\t\t\t\t\t\t\t\t\t<figcaption class=\"widget-image-caption wp-caption-text\"><\/figcaption>\n\t\t\t\t\t\t\t\t\t\t<\/figure>\n\t\t\t\t\t\t\t\t\t<\/div>\n\t\t\t\t<\/div>\n\t\t\t\t<div class=\"elementor-element elementor-element-1339df0 elementor-widget elementor-widget-heading\" data-id=\"1339df0\" data-element_type=\"widget\" data-e-type=\"widget\" data-widget_type=\"heading.default\">\n\t\t\t\t<div class=\"elementor-widget-container\">\n\t\t\t\t\t<h2 class=\"elementor-heading-title elementor-size-default\">Edifici \u201cCal Ganx\u00f3\u201d<\/h2>\t\t\t\t<\/div>\n\t\t\t\t<\/div>\n\t\t\t\t<div class=\"elementor-element elementor-element-0d8933f elementor-widget elementor-widget-text-editor\" data-id=\"0d8933f\" data-element_type=\"widget\" data-e-type=\"widget\" data-widget_type=\"text-editor.default\">\n\t\t\t\t<div class=\"elementor-widget-container\">\n\t\t\t\t\t\t\t\t\t<p>A l\u2019exterior nord-oest s\u2019al\u00e7a <strong>\u201cCal Ganx\u00f3\u201d <\/strong>(<strong>B<\/strong>), un edifici del segle XIX, d\u2019estil \u00a0ecl\u00e8ctic amb elements modernistes i neocl\u00e0ssics. La casa es la va fer construir Juan Reig Bonay entre 1897-1898, per l\u2019arquitecte <em>Pere Brias Torrent<\/em>.<\/p><p>Est\u00e0 catalogada a com a <em>B\u00e9 Cultural d\u2019Inter\u00e8s Local<\/em> (BCIL).<\/p><p>Aquest casal ja existia quan es constru\u00ed la factoria surera Miquel y Vincke entre 1900-1904, situada al seu costat. M\u00e9s endavant la casa fou adquirida i adjuntada a la propietat de la f\u00e0brica.<\/p><p>Cal suposar que el nom amb el qual \u00e9s coneguda la casa, indica que fou bastida per un fill de Sant Feliu de Gu\u00edxols (\u201cganxons\u201d, malnom donat als guixolencs pels pobles ve\u00efns).<\/p><p>\u00c9s un edifici de planta rectangular,\u00a0i consta de planta baixa i dos pisos. La fa\u00e7ana principal, al carrer Pi i Margall, es divideix en tres crugies, reflectides exteriorment per bandes verticals que imiten encoixinat i en tres pisos separats per l\u00ednies d&#8217;imposta. Presenta una distribuci\u00f3 sim\u00e8trica de les obertures.<\/p><p>Actualment forma part de les depend\u00e8ncies del Museu, i allotja el <strong>Centre de documentaci\u00f3<\/strong> i l\u2019<strong>Administraci\u00f3<\/strong>.<\/p><p>Existeixen plans per adaptar-hi un espai d&#8217;enoteca\/vinoteca.<\/p>\t\t\t\t\t\t\t\t<\/div>\n\t\t\t\t<\/div>\n\t\t\t\t<div class=\"elementor-element elementor-element-ff3c37a elementor-widget elementor-widget-image\" data-id=\"ff3c37a\" data-element_type=\"widget\" data-e-type=\"widget\" data-widget_type=\"image.default\">\n\t\t\t\t<div class=\"elementor-widget-container\">\n\t\t\t\t\t\t\t\t\t\t\t\t<figure class=\"wp-caption\">\n\t\t\t\t\t\t\t\t\t\t<img loading=\"lazy\" decoding=\"async\" width=\"768\" height=\"512\" src=\"https:\/\/www.elturistatranquil.com\/wp-content\/uploads\/F68-Cal-Ganxo-Museu-del-Suro-Palafrugell-Girona.jpg\" class=\"attachment-large size-large wp-image-34415\" alt=\"Cal Ganxo, Museu del Suro, Palafrugell, Girona\" srcset=\"https:\/\/www.elturistatranquil.com\/wp-content\/uploads\/F68-Cal-Ganxo-Museu-del-Suro-Palafrugell-Girona.jpg 768w, https:\/\/www.elturistatranquil.com\/wp-content\/uploads\/F68-Cal-Ganxo-Museu-del-Suro-Palafrugell-Girona-339x226.jpg 339w\" sizes=\"(max-width: 768px) 100vw, 768px\" \/>\t\t\t\t\t\t\t\t\t\t\t<figcaption class=\"widget-image-caption wp-caption-text\"><\/figcaption>\n\t\t\t\t\t\t\t\t\t\t<\/figure>\n\t\t\t\t\t\t\t\t\t<\/div>\n\t\t\t\t<\/div>\n\t\t\t\t<div class=\"elementor-element elementor-element-fd6ad3c elementor-widget elementor-widget-image\" data-id=\"fd6ad3c\" data-element_type=\"widget\" data-e-type=\"widget\" data-widget_type=\"image.default\">\n\t\t\t\t<div class=\"elementor-widget-container\">\n\t\t\t\t\t\t\t\t\t\t\t\t<figure class=\"wp-caption\">\n\t\t\t\t\t\t\t\t\t\t<img loading=\"lazy\" decoding=\"async\" width=\"768\" height=\"512\" src=\"https:\/\/www.elturistatranquil.com\/wp-content\/uploads\/F69-Cal-Ganxo-Museu-del-Suro-Palafrugell-Girona.jpg\" class=\"attachment-large size-large wp-image-34417\" alt=\"Cal Ganxo, Museu del Suro, Palafrugell, Girona\" srcset=\"https:\/\/www.elturistatranquil.com\/wp-content\/uploads\/F69-Cal-Ganxo-Museu-del-Suro-Palafrugell-Girona.jpg 768w, https:\/\/www.elturistatranquil.com\/wp-content\/uploads\/F69-Cal-Ganxo-Museu-del-Suro-Palafrugell-Girona-339x226.jpg 339w\" sizes=\"(max-width: 768px) 100vw, 768px\" \/>\t\t\t\t\t\t\t\t\t\t\t<figcaption class=\"widget-image-caption wp-caption-text\"><\/figcaption>\n\t\t\t\t\t\t\t\t\t\t<\/figure>\n\t\t\t\t\t\t\t\t\t<\/div>\n\t\t\t\t<\/div>\n\t\t\t\t<div class=\"elementor-element elementor-element-3620c83 elementor-widget elementor-widget-menu-anchor\" data-id=\"3620c83\" data-element_type=\"widget\" data-e-type=\"widget\" data-widget_type=\"menu-anchor.default\">\n\t\t\t\t<div class=\"elementor-widget-container\">\n\t\t\t\t\t\t\t<div class=\"elementor-menu-anchor\" id=\"b5213\"><\/div>\n\t\t\t\t\t\t<\/div>\n\t\t\t\t<\/div>\n\t\t\t\t<div class=\"elementor-element elementor-element-07c133a elementor-widget elementor-widget-image\" data-id=\"07c133a\" data-element_type=\"widget\" data-e-type=\"widget\" data-widget_type=\"image.default\">\n\t\t\t\t<div class=\"elementor-widget-container\">\n\t\t\t\t\t\t\t\t\t\t\t\t<figure class=\"wp-caption\">\n\t\t\t\t\t\t\t\t\t\t<img loading=\"lazy\" decoding=\"async\" width=\"768\" height=\"512\" src=\"https:\/\/www.elturistatranquil.com\/wp-content\/uploads\/F70-Cal-Ganxo-Museu-del-Suro-Palafrugell-Girona.jpg\" class=\"attachment-large size-large wp-image-34419\" alt=\"Cal Ganxo, Museu del Suro, Palafrugell, Girona\" srcset=\"https:\/\/www.elturistatranquil.com\/wp-content\/uploads\/F70-Cal-Ganxo-Museu-del-Suro-Palafrugell-Girona.jpg 768w, https:\/\/www.elturistatranquil.com\/wp-content\/uploads\/F70-Cal-Ganxo-Museu-del-Suro-Palafrugell-Girona-339x226.jpg 339w\" sizes=\"(max-width: 768px) 100vw, 768px\" \/>\t\t\t\t\t\t\t\t\t\t\t<figcaption class=\"widget-image-caption wp-caption-text\"><\/figcaption>\n\t\t\t\t\t\t\t\t\t\t<\/figure>\n\t\t\t\t\t\t\t\t\t<\/div>\n\t\t\t\t<\/div>\n\t\t\t\t<div class=\"elementor-element elementor-element-ee9aca3 elementor-widget elementor-widget-heading\" data-id=\"ee9aca3\" data-element_type=\"widget\" data-e-type=\"widget\" data-widget_type=\"heading.default\">\n\t\t\t\t<div class=\"elementor-widget-container\">\n\t\t\t\t\t<h2 class=\"elementor-heading-title elementor-size-default\">Bases d\u2019informaci\u00f3<\/h2>\t\t\t\t<\/div>\n\t\t\t\t<\/div>\n\t\t\t\t<div class=\"elementor-element elementor-element-19231733 elementor-widget elementor-widget-text-editor\" data-id=\"19231733\" data-element_type=\"widget\" data-e-type=\"widget\" data-widget_type=\"text-editor.default\">\n\t\t\t\t<div class=\"elementor-widget-container\">\n\t\t\t\t\t\t\t\t\t<p><strong>Webs<\/strong><\/p><p><a href=\"https:\/\/visitmuseum.gencat.cat\/es\/museu-del-suro-de-palafrugell\" target=\"_blank\" rel=\"noopener\">visitmuseum<\/a><\/p><p><a href=\"https:\/\/ca.wikipedia.org\/wiki\/Museu_del_Suro_de_Palafrugell\" target=\"_blank\" rel=\"noopener\">wikipedia.ca<\/a><\/p><p><a href=\"https:\/\/es.wikipedia.org\/wiki\/Museo_del_Corcho_de_Palafrugell\" target=\"_blank\" rel=\"noopener\">wikipedia.es<\/a><\/p><p><a href=\"https:\/\/www.enciclopedia.cat\/ec-gec-0245070.xml\" target=\"_blank\" rel=\"noopener\">granenciclopediacatalana<\/a><\/p><p><a href=\"http:\/\/www.vinseum.cat\/FitxersDescarrega\/225_10%20Cork%20in%20progress.pdf\" target=\"_blank\" rel=\"noopener\">cork in progress<\/a><\/p><p><a href=\"http:\/\/invarquit.cultura.gencat.cat\/Cerca\/FitxaGeneral?index=0&amp;consulta=MSUxK2FybXN0cm9uZyUyKy0xJQ%3D%3D&amp;codi=4147\" target=\"_blank\" rel=\"noopener\">patrimoni<\/a><\/p><p><a href=\"https:\/\/museudelsuro.cat\/premsa\/galeria-dimatges-i-filmacions\/\" target=\"_blank\" rel=\"noopener\">galeria d&#8217;imatges i filmacions<\/a><\/p><p><strong>Webs academic<\/strong><\/p><p>Dossier de Premsa. <a href=\"https:\/\/museudelsuro.cat\/wp-content\/uploads\/2016\/03\/dossier_premsa_inauguracio_nou_msp.pdf\" target=\"_blank\" rel=\"noopener\"><em>Inauguraci\u00f3 del nou Museu del Suro de Palafrugell<\/em><\/a><\/p><p>Josep Espadal\u00e9. <a href=\"https:\/\/www.raco.cat\/index.php\/Revistaetnologia\/article\/viewFile\/48569\/56605\" target=\"_blank\" rel=\"noopener\"><em>El Museu del Suro de Palafrugell<\/em><\/a><\/p><p>Josep Espadal\u00e9. <a href=\"https:\/\/revistes.udg.edu\/revista-girona\/article\/download\/17675\/21521\" target=\"_blank\" rel=\"noopener\"><em>El cas de la industria suro-tapera<\/em><\/a><\/p><p>X. F\u00e0bregas i Comadran. <a href=\"https:\/\/ddd.uab.cat\/pub\/fotos\/xfabregas\/217040\/MOSuro.pdf\" target=\"_blank\" rel=\"noopener\"><em>Mem\u00f2ria oral del suro<\/em><\/a><\/p><p>Juan Carlos Guerra Velasco. <a href=\"https:\/\/www.raco.cat\/index.php\/HistoriaIndustrial\/article\/view\/290124\" target=\"_blank\" rel=\"noopener\"><em>La industria corcho-taponera en el noroeste de Espa\u00f1a: origen y evoluci\u00f3n de una actividad de perfil artesanal (1827-1977)<\/em><\/a><\/p><p>Francisco Manuel Parejo Moruno. <a href=\"https:\/\/repositorio.bde.es\/bitstream\/123456789\/7393\/1\/roja57.pdf\" target=\"_blank\" rel=\"noopener\"><em>El negocio del corcho en Espa\u00f1a durante el siglo XX<\/em><\/a><\/p><p>Xavier Paunero i Amig\u00f3. <em><a href=\"https:\/\/www.tdx.cat\/bitstream\/handle\/10803\/4982\/xpa6de8.pdf?sequence=6&amp;isAllowed=y\" target=\"_blank\" rel=\"noopener\">Ind\u00fastria end\u00f2gena i transnacionalitzaci\u00f3. El cas de la ind\u00fastris alimentaria a les comarques gironines<\/a> <\/em>(Tesi Doctoral)<\/p><p>Xavier Paunero i Amigo. <a href=\"https:\/\/dugi-doc.udg.edu\/bitstream\/handle\/10256\/5688\/43506.pdf?sequence=1\" target=\"_blank\" rel=\"noopener\"><em>Comarca del suro o districte industrial. Geografia hist\u00f2rica d&#8217;un model urb\u00e0 de base productiva<\/em><\/a><\/p><p>Santiago Zapata Blanco (ed.). <a href=\"https:\/\/recyt.fecyt.es\/index.php\/IHE\/article\/viewFile\/70318\/42527\" target=\"_blank\" rel=\"noopener\"><em>Alcornocales e industria corchera: hoy, ayer y ma\u00f1ana<\/em> (Rese\u00f1a)<\/a><\/p>\t\t\t\t\t\t\t\t<\/div>\n\t\t\t\t<\/div>\n\t\t\t\t\t<\/div>\n\t\t<\/div>\n\t\t\t\t\t<\/div>\n\t\t<\/section>\n\t\t\t\t<\/div>\n\t\t","protected":false},"excerpt":{"rendered":"<p>Con\u00e8ixer el patrimoni industrial pot ser un bon motiu de turisme cultural.\u00a0 Proposo visitar el Museu del Suro de Palafrugell (Girona). Museu del Suro de Palafrugell. Baix Empord\u00e0. Girona Museo &#8230; <a title=\"Museu del Suro de Palafrugell (Girona)\" class=\"read-more\" href=\"https:\/\/www.elturistatranquil.com\/ca\/museu-del-suro-de-palafrugell-girona\/\" aria-label=\"M\u00e9s informaci\u00f3 sobre Museu del Suro de Palafrugell (Girona)\">[ &#8230; ]<\/a><\/p>\n","protected":false},"author":1,"featured_media":34250,"comment_status":"open","ping_status":"closed","sticky":false,"template":"","format":"standard","meta":{"footnotes":""},"categories":[70,135,83,87,89,92,69,106,107,30,110],"tags":[],"class_list":["post-34445","post","type-post","status-publish","format-standard","has-post-thumbnail","hentry","category-arquitectura-civil-ca","category-girona-ca","category-historia-ca","category-joies-al-territori","category-modernisme","category-museus","category-arqueologia-industrial-ca","category-segle-xviii-xix","category-segle-xx-xxi","category-uncategorized-ca","category-vila","infinite-scroll-item","generate-columns","tablet-grid-50","mobile-grid-100","grid-parent","grid-50","no-featured-image-padding"],"yoast_head":"<!-- This site is optimized with the Yoast SEO plugin v27.4 - https:\/\/yoast.com\/product\/yoast-seo-wordpress\/ -->\n<title>Museu del Suro de Palafrugell (Girona) - El turista tranquil<\/title>\n<meta name=\"description\" content=\"Con\u00e8ixer el patrimoni industrial pot ser un bon motiu de turisme cultural. Proposo visitar el Museu del Suro de Palafrugell (Girona).\" \/>\n<meta name=\"robots\" content=\"index, follow, max-snippet:-1, max-image-preview:large, max-video-preview:-1\" \/>\n<link rel=\"canonical\" href=\"https:\/\/www.elturistatranquil.com\/ca\/museu-del-suro-de-palafrugell-girona\/\" \/>\n<meta property=\"og:locale\" content=\"ca_ES\" \/>\n<meta property=\"og:type\" content=\"article\" \/>\n<meta property=\"og:title\" content=\"Museu del Suro de Palafrugell (Girona) - El turista tranquil\" \/>\n<meta property=\"og:description\" content=\"Con\u00e8ixer el patrimoni industrial pot ser un bon motiu de turisme cultural. Proposo visitar el Museu del Suro de Palafrugell (Girona).\" \/>\n<meta property=\"og:url\" content=\"https:\/\/www.elturistatranquil.com\/ca\/museu-del-suro-de-palafrugell-girona\/\" \/>\n<meta property=\"og:site_name\" content=\"El turista tranquil\" \/>\n<meta property=\"article:publisher\" content=\"https:\/\/www.facebook.com\/elturistatranquilo\/\" \/>\n<meta property=\"article:published_time\" content=\"2021-01-23T08:30:15+00:00\" \/>\n<meta property=\"article:modified_time\" content=\"2021-01-23T08:52:50+00:00\" \/>\n<meta property=\"og:image\" content=\"https:\/\/www.elturistatranquil.com\/wp-content\/uploads\/F19-Museu-del-Suro-Palafrugell-Girona.jpg\" \/>\n\t<meta property=\"og:image:width\" content=\"768\" \/>\n\t<meta property=\"og:image:height\" content=\"512\" \/>\n\t<meta property=\"og:image:type\" content=\"image\/jpeg\" \/>\n<meta name=\"author\" content=\"admin\" \/>\n<meta name=\"twitter:card\" content=\"summary_large_image\" \/>\n<meta name=\"twitter:label1\" content=\"Escrit per\" \/>\n\t<meta name=\"twitter:data1\" content=\"admin\" \/>\n\t<meta name=\"twitter:label2\" content=\"Temps estimat de lectura\" \/>\n\t<meta name=\"twitter:data2\" content=\"21 minuts\" \/>\n<script type=\"application\/ld+json\" class=\"yoast-schema-graph\">{\"@context\":\"https:\\\/\\\/schema.org\",\"@graph\":[{\"@type\":\"Article\",\"@id\":\"https:\\\/\\\/www.elturistatranquil.com\\\/ca\\\/museu-del-suro-de-palafrugell-girona\\\/#article\",\"isPartOf\":{\"@id\":\"https:\\\/\\\/www.elturistatranquil.com\\\/ca\\\/museu-del-suro-de-palafrugell-girona\\\/\"},\"author\":{\"name\":\"admin\",\"@id\":\"https:\\\/\\\/www.elturistatranquil.com\\\/ca\\\/#\\\/schema\\\/person\\\/16f607c3079b96ed0c530a52e6b58bb5\"},\"headline\":\"Museu del Suro de Palafrugell (Girona)\",\"datePublished\":\"2021-01-23T08:30:15+00:00\",\"dateModified\":\"2021-01-23T08:52:50+00:00\",\"mainEntityOfPage\":{\"@id\":\"https:\\\/\\\/www.elturistatranquil.com\\\/ca\\\/museu-del-suro-de-palafrugell-girona\\\/\"},\"wordCount\":4197,\"commentCount\":0,\"image\":{\"@id\":\"https:\\\/\\\/www.elturistatranquil.com\\\/ca\\\/museu-del-suro-de-palafrugell-girona\\\/#primaryimage\"},\"thumbnailUrl\":\"https:\\\/\\\/www.elturistatranquil.com\\\/wp-content\\\/uploads\\\/F19-Museu-del-Suro-Palafrugell-Girona.jpg\",\"articleSection\":[\"Arquitectura civil\",\"Girona\",\"Hist\u00f2ria\",\"Joies al territori\",\"Modernisme\",\"Museus\",\"Patrimoni econ\u00f2mic\\\/productiu\",\"Segle XVIII-XIX\",\"Segle XX-XXI\",\"Uncategorized @ca\",\"Vila\"],\"inLanguage\":\"ca\",\"potentialAction\":[{\"@type\":\"CommentAction\",\"name\":\"Comment\",\"target\":[\"https:\\\/\\\/www.elturistatranquil.com\\\/ca\\\/museu-del-suro-de-palafrugell-girona\\\/#respond\"]}]},{\"@type\":\"WebPage\",\"@id\":\"https:\\\/\\\/www.elturistatranquil.com\\\/ca\\\/museu-del-suro-de-palafrugell-girona\\\/\",\"url\":\"https:\\\/\\\/www.elturistatranquil.com\\\/ca\\\/museu-del-suro-de-palafrugell-girona\\\/\",\"name\":\"Museu del Suro de Palafrugell (Girona) - El turista tranquil\",\"isPartOf\":{\"@id\":\"https:\\\/\\\/www.elturistatranquil.com\\\/ca\\\/#website\"},\"primaryImageOfPage\":{\"@id\":\"https:\\\/\\\/www.elturistatranquil.com\\\/ca\\\/museu-del-suro-de-palafrugell-girona\\\/#primaryimage\"},\"image\":{\"@id\":\"https:\\\/\\\/www.elturistatranquil.com\\\/ca\\\/museu-del-suro-de-palafrugell-girona\\\/#primaryimage\"},\"thumbnailUrl\":\"https:\\\/\\\/www.elturistatranquil.com\\\/wp-content\\\/uploads\\\/F19-Museu-del-Suro-Palafrugell-Girona.jpg\",\"datePublished\":\"2021-01-23T08:30:15+00:00\",\"dateModified\":\"2021-01-23T08:52:50+00:00\",\"author\":{\"@id\":\"https:\\\/\\\/www.elturistatranquil.com\\\/ca\\\/#\\\/schema\\\/person\\\/16f607c3079b96ed0c530a52e6b58bb5\"},\"description\":\"Con\u00e8ixer el patrimoni industrial pot ser un bon motiu de turisme cultural. Proposo visitar el Museu del Suro de Palafrugell (Girona).\",\"breadcrumb\":{\"@id\":\"https:\\\/\\\/www.elturistatranquil.com\\\/ca\\\/museu-del-suro-de-palafrugell-girona\\\/#breadcrumb\"},\"inLanguage\":\"ca\",\"potentialAction\":[{\"@type\":\"ReadAction\",\"target\":[\"https:\\\/\\\/www.elturistatranquil.com\\\/ca\\\/museu-del-suro-de-palafrugell-girona\\\/\"]}]},{\"@type\":\"ImageObject\",\"inLanguage\":\"ca\",\"@id\":\"https:\\\/\\\/www.elturistatranquil.com\\\/ca\\\/museu-del-suro-de-palafrugell-girona\\\/#primaryimage\",\"url\":\"https:\\\/\\\/www.elturistatranquil.com\\\/wp-content\\\/uploads\\\/F19-Museu-del-Suro-Palafrugell-Girona.jpg\",\"contentUrl\":\"https:\\\/\\\/www.elturistatranquil.com\\\/wp-content\\\/uploads\\\/F19-Museu-del-Suro-Palafrugell-Girona.jpg\",\"width\":768,\"height\":512,\"caption\":\"Museu del Suro, Palafrugell, Girona\"},{\"@type\":\"BreadcrumbList\",\"@id\":\"https:\\\/\\\/www.elturistatranquil.com\\\/ca\\\/museu-del-suro-de-palafrugell-girona\\\/#breadcrumb\",\"itemListElement\":[{\"@type\":\"ListItem\",\"position\":1,\"name\":\"Portada\",\"item\":\"https:\\\/\\\/www.elturistatranquil.com\\\/ca\\\/\"},{\"@type\":\"ListItem\",\"position\":2,\"name\":\"Museu del Suro de Palafrugell (Girona)\"}]},{\"@type\":\"WebSite\",\"@id\":\"https:\\\/\\\/www.elturistatranquil.com\\\/ca\\\/#website\",\"url\":\"https:\\\/\\\/www.elturistatranquil.com\\\/ca\\\/\",\"name\":\"El turista tranquil\",\"description\":\"Blog de viatges\",\"potentialAction\":[{\"@type\":\"SearchAction\",\"target\":{\"@type\":\"EntryPoint\",\"urlTemplate\":\"https:\\\/\\\/www.elturistatranquil.com\\\/ca\\\/?s={search_term_string}\"},\"query-input\":{\"@type\":\"PropertyValueSpecification\",\"valueRequired\":true,\"valueName\":\"search_term_string\"}}],\"inLanguage\":\"ca\"},{\"@type\":\"Person\",\"@id\":\"https:\\\/\\\/www.elturistatranquil.com\\\/ca\\\/#\\\/schema\\\/person\\\/16f607c3079b96ed0c530a52e6b58bb5\",\"name\":\"admin\",\"image\":{\"@type\":\"ImageObject\",\"inLanguage\":\"ca\",\"@id\":\"https:\\\/\\\/secure.gravatar.com\\\/avatar\\\/1fbaf22aee75fcbb29a2f97b107f95d25d3a19b7c3416105be10269872673e8d?s=96&d=mm&r=g\",\"url\":\"https:\\\/\\\/secure.gravatar.com\\\/avatar\\\/1fbaf22aee75fcbb29a2f97b107f95d25d3a19b7c3416105be10269872673e8d?s=96&d=mm&r=g\",\"contentUrl\":\"https:\\\/\\\/secure.gravatar.com\\\/avatar\\\/1fbaf22aee75fcbb29a2f97b107f95d25d3a19b7c3416105be10269872673e8d?s=96&d=mm&r=g\",\"caption\":\"admin\"}}]}<\/script>\n<!-- \/ Yoast SEO plugin. -->","yoast_head_json":{"title":"Museu del Suro de Palafrugell (Girona) - El turista tranquil","description":"Con\u00e8ixer el patrimoni industrial pot ser un bon motiu de turisme cultural. Proposo visitar el Museu del Suro de Palafrugell (Girona).","robots":{"index":"index","follow":"follow","max-snippet":"max-snippet:-1","max-image-preview":"max-image-preview:large","max-video-preview":"max-video-preview:-1"},"canonical":"https:\/\/www.elturistatranquil.com\/ca\/museu-del-suro-de-palafrugell-girona\/","og_locale":"ca_ES","og_type":"article","og_title":"Museu del Suro de Palafrugell (Girona) - El turista tranquil","og_description":"Con\u00e8ixer el patrimoni industrial pot ser un bon motiu de turisme cultural. Proposo visitar el Museu del Suro de Palafrugell (Girona).","og_url":"https:\/\/www.elturistatranquil.com\/ca\/museu-del-suro-de-palafrugell-girona\/","og_site_name":"El turista tranquil","article_publisher":"https:\/\/www.facebook.com\/elturistatranquilo\/","article_published_time":"2021-01-23T08:30:15+00:00","article_modified_time":"2021-01-23T08:52:50+00:00","og_image":[{"width":768,"height":512,"url":"https:\/\/www.elturistatranquil.com\/wp-content\/uploads\/F19-Museu-del-Suro-Palafrugell-Girona.jpg","type":"image\/jpeg"}],"author":"admin","twitter_card":"summary_large_image","twitter_misc":{"Escrit per":"admin","Temps estimat de lectura":"21 minuts"},"schema":{"@context":"https:\/\/schema.org","@graph":[{"@type":"Article","@id":"https:\/\/www.elturistatranquil.com\/ca\/museu-del-suro-de-palafrugell-girona\/#article","isPartOf":{"@id":"https:\/\/www.elturistatranquil.com\/ca\/museu-del-suro-de-palafrugell-girona\/"},"author":{"name":"admin","@id":"https:\/\/www.elturistatranquil.com\/ca\/#\/schema\/person\/16f607c3079b96ed0c530a52e6b58bb5"},"headline":"Museu del Suro de Palafrugell (Girona)","datePublished":"2021-01-23T08:30:15+00:00","dateModified":"2021-01-23T08:52:50+00:00","mainEntityOfPage":{"@id":"https:\/\/www.elturistatranquil.com\/ca\/museu-del-suro-de-palafrugell-girona\/"},"wordCount":4197,"commentCount":0,"image":{"@id":"https:\/\/www.elturistatranquil.com\/ca\/museu-del-suro-de-palafrugell-girona\/#primaryimage"},"thumbnailUrl":"https:\/\/www.elturistatranquil.com\/wp-content\/uploads\/F19-Museu-del-Suro-Palafrugell-Girona.jpg","articleSection":["Arquitectura civil","Girona","Hist\u00f2ria","Joies al territori","Modernisme","Museus","Patrimoni econ\u00f2mic\/productiu","Segle XVIII-XIX","Segle XX-XXI","Uncategorized @ca","Vila"],"inLanguage":"ca","potentialAction":[{"@type":"CommentAction","name":"Comment","target":["https:\/\/www.elturistatranquil.com\/ca\/museu-del-suro-de-palafrugell-girona\/#respond"]}]},{"@type":"WebPage","@id":"https:\/\/www.elturistatranquil.com\/ca\/museu-del-suro-de-palafrugell-girona\/","url":"https:\/\/www.elturistatranquil.com\/ca\/museu-del-suro-de-palafrugell-girona\/","name":"Museu del Suro de Palafrugell (Girona) - El turista tranquil","isPartOf":{"@id":"https:\/\/www.elturistatranquil.com\/ca\/#website"},"primaryImageOfPage":{"@id":"https:\/\/www.elturistatranquil.com\/ca\/museu-del-suro-de-palafrugell-girona\/#primaryimage"},"image":{"@id":"https:\/\/www.elturistatranquil.com\/ca\/museu-del-suro-de-palafrugell-girona\/#primaryimage"},"thumbnailUrl":"https:\/\/www.elturistatranquil.com\/wp-content\/uploads\/F19-Museu-del-Suro-Palafrugell-Girona.jpg","datePublished":"2021-01-23T08:30:15+00:00","dateModified":"2021-01-23T08:52:50+00:00","author":{"@id":"https:\/\/www.elturistatranquil.com\/ca\/#\/schema\/person\/16f607c3079b96ed0c530a52e6b58bb5"},"description":"Con\u00e8ixer el patrimoni industrial pot ser un bon motiu de turisme cultural. Proposo visitar el Museu del Suro de Palafrugell (Girona).","breadcrumb":{"@id":"https:\/\/www.elturistatranquil.com\/ca\/museu-del-suro-de-palafrugell-girona\/#breadcrumb"},"inLanguage":"ca","potentialAction":[{"@type":"ReadAction","target":["https:\/\/www.elturistatranquil.com\/ca\/museu-del-suro-de-palafrugell-girona\/"]}]},{"@type":"ImageObject","inLanguage":"ca","@id":"https:\/\/www.elturistatranquil.com\/ca\/museu-del-suro-de-palafrugell-girona\/#primaryimage","url":"https:\/\/www.elturistatranquil.com\/wp-content\/uploads\/F19-Museu-del-Suro-Palafrugell-Girona.jpg","contentUrl":"https:\/\/www.elturistatranquil.com\/wp-content\/uploads\/F19-Museu-del-Suro-Palafrugell-Girona.jpg","width":768,"height":512,"caption":"Museu del Suro, Palafrugell, Girona"},{"@type":"BreadcrumbList","@id":"https:\/\/www.elturistatranquil.com\/ca\/museu-del-suro-de-palafrugell-girona\/#breadcrumb","itemListElement":[{"@type":"ListItem","position":1,"name":"Portada","item":"https:\/\/www.elturistatranquil.com\/ca\/"},{"@type":"ListItem","position":2,"name":"Museu del Suro de Palafrugell (Girona)"}]},{"@type":"WebSite","@id":"https:\/\/www.elturistatranquil.com\/ca\/#website","url":"https:\/\/www.elturistatranquil.com\/ca\/","name":"El turista tranquil","description":"Blog de viatges","potentialAction":[{"@type":"SearchAction","target":{"@type":"EntryPoint","urlTemplate":"https:\/\/www.elturistatranquil.com\/ca\/?s={search_term_string}"},"query-input":{"@type":"PropertyValueSpecification","valueRequired":true,"valueName":"search_term_string"}}],"inLanguage":"ca"},{"@type":"Person","@id":"https:\/\/www.elturistatranquil.com\/ca\/#\/schema\/person\/16f607c3079b96ed0c530a52e6b58bb5","name":"admin","image":{"@type":"ImageObject","inLanguage":"ca","@id":"https:\/\/secure.gravatar.com\/avatar\/1fbaf22aee75fcbb29a2f97b107f95d25d3a19b7c3416105be10269872673e8d?s=96&d=mm&r=g","url":"https:\/\/secure.gravatar.com\/avatar\/1fbaf22aee75fcbb29a2f97b107f95d25d3a19b7c3416105be10269872673e8d?s=96&d=mm&r=g","contentUrl":"https:\/\/secure.gravatar.com\/avatar\/1fbaf22aee75fcbb29a2f97b107f95d25d3a19b7c3416105be10269872673e8d?s=96&d=mm&r=g","caption":"admin"}}]}},"_links":{"self":[{"href":"https:\/\/www.elturistatranquil.com\/ca\/wp-json\/wp\/v2\/posts\/34445","targetHints":{"allow":["GET"]}}],"collection":[{"href":"https:\/\/www.elturistatranquil.com\/ca\/wp-json\/wp\/v2\/posts"}],"about":[{"href":"https:\/\/www.elturistatranquil.com\/ca\/wp-json\/wp\/v2\/types\/post"}],"author":[{"embeddable":true,"href":"https:\/\/www.elturistatranquil.com\/ca\/wp-json\/wp\/v2\/users\/1"}],"replies":[{"embeddable":true,"href":"https:\/\/www.elturistatranquil.com\/ca\/wp-json\/wp\/v2\/comments?post=34445"}],"version-history":[{"count":5,"href":"https:\/\/www.elturistatranquil.com\/ca\/wp-json\/wp\/v2\/posts\/34445\/revisions"}],"predecessor-version":[{"id":34641,"href":"https:\/\/www.elturistatranquil.com\/ca\/wp-json\/wp\/v2\/posts\/34445\/revisions\/34641"}],"wp:featuredmedia":[{"embeddable":true,"href":"https:\/\/www.elturistatranquil.com\/ca\/wp-json\/wp\/v2\/media\/34250"}],"wp:attachment":[{"href":"https:\/\/www.elturistatranquil.com\/ca\/wp-json\/wp\/v2\/media?parent=34445"}],"wp:term":[{"taxonomy":"category","embeddable":true,"href":"https:\/\/www.elturistatranquil.com\/ca\/wp-json\/wp\/v2\/categories?post=34445"},{"taxonomy":"post_tag","embeddable":true,"href":"https:\/\/www.elturistatranquil.com\/ca\/wp-json\/wp\/v2\/tags?post=34445"}],"curies":[{"name":"wp","href":"https:\/\/api.w.org\/{rel}","templated":true}]}}