{"id":34622,"date":"2021-03-06T10:00:34","date_gmt":"2021-03-06T09:00:34","guid":{"rendered":"https:\/\/www.elturistatranquil.com\/?p=34622"},"modified":"2021-03-06T10:16:32","modified_gmt":"2021-03-06T09:16:32","slug":"esglesia-de-santa-maria-del-camino-de-carrion-de-los-condes-palencia","status":"publish","type":"post","link":"https:\/\/www.elturistatranquil.com\/ca\/esglesia-de-santa-maria-del-camino-de-carrion-de-los-condes-palencia\/","title":{"rendered":"Esgl\u00e9sia de Santa Mar\u00eda del Camino de Carri\u00f3n de los Condes (Pal\u00e8ncia)"},"content":{"rendered":"\t\t<div data-elementor-type=\"wp-post\" data-elementor-id=\"34622\" class=\"elementor elementor-34622 elementor-34556\" data-elementor-post-type=\"post\">\n\t\t\t\t\t\t<section class=\"elementor-section elementor-top-section elementor-element elementor-element-7cbe1c70 elementor-section-boxed elementor-section-height-default elementor-section-height-default\" data-id=\"7cbe1c70\" data-element_type=\"section\" data-e-type=\"section\">\n\t\t\t\t\t\t<div class=\"elementor-container elementor-column-gap-default\">\n\t\t\t\t\t<div class=\"elementor-column elementor-col-100 elementor-top-column elementor-element elementor-element-61096003\" data-id=\"61096003\" data-element_type=\"column\" data-e-type=\"column\">\n\t\t\t<div class=\"elementor-widget-wrap elementor-element-populated\">\n\t\t\t\t\t\t<section class=\"elementor-section elementor-inner-section elementor-element elementor-element-9aa3aae elementor-section-content-middle elementor-section-boxed elementor-section-height-default elementor-section-height-default\" data-id=\"9aa3aae\" data-element_type=\"section\" data-e-type=\"section\">\n\t\t\t\t\t\t<div class=\"elementor-container elementor-column-gap-default\">\n\t\t\t\t\t<div class=\"elementor-column elementor-col-100 elementor-inner-column elementor-element elementor-element-11e90ab1\" data-id=\"11e90ab1\" data-element_type=\"column\" data-e-type=\"column\">\n\t\t\t<div class=\"elementor-widget-wrap elementor-element-populated\">\n\t\t\t\t\t\t<div class=\"elementor-element elementor-element-20b8b0ac elementor-widget elementor-widget-text-editor\" data-id=\"20b8b0ac\" data-element_type=\"widget\" data-e-type=\"widget\" data-widget_type=\"text-editor.default\">\n\t\t\t\t<div class=\"elementor-widget-container\">\n\t\t\t\t\t\t\t\t\t<p>L&#8217;<em>Esgl\u00e9sia de Santa Mar\u00eda del Camino<\/em> de Carri\u00f3n de los Condes (Pal\u00e8ncia) \u00e9s una de les esgl\u00e9sies rom\u00e0niques m\u00e9s apreciades del Cam\u00ed de Sant Jaume palent\u00ed.<\/p>\t\t\t\t\t\t\t\t<\/div>\n\t\t\t\t<\/div>\n\t\t\t\t\t<\/div>\n\t\t<\/div>\n\t\t\t\t\t<\/div>\n\t\t<\/section>\n\t\t\t\t<div class=\"elementor-element elementor-element-5d7be153 elementor-widget elementor-widget-heading\" data-id=\"5d7be153\" data-element_type=\"widget\" data-e-type=\"widget\" data-widget_type=\"heading.default\">\n\t\t\t\t<div class=\"elementor-widget-container\">\n\t\t\t\t\t<h1 class=\"elementor-heading-title elementor-size-default\">Esgl\u00e9sia de Santa Mar\u00eda del Camino de Carri\u00f3n de los Condes (Pal\u00e8ncia)<\/h1>\t\t\t\t<\/div>\n\t\t\t\t<\/div>\n\t\t\t\t\t<\/div>\n\t\t<\/div>\n\t\t\t\t\t<\/div>\n\t\t<\/section>\n\t\t\t\t<section class=\"elementor-section elementor-top-section elementor-element elementor-element-7a420370 elementor-section-boxed elementor-section-height-default elementor-section-height-default\" data-id=\"7a420370\" data-element_type=\"section\" data-e-type=\"section\">\n\t\t\t\t\t\t<div class=\"elementor-container elementor-column-gap-default\">\n\t\t\t\t\t<div class=\"elementor-column elementor-col-100 elementor-top-column elementor-element elementor-element-21e94db\" data-id=\"21e94db\" data-element_type=\"column\" data-e-type=\"column\">\n\t\t\t<div class=\"elementor-widget-wrap elementor-element-populated\">\n\t\t\t\t\t\t<div class=\"elementor-element elementor-element-636ce4c7 elementor-widget elementor-widget-image\" data-id=\"636ce4c7\" data-element_type=\"widget\" data-e-type=\"widget\" data-widget_type=\"image.default\">\n\t\t\t\t<div class=\"elementor-widget-container\">\n\t\t\t\t\t\t\t\t\t\t\t\t<figure class=\"wp-caption\">\n\t\t\t\t\t\t\t\t\t\t<img fetchpriority=\"high\" decoding=\"async\" width=\"768\" height=\"511\" src=\"https:\/\/www.elturistatranquil.com\/wp-content\/uploads\/F01-Iglesia-de-Santa-Maria-del-Camino-Carrion-de-los-Condes-Palencia-Google-earth-2021-01-14.jpg\" class=\"attachment-large size-large wp-image-34565\" alt=\"Iglesia de Santa Maria del Camino, Carrion de los Condes, Palencia (Google earth 2021-01-14)\" srcset=\"https:\/\/www.elturistatranquil.com\/wp-content\/uploads\/F01-Iglesia-de-Santa-Maria-del-Camino-Carrion-de-los-Condes-Palencia-Google-earth-2021-01-14.jpg 768w, https:\/\/www.elturistatranquil.com\/wp-content\/uploads\/F01-Iglesia-de-Santa-Maria-del-Camino-Carrion-de-los-Condes-Palencia-Google-earth-2021-01-14-339x226.jpg 339w\" sizes=\"(max-width: 768px) 100vw, 768px\" \/>\t\t\t\t\t\t\t\t\t\t\t<figcaption class=\"widget-image-caption wp-caption-text\">(Google earth 2021-01-14)<\/figcaption>\n\t\t\t\t\t\t\t\t\t\t<\/figure>\n\t\t\t\t\t\t\t\t\t<\/div>\n\t\t\t\t<\/div>\n\t\t\t\t<div class=\"elementor-element elementor-element-21c42b27 elementor-widget elementor-widget-spacer\" data-id=\"21c42b27\" data-element_type=\"widget\" data-e-type=\"widget\" data-widget_type=\"spacer.default\">\n\t\t\t\t<div class=\"elementor-widget-container\">\n\t\t\t\t\t\t\t<div class=\"elementor-spacer\">\n\t\t\t<div class=\"elementor-spacer-inner\"><\/div>\n\t\t<\/div>\n\t\t\t\t\t\t<\/div>\n\t\t\t\t<\/div>\n\t\t\t\t<div class=\"elementor-element elementor-element-3e7c78dc elementor-widget elementor-widget-heading\" data-id=\"3e7c78dc\" data-element_type=\"widget\" data-e-type=\"widget\" data-widget_type=\"heading.default\">\n\t\t\t\t<div class=\"elementor-widget-container\">\n\t\t\t\t\t<h2 class=\"elementor-heading-title elementor-size-default\">Esgl\u00e9sia de Santa Mar\u00eda del Camino o de las Victorias de Carri\u00f3n de los Condes. Tierra de Campos. Pal\u00e8ncia<\/h2>\t\t\t\t<\/div>\n\t\t\t\t<\/div>\n\t\t\t\t<section class=\"elementor-section elementor-inner-section elementor-element elementor-element-cb4fb56 elementor-section-boxed elementor-section-height-default elementor-section-height-default\" data-id=\"cb4fb56\" data-element_type=\"section\" data-e-type=\"section\" data-settings=\"{&quot;background_background&quot;:&quot;classic&quot;}\">\n\t\t\t\t\t\t\t<div class=\"elementor-background-overlay\"><\/div>\n\t\t\t\t\t\t\t<div class=\"elementor-container elementor-column-gap-default\">\n\t\t\t\t\t<div class=\"elementor-column elementor-col-100 elementor-inner-column elementor-element elementor-element-628bd1b6\" data-id=\"628bd1b6\" data-element_type=\"column\" data-e-type=\"column\" data-settings=\"{&quot;background_background&quot;:&quot;classic&quot;}\">\n\t\t\t<div class=\"elementor-widget-wrap elementor-element-populated\">\n\t\t\t\t\t\t<div class=\"elementor-element elementor-element-2c661e13 elementor-widget elementor-widget-text-editor\" data-id=\"2c661e13\" data-element_type=\"widget\" data-e-type=\"widget\" data-widget_type=\"text-editor.default\">\n\t\t\t\t<div class=\"elementor-widget-container\">\n\t\t\t\t\t\t\t\t\t<p>Municipi: Carri\u00f3n de los Condes. Comarca: Tierra de Campos. Prov\u00edncia: Pal\u00e8ncia. Com. Aut\u00f2noma: Castilla y Le\u00f3n<\/p><p>Coordenades: 42\u00b020\u203215\u2033N 4\u00b036\u203206\u2033O. Altitud: 869 msnm<\/p><p>Web: <a href=\"http:\/\/www.carriondeloscondes.org\/portfolio-items\/santa-maria-del-camino\/\" target=\"_blank\" rel=\"noopener\">ayuntamient<\/a>o<\/p><p><em>Monument Hist\u00f2ric-Art\u00edstic<\/em>. 1931<\/p><p>Visita: 2016<\/p>\t\t\t\t\t\t\t\t<\/div>\n\t\t\t\t<\/div>\n\t\t\t\t\t<\/div>\n\t\t<\/div>\n\t\t\t\t\t<\/div>\n\t\t<\/section>\n\t\t\t\t<div class=\"elementor-element elementor-element-4fab3ced elementor-widget elementor-widget-image\" data-id=\"4fab3ced\" data-element_type=\"widget\" data-e-type=\"widget\" data-widget_type=\"image.default\">\n\t\t\t\t<div class=\"elementor-widget-container\">\n\t\t\t\t\t\t\t\t\t\t\t\t<figure class=\"wp-caption\">\n\t\t\t\t\t\t\t\t\t\t<img decoding=\"async\" width=\"768\" height=\"513\" src=\"https:\/\/www.elturistatranquil.com\/wp-content\/uploads\/F02e-situacion-de-la-Iglesia-de-Santa-Maria-del-Camino-de-Carrion-de-los-Condes-Google-maps-2021-01-14.jpg\" class=\"attachment-medium_large size-medium_large wp-image-34569\" alt=\"Situaci\u00f3n de la Iglesia de Santa Maria del Camino de Carrion de los Condes (Google maps 2021-01-14)\" srcset=\"https:\/\/www.elturistatranquil.com\/wp-content\/uploads\/F02e-situacion-de-la-Iglesia-de-Santa-Maria-del-Camino-de-Carrion-de-los-Condes-Google-maps-2021-01-14.jpg 768w, https:\/\/www.elturistatranquil.com\/wp-content\/uploads\/F02e-situacion-de-la-Iglesia-de-Santa-Maria-del-Camino-de-Carrion-de-los-Condes-Google-maps-2021-01-14-339x226.jpg 339w\" sizes=\"(max-width: 768px) 100vw, 768px\" \/>\t\t\t\t\t\t\t\t\t\t\t<figcaption class=\"widget-image-caption wp-caption-text\">Mapa de situaci\u00f3 de l\u2019Esgl\u00e9sia de Santa Mar\u00eda del Camino de Carri\u00f3n de los Condes (Google maps 2021-01-14)<\/figcaption>\n\t\t\t\t\t\t\t\t\t\t<\/figure>\n\t\t\t\t\t\t\t\t\t<\/div>\n\t\t\t\t<\/div>\n\t\t\t\t<section class=\"elementor-section elementor-inner-section elementor-element elementor-element-3818227b elementor-section-boxed elementor-section-height-default elementor-section-height-default\" data-id=\"3818227b\" data-element_type=\"section\" data-e-type=\"section\" data-settings=\"{&quot;background_background&quot;:&quot;classic&quot;}\">\n\t\t\t\t\t\t<div class=\"elementor-container elementor-column-gap-default\">\n\t\t\t\t\t<div class=\"elementor-column elementor-col-100 elementor-inner-column elementor-element elementor-element-387adea0\" data-id=\"387adea0\" data-element_type=\"column\" data-e-type=\"column\">\n\t\t\t<div class=\"elementor-widget-wrap elementor-element-populated\">\n\t\t\t\t\t\t<div class=\"elementor-element elementor-element-1888a7b1 elementor-widget elementor-widget-text-editor\" data-id=\"1888a7b1\" data-element_type=\"widget\" data-e-type=\"widget\" data-widget_type=\"text-editor.default\">\n\t\t\t\t<div class=\"elementor-widget-container\">\n\t\t\t\t\t\t\t\t\t<p style=\"text-align: center;\"><strong>\u00cdndex<\/strong><\/p>\t\t\t\t\t\t\t\t<\/div>\n\t\t\t\t<\/div>\n\t\t\t\t<div class=\"elementor-element elementor-element-53464fa1 elementor-widget elementor-widget-text-editor\" data-id=\"53464fa1\" data-element_type=\"widget\" data-e-type=\"widget\" data-widget_type=\"text-editor.default\">\n\t\t\t\t<div class=\"elementor-widget-container\">\n\t\t\t\t\t\t\t\t\t<p><a href=\"https:\/\/www.elturistatranquil.com\/ca\/esglesia-de-santa-maria-del-camino-de-carrion-de-los-condes-palencia\/#b5401\">Esgl\u00e9sia de Santa Mar\u00eda del Camino o de las Victorias de Carri\u00f3n de los Condes. Tierra de Campos. Pal\u00e8ncia<\/a><\/p><p><a href=\"https:\/\/www.elturistatranquil.com\/ca\/esglesia-de-santa-maria-del-camino-de-carrion-de-los-condes-palencia\/#b5402\">Una mica d&#8217;hist\u00f2ria<\/a><\/p><p><a href=\"https:\/\/www.elturistatranquil.com\/ca\/esglesia-de-santa-maria-del-camino-de-carrion-de-los-condes-palencia\/#b5403\">L&#8217;esgl\u00e9sia de Santa Mar\u00eda de la Victoria o del Camino<\/a><\/p><p style=\"padding-left: 40px;\"><a href=\"https:\/\/www.elturistatranquil.com\/ca\/esglesia-de-santa-maria-del-camino-de-carrion-de-los-condes-palencia\/#b5404\">L&#8217;exterior de l&#8217;esgl\u00e9sia<\/a><\/p><p style=\"padding-left: 40px;\"><a href=\"https:\/\/www.elturistatranquil.com\/ca\/esglesia-de-santa-maria-del-camino-de-carrion-de-los-condes-palencia\/#b5405\">L&#8217;interior del temple<\/a><\/p><p><a href=\"https:\/\/www.elturistatranquil.com\/ca\/esglesia-de-santa-maria-del-camino-de-carrion-de-los-condes-palencia\/#b5406\">Qu\u00e8 m\u00e9s veure a Carri\u00f3n de los Condes<\/a><\/p><p><a href=\"https:\/\/www.elturistatranquil.com\/ca\/esglesia-de-santa-maria-del-camino-de-carrion-de-los-condes-palencia\/#b5407\">Bases d&#8217;informaci\u00f3<\/a><\/p>\t\t\t\t\t\t\t\t<\/div>\n\t\t\t\t<\/div>\n\t\t\t\t\t<\/div>\n\t\t<\/div>\n\t\t\t\t\t<\/div>\n\t\t<\/section>\n\t\t\t\t<div class=\"elementor-element elementor-element-7b921d63 elementor-widget elementor-widget-spacer\" data-id=\"7b921d63\" data-element_type=\"widget\" data-e-type=\"widget\" data-widget_type=\"spacer.default\">\n\t\t\t\t<div class=\"elementor-widget-container\">\n\t\t\t\t\t\t\t<div class=\"elementor-spacer\">\n\t\t\t<div class=\"elementor-spacer-inner\"><\/div>\n\t\t<\/div>\n\t\t\t\t\t\t<\/div>\n\t\t\t\t<\/div>\n\t\t\t\t<div class=\"elementor-element elementor-element-23a6ebee elementor-widget elementor-widget-menu-anchor\" data-id=\"23a6ebee\" data-element_type=\"widget\" data-e-type=\"widget\" data-widget_type=\"menu-anchor.default\">\n\t\t\t\t<div class=\"elementor-widget-container\">\n\t\t\t\t\t\t\t<div class=\"elementor-menu-anchor\" id=\"b5401\"><\/div>\n\t\t\t\t\t\t<\/div>\n\t\t\t\t<\/div>\n\t\t\t\t<div class=\"elementor-element elementor-element-447199fb elementor-widget elementor-widget-spacer\" data-id=\"447199fb\" data-element_type=\"widget\" data-e-type=\"widget\" data-widget_type=\"spacer.default\">\n\t\t\t\t<div class=\"elementor-widget-container\">\n\t\t\t\t\t\t\t<div class=\"elementor-spacer\">\n\t\t\t<div class=\"elementor-spacer-inner\"><\/div>\n\t\t<\/div>\n\t\t\t\t\t\t<\/div>\n\t\t\t\t<\/div>\n\t\t\t\t<div class=\"elementor-element elementor-element-20b59a34 elementor-widget elementor-widget-heading\" data-id=\"20b59a34\" data-element_type=\"widget\" data-e-type=\"widget\" data-widget_type=\"heading.default\">\n\t\t\t\t<div class=\"elementor-widget-container\">\n\t\t\t\t\t<h2 class=\"elementor-heading-title elementor-size-default\">Esgl\u00e9sia de Santa Mar\u00eda del Camino o de las Victorias de Carri\u00f3n de los Condes. Tierra de Campos. Pal\u00e8ncia<\/h2>\t\t\t\t<\/div>\n\t\t\t\t<\/div>\n\t\t\t\t<div class=\"elementor-element elementor-element-108aa9d elementor-widget elementor-widget-menu-anchor\" data-id=\"108aa9d\" data-element_type=\"widget\" data-e-type=\"widget\" data-widget_type=\"menu-anchor.default\">\n\t\t\t\t<div class=\"elementor-widget-container\">\n\t\t\t\t\t\t\t<div class=\"elementor-menu-anchor\" id=\"b5402\"><\/div>\n\t\t\t\t\t\t<\/div>\n\t\t\t\t<\/div>\n\t\t\t\t<div class=\"elementor-element elementor-element-51edea5a elementor-widget elementor-widget-text-editor\" data-id=\"51edea5a\" data-element_type=\"widget\" data-e-type=\"widget\" data-widget_type=\"text-editor.default\">\n\t\t\t\t<div class=\"elementor-widget-container\">\n\t\t\t\t\t\t\t\t\t<p>Al costat de riu Carri\u00f3n, a la comarca de Tierra de Campos, se situa la \u201c<em>Muy Noble y Leal Ciudad de<\/em>\u201d Carri\u00f3n de los Contes.<\/p><p>En aquesta localitat es troben diversos edificis hist\u00f2rics d&#8217;import\u00e0ncia, com el Reial Monestir de San Zoilo, d&#8217;origen rom\u00e0nic; el Reial Monestir de Santa Clara, d&#8217;estil mud\u00e8jar i diversos convents; l&#8217;esgl\u00e9sia rom\u00e0nica de Sant Jaume; aix\u00ed com diverses cases senyorials, entre d&#8217;altres. Un dels m\u00e9s destacats \u00e9s l&#8217;<strong>Esgl\u00e9sia de Santa Mar\u00eda del Camino o de las Victorias<\/strong>, a la qual li dedico aquest <em>Post<\/em>.<\/p>\t\t\t\t\t\t\t\t<\/div>\n\t\t\t\t<\/div>\n\t\t\t\t<div class=\"elementor-element elementor-element-28616fdc elementor-widget elementor-widget-heading\" data-id=\"28616fdc\" data-element_type=\"widget\" data-e-type=\"widget\" data-widget_type=\"heading.default\">\n\t\t\t\t<div class=\"elementor-widget-container\">\n\t\t\t\t\t<h2 class=\"elementor-heading-title elementor-size-default\">Una mica d'hist\u00f2ria<\/h2>\t\t\t\t<\/div>\n\t\t\t\t<\/div>\n\t\t\t\t<div class=\"elementor-element elementor-element-4cb0b67 elementor-widget elementor-widget-text-editor\" data-id=\"4cb0b67\" data-element_type=\"widget\" data-e-type=\"widget\" data-widget_type=\"text-editor.default\">\n\t\t\t\t<div class=\"elementor-widget-container\">\n\t\t\t\t\t\t\t\t\t<p>Aquest territori va ser conquerit i repoblat a principis del segle X per Alfonso III. Durant els segles XI i XII va ser lloc estrat\u00e8gic i de disputes internes i entre Castella i Lle\u00f3 i Arag\u00f3.<\/p><p>Un cop assentat el domini cristi\u00e0 sobre les terres del Duero es consolida la ruta francesa del Cam\u00ed de San Jaume. La ciutat de Carri\u00f3n passa a ser una de les etapes del Cam\u00ed, al costat del pont per travessar el riu Carri\u00f3n.<\/p><p>Localitzada al costat de la porta d&#8217;entrada en el lateral sud-est, i amb la seva fa\u00e7ana principal paral\u00b7lela al cam\u00ed de pelegrins, es va iniciar, a principis del segle XII, la construcci\u00f3 de l&#8217;esgl\u00e9sia de Santa Maria de Carri\u00f3n, perllongant les obres al voltant del regnat d&#8217;Alfonso VII (1126-1157), monarca que va residir en diverses ocasions en Carri\u00f3n.<\/p><p>L&#8217;esgl\u00e9sia de Santa Mar\u00eda al principi va ser denominada <em>de las Victorias<\/em>, per\u00f2 vista la import\u00e0ncia adquirida pel Cam\u00ed, es va canviar per l&#8217;actual.<\/p><p>La llegenda fa al\u00b7lusi\u00f3 als quatre bous que, enviats per la Verge, van salvar a les donzelles castellanes del &#8220;Tribut de les Cent Donzelles&#8221; als moros, en una ocasi\u00f3 en que venien a recollir-les.<\/p><p>M\u00e9s tard, es va denominar <em>del Camino<\/em>, per la seva posici\u00f3 en el Cam\u00ed de Sant Jaume al costat de l&#8217;antiga porta medieval que utilitzaven els pelegrins que procedien de <a href=\"https:\/\/www.elturistatranquil.com\/ca\/fromista-palencia\/\" target=\"_blank\" rel=\"noopener\">Fr\u00f3mista<\/a> i a l&#8217;inici del llarg carrer Major, en la ruta original del Cam\u00ed.<\/p>\t\t\t\t\t\t\t\t<\/div>\n\t\t\t\t<\/div>\n\t\t\t\t<div class=\"elementor-element elementor-element-c7db5bd elementor-widget elementor-widget-image\" data-id=\"c7db5bd\" data-element_type=\"widget\" data-e-type=\"widget\" data-widget_type=\"image.default\">\n\t\t\t\t<div class=\"elementor-widget-container\">\n\t\t\t\t\t\t\t\t\t\t\t\t<figure class=\"wp-caption\">\n\t\t\t\t\t\t\t\t\t\t<img decoding=\"async\" width=\"768\" height=\"511\" src=\"https:\/\/www.elturistatranquil.com\/wp-content\/uploads\/F03-Iglesia-de-Santa-Maria-del-Camino-y-Carrion-de-los-Condes-Palencia-Google-earth-2021-01-14.jpg\" class=\"attachment-large size-large wp-image-34571\" alt=\"Iglesia de Santa Maria del Camino y Carrion de los Condes, Palencia (Google earth 2021-01-14)\" srcset=\"https:\/\/www.elturistatranquil.com\/wp-content\/uploads\/F03-Iglesia-de-Santa-Maria-del-Camino-y-Carrion-de-los-Condes-Palencia-Google-earth-2021-01-14.jpg 768w, https:\/\/www.elturistatranquil.com\/wp-content\/uploads\/F03-Iglesia-de-Santa-Maria-del-Camino-y-Carrion-de-los-Condes-Palencia-Google-earth-2021-01-14-339x226.jpg 339w\" sizes=\"(max-width: 768px) 100vw, 768px\" \/>\t\t\t\t\t\t\t\t\t\t\t<figcaption class=\"widget-image-caption wp-caption-text\">Esgl\u00e9sia de Santa Mar\u00eda del Camino i Carri\u00f3n de los Condes (Google earth 2021-01-14)<\/figcaption>\n\t\t\t\t\t\t\t\t\t\t<\/figure>\n\t\t\t\t\t\t\t\t\t<\/div>\n\t\t\t\t<\/div>\n\t\t\t\t<div class=\"elementor-element elementor-element-bcd0c29 elementor-widget elementor-widget-menu-anchor\" data-id=\"bcd0c29\" data-element_type=\"widget\" data-e-type=\"widget\" data-widget_type=\"menu-anchor.default\">\n\t\t\t\t<div class=\"elementor-widget-container\">\n\t\t\t\t\t\t\t<div class=\"elementor-menu-anchor\" id=\"b5403\"><\/div>\n\t\t\t\t\t\t<\/div>\n\t\t\t\t<\/div>\n\t\t\t\t<div class=\"elementor-element elementor-element-e333266 elementor-widget elementor-widget-text-editor\" data-id=\"e333266\" data-element_type=\"widget\" data-e-type=\"widget\" data-widget_type=\"text-editor.default\">\n\t\t\t\t<div class=\"elementor-widget-container\">\n\t\t\t\t\t\t\t\t\t<p>Era un dels punts preferits del Cam\u00ed de Sant Jaume en aquestes terres, senyoriu de Comtes, amb les seves nou esgl\u00e9sies i cinc convents, afegit al desig de venerar les rel\u00edquies de San Zoilo en el seu monestir.<\/p>\t\t\t\t\t\t\t\t<\/div>\n\t\t\t\t<\/div>\n\t\t\t\t<div class=\"elementor-element elementor-element-98a702b elementor-widget elementor-widget-heading\" data-id=\"98a702b\" data-element_type=\"widget\" data-e-type=\"widget\" data-widget_type=\"heading.default\">\n\t\t\t\t<div class=\"elementor-widget-container\">\n\t\t\t\t\t<h2 class=\"elementor-heading-title elementor-size-default\">L\u2019Esgl\u00e9sia de Santa Mar\u00eda de la Victoria o del Camino<\/h2>\t\t\t\t<\/div>\n\t\t\t\t<\/div>\n\t\t\t\t<div class=\"elementor-element elementor-element-5abc6f1 elementor-widget elementor-widget-menu-anchor\" data-id=\"5abc6f1\" data-element_type=\"widget\" data-e-type=\"widget\" data-widget_type=\"menu-anchor.default\">\n\t\t\t\t<div class=\"elementor-widget-container\">\n\t\t\t\t\t\t\t<div class=\"elementor-menu-anchor\" id=\"b5404\"><\/div>\n\t\t\t\t\t\t<\/div>\n\t\t\t\t<\/div>\n\t\t\t\t<div class=\"elementor-element elementor-element-b3201ee elementor-widget elementor-widget-text-editor\" data-id=\"b3201ee\" data-element_type=\"widget\" data-e-type=\"widget\" data-widget_type=\"text-editor.default\">\n\t\t\t\t<div class=\"elementor-widget-container\">\n\t\t\t\t\t\t\t\t\t<p>L&#8217;edifici de l&#8217;Esgl\u00e9sia, d&#8217;estil rom\u00e0nic, es va iniciar a principis de segle XII, fins a mitjan segle. Constru\u00eft en pedra de cadirat, destaca per les seves grans dimensions, sobretot en al\u00e7ada, en comparaci\u00f3 amb altres temples similars del recorregut. Per les seves dimensions se la vincula amb altres temples de la zona, com el de <a href=\"https:\/\/www.elturistatranquil.com\/ca\/fromista\/#c2005\" target=\"_blank\" rel=\"noopener\">San Mart\u00edn de Fr\u00f3mista<\/a>.<\/p><p>Conserva substancialment la construcci\u00f3 rom\u00e0nica, tot i les modificacions posteriors, especialment al segle XVI.<\/p><p>Presenta dues entrades. La principal al costat sud, o de l&#8217;ep\u00edstola, en el pen\u00faltim tram des del presbiteri; i una segona en la fa\u00e7ana als peus del temple.<\/p>\t\t\t\t\t\t\t\t<\/div>\n\t\t\t\t<\/div>\n\t\t\t\t<div class=\"elementor-element elementor-element-5da40e1c elementor-widget elementor-widget-heading\" data-id=\"5da40e1c\" data-element_type=\"widget\" data-e-type=\"widget\" data-widget_type=\"heading.default\">\n\t\t\t\t<div class=\"elementor-widget-container\">\n\t\t\t\t\t<h3 class=\"elementor-heading-title elementor-size-default\">L\u2019exterior de l\u2019esgl\u00e9sia<\/h3>\t\t\t\t<\/div>\n\t\t\t\t<\/div>\n\t\t\t\t<div class=\"elementor-element elementor-element-8b8de7b elementor-widget elementor-widget-text-editor\" data-id=\"8b8de7b\" data-element_type=\"widget\" data-e-type=\"widget\" data-widget_type=\"text-editor.default\">\n\t\t\t\t<div class=\"elementor-widget-container\">\n\t\t\t\t\t\t\t\t\t<p>El lateral meridional \u00e9s el m\u00e9s important, amb tota probabilitat a causa que era el que se situava sobre la cal\u00e7ada dels pelegrins. En ell destaca la portada principal.<\/p><p>A la fotografia, el mur del primer terme correspon a restes de la muralla. La figura del pelegr\u00ed \u00e9s una forma de benvinguda.<\/p>\t\t\t\t\t\t\t\t<\/div>\n\t\t\t\t<\/div>\n\t\t\t\t<div class=\"elementor-element elementor-element-baa55f1 elementor-widget elementor-widget-image\" data-id=\"baa55f1\" data-element_type=\"widget\" data-e-type=\"widget\" data-widget_type=\"image.default\">\n\t\t\t\t<div class=\"elementor-widget-container\">\n\t\t\t\t\t\t\t\t\t\t\t\t<figure class=\"wp-caption\">\n\t\t\t\t\t\t\t\t\t\t<img loading=\"lazy\" decoding=\"async\" width=\"768\" height=\"512\" src=\"https:\/\/www.elturistatranquil.com\/wp-content\/uploads\/F05-Iglesia-de-Santa-Maria-del-Camino-Carrion-de-los-Condes-Palencia.jpg\" class=\"attachment-large size-large wp-image-34573\" alt=\"Iglesia de Santa Maria del Camino, Carrion de los Condes, Palencia\" srcset=\"https:\/\/www.elturistatranquil.com\/wp-content\/uploads\/F05-Iglesia-de-Santa-Maria-del-Camino-Carrion-de-los-Condes-Palencia.jpg 768w, https:\/\/www.elturistatranquil.com\/wp-content\/uploads\/F05-Iglesia-de-Santa-Maria-del-Camino-Carrion-de-los-Condes-Palencia-339x226.jpg 339w\" sizes=\"(max-width: 768px) 100vw, 768px\" \/>\t\t\t\t\t\t\t\t\t\t\t<figcaption class=\"widget-image-caption wp-caption-text\"><\/figcaption>\n\t\t\t\t\t\t\t\t\t\t<\/figure>\n\t\t\t\t\t\t\t\t\t<\/div>\n\t\t\t\t<\/div>\n\t\t\t\t<div class=\"elementor-element elementor-element-5270cb2 elementor-widget elementor-widget-text-editor\" data-id=\"5270cb2\" data-element_type=\"widget\" data-e-type=\"widget\" data-widget_type=\"text-editor.default\">\n\t\t\t\t<div class=\"elementor-widget-container\">\n\t\t\t\t\t\t\t\t\t<p>Dels tres absis semicirculars inicials, nom\u00e9s queda en el seu estat primitiu el meridional, que \u00e9s visible des de l&#8217;exterior, conegut com la Capella de les Donzelles.<\/p>\t\t\t\t\t\t\t\t<\/div>\n\t\t\t\t<\/div>\n\t\t\t\t<div class=\"elementor-element elementor-element-d6fb83f elementor-widget elementor-widget-image\" data-id=\"d6fb83f\" data-element_type=\"widget\" data-e-type=\"widget\" data-widget_type=\"image.default\">\n\t\t\t\t<div class=\"elementor-widget-container\">\n\t\t\t\t\t\t\t\t\t\t\t\t<figure class=\"wp-caption\">\n\t\t\t\t\t\t\t\t\t\t<img loading=\"lazy\" decoding=\"async\" width=\"768\" height=\"512\" src=\"https:\/\/www.elturistatranquil.com\/wp-content\/uploads\/F06-Iglesia-de-Santa-Maria-del-Camino-Carrion-de-los-Condes-Palencia.jpg\" class=\"attachment-large size-large wp-image-34575\" alt=\"Iglesia de Santa Maria del Camino, Carrion de los Condes, Palencia\" srcset=\"https:\/\/www.elturistatranquil.com\/wp-content\/uploads\/F06-Iglesia-de-Santa-Maria-del-Camino-Carrion-de-los-Condes-Palencia.jpg 768w, https:\/\/www.elturistatranquil.com\/wp-content\/uploads\/F06-Iglesia-de-Santa-Maria-del-Camino-Carrion-de-los-Condes-Palencia-339x226.jpg 339w\" sizes=\"(max-width: 768px) 100vw, 768px\" \/>\t\t\t\t\t\t\t\t\t\t\t<figcaption class=\"widget-image-caption wp-caption-text\"><\/figcaption>\n\t\t\t\t\t\t\t\t\t\t<\/figure>\n\t\t\t\t\t\t\t\t\t<\/div>\n\t\t\t\t<\/div>\n\t\t\t\t<div class=\"elementor-element elementor-element-5baca49 elementor-widget elementor-widget-text-editor\" data-id=\"5baca49\" data-element_type=\"widget\" data-e-type=\"widget\" data-widget_type=\"text-editor.default\">\n\t\t\t\t<div class=\"elementor-widget-container\">\n\t\t\t\t\t\t\t\t\t<p>L&#8217;absis del lateral de l&#8217;evangeli conserva en el seu interior la planta semicircular, per\u00f2 actualment \u00e9s un lloc de pas cap a la sagristia i la capella del Clergue Pastor. Per l&#8217;exterior queda cobert per una edificaci\u00f3 rectangular.<\/p><p>La portada sud est\u00e0 protegida per una galeria porticada amb arcbotants, edificada al segle XVI. Sembla ser que els murs de l&#8217;esgl\u00e9sia no van poder suportar el pes de la volta de la nau m\u00e9s gran que es va desplomar. Per refor\u00e7ar-la es van aplicar, a banda i banda, arcbotants per refor\u00e7ar els contraforts.<\/p><p>Els de la banda sud es van aprofitar per construir el p\u00f2rtic de la portada, i en el costat nord es va situar la casa parroquial.<\/p><p>La sostrada del p\u00f2rtic \u00e9s de enteixinat format per cassetons quadrats i hexagonals.<\/p><p>A la fotografia s&#8217;aprecia com exteriorment s&#8217;eleva el tram lateral del creuer fins a l&#8217;altura de la nau central.<\/p>\t\t\t\t\t\t\t\t<\/div>\n\t\t\t\t<\/div>\n\t\t\t\t<div class=\"elementor-element elementor-element-a3d581a elementor-widget elementor-widget-image\" data-id=\"a3d581a\" data-element_type=\"widget\" data-e-type=\"widget\" data-widget_type=\"image.default\">\n\t\t\t\t<div class=\"elementor-widget-container\">\n\t\t\t\t\t\t\t\t\t\t\t\t<figure class=\"wp-caption\">\n\t\t\t\t\t\t\t\t\t\t<img loading=\"lazy\" decoding=\"async\" width=\"768\" height=\"512\" src=\"https:\/\/www.elturistatranquil.com\/wp-content\/uploads\/F07-Iglesia-de-Santa-Maria-del-Camino-Carrion-de-los-Condes-Palencia.jpg\" class=\"attachment-large size-large wp-image-34577\" alt=\"Iglesia de Santa Maria del Camino, Carrion de los Condes, Palencia\" srcset=\"https:\/\/www.elturistatranquil.com\/wp-content\/uploads\/F07-Iglesia-de-Santa-Maria-del-Camino-Carrion-de-los-Condes-Palencia.jpg 768w, https:\/\/www.elturistatranquil.com\/wp-content\/uploads\/F07-Iglesia-de-Santa-Maria-del-Camino-Carrion-de-los-Condes-Palencia-339x226.jpg 339w\" sizes=\"(max-width: 768px) 100vw, 768px\" \/>\t\t\t\t\t\t\t\t\t\t\t<figcaption class=\"widget-image-caption wp-caption-text\"><\/figcaption>\n\t\t\t\t\t\t\t\t\t\t<\/figure>\n\t\t\t\t\t\t\t\t\t<\/div>\n\t\t\t\t<\/div>\n\t\t\t\t<div class=\"elementor-element elementor-element-f89c60e elementor-widget elementor-widget-text-editor\" data-id=\"f89c60e\" data-element_type=\"widget\" data-e-type=\"widget\" data-widget_type=\"text-editor.default\">\n\t\t\t\t<div class=\"elementor-widget-container\">\n\t\t\t\t\t\t\t\t\t<p>La portada meridional presenta un complex repertori iconogr\u00e0fic, un dels m\u00e9s complets del rom\u00e0nic palent\u00ed, a m\u00e9s constitueix un dels primers exemples d&#8217;arquivolta figurada que trobem a Castella i Lle\u00f3, que tindr\u00e0 la seva repercussi\u00f3 en altres temples, com es veu en la propera esgl\u00e9sia de Santiago de la mateixa localitat.<\/p><p>La portada va ser realitzada cap a 1130, per escultors de l&#8217;escola hispanolanguedociana.<\/p><p>La forma cinc arquivoltes de mig punt, la segona i la quarta recolzades en columnes amb capitells historiats.<\/p>\t\t\t\t\t\t\t\t<\/div>\n\t\t\t\t<\/div>\n\t\t\t\t<div class=\"elementor-element elementor-element-44ff903 elementor-widget elementor-widget-image\" data-id=\"44ff903\" data-element_type=\"widget\" data-e-type=\"widget\" data-widget_type=\"image.default\">\n\t\t\t\t<div class=\"elementor-widget-container\">\n\t\t\t\t\t\t\t\t\t\t\t\t<figure class=\"wp-caption\">\n\t\t\t\t\t\t\t\t\t\t<img loading=\"lazy\" decoding=\"async\" width=\"768\" height=\"512\" src=\"https:\/\/www.elturistatranquil.com\/wp-content\/uploads\/F08-Iglesia-de-Santa-Maria-del-Camino-Carrion-de-los-Condes-Palencia.jpg\" class=\"attachment-large size-large wp-image-34579\" alt=\"Iglesia de Santa Maria del Camino, Carrion de los Condes, Palencia\" srcset=\"https:\/\/www.elturistatranquil.com\/wp-content\/uploads\/F08-Iglesia-de-Santa-Maria-del-Camino-Carrion-de-los-Condes-Palencia.jpg 768w, https:\/\/www.elturistatranquil.com\/wp-content\/uploads\/F08-Iglesia-de-Santa-Maria-del-Camino-Carrion-de-los-Condes-Palencia-339x226.jpg 339w\" sizes=\"(max-width: 768px) 100vw, 768px\" \/>\t\t\t\t\t\t\t\t\t\t\t<figcaption class=\"widget-image-caption wp-caption-text\"><\/figcaption>\n\t\t\t\t\t\t\t\t\t\t<\/figure>\n\t\t\t\t\t\t\t\t\t<\/div>\n\t\t\t\t<\/div>\n\t\t\t\t<div class=\"elementor-element elementor-element-9bb4a6b elementor-widget elementor-widget-text-editor\" data-id=\"9bb4a6b\" data-element_type=\"widget\" data-e-type=\"widget\" data-widget_type=\"text-editor.default\">\n\t\t\t\t<div class=\"elementor-widget-container\">\n\t\t\t\t\t\t\t\t\t<p>La segona arquivolta exterior presenta trenta-set personatges variats, mentre que les restants presenten orles, de les quals tres s\u00f3n escacades, del mateixa estil que les jacetanes, i una formada per una greca amb ra\u00efms.<\/p>\t\t\t\t\t\t\t\t<\/div>\n\t\t\t\t<\/div>\n\t\t\t\t<div class=\"elementor-element elementor-element-669357a elementor-widget elementor-widget-image\" data-id=\"669357a\" data-element_type=\"widget\" data-e-type=\"widget\" data-widget_type=\"image.default\">\n\t\t\t\t<div class=\"elementor-widget-container\">\n\t\t\t\t\t\t\t\t\t\t\t\t<figure class=\"wp-caption\">\n\t\t\t\t\t\t\t\t\t\t<img loading=\"lazy\" decoding=\"async\" width=\"768\" height=\"512\" src=\"https:\/\/www.elturistatranquil.com\/wp-content\/uploads\/F09-Iglesia-de-Santa-Maria-del-Camino-Carrion-de-los-Condes-Palencia.jpg\" class=\"attachment-large size-large wp-image-34581\" alt=\"Iglesia de Santa Maria del Camino, Carrion de los Condes, Palencia\" srcset=\"https:\/\/www.elturistatranquil.com\/wp-content\/uploads\/F09-Iglesia-de-Santa-Maria-del-Camino-Carrion-de-los-Condes-Palencia.jpg 768w, https:\/\/www.elturistatranquil.com\/wp-content\/uploads\/F09-Iglesia-de-Santa-Maria-del-Camino-Carrion-de-los-Condes-Palencia-339x226.jpg 339w\" sizes=\"(max-width: 768px) 100vw, 768px\" \/>\t\t\t\t\t\t\t\t\t\t\t<figcaption class=\"widget-image-caption wp-caption-text\"><\/figcaption>\n\t\t\t\t\t\t\t\t\t\t<\/figure>\n\t\t\t\t\t\t\t\t\t<\/div>\n\t\t\t\t<\/div>\n\t\t\t\t<div class=\"elementor-element elementor-element-3bb5ca8 elementor-widget elementor-widget-image\" data-id=\"3bb5ca8\" data-element_type=\"widget\" data-e-type=\"widget\" data-widget_type=\"image.default\">\n\t\t\t\t<div class=\"elementor-widget-container\">\n\t\t\t\t\t\t\t\t\t\t\t\t<figure class=\"wp-caption\">\n\t\t\t\t\t\t\t\t\t\t<img loading=\"lazy\" decoding=\"async\" width=\"768\" height=\"511\" src=\"https:\/\/www.elturistatranquil.com\/wp-content\/uploads\/F11-Iglesia-de-Santa-Maria-del-Camino-Carrion-de-los-Condes-Palencia.jpg\" class=\"attachment-large size-large wp-image-34583\" alt=\"Iglesia de Santa Maria del Camino, Carrion de los Condes, Palencia\" srcset=\"https:\/\/www.elturistatranquil.com\/wp-content\/uploads\/F11-Iglesia-de-Santa-Maria-del-Camino-Carrion-de-los-Condes-Palencia.jpg 768w, https:\/\/www.elturistatranquil.com\/wp-content\/uploads\/F11-Iglesia-de-Santa-Maria-del-Camino-Carrion-de-los-Condes-Palencia-339x226.jpg 339w\" sizes=\"(max-width: 768px) 100vw, 768px\" \/>\t\t\t\t\t\t\t\t\t\t\t<figcaption class=\"widget-image-caption wp-caption-text\"><\/figcaption>\n\t\t\t\t\t\t\t\t\t\t<\/figure>\n\t\t\t\t\t\t\t\t\t<\/div>\n\t\t\t\t<\/div>\n\t\t\t\t<div class=\"elementor-element elementor-element-c7e8e41 elementor-widget elementor-widget-image\" data-id=\"c7e8e41\" data-element_type=\"widget\" data-e-type=\"widget\" data-widget_type=\"image.default\">\n\t\t\t\t<div class=\"elementor-widget-container\">\n\t\t\t\t\t\t\t\t\t\t\t\t<figure class=\"wp-caption\">\n\t\t\t\t\t\t\t\t\t\t<img loading=\"lazy\" decoding=\"async\" width=\"768\" height=\"511\" src=\"https:\/\/www.elturistatranquil.com\/wp-content\/uploads\/F12-Iglesia-de-Santa-Maria-del-Camino-Carrion-de-los-Condes-Palencia.jpg\" class=\"attachment-large size-large wp-image-34585\" alt=\"Iglesia de Santa Maria del Camino, Carrion de los Condes, Palencia\" srcset=\"https:\/\/www.elturistatranquil.com\/wp-content\/uploads\/F12-Iglesia-de-Santa-Maria-del-Camino-Carrion-de-los-Condes-Palencia.jpg 768w, https:\/\/www.elturistatranquil.com\/wp-content\/uploads\/F12-Iglesia-de-Santa-Maria-del-Camino-Carrion-de-los-Condes-Palencia-339x226.jpg 339w\" sizes=\"(max-width: 768px) 100vw, 768px\" \/>\t\t\t\t\t\t\t\t\t\t\t<figcaption class=\"widget-image-caption wp-caption-text\"><\/figcaption>\n\t\t\t\t\t\t\t\t\t\t<\/figure>\n\t\t\t\t\t\t\t\t\t<\/div>\n\t\t\t\t<\/div>\n\t\t\t\t<div class=\"elementor-element elementor-element-c7819ea elementor-widget elementor-widget-image\" data-id=\"c7819ea\" data-element_type=\"widget\" data-e-type=\"widget\" data-widget_type=\"image.default\">\n\t\t\t\t<div class=\"elementor-widget-container\">\n\t\t\t\t\t\t\t\t\t\t\t\t<figure class=\"wp-caption\">\n\t\t\t\t\t\t\t\t\t\t<img loading=\"lazy\" decoding=\"async\" width=\"768\" height=\"512\" src=\"https:\/\/www.elturistatranquil.com\/wp-content\/uploads\/F13-Iglesia-de-Santa-Maria-del-Camino-Carrion-de-los-Condes-Palencia.jpg\" class=\"attachment-large size-large wp-image-34587\" alt=\"Iglesia de Santa Maria del Camino, Carrion de los Condes, Palencia\" srcset=\"https:\/\/www.elturistatranquil.com\/wp-content\/uploads\/F13-Iglesia-de-Santa-Maria-del-Camino-Carrion-de-los-Condes-Palencia.jpg 768w, https:\/\/www.elturistatranquil.com\/wp-content\/uploads\/F13-Iglesia-de-Santa-Maria-del-Camino-Carrion-de-los-Condes-Palencia-339x226.jpg 339w\" sizes=\"(max-width: 768px) 100vw, 768px\" \/>\t\t\t\t\t\t\t\t\t\t\t<figcaption class=\"widget-image-caption wp-caption-text\"><\/figcaption>\n\t\t\t\t\t\t\t\t\t\t<\/figure>\n\t\t\t\t\t\t\t\t\t<\/div>\n\t\t\t\t<\/div>\n\t\t\t\t<div class=\"elementor-element elementor-element-6a032a1 elementor-widget elementor-widget-text-editor\" data-id=\"6a032a1\" data-element_type=\"widget\" data-e-type=\"widget\" data-widget_type=\"text-editor.default\">\n\t\t\t\t<div class=\"elementor-widget-container\">\n\t\t\t\t\t\t\t\t\t<p>En els carcanyols dos genets, un a cada costat. Aquest genet que trepitja a un home es diu que podria ser l&#8217;emperador Constant\u00ed, Carlemany o Santiago matamoros.<\/p><p>Com s&#8217;aprecia, la figura va ser mutilada pel arcbotant.<\/p>\t\t\t\t\t\t\t\t<\/div>\n\t\t\t\t<\/div>\n\t\t\t\t<div class=\"elementor-element elementor-element-fd45f09 elementor-widget elementor-widget-image\" data-id=\"fd45f09\" data-element_type=\"widget\" data-e-type=\"widget\" data-widget_type=\"image.default\">\n\t\t\t\t<div class=\"elementor-widget-container\">\n\t\t\t\t\t\t\t\t\t\t\t\t<figure class=\"wp-caption\">\n\t\t\t\t\t\t\t\t\t\t<img loading=\"lazy\" decoding=\"async\" width=\"768\" height=\"512\" src=\"https:\/\/www.elturistatranquil.com\/wp-content\/uploads\/F14a-Iglesia-de-Santa-Maria-del-Camino-Carrion-de-los-Condes-Palencia.jpg\" class=\"attachment-large size-large wp-image-34589\" alt=\"Iglesia de Santa Maria del Camino, Carrion de los Condes, Palencia\" srcset=\"https:\/\/www.elturistatranquil.com\/wp-content\/uploads\/F14a-Iglesia-de-Santa-Maria-del-Camino-Carrion-de-los-Condes-Palencia.jpg 768w, https:\/\/www.elturistatranquil.com\/wp-content\/uploads\/F14a-Iglesia-de-Santa-Maria-del-Camino-Carrion-de-los-Condes-Palencia-339x226.jpg 339w\" sizes=\"(max-width: 768px) 100vw, 768px\" \/>\t\t\t\t\t\t\t\t\t\t\t<figcaption class=\"widget-image-caption wp-caption-text\"><\/figcaption>\n\t\t\t\t\t\t\t\t\t\t<\/figure>\n\t\t\t\t\t\t\t\t\t<\/div>\n\t\t\t\t<\/div>\n\t\t\t\t<div class=\"elementor-element elementor-element-5b43600 elementor-widget elementor-widget-text-editor\" data-id=\"5b43600\" data-element_type=\"widget\" data-e-type=\"widget\" data-widget_type=\"text-editor.default\">\n\t\t\t\t<div class=\"elementor-widget-container\">\n\t\t\t\t\t\t\t\t\t<p>Un fris superior representa el cicle complet de l&#8217;Epifania. Va ser alterat per la col\u00b7locaci\u00f3 dels arcbotants.<\/p>\t\t\t\t\t\t\t\t<\/div>\n\t\t\t\t<\/div>\n\t\t\t\t<div class=\"elementor-element elementor-element-b772483 elementor-widget elementor-widget-image\" data-id=\"b772483\" data-element_type=\"widget\" data-e-type=\"widget\" data-widget_type=\"image.default\">\n\t\t\t\t<div class=\"elementor-widget-container\">\n\t\t\t\t\t\t\t\t\t\t\t\t<figure class=\"wp-caption\">\n\t\t\t\t\t\t\t\t\t\t<img loading=\"lazy\" decoding=\"async\" width=\"768\" height=\"216\" src=\"https:\/\/www.elturistatranquil.com\/wp-content\/uploads\/F14b-Iglesia-de-Santa-Maria-del-Camino-Carrion-de-los-Condes-Palencia.jpg\" class=\"attachment-large size-large wp-image-34591\" alt=\"Iglesia de Santa Maria del Camino, Carrion de los Condes, Palencia\" srcset=\"https:\/\/www.elturistatranquil.com\/wp-content\/uploads\/F14b-Iglesia-de-Santa-Maria-del-Camino-Carrion-de-los-Condes-Palencia.jpg 768w, https:\/\/www.elturistatranquil.com\/wp-content\/uploads\/F14b-Iglesia-de-Santa-Maria-del-Camino-Carrion-de-los-Condes-Palencia-339x95.jpg 339w\" sizes=\"(max-width: 768px) 100vw, 768px\" \/>\t\t\t\t\t\t\t\t\t\t\t<figcaption class=\"widget-image-caption wp-caption-text\"><\/figcaption>\n\t\t\t\t\t\t\t\t\t\t<\/figure>\n\t\t\t\t\t\t\t\t\t<\/div>\n\t\t\t\t<\/div>\n\t\t\t\t<div class=\"elementor-element elementor-element-1456947 elementor-widget elementor-widget-text-editor\" data-id=\"1456947\" data-element_type=\"widget\" data-e-type=\"widget\" data-widget_type=\"text-editor.default\">\n\t\t\t\t<div class=\"elementor-widget-container\">\n\t\t\t\t\t\t\t\t\t<p>La fa\u00e7ana dels peus de l\u2019esgl\u00e9sia, orientada a ponent, reprodueix la forma de l&#8217;interior del temple.<\/p><p>Destaca l&#8217;al\u00e7ada de la nau central, el doble que les naus laterals. La coberta \u00e9s a dues aig\u00fces, amb dues obertures a la part superior que allotgen dues campanes.<\/p><p>Les naus laterals s&#8217;estenen en al\u00e7ada sobre els arcbotants, que en el costat sud formen el porxo i al costat nord acullen la casa parroquial.<\/p><p>La portada sobresortint \u00e9s rom\u00e0nica de mig punt, amb dues arquivoltes, la central recolzada en columna amb capitell. M\u00e9s simple que la de l&#8217;entrada principal de la banda sud. A sobre una forn\u00edcula amb la imatge de la Verge amb el Nen, i una obertura amb arc de mig punt.<\/p>\t\t\t\t\t\t\t\t<\/div>\n\t\t\t\t<\/div>\n\t\t\t\t<div class=\"elementor-element elementor-element-2d42d61 elementor-widget elementor-widget-image\" data-id=\"2d42d61\" data-element_type=\"widget\" data-e-type=\"widget\" data-widget_type=\"image.default\">\n\t\t\t\t<div class=\"elementor-widget-container\">\n\t\t\t\t\t\t\t\t\t\t\t\t<figure class=\"wp-caption\">\n\t\t\t\t\t\t\t\t\t\t<img loading=\"lazy\" decoding=\"async\" width=\"768\" height=\"512\" src=\"https:\/\/www.elturistatranquil.com\/wp-content\/uploads\/F15a-Iglesia-de-Santa-Maria-del-Camino-Carrion-de-los-Condes-Palencia.jpg\" class=\"attachment-large size-large wp-image-34593\" alt=\"Iglesia de Santa Maria del Camino, Carrion de los Condes, Palencia\" srcset=\"https:\/\/www.elturistatranquil.com\/wp-content\/uploads\/F15a-Iglesia-de-Santa-Maria-del-Camino-Carrion-de-los-Condes-Palencia.jpg 768w, https:\/\/www.elturistatranquil.com\/wp-content\/uploads\/F15a-Iglesia-de-Santa-Maria-del-Camino-Carrion-de-los-Condes-Palencia-339x226.jpg 339w\" sizes=\"(max-width: 768px) 100vw, 768px\" \/>\t\t\t\t\t\t\t\t\t\t\t<figcaption class=\"widget-image-caption wp-caption-text\"><\/figcaption>\n\t\t\t\t\t\t\t\t\t\t<\/figure>\n\t\t\t\t\t\t\t\t\t<\/div>\n\t\t\t\t<\/div>\n\t\t\t\t<div class=\"elementor-element elementor-element-2aea4b2 elementor-widget elementor-widget-image\" data-id=\"2aea4b2\" data-element_type=\"widget\" data-e-type=\"widget\" data-widget_type=\"image.default\">\n\t\t\t\t<div class=\"elementor-widget-container\">\n\t\t\t\t\t\t\t\t\t\t\t\t<figure class=\"wp-caption\">\n\t\t\t\t\t\t\t\t\t\t<img loading=\"lazy\" decoding=\"async\" width=\"768\" height=\"512\" src=\"https:\/\/www.elturistatranquil.com\/wp-content\/uploads\/F15bValentin-Cardedera-Iglesia-de-Santa-Maria-del-Camino-Fondo-Carderera-9138.jpg\" class=\"attachment-large size-large wp-image-34595\" alt=\"Valentin Cardedera, Iglesia de Santa Maria del Camino, Fondo Carderera 9138\" srcset=\"https:\/\/www.elturistatranquil.com\/wp-content\/uploads\/F15bValentin-Cardedera-Iglesia-de-Santa-Maria-del-Camino-Fondo-Carderera-9138.jpg 768w, https:\/\/www.elturistatranquil.com\/wp-content\/uploads\/F15bValentin-Cardedera-Iglesia-de-Santa-Maria-del-Camino-Fondo-Carderera-9138-339x226.jpg 339w\" sizes=\"(max-width: 768px) 100vw, 768px\" \/>\t\t\t\t\t\t\t\t\t\t\t<figcaption class=\"widget-image-caption wp-caption-text\">Aiguatinta de Valent\u00edn Carderera (Font: Museo L\u00e1zaro Galdiano. Iglesia de Santa Mar\u00eda de las Victorias. Fondo Carderera 9138)<\/figcaption>\n\t\t\t\t\t\t\t\t\t\t<\/figure>\n\t\t\t\t\t\t\t\t\t<\/div>\n\t\t\t\t<\/div>\n\t\t\t\t<div class=\"elementor-element elementor-element-c5ac434 elementor-widget elementor-widget-menu-anchor\" data-id=\"c5ac434\" data-element_type=\"widget\" data-e-type=\"widget\" data-widget_type=\"menu-anchor.default\">\n\t\t\t\t<div class=\"elementor-widget-container\">\n\t\t\t\t\t\t\t<div class=\"elementor-menu-anchor\" id=\"b5405\"><\/div>\n\t\t\t\t\t\t<\/div>\n\t\t\t\t<\/div>\n\t\t\t\t<div class=\"elementor-element elementor-element-1f91012 elementor-widget elementor-widget-text-editor\" data-id=\"1f91012\" data-element_type=\"widget\" data-e-type=\"widget\" data-widget_type=\"text-editor.default\">\n\t\t\t\t<div class=\"elementor-widget-container\">\n\t\t\t\t\t\t\t\t\t<p>No es conserva la torre, que se situava sobre el presbiteri del temple, en forma de cimbori quadrat i dos cossos d&#8217;al\u00e7ada. Despr\u00e9s d&#8217;un incendi provocat a l&#8217;esgl\u00e9sia durant la Guerra de la Independ\u00e8ncia la torre va quedar molt afectada, pel que va ser desmuntada, sense ser reconstru\u00efda.<\/p>\t\t\t\t\t\t\t\t<\/div>\n\t\t\t\t<\/div>\n\t\t\t\t<div class=\"elementor-element elementor-element-7fa7760 elementor-widget elementor-widget-heading\" data-id=\"7fa7760\" data-element_type=\"widget\" data-e-type=\"widget\" data-widget_type=\"heading.default\">\n\t\t\t\t<div class=\"elementor-widget-container\">\n\t\t\t\t\t<h3 class=\"elementor-heading-title elementor-size-default\">L\u2019interior del temple<\/h3>\t\t\t\t<\/div>\n\t\t\t\t<\/div>\n\t\t\t\t<div class=\"elementor-element elementor-element-9892b6b elementor-widget elementor-widget-image\" data-id=\"9892b6b\" data-element_type=\"widget\" data-e-type=\"widget\" data-widget_type=\"image.default\">\n\t\t\t\t<div class=\"elementor-widget-container\">\n\t\t\t\t\t\t\t\t\t\t\t\t<figure class=\"wp-caption\">\n\t\t\t\t\t\t\t\t\t\t<img loading=\"lazy\" decoding=\"async\" width=\"768\" height=\"512\" src=\"https:\/\/www.elturistatranquil.com\/wp-content\/uploads\/F16a-Iglesia-de-Santa-Maria-del-Camino-Carrion-de-los-Condes-Palencia.jpg\" class=\"attachment-large size-large wp-image-34597\" alt=\"Iglesia de Santa Maria del Camino, Carrion de los Condes, Palencia\" srcset=\"https:\/\/www.elturistatranquil.com\/wp-content\/uploads\/F16a-Iglesia-de-Santa-Maria-del-Camino-Carrion-de-los-Condes-Palencia.jpg 768w, https:\/\/www.elturistatranquil.com\/wp-content\/uploads\/F16a-Iglesia-de-Santa-Maria-del-Camino-Carrion-de-los-Condes-Palencia-339x226.jpg 339w\" sizes=\"(max-width: 768px) 100vw, 768px\" \/>\t\t\t\t\t\t\t\t\t\t\t<figcaption class=\"widget-image-caption wp-caption-text\">Planta de l'esgl\u00e9sia (Font: <a href=\"https:\/\/es.wikipedia.org\/wiki\/Iglesia_de_Santa_Mar%C3%ADa_del_Camino_(Carri%C3%B3n_de_los_Condes)#\/media\/Archivo:Carrion_(Palencia)_Sta_M_del_Camino_1_Planta.png\" target=\"_blank\" rel=\"noopener\">Grosasm. Wikipedia<\/a>)<\/figcaption>\n\t\t\t\t\t\t\t\t\t\t<\/figure>\n\t\t\t\t\t\t\t\t\t<\/div>\n\t\t\t\t<\/div>\n\t\t\t\t<div class=\"elementor-element elementor-element-b36e862 elementor-widget elementor-widget-text-editor\" data-id=\"b36e862\" data-element_type=\"widget\" data-e-type=\"widget\" data-widget_type=\"text-editor.default\">\n\t\t\t\t<div class=\"elementor-widget-container\">\n\t\t\t\t\t\t\t\t\t<p>Amb planta basilical de tres naus, m\u00e9s ampla i alta la central que les laterals. Dividida en cinc trams, m\u00e9s tres absis, un per nau.<\/p><p>Els absis origin\u00e0riament eren semicirculars, per\u00f2 despr\u00e9s de les reformes de segle XVII, el central va ser allargat cap a l&#8217;exterior amb forma rectangular de dos trams.<\/p><p>Les dimensions interiors de temple s\u00f3n d\u2019uns 36 x 17 metres.<\/p><p>El conjunt dona una impressi\u00f3 austera i robusta, alhora que majestuosa per la seva elevada al\u00e7ada.<\/p>\t\t\t\t\t\t\t\t<\/div>\n\t\t\t\t<\/div>\n\t\t\t\t<div class=\"elementor-element elementor-element-d0900c6 elementor-widget elementor-widget-image\" data-id=\"d0900c6\" data-element_type=\"widget\" data-e-type=\"widget\" data-widget_type=\"image.default\">\n\t\t\t\t<div class=\"elementor-widget-container\">\n\t\t\t\t\t\t\t\t\t\t\t\t<figure class=\"wp-caption\">\n\t\t\t\t\t\t\t\t\t\t<img loading=\"lazy\" decoding=\"async\" width=\"768\" height=\"543\" src=\"https:\/\/www.elturistatranquil.com\/wp-content\/uploads\/F16b-Iglesia-de-Santa-Maria-del-Camino-Carrion-de-los-Condes-Palencia.jpg\" class=\"attachment-large size-large wp-image-34599\" alt=\"Iglesia de Santa Maria del Camino, Carrion de los Condes, Palencia\" srcset=\"https:\/\/www.elturistatranquil.com\/wp-content\/uploads\/F16b-Iglesia-de-Santa-Maria-del-Camino-Carrion-de-los-Condes-Palencia.jpg 768w, https:\/\/www.elturistatranquil.com\/wp-content\/uploads\/F16b-Iglesia-de-Santa-Maria-del-Camino-Carrion-de-los-Condes-Palencia-320x226.jpg 320w\" sizes=\"(max-width: 768px) 100vw, 768px\" \/>\t\t\t\t\t\t\t\t\t\t\t<figcaption class=\"widget-image-caption wp-caption-text\">(Foto: <a href=\"https:\/\/commons.wikimedia.org\/wiki\/File:Carri%C3%B3n_de_los_Condes,_iglesia_de_Santa_Mar%C3%ADa_del_Camino-PM_34935.jpg\" target=\"_blank\" rel=\"noopener\">PMRMaeyaert. Commons wikimedia<\/a>)<\/figcaption>\n\t\t\t\t\t\t\t\t\t\t<\/figure>\n\t\t\t\t\t\t\t\t\t<\/div>\n\t\t\t\t<\/div>\n\t\t\t\t<div class=\"elementor-element elementor-element-e37e228 elementor-widget elementor-widget-text-editor\" data-id=\"e37e228\" data-element_type=\"widget\" data-e-type=\"widget\" data-widget_type=\"text-editor.default\">\n\t\t\t\t<div class=\"elementor-widget-container\">\n\t\t\t\t\t\t\t\t\t<p>Tot i que en planta no s&#8217;acusi la forma de creuer, aquest es manifesta per una major amplada del tram, aix\u00ed com en la major al\u00e7ada, tots dos igual a la de la nau central, com s&#8217;ha vist manifestament des de l&#8217;exterior. A costat de l&#8217;evangeli es perllonga en la capella del Cristo del Amparo.<\/p><p>Els pilars tenen forma cruciforme de nucli quadrat, sent majors els que corresponen al creuer.<\/p><p>La separaci\u00f3 entre naus es fa a trav\u00e9s d&#8217;arcs lleugerament apuntats.<\/p><p>La volta de les naus laterals \u00e9s de can\u00f3 lleugerament apuntat refor\u00e7ada amb arcs faixons, mentre que la que cobreix la nau central \u00e9s d&#8217;\u00e8poca renaixentista, i hauria estat constru\u00efda despr\u00e9s d&#8217;un esfondrament de l&#8217;original.<\/p><p>Es considera que l&#8217;\u00fas de l&#8217;arc apuntat seria un dels primers casos d&#8217;utilitzaci\u00f3 a Castella i Lle\u00f3.<\/p><p>Tot el temple va ser restaurat i consolidat al segle XVII. L&#8217;absis de la nau de l&#8217;evangeli s&#8217;ha convertit en un lloc de pas cap a la capella anomenada del Cl\u00e9rigo Pastor, al fons, i una obertura lateral cap a la sagristia.<\/p>\t\t\t\t\t\t\t\t<\/div>\n\t\t\t\t<\/div>\n\t\t\t\t<section class=\"elementor-section elementor-inner-section elementor-element elementor-element-84c2640 elementor-section-boxed elementor-section-height-default elementor-section-height-default\" data-id=\"84c2640\" data-element_type=\"section\" data-e-type=\"section\">\n\t\t\t\t\t\t<div class=\"elementor-container elementor-column-gap-default\">\n\t\t\t\t\t<div class=\"elementor-column elementor-col-50 elementor-inner-column elementor-element elementor-element-dfa93b7\" data-id=\"dfa93b7\" data-element_type=\"column\" data-e-type=\"column\">\n\t\t\t<div class=\"elementor-widget-wrap elementor-element-populated\">\n\t\t\t\t\t\t<div class=\"elementor-element elementor-element-93b6086 elementor-widget elementor-widget-image\" data-id=\"93b6086\" data-element_type=\"widget\" data-e-type=\"widget\" data-widget_type=\"image.default\">\n\t\t\t\t<div class=\"elementor-widget-container\">\n\t\t\t\t\t\t\t\t\t\t\t\t\t\t\t<img loading=\"lazy\" decoding=\"async\" width=\"367\" height=\"550\" src=\"https:\/\/www.elturistatranquil.com\/wp-content\/uploads\/F17n-Iglesia-de-Santa-Maria-del-Camino-Carrion-de-los-Condes-Palencia.jpg\" class=\"attachment-large size-large wp-image-34603\" alt=\"Iglesia de Santa Maria del Camino, Carrion de los Condes, Palencia\" srcset=\"https:\/\/www.elturistatranquil.com\/wp-content\/uploads\/F17n-Iglesia-de-Santa-Maria-del-Camino-Carrion-de-los-Condes-Palencia.jpg 367w, https:\/\/www.elturistatranquil.com\/wp-content\/uploads\/F17n-Iglesia-de-Santa-Maria-del-Camino-Carrion-de-los-Condes-Palencia-151x226.jpg 151w\" sizes=\"(max-width: 367px) 100vw, 367px\" \/>\t\t\t\t\t\t\t\t\t\t\t\t\t\t\t<\/div>\n\t\t\t\t<\/div>\n\t\t\t\t\t<\/div>\n\t\t<\/div>\n\t\t\t\t<div class=\"elementor-column elementor-col-50 elementor-inner-column elementor-element elementor-element-79a3384\" data-id=\"79a3384\" data-element_type=\"column\" data-e-type=\"column\">\n\t\t\t<div class=\"elementor-widget-wrap elementor-element-populated\">\n\t\t\t\t\t\t<div class=\"elementor-element elementor-element-86f9d6d elementor-widget elementor-widget-image\" data-id=\"86f9d6d\" data-element_type=\"widget\" data-e-type=\"widget\" data-widget_type=\"image.default\">\n\t\t\t\t<div class=\"elementor-widget-container\">\n\t\t\t\t\t\t\t\t\t\t\t\t\t\t\t<img loading=\"lazy\" decoding=\"async\" width=\"367\" height=\"550\" src=\"https:\/\/www.elturistatranquil.com\/wp-content\/uploads\/F17m-Iglesia-de-Santa-Maria-del-Camino-Carrion-de-los-Condes-Palencia.jpg\" class=\"attachment-large size-large wp-image-34601\" alt=\"Iglesia de Santa Maria del Camino, Carrion de los Condes, Palencia\" srcset=\"https:\/\/www.elturistatranquil.com\/wp-content\/uploads\/F17m-Iglesia-de-Santa-Maria-del-Camino-Carrion-de-los-Condes-Palencia.jpg 367w, https:\/\/www.elturistatranquil.com\/wp-content\/uploads\/F17m-Iglesia-de-Santa-Maria-del-Camino-Carrion-de-los-Condes-Palencia-151x226.jpg 151w\" sizes=\"(max-width: 367px) 100vw, 367px\" \/>\t\t\t\t\t\t\t\t\t\t\t\t\t\t\t<\/div>\n\t\t\t\t<\/div>\n\t\t\t\t\t<\/div>\n\t\t<\/div>\n\t\t\t\t\t<\/div>\n\t\t<\/section>\n\t\t\t\t<div class=\"elementor-element elementor-element-c57ae26 elementor-widget elementor-widget-image\" data-id=\"c57ae26\" data-element_type=\"widget\" data-e-type=\"widget\" data-widget_type=\"image.default\">\n\t\t\t\t<div class=\"elementor-widget-container\">\n\t\t\t\t\t\t\t\t\t\t\t\t<figure class=\"wp-caption\">\n\t\t\t\t\t\t\t\t\t\t<img loading=\"lazy\" decoding=\"async\" width=\"768\" height=\"511\" src=\"https:\/\/www.elturistatranquil.com\/wp-content\/uploads\/F18-Iglesia-de-Santa-Maria-del-Camino-Carrion-de-los-Condes-Palencia.jpg\" class=\"attachment-large size-large wp-image-34605\" alt=\"Iglesia de Santa Maria del Camino, Carrion de los Condes, Palencia\" srcset=\"https:\/\/www.elturistatranquil.com\/wp-content\/uploads\/F18-Iglesia-de-Santa-Maria-del-Camino-Carrion-de-los-Condes-Palencia.jpg 768w, https:\/\/www.elturistatranquil.com\/wp-content\/uploads\/F18-Iglesia-de-Santa-Maria-del-Camino-Carrion-de-los-Condes-Palencia-339x226.jpg 339w\" sizes=\"(max-width: 768px) 100vw, 768px\" \/>\t\t\t\t\t\t\t\t\t\t\t<figcaption class=\"widget-image-caption wp-caption-text\"><\/figcaption>\n\t\t\t\t\t\t\t\t\t\t<\/figure>\n\t\t\t\t\t\t\t\t\t<\/div>\n\t\t\t\t<\/div>\n\t\t\t\t<div class=\"elementor-element elementor-element-e7c0f28 elementor-widget elementor-widget-text-editor\" data-id=\"e7c0f28\" data-element_type=\"widget\" data-e-type=\"widget\" data-widget_type=\"text-editor.default\">\n\t\t\t\t<div class=\"elementor-widget-container\">\n\t\t\t\t\t\t\t\t\t<p>La major modificaci\u00f3 es va produir en 1682-1685 per iniciativa del bisbe de Pal\u00e8ncia, Fra Juan del Molino Navarrete, natural de la vila. Va promoure la demolici\u00f3 de l&#8217;absis major i la construcci\u00f3 d&#8217;una capella de planta rectangular amb dos trams separats per un arc.<\/p><p>En el primer tram, zona del presbiteri, es va construir una c\u00fapula cega sobre petxines on se situaven els escuts del prelat.<\/p><p>El tram final cobert amb una volta de can\u00f3 amb llunetes, on se situa el retaule.<\/p>\t\t\t\t\t\t\t\t<\/div>\n\t\t\t\t<\/div>\n\t\t\t\t<div class=\"elementor-element elementor-element-115252b elementor-widget elementor-widget-image\" data-id=\"115252b\" data-element_type=\"widget\" data-e-type=\"widget\" data-widget_type=\"image.default\">\n\t\t\t\t<div class=\"elementor-widget-container\">\n\t\t\t\t\t\t\t\t\t\t\t\t<figure class=\"wp-caption\">\n\t\t\t\t\t\t\t\t\t\t<img loading=\"lazy\" decoding=\"async\" width=\"768\" height=\"512\" src=\"https:\/\/www.elturistatranquil.com\/wp-content\/uploads\/F19-Iglesia-de-Santa-Maria-del-Camino-Carrion-de-los-Condes-Palencia.jpg\" class=\"attachment-large size-large wp-image-34607\" alt=\"Iglesia de Santa Maria del Camino, Carrion de los Condes, Palencia\" srcset=\"https:\/\/www.elturistatranquil.com\/wp-content\/uploads\/F19-Iglesia-de-Santa-Maria-del-Camino-Carrion-de-los-Condes-Palencia.jpg 768w, https:\/\/www.elturistatranquil.com\/wp-content\/uploads\/F19-Iglesia-de-Santa-Maria-del-Camino-Carrion-de-los-Condes-Palencia-339x226.jpg 339w\" sizes=\"(max-width: 768px) 100vw, 768px\" \/>\t\t\t\t\t\t\t\t\t\t\t<figcaption class=\"widget-image-caption wp-caption-text\"><\/figcaption>\n\t\t\t\t\t\t\t\t\t\t<\/figure>\n\t\t\t\t\t\t\t\t\t<\/div>\n\t\t\t\t<\/div>\n\t\t\t\t<div class=\"elementor-element elementor-element-ed1cc01 elementor-widget elementor-widget-text-editor\" data-id=\"ed1cc01\" data-element_type=\"widget\" data-e-type=\"widget\" data-widget_type=\"text-editor.default\">\n\t\t\t\t<div class=\"elementor-widget-container\">\n\t\t\t\t\t\t\t\t\t<p>El retaule major barroc \u00e9s obra de Santiago Carnicero, de 1684.<\/p><p>Al centre la Verge en peu, amb Sant Joan Evangelista al costat de l&#8217;ep\u00edstola i Sant Joan Baptista a la banda de l&#8217;evangeli. A la part superior un Sant Francesc de major grand\u00e0ria.<\/p>\t\t\t\t\t\t\t\t<\/div>\n\t\t\t\t<\/div>\n\t\t\t\t<div class=\"elementor-element elementor-element-469e6ba elementor-widget elementor-widget-image\" data-id=\"469e6ba\" data-element_type=\"widget\" data-e-type=\"widget\" data-widget_type=\"image.default\">\n\t\t\t\t<div class=\"elementor-widget-container\">\n\t\t\t\t\t\t\t\t\t\t\t\t<figure class=\"wp-caption\">\n\t\t\t\t\t\t\t\t\t\t<img loading=\"lazy\" decoding=\"async\" width=\"367\" height=\"550\" src=\"https:\/\/www.elturistatranquil.com\/wp-content\/uploads\/F20-Iglesia-de-Santa-Maria-del-Camino-Carrion-de-los-Condes-Palencia.jpg\" class=\"attachment-large size-large wp-image-34609\" alt=\"Iglesia de Santa Maria del Camino, Carrion de los Condes, Palencia\" srcset=\"https:\/\/www.elturistatranquil.com\/wp-content\/uploads\/F20-Iglesia-de-Santa-Maria-del-Camino-Carrion-de-los-Condes-Palencia.jpg 367w, https:\/\/www.elturistatranquil.com\/wp-content\/uploads\/F20-Iglesia-de-Santa-Maria-del-Camino-Carrion-de-los-Condes-Palencia-151x226.jpg 151w\" sizes=\"(max-width: 367px) 100vw, 367px\" \/>\t\t\t\t\t\t\t\t\t\t\t<figcaption class=\"widget-image-caption wp-caption-text\"><\/figcaption>\n\t\t\t\t\t\t\t\t\t\t<\/figure>\n\t\t\t\t\t\t\t\t\t<\/div>\n\t\t\t\t<\/div>\n\t\t\t\t<div class=\"elementor-element elementor-element-faf1deb elementor-widget elementor-widget-text-editor\" data-id=\"faf1deb\" data-element_type=\"widget\" data-e-type=\"widget\" data-widget_type=\"text-editor.default\">\n\t\t\t\t<div class=\"elementor-widget-container\">\n\t\t\t\t\t\t\t\t\t<p>Entre les obres art\u00edstiques del temple destaca la imatge de la Virgen de las Victorias y del Camino, g\u00f2tica del segle XIII en pedra calc\u00e0ria policromada, repintada al segle XVI. Aquesta imatge presidia el primitiu retaule, i es troba situada en un n\u00ednxol de la banda de l&#8217;ep\u00edstola.<\/p>\t\t\t\t\t\t\t\t<\/div>\n\t\t\t\t<\/div>\n\t\t\t\t<div class=\"elementor-element elementor-element-882b27f elementor-widget elementor-widget-image\" data-id=\"882b27f\" data-element_type=\"widget\" data-e-type=\"widget\" data-widget_type=\"image.default\">\n\t\t\t\t<div class=\"elementor-widget-container\">\n\t\t\t\t\t\t\t\t\t\t\t\t<figure class=\"wp-caption\">\n\t\t\t\t\t\t\t\t\t\t<img loading=\"lazy\" decoding=\"async\" width=\"539\" height=\"550\" src=\"https:\/\/www.elturistatranquil.com\/wp-content\/uploads\/F21-Virgen-de-las-Victorias-Iglesia-de-Santa-Maria-del-Camino-Carrion-de-los-Condes-Palencia.jpg\" class=\"attachment-large size-large wp-image-34611\" alt=\"Virgen de las Victorias, Iglesia de Santa Maria del Camino, Carrion de los Condes, Palencia\" srcset=\"https:\/\/www.elturistatranquil.com\/wp-content\/uploads\/F21-Virgen-de-las-Victorias-Iglesia-de-Santa-Maria-del-Camino-Carrion-de-los-Condes-Palencia.jpg 539w, https:\/\/www.elturistatranquil.com\/wp-content\/uploads\/F21-Virgen-de-las-Victorias-Iglesia-de-Santa-Maria-del-Camino-Carrion-de-los-Condes-Palencia-221x226.jpg 221w\" sizes=\"(max-width: 539px) 100vw, 539px\" \/>\t\t\t\t\t\t\t\t\t\t\t<figcaption class=\"widget-image-caption wp-caption-text\"><\/figcaption>\n\t\t\t\t\t\t\t\t\t\t<\/figure>\n\t\t\t\t\t\t\t\t\t<\/div>\n\t\t\t\t<\/div>\n\t\t\t\t<div class=\"elementor-element elementor-element-86c76cf elementor-widget elementor-widget-menu-anchor\" data-id=\"86c76cf\" data-element_type=\"widget\" data-e-type=\"widget\" data-widget_type=\"menu-anchor.default\">\n\t\t\t\t<div class=\"elementor-widget-container\">\n\t\t\t\t\t\t\t<div class=\"elementor-menu-anchor\" id=\"b5406\"><\/div>\n\t\t\t\t\t\t<\/div>\n\t\t\t\t<\/div>\n\t\t\t\t<div class=\"elementor-element elementor-element-bca78c3 elementor-widget elementor-widget-text-editor\" data-id=\"bca78c3\" data-element_type=\"widget\" data-e-type=\"widget\" data-widget_type=\"text-editor.default\">\n\t\t\t\t<div class=\"elementor-widget-container\">\n\t\t\t\t\t\t\t\t\t<p>Altres peces interessants s\u00f3n el <em>Santo Cristo del Amparo<\/em>, talla g\u00f2tica renana del segle XIV i la <em>Virgen del P\u00f3pulo<\/em>, obra de Diego Valent\u00edn D\u00edaz.<\/p>\t\t\t\t\t\t\t\t<\/div>\n\t\t\t\t<\/div>\n\t\t\t\t<div class=\"elementor-element elementor-element-819c9df elementor-widget elementor-widget-heading\" data-id=\"819c9df\" data-element_type=\"widget\" data-e-type=\"widget\" data-widget_type=\"heading.default\">\n\t\t\t\t<div class=\"elementor-widget-container\">\n\t\t\t\t\t<h2 class=\"elementor-heading-title elementor-size-default\">Qu\u00e8 m\u00e9s veure a Carri\u00f3n de los Condes<\/h2>\t\t\t\t<\/div>\n\t\t\t\t<\/div>\n\t\t\t\t<div class=\"elementor-element elementor-element-6c51f18 elementor-widget elementor-widget-menu-anchor\" data-id=\"6c51f18\" data-element_type=\"widget\" data-e-type=\"widget\" data-widget_type=\"menu-anchor.default\">\n\t\t\t\t<div class=\"elementor-widget-container\">\n\t\t\t\t\t\t\t<div class=\"elementor-menu-anchor\" id=\"b5407\"><\/div>\n\t\t\t\t\t\t<\/div>\n\t\t\t\t<\/div>\n\t\t\t\t<div class=\"elementor-element elementor-element-687dde4 elementor-widget elementor-widget-text-editor\" data-id=\"687dde4\" data-element_type=\"widget\" data-e-type=\"widget\" data-widget_type=\"text-editor.default\">\n\t\t\t\t<div class=\"elementor-widget-container\">\n\t\t\t\t\t\t\t\t\t<p>Dels nombrosos edificis hist\u00f2rics que va tenir Carri\u00f3n queda encara notables vestigis.<\/p><p>Entre els monestirs es mantenen: el <strong>Reial Monestir de San Zoilo<\/strong> (Monument BIC) de segle X, amb aportacions g\u00f2tiques, renaixentistes i barroques, i el <strong>Reial Monestir de Santa Clara<\/strong>, d&#8217;estil mud\u00e8jar del segle XIII i XVII, aix\u00ed com les ru\u00efnes del <strong>Monestir de San Francisco<\/strong>.<\/p><p>Entre les esgl\u00e9sies cal destacar l&#8217;<strong>Esgl\u00e9sia de Santiago<\/strong>, rom\u00e0nica de segle XII (Monument BIC), que formava part d&#8217;un conjunt mon\u00e0stic. Tamb\u00e9 l&#8217;<strong>Esgl\u00e9sia de San Andr\u00e9s<\/strong>, renaixentista del segle XVI.<\/p><p>En arquitectura civil l\u2019<strong>Ajuntament<\/strong> de 1868, d&#8217;estil castell\u00e0, que substitueix el incendiat durant la Guerra de la Independ\u00e8ncia. Tamb\u00e9 diversos <strong>palaus i cases pairals<\/strong>.<\/p><p>A m\u00e9s, es pot visitar el <strong>Museu de Santa Clara<\/strong> y el <strong>Museu de Santiago<\/strong>, tots dos d&#8217;art sacre.<\/p>\t\t\t\t\t\t\t\t<\/div>\n\t\t\t\t<\/div>\n\t\t\t\t<div class=\"elementor-element elementor-element-f98ae7f elementor-widget elementor-widget-heading\" data-id=\"f98ae7f\" data-element_type=\"widget\" data-e-type=\"widget\" data-widget_type=\"heading.default\">\n\t\t\t\t<div class=\"elementor-widget-container\">\n\t\t\t\t\t<h2 class=\"elementor-heading-title elementor-size-default\">Bases d\u2019informaci\u00f3<\/h2>\t\t\t\t<\/div>\n\t\t\t\t<\/div>\n\t\t\t\t<div class=\"elementor-element elementor-element-7b472023 elementor-widget elementor-widget-text-editor\" data-id=\"7b472023\" data-element_type=\"widget\" data-e-type=\"widget\" data-widget_type=\"text-editor.default\">\n\t\t\t\t<div class=\"elementor-widget-container\">\n\t\t\t\t\t\t\t\t\t<p><strong>Webs<\/strong><\/p><p><a href=\"http:\/\/www.carriondeloscondes.org\/\" target=\"_blank\" rel=\"noopener\">ayuntamiento<\/a><\/p><p><a href=\"http:\/\/www.carriondeloscondes.org\/portfolio-items\/santa-maria-del-camino\/\" target=\"_blank\" rel=\"noopener\">carriondeloscondes<\/a><\/p><p><a href=\"https:\/\/es.wikipedia.org\/wiki\/Iglesia_de_Santa_Mar%C3%ADa_del_Camino_(Carri%C3%B3n_de_los_Condes)\" target=\"_blank\" rel=\"noopener\">wikipedia<\/a><\/p><p><a href=\"http:\/\/www.arquivoltas.com\/8-palencia\/02-CarrionSM00.htm\" target=\"_blank\" rel=\"noopener\">arquivoltas<\/a><\/p><p><a href=\"https:\/\/www.palenciaturismo.es\/visitar\/lugares-interes\/iglesia-santa-maria-camino\" target=\"_blank\" rel=\"noopener\">palenciaturismo<\/a><\/p><p><a href=\"https:\/\/www.arteguias.com\/iglesia\/santamariacaminocarrioncondes.htm\" target=\"_blank\" rel=\"noopener\">arteguias<\/a><\/p><p><strong>Webs academic<\/strong><\/p><p>Mar\u00eda Flora Cuadrado Lorenzo. <a href=\"https:\/\/dialnet.unirioja.es\/descarga\/articulo\/2487352.pdf\" target=\"_blank\" rel=\"noopener\"><em>La iglesia de Santa Mar\u00eda de Carri\u00f3n de los Condes y su programa escult\u00f3rico<\/em><\/a><\/p><p>Lorena Garc\u00eda Garc\u00eda. <a href=\"https:\/\/uvadoc.uva.es\/handle\/10324\/3026\" target=\"_blank\" rel=\"noopener\"><em>Evoluci\u00f3n del patrimonio religioso en Carri\u00f3n de los Condes, Palencia, desde la baja Edad media hasta nuestros d\u00edas<\/em> <\/a>(Tesis doctoral)<\/p><p>Carlos Pisano, Mar\u00ed Julia Crespo Mancho. <a href=\"https:\/\/docplayer.es\/64857750-Carta-arqueologica-del-conjunto-historico-del-camino-de-santiago-en-el-tm-de-carrion-de-los-condes-palencia.html\" target=\"_blank\" rel=\"noopener\"><em>Carta arqueol\u00f3gica del conjunto hist\u00f3rico del Camino de Santiago en el tm de Carri\u00f3n de los Condes (Palencia)<\/em><\/a><\/p><p><a href=\"http:\/\/www.carriondeloscondes.org\/wp-content\/uploads\/2014\/08\/historia_carrion.pdf\" target=\"_blank\" rel=\"noopener\"><em>Historia de Carri\u00f3n de los Condes<\/em><\/a><\/p>\t\t\t\t\t\t\t\t<\/div>\n\t\t\t\t<\/div>\n\t\t\t\t\t<\/div>\n\t\t<\/div>\n\t\t\t\t\t<\/div>\n\t\t<\/section>\n\t\t\t\t<\/div>\n\t\t","protected":false},"excerpt":{"rendered":"<p>L&#8217;Esgl\u00e9sia de Santa Mar\u00eda del Camino de Carri\u00f3n de los Condes (Pal\u00e8ncia) \u00e9s una de les esgl\u00e9sies rom\u00e0niques m\u00e9s apreciades del Cam\u00ed de Sant Jaume palent\u00ed. Esgl\u00e9sia de Santa Mar\u00eda &#8230; <a title=\"Esgl\u00e9sia de Santa Mar\u00eda del Camino de Carri\u00f3n de los Condes (Pal\u00e8ncia)\" class=\"read-more\" href=\"https:\/\/www.elturistatranquil.com\/ca\/esglesia-de-santa-maria-del-camino-de-carrion-de-los-condes-palencia\/\" aria-label=\"M\u00e9s informaci\u00f3 sobre Esgl\u00e9sia de Santa Mar\u00eda del Camino de Carri\u00f3n de los Condes (Pal\u00e8ncia)\">[ &#8230; ]<\/a><\/p>\n","protected":false},"author":1,"featured_media":34593,"comment_status":"open","ping_status":"closed","sticky":false,"template":"","format":"standard","meta":{"footnotes":""},"categories":[72,74,145,80,83,87,162,104,139],"tags":[],"class_list":["post-34622","post","type-post","status-publish","format-standard","has-post-thumbnail","hentry","category-arquitectura-religiosa-ca","category-barroc","category-edat-mitjana","category-el-cami-de-sant-jaume","category-historia-ca","category-joies-al-territori","category-palencia-ca","category-preromanic-ca","category-segle-xvi-xvii","infinite-scroll-item","generate-columns","tablet-grid-50","mobile-grid-100","grid-parent","grid-50","no-featured-image-padding"],"yoast_head":"<!-- This site is optimized with the Yoast SEO plugin v27.4 - https:\/\/yoast.com\/product\/yoast-seo-wordpress\/ -->\n<title>Esgl\u00e9sia de Santa Mar\u00eda del Camino de Carri\u00f3n de los Condes (Pal\u00e8ncia) - El turista tranquil<\/title>\n<meta name=\"description\" content=\"L&#039;Esgl\u00e9sia de Santa Mar\u00eda del Camino de Carri\u00f3n de los Condes (Pal\u00e8ncia) \u00e9s una de les esgl\u00e9sies rom\u00e0niques m\u00e9s apreciades del Cam\u00ed de Sant Jaume palent\u00ed.\" \/>\n<meta name=\"robots\" content=\"index, follow, max-snippet:-1, max-image-preview:large, max-video-preview:-1\" \/>\n<link rel=\"canonical\" href=\"https:\/\/www.elturistatranquil.com\/ca\/esglesia-de-santa-maria-del-camino-de-carrion-de-los-condes-palencia\/\" \/>\n<meta property=\"og:locale\" content=\"ca_ES\" \/>\n<meta property=\"og:type\" content=\"article\" \/>\n<meta property=\"og:title\" content=\"Esgl\u00e9sia de Santa Mar\u00eda del Camino de Carri\u00f3n de los Condes (Pal\u00e8ncia) - El turista tranquil\" \/>\n<meta property=\"og:description\" content=\"L&#039;Esgl\u00e9sia de Santa Mar\u00eda del Camino de Carri\u00f3n de los Condes (Pal\u00e8ncia) \u00e9s una de les esgl\u00e9sies rom\u00e0niques m\u00e9s apreciades del Cam\u00ed de Sant Jaume palent\u00ed.\" \/>\n<meta property=\"og:url\" content=\"https:\/\/www.elturistatranquil.com\/ca\/esglesia-de-santa-maria-del-camino-de-carrion-de-los-condes-palencia\/\" \/>\n<meta property=\"og:site_name\" content=\"El turista tranquil\" \/>\n<meta property=\"article:publisher\" content=\"https:\/\/www.facebook.com\/elturistatranquilo\/\" \/>\n<meta property=\"article:published_time\" content=\"2021-03-06T09:00:34+00:00\" \/>\n<meta property=\"article:modified_time\" content=\"2021-03-06T09:16:32+00:00\" \/>\n<meta property=\"og:image\" content=\"https:\/\/www.elturistatranquil.com\/wp-content\/uploads\/F15a-Iglesia-de-Santa-Maria-del-Camino-Carrion-de-los-Condes-Palencia.jpg\" \/>\n\t<meta property=\"og:image:width\" content=\"768\" \/>\n\t<meta property=\"og:image:height\" content=\"512\" \/>\n\t<meta property=\"og:image:type\" content=\"image\/jpeg\" \/>\n<meta name=\"author\" content=\"admin\" \/>\n<meta name=\"twitter:card\" content=\"summary_large_image\" \/>\n<meta name=\"twitter:label1\" content=\"Escrit per\" \/>\n\t<meta name=\"twitter:data1\" content=\"admin\" \/>\n\t<meta name=\"twitter:label2\" content=\"Temps estimat de lectura\" \/>\n\t<meta name=\"twitter:data2\" content=\"14 minuts\" \/>\n<script type=\"application\/ld+json\" class=\"yoast-schema-graph\">{\"@context\":\"https:\\\/\\\/schema.org\",\"@graph\":[{\"@type\":\"Article\",\"@id\":\"https:\\\/\\\/www.elturistatranquil.com\\\/ca\\\/esglesia-de-santa-maria-del-camino-de-carrion-de-los-condes-palencia\\\/#article\",\"isPartOf\":{\"@id\":\"https:\\\/\\\/www.elturistatranquil.com\\\/ca\\\/esglesia-de-santa-maria-del-camino-de-carrion-de-los-condes-palencia\\\/\"},\"author\":{\"name\":\"admin\",\"@id\":\"https:\\\/\\\/www.elturistatranquil.com\\\/ca\\\/#\\\/schema\\\/person\\\/16f607c3079b96ed0c530a52e6b58bb5\"},\"headline\":\"Esgl\u00e9sia de Santa Mar\u00eda del Camino de Carri\u00f3n de los Condes (Pal\u00e8ncia)\",\"datePublished\":\"2021-03-06T09:00:34+00:00\",\"dateModified\":\"2021-03-06T09:16:32+00:00\",\"mainEntityOfPage\":{\"@id\":\"https:\\\/\\\/www.elturistatranquil.com\\\/ca\\\/esglesia-de-santa-maria-del-camino-de-carrion-de-los-condes-palencia\\\/\"},\"wordCount\":2203,\"commentCount\":0,\"image\":{\"@id\":\"https:\\\/\\\/www.elturistatranquil.com\\\/ca\\\/esglesia-de-santa-maria-del-camino-de-carrion-de-los-condes-palencia\\\/#primaryimage\"},\"thumbnailUrl\":\"https:\\\/\\\/www.elturistatranquil.com\\\/wp-content\\\/uploads\\\/F15a-Iglesia-de-Santa-Maria-del-Camino-Carrion-de-los-Condes-Palencia.jpg\",\"articleSection\":[\"Arquitectura religiosa\",\"Barroc\",\"Edat mitjana\",\"El Cam\u00ed de Sant Jaume\",\"Hist\u00f2ria\",\"Joies al territori\",\"Pal\u00e8ncia\",\"Rom\u00e0nic\",\"Segle XVI-XVII\"],\"inLanguage\":\"ca\",\"potentialAction\":[{\"@type\":\"CommentAction\",\"name\":\"Comment\",\"target\":[\"https:\\\/\\\/www.elturistatranquil.com\\\/ca\\\/esglesia-de-santa-maria-del-camino-de-carrion-de-los-condes-palencia\\\/#respond\"]}]},{\"@type\":\"WebPage\",\"@id\":\"https:\\\/\\\/www.elturistatranquil.com\\\/ca\\\/esglesia-de-santa-maria-del-camino-de-carrion-de-los-condes-palencia\\\/\",\"url\":\"https:\\\/\\\/www.elturistatranquil.com\\\/ca\\\/esglesia-de-santa-maria-del-camino-de-carrion-de-los-condes-palencia\\\/\",\"name\":\"Esgl\u00e9sia de Santa Mar\u00eda del Camino de Carri\u00f3n de los Condes (Pal\u00e8ncia) - El turista tranquil\",\"isPartOf\":{\"@id\":\"https:\\\/\\\/www.elturistatranquil.com\\\/ca\\\/#website\"},\"primaryImageOfPage\":{\"@id\":\"https:\\\/\\\/www.elturistatranquil.com\\\/ca\\\/esglesia-de-santa-maria-del-camino-de-carrion-de-los-condes-palencia\\\/#primaryimage\"},\"image\":{\"@id\":\"https:\\\/\\\/www.elturistatranquil.com\\\/ca\\\/esglesia-de-santa-maria-del-camino-de-carrion-de-los-condes-palencia\\\/#primaryimage\"},\"thumbnailUrl\":\"https:\\\/\\\/www.elturistatranquil.com\\\/wp-content\\\/uploads\\\/F15a-Iglesia-de-Santa-Maria-del-Camino-Carrion-de-los-Condes-Palencia.jpg\",\"datePublished\":\"2021-03-06T09:00:34+00:00\",\"dateModified\":\"2021-03-06T09:16:32+00:00\",\"author\":{\"@id\":\"https:\\\/\\\/www.elturistatranquil.com\\\/ca\\\/#\\\/schema\\\/person\\\/16f607c3079b96ed0c530a52e6b58bb5\"},\"description\":\"L'Esgl\u00e9sia de Santa Mar\u00eda del Camino de Carri\u00f3n de los Condes (Pal\u00e8ncia) \u00e9s una de les esgl\u00e9sies rom\u00e0niques m\u00e9s apreciades del Cam\u00ed de Sant Jaume palent\u00ed.\",\"breadcrumb\":{\"@id\":\"https:\\\/\\\/www.elturistatranquil.com\\\/ca\\\/esglesia-de-santa-maria-del-camino-de-carrion-de-los-condes-palencia\\\/#breadcrumb\"},\"inLanguage\":\"ca\",\"potentialAction\":[{\"@type\":\"ReadAction\",\"target\":[\"https:\\\/\\\/www.elturistatranquil.com\\\/ca\\\/esglesia-de-santa-maria-del-camino-de-carrion-de-los-condes-palencia\\\/\"]}]},{\"@type\":\"ImageObject\",\"inLanguage\":\"ca\",\"@id\":\"https:\\\/\\\/www.elturistatranquil.com\\\/ca\\\/esglesia-de-santa-maria-del-camino-de-carrion-de-los-condes-palencia\\\/#primaryimage\",\"url\":\"https:\\\/\\\/www.elturistatranquil.com\\\/wp-content\\\/uploads\\\/F15a-Iglesia-de-Santa-Maria-del-Camino-Carrion-de-los-Condes-Palencia.jpg\",\"contentUrl\":\"https:\\\/\\\/www.elturistatranquil.com\\\/wp-content\\\/uploads\\\/F15a-Iglesia-de-Santa-Maria-del-Camino-Carrion-de-los-Condes-Palencia.jpg\",\"width\":768,\"height\":512,\"caption\":\"Iglesia de Santa Maria del Camino, Carrion de los Condes, Palencia\"},{\"@type\":\"BreadcrumbList\",\"@id\":\"https:\\\/\\\/www.elturistatranquil.com\\\/ca\\\/esglesia-de-santa-maria-del-camino-de-carrion-de-los-condes-palencia\\\/#breadcrumb\",\"itemListElement\":[{\"@type\":\"ListItem\",\"position\":1,\"name\":\"Portada\",\"item\":\"https:\\\/\\\/www.elturistatranquil.com\\\/ca\\\/\"},{\"@type\":\"ListItem\",\"position\":2,\"name\":\"Esgl\u00e9sia de Santa Mar\u00eda del Camino de Carri\u00f3n de los Condes (Pal\u00e8ncia)\"}]},{\"@type\":\"WebSite\",\"@id\":\"https:\\\/\\\/www.elturistatranquil.com\\\/ca\\\/#website\",\"url\":\"https:\\\/\\\/www.elturistatranquil.com\\\/ca\\\/\",\"name\":\"El turista tranquil\",\"description\":\"Blog de viatges\",\"potentialAction\":[{\"@type\":\"SearchAction\",\"target\":{\"@type\":\"EntryPoint\",\"urlTemplate\":\"https:\\\/\\\/www.elturistatranquil.com\\\/ca\\\/?s={search_term_string}\"},\"query-input\":{\"@type\":\"PropertyValueSpecification\",\"valueRequired\":true,\"valueName\":\"search_term_string\"}}],\"inLanguage\":\"ca\"},{\"@type\":\"Person\",\"@id\":\"https:\\\/\\\/www.elturistatranquil.com\\\/ca\\\/#\\\/schema\\\/person\\\/16f607c3079b96ed0c530a52e6b58bb5\",\"name\":\"admin\",\"image\":{\"@type\":\"ImageObject\",\"inLanguage\":\"ca\",\"@id\":\"https:\\\/\\\/secure.gravatar.com\\\/avatar\\\/1fbaf22aee75fcbb29a2f97b107f95d25d3a19b7c3416105be10269872673e8d?s=96&d=mm&r=g\",\"url\":\"https:\\\/\\\/secure.gravatar.com\\\/avatar\\\/1fbaf22aee75fcbb29a2f97b107f95d25d3a19b7c3416105be10269872673e8d?s=96&d=mm&r=g\",\"contentUrl\":\"https:\\\/\\\/secure.gravatar.com\\\/avatar\\\/1fbaf22aee75fcbb29a2f97b107f95d25d3a19b7c3416105be10269872673e8d?s=96&d=mm&r=g\",\"caption\":\"admin\"}}]}<\/script>\n<!-- \/ Yoast SEO plugin. -->","yoast_head_json":{"title":"Esgl\u00e9sia de Santa Mar\u00eda del Camino de Carri\u00f3n de los Condes (Pal\u00e8ncia) - El turista tranquil","description":"L'Esgl\u00e9sia de Santa Mar\u00eda del Camino de Carri\u00f3n de los Condes (Pal\u00e8ncia) \u00e9s una de les esgl\u00e9sies rom\u00e0niques m\u00e9s apreciades del Cam\u00ed de Sant Jaume palent\u00ed.","robots":{"index":"index","follow":"follow","max-snippet":"max-snippet:-1","max-image-preview":"max-image-preview:large","max-video-preview":"max-video-preview:-1"},"canonical":"https:\/\/www.elturistatranquil.com\/ca\/esglesia-de-santa-maria-del-camino-de-carrion-de-los-condes-palencia\/","og_locale":"ca_ES","og_type":"article","og_title":"Esgl\u00e9sia de Santa Mar\u00eda del Camino de Carri\u00f3n de los Condes (Pal\u00e8ncia) - El turista tranquil","og_description":"L'Esgl\u00e9sia de Santa Mar\u00eda del Camino de Carri\u00f3n de los Condes (Pal\u00e8ncia) \u00e9s una de les esgl\u00e9sies rom\u00e0niques m\u00e9s apreciades del Cam\u00ed de Sant Jaume palent\u00ed.","og_url":"https:\/\/www.elturistatranquil.com\/ca\/esglesia-de-santa-maria-del-camino-de-carrion-de-los-condes-palencia\/","og_site_name":"El turista tranquil","article_publisher":"https:\/\/www.facebook.com\/elturistatranquilo\/","article_published_time":"2021-03-06T09:00:34+00:00","article_modified_time":"2021-03-06T09:16:32+00:00","og_image":[{"width":768,"height":512,"url":"https:\/\/www.elturistatranquil.com\/wp-content\/uploads\/F15a-Iglesia-de-Santa-Maria-del-Camino-Carrion-de-los-Condes-Palencia.jpg","type":"image\/jpeg"}],"author":"admin","twitter_card":"summary_large_image","twitter_misc":{"Escrit per":"admin","Temps estimat de lectura":"14 minuts"},"schema":{"@context":"https:\/\/schema.org","@graph":[{"@type":"Article","@id":"https:\/\/www.elturistatranquil.com\/ca\/esglesia-de-santa-maria-del-camino-de-carrion-de-los-condes-palencia\/#article","isPartOf":{"@id":"https:\/\/www.elturistatranquil.com\/ca\/esglesia-de-santa-maria-del-camino-de-carrion-de-los-condes-palencia\/"},"author":{"name":"admin","@id":"https:\/\/www.elturistatranquil.com\/ca\/#\/schema\/person\/16f607c3079b96ed0c530a52e6b58bb5"},"headline":"Esgl\u00e9sia de Santa Mar\u00eda del Camino de Carri\u00f3n de los Condes (Pal\u00e8ncia)","datePublished":"2021-03-06T09:00:34+00:00","dateModified":"2021-03-06T09:16:32+00:00","mainEntityOfPage":{"@id":"https:\/\/www.elturistatranquil.com\/ca\/esglesia-de-santa-maria-del-camino-de-carrion-de-los-condes-palencia\/"},"wordCount":2203,"commentCount":0,"image":{"@id":"https:\/\/www.elturistatranquil.com\/ca\/esglesia-de-santa-maria-del-camino-de-carrion-de-los-condes-palencia\/#primaryimage"},"thumbnailUrl":"https:\/\/www.elturistatranquil.com\/wp-content\/uploads\/F15a-Iglesia-de-Santa-Maria-del-Camino-Carrion-de-los-Condes-Palencia.jpg","articleSection":["Arquitectura religiosa","Barroc","Edat mitjana","El Cam\u00ed de Sant Jaume","Hist\u00f2ria","Joies al territori","Pal\u00e8ncia","Rom\u00e0nic","Segle XVI-XVII"],"inLanguage":"ca","potentialAction":[{"@type":"CommentAction","name":"Comment","target":["https:\/\/www.elturistatranquil.com\/ca\/esglesia-de-santa-maria-del-camino-de-carrion-de-los-condes-palencia\/#respond"]}]},{"@type":"WebPage","@id":"https:\/\/www.elturistatranquil.com\/ca\/esglesia-de-santa-maria-del-camino-de-carrion-de-los-condes-palencia\/","url":"https:\/\/www.elturistatranquil.com\/ca\/esglesia-de-santa-maria-del-camino-de-carrion-de-los-condes-palencia\/","name":"Esgl\u00e9sia de Santa Mar\u00eda del Camino de Carri\u00f3n de los Condes (Pal\u00e8ncia) - El turista tranquil","isPartOf":{"@id":"https:\/\/www.elturistatranquil.com\/ca\/#website"},"primaryImageOfPage":{"@id":"https:\/\/www.elturistatranquil.com\/ca\/esglesia-de-santa-maria-del-camino-de-carrion-de-los-condes-palencia\/#primaryimage"},"image":{"@id":"https:\/\/www.elturistatranquil.com\/ca\/esglesia-de-santa-maria-del-camino-de-carrion-de-los-condes-palencia\/#primaryimage"},"thumbnailUrl":"https:\/\/www.elturistatranquil.com\/wp-content\/uploads\/F15a-Iglesia-de-Santa-Maria-del-Camino-Carrion-de-los-Condes-Palencia.jpg","datePublished":"2021-03-06T09:00:34+00:00","dateModified":"2021-03-06T09:16:32+00:00","author":{"@id":"https:\/\/www.elturistatranquil.com\/ca\/#\/schema\/person\/16f607c3079b96ed0c530a52e6b58bb5"},"description":"L'Esgl\u00e9sia de Santa Mar\u00eda del Camino de Carri\u00f3n de los Condes (Pal\u00e8ncia) \u00e9s una de les esgl\u00e9sies rom\u00e0niques m\u00e9s apreciades del Cam\u00ed de Sant Jaume palent\u00ed.","breadcrumb":{"@id":"https:\/\/www.elturistatranquil.com\/ca\/esglesia-de-santa-maria-del-camino-de-carrion-de-los-condes-palencia\/#breadcrumb"},"inLanguage":"ca","potentialAction":[{"@type":"ReadAction","target":["https:\/\/www.elturistatranquil.com\/ca\/esglesia-de-santa-maria-del-camino-de-carrion-de-los-condes-palencia\/"]}]},{"@type":"ImageObject","inLanguage":"ca","@id":"https:\/\/www.elturistatranquil.com\/ca\/esglesia-de-santa-maria-del-camino-de-carrion-de-los-condes-palencia\/#primaryimage","url":"https:\/\/www.elturistatranquil.com\/wp-content\/uploads\/F15a-Iglesia-de-Santa-Maria-del-Camino-Carrion-de-los-Condes-Palencia.jpg","contentUrl":"https:\/\/www.elturistatranquil.com\/wp-content\/uploads\/F15a-Iglesia-de-Santa-Maria-del-Camino-Carrion-de-los-Condes-Palencia.jpg","width":768,"height":512,"caption":"Iglesia de Santa Maria del Camino, Carrion de los Condes, Palencia"},{"@type":"BreadcrumbList","@id":"https:\/\/www.elturistatranquil.com\/ca\/esglesia-de-santa-maria-del-camino-de-carrion-de-los-condes-palencia\/#breadcrumb","itemListElement":[{"@type":"ListItem","position":1,"name":"Portada","item":"https:\/\/www.elturistatranquil.com\/ca\/"},{"@type":"ListItem","position":2,"name":"Esgl\u00e9sia de Santa Mar\u00eda del Camino de Carri\u00f3n de los Condes (Pal\u00e8ncia)"}]},{"@type":"WebSite","@id":"https:\/\/www.elturistatranquil.com\/ca\/#website","url":"https:\/\/www.elturistatranquil.com\/ca\/","name":"El turista tranquil","description":"Blog de viatges","potentialAction":[{"@type":"SearchAction","target":{"@type":"EntryPoint","urlTemplate":"https:\/\/www.elturistatranquil.com\/ca\/?s={search_term_string}"},"query-input":{"@type":"PropertyValueSpecification","valueRequired":true,"valueName":"search_term_string"}}],"inLanguage":"ca"},{"@type":"Person","@id":"https:\/\/www.elturistatranquil.com\/ca\/#\/schema\/person\/16f607c3079b96ed0c530a52e6b58bb5","name":"admin","image":{"@type":"ImageObject","inLanguage":"ca","@id":"https:\/\/secure.gravatar.com\/avatar\/1fbaf22aee75fcbb29a2f97b107f95d25d3a19b7c3416105be10269872673e8d?s=96&d=mm&r=g","url":"https:\/\/secure.gravatar.com\/avatar\/1fbaf22aee75fcbb29a2f97b107f95d25d3a19b7c3416105be10269872673e8d?s=96&d=mm&r=g","contentUrl":"https:\/\/secure.gravatar.com\/avatar\/1fbaf22aee75fcbb29a2f97b107f95d25d3a19b7c3416105be10269872673e8d?s=96&d=mm&r=g","caption":"admin"}}]}},"_links":{"self":[{"href":"https:\/\/www.elturistatranquil.com\/ca\/wp-json\/wp\/v2\/posts\/34622","targetHints":{"allow":["GET"]}}],"collection":[{"href":"https:\/\/www.elturistatranquil.com\/ca\/wp-json\/wp\/v2\/posts"}],"about":[{"href":"https:\/\/www.elturistatranquil.com\/ca\/wp-json\/wp\/v2\/types\/post"}],"author":[{"embeddable":true,"href":"https:\/\/www.elturistatranquil.com\/ca\/wp-json\/wp\/v2\/users\/1"}],"replies":[{"embeddable":true,"href":"https:\/\/www.elturistatranquil.com\/ca\/wp-json\/wp\/v2\/comments?post=34622"}],"version-history":[{"count":5,"href":"https:\/\/www.elturistatranquil.com\/ca\/wp-json\/wp\/v2\/posts\/34622\/revisions"}],"predecessor-version":[{"id":34950,"href":"https:\/\/www.elturistatranquil.com\/ca\/wp-json\/wp\/v2\/posts\/34622\/revisions\/34950"}],"wp:featuredmedia":[{"embeddable":true,"href":"https:\/\/www.elturistatranquil.com\/ca\/wp-json\/wp\/v2\/media\/34593"}],"wp:attachment":[{"href":"https:\/\/www.elturistatranquil.com\/ca\/wp-json\/wp\/v2\/media?parent=34622"}],"wp:term":[{"taxonomy":"category","embeddable":true,"href":"https:\/\/www.elturistatranquil.com\/ca\/wp-json\/wp\/v2\/categories?post=34622"},{"taxonomy":"post_tag","embeddable":true,"href":"https:\/\/www.elturistatranquil.com\/ca\/wp-json\/wp\/v2\/tags?post=34622"}],"curies":[{"name":"wp","href":"https:\/\/api.w.org\/{rel}","templated":true}]}}