{"id":3538,"date":"2018-05-17T20:39:39","date_gmt":"2018-05-17T18:39:39","guid":{"rendered":"https:\/\/www.elturistatranquil.com\/?p=3538"},"modified":"2020-06-18T11:38:12","modified_gmt":"2020-06-18T09:38:12","slug":"museu-de-les-mines-de-cercs","status":"publish","type":"post","link":"https:\/\/www.elturistatranquil.com\/ca\/museu-de-les-mines-de-cercs\/","title":{"rendered":"Museu de les Mines de Cercs (Barcelona)"},"content":{"rendered":"\t\t<div data-elementor-type=\"wp-post\" data-elementor-id=\"3538\" class=\"elementor elementor-3538 elementor-3492\" data-elementor-post-type=\"post\">\n\t\t\t\t\t\t<section class=\"elementor-section elementor-top-section elementor-element elementor-element-7a5962c4 elementor-section-boxed elementor-section-height-default elementor-section-height-default\" data-id=\"7a5962c4\" data-element_type=\"section\" data-e-type=\"section\">\n\t\t\t\t\t\t<div class=\"elementor-container elementor-column-gap-default\">\n\t\t\t\t\t<div class=\"elementor-column elementor-col-100 elementor-top-column elementor-element elementor-element-39b67347\" data-id=\"39b67347\" data-element_type=\"column\" data-e-type=\"column\">\n\t\t\t<div class=\"elementor-widget-wrap elementor-element-populated\">\n\t\t\t\t\t\t<section class=\"elementor-section elementor-inner-section elementor-element elementor-element-341fc710 elementor-section-content-middle elementor-section-boxed elementor-section-height-default elementor-section-height-default\" data-id=\"341fc710\" data-element_type=\"section\" data-e-type=\"section\">\n\t\t\t\t\t\t<div class=\"elementor-container elementor-column-gap-default\">\n\t\t\t\t\t<div class=\"elementor-column elementor-col-100 elementor-inner-column elementor-element elementor-element-454c53cc\" data-id=\"454c53cc\" data-element_type=\"column\" data-e-type=\"column\">\n\t\t\t<div class=\"elementor-widget-wrap elementor-element-populated\">\n\t\t\t\t\t\t<div class=\"elementor-element elementor-element-4fdaf9e9 elementor-widget elementor-widget-text-editor\" data-id=\"4fdaf9e9\" data-element_type=\"widget\" data-e-type=\"widget\" data-widget_type=\"text-editor.default\">\n\t\t\t\t<div class=\"elementor-widget-container\">\n\t\t\t\t\t\t\t\t\t<p>Al <em>Museu de les Mines de Cercs<\/em> podrem apropar-nos al dur treball del miner i a les seves condicions de vida per mitja d\u2019una Exposici\u00f3 muse\u00edstica, la visita a una galeria de la mina amb escenificacions i un passeig per la Col\u00f2nia.<\/p>\t\t\t\t\t\t\t\t<\/div>\n\t\t\t\t<\/div>\n\t\t\t\t\t<\/div>\n\t\t<\/div>\n\t\t\t\t\t<\/div>\n\t\t<\/section>\n\t\t\t\t<div class=\"elementor-element elementor-element-1e688bb0 elementor-widget elementor-widget-heading\" data-id=\"1e688bb0\" data-element_type=\"widget\" data-e-type=\"widget\" data-widget_type=\"heading.default\">\n\t\t\t\t<div class=\"elementor-widget-container\">\n\t\t\t\t\t<h1 class=\"elementor-heading-title elementor-size-default\">Museu de les Mines de Cercs<\/h1>\t\t\t\t<\/div>\n\t\t\t\t<\/div>\n\t\t\t\t\t<\/div>\n\t\t<\/div>\n\t\t\t\t\t<\/div>\n\t\t<\/section>\n\t\t\t\t<section class=\"elementor-section elementor-top-section elementor-element elementor-element-6d947f6 elementor-section-boxed elementor-section-height-default elementor-section-height-default\" data-id=\"6d947f6\" data-element_type=\"section\" data-e-type=\"section\">\n\t\t\t\t\t\t<div class=\"elementor-container elementor-column-gap-default\">\n\t\t\t\t\t<div class=\"elementor-column elementor-col-100 elementor-top-column elementor-element elementor-element-4a9f397c\" data-id=\"4a9f397c\" data-element_type=\"column\" data-e-type=\"column\">\n\t\t\t<div class=\"elementor-widget-wrap elementor-element-populated\">\n\t\t\t\t\t\t<div class=\"elementor-element elementor-element-6565a600 elementor-widget elementor-widget-image\" data-id=\"6565a600\" data-element_type=\"widget\" data-e-type=\"widget\" data-widget_type=\"image.default\">\n\t\t\t\t<div class=\"elementor-widget-container\">\n\t\t\t\t\t\t\t\t\t\t\t\t\t\t\t<img fetchpriority=\"high\" decoding=\"async\" width=\"800\" height=\"524\" src=\"https:\/\/www.elturistatranquil.com\/wp-content\/uploads\/F01-Col\u00f2nia-Sant-Corneli-Google-earth-2018-05-15.jpg\" class=\"attachment-large size-large wp-image-3501\" alt=\"Col\u00f2nia Sant Corneli (Google-earth-2018-05-15)\" srcset=\"https:\/\/www.elturistatranquil.com\/wp-content\/uploads\/F01-Col\u00f2nia-Sant-Corneli-Google-earth-2018-05-15.jpg 800w, https:\/\/www.elturistatranquil.com\/wp-content\/uploads\/F01-Col\u00f2nia-Sant-Corneli-Google-earth-2018-05-15-768x503.jpg 768w\" sizes=\"(max-width: 800px) 100vw, 800px\" \/>\t\t\t\t\t\t\t\t\t\t\t\t\t\t\t<\/div>\n\t\t\t\t<\/div>\n\t\t\t\t<div class=\"elementor-element elementor-element-4ecb0877 elementor-widget elementor-widget-spacer\" data-id=\"4ecb0877\" data-element_type=\"widget\" data-e-type=\"widget\" data-widget_type=\"spacer.default\">\n\t\t\t\t<div class=\"elementor-widget-container\">\n\t\t\t\t\t\t\t<div class=\"elementor-spacer\">\n\t\t\t<div class=\"elementor-spacer-inner\"><\/div>\n\t\t<\/div>\n\t\t\t\t\t\t<\/div>\n\t\t\t\t<\/div>\n\t\t\t\t<div class=\"elementor-element elementor-element-13a7a615 elementor-widget elementor-widget-heading\" data-id=\"13a7a615\" data-element_type=\"widget\" data-e-type=\"widget\" data-widget_type=\"heading.default\">\n\t\t\t\t<div class=\"elementor-widget-container\">\n\t\t\t\t\t<h2 class=\"elementor-heading-title elementor-size-default\">Museu de les Mines de Cercs (Bergued\u00e0, Barcelona)<\/h2>\t\t\t\t<\/div>\n\t\t\t\t<\/div>\n\t\t\t\t<section class=\"elementor-section elementor-inner-section elementor-element elementor-element-1feda5c7 elementor-section-boxed elementor-section-height-default elementor-section-height-default\" data-id=\"1feda5c7\" data-element_type=\"section\" data-e-type=\"section\" data-settings=\"{&quot;background_background&quot;:&quot;classic&quot;}\">\n\t\t\t\t\t\t<div class=\"elementor-container elementor-column-gap-default\">\n\t\t\t\t\t<div class=\"elementor-column elementor-col-100 elementor-inner-column elementor-element elementor-element-53ff4279\" data-id=\"53ff4279\" data-element_type=\"column\" data-e-type=\"column\" data-settings=\"{&quot;background_background&quot;:&quot;classic&quot;}\">\n\t\t\t<div class=\"elementor-widget-wrap elementor-element-populated\">\n\t\t\t\t\t\t<div class=\"elementor-element elementor-element-36e671ed elementor-widget elementor-widget-text-editor\" data-id=\"36e671ed\" data-element_type=\"widget\" data-e-type=\"widget\" data-widget_type=\"text-editor.default\">\n\t\t\t\t<div class=\"elementor-widget-container\">\n\t\t\t\t\t\t\t\t\t<p>Museu de les Mines de Cercs. Pla\u00e7a Sant Rom\u00e0 s\/n. Sant Corneli, 08698 CERCS (Barcelona)<\/p>\t\t\t\t\t\t\t\t<\/div>\n\t\t\t\t<\/div>\n\t\t\t\t<div class=\"elementor-element elementor-element-3ab69779 elementor-widget elementor-widget-text-editor\" data-id=\"3ab69779\" data-element_type=\"widget\" data-e-type=\"widget\" data-widget_type=\"text-editor.default\">\n\t\t\t\t<div class=\"elementor-widget-container\">\n\t\t\t\t\t\t\t\t\t<p>Tel\u00e8fons: +34 93 824 81 87, +34 93 824 90 25<\/p>\t\t\t\t\t\t\t\t<\/div>\n\t\t\t\t<\/div>\n\t\t\t\t<div class=\"elementor-element elementor-element-75182d81 elementor-widget elementor-widget-text-editor\" data-id=\"75182d81\" data-element_type=\"widget\" data-e-type=\"widget\" data-widget_type=\"text-editor.default\">\n\t\t\t\t<div class=\"elementor-widget-container\">\n\t\t\t\t\t\t\t\t\t<p>Coordenades: 42\u00b0\u00a011\u2032\u00a000\u2033N, 1\u00b0\u00a051\u2032\u00a010\u2033E<\/p>\t\t\t\t\t\t\t\t<\/div>\n\t\t\t\t<\/div>\n\t\t\t\t<div class=\"elementor-element elementor-element-6b74c1ab elementor-widget elementor-widget-text-editor\" data-id=\"6b74c1ab\" data-element_type=\"widget\" data-e-type=\"widget\" data-widget_type=\"text-editor.default\">\n\t\t\t\t<div class=\"elementor-widget-container\">\n\t\t\t\t\t\t\t\t\t<p>Web. <a href=\"http:\/\/www.mmcercs.cat\/es\" target=\"_blank\" rel=\"noopener\">www.mmcercs.cat<\/a><\/p>\t\t\t\t\t\t\t\t<\/div>\n\t\t\t\t<\/div>\n\t\t\t\t<div class=\"elementor-element elementor-element-2f1ed4fc elementor-widget elementor-widget-text-editor\" data-id=\"2f1ed4fc\" data-element_type=\"widget\" data-e-type=\"widget\" data-widget_type=\"text-editor.default\">\n\t\t\t\t<div class=\"elementor-widget-container\">\n\t\t\t\t\t\t\t\t\t<p>Inclosa al <em>Inventari del Patrimoni Arquitect\u00f2nic de Catalunya<\/em><\/p>\t\t\t\t\t\t\t\t<\/div>\n\t\t\t\t<\/div>\n\t\t\t\t<div class=\"elementor-element elementor-element-77775f17 elementor-widget elementor-widget-text-editor\" data-id=\"77775f17\" data-element_type=\"widget\" data-e-type=\"widget\" data-widget_type=\"text-editor.default\">\n\t\t\t\t<div class=\"elementor-widget-container\">\n\t\t\t\t\t\t\t\t\t<p>Visita: 2018<\/p>\t\t\t\t\t\t\t\t<\/div>\n\t\t\t\t<\/div>\n\t\t\t\t\t<\/div>\n\t\t<\/div>\n\t\t\t\t\t<\/div>\n\t\t<\/section>\n\t\t\t\t<div class=\"elementor-element elementor-element-7edc4cf1 elementor-widget elementor-widget-image\" data-id=\"7edc4cf1\" data-element_type=\"widget\" data-e-type=\"widget\" data-widget_type=\"image.default\">\n\t\t\t\t<div class=\"elementor-widget-container\">\n\t\t\t\t\t\t\t\t\t\t\t\t<figure class=\"wp-caption\">\n\t\t\t\t\t\t\t\t\t\t<img decoding=\"async\" width=\"768\" height=\"512\" src=\"https:\/\/www.elturistatranquil.com\/wp-content\/uploads\/F02-Mapa-de-situaci\u00f3-de-les-Mines-de-Cercs-2018-05-14-768x512.jpg\" class=\"attachment-medium_large size-medium_large wp-image-3502\" alt=\"\" srcset=\"https:\/\/www.elturistatranquil.com\/wp-content\/uploads\/F02-Mapa-de-situaci\u00f3-de-les-Mines-de-Cercs-2018-05-14-768x512.jpg 768w, https:\/\/www.elturistatranquil.com\/wp-content\/uploads\/F02-Mapa-de-situaci\u00f3-de-les-Mines-de-Cercs-2018-05-14.jpg 800w\" sizes=\"(max-width: 768px) 100vw, 768px\" \/>\t\t\t\t\t\t\t\t\t\t\t<figcaption class=\"widget-image-caption wp-caption-text\">Mapa de situaci\u00f3 del Museu de les mines de Cercs<\/figcaption>\n\t\t\t\t\t\t\t\t\t\t<\/figure>\n\t\t\t\t\t\t\t\t\t<\/div>\n\t\t\t\t<\/div>\n\t\t\t\t<section class=\"elementor-section elementor-inner-section elementor-element elementor-element-583e470 elementor-section-boxed elementor-section-height-default elementor-section-height-default\" data-id=\"583e470\" data-element_type=\"section\" data-e-type=\"section\" data-settings=\"{&quot;background_background&quot;:&quot;classic&quot;}\">\n\t\t\t\t\t\t<div class=\"elementor-container elementor-column-gap-default\">\n\t\t\t\t\t<div class=\"elementor-column elementor-col-100 elementor-inner-column elementor-element elementor-element-783cf69b\" data-id=\"783cf69b\" data-element_type=\"column\" data-e-type=\"column\">\n\t\t\t<div class=\"elementor-widget-wrap elementor-element-populated\">\n\t\t\t\t\t\t<div class=\"elementor-element elementor-element-186e0fb6 elementor-widget elementor-widget-text-editor\" data-id=\"186e0fb6\" data-element_type=\"widget\" data-e-type=\"widget\" data-widget_type=\"text-editor.default\">\n\t\t\t\t<div class=\"elementor-widget-container\">\n\t\t\t\t\t\t\t\t\t<h6 style=\"padding-left: 270px;\">\u00cdndex<\/h6>\t\t\t\t\t\t\t\t<\/div>\n\t\t\t\t<\/div>\n\t\t\t\t<div class=\"elementor-element elementor-element-1caf2930 elementor-widget elementor-widget-text-editor\" data-id=\"1caf2930\" data-element_type=\"widget\" data-e-type=\"widget\" data-widget_type=\"text-editor.default\">\n\t\t\t\t<div class=\"elementor-widget-container\">\n\t\t\t\t\t\t\t\t\t<p><a href=\"https:\/\/www.elturistatranquil.com\/ca\/museu-de-les-mines-de-cercs\/#b1101\">Museu de les Mines de Cercs, Col\u00f2nia Sant Corneli (bergued\u00e0, Barcelona)<\/a><\/p>\t\t\t\t\t\t\t\t<\/div>\n\t\t\t\t<\/div>\n\t\t\t\t<div class=\"elementor-element elementor-element-17451121 elementor-widget elementor-widget-text-editor\" data-id=\"17451121\" data-element_type=\"widget\" data-e-type=\"widget\" data-widget_type=\"text-editor.default\">\n\t\t\t\t<div class=\"elementor-widget-container\">\n\t\t\t\t\t\t\t\t\t<p><a href=\"https:\/\/www.elturistatranquil.com\/ca\/museu-de-les-mines-de-cercs\/#b1102\">La hist\u00f2ria<\/a><\/p>\t\t\t\t\t\t\t\t<\/div>\n\t\t\t\t<\/div>\n\t\t\t\t<div class=\"elementor-element elementor-element-71013a78 elementor-widget elementor-widget-text-editor\" data-id=\"71013a78\" data-element_type=\"widget\" data-e-type=\"widget\" data-widget_type=\"text-editor.default\">\n\t\t\t\t<div class=\"elementor-widget-container\">\n\t\t\t\t\t\t\t\t\t<p><a href=\"https:\/\/www.elturistatranquil.com\/ca\/museu-de-les-mines-de-cercs\/#b1103\">El Museu<\/a><\/p>\t\t\t\t\t\t\t\t<\/div>\n\t\t\t\t<\/div>\n\t\t\t\t<div class=\"elementor-element elementor-element-27a5380f elementor-widget elementor-widget-text-editor\" data-id=\"27a5380f\" data-element_type=\"widget\" data-e-type=\"widget\" data-widget_type=\"text-editor.default\">\n\t\t\t\t<div class=\"elementor-widget-container\">\n\t\t\t\t\t\t\t\t\t<p style=\"padding-left: 60px;\"><a href=\"https:\/\/www.elturistatranquil.com\/ca\/museu-de-les-mines-de-cercs\/#b1104\">El Carb\u00f3<\/a><\/p>\t\t\t\t\t\t\t\t<\/div>\n\t\t\t\t<\/div>\n\t\t\t\t<div class=\"elementor-element elementor-element-a5ea2fe elementor-widget elementor-widget-text-editor\" data-id=\"a5ea2fe\" data-element_type=\"widget\" data-e-type=\"widget\" data-widget_type=\"text-editor.default\">\n\t\t\t\t<div class=\"elementor-widget-container\">\n\t\t\t\t\t\t\t\t\t<p style=\"padding-left: 60px;\"><a href=\"https:\/\/www.elturistatranquil.com\/ca\/museu-de-les-mines-de-cercs\/#b1105\">La Conca Minera de l\u2019Alt Bergued\u00e0<\/a><\/p>\t\t\t\t\t\t\t\t<\/div>\n\t\t\t\t<\/div>\n\t\t\t\t<div class=\"elementor-element elementor-element-478111a7 elementor-widget elementor-widget-text-editor\" data-id=\"478111a7\" data-element_type=\"widget\" data-e-type=\"widget\" data-widget_type=\"text-editor.default\">\n\t\t\t\t<div class=\"elementor-widget-container\">\n\t\t\t\t\t\t\t\t\t<p><a href=\"https:\/\/www.elturistatranquil.com\/ca\/museu-de-les-mines-de-cercs\/#b1106\">La Mina Sant Rom\u00e0<\/a><\/p>\t\t\t\t\t\t\t\t<\/div>\n\t\t\t\t<\/div>\n\t\t\t\t<div class=\"elementor-element elementor-element-1bb5c90c elementor-widget elementor-widget-text-editor\" data-id=\"1bb5c90c\" data-element_type=\"widget\" data-e-type=\"widget\" data-widget_type=\"text-editor.default\">\n\t\t\t\t<div class=\"elementor-widget-container\">\n\t\t\t\t\t\t\t\t\t<p style=\"padding-left: 60px;\"><a href=\"https:\/\/www.elturistatranquil.com\/ca\/museu-de-les-mines-de-cercs\/#b1107\">El treball a la mina<\/a><\/p>\t\t\t\t\t\t\t\t<\/div>\n\t\t\t\t<\/div>\n\t\t\t\t<div class=\"elementor-element elementor-element-3f666b8b elementor-widget elementor-widget-text-editor\" data-id=\"3f666b8b\" data-element_type=\"widget\" data-e-type=\"widget\" data-widget_type=\"text-editor.default\">\n\t\t\t\t<div class=\"elementor-widget-container\">\n\t\t\t\t\t\t\t\t\t<p style=\"padding-left: 60px;\"><a href=\"https:\/\/www.elturistatranquil.com\/ca\/museu-de-les-mines-de-cercs\/#b1108\">El treball dels homes, les dones, els vells i els nens<\/a><\/p>\t\t\t\t\t\t\t\t<\/div>\n\t\t\t\t<\/div>\n\t\t\t\t<div class=\"elementor-element elementor-element-f511b03 elementor-widget elementor-widget-text-editor\" data-id=\"f511b03\" data-element_type=\"widget\" data-e-type=\"widget\" data-widget_type=\"text-editor.default\">\n\t\t\t\t<div class=\"elementor-widget-container\">\n\t\t\t\t\t\t\t\t\t<p style=\"padding-left: 60px;\"><a href=\"https:\/\/www.elturistatranquil.com\/ca\/museu-de-les-mines-de-cercs\/#b1109\">El dispensari<\/a><\/p>\t\t\t\t\t\t\t\t<\/div>\n\t\t\t\t<\/div>\n\t\t\t\t<div class=\"elementor-element elementor-element-6acd6f84 elementor-widget elementor-widget-text-editor\" data-id=\"6acd6f84\" data-element_type=\"widget\" data-e-type=\"widget\" data-widget_type=\"text-editor.default\">\n\t\t\t\t<div class=\"elementor-widget-container\">\n\t\t\t\t\t\t\t\t\t<p style=\"padding-left: 60px;\"><a href=\"https:\/\/www.elturistatranquil.com\/ca\/museu-de-les-mines-de-cercs\/#b1110\">L\u2019activitat a l\u2019exterior de la mina<\/a><\/p>\t\t\t\t\t\t\t\t<\/div>\n\t\t\t\t<\/div>\n\t\t\t\t<div class=\"elementor-element elementor-element-3d9059f elementor-widget elementor-widget-text-editor\" data-id=\"3d9059f\" data-element_type=\"widget\" data-e-type=\"widget\" data-widget_type=\"text-editor.default\">\n\t\t\t\t<div class=\"elementor-widget-container\">\n\t\t\t\t\t\t\t\t\t<p style=\"padding-left: 120px;\"><a href=\"https:\/\/www.elturistatranquil.com\/ca\/museu-de-les-mines-de-cercs\/#b1110b\">Activitats vinculades al cicle del carb\u00f3<\/a><\/p>\t\t\t\t\t\t\t\t<\/div>\n\t\t\t\t<\/div>\n\t\t\t\t<div class=\"elementor-element elementor-element-2e309997 elementor-widget elementor-widget-text-editor\" data-id=\"2e309997\" data-element_type=\"widget\" data-e-type=\"widget\" data-widget_type=\"text-editor.default\">\n\t\t\t\t<div class=\"elementor-widget-container\">\n\t\t\t\t\t\t\t\t\t<p style=\"padding-left: 60px;\"><a href=\"https:\/\/www.elturistatranquil.com\/ca\/museu-de-les-mines-de-cercs\/#b1111\">Activitats de suport<\/a><\/p>\t\t\t\t\t\t\t\t<\/div>\n\t\t\t\t<\/div>\n\t\t\t\t<div class=\"elementor-element elementor-element-7c807f11 elementor-widget elementor-widget-text-editor\" data-id=\"7c807f11\" data-element_type=\"widget\" data-e-type=\"widget\" data-widget_type=\"text-editor.default\">\n\t\t\t\t<div class=\"elementor-widget-container\">\n\t\t\t\t\t\t\t\t\t<p style=\"padding-left: 60px;\"><a href=\"https:\/\/www.elturistatranquil.com\/ca\/museu-de-les-mines-de-cercs\/#b1112\">Reivindicacions pol\u00edtiques i laborals<\/a><\/p>\t\t\t\t\t\t\t\t<\/div>\n\t\t\t\t<\/div>\n\t\t\t\t<div class=\"elementor-element elementor-element-650eb5e1 elementor-widget elementor-widget-text-editor\" data-id=\"650eb5e1\" data-element_type=\"widget\" data-e-type=\"widget\" data-widget_type=\"text-editor.default\">\n\t\t\t\t<div class=\"elementor-widget-container\">\n\t\t\t\t\t\t\t\t\t<p><a href=\"https:\/\/www.elturistatranquil.com\/ca\/museu-de-les-mines-de-cercs\/#b1113\">La Col\u00f2nia minera de Sant Corneli<\/a><\/p>\t\t\t\t\t\t\t\t<\/div>\n\t\t\t\t<\/div>\n\t\t\t\t<div class=\"elementor-element elementor-element-3387b2fe elementor-widget elementor-widget-text-editor\" data-id=\"3387b2fe\" data-element_type=\"widget\" data-e-type=\"widget\" data-widget_type=\"text-editor.default\">\n\t\t\t\t<div class=\"elementor-widget-container\">\n\t\t\t\t\t\t\t\t\t<p style=\"padding-left: 60px;\"><a href=\"https:\/\/www.elturistatranquil.com\/ca\/museu-de-les-mines-de-cercs\/#b1114\">Els habitatges: per l\u2019amo i pels treballadors<\/a><\/p>\t\t\t\t\t\t\t\t<\/div>\n\t\t\t\t<\/div>\n\t\t\t\t<div class=\"elementor-element elementor-element-6e98fcf9 elementor-widget elementor-widget-text-editor\" data-id=\"6e98fcf9\" data-element_type=\"widget\" data-e-type=\"widget\" data-widget_type=\"text-editor.default\">\n\t\t\t\t<div class=\"elementor-widget-container\">\n\t\t\t\t\t\t\t\t\t<p style=\"padding-left: 60px;\"><a href=\"https:\/\/www.elturistatranquil.com\/ca\/museu-de-les-mines-de-cercs\/#b1115\">L\u2019habitatge del miner de l\u2019any 1944<\/a><\/p>\t\t\t\t\t\t\t\t<\/div>\n\t\t\t\t<\/div>\n\t\t\t\t<div class=\"elementor-element elementor-element-4202b9e1 elementor-widget elementor-widget-text-editor\" data-id=\"4202b9e1\" data-element_type=\"widget\" data-e-type=\"widget\" data-widget_type=\"text-editor.default\">\n\t\t\t\t<div class=\"elementor-widget-container\">\n\t\t\t\t\t\t\t\t\t<p style=\"padding-left: 60px;\"><a href=\"https:\/\/www.elturistatranquil.com\/ca\/museu-de-les-mines-de-cercs\/#b1116\">Serveis per l\u2019autosufici\u00e8ncia de la Col\u00f2nia<\/a><\/p>\t\t\t\t\t\t\t\t<\/div>\n\t\t\t\t<\/div>\n\t\t\t\t<div class=\"elementor-element elementor-element-4c7d69f8 elementor-widget elementor-widget-text-editor\" data-id=\"4c7d69f8\" data-element_type=\"widget\" data-e-type=\"widget\" data-widget_type=\"text-editor.default\">\n\t\t\t\t<div class=\"elementor-widget-container\">\n\t\t\t\t\t\t\t\t\t<p><a href=\"https:\/\/www.elturistatranquil.com\/ca\/museu-de-les-mines-de-cercs\/#b1117\">Fi de la visita<\/a><\/p>\t\t\t\t\t\t\t\t<\/div>\n\t\t\t\t<\/div>\n\t\t\t\t<div class=\"elementor-element elementor-element-6d4bf6b7 elementor-widget elementor-widget-text-editor\" data-id=\"6d4bf6b7\" data-element_type=\"widget\" data-e-type=\"widget\" data-widget_type=\"text-editor.default\">\n\t\t\t\t<div class=\"elementor-widget-container\">\n\t\t\t\t\t\t\t\t\t<p><a href=\"https:\/\/www.elturistatranquil.com\/ca\/museu-de-les-mines-de-cercs\/#b1118\">Bases d\u2019informaci\u00f3<\/a><\/p>\t\t\t\t\t\t\t\t<\/div>\n\t\t\t\t<\/div>\n\t\t\t\t\t<\/div>\n\t\t<\/div>\n\t\t\t\t\t<\/div>\n\t\t<\/section>\n\t\t\t\t<div class=\"elementor-element elementor-element-5eb7f961 elementor-widget elementor-widget-menu-anchor\" data-id=\"5eb7f961\" data-element_type=\"widget\" data-e-type=\"widget\" data-widget_type=\"menu-anchor.default\">\n\t\t\t\t<div class=\"elementor-widget-container\">\n\t\t\t\t\t\t\t<div class=\"elementor-menu-anchor\" id=\"b1101\"><\/div>\n\t\t\t\t\t\t<\/div>\n\t\t\t\t<\/div>\n\t\t\t\t<div class=\"elementor-element elementor-element-3271dc4a elementor-widget elementor-widget-spacer\" data-id=\"3271dc4a\" data-element_type=\"widget\" data-e-type=\"widget\" data-widget_type=\"spacer.default\">\n\t\t\t\t<div class=\"elementor-widget-container\">\n\t\t\t\t\t\t\t<div class=\"elementor-spacer\">\n\t\t\t<div class=\"elementor-spacer-inner\"><\/div>\n\t\t<\/div>\n\t\t\t\t\t\t<\/div>\n\t\t\t\t<\/div>\n\t\t\t\t<div class=\"elementor-element elementor-element-3d62359a elementor-widget elementor-widget-menu-anchor\" data-id=\"3d62359a\" data-element_type=\"widget\" data-e-type=\"widget\" data-widget_type=\"menu-anchor.default\">\n\t\t\t\t<div class=\"elementor-widget-container\">\n\t\t\t\t\t\t\t<div class=\"elementor-menu-anchor\" id=\"a0101-EnlaceaunpuntodentrodelPost\"><\/div>\n\t\t\t\t\t\t<\/div>\n\t\t\t\t<\/div>\n\t\t\t\t<div class=\"elementor-element elementor-element-4966f1c6 elementor-widget elementor-widget-heading\" data-id=\"4966f1c6\" data-element_type=\"widget\" data-e-type=\"widget\" data-widget_type=\"heading.default\">\n\t\t\t\t<div class=\"elementor-widget-container\">\n\t\t\t\t\t<h2 class=\"elementor-heading-title elementor-size-default\">Museu de les Mines de Cercs, Col\u00f2nia Sant Corneli (Bergued\u00e0, Barcelona)<\/h2>\t\t\t\t<\/div>\n\t\t\t\t<\/div>\n\t\t\t\t<div class=\"elementor-element elementor-element-76ce86c7 elementor-widget elementor-widget-text-editor\" data-id=\"76ce86c7\" data-element_type=\"widget\" data-e-type=\"widget\" data-widget_type=\"text-editor.default\">\n\t\t\t\t<div class=\"elementor-widget-container\">\n\t\t\t\t\t\t\t\t\t<p>El <em>Museu de les Mines de Cercs<\/em> forma part del\u00a0<a href=\"http:\/\/mnactec.cat\/150elements\/\" target=\"_blank\" rel=\"noopener\"><em>Museu de la Ci\u00e8ncia i de la T\u00e8cnica de Catalunya.<\/em><\/a> L\u2019organitzaci\u00f3 d\u2019aquest <em>Museu<\/em> esta constitu\u00eft per una seu central generalista a la ciutat de Terrassa, i 150 elements muse\u00eftzats <em>in situ<\/em> per tot el territori de Catalunya, que comprenen tres grans \u00e0mbits del patrimoni productiu hist\u00f2ricament rellevants: activitats preindustrials, activitats industrials i serveis i obra p\u00fablica.<\/p><p>El <em>Museu de les Mines de Cercs<\/em> \u00e9s un dels museus <em>in situ,<\/em> dedicat a la mineria del carb\u00f3, i est\u00e0 format per tres \u00e0mbits muse\u00edstics. El <em>Museu<\/em> pr\u00f2piament dit, que compren l\u2019espai de exposici\u00f3. La visita a un <em>tram de galeria de la mina Sant Rom\u00e0,<\/em> d\u2019uns 500 metres, amb escenificacions de moment diferents de la hist\u00f2ria del treball miner. I com a tercer element la <em>Col\u00f2nia residencial de Sant Corneli<\/em>. Dos audiovisuals acompanyen la visita. L\u2019un sobre moments de conflictivitat pol\u00edtica al 1932 i laboral al 1977. L\u2019altre sobre la historia de la mina i la col\u00f2nia.<\/p>\t\t\t\t\t\t\t\t<\/div>\n\t\t\t\t<\/div>\n\t\t\t\t<div class=\"elementor-element elementor-element-7c066b92 elementor-widget elementor-widget-menu-anchor\" data-id=\"7c066b92\" data-element_type=\"widget\" data-e-type=\"widget\" data-widget_type=\"menu-anchor.default\">\n\t\t\t\t<div class=\"elementor-widget-container\">\n\t\t\t\t\t\t\t<div class=\"elementor-menu-anchor\" id=\"b1102\"><\/div>\n\t\t\t\t\t\t<\/div>\n\t\t\t\t<\/div>\n\t\t\t\t<div class=\"elementor-element elementor-element-420a9acc elementor-widget elementor-widget-text-editor\" data-id=\"420a9acc\" data-element_type=\"widget\" data-e-type=\"widget\" data-widget_type=\"text-editor.default\">\n\t\t\t\t<div class=\"elementor-widget-container\">\n\t\t\t\t\t\t\t\t\t<p>D\u2019aquesta forma, si ens desplacem al municipi de Cercs, dins del Prepirineu de la comarca del Bergued\u00e0, ens situarem dins del territori de la mineria del carb\u00f3.<\/p>\t\t\t\t\t\t\t\t<\/div>\n\t\t\t\t<\/div>\n\t\t\t\t<div class=\"elementor-element elementor-element-5a9bbde6 elementor-widget elementor-widget-heading\" data-id=\"5a9bbde6\" data-element_type=\"widget\" data-e-type=\"widget\" data-widget_type=\"heading.default\">\n\t\t\t\t<div class=\"elementor-widget-container\">\n\t\t\t\t\t<h2 class=\"elementor-heading-title elementor-size-default\">La hist\u00f2ria<\/h2>\t\t\t\t<\/div>\n\t\t\t\t<\/div>\n\t\t\t\t<div class=\"elementor-element elementor-element-b39e4ff elementor-widget elementor-widget-text-editor\" data-id=\"b39e4ff\" data-element_type=\"widget\" data-e-type=\"widget\" data-widget_type=\"text-editor.default\">\n\t\t\t\t<div class=\"elementor-widget-container\">\n\t\t\t\t\t\t\t\t\t<p>Com expliquen a la web de les\u00a0<a href=\"http:\/\/mnactec.cat\/150elements\/index.php\/company\/mines-de-carbo-de-sant-corneli\/\" target=\"_blank\" rel=\"noopener\"><em>Mines de carb\u00f3 de Sant Corneli ,\u00a0<\/em><\/a>la col\u00f2nia de Sant Corneli va formar, juntament amb les de les ve\u00efnes de Sant Josep i la Consolaci\u00f3 a la mateixa muntanya i enlla\u00e7ades al mateix sistema de transports del mineral, el nucli miner m\u00e9s important de Catalunya (Berga-Tuixent) i el centre amb les mines m\u00e9s extenses, situades en els termes municipals de Cercs, F\u00edgols i Vallcebre.<\/p><p>L\u2019any 1885 l\u2019empresa italiana Garaveti, Vallino, Bov\u00edo &amp; C\u00eda explotava la galeria de Sant Rom\u00e0, a Sant Corneli, i hi constru\u00efa els primers edificis que, posteriorment, formarien la Col\u00f2nia. El 1895 l\u2019empresari Jos\u00e9 Enrique de Olano y Loyzaga va comprar la totalitat de les mines de la zona de Cercs, F\u00edgols i Peguera, i comen\u00e7\u00e0 l\u2019explotaci\u00f3 moderna del lignit. En tractar-se d\u2019un indret a\u00efllat, amb manca de comunicacions i amb la necessitat de tenir m\u00e0 d\u2019obra estable, Olano opt\u00e0 per crear una col\u00f2nia amb habitatges i serveis b\u00e0sics per als miners. Aix\u00ed, es va aplicar el model de les col\u00f2nies t\u00e8xtils, les quals ja funcionaven a la comarca del Bergued\u00e0 i en altres llocs de Catalunya des de 1858.<\/p><p>El punt de partida de la col\u00f2nia va ser el nucli de Sant Corneli, a 960 metres d\u2019altitud, on hi havia les primeres galeries i alguns edificis: una esgl\u00e9sia d\u2019origen rom\u00e0nic dedicada a Sant Corneli, un mol\u00ed fariner, alguns habitatges dels miners i una cantina amb queviures i productes de primera necessitat, aix\u00ed com un grup d\u2019habitatges al Serrat dels Bous, avui anomenat <em>Els Tilos<\/em>. A partir d\u2019aquest primer nucli, es project\u00e0 la resta de la col\u00f2nia de Sant Corneli. De 1901 a 1904 es va construir la resid\u00e8ncia particular de l\u2019amo, allunyada de la col\u00f2nia per\u00f2 al peu de les mines, prop de l\u2019estaci\u00f3 de tren F\u00edgols-Les Mines i del Santuari de la Consolaci\u00f3. L\u2019edifici, una torre historicista semblant a un castell medieval, ha estat un dels m\u00e9s emblem\u00e0tics de les explotacions mineres.<\/p>\t\t\t\t\t\t\t\t<\/div>\n\t\t\t\t<\/div>\n\t\t\t\t<div class=\"elementor-element elementor-element-5e59c713 elementor-widget elementor-widget-image\" data-id=\"5e59c713\" data-element_type=\"widget\" data-e-type=\"widget\" data-widget_type=\"image.default\">\n\t\t\t\t<div class=\"elementor-widget-container\">\n\t\t\t\t\t\t\t\t\t\t\t\t<figure class=\"wp-caption\">\n\t\t\t\t\t\t\t\t\t\t<img decoding=\"async\" width=\"487\" height=\"700\" src=\"https:\/\/www.elturistatranquil.com\/wp-content\/uploads\/F03-Esquema-del-conjunt-Figols-Les-Mines-.jpg\" class=\"attachment-large size-large wp-image-3557\" alt=\"Esquema del conjunt Figols-Les Mines\" \/>\t\t\t\t\t\t\t\t\t\t\t<figcaption class=\"widget-image-caption wp-caption-text\">Esquema del conjunt Figols-Les Mines<\/figcaption>\n\t\t\t\t\t\t\t\t\t\t<\/figure>\n\t\t\t\t\t\t\t\t\t<\/div>\n\t\t\t\t<\/div>\n\t\t\t\t<div class=\"elementor-element elementor-element-71181823 elementor-widget elementor-widget-image\" data-id=\"71181823\" data-element_type=\"widget\" data-e-type=\"widget\" data-widget_type=\"image.default\">\n\t\t\t\t<div class=\"elementor-widget-container\">\n\t\t\t\t\t\t\t\t\t\t\t\t<figure class=\"wp-caption\">\n\t\t\t\t\t\t\t\t\t\t<img loading=\"lazy\" decoding=\"async\" width=\"800\" height=\"524\" src=\"https:\/\/www.elturistatranquil.com\/wp-content\/uploads\/F04-Col\u00f2nia-Sant-Corneli-Google-earth-2018-05-15-2.jpg\" class=\"attachment-large size-large wp-image-3504\" alt=\"Col\u00f2nia Sant Corneli (Google-earth-2018-05-15)-2\" srcset=\"https:\/\/www.elturistatranquil.com\/wp-content\/uploads\/F04-Col\u00f2nia-Sant-Corneli-Google-earth-2018-05-15-2.jpg 800w, https:\/\/www.elturistatranquil.com\/wp-content\/uploads\/F04-Col\u00f2nia-Sant-Corneli-Google-earth-2018-05-15-2-768x503.jpg 768w\" sizes=\"(max-width: 800px) 100vw, 800px\" \/>\t\t\t\t\t\t\t\t\t\t\t<figcaption class=\"widget-image-caption wp-caption-text\">La representaci\u00f3 gr\u00e0fica de la imatge anterior vista per Google earth (2018-05-15)<\/figcaption>\n\t\t\t\t\t\t\t\t\t\t<\/figure>\n\t\t\t\t\t\t\t\t\t<\/div>\n\t\t\t\t<\/div>\n\t\t\t\t<div class=\"elementor-element elementor-element-388bb208 elementor-widget elementor-widget-text-editor\" data-id=\"388bb208\" data-element_type=\"widget\" data-e-type=\"widget\" data-widget_type=\"text-editor.default\">\n\t\t\t\t<div class=\"elementor-widget-container\">\n\t\t\t\t\t\t\t\t\t<p>A la representaci\u00f3 podem observar tot el sistema de distribuci\u00f3 territorial del complex miner de Sant Corneli. Es parteix de la mina Sant Rom\u00e0 (4), a la part superior, amb un complex sistema de transport fins a\u00a0 les Centrals t\u00e8rmiques de Cercs \u2013la central vella (13) i la central nova (14)-, i fins a l\u2019estaci\u00f3 de ferrocarril de Figols-Les Mines (10) i la f\u00e0brica de ciment de Figols (15), ja a nivell del riu Llobregat. Aquest complex sistema de ferrocarrils, plans inclinats, telef\u00e8rics i funiculars recollien la producci\u00f3 de les tres mines del conjunt: la citada Mina Sant Rom\u00e0 a la part m\u00e9s elevada de la muntanya, la Mina Sant Esteve (5) i la Mina Sant Josep (6) situades a nivells inferiors.<\/p><p>L&#8217;arribada del tren a peu de mina l\u2019any 1904 supos\u00e0 l\u2019obertura de l\u2019\u00fanic mitj\u00e0\u00a0 de comunicacions i de transport m\u00e9s amunt de\u00a0 Berga. L&#8217;estaci\u00f3 de &#8220;F\u00edgols-Les Mines&#8221; convert\u00ed la\u00a0 col\u00f2nia de la Consolaci\u00f3 (3) en el centre neur\u00e0lgic de\u00a0 l\u2019explotaci\u00f3 i de tota la xarxa de transport exterior\u00a0 i interior que l\u2019empresa va construir fins al 1960.<\/p>\t\t\t\t\t\t\t\t<\/div>\n\t\t\t\t<\/div>\n\t\t\t\t<div class=\"elementor-element elementor-element-1157b0c elementor-widget elementor-widget-menu-anchor\" data-id=\"1157b0c\" data-element_type=\"widget\" data-e-type=\"widget\" data-widget_type=\"menu-anchor.default\">\n\t\t\t\t<div class=\"elementor-widget-container\">\n\t\t\t\t\t\t\t<div class=\"elementor-menu-anchor\" id=\"b1103\"><\/div>\n\t\t\t\t\t\t<\/div>\n\t\t\t\t<\/div>\n\t\t\t\t<div class=\"elementor-element elementor-element-563b0649 elementor-widget elementor-widget-text-editor\" data-id=\"563b0649\" data-element_type=\"widget\" data-e-type=\"widget\" data-widget_type=\"text-editor.default\">\n\t\t\t\t<div class=\"elementor-widget-container\">\n\t\t\t\t\t\t\t\t\t<p>L&#8217;any 1974 el conjunt d\u2019instal\u00b7lacions de\u00a0 l\u2019empresa Carbones de Berga, S. A. assol\u00ed el seu\u00a0 m\u00e0xim creixement. Com es pot veure al dibuix, a m\u00e9s de les col\u00f2nies\u00a0 mineres, el conjunt inclo\u00efa l\u2019\u00e0mplia zona de\u00a0 serveis (tallers mec\u00e0nics, fusteria, lampisteria,\u00a0 magatzems, dispensari de l\u2019empresa, economat,\u00a0 rentador de carb\u00f3, oficines, etc.) situada a la\u00a0 Consolaci\u00f3, prop de l\u2019antiga residencia de la\u00a0 fam\u00edlia Olano.<\/p><p>La mina va ser explotada fins l\u2019any 1991.<\/p>\t\t\t\t\t\t\t\t<\/div>\n\t\t\t\t<\/div>\n\t\t\t\t<div class=\"elementor-element elementor-element-1f7c4666 elementor-widget elementor-widget-heading\" data-id=\"1f7c4666\" data-element_type=\"widget\" data-e-type=\"widget\" data-widget_type=\"heading.default\">\n\t\t\t\t<div class=\"elementor-widget-container\">\n\t\t\t\t\t<h2 class=\"elementor-heading-title elementor-size-default\">El Museu<\/h2>\t\t\t\t<\/div>\n\t\t\t\t<\/div>\n\t\t\t\t<div class=\"elementor-element elementor-element-7d39dccf elementor-widget elementor-widget-menu-anchor\" data-id=\"7d39dccf\" data-element_type=\"widget\" data-e-type=\"widget\" data-widget_type=\"menu-anchor.default\">\n\t\t\t\t<div class=\"elementor-widget-container\">\n\t\t\t\t\t\t\t<div class=\"elementor-menu-anchor\" id=\"b1104\"><\/div>\n\t\t\t\t\t\t<\/div>\n\t\t\t\t<\/div>\n\t\t\t\t<div class=\"elementor-element elementor-element-3bfa7f7a elementor-widget elementor-widget-text-editor\" data-id=\"3bfa7f7a\" data-element_type=\"widget\" data-e-type=\"widget\" data-widget_type=\"text-editor.default\">\n\t\t\t\t<div class=\"elementor-widget-container\">\n\t\t\t\t\t\t\t\t\t<p>Centrant-nos en el <em>Museu<\/em>, aquest compren dos \u00e0mbits d\u2019exposici\u00f3. El carb\u00f3, la seva explotaci\u00f3 i les condicions de treball i les seves reivindicacions. La vida i les condicions d\u2019habitatge.<\/p><p>Presentar\u00e9 amb un cert detall el seu contingut intercalant elements dels altres \u00e0mbits muse\u00edstics \u2013la galeria de la mina i la col\u00f2nia- sense fer una descripci\u00f3 lineal de la visita, per assolir una interpretaci\u00f3, ni que sigui elemental, del sistema producci\u00f3-treball-vida en un entorn tancat com \u00e9s una Col\u00f2nia.<\/p><p>Els panells informatius i la publicaci\u00f3 did\u00e0ctica de <em>Rosa Serra: Les mines de Cercs<\/em> m\u2019ajudaran en les explicacions d\u2019aquest <em>Post<\/em>.<\/p>\t\t\t\t\t\t\t\t<\/div>\n\t\t\t\t<\/div>\n\t\t\t\t<div class=\"elementor-element elementor-element-2b94d848 elementor-widget elementor-widget-heading\" data-id=\"2b94d848\" data-element_type=\"widget\" data-e-type=\"widget\" data-widget_type=\"heading.default\">\n\t\t\t\t<div class=\"elementor-widget-container\">\n\t\t\t\t\t<h3 class=\"elementor-heading-title elementor-size-default\">El carb\u00f3 <\/h3>\t\t\t\t<\/div>\n\t\t\t\t<\/div>\n\t\t\t\t<div class=\"elementor-element elementor-element-6a9da6e7 elementor-widget elementor-widget-text-editor\" data-id=\"6a9da6e7\" data-element_type=\"widget\" data-e-type=\"widget\" data-widget_type=\"text-editor.default\">\n\t\t\t\t<div class=\"elementor-widget-container\">\n\t\t\t\t\t\t\t\t\t<p>El carb\u00f3 \u00e9s un mineral de tipus org\u00e0nic que es\u00a0 compon de quantitats\u00a0 variables de carboni,\u00a0 oxigen, hidrogen i nitrogen, i\u00a0 d&#8217;impureses, format per acumulaci\u00f3\u00a0 i transformaci\u00f3 de restes vegetals en\u00a0 un ambient favorable. Els jaciments\u00a0 de carb\u00f3 comen\u00e7aren a formar-se fa\u00a0 uns 250 milions d&#8217;anys a\u00a0 conseq\u00fc\u00e8ncia dels cataclismes\u00a0 geol\u00f2gics que provocaren\u00a0 l&#8217;enterrament de grans boscos sota\u00a0 masses de sorra i roques. La pressi\u00f3\u00a0 a que es van sotmetre els boscos,\u00a0 perllongada durant milions d&#8217;anys,\u00a0 explica la transformaci\u00f3 de la fusta\u00a0 en el mineral actual. El proc\u00e9s de\u00a0 formaci\u00f3 del carb\u00f3, conegut amb el\u00a0 nom de carbonitzaci\u00f3, pot \u00e9sser m\u00e9s\u00a0 o menys intens donant lloc als\u00a0 diferents tipus de carbons de major a menor contingut cal\u00f2ric: <em>Antracita, Hulla, Lignit i Torba.<\/em><\/p>\t\t\t\t\t\t\t\t<\/div>\n\t\t\t\t<\/div>\n\t\t\t\t<div class=\"elementor-element elementor-element-1dc3b8aa elementor-widget elementor-widget-image\" data-id=\"1dc3b8aa\" data-element_type=\"widget\" data-e-type=\"widget\" data-widget_type=\"image.default\">\n\t\t\t\t<div class=\"elementor-widget-container\">\n\t\t\t\t\t\t\t\t\t\t\t\t<figure class=\"wp-caption\">\n\t\t\t\t\t\t\t\t\t\t<img loading=\"lazy\" decoding=\"async\" width=\"800\" height=\"381\" src=\"https:\/\/www.elturistatranquil.com\/wp-content\/uploads\/F05-Los-cuatro-tipos-de-carb\u00f3n.jpg\" class=\"attachment-large size-large wp-image-3505\" alt=\"\" srcset=\"https:\/\/www.elturistatranquil.com\/wp-content\/uploads\/F05-Los-cuatro-tipos-de-carb\u00f3n.jpg 800w, https:\/\/www.elturistatranquil.com\/wp-content\/uploads\/F05-Los-cuatro-tipos-de-carb\u00f3n-768x366.jpg 768w\" sizes=\"(max-width: 800px) 100vw, 800px\" \/>\t\t\t\t\t\t\t\t\t\t\t<figcaption class=\"widget-image-caption wp-caption-text\">Els quatre tipus de carb\u00f3: antracita, hulla, lignit i turba<\/figcaption>\n\t\t\t\t\t\t\t\t\t\t<\/figure>\n\t\t\t\t\t\t\t\t\t<\/div>\n\t\t\t\t<\/div>\n\t\t\t\t<div class=\"elementor-element elementor-element-5a438be0 elementor-widget elementor-widget-menu-anchor\" data-id=\"5a438be0\" data-element_type=\"widget\" data-e-type=\"widget\" data-widget_type=\"menu-anchor.default\">\n\t\t\t\t<div class=\"elementor-widget-container\">\n\t\t\t\t\t\t\t<div class=\"elementor-menu-anchor\" id=\"b1105\"><\/div>\n\t\t\t\t\t\t<\/div>\n\t\t\t\t<\/div>\n\t\t\t\t<div class=\"elementor-element elementor-element-56ceef3c elementor-widget elementor-widget-text-editor\" data-id=\"56ceef3c\" data-element_type=\"widget\" data-e-type=\"widget\" data-widget_type=\"text-editor.default\">\n\t\t\t\t<div class=\"elementor-widget-container\">\n\t\t\t\t\t\t\t\t\t<p>El tipus de carb\u00f3 que\u00a0 es troba a la conca de l&#8217;Alt Bergued\u00e0 \u00e9s el <em>lignit,<\/em> que \u00e9s apte per a usos\u00a0 industrials.<\/p>\t\t\t\t\t\t\t\t<\/div>\n\t\t\t\t<\/div>\n\t\t\t\t<div class=\"elementor-element elementor-element-5745a1b elementor-widget elementor-widget-heading\" data-id=\"5745a1b\" data-element_type=\"widget\" data-e-type=\"widget\" data-widget_type=\"heading.default\">\n\t\t\t\t<div class=\"elementor-widget-container\">\n\t\t\t\t\t<h3 class=\"elementor-heading-title elementor-size-default\">La Conca minera  de l' Alt Bergued\u00e0 <\/h3>\t\t\t\t<\/div>\n\t\t\t\t<\/div>\n\t\t\t\t<div class=\"elementor-element elementor-element-69bc9d9d elementor-widget elementor-widget-text-editor\" data-id=\"69bc9d9d\" data-element_type=\"widget\" data-e-type=\"widget\" data-widget_type=\"text-editor.default\">\n\t\t\t\t<div class=\"elementor-widget-container\">\n\t\t\t\t\t\t\t\t\t<p>Amb una extensi\u00f3 de prop de 40 km<sup>2<\/sup>,\u00a0 s&#8217;est\u00e9n paral\u00b7lelament al vessant sud\u00a0 del Prepirineu. Les capes de lignit es\u00a0 van formar ara fa uns 65 milions\u00a0 d&#8217;anys, a mig cam\u00ed de l&#8217;era\u00a0 secundaria i la terci\u00e0ria, sobre\u00a0 estrats del Cretaci superior i estan intercalades entre margues i\u00a0 calc\u00e0ries.<\/p><p>Tot i que des de finals del\u00a0 segle. XVIII s&#8217;intentava aprofitar el carb\u00f3\u00a0 de l&#8217;Alt Bergued\u00e0 per a fargues de\u00a0 ferro, aram i vidre, no fou fins al 1851\u00a0 que es constitu\u00efren les primeres\u00a0 societats mineres amb l&#8217;objectiu de\u00a0 destinar el lignit a usos industrials, si\u00a0 b\u00e9 sense massa \u00e8xit. L&#8217;explotaci\u00f3\u00a0 definitiva arriba a partir de 1895,\u00a0 gr\u00e0cies a la construcci\u00f3 del\u00a0 ferrocarril i a un proc\u00e9s constant de\u00a0 modernitzaci\u00f3.<\/p>\t\t\t\t\t\t\t\t<\/div>\n\t\t\t\t<\/div>\n\t\t\t\t<div class=\"elementor-element elementor-element-61059d57 elementor-widget elementor-widget-menu-anchor\" data-id=\"61059d57\" data-element_type=\"widget\" data-e-type=\"widget\" data-widget_type=\"menu-anchor.default\">\n\t\t\t\t<div class=\"elementor-widget-container\">\n\t\t\t\t\t\t\t<div class=\"elementor-menu-anchor\" id=\"b1106\"><\/div>\n\t\t\t\t\t\t<\/div>\n\t\t\t\t<\/div>\n\t\t\t\t<div class=\"elementor-element elementor-element-5441389f elementor-widget elementor-widget-image\" data-id=\"5441389f\" data-element_type=\"widget\" data-e-type=\"widget\" data-widget_type=\"image.default\">\n\t\t\t\t<div class=\"elementor-widget-container\">\n\t\t\t\t\t\t\t\t\t\t\t\t<figure class=\"wp-caption\">\n\t\t\t\t\t\t\t\t\t\t<img loading=\"lazy\" decoding=\"async\" width=\"604\" height=\"550\" src=\"https:\/\/www.elturistatranquil.com\/wp-content\/uploads\/F06-Zonas-mineras-de-carb\u00f3n-en-Catalu\u00f1a.jpg\" class=\"attachment-large size-large wp-image-3506\" alt=\"Zonas mineras de carb\u00f3n en Catalu\u00f1a\" \/>\t\t\t\t\t\t\t\t\t\t\t<figcaption class=\"widget-image-caption wp-caption-text\">Zones mineres de carb\u00f3 a Catalunya<\/figcaption>\n\t\t\t\t\t\t\t\t\t\t<\/figure>\n\t\t\t\t\t\t\t\t\t<\/div>\n\t\t\t\t<\/div>\n\t\t\t\t<div class=\"elementor-element elementor-element-7fe4940c elementor-widget elementor-widget-heading\" data-id=\"7fe4940c\" data-element_type=\"widget\" data-e-type=\"widget\" data-widget_type=\"heading.default\">\n\t\t\t\t<div class=\"elementor-widget-container\">\n\t\t\t\t\t<h2 class=\"elementor-heading-title elementor-size-default\">La Mina Sant Rom\u00e0<\/h2>\t\t\t\t<\/div>\n\t\t\t\t<\/div>\n\t\t\t\t<div class=\"elementor-element elementor-element-4d17ea82 elementor-widget elementor-widget-text-editor\" data-id=\"4d17ea82\" data-element_type=\"widget\" data-e-type=\"widget\" data-widget_type=\"text-editor.default\">\n\t\t\t\t<div class=\"elementor-widget-container\">\n\t\t\t\t\t\t\t\t\t<p>Al Bergued\u00e0 s\u2019ha practicat la mineria a cel obert, com a la zona de Fumanya, on s\u2019han trobat petjades de <a href=\"https:\/\/www.elturistatranquil.com\/ca\/els-casals-bergueda\/\" target=\"_blank\" rel=\"noopener\">dinosaures<\/a>, i mineria d&#8217;interior subterr\u00e0nia, a base de galeries o pous. A la\u00a0 <em>Mina Sant Rom\u00e0<\/em>, que \u00e9s la que forma part del Museu, les vetes estan formades per estretes capes\u00a0 de carb\u00f3 poc inclinades i separades\u00a0 per grans capes de materials\u00a0 diversos i, per tant, el sistema aplicat \u00e9s el de galeries horitzontals.<\/p>\t\t\t\t\t\t\t\t<\/div>\n\t\t\t\t<\/div>\n\t\t\t\t<div class=\"elementor-element elementor-element-64d4aba0 elementor-widget elementor-widget-image\" data-id=\"64d4aba0\" data-element_type=\"widget\" data-e-type=\"widget\" data-widget_type=\"image.default\">\n\t\t\t\t<div class=\"elementor-widget-container\">\n\t\t\t\t\t\t\t\t\t\t\t\t<figure class=\"wp-caption\">\n\t\t\t\t\t\t\t\t\t\t<img loading=\"lazy\" decoding=\"async\" width=\"800\" height=\"533\" src=\"https:\/\/www.elturistatranquil.com\/wp-content\/uploads\/F07-Boca-de-entrada-Mina-Sant-Rom\u00e0.jpg\" class=\"attachment-large size-large wp-image-3507\" alt=\"\" srcset=\"https:\/\/www.elturistatranquil.com\/wp-content\/uploads\/F07-Boca-de-entrada-Mina-Sant-Rom\u00e0.jpg 800w, https:\/\/www.elturistatranquil.com\/wp-content\/uploads\/F07-Boca-de-entrada-Mina-Sant-Rom\u00e0-768x512.jpg 768w\" sizes=\"(max-width: 800px) 100vw, 800px\" \/>\t\t\t\t\t\t\t\t\t\t\t<figcaption class=\"widget-image-caption wp-caption-text\">Boca d\u2019entrada de la galeria de la Mina Sant Rom\u00e0<\/figcaption>\n\t\t\t\t\t\t\t\t\t\t<\/figure>\n\t\t\t\t\t\t\t\t\t<\/div>\n\t\t\t\t<\/div>\n\t\t\t\t<div class=\"elementor-element elementor-element-25030d5f elementor-widget elementor-widget-image\" data-id=\"25030d5f\" data-element_type=\"widget\" data-e-type=\"widget\" data-widget_type=\"image.default\">\n\t\t\t\t<div class=\"elementor-widget-container\">\n\t\t\t\t\t\t\t\t\t\t\t\t<figure class=\"wp-caption\">\n\t\t\t\t\t\t\t\t\t\t<img loading=\"lazy\" decoding=\"async\" width=\"800\" height=\"533\" src=\"https:\/\/www.elturistatranquil.com\/wp-content\/uploads\/F08-Galer\u00eda-visitable-Mina-Sant-Rom\u00e0-.jpg\" class=\"attachment-large size-large wp-image-3508\" alt=\"\" srcset=\"https:\/\/www.elturistatranquil.com\/wp-content\/uploads\/F08-Galer\u00eda-visitable-Mina-Sant-Rom\u00e0-.jpg 800w, https:\/\/www.elturistatranquil.com\/wp-content\/uploads\/F08-Galer\u00eda-visitable-Mina-Sant-Rom\u00e0--768x512.jpg 768w\" sizes=\"(max-width: 800px) 100vw, 800px\" \/>\t\t\t\t\t\t\t\t\t\t\t<figcaption class=\"widget-image-caption wp-caption-text\">Galeria visitable d\u2019entrada de la Mina San Rom\u00e0 <\/figcaption>\n\t\t\t\t\t\t\t\t\t\t<\/figure>\n\t\t\t\t\t\t\t\t\t<\/div>\n\t\t\t\t<\/div>\n\t\t\t\t<div class=\"elementor-element elementor-element-1e4d0419 elementor-widget elementor-widget-menu-anchor\" data-id=\"1e4d0419\" data-element_type=\"widget\" data-e-type=\"widget\" data-widget_type=\"menu-anchor.default\">\n\t\t\t\t<div class=\"elementor-widget-container\">\n\t\t\t\t\t\t\t<div class=\"elementor-menu-anchor\" id=\"b1107\"><\/div>\n\t\t\t\t\t\t<\/div>\n\t\t\t\t<\/div>\n\t\t\t\t<div class=\"elementor-element elementor-element-8d713d6 elementor-widget elementor-widget-image\" data-id=\"8d713d6\" data-element_type=\"widget\" data-e-type=\"widget\" data-widget_type=\"image.default\">\n\t\t\t\t<div class=\"elementor-widget-container\">\n\t\t\t\t\t\t\t\t\t\t\t\t<figure class=\"wp-caption\">\n\t\t\t\t\t\t\t\t\t\t<img loading=\"lazy\" decoding=\"async\" width=\"800\" height=\"533\" src=\"https:\/\/www.elturistatranquil.com\/wp-content\/uploads\/F09-Betas-de-carb\u00f3n.jpg\" class=\"attachment-large size-large wp-image-3509\" alt=\"Betas de carb\u00f3n\" srcset=\"https:\/\/www.elturistatranquil.com\/wp-content\/uploads\/F09-Betas-de-carb\u00f3n.jpg 800w, https:\/\/www.elturistatranquil.com\/wp-content\/uploads\/F09-Betas-de-carb\u00f3n-768x512.jpg 768w\" sizes=\"(max-width: 800px) 100vw, 800px\" \/>\t\t\t\t\t\t\t\t\t\t\t<figcaption class=\"widget-image-caption wp-caption-text\">Les franges negres corresponen a les betes de carb\u00f3<\/figcaption>\n\t\t\t\t\t\t\t\t\t\t<\/figure>\n\t\t\t\t\t\t\t\t\t<\/div>\n\t\t\t\t<\/div>\n\t\t\t\t<div class=\"elementor-element elementor-element-619f5480 elementor-widget elementor-widget-heading\" data-id=\"619f5480\" data-element_type=\"widget\" data-e-type=\"widget\" data-widget_type=\"heading.default\">\n\t\t\t\t<div class=\"elementor-widget-container\">\n\t\t\t\t\t<h3 class=\"elementor-heading-title elementor-size-default\">El treball a la mina<\/h3>\t\t\t\t<\/div>\n\t\t\t\t<\/div>\n\t\t\t\t<div class=\"elementor-element elementor-element-749dc81a elementor-widget elementor-widget-text-editor\" data-id=\"749dc81a\" data-element_type=\"widget\" data-e-type=\"widget\" data-widget_type=\"text-editor.default\">\n\t\t\t\t<div class=\"elementor-widget-container\">\n\t\t\t\t\t\t\t\t\t<p>Entre 1851 i 1895 tot el treball a l\u2019interior de la mina, incl\u00f2s els transport fins a l\u2019exterior era realitzat pels homes en jornades de 12 hores continues a l\u2019interior de la mina (de 6 del mat\u00ed a 6 de la tarda). No disposaven de cap mena d\u2019equipament i les eines eren el pic, la pala i el martell, i els cabassos pel transport del carb\u00f3 a mans. Les estructures de suport de les galeries eren de fusta.<\/p>\t\t\t\t\t\t\t\t<\/div>\n\t\t\t\t<\/div>\n\t\t\t\t<div class=\"elementor-element elementor-element-74a29dd8 elementor-widget elementor-widget-image\" data-id=\"74a29dd8\" data-element_type=\"widget\" data-e-type=\"widget\" data-widget_type=\"image.default\">\n\t\t\t\t<div class=\"elementor-widget-container\">\n\t\t\t\t\t\t\t\t\t\t\t\t<figure class=\"wp-caption\">\n\t\t\t\t\t\t\t\t\t\t<img loading=\"lazy\" decoding=\"async\" width=\"800\" height=\"533\" src=\"https:\/\/www.elturistatranquil.com\/wp-content\/uploads\/F10-Galer\u00eda-con-estructuras-de-soporte-de-madera.jpg\" class=\"attachment-large size-large wp-image-3510\" alt=\"\" srcset=\"https:\/\/www.elturistatranquil.com\/wp-content\/uploads\/F10-Galer\u00eda-con-estructuras-de-soporte-de-madera.jpg 800w, https:\/\/www.elturistatranquil.com\/wp-content\/uploads\/F10-Galer\u00eda-con-estructuras-de-soporte-de-madera-768x512.jpg 768w\" sizes=\"(max-width: 800px) 100vw, 800px\" \/>\t\t\t\t\t\t\t\t\t\t\t<figcaption class=\"widget-image-caption wp-caption-text\">Galeria amb estructures de suport de fusta<\/figcaption>\n\t\t\t\t\t\t\t\t\t\t<\/figure>\n\t\t\t\t\t\t\t\t\t<\/div>\n\t\t\t\t<\/div>\n\t\t\t\t<div class=\"elementor-element elementor-element-64ee19f1 elementor-widget elementor-widget-text-editor\" data-id=\"64ee19f1\" data-element_type=\"widget\" data-e-type=\"widget\" data-widget_type=\"text-editor.default\">\n\t\t\t\t<div class=\"elementor-widget-container\">\n\t\t\t\t\t\t\t\t\t<p>La il\u00b7luminaci\u00f3 era un simple llum d\u2019oli que anomenaven \u201cllum del gall\u201d.<\/p>\t\t\t\t\t\t\t\t<\/div>\n\t\t\t\t<\/div>\n\t\t\t\t<div class=\"elementor-element elementor-element-41abb900 elementor-widget elementor-widget-image\" data-id=\"41abb900\" data-element_type=\"widget\" data-e-type=\"widget\" data-widget_type=\"image.default\">\n\t\t\t\t<div class=\"elementor-widget-container\">\n\t\t\t\t\t\t\t\t\t\t\t\t<figure class=\"wp-caption\">\n\t\t\t\t\t\t\t\t\t\t<img loading=\"lazy\" decoding=\"async\" width=\"800\" height=\"533\" src=\"https:\/\/www.elturistatranquil.com\/wp-content\/uploads\/F11-Evoluci\u00f3-dels-sistemes-dil\u00b7luminaci\u00f3-a-linterior-de-la-mina.jpg\" class=\"attachment-large size-large wp-image-3511\" alt=\"\" srcset=\"https:\/\/www.elturistatranquil.com\/wp-content\/uploads\/F11-Evoluci\u00f3-dels-sistemes-dil\u00b7luminaci\u00f3-a-linterior-de-la-mina.jpg 800w, https:\/\/www.elturistatranquil.com\/wp-content\/uploads\/F11-Evoluci\u00f3-dels-sistemes-dil\u00b7luminaci\u00f3-a-linterior-de-la-mina-768x512.jpg 768w\" sizes=\"(max-width: 800px) 100vw, 800px\" \/>\t\t\t\t\t\t\t\t\t\t\t<figcaption class=\"widget-image-caption wp-caption-text\">Evoluci\u00f3 dels sistemes d'il\u00b7luminaci\u00f3 a l'interior de la mina: d\u2019esquerra a dreta llum d\u2019oli \u201cllum del gall\u201d, llum de carbur i llum el\u00e8ctrica incorporada a un casc de protecci\u00f3<\/figcaption>\n\t\t\t\t\t\t\t\t\t\t<\/figure>\n\t\t\t\t\t\t\t\t\t<\/div>\n\t\t\t\t<\/div>\n\t\t\t\t<div class=\"elementor-element elementor-element-13823f1d elementor-widget elementor-widget-text-editor\" data-id=\"13823f1d\" data-element_type=\"widget\" data-e-type=\"widget\" data-widget_type=\"text-editor.default\">\n\t\t\t\t<div class=\"elementor-widget-container\">\n\t\t\t\t\t\t\t\t\t<p>Quan el 1892 J.E. Olano compra les mines s\u2019inici\u00e0 un proc\u00e9s de modernitzaci\u00f3 t\u00e8cnica.<\/p><p>El llum d\u2019oli es substitu\u00eft pel llum de carbur i s\u2019introdueixen sistemes de transport per rails amb tracci\u00f3 animal (burros) a l\u2019interior de les mines. Al temps que s\u2019articula el complex sistema de transports exteriors fins a la base del Llobregat.<\/p>\t\t\t\t\t\t\t\t<\/div>\n\t\t\t\t<\/div>\n\t\t\t\t<div class=\"elementor-element elementor-element-359e5313 elementor-widget elementor-widget-image\" data-id=\"359e5313\" data-element_type=\"widget\" data-e-type=\"widget\" data-widget_type=\"image.default\">\n\t\t\t\t<div class=\"elementor-widget-container\">\n\t\t\t\t\t\t\t\t\t\t\t\t\t\t\t<img loading=\"lazy\" decoding=\"async\" width=\"800\" height=\"533\" src=\"https:\/\/www.elturistatranquil.com\/wp-content\/uploads\/F12-Mina-Sant-Rom\u00e0.jpg\" class=\"attachment-large size-large wp-image-3512\" alt=\"\" srcset=\"https:\/\/www.elturistatranquil.com\/wp-content\/uploads\/F12-Mina-Sant-Rom\u00e0.jpg 800w, https:\/\/www.elturistatranquil.com\/wp-content\/uploads\/F12-Mina-Sant-Rom\u00e0-768x512.jpg 768w\" sizes=\"(max-width: 800px) 100vw, 800px\" \/>\t\t\t\t\t\t\t\t\t\t\t\t\t\t\t<\/div>\n\t\t\t\t<\/div>\n\t\t\t\t<div class=\"elementor-element elementor-element-6144bb71 elementor-widget elementor-widget-image\" data-id=\"6144bb71\" data-element_type=\"widget\" data-e-type=\"widget\" data-widget_type=\"image.default\">\n\t\t\t\t<div class=\"elementor-widget-container\">\n\t\t\t\t\t\t\t\t\t\t\t\t\t\t\t<img loading=\"lazy\" decoding=\"async\" width=\"800\" height=\"533\" src=\"https:\/\/www.elturistatranquil.com\/wp-content\/uploads\/F14-Mina-de-Cercs.jpg\" class=\"attachment-large size-large wp-image-3514\" alt=\"\" srcset=\"https:\/\/www.elturistatranquil.com\/wp-content\/uploads\/F14-Mina-de-Cercs.jpg 800w, https:\/\/www.elturistatranquil.com\/wp-content\/uploads\/F14-Mina-de-Cercs-768x512.jpg 768w\" sizes=\"(max-width: 800px) 100vw, 800px\" \/>\t\t\t\t\t\t\t\t\t\t\t\t\t\t\t<\/div>\n\t\t\t\t<\/div>\n\t\t\t\t<div class=\"elementor-element elementor-element-3d9ff8ff elementor-widget elementor-widget-image\" data-id=\"3d9ff8ff\" data-element_type=\"widget\" data-e-type=\"widget\" data-widget_type=\"image.default\">\n\t\t\t\t<div class=\"elementor-widget-container\">\n\t\t\t\t\t\t\t\t\t\t\t\t<figure class=\"wp-caption\">\n\t\t\t\t\t\t\t\t\t\t<img loading=\"lazy\" decoding=\"async\" width=\"800\" height=\"533\" src=\"https:\/\/www.elturistatranquil.com\/wp-content\/uploads\/F13-Mina-Sant-Rom\u00e0.jpg\" class=\"attachment-large size-large wp-image-3513\" alt=\"Mina Sant Rom\u00e0\" srcset=\"https:\/\/www.elturistatranquil.com\/wp-content\/uploads\/F13-Mina-Sant-Rom\u00e0.jpg 800w, https:\/\/www.elturistatranquil.com\/wp-content\/uploads\/F13-Mina-Sant-Rom\u00e0-768x512.jpg 768w\" sizes=\"(max-width: 800px) 100vw, 800px\" \/>\t\t\t\t\t\t\t\t\t\t\t<figcaption class=\"widget-image-caption wp-caption-text\">Escenograf\u00edas representadas en el interior de la galer\u00eda visitable: Los refuerzos de las galer\u00edas evolucionan hacia soportes y estructuras met\u00e1licas<\/figcaption>\n\t\t\t\t\t\t\t\t\t\t<\/figure>\n\t\t\t\t\t\t\t\t\t<\/div>\n\t\t\t\t<\/div>\n\t\t\t\t<div class=\"elementor-element elementor-element-1cfb9c8b elementor-widget elementor-widget-image\" data-id=\"1cfb9c8b\" data-element_type=\"widget\" data-e-type=\"widget\" data-widget_type=\"image.default\">\n\t\t\t\t<div class=\"elementor-widget-container\">\n\t\t\t\t\t\t\t\t\t\t\t\t<figure class=\"wp-caption\">\n\t\t\t\t\t\t\t\t\t\t<img loading=\"lazy\" decoding=\"async\" width=\"800\" height=\"533\" src=\"https:\/\/www.elturistatranquil.com\/wp-content\/uploads\/F15-Transport-interior-mines.jpg\" class=\"attachment-large size-large wp-image-3515\" alt=\"Transport interior mines\" srcset=\"https:\/\/www.elturistatranquil.com\/wp-content\/uploads\/F15-Transport-interior-mines.jpg 800w, https:\/\/www.elturistatranquil.com\/wp-content\/uploads\/F15-Transport-interior-mines-768x512.jpg 768w\" sizes=\"(max-width: 800px) 100vw, 800px\" \/>\t\t\t\t\t\t\t\t\t\t\t<figcaption class=\"widget-image-caption wp-caption-text\">El transport dins de la mina en cabassos va ser substitu\u00eft per vagonetes sobre rails arrossegades por burros<\/figcaption>\n\t\t\t\t\t\t\t\t\t\t<\/figure>\n\t\t\t\t\t\t\t\t\t<\/div>\n\t\t\t\t<\/div>\n\t\t\t\t<div class=\"elementor-element elementor-element-5ea111e6 elementor-widget elementor-widget-image\" data-id=\"5ea111e6\" data-element_type=\"widget\" data-e-type=\"widget\" data-widget_type=\"image.default\">\n\t\t\t\t<div class=\"elementor-widget-container\">\n\t\t\t\t\t\t\t\t\t\t\t\t<figure class=\"wp-caption\">\n\t\t\t\t\t\t\t\t\t\t<img loading=\"lazy\" decoding=\"async\" width=\"800\" height=\"533\" src=\"https:\/\/www.elturistatranquil.com\/wp-content\/uploads\/F16-Marterlls-neum\u00e0tics.jpg\" class=\"attachment-large size-large wp-image-3516\" alt=\"Martells neum\u00e0tics\" srcset=\"https:\/\/www.elturistatranquil.com\/wp-content\/uploads\/F16-Marterlls-neum\u00e0tics.jpg 800w, https:\/\/www.elturistatranquil.com\/wp-content\/uploads\/F16-Marterlls-neum\u00e0tics-768x512.jpg 768w\" sizes=\"(max-width: 800px) 100vw, 800px\" \/>\t\t\t\t\t\t\t\t\t\t\t<figcaption class=\"widget-image-caption wp-caption-text\">Martells neum\u00e0tics<\/figcaption>\n\t\t\t\t\t\t\t\t\t\t<\/figure>\n\t\t\t\t\t\t\t\t\t<\/div>\n\t\t\t\t<\/div>\n\t\t\t\t<div class=\"elementor-element elementor-element-29b99ee3 elementor-widget elementor-widget-text-editor\" data-id=\"29b99ee3\" data-element_type=\"widget\" data-e-type=\"widget\" data-widget_type=\"text-editor.default\">\n\t\t\t\t<div class=\"elementor-widget-container\">\n\t\t\t\t\t\t\t\t\t<p>Amb la mecanitzaci\u00f3, la mina va con\u00e8ixer un r\u00e0pid proc\u00e9s d&#8217;especialitzaci\u00f3 que porto a uns 50 oficis diferents, una tercera part dels quals correspon a treballs a l&#8217;interior de la mina, i dues terceres parts a treballs a l&#8217;exterior.<\/p><p>A partir de 1930 s\u2019incorporen importants aven\u00e7os t\u00e8cnics amb la aplicaci\u00f3 dels martells picadors i perforadors d\u2019aire comprimit, l\u2019electrificaci\u00f3 de la mina, ventilaci\u00f3, el transport mec\u00e0nic i millora de seguretat de les galeries.<\/p><p>La central t\u00e8rmica vella de Cercs, iniciada el 1929, va consumir bona part del carb\u00f3 que es produ\u00efa.<\/p><p>El 1963 podem dir que el treball d\u2019extracci\u00f3 deixa de ser manual, ja que s\u2019incorpora el sistema d\u2019arrencada mec\u00e0nica amb la introducci\u00f3 de m\u00e0quines raspall. Ara un dels problemes de les condicions de treball passaria a ser el soroll de les m\u00e0quines dins dels t\u00fanels.<\/p>\t\t\t\t\t\t\t\t<\/div>\n\t\t\t\t<\/div>\n\t\t\t\t<div class=\"elementor-element elementor-element-6567cd73 elementor-widget elementor-widget-menu-anchor\" data-id=\"6567cd73\" data-element_type=\"widget\" data-e-type=\"widget\" data-widget_type=\"menu-anchor.default\">\n\t\t\t\t<div class=\"elementor-widget-container\">\n\t\t\t\t\t\t\t<div class=\"elementor-menu-anchor\" id=\"b1108\"><\/div>\n\t\t\t\t\t\t<\/div>\n\t\t\t\t<\/div>\n\t\t\t\t<div class=\"elementor-element elementor-element-8da0227 elementor-widget elementor-widget-text-editor\" data-id=\"8da0227\" data-element_type=\"widget\" data-e-type=\"widget\" data-widget_type=\"text-editor.default\">\n\t\t\t\t<div class=\"elementor-widget-container\">\n\t\t\t\t\t\t\t\t\t<p>Un darrer esfor\u00e7 de modernitzaci\u00f3 amb la introducci\u00f3 dels sistemes de fortificaci\u00f3 del front d\u2019arrancada denominat d\u2019escut, i altres millores, no va ser suficient per salvar de la crisi la mineria del carb\u00f3, fins que el 31 de desembre de 1991 va finalitzar la seva activitat l\u2019empresa <em>Carbones de Berga, S.A.<\/em><\/p>\t\t\t\t\t\t\t\t<\/div>\n\t\t\t\t<\/div>\n\t\t\t\t<div class=\"elementor-element elementor-element-3798102a elementor-widget elementor-widget-heading\" data-id=\"3798102a\" data-element_type=\"widget\" data-e-type=\"widget\" data-widget_type=\"heading.default\">\n\t\t\t\t<div class=\"elementor-widget-container\">\n\t\t\t\t\t<h3 class=\"elementor-heading-title elementor-size-default\">El treball  dels homes, les dones, els vells i els nens<\/h3>\t\t\t\t<\/div>\n\t\t\t\t<\/div>\n\t\t\t\t<div class=\"elementor-element elementor-element-79802a65 elementor-widget elementor-widget-text-editor\" data-id=\"79802a65\" data-element_type=\"widget\" data-e-type=\"widget\" data-widget_type=\"text-editor.default\">\n\t\t\t\t<div class=\"elementor-widget-container\">\n\t\t\t\t\t\t\t\t\t<p>El treball a l&#8217;interior de la mina era cosa dels homes, inicialment en jornades de 12 hores, i no ve ser fins l\u2019any 1910 que es va establir en 9 hores la jornada m\u00e0xima de treball a l&#8217;interior de la mina. L&#8217;any 1931 va quedar fixada la jornada laboral en 7 hores i el descans dominical.<\/p><p>Per\u00f2 fins a 1965 moltes dones, juntament amb vells i criatures, van treballar al rentador, destriant, classificant i ensacant carb\u00f3 per aconseguir un jornal i carb\u00f3 per escalfar la llar i cuinar.<\/p><p>Aquesta implicaci\u00f3 de tota la fam\u00edlia en el treball de la mina venia vinculada al sistema de poblament tancat dins de l\u2019estructura de Col\u00f2nia industrial que comentar\u00e9 m\u00e9s endavant.<\/p>\t\t\t\t\t\t\t\t<\/div>\n\t\t\t\t<\/div>\n\t\t\t\t<div class=\"elementor-element elementor-element-1c6958ca elementor-widget elementor-widget-menu-anchor\" data-id=\"1c6958ca\" data-element_type=\"widget\" data-e-type=\"widget\" data-widget_type=\"menu-anchor.default\">\n\t\t\t\t<div class=\"elementor-widget-container\">\n\t\t\t\t\t\t\t<div class=\"elementor-menu-anchor\" id=\"b1109\"><\/div>\n\t\t\t\t\t\t<\/div>\n\t\t\t\t<\/div>\n\t\t\t\t<div class=\"elementor-element elementor-element-4b40972b elementor-widget elementor-widget-text-editor\" data-id=\"4b40972b\" data-element_type=\"widget\" data-e-type=\"widget\" data-widget_type=\"text-editor.default\">\n\t\t\t\t<div class=\"elementor-widget-container\">\n\t\t\t\t\t\t\t\t\t<p>Tot i que la llei de 1857 garantia l\u2019escolaritzaci\u00f3 obligat\u00f2ria dels nens i nenes fins als dotze anys i que els pobles de m\u00e9s de 500 habitants havien de tenir escola, la realitat ara molt diferent: minvaven mestres, escoles i el treball infantil era generalitzat, fins i tot despr\u00e8s de 1900, malgrat que es regularen la jornada i les condicions de treball de les dones i les criatures.<\/p>\t\t\t\t\t\t\t\t<\/div>\n\t\t\t\t<\/div>\n\t\t\t\t<div class=\"elementor-element elementor-element-59cf9ad5 elementor-widget elementor-widget-heading\" data-id=\"59cf9ad5\" data-element_type=\"widget\" data-e-type=\"widget\" data-widget_type=\"heading.default\">\n\t\t\t\t<div class=\"elementor-widget-container\">\n\t\t\t\t\t<h3 class=\"elementor-heading-title elementor-size-default\">El dispensari<\/h3>\t\t\t\t<\/div>\n\t\t\t\t<\/div>\n\t\t\t\t<div class=\"elementor-element elementor-element-272d1e0d elementor-widget elementor-widget-text-editor\" data-id=\"272d1e0d\" data-element_type=\"widget\" data-e-type=\"widget\" data-widget_type=\"text-editor.default\">\n\t\t\t\t<div class=\"elementor-widget-container\">\n\t\t\t\t\t\t\t\t\t<p>El treball a la mina \u00e9s dur i perill\u00f3s. A l&#8217;elevat nombre d&#8217;accidents laborals provocats per enfonsaments de galeries, explosions de gas i inundacions, s&#8217;ha d&#8217;afegir les malalties laborals i les provocades per la pobresa.<\/p><p>Des del segle XIX les empreses mineres m\u00e9s grans van contractar el servei de metges i asseguradores i van organitzar els dispensaris d&#8217;empresa equipats amb el material m\u00e9s b\u00e0sic al servei dels miners i de les seves fam\u00edlies.<\/p><p>En els \u00faltims anys, la millora de les condicions de treball, els aven\u00e7os t\u00e8cnics i m\u00e8dics i les mesures de seguretat van redu\u00eft notablement el nombre d&#8217;accidents i la mortalitat.<\/p>\t\t\t\t\t\t\t\t<\/div>\n\t\t\t\t<\/div>\n\t\t\t\t<div class=\"elementor-element elementor-element-642651af elementor-widget elementor-widget-menu-anchor\" data-id=\"642651af\" data-element_type=\"widget\" data-e-type=\"widget\" data-widget_type=\"menu-anchor.default\">\n\t\t\t\t<div class=\"elementor-widget-container\">\n\t\t\t\t\t\t\t<div class=\"elementor-menu-anchor\" id=\"b1110\"><\/div>\n\t\t\t\t\t\t<\/div>\n\t\t\t\t<\/div>\n\t\t\t\t<div class=\"elementor-element elementor-element-54f949f1 elementor-widget elementor-widget-image\" data-id=\"54f949f1\" data-element_type=\"widget\" data-e-type=\"widget\" data-widget_type=\"image.default\">\n\t\t\t\t<div class=\"elementor-widget-container\">\n\t\t\t\t\t\t\t\t\t\t\t\t<figure class=\"wp-caption\">\n\t\t\t\t\t\t\t\t\t\t<img loading=\"lazy\" decoding=\"async\" width=\"800\" height=\"533\" src=\"https:\/\/www.elturistatranquil.com\/wp-content\/uploads\/F17-Representaci\u00f3-del-dispensari.jpg\" class=\"attachment-large size-large wp-image-3517\" alt=\"Representaci\u00f3 del dispensari\" srcset=\"https:\/\/www.elturistatranquil.com\/wp-content\/uploads\/F17-Representaci\u00f3-del-dispensari.jpg 800w, https:\/\/www.elturistatranquil.com\/wp-content\/uploads\/F17-Representaci\u00f3-del-dispensari-768x512.jpg 768w\" sizes=\"(max-width: 800px) 100vw, 800px\" \/>\t\t\t\t\t\t\t\t\t\t\t<figcaption class=\"widget-image-caption wp-caption-text\">Representaci\u00f3 del dispensari al Museu<\/figcaption>\n\t\t\t\t\t\t\t\t\t\t<\/figure>\n\t\t\t\t\t\t\t\t\t<\/div>\n\t\t\t\t<\/div>\n\t\t\t\t<div class=\"elementor-element elementor-element-5684740a elementor-widget elementor-widget-menu-anchor\" data-id=\"5684740a\" data-element_type=\"widget\" data-e-type=\"widget\" data-widget_type=\"menu-anchor.default\">\n\t\t\t\t<div class=\"elementor-widget-container\">\n\t\t\t\t\t\t\t<div class=\"elementor-menu-anchor\" id=\"b1110b\"><\/div>\n\t\t\t\t\t\t<\/div>\n\t\t\t\t<\/div>\n\t\t\t\t<div class=\"elementor-element elementor-element-7d9808b9 elementor-widget elementor-widget-heading\" data-id=\"7d9808b9\" data-element_type=\"widget\" data-e-type=\"widget\" data-widget_type=\"heading.default\">\n\t\t\t\t<div class=\"elementor-widget-container\">\n\t\t\t\t\t<h3 class=\"elementor-heading-title elementor-size-default\">L\u2019activitat a l\u2019exterior de la mina<\/h3>\t\t\t\t<\/div>\n\t\t\t\t<\/div>\n\t\t\t\t<div class=\"elementor-element elementor-element-3e6d192f elementor-widget elementor-widget-text-editor\" data-id=\"3e6d192f\" data-element_type=\"widget\" data-e-type=\"widget\" data-widget_type=\"text-editor.default\">\n\t\t\t\t<div class=\"elementor-widget-container\">\n\t\t\t\t\t\t\t\t\t<p>Extret el material de la mina, a l\u2019exterior s\u2019estructuren una s\u00e8rie d\u2019activitats fins a disposar del carb\u00f3 com a producte final per a ser consumit.<\/p>\t\t\t\t\t\t\t\t<\/div>\n\t\t\t\t<\/div>\n\t\t\t\t<div class=\"elementor-element elementor-element-140676a1 elementor-widget elementor-widget-heading\" data-id=\"140676a1\" data-element_type=\"widget\" data-e-type=\"widget\" data-widget_type=\"heading.default\">\n\t\t\t\t<div class=\"elementor-widget-container\">\n\t\t\t\t\t<h4 class=\"elementor-heading-title elementor-size-default\">Activitats vinculades al cicle del carb\u00f3<\/h4>\t\t\t\t<\/div>\n\t\t\t\t<\/div>\n\t\t\t\t<div class=\"elementor-element elementor-element-6feb9868 elementor-widget elementor-widget-menu-anchor\" data-id=\"6feb9868\" data-element_type=\"widget\" data-e-type=\"widget\" data-widget_type=\"menu-anchor.default\">\n\t\t\t\t<div class=\"elementor-widget-container\">\n\t\t\t\t\t\t\t<div class=\"elementor-menu-anchor\" id=\"b1111\"><\/div>\n\t\t\t\t\t\t<\/div>\n\t\t\t\t<\/div>\n\t\t\t\t<div class=\"elementor-element elementor-element-b324dca elementor-widget elementor-widget-text-editor\" data-id=\"b324dca\" data-element_type=\"widget\" data-e-type=\"widget\" data-widget_type=\"text-editor.default\">\n\t\t\t\t<div class=\"elementor-widget-container\">\n\t\t\t\t\t\t\t\t\t<p>Rentat del carb\u00f3: Primer s&#8217;havia de portar al rentador, on el carb\u00f3 es separava dels est\u00e8rils a l&#8217;edifici del rentador o <em>llimpia<\/em>, on del garbellat \u00a0manual es pass\u00e0 al mec\u00e0nic i, a partir de 1931, s\u2019adopt\u00e0 el sistema de densitats. Un cop rentat, el carb\u00f3 era classificat per mides.<\/p><p>Transport del carb\u00f3: Les caracter\u00edstiques geogr\u00e0fiques de la zona van obligar a desenvolupar una impressionant xarxa de transport exterior formada per plans inclinats, telef\u00e8rics, funiculars i trens, que connectava les mines amb el rentador, la central t\u00e8rmica i l&#8217;estaci\u00f3 del ferrocarril, des d&#8217;on es traslladava en tren als centres de consum. A partir dels anys 60 del segle XX aquesta xarxa de transport va ser substitu\u00efda progressivament pels camions i les cintes transportadores.<\/p>\t\t\t\t\t\t\t\t<\/div>\n\t\t\t\t<\/div>\n\t\t\t\t<div class=\"elementor-element elementor-element-5c791dcc elementor-widget elementor-widget-menu-anchor\" data-id=\"5c791dcc\" data-element_type=\"widget\" data-e-type=\"widget\" data-widget_type=\"menu-anchor.default\">\n\t\t\t\t<div class=\"elementor-widget-container\">\n\t\t\t\t\t\t\t<div class=\"elementor-menu-anchor\" id=\"b1112\"><\/div>\n\t\t\t\t\t\t<\/div>\n\t\t\t\t<\/div>\n\t\t\t\t<div class=\"elementor-element elementor-element-48091c97 elementor-widget elementor-widget-heading\" data-id=\"48091c97\" data-element_type=\"widget\" data-e-type=\"widget\" data-widget_type=\"heading.default\">\n\t\t\t\t<div class=\"elementor-widget-container\">\n\t\t\t\t\t<h3 class=\"elementor-heading-title elementor-size-default\">Activitats de suport<\/h3>\t\t\t\t<\/div>\n\t\t\t\t<\/div>\n\t\t\t\t<div class=\"elementor-element elementor-element-1ce20cfb elementor-widget elementor-widget-text-editor\" data-id=\"1ce20cfb\" data-element_type=\"widget\" data-e-type=\"widget\" data-widget_type=\"text-editor.default\">\n\t\t\t\t<div class=\"elementor-widget-container\">\n\t\t\t\t\t\t\t\t\t<p>Tallers i magatzems: Les grans empreses mineres van organitzar molt b\u00e9 el sistema de reparaci\u00f3 i manteniment de la maquin\u00e0ria indispensable per a l&#8217;explotaci\u00f3 del carb\u00f3. Per a aix\u00f2 es van dotar de tallers i magatzems. Els m\u00e9s importants eren: el taller de lampisteria, el taller mec\u00e0nic i el taller de fusteria<\/p>\t\t\t\t\t\t\t\t<\/div>\n\t\t\t\t<\/div>\n\t\t\t\t<div class=\"elementor-element elementor-element-61964fe elementor-widget elementor-widget-menu-anchor\" data-id=\"61964fe\" data-element_type=\"widget\" data-e-type=\"widget\" data-widget_type=\"menu-anchor.default\">\n\t\t\t\t<div class=\"elementor-widget-container\">\n\t\t\t\t\t\t\t<div class=\"elementor-menu-anchor\" id=\"b1113\"><\/div>\n\t\t\t\t\t\t<\/div>\n\t\t\t\t<\/div>\n\t\t\t\t<div class=\"elementor-element elementor-element-6f754152 elementor-widget elementor-widget-heading\" data-id=\"6f754152\" data-element_type=\"widget\" data-e-type=\"widget\" data-widget_type=\"heading.default\">\n\t\t\t\t<div class=\"elementor-widget-container\">\n\t\t\t\t\t<h3 class=\"elementor-heading-title elementor-size-default\">Reivindicacions pol\u00edtiques i laborals<\/h3>\t\t\t\t<\/div>\n\t\t\t\t<\/div>\n\t\t\t\t<div class=\"elementor-element elementor-element-23172d29 elementor-widget elementor-widget-text-editor\" data-id=\"23172d29\" data-element_type=\"widget\" data-e-type=\"widget\" data-widget_type=\"text-editor.default\">\n\t\t\t\t<div class=\"elementor-widget-container\">\n\t\t\t\t\t\t\t\t\t<p>En la hist\u00f2ria de Sant Corneli es van produir dos moments importants de conflictivitat. Una de caire pol\u00edtic, la insurrecci\u00f3 revolucionaria a l\u2019any 1932 vinculada a la situaci\u00f3 del pa\u00eds. L\u2019altre, una vaga de reivindicaci\u00f3 laboral al 1977.<\/p><p>Un audiovisual presenta aquestes moments de conflictivitat.<\/p>\t\t\t\t\t\t\t\t<\/div>\n\t\t\t\t<\/div>\n\t\t\t\t<div class=\"elementor-element elementor-element-36638ca0 elementor-widget elementor-widget-heading\" data-id=\"36638ca0\" data-element_type=\"widget\" data-e-type=\"widget\" data-widget_type=\"heading.default\">\n\t\t\t\t<div class=\"elementor-widget-container\">\n\t\t\t\t\t<h2 class=\"elementor-heading-title elementor-size-default\">La Col\u00f2nia minera de Sant Corneli<\/h2>\t\t\t\t<\/div>\n\t\t\t\t<\/div>\n\t\t\t\t<div class=\"elementor-element elementor-element-466926e4 elementor-widget elementor-widget-image\" data-id=\"466926e4\" data-element_type=\"widget\" data-e-type=\"widget\" data-widget_type=\"image.default\">\n\t\t\t\t<div class=\"elementor-widget-container\">\n\t\t\t\t\t\t\t\t\t\t\t\t<figure class=\"wp-caption\">\n\t\t\t\t\t\t\t\t\t\t<img loading=\"lazy\" decoding=\"async\" width=\"800\" height=\"557\" src=\"https:\/\/www.elturistatranquil.com\/wp-content\/uploads\/F18-Col\u00f2nia-Sant-Corneli.jpg\" class=\"attachment-large size-large wp-image-3558\" alt=\"Col\u00f2nia Sant Corneli\" srcset=\"https:\/\/www.elturistatranquil.com\/wp-content\/uploads\/F18-Col\u00f2nia-Sant-Corneli.jpg 800w, https:\/\/www.elturistatranquil.com\/wp-content\/uploads\/F18-Col\u00f2nia-Sant-Corneli-768x535.jpg 768w\" sizes=\"(max-width: 800px) 100vw, 800px\" \/>\t\t\t\t\t\t\t\t\t\t\t<figcaption class=\"widget-image-caption wp-caption-text\">Col\u00f2nia Sant Corneli<\/figcaption>\n\t\t\t\t\t\t\t\t\t\t<\/figure>\n\t\t\t\t\t\t\t\t\t<\/div>\n\t\t\t\t<\/div>\n\t\t\t\t<div class=\"elementor-element elementor-element-7091727b elementor-widget elementor-widget-text-editor\" data-id=\"7091727b\" data-element_type=\"widget\" data-e-type=\"widget\" data-widget_type=\"text-editor.default\">\n\t\t\t\t<div class=\"elementor-widget-container\">\n\t\t\t\t\t\t\t\t\t<p>El primer problema que es topa en tenir que organitzar una activitat productiva condicionada per la localitzaci\u00f3 geogr\u00e0fica, en aquest cas haver-se de localitzar al lloc dels jaciments de mineral, \u00e9s el de disposar de for\u00e7a de treball qualificada, permanent i resident a una distancia adient segons les condicions de transport del moment, de la boca de la mina.<\/p><p>En un primer moment la ma d\u2019obra tenia un car\u00e0cter mixt, ja que els miners combinaven la mina amb l\u2019agricultura, i on les habilitats requerides eren m\u00e9s aviat escasses i centrades en la for\u00e7a de fer anar el pic, la pala i el martell.<\/p><p>A l\u2019augment dels requeriments t\u00e8cnics i l\u2019augment del volum de ma d\u2019obra que es va produir se li va donar soluci\u00f3 amb la construcci\u00f3 de les col\u00f2nies mineres, que van allotjar fam\u00edlies mineres procedents de les conques d\u2019Ast\u00faries, Terol, Andalusia i M\u00farcia.<\/p>\t\t\t\t\t\t\t\t<\/div>\n\t\t\t\t<\/div>\n\t\t\t\t<div class=\"elementor-element elementor-element-46d77611 elementor-widget elementor-widget-text-editor\" data-id=\"46d77611\" data-element_type=\"widget\" data-e-type=\"widget\" data-widget_type=\"text-editor.default\">\n\t\t\t\t<div class=\"elementor-widget-container\">\n\t\t\t\t\t\t\t\t\t<p>La col\u00f2nia minera de Sant Corneli es va construir entre 1893 i 1920. L&#8217;a\u00efllament de la zona, la manca de sistemes de transport i la necessitat d&#8217;aconseguir m\u00e0 d&#8217;obra estable va portar a J.E. Olano, propietari de l&#8217;empresa minera, a aplicar el model de les col\u00f2nies industrials, ja plenament desenvolupat a la comarca del Bergued\u00e0 i a Catalunya.<\/p><p>Es van construir habitatges obrers i els serveis que el propietari va considerar indispensables: escola, Esgl\u00e9sia, forn de pa, teatre, cantina, fonda i camp de futbol.<\/p><p>A partir de 1960, quan va arribar a tenir m\u00e9s de 3000 habitants, es va iniciar una lenta per\u00f2 progressiva decad\u00e8ncia; la recuperaci\u00f3 es va iniciar el 1989, al mateix temps que naixia el projecte del museu.<\/p>\t\t\t\t\t\t\t\t<\/div>\n\t\t\t\t<\/div>\n\t\t\t\t<div class=\"elementor-element elementor-element-4ee7a531 elementor-widget elementor-widget-image\" data-id=\"4ee7a531\" data-element_type=\"widget\" data-e-type=\"widget\" data-widget_type=\"image.default\">\n\t\t\t\t<div class=\"elementor-widget-container\">\n\t\t\t\t\t\t\t\t\t\t\t\t<figure class=\"wp-caption\">\n\t\t\t\t\t\t\t\t\t\t<img loading=\"lazy\" decoding=\"async\" width=\"800\" height=\"533\" src=\"https:\/\/www.elturistatranquil.com\/wp-content\/uploads\/F19-Museu-de-les-mines-de-Cercs.jpg\" class=\"attachment-large size-large wp-image-3519\" alt=\"\" srcset=\"https:\/\/www.elturistatranquil.com\/wp-content\/uploads\/F19-Museu-de-les-mines-de-Cercs.jpg 800w, https:\/\/www.elturistatranquil.com\/wp-content\/uploads\/F19-Museu-de-les-mines-de-Cercs-768x512.jpg 768w\" sizes=\"(max-width: 800px) 100vw, 800px\" \/>\t\t\t\t\t\t\t\t\t\t\t<figcaption class=\"widget-image-caption wp-caption-text\">El Museu ocupa el que va ser escola i despr\u00e9s Hogar del minero<\/figcaption>\n\t\t\t\t\t\t\t\t\t\t<\/figure>\n\t\t\t\t\t\t\t\t\t<\/div>\n\t\t\t\t<\/div>\n\t\t\t\t<div class=\"elementor-element elementor-element-301bc1b3 elementor-widget elementor-widget-menu-anchor\" data-id=\"301bc1b3\" data-element_type=\"widget\" data-e-type=\"widget\" data-widget_type=\"menu-anchor.default\">\n\t\t\t\t<div class=\"elementor-widget-container\">\n\t\t\t\t\t\t\t<div class=\"elementor-menu-anchor\" id=\"b1114\"><\/div>\n\t\t\t\t\t\t<\/div>\n\t\t\t\t<\/div>\n\t\t\t\t<div class=\"elementor-element elementor-element-1a3eabbb elementor-widget elementor-widget-image\" data-id=\"1a3eabbb\" data-element_type=\"widget\" data-e-type=\"widget\" data-widget_type=\"image.default\">\n\t\t\t\t<div class=\"elementor-widget-container\">\n\t\t\t\t\t\t\t\t\t\t\t\t<figure class=\"wp-caption\">\n\t\t\t\t\t\t\t\t\t\t<img loading=\"lazy\" decoding=\"async\" width=\"800\" height=\"533\" src=\"https:\/\/www.elturistatranquil.com\/wp-content\/uploads\/F20-Col\u00f2nia-St-Corneli.jpg\" class=\"attachment-large size-large wp-image-3520\" alt=\"Col\u00f2nia Sant Corneli\" srcset=\"https:\/\/www.elturistatranquil.com\/wp-content\/uploads\/F20-Col\u00f2nia-St-Corneli.jpg 800w, https:\/\/www.elturistatranquil.com\/wp-content\/uploads\/F20-Col\u00f2nia-St-Corneli-768x512.jpg 768w\" sizes=\"(max-width: 800px) 100vw, 800px\" \/>\t\t\t\t\t\t\t\t\t\t\t<figcaption class=\"widget-image-caption wp-caption-text\">Els habitatges obrers ocupaven un planta. Molts baixos eren destinats a serveis<\/figcaption>\n\t\t\t\t\t\t\t\t\t\t<\/figure>\n\t\t\t\t\t\t\t\t\t<\/div>\n\t\t\t\t<\/div>\n\t\t\t\t<div class=\"elementor-element elementor-element-33e4f311 elementor-widget elementor-widget-heading\" data-id=\"33e4f311\" data-element_type=\"widget\" data-e-type=\"widget\" data-widget_type=\"heading.default\">\n\t\t\t\t<div class=\"elementor-widget-container\">\n\t\t\t\t\t<h3 class=\"elementor-heading-title elementor-size-default\">Els habitatges: per l\u2019amo i pels treballadors<\/h3>\t\t\t\t<\/div>\n\t\t\t\t<\/div>\n\t\t\t\t<div class=\"elementor-element elementor-element-20fb08a2 elementor-widget elementor-widget-text-editor\" data-id=\"20fb08a2\" data-element_type=\"widget\" data-e-type=\"widget\" data-widget_type=\"text-editor.default\">\n\t\t\t\t<div class=\"elementor-widget-container\">\n\t\t\t\t\t\t\t\t\t<p>Una Col\u00f2nia acull habitatges per a totes les categories de treballadors, inclosa la casa de l\u2019amo, que sempre va ser un palauet, amb una arquitectura adaptada als gustos de la burgesia de l\u2019\u00e8poca.<\/p><p>Despr\u00e9s existirien habitatges pels encarregats, i finalment per als obrers.<\/p>\t\t\t\t\t\t\t\t<\/div>\n\t\t\t\t<\/div>\n\t\t\t\t<div class=\"elementor-element elementor-element-2d369dec elementor-widget elementor-widget-menu-anchor\" data-id=\"2d369dec\" data-element_type=\"widget\" data-e-type=\"widget\" data-widget_type=\"menu-anchor.default\">\n\t\t\t\t<div class=\"elementor-widget-container\">\n\t\t\t\t\t\t\t<div class=\"elementor-menu-anchor\" id=\"b1115\"><\/div>\n\t\t\t\t\t\t<\/div>\n\t\t\t\t<\/div>\n\t\t\t\t<div class=\"elementor-element elementor-element-4370c3fc elementor-widget elementor-widget-image\" data-id=\"4370c3fc\" data-element_type=\"widget\" data-e-type=\"widget\" data-widget_type=\"image.default\">\n\t\t\t\t<div class=\"elementor-widget-container\">\n\t\t\t\t\t\t\t\t\t\t\t\t<figure class=\"wp-caption\">\n\t\t\t\t\t\t\t\t\t\t<img loading=\"lazy\" decoding=\"async\" width=\"461\" height=\"550\" src=\"https:\/\/www.elturistatranquil.com\/wp-content\/uploads\/F54-Col\u00f2nia-St-Corneli.-Habitatge-propietari.jpg\" class=\"attachment-large size-large wp-image-3408\" alt=\"Col\u00f2nia St Corneli. Habitatge propietari\" \/>\t\t\t\t\t\t\t\t\t\t\t<figcaption class=\"widget-image-caption wp-caption-text\">La casa de l\u2019amo<\/figcaption>\n\t\t\t\t\t\t\t\t\t\t<\/figure>\n\t\t\t\t\t\t\t\t\t<\/div>\n\t\t\t\t<\/div>\n\t\t\t\t<div class=\"elementor-element elementor-element-456a5add elementor-widget elementor-widget-heading\" data-id=\"456a5add\" data-element_type=\"widget\" data-e-type=\"widget\" data-widget_type=\"heading.default\">\n\t\t\t\t<div class=\"elementor-widget-container\">\n\t\t\t\t\t<h3 class=\"elementor-heading-title elementor-size-default\">L\u2019habitatge del miner de l\u2019any 1944<\/h3>\t\t\t\t<\/div>\n\t\t\t\t<\/div>\n\t\t\t\t<div class=\"elementor-element elementor-element-6dd89768 elementor-widget elementor-widget-text-editor\" data-id=\"6dd89768\" data-element_type=\"widget\" data-e-type=\"widget\" data-widget_type=\"text-editor.default\">\n\t\t\t\t<div class=\"elementor-widget-container\">\n\t\t\t\t\t\t\t\t\t<p>El Museu exposa un habitatge que correspon a la fam\u00edlia d\u2019un miner als anys 40.<\/p><p>Els treballadors de la mina i les seves fam\u00edlies vivien en habitatges llogats a l&#8217;empresa. La major part d&#8217;ells nom\u00e9s tenia 35 metres quadrats per\u00f2 alguns tenien 56 o 72 metres quadrats, reservades a capatassos i administratius. el lloc m\u00e9s important de la casa era la cuina-menjador.<\/p>\t\t\t\t\t\t\t\t<\/div>\n\t\t\t\t<\/div>\n\t\t\t\t<div class=\"elementor-element elementor-element-2d816e5d elementor-widget elementor-widget-image\" data-id=\"2d816e5d\" data-element_type=\"widget\" data-e-type=\"widget\" data-widget_type=\"image.default\">\n\t\t\t\t<div class=\"elementor-widget-container\">\n\t\t\t\t\t\t\t\t\t\t\t\t\t\t\t<img loading=\"lazy\" decoding=\"async\" width=\"800\" height=\"533\" src=\"https:\/\/www.elturistatranquil.com\/wp-content\/uploads\/F22-Col\u00f2nia-St-Corneli.jpg\" class=\"attachment-large size-large wp-image-3521\" alt=\"Col\u00f2nia Sant Corneli\" srcset=\"https:\/\/www.elturistatranquil.com\/wp-content\/uploads\/F22-Col\u00f2nia-St-Corneli.jpg 800w, https:\/\/www.elturistatranquil.com\/wp-content\/uploads\/F22-Col\u00f2nia-St-Corneli-768x512.jpg 768w\" sizes=\"(max-width: 800px) 100vw, 800px\" \/>\t\t\t\t\t\t\t\t\t\t\t\t\t\t\t<\/div>\n\t\t\t\t<\/div>\n\t\t\t\t<div class=\"elementor-element elementor-element-5e8dde18 elementor-widget elementor-widget-image\" data-id=\"5e8dde18\" data-element_type=\"widget\" data-e-type=\"widget\" data-widget_type=\"image.default\">\n\t\t\t\t<div class=\"elementor-widget-container\">\n\t\t\t\t\t\t\t\t\t\t\t\t\t\t\t<img loading=\"lazy\" decoding=\"async\" width=\"800\" height=\"533\" src=\"https:\/\/www.elturistatranquil.com\/wp-content\/uploads\/F23-Col\u00f2nia-St-Corneli.jpg\" class=\"attachment-large size-large wp-image-3522\" alt=\"Col\u00f2nia Sant Corneli\" srcset=\"https:\/\/www.elturistatranquil.com\/wp-content\/uploads\/F23-Col\u00f2nia-St-Corneli.jpg 800w, https:\/\/www.elturistatranquil.com\/wp-content\/uploads\/F23-Col\u00f2nia-St-Corneli-768x512.jpg 768w\" sizes=\"(max-width: 800px) 100vw, 800px\" \/>\t\t\t\t\t\t\t\t\t\t\t\t\t\t\t<\/div>\n\t\t\t\t<\/div>\n\t\t\t\t<div class=\"elementor-element elementor-element-597bc2b5 elementor-widget elementor-widget-image\" data-id=\"597bc2b5\" data-element_type=\"widget\" data-e-type=\"widget\" data-widget_type=\"image.default\">\n\t\t\t\t<div class=\"elementor-widget-container\">\n\t\t\t\t\t\t\t\t\t\t\t\t\t\t\t<img loading=\"lazy\" decoding=\"async\" width=\"800\" height=\"533\" src=\"https:\/\/www.elturistatranquil.com\/wp-content\/uploads\/F24-Col\u00f2nia-St-Corneli.jpg\" class=\"attachment-large size-large wp-image-3523\" alt=\"Col\u00f2nia Sant Corneli\" srcset=\"https:\/\/www.elturistatranquil.com\/wp-content\/uploads\/F24-Col\u00f2nia-St-Corneli.jpg 800w, https:\/\/www.elturistatranquil.com\/wp-content\/uploads\/F24-Col\u00f2nia-St-Corneli-768x512.jpg 768w\" sizes=\"(max-width: 800px) 100vw, 800px\" \/>\t\t\t\t\t\t\t\t\t\t\t\t\t\t\t<\/div>\n\t\t\t\t<\/div>\n\t\t\t\t<div class=\"elementor-element elementor-element-6cb4ec32 elementor-widget elementor-widget-image\" data-id=\"6cb4ec32\" data-element_type=\"widget\" data-e-type=\"widget\" data-widget_type=\"image.default\">\n\t\t\t\t<div class=\"elementor-widget-container\">\n\t\t\t\t\t\t\t\t\t\t\t\t\t\t\t<img loading=\"lazy\" decoding=\"async\" width=\"800\" height=\"533\" src=\"https:\/\/www.elturistatranquil.com\/wp-content\/uploads\/F25-Col\u00f2nia-St-Corneli.jpg\" class=\"attachment-large size-large wp-image-3524\" alt=\"Col\u00f2nia Sant Corneli\" srcset=\"https:\/\/www.elturistatranquil.com\/wp-content\/uploads\/F25-Col\u00f2nia-St-Corneli.jpg 800w, https:\/\/www.elturistatranquil.com\/wp-content\/uploads\/F25-Col\u00f2nia-St-Corneli-768x512.jpg 768w\" sizes=\"(max-width: 800px) 100vw, 800px\" \/>\t\t\t\t\t\t\t\t\t\t\t\t\t\t\t<\/div>\n\t\t\t\t<\/div>\n\t\t\t\t<div class=\"elementor-element elementor-element-34d6b19b elementor-widget elementor-widget-image\" data-id=\"34d6b19b\" data-element_type=\"widget\" data-e-type=\"widget\" data-widget_type=\"image.default\">\n\t\t\t\t<div class=\"elementor-widget-container\">\n\t\t\t\t\t\t\t\t\t\t\t\t\t\t\t<img loading=\"lazy\" decoding=\"async\" width=\"413\" height=\"550\" src=\"https:\/\/www.elturistatranquil.com\/wp-content\/uploads\/F26-Col\u00f2nia-St-Corneli.jpg\" class=\"attachment-large size-large wp-image-3525\" alt=\"Col\u00f2nia Sant Corneli\" \/>\t\t\t\t\t\t\t\t\t\t\t\t\t\t\t<\/div>\n\t\t\t\t<\/div>\n\t\t\t\t<div class=\"elementor-element elementor-element-5d9f9908 elementor-widget elementor-widget-image\" data-id=\"5d9f9908\" data-element_type=\"widget\" data-e-type=\"widget\" data-widget_type=\"image.default\">\n\t\t\t\t<div class=\"elementor-widget-container\">\n\t\t\t\t\t\t\t\t\t\t\t\t<figure class=\"wp-caption\">\n\t\t\t\t\t\t\t\t\t\t<img loading=\"lazy\" decoding=\"async\" width=\"413\" height=\"550\" src=\"https:\/\/www.elturistatranquil.com\/wp-content\/uploads\/F27-Col\u00f2nia-St-Corneli.jpg\" class=\"attachment-large size-large wp-image-3526\" alt=\"Col\u00f2nia Sant Corneli\" \/>\t\t\t\t\t\t\t\t\t\t\t<figcaption class=\"widget-image-caption wp-caption-text\">Fotografies de la casa obrera mostra del Museu<\/figcaption>\n\t\t\t\t\t\t\t\t\t\t<\/figure>\n\t\t\t\t\t\t\t\t\t<\/div>\n\t\t\t\t<\/div>\n\t\t\t\t<div class=\"elementor-element elementor-element-1ea0f3f0 elementor-widget elementor-widget-menu-anchor\" data-id=\"1ea0f3f0\" data-element_type=\"widget\" data-e-type=\"widget\" data-widget_type=\"menu-anchor.default\">\n\t\t\t\t<div class=\"elementor-widget-container\">\n\t\t\t\t\t\t\t<div class=\"elementor-menu-anchor\" id=\"b1116\"><\/div>\n\t\t\t\t\t\t<\/div>\n\t\t\t\t<\/div>\n\t\t\t\t<div class=\"elementor-element elementor-element-150db022 elementor-widget elementor-widget-text-editor\" data-id=\"150db022\" data-element_type=\"widget\" data-e-type=\"widget\" data-widget_type=\"text-editor.default\">\n\t\t\t\t<div class=\"elementor-widget-container\">\n\t\t\t\t\t\t\t\t\t<p>Un fet important a la vida d\u2019una col\u00f2nia \u00e9s que l\u2019habitatge nom\u00e9s pot ser ocupat per la fam\u00edlia si algun membre treballa en ella.<\/p><p>Un altre aspecte est\u00e0 relacionat amb l\u2019abs\u00e8ncia d\u2019altres possibilitats laborals que s\u2019ofereixen a la dona, als fills i als avis de les fam\u00edlies. Aquest fet comporta que es vegin abocats a treballar tamb\u00e9 a la mina en activitats a l\u2019exterior. Ja he parlat de les condicions de treball d\u2019aquestes persones que, de fet es veuen abocades al treball obligat\u00f2riament a la pr\u00e0ctica. L\u2019escolaritat s\u2019acabaria a partir del moment en que els nois poguessin integrar-se a alguna feina.<\/p>\t\t\t\t\t\t\t\t<\/div>\n\t\t\t\t<\/div>\n\t\t\t\t<div class=\"elementor-element elementor-element-1e941c31 elementor-widget elementor-widget-heading\" data-id=\"1e941c31\" data-element_type=\"widget\" data-e-type=\"widget\" data-widget_type=\"heading.default\">\n\t\t\t\t<div class=\"elementor-widget-container\">\n\t\t\t\t\t<h3 class=\"elementor-heading-title elementor-size-default\">Serveis per l\u2019autosufici\u00e8ncia de la Col\u00f2nia<\/h3>\t\t\t\t<\/div>\n\t\t\t\t<\/div>\n\t\t\t\t<div class=\"elementor-element elementor-element-7c5c46e5 elementor-widget elementor-widget-text-editor\" data-id=\"7c5c46e5\" data-element_type=\"widget\" data-e-type=\"widget\" data-widget_type=\"text-editor.default\">\n\t\t\t\t<div class=\"elementor-widget-container\">\n\t\t\t\t\t\t\t\t\t<p>Per fer-ne de la Col\u00f2nia un veritable poble s\u2019hi van construir: l\u2019Esgl\u00e9sia de Sant Corneli i rectoria, una escola regida per monges, economat amb tenda de queviures, la carnisseria i el forn de pa, safareig p\u00fablic, cine-teatre, i horts a disposici\u00f3 dels miners.<\/p><p>Cal tenir en compte que la propietat de tots els serveis corresponia a l\u2019amo i l\u2019empresa, amb el que el <em>quasi feudalisme<\/em> era absolut.<\/p>\t\t\t\t\t\t\t\t<\/div>\n\t\t\t\t<\/div>\n\t\t\t\t<div class=\"elementor-element elementor-element-11da5774 elementor-widget elementor-widget-image\" data-id=\"11da5774\" data-element_type=\"widget\" data-e-type=\"widget\" data-widget_type=\"image.default\">\n\t\t\t\t<div class=\"elementor-widget-container\">\n\t\t\t\t\t\t\t\t\t\t\t\t<figure class=\"wp-caption\">\n\t\t\t\t\t\t\t\t\t\t<img loading=\"lazy\" decoding=\"async\" width=\"800\" height=\"533\" src=\"https:\/\/www.elturistatranquil.com\/wp-content\/uploads\/F28-Esgl\u00e9sia-de-la-col\u00f2nia-minera-de-Sant-Corneli.jpg\" class=\"attachment-large size-large wp-image-3888\" alt=\"Esgl\u00e9sia de la col\u00f2nia minera de Sant Corneli\" srcset=\"https:\/\/www.elturistatranquil.com\/wp-content\/uploads\/F28-Esgl\u00e9sia-de-la-col\u00f2nia-minera-de-Sant-Corneli.jpg 800w, https:\/\/www.elturistatranquil.com\/wp-content\/uploads\/F28-Esgl\u00e9sia-de-la-col\u00f2nia-minera-de-Sant-Corneli-768x512.jpg 768w\" sizes=\"(max-width: 800px) 100vw, 800px\" \/>\t\t\t\t\t\t\t\t\t\t\t<figcaption class=\"widget-image-caption wp-caption-text\">Esgl\u00e9sia de Sant Corneli<\/figcaption>\n\t\t\t\t\t\t\t\t\t\t<\/figure>\n\t\t\t\t\t\t\t\t\t<\/div>\n\t\t\t\t<\/div>\n\t\t\t\t<div class=\"elementor-element elementor-element-5885f335 elementor-widget elementor-widget-image\" data-id=\"5885f335\" data-element_type=\"widget\" data-e-type=\"widget\" data-widget_type=\"image.default\">\n\t\t\t\t<div class=\"elementor-widget-container\">\n\t\t\t\t\t\t\t\t\t\t\t\t<figure class=\"wp-caption\">\n\t\t\t\t\t\t\t\t\t\t<img loading=\"lazy\" decoding=\"async\" width=\"800\" height=\"533\" src=\"https:\/\/www.elturistatranquil.com\/wp-content\/uploads\/F29-Representaci\u00f3-de-lescola-al-Museud-Cercs.jpg\" class=\"attachment-large size-large wp-image-3528\" alt=\"Representaci\u00f3 de l&#039;escola al Museu de Cercs\" srcset=\"https:\/\/www.elturistatranquil.com\/wp-content\/uploads\/F29-Representaci\u00f3-de-lescola-al-Museud-Cercs.jpg 800w, https:\/\/www.elturistatranquil.com\/wp-content\/uploads\/F29-Representaci\u00f3-de-lescola-al-Museud-Cercs-768x512.jpg 768w\" sizes=\"(max-width: 800px) 100vw, 800px\" \/>\t\t\t\t\t\t\t\t\t\t\t<figcaption class=\"widget-image-caption wp-caption-text\">Representaci\u00f3 de l\u2019escola al Museu<\/figcaption>\n\t\t\t\t\t\t\t\t\t\t<\/figure>\n\t\t\t\t\t\t\t\t\t<\/div>\n\t\t\t\t<\/div>\n\t\t\t\t<div class=\"elementor-element elementor-element-28ba27e3 elementor-widget elementor-widget-menu-anchor\" data-id=\"28ba27e3\" data-element_type=\"widget\" data-e-type=\"widget\" data-widget_type=\"menu-anchor.default\">\n\t\t\t\t<div class=\"elementor-widget-container\">\n\t\t\t\t\t\t\t<div class=\"elementor-menu-anchor\" id=\"b1117\"><\/div>\n\t\t\t\t\t\t<\/div>\n\t\t\t\t<\/div>\n\t\t\t\t<div class=\"elementor-element elementor-element-78b85610 elementor-widget elementor-widget-image\" data-id=\"78b85610\" data-element_type=\"widget\" data-e-type=\"widget\" data-widget_type=\"image.default\">\n\t\t\t\t<div class=\"elementor-widget-container\">\n\t\t\t\t\t\t\t\t\t\t\t\t<figure class=\"wp-caption\">\n\t\t\t\t\t\t\t\t\t\t<img loading=\"lazy\" decoding=\"async\" width=\"800\" height=\"533\" src=\"https:\/\/www.elturistatranquil.com\/wp-content\/uploads\/F30-Col\u00f2nia-St-Corneli.jpg\" class=\"attachment-large size-large wp-image-3529\" alt=\"\" srcset=\"https:\/\/www.elturistatranquil.com\/wp-content\/uploads\/F30-Col\u00f2nia-St-Corneli.jpg 800w, https:\/\/www.elturistatranquil.com\/wp-content\/uploads\/F30-Col\u00f2nia-St-Corneli-768x512.jpg 768w\" sizes=\"(max-width: 800px) 100vw, 800px\" \/>\t\t\t\t\t\t\t\t\t\t\t<figcaption class=\"widget-image-caption wp-caption-text\">A l'esquerra l'edifici m\u00e9s baix era l\u2019economat. A la dreta l'edifici del cine-teatre<\/figcaption>\n\t\t\t\t\t\t\t\t\t\t<\/figure>\n\t\t\t\t\t\t\t\t\t<\/div>\n\t\t\t\t<\/div>\n\t\t\t\t<div class=\"elementor-element elementor-element-4e630f39 elementor-widget elementor-widget-heading\" data-id=\"4e630f39\" data-element_type=\"widget\" data-e-type=\"widget\" data-widget_type=\"heading.default\">\n\t\t\t\t<div class=\"elementor-widget-container\">\n\t\t\t\t\t<h2 class=\"elementor-heading-title elementor-size-default\">Fi de la visita<\/h2>\t\t\t\t<\/div>\n\t\t\t\t<\/div>\n\t\t\t\t<div class=\"elementor-element elementor-element-1f4f2be2 elementor-widget elementor-widget-menu-anchor\" data-id=\"1f4f2be2\" data-element_type=\"widget\" data-e-type=\"widget\" data-widget_type=\"menu-anchor.default\">\n\t\t\t\t<div class=\"elementor-widget-container\">\n\t\t\t\t\t\t\t<div class=\"elementor-menu-anchor\" id=\"b1118\"><\/div>\n\t\t\t\t\t\t<\/div>\n\t\t\t\t<\/div>\n\t\t\t\t<div class=\"elementor-element elementor-element-2057aba1 elementor-widget elementor-widget-text-editor\" data-id=\"2057aba1\" data-element_type=\"widget\" data-e-type=\"widget\" data-widget_type=\"text-editor.default\">\n\t\t\t\t<div class=\"elementor-widget-container\">\n\t\t\t\t\t\t\t\t\t<p>D\u2019aquesta visita en destacar\u00edem dos aspectes. D\u2019una banda,\u00a0 el con\u00e8ixer un tipus d\u2019activitat productiva molt arrelada a un territori com \u00e9s una explotaci\u00f3 minera, amb la constataci\u00f3 de la precarietat i duresa dels treballs relacionats amb la mineria.<\/p><p>D\u2019altre, un model d\u2019assentament hum\u00e0 que pel seu a\u00efllament configura una unitat de producci\u00f3-poblament en un regim quasi-feudal de vinculaci\u00f3 del treballador a la terra, en aquest cas a l\u2019habitatge, que \u00e9s propietat de l\u2019amo i del que ell nom\u00e9s en pot fer \u00fas en la mesura en que treballi a l\u2019explotaci\u00f3 minera. Aix\u00ed com de depend\u00e8ncia de l\u2019amo i l\u2019empresa en la resta de serveis quotidians. Model repetit al llarg de tots el rius industrials de Catalunya durant el segle XIX i quasi tot el segle XX.<\/p><p>Tindr\u00e9 ocasi\u00f3 de presentar altres exemples en posteriors <em>Post<\/em>.<\/p>\t\t\t\t\t\t\t\t<\/div>\n\t\t\t\t<\/div>\n\t\t\t\t<div class=\"elementor-element elementor-element-3227f43 elementor-widget elementor-widget-heading\" data-id=\"3227f43\" data-element_type=\"widget\" data-e-type=\"widget\" data-widget_type=\"heading.default\">\n\t\t\t\t<div class=\"elementor-widget-container\">\n\t\t\t\t\t<h2 class=\"elementor-heading-title elementor-size-default\">Bases d\u2019informaci\u00f3<\/h2>\t\t\t\t<\/div>\n\t\t\t\t<\/div>\n\t\t\t\t<div class=\"elementor-element elementor-element-200d34c3 elementor-widget elementor-widget-text-editor\" data-id=\"200d34c3\" data-element_type=\"widget\" data-e-type=\"widget\" data-widget_type=\"text-editor.default\">\n\t\t\t\t<div class=\"elementor-widget-container\">\n\t\t\t\t\t\t\t\t\t<p><strong>Webs<\/strong><\/p><p><a href=\"http:\/\/www.mmcercs.cat\/es\" target=\"_blank\" rel=\"noopener\">Mmcercs<\/a><\/p><p><a href=\"https:\/\/ca.wikipedia.org\/wiki\/Museu_de_les_Mines_de_Cercs\" target=\"_blank\" rel=\"noopener\">Wikipedia<\/a><\/p><p><a href=\"https:\/\/www.escapadarural.com\/que-hacer\/cercs\/museu-de-les-mines-de-cercs\" target=\"_blank\" rel=\"noopener\">Escapadarural<\/a><\/p><p><a href=\"http:\/\/mnactec.cat\/150elements\/index.php\/company\/mines-de-carbo-de-sant-corneli\/\" target=\"_blank\" rel=\"noopener\">Mnactec<\/a><\/p><p><strong>Webs academic<\/strong><\/p><p>Serra i Rot\u00e9s, Rosa, <a href=\"http:\/\/www.raco.cat\/index.php\/treballsscgeografia\/article\/viewFile\/156955\/208848\" target=\"_blank\" rel=\"noopener\"><em>Les col\u00f3n\u00edes mineres de Sant Corneli, Sant Josep i la Consolaci\u00f3 (Cercs, Bergueda)<\/em><\/a><\/p><p><strong>Publicaci\u00f3 impresa<\/strong><\/p><p>Serra i Rot\u00e9s, Rosa (1997) <em>Les Mines de Cercs<\/em>. (Quaderns de did\u00e0ctica i difusi\u00f3: 11), 23 pp.<\/p>\t\t\t\t\t\t\t\t<\/div>\n\t\t\t\t<\/div>\n\t\t\t\t<div class=\"elementor-element elementor-element-3c19e28e elementor-widget elementor-widget-text-editor\" data-id=\"3c19e28e\" data-element_type=\"widget\" data-e-type=\"widget\" data-widget_type=\"text-editor.default\">\n\t\t\t\t<div class=\"elementor-widget-container\">\n\t\t\t\t\t\t\t\t\t<p style=\"text-align: right;\">Enlla\u00e7 amb el <em>Post<\/em>: <a href=\"https:\/\/www.elturistatranquil.com\/ca\/els-casals-bergueda\/\" target=\"_blank\" rel=\"noopener\"><strong>Els Casals. Bergued\u00e0<\/strong><\/a><\/p>\t\t\t\t\t\t\t\t<\/div>\n\t\t\t\t<\/div>\n\t\t\t\t\t<\/div>\n\t\t<\/div>\n\t\t\t\t\t<\/div>\n\t\t<\/section>\n\t\t\t\t<section class=\"elementor-section elementor-top-section elementor-element elementor-element-322424a2 elementor-section-boxed elementor-section-height-default elementor-section-height-default\" data-id=\"322424a2\" data-element_type=\"section\" data-e-type=\"section\">\n\t\t\t\t\t\t<div class=\"elementor-container elementor-column-gap-default\">\n\t\t\t\t\t<div class=\"elementor-column elementor-col-100 elementor-top-column elementor-element elementor-element-40abc914\" data-id=\"40abc914\" data-element_type=\"column\" data-e-type=\"column\">\n\t\t\t<div class=\"elementor-widget-wrap elementor-element-populated\">\n\t\t\t\t\t\t<div class=\"elementor-element elementor-element-4d5b3c9 elementor-share-buttons--view-icon elementor-share-buttons--skin-minimal elementor-share-buttons--shape-circle elementor-grid-0 elementor-share-buttons--color-official elementor-widget elementor-widget-global elementor-global-398 elementor-widget-share-buttons\" data-id=\"4d5b3c9\" data-element_type=\"widget\" data-e-type=\"widget\" data-widget_type=\"share-buttons.default\">\n\t\t\t\t<div class=\"elementor-widget-container\">\n\t\t\t\t\t\t\t<div class=\"elementor-grid\" role=\"list\">\n\t\t\t\t\t\t\t\t<div class=\"elementor-grid-item\" role=\"listitem\">\n\t\t\t\t\t\t<div class=\"elementor-share-btn elementor-share-btn_facebook\" role=\"button\" tabindex=\"0\" aria-label=\"Compartici\u00f3 en facebook\">\n\t\t\t\t\t\t\t\t\t\t\t\t\t\t\t<span class=\"elementor-share-btn__icon\">\n\t\t\t\t\t\t\t\t<i class=\"fab fa-facebook\" aria-hidden=\"true\"><\/i>\t\t\t\t\t\t\t<\/span>\n\t\t\t\t\t\t\t\t\t\t\t\t\t\t\t\t\t\t\t\t<\/div>\n\t\t\t\t\t<\/div>\n\t\t\t\t\t\t\t\t\t<div class=\"elementor-grid-item\" role=\"listitem\">\n\t\t\t\t\t\t<div class=\"elementor-share-btn elementor-share-btn_twitter\" role=\"button\" tabindex=\"0\" aria-label=\"Compartici\u00f3 en twitter\">\n\t\t\t\t\t\t\t\t\t\t\t\t\t\t\t<span class=\"elementor-share-btn__icon\">\n\t\t\t\t\t\t\t\t<i class=\"fab fa-twitter\" aria-hidden=\"true\"><\/i>\t\t\t\t\t\t\t<\/span>\n\t\t\t\t\t\t\t\t\t\t\t\t\t\t\t\t\t\t\t\t<\/div>\n\t\t\t\t\t<\/div>\n\t\t\t\t\t\t\t\t\t<div class=\"elementor-grid-item\" role=\"listitem\">\n\t\t\t\t\t\t<div class=\"elementor-share-btn elementor-share-btn_pinterest\" role=\"button\" tabindex=\"0\" aria-label=\"Compartici\u00f3 en pinterest\">\n\t\t\t\t\t\t\t\t\t\t\t\t\t\t\t<span class=\"elementor-share-btn__icon\">\n\t\t\t\t\t\t\t\t<i class=\"fab fa-pinterest\" aria-hidden=\"true\"><\/i>\t\t\t\t\t\t\t<\/span>\n\t\t\t\t\t\t\t\t\t\t\t\t\t\t\t\t\t\t\t\t<\/div>\n\t\t\t\t\t<\/div>\n\t\t\t\t\t\t\t\t\t<div class=\"elementor-grid-item\" role=\"listitem\">\n\t\t\t\t\t\t<div class=\"elementor-share-btn elementor-share-btn_whatsapp\" role=\"button\" tabindex=\"0\" aria-label=\"Compartici\u00f3 en whatsapp\">\n\t\t\t\t\t\t\t\t\t\t\t\t\t\t\t<span class=\"elementor-share-btn__icon\">\n\t\t\t\t\t\t\t\t<i class=\"fab fa-whatsapp\" aria-hidden=\"true\"><\/i>\t\t\t\t\t\t\t<\/span>\n\t\t\t\t\t\t\t\t\t\t\t\t\t\t\t\t\t\t\t\t<\/div>\n\t\t\t\t\t<\/div>\n\t\t\t\t\t\t\t\t\t<div class=\"elementor-grid-item\" role=\"listitem\">\n\t\t\t\t\t\t<div class=\"elementor-share-btn elementor-share-btn_email\" role=\"button\" tabindex=\"0\" aria-label=\"Compartici\u00f3 en email\">\n\t\t\t\t\t\t\t\t\t\t\t\t\t\t\t<span class=\"elementor-share-btn__icon\">\n\t\t\t\t\t\t\t\t<i class=\"fas fa-envelope\" aria-hidden=\"true\"><\/i>\t\t\t\t\t\t\t<\/span>\n\t\t\t\t\t\t\t\t\t\t\t\t\t\t\t\t\t\t\t\t<\/div>\n\t\t\t\t\t<\/div>\n\t\t\t\t\t\t<\/div>\n\t\t\t\t\t\t<\/div>\n\t\t\t\t<\/div>\n\t\t\t\t\t<\/div>\n\t\t<\/div>\n\t\t\t\t\t<\/div>\n\t\t<\/section>\n\t\t\t\t<\/div>\n\t\t","protected":false},"excerpt":{"rendered":"<p>Al Museu de les Mines de Cercs podrem apropar-nos al dur treball del miner i a les seves condicions de vida per mitja d\u2019una Exposici\u00f3 muse\u00edstica, la visita a una &#8230; <a title=\"Museu de les Mines de Cercs (Barcelona)\" class=\"read-more\" href=\"https:\/\/www.elturistatranquil.com\/ca\/museu-de-les-mines-de-cercs\/\" aria-label=\"M\u00e9s informaci\u00f3 sobre Museu de les Mines de Cercs (Barcelona)\">[ &#8230; ]<\/a><\/p>\n","protected":false},"author":1,"featured_media":3493,"comment_status":"open","ping_status":"closed","sticky":false,"template":"","format":"standard","meta":{"footnotes":""},"categories":[70,249,73,83,87,92,69,99,106,107],"tags":[],"class_list":["post-3538","post","type-post","status-publish","format-standard","has-post-thumbnail","hentry","category-arquitectura-civil-ca","category-assentments-programats","category-barcelona-ca","category-historia-ca","category-joies-al-territori","category-museus","category-arqueologia-industrial-ca","category-poble","category-segle-xviii-xix","category-segle-xx-xxi","infinite-scroll-item","generate-columns","tablet-grid-50","mobile-grid-100","grid-parent","grid-50","no-featured-image-padding"],"yoast_head":"<!-- This site is optimized with the Yoast SEO plugin v27.4 - https:\/\/yoast.com\/product\/yoast-seo-wordpress\/ -->\n<title>Museu de les Mines de Cercs (Barcelona) - El turista tranquil<\/title>\n<meta name=\"description\" content=\"Al Museu de les Mines de Cercs podrem apropar-nos al dur treball del miner i a les seves condicions de vida per mitja d\u2019una Exposici\u00f3 muse\u00edstica, la visita a una galeria de la mina amb escenificacions i un passeig per la Col\u00f2nia.\" \/>\n<meta name=\"robots\" content=\"index, follow, max-snippet:-1, max-image-preview:large, max-video-preview:-1\" \/>\n<link rel=\"canonical\" href=\"https:\/\/www.elturistatranquil.com\/ca\/museu-de-les-mines-de-cercs\/\" \/>\n<meta property=\"og:locale\" content=\"ca_ES\" \/>\n<meta property=\"og:type\" content=\"article\" \/>\n<meta property=\"og:title\" content=\"Museu de les Mines de Cercs (Barcelona) - El turista tranquil\" \/>\n<meta property=\"og:description\" content=\"Al Museu de les Mines de Cercs podrem apropar-nos al dur treball del miner i a les seves condicions de vida per mitja d\u2019una Exposici\u00f3 muse\u00edstica, la visita a una galeria de la mina amb escenificacions i un passeig per la Col\u00f2nia.\" \/>\n<meta property=\"og:url\" content=\"https:\/\/www.elturistatranquil.com\/ca\/museu-de-les-mines-de-cercs\/\" \/>\n<meta property=\"og:site_name\" content=\"El turista tranquil\" \/>\n<meta property=\"article:publisher\" content=\"https:\/\/www.facebook.com\/elturistatranquilo\/\" \/>\n<meta property=\"article:published_time\" content=\"2018-05-17T18:39:39+00:00\" \/>\n<meta property=\"article:modified_time\" content=\"2020-06-18T09:38:12+00:00\" \/>\n<meta property=\"og:image\" content=\"https:\/\/www.elturistatranquil.com\/wp-content\/uploads\/F00-IMG_4353.jpg\" \/>\n\t<meta property=\"og:image:width\" content=\"800\" \/>\n\t<meta property=\"og:image:height\" content=\"533\" \/>\n\t<meta property=\"og:image:type\" content=\"image\/jpeg\" \/>\n<meta name=\"author\" content=\"admin\" \/>\n<meta name=\"twitter:card\" content=\"summary_large_image\" \/>\n<meta name=\"twitter:label1\" content=\"Escrit per\" \/>\n\t<meta name=\"twitter:data1\" content=\"admin\" \/>\n\t<meta name=\"twitter:label2\" content=\"Temps estimat de lectura\" \/>\n\t<meta name=\"twitter:data2\" content=\"18 minuts\" \/>\n<script type=\"application\/ld+json\" class=\"yoast-schema-graph\">{\"@context\":\"https:\\\/\\\/schema.org\",\"@graph\":[{\"@type\":\"Article\",\"@id\":\"https:\\\/\\\/www.elturistatranquil.com\\\/ca\\\/museu-de-les-mines-de-cercs\\\/#article\",\"isPartOf\":{\"@id\":\"https:\\\/\\\/www.elturistatranquil.com\\\/ca\\\/museu-de-les-mines-de-cercs\\\/\"},\"author\":{\"name\":\"admin\",\"@id\":\"https:\\\/\\\/www.elturistatranquil.com\\\/ca\\\/#\\\/schema\\\/person\\\/16f607c3079b96ed0c530a52e6b58bb5\"},\"headline\":\"Museu de les Mines de Cercs (Barcelona)\",\"datePublished\":\"2018-05-17T18:39:39+00:00\",\"dateModified\":\"2020-06-18T09:38:12+00:00\",\"mainEntityOfPage\":{\"@id\":\"https:\\\/\\\/www.elturistatranquil.com\\\/ca\\\/museu-de-les-mines-de-cercs\\\/\"},\"wordCount\":3667,\"commentCount\":0,\"image\":{\"@id\":\"https:\\\/\\\/www.elturistatranquil.com\\\/ca\\\/museu-de-les-mines-de-cercs\\\/#primaryimage\"},\"thumbnailUrl\":\"https:\\\/\\\/www.elturistatranquil.com\\\/wp-content\\\/uploads\\\/F00-IMG_4353.jpg\",\"articleSection\":[\"Arquitectura civil\",\"Assentaments programats\",\"Barcelona\",\"Hist\u00f2ria\",\"Joies al territori\",\"Museus\",\"Patrimoni econ\u00f2mic\\\/productiu\",\"Poble\",\"Segle XVIII-XIX\",\"Segle XX-XXI\"],\"inLanguage\":\"ca\",\"potentialAction\":[{\"@type\":\"CommentAction\",\"name\":\"Comment\",\"target\":[\"https:\\\/\\\/www.elturistatranquil.com\\\/ca\\\/museu-de-les-mines-de-cercs\\\/#respond\"]}]},{\"@type\":\"WebPage\",\"@id\":\"https:\\\/\\\/www.elturistatranquil.com\\\/ca\\\/museu-de-les-mines-de-cercs\\\/\",\"url\":\"https:\\\/\\\/www.elturistatranquil.com\\\/ca\\\/museu-de-les-mines-de-cercs\\\/\",\"name\":\"Museu de les Mines de Cercs (Barcelona) - El turista tranquil\",\"isPartOf\":{\"@id\":\"https:\\\/\\\/www.elturistatranquil.com\\\/ca\\\/#website\"},\"primaryImageOfPage\":{\"@id\":\"https:\\\/\\\/www.elturistatranquil.com\\\/ca\\\/museu-de-les-mines-de-cercs\\\/#primaryimage\"},\"image\":{\"@id\":\"https:\\\/\\\/www.elturistatranquil.com\\\/ca\\\/museu-de-les-mines-de-cercs\\\/#primaryimage\"},\"thumbnailUrl\":\"https:\\\/\\\/www.elturistatranquil.com\\\/wp-content\\\/uploads\\\/F00-IMG_4353.jpg\",\"datePublished\":\"2018-05-17T18:39:39+00:00\",\"dateModified\":\"2020-06-18T09:38:12+00:00\",\"author\":{\"@id\":\"https:\\\/\\\/www.elturistatranquil.com\\\/ca\\\/#\\\/schema\\\/person\\\/16f607c3079b96ed0c530a52e6b58bb5\"},\"description\":\"Al Museu de les Mines de Cercs podrem apropar-nos al dur treball del miner i a les seves condicions de vida per mitja d\u2019una Exposici\u00f3 muse\u00edstica, la visita a una galeria de la mina amb escenificacions i un passeig per la Col\u00f2nia.\",\"breadcrumb\":{\"@id\":\"https:\\\/\\\/www.elturistatranquil.com\\\/ca\\\/museu-de-les-mines-de-cercs\\\/#breadcrumb\"},\"inLanguage\":\"ca\",\"potentialAction\":[{\"@type\":\"ReadAction\",\"target\":[\"https:\\\/\\\/www.elturistatranquil.com\\\/ca\\\/museu-de-les-mines-de-cercs\\\/\"]}]},{\"@type\":\"ImageObject\",\"inLanguage\":\"ca\",\"@id\":\"https:\\\/\\\/www.elturistatranquil.com\\\/ca\\\/museu-de-les-mines-de-cercs\\\/#primaryimage\",\"url\":\"https:\\\/\\\/www.elturistatranquil.com\\\/wp-content\\\/uploads\\\/F00-IMG_4353.jpg\",\"contentUrl\":\"https:\\\/\\\/www.elturistatranquil.com\\\/wp-content\\\/uploads\\\/F00-IMG_4353.jpg\",\"width\":800,\"height\":533},{\"@type\":\"BreadcrumbList\",\"@id\":\"https:\\\/\\\/www.elturistatranquil.com\\\/ca\\\/museu-de-les-mines-de-cercs\\\/#breadcrumb\",\"itemListElement\":[{\"@type\":\"ListItem\",\"position\":1,\"name\":\"Portada\",\"item\":\"https:\\\/\\\/www.elturistatranquil.com\\\/ca\\\/\"},{\"@type\":\"ListItem\",\"position\":2,\"name\":\"Museu de les Mines de Cercs (Barcelona)\"}]},{\"@type\":\"WebSite\",\"@id\":\"https:\\\/\\\/www.elturistatranquil.com\\\/ca\\\/#website\",\"url\":\"https:\\\/\\\/www.elturistatranquil.com\\\/ca\\\/\",\"name\":\"El turista tranquil\",\"description\":\"Blog de viatges\",\"potentialAction\":[{\"@type\":\"SearchAction\",\"target\":{\"@type\":\"EntryPoint\",\"urlTemplate\":\"https:\\\/\\\/www.elturistatranquil.com\\\/ca\\\/?s={search_term_string}\"},\"query-input\":{\"@type\":\"PropertyValueSpecification\",\"valueRequired\":true,\"valueName\":\"search_term_string\"}}],\"inLanguage\":\"ca\"},{\"@type\":\"Person\",\"@id\":\"https:\\\/\\\/www.elturistatranquil.com\\\/ca\\\/#\\\/schema\\\/person\\\/16f607c3079b96ed0c530a52e6b58bb5\",\"name\":\"admin\",\"image\":{\"@type\":\"ImageObject\",\"inLanguage\":\"ca\",\"@id\":\"https:\\\/\\\/secure.gravatar.com\\\/avatar\\\/1fbaf22aee75fcbb29a2f97b107f95d25d3a19b7c3416105be10269872673e8d?s=96&d=mm&r=g\",\"url\":\"https:\\\/\\\/secure.gravatar.com\\\/avatar\\\/1fbaf22aee75fcbb29a2f97b107f95d25d3a19b7c3416105be10269872673e8d?s=96&d=mm&r=g\",\"contentUrl\":\"https:\\\/\\\/secure.gravatar.com\\\/avatar\\\/1fbaf22aee75fcbb29a2f97b107f95d25d3a19b7c3416105be10269872673e8d?s=96&d=mm&r=g\",\"caption\":\"admin\"}}]}<\/script>\n<!-- \/ Yoast SEO plugin. -->","yoast_head_json":{"title":"Museu de les Mines de Cercs (Barcelona) - El turista tranquil","description":"Al Museu de les Mines de Cercs podrem apropar-nos al dur treball del miner i a les seves condicions de vida per mitja d\u2019una Exposici\u00f3 muse\u00edstica, la visita a una galeria de la mina amb escenificacions i un passeig per la Col\u00f2nia.","robots":{"index":"index","follow":"follow","max-snippet":"max-snippet:-1","max-image-preview":"max-image-preview:large","max-video-preview":"max-video-preview:-1"},"canonical":"https:\/\/www.elturistatranquil.com\/ca\/museu-de-les-mines-de-cercs\/","og_locale":"ca_ES","og_type":"article","og_title":"Museu de les Mines de Cercs (Barcelona) - El turista tranquil","og_description":"Al Museu de les Mines de Cercs podrem apropar-nos al dur treball del miner i a les seves condicions de vida per mitja d\u2019una Exposici\u00f3 muse\u00edstica, la visita a una galeria de la mina amb escenificacions i un passeig per la Col\u00f2nia.","og_url":"https:\/\/www.elturistatranquil.com\/ca\/museu-de-les-mines-de-cercs\/","og_site_name":"El turista tranquil","article_publisher":"https:\/\/www.facebook.com\/elturistatranquilo\/","article_published_time":"2018-05-17T18:39:39+00:00","article_modified_time":"2020-06-18T09:38:12+00:00","og_image":[{"width":800,"height":533,"url":"https:\/\/www.elturistatranquil.com\/wp-content\/uploads\/F00-IMG_4353.jpg","type":"image\/jpeg"}],"author":"admin","twitter_card":"summary_large_image","twitter_misc":{"Escrit per":"admin","Temps estimat de lectura":"18 minuts"},"schema":{"@context":"https:\/\/schema.org","@graph":[{"@type":"Article","@id":"https:\/\/www.elturistatranquil.com\/ca\/museu-de-les-mines-de-cercs\/#article","isPartOf":{"@id":"https:\/\/www.elturistatranquil.com\/ca\/museu-de-les-mines-de-cercs\/"},"author":{"name":"admin","@id":"https:\/\/www.elturistatranquil.com\/ca\/#\/schema\/person\/16f607c3079b96ed0c530a52e6b58bb5"},"headline":"Museu de les Mines de Cercs (Barcelona)","datePublished":"2018-05-17T18:39:39+00:00","dateModified":"2020-06-18T09:38:12+00:00","mainEntityOfPage":{"@id":"https:\/\/www.elturistatranquil.com\/ca\/museu-de-les-mines-de-cercs\/"},"wordCount":3667,"commentCount":0,"image":{"@id":"https:\/\/www.elturistatranquil.com\/ca\/museu-de-les-mines-de-cercs\/#primaryimage"},"thumbnailUrl":"https:\/\/www.elturistatranquil.com\/wp-content\/uploads\/F00-IMG_4353.jpg","articleSection":["Arquitectura civil","Assentaments programats","Barcelona","Hist\u00f2ria","Joies al territori","Museus","Patrimoni econ\u00f2mic\/productiu","Poble","Segle XVIII-XIX","Segle XX-XXI"],"inLanguage":"ca","potentialAction":[{"@type":"CommentAction","name":"Comment","target":["https:\/\/www.elturistatranquil.com\/ca\/museu-de-les-mines-de-cercs\/#respond"]}]},{"@type":"WebPage","@id":"https:\/\/www.elturistatranquil.com\/ca\/museu-de-les-mines-de-cercs\/","url":"https:\/\/www.elturistatranquil.com\/ca\/museu-de-les-mines-de-cercs\/","name":"Museu de les Mines de Cercs (Barcelona) - El turista tranquil","isPartOf":{"@id":"https:\/\/www.elturistatranquil.com\/ca\/#website"},"primaryImageOfPage":{"@id":"https:\/\/www.elturistatranquil.com\/ca\/museu-de-les-mines-de-cercs\/#primaryimage"},"image":{"@id":"https:\/\/www.elturistatranquil.com\/ca\/museu-de-les-mines-de-cercs\/#primaryimage"},"thumbnailUrl":"https:\/\/www.elturistatranquil.com\/wp-content\/uploads\/F00-IMG_4353.jpg","datePublished":"2018-05-17T18:39:39+00:00","dateModified":"2020-06-18T09:38:12+00:00","author":{"@id":"https:\/\/www.elturistatranquil.com\/ca\/#\/schema\/person\/16f607c3079b96ed0c530a52e6b58bb5"},"description":"Al Museu de les Mines de Cercs podrem apropar-nos al dur treball del miner i a les seves condicions de vida per mitja d\u2019una Exposici\u00f3 muse\u00edstica, la visita a una galeria de la mina amb escenificacions i un passeig per la Col\u00f2nia.","breadcrumb":{"@id":"https:\/\/www.elturistatranquil.com\/ca\/museu-de-les-mines-de-cercs\/#breadcrumb"},"inLanguage":"ca","potentialAction":[{"@type":"ReadAction","target":["https:\/\/www.elturistatranquil.com\/ca\/museu-de-les-mines-de-cercs\/"]}]},{"@type":"ImageObject","inLanguage":"ca","@id":"https:\/\/www.elturistatranquil.com\/ca\/museu-de-les-mines-de-cercs\/#primaryimage","url":"https:\/\/www.elturistatranquil.com\/wp-content\/uploads\/F00-IMG_4353.jpg","contentUrl":"https:\/\/www.elturistatranquil.com\/wp-content\/uploads\/F00-IMG_4353.jpg","width":800,"height":533},{"@type":"BreadcrumbList","@id":"https:\/\/www.elturistatranquil.com\/ca\/museu-de-les-mines-de-cercs\/#breadcrumb","itemListElement":[{"@type":"ListItem","position":1,"name":"Portada","item":"https:\/\/www.elturistatranquil.com\/ca\/"},{"@type":"ListItem","position":2,"name":"Museu de les Mines de Cercs (Barcelona)"}]},{"@type":"WebSite","@id":"https:\/\/www.elturistatranquil.com\/ca\/#website","url":"https:\/\/www.elturistatranquil.com\/ca\/","name":"El turista tranquil","description":"Blog de viatges","potentialAction":[{"@type":"SearchAction","target":{"@type":"EntryPoint","urlTemplate":"https:\/\/www.elturistatranquil.com\/ca\/?s={search_term_string}"},"query-input":{"@type":"PropertyValueSpecification","valueRequired":true,"valueName":"search_term_string"}}],"inLanguage":"ca"},{"@type":"Person","@id":"https:\/\/www.elturistatranquil.com\/ca\/#\/schema\/person\/16f607c3079b96ed0c530a52e6b58bb5","name":"admin","image":{"@type":"ImageObject","inLanguage":"ca","@id":"https:\/\/secure.gravatar.com\/avatar\/1fbaf22aee75fcbb29a2f97b107f95d25d3a19b7c3416105be10269872673e8d?s=96&d=mm&r=g","url":"https:\/\/secure.gravatar.com\/avatar\/1fbaf22aee75fcbb29a2f97b107f95d25d3a19b7c3416105be10269872673e8d?s=96&d=mm&r=g","contentUrl":"https:\/\/secure.gravatar.com\/avatar\/1fbaf22aee75fcbb29a2f97b107f95d25d3a19b7c3416105be10269872673e8d?s=96&d=mm&r=g","caption":"admin"}}]}},"_links":{"self":[{"href":"https:\/\/www.elturistatranquil.com\/ca\/wp-json\/wp\/v2\/posts\/3538","targetHints":{"allow":["GET"]}}],"collection":[{"href":"https:\/\/www.elturistatranquil.com\/ca\/wp-json\/wp\/v2\/posts"}],"about":[{"href":"https:\/\/www.elturistatranquil.com\/ca\/wp-json\/wp\/v2\/types\/post"}],"author":[{"embeddable":true,"href":"https:\/\/www.elturistatranquil.com\/ca\/wp-json\/wp\/v2\/users\/1"}],"replies":[{"embeddable":true,"href":"https:\/\/www.elturistatranquil.com\/ca\/wp-json\/wp\/v2\/comments?post=3538"}],"version-history":[{"count":1,"href":"https:\/\/www.elturistatranquil.com\/ca\/wp-json\/wp\/v2\/posts\/3538\/revisions"}],"predecessor-version":[{"id":31378,"href":"https:\/\/www.elturistatranquil.com\/ca\/wp-json\/wp\/v2\/posts\/3538\/revisions\/31378"}],"wp:featuredmedia":[{"embeddable":true,"href":"https:\/\/www.elturistatranquil.com\/ca\/wp-json\/wp\/v2\/media\/3493"}],"wp:attachment":[{"href":"https:\/\/www.elturistatranquil.com\/ca\/wp-json\/wp\/v2\/media?parent=3538"}],"wp:term":[{"taxonomy":"category","embeddable":true,"href":"https:\/\/www.elturistatranquil.com\/ca\/wp-json\/wp\/v2\/categories?post=3538"},{"taxonomy":"post_tag","embeddable":true,"href":"https:\/\/www.elturistatranquil.com\/ca\/wp-json\/wp\/v2\/tags?post=3538"}],"curies":[{"name":"wp","href":"https:\/\/api.w.org\/{rel}","templated":true}]}}