{"id":35455,"date":"2021-05-08T09:27:07","date_gmt":"2021-05-08T07:27:07","guid":{"rendered":"https:\/\/www.elturistatranquil.com\/?p=35455"},"modified":"2021-05-09T11:12:29","modified_gmt":"2021-05-09T09:12:29","slug":"esglesia-de-santiago-de-aguero-osca","status":"publish","type":"post","link":"https:\/\/www.elturistatranquil.com\/ca\/esglesia-de-santiago-de-aguero-osca\/","title":{"rendered":"Esgl\u00e9sia de Santiago de Ag\u00fcero (Osca)"},"content":{"rendered":"\t\t<div data-elementor-type=\"wp-post\" data-elementor-id=\"35455\" class=\"elementor elementor-35455 elementor-35271\" data-elementor-post-type=\"post\">\n\t\t\t\t\t\t<section class=\"elementor-section elementor-top-section elementor-element elementor-element-2d86d135 elementor-section-boxed elementor-section-height-default elementor-section-height-default\" data-id=\"2d86d135\" data-element_type=\"section\" data-e-type=\"section\">\n\t\t\t\t\t\t<div class=\"elementor-container elementor-column-gap-default\">\n\t\t\t\t\t<div class=\"elementor-column elementor-col-100 elementor-top-column elementor-element elementor-element-46ea0735\" data-id=\"46ea0735\" data-element_type=\"column\" data-e-type=\"column\">\n\t\t\t<div class=\"elementor-widget-wrap elementor-element-populated\">\n\t\t\t\t\t\t<section class=\"elementor-section elementor-inner-section elementor-element elementor-element-3c4b53f1 elementor-section-content-middle elementor-section-boxed elementor-section-height-default elementor-section-height-default\" data-id=\"3c4b53f1\" data-element_type=\"section\" data-e-type=\"section\">\n\t\t\t\t\t\t<div class=\"elementor-container elementor-column-gap-default\">\n\t\t\t\t\t<div class=\"elementor-column elementor-col-100 elementor-inner-column elementor-element elementor-element-59126be2\" data-id=\"59126be2\" data-element_type=\"column\" data-e-type=\"column\">\n\t\t\t<div class=\"elementor-widget-wrap elementor-element-populated\">\n\t\t\t\t\t\t<div class=\"elementor-element elementor-element-34dc7d9 elementor-widget elementor-widget-text-editor\" data-id=\"34dc7d9\" data-element_type=\"widget\" data-e-type=\"widget\" data-widget_type=\"text-editor.default\">\n\t\t\t\t<div class=\"elementor-widget-container\">\n\t\t\t\t\t\t\t\t\t<p><em>Esgl\u00e9sia de Santiago de Ag\u00fcero<\/em> (Osca), impressionant temple rom\u00e0nic aragon\u00e8s al mig del bosc, inacabat, i ple d&#8217;inc\u00f2gnites.<\/p>\t\t\t\t\t\t\t\t<\/div>\n\t\t\t\t<\/div>\n\t\t\t\t\t<\/div>\n\t\t<\/div>\n\t\t\t\t\t<\/div>\n\t\t<\/section>\n\t\t\t\t<div class=\"elementor-element elementor-element-5e9fd2a1 elementor-widget elementor-widget-heading\" data-id=\"5e9fd2a1\" data-element_type=\"widget\" data-e-type=\"widget\" data-widget_type=\"heading.default\">\n\t\t\t\t<div class=\"elementor-widget-container\">\n\t\t\t\t\t<h1 class=\"elementor-heading-title elementor-size-default\">Esgl\u00e9sia de Santiago de Ag\u00fcero (Osca) <\/h1>\t\t\t\t<\/div>\n\t\t\t\t<\/div>\n\t\t\t\t\t<\/div>\n\t\t<\/div>\n\t\t\t\t\t<\/div>\n\t\t<\/section>\n\t\t\t\t<section class=\"elementor-section elementor-top-section elementor-element elementor-element-36af731 elementor-section-boxed elementor-section-height-default elementor-section-height-default\" data-id=\"36af731\" data-element_type=\"section\" data-e-type=\"section\">\n\t\t\t\t\t\t<div class=\"elementor-container elementor-column-gap-default\">\n\t\t\t\t\t<div class=\"elementor-column elementor-col-100 elementor-top-column elementor-element elementor-element-58722bc8\" data-id=\"58722bc8\" data-element_type=\"column\" data-e-type=\"column\">\n\t\t\t<div class=\"elementor-widget-wrap elementor-element-populated\">\n\t\t\t\t\t\t<div class=\"elementor-element elementor-element-4c016763 elementor-widget elementor-widget-image\" data-id=\"4c016763\" data-element_type=\"widget\" data-e-type=\"widget\" data-widget_type=\"image.default\">\n\t\t\t\t<div class=\"elementor-widget-container\">\n\t\t\t\t\t\t\t\t\t\t\t\t<figure class=\"wp-caption\">\n\t\t\t\t\t\t\t\t\t\t<img fetchpriority=\"high\" decoding=\"async\" width=\"768\" height=\"512\" src=\"https:\/\/www.elturistatranquil.com\/wp-content\/uploads\/F01-Iglesia-de-Santiago-de-Aguero-Huesca-Google-earth-2021-04-22.jpg\" class=\"attachment-large size-large wp-image-35286\" alt=\"Iglesia de Santiago de Ag\u00fcero, Huesca (Google earth 2021-04-22)\" srcset=\"https:\/\/www.elturistatranquil.com\/wp-content\/uploads\/F01-Iglesia-de-Santiago-de-Aguero-Huesca-Google-earth-2021-04-22.jpg 768w, https:\/\/www.elturistatranquil.com\/wp-content\/uploads\/F01-Iglesia-de-Santiago-de-Aguero-Huesca-Google-earth-2021-04-22-339x226.jpg 339w\" sizes=\"(max-width: 768px) 100vw, 768px\" \/>\t\t\t\t\t\t\t\t\t\t\t<figcaption class=\"widget-image-caption wp-caption-text\">Esgl\u00e9sia de Santiago de Ag\u00fcero (Google earth 2021-04-22)<\/figcaption>\n\t\t\t\t\t\t\t\t\t\t<\/figure>\n\t\t\t\t\t\t\t\t\t<\/div>\n\t\t\t\t<\/div>\n\t\t\t\t<div class=\"elementor-element elementor-element-2d13060a elementor-widget elementor-widget-spacer\" data-id=\"2d13060a\" data-element_type=\"widget\" data-e-type=\"widget\" data-widget_type=\"spacer.default\">\n\t\t\t\t<div class=\"elementor-widget-container\">\n\t\t\t\t\t\t\t<div class=\"elementor-spacer\">\n\t\t\t<div class=\"elementor-spacer-inner\"><\/div>\n\t\t<\/div>\n\t\t\t\t\t\t<\/div>\n\t\t\t\t<\/div>\n\t\t\t\t<div class=\"elementor-element elementor-element-6cb6a9d0 elementor-widget elementor-widget-heading\" data-id=\"6cb6a9d0\" data-element_type=\"widget\" data-e-type=\"widget\" data-widget_type=\"heading.default\">\n\t\t\t\t<div class=\"elementor-widget-container\">\n\t\t\t\t\t<h2 class=\"elementor-heading-title elementor-size-default\">Esgl\u00e9sia de Santiago de Ag\u00fcero. Reino de los Mallos. Osca <\/h2>\t\t\t\t<\/div>\n\t\t\t\t<\/div>\n\t\t\t\t<section class=\"elementor-section elementor-inner-section elementor-element elementor-element-27739511 elementor-section-boxed elementor-section-height-default elementor-section-height-default\" data-id=\"27739511\" data-element_type=\"section\" data-e-type=\"section\" data-settings=\"{&quot;background_background&quot;:&quot;classic&quot;}\">\n\t\t\t\t\t\t\t<div class=\"elementor-background-overlay\"><\/div>\n\t\t\t\t\t\t\t<div class=\"elementor-container elementor-column-gap-default\">\n\t\t\t\t\t<div class=\"elementor-column elementor-col-100 elementor-inner-column elementor-element elementor-element-41e10778\" data-id=\"41e10778\" data-element_type=\"column\" data-e-type=\"column\" data-settings=\"{&quot;background_background&quot;:&quot;classic&quot;}\">\n\t\t\t<div class=\"elementor-widget-wrap elementor-element-populated\">\n\t\t\t\t\t\t<div class=\"elementor-element elementor-element-6cc2875b elementor-widget elementor-widget-text-editor\" data-id=\"6cc2875b\" data-element_type=\"widget\" data-e-type=\"widget\" data-widget_type=\"text-editor.default\">\n\t\t\t\t<div class=\"elementor-widget-container\">\n\t\t\t\t\t\t\t\t\t<p>Municipi: Ag\u00fcero. Comarca: Hoya de Huesca. Prov\u00edncia: Osca. Com. Aut\u00f2noma: Arag\u00f3<\/p><p>Coordenades: 42\u00b021\u203223\u2033N 0\u00b047\u203235\u2033O. Altitud: 696 msnm.<\/p><p>Web: <a href=\"https:\/\/turismo.hoyadehuesca.es\/el-reino-de-los-mallos\/turismo-cultural\/iglesia-de-santiago-de-agueero\" target=\"_blank\" rel=\"noopener\">turismohoyadehuesca<\/a><\/p><p>La clau de l&#8217;esgl\u00e9sia de Santiago de Ag\u00fcero est\u00e0 disponible des del mes de setembre fins al mes de juny a la resid\u00e8ncia de la tercera edat &#8220;Virgen del Llano&#8221;, al nucli urb\u00e0. A l&#8217;estiu obert, excepte els dilluns.<\/p><p>\u00c9s aconsellable anar prove\u00efts d&#8217;una llanterna per poder il\u00b7luminar els detalls constructius i escult\u00f2rics de l&#8217;interior.<\/p><p><em>B\u00e9 d&#8217;Inter\u00e8s Cultural: Monument<\/em><\/p><p>\u00daltima visita: 2019<\/p>\t\t\t\t\t\t\t\t<\/div>\n\t\t\t\t<\/div>\n\t\t\t\t\t<\/div>\n\t\t<\/div>\n\t\t\t\t\t<\/div>\n\t\t<\/section>\n\t\t\t\t<div class=\"elementor-element elementor-element-30234271 elementor-widget elementor-widget-image\" data-id=\"30234271\" data-element_type=\"widget\" data-e-type=\"widget\" data-widget_type=\"image.default\">\n\t\t\t\t<div class=\"elementor-widget-container\">\n\t\t\t\t\t\t\t\t\t\t\t\t<figure class=\"wp-caption\">\n\t\t\t\t\t\t\t\t\t\t<img decoding=\"async\" width=\"768\" height=\"512\" src=\"https:\/\/www.elturistatranquil.com\/wp-content\/uploads\/F02c-Iglesia-de-Santiago-de-Aguero-Huesca-Google-maps-2021-04-22-1.jpg\" class=\"attachment-medium_large size-medium_large wp-image-35499\" alt=\"Iglesia de Santiago de Ag\u00fcero, Huesca (Google maps 2021-04-22)\" srcset=\"https:\/\/www.elturistatranquil.com\/wp-content\/uploads\/F02c-Iglesia-de-Santiago-de-Aguero-Huesca-Google-maps-2021-04-22-1.jpg 768w, https:\/\/www.elturistatranquil.com\/wp-content\/uploads\/F02c-Iglesia-de-Santiago-de-Aguero-Huesca-Google-maps-2021-04-22-1-339x226.jpg 339w\" sizes=\"(max-width: 768px) 100vw, 768px\" \/>\t\t\t\t\t\t\t\t\t\t\t<figcaption class=\"widget-image-caption wp-caption-text\">Mapa de situaci\u00f3 de l\u2019esgl\u00e9sia de Santiago de Ag\u00fcero (Google maps 2021-04-22)<\/figcaption>\n\t\t\t\t\t\t\t\t\t\t<\/figure>\n\t\t\t\t\t\t\t\t\t<\/div>\n\t\t\t\t<\/div>\n\t\t\t\t<section class=\"elementor-section elementor-inner-section elementor-element elementor-element-51789c7e elementor-section-boxed elementor-section-height-default elementor-section-height-default\" data-id=\"51789c7e\" data-element_type=\"section\" data-e-type=\"section\" data-settings=\"{&quot;background_background&quot;:&quot;classic&quot;}\">\n\t\t\t\t\t\t<div class=\"elementor-container elementor-column-gap-default\">\n\t\t\t\t\t<div class=\"elementor-column elementor-col-100 elementor-inner-column elementor-element elementor-element-2487f82a\" data-id=\"2487f82a\" data-element_type=\"column\" data-e-type=\"column\">\n\t\t\t<div class=\"elementor-widget-wrap elementor-element-populated\">\n\t\t\t\t\t\t<div class=\"elementor-element elementor-element-57b6abf1 elementor-widget elementor-widget-text-editor\" data-id=\"57b6abf1\" data-element_type=\"widget\" data-e-type=\"widget\" data-widget_type=\"text-editor.default\">\n\t\t\t\t<div class=\"elementor-widget-container\">\n\t\t\t\t\t\t\t\t\t<p style=\"text-align: center;\"><strong>\u00cdndex<\/strong><\/p>\t\t\t\t\t\t\t\t<\/div>\n\t\t\t\t<\/div>\n\t\t\t\t<div class=\"elementor-element elementor-element-65ce3e32 elementor-widget elementor-widget-text-editor\" data-id=\"65ce3e32\" data-element_type=\"widget\" data-e-type=\"widget\" data-widget_type=\"text-editor.default\">\n\t\t\t\t<div class=\"elementor-widget-container\">\n\t\t\t\t\t\t\t\t\t<p><a href=\"https:\/\/www.elturistatranquil.com\/ca\/esglesia-de-santiago-de-aguero-osca\/#b5601\">Esgl\u00e9sia de Santiago de Ag\u00fcero. Regne dels Mallos. Osca<\/a><\/p><p><a href=\"https:\/\/www.elturistatranquil.com\/ca\/esglesia-de-santiago-de-aguero-osca\/#b5602\">Una mica d&#8217;hist\u00f2ria<\/a><\/p><p><a href=\"https:\/\/www.elturistatranquil.com\/ca\/esglesia-de-santiago-de-aguero-osca\/#b5603\">Descripci\u00f3 de l&#8217;esgl\u00e9sia de Santiago de Ag\u00fcero<\/a><\/p><p style=\"padding-left: 40px;\"><a href=\"https:\/\/www.elturistatranquil.com\/ca\/esglesia-de-santiago-de-aguero-osca\/#b5604\">Exterior del temple<\/a><\/p><p style=\"padding-left: 80px;\"><a href=\"https:\/\/www.elturistatranquil.com\/ca\/esglesia-de-santiago-de-aguero-osca\/#b5605\">La portalada<\/a><\/p><p style=\"padding-left: 40px;\"><a href=\"https:\/\/www.elturistatranquil.com\/ca\/esglesia-de-santiago-de-aguero-osca\/#b5606\">Interior del temple<\/a><\/p><p style=\"padding-left: 80px;\"><a href=\"https:\/\/www.elturistatranquil.com\/ca\/esglesia-de-santiago-de-aguero-osca\/#b5607\">Els absis<\/a><\/p><p style=\"padding-left: 80px;\"><a href=\"https:\/\/www.elturistatranquil.com\/ca\/esglesia-de-santiago-de-aguero-osca\/#b5608\">Tram de la nau constru\u00eft<\/a><\/p><p style=\"padding-left: 40px;\"><a href=\"https:\/\/www.elturistatranquil.com\/ca\/esglesia-de-santiago-de-aguero-osca\/#b5609\">Tancament de ponent<\/a><\/p><p><a href=\"https:\/\/www.elturistatranquil.com\/ca\/esglesia-de-santiago-de-aguero-osca\/#b5610\">Inter\u00e8s final<\/a><\/p><p><a href=\"https:\/\/www.elturistatranquil.com\/ca\/esglesia-de-santiago-de-aguero-osca\/#b5611\">Bases d&#8217;informaci\u00f3<\/a><\/p>\t\t\t\t\t\t\t\t<\/div>\n\t\t\t\t<\/div>\n\t\t\t\t\t<\/div>\n\t\t<\/div>\n\t\t\t\t\t<\/div>\n\t\t<\/section>\n\t\t\t\t<div class=\"elementor-element elementor-element-1907e2c9 elementor-widget elementor-widget-spacer\" data-id=\"1907e2c9\" data-element_type=\"widget\" data-e-type=\"widget\" data-widget_type=\"spacer.default\">\n\t\t\t\t<div class=\"elementor-widget-container\">\n\t\t\t\t\t\t\t<div class=\"elementor-spacer\">\n\t\t\t<div class=\"elementor-spacer-inner\"><\/div>\n\t\t<\/div>\n\t\t\t\t\t\t<\/div>\n\t\t\t\t<\/div>\n\t\t\t\t<div class=\"elementor-element elementor-element-2cb1cf5 elementor-widget elementor-widget-menu-anchor\" data-id=\"2cb1cf5\" data-element_type=\"widget\" data-e-type=\"widget\" data-widget_type=\"menu-anchor.default\">\n\t\t\t\t<div class=\"elementor-widget-container\">\n\t\t\t\t\t\t\t<div class=\"elementor-menu-anchor\" id=\"b5601\"><\/div>\n\t\t\t\t\t\t<\/div>\n\t\t\t\t<\/div>\n\t\t\t\t<div class=\"elementor-element elementor-element-214e99f0 elementor-widget elementor-widget-spacer\" data-id=\"214e99f0\" data-element_type=\"widget\" data-e-type=\"widget\" data-widget_type=\"spacer.default\">\n\t\t\t\t<div class=\"elementor-widget-container\">\n\t\t\t\t\t\t\t<div class=\"elementor-spacer\">\n\t\t\t<div class=\"elementor-spacer-inner\"><\/div>\n\t\t<\/div>\n\t\t\t\t\t\t<\/div>\n\t\t\t\t<\/div>\n\t\t\t\t<div class=\"elementor-element elementor-element-392ac85e elementor-widget elementor-widget-heading\" data-id=\"392ac85e\" data-element_type=\"widget\" data-e-type=\"widget\" data-widget_type=\"heading.default\">\n\t\t\t\t<div class=\"elementor-widget-container\">\n\t\t\t\t\t<h2 class=\"elementor-heading-title elementor-size-default\">Esgl\u00e9sia de Santiago de Ag\u00fcero. Reino de los Mallos. Osca <\/h2>\t\t\t\t<\/div>\n\t\t\t\t<\/div>\n\t\t\t\t<div class=\"elementor-element elementor-element-fc919ba elementor-widget elementor-widget-text-editor\" data-id=\"fc919ba\" data-element_type=\"widget\" data-e-type=\"widget\" data-widget_type=\"text-editor.default\">\n\t\t\t\t<div class=\"elementor-widget-container\">\n\t\t\t\t\t\t\t\t\t<p>En els <em>Posts<\/em> <a href=\"https:\/\/www.elturistatranquil.com\/ca\/el-corral-de-concilio-hotel-con-encanto-restaurante-reino-de-los-mallos\/\" target=\"_blank\" rel=\"noopener\">El Corral de Concilio, Hotel amb encant-Restaurant<\/a> i <a href=\"https:\/\/www.elturistatranquil.com\/ca\/murillo-de-gallego-aguero-i-riglos-osca-i-saragossa\/\" target=\"_blank\" rel=\"noopener\">Murillo de G\u00e1llego, Ag\u00fcero i Riglos<\/a>, feia refer\u00e8ncia a l&#8217;esgl\u00e9sia rom\u00e0nica de Santiago de Ag\u00fcero, un edifici sorprenent a\u00efllat en un monticle, sobresortint majestu\u00f3s enmig d&#8217;un bosc d&#8217;alzines i pins. A m\u00e9s, tamb\u00e9 sorprenen les proporcions d&#8217;una esgl\u00e9sia de considerable al\u00e7ada en relaci\u00f3 la seva escassa longitud. A l&#8217;informar-nos, ens trobem davant d&#8217;un edifici religi\u00f3s ple d&#8217;inc\u00f2gnites.<\/p><p>Prendr\u00e9 com a base principal d&#8217;informaci\u00f3 la continguda en la fitxa del cercador del\u00a0<a href=\"http:\/\/www.patrimonioculturaldearagon.es\/bienes-culturales\/iglesia-de-santiago-aguero\" target=\"_blank\" rel=\"noopener\">Patrimonio Cultural de Arag\u00f3n<\/a>. Tamb\u00e9 \u00e9s molt recomanable la visita al <em>Post<\/em> de\u00a0<a href=\"http:\/\/www.romanicoaragones.com\/31-Sotonera\/990414-AgueroSantiago.htm\" target=\"_blank\" rel=\"noopener\">Antonio Garc\u00eda Omedes<\/a>,\u00a0que cont\u00e9 una presentaci\u00f3 fotogr\u00e0fica exhaustiva del temple.<\/p><p>Abans de continuar he de demanar disculpes per la qualitat de les fotografies, especialment les interiors. Domina la penombra del temple, nom\u00e9s il\u00b7luminada per la llum natural &#8220;rom\u00e0nica&#8221;, mentre que les instant\u00e0nies estan preses per un simple turista amb la seva modesta c\u00e0mera.<\/p>\t\t\t\t\t\t\t\t<\/div>\n\t\t\t\t<\/div>\n\t\t\t\t<div class=\"elementor-element elementor-element-283ae116 elementor-widget elementor-widget-image\" data-id=\"283ae116\" data-element_type=\"widget\" data-e-type=\"widget\" data-widget_type=\"image.default\">\n\t\t\t\t<div class=\"elementor-widget-container\">\n\t\t\t\t\t\t\t\t\t\t\t\t<figure class=\"wp-caption\">\n\t\t\t\t\t\t\t\t\t\t<img decoding=\"async\" width=\"768\" height=\"511\" src=\"https:\/\/www.elturistatranquil.com\/wp-content\/uploads\/F03-Iglesia-de-Santiago-de-Aguero-Huesca.jpg\" class=\"attachment-large size-large wp-image-35292\" alt=\"Iglesia de Santiago de Ag\u00fcero, Huesca\" srcset=\"https:\/\/www.elturistatranquil.com\/wp-content\/uploads\/F03-Iglesia-de-Santiago-de-Aguero-Huesca.jpg 768w, https:\/\/www.elturistatranquil.com\/wp-content\/uploads\/F03-Iglesia-de-Santiago-de-Aguero-Huesca-339x226.jpg 339w\" sizes=\"(max-width: 768px) 100vw, 768px\" \/>\t\t\t\t\t\t\t\t\t\t\t<figcaption class=\"widget-image-caption wp-caption-text\"><\/figcaption>\n\t\t\t\t\t\t\t\t\t\t<\/figure>\n\t\t\t\t\t\t\t\t\t<\/div>\n\t\t\t\t<\/div>\n\t\t\t\t<div class=\"elementor-element elementor-element-0becd64 elementor-widget elementor-widget-menu-anchor\" data-id=\"0becd64\" data-element_type=\"widget\" data-e-type=\"widget\" data-widget_type=\"menu-anchor.default\">\n\t\t\t\t<div class=\"elementor-widget-container\">\n\t\t\t\t\t\t\t<div class=\"elementor-menu-anchor\" id=\"b5602\"><\/div>\n\t\t\t\t\t\t<\/div>\n\t\t\t\t<\/div>\n\t\t\t\t<div class=\"elementor-element elementor-element-23dc2b9 elementor-widget elementor-widget-image\" data-id=\"23dc2b9\" data-element_type=\"widget\" data-e-type=\"widget\" data-widget_type=\"image.default\">\n\t\t\t\t<div class=\"elementor-widget-container\">\n\t\t\t\t\t\t\t\t\t\t\t\t<figure class=\"wp-caption\">\n\t\t\t\t\t\t\t\t\t\t<img loading=\"lazy\" decoding=\"async\" width=\"768\" height=\"511\" src=\"https:\/\/www.elturistatranquil.com\/wp-content\/uploads\/F04-Iglesia-de-Santiago-de-Aguero-Huesca.jpg\" class=\"attachment-large size-large wp-image-35294\" alt=\"Iglesia de Santiago de Ag\u00fcero, Huesca\" srcset=\"https:\/\/www.elturistatranquil.com\/wp-content\/uploads\/F04-Iglesia-de-Santiago-de-Aguero-Huesca.jpg 768w, https:\/\/www.elturistatranquil.com\/wp-content\/uploads\/F04-Iglesia-de-Santiago-de-Aguero-Huesca-339x226.jpg 339w\" sizes=\"(max-width: 768px) 100vw, 768px\" \/>\t\t\t\t\t\t\t\t\t\t\t<figcaption class=\"widget-image-caption wp-caption-text\"><\/figcaption>\n\t\t\t\t\t\t\t\t\t\t<\/figure>\n\t\t\t\t\t\t\t\t\t<\/div>\n\t\t\t\t<\/div>\n\t\t\t\t<div class=\"elementor-element elementor-element-664b706 elementor-widget elementor-widget-heading\" data-id=\"664b706\" data-element_type=\"widget\" data-e-type=\"widget\" data-widget_type=\"heading.default\">\n\t\t\t\t<div class=\"elementor-widget-container\">\n\t\t\t\t\t<h2 class=\"elementor-heading-title elementor-size-default\">Una mica d'hist\u00f2ria<\/h2>\t\t\t\t<\/div>\n\t\t\t\t<\/div>\n\t\t\t\t<div class=\"elementor-element elementor-element-453992c elementor-widget elementor-widget-text-editor\" data-id=\"453992c\" data-element_type=\"widget\" data-e-type=\"widget\" data-widget_type=\"text-editor.default\">\n\t\t\t\t<div class=\"elementor-widget-container\">\n\t\t\t\t\t\t\t\t\t<p>Les inc\u00f2gnites hist\u00f2riques es refereixen tant a l&#8217;origen i destinaci\u00f3 amb qu\u00e8 va ser concebut el temple, com als motius que qued\u00e9s inacabada la seva construcci\u00f3. Tampoc no est\u00e0 clara la dataci\u00f3 de les parts del temple.<\/p><p>L&#8217;abs\u00e8ncia de documentaci\u00f3 escrita referent al temple ha obert el pas a especulacions i hip\u00f2tesis al voltant de tot aix\u00f2.<\/p><p>El que sembla clar \u00e9s que la construcci\u00f3 que s&#8217;ha conservat es va realitzar a principis de segle XIII, deixant inacabat l&#8217;edifici, al temps que s&#8217;evidencia dues etapes constructives. La primera des de la paret sud fins l&#8217;absis nord; la segona de tancament de la paret nord i la oest.<\/p><p>La superior qualitat de la primera fase indicava la pres\u00e8ncia d&#8217;un promotor important, mentre que la segona suggereix un tancament precipitat davant la decisi\u00f3 de no continuar la construcci\u00f3 de l&#8217;edificaci\u00f3.<\/p><p>Destaquen tres hip\u00f2tesis sobre l&#8217;origen d&#8217;aquest temple.<\/p><p>Per les seves dimensions, sembla m\u00e9s destinat a una esgl\u00e9sia mon\u00e0stica que a una parr\u00f2quia rural. At\u00e8s que segons sembla el temple d&#8217;Ag\u00fcero va ser donat pel rei Sancho Ram\u00edrez (1064-1094) al <a href=\"https:\/\/www.elturistatranquil.com\/ca\/monestir-de-san-juan-de-la-pena-jacetania\/\" target=\"_blank\" rel=\"noopener\">Monestir de San Juan de la Pe\u00f1a<\/a> (Osca), alguns historiadors han plantejat la possibilitat que fos a acollir a la comunitat d&#8217;aquest monestir, donades les adverses condicions de vida a San Juan de la Pe\u00f1a.<\/p><p>Altres assenyalen l&#8217;opci\u00f3 que s&#8217;erig\u00eds per tal d&#8217;albergar la retirada del rei Ramiro II el Monje.<\/p><p>Una hip\u00f2tesi, molt m\u00e9s de car\u00e0cter llegendari, apunta a un monument homenatge, o fins i tot pante\u00f3, de Rei Pedro I aixecat per la seva v\u00eddua Do\u00f1a Berta durant el breu per\u00edode de temps en qu\u00e8 aquesta va &#8220;regnar&#8221; al Reino de los Mallos.<\/p><p>Una altra hip\u00f2tesi apunta que els signes que es conserven en el cadirat ofereixen la impressi\u00f3 de proced\u00e8ncia d&#8217;una Orde militar.<\/p><p>L&#8217;an\u00e0lisi dels signes de picapedrer d&#8217;Ag\u00fcero, en relaci\u00f3 a l&#8217;an\u00e0lisi hist\u00f2rica del per\u00edode 1110-1153 a Arag\u00f3, i a les caracter\u00edstiques de l&#8217;\u00fanica escultura d&#8217;una cara aristocr\u00e0tica en un capitell interior de l&#8217;absis central, escortada per dues petites representacions d&#8217;una vaca i un cavall, tamb\u00e9 permeten apuntar al vescomte Gast\u00f3 de Bearn i la seva dona Talesa S\u00e1nchez com els promotors d&#8217;aquesta esgl\u00e9sia constru\u00efda entre els anys 1120-1143.<\/p><p>El que sembla clar \u00e9s que les obres van haver de acabar-se abans de 1153, data d&#8217;inici de l\u2019esgl\u00e9sia de <a href=\"https:\/\/www.elturistatranquil.com\/ca\/monestir-de-santa-maria-de-poblet-(tarragona)\/\" target=\"_blank\" rel=\"noopener\">Santa Maria de Poblet<\/a> (Tarragona). Segons <a href=\"http:\/\/www.signosdecantero.com\/descargas\/Santiago_de_Aguero_JL_Bozal.pdf\" target=\"_blank\" rel=\"noopener\">Jos\u00e9 Luis Bozal<\/a>, el signe de picapedrer que representa una empunyadura de daga i la inscripci\u00f3 ANOLL, espec\u00edfics de Santiago de Ag\u00fcero, tamb\u00e9 s\u00f3n presents en els absis del Monestir de Poblet, el que demostraria la hip\u00f2tesi sobre el tancament de la esgl\u00e9sia de Santiago de Ag\u00fcero pel comte de Barcelona Ramon Berenguer IV i el trasllat de l&#8217;equip de picapedrers per a l&#8217;inici de la construcci\u00f3 de Santa Maria de Poblet.<\/p>\t\t\t\t\t\t\t\t<\/div>\n\t\t\t\t<\/div>\n\t\t\t\t<section class=\"elementor-section elementor-inner-section elementor-element elementor-element-ec0c86d elementor-section-boxed elementor-section-height-default elementor-section-height-default\" data-id=\"ec0c86d\" data-element_type=\"section\" data-e-type=\"section\">\n\t\t\t\t\t\t<div class=\"elementor-container elementor-column-gap-default\">\n\t\t\t\t\t<div class=\"elementor-column elementor-col-50 elementor-inner-column elementor-element elementor-element-f539c9d\" data-id=\"f539c9d\" data-element_type=\"column\" data-e-type=\"column\">\n\t\t\t<div class=\"elementor-widget-wrap elementor-element-populated\">\n\t\t\t\t\t\t<div class=\"elementor-element elementor-element-799a054 elementor-widget elementor-widget-image\" data-id=\"799a054\" data-element_type=\"widget\" data-e-type=\"widget\" data-widget_type=\"image.default\">\n\t\t\t\t<div class=\"elementor-widget-container\">\n\t\t\t\t\t\t\t\t\t\t\t\t\t\t\t<img loading=\"lazy\" decoding=\"async\" width=\"380\" height=\"380\" src=\"https:\/\/www.elturistatranquil.com\/wp-content\/uploads\/F05m-Iglesia-de-Santiago-de-Aguero-Huesca.jpg\" class=\"attachment-large size-large wp-image-35296\" alt=\"Iglesia de Santiago de Ag\u00fcero, Huesca\" srcset=\"https:\/\/www.elturistatranquil.com\/wp-content\/uploads\/F05m-Iglesia-de-Santiago-de-Aguero-Huesca.jpg 380w, https:\/\/www.elturistatranquil.com\/wp-content\/uploads\/F05m-Iglesia-de-Santiago-de-Aguero-Huesca-226x226.jpg 226w\" sizes=\"(max-width: 380px) 100vw, 380px\" \/>\t\t\t\t\t\t\t\t\t\t\t\t\t\t\t<\/div>\n\t\t\t\t<\/div>\n\t\t\t\t\t<\/div>\n\t\t<\/div>\n\t\t\t\t<div class=\"elementor-column elementor-col-50 elementor-inner-column elementor-element elementor-element-2d73426\" data-id=\"2d73426\" data-element_type=\"column\" data-e-type=\"column\">\n\t\t\t<div class=\"elementor-widget-wrap elementor-element-populated\">\n\t\t\t\t\t\t<div class=\"elementor-element elementor-element-112b5e8 elementor-widget elementor-widget-image\" data-id=\"112b5e8\" data-element_type=\"widget\" data-e-type=\"widget\" data-widget_type=\"image.default\">\n\t\t\t\t<div class=\"elementor-widget-container\">\n\t\t\t\t\t\t\t\t\t\t\t\t\t\t\t<img loading=\"lazy\" decoding=\"async\" width=\"368\" height=\"368\" src=\"https:\/\/www.elturistatranquil.com\/wp-content\/uploads\/F05n-Iglesia-de-Santiago-de-Aguero-Huesca.jpg\" class=\"attachment-large size-large wp-image-35298\" alt=\"Iglesia de Santiago de Ag\u00fcero, Huesca\" srcset=\"https:\/\/www.elturistatranquil.com\/wp-content\/uploads\/F05n-Iglesia-de-Santiago-de-Aguero-Huesca.jpg 368w, https:\/\/www.elturistatranquil.com\/wp-content\/uploads\/F05n-Iglesia-de-Santiago-de-Aguero-Huesca-226x226.jpg 226w\" sizes=\"(max-width: 368px) 100vw, 368px\" \/>\t\t\t\t\t\t\t\t\t\t\t\t\t\t\t<\/div>\n\t\t\t\t<\/div>\n\t\t\t\t\t<\/div>\n\t\t<\/div>\n\t\t\t\t\t<\/div>\n\t\t<\/section>\n\t\t\t\t<div class=\"elementor-element elementor-element-f0bcaf5 elementor-widget elementor-widget-text-editor\" data-id=\"f0bcaf5\" data-element_type=\"widget\" data-e-type=\"widget\" data-widget_type=\"text-editor.default\">\n\t\t\t\t<div class=\"elementor-widget-container\">\n\t\t\t\t\t\t\t\t\t<p>L&#8217;esgl\u00e9sia de Santiago va ser projectada com un edifici de planta basilical de tres naus i tres absis semicirculars que, encara que mai va arribar a acabar-se, ha deixat com a llegat un magn\u00edfic temple, tant per les seves dimensions i acabats, com per la qualitat de la feina escult\u00f2rica, especialment del Maestro de Ag\u00fcero.<\/p><p>\u00c9s perceptible que la seva edificaci\u00f3 es va desenvolupar en dues etapes constructives. La seva primera campanya constructiva -els \u00e0bsides- es relacionen en el seu llenguatge arquitect\u00f2nic i escult\u00f2ric amb la cap\u00e7alera de la Catedral de Santo Domingo de la Calzada (La Rioja), per la qual cosa l&#8217;esgl\u00e9sia de Santiago hauria estat comen\u00e7ada per un taller d&#8217;origen franc\u00e8s que havia treballat en aquest temple de la Rioja.<\/p><p>Per tancar els absis i acabar la decoraci\u00f3 es va rec\u00f3rrer al Maestro de San Juan de la Pe\u00f1a o de Ag\u00fcero. Aquest mestre va arribar a concebre un estil propi amb caracter\u00edstiques molt definides visibles al claustre de San Juan de la Pe\u00f1a o de San Pedro el Viejo d\u2019Osca, aix\u00ed com a les portades de San Nicol\u00e1s de El Frago o San Ant\u00f3n de Tauste entre d&#8217;altres.<\/p><p>La import\u00e0ncia de l&#8217;esgl\u00e9sia de Santiago a Ag\u00fcero la va portar a ser declarada <em>Monument Nacional<\/em> (avui <em>B\u00e9 d&#8217;Inter\u00e8s Cultural<\/em>, categoria de <em>Monument<\/em>) mitjan\u00e7ant Real Ordre de 15 de mar\u00e7 de 1920.<\/p>\t\t\t\t\t\t\t\t<\/div>\n\t\t\t\t<\/div>\n\t\t\t\t<div class=\"elementor-element elementor-element-c477a18 elementor-widget elementor-widget-menu-anchor\" data-id=\"c477a18\" data-element_type=\"widget\" data-e-type=\"widget\" data-widget_type=\"menu-anchor.default\">\n\t\t\t\t<div class=\"elementor-widget-container\">\n\t\t\t\t\t\t\t<div class=\"elementor-menu-anchor\" id=\"b5603\"><\/div>\n\t\t\t\t\t\t<\/div>\n\t\t\t\t<\/div>\n\t\t\t\t<div class=\"elementor-element elementor-element-7f26389 elementor-widget elementor-widget-heading\" data-id=\"7f26389\" data-element_type=\"widget\" data-e-type=\"widget\" data-widget_type=\"heading.default\">\n\t\t\t\t<div class=\"elementor-widget-container\">\n\t\t\t\t\t<h2 class=\"elementor-heading-title elementor-size-default\">Descripci\u00f3 de l\u2019esgl\u00e9sia de Santiago de Ag\u00fcero<\/h2>\t\t\t\t<\/div>\n\t\t\t\t<\/div>\n\t\t\t\t<div class=\"elementor-element elementor-element-a7535ca elementor-widget elementor-widget-text-editor\" data-id=\"a7535ca\" data-element_type=\"widget\" data-e-type=\"widget\" data-widget_type=\"text-editor.default\">\n\t\t\t\t<div class=\"elementor-widget-container\">\n\t\t\t\t\t\t\t\t\t<p>Com s&#8217;ha dit, es tracta d&#8217;una esgl\u00e9sia de planta basilical, amb tres naus i tres absis semicirculars, de la qual es va construir els tres absis i la zona presbiteral i el primer tram del temple, orientada lit\u00fargicament a llevant.<\/p><p>Aquest primer tram no presenta ni creuer ni cimbori, amb dos pilars al centre i columnes adossades a ells, sustentant el sistema d&#8217;arcs.<\/p><p>De les tres naus la central \u00e9s m\u00e9s alta. L&#8217;estructura de cobriment \u00e9s molt especial, ja que cada nau t\u00e9 una coberta individual a dues aig\u00fces, amb un canal longitudinal interior de desgu\u00e0s entre cada dues d&#8217;elles, el que ha ocasionat problemes de filtracions d&#8217;aigua.<\/p><p>L&#8217;acabat constructiu del que constitueix el peu del temple, al no prosseguir la seva construcci\u00f3, presenta un tancament de car\u00e0cter provisional, seguint el mateix estil de cadirat, per\u00f2 de menor qualitat.<\/p>\t\t\t\t\t\t\t\t<\/div>\n\t\t\t\t<\/div>\n\t\t\t\t<div class=\"elementor-element elementor-element-73c3ecc elementor-widget elementor-widget-image\" data-id=\"73c3ecc\" data-element_type=\"widget\" data-e-type=\"widget\" data-widget_type=\"image.default\">\n\t\t\t\t<div class=\"elementor-widget-container\">\n\t\t\t\t\t\t\t\t\t\t\t\t<figure class=\"wp-caption\">\n\t\t\t\t\t\t\t\t\t\t<img loading=\"lazy\" decoding=\"async\" width=\"768\" height=\"512\" src=\"https:\/\/www.elturistatranquil.com\/wp-content\/uploads\/F06-Iglesia-de-Santiago-de-Aguero-Huesca.jpg\" class=\"attachment-large size-large wp-image-35300\" alt=\"Iglesia de Santiago de Ag\u00fcero, Huesca\" srcset=\"https:\/\/www.elturistatranquil.com\/wp-content\/uploads\/F06-Iglesia-de-Santiago-de-Aguero-Huesca.jpg 768w, https:\/\/www.elturistatranquil.com\/wp-content\/uploads\/F06-Iglesia-de-Santiago-de-Aguero-Huesca-339x226.jpg 339w\" sizes=\"(max-width: 768px) 100vw, 768px\" \/>\t\t\t\t\t\t\t\t\t\t\t<figcaption class=\"widget-image-caption wp-caption-text\"><\/figcaption>\n\t\t\t\t\t\t\t\t\t\t<\/figure>\n\t\t\t\t\t\t\t\t\t<\/div>\n\t\t\t\t<\/div>\n\t\t\t\t<div class=\"elementor-element elementor-element-ee5879d elementor-widget elementor-widget-text-editor\" data-id=\"ee5879d\" data-element_type=\"widget\" data-e-type=\"widget\" data-widget_type=\"text-editor.default\">\n\t\t\t\t<div class=\"elementor-widget-container\">\n\t\t\t\t\t\t\t\t\t<p>Era propi en el proc\u00e9s constructiu dels temples rom\u00e0nics que, donada la prolongada durada del temps d&#8217;edificaci\u00f3 d&#8217;una obra d&#8217;aquestes magnituds, es comenc\u00e9s construint de forma acabada el cap i el primer cos per poder-la consagrar, mentre que es continuava construint els trams posteriors, amb cobertes provisionals, fins a la seva finalitzaci\u00f3 total.<\/p><p>Si \u00e9s aix\u00ed el que va passar en aquesta esgl\u00e9sia de Santiago, s&#8217;hauria abandonat la construcci\u00f3 de l&#8217;edifici al concloure la primera etapa. Els acabats de la part constru\u00efda estarien totalment completats en arquitectura i escultura, sense les probables pintures que, si escau, haurien estat executades un cop completat el temple final.<\/p><p>En aquest cas, ha quedat un exemple perfecte d&#8217;aquest proc\u00e9s de planificaci\u00f3 de les etapes constructives de l&#8217;\u00e8poca.<\/p><p>A m\u00e9s, al no haver-se executat cap obra posterior, ens trobem davant un exemple perfecte de rom\u00e0nic original.<\/p>\t\t\t\t\t\t\t\t<\/div>\n\t\t\t\t<\/div>\n\t\t\t\t<div class=\"elementor-element elementor-element-7f548a6 elementor-widget elementor-widget-image\" data-id=\"7f548a6\" data-element_type=\"widget\" data-e-type=\"widget\" data-widget_type=\"image.default\">\n\t\t\t\t<div class=\"elementor-widget-container\">\n\t\t\t\t\t\t\t\t\t\t\t\t<figure class=\"wp-caption\">\n\t\t\t\t\t\t\t\t\t\t<img loading=\"lazy\" decoding=\"async\" width=\"768\" height=\"511\" src=\"https:\/\/www.elturistatranquil.com\/wp-content\/uploads\/F07-Iglesia-de-Santiago-de-Aguero-Huesca.jpg\" class=\"attachment-large size-large wp-image-35302\" alt=\"Iglesia de Santiago de Ag\u00fcero, Huesca\" srcset=\"https:\/\/www.elturistatranquil.com\/wp-content\/uploads\/F07-Iglesia-de-Santiago-de-Aguero-Huesca.jpg 768w, https:\/\/www.elturistatranquil.com\/wp-content\/uploads\/F07-Iglesia-de-Santiago-de-Aguero-Huesca-339x226.jpg 339w\" sizes=\"(max-width: 768px) 100vw, 768px\" \/>\t\t\t\t\t\t\t\t\t\t\t<figcaption class=\"widget-image-caption wp-caption-text\"><\/figcaption>\n\t\t\t\t\t\t\t\t\t\t<\/figure>\n\t\t\t\t\t\t\t\t\t<\/div>\n\t\t\t\t<\/div>\n\t\t\t\t<div class=\"elementor-element elementor-element-9ccf82f elementor-widget elementor-widget-image\" data-id=\"9ccf82f\" data-element_type=\"widget\" data-e-type=\"widget\" data-widget_type=\"image.default\">\n\t\t\t\t<div class=\"elementor-widget-container\">\n\t\t\t\t\t\t\t\t\t\t\t\t<figure class=\"wp-caption\">\n\t\t\t\t\t\t\t\t\t\t<img loading=\"lazy\" decoding=\"async\" width=\"768\" height=\"512\" src=\"https:\/\/www.elturistatranquil.com\/wp-content\/uploads\/F08-Plant-de-la-Iglesia-de-Santiago-de-Aguero-Huesca.jpg\" class=\"attachment-large size-large wp-image-35503\" alt=\"Planta de la Iglesia de Santiago de Ag\u00fcero, Huesca\" srcset=\"https:\/\/www.elturistatranquil.com\/wp-content\/uploads\/F08-Plant-de-la-Iglesia-de-Santiago-de-Aguero-Huesca.jpg 768w, https:\/\/www.elturistatranquil.com\/wp-content\/uploads\/F08-Plant-de-la-Iglesia-de-Santiago-de-Aguero-Huesca-339x226.jpg 339w\" sizes=\"(max-width: 768px) 100vw, 768px\" \/>\t\t\t\t\t\t\t\t\t\t\t<figcaption class=\"widget-image-caption wp-caption-text\"><\/figcaption>\n\t\t\t\t\t\t\t\t\t\t<\/figure>\n\t\t\t\t\t\t\t\t\t<\/div>\n\t\t\t\t<\/div>\n\t\t\t\t<div class=\"elementor-element elementor-element-7381d55 elementor-widget elementor-widget-menu-anchor\" data-id=\"7381d55\" data-element_type=\"widget\" data-e-type=\"widget\" data-widget_type=\"menu-anchor.default\">\n\t\t\t\t<div class=\"elementor-widget-container\">\n\t\t\t\t\t\t\t<div class=\"elementor-menu-anchor\" id=\"b5604\"><\/div>\n\t\t\t\t\t\t<\/div>\n\t\t\t\t<\/div>\n\t\t\t\t<div class=\"elementor-element elementor-element-29cb613 elementor-widget elementor-widget-text-editor\" data-id=\"29cb613\" data-element_type=\"widget\" data-e-type=\"widget\" data-widget_type=\"text-editor.default\">\n\t\t\t\t<div class=\"elementor-widget-container\">\n\t\t\t\t\t\t\t\t\t<p>L&#8217;estil correspon al rom\u00e0nic ple, amb murs de carreus de pedra sorrenca i columnes encastades i embegudes.<\/p><p>Les dimensions aproximades s\u00f3n: nau central 6,5 metres de llum; naus laterals 5,5 metres de llum; base de les columnes 1,5 metres; amplada del tram, 6,5 metres, del que resulta una amplada total de l&#8217;interior de el temple d&#8217;uns 20,5 metres. L&#8217;al\u00e7ada de les naus \u00e9s d&#8217;uns 8,50 metres, una mica m\u00e9s la central. Els murs s\u00f3n d&#8217;uns 1.60 metres de gruix.<\/p><p>Els murs, tenen a l&#8217;exterior en els tres absis i en els seus angles d&#8217;uni\u00f3 contraforts columnes adossades (encastades i embegudes) de fust cil\u00edndric. En el cas de l&#8217;absis central les columnes s\u00f3n compostes. Totes elles s\u2019apuntalen sobre sortints del s\u00f2col de l&#8217;edifici. Els capitells que rematen les columnes adossades s\u00f3n de grans dimensions i sobris en la seva decoraci\u00f3. El r\u00e0fec posseeix perm\u00f2dols amb caps, lleons i ocells en gran relleu.<\/p>\t\t\t\t\t\t\t\t<\/div>\n\t\t\t\t<\/div>\n\t\t\t\t<div class=\"elementor-element elementor-element-2426e857 elementor-widget elementor-widget-heading\" data-id=\"2426e857\" data-element_type=\"widget\" data-e-type=\"widget\" data-widget_type=\"heading.default\">\n\t\t\t\t<div class=\"elementor-widget-container\">\n\t\t\t\t\t<h3 class=\"elementor-heading-title elementor-size-default\">Exterior del temple<\/h3>\t\t\t\t<\/div>\n\t\t\t\t<\/div>\n\t\t\t\t<div class=\"elementor-element elementor-element-46c5930 elementor-widget elementor-widget-text-editor\" data-id=\"46c5930\" data-element_type=\"widget\" data-e-type=\"widget\" data-widget_type=\"text-editor.default\">\n\t\t\t\t<div class=\"elementor-widget-container\">\n\t\t\t\t\t\t\t\t\t<p>Al lateral meridional es troba situada la portalada. La seva disposici\u00f3 \u00e9s estranya, ja que se situa descentrada respecte al llen\u00e7 del mur, amb un arc cec a la seva dreta.<\/p><p>\u00c9s possible que completat l&#8217;edifici hagu\u00e9s disposat d&#8217;alguna altra portalada.<\/p>\t\t\t\t\t\t\t\t<\/div>\n\t\t\t\t<\/div>\n\t\t\t\t<div class=\"elementor-element elementor-element-af880ca elementor-widget elementor-widget-image\" data-id=\"af880ca\" data-element_type=\"widget\" data-e-type=\"widget\" data-widget_type=\"image.default\">\n\t\t\t\t<div class=\"elementor-widget-container\">\n\t\t\t\t\t\t\t\t\t\t\t\t<figure class=\"wp-caption\">\n\t\t\t\t\t\t\t\t\t\t<img loading=\"lazy\" decoding=\"async\" width=\"768\" height=\"512\" src=\"https:\/\/www.elturistatranquil.com\/wp-content\/uploads\/F09-Iglesia-de-Santiago-de-Aguero-Huesca.jpg\" class=\"attachment-large size-large wp-image-35306\" alt=\"Iglesia de Santiago de Ag\u00fcero, Huesca\" srcset=\"https:\/\/www.elturistatranquil.com\/wp-content\/uploads\/F09-Iglesia-de-Santiago-de-Aguero-Huesca.jpg 768w, https:\/\/www.elturistatranquil.com\/wp-content\/uploads\/F09-Iglesia-de-Santiago-de-Aguero-Huesca-339x226.jpg 339w\" sizes=\"(max-width: 768px) 100vw, 768px\" \/>\t\t\t\t\t\t\t\t\t\t\t<figcaption class=\"widget-image-caption wp-caption-text\"><\/figcaption>\n\t\t\t\t\t\t\t\t\t\t<\/figure>\n\t\t\t\t\t\t\t\t\t<\/div>\n\t\t\t\t<\/div>\n\t\t\t\t<div class=\"elementor-element elementor-element-8a2fd8e elementor-widget elementor-widget-image\" data-id=\"8a2fd8e\" data-element_type=\"widget\" data-e-type=\"widget\" data-widget_type=\"image.default\">\n\t\t\t\t<div class=\"elementor-widget-container\">\n\t\t\t\t\t\t\t\t\t\t\t\t<figure class=\"wp-caption\">\n\t\t\t\t\t\t\t\t\t\t<img loading=\"lazy\" decoding=\"async\" width=\"768\" height=\"512\" src=\"https:\/\/www.elturistatranquil.com\/wp-content\/uploads\/F10-Iglesia-de-Santiago-de-Aguero-Huesca.jpg\" class=\"attachment-large size-large wp-image-35308\" alt=\"Iglesia de Santiago de Ag\u00fcero, Huesca\" srcset=\"https:\/\/www.elturistatranquil.com\/wp-content\/uploads\/F10-Iglesia-de-Santiago-de-Aguero-Huesca.jpg 768w, https:\/\/www.elturistatranquil.com\/wp-content\/uploads\/F10-Iglesia-de-Santiago-de-Aguero-Huesca-339x226.jpg 339w\" sizes=\"(max-width: 768px) 100vw, 768px\" \/>\t\t\t\t\t\t\t\t\t\t\t<figcaption class=\"widget-image-caption wp-caption-text\"><\/figcaption>\n\t\t\t\t\t\t\t\t\t\t<\/figure>\n\t\t\t\t\t\t\t\t\t<\/div>\n\t\t\t\t<\/div>\n\t\t\t\t<div class=\"elementor-element elementor-element-ab37ea1 elementor-widget elementor-widget-text-editor\" data-id=\"ab37ea1\" data-element_type=\"widget\" data-e-type=\"widget\" data-widget_type=\"text-editor.default\">\n\t\t\t\t<div class=\"elementor-widget-container\">\n\t\t\t\t\t\t\t\t\t<p>S\u00f3n curiosos els capitells d&#8217;estil &#8220;egipci&#8221; de la part superior de les grans columnes embegudes.<\/p>\t\t\t\t\t\t\t\t<\/div>\n\t\t\t\t<\/div>\n\t\t\t\t<div class=\"elementor-element elementor-element-c39a064 elementor-widget elementor-widget-image\" data-id=\"c39a064\" data-element_type=\"widget\" data-e-type=\"widget\" data-widget_type=\"image.default\">\n\t\t\t\t<div class=\"elementor-widget-container\">\n\t\t\t\t\t\t\t\t\t\t\t\t<figure class=\"wp-caption\">\n\t\t\t\t\t\t\t\t\t\t<img loading=\"lazy\" decoding=\"async\" width=\"768\" height=\"512\" src=\"https:\/\/www.elturistatranquil.com\/wp-content\/uploads\/F11-Iglesia-de-Santiago-de-Aguero-Huesca.jpg\" class=\"attachment-large size-large wp-image-35310\" alt=\"Iglesia de Santiago de Ag\u00fcero, Huesca\" srcset=\"https:\/\/www.elturistatranquil.com\/wp-content\/uploads\/F11-Iglesia-de-Santiago-de-Aguero-Huesca.jpg 768w, https:\/\/www.elturistatranquil.com\/wp-content\/uploads\/F11-Iglesia-de-Santiago-de-Aguero-Huesca-339x226.jpg 339w\" sizes=\"(max-width: 768px) 100vw, 768px\" \/>\t\t\t\t\t\t\t\t\t\t\t<figcaption class=\"widget-image-caption wp-caption-text\"><\/figcaption>\n\t\t\t\t\t\t\t\t\t\t<\/figure>\n\t\t\t\t\t\t\t\t\t<\/div>\n\t\t\t\t<\/div>\n\t\t\t\t<div class=\"elementor-element elementor-element-58865b3 elementor-widget elementor-widget-text-editor\" data-id=\"58865b3\" data-element_type=\"widget\" data-e-type=\"widget\" data-widget_type=\"text-editor.default\">\n\t\t\t\t<div class=\"elementor-widget-container\">\n\t\t\t\t\t\t\t\t\t<p>La cap\u00e7alera est\u00e0 formada per tres absis semicirculars, major de di\u00e0metre i altura el central, aix\u00ed com amb m\u00e9s rica decoraci\u00f3, tot i la sobrietat de tot el conjunt.<\/p><p>L&#8217;absis central presenta tres parells de finestrals, com era usual per simbolitzar la Sant\u00edssima Trinitat, molt esvelts i estrets.<\/p>\t\t\t\t\t\t\t\t<\/div>\n\t\t\t\t<\/div>\n\t\t\t\t<section class=\"elementor-section elementor-inner-section elementor-element elementor-element-106c477 elementor-section-boxed elementor-section-height-default elementor-section-height-default\" data-id=\"106c477\" data-element_type=\"section\" data-e-type=\"section\">\n\t\t\t\t\t\t<div class=\"elementor-container elementor-column-gap-default\">\n\t\t\t\t\t<div class=\"elementor-column elementor-col-50 elementor-inner-column elementor-element elementor-element-2b6d5cc\" data-id=\"2b6d5cc\" data-element_type=\"column\" data-e-type=\"column\">\n\t\t\t<div class=\"elementor-widget-wrap elementor-element-populated\">\n\t\t\t\t\t\t<div class=\"elementor-element elementor-element-9c9666f elementor-widget elementor-widget-image\" data-id=\"9c9666f\" data-element_type=\"widget\" data-e-type=\"widget\" data-widget_type=\"image.default\">\n\t\t\t\t<div class=\"elementor-widget-container\">\n\t\t\t\t\t\t\t\t\t\t\t\t\t\t\t<img loading=\"lazy\" decoding=\"async\" width=\"366\" height=\"550\" src=\"https:\/\/www.elturistatranquil.com\/wp-content\/uploads\/F12m-Iglesia-de-Santiago-de-Aguero-Huesca.jpg\" class=\"attachment-large size-large wp-image-35312\" alt=\"Iglesia de Santiago de Ag\u00fcero, Huesca\" srcset=\"https:\/\/www.elturistatranquil.com\/wp-content\/uploads\/F12m-Iglesia-de-Santiago-de-Aguero-Huesca.jpg 366w, https:\/\/www.elturistatranquil.com\/wp-content\/uploads\/F12m-Iglesia-de-Santiago-de-Aguero-Huesca-150x226.jpg 150w\" sizes=\"(max-width: 366px) 100vw, 366px\" \/>\t\t\t\t\t\t\t\t\t\t\t\t\t\t\t<\/div>\n\t\t\t\t<\/div>\n\t\t\t\t\t<\/div>\n\t\t<\/div>\n\t\t\t\t<div class=\"elementor-column elementor-col-50 elementor-inner-column elementor-element elementor-element-cb5765e\" data-id=\"cb5765e\" data-element_type=\"column\" data-e-type=\"column\">\n\t\t\t<div class=\"elementor-widget-wrap elementor-element-populated\">\n\t\t\t\t\t\t<div class=\"elementor-element elementor-element-b30bad5 elementor-widget elementor-widget-image\" data-id=\"b30bad5\" data-element_type=\"widget\" data-e-type=\"widget\" data-widget_type=\"image.default\">\n\t\t\t\t<div class=\"elementor-widget-container\">\n\t\t\t\t\t\t\t\t\t\t\t\t\t\t\t<img loading=\"lazy\" decoding=\"async\" width=\"366\" height=\"550\" src=\"https:\/\/www.elturistatranquil.com\/wp-content\/uploads\/F12n-Iglesia-de-Santiago-de-Aguero-Huesca.jpg\" class=\"attachment-large size-large wp-image-35314\" alt=\"Iglesia de Santiago de Ag\u00fcero, Huesca\" srcset=\"https:\/\/www.elturistatranquil.com\/wp-content\/uploads\/F12n-Iglesia-de-Santiago-de-Aguero-Huesca.jpg 366w, https:\/\/www.elturistatranquil.com\/wp-content\/uploads\/F12n-Iglesia-de-Santiago-de-Aguero-Huesca-150x226.jpg 150w\" sizes=\"(max-width: 366px) 100vw, 366px\" \/>\t\t\t\t\t\t\t\t\t\t\t\t\t\t\t<\/div>\n\t\t\t\t<\/div>\n\t\t\t\t\t<\/div>\n\t\t<\/div>\n\t\t\t\t\t<\/div>\n\t\t<\/section>\n\t\t\t\t<div class=\"elementor-element elementor-element-5e58dd4 elementor-widget elementor-widget-text-editor\" data-id=\"5e58dd4\" data-element_type=\"widget\" data-e-type=\"widget\" data-widget_type=\"text-editor.default\">\n\t\t\t\t<div class=\"elementor-widget-container\">\n\t\t\t\t\t\t\t\t\t<p>\u00a0<\/p><p>Els perm\u00f2dols dels r\u00e0fecs s\u00f3n prism\u00e0tics triangulars i llisos.<\/p><p>L&#8217;absis central \u00e9s recorregut per una imposta amb relleus (erosionats) en la qual es poden apreciar alguns animals i motius vegetals. En els absis laterals la imposta es redueix a una motllura.<\/p>\t\t\t\t\t\t\t\t<\/div>\n\t\t\t\t<\/div>\n\t\t\t\t<div class=\"elementor-element elementor-element-3c596c7 elementor-widget elementor-widget-image\" data-id=\"3c596c7\" data-element_type=\"widget\" data-e-type=\"widget\" data-widget_type=\"image.default\">\n\t\t\t\t<div class=\"elementor-widget-container\">\n\t\t\t\t\t\t\t\t\t\t\t\t<figure class=\"wp-caption\">\n\t\t\t\t\t\t\t\t\t\t<img loading=\"lazy\" decoding=\"async\" width=\"768\" height=\"511\" src=\"https:\/\/www.elturistatranquil.com\/wp-content\/uploads\/F13-Iglesia-de-Santiago-de-Aguero-Huesca.jpg\" class=\"attachment-large size-large wp-image-35316\" alt=\"Iglesia de Santiago de Ag\u00fcero, Huesca\" srcset=\"https:\/\/www.elturistatranquil.com\/wp-content\/uploads\/F13-Iglesia-de-Santiago-de-Aguero-Huesca.jpg 768w, https:\/\/www.elturistatranquil.com\/wp-content\/uploads\/F13-Iglesia-de-Santiago-de-Aguero-Huesca-339x226.jpg 339w\" sizes=\"(max-width: 768px) 100vw, 768px\" \/>\t\t\t\t\t\t\t\t\t\t\t<figcaption class=\"widget-image-caption wp-caption-text\"><\/figcaption>\n\t\t\t\t\t\t\t\t\t\t<\/figure>\n\t\t\t\t\t\t\t\t\t<\/div>\n\t\t\t\t<\/div>\n\t\t\t\t<div class=\"elementor-element elementor-element-5bfd27a elementor-widget elementor-widget-image\" data-id=\"5bfd27a\" data-element_type=\"widget\" data-e-type=\"widget\" data-widget_type=\"image.default\">\n\t\t\t\t<div class=\"elementor-widget-container\">\n\t\t\t\t\t\t\t\t\t\t\t\t<figure class=\"wp-caption\">\n\t\t\t\t\t\t\t\t\t\t<img loading=\"lazy\" decoding=\"async\" width=\"768\" height=\"512\" src=\"https:\/\/www.elturistatranquil.com\/wp-content\/uploads\/F14-Iglesia-de-Santiago-de-Aguero-Huesca.jpg\" class=\"attachment-large size-large wp-image-35318\" alt=\"Iglesia de Santiago de Ag\u00fcero, Huesca\" srcset=\"https:\/\/www.elturistatranquil.com\/wp-content\/uploads\/F14-Iglesia-de-Santiago-de-Aguero-Huesca.jpg 768w, https:\/\/www.elturistatranquil.com\/wp-content\/uploads\/F14-Iglesia-de-Santiago-de-Aguero-Huesca-339x226.jpg 339w\" sizes=\"(max-width: 768px) 100vw, 768px\" \/>\t\t\t\t\t\t\t\t\t\t\t<figcaption class=\"widget-image-caption wp-caption-text\"><\/figcaption>\n\t\t\t\t\t\t\t\t\t\t<\/figure>\n\t\t\t\t\t\t\t\t\t<\/div>\n\t\t\t\t<\/div>\n\t\t\t\t<div class=\"elementor-element elementor-element-6da0c0d elementor-widget elementor-widget-text-editor\" data-id=\"6da0c0d\" data-element_type=\"widget\" data-e-type=\"widget\" data-widget_type=\"text-editor.default\">\n\t\t\t\t<div class=\"elementor-widget-container\">\n\t\t\t\t\t\t\t\t\t<p>El lateral septentrional s&#8217;encaixa, en la seva part baixa, a la roca de la muntanya. Aquest encast serveix de contrafort natural\u00a0 del mur del temple.<\/p>\t\t\t\t\t\t\t\t<\/div>\n\t\t\t\t<\/div>\n\t\t\t\t<div class=\"elementor-element elementor-element-dd825f9 elementor-widget elementor-widget-image\" data-id=\"dd825f9\" data-element_type=\"widget\" data-e-type=\"widget\" data-widget_type=\"image.default\">\n\t\t\t\t<div class=\"elementor-widget-container\">\n\t\t\t\t\t\t\t\t\t\t\t\t<figure class=\"wp-caption\">\n\t\t\t\t\t\t\t\t\t\t<img loading=\"lazy\" decoding=\"async\" width=\"768\" height=\"512\" src=\"https:\/\/www.elturistatranquil.com\/wp-content\/uploads\/F15-Iglesia-de-Santiago-de-Aguero-Huesca.jpg\" class=\"attachment-large size-large wp-image-35320\" alt=\"Iglesia de Santiago de Ag\u00fcero, Huesca\" srcset=\"https:\/\/www.elturistatranquil.com\/wp-content\/uploads\/F15-Iglesia-de-Santiago-de-Aguero-Huesca.jpg 768w, https:\/\/www.elturistatranquil.com\/wp-content\/uploads\/F15-Iglesia-de-Santiago-de-Aguero-Huesca-339x226.jpg 339w\" sizes=\"(max-width: 768px) 100vw, 768px\" \/>\t\t\t\t\t\t\t\t\t\t\t<figcaption class=\"widget-image-caption wp-caption-text\"><\/figcaption>\n\t\t\t\t\t\t\t\t\t\t<\/figure>\n\t\t\t\t\t\t\t\t\t<\/div>\n\t\t\t\t<\/div>\n\t\t\t\t<div class=\"elementor-element elementor-element-d34b0f6 elementor-widget elementor-widget-menu-anchor\" data-id=\"d34b0f6\" data-element_type=\"widget\" data-e-type=\"widget\" data-widget_type=\"menu-anchor.default\">\n\t\t\t\t<div class=\"elementor-widget-container\">\n\t\t\t\t\t\t\t<div class=\"elementor-menu-anchor\" id=\"b5605\"><\/div>\n\t\t\t\t\t\t<\/div>\n\t\t\t\t<\/div>\n\t\t\t\t<div class=\"elementor-element elementor-element-e88deb9 elementor-widget elementor-widget-image\" data-id=\"e88deb9\" data-element_type=\"widget\" data-e-type=\"widget\" data-widget_type=\"image.default\">\n\t\t\t\t<div class=\"elementor-widget-container\">\n\t\t\t\t\t\t\t\t\t\t\t\t<figure class=\"wp-caption\">\n\t\t\t\t\t\t\t\t\t\t<img loading=\"lazy\" decoding=\"async\" width=\"768\" height=\"512\" src=\"https:\/\/www.elturistatranquil.com\/wp-content\/uploads\/F16-Iglesia-de-Santiago-de-Aguero-Huesca.jpg\" class=\"attachment-large size-large wp-image-35322\" alt=\"Iglesia de Santiago de Ag\u00fcero, Huesca\" srcset=\"https:\/\/www.elturistatranquil.com\/wp-content\/uploads\/F16-Iglesia-de-Santiago-de-Aguero-Huesca.jpg 768w, https:\/\/www.elturistatranquil.com\/wp-content\/uploads\/F16-Iglesia-de-Santiago-de-Aguero-Huesca-339x226.jpg 339w\" sizes=\"(max-width: 768px) 100vw, 768px\" \/>\t\t\t\t\t\t\t\t\t\t\t<figcaption class=\"widget-image-caption wp-caption-text\"><\/figcaption>\n\t\t\t\t\t\t\t\t\t\t<\/figure>\n\t\t\t\t\t\t\t\t\t<\/div>\n\t\t\t\t<\/div>\n\t\t\t\t<div class=\"elementor-element elementor-element-44ff8f00 elementor-widget elementor-widget-heading\" data-id=\"44ff8f00\" data-element_type=\"widget\" data-e-type=\"widget\" data-widget_type=\"heading.default\">\n\t\t\t\t<div class=\"elementor-widget-container\">\n\t\t\t\t\t<h4 class=\"elementor-heading-title elementor-size-default\">La portalada<\/h4>\t\t\t\t<\/div>\n\t\t\t\t<\/div>\n\t\t\t\t<div class=\"elementor-element elementor-element-53bec31 elementor-widget elementor-widget-text-editor\" data-id=\"53bec31\" data-element_type=\"widget\" data-e-type=\"widget\" data-widget_type=\"text-editor.default\">\n\t\t\t\t<div class=\"elementor-widget-container\">\n\t\t\t\t\t\t\t\t\t<p>La <strong>portalada<\/strong> d&#8217;ingr\u00e9s es troba situada a la fa\u00e7ana sud de l&#8217;edifici. \u00c9s una portalada atrompetat de quatre arquivoltes, de secci\u00f3 cil\u00edndrica les interiors i de secci\u00f3 rectangular les exteriors, que baixen sobre columnes adossades de fust cil\u00edndric, recolzades al seu torn, sobre un s\u00f2col. Totes les columnes estan rematades per capitells amb representacions antropomorfes, zoomorfes i vegetals.<\/p>\t\t\t\t\t\t\t\t<\/div>\n\t\t\t\t<\/div>\n\t\t\t\t<div class=\"elementor-element elementor-element-459761c elementor-widget elementor-widget-image\" data-id=\"459761c\" data-element_type=\"widget\" data-e-type=\"widget\" data-widget_type=\"image.default\">\n\t\t\t\t<div class=\"elementor-widget-container\">\n\t\t\t\t\t\t\t\t\t\t\t\t<figure class=\"wp-caption\">\n\t\t\t\t\t\t\t\t\t\t<img loading=\"lazy\" decoding=\"async\" width=\"412\" height=\"550\" src=\"https:\/\/www.elturistatranquil.com\/wp-content\/uploads\/F17-Portada-de-la-Iglesia-de-Santiago-de-Aguero-Huesca.jpg\" class=\"attachment-large size-large wp-image-35324\" alt=\"Portada de la Iglesia de Santiago de Ag\u00fcero, Huesca\" srcset=\"https:\/\/www.elturistatranquil.com\/wp-content\/uploads\/F17-Portada-de-la-Iglesia-de-Santiago-de-Aguero-Huesca.jpg 412w, https:\/\/www.elturistatranquil.com\/wp-content\/uploads\/F17-Portada-de-la-Iglesia-de-Santiago-de-Aguero-Huesca-169x226.jpg 169w\" sizes=\"(max-width: 412px) 100vw, 412px\" \/>\t\t\t\t\t\t\t\t\t\t\t<figcaption class=\"widget-image-caption wp-caption-text\"><\/figcaption>\n\t\t\t\t\t\t\t\t\t\t<\/figure>\n\t\t\t\t\t\t\t\t\t<\/div>\n\t\t\t\t<\/div>\n\t\t\t\t<div class=\"elementor-element elementor-element-8fdd79f elementor-widget elementor-widget-image\" data-id=\"8fdd79f\" data-element_type=\"widget\" data-e-type=\"widget\" data-widget_type=\"image.default\">\n\t\t\t\t<div class=\"elementor-widget-container\">\n\t\t\t\t\t\t\t\t\t\t\t\t<figure class=\"wp-caption\">\n\t\t\t\t\t\t\t\t\t\t<img loading=\"lazy\" decoding=\"async\" width=\"768\" height=\"511\" src=\"https:\/\/www.elturistatranquil.com\/wp-content\/uploads\/F18-Portada-de-la-Iglesia-de-Santiago-de-Aguero-Huesca.jpg\" class=\"attachment-large size-large wp-image-35326\" alt=\"Portada de la Iglesia de Santiago de Ag\u00fcero, Huesca\" srcset=\"https:\/\/www.elturistatranquil.com\/wp-content\/uploads\/F18-Portada-de-la-Iglesia-de-Santiago-de-Aguero-Huesca.jpg 768w, https:\/\/www.elturistatranquil.com\/wp-content\/uploads\/F18-Portada-de-la-Iglesia-de-Santiago-de-Aguero-Huesca-339x226.jpg 339w\" sizes=\"(max-width: 768px) 100vw, 768px\" \/>\t\t\t\t\t\t\t\t\t\t\t<figcaption class=\"widget-image-caption wp-caption-text\"><\/figcaption>\n\t\t\t\t\t\t\t\t\t\t<\/figure>\n\t\t\t\t\t\t\t\t\t<\/div>\n\t\t\t\t<\/div>\n\t\t\t\t<div class=\"elementor-element elementor-element-61918dc elementor-widget elementor-widget-image\" data-id=\"61918dc\" data-element_type=\"widget\" data-e-type=\"widget\" data-widget_type=\"image.default\">\n\t\t\t\t<div class=\"elementor-widget-container\">\n\t\t\t\t\t\t\t\t\t\t\t\t<figure class=\"wp-caption\">\n\t\t\t\t\t\t\t\t\t\t<img loading=\"lazy\" decoding=\"async\" width=\"768\" height=\"512\" src=\"https:\/\/www.elturistatranquil.com\/wp-content\/uploads\/F19-Portada-de-la-Iglesia-de-Santiago-de-Aguero-Huesca.jpg\" class=\"attachment-large size-large wp-image-35328\" alt=\"Portada de la Iglesia de Santiago de Ag\u00fcero, Huesca\" srcset=\"https:\/\/www.elturistatranquil.com\/wp-content\/uploads\/F19-Portada-de-la-Iglesia-de-Santiago-de-Aguero-Huesca.jpg 768w, https:\/\/www.elturistatranquil.com\/wp-content\/uploads\/F19-Portada-de-la-Iglesia-de-Santiago-de-Aguero-Huesca-339x226.jpg 339w\" sizes=\"(max-width: 768px) 100vw, 768px\" \/>\t\t\t\t\t\t\t\t\t\t\t<figcaption class=\"widget-image-caption wp-caption-text\"><\/figcaption>\n\t\t\t\t\t\t\t\t\t\t<\/figure>\n\t\t\t\t\t\t\t\t\t<\/div>\n\t\t\t\t<\/div>\n\t\t\t\t<div class=\"elementor-element elementor-element-86b1ca5 elementor-widget elementor-widget-text-editor\" data-id=\"86b1ca5\" data-element_type=\"widget\" data-e-type=\"widget\" data-widget_type=\"text-editor.default\">\n\t\t\t\t<div class=\"elementor-widget-container\">\n\t\t\t\t\t\t\t\t\t<p>El tancament superior de la portalada cont\u00e9 un timp\u00e0 apuntat que es sustenta sobre dos queixals (mocheta) amb relleus figurats. Es representa l&#8217;escena de l&#8217;Epifania.<\/p>\t\t\t\t\t\t\t\t<\/div>\n\t\t\t\t<\/div>\n\t\t\t\t<div class=\"elementor-element elementor-element-117e530 elementor-widget elementor-widget-image\" data-id=\"117e530\" data-element_type=\"widget\" data-e-type=\"widget\" data-widget_type=\"image.default\">\n\t\t\t\t<div class=\"elementor-widget-container\">\n\t\t\t\t\t\t\t\t\t\t\t\t<figure class=\"wp-caption\">\n\t\t\t\t\t\t\t\t\t\t<img loading=\"lazy\" decoding=\"async\" width=\"768\" height=\"512\" src=\"https:\/\/www.elturistatranquil.com\/wp-content\/uploads\/F20-Portada-de-la-Iglesia-de-Santiago-de-Aguero-Huesca-1.jpg\" class=\"attachment-large size-large wp-image-35480\" alt=\"Portada de la Iglesia de Santiago de Ag\u00fcero, Huesca\" srcset=\"https:\/\/www.elturistatranquil.com\/wp-content\/uploads\/F20-Portada-de-la-Iglesia-de-Santiago-de-Aguero-Huesca-1.jpg 768w, https:\/\/www.elturistatranquil.com\/wp-content\/uploads\/F20-Portada-de-la-Iglesia-de-Santiago-de-Aguero-Huesca-1-339x226.jpg 339w\" sizes=\"(max-width: 768px) 100vw, 768px\" \/>\t\t\t\t\t\t\t\t\t\t\t<figcaption class=\"widget-image-caption wp-caption-text\"><\/figcaption>\n\t\t\t\t\t\t\t\t\t\t<\/figure>\n\t\t\t\t\t\t\t\t\t<\/div>\n\t\t\t\t<\/div>\n\t\t\t\t<div class=\"elementor-element elementor-element-32772d5 elementor-widget elementor-widget-image\" data-id=\"32772d5\" data-element_type=\"widget\" data-e-type=\"widget\" data-widget_type=\"image.default\">\n\t\t\t\t<div class=\"elementor-widget-container\">\n\t\t\t\t\t\t\t\t\t\t\t\t<figure class=\"wp-caption\">\n\t\t\t\t\t\t\t\t\t\t<img loading=\"lazy\" decoding=\"async\" width=\"768\" height=\"512\" src=\"https:\/\/www.elturistatranquil.com\/wp-content\/uploads\/F21-Portada-de-la-Iglesia-de-Santiago-de-Aguero-Huesca.jpg\" class=\"attachment-large size-large wp-image-35332\" alt=\"Portada de la Iglesia de Santiago de Ag\u00fcero, Huesca\" srcset=\"https:\/\/www.elturistatranquil.com\/wp-content\/uploads\/F21-Portada-de-la-Iglesia-de-Santiago-de-Aguero-Huesca.jpg 768w, https:\/\/www.elturistatranquil.com\/wp-content\/uploads\/F21-Portada-de-la-Iglesia-de-Santiago-de-Aguero-Huesca-339x226.jpg 339w\" sizes=\"(max-width: 768px) 100vw, 768px\" \/>\t\t\t\t\t\t\t\t\t\t\t<figcaption class=\"widget-image-caption wp-caption-text\"><\/figcaption>\n\t\t\t\t\t\t\t\t\t\t<\/figure>\n\t\t\t\t\t\t\t\t\t<\/div>\n\t\t\t\t<\/div>\n\t\t\t\t<div class=\"elementor-element elementor-element-e1ba0ab elementor-widget elementor-widget-text-editor\" data-id=\"e1ba0ab\" data-element_type=\"widget\" data-e-type=\"widget\" data-widget_type=\"text-editor.default\">\n\t\t\t\t<div class=\"elementor-widget-container\">\n\t\t\t\t\t\t\t\t\t<p>La portalada la protegeix una volada amb perm\u00f2dols de pedra decorats amb animals i figures femenines.<\/p>\t\t\t\t\t\t\t\t<\/div>\n\t\t\t\t<\/div>\n\t\t\t\t<div class=\"elementor-element elementor-element-b779988 elementor-widget elementor-widget-image\" data-id=\"b779988\" data-element_type=\"widget\" data-e-type=\"widget\" data-widget_type=\"image.default\">\n\t\t\t\t<div class=\"elementor-widget-container\">\n\t\t\t\t\t\t\t\t\t\t\t\t<figure class=\"wp-caption\">\n\t\t\t\t\t\t\t\t\t\t<img loading=\"lazy\" decoding=\"async\" width=\"768\" height=\"511\" src=\"https:\/\/www.elturistatranquil.com\/wp-content\/uploads\/F22-Portada-de-la-Iglesia-de-Santiago-de-Aguero-Huesca.jpg\" class=\"attachment-large size-large wp-image-35334\" alt=\"Portada de la Iglesia de Santiago de Ag\u00fcero, Huesca\" srcset=\"https:\/\/www.elturistatranquil.com\/wp-content\/uploads\/F22-Portada-de-la-Iglesia-de-Santiago-de-Aguero-Huesca.jpg 768w, https:\/\/www.elturistatranquil.com\/wp-content\/uploads\/F22-Portada-de-la-Iglesia-de-Santiago-de-Aguero-Huesca-339x226.jpg 339w\" sizes=\"(max-width: 768px) 100vw, 768px\" \/>\t\t\t\t\t\t\t\t\t\t\t<figcaption class=\"widget-image-caption wp-caption-text\"><\/figcaption>\n\t\t\t\t\t\t\t\t\t\t<\/figure>\n\t\t\t\t\t\t\t\t\t<\/div>\n\t\t\t\t<\/div>\n\t\t\t\t<div class=\"elementor-element elementor-element-a85c096 elementor-widget elementor-widget-text-editor\" data-id=\"a85c096\" data-element_type=\"widget\" data-e-type=\"widget\" data-widget_type=\"text-editor.default\">\n\t\t\t\t<div class=\"elementor-widget-container\">\n\t\t\t\t\t\t\t\t\t<p>Els capitells s\u00f3n obra del Maestro de Ag\u00fcero de gran qualitat.<\/p>\t\t\t\t\t\t\t\t<\/div>\n\t\t\t\t<\/div>\n\t\t\t\t<div class=\"elementor-element elementor-element-c2b26be elementor-widget elementor-widget-image\" data-id=\"c2b26be\" data-element_type=\"widget\" data-e-type=\"widget\" data-widget_type=\"image.default\">\n\t\t\t\t<div class=\"elementor-widget-container\">\n\t\t\t\t\t\t\t\t\t\t\t\t<figure class=\"wp-caption\">\n\t\t\t\t\t\t\t\t\t\t<img loading=\"lazy\" decoding=\"async\" width=\"768\" height=\"512\" src=\"https:\/\/www.elturistatranquil.com\/wp-content\/uploads\/F23-Portada-de-la-Iglesia-de-Santiago-de-Aguero-Huesca.jpg\" class=\"attachment-large size-large wp-image-35336\" alt=\"Portada de la Iglesia de Santiago de Ag\u00fcero, Huesca\" srcset=\"https:\/\/www.elturistatranquil.com\/wp-content\/uploads\/F23-Portada-de-la-Iglesia-de-Santiago-de-Aguero-Huesca.jpg 768w, https:\/\/www.elturistatranquil.com\/wp-content\/uploads\/F23-Portada-de-la-Iglesia-de-Santiago-de-Aguero-Huesca-339x226.jpg 339w\" sizes=\"(max-width: 768px) 100vw, 768px\" \/>\t\t\t\t\t\t\t\t\t\t\t<figcaption class=\"widget-image-caption wp-caption-text\"><\/figcaption>\n\t\t\t\t\t\t\t\t\t\t<\/figure>\n\t\t\t\t\t\t\t\t\t<\/div>\n\t\t\t\t<\/div>\n\t\t\t\t<div class=\"elementor-element elementor-element-76a7c5e elementor-widget elementor-widget-image\" data-id=\"76a7c5e\" data-element_type=\"widget\" data-e-type=\"widget\" data-widget_type=\"image.default\">\n\t\t\t\t<div class=\"elementor-widget-container\">\n\t\t\t\t\t\t\t\t\t\t\t\t<figure class=\"wp-caption\">\n\t\t\t\t\t\t\t\t\t\t<img loading=\"lazy\" decoding=\"async\" width=\"768\" height=\"512\" src=\"https:\/\/www.elturistatranquil.com\/wp-content\/uploads\/F24-Portada-de-la-Iglesia-de-Santiago-de-Aguero-Huesca.jpg\" class=\"attachment-large size-large wp-image-35338\" alt=\"Portada de la Iglesia de Santiago de Ag\u00fcero, Huesca\" srcset=\"https:\/\/www.elturistatranquil.com\/wp-content\/uploads\/F24-Portada-de-la-Iglesia-de-Santiago-de-Aguero-Huesca.jpg 768w, https:\/\/www.elturistatranquil.com\/wp-content\/uploads\/F24-Portada-de-la-Iglesia-de-Santiago-de-Aguero-Huesca-339x226.jpg 339w\" sizes=\"(max-width: 768px) 100vw, 768px\" \/>\t\t\t\t\t\t\t\t\t\t\t<figcaption class=\"widget-image-caption wp-caption-text\"><\/figcaption>\n\t\t\t\t\t\t\t\t\t\t<\/figure>\n\t\t\t\t\t\t\t\t\t<\/div>\n\t\t\t\t<\/div>\n\t\t\t\t<div class=\"elementor-element elementor-element-6656150 elementor-widget elementor-widget-image\" data-id=\"6656150\" data-element_type=\"widget\" data-e-type=\"widget\" data-widget_type=\"image.default\">\n\t\t\t\t<div class=\"elementor-widget-container\">\n\t\t\t\t\t\t\t\t\t\t\t\t<figure class=\"wp-caption\">\n\t\t\t\t\t\t\t\t\t\t<img loading=\"lazy\" decoding=\"async\" width=\"768\" height=\"512\" src=\"https:\/\/www.elturistatranquil.com\/wp-content\/uploads\/F25-Portada-de-la-Iglesia-de-Santiago-de-Aguero-Huesca.jpg\" class=\"attachment-large size-large wp-image-35340\" alt=\"Portada de la Iglesia de Santiago de Ag\u00fcero, Huesca\" srcset=\"https:\/\/www.elturistatranquil.com\/wp-content\/uploads\/F25-Portada-de-la-Iglesia-de-Santiago-de-Aguero-Huesca.jpg 768w, https:\/\/www.elturistatranquil.com\/wp-content\/uploads\/F25-Portada-de-la-Iglesia-de-Santiago-de-Aguero-Huesca-339x226.jpg 339w\" sizes=\"(max-width: 768px) 100vw, 768px\" \/>\t\t\t\t\t\t\t\t\t\t\t<figcaption class=\"widget-image-caption wp-caption-text\"><\/figcaption>\n\t\t\t\t\t\t\t\t\t\t<\/figure>\n\t\t\t\t\t\t\t\t\t<\/div>\n\t\t\t\t<\/div>\n\t\t\t\t<div class=\"elementor-element elementor-element-90ebdfb elementor-widget elementor-widget-text-editor\" data-id=\"90ebdfb\" data-element_type=\"widget\" data-e-type=\"widget\" data-widget_type=\"text-editor.default\">\n\t\t\t\t<div class=\"elementor-widget-container\">\n\t\t\t\t\t\t\t\t\t<p>Una de les interpretacions del simbolisme de les <strong>queixals<\/strong> (mochetas) considera que el de l&#8217;esquerra representa un cap de lle\u00f3 que de la seva boca sorgeix Adam, mentre que de la de la dreta sorgiria Eva. Per a altres, es tracta de dracs.<\/p><p>\u00c9s molt interessant la remembran\u00e7a oriental de les caps.<\/p>\t\t\t\t\t\t\t\t<\/div>\n\t\t\t\t<\/div>\n\t\t\t\t<section class=\"elementor-section elementor-inner-section elementor-element elementor-element-bd8a167 elementor-section-boxed elementor-section-height-default elementor-section-height-default\" data-id=\"bd8a167\" data-element_type=\"section\" data-e-type=\"section\">\n\t\t\t\t\t\t<div class=\"elementor-container elementor-column-gap-default\">\n\t\t\t\t\t<div class=\"elementor-column elementor-col-50 elementor-inner-column elementor-element elementor-element-a19ad02\" data-id=\"a19ad02\" data-element_type=\"column\" data-e-type=\"column\">\n\t\t\t<div class=\"elementor-widget-wrap elementor-element-populated\">\n\t\t\t\t\t\t<div class=\"elementor-element elementor-element-4863d8f elementor-widget elementor-widget-image\" data-id=\"4863d8f\" data-element_type=\"widget\" data-e-type=\"widget\" data-widget_type=\"image.default\">\n\t\t\t\t<div class=\"elementor-widget-container\">\n\t\t\t\t\t\t\t\t\t\t\t\t\t\t\t<img loading=\"lazy\" decoding=\"async\" width=\"380\" height=\"380\" src=\"https:\/\/www.elturistatranquil.com\/wp-content\/uploads\/F26m-Portada-de-la-Iglesia-de-Santiago-de-Aguero-Huesca.jpg\" class=\"attachment-large size-large wp-image-35342\" alt=\"Portada de la Iglesia de Santiago de Ag\u00fcero, Huesca\" srcset=\"https:\/\/www.elturistatranquil.com\/wp-content\/uploads\/F26m-Portada-de-la-Iglesia-de-Santiago-de-Aguero-Huesca.jpg 380w, https:\/\/www.elturistatranquil.com\/wp-content\/uploads\/F26m-Portada-de-la-Iglesia-de-Santiago-de-Aguero-Huesca-226x226.jpg 226w\" sizes=\"(max-width: 380px) 100vw, 380px\" \/>\t\t\t\t\t\t\t\t\t\t\t\t\t\t\t<\/div>\n\t\t\t\t<\/div>\n\t\t\t\t\t<\/div>\n\t\t<\/div>\n\t\t\t\t<div class=\"elementor-column elementor-col-50 elementor-inner-column elementor-element elementor-element-92ceb51\" data-id=\"92ceb51\" data-element_type=\"column\" data-e-type=\"column\">\n\t\t\t<div class=\"elementor-widget-wrap elementor-element-populated\">\n\t\t\t\t\t\t<div class=\"elementor-element elementor-element-7e58894 elementor-widget elementor-widget-image\" data-id=\"7e58894\" data-element_type=\"widget\" data-e-type=\"widget\" data-widget_type=\"image.default\">\n\t\t\t\t<div class=\"elementor-widget-container\">\n\t\t\t\t\t\t\t\t\t\t\t\t\t\t\t<img loading=\"lazy\" decoding=\"async\" width=\"380\" height=\"380\" src=\"https:\/\/www.elturistatranquil.com\/wp-content\/uploads\/F26n-Portada-de-la-Iglesia-de-Santiago-de-Aguero-Huesca.jpg\" class=\"attachment-large size-large wp-image-35344\" alt=\"Portada de la Iglesia de Santiago de Ag\u00fcero, Huesca\" srcset=\"https:\/\/www.elturistatranquil.com\/wp-content\/uploads\/F26n-Portada-de-la-Iglesia-de-Santiago-de-Aguero-Huesca.jpg 380w, https:\/\/www.elturistatranquil.com\/wp-content\/uploads\/F26n-Portada-de-la-Iglesia-de-Santiago-de-Aguero-Huesca-226x226.jpg 226w\" sizes=\"(max-width: 380px) 100vw, 380px\" \/>\t\t\t\t\t\t\t\t\t\t\t\t\t\t\t<\/div>\n\t\t\t\t<\/div>\n\t\t\t\t\t<\/div>\n\t\t<\/div>\n\t\t\t\t\t<\/div>\n\t\t<\/section>\n\t\t\t\t<div class=\"elementor-element elementor-element-eabc401 elementor-widget elementor-widget-image\" data-id=\"eabc401\" data-element_type=\"widget\" data-e-type=\"widget\" data-widget_type=\"image.default\">\n\t\t\t\t<div class=\"elementor-widget-container\">\n\t\t\t\t\t\t\t\t\t\t\t\t<figure class=\"wp-caption\">\n\t\t\t\t\t\t\t\t\t\t<img loading=\"lazy\" decoding=\"async\" width=\"768\" height=\"511\" src=\"https:\/\/www.elturistatranquil.com\/wp-content\/uploads\/F27-Portada-de-la-Iglesia-de-Santiago-de-Aguero-Huesca.jpg\" class=\"attachment-large size-large wp-image-35350\" alt=\"Portada de la Iglesia de Santiago de Ag\u00fcero, Huesca\" srcset=\"https:\/\/www.elturistatranquil.com\/wp-content\/uploads\/F27-Portada-de-la-Iglesia-de-Santiago-de-Aguero-Huesca.jpg 768w, https:\/\/www.elturistatranquil.com\/wp-content\/uploads\/F27-Portada-de-la-Iglesia-de-Santiago-de-Aguero-Huesca-339x226.jpg 339w\" sizes=\"(max-width: 768px) 100vw, 768px\" \/>\t\t\t\t\t\t\t\t\t\t\t<figcaption class=\"widget-image-caption wp-caption-text\"><\/figcaption>\n\t\t\t\t\t\t\t\t\t\t<\/figure>\n\t\t\t\t\t\t\t\t\t<\/div>\n\t\t\t\t<\/div>\n\t\t\t\t<div class=\"elementor-element elementor-element-8a5b041 elementor-widget elementor-widget-image\" data-id=\"8a5b041\" data-element_type=\"widget\" data-e-type=\"widget\" data-widget_type=\"image.default\">\n\t\t\t\t<div class=\"elementor-widget-container\">\n\t\t\t\t\t\t\t\t\t\t\t\t<figure class=\"wp-caption\">\n\t\t\t\t\t\t\t\t\t\t<img loading=\"lazy\" decoding=\"async\" width=\"768\" height=\"512\" src=\"https:\/\/www.elturistatranquil.com\/wp-content\/uploads\/F28-Portada-de-la-Iglesia-de-Santiago-de-Aguero-Huesca.jpg\" class=\"attachment-large size-large wp-image-35352\" alt=\"Portada de la Iglesia de Santiago de Ag\u00fcero, Huesca\" srcset=\"https:\/\/www.elturistatranquil.com\/wp-content\/uploads\/F28-Portada-de-la-Iglesia-de-Santiago-de-Aguero-Huesca.jpg 768w, https:\/\/www.elturistatranquil.com\/wp-content\/uploads\/F28-Portada-de-la-Iglesia-de-Santiago-de-Aguero-Huesca-339x226.jpg 339w\" sizes=\"(max-width: 768px) 100vw, 768px\" \/>\t\t\t\t\t\t\t\t\t\t\t<figcaption class=\"widget-image-caption wp-caption-text\"><\/figcaption>\n\t\t\t\t\t\t\t\t\t\t<\/figure>\n\t\t\t\t\t\t\t\t\t<\/div>\n\t\t\t\t<\/div>\n\t\t\t\t<div class=\"elementor-element elementor-element-829d2bc elementor-widget elementor-widget-image\" data-id=\"829d2bc\" data-element_type=\"widget\" data-e-type=\"widget\" data-widget_type=\"image.default\">\n\t\t\t\t<div class=\"elementor-widget-container\">\n\t\t\t\t\t\t\t\t\t\t\t\t<figure class=\"wp-caption\">\n\t\t\t\t\t\t\t\t\t\t<img loading=\"lazy\" decoding=\"async\" width=\"768\" height=\"512\" src=\"https:\/\/www.elturistatranquil.com\/wp-content\/uploads\/F29-Portada-de-la-Iglesia-de-Santiago-de-Aguero-Huesca.jpg\" class=\"attachment-large size-large wp-image-35354\" alt=\"Portada de la Iglesia de Santiago de Ag\u00fcero, Huesca\" srcset=\"https:\/\/www.elturistatranquil.com\/wp-content\/uploads\/F29-Portada-de-la-Iglesia-de-Santiago-de-Aguero-Huesca.jpg 768w, https:\/\/www.elturistatranquil.com\/wp-content\/uploads\/F29-Portada-de-la-Iglesia-de-Santiago-de-Aguero-Huesca-339x226.jpg 339w\" sizes=\"(max-width: 768px) 100vw, 768px\" \/>\t\t\t\t\t\t\t\t\t\t\t<figcaption class=\"widget-image-caption wp-caption-text\"><\/figcaption>\n\t\t\t\t\t\t\t\t\t\t<\/figure>\n\t\t\t\t\t\t\t\t\t<\/div>\n\t\t\t\t<\/div>\n\t\t\t\t<div class=\"elementor-element elementor-element-02a9979 elementor-widget elementor-widget-text-editor\" data-id=\"02a9979\" data-element_type=\"widget\" data-e-type=\"widget\" data-widget_type=\"text-editor.default\">\n\t\t\t\t<div class=\"elementor-widget-container\">\n\t\t\t\t\t\t\t\t\t<p>Com s&#8217;ha assenyalat al principi, l&#8217;esgl\u00e9sia de Santiago compte en les cares dels seus carreus amb abundants marques de picapedrer, algunes tan peculiars i repetitives -apareixen m\u00e9s de 50 vegades- com una clau. Aquestes marques serien tallades a manera de signatura pels picapedrers que van participar en la construcci\u00f3.<\/p>\t\t\t\t\t\t\t\t<\/div>\n\t\t\t\t<\/div>\n\t\t\t\t<div class=\"elementor-element elementor-element-31e4764 elementor-widget elementor-widget-menu-anchor\" data-id=\"31e4764\" data-element_type=\"widget\" data-e-type=\"widget\" data-widget_type=\"menu-anchor.default\">\n\t\t\t\t<div class=\"elementor-widget-container\">\n\t\t\t\t\t\t\t<div class=\"elementor-menu-anchor\" id=\"b5606\"><\/div>\n\t\t\t\t\t\t<\/div>\n\t\t\t\t<\/div>\n\t\t\t\t<section class=\"elementor-section elementor-inner-section elementor-element elementor-element-0919750 elementor-section-boxed elementor-section-height-default elementor-section-height-default\" data-id=\"0919750\" data-element_type=\"section\" data-e-type=\"section\">\n\t\t\t\t\t\t<div class=\"elementor-container elementor-column-gap-default\">\n\t\t\t\t\t<div class=\"elementor-column elementor-col-50 elementor-inner-column elementor-element elementor-element-4488e98\" data-id=\"4488e98\" data-element_type=\"column\" data-e-type=\"column\">\n\t\t\t<div class=\"elementor-widget-wrap elementor-element-populated\">\n\t\t\t\t\t\t<div class=\"elementor-element elementor-element-914e570 elementor-widget elementor-widget-image\" data-id=\"914e570\" data-element_type=\"widget\" data-e-type=\"widget\" data-widget_type=\"image.default\">\n\t\t\t\t<div class=\"elementor-widget-container\">\n\t\t\t\t\t\t\t\t\t\t\t\t\t\t\t<img loading=\"lazy\" decoding=\"async\" width=\"380\" height=\"380\" src=\"https:\/\/www.elturistatranquil.com\/wp-content\/uploads\/F30m-Iglesia-de-Santiago-de-Aguero-Huesca.jpg\" class=\"attachment-large size-large wp-image-35356\" alt=\"Portada de la Iglesia de Santiago de Ag\u00fcero, Huesca\" srcset=\"https:\/\/www.elturistatranquil.com\/wp-content\/uploads\/F30m-Iglesia-de-Santiago-de-Aguero-Huesca.jpg 380w, https:\/\/www.elturistatranquil.com\/wp-content\/uploads\/F30m-Iglesia-de-Santiago-de-Aguero-Huesca-226x226.jpg 226w\" sizes=\"(max-width: 380px) 100vw, 380px\" \/>\t\t\t\t\t\t\t\t\t\t\t\t\t\t\t<\/div>\n\t\t\t\t<\/div>\n\t\t\t\t\t<\/div>\n\t\t<\/div>\n\t\t\t\t<div class=\"elementor-column elementor-col-50 elementor-inner-column elementor-element elementor-element-562b5c3\" data-id=\"562b5c3\" data-element_type=\"column\" data-e-type=\"column\">\n\t\t\t<div class=\"elementor-widget-wrap elementor-element-populated\">\n\t\t\t\t\t\t<div class=\"elementor-element elementor-element-e50b864 elementor-widget elementor-widget-image\" data-id=\"e50b864\" data-element_type=\"widget\" data-e-type=\"widget\" data-widget_type=\"image.default\">\n\t\t\t\t<div class=\"elementor-widget-container\">\n\t\t\t\t\t\t\t\t\t\t\t\t\t\t\t<img loading=\"lazy\" decoding=\"async\" width=\"380\" height=\"380\" src=\"https:\/\/www.elturistatranquil.com\/wp-content\/uploads\/F30n-Iglesia-de-Santiago-de-Aguero-Huesca.jpg\" class=\"attachment-large size-large wp-image-35358\" alt=\"Portada de la Iglesia de Santiago de Ag\u00fcero, Huesca\" srcset=\"https:\/\/www.elturistatranquil.com\/wp-content\/uploads\/F30n-Iglesia-de-Santiago-de-Aguero-Huesca.jpg 380w, https:\/\/www.elturistatranquil.com\/wp-content\/uploads\/F30n-Iglesia-de-Santiago-de-Aguero-Huesca-226x226.jpg 226w\" sizes=\"(max-width: 380px) 100vw, 380px\" \/>\t\t\t\t\t\t\t\t\t\t\t\t\t\t\t<\/div>\n\t\t\t\t<\/div>\n\t\t\t\t\t<\/div>\n\t\t<\/div>\n\t\t\t\t\t<\/div>\n\t\t<\/section>\n\t\t\t\t<div class=\"elementor-element elementor-element-800d23f elementor-widget elementor-widget-heading\" data-id=\"800d23f\" data-element_type=\"widget\" data-e-type=\"widget\" data-widget_type=\"heading.default\">\n\t\t\t\t<div class=\"elementor-widget-container\">\n\t\t\t\t\t<h3 class=\"elementor-heading-title elementor-size-default\">Interior del temple<\/h3>\t\t\t\t<\/div>\n\t\t\t\t<\/div>\n\t\t\t\t<div class=\"elementor-element elementor-element-ac9ed0d elementor-widget elementor-widget-text-editor\" data-id=\"ac9ed0d\" data-element_type=\"widget\" data-e-type=\"widget\" data-widget_type=\"text-editor.default\">\n\t\t\t\t<div class=\"elementor-widget-container\">\n\t\t\t\t\t\t\t\t\t<p>A l&#8217;entrar es travessa per una portada interior formada per una arquivolta sortint, recolzada en quatre fustes cil\u00edndrics aparellats i capitell com\u00fa a entre ambdues parelles.<\/p><p>Com el recinte no disposa de llum el\u00e8ctrica, podrem percebre la penombra ambiental en qu\u00e8 es desenvolupaven les cerim\u00f2nies a l&#8217;interior d\u2019un temple rom\u00e0nic.<\/p>\t\t\t\t\t\t\t\t<\/div>\n\t\t\t\t<\/div>\n\t\t\t\t<div class=\"elementor-element elementor-element-8e1d316 elementor-widget elementor-widget-image\" data-id=\"8e1d316\" data-element_type=\"widget\" data-e-type=\"widget\" data-widget_type=\"image.default\">\n\t\t\t\t<div class=\"elementor-widget-container\">\n\t\t\t\t\t\t\t\t\t\t\t\t<figure class=\"wp-caption\">\n\t\t\t\t\t\t\t\t\t\t<img loading=\"lazy\" decoding=\"async\" width=\"768\" height=\"512\" src=\"https:\/\/www.elturistatranquil.com\/wp-content\/uploads\/F31-Iglesia-de-Santiago-de-Aguero-Huesca.jpg\" class=\"attachment-large size-large wp-image-35360\" alt=\"Iglesia de Santiago de Ag\u00fcero, Huesca\" srcset=\"https:\/\/www.elturistatranquil.com\/wp-content\/uploads\/F31-Iglesia-de-Santiago-de-Aguero-Huesca.jpg 768w, https:\/\/www.elturistatranquil.com\/wp-content\/uploads\/F31-Iglesia-de-Santiago-de-Aguero-Huesca-339x226.jpg 339w\" sizes=\"(max-width: 768px) 100vw, 768px\" \/>\t\t\t\t\t\t\t\t\t\t\t<figcaption class=\"widget-image-caption wp-caption-text\"><\/figcaption>\n\t\t\t\t\t\t\t\t\t\t<\/figure>\n\t\t\t\t\t\t\t\t\t<\/div>\n\t\t\t\t<\/div>\n\t\t\t\t<div class=\"elementor-element elementor-element-c3046f5 elementor-widget elementor-widget-text-editor\" data-id=\"c3046f5\" data-element_type=\"widget\" data-e-type=\"widget\" data-widget_type=\"text-editor.default\">\n\t\t\t\t<div class=\"elementor-widget-container\">\n\t\t\t\t\t\t\t\t\t<p>Les voltes s\u00f3n de mig can\u00f3 apuntat, amb arcs faixons.<\/p><p>A les fotografies seg\u00fcents podem apreciar que, mentre que les corresponents a l&#8217;arc triomfal del presbiteri s\u00f3n del mateix estil i qualitat escult\u00f2rica, les del primer tram central del temple s\u00f3n diferents entre si. La m\u00e9s propera a l&#8217;entrada \u00e9s de la mateixa qualitat que les anteriors, mentre que la de la banda nord est\u00e0 sense elaborar, el que corroboraria que aquesta part s&#8217;hauria constru\u00eft quan ja s&#8217;havia pres la decisi\u00f3 de no acabar l&#8217;esgl\u00e9sia, i nom\u00e9s interessava tancar el recinte el m\u00e9s r\u00e0pidament possible.<\/p>\t\t\t\t\t\t\t\t<\/div>\n\t\t\t\t<\/div>\n\t\t\t\t<div class=\"elementor-element elementor-element-b4ca05b elementor-widget elementor-widget-image\" data-id=\"b4ca05b\" data-element_type=\"widget\" data-e-type=\"widget\" data-widget_type=\"image.default\">\n\t\t\t\t<div class=\"elementor-widget-container\">\n\t\t\t\t\t\t\t\t\t\t\t\t<figure class=\"wp-caption\">\n\t\t\t\t\t\t\t\t\t\t<img loading=\"lazy\" decoding=\"async\" width=\"768\" height=\"512\" src=\"https:\/\/www.elturistatranquil.com\/wp-content\/uploads\/F32-Iglesia-de-Santiago-de-Aguero-Huesca.jpg\" class=\"attachment-large size-large wp-image-35362\" alt=\"Iglesia de Santiago de Ag\u00fcero, Huesca\" srcset=\"https:\/\/www.elturistatranquil.com\/wp-content\/uploads\/F32-Iglesia-de-Santiago-de-Aguero-Huesca.jpg 768w, https:\/\/www.elturistatranquil.com\/wp-content\/uploads\/F32-Iglesia-de-Santiago-de-Aguero-Huesca-339x226.jpg 339w\" sizes=\"(max-width: 768px) 100vw, 768px\" \/>\t\t\t\t\t\t\t\t\t\t\t<figcaption class=\"widget-image-caption wp-caption-text\"><\/figcaption>\n\t\t\t\t\t\t\t\t\t\t<\/figure>\n\t\t\t\t\t\t\t\t\t<\/div>\n\t\t\t\t<\/div>\n\t\t\t\t<section class=\"elementor-section elementor-inner-section elementor-element elementor-element-161d19b elementor-section-boxed elementor-section-height-default elementor-section-height-default\" data-id=\"161d19b\" data-element_type=\"section\" data-e-type=\"section\">\n\t\t\t\t\t\t<div class=\"elementor-container elementor-column-gap-default\">\n\t\t\t\t\t<div class=\"elementor-column elementor-col-50 elementor-inner-column elementor-element elementor-element-c1d3cef\" data-id=\"c1d3cef\" data-element_type=\"column\" data-e-type=\"column\">\n\t\t\t<div class=\"elementor-widget-wrap elementor-element-populated\">\n\t\t\t\t\t\t<div class=\"elementor-element elementor-element-f0af688 elementor-widget elementor-widget-image\" data-id=\"f0af688\" data-element_type=\"widget\" data-e-type=\"widget\" data-widget_type=\"image.default\">\n\t\t\t\t<div class=\"elementor-widget-container\">\n\t\t\t\t\t\t\t\t\t\t\t\t\t\t\t<img loading=\"lazy\" decoding=\"async\" width=\"380\" height=\"507\" src=\"https:\/\/www.elturistatranquil.com\/wp-content\/uploads\/F33m-Iglesia-de-Santiago-de-Aguero-Huesca.jpg\" class=\"attachment-large size-large wp-image-35364\" alt=\"Iglesia de Santiago de Ag\u00fcero, Huesca\" srcset=\"https:\/\/www.elturistatranquil.com\/wp-content\/uploads\/F33m-Iglesia-de-Santiago-de-Aguero-Huesca.jpg 380w, https:\/\/www.elturistatranquil.com\/wp-content\/uploads\/F33m-Iglesia-de-Santiago-de-Aguero-Huesca-169x226.jpg 169w\" sizes=\"(max-width: 380px) 100vw, 380px\" \/>\t\t\t\t\t\t\t\t\t\t\t\t\t\t\t<\/div>\n\t\t\t\t<\/div>\n\t\t\t\t\t<\/div>\n\t\t<\/div>\n\t\t\t\t<div class=\"elementor-column elementor-col-50 elementor-inner-column elementor-element elementor-element-7555074\" data-id=\"7555074\" data-element_type=\"column\" data-e-type=\"column\">\n\t\t\t<div class=\"elementor-widget-wrap elementor-element-populated\">\n\t\t\t\t\t\t<div class=\"elementor-element elementor-element-5ee703b elementor-widget elementor-widget-image\" data-id=\"5ee703b\" data-element_type=\"widget\" data-e-type=\"widget\" data-widget_type=\"image.default\">\n\t\t\t\t<div class=\"elementor-widget-container\">\n\t\t\t\t\t\t\t\t\t\t\t\t\t\t\t<img loading=\"lazy\" decoding=\"async\" width=\"380\" height=\"507\" src=\"https:\/\/www.elturistatranquil.com\/wp-content\/uploads\/F33n-Iglesia-de-Santiago-de-Aguero-Huesca.jpg\" class=\"attachment-large size-large wp-image-35366\" alt=\"Iglesia de Santiago de Ag\u00fcero, Huesca\" srcset=\"https:\/\/www.elturistatranquil.com\/wp-content\/uploads\/F33n-Iglesia-de-Santiago-de-Aguero-Huesca.jpg 380w, https:\/\/www.elturistatranquil.com\/wp-content\/uploads\/F33n-Iglesia-de-Santiago-de-Aguero-Huesca-169x226.jpg 169w\" sizes=\"(max-width: 380px) 100vw, 380px\" \/>\t\t\t\t\t\t\t\t\t\t\t\t\t\t\t<\/div>\n\t\t\t\t<\/div>\n\t\t\t\t\t<\/div>\n\t\t<\/div>\n\t\t\t\t\t<\/div>\n\t\t<\/section>\n\t\t\t\t<div class=\"elementor-element elementor-element-cf31be5 elementor-widget elementor-widget-menu-anchor\" data-id=\"cf31be5\" data-element_type=\"widget\" data-e-type=\"widget\" data-widget_type=\"menu-anchor.default\">\n\t\t\t\t<div class=\"elementor-widget-container\">\n\t\t\t\t\t\t\t<div class=\"elementor-menu-anchor\" id=\"b5607\"><\/div>\n\t\t\t\t\t\t<\/div>\n\t\t\t\t<\/div>\n\t\t\t\t<div class=\"elementor-element elementor-element-171621f elementor-widget elementor-widget-image\" data-id=\"171621f\" data-element_type=\"widget\" data-e-type=\"widget\" data-widget_type=\"image.default\">\n\t\t\t\t<div class=\"elementor-widget-container\">\n\t\t\t\t\t\t\t\t\t\t\t\t<figure class=\"wp-caption\">\n\t\t\t\t\t\t\t\t\t\t<img loading=\"lazy\" decoding=\"async\" width=\"768\" height=\"317\" src=\"https:\/\/www.elturistatranquil.com\/wp-content\/uploads\/F34-Iglesia-de-Santiago-de-Aguero-Huesca.jpg\" class=\"attachment-large size-large wp-image-35368\" alt=\"Iglesia de Santiago de Ag\u00fcero, Huesca\" srcset=\"https:\/\/www.elturistatranquil.com\/wp-content\/uploads\/F34-Iglesia-de-Santiago-de-Aguero-Huesca.jpg 768w, https:\/\/www.elturistatranquil.com\/wp-content\/uploads\/F34-Iglesia-de-Santiago-de-Aguero-Huesca-339x140.jpg 339w\" sizes=\"(max-width: 768px) 100vw, 768px\" \/>\t\t\t\t\t\t\t\t\t\t\t<figcaption class=\"widget-image-caption wp-caption-text\"><\/figcaption>\n\t\t\t\t\t\t\t\t\t\t<\/figure>\n\t\t\t\t\t\t\t\t\t<\/div>\n\t\t\t\t<\/div>\n\t\t\t\t<div class=\"elementor-element elementor-element-0334d5d elementor-widget elementor-widget-heading\" data-id=\"0334d5d\" data-element_type=\"widget\" data-e-type=\"widget\" data-widget_type=\"heading.default\">\n\t\t\t\t<div class=\"elementor-widget-container\">\n\t\t\t\t\t<h4 class=\"elementor-heading-title elementor-size-default\">Els absis<\/h4>\t\t\t\t<\/div>\n\t\t\t\t<\/div>\n\t\t\t\t<div class=\"elementor-element elementor-element-07f25f3 elementor-widget elementor-widget-text-editor\" data-id=\"07f25f3\" data-element_type=\"widget\" data-e-type=\"widget\" data-widget_type=\"text-editor.default\">\n\t\t\t\t<div class=\"elementor-widget-container\">\n\t\t\t\t\t\t\t\t\t<p>La decoraci\u00f3 interior es concentra en els absis.<\/p><p>Els absis semicirculars es cobreixen amb quart d&#8217;esfera, estant refor\u00e7ada la central per dos nervis de secci\u00f3 rectangular i per l&#8217;arc d&#8217;embocadura que baixa a dobles columnes.<\/p><p>L&#8217;<strong>absis central <\/strong>est\u00e0 recorregut per una arqueria cega sobre columnes amb capitells esculpits, una imposta de separaci\u00f3 i tres parelles de finestres en doble esqueixada.<\/p><p>La pres\u00e8ncia de nombrosos forats de la bastida (forats per inserir bigues de la bastida durant la construcci\u00f3) aporten una altra mostra d&#8217;edifici inacabat.<\/p>\t\t\t\t\t\t\t\t<\/div>\n\t\t\t\t<\/div>\n\t\t\t\t<section class=\"elementor-section elementor-inner-section elementor-element elementor-element-55502a3 elementor-section-boxed elementor-section-height-default elementor-section-height-default\" data-id=\"55502a3\" data-element_type=\"section\" data-e-type=\"section\">\n\t\t\t\t\t\t<div class=\"elementor-container elementor-column-gap-default\">\n\t\t\t\t\t<div class=\"elementor-column elementor-col-50 elementor-inner-column elementor-element elementor-element-7adf0fa\" data-id=\"7adf0fa\" data-element_type=\"column\" data-e-type=\"column\">\n\t\t\t<div class=\"elementor-widget-wrap elementor-element-populated\">\n\t\t\t\t\t\t<div class=\"elementor-element elementor-element-61f9200 elementor-widget elementor-widget-image\" data-id=\"61f9200\" data-element_type=\"widget\" data-e-type=\"widget\" data-widget_type=\"image.default\">\n\t\t\t\t<div class=\"elementor-widget-container\">\n\t\t\t\t\t\t\t\t\t\t\t\t\t\t\t<img loading=\"lazy\" decoding=\"async\" width=\"380\" height=\"507\" src=\"https:\/\/www.elturistatranquil.com\/wp-content\/uploads\/F35o-Iglesia-de-Santiago-de-Aguero-Huesca.jpg\" class=\"attachment-large size-large wp-image-35370\" alt=\"Iglesia de Santiago de Ag\u00fcero, Huesca\" srcset=\"https:\/\/www.elturistatranquil.com\/wp-content\/uploads\/F35o-Iglesia-de-Santiago-de-Aguero-Huesca.jpg 380w, https:\/\/www.elturistatranquil.com\/wp-content\/uploads\/F35o-Iglesia-de-Santiago-de-Aguero-Huesca-169x226.jpg 169w\" sizes=\"(max-width: 380px) 100vw, 380px\" \/>\t\t\t\t\t\t\t\t\t\t\t\t\t\t\t<\/div>\n\t\t\t\t<\/div>\n\t\t\t\t\t<\/div>\n\t\t<\/div>\n\t\t\t\t<div class=\"elementor-column elementor-col-50 elementor-inner-column elementor-element elementor-element-1b5b666\" data-id=\"1b5b666\" data-element_type=\"column\" data-e-type=\"column\">\n\t\t\t<div class=\"elementor-widget-wrap elementor-element-populated\">\n\t\t\t\t\t\t<div class=\"elementor-element elementor-element-7a5e7a0 elementor-widget elementor-widget-image\" data-id=\"7a5e7a0\" data-element_type=\"widget\" data-e-type=\"widget\" data-widget_type=\"image.default\">\n\t\t\t\t<div class=\"elementor-widget-container\">\n\t\t\t\t\t\t\t\t\t\t\t\t\t\t\t<img loading=\"lazy\" decoding=\"async\" width=\"380\" height=\"507\" src=\"https:\/\/www.elturistatranquil.com\/wp-content\/uploads\/F35p-Iglesia-de-Santiago-de-Aguero-Huesca.jpg\" class=\"attachment-large size-large wp-image-35372\" alt=\"Iglesia de Santiago de Ag\u00fcero, Huesca\" srcset=\"https:\/\/www.elturistatranquil.com\/wp-content\/uploads\/F35p-Iglesia-de-Santiago-de-Aguero-Huesca.jpg 380w, https:\/\/www.elturistatranquil.com\/wp-content\/uploads\/F35p-Iglesia-de-Santiago-de-Aguero-Huesca-169x226.jpg 169w\" sizes=\"(max-width: 380px) 100vw, 380px\" \/>\t\t\t\t\t\t\t\t\t\t\t\t\t\t\t<\/div>\n\t\t\t\t<\/div>\n\t\t\t\t\t<\/div>\n\t\t<\/div>\n\t\t\t\t\t<\/div>\n\t\t<\/section>\n\t\t\t\t<section class=\"elementor-section elementor-inner-section elementor-element elementor-element-8822167 elementor-section-boxed elementor-section-height-default elementor-section-height-default\" data-id=\"8822167\" data-element_type=\"section\" data-e-type=\"section\">\n\t\t\t\t\t\t<div class=\"elementor-container elementor-column-gap-default\">\n\t\t\t\t\t<div class=\"elementor-column elementor-col-50 elementor-inner-column elementor-element elementor-element-3c9beaf\" data-id=\"3c9beaf\" data-element_type=\"column\" data-e-type=\"column\">\n\t\t\t<div class=\"elementor-widget-wrap elementor-element-populated\">\n\t\t\t\t\t\t<div class=\"elementor-element elementor-element-542745c elementor-widget elementor-widget-image\" data-id=\"542745c\" data-element_type=\"widget\" data-e-type=\"widget\" data-widget_type=\"image.default\">\n\t\t\t\t<div class=\"elementor-widget-container\">\n\t\t\t\t\t\t\t\t\t\t\t\t\t\t\t<img loading=\"lazy\" decoding=\"async\" width=\"380\" height=\"507\" src=\"https:\/\/www.elturistatranquil.com\/wp-content\/uploads\/F35q-Iglesia-de-Santiago-de-Aguero-Huesca.jpg\" class=\"attachment-large size-large wp-image-35374\" alt=\"Iglesia de Santiago de Ag\u00fcero, Huesca\" srcset=\"https:\/\/www.elturistatranquil.com\/wp-content\/uploads\/F35q-Iglesia-de-Santiago-de-Aguero-Huesca.jpg 380w, https:\/\/www.elturistatranquil.com\/wp-content\/uploads\/F35q-Iglesia-de-Santiago-de-Aguero-Huesca-169x226.jpg 169w\" sizes=\"(max-width: 380px) 100vw, 380px\" \/>\t\t\t\t\t\t\t\t\t\t\t\t\t\t\t<\/div>\n\t\t\t\t<\/div>\n\t\t\t\t\t<\/div>\n\t\t<\/div>\n\t\t\t\t<div class=\"elementor-column elementor-col-50 elementor-inner-column elementor-element elementor-element-ef22830\" data-id=\"ef22830\" data-element_type=\"column\" data-e-type=\"column\">\n\t\t\t<div class=\"elementor-widget-wrap elementor-element-populated\">\n\t\t\t\t\t\t<div class=\"elementor-element elementor-element-65e9adb elementor-widget elementor-widget-image\" data-id=\"65e9adb\" data-element_type=\"widget\" data-e-type=\"widget\" data-widget_type=\"image.default\">\n\t\t\t\t<div class=\"elementor-widget-container\">\n\t\t\t\t\t\t\t\t\t\t\t\t\t\t\t<img loading=\"lazy\" decoding=\"async\" width=\"380\" height=\"507\" src=\"https:\/\/www.elturistatranquil.com\/wp-content\/uploads\/F35r-Iglesia-de-Santiago-de-Aguero-Huesca.jpg\" class=\"attachment-large size-large wp-image-35376\" alt=\"Iglesia de Santiago de Ag\u00fcero, Huesca\" srcset=\"https:\/\/www.elturistatranquil.com\/wp-content\/uploads\/F35r-Iglesia-de-Santiago-de-Aguero-Huesca.jpg 380w, https:\/\/www.elturistatranquil.com\/wp-content\/uploads\/F35r-Iglesia-de-Santiago-de-Aguero-Huesca-169x226.jpg 169w\" sizes=\"(max-width: 380px) 100vw, 380px\" \/>\t\t\t\t\t\t\t\t\t\t\t\t\t\t\t<\/div>\n\t\t\t\t<\/div>\n\t\t\t\t\t<\/div>\n\t\t<\/div>\n\t\t\t\t\t<\/div>\n\t\t<\/section>\n\t\t\t\t<div class=\"elementor-element elementor-element-9028d10 elementor-widget elementor-widget-image\" data-id=\"9028d10\" data-element_type=\"widget\" data-e-type=\"widget\" data-widget_type=\"image.default\">\n\t\t\t\t<div class=\"elementor-widget-container\">\n\t\t\t\t\t\t\t\t\t\t\t\t<figure class=\"wp-caption\">\n\t\t\t\t\t\t\t\t\t\t<img loading=\"lazy\" decoding=\"async\" width=\"768\" height=\"512\" src=\"https:\/\/www.elturistatranquil.com\/wp-content\/uploads\/F36-Iglesia-de-Santiago-de-Aguero-Huesca.jpg\" class=\"attachment-large size-large wp-image-35378\" alt=\"Iglesia de Santiago de Ag\u00fcero, Huesca\" srcset=\"https:\/\/www.elturistatranquil.com\/wp-content\/uploads\/F36-Iglesia-de-Santiago-de-Aguero-Huesca.jpg 768w, https:\/\/www.elturistatranquil.com\/wp-content\/uploads\/F36-Iglesia-de-Santiago-de-Aguero-Huesca-339x226.jpg 339w\" sizes=\"(max-width: 768px) 100vw, 768px\" \/>\t\t\t\t\t\t\t\t\t\t\t<figcaption class=\"widget-image-caption wp-caption-text\"><\/figcaption>\n\t\t\t\t\t\t\t\t\t\t<\/figure>\n\t\t\t\t\t\t\t\t\t<\/div>\n\t\t\t\t<\/div>\n\t\t\t\t<div class=\"elementor-element elementor-element-43ef6c4 elementor-widget elementor-widget-image\" data-id=\"43ef6c4\" data-element_type=\"widget\" data-e-type=\"widget\" data-widget_type=\"image.default\">\n\t\t\t\t<div class=\"elementor-widget-container\">\n\t\t\t\t\t\t\t\t\t\t\t\t<figure class=\"wp-caption\">\n\t\t\t\t\t\t\t\t\t\t<img loading=\"lazy\" decoding=\"async\" width=\"768\" height=\"512\" src=\"https:\/\/www.elturistatranquil.com\/wp-content\/uploads\/F37n-Iglesia-de-Santiago-de-Aguero-Huesca.jpg\" class=\"attachment-large size-large wp-image-35380\" alt=\"Iglesia de Santiago de Ag\u00fcero, Huesca\" srcset=\"https:\/\/www.elturistatranquil.com\/wp-content\/uploads\/F37n-Iglesia-de-Santiago-de-Aguero-Huesca.jpg 768w, https:\/\/www.elturistatranquil.com\/wp-content\/uploads\/F37n-Iglesia-de-Santiago-de-Aguero-Huesca-339x226.jpg 339w\" sizes=\"(max-width: 768px) 100vw, 768px\" \/>\t\t\t\t\t\t\t\t\t\t\t<figcaption class=\"widget-image-caption wp-caption-text\"><\/figcaption>\n\t\t\t\t\t\t\t\t\t\t<\/figure>\n\t\t\t\t\t\t\t\t\t<\/div>\n\t\t\t\t<\/div>\n\t\t\t\t<div class=\"elementor-element elementor-element-79ab3e4 elementor-widget elementor-widget-text-editor\" data-id=\"79ab3e4\" data-element_type=\"widget\" data-e-type=\"widget\" data-widget_type=\"text-editor.default\">\n\t\t\t\t<div class=\"elementor-widget-container\">\n\t\t\t\t\t\t\t\t\t<p>La il\u00b7luminaci\u00f3 de l&#8217;absis central es realitza per 6 obertures altes i estretes, aparellades de 2 en 2, amb entrada de llum per doble esqueixada, tot i que el vessament interior \u00e9s el dominant. La tr\u00edada de dobles finestres correspon a la simbologia de la Sant\u00edssima Trinitat, usual en els absis centrals rom\u00e0nics.<\/p><p>Sorpr\u00e8n la difer\u00e8ncia de construcci\u00f3 exterior entre els arcs superiors de les finestres centrals.<\/p>\t\t\t\t\t\t\t\t<\/div>\n\t\t\t\t<\/div>\n\t\t\t\t<section class=\"elementor-section elementor-inner-section elementor-element elementor-element-eb71279 elementor-section-boxed elementor-section-height-default elementor-section-height-default\" data-id=\"eb71279\" data-element_type=\"section\" data-e-type=\"section\">\n\t\t\t\t\t\t<div class=\"elementor-container elementor-column-gap-default\">\n\t\t\t\t\t<div class=\"elementor-column elementor-col-50 elementor-inner-column elementor-element elementor-element-64bec7b\" data-id=\"64bec7b\" data-element_type=\"column\" data-e-type=\"column\">\n\t\t\t<div class=\"elementor-widget-wrap elementor-element-populated\">\n\t\t\t\t\t\t<div class=\"elementor-element elementor-element-87e2473 elementor-widget elementor-widget-image\" data-id=\"87e2473\" data-element_type=\"widget\" data-e-type=\"widget\" data-widget_type=\"image.default\">\n\t\t\t\t<div class=\"elementor-widget-container\">\n\t\t\t\t\t\t\t\t\t\t\t\t\t\t\t<img loading=\"lazy\" decoding=\"async\" width=\"366\" height=\"550\" src=\"https:\/\/www.elturistatranquil.com\/wp-content\/uploads\/F38m-Iglesia-de-Santiago-de-Aguero-Huesca.jpg\" class=\"attachment-large size-large wp-image-35382\" alt=\"Iglesia de Santiago de Ag\u00fcero, Huesca\" srcset=\"https:\/\/www.elturistatranquil.com\/wp-content\/uploads\/F38m-Iglesia-de-Santiago-de-Aguero-Huesca.jpg 366w, https:\/\/www.elturistatranquil.com\/wp-content\/uploads\/F38m-Iglesia-de-Santiago-de-Aguero-Huesca-150x226.jpg 150w\" sizes=\"(max-width: 366px) 100vw, 366px\" \/>\t\t\t\t\t\t\t\t\t\t\t\t\t\t\t<\/div>\n\t\t\t\t<\/div>\n\t\t\t\t\t<\/div>\n\t\t<\/div>\n\t\t\t\t<div class=\"elementor-column elementor-col-50 elementor-inner-column elementor-element elementor-element-3c92af6\" data-id=\"3c92af6\" data-element_type=\"column\" data-e-type=\"column\">\n\t\t\t<div class=\"elementor-widget-wrap elementor-element-populated\">\n\t\t\t\t\t\t<div class=\"elementor-element elementor-element-0ce2df5 elementor-widget elementor-widget-image\" data-id=\"0ce2df5\" data-element_type=\"widget\" data-e-type=\"widget\" data-widget_type=\"image.default\">\n\t\t\t\t<div class=\"elementor-widget-container\">\n\t\t\t\t\t\t\t\t\t\t\t\t\t\t\t<img loading=\"lazy\" decoding=\"async\" width=\"366\" height=\"550\" src=\"https:\/\/www.elturistatranquil.com\/wp-content\/uploads\/F38n-Iglesia-de-Santiago-de-Aguero-Huesca.jpg\" class=\"attachment-large size-large wp-image-35384\" alt=\"Iglesia de Santiago de Ag\u00fcero, Huesca\" srcset=\"https:\/\/www.elturistatranquil.com\/wp-content\/uploads\/F38n-Iglesia-de-Santiago-de-Aguero-Huesca.jpg 366w, https:\/\/www.elturistatranquil.com\/wp-content\/uploads\/F38n-Iglesia-de-Santiago-de-Aguero-Huesca-150x226.jpg 150w\" sizes=\"(max-width: 366px) 100vw, 366px\" \/>\t\t\t\t\t\t\t\t\t\t\t\t\t\t\t<\/div>\n\t\t\t\t<\/div>\n\t\t\t\t\t<\/div>\n\t\t<\/div>\n\t\t\t\t\t<\/div>\n\t\t<\/section>\n\t\t\t\t<div class=\"elementor-element elementor-element-531b4cc elementor-widget elementor-widget-text-editor\" data-id=\"531b4cc\" data-element_type=\"widget\" data-e-type=\"widget\" data-widget_type=\"text-editor.default\">\n\t\t\t\t<div class=\"elementor-widget-container\">\n\t\t\t\t\t\t\t\t\t<p>\u00a0<\/p><p>Tots els capitells de l&#8217;interior de l&#8217;absis estan adornats amb motius geom\u00e8trics o vegetals, a excepci\u00f3 d&#8217;un que representa un cap coronat.<\/p><p>Es considera que la difer\u00e8ncia d&#8217;estil m\u00e9s sobri en relaci\u00f3 a la resta de capitells del taller de Maestro de Ag\u00fcero correspondrien a un moment de la construcci\u00f3 sota influ\u00e8ncia cistercenca.<\/p>\t\t\t\t\t\t\t\t<\/div>\n\t\t\t\t<\/div>\n\t\t\t\t<section class=\"elementor-section elementor-inner-section elementor-element elementor-element-88feea2 elementor-section-boxed elementor-section-height-default elementor-section-height-default\" data-id=\"88feea2\" data-element_type=\"section\" data-e-type=\"section\">\n\t\t\t\t\t\t<div class=\"elementor-container elementor-column-gap-default\">\n\t\t\t\t\t<div class=\"elementor-column elementor-col-50 elementor-inner-column elementor-element elementor-element-3cc96e0\" data-id=\"3cc96e0\" data-element_type=\"column\" data-e-type=\"column\">\n\t\t\t<div class=\"elementor-widget-wrap elementor-element-populated\">\n\t\t\t\t\t\t<div class=\"elementor-element elementor-element-6e8df1a elementor-widget elementor-widget-image\" data-id=\"6e8df1a\" data-element_type=\"widget\" data-e-type=\"widget\" data-widget_type=\"image.default\">\n\t\t\t\t<div class=\"elementor-widget-container\">\n\t\t\t\t\t\t\t\t\t\t\t\t\t\t\t<img loading=\"lazy\" decoding=\"async\" width=\"380\" height=\"380\" src=\"https:\/\/www.elturistatranquil.com\/wp-content\/uploads\/F39m-Iglesia-de-Santiago-de-Aguero-Huesca.jpg\" class=\"attachment-large size-large wp-image-35386\" alt=\"Iglesia de Santiago de Ag\u00fcero, Huesca\" srcset=\"https:\/\/www.elturistatranquil.com\/wp-content\/uploads\/F39m-Iglesia-de-Santiago-de-Aguero-Huesca.jpg 380w, https:\/\/www.elturistatranquil.com\/wp-content\/uploads\/F39m-Iglesia-de-Santiago-de-Aguero-Huesca-226x226.jpg 226w\" sizes=\"(max-width: 380px) 100vw, 380px\" \/>\t\t\t\t\t\t\t\t\t\t\t\t\t\t\t<\/div>\n\t\t\t\t<\/div>\n\t\t\t\t\t<\/div>\n\t\t<\/div>\n\t\t\t\t<div class=\"elementor-column elementor-col-50 elementor-inner-column elementor-element elementor-element-78e4519\" data-id=\"78e4519\" data-element_type=\"column\" data-e-type=\"column\">\n\t\t\t<div class=\"elementor-widget-wrap elementor-element-populated\">\n\t\t\t\t\t\t<div class=\"elementor-element elementor-element-527aa79 elementor-widget elementor-widget-image\" data-id=\"527aa79\" data-element_type=\"widget\" data-e-type=\"widget\" data-widget_type=\"image.default\">\n\t\t\t\t<div class=\"elementor-widget-container\">\n\t\t\t\t\t\t\t\t\t\t\t\t\t\t\t<img loading=\"lazy\" decoding=\"async\" width=\"380\" height=\"380\" src=\"https:\/\/www.elturistatranquil.com\/wp-content\/uploads\/F39n-Iglesia-de-Santiago-de-Aguero-Huesca.jpg\" class=\"attachment-large size-large wp-image-35388\" alt=\"Iglesia de Santiago de Ag\u00fcero, Huesca\" srcset=\"https:\/\/www.elturistatranquil.com\/wp-content\/uploads\/F39n-Iglesia-de-Santiago-de-Aguero-Huesca.jpg 380w, https:\/\/www.elturistatranquil.com\/wp-content\/uploads\/F39n-Iglesia-de-Santiago-de-Aguero-Huesca-226x226.jpg 226w\" sizes=\"(max-width: 380px) 100vw, 380px\" \/>\t\t\t\t\t\t\t\t\t\t\t\t\t\t\t<\/div>\n\t\t\t\t<\/div>\n\t\t\t\t\t<\/div>\n\t\t<\/div>\n\t\t\t\t\t<\/div>\n\t\t<\/section>\n\t\t\t\t<section class=\"elementor-section elementor-inner-section elementor-element elementor-element-3e4bf55 elementor-section-boxed elementor-section-height-default elementor-section-height-default\" data-id=\"3e4bf55\" data-element_type=\"section\" data-e-type=\"section\">\n\t\t\t\t\t\t<div class=\"elementor-container elementor-column-gap-default\">\n\t\t\t\t\t<div class=\"elementor-column elementor-col-50 elementor-inner-column elementor-element elementor-element-53451d5\" data-id=\"53451d5\" data-element_type=\"column\" data-e-type=\"column\">\n\t\t\t<div class=\"elementor-widget-wrap elementor-element-populated\">\n\t\t\t\t\t\t<div class=\"elementor-element elementor-element-bdb655a elementor-widget elementor-widget-image\" data-id=\"bdb655a\" data-element_type=\"widget\" data-e-type=\"widget\" data-widget_type=\"image.default\">\n\t\t\t\t<div class=\"elementor-widget-container\">\n\t\t\t\t\t\t\t\t\t\t\t\t\t\t\t<img loading=\"lazy\" decoding=\"async\" width=\"380\" height=\"380\" src=\"https:\/\/www.elturistatranquil.com\/wp-content\/uploads\/F39o-Iglesia-de-Santiago-de-Aguero-Huesca.jpg\" class=\"attachment-large size-large wp-image-35390\" alt=\"Iglesia de Santiago de Ag\u00fcero, Huesca\" srcset=\"https:\/\/www.elturistatranquil.com\/wp-content\/uploads\/F39o-Iglesia-de-Santiago-de-Aguero-Huesca.jpg 380w, https:\/\/www.elturistatranquil.com\/wp-content\/uploads\/F39o-Iglesia-de-Santiago-de-Aguero-Huesca-226x226.jpg 226w\" sizes=\"(max-width: 380px) 100vw, 380px\" \/>\t\t\t\t\t\t\t\t\t\t\t\t\t\t\t<\/div>\n\t\t\t\t<\/div>\n\t\t\t\t\t<\/div>\n\t\t<\/div>\n\t\t\t\t<div class=\"elementor-column elementor-col-50 elementor-inner-column elementor-element elementor-element-39b119a\" data-id=\"39b119a\" data-element_type=\"column\" data-e-type=\"column\">\n\t\t\t<div class=\"elementor-widget-wrap elementor-element-populated\">\n\t\t\t\t\t\t<div class=\"elementor-element elementor-element-c5ad408 elementor-widget elementor-widget-image\" data-id=\"c5ad408\" data-element_type=\"widget\" data-e-type=\"widget\" data-widget_type=\"image.default\">\n\t\t\t\t<div class=\"elementor-widget-container\">\n\t\t\t\t\t\t\t\t\t\t\t\t\t\t\t<img loading=\"lazy\" decoding=\"async\" width=\"380\" height=\"380\" src=\"https:\/\/www.elturistatranquil.com\/wp-content\/uploads\/F39p-Iglesia-de-Santiago-de-Aguero-Huesca.jpg\" class=\"attachment-large size-large wp-image-35392\" alt=\"Iglesia de Santiago de Ag\u00fcero, Huesca\" srcset=\"https:\/\/www.elturistatranquil.com\/wp-content\/uploads\/F39p-Iglesia-de-Santiago-de-Aguero-Huesca.jpg 380w, https:\/\/www.elturistatranquil.com\/wp-content\/uploads\/F39p-Iglesia-de-Santiago-de-Aguero-Huesca-226x226.jpg 226w\" sizes=\"(max-width: 380px) 100vw, 380px\" \/>\t\t\t\t\t\t\t\t\t\t\t\t\t\t\t<\/div>\n\t\t\t\t<\/div>\n\t\t\t\t\t<\/div>\n\t\t<\/div>\n\t\t\t\t\t<\/div>\n\t\t<\/section>\n\t\t\t\t<div class=\"elementor-element elementor-element-b493292 elementor-widget elementor-widget-text-editor\" data-id=\"b493292\" data-element_type=\"widget\" data-e-type=\"widget\" data-widget_type=\"text-editor.default\">\n\t\t\t\t<div class=\"elementor-widget-container\">\n\t\t\t\t\t\t\t\t\t<p>\u00a0<\/p><p>Com diem, de tots aquests capitells nom\u00e9s n&#8217;hi ha un amb representaci\u00f3 antropomorfa d&#8217;una cara humana, situat el segon de la banda esquerra.<\/p><p>\u00c9s una inc\u00f2gnita aquesta particularitat i situaci\u00f3, encara que una interpretaci\u00f3 proposa que es va voler representar, possiblement, el promotor del temple. Al seu torn, aquest capitell es veu ressaltat en certs moments de l&#8217;any per la il\u00b7luminaci\u00f3 directa sobre la seva cara, del raig de llum que entra pels finestrals. La corona apuntada no va arribar a ser esculpida.<\/p>\t\t\t\t\t\t\t\t<\/div>\n\t\t\t\t<\/div>\n\t\t\t\t<section class=\"elementor-section elementor-inner-section elementor-element elementor-element-1458d20 elementor-section-boxed elementor-section-height-default elementor-section-height-default\" data-id=\"1458d20\" data-element_type=\"section\" data-e-type=\"section\">\n\t\t\t\t\t\t<div class=\"elementor-container elementor-column-gap-default\">\n\t\t\t\t\t<div class=\"elementor-column elementor-col-50 elementor-inner-column elementor-element elementor-element-9ad773e\" data-id=\"9ad773e\" data-element_type=\"column\" data-e-type=\"column\">\n\t\t\t<div class=\"elementor-widget-wrap elementor-element-populated\">\n\t\t\t\t\t\t<div class=\"elementor-element elementor-element-c305f29 elementor-widget elementor-widget-image\" data-id=\"c305f29\" data-element_type=\"widget\" data-e-type=\"widget\" data-widget_type=\"image.default\">\n\t\t\t\t<div class=\"elementor-widget-container\">\n\t\t\t\t\t\t\t\t\t\t\t\t\t\t\t<img loading=\"lazy\" decoding=\"async\" width=\"380\" height=\"380\" src=\"https:\/\/www.elturistatranquil.com\/wp-content\/uploads\/F40m-Iglesia-de-Santiago-de-Aguero-Huesca.jpg\" class=\"attachment-large size-large wp-image-35394\" alt=\"Iglesia de Santiago de Ag\u00fcero, Huesca\" srcset=\"https:\/\/www.elturistatranquil.com\/wp-content\/uploads\/F40m-Iglesia-de-Santiago-de-Aguero-Huesca.jpg 380w, https:\/\/www.elturistatranquil.com\/wp-content\/uploads\/F40m-Iglesia-de-Santiago-de-Aguero-Huesca-226x226.jpg 226w\" sizes=\"(max-width: 380px) 100vw, 380px\" \/>\t\t\t\t\t\t\t\t\t\t\t\t\t\t\t<\/div>\n\t\t\t\t<\/div>\n\t\t\t\t\t<\/div>\n\t\t<\/div>\n\t\t\t\t<div class=\"elementor-column elementor-col-50 elementor-inner-column elementor-element elementor-element-108fc73\" data-id=\"108fc73\" data-element_type=\"column\" data-e-type=\"column\">\n\t\t\t<div class=\"elementor-widget-wrap elementor-element-populated\">\n\t\t\t\t\t\t<div class=\"elementor-element elementor-element-d3ab960 elementor-widget elementor-widget-image\" data-id=\"d3ab960\" data-element_type=\"widget\" data-e-type=\"widget\" data-widget_type=\"image.default\">\n\t\t\t\t<div class=\"elementor-widget-container\">\n\t\t\t\t\t\t\t\t\t\t\t\t\t\t\t<img loading=\"lazy\" decoding=\"async\" width=\"380\" height=\"380\" src=\"https:\/\/www.elturistatranquil.com\/wp-content\/uploads\/F40n-Iglesia-de-Santiago-de-Aguero-Huesca.jpg\" class=\"attachment-large size-large wp-image-35396\" alt=\"Iglesia de Santiago de Ag\u00fcero, Huesca\" srcset=\"https:\/\/www.elturistatranquil.com\/wp-content\/uploads\/F40n-Iglesia-de-Santiago-de-Aguero-Huesca.jpg 380w, https:\/\/www.elturistatranquil.com\/wp-content\/uploads\/F40n-Iglesia-de-Santiago-de-Aguero-Huesca-226x226.jpg 226w\" sizes=\"(max-width: 380px) 100vw, 380px\" \/>\t\t\t\t\t\t\t\t\t\t\t\t\t\t\t<\/div>\n\t\t\t\t<\/div>\n\t\t\t\t\t<\/div>\n\t\t<\/div>\n\t\t\t\t\t<\/div>\n\t\t<\/section>\n\t\t\t\t<div class=\"elementor-element elementor-element-7e86f3a elementor-widget elementor-widget-text-editor\" data-id=\"7e86f3a\" data-element_type=\"widget\" data-e-type=\"widget\" data-widget_type=\"text-editor.default\">\n\t\t\t\t<div class=\"elementor-widget-container\">\n\t\t\t\t\t\t\t\t\t<p>\u00a0<\/p><p>La taula de l&#8217;altar es recolza sobre un gran capitell de motius florals simples que, presumiblement, hauria d&#8217;haver estat destinat per a alguna de les columnes dels trams del temple no constru\u00efts.<\/p>\t\t\t\t\t\t\t\t<\/div>\n\t\t\t\t<\/div>\n\t\t\t\t<div class=\"elementor-element elementor-element-1f30f37 elementor-widget elementor-widget-image\" data-id=\"1f30f37\" data-element_type=\"widget\" data-e-type=\"widget\" data-widget_type=\"image.default\">\n\t\t\t\t<div class=\"elementor-widget-container\">\n\t\t\t\t\t\t\t\t\t\t\t\t<figure class=\"wp-caption\">\n\t\t\t\t\t\t\t\t\t\t<img loading=\"lazy\" decoding=\"async\" width=\"768\" height=\"512\" src=\"https:\/\/www.elturistatranquil.com\/wp-content\/uploads\/F41-Iglesia-de-Santiago-de-Aguero-Huesca.jpg\" class=\"attachment-large size-large wp-image-35398\" alt=\"Iglesia de Santiago de Ag\u00fcero, Huesca\" srcset=\"https:\/\/www.elturistatranquil.com\/wp-content\/uploads\/F41-Iglesia-de-Santiago-de-Aguero-Huesca.jpg 768w, https:\/\/www.elturistatranquil.com\/wp-content\/uploads\/F41-Iglesia-de-Santiago-de-Aguero-Huesca-339x226.jpg 339w\" sizes=\"(max-width: 768px) 100vw, 768px\" \/>\t\t\t\t\t\t\t\t\t\t\t<figcaption class=\"widget-image-caption wp-caption-text\"><\/figcaption>\n\t\t\t\t\t\t\t\t\t\t<\/figure>\n\t\t\t\t\t\t\t\t\t<\/div>\n\t\t\t\t<\/div>\n\t\t\t\t<div class=\"elementor-element elementor-element-cc68175 elementor-widget elementor-widget-text-editor\" data-id=\"cc68175\" data-element_type=\"widget\" data-e-type=\"widget\" data-widget_type=\"text-editor.default\">\n\t\t\t\t<div class=\"elementor-widget-container\">\n\t\t\t\t\t\t\t\t\t<p>\u00c9s interessant el carreu que tanca la uni\u00f3 de l&#8217;arc triomfal amb els nervis de refor\u00e7 de la c\u00fapula. Per la seva banda interior, la clau de l&#8217;arc triomfal s&#8217;est\u00e9n en una forma d&#8217;aparen\u00e7a pentagonal que enlla\u00e7a amb les dues nervadures de l&#8217;absis central. En ell hi ha esculpida una estrella de vuit radis.<\/p>\t\t\t\t\t\t\t\t<\/div>\n\t\t\t\t<\/div>\n\t\t\t\t<div class=\"elementor-element elementor-element-372480a elementor-widget elementor-widget-image\" data-id=\"372480a\" data-element_type=\"widget\" data-e-type=\"widget\" data-widget_type=\"image.default\">\n\t\t\t\t<div class=\"elementor-widget-container\">\n\t\t\t\t\t\t\t\t\t\t\t\t<figure class=\"wp-caption\">\n\t\t\t\t\t\t\t\t\t\t<img loading=\"lazy\" decoding=\"async\" width=\"768\" height=\"512\" src=\"https:\/\/www.elturistatranquil.com\/wp-content\/uploads\/F42-Iglesia-de-Santiago-de-Aguero-Huesca.jpg\" class=\"attachment-large size-large wp-image-35400\" alt=\"Iglesia de Santiago de Ag\u00fcero, Huesca\" srcset=\"https:\/\/www.elturistatranquil.com\/wp-content\/uploads\/F42-Iglesia-de-Santiago-de-Aguero-Huesca.jpg 768w, https:\/\/www.elturistatranquil.com\/wp-content\/uploads\/F42-Iglesia-de-Santiago-de-Aguero-Huesca-339x226.jpg 339w\" sizes=\"(max-width: 768px) 100vw, 768px\" \/>\t\t\t\t\t\t\t\t\t\t\t<figcaption class=\"widget-image-caption wp-caption-text\"><\/figcaption>\n\t\t\t\t\t\t\t\t\t\t<\/figure>\n\t\t\t\t\t\t\t\t\t<\/div>\n\t\t\t\t<\/div>\n\t\t\t\t<div class=\"elementor-element elementor-element-1116bad elementor-widget elementor-widget-text-editor\" data-id=\"1116bad\" data-element_type=\"widget\" data-e-type=\"widget\" data-widget_type=\"text-editor.default\">\n\t\t\t\t<div class=\"elementor-widget-container\">\n\t\t\t\t\t\t\t\t\t<p>Els <strong>absis laterals<\/strong> tenen frisos correguts, destacant el de la banda sud, de l&#8217;ep\u00edstola, amb escenes del naixement de Crist, mentre que el de la banda nord, a l&#8217;igual que l&#8217;imposta del central, presenten \u00fanicament un dibuix floral.<\/p>\t\t\t\t\t\t\t\t<\/div>\n\t\t\t\t<\/div>\n\t\t\t\t<div class=\"elementor-element elementor-element-cc4ff12 elementor-widget elementor-widget-image\" data-id=\"cc4ff12\" data-element_type=\"widget\" data-e-type=\"widget\" data-widget_type=\"image.default\">\n\t\t\t\t<div class=\"elementor-widget-container\">\n\t\t\t\t\t\t\t\t\t\t\t\t<figure class=\"wp-caption\">\n\t\t\t\t\t\t\t\t\t\t<img loading=\"lazy\" decoding=\"async\" width=\"768\" height=\"512\" src=\"https:\/\/www.elturistatranquil.com\/wp-content\/uploads\/F43-Iglesia-de-Santiago-de-Aguero-Huesca.jpg\" class=\"attachment-large size-large wp-image-35402\" alt=\"Iglesia de Santiago de Ag\u00fcero, Huesca\" srcset=\"https:\/\/www.elturistatranquil.com\/wp-content\/uploads\/F43-Iglesia-de-Santiago-de-Aguero-Huesca.jpg 768w, https:\/\/www.elturistatranquil.com\/wp-content\/uploads\/F43-Iglesia-de-Santiago-de-Aguero-Huesca-339x226.jpg 339w\" sizes=\"(max-width: 768px) 100vw, 768px\" \/>\t\t\t\t\t\t\t\t\t\t\t<figcaption class=\"widget-image-caption wp-caption-text\"><\/figcaption>\n\t\t\t\t\t\t\t\t\t\t<\/figure>\n\t\t\t\t\t\t\t\t\t<\/div>\n\t\t\t\t<\/div>\n\t\t\t\t<div class=\"elementor-element elementor-element-7fac470 elementor-widget elementor-widget-text-editor\" data-id=\"7fac470\" data-element_type=\"widget\" data-e-type=\"widget\" data-widget_type=\"text-editor.default\">\n\t\t\t\t<div class=\"elementor-widget-container\">\n\t\t\t\t\t\t\t\t\t<p>A l&#8217;<strong>absis de l&#8217;ep\u00edstola<\/strong> destaca el fris o imposta, t\u00e9 una amplada de 14 cm.<\/p><p>La hist\u00f2ria que representa, d&#8217;esquerra a dreta, abasta el per\u00edode evang\u00e8lic que va des de l&#8217;Anunciaci\u00f3, passant pel naixement i els Reis, fins al somni de Josep perqu\u00e8 inici\u00ef la fugida davant la persecuci\u00f3 dels Sants Innocents.<\/p><p>Destaca la for\u00e7a expressiva de les seves escenes, de vegades arrossegades per l&#8217;impuls de les corbes del fullatge intercalat.<\/p>\t\t\t\t\t\t\t\t<\/div>\n\t\t\t\t<\/div>\n\t\t\t\t<section class=\"elementor-section elementor-inner-section elementor-element elementor-element-5b0eb29 elementor-section-boxed elementor-section-height-default elementor-section-height-default\" data-id=\"5b0eb29\" data-element_type=\"section\" data-e-type=\"section\">\n\t\t\t\t\t\t<div class=\"elementor-container elementor-column-gap-default\">\n\t\t\t\t\t<div class=\"elementor-column elementor-col-50 elementor-inner-column elementor-element elementor-element-1c675b9\" data-id=\"1c675b9\" data-element_type=\"column\" data-e-type=\"column\">\n\t\t\t<div class=\"elementor-widget-wrap elementor-element-populated\">\n\t\t\t\t\t\t<div class=\"elementor-element elementor-element-c3ba3bd elementor-widget elementor-widget-image\" data-id=\"c3ba3bd\" data-element_type=\"widget\" data-e-type=\"widget\" data-widget_type=\"image.default\">\n\t\t\t\t<div class=\"elementor-widget-container\">\n\t\t\t\t\t\t\t\t\t\t\t\t\t\t\t<img loading=\"lazy\" decoding=\"async\" width=\"380\" height=\"380\" src=\"https:\/\/www.elturistatranquil.com\/wp-content\/uploads\/F44m-Iglesia-de-Santiago-de-Aguero-Huesca.jpg\" class=\"attachment-large size-large wp-image-35404\" alt=\"Iglesia de Santiago de Ag\u00fcero, Huesca\" srcset=\"https:\/\/www.elturistatranquil.com\/wp-content\/uploads\/F44m-Iglesia-de-Santiago-de-Aguero-Huesca.jpg 380w, https:\/\/www.elturistatranquil.com\/wp-content\/uploads\/F44m-Iglesia-de-Santiago-de-Aguero-Huesca-226x226.jpg 226w\" sizes=\"(max-width: 380px) 100vw, 380px\" \/>\t\t\t\t\t\t\t\t\t\t\t\t\t\t\t<\/div>\n\t\t\t\t<\/div>\n\t\t\t\t\t<\/div>\n\t\t<\/div>\n\t\t\t\t<div class=\"elementor-column elementor-col-50 elementor-inner-column elementor-element elementor-element-bd9dbff\" data-id=\"bd9dbff\" data-element_type=\"column\" data-e-type=\"column\">\n\t\t\t<div class=\"elementor-widget-wrap elementor-element-populated\">\n\t\t\t\t\t\t<div class=\"elementor-element elementor-element-b2ce9fc elementor-widget elementor-widget-image\" data-id=\"b2ce9fc\" data-element_type=\"widget\" data-e-type=\"widget\" data-widget_type=\"image.default\">\n\t\t\t\t<div class=\"elementor-widget-container\">\n\t\t\t\t\t\t\t\t\t\t\t\t\t\t\t<img loading=\"lazy\" decoding=\"async\" width=\"380\" height=\"380\" src=\"https:\/\/www.elturistatranquil.com\/wp-content\/uploads\/F44n-Iglesia-de-Santiago-de-Aguero-Huesca.jpg\" class=\"attachment-large size-large wp-image-35406\" alt=\"Iglesia de Santiago de Ag\u00fcero, Huesca\" srcset=\"https:\/\/www.elturistatranquil.com\/wp-content\/uploads\/F44n-Iglesia-de-Santiago-de-Aguero-Huesca.jpg 380w, https:\/\/www.elturistatranquil.com\/wp-content\/uploads\/F44n-Iglesia-de-Santiago-de-Aguero-Huesca-226x226.jpg 226w\" sizes=\"(max-width: 380px) 100vw, 380px\" \/>\t\t\t\t\t\t\t\t\t\t\t\t\t\t\t<\/div>\n\t\t\t\t<\/div>\n\t\t\t\t\t<\/div>\n\t\t<\/div>\n\t\t\t\t\t<\/div>\n\t\t<\/section>\n\t\t\t\t<div class=\"elementor-element elementor-element-881b2ab elementor-widget elementor-widget-text-editor\" data-id=\"881b2ab\" data-element_type=\"widget\" data-e-type=\"widget\" data-widget_type=\"text-editor.default\">\n\t\t\t\t<div class=\"elementor-widget-container\">\n\t\t\t\t\t\t\t\t\t<p>\u00a0<\/p><p>A l&#8217;al\u00e7ada de la vista, s&#8217;ha incorporat una reproducci\u00f3 fotogr\u00e0fica de tot el fris perqu\u00e8 es puguin apreciar les escenes representades.<\/p>\t\t\t\t\t\t\t\t<\/div>\n\t\t\t\t<\/div>\n\t\t\t\t<div class=\"elementor-element elementor-element-bb8e060 elementor-widget elementor-widget-image\" data-id=\"bb8e060\" data-element_type=\"widget\" data-e-type=\"widget\" data-widget_type=\"image.default\">\n\t\t\t\t<div class=\"elementor-widget-container\">\n\t\t\t\t\t\t\t\t\t\t\t\t<figure class=\"wp-caption\">\n\t\t\t\t\t\t\t\t\t\t<img loading=\"lazy\" decoding=\"async\" width=\"768\" height=\"512\" src=\"https:\/\/www.elturistatranquil.com\/wp-content\/uploads\/F45-Iglesia-de-Santiago-de-Aguero-Huesca.jpg\" class=\"attachment-large size-large wp-image-35408\" alt=\"Iglesia de Santiago de Ag\u00fcero, Huesca\" srcset=\"https:\/\/www.elturistatranquil.com\/wp-content\/uploads\/F45-Iglesia-de-Santiago-de-Aguero-Huesca.jpg 768w, https:\/\/www.elturistatranquil.com\/wp-content\/uploads\/F45-Iglesia-de-Santiago-de-Aguero-Huesca-339x226.jpg 339w\" sizes=\"(max-width: 768px) 100vw, 768px\" \/>\t\t\t\t\t\t\t\t\t\t\t<figcaption class=\"widget-image-caption wp-caption-text\"><\/figcaption>\n\t\t\t\t\t\t\t\t\t\t<\/figure>\n\t\t\t\t\t\t\t\t\t<\/div>\n\t\t\t\t<\/div>\n\t\t\t\t<div class=\"elementor-element elementor-element-b322fd7 elementor-widget elementor-widget-image\" data-id=\"b322fd7\" data-element_type=\"widget\" data-e-type=\"widget\" data-widget_type=\"image.default\">\n\t\t\t\t<div class=\"elementor-widget-container\">\n\t\t\t\t\t\t\t\t\t\t\t\t<figure class=\"wp-caption\">\n\t\t\t\t\t\t\t\t\t\t<img loading=\"lazy\" decoding=\"async\" width=\"768\" height=\"512\" src=\"https:\/\/www.elturistatranquil.com\/wp-content\/uploads\/F46-Iglesia-de-Santiago-de-Aguero-Huesca.jpg\" class=\"attachment-large size-large wp-image-35414\" alt=\"Iglesia de Santiago de Ag\u00fcero, Huesca\" srcset=\"https:\/\/www.elturistatranquil.com\/wp-content\/uploads\/F46-Iglesia-de-Santiago-de-Aguero-Huesca.jpg 768w, https:\/\/www.elturistatranquil.com\/wp-content\/uploads\/F46-Iglesia-de-Santiago-de-Aguero-Huesca-339x226.jpg 339w\" sizes=\"(max-width: 768px) 100vw, 768px\" \/>\t\t\t\t\t\t\t\t\t\t\t<figcaption class=\"widget-image-caption wp-caption-text\"><\/figcaption>\n\t\t\t\t\t\t\t\t\t\t<\/figure>\n\t\t\t\t\t\t\t\t\t<\/div>\n\t\t\t\t<\/div>\n\t\t\t\t<div class=\"elementor-element elementor-element-538d9f7 elementor-widget elementor-widget-text-editor\" data-id=\"538d9f7\" data-element_type=\"widget\" data-e-type=\"widget\" data-widget_type=\"text-editor.default\">\n\t\t\t\t<div class=\"elementor-widget-container\">\n\t\t\t\t\t\t\t\t\t<p>En tot el conjunt destaquen les fulles que enllacen les escenes, d&#8217;estil de l&#8217;art cl\u00e0ssic.<\/p>\t\t\t\t\t\t\t\t<\/div>\n\t\t\t\t<\/div>\n\t\t\t\t<div class=\"elementor-element elementor-element-93f5e1f elementor-widget elementor-widget-image\" data-id=\"93f5e1f\" data-element_type=\"widget\" data-e-type=\"widget\" data-widget_type=\"image.default\">\n\t\t\t\t<div class=\"elementor-widget-container\">\n\t\t\t\t\t\t\t\t\t\t\t\t<figure class=\"wp-caption\">\n\t\t\t\t\t\t\t\t\t\t<img loading=\"lazy\" decoding=\"async\" width=\"768\" height=\"512\" src=\"https:\/\/www.elturistatranquil.com\/wp-content\/uploads\/F47-Iglesia-de-Santiago-de-Aguero-Huesca.jpg\" class=\"attachment-large size-large wp-image-35416\" alt=\"Iglesia de Santiago de Ag\u00fcero, Huesca\" srcset=\"https:\/\/www.elturistatranquil.com\/wp-content\/uploads\/F47-Iglesia-de-Santiago-de-Aguero-Huesca.jpg 768w, https:\/\/www.elturistatranquil.com\/wp-content\/uploads\/F47-Iglesia-de-Santiago-de-Aguero-Huesca-339x226.jpg 339w\" sizes=\"(max-width: 768px) 100vw, 768px\" \/>\t\t\t\t\t\t\t\t\t\t\t<figcaption class=\"widget-image-caption wp-caption-text\"><\/figcaption>\n\t\t\t\t\t\t\t\t\t\t<\/figure>\n\t\t\t\t\t\t\t\t\t<\/div>\n\t\t\t\t<\/div>\n\t\t\t\t<div class=\"elementor-element elementor-element-9f8f2eb elementor-widget elementor-widget-image\" data-id=\"9f8f2eb\" data-element_type=\"widget\" data-e-type=\"widget\" data-widget_type=\"image.default\">\n\t\t\t\t<div class=\"elementor-widget-container\">\n\t\t\t\t\t\t\t\t\t\t\t\t<figure class=\"wp-caption\">\n\t\t\t\t\t\t\t\t\t\t<img loading=\"lazy\" decoding=\"async\" width=\"768\" height=\"512\" src=\"https:\/\/www.elturistatranquil.com\/wp-content\/uploads\/F48-Iglesia-de-Santiago-de-Aguero-Huesca.jpg\" class=\"attachment-large size-large wp-image-35418\" alt=\"Iglesia de Santiago de Ag\u00fcero, Huesca\" srcset=\"https:\/\/www.elturistatranquil.com\/wp-content\/uploads\/F48-Iglesia-de-Santiago-de-Aguero-Huesca.jpg 768w, https:\/\/www.elturistatranquil.com\/wp-content\/uploads\/F48-Iglesia-de-Santiago-de-Aguero-Huesca-339x226.jpg 339w\" sizes=\"(max-width: 768px) 100vw, 768px\" \/>\t\t\t\t\t\t\t\t\t\t\t<figcaption class=\"widget-image-caption wp-caption-text\"><\/figcaption>\n\t\t\t\t\t\t\t\t\t\t<\/figure>\n\t\t\t\t\t\t\t\t\t<\/div>\n\t\t\t\t<\/div>\n\t\t\t\t<div class=\"elementor-element elementor-element-41661fe elementor-widget elementor-widget-image\" data-id=\"41661fe\" data-element_type=\"widget\" data-e-type=\"widget\" data-widget_type=\"image.default\">\n\t\t\t\t<div class=\"elementor-widget-container\">\n\t\t\t\t\t\t\t\t\t\t\t\t<figure class=\"wp-caption\">\n\t\t\t\t\t\t\t\t\t\t<img loading=\"lazy\" decoding=\"async\" width=\"768\" height=\"512\" src=\"https:\/\/www.elturistatranquil.com\/wp-content\/uploads\/F49-Iglesia-de-Santiago-de-Aguero-Huesca.jpg\" class=\"attachment-large size-large wp-image-35420\" alt=\"Iglesia de Santiago de Ag\u00fcero, Huesca\" srcset=\"https:\/\/www.elturistatranquil.com\/wp-content\/uploads\/F49-Iglesia-de-Santiago-de-Aguero-Huesca.jpg 768w, https:\/\/www.elturistatranquil.com\/wp-content\/uploads\/F49-Iglesia-de-Santiago-de-Aguero-Huesca-339x226.jpg 339w\" sizes=\"(max-width: 768px) 100vw, 768px\" \/>\t\t\t\t\t\t\t\t\t\t\t<figcaption class=\"widget-image-caption wp-caption-text\"><\/figcaption>\n\t\t\t\t\t\t\t\t\t\t<\/figure>\n\t\t\t\t\t\t\t\t\t<\/div>\n\t\t\t\t<\/div>\n\t\t\t\t<div class=\"elementor-element elementor-element-758f257 elementor-widget elementor-widget-image\" data-id=\"758f257\" data-element_type=\"widget\" data-e-type=\"widget\" data-widget_type=\"image.default\">\n\t\t\t\t<div class=\"elementor-widget-container\">\n\t\t\t\t\t\t\t\t\t\t\t\t<figure class=\"wp-caption\">\n\t\t\t\t\t\t\t\t\t\t<img loading=\"lazy\" decoding=\"async\" width=\"768\" height=\"512\" src=\"https:\/\/www.elturistatranquil.com\/wp-content\/uploads\/F50-Iglesia-de-Santiago-de-Aguero-Huesca.jpg\" class=\"attachment-large size-large wp-image-35422\" alt=\"Iglesia de Santiago de Ag\u00fcero, Huesca\" srcset=\"https:\/\/www.elturistatranquil.com\/wp-content\/uploads\/F50-Iglesia-de-Santiago-de-Aguero-Huesca.jpg 768w, https:\/\/www.elturistatranquil.com\/wp-content\/uploads\/F50-Iglesia-de-Santiago-de-Aguero-Huesca-339x226.jpg 339w\" sizes=\"(max-width: 768px) 100vw, 768px\" \/>\t\t\t\t\t\t\t\t\t\t\t<figcaption class=\"widget-image-caption wp-caption-text\"><\/figcaption>\n\t\t\t\t\t\t\t\t\t\t<\/figure>\n\t\t\t\t\t\t\t\t\t<\/div>\n\t\t\t\t<\/div>\n\t\t\t\t<div class=\"elementor-element elementor-element-33f7250 elementor-widget elementor-widget-image\" data-id=\"33f7250\" data-element_type=\"widget\" data-e-type=\"widget\" data-widget_type=\"image.default\">\n\t\t\t\t<div class=\"elementor-widget-container\">\n\t\t\t\t\t\t\t\t\t\t\t\t<figure class=\"wp-caption\">\n\t\t\t\t\t\t\t\t\t\t<img loading=\"lazy\" decoding=\"async\" width=\"768\" height=\"512\" src=\"https:\/\/www.elturistatranquil.com\/wp-content\/uploads\/F51-Iglesia-de-Santiago-de-Aguero-Huesca.jpg\" class=\"attachment-large size-large wp-image-35424\" alt=\"Iglesia de Santiago de Ag\u00fcero, Huesca\" srcset=\"https:\/\/www.elturistatranquil.com\/wp-content\/uploads\/F51-Iglesia-de-Santiago-de-Aguero-Huesca.jpg 768w, https:\/\/www.elturistatranquil.com\/wp-content\/uploads\/F51-Iglesia-de-Santiago-de-Aguero-Huesca-339x226.jpg 339w\" sizes=\"(max-width: 768px) 100vw, 768px\" \/>\t\t\t\t\t\t\t\t\t\t\t<figcaption class=\"widget-image-caption wp-caption-text\"><\/figcaption>\n\t\t\t\t\t\t\t\t\t\t<\/figure>\n\t\t\t\t\t\t\t\t\t<\/div>\n\t\t\t\t<\/div>\n\t\t\t\t<div class=\"elementor-element elementor-element-839595f elementor-widget elementor-widget-image\" data-id=\"839595f\" data-element_type=\"widget\" data-e-type=\"widget\" data-widget_type=\"image.default\">\n\t\t\t\t<div class=\"elementor-widget-container\">\n\t\t\t\t\t\t\t\t\t\t\t\t<figure class=\"wp-caption\">\n\t\t\t\t\t\t\t\t\t\t<img loading=\"lazy\" decoding=\"async\" width=\"768\" height=\"512\" src=\"https:\/\/www.elturistatranquil.com\/wp-content\/uploads\/F52-Iglesia-de-Santiago-de-Aguero-Huesca.jpg\" class=\"attachment-large size-large wp-image-35426\" alt=\"Iglesia de Santiago de Ag\u00fcero, Huesca\" srcset=\"https:\/\/www.elturistatranquil.com\/wp-content\/uploads\/F52-Iglesia-de-Santiago-de-Aguero-Huesca.jpg 768w, https:\/\/www.elturistatranquil.com\/wp-content\/uploads\/F52-Iglesia-de-Santiago-de-Aguero-Huesca-339x226.jpg 339w\" sizes=\"(max-width: 768px) 100vw, 768px\" \/>\t\t\t\t\t\t\t\t\t\t\t<figcaption class=\"widget-image-caption wp-caption-text\"><\/figcaption>\n\t\t\t\t\t\t\t\t\t\t<\/figure>\n\t\t\t\t\t\t\t\t\t<\/div>\n\t\t\t\t<\/div>\n\t\t\t\t<div class=\"elementor-element elementor-element-7b01348 elementor-widget elementor-widget-image\" data-id=\"7b01348\" data-element_type=\"widget\" data-e-type=\"widget\" data-widget_type=\"image.default\">\n\t\t\t\t<div class=\"elementor-widget-container\">\n\t\t\t\t\t\t\t\t\t\t\t\t<figure class=\"wp-caption\">\n\t\t\t\t\t\t\t\t\t\t<img loading=\"lazy\" decoding=\"async\" width=\"768\" height=\"512\" src=\"https:\/\/www.elturistatranquil.com\/wp-content\/uploads\/F53-Iglesia-de-Santiago-de-Aguero-Huesca.jpg\" class=\"attachment-large size-large wp-image-35428\" alt=\"Iglesia de Santiago de Ag\u00fcero, Huesca\" srcset=\"https:\/\/www.elturistatranquil.com\/wp-content\/uploads\/F53-Iglesia-de-Santiago-de-Aguero-Huesca.jpg 768w, https:\/\/www.elturistatranquil.com\/wp-content\/uploads\/F53-Iglesia-de-Santiago-de-Aguero-Huesca-339x226.jpg 339w\" sizes=\"(max-width: 768px) 100vw, 768px\" \/>\t\t\t\t\t\t\t\t\t\t\t<figcaption class=\"widget-image-caption wp-caption-text\"><\/figcaption>\n\t\t\t\t\t\t\t\t\t\t<\/figure>\n\t\t\t\t\t\t\t\t\t<\/div>\n\t\t\t\t<\/div>\n\t\t\t\t<div class=\"elementor-element elementor-element-6325ad0 elementor-widget elementor-widget-image\" data-id=\"6325ad0\" data-element_type=\"widget\" data-e-type=\"widget\" data-widget_type=\"image.default\">\n\t\t\t\t<div class=\"elementor-widget-container\">\n\t\t\t\t\t\t\t\t\t\t\t\t<figure class=\"wp-caption\">\n\t\t\t\t\t\t\t\t\t\t<img loading=\"lazy\" decoding=\"async\" width=\"768\" height=\"512\" src=\"https:\/\/www.elturistatranquil.com\/wp-content\/uploads\/F54-Iglesia-de-Santiago-de-Aguero-Huesca.jpg\" class=\"attachment-large size-large wp-image-35430\" alt=\"Iglesia de Santiago de Ag\u00fcero, Huesca\" srcset=\"https:\/\/www.elturistatranquil.com\/wp-content\/uploads\/F54-Iglesia-de-Santiago-de-Aguero-Huesca.jpg 768w, https:\/\/www.elturistatranquil.com\/wp-content\/uploads\/F54-Iglesia-de-Santiago-de-Aguero-Huesca-339x226.jpg 339w\" sizes=\"(max-width: 768px) 100vw, 768px\" \/>\t\t\t\t\t\t\t\t\t\t\t<figcaption class=\"widget-image-caption wp-caption-text\"><\/figcaption>\n\t\t\t\t\t\t\t\t\t\t<\/figure>\n\t\t\t\t\t\t\t\t\t<\/div>\n\t\t\t\t<\/div>\n\t\t\t\t<div class=\"elementor-element elementor-element-c01353c elementor-widget elementor-widget-image\" data-id=\"c01353c\" data-element_type=\"widget\" data-e-type=\"widget\" data-widget_type=\"image.default\">\n\t\t\t\t<div class=\"elementor-widget-container\">\n\t\t\t\t\t\t\t\t\t\t\t\t<figure class=\"wp-caption\">\n\t\t\t\t\t\t\t\t\t\t<img loading=\"lazy\" decoding=\"async\" width=\"768\" height=\"512\" src=\"https:\/\/www.elturistatranquil.com\/wp-content\/uploads\/F55-Iglesia-de-Santiago-de-Aguero-Huesca.jpg\" class=\"attachment-large size-large wp-image-35432\" alt=\"Iglesia de Santiago de Ag\u00fcero, Huesca\" srcset=\"https:\/\/www.elturistatranquil.com\/wp-content\/uploads\/F55-Iglesia-de-Santiago-de-Aguero-Huesca.jpg 768w, https:\/\/www.elturistatranquil.com\/wp-content\/uploads\/F55-Iglesia-de-Santiago-de-Aguero-Huesca-339x226.jpg 339w\" sizes=\"(max-width: 768px) 100vw, 768px\" \/>\t\t\t\t\t\t\t\t\t\t\t<figcaption class=\"widget-image-caption wp-caption-text\"><\/figcaption>\n\t\t\t\t\t\t\t\t\t\t<\/figure>\n\t\t\t\t\t\t\t\t\t<\/div>\n\t\t\t\t<\/div>\n\t\t\t\t<div class=\"elementor-element elementor-element-546976e elementor-widget elementor-widget-image\" data-id=\"546976e\" data-element_type=\"widget\" data-e-type=\"widget\" data-widget_type=\"image.default\">\n\t\t\t\t<div class=\"elementor-widget-container\">\n\t\t\t\t\t\t\t\t\t\t\t\t<figure class=\"wp-caption\">\n\t\t\t\t\t\t\t\t\t\t<img loading=\"lazy\" decoding=\"async\" width=\"768\" height=\"512\" src=\"https:\/\/www.elturistatranquil.com\/wp-content\/uploads\/F56-Iglesia-de-Santiago-de-Aguero-Huesca.jpg\" class=\"attachment-large size-large wp-image-35434\" alt=\"Iglesia de Santiago de Ag\u00fcero, Huesca\" srcset=\"https:\/\/www.elturistatranquil.com\/wp-content\/uploads\/F56-Iglesia-de-Santiago-de-Aguero-Huesca.jpg 768w, https:\/\/www.elturistatranquil.com\/wp-content\/uploads\/F56-Iglesia-de-Santiago-de-Aguero-Huesca-339x226.jpg 339w\" sizes=\"(max-width: 768px) 100vw, 768px\" \/>\t\t\t\t\t\t\t\t\t\t\t<figcaption class=\"widget-image-caption wp-caption-text\"><\/figcaption>\n\t\t\t\t\t\t\t\t\t\t<\/figure>\n\t\t\t\t\t\t\t\t\t<\/div>\n\t\t\t\t<\/div>\n\t\t\t\t<div class=\"elementor-element elementor-element-13b8431 elementor-widget elementor-widget-image\" data-id=\"13b8431\" data-element_type=\"widget\" data-e-type=\"widget\" data-widget_type=\"image.default\">\n\t\t\t\t<div class=\"elementor-widget-container\">\n\t\t\t\t\t\t\t\t\t\t\t\t<figure class=\"wp-caption\">\n\t\t\t\t\t\t\t\t\t\t<img loading=\"lazy\" decoding=\"async\" width=\"768\" height=\"512\" src=\"https:\/\/www.elturistatranquil.com\/wp-content\/uploads\/F57-Iglesia-de-Santiago-de-Aguero-Huesca.jpg\" class=\"attachment-large size-large wp-image-35436\" alt=\"Iglesia de Santiago de Ag\u00fcero, Huesca\" srcset=\"https:\/\/www.elturistatranquil.com\/wp-content\/uploads\/F57-Iglesia-de-Santiago-de-Aguero-Huesca.jpg 768w, https:\/\/www.elturistatranquil.com\/wp-content\/uploads\/F57-Iglesia-de-Santiago-de-Aguero-Huesca-339x226.jpg 339w\" sizes=\"(max-width: 768px) 100vw, 768px\" \/>\t\t\t\t\t\t\t\t\t\t\t<figcaption class=\"widget-image-caption wp-caption-text\"><\/figcaption>\n\t\t\t\t\t\t\t\t\t\t<\/figure>\n\t\t\t\t\t\t\t\t\t<\/div>\n\t\t\t\t<\/div>\n\t\t\t\t<div class=\"elementor-element elementor-element-732c78f elementor-widget elementor-widget-text-editor\" data-id=\"732c78f\" data-element_type=\"widget\" data-e-type=\"widget\" data-widget_type=\"text-editor.default\">\n\t\t\t\t<div class=\"elementor-widget-container\">\n\t\t\t\t\t\t\t\t\t<p>L&#8217;<strong>absis i capella nord-est<\/strong>, va ser constru\u00eft per un altre equip de picapedrers, va donar a la seva imposta interior un acabat ornamental m\u00e9s senzill, a base d&#8217;un dibuix floral r\u00edtmic.<\/p>\t\t\t\t\t\t\t\t<\/div>\n\t\t\t\t<\/div>\n\t\t\t\t<div class=\"elementor-element elementor-element-daa6764 elementor-widget elementor-widget-menu-anchor\" data-id=\"daa6764\" data-element_type=\"widget\" data-e-type=\"widget\" data-widget_type=\"menu-anchor.default\">\n\t\t\t\t<div class=\"elementor-widget-container\">\n\t\t\t\t\t\t\t<div class=\"elementor-menu-anchor\" id=\"b5608\"><\/div>\n\t\t\t\t\t\t<\/div>\n\t\t\t\t<\/div>\n\t\t\t\t<div class=\"elementor-element elementor-element-7003b6e elementor-widget elementor-widget-image\" data-id=\"7003b6e\" data-element_type=\"widget\" data-e-type=\"widget\" data-widget_type=\"image.default\">\n\t\t\t\t<div class=\"elementor-widget-container\">\n\t\t\t\t\t\t\t\t\t\t\t\t<figure class=\"wp-caption\">\n\t\t\t\t\t\t\t\t\t\t<img loading=\"lazy\" decoding=\"async\" width=\"768\" height=\"512\" src=\"https:\/\/www.elturistatranquil.com\/wp-content\/uploads\/F58-Iglesia-de-Santiago-de-Aguero-Huesca.jpg\" class=\"attachment-large size-large wp-image-35438\" alt=\"Iglesia de Santiago de Ag\u00fcero, Huesca\" srcset=\"https:\/\/www.elturistatranquil.com\/wp-content\/uploads\/F58-Iglesia-de-Santiago-de-Aguero-Huesca.jpg 768w, https:\/\/www.elturistatranquil.com\/wp-content\/uploads\/F58-Iglesia-de-Santiago-de-Aguero-Huesca-339x226.jpg 339w\" sizes=\"(max-width: 768px) 100vw, 768px\" \/>\t\t\t\t\t\t\t\t\t\t\t<figcaption class=\"widget-image-caption wp-caption-text\"><\/figcaption>\n\t\t\t\t\t\t\t\t\t\t<\/figure>\n\t\t\t\t\t\t\t\t\t<\/div>\n\t\t\t\t<\/div>\n\t\t\t\t<div class=\"elementor-element elementor-element-66da7b9 elementor-widget elementor-widget-heading\" data-id=\"66da7b9\" data-element_type=\"widget\" data-e-type=\"widget\" data-widget_type=\"heading.default\">\n\t\t\t\t<div class=\"elementor-widget-container\">\n\t\t\t\t\t<h4 class=\"elementor-heading-title elementor-size-default\">Tram de la nau constru\u00eft<\/h4>\t\t\t\t<\/div>\n\t\t\t\t<\/div>\n\t\t\t\t<div class=\"elementor-element elementor-element-74d08d3 elementor-widget elementor-widget-text-editor\" data-id=\"74d08d3\" data-element_type=\"widget\" data-e-type=\"widget\" data-widget_type=\"text-editor.default\">\n\t\t\t\t<div class=\"elementor-widget-container\">\n\t\t\t\t\t\t\t\t\t<p>Els tres costats de l&#8217;<strong>\u00fanic tram constru\u00eft<\/strong>, s\u00f3n de voltes apuntades. Els quatre pilars presenten semicolumnes i columnes adossades que sostenen els arcs apuntats.<\/p><p>En els capitells de les columnes de l&#8217;arc triomfal es representen motius vegetals i temes animal\u00edstics d&#8217;inspiraci\u00f3 oriental com \u00e0guiles, harpies &#8230;.<\/p><p>En canvi, en els que correspondria a la columna entre el primer i el segon tram, l&#8217;obra \u00e9s m\u00e9s tosca: representen harpies, i \u00e0guiles amb els pics convergint sobre el caparr\u00f3 d&#8217;un nen nu posat en peu entre elles; cap a l&#8217;exterior els capitells encastats entre el mur occidental insisteixen en aquests temes animal\u00edstics d&#8217;inspiraci\u00f3 oriental, aix\u00ed com al queixals de la portalada.<\/p>\t\t\t\t\t\t\t\t<\/div>\n\t\t\t\t<\/div>\n\t\t\t\t<div class=\"elementor-element elementor-element-47e620e elementor-widget elementor-widget-image\" data-id=\"47e620e\" data-element_type=\"widget\" data-e-type=\"widget\" data-widget_type=\"image.default\">\n\t\t\t\t<div class=\"elementor-widget-container\">\n\t\t\t\t\t\t\t\t\t\t\t\t<figure class=\"wp-caption\">\n\t\t\t\t\t\t\t\t\t\t<img loading=\"lazy\" decoding=\"async\" width=\"768\" height=\"512\" src=\"https:\/\/www.elturistatranquil.com\/wp-content\/uploads\/F59-Iglesia-de-Santiago-de-Aguero-Huesca.jpg\" class=\"attachment-large size-large wp-image-35440\" alt=\"Iglesia de Santiago de Ag\u00fcero, Huesca\" srcset=\"https:\/\/www.elturistatranquil.com\/wp-content\/uploads\/F59-Iglesia-de-Santiago-de-Aguero-Huesca.jpg 768w, https:\/\/www.elturistatranquil.com\/wp-content\/uploads\/F59-Iglesia-de-Santiago-de-Aguero-Huesca-339x226.jpg 339w\" sizes=\"(max-width: 768px) 100vw, 768px\" \/>\t\t\t\t\t\t\t\t\t\t\t<figcaption class=\"widget-image-caption wp-caption-text\"><\/figcaption>\n\t\t\t\t\t\t\t\t\t\t<\/figure>\n\t\t\t\t\t\t\t\t\t<\/div>\n\t\t\t\t<\/div>\n\t\t\t\t<div class=\"elementor-element elementor-element-6cf0b42 elementor-widget elementor-widget-image\" data-id=\"6cf0b42\" data-element_type=\"widget\" data-e-type=\"widget\" data-widget_type=\"image.default\">\n\t\t\t\t<div class=\"elementor-widget-container\">\n\t\t\t\t\t\t\t\t\t\t\t\t<figure class=\"wp-caption\">\n\t\t\t\t\t\t\t\t\t\t<img loading=\"lazy\" decoding=\"async\" width=\"768\" height=\"512\" src=\"https:\/\/www.elturistatranquil.com\/wp-content\/uploads\/F60-Iglesia-de-Santiago-de-Aguero-Huesca.jpg\" class=\"attachment-large size-large wp-image-35442\" alt=\"Iglesia de Santiago de Ag\u00fcero, Huesca\" srcset=\"https:\/\/www.elturistatranquil.com\/wp-content\/uploads\/F60-Iglesia-de-Santiago-de-Aguero-Huesca.jpg 768w, https:\/\/www.elturistatranquil.com\/wp-content\/uploads\/F60-Iglesia-de-Santiago-de-Aguero-Huesca-339x226.jpg 339w\" sizes=\"(max-width: 768px) 100vw, 768px\" \/>\t\t\t\t\t\t\t\t\t\t\t<figcaption class=\"widget-image-caption wp-caption-text\"><\/figcaption>\n\t\t\t\t\t\t\t\t\t\t<\/figure>\n\t\t\t\t\t\t\t\t\t<\/div>\n\t\t\t\t<\/div>\n\t\t\t\t<div class=\"elementor-element elementor-element-9007c03 elementor-widget elementor-widget-text-editor\" data-id=\"9007c03\" data-element_type=\"widget\" data-e-type=\"widget\" data-widget_type=\"text-editor.default\">\n\t\t\t\t<div class=\"elementor-widget-container\">\n\t\t\t\t\t\t\t\t\t<p>A la columna de la banda nord, a la dreta en la fotografia, ja no es va arribar a incorporar el capitell, corresponent ja a l&#8217;etapa de tancament i final de l&#8217;obra.<\/p>\t\t\t\t\t\t\t\t<\/div>\n\t\t\t\t<\/div>\n\t\t\t\t<div class=\"elementor-element elementor-element-454300a elementor-widget elementor-widget-menu-anchor\" data-id=\"454300a\" data-element_type=\"widget\" data-e-type=\"widget\" data-widget_type=\"menu-anchor.default\">\n\t\t\t\t<div class=\"elementor-widget-container\">\n\t\t\t\t\t\t\t<div class=\"elementor-menu-anchor\" id=\"b5609\"><\/div>\n\t\t\t\t\t\t<\/div>\n\t\t\t\t<\/div>\n\t\t\t\t<div class=\"elementor-element elementor-element-516c2e6 elementor-widget elementor-widget-image\" data-id=\"516c2e6\" data-element_type=\"widget\" data-e-type=\"widget\" data-widget_type=\"image.default\">\n\t\t\t\t<div class=\"elementor-widget-container\">\n\t\t\t\t\t\t\t\t\t\t\t\t<figure class=\"wp-caption\">\n\t\t\t\t\t\t\t\t\t\t<img loading=\"lazy\" decoding=\"async\" width=\"768\" height=\"512\" src=\"https:\/\/www.elturistatranquil.com\/wp-content\/uploads\/F61-Iglesia-de-Santiago-de-Aguero-Huesca.jpg\" class=\"attachment-large size-large wp-image-35444\" alt=\"Iglesia de Santiago de Ag\u00fcero, Huesca\" srcset=\"https:\/\/www.elturistatranquil.com\/wp-content\/uploads\/F61-Iglesia-de-Santiago-de-Aguero-Huesca.jpg 768w, https:\/\/www.elturistatranquil.com\/wp-content\/uploads\/F61-Iglesia-de-Santiago-de-Aguero-Huesca-339x226.jpg 339w\" sizes=\"(max-width: 768px) 100vw, 768px\" \/>\t\t\t\t\t\t\t\t\t\t\t<figcaption class=\"widget-image-caption wp-caption-text\"><\/figcaption>\n\t\t\t\t\t\t\t\t\t\t<\/figure>\n\t\t\t\t\t\t\t\t\t<\/div>\n\t\t\t\t<\/div>\n\t\t\t\t<div class=\"elementor-element elementor-element-5f3fdcf elementor-widget elementor-widget-heading\" data-id=\"5f3fdcf\" data-element_type=\"widget\" data-e-type=\"widget\" data-widget_type=\"heading.default\">\n\t\t\t\t<div class=\"elementor-widget-container\">\n\t\t\t\t\t<h3 class=\"elementor-heading-title elementor-size-default\">Tancament de ponent<\/h3>\t\t\t\t<\/div>\n\t\t\t\t<\/div>\n\t\t\t\t<div class=\"elementor-element elementor-element-e189512 elementor-widget elementor-widget-text-editor\" data-id=\"e189512\" data-element_type=\"widget\" data-e-type=\"widget\" data-widget_type=\"text-editor.default\">\n\t\t\t\t<div class=\"elementor-widget-container\">\n\t\t\t\t\t\t\t\t\t<p>La sobtada decisi\u00f3 de deixar l&#8217;esgl\u00e9sia inacabada es reflecteix clarament en la construcci\u00f3 del mur de ponent, purament funcional per tancar l&#8217;edifici.<\/p>\t\t\t\t\t\t\t\t<\/div>\n\t\t\t\t<\/div>\n\t\t\t\t<div class=\"elementor-element elementor-element-0dbec2e elementor-widget elementor-widget-image\" data-id=\"0dbec2e\" data-element_type=\"widget\" data-e-type=\"widget\" data-widget_type=\"image.default\">\n\t\t\t\t<div class=\"elementor-widget-container\">\n\t\t\t\t\t\t\t\t\t\t\t\t<figure class=\"wp-caption\">\n\t\t\t\t\t\t\t\t\t\t<img loading=\"lazy\" decoding=\"async\" width=\"768\" height=\"512\" src=\"https:\/\/www.elturistatranquil.com\/wp-content\/uploads\/F62-Iglesia-de-Santiago-de-Aguero-Huesca.jpg\" class=\"attachment-large size-large wp-image-35446\" alt=\"Iglesia de Santiago de Ag\u00fcero, Huesca\" srcset=\"https:\/\/www.elturistatranquil.com\/wp-content\/uploads\/F62-Iglesia-de-Santiago-de-Aguero-Huesca.jpg 768w, https:\/\/www.elturistatranquil.com\/wp-content\/uploads\/F62-Iglesia-de-Santiago-de-Aguero-Huesca-339x226.jpg 339w\" sizes=\"(max-width: 768px) 100vw, 768px\" \/>\t\t\t\t\t\t\t\t\t\t\t<figcaption class=\"widget-image-caption wp-caption-text\"><\/figcaption>\n\t\t\t\t\t\t\t\t\t\t<\/figure>\n\t\t\t\t\t\t\t\t\t<\/div>\n\t\t\t\t<\/div>\n\t\t\t\t<div class=\"elementor-element elementor-element-e4d558f elementor-widget elementor-widget-menu-anchor\" data-id=\"e4d558f\" data-element_type=\"widget\" data-e-type=\"widget\" data-widget_type=\"menu-anchor.default\">\n\t\t\t\t<div class=\"elementor-widget-container\">\n\t\t\t\t\t\t\t<div class=\"elementor-menu-anchor\" id=\"b5610\"><\/div>\n\t\t\t\t\t\t<\/div>\n\t\t\t\t<\/div>\n\t\t\t\t<div class=\"elementor-element elementor-element-e5b7904 elementor-widget elementor-widget-image\" data-id=\"e5b7904\" data-element_type=\"widget\" data-e-type=\"widget\" data-widget_type=\"image.default\">\n\t\t\t\t<div class=\"elementor-widget-container\">\n\t\t\t\t\t\t\t\t\t\t\t\t<figure class=\"wp-caption\">\n\t\t\t\t\t\t\t\t\t\t<img loading=\"lazy\" decoding=\"async\" width=\"768\" height=\"511\" src=\"https:\/\/www.elturistatranquil.com\/wp-content\/uploads\/F63-Iglesia-de-Santiago-de-Aguero-Huesca.jpg\" class=\"attachment-large size-large wp-image-35448\" alt=\"Iglesia de Santiago de Ag\u00fcero, Huesca\" srcset=\"https:\/\/www.elturistatranquil.com\/wp-content\/uploads\/F63-Iglesia-de-Santiago-de-Aguero-Huesca.jpg 768w, https:\/\/www.elturistatranquil.com\/wp-content\/uploads\/F63-Iglesia-de-Santiago-de-Aguero-Huesca-339x226.jpg 339w\" sizes=\"(max-width: 768px) 100vw, 768px\" \/>\t\t\t\t\t\t\t\t\t\t\t<figcaption class=\"widget-image-caption wp-caption-text\"><\/figcaption>\n\t\t\t\t\t\t\t\t\t\t<\/figure>\n\t\t\t\t\t\t\t\t\t<\/div>\n\t\t\t\t<\/div>\n\t\t\t\t<div class=\"elementor-element elementor-element-cc2dd13 elementor-widget elementor-widget-heading\" data-id=\"cc2dd13\" data-element_type=\"widget\" data-e-type=\"widget\" data-widget_type=\"heading.default\">\n\t\t\t\t<div class=\"elementor-widget-container\">\n\t\t\t\t\t<h2 class=\"elementor-heading-title elementor-size-default\">Inter\u00e8s final<\/h2>\t\t\t\t<\/div>\n\t\t\t\t<\/div>\n\t\t\t\t<div class=\"elementor-element elementor-element-1ae8e97 elementor-widget elementor-widget-menu-anchor\" data-id=\"1ae8e97\" data-element_type=\"widget\" data-e-type=\"widget\" data-widget_type=\"menu-anchor.default\">\n\t\t\t\t<div class=\"elementor-widget-container\">\n\t\t\t\t\t\t\t<div class=\"elementor-menu-anchor\" id=\"b5611\"><\/div>\n\t\t\t\t\t\t<\/div>\n\t\t\t\t<\/div>\n\t\t\t\t<div class=\"elementor-element elementor-element-b018e94 elementor-widget elementor-widget-text-editor\" data-id=\"b018e94\" data-element_type=\"widget\" data-e-type=\"widget\" data-widget_type=\"text-editor.default\">\n\t\t\t\t<div class=\"elementor-widget-container\">\n\t\t\t\t\t\t\t\t\t<p>En resum, per a <a href=\"http:\/\/www.cervantesvirtual.com\/obra\/la-inedita-iglesia-de-santiago-en-aguero--0\/\" target=\"_blank\" rel=\"noopener\">Ricardo del Arco\u00a0<\/a>la import\u00e0ncia singular de l&#8217;esgl\u00e9sia de Santiago de Ag\u00fcero es basa en el gran nombre i la qualitat dels relleus escult\u00f2rics, que no els presenta cap altre monument aragon\u00e8s de les seves dimensions; un focus important per estudiar l&#8217;evoluci\u00f3 de l&#8217;escultura rom\u00e0nica i les seves primeres manifestacions g\u00f2tiques a l\u2019Alt Arag\u00f3. En Ag\u00fcero es troben totes les fonts d&#8217;inspiraci\u00f3, al servei d&#8217;un artista molt personal i expert\u00edssim.<\/p>\t\t\t\t\t\t\t\t<\/div>\n\t\t\t\t<\/div>\n\t\t\t\t<div class=\"elementor-element elementor-element-7ea2fcf elementor-widget elementor-widget-heading\" data-id=\"7ea2fcf\" data-element_type=\"widget\" data-e-type=\"widget\" data-widget_type=\"heading.default\">\n\t\t\t\t<div class=\"elementor-widget-container\">\n\t\t\t\t\t<h2 class=\"elementor-heading-title elementor-size-default\">Bases d\u2019informaci\u00f3<\/h2>\t\t\t\t<\/div>\n\t\t\t\t<\/div>\n\t\t\t\t<div class=\"elementor-element elementor-element-1b95f516 elementor-widget elementor-widget-text-editor\" data-id=\"1b95f516\" data-element_type=\"widget\" data-e-type=\"widget\" data-widget_type=\"text-editor.default\">\n\t\t\t\t<div class=\"elementor-widget-container\">\n\t\t\t\t\t\t\t\t\t<p><strong>Webs<\/strong><\/p><p><a href=\"http:\/\/www.aguero.es\/\" target=\"_blank\" rel=\"noopener\">ayuntamiento<\/a><\/p><p><a href=\"https:\/\/turismo.hoyadehuesca.es\/el-reino-de-los-mallos\/turismo-cultural\/iglesia-de-santiago-de-agueero\" target=\"_blank\" rel=\"noopener\">turismohoyadehuesca<\/a><\/p><p><a href=\"http:\/\/www.patrimonioculturaldearagon.es\/bienes-culturales\/iglesia-de-santiago-aguero\" target=\"_blank\" rel=\"noopener\">patrimonioculturaldearagon<\/a><\/p><p><a href=\"https:\/\/www.arteguias.com\/huesca\/aguerohuesca.htm\" target=\"_blank\" rel=\"noopener\">arteguias<\/a><\/p><p><a href=\"https:\/\/www.wikiwand.com\/es\/Maestro_de_Ag%C3%Bcero\" target=\"_blank\" rel=\"noopener\">wikiwand.maestrodeag\u00fcero<\/a><\/p><p>Ricardo del Arco. <em><a href=\"http:\/\/www.cervantesvirtual.com\/obra\/la-inedita-iglesia-de-santiago-en-aguero--0\/\" target=\"_blank\" rel=\"noopener\">La in\u00e9dita iglesia de Santiago en Ag\u00fcero<\/a><\/em><\/p><p>Jos\u00e9 Luis Bozal Gonz\u00e1lez. <a href=\"http:\/\/www.signosdecantero.com\/descargas\/Santiago_de_Aguero_JL_Bozal.pdf\" target=\"_blank\" rel=\"noopener\"><em>Iglesia de Santiago de Ag\u00fcero<\/em><\/a><\/p><p>Jos\u00e9 Luis Bozal Gonz\u00e1lez. <a href=\"http:\/\/www.signosdecantero.com\/iglesia-santiago-de-agueero.html\" target=\"_blank\" rel=\"noopener\"><em>Signos de cantero en la iglesia Santiago de Ag\u00fcero<\/em><\/a><\/p><p>Jos\u00e9 Luis Bozal Gonz\u00e1lez. <a href=\"http:\/\/www.signosdecantero.com\/pdf\/LOS%20_SIGNOS_DE_CANTERO_EN_LAS_IGLESIAS_ROMANICAS_EN_ESPA%c3%91A.pdf\" target=\"_blank\" rel=\"noopener\"><em>Los signos de cantero en las iglesias rom\u00e1nicas en Espa\u00f1a<\/em><\/a><\/p><p>Antonio Garc\u00eda Omedes. <a href=\"http:\/\/www.romanicoaragones.com\/31-Sotonera\/990414-AgueroSantiago.htm\" target=\"_blank\" rel=\"noopener\"><em>Ag\u00fcero. Ermita de Santiago<\/em><\/a><\/p>\t\t\t\t\t\t\t\t<\/div>\n\t\t\t\t<\/div>\n\t\t\t\t\t<\/div>\n\t\t<\/div>\n\t\t\t\t\t<\/div>\n\t\t<\/section>\n\t\t\t\t<\/div>\n\t\t","protected":false},"excerpt":{"rendered":"<p>Esgl\u00e9sia de Santiago de Ag\u00fcero (Osca), impressionant temple rom\u00e0nic aragon\u00e8s al mig del bosc, inacabat, i ple d&#8217;inc\u00f2gnites. Esgl\u00e9sia de Santiago de Ag\u00fcero (Osca) Esgl\u00e9sia de Santiago de Ag\u00fcero (Google &#8230; <a title=\"Esgl\u00e9sia de Santiago de Ag\u00fcero (Osca)\" class=\"read-more\" href=\"https:\/\/www.elturistatranquil.com\/ca\/esglesia-de-santiago-de-aguero-osca\/\" aria-label=\"M\u00e9s informaci\u00f3 sobre Esgl\u00e9sia de Santiago de Ag\u00fcero (Osca)\">[ &#8230; ]<\/a><\/p>\n","protected":false},"author":1,"featured_media":35480,"comment_status":"open","ping_status":"closed","sticky":false,"template":"","format":"standard","meta":{"footnotes":""},"categories":[72,145,83,87,138,104],"tags":[],"class_list":["post-35455","post","type-post","status-publish","format-standard","has-post-thumbnail","hentry","category-arquitectura-religiosa-ca","category-edat-mitjana","category-historia-ca","category-joies-al-territori","category-osca","category-preromanic-ca","infinite-scroll-item","generate-columns","tablet-grid-50","mobile-grid-100","grid-parent","grid-50","no-featured-image-padding"],"yoast_head":"<!-- This site is optimized with the Yoast SEO plugin v27.4 - https:\/\/yoast.com\/product\/yoast-seo-wordpress\/ -->\n<title>Esgl\u00e9sia de Santiago de Ag\u00fcero (Osca) - El turista tranquil<\/title>\n<meta name=\"description\" content=\"Esgl\u00e9sia de Santiago de Ag\u00fcero (Osca), impressionant temple rom\u00e0nic aragon\u00e8s al mig del bosc, inacabat, i ple d&#039;inc\u00f2gnites.\" \/>\n<meta name=\"robots\" content=\"index, follow, max-snippet:-1, max-image-preview:large, max-video-preview:-1\" \/>\n<link rel=\"canonical\" href=\"https:\/\/www.elturistatranquil.com\/ca\/esglesia-de-santiago-de-aguero-osca\/\" \/>\n<meta property=\"og:locale\" content=\"ca_ES\" \/>\n<meta property=\"og:type\" content=\"article\" \/>\n<meta property=\"og:title\" content=\"Esgl\u00e9sia de Santiago de Ag\u00fcero (Osca) - El turista tranquil\" \/>\n<meta property=\"og:description\" content=\"Esgl\u00e9sia de Santiago de Ag\u00fcero (Osca), impressionant temple rom\u00e0nic aragon\u00e8s al mig del bosc, inacabat, i ple d&#039;inc\u00f2gnites.\" \/>\n<meta property=\"og:url\" content=\"https:\/\/www.elturistatranquil.com\/ca\/esglesia-de-santiago-de-aguero-osca\/\" \/>\n<meta property=\"og:site_name\" content=\"El turista tranquil\" \/>\n<meta property=\"article:publisher\" content=\"https:\/\/www.facebook.com\/elturistatranquilo\/\" \/>\n<meta property=\"article:published_time\" content=\"2021-05-08T07:27:07+00:00\" \/>\n<meta property=\"article:modified_time\" content=\"2021-05-09T09:12:29+00:00\" \/>\n<meta property=\"og:image\" content=\"https:\/\/www.elturistatranquil.com\/wp-content\/uploads\/F20-Portada-de-la-Iglesia-de-Santiago-de-Aguero-Huesca-1.jpg\" \/>\n\t<meta property=\"og:image:width\" content=\"768\" \/>\n\t<meta property=\"og:image:height\" content=\"512\" \/>\n\t<meta property=\"og:image:type\" content=\"image\/jpeg\" \/>\n<meta name=\"author\" content=\"admin\" \/>\n<meta name=\"twitter:card\" content=\"summary_large_image\" \/>\n<meta name=\"twitter:label1\" content=\"Escrit per\" \/>\n\t<meta name=\"twitter:data1\" content=\"admin\" \/>\n\t<meta name=\"twitter:label2\" content=\"Temps estimat de lectura\" \/>\n\t<meta name=\"twitter:data2\" content=\"28 minuts\" \/>\n<script type=\"application\/ld+json\" class=\"yoast-schema-graph\">{\"@context\":\"https:\\\/\\\/schema.org\",\"@graph\":[{\"@type\":\"Article\",\"@id\":\"https:\\\/\\\/www.elturistatranquil.com\\\/ca\\\/esglesia-de-santiago-de-aguero-osca\\\/#article\",\"isPartOf\":{\"@id\":\"https:\\\/\\\/www.elturistatranquil.com\\\/ca\\\/esglesia-de-santiago-de-aguero-osca\\\/\"},\"author\":{\"name\":\"admin\",\"@id\":\"https:\\\/\\\/www.elturistatranquil.com\\\/ca\\\/#\\\/schema\\\/person\\\/16f607c3079b96ed0c530a52e6b58bb5\"},\"headline\":\"Esgl\u00e9sia de Santiago de Ag\u00fcero (Osca)\",\"datePublished\":\"2021-05-08T07:27:07+00:00\",\"dateModified\":\"2021-05-09T09:12:29+00:00\",\"mainEntityOfPage\":{\"@id\":\"https:\\\/\\\/www.elturistatranquil.com\\\/ca\\\/esglesia-de-santiago-de-aguero-osca\\\/\"},\"wordCount\":3240,\"commentCount\":0,\"image\":{\"@id\":\"https:\\\/\\\/www.elturistatranquil.com\\\/ca\\\/esglesia-de-santiago-de-aguero-osca\\\/#primaryimage\"},\"thumbnailUrl\":\"https:\\\/\\\/www.elturistatranquil.com\\\/wp-content\\\/uploads\\\/F20-Portada-de-la-Iglesia-de-Santiago-de-Aguero-Huesca-1.jpg\",\"articleSection\":[\"Arquitectura religiosa\",\"Edat mitjana\",\"Hist\u00f2ria\",\"Joies al territori\",\"Osca\",\"Rom\u00e0nic\"],\"inLanguage\":\"ca\",\"potentialAction\":[{\"@type\":\"CommentAction\",\"name\":\"Comment\",\"target\":[\"https:\\\/\\\/www.elturistatranquil.com\\\/ca\\\/esglesia-de-santiago-de-aguero-osca\\\/#respond\"]}]},{\"@type\":\"WebPage\",\"@id\":\"https:\\\/\\\/www.elturistatranquil.com\\\/ca\\\/esglesia-de-santiago-de-aguero-osca\\\/\",\"url\":\"https:\\\/\\\/www.elturistatranquil.com\\\/ca\\\/esglesia-de-santiago-de-aguero-osca\\\/\",\"name\":\"Esgl\u00e9sia de Santiago de Ag\u00fcero (Osca) - El turista tranquil\",\"isPartOf\":{\"@id\":\"https:\\\/\\\/www.elturistatranquil.com\\\/ca\\\/#website\"},\"primaryImageOfPage\":{\"@id\":\"https:\\\/\\\/www.elturistatranquil.com\\\/ca\\\/esglesia-de-santiago-de-aguero-osca\\\/#primaryimage\"},\"image\":{\"@id\":\"https:\\\/\\\/www.elturistatranquil.com\\\/ca\\\/esglesia-de-santiago-de-aguero-osca\\\/#primaryimage\"},\"thumbnailUrl\":\"https:\\\/\\\/www.elturistatranquil.com\\\/wp-content\\\/uploads\\\/F20-Portada-de-la-Iglesia-de-Santiago-de-Aguero-Huesca-1.jpg\",\"datePublished\":\"2021-05-08T07:27:07+00:00\",\"dateModified\":\"2021-05-09T09:12:29+00:00\",\"author\":{\"@id\":\"https:\\\/\\\/www.elturistatranquil.com\\\/ca\\\/#\\\/schema\\\/person\\\/16f607c3079b96ed0c530a52e6b58bb5\"},\"description\":\"Esgl\u00e9sia de Santiago de Ag\u00fcero (Osca), impressionant temple rom\u00e0nic aragon\u00e8s al mig del bosc, inacabat, i ple d'inc\u00f2gnites.\",\"breadcrumb\":{\"@id\":\"https:\\\/\\\/www.elturistatranquil.com\\\/ca\\\/esglesia-de-santiago-de-aguero-osca\\\/#breadcrumb\"},\"inLanguage\":\"ca\",\"potentialAction\":[{\"@type\":\"ReadAction\",\"target\":[\"https:\\\/\\\/www.elturistatranquil.com\\\/ca\\\/esglesia-de-santiago-de-aguero-osca\\\/\"]}]},{\"@type\":\"ImageObject\",\"inLanguage\":\"ca\",\"@id\":\"https:\\\/\\\/www.elturistatranquil.com\\\/ca\\\/esglesia-de-santiago-de-aguero-osca\\\/#primaryimage\",\"url\":\"https:\\\/\\\/www.elturistatranquil.com\\\/wp-content\\\/uploads\\\/F20-Portada-de-la-Iglesia-de-Santiago-de-Aguero-Huesca-1.jpg\",\"contentUrl\":\"https:\\\/\\\/www.elturistatranquil.com\\\/wp-content\\\/uploads\\\/F20-Portada-de-la-Iglesia-de-Santiago-de-Aguero-Huesca-1.jpg\",\"width\":768,\"height\":512,\"caption\":\"Portada de la Iglesia de Santiago de Ag\u00fcero, Huesca\"},{\"@type\":\"BreadcrumbList\",\"@id\":\"https:\\\/\\\/www.elturistatranquil.com\\\/ca\\\/esglesia-de-santiago-de-aguero-osca\\\/#breadcrumb\",\"itemListElement\":[{\"@type\":\"ListItem\",\"position\":1,\"name\":\"Portada\",\"item\":\"https:\\\/\\\/www.elturistatranquil.com\\\/ca\\\/\"},{\"@type\":\"ListItem\",\"position\":2,\"name\":\"Esgl\u00e9sia de Santiago de Ag\u00fcero (Osca)\"}]},{\"@type\":\"WebSite\",\"@id\":\"https:\\\/\\\/www.elturistatranquil.com\\\/ca\\\/#website\",\"url\":\"https:\\\/\\\/www.elturistatranquil.com\\\/ca\\\/\",\"name\":\"El turista tranquil\",\"description\":\"Blog de viatges\",\"potentialAction\":[{\"@type\":\"SearchAction\",\"target\":{\"@type\":\"EntryPoint\",\"urlTemplate\":\"https:\\\/\\\/www.elturistatranquil.com\\\/ca\\\/?s={search_term_string}\"},\"query-input\":{\"@type\":\"PropertyValueSpecification\",\"valueRequired\":true,\"valueName\":\"search_term_string\"}}],\"inLanguage\":\"ca\"},{\"@type\":\"Person\",\"@id\":\"https:\\\/\\\/www.elturistatranquil.com\\\/ca\\\/#\\\/schema\\\/person\\\/16f607c3079b96ed0c530a52e6b58bb5\",\"name\":\"admin\",\"image\":{\"@type\":\"ImageObject\",\"inLanguage\":\"ca\",\"@id\":\"https:\\\/\\\/secure.gravatar.com\\\/avatar\\\/1fbaf22aee75fcbb29a2f97b107f95d25d3a19b7c3416105be10269872673e8d?s=96&d=mm&r=g\",\"url\":\"https:\\\/\\\/secure.gravatar.com\\\/avatar\\\/1fbaf22aee75fcbb29a2f97b107f95d25d3a19b7c3416105be10269872673e8d?s=96&d=mm&r=g\",\"contentUrl\":\"https:\\\/\\\/secure.gravatar.com\\\/avatar\\\/1fbaf22aee75fcbb29a2f97b107f95d25d3a19b7c3416105be10269872673e8d?s=96&d=mm&r=g\",\"caption\":\"admin\"}}]}<\/script>\n<!-- \/ Yoast SEO plugin. -->","yoast_head_json":{"title":"Esgl\u00e9sia de Santiago de Ag\u00fcero (Osca) - El turista tranquil","description":"Esgl\u00e9sia de Santiago de Ag\u00fcero (Osca), impressionant temple rom\u00e0nic aragon\u00e8s al mig del bosc, inacabat, i ple d'inc\u00f2gnites.","robots":{"index":"index","follow":"follow","max-snippet":"max-snippet:-1","max-image-preview":"max-image-preview:large","max-video-preview":"max-video-preview:-1"},"canonical":"https:\/\/www.elturistatranquil.com\/ca\/esglesia-de-santiago-de-aguero-osca\/","og_locale":"ca_ES","og_type":"article","og_title":"Esgl\u00e9sia de Santiago de Ag\u00fcero (Osca) - El turista tranquil","og_description":"Esgl\u00e9sia de Santiago de Ag\u00fcero (Osca), impressionant temple rom\u00e0nic aragon\u00e8s al mig del bosc, inacabat, i ple d'inc\u00f2gnites.","og_url":"https:\/\/www.elturistatranquil.com\/ca\/esglesia-de-santiago-de-aguero-osca\/","og_site_name":"El turista tranquil","article_publisher":"https:\/\/www.facebook.com\/elturistatranquilo\/","article_published_time":"2021-05-08T07:27:07+00:00","article_modified_time":"2021-05-09T09:12:29+00:00","og_image":[{"width":768,"height":512,"url":"https:\/\/www.elturistatranquil.com\/wp-content\/uploads\/F20-Portada-de-la-Iglesia-de-Santiago-de-Aguero-Huesca-1.jpg","type":"image\/jpeg"}],"author":"admin","twitter_card":"summary_large_image","twitter_misc":{"Escrit per":"admin","Temps estimat de lectura":"28 minuts"},"schema":{"@context":"https:\/\/schema.org","@graph":[{"@type":"Article","@id":"https:\/\/www.elturistatranquil.com\/ca\/esglesia-de-santiago-de-aguero-osca\/#article","isPartOf":{"@id":"https:\/\/www.elturistatranquil.com\/ca\/esglesia-de-santiago-de-aguero-osca\/"},"author":{"name":"admin","@id":"https:\/\/www.elturistatranquil.com\/ca\/#\/schema\/person\/16f607c3079b96ed0c530a52e6b58bb5"},"headline":"Esgl\u00e9sia de Santiago de Ag\u00fcero (Osca)","datePublished":"2021-05-08T07:27:07+00:00","dateModified":"2021-05-09T09:12:29+00:00","mainEntityOfPage":{"@id":"https:\/\/www.elturistatranquil.com\/ca\/esglesia-de-santiago-de-aguero-osca\/"},"wordCount":3240,"commentCount":0,"image":{"@id":"https:\/\/www.elturistatranquil.com\/ca\/esglesia-de-santiago-de-aguero-osca\/#primaryimage"},"thumbnailUrl":"https:\/\/www.elturistatranquil.com\/wp-content\/uploads\/F20-Portada-de-la-Iglesia-de-Santiago-de-Aguero-Huesca-1.jpg","articleSection":["Arquitectura religiosa","Edat mitjana","Hist\u00f2ria","Joies al territori","Osca","Rom\u00e0nic"],"inLanguage":"ca","potentialAction":[{"@type":"CommentAction","name":"Comment","target":["https:\/\/www.elturistatranquil.com\/ca\/esglesia-de-santiago-de-aguero-osca\/#respond"]}]},{"@type":"WebPage","@id":"https:\/\/www.elturistatranquil.com\/ca\/esglesia-de-santiago-de-aguero-osca\/","url":"https:\/\/www.elturistatranquil.com\/ca\/esglesia-de-santiago-de-aguero-osca\/","name":"Esgl\u00e9sia de Santiago de Ag\u00fcero (Osca) - El turista tranquil","isPartOf":{"@id":"https:\/\/www.elturistatranquil.com\/ca\/#website"},"primaryImageOfPage":{"@id":"https:\/\/www.elturistatranquil.com\/ca\/esglesia-de-santiago-de-aguero-osca\/#primaryimage"},"image":{"@id":"https:\/\/www.elturistatranquil.com\/ca\/esglesia-de-santiago-de-aguero-osca\/#primaryimage"},"thumbnailUrl":"https:\/\/www.elturistatranquil.com\/wp-content\/uploads\/F20-Portada-de-la-Iglesia-de-Santiago-de-Aguero-Huesca-1.jpg","datePublished":"2021-05-08T07:27:07+00:00","dateModified":"2021-05-09T09:12:29+00:00","author":{"@id":"https:\/\/www.elturistatranquil.com\/ca\/#\/schema\/person\/16f607c3079b96ed0c530a52e6b58bb5"},"description":"Esgl\u00e9sia de Santiago de Ag\u00fcero (Osca), impressionant temple rom\u00e0nic aragon\u00e8s al mig del bosc, inacabat, i ple d'inc\u00f2gnites.","breadcrumb":{"@id":"https:\/\/www.elturistatranquil.com\/ca\/esglesia-de-santiago-de-aguero-osca\/#breadcrumb"},"inLanguage":"ca","potentialAction":[{"@type":"ReadAction","target":["https:\/\/www.elturistatranquil.com\/ca\/esglesia-de-santiago-de-aguero-osca\/"]}]},{"@type":"ImageObject","inLanguage":"ca","@id":"https:\/\/www.elturistatranquil.com\/ca\/esglesia-de-santiago-de-aguero-osca\/#primaryimage","url":"https:\/\/www.elturistatranquil.com\/wp-content\/uploads\/F20-Portada-de-la-Iglesia-de-Santiago-de-Aguero-Huesca-1.jpg","contentUrl":"https:\/\/www.elturistatranquil.com\/wp-content\/uploads\/F20-Portada-de-la-Iglesia-de-Santiago-de-Aguero-Huesca-1.jpg","width":768,"height":512,"caption":"Portada de la Iglesia de Santiago de Ag\u00fcero, Huesca"},{"@type":"BreadcrumbList","@id":"https:\/\/www.elturistatranquil.com\/ca\/esglesia-de-santiago-de-aguero-osca\/#breadcrumb","itemListElement":[{"@type":"ListItem","position":1,"name":"Portada","item":"https:\/\/www.elturistatranquil.com\/ca\/"},{"@type":"ListItem","position":2,"name":"Esgl\u00e9sia de Santiago de Ag\u00fcero (Osca)"}]},{"@type":"WebSite","@id":"https:\/\/www.elturistatranquil.com\/ca\/#website","url":"https:\/\/www.elturistatranquil.com\/ca\/","name":"El turista tranquil","description":"Blog de viatges","potentialAction":[{"@type":"SearchAction","target":{"@type":"EntryPoint","urlTemplate":"https:\/\/www.elturistatranquil.com\/ca\/?s={search_term_string}"},"query-input":{"@type":"PropertyValueSpecification","valueRequired":true,"valueName":"search_term_string"}}],"inLanguage":"ca"},{"@type":"Person","@id":"https:\/\/www.elturistatranquil.com\/ca\/#\/schema\/person\/16f607c3079b96ed0c530a52e6b58bb5","name":"admin","image":{"@type":"ImageObject","inLanguage":"ca","@id":"https:\/\/secure.gravatar.com\/avatar\/1fbaf22aee75fcbb29a2f97b107f95d25d3a19b7c3416105be10269872673e8d?s=96&d=mm&r=g","url":"https:\/\/secure.gravatar.com\/avatar\/1fbaf22aee75fcbb29a2f97b107f95d25d3a19b7c3416105be10269872673e8d?s=96&d=mm&r=g","contentUrl":"https:\/\/secure.gravatar.com\/avatar\/1fbaf22aee75fcbb29a2f97b107f95d25d3a19b7c3416105be10269872673e8d?s=96&d=mm&r=g","caption":"admin"}}]}},"_links":{"self":[{"href":"https:\/\/www.elturistatranquil.com\/ca\/wp-json\/wp\/v2\/posts\/35455","targetHints":{"allow":["GET"]}}],"collection":[{"href":"https:\/\/www.elturistatranquil.com\/ca\/wp-json\/wp\/v2\/posts"}],"about":[{"href":"https:\/\/www.elturistatranquil.com\/ca\/wp-json\/wp\/v2\/types\/post"}],"author":[{"embeddable":true,"href":"https:\/\/www.elturistatranquil.com\/ca\/wp-json\/wp\/v2\/users\/1"}],"replies":[{"embeddable":true,"href":"https:\/\/www.elturistatranquil.com\/ca\/wp-json\/wp\/v2\/comments?post=35455"}],"version-history":[{"count":5,"href":"https:\/\/www.elturistatranquil.com\/ca\/wp-json\/wp\/v2\/posts\/35455\/revisions"}],"predecessor-version":[{"id":35528,"href":"https:\/\/www.elturistatranquil.com\/ca\/wp-json\/wp\/v2\/posts\/35455\/revisions\/35528"}],"wp:featuredmedia":[{"embeddable":true,"href":"https:\/\/www.elturistatranquil.com\/ca\/wp-json\/wp\/v2\/media\/35480"}],"wp:attachment":[{"href":"https:\/\/www.elturistatranquil.com\/ca\/wp-json\/wp\/v2\/media?parent=35455"}],"wp:term":[{"taxonomy":"category","embeddable":true,"href":"https:\/\/www.elturistatranquil.com\/ca\/wp-json\/wp\/v2\/categories?post=35455"},{"taxonomy":"post_tag","embeddable":true,"href":"https:\/\/www.elturistatranquil.com\/ca\/wp-json\/wp\/v2\/tags?post=35455"}],"curies":[{"name":"wp","href":"https:\/\/api.w.org\/{rel}","templated":true}]}}