{"id":36106,"date":"2021-07-17T11:47:50","date_gmt":"2021-07-17T09:47:50","guid":{"rendered":"https:\/\/www.elturistatranquil.com\/?p=36106"},"modified":"2021-07-17T11:59:01","modified_gmt":"2021-07-17T09:59:01","slug":"valoria-la-buena-valladolid","status":"publish","type":"post","link":"https:\/\/www.elturistatranquil.com\/ca\/valoria-la-buena-valladolid\/","title":{"rendered":"Valoria la Buena (Valladolid)"},"content":{"rendered":"\t\t<div data-elementor-type=\"wp-post\" data-elementor-id=\"36106\" class=\"elementor elementor-36106 elementor-35973\" data-elementor-post-type=\"post\">\n\t\t\t\t\t\t<section class=\"elementor-section elementor-top-section elementor-element elementor-element-5c5545b2 elementor-section-boxed elementor-section-height-default elementor-section-height-default\" data-id=\"5c5545b2\" data-element_type=\"section\" data-e-type=\"section\">\n\t\t\t\t\t\t<div class=\"elementor-container elementor-column-gap-default\">\n\t\t\t\t\t<div class=\"elementor-column elementor-col-100 elementor-top-column elementor-element elementor-element-7bd3909a\" data-id=\"7bd3909a\" data-element_type=\"column\" data-e-type=\"column\">\n\t\t\t<div class=\"elementor-widget-wrap elementor-element-populated\">\n\t\t\t\t\t\t<section class=\"elementor-section elementor-inner-section elementor-element elementor-element-10c1ea0d elementor-section-content-middle elementor-section-boxed elementor-section-height-default elementor-section-height-default\" data-id=\"10c1ea0d\" data-element_type=\"section\" data-e-type=\"section\">\n\t\t\t\t\t\t<div class=\"elementor-container elementor-column-gap-default\">\n\t\t\t\t\t<div class=\"elementor-column elementor-col-100 elementor-inner-column elementor-element elementor-element-5c19c9cf\" data-id=\"5c19c9cf\" data-element_type=\"column\" data-e-type=\"column\">\n\t\t\t<div class=\"elementor-widget-wrap elementor-element-populated\">\n\t\t\t\t\t\t<div class=\"elementor-element elementor-element-1505ac6a elementor-widget elementor-widget-text-editor\" data-id=\"1505ac6a\" data-element_type=\"widget\" data-e-type=\"widget\" data-widget_type=\"text-editor.default\">\n\t\t\t\t<div class=\"elementor-widget-container\">\n\t\t\t\t\t\t\t\t\t<p><em>Valoria la Buena<\/em> (Valladolid) \u00e9s una localitat de campi\u00f1a envoltada de p\u00e1ramos a les terres de la Campi\u00f1a del Pisuerga. S&#8217;hi troba un dels edificis neocl\u00e0ssics m\u00e9s singulars de la prov\u00edncia de Valladolid, l&#8217;esgl\u00e9sia de San Pedro (BIC). A m\u00e9s, est\u00e0 integrada a la DO Cigales.<\/p>\t\t\t\t\t\t\t\t<\/div>\n\t\t\t\t<\/div>\n\t\t\t\t\t<\/div>\n\t\t<\/div>\n\t\t\t\t\t<\/div>\n\t\t<\/section>\n\t\t\t\t<div class=\"elementor-element elementor-element-39bffc19 elementor-widget elementor-widget-heading\" data-id=\"39bffc19\" data-element_type=\"widget\" data-e-type=\"widget\" data-widget_type=\"heading.default\">\n\t\t\t\t<div class=\"elementor-widget-container\">\n\t\t\t\t\t<h1 class=\"elementor-heading-title elementor-size-default\">Valoria la Buena (Valladolid)<\/h1>\t\t\t\t<\/div>\n\t\t\t\t<\/div>\n\t\t\t\t\t<\/div>\n\t\t<\/div>\n\t\t\t\t\t<\/div>\n\t\t<\/section>\n\t\t\t\t<section class=\"elementor-section elementor-top-section elementor-element elementor-element-297173b5 elementor-section-boxed elementor-section-height-default elementor-section-height-default\" data-id=\"297173b5\" data-element_type=\"section\" data-e-type=\"section\">\n\t\t\t\t\t\t<div class=\"elementor-container elementor-column-gap-default\">\n\t\t\t\t\t<div class=\"elementor-column elementor-col-100 elementor-top-column elementor-element elementor-element-6532c8c9\" data-id=\"6532c8c9\" data-element_type=\"column\" data-e-type=\"column\">\n\t\t\t<div class=\"elementor-widget-wrap elementor-element-populated\">\n\t\t\t\t\t\t<div class=\"elementor-element elementor-element-4ce5a8c1 elementor-widget elementor-widget-image\" data-id=\"4ce5a8c1\" data-element_type=\"widget\" data-e-type=\"widget\" data-widget_type=\"image.default\">\n\t\t\t\t<div class=\"elementor-widget-container\">\n\t\t\t\t\t\t\t\t\t\t\t\t<figure class=\"wp-caption\">\n\t\t\t\t\t\t\t\t\t\t<img fetchpriority=\"high\" decoding=\"async\" width=\"768\" height=\"512\" src=\"https:\/\/www.elturistatranquil.com\/wp-content\/uploads\/F01-Valoria-la-Buena-Valladolid-Google-earth-2021-07-12.jpg\" class=\"attachment-large size-large wp-image-35985\" alt=\"Valoria la Buena, Valladolid (Google earth 2021-07-12)\" srcset=\"https:\/\/www.elturistatranquil.com\/wp-content\/uploads\/F01-Valoria-la-Buena-Valladolid-Google-earth-2021-07-12.jpg 768w, https:\/\/www.elturistatranquil.com\/wp-content\/uploads\/F01-Valoria-la-Buena-Valladolid-Google-earth-2021-07-12-339x226.jpg 339w\" sizes=\"(max-width: 768px) 100vw, 768px\" \/>\t\t\t\t\t\t\t\t\t\t\t<figcaption class=\"widget-image-caption wp-caption-text\">Valoria la Buena (Google earth 2021-07-12)<\/figcaption>\n\t\t\t\t\t\t\t\t\t\t<\/figure>\n\t\t\t\t\t\t\t\t\t<\/div>\n\t\t\t\t<\/div>\n\t\t\t\t<div class=\"elementor-element elementor-element-7bfcd987 elementor-widget elementor-widget-spacer\" data-id=\"7bfcd987\" data-element_type=\"widget\" data-e-type=\"widget\" data-widget_type=\"spacer.default\">\n\t\t\t\t<div class=\"elementor-widget-container\">\n\t\t\t\t\t\t\t<div class=\"elementor-spacer\">\n\t\t\t<div class=\"elementor-spacer-inner\"><\/div>\n\t\t<\/div>\n\t\t\t\t\t\t<\/div>\n\t\t\t\t<\/div>\n\t\t\t\t<div class=\"elementor-element elementor-element-7bc4c29e elementor-widget elementor-widget-heading\" data-id=\"7bc4c29e\" data-element_type=\"widget\" data-e-type=\"widget\" data-widget_type=\"heading.default\">\n\t\t\t\t<div class=\"elementor-widget-container\">\n\t\t\t\t\t<h2 class=\"elementor-heading-title elementor-size-default\">Valoria la Buena. Campi\u00f1a del Pisuerga. Valladolid<\/h2>\t\t\t\t<\/div>\n\t\t\t\t<\/div>\n\t\t\t\t<section class=\"elementor-section elementor-inner-section elementor-element elementor-element-125fedbd elementor-section-boxed elementor-section-height-default elementor-section-height-default\" data-id=\"125fedbd\" data-element_type=\"section\" data-e-type=\"section\" data-settings=\"{&quot;background_background&quot;:&quot;classic&quot;}\">\n\t\t\t\t\t\t\t<div class=\"elementor-background-overlay\"><\/div>\n\t\t\t\t\t\t\t<div class=\"elementor-container elementor-column-gap-default\">\n\t\t\t\t\t<div class=\"elementor-column elementor-col-100 elementor-inner-column elementor-element elementor-element-c5364a3\" data-id=\"c5364a3\" data-element_type=\"column\" data-e-type=\"column\" data-settings=\"{&quot;background_background&quot;:&quot;classic&quot;}\">\n\t\t\t<div class=\"elementor-widget-wrap elementor-element-populated\">\n\t\t\t\t\t\t<div class=\"elementor-element elementor-element-17676cd1 elementor-widget elementor-widget-text-editor\" data-id=\"17676cd1\" data-element_type=\"widget\" data-e-type=\"widget\" data-widget_type=\"text-editor.default\">\n\t\t\t\t<div class=\"elementor-widget-container\">\n\t\t\t\t\t\t\t\t\t<p>Comarca: Campi\u00f1a del Pisuerga. Prov\u00edncia: Valladolid. Com. Aut\u00f2noma: Castilla y Le\u00f3n<\/p><p>Coordenades: 41\u00b048\u203200\u2033N 4\u00b031\u203255\u2033O. Altitud: 726 msnm. Poblaci\u00f3: 630 habitants (2020)<\/p><p>Web: <a href=\"http:\/\/www.valorialabuena.com\/\" target=\"_blank\" rel=\"noopener\">ayuntamiento<\/a><\/p><p>Visita: 2021<\/p>\t\t\t\t\t\t\t\t<\/div>\n\t\t\t\t<\/div>\n\t\t\t\t\t<\/div>\n\t\t<\/div>\n\t\t\t\t\t<\/div>\n\t\t<\/section>\n\t\t\t\t<div class=\"elementor-element elementor-element-2029e0ef elementor-widget elementor-widget-image\" data-id=\"2029e0ef\" data-element_type=\"widget\" data-e-type=\"widget\" data-widget_type=\"image.default\">\n\t\t\t\t<div class=\"elementor-widget-container\">\n\t\t\t\t\t\t\t\t\t\t\t\t<figure class=\"wp-caption\">\n\t\t\t\t\t\t\t\t\t\t<img decoding=\"async\" width=\"768\" height=\"511\" src=\"https:\/\/www.elturistatranquil.com\/wp-content\/uploads\/F02ca-Mapa-situacion-Concejo-Hospederia.-Vilaria-la-Buena-Valladolid-Google-maps-2021-06-24.jpg\" class=\"attachment-medium_large size-medium_large wp-image-35712\" alt=\"Mapa situaci\u00f3. Vilaria la Buena, Valladolid (Google maps 2021-06-24)\" srcset=\"https:\/\/www.elturistatranquil.com\/wp-content\/uploads\/F02ca-Mapa-situacion-Concejo-Hospederia.-Vilaria-la-Buena-Valladolid-Google-maps-2021-06-24.jpg 768w, https:\/\/www.elturistatranquil.com\/wp-content\/uploads\/F02ca-Mapa-situacion-Concejo-Hospederia.-Vilaria-la-Buena-Valladolid-Google-maps-2021-06-24-339x226.jpg 339w\" sizes=\"(max-width: 768px) 100vw, 768px\" \/>\t\t\t\t\t\t\t\t\t\t\t<figcaption class=\"widget-image-caption wp-caption-text\">Mapa de situaci\u00f3 de Valoria la Buena, Valladolid (Google maps 2021-06-24)<\/figcaption>\n\t\t\t\t\t\t\t\t\t\t<\/figure>\n\t\t\t\t\t\t\t\t\t<\/div>\n\t\t\t\t<\/div>\n\t\t\t\t<section class=\"elementor-section elementor-inner-section elementor-element elementor-element-764cfd43 elementor-section-boxed elementor-section-height-default elementor-section-height-default\" data-id=\"764cfd43\" data-element_type=\"section\" data-e-type=\"section\" data-settings=\"{&quot;background_background&quot;:&quot;classic&quot;}\">\n\t\t\t\t\t\t<div class=\"elementor-container elementor-column-gap-default\">\n\t\t\t\t\t<div class=\"elementor-column elementor-col-100 elementor-inner-column elementor-element elementor-element-71d6b877\" data-id=\"71d6b877\" data-element_type=\"column\" data-e-type=\"column\">\n\t\t\t<div class=\"elementor-widget-wrap elementor-element-populated\">\n\t\t\t\t\t\t<div class=\"elementor-element elementor-element-4a30ca82 elementor-widget elementor-widget-text-editor\" data-id=\"4a30ca82\" data-element_type=\"widget\" data-e-type=\"widget\" data-widget_type=\"text-editor.default\">\n\t\t\t\t<div class=\"elementor-widget-container\">\n\t\t\t\t\t\t\t\t\t<p style=\"text-align: center;\"><strong>\u00cdndex<\/strong><\/p>\t\t\t\t\t\t\t\t<\/div>\n\t\t\t\t<\/div>\n\t\t\t\t<div class=\"elementor-element elementor-element-45d26f1b elementor-widget elementor-widget-text-editor\" data-id=\"45d26f1b\" data-element_type=\"widget\" data-e-type=\"widget\" data-widget_type=\"text-editor.default\">\n\t\t\t\t<div class=\"elementor-widget-container\">\n\t\t\t\t\t\t\t\t\t<p><a href=\"https:\/\/www.elturistatranquil.com\/ca\/valoria-la-buena-valladolid\/#c6601\">Valoria la Buena. Campi\u00f1a del Pisuerga. Valladolid<\/a><\/p><p><a href=\"https:\/\/www.elturistatranquil.com\/ca\/valoria-la-buena-valladolid\/#c6602\">El territori: Campi\u00f1a del Pisuerga<\/a><\/p><p><a href=\"https:\/\/www.elturistatranquil.com\/ca\/valoria-la-buena-valladolid\/#c6603\">Una mica d&#8217;hist\u00f2ria<\/a><\/p><p><a href=\"https:\/\/www.elturistatranquil.com\/ca\/valoria-la-buena-valladolid\/#c6604\">Visita a Valoria la Buena<\/a><\/p><p style=\"padding-left: 40px;\"><a href=\"https:\/\/www.elturistatranquil.com\/ca\/valoria-la-buena-valladolid\/#c6605\">Arquitectura popular<\/a><\/p><p style=\"padding-left: 40px;\"><a href=\"https:\/\/www.elturistatranquil.com\/ca\/valoria-la-buena-valladolid\/#c6606\">Ajuntament<\/a><\/p><p style=\"padding-left: 40px;\"><a href=\"https:\/\/www.elturistatranquil.com\/ca\/valoria-la-buena-valladolid\/#c6607\">Palau dels Vescomtes<\/a><\/p><p style=\"padding-left: 40px;\"><a href=\"https:\/\/www.elturistatranquil.com\/ca\/valoria-la-buena-valladolid\/#c6608\">Palau dels Mendoza<\/a><\/p><p style=\"padding-left: 40px;\"><a href=\"https:\/\/www.elturistatranquil.com\/ca\/valoria-la-buena-valladolid\/#c6609\">Esgl\u00e9sia de San Pedro Ap\u00f3stol<\/a><\/p><p style=\"padding-left: 40px;\"><a href=\"https:\/\/www.elturistatranquil.com\/ca\/valoria-la-buena-valladolid\/#c6610\">Ermita del Cristo de la Esperanza<\/a><\/p><p style=\"padding-left: 40px;\"><a href=\"https:\/\/www.elturistatranquil.com\/ca\/valoria-la-buena-valladolid\/#c6611\">Creu de San Mart\u00edn<\/a><\/p><p style=\"padding-left: 40px;\"><a href=\"https:\/\/www.elturistatranquil.com\/ca\/valoria-la-buena-valladolid\/#c6612\">Museu del C\u00e1ntaro<\/a><\/p><p style=\"padding-left: 40px;\"><a href=\"https:\/\/www.elturistatranquil.com\/ca\/valoria-la-buena-valladolid\/#c6613\">Chozos<\/a><\/p><p style=\"padding-left: 40px;\"><a href=\"https:\/\/www.elturistatranquil.com\/ca\/valoria-la-buena-valladolid\/#c6614\">Rutes de senderisme<\/a><\/p><p style=\"padding-left: 40px;\"><a href=\"https:\/\/www.elturistatranquil.com\/ca\/valoria-la-buena-valladolid\/#c6615\">Concejo Bodegas<\/a><\/p><p><a href=\"https:\/\/www.elturistatranquil.com\/ca\/valoria-la-buena-valladolid\/#c6616\">Fi de la visita<\/a><\/p><p><a href=\"https:\/\/www.elturistatranquil.com\/ca\/valoria-la-buena-valladolid\/#c6617\">Bases d&#8217;informaci\u00f3<\/a><\/p>\t\t\t\t\t\t\t\t<\/div>\n\t\t\t\t<\/div>\n\t\t\t\t\t<\/div>\n\t\t<\/div>\n\t\t\t\t\t<\/div>\n\t\t<\/section>\n\t\t\t\t<div class=\"elementor-element elementor-element-63ebeb6b elementor-widget elementor-widget-spacer\" data-id=\"63ebeb6b\" data-element_type=\"widget\" data-e-type=\"widget\" data-widget_type=\"spacer.default\">\n\t\t\t\t<div class=\"elementor-widget-container\">\n\t\t\t\t\t\t\t<div class=\"elementor-spacer\">\n\t\t\t<div class=\"elementor-spacer-inner\"><\/div>\n\t\t<\/div>\n\t\t\t\t\t\t<\/div>\n\t\t\t\t<\/div>\n\t\t\t\t<div class=\"elementor-element elementor-element-39346edf elementor-widget elementor-widget-menu-anchor\" data-id=\"39346edf\" data-element_type=\"widget\" data-e-type=\"widget\" data-widget_type=\"menu-anchor.default\">\n\t\t\t\t<div class=\"elementor-widget-container\">\n\t\t\t\t\t\t\t<div class=\"elementor-menu-anchor\" id=\"c6601\"><\/div>\n\t\t\t\t\t\t<\/div>\n\t\t\t\t<\/div>\n\t\t\t\t<div class=\"elementor-element elementor-element-714cc8a elementor-widget elementor-widget-spacer\" data-id=\"714cc8a\" data-element_type=\"widget\" data-e-type=\"widget\" data-widget_type=\"spacer.default\">\n\t\t\t\t<div class=\"elementor-widget-container\">\n\t\t\t\t\t\t\t<div class=\"elementor-spacer\">\n\t\t\t<div class=\"elementor-spacer-inner\"><\/div>\n\t\t<\/div>\n\t\t\t\t\t\t<\/div>\n\t\t\t\t<\/div>\n\t\t\t\t<div class=\"elementor-element elementor-element-50315219 elementor-widget elementor-widget-heading\" data-id=\"50315219\" data-element_type=\"widget\" data-e-type=\"widget\" data-widget_type=\"heading.default\">\n\t\t\t\t<div class=\"elementor-widget-container\">\n\t\t\t\t\t<h2 class=\"elementor-heading-title elementor-size-default\">Valoria la Buena. Campi\u00f1a del Pisuerga. Valladolid<\/h2>\t\t\t\t<\/div>\n\t\t\t\t<\/div>\n\t\t\t\t<div class=\"elementor-element elementor-element-fa6e740 elementor-widget elementor-widget-menu-anchor\" data-id=\"fa6e740\" data-element_type=\"widget\" data-e-type=\"widget\" data-widget_type=\"menu-anchor.default\">\n\t\t\t\t<div class=\"elementor-widget-container\">\n\t\t\t\t\t\t\t<div class=\"elementor-menu-anchor\" id=\"c6602\"><\/div>\n\t\t\t\t\t\t<\/div>\n\t\t\t\t<\/div>\n\t\t\t\t<div class=\"elementor-element elementor-element-7abe7f20 elementor-widget elementor-widget-text-editor\" data-id=\"7abe7f20\" data-element_type=\"widget\" data-e-type=\"widget\" data-widget_type=\"text-editor.default\">\n\t\t\t\t<div class=\"elementor-widget-container\">\n\t\t\t\t\t\t\t\t\t<p>Aprofito l&#8217;estada a <a href=\"https:\/\/www.elturistatranquil.com\/ca\/concejo-hospederia-campina-del-pisuerga\/\" target=\"_blank\" rel=\"noopener\"><strong>Concejo Hospeder\u00eda<\/strong><\/a> per con\u00e8ixer aquesta interessant localitat de la comarca de la Campi\u00f1a del Pisuerga, integrada en la <em>Denominaci\u00f3 d&#8217;Origen Cigales<\/em>.<\/p><p>Situada al l\u00edmit amb la prov\u00edncia de Pal\u00e8ncia, a 27 quil\u00f2metres de la ciutat de Valladolid i 28 quil\u00f2metres de la de Pal\u00e8ncia.<\/p>\t\t\t\t\t\t\t\t<\/div>\n\t\t\t\t<\/div>\n\t\t\t\t<div class=\"elementor-element elementor-element-9513dca elementor-widget elementor-widget-heading\" data-id=\"9513dca\" data-element_type=\"widget\" data-e-type=\"widget\" data-widget_type=\"heading.default\">\n\t\t\t\t<div class=\"elementor-widget-container\">\n\t\t\t\t\t<h2 class=\"elementor-heading-title elementor-size-default\">El territori: Campi\u00f1a del Pisuerga<\/h2>\t\t\t\t<\/div>\n\t\t\t\t<\/div>\n\t\t\t\t<div class=\"elementor-element elementor-element-e2608d2 elementor-widget elementor-widget-text-editor\" data-id=\"e2608d2\" data-element_type=\"widget\" data-e-type=\"widget\" data-widget_type=\"text-editor.default\">\n\t\t\t\t<div class=\"elementor-widget-container\">\n\t\t\t\t\t\t\t\t\t<p>A la part central de la gran conca sediment\u00e0ria que forma la submeseta nord, i en el centre de la prov\u00edncia de Valladolid, est\u00e0 situada la comarca de la Campi\u00f1a del Pisuerga -que inclou a la capital-, seguint la vall del riu Pisuerga.<\/p><p>El paisatge conforma una plana amb suaus ondulacions i materials sedimentaris terciaris, coneguts com <em>campi\u00f1as<\/em>. \u00danicament perden monotonia en les proximitats dels <em>p\u00e1ramos<\/em> m\u00e9s elevats, de planes perfectes. Els s\u00f2ls solts i pedregosos seran aptes per a l&#8217;explotaci\u00f3 vit\u00edcola.<\/p><p>El clima \u00e9s d&#8217;hiverns freds i de gran durada davant estius curts i relativament frescos. Les precipitacions s\u00f3n relativament escasses.<\/p><p>Per la seva banda, el riu Pisuerga aporta un important cabal relativament constant donat el seu r\u00e8gim pluvio-nival.<\/p><p>Valoria la Buena est\u00e0 envoltada de turons i <em>p\u00e1ramos<\/em>, en el que s&#8217;anomena els \u00absis vuit-cents\u00bb, que s\u00f3n sis pics de m\u00e9s de vuit-cents metres que disposa la localitat, tots ells envoltats d&#8217;una rica naturalesa i amb unes magn\u00edfiques vistes diferents per les seves situacions geografies sobre la vall del Pisuerga i l&#8217;entrada de la vall del Esgueva. S\u00f3n el Pic l&#8217;\u00c0liga, el Pic Muedra, el Carromonte, el Senderillo, la Mambra i el Condutero. Tots ells estan lligats a les rutes de senderisme proposades a la localitat.<\/p>\t\t\t\t\t\t\t\t<\/div>\n\t\t\t\t<\/div>\n\t\t\t\t<div class=\"elementor-element elementor-element-9a75e0d elementor-widget elementor-widget-menu-anchor\" data-id=\"9a75e0d\" data-element_type=\"widget\" data-e-type=\"widget\" data-widget_type=\"menu-anchor.default\">\n\t\t\t\t<div class=\"elementor-widget-container\">\n\t\t\t\t\t\t\t<div class=\"elementor-menu-anchor\" id=\"c6603\"><\/div>\n\t\t\t\t\t\t<\/div>\n\t\t\t\t<\/div>\n\t\t\t\t<div class=\"elementor-element elementor-element-d77a3e3 elementor-widget elementor-widget-heading\" data-id=\"d77a3e3\" data-element_type=\"widget\" data-e-type=\"widget\" data-widget_type=\"heading.default\">\n\t\t\t\t<div class=\"elementor-widget-container\">\n\t\t\t\t\t<h2 class=\"elementor-heading-title elementor-size-default\">Una mica d'hist\u00f2ria<\/h2>\t\t\t\t<\/div>\n\t\t\t\t<\/div>\n\t\t\t\t<div class=\"elementor-element elementor-element-1bd2da0 elementor-widget elementor-widget-text-editor\" data-id=\"1bd2da0\" data-element_type=\"widget\" data-e-type=\"widget\" data-widget_type=\"text-editor.default\">\n\t\t\t\t<div class=\"elementor-widget-container\">\n\t\t\t\t\t\t\t\t\t<p>El poblament d&#8217;aquesta zona es remunta a l&#8217;Edat del Ferro, segons es despr\u00e8n de les restes trobades al jaciment arqueol\u00f2gic de <strong>Zorita-Las Quintanas<\/strong> (BIC), al terme municipal, sobre un meandre del riu Pisuerga, el que el situa en el per\u00edode celtib\u00e8ric.<\/p><p>Del per\u00edode rom\u00e0 tamb\u00e9 s&#8217;ha trobat restes d&#8217;assentament i necr\u00f2polis.<\/p><p>En l&#8217;Edat Mitjana, segles IX-X, la localitat va disposar de muralla. El pla actual sembla reflectir-la envoltant l&#8217;Ajuntament i l&#8217;Esgl\u00e9sia de San Pedro.<\/p><p>La pres\u00e8ncia de l&#8217;Orde del Temple, i posteriorment transferida a l&#8217;Orde de Calatrava, es manifesta en els antecedents del palau dels Mendoza (<a href=\"https:\/\/www.elturistatranquil.com\/ca\/concejo-hospederia-campina-del-pisuerga\/\" target=\"_blank\" rel=\"noopener\">Concejo Hospeder\u00eda<\/a>).<\/p><p>A partir dels segles XI-XIII es coneix el desenvolupament de la viticultura.<\/p><p>La transhum\u00e0ncia va ser un factor important per a Valoria la Buena, com parada de la <em>Ca\u00f1ada Real<\/em>.<\/p><p>En 1630, Felip IV va crear el Vescomtat de Valoria la Buena, atorgat a D. Antonio Franco de Guzm\u00e1n yi Mausillo. Per matrimonis successius va passar a integrar-se a la Casa dels Mendoza.<\/p><p>Al segle XVIII, sobre les ru\u00efnes del castell es va construir el palau dels Mendoza.<\/p>\t\t\t\t\t\t\t\t<\/div>\n\t\t\t\t<\/div>\n\t\t\t\t<section class=\"elementor-section elementor-inner-section elementor-element elementor-element-43d52e9 elementor-section-boxed elementor-section-height-default elementor-section-height-default\" data-id=\"43d52e9\" data-element_type=\"section\" data-e-type=\"section\">\n\t\t\t\t\t\t<div class=\"elementor-container elementor-column-gap-default\">\n\t\t\t\t\t<div class=\"elementor-column elementor-col-50 elementor-inner-column elementor-element elementor-element-0c095f4\" data-id=\"0c095f4\" data-element_type=\"column\" data-e-type=\"column\">\n\t\t\t<div class=\"elementor-widget-wrap elementor-element-populated\">\n\t\t\t\t\t\t<div class=\"elementor-element elementor-element-4ada24f elementor-widget elementor-widget-image\" data-id=\"4ada24f\" data-element_type=\"widget\" data-e-type=\"widget\" data-widget_type=\"image.default\">\n\t\t\t\t<div class=\"elementor-widget-container\">\n\t\t\t\t\t\t\t\t\t\t\t\t\t\t\t<img decoding=\"async\" width=\"380\" height=\"380\" src=\"https:\/\/www.elturistatranquil.com\/wp-content\/uploads\/F03m-Valoria-la-Buena-Valladolid.jpg\" class=\"attachment-large size-large wp-image-35987\" alt=\"Valoria la Buena, Valladolid\" srcset=\"https:\/\/www.elturistatranquil.com\/wp-content\/uploads\/F03m-Valoria-la-Buena-Valladolid.jpg 380w, https:\/\/www.elturistatranquil.com\/wp-content\/uploads\/F03m-Valoria-la-Buena-Valladolid-226x226.jpg 226w\" sizes=\"(max-width: 380px) 100vw, 380px\" \/>\t\t\t\t\t\t\t\t\t\t\t\t\t\t\t<\/div>\n\t\t\t\t<\/div>\n\t\t\t\t\t<\/div>\n\t\t<\/div>\n\t\t\t\t<div class=\"elementor-column elementor-col-50 elementor-inner-column elementor-element elementor-element-3d81cee\" data-id=\"3d81cee\" data-element_type=\"column\" data-e-type=\"column\">\n\t\t\t<div class=\"elementor-widget-wrap elementor-element-populated\">\n\t\t\t\t\t\t<div class=\"elementor-element elementor-element-e5bf4b2 elementor-widget elementor-widget-image\" data-id=\"e5bf4b2\" data-element_type=\"widget\" data-e-type=\"widget\" data-widget_type=\"image.default\">\n\t\t\t\t<div class=\"elementor-widget-container\">\n\t\t\t\t\t\t\t\t\t\t\t\t\t\t\t<img loading=\"lazy\" decoding=\"async\" width=\"380\" height=\"380\" src=\"https:\/\/www.elturistatranquil.com\/wp-content\/uploads\/F03n-Valoria-la-Buena-Valladolid.jpg\" class=\"attachment-large size-large wp-image-35989\" alt=\"Valoria la Buena, Valladolid\" srcset=\"https:\/\/www.elturistatranquil.com\/wp-content\/uploads\/F03n-Valoria-la-Buena-Valladolid.jpg 380w, https:\/\/www.elturistatranquil.com\/wp-content\/uploads\/F03n-Valoria-la-Buena-Valladolid-226x226.jpg 226w\" sizes=\"(max-width: 380px) 100vw, 380px\" \/>\t\t\t\t\t\t\t\t\t\t\t\t\t\t\t<\/div>\n\t\t\t\t<\/div>\n\t\t\t\t\t<\/div>\n\t\t<\/div>\n\t\t\t\t\t<\/div>\n\t\t<\/section>\n\t\t\t\t<div class=\"elementor-element elementor-element-bc1509b elementor-widget elementor-widget-menu-anchor\" data-id=\"bc1509b\" data-element_type=\"widget\" data-e-type=\"widget\" data-widget_type=\"menu-anchor.default\">\n\t\t\t\t<div class=\"elementor-widget-container\">\n\t\t\t\t\t\t\t<div class=\"elementor-menu-anchor\" id=\"c6604\"><\/div>\n\t\t\t\t\t\t<\/div>\n\t\t\t\t<\/div>\n\t\t\t\t<div class=\"elementor-element elementor-element-ea1bb0b elementor-widget elementor-widget-text-editor\" data-id=\"ea1bb0b\" data-element_type=\"widget\" data-e-type=\"widget\" data-widget_type=\"text-editor.default\">\n\t\t\t\t<div class=\"elementor-widget-container\">\n\t\t\t\t\t\t\t\t\t<p>\u00a0<\/p><p>Sobre un anterior temple rom\u00e0nic-g\u00f2tic destru\u00eft per les flames, al segle XVIII es va reconstruir l&#8217;esgl\u00e9sia de San Pedro Ap\u00f2stol amb disseny de l&#8217;arquitecte Manuel Godoy, home de confian\u00e7a de Ventura Rodr\u00edguez, En 1.768, D. Manuel de Godoy es va comprometre a construir de nova planta l&#8217;actual, d&#8217;acord amb l&#8217;estil neocl\u00e0ssic imperant en l&#8217;\u00e8poca, finalitzant les obres en 1.774. El disseny respon a una inusual planta hexagonal.<\/p><p>Mentre el segle XVIII va ser el de major puixan\u00e7a de Valoria, el segle XIX va ser nefast, comen\u00e7ant per les destruccions provocades per les forces napole\u00f2niques i acabant per la fil\u00b7loxera.<\/p><p>A principis de segle XX s&#8217;aconsegueix la m\u00e0xima poblaci\u00f3, amb gaireb\u00e9 1.300 habitants, que es veur\u00e0 sotmesa a l&#8217;efecte de l&#8217;emigraci\u00f3 a partir de la d\u00e8cada de 1970, situant-se en l&#8217;actualitat una mica per sobre dels 650 habitants, m\u00e9s o menys estabilitzats.<\/p>\t\t\t\t\t\t\t\t<\/div>\n\t\t\t\t<\/div>\n\t\t\t\t<div class=\"elementor-element elementor-element-6bd483f elementor-widget elementor-widget-heading\" data-id=\"6bd483f\" data-element_type=\"widget\" data-e-type=\"widget\" data-widget_type=\"heading.default\">\n\t\t\t\t<div class=\"elementor-widget-container\">\n\t\t\t\t\t<h2 class=\"elementor-heading-title elementor-size-default\">Visita a Valoria la Buena<\/h2>\t\t\t\t<\/div>\n\t\t\t\t<\/div>\n\t\t\t\t<div class=\"elementor-element elementor-element-83a54d9 elementor-widget elementor-widget-text-editor\" data-id=\"83a54d9\" data-element_type=\"widget\" data-e-type=\"widget\" data-widget_type=\"text-editor.default\">\n\t\t\t\t<div class=\"elementor-widget-container\">\n\t\t\t\t\t\t\t\t\t<p>La localitat de <strong>Valoria la Buena<\/strong> concentra pr\u00e0cticament la totalitat de la poblaci\u00f3 del municipi (622 dels 630 habitants del municipi en 2020). Havia arribat a tenir el doble d&#8217;habitants a principis de segle XX, produint el seu descens m\u00e9s acusat en la d\u00e8cada dels anys 70 de segle passat (659 habitants el 1981), sent m\u00e9s lent des de llavors fins als 630 actuals.<\/p>\t\t\t\t\t\t\t\t<\/div>\n\t\t\t\t<\/div>\n\t\t\t\t<div class=\"elementor-element elementor-element-99681ba elementor-widget elementor-widget-image\" data-id=\"99681ba\" data-element_type=\"widget\" data-e-type=\"widget\" data-widget_type=\"image.default\">\n\t\t\t\t<div class=\"elementor-widget-container\">\n\t\t\t\t\t\t\t\t\t\t\t\t<figure class=\"wp-caption\">\n\t\t\t\t\t\t\t\t\t\t<img loading=\"lazy\" decoding=\"async\" width=\"768\" height=\"512\" src=\"https:\/\/www.elturistatranquil.com\/wp-content\/uploads\/F04-Valoria-la-Buena-Valladolid-Google-earth-2021-07-12.jpg\" class=\"attachment-large size-large wp-image-35991\" alt=\"Valoria la Buena, Valladolid (Google earth 2021-07-12)\" srcset=\"https:\/\/www.elturistatranquil.com\/wp-content\/uploads\/F04-Valoria-la-Buena-Valladolid-Google-earth-2021-07-12.jpg 768w, https:\/\/www.elturistatranquil.com\/wp-content\/uploads\/F04-Valoria-la-Buena-Valladolid-Google-earth-2021-07-12-339x226.jpg 339w\" sizes=\"(max-width: 768px) 100vw, 768px\" \/>\t\t\t\t\t\t\t\t\t\t\t<figcaption class=\"widget-image-caption wp-caption-text\">Pl\u00e0nol de refer\u00e8ncies monumentals de Valoria la Buena (Google earth 2021-07-12)<\/figcaption>\n\t\t\t\t\t\t\t\t\t\t<\/figure>\n\t\t\t\t\t\t\t\t\t<\/div>\n\t\t\t\t<\/div>\n\t\t\t\t<div class=\"elementor-element elementor-element-d757e7c elementor-widget elementor-widget-image\" data-id=\"d757e7c\" data-element_type=\"widget\" data-e-type=\"widget\" data-widget_type=\"image.default\">\n\t\t\t\t<div class=\"elementor-widget-container\">\n\t\t\t\t\t\t\t\t\t\t\t\t<figure class=\"wp-caption\">\n\t\t\t\t\t\t\t\t\t\t<img loading=\"lazy\" decoding=\"async\" width=\"768\" height=\"512\" src=\"https:\/\/www.elturistatranquil.com\/wp-content\/uploads\/F05-Valoria-la-Buena-Valladolid-Google-earth-2021-07-12.jpg\" class=\"attachment-large size-large wp-image-35993\" alt=\"Valoria la Buena, Valladolid (Google earth 2021-07-12)\" srcset=\"https:\/\/www.elturistatranquil.com\/wp-content\/uploads\/F05-Valoria-la-Buena-Valladolid-Google-earth-2021-07-12.jpg 768w, https:\/\/www.elturistatranquil.com\/wp-content\/uploads\/F05-Valoria-la-Buena-Valladolid-Google-earth-2021-07-12-339x226.jpg 339w\" sizes=\"(max-width: 768px) 100vw, 768px\" \/>\t\t\t\t\t\t\t\t\t\t\t<figcaption class=\"widget-image-caption wp-caption-text\">Posici\u00f3 de Concejo Bodegas (Google earth 2021-07-12)<\/figcaption>\n\t\t\t\t\t\t\t\t\t\t<\/figure>\n\t\t\t\t\t\t\t\t\t<\/div>\n\t\t\t\t<\/div>\n\t\t\t\t<div class=\"elementor-element elementor-element-04c9ac4 elementor-widget elementor-widget-menu-anchor\" data-id=\"04c9ac4\" data-element_type=\"widget\" data-e-type=\"widget\" data-widget_type=\"menu-anchor.default\">\n\t\t\t\t<div class=\"elementor-widget-container\">\n\t\t\t\t\t\t\t<div class=\"elementor-menu-anchor\" id=\"c6605\"><\/div>\n\t\t\t\t\t\t<\/div>\n\t\t\t\t<\/div>\n\t\t\t\t<div class=\"elementor-element elementor-element-e24419b elementor-widget elementor-widget-text-editor\" data-id=\"e24419b\" data-element_type=\"widget\" data-e-type=\"widget\" data-widget_type=\"text-editor.default\">\n\t\t\t\t<div class=\"elementor-widget-container\">\n\t\t\t\t\t\t\t\t\t<p>Plantejar\u00e9 la presentaci\u00f3 de la visita a Valoria la Buena recorrent els carrers de la part central, d&#8217;arrel medieval, per despr\u00e9s centrar-me en els edificis m\u00e9s representatius.<\/p>\t\t\t\t\t\t\t\t<\/div>\n\t\t\t\t<\/div>\n\t\t\t\t<div class=\"elementor-element elementor-element-a35de41 elementor-widget elementor-widget-heading\" data-id=\"a35de41\" data-element_type=\"widget\" data-e-type=\"widget\" data-widget_type=\"heading.default\">\n\t\t\t\t<div class=\"elementor-widget-container\">\n\t\t\t\t\t<h3 class=\"elementor-heading-title elementor-size-default\">Arquitectura popular <\/h3>\t\t\t\t<\/div>\n\t\t\t\t<\/div>\n\t\t\t\t<div class=\"elementor-element elementor-element-87bed95 elementor-widget elementor-widget-text-editor\" data-id=\"87bed95\" data-element_type=\"widget\" data-e-type=\"widget\" data-widget_type=\"text-editor.default\">\n\t\t\t\t<div class=\"elementor-widget-container\">\n\t\t\t\t\t\t\t\t\t<p>La zona central m\u00e9s antiga de la localitat presenta una morfologia quasi circular, que presumeixo que havia de correspondre a la zona emmurallada de la vila medieval. Els seus carrers convergeixen en dos punts, les actuals places de la Constituci\u00f3 i de l&#8217;Esgl\u00e9sia.<\/p><p>Les cases estan constru\u00efdes entre mitgeres i formant illes compactes, de forma irregular.<\/p><p>La gran majoria s\u00f3n edificacions de dues plantes. Les m\u00e9s populars presenten finestres i fa\u00e7ana arrebossada. Tamb\u00e9 s&#8217;observa un gran nombre de casalots constru\u00efts amb carreus de llaura fina, amb balcons.<\/p>\t\t\t\t\t\t\t\t<\/div>\n\t\t\t\t<\/div>\n\t\t\t\t<div class=\"elementor-element elementor-element-30f8989 elementor-widget elementor-widget-image\" data-id=\"30f8989\" data-element_type=\"widget\" data-e-type=\"widget\" data-widget_type=\"image.default\">\n\t\t\t\t<div class=\"elementor-widget-container\">\n\t\t\t\t\t\t\t\t\t\t\t\t<figure class=\"wp-caption\">\n\t\t\t\t\t\t\t\t\t\t<img loading=\"lazy\" decoding=\"async\" width=\"768\" height=\"511\" src=\"https:\/\/www.elturistatranquil.com\/wp-content\/uploads\/F06-Valoria-la-Buena-Valladolid.jpg\" class=\"attachment-large size-large wp-image-35995\" alt=\"Valoria la Buena, Valladolid\" srcset=\"https:\/\/www.elturistatranquil.com\/wp-content\/uploads\/F06-Valoria-la-Buena-Valladolid.jpg 768w, https:\/\/www.elturistatranquil.com\/wp-content\/uploads\/F06-Valoria-la-Buena-Valladolid-339x226.jpg 339w\" sizes=\"(max-width: 768px) 100vw, 768px\" \/>\t\t\t\t\t\t\t\t\t\t\t<figcaption class=\"widget-image-caption wp-caption-text\"><\/figcaption>\n\t\t\t\t\t\t\t\t\t\t<\/figure>\n\t\t\t\t\t\t\t\t\t<\/div>\n\t\t\t\t<\/div>\n\t\t\t\t<div class=\"elementor-element elementor-element-508b5c0 elementor-widget elementor-widget-image\" data-id=\"508b5c0\" data-element_type=\"widget\" data-e-type=\"widget\" data-widget_type=\"image.default\">\n\t\t\t\t<div class=\"elementor-widget-container\">\n\t\t\t\t\t\t\t\t\t\t\t\t<figure class=\"wp-caption\">\n\t\t\t\t\t\t\t\t\t\t<img loading=\"lazy\" decoding=\"async\" width=\"768\" height=\"512\" src=\"https:\/\/www.elturistatranquil.com\/wp-content\/uploads\/F07-Valoria-la-Buena-Valladolid.jpg\" class=\"attachment-large size-large wp-image-35997\" alt=\"Valoria la Buena, Valladolid\" srcset=\"https:\/\/www.elturistatranquil.com\/wp-content\/uploads\/F07-Valoria-la-Buena-Valladolid.jpg 768w, https:\/\/www.elturistatranquil.com\/wp-content\/uploads\/F07-Valoria-la-Buena-Valladolid-339x226.jpg 339w\" sizes=\"(max-width: 768px) 100vw, 768px\" \/>\t\t\t\t\t\t\t\t\t\t\t<figcaption class=\"widget-image-caption wp-caption-text\"><\/figcaption>\n\t\t\t\t\t\t\t\t\t\t<\/figure>\n\t\t\t\t\t\t\t\t\t<\/div>\n\t\t\t\t<\/div>\n\t\t\t\t<div class=\"elementor-element elementor-element-27e18e2 elementor-widget elementor-widget-image\" data-id=\"27e18e2\" data-element_type=\"widget\" data-e-type=\"widget\" data-widget_type=\"image.default\">\n\t\t\t\t<div class=\"elementor-widget-container\">\n\t\t\t\t\t\t\t\t\t\t\t\t<figure class=\"wp-caption\">\n\t\t\t\t\t\t\t\t\t\t<img loading=\"lazy\" decoding=\"async\" width=\"768\" height=\"511\" src=\"https:\/\/www.elturistatranquil.com\/wp-content\/uploads\/F08-Valoria-la-Buena-Valladolid.jpg\" class=\"attachment-large size-large wp-image-35999\" alt=\"Valoria la Buena, Valladolid\" srcset=\"https:\/\/www.elturistatranquil.com\/wp-content\/uploads\/F08-Valoria-la-Buena-Valladolid.jpg 768w, https:\/\/www.elturistatranquil.com\/wp-content\/uploads\/F08-Valoria-la-Buena-Valladolid-339x226.jpg 339w\" sizes=\"(max-width: 768px) 100vw, 768px\" \/>\t\t\t\t\t\t\t\t\t\t\t<figcaption class=\"widget-image-caption wp-caption-text\"><\/figcaption>\n\t\t\t\t\t\t\t\t\t\t<\/figure>\n\t\t\t\t\t\t\t\t\t<\/div>\n\t\t\t\t<\/div>\n\t\t\t\t<div class=\"elementor-element elementor-element-a1ce7f6 elementor-widget elementor-widget-image\" data-id=\"a1ce7f6\" data-element_type=\"widget\" data-e-type=\"widget\" data-widget_type=\"image.default\">\n\t\t\t\t<div class=\"elementor-widget-container\">\n\t\t\t\t\t\t\t\t\t\t\t\t<figure class=\"wp-caption\">\n\t\t\t\t\t\t\t\t\t\t<img loading=\"lazy\" decoding=\"async\" width=\"768\" height=\"511\" src=\"https:\/\/www.elturistatranquil.com\/wp-content\/uploads\/F09-Valoria-la-Buena-Valladolid.jpg\" class=\"attachment-large size-large wp-image-36001\" alt=\"Valoria la Buena, Valladolid\" srcset=\"https:\/\/www.elturistatranquil.com\/wp-content\/uploads\/F09-Valoria-la-Buena-Valladolid.jpg 768w, https:\/\/www.elturistatranquil.com\/wp-content\/uploads\/F09-Valoria-la-Buena-Valladolid-339x226.jpg 339w\" sizes=\"(max-width: 768px) 100vw, 768px\" \/>\t\t\t\t\t\t\t\t\t\t\t<figcaption class=\"widget-image-caption wp-caption-text\"><\/figcaption>\n\t\t\t\t\t\t\t\t\t\t<\/figure>\n\t\t\t\t\t\t\t\t\t<\/div>\n\t\t\t\t<\/div>\n\t\t\t\t<div class=\"elementor-element elementor-element-2ffca27 elementor-widget elementor-widget-image\" data-id=\"2ffca27\" data-element_type=\"widget\" data-e-type=\"widget\" data-widget_type=\"image.default\">\n\t\t\t\t<div class=\"elementor-widget-container\">\n\t\t\t\t\t\t\t\t\t\t\t\t<figure class=\"wp-caption\">\n\t\t\t\t\t\t\t\t\t\t<img loading=\"lazy\" decoding=\"async\" width=\"768\" height=\"511\" src=\"https:\/\/www.elturistatranquil.com\/wp-content\/uploads\/F10-Valoria-la-Buena-Valladolid.jpg\" class=\"attachment-large size-large wp-image-36003\" alt=\"Valoria la Buena, Valladolid\" srcset=\"https:\/\/www.elturistatranquil.com\/wp-content\/uploads\/F10-Valoria-la-Buena-Valladolid.jpg 768w, https:\/\/www.elturistatranquil.com\/wp-content\/uploads\/F10-Valoria-la-Buena-Valladolid-339x226.jpg 339w\" sizes=\"(max-width: 768px) 100vw, 768px\" \/>\t\t\t\t\t\t\t\t\t\t\t<figcaption class=\"widget-image-caption wp-caption-text\"><\/figcaption>\n\t\t\t\t\t\t\t\t\t\t<\/figure>\n\t\t\t\t\t\t\t\t\t<\/div>\n\t\t\t\t<\/div>\n\t\t\t\t<div class=\"elementor-element elementor-element-8e9793e elementor-widget elementor-widget-image\" data-id=\"8e9793e\" data-element_type=\"widget\" data-e-type=\"widget\" data-widget_type=\"image.default\">\n\t\t\t\t<div class=\"elementor-widget-container\">\n\t\t\t\t\t\t\t\t\t\t\t\t<figure class=\"wp-caption\">\n\t\t\t\t\t\t\t\t\t\t<img loading=\"lazy\" decoding=\"async\" width=\"768\" height=\"511\" src=\"https:\/\/www.elturistatranquil.com\/wp-content\/uploads\/F11-Valoria-la-Buena-Valladolid.jpg\" class=\"attachment-large size-large wp-image-36005\" alt=\"Valoria la Buena, Valladolid\" srcset=\"https:\/\/www.elturistatranquil.com\/wp-content\/uploads\/F11-Valoria-la-Buena-Valladolid.jpg 768w, https:\/\/www.elturistatranquil.com\/wp-content\/uploads\/F11-Valoria-la-Buena-Valladolid-339x226.jpg 339w\" sizes=\"(max-width: 768px) 100vw, 768px\" \/>\t\t\t\t\t\t\t\t\t\t\t<figcaption class=\"widget-image-caption wp-caption-text\"><\/figcaption>\n\t\t\t\t\t\t\t\t\t\t<\/figure>\n\t\t\t\t\t\t\t\t\t<\/div>\n\t\t\t\t<\/div>\n\t\t\t\t<div class=\"elementor-element elementor-element-30f369c elementor-widget elementor-widget-image\" data-id=\"30f369c\" data-element_type=\"widget\" data-e-type=\"widget\" data-widget_type=\"image.default\">\n\t\t\t\t<div class=\"elementor-widget-container\">\n\t\t\t\t\t\t\t\t\t\t\t\t<figure class=\"wp-caption\">\n\t\t\t\t\t\t\t\t\t\t<img loading=\"lazy\" decoding=\"async\" width=\"768\" height=\"512\" src=\"https:\/\/www.elturistatranquil.com\/wp-content\/uploads\/F12-Valoria-la-Buena-Valladolid.jpg\" class=\"attachment-large size-large wp-image-36007\" alt=\"Valoria la Buena, Valladolid\" srcset=\"https:\/\/www.elturistatranquil.com\/wp-content\/uploads\/F12-Valoria-la-Buena-Valladolid.jpg 768w, https:\/\/www.elturistatranquil.com\/wp-content\/uploads\/F12-Valoria-la-Buena-Valladolid-339x226.jpg 339w\" sizes=\"(max-width: 768px) 100vw, 768px\" \/>\t\t\t\t\t\t\t\t\t\t\t<figcaption class=\"widget-image-caption wp-caption-text\"><\/figcaption>\n\t\t\t\t\t\t\t\t\t\t<\/figure>\n\t\t\t\t\t\t\t\t\t<\/div>\n\t\t\t\t<\/div>\n\t\t\t\t<div class=\"elementor-element elementor-element-8dcf5b3 elementor-widget elementor-widget-image\" data-id=\"8dcf5b3\" data-element_type=\"widget\" data-e-type=\"widget\" data-widget_type=\"image.default\">\n\t\t\t\t<div class=\"elementor-widget-container\">\n\t\t\t\t\t\t\t\t\t\t\t\t<figure class=\"wp-caption\">\n\t\t\t\t\t\t\t\t\t\t<img loading=\"lazy\" decoding=\"async\" width=\"768\" height=\"511\" src=\"https:\/\/www.elturistatranquil.com\/wp-content\/uploads\/F13-Valoria-la-Buena-Valladolid.jpg\" class=\"attachment-large size-large wp-image-36009\" alt=\"Valoria la Buena, Valladolid\" srcset=\"https:\/\/www.elturistatranquil.com\/wp-content\/uploads\/F13-Valoria-la-Buena-Valladolid.jpg 768w, https:\/\/www.elturistatranquil.com\/wp-content\/uploads\/F13-Valoria-la-Buena-Valladolid-339x226.jpg 339w\" sizes=\"(max-width: 768px) 100vw, 768px\" \/>\t\t\t\t\t\t\t\t\t\t\t<figcaption class=\"widget-image-caption wp-caption-text\"><\/figcaption>\n\t\t\t\t\t\t\t\t\t\t<\/figure>\n\t\t\t\t\t\t\t\t\t<\/div>\n\t\t\t\t<\/div>\n\t\t\t\t<div class=\"elementor-element elementor-element-49cfd3e elementor-widget elementor-widget-menu-anchor\" data-id=\"49cfd3e\" data-element_type=\"widget\" data-e-type=\"widget\" data-widget_type=\"menu-anchor.default\">\n\t\t\t\t<div class=\"elementor-widget-container\">\n\t\t\t\t\t\t\t<div class=\"elementor-menu-anchor\" id=\"c6606\"><\/div>\n\t\t\t\t\t\t<\/div>\n\t\t\t\t<\/div>\n\t\t\t\t<div class=\"elementor-element elementor-element-88b9057 elementor-widget elementor-widget-image\" data-id=\"88b9057\" data-element_type=\"widget\" data-e-type=\"widget\" data-widget_type=\"image.default\">\n\t\t\t\t<div class=\"elementor-widget-container\">\n\t\t\t\t\t\t\t\t\t\t\t\t<figure class=\"wp-caption\">\n\t\t\t\t\t\t\t\t\t\t<img loading=\"lazy\" decoding=\"async\" width=\"768\" height=\"511\" src=\"https:\/\/www.elturistatranquil.com\/wp-content\/uploads\/F14-Valoria-la-Buena-Valladolid.jpg\" class=\"attachment-large size-large wp-image-36011\" alt=\"Valoria la Buena, Valladolid\" srcset=\"https:\/\/www.elturistatranquil.com\/wp-content\/uploads\/F14-Valoria-la-Buena-Valladolid.jpg 768w, https:\/\/www.elturistatranquil.com\/wp-content\/uploads\/F14-Valoria-la-Buena-Valladolid-339x226.jpg 339w\" sizes=\"(max-width: 768px) 100vw, 768px\" \/>\t\t\t\t\t\t\t\t\t\t\t<figcaption class=\"widget-image-caption wp-caption-text\"><\/figcaption>\n\t\t\t\t\t\t\t\t\t\t<\/figure>\n\t\t\t\t\t\t\t\t\t<\/div>\n\t\t\t\t<\/div>\n\t\t\t\t<div class=\"elementor-element elementor-element-cd6e6c6 elementor-widget elementor-widget-heading\" data-id=\"cd6e6c6\" data-element_type=\"widget\" data-e-type=\"widget\" data-widget_type=\"heading.default\">\n\t\t\t\t<div class=\"elementor-widget-container\">\n\t\t\t\t\t<h3 class=\"elementor-heading-title elementor-size-default\">Ajuntament<\/h3>\t\t\t\t<\/div>\n\t\t\t\t<\/div>\n\t\t\t\t<div class=\"elementor-element elementor-element-ddb0b8a elementor-widget elementor-widget-text-editor\" data-id=\"ddb0b8a\" data-element_type=\"widget\" data-e-type=\"widget\" data-widget_type=\"text-editor.default\">\n\t\t\t\t<div class=\"elementor-widget-container\">\n\t\t\t\t\t\t\t\t\t<p>Valoria la Buena presenta dos punts centrals en la seva trama urbana medieval, presumiblement en els punts d&#8217;acc\u00e9s a la vila. A llevant la pla\u00e7a de l&#8217;Ajuntament, a ponent la pla\u00e7a de l&#8217;Esgl\u00e9sia.<\/p><p>L&#8217;<strong>Ajuntament<\/strong> (<strong>1<\/strong>) ocupa un casalot de dues plantes a la zona nobili\u00e0ria de la localitat, entre les construccions que ocupen els dos edificis palatins dels Vescomte de Valoria.<\/p>\t\t\t\t\t\t\t\t<\/div>\n\t\t\t\t<\/div>\n\t\t\t\t<div class=\"elementor-element elementor-element-15f2be9 elementor-widget elementor-widget-image\" data-id=\"15f2be9\" data-element_type=\"widget\" data-e-type=\"widget\" data-widget_type=\"image.default\">\n\t\t\t\t<div class=\"elementor-widget-container\">\n\t\t\t\t\t\t\t\t\t\t\t\t<figure class=\"wp-caption\">\n\t\t\t\t\t\t\t\t\t\t<img loading=\"lazy\" decoding=\"async\" width=\"768\" height=\"512\" src=\"https:\/\/www.elturistatranquil.com\/wp-content\/uploads\/F15-Ayuntamiento-Valoria-la-Buena-Valladolid.jpg\" class=\"attachment-large size-large wp-image-36013\" alt=\"Ayuntamiento, Valoria la Buena, Valladolid\" srcset=\"https:\/\/www.elturistatranquil.com\/wp-content\/uploads\/F15-Ayuntamiento-Valoria-la-Buena-Valladolid.jpg 768w, https:\/\/www.elturistatranquil.com\/wp-content\/uploads\/F15-Ayuntamiento-Valoria-la-Buena-Valladolid-339x226.jpg 339w\" sizes=\"(max-width: 768px) 100vw, 768px\" \/>\t\t\t\t\t\t\t\t\t\t\t<figcaption class=\"widget-image-caption wp-caption-text\"><\/figcaption>\n\t\t\t\t\t\t\t\t\t\t<\/figure>\n\t\t\t\t\t\t\t\t\t<\/div>\n\t\t\t\t<\/div>\n\t\t\t\t<div class=\"elementor-element elementor-element-1534c40 elementor-widget elementor-widget-text-editor\" data-id=\"1534c40\" data-element_type=\"widget\" data-e-type=\"widget\" data-widget_type=\"text-editor.default\">\n\t\t\t\t<div class=\"elementor-widget-container\">\n\t\t\t\t\t\t\t\t\t<p>A la pla\u00e7a se situa una de les fonts p\u00fabliques que es van construir el 1930.<\/p>\t\t\t\t\t\t\t\t<\/div>\n\t\t\t\t<\/div>\n\t\t\t\t<div class=\"elementor-element elementor-element-0fcb528 elementor-widget elementor-widget-menu-anchor\" data-id=\"0fcb528\" data-element_type=\"widget\" data-e-type=\"widget\" data-widget_type=\"menu-anchor.default\">\n\t\t\t\t<div class=\"elementor-widget-container\">\n\t\t\t\t\t\t\t<div class=\"elementor-menu-anchor\" id=\"c6607\"><\/div>\n\t\t\t\t\t\t<\/div>\n\t\t\t\t<\/div>\n\t\t\t\t<div class=\"elementor-element elementor-element-6e7bd30 elementor-widget elementor-widget-image\" data-id=\"6e7bd30\" data-element_type=\"widget\" data-e-type=\"widget\" data-widget_type=\"image.default\">\n\t\t\t\t<div class=\"elementor-widget-container\">\n\t\t\t\t\t\t\t\t\t\t\t\t<figure class=\"wp-caption\">\n\t\t\t\t\t\t\t\t\t\t<img loading=\"lazy\" decoding=\"async\" width=\"768\" height=\"511\" src=\"https:\/\/www.elturistatranquil.com\/wp-content\/uploads\/F16-Valoria-la-Buena-Valladolid.jpg\" class=\"attachment-large size-large wp-image-36015\" alt=\"Valoria la Buena, Valladolid\" srcset=\"https:\/\/www.elturistatranquil.com\/wp-content\/uploads\/F16-Valoria-la-Buena-Valladolid.jpg 768w, https:\/\/www.elturistatranquil.com\/wp-content\/uploads\/F16-Valoria-la-Buena-Valladolid-339x226.jpg 339w\" sizes=\"(max-width: 768px) 100vw, 768px\" \/>\t\t\t\t\t\t\t\t\t\t\t<figcaption class=\"widget-image-caption wp-caption-text\"><\/figcaption>\n\t\t\t\t\t\t\t\t\t\t<\/figure>\n\t\t\t\t\t\t\t\t\t<\/div>\n\t\t\t\t<\/div>\n\t\t\t\t<div class=\"elementor-element elementor-element-733c02a elementor-widget elementor-widget-heading\" data-id=\"733c02a\" data-element_type=\"widget\" data-e-type=\"widget\" data-widget_type=\"heading.default\">\n\t\t\t\t<div class=\"elementor-widget-container\">\n\t\t\t\t\t<h3 class=\"elementor-heading-title elementor-size-default\">Palau dels Vescomtes \n<\/h3>\t\t\t\t<\/div>\n\t\t\t\t<\/div>\n\t\t\t\t<div class=\"elementor-element elementor-element-e87829e elementor-widget elementor-widget-text-editor\" data-id=\"e87829e\" data-element_type=\"widget\" data-e-type=\"widget\" data-widget_type=\"text-editor.default\">\n\t\t\t\t<div class=\"elementor-widget-container\">\n\t\t\t\t\t\t\t\t\t<p>\u00c9s el primer <strong>palau dels Vescomtes de Valoria<\/strong> (<strong>2<\/strong>), un edifici del segle XVII.<\/p>\t\t\t\t\t\t\t\t<\/div>\n\t\t\t\t<\/div>\n\t\t\t\t<div class=\"elementor-element elementor-element-5a046cc elementor-widget elementor-widget-image\" data-id=\"5a046cc\" data-element_type=\"widget\" data-e-type=\"widget\" data-widget_type=\"image.default\">\n\t\t\t\t<div class=\"elementor-widget-container\">\n\t\t\t\t\t\t\t\t\t\t\t\t<figure class=\"wp-caption\">\n\t\t\t\t\t\t\t\t\t\t<img loading=\"lazy\" decoding=\"async\" width=\"768\" height=\"511\" src=\"https:\/\/www.elturistatranquil.com\/wp-content\/uploads\/F17-Palacio-de-laos-Vizcondes-Valoria-la-Buena-Valladolid.jpg\" class=\"attachment-large size-large wp-image-36017\" alt=\"Palacio de los Vizcondes, Valoria la Buena, Valladolid\" srcset=\"https:\/\/www.elturistatranquil.com\/wp-content\/uploads\/F17-Palacio-de-laos-Vizcondes-Valoria-la-Buena-Valladolid.jpg 768w, https:\/\/www.elturistatranquil.com\/wp-content\/uploads\/F17-Palacio-de-laos-Vizcondes-Valoria-la-Buena-Valladolid-339x226.jpg 339w\" sizes=\"(max-width: 768px) 100vw, 768px\" \/>\t\t\t\t\t\t\t\t\t\t\t<figcaption class=\"widget-image-caption wp-caption-text\"><\/figcaption>\n\t\t\t\t\t\t\t\t\t\t<\/figure>\n\t\t\t\t\t\t\t\t\t<\/div>\n\t\t\t\t<\/div>\n\t\t\t\t<div class=\"elementor-element elementor-element-00b02b2 elementor-widget elementor-widget-image\" data-id=\"00b02b2\" data-element_type=\"widget\" data-e-type=\"widget\" data-widget_type=\"image.default\">\n\t\t\t\t<div class=\"elementor-widget-container\">\n\t\t\t\t\t\t\t\t\t\t\t\t<figure class=\"wp-caption\">\n\t\t\t\t\t\t\t\t\t\t<img loading=\"lazy\" decoding=\"async\" width=\"768\" height=\"512\" src=\"https:\/\/www.elturistatranquil.com\/wp-content\/uploads\/F18-Palacio-de-laos-Vizcondes-Valoria-la-Buena-Valladolid.jpg\" class=\"attachment-large size-large wp-image-36019\" alt=\"Palacio de los Vizcondes, Valoria la Buena, Valladolid\" srcset=\"https:\/\/www.elturistatranquil.com\/wp-content\/uploads\/F18-Palacio-de-laos-Vizcondes-Valoria-la-Buena-Valladolid.jpg 768w, https:\/\/www.elturistatranquil.com\/wp-content\/uploads\/F18-Palacio-de-laos-Vizcondes-Valoria-la-Buena-Valladolid-339x226.jpg 339w\" sizes=\"(max-width: 768px) 100vw, 768px\" \/>\t\t\t\t\t\t\t\t\t\t\t<figcaption class=\"widget-image-caption wp-caption-text\"><\/figcaption>\n\t\t\t\t\t\t\t\t\t\t<\/figure>\n\t\t\t\t\t\t\t\t\t<\/div>\n\t\t\t\t<\/div>\n\t\t\t\t<div class=\"elementor-element elementor-element-f42575c elementor-widget elementor-widget-text-editor\" data-id=\"f42575c\" data-element_type=\"widget\" data-e-type=\"widget\" data-widget_type=\"text-editor.default\">\n\t\t\t\t<div class=\"elementor-widget-container\">\n\t\t\t\t\t\t\t\t\t<p>De l&#8217;escut dels Vescomtes de Valoria deriva l&#8217;actual escut municipal.<\/p>\t\t\t\t\t\t\t\t<\/div>\n\t\t\t\t<\/div>\n\t\t\t\t<section class=\"elementor-section elementor-inner-section elementor-element elementor-element-c3f5e75 elementor-section-boxed elementor-section-height-default elementor-section-height-default\" data-id=\"c3f5e75\" data-element_type=\"section\" data-e-type=\"section\">\n\t\t\t\t\t\t<div class=\"elementor-container elementor-column-gap-default\">\n\t\t\t\t\t<div class=\"elementor-column elementor-col-50 elementor-inner-column elementor-element elementor-element-de0f8ae\" data-id=\"de0f8ae\" data-element_type=\"column\" data-e-type=\"column\">\n\t\t\t<div class=\"elementor-widget-wrap elementor-element-populated\">\n\t\t\t\t\t\t<div class=\"elementor-element elementor-element-b4e2ac4 elementor-widget elementor-widget-image\" data-id=\"b4e2ac4\" data-element_type=\"widget\" data-e-type=\"widget\" data-widget_type=\"image.default\">\n\t\t\t\t<div class=\"elementor-widget-container\">\n\t\t\t\t\t\t\t\t\t\t\t\t\t\t\t<img loading=\"lazy\" decoding=\"async\" width=\"380\" height=\"380\" src=\"https:\/\/www.elturistatranquil.com\/wp-content\/uploads\/F18m-Palacio-de-los-Vizcondes-Valoria-la-Buena-Valladolid.jpg\" class=\"attachment-large size-large wp-image-36021\" alt=\"Palacio de los Vizcondes, Valoria la Buena, Valladolid\" srcset=\"https:\/\/www.elturistatranquil.com\/wp-content\/uploads\/F18m-Palacio-de-los-Vizcondes-Valoria-la-Buena-Valladolid.jpg 380w, https:\/\/www.elturistatranquil.com\/wp-content\/uploads\/F18m-Palacio-de-los-Vizcondes-Valoria-la-Buena-Valladolid-226x226.jpg 226w\" sizes=\"(max-width: 380px) 100vw, 380px\" \/>\t\t\t\t\t\t\t\t\t\t\t\t\t\t\t<\/div>\n\t\t\t\t<\/div>\n\t\t\t\t\t<\/div>\n\t\t<\/div>\n\t\t\t\t<div class=\"elementor-column elementor-col-50 elementor-inner-column elementor-element elementor-element-4c101aa\" data-id=\"4c101aa\" data-element_type=\"column\" data-e-type=\"column\">\n\t\t\t<div class=\"elementor-widget-wrap elementor-element-populated\">\n\t\t\t\t\t\t<div class=\"elementor-element elementor-element-4d96fd6 elementor-widget elementor-widget-image\" data-id=\"4d96fd6\" data-element_type=\"widget\" data-e-type=\"widget\" data-widget_type=\"image.default\">\n\t\t\t\t<div class=\"elementor-widget-container\">\n\t\t\t\t\t\t\t\t\t\t\t\t\t\t\t<img loading=\"lazy\" decoding=\"async\" width=\"739\" height=\"739\" src=\"https:\/\/www.elturistatranquil.com\/wp-content\/uploads\/F18n-Escudo-de-Valoria-la-Buena-Valladolid.jpg\" class=\"attachment-large size-large wp-image-36023\" alt=\"Escudo de Valoria la Buena, Valladolid\" srcset=\"https:\/\/www.elturistatranquil.com\/wp-content\/uploads\/F18n-Escudo-de-Valoria-la-Buena-Valladolid.jpg 739w, https:\/\/www.elturistatranquil.com\/wp-content\/uploads\/F18n-Escudo-de-Valoria-la-Buena-Valladolid-226x226.jpg 226w\" sizes=\"(max-width: 739px) 100vw, 739px\" \/>\t\t\t\t\t\t\t\t\t\t\t\t\t\t\t<\/div>\n\t\t\t\t<\/div>\n\t\t\t\t\t<\/div>\n\t\t<\/div>\n\t\t\t\t\t<\/div>\n\t\t<\/section>\n\t\t\t\t<div class=\"elementor-element elementor-element-7f6d307 elementor-widget elementor-widget-menu-anchor\" data-id=\"7f6d307\" data-element_type=\"widget\" data-e-type=\"widget\" data-widget_type=\"menu-anchor.default\">\n\t\t\t\t<div class=\"elementor-widget-container\">\n\t\t\t\t\t\t\t<div class=\"elementor-menu-anchor\" id=\"c6608\"><\/div>\n\t\t\t\t\t\t<\/div>\n\t\t\t\t<\/div>\n\t\t\t\t<div class=\"elementor-element elementor-element-588ed46 elementor-widget elementor-widget-heading\" data-id=\"588ed46\" data-element_type=\"widget\" data-e-type=\"widget\" data-widget_type=\"heading.default\">\n\t\t\t\t<div class=\"elementor-widget-container\">\n\t\t\t\t\t<h3 class=\"elementor-heading-title elementor-size-default\">Palau dels Mendoza<\/h3>\t\t\t\t<\/div>\n\t\t\t\t<\/div>\n\t\t\t\t<div class=\"elementor-element elementor-element-0e81260 elementor-widget elementor-widget-text-editor\" data-id=\"0e81260\" data-element_type=\"widget\" data-e-type=\"widget\" data-widget_type=\"text-editor.default\">\n\t\t\t\t<div class=\"elementor-widget-container\">\n\t\t\t\t\t\t\t\t\t<p>Un segon palau dels Vescomtes de Valoria, del segle XVIII, \u00e9s el conegut com a <strong>palau dels Mendoza<\/strong> (<strong>3<\/strong>).<\/p><p>Es va construir sobre les restes d&#8217;un antic assentament templer i calatravo.<\/p><p>A la fa\u00e7ana asim\u00e8trica, amb porta d&#8217;arc de mig punt amb dovelles, en destaquen tres blasons.<\/p>\t\t\t\t\t\t\t\t<\/div>\n\t\t\t\t<\/div>\n\t\t\t\t<div class=\"elementor-element elementor-element-e7b66c1 elementor-widget elementor-widget-image\" data-id=\"e7b66c1\" data-element_type=\"widget\" data-e-type=\"widget\" data-widget_type=\"image.default\">\n\t\t\t\t<div class=\"elementor-widget-container\">\n\t\t\t\t\t\t\t\t\t\t\t\t<figure class=\"wp-caption\">\n\t\t\t\t\t\t\t\t\t\t<img loading=\"lazy\" decoding=\"async\" width=\"768\" height=\"511\" src=\"https:\/\/www.elturistatranquil.com\/wp-content\/uploads\/F01-Concejo-Hospederia.-Valoria-la-Buena-Valladolid.jpg\" class=\"attachment-large size-large wp-image-35746\" alt=\"Concejo Hospederia. Valoria la Buena, Valladolid\" srcset=\"https:\/\/www.elturistatranquil.com\/wp-content\/uploads\/F01-Concejo-Hospederia.-Valoria-la-Buena-Valladolid.jpg 768w, https:\/\/www.elturistatranquil.com\/wp-content\/uploads\/F01-Concejo-Hospederia.-Valoria-la-Buena-Valladolid-339x226.jpg 339w\" sizes=\"(max-width: 768px) 100vw, 768px\" \/>\t\t\t\t\t\t\t\t\t\t\t<figcaption class=\"widget-image-caption wp-caption-text\"><\/figcaption>\n\t\t\t\t\t\t\t\t\t\t<\/figure>\n\t\t\t\t\t\t\t\t\t<\/div>\n\t\t\t\t<\/div>\n\t\t\t\t<div class=\"elementor-element elementor-element-accbde9 elementor-widget elementor-widget-image\" data-id=\"accbde9\" data-element_type=\"widget\" data-e-type=\"widget\" data-widget_type=\"image.default\">\n\t\t\t\t<div class=\"elementor-widget-container\">\n\t\t\t\t\t\t\t\t\t\t\t\t<figure class=\"wp-caption\">\n\t\t\t\t\t\t\t\t\t\t<img loading=\"lazy\" decoding=\"async\" width=\"768\" height=\"511\" src=\"https:\/\/www.elturistatranquil.com\/wp-content\/uploads\/F04-Concejo-Hospederia.-Valoria-la-Buena-Valladolid.jpg\" class=\"attachment-large size-large wp-image-35756\" alt=\"Mapa situaci\u00f3n Concejo Hospederia. Valoria la Buena, Valladolid (Google maps 2021-06-24)\" srcset=\"https:\/\/www.elturistatranquil.com\/wp-content\/uploads\/F04-Concejo-Hospederia.-Valoria-la-Buena-Valladolid.jpg 768w, https:\/\/www.elturistatranquil.com\/wp-content\/uploads\/F04-Concejo-Hospederia.-Valoria-la-Buena-Valladolid-339x226.jpg 339w\" sizes=\"(max-width: 768px) 100vw, 768px\" \/>\t\t\t\t\t\t\t\t\t\t\t<figcaption class=\"widget-image-caption wp-caption-text\"><\/figcaption>\n\t\t\t\t\t\t\t\t\t\t<\/figure>\n\t\t\t\t\t\t\t\t\t<\/div>\n\t\t\t\t<\/div>\n\t\t\t\t<div class=\"elementor-element elementor-element-6e107b5 elementor-widget elementor-widget-image\" data-id=\"6e107b5\" data-element_type=\"widget\" data-e-type=\"widget\" data-widget_type=\"image.default\">\n\t\t\t\t<div class=\"elementor-widget-container\">\n\t\t\t\t\t\t\t\t\t\t\t\t<figure class=\"wp-caption\">\n\t\t\t\t\t\t\t\t\t\t<img loading=\"lazy\" decoding=\"async\" width=\"768\" height=\"512\" src=\"https:\/\/www.elturistatranquil.com\/wp-content\/uploads\/F21-Palacio-de-los-Mendoza-Concejo-Hospederia.-Vilaria-la-Buena-Valladolid.jpg\" class=\"attachment-large size-large wp-image-36025\" alt=\"Palacio de los Mendoza-Concejo Hospederia. Vilaria la Buena, Valladolid\" srcset=\"https:\/\/www.elturistatranquil.com\/wp-content\/uploads\/F21-Palacio-de-los-Mendoza-Concejo-Hospederia.-Vilaria-la-Buena-Valladolid.jpg 768w, https:\/\/www.elturistatranquil.com\/wp-content\/uploads\/F21-Palacio-de-los-Mendoza-Concejo-Hospederia.-Vilaria-la-Buena-Valladolid-339x226.jpg 339w\" sizes=\"(max-width: 768px) 100vw, 768px\" \/>\t\t\t\t\t\t\t\t\t\t\t<figcaption class=\"widget-image-caption wp-caption-text\"><\/figcaption>\n\t\t\t\t\t\t\t\t\t\t<\/figure>\n\t\t\t\t\t\t\t\t\t<\/div>\n\t\t\t\t<\/div>\n\t\t\t\t<div class=\"elementor-element elementor-element-dd46465 elementor-widget elementor-widget-menu-anchor\" data-id=\"dd46465\" data-element_type=\"widget\" data-e-type=\"widget\" data-widget_type=\"menu-anchor.default\">\n\t\t\t\t<div class=\"elementor-widget-container\">\n\t\t\t\t\t\t\t<div class=\"elementor-menu-anchor\" id=\"c6609\"><\/div>\n\t\t\t\t\t\t<\/div>\n\t\t\t\t<\/div>\n\t\t\t\t<div class=\"elementor-element elementor-element-11bb346 elementor-widget elementor-widget-text-editor\" data-id=\"11bb346\" data-element_type=\"widget\" data-e-type=\"widget\" data-widget_type=\"text-editor.default\">\n\t\t\t\t<div class=\"elementor-widget-container\">\n\t\t\t\t\t\t\t\t\t<p>Actualment, el palau rehabilitat est\u00e0 ocupat per la <a href=\"https:\/\/www.elturistatranquil.com\/ca\/concejo-hospederia-campina-del-pisuerga\/\" target=\"_blank\" rel=\"noopener\"><strong>Real Posada Concejo Hospeder\u00eda i el restaurant El sue\u00f1o del General<\/strong><\/a>.<\/p>\t\t\t\t\t\t\t\t<\/div>\n\t\t\t\t<\/div>\n\t\t\t\t<div class=\"elementor-element elementor-element-bf3a60d elementor-widget elementor-widget-heading\" data-id=\"bf3a60d\" data-element_type=\"widget\" data-e-type=\"widget\" data-widget_type=\"heading.default\">\n\t\t\t\t<div class=\"elementor-widget-container\">\n\t\t\t\t\t<h3 class=\"elementor-heading-title elementor-size-default\">Esgl\u00e9sia de San Pedro Ap\u00f3stol<\/h3>\t\t\t\t<\/div>\n\t\t\t\t<\/div>\n\t\t\t\t<div class=\"elementor-element elementor-element-14d3d00 elementor-widget elementor-widget-text-editor\" data-id=\"14d3d00\" data-element_type=\"widget\" data-e-type=\"widget\" data-widget_type=\"text-editor.default\">\n\t\t\t\t<div class=\"elementor-widget-container\">\n\t\t\t\t\t\t\t\t\t<p>L&#8217;<strong>Esgl\u00e9sia parroquial de San Pedro Ap\u00f3stol<\/strong> (<strong>4<\/strong>) \u00e9s del segle XVIII, declarada <em>B\u00e9 d&#8217;Inter\u00e8s Cultural<\/em> (<em>BIC<\/em>) el 1992.<\/p><p>Se la considera comparable per la seva bellesa i similitud arquitect\u00f2nica amb la capella del convent de Santa Anna o la dels Filipins de Valladolid.<\/p><p>El primitiu temple parroquial del segle XII, d&#8217;estil rom\u00e0nic i g\u00f2tic, va patir un incendi sobre l&#8217;any 1767, quedant semidestru\u00eft.<\/p><p>En 1.768, l&#8217;arquitecte Manuel Godoy va plantejar la construcci\u00f3 d&#8217;una esgl\u00e9sia de nova planta, d&#8217;acord amb l&#8217;estil neocl\u00e0ssic imperant en l&#8217;\u00e8poca, finalitzant les obres en 1.774.<\/p><p>\u00c9s un edifici de planta central de forma hexagonal, amb dos trams quadrangulars, afegit un a la cap\u00e7alera i un altre als peus. Forma un bloc en el qual domina la verticalitat, amb un gran cimbori tamb\u00e9 hexagonal que cont\u00e9 una c\u00fapula de 22 metres d&#8217;altura.<\/p><p>Tot l&#8217;edifici est\u00e0 constru\u00eft exteriorment en pedra de cadirat.<\/p>\t\t\t\t\t\t\t\t<\/div>\n\t\t\t\t<\/div>\n\t\t\t\t<div class=\"elementor-element elementor-element-2a48c5b elementor-widget elementor-widget-image\" data-id=\"2a48c5b\" data-element_type=\"widget\" data-e-type=\"widget\" data-widget_type=\"image.default\">\n\t\t\t\t<div class=\"elementor-widget-container\">\n\t\t\t\t\t\t\t\t\t\t\t\t<figure class=\"wp-caption\">\n\t\t\t\t\t\t\t\t\t\t<img loading=\"lazy\" decoding=\"async\" width=\"768\" height=\"512\" src=\"https:\/\/www.elturistatranquil.com\/wp-content\/uploads\/F22-Iglesia-de-San-Pedro-Apostol-Valoria-la-Buena-Valladolid.jpg\" class=\"attachment-large size-large wp-image-36027\" alt=\"Iglesia de San Pedro Apostol, Valoria la Buena, Valladolid\" srcset=\"https:\/\/www.elturistatranquil.com\/wp-content\/uploads\/F22-Iglesia-de-San-Pedro-Apostol-Valoria-la-Buena-Valladolid.jpg 768w, https:\/\/www.elturistatranquil.com\/wp-content\/uploads\/F22-Iglesia-de-San-Pedro-Apostol-Valoria-la-Buena-Valladolid-339x226.jpg 339w\" sizes=\"(max-width: 768px) 100vw, 768px\" \/>\t\t\t\t\t\t\t\t\t\t\t<figcaption class=\"widget-image-caption wp-caption-text\"><\/figcaption>\n\t\t\t\t\t\t\t\t\t\t<\/figure>\n\t\t\t\t\t\t\t\t\t<\/div>\n\t\t\t\t<\/div>\n\t\t\t\t<div class=\"elementor-element elementor-element-56deed6 elementor-widget elementor-widget-image\" data-id=\"56deed6\" data-element_type=\"widget\" data-e-type=\"widget\" data-widget_type=\"image.default\">\n\t\t\t\t<div class=\"elementor-widget-container\">\n\t\t\t\t\t\t\t\t\t\t\t\t<figure class=\"wp-caption\">\n\t\t\t\t\t\t\t\t\t\t<img loading=\"lazy\" decoding=\"async\" width=\"768\" height=\"511\" src=\"https:\/\/www.elturistatranquil.com\/wp-content\/uploads\/F23-Iglesia-de-San-Pedro-Apostol-Valoria-la-Buena-Valladolid.jpg\" class=\"attachment-large size-large wp-image-36029\" alt=\"Iglesia de San Pedro Apostol, Valoria la Buena, Valladolid\" srcset=\"https:\/\/www.elturistatranquil.com\/wp-content\/uploads\/F23-Iglesia-de-San-Pedro-Apostol-Valoria-la-Buena-Valladolid.jpg 768w, https:\/\/www.elturistatranquil.com\/wp-content\/uploads\/F23-Iglesia-de-San-Pedro-Apostol-Valoria-la-Buena-Valladolid-339x226.jpg 339w\" sizes=\"(max-width: 768px) 100vw, 768px\" \/>\t\t\t\t\t\t\t\t\t\t\t<figcaption class=\"widget-image-caption wp-caption-text\"><\/figcaption>\n\t\t\t\t\t\t\t\t\t\t<\/figure>\n\t\t\t\t\t\t\t\t\t<\/div>\n\t\t\t\t<\/div>\n\t\t\t\t<div class=\"elementor-element elementor-element-72db48f elementor-widget elementor-widget-text-editor\" data-id=\"72db48f\" data-element_type=\"widget\" data-e-type=\"widget\" data-widget_type=\"text-editor.default\">\n\t\t\t\t<div class=\"elementor-widget-container\">\n\t\t\t\t\t\t\t\t\t<p>L&#8217;extensi\u00f3 quadrada de ponent, que forma un prisma quadrangular, acull en la seva cara meridional la portada d&#8217;entrada, d&#8217;estil neocl\u00e0ssic simple amb llinda i front\u00f3 recte.<\/p>\t\t\t\t\t\t\t\t<\/div>\n\t\t\t\t<\/div>\n\t\t\t\t<div class=\"elementor-element elementor-element-456ba32 elementor-widget elementor-widget-image\" data-id=\"456ba32\" data-element_type=\"widget\" data-e-type=\"widget\" data-widget_type=\"image.default\">\n\t\t\t\t<div class=\"elementor-widget-container\">\n\t\t\t\t\t\t\t\t\t\t\t\t<figure class=\"wp-caption\">\n\t\t\t\t\t\t\t\t\t\t<img loading=\"lazy\" decoding=\"async\" width=\"768\" height=\"511\" src=\"https:\/\/www.elturistatranquil.com\/wp-content\/uploads\/F24-Iglesia-de-San-Pedro-Apostol-Valoria-la-Buena-Valladolid.jpg\" class=\"attachment-large size-large wp-image-36031\" alt=\"Iglesia de San Pedro Apostol, Valoria la Buena, Valladolid\" srcset=\"https:\/\/www.elturistatranquil.com\/wp-content\/uploads\/F24-Iglesia-de-San-Pedro-Apostol-Valoria-la-Buena-Valladolid.jpg 768w, https:\/\/www.elturistatranquil.com\/wp-content\/uploads\/F24-Iglesia-de-San-Pedro-Apostol-Valoria-la-Buena-Valladolid-339x226.jpg 339w\" sizes=\"(max-width: 768px) 100vw, 768px\" \/>\t\t\t\t\t\t\t\t\t\t\t<figcaption class=\"widget-image-caption wp-caption-text\"><\/figcaption>\n\t\t\t\t\t\t\t\t\t\t<\/figure>\n\t\t\t\t\t\t\t\t\t<\/div>\n\t\t\t\t<\/div>\n\t\t\t\t<div class=\"elementor-element elementor-element-90566ff elementor-widget elementor-widget-image\" data-id=\"90566ff\" data-element_type=\"widget\" data-e-type=\"widget\" data-widget_type=\"image.default\">\n\t\t\t\t<div class=\"elementor-widget-container\">\n\t\t\t\t\t\t\t\t\t\t\t\t<figure class=\"wp-caption\">\n\t\t\t\t\t\t\t\t\t\t<img loading=\"lazy\" decoding=\"async\" width=\"768\" height=\"511\" src=\"https:\/\/www.elturistatranquil.com\/wp-content\/uploads\/F25-Iglesia-de-San-Pedro-Apostol-Valoria-la-Buena-Valladolid.jpg\" class=\"attachment-large size-large wp-image-36033\" alt=\"Iglesia de San Pedro Apostol, Valoria la Buena, Valladolid\" srcset=\"https:\/\/www.elturistatranquil.com\/wp-content\/uploads\/F25-Iglesia-de-San-Pedro-Apostol-Valoria-la-Buena-Valladolid.jpg 768w, https:\/\/www.elturistatranquil.com\/wp-content\/uploads\/F25-Iglesia-de-San-Pedro-Apostol-Valoria-la-Buena-Valladolid-339x226.jpg 339w\" sizes=\"(max-width: 768px) 100vw, 768px\" \/>\t\t\t\t\t\t\t\t\t\t\t<figcaption class=\"widget-image-caption wp-caption-text\"><\/figcaption>\n\t\t\t\t\t\t\t\t\t\t<\/figure>\n\t\t\t\t\t\t\t\t\t<\/div>\n\t\t\t\t<\/div>\n\t\t\t\t<div class=\"elementor-element elementor-element-d131140 elementor-widget elementor-widget-text-editor\" data-id=\"d131140\" data-element_type=\"widget\" data-e-type=\"widget\" data-widget_type=\"text-editor.default\">\n\t\t\t\t<div class=\"elementor-widget-container\">\n\t\t\t\t\t\t\t\t\t<p>Per la seva banda septentrional s&#8217;al\u00e7a una torre de quatre nivells, els dos superiors amb dues finestres de mig punt per nivell i cara.<\/p>\t\t\t\t\t\t\t\t<\/div>\n\t\t\t\t<\/div>\n\t\t\t\t<div class=\"elementor-element elementor-element-aa85c4e elementor-widget elementor-widget-image\" data-id=\"aa85c4e\" data-element_type=\"widget\" data-e-type=\"widget\" data-widget_type=\"image.default\">\n\t\t\t\t<div class=\"elementor-widget-container\">\n\t\t\t\t\t\t\t\t\t\t\t\t<figure class=\"wp-caption\">\n\t\t\t\t\t\t\t\t\t\t<img loading=\"lazy\" decoding=\"async\" width=\"768\" height=\"511\" src=\"https:\/\/www.elturistatranquil.com\/wp-content\/uploads\/F26-Iglesia-de-San-Pedro-Apostol-Valoria-la-Buena-Valladolid.jpg\" class=\"attachment-large size-large wp-image-36035\" alt=\"Iglesia de San Pedro Apostol, Valoria la Buena, Valladolid\" srcset=\"https:\/\/www.elturistatranquil.com\/wp-content\/uploads\/F26-Iglesia-de-San-Pedro-Apostol-Valoria-la-Buena-Valladolid.jpg 768w, https:\/\/www.elturistatranquil.com\/wp-content\/uploads\/F26-Iglesia-de-San-Pedro-Apostol-Valoria-la-Buena-Valladolid-339x226.jpg 339w\" sizes=\"(max-width: 768px) 100vw, 768px\" \/>\t\t\t\t\t\t\t\t\t\t\t<figcaption class=\"widget-image-caption wp-caption-text\"><\/figcaption>\n\t\t\t\t\t\t\t\t\t\t<\/figure>\n\t\t\t\t\t\t\t\t\t<\/div>\n\t\t\t\t<\/div>\n\t\t\t\t<div class=\"elementor-element elementor-element-5ace286 elementor-widget elementor-widget-image\" data-id=\"5ace286\" data-element_type=\"widget\" data-e-type=\"widget\" data-widget_type=\"image.default\">\n\t\t\t\t<div class=\"elementor-widget-container\">\n\t\t\t\t\t\t\t\t\t\t\t\t<figure class=\"wp-caption\">\n\t\t\t\t\t\t\t\t\t\t<img loading=\"lazy\" decoding=\"async\" width=\"768\" height=\"511\" src=\"https:\/\/www.elturistatranquil.com\/wp-content\/uploads\/F27-Iglesia-de-San-Pedro-Apostol-Valoria-la-Buena-Valladolid.jpg\" class=\"attachment-large size-large wp-image-36037\" alt=\"Iglesia de San Pedro Apostol, Valoria la Buena, Valladolid\" srcset=\"https:\/\/www.elturistatranquil.com\/wp-content\/uploads\/F27-Iglesia-de-San-Pedro-Apostol-Valoria-la-Buena-Valladolid.jpg 768w, https:\/\/www.elturistatranquil.com\/wp-content\/uploads\/F27-Iglesia-de-San-Pedro-Apostol-Valoria-la-Buena-Valladolid-339x226.jpg 339w\" sizes=\"(max-width: 768px) 100vw, 768px\" \/>\t\t\t\t\t\t\t\t\t\t\t<figcaption class=\"widget-image-caption wp-caption-text\"><\/figcaption>\n\t\t\t\t\t\t\t\t\t\t<\/figure>\n\t\t\t\t\t\t\t\t\t<\/div>\n\t\t\t\t<\/div>\n\t\t\t\t<div class=\"elementor-element elementor-element-736e9d5 elementor-widget elementor-widget-text-editor\" data-id=\"736e9d5\" data-element_type=\"widget\" data-e-type=\"widget\" data-widget_type=\"text-editor.default\">\n\t\t\t\t<div class=\"elementor-widget-container\">\n\t\t\t\t\t\t\t\t\t<p>En aquesta zona es troben unes ru\u00efnes que corresponen a restes de la primitiva esgl\u00e9sia rom\u00e0nica-g\u00f2tica.<\/p>\t\t\t\t\t\t\t\t<\/div>\n\t\t\t\t<\/div>\n\t\t\t\t<div class=\"elementor-element elementor-element-52a277d elementor-widget elementor-widget-image\" data-id=\"52a277d\" data-element_type=\"widget\" data-e-type=\"widget\" data-widget_type=\"image.default\">\n\t\t\t\t<div class=\"elementor-widget-container\">\n\t\t\t\t\t\t\t\t\t\t\t\t<figure class=\"wp-caption\">\n\t\t\t\t\t\t\t\t\t\t<img loading=\"lazy\" decoding=\"async\" width=\"768\" height=\"511\" src=\"https:\/\/www.elturistatranquil.com\/wp-content\/uploads\/F28-Iglesia-de-San-Pedro-Apostol-Valoria-la-Buena-Valladolid.jpg\" class=\"attachment-large size-large wp-image-36039\" alt=\"Iglesia de San Pedro Apostol, Valoria la Buena, Valladolid\" srcset=\"https:\/\/www.elturistatranquil.com\/wp-content\/uploads\/F28-Iglesia-de-San-Pedro-Apostol-Valoria-la-Buena-Valladolid.jpg 768w, https:\/\/www.elturistatranquil.com\/wp-content\/uploads\/F28-Iglesia-de-San-Pedro-Apostol-Valoria-la-Buena-Valladolid-339x226.jpg 339w\" sizes=\"(max-width: 768px) 100vw, 768px\" \/>\t\t\t\t\t\t\t\t\t\t\t<figcaption class=\"widget-image-caption wp-caption-text\"><\/figcaption>\n\t\t\t\t\t\t\t\t\t\t<\/figure>\n\t\t\t\t\t\t\t\t\t<\/div>\n\t\t\t\t<\/div>\n\t\t\t\t<div class=\"elementor-element elementor-element-a0cf747 elementor-widget elementor-widget-image\" data-id=\"a0cf747\" data-element_type=\"widget\" data-e-type=\"widget\" data-widget_type=\"image.default\">\n\t\t\t\t<div class=\"elementor-widget-container\">\n\t\t\t\t\t\t\t\t\t\t\t\t<figure class=\"wp-caption\">\n\t\t\t\t\t\t\t\t\t\t<img loading=\"lazy\" decoding=\"async\" width=\"768\" height=\"511\" src=\"https:\/\/www.elturistatranquil.com\/wp-content\/uploads\/F29-Iglesia-de-San-Pedro-Apostol-Valoria-la-Buena-Valladolid.jpg\" class=\"attachment-large size-large wp-image-36045\" alt=\"Iglesia de San Pedro Apostol, Valoria la Buena, Valladolid\" srcset=\"https:\/\/www.elturistatranquil.com\/wp-content\/uploads\/F29-Iglesia-de-San-Pedro-Apostol-Valoria-la-Buena-Valladolid.jpg 768w, https:\/\/www.elturistatranquil.com\/wp-content\/uploads\/F29-Iglesia-de-San-Pedro-Apostol-Valoria-la-Buena-Valladolid-339x226.jpg 339w\" sizes=\"(max-width: 768px) 100vw, 768px\" \/>\t\t\t\t\t\t\t\t\t\t\t<figcaption class=\"widget-image-caption wp-caption-text\"><\/figcaption>\n\t\t\t\t\t\t\t\t\t\t<\/figure>\n\t\t\t\t\t\t\t\t\t<\/div>\n\t\t\t\t<\/div>\n\t\t\t\t<div class=\"elementor-element elementor-element-30ac3c3 elementor-widget elementor-widget-text-editor\" data-id=\"30ac3c3\" data-element_type=\"widget\" data-e-type=\"widget\" data-widget_type=\"text-editor.default\">\n\t\t\t\t<div class=\"elementor-widget-container\">\n\t\t\t\t\t\t\t\t\t<p>El prisma adossat de llevant representa l&#8217;absis recte amb presbiteri.<\/p>\t\t\t\t\t\t\t\t<\/div>\n\t\t\t\t<\/div>\n\t\t\t\t<div class=\"elementor-element elementor-element-f183807 elementor-widget elementor-widget-image\" data-id=\"f183807\" data-element_type=\"widget\" data-e-type=\"widget\" data-widget_type=\"image.default\">\n\t\t\t\t<div class=\"elementor-widget-container\">\n\t\t\t\t\t\t\t\t\t\t\t\t<figure class=\"wp-caption\">\n\t\t\t\t\t\t\t\t\t\t<img loading=\"lazy\" decoding=\"async\" width=\"768\" height=\"511\" src=\"https:\/\/www.elturistatranquil.com\/wp-content\/uploads\/F30-Iglesia-de-San-Pedro-Apostol-Valoria-la-Buena-Valladolid.jpg\" class=\"attachment-large size-large wp-image-36047\" alt=\"Iglesia de San Pedro Apostol, Valoria la Buena, Valladolid\" srcset=\"https:\/\/www.elturistatranquil.com\/wp-content\/uploads\/F30-Iglesia-de-San-Pedro-Apostol-Valoria-la-Buena-Valladolid.jpg 768w, https:\/\/www.elturistatranquil.com\/wp-content\/uploads\/F30-Iglesia-de-San-Pedro-Apostol-Valoria-la-Buena-Valladolid-339x226.jpg 339w\" sizes=\"(max-width: 768px) 100vw, 768px\" \/>\t\t\t\t\t\t\t\t\t\t\t<figcaption class=\"widget-image-caption wp-caption-text\"><\/figcaption>\n\t\t\t\t\t\t\t\t\t\t<\/figure>\n\t\t\t\t\t\t\t\t\t<\/div>\n\t\t\t\t<\/div>\n\t\t\t\t<div class=\"elementor-element elementor-element-f44f5f1 elementor-widget elementor-widget-text-editor\" data-id=\"f44f5f1\" data-element_type=\"widget\" data-e-type=\"widget\" data-widget_type=\"text-editor.default\">\n\t\t\t\t<div class=\"elementor-widget-container\">\n\t\t\t\t\t\t\t\t\t<p>A l&#8217;exterior una font del mateix estil i moment que la que hem vist davant de l&#8217;Ajuntament, de 1930.<\/p>\t\t\t\t\t\t\t\t<\/div>\n\t\t\t\t<\/div>\n\t\t\t\t<div class=\"elementor-element elementor-element-6016c90 elementor-widget elementor-widget-image\" data-id=\"6016c90\" data-element_type=\"widget\" data-e-type=\"widget\" data-widget_type=\"image.default\">\n\t\t\t\t<div class=\"elementor-widget-container\">\n\t\t\t\t\t\t\t\t\t\t\t\t<figure class=\"wp-caption\">\n\t\t\t\t\t\t\t\t\t\t<img loading=\"lazy\" decoding=\"async\" width=\"768\" height=\"512\" src=\"https:\/\/www.elturistatranquil.com\/wp-content\/uploads\/F31-Valoria-la-Buena-Valladolid.jpg\" class=\"attachment-large size-large wp-image-36049\" alt=\"Valoria la Buena, Valladolid\" srcset=\"https:\/\/www.elturistatranquil.com\/wp-content\/uploads\/F31-Valoria-la-Buena-Valladolid.jpg 768w, https:\/\/www.elturistatranquil.com\/wp-content\/uploads\/F31-Valoria-la-Buena-Valladolid-339x226.jpg 339w\" sizes=\"(max-width: 768px) 100vw, 768px\" \/>\t\t\t\t\t\t\t\t\t\t\t<figcaption class=\"widget-image-caption wp-caption-text\"><\/figcaption>\n\t\t\t\t\t\t\t\t\t\t<\/figure>\n\t\t\t\t\t\t\t\t\t<\/div>\n\t\t\t\t<\/div>\n\t\t\t\t<div class=\"elementor-element elementor-element-230df37 elementor-widget elementor-widget-text-editor\" data-id=\"230df37\" data-element_type=\"widget\" data-e-type=\"widget\" data-widget_type=\"text-editor.default\">\n\t\t\t\t<div class=\"elementor-widget-container\">\n\t\t\t\t\t\t\t\t\t<p>L&#8217;interior \u00e9s di\u00e0fan, amb la part central de forma hexagonal i les extensions cap a llevant i ponent amb voltes de can\u00f3.<\/p><p>Can\u00f2nicament, l&#8217;extensi\u00f3 de llevant correspons al presbiteri.<\/p>\t\t\t\t\t\t\t\t<\/div>\n\t\t\t\t<\/div>\n\t\t\t\t<div class=\"elementor-element elementor-element-97fd51f elementor-widget elementor-widget-image\" data-id=\"97fd51f\" data-element_type=\"widget\" data-e-type=\"widget\" data-widget_type=\"image.default\">\n\t\t\t\t<div class=\"elementor-widget-container\">\n\t\t\t\t\t\t\t\t\t\t\t\t<figure class=\"wp-caption\">\n\t\t\t\t\t\t\t\t\t\t<img loading=\"lazy\" decoding=\"async\" width=\"768\" height=\"512\" src=\"https:\/\/www.elturistatranquil.com\/wp-content\/uploads\/F32-Iglesia-de-San-Pedro-Apostol-Valoria-la-Buena-Valladolid.jpg\" class=\"attachment-large size-large wp-image-36051\" alt=\"Valoria la Buena, Valladolid\" srcset=\"https:\/\/www.elturistatranquil.com\/wp-content\/uploads\/F32-Iglesia-de-San-Pedro-Apostol-Valoria-la-Buena-Valladolid.jpg 768w, https:\/\/www.elturistatranquil.com\/wp-content\/uploads\/F32-Iglesia-de-San-Pedro-Apostol-Valoria-la-Buena-Valladolid-339x226.jpg 339w\" sizes=\"(max-width: 768px) 100vw, 768px\" \/>\t\t\t\t\t\t\t\t\t\t\t<figcaption class=\"widget-image-caption wp-caption-text\"><\/figcaption>\n\t\t\t\t\t\t\t\t\t\t<\/figure>\n\t\t\t\t\t\t\t\t\t<\/div>\n\t\t\t\t<\/div>\n\t\t\t\t<div class=\"elementor-element elementor-element-e46befe elementor-widget elementor-widget-text-editor\" data-id=\"e46befe\" data-element_type=\"widget\" data-e-type=\"widget\" data-widget_type=\"text-editor.default\">\n\t\t\t\t<div class=\"elementor-widget-container\">\n\t\t\t\t\t\t\t\t\t<p>L&#8217;extensi\u00f3 de ponent cont\u00e9 l&#8217;entrada i el cor elevat, amb un orgue.<\/p>\t\t\t\t\t\t\t\t<\/div>\n\t\t\t\t<\/div>\n\t\t\t\t<div class=\"elementor-element elementor-element-ef46a37 elementor-widget elementor-widget-image\" data-id=\"ef46a37\" data-element_type=\"widget\" data-e-type=\"widget\" data-widget_type=\"image.default\">\n\t\t\t\t<div class=\"elementor-widget-container\">\n\t\t\t\t\t\t\t\t\t\t\t\t<figure class=\"wp-caption\">\n\t\t\t\t\t\t\t\t\t\t<img loading=\"lazy\" decoding=\"async\" width=\"768\" height=\"512\" src=\"https:\/\/www.elturistatranquil.com\/wp-content\/uploads\/F33-Iglesia-de-San-Pedro-Apostol-Valoria-la-Buena-Valladolid.jpg\" class=\"attachment-large size-large wp-image-36053\" alt=\"Iglesia de San Pedro Apostol, Valoria la Buena, Valladolid\" srcset=\"https:\/\/www.elturistatranquil.com\/wp-content\/uploads\/F33-Iglesia-de-San-Pedro-Apostol-Valoria-la-Buena-Valladolid.jpg 768w, https:\/\/www.elturistatranquil.com\/wp-content\/uploads\/F33-Iglesia-de-San-Pedro-Apostol-Valoria-la-Buena-Valladolid-339x226.jpg 339w\" sizes=\"(max-width: 768px) 100vw, 768px\" \/>\t\t\t\t\t\t\t\t\t\t\t<figcaption class=\"widget-image-caption wp-caption-text\"><\/figcaption>\n\t\t\t\t\t\t\t\t\t\t<\/figure>\n\t\t\t\t\t\t\t\t\t<\/div>\n\t\t\t\t<\/div>\n\t\t\t\t<div class=\"elementor-element elementor-element-55359a8 elementor-widget elementor-widget-image\" data-id=\"55359a8\" data-element_type=\"widget\" data-e-type=\"widget\" data-widget_type=\"image.default\">\n\t\t\t\t<div class=\"elementor-widget-container\">\n\t\t\t\t\t\t\t\t\t\t\t\t<figure class=\"wp-caption\">\n\t\t\t\t\t\t\t\t\t\t<img loading=\"lazy\" decoding=\"async\" width=\"768\" height=\"511\" src=\"https:\/\/www.elturistatranquil.com\/wp-content\/uploads\/F34-Iglesia-de-San-Pedro-Apostol-Valoria-la-Buena-Valladolid.jpg\" class=\"attachment-large size-large wp-image-36055\" alt=\"Iglesia de San Pedro Apostol, Valoria la Buena, Valladolid\" srcset=\"https:\/\/www.elturistatranquil.com\/wp-content\/uploads\/F34-Iglesia-de-San-Pedro-Apostol-Valoria-la-Buena-Valladolid.jpg 768w, https:\/\/www.elturistatranquil.com\/wp-content\/uploads\/F34-Iglesia-de-San-Pedro-Apostol-Valoria-la-Buena-Valladolid-339x226.jpg 339w\" sizes=\"(max-width: 768px) 100vw, 768px\" \/>\t\t\t\t\t\t\t\t\t\t\t<figcaption class=\"widget-image-caption wp-caption-text\"><\/figcaption>\n\t\t\t\t\t\t\t\t\t\t<\/figure>\n\t\t\t\t\t\t\t\t\t<\/div>\n\t\t\t\t<\/div>\n\t\t\t\t<div class=\"elementor-element elementor-element-e921d18 elementor-widget elementor-widget-text-editor\" data-id=\"e921d18\" data-element_type=\"widget\" data-e-type=\"widget\" data-widget_type=\"text-editor.default\">\n\t\t\t\t<div class=\"elementor-widget-container\">\n\t\t\t\t\t\t\t\t\t<p>En els laterals, sobre les altres quatre parets de l&#8217;hex\u00e0gon es troben ubicades quatre capelles obertes, dues per banda.<\/p><p>Costat de l&#8217;evangeli.<\/p>\t\t\t\t\t\t\t\t<\/div>\n\t\t\t\t<\/div>\n\t\t\t\t<div class=\"elementor-element elementor-element-58f7481 elementor-widget elementor-widget-image\" data-id=\"58f7481\" data-element_type=\"widget\" data-e-type=\"widget\" data-widget_type=\"image.default\">\n\t\t\t\t<div class=\"elementor-widget-container\">\n\t\t\t\t\t\t\t\t\t\t\t\t<figure class=\"wp-caption\">\n\t\t\t\t\t\t\t\t\t\t<img loading=\"lazy\" decoding=\"async\" width=\"768\" height=\"512\" src=\"https:\/\/www.elturistatranquil.com\/wp-content\/uploads\/F35-Iglesia-de-San-Pedro-Apostol-Valoria-la-Buena-Valladolid.jpg\" class=\"attachment-large size-large wp-image-36057\" alt=\"Iglesia de San Pedro Apostol, Valoria la Buena, Valladolid\" srcset=\"https:\/\/www.elturistatranquil.com\/wp-content\/uploads\/F35-Iglesia-de-San-Pedro-Apostol-Valoria-la-Buena-Valladolid.jpg 768w, https:\/\/www.elturistatranquil.com\/wp-content\/uploads\/F35-Iglesia-de-San-Pedro-Apostol-Valoria-la-Buena-Valladolid-339x226.jpg 339w\" sizes=\"(max-width: 768px) 100vw, 768px\" \/>\t\t\t\t\t\t\t\t\t\t\t<figcaption class=\"widget-image-caption wp-caption-text\"><\/figcaption>\n\t\t\t\t\t\t\t\t\t\t<\/figure>\n\t\t\t\t\t\t\t\t\t<\/div>\n\t\t\t\t<\/div>\n\t\t\t\t<div class=\"elementor-element elementor-element-a69bef1 elementor-widget elementor-widget-text-editor\" data-id=\"a69bef1\" data-element_type=\"widget\" data-e-type=\"widget\" data-widget_type=\"text-editor.default\">\n\t\t\t\t<div class=\"elementor-widget-container\">\n\t\t\t\t\t\t\t\t\t<p>Costat de l&#8217;ep\u00edstola.<\/p>\t\t\t\t\t\t\t\t<\/div>\n\t\t\t\t<\/div>\n\t\t\t\t<div class=\"elementor-element elementor-element-8eb6441 elementor-widget elementor-widget-image\" data-id=\"8eb6441\" data-element_type=\"widget\" data-e-type=\"widget\" data-widget_type=\"image.default\">\n\t\t\t\t<div class=\"elementor-widget-container\">\n\t\t\t\t\t\t\t\t\t\t\t\t<figure class=\"wp-caption\">\n\t\t\t\t\t\t\t\t\t\t<img loading=\"lazy\" decoding=\"async\" width=\"768\" height=\"512\" src=\"https:\/\/www.elturistatranquil.com\/wp-content\/uploads\/F36-Iglesia-de-San-Pedro-Apostol-Valoria-la-Buena-Valladolid.jpg\" class=\"attachment-large size-large wp-image-36059\" alt=\"Iglesia de San Pedro Apostol, Valoria la Buena, Valladolid\" srcset=\"https:\/\/www.elturistatranquil.com\/wp-content\/uploads\/F36-Iglesia-de-San-Pedro-Apostol-Valoria-la-Buena-Valladolid.jpg 768w, https:\/\/www.elturistatranquil.com\/wp-content\/uploads\/F36-Iglesia-de-San-Pedro-Apostol-Valoria-la-Buena-Valladolid-339x226.jpg 339w\" sizes=\"(max-width: 768px) 100vw, 768px\" \/>\t\t\t\t\t\t\t\t\t\t\t<figcaption class=\"widget-image-caption wp-caption-text\"><\/figcaption>\n\t\t\t\t\t\t\t\t\t\t<\/figure>\n\t\t\t\t\t\t\t\t\t<\/div>\n\t\t\t\t<\/div>\n\t\t\t\t<div class=\"elementor-element elementor-element-840d774 elementor-widget elementor-widget-text-editor\" data-id=\"840d774\" data-element_type=\"widget\" data-e-type=\"widget\" data-widget_type=\"text-editor.default\">\n\t\t\t\t<div class=\"elementor-widget-container\">\n\t\t\t\t\t\t\t\t\t<p>La planta central est\u00e0 coronada per una c\u00fapula de grans proporcions -20 metres de di\u00e0metre i 22 metres d&#8217;altura-, en el centre es va situar l&#8217;escut de Sant Pere. La volta \u00e9s nerviada de guix i en les petxines es poden veure escenes dels quatre evangelistes.<\/p><p>Cal observar que la c\u00fapula abasta tota la nau central.<\/p>\t\t\t\t\t\t\t\t<\/div>\n\t\t\t\t<\/div>\n\t\t\t\t<div class=\"elementor-element elementor-element-70de47f elementor-widget elementor-widget-image\" data-id=\"70de47f\" data-element_type=\"widget\" data-e-type=\"widget\" data-widget_type=\"image.default\">\n\t\t\t\t<div class=\"elementor-widget-container\">\n\t\t\t\t\t\t\t\t\t\t\t\t<figure class=\"wp-caption\">\n\t\t\t\t\t\t\t\t\t\t<img loading=\"lazy\" decoding=\"async\" width=\"768\" height=\"512\" src=\"https:\/\/www.elturistatranquil.com\/wp-content\/uploads\/F37a-Iglesia-de-San-Pedro-Apostol-Valoria-la-Buena-Valladolid.jpg\" class=\"attachment-large size-large wp-image-36061\" alt=\"Iglesia de San Pedro Apostol, Valoria la Buena, Valladolid\" srcset=\"https:\/\/www.elturistatranquil.com\/wp-content\/uploads\/F37a-Iglesia-de-San-Pedro-Apostol-Valoria-la-Buena-Valladolid.jpg 768w, https:\/\/www.elturistatranquil.com\/wp-content\/uploads\/F37a-Iglesia-de-San-Pedro-Apostol-Valoria-la-Buena-Valladolid-339x226.jpg 339w\" sizes=\"(max-width: 768px) 100vw, 768px\" \/>\t\t\t\t\t\t\t\t\t\t\t<figcaption class=\"widget-image-caption wp-caption-text\"><\/figcaption>\n\t\t\t\t\t\t\t\t\t\t<\/figure>\n\t\t\t\t\t\t\t\t\t<\/div>\n\t\t\t\t<\/div>\n\t\t\t\t<div class=\"elementor-element elementor-element-d7f6278 elementor-widget elementor-widget-image\" data-id=\"d7f6278\" data-element_type=\"widget\" data-e-type=\"widget\" data-widget_type=\"image.default\">\n\t\t\t\t<div class=\"elementor-widget-container\">\n\t\t\t\t\t\t\t\t\t\t\t\t<figure class=\"wp-caption\">\n\t\t\t\t\t\t\t\t\t\t<img loading=\"lazy\" decoding=\"async\" width=\"768\" height=\"512\" src=\"https:\/\/www.elturistatranquil.com\/wp-content\/uploads\/F37b-Iglesia-de-San-Pedro-Apostol-Valoria-la-Buena-Valladolid.jpg\" class=\"attachment-large size-large wp-image-36063\" alt=\"Iglesia de San Pedro Apostol, Valoria la Buena, Valladolid\" srcset=\"https:\/\/www.elturistatranquil.com\/wp-content\/uploads\/F37b-Iglesia-de-San-Pedro-Apostol-Valoria-la-Buena-Valladolid.jpg 768w, https:\/\/www.elturistatranquil.com\/wp-content\/uploads\/F37b-Iglesia-de-San-Pedro-Apostol-Valoria-la-Buena-Valladolid-339x226.jpg 339w\" sizes=\"(max-width: 768px) 100vw, 768px\" \/>\t\t\t\t\t\t\t\t\t\t\t<figcaption class=\"widget-image-caption wp-caption-text\"><\/figcaption>\n\t\t\t\t\t\t\t\t\t\t<\/figure>\n\t\t\t\t\t\t\t\t\t<\/div>\n\t\t\t\t<\/div>\n\t\t\t\t<div class=\"elementor-element elementor-element-5018158 elementor-widget elementor-widget-image\" data-id=\"5018158\" data-element_type=\"widget\" data-e-type=\"widget\" data-widget_type=\"image.default\">\n\t\t\t\t<div class=\"elementor-widget-container\">\n\t\t\t\t\t\t\t\t\t\t\t\t<figure class=\"wp-caption\">\n\t\t\t\t\t\t\t\t\t\t<img loading=\"lazy\" decoding=\"async\" width=\"768\" height=\"511\" src=\"https:\/\/www.elturistatranquil.com\/wp-content\/uploads\/F38-Iglesia-de-San-Pedro-Apostol-Valoria-la-Buena-Valladolid.jpg\" class=\"attachment-large size-large wp-image-36065\" alt=\"Iglesia de San Pedro Apostol, Valoria la Buena, Valladolid\" srcset=\"https:\/\/www.elturistatranquil.com\/wp-content\/uploads\/F38-Iglesia-de-San-Pedro-Apostol-Valoria-la-Buena-Valladolid.jpg 768w, https:\/\/www.elturistatranquil.com\/wp-content\/uploads\/F38-Iglesia-de-San-Pedro-Apostol-Valoria-la-Buena-Valladolid-339x226.jpg 339w\" sizes=\"(max-width: 768px) 100vw, 768px\" \/>\t\t\t\t\t\t\t\t\t\t\t<figcaption class=\"widget-image-caption wp-caption-text\"><\/figcaption>\n\t\t\t\t\t\t\t\t\t\t<\/figure>\n\t\t\t\t\t\t\t\t\t<\/div>\n\t\t\t\t<\/div>\n\t\t\t\t<div class=\"elementor-element elementor-element-41c3eeb elementor-widget elementor-widget-image\" data-id=\"41c3eeb\" data-element_type=\"widget\" data-e-type=\"widget\" data-widget_type=\"image.default\">\n\t\t\t\t<div class=\"elementor-widget-container\">\n\t\t\t\t\t\t\t\t\t\t\t\t<figure class=\"wp-caption\">\n\t\t\t\t\t\t\t\t\t\t<img loading=\"lazy\" decoding=\"async\" width=\"768\" height=\"512\" src=\"https:\/\/www.elturistatranquil.com\/wp-content\/uploads\/F39-Iglesia-de-San-Pedro-Apostol-Valoria-la-Buena-Valladolid.jpg\" class=\"attachment-large size-large wp-image-36067\" alt=\"Iglesia de San Pedro Apostol, Valoria la Buena, Valladolid\" srcset=\"https:\/\/www.elturistatranquil.com\/wp-content\/uploads\/F39-Iglesia-de-San-Pedro-Apostol-Valoria-la-Buena-Valladolid.jpg 768w, https:\/\/www.elturistatranquil.com\/wp-content\/uploads\/F39-Iglesia-de-San-Pedro-Apostol-Valoria-la-Buena-Valladolid-339x226.jpg 339w\" sizes=\"(max-width: 768px) 100vw, 768px\" \/>\t\t\t\t\t\t\t\t\t\t\t<figcaption class=\"widget-image-caption wp-caption-text\"><\/figcaption>\n\t\t\t\t\t\t\t\t\t\t<\/figure>\n\t\t\t\t\t\t\t\t\t<\/div>\n\t\t\t\t<\/div>\n\t\t\t\t<div class=\"elementor-element elementor-element-e1718ef elementor-widget elementor-widget-text-editor\" data-id=\"e1718ef\" data-element_type=\"widget\" data-e-type=\"widget\" data-widget_type=\"text-editor.default\">\n\t\t\t\t<div class=\"elementor-widget-container\">\n\t\t\t\t\t\t\t\t\t<p>El retaule del presbiteri \u00e9s tamb\u00e9 d&#8217;estil neocl\u00e0ssic, tra\u00e7at en 1775 per <em>Juan Manuel Becerril<\/em> d&#8217;estructura moguda corbant els entaulaments, de fusta amb policromia a imitaci\u00f3 de jaspi i marbres.<\/p>\t\t\t\t\t\t\t\t<\/div>\n\t\t\t\t<\/div>\n\t\t\t\t<div class=\"elementor-element elementor-element-7d87127 elementor-widget elementor-widget-image\" data-id=\"7d87127\" data-element_type=\"widget\" data-e-type=\"widget\" data-widget_type=\"image.default\">\n\t\t\t\t<div class=\"elementor-widget-container\">\n\t\t\t\t\t\t\t\t\t\t\t\t<figure class=\"wp-caption\">\n\t\t\t\t\t\t\t\t\t\t<img loading=\"lazy\" decoding=\"async\" width=\"768\" height=\"511\" src=\"https:\/\/www.elturistatranquil.com\/wp-content\/uploads\/F40-Iglesia-de-San-Pedro-Apostol-Valoria-la-Buena-Valladolid.jpg\" class=\"attachment-large size-large wp-image-36069\" alt=\"Iglesia de San Pedro Apostol, Valoria la Buena, Valladolid\" srcset=\"https:\/\/www.elturistatranquil.com\/wp-content\/uploads\/F40-Iglesia-de-San-Pedro-Apostol-Valoria-la-Buena-Valladolid.jpg 768w, https:\/\/www.elturistatranquil.com\/wp-content\/uploads\/F40-Iglesia-de-San-Pedro-Apostol-Valoria-la-Buena-Valladolid-339x226.jpg 339w\" sizes=\"(max-width: 768px) 100vw, 768px\" \/>\t\t\t\t\t\t\t\t\t\t\t<figcaption class=\"widget-image-caption wp-caption-text\"><\/figcaption>\n\t\t\t\t\t\t\t\t\t\t<\/figure>\n\t\t\t\t\t\t\t\t\t<\/div>\n\t\t\t\t<\/div>\n\t\t\t\t<div class=\"elementor-element elementor-element-e8ead46 elementor-widget elementor-widget-image\" data-id=\"e8ead46\" data-element_type=\"widget\" data-e-type=\"widget\" data-widget_type=\"image.default\">\n\t\t\t\t<div class=\"elementor-widget-container\">\n\t\t\t\t\t\t\t\t\t\t\t\t<figure class=\"wp-caption\">\n\t\t\t\t\t\t\t\t\t\t<img loading=\"lazy\" decoding=\"async\" width=\"768\" height=\"511\" src=\"https:\/\/www.elturistatranquil.com\/wp-content\/uploads\/F41-Iglesia-de-San-Pedro-Apostol-Valoria-la-Buena-Valladolid.jpg\" class=\"attachment-large size-large wp-image-36071\" alt=\"Iglesia de San Pedro Apostol, Valoria la Buena, Valladolid\" srcset=\"https:\/\/www.elturistatranquil.com\/wp-content\/uploads\/F41-Iglesia-de-San-Pedro-Apostol-Valoria-la-Buena-Valladolid.jpg 768w, https:\/\/www.elturistatranquil.com\/wp-content\/uploads\/F41-Iglesia-de-San-Pedro-Apostol-Valoria-la-Buena-Valladolid-339x226.jpg 339w\" sizes=\"(max-width: 768px) 100vw, 768px\" \/>\t\t\t\t\t\t\t\t\t\t\t<figcaption class=\"widget-image-caption wp-caption-text\"><\/figcaption>\n\t\t\t\t\t\t\t\t\t\t<\/figure>\n\t\t\t\t\t\t\t\t\t<\/div>\n\t\t\t\t<\/div>\n\t\t\t\t<div class=\"elementor-element elementor-element-3c0adf1 elementor-widget elementor-widget-image\" data-id=\"3c0adf1\" data-element_type=\"widget\" data-e-type=\"widget\" data-widget_type=\"image.default\">\n\t\t\t\t<div class=\"elementor-widget-container\">\n\t\t\t\t\t\t\t\t\t\t\t\t<figure class=\"wp-caption\">\n\t\t\t\t\t\t\t\t\t\t<img loading=\"lazy\" decoding=\"async\" width=\"768\" height=\"512\" src=\"https:\/\/www.elturistatranquil.com\/wp-content\/uploads\/F42-Iglesia-de-San-Pedro-Apostol-Valoria-la-Buena-Valladolid.jpg\" class=\"attachment-large size-large wp-image-36073\" alt=\"Iglesia de San Pedro Apostol, Valoria la Buena, Valladolid\" srcset=\"https:\/\/www.elturistatranquil.com\/wp-content\/uploads\/F42-Iglesia-de-San-Pedro-Apostol-Valoria-la-Buena-Valladolid.jpg 768w, https:\/\/www.elturistatranquil.com\/wp-content\/uploads\/F42-Iglesia-de-San-Pedro-Apostol-Valoria-la-Buena-Valladolid-339x226.jpg 339w\" sizes=\"(max-width: 768px) 100vw, 768px\" \/>\t\t\t\t\t\t\t\t\t\t\t<figcaption class=\"widget-image-caption wp-caption-text\"><\/figcaption>\n\t\t\t\t\t\t\t\t\t\t<\/figure>\n\t\t\t\t\t\t\t\t\t<\/div>\n\t\t\t\t<\/div>\n\t\t\t\t<div class=\"elementor-element elementor-element-062441c elementor-widget elementor-widget-text-editor\" data-id=\"062441c\" data-element_type=\"widget\" data-e-type=\"widget\" data-widget_type=\"text-editor.default\">\n\t\t\t\t<div class=\"elementor-widget-container\">\n\t\t\t\t\t\t\t\t\t<p>En una esgl\u00e9sia de el segle XVIII no podia faltar el p\u00falpit.<\/p>\t\t\t\t\t\t\t\t<\/div>\n\t\t\t\t<\/div>\n\t\t\t\t<div class=\"elementor-element elementor-element-02b3134 elementor-widget elementor-widget-image\" data-id=\"02b3134\" data-element_type=\"widget\" data-e-type=\"widget\" data-widget_type=\"image.default\">\n\t\t\t\t<div class=\"elementor-widget-container\">\n\t\t\t\t\t\t\t\t\t\t\t\t<figure class=\"wp-caption\">\n\t\t\t\t\t\t\t\t\t\t<img loading=\"lazy\" decoding=\"async\" width=\"768\" height=\"511\" src=\"https:\/\/www.elturistatranquil.com\/wp-content\/uploads\/F43-Iglesia-de-San-Pedro-Apostol-Valoria-la-Buena-Valladolid.jpg\" class=\"attachment-large size-large wp-image-36075\" alt=\"Iglesia de San Pedro Apostol, Valoria la Buena, Valladolid\" srcset=\"https:\/\/www.elturistatranquil.com\/wp-content\/uploads\/F43-Iglesia-de-San-Pedro-Apostol-Valoria-la-Buena-Valladolid.jpg 768w, https:\/\/www.elturistatranquil.com\/wp-content\/uploads\/F43-Iglesia-de-San-Pedro-Apostol-Valoria-la-Buena-Valladolid-339x226.jpg 339w\" sizes=\"(max-width: 768px) 100vw, 768px\" \/>\t\t\t\t\t\t\t\t\t\t\t<figcaption class=\"widget-image-caption wp-caption-text\"><\/figcaption>\n\t\t\t\t\t\t\t\t\t\t<\/figure>\n\t\t\t\t\t\t\t\t\t<\/div>\n\t\t\t\t<\/div>\n\t\t\t\t<div class=\"elementor-element elementor-element-b222a40 elementor-widget elementor-widget-text-editor\" data-id=\"b222a40\" data-element_type=\"widget\" data-e-type=\"widget\" data-widget_type=\"text-editor.default\">\n\t\t\t\t<div class=\"elementor-widget-container\">\n\t\t\t\t\t\t\t\t\t<p>A l\u2019entrada a la torre es troba la pila baptismal.<\/p>\t\t\t\t\t\t\t\t<\/div>\n\t\t\t\t<\/div>\n\t\t\t\t<div class=\"elementor-element elementor-element-e356356 elementor-widget elementor-widget-menu-anchor\" data-id=\"e356356\" data-element_type=\"widget\" data-e-type=\"widget\" data-widget_type=\"menu-anchor.default\">\n\t\t\t\t<div class=\"elementor-widget-container\">\n\t\t\t\t\t\t\t<div class=\"elementor-menu-anchor\" id=\"c6610\"><\/div>\n\t\t\t\t\t\t<\/div>\n\t\t\t\t<\/div>\n\t\t\t\t<div class=\"elementor-element elementor-element-527f818 elementor-widget elementor-widget-image\" data-id=\"527f818\" data-element_type=\"widget\" data-e-type=\"widget\" data-widget_type=\"image.default\">\n\t\t\t\t<div class=\"elementor-widget-container\">\n\t\t\t\t\t\t\t\t\t\t\t\t<figure class=\"wp-caption\">\n\t\t\t\t\t\t\t\t\t\t<img loading=\"lazy\" decoding=\"async\" width=\"768\" height=\"511\" src=\"https:\/\/www.elturistatranquil.com\/wp-content\/uploads\/F44-Iglesia-de-San-Pedro-Apostol-Valoria-la-Buena-Valladolid.jpg\" class=\"attachment-large size-large wp-image-36077\" alt=\"Iglesia de San Pedro Apostol, Valoria la Buena, Valladolid\" srcset=\"https:\/\/www.elturistatranquil.com\/wp-content\/uploads\/F44-Iglesia-de-San-Pedro-Apostol-Valoria-la-Buena-Valladolid.jpg 768w, https:\/\/www.elturistatranquil.com\/wp-content\/uploads\/F44-Iglesia-de-San-Pedro-Apostol-Valoria-la-Buena-Valladolid-339x226.jpg 339w\" sizes=\"(max-width: 768px) 100vw, 768px\" \/>\t\t\t\t\t\t\t\t\t\t\t<figcaption class=\"widget-image-caption wp-caption-text\"><\/figcaption>\n\t\t\t\t\t\t\t\t\t\t<\/figure>\n\t\t\t\t\t\t\t\t\t<\/div>\n\t\t\t\t<\/div>\n\t\t\t\t<div class=\"elementor-element elementor-element-bf47ab6 elementor-widget elementor-widget-heading\" data-id=\"bf47ab6\" data-element_type=\"widget\" data-e-type=\"widget\" data-widget_type=\"heading.default\">\n\t\t\t\t<div class=\"elementor-widget-container\">\n\t\t\t\t\t<h3 class=\"elementor-heading-title elementor-size-default\">Ermita del Cristo de la Esperanza<\/h3>\t\t\t\t<\/div>\n\t\t\t\t<\/div>\n\t\t\t\t<div class=\"elementor-element elementor-element-b06dc41 elementor-widget elementor-widget-text-editor\" data-id=\"b06dc41\" data-element_type=\"widget\" data-e-type=\"widget\" data-widget_type=\"text-editor.default\">\n\t\t\t\t<div class=\"elementor-widget-container\">\n\t\t\t\t\t\t\t\t\t<p>L&#8217;<strong>Ermita del Cristo de la Esperanza<\/strong> (<strong>5<\/strong>) \u00a0\u00e9s un edifici barroc de segle XVIII, constru\u00eft en pedra de cadirat.<\/p><p>Consta d&#8217;una sola nau de planta rectangular, coberta amb volta de can\u00f3 amb llunetes, decorada amb guixeries geom\u00e8triques i vegetals, aix\u00ed com un alt relleu que representa la Santa Fa\u00e7 al centre de la mateixa.<\/p>\t\t\t\t\t\t\t\t<\/div>\n\t\t\t\t<\/div>\n\t\t\t\t<div class=\"elementor-element elementor-element-dc215d7 elementor-widget elementor-widget-image\" data-id=\"dc215d7\" data-element_type=\"widget\" data-e-type=\"widget\" data-widget_type=\"image.default\">\n\t\t\t\t<div class=\"elementor-widget-container\">\n\t\t\t\t\t\t\t\t\t\t\t\t<figure class=\"wp-caption\">\n\t\t\t\t\t\t\t\t\t\t<img loading=\"lazy\" decoding=\"async\" width=\"768\" height=\"512\" src=\"https:\/\/www.elturistatranquil.com\/wp-content\/uploads\/F45-Ermita-del-Cristo-de-la-Esperanza-Valoria-la-Buena-Valladolid.jpg\" class=\"attachment-large size-large wp-image-36079\" alt=\"Ermita del Cristo de la Esperanza, Valoria la Buena, Valladolid\" srcset=\"https:\/\/www.elturistatranquil.com\/wp-content\/uploads\/F45-Ermita-del-Cristo-de-la-Esperanza-Valoria-la-Buena-Valladolid.jpg 768w, https:\/\/www.elturistatranquil.com\/wp-content\/uploads\/F45-Ermita-del-Cristo-de-la-Esperanza-Valoria-la-Buena-Valladolid-339x226.jpg 339w\" sizes=\"(max-width: 768px) 100vw, 768px\" \/>\t\t\t\t\t\t\t\t\t\t\t<figcaption class=\"widget-image-caption wp-caption-text\"><\/figcaption>\n\t\t\t\t\t\t\t\t\t\t<\/figure>\n\t\t\t\t\t\t\t\t\t<\/div>\n\t\t\t\t<\/div>\n\t\t\t\t<div class=\"elementor-element elementor-element-107cb95 elementor-widget elementor-widget-text-editor\" data-id=\"107cb95\" data-element_type=\"widget\" data-e-type=\"widget\" data-widget_type=\"text-editor.default\">\n\t\t\t\t<div class=\"elementor-widget-container\">\n\t\t\t\t\t\t\t\t\t<p>L&#8217;exterior \u00e9s de formes simples, nom\u00e9s ressalten, al costat de l&#8217;evangeli, quatre contraforts en les cantonades i dues pilastres a cada costat, entre les que apareixen finestres rectangulars.<\/p><p>La fa\u00e7ana, als peus del temple, cont\u00e9 una portada amb llinda i una espadanya d&#8217;una campana.<\/p>\t\t\t\t\t\t\t\t<\/div>\n\t\t\t\t<\/div>\n\t\t\t\t<div class=\"elementor-element elementor-element-fec8b80 elementor-widget elementor-widget-image\" data-id=\"fec8b80\" data-element_type=\"widget\" data-e-type=\"widget\" data-widget_type=\"image.default\">\n\t\t\t\t<div class=\"elementor-widget-container\">\n\t\t\t\t\t\t\t\t\t\t\t\t<figure class=\"wp-caption\">\n\t\t\t\t\t\t\t\t\t\t<img loading=\"lazy\" decoding=\"async\" width=\"768\" height=\"511\" src=\"https:\/\/www.elturistatranquil.com\/wp-content\/uploads\/F46-Ermita-del-Cristo-de-la-Esperanza-Valoria-la-Buena-Valladolid.jpg\" class=\"attachment-large size-large wp-image-36081\" alt=\"Ermita del Cristo de la Esperanza, Valoria la Buena, Valladolid\" srcset=\"https:\/\/www.elturistatranquil.com\/wp-content\/uploads\/F46-Ermita-del-Cristo-de-la-Esperanza-Valoria-la-Buena-Valladolid.jpg 768w, https:\/\/www.elturistatranquil.com\/wp-content\/uploads\/F46-Ermita-del-Cristo-de-la-Esperanza-Valoria-la-Buena-Valladolid-339x226.jpg 339w\" sizes=\"(max-width: 768px) 100vw, 768px\" \/>\t\t\t\t\t\t\t\t\t\t\t<figcaption class=\"widget-image-caption wp-caption-text\"><\/figcaption>\n\t\t\t\t\t\t\t\t\t\t<\/figure>\n\t\t\t\t\t\t\t\t\t<\/div>\n\t\t\t\t<\/div>\n\t\t\t\t<div class=\"elementor-element elementor-element-b419362 elementor-widget elementor-widget-image\" data-id=\"b419362\" data-element_type=\"widget\" data-e-type=\"widget\" data-widget_type=\"image.default\">\n\t\t\t\t<div class=\"elementor-widget-container\">\n\t\t\t\t\t\t\t\t\t\t\t\t<figure class=\"wp-caption\">\n\t\t\t\t\t\t\t\t\t\t<img loading=\"lazy\" decoding=\"async\" width=\"768\" height=\"511\" src=\"https:\/\/www.elturistatranquil.com\/wp-content\/uploads\/F47-Ermita-del-Cristo-de-la-Esperanza-Valoria-la-Buena-Valladolid.jpg\" class=\"attachment-large size-large wp-image-36083\" alt=\"Ermita del Cristo de la Esperanza, Valoria la Buena, Valladolid\" srcset=\"https:\/\/www.elturistatranquil.com\/wp-content\/uploads\/F47-Ermita-del-Cristo-de-la-Esperanza-Valoria-la-Buena-Valladolid.jpg 768w, https:\/\/www.elturistatranquil.com\/wp-content\/uploads\/F47-Ermita-del-Cristo-de-la-Esperanza-Valoria-la-Buena-Valladolid-339x226.jpg 339w\" sizes=\"(max-width: 768px) 100vw, 768px\" \/>\t\t\t\t\t\t\t\t\t\t\t<figcaption class=\"widget-image-caption wp-caption-text\"><\/figcaption>\n\t\t\t\t\t\t\t\t\t\t<\/figure>\n\t\t\t\t\t\t\t\t\t<\/div>\n\t\t\t\t<\/div>\n\t\t\t\t<div class=\"elementor-element elementor-element-dc4ed8f elementor-widget elementor-widget-text-editor\" data-id=\"dc4ed8f\" data-element_type=\"widget\" data-e-type=\"widget\" data-widget_type=\"text-editor.default\">\n\t\t\t\t<div class=\"elementor-widget-container\">\n\t\t\t\t\t\t\t\t\t<p>La sagristia, forma un cos m\u00e9s baix annex a la banda de l&#8217;ep\u00edstola, t\u00e9 una coberta de volta d&#8217;aresta amb decoraci\u00f3.<\/p>\t\t\t\t\t\t\t\t<\/div>\n\t\t\t\t<\/div>\n\t\t\t\t<div class=\"elementor-element elementor-element-772a3c9 elementor-widget elementor-widget-menu-anchor\" data-id=\"772a3c9\" data-element_type=\"widget\" data-e-type=\"widget\" data-widget_type=\"menu-anchor.default\">\n\t\t\t\t<div class=\"elementor-widget-container\">\n\t\t\t\t\t\t\t<div class=\"elementor-menu-anchor\" id=\"c6611\"><\/div>\n\t\t\t\t\t\t<\/div>\n\t\t\t\t<\/div>\n\t\t\t\t<div class=\"elementor-element elementor-element-88b3b52 elementor-widget elementor-widget-image\" data-id=\"88b3b52\" data-element_type=\"widget\" data-e-type=\"widget\" data-widget_type=\"image.default\">\n\t\t\t\t<div class=\"elementor-widget-container\">\n\t\t\t\t\t\t\t\t\t\t\t\t<figure class=\"wp-caption\">\n\t\t\t\t\t\t\t\t\t\t<img loading=\"lazy\" decoding=\"async\" width=\"768\" height=\"511\" src=\"https:\/\/www.elturistatranquil.com\/wp-content\/uploads\/F48-Ermita-del-Cristo-de-la-Esperanza-Valoria-la-Buena-Valladolid.jpg\" class=\"attachment-large size-large wp-image-36085\" alt=\"Ermita del Cristo de la Esperanza, Valoria la Buena, Valladolid\" srcset=\"https:\/\/www.elturistatranquil.com\/wp-content\/uploads\/F48-Ermita-del-Cristo-de-la-Esperanza-Valoria-la-Buena-Valladolid.jpg 768w, https:\/\/www.elturistatranquil.com\/wp-content\/uploads\/F48-Ermita-del-Cristo-de-la-Esperanza-Valoria-la-Buena-Valladolid-339x226.jpg 339w\" sizes=\"(max-width: 768px) 100vw, 768px\" \/>\t\t\t\t\t\t\t\t\t\t\t<figcaption class=\"widget-image-caption wp-caption-text\"><\/figcaption>\n\t\t\t\t\t\t\t\t\t\t<\/figure>\n\t\t\t\t\t\t\t\t\t<\/div>\n\t\t\t\t<\/div>\n\t\t\t\t<div class=\"elementor-element elementor-element-d673247 elementor-widget elementor-widget-heading\" data-id=\"d673247\" data-element_type=\"widget\" data-e-type=\"widget\" data-widget_type=\"heading.default\">\n\t\t\t\t<div class=\"elementor-widget-container\">\n\t\t\t\t\t<h3 class=\"elementor-heading-title elementor-size-default\">Creu de San Mart\u00edn<\/h3>\t\t\t\t<\/div>\n\t\t\t\t<\/div>\n\t\t\t\t<div class=\"elementor-element elementor-element-37aee1f elementor-widget elementor-widget-text-editor\" data-id=\"37aee1f\" data-element_type=\"widget\" data-e-type=\"widget\" data-widget_type=\"text-editor.default\">\n\t\t\t\t<div class=\"elementor-widget-container\">\n\t\t\t\t\t\t\t\t\t<p>La <strong>Creu de San Mart\u00edn<\/strong> (<strong>6<\/strong>) \u00e9s l&#8217;\u00fanica creu que es conserva de l&#8217;antic Via Crucis existent en l&#8217;Edat Mitjana, en els segles X i XI.<\/p>\t\t\t\t\t\t\t\t<\/div>\n\t\t\t\t<\/div>\n\t\t\t\t<div class=\"elementor-element elementor-element-67b431e elementor-widget elementor-widget-menu-anchor\" data-id=\"67b431e\" data-element_type=\"widget\" data-e-type=\"widget\" data-widget_type=\"menu-anchor.default\">\n\t\t\t\t<div class=\"elementor-widget-container\">\n\t\t\t\t\t\t\t<div class=\"elementor-menu-anchor\" id=\"c6612\"><\/div>\n\t\t\t\t\t\t<\/div>\n\t\t\t\t<\/div>\n\t\t\t\t<div class=\"elementor-element elementor-element-d65da91 elementor-widget elementor-widget-image\" data-id=\"d65da91\" data-element_type=\"widget\" data-e-type=\"widget\" data-widget_type=\"image.default\">\n\t\t\t\t<div class=\"elementor-widget-container\">\n\t\t\t\t\t\t\t\t\t\t\t\t<figure class=\"wp-caption\">\n\t\t\t\t\t\t\t\t\t\t<img loading=\"lazy\" decoding=\"async\" width=\"768\" height=\"513\" src=\"https:\/\/www.elturistatranquil.com\/wp-content\/uploads\/F49-Cruz-de-San-Martin-Valoria-la-Buena-Valladolid.jpg\" class=\"attachment-large size-large wp-image-36089\" alt=\"Cruz de San Martin, Valoria la Buena, Valladolid\" srcset=\"https:\/\/www.elturistatranquil.com\/wp-content\/uploads\/F49-Cruz-de-San-Martin-Valoria-la-Buena-Valladolid.jpg 768w, https:\/\/www.elturistatranquil.com\/wp-content\/uploads\/F49-Cruz-de-San-Martin-Valoria-la-Buena-Valladolid-339x226.jpg 339w\" sizes=\"(max-width: 768px) 100vw, 768px\" \/>\t\t\t\t\t\t\t\t\t\t\t<figcaption class=\"widget-image-caption wp-caption-text\"><\/figcaption>\n\t\t\t\t\t\t\t\t\t\t<\/figure>\n\t\t\t\t\t\t\t\t\t<\/div>\n\t\t\t\t<\/div>\n\t\t\t\t<div class=\"elementor-element elementor-element-427cc40 elementor-widget elementor-widget-heading\" data-id=\"427cc40\" data-element_type=\"widget\" data-e-type=\"widget\" data-widget_type=\"heading.default\">\n\t\t\t\t<div class=\"elementor-widget-container\">\n\t\t\t\t\t<h3 class=\"elementor-heading-title elementor-size-default\">Museu del C\u00e1ntaro<\/h3>\t\t\t\t<\/div>\n\t\t\t\t<\/div>\n\t\t\t\t<div class=\"elementor-element elementor-element-3f6544f elementor-widget elementor-widget-text-editor\" data-id=\"3f6544f\" data-element_type=\"widget\" data-e-type=\"widget\" data-widget_type=\"text-editor.default\">\n\t\t\t\t<div class=\"elementor-widget-container\">\n\t\t\t\t\t\t\t\t\t<p>He de citar el <strong>Museu<\/strong> <strong>del C\u00e1ntaro<\/strong> (<strong>7<\/strong>), tot i que per problemes horaris no vaig poder visitar-lo. Va ser una pena.<\/p><p>El Museu s&#8217;ha creat sobre la base de la col\u00b7lecci\u00f3 monogr\u00e0fica de c\u00e0ntirs de <em>Gabriel Calvo<\/em> i <em>Margarita Mart\u00ednez<\/em>, i un projecte de l&#8217;Ajuntament de Valoria la Buena amb suport institucional.<\/p><p>Exposa una \u00e0mplia mostra hist\u00f2rica i representativa de la tradici\u00f3 terrissaire espanyola del c\u00e0ntir d&#8217;aigua.<\/p><p>Les fotografies les he pres del web de la <a href=\"https:\/\/rutadelvinocigales.com\/ocio\/museo-del-cantaro\/\" target=\"_blank\" rel=\"noopener\">Ruta del vino de Cigales<\/a>.\u00a0<\/p>\t\t\t\t\t\t\t\t<\/div>\n\t\t\t\t<\/div>\n\t\t\t\t<div class=\"elementor-element elementor-element-ba9d2a9 elementor-widget elementor-widget-image\" data-id=\"ba9d2a9\" data-element_type=\"widget\" data-e-type=\"widget\" data-widget_type=\"image.default\">\n\t\t\t\t<div class=\"elementor-widget-container\">\n\t\t\t\t\t\t\t\t\t\t\t\t<figure class=\"wp-caption\">\n\t\t\t\t\t\t\t\t\t\t<img loading=\"lazy\" decoding=\"async\" width=\"768\" height=\"511\" src=\"https:\/\/www.elturistatranquil.com\/wp-content\/uploads\/F50-Museo-del-cantaro-Valoria-la-Buena-Valladolid-foto.-rutadelvinodecigales.jpg\" class=\"attachment-large size-large wp-image-36091\" alt=\"Museo del cantaro, Valoria la Buena, Valladolid (foto. rutadelvinodecigales)\" srcset=\"https:\/\/www.elturistatranquil.com\/wp-content\/uploads\/F50-Museo-del-cantaro-Valoria-la-Buena-Valladolid-foto.-rutadelvinodecigales.jpg 768w, https:\/\/www.elturistatranquil.com\/wp-content\/uploads\/F50-Museo-del-cantaro-Valoria-la-Buena-Valladolid-foto.-rutadelvinodecigales-339x226.jpg 339w\" sizes=\"(max-width: 768px) 100vw, 768px\" \/>\t\t\t\t\t\t\t\t\t\t\t<figcaption class=\"widget-image-caption wp-caption-text\"><\/figcaption>\n\t\t\t\t\t\t\t\t\t\t<\/figure>\n\t\t\t\t\t\t\t\t\t<\/div>\n\t\t\t\t<\/div>\n\t\t\t\t<div class=\"elementor-element elementor-element-9f2a3f1 elementor-widget elementor-widget-image\" data-id=\"9f2a3f1\" data-element_type=\"widget\" data-e-type=\"widget\" data-widget_type=\"image.default\">\n\t\t\t\t<div class=\"elementor-widget-container\">\n\t\t\t\t\t\t\t\t\t\t\t\t<figure class=\"wp-caption\">\n\t\t\t\t\t\t\t\t\t\t<img loading=\"lazy\" decoding=\"async\" width=\"768\" height=\"512\" src=\"https:\/\/www.elturistatranquil.com\/wp-content\/uploads\/F51-Museo-del-cantaro-Valoria-la-Buena-Valladolid-foto.-rutadelvinodecigales.jpg\" class=\"attachment-large size-large wp-image-36093\" alt=\"Museo del cantaro, Valoria la Buena, Valladolid (foto. rutadelvinodecigales)\" srcset=\"https:\/\/www.elturistatranquil.com\/wp-content\/uploads\/F51-Museo-del-cantaro-Valoria-la-Buena-Valladolid-foto.-rutadelvinodecigales.jpg 768w, https:\/\/www.elturistatranquil.com\/wp-content\/uploads\/F51-Museo-del-cantaro-Valoria-la-Buena-Valladolid-foto.-rutadelvinodecigales-339x226.jpg 339w\" sizes=\"(max-width: 768px) 100vw, 768px\" \/>\t\t\t\t\t\t\t\t\t\t\t<figcaption class=\"widget-image-caption wp-caption-text\"><\/figcaption>\n\t\t\t\t\t\t\t\t\t\t<\/figure>\n\t\t\t\t\t\t\t\t\t<\/div>\n\t\t\t\t<\/div>\n\t\t\t\t<div class=\"elementor-element elementor-element-a870e97 elementor-widget elementor-widget-menu-anchor\" data-id=\"a870e97\" data-element_type=\"widget\" data-e-type=\"widget\" data-widget_type=\"menu-anchor.default\">\n\t\t\t\t<div class=\"elementor-widget-container\">\n\t\t\t\t\t\t\t<div class=\"elementor-menu-anchor\" id=\"c6613\"><\/div>\n\t\t\t\t\t\t<\/div>\n\t\t\t\t<\/div>\n\t\t\t\t<div class=\"elementor-element elementor-element-cdd6e6b elementor-widget elementor-widget-image\" data-id=\"cdd6e6b\" data-element_type=\"widget\" data-e-type=\"widget\" data-widget_type=\"image.default\">\n\t\t\t\t<div class=\"elementor-widget-container\">\n\t\t\t\t\t\t\t\t\t\t\t\t<figure class=\"wp-caption\">\n\t\t\t\t\t\t\t\t\t\t<img loading=\"lazy\" decoding=\"async\" width=\"400\" height=\"550\" src=\"https:\/\/www.elturistatranquil.com\/wp-content\/uploads\/F52-Museo-del-cantaro-Valoria-la-Buena-Valladolid-foto.-rutadelvinodecigales.jpg\" class=\"attachment-large size-large wp-image-36095\" alt=\"Museo del cantaro, Valoria la Buena, Valladolid (foto. rutadelvinodecigales)\" srcset=\"https:\/\/www.elturistatranquil.com\/wp-content\/uploads\/F52-Museo-del-cantaro-Valoria-la-Buena-Valladolid-foto.-rutadelvinodecigales.jpg 400w, https:\/\/www.elturistatranquil.com\/wp-content\/uploads\/F52-Museo-del-cantaro-Valoria-la-Buena-Valladolid-foto.-rutadelvinodecigales-164x226.jpg 164w\" sizes=\"(max-width: 400px) 100vw, 400px\" \/>\t\t\t\t\t\t\t\t\t\t\t<figcaption class=\"widget-image-caption wp-caption-text\"><\/figcaption>\n\t\t\t\t\t\t\t\t\t\t<\/figure>\n\t\t\t\t\t\t\t\t\t<\/div>\n\t\t\t\t<\/div>\n\t\t\t\t<div class=\"elementor-element elementor-element-af106f7 elementor-widget elementor-widget-heading\" data-id=\"af106f7\" data-element_type=\"widget\" data-e-type=\"widget\" data-widget_type=\"heading.default\">\n\t\t\t\t<div class=\"elementor-widget-container\">\n\t\t\t\t\t<h3 class=\"elementor-heading-title elementor-size-default\">Chozos<\/h3>\t\t\t\t<\/div>\n\t\t\t\t<\/div>\n\t\t\t\t<div class=\"elementor-element elementor-element-2bc02b6 elementor-widget elementor-widget-text-editor\" data-id=\"2bc02b6\" data-element_type=\"widget\" data-e-type=\"widget\" data-widget_type=\"text-editor.default\">\n\t\t\t\t<div class=\"elementor-widget-container\">\n\t\t\t\t\t\t\t\t\t<p>Les condicions meteorol\u00f2giques no aconsellaven apropar-me a la zona del <em>p\u00e1ramo<\/em> del Pico del \u00c1guila per visitar els <em>chozos<\/em> de pastor i els corrals, que es troben en les coordenades 41\u00b049&#8217;59.0&#8243;N 4\u00b029&#8217;47.5&#8243;W y 41\u00b050&#8217;13.9&#8243;N 4\u00b029&#8217;19.6&#8243;W.<\/p><p>Hem de conformar-nos amb aquestes imatges, tamb\u00e9 de la <a href=\"https:\/\/rutadelvinocigales.com\/\" target=\"_blank\" rel=\"noopener\">Ruta del vino de Cigales<\/a>.<\/p>\t\t\t\t\t\t\t\t<\/div>\n\t\t\t\t<\/div>\n\t\t\t\t<div class=\"elementor-element elementor-element-47db984 elementor-widget elementor-widget-image\" data-id=\"47db984\" data-element_type=\"widget\" data-e-type=\"widget\" data-widget_type=\"image.default\">\n\t\t\t\t<div class=\"elementor-widget-container\">\n\t\t\t\t\t\t\t\t\t\t\t\t<figure class=\"wp-caption\">\n\t\t\t\t\t\t\t\t\t\t<img loading=\"lazy\" decoding=\"async\" width=\"768\" height=\"510\" src=\"https:\/\/www.elturistatranquil.com\/wp-content\/uploads\/F53-Valoria-la-Buena-Valladolid-foto.-rutadelvinodecigales.jpg\" class=\"attachment-large size-large wp-image-36097\" alt=\"Valoria la Buena, Valladolid (foto. rutadelvinodecigales)\" srcset=\"https:\/\/www.elturistatranquil.com\/wp-content\/uploads\/F53-Valoria-la-Buena-Valladolid-foto.-rutadelvinodecigales.jpg 768w, https:\/\/www.elturistatranquil.com\/wp-content\/uploads\/F53-Valoria-la-Buena-Valladolid-foto.-rutadelvinodecigales-339x226.jpg 339w\" sizes=\"(max-width: 768px) 100vw, 768px\" \/>\t\t\t\t\t\t\t\t\t\t\t<figcaption class=\"widget-image-caption wp-caption-text\"><\/figcaption>\n\t\t\t\t\t\t\t\t\t\t<\/figure>\n\t\t\t\t\t\t\t\t\t<\/div>\n\t\t\t\t<\/div>\n\t\t\t\t<div class=\"elementor-element elementor-element-0479eb9 elementor-widget elementor-widget-menu-anchor\" data-id=\"0479eb9\" data-element_type=\"widget\" data-e-type=\"widget\" data-widget_type=\"menu-anchor.default\">\n\t\t\t\t<div class=\"elementor-widget-container\">\n\t\t\t\t\t\t\t<div class=\"elementor-menu-anchor\" id=\"c6614\"><\/div>\n\t\t\t\t\t\t<\/div>\n\t\t\t\t<\/div>\n\t\t\t\t<div class=\"elementor-element elementor-element-17dc0cd elementor-widget elementor-widget-image\" data-id=\"17dc0cd\" data-element_type=\"widget\" data-e-type=\"widget\" data-widget_type=\"image.default\">\n\t\t\t\t<div class=\"elementor-widget-container\">\n\t\t\t\t\t\t\t\t\t\t\t\t<figure class=\"wp-caption\">\n\t\t\t\t\t\t\t\t\t\t<img loading=\"lazy\" decoding=\"async\" width=\"768\" height=\"514\" src=\"https:\/\/www.elturistatranquil.com\/wp-content\/uploads\/F54-Chozo-Valoria-la-Buena-Valladolid-foto.-rutadelvinodecigales.jpg\" class=\"attachment-large size-large wp-image-36099\" alt=\"Chozo, Valoria la Buena, Valladolid (foto. rutadelvinodecigales)\" srcset=\"https:\/\/www.elturistatranquil.com\/wp-content\/uploads\/F54-Chozo-Valoria-la-Buena-Valladolid-foto.-rutadelvinodecigales.jpg 768w, https:\/\/www.elturistatranquil.com\/wp-content\/uploads\/F54-Chozo-Valoria-la-Buena-Valladolid-foto.-rutadelvinodecigales-339x226.jpg 339w\" sizes=\"(max-width: 768px) 100vw, 768px\" \/>\t\t\t\t\t\t\t\t\t\t\t<figcaption class=\"widget-image-caption wp-caption-text\"><\/figcaption>\n\t\t\t\t\t\t\t\t\t\t<\/figure>\n\t\t\t\t\t\t\t\t\t<\/div>\n\t\t\t\t<\/div>\n\t\t\t\t<div class=\"elementor-element elementor-element-e662105 elementor-widget elementor-widget-heading\" data-id=\"e662105\" data-element_type=\"widget\" data-e-type=\"widget\" data-widget_type=\"heading.default\">\n\t\t\t\t<div class=\"elementor-widget-container\">\n\t\t\t\t\t<h3 class=\"elementor-heading-title elementor-size-default\">Rutes de senderisme<\/h3>\t\t\t\t<\/div>\n\t\t\t\t<\/div>\n\t\t\t\t<div class=\"elementor-element elementor-element-a007180 elementor-widget elementor-widget-text-editor\" data-id=\"a007180\" data-element_type=\"widget\" data-e-type=\"widget\" data-widget_type=\"text-editor.default\">\n\t\t\t\t<div class=\"elementor-widget-container\">\n\t\t\t\t\t\t\t\t\t<p>Les <a href=\"http:\/\/www.valorialabuena.com\/extras\/WEB_-_valoria_folleto_turismo.pdf\" target=\"_blank\" rel=\"noopener\"><strong>rutes de senderisme <\/strong><\/a>que es proposen al voltant de Valoria la Buena permeten als amants de la natura acostar-se a la diversitat de paisatges i elements etnogr\u00e0fics (jaciment arqueol\u00f2gic de Zorita-Les Quintanas (BIC), chozos, cellers, <em>p\u00e1ramos<\/em> &#8230;) que ofereix Valoria.<\/p>\t\t\t\t\t\t\t\t<\/div>\n\t\t\t\t<\/div>\n\t\t\t\t<div class=\"elementor-element elementor-element-4b4929c elementor-widget elementor-widget-menu-anchor\" data-id=\"4b4929c\" data-element_type=\"widget\" data-e-type=\"widget\" data-widget_type=\"menu-anchor.default\">\n\t\t\t\t<div class=\"elementor-widget-container\">\n\t\t\t\t\t\t\t<div class=\"elementor-menu-anchor\" id=\"c6615\"><\/div>\n\t\t\t\t\t\t<\/div>\n\t\t\t\t<\/div>\n\t\t\t\t<div class=\"elementor-element elementor-element-f44b23a elementor-widget elementor-widget-image\" data-id=\"f44b23a\" data-element_type=\"widget\" data-e-type=\"widget\" data-widget_type=\"image.default\">\n\t\t\t\t<div class=\"elementor-widget-container\">\n\t\t\t\t\t\t\t\t\t\t\t\t<figure class=\"wp-caption\">\n\t\t\t\t\t\t\t\t\t\t<img loading=\"lazy\" decoding=\"async\" width=\"768\" height=\"513\" src=\"https:\/\/www.elturistatranquil.com\/wp-content\/uploads\/F55-Rutas-Valoria-la-Buena-Valladolid.jpg\" class=\"attachment-large size-large wp-image-36101\" alt=\"Rutas senderismo, Valoria la Buena, Valladolid\" srcset=\"https:\/\/www.elturistatranquil.com\/wp-content\/uploads\/F55-Rutas-Valoria-la-Buena-Valladolid.jpg 768w, https:\/\/www.elturistatranquil.com\/wp-content\/uploads\/F55-Rutas-Valoria-la-Buena-Valladolid-339x226.jpg 339w\" sizes=\"(max-width: 768px) 100vw, 768px\" \/>\t\t\t\t\t\t\t\t\t\t\t<figcaption class=\"widget-image-caption wp-caption-text\"><\/figcaption>\n\t\t\t\t\t\t\t\t\t\t<\/figure>\n\t\t\t\t\t\t\t\t\t<\/div>\n\t\t\t\t<\/div>\n\t\t\t\t<div class=\"elementor-element elementor-element-f5663d6 elementor-widget elementor-widget-heading\" data-id=\"f5663d6\" data-element_type=\"widget\" data-e-type=\"widget\" data-widget_type=\"heading.default\">\n\t\t\t\t<div class=\"elementor-widget-container\">\n\t\t\t\t\t<h3 class=\"elementor-heading-title elementor-size-default\">Concejo Bodegas<\/h3>\t\t\t\t<\/div>\n\t\t\t\t<\/div>\n\t\t\t\t<div class=\"elementor-element elementor-element-22032f2 elementor-widget elementor-widget-text-editor\" data-id=\"22032f2\" data-element_type=\"widget\" data-e-type=\"widget\" data-widget_type=\"text-editor.default\">\n\t\t\t\t<div class=\"elementor-widget-container\">\n\t\t\t\t\t\t\t\t\t<p>L&#8217;\u00faltim punt de visita va ser <strong>Concejo Bodegas<\/strong> (<strong>8<\/strong>), a la carretera VA-103, a 300 metres a la sortida de Valoria. \u00c9s molt aconsellable la seva visita acompanyada d&#8217;un tast dels seus vins.<\/p><p>Integrada en la <a href=\"https:\/\/do-cigales.es\/es\" target=\"_blank\" rel=\"noopener\"><strong>D.O. Cigales<\/strong><\/a>.<\/p>\t\t\t\t\t\t\t\t<\/div>\n\t\t\t\t<\/div>\n\t\t\t\t<div class=\"elementor-element elementor-element-d2fdce0 elementor-widget elementor-widget-image\" data-id=\"d2fdce0\" data-element_type=\"widget\" data-e-type=\"widget\" data-widget_type=\"image.default\">\n\t\t\t\t<div class=\"elementor-widget-container\">\n\t\t\t\t\t\t\t\t\t\t\t\t<figure class=\"wp-caption\">\n\t\t\t\t\t\t\t\t\t\t<img loading=\"lazy\" decoding=\"async\" width=\"768\" height=\"511\" src=\"https:\/\/www.elturistatranquil.com\/wp-content\/uploads\/F42-Concejo-Bodegas.-Valoria-la-Buena-Valladolid.jpg\" class=\"attachment-large size-large wp-image-35843\" alt=\"Concejo Bodegas. Valoria la Buena, Valladolid\" srcset=\"https:\/\/www.elturistatranquil.com\/wp-content\/uploads\/F42-Concejo-Bodegas.-Valoria-la-Buena-Valladolid.jpg 768w, https:\/\/www.elturistatranquil.com\/wp-content\/uploads\/F42-Concejo-Bodegas.-Valoria-la-Buena-Valladolid-339x226.jpg 339w\" sizes=\"(max-width: 768px) 100vw, 768px\" \/>\t\t\t\t\t\t\t\t\t\t\t<figcaption class=\"widget-image-caption wp-caption-text\"><\/figcaption>\n\t\t\t\t\t\t\t\t\t\t<\/figure>\n\t\t\t\t\t\t\t\t\t<\/div>\n\t\t\t\t<\/div>\n\t\t\t\t<div class=\"elementor-element elementor-element-a3585dd elementor-widget elementor-widget-menu-anchor\" data-id=\"a3585dd\" data-element_type=\"widget\" data-e-type=\"widget\" data-widget_type=\"menu-anchor.default\">\n\t\t\t\t<div class=\"elementor-widget-container\">\n\t\t\t\t\t\t\t<div class=\"elementor-menu-anchor\" id=\"c6616\"><\/div>\n\t\t\t\t\t\t<\/div>\n\t\t\t\t<\/div>\n\t\t\t\t<div class=\"elementor-element elementor-element-499df07 elementor-widget elementor-widget-image\" data-id=\"499df07\" data-element_type=\"widget\" data-e-type=\"widget\" data-widget_type=\"image.default\">\n\t\t\t\t<div class=\"elementor-widget-container\">\n\t\t\t\t\t\t\t\t\t\t\t\t<figure class=\"wp-caption\">\n\t\t\t\t\t\t\t\t\t\t<img loading=\"lazy\" decoding=\"async\" width=\"768\" height=\"512\" src=\"https:\/\/www.elturistatranquil.com\/wp-content\/uploads\/F43-Concejo-Bodegas.-Valoria-la-Buena-Valladolid.jpg\" class=\"attachment-large size-large wp-image-35845\" alt=\"Concejo Bodegas. Valoria la Buena, Valladolid\" srcset=\"https:\/\/www.elturistatranquil.com\/wp-content\/uploads\/F43-Concejo-Bodegas.-Valoria-la-Buena-Valladolid.jpg 768w, https:\/\/www.elturistatranquil.com\/wp-content\/uploads\/F43-Concejo-Bodegas.-Valoria-la-Buena-Valladolid-339x226.jpg 339w\" sizes=\"(max-width: 768px) 100vw, 768px\" \/>\t\t\t\t\t\t\t\t\t\t\t<figcaption class=\"widget-image-caption wp-caption-text\"><\/figcaption>\n\t\t\t\t\t\t\t\t\t\t<\/figure>\n\t\t\t\t\t\t\t\t\t<\/div>\n\t\t\t\t<\/div>\n\t\t\t\t<div class=\"elementor-element elementor-element-48e9cb6 elementor-widget elementor-widget-heading\" data-id=\"48e9cb6\" data-element_type=\"widget\" data-e-type=\"widget\" data-widget_type=\"heading.default\">\n\t\t\t\t<div class=\"elementor-widget-container\">\n\t\t\t\t\t<h2 class=\"elementor-heading-title elementor-size-default\">Fi de la visita<\/h2>\t\t\t\t<\/div>\n\t\t\t\t<\/div>\n\t\t\t\t<div class=\"elementor-element elementor-element-7d63032 elementor-widget elementor-widget-menu-anchor\" data-id=\"7d63032\" data-element_type=\"widget\" data-e-type=\"widget\" data-widget_type=\"menu-anchor.default\">\n\t\t\t\t<div class=\"elementor-widget-container\">\n\t\t\t\t\t\t\t<div class=\"elementor-menu-anchor\" id=\"c6617\"><\/div>\n\t\t\t\t\t\t<\/div>\n\t\t\t\t<\/div>\n\t\t\t\t<div class=\"elementor-element elementor-element-0cebc98 elementor-widget elementor-widget-text-editor\" data-id=\"0cebc98\" data-element_type=\"widget\" data-e-type=\"widget\" data-widget_type=\"text-editor.default\">\n\t\t\t\t<div class=\"elementor-widget-container\">\n\t\t\t\t\t\t\t\t\t<p><strong>Valoria la Buena<\/strong> \u00e9s una de les moltes poblacions que en la seva configuraci\u00f3 actual es van iniciar arran dels avatars de la reconquesta a les terres del Duero. Conserva, per tant, a la part central les traces de la morfologia urbana de l&#8217;\u00e8poca.<\/p><p>De la seva \u00e8poca de major esplendor, al segle XVIII, presenta una original i monumental esgl\u00e9sia de planta hexagonal d&#8217;estil neocl\u00e0ssic.<\/p><p>Tot i la p\u00e8rdua de poblaci\u00f3 en la segona meitat de segle XX, mant\u00e9 una important vitalitat, inserida en un paisatge de <em>campi\u00f1a<\/em> i <em>p\u00e1ramos<\/em> de gran bellesa.<\/p>\t\t\t\t\t\t\t\t<\/div>\n\t\t\t\t<\/div>\n\t\t\t\t<div class=\"elementor-element elementor-element-a139974 elementor-widget elementor-widget-heading\" data-id=\"a139974\" data-element_type=\"widget\" data-e-type=\"widget\" data-widget_type=\"heading.default\">\n\t\t\t\t<div class=\"elementor-widget-container\">\n\t\t\t\t\t<h2 class=\"elementor-heading-title elementor-size-default\">Bases d\u2019informaci\u00f3<\/h2>\t\t\t\t<\/div>\n\t\t\t\t<\/div>\n\t\t\t\t<div class=\"elementor-element elementor-element-60ca5dbd elementor-widget elementor-widget-text-editor\" data-id=\"60ca5dbd\" data-element_type=\"widget\" data-e-type=\"widget\" data-widget_type=\"text-editor.default\">\n\t\t\t\t<div class=\"elementor-widget-container\">\n\t\t\t\t\t\t\t\t\t<p><strong>Webs<\/strong><\/p><p><strong>Valoria la Buena<\/strong><\/p><p><a href=\"http:\/\/www.valorialabuena.com\/\" target=\"_blank\" rel=\"noopener\">ayuntamiento<\/a><\/p><p><a href=\"http:\/\/www.valorialabuena.com\/modulo\/actualidad\/actualidad\/142042\/nuevo-folleto-turistico-de-valoria-la-buena\" target=\"_blank\" rel=\"noopener\">folleto<\/a><\/p><p><a href=\"https:\/\/rutadelvinocigales.com\/wp-content\/uploads\/2019\/05\/valoria-folleto-turismo.pdf\" target=\"_blank\" rel=\"noopener\">folleto<\/a><\/p><p><a href=\"https:\/\/es.wikipedia.org\/wiki\/Valoria_la_Buena\" target=\"_blank\" rel=\"noopener\">wikipedia<\/a><\/p><p><a href=\"http:\/\/www.provinciadevalladolid.com\/es\/valoria-buena\" target=\"_blank\" rel=\"noopener\">turismovalladolid<\/a><\/p><p><a href=\"https:\/\/rutadelvinocigales.com\/municipios\/valoria-la-buena\/\" target=\"_blank\" rel=\"noopener\">rutadelvinodecigales<\/a><\/p><p><a href=\"https:\/\/www.elnortedecastilla.es\/v\/20100828\/valladolid\/historia-valle-orabuena-20100828.html\" target=\"_blank\" rel=\"noopener\">elnortedecastilla<\/a><\/p><p><strong>Iglesia de San Pedro Ap\u00f3stol<\/strong><\/p><p><a href=\"http:\/\/www.valorialabuena.com\/directorio\/?categoria=19&amp;grupo_categoria=5\" target=\"_blank\" rel=\"noopener\">ayuntamiento<\/a><\/p><p><a href=\"https:\/\/es.wikipedia.org\/wiki\/Iglesia_de_San_Pedro_Ap%C3%B3stol_(Valoria_la_Buena)\" target=\"_blank\" rel=\"noopener\">wikipedia<\/a><\/p><p><a href=\"https:\/\/rutadelvinocigales.com\/patrimonio-visitable\/iglesia-de-san-pedro-en-valoria-la-buena\/\" target=\"_blank\" rel=\"noopener\">rutadelvinodecigales<\/a><\/p><p><strong>Ermita del Santo Cristo de la Esperanza<\/strong><\/p><p><a href=\"http:\/\/www.valorialabuena.com\/directorio\/?categoria=15&amp;grupo_categoria=5\" target=\"_blank\" rel=\"noopener\">ayuntamiento<\/a><\/p><p><a href=\"http:\/\/www.provinciadevalladolid.com\/es\/valoria-buena\/cultura-patrimonio\/ermita-santo-cristo-esperanza\" target=\"_blank\" rel=\"noopener\">turismovalladolid<\/a><\/p><p><strong>DO Cigales<\/strong><\/p><p><a href=\"https:\/\/do-cigales.es\/es\" target=\"_blank\" rel=\"noopener\">do-cigales<\/a><\/p><p><a href=\"https:\/\/dialnet.unirioja.es\/descarga\/libro\/705645.pdf\" target=\"_blank\" rel=\"noopener\">comarcacigales<\/a><\/p><p><a href=\"https:\/\/rutadelvinocigales.com\/\" target=\"_blank\" rel=\"noopener\">rutadelvinodecigales<\/a><\/p>\t\t\t\t\t\t\t\t<\/div>\n\t\t\t\t<\/div>\n\t\t\t\t\t<\/div>\n\t\t<\/div>\n\t\t\t\t\t<\/div>\n\t\t<\/section>\n\t\t\t\t<\/div>\n\t\t","protected":false},"excerpt":{"rendered":"<p>Valoria la Buena (Valladolid) \u00e9s una localitat de campi\u00f1a envoltada de p\u00e1ramos a les terres de la Campi\u00f1a del Pisuerga. S&#8217;hi troba un dels edificis neocl\u00e0ssics m\u00e9s singulars de la &#8230; <a title=\"Valoria la Buena (Valladolid)\" class=\"read-more\" href=\"https:\/\/www.elturistatranquil.com\/ca\/valoria-la-buena-valladolid\/\" aria-label=\"M\u00e9s informaci\u00f3 sobre Valoria la Buena (Valladolid)\">[ &#8230; ]<\/a><\/p>\n","protected":false},"author":1,"featured_media":36009,"comment_status":"open","ping_status":"closed","sticky":false,"template":"","format":"standard","meta":{"footnotes":""},"categories":[70,71,72,145,81,83,92,172,95,100,152,210,110],"tags":[],"class_list":["post-36106","post","type-post","status-publish","format-standard","has-post-thumbnail","hentry","category-arquitectura-civil-ca","category-arquitectura-popular-ca","category-arquitectura-religiosa-ca","category-edat-mitjana","category-etnografia-ca","category-historia-ca","category-museus","category-neoclassic","category-paisatge","category-pobles-i-ciutats-amb-interes","category-urbanisme","category-valladolid-ca","category-vila","infinite-scroll-item","generate-columns","tablet-grid-50","mobile-grid-100","grid-parent","grid-50","no-featured-image-padding"],"yoast_head":"<!-- This site is optimized with the Yoast SEO plugin v27.4 - https:\/\/yoast.com\/product\/yoast-seo-wordpress\/ -->\n<title>Valoria la Buena (Valladolid) - El turista tranquil<\/title>\n<meta name=\"description\" content=\"Valoria la Buena (Valladolid) \u00e9s una localitat de campi\u00f1a envoltada de p\u00e1ramos a les terres de la Campi\u00f1a del Pisuerga. S&#039;hi troba un dels edificis neocl\u00e0ssics m\u00e9s singulars de la prov\u00edncia de Valladolid, l&#039;esgl\u00e9sia de San Pedro (BIC). A m\u00e9s, est\u00e0 integrada a la DO Cigales.\" \/>\n<meta name=\"robots\" content=\"index, follow, max-snippet:-1, max-image-preview:large, max-video-preview:-1\" \/>\n<link rel=\"canonical\" href=\"https:\/\/www.elturistatranquil.com\/ca\/valoria-la-buena-valladolid\/\" \/>\n<meta property=\"og:locale\" content=\"ca_ES\" \/>\n<meta property=\"og:type\" content=\"article\" \/>\n<meta property=\"og:title\" content=\"Valoria la Buena (Valladolid) - El turista tranquil\" \/>\n<meta property=\"og:description\" content=\"Valoria la Buena (Valladolid) \u00e9s una localitat de campi\u00f1a envoltada de p\u00e1ramos a les terres de la Campi\u00f1a del Pisuerga. S&#039;hi troba un dels edificis neocl\u00e0ssics m\u00e9s singulars de la prov\u00edncia de Valladolid, l&#039;esgl\u00e9sia de San Pedro (BIC). A m\u00e9s, est\u00e0 integrada a la DO Cigales.\" \/>\n<meta property=\"og:url\" content=\"https:\/\/www.elturistatranquil.com\/ca\/valoria-la-buena-valladolid\/\" \/>\n<meta property=\"og:site_name\" content=\"El turista tranquil\" \/>\n<meta property=\"article:publisher\" content=\"https:\/\/www.facebook.com\/elturistatranquilo\/\" \/>\n<meta property=\"article:published_time\" content=\"2021-07-17T09:47:50+00:00\" \/>\n<meta property=\"article:modified_time\" content=\"2021-07-17T09:59:01+00:00\" \/>\n<meta property=\"og:image\" content=\"https:\/\/www.elturistatranquil.com\/wp-content\/uploads\/F13-Valoria-la-Buena-Valladolid.jpg\" \/>\n\t<meta property=\"og:image:width\" content=\"768\" \/>\n\t<meta property=\"og:image:height\" content=\"511\" \/>\n\t<meta property=\"og:image:type\" content=\"image\/jpeg\" \/>\n<meta name=\"author\" content=\"admin\" \/>\n<meta name=\"twitter:card\" content=\"summary_large_image\" \/>\n<meta name=\"twitter:label1\" content=\"Escrit per\" \/>\n\t<meta name=\"twitter:data1\" content=\"admin\" \/>\n\t<meta name=\"twitter:label2\" content=\"Temps estimat de lectura\" \/>\n\t<meta name=\"twitter:data2\" content=\"22 minuts\" \/>\n<script type=\"application\/ld+json\" class=\"yoast-schema-graph\">{\"@context\":\"https:\\\/\\\/schema.org\",\"@graph\":[{\"@type\":\"Article\",\"@id\":\"https:\\\/\\\/www.elturistatranquil.com\\\/ca\\\/valoria-la-buena-valladolid\\\/#article\",\"isPartOf\":{\"@id\":\"https:\\\/\\\/www.elturistatranquil.com\\\/ca\\\/valoria-la-buena-valladolid\\\/\"},\"author\":{\"name\":\"admin\",\"@id\":\"https:\\\/\\\/www.elturistatranquil.com\\\/ca\\\/#\\\/schema\\\/person\\\/16f607c3079b96ed0c530a52e6b58bb5\"},\"headline\":\"Valoria la Buena (Valladolid)\",\"datePublished\":\"2021-07-17T09:47:50+00:00\",\"dateModified\":\"2021-07-17T09:59:01+00:00\",\"mainEntityOfPage\":{\"@id\":\"https:\\\/\\\/www.elturistatranquil.com\\\/ca\\\/valoria-la-buena-valladolid\\\/\"},\"wordCount\":2268,\"commentCount\":0,\"image\":{\"@id\":\"https:\\\/\\\/www.elturistatranquil.com\\\/ca\\\/valoria-la-buena-valladolid\\\/#primaryimage\"},\"thumbnailUrl\":\"https:\\\/\\\/www.elturistatranquil.com\\\/wp-content\\\/uploads\\\/F13-Valoria-la-Buena-Valladolid.jpg\",\"articleSection\":[\"Arquitectura civil\",\"Arquitectura popular\",\"Arquitectura religiosa\",\"Edat mitjana\",\"Etnografia\",\"Hist\u00f2ria\",\"Museus\",\"Neocl\u00e0ssic, Romanticisme\",\"Paisatge\",\"Pobles i ciutats amb inter\u00e9s\",\"Urbanisme\",\"Valladolid\",\"Vila\"],\"inLanguage\":\"ca\",\"potentialAction\":[{\"@type\":\"CommentAction\",\"name\":\"Comment\",\"target\":[\"https:\\\/\\\/www.elturistatranquil.com\\\/ca\\\/valoria-la-buena-valladolid\\\/#respond\"]}]},{\"@type\":\"WebPage\",\"@id\":\"https:\\\/\\\/www.elturistatranquil.com\\\/ca\\\/valoria-la-buena-valladolid\\\/\",\"url\":\"https:\\\/\\\/www.elturistatranquil.com\\\/ca\\\/valoria-la-buena-valladolid\\\/\",\"name\":\"Valoria la Buena (Valladolid) - El turista tranquil\",\"isPartOf\":{\"@id\":\"https:\\\/\\\/www.elturistatranquil.com\\\/ca\\\/#website\"},\"primaryImageOfPage\":{\"@id\":\"https:\\\/\\\/www.elturistatranquil.com\\\/ca\\\/valoria-la-buena-valladolid\\\/#primaryimage\"},\"image\":{\"@id\":\"https:\\\/\\\/www.elturistatranquil.com\\\/ca\\\/valoria-la-buena-valladolid\\\/#primaryimage\"},\"thumbnailUrl\":\"https:\\\/\\\/www.elturistatranquil.com\\\/wp-content\\\/uploads\\\/F13-Valoria-la-Buena-Valladolid.jpg\",\"datePublished\":\"2021-07-17T09:47:50+00:00\",\"dateModified\":\"2021-07-17T09:59:01+00:00\",\"author\":{\"@id\":\"https:\\\/\\\/www.elturistatranquil.com\\\/ca\\\/#\\\/schema\\\/person\\\/16f607c3079b96ed0c530a52e6b58bb5\"},\"description\":\"Valoria la Buena (Valladolid) \u00e9s una localitat de campi\u00f1a envoltada de p\u00e1ramos a les terres de la Campi\u00f1a del Pisuerga. S'hi troba un dels edificis neocl\u00e0ssics m\u00e9s singulars de la prov\u00edncia de Valladolid, l'esgl\u00e9sia de San Pedro (BIC). A m\u00e9s, est\u00e0 integrada a la DO Cigales.\",\"breadcrumb\":{\"@id\":\"https:\\\/\\\/www.elturistatranquil.com\\\/ca\\\/valoria-la-buena-valladolid\\\/#breadcrumb\"},\"inLanguage\":\"ca\",\"potentialAction\":[{\"@type\":\"ReadAction\",\"target\":[\"https:\\\/\\\/www.elturistatranquil.com\\\/ca\\\/valoria-la-buena-valladolid\\\/\"]}]},{\"@type\":\"ImageObject\",\"inLanguage\":\"ca\",\"@id\":\"https:\\\/\\\/www.elturistatranquil.com\\\/ca\\\/valoria-la-buena-valladolid\\\/#primaryimage\",\"url\":\"https:\\\/\\\/www.elturistatranquil.com\\\/wp-content\\\/uploads\\\/F13-Valoria-la-Buena-Valladolid.jpg\",\"contentUrl\":\"https:\\\/\\\/www.elturistatranquil.com\\\/wp-content\\\/uploads\\\/F13-Valoria-la-Buena-Valladolid.jpg\",\"width\":768,\"height\":511,\"caption\":\"Valoria la Buena, Valladolid\"},{\"@type\":\"BreadcrumbList\",\"@id\":\"https:\\\/\\\/www.elturistatranquil.com\\\/ca\\\/valoria-la-buena-valladolid\\\/#breadcrumb\",\"itemListElement\":[{\"@type\":\"ListItem\",\"position\":1,\"name\":\"Portada\",\"item\":\"https:\\\/\\\/www.elturistatranquil.com\\\/ca\\\/\"},{\"@type\":\"ListItem\",\"position\":2,\"name\":\"Valoria la Buena (Valladolid)\"}]},{\"@type\":\"WebSite\",\"@id\":\"https:\\\/\\\/www.elturistatranquil.com\\\/ca\\\/#website\",\"url\":\"https:\\\/\\\/www.elturistatranquil.com\\\/ca\\\/\",\"name\":\"El turista tranquil\",\"description\":\"Blog de viatges\",\"potentialAction\":[{\"@type\":\"SearchAction\",\"target\":{\"@type\":\"EntryPoint\",\"urlTemplate\":\"https:\\\/\\\/www.elturistatranquil.com\\\/ca\\\/?s={search_term_string}\"},\"query-input\":{\"@type\":\"PropertyValueSpecification\",\"valueRequired\":true,\"valueName\":\"search_term_string\"}}],\"inLanguage\":\"ca\"},{\"@type\":\"Person\",\"@id\":\"https:\\\/\\\/www.elturistatranquil.com\\\/ca\\\/#\\\/schema\\\/person\\\/16f607c3079b96ed0c530a52e6b58bb5\",\"name\":\"admin\",\"image\":{\"@type\":\"ImageObject\",\"inLanguage\":\"ca\",\"@id\":\"https:\\\/\\\/secure.gravatar.com\\\/avatar\\\/1fbaf22aee75fcbb29a2f97b107f95d25d3a19b7c3416105be10269872673e8d?s=96&d=mm&r=g\",\"url\":\"https:\\\/\\\/secure.gravatar.com\\\/avatar\\\/1fbaf22aee75fcbb29a2f97b107f95d25d3a19b7c3416105be10269872673e8d?s=96&d=mm&r=g\",\"contentUrl\":\"https:\\\/\\\/secure.gravatar.com\\\/avatar\\\/1fbaf22aee75fcbb29a2f97b107f95d25d3a19b7c3416105be10269872673e8d?s=96&d=mm&r=g\",\"caption\":\"admin\"}}]}<\/script>\n<!-- \/ Yoast SEO plugin. -->","yoast_head_json":{"title":"Valoria la Buena (Valladolid) - El turista tranquil","description":"Valoria la Buena (Valladolid) \u00e9s una localitat de campi\u00f1a envoltada de p\u00e1ramos a les terres de la Campi\u00f1a del Pisuerga. S'hi troba un dels edificis neocl\u00e0ssics m\u00e9s singulars de la prov\u00edncia de Valladolid, l'esgl\u00e9sia de San Pedro (BIC). A m\u00e9s, est\u00e0 integrada a la DO Cigales.","robots":{"index":"index","follow":"follow","max-snippet":"max-snippet:-1","max-image-preview":"max-image-preview:large","max-video-preview":"max-video-preview:-1"},"canonical":"https:\/\/www.elturistatranquil.com\/ca\/valoria-la-buena-valladolid\/","og_locale":"ca_ES","og_type":"article","og_title":"Valoria la Buena (Valladolid) - El turista tranquil","og_description":"Valoria la Buena (Valladolid) \u00e9s una localitat de campi\u00f1a envoltada de p\u00e1ramos a les terres de la Campi\u00f1a del Pisuerga. S'hi troba un dels edificis neocl\u00e0ssics m\u00e9s singulars de la prov\u00edncia de Valladolid, l'esgl\u00e9sia de San Pedro (BIC). A m\u00e9s, est\u00e0 integrada a la DO Cigales.","og_url":"https:\/\/www.elturistatranquil.com\/ca\/valoria-la-buena-valladolid\/","og_site_name":"El turista tranquil","article_publisher":"https:\/\/www.facebook.com\/elturistatranquilo\/","article_published_time":"2021-07-17T09:47:50+00:00","article_modified_time":"2021-07-17T09:59:01+00:00","og_image":[{"width":768,"height":511,"url":"https:\/\/www.elturistatranquil.com\/wp-content\/uploads\/F13-Valoria-la-Buena-Valladolid.jpg","type":"image\/jpeg"}],"author":"admin","twitter_card":"summary_large_image","twitter_misc":{"Escrit per":"admin","Temps estimat de lectura":"22 minuts"},"schema":{"@context":"https:\/\/schema.org","@graph":[{"@type":"Article","@id":"https:\/\/www.elturistatranquil.com\/ca\/valoria-la-buena-valladolid\/#article","isPartOf":{"@id":"https:\/\/www.elturistatranquil.com\/ca\/valoria-la-buena-valladolid\/"},"author":{"name":"admin","@id":"https:\/\/www.elturistatranquil.com\/ca\/#\/schema\/person\/16f607c3079b96ed0c530a52e6b58bb5"},"headline":"Valoria la Buena (Valladolid)","datePublished":"2021-07-17T09:47:50+00:00","dateModified":"2021-07-17T09:59:01+00:00","mainEntityOfPage":{"@id":"https:\/\/www.elturistatranquil.com\/ca\/valoria-la-buena-valladolid\/"},"wordCount":2268,"commentCount":0,"image":{"@id":"https:\/\/www.elturistatranquil.com\/ca\/valoria-la-buena-valladolid\/#primaryimage"},"thumbnailUrl":"https:\/\/www.elturistatranquil.com\/wp-content\/uploads\/F13-Valoria-la-Buena-Valladolid.jpg","articleSection":["Arquitectura civil","Arquitectura popular","Arquitectura religiosa","Edat mitjana","Etnografia","Hist\u00f2ria","Museus","Neocl\u00e0ssic, Romanticisme","Paisatge","Pobles i ciutats amb inter\u00e9s","Urbanisme","Valladolid","Vila"],"inLanguage":"ca","potentialAction":[{"@type":"CommentAction","name":"Comment","target":["https:\/\/www.elturistatranquil.com\/ca\/valoria-la-buena-valladolid\/#respond"]}]},{"@type":"WebPage","@id":"https:\/\/www.elturistatranquil.com\/ca\/valoria-la-buena-valladolid\/","url":"https:\/\/www.elturistatranquil.com\/ca\/valoria-la-buena-valladolid\/","name":"Valoria la Buena (Valladolid) - El turista tranquil","isPartOf":{"@id":"https:\/\/www.elturistatranquil.com\/ca\/#website"},"primaryImageOfPage":{"@id":"https:\/\/www.elturistatranquil.com\/ca\/valoria-la-buena-valladolid\/#primaryimage"},"image":{"@id":"https:\/\/www.elturistatranquil.com\/ca\/valoria-la-buena-valladolid\/#primaryimage"},"thumbnailUrl":"https:\/\/www.elturistatranquil.com\/wp-content\/uploads\/F13-Valoria-la-Buena-Valladolid.jpg","datePublished":"2021-07-17T09:47:50+00:00","dateModified":"2021-07-17T09:59:01+00:00","author":{"@id":"https:\/\/www.elturistatranquil.com\/ca\/#\/schema\/person\/16f607c3079b96ed0c530a52e6b58bb5"},"description":"Valoria la Buena (Valladolid) \u00e9s una localitat de campi\u00f1a envoltada de p\u00e1ramos a les terres de la Campi\u00f1a del Pisuerga. S'hi troba un dels edificis neocl\u00e0ssics m\u00e9s singulars de la prov\u00edncia de Valladolid, l'esgl\u00e9sia de San Pedro (BIC). A m\u00e9s, est\u00e0 integrada a la DO Cigales.","breadcrumb":{"@id":"https:\/\/www.elturistatranquil.com\/ca\/valoria-la-buena-valladolid\/#breadcrumb"},"inLanguage":"ca","potentialAction":[{"@type":"ReadAction","target":["https:\/\/www.elturistatranquil.com\/ca\/valoria-la-buena-valladolid\/"]}]},{"@type":"ImageObject","inLanguage":"ca","@id":"https:\/\/www.elturistatranquil.com\/ca\/valoria-la-buena-valladolid\/#primaryimage","url":"https:\/\/www.elturistatranquil.com\/wp-content\/uploads\/F13-Valoria-la-Buena-Valladolid.jpg","contentUrl":"https:\/\/www.elturistatranquil.com\/wp-content\/uploads\/F13-Valoria-la-Buena-Valladolid.jpg","width":768,"height":511,"caption":"Valoria la Buena, Valladolid"},{"@type":"BreadcrumbList","@id":"https:\/\/www.elturistatranquil.com\/ca\/valoria-la-buena-valladolid\/#breadcrumb","itemListElement":[{"@type":"ListItem","position":1,"name":"Portada","item":"https:\/\/www.elturistatranquil.com\/ca\/"},{"@type":"ListItem","position":2,"name":"Valoria la Buena (Valladolid)"}]},{"@type":"WebSite","@id":"https:\/\/www.elturistatranquil.com\/ca\/#website","url":"https:\/\/www.elturistatranquil.com\/ca\/","name":"El turista tranquil","description":"Blog de viatges","potentialAction":[{"@type":"SearchAction","target":{"@type":"EntryPoint","urlTemplate":"https:\/\/www.elturistatranquil.com\/ca\/?s={search_term_string}"},"query-input":{"@type":"PropertyValueSpecification","valueRequired":true,"valueName":"search_term_string"}}],"inLanguage":"ca"},{"@type":"Person","@id":"https:\/\/www.elturistatranquil.com\/ca\/#\/schema\/person\/16f607c3079b96ed0c530a52e6b58bb5","name":"admin","image":{"@type":"ImageObject","inLanguage":"ca","@id":"https:\/\/secure.gravatar.com\/avatar\/1fbaf22aee75fcbb29a2f97b107f95d25d3a19b7c3416105be10269872673e8d?s=96&d=mm&r=g","url":"https:\/\/secure.gravatar.com\/avatar\/1fbaf22aee75fcbb29a2f97b107f95d25d3a19b7c3416105be10269872673e8d?s=96&d=mm&r=g","contentUrl":"https:\/\/secure.gravatar.com\/avatar\/1fbaf22aee75fcbb29a2f97b107f95d25d3a19b7c3416105be10269872673e8d?s=96&d=mm&r=g","caption":"admin"}}]}},"_links":{"self":[{"href":"https:\/\/www.elturistatranquil.com\/ca\/wp-json\/wp\/v2\/posts\/36106","targetHints":{"allow":["GET"]}}],"collection":[{"href":"https:\/\/www.elturistatranquil.com\/ca\/wp-json\/wp\/v2\/posts"}],"about":[{"href":"https:\/\/www.elturistatranquil.com\/ca\/wp-json\/wp\/v2\/types\/post"}],"author":[{"embeddable":true,"href":"https:\/\/www.elturistatranquil.com\/ca\/wp-json\/wp\/v2\/users\/1"}],"replies":[{"embeddable":true,"href":"https:\/\/www.elturistatranquil.com\/ca\/wp-json\/wp\/v2\/comments?post=36106"}],"version-history":[{"count":5,"href":"https:\/\/www.elturistatranquil.com\/ca\/wp-json\/wp\/v2\/posts\/36106\/revisions"}],"predecessor-version":[{"id":36144,"href":"https:\/\/www.elturistatranquil.com\/ca\/wp-json\/wp\/v2\/posts\/36106\/revisions\/36144"}],"wp:featuredmedia":[{"embeddable":true,"href":"https:\/\/www.elturistatranquil.com\/ca\/wp-json\/wp\/v2\/media\/36009"}],"wp:attachment":[{"href":"https:\/\/www.elturistatranquil.com\/ca\/wp-json\/wp\/v2\/media?parent=36106"}],"wp:term":[{"taxonomy":"category","embeddable":true,"href":"https:\/\/www.elturistatranquil.com\/ca\/wp-json\/wp\/v2\/categories?post=36106"},{"taxonomy":"post_tag","embeddable":true,"href":"https:\/\/www.elturistatranquil.com\/ca\/wp-json\/wp\/v2\/tags?post=36106"}],"curies":[{"name":"wp","href":"https:\/\/api.w.org\/{rel}","templated":true}]}}