{"id":36945,"date":"2021-09-11T11:00:53","date_gmt":"2021-09-11T09:00:53","guid":{"rendered":"https:\/\/www.elturistatranquil.com\/?p=36945"},"modified":"2025-01-03T11:17:02","modified_gmt":"2025-01-03T10:17:02","slug":"los-prados-45-posada-de-cantabria-valles-pasiegos","status":"publish","type":"post","link":"https:\/\/www.elturistatranquil.com\/ca\/los-prados-45-posada-de-cantabria-valles-pasiegos\/","title":{"rendered":"Los Prados 45, Posada de Cantabria. Valles Pasiegos"},"content":{"rendered":"\t\t<div data-elementor-type=\"wp-post\" data-elementor-id=\"36945\" class=\"elementor elementor-36945 elementor-36791\" data-elementor-post-type=\"post\">\n\t\t\t\t\t\t<section class=\"elementor-section elementor-top-section elementor-element elementor-element-4def2fd1 elementor-section-boxed elementor-section-height-default elementor-section-height-default\" data-id=\"4def2fd1\" data-element_type=\"section\" data-e-type=\"section\">\n\t\t\t\t\t\t<div class=\"elementor-container elementor-column-gap-default\">\n\t\t\t\t\t<div class=\"elementor-column elementor-col-100 elementor-top-column elementor-element elementor-element-20e8df42\" data-id=\"20e8df42\" data-element_type=\"column\" data-e-type=\"column\">\n\t\t\t<div class=\"elementor-widget-wrap elementor-element-populated\">\n\t\t\t\t\t\t<section class=\"elementor-section elementor-inner-section elementor-element elementor-element-45cbdb0 elementor-section-content-middle elementor-section-boxed elementor-section-height-default elementor-section-height-default\" data-id=\"45cbdb0\" data-element_type=\"section\" data-e-type=\"section\">\n\t\t\t\t\t\t<div class=\"elementor-container elementor-column-gap-default\">\n\t\t\t\t\t<div class=\"elementor-column elementor-col-100 elementor-inner-column elementor-element elementor-element-45078697\" data-id=\"45078697\" data-element_type=\"column\" data-e-type=\"column\">\n\t\t\t<div class=\"elementor-widget-wrap elementor-element-populated\">\n\t\t\t\t\t\t<div class=\"elementor-element elementor-element-58ff0908 elementor-widget elementor-widget-text-editor\" data-id=\"58ff0908\" data-element_type=\"widget\" data-e-type=\"widget\" data-widget_type=\"text-editor.default\">\n\t\t\t\t<div class=\"elementor-widget-container\">\n\t\t\t\t\t\t\t\t\t<p>Una cabana d&#8217;ovelles reconvertida acull <em>Los Prados 45, Posada de Cantabria<\/em>, al costat de la vila de Li\u00e9rganes (Cant\u00e0bria). A\u00efllada a la vall pasiega del riu Miera, ofereix tranquil\u00b7litat, qualitat, confort i tracte exquisit, en un lloc id\u00edl\u00b7lic.<\/p>\t\t\t\t\t\t\t\t<\/div>\n\t\t\t\t<\/div>\n\t\t\t\t\t<\/div>\n\t\t<\/div>\n\t\t\t\t\t<\/div>\n\t\t<\/section>\n\t\t\t\t<div class=\"elementor-element elementor-element-343bdaf4 elementor-widget elementor-widget-heading\" data-id=\"343bdaf4\" data-element_type=\"widget\" data-e-type=\"widget\" data-widget_type=\"heading.default\">\n\t\t\t\t<div class=\"elementor-widget-container\">\n\t\t\t\t\t<h1 class=\"elementor-heading-title elementor-size-default\">Los Prados 45, Posada de Cantabria. Valles Pasiegos<\/h1>\t\t\t\t<\/div>\n\t\t\t\t<\/div>\n\t\t\t\t\t<\/div>\n\t\t<\/div>\n\t\t\t\t\t<\/div>\n\t\t<\/section>\n\t\t\t\t<section class=\"elementor-section elementor-top-section elementor-element elementor-element-3d92c113 elementor-section-boxed elementor-section-height-default elementor-section-height-default\" data-id=\"3d92c113\" data-element_type=\"section\" data-e-type=\"section\">\n\t\t\t\t\t\t<div class=\"elementor-container elementor-column-gap-default\">\n\t\t\t\t\t<div class=\"elementor-column elementor-col-100 elementor-top-column elementor-element elementor-element-59894fc1\" data-id=\"59894fc1\" data-element_type=\"column\" data-e-type=\"column\">\n\t\t\t<div class=\"elementor-widget-wrap elementor-element-populated\">\n\t\t\t\t\t\t<div class=\"elementor-element elementor-element-a6a1fcc elementor-widget elementor-widget-image\" data-id=\"a6a1fcc\" data-element_type=\"widget\" data-e-type=\"widget\" data-widget_type=\"image.default\">\n\t\t\t\t<div class=\"elementor-widget-container\">\n\t\t\t\t\t\t\t\t\t\t\t\t<figure class=\"wp-caption\">\n\t\t\t\t\t\t\t\t\t\t<img fetchpriority=\"high\" decoding=\"async\" width=\"768\" height=\"511\" src=\"https:\/\/www.elturistatranquil.com\/wp-content\/uploads\/F01-Posada-Los-Prados-45-Cantabria.jpg\" class=\"attachment-large size-large wp-image-36801\" alt=\"Posada Los Prados 45, Cantabria\" srcset=\"https:\/\/www.elturistatranquil.com\/wp-content\/uploads\/F01-Posada-Los-Prados-45-Cantabria.jpg 768w, https:\/\/www.elturistatranquil.com\/wp-content\/uploads\/F01-Posada-Los-Prados-45-Cantabria-339x226.jpg 339w\" sizes=\"(max-width: 768px) 100vw, 768px\" \/>\t\t\t\t\t\t\t\t\t\t\t<figcaption class=\"widget-image-caption wp-caption-text\"><\/figcaption>\n\t\t\t\t\t\t\t\t\t\t<\/figure>\n\t\t\t\t\t\t\t\t\t<\/div>\n\t\t\t\t<\/div>\n\t\t\t\t<div class=\"elementor-element elementor-element-61e94a07 elementor-widget elementor-widget-spacer\" data-id=\"61e94a07\" data-element_type=\"widget\" data-e-type=\"widget\" data-widget_type=\"spacer.default\">\n\t\t\t\t<div class=\"elementor-widget-container\">\n\t\t\t\t\t\t\t<div class=\"elementor-spacer\">\n\t\t\t<div class=\"elementor-spacer-inner\"><\/div>\n\t\t<\/div>\n\t\t\t\t\t\t<\/div>\n\t\t\t\t<\/div>\n\t\t\t\t<div class=\"elementor-element elementor-element-29230081 elementor-widget elementor-widget-heading\" data-id=\"29230081\" data-element_type=\"widget\" data-e-type=\"widget\" data-widget_type=\"heading.default\">\n\t\t\t\t<div class=\"elementor-widget-container\">\n\t\t\t\t\t<h2 class=\"elementor-heading-title elementor-size-default\">Los Prados 45, Posada de Cantabria, Li\u00e9rganes. Cant\u00e0bria<\/h2>\t\t\t\t<\/div>\n\t\t\t\t<\/div>\n\t\t\t\t<section class=\"elementor-section elementor-inner-section elementor-element elementor-element-58ea9aa4 elementor-section-boxed elementor-section-height-default elementor-section-height-default\" data-id=\"58ea9aa4\" data-element_type=\"section\" data-e-type=\"section\" data-settings=\"{&quot;background_background&quot;:&quot;classic&quot;}\">\n\t\t\t\t\t\t\t<div class=\"elementor-background-overlay\"><\/div>\n\t\t\t\t\t\t\t<div class=\"elementor-container elementor-column-gap-default\">\n\t\t\t\t\t<div class=\"elementor-column elementor-col-100 elementor-inner-column elementor-element elementor-element-379c400c\" data-id=\"379c400c\" data-element_type=\"column\" data-e-type=\"column\" data-settings=\"{&quot;background_background&quot;:&quot;classic&quot;}\">\n\t\t\t<div class=\"elementor-widget-wrap elementor-element-populated\">\n\t\t\t\t\t\t<div class=\"elementor-element elementor-element-24ef9a73 elementor-widget elementor-widget-text-editor\" data-id=\"24ef9a73\" data-element_type=\"widget\" data-e-type=\"widget\" data-widget_type=\"text-editor.default\">\n\t\t\t\t<div class=\"elementor-widget-container\">\n\t\t\t\t\t\t\t\t\t<p>Direcci\u00f3: Barrio de Los Prados, 45, 39722 Li\u00e9rganes. Comarca:\u00a0 Valles Pasiegos. Prov\u00edncia:\u00a0 Cant\u00e0bria. Com. Aut\u00f2noma: Cant\u00e0bria.<\/p><p>Coordenades: 43\u00b021\u203202\u201dN 3\u00b043\u203228\u201dO. Altitud: 125 msnm. Poblaci\u00f3: 2.407 habitants (2020)<\/p><p>Web: <a href=\"https:\/\/losprados45.es\/\" target=\"_blank\" rel=\"noopener\">losprados45<\/a><\/p><p>5 habitacions<\/p><p>Estada: 2021<\/p>\t\t\t\t\t\t\t\t<\/div>\n\t\t\t\t<\/div>\n\t\t\t\t\t<\/div>\n\t\t<\/div>\n\t\t\t\t\t<\/div>\n\t\t<\/section>\n\t\t\t\t<div class=\"elementor-element elementor-element-1a21fcd5 elementor-widget elementor-widget-image\" data-id=\"1a21fcd5\" data-element_type=\"widget\" data-e-type=\"widget\" data-widget_type=\"image.default\">\n\t\t\t\t<div class=\"elementor-widget-container\">\n\t\t\t\t\t\t\t\t\t\t\t\t<figure class=\"wp-caption\">\n\t\t\t\t\t\t\t\t\t\t<img decoding=\"async\" width=\"768\" height=\"512\" src=\"https:\/\/www.elturistatranquil.com\/wp-content\/uploads\/F02c-Mapa-de-situacio-de-Los-Prados-45.-CantabriaGoogle-maps-2018-08-24.jpg\" class=\"attachment-medium_large size-medium_large wp-image-36947\" alt=\"Mapa de situaci\u00f3 de Lierganes. Cantabria(Google-maps-2018-08-24)\" srcset=\"https:\/\/www.elturistatranquil.com\/wp-content\/uploads\/F02c-Mapa-de-situacio-de-Los-Prados-45.-CantabriaGoogle-maps-2018-08-24.jpg 768w, https:\/\/www.elturistatranquil.com\/wp-content\/uploads\/F02c-Mapa-de-situacio-de-Los-Prados-45.-CantabriaGoogle-maps-2018-08-24-339x226.jpg 339w\" sizes=\"(max-width: 768px) 100vw, 768px\" \/>\t\t\t\t\t\t\t\t\t\t\t<figcaption class=\"widget-image-caption wp-caption-text\">Mapa de situaci\u00f3 de Los Prados 45 (Google maps 2018-08-24)<\/figcaption>\n\t\t\t\t\t\t\t\t\t\t<\/figure>\n\t\t\t\t\t\t\t\t\t<\/div>\n\t\t\t\t<\/div>\n\t\t\t\t<section class=\"elementor-section elementor-inner-section elementor-element elementor-element-6c4eb944 elementor-section-boxed elementor-section-height-default elementor-section-height-default\" data-id=\"6c4eb944\" data-element_type=\"section\" data-e-type=\"section\" data-settings=\"{&quot;background_background&quot;:&quot;classic&quot;}\">\n\t\t\t\t\t\t<div class=\"elementor-container elementor-column-gap-default\">\n\t\t\t\t\t<div class=\"elementor-column elementor-col-100 elementor-inner-column elementor-element elementor-element-4d7c6816\" data-id=\"4d7c6816\" data-element_type=\"column\" data-e-type=\"column\">\n\t\t\t<div class=\"elementor-widget-wrap elementor-element-populated\">\n\t\t\t\t\t\t<div class=\"elementor-element elementor-element-dbf705d elementor-widget elementor-widget-text-editor\" data-id=\"dbf705d\" data-element_type=\"widget\" data-e-type=\"widget\" data-widget_type=\"text-editor.default\">\n\t\t\t\t<div class=\"elementor-widget-container\">\n\t\t\t\t\t\t\t\t\t<p style=\"text-align: center;\"><strong>\u00cdndex<\/strong><\/p>\t\t\t\t\t\t\t\t<\/div>\n\t\t\t\t<\/div>\n\t\t\t\t<div class=\"elementor-element elementor-element-4a8179e8 elementor-widget elementor-widget-text-editor\" data-id=\"4a8179e8\" data-element_type=\"widget\" data-e-type=\"widget\" data-widget_type=\"text-editor.default\">\n\t\t\t\t<div class=\"elementor-widget-container\">\n\t\t\t\t\t\t\t\t\t<p><a href=\"https:\/\/www.elturistatranquil.com\/ca\/los-prados-45-posada-de-cantabria-valles-pasiegos\/#a2001\">Los Prados 45, Posada de Cantabria, Li\u00e9rganes. Cant\u00e0bria<\/a><\/p><p><a href=\"https:\/\/www.elturistatranquil.com\/ca\/los-prados-45-posada-de-cantabria-valles-pasiegos\/#a2002\">Elecci\u00f3 de l&#8217;allotjament<\/a><\/p><p><a href=\"https:\/\/www.elturistatranquil.com\/ca\/los-prados-45-posada-de-cantabria-valles-pasiegos\/#a2003\">L&#8217;allotjament: Los Prados 45, una Posada de Cantabria<\/a><\/p><p><a href=\"https:\/\/www.elturistatranquil.com\/ca\/los-prados-45-posada-de-cantabria-valles-pasiegos\/#a2004\">El territori: Cant\u00e0bria<\/a><\/p><p><a href=\"https:\/\/www.elturistatranquil.com\/ca\/los-prados-45-posada-de-cantabria-valles-pasiegos\/#a2005\">Propostes de sortides<\/a><\/p><p style=\"padding-left: 40px;\"><a href=\"https:\/\/www.elturistatranquil.com\/ca\/los-prados-45-posada-de-cantabria-valles-pasiegos\/#a2006\">Li\u00e9rganes<\/a><\/p><p style=\"padding-left: 40px;\"><a href=\"https:\/\/www.elturistatranquil.com\/ca\/los-prados-45-posada-de-cantabria-valles-pasiegos\/#a2007\">Els Valles Pasiegos<\/a><\/p><p style=\"padding-left: 40px;\"><a href=\"https:\/\/www.elturistatranquil.com\/ca\/los-prados-45-posada-de-cantabria-valles-pasiegos\/#a2008\">Ruta circular per la Vall del Miera, Las Machorras (Burgos) i Vall del As\u00f3n<\/a><\/p><p style=\"padding-left: 40px;\"><a href=\"https:\/\/www.elturistatranquil.com\/ca\/los-prados-45-posada-de-cantabria-valles-pasiegos\/#a2009\">Ruta circular curta de les valls del Pisue\u00f1a i del Miera<\/a><\/p><p style=\"padding-left: 40px;\"><a href=\"https:\/\/www.elturistatranquil.com\/ca\/los-prados-45-posada-de-cantabria-valles-pasiegos\/#a2010\">Parc de la Naturalesa de Cab\u00e1rceno<\/a><\/p><p style=\"padding-left: 40px;\"><a href=\"https:\/\/www.elturistatranquil.com\/ca\/los-prados-45-posada-de-cantabria-valles-pasiegos\/#a2011\">Cova de El Castillo i Cova Las Monedas (Puente Viesgo)<\/a><\/p><p style=\"padding-left: 40px;\"><a href=\"https:\/\/www.elturistatranquil.com\/ca\/los-prados-45-posada-de-cantabria-valles-pasiegos\/#a2012\">Les localitats de la costa cant\u00e0brica<\/a><\/p><p style=\"padding-left: 40px;\"><a href=\"https:\/\/www.elturistatranquil.com\/ca\/los-prados-45-posada-de-cantabria-valles-pasiegos\/#a2013\">Castro-Urdiales<\/a><\/p><p style=\"padding-left: 40px;\"><a href=\"https:\/\/www.elturistatranquil.com\/ca\/los-prados-45-posada-de-cantabria-valles-pasiegos\/#a2014\">Santander<\/a><\/p><p style=\"padding-left: 40px;\"><a href=\"https:\/\/www.elturistatranquil.com\/ca\/los-prados-45-posada-de-cantabria-valles-pasiegos\/#a2015\">Santillana del Mar i Coves de Altamira<\/a><\/p><p style=\"padding-left: 40px;\"><a href=\"https:\/\/www.elturistatranquil.com\/ca\/los-prados-45-posada-de-cantabria-valles-pasiegos\/#a2016\">Penya-segat El Bolao<\/a><\/p><p style=\"padding-left: 40px;\"><a href=\"https:\/\/www.elturistatranquil.com\/ca\/los-prados-45-posada-de-cantabria-valles-pasiegos\/#a2017\">Comillas<\/a><\/p><p style=\"padding-left: 40px;\"><a href=\"https:\/\/www.elturistatranquil.com\/ca\/los-prados-45-posada-de-cantabria-valles-pasiegos\/#a2018\">San Vicente de la Barquera<\/a><\/p><p><a href=\"https:\/\/www.elturistatranquil.com\/ca\/los-prados-45-posada-de-cantabria-valles-pasiegos\/#a2019\">Fi de la sortida: el retorn<\/a><\/p>\t\t\t\t\t\t\t\t<\/div>\n\t\t\t\t<\/div>\n\t\t\t\t\t<\/div>\n\t\t<\/div>\n\t\t\t\t\t<\/div>\n\t\t<\/section>\n\t\t\t\t<div class=\"elementor-element elementor-element-57076f66 elementor-widget elementor-widget-spacer\" data-id=\"57076f66\" data-element_type=\"widget\" data-e-type=\"widget\" data-widget_type=\"spacer.default\">\n\t\t\t\t<div class=\"elementor-widget-container\">\n\t\t\t\t\t\t\t<div class=\"elementor-spacer\">\n\t\t\t<div class=\"elementor-spacer-inner\"><\/div>\n\t\t<\/div>\n\t\t\t\t\t\t<\/div>\n\t\t\t\t<\/div>\n\t\t\t\t<div class=\"elementor-element elementor-element-38d4f018 elementor-widget elementor-widget-menu-anchor\" data-id=\"38d4f018\" data-element_type=\"widget\" data-e-type=\"widget\" data-widget_type=\"menu-anchor.default\">\n\t\t\t\t<div class=\"elementor-widget-container\">\n\t\t\t\t\t\t\t<div class=\"elementor-menu-anchor\" id=\"a2001\"><\/div>\n\t\t\t\t\t\t<\/div>\n\t\t\t\t<\/div>\n\t\t\t\t<div class=\"elementor-element elementor-element-1b5e0564 elementor-widget elementor-widget-spacer\" data-id=\"1b5e0564\" data-element_type=\"widget\" data-e-type=\"widget\" data-widget_type=\"spacer.default\">\n\t\t\t\t<div class=\"elementor-widget-container\">\n\t\t\t\t\t\t\t<div class=\"elementor-spacer\">\n\t\t\t<div class=\"elementor-spacer-inner\"><\/div>\n\t\t<\/div>\n\t\t\t\t\t\t<\/div>\n\t\t\t\t<\/div>\n\t\t\t\t<div class=\"elementor-element elementor-element-4bb08120 elementor-widget elementor-widget-heading\" data-id=\"4bb08120\" data-element_type=\"widget\" data-e-type=\"widget\" data-widget_type=\"heading.default\">\n\t\t\t\t<div class=\"elementor-widget-container\">\n\t\t\t\t\t<h2 class=\"elementor-heading-title elementor-size-default\">Los Prados 45, Posada de Cantabria, Li\u00e9rganes. Cant\u00e0bria<\/h2>\t\t\t\t<\/div>\n\t\t\t\t<\/div>\n\t\t\t\t<div class=\"elementor-element elementor-element-e70df6f elementor-widget elementor-widget-menu-anchor\" data-id=\"e70df6f\" data-element_type=\"widget\" data-e-type=\"widget\" data-widget_type=\"menu-anchor.default\">\n\t\t\t\t<div class=\"elementor-widget-container\">\n\t\t\t\t\t\t\t<div class=\"elementor-menu-anchor\" id=\"a2002\"><\/div>\n\t\t\t\t\t\t<\/div>\n\t\t\t\t<\/div>\n\t\t\t\t<div class=\"elementor-element elementor-element-5c3d3b84 elementor-widget elementor-widget-text-editor\" data-id=\"5c3d3b84\" data-element_type=\"widget\" data-e-type=\"widget\" data-widget_type=\"text-editor.default\">\n\t\t\t\t<div class=\"elementor-widget-container\">\n\t\t\t\t\t\t\t\t\t<p>Vaig plantejar una sortida a Cant\u00e0bria i allotjar-me en els <em>Valles Pasiegos<\/em>. No tenia objectius molt definits, nom\u00e9s deixar-me portar per les sensacions del moment i gaudir de l&#8217;espl\u00e8ndid paisatge muntanyenc.<\/p>\t\t\t\t\t\t\t\t<\/div>\n\t\t\t\t<\/div>\n\t\t\t\t<div class=\"elementor-element elementor-element-30a9b944 elementor-widget elementor-widget-heading\" data-id=\"30a9b944\" data-element_type=\"widget\" data-e-type=\"widget\" data-widget_type=\"heading.default\">\n\t\t\t\t<div class=\"elementor-widget-container\">\n\t\t\t\t\t<h2 class=\"elementor-heading-title elementor-size-default\">Elecci\u00f3 de l'allotjament<\/h2>\t\t\t\t<\/div>\n\t\t\t\t<\/div>\n\t\t\t\t<div class=\"elementor-element elementor-element-c19abfd elementor-widget elementor-widget-menu-anchor\" data-id=\"c19abfd\" data-element_type=\"widget\" data-e-type=\"widget\" data-widget_type=\"menu-anchor.default\">\n\t\t\t\t<div class=\"elementor-widget-container\">\n\t\t\t\t\t\t\t<div class=\"elementor-menu-anchor\" id=\"a2003\"><\/div>\n\t\t\t\t\t\t<\/div>\n\t\t\t\t<\/div>\n\t\t\t\t<div class=\"elementor-element elementor-element-d496efc elementor-widget elementor-widget-text-editor\" data-id=\"d496efc\" data-element_type=\"widget\" data-e-type=\"widget\" data-widget_type=\"text-editor.default\">\n\t\t\t\t<div class=\"elementor-widget-container\">\n\t\t\t\t\t\t\t\t\t<p>Definida la zona, els <em>Valles Pasiegos<\/em>, l&#8217;elecci\u00f3 del lloc d&#8217;allotjament va ser \u00e0rdua, ja que l&#8217;oferta \u00e9s \u00e0mplia en aquesta zona. Ens vam decidir per un allotjament reconegut com <strong>Posada de Cant\u00e0bria<\/strong>, que han de reunir els seg\u00fcents requisits: &#8220;<em>Ubicar-se en immobles on la data de construcci\u00f3 sigui anterior a 1950, amb tipologia constructiva pr\u00f2pia del medi rural, i que estiguin constru\u00efts amb pedra de cadirat, ma\u00e7oneria amb pedra del lloc, ma\u00f3 r\u00fastic, fusta o combinaci\u00f3 d&#8217;algun d&#8217;aquests, sempre que es respectin els elements arquitect\u00f2nics &#8230;.<\/em> &#8220;<\/p>\t\t\t\t\t\t\t\t<\/div>\n\t\t\t\t<\/div>\n\t\t\t\t<div class=\"elementor-element elementor-element-3a43aef elementor-widget elementor-widget-heading\" data-id=\"3a43aef\" data-element_type=\"widget\" data-e-type=\"widget\" data-widget_type=\"heading.default\">\n\t\t\t\t<div class=\"elementor-widget-container\">\n\t\t\t\t\t<h2 class=\"elementor-heading-title elementor-size-default\">L'allotjament: Los Prados 45, una Posada de Cantabria<\/h2>\t\t\t\t<\/div>\n\t\t\t\t<\/div>\n\t\t\t\t<div class=\"elementor-element elementor-element-becc5ce elementor-widget elementor-widget-text-editor\" data-id=\"becc5ce\" data-element_type=\"widget\" data-e-type=\"widget\" data-widget_type=\"text-editor.default\">\n\t\t\t\t<div class=\"elementor-widget-container\">\n\t\t\t\t\t\t\t\t\t<p><strong>Los Prados 45, Posada de Cantabria<\/strong> \u00e9s una cabana pasiega de m\u00e9s de cent anys, transformada en una acollidora Posada despr\u00e9s d&#8217;una reforma que s&#8217;ha dut a terme respectant la seva estructura, bigues i pilars. La casa est\u00e0 enclavada en una finca de nou hect\u00e0rees situada a Li\u00e9rganes.<\/p><p>A Isabel i Javier, una parella de professionals madrilenys, despr\u00e9s de repetides estades a Cant\u00e0bria, se&#8217;ls va presentar l&#8217;oportunitat d&#8217;adquirir una cabana pasiega enmig del camp a la localitat de Li\u00e9rganes. En aquest moment van decidir donar un tomb a la seva vida, que ja venien meditant, i emprendre la reestructuraci\u00f3 de la cabana per convertir-la en un hotel rural i traslladar-se a viure a ell per regentar-lo.<\/p><p>Despr\u00e9s d&#8217;una profunda i acurada restauraci\u00f3, el 2018 va obrir les seves portes <strong>Los Prados 45<\/strong>, un hotel rural de cinc habitacions, en l&#8217;espectacular territori dels Valles Pasiegos.<\/p><p>Com un s\u00edmptoma d&#8217;autenticitat i arrelament al territori van decidir posar-li per nom la simple adre\u00e7a postal: Los Prados 45.<\/p><p><strong>Los Prados 45<\/strong> reuneix amb escreix els requisits que es demanen per a ser Posada de Cant\u00e0bria, a m\u00e9s de trobar-se a\u00efllada enmig de camp, i provenir d&#8217;una aut\u00e8ntica cabana pasiega. A m\u00e9s, oferia unes vistes espl\u00e8ndides, com vam poder comprovar.<\/p><p>No disposa de restaurant, que \u00e9s un dels requisits que acostumo a considerar, per\u00f2 el comprom\u00eds que ens ajudarien a trobar i reservar restaurants a la zona de qualitat i bona atenci\u00f3 em va semblar que podia ser adequada, com igualment vam poder comprovar que es complia.<\/p><p>Javier fa d&#8217;amfitri\u00f3. Despr\u00e9s dels tr\u00e0mits d&#8217;inscripci\u00f3 de rigor, compleix amb el seu comprom\u00eds de aconsellar-nos i fer la reserva per dinar en un restaurant de la zona.<\/p><p>Sense cap pressa, ens mostra l&#8217;edifici i ens interessem per la hist\u00f2ria de l&#8217;hotel i ens comenta les perip\u00e8cies fins fer-lo realitat, mostrant-nos fotografies de l&#8217;estat inicial de l&#8217;edifici. Li demano una c\u00f2pia, que amablement em proporciona.<\/p><p>Aix\u00ed podem comprovar la perman\u00e8ncia de l&#8217;estructura de l&#8217;estable primitiu a la gran sala de recepci\u00f3 i estar, que ocupa gran part de la planta baixa.<\/p>\t\t\t\t\t\t\t\t<\/div>\n\t\t\t\t<\/div>\n\t\t\t\t<div class=\"elementor-element elementor-element-6818f769 elementor-widget elementor-widget-image\" data-id=\"6818f769\" data-element_type=\"widget\" data-e-type=\"widget\" data-widget_type=\"image.default\">\n\t\t\t\t<div class=\"elementor-widget-container\">\n\t\t\t\t\t\t\t\t\t\t\t\t<figure class=\"wp-caption\">\n\t\t\t\t\t\t\t\t\t\t<img decoding=\"async\" width=\"768\" height=\"433\" src=\"https:\/\/www.elturistatranquil.com\/wp-content\/uploads\/F03-Posada-Los-Prados-45-Cantabria.jpg\" class=\"attachment-large size-large wp-image-36805\" alt=\"Posada Los Prados 45, Cantabria\" srcset=\"https:\/\/www.elturistatranquil.com\/wp-content\/uploads\/F03-Posada-Los-Prados-45-Cantabria.jpg 768w, https:\/\/www.elturistatranquil.com\/wp-content\/uploads\/F03-Posada-Los-Prados-45-Cantabria-339x191.jpg 339w\" sizes=\"(max-width: 768px) 100vw, 768px\" \/>\t\t\t\t\t\t\t\t\t\t\t<figcaption class=\"widget-image-caption wp-caption-text\"><\/figcaption>\n\t\t\t\t\t\t\t\t\t\t<\/figure>\n\t\t\t\t\t\t\t\t\t<\/div>\n\t\t\t\t<\/div>\n\t\t\t\t<div class=\"elementor-element elementor-element-0458aa8 elementor-widget elementor-widget-image\" data-id=\"0458aa8\" data-element_type=\"widget\" data-e-type=\"widget\" data-widget_type=\"image.default\">\n\t\t\t\t<div class=\"elementor-widget-container\">\n\t\t\t\t\t\t\t\t\t\t\t\t<figure class=\"wp-caption\">\n\t\t\t\t\t\t\t\t\t\t<img loading=\"lazy\" decoding=\"async\" width=\"768\" height=\"512\" src=\"https:\/\/www.elturistatranquil.com\/wp-content\/uploads\/F04-Posada-Los-Prados-45-Cantabria.jpg\" class=\"attachment-large size-large wp-image-36807\" alt=\"Posada Los Prados 45, Cantabria\" srcset=\"https:\/\/www.elturistatranquil.com\/wp-content\/uploads\/F04-Posada-Los-Prados-45-Cantabria.jpg 768w, https:\/\/www.elturistatranquil.com\/wp-content\/uploads\/F04-Posada-Los-Prados-45-Cantabria-339x226.jpg 339w\" sizes=\"(max-width: 768px) 100vw, 768px\" \/>\t\t\t\t\t\t\t\t\t\t\t<figcaption class=\"widget-image-caption wp-caption-text\"><\/figcaption>\n\t\t\t\t\t\t\t\t\t\t<\/figure>\n\t\t\t\t\t\t\t\t\t<\/div>\n\t\t\t\t<\/div>\n\t\t\t\t<div class=\"elementor-element elementor-element-4bc4ff6 elementor-widget elementor-widget-text-editor\" data-id=\"4bc4ff6\" data-element_type=\"widget\" data-e-type=\"widget\" data-widget_type=\"text-editor.default\">\n\t\t\t\t<div class=\"elementor-widget-container\">\n\t\t\t\t\t\t\t\t\t<p>L&#8217;edifici \u00e9s una \u00e0mplia cabana d&#8217;ovelles en el vessant de la muntanya orientada a sud, situada a\u00efllada dins d&#8217;una finca de nou hect\u00e0rees.<\/p>\t\t\t\t\t\t\t\t<\/div>\n\t\t\t\t<\/div>\n\t\t\t\t<div class=\"elementor-element elementor-element-d63ea91 elementor-widget elementor-widget-image\" data-id=\"d63ea91\" data-element_type=\"widget\" data-e-type=\"widget\" data-widget_type=\"image.default\">\n\t\t\t\t<div class=\"elementor-widget-container\">\n\t\t\t\t\t\t\t\t\t\t\t\t<figure class=\"wp-caption\">\n\t\t\t\t\t\t\t\t\t\t<img loading=\"lazy\" decoding=\"async\" width=\"768\" height=\"512\" src=\"https:\/\/www.elturistatranquil.com\/wp-content\/uploads\/F05-Posada-Los-Prados-45-Cantabria-Google-earth-2021-08-24-b.jpg\" class=\"attachment-large size-large wp-image-36809\" alt=\"Posada Los Prados 45, Cantabria (Google-earth-2021-08-24)\" srcset=\"https:\/\/www.elturistatranquil.com\/wp-content\/uploads\/F05-Posada-Los-Prados-45-Cantabria-Google-earth-2021-08-24-b.jpg 768w, https:\/\/www.elturistatranquil.com\/wp-content\/uploads\/F05-Posada-Los-Prados-45-Cantabria-Google-earth-2021-08-24-b-339x226.jpg 339w\" sizes=\"(max-width: 768px) 100vw, 768px\" \/>\t\t\t\t\t\t\t\t\t\t\t<figcaption class=\"widget-image-caption wp-caption-text\">Posada Los Prados 45, Cantabria (Google-earth-2021-08-24)<\/figcaption>\n\t\t\t\t\t\t\t\t\t\t<\/figure>\n\t\t\t\t\t\t\t\t\t<\/div>\n\t\t\t\t<\/div>\n\t\t\t\t<div class=\"elementor-element elementor-element-f787659 elementor-widget elementor-widget-text-editor\" data-id=\"f787659\" data-element_type=\"widget\" data-e-type=\"widget\" data-widget_type=\"text-editor.default\">\n\t\t\t\t<div class=\"elementor-widget-container\">\n\t\t\t\t\t\t\t\t\t<p>Una edificaci\u00f3 rectangular de dues plantes i unes golfes, amb murs de ma\u00e7oneria de pedra vista amb els cantons de carreus.<\/p><p>La fa\u00e7ana de paret lateral sobre el costat curt, amb teulada a dues aig\u00fces. Presenta la t\u00edpica prolongaci\u00f3 de segle XIX de la sostrada sobre la fa\u00e7ana, que cobreix una solana de fusta que es recolza sobre els gruixuts murs laterals de pedra que avancen en all\u00f2 que en l&#8217;arquitectura popular c\u00e0ntabra s&#8217;anomenen tallafocs. A sota deixa una porxada o estragal.<\/p><p>La gran portada, amb llinda de fusta sobre pilars de carreu, responia a les funcions d&#8217;estable.<\/p>\t\t\t\t\t\t\t\t<\/div>\n\t\t\t\t<\/div>\n\t\t\t\t<div class=\"elementor-element elementor-element-7942117 elementor-widget elementor-widget-image\" data-id=\"7942117\" data-element_type=\"widget\" data-e-type=\"widget\" data-widget_type=\"image.default\">\n\t\t\t\t<div class=\"elementor-widget-container\">\n\t\t\t\t\t\t\t\t\t\t\t\t<figure class=\"wp-caption\">\n\t\t\t\t\t\t\t\t\t\t<img loading=\"lazy\" decoding=\"async\" width=\"768\" height=\"512\" src=\"https:\/\/www.elturistatranquil.com\/wp-content\/uploads\/F06-Posada-Los-Prados-45-Cantabria.jpg\" class=\"attachment-large size-large wp-image-36811\" alt=\"Posada Los Prados 45, Cantabria\" srcset=\"https:\/\/www.elturistatranquil.com\/wp-content\/uploads\/F06-Posada-Los-Prados-45-Cantabria.jpg 768w, https:\/\/www.elturistatranquil.com\/wp-content\/uploads\/F06-Posada-Los-Prados-45-Cantabria-339x226.jpg 339w\" sizes=\"(max-width: 768px) 100vw, 768px\" \/>\t\t\t\t\t\t\t\t\t\t\t<figcaption class=\"widget-image-caption wp-caption-text\"><\/figcaption>\n\t\t\t\t\t\t\t\t\t\t<\/figure>\n\t\t\t\t\t\t\t\t\t<\/div>\n\t\t\t\t<\/div>\n\t\t\t\t<div class=\"elementor-element elementor-element-2c80c8d elementor-widget elementor-widget-image\" data-id=\"2c80c8d\" data-element_type=\"widget\" data-e-type=\"widget\" data-widget_type=\"image.default\">\n\t\t\t\t<div class=\"elementor-widget-container\">\n\t\t\t\t\t\t\t\t\t\t\t\t<figure class=\"wp-caption\">\n\t\t\t\t\t\t\t\t\t\t<img loading=\"lazy\" decoding=\"async\" width=\"768\" height=\"512\" src=\"https:\/\/www.elturistatranquil.com\/wp-content\/uploads\/F07-Posada-Los-Prados-45-Cantabria.jpg\" class=\"attachment-large size-large wp-image-36813\" alt=\"Posada Los Prados 45, Cantabria\" srcset=\"https:\/\/www.elturistatranquil.com\/wp-content\/uploads\/F07-Posada-Los-Prados-45-Cantabria.jpg 768w, https:\/\/www.elturistatranquil.com\/wp-content\/uploads\/F07-Posada-Los-Prados-45-Cantabria-339x226.jpg 339w\" sizes=\"(max-width: 768px) 100vw, 768px\" \/>\t\t\t\t\t\t\t\t\t\t\t<figcaption class=\"widget-image-caption wp-caption-text\"><\/figcaption>\n\t\t\t\t\t\t\t\t\t\t<\/figure>\n\t\t\t\t\t\t\t\t\t<\/div>\n\t\t\t\t<\/div>\n\t\t\t\t<div class=\"elementor-element elementor-element-6bda03b elementor-widget elementor-widget-image\" data-id=\"6bda03b\" data-element_type=\"widget\" data-e-type=\"widget\" data-widget_type=\"image.default\">\n\t\t\t\t<div class=\"elementor-widget-container\">\n\t\t\t\t\t\t\t\t\t\t\t\t<figure class=\"wp-caption\">\n\t\t\t\t\t\t\t\t\t\t<img loading=\"lazy\" decoding=\"async\" width=\"768\" height=\"512\" src=\"https:\/\/www.elturistatranquil.com\/wp-content\/uploads\/F08-Posada-Los-Prados-45-Cantabria.jpg\" class=\"attachment-large size-large wp-image-36815\" alt=\"Posada Los Prados 45, Cantabria\" srcset=\"https:\/\/www.elturistatranquil.com\/wp-content\/uploads\/F08-Posada-Los-Prados-45-Cantabria.jpg 768w, https:\/\/www.elturistatranquil.com\/wp-content\/uploads\/F08-Posada-Los-Prados-45-Cantabria-339x226.jpg 339w\" sizes=\"(max-width: 768px) 100vw, 768px\" \/>\t\t\t\t\t\t\t\t\t\t\t<figcaption class=\"widget-image-caption wp-caption-text\"><\/figcaption>\n\t\t\t\t\t\t\t\t\t\t<\/figure>\n\t\t\t\t\t\t\t\t\t<\/div>\n\t\t\t\t<\/div>\n\t\t\t\t<div class=\"elementor-element elementor-element-423114b elementor-widget elementor-widget-text-editor\" data-id=\"423114b\" data-element_type=\"widget\" data-e-type=\"widget\" data-widget_type=\"text-editor.default\">\n\t\t\t\t<div class=\"elementor-widget-container\">\n\t\t\t\t\t\t\t\t\t<p>Una contundent campana i un encantador i tranquil\u00b7l\u00edssim gos formen part de l&#8217;entorn.<\/p>\t\t\t\t\t\t\t\t<\/div>\n\t\t\t\t<\/div>\n\t\t\t\t<section class=\"elementor-section elementor-inner-section elementor-element elementor-element-89f97e8 elementor-section-boxed elementor-section-height-default elementor-section-height-default\" data-id=\"89f97e8\" data-element_type=\"section\" data-e-type=\"section\">\n\t\t\t\t\t\t<div class=\"elementor-container elementor-column-gap-default\">\n\t\t\t\t\t<div class=\"elementor-column elementor-col-50 elementor-inner-column elementor-element elementor-element-22f8d47\" data-id=\"22f8d47\" data-element_type=\"column\" data-e-type=\"column\">\n\t\t\t<div class=\"elementor-widget-wrap elementor-element-populated\">\n\t\t\t\t\t\t<div class=\"elementor-element elementor-element-d80afc0 elementor-widget elementor-widget-image\" data-id=\"d80afc0\" data-element_type=\"widget\" data-e-type=\"widget\" data-widget_type=\"image.default\">\n\t\t\t\t<div class=\"elementor-widget-container\">\n\t\t\t\t\t\t\t\t\t\t\t\t\t\t\t<img loading=\"lazy\" decoding=\"async\" width=\"368\" height=\"368\" src=\"https:\/\/www.elturistatranquil.com\/wp-content\/uploads\/F09m-Posada-Los-Prados-45-Cantabria.jpg\" class=\"attachment-large size-large wp-image-36817\" alt=\"Posada Los Prados 45, Cantabria\" srcset=\"https:\/\/www.elturistatranquil.com\/wp-content\/uploads\/F09m-Posada-Los-Prados-45-Cantabria.jpg 368w, https:\/\/www.elturistatranquil.com\/wp-content\/uploads\/F09m-Posada-Los-Prados-45-Cantabria-226x226.jpg 226w\" sizes=\"(max-width: 368px) 100vw, 368px\" \/>\t\t\t\t\t\t\t\t\t\t\t\t\t\t\t<\/div>\n\t\t\t\t<\/div>\n\t\t\t\t\t<\/div>\n\t\t<\/div>\n\t\t\t\t<div class=\"elementor-column elementor-col-50 elementor-inner-column elementor-element elementor-element-fd19f2a\" data-id=\"fd19f2a\" data-element_type=\"column\" data-e-type=\"column\">\n\t\t\t<div class=\"elementor-widget-wrap elementor-element-populated\">\n\t\t\t\t\t\t<div class=\"elementor-element elementor-element-0647bc4 elementor-widget elementor-widget-image\" data-id=\"0647bc4\" data-element_type=\"widget\" data-e-type=\"widget\" data-widget_type=\"image.default\">\n\t\t\t\t<div class=\"elementor-widget-container\">\n\t\t\t\t\t\t\t\t\t\t\t\t\t\t\t<img loading=\"lazy\" decoding=\"async\" width=\"380\" height=\"380\" src=\"https:\/\/www.elturistatranquil.com\/wp-content\/uploads\/F09n-Posada-Los-Prados-45-Cantabria.jpg\" class=\"attachment-large size-large wp-image-36819\" alt=\"Posada Los Prados 45, Cantabria\" srcset=\"https:\/\/www.elturistatranquil.com\/wp-content\/uploads\/F09n-Posada-Los-Prados-45-Cantabria.jpg 380w, https:\/\/www.elturistatranquil.com\/wp-content\/uploads\/F09n-Posada-Los-Prados-45-Cantabria-226x226.jpg 226w\" sizes=\"(max-width: 380px) 100vw, 380px\" \/>\t\t\t\t\t\t\t\t\t\t\t\t\t\t\t<\/div>\n\t\t\t\t<\/div>\n\t\t\t\t\t<\/div>\n\t\t<\/div>\n\t\t\t\t\t<\/div>\n\t\t<\/section>\n\t\t\t\t<div class=\"elementor-element elementor-element-9108e5c elementor-widget elementor-widget-text-editor\" data-id=\"9108e5c\" data-element_type=\"widget\" data-e-type=\"widget\" data-widget_type=\"text-editor.default\">\n\t\t\t\t<div class=\"elementor-widget-container\">\n\t\t\t\t\t\t\t\t\t<p>\u00a0<\/p><p>El lloc de recepci\u00f3 s&#8217;integra amb el conjunt d&#8217;estar i distribuci\u00f3 de la planta baixa d&#8217;entrada.<\/p>\t\t\t\t\t\t\t\t<\/div>\n\t\t\t\t<\/div>\n\t\t\t\t<div class=\"elementor-element elementor-element-7eacda5 elementor-widget elementor-widget-image\" data-id=\"7eacda5\" data-element_type=\"widget\" data-e-type=\"widget\" data-widget_type=\"image.default\">\n\t\t\t\t<div class=\"elementor-widget-container\">\n\t\t\t\t\t\t\t\t\t\t\t\t<figure class=\"wp-caption\">\n\t\t\t\t\t\t\t\t\t\t<img loading=\"lazy\" decoding=\"async\" width=\"768\" height=\"512\" src=\"https:\/\/www.elturistatranquil.com\/wp-content\/uploads\/F10-Posada-Los-Prados-45-Cantabria.jpg\" class=\"attachment-large size-large wp-image-36821\" alt=\"Posada Los Prados 45, Cantabria\" srcset=\"https:\/\/www.elturistatranquil.com\/wp-content\/uploads\/F10-Posada-Los-Prados-45-Cantabria.jpg 768w, https:\/\/www.elturistatranquil.com\/wp-content\/uploads\/F10-Posada-Los-Prados-45-Cantabria-339x226.jpg 339w\" sizes=\"(max-width: 768px) 100vw, 768px\" \/>\t\t\t\t\t\t\t\t\t\t\t<figcaption class=\"widget-image-caption wp-caption-text\"><\/figcaption>\n\t\t\t\t\t\t\t\t\t\t<\/figure>\n\t\t\t\t\t\t\t\t\t<\/div>\n\t\t\t\t<\/div>\n\t\t\t\t<div class=\"elementor-element elementor-element-4719470 elementor-widget elementor-widget-text-editor\" data-id=\"4719470\" data-element_type=\"widget\" data-e-type=\"widget\" data-widget_type=\"text-editor.default\">\n\t\t\t\t<div class=\"elementor-widget-container\">\n\t\t\t\t\t\t\t\t\t<p>La planta baixa, adaptada a les necessitats actuals, mant\u00e9 el car\u00e0cter d&#8217;arquitectura tradicional, conservant tots els elements constructius originals possibles.<\/p>\t\t\t\t\t\t\t\t<\/div>\n\t\t\t\t<\/div>\n\t\t\t\t<div class=\"elementor-element elementor-element-045661c elementor-widget elementor-widget-image\" data-id=\"045661c\" data-element_type=\"widget\" data-e-type=\"widget\" data-widget_type=\"image.default\">\n\t\t\t\t<div class=\"elementor-widget-container\">\n\t\t\t\t\t\t\t\t\t\t\t\t<figure class=\"wp-caption\">\n\t\t\t\t\t\t\t\t\t\t<img loading=\"lazy\" decoding=\"async\" width=\"768\" height=\"512\" src=\"https:\/\/www.elturistatranquil.com\/wp-content\/uploads\/F04-Posada-Los-Prados-45-Cantabria.jpg\" class=\"attachment-large size-large wp-image-36807\" alt=\"Posada Los Prados 45, Cantabria\" srcset=\"https:\/\/www.elturistatranquil.com\/wp-content\/uploads\/F04-Posada-Los-Prados-45-Cantabria.jpg 768w, https:\/\/www.elturistatranquil.com\/wp-content\/uploads\/F04-Posada-Los-Prados-45-Cantabria-339x226.jpg 339w\" sizes=\"(max-width: 768px) 100vw, 768px\" \/>\t\t\t\t\t\t\t\t\t\t\t<figcaption class=\"widget-image-caption wp-caption-text\"><\/figcaption>\n\t\t\t\t\t\t\t\t\t\t<\/figure>\n\t\t\t\t\t\t\t\t\t<\/div>\n\t\t\t\t<\/div>\n\t\t\t\t<div class=\"elementor-element elementor-element-2040d1f elementor-widget elementor-widget-text-editor\" data-id=\"2040d1f\" data-element_type=\"widget\" data-e-type=\"widget\" data-widget_type=\"text-editor.default\">\n\t\t\t\t<div class=\"elementor-widget-container\">\n\t\t\t\t\t\t\t\t\t<p>Peus drets recolzats en peanya i sabates de sustentaci\u00f3 a la part superior. Els pals es prolonguen a la planta superior fins a la coberta. Per l&#8217;habitaci\u00f3 en passar\u00e0 un.<\/p>\t\t\t\t\t\t\t\t<\/div>\n\t\t\t\t<\/div>\n\t\t\t\t<section class=\"elementor-section elementor-inner-section elementor-element elementor-element-7869e15 elementor-section-boxed elementor-section-height-default elementor-section-height-default\" data-id=\"7869e15\" data-element_type=\"section\" data-e-type=\"section\">\n\t\t\t\t\t\t<div class=\"elementor-container elementor-column-gap-default\">\n\t\t\t\t\t<div class=\"elementor-column elementor-col-50 elementor-inner-column elementor-element elementor-element-b07771f\" data-id=\"b07771f\" data-element_type=\"column\" data-e-type=\"column\">\n\t\t\t<div class=\"elementor-widget-wrap elementor-element-populated\">\n\t\t\t\t\t\t<div class=\"elementor-element elementor-element-53edc26 elementor-widget elementor-widget-image\" data-id=\"53edc26\" data-element_type=\"widget\" data-e-type=\"widget\" data-widget_type=\"image.default\">\n\t\t\t\t<div class=\"elementor-widget-container\">\n\t\t\t\t\t\t\t\t\t\t\t\t\t\t\t<img loading=\"lazy\" decoding=\"async\" width=\"380\" height=\"380\" src=\"https:\/\/www.elturistatranquil.com\/wp-content\/uploads\/F12m-Posada-Los-Prados-45-Cantabria.jpg\" class=\"attachment-large size-large wp-image-36823\" alt=\"Posada Los Prados 45, Cantabria\" srcset=\"https:\/\/www.elturistatranquil.com\/wp-content\/uploads\/F12m-Posada-Los-Prados-45-Cantabria.jpg 380w, https:\/\/www.elturistatranquil.com\/wp-content\/uploads\/F12m-Posada-Los-Prados-45-Cantabria-226x226.jpg 226w\" sizes=\"(max-width: 380px) 100vw, 380px\" \/>\t\t\t\t\t\t\t\t\t\t\t\t\t\t\t<\/div>\n\t\t\t\t<\/div>\n\t\t\t\t\t<\/div>\n\t\t<\/div>\n\t\t\t\t<div class=\"elementor-column elementor-col-50 elementor-inner-column elementor-element elementor-element-d3e92c3\" data-id=\"d3e92c3\" data-element_type=\"column\" data-e-type=\"column\">\n\t\t\t<div class=\"elementor-widget-wrap elementor-element-populated\">\n\t\t\t\t\t\t<div class=\"elementor-element elementor-element-c384308 elementor-widget elementor-widget-image\" data-id=\"c384308\" data-element_type=\"widget\" data-e-type=\"widget\" data-widget_type=\"image.default\">\n\t\t\t\t<div class=\"elementor-widget-container\">\n\t\t\t\t\t\t\t\t\t\t\t\t\t\t\t<img loading=\"lazy\" decoding=\"async\" width=\"380\" height=\"380\" src=\"https:\/\/www.elturistatranquil.com\/wp-content\/uploads\/F12n-Posada-Los-Prados-45-Cantabria.jpg\" class=\"attachment-large size-large wp-image-36825\" alt=\"Posada Los Prados 45, Cantabria\" srcset=\"https:\/\/www.elturistatranquil.com\/wp-content\/uploads\/F12n-Posada-Los-Prados-45-Cantabria.jpg 380w, https:\/\/www.elturistatranquil.com\/wp-content\/uploads\/F12n-Posada-Los-Prados-45-Cantabria-226x226.jpg 226w\" sizes=\"(max-width: 380px) 100vw, 380px\" \/>\t\t\t\t\t\t\t\t\t\t\t\t\t\t\t<\/div>\n\t\t\t\t<\/div>\n\t\t\t\t\t<\/div>\n\t\t<\/div>\n\t\t\t\t\t<\/div>\n\t\t<\/section>\n\t\t\t\t<div class=\"elementor-element elementor-element-3277e8e elementor-widget elementor-widget-text-editor\" data-id=\"3277e8e\" data-element_type=\"widget\" data-e-type=\"widget\" data-widget_type=\"text-editor.default\">\n\t\t\t\t<div class=\"elementor-widget-container\">\n\t\t\t\t\t\t\t\t\t<p>\u00a0<\/p><p>A m\u00e9s de l&#8217;espai de recepci\u00f3 i de la gran escala de pujada a la planta superior, la gran sala di\u00e0fana est\u00e0 conformada per tres espais.<\/p>\t\t\t\t\t\t\t\t<\/div>\n\t\t\t\t<\/div>\n\t\t\t\t<div class=\"elementor-element elementor-element-9b1b445 elementor-widget elementor-widget-image\" data-id=\"9b1b445\" data-element_type=\"widget\" data-e-type=\"widget\" data-widget_type=\"image.default\">\n\t\t\t\t<div class=\"elementor-widget-container\">\n\t\t\t\t\t\t\t\t\t\t\t\t<figure class=\"wp-caption\">\n\t\t\t\t\t\t\t\t\t\t<img loading=\"lazy\" decoding=\"async\" width=\"768\" height=\"512\" src=\"https:\/\/www.elturistatranquil.com\/wp-content\/uploads\/F13-Posada-Los-Prados-45-Cantabria.jpg\" class=\"attachment-large size-large wp-image-36827\" alt=\"Posada Los Prados 45, Cantabria\" srcset=\"https:\/\/www.elturistatranquil.com\/wp-content\/uploads\/F13-Posada-Los-Prados-45-Cantabria.jpg 768w, https:\/\/www.elturistatranquil.com\/wp-content\/uploads\/F13-Posada-Los-Prados-45-Cantabria-339x226.jpg 339w\" sizes=\"(max-width: 768px) 100vw, 768px\" \/>\t\t\t\t\t\t\t\t\t\t\t<figcaption class=\"widget-image-caption wp-caption-text\"><\/figcaption>\n\t\t\t\t\t\t\t\t\t\t<\/figure>\n\t\t\t\t\t\t\t\t\t<\/div>\n\t\t\t\t<\/div>\n\t\t\t\t<div class=\"elementor-element elementor-element-45d802b elementor-widget elementor-widget-text-editor\" data-id=\"45d802b\" data-element_type=\"widget\" data-e-type=\"widget\" data-widget_type=\"text-editor.default\">\n\t\t\t\t<div class=\"elementor-widget-container\">\n\t\t\t\t\t\t\t\t\t<p>Una gran taula de menjador, on se serveixen els esmorzars quan el temps no permet gaudir de l&#8217;exterior.<\/p>\t\t\t\t\t\t\t\t<\/div>\n\t\t\t\t<\/div>\n\t\t\t\t<div class=\"elementor-element elementor-element-2d9931d elementor-widget elementor-widget-image\" data-id=\"2d9931d\" data-element_type=\"widget\" data-e-type=\"widget\" data-widget_type=\"image.default\">\n\t\t\t\t<div class=\"elementor-widget-container\">\n\t\t\t\t\t\t\t\t\t\t\t\t<figure class=\"wp-caption\">\n\t\t\t\t\t\t\t\t\t\t<img loading=\"lazy\" decoding=\"async\" width=\"768\" height=\"512\" src=\"https:\/\/www.elturistatranquil.com\/wp-content\/uploads\/F14-Posada-Los-Prados-45-Cantabria.jpg\" class=\"attachment-large size-large wp-image-36829\" alt=\"Posada Los Prados 45, Cantabria\" srcset=\"https:\/\/www.elturistatranquil.com\/wp-content\/uploads\/F14-Posada-Los-Prados-45-Cantabria.jpg 768w, https:\/\/www.elturistatranquil.com\/wp-content\/uploads\/F14-Posada-Los-Prados-45-Cantabria-339x226.jpg 339w\" sizes=\"(max-width: 768px) 100vw, 768px\" \/>\t\t\t\t\t\t\t\t\t\t\t<figcaption class=\"widget-image-caption wp-caption-text\"><\/figcaption>\n\t\t\t\t\t\t\t\t\t\t<\/figure>\n\t\t\t\t\t\t\t\t\t<\/div>\n\t\t\t\t<\/div>\n\t\t\t\t<div class=\"elementor-element elementor-element-e8b3a2b elementor-widget elementor-widget-text-editor\" data-id=\"e8b3a2b\" data-element_type=\"widget\" data-e-type=\"widget\" data-widget_type=\"text-editor.default\">\n\t\t\t\t<div class=\"elementor-widget-container\">\n\t\t\t\t\t\t\t\t\t<p>Un espai central de relax, conversa i lectura, amb una llar per als dies freds o plujosos.<\/p>\t\t\t\t\t\t\t\t<\/div>\n\t\t\t\t<\/div>\n\t\t\t\t<div class=\"elementor-element elementor-element-4880903 elementor-widget elementor-widget-image\" data-id=\"4880903\" data-element_type=\"widget\" data-e-type=\"widget\" data-widget_type=\"image.default\">\n\t\t\t\t<div class=\"elementor-widget-container\">\n\t\t\t\t\t\t\t\t\t\t\t\t<figure class=\"wp-caption\">\n\t\t\t\t\t\t\t\t\t\t<img loading=\"lazy\" decoding=\"async\" width=\"768\" height=\"512\" src=\"https:\/\/www.elturistatranquil.com\/wp-content\/uploads\/F15-Posada-Los-Prados-45-Cantabria.jpg\" class=\"attachment-large size-large wp-image-36831\" alt=\"Posada Los Prados 45, Cantabria\" srcset=\"https:\/\/www.elturistatranquil.com\/wp-content\/uploads\/F15-Posada-Los-Prados-45-Cantabria.jpg 768w, https:\/\/www.elturistatranquil.com\/wp-content\/uploads\/F15-Posada-Los-Prados-45-Cantabria-339x226.jpg 339w\" sizes=\"(max-width: 768px) 100vw, 768px\" \/>\t\t\t\t\t\t\t\t\t\t\t<figcaption class=\"widget-image-caption wp-caption-text\"><\/figcaption>\n\t\t\t\t\t\t\t\t\t\t<\/figure>\n\t\t\t\t\t\t\t\t\t<\/div>\n\t\t\t\t<\/div>\n\t\t\t\t<div class=\"elementor-element elementor-element-7603f04 elementor-widget elementor-widget-text-editor\" data-id=\"7603f04\" data-element_type=\"widget\" data-e-type=\"widget\" data-widget_type=\"text-editor.default\">\n\t\t\t\t<div class=\"elementor-widget-container\">\n\t\t\t\t\t\t\t\t\t<p>I un espai per a la televisi\u00f3, i intueixo que per poder organitzar jocs de taula si s&#8217;escau, tamb\u00e9 amb la seva xemeneia.<\/p><p>Per a m\u00e9s tranquil\u00b7litat i assossec, a les habitacions no s&#8217;han instal\u00b7lat televisors, cosa que jo agraeixo.<\/p>\t\t\t\t\t\t\t\t<\/div>\n\t\t\t\t<\/div>\n\t\t\t\t<div class=\"elementor-element elementor-element-0f47ef4 elementor-widget elementor-widget-image\" data-id=\"0f47ef4\" data-element_type=\"widget\" data-e-type=\"widget\" data-widget_type=\"image.default\">\n\t\t\t\t<div class=\"elementor-widget-container\">\n\t\t\t\t\t\t\t\t\t\t\t\t<figure class=\"wp-caption\">\n\t\t\t\t\t\t\t\t\t\t<img loading=\"lazy\" decoding=\"async\" width=\"768\" height=\"512\" src=\"https:\/\/www.elturistatranquil.com\/wp-content\/uploads\/F16-Posada-Los-Prados-45-Cantabria.jpg\" class=\"attachment-large size-large wp-image-36833\" alt=\"Posada Los Prados 45, Cantabria\" srcset=\"https:\/\/www.elturistatranquil.com\/wp-content\/uploads\/F16-Posada-Los-Prados-45-Cantabria.jpg 768w, https:\/\/www.elturistatranquil.com\/wp-content\/uploads\/F16-Posada-Los-Prados-45-Cantabria-339x226.jpg 339w\" sizes=\"(max-width: 768px) 100vw, 768px\" \/>\t\t\t\t\t\t\t\t\t\t\t<figcaption class=\"widget-image-caption wp-caption-text\"><\/figcaption>\n\t\t\t\t\t\t\t\t\t\t<\/figure>\n\t\t\t\t\t\t\t\t\t<\/div>\n\t\t\t\t<\/div>\n\t\t\t\t<div class=\"elementor-element elementor-element-bcc867c elementor-widget elementor-widget-text-editor\" data-id=\"bcc867c\" data-element_type=\"widget\" data-e-type=\"widget\" data-widget_type=\"text-editor.default\">\n\t\t\t\t<div class=\"elementor-widget-container\">\n\t\t\t\t\t\t\t\t\t<p>Pugem a la planta superior, en un ambient de sobrietat i eleg\u00e0ncia.<\/p>\t\t\t\t\t\t\t\t<\/div>\n\t\t\t\t<\/div>\n\t\t\t\t<div class=\"elementor-element elementor-element-033a2a6 elementor-widget elementor-widget-image\" data-id=\"033a2a6\" data-element_type=\"widget\" data-e-type=\"widget\" data-widget_type=\"image.default\">\n\t\t\t\t<div class=\"elementor-widget-container\">\n\t\t\t\t\t\t\t\t\t\t\t\t<figure class=\"wp-caption\">\n\t\t\t\t\t\t\t\t\t\t<img loading=\"lazy\" decoding=\"async\" width=\"768\" height=\"512\" src=\"https:\/\/www.elturistatranquil.com\/wp-content\/uploads\/F17-Posada-Los-Prados-45-Cantabria.jpg\" class=\"attachment-large size-large wp-image-36835\" alt=\"Posada Los Prados 45, Cantabria\" srcset=\"https:\/\/www.elturistatranquil.com\/wp-content\/uploads\/F17-Posada-Los-Prados-45-Cantabria.jpg 768w, https:\/\/www.elturistatranquil.com\/wp-content\/uploads\/F17-Posada-Los-Prados-45-Cantabria-339x226.jpg 339w\" sizes=\"(max-width: 768px) 100vw, 768px\" \/>\t\t\t\t\t\t\t\t\t\t\t<figcaption class=\"widget-image-caption wp-caption-text\"><\/figcaption>\n\t\t\t\t\t\t\t\t\t\t<\/figure>\n\t\t\t\t\t\t\t\t\t<\/div>\n\t\t\t\t<\/div>\n\t\t\t\t<div class=\"elementor-element elementor-element-affe513 elementor-widget elementor-widget-image\" data-id=\"affe513\" data-element_type=\"widget\" data-e-type=\"widget\" data-widget_type=\"image.default\">\n\t\t\t\t<div class=\"elementor-widget-container\">\n\t\t\t\t\t\t\t\t\t\t\t\t<figure class=\"wp-caption\">\n\t\t\t\t\t\t\t\t\t\t<img loading=\"lazy\" decoding=\"async\" width=\"768\" height=\"512\" src=\"https:\/\/www.elturistatranquil.com\/wp-content\/uploads\/F18-Posada-Los-Prados-45-Cantabria.jpg\" class=\"attachment-large size-large wp-image-36837\" alt=\"Posada Los Prados 45, Cantabria\" srcset=\"https:\/\/www.elturistatranquil.com\/wp-content\/uploads\/F18-Posada-Los-Prados-45-Cantabria.jpg 768w, https:\/\/www.elturistatranquil.com\/wp-content\/uploads\/F18-Posada-Los-Prados-45-Cantabria-339x226.jpg 339w\" sizes=\"(max-width: 768px) 100vw, 768px\" \/>\t\t\t\t\t\t\t\t\t\t\t<figcaption class=\"widget-image-caption wp-caption-text\"><\/figcaption>\n\t\t\t\t\t\t\t\t\t\t<\/figure>\n\t\t\t\t\t\t\t\t\t<\/div>\n\t\t\t\t<\/div>\n\t\t\t\t<div class=\"elementor-element elementor-element-19b349e elementor-widget elementor-widget-image\" data-id=\"19b349e\" data-element_type=\"widget\" data-e-type=\"widget\" data-widget_type=\"image.default\">\n\t\t\t\t<div class=\"elementor-widget-container\">\n\t\t\t\t\t\t\t\t\t\t\t\t<figure class=\"wp-caption\">\n\t\t\t\t\t\t\t\t\t\t<img loading=\"lazy\" decoding=\"async\" width=\"768\" height=\"512\" src=\"https:\/\/www.elturistatranquil.com\/wp-content\/uploads\/F19-Posada-Los-Prados-45-Cantabria.jpg\" class=\"attachment-large size-large wp-image-36842\" alt=\"Posada Los Prados 45, Cantabria\" srcset=\"https:\/\/www.elturistatranquil.com\/wp-content\/uploads\/F19-Posada-Los-Prados-45-Cantabria.jpg 768w, https:\/\/www.elturistatranquil.com\/wp-content\/uploads\/F19-Posada-Los-Prados-45-Cantabria-339x226.jpg 339w\" sizes=\"(max-width: 768px) 100vw, 768px\" \/>\t\t\t\t\t\t\t\t\t\t\t<figcaption class=\"widget-image-caption wp-caption-text\"><\/figcaption>\n\t\t\t\t\t\t\t\t\t\t<\/figure>\n\t\t\t\t\t\t\t\t\t<\/div>\n\t\t\t\t<\/div>\n\t\t\t\t<div class=\"elementor-element elementor-element-f7f45e6 elementor-widget elementor-widget-text-editor\" data-id=\"f7f45e6\" data-element_type=\"widget\" data-e-type=\"widget\" data-widget_type=\"text-editor.default\">\n\t\t\t\t<div class=\"elementor-widget-container\">\n\t\t\t\t\t\t\t\t\t<p>Amb detalls nobles.<\/p>\t\t\t\t\t\t\t\t<\/div>\n\t\t\t\t<\/div>\n\t\t\t\t<section class=\"elementor-section elementor-inner-section elementor-element elementor-element-d27bd49 elementor-section-boxed elementor-section-height-default elementor-section-height-default\" data-id=\"d27bd49\" data-element_type=\"section\" data-e-type=\"section\">\n\t\t\t\t\t\t<div class=\"elementor-container elementor-column-gap-default\">\n\t\t\t\t\t<div class=\"elementor-column elementor-col-50 elementor-inner-column elementor-element elementor-element-10fe8ea\" data-id=\"10fe8ea\" data-element_type=\"column\" data-e-type=\"column\">\n\t\t\t<div class=\"elementor-widget-wrap elementor-element-populated\">\n\t\t\t\t\t\t<div class=\"elementor-element elementor-element-edb96f9 elementor-widget elementor-widget-image\" data-id=\"edb96f9\" data-element_type=\"widget\" data-e-type=\"widget\" data-widget_type=\"image.default\">\n\t\t\t\t<div class=\"elementor-widget-container\">\n\t\t\t\t\t\t\t\t\t\t\t\t\t\t\t<img loading=\"lazy\" decoding=\"async\" width=\"380\" height=\"380\" src=\"https:\/\/www.elturistatranquil.com\/wp-content\/uploads\/F20m-Posada-Los-Prados-45-Cantabria.jpg\" class=\"attachment-large size-large wp-image-36844\" alt=\"Posada Los Prados 45, Cantabria\" srcset=\"https:\/\/www.elturistatranquil.com\/wp-content\/uploads\/F20m-Posada-Los-Prados-45-Cantabria.jpg 380w, https:\/\/www.elturistatranquil.com\/wp-content\/uploads\/F20m-Posada-Los-Prados-45-Cantabria-226x226.jpg 226w\" sizes=\"(max-width: 380px) 100vw, 380px\" \/>\t\t\t\t\t\t\t\t\t\t\t\t\t\t\t<\/div>\n\t\t\t\t<\/div>\n\t\t\t\t\t<\/div>\n\t\t<\/div>\n\t\t\t\t<div class=\"elementor-column elementor-col-50 elementor-inner-column elementor-element elementor-element-36ef31e\" data-id=\"36ef31e\" data-element_type=\"column\" data-e-type=\"column\">\n\t\t\t<div class=\"elementor-widget-wrap elementor-element-populated\">\n\t\t\t\t\t\t<div class=\"elementor-element elementor-element-89ca2ca elementor-widget elementor-widget-image\" data-id=\"89ca2ca\" data-element_type=\"widget\" data-e-type=\"widget\" data-widget_type=\"image.default\">\n\t\t\t\t<div class=\"elementor-widget-container\">\n\t\t\t\t\t\t\t\t\t\t\t\t\t\t\t<img loading=\"lazy\" decoding=\"async\" width=\"380\" height=\"380\" src=\"https:\/\/www.elturistatranquil.com\/wp-content\/uploads\/F20n-Posada-Los-Prados-45-Cantabria.jpg\" class=\"attachment-large size-large wp-image-36846\" alt=\"Posada Los Prados 45, Cantabria\" srcset=\"https:\/\/www.elturistatranquil.com\/wp-content\/uploads\/F20n-Posada-Los-Prados-45-Cantabria.jpg 380w, https:\/\/www.elturistatranquil.com\/wp-content\/uploads\/F20n-Posada-Los-Prados-45-Cantabria-226x226.jpg 226w\" sizes=\"(max-width: 380px) 100vw, 380px\" \/>\t\t\t\t\t\t\t\t\t\t\t\t\t\t\t<\/div>\n\t\t\t\t<\/div>\n\t\t\t\t\t<\/div>\n\t\t<\/div>\n\t\t\t\t\t<\/div>\n\t\t<\/section>\n\t\t\t\t<div class=\"elementor-element elementor-element-9109066 elementor-widget elementor-widget-text-editor\" data-id=\"9109066\" data-element_type=\"widget\" data-e-type=\"widget\" data-widget_type=\"text-editor.default\">\n\t\t\t\t<div class=\"elementor-widget-container\">\n\t\t\t\t\t\t\t\t\t<p>\u00a0<\/p><p>Aprecio la personalitzaci\u00f3 de l&#8217;entrada a les habitacions. Isabel i Javier van tenir l&#8217;encert de denominar-les segons l&#8217;element del paisatge m\u00e9s caracter\u00edstic que es domina des de cadascuna d&#8217;elles. A nosaltres ens van assignar la <em>Rucandio<\/em>.<\/p>\t\t\t\t\t\t\t\t<\/div>\n\t\t\t\t<\/div>\n\t\t\t\t<div class=\"elementor-element elementor-element-3ef0e32 elementor-widget elementor-widget-image\" data-id=\"3ef0e32\" data-element_type=\"widget\" data-e-type=\"widget\" data-widget_type=\"image.default\">\n\t\t\t\t<div class=\"elementor-widget-container\">\n\t\t\t\t\t\t\t\t\t\t\t\t<figure class=\"wp-caption\">\n\t\t\t\t\t\t\t\t\t\t<img loading=\"lazy\" decoding=\"async\" width=\"768\" height=\"512\" src=\"https:\/\/www.elturistatranquil.com\/wp-content\/uploads\/F21-Posada-Los-Prados-45-Cantabria.jpg\" class=\"attachment-large size-large wp-image-36848\" alt=\"Posada Los Prados 45, Cantabria\" srcset=\"https:\/\/www.elturistatranquil.com\/wp-content\/uploads\/F21-Posada-Los-Prados-45-Cantabria.jpg 768w, https:\/\/www.elturistatranquil.com\/wp-content\/uploads\/F21-Posada-Los-Prados-45-Cantabria-339x226.jpg 339w\" sizes=\"(max-width: 768px) 100vw, 768px\" \/>\t\t\t\t\t\t\t\t\t\t\t<figcaption class=\"widget-image-caption wp-caption-text\"><\/figcaption>\n\t\t\t\t\t\t\t\t\t\t<\/figure>\n\t\t\t\t\t\t\t\t\t<\/div>\n\t\t\t\t<\/div>\n\t\t\t\t<div class=\"elementor-element elementor-element-4c71970 elementor-widget elementor-widget-text-editor\" data-id=\"4c71970\" data-element_type=\"widget\" data-e-type=\"widget\" data-widget_type=\"text-editor.default\">\n\t\t\t\t<div class=\"elementor-widget-container\">\n\t\t\t\t\t\t\t\t\t<p>L&#8217;habitaci\u00f3, sota teulada, \u00e9s espaiosa i confortable, amb tocs antics i orientals discrets.<\/p>\t\t\t\t\t\t\t\t<\/div>\n\t\t\t\t<\/div>\n\t\t\t\t<div class=\"elementor-element elementor-element-915aaf5 elementor-widget elementor-widget-image\" data-id=\"915aaf5\" data-element_type=\"widget\" data-e-type=\"widget\" data-widget_type=\"image.default\">\n\t\t\t\t<div class=\"elementor-widget-container\">\n\t\t\t\t\t\t\t\t\t\t\t\t<figure class=\"wp-caption\">\n\t\t\t\t\t\t\t\t\t\t<img loading=\"lazy\" decoding=\"async\" width=\"768\" height=\"512\" src=\"https:\/\/www.elturistatranquil.com\/wp-content\/uploads\/F22-Posada-Los-Prados-45-Cantabria.jpg\" class=\"attachment-large size-large wp-image-36850\" alt=\"Posada Los Prados 45, Cantabria\" srcset=\"https:\/\/www.elturistatranquil.com\/wp-content\/uploads\/F22-Posada-Los-Prados-45-Cantabria.jpg 768w, https:\/\/www.elturistatranquil.com\/wp-content\/uploads\/F22-Posada-Los-Prados-45-Cantabria-339x226.jpg 339w\" sizes=\"(max-width: 768px) 100vw, 768px\" \/>\t\t\t\t\t\t\t\t\t\t\t<figcaption class=\"widget-image-caption wp-caption-text\"><\/figcaption>\n\t\t\t\t\t\t\t\t\t\t<\/figure>\n\t\t\t\t\t\t\t\t\t<\/div>\n\t\t\t\t<\/div>\n\t\t\t\t<div class=\"elementor-element elementor-element-3dce26a elementor-widget elementor-widget-image\" data-id=\"3dce26a\" data-element_type=\"widget\" data-e-type=\"widget\" data-widget_type=\"image.default\">\n\t\t\t\t<div class=\"elementor-widget-container\">\n\t\t\t\t\t\t\t\t\t\t\t\t<figure class=\"wp-caption\">\n\t\t\t\t\t\t\t\t\t\t<img loading=\"lazy\" decoding=\"async\" width=\"768\" height=\"512\" src=\"https:\/\/www.elturistatranquil.com\/wp-content\/uploads\/F23-Posada-Los-Prados-45-Cantabria.jpg\" class=\"attachment-large size-large wp-image-36852\" alt=\"Posada Los Prados 45, Cantabria\" srcset=\"https:\/\/www.elturistatranquil.com\/wp-content\/uploads\/F23-Posada-Los-Prados-45-Cantabria.jpg 768w, https:\/\/www.elturistatranquil.com\/wp-content\/uploads\/F23-Posada-Los-Prados-45-Cantabria-339x226.jpg 339w\" sizes=\"(max-width: 768px) 100vw, 768px\" \/>\t\t\t\t\t\t\t\t\t\t\t<figcaption class=\"widget-image-caption wp-caption-text\"><\/figcaption>\n\t\t\t\t\t\t\t\t\t\t<\/figure>\n\t\t\t\t\t\t\t\t\t<\/div>\n\t\t\t\t<\/div>\n\t\t\t\t<div class=\"elementor-element elementor-element-902c1b4 elementor-widget elementor-widget-image\" data-id=\"902c1b4\" data-element_type=\"widget\" data-e-type=\"widget\" data-widget_type=\"image.default\">\n\t\t\t\t<div class=\"elementor-widget-container\">\n\t\t\t\t\t\t\t\t\t\t\t\t<figure class=\"wp-caption\">\n\t\t\t\t\t\t\t\t\t\t<img loading=\"lazy\" decoding=\"async\" width=\"768\" height=\"512\" src=\"https:\/\/www.elturistatranquil.com\/wp-content\/uploads\/F24-Posada-Los-Prados-45-Cantabria.jpg\" class=\"attachment-large size-large wp-image-36854\" alt=\"Posada Los Prados 45, Cantabria\" srcset=\"https:\/\/www.elturistatranquil.com\/wp-content\/uploads\/F24-Posada-Los-Prados-45-Cantabria.jpg 768w, https:\/\/www.elturistatranquil.com\/wp-content\/uploads\/F24-Posada-Los-Prados-45-Cantabria-339x226.jpg 339w\" sizes=\"(max-width: 768px) 100vw, 768px\" \/>\t\t\t\t\t\t\t\t\t\t\t<figcaption class=\"widget-image-caption wp-caption-text\"><\/figcaption>\n\t\t\t\t\t\t\t\t\t\t<\/figure>\n\t\t\t\t\t\t\t\t\t<\/div>\n\t\t\t\t<\/div>\n\t\t\t\t<div class=\"elementor-element elementor-element-4fd70de elementor-widget elementor-widget-image\" data-id=\"4fd70de\" data-element_type=\"widget\" data-e-type=\"widget\" data-widget_type=\"image.default\">\n\t\t\t\t<div class=\"elementor-widget-container\">\n\t\t\t\t\t\t\t\t\t\t\t\t<figure class=\"wp-caption\">\n\t\t\t\t\t\t\t\t\t\t<img loading=\"lazy\" decoding=\"async\" width=\"768\" height=\"512\" src=\"https:\/\/www.elturistatranquil.com\/wp-content\/uploads\/F25-Posada-Los-Prados-45-Cantabria.jpg\" class=\"attachment-large size-large wp-image-36856\" alt=\"Posada Los Prados 45, Cantabria\" srcset=\"https:\/\/www.elturistatranquil.com\/wp-content\/uploads\/F25-Posada-Los-Prados-45-Cantabria.jpg 768w, https:\/\/www.elturistatranquil.com\/wp-content\/uploads\/F25-Posada-Los-Prados-45-Cantabria-339x226.jpg 339w\" sizes=\"(max-width: 768px) 100vw, 768px\" \/>\t\t\t\t\t\t\t\t\t\t\t<figcaption class=\"widget-image-caption wp-caption-text\"><\/figcaption>\n\t\t\t\t\t\t\t\t\t\t<\/figure>\n\t\t\t\t\t\t\t\t\t<\/div>\n\t\t\t\t<\/div>\n\t\t\t\t<div class=\"elementor-element elementor-element-c42aec4 elementor-widget elementor-widget-text-editor\" data-id=\"c42aec4\" data-element_type=\"widget\" data-e-type=\"widget\" data-widget_type=\"text-editor.default\">\n\t\t\t\t<div class=\"elementor-widget-container\">\n\t\t\t\t\t\t\t\t\t<p>Es visualitzen els elements estructurals, amb la prolongaci\u00f3 del peu dret de suport procedent de la planta baixa, i de la coberta.<\/p>\t\t\t\t\t\t\t\t<\/div>\n\t\t\t\t<\/div>\n\t\t\t\t<div class=\"elementor-element elementor-element-de299f0 elementor-widget elementor-widget-image\" data-id=\"de299f0\" data-element_type=\"widget\" data-e-type=\"widget\" data-widget_type=\"image.default\">\n\t\t\t\t<div class=\"elementor-widget-container\">\n\t\t\t\t\t\t\t\t\t\t\t\t<figure class=\"wp-caption\">\n\t\t\t\t\t\t\t\t\t\t<img loading=\"lazy\" decoding=\"async\" width=\"768\" height=\"512\" src=\"https:\/\/www.elturistatranquil.com\/wp-content\/uploads\/F26-Posada-Los-Prados-45-Cantabria.jpg\" class=\"attachment-large size-large wp-image-36858\" alt=\"Posada Los Prados 45, Cantabria\" srcset=\"https:\/\/www.elturistatranquil.com\/wp-content\/uploads\/F26-Posada-Los-Prados-45-Cantabria.jpg 768w, https:\/\/www.elturistatranquil.com\/wp-content\/uploads\/F26-Posada-Los-Prados-45-Cantabria-339x226.jpg 339w\" sizes=\"(max-width: 768px) 100vw, 768px\" \/>\t\t\t\t\t\t\t\t\t\t\t<figcaption class=\"widget-image-caption wp-caption-text\"><\/figcaption>\n\t\t\t\t\t\t\t\t\t\t<\/figure>\n\t\t\t\t\t\t\t\t\t<\/div>\n\t\t\t\t<\/div>\n\t\t\t\t<div class=\"elementor-element elementor-element-b6b80c3 elementor-widget elementor-widget-text-editor\" data-id=\"b6b80c3\" data-element_type=\"widget\" data-e-type=\"widget\" data-widget_type=\"text-editor.default\">\n\t\t\t\t<div class=\"elementor-widget-container\">\n\t\t\t\t\t\t\t\t\t<p>Javier ens explica que la cap\u00e7alera del llit aprofita una porta vella recuperada.<\/p>\t\t\t\t\t\t\t\t<\/div>\n\t\t\t\t<\/div>\n\t\t\t\t<div class=\"elementor-element elementor-element-5d70ab5 elementor-widget elementor-widget-image\" data-id=\"5d70ab5\" data-element_type=\"widget\" data-e-type=\"widget\" data-widget_type=\"image.default\">\n\t\t\t\t<div class=\"elementor-widget-container\">\n\t\t\t\t\t\t\t\t\t\t\t\t<figure class=\"wp-caption\">\n\t\t\t\t\t\t\t\t\t\t<img loading=\"lazy\" decoding=\"async\" width=\"768\" height=\"512\" src=\"https:\/\/www.elturistatranquil.com\/wp-content\/uploads\/F27-Posada-Los-Prados-45-Cantabria.jpg\" class=\"attachment-large size-large wp-image-36860\" alt=\"Posada Los Prados 45, Cantabria\" srcset=\"https:\/\/www.elturistatranquil.com\/wp-content\/uploads\/F27-Posada-Los-Prados-45-Cantabria.jpg 768w, https:\/\/www.elturistatranquil.com\/wp-content\/uploads\/F27-Posada-Los-Prados-45-Cantabria-339x226.jpg 339w\" sizes=\"(max-width: 768px) 100vw, 768px\" \/>\t\t\t\t\t\t\t\t\t\t\t<figcaption class=\"widget-image-caption wp-caption-text\"><\/figcaption>\n\t\t\t\t\t\t\t\t\t\t<\/figure>\n\t\t\t\t\t\t\t\t\t<\/div>\n\t\t\t\t<\/div>\n\t\t\t\t<div class=\"elementor-element elementor-element-aecd1b4 elementor-widget elementor-widget-text-editor\" data-id=\"aecd1b4\" data-element_type=\"widget\" data-e-type=\"widget\" data-widget_type=\"text-editor.default\">\n\t\t\t\t<div class=\"elementor-widget-container\">\n\t\t\t\t\t\t\t\t\t<p>Per\u00f2 el m\u00e9s destacat de l&#8217;habitaci\u00f3 s\u00f3n les vistes sobre la vall. \u00c9s indescriptible el plaer de dormir amb els porticons oberts, nom\u00e9s amb la llum de la nit, i despertar amb el quadre de la natura que s\u2019observa a per la finestra.<\/p>\t\t\t\t\t\t\t\t<\/div>\n\t\t\t\t<\/div>\n\t\t\t\t<div class=\"elementor-element elementor-element-73c9797 elementor-widget elementor-widget-image\" data-id=\"73c9797\" data-element_type=\"widget\" data-e-type=\"widget\" data-widget_type=\"image.default\">\n\t\t\t\t<div class=\"elementor-widget-container\">\n\t\t\t\t\t\t\t\t\t\t\t\t<figure class=\"wp-caption\">\n\t\t\t\t\t\t\t\t\t\t<img loading=\"lazy\" decoding=\"async\" width=\"768\" height=\"512\" src=\"https:\/\/www.elturistatranquil.com\/wp-content\/uploads\/F28-Posada-Los-Prados-45-Cantabria.jpg\" class=\"attachment-large size-large wp-image-36862\" alt=\"Posada Los Prados 45, Cantabria\" srcset=\"https:\/\/www.elturistatranquil.com\/wp-content\/uploads\/F28-Posada-Los-Prados-45-Cantabria.jpg 768w, https:\/\/www.elturistatranquil.com\/wp-content\/uploads\/F28-Posada-Los-Prados-45-Cantabria-339x226.jpg 339w\" sizes=\"(max-width: 768px) 100vw, 768px\" \/>\t\t\t\t\t\t\t\t\t\t\t<figcaption class=\"widget-image-caption wp-caption-text\"><\/figcaption>\n\t\t\t\t\t\t\t\t\t\t<\/figure>\n\t\t\t\t\t\t\t\t\t<\/div>\n\t\t\t\t<\/div>\n\t\t\t\t<div class=\"elementor-element elementor-element-a10da09 elementor-widget elementor-widget-text-editor\" data-id=\"a10da09\" data-element_type=\"widget\" data-e-type=\"widget\" data-widget_type=\"text-editor.default\">\n\t\t\t\t<div class=\"elementor-widget-container\">\n\t\t\t\t\t\t\t\t\t<p>Al fons s&#8217;aprecia la localitat de Rucandio, en la qual sobresurt l&#8217;esgl\u00e9sia parroquial de Santa Maria Magdalena.<\/p>\t\t\t\t\t\t\t\t<\/div>\n\t\t\t\t<\/div>\n\t\t\t\t<div class=\"elementor-element elementor-element-8bbb7ce elementor-widget elementor-widget-image\" data-id=\"8bbb7ce\" data-element_type=\"widget\" data-e-type=\"widget\" data-widget_type=\"image.default\">\n\t\t\t\t<div class=\"elementor-widget-container\">\n\t\t\t\t\t\t\t\t\t\t\t\t<figure class=\"wp-caption\">\n\t\t\t\t\t\t\t\t\t\t<img loading=\"lazy\" decoding=\"async\" width=\"768\" height=\"512\" src=\"https:\/\/www.elturistatranquil.com\/wp-content\/uploads\/F29-Posada-Los-Prados-45-Cantabria.jpg\" class=\"attachment-large size-large wp-image-36864\" alt=\"Posada Los Prados 45, Cantabria\" srcset=\"https:\/\/www.elturistatranquil.com\/wp-content\/uploads\/F29-Posada-Los-Prados-45-Cantabria.jpg 768w, https:\/\/www.elturistatranquil.com\/wp-content\/uploads\/F29-Posada-Los-Prados-45-Cantabria-339x226.jpg 339w\" sizes=\"(max-width: 768px) 100vw, 768px\" \/>\t\t\t\t\t\t\t\t\t\t\t<figcaption class=\"widget-image-caption wp-caption-text\"><\/figcaption>\n\t\t\t\t\t\t\t\t\t\t<\/figure>\n\t\t\t\t\t\t\t\t\t<\/div>\n\t\t\t\t<\/div>\n\t\t\t\t<div class=\"elementor-element elementor-element-c734308 elementor-widget elementor-widget-image\" data-id=\"c734308\" data-element_type=\"widget\" data-e-type=\"widget\" data-widget_type=\"image.default\">\n\t\t\t\t<div class=\"elementor-widget-container\">\n\t\t\t\t\t\t\t\t\t\t\t\t<figure class=\"wp-caption\">\n\t\t\t\t\t\t\t\t\t\t<img loading=\"lazy\" decoding=\"async\" width=\"768\" height=\"512\" src=\"https:\/\/www.elturistatranquil.com\/wp-content\/uploads\/F30-Posada-Los-Prados-45-Cantabria.jpg\" class=\"attachment-large size-large wp-image-36866\" alt=\"Posada Los Prados 45, Cantabria\" srcset=\"https:\/\/www.elturistatranquil.com\/wp-content\/uploads\/F30-Posada-Los-Prados-45-Cantabria.jpg 768w, https:\/\/www.elturistatranquil.com\/wp-content\/uploads\/F30-Posada-Los-Prados-45-Cantabria-339x226.jpg 339w\" sizes=\"(max-width: 768px) 100vw, 768px\" \/>\t\t\t\t\t\t\t\t\t\t\t<figcaption class=\"widget-image-caption wp-caption-text\"><\/figcaption>\n\t\t\t\t\t\t\t\t\t\t<\/figure>\n\t\t\t\t\t\t\t\t\t<\/div>\n\t\t\t\t<\/div>\n\t\t\t\t<div class=\"elementor-element elementor-element-77275c3 elementor-widget elementor-widget-text-editor\" data-id=\"77275c3\" data-element_type=\"widget\" data-e-type=\"widget\" data-widget_type=\"text-editor.default\">\n\t\t\t\t<div class=\"elementor-widget-container\">\n\t\t\t\t\t\t\t\t\t<p>A banda i banda de la finestra, la perspectiva del paisatge, amb les seves imatges canviants amb la meteorologia, expliquen per si soles l&#8217;encert en l&#8217;elecci\u00f3 de <strong>Los Prados 45<\/strong>.<\/p>\t\t\t\t\t\t\t\t<\/div>\n\t\t\t\t<\/div>\n\t\t\t\t<div class=\"elementor-element elementor-element-0f26906 elementor-widget elementor-widget-image\" data-id=\"0f26906\" data-element_type=\"widget\" data-e-type=\"widget\" data-widget_type=\"image.default\">\n\t\t\t\t<div class=\"elementor-widget-container\">\n\t\t\t\t\t\t\t\t\t\t\t\t<figure class=\"wp-caption\">\n\t\t\t\t\t\t\t\t\t\t<img loading=\"lazy\" decoding=\"async\" width=\"768\" height=\"512\" src=\"https:\/\/www.elturistatranquil.com\/wp-content\/uploads\/F31a-Posada-Los-Prados-45-Cantabria.jpg\" class=\"attachment-large size-large wp-image-36868\" alt=\"Posada Los Prados 45, Cantabria\" srcset=\"https:\/\/www.elturistatranquil.com\/wp-content\/uploads\/F31a-Posada-Los-Prados-45-Cantabria.jpg 768w, https:\/\/www.elturistatranquil.com\/wp-content\/uploads\/F31a-Posada-Los-Prados-45-Cantabria-339x226.jpg 339w\" sizes=\"(max-width: 768px) 100vw, 768px\" \/>\t\t\t\t\t\t\t\t\t\t\t<figcaption class=\"widget-image-caption wp-caption-text\"><\/figcaption>\n\t\t\t\t\t\t\t\t\t\t<\/figure>\n\t\t\t\t\t\t\t\t\t<\/div>\n\t\t\t\t<\/div>\n\t\t\t\t<div class=\"elementor-element elementor-element-7ab9073 elementor-widget elementor-widget-image\" data-id=\"7ab9073\" data-element_type=\"widget\" data-e-type=\"widget\" data-widget_type=\"image.default\">\n\t\t\t\t<div class=\"elementor-widget-container\">\n\t\t\t\t\t\t\t\t\t\t\t\t<figure class=\"wp-caption\">\n\t\t\t\t\t\t\t\t\t\t<img loading=\"lazy\" decoding=\"async\" width=\"768\" height=\"512\" src=\"https:\/\/www.elturistatranquil.com\/wp-content\/uploads\/F31b-Posada-Los-Prados-45-Cantabria.jpg\" class=\"attachment-large size-large wp-image-36870\" alt=\"Posada Los Prados 45, Cantabria\" srcset=\"https:\/\/www.elturistatranquil.com\/wp-content\/uploads\/F31b-Posada-Los-Prados-45-Cantabria.jpg 768w, https:\/\/www.elturistatranquil.com\/wp-content\/uploads\/F31b-Posada-Los-Prados-45-Cantabria-339x226.jpg 339w\" sizes=\"(max-width: 768px) 100vw, 768px\" \/>\t\t\t\t\t\t\t\t\t\t\t<figcaption class=\"widget-image-caption wp-caption-text\"><\/figcaption>\n\t\t\t\t\t\t\t\t\t\t<\/figure>\n\t\t\t\t\t\t\t\t\t<\/div>\n\t\t\t\t<\/div>\n\t\t\t\t<div class=\"elementor-element elementor-element-3544426 elementor-widget elementor-widget-text-editor\" data-id=\"3544426\" data-element_type=\"widget\" data-e-type=\"widget\" data-widget_type=\"text-editor.default\">\n\t\t\t\t<div class=\"elementor-widget-container\">\n\t\t\t\t\t\t\t\t\t<p>Dins el camp visual apareix una cabana sense restaurar.<\/p>\t\t\t\t\t\t\t\t<\/div>\n\t\t\t\t<\/div>\n\t\t\t\t<div class=\"elementor-element elementor-element-d21a1d4 elementor-widget elementor-widget-image\" data-id=\"d21a1d4\" data-element_type=\"widget\" data-e-type=\"widget\" data-widget_type=\"image.default\">\n\t\t\t\t<div class=\"elementor-widget-container\">\n\t\t\t\t\t\t\t\t\t\t\t\t<figure class=\"wp-caption\">\n\t\t\t\t\t\t\t\t\t\t<img loading=\"lazy\" decoding=\"async\" width=\"768\" height=\"512\" src=\"https:\/\/www.elturistatranquil.com\/wp-content\/uploads\/F32-Posada-Los-Prados-45-Cantabria.jpg\" class=\"attachment-large size-large wp-image-36872\" alt=\"Posada Los Prados 45, Cantabria\" srcset=\"https:\/\/www.elturistatranquil.com\/wp-content\/uploads\/F32-Posada-Los-Prados-45-Cantabria.jpg 768w, https:\/\/www.elturistatranquil.com\/wp-content\/uploads\/F32-Posada-Los-Prados-45-Cantabria-339x226.jpg 339w\" sizes=\"(max-width: 768px) 100vw, 768px\" \/>\t\t\t\t\t\t\t\t\t\t\t<figcaption class=\"widget-image-caption wp-caption-text\"><\/figcaption>\n\t\t\t\t\t\t\t\t\t\t<\/figure>\n\t\t\t\t\t\t\t\t\t<\/div>\n\t\t\t\t<\/div>\n\t\t\t\t<div class=\"elementor-element elementor-element-14eaaa5 elementor-widget elementor-widget-image\" data-id=\"14eaaa5\" data-element_type=\"widget\" data-e-type=\"widget\" data-widget_type=\"image.default\">\n\t\t\t\t<div class=\"elementor-widget-container\">\n\t\t\t\t\t\t\t\t\t\t\t\t<figure class=\"wp-caption\">\n\t\t\t\t\t\t\t\t\t\t<img loading=\"lazy\" decoding=\"async\" width=\"768\" height=\"512\" src=\"https:\/\/www.elturistatranquil.com\/wp-content\/uploads\/F33-Posada-Los-Prados-45-Cantabria.jpg\" class=\"attachment-large size-large wp-image-36874\" alt=\"Posada Los Prados 45, Cantabria\" srcset=\"https:\/\/www.elturistatranquil.com\/wp-content\/uploads\/F33-Posada-Los-Prados-45-Cantabria.jpg 768w, https:\/\/www.elturistatranquil.com\/wp-content\/uploads\/F33-Posada-Los-Prados-45-Cantabria-339x226.jpg 339w\" sizes=\"(max-width: 768px) 100vw, 768px\" \/>\t\t\t\t\t\t\t\t\t\t\t<figcaption class=\"widget-image-caption wp-caption-text\"><\/figcaption>\n\t\t\t\t\t\t\t\t\t\t<\/figure>\n\t\t\t\t\t\t\t\t\t<\/div>\n\t\t\t\t<\/div>\n\t\t\t\t<div class=\"elementor-element elementor-element-40a3813 elementor-widget elementor-widget-text-editor\" data-id=\"40a3813\" data-element_type=\"widget\" data-e-type=\"widget\" data-widget_type=\"text-editor.default\">\n\t\t\t\t<div class=\"elementor-widget-container\">\n\t\t\t\t\t\t\t\t\t<p>Nom\u00e9s em queda buscar la imatge exterior de les finestres de l&#8217;habitaci\u00f3, com \u00e9s el meu costum.<\/p>\t\t\t\t\t\t\t\t<\/div>\n\t\t\t\t<\/div>\n\t\t\t\t<div class=\"elementor-element elementor-element-2e1e469 elementor-widget elementor-widget-image\" data-id=\"2e1e469\" data-element_type=\"widget\" data-e-type=\"widget\" data-widget_type=\"image.default\">\n\t\t\t\t<div class=\"elementor-widget-container\">\n\t\t\t\t\t\t\t\t\t\t\t\t<figure class=\"wp-caption\">\n\t\t\t\t\t\t\t\t\t\t<img loading=\"lazy\" decoding=\"async\" width=\"768\" height=\"512\" src=\"https:\/\/www.elturistatranquil.com\/wp-content\/uploads\/F34-Posada-Los-Prados-45-Cantabria.jpg\" class=\"attachment-large size-large wp-image-36876\" alt=\"Posada Los Prados 45, Cantabria\" srcset=\"https:\/\/www.elturistatranquil.com\/wp-content\/uploads\/F34-Posada-Los-Prados-45-Cantabria.jpg 768w, https:\/\/www.elturistatranquil.com\/wp-content\/uploads\/F34-Posada-Los-Prados-45-Cantabria-339x226.jpg 339w\" sizes=\"(max-width: 768px) 100vw, 768px\" \/>\t\t\t\t\t\t\t\t\t\t\t<figcaption class=\"widget-image-caption wp-caption-text\"><\/figcaption>\n\t\t\t\t\t\t\t\t\t\t<\/figure>\n\t\t\t\t\t\t\t\t\t<\/div>\n\t\t\t\t<\/div>\n\t\t\t\t<div class=\"elementor-element elementor-element-cc918c0 elementor-widget elementor-widget-text-editor\" data-id=\"cc918c0\" data-element_type=\"widget\" data-e-type=\"widget\" data-widget_type=\"text-editor.default\">\n\t\t\t\t<div class=\"elementor-widget-container\">\n\t\t\t\t\t\t\t\t\t<p>A l&#8217;hora de l&#8217;esmorzar, com la meteorologia acompanyava, se servia a la terrassa exterior, al costat de solana.<\/p>\t\t\t\t\t\t\t\t<\/div>\n\t\t\t\t<\/div>\n\t\t\t\t<div class=\"elementor-element elementor-element-8d71b66 elementor-widget elementor-widget-image\" data-id=\"8d71b66\" data-element_type=\"widget\" data-e-type=\"widget\" data-widget_type=\"image.default\">\n\t\t\t\t<div class=\"elementor-widget-container\">\n\t\t\t\t\t\t\t\t\t\t\t\t<figure class=\"wp-caption\">\n\t\t\t\t\t\t\t\t\t\t<img loading=\"lazy\" decoding=\"async\" width=\"768\" height=\"512\" src=\"https:\/\/www.elturistatranquil.com\/wp-content\/uploads\/F35-Posada-Los-Prados-45-Cantabria.jpg\" class=\"attachment-large size-large wp-image-36878\" alt=\"Posada Los Prados 45, Cantabria\" srcset=\"https:\/\/www.elturistatranquil.com\/wp-content\/uploads\/F35-Posada-Los-Prados-45-Cantabria.jpg 768w, https:\/\/www.elturistatranquil.com\/wp-content\/uploads\/F35-Posada-Los-Prados-45-Cantabria-339x226.jpg 339w\" sizes=\"(max-width: 768px) 100vw, 768px\" \/>\t\t\t\t\t\t\t\t\t\t\t<figcaption class=\"widget-image-caption wp-caption-text\"><\/figcaption>\n\t\t\t\t\t\t\t\t\t\t<\/figure>\n\t\t\t\t\t\t\t\t\t<\/div>\n\t\t\t\t<\/div>\n\t\t\t\t<div class=\"elementor-element elementor-element-2afa73d elementor-widget elementor-widget-text-editor\" data-id=\"2afa73d\" data-element_type=\"widget\" data-e-type=\"widget\" data-widget_type=\"text-editor.default\">\n\t\t\t\t<div class=\"elementor-widget-container\">\n\t\t\t\t\t\t\t\t\t<p>Com no podia ser d&#8217;una altra manera, l&#8217;esmorzar aporta la m\u00e0xima qualitat dels ingredients, amb especial prefer\u00e8ncia pels productes locals, en els quals no podia faltar la mantega, la melmelada de mora casolana o les galetes o <em>sobaos <\/em>pasiegos.<\/p>\t\t\t\t\t\t\t\t<\/div>\n\t\t\t\t<\/div>\n\t\t\t\t<div class=\"elementor-element elementor-element-5fd5251 elementor-widget elementor-widget-image\" data-id=\"5fd5251\" data-element_type=\"widget\" data-e-type=\"widget\" data-widget_type=\"image.default\">\n\t\t\t\t<div class=\"elementor-widget-container\">\n\t\t\t\t\t\t\t\t\t\t\t\t<figure class=\"wp-caption\">\n\t\t\t\t\t\t\t\t\t\t<img loading=\"lazy\" decoding=\"async\" width=\"768\" height=\"512\" src=\"https:\/\/www.elturistatranquil.com\/wp-content\/uploads\/F36-Posada-Los-Prados-45-Cantabria.jpg\" class=\"attachment-large size-large wp-image-36880\" alt=\"Posada Los Prados 45, Cantabria\" srcset=\"https:\/\/www.elturistatranquil.com\/wp-content\/uploads\/F36-Posada-Los-Prados-45-Cantabria.jpg 768w, https:\/\/www.elturistatranquil.com\/wp-content\/uploads\/F36-Posada-Los-Prados-45-Cantabria-339x226.jpg 339w\" sizes=\"(max-width: 768px) 100vw, 768px\" \/>\t\t\t\t\t\t\t\t\t\t\t<figcaption class=\"widget-image-caption wp-caption-text\"><\/figcaption>\n\t\t\t\t\t\t\t\t\t\t<\/figure>\n\t\t\t\t\t\t\t\t\t<\/div>\n\t\t\t\t<\/div>\n\t\t\t\t<div class=\"elementor-element elementor-element-8098001 elementor-widget elementor-widget-text-editor\" data-id=\"8098001\" data-element_type=\"widget\" data-e-type=\"widget\" data-widget_type=\"text-editor.default\">\n\t\t\t\t<div class=\"elementor-widget-container\">\n\t\t\t\t\t\t\t\t\t<p>Com ja he indicat, la posada <strong>Los Prados 45<\/strong> es troba dins d&#8217;una gran finca. Una oferta que ens ofereix \u00e9s passejar-hi i, sobretot, ascendir pel prat del vessant nord fins al que han anomenat <strong>mirador<\/strong>, gaudint dels seus prats i de petits boscos de roures, castanyers, gr\u00e8vols i eucaliptus. I, sobretot, imbuir-se del paisatge natural humanitzat al llarg de segles.<\/p>\t\t\t\t\t\t\t\t<\/div>\n\t\t\t\t<\/div>\n\t\t\t\t<div class=\"elementor-element elementor-element-cdea1ab elementor-widget elementor-widget-image\" data-id=\"cdea1ab\" data-element_type=\"widget\" data-e-type=\"widget\" data-widget_type=\"image.default\">\n\t\t\t\t<div class=\"elementor-widget-container\">\n\t\t\t\t\t\t\t\t\t\t\t\t<figure class=\"wp-caption\">\n\t\t\t\t\t\t\t\t\t\t<img loading=\"lazy\" decoding=\"async\" width=\"768\" height=\"511\" src=\"https:\/\/www.elturistatranquil.com\/wp-content\/uploads\/F37-Posada-Los-Prados-45-Cantabria.jpg\" class=\"attachment-large size-large wp-image-36882\" alt=\"Posada Los Prados 45, Cantabria\" srcset=\"https:\/\/www.elturistatranquil.com\/wp-content\/uploads\/F37-Posada-Los-Prados-45-Cantabria.jpg 768w, https:\/\/www.elturistatranquil.com\/wp-content\/uploads\/F37-Posada-Los-Prados-45-Cantabria-339x226.jpg 339w\" sizes=\"(max-width: 768px) 100vw, 768px\" \/>\t\t\t\t\t\t\t\t\t\t\t<figcaption class=\"widget-image-caption wp-caption-text\"><\/figcaption>\n\t\t\t\t\t\t\t\t\t\t<\/figure>\n\t\t\t\t\t\t\t\t\t<\/div>\n\t\t\t\t<\/div>\n\t\t\t\t<div class=\"elementor-element elementor-element-7ab4501 elementor-widget elementor-widget-text-editor\" data-id=\"7ab4501\" data-element_type=\"widget\" data-e-type=\"widget\" data-widget_type=\"text-editor.default\">\n\t\t\t\t<div class=\"elementor-widget-container\">\n\t\t\t\t\t\t\t\t\t<p>A mesura que es va ascendint, amb l&#8217;altura augmenta la bellesa de les perspectives que ofereix el paisatge pasiego de la Vall del Rio Miera.<\/p><p>La senyalitzaci\u00f3 ens orienta per diversos recorreguts.<\/p>\t\t\t\t\t\t\t\t<\/div>\n\t\t\t\t<\/div>\n\t\t\t\t<section class=\"elementor-section elementor-inner-section elementor-element elementor-element-7dac5af elementor-section-boxed elementor-section-height-default elementor-section-height-default\" data-id=\"7dac5af\" data-element_type=\"section\" data-e-type=\"section\">\n\t\t\t\t\t\t<div class=\"elementor-container elementor-column-gap-default\">\n\t\t\t\t\t<div class=\"elementor-column elementor-col-50 elementor-inner-column elementor-element elementor-element-3544343\" data-id=\"3544343\" data-element_type=\"column\" data-e-type=\"column\">\n\t\t\t<div class=\"elementor-widget-wrap elementor-element-populated\">\n\t\t\t\t\t\t<div class=\"elementor-element elementor-element-d4afe47 elementor-widget elementor-widget-image\" data-id=\"d4afe47\" data-element_type=\"widget\" data-e-type=\"widget\" data-widget_type=\"image.default\">\n\t\t\t\t<div class=\"elementor-widget-container\">\n\t\t\t\t\t\t\t\t\t\t\t\t\t\t\t<img loading=\"lazy\" decoding=\"async\" width=\"380\" height=\"380\" src=\"https:\/\/www.elturistatranquil.com\/wp-content\/uploads\/F38m-Posada-Los-Prados-45-Cantabria.jpg\" class=\"attachment-large size-large wp-image-36884\" alt=\"Posada Los Prados 45, Cantabria\" srcset=\"https:\/\/www.elturistatranquil.com\/wp-content\/uploads\/F38m-Posada-Los-Prados-45-Cantabria.jpg 380w, https:\/\/www.elturistatranquil.com\/wp-content\/uploads\/F38m-Posada-Los-Prados-45-Cantabria-226x226.jpg 226w\" sizes=\"(max-width: 380px) 100vw, 380px\" \/>\t\t\t\t\t\t\t\t\t\t\t\t\t\t\t<\/div>\n\t\t\t\t<\/div>\n\t\t\t\t\t<\/div>\n\t\t<\/div>\n\t\t\t\t<div class=\"elementor-column elementor-col-50 elementor-inner-column elementor-element elementor-element-db98af2\" data-id=\"db98af2\" data-element_type=\"column\" data-e-type=\"column\">\n\t\t\t<div class=\"elementor-widget-wrap elementor-element-populated\">\n\t\t\t\t\t\t<div class=\"elementor-element elementor-element-77a462f elementor-widget elementor-widget-image\" data-id=\"77a462f\" data-element_type=\"widget\" data-e-type=\"widget\" data-widget_type=\"image.default\">\n\t\t\t\t<div class=\"elementor-widget-container\">\n\t\t\t\t\t\t\t\t\t\t\t\t\t\t\t<img loading=\"lazy\" decoding=\"async\" width=\"380\" height=\"380\" src=\"https:\/\/www.elturistatranquil.com\/wp-content\/uploads\/F38n-Posada-Los-Prados-45-Cantabria.jpg\" class=\"attachment-large size-large wp-image-36886\" alt=\"Posada Los Prados 45, Cantabria\" srcset=\"https:\/\/www.elturistatranquil.com\/wp-content\/uploads\/F38n-Posada-Los-Prados-45-Cantabria.jpg 380w, https:\/\/www.elturistatranquil.com\/wp-content\/uploads\/F38n-Posada-Los-Prados-45-Cantabria-226x226.jpg 226w\" sizes=\"(max-width: 380px) 100vw, 380px\" \/>\t\t\t\t\t\t\t\t\t\t\t\t\t\t\t<\/div>\n\t\t\t\t<\/div>\n\t\t\t\t\t<\/div>\n\t\t<\/div>\n\t\t\t\t\t<\/div>\n\t\t<\/section>\n\t\t\t\t<div class=\"elementor-element elementor-element-07264f4 elementor-widget elementor-widget-text-editor\" data-id=\"07264f4\" data-element_type=\"widget\" data-e-type=\"widget\" data-widget_type=\"text-editor.default\">\n\t\t\t\t<div class=\"elementor-widget-container\">\n\t\t\t\t\t\t\t\t\t<p>\u00a0<\/p><p>Fins arribar al l\u00edmit superior del mirador.<\/p>\t\t\t\t\t\t\t\t<\/div>\n\t\t\t\t<\/div>\n\t\t\t\t<div class=\"elementor-element elementor-element-55e8ad0 elementor-widget elementor-widget-image\" data-id=\"55e8ad0\" data-element_type=\"widget\" data-e-type=\"widget\" data-widget_type=\"image.default\">\n\t\t\t\t<div class=\"elementor-widget-container\">\n\t\t\t\t\t\t\t\t\t\t\t\t<figure class=\"wp-caption\">\n\t\t\t\t\t\t\t\t\t\t<img loading=\"lazy\" decoding=\"async\" width=\"768\" height=\"512\" src=\"https:\/\/www.elturistatranquil.com\/wp-content\/uploads\/F39-Posada-Los-Prados-45-Cantabria.jpg\" class=\"attachment-large size-large wp-image-36888\" alt=\"Posada Los Prados 45, Cantabria\" srcset=\"https:\/\/www.elturistatranquil.com\/wp-content\/uploads\/F39-Posada-Los-Prados-45-Cantabria.jpg 768w, https:\/\/www.elturistatranquil.com\/wp-content\/uploads\/F39-Posada-Los-Prados-45-Cantabria-339x226.jpg 339w\" sizes=\"(max-width: 768px) 100vw, 768px\" \/>\t\t\t\t\t\t\t\t\t\t\t<figcaption class=\"widget-image-caption wp-caption-text\"><\/figcaption>\n\t\t\t\t\t\t\t\t\t\t<\/figure>\n\t\t\t\t\t\t\t\t\t<\/div>\n\t\t\t\t<\/div>\n\t\t\t\t<div class=\"elementor-element elementor-element-c2b20c2 elementor-widget elementor-widget-text-editor\" data-id=\"c2b20c2\" data-element_type=\"widget\" data-e-type=\"widget\" data-widget_type=\"text-editor.default\">\n\t\t\t\t<div class=\"elementor-widget-container\">\n\t\t\t\t\t\t\t\t\t<p>Deixem divagar la vista per aquest paisatge que combina la natura amb la forma d&#8217;assentament hum\u00e0 lligat a l&#8217;aprofitament de les pastures per a la ramaderia, especialment ovina, al llarg dels segles.<\/p>\t\t\t\t\t\t\t\t<\/div>\n\t\t\t\t<\/div>\n\t\t\t\t<div class=\"elementor-element elementor-element-916921c elementor-widget elementor-widget-image\" data-id=\"916921c\" data-element_type=\"widget\" data-e-type=\"widget\" data-widget_type=\"image.default\">\n\t\t\t\t<div class=\"elementor-widget-container\">\n\t\t\t\t\t\t\t\t\t\t\t\t<figure class=\"wp-caption\">\n\t\t\t\t\t\t\t\t\t\t<img loading=\"lazy\" decoding=\"async\" width=\"768\" height=\"511\" src=\"https:\/\/www.elturistatranquil.com\/wp-content\/uploads\/F40-Posada-Los-Prados-45-Cantabria.jpg\" class=\"attachment-large size-large wp-image-36890\" alt=\"Posada Los Prados 45, Cantabria\" srcset=\"https:\/\/www.elturistatranquil.com\/wp-content\/uploads\/F40-Posada-Los-Prados-45-Cantabria.jpg 768w, https:\/\/www.elturistatranquil.com\/wp-content\/uploads\/F40-Posada-Los-Prados-45-Cantabria-339x226.jpg 339w\" sizes=\"(max-width: 768px) 100vw, 768px\" \/>\t\t\t\t\t\t\t\t\t\t\t<figcaption class=\"widget-image-caption wp-caption-text\"><\/figcaption>\n\t\t\t\t\t\t\t\t\t\t<\/figure>\n\t\t\t\t\t\t\t\t\t<\/div>\n\t\t\t\t<\/div>\n\t\t\t\t<div class=\"elementor-element elementor-element-190a78d elementor-widget elementor-widget-image\" data-id=\"190a78d\" data-element_type=\"widget\" data-e-type=\"widget\" data-widget_type=\"image.default\">\n\t\t\t\t<div class=\"elementor-widget-container\">\n\t\t\t\t\t\t\t\t\t\t\t\t<figure class=\"wp-caption\">\n\t\t\t\t\t\t\t\t\t\t<img loading=\"lazy\" decoding=\"async\" width=\"768\" height=\"511\" src=\"https:\/\/www.elturistatranquil.com\/wp-content\/uploads\/F41-Posada-Los-Prados-45-Cantabria.jpg\" class=\"attachment-large size-large wp-image-36892\" alt=\"Posada Los Prados 45, Cantabria\" srcset=\"https:\/\/www.elturistatranquil.com\/wp-content\/uploads\/F41-Posada-Los-Prados-45-Cantabria.jpg 768w, https:\/\/www.elturistatranquil.com\/wp-content\/uploads\/F41-Posada-Los-Prados-45-Cantabria-339x226.jpg 339w\" sizes=\"(max-width: 768px) 100vw, 768px\" \/>\t\t\t\t\t\t\t\t\t\t\t<figcaption class=\"widget-image-caption wp-caption-text\"><\/figcaption>\n\t\t\t\t\t\t\t\t\t\t<\/figure>\n\t\t\t\t\t\t\t\t\t<\/div>\n\t\t\t\t<\/div>\n\t\t\t\t<div class=\"elementor-element elementor-element-f10de1c elementor-widget elementor-widget-image\" data-id=\"f10de1c\" data-element_type=\"widget\" data-e-type=\"widget\" data-widget_type=\"image.default\">\n\t\t\t\t<div class=\"elementor-widget-container\">\n\t\t\t\t\t\t\t\t\t\t\t\t<figure class=\"wp-caption\">\n\t\t\t\t\t\t\t\t\t\t<img loading=\"lazy\" decoding=\"async\" width=\"768\" height=\"511\" src=\"https:\/\/www.elturistatranquil.com\/wp-content\/uploads\/F42-Posada-Los-Prados-45-Cantabria.jpg\" class=\"attachment-large size-large wp-image-36894\" alt=\"Posada Los Prados 45, Cantabria\" srcset=\"https:\/\/www.elturistatranquil.com\/wp-content\/uploads\/F42-Posada-Los-Prados-45-Cantabria.jpg 768w, https:\/\/www.elturistatranquil.com\/wp-content\/uploads\/F42-Posada-Los-Prados-45-Cantabria-339x226.jpg 339w\" sizes=\"(max-width: 768px) 100vw, 768px\" \/>\t\t\t\t\t\t\t\t\t\t\t<figcaption class=\"widget-image-caption wp-caption-text\"><\/figcaption>\n\t\t\t\t\t\t\t\t\t\t<\/figure>\n\t\t\t\t\t\t\t\t\t<\/div>\n\t\t\t\t<\/div>\n\t\t\t\t<div class=\"elementor-element elementor-element-fd97168 elementor-widget elementor-widget-image\" data-id=\"fd97168\" data-element_type=\"widget\" data-e-type=\"widget\" data-widget_type=\"image.default\">\n\t\t\t\t<div class=\"elementor-widget-container\">\n\t\t\t\t\t\t\t\t\t\t\t\t<figure class=\"wp-caption\">\n\t\t\t\t\t\t\t\t\t\t<img loading=\"lazy\" decoding=\"async\" width=\"768\" height=\"511\" src=\"https:\/\/www.elturistatranquil.com\/wp-content\/uploads\/F43-Posada-Los-Prados-45-Cantabria.jpg\" class=\"attachment-large size-large wp-image-36896\" alt=\"Posada Los Prados 45, Cantabria\" srcset=\"https:\/\/www.elturistatranquil.com\/wp-content\/uploads\/F43-Posada-Los-Prados-45-Cantabria.jpg 768w, https:\/\/www.elturistatranquil.com\/wp-content\/uploads\/F43-Posada-Los-Prados-45-Cantabria-339x226.jpg 339w\" sizes=\"(max-width: 768px) 100vw, 768px\" \/>\t\t\t\t\t\t\t\t\t\t\t<figcaption class=\"widget-image-caption wp-caption-text\"><\/figcaption>\n\t\t\t\t\t\t\t\t\t\t<\/figure>\n\t\t\t\t\t\t\t\t\t<\/div>\n\t\t\t\t<\/div>\n\t\t\t\t<div class=\"elementor-element elementor-element-de0bcfe elementor-widget elementor-widget-image\" data-id=\"de0bcfe\" data-element_type=\"widget\" data-e-type=\"widget\" data-widget_type=\"image.default\">\n\t\t\t\t<div class=\"elementor-widget-container\">\n\t\t\t\t\t\t\t\t\t\t\t\t<figure class=\"wp-caption\">\n\t\t\t\t\t\t\t\t\t\t<img loading=\"lazy\" decoding=\"async\" width=\"768\" height=\"512\" src=\"https:\/\/www.elturistatranquil.com\/wp-content\/uploads\/F44-Posada-Los-Prados-45-Cantabria.jpg\" class=\"attachment-large size-large wp-image-36898\" alt=\"Posada Los Prados 45, Cantabria\" srcset=\"https:\/\/www.elturistatranquil.com\/wp-content\/uploads\/F44-Posada-Los-Prados-45-Cantabria.jpg 768w, https:\/\/www.elturistatranquil.com\/wp-content\/uploads\/F44-Posada-Los-Prados-45-Cantabria-339x226.jpg 339w\" sizes=\"(max-width: 768px) 100vw, 768px\" \/>\t\t\t\t\t\t\t\t\t\t\t<figcaption class=\"widget-image-caption wp-caption-text\"><\/figcaption>\n\t\t\t\t\t\t\t\t\t\t<\/figure>\n\t\t\t\t\t\t\t\t\t<\/div>\n\t\t\t\t<\/div>\n\t\t\t\t<div class=\"elementor-element elementor-element-ca43655 elementor-widget elementor-widget-image\" data-id=\"ca43655\" data-element_type=\"widget\" data-e-type=\"widget\" data-widget_type=\"image.default\">\n\t\t\t\t<div class=\"elementor-widget-container\">\n\t\t\t\t\t\t\t\t\t\t\t\t<figure class=\"wp-caption\">\n\t\t\t\t\t\t\t\t\t\t<img loading=\"lazy\" decoding=\"async\" width=\"768\" height=\"511\" src=\"https:\/\/www.elturistatranquil.com\/wp-content\/uploads\/F45-Posada-Los-Prados-45-Cantabria.jpg\" class=\"attachment-large size-large wp-image-36900\" alt=\"Posada Los Prados 45, Cantabria\" srcset=\"https:\/\/www.elturistatranquil.com\/wp-content\/uploads\/F45-Posada-Los-Prados-45-Cantabria.jpg 768w, https:\/\/www.elturistatranquil.com\/wp-content\/uploads\/F45-Posada-Los-Prados-45-Cantabria-339x226.jpg 339w\" sizes=\"(max-width: 768px) 100vw, 768px\" \/>\t\t\t\t\t\t\t\t\t\t\t<figcaption class=\"widget-image-caption wp-caption-text\"><\/figcaption>\n\t\t\t\t\t\t\t\t\t\t<\/figure>\n\t\t\t\t\t\t\t\t\t<\/div>\n\t\t\t\t<\/div>\n\t\t\t\t<div class=\"elementor-element elementor-element-a3b909b elementor-widget elementor-widget-text-editor\" data-id=\"a3b909b\" data-element_type=\"widget\" data-e-type=\"widget\" data-widget_type=\"text-editor.default\">\n\t\t\t\t<div class=\"elementor-widget-container\">\n\t\t\t\t\t\t\t\t\t<p>En el descens puc gaudir de la perspectiva de la perfecta ubicaci\u00f3 de la posada Los Prados 45, amb el tel\u00f3 de fons de prats, boscos i muntanya.<\/p>\t\t\t\t\t\t\t\t<\/div>\n\t\t\t\t<\/div>\n\t\t\t\t<div class=\"elementor-element elementor-element-ecfb362 elementor-widget elementor-widget-image\" data-id=\"ecfb362\" data-element_type=\"widget\" data-e-type=\"widget\" data-widget_type=\"image.default\">\n\t\t\t\t<div class=\"elementor-widget-container\">\n\t\t\t\t\t\t\t\t\t\t\t\t<figure class=\"wp-caption\">\n\t\t\t\t\t\t\t\t\t\t<img loading=\"lazy\" decoding=\"async\" width=\"768\" height=\"511\" src=\"https:\/\/www.elturistatranquil.com\/wp-content\/uploads\/F46-Posada-Los-Prados-45-Cantabria.jpg\" class=\"attachment-large size-large wp-image-36902\" alt=\"Posada Los Prados 45, Cantabria\" srcset=\"https:\/\/www.elturistatranquil.com\/wp-content\/uploads\/F46-Posada-Los-Prados-45-Cantabria.jpg 768w, https:\/\/www.elturistatranquil.com\/wp-content\/uploads\/F46-Posada-Los-Prados-45-Cantabria-339x226.jpg 339w\" sizes=\"(max-width: 768px) 100vw, 768px\" \/>\t\t\t\t\t\t\t\t\t\t\t<figcaption class=\"widget-image-caption wp-caption-text\"><\/figcaption>\n\t\t\t\t\t\t\t\t\t\t<\/figure>\n\t\t\t\t\t\t\t\t\t<\/div>\n\t\t\t\t<\/div>\n\t\t\t\t<div class=\"elementor-element elementor-element-b217eff elementor-widget elementor-widget-menu-anchor\" data-id=\"b217eff\" data-element_type=\"widget\" data-e-type=\"widget\" data-widget_type=\"menu-anchor.default\">\n\t\t\t\t<div class=\"elementor-widget-container\">\n\t\t\t\t\t\t\t<div class=\"elementor-menu-anchor\" id=\"a2004\"><\/div>\n\t\t\t\t\t\t<\/div>\n\t\t\t\t<\/div>\n\t\t\t\t<div class=\"elementor-element elementor-element-b8157e9 elementor-widget elementor-widget-text-editor\" data-id=\"b8157e9\" data-element_type=\"widget\" data-e-type=\"widget\" data-widget_type=\"text-editor.default\">\n\t\t\t\t<div class=\"elementor-widget-container\">\n\t\t\t\t\t\t\t\t\t<p>No disposar de restaurant no va ser cap inconvenient, ja que l&#8217;oferta que ens va assessorar Javier per les localitats de l&#8217;entorn -Pamanes, La Cavada, Li\u00e9rganes- a pocs quil\u00f2metres per carreteres tranquil\u00b7les, ens va permetre degustar excel\u00b7lents plats de cuina variada.<\/p><p>Tot acaba, i el bo encara m\u00e9s r\u00e0pid, i hem de acomiadar-nos de la posada <strong>Los Prados 45<\/strong>. El millor que tenen aquests allotjaments familiars \u00e9s que vam arribar com a clients i marxem com a amics, si m\u00e9s no per part nostra.<\/p><p>\u00a0<\/p><p><strong>Isabel<\/strong> i <strong>Javier<\/strong> ofereixen a un temps la calidesa del tracte i la qualitat del producte, que fa que al marxar et vagis amb les ganes de tornar el m\u00e9s aviat possible.<\/p><p>De fet, t&#8217;estan oferint compartir la seva casa. Gr\u00e0cies per aix\u00f2.<\/p><p>Com sempre, aquesta \u00e9s la meva opini\u00f3 personal, lliure de cap tipus de comprom\u00eds comercial.<\/p>\t\t\t\t\t\t\t\t<\/div>\n\t\t\t\t<\/div>\n\t\t\t\t<div class=\"elementor-element elementor-element-cc67a27 elementor-widget elementor-widget-heading\" data-id=\"cc67a27\" data-element_type=\"widget\" data-e-type=\"widget\" data-widget_type=\"heading.default\">\n\t\t\t\t<div class=\"elementor-widget-container\">\n\t\t\t\t\t<h2 class=\"elementor-heading-title elementor-size-default\">El territori: Cant\u00e0bria<\/h2>\t\t\t\t<\/div>\n\t\t\t\t<\/div>\n\t\t\t\t<div class=\"elementor-element elementor-element-80be317 elementor-widget elementor-widget-text-editor\" data-id=\"80be317\" data-element_type=\"widget\" data-e-type=\"widget\" data-widget_type=\"text-editor.default\">\n\t\t\t\t<div class=\"elementor-widget-container\">\n\t\t\t\t\t\t\t\t\t<p>En aquest cas podem dir que el territori abasta tota la Comunitat Aut\u00f2noma de Cant\u00e0bria.<\/p><p>Aquesta Comunitat es troba entre el Mar Cant\u00e0bric i la part central de la Serralada Cant\u00e0brica. Al sud s&#8217;obre cap a la vall de l&#8217;Ebre, riu que neix en aquesta Comunitat.<\/p><p>L&#8217;estructura del territori es caracteritza per les curtes dist\u00e0ncies, en general inferiors a 75 km, que separen la costa, en la seva major part escarpada, de les importants altituds de la barrera muntanyosa que constitueixen la Serralada Cant\u00e0brica, gaireb\u00e9 sempre amb altituds superiors a 1.200 metres fins a superar els 2.500 metres.<\/p><p>Est\u00e0 estructura nom\u00e9s deixa una estreta franja plana (la Marina) de 10 a 15 km d&#8217;ampl\u00e0ria a la zona costanera.<\/p><p>Els rius curts i de fort pendent estructuren el territori en eixos perpendiculars a la mar.<\/p><p>El clima i l&#8217;orografia han estat factors determinants per a la vegetaci\u00f3 i el desenvolupament de l&#8217;agricultura, mentre que l&#8217;elevada pluviositat permet el domini vegetal atl\u00e0ntic.<\/p><p>A l&#8217;ascendir en altitud en curtes dist\u00e0ncies, en un context d&#8217;alta pluviositat, es produeixen contrastos anuals en els processos vegetals que van portar a un aprofitament en el trasllat estacional de la ramaderia en al\u00e7ada -trasterminancia- dins de la mateixa vall, no a dist\u00e0ncia a altres territoris , com en la transhum\u00e0ncia cl\u00e0ssica.<\/p><p>La morfologia c\u00e0rstica d&#8217;una part del territori ha perm\u00e8s la formaci\u00f3 d&#8217;importants coves, algunes de les quals s&#8217;han fet famosos per haver albergat h\u00e0bitats prehist\u00f2rics que contenen pintures i gravats paleol\u00edtics de gran import\u00e0ncia, on destaca la cova d&#8217;Altamira. La seva import\u00e0ncia ha estat reconeguda per la UNESCO al considerar l&#8217;<strong>Art Rupestre Paleol\u00edtic de la Cornisa Cant\u00e0brica<\/strong> com a Patrimoni Mundial.<\/p><p>Els ports cant\u00e0brics de Laredo, Santander i Castro Urdiales has constitu\u00eft hist\u00f2ricament els ports mar\u00edtims de Castella. La important obra del Canal de Castella dels segles XVIII i XIX tenia per finalitat apropar els cereals i llanes de la Meseta a aquests ports, per al seu comer\u00e7 internacional.<\/p>\t\t\t\t\t\t\t\t<\/div>\n\t\t\t\t<\/div>\n\t\t\t\t<div class=\"elementor-element elementor-element-56425b7 elementor-widget elementor-widget-menu-anchor\" data-id=\"56425b7\" data-element_type=\"widget\" data-e-type=\"widget\" data-widget_type=\"menu-anchor.default\">\n\t\t\t\t<div class=\"elementor-widget-container\">\n\t\t\t\t\t\t\t<div class=\"elementor-menu-anchor\" id=\"a2005\"><\/div>\n\t\t\t\t\t\t<\/div>\n\t\t\t\t<\/div>\n\t\t\t\t<div class=\"elementor-element elementor-element-b2eb8fd elementor-widget elementor-widget-heading\" data-id=\"b2eb8fd\" data-element_type=\"widget\" data-e-type=\"widget\" data-widget_type=\"heading.default\">\n\t\t\t\t<div class=\"elementor-widget-container\">\n\t\t\t\t\t<h2 class=\"elementor-heading-title elementor-size-default\">Propostes de sortides<\/h2>\t\t\t\t<\/div>\n\t\t\t\t<\/div>\n\t\t\t\t<div class=\"elementor-element elementor-element-26044df elementor-widget elementor-widget-menu-anchor\" data-id=\"26044df\" data-element_type=\"widget\" data-e-type=\"widget\" data-widget_type=\"menu-anchor.default\">\n\t\t\t\t<div class=\"elementor-widget-container\">\n\t\t\t\t\t\t\t<div class=\"elementor-menu-anchor\" id=\"a2006\"><\/div>\n\t\t\t\t\t\t<\/div>\n\t\t\t\t<\/div>\n\t\t\t\t<div class=\"elementor-element elementor-element-d876335 elementor-widget elementor-widget-text-editor\" data-id=\"d876335\" data-element_type=\"widget\" data-e-type=\"widget\" data-widget_type=\"text-editor.default\">\n\t\t\t\t<div class=\"elementor-widget-container\">\n\t\t\t\t\t\t\t\t\t<p>Aquest marc geogr\u00e0fic de contrastos ofereix innombrables possibilitats de visita, des de la costa, amb els seus penya-segats, platges i ports mar\u00edtims, a les valls que s&#8217;endinsen seguint els cursos d&#8217;erosi\u00f3 dels rius, o fins als cims de la Serralada Cant\u00e0brica central.<\/p>\t\t\t\t\t\t\t\t<\/div>\n\t\t\t\t<\/div>\n\t\t\t\t<div class=\"elementor-element elementor-element-2f9f0db2 elementor-widget elementor-widget-heading\" data-id=\"2f9f0db2\" data-element_type=\"widget\" data-e-type=\"widget\" data-widget_type=\"heading.default\">\n\t\t\t\t<div class=\"elementor-widget-container\">\n\t\t\t\t\t<h3 class=\"elementor-heading-title elementor-size-default\">Li\u00e9rganes<\/h3>\t\t\t\t<\/div>\n\t\t\t\t<\/div>\n\t\t\t\t<div class=\"elementor-element elementor-element-62506d6 elementor-widget elementor-widget-text-editor\" data-id=\"62506d6\" data-element_type=\"widget\" data-e-type=\"widget\" data-widget_type=\"text-editor.default\">\n\t\t\t\t<div class=\"elementor-widget-container\">\n\t\t\t\t\t\t\t\t\t<p>\u00c9s obligat passejar per <a href=\"https:\/\/www.turismodecantabria.com\/descubrela\/municipios\/13-lierganes\" target=\"_blank\" rel=\"noopener\"><strong>Li\u00e9rganes<\/strong><\/a>, a 2 quil\u00f2metres, catalogat com a <em>B\u00e9 d&#8217;Inter\u00e8s Cultural<\/em> (BIC) en la categoria de <em>Conjunt Hist\u00f2ric Art\u00edstic<\/em>.<\/p><p>Amb una poblaci\u00f3 de 964 habitants a la localitat i 2.407 en el conjunt del municipi (2020).<\/p><p>Del conjunt destaquen l&#8217;arquitectura civil i en concret els casalots i palaus blasonats; el pont medieval; l&#8217;esgl\u00e9sia de Sant Pere ad Vincula de segle XVII; aix\u00ed com l&#8217;edifici de la primera f\u00e0brica de canons d&#8217;Espanya.<\/p><p>Al costat de riu Miera podr\u00e0s con\u00e8ixer la <em>llegenda de l&#8217;Home Peix<\/em>.<\/p><p>Al <em>Ecomuseu Fluviarium<\/em> de la muntanya i conques fluvials pasiegas, es presenta la flora i fauna regionals amb aquaris.<\/p>\t\t\t\t\t\t\t\t<\/div>\n\t\t\t\t<\/div>\n\t\t\t\t<div class=\"elementor-element elementor-element-ba3ca46 elementor-widget elementor-widget-image\" data-id=\"ba3ca46\" data-element_type=\"widget\" data-e-type=\"widget\" data-widget_type=\"image.default\">\n\t\t\t\t<div class=\"elementor-widget-container\">\n\t\t\t\t\t\t\t\t\t\t\t\t<figure class=\"wp-caption\">\n\t\t\t\t\t\t\t\t\t\t<img loading=\"lazy\" decoding=\"async\" width=\"768\" height=\"511\" src=\"https:\/\/www.elturistatranquil.com\/wp-content\/uploads\/F47-Lierganes-Cantabria.jpg\" class=\"attachment-large size-large wp-image-36904\" alt=\"Lierganes, Cantabria\" srcset=\"https:\/\/www.elturistatranquil.com\/wp-content\/uploads\/F47-Lierganes-Cantabria.jpg 768w, https:\/\/www.elturistatranquil.com\/wp-content\/uploads\/F47-Lierganes-Cantabria-339x226.jpg 339w\" sizes=\"(max-width: 768px) 100vw, 768px\" \/>\t\t\t\t\t\t\t\t\t\t\t<figcaption class=\"widget-image-caption wp-caption-text\">Pla\u00e7a del Marqu\u00e9s de Valdecilla i Casa de los Ca\u00f1ones. Al fons el perfil muntany\u00f3s de \u201clas tetas\u201d<\/figcaption>\n\t\t\t\t\t\t\t\t\t\t<\/figure>\n\t\t\t\t\t\t\t\t\t<\/div>\n\t\t\t\t<\/div>\n\t\t\t\t<div class=\"elementor-element elementor-element-07153f4 elementor-widget elementor-widget-menu-anchor\" data-id=\"07153f4\" data-element_type=\"widget\" data-e-type=\"widget\" data-widget_type=\"menu-anchor.default\">\n\t\t\t\t<div class=\"elementor-widget-container\">\n\t\t\t\t\t\t\t<div class=\"elementor-menu-anchor\" id=\"a2007\"><\/div>\n\t\t\t\t\t\t<\/div>\n\t\t\t\t<\/div>\n\t\t\t\t<div class=\"elementor-element elementor-element-b1edeb1 elementor-widget elementor-widget-image\" data-id=\"b1edeb1\" data-element_type=\"widget\" data-e-type=\"widget\" data-widget_type=\"image.default\">\n\t\t\t\t<div class=\"elementor-widget-container\">\n\t\t\t\t\t\t\t\t\t\t\t\t<figure class=\"wp-caption\">\n\t\t\t\t\t\t\t\t\t\t<img loading=\"lazy\" decoding=\"async\" width=\"768\" height=\"511\" src=\"https:\/\/www.elturistatranquil.com\/wp-content\/uploads\/F48a-Lierganes-Cantabria.jpg\" class=\"attachment-large size-large wp-image-36906\" alt=\"Lierganes, Cantabria\" srcset=\"https:\/\/www.elturistatranquil.com\/wp-content\/uploads\/F48a-Lierganes-Cantabria.jpg 768w, https:\/\/www.elturistatranquil.com\/wp-content\/uploads\/F48a-Lierganes-Cantabria-339x226.jpg 339w\" sizes=\"(max-width: 768px) 100vw, 768px\" \/>\t\t\t\t\t\t\t\t\t\t\t<figcaption class=\"widget-image-caption wp-caption-text\">Pont Major, l'Home Peix i al fons \"las tetas\"<\/figcaption>\n\t\t\t\t\t\t\t\t\t\t<\/figure>\n\t\t\t\t\t\t\t\t\t<\/div>\n\t\t\t\t<\/div>\n\t\t\t\t<div class=\"elementor-element elementor-element-321a5f0 elementor-widget elementor-widget-heading\" data-id=\"321a5f0\" data-element_type=\"widget\" data-e-type=\"widget\" data-widget_type=\"heading.default\">\n\t\t\t\t<div class=\"elementor-widget-container\">\n\t\t\t\t\t<h3 class=\"elementor-heading-title elementor-size-default\">Els Valles Pasiegos<\/h3>\t\t\t\t<\/div>\n\t\t\t\t<\/div>\n\t\t\t\t<div class=\"elementor-element elementor-element-af4f312 elementor-widget elementor-widget-image\" data-id=\"af4f312\" data-element_type=\"widget\" data-e-type=\"widget\" data-widget_type=\"image.default\">\n\t\t\t\t<div class=\"elementor-widget-container\">\n\t\t\t\t\t\t\t\t\t\t\t\t<figure class=\"wp-caption\">\n\t\t\t\t\t\t\t\t\t\t<img loading=\"lazy\" decoding=\"async\" width=\"632\" height=\"550\" src=\"https:\/\/www.elturistatranquil.com\/wp-content\/uploads\/F48b-Valles-Pasiegos-Cantabria.jpg\" class=\"attachment-large size-large wp-image-36908\" alt=\"Valles Pasiegos, Cantabria\" srcset=\"https:\/\/www.elturistatranquil.com\/wp-content\/uploads\/F48b-Valles-Pasiegos-Cantabria.jpg 632w, https:\/\/www.elturistatranquil.com\/wp-content\/uploads\/F48b-Valles-Pasiegos-Cantabria-260x226.jpg 260w\" sizes=\"(max-width: 632px) 100vw, 632px\" \/>\t\t\t\t\t\t\t\t\t\t\t<figcaption class=\"widget-image-caption wp-caption-text\">Els tres valles pasiegos: Vall del Pas, Vall del Pisue\u00f1a i Vall del Miera<\/figcaption>\n\t\t\t\t\t\t\t\t\t\t<\/figure>\n\t\t\t\t\t\t\t\t\t<\/div>\n\t\t\t\t<\/div>\n\t\t\t\t<div class=\"elementor-element elementor-element-3b75117 elementor-widget elementor-widget-menu-anchor\" data-id=\"3b75117\" data-element_type=\"widget\" data-e-type=\"widget\" data-widget_type=\"menu-anchor.default\">\n\t\t\t\t<div class=\"elementor-widget-container\">\n\t\t\t\t\t\t\t<div class=\"elementor-menu-anchor\" id=\"a2008\"><\/div>\n\t\t\t\t\t\t<\/div>\n\t\t\t\t<\/div>\n\t\t\t\t<div class=\"elementor-element elementor-element-ca37158 elementor-widget elementor-widget-text-editor\" data-id=\"ca37158\" data-element_type=\"widget\" data-e-type=\"widget\" data-widget_type=\"text-editor.default\">\n\t\t\t\t<div class=\"elementor-widget-container\">\n\t\t\t\t\t\t\t\t\t<p>Les activitats pel territori interior central de Cant\u00e0bria als <a href=\"https:\/\/www.vallespasiegos.org\/turismo\/que-ver-y-que-hacer\" target=\"_blank\" rel=\"noopener\"><strong>Valles Pasiegos\u00a0<\/strong><\/a>s\u00f3n potencialment innombrables. Tamb\u00e9 dependr\u00e0 que el nostre inter\u00e8s sigui m\u00e9s puntual per desenvolupar activitats en intensitat sobre un punt del territori, o preferentment orientades a abastar una visi\u00f3 m\u00e9s \u00e0mplia i de conjunt d&#8217;aquests Valls.<\/p><p>En el primer sentit proposem la visita a <strong>Parc de la Naturalesa de Cab\u00e1rceno<\/strong> i a les <strong>coves en el Monte Castillo<\/strong>.<\/p><p>Per al segon, vam demanar assessorament a Javier per a moure&#8217;ns per l&#8217;interior, especialment per els <strong>Valles Pasiegos<\/strong>. Ens proposa dues rutes circulars: una Ruta circular m\u00e9s curta &#8220;dels sobaos&#8221;; i una altra m\u00e9s llarga pel port de Portillo Lunada.<\/p><p>En el moment de l&#8217;assessorament Javier us indicar\u00e0 els punts d&#8217;inter\u00e8s, paisatg\u00edstic i art\u00edstic, aix\u00ed com bons llocs on poder menjar.<\/p>\t\t\t\t\t\t\t\t<\/div>\n\t\t\t\t<\/div>\n\t\t\t\t<div class=\"elementor-element elementor-element-77f2431 elementor-widget elementor-widget-heading\" data-id=\"77f2431\" data-element_type=\"widget\" data-e-type=\"widget\" data-widget_type=\"heading.default\">\n\t\t\t\t<div class=\"elementor-widget-container\">\n\t\t\t\t\t<h3 class=\"elementor-heading-title elementor-size-default\">Ruta circular per la Vall del Miera, La Machorras (Burgos) i Vall del As\u00f3n<\/h3>\t\t\t\t<\/div>\n\t\t\t\t<\/div>\n\t\t\t\t<div class=\"elementor-element elementor-element-3c16ae7 elementor-widget elementor-widget-image\" data-id=\"3c16ae7\" data-element_type=\"widget\" data-e-type=\"widget\" data-widget_type=\"image.default\">\n\t\t\t\t<div class=\"elementor-widget-container\">\n\t\t\t\t\t\t\t\t\t\t\t\t<figure class=\"wp-caption\">\n\t\t\t\t\t\t\t\t\t\t<img loading=\"lazy\" decoding=\"async\" width=\"768\" height=\"512\" src=\"https:\/\/www.elturistatranquil.com\/wp-content\/uploads\/F49-Ruta-Valles-Pasiegos-Cantabria.jpg\" class=\"attachment-large size-large wp-image-36910\" alt=\"Ruta Valles Pasiegos, Cantabria\" srcset=\"https:\/\/www.elturistatranquil.com\/wp-content\/uploads\/F49-Ruta-Valles-Pasiegos-Cantabria.jpg 768w, https:\/\/www.elturistatranquil.com\/wp-content\/uploads\/F49-Ruta-Valles-Pasiegos-Cantabria-339x226.jpg 339w\" sizes=\"(max-width: 768px) 100vw, 768px\" \/>\t\t\t\t\t\t\t\t\t\t\t<figcaption class=\"widget-image-caption wp-caption-text\">A) Posada Los Prados 45; B) Li\u00e9rganes; C) San Roque de Riomiera; D) Portillo de Lunada; I) Las Machorras (Burgos); F) Port de la S\u00eda; G) Mirador del naixement del riu As\u00f3n; H) Arredondo; I) Port de Alisas; J) La Cavada; retorn a la Posada Los Pardos 45<\/figcaption>\n\t\t\t\t\t\t\t\t\t\t<\/figure>\n\t\t\t\t\t\t\t\t\t<\/div>\n\t\t\t\t<\/div>\n\t\t\t\t<div class=\"elementor-element elementor-element-8bb713f elementor-widget elementor-widget-text-editor\" data-id=\"8bb713f\" data-element_type=\"widget\" data-e-type=\"widget\" data-widget_type=\"text-editor.default\">\n\t\t\t\t<div class=\"elementor-widget-container\">\n\t\t\t\t\t\t\t\t\t<p>Recorregut total 97 quil\u00f2metres; 0:20 hores de recorregut sense parades.<\/p><p>En direcci\u00f3 sud seguirem tota la Vall del Riu Miera, fins al seu naixement al costat del Port de Lunada (1.350 m). \u00c9s una vall tancada d&#8217;origen glacial, per\u00f2 modificat pel Miera amb les seves aig\u00fces torrencials.<\/p><p>En aquest punt ens endinsem en els pasiegos burgalesos. El canvi de paisatge \u00e9s notable. Hem passat del vessant septentrional al vessant meridional d&#8217;aquestes muntanyes.<\/p><p>Descendim per la BU-572 que enlla\u00e7a amb la BU-570 fins al punt d&#8217;enlla\u00e7 amb la BU-571, a Las Machadas, per girar per aquesta en direcci\u00f3 nord fins al Port de la S\u00eda, que ens retorna per la CA-665 a Cant\u00e0bria.<\/p><p>Es passa pel costat del naixement de riu G\u00e1ngara i, poc despr\u00e9s el del riu As\u00f3n que seguirem fins Arredondo. El territori \u00e9s molt m\u00e9s obert. De Arredondo, pel port de Allises, tornem a la Posada.<\/p><p>El contrast de paisatges ser\u00e0 un element definitori d&#8217;aquest recorregut. Sent impactant el de la Vall de Miera.<\/p><p>La ll\u00e0stima \u00e9s que l&#8217;estretor de la carretera i l&#8217;abs\u00e8ncia de miradors fa molt dif\u00edcil aturar-se per poder contemplar la grandesa del paisatge.<\/p><p>Per als amants del senderisme \u00e9s un recorregut ple d&#8217;oportunitats.<\/p>\t\t\t\t\t\t\t\t<\/div>\n\t\t\t\t<\/div>\n\t\t\t\t<div class=\"elementor-element elementor-element-c19337a elementor-widget elementor-widget-image\" data-id=\"c19337a\" data-element_type=\"widget\" data-e-type=\"widget\" data-widget_type=\"image.default\">\n\t\t\t\t<div class=\"elementor-widget-container\">\n\t\t\t\t\t\t\t\t\t\t\t\t<figure class=\"wp-caption\">\n\t\t\t\t\t\t\t\t\t\t<img loading=\"lazy\" decoding=\"async\" width=\"768\" height=\"512\" src=\"https:\/\/www.elturistatranquil.com\/wp-content\/uploads\/F50-Valle-del-Miera-Cantabria.jpg\" class=\"attachment-large size-large wp-image-36914\" alt=\"Valle del Miera, Cantabria\" srcset=\"https:\/\/www.elturistatranquil.com\/wp-content\/uploads\/F50-Valle-del-Miera-Cantabria.jpg 768w, https:\/\/www.elturistatranquil.com\/wp-content\/uploads\/F50-Valle-del-Miera-Cantabria-339x226.jpg 339w\" sizes=\"(max-width: 768px) 100vw, 768px\" \/>\t\t\t\t\t\t\t\t\t\t\t<figcaption class=\"widget-image-caption wp-caption-text\">Cap glaciar de la Vall del Miera<\/figcaption>\n\t\t\t\t\t\t\t\t\t\t<\/figure>\n\t\t\t\t\t\t\t\t\t<\/div>\n\t\t\t\t<\/div>\n\t\t\t\t<div class=\"elementor-element elementor-element-b9289f0 elementor-widget elementor-widget-menu-anchor\" data-id=\"b9289f0\" data-element_type=\"widget\" data-e-type=\"widget\" data-widget_type=\"menu-anchor.default\">\n\t\t\t\t<div class=\"elementor-widget-container\">\n\t\t\t\t\t\t\t<div class=\"elementor-menu-anchor\" id=\"a2009\"><\/div>\n\t\t\t\t\t\t<\/div>\n\t\t\t\t<\/div>\n\t\t\t\t<div class=\"elementor-element elementor-element-da50dc3 elementor-widget elementor-widget-image\" data-id=\"da50dc3\" data-element_type=\"widget\" data-e-type=\"widget\" data-widget_type=\"image.default\">\n\t\t\t\t<div class=\"elementor-widget-container\">\n\t\t\t\t\t\t\t\t\t\t\t\t<figure class=\"wp-caption\">\n\t\t\t\t\t\t\t\t\t\t<img loading=\"lazy\" decoding=\"async\" width=\"768\" height=\"511\" src=\"https:\/\/www.elturistatranquil.com\/wp-content\/uploads\/F51-Nacimiento-del-rio-Ason-Cantabria.jpg\" class=\"attachment-large size-large wp-image-36916\" alt=\"Nacimiento del rio Ason, Cantabria\" srcset=\"https:\/\/www.elturistatranquil.com\/wp-content\/uploads\/F51-Nacimiento-del-rio-Ason-Cantabria.jpg 768w, https:\/\/www.elturistatranquil.com\/wp-content\/uploads\/F51-Nacimiento-del-rio-Ason-Cantabria-339x226.jpg 339w\" sizes=\"(max-width: 768px) 100vw, 768px\" \/>\t\t\t\t\t\t\t\t\t\t\t<figcaption class=\"widget-image-caption wp-caption-text\">Naixement del riu As\u00f3n (en el moment de la fotografia amb un esc\u00e0s flux d'aigua)<\/figcaption>\n\t\t\t\t\t\t\t\t\t\t<\/figure>\n\t\t\t\t\t\t\t\t\t<\/div>\n\t\t\t\t<\/div>\n\t\t\t\t<div class=\"elementor-element elementor-element-6125150 elementor-widget elementor-widget-heading\" data-id=\"6125150\" data-element_type=\"widget\" data-e-type=\"widget\" data-widget_type=\"heading.default\">\n\t\t\t\t<div class=\"elementor-widget-container\">\n\t\t\t\t\t<h3 class=\"elementor-heading-title elementor-size-default\">Ruta circular curta de les valls del Pisue\u00f1a i del Miera<\/h3>\t\t\t\t<\/div>\n\t\t\t\t<\/div>\n\t\t\t\t<div class=\"elementor-element elementor-element-411b720 elementor-widget elementor-widget-image\" data-id=\"411b720\" data-element_type=\"widget\" data-e-type=\"widget\" data-widget_type=\"image.default\">\n\t\t\t\t<div class=\"elementor-widget-container\">\n\t\t\t\t\t\t\t\t\t\t\t\t<figure class=\"wp-caption\">\n\t\t\t\t\t\t\t\t\t\t<img loading=\"lazy\" decoding=\"async\" width=\"768\" height=\"511\" src=\"https:\/\/www.elturistatranquil.com\/wp-content\/uploads\/F52-Ruta-Valles-Pasiegos-Cantabria.jpg\" class=\"attachment-large size-large wp-image-36918\" alt=\"Ruta Valles Pasiegos, Cantabria\" srcset=\"https:\/\/www.elturistatranquil.com\/wp-content\/uploads\/F52-Ruta-Valles-Pasiegos-Cantabria.jpg 768w, https:\/\/www.elturistatranquil.com\/wp-content\/uploads\/F52-Ruta-Valles-Pasiegos-Cantabria-339x226.jpg 339w\" sizes=\"(max-width: 768px) 100vw, 768px\" \/>\t\t\t\t\t\t\t\t\t\t\t<figcaption class=\"widget-image-caption wp-caption-text\">A) Posada Los Prados 45; B) Li\u00e9rganes; C) Santa Mar\u00f1ia de Cay\u00f3n; D) Villacarriedo; I) Selaya; F) Alt del Caracol; G) San Roque de Riomiera; retorn a la Posada Los Pardos 45<\/figcaption>\n\t\t\t\t\t\t\t\t\t\t<\/figure>\n\t\t\t\t\t\t\t\t\t<\/div>\n\t\t\t\t<\/div>\n\t\t\t\t<div class=\"elementor-element elementor-element-e70564c elementor-widget elementor-widget-menu-anchor\" data-id=\"e70564c\" data-element_type=\"widget\" data-e-type=\"widget\" data-widget_type=\"menu-anchor.default\">\n\t\t\t\t<div class=\"elementor-widget-container\">\n\t\t\t\t\t\t\t<div class=\"elementor-menu-anchor\" id=\"a2010\"><\/div>\n\t\t\t\t\t\t<\/div>\n\t\t\t\t<\/div>\n\t\t\t\t<div class=\"elementor-element elementor-element-5949e62 elementor-widget elementor-widget-text-editor\" data-id=\"5949e62\" data-element_type=\"widget\" data-e-type=\"widget\" data-widget_type=\"text-editor.default\">\n\t\t\t\t<div class=\"elementor-widget-container\">\n\t\t\t\t\t\t\t\t\t<p>Recorregut total 68 quil\u00f2metres; 1:20 hores de recorregut sense parades.<\/p><p>Cap a l&#8217;oest per Li\u00e9rganes fins a Santa Mar\u00eda de Cay\u00f3n, Villacarriedo, Selaya (on es fabriquen els sobaos pasiegos), San Roque de Riomiera i, seguint el curs de riu Miera tornar a Li\u00e9rganes i Los Prados 45.<\/p><p>Aquesta ruta va quedar per a una altra ocasi\u00f3. Per sort, els sobaos es poden comprar per tot arreu.<\/p>\t\t\t\t\t\t\t\t<\/div>\n\t\t\t\t<\/div>\n\t\t\t\t<div class=\"elementor-element elementor-element-2371222 elementor-widget elementor-widget-heading\" data-id=\"2371222\" data-element_type=\"widget\" data-e-type=\"widget\" data-widget_type=\"heading.default\">\n\t\t\t\t<div class=\"elementor-widget-container\">\n\t\t\t\t\t<h3 class=\"elementor-heading-title elementor-size-default\">Parc de la Natura de Cab\u00e1rceno<\/h3>\t\t\t\t<\/div>\n\t\t\t\t<\/div>\n\t\t\t\t<div class=\"elementor-element elementor-element-d935470 elementor-widget elementor-widget-menu-anchor\" data-id=\"d935470\" data-element_type=\"widget\" data-e-type=\"widget\" data-widget_type=\"menu-anchor.default\">\n\t\t\t\t<div class=\"elementor-widget-container\">\n\t\t\t\t\t\t\t<div class=\"elementor-menu-anchor\" id=\"a2011\"><\/div>\n\t\t\t\t\t\t<\/div>\n\t\t\t\t<\/div>\n\t\t\t\t<div class=\"elementor-element elementor-element-6fed75c elementor-widget elementor-widget-text-editor\" data-id=\"6fed75c\" data-element_type=\"widget\" data-e-type=\"widget\" data-widget_type=\"text-editor.default\">\n\t\t\t\t<div class=\"elementor-widget-container\">\n\t\t\t\t\t\t\t\t\t<p>A 15 quil\u00f2metres, per als amants de la natura i els animals el <a href=\"https:\/\/www.parquedecabarceno.com\/info\/informacion-del-parque\" target=\"_blank\" rel=\"noopener\"><strong>Parque de la Naturaleza de Cab\u00e1rceno<\/strong><\/a>.<\/p><p>Acull a gaireb\u00e9 120 esp\u00e8cies animals dels cinc continents que viuen en r\u00e8gim de semi llibertat, distribu\u00efts en recintes de grans superf\u00edcies on coexisteixen una o diverses esp\u00e8cies.<\/p><p>\u00c9s un espai naturalitzat per la m\u00e0 de l&#8217;home, a partir de la bellesa primitiva del seu paisatge c\u00e0rstic, sobre les 750 ha d&#8217;una antiga explotaci\u00f3 minera a cel obert.<\/p>\t\t\t\t\t\t\t\t<\/div>\n\t\t\t\t<\/div>\n\t\t\t\t<div class=\"elementor-element elementor-element-daa9cbe elementor-widget elementor-widget-heading\" data-id=\"daa9cbe\" data-element_type=\"widget\" data-e-type=\"widget\" data-widget_type=\"heading.default\">\n\t\t\t\t<div class=\"elementor-widget-container\">\n\t\t\t\t\t<h3 class=\"elementor-heading-title elementor-size-default\">Cova de El Castillo i Cova Las Monedas (Puente Viesgo)<\/h3>\t\t\t\t<\/div>\n\t\t\t\t<\/div>\n\t\t\t\t<div class=\"elementor-element elementor-element-b39b804 elementor-widget elementor-widget-menu-anchor\" data-id=\"b39b804\" data-element_type=\"widget\" data-e-type=\"widget\" data-widget_type=\"menu-anchor.default\">\n\t\t\t\t<div class=\"elementor-widget-container\">\n\t\t\t\t\t\t\t<div class=\"elementor-menu-anchor\" id=\"a2012\"><\/div>\n\t\t\t\t\t\t<\/div>\n\t\t\t\t<\/div>\n\t\t\t\t<div class=\"elementor-element elementor-element-ece6568 elementor-widget elementor-widget-text-editor\" data-id=\"ece6568\" data-element_type=\"widget\" data-e-type=\"widget\" data-widget_type=\"text-editor.default\">\n\t\t\t\t<div class=\"elementor-widget-container\">\n\t\t\t\t\t\t\t\t\t<p>A 30 quil\u00f2metres, en Puente Viesgo, es troba un dels conjunts de coves m\u00e9s importants d\u2019<em>Art Rupestre Paleol\u00edtic de la Cornisa Cant\u00e0brica<\/em>, catalogades com a Patrimoni Mundial per la UNESCO.<\/p><p>Es tracta de quatre <strong><a href=\"https:\/\/cuevas.culturadecantabria.com\/el-castillo\/\" target=\"_blank\" rel=\"noopener\">Cuevas en el Monte Castillo\u00a0<\/a><\/strong>-El Castillo, Las Chimeneas, Las Monedas y La Pasiega-. S\u00f3n visitables les coves de El Castillo i de Las Monedas.<\/p><p>L&#8217;\u00fanic problema \u00e9s que s&#8217;ha de fer la reserva amb molta antelaci\u00f3 al tel\u00e8fon 942.598.425 o en <a href=\"https:\/\/cuevas.culturadecantabria.com\/reservas\/\" target=\"_blank\" rel=\"noopener\">entradas online<\/a>.\u00a0Ho dic perqu\u00e8 volia visitar la cova El Castillo i no em va ser possible.<\/p>\t\t\t\t\t\t\t\t<\/div>\n\t\t\t\t<\/div>\n\t\t\t\t<div class=\"elementor-element elementor-element-09264f0 elementor-widget elementor-widget-heading\" data-id=\"09264f0\" data-element_type=\"widget\" data-e-type=\"widget\" data-widget_type=\"heading.default\">\n\t\t\t\t<div class=\"elementor-widget-container\">\n\t\t\t\t\t<h3 class=\"elementor-heading-title elementor-size-default\">Les localitats de la costa cant\u00e0brica<\/h3>\t\t\t\t<\/div>\n\t\t\t\t<\/div>\n\t\t\t\t<div class=\"elementor-element elementor-element-7bd5aa7 elementor-widget elementor-widget-menu-anchor\" data-id=\"7bd5aa7\" data-element_type=\"widget\" data-e-type=\"widget\" data-widget_type=\"menu-anchor.default\">\n\t\t\t\t<div class=\"elementor-widget-container\">\n\t\t\t\t\t\t\t<div class=\"elementor-menu-anchor\" id=\"a2013\"><\/div>\n\t\t\t\t\t\t<\/div>\n\t\t\t\t<\/div>\n\t\t\t\t<div class=\"elementor-element elementor-element-c0a8cb9 elementor-widget elementor-widget-text-editor\" data-id=\"c0a8cb9\" data-element_type=\"widget\" data-e-type=\"widget\" data-widget_type=\"text-editor.default\">\n\t\t\t\t<div class=\"elementor-widget-container\">\n\t\t\t\t\t\t\t\t\t<p>La costa concentra un dels atractius tur\u00edstics m\u00e9s potents de Cant\u00e0bria en una combinaci\u00f3 alternativa de penya-segats, platges, ries i localitats hist\u00f2ricament fortament vinculades a la mar per la pesca i el comer\u00e7 mar\u00edtim.<\/p><p>D&#8217;est a oest assenyalar\u00e9 algunes de rellevants. Per\u00f2, si es t\u00e9 temps i bona disposici\u00f3 viatgera, \u00e9s un territori per deixar-se portar per la intu\u00efci\u00f3, encara que no sigui cap els llocs de m\u00e9s renom tur\u00edstic: el paisatge natural i el paisatge humanitzat sobre un extens poblament dispers, fan meravell\u00f3s qualsevol lloc.<\/p>\t\t\t\t\t\t\t\t<\/div>\n\t\t\t\t<\/div>\n\t\t\t\t<div class=\"elementor-element elementor-element-231da12 elementor-widget elementor-widget-heading\" data-id=\"231da12\" data-element_type=\"widget\" data-e-type=\"widget\" data-widget_type=\"heading.default\">\n\t\t\t\t<div class=\"elementor-widget-container\">\n\t\t\t\t\t<h3 class=\"elementor-heading-title elementor-size-default\">Castro-Urdiales<\/h3>\t\t\t\t<\/div>\n\t\t\t\t<\/div>\n\t\t\t\t<div class=\"elementor-element elementor-element-0aef6af elementor-widget elementor-widget-menu-anchor\" data-id=\"0aef6af\" data-element_type=\"widget\" data-e-type=\"widget\" data-widget_type=\"menu-anchor.default\">\n\t\t\t\t<div class=\"elementor-widget-container\">\n\t\t\t\t\t\t\t<div class=\"elementor-menu-anchor\" id=\"a2014\"><\/div>\n\t\t\t\t\t\t<\/div>\n\t\t\t\t<\/div>\n\t\t\t\t<div class=\"elementor-element elementor-element-c837406 elementor-widget elementor-widget-text-editor\" data-id=\"c837406\" data-element_type=\"widget\" data-e-type=\"widget\" data-widget_type=\"text-editor.default\">\n\t\t\t\t<div class=\"elementor-widget-container\">\n\t\t\t\t\t\t\t\t\t<p><a href=\"https:\/\/www.turismodecantabria.com\/descubrela\/municipios\/34-castro-urdiales\" target=\"_blank\" rel=\"noopener\"><strong>Castro-Urdiales\u00a0<\/strong><\/a>es troba a 55 quil\u00f2metres de la posada Los Prados 45. Amb 25.644 habitants a la localitat central, amb un important nombre de nuclis i edificacions disseminades que eleva a 32.270 els habitants del conjunt del municipi (2020).<\/p><p><em>B\u00e9 d&#8217;Inter\u00e8s Cultural<\/em> (BIC) com a <em>Conjunt Hist\u00f2ric<\/em> des de l&#8217;any 1978, aix\u00ed com en diversos edificis catalogats BIC.<\/p><p>En Castro-Urdiales s\u2019arrenca des de la prehist\u00f2ria amb les seves coves (cova de la Pe\u00f1a del Cuco), passant per l&#8217;empremta romana (jaciment rom\u00e0 de Flavi\u00f3briga), el port i el comer\u00e7 mar\u00edtim, amb el seu reflex en el seu urbanisme i en l&#8217;arquitectura civil i religiosa. I tamb\u00e9 a les seves platges.<\/p>\t\t\t\t\t\t\t\t<\/div>\n\t\t\t\t<\/div>\n\t\t\t\t<div class=\"elementor-element elementor-element-5a81989 elementor-widget elementor-widget-heading\" data-id=\"5a81989\" data-element_type=\"widget\" data-e-type=\"widget\" data-widget_type=\"heading.default\">\n\t\t\t\t<div class=\"elementor-widget-container\">\n\t\t\t\t\t<h3 class=\"elementor-heading-title elementor-size-default\">Santander<\/h3>\t\t\t\t<\/div>\n\t\t\t\t<\/div>\n\t\t\t\t<div class=\"elementor-element elementor-element-6b20b7f elementor-widget elementor-widget-text-editor\" data-id=\"6b20b7f\" data-element_type=\"widget\" data-e-type=\"widget\" data-widget_type=\"text-editor.default\">\n\t\t\t\t<div class=\"elementor-widget-container\">\n\t\t\t\t\t\t\t\t\t<p>La capital de la Comunitat Aut\u00f2noma, <a href=\"https:\/\/www.turismodecantabria.com\/descubrela\/zonas\/7-santander\" target=\"_blank\" rel=\"noopener\"><strong>Santander<\/strong><\/a>,\u00a0est\u00e0 a una dist\u00e0ncia de 24 quil\u00f2metres. Hist\u00f2ricament se l&#8217;ha considerat el port de Castella, i arribar-hi era un dels objectius de la construcci\u00f3 del Canal de Castilla en els segles XVIII i XIX, el que es va aconseguir de forma efica\u00e7 amb la construcci\u00f3 del ferrocarril que el 1866 va unir Madrid amb Santander.<\/p><p>El cens de Santander \u00e9s 128.007 habitants, i 173.375 en el conjunt del municipi (2020).<\/p><p>A la ciutat s&#8217;han catalogat dos conjunts hist\u00f2rics. El <em>Conjunt Hist\u00f2ric Passeig de Pereda i Carrer de Castelar<\/em> i el <em>Conjunt hist\u00f2ric del Sardinero<\/em>.<\/p><p>A m\u00e9s, s&#8217;inclouen com a BIC nombrosos edificis civils i religiosos, aix\u00ed com museus i jardins. \u00c9s simb\u00f2lic el <strong>Palau de la Magdalena<\/strong> <strong>i els seus Jardins<\/strong>, que va ser resid\u00e8ncia estival del rei Alfons XIII entre 1919 i 1930.<\/p><p>El seu paper com a ciutat estiuenca de la reialesa va marcar profundament el seu car\u00e0cter, el seu urbanisme i la seva arquitectura.<\/p><p>La influ\u00e8ncia posterior dels Bot\u00edn es manifesta en l&#8217;edifici del <strong>Centre Bot\u00edn<\/strong>, al costat de la mar al centre de la ciutat.<\/p>\t\t\t\t\t\t\t\t<\/div>\n\t\t\t\t<\/div>\n\t\t\t\t<div class=\"elementor-element elementor-element-6fd0d5e elementor-widget elementor-widget-image\" data-id=\"6fd0d5e\" data-element_type=\"widget\" data-e-type=\"widget\" data-widget_type=\"image.default\">\n\t\t\t\t<div class=\"elementor-widget-container\">\n\t\t\t\t\t\t\t\t\t\t\t\t<figure class=\"wp-caption\">\n\t\t\t\t\t\t\t\t\t\t<img loading=\"lazy\" decoding=\"async\" width=\"768\" height=\"512\" src=\"https:\/\/www.elturistatranquil.com\/wp-content\/uploads\/F53-Santander-Casino.jpg\" class=\"attachment-large size-large wp-image-36920\" alt=\"Santander, Casino\" srcset=\"https:\/\/www.elturistatranquil.com\/wp-content\/uploads\/F53-Santander-Casino.jpg 768w, https:\/\/www.elturistatranquil.com\/wp-content\/uploads\/F53-Santander-Casino-339x226.jpg 339w\" sizes=\"(max-width: 768px) 100vw, 768px\" \/>\t\t\t\t\t\t\t\t\t\t\t<figcaption class=\"widget-image-caption wp-caption-text\">Antic Casino de Santander<\/figcaption>\n\t\t\t\t\t\t\t\t\t\t<\/figure>\n\t\t\t\t\t\t\t\t\t<\/div>\n\t\t\t\t<\/div>\n\t\t\t\t<div class=\"elementor-element elementor-element-6e7b4ab elementor-widget elementor-widget-menu-anchor\" data-id=\"6e7b4ab\" data-element_type=\"widget\" data-e-type=\"widget\" data-widget_type=\"menu-anchor.default\">\n\t\t\t\t<div class=\"elementor-widget-container\">\n\t\t\t\t\t\t\t<div class=\"elementor-menu-anchor\" id=\"a2015\"><\/div>\n\t\t\t\t\t\t<\/div>\n\t\t\t\t<\/div>\n\t\t\t\t<div class=\"elementor-element elementor-element-81fc3f4 elementor-widget elementor-widget-image\" data-id=\"81fc3f4\" data-element_type=\"widget\" data-e-type=\"widget\" data-widget_type=\"image.default\">\n\t\t\t\t<div class=\"elementor-widget-container\">\n\t\t\t\t\t\t\t\t\t\t\t\t<figure class=\"wp-caption\">\n\t\t\t\t\t\t\t\t\t\t<img loading=\"lazy\" decoding=\"async\" width=\"768\" height=\"512\" src=\"https:\/\/www.elturistatranquil.com\/wp-content\/uploads\/F54-Santander-el-Sardinero.jpg\" class=\"attachment-large size-large wp-image-36922\" alt=\"Santander, el Sardinero\" srcset=\"https:\/\/www.elturistatranquil.com\/wp-content\/uploads\/F54-Santander-el-Sardinero.jpg 768w, https:\/\/www.elturistatranquil.com\/wp-content\/uploads\/F54-Santander-el-Sardinero-339x226.jpg 339w\" sizes=\"(max-width: 768px) 100vw, 768px\" \/>\t\t\t\t\t\t\t\t\t\t\t<figcaption class=\"widget-image-caption wp-caption-text\">El Sardinero<\/figcaption>\n\t\t\t\t\t\t\t\t\t\t<\/figure>\n\t\t\t\t\t\t\t\t\t<\/div>\n\t\t\t\t<\/div>\n\t\t\t\t<div class=\"elementor-element elementor-element-120bd36 elementor-widget elementor-widget-heading\" data-id=\"120bd36\" data-element_type=\"widget\" data-e-type=\"widget\" data-widget_type=\"heading.default\">\n\t\t\t\t<div class=\"elementor-widget-container\">\n\t\t\t\t\t<h3 class=\"elementor-heading-title elementor-size-default\">Santillana del Mar i Coves de Altamira<\/h3>\t\t\t\t<\/div>\n\t\t\t\t<\/div>\n\t\t\t\t<div class=\"elementor-element elementor-element-b7ad39d elementor-widget elementor-widget-text-editor\" data-id=\"b7ad39d\" data-element_type=\"widget\" data-e-type=\"widget\" data-widget_type=\"text-editor.default\">\n\t\t\t\t<div class=\"elementor-widget-container\">\n\t\t\t\t\t\t\t\t\t<p><a href=\"https:\/\/www.turismodecantabria.com\/descubrela\/municipios\/17-santillana-del-mar\" target=\"_blank\" rel=\"noopener\"><strong>Santillana del Mar<\/strong><\/a>,\u00a0a 44 quil\u00f2metres. <em>B\u00e9 d&#8217;Inter\u00e8s Cultural<\/em> (BIC) com a <em>Conjunt Hist\u00f2ric<\/em> des de 1943.<\/p><p>Encara que com diu la dita, Santillana del Mar \u00e9s el poble de les tres mentides perqu\u00e8 <em>ni es santa, ni es llana, ni tiene mar<\/em>, si t\u00e9 un extraordinari patrimoni hist\u00f2ric.<\/p><p>Al rec\u00f3rrer els seus carrers empedrats (av\u00eds: no aptes per a sabates de tal\u00f3) i admirar l&#8217;arquitectura popular, la palatina i la religiosa, pr\u00e0cticament concentrada en un carrer, corres el risc de <em>patir la s\u00edndrome de Stendhal<\/em>.<\/p>\t\t\t\t\t\t\t\t<\/div>\n\t\t\t\t<\/div>\n\t\t\t\t<div class=\"elementor-element elementor-element-a8db648 elementor-widget elementor-widget-image\" data-id=\"a8db648\" data-element_type=\"widget\" data-e-type=\"widget\" data-widget_type=\"image.default\">\n\t\t\t\t<div class=\"elementor-widget-container\">\n\t\t\t\t\t\t\t\t\t\t\t\t<figure class=\"wp-caption\">\n\t\t\t\t\t\t\t\t\t\t<img loading=\"lazy\" decoding=\"async\" width=\"768\" height=\"512\" src=\"https:\/\/www.elturistatranquil.com\/wp-content\/uploads\/F55-Santillana-del-Mar-Cantabria.jpg\" class=\"attachment-large size-large wp-image-36924\" alt=\"Santillana del Mar, Cantabria\" srcset=\"https:\/\/www.elturistatranquil.com\/wp-content\/uploads\/F55-Santillana-del-Mar-Cantabria.jpg 768w, https:\/\/www.elturistatranquil.com\/wp-content\/uploads\/F55-Santillana-del-Mar-Cantabria-339x226.jpg 339w\" sizes=\"(max-width: 768px) 100vw, 768px\" \/>\t\t\t\t\t\t\t\t\t\t\t<figcaption class=\"widget-image-caption wp-caption-text\">Casona dels Barreda-Bracho: actual Parador Nacional de Gil-Blas<\/figcaption>\n\t\t\t\t\t\t\t\t\t\t<\/figure>\n\t\t\t\t\t\t\t\t\t<\/div>\n\t\t\t\t<\/div>\n\t\t\t\t<div class=\"elementor-element elementor-element-6543fb8 elementor-widget elementor-widget-image\" data-id=\"6543fb8\" data-element_type=\"widget\" data-e-type=\"widget\" data-widget_type=\"image.default\">\n\t\t\t\t<div class=\"elementor-widget-container\">\n\t\t\t\t\t\t\t\t\t\t\t\t<figure class=\"wp-caption\">\n\t\t\t\t\t\t\t\t\t\t<img loading=\"lazy\" decoding=\"async\" width=\"768\" height=\"512\" src=\"https:\/\/www.elturistatranquil.com\/wp-content\/uploads\/F56-Colegiata-de-Santa-Juliana-Santillana-del-Mar-Cantabria.jpg\" class=\"attachment-large size-large wp-image-36926\" alt=\"Colegiata de Santa Juliana, Santillana del Mar, Cantabria\" srcset=\"https:\/\/www.elturistatranquil.com\/wp-content\/uploads\/F56-Colegiata-de-Santa-Juliana-Santillana-del-Mar-Cantabria.jpg 768w, https:\/\/www.elturistatranquil.com\/wp-content\/uploads\/F56-Colegiata-de-Santa-Juliana-Santillana-del-Mar-Cantabria-339x226.jpg 339w\" sizes=\"(max-width: 768px) 100vw, 768px\" \/>\t\t\t\t\t\t\t\t\t\t\t<figcaption class=\"widget-image-caption wp-caption-text\">Col\u00b7legiata rom\u00e0nica de Santa Juliana<\/figcaption>\n\t\t\t\t\t\t\t\t\t\t<\/figure>\n\t\t\t\t\t\t\t\t\t<\/div>\n\t\t\t\t<\/div>\n\t\t\t\t<div class=\"elementor-element elementor-element-e522998 elementor-widget elementor-widget-menu-anchor\" data-id=\"e522998\" data-element_type=\"widget\" data-e-type=\"widget\" data-widget_type=\"menu-anchor.default\">\n\t\t\t\t<div class=\"elementor-widget-container\">\n\t\t\t\t\t\t\t<div class=\"elementor-menu-anchor\" id=\"a2016\"><\/div>\n\t\t\t\t\t\t<\/div>\n\t\t\t\t<\/div>\n\t\t\t\t<div class=\"elementor-element elementor-element-758efa5 elementor-widget elementor-widget-text-editor\" data-id=\"758efa5\" data-element_type=\"widget\" data-e-type=\"widget\" data-widget_type=\"text-editor.default\">\n\t\t\t\t<div class=\"elementor-widget-container\">\n\t\t\t\t\t\t\t\t\t<p>A menys de 3 quil\u00f2metres, es troben les <a href=\"https:\/\/turismodecantabria.com\/disfrutala\/que-visitar\/11-cueva-de-altamira\/buscador-cHJvY2VzYXJCdXNxdWVkYT1vayZpZENhdGVnb3JpYT0xNCY=\" target=\"_blank\" rel=\"noopener\"><strong>Cuevas de Altamira<\/strong><\/a>.\u00a0La visita a la Cova \u00e9s pr\u00e0cticament impossible (m\u00e0xim de 5 persones per setmana, amb llista d&#8217;espera tancada).<\/p><p>Al <strong>Museu Nacional i Centre d&#8217;Investigaci\u00f3 d&#8217;Altamira Marcelino Sanz de Sautuola<\/strong>, al costat de la Cova, aquesta s&#8217;ha reprodu\u00eft en el que s&#8217;anomena la <strong>Neocueva de Altamira<\/strong>.<\/p>\t\t\t\t\t\t\t\t<\/div>\n\t\t\t\t<\/div>\n\t\t\t\t<div class=\"elementor-element elementor-element-7dd0ee7 elementor-widget elementor-widget-heading\" data-id=\"7dd0ee7\" data-element_type=\"widget\" data-e-type=\"widget\" data-widget_type=\"heading.default\">\n\t\t\t\t<div class=\"elementor-widget-container\">\n\t\t\t\t\t<h3 class=\"elementor-heading-title elementor-size-default\">Penya-segat El Bolao<\/h3>\t\t\t\t<\/div>\n\t\t\t\t<\/div>\n\t\t\t\t<div class=\"elementor-element elementor-element-30f9e97 elementor-widget elementor-widget-text-editor\" data-id=\"30f9e97\" data-element_type=\"widget\" data-e-type=\"widget\" data-widget_type=\"text-editor.default\">\n\t\t\t\t<div class=\"elementor-widget-container\">\n\t\t\t\t\t\t\t\t\t<p>Enlla\u00e7 amb el <em>Post<\/em>: <a href=\"https:\/\/www.elturistatranquil.com\/ca\/penya-segat-el-bolao-i-moli-cantabria\/\" target=\"_blank\" rel=\"noopener\"><strong>Penya-segat El Bolao i Mol\u00ed (Cant\u00e0bria)<\/strong><\/a><\/p>\t\t\t\t\t\t\t\t<\/div>\n\t\t\t\t<\/div>\n\t\t\t\t<div class=\"elementor-element elementor-element-46daf4f elementor-widget elementor-widget-text-editor\" data-id=\"46daf4f\" data-element_type=\"widget\" data-e-type=\"widget\" data-widget_type=\"text-editor.default\">\n\t\t\t\t<div class=\"elementor-widget-container\">\n\t\t\t\t\t\t\t\t\t<p>A 54 quil\u00f2metres es pot gaudir d&#8217;una de les &#8220;construccions naturals&#8221; m\u00e9s impressionants d&#8217;aquesta costa. Es tracta del <strong>penya-segat El Bolao<\/strong>, situat a la part central de la costa de la Comunitat.<\/p><p>Les suaus ondulacions del paisatge es trenquen a l&#8217;arribar a la l\u00ednia de costa formant penya-segats.<\/p><p>En aquest punt de ruptura de nivells, a l&#8217;arribar a la mar, el <strong>rierol de la Presa<\/strong> forma una cascada que en el seu temps va ser aprofitada per instal\u00b7lar un mol\u00ed d\u2019aigua, del qual nom\u00e9s queden ru\u00efnes de la seva construcci\u00f3.<\/p><p>No pot marxar un Cant\u00e0bria sense veure algun dels seus penya-segats.<\/p>\t\t\t\t\t\t\t\t<\/div>\n\t\t\t\t<\/div>\n\t\t\t\t<div class=\"elementor-element elementor-element-082e9ae elementor-widget elementor-widget-image\" data-id=\"082e9ae\" data-element_type=\"widget\" data-e-type=\"widget\" data-widget_type=\"image.default\">\n\t\t\t\t<div class=\"elementor-widget-container\">\n\t\t\t\t\t\t\t\t\t\t\t\t<figure class=\"wp-caption\">\n\t\t\t\t\t\t\t\t\t\t<img loading=\"lazy\" decoding=\"async\" width=\"768\" height=\"512\" src=\"https:\/\/www.elturistatranquil.com\/wp-content\/uploads\/F57-Molino-y-cascada-el-Bolao-Cantabria.jpg\" class=\"attachment-large size-large wp-image-36928\" alt=\"Molino y cascada el Bolao, Cantabria\" srcset=\"https:\/\/www.elturistatranquil.com\/wp-content\/uploads\/F57-Molino-y-cascada-el-Bolao-Cantabria.jpg 768w, https:\/\/www.elturistatranquil.com\/wp-content\/uploads\/F57-Molino-y-cascada-el-Bolao-Cantabria-339x226.jpg 339w\" sizes=\"(max-width: 768px) 100vw, 768px\" \/>\t\t\t\t\t\t\t\t\t\t\t<figcaption class=\"widget-image-caption wp-caption-text\">Penya-segat, cascada i mol\u00ed El Bolao<\/figcaption>\n\t\t\t\t\t\t\t\t\t\t<\/figure>\n\t\t\t\t\t\t\t\t\t<\/div>\n\t\t\t\t<\/div>\n\t\t\t\t<div class=\"elementor-element elementor-element-db1696a elementor-widget elementor-widget-menu-anchor\" data-id=\"db1696a\" data-element_type=\"widget\" data-e-type=\"widget\" data-widget_type=\"menu-anchor.default\">\n\t\t\t\t<div class=\"elementor-widget-container\">\n\t\t\t\t\t\t\t<div class=\"elementor-menu-anchor\" id=\"a2017\"><\/div>\n\t\t\t\t\t\t<\/div>\n\t\t\t\t<\/div>\n\t\t\t\t<div class=\"elementor-element elementor-element-c1ee81f elementor-widget elementor-widget-image\" data-id=\"c1ee81f\" data-element_type=\"widget\" data-e-type=\"widget\" data-widget_type=\"image.default\">\n\t\t\t\t<div class=\"elementor-widget-container\">\n\t\t\t\t\t\t\t\t\t\t\t\t<figure class=\"wp-caption\">\n\t\t\t\t\t\t\t\t\t\t<img loading=\"lazy\" decoding=\"async\" width=\"768\" height=\"512\" src=\"https:\/\/www.elturistatranquil.com\/wp-content\/uploads\/F58-Acantilado-el-Bolao-Cantabria.jpg\" class=\"attachment-large size-large wp-image-36930\" alt=\"Acantilado el Bolao, Cantabria\" srcset=\"https:\/\/www.elturistatranquil.com\/wp-content\/uploads\/F58-Acantilado-el-Bolao-Cantabria.jpg 768w, https:\/\/www.elturistatranquil.com\/wp-content\/uploads\/F58-Acantilado-el-Bolao-Cantabria-339x226.jpg 339w\" sizes=\"(max-width: 768px) 100vw, 768px\" \/>\t\t\t\t\t\t\t\t\t\t\t<figcaption class=\"widget-image-caption wp-caption-text\">Penya-segat El Bolao<\/figcaption>\n\t\t\t\t\t\t\t\t\t\t<\/figure>\n\t\t\t\t\t\t\t\t\t<\/div>\n\t\t\t\t<\/div>\n\t\t\t\t<div class=\"elementor-element elementor-element-7510302 elementor-widget elementor-widget-heading\" data-id=\"7510302\" data-element_type=\"widget\" data-e-type=\"widget\" data-widget_type=\"heading.default\">\n\t\t\t\t<div class=\"elementor-widget-container\">\n\t\t\t\t\t<h3 class=\"elementor-heading-title elementor-size-default\">Comillas<\/h3>\t\t\t\t<\/div>\n\t\t\t\t<\/div>\n\t\t\t\t<div class=\"elementor-element elementor-element-345a941 elementor-widget elementor-widget-text-editor\" data-id=\"345a941\" data-element_type=\"widget\" data-e-type=\"widget\" data-widget_type=\"text-editor.default\">\n\t\t\t\t<div class=\"elementor-widget-container\">\n\t\t\t\t\t\t\t\t\t<p>A 63 quil\u00f2metres es troba <a href=\"https:\/\/www.turismodecantabria.com\/descubrela\/municipios\/15-destino\" target=\"_blank\" rel=\"noopener\"><strong>Comillas<\/strong><\/a>.\u00a0El municipi concentra a 2.124 habitants (2020).<\/p><p>La particularitat de Comillas \u00e9s la de ser una localitat pensada per al turisme des de finals de segle XIX, arran de l&#8217;estada estiuenca del rei Alfons XII el 1881 i 1882.<\/p><p>Tot i que el poblament de la zona es remunta a la prehist\u00f2ria (cova de la Meaza), a difer\u00e8ncia de la resta de poblacions, aqu\u00ed l&#8217;important \u00e9s l&#8217;urbanisme i les construccions que es van realitzar a partir de finals segle XIX, sobretot sota la influ\u00e8ncia dels arquitectes modernistes catalans, com Gaud\u00ed, Dom\u00e8nech i Muntaner i Martorell patrocinats pel Marqu\u00e8s de Comillas.<\/p><p>La pres\u00e8ncia reial estiuenca va atreure a la noblesa i la burgesia cap a la zona en les seves \u00e8poques estivals. Les visites reials es van mantenir amb Alfons XIII, tot i que aquest fix\u00e0 la seva resid\u00e8ncia estiuenca a Santander.<\/p><p>A la localitat s&#8217;han catalogat 2 conjunts hist\u00f2rics (BIC): el <em>Conjunt Hist\u00f2ric Art\u00edstic la Vila <\/em>en el seu conjunt, i el <em>Palau de Sobrellano del Marqu\u00e8s de Comillas, la capella-pante\u00f3 i el seu parc<\/em>.<\/p><p>Al seu torn, les obres modernistes, amb l&#8217;edifici <strong>El Capricho de Gaud\u00ed<\/strong> al capdavant, se les considera <em>B\u00e9ns d&#8217;Inter\u00e8s Cultural<\/em> (BIC).<\/p>\t\t\t\t\t\t\t\t<\/div>\n\t\t\t\t<\/div>\n\t\t\t\t<div class=\"elementor-element elementor-element-b31ad51 elementor-widget elementor-widget-menu-anchor\" data-id=\"b31ad51\" data-element_type=\"widget\" data-e-type=\"widget\" data-widget_type=\"menu-anchor.default\">\n\t\t\t\t<div class=\"elementor-widget-container\">\n\t\t\t\t\t\t\t<div class=\"elementor-menu-anchor\" id=\"a2018\"><\/div>\n\t\t\t\t\t\t<\/div>\n\t\t\t\t<\/div>\n\t\t\t\t<div class=\"elementor-element elementor-element-6460f43 elementor-widget elementor-widget-image\" data-id=\"6460f43\" data-element_type=\"widget\" data-e-type=\"widget\" data-widget_type=\"image.default\">\n\t\t\t\t<div class=\"elementor-widget-container\">\n\t\t\t\t\t\t\t\t\t\t\t\t<figure class=\"wp-caption\">\n\t\t\t\t\t\t\t\t\t\t<img loading=\"lazy\" decoding=\"async\" width=\"386\" height=\"550\" src=\"https:\/\/www.elturistatranquil.com\/wp-content\/uploads\/F59-El-Capricho-de-Gaudi-Comillas-Cantabria.jpg\" class=\"attachment-large size-large wp-image-36932\" alt=\"El Capricho de Gaudi, Comillas, Cantabria\" srcset=\"https:\/\/www.elturistatranquil.com\/wp-content\/uploads\/F59-El-Capricho-de-Gaudi-Comillas-Cantabria.jpg 386w, https:\/\/www.elturistatranquil.com\/wp-content\/uploads\/F59-El-Capricho-de-Gaudi-Comillas-Cantabria-159x226.jpg 159w\" sizes=\"(max-width: 386px) 100vw, 386px\" \/>\t\t\t\t\t\t\t\t\t\t\t<figcaption class=\"widget-image-caption wp-caption-text\">\u201cEl capricho\u201d de Gaud\u00ed<\/figcaption>\n\t\t\t\t\t\t\t\t\t\t<\/figure>\n\t\t\t\t\t\t\t\t\t<\/div>\n\t\t\t\t<\/div>\n\t\t\t\t<div class=\"elementor-element elementor-element-920554d elementor-widget elementor-widget-heading\" data-id=\"920554d\" data-element_type=\"widget\" data-e-type=\"widget\" data-widget_type=\"heading.default\">\n\t\t\t\t<div class=\"elementor-widget-container\">\n\t\t\t\t\t<h3 class=\"elementor-heading-title elementor-size-default\">San Vicente de la Barquera<\/h3>\t\t\t\t<\/div>\n\t\t\t\t<\/div>\n\t\t\t\t<div class=\"elementor-element elementor-element-62a0198 elementor-widget elementor-widget-text-editor\" data-id=\"62a0198\" data-element_type=\"widget\" data-e-type=\"widget\" data-widget_type=\"text-editor.default\">\n\t\t\t\t<div class=\"elementor-widget-container\">\n\t\t\t\t\t\t\t\t\t<p>La poblaci\u00f3 m\u00e9s occidental de visita ser\u00e0 <a href=\"https:\/\/www.turismodecantabria.com\/descubrela\/municipios\/32-san-vicente-de-la-barquera\" target=\"_blank\" rel=\"noopener\"><strong>San Vicente de la Barquera<\/strong><\/a>,\u00a0a 70 quil\u00f2metres. Amb 2.962 habitants en la localitat i fins als 4.095 dispersats pel terme municipal (2020). Situada al centre del <strong>Parc Natural de Oyambre<\/strong>.<\/p><p>Tres elements que sobresurten de gran inter\u00e8s. S\u00f3n el <strong>pont<\/strong> sobre la ria, el <strong>Castell de San Vicenta<\/strong> (com a s\u00edmbol defensiu del port i de la seva activitat pesquera, que es mant\u00e9) i l&#8217;<strong>Esgl\u00e9sia de Santa Mar\u00eda de los \u00c1ngeles.<\/strong><\/p><p>La catalogaci\u00f3 <em>BIC<\/em> es concentra en el <strong>Conjunt hist\u00f2ric de Puebla Vieja de San Vicente de la Barquera<\/strong>, aix\u00ed com en nombrosos edificis civils i palatins, religiosos i defensius, com la muralla.<\/p>\t\t\t\t\t\t\t\t<\/div>\n\t\t\t\t<\/div>\n\t\t\t\t<div class=\"elementor-element elementor-element-85060dd elementor-widget elementor-widget-image\" data-id=\"85060dd\" data-element_type=\"widget\" data-e-type=\"widget\" data-widget_type=\"image.default\">\n\t\t\t\t<div class=\"elementor-widget-container\">\n\t\t\t\t\t\t\t\t\t\t\t\t<figure class=\"wp-caption\">\n\t\t\t\t\t\t\t\t\t\t<img loading=\"lazy\" decoding=\"async\" width=\"768\" height=\"512\" src=\"https:\/\/www.elturistatranquil.com\/wp-content\/uploads\/F60-San-Vicente-de-la-Barquera-Cantabria.jpg\" class=\"attachment-large size-large wp-image-36934\" alt=\"San Vicente de la Barquera, Cantabria\" srcset=\"https:\/\/www.elturistatranquil.com\/wp-content\/uploads\/F60-San-Vicente-de-la-Barquera-Cantabria.jpg 768w, https:\/\/www.elturistatranquil.com\/wp-content\/uploads\/F60-San-Vicente-de-la-Barquera-Cantabria-339x226.jpg 339w\" sizes=\"(max-width: 768px) 100vw, 768px\" \/>\t\t\t\t\t\t\t\t\t\t\t<figcaption class=\"widget-image-caption wp-caption-text\">Vista de San Vicente de la Barquera des del pont, amb un impressionant emb\u00fas de cotxes per entrar a la vila<\/figcaption>\n\t\t\t\t\t\t\t\t\t\t<\/figure>\n\t\t\t\t\t\t\t\t\t<\/div>\n\t\t\t\t<\/div>\n\t\t\t\t<div class=\"elementor-element elementor-element-7a338c2 elementor-widget elementor-widget-menu-anchor\" data-id=\"7a338c2\" data-element_type=\"widget\" data-e-type=\"widget\" data-widget_type=\"menu-anchor.default\">\n\t\t\t\t<div class=\"elementor-widget-container\">\n\t\t\t\t\t\t\t<div class=\"elementor-menu-anchor\" id=\"a2019\"><\/div>\n\t\t\t\t\t\t<\/div>\n\t\t\t\t<\/div>\n\t\t\t\t<div class=\"elementor-element elementor-element-1d70d95 elementor-widget elementor-widget-text-editor\" data-id=\"1d70d95\" data-element_type=\"widget\" data-e-type=\"widget\" data-widget_type=\"text-editor.default\">\n\t\t\t\t<div class=\"elementor-widget-container\">\n\t\t\t\t\t\t\t\t\t<p>Si ens desplacem entre San Vicente de la Barquera i Comillas, pot ser una bona opci\u00f3 fer-ho per la carretera de la costa (CA-236). Aix\u00f2 ens permetr\u00e0 veure el bullici d&#8217;aparcaments i escoles de surf, amb els corresponents surfistes, vitalitzant el recorregut amb el fons de la mar en el paisatge.<\/p>\t\t\t\t\t\t\t\t<\/div>\n\t\t\t\t<\/div>\n\t\t\t\t<div class=\"elementor-element elementor-element-7c58a0c elementor-widget elementor-widget-heading\" data-id=\"7c58a0c\" data-element_type=\"widget\" data-e-type=\"widget\" data-widget_type=\"heading.default\">\n\t\t\t\t<div class=\"elementor-widget-container\">\n\t\t\t\t\t<h2 class=\"elementor-heading-title elementor-size-default\">Fi de la sortida: el retorn<\/h2>\t\t\t\t<\/div>\n\t\t\t\t<\/div>\n\t\t\t\t<div class=\"elementor-element elementor-element-5a868b19 elementor-widget elementor-widget-text-editor\" data-id=\"5a868b19\" data-element_type=\"widget\" data-e-type=\"widget\" data-widget_type=\"text-editor.default\">\n\t\t\t\t<div class=\"elementor-widget-container\">\n\t\t\t\t\t\t\t\t\t<p>Tot i ser una comunitat aut\u00f2noma petita en extensi\u00f3, Cant\u00e0bria \u00e9s intensa en oferta tur\u00edstica: per la seva morfologia, pel seu paisatge, per la seva hist\u00f2ria, pel seu paisatge humanitzat i els seus assentaments.<\/p><p>No ens hem endinsat en un aspecte de gran bellesa i intensitat: els assentaments rurals, les cabanes i el paisatge pastoral. Caldria fer moltes m\u00e9s visites.<\/p><p><strong>Los Prados 45, Posada de Cantabria<\/strong> \u00e9s un excel\u00b7lent lloc on allotjar-se i com a punt de partida per a nombroses sortides, visites i rutes.<\/p><p>\u00c9s excel\u00b7lent en les seves instal\u00b7lacions, en els seus serveis i, per sobre de tot, pel tracte que <strong>Isabel<\/strong> i <strong>Javier<\/strong> dispensen. M\u00e9s que un negoci \u00e9s un servei de persones per a persones. Qualsevol temps que estigueu amb ells se us far\u00e0 curt.<\/p>\t\t\t\t\t\t\t\t<\/div>\n\t\t\t\t<\/div>\n\t\t\t\t\t<\/div>\n\t\t<\/div>\n\t\t\t\t\t<\/div>\n\t\t<\/section>\n\t\t\t\t<\/div>\n\t\t","protected":false},"excerpt":{"rendered":"<p>Una cabana d&#8217;ovelles reconvertida acull Los Prados 45, Posada de Cantabria, al costat de la vila de Li\u00e9rganes (Cant\u00e0bria). A\u00efllada a la vall pasiega del riu Miera, ofereix tranquil\u00b7litat, qualitat, &#8230; <a title=\"Los Prados 45, Posada de Cantabria. Valles Pasiegos\" class=\"read-more\" href=\"https:\/\/www.elturistatranquil.com\/ca\/los-prados-45-posada-de-cantabria-valles-pasiegos\/\" aria-label=\"M\u00e9s informaci\u00f3 sobre Los Prados 45, Posada de Cantabria. Valles Pasiegos\">[ &#8230; ]<\/a><\/p>\n","protected":false},"author":1,"featured_media":36801,"comment_status":"open","ping_status":"closed","sticky":false,"template":"","format":"standard","meta":{"footnotes":""},"categories":[212,84,108],"tags":[],"class_list":["post-36945","post","type-post","status-publish","format-standard","has-post-thumbnail","hentry","category-cantabria-ca","category-hotel-ca","category-turisme-tranquil","infinite-scroll-item","generate-columns","tablet-grid-50","mobile-grid-100","grid-parent","grid-50","no-featured-image-padding"],"yoast_head":"<!-- This site is optimized with the Yoast SEO plugin v27.4 - https:\/\/yoast.com\/product\/yoast-seo-wordpress\/ -->\n<title>Los Prados 45, Posada de Cantabria. Valles Pasiegos - El turista tranquil<\/title>\n<meta name=\"description\" content=\"Una cabana d&#039;ovelles reconvertida acull Los Prados 45, Posada de Cantabria, al costat de la vila de Li\u00e9rganes (Cant\u00e0bria). A\u00efllada a la vall pasiega del riu Miera, ofereix tranquil\u00b7litat, qualitat, confort i tracte exquisit, en un lloc id\u00edl\u00b7lic.\" \/>\n<meta name=\"robots\" content=\"index, follow, max-snippet:-1, max-image-preview:large, max-video-preview:-1\" \/>\n<link rel=\"canonical\" href=\"https:\/\/www.elturistatranquil.com\/ca\/los-prados-45-posada-de-cantabria-valles-pasiegos\/\" \/>\n<meta property=\"og:locale\" content=\"ca_ES\" \/>\n<meta property=\"og:type\" content=\"article\" \/>\n<meta property=\"og:title\" content=\"Los Prados 45, Posada de Cantabria. Valles Pasiegos - El turista tranquil\" \/>\n<meta property=\"og:description\" content=\"Una cabana d&#039;ovelles reconvertida acull Los Prados 45, Posada de Cantabria, al costat de la vila de Li\u00e9rganes (Cant\u00e0bria). A\u00efllada a la vall pasiega del riu Miera, ofereix tranquil\u00b7litat, qualitat, confort i tracte exquisit, en un lloc id\u00edl\u00b7lic.\" \/>\n<meta property=\"og:url\" content=\"https:\/\/www.elturistatranquil.com\/ca\/los-prados-45-posada-de-cantabria-valles-pasiegos\/\" \/>\n<meta property=\"og:site_name\" content=\"El turista tranquil\" \/>\n<meta property=\"article:publisher\" content=\"https:\/\/www.facebook.com\/elturistatranquilo\/\" \/>\n<meta property=\"article:published_time\" content=\"2021-09-11T09:00:53+00:00\" \/>\n<meta property=\"article:modified_time\" content=\"2025-01-03T10:17:02+00:00\" \/>\n<meta property=\"og:image\" content=\"https:\/\/www.elturistatranquil.com\/wp-content\/uploads\/F01-Posada-Los-Prados-45-Cantabria.jpg\" \/>\n\t<meta property=\"og:image:width\" content=\"768\" \/>\n\t<meta property=\"og:image:height\" content=\"511\" \/>\n\t<meta property=\"og:image:type\" content=\"image\/jpeg\" \/>\n<meta name=\"author\" content=\"admin\" \/>\n<meta name=\"twitter:card\" content=\"summary_large_image\" \/>\n<meta name=\"twitter:label1\" content=\"Escrit per\" \/>\n\t<meta name=\"twitter:data1\" content=\"admin\" \/>\n\t<meta name=\"twitter:label2\" content=\"Temps estimat de lectura\" \/>\n\t<meta name=\"twitter:data2\" content=\"36 minuts\" \/>\n<script type=\"application\/ld+json\" class=\"yoast-schema-graph\">{\"@context\":\"https:\\\/\\\/schema.org\",\"@graph\":[{\"@type\":\"Article\",\"@id\":\"https:\\\/\\\/www.elturistatranquil.com\\\/ca\\\/los-prados-45-posada-de-cantabria-valles-pasiegos\\\/#article\",\"isPartOf\":{\"@id\":\"https:\\\/\\\/www.elturistatranquil.com\\\/ca\\\/los-prados-45-posada-de-cantabria-valles-pasiegos\\\/\"},\"author\":{\"name\":\"admin\",\"@id\":\"https:\\\/\\\/www.elturistatranquil.com\\\/ca\\\/#\\\/schema\\\/person\\\/16f607c3079b96ed0c530a52e6b58bb5\"},\"headline\":\"Los Prados 45, Posada de Cantabria. Valles Pasiegos\",\"datePublished\":\"2021-09-11T09:00:53+00:00\",\"dateModified\":\"2025-01-03T10:17:02+00:00\",\"mainEntityOfPage\":{\"@id\":\"https:\\\/\\\/www.elturistatranquil.com\\\/ca\\\/los-prados-45-posada-de-cantabria-valles-pasiegos\\\/\"},\"wordCount\":4343,\"commentCount\":0,\"image\":{\"@id\":\"https:\\\/\\\/www.elturistatranquil.com\\\/ca\\\/los-prados-45-posada-de-cantabria-valles-pasiegos\\\/#primaryimage\"},\"thumbnailUrl\":\"https:\\\/\\\/www.elturistatranquil.com\\\/wp-content\\\/uploads\\\/F01-Posada-Los-Prados-45-Cantabria.jpg\",\"articleSection\":[\"Cant\u00e0bria\",\"Hotel, Allotjament\",\"Turisme tranquil\"],\"inLanguage\":\"ca\",\"potentialAction\":[{\"@type\":\"CommentAction\",\"name\":\"Comment\",\"target\":[\"https:\\\/\\\/www.elturistatranquil.com\\\/ca\\\/los-prados-45-posada-de-cantabria-valles-pasiegos\\\/#respond\"]}]},{\"@type\":\"WebPage\",\"@id\":\"https:\\\/\\\/www.elturistatranquil.com\\\/ca\\\/los-prados-45-posada-de-cantabria-valles-pasiegos\\\/\",\"url\":\"https:\\\/\\\/www.elturistatranquil.com\\\/ca\\\/los-prados-45-posada-de-cantabria-valles-pasiegos\\\/\",\"name\":\"Los Prados 45, Posada de Cantabria. Valles Pasiegos - El turista tranquil\",\"isPartOf\":{\"@id\":\"https:\\\/\\\/www.elturistatranquil.com\\\/ca\\\/#website\"},\"primaryImageOfPage\":{\"@id\":\"https:\\\/\\\/www.elturistatranquil.com\\\/ca\\\/los-prados-45-posada-de-cantabria-valles-pasiegos\\\/#primaryimage\"},\"image\":{\"@id\":\"https:\\\/\\\/www.elturistatranquil.com\\\/ca\\\/los-prados-45-posada-de-cantabria-valles-pasiegos\\\/#primaryimage\"},\"thumbnailUrl\":\"https:\\\/\\\/www.elturistatranquil.com\\\/wp-content\\\/uploads\\\/F01-Posada-Los-Prados-45-Cantabria.jpg\",\"datePublished\":\"2021-09-11T09:00:53+00:00\",\"dateModified\":\"2025-01-03T10:17:02+00:00\",\"author\":{\"@id\":\"https:\\\/\\\/www.elturistatranquil.com\\\/ca\\\/#\\\/schema\\\/person\\\/16f607c3079b96ed0c530a52e6b58bb5\"},\"description\":\"Una cabana d'ovelles reconvertida acull Los Prados 45, Posada de Cantabria, al costat de la vila de Li\u00e9rganes (Cant\u00e0bria). A\u00efllada a la vall pasiega del riu Miera, ofereix tranquil\u00b7litat, qualitat, confort i tracte exquisit, en un lloc id\u00edl\u00b7lic.\",\"breadcrumb\":{\"@id\":\"https:\\\/\\\/www.elturistatranquil.com\\\/ca\\\/los-prados-45-posada-de-cantabria-valles-pasiegos\\\/#breadcrumb\"},\"inLanguage\":\"ca\",\"potentialAction\":[{\"@type\":\"ReadAction\",\"target\":[\"https:\\\/\\\/www.elturistatranquil.com\\\/ca\\\/los-prados-45-posada-de-cantabria-valles-pasiegos\\\/\"]}]},{\"@type\":\"ImageObject\",\"inLanguage\":\"ca\",\"@id\":\"https:\\\/\\\/www.elturistatranquil.com\\\/ca\\\/los-prados-45-posada-de-cantabria-valles-pasiegos\\\/#primaryimage\",\"url\":\"https:\\\/\\\/www.elturistatranquil.com\\\/wp-content\\\/uploads\\\/F01-Posada-Los-Prados-45-Cantabria.jpg\",\"contentUrl\":\"https:\\\/\\\/www.elturistatranquil.com\\\/wp-content\\\/uploads\\\/F01-Posada-Los-Prados-45-Cantabria.jpg\",\"width\":768,\"height\":511,\"caption\":\"Posada Los Prados 45, Cantabria\"},{\"@type\":\"BreadcrumbList\",\"@id\":\"https:\\\/\\\/www.elturistatranquil.com\\\/ca\\\/los-prados-45-posada-de-cantabria-valles-pasiegos\\\/#breadcrumb\",\"itemListElement\":[{\"@type\":\"ListItem\",\"position\":1,\"name\":\"Portada\",\"item\":\"https:\\\/\\\/www.elturistatranquil.com\\\/ca\\\/\"},{\"@type\":\"ListItem\",\"position\":2,\"name\":\"Los Prados 45, Posada de Cantabria. Valles Pasiegos\"}]},{\"@type\":\"WebSite\",\"@id\":\"https:\\\/\\\/www.elturistatranquil.com\\\/ca\\\/#website\",\"url\":\"https:\\\/\\\/www.elturistatranquil.com\\\/ca\\\/\",\"name\":\"El turista tranquil\",\"description\":\"Blog de viatges\",\"potentialAction\":[{\"@type\":\"SearchAction\",\"target\":{\"@type\":\"EntryPoint\",\"urlTemplate\":\"https:\\\/\\\/www.elturistatranquil.com\\\/ca\\\/?s={search_term_string}\"},\"query-input\":{\"@type\":\"PropertyValueSpecification\",\"valueRequired\":true,\"valueName\":\"search_term_string\"}}],\"inLanguage\":\"ca\"},{\"@type\":\"Person\",\"@id\":\"https:\\\/\\\/www.elturistatranquil.com\\\/ca\\\/#\\\/schema\\\/person\\\/16f607c3079b96ed0c530a52e6b58bb5\",\"name\":\"admin\",\"image\":{\"@type\":\"ImageObject\",\"inLanguage\":\"ca\",\"@id\":\"https:\\\/\\\/secure.gravatar.com\\\/avatar\\\/1fbaf22aee75fcbb29a2f97b107f95d25d3a19b7c3416105be10269872673e8d?s=96&d=mm&r=g\",\"url\":\"https:\\\/\\\/secure.gravatar.com\\\/avatar\\\/1fbaf22aee75fcbb29a2f97b107f95d25d3a19b7c3416105be10269872673e8d?s=96&d=mm&r=g\",\"contentUrl\":\"https:\\\/\\\/secure.gravatar.com\\\/avatar\\\/1fbaf22aee75fcbb29a2f97b107f95d25d3a19b7c3416105be10269872673e8d?s=96&d=mm&r=g\",\"caption\":\"admin\"}}]}<\/script>\n<!-- \/ Yoast SEO plugin. -->","yoast_head_json":{"title":"Los Prados 45, Posada de Cantabria. Valles Pasiegos - El turista tranquil","description":"Una cabana d'ovelles reconvertida acull Los Prados 45, Posada de Cantabria, al costat de la vila de Li\u00e9rganes (Cant\u00e0bria). A\u00efllada a la vall pasiega del riu Miera, ofereix tranquil\u00b7litat, qualitat, confort i tracte exquisit, en un lloc id\u00edl\u00b7lic.","robots":{"index":"index","follow":"follow","max-snippet":"max-snippet:-1","max-image-preview":"max-image-preview:large","max-video-preview":"max-video-preview:-1"},"canonical":"https:\/\/www.elturistatranquil.com\/ca\/los-prados-45-posada-de-cantabria-valles-pasiegos\/","og_locale":"ca_ES","og_type":"article","og_title":"Los Prados 45, Posada de Cantabria. Valles Pasiegos - El turista tranquil","og_description":"Una cabana d'ovelles reconvertida acull Los Prados 45, Posada de Cantabria, al costat de la vila de Li\u00e9rganes (Cant\u00e0bria). A\u00efllada a la vall pasiega del riu Miera, ofereix tranquil\u00b7litat, qualitat, confort i tracte exquisit, en un lloc id\u00edl\u00b7lic.","og_url":"https:\/\/www.elturistatranquil.com\/ca\/los-prados-45-posada-de-cantabria-valles-pasiegos\/","og_site_name":"El turista tranquil","article_publisher":"https:\/\/www.facebook.com\/elturistatranquilo\/","article_published_time":"2021-09-11T09:00:53+00:00","article_modified_time":"2025-01-03T10:17:02+00:00","og_image":[{"width":768,"height":511,"url":"https:\/\/www.elturistatranquil.com\/wp-content\/uploads\/F01-Posada-Los-Prados-45-Cantabria.jpg","type":"image\/jpeg"}],"author":"admin","twitter_card":"summary_large_image","twitter_misc":{"Escrit per":"admin","Temps estimat de lectura":"36 minuts"},"schema":{"@context":"https:\/\/schema.org","@graph":[{"@type":"Article","@id":"https:\/\/www.elturistatranquil.com\/ca\/los-prados-45-posada-de-cantabria-valles-pasiegos\/#article","isPartOf":{"@id":"https:\/\/www.elturistatranquil.com\/ca\/los-prados-45-posada-de-cantabria-valles-pasiegos\/"},"author":{"name":"admin","@id":"https:\/\/www.elturistatranquil.com\/ca\/#\/schema\/person\/16f607c3079b96ed0c530a52e6b58bb5"},"headline":"Los Prados 45, Posada de Cantabria. Valles Pasiegos","datePublished":"2021-09-11T09:00:53+00:00","dateModified":"2025-01-03T10:17:02+00:00","mainEntityOfPage":{"@id":"https:\/\/www.elturistatranquil.com\/ca\/los-prados-45-posada-de-cantabria-valles-pasiegos\/"},"wordCount":4343,"commentCount":0,"image":{"@id":"https:\/\/www.elturistatranquil.com\/ca\/los-prados-45-posada-de-cantabria-valles-pasiegos\/#primaryimage"},"thumbnailUrl":"https:\/\/www.elturistatranquil.com\/wp-content\/uploads\/F01-Posada-Los-Prados-45-Cantabria.jpg","articleSection":["Cant\u00e0bria","Hotel, Allotjament","Turisme tranquil"],"inLanguage":"ca","potentialAction":[{"@type":"CommentAction","name":"Comment","target":["https:\/\/www.elturistatranquil.com\/ca\/los-prados-45-posada-de-cantabria-valles-pasiegos\/#respond"]}]},{"@type":"WebPage","@id":"https:\/\/www.elturistatranquil.com\/ca\/los-prados-45-posada-de-cantabria-valles-pasiegos\/","url":"https:\/\/www.elturistatranquil.com\/ca\/los-prados-45-posada-de-cantabria-valles-pasiegos\/","name":"Los Prados 45, Posada de Cantabria. Valles Pasiegos - El turista tranquil","isPartOf":{"@id":"https:\/\/www.elturistatranquil.com\/ca\/#website"},"primaryImageOfPage":{"@id":"https:\/\/www.elturistatranquil.com\/ca\/los-prados-45-posada-de-cantabria-valles-pasiegos\/#primaryimage"},"image":{"@id":"https:\/\/www.elturistatranquil.com\/ca\/los-prados-45-posada-de-cantabria-valles-pasiegos\/#primaryimage"},"thumbnailUrl":"https:\/\/www.elturistatranquil.com\/wp-content\/uploads\/F01-Posada-Los-Prados-45-Cantabria.jpg","datePublished":"2021-09-11T09:00:53+00:00","dateModified":"2025-01-03T10:17:02+00:00","author":{"@id":"https:\/\/www.elturistatranquil.com\/ca\/#\/schema\/person\/16f607c3079b96ed0c530a52e6b58bb5"},"description":"Una cabana d'ovelles reconvertida acull Los Prados 45, Posada de Cantabria, al costat de la vila de Li\u00e9rganes (Cant\u00e0bria). A\u00efllada a la vall pasiega del riu Miera, ofereix tranquil\u00b7litat, qualitat, confort i tracte exquisit, en un lloc id\u00edl\u00b7lic.","breadcrumb":{"@id":"https:\/\/www.elturistatranquil.com\/ca\/los-prados-45-posada-de-cantabria-valles-pasiegos\/#breadcrumb"},"inLanguage":"ca","potentialAction":[{"@type":"ReadAction","target":["https:\/\/www.elturistatranquil.com\/ca\/los-prados-45-posada-de-cantabria-valles-pasiegos\/"]}]},{"@type":"ImageObject","inLanguage":"ca","@id":"https:\/\/www.elturistatranquil.com\/ca\/los-prados-45-posada-de-cantabria-valles-pasiegos\/#primaryimage","url":"https:\/\/www.elturistatranquil.com\/wp-content\/uploads\/F01-Posada-Los-Prados-45-Cantabria.jpg","contentUrl":"https:\/\/www.elturistatranquil.com\/wp-content\/uploads\/F01-Posada-Los-Prados-45-Cantabria.jpg","width":768,"height":511,"caption":"Posada Los Prados 45, Cantabria"},{"@type":"BreadcrumbList","@id":"https:\/\/www.elturistatranquil.com\/ca\/los-prados-45-posada-de-cantabria-valles-pasiegos\/#breadcrumb","itemListElement":[{"@type":"ListItem","position":1,"name":"Portada","item":"https:\/\/www.elturistatranquil.com\/ca\/"},{"@type":"ListItem","position":2,"name":"Los Prados 45, Posada de Cantabria. Valles Pasiegos"}]},{"@type":"WebSite","@id":"https:\/\/www.elturistatranquil.com\/ca\/#website","url":"https:\/\/www.elturistatranquil.com\/ca\/","name":"El turista tranquil","description":"Blog de viatges","potentialAction":[{"@type":"SearchAction","target":{"@type":"EntryPoint","urlTemplate":"https:\/\/www.elturistatranquil.com\/ca\/?s={search_term_string}"},"query-input":{"@type":"PropertyValueSpecification","valueRequired":true,"valueName":"search_term_string"}}],"inLanguage":"ca"},{"@type":"Person","@id":"https:\/\/www.elturistatranquil.com\/ca\/#\/schema\/person\/16f607c3079b96ed0c530a52e6b58bb5","name":"admin","image":{"@type":"ImageObject","inLanguage":"ca","@id":"https:\/\/secure.gravatar.com\/avatar\/1fbaf22aee75fcbb29a2f97b107f95d25d3a19b7c3416105be10269872673e8d?s=96&d=mm&r=g","url":"https:\/\/secure.gravatar.com\/avatar\/1fbaf22aee75fcbb29a2f97b107f95d25d3a19b7c3416105be10269872673e8d?s=96&d=mm&r=g","contentUrl":"https:\/\/secure.gravatar.com\/avatar\/1fbaf22aee75fcbb29a2f97b107f95d25d3a19b7c3416105be10269872673e8d?s=96&d=mm&r=g","caption":"admin"}}]}},"_links":{"self":[{"href":"https:\/\/www.elturistatranquil.com\/ca\/wp-json\/wp\/v2\/posts\/36945","targetHints":{"allow":["GET"]}}],"collection":[{"href":"https:\/\/www.elturistatranquil.com\/ca\/wp-json\/wp\/v2\/posts"}],"about":[{"href":"https:\/\/www.elturistatranquil.com\/ca\/wp-json\/wp\/v2\/types\/post"}],"author":[{"embeddable":true,"href":"https:\/\/www.elturistatranquil.com\/ca\/wp-json\/wp\/v2\/users\/1"}],"replies":[{"embeddable":true,"href":"https:\/\/www.elturistatranquil.com\/ca\/wp-json\/wp\/v2\/comments?post=36945"}],"version-history":[{"count":5,"href":"https:\/\/www.elturistatranquil.com\/ca\/wp-json\/wp\/v2\/posts\/36945\/revisions"}],"predecessor-version":[{"id":55305,"href":"https:\/\/www.elturistatranquil.com\/ca\/wp-json\/wp\/v2\/posts\/36945\/revisions\/55305"}],"wp:featuredmedia":[{"embeddable":true,"href":"https:\/\/www.elturistatranquil.com\/ca\/wp-json\/wp\/v2\/media\/36801"}],"wp:attachment":[{"href":"https:\/\/www.elturistatranquil.com\/ca\/wp-json\/wp\/v2\/media?parent=36945"}],"wp:term":[{"taxonomy":"category","embeddable":true,"href":"https:\/\/www.elturistatranquil.com\/ca\/wp-json\/wp\/v2\/categories?post=36945"},{"taxonomy":"post_tag","embeddable":true,"href":"https:\/\/www.elturistatranquil.com\/ca\/wp-json\/wp\/v2\/tags?post=36945"}],"curies":[{"name":"wp","href":"https:\/\/api.w.org\/{rel}","templated":true}]}}