{"id":37204,"date":"2021-09-25T09:45:47","date_gmt":"2021-09-25T07:45:47","guid":{"rendered":"https:\/\/www.elturistatranquil.com\/?p=37204"},"modified":"2021-09-25T10:25:00","modified_gmt":"2021-09-25T08:25:00","slug":"lierganes-cantabria","status":"publish","type":"post","link":"https:\/\/www.elturistatranquil.com\/ca\/lierganes-cantabria\/","title":{"rendered":"Li\u00e9rganes (Cant\u00e0bria)"},"content":{"rendered":"\t\t<div data-elementor-type=\"wp-post\" data-elementor-id=\"37204\" class=\"elementor elementor-37204 elementor-37012\" data-elementor-post-type=\"post\">\n\t\t\t\t\t\t<section class=\"elementor-section elementor-top-section elementor-element elementor-element-7b151016 elementor-section-boxed elementor-section-height-default elementor-section-height-default\" data-id=\"7b151016\" data-element_type=\"section\" data-e-type=\"section\">\n\t\t\t\t\t\t<div class=\"elementor-container elementor-column-gap-default\">\n\t\t\t\t\t<div class=\"elementor-column elementor-col-100 elementor-top-column elementor-element elementor-element-3224868d\" data-id=\"3224868d\" data-element_type=\"column\" data-e-type=\"column\">\n\t\t\t<div class=\"elementor-widget-wrap elementor-element-populated\">\n\t\t\t\t\t\t<section class=\"elementor-section elementor-inner-section elementor-element elementor-element-415ab30b elementor-section-content-middle elementor-section-boxed elementor-section-height-default elementor-section-height-default\" data-id=\"415ab30b\" data-element_type=\"section\" data-e-type=\"section\">\n\t\t\t\t\t\t<div class=\"elementor-container elementor-column-gap-default\">\n\t\t\t\t\t<div class=\"elementor-column elementor-col-100 elementor-inner-column elementor-element elementor-element-3a64e9ac\" data-id=\"3a64e9ac\" data-element_type=\"column\" data-e-type=\"column\">\n\t\t\t<div class=\"elementor-widget-wrap elementor-element-populated\">\n\t\t\t\t\t\t<div class=\"elementor-element elementor-element-2f587a91 elementor-widget elementor-widget-text-editor\" data-id=\"2f587a91\" data-element_type=\"widget\" data-e-type=\"widget\" data-widget_type=\"text-editor.default\">\n\t\t\t\t<div class=\"elementor-widget-container\">\n\t\t\t\t\t\t\t\t\t<p>A la localitat de <em>Li\u00e9rganes<\/em> (Cant\u00e0bria), es sintetitza en els seus carrers i cases la tradici\u00f3 agr\u00e0ria i ramadera, la protoindustria, el termalisme balneari i el turisme cultural i de natura, des del segle XVI fins a l&#8217;actualitat.<\/p>\t\t\t\t\t\t\t\t<\/div>\n\t\t\t\t<\/div>\n\t\t\t\t\t<\/div>\n\t\t<\/div>\n\t\t\t\t\t<\/div>\n\t\t<\/section>\n\t\t\t\t<div class=\"elementor-element elementor-element-735cdf73 elementor-widget elementor-widget-heading\" data-id=\"735cdf73\" data-element_type=\"widget\" data-e-type=\"widget\" data-widget_type=\"heading.default\">\n\t\t\t\t<div class=\"elementor-widget-container\">\n\t\t\t\t\t<h1 class=\"elementor-heading-title elementor-size-default\">Li\u00e9rganes (Cant\u00e0bria)<\/h1>\t\t\t\t<\/div>\n\t\t\t\t<\/div>\n\t\t\t\t\t<\/div>\n\t\t<\/div>\n\t\t\t\t\t<\/div>\n\t\t<\/section>\n\t\t\t\t<section class=\"elementor-section elementor-top-section elementor-element elementor-element-3dc5d69d elementor-section-boxed elementor-section-height-default elementor-section-height-default\" data-id=\"3dc5d69d\" data-element_type=\"section\" data-e-type=\"section\">\n\t\t\t\t\t\t<div class=\"elementor-container elementor-column-gap-default\">\n\t\t\t\t\t<div class=\"elementor-column elementor-col-100 elementor-top-column elementor-element elementor-element-7fdbd975\" data-id=\"7fdbd975\" data-element_type=\"column\" data-e-type=\"column\">\n\t\t\t<div class=\"elementor-widget-wrap elementor-element-populated\">\n\t\t\t\t\t\t<div class=\"elementor-element elementor-element-73735ac2 elementor-widget elementor-widget-image\" data-id=\"73735ac2\" data-element_type=\"widget\" data-e-type=\"widget\" data-widget_type=\"image.default\">\n\t\t\t\t<div class=\"elementor-widget-container\">\n\t\t\t\t\t\t\t\t\t\t\t\t<figure class=\"wp-caption\">\n\t\t\t\t\t\t\t\t\t\t<img fetchpriority=\"high\" decoding=\"async\" width=\"768\" height=\"512\" src=\"https:\/\/www.elturistatranquil.com\/wp-content\/uploads\/F01-Lierganes-Cantabria-Google-earth-2021-09-12.jpg\" class=\"attachment-large size-large wp-image-37030\" alt=\"Lierganes, Cantabria\" srcset=\"https:\/\/www.elturistatranquil.com\/wp-content\/uploads\/F01-Lierganes-Cantabria-Google-earth-2021-09-12.jpg 768w, https:\/\/www.elturistatranquil.com\/wp-content\/uploads\/F01-Lierganes-Cantabria-Google-earth-2021-09-12-339x226.jpg 339w\" sizes=\"(max-width: 768px) 100vw, 768px\" \/>\t\t\t\t\t\t\t\t\t\t\t<figcaption class=\"widget-image-caption wp-caption-text\">Li\u00e9rganes (Google earth 2021-09-12)<\/figcaption>\n\t\t\t\t\t\t\t\t\t\t<\/figure>\n\t\t\t\t\t\t\t\t\t<\/div>\n\t\t\t\t<\/div>\n\t\t\t\t<div class=\"elementor-element elementor-element-c88d739 elementor-widget elementor-widget-spacer\" data-id=\"c88d739\" data-element_type=\"widget\" data-e-type=\"widget\" data-widget_type=\"spacer.default\">\n\t\t\t\t<div class=\"elementor-widget-container\">\n\t\t\t\t\t\t\t<div class=\"elementor-spacer\">\n\t\t\t<div class=\"elementor-spacer-inner\"><\/div>\n\t\t<\/div>\n\t\t\t\t\t\t<\/div>\n\t\t\t\t<\/div>\n\t\t\t\t<div class=\"elementor-element elementor-element-9ae9412 elementor-widget elementor-widget-heading\" data-id=\"9ae9412\" data-element_type=\"widget\" data-e-type=\"widget\" data-widget_type=\"heading.default\">\n\t\t\t\t<div class=\"elementor-widget-container\">\n\t\t\t\t\t<h2 class=\"elementor-heading-title elementor-size-default\">Li\u00e9rganes. Valles Pasiegos. Cant\u00e0bria<\/h2>\t\t\t\t<\/div>\n\t\t\t\t<\/div>\n\t\t\t\t<section class=\"elementor-section elementor-inner-section elementor-element elementor-element-36a0f127 elementor-section-boxed elementor-section-height-default elementor-section-height-default\" data-id=\"36a0f127\" data-element_type=\"section\" data-e-type=\"section\" data-settings=\"{&quot;background_background&quot;:&quot;classic&quot;}\">\n\t\t\t\t\t\t\t<div class=\"elementor-background-overlay\"><\/div>\n\t\t\t\t\t\t\t<div class=\"elementor-container elementor-column-gap-default\">\n\t\t\t\t\t<div class=\"elementor-column elementor-col-100 elementor-inner-column elementor-element elementor-element-6a33d826\" data-id=\"6a33d826\" data-element_type=\"column\" data-e-type=\"column\" data-settings=\"{&quot;background_background&quot;:&quot;classic&quot;}\">\n\t\t\t<div class=\"elementor-widget-wrap elementor-element-populated\">\n\t\t\t\t\t\t<div class=\"elementor-element elementor-element-72768941 elementor-widget elementor-widget-text-editor\" data-id=\"72768941\" data-element_type=\"widget\" data-e-type=\"widget\" data-widget_type=\"text-editor.default\">\n\t\t\t\t<div class=\"elementor-widget-container\">\n\t\t\t\t\t\t\t\t\t<p>Comarca:\u00a0 Valles Pasiegos. Prov\u00edncia:\u00a0 Cant\u00e0bria. Com. Aut\u00f2noma: Cant\u00e0bria.<\/p><p>Coordenades: 43\u00b020\u203236\u201dN 3\u00b044\u203228\u201dO. Altitud: 110 msnm. Poblaci\u00f3: 964 habitants en la localitat i 2.407 habitants en el municipi (2020)<\/p><p>Web: <a href=\"https:\/\/www.aytolierganes.com\/\" target=\"_blank\" rel=\"noopener\">ayuntamiento<\/a><\/p><p><em>B\u00e9 d&#8217;Inter\u00e8s Cultural (BIC): Conjunt Hist\u00f2ric-Art\u00edstic (1978)<\/em><\/p><p>Visita: 2021<\/p>\t\t\t\t\t\t\t\t<\/div>\n\t\t\t\t<\/div>\n\t\t\t\t\t<\/div>\n\t\t<\/div>\n\t\t\t\t\t<\/div>\n\t\t<\/section>\n\t\t\t\t<div class=\"elementor-element elementor-element-3db5d1f4 elementor-widget elementor-widget-image\" data-id=\"3db5d1f4\" data-element_type=\"widget\" data-e-type=\"widget\" data-widget_type=\"image.default\">\n\t\t\t\t<div class=\"elementor-widget-container\">\n\t\t\t\t\t\t\t\t\t\t\t\t<figure class=\"wp-caption\">\n\t\t\t\t\t\t\t\t\t\t<img decoding=\"async\" width=\"768\" height=\"512\" src=\"https:\/\/www.elturistatranquil.com\/wp-content\/uploads\/F02c-Mapa-de-situacio-de-Los-Prados-45.-CantabriaGoogle-maps-2018-08-24.jpg\" class=\"attachment-medium_large size-medium_large wp-image-36947\" alt=\"Mapa de situaci\u00f3 de Lierganes. Cantabria(Google-maps-2018-08-24)\" srcset=\"https:\/\/www.elturistatranquil.com\/wp-content\/uploads\/F02c-Mapa-de-situacio-de-Los-Prados-45.-CantabriaGoogle-maps-2018-08-24.jpg 768w, https:\/\/www.elturistatranquil.com\/wp-content\/uploads\/F02c-Mapa-de-situacio-de-Los-Prados-45.-CantabriaGoogle-maps-2018-08-24-339x226.jpg 339w\" sizes=\"(max-width: 768px) 100vw, 768px\" \/>\t\t\t\t\t\t\t\t\t\t\t<figcaption class=\"widget-image-caption wp-caption-text\">Mapa de situaci\u00f3 de Li\u00e9rganes (Google maps 2021-08-24)<\/figcaption>\n\t\t\t\t\t\t\t\t\t\t<\/figure>\n\t\t\t\t\t\t\t\t\t<\/div>\n\t\t\t\t<\/div>\n\t\t\t\t<section class=\"elementor-section elementor-inner-section elementor-element elementor-element-73213489 elementor-section-boxed elementor-section-height-default elementor-section-height-default\" data-id=\"73213489\" data-element_type=\"section\" data-e-type=\"section\" data-settings=\"{&quot;background_background&quot;:&quot;classic&quot;}\">\n\t\t\t\t\t\t<div class=\"elementor-container elementor-column-gap-default\">\n\t\t\t\t\t<div class=\"elementor-column elementor-col-100 elementor-inner-column elementor-element elementor-element-5f72171a\" data-id=\"5f72171a\" data-element_type=\"column\" data-e-type=\"column\">\n\t\t\t<div class=\"elementor-widget-wrap elementor-element-populated\">\n\t\t\t\t\t\t<div class=\"elementor-element elementor-element-22800fd6 elementor-widget elementor-widget-text-editor\" data-id=\"22800fd6\" data-element_type=\"widget\" data-e-type=\"widget\" data-widget_type=\"text-editor.default\">\n\t\t\t\t<div class=\"elementor-widget-container\">\n\t\t\t\t\t\t\t\t\t<p style=\"text-align: center;\"><strong>\u00cdndex<\/strong><\/p>\t\t\t\t\t\t\t\t<\/div>\n\t\t\t\t<\/div>\n\t\t\t\t<div class=\"elementor-element elementor-element-4d47e1 elementor-widget elementor-widget-text-editor\" data-id=\"4d47e1\" data-element_type=\"widget\" data-e-type=\"widget\" data-widget_type=\"text-editor.default\">\n\t\t\t\t<div class=\"elementor-widget-container\">\n\t\t\t\t\t\t\t\t\t<p><a href=\"https:\/\/www.elturistatranquil.com\/ca\/lierganes-cantabria\/#c6901\">Li\u00e9rganes. Valles Pasiegos. Cant\u00e0bria<\/a><\/p><p><a href=\"https:\/\/www.elturistatranquil.com\/ca\/lierganes-cantabria\/#c6902\">El territori<\/a><\/p><p><a href=\"https:\/\/www.elturistatranquil.com\/ca\/lierganes-cantabria\/#c6903\">Una mica d&#8217;hist\u00f2ria<\/a><\/p><p><a href=\"https:\/\/www.elturistatranquil.com\/ca\/lierganes-cantabria\/#c6904\">La visita a Li\u00e9rganes<\/a><\/p><p style=\"padding-left: 80px;\"><a href=\"https:\/\/www.elturistatranquil.com\/ca\/lierganes-cantabria\/#c6905\">Pont Major o Pont Rom\u00e0<\/a><\/p><p style=\"padding-left: 80px;\"><a href=\"https:\/\/www.elturistatranquil.com\/ca\/lierganes-cantabria\/#c6906\">Escultura de l&#8217;Home Peix<\/a><\/p><p style=\"padding-left: 80px;\"><a href=\"https:\/\/www.elturistatranquil.com\/ca\/lierganes-cantabria\/#c6907\">Mol\u00ed de Mercadillo. Centre d&#8217;Interpretaci\u00f3 de l&#8217;Home Peix<\/a><\/p><p style=\"padding-left: 80px;\"><a href=\"https:\/\/www.elturistatranquil.com\/ca\/lierganes-cantabria\/#c6908\">Cases de Juan de la Ra\u00f1ada, Pasqual de la Portilla i casa cantonera<\/a><\/p><p style=\"padding-left: 80px;\"><a href=\"https:\/\/www.elturistatranquil.com\/ca\/lierganes-cantabria\/#c6909\">Casa Cuesta Mercadillo<\/a><\/p><p style=\"padding-left: 80px;\"><a href=\"https:\/\/www.elturistatranquil.com\/ca\/lierganes-cantabria\/#c6910\">Casa dels Canons<\/a><\/p><p style=\"padding-left: 80px;\"><a href=\"https:\/\/www.elturistatranquil.com\/ca\/lierganes-cantabria\/#c6911\">Capella del Carmen i Col\u00b7legi de Senyoretes<\/a><\/p><p style=\"padding-left: 80px;\"><a href=\"https:\/\/www.elturistatranquil.com\/ca\/lierganes-cantabria\/#c6912\">Casa Langre<\/a><\/p><p style=\"padding-left: 80px;\"><a href=\"https:\/\/www.elturistatranquil.com\/ca\/lierganes-cantabria\/#c6913\">Casa Seti\u00e9n<\/a><\/p><p style=\"padding-left: 80px;\"><a href=\"https:\/\/www.elturistatranquil.com\/ca\/lierganes-cantabria\/#c6914\">Ermita del Santo Cristo del &#8216;Humilladero i Casa Consistorial antiga<\/a><\/p><p style=\"padding-left: 80px;\"><a href=\"https:\/\/www.elturistatranquil.com\/ca\/lierganes-cantabria\/#c6915\">Casa C\u00e1rcova Rubalcaba<\/a><\/p><p style=\"padding-left: 80px;\"><a href=\"https:\/\/www.elturistatranquil.com\/ca\/lierganes-cantabria\/#c6916\">Palau Juan Cuesta Mercadillo o de la Ra\u00f1ada<\/a><\/p><p style=\"padding-left: 80px;\"><a href=\"https:\/\/www.elturistatranquil.com\/ca\/lierganes-cantabria\/#c6917\">Casa Cacho<\/a><\/p><p style=\"padding-left: 80px;\"><a href=\"https:\/\/www.elturistatranquil.com\/ca\/lierganes-cantabria\/#c6918\">Casa Consistorial nova<\/a><\/p><p style=\"padding-left: 80px;\"><a href=\"https:\/\/www.elturistatranquil.com\/ca\/lierganes-cantabria\/#c6919\">Ecomuseu-Fluviarium de la Muntanya i Conques Fluvials Pasiegas<\/a><\/p><p style=\"padding-left: 80px;\"><a href=\"https:\/\/www.elturistatranquil.com\/ca\/lierganes-cantabria\/#c6920\">Esgl\u00e9sia de San Pedro ad Vincula<\/a><\/p><p style=\"padding-left: 80px;\"><a href=\"https:\/\/www.elturistatranquil.com\/ca\/lierganes-cantabria\/#c6921\">Cementiri<\/a><\/p><p style=\"padding-left: 80px;\"><a href=\"https:\/\/www.elturistatranquil.com\/ca\/lierganes-cantabria\/#c6922\">Atrevint-se a innovar<\/a><\/p><p style=\"padding-left: 80px;\"><a href=\"https:\/\/www.elturistatranquil.com\/ca\/lierganes-cantabria\/#c6923\">Balneari de Li\u00e9rganes<\/a><\/p><p style=\"padding-left: 80px;\"><a href=\"https:\/\/www.elturistatranquil.com\/ca\/lierganes-cantabria\/#c6924\">Presa de Regolgo<\/a><\/p><p style=\"padding-left: 80px;\"><a href=\"https:\/\/www.elturistatranquil.com\/ca\/lierganes-cantabria\/#c6925\">Casa del \u00c1ngel i mol\u00ed<\/a><\/p><p><a href=\"https:\/\/www.elturistatranquil.com\/ca\/lierganes-cantabria\/#c6926\">Fi de la visita<\/a><\/p><p><a href=\"https:\/\/www.elturistatranquil.com\/ca\/lierganes-cantabria\/#c6927\">Bases d&#8217;informaci\u00f3<\/a><\/p>\t\t\t\t\t\t\t\t<\/div>\n\t\t\t\t<\/div>\n\t\t\t\t\t<\/div>\n\t\t<\/div>\n\t\t\t\t\t<\/div>\n\t\t<\/section>\n\t\t\t\t<div class=\"elementor-element elementor-element-6eb1dfbe elementor-widget elementor-widget-spacer\" data-id=\"6eb1dfbe\" data-element_type=\"widget\" data-e-type=\"widget\" data-widget_type=\"spacer.default\">\n\t\t\t\t<div class=\"elementor-widget-container\">\n\t\t\t\t\t\t\t<div class=\"elementor-spacer\">\n\t\t\t<div class=\"elementor-spacer-inner\"><\/div>\n\t\t<\/div>\n\t\t\t\t\t\t<\/div>\n\t\t\t\t<\/div>\n\t\t\t\t<div class=\"elementor-element elementor-element-53e9f6a2 elementor-widget elementor-widget-menu-anchor\" data-id=\"53e9f6a2\" data-element_type=\"widget\" data-e-type=\"widget\" data-widget_type=\"menu-anchor.default\">\n\t\t\t\t<div class=\"elementor-widget-container\">\n\t\t\t\t\t\t\t<div class=\"elementor-menu-anchor\" id=\"c6901\"><\/div>\n\t\t\t\t\t\t<\/div>\n\t\t\t\t<\/div>\n\t\t\t\t<div class=\"elementor-element elementor-element-1a43793e elementor-widget elementor-widget-spacer\" data-id=\"1a43793e\" data-element_type=\"widget\" data-e-type=\"widget\" data-widget_type=\"spacer.default\">\n\t\t\t\t<div class=\"elementor-widget-container\">\n\t\t\t\t\t\t\t<div class=\"elementor-spacer\">\n\t\t\t<div class=\"elementor-spacer-inner\"><\/div>\n\t\t<\/div>\n\t\t\t\t\t\t<\/div>\n\t\t\t\t<\/div>\n\t\t\t\t<div class=\"elementor-element elementor-element-4272b1e3 elementor-widget elementor-widget-heading\" data-id=\"4272b1e3\" data-element_type=\"widget\" data-e-type=\"widget\" data-widget_type=\"heading.default\">\n\t\t\t\t<div class=\"elementor-widget-container\">\n\t\t\t\t\t<h2 class=\"elementor-heading-title elementor-size-default\">Li\u00e9rganes. Valles Pasiegos. Cant\u00e0bria<\/h2>\t\t\t\t<\/div>\n\t\t\t\t<\/div>\n\t\t\t\t<div class=\"elementor-element elementor-element-9aec94e elementor-widget elementor-widget-menu-anchor\" data-id=\"9aec94e\" data-element_type=\"widget\" data-e-type=\"widget\" data-widget_type=\"menu-anchor.default\">\n\t\t\t\t<div class=\"elementor-widget-container\">\n\t\t\t\t\t\t\t<div class=\"elementor-menu-anchor\" id=\"c6902\"><\/div>\n\t\t\t\t\t\t<\/div>\n\t\t\t\t<\/div>\n\t\t\t\t<div class=\"elementor-element elementor-element-ff103d0 elementor-widget elementor-widget-text-editor\" data-id=\"ff103d0\" data-element_type=\"widget\" data-e-type=\"widget\" data-widget_type=\"text-editor.default\">\n\t\t\t\t<div class=\"elementor-widget-container\">\n\t\t\t\t\t\t\t\t\t<p>Des de la <a href=\"https:\/\/www.elturistatranquil.com\/ca\/los-prados-45-posada-de-cantabria-valles-pasiegos\/\" target=\"_blank\" rel=\"noopener\">posada Los Prados 45<\/a> era imprescindible una visita Li\u00e9rganes, la capital del municipi, a 2 quil\u00f2metres, catalogada com a <em>B\u00e9 d&#8217;Inter\u00e8s Cultural <\/em>(BIC) en la categoria de <em>Conjunt Hist\u00f2ric-Art\u00edstic<\/em>.<\/p>\t\t\t\t\t\t\t\t<\/div>\n\t\t\t\t<\/div>\n\t\t\t\t<div class=\"elementor-element elementor-element-3d0c052a elementor-widget elementor-widget-heading\" data-id=\"3d0c052a\" data-element_type=\"widget\" data-e-type=\"widget\" data-widget_type=\"heading.default\">\n\t\t\t\t<div class=\"elementor-widget-container\">\n\t\t\t\t\t<h2 class=\"elementor-heading-title elementor-size-default\">El territori<\/h2>\t\t\t\t<\/div>\n\t\t\t\t<\/div>\n\t\t\t\t<div class=\"elementor-element elementor-element-802691a elementor-widget elementor-widget-text-editor\" data-id=\"802691a\" data-element_type=\"widget\" data-e-type=\"widget\" data-widget_type=\"text-editor.default\">\n\t\t\t\t<div class=\"elementor-widget-container\">\n\t\t\t\t\t\t\t\t\t<p>La localitat es troba situada en l&#8217;angle nord-oriental del conjunt dels Valles Pasiegos, concretament a nord de la Vall de Miera, sobre el riu Miera. At\u00e8s que no hi ha una comarcalitzaci\u00f3 oficial a la Comunitat de Cant\u00e0bria, altres la consideren formant part de la comarca de la Transmiera.<\/p><p>El riu Miera, que neix al sud, al Pic del Fraile (1.250 msnm), als contraforts de les muntanyes cant\u00e0brics al costat del Castro Valnera (1.717 m), el cim m\u00e9s rellevant de la serralada cant\u00e0brica al sector oriental.<\/p>\t\t\t\t\t\t\t\t<\/div>\n\t\t\t\t<\/div>\n\t\t\t\t<div class=\"elementor-element elementor-element-5b820893 elementor-widget elementor-widget-image\" data-id=\"5b820893\" data-element_type=\"widget\" data-e-type=\"widget\" data-widget_type=\"image.default\">\n\t\t\t\t<div class=\"elementor-widget-container\">\n\t\t\t\t\t\t\t\t\t\t\t\t<figure class=\"wp-caption\">\n\t\t\t\t\t\t\t\t\t\t<img decoding=\"async\" width=\"768\" height=\"512\" src=\"https:\/\/www.elturistatranquil.com\/wp-content\/uploads\/F03-Localizacion-de-Lierganes-Cantabria-Google-maps-2021-09-14.jpg\" class=\"attachment-large size-large wp-image-37032\" alt=\"Localizacion de Lierganes, Cantabria (Google maps 2021-09-14)\" srcset=\"https:\/\/www.elturistatranquil.com\/wp-content\/uploads\/F03-Localizacion-de-Lierganes-Cantabria-Google-maps-2021-09-14.jpg 768w, https:\/\/www.elturistatranquil.com\/wp-content\/uploads\/F03-Localizacion-de-Lierganes-Cantabria-Google-maps-2021-09-14-339x226.jpg 339w\" sizes=\"(max-width: 768px) 100vw, 768px\" \/>\t\t\t\t\t\t\t\t\t\t\t<figcaption class=\"widget-image-caption wp-caption-text\">Mapa de situaci\u00f3 de Li\u00e9rganes (Google maps 2021-08-24)<\/figcaption>\n\t\t\t\t\t\t\t\t\t\t<\/figure>\n\t\t\t\t\t\t\t\t\t<\/div>\n\t\t\t\t<\/div>\n\t\t\t\t<div class=\"elementor-element elementor-element-0124b7c elementor-widget elementor-widget-text-editor\" data-id=\"0124b7c\" data-element_type=\"widget\" data-e-type=\"widget\" data-widget_type=\"text-editor.default\">\n\t\t\t\t<div class=\"elementor-widget-container\">\n\t\t\t\t\t\t\t\t\t<p>A l&#8217;arribar a Li\u00e9rganes el riu efectua un gir de 90<sup>o<\/sup> en direcci\u00f3 est, fins a desembocar a la ria de Cubas, enfront de Santander, despr\u00e9s de 41 quil\u00f2metres de recorregut.<\/p><p>Les importants pendents, aix\u00ed com els nombrosos afluents han estat aprofitats hist\u00f2ricament per al seu \u00fas com a for\u00e7a motriu en molins i fargues, posteriorment, a finals de segle XIX alguns d&#8217;ells transformats en &#8220;f\u00e0briques de llum&#8221; produint energia el\u00e8ctrica.<\/p><p>El clima atl\u00e0ntic i l&#8217;orografia configuren uns paisatges absolutament dominats pel verd dels boscos i prats i valls tancades d&#8217;orientaci\u00f3 sud-nord, com la del Miera en qu\u00e8 ens trobem.<\/p><p>El poblament es dissemina pel territori de manera que el municipi de Li\u00e9rganes s&#8217;articula en 18 nuclis de poblaci\u00f3, en els quals al seu torn es dissemina cabanes <em>vividoras<\/em> a\u00efllades. D&#8217;aquests nuclis 8 no arriben als 50 habitants, de 5 fins 100 habitants, 4 fins a 250 i nom\u00e9s la localitat de Li\u00e9rganes arriba als 964 habitants.<\/p><p>L&#8217;agricultura, i especialment la ramaderia bobina i ovina, la ind\u00fastria i la construcci\u00f3 tenen un pes aproximadament igual a l&#8217;economia local, amb al voltant d&#8217;un 17% de poblaci\u00f3 ocupada a cada un d&#8217;aquests sectors, mentre que els serveis, incloent l&#8217;activitat tur\u00edstica, acaparen el 50% de l&#8217;ocupaci\u00f3.<\/p><p>Anecd\u00f2ticament, com a atractiu tur\u00edstic s&#8217;assenyalen dos promin\u00e8ncies a les muntanyes de la part sud. Es tracta dels Pics de Busampiro o Penyes de Rucandio: el <strong>Marim\u00f3n<\/strong> i el <strong>Cotillam\u00f3n<\/strong>, que per la seva semblan\u00e7a antropomorfa se\u2019ls coneix com &#8220;<em>las tetas de Li\u00e9rganes<\/em>&#8220;.<\/p>\t\t\t\t\t\t\t\t<\/div>\n\t\t\t\t<\/div>\n\t\t\t\t<div class=\"elementor-element elementor-element-4911a50 elementor-widget elementor-widget-menu-anchor\" data-id=\"4911a50\" data-element_type=\"widget\" data-e-type=\"widget\" data-widget_type=\"menu-anchor.default\">\n\t\t\t\t<div class=\"elementor-widget-container\">\n\t\t\t\t\t\t\t<div class=\"elementor-menu-anchor\" id=\"c6903\"><\/div>\n\t\t\t\t\t\t<\/div>\n\t\t\t\t<\/div>\n\t\t\t\t<div class=\"elementor-element elementor-element-ad5085c elementor-widget elementor-widget-image\" data-id=\"ad5085c\" data-element_type=\"widget\" data-e-type=\"widget\" data-widget_type=\"image.default\">\n\t\t\t\t<div class=\"elementor-widget-container\">\n\t\t\t\t\t\t\t\t\t\t\t\t<figure class=\"wp-caption\">\n\t\t\t\t\t\t\t\t\t\t<img loading=\"lazy\" decoding=\"async\" width=\"768\" height=\"511\" src=\"https:\/\/www.elturistatranquil.com\/wp-content\/uploads\/F04-Lierganes-Cantabria.jpg\" class=\"attachment-large size-large wp-image-37034\" alt=\"Lierganes, Cantabria\" srcset=\"https:\/\/www.elturistatranquil.com\/wp-content\/uploads\/F04-Lierganes-Cantabria.jpg 768w, https:\/\/www.elturistatranquil.com\/wp-content\/uploads\/F04-Lierganes-Cantabria-339x226.jpg 339w\" sizes=\"(max-width: 768px) 100vw, 768px\" \/>\t\t\t\t\t\t\t\t\t\t\t<figcaption class=\"widget-image-caption wp-caption-text\"><\/figcaption>\n\t\t\t\t\t\t\t\t\t\t<\/figure>\n\t\t\t\t\t\t\t\t\t<\/div>\n\t\t\t\t<\/div>\n\t\t\t\t<div class=\"elementor-element elementor-element-d4720be elementor-widget elementor-widget-heading\" data-id=\"d4720be\" data-element_type=\"widget\" data-e-type=\"widget\" data-widget_type=\"heading.default\">\n\t\t\t\t<div class=\"elementor-widget-container\">\n\t\t\t\t\t<h2 class=\"elementor-heading-title elementor-size-default\">Una mica d'hist\u00f2ria<\/h2>\t\t\t\t<\/div>\n\t\t\t\t<\/div>\n\t\t\t\t<div class=\"elementor-element elementor-element-1ce1ba0 elementor-widget elementor-widget-text-editor\" data-id=\"1ce1ba0\" data-element_type=\"widget\" data-e-type=\"widget\" data-widget_type=\"text-editor.default\">\n\t\t\t\t<div class=\"elementor-widget-container\">\n\t\t\t\t\t\t\t\t\t<p>Des de l&#8217;antiguitat aquestes terres van estar ocupades, probablement des de fa uns 30.000 anys. Li\u00e9rganes apareix com a pas obligat entre la costa i les valls altes.<\/p><p>Des de l&#8217;Edat del Ferro, els pobles c\u00e8ltics ja van aprofitar els recursos f\u00e8rrics.<\/p><p>La primera cita hist\u00f2rica sobre l&#8217;exist\u00e8ncia de Li\u00e9rganes correspon a l&#8217;any 816. El monestir de San Mart\u00edn de Li\u00e9rganes, que devia d&#8217;estar situat a prop del pont, controlava el seu pas, el mercat i les activitats agr\u00edcoles.<\/p><p>L&#8217;activitat agr\u00edcola i ramadera havia de ser la base de l&#8217;economia i la vida de la zona. Per\u00f2 tamb\u00e9 cal considerar el paper de l&#8217;aprofitament dels rius i dels recursos minerals, en forma de molins i fargues.<\/p><p>Segons el <em>Libro de las Merindades de Castilla<\/em>, en 1351 es va instituir com a lloc de behetr\u00eda, on escollien al seu propi senyor i pagaven els tributs en esp\u00e8cies.<\/p><p>El primer element hist\u00f2ric d&#8217;import\u00e0ncia correspondria al pont de pedra constru\u00eft el 1606 substituint a un altre anterior de fusta. Marca una posici\u00f3 estrat\u00e8gica en el cam\u00ed entre Cant\u00e0bria i la Meseta mitjan\u00e7ant el Portell de Lunada, per on s&#8217;endinsa a Burgos.<\/p><p>Per\u00f2 l&#8217;actuaci\u00f3 que ser\u00e0 transcendent seria la instal\u00b7laci\u00f3 de la <em>Reial F\u00e0brica d&#8217;Artilleria de la Cavada<\/em> a les localitats de La Cavada i Li\u00e9rganes. La construcci\u00f3 del complex es va iniciar en 1616 per part de Jan Curtius i es van tancar el 1835.<\/p>\t\t\t\t\t\t\t\t<\/div>\n\t\t\t\t<\/div>\n\t\t\t\t<div class=\"elementor-element elementor-element-61ac665 elementor-widget elementor-widget-image\" data-id=\"61ac665\" data-element_type=\"widget\" data-e-type=\"widget\" data-widget_type=\"image.default\">\n\t\t\t\t<div class=\"elementor-widget-container\">\n\t\t\t\t\t\t\t\t\t\t\t\t<figure class=\"wp-caption\">\n\t\t\t\t\t\t\t\t\t\t<img loading=\"lazy\" decoding=\"async\" width=\"768\" height=\"512\" src=\"https:\/\/www.elturistatranquil.com\/wp-content\/uploads\/F05-Fabrica-de-artilleria-La-Cavada-Cantabria.jpg\" class=\"attachment-large size-large wp-image-37036\" alt=\"Fabrica de artilleria, La Cavada, Cantabria\" srcset=\"https:\/\/www.elturistatranquil.com\/wp-content\/uploads\/F05-Fabrica-de-artilleria-La-Cavada-Cantabria.jpg 768w, https:\/\/www.elturistatranquil.com\/wp-content\/uploads\/F05-Fabrica-de-artilleria-La-Cavada-Cantabria-339x226.jpg 339w\" sizes=\"(max-width: 768px) 100vw, 768px\" \/>\t\t\t\t\t\t\t\t\t\t\t<figcaption class=\"widget-image-caption wp-caption-text\">Porta d'acc\u00e9s a la f\u00e0brica d'Artilleria de La Cavada<\/figcaption>\n\t\t\t\t\t\t\t\t\t\t<\/figure>\n\t\t\t\t\t\t\t\t\t<\/div>\n\t\t\t\t<\/div>\n\t\t\t\t<div class=\"elementor-element elementor-element-b33da22 elementor-widget elementor-widget-image\" data-id=\"b33da22\" data-element_type=\"widget\" data-e-type=\"widget\" data-widget_type=\"image.default\">\n\t\t\t\t<div class=\"elementor-widget-container\">\n\t\t\t\t\t\t\t\t\t\t\t\t<figure class=\"wp-caption\">\n\t\t\t\t\t\t\t\t\t\t<img loading=\"lazy\" decoding=\"async\" width=\"768\" height=\"512\" src=\"https:\/\/www.elturistatranquil.com\/wp-content\/uploads\/F06-Fabrica-de-artilleria-La-Cavada-Cantabria.jpg\" class=\"attachment-large size-large wp-image-37038\" alt=\"Fabrica de artilleria, La Cavada, Cantabria\" srcset=\"https:\/\/www.elturistatranquil.com\/wp-content\/uploads\/F06-Fabrica-de-artilleria-La-Cavada-Cantabria.jpg 768w, https:\/\/www.elturistatranquil.com\/wp-content\/uploads\/F06-Fabrica-de-artilleria-La-Cavada-Cantabria-339x226.jpg 339w\" sizes=\"(max-width: 768px) 100vw, 768px\" \/>\t\t\t\t\t\t\t\t\t\t\t<figcaption class=\"widget-image-caption wp-caption-text\">Un dels canons produ\u00efts en les factories<\/figcaption>\n\t\t\t\t\t\t\t\t\t\t<\/figure>\n\t\t\t\t\t\t\t\t\t<\/div>\n\t\t\t\t<\/div>\n\t\t\t\t<div class=\"elementor-element elementor-element-bcf2e78 elementor-widget elementor-widget-text-editor\" data-id=\"bcf2e78\" data-element_type=\"widget\" data-e-type=\"widget\" data-widget_type=\"text-editor.default\">\n\t\t\t\t<div class=\"elementor-widget-container\">\n\t\t\t\t\t\t\t\t\t<p>La instal\u00b7laci\u00f3 d&#8217;alts forns per a la fabricaci\u00f3 de canons de ferro colat i elements d&#8217;artilleria es va sustentar en l&#8217;aprofitament dels recursos del territori: fusta dels boscos com a combustible; llera regular del riu Miera; pedreres de pedra refract\u00e0ria, sorres i argila per als motlles; la proximitat de mines de ferro; l&#8217;abund\u00e0ncia de m\u00e0 d&#8217;obra; i la proximitat a les drassanes de Camargo i al port de Santander.<\/p><p>La inexist\u00e8ncia de t\u00e8cnics espanyols va fer que es portessin uns setanta oficials fonedors amb les seves fam\u00edlies des de Flandes, principalment de la zona de Lieja. Els conflictes socials entre els residents i la col\u00f2nia de flamencs van ser constants i va perdurar en el temps durant les seg\u00fcents generacions.<\/p><p>Un dels efectes negatius a llarg termini va ser la desforestaci\u00f3, ajudada per l&#8217;obertura de prats per al model de ramaderia pasiega.<\/p><p>Un altre canvi important va ser la introducci\u00f3 del cultiu de blatdemoro des de principis de segle XVII, en una terra no apta per al cultiu de cereals, que va propiciar el creixement econ\u00f2mic.<\/p><p>L&#8217;arquitectura que trobem a la vila arrenca del segle XVI. En primer lloc, una arquitectura renaixentista que ha estat reformada amb posterioritat.<\/p><p>Des de mitjans segle XVI i principis del XVII s&#8217;introdueix el classicisme, propulsat per personatges notables amb rellev\u00e0ncia p\u00fablica a Madrid, que encarreguen resid\u00e8ncies en els seus pobles d&#8217;origen. Tamb\u00e9 s&#8217;acusa les influ\u00e8ncies que reben artesans c\u00e0ntabres que treballen en altres parts d&#8217;Espanya. Les ordres religioses tamb\u00e9 es recolzen en el classicisme. Les fam\u00edlies de hidalgos faran valer el seu prestigi mitjan\u00e7ant escuts i blasons.<\/p><p>Com en altres zones properes de Cant\u00e0bria, els indians que van fer fortuna a Am\u00e8rica, especialment al segle XIX, introdueixen el model arquitect\u00f2nic indi\u00e0, amb miradors envidrats i vegetaci\u00f3 ex\u00f2tiques.<\/p><p>El 1862 s&#8217;obre el Balneari per a l&#8217;explotaci\u00f3 de les aig\u00fces de la Font Santa, el que la especialitzar\u00e8 com a ciutat balne\u00e0ria. La burgesia, amb les seves xalets estiuencs, i les seves demandes de serveis, aportaran nous aires a la vila: hotels, teatre. Ser\u00e0 el moment de l&#8217;arribada del de de Santander el 1909.<\/p><p>El 1978 es declara Li\u00e9rganes com a <em>B\u00e9 d&#8217;Inter\u00e8s Cultural<\/em> en la categoria <em>Conjunt Hist\u00f2ric-Art\u00edstic<\/em>. El turisme entrar\u00e0 amb for\u00e7a passant a constituir una important part de la seva activitat econ\u00f2mica, amb la proliferaci\u00f3 d&#8217;hotels, restaurants i cases rurals. Tot i aix\u00f2, \u00e9s important el manteniment de les activitats agr\u00edcola i ramadera i industrials.<\/p>\t\t\t\t\t\t\t\t<\/div>\n\t\t\t\t<\/div>\n\t\t\t\t<div class=\"elementor-element elementor-element-89ccb21 elementor-widget elementor-widget-menu-anchor\" data-id=\"89ccb21\" data-element_type=\"widget\" data-e-type=\"widget\" data-widget_type=\"menu-anchor.default\">\n\t\t\t\t<div class=\"elementor-widget-container\">\n\t\t\t\t\t\t\t<div class=\"elementor-menu-anchor\" id=\"c6904\"><\/div>\n\t\t\t\t\t\t<\/div>\n\t\t\t\t<\/div>\n\t\t\t\t<div class=\"elementor-element elementor-element-f5b0c59 elementor-widget elementor-widget-heading\" data-id=\"f5b0c59\" data-element_type=\"widget\" data-e-type=\"widget\" data-widget_type=\"heading.default\">\n\t\t\t\t<div class=\"elementor-widget-container\">\n\t\t\t\t\t<h2 class=\"elementor-heading-title elementor-size-default\">La visita a Li\u00e9rganes<\/h2>\t\t\t\t<\/div>\n\t\t\t\t<\/div>\n\t\t\t\t<div class=\"elementor-element elementor-element-e1a182f elementor-widget elementor-widget-text-editor\" data-id=\"e1a182f\" data-element_type=\"widget\" data-e-type=\"widget\" data-widget_type=\"text-editor.default\">\n\t\t\t\t<div class=\"elementor-widget-container\">\n\t\t\t\t\t\t\t\t\t<p>Com acabo d\u2019assenyalar, Li\u00e9rganes constitueix <em>un B\u00e9 d&#8217;Inter\u00e8s Cultural com Conjunt hist\u00f2ric-art\u00edstic<\/em> i en alguns dels seus edificis particulars.<\/p>\t\t\t\t\t\t\t\t<\/div>\n\t\t\t\t<\/div>\n\t\t\t\t<div class=\"elementor-element elementor-element-bce8240 elementor-widget elementor-widget-image\" data-id=\"bce8240\" data-element_type=\"widget\" data-e-type=\"widget\" data-widget_type=\"image.default\">\n\t\t\t\t<div class=\"elementor-widget-container\">\n\t\t\t\t\t\t\t\t\t\t\t\t<figure class=\"wp-caption\">\n\t\t\t\t\t\t\t\t\t\t<img fetchpriority=\"high\" decoding=\"async\" width=\"768\" height=\"512\" src=\"https:\/\/www.elturistatranquil.com\/wp-content\/uploads\/F01-Lierganes-Cantabria-Google-earth-2021-09-12.jpg\" class=\"attachment-large size-large wp-image-37030\" alt=\"Lierganes, Cantabria\" srcset=\"https:\/\/www.elturistatranquil.com\/wp-content\/uploads\/F01-Lierganes-Cantabria-Google-earth-2021-09-12.jpg 768w, https:\/\/www.elturistatranquil.com\/wp-content\/uploads\/F01-Lierganes-Cantabria-Google-earth-2021-09-12-339x226.jpg 339w\" sizes=\"(max-width: 768px) 100vw, 768px\" \/>\t\t\t\t\t\t\t\t\t\t\t<figcaption class=\"widget-image-caption wp-caption-text\">Li\u00e9rganes (Google earth 2021-09-12)<\/figcaption>\n\t\t\t\t\t\t\t\t\t\t<\/figure>\n\t\t\t\t\t\t\t\t\t<\/div>\n\t\t\t\t<\/div>\n\t\t\t\t<div class=\"elementor-element elementor-element-7402e86 elementor-widget elementor-widget-image\" data-id=\"7402e86\" data-element_type=\"widget\" data-e-type=\"widget\" data-widget_type=\"image.default\">\n\t\t\t\t<div class=\"elementor-widget-container\">\n\t\t\t\t\t\t\t\t\t\t\t\t<figure class=\"wp-caption\">\n\t\t\t\t\t\t\t\t\t\t<img loading=\"lazy\" decoding=\"async\" width=\"768\" height=\"512\" src=\"https:\/\/www.elturistatranquil.com\/wp-content\/uploads\/F07b-Lierganes-Cantabria-Google-maps-2021-09-21.jpg\" class=\"attachment-large size-large wp-image-37040\" alt=\"Lierganes, Cantabria (Google maps 2021-09-21)\" srcset=\"https:\/\/www.elturistatranquil.com\/wp-content\/uploads\/F07b-Lierganes-Cantabria-Google-maps-2021-09-21.jpg 768w, https:\/\/www.elturistatranquil.com\/wp-content\/uploads\/F07b-Lierganes-Cantabria-Google-maps-2021-09-21-339x226.jpg 339w\" sizes=\"(max-width: 768px) 100vw, 768px\" \/>\t\t\t\t\t\t\t\t\t\t\t<figcaption class=\"widget-image-caption wp-caption-text\">Li\u00e9rganes (Google maps 2021-09-21) <\/figcaption>\n\t\t\t\t\t\t\t\t\t\t<\/figure>\n\t\t\t\t\t\t\t\t\t<\/div>\n\t\t\t\t<\/div>\n\t\t\t\t<div class=\"elementor-element elementor-element-f698a8f elementor-widget elementor-widget-text-editor\" data-id=\"f698a8f\" data-element_type=\"widget\" data-e-type=\"widget\" data-widget_type=\"text-editor.default\">\n\t\t\t\t<div class=\"elementor-widget-container\">\n\t\t\t\t\t\t\t\t\t<p>Comen\u00e7arem la visita des dels aparcaments (<strong>PK<\/strong>) que es troben a banda i banda de l&#8217;estaci\u00f3 dels FEVE.<\/p>\t\t\t\t\t\t\t\t<\/div>\n\t\t\t\t<\/div>\n\t\t\t\t<div class=\"elementor-element elementor-element-7d990f03 elementor-widget elementor-widget-heading\" data-id=\"7d990f03\" data-element_type=\"widget\" data-e-type=\"widget\" data-widget_type=\"heading.default\">\n\t\t\t\t<div class=\"elementor-widget-container\">\n\t\t\t\t\t<h3 class=\"elementor-heading-title elementor-size-default\">Carrer Puente Romano<\/h3>\t\t\t\t<\/div>\n\t\t\t\t<\/div>\n\t\t\t\t<div class=\"elementor-element elementor-element-9d3731c elementor-widget elementor-widget-menu-anchor\" data-id=\"9d3731c\" data-element_type=\"widget\" data-e-type=\"widget\" data-widget_type=\"menu-anchor.default\">\n\t\t\t\t<div class=\"elementor-widget-container\">\n\t\t\t\t\t\t\t<div class=\"elementor-menu-anchor\" id=\"c6905\"><\/div>\n\t\t\t\t\t\t<\/div>\n\t\t\t\t<\/div>\n\t\t\t\t<div class=\"elementor-element elementor-element-fc91b68 elementor-widget elementor-widget-text-editor\" data-id=\"fc91b68\" data-element_type=\"widget\" data-e-type=\"widget\" data-widget_type=\"text-editor.default\">\n\t\t\t\t<div class=\"elementor-widget-container\">\n\t\t\t\t\t\t\t\t\t<p>Inicio el recorregut pel <strong>\u00a0carrer Puente Romano<\/strong>.<\/p>\t\t\t\t\t\t\t\t<\/div>\n\t\t\t\t<\/div>\n\t\t\t\t<div class=\"elementor-element elementor-element-262016df elementor-widget elementor-widget-heading\" data-id=\"262016df\" data-element_type=\"widget\" data-e-type=\"widget\" data-widget_type=\"heading.default\">\n\t\t\t\t<div class=\"elementor-widget-container\">\n\t\t\t\t\t<h4 class=\"elementor-heading-title elementor-size-default\">Pont Major o Pont Rom\u00e0<\/h4>\t\t\t\t<\/div>\n\t\t\t\t<\/div>\n\t\t\t\t<div class=\"elementor-element elementor-element-999a697 elementor-widget elementor-widget-text-editor\" data-id=\"999a697\" data-element_type=\"widget\" data-e-type=\"widget\" data-widget_type=\"text-editor.default\">\n\t\t\t\t<div class=\"elementor-widget-container\">\n\t\t\t\t\t\t\t\t\t<p>En direcci\u00f3 sud pel marge dret del riu Miera s&#8217;arriba al <strong>Pont Major<\/strong> (<strong>1<\/strong>), tamb\u00e9 conegut com <strong>Pont Rom\u00e0<\/strong>.<\/p><p>La seva construcci\u00f3 correspon a l&#8217;any 1606, aprofitant pedra del propi riu. Va haver de substituir un anterior pont de fusta.<\/p><p>\u00c9s de el tipus d\u2019esquena d&#8217;ase, amb un gran arc central de mig punt sobre la llera del Miera, i un altre m\u00e9s petit sobre el marge esquerra.<\/p><p>La construcci\u00f3 va ser iniciada per l&#8217;arquitecte Bartolom\u00e9 de Hermosa cap 1587 i si va finalitzar al comen\u00e7ament de segle XVII. Va formar part de la gran revoluci\u00f3 del transport que es va produir a Cant\u00e0bria a partir del segle XVI.<\/p>\t\t\t\t\t\t\t\t<\/div>\n\t\t\t\t<\/div>\n\t\t\t\t<div class=\"elementor-element elementor-element-5ef23bc elementor-widget elementor-widget-menu-anchor\" data-id=\"5ef23bc\" data-element_type=\"widget\" data-e-type=\"widget\" data-widget_type=\"menu-anchor.default\">\n\t\t\t\t<div class=\"elementor-widget-container\">\n\t\t\t\t\t\t\t<div class=\"elementor-menu-anchor\" id=\"c6906\"><\/div>\n\t\t\t\t\t\t<\/div>\n\t\t\t\t<\/div>\n\t\t\t\t<div class=\"elementor-element elementor-element-a5b26af elementor-widget elementor-widget-image\" data-id=\"a5b26af\" data-element_type=\"widget\" data-e-type=\"widget\" data-widget_type=\"image.default\">\n\t\t\t\t<div class=\"elementor-widget-container\">\n\t\t\t\t\t\t\t\t\t\t\t\t<figure class=\"wp-caption\">\n\t\t\t\t\t\t\t\t\t\t<img loading=\"lazy\" decoding=\"async\" width=\"768\" height=\"511\" src=\"https:\/\/www.elturistatranquil.com\/wp-content\/uploads\/F08-Puente-Mayor-Lierganes-Cantabria.jpg\" class=\"attachment-large size-large wp-image-37042\" alt=\"Puente Mayor, Lierganes, Cantabria\" srcset=\"https:\/\/www.elturistatranquil.com\/wp-content\/uploads\/F08-Puente-Mayor-Lierganes-Cantabria.jpg 768w, https:\/\/www.elturistatranquil.com\/wp-content\/uploads\/F08-Puente-Mayor-Lierganes-Cantabria-339x226.jpg 339w\" sizes=\"(max-width: 768px) 100vw, 768px\" \/>\t\t\t\t\t\t\t\t\t\t\t<figcaption class=\"widget-image-caption wp-caption-text\"><\/figcaption>\n\t\t\t\t\t\t\t\t\t\t<\/figure>\n\t\t\t\t\t\t\t\t\t<\/div>\n\t\t\t\t<\/div>\n\t\t\t\t<div class=\"elementor-element elementor-element-97d339b elementor-widget elementor-widget-heading\" data-id=\"97d339b\" data-element_type=\"widget\" data-e-type=\"widget\" data-widget_type=\"heading.default\">\n\t\t\t\t<div class=\"elementor-widget-container\">\n\t\t\t\t\t<h4 class=\"elementor-heading-title elementor-size-default\">Escultura de l'Home Peix<\/h4>\t\t\t\t<\/div>\n\t\t\t\t<\/div>\n\t\t\t\t<div class=\"elementor-element elementor-element-e580182 elementor-widget elementor-widget-text-editor\" data-id=\"e580182\" data-element_type=\"widget\" data-e-type=\"widget\" data-widget_type=\"text-editor.default\">\n\t\t\t\t<div class=\"elementor-widget-container\">\n\t\t\t\t\t\t\t\t\t<p>Formant part de la mitologia de Li\u00e9rganes destaca la llegenda de l<strong>&#8216;home peix<\/strong>, que gira entorn a Francisco de la Vega Casar, un personatge del segle XVII.<\/p><p>Desaparegut al mar, apareixer\u00e0 cinc anys m\u00e9s tard a Cadis, amb escates i forma de peix. De retorn a Li\u00e9rganes i reconegut per la seva mare, nou anys despr\u00e9s desapareixer\u00e0 de nou al mar, sense que es tinguessin m\u00e9s not\u00edcies d&#8217;ell.<\/p><p>Una escultura de l<strong>&#8216;home peix<\/strong> (<strong>2<\/strong>), assegut a la roca al costat del pilar de el pont Nou, reclama constantment l&#8217;atenci\u00f3 dels visitants.<\/p>\t\t\t\t\t\t\t\t<\/div>\n\t\t\t\t<\/div>\n\t\t\t\t<div class=\"elementor-element elementor-element-870687a elementor-widget elementor-widget-menu-anchor\" data-id=\"870687a\" data-element_type=\"widget\" data-e-type=\"widget\" data-widget_type=\"menu-anchor.default\">\n\t\t\t\t<div class=\"elementor-widget-container\">\n\t\t\t\t\t\t\t<div class=\"elementor-menu-anchor\" id=\"c6907\"><\/div>\n\t\t\t\t\t\t<\/div>\n\t\t\t\t<\/div>\n\t\t\t\t<div class=\"elementor-element elementor-element-a562c73 elementor-widget elementor-widget-image\" data-id=\"a562c73\" data-element_type=\"widget\" data-e-type=\"widget\" data-widget_type=\"image.default\">\n\t\t\t\t<div class=\"elementor-widget-container\">\n\t\t\t\t\t\t\t\t\t\t\t\t<figure class=\"wp-caption\">\n\t\t\t\t\t\t\t\t\t\t<img loading=\"lazy\" decoding=\"async\" width=\"768\" height=\"511\" src=\"https:\/\/www.elturistatranquil.com\/wp-content\/uploads\/F09-El-Hombre-Pez-Lierganes-Cantabria.jpg\" class=\"attachment-large size-large wp-image-37044\" alt=\"El Hombre Pez, Lierganes, Cantabria\" srcset=\"https:\/\/www.elturistatranquil.com\/wp-content\/uploads\/F09-El-Hombre-Pez-Lierganes-Cantabria.jpg 768w, https:\/\/www.elturistatranquil.com\/wp-content\/uploads\/F09-El-Hombre-Pez-Lierganes-Cantabria-339x226.jpg 339w\" sizes=\"(max-width: 768px) 100vw, 768px\" \/>\t\t\t\t\t\t\t\t\t\t\t<figcaption class=\"widget-image-caption wp-caption-text\"><\/figcaption>\n\t\t\t\t\t\t\t\t\t\t<\/figure>\n\t\t\t\t\t\t\t\t\t<\/div>\n\t\t\t\t<\/div>\n\t\t\t\t<div class=\"elementor-element elementor-element-c2ec3f1 elementor-widget elementor-widget-heading\" data-id=\"c2ec3f1\" data-element_type=\"widget\" data-e-type=\"widget\" data-widget_type=\"heading.default\">\n\t\t\t\t<div class=\"elementor-widget-container\">\n\t\t\t\t\t<h4 class=\"elementor-heading-title elementor-size-default\">Mol\u00ed de Mercadillo: Centre d'Interpretaci\u00f3 de l'Home Peix<\/h4>\t\t\t\t<\/div>\n\t\t\t\t<\/div>\n\t\t\t\t<div class=\"elementor-element elementor-element-16f11f6 elementor-widget elementor-widget-text-editor\" data-id=\"16f11f6\" data-element_type=\"widget\" data-e-type=\"widget\" data-widget_type=\"text-editor.default\">\n\t\t\t\t<div class=\"elementor-widget-container\">\n\t\t\t\t\t\t\t\t\t<p>Al costat del pont es troba un dels nombrosos molins d&#8217;aigua sobre el Miera. Va pert\u00e0nyer a la fam\u00edlia Rubalcaba com resa una inscripci\u00f3 a la llinda de la porta d&#8217;acc\u00e9s on, es llegeix la data de construcci\u00f3, 1667, encara en funcionament a finals de segle XIX.<\/p><p>En l&#8217;actualitat alberga el <strong>Centre d&#8217;interpretaci\u00f3 del &#8220;Home Peix&#8221;<\/strong> (<strong>3<\/strong>).<\/p>\t\t\t\t\t\t\t\t<\/div>\n\t\t\t\t<\/div>\n\t\t\t\t<div class=\"elementor-element elementor-element-46e5103 elementor-widget elementor-widget-image\" data-id=\"46e5103\" data-element_type=\"widget\" data-e-type=\"widget\" data-widget_type=\"image.default\">\n\t\t\t\t<div class=\"elementor-widget-container\">\n\t\t\t\t\t\t\t\t\t\t\t\t<figure class=\"wp-caption\">\n\t\t\t\t\t\t\t\t\t\t<img loading=\"lazy\" decoding=\"async\" width=\"768\" height=\"511\" src=\"https:\/\/www.elturistatranquil.com\/wp-content\/uploads\/F10-Molino-de-Mercadillo-Centro-de-Interpretacion-del-Hombre-Pez-Lierganes-Cantabria.jpg\" class=\"attachment-large size-large wp-image-37046\" alt=\"Molino de Mercadillo Centro de Interpretaci\u00f3n del Hombre Pez, Lierganes, Cantabria\" srcset=\"https:\/\/www.elturistatranquil.com\/wp-content\/uploads\/F10-Molino-de-Mercadillo-Centro-de-Interpretacion-del-Hombre-Pez-Lierganes-Cantabria.jpg 768w, https:\/\/www.elturistatranquil.com\/wp-content\/uploads\/F10-Molino-de-Mercadillo-Centro-de-Interpretacion-del-Hombre-Pez-Lierganes-Cantabria-339x226.jpg 339w\" sizes=\"(max-width: 768px) 100vw, 768px\" \/>\t\t\t\t\t\t\t\t\t\t\t<figcaption class=\"widget-image-caption wp-caption-text\"><\/figcaption>\n\t\t\t\t\t\t\t\t\t\t<\/figure>\n\t\t\t\t\t\t\t\t\t<\/div>\n\t\t\t\t<\/div>\n\t\t\t\t<div class=\"elementor-element elementor-element-a4b8e8f elementor-widget elementor-widget-heading\" data-id=\"a4b8e8f\" data-element_type=\"widget\" data-e-type=\"widget\" data-widget_type=\"heading.default\">\n\t\t\t\t<div class=\"elementor-widget-container\">\n\t\t\t\t\t<h3 class=\"elementor-heading-title elementor-size-default\">Barrio de Mercadillo<\/h3>\t\t\t\t<\/div>\n\t\t\t\t<\/div>\n\t\t\t\t<div class=\"elementor-element elementor-element-e7cd764 elementor-widget elementor-widget-text-editor\" data-id=\"e7cd764\" data-element_type=\"widget\" data-e-type=\"widget\" data-widget_type=\"text-editor.default\">\n\t\t\t\t<div class=\"elementor-widget-container\">\n\t\t\t\t\t\t\t\t\t<p>Ens endinsem cap al <strong>barri de Mercadillo<\/strong> per la part antiga del municipi, entre murs de pedra.<\/p>\t\t\t\t\t\t\t\t<\/div>\n\t\t\t\t<\/div>\n\t\t\t\t<div class=\"elementor-element elementor-element-c021b2a elementor-widget elementor-widget-image\" data-id=\"c021b2a\" data-element_type=\"widget\" data-e-type=\"widget\" data-widget_type=\"image.default\">\n\t\t\t\t<div class=\"elementor-widget-container\">\n\t\t\t\t\t\t\t\t\t\t\t\t<figure class=\"wp-caption\">\n\t\t\t\t\t\t\t\t\t\t<img loading=\"lazy\" decoding=\"async\" width=\"768\" height=\"511\" src=\"https:\/\/www.elturistatranquil.com\/wp-content\/uploads\/F11-Lierganes-Cantabria.jpg\" class=\"attachment-large size-large wp-image-37048\" alt=\"Lierganes, Cantabria\" srcset=\"https:\/\/www.elturistatranquil.com\/wp-content\/uploads\/F11-Lierganes-Cantabria.jpg 768w, https:\/\/www.elturistatranquil.com\/wp-content\/uploads\/F11-Lierganes-Cantabria-339x226.jpg 339w\" sizes=\"(max-width: 768px) 100vw, 768px\" \/>\t\t\t\t\t\t\t\t\t\t\t<figcaption class=\"widget-image-caption wp-caption-text\"><\/figcaption>\n\t\t\t\t\t\t\t\t\t\t<\/figure>\n\t\t\t\t\t\t\t\t\t<\/div>\n\t\t\t\t<\/div>\n\t\t\t\t<div class=\"elementor-element elementor-element-9a30d6b elementor-widget elementor-widget-heading\" data-id=\"9a30d6b\" data-element_type=\"widget\" data-e-type=\"widget\" data-widget_type=\"heading.default\">\n\t\t\t\t<div class=\"elementor-widget-container\">\n\t\t\t\t\t<h3 class=\"elementor-heading-title elementor-size-default\">Carrer Jan Curtius<\/h3>\t\t\t\t<\/div>\n\t\t\t\t<\/div>\n\t\t\t\t<div class=\"elementor-element elementor-element-d9b018a elementor-widget elementor-widget-menu-anchor\" data-id=\"d9b018a\" data-element_type=\"widget\" data-e-type=\"widget\" data-widget_type=\"menu-anchor.default\">\n\t\t\t\t<div class=\"elementor-widget-container\">\n\t\t\t\t\t\t\t<div class=\"elementor-menu-anchor\" id=\"c6908\"><\/div>\n\t\t\t\t\t\t<\/div>\n\t\t\t\t<\/div>\n\t\t\t\t<div class=\"elementor-element elementor-element-6776a4c elementor-widget elementor-widget-text-editor\" data-id=\"6776a4c\" data-element_type=\"widget\" data-e-type=\"widget\" data-widget_type=\"text-editor.default\">\n\t\t\t\t<div class=\"elementor-widget-container\">\n\t\t\t\t\t\t\t\t\t<p>En el recorregut fins a la pla\u00e7a del Marqu\u00e8s de Valdecilla pel <strong>carrer Jan Curtius<\/strong> trobem els casalots m\u00e9s ben conservades dels segles XVII i XVIII.<\/p>\t\t\t\t\t\t\t\t<\/div>\n\t\t\t\t<\/div>\n\t\t\t\t<div class=\"elementor-element elementor-element-f339ea5 elementor-widget elementor-widget-heading\" data-id=\"f339ea5\" data-element_type=\"widget\" data-e-type=\"widget\" data-widget_type=\"heading.default\">\n\t\t\t\t<div class=\"elementor-widget-container\">\n\t\t\t\t\t<h4 class=\"elementor-heading-title elementor-size-default\">Cases de Juan de la Ra\u00f1ada, Pascual de la Portilla i casa cantonera<\/h4>\t\t\t\t<\/div>\n\t\t\t\t<\/div>\n\t\t\t\t<div class=\"elementor-element elementor-element-6e01345 elementor-widget elementor-widget-text-editor\" data-id=\"6e01345\" data-element_type=\"widget\" data-e-type=\"widget\" data-widget_type=\"text-editor.default\">\n\t\t\t\t<div class=\"elementor-widget-container\">\n\t\t\t\t\t\t\t\t\t<p>Les cases contig\u00fces de <strong>Juan de la Ra\u00f1ada<\/strong> i de <strong>Pascual de la Portilla<\/strong> (<strong>4<\/strong>) s\u00f3n dues de les mostres m\u00e9s destacades de segle XVII.<\/p><p>Edificis de cadirat, amb portes d&#8217;arc de mig punt amb dovelles, amb la tradicional solana de fusta amb sostre.<\/p>\t\t\t\t\t\t\t\t<\/div>\n\t\t\t\t<\/div>\n\t\t\t\t<div class=\"elementor-element elementor-element-99fab17 elementor-widget elementor-widget-image\" data-id=\"99fab17\" data-element_type=\"widget\" data-e-type=\"widget\" data-widget_type=\"image.default\">\n\t\t\t\t<div class=\"elementor-widget-container\">\n\t\t\t\t\t\t\t\t\t\t\t\t<figure class=\"wp-caption\">\n\t\t\t\t\t\t\t\t\t\t<img loading=\"lazy\" decoding=\"async\" width=\"768\" height=\"511\" src=\"https:\/\/www.elturistatranquil.com\/wp-content\/uploads\/F12-Casa-de-Juan-de-la-Ranada-Lierganes-Cantabria.jpg\" class=\"attachment-large size-large wp-image-37050\" alt=\"Casa de Juan de la Ra\u00f1ada, Lierganes, Cantabria\" srcset=\"https:\/\/www.elturistatranquil.com\/wp-content\/uploads\/F12-Casa-de-Juan-de-la-Ranada-Lierganes-Cantabria.jpg 768w, https:\/\/www.elturistatranquil.com\/wp-content\/uploads\/F12-Casa-de-Juan-de-la-Ranada-Lierganes-Cantabria-339x226.jpg 339w\" sizes=\"(max-width: 768px) 100vw, 768px\" \/>\t\t\t\t\t\t\t\t\t\t\t<figcaption class=\"widget-image-caption wp-caption-text\"><\/figcaption>\n\t\t\t\t\t\t\t\t\t\t<\/figure>\n\t\t\t\t\t\t\t\t\t<\/div>\n\t\t\t\t<\/div>\n\t\t\t\t<div class=\"elementor-element elementor-element-5e0be74 elementor-widget elementor-widget-text-editor\" data-id=\"5e0be74\" data-element_type=\"widget\" data-e-type=\"widget\" data-widget_type=\"text-editor.default\">\n\t\t\t\t<div class=\"elementor-widget-container\">\n\t\t\t\t\t\t\t\t\t<p>La casa de la cantonada va ser edificada al segle XIX seguint el model tradicional.<\/p>\t\t\t\t\t\t\t\t<\/div>\n\t\t\t\t<\/div>\n\t\t\t\t<div class=\"elementor-element elementor-element-b94ab48 elementor-widget elementor-widget-image\" data-id=\"b94ab48\" data-element_type=\"widget\" data-e-type=\"widget\" data-widget_type=\"image.default\">\n\t\t\t\t<div class=\"elementor-widget-container\">\n\t\t\t\t\t\t\t\t\t\t\t\t<figure class=\"wp-caption\">\n\t\t\t\t\t\t\t\t\t\t<img loading=\"lazy\" decoding=\"async\" width=\"768\" height=\"511\" src=\"https:\/\/www.elturistatranquil.com\/wp-content\/uploads\/F13-Casas-de-Juan-de-la-Ranada-Pascual-de-la-Portilla-y-casa-esquinera-Lierganes-Cantabria.jpg\" class=\"attachment-large size-large wp-image-37052\" alt=\"Casas de Juan de la Ra\u00f1ada, Pascual de la Portilla y casa esquinera, Lierganes, Cantabria\" srcset=\"https:\/\/www.elturistatranquil.com\/wp-content\/uploads\/F13-Casas-de-Juan-de-la-Ranada-Pascual-de-la-Portilla-y-casa-esquinera-Lierganes-Cantabria.jpg 768w, https:\/\/www.elturistatranquil.com\/wp-content\/uploads\/F13-Casas-de-Juan-de-la-Ranada-Pascual-de-la-Portilla-y-casa-esquinera-Lierganes-Cantabria-339x226.jpg 339w\" sizes=\"(max-width: 768px) 100vw, 768px\" \/>\t\t\t\t\t\t\t\t\t\t\t<figcaption class=\"widget-image-caption wp-caption-text\"><\/figcaption>\n\t\t\t\t\t\t\t\t\t\t<\/figure>\n\t\t\t\t\t\t\t\t\t<\/div>\n\t\t\t\t<\/div>\n\t\t\t\t<div class=\"elementor-element elementor-element-a661209 elementor-widget elementor-widget-text-editor\" data-id=\"a661209\" data-element_type=\"widget\" data-e-type=\"widget\" data-widget_type=\"text-editor.default\">\n\t\t\t\t<div class=\"elementor-widget-container\">\n\t\t\t\t\t\t\t\t\t<p>El \u00a0carrer Jan Curtius gira 90<sup>0<\/sup>, les cases que es troben al front continuen reproduint cases i casals blasonats d\u2019estil tradicional.<\/p>\t\t\t\t\t\t\t\t<\/div>\n\t\t\t\t<\/div>\n\t\t\t\t<div class=\"elementor-element elementor-element-a36dd75 elementor-widget elementor-widget-image\" data-id=\"a36dd75\" data-element_type=\"widget\" data-e-type=\"widget\" data-widget_type=\"image.default\">\n\t\t\t\t<div class=\"elementor-widget-container\">\n\t\t\t\t\t\t\t\t\t\t\t\t<figure class=\"wp-caption\">\n\t\t\t\t\t\t\t\t\t\t<img loading=\"lazy\" decoding=\"async\" width=\"768\" height=\"511\" src=\"https:\/\/www.elturistatranquil.com\/wp-content\/uploads\/F14-Lierganes-Cantabria.jpg\" class=\"attachment-large size-large wp-image-37054\" alt=\"Lierganes, Cantabria\" srcset=\"https:\/\/www.elturistatranquil.com\/wp-content\/uploads\/F14-Lierganes-Cantabria.jpg 768w, https:\/\/www.elturistatranquil.com\/wp-content\/uploads\/F14-Lierganes-Cantabria-339x226.jpg 339w\" sizes=\"(max-width: 768px) 100vw, 768px\" \/>\t\t\t\t\t\t\t\t\t\t\t<figcaption class=\"widget-image-caption wp-caption-text\"><\/figcaption>\n\t\t\t\t\t\t\t\t\t\t<\/figure>\n\t\t\t\t\t\t\t\t\t<\/div>\n\t\t\t\t<\/div>\n\t\t\t\t<div class=\"elementor-element elementor-element-e39b5d4 elementor-widget elementor-widget-text-editor\" data-id=\"e39b5d4\" data-element_type=\"widget\" data-e-type=\"widget\" data-widget_type=\"text-editor.default\">\n\t\t\t\t<div class=\"elementor-widget-container\">\n\t\t\t\t\t\t\t\t\t<p>El blas\u00f3 aporta els noms de <strong>Ra\u00f1ada-Rubalcaba-Mercadillo<\/strong> (<strong>5<\/strong>).<\/p>\t\t\t\t\t\t\t\t<\/div>\n\t\t\t\t<\/div>\n\t\t\t\t<div class=\"elementor-element elementor-element-71b1e68 elementor-widget elementor-widget-image\" data-id=\"71b1e68\" data-element_type=\"widget\" data-e-type=\"widget\" data-widget_type=\"image.default\">\n\t\t\t\t<div class=\"elementor-widget-container\">\n\t\t\t\t\t\t\t\t\t\t\t\t<figure class=\"wp-caption\">\n\t\t\t\t\t\t\t\t\t\t<img loading=\"lazy\" decoding=\"async\" width=\"768\" height=\"511\" src=\"https:\/\/www.elturistatranquil.com\/wp-content\/uploads\/F15-Casa-Ranada-Rubalcaba-Mercadillo-Lierganes-Cantabria.jpg\" class=\"attachment-large size-large wp-image-37056\" alt=\"Casa Ra\u00f1ada-Rubalcaba-Mercadillo, Lierganes, Cantabria\" srcset=\"https:\/\/www.elturistatranquil.com\/wp-content\/uploads\/F15-Casa-Ranada-Rubalcaba-Mercadillo-Lierganes-Cantabria.jpg 768w, https:\/\/www.elturistatranquil.com\/wp-content\/uploads\/F15-Casa-Ranada-Rubalcaba-Mercadillo-Lierganes-Cantabria-339x226.jpg 339w\" sizes=\"(max-width: 768px) 100vw, 768px\" \/>\t\t\t\t\t\t\t\t\t\t\t<figcaption class=\"widget-image-caption wp-caption-text\"><\/figcaption>\n\t\t\t\t\t\t\t\t\t\t<\/figure>\n\t\t\t\t\t\t\t\t\t<\/div>\n\t\t\t\t<\/div>\n\t\t\t\t<div class=\"elementor-element elementor-element-6678224 elementor-widget elementor-widget-image\" data-id=\"6678224\" data-element_type=\"widget\" data-e-type=\"widget\" data-widget_type=\"image.default\">\n\t\t\t\t<div class=\"elementor-widget-container\">\n\t\t\t\t\t\t\t\t\t\t\t\t<figure class=\"wp-caption\">\n\t\t\t\t\t\t\t\t\t\t<img loading=\"lazy\" decoding=\"async\" width=\"768\" height=\"512\" src=\"https:\/\/www.elturistatranquil.com\/wp-content\/uploads\/F16-Casa-Ranada-Rubalcaba-Mercadillo-Lierganes-Cantabria.jpg\" class=\"attachment-large size-large wp-image-37058\" alt=\"Casa Ra\u00f1ada-Rubalcaba-Mercadillo, Lierganes, Cantabria\" srcset=\"https:\/\/www.elturistatranquil.com\/wp-content\/uploads\/F16-Casa-Ranada-Rubalcaba-Mercadillo-Lierganes-Cantabria.jpg 768w, https:\/\/www.elturistatranquil.com\/wp-content\/uploads\/F16-Casa-Ranada-Rubalcaba-Mercadillo-Lierganes-Cantabria-339x226.jpg 339w\" sizes=\"(max-width: 768px) 100vw, 768px\" \/>\t\t\t\t\t\t\t\t\t\t\t<figcaption class=\"widget-image-caption wp-caption-text\"><\/figcaption>\n\t\t\t\t\t\t\t\t\t\t<\/figure>\n\t\t\t\t\t\t\t\t\t<\/div>\n\t\t\t\t<\/div>\n\t\t\t\t<div class=\"elementor-element elementor-element-436b2a2 elementor-widget elementor-widget-menu-anchor\" data-id=\"436b2a2\" data-element_type=\"widget\" data-e-type=\"widget\" data-widget_type=\"menu-anchor.default\">\n\t\t\t\t<div class=\"elementor-widget-container\">\n\t\t\t\t\t\t\t<div class=\"elementor-menu-anchor\" id=\"c6909\"><\/div>\n\t\t\t\t\t\t<\/div>\n\t\t\t\t<\/div>\n\t\t\t\t<div class=\"elementor-element elementor-element-605b08f elementor-widget elementor-widget-heading\" data-id=\"605b08f\" data-element_type=\"widget\" data-e-type=\"widget\" data-widget_type=\"heading.default\">\n\t\t\t\t<div class=\"elementor-widget-container\">\n\t\t\t\t\t<h3 class=\"elementor-heading-title elementor-size-default\">Pla\u00e7a del Marqu\u00e9s de Valdecilla<\/h3>\t\t\t\t<\/div>\n\t\t\t\t<\/div>\n\t\t\t\t<div class=\"elementor-element elementor-element-f0251ce elementor-widget elementor-widget-heading\" data-id=\"f0251ce\" data-element_type=\"widget\" data-e-type=\"widget\" data-widget_type=\"heading.default\">\n\t\t\t\t<div class=\"elementor-widget-container\">\n\t\t\t\t\t<h4 class=\"elementor-heading-title elementor-size-default\">Casa Cuesta Mercadillo<\/h4>\t\t\t\t<\/div>\n\t\t\t\t<\/div>\n\t\t\t\t<div class=\"elementor-element elementor-element-969768e elementor-widget elementor-widget-text-editor\" data-id=\"969768e\" data-element_type=\"widget\" data-e-type=\"widget\" data-widget_type=\"text-editor.default\">\n\t\t\t\t<div class=\"elementor-widget-container\">\n\t\t\t\t\t\t\t\t\t<p>En el carrer d&#8217;entrada a la <strong>pla\u00e7a del Marqu\u00e8s de Valdecilla<\/strong>, la casa cantonera de <strong>Cuesta Mercadillo<\/strong> (<strong>6<\/strong>), com resa el blas\u00f3, dona acc\u00e9s a la pla\u00e7a.<\/p>\t\t\t\t\t\t\t\t<\/div>\n\t\t\t\t<\/div>\n\t\t\t\t<div class=\"elementor-element elementor-element-b8dde04 elementor-widget elementor-widget-image\" data-id=\"b8dde04\" data-element_type=\"widget\" data-e-type=\"widget\" data-widget_type=\"image.default\">\n\t\t\t\t<div class=\"elementor-widget-container\">\n\t\t\t\t\t\t\t\t\t\t\t\t<figure class=\"wp-caption\">\n\t\t\t\t\t\t\t\t\t\t<img loading=\"lazy\" decoding=\"async\" width=\"768\" height=\"511\" src=\"https:\/\/www.elturistatranquil.com\/wp-content\/uploads\/F17-Casa-de-Cuesta-Mercadillo-Lierganes-Cantabria.jpg\" class=\"attachment-large size-large wp-image-37060\" alt=\"Casa de Cuesta Mercadillo Lierganes, Cantabria\" srcset=\"https:\/\/www.elturistatranquil.com\/wp-content\/uploads\/F17-Casa-de-Cuesta-Mercadillo-Lierganes-Cantabria.jpg 768w, https:\/\/www.elturistatranquil.com\/wp-content\/uploads\/F17-Casa-de-Cuesta-Mercadillo-Lierganes-Cantabria-339x226.jpg 339w\" sizes=\"(max-width: 768px) 100vw, 768px\" \/>\t\t\t\t\t\t\t\t\t\t\t<figcaption class=\"widget-image-caption wp-caption-text\"><\/figcaption>\n\t\t\t\t\t\t\t\t\t\t<\/figure>\n\t\t\t\t\t\t\t\t\t<\/div>\n\t\t\t\t<\/div>\n\t\t\t\t<div class=\"elementor-element elementor-element-1fdfe5c elementor-widget elementor-widget-image\" data-id=\"1fdfe5c\" data-element_type=\"widget\" data-e-type=\"widget\" data-widget_type=\"image.default\">\n\t\t\t\t<div class=\"elementor-widget-container\">\n\t\t\t\t\t\t\t\t\t\t\t\t<figure class=\"wp-caption\">\n\t\t\t\t\t\t\t\t\t\t<img loading=\"lazy\" decoding=\"async\" width=\"768\" height=\"512\" src=\"https:\/\/www.elturistatranquil.com\/wp-content\/uploads\/F18-Casa-de-Cuesta-Mercadillo-Lierganes-Cantabria.jpg\" class=\"attachment-large size-large wp-image-37062\" alt=\"Casa de Cuesta Mercadillo Lierganes, Cantabria\" srcset=\"https:\/\/www.elturistatranquil.com\/wp-content\/uploads\/F18-Casa-de-Cuesta-Mercadillo-Lierganes-Cantabria.jpg 768w, https:\/\/www.elturistatranquil.com\/wp-content\/uploads\/F18-Casa-de-Cuesta-Mercadillo-Lierganes-Cantabria-339x226.jpg 339w\" sizes=\"(max-width: 768px) 100vw, 768px\" \/>\t\t\t\t\t\t\t\t\t\t\t<figcaption class=\"widget-image-caption wp-caption-text\"><\/figcaption>\n\t\t\t\t\t\t\t\t\t\t<\/figure>\n\t\t\t\t\t\t\t\t\t<\/div>\n\t\t\t\t<\/div>\n\t\t\t\t<div class=\"elementor-element elementor-element-c3df49d elementor-widget elementor-widget-text-editor\" data-id=\"c3df49d\" data-element_type=\"widget\" data-e-type=\"widget\" data-widget_type=\"text-editor.default\">\n\t\t\t\t<div class=\"elementor-widget-container\">\n\t\t\t\t\t\t\t\t\t<p>Sobre la pla\u00e7a rectangular sobresurten per darrere &#8220;las tetas de Li\u00e9rganes&#8221;. El carrer del fons a l&#8217;esquerra porta al riu i als terrenys que ocupava la f\u00e0brica d\u2019artilleria.<\/p>\t\t\t\t\t\t\t\t<\/div>\n\t\t\t\t<\/div>\n\t\t\t\t<div class=\"elementor-element elementor-element-4902bde elementor-widget elementor-widget-image\" data-id=\"4902bde\" data-element_type=\"widget\" data-e-type=\"widget\" data-widget_type=\"image.default\">\n\t\t\t\t<div class=\"elementor-widget-container\">\n\t\t\t\t\t\t\t\t\t\t\t\t<figure class=\"wp-caption\">\n\t\t\t\t\t\t\t\t\t\t<img loading=\"lazy\" decoding=\"async\" width=\"768\" height=\"512\" src=\"https:\/\/www.elturistatranquil.com\/wp-content\/uploads\/F19-Plaza-del-Marques-de-Valdecilla-Lierganes-Cantabria.jpg\" class=\"attachment-large size-large wp-image-37064\" alt=\"Plaza del Marqu\u00e9s de Valdecilla ,Lierganes, Cantabria\" srcset=\"https:\/\/www.elturistatranquil.com\/wp-content\/uploads\/F19-Plaza-del-Marques-de-Valdecilla-Lierganes-Cantabria.jpg 768w, https:\/\/www.elturistatranquil.com\/wp-content\/uploads\/F19-Plaza-del-Marques-de-Valdecilla-Lierganes-Cantabria-339x226.jpg 339w\" sizes=\"(max-width: 768px) 100vw, 768px\" \/>\t\t\t\t\t\t\t\t\t\t\t<figcaption class=\"widget-image-caption wp-caption-text\"><\/figcaption>\n\t\t\t\t\t\t\t\t\t\t<\/figure>\n\t\t\t\t\t\t\t\t\t<\/div>\n\t\t\t\t<\/div>\n\t\t\t\t<div class=\"elementor-element elementor-element-f90c383 elementor-widget elementor-widget-image\" data-id=\"f90c383\" data-element_type=\"widget\" data-e-type=\"widget\" data-widget_type=\"image.default\">\n\t\t\t\t<div class=\"elementor-widget-container\">\n\t\t\t\t\t\t\t\t\t\t\t\t<figure class=\"wp-caption\">\n\t\t\t\t\t\t\t\t\t\t<img loading=\"lazy\" decoding=\"async\" width=\"768\" height=\"511\" src=\"https:\/\/www.elturistatranquil.com\/wp-content\/uploads\/F20a-Plaza-del-Marques-de-Valdecilla-Lierganes-Cantabria.jpg\" class=\"attachment-large size-large wp-image-37066\" alt=\"Plaza del Marqu\u00e9s de Valdecilla ,Lierganes, Cantabria\" srcset=\"https:\/\/www.elturistatranquil.com\/wp-content\/uploads\/F20a-Plaza-del-Marques-de-Valdecilla-Lierganes-Cantabria.jpg 768w, https:\/\/www.elturistatranquil.com\/wp-content\/uploads\/F20a-Plaza-del-Marques-de-Valdecilla-Lierganes-Cantabria-339x226.jpg 339w\" sizes=\"(max-width: 768px) 100vw, 768px\" \/>\t\t\t\t\t\t\t\t\t\t\t<figcaption class=\"widget-image-caption wp-caption-text\"><\/figcaption>\n\t\t\t\t\t\t\t\t\t\t<\/figure>\n\t\t\t\t\t\t\t\t\t<\/div>\n\t\t\t\t<\/div>\n\t\t\t\t<div class=\"elementor-element elementor-element-92ca474 elementor-widget elementor-widget-text-editor\" data-id=\"92ca474\" data-element_type=\"widget\" data-e-type=\"widget\" data-widget_type=\"text-editor.default\">\n\t\t\t\t<div class=\"elementor-widget-container\">\n\t\t\t\t\t\t\t\t\t<p>Com en gran nombre de cases de tota la poblaci\u00f3, aqu\u00ed s&#8217;observa la profusi\u00f3 de <strong>Cactus de Li\u00e9rganes<\/strong> (<em>Sedum Morganianum<\/em>) penjats de les parets i balcons. Es tracta d&#8217;una esp\u00e8cie origin\u00e0ria de sud de M\u00e8xic i de l&#8217;Am\u00e8rica Central. Aquesta profusi\u00f3 ha de tenir alguna explicaci\u00f3 que desconec.<\/p>\t\t\t\t\t\t\t\t<\/div>\n\t\t\t\t<\/div>\n\t\t\t\t<div class=\"elementor-element elementor-element-a3addb0 elementor-widget elementor-widget-image\" data-id=\"a3addb0\" data-element_type=\"widget\" data-e-type=\"widget\" data-widget_type=\"image.default\">\n\t\t\t\t<div class=\"elementor-widget-container\">\n\t\t\t\t\t\t\t\t\t\t\t\t<figure class=\"wp-caption\">\n\t\t\t\t\t\t\t\t\t\t<img loading=\"lazy\" decoding=\"async\" width=\"768\" height=\"511\" src=\"https:\/\/www.elturistatranquil.com\/wp-content\/uploads\/F20b-Cactus-de-Lierganes-Sedum-Morganianum-Lierganes-Cantabria.jpg\" class=\"attachment-large size-large wp-image-37068\" alt=\"Cactus de Li\u00e9rganes (Sedum Morganianum) , Lierganes, Cantabria\" srcset=\"https:\/\/www.elturistatranquil.com\/wp-content\/uploads\/F20b-Cactus-de-Lierganes-Sedum-Morganianum-Lierganes-Cantabria.jpg 768w, https:\/\/www.elturistatranquil.com\/wp-content\/uploads\/F20b-Cactus-de-Lierganes-Sedum-Morganianum-Lierganes-Cantabria-339x226.jpg 339w\" sizes=\"(max-width: 768px) 100vw, 768px\" \/>\t\t\t\t\t\t\t\t\t\t\t<figcaption class=\"widget-image-caption wp-caption-text\"><\/figcaption>\n\t\t\t\t\t\t\t\t\t\t<\/figure>\n\t\t\t\t\t\t\t\t\t<\/div>\n\t\t\t\t<\/div>\n\t\t\t\t<div class=\"elementor-element elementor-element-ac9c3ef elementor-widget elementor-widget-menu-anchor\" data-id=\"ac9c3ef\" data-element_type=\"widget\" data-e-type=\"widget\" data-widget_type=\"menu-anchor.default\">\n\t\t\t\t<div class=\"elementor-widget-container\">\n\t\t\t\t\t\t\t<div class=\"elementor-menu-anchor\" id=\"c6910\"><\/div>\n\t\t\t\t\t\t<\/div>\n\t\t\t\t<\/div>\n\t\t\t\t<div class=\"elementor-element elementor-element-07c0cc9 elementor-widget elementor-widget-image\" data-id=\"07c0cc9\" data-element_type=\"widget\" data-e-type=\"widget\" data-widget_type=\"image.default\">\n\t\t\t\t<div class=\"elementor-widget-container\">\n\t\t\t\t\t\t\t\t\t\t\t\t<figure class=\"wp-caption\">\n\t\t\t\t\t\t\t\t\t\t<img loading=\"lazy\" decoding=\"async\" width=\"768\" height=\"512\" src=\"https:\/\/www.elturistatranquil.com\/wp-content\/uploads\/F20c-Cactus-de-Lierganes-Sedum-Morganianum-Lierganes-Cantabria.jpg\" class=\"attachment-large size-large wp-image-37070\" alt=\"Cactus de Li\u00e9rganes (Sedum Morganianum) , Lierganes, Cantabria\" srcset=\"https:\/\/www.elturistatranquil.com\/wp-content\/uploads\/F20c-Cactus-de-Lierganes-Sedum-Morganianum-Lierganes-Cantabria.jpg 768w, https:\/\/www.elturistatranquil.com\/wp-content\/uploads\/F20c-Cactus-de-Lierganes-Sedum-Morganianum-Lierganes-Cantabria-339x226.jpg 339w\" sizes=\"(max-width: 768px) 100vw, 768px\" \/>\t\t\t\t\t\t\t\t\t\t\t<figcaption class=\"widget-image-caption wp-caption-text\"><\/figcaption>\n\t\t\t\t\t\t\t\t\t\t<\/figure>\n\t\t\t\t\t\t\t\t\t<\/div>\n\t\t\t\t<\/div>\n\t\t\t\t<div class=\"elementor-element elementor-element-f0e2d54 elementor-widget elementor-widget-heading\" data-id=\"f0e2d54\" data-element_type=\"widget\" data-e-type=\"widget\" data-widget_type=\"heading.default\">\n\t\t\t\t<div class=\"elementor-widget-container\">\n\t\t\t\t\t<h4 class=\"elementor-heading-title elementor-size-default\">Casa dels Canons<\/h4>\t\t\t\t<\/div>\n\t\t\t\t<\/div>\n\t\t\t\t<div class=\"elementor-element elementor-element-9c4eaad elementor-widget elementor-widget-text-editor\" data-id=\"9c4eaad\" data-element_type=\"widget\" data-e-type=\"widget\" data-widget_type=\"text-editor.default\">\n\t\t\t\t<div class=\"elementor-widget-container\">\n\t\t\t\t\t\t\t\t\t<p>La casa palatina que presideix la pla\u00e7a \u00e9s la <strong>casa dels Cantolla Miera<\/strong>, popularment coneguda com <strong>casa dels canons<\/strong> (<strong>7<\/strong>), pels dos canons clavats en les dues cantonades de la fa\u00e7ana, que rememoren el lloc on es trobava la f\u00e0brica de canons de Li\u00e9rganes.<\/p><p>Va ser constru\u00efda en 1702 per Domingo de la Cantolla Miera, Secretari de la Inquisici\u00f3 General i cavaller de Santiago.<\/p><p>Constru\u00efda a l&#8217;estil dels palaus madrilenys de l&#8217;\u00e8poca, l&#8217;edifici t\u00e9 dues plantes, amb fa\u00e7ana de carreus, porta d&#8217;arc de llinda i brancals amb carreus encoixinats, un gran balc\u00f3 de ferro forjat i l&#8217;escut amb la inscripci\u00f3 de Cantolla Miera, sobre la Creu de Santiago,<\/p><p>En el mur lateral es troba l&#8217;arc que sost\u00e9 la creu i campana de la que va ser la capella del Carme, traslladada posteriorment a l&#8217;extrem de la finca.<\/p>\t\t\t\t\t\t\t\t<\/div>\n\t\t\t\t<\/div>\n\t\t\t\t<div class=\"elementor-element elementor-element-20a21bf elementor-widget elementor-widget-image\" data-id=\"20a21bf\" data-element_type=\"widget\" data-e-type=\"widget\" data-widget_type=\"image.default\">\n\t\t\t\t<div class=\"elementor-widget-container\">\n\t\t\t\t\t\t\t\t\t\t\t\t<figure class=\"wp-caption\">\n\t\t\t\t\t\t\t\t\t\t<img loading=\"lazy\" decoding=\"async\" width=\"768\" height=\"511\" src=\"https:\/\/www.elturistatranquil.com\/wp-content\/uploads\/F21-Casa-de-los-Canones-Lierganes-Cantabria.jpg\" class=\"attachment-large size-large wp-image-37072\" alt=\"Casa de los Ca\u00f1ones, Lierganes, Cantabria\" srcset=\"https:\/\/www.elturistatranquil.com\/wp-content\/uploads\/F21-Casa-de-los-Canones-Lierganes-Cantabria.jpg 768w, https:\/\/www.elturistatranquil.com\/wp-content\/uploads\/F21-Casa-de-los-Canones-Lierganes-Cantabria-339x226.jpg 339w\" sizes=\"(max-width: 768px) 100vw, 768px\" \/>\t\t\t\t\t\t\t\t\t\t\t<figcaption class=\"widget-image-caption wp-caption-text\"><\/figcaption>\n\t\t\t\t\t\t\t\t\t\t<\/figure>\n\t\t\t\t\t\t\t\t\t<\/div>\n\t\t\t\t<\/div>\n\t\t\t\t<div class=\"elementor-element elementor-element-f7a4e05 elementor-widget elementor-widget-image\" data-id=\"f7a4e05\" data-element_type=\"widget\" data-e-type=\"widget\" data-widget_type=\"image.default\">\n\t\t\t\t<div class=\"elementor-widget-container\">\n\t\t\t\t\t\t\t\t\t\t\t\t<figure class=\"wp-caption\">\n\t\t\t\t\t\t\t\t\t\t<img loading=\"lazy\" decoding=\"async\" width=\"768\" height=\"511\" src=\"https:\/\/www.elturistatranquil.com\/wp-content\/uploads\/F22a-Casa-de-los-Canones-Lierganes-Cantabria.jpg\" class=\"attachment-large size-large wp-image-37074\" alt=\"Casa de los Ca\u00f1ones, Lierganes, Cantabria\" srcset=\"https:\/\/www.elturistatranquil.com\/wp-content\/uploads\/F22a-Casa-de-los-Canones-Lierganes-Cantabria.jpg 768w, https:\/\/www.elturistatranquil.com\/wp-content\/uploads\/F22a-Casa-de-los-Canones-Lierganes-Cantabria-339x226.jpg 339w\" sizes=\"(max-width: 768px) 100vw, 768px\" \/>\t\t\t\t\t\t\t\t\t\t\t<figcaption class=\"widget-image-caption wp-caption-text\"><\/figcaption>\n\t\t\t\t\t\t\t\t\t\t<\/figure>\n\t\t\t\t\t\t\t\t\t<\/div>\n\t\t\t\t<\/div>\n\t\t\t\t<div class=\"elementor-element elementor-element-d9fc70b elementor-widget elementor-widget-image\" data-id=\"d9fc70b\" data-element_type=\"widget\" data-e-type=\"widget\" data-widget_type=\"image.default\">\n\t\t\t\t<div class=\"elementor-widget-container\">\n\t\t\t\t\t\t\t\t\t\t\t\t<figure class=\"wp-caption\">\n\t\t\t\t\t\t\t\t\t\t<img loading=\"lazy\" decoding=\"async\" width=\"768\" height=\"512\" src=\"https:\/\/www.elturistatranquil.com\/wp-content\/uploads\/F22b-Casa-de-los-Canones-Lierganes-Cantabria.jpg\" class=\"attachment-large size-large wp-image-37076\" alt=\"Casa de los Ca\u00f1ones, Lierganes, Cantabria\" srcset=\"https:\/\/www.elturistatranquil.com\/wp-content\/uploads\/F22b-Casa-de-los-Canones-Lierganes-Cantabria.jpg 768w, https:\/\/www.elturistatranquil.com\/wp-content\/uploads\/F22b-Casa-de-los-Canones-Lierganes-Cantabria-339x226.jpg 339w\" sizes=\"(max-width: 768px) 100vw, 768px\" \/>\t\t\t\t\t\t\t\t\t\t\t<figcaption class=\"widget-image-caption wp-caption-text\"><\/figcaption>\n\t\t\t\t\t\t\t\t\t\t<\/figure>\n\t\t\t\t\t\t\t\t\t<\/div>\n\t\t\t\t<\/div>\n\t\t\t\t<section class=\"elementor-section elementor-inner-section elementor-element elementor-element-222033a elementor-section-boxed elementor-section-height-default elementor-section-height-default\" data-id=\"222033a\" data-element_type=\"section\" data-e-type=\"section\">\n\t\t\t\t\t\t<div class=\"elementor-container elementor-column-gap-default\">\n\t\t\t\t\t<div class=\"elementor-column elementor-col-50 elementor-inner-column elementor-element elementor-element-df81e41\" data-id=\"df81e41\" data-element_type=\"column\" data-e-type=\"column\">\n\t\t\t<div class=\"elementor-widget-wrap elementor-element-populated\">\n\t\t\t\t\t\t<div class=\"elementor-element elementor-element-c2ac605 elementor-widget elementor-widget-image\" data-id=\"c2ac605\" data-element_type=\"widget\" data-e-type=\"widget\" data-widget_type=\"image.default\">\n\t\t\t\t<div class=\"elementor-widget-container\">\n\t\t\t\t\t\t\t\t\t\t\t\t\t\t\t<img loading=\"lazy\" decoding=\"async\" width=\"380\" height=\"380\" src=\"https:\/\/www.elturistatranquil.com\/wp-content\/uploads\/F23m-Casa-de-los-Canones-Lierganes-Cantabria.jpg\" class=\"attachment-large size-large wp-image-37078\" alt=\"Casa de los Ca\u00f1ones, Lierganes, Cantabria\" srcset=\"https:\/\/www.elturistatranquil.com\/wp-content\/uploads\/F23m-Casa-de-los-Canones-Lierganes-Cantabria.jpg 380w, https:\/\/www.elturistatranquil.com\/wp-content\/uploads\/F23m-Casa-de-los-Canones-Lierganes-Cantabria-226x226.jpg 226w\" sizes=\"(max-width: 380px) 100vw, 380px\" \/>\t\t\t\t\t\t\t\t\t\t\t\t\t\t\t<\/div>\n\t\t\t\t<\/div>\n\t\t\t\t\t<\/div>\n\t\t<\/div>\n\t\t\t\t<div class=\"elementor-column elementor-col-50 elementor-inner-column elementor-element elementor-element-368c379\" data-id=\"368c379\" data-element_type=\"column\" data-e-type=\"column\">\n\t\t\t<div class=\"elementor-widget-wrap elementor-element-populated\">\n\t\t\t\t\t\t<div class=\"elementor-element elementor-element-fcdac01 elementor-widget elementor-widget-image\" data-id=\"fcdac01\" data-element_type=\"widget\" data-e-type=\"widget\" data-widget_type=\"image.default\">\n\t\t\t\t<div class=\"elementor-widget-container\">\n\t\t\t\t\t\t\t\t\t\t\t\t\t\t\t<img loading=\"lazy\" decoding=\"async\" width=\"380\" height=\"380\" src=\"https:\/\/www.elturistatranquil.com\/wp-content\/uploads\/F23n-Casa-de-los-Canones-Lierganes-Cantabria.jpg\" class=\"attachment-large size-large wp-image-37080\" alt=\"Casa de los Ca\u00f1ones, Lierganes, Cantabria\" srcset=\"https:\/\/www.elturistatranquil.com\/wp-content\/uploads\/F23n-Casa-de-los-Canones-Lierganes-Cantabria.jpg 380w, https:\/\/www.elturistatranquil.com\/wp-content\/uploads\/F23n-Casa-de-los-Canones-Lierganes-Cantabria-226x226.jpg 226w\" sizes=\"(max-width: 380px) 100vw, 380px\" \/>\t\t\t\t\t\t\t\t\t\t\t\t\t\t\t<\/div>\n\t\t\t\t<\/div>\n\t\t\t\t\t<\/div>\n\t\t<\/div>\n\t\t\t\t\t<\/div>\n\t\t<\/section>\n\t\t\t\t<div class=\"elementor-element elementor-element-76a1764 elementor-widget elementor-widget-text-editor\" data-id=\"76a1764\" data-element_type=\"widget\" data-e-type=\"widget\" data-widget_type=\"text-editor.default\">\n\t\t\t\t<div class=\"elementor-widget-container\">\n\t\t\t\t\t\t\t\t\t<p>\u00a0<\/p><p>A la cantonada est, la <strong>casa Ra\u00f1ada Rubalcaba<\/strong> (<strong>8<\/strong>), de carreus amb tres portes d&#8217;arc de mig punt amb dovelles. Al costat de la balconada de la planta superior el blas\u00f3 de la fam\u00edlia ha estat mutilat.<\/p>\t\t\t\t\t\t\t\t<\/div>\n\t\t\t\t<\/div>\n\t\t\t\t<div class=\"elementor-element elementor-element-1bebac5 elementor-widget elementor-widget-image\" data-id=\"1bebac5\" data-element_type=\"widget\" data-e-type=\"widget\" data-widget_type=\"image.default\">\n\t\t\t\t<div class=\"elementor-widget-container\">\n\t\t\t\t\t\t\t\t\t\t\t\t<figure class=\"wp-caption\">\n\t\t\t\t\t\t\t\t\t\t<img loading=\"lazy\" decoding=\"async\" width=\"768\" height=\"512\" src=\"https:\/\/www.elturistatranquil.com\/wp-content\/uploads\/F24-casa-de-Ranada-Rubalcaba-Lierganes-Cantabria.jpg\" class=\"attachment-large size-large wp-image-37082\" alt=\"casa de Ra\u00f1ada Rubalcaba, Lierganes, Cantabria\" srcset=\"https:\/\/www.elturistatranquil.com\/wp-content\/uploads\/F24-casa-de-Ranada-Rubalcaba-Lierganes-Cantabria.jpg 768w, https:\/\/www.elturistatranquil.com\/wp-content\/uploads\/F24-casa-de-Ranada-Rubalcaba-Lierganes-Cantabria-339x226.jpg 339w\" sizes=\"(max-width: 768px) 100vw, 768px\" \/>\t\t\t\t\t\t\t\t\t\t\t<figcaption class=\"widget-image-caption wp-caption-text\"><\/figcaption>\n\t\t\t\t\t\t\t\t\t\t<\/figure>\n\t\t\t\t\t\t\t\t\t<\/div>\n\t\t\t\t<\/div>\n\t\t\t\t<div class=\"elementor-element elementor-element-5560c5c elementor-widget elementor-widget-heading\" data-id=\"5560c5c\" data-element_type=\"widget\" data-e-type=\"widget\" data-widget_type=\"heading.default\">\n\t\t\t\t<div class=\"elementor-widget-container\">\n\t\t\t\t\t<h3 class=\"elementor-heading-title elementor-size-default\">Carrer Convento<\/h3>\t\t\t\t<\/div>\n\t\t\t\t<\/div>\n\t\t\t\t<div class=\"elementor-element elementor-element-b16ad05 elementor-widget elementor-widget-menu-anchor\" data-id=\"b16ad05\" data-element_type=\"widget\" data-e-type=\"widget\" data-widget_type=\"menu-anchor.default\">\n\t\t\t\t<div class=\"elementor-widget-container\">\n\t\t\t\t\t\t\t<div class=\"elementor-menu-anchor\" id=\"c6911\"><\/div>\n\t\t\t\t\t\t<\/div>\n\t\t\t\t<\/div>\n\t\t\t\t<div class=\"elementor-element elementor-element-28eec08 elementor-widget elementor-widget-text-editor\" data-id=\"28eec08\" data-element_type=\"widget\" data-e-type=\"widget\" data-widget_type=\"text-editor.default\">\n\t\t\t\t<div class=\"elementor-widget-container\">\n\t\t\t\t\t\t\t\t\t<p>Pel lateral oest de la casa dels Canons prossegueix el <strong>\u00a0carrer Convento<\/strong>.<\/p>\t\t\t\t\t\t\t\t<\/div>\n\t\t\t\t<\/div>\n\t\t\t\t<div class=\"elementor-element elementor-element-3ed3347 elementor-widget elementor-widget-heading\" data-id=\"3ed3347\" data-element_type=\"widget\" data-e-type=\"widget\" data-widget_type=\"heading.default\">\n\t\t\t\t<div class=\"elementor-widget-container\">\n\t\t\t\t\t<h4 class=\"elementor-heading-title elementor-size-default\">Capella del Carmen i Col\u00b7legi de Senyoretes<\/h4>\t\t\t\t<\/div>\n\t\t\t\t<\/div>\n\t\t\t\t<div class=\"elementor-element elementor-element-941f26c elementor-widget elementor-widget-text-editor\" data-id=\"941f26c\" data-element_type=\"widget\" data-e-type=\"widget\" data-widget_type=\"text-editor.default\">\n\t\t\t\t<div class=\"elementor-widget-container\">\n\t\t\t\t\t\t\t\t\t<p>La <strong>capella del Carmen<\/strong> (<strong>9<\/strong>) va ser traslladada al segle XIX a l&#8217;altre extern de la finca, a la fi del primer tram del carrer, sobre una capella anterior dedicada a Sant Francesc.<\/p><p>Al seu costat es va fundar en 1870 un &#8220;<strong>Col\u00b7legi de Nenes o Senyoretes<\/strong>&#8221; per iniciativa del senyor Pius de la Cuesta Cantolla.<\/p><p>Actualment l&#8217;edifici est\u00e0 reconvertit en Hotel.<\/p>\t\t\t\t\t\t\t\t<\/div>\n\t\t\t\t<\/div>\n\t\t\t\t<div class=\"elementor-element elementor-element-bce29d3 elementor-widget elementor-widget-menu-anchor\" data-id=\"bce29d3\" data-element_type=\"widget\" data-e-type=\"widget\" data-widget_type=\"menu-anchor.default\">\n\t\t\t\t<div class=\"elementor-widget-container\">\n\t\t\t\t\t\t\t<div class=\"elementor-menu-anchor\" id=\"c6912\"><\/div>\n\t\t\t\t\t\t<\/div>\n\t\t\t\t<\/div>\n\t\t\t\t<div class=\"elementor-element elementor-element-0a43ed9 elementor-widget elementor-widget-image\" data-id=\"0a43ed9\" data-element_type=\"widget\" data-e-type=\"widget\" data-widget_type=\"image.default\">\n\t\t\t\t<div class=\"elementor-widget-container\">\n\t\t\t\t\t\t\t\t\t\t\t\t<figure class=\"wp-caption\">\n\t\t\t\t\t\t\t\t\t\t<img loading=\"lazy\" decoding=\"async\" width=\"768\" height=\"512\" src=\"https:\/\/www.elturistatranquil.com\/wp-content\/uploads\/F25-Capilla-del-Carmen-y-Colegio-de-Senoritas-Lierganes-Cantabria.jpg\" class=\"attachment-large size-large wp-image-37084\" alt=\"Capilla del Carmen y Colegio de Se\u00f1oritas, Lierganes, Cantabria\" srcset=\"https:\/\/www.elturistatranquil.com\/wp-content\/uploads\/F25-Capilla-del-Carmen-y-Colegio-de-Senoritas-Lierganes-Cantabria.jpg 768w, https:\/\/www.elturistatranquil.com\/wp-content\/uploads\/F25-Capilla-del-Carmen-y-Colegio-de-Senoritas-Lierganes-Cantabria-339x226.jpg 339w\" sizes=\"(max-width: 768px) 100vw, 768px\" \/>\t\t\t\t\t\t\t\t\t\t\t<figcaption class=\"widget-image-caption wp-caption-text\"><\/figcaption>\n\t\t\t\t\t\t\t\t\t\t<\/figure>\n\t\t\t\t\t\t\t\t\t<\/div>\n\t\t\t\t<\/div>\n\t\t\t\t<div class=\"elementor-element elementor-element-6ee9bc7 elementor-widget elementor-widget-heading\" data-id=\"6ee9bc7\" data-element_type=\"widget\" data-e-type=\"widget\" data-widget_type=\"heading.default\">\n\t\t\t\t<div class=\"elementor-widget-container\">\n\t\t\t\t\t<h4 class=\"elementor-heading-title elementor-size-default\">Casa Langre<\/h4>\t\t\t\t<\/div>\n\t\t\t\t<\/div>\n\t\t\t\t<div class=\"elementor-element elementor-element-3ad6e6d elementor-widget elementor-widget-text-editor\" data-id=\"3ad6e6d\" data-element_type=\"widget\" data-e-type=\"widget\" data-widget_type=\"text-editor.default\">\n\t\t\t\t<div class=\"elementor-widget-container\">\n\t\t\t\t\t\t\t\t\t<p>La carrer Convent efectua un gir davant la capella. A mitja tram de carrer s&#8217;al\u00e7a la casona <strong>casa Langre<\/strong> (<strong>10<\/strong>), constru\u00efda en 1650 en estil classicista, i reformada al segle XIX.<\/p><p>Gran edifici amb teulada a quatre aig\u00fces, amb la fa\u00e7ana de cadirat. Dues portades d&#8217;arc escarser, amb reixes forjades, situades asim\u00e8tricament, mentre que la planta superior mostra una disposici\u00f3 sim\u00e8trica amb un balc\u00f3 i dues finestres.<\/p><p>Als costats de la balconada, amb reixa forjada, dos escuts. El de l&#8217;esquerra dels Langre-Mercadillao-Miera, i el de la dreta de Ra\u00f1ada-Rubalcaba.<\/p>\t\t\t\t\t\t\t\t<\/div>\n\t\t\t\t<\/div>\n\t\t\t\t<div class=\"elementor-element elementor-element-b09dc7f elementor-widget elementor-widget-image\" data-id=\"b09dc7f\" data-element_type=\"widget\" data-e-type=\"widget\" data-widget_type=\"image.default\">\n\t\t\t\t<div class=\"elementor-widget-container\">\n\t\t\t\t\t\t\t\t\t\t\t\t<figure class=\"wp-caption\">\n\t\t\t\t\t\t\t\t\t\t<img loading=\"lazy\" decoding=\"async\" width=\"768\" height=\"512\" src=\"https:\/\/www.elturistatranquil.com\/wp-content\/uploads\/F26-Calle-Convento-Lierganes-Cantabria.jpg\" class=\"attachment-large size-large wp-image-37086\" alt=\"Calle Convento, Lierganes, Cantabria\" srcset=\"https:\/\/www.elturistatranquil.com\/wp-content\/uploads\/F26-Calle-Convento-Lierganes-Cantabria.jpg 768w, https:\/\/www.elturistatranquil.com\/wp-content\/uploads\/F26-Calle-Convento-Lierganes-Cantabria-339x226.jpg 339w\" sizes=\"(max-width: 768px) 100vw, 768px\" \/>\t\t\t\t\t\t\t\t\t\t\t<figcaption class=\"widget-image-caption wp-caption-text\"><\/figcaption>\n\t\t\t\t\t\t\t\t\t\t<\/figure>\n\t\t\t\t\t\t\t\t\t<\/div>\n\t\t\t\t<\/div>\n\t\t\t\t<div class=\"elementor-element elementor-element-e31d198 elementor-widget elementor-widget-image\" data-id=\"e31d198\" data-element_type=\"widget\" data-e-type=\"widget\" data-widget_type=\"image.default\">\n\t\t\t\t<div class=\"elementor-widget-container\">\n\t\t\t\t\t\t\t\t\t\t\t\t<figure class=\"wp-caption\">\n\t\t\t\t\t\t\t\t\t\t<img loading=\"lazy\" decoding=\"async\" width=\"768\" height=\"511\" src=\"https:\/\/www.elturistatranquil.com\/wp-content\/uploads\/F27-Casa-Langre-Lierganes-Cantabria.jpg\" class=\"attachment-large size-large wp-image-37091\" alt=\"Casa Langre, Lierganes, Cantabria\" srcset=\"https:\/\/www.elturistatranquil.com\/wp-content\/uploads\/F27-Casa-Langre-Lierganes-Cantabria.jpg 768w, https:\/\/www.elturistatranquil.com\/wp-content\/uploads\/F27-Casa-Langre-Lierganes-Cantabria-339x226.jpg 339w\" sizes=\"(max-width: 768px) 100vw, 768px\" \/>\t\t\t\t\t\t\t\t\t\t\t<figcaption class=\"widget-image-caption wp-caption-text\"><\/figcaption>\n\t\t\t\t\t\t\t\t\t\t<\/figure>\n\t\t\t\t\t\t\t\t\t<\/div>\n\t\t\t\t<\/div>\n\t\t\t\t<div class=\"elementor-element elementor-element-a0ba61e elementor-widget elementor-widget-text-editor\" data-id=\"a0ba61e\" data-element_type=\"widget\" data-e-type=\"widget\" data-widget_type=\"text-editor.default\">\n\t\t\t\t<div class=\"elementor-widget-container\">\n\t\t\t\t\t\t\t\t\t<p>Si alg\u00fa est\u00e0 interessat pot comprar-la ja que, com es pot veure a la fotografia, en el moment de la visita estava en venda.<\/p>\t\t\t\t\t\t\t\t<\/div>\n\t\t\t\t<\/div>\n\t\t\t\t<div class=\"elementor-element elementor-element-11ec73d elementor-widget elementor-widget-image\" data-id=\"11ec73d\" data-element_type=\"widget\" data-e-type=\"widget\" data-widget_type=\"image.default\">\n\t\t\t\t<div class=\"elementor-widget-container\">\n\t\t\t\t\t\t\t\t\t\t\t\t<figure class=\"wp-caption\">\n\t\t\t\t\t\t\t\t\t\t<img loading=\"lazy\" decoding=\"async\" width=\"768\" height=\"511\" src=\"https:\/\/www.elturistatranquil.com\/wp-content\/uploads\/F28-Casa-Langre-Lierganes-Cantabria.jpg\" class=\"attachment-large size-large wp-image-37093\" alt=\"Casa Langre, Lierganes, Cantabria\" srcset=\"https:\/\/www.elturistatranquil.com\/wp-content\/uploads\/F28-Casa-Langre-Lierganes-Cantabria.jpg 768w, https:\/\/www.elturistatranquil.com\/wp-content\/uploads\/F28-Casa-Langre-Lierganes-Cantabria-339x226.jpg 339w\" sizes=\"(max-width: 768px) 100vw, 768px\" \/>\t\t\t\t\t\t\t\t\t\t\t<figcaption class=\"widget-image-caption wp-caption-text\"><\/figcaption>\n\t\t\t\t\t\t\t\t\t\t<\/figure>\n\t\t\t\t\t\t\t\t\t<\/div>\n\t\t\t\t<\/div>\n\t\t\t\t<div class=\"elementor-element elementor-element-2ee0c44 elementor-widget elementor-widget-heading\" data-id=\"2ee0c44\" data-element_type=\"widget\" data-e-type=\"widget\" data-widget_type=\"heading.default\">\n\t\t\t\t<div class=\"elementor-widget-container\">\n\t\t\t\t\t<h3 class=\"elementor-heading-title elementor-size-default\">Carrer Mercadillo \u2013 CA-260<\/h3>\t\t\t\t<\/div>\n\t\t\t\t<\/div>\n\t\t\t\t<div class=\"elementor-element elementor-element-ad4ac9f elementor-widget elementor-widget-menu-anchor\" data-id=\"ad4ac9f\" data-element_type=\"widget\" data-e-type=\"widget\" data-widget_type=\"menu-anchor.default\">\n\t\t\t\t<div class=\"elementor-widget-container\">\n\t\t\t\t\t\t\t<div class=\"elementor-menu-anchor\" id=\"c6913\"><\/div>\n\t\t\t\t\t\t<\/div>\n\t\t\t\t<\/div>\n\t\t\t\t<div class=\"elementor-element elementor-element-98500c3 elementor-widget elementor-widget-text-editor\" data-id=\"98500c3\" data-element_type=\"widget\" data-e-type=\"widget\" data-widget_type=\"text-editor.default\">\n\t\t\t\t<div class=\"elementor-widget-container\">\n\t\t\t\t\t\t\t\t\t<p>Arribem a la <strong>\u00a0carrer Mercadillo, sobre la C-260<\/strong>. Girem en direcci\u00f3 sud cap a la sortida de la localitat.<\/p>\t\t\t\t\t\t\t\t<\/div>\n\t\t\t\t<\/div>\n\t\t\t\t<div class=\"elementor-element elementor-element-05d633b elementor-widget elementor-widget-heading\" data-id=\"05d633b\" data-element_type=\"widget\" data-e-type=\"widget\" data-widget_type=\"heading.default\">\n\t\t\t\t<div class=\"elementor-widget-container\">\n\t\t\t\t\t<h4 class=\"elementor-heading-title elementor-size-default\">Casa Seti\u00e9n<\/h4>\t\t\t\t<\/div>\n\t\t\t\t<\/div>\n\t\t\t\t<div class=\"elementor-element elementor-element-d3eb0a9 elementor-widget elementor-widget-text-editor\" data-id=\"d3eb0a9\" data-element_type=\"widget\" data-e-type=\"widget\" data-widget_type=\"text-editor.default\">\n\t\t\t\t<div class=\"elementor-widget-container\">\n\t\t\t\t\t\t\t\t\t<p>El primer gran palauet a l&#8217;esquerra, al n\u00famero 29, correspon a la <strong>casa Seti\u00e9n<\/strong> (<strong>11<\/strong>), una construcci\u00f3 classicista de segle XVI, 1565 segons un dels escuts, un dels edificis m\u00e9s antics de la localitat.<\/p><p>Com en tots els casalots de llinatge, la fa\u00e7ana principal \u00e9s de carreus en els seus tres nivells.<\/p>\t\t\t\t\t\t\t\t<\/div>\n\t\t\t\t<\/div>\n\t\t\t\t<div class=\"elementor-element elementor-element-622ce19 elementor-widget elementor-widget-image\" data-id=\"622ce19\" data-element_type=\"widget\" data-e-type=\"widget\" data-widget_type=\"image.default\">\n\t\t\t\t<div class=\"elementor-widget-container\">\n\t\t\t\t\t\t\t\t\t\t\t\t<figure class=\"wp-caption\">\n\t\t\t\t\t\t\t\t\t\t<img loading=\"lazy\" decoding=\"async\" width=\"768\" height=\"512\" src=\"https:\/\/www.elturistatranquil.com\/wp-content\/uploads\/F29-Casa-Setien-Lierganes-Cantabria.jpg\" class=\"attachment-large size-large wp-image-37095\" alt=\"Casa Setien, Lierganes, Cantabria\" srcset=\"https:\/\/www.elturistatranquil.com\/wp-content\/uploads\/F29-Casa-Setien-Lierganes-Cantabria.jpg 768w, https:\/\/www.elturistatranquil.com\/wp-content\/uploads\/F29-Casa-Setien-Lierganes-Cantabria-339x226.jpg 339w\" sizes=\"(max-width: 768px) 100vw, 768px\" \/>\t\t\t\t\t\t\t\t\t\t\t<figcaption class=\"widget-image-caption wp-caption-text\"><\/figcaption>\n\t\t\t\t\t\t\t\t\t\t<\/figure>\n\t\t\t\t\t\t\t\t\t<\/div>\n\t\t\t\t<\/div>\n\t\t\t\t<div class=\"elementor-element elementor-element-1bba747 elementor-widget elementor-widget-text-editor\" data-id=\"1bba747\" data-element_type=\"widget\" data-e-type=\"widget\" data-widget_type=\"text-editor.default\">\n\t\t\t\t<div class=\"elementor-widget-container\">\n\t\t\t\t\t\t\t\t\t<p>La porta \u00e9s d&#8217;arc el\u00b7l\u00edptic amb dovelles.<\/p>\t\t\t\t\t\t\t\t<\/div>\n\t\t\t\t<\/div>\n\t\t\t\t<div class=\"elementor-element elementor-element-1fe3436 elementor-widget elementor-widget-image\" data-id=\"1fe3436\" data-element_type=\"widget\" data-e-type=\"widget\" data-widget_type=\"image.default\">\n\t\t\t\t<div class=\"elementor-widget-container\">\n\t\t\t\t\t\t\t\t\t\t\t\t<figure class=\"wp-caption\">\n\t\t\t\t\t\t\t\t\t\t<img loading=\"lazy\" decoding=\"async\" width=\"768\" height=\"512\" src=\"https:\/\/www.elturistatranquil.com\/wp-content\/uploads\/F30-Casa-Setien-Lierganes-Cantabria.jpg\" class=\"attachment-large size-large wp-image-37097\" alt=\"Casa Setien, Lierganes, Cantabria\" srcset=\"https:\/\/www.elturistatranquil.com\/wp-content\/uploads\/F30-Casa-Setien-Lierganes-Cantabria.jpg 768w, https:\/\/www.elturistatranquil.com\/wp-content\/uploads\/F30-Casa-Setien-Lierganes-Cantabria-339x226.jpg 339w\" sizes=\"(max-width: 768px) 100vw, 768px\" \/>\t\t\t\t\t\t\t\t\t\t\t<figcaption class=\"widget-image-caption wp-caption-text\"><\/figcaption>\n\t\t\t\t\t\t\t\t\t\t<\/figure>\n\t\t\t\t\t\t\t\t\t<\/div>\n\t\t\t\t<\/div>\n\t\t\t\t<div class=\"elementor-element elementor-element-c71f6b3 elementor-widget elementor-widget-text-editor\" data-id=\"c71f6b3\" data-element_type=\"widget\" data-e-type=\"widget\" data-widget_type=\"text-editor.default\">\n\t\t\t\t<div class=\"elementor-widget-container\">\n\t\t\t\t\t\t\t\t\t<p>El pis principal mostra un balc\u00f3 de ferro forjat, una curiosa finestra amb una ornamentaci\u00f3 escult\u00f2rica que s&#8217;eleva fins a la segona planta, i dues finestres simples laterals.<\/p>\t\t\t\t\t\t\t\t<\/div>\n\t\t\t\t<\/div>\n\t\t\t\t<div class=\"elementor-element elementor-element-565618c elementor-widget elementor-widget-image\" data-id=\"565618c\" data-element_type=\"widget\" data-e-type=\"widget\" data-widget_type=\"image.default\">\n\t\t\t\t<div class=\"elementor-widget-container\">\n\t\t\t\t\t\t\t\t\t\t\t\t<figure class=\"wp-caption\">\n\t\t\t\t\t\t\t\t\t\t<img loading=\"lazy\" decoding=\"async\" width=\"768\" height=\"512\" src=\"https:\/\/www.elturistatranquil.com\/wp-content\/uploads\/F31-Casa-Setien-Lierganes-Cantabria.jpg\" class=\"attachment-large size-large wp-image-37099\" alt=\"Casa Setien, Lierganes, Cantabria\" srcset=\"https:\/\/www.elturistatranquil.com\/wp-content\/uploads\/F31-Casa-Setien-Lierganes-Cantabria.jpg 768w, https:\/\/www.elturistatranquil.com\/wp-content\/uploads\/F31-Casa-Setien-Lierganes-Cantabria-339x226.jpg 339w\" sizes=\"(max-width: 768px) 100vw, 768px\" \/>\t\t\t\t\t\t\t\t\t\t\t<figcaption class=\"widget-image-caption wp-caption-text\"><\/figcaption>\n\t\t\t\t\t\t\t\t\t\t<\/figure>\n\t\t\t\t\t\t\t\t\t<\/div>\n\t\t\t\t<\/div>\n\t\t\t\t<div class=\"elementor-element elementor-element-77c6e66 elementor-widget elementor-widget-image\" data-id=\"77c6e66\" data-element_type=\"widget\" data-e-type=\"widget\" data-widget_type=\"image.default\">\n\t\t\t\t<div class=\"elementor-widget-container\">\n\t\t\t\t\t\t\t\t\t\t\t\t<figure class=\"wp-caption\">\n\t\t\t\t\t\t\t\t\t\t<img loading=\"lazy\" decoding=\"async\" width=\"768\" height=\"511\" src=\"https:\/\/www.elturistatranquil.com\/wp-content\/uploads\/F32-Casa-Setien-Lierganes-Cantabria.jpg\" class=\"attachment-large size-large wp-image-37101\" alt=\"Casa Setien, Lierganes, Cantabria\" srcset=\"https:\/\/www.elturistatranquil.com\/wp-content\/uploads\/F32-Casa-Setien-Lierganes-Cantabria.jpg 768w, https:\/\/www.elturistatranquil.com\/wp-content\/uploads\/F32-Casa-Setien-Lierganes-Cantabria-339x226.jpg 339w\" sizes=\"(max-width: 768px) 100vw, 768px\" \/>\t\t\t\t\t\t\t\t\t\t\t<figcaption class=\"widget-image-caption wp-caption-text\"><\/figcaption>\n\t\t\t\t\t\t\t\t\t\t<\/figure>\n\t\t\t\t\t\t\t\t\t<\/div>\n\t\t\t\t<\/div>\n\t\t\t\t<div class=\"elementor-element elementor-element-8e39af1 elementor-widget elementor-widget-text-editor\" data-id=\"8e39af1\" data-element_type=\"widget\" data-e-type=\"widget\" data-widget_type=\"text-editor.default\">\n\t\t\t\t<div class=\"elementor-widget-container\">\n\t\t\t\t\t\t\t\t\t<p>A la part superior, sota el r\u00e0fec, es van disposar diverses g\u00e0rgoles.<\/p>\t\t\t\t\t\t\t\t<\/div>\n\t\t\t\t<\/div>\n\t\t\t\t<div class=\"elementor-element elementor-element-7eed2c1 elementor-widget elementor-widget-image\" data-id=\"7eed2c1\" data-element_type=\"widget\" data-e-type=\"widget\" data-widget_type=\"image.default\">\n\t\t\t\t<div class=\"elementor-widget-container\">\n\t\t\t\t\t\t\t\t\t\t\t\t<figure class=\"wp-caption\">\n\t\t\t\t\t\t\t\t\t\t<img loading=\"lazy\" decoding=\"async\" width=\"768\" height=\"512\" src=\"https:\/\/www.elturistatranquil.com\/wp-content\/uploads\/F33-Casa-Setien-Lierganes-Cantabria.jpg\" class=\"attachment-large size-large wp-image-37103\" alt=\"Casa Setien, Lierganes, Cantabria\" srcset=\"https:\/\/www.elturistatranquil.com\/wp-content\/uploads\/F33-Casa-Setien-Lierganes-Cantabria.jpg 768w, https:\/\/www.elturistatranquil.com\/wp-content\/uploads\/F33-Casa-Setien-Lierganes-Cantabria-339x226.jpg 339w\" sizes=\"(max-width: 768px) 100vw, 768px\" \/>\t\t\t\t\t\t\t\t\t\t\t<figcaption class=\"widget-image-caption wp-caption-text\"><\/figcaption>\n\t\t\t\t\t\t\t\t\t\t<\/figure>\n\t\t\t\t\t\t\t\t\t<\/div>\n\t\t\t\t<\/div>\n\t\t\t\t<div class=\"elementor-element elementor-element-b532aba elementor-widget elementor-widget-text-editor\" data-id=\"b532aba\" data-element_type=\"widget\" data-e-type=\"widget\" data-widget_type=\"text-editor.default\">\n\t\t\t\t<div class=\"elementor-widget-container\">\n\t\t\t\t\t\t\t\t\t<p>Avan\u00e7ant, al n\u00famero 33 tenim un exemple de <strong>casa &#8220;xalet&#8221; balne\u00e0ria<\/strong> (<strong>12<\/strong>) ja de finals de segle XIX o principis del XX.<\/p><p>Xalets d&#8217;aquest tipus i funci\u00f3 d&#8217;estiueig es van construir a l&#8217;esclat de l&#8217;obertura del Balneari i l&#8217;entrada de Li\u00e9rganes en aquest circuit d&#8217;estiueig.<\/p>\t\t\t\t\t\t\t\t<\/div>\n\t\t\t\t<\/div>\n\t\t\t\t<div class=\"elementor-element elementor-element-1f91fb4 elementor-widget elementor-widget-menu-anchor\" data-id=\"1f91fb4\" data-element_type=\"widget\" data-e-type=\"widget\" data-widget_type=\"menu-anchor.default\">\n\t\t\t\t<div class=\"elementor-widget-container\">\n\t\t\t\t\t\t\t<div class=\"elementor-menu-anchor\" id=\"c6914\"><\/div>\n\t\t\t\t\t\t<\/div>\n\t\t\t\t<\/div>\n\t\t\t\t<div class=\"elementor-element elementor-element-3d5bd3e elementor-widget elementor-widget-image\" data-id=\"3d5bd3e\" data-element_type=\"widget\" data-e-type=\"widget\" data-widget_type=\"image.default\">\n\t\t\t\t<div class=\"elementor-widget-container\">\n\t\t\t\t\t\t\t\t\t\t\t\t<figure class=\"wp-caption\">\n\t\t\t\t\t\t\t\t\t\t<img loading=\"lazy\" decoding=\"async\" width=\"768\" height=\"511\" src=\"https:\/\/www.elturistatranquil.com\/wp-content\/uploads\/F34-Lierganes-Cantabria.jpg\" class=\"attachment-large size-large wp-image-37105\" alt=\"Lierganes, Cantabria\" srcset=\"https:\/\/www.elturistatranquil.com\/wp-content\/uploads\/F34-Lierganes-Cantabria.jpg 768w, https:\/\/www.elturistatranquil.com\/wp-content\/uploads\/F34-Lierganes-Cantabria-339x226.jpg 339w\" sizes=\"(max-width: 768px) 100vw, 768px\" \/>\t\t\t\t\t\t\t\t\t\t\t<figcaption class=\"widget-image-caption wp-caption-text\"><\/figcaption>\n\t\t\t\t\t\t\t\t\t\t<\/figure>\n\t\t\t\t\t\t\t\t\t<\/div>\n\t\t\t\t<\/div>\n\t\t\t\t<div class=\"elementor-element elementor-element-6201163 elementor-widget elementor-widget-heading\" data-id=\"6201163\" data-element_type=\"widget\" data-e-type=\"widget\" data-widget_type=\"heading.default\">\n\t\t\t\t<div class=\"elementor-widget-container\">\n\t\t\t\t\t<h4 class=\"elementor-heading-title elementor-size-default\">Ermita del Santo Cristo del Humilladero i Casa Consistorial antiga<\/h4>\t\t\t\t<\/div>\n\t\t\t\t<\/div>\n\t\t\t\t<div class=\"elementor-element elementor-element-e9ccbf8 elementor-widget elementor-widget-text-editor\" data-id=\"e9ccbf8\" data-element_type=\"widget\" data-e-type=\"widget\" data-widget_type=\"text-editor.default\">\n\t\t\t\t<div class=\"elementor-widget-container\">\n\t\t\t\t\t\t\t\t\t<p>A 100 metres hi ha l\u2019<strong>Ermita del Santo Cristo del Humilladero<\/strong> (<strong>13<\/strong>), del segle XVI i estil classicista.<\/p><p>La fa\u00e7ana, als peus del temple, la formen una porta de llinda, un petit \u00f2cul, que sembla ser l&#8217;\u00fanica il\u00b7luminaci\u00f3 natural del temple, i una espadanya d&#8217;una campana.<\/p>\t\t\t\t\t\t\t\t<\/div>\n\t\t\t\t<\/div>\n\t\t\t\t<div class=\"elementor-element elementor-element-0b6afeb elementor-widget elementor-widget-image\" data-id=\"0b6afeb\" data-element_type=\"widget\" data-e-type=\"widget\" data-widget_type=\"image.default\">\n\t\t\t\t<div class=\"elementor-widget-container\">\n\t\t\t\t\t\t\t\t\t\t\t\t<figure class=\"wp-caption\">\n\t\t\t\t\t\t\t\t\t\t<img loading=\"lazy\" decoding=\"async\" width=\"768\" height=\"511\" src=\"https:\/\/www.elturistatranquil.com\/wp-content\/uploads\/F35-Ermita-del-Santo-Cristo-del-Humilladero-Lierganes-Cantabria.jpg\" class=\"attachment-large size-large wp-image-37107\" alt=\"Ermita del Santo Cristo del Humilladero, Lierganes, Cantabria\" srcset=\"https:\/\/www.elturistatranquil.com\/wp-content\/uploads\/F35-Ermita-del-Santo-Cristo-del-Humilladero-Lierganes-Cantabria.jpg 768w, https:\/\/www.elturistatranquil.com\/wp-content\/uploads\/F35-Ermita-del-Santo-Cristo-del-Humilladero-Lierganes-Cantabria-339x226.jpg 339w\" sizes=\"(max-width: 768px) 100vw, 768px\" \/>\t\t\t\t\t\t\t\t\t\t\t<figcaption class=\"widget-image-caption wp-caption-text\"><\/figcaption>\n\t\t\t\t\t\t\t\t\t\t<\/figure>\n\t\t\t\t\t\t\t\t\t<\/div>\n\t\t\t\t<\/div>\n\t\t\t\t<div class=\"elementor-element elementor-element-97e0fb3 elementor-widget elementor-widget-menu-anchor\" data-id=\"97e0fb3\" data-element_type=\"widget\" data-e-type=\"widget\" data-widget_type=\"menu-anchor.default\">\n\t\t\t\t<div class=\"elementor-widget-container\">\n\t\t\t\t\t\t\t<div class=\"elementor-menu-anchor\" id=\"c6915\"><\/div>\n\t\t\t\t\t\t<\/div>\n\t\t\t\t<\/div>\n\t\t\t\t<div class=\"elementor-element elementor-element-24b5569 elementor-widget elementor-widget-text-editor\" data-id=\"24b5569\" data-element_type=\"widget\" data-e-type=\"widget\" data-widget_type=\"text-editor.default\">\n\t\t\t\t<div class=\"elementor-widget-container\">\n\t\t\t\t\t\t\t\t\t<p>A l&#8217;edifici anterior se situava l&#8217;<strong>Antiga Casa de la Vila<\/strong> al segle XVIII.<\/p>\t\t\t\t\t\t\t\t<\/div>\n\t\t\t\t<\/div>\n\t\t\t\t<div class=\"elementor-element elementor-element-47c3abb elementor-widget elementor-widget-heading\" data-id=\"47c3abb\" data-element_type=\"widget\" data-e-type=\"widget\" data-widget_type=\"heading.default\">\n\t\t\t\t<div class=\"elementor-widget-container\">\n\t\t\t\t\t<h4 class=\"elementor-heading-title elementor-size-default\">Casa C\u00e1rcova Rubalcaba<\/h4>\t\t\t\t<\/div>\n\t\t\t\t<\/div>\n\t\t\t\t<div class=\"elementor-element elementor-element-e0405bc elementor-widget elementor-widget-text-editor\" data-id=\"e0405bc\" data-element_type=\"widget\" data-e-type=\"widget\" data-widget_type=\"text-editor.default\">\n\t\t\t\t<div class=\"elementor-widget-container\">\n\t\t\t\t\t\t\t\t\t<p>Al davant s&#8217;obren els camps de la <strong>casa de C\u00e1rcova Rubalcaba<\/strong> (<strong>14<\/strong>) del segle XVIII, constru\u00efda per Jos\u00e9 Domingo de la C\u00e1rcova Rubalcaba al 1764.<\/p>\t\t\t\t\t\t\t\t<\/div>\n\t\t\t\t<\/div>\n\t\t\t\t<div class=\"elementor-element elementor-element-46c3966 elementor-widget elementor-widget-image\" data-id=\"46c3966\" data-element_type=\"widget\" data-e-type=\"widget\" data-widget_type=\"image.default\">\n\t\t\t\t<div class=\"elementor-widget-container\">\n\t\t\t\t\t\t\t\t\t\t\t\t<figure class=\"wp-caption\">\n\t\t\t\t\t\t\t\t\t\t<img loading=\"lazy\" decoding=\"async\" width=\"768\" height=\"511\" src=\"https:\/\/www.elturistatranquil.com\/wp-content\/uploads\/F36-Casa-de-Carcova-Rubalcaba-Lierganes-Cantabria.jpg\" class=\"attachment-large size-large wp-image-37109\" alt=\"Casa de C\u00e1rcova Rubalcaba, Lierganes, Cantabria\" srcset=\"https:\/\/www.elturistatranquil.com\/wp-content\/uploads\/F36-Casa-de-Carcova-Rubalcaba-Lierganes-Cantabria.jpg 768w, https:\/\/www.elturistatranquil.com\/wp-content\/uploads\/F36-Casa-de-Carcova-Rubalcaba-Lierganes-Cantabria-339x226.jpg 339w\" sizes=\"(max-width: 768px) 100vw, 768px\" \/>\t\t\t\t\t\t\t\t\t\t\t<figcaption class=\"widget-image-caption wp-caption-text\"><\/figcaption>\n\t\t\t\t\t\t\t\t\t\t<\/figure>\n\t\t\t\t\t\t\t\t\t<\/div>\n\t\t\t\t<\/div>\n\t\t\t\t<div class=\"elementor-element elementor-element-a5b4e5a elementor-widget elementor-widget-text-editor\" data-id=\"a5b4e5a\" data-element_type=\"widget\" data-e-type=\"widget\" data-widget_type=\"text-editor.default\">\n\t\t\t\t<div class=\"elementor-widget-container\">\n\t\t\t\t\t\t\t\t\t<p>L&#8217;esplendor de la fam\u00edlia es concentra a la portada del mur d&#8217;acc\u00e9s.<\/p><p>Una arcada de mig punt de grans dovelles, sobre la qual s&#8217;assenta una barroca estructura amb els s\u00edmbols nobiliaris, amb els noms Bordas-Garrido, que per la difer\u00e8ncia de color de la pedra i la forma sembla superposat.<\/p>\t\t\t\t\t\t\t\t<\/div>\n\t\t\t\t<\/div>\n\t\t\t\t<div class=\"elementor-element elementor-element-00bd227 elementor-widget elementor-widget-image\" data-id=\"00bd227\" data-element_type=\"widget\" data-e-type=\"widget\" data-widget_type=\"image.default\">\n\t\t\t\t<div class=\"elementor-widget-container\">\n\t\t\t\t\t\t\t\t\t\t\t\t<figure class=\"wp-caption\">\n\t\t\t\t\t\t\t\t\t\t<img loading=\"lazy\" decoding=\"async\" width=\"768\" height=\"511\" src=\"https:\/\/www.elturistatranquil.com\/wp-content\/uploads\/F37-Casa-de-Carcova-Rubalcaba-Lierganes-Cantabria.jpg\" class=\"attachment-large size-large wp-image-37111\" alt=\"Casa de C\u00e1rcova Rubalcaba, Lierganes, Cantabria\" srcset=\"https:\/\/www.elturistatranquil.com\/wp-content\/uploads\/F37-Casa-de-Carcova-Rubalcaba-Lierganes-Cantabria.jpg 768w, https:\/\/www.elturistatranquil.com\/wp-content\/uploads\/F37-Casa-de-Carcova-Rubalcaba-Lierganes-Cantabria-339x226.jpg 339w\" sizes=\"(max-width: 768px) 100vw, 768px\" \/>\t\t\t\t\t\t\t\t\t\t\t<figcaption class=\"widget-image-caption wp-caption-text\"><\/figcaption>\n\t\t\t\t\t\t\t\t\t\t<\/figure>\n\t\t\t\t\t\t\t\t\t<\/div>\n\t\t\t\t<\/div>\n\t\t\t\t<div class=\"elementor-element elementor-element-1fd45b4 elementor-widget elementor-widget-image\" data-id=\"1fd45b4\" data-element_type=\"widget\" data-e-type=\"widget\" data-widget_type=\"image.default\">\n\t\t\t\t<div class=\"elementor-widget-container\">\n\t\t\t\t\t\t\t\t\t\t\t\t<figure class=\"wp-caption\">\n\t\t\t\t\t\t\t\t\t\t<img loading=\"lazy\" decoding=\"async\" width=\"768\" height=\"512\" src=\"https:\/\/www.elturistatranquil.com\/wp-content\/uploads\/F38-Casa-de-Carcova-Rubalcaba-Lierganes-Cantabria.jpg\" class=\"attachment-large size-large wp-image-37113\" alt=\"Casa de C\u00e1rcova Rubalcaba, Lierganes, Cantabria\" srcset=\"https:\/\/www.elturistatranquil.com\/wp-content\/uploads\/F38-Casa-de-Carcova-Rubalcaba-Lierganes-Cantabria.jpg 768w, https:\/\/www.elturistatranquil.com\/wp-content\/uploads\/F38-Casa-de-Carcova-Rubalcaba-Lierganes-Cantabria-339x226.jpg 339w\" sizes=\"(max-width: 768px) 100vw, 768px\" \/>\t\t\t\t\t\t\t\t\t\t\t<figcaption class=\"widget-image-caption wp-caption-text\"><\/figcaption>\n\t\t\t\t\t\t\t\t\t\t<\/figure>\n\t\t\t\t\t\t\t\t\t<\/div>\n\t\t\t\t<\/div>\n\t\t\t\t<div class=\"elementor-element elementor-element-cd602c4 elementor-widget elementor-widget-text-editor\" data-id=\"cd602c4\" data-element_type=\"widget\" data-e-type=\"widget\" data-widget_type=\"text-editor.default\">\n\t\t\t\t<div class=\"elementor-widget-container\">\n\t\t\t\t\t\t\t\t\t<p>Mentre que la gran casona a simple vista sembla m\u00e9s adaptada a les tasques agr\u00e0ries, on veiem encara pasturar ovelles en els seus prats.<\/p>\t\t\t\t\t\t\t\t<\/div>\n\t\t\t\t<\/div>\n\t\t\t\t<div class=\"elementor-element elementor-element-dbf32aa elementor-widget elementor-widget-menu-anchor\" data-id=\"dbf32aa\" data-element_type=\"widget\" data-e-type=\"widget\" data-widget_type=\"menu-anchor.default\">\n\t\t\t\t<div class=\"elementor-widget-container\">\n\t\t\t\t\t\t\t<div class=\"elementor-menu-anchor\" id=\"c6916\"><\/div>\n\t\t\t\t\t\t<\/div>\n\t\t\t\t<\/div>\n\t\t\t\t<div class=\"elementor-element elementor-element-0c255c5 elementor-widget elementor-widget-image\" data-id=\"0c255c5\" data-element_type=\"widget\" data-e-type=\"widget\" data-widget_type=\"image.default\">\n\t\t\t\t<div class=\"elementor-widget-container\">\n\t\t\t\t\t\t\t\t\t\t\t\t<figure class=\"wp-caption\">\n\t\t\t\t\t\t\t\t\t\t<img loading=\"lazy\" decoding=\"async\" width=\"768\" height=\"511\" src=\"https:\/\/www.elturistatranquil.com\/wp-content\/uploads\/F39-Casa-de-Carcova-Rubalcaba-Lierganes-Cantabria.jpg\" class=\"attachment-large size-large wp-image-37115\" alt=\"Casa de C\u00e1rcova Rubalcaba, Lierganes, Cantabria\" srcset=\"https:\/\/www.elturistatranquil.com\/wp-content\/uploads\/F39-Casa-de-Carcova-Rubalcaba-Lierganes-Cantabria.jpg 768w, https:\/\/www.elturistatranquil.com\/wp-content\/uploads\/F39-Casa-de-Carcova-Rubalcaba-Lierganes-Cantabria-339x226.jpg 339w\" sizes=\"(max-width: 768px) 100vw, 768px\" \/>\t\t\t\t\t\t\t\t\t\t\t<figcaption class=\"widget-image-caption wp-caption-text\"><\/figcaption>\n\t\t\t\t\t\t\t\t\t\t<\/figure>\n\t\t\t\t\t\t\t\t\t<\/div>\n\t\t\t\t<\/div>\n\t\t\t\t<div class=\"elementor-element elementor-element-e7fb179 elementor-widget elementor-widget-heading\" data-id=\"e7fb179\" data-element_type=\"widget\" data-e-type=\"widget\" data-widget_type=\"heading.default\">\n\t\t\t\t<div class=\"elementor-widget-container\">\n\t\t\t\t\t<h4 class=\"elementor-heading-title elementor-size-default\">Palau Juan Cuesta Mercadillo o de La Ra\u00f1ada<\/h4>\t\t\t\t<\/div>\n\t\t\t\t<\/div>\n\t\t\t\t<div class=\"elementor-element elementor-element-88ed550 elementor-widget elementor-widget-text-editor\" data-id=\"88ed550\" data-element_type=\"widget\" data-e-type=\"widget\" data-widget_type=\"text-editor.default\">\n\t\t\t\t<div class=\"elementor-widget-container\">\n\t\t\t\t\t\t\t\t\t<p>Catalogat com a <em>B\u00e9 d&#8217;Inter\u00e8s Cultural: Monument<\/em>.<\/p><p>La seg\u00fcent cantonada acull la finca del <strong>Palau de Cuesta Mercadillo<\/strong> o <strong>de la Ra\u00f1ada<\/strong> (<strong>15<\/strong>), llinatge format a partir de la uni\u00f3 al segle XV, de Juan Guti\u00e9rrez de la Cuesta amb Ana Guti\u00e9rrez de Mercadillo.<\/p><p>L&#8217;edifici es va construir en 1725 sobre les restes de l&#8217;antiga casa solar de la fam\u00edlia. En un rellotge de sol de la casa es pot llegir la data 1718 i a la capella l&#8217;any 1725.<\/p>\t\t\t\t\t\t\t\t<\/div>\n\t\t\t\t<\/div>\n\t\t\t\t<div class=\"elementor-element elementor-element-00413dc elementor-widget elementor-widget-image\" data-id=\"00413dc\" data-element_type=\"widget\" data-e-type=\"widget\" data-widget_type=\"image.default\">\n\t\t\t\t<div class=\"elementor-widget-container\">\n\t\t\t\t\t\t\t\t\t\t\t\t<figure class=\"wp-caption\">\n\t\t\t\t\t\t\t\t\t\t<img loading=\"lazy\" decoding=\"async\" width=\"768\" height=\"511\" src=\"https:\/\/www.elturistatranquil.com\/wp-content\/uploads\/F40-Palacio-de-Juan-Cuesta-Mercadillo-o-de-La-Ranada-Lierganes-Cantabria.jpg\" class=\"attachment-large size-large wp-image-37121\" alt=\"Palacio de Juan Cuesta Mercadillo o de La Ra\u00f1ada, Lierganes, Cantabria\" srcset=\"https:\/\/www.elturistatranquil.com\/wp-content\/uploads\/F40-Palacio-de-Juan-Cuesta-Mercadillo-o-de-La-Ranada-Lierganes-Cantabria.jpg 768w, https:\/\/www.elturistatranquil.com\/wp-content\/uploads\/F40-Palacio-de-Juan-Cuesta-Mercadillo-o-de-La-Ranada-Lierganes-Cantabria-339x226.jpg 339w\" sizes=\"(max-width: 768px) 100vw, 768px\" \/>\t\t\t\t\t\t\t\t\t\t\t<figcaption class=\"widget-image-caption wp-caption-text\"><\/figcaption>\n\t\t\t\t\t\t\t\t\t\t<\/figure>\n\t\t\t\t\t\t\t\t\t<\/div>\n\t\t\t\t<\/div>\n\t\t\t\t<div class=\"elementor-element elementor-element-2470375 elementor-widget elementor-widget-text-editor\" data-id=\"2470375\" data-element_type=\"widget\" data-e-type=\"widget\" data-widget_type=\"text-editor.default\">\n\t\t\t\t<div class=\"elementor-widget-container\">\n\t\t\t\t\t\t\t\t\t<p>El frontal presenta forma de &#8220;U&#8221; relacionada amb l&#8217;antiga tipologia medieval del <em>palatium<\/em>, on es recollien les rendes senyorials.<\/p><p>La primera, exterior respecte el l\u00edmit del carrer. La segona formant un pati d&#8217;entrada a l&#8217;edifici. En aquesta segona, un cos central al fons de la portalada d&#8217;entrada a l&#8217;edifici i dues ales conformen el pati; la dreta destinada a habitatge i la de l&#8217;esquerra allotjant la capella.<\/p>\t\t\t\t\t\t\t\t<\/div>\n\t\t\t\t<\/div>\n\t\t\t\t<div class=\"elementor-element elementor-element-1822b90 elementor-widget elementor-widget-image\" data-id=\"1822b90\" data-element_type=\"widget\" data-e-type=\"widget\" data-widget_type=\"image.default\">\n\t\t\t\t<div class=\"elementor-widget-container\">\n\t\t\t\t\t\t\t\t\t\t\t\t<figure class=\"wp-caption\">\n\t\t\t\t\t\t\t\t\t\t<img loading=\"lazy\" decoding=\"async\" width=\"768\" height=\"512\" src=\"https:\/\/www.elturistatranquil.com\/wp-content\/uploads\/F41-Palacio-de-Juan-Cuesta-Mercadillo-o-de-La-Ranada-Lierganes-Cantabria.jpg\" class=\"attachment-large size-large wp-image-37117\" alt=\"Palacio de Juan Cuesta Mercadillo o de La Ra\u00f1ada, Lierganes, Cantabria\" srcset=\"https:\/\/www.elturistatranquil.com\/wp-content\/uploads\/F41-Palacio-de-Juan-Cuesta-Mercadillo-o-de-La-Ranada-Lierganes-Cantabria.jpg 768w, https:\/\/www.elturistatranquil.com\/wp-content\/uploads\/F41-Palacio-de-Juan-Cuesta-Mercadillo-o-de-La-Ranada-Lierganes-Cantabria-339x226.jpg 339w\" sizes=\"(max-width: 768px) 100vw, 768px\" \/>\t\t\t\t\t\t\t\t\t\t\t<figcaption class=\"widget-image-caption wp-caption-text\"><\/figcaption>\n\t\t\t\t\t\t\t\t\t\t<\/figure>\n\t\t\t\t\t\t\t\t\t<\/div>\n\t\t\t\t<\/div>\n\t\t\t\t<div class=\"elementor-element elementor-element-7e5c74f elementor-widget elementor-widget-text-editor\" data-id=\"7e5c74f\" data-element_type=\"widget\" data-e-type=\"widget\" data-widget_type=\"text-editor.default\">\n\t\t\t\t<div class=\"elementor-widget-container\">\n\t\t\t\t\t\t\t\t\t<p>La fa\u00e7ana simple de carreus on s&#8217;obren tres arcs carpanells i tres finestres.<\/p>\t\t\t\t\t\t\t\t<\/div>\n\t\t\t\t<\/div>\n\t\t\t\t<div class=\"elementor-element elementor-element-f7053d1 elementor-widget elementor-widget-image\" data-id=\"f7053d1\" data-element_type=\"widget\" data-e-type=\"widget\" data-widget_type=\"image.default\">\n\t\t\t\t<div class=\"elementor-widget-container\">\n\t\t\t\t\t\t\t\t\t\t\t\t<figure class=\"wp-caption\">\n\t\t\t\t\t\t\t\t\t\t<img loading=\"lazy\" decoding=\"async\" width=\"768\" height=\"511\" src=\"https:\/\/www.elturistatranquil.com\/wp-content\/uploads\/F42-Palacio-de-Juan-Cuesta-Mercadillo-o-de-La-Ranada-Lierganes-Cantabria.jpg\" class=\"attachment-large size-large wp-image-37119\" alt=\"Palacio de Juan Cuesta Mercadillo o de La Ra\u00f1ada, Lierganes, Cantabria\" srcset=\"https:\/\/www.elturistatranquil.com\/wp-content\/uploads\/F42-Palacio-de-Juan-Cuesta-Mercadillo-o-de-La-Ranada-Lierganes-Cantabria.jpg 768w, https:\/\/www.elturistatranquil.com\/wp-content\/uploads\/F42-Palacio-de-Juan-Cuesta-Mercadillo-o-de-La-Ranada-Lierganes-Cantabria-339x226.jpg 339w\" sizes=\"(max-width: 768px) 100vw, 768px\" \/>\t\t\t\t\t\t\t\t\t\t\t<figcaption class=\"widget-image-caption wp-caption-text\"><\/figcaption>\n\t\t\t\t\t\t\t\t\t\t<\/figure>\n\t\t\t\t\t\t\t\t\t<\/div>\n\t\t\t\t<\/div>\n\t\t\t\t<div class=\"elementor-element elementor-element-1e4b66e elementor-widget elementor-widget-text-editor\" data-id=\"1e4b66e\" data-element_type=\"widget\" data-e-type=\"widget\" data-widget_type=\"text-editor.default\">\n\t\t\t\t<div class=\"elementor-widget-container\">\n\t\t\t\t\t\t\t\t\t<p>La portada que tanca el pati s&#8217;atribueix a un arquitecte diferent del de la casa, rematada per l&#8217;escut d&#8217;armes de Septi\u00e9n i Castillo, amb tres escudets en l&#8217;arc que es reparteixen els elements que componen les armes de la fam\u00edlia Septi\u00e9n.<\/p>\t\t\t\t\t\t\t\t<\/div>\n\t\t\t\t<\/div>\n\t\t\t\t<div class=\"elementor-element elementor-element-2ebad1c elementor-widget elementor-widget-image\" data-id=\"2ebad1c\" data-element_type=\"widget\" data-e-type=\"widget\" data-widget_type=\"image.default\">\n\t\t\t\t<div class=\"elementor-widget-container\">\n\t\t\t\t\t\t\t\t\t\t\t\t<figure class=\"wp-caption\">\n\t\t\t\t\t\t\t\t\t\t<img loading=\"lazy\" decoding=\"async\" width=\"768\" height=\"512\" src=\"https:\/\/www.elturistatranquil.com\/wp-content\/uploads\/F43-Palacio-de-Juan-Cuesta-Mercadillo-o-de-La-Ranada-Lierganes-Cantabria.jpg\" class=\"attachment-large size-large wp-image-37123\" alt=\"Palacio de Juan Cuesta Mercadillo o de La Ra\u00f1ada, Lierganes, Cantabria\" srcset=\"https:\/\/www.elturistatranquil.com\/wp-content\/uploads\/F43-Palacio-de-Juan-Cuesta-Mercadillo-o-de-La-Ranada-Lierganes-Cantabria.jpg 768w, https:\/\/www.elturistatranquil.com\/wp-content\/uploads\/F43-Palacio-de-Juan-Cuesta-Mercadillo-o-de-La-Ranada-Lierganes-Cantabria-339x226.jpg 339w\" sizes=\"(max-width: 768px) 100vw, 768px\" \/>\t\t\t\t\t\t\t\t\t\t\t<figcaption class=\"widget-image-caption wp-caption-text\"><\/figcaption>\n\t\t\t\t\t\t\t\t\t\t<\/figure>\n\t\t\t\t\t\t\t\t\t<\/div>\n\t\t\t\t<\/div>\n\t\t\t\t<div class=\"elementor-element elementor-element-1a4b338 elementor-widget elementor-widget-image\" data-id=\"1a4b338\" data-element_type=\"widget\" data-e-type=\"widget\" data-widget_type=\"image.default\">\n\t\t\t\t<div class=\"elementor-widget-container\">\n\t\t\t\t\t\t\t\t\t\t\t\t<figure class=\"wp-caption\">\n\t\t\t\t\t\t\t\t\t\t<img loading=\"lazy\" decoding=\"async\" width=\"768\" height=\"511\" src=\"https:\/\/www.elturistatranquil.com\/wp-content\/uploads\/F44-Palacio-de-Juan-Cuesta-Mercadillo-o-de-La-Ranada-Lierganes-Cantabria.jpg\" class=\"attachment-large size-large wp-image-37125\" alt=\"Palacio de Juan Cuesta Mercadillo o de La Ra\u00f1ada, Lierganes, Cantabria\" srcset=\"https:\/\/www.elturistatranquil.com\/wp-content\/uploads\/F44-Palacio-de-Juan-Cuesta-Mercadillo-o-de-La-Ranada-Lierganes-Cantabria.jpg 768w, https:\/\/www.elturistatranquil.com\/wp-content\/uploads\/F44-Palacio-de-Juan-Cuesta-Mercadillo-o-de-La-Ranada-Lierganes-Cantabria-339x226.jpg 339w\" sizes=\"(max-width: 768px) 100vw, 768px\" \/>\t\t\t\t\t\t\t\t\t\t\t<figcaption class=\"widget-image-caption wp-caption-text\"><\/figcaption>\n\t\t\t\t\t\t\t\t\t\t<\/figure>\n\t\t\t\t\t\t\t\t\t<\/div>\n\t\t\t\t<\/div>\n\t\t\t\t<div class=\"elementor-element elementor-element-0ceb071 elementor-widget elementor-widget-text-editor\" data-id=\"0ceb071\" data-element_type=\"widget\" data-e-type=\"widget\" data-widget_type=\"text-editor.default\">\n\t\t\t\t<div class=\"elementor-widget-container\">\n\t\t\t\t\t\t\t\t\t<p>La capella sota l&#8217;advocaci\u00f3 de la Verge de Guadalupe completa el conjunt. S&#8217;hi custodia una imatge de la Verge de Guadalupe, portada de M\u00e8xic per Juan de la Cuesta.<\/p>\t\t\t\t\t\t\t\t<\/div>\n\t\t\t\t<\/div>\n\t\t\t\t<div class=\"elementor-element elementor-element-437d06f elementor-widget elementor-widget-image\" data-id=\"437d06f\" data-element_type=\"widget\" data-e-type=\"widget\" data-widget_type=\"image.default\">\n\t\t\t\t<div class=\"elementor-widget-container\">\n\t\t\t\t\t\t\t\t\t\t\t\t<figure class=\"wp-caption\">\n\t\t\t\t\t\t\t\t\t\t<img loading=\"lazy\" decoding=\"async\" width=\"768\" height=\"512\" src=\"https:\/\/www.elturistatranquil.com\/wp-content\/uploads\/F45-Palacio-de-Juan-Cuesta-Mercadillo-o-de-La-Ranada-Lierganes-Cantabria.jpg\" class=\"attachment-large size-large wp-image-37127\" alt=\"Palacio de Juan Cuesta Mercadillo o de La Ra\u00f1ada, Lierganes, Cantabria\" srcset=\"https:\/\/www.elturistatranquil.com\/wp-content\/uploads\/F45-Palacio-de-Juan-Cuesta-Mercadillo-o-de-La-Ranada-Lierganes-Cantabria.jpg 768w, https:\/\/www.elturistatranquil.com\/wp-content\/uploads\/F45-Palacio-de-Juan-Cuesta-Mercadillo-o-de-La-Ranada-Lierganes-Cantabria-339x226.jpg 339w\" sizes=\"(max-width: 768px) 100vw, 768px\" \/>\t\t\t\t\t\t\t\t\t\t\t<figcaption class=\"widget-image-caption wp-caption-text\"><\/figcaption>\n\t\t\t\t\t\t\t\t\t\t<\/figure>\n\t\t\t\t\t\t\t\t\t<\/div>\n\t\t\t\t<\/div>\n\t\t\t\t<div class=\"elementor-element elementor-element-49f7921 elementor-widget elementor-widget-text-editor\" data-id=\"49f7921\" data-element_type=\"widget\" data-e-type=\"widget\" data-widget_type=\"text-editor.default\">\n\t\t\t\t<div class=\"elementor-widget-container\">\n\t\t\t\t\t\t\t\t\t<p>A la llinda de la porta de la capella pot llegir-se:<\/p><p>\u00a0\u201cGANAN 200 INDULGENCIAS TODAS LAS PERSONAS QUE HICIEREN DEVOTAMENTE UN ACTO DE CONTRIICCION DELANTE DE LA SANTISIMA IMAGEN DE N SE\u00d1ORA DE GUADALUPE CONCEDIDA POR EL SE\u00d1OR ARZOBISPO DE ZARAGOZA CON FACULTAD DE B<sup>to<\/sup> XIII\u201d<\/p>\t\t\t\t\t\t\t\t<\/div>\n\t\t\t\t<\/div>\n\t\t\t\t<div class=\"elementor-element elementor-element-0fab3b9 elementor-widget elementor-widget-image\" data-id=\"0fab3b9\" data-element_type=\"widget\" data-e-type=\"widget\" data-widget_type=\"image.default\">\n\t\t\t\t<div class=\"elementor-widget-container\">\n\t\t\t\t\t\t\t\t\t\t\t\t<figure class=\"wp-caption\">\n\t\t\t\t\t\t\t\t\t\t<img loading=\"lazy\" decoding=\"async\" width=\"768\" height=\"512\" src=\"https:\/\/www.elturistatranquil.com\/wp-content\/uploads\/F46-Palacio-de-Juan-Cuesta-Mercadillo-o-de-La-Ranada-Lierganes-Cantabria.jpg\" class=\"attachment-large size-large wp-image-37129\" alt=\"Palacio de Juan Cuesta Mercadillo o de La Ra\u00f1ada, Lierganes, Cantabria\" srcset=\"https:\/\/www.elturistatranquil.com\/wp-content\/uploads\/F46-Palacio-de-Juan-Cuesta-Mercadillo-o-de-La-Ranada-Lierganes-Cantabria.jpg 768w, https:\/\/www.elturistatranquil.com\/wp-content\/uploads\/F46-Palacio-de-Juan-Cuesta-Mercadillo-o-de-La-Ranada-Lierganes-Cantabria-339x226.jpg 339w\" sizes=\"(max-width: 768px) 100vw, 768px\" \/>\t\t\t\t\t\t\t\t\t\t\t<figcaption class=\"widget-image-caption wp-caption-text\"><\/figcaption>\n\t\t\t\t\t\t\t\t\t\t<\/figure>\n\t\t\t\t\t\t\t\t\t<\/div>\n\t\t\t\t<\/div>\n\t\t\t\t<div class=\"elementor-element elementor-element-de87b54 elementor-widget elementor-widget-text-editor\" data-id=\"de87b54\" data-element_type=\"widget\" data-e-type=\"widget\" data-widget_type=\"text-editor.default\">\n\t\t\t\t<div class=\"elementor-widget-container\">\n\t\t\t\t\t\t\t\t\t<p>Si alcem la vista des d&#8217;aquest punt ens trobem sota les &#8220;tetas de Li\u00e9rganes&#8221;.<\/p>\t\t\t\t\t\t\t\t<\/div>\n\t\t\t\t<\/div>\n\t\t\t\t<div class=\"elementor-element elementor-element-e4a4631 elementor-widget elementor-widget-image\" data-id=\"e4a4631\" data-element_type=\"widget\" data-e-type=\"widget\" data-widget_type=\"image.default\">\n\t\t\t\t<div class=\"elementor-widget-container\">\n\t\t\t\t\t\t\t\t\t\t\t\t<figure class=\"wp-caption\">\n\t\t\t\t\t\t\t\t\t\t<img loading=\"lazy\" decoding=\"async\" width=\"768\" height=\"511\" src=\"https:\/\/www.elturistatranquil.com\/wp-content\/uploads\/F04-Lierganes-Cantabria.jpg\" class=\"attachment-large size-large wp-image-37034\" alt=\"Lierganes, Cantabria\" srcset=\"https:\/\/www.elturistatranquil.com\/wp-content\/uploads\/F04-Lierganes-Cantabria.jpg 768w, https:\/\/www.elturistatranquil.com\/wp-content\/uploads\/F04-Lierganes-Cantabria-339x226.jpg 339w\" sizes=\"(max-width: 768px) 100vw, 768px\" \/>\t\t\t\t\t\t\t\t\t\t\t<figcaption class=\"widget-image-caption wp-caption-text\"><\/figcaption>\n\t\t\t\t\t\t\t\t\t\t<\/figure>\n\t\t\t\t\t\t\t\t\t<\/div>\n\t\t\t\t<\/div>\n\t\t\t\t<div class=\"elementor-element elementor-element-a4128de elementor-widget elementor-widget-heading\" data-id=\"a4128de\" data-element_type=\"widget\" data-e-type=\"widget\" data-widget_type=\"heading.default\">\n\t\t\t\t<div class=\"elementor-widget-container\">\n\t\t\t\t\t<h3 class=\"elementor-heading-title elementor-size-default\">Carrer Camino Real<\/h3>\t\t\t\t<\/div>\n\t\t\t\t<\/div>\n\t\t\t\t<div class=\"elementor-element elementor-element-1ca1920 elementor-widget elementor-widget-menu-anchor\" data-id=\"1ca1920\" data-element_type=\"widget\" data-e-type=\"widget\" data-widget_type=\"menu-anchor.default\">\n\t\t\t\t<div class=\"elementor-widget-container\">\n\t\t\t\t\t\t\t<div class=\"elementor-menu-anchor\" id=\"c6917\"><\/div>\n\t\t\t\t\t\t<\/div>\n\t\t\t\t<\/div>\n\t\t\t\t<div class=\"elementor-element elementor-element-5223377 elementor-widget elementor-widget-text-editor\" data-id=\"5223377\" data-element_type=\"widget\" data-e-type=\"widget\" data-widget_type=\"text-editor.default\">\n\t\t\t\t<div class=\"elementor-widget-container\">\n\t\t\t\t\t\t\t\t\t<p>Retorn per la mateixa CA-260, per\u00f2 prossegueixo pel tram que pren el nom de <strong>\u00a0carrer Camino Reial<\/strong> cap al centre.<\/p><p>Una de les cases d&#8217;aire colonial (o andal\u00fas per a alguns, anomenentla <strong>La Giraldilla<\/strong>) m\u00e9s destacades \u00e9s la <strong>casa Cacho<\/strong> (<strong>16<\/strong>), al n\u00famero 49, feta construir per Manuel Cacho Acebo.<\/p>\t\t\t\t\t\t\t\t<\/div>\n\t\t\t\t<\/div>\n\t\t\t\t<div class=\"elementor-element elementor-element-4fe53ff elementor-widget elementor-widget-heading\" data-id=\"4fe53ff\" data-element_type=\"widget\" data-e-type=\"widget\" data-widget_type=\"heading.default\">\n\t\t\t\t<div class=\"elementor-widget-container\">\n\t\t\t\t\t<h4 class=\"elementor-heading-title elementor-size-default\">Casa Cacho<\/h4>\t\t\t\t<\/div>\n\t\t\t\t<\/div>\n\t\t\t\t<div class=\"elementor-element elementor-element-5b0c26a elementor-widget elementor-widget-text-editor\" data-id=\"5b0c26a\" data-element_type=\"widget\" data-e-type=\"widget\" data-widget_type=\"text-editor.default\">\n\t\t\t\t<div class=\"elementor-widget-container\">\n\t\t\t\t\t\t\t\t\t<p>Una de les cases d&#8217;aire colonial (o andal\u00fas per a alguns, anomenentla <strong>La Giraldilla<\/strong>) m\u00e9s destacades \u00e9s la <strong>casa Cacho<\/strong> (<strong>16<\/strong>), al n\u00famero 49, feta construir per Manuel Cacho Acebo.<\/p>\t\t\t\t\t\t\t\t<\/div>\n\t\t\t\t<\/div>\n\t\t\t\t<div class=\"elementor-element elementor-element-0dc10e5 elementor-widget elementor-widget-image\" data-id=\"0dc10e5\" data-element_type=\"widget\" data-e-type=\"widget\" data-widget_type=\"image.default\">\n\t\t\t\t<div class=\"elementor-widget-container\">\n\t\t\t\t\t\t\t\t\t\t\t\t<figure class=\"wp-caption\">\n\t\t\t\t\t\t\t\t\t\t<img loading=\"lazy\" decoding=\"async\" width=\"768\" height=\"511\" src=\"https:\/\/www.elturistatranquil.com\/wp-content\/uploads\/F48-Casa-Cacho-Lierganes-Cantabria.jpg\" class=\"attachment-large size-large wp-image-37131\" alt=\"Casa Cacho , Lierganes, Cantabria\" srcset=\"https:\/\/www.elturistatranquil.com\/wp-content\/uploads\/F48-Casa-Cacho-Lierganes-Cantabria.jpg 768w, https:\/\/www.elturistatranquil.com\/wp-content\/uploads\/F48-Casa-Cacho-Lierganes-Cantabria-339x226.jpg 339w\" sizes=\"(max-width: 768px) 100vw, 768px\" \/>\t\t\t\t\t\t\t\t\t\t\t<figcaption class=\"widget-image-caption wp-caption-text\"><\/figcaption>\n\t\t\t\t\t\t\t\t\t\t<\/figure>\n\t\t\t\t\t\t\t\t\t<\/div>\n\t\t\t\t<\/div>\n\t\t\t\t<div class=\"elementor-element elementor-element-3cf9c5c elementor-widget elementor-widget-text-editor\" data-id=\"3cf9c5c\" data-element_type=\"widget\" data-e-type=\"widget\" data-widget_type=\"text-editor.default\">\n\t\t\t\t<div class=\"elementor-widget-container\">\n\t\t\t\t\t\t\t\t\t<p>A la cantonada seg\u00fcent veiem un exemple de construcci\u00f3 que mant\u00e9 els elements tradicionals.<\/p>\t\t\t\t\t\t\t\t<\/div>\n\t\t\t\t<\/div>\n\t\t\t\t<div class=\"elementor-element elementor-element-2af483b elementor-widget elementor-widget-image\" data-id=\"2af483b\" data-element_type=\"widget\" data-e-type=\"widget\" data-widget_type=\"image.default\">\n\t\t\t\t<div class=\"elementor-widget-container\">\n\t\t\t\t\t\t\t\t\t\t\t\t<figure class=\"wp-caption\">\n\t\t\t\t\t\t\t\t\t\t<img loading=\"lazy\" decoding=\"async\" width=\"768\" height=\"511\" src=\"https:\/\/www.elturistatranquil.com\/wp-content\/uploads\/F49-Lierganes-Cantabria.jpg\" class=\"attachment-large size-large wp-image-37133\" alt=\"Lierganes, Cantabria\" srcset=\"https:\/\/www.elturistatranquil.com\/wp-content\/uploads\/F49-Lierganes-Cantabria.jpg 768w, https:\/\/www.elturistatranquil.com\/wp-content\/uploads\/F49-Lierganes-Cantabria-339x226.jpg 339w\" sizes=\"(max-width: 768px) 100vw, 768px\" \/>\t\t\t\t\t\t\t\t\t\t\t<figcaption class=\"widget-image-caption wp-caption-text\"><\/figcaption>\n\t\t\t\t\t\t\t\t\t\t<\/figure>\n\t\t\t\t\t\t\t\t\t<\/div>\n\t\t\t\t<\/div>\n\t\t\t\t<div class=\"elementor-element elementor-element-f991cce elementor-widget elementor-widget-text-editor\" data-id=\"f991cce\" data-element_type=\"widget\" data-e-type=\"widget\" data-widget_type=\"text-editor.default\">\n\t\t\t\t<div class=\"elementor-widget-container\">\n\t\t\t\t\t\t\t\t\t<p>Pel cam\u00ed, em permeto tafanejar en algun portal.<\/p>\t\t\t\t\t\t\t\t<\/div>\n\t\t\t\t<\/div>\n\t\t\t\t<div class=\"elementor-element elementor-element-dfeb29a elementor-widget elementor-widget-image\" data-id=\"dfeb29a\" data-element_type=\"widget\" data-e-type=\"widget\" data-widget_type=\"image.default\">\n\t\t\t\t<div class=\"elementor-widget-container\">\n\t\t\t\t\t\t\t\t\t\t\t\t<figure class=\"wp-caption\">\n\t\t\t\t\t\t\t\t\t\t<img loading=\"lazy\" decoding=\"async\" width=\"768\" height=\"512\" src=\"https:\/\/www.elturistatranquil.com\/wp-content\/uploads\/F50-Lierganes-Cantabria.jpg\" class=\"attachment-large size-large wp-image-37135\" alt=\"Lierganes, Cantabria\" srcset=\"https:\/\/www.elturistatranquil.com\/wp-content\/uploads\/F50-Lierganes-Cantabria.jpg 768w, https:\/\/www.elturistatranquil.com\/wp-content\/uploads\/F50-Lierganes-Cantabria-339x226.jpg 339w\" sizes=\"(max-width: 768px) 100vw, 768px\" \/>\t\t\t\t\t\t\t\t\t\t\t<figcaption class=\"widget-image-caption wp-caption-text\"><\/figcaption>\n\t\t\t\t\t\t\t\t\t\t<\/figure>\n\t\t\t\t\t\t\t\t\t<\/div>\n\t\t\t\t<\/div>\n\t\t\t\t<div class=\"elementor-element elementor-element-2c1e05f elementor-widget elementor-widget-menu-anchor\" data-id=\"2c1e05f\" data-element_type=\"widget\" data-e-type=\"widget\" data-widget_type=\"menu-anchor.default\">\n\t\t\t\t<div class=\"elementor-widget-container\">\n\t\t\t\t\t\t\t<div class=\"elementor-menu-anchor\" id=\"c6918\"><\/div>\n\t\t\t\t\t\t<\/div>\n\t\t\t\t<\/div>\n\t\t\t\t<div class=\"elementor-element elementor-element-73d54d0 elementor-widget elementor-widget-text-editor\" data-id=\"73d54d0\" data-element_type=\"widget\" data-e-type=\"widget\" data-widget_type=\"text-editor.default\">\n\t\t\t\t<div class=\"elementor-widget-container\">\n\t\t\t\t\t\t\t\t\t<p>A la cru\u00eflla amb el <strong>passeig Velasco<\/strong> es troben dues institucions rellevants.<\/p>\t\t\t\t\t\t\t\t<\/div>\n\t\t\t\t<\/div>\n\t\t\t\t<div class=\"elementor-element elementor-element-972869f elementor-widget elementor-widget-heading\" data-id=\"972869f\" data-element_type=\"widget\" data-e-type=\"widget\" data-widget_type=\"heading.default\">\n\t\t\t\t<div class=\"elementor-widget-container\">\n\t\t\t\t\t<h4 class=\"elementor-heading-title elementor-size-default\">Casa Consistorial nova<\/h4>\t\t\t\t<\/div>\n\t\t\t\t<\/div>\n\t\t\t\t<div class=\"elementor-element elementor-element-56632f0 elementor-widget elementor-widget-text-editor\" data-id=\"56632f0\" data-element_type=\"widget\" data-e-type=\"widget\" data-widget_type=\"text-editor.default\">\n\t\t\t\t<div class=\"elementor-widget-container\">\n\t\t\t\t\t\t\t\t\t<p>A l&#8217;esquerra <strong>Casa Consistorial nova<\/strong> (<strong>17<\/strong>), un edifici d&#8217;arquitectura indefinida de 1976.<\/p><p>\u00c9s una q\u00fcesti\u00f3 delicada fer evolucionar l&#8217;arquitectura en les localitats en qu\u00e8 \u00e9s fonamental la pres\u00e8ncia d&#8217;una trama d&#8217;edificacions hist\u00f2riques i\/o tradicionals. Per\u00f2, a trav\u00e9s d&#8217;aquest exemple, no tinc clar que un &#8220;estil indefinit&#8221; sigui la millor soluci\u00f3.<\/p><p>Penso que una localitat que ha sabut assumir la integraci\u00f3 dels estils arquitect\u00f2nics de cada per\u00edode des del segle XVI, hauria d&#8217;assumir l&#8217;aposta de deixar tamb\u00e9 l&#8217;empremta de l&#8217;arquitectura dels segles XX i XXI amb estil.<\/p>\t\t\t\t\t\t\t\t<\/div>\n\t\t\t\t<\/div>\n\t\t\t\t<div class=\"elementor-element elementor-element-039c9d9 elementor-widget elementor-widget-menu-anchor\" data-id=\"039c9d9\" data-element_type=\"widget\" data-e-type=\"widget\" data-widget_type=\"menu-anchor.default\">\n\t\t\t\t<div class=\"elementor-widget-container\">\n\t\t\t\t\t\t\t<div class=\"elementor-menu-anchor\" id=\"c6919\"><\/div>\n\t\t\t\t\t\t<\/div>\n\t\t\t\t<\/div>\n\t\t\t\t<div class=\"elementor-element elementor-element-ed9a5ec elementor-widget elementor-widget-image\" data-id=\"ed9a5ec\" data-element_type=\"widget\" data-e-type=\"widget\" data-widget_type=\"image.default\">\n\t\t\t\t<div class=\"elementor-widget-container\">\n\t\t\t\t\t\t\t\t\t\t\t\t<figure class=\"wp-caption\">\n\t\t\t\t\t\t\t\t\t\t<img loading=\"lazy\" decoding=\"async\" width=\"768\" height=\"512\" src=\"https:\/\/www.elturistatranquil.com\/wp-content\/uploads\/F51-Casa-Consistorial-nueva-Lierganes-Cantabria.jpg\" class=\"attachment-large size-large wp-image-37137\" alt=\"Casa Consistorial nueva, Lierganes, Cantabria\" srcset=\"https:\/\/www.elturistatranquil.com\/wp-content\/uploads\/F51-Casa-Consistorial-nueva-Lierganes-Cantabria.jpg 768w, https:\/\/www.elturistatranquil.com\/wp-content\/uploads\/F51-Casa-Consistorial-nueva-Lierganes-Cantabria-339x226.jpg 339w\" sizes=\"(max-width: 768px) 100vw, 768px\" \/>\t\t\t\t\t\t\t\t\t\t\t<figcaption class=\"widget-image-caption wp-caption-text\"><\/figcaption>\n\t\t\t\t\t\t\t\t\t\t<\/figure>\n\t\t\t\t\t\t\t\t\t<\/div>\n\t\t\t\t<\/div>\n\t\t\t\t<div class=\"elementor-element elementor-element-846857d elementor-widget elementor-widget-heading\" data-id=\"846857d\" data-element_type=\"widget\" data-e-type=\"widget\" data-widget_type=\"heading.default\">\n\t\t\t\t<div class=\"elementor-widget-container\">\n\t\t\t\t\t<h4 class=\"elementor-heading-title elementor-size-default\">Ecomuseu-Fluviarium de la Muntanya i Conques Fluvials Pasiegas<\/h4>\t\t\t\t<\/div>\n\t\t\t\t<\/div>\n\t\t\t\t<div class=\"elementor-element elementor-element-324797c elementor-widget elementor-widget-text-editor\" data-id=\"324797c\" data-element_type=\"widget\" data-e-type=\"widget\" data-widget_type=\"text-editor.default\">\n\t\t\t\t<div class=\"elementor-widget-container\">\n\t\t\t\t\t\t\t\t\t<p>Al davant, l&#8217;<strong>Ecomuseu-Fluviarium de ja Muntanya i Conques Fluvials Pasiegas<\/strong> (<strong>18<\/strong>). Aquest Centre d&#8217;Interpretaci\u00f3 t\u00e9 com a objectiu presentar la riquesa i valor del medi natural i el llegat cultural pasiego. Aix\u00ed com els aspectes m\u00e9s destacats de les seves conques: paisatge de prats i cabanes, import\u00e0ncia de l&#8217;aigua com a recurs, diversitat ecol\u00f2gica i riquesa del m\u00f3n subterrani.<\/p>\t\t\t\t\t\t\t\t<\/div>\n\t\t\t\t<\/div>\n\t\t\t\t<div class=\"elementor-element elementor-element-01087d9 elementor-widget elementor-widget-image\" data-id=\"01087d9\" data-element_type=\"widget\" data-e-type=\"widget\" data-widget_type=\"image.default\">\n\t\t\t\t<div class=\"elementor-widget-container\">\n\t\t\t\t\t\t\t\t\t\t\t\t<figure class=\"wp-caption\">\n\t\t\t\t\t\t\t\t\t\t<img loading=\"lazy\" decoding=\"async\" width=\"768\" height=\"512\" src=\"https:\/\/www.elturistatranquil.com\/wp-content\/uploads\/F52-Ecomuseo-Fluviarium-de-la-Montana-y-Cuencas-Fluviales-Pasiegas-Lierganes-Cantabria.jpg\" class=\"attachment-large size-large wp-image-37139\" alt=\"Ecomuseo-Fluviarium de la Monta\u00f1a y Cuencas Fluviales Pasiegas, Lierganes, Cantabria\" srcset=\"https:\/\/www.elturistatranquil.com\/wp-content\/uploads\/F52-Ecomuseo-Fluviarium-de-la-Montana-y-Cuencas-Fluviales-Pasiegas-Lierganes-Cantabria.jpg 768w, https:\/\/www.elturistatranquil.com\/wp-content\/uploads\/F52-Ecomuseo-Fluviarium-de-la-Montana-y-Cuencas-Fluviales-Pasiegas-Lierganes-Cantabria-339x226.jpg 339w\" sizes=\"(max-width: 768px) 100vw, 768px\" \/>\t\t\t\t\t\t\t\t\t\t\t<figcaption class=\"widget-image-caption wp-caption-text\"><\/figcaption>\n\t\t\t\t\t\t\t\t\t\t<\/figure>\n\t\t\t\t\t\t\t\t\t<\/div>\n\t\t\t\t<\/div>\n\t\t\t\t<div class=\"elementor-element elementor-element-b9eb5fe elementor-widget elementor-widget-heading\" data-id=\"b9eb5fe\" data-element_type=\"widget\" data-e-type=\"widget\" data-widget_type=\"heading.default\">\n\t\t\t\t<div class=\"elementor-widget-container\">\n\t\t\t\t\t<h3 class=\"elementor-heading-title elementor-size-default\">Passeig de Velasco<\/h3>\t\t\t\t<\/div>\n\t\t\t\t<\/div>\n\t\t\t\t<div class=\"elementor-element elementor-element-16ef4fc elementor-widget elementor-widget-menu-anchor\" data-id=\"16ef4fc\" data-element_type=\"widget\" data-e-type=\"widget\" data-widget_type=\"menu-anchor.default\">\n\t\t\t\t<div class=\"elementor-widget-container\">\n\t\t\t\t\t\t\t<div class=\"elementor-menu-anchor\" id=\"c6920\"><\/div>\n\t\t\t\t\t\t<\/div>\n\t\t\t\t<\/div>\n\t\t\t\t<div class=\"elementor-element elementor-element-ecc6af6 elementor-widget elementor-widget-text-editor\" data-id=\"ecc6af6\" data-element_type=\"widget\" data-e-type=\"widget\" data-widget_type=\"text-editor.default\">\n\t\t\t\t<div class=\"elementor-widget-container\">\n\t\t\t\t\t\t\t\t\t<p>Prenem cap a l&#8217;esquerra el <strong>carrer Passeig de Velasco<\/strong>, ascendint fins a l&#8217;Esgl\u00e9sia de San Pedro ad Vincula.<\/p>\t\t\t\t\t\t\t\t<\/div>\n\t\t\t\t<\/div>\n\t\t\t\t<div class=\"elementor-element elementor-element-75002cd elementor-widget elementor-widget-heading\" data-id=\"75002cd\" data-element_type=\"widget\" data-e-type=\"widget\" data-widget_type=\"heading.default\">\n\t\t\t\t<div class=\"elementor-widget-container\">\n\t\t\t\t\t<h4 class=\"elementor-heading-title elementor-size-default\">Esgl\u00e9sia de San Pedro ad Vincula<\/h4>\t\t\t\t<\/div>\n\t\t\t\t<\/div>\n\t\t\t\t<div class=\"elementor-element elementor-element-ac5f89f elementor-widget elementor-widget-text-editor\" data-id=\"ac5f89f\" data-element_type=\"widget\" data-e-type=\"widget\" data-widget_type=\"text-editor.default\">\n\t\t\t\t<div class=\"elementor-widget-container\">\n\t\t\t\t\t\t\t\t\t<p><em>B\u00e9 d&#8217;Inter\u00e8s Cultural: Monument<\/em><\/p><p>L&#8217;<strong>Esgl\u00e9sia de San Pedro ad Vincula<\/strong> (<strong>19<\/strong>) \u00e9s una construcci\u00f3 d&#8217;estil barroc constru\u00efda entre 1591 i 1627 i situada en un tur\u00f3 dominant sobre la poblaci\u00f3.<\/p><p>De pedra de cadirat, la portada se situa a la banda meridional de l&#8217;ep\u00edstola, amb una torre annexa descentrada als peus del temple.<\/p>\t\t\t\t\t\t\t\t<\/div>\n\t\t\t\t<\/div>\n\t\t\t\t<div class=\"elementor-element elementor-element-b207947 elementor-widget elementor-widget-image\" data-id=\"b207947\" data-element_type=\"widget\" data-e-type=\"widget\" data-widget_type=\"image.default\">\n\t\t\t\t<div class=\"elementor-widget-container\">\n\t\t\t\t\t\t\t\t\t\t\t\t<figure class=\"wp-caption\">\n\t\t\t\t\t\t\t\t\t\t<img loading=\"lazy\" decoding=\"async\" width=\"768\" height=\"511\" src=\"https:\/\/www.elturistatranquil.com\/wp-content\/uploads\/F53-Iglesia-de-San-Pedro-ad-Vincula-Lierganes-Cantabria.jpg\" class=\"attachment-large size-large wp-image-37141\" alt=\"Iglesia de San Pedro ad Vincula, Lierganes, Cantabria\" srcset=\"https:\/\/www.elturistatranquil.com\/wp-content\/uploads\/F53-Iglesia-de-San-Pedro-ad-Vincula-Lierganes-Cantabria.jpg 768w, https:\/\/www.elturistatranquil.com\/wp-content\/uploads\/F53-Iglesia-de-San-Pedro-ad-Vincula-Lierganes-Cantabria-339x226.jpg 339w\" sizes=\"(max-width: 768px) 100vw, 768px\" \/>\t\t\t\t\t\t\t\t\t\t\t<figcaption class=\"widget-image-caption wp-caption-text\"><\/figcaption>\n\t\t\t\t\t\t\t\t\t\t<\/figure>\n\t\t\t\t\t\t\t\t\t<\/div>\n\t\t\t\t<\/div>\n\t\t\t\t<div class=\"elementor-element elementor-element-301c77f elementor-widget elementor-widget-image\" data-id=\"301c77f\" data-element_type=\"widget\" data-e-type=\"widget\" data-widget_type=\"image.default\">\n\t\t\t\t<div class=\"elementor-widget-container\">\n\t\t\t\t\t\t\t\t\t\t\t\t<figure class=\"wp-caption\">\n\t\t\t\t\t\t\t\t\t\t<img loading=\"lazy\" decoding=\"async\" width=\"768\" height=\"511\" src=\"https:\/\/www.elturistatranquil.com\/wp-content\/uploads\/F54-Iglesia-de-San-Pedro-ad-Vincula-Lierganes-Cantabria.jpg\" class=\"attachment-large size-large wp-image-37143\" alt=\"Iglesia de San Pedro ad Vincula, Lierganes, Cantabria\" srcset=\"https:\/\/www.elturistatranquil.com\/wp-content\/uploads\/F54-Iglesia-de-San-Pedro-ad-Vincula-Lierganes-Cantabria.jpg 768w, https:\/\/www.elturistatranquil.com\/wp-content\/uploads\/F54-Iglesia-de-San-Pedro-ad-Vincula-Lierganes-Cantabria-339x226.jpg 339w\" sizes=\"(max-width: 768px) 100vw, 768px\" \/>\t\t\t\t\t\t\t\t\t\t\t<figcaption class=\"widget-image-caption wp-caption-text\"><\/figcaption>\n\t\t\t\t\t\t\t\t\t\t<\/figure>\n\t\t\t\t\t\t\t\t\t<\/div>\n\t\t\t\t<\/div>\n\t\t\t\t<div class=\"elementor-element elementor-element-579d7b7 elementor-widget elementor-widget-image\" data-id=\"579d7b7\" data-element_type=\"widget\" data-e-type=\"widget\" data-widget_type=\"image.default\">\n\t\t\t\t<div class=\"elementor-widget-container\">\n\t\t\t\t\t\t\t\t\t\t\t\t<figure class=\"wp-caption\">\n\t\t\t\t\t\t\t\t\t\t<img loading=\"lazy\" decoding=\"async\" width=\"768\" height=\"511\" src=\"https:\/\/www.elturistatranquil.com\/wp-content\/uploads\/F55-Iglesia-de-San-Pedro-ad-Vincula-Lierganes-Cantabria.jpg\" class=\"attachment-large size-large wp-image-37145\" alt=\"Iglesia de San Pedro ad Vincula, Lierganes, Cantabria\" srcset=\"https:\/\/www.elturistatranquil.com\/wp-content\/uploads\/F55-Iglesia-de-San-Pedro-ad-Vincula-Lierganes-Cantabria.jpg 768w, https:\/\/www.elturistatranquil.com\/wp-content\/uploads\/F55-Iglesia-de-San-Pedro-ad-Vincula-Lierganes-Cantabria-339x226.jpg 339w\" sizes=\"(max-width: 768px) 100vw, 768px\" \/>\t\t\t\t\t\t\t\t\t\t\t<figcaption class=\"widget-image-caption wp-caption-text\"><\/figcaption>\n\t\t\t\t\t\t\t\t\t\t<\/figure>\n\t\t\t\t\t\t\t\t\t<\/div>\n\t\t\t\t<\/div>\n\t\t\t\t<div class=\"elementor-element elementor-element-5e70503 elementor-widget elementor-widget-text-editor\" data-id=\"5e70503\" data-element_type=\"widget\" data-e-type=\"widget\" data-widget_type=\"text-editor.default\">\n\t\t\t\t<div class=\"elementor-widget-container\">\n\t\t\t\t\t\t\t\t\t<p>Massissa torre de planta quadrada, amb quatre finestres d&#8217;arc de mig punt, una per cara, a la c\u00faspide, i teulada de teula a quatre aig\u00fces.<\/p>\t\t\t\t\t\t\t\t<\/div>\n\t\t\t\t<\/div>\n\t\t\t\t<div class=\"elementor-element elementor-element-6f63922 elementor-widget elementor-widget-image\" data-id=\"6f63922\" data-element_type=\"widget\" data-e-type=\"widget\" data-widget_type=\"image.default\">\n\t\t\t\t<div class=\"elementor-widget-container\">\n\t\t\t\t\t\t\t\t\t\t\t\t<figure class=\"wp-caption\">\n\t\t\t\t\t\t\t\t\t\t<img loading=\"lazy\" decoding=\"async\" width=\"768\" height=\"511\" src=\"https:\/\/www.elturistatranquil.com\/wp-content\/uploads\/F56-Iglesia-de-San-Pedro-ad-Vincula-Lierganes-Cantabria.jpg\" class=\"attachment-large size-large wp-image-37147\" alt=\"Iglesia de San Pedro ad Vincula, Lierganes, Cantabria\" srcset=\"https:\/\/www.elturistatranquil.com\/wp-content\/uploads\/F56-Iglesia-de-San-Pedro-ad-Vincula-Lierganes-Cantabria.jpg 768w, https:\/\/www.elturistatranquil.com\/wp-content\/uploads\/F56-Iglesia-de-San-Pedro-ad-Vincula-Lierganes-Cantabria-339x226.jpg 339w\" sizes=\"(max-width: 768px) 100vw, 768px\" \/>\t\t\t\t\t\t\t\t\t\t\t<figcaption class=\"widget-image-caption wp-caption-text\"><\/figcaption>\n\t\t\t\t\t\t\t\t\t\t<\/figure>\n\t\t\t\t\t\t\t\t\t<\/div>\n\t\t\t\t<\/div>\n\t\t\t\t<div class=\"elementor-element elementor-element-bdedee6 elementor-widget elementor-widget-text-editor\" data-id=\"bdedee6\" data-element_type=\"widget\" data-e-type=\"widget\" data-widget_type=\"text-editor.default\">\n\t\t\t\t<div class=\"elementor-widget-container\">\n\t\t\t\t\t\t\t\t\t<p>La portada d&#8217;arc de triomf sobre el mur amb front\u00f3 tallat, i a l&#8217;interior serliana (arc de mig punt dins de va de llinda) amb arquitrau.<\/p>\t\t\t\t\t\t\t\t<\/div>\n\t\t\t\t<\/div>\n\t\t\t\t<div class=\"elementor-element elementor-element-62ce2c3 elementor-widget elementor-widget-image\" data-id=\"62ce2c3\" data-element_type=\"widget\" data-e-type=\"widget\" data-widget_type=\"image.default\">\n\t\t\t\t<div class=\"elementor-widget-container\">\n\t\t\t\t\t\t\t\t\t\t\t\t<figure class=\"wp-caption\">\n\t\t\t\t\t\t\t\t\t\t<img loading=\"lazy\" decoding=\"async\" width=\"768\" height=\"511\" src=\"https:\/\/www.elturistatranquil.com\/wp-content\/uploads\/F57-Iglesia-de-San-Pedro-ad-Vincula-Lierganes-Cantabria.jpg\" class=\"attachment-large size-large wp-image-37149\" alt=\"Iglesia de San Pedro ad Vincula, Lierganes, Cantabria\" srcset=\"https:\/\/www.elturistatranquil.com\/wp-content\/uploads\/F57-Iglesia-de-San-Pedro-ad-Vincula-Lierganes-Cantabria.jpg 768w, https:\/\/www.elturistatranquil.com\/wp-content\/uploads\/F57-Iglesia-de-San-Pedro-ad-Vincula-Lierganes-Cantabria-339x226.jpg 339w\" sizes=\"(max-width: 768px) 100vw, 768px\" \/>\t\t\t\t\t\t\t\t\t\t\t<figcaption class=\"widget-image-caption wp-caption-text\"><\/figcaption>\n\t\t\t\t\t\t\t\t\t\t<\/figure>\n\t\t\t\t\t\t\t\t\t<\/div>\n\t\t\t\t<\/div>\n\t\t\t\t<div class=\"elementor-element elementor-element-29512c6 elementor-widget elementor-widget-image\" data-id=\"29512c6\" data-element_type=\"widget\" data-e-type=\"widget\" data-widget_type=\"image.default\">\n\t\t\t\t<div class=\"elementor-widget-container\">\n\t\t\t\t\t\t\t\t\t\t\t\t<figure class=\"wp-caption\">\n\t\t\t\t\t\t\t\t\t\t<img loading=\"lazy\" decoding=\"async\" width=\"768\" height=\"511\" src=\"https:\/\/www.elturistatranquil.com\/wp-content\/uploads\/F58-Iglesia-de-San-Pedro-ad-Vincula-Lierganes-Cantabria.jpg\" class=\"attachment-large size-large wp-image-37151\" alt=\"Iglesia de San Pedro ad Vincula, Lierganes, Cantabria\" srcset=\"https:\/\/www.elturistatranquil.com\/wp-content\/uploads\/F58-Iglesia-de-San-Pedro-ad-Vincula-Lierganes-Cantabria.jpg 768w, https:\/\/www.elturistatranquil.com\/wp-content\/uploads\/F58-Iglesia-de-San-Pedro-ad-Vincula-Lierganes-Cantabria-339x226.jpg 339w\" sizes=\"(max-width: 768px) 100vw, 768px\" \/>\t\t\t\t\t\t\t\t\t\t\t<figcaption class=\"widget-image-caption wp-caption-text\"><\/figcaption>\n\t\t\t\t\t\t\t\t\t\t<\/figure>\n\t\t\t\t\t\t\t\t\t<\/div>\n\t\t\t\t<\/div>\n\t\t\t\t<div class=\"elementor-element elementor-element-6de692f elementor-widget elementor-widget-image\" data-id=\"6de692f\" data-element_type=\"widget\" data-e-type=\"widget\" data-widget_type=\"image.default\">\n\t\t\t\t<div class=\"elementor-widget-container\">\n\t\t\t\t\t\t\t\t\t\t\t\t<figure class=\"wp-caption\">\n\t\t\t\t\t\t\t\t\t\t<img loading=\"lazy\" decoding=\"async\" width=\"768\" height=\"511\" src=\"https:\/\/www.elturistatranquil.com\/wp-content\/uploads\/F59-Iglesia-de-San-Pedro-ad-Vincula-Lierganes-Cantabria.jpg\" class=\"attachment-large size-large wp-image-37156\" alt=\"Iglesia de San Pedro ad Vincula, Lierganes, Cantabria\" srcset=\"https:\/\/www.elturistatranquil.com\/wp-content\/uploads\/F59-Iglesia-de-San-Pedro-ad-Vincula-Lierganes-Cantabria.jpg 768w, https:\/\/www.elturistatranquil.com\/wp-content\/uploads\/F59-Iglesia-de-San-Pedro-ad-Vincula-Lierganes-Cantabria-339x226.jpg 339w\" sizes=\"(max-width: 768px) 100vw, 768px\" \/>\t\t\t\t\t\t\t\t\t\t\t<figcaption class=\"widget-image-caption wp-caption-text\"><\/figcaption>\n\t\t\t\t\t\t\t\t\t\t<\/figure>\n\t\t\t\t\t\t\t\t\t<\/div>\n\t\t\t\t<\/div>\n\t\t\t\t<div class=\"elementor-element elementor-element-dd1abba elementor-widget elementor-widget-image\" data-id=\"dd1abba\" data-element_type=\"widget\" data-e-type=\"widget\" data-widget_type=\"image.default\">\n\t\t\t\t<div class=\"elementor-widget-container\">\n\t\t\t\t\t\t\t\t\t\t\t\t<figure class=\"wp-caption\">\n\t\t\t\t\t\t\t\t\t\t<img loading=\"lazy\" decoding=\"async\" width=\"768\" height=\"511\" src=\"https:\/\/www.elturistatranquil.com\/wp-content\/uploads\/F60-Iglesia-de-San-Pedro-ad-Vincula-Lierganes-Cantabria.jpg\" class=\"attachment-large size-large wp-image-37158\" alt=\"Iglesia de San Pedro ad Vincula, Lierganes, Cantabria\" srcset=\"https:\/\/www.elturistatranquil.com\/wp-content\/uploads\/F60-Iglesia-de-San-Pedro-ad-Vincula-Lierganes-Cantabria.jpg 768w, https:\/\/www.elturistatranquil.com\/wp-content\/uploads\/F60-Iglesia-de-San-Pedro-ad-Vincula-Lierganes-Cantabria-339x226.jpg 339w\" sizes=\"(max-width: 768px) 100vw, 768px\" \/>\t\t\t\t\t\t\t\t\t\t\t<figcaption class=\"widget-image-caption wp-caption-text\"><\/figcaption>\n\t\t\t\t\t\t\t\t\t\t<\/figure>\n\t\t\t\t\t\t\t\t\t<\/div>\n\t\t\t\t<\/div>\n\t\t\t\t<div class=\"elementor-element elementor-element-f85d0eb elementor-widget elementor-widget-text-editor\" data-id=\"f85d0eb\" data-element_type=\"widget\" data-e-type=\"widget\" data-widget_type=\"text-editor.default\">\n\t\t\t\t<div class=\"elementor-widget-container\">\n\t\t\t\t\t\t\t\t\t<p>Pel costat de l&#8217;evangeli estava disposada una porta d&#8217;acc\u00e9s al temple.<\/p>\t\t\t\t\t\t\t\t<\/div>\n\t\t\t\t<\/div>\n\t\t\t\t<div class=\"elementor-element elementor-element-7ffcd53 elementor-widget elementor-widget-menu-anchor\" data-id=\"7ffcd53\" data-element_type=\"widget\" data-e-type=\"widget\" data-widget_type=\"menu-anchor.default\">\n\t\t\t\t<div class=\"elementor-widget-container\">\n\t\t\t\t\t\t\t<div class=\"elementor-menu-anchor\" id=\"c6921\"><\/div>\n\t\t\t\t\t\t<\/div>\n\t\t\t\t<\/div>\n\t\t\t\t<div class=\"elementor-element elementor-element-01c276a elementor-widget elementor-widget-image\" data-id=\"01c276a\" data-element_type=\"widget\" data-e-type=\"widget\" data-widget_type=\"image.default\">\n\t\t\t\t<div class=\"elementor-widget-container\">\n\t\t\t\t\t\t\t\t\t\t\t\t<figure class=\"wp-caption\">\n\t\t\t\t\t\t\t\t\t\t<img loading=\"lazy\" decoding=\"async\" width=\"768\" height=\"511\" src=\"https:\/\/www.elturistatranquil.com\/wp-content\/uploads\/F61-Iglesia-de-San-Pedro-ad-Vincula-Lierganes-Cantabria.jpg\" class=\"attachment-large size-large wp-image-37160\" alt=\"Iglesia de San Pedro ad Vincula, Lierganes, Cantabria\" srcset=\"https:\/\/www.elturistatranquil.com\/wp-content\/uploads\/F61-Iglesia-de-San-Pedro-ad-Vincula-Lierganes-Cantabria.jpg 768w, https:\/\/www.elturistatranquil.com\/wp-content\/uploads\/F61-Iglesia-de-San-Pedro-ad-Vincula-Lierganes-Cantabria-339x226.jpg 339w\" sizes=\"(max-width: 768px) 100vw, 768px\" \/>\t\t\t\t\t\t\t\t\t\t\t<figcaption class=\"widget-image-caption wp-caption-text\"><\/figcaption>\n\t\t\t\t\t\t\t\t\t\t<\/figure>\n\t\t\t\t\t\t\t\t\t<\/div>\n\t\t\t\t<\/div>\n\t\t\t\t<div class=\"elementor-element elementor-element-b10b748 elementor-widget elementor-widget-heading\" data-id=\"b10b748\" data-element_type=\"widget\" data-e-type=\"widget\" data-widget_type=\"heading.default\">\n\t\t\t\t<div class=\"elementor-widget-container\">\n\t\t\t\t\t<h4 class=\"elementor-heading-title elementor-size-default\">Cementiri<\/h4>\t\t\t\t<\/div>\n\t\t\t\t<\/div>\n\t\t\t\t<div class=\"elementor-element elementor-element-cff85a2 elementor-widget elementor-widget-text-editor\" data-id=\"cff85a2\" data-element_type=\"widget\" data-e-type=\"widget\" data-widget_type=\"text-editor.default\">\n\t\t\t\t<div class=\"elementor-widget-container\">\n\t\t\t\t\t\t\t\t\t<p>A ponent del temple de troba el <strong>Cementiri<\/strong> (<strong>20<\/strong>).<\/p>\t\t\t\t\t\t\t\t<\/div>\n\t\t\t\t<\/div>\n\t\t\t\t<div class=\"elementor-element elementor-element-90ee3ed elementor-widget elementor-widget-image\" data-id=\"90ee3ed\" data-element_type=\"widget\" data-e-type=\"widget\" data-widget_type=\"image.default\">\n\t\t\t\t<div class=\"elementor-widget-container\">\n\t\t\t\t\t\t\t\t\t\t\t\t<figure class=\"wp-caption\">\n\t\t\t\t\t\t\t\t\t\t<img loading=\"lazy\" decoding=\"async\" width=\"768\" height=\"511\" src=\"https:\/\/www.elturistatranquil.com\/wp-content\/uploads\/F62-Cementerio-Lierganes-Cantabria.jpg\" class=\"attachment-large size-large wp-image-37162\" alt=\"Cementerio, Lierganes, Cantabria\" srcset=\"https:\/\/www.elturistatranquil.com\/wp-content\/uploads\/F62-Cementerio-Lierganes-Cantabria.jpg 768w, https:\/\/www.elturistatranquil.com\/wp-content\/uploads\/F62-Cementerio-Lierganes-Cantabria-339x226.jpg 339w\" sizes=\"(max-width: 768px) 100vw, 768px\" \/>\t\t\t\t\t\t\t\t\t\t\t<figcaption class=\"widget-image-caption wp-caption-text\"><\/figcaption>\n\t\t\t\t\t\t\t\t\t\t<\/figure>\n\t\t\t\t\t\t\t\t\t<\/div>\n\t\t\t\t<\/div>\n\t\t\t\t<div class=\"elementor-element elementor-element-32dd7be elementor-widget elementor-widget-text-editor\" data-id=\"32dd7be\" data-element_type=\"widget\" data-e-type=\"widget\" data-widget_type=\"text-editor.default\">\n\t\t\t\t<div class=\"elementor-widget-container\">\n\t\t\t\t\t\t\t\t\t<p>Des de l&#8217;altura del tur\u00f3 es disposa de perspectives urbanes de Li\u00e9rganes.<\/p>\t\t\t\t\t\t\t\t<\/div>\n\t\t\t\t<\/div>\n\t\t\t\t<div class=\"elementor-element elementor-element-36403ce elementor-widget elementor-widget-image\" data-id=\"36403ce\" data-element_type=\"widget\" data-e-type=\"widget\" data-widget_type=\"image.default\">\n\t\t\t\t<div class=\"elementor-widget-container\">\n\t\t\t\t\t\t\t\t\t\t\t\t<figure class=\"wp-caption\">\n\t\t\t\t\t\t\t\t\t\t<img loading=\"lazy\" decoding=\"async\" width=\"768\" height=\"511\" src=\"https:\/\/www.elturistatranquil.com\/wp-content\/uploads\/F63-Lierganes-Cantabria.jpg\" class=\"attachment-large size-large wp-image-37164\" alt=\"Lierganes, Cantabria\" srcset=\"https:\/\/www.elturistatranquil.com\/wp-content\/uploads\/F63-Lierganes-Cantabria.jpg 768w, https:\/\/www.elturistatranquil.com\/wp-content\/uploads\/F63-Lierganes-Cantabria-339x226.jpg 339w\" sizes=\"(max-width: 768px) 100vw, 768px\" \/>\t\t\t\t\t\t\t\t\t\t\t<figcaption class=\"widget-image-caption wp-caption-text\"><\/figcaption>\n\t\t\t\t\t\t\t\t\t\t<\/figure>\n\t\t\t\t\t\t\t\t\t<\/div>\n\t\t\t\t<\/div>\n\t\t\t\t<div class=\"elementor-element elementor-element-a14fc2c elementor-widget elementor-widget-image\" data-id=\"a14fc2c\" data-element_type=\"widget\" data-e-type=\"widget\" data-widget_type=\"image.default\">\n\t\t\t\t<div class=\"elementor-widget-container\">\n\t\t\t\t\t\t\t\t\t\t\t\t<figure class=\"wp-caption\">\n\t\t\t\t\t\t\t\t\t\t<img loading=\"lazy\" decoding=\"async\" width=\"768\" height=\"511\" src=\"https:\/\/www.elturistatranquil.com\/wp-content\/uploads\/F64-Lierganes-Cantabria.jpg\" class=\"attachment-large size-large wp-image-37166\" alt=\"Lierganes, Cantabria\" srcset=\"https:\/\/www.elturistatranquil.com\/wp-content\/uploads\/F64-Lierganes-Cantabria.jpg 768w, https:\/\/www.elturistatranquil.com\/wp-content\/uploads\/F64-Lierganes-Cantabria-339x226.jpg 339w\" sizes=\"(max-width: 768px) 100vw, 768px\" \/>\t\t\t\t\t\t\t\t\t\t\t<figcaption class=\"widget-image-caption wp-caption-text\"><\/figcaption>\n\t\t\t\t\t\t\t\t\t\t<\/figure>\n\t\t\t\t\t\t\t\t\t<\/div>\n\t\t\t\t<\/div>\n\t\t\t\t<div class=\"elementor-element elementor-element-4d1f712 elementor-widget elementor-widget-text-editor\" data-id=\"4d1f712\" data-element_type=\"widget\" data-e-type=\"widget\" data-widget_type=\"text-editor.default\">\n\t\t\t\t<div class=\"elementor-widget-container\">\n\t\t\t\t\t\t\t\t\t<p>I tamb\u00e9 constatar que la vida ramadera segueix viva.<\/p>\t\t\t\t\t\t\t\t<\/div>\n\t\t\t\t<\/div>\n\t\t\t\t<div class=\"elementor-element elementor-element-c08c6d5 elementor-widget elementor-widget-menu-anchor\" data-id=\"c08c6d5\" data-element_type=\"widget\" data-e-type=\"widget\" data-widget_type=\"menu-anchor.default\">\n\t\t\t\t<div class=\"elementor-widget-container\">\n\t\t\t\t\t\t\t<div class=\"elementor-menu-anchor\" id=\"c6922\"><\/div>\n\t\t\t\t\t\t<\/div>\n\t\t\t\t<\/div>\n\t\t\t\t<div class=\"elementor-element elementor-element-e70088f elementor-widget elementor-widget-image\" data-id=\"e70088f\" data-element_type=\"widget\" data-e-type=\"widget\" data-widget_type=\"image.default\">\n\t\t\t\t<div class=\"elementor-widget-container\">\n\t\t\t\t\t\t\t\t\t\t\t\t<figure class=\"wp-caption\">\n\t\t\t\t\t\t\t\t\t\t<img loading=\"lazy\" decoding=\"async\" width=\"768\" height=\"512\" src=\"https:\/\/www.elturistatranquil.com\/wp-content\/uploads\/F65-Lierganes-Cantabria.jpg\" class=\"attachment-large size-large wp-image-37168\" alt=\"Lierganes, Cantabria\" srcset=\"https:\/\/www.elturistatranquil.com\/wp-content\/uploads\/F65-Lierganes-Cantabria.jpg 768w, https:\/\/www.elturistatranquil.com\/wp-content\/uploads\/F65-Lierganes-Cantabria-339x226.jpg 339w\" sizes=\"(max-width: 768px) 100vw, 768px\" \/>\t\t\t\t\t\t\t\t\t\t\t<figcaption class=\"widget-image-caption wp-caption-text\"><\/figcaption>\n\t\t\t\t\t\t\t\t\t\t<\/figure>\n\t\t\t\t\t\t\t\t\t<\/div>\n\t\t\t\t<\/div>\n\t\t\t\t<div class=\"elementor-element elementor-element-5708568 elementor-widget elementor-widget-heading\" data-id=\"5708568\" data-element_type=\"widget\" data-e-type=\"widget\" data-widget_type=\"heading.default\">\n\t\t\t\t<div class=\"elementor-widget-container\">\n\t\t\t\t\t<h4 class=\"elementor-heading-title elementor-size-default\">Atrevint-se a innovar<\/h4>\t\t\t\t<\/div>\n\t\t\t\t<\/div>\n\t\t\t\t<div class=\"elementor-element elementor-element-4a846ad elementor-widget elementor-widget-text-editor\" data-id=\"4a846ad\" data-element_type=\"widget\" data-e-type=\"widget\" data-widget_type=\"text-editor.default\">\n\t\t\t\t<div class=\"elementor-widget-container\">\n\t\t\t\t\t\t\t\t\t<p>Al costat del Cementiri apareix una construcci\u00f3 d&#8217;una <strong>casa unifamiliar moderna<\/strong> (<strong>21<\/strong>) en la qual s&#8217;han atrevit a innovar arquitect\u00f2nicament. Cosa d&#8217;agrair.<\/p>\t\t\t\t\t\t\t\t<\/div>\n\t\t\t\t<\/div>\n\t\t\t\t<div class=\"elementor-element elementor-element-34bb93e elementor-widget elementor-widget-image\" data-id=\"34bb93e\" data-element_type=\"widget\" data-e-type=\"widget\" data-widget_type=\"image.default\">\n\t\t\t\t<div class=\"elementor-widget-container\">\n\t\t\t\t\t\t\t\t\t\t\t\t<figure class=\"wp-caption\">\n\t\t\t\t\t\t\t\t\t\t<img loading=\"lazy\" decoding=\"async\" width=\"768\" height=\"511\" src=\"https:\/\/www.elturistatranquil.com\/wp-content\/uploads\/F66-Lierganes-Cantabria.jpg\" class=\"attachment-large size-large wp-image-37170\" alt=\"Lierganes, Cantabria\" srcset=\"https:\/\/www.elturistatranquil.com\/wp-content\/uploads\/F66-Lierganes-Cantabria.jpg 768w, https:\/\/www.elturistatranquil.com\/wp-content\/uploads\/F66-Lierganes-Cantabria-339x226.jpg 339w\" sizes=\"(max-width: 768px) 100vw, 768px\" \/>\t\t\t\t\t\t\t\t\t\t\t<figcaption class=\"widget-image-caption wp-caption-text\"><\/figcaption>\n\t\t\t\t\t\t\t\t\t\t<\/figure>\n\t\t\t\t\t\t\t\t\t<\/div>\n\t\t\t\t<\/div>\n\t\t\t\t<div class=\"elementor-element elementor-element-4f5299e elementor-widget elementor-widget-menu-anchor\" data-id=\"4f5299e\" data-element_type=\"widget\" data-e-type=\"widget\" data-widget_type=\"menu-anchor.default\">\n\t\t\t\t<div class=\"elementor-widget-container\">\n\t\t\t\t\t\t\t<div class=\"elementor-menu-anchor\" id=\"c6923\"><\/div>\n\t\t\t\t\t\t<\/div>\n\t\t\t\t<\/div>\n\t\t\t\t<div class=\"elementor-element elementor-element-b136975 elementor-widget elementor-widget-text-editor\" data-id=\"b136975\" data-element_type=\"widget\" data-e-type=\"widget\" data-widget_type=\"text-editor.default\">\n\t\t\t\t<div class=\"elementor-widget-container\">\n\t\t\t\t\t\t\t\t\t<p>Tornant a centre recuperem el carrer Camino Real per ascendir fins al l\u00edmit nord, davant el Balneari de Li\u00e9rganes.<\/p>\t\t\t\t\t\t\t\t<\/div>\n\t\t\t\t<\/div>\n\t\t\t\t<div class=\"elementor-element elementor-element-a716f30 elementor-widget elementor-widget-heading\" data-id=\"a716f30\" data-element_type=\"widget\" data-e-type=\"widget\" data-widget_type=\"heading.default\">\n\t\t\t\t<div class=\"elementor-widget-container\">\n\t\t\t\t\t<h4 class=\"elementor-heading-title elementor-size-default\">Balneari de Li\u00e9rganes<\/h4>\t\t\t\t<\/div>\n\t\t\t\t<\/div>\n\t\t\t\t<div class=\"elementor-element elementor-element-cd2869a elementor-widget elementor-widget-text-editor\" data-id=\"cd2869a\" data-element_type=\"widget\" data-e-type=\"widget\" data-widget_type=\"text-editor.default\">\n\t\t\t\t<div class=\"elementor-widget-container\">\n\t\t\t\t\t\t\t\t\t<p>El <strong>Balneari de Li\u00e9rganes<\/strong>, tamb\u00e9 anomenat <strong>de la Fuente Santa<\/strong> o <strong>Fuensanta<\/strong> (<strong>22<\/strong>).<\/p><p>Les aig\u00fces de la Font Santa estan valorades des 1670. L&#8217;any 1869 van ser declarades d&#8217;utilitat p\u00fablica.<\/p><p>El moment de major esplendor del &#8216;Balneari correspon als anys 1921 a 1927, quan el rei Alfons XIII anava a les seves instal\u00b7lacions des del palau de la Magdalena, a Santander, durant el per\u00edode estival.<\/p>\t\t\t\t\t\t\t\t<\/div>\n\t\t\t\t<\/div>\n\t\t\t\t<div class=\"elementor-element elementor-element-cbad17c elementor-widget elementor-widget-image\" data-id=\"cbad17c\" data-element_type=\"widget\" data-e-type=\"widget\" data-widget_type=\"image.default\">\n\t\t\t\t<div class=\"elementor-widget-container\">\n\t\t\t\t\t\t\t\t\t\t\t\t<figure class=\"wp-caption\">\n\t\t\t\t\t\t\t\t\t\t<img loading=\"lazy\" decoding=\"async\" width=\"768\" height=\"511\" src=\"https:\/\/www.elturistatranquil.com\/wp-content\/uploads\/F67-Balneario-de-Lierganes-Cantabria.jpg\" class=\"attachment-large size-large wp-image-37172\" alt=\"Balneario de Lierganes, Cantabria\" srcset=\"https:\/\/www.elturistatranquil.com\/wp-content\/uploads\/F67-Balneario-de-Lierganes-Cantabria.jpg 768w, https:\/\/www.elturistatranquil.com\/wp-content\/uploads\/F67-Balneario-de-Lierganes-Cantabria-339x226.jpg 339w\" sizes=\"(max-width: 768px) 100vw, 768px\" \/>\t\t\t\t\t\t\t\t\t\t\t<figcaption class=\"widget-image-caption wp-caption-text\"><\/figcaption>\n\t\t\t\t\t\t\t\t\t\t<\/figure>\n\t\t\t\t\t\t\t\t\t<\/div>\n\t\t\t\t<\/div>\n\t\t\t\t<div class=\"elementor-element elementor-element-87f3eff elementor-widget elementor-widget-heading\" data-id=\"87f3eff\" data-element_type=\"widget\" data-e-type=\"widget\" data-widget_type=\"heading.default\">\n\t\t\t\t<div class=\"elementor-widget-container\">\n\t\t\t\t\t<h3 class=\"elementor-heading-title elementor-size-default\">Carretera CA-162 a La Cavada<\/h3>\t\t\t\t<\/div>\n\t\t\t\t<\/div>\n\t\t\t\t<div class=\"elementor-element elementor-element-d5218eb elementor-widget elementor-widget-menu-anchor\" data-id=\"d5218eb\" data-element_type=\"widget\" data-e-type=\"widget\" data-widget_type=\"menu-anchor.default\">\n\t\t\t\t<div class=\"elementor-widget-container\">\n\t\t\t\t\t\t\t<div class=\"elementor-menu-anchor\" id=\"c6924\"><\/div>\n\t\t\t\t\t\t<\/div>\n\t\t\t\t<\/div>\n\t\t\t\t<div class=\"elementor-element elementor-element-8e5bd74 elementor-widget elementor-widget-text-editor\" data-id=\"8e5bd74\" data-element_type=\"widget\" data-e-type=\"widget\" data-widget_type=\"text-editor.default\">\n\t\t\t\t<div class=\"elementor-widget-container\">\n\t\t\t\t\t\t\t\t\t<p>Des del Balneari segueixo la carretera CA-162 en direcci\u00f3 a La Cavada, seguint el curs del riu Miera.<\/p>\t\t\t\t\t\t\t\t<\/div>\n\t\t\t\t<\/div>\n\t\t\t\t<div class=\"elementor-element elementor-element-4f0b690 elementor-widget elementor-widget-heading\" data-id=\"4f0b690\" data-element_type=\"widget\" data-e-type=\"widget\" data-widget_type=\"heading.default\">\n\t\t\t\t<div class=\"elementor-widget-container\">\n\t\t\t\t\t<h4 class=\"elementor-heading-title elementor-size-default\">Presa de Regolgo<\/h4>\t\t\t\t<\/div>\n\t\t\t\t<\/div>\n\t\t\t\t<div class=\"elementor-element elementor-element-edf2f02 elementor-widget elementor-widget-text-editor\" data-id=\"edf2f02\" data-element_type=\"widget\" data-e-type=\"widget\" data-widget_type=\"text-editor.default\">\n\t\t\t\t<div class=\"elementor-widget-container\">\n\t\t\t\t\t\t\t\t\t<p>A uns 500 metres es troba la <strong>resclosa de Regolgo<\/strong> (<strong>23<\/strong>). Es va construir en 1799 i compta amb doble arc i un enorme contrafort central. Un aq\u00fceducte lateral, que funciona a manera de llit aeri, desvia l&#8217;aigua cap al mol\u00ed.<\/p>\t\t\t\t\t\t\t\t<\/div>\n\t\t\t\t<\/div>\n\t\t\t\t<div class=\"elementor-element elementor-element-efeee87 elementor-widget elementor-widget-image\" data-id=\"efeee87\" data-element_type=\"widget\" data-e-type=\"widget\" data-widget_type=\"image.default\">\n\t\t\t\t<div class=\"elementor-widget-container\">\n\t\t\t\t\t\t\t\t\t\t\t\t<figure class=\"wp-caption\">\n\t\t\t\t\t\t\t\t\t\t<img loading=\"lazy\" decoding=\"async\" width=\"768\" height=\"484\" src=\"https:\/\/www.elturistatranquil.com\/wp-content\/uploads\/F68-Presa-de-Regolgo-Lierganes-Cantabria.jpg\" class=\"attachment-large size-large wp-image-37174\" alt=\"Presa de Regolgo, Lierganes, Cantabria\" srcset=\"https:\/\/www.elturistatranquil.com\/wp-content\/uploads\/F68-Presa-de-Regolgo-Lierganes-Cantabria.jpg 768w, https:\/\/www.elturistatranquil.com\/wp-content\/uploads\/F68-Presa-de-Regolgo-Lierganes-Cantabria-339x214.jpg 339w\" sizes=\"(max-width: 768px) 100vw, 768px\" \/>\t\t\t\t\t\t\t\t\t\t\t<figcaption class=\"widget-image-caption wp-caption-text\"><\/figcaption>\n\t\t\t\t\t\t\t\t\t\t<\/figure>\n\t\t\t\t\t\t\t\t\t<\/div>\n\t\t\t\t<\/div>\n\t\t\t\t<div class=\"elementor-element elementor-element-e7e9dc8 elementor-widget elementor-widget-image\" data-id=\"e7e9dc8\" data-element_type=\"widget\" data-e-type=\"widget\" data-widget_type=\"image.default\">\n\t\t\t\t<div class=\"elementor-widget-container\">\n\t\t\t\t\t\t\t\t\t\t\t\t<figure class=\"wp-caption\">\n\t\t\t\t\t\t\t\t\t\t<img loading=\"lazy\" decoding=\"async\" width=\"768\" height=\"512\" src=\"https:\/\/www.elturistatranquil.com\/wp-content\/uploads\/F69-Presa-de-Regolgo-Lierganes-Cantabria.jpg\" class=\"attachment-large size-large wp-image-37176\" alt=\"Presa de Regolgo, Lierganes, Cantabria\" srcset=\"https:\/\/www.elturistatranquil.com\/wp-content\/uploads\/F69-Presa-de-Regolgo-Lierganes-Cantabria.jpg 768w, https:\/\/www.elturistatranquil.com\/wp-content\/uploads\/F69-Presa-de-Regolgo-Lierganes-Cantabria-339x226.jpg 339w\" sizes=\"(max-width: 768px) 100vw, 768px\" \/>\t\t\t\t\t\t\t\t\t\t\t<figcaption class=\"widget-image-caption wp-caption-text\"><\/figcaption>\n\t\t\t\t\t\t\t\t\t\t<\/figure>\n\t\t\t\t\t\t\t\t\t<\/div>\n\t\t\t\t<\/div>\n\t\t\t\t<div class=\"elementor-element elementor-element-708b36d elementor-widget elementor-widget-text-editor\" data-id=\"708b36d\" data-element_type=\"widget\" data-e-type=\"widget\" data-widget_type=\"text-editor.default\">\n\t\t\t\t<div class=\"elementor-widget-container\">\n\t\t\t\t\t\t\t\t\t<p>El dibuix del cartell explicatiu ens mostra la funci\u00f3 dels canals laterals per permetre la permeabilitat dels peixos migradors (salmons i truites especialment) per superar l&#8217;altura de la resclosa i permetre el seu ascens riu amunt. Aquesta actuaci\u00f3 pionera es va realitzar en 2017.<\/p>\t\t\t\t\t\t\t\t<\/div>\n\t\t\t\t<\/div>\n\t\t\t\t<div class=\"elementor-element elementor-element-885afe2 elementor-widget elementor-widget-menu-anchor\" data-id=\"885afe2\" data-element_type=\"widget\" data-e-type=\"widget\" data-widget_type=\"menu-anchor.default\">\n\t\t\t\t<div class=\"elementor-widget-container\">\n\t\t\t\t\t\t\t<div class=\"elementor-menu-anchor\" id=\"c6925\"><\/div>\n\t\t\t\t\t\t<\/div>\n\t\t\t\t<\/div>\n\t\t\t\t<div class=\"elementor-element elementor-element-ea012fa elementor-widget elementor-widget-image\" data-id=\"ea012fa\" data-element_type=\"widget\" data-e-type=\"widget\" data-widget_type=\"image.default\">\n\t\t\t\t<div class=\"elementor-widget-container\">\n\t\t\t\t\t\t\t\t\t\t\t\t<figure class=\"wp-caption\">\n\t\t\t\t\t\t\t\t\t\t<img loading=\"lazy\" decoding=\"async\" width=\"768\" height=\"540\" src=\"https:\/\/www.elturistatranquil.com\/wp-content\/uploads\/F70-Presa-de-Regolgo-Lierganes-Cantabria.jpg\" class=\"attachment-large size-large wp-image-37178\" alt=\"Presa de Regolgo, Lierganes, Cantabria\" srcset=\"https:\/\/www.elturistatranquil.com\/wp-content\/uploads\/F70-Presa-de-Regolgo-Lierganes-Cantabria.jpg 768w, https:\/\/www.elturistatranquil.com\/wp-content\/uploads\/F70-Presa-de-Regolgo-Lierganes-Cantabria-321x226.jpg 321w\" sizes=\"(max-width: 768px) 100vw, 768px\" \/>\t\t\t\t\t\t\t\t\t\t\t<figcaption class=\"widget-image-caption wp-caption-text\"><\/figcaption>\n\t\t\t\t\t\t\t\t\t\t<\/figure>\n\t\t\t\t\t\t\t\t\t<\/div>\n\t\t\t\t<\/div>\n\t\t\t\t<div class=\"elementor-element elementor-element-db47274 elementor-widget elementor-widget-heading\" data-id=\"db47274\" data-element_type=\"widget\" data-e-type=\"widget\" data-widget_type=\"heading.default\">\n\t\t\t\t<div class=\"elementor-widget-container\">\n\t\t\t\t\t<h4 class=\"elementor-heading-title elementor-size-default\">Casa del \u00c1ngel i mol\u00ed<\/h4>\t\t\t\t<\/div>\n\t\t\t\t<\/div>\n\t\t\t\t<div class=\"elementor-element elementor-element-97332fb elementor-widget elementor-widget-text-editor\" data-id=\"97332fb\" data-element_type=\"widget\" data-e-type=\"widget\" data-widget_type=\"text-editor.default\">\n\t\t\t\t<div class=\"elementor-widget-container\">\n\t\t\t\t\t\t\t\t\t<p>Altres 500 metres carretera endavant es troba la <strong>casa del \u00c1ngel<\/strong> (<strong>24<\/strong>), amb un dels seus molins hidr\u00e0ulics davant, ja al <strong>barri de Los Prados<\/strong>.<\/p><p>Per les refer\u00e8ncies, la casa es remunta a 1656, amb una capella dedicada al Sant \u00c0ngel de la Guarda, que va haver de pert\u00e0nyer a Lucas de la Hermosa Alvear i a Mariana de Matienza y Arredondo, la seva esposa.<\/p><p>No deixa de ser curi\u00f3s que el mur cantoner sud es retregui per adaptar-se al tra\u00e7at de cam\u00ed, amb la quantitat de terreny disponible al seu voltant de qu\u00e8 disposaven. En aquest punt es troba l&#8217;entrada a l&#8217;ermita.<\/p><p>Com s&#8217;aprecia, l&#8217;ermita est\u00e0 plenament integrada en l&#8217;edifici de la gran casona rectangular. Se la reconeix per la cadireta que sobresurt sobre la teulada, que correspondria a la fa\u00e7ana d\u2019entrada el temple.<\/p><p>En el seu cos central l&#8217;edifici \u00e9s de dues plantes amb unes golfes, mentre que sobre l&#8217;entrada a l&#8217;ermita es sobreposen dues plantes d\u2019habitatge.<\/p>\t\t\t\t\t\t\t\t<\/div>\n\t\t\t\t<\/div>\n\t\t\t\t<div class=\"elementor-element elementor-element-a918e1d elementor-widget elementor-widget-image\" data-id=\"a918e1d\" data-element_type=\"widget\" data-e-type=\"widget\" data-widget_type=\"image.default\">\n\t\t\t\t<div class=\"elementor-widget-container\">\n\t\t\t\t\t\t\t\t\t\t\t\t<figure class=\"wp-caption\">\n\t\t\t\t\t\t\t\t\t\t<img loading=\"lazy\" decoding=\"async\" width=\"768\" height=\"512\" src=\"https:\/\/www.elturistatranquil.com\/wp-content\/uploads\/F71-Casa-del-Angel-Lierganes-Cantabria.jpg\" class=\"attachment-large size-large wp-image-37180\" alt=\"Casa del \u00c1ngel, Lierganes, Cantabria\" srcset=\"https:\/\/www.elturistatranquil.com\/wp-content\/uploads\/F71-Casa-del-Angel-Lierganes-Cantabria.jpg 768w, https:\/\/www.elturistatranquil.com\/wp-content\/uploads\/F71-Casa-del-Angel-Lierganes-Cantabria-339x226.jpg 339w\" sizes=\"(max-width: 768px) 100vw, 768px\" \/>\t\t\t\t\t\t\t\t\t\t\t<figcaption class=\"widget-image-caption wp-caption-text\"><\/figcaption>\n\t\t\t\t\t\t\t\t\t\t<\/figure>\n\t\t\t\t\t\t\t\t\t<\/div>\n\t\t\t\t<\/div>\n\t\t\t\t<div class=\"elementor-element elementor-element-584d7db elementor-widget elementor-widget-text-editor\" data-id=\"584d7db\" data-element_type=\"widget\" data-e-type=\"widget\" data-widget_type=\"text-editor.default\">\n\t\t\t\t<div class=\"elementor-widget-container\">\n\t\t\t\t\t\t\t\t\t<p>La planta inferior presenta tres portes asim\u00e8tricament distribu\u00efdes d&#8217;arc el\u00b7l\u00edptic de dovelles. Un balc\u00f3 de ferro forjat i dues finestres corresponen a les obertures de la planta superior. Mentre que el balc\u00f3 de les golfes est\u00e0 protegit per un ampli r\u00e0fec.<\/p>\t\t\t\t\t\t\t\t<\/div>\n\t\t\t\t<\/div>\n\t\t\t\t<div class=\"elementor-element elementor-element-73d1941 elementor-widget elementor-widget-image\" data-id=\"73d1941\" data-element_type=\"widget\" data-e-type=\"widget\" data-widget_type=\"image.default\">\n\t\t\t\t<div class=\"elementor-widget-container\">\n\t\t\t\t\t\t\t\t\t\t\t\t<figure class=\"wp-caption\">\n\t\t\t\t\t\t\t\t\t\t<img loading=\"lazy\" decoding=\"async\" width=\"768\" height=\"512\" src=\"https:\/\/www.elturistatranquil.com\/wp-content\/uploads\/F72-Casa-del-Angel-Lierganes-Cantabria.jpg\" class=\"attachment-large size-large wp-image-37182\" alt=\"Casa del \u00c1ngel, Lierganes, Cantabria\" srcset=\"https:\/\/www.elturistatranquil.com\/wp-content\/uploads\/F72-Casa-del-Angel-Lierganes-Cantabria.jpg 768w, https:\/\/www.elturistatranquil.com\/wp-content\/uploads\/F72-Casa-del-Angel-Lierganes-Cantabria-339x226.jpg 339w\" sizes=\"(max-width: 768px) 100vw, 768px\" \/>\t\t\t\t\t\t\t\t\t\t\t<figcaption class=\"widget-image-caption wp-caption-text\"><\/figcaption>\n\t\t\t\t\t\t\t\t\t\t<\/figure>\n\t\t\t\t\t\t\t\t\t<\/div>\n\t\t\t\t<\/div>\n\t\t\t\t<div class=\"elementor-element elementor-element-3d461f7 elementor-widget elementor-widget-text-editor\" data-id=\"3d461f7\" data-element_type=\"widget\" data-e-type=\"widget\" data-widget_type=\"text-editor.default\">\n\t\t\t\t<div class=\"elementor-widget-container\">\n\t\t\t\t\t\t\t\t\t<p>A l&#8217;ermita s&#8217;entrava sota l&#8217;habitatge superior.<\/p>\t\t\t\t\t\t\t\t<\/div>\n\t\t\t\t<\/div>\n\t\t\t\t<div class=\"elementor-element elementor-element-ff033d1 elementor-widget elementor-widget-image\" data-id=\"ff033d1\" data-element_type=\"widget\" data-e-type=\"widget\" data-widget_type=\"image.default\">\n\t\t\t\t<div class=\"elementor-widget-container\">\n\t\t\t\t\t\t\t\t\t\t\t\t<figure class=\"wp-caption\">\n\t\t\t\t\t\t\t\t\t\t<img loading=\"lazy\" decoding=\"async\" width=\"768\" height=\"512\" src=\"https:\/\/www.elturistatranquil.com\/wp-content\/uploads\/F73-Casa-del-Angel-Lierganes-Cantabria.jpg\" class=\"attachment-large size-large wp-image-37184\" alt=\"Casa del \u00c1ngel, Lierganes, Cantabria\" srcset=\"https:\/\/www.elturistatranquil.com\/wp-content\/uploads\/F73-Casa-del-Angel-Lierganes-Cantabria.jpg 768w, https:\/\/www.elturistatranquil.com\/wp-content\/uploads\/F73-Casa-del-Angel-Lierganes-Cantabria-339x226.jpg 339w\" sizes=\"(max-width: 768px) 100vw, 768px\" \/>\t\t\t\t\t\t\t\t\t\t\t<figcaption class=\"widget-image-caption wp-caption-text\"><\/figcaption>\n\t\t\t\t\t\t\t\t\t\t<\/figure>\n\t\t\t\t\t\t\t\t\t<\/div>\n\t\t\t\t<\/div>\n\t\t\t\t<div class=\"elementor-element elementor-element-f80dcd4 elementor-widget elementor-widget-image\" data-id=\"f80dcd4\" data-element_type=\"widget\" data-e-type=\"widget\" data-widget_type=\"image.default\">\n\t\t\t\t<div class=\"elementor-widget-container\">\n\t\t\t\t\t\t\t\t\t\t\t\t<figure class=\"wp-caption\">\n\t\t\t\t\t\t\t\t\t\t<img loading=\"lazy\" decoding=\"async\" width=\"768\" height=\"512\" src=\"https:\/\/www.elturistatranquil.com\/wp-content\/uploads\/F74-Casa-del-Angel-Lierganes-Cantabria.jpg\" class=\"attachment-large size-large wp-image-37186\" alt=\"Casa del \u00c1ngel, Lierganes, Cantabria\" srcset=\"https:\/\/www.elturistatranquil.com\/wp-content\/uploads\/F74-Casa-del-Angel-Lierganes-Cantabria.jpg 768w, https:\/\/www.elturistatranquil.com\/wp-content\/uploads\/F74-Casa-del-Angel-Lierganes-Cantabria-339x226.jpg 339w\" sizes=\"(max-width: 768px) 100vw, 768px\" \/>\t\t\t\t\t\t\t\t\t\t\t<figcaption class=\"widget-image-caption wp-caption-text\"><\/figcaption>\n\t\t\t\t\t\t\t\t\t\t<\/figure>\n\t\t\t\t\t\t\t\t\t<\/div>\n\t\t\t\t<\/div>\n\t\t\t\t<div class=\"elementor-element elementor-element-664679a elementor-widget elementor-widget-text-editor\" data-id=\"664679a\" data-element_type=\"widget\" data-e-type=\"widget\" data-widget_type=\"text-editor.default\">\n\t\t\t\t<div class=\"elementor-widget-container\">\n\t\t\t\t\t\t\t\t\t<p>Al davant, a l&#8217;altre costat de la carretera, un mur amb una porta de acc\u00e9s a l&#8217;\u00e0rea on es troben els dos molins que posse\u00efen.<\/p><p>A la llinda una curiosa inscripci\u00f3 de la qual puc imaginar que podria referir-se als dos molins. En forma versificada diu:<\/p>\t\t\t\t\t\t\t\t<\/div>\n\t\t\t\t<\/div>\n\t\t\t\t<div class=\"elementor-element elementor-element-48086ba elementor-widget elementor-widget-text-editor\" data-id=\"48086ba\" data-element_type=\"widget\" data-e-type=\"widget\" data-widget_type=\"text-editor.default\">\n\t\t\t\t<div class=\"elementor-widget-container\">\n\t\t\t\t\t\t\t\t\t<pre style=\"text-align: center;\">A GLORIA Y HONRA DE DIOS<br \/>QUE PUSO MEDIDA Y TASSA<br \/>ESTAMOS GANANDO DOS<br \/>PARA EL DUE\u00d1O DESTA CASSA<\/pre>\t\t\t\t\t\t\t\t<\/div>\n\t\t\t\t<\/div>\n\t\t\t\t<div class=\"elementor-element elementor-element-9b9be71 elementor-widget elementor-widget-image\" data-id=\"9b9be71\" data-element_type=\"widget\" data-e-type=\"widget\" data-widget_type=\"image.default\">\n\t\t\t\t<div class=\"elementor-widget-container\">\n\t\t\t\t\t\t\t\t\t\t\t\t<figure class=\"wp-caption\">\n\t\t\t\t\t\t\t\t\t\t<img loading=\"lazy\" decoding=\"async\" width=\"768\" height=\"512\" src=\"https:\/\/www.elturistatranquil.com\/wp-content\/uploads\/F75-Molino-de-la-Casa-del-Angel-Lierganes-Cantabria.jpg\" class=\"attachment-large size-large wp-image-37188\" alt=\"Molino de la Casa del \u00c1ngel, Lierganes, Cantabria\" srcset=\"https:\/\/www.elturistatranquil.com\/wp-content\/uploads\/F75-Molino-de-la-Casa-del-Angel-Lierganes-Cantabria.jpg 768w, https:\/\/www.elturistatranquil.com\/wp-content\/uploads\/F75-Molino-de-la-Casa-del-Angel-Lierganes-Cantabria-339x226.jpg 339w\" sizes=\"(max-width: 768px) 100vw, 768px\" \/>\t\t\t\t\t\t\t\t\t\t\t<figcaption class=\"widget-image-caption wp-caption-text\"><\/figcaption>\n\t\t\t\t\t\t\t\t\t\t<\/figure>\n\t\t\t\t\t\t\t\t\t<\/div>\n\t\t\t\t<\/div>\n\t\t\t\t<div class=\"elementor-element elementor-element-13b0369 elementor-widget elementor-widget-text-editor\" data-id=\"13b0369\" data-element_type=\"widget\" data-e-type=\"widget\" data-widget_type=\"text-editor.default\">\n\t\t\t\t<div class=\"elementor-widget-container\">\n\t\t\t\t\t\t\t\t\t<p>Uns metres abans es troba l&#8217;edificaci\u00f3 del <strong>mol\u00ed hidr\u00e0ulic<\/strong> (<strong>25<\/strong>), on han dipositat dues rodes per a significar-lo.<\/p>\t\t\t\t\t\t\t\t<\/div>\n\t\t\t\t<\/div>\n\t\t\t\t<div class=\"elementor-element elementor-element-a0dfa90 elementor-widget elementor-widget-image\" data-id=\"a0dfa90\" data-element_type=\"widget\" data-e-type=\"widget\" data-widget_type=\"image.default\">\n\t\t\t\t<div class=\"elementor-widget-container\">\n\t\t\t\t\t\t\t\t\t\t\t\t<figure class=\"wp-caption\">\n\t\t\t\t\t\t\t\t\t\t<img loading=\"lazy\" decoding=\"async\" width=\"768\" height=\"512\" src=\"https:\/\/www.elturistatranquil.com\/wp-content\/uploads\/F76-Molino-de-la-Casa-del-Angel-Lierganes-Cantabria.jpg\" class=\"attachment-large size-large wp-image-37190\" alt=\"Molino de la Casa del \u00c1ngel, Lierganes, Cantabria\" srcset=\"https:\/\/www.elturistatranquil.com\/wp-content\/uploads\/F76-Molino-de-la-Casa-del-Angel-Lierganes-Cantabria.jpg 768w, https:\/\/www.elturistatranquil.com\/wp-content\/uploads\/F76-Molino-de-la-Casa-del-Angel-Lierganes-Cantabria-339x226.jpg 339w\" sizes=\"(max-width: 768px) 100vw, 768px\" \/>\t\t\t\t\t\t\t\t\t\t\t<figcaption class=\"widget-image-caption wp-caption-text\"><\/figcaption>\n\t\t\t\t\t\t\t\t\t\t<\/figure>\n\t\t\t\t\t\t\t\t\t<\/div>\n\t\t\t\t<\/div>\n\t\t\t\t<div class=\"elementor-element elementor-element-c658f81 elementor-widget elementor-widget-text-editor\" data-id=\"c658f81\" data-element_type=\"widget\" data-e-type=\"widget\" data-widget_type=\"text-editor.default\">\n\t\t\t\t<div class=\"elementor-widget-container\">\n\t\t\t\t\t\t\t\t\t<p>Des de l&#8217;exterior es pot veure al canal d&#8217;arribada de l&#8217;aigua i l&#8217;acc\u00e9s al mol\u00ed.<\/p>\t\t\t\t\t\t\t\t<\/div>\n\t\t\t\t<\/div>\n\t\t\t\t<section class=\"elementor-section elementor-inner-section elementor-element elementor-element-067e5f3 elementor-section-boxed elementor-section-height-default elementor-section-height-default\" data-id=\"067e5f3\" data-element_type=\"section\" data-e-type=\"section\">\n\t\t\t\t\t\t<div class=\"elementor-container elementor-column-gap-default\">\n\t\t\t\t\t<div class=\"elementor-column elementor-col-50 elementor-inner-column elementor-element elementor-element-d9ac382\" data-id=\"d9ac382\" data-element_type=\"column\" data-e-type=\"column\">\n\t\t\t<div class=\"elementor-widget-wrap elementor-element-populated\">\n\t\t\t\t\t\t<div class=\"elementor-element elementor-element-365dbba elementor-widget elementor-widget-image\" data-id=\"365dbba\" data-element_type=\"widget\" data-e-type=\"widget\" data-widget_type=\"image.default\">\n\t\t\t\t<div class=\"elementor-widget-container\">\n\t\t\t\t\t\t\t\t\t\t\t\t\t\t\t<img loading=\"lazy\" decoding=\"async\" width=\"380\" height=\"380\" src=\"https:\/\/www.elturistatranquil.com\/wp-content\/uploads\/F77m-Molino-de-la-Casa-del-Angel-Lierganes-Cantabria.jpg\" class=\"attachment-large size-large wp-image-37192\" alt=\"Molino de la Casa del \u00c1ngel, Lierganes, Cantabria\" srcset=\"https:\/\/www.elturistatranquil.com\/wp-content\/uploads\/F77m-Molino-de-la-Casa-del-Angel-Lierganes-Cantabria.jpg 380w, https:\/\/www.elturistatranquil.com\/wp-content\/uploads\/F77m-Molino-de-la-Casa-del-Angel-Lierganes-Cantabria-226x226.jpg 226w\" sizes=\"(max-width: 380px) 100vw, 380px\" \/>\t\t\t\t\t\t\t\t\t\t\t\t\t\t\t<\/div>\n\t\t\t\t<\/div>\n\t\t\t\t\t<\/div>\n\t\t<\/div>\n\t\t\t\t<div class=\"elementor-column elementor-col-50 elementor-inner-column elementor-element elementor-element-77e112e\" data-id=\"77e112e\" data-element_type=\"column\" data-e-type=\"column\">\n\t\t\t<div class=\"elementor-widget-wrap elementor-element-populated\">\n\t\t\t\t\t\t<div class=\"elementor-element elementor-element-e000d88 elementor-widget elementor-widget-image\" data-id=\"e000d88\" data-element_type=\"widget\" data-e-type=\"widget\" data-widget_type=\"image.default\">\n\t\t\t\t<div class=\"elementor-widget-container\">\n\t\t\t\t\t\t\t\t\t\t\t\t\t\t\t<img loading=\"lazy\" decoding=\"async\" width=\"380\" height=\"380\" src=\"https:\/\/www.elturistatranquil.com\/wp-content\/uploads\/F77n-Molino-de-la-Casa-del-Angel-Lierganes-Cantabria.jpg\" class=\"attachment-large size-large wp-image-37194\" alt=\"Molino de la Casa del \u00c1ngel, Lierganes, Cantabria\" srcset=\"https:\/\/www.elturistatranquil.com\/wp-content\/uploads\/F77n-Molino-de-la-Casa-del-Angel-Lierganes-Cantabria.jpg 380w, https:\/\/www.elturistatranquil.com\/wp-content\/uploads\/F77n-Molino-de-la-Casa-del-Angel-Lierganes-Cantabria-226x226.jpg 226w\" sizes=\"(max-width: 380px) 100vw, 380px\" \/>\t\t\t\t\t\t\t\t\t\t\t\t\t\t\t<\/div>\n\t\t\t\t<\/div>\n\t\t\t\t\t<\/div>\n\t\t<\/div>\n\t\t\t\t\t<\/div>\n\t\t<\/section>\n\t\t\t\t<div class=\"elementor-element elementor-element-53fa06b elementor-widget elementor-widget-menu-anchor\" data-id=\"53fa06b\" data-element_type=\"widget\" data-e-type=\"widget\" data-widget_type=\"menu-anchor.default\">\n\t\t\t\t<div class=\"elementor-widget-container\">\n\t\t\t\t\t\t\t<div class=\"elementor-menu-anchor\" id=\"c6926\"><\/div>\n\t\t\t\t\t\t<\/div>\n\t\t\t\t<\/div>\n\t\t\t\t<div class=\"elementor-element elementor-element-ca748c1 elementor-widget elementor-widget-text-editor\" data-id=\"ca748c1\" data-element_type=\"widget\" data-e-type=\"widget\" data-widget_type=\"text-editor.default\">\n\t\t\t\t<div class=\"elementor-widget-container\">\n\t\t\t\t\t\t\t\t\t<p>Possiblement el tipus d&#8217;aquest fos un <strong>mol\u00ed de regolgo o de regolfo<\/strong>, com s&#8217;ha indicat en el cartell al costat de la resclosa que acabo d&#8217;esmentar.<\/p>\t\t\t\t\t\t\t\t<\/div>\n\t\t\t\t<\/div>\n\t\t\t\t<div class=\"elementor-element elementor-element-58fe56d elementor-widget elementor-widget-heading\" data-id=\"58fe56d\" data-element_type=\"widget\" data-e-type=\"widget\" data-widget_type=\"heading.default\">\n\t\t\t\t<div class=\"elementor-widget-container\">\n\t\t\t\t\t<h2 class=\"elementor-heading-title elementor-size-default\">Fi de la visita<\/h2>\t\t\t\t<\/div>\n\t\t\t\t<\/div>\n\t\t\t\t<div class=\"elementor-element elementor-element-3f822ec elementor-widget elementor-widget-menu-anchor\" data-id=\"3f822ec\" data-element_type=\"widget\" data-e-type=\"widget\" data-widget_type=\"menu-anchor.default\">\n\t\t\t\t<div class=\"elementor-widget-container\">\n\t\t\t\t\t\t\t<div class=\"elementor-menu-anchor\" id=\"c6927\"><\/div>\n\t\t\t\t\t\t<\/div>\n\t\t\t\t<\/div>\n\t\t\t\t<div class=\"elementor-element elementor-element-1b949bb elementor-widget elementor-widget-text-editor\" data-id=\"1b949bb\" data-element_type=\"widget\" data-e-type=\"widget\" data-widget_type=\"text-editor.default\">\n\t\t\t\t<div class=\"elementor-widget-container\">\n\t\t\t\t\t\t\t\t\t<p>La localitat de Li\u00e9rganes \u00e9s una poblaci\u00f3 perfectament adaptada al territori i estructurada pel riu Miera. Sobre els seus carrers de tra\u00e7at irregular, per\u00f2 no intricat, es van distribuint, ara a\u00efllades, ara adossades a petits grups.<\/p><p>Cases, casalots i casals palatins conviuen des del segle XVI. En els grans intersticis que queden es van acoblant les noves construccions, i els nous estils.<\/p><p>Una protoindustrialitzaci\u00f3, en forma de f\u00e0brica d&#8217;armes, marcar\u00e0 el segle XVIII, encara que no deixar\u00e0 una gran empremta industrial de futur.<\/p><p>Per\u00f2 es veur\u00e0 marcada, des de finals de segle XIX i principis del XX pel paper de nucli balneari, sense perdre el car\u00e0cter agrari ramader. La continu\u00eftat del car\u00e0cter terciari entroncar\u00e0 amb la import\u00e0ncia creixent del turisme cultural i de natura i paisatge, des de la segona meitat de segle XX fins als nostres dies.<\/p><p>Haver mantingut el car\u00e0cter arquitect\u00f2nic, urb\u00e0 i etnogr\u00e0fic ser\u00e0 el plus sobre el qual donar suport a una bona part del seu futur, inserits en un entorn de gran valor, com els Valles Pasiegos.<\/p><p>Per la meva banda, tots aquests valors els he pogut constatar des d&#8217;una cabana pasiega adaptada per acollir el visitant en <a href=\"https:\/\/www.elturistatranquil.com\/ca\/los-prados-45-posada-de-cantabria-valles-pasiegos\/\" target=\"_blank\" rel=\"noopener\">Los Prados 45, Posada de Cantabria<\/a>.<\/p>\t\t\t\t\t\t\t\t<\/div>\n\t\t\t\t<\/div>\n\t\t\t\t<div class=\"elementor-element elementor-element-9b922c1 elementor-widget elementor-widget-heading\" data-id=\"9b922c1\" data-element_type=\"widget\" data-e-type=\"widget\" data-widget_type=\"heading.default\">\n\t\t\t\t<div class=\"elementor-widget-container\">\n\t\t\t\t\t<h2 class=\"elementor-heading-title elementor-size-default\">Bases d\u2019informaci\u00f3<\/h2>\t\t\t\t<\/div>\n\t\t\t\t<\/div>\n\t\t\t\t<div class=\"elementor-element elementor-element-43451fad elementor-widget elementor-widget-text-editor\" data-id=\"43451fad\" data-element_type=\"widget\" data-e-type=\"widget\" data-widget_type=\"text-editor.default\">\n\t\t\t\t<div class=\"elementor-widget-container\">\n\t\t\t\t\t\t\t\t\t<p><strong>Webs<\/strong><\/p><p><a href=\"https:\/\/www.aytolierganes.com\/\" target=\"_blank\" rel=\"noopener\">ayuntamiento<\/a><\/p><p><a href=\"https:\/\/es.wikipedia.org\/wiki\/Li%C3%A9rganes\" target=\"_blank\" rel=\"noopener\">wikipedia<\/a><\/p><p><a href=\"https:\/\/www.turismodecantabria.com\/descubrela\/municipios\/13-lierganes\" target=\"_blank\" rel=\"noopener\">turismodecantabria<\/a><\/p><p><a href=\"https:\/\/grupos.unican.es\/acanto\/lierganes\/\" target=\"_blank\" rel=\"noopener\">unican<\/a><\/p><p><strong>Puente de Li\u00e9rganes<\/strong><\/p><p><a href=\"https:\/\/es.wikipedia.org\/wiki\/Puente_de_Li%C3%A9rganes\" target=\"_blank\" rel=\"noopener\">wikipedia<\/a><\/p><p><strong>Leyenda del Hombre Pez<\/strong><\/p><p><a href=\"https:\/\/es.wikipedia.org\/wiki\/El_hombre_pez_de_Li%C3%A9rganes\" target=\"_blank\" rel=\"noopener\">wikipedia<\/a><\/p><p><strong>Iglesia de San Pedro ad V\u00edncula<\/strong><\/p><p><a href=\"https:\/\/es.wikipedia.org\/wiki\/Iglesia_de_San_Pedro_ad_V%C3%ADncula_(Li%C3%A9rganes)\" target=\"_blank\" rel=\"noopener\">wikipedia<\/a><\/p><p><strong>Web academic<\/strong><\/p><p>Enciclopedia del misterio. <a href=\"https:\/\/enciclopediadelmisterio.fandom.com\/es\/wiki\/Hombre_Pez_de_Li%C3%A9rganes\" target=\"_blank\" rel=\"noopener\"><em>La Leyenda del Hombre Pez<\/em><\/a><\/p><p>Montserrat Cubr\u00eda Piris. <a href=\"https:\/\/d1wqtxts1xzle7.cloudfront.net\/65731125\/La_Leyenda_del_Hombre_Pez_de_Lierganes.pdf?1613760170=&amp;response-content-disposition=inline%3B+filename%3DTradicion_Oral_La_Leyenda_del_Hombre_pez.pdf&amp;Expires=1632560643&amp;Signature=KR66bVhD17OsmRHGSD5a1hx2BGE45IM7lB1q~pm96qdY3ylx-UxSyNW5ZTkFKRf7QSN1YjgbM~aUoTvbvZgcFWZ6bp6Bce5dFwUhhegeLK9DNzVJopEm3II08nDN2Xtuggmmp7zskENh7-YMUbjIwfeE2HIhMHsrTpKPeSSzHIo2sZk7ne~T1TLvpjIVPt1hcsotaG1CkiH1ag6qd0sn0TuBBkDCdjguSRZnVR-qADaofqJFjkDYeehvDreYzHAQ-DKqjaQzNWRBzPu1XB4uxZPBy7sI9mSZVQ9cJ5Y~fH14owRuY9OEqZfdYu8qVzHbh4~NhZACvVWpTbjFquhG2Q__&amp;Key-Pair-Id=APKAJLOHF5GGSLRBV4ZA\" target=\"_blank\" rel=\"noopener\"><em>Tradicion oral, la leyenda del hombre pez de Li\u00e9rganes <\/em><\/a><\/p><p>Jos\u00e9 Manuel Maza Usl\u00e9. <a href=\"https:\/\/dialnet.unirioja.es\/descarga\/articulo\/2984691.pdf\" target=\"_blank\" rel=\"noopener\"><em>Or\u00edgenes y fundaci\u00f3n de las F\u00e1bricas de Li\u00e9rganes y La Cavada<\/em><\/a><\/p><p>Academic, <a href=\"https:\/\/es-academic.com\/dic.nsf\/eswiki\/991403\" target=\"_blank\" rel=\"noopener\"><em>Real F\u00e1brica de Artiller\u00eda de La Cavada<\/em><\/a><\/p><p>Montserrat Cubr\u00eda Piris. <a href=\"https:\/\/repositorio.unican.es\/xmlui\/handle\/10902\/9302\" target=\"_blank\" rel=\"noopener\"><em>Aproximaci\u00f3n biogr\u00e1fica a Mariana de Brito: qui\u00e9n fue y cu\u00e1l fue su papel al frente de las F\u00e1bricas de Artiller\u00eda de Li\u00e9rganes y Santa B\u00e1rbara<\/em><\/a><\/p><p>Mar\u00eda. Azucena San Pedro Martinez. <a href=\"https:\/\/www.raco.cat\/index.php\/TreballsGeografia\/article\/download\/104088\/150491\" target=\"_blank\" rel=\"noopener\"><em>Los balnearios monta\u00f1eses. Salud, ocio y negocio (1826-1936)<\/em><\/a><\/p><p>J.C. Garc\u00eda Codr\u00f3n, P. Reques Velasco. <a href=\"https:\/\/core.ac.uk\/download\/pdf\/38823468.pdf\" target=\"_blank\" rel=\"noopener\"><em>La arquitectura popular indicador socioecon\u00f3mico del medio rural. Situaci\u00f3n en Cantabria<\/em><\/a><\/p><p>Luis Bartolom\u00e9 Marcos. <a href=\"https:\/\/dialnet.unirioja.es\/descarga\/articulo\/2984720.pdf\" target=\"_blank\" rel=\"noopener\"><em>El conocimiento de los &#8220;flamencos&#8221; trasmeranos: Ayer, hoy y ma\u00f1ana<\/em><\/a><\/p><p>Luis Bartolom\u00e9 Marcos. <a href=\"https:\/\/dialnet.unirioja.es\/descarga\/articulo\/3910527.pdf\" target=\"_blank\" rel=\"noopener\"><em>Los pioneros \u201cflamencos\u201d en trasmiera<\/em> (I)<\/a><\/p><p>Luis Bartolom\u00e9 Marcos. <a href=\"https:\/\/dialnet.unirioja.es\/descarga\/articulo\/4240902.pdf\" target=\"_blank\" rel=\"noopener\"><em>El proceso de integraci\u00f3n de la colonia \u201cflamenca\u201d<\/em> (y II)<\/a><\/p>\t\t\t\t\t\t\t\t<\/div>\n\t\t\t\t<\/div>\n\t\t\t\t\t<\/div>\n\t\t<\/div>\n\t\t\t\t\t<\/div>\n\t\t<\/section>\n\t\t\t\t<\/div>\n\t\t","protected":false},"excerpt":{"rendered":"<p>A la localitat de Li\u00e9rganes (Cant\u00e0bria), es sintetitza en els seus carrers i cases la tradici\u00f3 agr\u00e0ria i ramadera, la protoindustria, el termalisme balneari i el turisme cultural i de &#8230; <a title=\"Li\u00e9rganes (Cant\u00e0bria)\" class=\"read-more\" href=\"https:\/\/www.elturistatranquil.com\/ca\/lierganes-cantabria\/\" aria-label=\"M\u00e9s informaci\u00f3 sobre Li\u00e9rganes (Cant\u00e0bria)\">[ &#8230; ]<\/a><\/p>\n","protected":false},"author":1,"featured_media":37027,"comment_status":"open","ping_status":"closed","sticky":false,"template":"","format":"standard","meta":{"footnotes":""},"categories":[70,71,72,74,212,77,81,83,92,95,69,100,101,139,106,107,110],"tags":[],"class_list":["post-37204","post","type-post","status-publish","format-standard","has-post-thumbnail","hentry","category-arquitectura-civil-ca","category-arquitectura-popular-ca","category-arquitectura-religiosa-ca","category-barroc","category-cantabria-ca","category-conjunts-historics","category-etnografia-ca","category-historia-ca","category-museus","category-paisatge","category-arqueologia-industrial-ca","category-pobles-i-ciutats-amb-interes","category-renaixement","category-segle-xvi-xvii","category-segle-xviii-xix","category-segle-xx-xxi","category-vila","infinite-scroll-item","generate-columns","tablet-grid-50","mobile-grid-100","grid-parent","grid-50","no-featured-image-padding"],"yoast_head":"<!-- This site is optimized with the Yoast SEO plugin v27.4 - https:\/\/yoast.com\/product\/yoast-seo-wordpress\/ -->\n<title>Li\u00e9rganes (Cant\u00e0bria) - El turista tranquil<\/title>\n<meta name=\"description\" content=\"A la localitat de Li\u00e9rganes (Cant\u00e0bria), es sintetitza en els seus carrers i cases la tradici\u00f3 agr\u00e0ria i ramadera, la protoindustria, el termalisme balneari i el turisme cultural i de natura, des del segle XVI fins a l&#039;actualitat.\" \/>\n<meta name=\"robots\" content=\"index, follow, max-snippet:-1, max-image-preview:large, max-video-preview:-1\" \/>\n<link rel=\"canonical\" href=\"https:\/\/www.elturistatranquil.com\/ca\/lierganes-cantabria\/\" \/>\n<meta property=\"og:locale\" content=\"ca_ES\" \/>\n<meta property=\"og:type\" content=\"article\" \/>\n<meta property=\"og:title\" content=\"Li\u00e9rganes (Cant\u00e0bria) - El turista tranquil\" \/>\n<meta property=\"og:description\" content=\"A la localitat de Li\u00e9rganes (Cant\u00e0bria), es sintetitza en els seus carrers i cases la tradici\u00f3 agr\u00e0ria i ramadera, la protoindustria, el termalisme balneari i el turisme cultural i de natura, des del segle XVI fins a l&#039;actualitat.\" \/>\n<meta property=\"og:url\" content=\"https:\/\/www.elturistatranquil.com\/ca\/lierganes-cantabria\/\" \/>\n<meta property=\"og:site_name\" content=\"El turista tranquil\" \/>\n<meta property=\"article:publisher\" content=\"https:\/\/www.facebook.com\/elturistatranquilo\/\" \/>\n<meta property=\"article:published_time\" content=\"2021-09-25T07:45:47+00:00\" \/>\n<meta property=\"article:modified_time\" content=\"2021-09-25T08:25:00+00:00\" \/>\n<meta property=\"og:image\" content=\"https:\/\/www.elturistatranquil.com\/wp-content\/uploads\/F00-Lierganes-Cantabria.jpg\" \/>\n\t<meta property=\"og:image:width\" content=\"768\" \/>\n\t<meta property=\"og:image:height\" content=\"511\" \/>\n\t<meta property=\"og:image:type\" content=\"image\/jpeg\" \/>\n<meta name=\"author\" content=\"admin\" \/>\n<meta name=\"twitter:card\" content=\"summary_large_image\" \/>\n<meta name=\"twitter:label1\" content=\"Escrit per\" \/>\n\t<meta name=\"twitter:data1\" content=\"admin\" \/>\n\t<meta name=\"twitter:label2\" content=\"Temps estimat de lectura\" \/>\n\t<meta name=\"twitter:data2\" content=\"36 minuts\" \/>\n<script type=\"application\/ld+json\" class=\"yoast-schema-graph\">{\"@context\":\"https:\\\/\\\/schema.org\",\"@graph\":[{\"@type\":\"Article\",\"@id\":\"https:\\\/\\\/www.elturistatranquil.com\\\/ca\\\/lierganes-cantabria\\\/#article\",\"isPartOf\":{\"@id\":\"https:\\\/\\\/www.elturistatranquil.com\\\/ca\\\/lierganes-cantabria\\\/\"},\"author\":{\"name\":\"admin\",\"@id\":\"https:\\\/\\\/www.elturistatranquil.com\\\/ca\\\/#\\\/schema\\\/person\\\/16f607c3079b96ed0c530a52e6b58bb5\"},\"headline\":\"Li\u00e9rganes (Cant\u00e0bria)\",\"datePublished\":\"2021-09-25T07:45:47+00:00\",\"dateModified\":\"2021-09-25T08:25:00+00:00\",\"mainEntityOfPage\":{\"@id\":\"https:\\\/\\\/www.elturistatranquil.com\\\/ca\\\/lierganes-cantabria\\\/\"},\"wordCount\":4627,\"commentCount\":0,\"image\":{\"@id\":\"https:\\\/\\\/www.elturistatranquil.com\\\/ca\\\/lierganes-cantabria\\\/#primaryimage\"},\"thumbnailUrl\":\"https:\\\/\\\/www.elturistatranquil.com\\\/wp-content\\\/uploads\\\/F00-Lierganes-Cantabria.jpg\",\"articleSection\":[\"Arquitectura civil\",\"Arquitectura popular\",\"Arquitectura religiosa\",\"Barroc\",\"Cant\u00e0bria\",\"Conjunts hist\u00f2rics\",\"Etnografia\",\"Hist\u00f2ria\",\"Museus\",\"Paisatge\",\"Patrimoni econ\u00f2mic\\\/productiu\",\"Pobles i ciutats amb inter\u00e9s\",\"Renaixement\",\"Segle XVI-XVII\",\"Segle XVIII-XIX\",\"Segle XX-XXI\",\"Vila\"],\"inLanguage\":\"ca\",\"potentialAction\":[{\"@type\":\"CommentAction\",\"name\":\"Comment\",\"target\":[\"https:\\\/\\\/www.elturistatranquil.com\\\/ca\\\/lierganes-cantabria\\\/#respond\"]}]},{\"@type\":\"WebPage\",\"@id\":\"https:\\\/\\\/www.elturistatranquil.com\\\/ca\\\/lierganes-cantabria\\\/\",\"url\":\"https:\\\/\\\/www.elturistatranquil.com\\\/ca\\\/lierganes-cantabria\\\/\",\"name\":\"Li\u00e9rganes (Cant\u00e0bria) - El turista tranquil\",\"isPartOf\":{\"@id\":\"https:\\\/\\\/www.elturistatranquil.com\\\/ca\\\/#website\"},\"primaryImageOfPage\":{\"@id\":\"https:\\\/\\\/www.elturistatranquil.com\\\/ca\\\/lierganes-cantabria\\\/#primaryimage\"},\"image\":{\"@id\":\"https:\\\/\\\/www.elturistatranquil.com\\\/ca\\\/lierganes-cantabria\\\/#primaryimage\"},\"thumbnailUrl\":\"https:\\\/\\\/www.elturistatranquil.com\\\/wp-content\\\/uploads\\\/F00-Lierganes-Cantabria.jpg\",\"datePublished\":\"2021-09-25T07:45:47+00:00\",\"dateModified\":\"2021-09-25T08:25:00+00:00\",\"author\":{\"@id\":\"https:\\\/\\\/www.elturistatranquil.com\\\/ca\\\/#\\\/schema\\\/person\\\/16f607c3079b96ed0c530a52e6b58bb5\"},\"description\":\"A la localitat de Li\u00e9rganes (Cant\u00e0bria), es sintetitza en els seus carrers i cases la tradici\u00f3 agr\u00e0ria i ramadera, la protoindustria, el termalisme balneari i el turisme cultural i de natura, des del segle XVI fins a l'actualitat.\",\"breadcrumb\":{\"@id\":\"https:\\\/\\\/www.elturistatranquil.com\\\/ca\\\/lierganes-cantabria\\\/#breadcrumb\"},\"inLanguage\":\"ca\",\"potentialAction\":[{\"@type\":\"ReadAction\",\"target\":[\"https:\\\/\\\/www.elturistatranquil.com\\\/ca\\\/lierganes-cantabria\\\/\"]}]},{\"@type\":\"ImageObject\",\"inLanguage\":\"ca\",\"@id\":\"https:\\\/\\\/www.elturistatranquil.com\\\/ca\\\/lierganes-cantabria\\\/#primaryimage\",\"url\":\"https:\\\/\\\/www.elturistatranquil.com\\\/wp-content\\\/uploads\\\/F00-Lierganes-Cantabria.jpg\",\"contentUrl\":\"https:\\\/\\\/www.elturistatranquil.com\\\/wp-content\\\/uploads\\\/F00-Lierganes-Cantabria.jpg\",\"width\":768,\"height\":511,\"caption\":\"Lierganes, Cantabria\"},{\"@type\":\"BreadcrumbList\",\"@id\":\"https:\\\/\\\/www.elturistatranquil.com\\\/ca\\\/lierganes-cantabria\\\/#breadcrumb\",\"itemListElement\":[{\"@type\":\"ListItem\",\"position\":1,\"name\":\"Portada\",\"item\":\"https:\\\/\\\/www.elturistatranquil.com\\\/ca\\\/\"},{\"@type\":\"ListItem\",\"position\":2,\"name\":\"Li\u00e9rganes (Cant\u00e0bria)\"}]},{\"@type\":\"WebSite\",\"@id\":\"https:\\\/\\\/www.elturistatranquil.com\\\/ca\\\/#website\",\"url\":\"https:\\\/\\\/www.elturistatranquil.com\\\/ca\\\/\",\"name\":\"El turista tranquil\",\"description\":\"Blog de viatges\",\"potentialAction\":[{\"@type\":\"SearchAction\",\"target\":{\"@type\":\"EntryPoint\",\"urlTemplate\":\"https:\\\/\\\/www.elturistatranquil.com\\\/ca\\\/?s={search_term_string}\"},\"query-input\":{\"@type\":\"PropertyValueSpecification\",\"valueRequired\":true,\"valueName\":\"search_term_string\"}}],\"inLanguage\":\"ca\"},{\"@type\":\"Person\",\"@id\":\"https:\\\/\\\/www.elturistatranquil.com\\\/ca\\\/#\\\/schema\\\/person\\\/16f607c3079b96ed0c530a52e6b58bb5\",\"name\":\"admin\",\"image\":{\"@type\":\"ImageObject\",\"inLanguage\":\"ca\",\"@id\":\"https:\\\/\\\/secure.gravatar.com\\\/avatar\\\/1fbaf22aee75fcbb29a2f97b107f95d25d3a19b7c3416105be10269872673e8d?s=96&d=mm&r=g\",\"url\":\"https:\\\/\\\/secure.gravatar.com\\\/avatar\\\/1fbaf22aee75fcbb29a2f97b107f95d25d3a19b7c3416105be10269872673e8d?s=96&d=mm&r=g\",\"contentUrl\":\"https:\\\/\\\/secure.gravatar.com\\\/avatar\\\/1fbaf22aee75fcbb29a2f97b107f95d25d3a19b7c3416105be10269872673e8d?s=96&d=mm&r=g\",\"caption\":\"admin\"}}]}<\/script>\n<!-- \/ Yoast SEO plugin. -->","yoast_head_json":{"title":"Li\u00e9rganes (Cant\u00e0bria) - El turista tranquil","description":"A la localitat de Li\u00e9rganes (Cant\u00e0bria), es sintetitza en els seus carrers i cases la tradici\u00f3 agr\u00e0ria i ramadera, la protoindustria, el termalisme balneari i el turisme cultural i de natura, des del segle XVI fins a l'actualitat.","robots":{"index":"index","follow":"follow","max-snippet":"max-snippet:-1","max-image-preview":"max-image-preview:large","max-video-preview":"max-video-preview:-1"},"canonical":"https:\/\/www.elturistatranquil.com\/ca\/lierganes-cantabria\/","og_locale":"ca_ES","og_type":"article","og_title":"Li\u00e9rganes (Cant\u00e0bria) - El turista tranquil","og_description":"A la localitat de Li\u00e9rganes (Cant\u00e0bria), es sintetitza en els seus carrers i cases la tradici\u00f3 agr\u00e0ria i ramadera, la protoindustria, el termalisme balneari i el turisme cultural i de natura, des del segle XVI fins a l'actualitat.","og_url":"https:\/\/www.elturistatranquil.com\/ca\/lierganes-cantabria\/","og_site_name":"El turista tranquil","article_publisher":"https:\/\/www.facebook.com\/elturistatranquilo\/","article_published_time":"2021-09-25T07:45:47+00:00","article_modified_time":"2021-09-25T08:25:00+00:00","og_image":[{"width":768,"height":511,"url":"https:\/\/www.elturistatranquil.com\/wp-content\/uploads\/F00-Lierganes-Cantabria.jpg","type":"image\/jpeg"}],"author":"admin","twitter_card":"summary_large_image","twitter_misc":{"Escrit per":"admin","Temps estimat de lectura":"36 minuts"},"schema":{"@context":"https:\/\/schema.org","@graph":[{"@type":"Article","@id":"https:\/\/www.elturistatranquil.com\/ca\/lierganes-cantabria\/#article","isPartOf":{"@id":"https:\/\/www.elturistatranquil.com\/ca\/lierganes-cantabria\/"},"author":{"name":"admin","@id":"https:\/\/www.elturistatranquil.com\/ca\/#\/schema\/person\/16f607c3079b96ed0c530a52e6b58bb5"},"headline":"Li\u00e9rganes (Cant\u00e0bria)","datePublished":"2021-09-25T07:45:47+00:00","dateModified":"2021-09-25T08:25:00+00:00","mainEntityOfPage":{"@id":"https:\/\/www.elturistatranquil.com\/ca\/lierganes-cantabria\/"},"wordCount":4627,"commentCount":0,"image":{"@id":"https:\/\/www.elturistatranquil.com\/ca\/lierganes-cantabria\/#primaryimage"},"thumbnailUrl":"https:\/\/www.elturistatranquil.com\/wp-content\/uploads\/F00-Lierganes-Cantabria.jpg","articleSection":["Arquitectura civil","Arquitectura popular","Arquitectura religiosa","Barroc","Cant\u00e0bria","Conjunts hist\u00f2rics","Etnografia","Hist\u00f2ria","Museus","Paisatge","Patrimoni econ\u00f2mic\/productiu","Pobles i ciutats amb inter\u00e9s","Renaixement","Segle XVI-XVII","Segle XVIII-XIX","Segle XX-XXI","Vila"],"inLanguage":"ca","potentialAction":[{"@type":"CommentAction","name":"Comment","target":["https:\/\/www.elturistatranquil.com\/ca\/lierganes-cantabria\/#respond"]}]},{"@type":"WebPage","@id":"https:\/\/www.elturistatranquil.com\/ca\/lierganes-cantabria\/","url":"https:\/\/www.elturistatranquil.com\/ca\/lierganes-cantabria\/","name":"Li\u00e9rganes (Cant\u00e0bria) - El turista tranquil","isPartOf":{"@id":"https:\/\/www.elturistatranquil.com\/ca\/#website"},"primaryImageOfPage":{"@id":"https:\/\/www.elturistatranquil.com\/ca\/lierganes-cantabria\/#primaryimage"},"image":{"@id":"https:\/\/www.elturistatranquil.com\/ca\/lierganes-cantabria\/#primaryimage"},"thumbnailUrl":"https:\/\/www.elturistatranquil.com\/wp-content\/uploads\/F00-Lierganes-Cantabria.jpg","datePublished":"2021-09-25T07:45:47+00:00","dateModified":"2021-09-25T08:25:00+00:00","author":{"@id":"https:\/\/www.elturistatranquil.com\/ca\/#\/schema\/person\/16f607c3079b96ed0c530a52e6b58bb5"},"description":"A la localitat de Li\u00e9rganes (Cant\u00e0bria), es sintetitza en els seus carrers i cases la tradici\u00f3 agr\u00e0ria i ramadera, la protoindustria, el termalisme balneari i el turisme cultural i de natura, des del segle XVI fins a l'actualitat.","breadcrumb":{"@id":"https:\/\/www.elturistatranquil.com\/ca\/lierganes-cantabria\/#breadcrumb"},"inLanguage":"ca","potentialAction":[{"@type":"ReadAction","target":["https:\/\/www.elturistatranquil.com\/ca\/lierganes-cantabria\/"]}]},{"@type":"ImageObject","inLanguage":"ca","@id":"https:\/\/www.elturistatranquil.com\/ca\/lierganes-cantabria\/#primaryimage","url":"https:\/\/www.elturistatranquil.com\/wp-content\/uploads\/F00-Lierganes-Cantabria.jpg","contentUrl":"https:\/\/www.elturistatranquil.com\/wp-content\/uploads\/F00-Lierganes-Cantabria.jpg","width":768,"height":511,"caption":"Lierganes, Cantabria"},{"@type":"BreadcrumbList","@id":"https:\/\/www.elturistatranquil.com\/ca\/lierganes-cantabria\/#breadcrumb","itemListElement":[{"@type":"ListItem","position":1,"name":"Portada","item":"https:\/\/www.elturistatranquil.com\/ca\/"},{"@type":"ListItem","position":2,"name":"Li\u00e9rganes (Cant\u00e0bria)"}]},{"@type":"WebSite","@id":"https:\/\/www.elturistatranquil.com\/ca\/#website","url":"https:\/\/www.elturistatranquil.com\/ca\/","name":"El turista tranquil","description":"Blog de viatges","potentialAction":[{"@type":"SearchAction","target":{"@type":"EntryPoint","urlTemplate":"https:\/\/www.elturistatranquil.com\/ca\/?s={search_term_string}"},"query-input":{"@type":"PropertyValueSpecification","valueRequired":true,"valueName":"search_term_string"}}],"inLanguage":"ca"},{"@type":"Person","@id":"https:\/\/www.elturistatranquil.com\/ca\/#\/schema\/person\/16f607c3079b96ed0c530a52e6b58bb5","name":"admin","image":{"@type":"ImageObject","inLanguage":"ca","@id":"https:\/\/secure.gravatar.com\/avatar\/1fbaf22aee75fcbb29a2f97b107f95d25d3a19b7c3416105be10269872673e8d?s=96&d=mm&r=g","url":"https:\/\/secure.gravatar.com\/avatar\/1fbaf22aee75fcbb29a2f97b107f95d25d3a19b7c3416105be10269872673e8d?s=96&d=mm&r=g","contentUrl":"https:\/\/secure.gravatar.com\/avatar\/1fbaf22aee75fcbb29a2f97b107f95d25d3a19b7c3416105be10269872673e8d?s=96&d=mm&r=g","caption":"admin"}}]}},"_links":{"self":[{"href":"https:\/\/www.elturistatranquil.com\/ca\/wp-json\/wp\/v2\/posts\/37204","targetHints":{"allow":["GET"]}}],"collection":[{"href":"https:\/\/www.elturistatranquil.com\/ca\/wp-json\/wp\/v2\/posts"}],"about":[{"href":"https:\/\/www.elturistatranquil.com\/ca\/wp-json\/wp\/v2\/types\/post"}],"author":[{"embeddable":true,"href":"https:\/\/www.elturistatranquil.com\/ca\/wp-json\/wp\/v2\/users\/1"}],"replies":[{"embeddable":true,"href":"https:\/\/www.elturistatranquil.com\/ca\/wp-json\/wp\/v2\/comments?post=37204"}],"version-history":[{"count":5,"href":"https:\/\/www.elturistatranquil.com\/ca\/wp-json\/wp\/v2\/posts\/37204\/revisions"}],"predecessor-version":[{"id":37241,"href":"https:\/\/www.elturistatranquil.com\/ca\/wp-json\/wp\/v2\/posts\/37204\/revisions\/37241"}],"wp:featuredmedia":[{"embeddable":true,"href":"https:\/\/www.elturistatranquil.com\/ca\/wp-json\/wp\/v2\/media\/37027"}],"wp:attachment":[{"href":"https:\/\/www.elturistatranquil.com\/ca\/wp-json\/wp\/v2\/media?parent=37204"}],"wp:term":[{"taxonomy":"category","embeddable":true,"href":"https:\/\/www.elturistatranquil.com\/ca\/wp-json\/wp\/v2\/categories?post=37204"},{"taxonomy":"post_tag","embeddable":true,"href":"https:\/\/www.elturistatranquil.com\/ca\/wp-json\/wp\/v2\/tags?post=37204"}],"curies":[{"name":"wp","href":"https:\/\/api.w.org\/{rel}","templated":true}]}}