{"id":37742,"date":"2021-10-30T23:30:51","date_gmt":"2021-10-30T21:30:51","guid":{"rendered":"https:\/\/www.elturistatranquil.com\/?p=37742"},"modified":"2021-10-31T09:43:55","modified_gmt":"2021-10-31T08:43:55","slug":"conil-de-la-frontera-cadis","status":"publish","type":"post","link":"https:\/\/www.elturistatranquil.com\/ca\/conil-de-la-frontera-cadis\/","title":{"rendered":"Conil de la Frontera (Cadis)"},"content":{"rendered":"\t\t<div data-elementor-type=\"wp-post\" data-elementor-id=\"37742\" class=\"elementor elementor-37742 elementor-37421\" data-elementor-post-type=\"post\">\n\t\t\t\t\t\t<section class=\"elementor-section elementor-top-section elementor-element elementor-element-77afe00c elementor-section-boxed elementor-section-height-default elementor-section-height-default\" data-id=\"77afe00c\" data-element_type=\"section\" data-e-type=\"section\">\n\t\t\t\t\t\t<div class=\"elementor-container elementor-column-gap-default\">\n\t\t\t\t\t<div class=\"elementor-column elementor-col-100 elementor-top-column elementor-element elementor-element-3827420c\" data-id=\"3827420c\" data-element_type=\"column\" data-e-type=\"column\">\n\t\t\t<div class=\"elementor-widget-wrap elementor-element-populated\">\n\t\t\t\t\t\t<section class=\"elementor-section elementor-inner-section elementor-element elementor-element-1c639bc3 elementor-section-content-middle elementor-section-boxed elementor-section-height-default elementor-section-height-default\" data-id=\"1c639bc3\" data-element_type=\"section\" data-e-type=\"section\">\n\t\t\t\t\t\t<div class=\"elementor-container elementor-column-gap-default\">\n\t\t\t\t\t<div class=\"elementor-column elementor-col-100 elementor-inner-column elementor-element elementor-element-24524444\" data-id=\"24524444\" data-element_type=\"column\" data-e-type=\"column\">\n\t\t\t<div class=\"elementor-widget-wrap elementor-element-populated\">\n\t\t\t\t\t\t<div class=\"elementor-element elementor-element-36052d8b elementor-widget elementor-widget-text-editor\" data-id=\"36052d8b\" data-element_type=\"widget\" data-e-type=\"widget\" data-widget_type=\"text-editor.default\">\n\t\t\t\t<div class=\"elementor-widget-container\">\n\t\t\t\t\t\t\t\t\t<p><em>Conil de la Frontera<\/em> (Costa de la Luz, Cadis) configura un dels pobles blancs del litoral gadit\u00e0. Municipi Tur\u00edstic de la Junta d&#8217;Andalusia, combina la tradici\u00f3 hist\u00f2rica, el medi natural i les platges, amb un llegat etnol\u00f2gic que t\u00e9 la m\u00e0xima expressi\u00f3 a l&#8217;almadrava.<\/p>\t\t\t\t\t\t\t\t<\/div>\n\t\t\t\t<\/div>\n\t\t\t\t\t<\/div>\n\t\t<\/div>\n\t\t\t\t\t<\/div>\n\t\t<\/section>\n\t\t\t\t<div class=\"elementor-element elementor-element-63f7693d elementor-widget elementor-widget-heading\" data-id=\"63f7693d\" data-element_type=\"widget\" data-e-type=\"widget\" data-widget_type=\"heading.default\">\n\t\t\t\t<div class=\"elementor-widget-container\">\n\t\t\t\t\t<h1 class=\"elementor-heading-title elementor-size-default\">Conil de la Frontera (Cadis)<\/h1>\t\t\t\t<\/div>\n\t\t\t\t<\/div>\n\t\t\t\t\t<\/div>\n\t\t<\/div>\n\t\t\t\t\t<\/div>\n\t\t<\/section>\n\t\t\t\t<section class=\"elementor-section elementor-top-section elementor-element elementor-element-2b53a2eb elementor-section-boxed elementor-section-height-default elementor-section-height-default\" data-id=\"2b53a2eb\" data-element_type=\"section\" data-e-type=\"section\">\n\t\t\t\t\t\t<div class=\"elementor-container elementor-column-gap-default\">\n\t\t\t\t\t<div class=\"elementor-column elementor-col-100 elementor-top-column elementor-element elementor-element-75e710f0\" data-id=\"75e710f0\" data-element_type=\"column\" data-e-type=\"column\">\n\t\t\t<div class=\"elementor-widget-wrap elementor-element-populated\">\n\t\t\t\t\t\t<div class=\"elementor-element elementor-element-6334e168 elementor-widget elementor-widget-image\" data-id=\"6334e168\" data-element_type=\"widget\" data-e-type=\"widget\" data-widget_type=\"image.default\">\n\t\t\t\t<div class=\"elementor-widget-container\">\n\t\t\t\t\t\t\t\t\t\t\t\t<figure class=\"wp-caption\">\n\t\t\t\t\t\t\t\t\t\t<img fetchpriority=\"high\" decoding=\"async\" width=\"768\" height=\"512\" src=\"https:\/\/www.elturistatranquil.com\/wp-content\/uploads\/F01-Conil-de-la-Frontera-Google-earth-2021-10-15.jpg\" class=\"attachment-large size-large wp-image-37439\" alt=\"Conil de la Frontera (Google earth 2021-10-15)\" srcset=\"https:\/\/www.elturistatranquil.com\/wp-content\/uploads\/F01-Conil-de-la-Frontera-Google-earth-2021-10-15.jpg 768w, https:\/\/www.elturistatranquil.com\/wp-content\/uploads\/F01-Conil-de-la-Frontera-Google-earth-2021-10-15-339x226.jpg 339w\" sizes=\"(max-width: 768px) 100vw, 768px\" \/>\t\t\t\t\t\t\t\t\t\t\t<figcaption class=\"widget-image-caption wp-caption-text\">Conil de la Frontera (Google earth 2021-10-15)<\/figcaption>\n\t\t\t\t\t\t\t\t\t\t<\/figure>\n\t\t\t\t\t\t\t\t\t<\/div>\n\t\t\t\t<\/div>\n\t\t\t\t<div class=\"elementor-element elementor-element-247ca7da elementor-widget elementor-widget-spacer\" data-id=\"247ca7da\" data-element_type=\"widget\" data-e-type=\"widget\" data-widget_type=\"spacer.default\">\n\t\t\t\t<div class=\"elementor-widget-container\">\n\t\t\t\t\t\t\t<div class=\"elementor-spacer\">\n\t\t\t<div class=\"elementor-spacer-inner\"><\/div>\n\t\t<\/div>\n\t\t\t\t\t\t<\/div>\n\t\t\t\t<\/div>\n\t\t\t\t<div class=\"elementor-element elementor-element-1e36e4d elementor-widget elementor-widget-heading\" data-id=\"1e36e4d\" data-element_type=\"widget\" data-e-type=\"widget\" data-widget_type=\"heading.default\">\n\t\t\t\t<div class=\"elementor-widget-container\">\n\t\t\t\t\t<h2 class=\"elementor-heading-title elementor-size-default\">Conil de la Frontera. La Janda\/Costa de la Luz. Cadis<\/h2>\t\t\t\t<\/div>\n\t\t\t\t<\/div>\n\t\t\t\t<section class=\"elementor-section elementor-inner-section elementor-element elementor-element-2350d663 elementor-section-boxed elementor-section-height-default elementor-section-height-default\" data-id=\"2350d663\" data-element_type=\"section\" data-e-type=\"section\" data-settings=\"{&quot;background_background&quot;:&quot;classic&quot;}\">\n\t\t\t\t\t\t\t<div class=\"elementor-background-overlay\"><\/div>\n\t\t\t\t\t\t\t<div class=\"elementor-container elementor-column-gap-default\">\n\t\t\t\t\t<div class=\"elementor-column elementor-col-100 elementor-inner-column elementor-element elementor-element-71788507\" data-id=\"71788507\" data-element_type=\"column\" data-e-type=\"column\" data-settings=\"{&quot;background_background&quot;:&quot;classic&quot;}\">\n\t\t\t<div class=\"elementor-widget-wrap elementor-element-populated\">\n\t\t\t\t\t\t<div class=\"elementor-element elementor-element-1f1d6a94 elementor-widget elementor-widget-text-editor\" data-id=\"1f1d6a94\" data-element_type=\"widget\" data-e-type=\"widget\" data-widget_type=\"text-editor.default\">\n\t\t\t\t<div class=\"elementor-widget-container\">\n\t\t\t\t\t\t\t\t\t<p>Comarca: La Janda. Prov\u00edncia: Cadis. Com. Aut\u00f2noma: Andalusia<\/p><p>Coordenades: 36\u00b016\u203232\u2033N 6\u00b005\u203216\u2033O. Altitud: 41 msnm. Poblaci\u00f3: 13.707 habitants a la localitat i 22.275 habitants al municipi (2020)<\/p><p>Web: <a href=\"https:\/\/www.conildelafrontera.es\/\" target=\"_blank\" rel=\"noopener\">ayuntamiento<\/a><\/p><p><em>Conjunt Historic-Art\u00edstic <\/em>(1983)<\/p><p><em>Municipi Tur\u00edstic<\/em> de la Junta d\u2019Andalusia<\/p><p>Visita: 2021<\/p>\t\t\t\t\t\t\t\t<\/div>\n\t\t\t\t<\/div>\n\t\t\t\t\t<\/div>\n\t\t<\/div>\n\t\t\t\t\t<\/div>\n\t\t<\/section>\n\t\t\t\t<div class=\"elementor-element elementor-element-6ab62eb9 elementor-widget elementor-widget-image\" data-id=\"6ab62eb9\" data-element_type=\"widget\" data-e-type=\"widget\" data-widget_type=\"image.default\">\n\t\t\t\t<div class=\"elementor-widget-container\">\n\t\t\t\t\t\t\t\t\t\t\t\t<figure class=\"wp-caption\">\n\t\t\t\t\t\t\t\t\t\t<img decoding=\"async\" width=\"768\" height=\"512\" src=\"https:\/\/www.elturistatranquil.com\/wp-content\/uploads\/F02c-Mapa-de-situacio-de-Conil-de-la-Frontera-Google-maps-2021-10-15.jpg\" class=\"attachment-medium_large size-medium_large wp-image-37744\" alt=\"Mapa de situaci\u00f3 de Conil de la Frontera (Google maps 2021-10-15)\" srcset=\"https:\/\/www.elturistatranquil.com\/wp-content\/uploads\/F02c-Mapa-de-situacio-de-Conil-de-la-Frontera-Google-maps-2021-10-15.jpg 768w, https:\/\/www.elturistatranquil.com\/wp-content\/uploads\/F02c-Mapa-de-situacio-de-Conil-de-la-Frontera-Google-maps-2021-10-15-339x226.jpg 339w\" sizes=\"(max-width: 768px) 100vw, 768px\" \/>\t\t\t\t\t\t\t\t\t\t\t<figcaption class=\"widget-image-caption wp-caption-text\">Mapa de situaci\u00f3 de Conil de la Frontera (Google maps 2021-10-15)<\/figcaption>\n\t\t\t\t\t\t\t\t\t\t<\/figure>\n\t\t\t\t\t\t\t\t\t<\/div>\n\t\t\t\t<\/div>\n\t\t\t\t<section class=\"elementor-section elementor-inner-section elementor-element elementor-element-68aac91f elementor-section-boxed elementor-section-height-default elementor-section-height-default\" data-id=\"68aac91f\" data-element_type=\"section\" data-e-type=\"section\" data-settings=\"{&quot;background_background&quot;:&quot;classic&quot;}\">\n\t\t\t\t\t\t<div class=\"elementor-container elementor-column-gap-default\">\n\t\t\t\t\t<div class=\"elementor-column elementor-col-100 elementor-inner-column elementor-element elementor-element-13b8e887\" data-id=\"13b8e887\" data-element_type=\"column\" data-e-type=\"column\">\n\t\t\t<div class=\"elementor-widget-wrap elementor-element-populated\">\n\t\t\t\t\t\t<div class=\"elementor-element elementor-element-240c5fc elementor-widget elementor-widget-text-editor\" data-id=\"240c5fc\" data-element_type=\"widget\" data-e-type=\"widget\" data-widget_type=\"text-editor.default\">\n\t\t\t\t<div class=\"elementor-widget-container\">\n\t\t\t\t\t\t\t\t\t<p style=\"text-align: center;\"><strong>\u00cdndex<\/strong><\/p>\t\t\t\t\t\t\t\t<\/div>\n\t\t\t\t<\/div>\n\t\t\t\t<div class=\"elementor-element elementor-element-2dbf8a44 elementor-widget elementor-widget-text-editor\" data-id=\"2dbf8a44\" data-element_type=\"widget\" data-e-type=\"widget\" data-widget_type=\"text-editor.default\">\n\t\t\t\t<div class=\"elementor-widget-container\">\n\t\t\t\t\t\t\t\t\t<p><a href=\"https:\/\/www.elturistatranquil.com\/ca\/conil-de-la-frontera-cadis\/#c7001\">Conil de la Frontera. La Janda\/Costa de la Llum. Cadis<\/a><\/p><p><a href=\"https:\/\/www.elturistatranquil.com\/ca\/conil-de-la-frontera-cadis\/#c7002\">El territori<\/a><\/p><p><a href=\"https:\/\/www.elturistatranquil.com\/ca\/conil-de-la-frontera-cadis\/#c7003\">Una mica d&#8217;hist\u00f2ria<\/a><\/p><p><a href=\"https:\/\/www.elturistatranquil.com\/ca\/conil-de-la-frontera-cadis\/#c7004\">La visita a Conil de la Frontera<\/a><\/p><p style=\"padding-left: 40px;\"><a href=\"https:\/\/www.elturistatranquil.com\/ca\/conil-de-la-frontera-cadis\/#c7005\">Pla\u00e7a Porta de la Vila, Pla\u00e7a d&#8217;Espanya i carrer Pascual Junquera<\/a><\/p><p style=\"padding-left: 40px;\"><a href=\"https:\/\/www.elturistatranquil.com\/ca\/conil-de-la-frontera-cadis\/#c7006\">Entorn de la Pla\u00e7a de la Constituci\u00f3<\/a><\/p><p style=\"padding-left: 40px;\"><a href=\"https:\/\/www.elturistatranquil.com\/ca\/conil-de-la-frontera-cadis\/#c7007\">Barri de la Huerta de los Frailes<\/a><\/p><p style=\"padding-left: 40px;\"><a href=\"https:\/\/www.elturistatranquil.com\/ca\/conil-de-la-frontera-cadis\/#c70\">Arc del Portillo, Barri de las Flores i Pla\u00e7a del Mol\u00ed<\/a><\/p><p style=\"padding-left: 40px;\"><a href=\"https:\/\/www.elturistatranquil.com\/ca\/conil-de-la-frontera-cadis\/#c7009\">Pla\u00e7a de Santa Catalina<\/a><\/p><p style=\"padding-left: 40px;\"><a href=\"https:\/\/www.elturistatranquil.com\/ca\/conil-de-la-frontera-cadis\/#c7010\">La Chanca. Centre d\u2019interpretaci\u00f3 i documentaci\u00f3 del mar, la tonyina i les almadraves<\/a><\/p><p style=\"padding-left: 40px;\"><a href=\"https:\/\/www.elturistatranquil.com\/ca\/conil-de-la-frontera-cadis\/#c7011\">Entorn de riu Salado i el Prado i platja de Castilnovo<\/a><\/p><p style=\"padding-left: 40px;\"><a href=\"https:\/\/www.elturistatranquil.com\/ca\/conil-de-la-frontera-cadis\/#c7012\">Fa\u00e7ana mar\u00edtima i platja<\/a><\/p><p style=\"padding-left: 40px;\"><a href=\"https:\/\/www.elturistatranquil.com\/ca\/conil-de-la-frontera-cadis\/#c7013\">Port de Conil i Roche<\/a><\/p><p><a href=\"https:\/\/www.elturistatranquil.com\/ca\/conil-de-la-frontera-cadis\/#c7014\">Fi de la visita<\/a><\/p><p><a href=\"https:\/\/www.elturistatranquil.com\/ca\/conil-de-la-frontera-cadis\/#c7015\">Bases d&#8217;informaci\u00f3<\/a><\/p>\t\t\t\t\t\t\t\t<\/div>\n\t\t\t\t<\/div>\n\t\t\t\t\t<\/div>\n\t\t<\/div>\n\t\t\t\t\t<\/div>\n\t\t<\/section>\n\t\t\t\t<div class=\"elementor-element elementor-element-3f69468c elementor-widget elementor-widget-spacer\" data-id=\"3f69468c\" data-element_type=\"widget\" data-e-type=\"widget\" data-widget_type=\"spacer.default\">\n\t\t\t\t<div class=\"elementor-widget-container\">\n\t\t\t\t\t\t\t<div class=\"elementor-spacer\">\n\t\t\t<div class=\"elementor-spacer-inner\"><\/div>\n\t\t<\/div>\n\t\t\t\t\t\t<\/div>\n\t\t\t\t<\/div>\n\t\t\t\t<div class=\"elementor-element elementor-element-2502a738 elementor-widget elementor-widget-menu-anchor\" data-id=\"2502a738\" data-element_type=\"widget\" data-e-type=\"widget\" data-widget_type=\"menu-anchor.default\">\n\t\t\t\t<div class=\"elementor-widget-container\">\n\t\t\t\t\t\t\t<div class=\"elementor-menu-anchor\" id=\"c7001\"><\/div>\n\t\t\t\t\t\t<\/div>\n\t\t\t\t<\/div>\n\t\t\t\t<div class=\"elementor-element elementor-element-6c9bcb33 elementor-widget elementor-widget-spacer\" data-id=\"6c9bcb33\" data-element_type=\"widget\" data-e-type=\"widget\" data-widget_type=\"spacer.default\">\n\t\t\t\t<div class=\"elementor-widget-container\">\n\t\t\t\t\t\t\t<div class=\"elementor-spacer\">\n\t\t\t<div class=\"elementor-spacer-inner\"><\/div>\n\t\t<\/div>\n\t\t\t\t\t\t<\/div>\n\t\t\t\t<\/div>\n\t\t\t\t<div class=\"elementor-element elementor-element-4ec016f4 elementor-widget elementor-widget-heading\" data-id=\"4ec016f4\" data-element_type=\"widget\" data-e-type=\"widget\" data-widget_type=\"heading.default\">\n\t\t\t\t<div class=\"elementor-widget-container\">\n\t\t\t\t\t<h2 class=\"elementor-heading-title elementor-size-default\">Conil de la Frontera. La Janda\/Costa de la Luz. Cadis<\/h2>\t\t\t\t<\/div>\n\t\t\t\t<\/div>\n\t\t\t\t<div class=\"elementor-element elementor-element-7ae6376 elementor-widget elementor-widget-menu-anchor\" data-id=\"7ae6376\" data-element_type=\"widget\" data-e-type=\"widget\" data-widget_type=\"menu-anchor.default\">\n\t\t\t\t<div class=\"elementor-widget-container\">\n\t\t\t\t\t\t\t<div class=\"elementor-menu-anchor\" id=\"c7002\"><\/div>\n\t\t\t\t\t\t<\/div>\n\t\t\t\t<\/div>\n\t\t\t\t<div class=\"elementor-element elementor-element-4ab09d0c elementor-widget elementor-widget-text-editor\" data-id=\"4ab09d0c\" data-element_type=\"widget\" data-e-type=\"widget\" data-widget_type=\"text-editor.default\">\n\t\t\t\t<div class=\"elementor-widget-container\">\n\t\t\t\t\t\t\t\t\t<p>Una de les localitats m\u00e9s caracter\u00edstiques de la Costa de la Lluz \u00e9s <strong>Conil de la Frontera<\/strong>, encarada a l&#8217;oce\u00e0 Atl\u00e0ntic a la Badia de Cadis. Va ser la vila que vaig triar per rec\u00f3rrer aquests paratges des de l&#8217;allotjament <a href=\"https:\/\/www.elturistatranquil.com\/ca\/conil-home-suite-estudis-i-apartaments-de-disseny-costa-de-la-luz\/\" target=\"_blank\" rel=\"noopener\"><strong>Conil Home Suite<\/strong><\/a>. A Conil de la Frontera dedico aquest <em>Post<\/em>.<\/p><p>Un petit problema amb la m\u00e0quina fotogr\u00e0fica va fer ressentir encara m\u00e9s la qualitat d&#8217;algunes fotografies. Demano disculpes, per\u00f2 no \u00e9s possible tornar-les a repetir.<\/p>\t\t\t\t\t\t\t\t<\/div>\n\t\t\t\t<\/div>\n\t\t\t\t<div class=\"elementor-element elementor-element-414b1376 elementor-widget elementor-widget-heading\" data-id=\"414b1376\" data-element_type=\"widget\" data-e-type=\"widget\" data-widget_type=\"heading.default\">\n\t\t\t\t<div class=\"elementor-widget-container\">\n\t\t\t\t\t<h2 class=\"elementor-heading-title elementor-size-default\">El territori<\/h2>\t\t\t\t<\/div>\n\t\t\t\t<\/div>\n\t\t\t\t<div class=\"elementor-element elementor-element-55e5e511 elementor-widget elementor-widget-image\" data-id=\"55e5e511\" data-element_type=\"widget\" data-e-type=\"widget\" data-widget_type=\"image.default\">\n\t\t\t\t<div class=\"elementor-widget-container\">\n\t\t\t\t\t\t\t\t\t\t\t\t<figure class=\"wp-caption\">\n\t\t\t\t\t\t\t\t\t\t<img decoding=\"async\" width=\"768\" height=\"512\" src=\"https:\/\/www.elturistatranquil.com\/wp-content\/uploads\/F03-Conil-de-la-Frontera-Google-maps-2021-10-15.jpg\" class=\"attachment-large size-large wp-image-37443\" alt=\"Conil de la Frontera (Google maps 2021-10-15)\" srcset=\"https:\/\/www.elturistatranquil.com\/wp-content\/uploads\/F03-Conil-de-la-Frontera-Google-maps-2021-10-15.jpg 768w, https:\/\/www.elturistatranquil.com\/wp-content\/uploads\/F03-Conil-de-la-Frontera-Google-maps-2021-10-15-339x226.jpg 339w\" sizes=\"(max-width: 768px) 100vw, 768px\" \/>\t\t\t\t\t\t\t\t\t\t\t<figcaption class=\"widget-image-caption wp-caption-text\">Localitzaci\u00f3 de Conil de la Frontera (Google maps 2021-10-15)<\/figcaption>\n\t\t\t\t\t\t\t\t\t\t<\/figure>\n\t\t\t\t\t\t\t\t\t<\/div>\n\t\t\t\t<\/div>\n\t\t\t\t<div class=\"elementor-element elementor-element-ad8ce97 elementor-widget elementor-widget-text-editor\" data-id=\"ad8ce97\" data-element_type=\"widget\" data-e-type=\"widget\" data-widget_type=\"text-editor.default\">\n\t\t\t\t<div class=\"elementor-widget-container\">\n\t\t\t\t\t\t\t\t\t<p><strong>Conil de la Frontera<\/strong> forma part de la comarca de La Janda -que s&#8217;est\u00e9n entre l&#8217;Atl\u00e0ntic i la vora sud-occidental de la serralada B\u00e8tica a la prov\u00edncia de Cadis-, situada sobre la costa a 36\u00b016\u203232\u2033N 6\u00b005\u2032 16\u2033O.<\/p><p>El municipi de Conil compta amb un litoral de 14,6 km, de morfologia rectil\u00ednia i continua en conjunt. Es poden observar dues formes diferents de costa, les platges \u00e0mplies i obertes de la zona sud, on s&#8217;assenta la localitat, i les cales de la zona nord, que es formen als penya-segats d&#8217;uns 35 m d&#8217;al\u00e7ada, d&#8217;argila i pedra ostionera (roca formada per restes de petxines marines utilitzada a la zona de Cadis i la seva badia).<\/p>\t\t\t\t\t\t\t\t<\/div>\n\t\t\t\t<\/div>\n\t\t\t\t<section class=\"elementor-section elementor-inner-section elementor-element elementor-element-515cbb0 elementor-section-boxed elementor-section-height-default elementor-section-height-default\" data-id=\"515cbb0\" data-element_type=\"section\" data-e-type=\"section\">\n\t\t\t\t\t\t<div class=\"elementor-container elementor-column-gap-default\">\n\t\t\t\t\t<div class=\"elementor-column elementor-col-50 elementor-inner-column elementor-element elementor-element-5a37066\" data-id=\"5a37066\" data-element_type=\"column\" data-e-type=\"column\">\n\t\t\t<div class=\"elementor-widget-wrap elementor-element-populated\">\n\t\t\t\t\t\t<div class=\"elementor-element elementor-element-6b629da elementor-widget elementor-widget-image\" data-id=\"6b629da\" data-element_type=\"widget\" data-e-type=\"widget\" data-widget_type=\"image.default\">\n\t\t\t\t<div class=\"elementor-widget-container\">\n\t\t\t\t\t\t\t\t\t\t\t\t\t\t\t<img loading=\"lazy\" decoding=\"async\" width=\"380\" height=\"380\" src=\"https:\/\/www.elturistatranquil.com\/wp-content\/uploads\/F04m-Conil-de-la-Frontera.-Acantilados-de-Roche.jpg\" class=\"attachment-large size-large wp-image-37445\" alt=\"Conil de la Frontera. Acantilados de Roche\" srcset=\"https:\/\/www.elturistatranquil.com\/wp-content\/uploads\/F04m-Conil-de-la-Frontera.-Acantilados-de-Roche.jpg 380w, https:\/\/www.elturistatranquil.com\/wp-content\/uploads\/F04m-Conil-de-la-Frontera.-Acantilados-de-Roche-226x226.jpg 226w\" sizes=\"(max-width: 380px) 100vw, 380px\" \/>\t\t\t\t\t\t\t\t\t\t\t\t\t\t\t<\/div>\n\t\t\t\t<\/div>\n\t\t\t\t\t<\/div>\n\t\t<\/div>\n\t\t\t\t<div class=\"elementor-column elementor-col-50 elementor-inner-column elementor-element elementor-element-e4d0efd\" data-id=\"e4d0efd\" data-element_type=\"column\" data-e-type=\"column\">\n\t\t\t<div class=\"elementor-widget-wrap elementor-element-populated\">\n\t\t\t\t\t\t<div class=\"elementor-element elementor-element-5a5337a elementor-widget elementor-widget-image\" data-id=\"5a5337a\" data-element_type=\"widget\" data-e-type=\"widget\" data-widget_type=\"image.default\">\n\t\t\t\t<div class=\"elementor-widget-container\">\n\t\t\t\t\t\t\t\t\t\t\t\t\t\t\t<img loading=\"lazy\" decoding=\"async\" width=\"380\" height=\"380\" src=\"https:\/\/www.elturistatranquil.com\/wp-content\/uploads\/F04n-Piedra-ostionera.-Conil-de-la-Frontera.jpg\" class=\"attachment-large size-large wp-image-37447\" alt=\"Piedra ostionera. Conil de la Frontera\" srcset=\"https:\/\/www.elturistatranquil.com\/wp-content\/uploads\/F04n-Piedra-ostionera.-Conil-de-la-Frontera.jpg 380w, https:\/\/www.elturistatranquil.com\/wp-content\/uploads\/F04n-Piedra-ostionera.-Conil-de-la-Frontera-226x226.jpg 226w\" sizes=\"(max-width: 380px) 100vw, 380px\" \/>\t\t\t\t\t\t\t\t\t\t\t\t\t\t\t<\/div>\n\t\t\t\t<\/div>\n\t\t\t\t\t<\/div>\n\t\t<\/div>\n\t\t\t\t\t<\/div>\n\t\t<\/section>\n\t\t\t\t<div class=\"elementor-element elementor-element-835d483 elementor-widget elementor-widget-text-editor\" data-id=\"835d483\" data-element_type=\"widget\" data-e-type=\"widget\" data-widget_type=\"text-editor.default\">\n\t\t\t\t<div class=\"elementor-widget-container\">\n\t\t\t\t\t\t\t\t\t<p>La tonyina vermella constitueix un altre dels elements que caracteritzen la geografia del lloc.<\/p><p>L&#8217;Estret de Gibraltar \u00e9s el lloc de pas de la tonyina vermella des de l&#8217;Atl\u00e0ntic cap a m\u00e9s temperat Mediterrani per fresar i criar als mesos de maig i juny, en el recorregut que es diu de \u201cderechos\u201d, i tornar a l&#8217;Atl\u00e0ntic als mesos de juliol a setembre a la seva ruta \u201cde rev\u00e9s\u201d.<\/p><p>Aquest tr\u00e0nsit de la tonyina \u00e9s el que, si m\u00e9s no des del temps dels fenicis, s&#8217;aprofita per capturar-lo mitjan\u00e7ant el muntatge de les almadraves. De les almadraves que es practiquen actualment a la zona, totes ho fan de &#8220;derechos&#8221;, excepte a Barbate que alguns anys efectua captura de &#8220;rev\u00e9s&#8221;, quan tornen amb les cries cap a l&#8217;Atl\u00e0ntic.<\/p><p>La tonyina vermella va simbolitzar per molt de temps el principal suport per als vilatans de Conil, encara que actualment tamb\u00e9 s&#8217;ha desenvolupat l&#8217;agricultura, la ramaderia i principalment el negoci del turisme.<\/p><p>Segons l&#8217;\u00e8poca en qu\u00e8 es visiti es pot observar a les seves aig\u00fces l&#8217;empla\u00e7ament de l&#8217;almadrava i els vaixells fent les feines de pesca.<\/p>\t\t\t\t\t\t\t\t<\/div>\n\t\t\t\t<\/div>\n\t\t\t\t<div class=\"elementor-element elementor-element-0d03517 elementor-widget elementor-widget-image\" data-id=\"0d03517\" data-element_type=\"widget\" data-e-type=\"widget\" data-widget_type=\"image.default\">\n\t\t\t\t<div class=\"elementor-widget-container\">\n\t\t\t\t\t\t\t\t\t\t\t\t<figure class=\"wp-caption\">\n\t\t\t\t\t\t\t\t\t\t<img loading=\"lazy\" decoding=\"async\" width=\"768\" height=\"491\" src=\"https:\/\/www.elturistatranquil.com\/wp-content\/uploads\/F05-Almadraba.-Conil-de-la-Frontera.-Foto-.-Ayuntamiento-de-Conil.jpg\" class=\"attachment-large size-large wp-image-37449\" alt=\"Almadraba. Conil de la Frontera. Foto-. Ayuntamiento de Conil\" srcset=\"https:\/\/www.elturistatranquil.com\/wp-content\/uploads\/F05-Almadraba.-Conil-de-la-Frontera.-Foto-.-Ayuntamiento-de-Conil.jpg 768w, https:\/\/www.elturistatranquil.com\/wp-content\/uploads\/F05-Almadraba.-Conil-de-la-Frontera.-Foto-.-Ayuntamiento-de-Conil-339x217.jpg 339w\" sizes=\"(max-width: 768px) 100vw, 768px\" \/>\t\t\t\t\t\t\t\t\t\t\t<figcaption class=\"widget-image-caption wp-caption-text\">L'almadrava de Conil de la Frontera (Foto: Ayuntamiento de Conil)<\/figcaption>\n\t\t\t\t\t\t\t\t\t\t<\/figure>\n\t\t\t\t\t\t\t\t\t<\/div>\n\t\t\t\t<\/div>\n\t\t\t\t<div class=\"elementor-element elementor-element-4e28630 elementor-widget elementor-widget-menu-anchor\" data-id=\"4e28630\" data-element_type=\"widget\" data-e-type=\"widget\" data-widget_type=\"menu-anchor.default\">\n\t\t\t\t<div class=\"elementor-widget-container\">\n\t\t\t\t\t\t\t<div class=\"elementor-menu-anchor\" id=\"c7003\"><\/div>\n\t\t\t\t\t\t<\/div>\n\t\t\t\t<\/div>\n\t\t\t\t<div class=\"elementor-element elementor-element-c74745c elementor-widget elementor-widget-text-editor\" data-id=\"c74745c\" data-element_type=\"widget\" data-e-type=\"widget\" data-widget_type=\"text-editor.default\">\n\t\t\t\t<div class=\"elementor-widget-container\">\n\t\t\t\t\t\t\t\t\t<p>Per obtenir m\u00e9s informaci\u00f3 sobre aquest proc\u00e9s de pesca de la tonyina vermella ens dirigirem al Centre d&#8217;Interpretaci\u00f3 i Documentaci\u00f3 del Mar, la Tonyina i les Almadraves de La Chanca de Conil, que presentar\u00e9 m\u00e9s endavant.<\/p><p>Un altre atractiu que ofereix el territori s\u00f3n els fabulosos capvespres que es gaudeix des d&#8217;aquesta zona del litoral.<\/p>\t\t\t\t\t\t\t\t<\/div>\n\t\t\t\t<\/div>\n\t\t\t\t<div class=\"elementor-element elementor-element-9646328 elementor-widget elementor-widget-heading\" data-id=\"9646328\" data-element_type=\"widget\" data-e-type=\"widget\" data-widget_type=\"heading.default\">\n\t\t\t\t<div class=\"elementor-widget-container\">\n\t\t\t\t\t<h2 class=\"elementor-heading-title elementor-size-default\">Una mica d'hist\u00f2ria<\/h2>\t\t\t\t<\/div>\n\t\t\t\t<\/div>\n\t\t\t\t<div class=\"elementor-element elementor-element-819c7ed elementor-widget elementor-widget-text-editor\" data-id=\"819c7ed\" data-element_type=\"widget\" data-e-type=\"widget\" data-widget_type=\"text-editor.default\">\n\t\t\t\t<div class=\"elementor-widget-container\">\n\t\t\t\t\t\t\t\t\t<p>Es considera que aquestes terres estaven ocupades almenys des de fa 250.000 anys, amb una dotzena de jaciments arqueol\u00f2gics del Paleol\u00edtic existents a la Comarca de la Janda litoral (Vejer, Conil i Barbate).<\/p><p>Encara que les not\u00edcies sobre el passat lluny\u00e0 de Conil s\u00f3n molt escasses, \u00e9s molt probable que al seu dia exist\u00eds aqu\u00ed un enclavament p\u00fanic. I \u00e9s que Conil gaudia d&#8217;unes condicions \u00f2ptimes per disposar de bons fons per calar xarxes i aiguamolls aptes per allotjar salines.<\/p><p>El ge\u00f2graf grec Estrab\u00f3 va rec\u00f3rrer el sud peninsular dos segles despr\u00e9s de la conquesta romana i va descriure la seva gran riquesa pesquera, sobretot l&#8217;abund\u00e0ncia de tonyines, sardines, cavalles i el desenvolupament de la ind\u00fastria conservera. La pesca es transportava a les factories, anomenades <em>cetariae<\/em>, per a l&#8217;elaboraci\u00f3 de salaons i salses. Els productes de l&#8217;almadrava i altres pesqueries, com el <em>garum<\/em>, eren molt apreciats a la Roma imperial, que importava grans quantitats de salaons i salses.<\/p><p>A l&#8217;Itinerari d&#8217;Antonino, guia dels camins romans de finals del segle III, es parla de <em>Mercablo<\/em> o <em>Mergablum<\/em>, lloc situat a la <em>Via Her\u00e0clea<\/em> (o <em>Herc\u00falia<\/em>) i que alguns historiadors situen a Conil ho a les seves proximitats.<\/p><p>A partir de la penetraci\u00f3 de les tropes musulmanes de Tariq ibn Ziyad l&#8217;any 711, a la costa gaditana van comen\u00e7ar a apar\u00e8ixer assentaments isl\u00e0mics integrats a la Cora de Sidonia, una prov\u00edncia d&#8217;al-\u00c0ndalus.<\/p><p>Despr\u00e9s de les campanyes d&#8217;Abderram\u00e1n III la costa va anar prenent un protagonisme m\u00e9s gran i van reapar\u00e8ixer especialitzacions professionals, en molts casos d&#8217;her\u00e8ncia romana, com les almadraves, mentre que, durant l&#8217;etapa dels almor\u00e0vits i els almohades, l&#8217;Estret va guanyar en import\u00e0ncia.<\/p><p>Quan van arribar els castellans la fa\u00e7ana atl\u00e0ntica gaditana vivia un moment d&#8217;auge. El creixement i la reorganitzaci\u00f3 de la navegaci\u00f3 per l&#8217;Atl\u00e0ntic havia provocat un desenvolupament i una estructuraci\u00f3 creixents d&#8217;aquesta comarca per respondre als nous reptes i aprofitar les oportunitats, din\u00e0mica que va quedar truncada amb la conquesta cristiana.<\/p><p>La conquesta cristiana de mitjans segle XIII va canviar el patr\u00f3 d&#8217;assentaments desenvolupat pels musulmans. Van desapar\u00e8ixer els petits enclavaments dispersos a favor d&#8217;una concentraci\u00f3 a pobles i ciutats, m\u00e9s f\u00e0cilment controlables pel senyor feudal i de m\u00e9s f\u00e0cil defensa.<\/p><p>El 1265 es reconquereix el territori de Conil pels cristians; aquest any rep el cognom &#8220;de la Frontera&#8221;, igual que altres localitats (Vejer, Chiclana, Arcos o Jerez) per formar part de les fronteres que separaven el regne nassarita de Granada del regne de Castella.<\/p>\t\t\t\t\t\t\t\t<\/div>\n\t\t\t\t<\/div>\n\t\t\t\t<div class=\"elementor-element elementor-element-3a76d4b elementor-widget elementor-widget-image\" data-id=\"3a76d4b\" data-element_type=\"widget\" data-e-type=\"widget\" data-widget_type=\"image.default\">\n\t\t\t\t<div class=\"elementor-widget-container\">\n\t\t\t\t\t\t\t\t\t\t\t\t<figure class=\"wp-caption\">\n\t\t\t\t\t\t\t\t\t\t<img loading=\"lazy\" decoding=\"async\" width=\"768\" height=\"459\" src=\"https:\/\/www.elturistatranquil.com\/wp-content\/uploads\/F06-Frontera-del-Reino-de-Granada.jpg\" class=\"attachment-large size-large wp-image-37451\" alt=\"Frontera del Reino de Granada\" srcset=\"https:\/\/www.elturistatranquil.com\/wp-content\/uploads\/F06-Frontera-del-Reino-de-Granada.jpg 768w, https:\/\/www.elturistatranquil.com\/wp-content\/uploads\/F06-Frontera-del-Reino-de-Granada-339x203.jpg 339w\" sizes=\"(max-width: 768px) 100vw, 768px\" \/>\t\t\t\t\t\t\t\t\t\t\t<figcaption class=\"widget-image-caption wp-caption-text\">Frontera amb el Regne nassarita de Granada<\/figcaption>\n\t\t\t\t\t\t\t\t\t\t<\/figure>\n\t\t\t\t\t\t\t\t\t<\/div>\n\t\t\t\t<\/div>\n\t\t\t\t<div class=\"elementor-element elementor-element-8696cdd elementor-widget elementor-widget-text-editor\" data-id=\"8696cdd\" data-element_type=\"widget\" data-e-type=\"widget\" data-widget_type=\"text-editor.default\">\n\t\t\t\t<div class=\"elementor-widget-container\">\n\t\t\t\t\t\t\t\t\t<p>El 1294, el rei Sancho IV de Castella (El Bravo) va atorgar al senyor Alonso P\u00e9rez de Guzm\u00e1n i als seus descendents el privilegi de pescar tonyines des del Guadiana fins al Regne de Granada. I en 1299, Fernando IV concedeix a Alonso P\u00e9rez de Guzm\u00e1n el llavors llogaret de Conil perqu\u00e8 la repobl\u00e9s i enfort\u00eds i l&#8217;explotaci\u00f3 de la seva almadrava. Aix\u00ed va n\u00e9ixer Conil, al voltant de l&#8217;explotaci\u00f3 d&#8217;una almadrava. Al segle XIV aquesta vila es va convertir en un lloc central en la hist\u00f2ria de la pesca de la tonyina.<\/p><p>El recinte militar era de mida redu\u00efda amb una elevada torre al seu interior per defensar la poblaci\u00f3 dels possibles atacs de pirates, que actualment es coneix com a torre de Guzm\u00e1n, i \u00e9s el vestigi m\u00e9s rellevant que roman. Aleshores la desembocadura del riu Salado envoltava la vila per tot el seu front mar\u00edtim.<\/p><p>Va ser en aquests temps quan el poble va passar a anomenar-se Torre de Guzm\u00e1n, en homenatge a la torre. \u00c9s en aquest per\u00edode on podem situar l&#8217;origen de la vila actual.<\/p>\t\t\t\t\t\t\t\t<\/div>\n\t\t\t\t<\/div>\n\t\t\t\t<div class=\"elementor-element elementor-element-9f9da94 elementor-widget elementor-widget-image\" data-id=\"9f9da94\" data-element_type=\"widget\" data-e-type=\"widget\" data-widget_type=\"image.default\">\n\t\t\t\t<div class=\"elementor-widget-container\">\n\t\t\t\t\t\t\t\t\t\t\t\t<figure class=\"wp-caption\">\n\t\t\t\t\t\t\t\t\t\t<img loading=\"lazy\" decoding=\"async\" width=\"768\" height=\"512\" src=\"https:\/\/www.elturistatranquil.com\/wp-content\/uploads\/F07-Conil-de-la-Frontera.-Siglo-XIV.jpg\" class=\"attachment-large size-large wp-image-37457\" alt=\"Conil de la Frontera. Siglo XIV\" srcset=\"https:\/\/www.elturistatranquil.com\/wp-content\/uploads\/F07-Conil-de-la-Frontera.-Siglo-XIV.jpg 768w, https:\/\/www.elturistatranquil.com\/wp-content\/uploads\/F07-Conil-de-la-Frontera.-Siglo-XIV-339x226.jpg 339w\" sizes=\"(max-width: 768px) 100vw, 768px\" \/>\t\t\t\t\t\t\t\t\t\t\t<figcaption class=\"widget-image-caption wp-caption-text\">Conil en el segle XIV<\/figcaption>\n\t\t\t\t\t\t\t\t\t\t<\/figure>\n\t\t\t\t\t\t\t\t\t<\/div>\n\t\t\t\t<\/div>\n\t\t\t\t<div class=\"elementor-element elementor-element-9d35e80 elementor-widget elementor-widget-text-editor\" data-id=\"9d35e80\" data-element_type=\"widget\" data-e-type=\"widget\" data-widget_type=\"text-editor.default\">\n\t\t\t\t<div class=\"elementor-widget-container\">\n\t\t\t\t\t\t\t\t\t<p>Durant el segle XV la vila va cr\u00e9ixer lentament al voltant del castell, amb habitatges al costat dels camins que condu\u00efen a Cadis i cap al riu Salado, construint-se la primera esgl\u00e9sia parroquial de Santa Catalina al costat de la fortificaci\u00f3.<\/p><p>Amb l&#8217;inici del segle XVI es construeix un nou recinte emmurallat, on la vila de Conil es desenvolupar\u00e0 a l&#8217;empara de la muralla.<\/p>\t\t\t\t\t\t\t\t<\/div>\n\t\t\t\t<\/div>\n\t\t\t\t<div class=\"elementor-element elementor-element-61ac300 elementor-widget elementor-widget-image\" data-id=\"61ac300\" data-element_type=\"widget\" data-e-type=\"widget\" data-widget_type=\"image.default\">\n\t\t\t\t<div class=\"elementor-widget-container\">\n\t\t\t\t\t\t\t\t\t\t\t\t<figure class=\"wp-caption\">\n\t\t\t\t\t\t\t\t\t\t<img loading=\"lazy\" decoding=\"async\" width=\"768\" height=\"423\" src=\"https:\/\/www.elturistatranquil.com\/wp-content\/uploads\/F08-Conil-de-la-Frontera.-Siglo-XVI.jpg\" class=\"attachment-large size-large wp-image-37453\" alt=\"Conil de la Frontera. Siglo XVI\" srcset=\"https:\/\/www.elturistatranquil.com\/wp-content\/uploads\/F08-Conil-de-la-Frontera.-Siglo-XVI.jpg 768w, https:\/\/www.elturistatranquil.com\/wp-content\/uploads\/F08-Conil-de-la-Frontera.-Siglo-XVI-339x187.jpg 339w\" sizes=\"(max-width: 768px) 100vw, 768px\" \/>\t\t\t\t\t\t\t\t\t\t\t<figcaption class=\"widget-image-caption wp-caption-text\">Conil en el segle XVI<\/figcaption>\n\t\t\t\t\t\t\t\t\t\t<\/figure>\n\t\t\t\t\t\t\t\t\t<\/div>\n\t\t\t\t<\/div>\n\t\t\t\t<div class=\"elementor-element elementor-element-fd088af elementor-widget elementor-widget-image\" data-id=\"fd088af\" data-element_type=\"widget\" data-e-type=\"widget\" data-widget_type=\"image.default\">\n\t\t\t\t<div class=\"elementor-widget-container\">\n\t\t\t\t\t\t\t\t\t\t\t\t<figure class=\"wp-caption\">\n\t\t\t\t\t\t\t\t\t\t<img loading=\"lazy\" decoding=\"async\" width=\"768\" height=\"293\" src=\"https:\/\/www.elturistatranquil.com\/wp-content\/uploads\/F09-Conil-de-la-Frontera.jpg\" class=\"attachment-large size-large wp-image-37455\" alt=\"Conil de la Frontera\" srcset=\"https:\/\/www.elturistatranquil.com\/wp-content\/uploads\/F09-Conil-de-la-Frontera.jpg 768w, https:\/\/www.elturistatranquil.com\/wp-content\/uploads\/F09-Conil-de-la-Frontera-339x129.jpg 339w\" sizes=\"(max-width: 768px) 100vw, 768px\" \/>\t\t\t\t\t\t\t\t\t\t\t<figcaption class=\"widget-image-caption wp-caption-text\">Gravat de Hoefnagel, segle XVI<\/figcaption>\n\t\t\t\t\t\t\t\t\t\t<\/figure>\n\t\t\t\t\t\t\t\t\t<\/div>\n\t\t\t\t<\/div>\n\t\t\t\t<div class=\"elementor-element elementor-element-668e263 elementor-widget elementor-widget-text-editor\" data-id=\"668e263\" data-element_type=\"widget\" data-e-type=\"widget\" data-widget_type=\"text-editor.default\">\n\t\t\t\t<div class=\"elementor-widget-container\">\n\t\t\t\t\t\t\t\t\t<p>Tamb\u00e9 es construeixen les torres merlets de Castilnovo i de Roche, que alhora que servien per a la vigil\u00e0ncia i protecci\u00f3, tamb\u00e9 participaven en les tasques d&#8217;av\u00eds de les migracions de la tonyina per canalitzar-los cap a les almadraves.<\/p><p>Al comen\u00e7ament del segle XVII es comen\u00e7a a construir extramurs. Alhora, la creixent import\u00e0ncia de la tonyina va fer necess\u00e0ria la construcci\u00f3 de \u201cLa Chanca\u201d -factoria per al tractament de la tonyina-, que no nom\u00e9s representa activitat pesquera, sin\u00f3 que tamb\u00e9 necessita activitats industrials associades, la fusteria de ribera, les salaons o l&#8217;activitat salinera.<\/p><p>Representar\u00e0 un per\u00edode de riquesa que es reflecteix en el creixement de la poblaci\u00f3 de Conil, ja que en finalitzar aquesta cent\u00faria Conil rondava els 3.000 habitants.<\/p><p>Extramurs, a la zona nord, es conclouen les obres del Convent de M\u00ednims de Nuestra Se\u00f1ora de las Virtudes.<\/p>\t\t\t\t\t\t\t\t<\/div>\n\t\t\t\t<\/div>\n\t\t\t\t<div class=\"elementor-element elementor-element-f1769d9 elementor-widget elementor-widget-image\" data-id=\"f1769d9\" data-element_type=\"widget\" data-e-type=\"widget\" data-widget_type=\"image.default\">\n\t\t\t\t<div class=\"elementor-widget-container\">\n\t\t\t\t\t\t\t\t\t\t\t\t<figure class=\"wp-caption\">\n\t\t\t\t\t\t\t\t\t\t<img loading=\"lazy\" decoding=\"async\" width=\"768\" height=\"436\" src=\"https:\/\/www.elturistatranquil.com\/wp-content\/uploads\/F10-Conil-de-la-Frontera.-Finales-siglo-XVII.jpg\" class=\"attachment-large size-large wp-image-37459\" alt=\"Conil de la Frontera. Finales siglo XVII\" srcset=\"https:\/\/www.elturistatranquil.com\/wp-content\/uploads\/F10-Conil-de-la-Frontera.-Finales-siglo-XVII.jpg 768w, https:\/\/www.elturistatranquil.com\/wp-content\/uploads\/F10-Conil-de-la-Frontera.-Finales-siglo-XVII-339x192.jpg 339w\" sizes=\"(max-width: 768px) 100vw, 768px\" \/>\t\t\t\t\t\t\t\t\t\t\t<figcaption class=\"widget-image-caption wp-caption-text\">Conil a finals del segle XVII<\/figcaption>\n\t\t\t\t\t\t\t\t\t\t<\/figure>\n\t\t\t\t\t\t\t\t\t<\/div>\n\t\t\t\t<\/div>\n\t\t\t\t<div class=\"elementor-element elementor-element-72f3dda elementor-widget elementor-widget-text-editor\" data-id=\"72f3dda\" data-element_type=\"widget\" data-e-type=\"widget\" data-widget_type=\"text-editor.default\">\n\t\t\t\t<div class=\"elementor-widget-container\">\n\t\t\t\t\t\t\t\t\t<p>La casa ducal de Medina Sidonia gaudeix del monopoli exclusiu de la pesca de la tonyina a tota la costa andalusa entre els segles XV i XIX. Conil va passar de ser un petit llogaret a una vila de gaireb\u00e9 5.000 habitants.<\/p><p>Durant el segle XVIII Conil va continuar el seu creixement i la vila va embellir o renovar el seu caseriu. Els nous habitatges que es construeixen, de port noble, contrasten amb els m\u00e9s modestos de pagesos i, sobretot, amb els patis de ve\u00efns, l&#8217;habitatge popular per excel\u00b7l\u00e8ncia.<\/p><p>Despr\u00e9s de les crisis de principis del segle XIX -socials i la guerra del franc\u00e8s- sorgeixen noves cases burgeses, de pagesos o ramaders, despla\u00e7ant-se definitivament el centre de la vila a l&#8217;actual Pla\u00e7a d&#8217;Espanya. El 1900 Conil posse\u00efa una mica m\u00e9s de 5.000 habitants, i no experimentar\u00e0 canvis substancials fins a mitjans del segle XX en qu\u00e8, sobretot des dels anys 70 s&#8217;inicia un proc\u00e9s de r\u00e0pid creixement de la poblaci\u00f3: 11.267 hab. el 1970; 17.773 hab. al 2.000; fins a 22.275 hab. en 2.020 al municipi.<\/p><p>Al segle XX, despr\u00e9s de d\u00e8cades de pesca intensiva, es van fer notar els efectes de la sobrepesca, iniciant-se un descens de les captures a l&#8217;Estret i el declivi de les almadraves. A m\u00e9s, els moderns sistemes industrials han relegat les almadraves a un sistema de pesca tradicional amb relativa poca rendibilitat econ\u00f2mica.<\/p><p>Actualment nom\u00e9s calen quatre almadraves a les costes andaluses: Conil, Barbate, Zahara de les Atunes i Tarifa.<\/p><p>Als anys 80 del segle passat irrompen al mercat empreses japoneses que adquireixen gran de les captures que venen al Jap\u00f3 a preus desorbitats.<\/p><p>Els elevats preus de la tonyina vermella han perm\u00e8s el manteniment de les almadraves, per\u00f2, alhora, han estimulat les captures amb l&#8217;\u00fas de diferents arts, incrementant-ne notablement les captures i posant en perill la reproducci\u00f3 de l&#8217;esp\u00e8cie i la pesqueria artesanal.<\/p><p>Ja al primer ter\u00e7 del segle XX es va iniciar la penetraci\u00f3 del turisme per part de fam\u00edlies ben prestatges de Sevilla. Des del darrer ter\u00e7 del segle passat, l&#8217;expansi\u00f3 del turisme de platja est\u00e0 representant una de les activitats m\u00e9s importants de Conil de la Frontera.<\/p>\t\t\t\t\t\t\t\t<\/div>\n\t\t\t\t<\/div>\n\t\t\t\t<div class=\"elementor-element elementor-element-3e0cc49 elementor-widget elementor-widget-menu-anchor\" data-id=\"3e0cc49\" data-element_type=\"widget\" data-e-type=\"widget\" data-widget_type=\"menu-anchor.default\">\n\t\t\t\t<div class=\"elementor-widget-container\">\n\t\t\t\t\t\t\t<div class=\"elementor-menu-anchor\" id=\"c7004\"><\/div>\n\t\t\t\t\t\t<\/div>\n\t\t\t\t<\/div>\n\t\t\t\t<div class=\"elementor-element elementor-element-7eed45a elementor-widget elementor-widget-heading\" data-id=\"7eed45a\" data-element_type=\"widget\" data-e-type=\"widget\" data-widget_type=\"heading.default\">\n\t\t\t\t<div class=\"elementor-widget-container\">\n\t\t\t\t\t<h2 class=\"elementor-heading-title elementor-size-default\">La visita a Conil de la Frontera<\/h2>\t\t\t\t<\/div>\n\t\t\t\t<\/div>\n\t\t\t\t<div class=\"elementor-element elementor-element-eb7c286 elementor-widget elementor-widget-text-editor\" data-id=\"eb7c286\" data-element_type=\"widget\" data-e-type=\"widget\" data-widget_type=\"text-editor.default\">\n\t\t\t\t<div class=\"elementor-widget-container\">\n\t\t\t\t\t\t\t\t\t<p><em>Conjunt Hist\u00f2ric-Art\u00edstic <\/em>des de 1983.<\/p><p>La visita es desenvolupar\u00e0 a la zona hist\u00f2rica central i als dos extrems mar\u00edtims, cap al sud m\u00e9s enll\u00e0 del riu Salado i cap al nord des del port fins als l\u00edmits amb Chiclana de la Frontera.<\/p>\t\t\t\t\t\t\t\t<\/div>\n\t\t\t\t<\/div>\n\t\t\t\t<div class=\"elementor-element elementor-element-9156213 elementor-widget elementor-widget-image\" data-id=\"9156213\" data-element_type=\"widget\" data-e-type=\"widget\" data-widget_type=\"image.default\">\n\t\t\t\t<div class=\"elementor-widget-container\">\n\t\t\t\t\t\t\t\t\t\t\t\t<figure class=\"wp-caption\">\n\t\t\t\t\t\t\t\t\t\t<img loading=\"lazy\" decoding=\"async\" width=\"768\" height=\"512\" src=\"https:\/\/www.elturistatranquil.com\/wp-content\/uploads\/F11-Conil-de-la-Frontera-Google-earth-2021-10-15.jpg\" class=\"attachment-large size-large wp-image-37461\" alt=\"Conil de la Frontera (Google earth 2021-10-15)\" srcset=\"https:\/\/www.elturistatranquil.com\/wp-content\/uploads\/F11-Conil-de-la-Frontera-Google-earth-2021-10-15.jpg 768w, https:\/\/www.elturistatranquil.com\/wp-content\/uploads\/F11-Conil-de-la-Frontera-Google-earth-2021-10-15-339x226.jpg 339w\" sizes=\"(max-width: 768px) 100vw, 768px\" \/>\t\t\t\t\t\t\t\t\t\t\t<figcaption class=\"widget-image-caption wp-caption-text\">Conil de la Frontera (Google earth 2021-10-15)<\/figcaption>\n\t\t\t\t\t\t\t\t\t\t<\/figure>\n\t\t\t\t\t\t\t\t\t<\/div>\n\t\t\t\t<\/div>\n\t\t\t\t<div class=\"elementor-element elementor-element-d444ee8 elementor-widget elementor-widget-image\" data-id=\"d444ee8\" data-element_type=\"widget\" data-e-type=\"widget\" data-widget_type=\"image.default\">\n\t\t\t\t<div class=\"elementor-widget-container\">\n\t\t\t\t\t\t\t\t\t\t\t\t<figure class=\"wp-caption\">\n\t\t\t\t\t\t\t\t\t\t<img loading=\"lazy\" decoding=\"async\" width=\"768\" height=\"512\" src=\"https:\/\/www.elturistatranquil.com\/wp-content\/uploads\/F12-Puntos-de-interes-de-Conil-de-la-FronteraGoogle-maps-2021-10-15.jpg\" class=\"attachment-large size-large wp-image-37463\" alt=\"Puntos de interes de Conil de la Frontera(Google maps 2021-10-15)\" srcset=\"https:\/\/www.elturistatranquil.com\/wp-content\/uploads\/F12-Puntos-de-interes-de-Conil-de-la-FronteraGoogle-maps-2021-10-15.jpg 768w, https:\/\/www.elturistatranquil.com\/wp-content\/uploads\/F12-Puntos-de-interes-de-Conil-de-la-FronteraGoogle-maps-2021-10-15-339x226.jpg 339w\" sizes=\"(max-width: 768px) 100vw, 768px\" \/>\t\t\t\t\t\t\t\t\t\t\t<figcaption class=\"widget-image-caption wp-caption-text\">(Google maps 2021-10-15)<\/figcaption>\n\t\t\t\t\t\t\t\t\t\t<\/figure>\n\t\t\t\t\t\t\t\t\t<\/div>\n\t\t\t\t<\/div>\n\t\t\t\t<div class=\"elementor-element elementor-element-51e7856 elementor-widget elementor-widget-image\" data-id=\"51e7856\" data-element_type=\"widget\" data-e-type=\"widget\" data-widget_type=\"image.default\">\n\t\t\t\t<div class=\"elementor-widget-container\">\n\t\t\t\t\t\t\t\t\t\t\t\t<figure class=\"wp-caption\">\n\t\t\t\t\t\t\t\t\t\t<img loading=\"lazy\" decoding=\"async\" width=\"768\" height=\"512\" src=\"https:\/\/www.elturistatranquil.com\/wp-content\/uploads\/F13-Puntos-de-interes-de-Conil-de-la-FronteraGoogle-maps-2021-10-15.jpg\" class=\"attachment-large size-large wp-image-37465\" alt=\"Puntos de interes de Conil de la Frontera(Google maps 2021-10-15)\" srcset=\"https:\/\/www.elturistatranquil.com\/wp-content\/uploads\/F13-Puntos-de-interes-de-Conil-de-la-FronteraGoogle-maps-2021-10-15.jpg 768w, https:\/\/www.elturistatranquil.com\/wp-content\/uploads\/F13-Puntos-de-interes-de-Conil-de-la-FronteraGoogle-maps-2021-10-15-339x226.jpg 339w\" sizes=\"(max-width: 768px) 100vw, 768px\" \/>\t\t\t\t\t\t\t\t\t\t\t<figcaption class=\"widget-image-caption wp-caption-text\">(Google maps 2021-10-15)<\/figcaption>\n\t\t\t\t\t\t\t\t\t\t<\/figure>\n\t\t\t\t\t\t\t\t\t<\/div>\n\t\t\t\t<\/div>\n\t\t\t\t<div class=\"elementor-element elementor-element-2e5f0f1 elementor-widget elementor-widget-menu-anchor\" data-id=\"2e5f0f1\" data-element_type=\"widget\" data-e-type=\"widget\" data-widget_type=\"menu-anchor.default\">\n\t\t\t\t<div class=\"elementor-widget-container\">\n\t\t\t\t\t\t\t<div class=\"elementor-menu-anchor\" id=\"c7005\"><\/div>\n\t\t\t\t\t\t<\/div>\n\t\t\t\t<\/div>\n\t\t\t\t<div class=\"elementor-element elementor-element-e15c977 elementor-widget elementor-widget-text-editor\" data-id=\"e15c977\" data-element_type=\"widget\" data-e-type=\"widget\" data-widget_type=\"text-editor.default\">\n\t\t\t\t<div class=\"elementor-widget-container\">\n\t\t\t\t\t\t\t\t\t<p><strong>Conil de la Frontera<\/strong> est\u00e0 declarat Conjunt Hist\u00f2ric-Art\u00edstic des de 1983 i compta amb nombrosos i interessants monuments i edificis singulars d&#8217;arquitectura militar, religiosa, civil i associada al m\u00f3n del treball (arquitectura agropecu\u00e0ria i industrial).<\/p><p>En aquesta visita, m&#8217;anir\u00e9 aturant als llocs i elements m\u00e9s significatius de la vila. \u00c9s uns d&#8217;aquells llocs on el deixar-se portar pels seus carrers i barris conforma gran part del plaer viatger.<\/p>\t\t\t\t\t\t\t\t<\/div>\n\t\t\t\t<\/div>\n\t\t\t\t<div class=\"elementor-element elementor-element-3bafd38 elementor-widget elementor-widget-heading\" data-id=\"3bafd38\" data-element_type=\"widget\" data-e-type=\"widget\" data-widget_type=\"heading.default\">\n\t\t\t\t<div class=\"elementor-widget-container\">\n\t\t\t\t\t<h3 class=\"elementor-heading-title elementor-size-default\">Pla\u00e7a Porta de la Vila, Pla\u00e7a Espanya i carrer Pascual Junquera<\/h3>\t\t\t\t<\/div>\n\t\t\t\t<\/div>\n\t\t\t\t<div class=\"elementor-element elementor-element-2e314c5 elementor-widget elementor-widget-text-editor\" data-id=\"2e314c5\" data-element_type=\"widget\" data-e-type=\"widget\" data-widget_type=\"text-editor.default\">\n\t\t\t\t<div class=\"elementor-widget-container\">\n\t\t\t\t\t\t\t\t\t<p>La <strong>pla\u00e7a de la Porta de la Vila<\/strong> (<strong>1<\/strong>) se situa extramurs de la muralla al costat nord-oriental. De les muralles del segle XVI en queden molt pocs vestigis. D&#8217;aqu\u00ed partia el raval que arribava fins al convent de M\u00ednims de la Mare de D\u00e9u de les Virtudes per l&#8217;actual carrer la Virgen.<\/p>\t\t\t\t\t\t\t\t<\/div>\n\t\t\t\t<\/div>\n\t\t\t\t<div class=\"elementor-element elementor-element-7d54bb8d elementor-widget elementor-widget-heading\" data-id=\"7d54bb8d\" data-element_type=\"widget\" data-e-type=\"widget\" data-widget_type=\"heading.default\">\n\t\t\t\t<div class=\"elementor-widget-container\">\n\t\t\t\t\t<h4 class=\"elementor-heading-title elementor-size-default\">Porta de la Vila<\/h4>\t\t\t\t<\/div>\n\t\t\t\t<\/div>\n\t\t\t\t<div class=\"elementor-element elementor-element-3998f3b elementor-widget elementor-widget-text-editor\" data-id=\"3998f3b\" data-element_type=\"widget\" data-e-type=\"widget\" data-widget_type=\"text-editor.default\">\n\t\t\t\t<div class=\"elementor-widget-container\">\n\t\t\t\t\t\t\t\t\t<p>Es conserva l&#8217;arc de la porta, integrat a les edificacions que es van superposar a la muralla.<\/p>\t\t\t\t\t\t\t\t<\/div>\n\t\t\t\t<\/div>\n\t\t\t\t<div class=\"elementor-element elementor-element-40b2962 elementor-widget elementor-widget-image\" data-id=\"40b2962\" data-element_type=\"widget\" data-e-type=\"widget\" data-widget_type=\"image.default\">\n\t\t\t\t<div class=\"elementor-widget-container\">\n\t\t\t\t\t\t\t\t\t\t\t\t<figure class=\"wp-caption\">\n\t\t\t\t\t\t\t\t\t\t<img loading=\"lazy\" decoding=\"async\" width=\"768\" height=\"512\" src=\"https:\/\/www.elturistatranquil.com\/wp-content\/uploads\/F14-Puerta-de-la-Villa.-Conil-de-la-Frontera.jpg\" class=\"attachment-large size-large wp-image-37469\" alt=\"Puerta de la Villa. Conil de la Frontera\" srcset=\"https:\/\/www.elturistatranquil.com\/wp-content\/uploads\/F14-Puerta-de-la-Villa.-Conil-de-la-Frontera.jpg 768w, https:\/\/www.elturistatranquil.com\/wp-content\/uploads\/F14-Puerta-de-la-Villa.-Conil-de-la-Frontera-339x226.jpg 339w\" sizes=\"(max-width: 768px) 100vw, 768px\" \/>\t\t\t\t\t\t\t\t\t\t\t<figcaption class=\"widget-image-caption wp-caption-text\"><\/figcaption>\n\t\t\t\t\t\t\t\t\t\t<\/figure>\n\t\t\t\t\t\t\t\t\t<\/div>\n\t\t\t\t<\/div>\n\t\t\t\t<div class=\"elementor-element elementor-element-ff1b4c5 elementor-widget elementor-widget-image\" data-id=\"ff1b4c5\" data-element_type=\"widget\" data-e-type=\"widget\" data-widget_type=\"image.default\">\n\t\t\t\t<div class=\"elementor-widget-container\">\n\t\t\t\t\t\t\t\t\t\t\t\t<figure class=\"wp-caption\">\n\t\t\t\t\t\t\t\t\t\t<img loading=\"lazy\" decoding=\"async\" width=\"768\" height=\"511\" src=\"https:\/\/www.elturistatranquil.com\/wp-content\/uploads\/F15-Plaza-Puerta-de-la-Villa.-Conil-de-la-Frontera.jpg\" class=\"attachment-large size-large wp-image-37467\" alt=\"Plaza Puerta de la Villa. Conil de la Frontera\" srcset=\"https:\/\/www.elturistatranquil.com\/wp-content\/uploads\/F15-Plaza-Puerta-de-la-Villa.-Conil-de-la-Frontera.jpg 768w, https:\/\/www.elturistatranquil.com\/wp-content\/uploads\/F15-Plaza-Puerta-de-la-Villa.-Conil-de-la-Frontera-339x226.jpg 339w\" sizes=\"(max-width: 768px) 100vw, 768px\" \/>\t\t\t\t\t\t\t\t\t\t\t<figcaption class=\"widget-image-caption wp-caption-text\"><\/figcaption>\n\t\t\t\t\t\t\t\t\t\t<\/figure>\n\t\t\t\t\t\t\t\t\t<\/div>\n\t\t\t\t<\/div>\n\t\t\t\t<div class=\"elementor-element elementor-element-5e74c98 elementor-widget elementor-widget-text-editor\" data-id=\"5e74c98\" data-element_type=\"widget\" data-e-type=\"widget\" data-widget_type=\"text-editor.default\">\n\t\t\t\t<div class=\"elementor-widget-container\">\n\t\t\t\t\t\t\t\t\t<p>Penetrant per la porta de la Vila forma un carrer que s&#8217;obre en forma gaireb\u00e9 triangular i que constitueix la <strong>pla\u00e7a d&#8217;Espanya<\/strong> (<strong>2<\/strong>). \u00c9s una zona central i amb aires senyorials a moltes de les cases, tot i que tamb\u00e9 va penetrar l&#8217;arquitectura tradicional.<\/p><p>El color blanc ser\u00e0 l&#8217;exclusiu de les cases conileres, nom\u00e9s adornades en alguns casos amb detalls de colors, amb predomini del marr\u00f3 en aquests casos, i de rajoles.<\/p><p>A la dreta la <strong>casa Arraf\u00e1n<\/strong>, al n\u00famero 2. Aquesta casa senyorial d&#8217;estil barroc es va construir al segle XVIII per Bartomeu d&#8217;Arraf\u00e1n i Vald\u00e9s.<\/p>\t\t\t\t\t\t\t\t<\/div>\n\t\t\t\t<\/div>\n\t\t\t\t<div class=\"elementor-element elementor-element-ea28120 elementor-widget elementor-widget-image\" data-id=\"ea28120\" data-element_type=\"widget\" data-e-type=\"widget\" data-widget_type=\"image.default\">\n\t\t\t\t<div class=\"elementor-widget-container\">\n\t\t\t\t\t\t\t\t\t\t\t\t<figure class=\"wp-caption\">\n\t\t\t\t\t\t\t\t\t\t<img loading=\"lazy\" decoding=\"async\" width=\"768\" height=\"511\" src=\"https:\/\/www.elturistatranquil.com\/wp-content\/uploads\/F16-Plaza-de-Espana.-Conil-de-la-Frontera.jpg\" class=\"attachment-large size-large wp-image-37471\" alt=\"Plaza de Espa\u00f1a. Conil de la Frontera\" srcset=\"https:\/\/www.elturistatranquil.com\/wp-content\/uploads\/F16-Plaza-de-Espana.-Conil-de-la-Frontera.jpg 768w, https:\/\/www.elturistatranquil.com\/wp-content\/uploads\/F16-Plaza-de-Espana.-Conil-de-la-Frontera-339x226.jpg 339w\" sizes=\"(max-width: 768px) 100vw, 768px\" \/>\t\t\t\t\t\t\t\t\t\t\t<figcaption class=\"widget-image-caption wp-caption-text\"><\/figcaption>\n\t\t\t\t\t\t\t\t\t\t<\/figure>\n\t\t\t\t\t\t\t\t\t<\/div>\n\t\t\t\t<\/div>\n\t\t\t\t<div class=\"elementor-element elementor-element-87c5f70 elementor-widget elementor-widget-text-editor\" data-id=\"87c5f70\" data-element_type=\"widget\" data-e-type=\"widget\" data-widget_type=\"text-editor.default\">\n\t\t\t\t<div class=\"elementor-widget-container\">\n\t\t\t\t\t\t\t\t\t<p>Al davant, al n\u00famero 16, una casa unifamiliar neobarroca de l&#8217;any 1944, obra de l&#8217;arquitecte <strong>Francisco P\u00e9rez Bergali<\/strong>, com va deixar const\u00e0ncia amb una rajola a la fa\u00e7ana.<\/p>\t\t\t\t\t\t\t\t<\/div>\n\t\t\t\t<\/div>\n\t\t\t\t<div class=\"elementor-element elementor-element-3aa7b1f elementor-widget elementor-widget-image\" data-id=\"3aa7b1f\" data-element_type=\"widget\" data-e-type=\"widget\" data-widget_type=\"image.default\">\n\t\t\t\t<div class=\"elementor-widget-container\">\n\t\t\t\t\t\t\t\t\t\t\t\t<figure class=\"wp-caption\">\n\t\t\t\t\t\t\t\t\t\t<img loading=\"lazy\" decoding=\"async\" width=\"768\" height=\"512\" src=\"https:\/\/www.elturistatranquil.com\/wp-content\/uploads\/F17-Plaza-de-Espana.-Conil-de-la-Frontera.jpg\" class=\"attachment-large size-large wp-image-37473\" alt=\"Plaza de Espa\u00f1a. Conil de la Frontera\" srcset=\"https:\/\/www.elturistatranquil.com\/wp-content\/uploads\/F17-Plaza-de-Espana.-Conil-de-la-Frontera.jpg 768w, https:\/\/www.elturistatranquil.com\/wp-content\/uploads\/F17-Plaza-de-Espana.-Conil-de-la-Frontera-339x226.jpg 339w\" sizes=\"(max-width: 768px) 100vw, 768px\" \/>\t\t\t\t\t\t\t\t\t\t\t<figcaption class=\"widget-image-caption wp-caption-text\"><\/figcaption>\n\t\t\t\t\t\t\t\t\t\t<\/figure>\n\t\t\t\t\t\t\t\t\t<\/div>\n\t\t\t\t<\/div>\n\t\t\t\t<section class=\"elementor-section elementor-inner-section elementor-element elementor-element-8022f62 elementor-section-boxed elementor-section-height-default elementor-section-height-default\" data-id=\"8022f62\" data-element_type=\"section\" data-e-type=\"section\">\n\t\t\t\t\t\t<div class=\"elementor-container elementor-column-gap-default\">\n\t\t\t\t\t<div class=\"elementor-column elementor-col-50 elementor-inner-column elementor-element elementor-element-81003e8\" data-id=\"81003e8\" data-element_type=\"column\" data-e-type=\"column\">\n\t\t\t<div class=\"elementor-widget-wrap elementor-element-populated\">\n\t\t\t\t\t\t<div class=\"elementor-element elementor-element-a3feb2b elementor-widget elementor-widget-image\" data-id=\"a3feb2b\" data-element_type=\"widget\" data-e-type=\"widget\" data-widget_type=\"image.default\">\n\t\t\t\t<div class=\"elementor-widget-container\">\n\t\t\t\t\t\t\t\t\t\t\t\t\t\t\t<img loading=\"lazy\" decoding=\"async\" width=\"380\" height=\"380\" src=\"https:\/\/www.elturistatranquil.com\/wp-content\/uploads\/F18m-Plaza-de-Espana.-Conil-de-la-Frontera.jpg\" class=\"attachment-large size-large wp-image-37475\" alt=\"Plaza de Espa\u00f1a. Conil de la Frontera\" srcset=\"https:\/\/www.elturistatranquil.com\/wp-content\/uploads\/F18m-Plaza-de-Espana.-Conil-de-la-Frontera.jpg 380w, https:\/\/www.elturistatranquil.com\/wp-content\/uploads\/F18m-Plaza-de-Espana.-Conil-de-la-Frontera-226x226.jpg 226w\" sizes=\"(max-width: 380px) 100vw, 380px\" \/>\t\t\t\t\t\t\t\t\t\t\t\t\t\t\t<\/div>\n\t\t\t\t<\/div>\n\t\t\t\t\t<\/div>\n\t\t<\/div>\n\t\t\t\t<div class=\"elementor-column elementor-col-50 elementor-inner-column elementor-element elementor-element-7c5e40f\" data-id=\"7c5e40f\" data-element_type=\"column\" data-e-type=\"column\">\n\t\t\t<div class=\"elementor-widget-wrap elementor-element-populated\">\n\t\t\t\t\t\t<div class=\"elementor-element elementor-element-80d21eb elementor-widget elementor-widget-image\" data-id=\"80d21eb\" data-element_type=\"widget\" data-e-type=\"widget\" data-widget_type=\"image.default\">\n\t\t\t\t<div class=\"elementor-widget-container\">\n\t\t\t\t\t\t\t\t\t\t\t\t\t\t\t<img loading=\"lazy\" decoding=\"async\" width=\"380\" height=\"380\" src=\"https:\/\/www.elturistatranquil.com\/wp-content\/uploads\/F18n-Plaza-de-Espana.-Conil-de-la-Frontera.jpg\" class=\"attachment-large size-large wp-image-37477\" alt=\"Plaza de Espa\u00f1a. Conil de la Frontera\" srcset=\"https:\/\/www.elturistatranquil.com\/wp-content\/uploads\/F18n-Plaza-de-Espana.-Conil-de-la-Frontera.jpg 380w, https:\/\/www.elturistatranquil.com\/wp-content\/uploads\/F18n-Plaza-de-Espana.-Conil-de-la-Frontera-226x226.jpg 226w\" sizes=\"(max-width: 380px) 100vw, 380px\" \/>\t\t\t\t\t\t\t\t\t\t\t\t\t\t\t<\/div>\n\t\t\t\t<\/div>\n\t\t\t\t\t<\/div>\n\t\t<\/div>\n\t\t\t\t\t<\/div>\n\t\t<\/section>\n\t\t\t\t<div class=\"elementor-element elementor-element-2ff18d6 elementor-widget elementor-widget-text-editor\" data-id=\"2ff18d6\" data-element_type=\"widget\" data-e-type=\"widget\" data-widget_type=\"text-editor.default\">\n\t\t\t\t<div class=\"elementor-widget-container\">\n\t\t\t\t\t\t\t\t\t<p>\u00a0<\/p><p>Al fons de la pla\u00e7a, alternan\u00e7a de cases de car\u00e0cter senyorial amb altres de simplicitat popular, encara que emmascarades pels prepotents r\u00e8tols comercials que proliferen per tota la vila.<\/p>\t\t\t\t\t\t\t\t<\/div>\n\t\t\t\t<\/div>\n\t\t\t\t<div class=\"elementor-element elementor-element-a447321 elementor-widget elementor-widget-image\" data-id=\"a447321\" data-element_type=\"widget\" data-e-type=\"widget\" data-widget_type=\"image.default\">\n\t\t\t\t<div class=\"elementor-widget-container\">\n\t\t\t\t\t\t\t\t\t\t\t\t<figure class=\"wp-caption\">\n\t\t\t\t\t\t\t\t\t\t<img loading=\"lazy\" decoding=\"async\" width=\"768\" height=\"511\" src=\"https:\/\/www.elturistatranquil.com\/wp-content\/uploads\/F19-Plaza-de-Espana.-Conil-de-la-Frontera.jpg\" class=\"attachment-large size-large wp-image-37479\" alt=\"Plaza de Espa\u00f1a. Conil de la Frontera\" srcset=\"https:\/\/www.elturistatranquil.com\/wp-content\/uploads\/F19-Plaza-de-Espana.-Conil-de-la-Frontera.jpg 768w, https:\/\/www.elturistatranquil.com\/wp-content\/uploads\/F19-Plaza-de-Espana.-Conil-de-la-Frontera-339x226.jpg 339w\" sizes=\"(max-width: 768px) 100vw, 768px\" \/>\t\t\t\t\t\t\t\t\t\t\t<figcaption class=\"widget-image-caption wp-caption-text\"><\/figcaption>\n\t\t\t\t\t\t\t\t\t\t<\/figure>\n\t\t\t\t\t\t\t\t\t<\/div>\n\t\t\t\t<\/div>\n\t\t\t\t<div class=\"elementor-element elementor-element-55b9278 elementor-widget elementor-widget-text-editor\" data-id=\"55b9278\" data-element_type=\"widget\" data-e-type=\"widget\" data-widget_type=\"text-editor.default\">\n\t\t\t\t<div class=\"elementor-widget-container\">\n\t\t\t\t\t\t\t\t\t<p>Presideix la pla\u00e7a una <strong>escultura de Jos\u00e9 Saramago<\/strong>, escriptor portugu\u00e8s i Premi Nobel, assegut llegint amb un nen que l\u2019observa; obra de l&#8217;escultor Augusto Arana.<\/p>\t\t\t\t\t\t\t\t<\/div>\n\t\t\t\t<\/div>\n\t\t\t\t<div class=\"elementor-element elementor-element-26cac69 elementor-widget elementor-widget-image\" data-id=\"26cac69\" data-element_type=\"widget\" data-e-type=\"widget\" data-widget_type=\"image.default\">\n\t\t\t\t<div class=\"elementor-widget-container\">\n\t\t\t\t\t\t\t\t\t\t\t\t<figure class=\"wp-caption\">\n\t\t\t\t\t\t\t\t\t\t<img loading=\"lazy\" decoding=\"async\" width=\"768\" height=\"512\" src=\"https:\/\/www.elturistatranquil.com\/wp-content\/uploads\/F20-Plaza-de-Espana.-Monumento-a-Jose-Saramago.-Conil-de-la-Frontera.jpg\" class=\"attachment-large size-large wp-image-37481\" alt=\"Plaza de Espa\u00f1a. Monumento a Jose Saramago. Conil de la Frontera\" srcset=\"https:\/\/www.elturistatranquil.com\/wp-content\/uploads\/F20-Plaza-de-Espana.-Monumento-a-Jose-Saramago.-Conil-de-la-Frontera.jpg 768w, https:\/\/www.elturistatranquil.com\/wp-content\/uploads\/F20-Plaza-de-Espana.-Monumento-a-Jose-Saramago.-Conil-de-la-Frontera-339x226.jpg 339w\" sizes=\"(max-width: 768px) 100vw, 768px\" \/>\t\t\t\t\t\t\t\t\t\t\t<figcaption class=\"widget-image-caption wp-caption-text\"><\/figcaption>\n\t\t\t\t\t\t\t\t\t\t<\/figure>\n\t\t\t\t\t\t\t\t\t<\/div>\n\t\t\t\t<\/div>\n\t\t\t\t<div class=\"elementor-element elementor-element-1d774b1 elementor-widget elementor-widget-text-editor\" data-id=\"1d774b1\" data-element_type=\"widget\" data-e-type=\"widget\" data-widget_type=\"text-editor.default\">\n\t\t\t\t<div class=\"elementor-widget-container\">\n\t\t\t\t\t\t\t\t\t<p>Tornant a la pla\u00e7a de la Porta de la Vila, al seu lateral nord, al <strong>carrer Pascual Junquera<\/strong>, es distingeixen els vestigis de la <strong>Casa del Comte de las Cinco Torres<\/strong> (<strong>5<\/strong>). Constru\u00efda el 1779 en estil barroc, com a resid\u00e8ncia estiuenca, seguint el costum de la burgesia comercial gaditana.<\/p>\t\t\t\t\t\t\t\t<\/div>\n\t\t\t\t<\/div>\n\t\t\t\t<div class=\"elementor-element elementor-element-e1f0071 elementor-widget elementor-widget-image\" data-id=\"e1f0071\" data-element_type=\"widget\" data-e-type=\"widget\" data-widget_type=\"image.default\">\n\t\t\t\t<div class=\"elementor-widget-container\">\n\t\t\t\t\t\t\t\t\t\t\t\t<figure class=\"wp-caption\">\n\t\t\t\t\t\t\t\t\t\t<img loading=\"lazy\" decoding=\"async\" width=\"768\" height=\"511\" src=\"https:\/\/www.elturistatranquil.com\/wp-content\/uploads\/F21-Casa-del-Conde-de-las-Cinco-Torres.-Conil-de-la-Frontera.jpg\" class=\"attachment-large size-large wp-image-37483\" alt=\"Casa del Conde de las Cinco Torres. Conil de la Frontera\" srcset=\"https:\/\/www.elturistatranquil.com\/wp-content\/uploads\/F21-Casa-del-Conde-de-las-Cinco-Torres.-Conil-de-la-Frontera.jpg 768w, https:\/\/www.elturistatranquil.com\/wp-content\/uploads\/F21-Casa-del-Conde-de-las-Cinco-Torres.-Conil-de-la-Frontera-339x226.jpg 339w\" sizes=\"(max-width: 768px) 100vw, 768px\" \/>\t\t\t\t\t\t\t\t\t\t\t<figcaption class=\"widget-image-caption wp-caption-text\"><\/figcaption>\n\t\t\t\t\t\t\t\t\t\t<\/figure>\n\t\t\t\t\t\t\t\t\t<\/div>\n\t\t\t\t<\/div>\n\t\t\t\t<div class=\"elementor-element elementor-element-05ada84 elementor-widget elementor-widget-heading\" data-id=\"05ada84\" data-element_type=\"widget\" data-e-type=\"widget\" data-widget_type=\"heading.default\">\n\t\t\t\t<div class=\"elementor-widget-container\">\n\t\t\t\t\t<h4 class=\"elementor-heading-title elementor-size-default\">Antic Mercado de Abastos. Mercat d'Art<\/h4>\t\t\t\t<\/div>\n\t\t\t\t<\/div>\n\t\t\t\t<div class=\"elementor-element elementor-element-cc5e409 elementor-widget elementor-widget-text-editor\" data-id=\"cc5e409\" data-element_type=\"widget\" data-e-type=\"widget\" data-widget_type=\"text-editor.default\">\n\t\t\t\t<div class=\"elementor-widget-container\">\n\t\t\t\t\t\t\t\t\t<p>L&#8217;<strong>Antic Mercado de Abastos <\/strong>(<strong>3<\/strong>), va ser edificat a la d\u00e8cada de 1950 i, despr\u00e9s de la construcci\u00f3 del nou Mercat, va quedar en des\u00fas, reconvertint-se en <strong>Mercat d&#8217;Art<\/strong>.<\/p>\t\t\t\t\t\t\t\t<\/div>\n\t\t\t\t<\/div>\n\t\t\t\t<div class=\"elementor-element elementor-element-c0ae22d elementor-widget elementor-widget-image\" data-id=\"c0ae22d\" data-element_type=\"widget\" data-e-type=\"widget\" data-widget_type=\"image.default\">\n\t\t\t\t<div class=\"elementor-widget-container\">\n\t\t\t\t\t\t\t\t\t\t\t\t<figure class=\"wp-caption\">\n\t\t\t\t\t\t\t\t\t\t<img loading=\"lazy\" decoding=\"async\" width=\"768\" height=\"511\" src=\"https:\/\/www.elturistatranquil.com\/wp-content\/uploads\/F22-Antiguo-Mercado-de-Abastos-Mercado-de-Arte.-Conil-de-la-Frontera.jpg\" class=\"attachment-large size-large wp-image-37485\" alt=\"Antiguo Mercado de Abastos-Mercado de Arte. Conil de la Frontera\" srcset=\"https:\/\/www.elturistatranquil.com\/wp-content\/uploads\/F22-Antiguo-Mercado-de-Abastos-Mercado-de-Arte.-Conil-de-la-Frontera.jpg 768w, https:\/\/www.elturistatranquil.com\/wp-content\/uploads\/F22-Antiguo-Mercado-de-Abastos-Mercado-de-Arte.-Conil-de-la-Frontera-339x226.jpg 339w\" sizes=\"(max-width: 768px) 100vw, 768px\" \/>\t\t\t\t\t\t\t\t\t\t\t<figcaption class=\"widget-image-caption wp-caption-text\"><\/figcaption>\n\t\t\t\t\t\t\t\t\t\t<\/figure>\n\t\t\t\t\t\t\t\t\t<\/div>\n\t\t\t\t<\/div>\n\t\t\t\t<div class=\"elementor-element elementor-element-7635219 elementor-widget elementor-widget-image\" data-id=\"7635219\" data-element_type=\"widget\" data-e-type=\"widget\" data-widget_type=\"image.default\">\n\t\t\t\t<div class=\"elementor-widget-container\">\n\t\t\t\t\t\t\t\t\t\t\t\t<figure class=\"wp-caption\">\n\t\t\t\t\t\t\t\t\t\t<img loading=\"lazy\" decoding=\"async\" width=\"768\" height=\"512\" src=\"https:\/\/www.elturistatranquil.com\/wp-content\/uploads\/F23-Antiguo-Mercado-de-Abastos-Mercado-de-Arte.-Conil-de-la-Frontera.jpg\" class=\"attachment-large size-large wp-image-37487\" alt=\"Antiguo Mercado de Abastos-Mercado de Arte. Conil de la Frontera\" srcset=\"https:\/\/www.elturistatranquil.com\/wp-content\/uploads\/F23-Antiguo-Mercado-de-Abastos-Mercado-de-Arte.-Conil-de-la-Frontera.jpg 768w, https:\/\/www.elturistatranquil.com\/wp-content\/uploads\/F23-Antiguo-Mercado-de-Abastos-Mercado-de-Arte.-Conil-de-la-Frontera-339x226.jpg 339w\" sizes=\"(max-width: 768px) 100vw, 768px\" \/>\t\t\t\t\t\t\t\t\t\t\t<figcaption class=\"widget-image-caption wp-caption-text\"><\/figcaption>\n\t\t\t\t\t\t\t\t\t\t<\/figure>\n\t\t\t\t\t\t\t\t\t<\/div>\n\t\t\t\t<\/div>\n\t\t\t\t<div class=\"elementor-element elementor-element-ded6091 elementor-widget elementor-widget-text-editor\" data-id=\"ded6091\" data-element_type=\"widget\" data-e-type=\"widget\" data-widget_type=\"text-editor.default\">\n\t\t\t\t<div class=\"elementor-widget-container\">\n\t\t\t\t\t\t\t\t\t<p>A la hist\u00f2ria de Conil han abundat les hortes. D&#8217;aquestes, algunes perviuen. Pel que sembla, a la <strong>Huerta Primera<\/strong>, que s&#8217;obre al fons del <strong>carrer\u00f3 Huerta Primera<\/strong>, al costat de l&#8217;antic Mercat d&#8217;Abastos, hi ha una s\u00ednia en perfecte estat, la qual no he visitat.<\/p>\t\t\t\t\t\t\t\t<\/div>\n\t\t\t\t<\/div>\n\t\t\t\t<div class=\"elementor-element elementor-element-af97367 elementor-widget elementor-widget-image\" data-id=\"af97367\" data-element_type=\"widget\" data-e-type=\"widget\" data-widget_type=\"image.default\">\n\t\t\t\t<div class=\"elementor-widget-container\">\n\t\t\t\t\t\t\t\t\t\t\t\t<figure class=\"wp-caption\">\n\t\t\t\t\t\t\t\t\t\t<img loading=\"lazy\" decoding=\"async\" width=\"768\" height=\"511\" src=\"https:\/\/www.elturistatranquil.com\/wp-content\/uploads\/F24-Callejon-Huerta-Primera.-Conil-de-la-Frontera.jpg\" class=\"attachment-large size-large wp-image-37489\" alt=\"Callejon Huerta Primera. Conil de la Frontera\" srcset=\"https:\/\/www.elturistatranquil.com\/wp-content\/uploads\/F24-Callejon-Huerta-Primera.-Conil-de-la-Frontera.jpg 768w, https:\/\/www.elturistatranquil.com\/wp-content\/uploads\/F24-Callejon-Huerta-Primera.-Conil-de-la-Frontera-339x226.jpg 339w\" sizes=\"(max-width: 768px) 100vw, 768px\" \/>\t\t\t\t\t\t\t\t\t\t\t<figcaption class=\"widget-image-caption wp-caption-text\"><\/figcaption>\n\t\t\t\t\t\t\t\t\t\t<\/figure>\n\t\t\t\t\t\t\t\t\t<\/div>\n\t\t\t\t<\/div>\n\t\t\t\t<div class=\"elementor-element elementor-element-191423c elementor-widget elementor-widget-image\" data-id=\"191423c\" data-element_type=\"widget\" data-e-type=\"widget\" data-widget_type=\"image.default\">\n\t\t\t\t<div class=\"elementor-widget-container\">\n\t\t\t\t\t\t\t\t\t\t\t\t<figure class=\"wp-caption\">\n\t\t\t\t\t\t\t\t\t\t<img loading=\"lazy\" decoding=\"async\" width=\"768\" height=\"511\" src=\"https:\/\/www.elturistatranquil.com\/wp-content\/uploads\/F25-Huerta-Primera.-Conil-de-la-Frontera.jpg\" class=\"attachment-large size-large wp-image-37491\" alt=\"Huerta Primera. Conil de la Frontera\" srcset=\"https:\/\/www.elturistatranquil.com\/wp-content\/uploads\/F25-Huerta-Primera.-Conil-de-la-Frontera.jpg 768w, https:\/\/www.elturistatranquil.com\/wp-content\/uploads\/F25-Huerta-Primera.-Conil-de-la-Frontera-339x226.jpg 339w\" sizes=\"(max-width: 768px) 100vw, 768px\" \/>\t\t\t\t\t\t\t\t\t\t\t<figcaption class=\"widget-image-caption wp-caption-text\"><\/figcaption>\n\t\t\t\t\t\t\t\t\t\t<\/figure>\n\t\t\t\t\t\t\t\t\t<\/div>\n\t\t\t\t<\/div>\n\t\t\t\t<div class=\"elementor-element elementor-element-ac541ff elementor-widget elementor-widget-heading\" data-id=\"ac541ff\" data-element_type=\"widget\" data-e-type=\"widget\" data-widget_type=\"heading.default\">\n\t\t\t\t<div class=\"elementor-widget-container\">\n\t\t\t\t\t<h4 class=\"elementor-heading-title elementor-size-default\">Hospici de la Misericordia <\/h4>\t\t\t\t<\/div>\n\t\t\t\t<\/div>\n\t\t\t\t<div class=\"elementor-element elementor-element-2cde00f elementor-widget elementor-widget-text-editor\" data-id=\"2cde00f\" data-element_type=\"widget\" data-e-type=\"widget\" data-widget_type=\"text-editor.default\">\n\t\t\t\t<div class=\"elementor-widget-container\">\n\t\t\t\t\t\t\t\t\t<p>Al n\u00fam. 7 del carrer Pascual Junquera s&#8217;al\u00e7a l&#8217;edifici barroc de l&#8217; <strong>Hospici de la Miseric\u00f2rdia<\/strong> (<strong>4<\/strong>), acabat el 1779, segons diu la inscripci\u00f3 de la fa\u00e7ana, que constitueix l&#8217;\u00fanic exemple conservat d&#8217;una instituci\u00f3 de benefic\u00e8ncia a Conil. Va ser encarregat pel senyor Sebasti\u00e1n S\u00e1nchez Franco, Comte de las Cinco Torres, ric mercader de la carrera de les \u00cdndies, per allotjar 30 fam\u00edlies pobres.<\/p><p>L\u00b4edificaci\u00f3 es compon d\u00b4una capella central i dos patis adossats on se situen 30 habitacions.<\/p>\t\t\t\t\t\t\t\t<\/div>\n\t\t\t\t<\/div>\n\t\t\t\t<div class=\"elementor-element elementor-element-98d88be elementor-widget elementor-widget-image\" data-id=\"98d88be\" data-element_type=\"widget\" data-e-type=\"widget\" data-widget_type=\"image.default\">\n\t\t\t\t<div class=\"elementor-widget-container\">\n\t\t\t\t\t\t\t\t\t\t\t\t<figure class=\"wp-caption\">\n\t\t\t\t\t\t\t\t\t\t<img loading=\"lazy\" decoding=\"async\" width=\"768\" height=\"511\" src=\"https:\/\/www.elturistatranquil.com\/wp-content\/uploads\/F26-Hospicio-de-la-Misericordia.-Conil-de-la-Frontera.jpg\" class=\"attachment-large size-large wp-image-37493\" alt=\"Hospicio de la Misericordia. Conil de la Frontera\" srcset=\"https:\/\/www.elturistatranquil.com\/wp-content\/uploads\/F26-Hospicio-de-la-Misericordia.-Conil-de-la-Frontera.jpg 768w, https:\/\/www.elturistatranquil.com\/wp-content\/uploads\/F26-Hospicio-de-la-Misericordia.-Conil-de-la-Frontera-339x226.jpg 339w\" sizes=\"(max-width: 768px) 100vw, 768px\" \/>\t\t\t\t\t\t\t\t\t\t\t<figcaption class=\"widget-image-caption wp-caption-text\"><\/figcaption>\n\t\t\t\t\t\t\t\t\t\t<\/figure>\n\t\t\t\t\t\t\t\t\t<\/div>\n\t\t\t\t<\/div>\n\t\t\t\t<div class=\"elementor-element elementor-element-c37ec5a elementor-widget elementor-widget-menu-anchor\" data-id=\"c37ec5a\" data-element_type=\"widget\" data-e-type=\"widget\" data-widget_type=\"menu-anchor.default\">\n\t\t\t\t<div class=\"elementor-widget-container\">\n\t\t\t\t\t\t\t<div class=\"elementor-menu-anchor\" id=\"c7006\"><\/div>\n\t\t\t\t\t\t<\/div>\n\t\t\t\t<\/div>\n\t\t\t\t<div class=\"elementor-element elementor-element-504107c elementor-widget elementor-widget-image\" data-id=\"504107c\" data-element_type=\"widget\" data-e-type=\"widget\" data-widget_type=\"image.default\">\n\t\t\t\t<div class=\"elementor-widget-container\">\n\t\t\t\t\t\t\t\t\t\t\t\t<figure class=\"wp-caption\">\n\t\t\t\t\t\t\t\t\t\t<img loading=\"lazy\" decoding=\"async\" width=\"768\" height=\"511\" src=\"https:\/\/www.elturistatranquil.com\/wp-content\/uploads\/F27-Hospicio-de-la-Misericordia.-Conil-de-la-Frontera.jpg\" class=\"attachment-large size-large wp-image-37495\" alt=\"Hospicio de la Misericordia. Conil de la Frontera\" srcset=\"https:\/\/www.elturistatranquil.com\/wp-content\/uploads\/F27-Hospicio-de-la-Misericordia.-Conil-de-la-Frontera.jpg 768w, https:\/\/www.elturistatranquil.com\/wp-content\/uploads\/F27-Hospicio-de-la-Misericordia.-Conil-de-la-Frontera-339x226.jpg 339w\" sizes=\"(max-width: 768px) 100vw, 768px\" \/>\t\t\t\t\t\t\t\t\t\t\t<figcaption class=\"widget-image-caption wp-caption-text\"><\/figcaption>\n\t\t\t\t\t\t\t\t\t\t<\/figure>\n\t\t\t\t\t\t\t\t\t<\/div>\n\t\t\t\t<\/div>\n\t\t\t\t<div class=\"elementor-element elementor-element-64e3d99 elementor-widget elementor-widget-heading\" data-id=\"64e3d99\" data-element_type=\"widget\" data-e-type=\"widget\" data-widget_type=\"heading.default\">\n\t\t\t\t<div class=\"elementor-widget-container\">\n\t\t\t\t\t<h3 class=\"elementor-heading-title elementor-size-default\">Entorn de la Pla\u00e7a de la Constituci\u00f3<\/h3>\t\t\t\t<\/div>\n\t\t\t\t<\/div>\n\t\t\t\t<div class=\"elementor-element elementor-element-4270825 elementor-widget elementor-widget-text-editor\" data-id=\"4270825\" data-element_type=\"widget\" data-e-type=\"widget\" data-widget_type=\"text-editor.default\">\n\t\t\t\t<div class=\"elementor-widget-container\">\n\t\t\t\t\t\t\t\t\t<p>El <strong>carrer la Virgen<\/strong> porta des de la pla\u00e7a Porta de la Vila a la pla\u00e7a de la Constituci\u00f3, al n\u00famero 3 es troba el conegut com el <strong>Mes\u00f3n del Duque<\/strong>, constru\u00eft vers 1580 pel duc de Medina Sidonia extramurs, per donar allotjament als mercaders que anaven a comprar tonyina a l&#8217;almadrava. Al llarg de la seva hist\u00f2ria va ser mes\u00f3n, botiga de queviures, taverna, tahona o fleca i pati de ve\u00efns, pertanyent a la casa ducal fins al 1875.<\/p><p>Recentment ha estat rehabilitat en la seva totalitat, quedant de la primitiva construcci\u00f3 la portada, on es veu l&#8217;escut de calderes que els ducs solien col\u00b7locar a les seves propietats menors, la distribuci\u00f3 del primer pati, i un preci\u00f3s antic pou catalogat com a <em>B\u00e9 d&#8217;Inter\u00e8s Cultural<\/em>.<\/p>\t\t\t\t\t\t\t\t<\/div>\n\t\t\t\t<\/div>\n\t\t\t\t<div class=\"elementor-element elementor-element-945c0e5 elementor-widget elementor-widget-image\" data-id=\"945c0e5\" data-element_type=\"widget\" data-e-type=\"widget\" data-widget_type=\"image.default\">\n\t\t\t\t<div class=\"elementor-widget-container\">\n\t\t\t\t\t\t\t\t\t\t\t\t<figure class=\"wp-caption\">\n\t\t\t\t\t\t\t\t\t\t<img loading=\"lazy\" decoding=\"async\" width=\"768\" height=\"512\" src=\"https:\/\/www.elturistatranquil.com\/wp-content\/uploads\/F28-Meson-del-Duque.-Conil-de-la-Frontera.jpg\" class=\"attachment-large size-large wp-image-37497\" alt=\"Meson del Duque. Conil de la Frontera\" srcset=\"https:\/\/www.elturistatranquil.com\/wp-content\/uploads\/F28-Meson-del-Duque.-Conil-de-la-Frontera.jpg 768w, https:\/\/www.elturistatranquil.com\/wp-content\/uploads\/F28-Meson-del-Duque.-Conil-de-la-Frontera-339x226.jpg 339w\" sizes=\"(max-width: 768px) 100vw, 768px\" \/>\t\t\t\t\t\t\t\t\t\t\t<figcaption class=\"widget-image-caption wp-caption-text\"><\/figcaption>\n\t\t\t\t\t\t\t\t\t\t<\/figure>\n\t\t\t\t\t\t\t\t\t<\/div>\n\t\t\t\t<\/div>\n\t\t\t\t<div class=\"elementor-element elementor-element-413b26d elementor-widget elementor-widget-image\" data-id=\"413b26d\" data-element_type=\"widget\" data-e-type=\"widget\" data-widget_type=\"image.default\">\n\t\t\t\t<div class=\"elementor-widget-container\">\n\t\t\t\t\t\t\t\t\t\t\t\t<figure class=\"wp-caption\">\n\t\t\t\t\t\t\t\t\t\t<img loading=\"lazy\" decoding=\"async\" width=\"768\" height=\"512\" src=\"https:\/\/www.elturistatranquil.com\/wp-content\/uploads\/F29-Meson-del-Duque.-Conil-de-la-Frontera.jpg\" class=\"attachment-large size-large wp-image-37503\" alt=\"Meson del Duque. Conil de la Frontera\" srcset=\"https:\/\/www.elturistatranquil.com\/wp-content\/uploads\/F29-Meson-del-Duque.-Conil-de-la-Frontera.jpg 768w, https:\/\/www.elturistatranquil.com\/wp-content\/uploads\/F29-Meson-del-Duque.-Conil-de-la-Frontera-339x226.jpg 339w\" sizes=\"(max-width: 768px) 100vw, 768px\" \/>\t\t\t\t\t\t\t\t\t\t\t<figcaption class=\"widget-image-caption wp-caption-text\"><\/figcaption>\n\t\t\t\t\t\t\t\t\t\t<\/figure>\n\t\t\t\t\t\t\t\t\t<\/div>\n\t\t\t\t<\/div>\n\t\t\t\t<div class=\"elementor-element elementor-element-c724783 elementor-widget elementor-widget-heading\" data-id=\"c724783\" data-element_type=\"widget\" data-e-type=\"widget\" data-widget_type=\"heading.default\">\n\t\t\t\t<div class=\"elementor-widget-container\">\n\t\t\t\t\t<h4 class=\"elementor-heading-title elementor-size-default\">Antic Convent de M\u00ednims: Cases Consistorials i Esgl\u00e9sia Parroquial de Santa Catalina<\/h4>\t\t\t\t<\/div>\n\t\t\t\t<\/div>\n\t\t\t\t<div class=\"elementor-element elementor-element-e9b0a04 elementor-widget elementor-widget-text-editor\" data-id=\"e9b0a04\" data-element_type=\"widget\" data-e-type=\"widget\" data-widget_type=\"text-editor.default\">\n\t\t\t\t<div class=\"elementor-widget-container\">\n\t\t\t\t\t\t\t\t\t<p>A la <strong>pla\u00e7a de la Constituci\u00f3<\/strong> s&#8217;ubica l&#8217;<strong>Antic Convent de M\u00ednims<\/strong>, edifici constru\u00eft entre els segles XVI i XVII sota els auspicis del duc Juan Alonso P\u00e9rez de Guzm\u00e1n, en estil de transici\u00f3 del renaixement al barroc. L&#8217;edifici est\u00e0 format per l&#8217;esgl\u00e9sia i la construcci\u00f3 annexa al claustre del segle XVIII.<\/p><p>Despr\u00e9s de la desamortitzaci\u00f3 va perdre la seva funci\u00f3 conventual i actualment, per un conveni Ajuntament-Bisbat, el temple \u00e9s l&#8217;Esgl\u00e9sia Parroquial de Santa Catalina, i l&#8217;edifici dels claustra \u00e9s la seu de l&#8217;Ajuntament.<\/p>\t\t\t\t\t\t\t\t<\/div>\n\t\t\t\t<\/div>\n\t\t\t\t<div class=\"elementor-element elementor-element-987de99 elementor-widget elementor-widget-heading\" data-id=\"987de99\" data-element_type=\"widget\" data-e-type=\"widget\" data-widget_type=\"heading.default\">\n\t\t\t\t<div class=\"elementor-widget-container\">\n\t\t\t\t\t<h4 class=\"elementor-heading-title elementor-size-default\">Cases Consistorials<\/h4>\t\t\t\t<\/div>\n\t\t\t\t<\/div>\n\t\t\t\t<div class=\"elementor-element elementor-element-902a2ef elementor-widget elementor-widget-text-editor\" data-id=\"902a2ef\" data-element_type=\"widget\" data-e-type=\"widget\" data-widget_type=\"text-editor.default\">\n\t\t\t\t<div class=\"elementor-widget-container\">\n\t\t\t\t\t\t\t\t\t<p>Com acabo d&#8217;indicar, les <strong>Cases Consistorials<\/strong> (<strong>5<\/strong>) s&#8217;ubiquen a les depend\u00e8ncies mon\u00e0stiques al voltant del claustre de Monestir de M\u00ednims.<\/p>\t\t\t\t\t\t\t\t<\/div>\n\t\t\t\t<\/div>\n\t\t\t\t<div class=\"elementor-element elementor-element-af0795d elementor-widget elementor-widget-image\" data-id=\"af0795d\" data-element_type=\"widget\" data-e-type=\"widget\" data-widget_type=\"image.default\">\n\t\t\t\t<div class=\"elementor-widget-container\">\n\t\t\t\t\t\t\t\t\t\t\t\t<figure class=\"wp-caption\">\n\t\t\t\t\t\t\t\t\t\t<img loading=\"lazy\" decoding=\"async\" width=\"768\" height=\"512\" src=\"https:\/\/www.elturistatranquil.com\/wp-content\/uploads\/F30-Casas-Consistoriales.-Conil-de-la-Frontera.jpg\" class=\"attachment-large size-large wp-image-37505\" alt=\"Casas Consistoriales. Conil de la Frontera\" srcset=\"https:\/\/www.elturistatranquil.com\/wp-content\/uploads\/F30-Casas-Consistoriales.-Conil-de-la-Frontera.jpg 768w, https:\/\/www.elturistatranquil.com\/wp-content\/uploads\/F30-Casas-Consistoriales.-Conil-de-la-Frontera-339x226.jpg 339w\" sizes=\"(max-width: 768px) 100vw, 768px\" \/>\t\t\t\t\t\t\t\t\t\t\t<figcaption class=\"widget-image-caption wp-caption-text\"><\/figcaption>\n\t\t\t\t\t\t\t\t\t\t<\/figure>\n\t\t\t\t\t\t\t\t\t<\/div>\n\t\t\t\t<\/div>\n\t\t\t\t<div class=\"elementor-element elementor-element-78a751f elementor-widget elementor-widget-heading\" data-id=\"78a751f\" data-element_type=\"widget\" data-e-type=\"widget\" data-widget_type=\"heading.default\">\n\t\t\t\t<div class=\"elementor-widget-container\">\n\t\t\t\t\t<h4 class=\"elementor-heading-title elementor-size-default\">Nova Esgl\u00e9sia de Santa Catalina<\/h4>\t\t\t\t<\/div>\n\t\t\t\t<\/div>\n\t\t\t\t<div class=\"elementor-element elementor-element-9d8fd5b elementor-widget elementor-widget-text-editor\" data-id=\"9d8fd5b\" data-element_type=\"widget\" data-e-type=\"widget\" data-widget_type=\"text-editor.default\">\n\t\t\t\t<div class=\"elementor-widget-container\">\n\t\t\t\t\t\t\t\t\t<p>Per la seva banda, l&#8217;antic temple del convent \u00e9s actualment l&#8217;<strong>Esgl\u00e9sia Parroquial de Santa Catalina<\/strong> (<strong>6<\/strong>).<\/p><p>El primer temple, constru\u00eft el 1567, va ser fundada per l&#8217;ordre franciscana dels &#8220;Frares M\u00ednims de Sant Francesc de Paula&#8221;, sota el patronat del duc de Medina Sidonia i Senyor de la vila de Conil per rendir culte a Mare de Deu de les Virtuts , patrona d&#8217;aquesta Vila.<\/p><p>Fou a finals del segle XVI quan s&#8217;al\u00e7\u00e0 l&#8217;actual esgl\u00e9sia. La portada i el campanar s\u00f3n de principis de segle XVII, obra de Fra Luis V\u00e1zquez de Due\u00f1as.<\/p>\t\t\t\t\t\t\t\t<\/div>\n\t\t\t\t<\/div>\n\t\t\t\t<div class=\"elementor-element elementor-element-1f35c2d elementor-widget elementor-widget-image\" data-id=\"1f35c2d\" data-element_type=\"widget\" data-e-type=\"widget\" data-widget_type=\"image.default\">\n\t\t\t\t<div class=\"elementor-widget-container\">\n\t\t\t\t\t\t\t\t\t\t\t\t<figure class=\"wp-caption\">\n\t\t\t\t\t\t\t\t\t\t<img loading=\"lazy\" decoding=\"async\" width=\"768\" height=\"512\" src=\"https:\/\/www.elturistatranquil.com\/wp-content\/uploads\/F31-Nueva-Iglesia-de-Santa-Catalina.-Conil-de-la-Frontera.jpg\" class=\"attachment-large size-large wp-image-37507\" alt=\"Nueva Iglesia de Santa Catalina. Conil de la Frontera\" srcset=\"https:\/\/www.elturistatranquil.com\/wp-content\/uploads\/F31-Nueva-Iglesia-de-Santa-Catalina.-Conil-de-la-Frontera.jpg 768w, https:\/\/www.elturistatranquil.com\/wp-content\/uploads\/F31-Nueva-Iglesia-de-Santa-Catalina.-Conil-de-la-Frontera-339x226.jpg 339w\" sizes=\"(max-width: 768px) 100vw, 768px\" \/>\t\t\t\t\t\t\t\t\t\t\t<figcaption class=\"widget-image-caption wp-caption-text\"><\/figcaption>\n\t\t\t\t\t\t\t\t\t\t<\/figure>\n\t\t\t\t\t\t\t\t\t<\/div>\n\t\t\t\t<\/div>\n\t\t\t\t<div class=\"elementor-element elementor-element-889ed7e elementor-widget elementor-widget-image\" data-id=\"889ed7e\" data-element_type=\"widget\" data-e-type=\"widget\" data-widget_type=\"image.default\">\n\t\t\t\t<div class=\"elementor-widget-container\">\n\t\t\t\t\t\t\t\t\t\t\t\t<figure class=\"wp-caption\">\n\t\t\t\t\t\t\t\t\t\t<img loading=\"lazy\" decoding=\"async\" width=\"768\" height=\"512\" src=\"https:\/\/www.elturistatranquil.com\/wp-content\/uploads\/F32-Nueva-Iglesia-de-Santa-Catalina.-Conil-de-la-Frontera.jpg\" class=\"attachment-large size-large wp-image-37509\" alt=\"Nueva Iglesia de Santa Catalina. Conil de la Frontera\" srcset=\"https:\/\/www.elturistatranquil.com\/wp-content\/uploads\/F32-Nueva-Iglesia-de-Santa-Catalina.-Conil-de-la-Frontera.jpg 768w, https:\/\/www.elturistatranquil.com\/wp-content\/uploads\/F32-Nueva-Iglesia-de-Santa-Catalina.-Conil-de-la-Frontera-339x226.jpg 339w\" sizes=\"(max-width: 768px) 100vw, 768px\" \/>\t\t\t\t\t\t\t\t\t\t\t<figcaption class=\"widget-image-caption wp-caption-text\"><\/figcaption>\n\t\t\t\t\t\t\t\t\t\t<\/figure>\n\t\t\t\t\t\t\t\t\t<\/div>\n\t\t\t\t<\/div>\n\t\t\t\t<div class=\"elementor-element elementor-element-ec828ee elementor-widget elementor-widget-text-editor\" data-id=\"ec828ee\" data-element_type=\"widget\" data-e-type=\"widget\" data-widget_type=\"text-editor.default\">\n\t\t\t\t<div class=\"elementor-widget-container\">\n\t\t\t\t\t\t\t\t\t<p>La planta \u00e9s duna sola nau de creu llatina i amb capelles laterals adossades.<\/p>\t\t\t\t\t\t\t\t<\/div>\n\t\t\t\t<\/div>\n\t\t\t\t<div class=\"elementor-element elementor-element-155955f elementor-widget elementor-widget-image\" data-id=\"155955f\" data-element_type=\"widget\" data-e-type=\"widget\" data-widget_type=\"image.default\">\n\t\t\t\t<div class=\"elementor-widget-container\">\n\t\t\t\t\t\t\t\t\t\t\t\t<figure class=\"wp-caption\">\n\t\t\t\t\t\t\t\t\t\t<img loading=\"lazy\" decoding=\"async\" width=\"768\" height=\"512\" src=\"https:\/\/www.elturistatranquil.com\/wp-content\/uploads\/F33-Nueva-Iglesia-de-Santa-Catalina.-Conil-de-la-Frontera.jpg\" class=\"attachment-large size-large wp-image-37511\" alt=\"Nueva Iglesia de Santa Catalina. Conil de la Frontera\" srcset=\"https:\/\/www.elturistatranquil.com\/wp-content\/uploads\/F33-Nueva-Iglesia-de-Santa-Catalina.-Conil-de-la-Frontera.jpg 768w, https:\/\/www.elturistatranquil.com\/wp-content\/uploads\/F33-Nueva-Iglesia-de-Santa-Catalina.-Conil-de-la-Frontera-339x226.jpg 339w\" sizes=\"(max-width: 768px) 100vw, 768px\" \/>\t\t\t\t\t\t\t\t\t\t\t<figcaption class=\"widget-image-caption wp-caption-text\"><\/figcaption>\n\t\t\t\t\t\t\t\t\t\t<\/figure>\n\t\t\t\t\t\t\t\t\t<\/div>\n\t\t\t\t<\/div>\n\t\t\t\t<div class=\"elementor-element elementor-element-fc21aff elementor-widget elementor-widget-image\" data-id=\"fc21aff\" data-element_type=\"widget\" data-e-type=\"widget\" data-widget_type=\"image.default\">\n\t\t\t\t<div class=\"elementor-widget-container\">\n\t\t\t\t\t\t\t\t\t\t\t\t<figure class=\"wp-caption\">\n\t\t\t\t\t\t\t\t\t\t<img loading=\"lazy\" decoding=\"async\" width=\"768\" height=\"512\" src=\"https:\/\/www.elturistatranquil.com\/wp-content\/uploads\/F34-Nueva-Iglesia-de-Santa-Catalina.-Conil-de-la-Frontera.jpg\" class=\"attachment-large size-large wp-image-37513\" alt=\"Nueva Iglesia de Santa Catalina. Conil de la Frontera\" srcset=\"https:\/\/www.elturistatranquil.com\/wp-content\/uploads\/F34-Nueva-Iglesia-de-Santa-Catalina.-Conil-de-la-Frontera.jpg 768w, https:\/\/www.elturistatranquil.com\/wp-content\/uploads\/F34-Nueva-Iglesia-de-Santa-Catalina.-Conil-de-la-Frontera-339x226.jpg 339w\" sizes=\"(max-width: 768px) 100vw, 768px\" \/>\t\t\t\t\t\t\t\t\t\t\t<figcaption class=\"widget-image-caption wp-caption-text\"><\/figcaption>\n\t\t\t\t\t\t\t\t\t\t<\/figure>\n\t\t\t\t\t\t\t\t\t<\/div>\n\t\t\t\t<\/div>\n\t\t\t\t<div class=\"elementor-element elementor-element-02e5cfe elementor-widget elementor-widget-image\" data-id=\"02e5cfe\" data-element_type=\"widget\" data-e-type=\"widget\" data-widget_type=\"image.default\">\n\t\t\t\t<div class=\"elementor-widget-container\">\n\t\t\t\t\t\t\t\t\t\t\t\t<figure class=\"wp-caption\">\n\t\t\t\t\t\t\t\t\t\t<img loading=\"lazy\" decoding=\"async\" width=\"768\" height=\"512\" src=\"https:\/\/www.elturistatranquil.com\/wp-content\/uploads\/F35-Nueva-Iglesia-de-Santa-Catalina.-Conil-de-la-Frontera.jpg\" class=\"attachment-large size-large wp-image-37515\" alt=\"Nueva Iglesia de Santa Catalina. Conil de la Frontera\" srcset=\"https:\/\/www.elturistatranquil.com\/wp-content\/uploads\/F35-Nueva-Iglesia-de-Santa-Catalina.-Conil-de-la-Frontera.jpg 768w, https:\/\/www.elturistatranquil.com\/wp-content\/uploads\/F35-Nueva-Iglesia-de-Santa-Catalina.-Conil-de-la-Frontera-339x226.jpg 339w\" sizes=\"(max-width: 768px) 100vw, 768px\" \/>\t\t\t\t\t\t\t\t\t\t\t<figcaption class=\"widget-image-caption wp-caption-text\"><\/figcaption>\n\t\t\t\t\t\t\t\t\t\t<\/figure>\n\t\t\t\t\t\t\t\t\t<\/div>\n\t\t\t\t<\/div>\n\t\t\t\t<div class=\"elementor-element elementor-element-c6ba31d elementor-widget elementor-widget-text-editor\" data-id=\"c6ba31d\" data-element_type=\"widget\" data-e-type=\"widget\" data-widget_type=\"text-editor.default\">\n\t\t\t\t<div class=\"elementor-widget-container\">\n\t\t\t\t\t\t\t\t\t<p>La volta de can\u00f3 \u00e9s de pedra sorrenca llaurada.<\/p>\t\t\t\t\t\t\t\t<\/div>\n\t\t\t\t<\/div>\n\t\t\t\t<div class=\"elementor-element elementor-element-bfcdede elementor-widget elementor-widget-image\" data-id=\"bfcdede\" data-element_type=\"widget\" data-e-type=\"widget\" data-widget_type=\"image.default\">\n\t\t\t\t<div class=\"elementor-widget-container\">\n\t\t\t\t\t\t\t\t\t\t\t\t<figure class=\"wp-caption\">\n\t\t\t\t\t\t\t\t\t\t<img loading=\"lazy\" decoding=\"async\" width=\"768\" height=\"512\" src=\"https:\/\/www.elturistatranquil.com\/wp-content\/uploads\/F36-Nueva-Iglesia-de-Santa-Catalina.-Conil-de-la-Frontera.jpg\" class=\"attachment-large size-large wp-image-37517\" alt=\"Nueva Iglesia de Santa Catalina. Conil de la Frontera\" srcset=\"https:\/\/www.elturistatranquil.com\/wp-content\/uploads\/F36-Nueva-Iglesia-de-Santa-Catalina.-Conil-de-la-Frontera.jpg 768w, https:\/\/www.elturistatranquil.com\/wp-content\/uploads\/F36-Nueva-Iglesia-de-Santa-Catalina.-Conil-de-la-Frontera-339x226.jpg 339w\" sizes=\"(max-width: 768px) 100vw, 768px\" \/>\t\t\t\t\t\t\t\t\t\t\t<figcaption class=\"widget-image-caption wp-caption-text\"><\/figcaption>\n\t\t\t\t\t\t\t\t\t\t<\/figure>\n\t\t\t\t\t\t\t\t\t<\/div>\n\t\t\t\t<\/div>\n\t\t\t\t<div class=\"elementor-element elementor-element-281be3b elementor-widget elementor-widget-text-editor\" data-id=\"281be3b\" data-element_type=\"widget\" data-e-type=\"widget\" data-widget_type=\"text-editor.default\">\n\t\t\t\t<div class=\"elementor-widget-container\">\n\t\t\t\t\t\t\t\t\t<p>La volta del creuer tamb\u00e9 \u00e9s de pedra sorrenca i al seu centre, presidint l&#8217;altar major, hi ha l&#8217;escut de la casa ducal de Medina Sidonia. El claustre i les depend\u00e8ncies de l&#8217;antic Convent s\u00f3n del segle XVIII.<\/p>\t\t\t\t\t\t\t\t<\/div>\n\t\t\t\t<\/div>\n\t\t\t\t<div class=\"elementor-element elementor-element-b7c0d7a elementor-widget elementor-widget-image\" data-id=\"b7c0d7a\" data-element_type=\"widget\" data-e-type=\"widget\" data-widget_type=\"image.default\">\n\t\t\t\t<div class=\"elementor-widget-container\">\n\t\t\t\t\t\t\t\t\t\t\t\t<figure class=\"wp-caption\">\n\t\t\t\t\t\t\t\t\t\t<img loading=\"lazy\" decoding=\"async\" width=\"768\" height=\"512\" src=\"https:\/\/www.elturistatranquil.com\/wp-content\/uploads\/F37-Nueva-Iglesia-de-Santa-Catalina.-Conil-de-la-Frontera.jpg\" class=\"attachment-large size-large wp-image-37519\" alt=\"Nueva Iglesia de Santa Catalina. Conil de la Frontera\" srcset=\"https:\/\/www.elturistatranquil.com\/wp-content\/uploads\/F37-Nueva-Iglesia-de-Santa-Catalina.-Conil-de-la-Frontera.jpg 768w, https:\/\/www.elturistatranquil.com\/wp-content\/uploads\/F37-Nueva-Iglesia-de-Santa-Catalina.-Conil-de-la-Frontera-339x226.jpg 339w\" sizes=\"(max-width: 768px) 100vw, 768px\" \/>\t\t\t\t\t\t\t\t\t\t\t<figcaption class=\"widget-image-caption wp-caption-text\"><\/figcaption>\n\t\t\t\t\t\t\t\t\t\t<\/figure>\n\t\t\t\t\t\t\t\t\t<\/div>\n\t\t\t\t<\/div>\n\t\t\t\t<div class=\"elementor-element elementor-element-c4d1e2f elementor-widget elementor-widget-text-editor\" data-id=\"c4d1e2f\" data-element_type=\"widget\" data-e-type=\"widget\" data-widget_type=\"text-editor.default\">\n\t\t\t\t<div class=\"elementor-widget-container\">\n\t\t\t\t\t\t\t\t\t<p>A l&#8217;interior de l&#8217;esgl\u00e9sia hi ha diferents talles de gran import\u00e0ncia, entre elles la Mare de D\u00e9u de les Virtuts d&#8217;estil g\u00f2tic, juntament amb Santa Caterina d&#8217;Alexandria i Sant Sebasti\u00e0 que presideixen l&#8217;Altar Major d&#8217;aquesta parr\u00f2quia com a patrons de Conil.<\/p>\t\t\t\t\t\t\t\t<\/div>\n\t\t\t\t<\/div>\n\t\t\t\t<div class=\"elementor-element elementor-element-0ef6886 elementor-widget elementor-widget-image\" data-id=\"0ef6886\" data-element_type=\"widget\" data-e-type=\"widget\" data-widget_type=\"image.default\">\n\t\t\t\t<div class=\"elementor-widget-container\">\n\t\t\t\t\t\t\t\t\t\t\t\t<figure class=\"wp-caption\">\n\t\t\t\t\t\t\t\t\t\t<img loading=\"lazy\" decoding=\"async\" width=\"768\" height=\"512\" src=\"https:\/\/www.elturistatranquil.com\/wp-content\/uploads\/F38-Nueva-Iglesia-de-Santa-Catalina.-Conil-de-la-Frontera.jpg\" class=\"attachment-large size-large wp-image-37521\" alt=\"Nueva Iglesia de Santa Catalina. Conil de la Frontera\" srcset=\"https:\/\/www.elturistatranquil.com\/wp-content\/uploads\/F38-Nueva-Iglesia-de-Santa-Catalina.-Conil-de-la-Frontera.jpg 768w, https:\/\/www.elturistatranquil.com\/wp-content\/uploads\/F38-Nueva-Iglesia-de-Santa-Catalina.-Conil-de-la-Frontera-339x226.jpg 339w\" sizes=\"(max-width: 768px) 100vw, 768px\" \/>\t\t\t\t\t\t\t\t\t\t\t<figcaption class=\"widget-image-caption wp-caption-text\"><\/figcaption>\n\t\t\t\t\t\t\t\t\t\t<\/figure>\n\t\t\t\t\t\t\t\t\t<\/div>\n\t\t\t\t<\/div>\n\t\t\t\t<div class=\"elementor-element elementor-element-e34c7ae elementor-widget elementor-widget-heading\" data-id=\"e34c7ae\" data-element_type=\"widget\" data-e-type=\"widget\" data-widget_type=\"heading.default\">\n\t\t\t\t<div class=\"elementor-widget-container\">\n\t\t\t\t\t<h4 class=\"elementor-heading-title elementor-size-default\">Casa de la Cultura<\/h4>\t\t\t\t<\/div>\n\t\t\t\t<\/div>\n\t\t\t\t<div class=\"elementor-element elementor-element-f18536f elementor-widget elementor-widget-text-editor\" data-id=\"f18536f\" data-element_type=\"widget\" data-e-type=\"widget\" data-widget_type=\"text-editor.default\">\n\t\t\t\t<div class=\"elementor-widget-container\">\n\t\t\t\t\t\t\t\t\t<p>Seguint pel lateral de l&#8217;evangeli del temple, a la cantonada del <strong>carrer Laguna<\/strong> amb el <strong>carrer Nou<\/strong> s&#8217;al\u00e7a la <strong>Casa de la Cultura<\/strong>, un edifici de l&#8217;any 1986.<\/p>\t\t\t\t\t\t\t\t<\/div>\n\t\t\t\t<\/div>\n\t\t\t\t<div class=\"elementor-element elementor-element-c76ab45 elementor-widget elementor-widget-menu-anchor\" data-id=\"c76ab45\" data-element_type=\"widget\" data-e-type=\"widget\" data-widget_type=\"menu-anchor.default\">\n\t\t\t\t<div class=\"elementor-widget-container\">\n\t\t\t\t\t\t\t<div class=\"elementor-menu-anchor\" id=\"c7007\"><\/div>\n\t\t\t\t\t\t<\/div>\n\t\t\t\t<\/div>\n\t\t\t\t<div class=\"elementor-element elementor-element-bfa7b53 elementor-widget elementor-widget-image\" data-id=\"bfa7b53\" data-element_type=\"widget\" data-e-type=\"widget\" data-widget_type=\"image.default\">\n\t\t\t\t<div class=\"elementor-widget-container\">\n\t\t\t\t\t\t\t\t\t\t\t\t<figure class=\"wp-caption\">\n\t\t\t\t\t\t\t\t\t\t<img loading=\"lazy\" decoding=\"async\" width=\"768\" height=\"512\" src=\"https:\/\/www.elturistatranquil.com\/wp-content\/uploads\/F39-Casa-de-Cultura.-Conil-de-la-Frontera.jpg\" class=\"attachment-large size-large wp-image-37523\" alt=\"Casa de Cultura. Conil de la Frontera\" srcset=\"https:\/\/www.elturistatranquil.com\/wp-content\/uploads\/F39-Casa-de-Cultura.-Conil-de-la-Frontera.jpg 768w, https:\/\/www.elturistatranquil.com\/wp-content\/uploads\/F39-Casa-de-Cultura.-Conil-de-la-Frontera-339x226.jpg 339w\" sizes=\"(max-width: 768px) 100vw, 768px\" \/>\t\t\t\t\t\t\t\t\t\t\t<figcaption class=\"widget-image-caption wp-caption-text\"><\/figcaption>\n\t\t\t\t\t\t\t\t\t\t<\/figure>\n\t\t\t\t\t\t\t\t\t<\/div>\n\t\t\t\t<\/div>\n\t\t\t\t<div class=\"elementor-element elementor-element-0b7e3c3 elementor-widget elementor-widget-heading\" data-id=\"0b7e3c3\" data-element_type=\"widget\" data-e-type=\"widget\" data-widget_type=\"heading.default\">\n\t\t\t\t<div class=\"elementor-widget-container\">\n\t\t\t\t\t<h3 class=\"elementor-heading-title elementor-size-default\">Barri de la Huerta de los Frailes<\/h3>\t\t\t\t<\/div>\n\t\t\t\t<\/div>\n\t\t\t\t<div class=\"elementor-element elementor-element-7e798f6 elementor-widget elementor-widget-text-editor\" data-id=\"7e798f6\" data-element_type=\"widget\" data-e-type=\"widget\" data-widget_type=\"text-editor.default\">\n\t\t\t\t<div class=\"elementor-widget-container\">\n\t\t\t\t\t\t\t\t\t<p>Algunes illes de cases de Conil que disposaven d&#8217;un pati com\u00fa o horts a l&#8217;interior del nucli urb\u00e0, es van anar emplenant de cases, amb un fort component d&#8217;autoconstrucci\u00f3, sorgint carrerons irregulars en el tra\u00e7at i l&#8217;amplada, formant un laberint de carrers de vianants i placetes irregulars, amb una forta vida comunit\u00e0ria. \u00c9s exquisida la cura dels residents per mantenir impecablement blanques totes les parets del recinte, igual que al conjunt del Conil tradicional.<\/p><p>\u00c9s el cas del <strong>Barri<\/strong> <strong>de la Huerta de los Frailes<\/strong> (<strong>7<\/strong>) que va cr\u00e9ixer a l&#8217;horta que els frares del convent de M\u00ednims tenien a la part posterior. Forma un bell espai ple de plantes cuidades amb cura pels seus residents.<\/p><p>L&#8217;acc\u00e9s pel carrer Nou es va bifurcant fins a arribar a carrerons sense sortida el final del qual constitueix el pati de les cases. Recorda l&#8217;estil d&#8217;urbanisme musulm\u00e0, per\u00f2 aplicat a un barri d&#8217;\u00e8poca moderna.<\/p><p>El pou que es troba al carrer\u00f3 correspon al residu que roman de l&#8217;antiga s\u00ednia de reg de l&#8217;hort.<\/p>\t\t\t\t\t\t\t\t<\/div>\n\t\t\t\t<\/div>\n\t\t\t\t<div class=\"elementor-element elementor-element-e4eacba elementor-widget elementor-widget-image\" data-id=\"e4eacba\" data-element_type=\"widget\" data-e-type=\"widget\" data-widget_type=\"image.default\">\n\t\t\t\t<div class=\"elementor-widget-container\">\n\t\t\t\t\t\t\t\t\t\t\t\t<figure class=\"wp-caption\">\n\t\t\t\t\t\t\t\t\t\t<img loading=\"lazy\" decoding=\"async\" width=\"768\" height=\"511\" src=\"https:\/\/www.elturistatranquil.com\/wp-content\/uploads\/F40-Barrio-de-la-Huerta-de-los-Frailes.-Conil-de-la-Frontera.jpg\" class=\"attachment-large size-large wp-image-37525\" alt=\"Barrio de la Huerta de los Frailes. Conil de la Frontera\" srcset=\"https:\/\/www.elturistatranquil.com\/wp-content\/uploads\/F40-Barrio-de-la-Huerta-de-los-Frailes.-Conil-de-la-Frontera.jpg 768w, https:\/\/www.elturistatranquil.com\/wp-content\/uploads\/F40-Barrio-de-la-Huerta-de-los-Frailes.-Conil-de-la-Frontera-339x226.jpg 339w\" sizes=\"(max-width: 768px) 100vw, 768px\" \/>\t\t\t\t\t\t\t\t\t\t\t<figcaption class=\"widget-image-caption wp-caption-text\"><\/figcaption>\n\t\t\t\t\t\t\t\t\t\t<\/figure>\n\t\t\t\t\t\t\t\t\t<\/div>\n\t\t\t\t<\/div>\n\t\t\t\t<div class=\"elementor-element elementor-element-4455e83 elementor-widget elementor-widget-image\" data-id=\"4455e83\" data-element_type=\"widget\" data-e-type=\"widget\" data-widget_type=\"image.default\">\n\t\t\t\t<div class=\"elementor-widget-container\">\n\t\t\t\t\t\t\t\t\t\t\t\t<figure class=\"wp-caption\">\n\t\t\t\t\t\t\t\t\t\t<img loading=\"lazy\" decoding=\"async\" width=\"768\" height=\"511\" src=\"https:\/\/www.elturistatranquil.com\/wp-content\/uploads\/F41-Barrio-de-la-Huerta-de-los-Frailes.-Conil-de-la-Frontera.jpg\" class=\"attachment-large size-large wp-image-37527\" alt=\"Barrio de la Huerta de los Frailes. Conil de la Frontera\" srcset=\"https:\/\/www.elturistatranquil.com\/wp-content\/uploads\/F41-Barrio-de-la-Huerta-de-los-Frailes.-Conil-de-la-Frontera.jpg 768w, https:\/\/www.elturistatranquil.com\/wp-content\/uploads\/F41-Barrio-de-la-Huerta-de-los-Frailes.-Conil-de-la-Frontera-339x226.jpg 339w\" sizes=\"(max-width: 768px) 100vw, 768px\" \/>\t\t\t\t\t\t\t\t\t\t\t<figcaption class=\"widget-image-caption wp-caption-text\"><\/figcaption>\n\t\t\t\t\t\t\t\t\t\t<\/figure>\n\t\t\t\t\t\t\t\t\t<\/div>\n\t\t\t\t<\/div>\n\t\t\t\t<div class=\"elementor-element elementor-element-8d2f4e9 elementor-widget elementor-widget-image\" data-id=\"8d2f4e9\" data-element_type=\"widget\" data-e-type=\"widget\" data-widget_type=\"image.default\">\n\t\t\t\t<div class=\"elementor-widget-container\">\n\t\t\t\t\t\t\t\t\t\t\t\t<figure class=\"wp-caption\">\n\t\t\t\t\t\t\t\t\t\t<img loading=\"lazy\" decoding=\"async\" width=\"768\" height=\"512\" src=\"https:\/\/www.elturistatranquil.com\/wp-content\/uploads\/F42-Barrio-de-la-Huerta-de-los-Frailes.-Conil-de-la-Frontera.jpg\" class=\"attachment-large size-large wp-image-37529\" alt=\"Barrio de la Huerta de los Frailes. Conil de la Frontera\" srcset=\"https:\/\/www.elturistatranquil.com\/wp-content\/uploads\/F42-Barrio-de-la-Huerta-de-los-Frailes.-Conil-de-la-Frontera.jpg 768w, https:\/\/www.elturistatranquil.com\/wp-content\/uploads\/F42-Barrio-de-la-Huerta-de-los-Frailes.-Conil-de-la-Frontera-339x226.jpg 339w\" sizes=\"(max-width: 768px) 100vw, 768px\" \/>\t\t\t\t\t\t\t\t\t\t\t<figcaption class=\"widget-image-caption wp-caption-text\"><\/figcaption>\n\t\t\t\t\t\t\t\t\t\t<\/figure>\n\t\t\t\t\t\t\t\t\t<\/div>\n\t\t\t\t<\/div>\n\t\t\t\t<div class=\"elementor-element elementor-element-37055c5 elementor-widget elementor-widget-image\" data-id=\"37055c5\" data-element_type=\"widget\" data-e-type=\"widget\" data-widget_type=\"image.default\">\n\t\t\t\t<div class=\"elementor-widget-container\">\n\t\t\t\t\t\t\t\t\t\t\t\t<figure class=\"wp-caption\">\n\t\t\t\t\t\t\t\t\t\t<img loading=\"lazy\" decoding=\"async\" width=\"768\" height=\"511\" src=\"https:\/\/www.elturistatranquil.com\/wp-content\/uploads\/F43-Barrio-de-la-Huerta-de-los-Frailes.-Conil-de-la-Frontera.jpg\" class=\"attachment-large size-large wp-image-37531\" alt=\"Barrio de la Huerta de los Frailes. Conil de la Frontera\" srcset=\"https:\/\/www.elturistatranquil.com\/wp-content\/uploads\/F43-Barrio-de-la-Huerta-de-los-Frailes.-Conil-de-la-Frontera.jpg 768w, https:\/\/www.elturistatranquil.com\/wp-content\/uploads\/F43-Barrio-de-la-Huerta-de-los-Frailes.-Conil-de-la-Frontera-339x226.jpg 339w\" sizes=\"(max-width: 768px) 100vw, 768px\" \/>\t\t\t\t\t\t\t\t\t\t\t<figcaption class=\"widget-image-caption wp-caption-text\"><\/figcaption>\n\t\t\t\t\t\t\t\t\t\t<\/figure>\n\t\t\t\t\t\t\t\t\t<\/div>\n\t\t\t\t<\/div>\n\t\t\t\t<div class=\"elementor-element elementor-element-a2a7d94 elementor-widget elementor-widget-menu-anchor\" data-id=\"a2a7d94\" data-element_type=\"widget\" data-e-type=\"widget\" data-widget_type=\"menu-anchor.default\">\n\t\t\t\t<div class=\"elementor-widget-container\">\n\t\t\t\t\t\t\t<div class=\"elementor-menu-anchor\" id=\"c7008\"><\/div>\n\t\t\t\t\t\t<\/div>\n\t\t\t\t<\/div>\n\t\t\t\t<section class=\"elementor-section elementor-inner-section elementor-element elementor-element-5007e5f elementor-section-boxed elementor-section-height-default elementor-section-height-default\" data-id=\"5007e5f\" data-element_type=\"section\" data-e-type=\"section\">\n\t\t\t\t\t\t<div class=\"elementor-container elementor-column-gap-default\">\n\t\t\t\t\t<div class=\"elementor-column elementor-col-50 elementor-inner-column elementor-element elementor-element-022d6b6\" data-id=\"022d6b6\" data-element_type=\"column\" data-e-type=\"column\">\n\t\t\t<div class=\"elementor-widget-wrap elementor-element-populated\">\n\t\t\t\t\t\t<div class=\"elementor-element elementor-element-245fa79 elementor-widget elementor-widget-image\" data-id=\"245fa79\" data-element_type=\"widget\" data-e-type=\"widget\" data-widget_type=\"image.default\">\n\t\t\t\t<div class=\"elementor-widget-container\">\n\t\t\t\t\t\t\t\t\t\t\t\t\t\t\t<img loading=\"lazy\" decoding=\"async\" width=\"380\" height=\"380\" src=\"https:\/\/www.elturistatranquil.com\/wp-content\/uploads\/F44m-Barrio-de-la-Huerta-de-los-Frailes.-Conil-de-la-Frontera.jpg\" class=\"attachment-large size-large wp-image-37533\" alt=\"Barrio de la Huerta de los Frailes. Conil de la Frontera\" srcset=\"https:\/\/www.elturistatranquil.com\/wp-content\/uploads\/F44m-Barrio-de-la-Huerta-de-los-Frailes.-Conil-de-la-Frontera.jpg 380w, https:\/\/www.elturistatranquil.com\/wp-content\/uploads\/F44m-Barrio-de-la-Huerta-de-los-Frailes.-Conil-de-la-Frontera-226x226.jpg 226w\" sizes=\"(max-width: 380px) 100vw, 380px\" \/>\t\t\t\t\t\t\t\t\t\t\t\t\t\t\t<\/div>\n\t\t\t\t<\/div>\n\t\t\t\t\t<\/div>\n\t\t<\/div>\n\t\t\t\t<div class=\"elementor-column elementor-col-50 elementor-inner-column elementor-element elementor-element-ea2fa37\" data-id=\"ea2fa37\" data-element_type=\"column\" data-e-type=\"column\">\n\t\t\t<div class=\"elementor-widget-wrap elementor-element-populated\">\n\t\t\t\t\t\t<div class=\"elementor-element elementor-element-c835fe0 elementor-widget elementor-widget-image\" data-id=\"c835fe0\" data-element_type=\"widget\" data-e-type=\"widget\" data-widget_type=\"image.default\">\n\t\t\t\t<div class=\"elementor-widget-container\">\n\t\t\t\t\t\t\t\t\t\t\t\t\t\t\t<img loading=\"lazy\" decoding=\"async\" width=\"380\" height=\"380\" src=\"https:\/\/www.elturistatranquil.com\/wp-content\/uploads\/F44n-Barrio-de-la-Huerta-de-los-Frailes.-Conil-de-la-Frontera.jpg\" class=\"attachment-large size-large wp-image-37535\" alt=\"Barrio de la Huerta de los Frailes. Conil de la Frontera\" srcset=\"https:\/\/www.elturistatranquil.com\/wp-content\/uploads\/F44n-Barrio-de-la-Huerta-de-los-Frailes.-Conil-de-la-Frontera.jpg 380w, https:\/\/www.elturistatranquil.com\/wp-content\/uploads\/F44n-Barrio-de-la-Huerta-de-los-Frailes.-Conil-de-la-Frontera-226x226.jpg 226w\" sizes=\"(max-width: 380px) 100vw, 380px\" \/>\t\t\t\t\t\t\t\t\t\t\t\t\t\t\t<\/div>\n\t\t\t\t<\/div>\n\t\t\t\t\t<\/div>\n\t\t<\/div>\n\t\t\t\t\t<\/div>\n\t\t<\/section>\n\t\t\t\t<div class=\"elementor-element elementor-element-1d58222 elementor-widget elementor-widget-heading\" data-id=\"1d58222\" data-element_type=\"widget\" data-e-type=\"widget\" data-widget_type=\"heading.default\">\n\t\t\t\t<div class=\"elementor-widget-container\">\n\t\t\t\t\t<h3 class=\"elementor-heading-title elementor-size-default\">Arc del Portillo, Barri de las Flores i Pla\u00e7a del Mol\u00ed<\/h3>\t\t\t\t<\/div>\n\t\t\t\t<\/div>\n\t\t\t\t<div class=\"elementor-element elementor-element-0f5de4a elementor-widget elementor-widget-text-editor\" data-id=\"0f5de4a\" data-element_type=\"widget\" data-e-type=\"widget\" data-widget_type=\"text-editor.default\">\n\t\t\t\t<div class=\"elementor-widget-container\">\n\t\t\t\t\t\t\t\t\t<p>Entre els n\u00fameros 2 i 4 del <strong>carrer Extramuros<\/strong> s&#8217;obre un carrer\u00f3 amb un petit arc, l&#8217;<strong>Arc del Portillo<\/strong> (<strong>8<\/strong>), que corresponia a la porta del costat nord de la muralla, <strong>Porta del Mosc\u00f3n<\/strong>. Situa el lloc per on passava la muralla en aquest punt.<\/p>\t\t\t\t\t\t\t\t<\/div>\n\t\t\t\t<\/div>\n\t\t\t\t<div class=\"elementor-element elementor-element-0716a78 elementor-widget elementor-widget-image\" data-id=\"0716a78\" data-element_type=\"widget\" data-e-type=\"widget\" data-widget_type=\"image.default\">\n\t\t\t\t<div class=\"elementor-widget-container\">\n\t\t\t\t\t\t\t\t\t\t\t\t<figure class=\"wp-caption\">\n\t\t\t\t\t\t\t\t\t\t<img loading=\"lazy\" decoding=\"async\" width=\"367\" height=\"550\" src=\"https:\/\/www.elturistatranquil.com\/wp-content\/uploads\/F45-Arco-del-Portillon.-Conil-de-la-Frontera.jpg\" class=\"attachment-large size-large wp-image-37537\" alt=\"Arco del Portillon. Conil de la Frontera\" srcset=\"https:\/\/www.elturistatranquil.com\/wp-content\/uploads\/F45-Arco-del-Portillon.-Conil-de-la-Frontera.jpg 367w, https:\/\/www.elturistatranquil.com\/wp-content\/uploads\/F45-Arco-del-Portillon.-Conil-de-la-Frontera-151x226.jpg 151w\" sizes=\"(max-width: 367px) 100vw, 367px\" \/>\t\t\t\t\t\t\t\t\t\t\t<figcaption class=\"widget-image-caption wp-caption-text\"><\/figcaption>\n\t\t\t\t\t\t\t\t\t\t<\/figure>\n\t\t\t\t\t\t\t\t\t<\/div>\n\t\t\t\t<\/div>\n\t\t\t\t<div class=\"elementor-element elementor-element-adee72e elementor-widget elementor-widget-heading\" data-id=\"adee72e\" data-element_type=\"widget\" data-e-type=\"widget\" data-widget_type=\"heading.default\">\n\t\t\t\t<div class=\"elementor-widget-container\">\n\t\t\t\t\t<h4 class=\"elementor-heading-title elementor-size-default\">Barri de las Flores<\/h4>\t\t\t\t<\/div>\n\t\t\t\t<\/div>\n\t\t\t\t<div class=\"elementor-element elementor-element-9b2cfcf elementor-widget elementor-widget-text-editor\" data-id=\"9b2cfcf\" data-element_type=\"widget\" data-e-type=\"widget\" data-widget_type=\"text-editor.default\">\n\t\t\t\t<div class=\"elementor-widget-container\">\n\t\t\t\t\t\t\t\t\t<p>Al voltant del carrer que portava al Mol\u00ed de Vent des del carrer Chiclana es va configurar el <strong>Barri de las Flores<\/strong> o <strong>Barri del Mol\u00ed de Vent<\/strong> (<strong>9<\/strong>). Constitueix un altre dels barris que van cr\u00e9ixer de forma espont\u00e0nia extramurs, amb tra\u00e7at irregular i laber\u00edntic.<\/p><p>Per dotar de personalitat el barri, tots els carrers han estat anomenats amb el nom d&#8217;una flor.<\/p><p>Persisteix la perfecta blancor de les seves cases, d&#8217;una o dues altures, amb terrat pla, i la profusi\u00f3 d&#8217;antenes de TV, dip\u00f2sits d&#8217;aigua i roba estesa, que caracteritza Conil.<\/p>\t\t\t\t\t\t\t\t<\/div>\n\t\t\t\t<\/div>\n\t\t\t\t<div class=\"elementor-element elementor-element-9335a74 elementor-widget elementor-widget-image\" data-id=\"9335a74\" data-element_type=\"widget\" data-e-type=\"widget\" data-widget_type=\"image.default\">\n\t\t\t\t<div class=\"elementor-widget-container\">\n\t\t\t\t\t\t\t\t\t\t\t\t<figure class=\"wp-caption\">\n\t\t\t\t\t\t\t\t\t\t<img loading=\"lazy\" decoding=\"async\" width=\"768\" height=\"512\" src=\"https:\/\/www.elturistatranquil.com\/wp-content\/uploads\/F46-Barrio-de-las-Flores.-Conil-de-la-Frontera.jpg\" class=\"attachment-large size-large wp-image-37539\" alt=\"Barrio de las Flores. Conil de la Frontera\" srcset=\"https:\/\/www.elturistatranquil.com\/wp-content\/uploads\/F46-Barrio-de-las-Flores.-Conil-de-la-Frontera.jpg 768w, https:\/\/www.elturistatranquil.com\/wp-content\/uploads\/F46-Barrio-de-las-Flores.-Conil-de-la-Frontera-339x226.jpg 339w\" sizes=\"(max-width: 768px) 100vw, 768px\" \/>\t\t\t\t\t\t\t\t\t\t\t<figcaption class=\"widget-image-caption wp-caption-text\"><\/figcaption>\n\t\t\t\t\t\t\t\t\t\t<\/figure>\n\t\t\t\t\t\t\t\t\t<\/div>\n\t\t\t\t<\/div>\n\t\t\t\t<div class=\"elementor-element elementor-element-b5c1f23 elementor-widget elementor-widget-image\" data-id=\"b5c1f23\" data-element_type=\"widget\" data-e-type=\"widget\" data-widget_type=\"image.default\">\n\t\t\t\t<div class=\"elementor-widget-container\">\n\t\t\t\t\t\t\t\t\t\t\t\t<figure class=\"wp-caption\">\n\t\t\t\t\t\t\t\t\t\t<img loading=\"lazy\" decoding=\"async\" width=\"768\" height=\"511\" src=\"https:\/\/www.elturistatranquil.com\/wp-content\/uploads\/F47-Barrio-de-las-Flores.-Conil-de-la-Frontera.jpg\" class=\"attachment-large size-large wp-image-37541\" alt=\"Barrio de las Flores. Conil de la Frontera\" srcset=\"https:\/\/www.elturistatranquil.com\/wp-content\/uploads\/F47-Barrio-de-las-Flores.-Conil-de-la-Frontera.jpg 768w, https:\/\/www.elturistatranquil.com\/wp-content\/uploads\/F47-Barrio-de-las-Flores.-Conil-de-la-Frontera-339x226.jpg 339w\" sizes=\"(max-width: 768px) 100vw, 768px\" \/>\t\t\t\t\t\t\t\t\t\t\t<figcaption class=\"widget-image-caption wp-caption-text\"><\/figcaption>\n\t\t\t\t\t\t\t\t\t\t<\/figure>\n\t\t\t\t\t\t\t\t\t<\/div>\n\t\t\t\t<\/div>\n\t\t\t\t<div class=\"elementor-element elementor-element-d7207fb elementor-widget elementor-widget-image\" data-id=\"d7207fb\" data-element_type=\"widget\" data-e-type=\"widget\" data-widget_type=\"image.default\">\n\t\t\t\t<div class=\"elementor-widget-container\">\n\t\t\t\t\t\t\t\t\t\t\t\t<figure class=\"wp-caption\">\n\t\t\t\t\t\t\t\t\t\t<img loading=\"lazy\" decoding=\"async\" width=\"768\" height=\"511\" src=\"https:\/\/www.elturistatranquil.com\/wp-content\/uploads\/F48-Barrio-de-las-Flores.-Conil-de-la-Frontera.jpg\" class=\"attachment-large size-large wp-image-37543\" alt=\"Barrio de las Flores. Conil de la Frontera\" srcset=\"https:\/\/www.elturistatranquil.com\/wp-content\/uploads\/F48-Barrio-de-las-Flores.-Conil-de-la-Frontera.jpg 768w, https:\/\/www.elturistatranquil.com\/wp-content\/uploads\/F48-Barrio-de-las-Flores.-Conil-de-la-Frontera-339x226.jpg 339w\" sizes=\"(max-width: 768px) 100vw, 768px\" \/>\t\t\t\t\t\t\t\t\t\t\t<figcaption class=\"widget-image-caption wp-caption-text\"><\/figcaption>\n\t\t\t\t\t\t\t\t\t\t<\/figure>\n\t\t\t\t\t\t\t\t\t<\/div>\n\t\t\t\t<\/div>\n\t\t\t\t<div class=\"elementor-element elementor-element-4667dbe elementor-widget elementor-widget-image\" data-id=\"4667dbe\" data-element_type=\"widget\" data-e-type=\"widget\" data-widget_type=\"image.default\">\n\t\t\t\t<div class=\"elementor-widget-container\">\n\t\t\t\t\t\t\t\t\t\t\t\t<figure class=\"wp-caption\">\n\t\t\t\t\t\t\t\t\t\t<img loading=\"lazy\" decoding=\"async\" width=\"768\" height=\"512\" src=\"https:\/\/www.elturistatranquil.com\/wp-content\/uploads\/F49-Barrio-de-las-Flores.-Conil-de-la-Frontera.jpg\" class=\"attachment-large size-large wp-image-37545\" alt=\"Barrio de las Flores. Conil de la Frontera\" srcset=\"https:\/\/www.elturistatranquil.com\/wp-content\/uploads\/F49-Barrio-de-las-Flores.-Conil-de-la-Frontera.jpg 768w, https:\/\/www.elturistatranquil.com\/wp-content\/uploads\/F49-Barrio-de-las-Flores.-Conil-de-la-Frontera-339x226.jpg 339w\" sizes=\"(max-width: 768px) 100vw, 768px\" \/>\t\t\t\t\t\t\t\t\t\t\t<figcaption class=\"widget-image-caption wp-caption-text\"><\/figcaption>\n\t\t\t\t\t\t\t\t\t\t<\/figure>\n\t\t\t\t\t\t\t\t\t<\/div>\n\t\t\t\t<\/div>\n\t\t\t\t<div class=\"elementor-element elementor-element-2c5f047 elementor-widget elementor-widget-text-editor\" data-id=\"2c5f047\" data-element_type=\"widget\" data-e-type=\"widget\" data-widget_type=\"text-editor.default\">\n\t\t\t\t<div class=\"elementor-widget-container\">\n\t\t\t\t\t\t\t\t\t<p>L&#8217;antic <strong>Mol\u00ed de Vent<\/strong> (<strong>10<\/strong>) va ser constru\u00eft a comen\u00e7aments del segle XVIII. Era l&#8217;\u00fanic mol\u00ed de molta que existia a Conil, ja que el privilegi de moldre el blat per fer pa el tenia el Duc de Medina Sidonia, que obligava els conilenys a despla\u00e7ar-se a la Muela (Vejer) amb aquesta finalitat.<\/p><p>Al segle XIX, despr\u00e9s de desapar\u00e8ixer aquests privilegis, es van construir sis molins m\u00e9s al Tur\u00f3 dels Molins, dels quals nom\u00e9s en queden tres.<\/p><p>Per la seva situaci\u00f3, la pla\u00e7a que l&#8217;envolta actualment \u00e9s un magn\u00edfic mirador sobre Conil i el mar.<\/p>\t\t\t\t\t\t\t\t<\/div>\n\t\t\t\t<\/div>\n\t\t\t\t<div class=\"elementor-element elementor-element-a10a8cd elementor-widget elementor-widget-image\" data-id=\"a10a8cd\" data-element_type=\"widget\" data-e-type=\"widget\" data-widget_type=\"image.default\">\n\t\t\t\t<div class=\"elementor-widget-container\">\n\t\t\t\t\t\t\t\t\t\t\t\t<figure class=\"wp-caption\">\n\t\t\t\t\t\t\t\t\t\t<img loading=\"lazy\" decoding=\"async\" width=\"768\" height=\"511\" src=\"https:\/\/www.elturistatranquil.com\/wp-content\/uploads\/F50-Barrio-de-las-Flores.-Plaza-del-Molino-de-Viento.-Conil-de-la-Frontera.jpg\" class=\"attachment-large size-large wp-image-37547\" alt=\"Barrio de las Flores. Plaza del Molino de Viento. Conil de la Frontera\" srcset=\"https:\/\/www.elturistatranquil.com\/wp-content\/uploads\/F50-Barrio-de-las-Flores.-Plaza-del-Molino-de-Viento.-Conil-de-la-Frontera.jpg 768w, https:\/\/www.elturistatranquil.com\/wp-content\/uploads\/F50-Barrio-de-las-Flores.-Plaza-del-Molino-de-Viento.-Conil-de-la-Frontera-339x226.jpg 339w\" sizes=\"(max-width: 768px) 100vw, 768px\" \/>\t\t\t\t\t\t\t\t\t\t\t<figcaption class=\"widget-image-caption wp-caption-text\"><\/figcaption>\n\t\t\t\t\t\t\t\t\t\t<\/figure>\n\t\t\t\t\t\t\t\t\t<\/div>\n\t\t\t\t<\/div>\n\t\t\t\t<div class=\"elementor-element elementor-element-c09b9a0 elementor-widget elementor-widget-text-editor\" data-id=\"c09b9a0\" data-element_type=\"widget\" data-e-type=\"widget\" data-widget_type=\"text-editor.default\">\n\t\t\t\t<div class=\"elementor-widget-container\">\n\t\t\t\t\t\t\t\t\t<p>Nom\u00e9s resta el cos cil\u00edndric de pedra.<\/p>\t\t\t\t\t\t\t\t<\/div>\n\t\t\t\t<\/div>\n\t\t\t\t<div class=\"elementor-element elementor-element-005f601 elementor-widget elementor-widget-image\" data-id=\"005f601\" data-element_type=\"widget\" data-e-type=\"widget\" data-widget_type=\"image.default\">\n\t\t\t\t<div class=\"elementor-widget-container\">\n\t\t\t\t\t\t\t\t\t\t\t\t<figure class=\"wp-caption\">\n\t\t\t\t\t\t\t\t\t\t<img loading=\"lazy\" decoding=\"async\" width=\"768\" height=\"511\" src=\"https:\/\/www.elturistatranquil.com\/wp-content\/uploads\/F51-Plaza-del-Molino-de-Viento.-Conil-de-la-Frontera.jpg\" class=\"attachment-large size-large wp-image-37549\" alt=\"Plaza del Molino de Viento. Conil de la Frontera\" srcset=\"https:\/\/www.elturistatranquil.com\/wp-content\/uploads\/F51-Plaza-del-Molino-de-Viento.-Conil-de-la-Frontera.jpg 768w, https:\/\/www.elturistatranquil.com\/wp-content\/uploads\/F51-Plaza-del-Molino-de-Viento.-Conil-de-la-Frontera-339x226.jpg 339w\" sizes=\"(max-width: 768px) 100vw, 768px\" \/>\t\t\t\t\t\t\t\t\t\t\t<figcaption class=\"widget-image-caption wp-caption-text\"><\/figcaption>\n\t\t\t\t\t\t\t\t\t\t<\/figure>\n\t\t\t\t\t\t\t\t\t<\/div>\n\t\t\t\t<\/div>\n\t\t\t\t<div class=\"elementor-element elementor-element-f839da9 elementor-widget elementor-widget-image\" data-id=\"f839da9\" data-element_type=\"widget\" data-e-type=\"widget\" data-widget_type=\"image.default\">\n\t\t\t\t<div class=\"elementor-widget-container\">\n\t\t\t\t\t\t\t\t\t\t\t\t<figure class=\"wp-caption\">\n\t\t\t\t\t\t\t\t\t\t<img loading=\"lazy\" decoding=\"async\" width=\"768\" height=\"512\" src=\"https:\/\/www.elturistatranquil.com\/wp-content\/uploads\/F52-Molino-de-Viento.-Conil-de-la-Frontera.jpg\" class=\"attachment-large size-large wp-image-37551\" alt=\"Plaza del Molino de Viento. Conil de la Frontera\" srcset=\"https:\/\/www.elturistatranquil.com\/wp-content\/uploads\/F52-Molino-de-Viento.-Conil-de-la-Frontera.jpg 768w, https:\/\/www.elturistatranquil.com\/wp-content\/uploads\/F52-Molino-de-Viento.-Conil-de-la-Frontera-339x226.jpg 339w\" sizes=\"(max-width: 768px) 100vw, 768px\" \/>\t\t\t\t\t\t\t\t\t\t\t<figcaption class=\"widget-image-caption wp-caption-text\"><\/figcaption>\n\t\t\t\t\t\t\t\t\t\t<\/figure>\n\t\t\t\t\t\t\t\t\t<\/div>\n\t\t\t\t<\/div>\n\t\t\t\t<div class=\"elementor-element elementor-element-dffa974 elementor-widget elementor-widget-text-editor\" data-id=\"dffa974\" data-element_type=\"widget\" data-e-type=\"widget\" data-widget_type=\"text-editor.default\">\n\t\t\t\t<div class=\"elementor-widget-container\">\n\t\t\t\t\t\t\t\t\t<p>Com a decorat mariner de la pla\u00e7a, s&#8217;ha empla\u00e7at un vaixell de pescadors com a homenatge a l&#8217;ofici de la pesca.<\/p>\t\t\t\t\t\t\t\t<\/div>\n\t\t\t\t<\/div>\n\t\t\t\t<div class=\"elementor-element elementor-element-8350390 elementor-widget elementor-widget-image\" data-id=\"8350390\" data-element_type=\"widget\" data-e-type=\"widget\" data-widget_type=\"image.default\">\n\t\t\t\t<div class=\"elementor-widget-container\">\n\t\t\t\t\t\t\t\t\t\t\t\t<figure class=\"wp-caption\">\n\t\t\t\t\t\t\t\t\t\t<img loading=\"lazy\" decoding=\"async\" width=\"768\" height=\"512\" src=\"https:\/\/www.elturistatranquil.com\/wp-content\/uploads\/F53-Plaza-del-Molino-de-Viento.-Conil-de-la-Frontera.jpg\" class=\"attachment-large size-large wp-image-37553\" alt=\"Plaza del Molino de Viento. Conil de la Frontera\" srcset=\"https:\/\/www.elturistatranquil.com\/wp-content\/uploads\/F53-Plaza-del-Molino-de-Viento.-Conil-de-la-Frontera.jpg 768w, https:\/\/www.elturistatranquil.com\/wp-content\/uploads\/F53-Plaza-del-Molino-de-Viento.-Conil-de-la-Frontera-339x226.jpg 339w\" sizes=\"(max-width: 768px) 100vw, 768px\" \/>\t\t\t\t\t\t\t\t\t\t\t<figcaption class=\"widget-image-caption wp-caption-text\"><\/figcaption>\n\t\t\t\t\t\t\t\t\t\t<\/figure>\n\t\t\t\t\t\t\t\t\t<\/div>\n\t\t\t\t<\/div>\n\t\t\t\t<div class=\"elementor-element elementor-element-55f4016 elementor-widget elementor-widget-image\" data-id=\"55f4016\" data-element_type=\"widget\" data-e-type=\"widget\" data-widget_type=\"image.default\">\n\t\t\t\t<div class=\"elementor-widget-container\">\n\t\t\t\t\t\t\t\t\t\t\t\t<figure class=\"wp-caption\">\n\t\t\t\t\t\t\t\t\t\t<img loading=\"lazy\" decoding=\"async\" width=\"768\" height=\"511\" src=\"https:\/\/www.elturistatranquil.com\/wp-content\/uploads\/F54-Plaza-del-Molino-de-Viento-Mirador.-Conil-de-la-Frontera.jpg\" class=\"attachment-large size-large wp-image-37555\" alt=\"Plaza del Molino de Viento. Conil de la Frontera\" srcset=\"https:\/\/www.elturistatranquil.com\/wp-content\/uploads\/F54-Plaza-del-Molino-de-Viento-Mirador.-Conil-de-la-Frontera.jpg 768w, https:\/\/www.elturistatranquil.com\/wp-content\/uploads\/F54-Plaza-del-Molino-de-Viento-Mirador.-Conil-de-la-Frontera-339x226.jpg 339w\" sizes=\"(max-width: 768px) 100vw, 768px\" \/>\t\t\t\t\t\t\t\t\t\t\t<figcaption class=\"widget-image-caption wp-caption-text\"><\/figcaption>\n\t\t\t\t\t\t\t\t\t\t<\/figure>\n\t\t\t\t\t\t\t\t\t<\/div>\n\t\t\t\t<\/div>\n\t\t\t\t<div class=\"elementor-element elementor-element-839d33c elementor-widget elementor-widget-menu-anchor\" data-id=\"839d33c\" data-element_type=\"widget\" data-e-type=\"widget\" data-widget_type=\"menu-anchor.default\">\n\t\t\t\t<div class=\"elementor-widget-container\">\n\t\t\t\t\t\t\t<div class=\"elementor-menu-anchor\" id=\"c7009\"><\/div>\n\t\t\t\t\t\t<\/div>\n\t\t\t\t<\/div>\n\t\t\t\t<div class=\"elementor-element elementor-element-87bbbf2 elementor-widget elementor-widget-image\" data-id=\"87bbbf2\" data-element_type=\"widget\" data-e-type=\"widget\" data-widget_type=\"image.default\">\n\t\t\t\t<div class=\"elementor-widget-container\">\n\t\t\t\t\t\t\t\t\t\t\t\t<figure class=\"wp-caption\">\n\t\t\t\t\t\t\t\t\t\t<img loading=\"lazy\" decoding=\"async\" width=\"768\" height=\"512\" src=\"https:\/\/www.elturistatranquil.com\/wp-content\/uploads\/F55-Plaza-del-Molino-de-Viento-Mirador.-Conil-de-la-Frontera.jpg\" class=\"attachment-large size-large wp-image-37557\" alt=\"Plaza del Molino de Viento-Mirador. Conil de la Frontera\" srcset=\"https:\/\/www.elturistatranquil.com\/wp-content\/uploads\/F55-Plaza-del-Molino-de-Viento-Mirador.-Conil-de-la-Frontera.jpg 768w, https:\/\/www.elturistatranquil.com\/wp-content\/uploads\/F55-Plaza-del-Molino-de-Viento-Mirador.-Conil-de-la-Frontera-339x226.jpg 339w\" sizes=\"(max-width: 768px) 100vw, 768px\" \/>\t\t\t\t\t\t\t\t\t\t\t<figcaption class=\"widget-image-caption wp-caption-text\"><\/figcaption>\n\t\t\t\t\t\t\t\t\t\t<\/figure>\n\t\t\t\t\t\t\t\t\t<\/div>\n\t\t\t\t<\/div>\n\t\t\t\t<div class=\"elementor-element elementor-element-77ea9d3 elementor-widget elementor-widget-heading\" data-id=\"77ea9d3\" data-element_type=\"widget\" data-e-type=\"widget\" data-widget_type=\"heading.default\">\n\t\t\t\t<div class=\"elementor-widget-container\">\n\t\t\t\t\t<h3 class=\"elementor-heading-title elementor-size-default\">Pla\u00e7a de Santa Catalina<\/h3>\t\t\t\t<\/div>\n\t\t\t\t<\/div>\n\t\t\t\t<div class=\"elementor-element elementor-element-0bb7011 elementor-widget elementor-widget-text-editor\" data-id=\"0bb7011\" data-element_type=\"widget\" data-e-type=\"widget\" data-widget_type=\"text-editor.default\">\n\t\t\t\t<div class=\"elementor-widget-container\">\n\t\t\t\t\t\t\t\t\t<p>A la <strong>pla\u00e7a de Santa Catalina<\/strong> i al seu entorn es reuneix una part important de l&#8217;oferta patrimonial i cultural de Conil, alhora que concentra l&#8217;oferta comercial, de restauraci\u00f3 i de lleure destinada al turisme.<\/p>\t\t\t\t\t\t\t\t<\/div>\n\t\t\t\t<\/div>\n\t\t\t\t<div class=\"elementor-element elementor-element-0e0d8ac elementor-widget elementor-widget-heading\" data-id=\"0e0d8ac\" data-element_type=\"widget\" data-e-type=\"widget\" data-widget_type=\"heading.default\">\n\t\t\t\t<div class=\"elementor-widget-container\">\n\t\t\t\t\t<h4 class=\"elementor-heading-title elementor-size-default\">Torre de Guzm\u00e1n\/Castell<\/h4>\t\t\t\t<\/div>\n\t\t\t\t<\/div>\n\t\t\t\t<div class=\"elementor-element elementor-element-7be6fe6 elementor-widget elementor-widget-text-editor\" data-id=\"7be6fe6\" data-element_type=\"widget\" data-e-type=\"widget\" data-widget_type=\"text-editor.default\">\n\t\t\t\t<div class=\"elementor-widget-container\">\n\t\t\t\t\t\t\t\t\t<p><em>B\u00e9 d\u2019Inter\u00e8s Cultural<\/em> des de 1949.<\/p><p>Com ja he assenyalat, l&#8217;origen del Conil actual es deu al desenvolupament urb\u00e0 al voltant de la fortificaci\u00f3 que es va originar a partir de la conquesta cristiana el 1294, per la concessi\u00f3 del rei Sancho IV de Castella al senyor Alonso P\u00e9rez de Guzm\u00e1n .<\/p><p>Del recinte del castell pr\u00e0cticament nom\u00e9s hi roman la <strong>Torre de Guzm\u00e1n<\/strong> (<strong>11<\/strong>). El castell tenia unes dimensions redu\u00efdes de 2.000 m<sup>2<\/sup> i planta poligonal.<\/p><p>La torre estava situada al bell mig del pati d&#8217;armes. T\u00e9 unes dimensions de 18 metre d&#8217;al\u00e7ada i planta quadrada de 7,5 metres i constru\u00efda amb pedra ostionera i carreus als quatre angles.<\/p>\t\t\t\t\t\t\t\t<\/div>\n\t\t\t\t<\/div>\n\t\t\t\t<div class=\"elementor-element elementor-element-188cacb elementor-widget elementor-widget-image\" data-id=\"188cacb\" data-element_type=\"widget\" data-e-type=\"widget\" data-widget_type=\"image.default\">\n\t\t\t\t<div class=\"elementor-widget-container\">\n\t\t\t\t\t\t\t\t\t\t\t\t<figure class=\"wp-caption\">\n\t\t\t\t\t\t\t\t\t\t<img loading=\"lazy\" decoding=\"async\" width=\"768\" height=\"512\" src=\"https:\/\/www.elturistatranquil.com\/wp-content\/uploads\/F56-Castillo-y-Torre-de-Guzman.-Siglo-XIV.-Conil-de-la-Frontera.jpg\" class=\"attachment-large size-large wp-image-37559\" alt=\"Castillo y Torre de Guzm\u00e1n. Siglo XIV. Conil de la Frontera\" srcset=\"https:\/\/www.elturistatranquil.com\/wp-content\/uploads\/F56-Castillo-y-Torre-de-Guzman.-Siglo-XIV.-Conil-de-la-Frontera.jpg 768w, https:\/\/www.elturistatranquil.com\/wp-content\/uploads\/F56-Castillo-y-Torre-de-Guzman.-Siglo-XIV.-Conil-de-la-Frontera-339x226.jpg 339w\" sizes=\"(max-width: 768px) 100vw, 768px\" \/>\t\t\t\t\t\t\t\t\t\t\t<figcaption class=\"widget-image-caption wp-caption-text\">Castell i Torre de Guzm\u00e1n. Segle XIV<\/figcaption>\n\t\t\t\t\t\t\t\t\t\t<\/figure>\n\t\t\t\t\t\t\t\t\t<\/div>\n\t\t\t\t<\/div>\n\t\t\t\t<div class=\"elementor-element elementor-element-628cd57 elementor-widget elementor-widget-image\" data-id=\"628cd57\" data-element_type=\"widget\" data-e-type=\"widget\" data-widget_type=\"image.default\">\n\t\t\t\t<div class=\"elementor-widget-container\">\n\t\t\t\t\t\t\t\t\t\t\t\t<figure class=\"wp-caption\">\n\t\t\t\t\t\t\t\t\t\t<img loading=\"lazy\" decoding=\"async\" width=\"768\" height=\"511\" src=\"https:\/\/www.elturistatranquil.com\/wp-content\/uploads\/F57a-Torre-de-Guzman.-Conil-de-la-Frontera.jpg\" class=\"attachment-large size-large wp-image-37561\" alt=\"Torre de Guzm\u00e1n. Conil de la Frontera\" srcset=\"https:\/\/www.elturistatranquil.com\/wp-content\/uploads\/F57a-Torre-de-Guzman.-Conil-de-la-Frontera.jpg 768w, https:\/\/www.elturistatranquil.com\/wp-content\/uploads\/F57a-Torre-de-Guzman.-Conil-de-la-Frontera-339x226.jpg 339w\" sizes=\"(max-width: 768px) 100vw, 768px\" \/>\t\t\t\t\t\t\t\t\t\t\t<figcaption class=\"widget-image-caption wp-caption-text\"><\/figcaption>\n\t\t\t\t\t\t\t\t\t\t<\/figure>\n\t\t\t\t\t\t\t\t\t<\/div>\n\t\t\t\t<\/div>\n\t\t\t\t<div class=\"elementor-element elementor-element-5924f9b elementor-widget elementor-widget-image\" data-id=\"5924f9b\" data-element_type=\"widget\" data-e-type=\"widget\" data-widget_type=\"image.default\">\n\t\t\t\t<div class=\"elementor-widget-container\">\n\t\t\t\t\t\t\t\t\t\t\t\t<figure class=\"wp-caption\">\n\t\t\t\t\t\t\t\t\t\t<img loading=\"lazy\" decoding=\"async\" width=\"768\" height=\"512\" src=\"https:\/\/www.elturistatranquil.com\/wp-content\/uploads\/F57b-Torre-de-Guzman-y-castillo-de-Conil-de-la-Frontera-Google-earth-2021-10-15.jpg\" class=\"attachment-large size-large wp-image-37563\" alt=\"Torre de Guzman y castillo de Conil de la Frontera Google-earth-2021-10-15)\" srcset=\"https:\/\/www.elturistatranquil.com\/wp-content\/uploads\/F57b-Torre-de-Guzman-y-castillo-de-Conil-de-la-Frontera-Google-earth-2021-10-15.jpg 768w, https:\/\/www.elturistatranquil.com\/wp-content\/uploads\/F57b-Torre-de-Guzman-y-castillo-de-Conil-de-la-Frontera-Google-earth-2021-10-15-339x226.jpg 339w\" sizes=\"(max-width: 768px) 100vw, 768px\" \/>\t\t\t\t\t\t\t\t\t\t\t<figcaption class=\"widget-image-caption wp-caption-text\">\u00c0mbit que ocupava la Torre de Guzm\u00e1n i el castell de Conil de la Frontera (Google earth 2021-10-15)<\/figcaption>\n\t\t\t\t\t\t\t\t\t\t<\/figure>\n\t\t\t\t\t\t\t\t\t<\/div>\n\t\t\t\t<\/div>\n\t\t\t\t<div class=\"elementor-element elementor-element-60fb142 elementor-widget elementor-widget-heading\" data-id=\"60fb142\" data-element_type=\"widget\" data-e-type=\"widget\" data-widget_type=\"heading.default\">\n\t\t\t\t<div class=\"elementor-widget-container\">\n\t\t\t\t\t<h4 class=\"elementor-heading-title elementor-size-default\">Museu de Ra\u00edces Conile\u00f1as<\/h4>\t\t\t\t<\/div>\n\t\t\t\t<\/div>\n\t\t\t\t<div class=\"elementor-element elementor-element-7fcdbc3 elementor-widget elementor-widget-text-editor\" data-id=\"7fcdbc3\" data-element_type=\"widget\" data-e-type=\"widget\" data-widget_type=\"text-editor.default\">\n\t\t\t\t<div class=\"elementor-widget-container\">\n\t\t\t\t\t\t\t\t\t<p>Una de les depend\u00e8ncies reconstru\u00efdes del castell de Conil s&#8217;ha habilitat com a <strong>Museu <\/strong><strong>de Ra\u00edces Conile\u00f1as<\/strong> (<strong>12<\/strong>) des de 1982. Es tracta d&#8217;un museu etnogr\u00e0fic fundat per un grup d&#8217;amics de Conil que van crear l&#8217;Associaci\u00f3 &#8220;Ra\u00edces Conile\u00f1as, amb l&#8217;objectiu de conservar protegir i difondre la hist\u00f2ria, les tradicions i la cultura de la nostra localitat, compost per unes 500 peces.<\/p><p>El Museu es divideix en quatre sales: la primera dedicada a les eines del mar i del camp. Les altres tres simulen una casa de finals del segle XIX i principis del segle XX d\u2019una fam\u00edlia de classe mitjana acomodada i reflecteixen la forma de vida i els utensilis utilitzats comunament en aquesta \u00e8poca.<\/p>\t\t\t\t\t\t\t\t<\/div>\n\t\t\t\t<\/div>\n\t\t\t\t<div class=\"elementor-element elementor-element-85af2c7 elementor-widget elementor-widget-image\" data-id=\"85af2c7\" data-element_type=\"widget\" data-e-type=\"widget\" data-widget_type=\"image.default\">\n\t\t\t\t<div class=\"elementor-widget-container\">\n\t\t\t\t\t\t\t\t\t\t\t\t<figure class=\"wp-caption\">\n\t\t\t\t\t\t\t\t\t\t<img loading=\"lazy\" decoding=\"async\" width=\"768\" height=\"512\" src=\"https:\/\/www.elturistatranquil.com\/wp-content\/uploads\/F58-Museo-de-Raices-Conilenas.-Conil-de-la-Frontera.jpg\" class=\"attachment-large size-large wp-image-37568\" alt=\"Museo de Raices Conile\u00f1as. Conil de la Frontera\" srcset=\"https:\/\/www.elturistatranquil.com\/wp-content\/uploads\/F58-Museo-de-Raices-Conilenas.-Conil-de-la-Frontera.jpg 768w, https:\/\/www.elturistatranquil.com\/wp-content\/uploads\/F58-Museo-de-Raices-Conilenas.-Conil-de-la-Frontera-339x226.jpg 339w\" sizes=\"(max-width: 768px) 100vw, 768px\" \/>\t\t\t\t\t\t\t\t\t\t\t<figcaption class=\"widget-image-caption wp-caption-text\"><\/figcaption>\n\t\t\t\t\t\t\t\t\t\t<\/figure>\n\t\t\t\t\t\t\t\t\t<\/div>\n\t\t\t\t<\/div>\n\t\t\t\t<div class=\"elementor-element elementor-element-f8f13c2 elementor-widget elementor-widget-image\" data-id=\"f8f13c2\" data-element_type=\"widget\" data-e-type=\"widget\" data-widget_type=\"image.default\">\n\t\t\t\t<div class=\"elementor-widget-container\">\n\t\t\t\t\t\t\t\t\t\t\t\t<figure class=\"wp-caption\">\n\t\t\t\t\t\t\t\t\t\t<img loading=\"lazy\" decoding=\"async\" width=\"768\" height=\"512\" src=\"https:\/\/www.elturistatranquil.com\/wp-content\/uploads\/F59-Museo-de-Raices-Conilenas.-Conil-de-la-Frontera.jpg\" class=\"attachment-large size-large wp-image-37570\" alt=\"Museo de Raices Conile\u00f1as. Conil de la Frontera\" srcset=\"https:\/\/www.elturistatranquil.com\/wp-content\/uploads\/F59-Museo-de-Raices-Conilenas.-Conil-de-la-Frontera.jpg 768w, https:\/\/www.elturistatranquil.com\/wp-content\/uploads\/F59-Museo-de-Raices-Conilenas.-Conil-de-la-Frontera-339x226.jpg 339w\" sizes=\"(max-width: 768px) 100vw, 768px\" \/>\t\t\t\t\t\t\t\t\t\t\t<figcaption class=\"widget-image-caption wp-caption-text\"><\/figcaption>\n\t\t\t\t\t\t\t\t\t\t<\/figure>\n\t\t\t\t\t\t\t\t\t<\/div>\n\t\t\t\t<\/div>\n\t\t\t\t<div class=\"elementor-element elementor-element-e0f28bd elementor-widget elementor-widget-image\" data-id=\"e0f28bd\" data-element_type=\"widget\" data-e-type=\"widget\" data-widget_type=\"image.default\">\n\t\t\t\t<div class=\"elementor-widget-container\">\n\t\t\t\t\t\t\t\t\t\t\t\t<figure class=\"wp-caption\">\n\t\t\t\t\t\t\t\t\t\t<img loading=\"lazy\" decoding=\"async\" width=\"768\" height=\"512\" src=\"https:\/\/www.elturistatranquil.com\/wp-content\/uploads\/F60-Museo-de-Raices-Conilenas.-Conil-de-la-Frontera.jpg\" class=\"attachment-large size-large wp-image-37572\" alt=\"Museo de Raices Conile\u00f1as. Conil de la Frontera\" srcset=\"https:\/\/www.elturistatranquil.com\/wp-content\/uploads\/F60-Museo-de-Raices-Conilenas.-Conil-de-la-Frontera.jpg 768w, https:\/\/www.elturistatranquil.com\/wp-content\/uploads\/F60-Museo-de-Raices-Conilenas.-Conil-de-la-Frontera-339x226.jpg 339w\" sizes=\"(max-width: 768px) 100vw, 768px\" \/>\t\t\t\t\t\t\t\t\t\t\t<figcaption class=\"widget-image-caption wp-caption-text\"><\/figcaption>\n\t\t\t\t\t\t\t\t\t\t<\/figure>\n\t\t\t\t\t\t\t\t\t<\/div>\n\t\t\t\t<\/div>\n\t\t\t\t<div class=\"elementor-element elementor-element-a93af7b elementor-widget elementor-widget-image\" data-id=\"a93af7b\" data-element_type=\"widget\" data-e-type=\"widget\" data-widget_type=\"image.default\">\n\t\t\t\t<div class=\"elementor-widget-container\">\n\t\t\t\t\t\t\t\t\t\t\t\t<figure class=\"wp-caption\">\n\t\t\t\t\t\t\t\t\t\t<img loading=\"lazy\" decoding=\"async\" width=\"768\" height=\"512\" src=\"https:\/\/www.elturistatranquil.com\/wp-content\/uploads\/F61-Museo-de-Raices-Conilenas.-Conil-de-la-Frontera.jpg\" class=\"attachment-large size-large wp-image-37574\" alt=\"Museo de Raices Conile\u00f1as. Conil de la Frontera\" srcset=\"https:\/\/www.elturistatranquil.com\/wp-content\/uploads\/F61-Museo-de-Raices-Conilenas.-Conil-de-la-Frontera.jpg 768w, https:\/\/www.elturistatranquil.com\/wp-content\/uploads\/F61-Museo-de-Raices-Conilenas.-Conil-de-la-Frontera-339x226.jpg 339w\" sizes=\"(max-width: 768px) 100vw, 768px\" \/>\t\t\t\t\t\t\t\t\t\t\t<figcaption class=\"widget-image-caption wp-caption-text\"><\/figcaption>\n\t\t\t\t\t\t\t\t\t\t<\/figure>\n\t\t\t\t\t\t\t\t\t<\/div>\n\t\t\t\t<\/div>\n\t\t\t\t<div class=\"elementor-element elementor-element-655207f elementor-widget elementor-widget-image\" data-id=\"655207f\" data-element_type=\"widget\" data-e-type=\"widget\" data-widget_type=\"image.default\">\n\t\t\t\t<div class=\"elementor-widget-container\">\n\t\t\t\t\t\t\t\t\t\t\t\t<figure class=\"wp-caption\">\n\t\t\t\t\t\t\t\t\t\t<img loading=\"lazy\" decoding=\"async\" width=\"768\" height=\"512\" src=\"https:\/\/www.elturistatranquil.com\/wp-content\/uploads\/F62-Museo-de-Raices-Conilenas.-Conil-de-la-Frontera.jpg\" class=\"attachment-large size-large wp-image-37580\" alt=\"Museo de Raices Conile\u00f1as. Conil de la Frontera\" srcset=\"https:\/\/www.elturistatranquil.com\/wp-content\/uploads\/F62-Museo-de-Raices-Conilenas.-Conil-de-la-Frontera.jpg 768w, https:\/\/www.elturistatranquil.com\/wp-content\/uploads\/F62-Museo-de-Raices-Conilenas.-Conil-de-la-Frontera-339x226.jpg 339w\" sizes=\"(max-width: 768px) 100vw, 768px\" \/>\t\t\t\t\t\t\t\t\t\t\t<figcaption class=\"widget-image-caption wp-caption-text\"><\/figcaption>\n\t\t\t\t\t\t\t\t\t\t<\/figure>\n\t\t\t\t\t\t\t\t\t<\/div>\n\t\t\t\t<\/div>\n\t\t\t\t<div class=\"elementor-element elementor-element-56774e1 elementor-widget elementor-widget-image\" data-id=\"56774e1\" data-element_type=\"widget\" data-e-type=\"widget\" data-widget_type=\"image.default\">\n\t\t\t\t<div class=\"elementor-widget-container\">\n\t\t\t\t\t\t\t\t\t\t\t\t<figure class=\"wp-caption\">\n\t\t\t\t\t\t\t\t\t\t<img loading=\"lazy\" decoding=\"async\" width=\"768\" height=\"512\" src=\"https:\/\/www.elturistatranquil.com\/wp-content\/uploads\/F63-Museo-de-Raices-Conilenas.-Conil-de-la-Frontera.jpg\" class=\"attachment-large size-large wp-image-37576\" alt=\"Museo de Raices Conile\u00f1as. Conil de la Frontera\" srcset=\"https:\/\/www.elturistatranquil.com\/wp-content\/uploads\/F63-Museo-de-Raices-Conilenas.-Conil-de-la-Frontera.jpg 768w, https:\/\/www.elturistatranquil.com\/wp-content\/uploads\/F63-Museo-de-Raices-Conilenas.-Conil-de-la-Frontera-339x226.jpg 339w\" sizes=\"(max-width: 768px) 100vw, 768px\" \/>\t\t\t\t\t\t\t\t\t\t\t<figcaption class=\"widget-image-caption wp-caption-text\"><\/figcaption>\n\t\t\t\t\t\t\t\t\t\t<\/figure>\n\t\t\t\t\t\t\t\t\t<\/div>\n\t\t\t\t<\/div>\n\t\t\t\t<div class=\"elementor-element elementor-element-0d7876f elementor-widget elementor-widget-image\" data-id=\"0d7876f\" data-element_type=\"widget\" data-e-type=\"widget\" data-widget_type=\"image.default\">\n\t\t\t\t<div class=\"elementor-widget-container\">\n\t\t\t\t\t\t\t\t\t\t\t\t<figure class=\"wp-caption\">\n\t\t\t\t\t\t\t\t\t\t<img loading=\"lazy\" decoding=\"async\" width=\"768\" height=\"512\" src=\"https:\/\/www.elturistatranquil.com\/wp-content\/uploads\/F64-Museo-de-Raices-Conilenas.-Conil-de-la-Frontera.jpg\" class=\"attachment-large size-large wp-image-37578\" alt=\"Museo de Raices Conile\u00f1as. Conil de la Frontera\" srcset=\"https:\/\/www.elturistatranquil.com\/wp-content\/uploads\/F64-Museo-de-Raices-Conilenas.-Conil-de-la-Frontera.jpg 768w, https:\/\/www.elturistatranquil.com\/wp-content\/uploads\/F64-Museo-de-Raices-Conilenas.-Conil-de-la-Frontera-339x226.jpg 339w\" sizes=\"(max-width: 768px) 100vw, 768px\" \/>\t\t\t\t\t\t\t\t\t\t\t<figcaption class=\"widget-image-caption wp-caption-text\"><\/figcaption>\n\t\t\t\t\t\t\t\t\t\t<\/figure>\n\t\t\t\t\t\t\t\t\t<\/div>\n\t\t\t\t<\/div>\n\t\t\t\t<div class=\"elementor-element elementor-element-b1cde20 elementor-widget elementor-widget-heading\" data-id=\"b1cde20\" data-element_type=\"widget\" data-e-type=\"widget\" data-widget_type=\"heading.default\">\n\t\t\t\t<div class=\"elementor-widget-container\">\n\t\t\t\t\t<h4 class=\"elementor-heading-title elementor-size-default\">Casa C\u00e1rcel, Ermita-capella de Nuestro Padre Jes\u00fas Nazareno<\/h4>\t\t\t\t<\/div>\n\t\t\t\t<\/div>\n\t\t\t\t<div class=\"elementor-element elementor-element-28e5c57 elementor-widget elementor-widget-text-editor\" data-id=\"28e5c57\" data-element_type=\"widget\" data-e-type=\"widget\" data-widget_type=\"text-editor.default\">\n\t\t\t\t<div class=\"elementor-widget-container\">\n\t\t\t\t\t\t\t\t\t<p>A la pla\u00e7a Santa Catalina cantonera amb el <strong>carrer<\/strong> <strong>C\u00e1rcel<\/strong> es va construir al segle XV o XVI la <strong>Casa C\u00e1rcel<\/strong> (<strong>13<\/strong>), un dels edificis m\u00e9s antics de Conil.<\/p><p>Durant l&#8217;Antic R\u00e8gim, la parcel\u00b7la, d&#8217;uns 90 metres quadrats, va ser la seu del Cabildo i dip\u00f2sit carcerari.<\/p><p>Despr\u00e9s de la invasi\u00f3 francesa va quedar inservible i va passar a pres\u00f3 i magatzem municipal. Posteriorment, durant els anys vuitanta fou seu central de la Policia Municipal.<\/p>\t\t\t\t\t\t\t\t<\/div>\n\t\t\t\t<\/div>\n\t\t\t\t<div class=\"elementor-element elementor-element-d9caafe elementor-widget elementor-widget-image\" data-id=\"d9caafe\" data-element_type=\"widget\" data-e-type=\"widget\" data-widget_type=\"image.default\">\n\t\t\t\t<div class=\"elementor-widget-container\">\n\t\t\t\t\t\t\t\t\t\t\t\t<figure class=\"wp-caption\">\n\t\t\t\t\t\t\t\t\t\t<img loading=\"lazy\" decoding=\"async\" width=\"768\" height=\"512\" src=\"https:\/\/www.elturistatranquil.com\/wp-content\/uploads\/F65-Casa-Carcel.-Conil-de-la-Frontera.jpg\" class=\"attachment-large size-large wp-image-37582\" alt=\"Casa Carcel. Conil de la Frontera\" srcset=\"https:\/\/www.elturistatranquil.com\/wp-content\/uploads\/F65-Casa-Carcel.-Conil-de-la-Frontera.jpg 768w, https:\/\/www.elturistatranquil.com\/wp-content\/uploads\/F65-Casa-Carcel.-Conil-de-la-Frontera-339x226.jpg 339w\" sizes=\"(max-width: 768px) 100vw, 768px\" \/>\t\t\t\t\t\t\t\t\t\t\t<figcaption class=\"widget-image-caption wp-caption-text\"><\/figcaption>\n\t\t\t\t\t\t\t\t\t\t<\/figure>\n\t\t\t\t\t\t\t\t\t<\/div>\n\t\t\t\t<\/div>\n\t\t\t\t<div class=\"elementor-element elementor-element-8facd53 elementor-widget elementor-widget-text-editor\" data-id=\"8facd53\" data-element_type=\"widget\" data-e-type=\"widget\" data-widget_type=\"text-editor.default\">\n\t\t\t\t<div class=\"elementor-widget-container\">\n\t\t\t\t\t\t\t\t\t<p>Contigua a la <strong>casa Carcel<\/strong> s&#8217;ubica l&#8217;<strong>Ermita-capella de Nuestro Padre Jes\u00fas Nazareno<\/strong> (<strong>13<\/strong>), constru\u00efda entre 1592 i 1632 en estil barroc pel mestre paleta Mateu Ariza per a la Germandat del Nuestro Padre Jes\u00fas Nazareno per donar culte a les seves imatges. El seu interior \u00e9s de planta rectangular.<\/p><p>Estava adossada a l&#8217;Hospital de la Miseric\u00f2rdia, avui desaparegut. Sobresurt una espadanya d&#8217;una campana, destacant la gran porta d&#8217;entrada.<\/p>\t\t\t\t\t\t\t\t<\/div>\n\t\t\t\t<\/div>\n\t\t\t\t<div class=\"elementor-element elementor-element-6ad560e elementor-widget elementor-widget-image\" data-id=\"6ad560e\" data-element_type=\"widget\" data-e-type=\"widget\" data-widget_type=\"image.default\">\n\t\t\t\t<div class=\"elementor-widget-container\">\n\t\t\t\t\t\t\t\t\t\t\t\t<figure class=\"wp-caption\">\n\t\t\t\t\t\t\t\t\t\t<img loading=\"lazy\" decoding=\"async\" width=\"768\" height=\"512\" src=\"https:\/\/www.elturistatranquil.com\/wp-content\/uploads\/F66-Ermita-de-Nuestro-Padre-Nazareno.-Conil-de-la-Frontera.jpg\" class=\"attachment-large size-large wp-image-37584\" alt=\"Ermita de Nuestro Padre Nazareno. Conil de la Frontera\" srcset=\"https:\/\/www.elturistatranquil.com\/wp-content\/uploads\/F66-Ermita-de-Nuestro-Padre-Nazareno.-Conil-de-la-Frontera.jpg 768w, https:\/\/www.elturistatranquil.com\/wp-content\/uploads\/F66-Ermita-de-Nuestro-Padre-Nazareno.-Conil-de-la-Frontera-339x226.jpg 339w\" sizes=\"(max-width: 768px) 100vw, 768px\" \/>\t\t\t\t\t\t\t\t\t\t\t<figcaption class=\"widget-image-caption wp-caption-text\"><\/figcaption>\n\t\t\t\t\t\t\t\t\t\t<\/figure>\n\t\t\t\t\t\t\t\t\t<\/div>\n\t\t\t\t<\/div>\n\t\t\t\t<div class=\"elementor-element elementor-element-194e3b0 elementor-widget elementor-widget-text-editor\" data-id=\"194e3b0\" data-element_type=\"widget\" data-e-type=\"widget\" data-widget_type=\"text-editor.default\">\n\t\t\t\t<div class=\"elementor-widget-container\">\n\t\t\t\t\t\t\t\t\t<p>A continuaci\u00f3, i adossada a l&#8217;Ermita, al n\u00famero 10 s&#8217;al\u00e7a una casa senyorial t\u00edpica de Conil: de pedra ostionera, amb pilastres, motllures i cornisa sortint, que forma part del Patrimoni Immoble de Conil.<\/p>\t\t\t\t\t\t\t\t<\/div>\n\t\t\t\t<\/div>\n\t\t\t\t<div class=\"elementor-element elementor-element-9ade70c elementor-widget elementor-widget-image\" data-id=\"9ade70c\" data-element_type=\"widget\" data-e-type=\"widget\" data-widget_type=\"image.default\">\n\t\t\t\t<div class=\"elementor-widget-container\">\n\t\t\t\t\t\t\t\t\t\t\t\t<figure class=\"wp-caption\">\n\t\t\t\t\t\t\t\t\t\t<img loading=\"lazy\" decoding=\"async\" width=\"768\" height=\"511\" src=\"https:\/\/www.elturistatranquil.com\/wp-content\/uploads\/F67-Conil-de-la-Frontera.jpg\" class=\"attachment-large size-large wp-image-37586\" alt=\"Conil de la Frontera\" srcset=\"https:\/\/www.elturistatranquil.com\/wp-content\/uploads\/F67-Conil-de-la-Frontera.jpg 768w, https:\/\/www.elturistatranquil.com\/wp-content\/uploads\/F67-Conil-de-la-Frontera-339x226.jpg 339w\" sizes=\"(max-width: 768px) 100vw, 768px\" \/>\t\t\t\t\t\t\t\t\t\t\t<figcaption class=\"widget-image-caption wp-caption-text\"><\/figcaption>\n\t\t\t\t\t\t\t\t\t\t<\/figure>\n\t\t\t\t\t\t\t\t\t<\/div>\n\t\t\t\t<\/div>\n\t\t\t\t<div class=\"elementor-element elementor-element-931d09e elementor-widget elementor-widget-heading\" data-id=\"931d09e\" data-element_type=\"widget\" data-e-type=\"widget\" data-widget_type=\"heading.default\">\n\t\t\t\t<div class=\"elementor-widget-container\">\n\t\t\t\t\t<h4 class=\"elementor-heading-title elementor-size-default\">Antiga Esgl\u00e9sia de Santa Catalina. Centre Cultural<\/h4>\t\t\t\t<\/div>\n\t\t\t\t<\/div>\n\t\t\t\t<div class=\"elementor-element elementor-element-f9f3fc9 elementor-widget elementor-widget-text-editor\" data-id=\"f9f3fc9\" data-element_type=\"widget\" data-e-type=\"widget\" data-widget_type=\"text-editor.default\">\n\t\t\t\t<div class=\"elementor-widget-container\">\n\t\t\t\t\t\t\t\t\t<p>L&#8217;<strong>Antiga Esgl\u00e9sia de Santa Catalina<\/strong> (<strong>14<\/strong>) va ser l&#8217;antiga Esgl\u00e9sia Major de Conil. Les primeres notificacions de la seva exist\u00e8ncia daten del segle XV quan els Guzmans, senyors de Conil, van autoritzar-ne l&#8217;edificaci\u00f3.<\/p><p>L&#8217;edificaci\u00f3 inicial, d&#8217;estil mud\u00e8jar, va patir grans modificacions. La configuraci\u00f3 actual es va realitzar entre 1886 i 1891 en estil arquitect\u00f2nic barreja de neog\u00f2tic i neomud\u00e8jar. L&#8217;edifici es va restaurar el 2010, i se n&#8217;ha donat l&#8217;\u00fas de Centre Cultural.<\/p><p>El seu antic contingut amb pintures i escultures es troben repartits per les esgl\u00e9sies de la localitat.<\/p>\t\t\t\t\t\t\t\t<\/div>\n\t\t\t\t<\/div>\n\t\t\t\t<div class=\"elementor-element elementor-element-46158c7 elementor-widget elementor-widget-image\" data-id=\"46158c7\" data-element_type=\"widget\" data-e-type=\"widget\" data-widget_type=\"image.default\">\n\t\t\t\t<div class=\"elementor-widget-container\">\n\t\t\t\t\t\t\t\t\t\t\t\t<figure class=\"wp-caption\">\n\t\t\t\t\t\t\t\t\t\t<img loading=\"lazy\" decoding=\"async\" width=\"768\" height=\"511\" src=\"https:\/\/www.elturistatranquil.com\/wp-content\/uploads\/F68-Antigua-Iglesia-de-Santa-Catalina.-Centro-Cultural.-Conil-de-la-Frontera.jpg\" class=\"attachment-large size-large wp-image-37588\" alt=\"Antigua Iglesia de Santa Catalina. Centro Cultural. Conil de la Frontera\" srcset=\"https:\/\/www.elturistatranquil.com\/wp-content\/uploads\/F68-Antigua-Iglesia-de-Santa-Catalina.-Centro-Cultural.-Conil-de-la-Frontera.jpg 768w, https:\/\/www.elturistatranquil.com\/wp-content\/uploads\/F68-Antigua-Iglesia-de-Santa-Catalina.-Centro-Cultural.-Conil-de-la-Frontera-339x226.jpg 339w\" sizes=\"(max-width: 768px) 100vw, 768px\" \/>\t\t\t\t\t\t\t\t\t\t\t<figcaption class=\"widget-image-caption wp-caption-text\"><\/figcaption>\n\t\t\t\t\t\t\t\t\t\t<\/figure>\n\t\t\t\t\t\t\t\t\t<\/div>\n\t\t\t\t<\/div>\n\t\t\t\t<div class=\"elementor-element elementor-element-f4eb58f elementor-widget elementor-widget-image\" data-id=\"f4eb58f\" data-element_type=\"widget\" data-e-type=\"widget\" data-widget_type=\"image.default\">\n\t\t\t\t<div class=\"elementor-widget-container\">\n\t\t\t\t\t\t\t\t\t\t\t\t<figure class=\"wp-caption\">\n\t\t\t\t\t\t\t\t\t\t<img loading=\"lazy\" decoding=\"async\" width=\"768\" height=\"512\" src=\"https:\/\/www.elturistatranquil.com\/wp-content\/uploads\/F69-Antigua-Iglesia-de-Santa-Catalina.-Centro-Cultural.-Conil-de-la-Frontera.jpg\" class=\"attachment-large size-large wp-image-37590\" alt=\"Antigua Iglesia de Santa Catalina. Centro Cultural. Conil de la Frontera\" srcset=\"https:\/\/www.elturistatranquil.com\/wp-content\/uploads\/F69-Antigua-Iglesia-de-Santa-Catalina.-Centro-Cultural.-Conil-de-la-Frontera.jpg 768w, https:\/\/www.elturistatranquil.com\/wp-content\/uploads\/F69-Antigua-Iglesia-de-Santa-Catalina.-Centro-Cultural.-Conil-de-la-Frontera-339x226.jpg 339w\" sizes=\"(max-width: 768px) 100vw, 768px\" \/>\t\t\t\t\t\t\t\t\t\t\t<figcaption class=\"widget-image-caption wp-caption-text\"><\/figcaption>\n\t\t\t\t\t\t\t\t\t\t<\/figure>\n\t\t\t\t\t\t\t\t\t<\/div>\n\t\t\t\t<\/div>\n\t\t\t\t<div class=\"elementor-element elementor-element-6e318b5 elementor-widget elementor-widget-image\" data-id=\"6e318b5\" data-element_type=\"widget\" data-e-type=\"widget\" data-widget_type=\"image.default\">\n\t\t\t\t<div class=\"elementor-widget-container\">\n\t\t\t\t\t\t\t\t\t\t\t\t<figure class=\"wp-caption\">\n\t\t\t\t\t\t\t\t\t\t<img loading=\"lazy\" decoding=\"async\" width=\"768\" height=\"512\" src=\"https:\/\/www.elturistatranquil.com\/wp-content\/uploads\/F70-Antigua-Iglesia-de-Santa-Catalina.-Centro-Cultural.-Conil-de-la-Frontera.jpg\" class=\"attachment-large size-large wp-image-37592\" alt=\"Antigua Iglesia de Santa Catalina. Centro Cultural. Conil de la Frontera\" srcset=\"https:\/\/www.elturistatranquil.com\/wp-content\/uploads\/F70-Antigua-Iglesia-de-Santa-Catalina.-Centro-Cultural.-Conil-de-la-Frontera.jpg 768w, https:\/\/www.elturistatranquil.com\/wp-content\/uploads\/F70-Antigua-Iglesia-de-Santa-Catalina.-Centro-Cultural.-Conil-de-la-Frontera-339x226.jpg 339w\" sizes=\"(max-width: 768px) 100vw, 768px\" \/>\t\t\t\t\t\t\t\t\t\t\t<figcaption class=\"widget-image-caption wp-caption-text\"><\/figcaption>\n\t\t\t\t\t\t\t\t\t\t<\/figure>\n\t\t\t\t\t\t\t\t\t<\/div>\n\t\t\t\t<\/div>\n\t\t\t\t<div class=\"elementor-element elementor-element-496b1dc elementor-widget elementor-widget-text-editor\" data-id=\"496b1dc\" data-element_type=\"widget\" data-e-type=\"widget\" data-widget_type=\"text-editor.default\">\n\t\t\t\t<div class=\"elementor-widget-container\">\n\t\t\t\t\t\t\t\t\t<p>Acc\u00e9s al <strong>carrer Columela<\/strong>, darrere de l&#8217;esgl\u00e9sia.<\/p>\t\t\t\t\t\t\t\t<\/div>\n\t\t\t\t<\/div>\n\t\t\t\t<div class=\"elementor-element elementor-element-eec21d9 elementor-widget elementor-widget-image\" data-id=\"eec21d9\" data-element_type=\"widget\" data-e-type=\"widget\" data-widget_type=\"image.default\">\n\t\t\t\t<div class=\"elementor-widget-container\">\n\t\t\t\t\t\t\t\t\t\t\t\t<figure class=\"wp-caption\">\n\t\t\t\t\t\t\t\t\t\t<img loading=\"lazy\" decoding=\"async\" width=\"768\" height=\"512\" src=\"https:\/\/www.elturistatranquil.com\/wp-content\/uploads\/F71-Conil-de-la-Frontera-1.jpg\" class=\"attachment-large size-large wp-image-37594\" alt=\"Conil de la Frontera\" srcset=\"https:\/\/www.elturistatranquil.com\/wp-content\/uploads\/F71-Conil-de-la-Frontera-1.jpg 768w, https:\/\/www.elturistatranquil.com\/wp-content\/uploads\/F71-Conil-de-la-Frontera-1-339x226.jpg 339w\" sizes=\"(max-width: 768px) 100vw, 768px\" \/>\t\t\t\t\t\t\t\t\t\t\t<figcaption class=\"widget-image-caption wp-caption-text\"><\/figcaption>\n\t\t\t\t\t\t\t\t\t\t<\/figure>\n\t\t\t\t\t\t\t\t\t<\/div>\n\t\t\t\t<\/div>\n\t\t\t\t<div class=\"elementor-element elementor-element-f731a23 elementor-widget elementor-widget-text-editor\" data-id=\"f731a23\" data-element_type=\"widget\" data-e-type=\"widget\" data-widget_type=\"text-editor.default\">\n\t\t\t\t<div class=\"elementor-widget-container\">\n\t\t\t\t\t\t\t\t\t<p>El 1880 es va construir un <strong>cementiri<\/strong> adossat al costat de l&#8217;ep\u00edstola del temple.<\/p><p>La rehabilitaci\u00f3 d&#8217;aquesta zona, lligada a un dels accessos a La Chanca, ha creat un espai simb\u00f2lic de gran bellesa.<\/p>\t\t\t\t\t\t\t\t<\/div>\n\t\t\t\t<\/div>\n\t\t\t\t<div class=\"elementor-element elementor-element-9d50d02 elementor-widget elementor-widget-image\" data-id=\"9d50d02\" data-element_type=\"widget\" data-e-type=\"widget\" data-widget_type=\"image.default\">\n\t\t\t\t<div class=\"elementor-widget-container\">\n\t\t\t\t\t\t\t\t\t\t\t\t<figure class=\"wp-caption\">\n\t\t\t\t\t\t\t\t\t\t<img loading=\"lazy\" decoding=\"async\" width=\"768\" height=\"512\" src=\"https:\/\/www.elturistatranquil.com\/wp-content\/uploads\/F72-Antiguo-Cementerio.-Conil-de-la-Frontera.jpg\" class=\"attachment-large size-large wp-image-37596\" alt=\"Antiguo Cementerio. Conil de la Frontera\" srcset=\"https:\/\/www.elturistatranquil.com\/wp-content\/uploads\/F72-Antiguo-Cementerio.-Conil-de-la-Frontera.jpg 768w, https:\/\/www.elturistatranquil.com\/wp-content\/uploads\/F72-Antiguo-Cementerio.-Conil-de-la-Frontera-339x226.jpg 339w\" sizes=\"(max-width: 768px) 100vw, 768px\" \/>\t\t\t\t\t\t\t\t\t\t\t<figcaption class=\"widget-image-caption wp-caption-text\"><\/figcaption>\n\t\t\t\t\t\t\t\t\t\t<\/figure>\n\t\t\t\t\t\t\t\t\t<\/div>\n\t\t\t\t<\/div>\n\t\t\t\t<div class=\"elementor-element elementor-element-6e5c281 elementor-widget elementor-widget-image\" data-id=\"6e5c281\" data-element_type=\"widget\" data-e-type=\"widget\" data-widget_type=\"image.default\">\n\t\t\t\t<div class=\"elementor-widget-container\">\n\t\t\t\t\t\t\t\t\t\t\t\t<figure class=\"wp-caption\">\n\t\t\t\t\t\t\t\t\t\t<img loading=\"lazy\" decoding=\"async\" width=\"768\" height=\"512\" src=\"https:\/\/www.elturistatranquil.com\/wp-content\/uploads\/F73-Antiguo-Cementerio.-Conil-de-la-Frontera.jpg\" class=\"attachment-large size-large wp-image-37598\" alt=\"Antiguo Cementerio. Conil de la Frontera\" srcset=\"https:\/\/www.elturistatranquil.com\/wp-content\/uploads\/F73-Antiguo-Cementerio.-Conil-de-la-Frontera.jpg 768w, https:\/\/www.elturistatranquil.com\/wp-content\/uploads\/F73-Antiguo-Cementerio.-Conil-de-la-Frontera-339x226.jpg 339w\" sizes=\"(max-width: 768px) 100vw, 768px\" \/>\t\t\t\t\t\t\t\t\t\t\t<figcaption class=\"widget-image-caption wp-caption-text\"><\/figcaption>\n\t\t\t\t\t\t\t\t\t\t<\/figure>\n\t\t\t\t\t\t\t\t\t<\/div>\n\t\t\t\t<\/div>\n\t\t\t\t<div class=\"elementor-element elementor-element-63573c6 elementor-widget elementor-widget-heading\" data-id=\"63573c6\" data-element_type=\"widget\" data-e-type=\"widget\" data-widget_type=\"heading.default\">\n\t\t\t\t<div class=\"elementor-widget-container\">\n\t\t\t\t\t<h4 class=\"elementor-heading-title elementor-size-default\">Antic cinema a l'aire lliure<\/h4>\t\t\t\t<\/div>\n\t\t\t\t<\/div>\n\t\t\t\t<div class=\"elementor-element elementor-element-e654364 elementor-widget elementor-widget-text-editor\" data-id=\"e654364\" data-element_type=\"widget\" data-e-type=\"widget\" data-widget_type=\"text-editor.default\">\n\t\t\t\t<div class=\"elementor-widget-container\">\n\t\t\t\t\t\t\t\t\t<p>Em situo ara al n\u00famero 3 del <strong>carrer San Jos\u00e9<\/strong> que actua com a aparcament privat. Tindre acc\u00e9s a l&#8217;aparcament em va permetre descobrir una rel\u00edquia de l&#8217;arqueologia cultural de Conil. En observar-ho descobreixo que es tracta d&#8217;un <strong>antic cinema a l&#8217;aire lliure<\/strong> (<strong>15<\/strong>). Encara es reconeix la gran pantalla i la cabina de projecci\u00f3, al costat oposat.<\/p><p>La carpa met\u00e0l\u00b7lica probablement havia de correspondre a una protecci\u00f3 original a les projeccions.<\/p>\t\t\t\t\t\t\t\t<\/div>\n\t\t\t\t<\/div>\n\t\t\t\t<div class=\"elementor-element elementor-element-1d0c4f2 elementor-widget elementor-widget-image\" data-id=\"1d0c4f2\" data-element_type=\"widget\" data-e-type=\"widget\" data-widget_type=\"image.default\">\n\t\t\t\t<div class=\"elementor-widget-container\">\n\t\t\t\t\t\t\t\t\t\t\t\t<figure class=\"wp-caption\">\n\t\t\t\t\t\t\t\t\t\t<img loading=\"lazy\" decoding=\"async\" width=\"768\" height=\"512\" src=\"https:\/\/www.elturistatranquil.com\/wp-content\/uploads\/F74-Antiguo-cine-al-aire-libre.-Conil-de-la-Frontera.jpg\" class=\"attachment-large size-large wp-image-37600\" alt=\"Antiguo cine al aire libre. Conil de la Frontera\" srcset=\"https:\/\/www.elturistatranquil.com\/wp-content\/uploads\/F74-Antiguo-cine-al-aire-libre.-Conil-de-la-Frontera.jpg 768w, https:\/\/www.elturistatranquil.com\/wp-content\/uploads\/F74-Antiguo-cine-al-aire-libre.-Conil-de-la-Frontera-339x226.jpg 339w\" sizes=\"(max-width: 768px) 100vw, 768px\" \/>\t\t\t\t\t\t\t\t\t\t\t<figcaption class=\"widget-image-caption wp-caption-text\"><\/figcaption>\n\t\t\t\t\t\t\t\t\t\t<\/figure>\n\t\t\t\t\t\t\t\t\t<\/div>\n\t\t\t\t<\/div>\n\t\t\t\t<div class=\"elementor-element elementor-element-c7ea15c elementor-widget elementor-widget-menu-anchor\" data-id=\"c7ea15c\" data-element_type=\"widget\" data-e-type=\"widget\" data-widget_type=\"menu-anchor.default\">\n\t\t\t\t<div class=\"elementor-widget-container\">\n\t\t\t\t\t\t\t<div class=\"elementor-menu-anchor\" id=\"c7010\"><\/div>\n\t\t\t\t\t\t<\/div>\n\t\t\t\t<\/div>\n\t\t\t\t<div class=\"elementor-element elementor-element-cb32acb elementor-widget elementor-widget-image\" data-id=\"cb32acb\" data-element_type=\"widget\" data-e-type=\"widget\" data-widget_type=\"image.default\">\n\t\t\t\t<div class=\"elementor-widget-container\">\n\t\t\t\t\t\t\t\t\t\t\t\t<figure class=\"wp-caption\">\n\t\t\t\t\t\t\t\t\t\t<img loading=\"lazy\" decoding=\"async\" width=\"768\" height=\"512\" src=\"https:\/\/www.elturistatranquil.com\/wp-content\/uploads\/F75-Antiguo-cine-al-aire-libre.-Conil-de-la-Frontera.jpg\" class=\"attachment-large size-large wp-image-37602\" alt=\"Antiguo cine al aire libre. Conil de la Frontera\" srcset=\"https:\/\/www.elturistatranquil.com\/wp-content\/uploads\/F75-Antiguo-cine-al-aire-libre.-Conil-de-la-Frontera.jpg 768w, https:\/\/www.elturistatranquil.com\/wp-content\/uploads\/F75-Antiguo-cine-al-aire-libre.-Conil-de-la-Frontera-339x226.jpg 339w\" sizes=\"(max-width: 768px) 100vw, 768px\" \/>\t\t\t\t\t\t\t\t\t\t\t<figcaption class=\"widget-image-caption wp-caption-text\"><\/figcaption>\n\t\t\t\t\t\t\t\t\t\t<\/figure>\n\t\t\t\t\t\t\t\t\t<\/div>\n\t\t\t\t<\/div>\n\t\t\t\t<div class=\"elementor-element elementor-element-2c57d31 elementor-widget elementor-widget-heading\" data-id=\"2c57d31\" data-element_type=\"widget\" data-e-type=\"widget\" data-widget_type=\"heading.default\">\n\t\t\t\t<div class=\"elementor-widget-container\">\n\t\t\t\t\t<h3 class=\"elementor-heading-title elementor-size-default\">La Chanca. Centre d\u2019interpretaci\u00f3 i documentaci\u00f3 del mar, la tonyina i les almadraves<\/h3>\t\t\t\t<\/div>\n\t\t\t\t<\/div>\n\t\t\t\t<div class=\"elementor-element elementor-element-f7e4e0d elementor-widget elementor-widget-text-editor\" data-id=\"f7e4e0d\" data-element_type=\"widget\" data-e-type=\"widget\" data-widget_type=\"text-editor.default\">\n\t\t\t\t<div class=\"elementor-widget-container\">\n\t\t\t\t\t\t\t\t\t<p><strong>La Chanca<\/strong> (<strong>16<\/strong>) \u00e9s l&#8217;edifici renaixentista m\u00e9s emblem\u00e0tic de Conil; va ser aixecada a mitjans del segle XVI adossada a la muralla per la seva banda exterior, actuant al seu torn de mur defensiu, per aix\u00f2 el gruix i consist\u00e8ncia dels seus murs. Es va construir amb pedra ostionera arrebossada amb morter de cal\u00e7.<\/p><p>Les depend\u00e8ncies m\u00e9s grans servien com a f\u00e0brica de salaons i magatzem de barques i prove\u00efments de les almadraves i magatzem de sal. Els espais menors es destinaven a cambres, fleca, rebosts, cuina. La porta d&#8217;entrada s&#8217;enfilava al mar. Ocupa una superf\u00edcie de 7.500 m<sup>2<\/sup>.<\/p><p>Durant un temps va ser el centre de l&#8217;activitat econ\u00f2mica de Conil, condicionant l&#8217;activitat de la resta de sectors productius i ocupant un gran nombre de treballadors.<\/p><p>En aquesta ind\u00fastria la tonyina capturada es penjava a dessagnar, es ronquejava i trossejava comences m\u00e9s menudes, se salava en piles i s&#8217;embarrilava. Per\u00f2 no tota la tonyina es treballava a la <em>chanca<\/em>. Primer se subhastava a la porta i el que no es venia passava l&#8217;interior per al seu processat.<\/p><p>L&#8217;1 de novembre de 1755 el fam\u00f3s sisme submar\u00ed de Lisboa va enderrocar la major part de La Chanca destruint barques, xarxes i els prove\u00efments de les almadraves, emportant-se per davant la vida de 20 persones.<\/p><p>El 1928 es va constituir el Consorci Nacional Almadrabero i es va deixar de calar l&#8217;almadrava de Conil. Des de llavors La Chanca va servir de magatzem fins als anys seixanta del segle XX, amb l&#8217;interval de la Guerra Civil en qu\u00e8 va ser emprada com a caserna.<\/p><p>Al 2002 es va incloure al Cat\u00e0leg General del Patrimoni Hist\u00f2ric Andal\u00fas com a <em>B\u00e9 d&#8217;Inter\u00e8s Etnol\u00f2gic<\/em>. L&#8217;any 2008 es va iniciar el projecte de restauraci\u00f3 del conjunt que l&#8217;ha convertit en un edifici amb clara vocaci\u00f3 cultural.<\/p><p>S\u00f3n diversos els accessos a La Chanca. El principal \u00e9s pel carrer Almadraba.<\/p>\t\t\t\t\t\t\t\t<\/div>\n\t\t\t\t<\/div>\n\t\t\t\t<div class=\"elementor-element elementor-element-23846b0 elementor-widget elementor-widget-image\" data-id=\"23846b0\" data-element_type=\"widget\" data-e-type=\"widget\" data-widget_type=\"image.default\">\n\t\t\t\t<div class=\"elementor-widget-container\">\n\t\t\t\t\t\t\t\t\t\t\t\t<figure class=\"wp-caption\">\n\t\t\t\t\t\t\t\t\t\t<img loading=\"lazy\" decoding=\"async\" width=\"768\" height=\"511\" src=\"https:\/\/www.elturistatranquil.com\/wp-content\/uploads\/F76-La-Chanca.-Conil-de-la-Frontera.jpg\" class=\"attachment-large size-large wp-image-37604\" alt=\"La Chanca. Conil de la Frontera\" srcset=\"https:\/\/www.elturistatranquil.com\/wp-content\/uploads\/F76-La-Chanca.-Conil-de-la-Frontera.jpg 768w, https:\/\/www.elturistatranquil.com\/wp-content\/uploads\/F76-La-Chanca.-Conil-de-la-Frontera-339x226.jpg 339w\" sizes=\"(max-width: 768px) 100vw, 768px\" \/>\t\t\t\t\t\t\t\t\t\t\t<figcaption class=\"widget-image-caption wp-caption-text\"><\/figcaption>\n\t\t\t\t\t\t\t\t\t\t<\/figure>\n\t\t\t\t\t\t\t\t\t<\/div>\n\t\t\t\t<\/div>\n\t\t\t\t<div class=\"elementor-element elementor-element-6cf7c5d elementor-widget elementor-widget-text-editor\" data-id=\"6cf7c5d\" data-element_type=\"widget\" data-e-type=\"widget\" data-widget_type=\"text-editor.default\">\n\t\t\t\t<div class=\"elementor-widget-container\">\n\t\t\t\t\t\t\t\t\t<p>La construcci\u00f3 t\u00e9 forma de rectangle irregular dividit en dues parts per un mur que delimitava l&#8217;\u00e0rea de treball, a la banda esquerra de ponent, dels magatzems a la banda de llevant, sent aquesta la part m\u00e9s monumental del conjunt.<\/p>\t\t\t\t\t\t\t\t<\/div>\n\t\t\t\t<\/div>\n\t\t\t\t<div class=\"elementor-element elementor-element-6c0cf2a elementor-widget elementor-widget-image\" data-id=\"6c0cf2a\" data-element_type=\"widget\" data-e-type=\"widget\" data-widget_type=\"image.default\">\n\t\t\t\t<div class=\"elementor-widget-container\">\n\t\t\t\t\t\t\t\t\t\t\t\t<figure class=\"wp-caption\">\n\t\t\t\t\t\t\t\t\t\t<img loading=\"lazy\" decoding=\"async\" width=\"768\" height=\"335\" src=\"https:\/\/www.elturistatranquil.com\/wp-content\/uploads\/F77-La-Chanca.-Conil-de-la-Frontera.jpg\" class=\"attachment-large size-large wp-image-37606\" alt=\"La Chanca. Conil de la Frontera\" srcset=\"https:\/\/www.elturistatranquil.com\/wp-content\/uploads\/F77-La-Chanca.-Conil-de-la-Frontera.jpg 768w, https:\/\/www.elturistatranquil.com\/wp-content\/uploads\/F77-La-Chanca.-Conil-de-la-Frontera-339x148.jpg 339w\" sizes=\"(max-width: 768px) 100vw, 768px\" \/>\t\t\t\t\t\t\t\t\t\t\t<figcaption class=\"widget-image-caption wp-caption-text\"><\/figcaption>\n\t\t\t\t\t\t\t\t\t\t<\/figure>\n\t\t\t\t\t\t\t\t\t<\/div>\n\t\t\t\t<\/div>\n\t\t\t\t<div class=\"elementor-element elementor-element-0bf3fdd elementor-widget elementor-widget-text-editor\" data-id=\"0bf3fdd\" data-element_type=\"widget\" data-e-type=\"widget\" data-widget_type=\"text-editor.default\">\n\t\t\t\t<div class=\"elementor-widget-container\">\n\t\t\t\t\t\t\t\t\t<p>La zona de treball \u00e9s la que ha estat sotmesa a m\u00e9s canvis.<\/p>\t\t\t\t\t\t\t\t<\/div>\n\t\t\t\t<\/div>\n\t\t\t\t<div class=\"elementor-element elementor-element-8dba44e elementor-widget elementor-widget-image\" data-id=\"8dba44e\" data-element_type=\"widget\" data-e-type=\"widget\" data-widget_type=\"image.default\">\n\t\t\t\t<div class=\"elementor-widget-container\">\n\t\t\t\t\t\t\t\t\t\t\t\t<figure class=\"wp-caption\">\n\t\t\t\t\t\t\t\t\t\t<img loading=\"lazy\" decoding=\"async\" width=\"768\" height=\"511\" src=\"https:\/\/www.elturistatranquil.com\/wp-content\/uploads\/F78-La-Chanca.-Conil-de-la-Frontera.jpg\" class=\"attachment-large size-large wp-image-37608\" alt=\"La Chanca. Conil de la Frontera\" srcset=\"https:\/\/www.elturistatranquil.com\/wp-content\/uploads\/F78-La-Chanca.-Conil-de-la-Frontera.jpg 768w, https:\/\/www.elturistatranquil.com\/wp-content\/uploads\/F78-La-Chanca.-Conil-de-la-Frontera-339x226.jpg 339w\" sizes=\"(max-width: 768px) 100vw, 768px\" \/>\t\t\t\t\t\t\t\t\t\t\t<figcaption class=\"widget-image-caption wp-caption-text\"><\/figcaption>\n\t\t\t\t\t\t\t\t\t\t<\/figure>\n\t\t\t\t\t\t\t\t\t<\/div>\n\t\t\t\t<\/div>\n\t\t\t\t<div class=\"elementor-element elementor-element-0ebb013 elementor-widget elementor-widget-image\" data-id=\"0ebb013\" data-element_type=\"widget\" data-e-type=\"widget\" data-widget_type=\"image.default\">\n\t\t\t\t<div class=\"elementor-widget-container\">\n\t\t\t\t\t\t\t\t\t\t\t\t<figure class=\"wp-caption\">\n\t\t\t\t\t\t\t\t\t\t<img loading=\"lazy\" decoding=\"async\" width=\"768\" height=\"512\" src=\"https:\/\/www.elturistatranquil.com\/wp-content\/uploads\/F79-La-Chanca.-Conil-de-la-Frontera.jpg\" class=\"attachment-large size-large wp-image-37610\" alt=\"La Chanca. Conil de la Frontera\" srcset=\"https:\/\/www.elturistatranquil.com\/wp-content\/uploads\/F79-La-Chanca.-Conil-de-la-Frontera.jpg 768w, https:\/\/www.elturistatranquil.com\/wp-content\/uploads\/F79-La-Chanca.-Conil-de-la-Frontera-339x226.jpg 339w\" sizes=\"(max-width: 768px) 100vw, 768px\" \/>\t\t\t\t\t\t\t\t\t\t\t<figcaption class=\"widget-image-caption wp-caption-text\"><\/figcaption>\n\t\t\t\t\t\t\t\t\t\t<\/figure>\n\t\t\t\t\t\t\t\t\t<\/div>\n\t\t\t\t<\/div>\n\t\t\t\t<div class=\"elementor-element elementor-element-d2f83d6 elementor-widget elementor-widget-text-editor\" data-id=\"d2f83d6\" data-element_type=\"widget\" data-e-type=\"widget\" data-widget_type=\"text-editor.default\">\n\t\t\t\t<div class=\"elementor-widget-container\">\n\t\t\t\t\t\t\t\t\t<p>Zona de magatzems, on es guardaven prove\u00efments i barques en finalitzar la temporada, aix\u00ed com la sal, carros de servei, etc. Els edificis estan constru\u00efts amb gruixuts murs i pilastres de ma\u00e7oneria i arcades de carreuat. Aquesta zona mant\u00e9 pr\u00e0cticament l\u2019estructura original.<\/p><p>A la dreta sala de prove\u00efments, a continuaci\u00f3, l&#8217;antiga entrada principal des del mar i, al fons, les cambres del tambor i pregoner i del forner.<\/p><p>A l&#8217;esquerra el magatzem de la sal.<\/p><p>Totes dues naus acullen el <strong>Centre d&#8217;interpretaci\u00f3 i documentaci\u00f3 del mar, la tonyina i les almadraves<\/strong>.<\/p>\t\t\t\t\t\t\t\t<\/div>\n\t\t\t\t<\/div>\n\t\t\t\t<div class=\"elementor-element elementor-element-92ebd9e elementor-widget elementor-widget-image\" data-id=\"92ebd9e\" data-element_type=\"widget\" data-e-type=\"widget\" data-widget_type=\"image.default\">\n\t\t\t\t<div class=\"elementor-widget-container\">\n\t\t\t\t\t\t\t\t\t\t\t\t<figure class=\"wp-caption\">\n\t\t\t\t\t\t\t\t\t\t<img loading=\"lazy\" decoding=\"async\" width=\"768\" height=\"512\" src=\"https:\/\/www.elturistatranquil.com\/wp-content\/uploads\/F80-La-Chanca.-Conil-de-la-Frontera.jpg\" class=\"attachment-large size-large wp-image-37612\" alt=\"La Chanca. Conil de la Frontera\" srcset=\"https:\/\/www.elturistatranquil.com\/wp-content\/uploads\/F80-La-Chanca.-Conil-de-la-Frontera.jpg 768w, https:\/\/www.elturistatranquil.com\/wp-content\/uploads\/F80-La-Chanca.-Conil-de-la-Frontera-339x226.jpg 339w\" sizes=\"(max-width: 768px) 100vw, 768px\" \/>\t\t\t\t\t\t\t\t\t\t\t<figcaption class=\"widget-image-caption wp-caption-text\"><\/figcaption>\n\t\t\t\t\t\t\t\t\t\t<\/figure>\n\t\t\t\t\t\t\t\t\t<\/div>\n\t\t\t\t<\/div>\n\t\t\t\t<div class=\"elementor-element elementor-element-6cd9f22 elementor-widget elementor-widget-text-editor\" data-id=\"6cd9f22\" data-element_type=\"widget\" data-e-type=\"widget\" data-widget_type=\"text-editor.default\">\n\t\t\t\t<div class=\"elementor-widget-container\">\n\t\t\t\t\t\t\t\t\t<p>El pati central \u00e9s un lloc ideal per a la celebraci\u00f3 d&#8217;espectacles culturals. En una nit d\u2019espectacle, els murs s\u2019adornaven amb il\u00b7luminacions art\u00edstiques.<\/p>\t\t\t\t\t\t\t\t<\/div>\n\t\t\t\t<\/div>\n\t\t\t\t<div class=\"elementor-element elementor-element-3b8eb18 elementor-widget elementor-widget-image\" data-id=\"3b8eb18\" data-element_type=\"widget\" data-e-type=\"widget\" data-widget_type=\"image.default\">\n\t\t\t\t<div class=\"elementor-widget-container\">\n\t\t\t\t\t\t\t\t\t\t\t\t<figure class=\"wp-caption\">\n\t\t\t\t\t\t\t\t\t\t<img loading=\"lazy\" decoding=\"async\" width=\"768\" height=\"512\" src=\"https:\/\/www.elturistatranquil.com\/wp-content\/uploads\/F81-La-Chanca.-Conil-de-la-Frontera.jpg\" class=\"attachment-large size-large wp-image-37614\" alt=\"La Chanca. Conil de la Frontera\" srcset=\"https:\/\/www.elturistatranquil.com\/wp-content\/uploads\/F81-La-Chanca.-Conil-de-la-Frontera.jpg 768w, https:\/\/www.elturistatranquil.com\/wp-content\/uploads\/F81-La-Chanca.-Conil-de-la-Frontera-339x226.jpg 339w\" sizes=\"(max-width: 768px) 100vw, 768px\" \/>\t\t\t\t\t\t\t\t\t\t\t<figcaption class=\"widget-image-caption wp-caption-text\"><\/figcaption>\n\t\t\t\t\t\t\t\t\t\t<\/figure>\n\t\t\t\t\t\t\t\t\t<\/div>\n\t\t\t\t<\/div>\n\t\t\t\t<div class=\"elementor-element elementor-element-a361cb7 elementor-widget elementor-widget-text-editor\" data-id=\"a361cb7\" data-element_type=\"widget\" data-e-type=\"widget\" data-widget_type=\"text-editor.default\">\n\t\t\t\t<div class=\"elementor-widget-container\">\n\t\t\t\t\t\t\t\t\t<p>A la Nau de prove\u00efments es presenta l&#8217;arqueologia i el patrimoni, y el litoral conileny.<\/p><p>Al fons una sala per a exposicions temporals.<\/p>\t\t\t\t\t\t\t\t<\/div>\n\t\t\t\t<\/div>\n\t\t\t\t<div class=\"elementor-element elementor-element-fbc5570 elementor-widget elementor-widget-image\" data-id=\"fbc5570\" data-element_type=\"widget\" data-e-type=\"widget\" data-widget_type=\"image.default\">\n\t\t\t\t<div class=\"elementor-widget-container\">\n\t\t\t\t\t\t\t\t\t\t\t\t<figure class=\"wp-caption\">\n\t\t\t\t\t\t\t\t\t\t<img loading=\"lazy\" decoding=\"async\" width=\"768\" height=\"512\" src=\"https:\/\/www.elturistatranquil.com\/wp-content\/uploads\/F82-La-Chanca.-Conil-de-la-Frontera.jpg\" class=\"attachment-large size-large wp-image-37616\" alt=\"La Chanca. Conil de la Frontera\" srcset=\"https:\/\/www.elturistatranquil.com\/wp-content\/uploads\/F82-La-Chanca.-Conil-de-la-Frontera.jpg 768w, https:\/\/www.elturistatranquil.com\/wp-content\/uploads\/F82-La-Chanca.-Conil-de-la-Frontera-339x226.jpg 339w\" sizes=\"(max-width: 768px) 100vw, 768px\" \/>\t\t\t\t\t\t\t\t\t\t\t<figcaption class=\"widget-image-caption wp-caption-text\"><\/figcaption>\n\t\t\t\t\t\t\t\t\t\t<\/figure>\n\t\t\t\t\t\t\t\t\t<\/div>\n\t\t\t\t<\/div>\n\t\t\t\t<div class=\"elementor-element elementor-element-d7aa4ad elementor-widget elementor-widget-image\" data-id=\"d7aa4ad\" data-element_type=\"widget\" data-e-type=\"widget\" data-widget_type=\"image.default\">\n\t\t\t\t<div class=\"elementor-widget-container\">\n\t\t\t\t\t\t\t\t\t\t\t\t<figure class=\"wp-caption\">\n\t\t\t\t\t\t\t\t\t\t<img loading=\"lazy\" decoding=\"async\" width=\"768\" height=\"512\" src=\"https:\/\/www.elturistatranquil.com\/wp-content\/uploads\/F83-La-Chanca.-Conil-de-la-Frontera.jpg\" class=\"attachment-large size-large wp-image-37618\" alt=\"La Chanca. Conil de la Frontera\" srcset=\"https:\/\/www.elturistatranquil.com\/wp-content\/uploads\/F83-La-Chanca.-Conil-de-la-Frontera.jpg 768w, https:\/\/www.elturistatranquil.com\/wp-content\/uploads\/F83-La-Chanca.-Conil-de-la-Frontera-339x226.jpg 339w\" sizes=\"(max-width: 768px) 100vw, 768px\" \/>\t\t\t\t\t\t\t\t\t\t\t<figcaption class=\"widget-image-caption wp-caption-text\"><\/figcaption>\n\t\t\t\t\t\t\t\t\t\t<\/figure>\n\t\t\t\t\t\t\t\t\t<\/div>\n\t\t\t\t<\/div>\n\t\t\t\t<div class=\"elementor-element elementor-element-8e2393b elementor-widget elementor-widget-image\" data-id=\"8e2393b\" data-element_type=\"widget\" data-e-type=\"widget\" data-widget_type=\"image.default\">\n\t\t\t\t<div class=\"elementor-widget-container\">\n\t\t\t\t\t\t\t\t\t\t\t\t<figure class=\"wp-caption\">\n\t\t\t\t\t\t\t\t\t\t<img loading=\"lazy\" decoding=\"async\" width=\"768\" height=\"512\" src=\"https:\/\/www.elturistatranquil.com\/wp-content\/uploads\/F84-La-Chanca.-Conil-de-la-Frontera.jpg\" class=\"attachment-large size-large wp-image-37620\" alt=\"La Chanca. Conil de la Frontera\" srcset=\"https:\/\/www.elturistatranquil.com\/wp-content\/uploads\/F84-La-Chanca.-Conil-de-la-Frontera.jpg 768w, https:\/\/www.elturistatranquil.com\/wp-content\/uploads\/F84-La-Chanca.-Conil-de-la-Frontera-339x226.jpg 339w\" sizes=\"(max-width: 768px) 100vw, 768px\" \/>\t\t\t\t\t\t\t\t\t\t\t<figcaption class=\"widget-image-caption wp-caption-text\"><\/figcaption>\n\t\t\t\t\t\t\t\t\t\t<\/figure>\n\t\t\t\t\t\t\t\t\t<\/div>\n\t\t\t\t<\/div>\n\t\t\t\t<div class=\"elementor-element elementor-element-72eb74c elementor-widget elementor-widget-text-editor\" data-id=\"72eb74c\" data-element_type=\"widget\" data-e-type=\"widget\" data-widget_type=\"text-editor.default\">\n\t\t\t\t<div class=\"elementor-widget-container\">\n\t\t\t\t\t\t\t\t\t<p>Una mostra del paviment original.<\/p>\t\t\t\t\t\t\t\t<\/div>\n\t\t\t\t<\/div>\n\t\t\t\t<div class=\"elementor-element elementor-element-1bb6b25 elementor-widget elementor-widget-image\" data-id=\"1bb6b25\" data-element_type=\"widget\" data-e-type=\"widget\" data-widget_type=\"image.default\">\n\t\t\t\t<div class=\"elementor-widget-container\">\n\t\t\t\t\t\t\t\t\t\t\t\t<figure class=\"wp-caption\">\n\t\t\t\t\t\t\t\t\t\t<img loading=\"lazy\" decoding=\"async\" width=\"768\" height=\"512\" src=\"https:\/\/www.elturistatranquil.com\/wp-content\/uploads\/F85-La-Chanca.-Conil-de-la-Frontera.jpg\" class=\"attachment-large size-large wp-image-37622\" alt=\"La Chanca. Conil de la Frontera\" srcset=\"https:\/\/www.elturistatranquil.com\/wp-content\/uploads\/F85-La-Chanca.-Conil-de-la-Frontera.jpg 768w, https:\/\/www.elturistatranquil.com\/wp-content\/uploads\/F85-La-Chanca.-Conil-de-la-Frontera-339x226.jpg 339w\" sizes=\"(max-width: 768px) 100vw, 768px\" \/>\t\t\t\t\t\t\t\t\t\t\t<figcaption class=\"widget-image-caption wp-caption-text\"><\/figcaption>\n\t\t\t\t\t\t\t\t\t\t<\/figure>\n\t\t\t\t\t\t\t\t\t<\/div>\n\t\t\t\t<\/div>\n\t\t\t\t<div class=\"elementor-element elementor-element-ecaafe8 elementor-widget elementor-widget-text-editor\" data-id=\"ecaafe8\" data-element_type=\"widget\" data-e-type=\"widget\" data-widget_type=\"text-editor.default\">\n\t\t\t\t<div class=\"elementor-widget-container\">\n\t\t\t\t\t\t\t\t\t<p>A la Nau de la Sal, es presenta tot all\u00f2 relacionat amb la tonyina i les almadraves.<\/p>\t\t\t\t\t\t\t\t<\/div>\n\t\t\t\t<\/div>\n\t\t\t\t<div class=\"elementor-element elementor-element-a4c7c9e elementor-widget elementor-widget-image\" data-id=\"a4c7c9e\" data-element_type=\"widget\" data-e-type=\"widget\" data-widget_type=\"image.default\">\n\t\t\t\t<div class=\"elementor-widget-container\">\n\t\t\t\t\t\t\t\t\t\t\t\t<figure class=\"wp-caption\">\n\t\t\t\t\t\t\t\t\t\t<img loading=\"lazy\" decoding=\"async\" width=\"768\" height=\"512\" src=\"https:\/\/www.elturistatranquil.com\/wp-content\/uploads\/F86-La-Chanca.-Conil-de-la-Frontera.jpg\" class=\"attachment-large size-large wp-image-37624\" alt=\"La Chanca. Conil de la Frontera\" srcset=\"https:\/\/www.elturistatranquil.com\/wp-content\/uploads\/F86-La-Chanca.-Conil-de-la-Frontera.jpg 768w, https:\/\/www.elturistatranquil.com\/wp-content\/uploads\/F86-La-Chanca.-Conil-de-la-Frontera-339x226.jpg 339w\" sizes=\"(max-width: 768px) 100vw, 768px\" \/>\t\t\t\t\t\t\t\t\t\t\t<figcaption class=\"widget-image-caption wp-caption-text\"><\/figcaption>\n\t\t\t\t\t\t\t\t\t\t<\/figure>\n\t\t\t\t\t\t\t\t\t<\/div>\n\t\t\t\t<\/div>\n\t\t\t\t<div class=\"elementor-element elementor-element-8db3d25 elementor-widget elementor-widget-image\" data-id=\"8db3d25\" data-element_type=\"widget\" data-e-type=\"widget\" data-widget_type=\"image.default\">\n\t\t\t\t<div class=\"elementor-widget-container\">\n\t\t\t\t\t\t\t\t\t\t\t\t<figure class=\"wp-caption\">\n\t\t\t\t\t\t\t\t\t\t<img loading=\"lazy\" decoding=\"async\" width=\"768\" height=\"512\" src=\"https:\/\/www.elturistatranquil.com\/wp-content\/uploads\/F87-La-Chanca.-Conil-de-la-Frontera.jpg\" class=\"attachment-large size-large wp-image-37626\" alt=\"La Chanca. Conil de la Frontera\" srcset=\"https:\/\/www.elturistatranquil.com\/wp-content\/uploads\/F87-La-Chanca.-Conil-de-la-Frontera.jpg 768w, https:\/\/www.elturistatranquil.com\/wp-content\/uploads\/F87-La-Chanca.-Conil-de-la-Frontera-339x226.jpg 339w\" sizes=\"(max-width: 768px) 100vw, 768px\" \/>\t\t\t\t\t\t\t\t\t\t\t<figcaption class=\"widget-image-caption wp-caption-text\"><\/figcaption>\n\t\t\t\t\t\t\t\t\t\t<\/figure>\n\t\t\t\t\t\t\t\t\t<\/div>\n\t\t\t\t<\/div>\n\t\t\t\t<div class=\"elementor-element elementor-element-5b194e2 elementor-widget elementor-widget-image\" data-id=\"5b194e2\" data-element_type=\"widget\" data-e-type=\"widget\" data-widget_type=\"image.default\">\n\t\t\t\t<div class=\"elementor-widget-container\">\n\t\t\t\t\t\t\t\t\t\t\t\t<figure class=\"wp-caption\">\n\t\t\t\t\t\t\t\t\t\t<img loading=\"lazy\" decoding=\"async\" width=\"768\" height=\"512\" src=\"https:\/\/www.elturistatranquil.com\/wp-content\/uploads\/F88-La-Chanca.-Conil-de-la-Frontera.jpg\" class=\"attachment-large size-large wp-image-37628\" alt=\"La Chanca. Conil de la Frontera\" srcset=\"https:\/\/www.elturistatranquil.com\/wp-content\/uploads\/F88-La-Chanca.-Conil-de-la-Frontera.jpg 768w, https:\/\/www.elturistatranquil.com\/wp-content\/uploads\/F88-La-Chanca.-Conil-de-la-Frontera-339x226.jpg 339w\" sizes=\"(max-width: 768px) 100vw, 768px\" \/>\t\t\t\t\t\t\t\t\t\t\t<figcaption class=\"widget-image-caption wp-caption-text\"><\/figcaption>\n\t\t\t\t\t\t\t\t\t\t<\/figure>\n\t\t\t\t\t\t\t\t\t<\/div>\n\t\t\t\t<\/div>\n\t\t\t\t<div class=\"elementor-element elementor-element-79dd839 elementor-widget elementor-widget-image\" data-id=\"79dd839\" data-element_type=\"widget\" data-e-type=\"widget\" data-widget_type=\"image.default\">\n\t\t\t\t<div class=\"elementor-widget-container\">\n\t\t\t\t\t\t\t\t\t\t\t\t<figure class=\"wp-caption\">\n\t\t\t\t\t\t\t\t\t\t<img loading=\"lazy\" decoding=\"async\" width=\"768\" height=\"512\" src=\"https:\/\/www.elturistatranquil.com\/wp-content\/uploads\/F89-La-Chanca.-Conil-de-la-Frontera.jpg\" class=\"attachment-large size-large wp-image-37633\" alt=\"La Chanca. Conil de la Frontera\" srcset=\"https:\/\/www.elturistatranquil.com\/wp-content\/uploads\/F89-La-Chanca.-Conil-de-la-Frontera.jpg 768w, https:\/\/www.elturistatranquil.com\/wp-content\/uploads\/F89-La-Chanca.-Conil-de-la-Frontera-339x226.jpg 339w\" sizes=\"(max-width: 768px) 100vw, 768px\" \/>\t\t\t\t\t\t\t\t\t\t\t<figcaption class=\"widget-image-caption wp-caption-text\"><\/figcaption>\n\t\t\t\t\t\t\t\t\t\t<\/figure>\n\t\t\t\t\t\t\t\t\t<\/div>\n\t\t\t\t<\/div>\n\t\t\t\t<div class=\"elementor-element elementor-element-0aabfa2 elementor-widget elementor-widget-text-editor\" data-id=\"0aabfa2\" data-element_type=\"widget\" data-e-type=\"widget\" data-widget_type=\"text-editor.default\">\n\t\t\t\t<div class=\"elementor-widget-container\">\n\t\t\t\t\t\t\t\t\t<p>L\u2019almadrava \u00e9s un art de pesca mil\u00b7lenari existent des d&#8217;\u00e8poca dels fenicis, quan ja el feien servir a les costes gaditanes.<\/p><p>Consisteix a instal\u00b7lar un laberint de xarxes al pas de la tonyina vermella, quan aquesta es dirigeix des de l&#8217;Atl\u00e0ntic a la Mediterr\u00e0nia per reproduir-se. Els pescadors aprofiten aquest moviment migratori per conduir les tonyines a les seves xarxes, on un cop reunits procedeixen a capturar-les.<\/p><p>Hi ha diferents maneres de fer-ho, a la maqueta una almadrava de tir o vesta.<\/p>\t\t\t\t\t\t\t\t<\/div>\n\t\t\t\t<\/div>\n\t\t\t\t<div class=\"elementor-element elementor-element-8774c78 elementor-widget elementor-widget-menu-anchor\" data-id=\"8774c78\" data-element_type=\"widget\" data-e-type=\"widget\" data-widget_type=\"menu-anchor.default\">\n\t\t\t\t<div class=\"elementor-widget-container\">\n\t\t\t\t\t\t\t<div class=\"elementor-menu-anchor\" id=\"c7011\"><\/div>\n\t\t\t\t\t\t<\/div>\n\t\t\t\t<\/div>\n\t\t\t\t<div class=\"elementor-element elementor-element-c297580 elementor-widget elementor-widget-image\" data-id=\"c297580\" data-element_type=\"widget\" data-e-type=\"widget\" data-widget_type=\"image.default\">\n\t\t\t\t<div class=\"elementor-widget-container\">\n\t\t\t\t\t\t\t\t\t\t\t\t<figure class=\"wp-caption\">\n\t\t\t\t\t\t\t\t\t\t<img loading=\"lazy\" decoding=\"async\" width=\"768\" height=\"489\" src=\"https:\/\/www.elturistatranquil.com\/wp-content\/uploads\/F90-La-Chanca.-Conil-de-la-Frontera.jpg\" class=\"attachment-large size-large wp-image-37635\" alt=\"La Chanca. Conil de la Frontera\" srcset=\"https:\/\/www.elturistatranquil.com\/wp-content\/uploads\/F90-La-Chanca.-Conil-de-la-Frontera.jpg 768w, https:\/\/www.elturistatranquil.com\/wp-content\/uploads\/F90-La-Chanca.-Conil-de-la-Frontera-339x216.jpg 339w\" sizes=\"(max-width: 768px) 100vw, 768px\" \/>\t\t\t\t\t\t\t\t\t\t\t<figcaption class=\"widget-image-caption wp-caption-text\"><\/figcaption>\n\t\t\t\t\t\t\t\t\t\t<\/figure>\n\t\t\t\t\t\t\t\t\t<\/div>\n\t\t\t\t<\/div>\n\t\t\t\t<div class=\"elementor-element elementor-element-740c571 elementor-widget elementor-widget-heading\" data-id=\"740c571\" data-element_type=\"widget\" data-e-type=\"widget\" data-widget_type=\"heading.default\">\n\t\t\t\t<div class=\"elementor-widget-container\">\n\t\t\t\t\t<h3 class=\"elementor-heading-title elementor-size-default\">Entorn del riu Salado i Prado i platja de Castilnovo<\/h3>\t\t\t\t<\/div>\n\t\t\t\t<\/div>\n\t\t\t\t<div class=\"elementor-element elementor-element-8c86438 elementor-widget elementor-widget-text-editor\" data-id=\"8c86438\" data-element_type=\"widget\" data-e-type=\"widget\" data-widget_type=\"text-editor.default\">\n\t\t\t\t<div class=\"elementor-widget-container\">\n\t\t\t\t\t\t\t\t\t<p>La seg\u00fcent \u00e0rea de visita \u00e9s ara a l\u2019<strong>Avinguda del R\u00edo<\/strong>, al costat del riu Salado.<\/p>\t\t\t\t\t\t\t\t<\/div>\n\t\t\t\t<\/div>\n\t\t\t\t<div class=\"elementor-element elementor-element-bed78ba elementor-widget elementor-widget-heading\" data-id=\"bed78ba\" data-element_type=\"widget\" data-e-type=\"widget\" data-widget_type=\"heading.default\">\n\t\t\t\t<div class=\"elementor-widget-container\">\n\t\t\t\t\t<h4 class=\"elementor-heading-title elementor-size-default\">Antic escorxador. Casa de la Joventut<\/h4>\t\t\t\t<\/div>\n\t\t\t\t<\/div>\n\t\t\t\t<div class=\"elementor-element elementor-element-d4a0f4e elementor-widget elementor-widget-text-editor\" data-id=\"d4a0f4e\" data-element_type=\"widget\" data-e-type=\"widget\" data-widget_type=\"text-editor.default\">\n\t\t\t\t<div class=\"elementor-widget-container\">\n\t\t\t\t\t\t\t\t\t<p>Aqu\u00ed es troba l&#8217;<strong>antic Escorxador Municipal<\/strong>, actual <strong>Casa de la Joventut<\/strong> (<strong>17<\/strong>), constru\u00eft el 1969-70, amb projecte dels arquitectes Jos\u00e9 L. de la Cerda M. i Miguel \u00c1ngel Ort\u00ed Robles.<\/p><p>\u00c9s una edificaci\u00f3 industrial per a la producci\u00f3 de carn de bov\u00ed, porc\u00ed i aus. Albergava naus per a matances, corrals per al bestiar, magatzem per a pells, forn crematori, despatxos i altres serveis. T\u00e9 planta circular, de 2.000 m<sup>2<\/sup>, els locals es disposaven en cercle al voltant de la construcci\u00f3 central. La seva estructura est\u00e0 formada per p\u00f2rtics de formig\u00f3 armat, amb tancament de ma\u00f3 i cobertes per voltes a la catalana entre p\u00f2rtic i p\u00f2rtic.<\/p><p>Va deixar de funcionar als anys 90 i actualment alberga la <strong>Casa de la Joventut<\/strong>. L&#8217;edifici est\u00e0 escollit a l&#8217;inventari del patrimoni immoble de l&#8217;Institut Andal\u00fas de Patrimoni Hist\u00f2ric.<\/p>\t\t\t\t\t\t\t\t<\/div>\n\t\t\t\t<\/div>\n\t\t\t\t<div class=\"elementor-element elementor-element-4d4d23f elementor-widget elementor-widget-image\" data-id=\"4d4d23f\" data-element_type=\"widget\" data-e-type=\"widget\" data-widget_type=\"image.default\">\n\t\t\t\t<div class=\"elementor-widget-container\">\n\t\t\t\t\t\t\t\t\t\t\t\t<figure class=\"wp-caption\">\n\t\t\t\t\t\t\t\t\t\t<img loading=\"lazy\" decoding=\"async\" width=\"768\" height=\"512\" src=\"https:\/\/www.elturistatranquil.com\/wp-content\/uploads\/F91-Antiguo-matadero.-Casa-de-la-Juventud.-Conil-de-la-Frontera.jpg\" class=\"attachment-large size-large wp-image-37637\" alt=\"Antiguo matadero. Casa de la Juventud. Conil de la Frontera\" srcset=\"https:\/\/www.elturistatranquil.com\/wp-content\/uploads\/F91-Antiguo-matadero.-Casa-de-la-Juventud.-Conil-de-la-Frontera.jpg 768w, https:\/\/www.elturistatranquil.com\/wp-content\/uploads\/F91-Antiguo-matadero.-Casa-de-la-Juventud.-Conil-de-la-Frontera-339x226.jpg 339w\" sizes=\"(max-width: 768px) 100vw, 768px\" \/>\t\t\t\t\t\t\t\t\t\t\t<figcaption class=\"widget-image-caption wp-caption-text\"><\/figcaption>\n\t\t\t\t\t\t\t\t\t\t<\/figure>\n\t\t\t\t\t\t\t\t\t<\/div>\n\t\t\t\t<\/div>\n\t\t\t\t<div class=\"elementor-element elementor-element-bf152c3 elementor-widget elementor-widget-heading\" data-id=\"bf152c3\" data-element_type=\"widget\" data-e-type=\"widget\" data-widget_type=\"heading.default\">\n\t\t\t\t<div class=\"elementor-widget-container\">\n\t\t\t\t\t<h4 class=\"elementor-heading-title elementor-size-default\">Riu Salado i passarel\u00b7la<\/h4>\t\t\t\t<\/div>\n\t\t\t\t<\/div>\n\t\t\t\t<div class=\"elementor-element elementor-element-48a5abc elementor-widget elementor-widget-text-editor\" data-id=\"48a5abc\" data-element_type=\"widget\" data-e-type=\"widget\" data-widget_type=\"text-editor.default\">\n\t\t\t\t<div class=\"elementor-widget-container\">\n\t\t\t\t\t\t\t\t\t<p>Seguint la llera del riu Salado arribo a la <strong>passarel\u00b7la de vianants<\/strong> (<strong>18<\/strong>), que d\u00f3na acc\u00e9s al Prado i platja de Castilnovo.<\/p>\t\t\t\t\t\t\t\t<\/div>\n\t\t\t\t<\/div>\n\t\t\t\t<div class=\"elementor-element elementor-element-d989df0 elementor-widget elementor-widget-image\" data-id=\"d989df0\" data-element_type=\"widget\" data-e-type=\"widget\" data-widget_type=\"image.default\">\n\t\t\t\t<div class=\"elementor-widget-container\">\n\t\t\t\t\t\t\t\t\t\t\t\t<figure class=\"wp-caption\">\n\t\t\t\t\t\t\t\t\t\t<img loading=\"lazy\" decoding=\"async\" width=\"768\" height=\"511\" src=\"https:\/\/www.elturistatranquil.com\/wp-content\/uploads\/F92-Rio-Salado.-Conil-de-la-Frontera.jpg\" class=\"attachment-large size-large wp-image-37639\" alt=\"Rio Salado. Conil de la Frontera\" srcset=\"https:\/\/www.elturistatranquil.com\/wp-content\/uploads\/F92-Rio-Salado.-Conil-de-la-Frontera.jpg 768w, https:\/\/www.elturistatranquil.com\/wp-content\/uploads\/F92-Rio-Salado.-Conil-de-la-Frontera-339x226.jpg 339w\" sizes=\"(max-width: 768px) 100vw, 768px\" \/>\t\t\t\t\t\t\t\t\t\t\t<figcaption class=\"widget-image-caption wp-caption-text\"><\/figcaption>\n\t\t\t\t\t\t\t\t\t\t<\/figure>\n\t\t\t\t\t\t\t\t\t<\/div>\n\t\t\t\t<\/div>\n\t\t\t\t<div class=\"elementor-element elementor-element-5940d36 elementor-widget elementor-widget-image\" data-id=\"5940d36\" data-element_type=\"widget\" data-e-type=\"widget\" data-widget_type=\"image.default\">\n\t\t\t\t<div class=\"elementor-widget-container\">\n\t\t\t\t\t\t\t\t\t\t\t\t<figure class=\"wp-caption\">\n\t\t\t\t\t\t\t\t\t\t<img loading=\"lazy\" decoding=\"async\" width=\"768\" height=\"512\" src=\"https:\/\/www.elturistatranquil.com\/wp-content\/uploads\/F93-Rio-Salado.-Conil-de-la-Frontera.jpg\" class=\"attachment-large size-large wp-image-37641\" alt=\"Rio Salado. Conil de la Frontera\" srcset=\"https:\/\/www.elturistatranquil.com\/wp-content\/uploads\/F93-Rio-Salado.-Conil-de-la-Frontera.jpg 768w, https:\/\/www.elturistatranquil.com\/wp-content\/uploads\/F93-Rio-Salado.-Conil-de-la-Frontera-339x226.jpg 339w\" sizes=\"(max-width: 768px) 100vw, 768px\" \/>\t\t\t\t\t\t\t\t\t\t\t<figcaption class=\"widget-image-caption wp-caption-text\"><\/figcaption>\n\t\t\t\t\t\t\t\t\t\t<\/figure>\n\t\t\t\t\t\t\t\t\t<\/div>\n\t\t\t\t<\/div>\n\t\t\t\t<div class=\"elementor-element elementor-element-9bc354a elementor-widget elementor-widget-heading\" data-id=\"9bc354a\" data-element_type=\"widget\" data-e-type=\"widget\" data-widget_type=\"heading.default\">\n\t\t\t\t<div class=\"elementor-widget-container\">\n\t\t\t\t\t<h4 class=\"elementor-heading-title elementor-size-default\">Sender del Prado de Castilnovo <\/h4>\t\t\t\t<\/div>\n\t\t\t\t<\/div>\n\t\t\t\t<div class=\"elementor-element elementor-element-bf9a0a6 elementor-widget elementor-widget-text-editor\" data-id=\"bf9a0a6\" data-element_type=\"widget\" data-e-type=\"widget\" data-widget_type=\"text-editor.default\">\n\t\t\t\t<div class=\"elementor-widget-container\">\n\t\t\t\t\t\t\t\t\t<p>A l&#8217;altra banda de la passarel\u00b7la s&#8217;inicia el <strong>sender del Prado de Castilnovo<\/strong>.<\/p>\t\t\t\t\t\t\t\t<\/div>\n\t\t\t\t<\/div>\n\t\t\t\t<div class=\"elementor-element elementor-element-63b0acb elementor-widget elementor-widget-image\" data-id=\"63b0acb\" data-element_type=\"widget\" data-e-type=\"widget\" data-widget_type=\"image.default\">\n\t\t\t\t<div class=\"elementor-widget-container\">\n\t\t\t\t\t\t\t\t\t\t\t\t<figure class=\"wp-caption\">\n\t\t\t\t\t\t\t\t\t\t<img loading=\"lazy\" decoding=\"async\" width=\"768\" height=\"512\" src=\"https:\/\/www.elturistatranquil.com\/wp-content\/uploads\/F94-Rio-Salado.-Prado-de-Castilnovo.-Conil-de-la-Frontera.jpg\" class=\"attachment-large size-large wp-image-37643\" alt=\"Rio Salado. Conil de la Frontera\" srcset=\"https:\/\/www.elturistatranquil.com\/wp-content\/uploads\/F94-Rio-Salado.-Prado-de-Castilnovo.-Conil-de-la-Frontera.jpg 768w, https:\/\/www.elturistatranquil.com\/wp-content\/uploads\/F94-Rio-Salado.-Prado-de-Castilnovo.-Conil-de-la-Frontera-339x226.jpg 339w\" sizes=\"(max-width: 768px) 100vw, 768px\" \/>\t\t\t\t\t\t\t\t\t\t\t<figcaption class=\"widget-image-caption wp-caption-text\"><\/figcaption>\n\t\t\t\t\t\t\t\t\t\t<\/figure>\n\t\t\t\t\t\t\t\t\t<\/div>\n\t\t\t\t<\/div>\n\t\t\t\t<div class=\"elementor-element elementor-element-a0abfde elementor-widget elementor-widget-text-editor\" data-id=\"a0abfde\" data-element_type=\"widget\" data-e-type=\"widget\" data-widget_type=\"text-editor.default\">\n\t\t\t\t<div class=\"elementor-widget-container\">\n\t\t\t\t\t\t\t\t\t<p>Des d\u00b4aquest punt s\u00b4obt\u00e9 una de les imatges m\u00e9s interessants de la vila.<\/p>\t\t\t\t\t\t\t\t<\/div>\n\t\t\t\t<\/div>\n\t\t\t\t<div class=\"elementor-element elementor-element-4da7cc5 elementor-widget elementor-widget-image\" data-id=\"4da7cc5\" data-element_type=\"widget\" data-e-type=\"widget\" data-widget_type=\"image.default\">\n\t\t\t\t<div class=\"elementor-widget-container\">\n\t\t\t\t\t\t\t\t\t\t\t\t<figure class=\"wp-caption\">\n\t\t\t\t\t\t\t\t\t\t<img loading=\"lazy\" decoding=\"async\" width=\"768\" height=\"511\" src=\"https:\/\/www.elturistatranquil.com\/wp-content\/uploads\/F00-Conil-de-la-Frontera.jpg\" class=\"attachment-large size-large wp-image-37645\" alt=\"Conil de la Frontera\" srcset=\"https:\/\/www.elturistatranquil.com\/wp-content\/uploads\/F00-Conil-de-la-Frontera.jpg 768w, https:\/\/www.elturistatranquil.com\/wp-content\/uploads\/F00-Conil-de-la-Frontera-339x226.jpg 339w\" sizes=\"(max-width: 768px) 100vw, 768px\" \/>\t\t\t\t\t\t\t\t\t\t\t<figcaption class=\"widget-image-caption wp-caption-text\"><\/figcaption>\n\t\t\t\t\t\t\t\t\t\t<\/figure>\n\t\t\t\t\t\t\t\t\t<\/div>\n\t\t\t\t<\/div>\n\t\t\t\t<div class=\"elementor-element elementor-element-3262bcb elementor-widget elementor-widget-text-editor\" data-id=\"3262bcb\" data-element_type=\"widget\" data-e-type=\"widget\" data-widget_type=\"text-editor.default\">\n\t\t\t\t<div class=\"elementor-widget-container\">\n\t\t\t\t\t\t\t\t\t<p>Els excepcionals valors naturals i paisatg\u00edstics que ofereix la zona de Castilnovo es poden gaudir a trav\u00e9s d&#8217;un cam\u00ed d&#8217;aproximadament 3 km i mig de longitud que discorre paral\u00b7lelament per la l\u00ednia de transici\u00f3 entre el prat, l&#8217;aiguamoll i el sistema dunar, finalitzant al <strong>riu Conilete<\/strong>, l\u00edmit del municipi de Conil de la Frontera.<\/p><p>Al llarg del sender, s&#8217;observen els diferents tipus d&#8217;h\u00e0bitat present a la zona, com s\u00f3n l&#8217;aiguamoll i els estuaris costaners, els sistemes dunars, el maresme i les pastures salines, aix\u00ed com les formacions herboses naturals.<\/p>\t\t\t\t\t\t\t\t<\/div>\n\t\t\t\t<\/div>\n\t\t\t\t<div class=\"elementor-element elementor-element-006a3ba elementor-widget elementor-widget-heading\" data-id=\"006a3ba\" data-element_type=\"widget\" data-e-type=\"widget\" data-widget_type=\"heading.default\">\n\t\t\t\t<div class=\"elementor-widget-container\">\n\t\t\t\t\t<h4 class=\"elementor-heading-title elementor-size-default\">Cortijo-Vaquer\u00eda del Prado<\/h4>\t\t\t\t<\/div>\n\t\t\t\t<\/div>\n\t\t\t\t<div class=\"elementor-element elementor-element-e9098bc elementor-widget elementor-widget-text-editor\" data-id=\"e9098bc\" data-element_type=\"widget\" data-e-type=\"widget\" data-widget_type=\"text-editor.default\">\n\t\t\t\t<div class=\"elementor-widget-container\">\n\t\t\t\t\t\t\t\t\t<p>El primer element constru\u00eft que apareix a l&#8217;esquerra \u00e9s el <strong>Cortijo-Vaquer\u00eda del Prado<\/strong> (<strong>19<\/strong>), probablement del segle XIX.<\/p><p>Als grans murs que donen a la <strong>platja de El Palmar<\/strong>, de 70&#215;6 metres, el pintor Adri\u00e1n Torres va realitzar el 2017 el gran mural \u201c<strong>Retintas<\/strong>\u201d, dedicat a la vaca retinta, esp\u00e8cie aut\u00f2ctona.<\/p>\t\t\t\t\t\t\t\t<\/div>\n\t\t\t\t<\/div>\n\t\t\t\t<div class=\"elementor-element elementor-element-c0eceea elementor-widget elementor-widget-image\" data-id=\"c0eceea\" data-element_type=\"widget\" data-e-type=\"widget\" data-widget_type=\"image.default\">\n\t\t\t\t<div class=\"elementor-widget-container\">\n\t\t\t\t\t\t\t\t\t\t\t\t<figure class=\"wp-caption\">\n\t\t\t\t\t\t\t\t\t\t<img loading=\"lazy\" decoding=\"async\" width=\"768\" height=\"512\" src=\"https:\/\/www.elturistatranquil.com\/wp-content\/uploads\/F96-Cortijo-Vaqueria-del-Prado.-Conil-de-la-Frontera.jpg\" class=\"attachment-large size-large wp-image-37647\" alt=\"Cortijo-Vaqueria del Prado. Conil de la Frontera\" srcset=\"https:\/\/www.elturistatranquil.com\/wp-content\/uploads\/F96-Cortijo-Vaqueria-del-Prado.-Conil-de-la-Frontera.jpg 768w, https:\/\/www.elturistatranquil.com\/wp-content\/uploads\/F96-Cortijo-Vaqueria-del-Prado.-Conil-de-la-Frontera-339x226.jpg 339w\" sizes=\"(max-width: 768px) 100vw, 768px\" \/>\t\t\t\t\t\t\t\t\t\t\t<figcaption class=\"widget-image-caption wp-caption-text\"><\/figcaption>\n\t\t\t\t\t\t\t\t\t\t<\/figure>\n\t\t\t\t\t\t\t\t\t<\/div>\n\t\t\t\t<\/div>\n\t\t\t\t<div class=\"elementor-element elementor-element-2324520 elementor-widget elementor-widget-text-editor\" data-id=\"2324520\" data-element_type=\"widget\" data-e-type=\"widget\" data-widget_type=\"text-editor.default\">\n\t\t\t\t<div class=\"elementor-widget-container\">\n\t\t\t\t\t\t\t\t\t<p>Al costat del sender, depenent de l&#8217;\u00e8poca, \u00e9s habitual trobar-nos amb la pres\u00e8ncia d&#8217;aquests animals pasturant lliurement als prats de la zona.<\/p><p>Les vaques de ra\u00e7a retinta formen part del paisatge litoral. Des de temps remots es t\u00e9 not\u00edcia de l\u2019exist\u00e8ncia d\u2019aquests animals. No despertaven gran inter\u00e8s, exceptuant els vilatans, per\u00f2 actualment van adquirint un gran renom a escala nacional a causa de la qualitat i la vermellor de la seva carn.<\/p>\t\t\t\t\t\t\t\t<\/div>\n\t\t\t\t<\/div>\n\t\t\t\t<div class=\"elementor-element elementor-element-19be6ae elementor-widget elementor-widget-image\" data-id=\"19be6ae\" data-element_type=\"widget\" data-e-type=\"widget\" data-widget_type=\"image.default\">\n\t\t\t\t<div class=\"elementor-widget-container\">\n\t\t\t\t\t\t\t\t\t\t\t\t<figure class=\"wp-caption\">\n\t\t\t\t\t\t\t\t\t\t<img loading=\"lazy\" decoding=\"async\" width=\"768\" height=\"512\" src=\"https:\/\/www.elturistatranquil.com\/wp-content\/uploads\/F97-Vaca-Retinta.-Conil-de-la-Frontera.jpg\" class=\"attachment-large size-large wp-image-37649\" alt=\"Vaca Retinta. Conil de la Frontera\" srcset=\"https:\/\/www.elturistatranquil.com\/wp-content\/uploads\/F97-Vaca-Retinta.-Conil-de-la-Frontera.jpg 768w, https:\/\/www.elturistatranquil.com\/wp-content\/uploads\/F97-Vaca-Retinta.-Conil-de-la-Frontera-339x226.jpg 339w\" sizes=\"(max-width: 768px) 100vw, 768px\" \/>\t\t\t\t\t\t\t\t\t\t\t<figcaption class=\"widget-image-caption wp-caption-text\"><\/figcaption>\n\t\t\t\t\t\t\t\t\t\t<\/figure>\n\t\t\t\t\t\t\t\t\t<\/div>\n\t\t\t\t<\/div>\n\t\t\t\t<div class=\"elementor-element elementor-element-bbd0d18 elementor-widget elementor-widget-image\" data-id=\"bbd0d18\" data-element_type=\"widget\" data-e-type=\"widget\" data-widget_type=\"image.default\">\n\t\t\t\t<div class=\"elementor-widget-container\">\n\t\t\t\t\t\t\t\t\t\t\t\t<figure class=\"wp-caption\">\n\t\t\t\t\t\t\t\t\t\t<img loading=\"lazy\" decoding=\"async\" width=\"768\" height=\"512\" src=\"https:\/\/www.elturistatranquil.com\/wp-content\/uploads\/F99-Vaca-Retinta.-Conil-de-la-Frontera.jpg\" class=\"attachment-large size-large wp-image-37653\" alt=\"Vaca Retinta. Conil de la Frontera\" srcset=\"https:\/\/www.elturistatranquil.com\/wp-content\/uploads\/F99-Vaca-Retinta.-Conil-de-la-Frontera.jpg 768w, https:\/\/www.elturistatranquil.com\/wp-content\/uploads\/F99-Vaca-Retinta.-Conil-de-la-Frontera-339x226.jpg 339w\" sizes=\"(max-width: 768px) 100vw, 768px\" \/>\t\t\t\t\t\t\t\t\t\t\t<figcaption class=\"widget-image-caption wp-caption-text\"><\/figcaption>\n\t\t\t\t\t\t\t\t\t\t<\/figure>\n\t\t\t\t\t\t\t\t\t<\/div>\n\t\t\t\t<\/div>\n\t\t\t\t<div class=\"elementor-element elementor-element-4c38b97 elementor-widget elementor-widget-text-editor\" data-id=\"4c38b97\" data-element_type=\"widget\" data-e-type=\"widget\" data-widget_type=\"text-editor.default\">\n\t\t\t\t<div class=\"elementor-widget-container\">\n\t\t\t\t\t\t\t\t\t<p>Una mica m\u00e9s endavant, el <strong>pou i abeurador del Prado<\/strong> ha de ser de comen\u00e7aments del segle XIX. Del gran pou arrenca un llarg pil\u00f3 per a abeurador.<\/p>\t\t\t\t\t\t\t\t<\/div>\n\t\t\t\t<\/div>\n\t\t\t\t<div class=\"elementor-element elementor-element-4c14230 elementor-widget elementor-widget-image\" data-id=\"4c14230\" data-element_type=\"widget\" data-e-type=\"widget\" data-widget_type=\"image.default\">\n\t\t\t\t<div class=\"elementor-widget-container\">\n\t\t\t\t\t\t\t\t\t\t\t\t<figure class=\"wp-caption\">\n\t\t\t\t\t\t\t\t\t\t<img loading=\"lazy\" decoding=\"async\" width=\"768\" height=\"512\" src=\"https:\/\/www.elturistatranquil.com\/wp-content\/uploads\/F98-Pozo-y-abrevadero-del-Prado.-Conil-de-la-Frontera.jpg\" class=\"attachment-large size-large wp-image-37651\" alt=\"Pozo y abrevadero del Prado. Conil de la Frontera\" srcset=\"https:\/\/www.elturistatranquil.com\/wp-content\/uploads\/F98-Pozo-y-abrevadero-del-Prado.-Conil-de-la-Frontera.jpg 768w, https:\/\/www.elturistatranquil.com\/wp-content\/uploads\/F98-Pozo-y-abrevadero-del-Prado.-Conil-de-la-Frontera-339x226.jpg 339w\" sizes=\"(max-width: 768px) 100vw, 768px\" \/>\t\t\t\t\t\t\t\t\t\t\t<figcaption class=\"widget-image-caption wp-caption-text\"><\/figcaption>\n\t\t\t\t\t\t\t\t\t\t<\/figure>\n\t\t\t\t\t\t\t\t\t<\/div>\n\t\t\t\t<\/div>\n\t\t\t\t<div class=\"elementor-element elementor-element-ce6fbff elementor-widget elementor-widget-heading\" data-id=\"ce6fbff\" data-element_type=\"widget\" data-e-type=\"widget\" data-widget_type=\"heading.default\">\n\t\t\t\t<div class=\"elementor-widget-container\">\n\t\t\t\t\t<h4 class=\"elementor-heading-title elementor-size-default\">B\u00fanquer de Conil de la Frontera (B\u00fcnquer de Castilnovo 1, B\u00fcnquer de Castilnovo 2)<\/h4>\t\t\t\t<\/div>\n\t\t\t\t<\/div>\n\t\t\t\t<div class=\"elementor-element elementor-element-543413f elementor-widget elementor-widget-text-editor\" data-id=\"543413f\" data-element_type=\"widget\" data-e-type=\"widget\" data-widget_type=\"text-editor.default\">\n\t\t\t\t<div class=\"elementor-widget-container\">\n\t\t\t\t\t\t\t\t\t<p>Un dels efectes de la Segona Guerra Mundial en aquesta zona va ser la construcci\u00f3 de b\u00fanquers al llarg de la costa atl\u00e0ntica, constru\u00efts al voltant de 1940, per fer front a un eventual desembarcament aliat, at\u00e8s el suport encobert de R\u00e8gim a les pot\u00e8ncies de l&#8217;Eix .<\/p><p>A Conil se&#8217;n trobes alguns, dels quals tres en aquesta platja.<\/p><p>M&#8217;apropo fins al primer, el <strong>b\u00fanquer de Conil de la Frontera<\/strong> (<strong>20<\/strong>). El seu estat de conservaci\u00f3 no \u00e9s gaire satisfactori, mig cobert per la sorra. Seria interessant recuperar-ho com a testimoni d&#8217;una etapa hist\u00f2rica m\u00e9s recent.<\/p><p>Al llarg de la platja es troben dos bunquers m\u00e9s: <strong>b\u00fcnquer de Castilnovo 1<\/strong> i <strong>b\u00fcnquer de Castilnovo 2<\/strong>.<\/p>\t\t\t\t\t\t\t\t<\/div>\n\t\t\t\t<\/div>\n\t\t\t\t<div class=\"elementor-element elementor-element-74ae0d2 elementor-widget elementor-widget-image\" data-id=\"74ae0d2\" data-element_type=\"widget\" data-e-type=\"widget\" data-widget_type=\"image.default\">\n\t\t\t\t<div class=\"elementor-widget-container\">\n\t\t\t\t\t\t\t\t\t\t\t\t<figure class=\"wp-caption\">\n\t\t\t\t\t\t\t\t\t\t<img loading=\"lazy\" decoding=\"async\" width=\"768\" height=\"512\" src=\"https:\/\/www.elturistatranquil.com\/wp-content\/uploads\/F100-Bunker-de-Conil.-Conil-de-la-Frontera.jpg\" class=\"attachment-large size-large wp-image-37655\" alt=\"Bunker de Conil. Conil de la Frontera\" srcset=\"https:\/\/www.elturistatranquil.com\/wp-content\/uploads\/F100-Bunker-de-Conil.-Conil-de-la-Frontera.jpg 768w, https:\/\/www.elturistatranquil.com\/wp-content\/uploads\/F100-Bunker-de-Conil.-Conil-de-la-Frontera-339x226.jpg 339w\" sizes=\"(max-width: 768px) 100vw, 768px\" \/>\t\t\t\t\t\t\t\t\t\t\t<figcaption class=\"widget-image-caption wp-caption-text\"><\/figcaption>\n\t\t\t\t\t\t\t\t\t\t<\/figure>\n\t\t\t\t\t\t\t\t\t<\/div>\n\t\t\t\t<\/div>\n\t\t\t\t<div class=\"elementor-element elementor-element-c72c629 elementor-widget elementor-widget-heading\" data-id=\"c72c629\" data-element_type=\"widget\" data-e-type=\"widget\" data-widget_type=\"heading.default\">\n\t\t\t\t<div class=\"elementor-widget-container\">\n\t\t\t\t\t<h4 class=\"elementor-heading-title elementor-size-default\">Humedales de Castilnovo <\/h4>\t\t\t\t<\/div>\n\t\t\t\t<\/div>\n\t\t\t\t<div class=\"elementor-element elementor-element-3d74e40 elementor-widget elementor-widget-text-editor\" data-id=\"3d74e40\" data-element_type=\"widget\" data-e-type=\"widget\" data-widget_type=\"text-editor.default\">\n\t\t\t\t<div class=\"elementor-widget-container\">\n\t\t\t\t\t\t\t\t\t<p>L&#8217;<strong>aiguamoll de Castilnovo<\/strong> i el <strong>cord\u00f3 dunar<\/strong> est\u00e0 conformat per l&#8217;estuari del riu Salado amb retalls de maresmes mareals als seus marges, una gran extensi\u00f3 antigament utilitzada com a explotaci\u00f3 salinera i un complex de llacunes costaner, connectada en gran part amb el riu i situat darrere del primer front dunar costaner i inundable, tant marealment com per la desc\u00e0rrega del fre\u00e0tic cap al mar. Darrere d&#8217;aquestes llacunes es constitueix el <strong>Prat de Castilnovo<\/strong>, amb una zona d&#8217;inundaci\u00f3 temporal i entollament per aig\u00fces menys salobres.<\/p>\t\t\t\t\t\t\t\t<\/div>\n\t\t\t\t<\/div>\n\t\t\t\t<div class=\"elementor-element elementor-element-345ef1e elementor-widget elementor-widget-heading\" data-id=\"345ef1e\" data-element_type=\"widget\" data-e-type=\"widget\" data-widget_type=\"heading.default\">\n\t\t\t\t<div class=\"elementor-widget-container\">\n\t\t\t\t\t<h4 class=\"elementor-heading-title elementor-size-default\">Torres Almenaras de la Costa. Torre guaita de Castilnovo<\/h4>\t\t\t\t<\/div>\n\t\t\t\t<\/div>\n\t\t\t\t<div class=\"elementor-element elementor-element-f47d127 elementor-widget elementor-widget-text-editor\" data-id=\"f47d127\" data-element_type=\"widget\" data-e-type=\"widget\" data-widget_type=\"text-editor.default\">\n\t\t\t\t<div class=\"elementor-widget-container\">\n\t\t\t\t\t\t\t\t\t<p>A la hist\u00f2ria de Conil ja hem vist apar\u00e8ixer les <strong>torres almenaras<\/strong>. Aqu\u00ed se situa la <strong>torre de Castilnovo<\/strong> (<strong>21<\/strong>), que s&#8217;albira des de qualsevol punt de la costa de Conil. \u00c9s la de m\u00e9s import\u00e0ncia a Conil despr\u00e9s de la torre de Guzm\u00e1n, ja que tenia doble missi\u00f3: defensiva i d&#8217;ajuda a l&#8217;almadrava del seu nom. L&#8217;altra torre important, la torre Roche, la veurem situada a la costa nord.<\/p><p>Formava part d&#8217;un recinte emmurallat, una petita fortalesa amb alcaide. El recinte va ser destrossat pel tsunami de l&#8217;1 de novembre de 1755.<\/p>\t\t\t\t\t\t\t\t<\/div>\n\t\t\t\t<\/div>\n\t\t\t\t<div class=\"elementor-element elementor-element-8cd1e01 elementor-widget elementor-widget-image\" data-id=\"8cd1e01\" data-element_type=\"widget\" data-e-type=\"widget\" data-widget_type=\"image.default\">\n\t\t\t\t<div class=\"elementor-widget-container\">\n\t\t\t\t\t\t\t\t\t\t\t\t<figure class=\"wp-caption\">\n\t\t\t\t\t\t\t\t\t\t<img loading=\"lazy\" decoding=\"async\" width=\"768\" height=\"512\" src=\"https:\/\/www.elturistatranquil.com\/wp-content\/uploads\/F101-Prado-y-Torre-de-Castilnovo.-Conil-de-la-Frontera.jpg\" class=\"attachment-large size-large wp-image-37657\" alt=\"Prado y Torre de Castilnovo. Conil de la Frontera\" srcset=\"https:\/\/www.elturistatranquil.com\/wp-content\/uploads\/F101-Prado-y-Torre-de-Castilnovo.-Conil-de-la-Frontera.jpg 768w, https:\/\/www.elturistatranquil.com\/wp-content\/uploads\/F101-Prado-y-Torre-de-Castilnovo.-Conil-de-la-Frontera-339x226.jpg 339w\" sizes=\"(max-width: 768px) 100vw, 768px\" \/>\t\t\t\t\t\t\t\t\t\t\t<figcaption class=\"widget-image-caption wp-caption-text\"><\/figcaption>\n\t\t\t\t\t\t\t\t\t\t<\/figure>\n\t\t\t\t\t\t\t\t\t<\/div>\n\t\t\t\t<\/div>\n\t\t\t\t<div class=\"elementor-element elementor-element-a0119ea elementor-widget elementor-widget-text-editor\" data-id=\"a0119ea\" data-element_type=\"widget\" data-e-type=\"widget\" data-widget_type=\"text-editor.default\">\n\t\t\t\t<div class=\"elementor-widget-container\">\n\t\t\t\t\t\t\t\t\t<p>Del segle XVI, la torre \u00e9s de planta quadrada de 8,5 metres de costat i 8,5 metres d&#8217;al\u00e7ada elevant-se lleugerament trapezoidal. De paredat amb els cantons de carreuat i quatre nivells interiors.<\/p><p><em>B\u00e9 d\u2019Inter\u00e8s Cultural<\/em> des del 1949.<\/p>\t\t\t\t\t\t\t\t<\/div>\n\t\t\t\t<\/div>\n\t\t\t\t<div class=\"elementor-element elementor-element-52f6cdc elementor-widget elementor-widget-image\" data-id=\"52f6cdc\" data-element_type=\"widget\" data-e-type=\"widget\" data-widget_type=\"image.default\">\n\t\t\t\t<div class=\"elementor-widget-container\">\n\t\t\t\t\t\t\t\t\t\t\t\t<figure class=\"wp-caption\">\n\t\t\t\t\t\t\t\t\t\t<img loading=\"lazy\" decoding=\"async\" width=\"489\" height=\"550\" src=\"https:\/\/www.elturistatranquil.com\/wp-content\/uploads\/F102-Prado-y-Torre-de-Castilnovo.-Conil-de-la-Frontera.-Foto-Ayuntamiento-de-Conil.jpg\" class=\"attachment-large size-large wp-image-37659\" alt=\"Prado y Torre de Castilnovo. Conil de la Frontera. Foto-Ayuntamiento de Conil\" srcset=\"https:\/\/www.elturistatranquil.com\/wp-content\/uploads\/F102-Prado-y-Torre-de-Castilnovo.-Conil-de-la-Frontera.-Foto-Ayuntamiento-de-Conil.jpg 489w, https:\/\/www.elturistatranquil.com\/wp-content\/uploads\/F102-Prado-y-Torre-de-Castilnovo.-Conil-de-la-Frontera.-Foto-Ayuntamiento-de-Conil-201x226.jpg 201w\" sizes=\"(max-width: 489px) 100vw, 489px\" \/>\t\t\t\t\t\t\t\t\t\t\t<figcaption class=\"widget-image-caption wp-caption-text\">(Foto: Ayuntamiento de Conil de la Frontera)<\/figcaption>\n\t\t\t\t\t\t\t\t\t\t<\/figure>\n\t\t\t\t\t\t\t\t\t<\/div>\n\t\t\t\t<\/div>\n\t\t\t\t<div class=\"elementor-element elementor-element-4a4095d elementor-widget elementor-widget-text-editor\" data-id=\"4a4095d\" data-element_type=\"widget\" data-e-type=\"widget\" data-widget_type=\"text-editor.default\">\n\t\t\t\t<div class=\"elementor-widget-container\">\n\t\t\t\t\t\t\t\t\t<p>En el cam\u00ed de tornada disposem d&#8217;una bella imatge del perfil de Conil de lluny.<\/p>\t\t\t\t\t\t\t\t<\/div>\n\t\t\t\t<\/div>\n\t\t\t\t<div class=\"elementor-element elementor-element-b471cfe elementor-widget elementor-widget-menu-anchor\" data-id=\"b471cfe\" data-element_type=\"widget\" data-e-type=\"widget\" data-widget_type=\"menu-anchor.default\">\n\t\t\t\t<div class=\"elementor-widget-container\">\n\t\t\t\t\t\t\t<div class=\"elementor-menu-anchor\" id=\"c7012\"><\/div>\n\t\t\t\t\t\t<\/div>\n\t\t\t\t<\/div>\n\t\t\t\t<div class=\"elementor-element elementor-element-f1d3ce2 elementor-widget elementor-widget-image\" data-id=\"f1d3ce2\" data-element_type=\"widget\" data-e-type=\"widget\" data-widget_type=\"image.default\">\n\t\t\t\t<div class=\"elementor-widget-container\">\n\t\t\t\t\t\t\t\t\t\t\t\t<figure class=\"wp-caption\">\n\t\t\t\t\t\t\t\t\t\t<img loading=\"lazy\" decoding=\"async\" width=\"768\" height=\"512\" src=\"https:\/\/www.elturistatranquil.com\/wp-content\/uploads\/F103-Conil-de-la-Frontera.jpg\" class=\"attachment-large size-large wp-image-37661\" alt=\"Conil de la Frontera\" srcset=\"https:\/\/www.elturistatranquil.com\/wp-content\/uploads\/F103-Conil-de-la-Frontera.jpg 768w, https:\/\/www.elturistatranquil.com\/wp-content\/uploads\/F103-Conil-de-la-Frontera-339x226.jpg 339w\" sizes=\"(max-width: 768px) 100vw, 768px\" \/>\t\t\t\t\t\t\t\t\t\t\t<figcaption class=\"widget-image-caption wp-caption-text\"><\/figcaption>\n\t\t\t\t\t\t\t\t\t\t<\/figure>\n\t\t\t\t\t\t\t\t\t<\/div>\n\t\t\t\t<\/div>\n\t\t\t\t<div class=\"elementor-element elementor-element-81df4bd elementor-widget elementor-widget-heading\" data-id=\"81df4bd\" data-element_type=\"widget\" data-e-type=\"widget\" data-widget_type=\"heading.default\">\n\t\t\t\t<div class=\"elementor-widget-container\">\n\t\t\t\t\t<h3 class=\"elementor-heading-title elementor-size-default\">Fa\u00e7ana mar\u00edtima i platja<\/h3>\t\t\t\t<\/div>\n\t\t\t\t<\/div>\n\t\t\t\t<div class=\"elementor-element elementor-element-a9a7f01 elementor-widget elementor-widget-text-editor\" data-id=\"a9a7f01\" data-element_type=\"widget\" data-e-type=\"widget\" data-widget_type=\"text-editor.default\">\n\t\t\t\t<div class=\"elementor-widget-container\">\n\t\t\t\t\t\t\t\t\t<p>Finalment arribo a la fa\u00e7ana mar\u00edtima, recorreguda pel <strong>passeig de l&#8217;Atl\u00e0ntic<\/strong> (<strong>22<\/strong>), un ampli passeig mar\u00edtim.<\/p>\t\t\t\t\t\t\t\t<\/div>\n\t\t\t\t<\/div>\n\t\t\t\t<div class=\"elementor-element elementor-element-704de5a elementor-widget elementor-widget-image\" data-id=\"704de5a\" data-element_type=\"widget\" data-e-type=\"widget\" data-widget_type=\"image.default\">\n\t\t\t\t<div class=\"elementor-widget-container\">\n\t\t\t\t\t\t\t\t\t\t\t\t<figure class=\"wp-caption\">\n\t\t\t\t\t\t\t\t\t\t<img loading=\"lazy\" decoding=\"async\" width=\"768\" height=\"512\" src=\"https:\/\/www.elturistatranquil.com\/wp-content\/uploads\/F104-Paseo-del-Atlantico.-Conil-de-la-Frontera.jpg\" class=\"attachment-large size-large wp-image-37663\" alt=\"Paseo del Atl\u00e1ntico. Conil de la Frontera\" srcset=\"https:\/\/www.elturistatranquil.com\/wp-content\/uploads\/F104-Paseo-del-Atlantico.-Conil-de-la-Frontera.jpg 768w, https:\/\/www.elturistatranquil.com\/wp-content\/uploads\/F104-Paseo-del-Atlantico.-Conil-de-la-Frontera-339x226.jpg 339w\" sizes=\"(max-width: 768px) 100vw, 768px\" \/>\t\t\t\t\t\t\t\t\t\t\t<figcaption class=\"widget-image-caption wp-caption-text\"><\/figcaption>\n\t\t\t\t\t\t\t\t\t\t<\/figure>\n\t\t\t\t\t\t\t\t\t<\/div>\n\t\t\t\t<\/div>\n\t\t\t\t<div class=\"elementor-element elementor-element-cf7dc18 elementor-widget elementor-widget-image\" data-id=\"cf7dc18\" data-element_type=\"widget\" data-e-type=\"widget\" data-widget_type=\"image.default\">\n\t\t\t\t<div class=\"elementor-widget-container\">\n\t\t\t\t\t\t\t\t\t\t\t\t<figure class=\"wp-caption\">\n\t\t\t\t\t\t\t\t\t\t<img loading=\"lazy\" decoding=\"async\" width=\"768\" height=\"512\" src=\"https:\/\/www.elturistatranquil.com\/wp-content\/uploads\/F105-Paseo-del-Atlantico.-Conil-de-la-Frontera.jpg\" class=\"attachment-large size-large wp-image-37665\" alt=\"Paseo del Atl\u00e1ntico. Conil de la Frontera\" srcset=\"https:\/\/www.elturistatranquil.com\/wp-content\/uploads\/F105-Paseo-del-Atlantico.-Conil-de-la-Frontera.jpg 768w, https:\/\/www.elturistatranquil.com\/wp-content\/uploads\/F105-Paseo-del-Atlantico.-Conil-de-la-Frontera-339x226.jpg 339w\" sizes=\"(max-width: 768px) 100vw, 768px\" \/>\t\t\t\t\t\t\t\t\t\t\t<figcaption class=\"widget-image-caption wp-caption-text\"><\/figcaption>\n\t\t\t\t\t\t\t\t\t\t<\/figure>\n\t\t\t\t\t\t\t\t\t<\/div>\n\t\t\t\t<\/div>\n\t\t\t\t<div class=\"elementor-element elementor-element-b7d7b24 elementor-widget elementor-widget-image\" data-id=\"b7d7b24\" data-element_type=\"widget\" data-e-type=\"widget\" data-widget_type=\"image.default\">\n\t\t\t\t<div class=\"elementor-widget-container\">\n\t\t\t\t\t\t\t\t\t\t\t\t<figure class=\"wp-caption\">\n\t\t\t\t\t\t\t\t\t\t<img loading=\"lazy\" decoding=\"async\" width=\"768\" height=\"512\" src=\"https:\/\/www.elturistatranquil.com\/wp-content\/uploads\/F106-Conil-de-la-Frontera.jpg\" class=\"attachment-large size-large wp-image-37667\" alt=\"Conil de la Frontera\" srcset=\"https:\/\/www.elturistatranquil.com\/wp-content\/uploads\/F106-Conil-de-la-Frontera.jpg 768w, https:\/\/www.elturistatranquil.com\/wp-content\/uploads\/F106-Conil-de-la-Frontera-339x226.jpg 339w\" sizes=\"(max-width: 768px) 100vw, 768px\" \/>\t\t\t\t\t\t\t\t\t\t\t<figcaption class=\"widget-image-caption wp-caption-text\"><\/figcaption>\n\t\t\t\t\t\t\t\t\t\t<\/figure>\n\t\t\t\t\t\t\t\t\t<\/div>\n\t\t\t\t<\/div>\n\t\t\t\t<div class=\"elementor-element elementor-element-b5cb0bc elementor-widget elementor-widget-text-editor\" data-id=\"b5cb0bc\" data-element_type=\"widget\" data-e-type=\"widget\" data-widget_type=\"text-editor.default\">\n\t\t\t\t<div class=\"elementor-widget-container\">\n\t\t\t\t\t\t\t\t\t<p>Per arribar a la platja s&#8217;han de travessar uns aiguamolls i dunes, per aix\u00f2 s&#8217;han instal\u00b7lat unes magn\u00edfiques passarel\u00b7les de fusta.<\/p><p>Tingueu en compte que aquesta \u00e0mplia zona interm\u00e8dia fins a la sorra de la platja havia estat ocupada pel riu Salado at\u00e8s que la seva llera corria paral\u00b7lel a la platja fins a desembocar per la zona nord de Conil, actuant al seu torn de franja defensiva davant atacs per mar.<\/p>\t\t\t\t\t\t\t\t<\/div>\n\t\t\t\t<\/div>\n\t\t\t\t<div class=\"elementor-element elementor-element-5b3aa9e elementor-widget elementor-widget-image\" data-id=\"5b3aa9e\" data-element_type=\"widget\" data-e-type=\"widget\" data-widget_type=\"image.default\">\n\t\t\t\t<div class=\"elementor-widget-container\">\n\t\t\t\t\t\t\t\t\t\t\t\t<figure class=\"wp-caption\">\n\t\t\t\t\t\t\t\t\t\t<img loading=\"lazy\" decoding=\"async\" width=\"768\" height=\"512\" src=\"https:\/\/www.elturistatranquil.com\/wp-content\/uploads\/F107-Conil-de-la-Frontera.jpg\" class=\"attachment-large size-large wp-image-37669\" alt=\"Conil de la Frontera\" srcset=\"https:\/\/www.elturistatranquil.com\/wp-content\/uploads\/F107-Conil-de-la-Frontera.jpg 768w, https:\/\/www.elturistatranquil.com\/wp-content\/uploads\/F107-Conil-de-la-Frontera-339x226.jpg 339w\" sizes=\"(max-width: 768px) 100vw, 768px\" \/>\t\t\t\t\t\t\t\t\t\t\t<figcaption class=\"widget-image-caption wp-caption-text\"><\/figcaption>\n\t\t\t\t\t\t\t\t\t\t<\/figure>\n\t\t\t\t\t\t\t\t\t<\/div>\n\t\t\t\t<\/div>\n\t\t\t\t<div class=\"elementor-element elementor-element-4dc8676 elementor-widget elementor-widget-text-editor\" data-id=\"4dc8676\" data-element_type=\"widget\" data-e-type=\"widget\" data-widget_type=\"text-editor.default\">\n\t\t\t\t<div class=\"elementor-widget-container\">\n\t\t\t\t\t\t\t\t\t<p>Alhora, permet disposar d&#8217;una excel\u00b7lent perspectiva del conjunt urb\u00e0 exhibint el seu potent perfil blanc, sense que cap edifici faci desentonar la seva imatge de <strong>poble blanc de Cadis<\/strong>.<\/p>\t\t\t\t\t\t\t\t<\/div>\n\t\t\t\t<\/div>\n\t\t\t\t<div class=\"elementor-element elementor-element-a41396f elementor-widget elementor-widget-image\" data-id=\"a41396f\" data-element_type=\"widget\" data-e-type=\"widget\" data-widget_type=\"image.default\">\n\t\t\t\t<div class=\"elementor-widget-container\">\n\t\t\t\t\t\t\t\t\t\t\t\t<figure class=\"wp-caption\">\n\t\t\t\t\t\t\t\t\t\t<img loading=\"lazy\" decoding=\"async\" width=\"768\" height=\"512\" src=\"https:\/\/www.elturistatranquil.com\/wp-content\/uploads\/F108-Conil-de-la-Frontera.jpg\" class=\"attachment-large size-large wp-image-37671\" alt=\"Conil de la Frontera\" srcset=\"https:\/\/www.elturistatranquil.com\/wp-content\/uploads\/F108-Conil-de-la-Frontera.jpg 768w, https:\/\/www.elturistatranquil.com\/wp-content\/uploads\/F108-Conil-de-la-Frontera-339x226.jpg 339w\" sizes=\"(max-width: 768px) 100vw, 768px\" \/>\t\t\t\t\t\t\t\t\t\t\t<figcaption class=\"widget-image-caption wp-caption-text\"><\/figcaption>\n\t\t\t\t\t\t\t\t\t\t<\/figure>\n\t\t\t\t\t\t\t\t\t<\/div>\n\t\t\t\t<\/div>\n\t\t\t\t<div class=\"elementor-element elementor-element-8d74229 elementor-widget elementor-widget-text-editor\" data-id=\"8d74229\" data-element_type=\"widget\" data-e-type=\"widget\" data-widget_type=\"text-editor.default\">\n\t\t\t\t<div class=\"elementor-widget-container\">\n\t\t\t\t\t\t\t\t\t<p>L&#8217;ampla i rectil\u00ednia platja de sorra fina s&#8217;est\u00e9n m\u00e9s enll\u00e0 del nucli urb\u00e0 fins a la <strong>platja de Roqueo<\/strong>.<\/p><p>Dos quil\u00f2metres de platja urbana, als quals caldria afegir els tres quil\u00f2metres de platja salvatge des de la desembocadura del riu Salado fins al l\u00edmit del municipi, a la <strong>riera del Conilete<\/strong>, al costat de <strong>El Palmar de Vejer<\/strong>.<\/p><p>A partir d\u00b4aqu\u00ed s\u00b4inicia la zona de penya-segats que veurem en visitar el port i el seu entorn, que alhora conformen nombroses cales de gran encant i inter\u00e8s geomorfol\u00f2gic i ed\u00e0fic.<\/p>\t\t\t\t\t\t\t\t<\/div>\n\t\t\t\t<\/div>\n\t\t\t\t<div class=\"elementor-element elementor-element-2babf5e elementor-widget elementor-widget-image\" data-id=\"2babf5e\" data-element_type=\"widget\" data-e-type=\"widget\" data-widget_type=\"image.default\">\n\t\t\t\t<div class=\"elementor-widget-container\">\n\t\t\t\t\t\t\t\t\t\t\t\t<figure class=\"wp-caption\">\n\t\t\t\t\t\t\t\t\t\t<img loading=\"lazy\" decoding=\"async\" width=\"768\" height=\"512\" src=\"https:\/\/www.elturistatranquil.com\/wp-content\/uploads\/F109-Conil-de-la-Frontera.jpg\" class=\"attachment-large size-large wp-image-37677\" alt=\"Conil de la Frontera\" srcset=\"https:\/\/www.elturistatranquil.com\/wp-content\/uploads\/F109-Conil-de-la-Frontera.jpg 768w, https:\/\/www.elturistatranquil.com\/wp-content\/uploads\/F109-Conil-de-la-Frontera-339x226.jpg 339w\" sizes=\"(max-width: 768px) 100vw, 768px\" \/>\t\t\t\t\t\t\t\t\t\t\t<figcaption class=\"widget-image-caption wp-caption-text\"><\/figcaption>\n\t\t\t\t\t\t\t\t\t\t<\/figure>\n\t\t\t\t\t\t\t\t\t<\/div>\n\t\t\t\t<\/div>\n\t\t\t\t<div class=\"elementor-element elementor-element-616ba35 elementor-widget elementor-widget-heading\" data-id=\"616ba35\" data-element_type=\"widget\" data-e-type=\"widget\" data-widget_type=\"heading.default\">\n\t\t\t\t<div class=\"elementor-widget-container\">\n\t\t\t\t\t<h4 class=\"elementor-heading-title elementor-size-default\">Escultura \u00abEl Jabeguero\u00bb<\/h4>\t\t\t\t<\/div>\n\t\t\t\t<\/div>\n\t\t\t\t<div class=\"elementor-element elementor-element-b1fbe28 elementor-widget elementor-widget-text-editor\" data-id=\"b1fbe28\" data-element_type=\"widget\" data-e-type=\"widget\" data-widget_type=\"text-editor.default\">\n\t\t\t\t<div class=\"elementor-widget-container\">\n\t\t\t\t\t\t\t\t\t<p>Quan al final del passeig de l&#8217;Atl\u00e0ntic seguim pel <strong>cam\u00ed de la Fontanilla<\/strong>, als primers metres apareix l&#8217;escultura <strong>El Jabeguero<\/strong> (<strong>23<\/strong>). El jabeguero \u00e9s el pescador que utilitza l&#8217;art de la jabega.<\/p><p>\u00c9s un monument que l&#8217;Ajuntament de Conil va al\u00e7ar l&#8217;any 2003 en homenatge als homes de la mar.<\/p>\t\t\t\t\t\t\t\t<\/div>\n\t\t\t\t<\/div>\n\t\t\t\t<div class=\"elementor-element elementor-element-9a87985 elementor-widget elementor-widget-image\" data-id=\"9a87985\" data-element_type=\"widget\" data-e-type=\"widget\" data-widget_type=\"image.default\">\n\t\t\t\t<div class=\"elementor-widget-container\">\n\t\t\t\t\t\t\t\t\t\t\t\t<figure class=\"wp-caption\">\n\t\t\t\t\t\t\t\t\t\t<img loading=\"lazy\" decoding=\"async\" width=\"768\" height=\"511\" src=\"https:\/\/www.elturistatranquil.com\/wp-content\/uploads\/F110-El-Jabeguero.-Conil-de-la-Frontera.jpg\" class=\"attachment-large size-large wp-image-37679\" alt=\"El Jabeguero. Conil de la Frontera\" srcset=\"https:\/\/www.elturistatranquil.com\/wp-content\/uploads\/F110-El-Jabeguero.-Conil-de-la-Frontera.jpg 768w, https:\/\/www.elturistatranquil.com\/wp-content\/uploads\/F110-El-Jabeguero.-Conil-de-la-Frontera-339x226.jpg 339w\" sizes=\"(max-width: 768px) 100vw, 768px\" \/>\t\t\t\t\t\t\t\t\t\t\t<figcaption class=\"widget-image-caption wp-caption-text\"><\/figcaption>\n\t\t\t\t\t\t\t\t\t\t<\/figure>\n\t\t\t\t\t\t\t\t\t<\/div>\n\t\t\t\t<\/div>\n\t\t\t\t<div class=\"elementor-element elementor-element-04c2a66 elementor-widget elementor-widget-menu-anchor\" data-id=\"04c2a66\" data-element_type=\"widget\" data-e-type=\"widget\" data-widget_type=\"menu-anchor.default\">\n\t\t\t\t<div class=\"elementor-widget-container\">\n\t\t\t\t\t\t\t<div class=\"elementor-menu-anchor\" id=\"c7013\"><\/div>\n\t\t\t\t\t\t<\/div>\n\t\t\t\t<\/div>\n\t\t\t\t<div class=\"elementor-element elementor-element-11eb0b7 elementor-widget elementor-widget-image\" data-id=\"11eb0b7\" data-element_type=\"widget\" data-e-type=\"widget\" data-widget_type=\"image.default\">\n\t\t\t\t<div class=\"elementor-widget-container\">\n\t\t\t\t\t\t\t\t\t\t\t\t<figure class=\"wp-caption\">\n\t\t\t\t\t\t\t\t\t\t<img loading=\"lazy\" decoding=\"async\" width=\"768\" height=\"511\" src=\"https:\/\/www.elturistatranquil.com\/wp-content\/uploads\/F111-Conil-de-la-Frontera.jpg\" class=\"attachment-large size-large wp-image-37681\" alt=\"Conil de la Frontera\" srcset=\"https:\/\/www.elturistatranquil.com\/wp-content\/uploads\/F111-Conil-de-la-Frontera.jpg 768w, https:\/\/www.elturistatranquil.com\/wp-content\/uploads\/F111-Conil-de-la-Frontera-339x226.jpg 339w\" sizes=\"(max-width: 768px) 100vw, 768px\" \/>\t\t\t\t\t\t\t\t\t\t\t<figcaption class=\"widget-image-caption wp-caption-text\"><\/figcaption>\n\t\t\t\t\t\t\t\t\t\t<\/figure>\n\t\t\t\t\t\t\t\t\t<\/div>\n\t\t\t\t<\/div>\n\t\t\t\t<div class=\"elementor-element elementor-element-8bea433 elementor-widget elementor-widget-heading\" data-id=\"8bea433\" data-element_type=\"widget\" data-e-type=\"widget\" data-widget_type=\"heading.default\">\n\t\t\t\t<div class=\"elementor-widget-container\">\n\t\t\t\t\t<h3 class=\"elementor-heading-title elementor-size-default\">Port de Conil i Roche<\/h3>\t\t\t\t<\/div>\n\t\t\t\t<\/div>\n\t\t\t\t<div class=\"elementor-element elementor-element-c8ab537 elementor-widget elementor-widget-text-editor\" data-id=\"c8ab537\" data-element_type=\"widget\" data-e-type=\"widget\" data-widget_type=\"text-editor.default\">\n\t\t\t\t<div class=\"elementor-widget-container\">\n\t\t\t\t\t\t\t\t\t<p>A uns 8 quil\u00f2metres amb cotxe del centre de Conil es localitza el port pesquer i esportiu de Conil.<\/p>\t\t\t\t\t\t\t\t<\/div>\n\t\t\t\t<\/div>\n\t\t\t\t<div class=\"elementor-element elementor-element-b962418 elementor-widget elementor-widget-heading\" data-id=\"b962418\" data-element_type=\"widget\" data-e-type=\"widget\" data-widget_type=\"heading.default\">\n\t\t\t\t<div class=\"elementor-widget-container\">\n\t\t\t\t\t<h4 class=\"elementor-heading-title elementor-size-default\">Riu Roche<\/h4>\t\t\t\t<\/div>\n\t\t\t\t<\/div>\n\t\t\t\t<div class=\"elementor-element elementor-element-ffd86d4 elementor-widget elementor-widget-text-editor\" data-id=\"ffd86d4\" data-element_type=\"widget\" data-e-type=\"widget\" data-widget_type=\"text-editor.default\">\n\t\t\t\t<div class=\"elementor-widget-container\">\n\t\t\t\t\t\t\t\t\t<p>Travessat el <strong>riu Roche<\/strong> (<strong>24<\/strong>), que desemboca a l&#8217;interior del port, a la dreta ens espera una sorpresa.<\/p>\t\t\t\t\t\t\t\t<\/div>\n\t\t\t\t<\/div>\n\t\t\t\t<div class=\"elementor-element elementor-element-989ed8d elementor-widget elementor-widget-image\" data-id=\"989ed8d\" data-element_type=\"widget\" data-e-type=\"widget\" data-widget_type=\"image.default\">\n\t\t\t\t<div class=\"elementor-widget-container\">\n\t\t\t\t\t\t\t\t\t\t\t\t<figure class=\"wp-caption\">\n\t\t\t\t\t\t\t\t\t\t<img loading=\"lazy\" decoding=\"async\" width=\"768\" height=\"512\" src=\"https:\/\/www.elturistatranquil.com\/wp-content\/uploads\/F112-Rio-Roche.-Conil-de-la-Frontera.jpg\" class=\"attachment-large size-large wp-image-37683\" alt=\"Rio Roche. Conil de la Frontera\" srcset=\"https:\/\/www.elturistatranquil.com\/wp-content\/uploads\/F112-Rio-Roche.-Conil-de-la-Frontera.jpg 768w, https:\/\/www.elturistatranquil.com\/wp-content\/uploads\/F112-Rio-Roche.-Conil-de-la-Frontera-339x226.jpg 339w\" sizes=\"(max-width: 768px) 100vw, 768px\" \/>\t\t\t\t\t\t\t\t\t\t\t<figcaption class=\"widget-image-caption wp-caption-text\"><\/figcaption>\n\t\t\t\t\t\t\t\t\t\t<\/figure>\n\t\t\t\t\t\t\t\t\t<\/div>\n\t\t\t\t<\/div>\n\t\t\t\t<div class=\"elementor-element elementor-element-0cb5d5d elementor-widget elementor-widget-heading\" data-id=\"0cb5d5d\" data-element_type=\"widget\" data-e-type=\"widget\" data-widget_type=\"heading.default\">\n\t\t\t\t<div class=\"elementor-widget-container\">\n\t\t\t\t\t<h4 class=\"elementor-heading-title elementor-size-default\">Cementiri d'\u00e0ncores<\/h4>\t\t\t\t<\/div>\n\t\t\t\t<\/div>\n\t\t\t\t<div class=\"elementor-element elementor-element-cdfb68d elementor-widget elementor-widget-text-editor\" data-id=\"cdfb68d\" data-element_type=\"widget\" data-e-type=\"widget\" data-widget_type=\"text-editor.default\">\n\t\t\t\t<div class=\"elementor-widget-container\">\n\t\t\t\t\t\t\t\t\t<p>En una \u00e0mplia esplanada es troba el denominat <strong>\u201ccementerio de anclas\u201d<\/strong> (<strong>25<\/strong>). Un fascinant espectacle.<\/p><p>En realitat, no \u00e9s un cementiri, sin\u00f3 el magatzem on es guarden les \u00e0ncores que s&#8217;utilitzaran per ancorar i subjectar la almadrava de Conil cada temporada. Per aix\u00f2 es troben perfectament disposades i alineades, esperant la propera utilitzaci\u00f3.<\/p><p>S\u00f3n unes 700 \u00e0ncores d&#8217;uns 350 kg cadascuna.<\/p>\t\t\t\t\t\t\t\t<\/div>\n\t\t\t\t<\/div>\n\t\t\t\t<div class=\"elementor-element elementor-element-3d45b57 elementor-widget elementor-widget-image\" data-id=\"3d45b57\" data-element_type=\"widget\" data-e-type=\"widget\" data-widget_type=\"image.default\">\n\t\t\t\t<div class=\"elementor-widget-container\">\n\t\t\t\t\t\t\t\t\t\t\t\t<figure class=\"wp-caption\">\n\t\t\t\t\t\t\t\t\t\t<img loading=\"lazy\" decoding=\"async\" width=\"768\" height=\"511\" src=\"https:\/\/www.elturistatranquil.com\/wp-content\/uploads\/F113-Cementerio-de-anclas.-Conil-de-la-Frontera-2.jpg\" class=\"attachment-large size-large wp-image-37685\" alt=\"Cementerio de anclas. Conil de la Frontera (2)\" srcset=\"https:\/\/www.elturistatranquil.com\/wp-content\/uploads\/F113-Cementerio-de-anclas.-Conil-de-la-Frontera-2.jpg 768w, https:\/\/www.elturistatranquil.com\/wp-content\/uploads\/F113-Cementerio-de-anclas.-Conil-de-la-Frontera-2-339x226.jpg 339w\" sizes=\"(max-width: 768px) 100vw, 768px\" \/>\t\t\t\t\t\t\t\t\t\t\t<figcaption class=\"widget-image-caption wp-caption-text\"><\/figcaption>\n\t\t\t\t\t\t\t\t\t\t<\/figure>\n\t\t\t\t\t\t\t\t\t<\/div>\n\t\t\t\t<\/div>\n\t\t\t\t<div class=\"elementor-element elementor-element-4dc9d4c elementor-widget elementor-widget-image\" data-id=\"4dc9d4c\" data-element_type=\"widget\" data-e-type=\"widget\" data-widget_type=\"image.default\">\n\t\t\t\t<div class=\"elementor-widget-container\">\n\t\t\t\t\t\t\t\t\t\t\t\t<figure class=\"wp-caption\">\n\t\t\t\t\t\t\t\t\t\t<img loading=\"lazy\" decoding=\"async\" width=\"768\" height=\"511\" src=\"https:\/\/www.elturistatranquil.com\/wp-content\/uploads\/F114-Cementerio-de-anclas.-Conil-de-la-Frontera.jpg\" class=\"attachment-large size-large wp-image-37687\" alt=\"Cementerio de anclas. Conil de la Frontera\" srcset=\"https:\/\/www.elturistatranquil.com\/wp-content\/uploads\/F114-Cementerio-de-anclas.-Conil-de-la-Frontera.jpg 768w, https:\/\/www.elturistatranquil.com\/wp-content\/uploads\/F114-Cementerio-de-anclas.-Conil-de-la-Frontera-339x226.jpg 339w\" sizes=\"(max-width: 768px) 100vw, 768px\" \/>\t\t\t\t\t\t\t\t\t\t\t<figcaption class=\"widget-image-caption wp-caption-text\"><\/figcaption>\n\t\t\t\t\t\t\t\t\t\t<\/figure>\n\t\t\t\t\t\t\t\t\t<\/div>\n\t\t\t\t<\/div>\n\t\t\t\t<div class=\"elementor-element elementor-element-190d3b4 elementor-widget elementor-widget-heading\" data-id=\"190d3b4\" data-element_type=\"widget\" data-e-type=\"widget\" data-widget_type=\"heading.default\">\n\t\t\t\t<div class=\"elementor-widget-container\">\n\t\t\t\t\t<h4 class=\"elementor-heading-title elementor-size-default\">Port i moll pesquer i port esportiu<\/h4>\t\t\t\t<\/div>\n\t\t\t\t<\/div>\n\t\t\t\t<div class=\"elementor-element elementor-element-86d5a98 elementor-widget elementor-widget-text-editor\" data-id=\"86d5a98\" data-element_type=\"widget\" data-e-type=\"widget\" data-widget_type=\"text-editor.default\">\n\t\t\t\t<div class=\"elementor-widget-container\">\n\t\t\t\t\t\t\t\t\t<p>El <strong>port<\/strong> (<strong>26<\/strong>) t\u00e9 forma de \u201cU\u201d. El costat esquerre, que es recolza a la zona terrestre, est\u00e0 destinat al port esportiu, amb les instal\u00b7lacions del Club N\u00e0utic.<\/p>\t\t\t\t\t\t\t\t<\/div>\n\t\t\t\t<\/div>\n\t\t\t\t<div class=\"elementor-element elementor-element-6c99068 elementor-widget elementor-widget-image\" data-id=\"6c99068\" data-element_type=\"widget\" data-e-type=\"widget\" data-widget_type=\"image.default\">\n\t\t\t\t<div class=\"elementor-widget-container\">\n\t\t\t\t\t\t\t\t\t\t\t\t<figure class=\"wp-caption\">\n\t\t\t\t\t\t\t\t\t\t<img loading=\"lazy\" decoding=\"async\" width=\"768\" height=\"511\" src=\"https:\/\/www.elturistatranquil.com\/wp-content\/uploads\/F115-Puerto-de-Conil-de-la-Frontera.jpg\" class=\"attachment-large size-large wp-image-37689\" alt=\"Puerto de Conil de la Frontera\" srcset=\"https:\/\/www.elturistatranquil.com\/wp-content\/uploads\/F115-Puerto-de-Conil-de-la-Frontera.jpg 768w, https:\/\/www.elturistatranquil.com\/wp-content\/uploads\/F115-Puerto-de-Conil-de-la-Frontera-339x226.jpg 339w\" sizes=\"(max-width: 768px) 100vw, 768px\" \/>\t\t\t\t\t\t\t\t\t\t\t<figcaption class=\"widget-image-caption wp-caption-text\"><\/figcaption>\n\t\t\t\t\t\t\t\t\t\t<\/figure>\n\t\t\t\t\t\t\t\t\t<\/div>\n\t\t\t\t<\/div>\n\t\t\t\t<div class=\"elementor-element elementor-element-71b284e elementor-widget elementor-widget-image\" data-id=\"71b284e\" data-element_type=\"widget\" data-e-type=\"widget\" data-widget_type=\"image.default\">\n\t\t\t\t<div class=\"elementor-widget-container\">\n\t\t\t\t\t\t\t\t\t\t\t\t<figure class=\"wp-caption\">\n\t\t\t\t\t\t\t\t\t\t<img loading=\"lazy\" decoding=\"async\" width=\"768\" height=\"512\" src=\"https:\/\/www.elturistatranquil.com\/wp-content\/uploads\/F116-Puerto-de-Conil-de-la-Frontera.jpg\" class=\"attachment-large size-large wp-image-37691\" alt=\"Puerto de Conil de la Frontera\" srcset=\"https:\/\/www.elturistatranquil.com\/wp-content\/uploads\/F116-Puerto-de-Conil-de-la-Frontera.jpg 768w, https:\/\/www.elturistatranquil.com\/wp-content\/uploads\/F116-Puerto-de-Conil-de-la-Frontera-339x226.jpg 339w\" sizes=\"(max-width: 768px) 100vw, 768px\" \/>\t\t\t\t\t\t\t\t\t\t\t<figcaption class=\"widget-image-caption wp-caption-text\"><\/figcaption>\n\t\t\t\t\t\t\t\t\t\t<\/figure>\n\t\t\t\t\t\t\t\t\t<\/div>\n\t\t\t\t<\/div>\n\t\t\t\t<div class=\"elementor-element elementor-element-558c805 elementor-widget elementor-widget-text-editor\" data-id=\"558c805\" data-element_type=\"widget\" data-e-type=\"widget\" data-widget_type=\"text-editor.default\">\n\t\t\t\t<div class=\"elementor-widget-container\">\n\t\t\t\t\t\t\t\t\t<p>El costat dret acull les instal\u00b7lacions i els amarratges pesquers i el p\u00f2sit al moll de l&#8217;espig\u00f3.<\/p>\t\t\t\t\t\t\t\t<\/div>\n\t\t\t\t<\/div>\n\t\t\t\t<div class=\"elementor-element elementor-element-a100802 elementor-widget elementor-widget-image\" data-id=\"a100802\" data-element_type=\"widget\" data-e-type=\"widget\" data-widget_type=\"image.default\">\n\t\t\t\t<div class=\"elementor-widget-container\">\n\t\t\t\t\t\t\t\t\t\t\t\t<figure class=\"wp-caption\">\n\t\t\t\t\t\t\t\t\t\t<img loading=\"lazy\" decoding=\"async\" width=\"768\" height=\"511\" src=\"https:\/\/www.elturistatranquil.com\/wp-content\/uploads\/F117-Puerto-de-Conil-de-la-Frontera.jpg\" class=\"attachment-large size-large wp-image-37693\" alt=\"Puerto de Conil de la Frontera\" srcset=\"https:\/\/www.elturistatranquil.com\/wp-content\/uploads\/F117-Puerto-de-Conil-de-la-Frontera.jpg 768w, https:\/\/www.elturistatranquil.com\/wp-content\/uploads\/F117-Puerto-de-Conil-de-la-Frontera-339x226.jpg 339w\" sizes=\"(max-width: 768px) 100vw, 768px\" \/>\t\t\t\t\t\t\t\t\t\t\t<figcaption class=\"widget-image-caption wp-caption-text\"><\/figcaption>\n\t\t\t\t\t\t\t\t\t\t<\/figure>\n\t\t\t\t\t\t\t\t\t<\/div>\n\t\t\t\t<\/div>\n\t\t\t\t<div class=\"elementor-element elementor-element-dfc14c3 elementor-widget elementor-widget-text-editor\" data-id=\"dfc14c3\" data-element_type=\"widget\" data-e-type=\"widget\" data-widget_type=\"text-editor.default\">\n\t\t\t\t<div class=\"elementor-widget-container\">\n\t\t\t\t\t\t\t\t\t<p>Dins el port pesquer \u00e9s possible assistir a la llotja per veure una subhasta de peix en directe.<\/p>\t\t\t\t\t\t\t\t<\/div>\n\t\t\t\t<\/div>\n\t\t\t\t<div class=\"elementor-element elementor-element-98ec044 elementor-widget elementor-widget-image\" data-id=\"98ec044\" data-element_type=\"widget\" data-e-type=\"widget\" data-widget_type=\"image.default\">\n\t\t\t\t<div class=\"elementor-widget-container\">\n\t\t\t\t\t\t\t\t\t\t\t\t<figure class=\"wp-caption\">\n\t\t\t\t\t\t\t\t\t\t<img loading=\"lazy\" decoding=\"async\" width=\"768\" height=\"512\" src=\"https:\/\/www.elturistatranquil.com\/wp-content\/uploads\/F118-Puerto-de-Conil-de-la-Frontera.jpg\" class=\"attachment-large size-large wp-image-37695\" alt=\"Puerto de Conil de la Frontera\" srcset=\"https:\/\/www.elturistatranquil.com\/wp-content\/uploads\/F118-Puerto-de-Conil-de-la-Frontera.jpg 768w, https:\/\/www.elturistatranquil.com\/wp-content\/uploads\/F118-Puerto-de-Conil-de-la-Frontera-339x226.jpg 339w\" sizes=\"(max-width: 768px) 100vw, 768px\" \/>\t\t\t\t\t\t\t\t\t\t\t<figcaption class=\"widget-image-caption wp-caption-text\"><\/figcaption>\n\t\t\t\t\t\t\t\t\t\t<\/figure>\n\t\t\t\t\t\t\t\t\t<\/div>\n\t\t\t\t<\/div>\n\t\t\t\t<div class=\"elementor-element elementor-element-4678c6b elementor-widget elementor-widget-text-editor\" data-id=\"4678c6b\" data-element_type=\"widget\" data-e-type=\"widget\" data-widget_type=\"text-editor.default\">\n\t\t\t\t<div class=\"elementor-widget-container\">\n\t\t\t\t\t\t\t\t\t<p>Sobre el port, a banda i banda, s&#8217;eleven miradors des del penya-segat.<\/p><p>Des del <strong>mirador de l&#8217;esquerra<\/strong> (<strong>27<\/strong>) es descobreix tota la costa de Conil i s&#8217;albira fins al <strong>far de Trafalgar<\/strong>.<\/p>\t\t\t\t\t\t\t\t<\/div>\n\t\t\t\t<\/div>\n\t\t\t\t<div class=\"elementor-element elementor-element-a5a4217 elementor-widget elementor-widget-image\" data-id=\"a5a4217\" data-element_type=\"widget\" data-e-type=\"widget\" data-widget_type=\"image.default\">\n\t\t\t\t<div class=\"elementor-widget-container\">\n\t\t\t\t\t\t\t\t\t\t\t\t<figure class=\"wp-caption\">\n\t\t\t\t\t\t\t\t\t\t<img loading=\"lazy\" decoding=\"async\" width=\"768\" height=\"512\" src=\"https:\/\/www.elturistatranquil.com\/wp-content\/uploads\/F119-Conil-de-la-Frontera.jpg\" class=\"attachment-large size-large wp-image-37697\" alt=\"Conil de la Frontera\" srcset=\"https:\/\/www.elturistatranquil.com\/wp-content\/uploads\/F119-Conil-de-la-Frontera.jpg 768w, https:\/\/www.elturistatranquil.com\/wp-content\/uploads\/F119-Conil-de-la-Frontera-339x226.jpg 339w\" sizes=\"(max-width: 768px) 100vw, 768px\" \/>\t\t\t\t\t\t\t\t\t\t\t<figcaption class=\"widget-image-caption wp-caption-text\"><\/figcaption>\n\t\t\t\t\t\t\t\t\t\t<\/figure>\n\t\t\t\t\t\t\t\t\t<\/div>\n\t\t\t\t<\/div>\n\t\t\t\t<div class=\"elementor-element elementor-element-fc84977 elementor-widget elementor-widget-text-editor\" data-id=\"fc84977\" data-element_type=\"widget\" data-e-type=\"widget\" data-widget_type=\"text-editor.default\">\n\t\t\t\t<div class=\"elementor-widget-container\">\n\t\t\t\t\t\t\t\t\t<p>Aix\u00ed com ofereix una magn\u00edfica perspectiva del port fins al Cap i far Roche.<\/p>\t\t\t\t\t\t\t\t<\/div>\n\t\t\t\t<\/div>\n\t\t\t\t<div class=\"elementor-element elementor-element-8915e14 elementor-widget elementor-widget-image\" data-id=\"8915e14\" data-element_type=\"widget\" data-e-type=\"widget\" data-widget_type=\"image.default\">\n\t\t\t\t<div class=\"elementor-widget-container\">\n\t\t\t\t\t\t\t\t\t\t\t\t<figure class=\"wp-caption\">\n\t\t\t\t\t\t\t\t\t\t<img loading=\"lazy\" decoding=\"async\" width=\"768\" height=\"512\" src=\"https:\/\/www.elturistatranquil.com\/wp-content\/uploads\/F120-Puerto-de-Conil-de-la-Frontera.jpg\" class=\"attachment-large size-large wp-image-37699\" alt=\"Puerto de Conil de la Frontera\" srcset=\"https:\/\/www.elturistatranquil.com\/wp-content\/uploads\/F120-Puerto-de-Conil-de-la-Frontera.jpg 768w, https:\/\/www.elturistatranquil.com\/wp-content\/uploads\/F120-Puerto-de-Conil-de-la-Frontera-339x226.jpg 339w\" sizes=\"(max-width: 768px) 100vw, 768px\" \/>\t\t\t\t\t\t\t\t\t\t\t<figcaption class=\"widget-image-caption wp-caption-text\"><\/figcaption>\n\t\t\t\t\t\t\t\t\t\t<\/figure>\n\t\t\t\t\t\t\t\t\t<\/div>\n\t\t\t\t<\/div>\n\t\t\t\t<div class=\"elementor-element elementor-element-24e4976 elementor-widget elementor-widget-heading\" data-id=\"24e4976\" data-element_type=\"widget\" data-e-type=\"widget\" data-widget_type=\"heading.default\">\n\t\t\t\t<div class=\"elementor-widget-container\">\n\t\t\t\t\t<h4 class=\"elementor-heading-title elementor-size-default\">Torre Far de Cap Roche i mirador<\/h4>\t\t\t\t<\/div>\n\t\t\t\t<\/div>\n\t\t\t\t<div class=\"elementor-element elementor-element-fc5318a elementor-widget elementor-widget-text-editor\" data-id=\"fc5318a\" data-element_type=\"widget\" data-e-type=\"widget\" data-widget_type=\"text-editor.default\">\n\t\t\t\t<div class=\"elementor-widget-container\">\n\t\t\t\t\t\t\t\t\t<p>Situats al <strong>cap Roche<\/strong>, al costat del <strong>far Roche<\/strong> (<strong>28<\/strong>) es disposa d&#8217;un altre magn\u00edfic <strong>mirador<\/strong>.<\/p><p>Far constru\u00eft el 1983 s&#8217;aixeca sobre una torre merlet de base quadrada, similar, encara que de menor altura, de 20 metres, a la torre de Castilnovo. Constru\u00efda al segle XVI, com sabem, formava part del sistema defensiu per tal de protegir la costa dels atacs pirates i de suport a les almadraves. Est\u00e0 destinat a far de navegaci\u00f3.<\/p><p>Amb bona visibilitat s&#8217;ofereixen des d&#8217;aquest mirador unes vistes excel\u00b7lents de l&#8217;Estret de Gibraltar, la costa de Trafalgar i en un primer pla la costa de Conil i el port als peus.<\/p>\t\t\t\t\t\t\t\t<\/div>\n\t\t\t\t<\/div>\n\t\t\t\t<div class=\"elementor-element elementor-element-76f8e40 elementor-widget elementor-widget-image\" data-id=\"76f8e40\" data-element_type=\"widget\" data-e-type=\"widget\" data-widget_type=\"image.default\">\n\t\t\t\t<div class=\"elementor-widget-container\">\n\t\t\t\t\t\t\t\t\t\t\t\t<figure class=\"wp-caption\">\n\t\t\t\t\t\t\t\t\t\t<img loading=\"lazy\" decoding=\"async\" width=\"768\" height=\"511\" src=\"https:\/\/www.elturistatranquil.com\/wp-content\/uploads\/F121-Torre-y-faro-Roche.-Conil-de-la-Frontera.jpg\" class=\"attachment-large size-large wp-image-37701\" alt=\"Torre y faro Roche. Conil de la Frontera\" srcset=\"https:\/\/www.elturistatranquil.com\/wp-content\/uploads\/F121-Torre-y-faro-Roche.-Conil-de-la-Frontera.jpg 768w, https:\/\/www.elturistatranquil.com\/wp-content\/uploads\/F121-Torre-y-faro-Roche.-Conil-de-la-Frontera-339x226.jpg 339w\" sizes=\"(max-width: 768px) 100vw, 768px\" \/>\t\t\t\t\t\t\t\t\t\t\t<figcaption class=\"widget-image-caption wp-caption-text\"><\/figcaption>\n\t\t\t\t\t\t\t\t\t\t<\/figure>\n\t\t\t\t\t\t\t\t\t<\/div>\n\t\t\t\t<\/div>\n\t\t\t\t<div class=\"elementor-element elementor-element-f5bc473 elementor-widget elementor-widget-image\" data-id=\"f5bc473\" data-element_type=\"widget\" data-e-type=\"widget\" data-widget_type=\"image.default\">\n\t\t\t\t<div class=\"elementor-widget-container\">\n\t\t\t\t\t\t\t\t\t\t\t\t<figure class=\"wp-caption\">\n\t\t\t\t\t\t\t\t\t\t<img loading=\"lazy\" decoding=\"async\" width=\"768\" height=\"512\" src=\"https:\/\/www.elturistatranquil.com\/wp-content\/uploads\/F122-Puerto-de-Conil-de-la-Frontera.jpg\" class=\"attachment-large size-large wp-image-37703\" alt=\"Puerto de Conil de la Frontera\" srcset=\"https:\/\/www.elturistatranquil.com\/wp-content\/uploads\/F122-Puerto-de-Conil-de-la-Frontera.jpg 768w, https:\/\/www.elturistatranquil.com\/wp-content\/uploads\/F122-Puerto-de-Conil-de-la-Frontera-339x226.jpg 339w\" sizes=\"(max-width: 768px) 100vw, 768px\" \/>\t\t\t\t\t\t\t\t\t\t\t<figcaption class=\"widget-image-caption wp-caption-text\"><\/figcaption>\n\t\t\t\t\t\t\t\t\t\t<\/figure>\n\t\t\t\t\t\t\t\t\t<\/div>\n\t\t\t\t<\/div>\n\t\t\t\t<div class=\"elementor-element elementor-element-3367e01 elementor-widget elementor-widget-heading\" data-id=\"3367e01\" data-element_type=\"widget\" data-e-type=\"widget\" data-widget_type=\"heading.default\">\n\t\t\t\t<div class=\"elementor-widget-container\">\n\t\t\t\t\t<h4 class=\"elementor-heading-title elementor-size-default\">Cales de Roche<\/h4>\t\t\t\t<\/div>\n\t\t\t\t<\/div>\n\t\t\t\t<div class=\"elementor-element elementor-element-0a88b77 elementor-widget elementor-widget-text-editor\" data-id=\"0a88b77\" data-element_type=\"widget\" data-e-type=\"widget\" data-widget_type=\"text-editor.default\">\n\t\t\t\t<div class=\"elementor-widget-container\">\n\t\t\t\t\t\t\t\t\t<p>A partir del far, seguint cap al nord s&#8217;est\u00e9n el penya-segat de pedra ostionera que conforma el conjunt de les <strong>Cales de Ponent<\/strong> tamb\u00e9 conegudes com a <strong>Cales de Roche<\/strong> (<strong>29<\/strong>).<\/p><p>A pocs metres de la costa, al llarg de la CA-4202, hi ha establert un aparcament continu i ben senyalitzat, des del qual \u00e9s possible accedir f\u00e0cilment a cada cala.<\/p><p>Podrem embadalir-nos des dels impressionants penya-segats que delimiten rec\u00f2ndites cales a qu\u00e8 es pot accedir per senders i escales de fusta. Arribarem travessant \u00e0mplies zones de matoll mediterrani compost entre d&#8217;altres per llentiscles (<em>Pistacia lentiscus<\/em>), savina (<em>Juniperus phoenicea<\/em>) i ginebre mar\u00edtim (<em>Juniperus oxycedrus subsp. macrocarpa<\/em>), aquesta darrera protegida i en vies d&#8217;extinci\u00f3.<\/p>\t\t\t\t\t\t\t\t<\/div>\n\t\t\t\t<\/div>\n\t\t\t\t<div class=\"elementor-element elementor-element-aef10d1 elementor-widget elementor-widget-image\" data-id=\"aef10d1\" data-element_type=\"widget\" data-e-type=\"widget\" data-widget_type=\"image.default\">\n\t\t\t\t<div class=\"elementor-widget-container\">\n\t\t\t\t\t\t\t\t\t\t\t\t<figure class=\"wp-caption\">\n\t\t\t\t\t\t\t\t\t\t<img loading=\"lazy\" decoding=\"async\" width=\"768\" height=\"512\" src=\"https:\/\/www.elturistatranquil.com\/wp-content\/uploads\/F123-Calas-de-Roche.-Conil-de-la-Frontera.jpg\" class=\"attachment-large size-large wp-image-37705\" alt=\"Calas de Roche. Conil de la Frontera\" srcset=\"https:\/\/www.elturistatranquil.com\/wp-content\/uploads\/F123-Calas-de-Roche.-Conil-de-la-Frontera.jpg 768w, https:\/\/www.elturistatranquil.com\/wp-content\/uploads\/F123-Calas-de-Roche.-Conil-de-la-Frontera-339x226.jpg 339w\" sizes=\"(max-width: 768px) 100vw, 768px\" \/>\t\t\t\t\t\t\t\t\t\t\t<figcaption class=\"widget-image-caption wp-caption-text\"><\/figcaption>\n\t\t\t\t\t\t\t\t\t\t<\/figure>\n\t\t\t\t\t\t\t\t\t<\/div>\n\t\t\t\t<\/div>\n\t\t\t\t<div class=\"elementor-element elementor-element-5ec4974 elementor-widget elementor-widget-image\" data-id=\"5ec4974\" data-element_type=\"widget\" data-e-type=\"widget\" data-widget_type=\"image.default\">\n\t\t\t\t<div class=\"elementor-widget-container\">\n\t\t\t\t\t\t\t\t\t\t\t\t<figure class=\"wp-caption\">\n\t\t\t\t\t\t\t\t\t\t<img loading=\"lazy\" decoding=\"async\" width=\"768\" height=\"512\" src=\"https:\/\/www.elturistatranquil.com\/wp-content\/uploads\/F124-Cala-el-Enebro.-Calas-de-Roche.-Conil-de-la-Frontera.jpg\" class=\"attachment-large size-large wp-image-37707\" alt=\"Cala el Enebro. Calas de Roche. Conil de la Frontera\" srcset=\"https:\/\/www.elturistatranquil.com\/wp-content\/uploads\/F124-Cala-el-Enebro.-Calas-de-Roche.-Conil-de-la-Frontera.jpg 768w, https:\/\/www.elturistatranquil.com\/wp-content\/uploads\/F124-Cala-el-Enebro.-Calas-de-Roche.-Conil-de-la-Frontera-339x226.jpg 339w\" sizes=\"(max-width: 768px) 100vw, 768px\" \/>\t\t\t\t\t\t\t\t\t\t\t<figcaption class=\"widget-image-caption wp-caption-text\">Cala El Enebro<\/figcaption>\n\t\t\t\t\t\t\t\t\t\t<\/figure>\n\t\t\t\t\t\t\t\t\t<\/div>\n\t\t\t\t<\/div>\n\t\t\t\t<div class=\"elementor-element elementor-element-3b4a98b elementor-widget elementor-widget-image\" data-id=\"3b4a98b\" data-element_type=\"widget\" data-e-type=\"widget\" data-widget_type=\"image.default\">\n\t\t\t\t<div class=\"elementor-widget-container\">\n\t\t\t\t\t\t\t\t\t\t\t\t<figure class=\"wp-caption\">\n\t\t\t\t\t\t\t\t\t\t<img loading=\"lazy\" decoding=\"async\" width=\"768\" height=\"512\" src=\"https:\/\/www.elturistatranquil.com\/wp-content\/uploads\/F125-Cala-el-Frailecillo.-Calas-de-Roche.-Conil-de-la-Frontera.jpg\" class=\"attachment-large size-large wp-image-37709\" alt=\"Cala el Frailecillo. Calas de Roche. Conil de la Frontera\" srcset=\"https:\/\/www.elturistatranquil.com\/wp-content\/uploads\/F125-Cala-el-Frailecillo.-Calas-de-Roche.-Conil-de-la-Frontera.jpg 768w, https:\/\/www.elturistatranquil.com\/wp-content\/uploads\/F125-Cala-el-Frailecillo.-Calas-de-Roche.-Conil-de-la-Frontera-339x226.jpg 339w\" sizes=\"(max-width: 768px) 100vw, 768px\" \/>\t\t\t\t\t\t\t\t\t\t\t<figcaption class=\"widget-image-caption wp-caption-text\">Cala El Frailecillo<\/figcaption>\n\t\t\t\t\t\t\t\t\t\t<\/figure>\n\t\t\t\t\t\t\t\t\t<\/div>\n\t\t\t\t<\/div>\n\t\t\t\t<div class=\"elementor-element elementor-element-ced9c6b elementor-widget elementor-widget-text-editor\" data-id=\"ced9c6b\" data-element_type=\"widget\" data-e-type=\"widget\" data-widget_type=\"text-editor.default\">\n\t\t\t\t<div class=\"elementor-widget-container\">\n\t\t\t\t\t\t\t\t\t<p>\u00c9s fant\u00e0stica la conviv\u00e8ncia respectuosa entre nudistes i \u201ct\u00e8xtils\u201d que es produeix en aquestes cales.<\/p>\t\t\t\t\t\t\t\t<\/div>\n\t\t\t\t<\/div>\n\t\t\t\t<div class=\"elementor-element elementor-element-119e08a elementor-widget elementor-widget-heading\" data-id=\"119e08a\" data-element_type=\"widget\" data-e-type=\"widget\" data-widget_type=\"heading.default\">\n\t\t\t\t<div class=\"elementor-widget-container\">\n\t\t\t\t\t<h4 class=\"elementor-heading-title elementor-size-default\">Torre del Puerco, Loma del Puerco i Platja de la Barrosa<\/h4>\t\t\t\t<\/div>\n\t\t\t\t<\/div>\n\t\t\t\t<div class=\"elementor-element elementor-element-85898a3 elementor-widget elementor-widget-text-editor\" data-id=\"85898a3\" data-element_type=\"widget\" data-e-type=\"widget\" data-widget_type=\"text-editor.default\">\n\t\t\t\t<div class=\"elementor-widget-container\">\n\t\t\t\t\t\t\t\t\t<p>Dos quil\u00f2metres m\u00e9s al nord, al l\u00edmit amb el municipi de <strong>Chiclana<\/strong>, i despr\u00e9s de travessar la <strong>urbanitzaci\u00f3 residencial Roche<\/strong>, arribem a l&#8217;\u00faltim punt de visita a Conil de la Frontera. \u00c9s la <strong>Torre del Puerco<\/strong> (<strong>30<\/strong>), un altre punt privilegiat d&#8217;observaci\u00f3 sobre la <strong>platja de la Barrosa<\/strong>.<\/p><p>La torre del Puerco, constru\u00efda al segle XVI per a la vigil\u00e0ncia militar, \u00e9s una de les moltes torres guaita que es disseminen per la costa gaditana.<\/p><p>Situada en un terreny pla elevat, amb un ampli camp visual, \u00e9s de planta rodona amb l\u00b4interior voltat i est\u00e0 constru\u00efda a partir de maons, teules i deixalles de cocci\u00f3 de terrissa. El valor hist\u00f2ric i arquitect\u00f2nic li ha valgut la declaraci\u00f3 de <em>B\u00e9 d&#8217;Inter\u00e8s Cultural<\/em> el 1985.<\/p><p>Recordem que la import\u00e0ncia d&#8217;aquestes torres rau en els avisos que s&#8217;enviaven entre torre i torre quan s&#8217;acostaven els pirates a la costa. El sistema \u00e9s senzill: s&#8217;encenien fogueres a la part superior de la talaia, amb molt de fum pel dia i molta flama si era de nit.<\/p>\t\t\t\t\t\t\t\t<\/div>\n\t\t\t\t<\/div>\n\t\t\t\t<div class=\"elementor-element elementor-element-28f914f elementor-widget elementor-widget-image\" data-id=\"28f914f\" data-element_type=\"widget\" data-e-type=\"widget\" data-widget_type=\"image.default\">\n\t\t\t\t<div class=\"elementor-widget-container\">\n\t\t\t\t\t\t\t\t\t\t\t\t<figure class=\"wp-caption\">\n\t\t\t\t\t\t\t\t\t\t<img loading=\"lazy\" decoding=\"async\" width=\"768\" height=\"512\" src=\"https:\/\/www.elturistatranquil.com\/wp-content\/uploads\/F126-Torre-del-Puerco.-Conil-de-la-Frontera.jpg\" class=\"attachment-large size-large wp-image-37711\" alt=\"Torre del Puerco. Conil de la Frontera\" srcset=\"https:\/\/www.elturistatranquil.com\/wp-content\/uploads\/F126-Torre-del-Puerco.-Conil-de-la-Frontera.jpg 768w, https:\/\/www.elturistatranquil.com\/wp-content\/uploads\/F126-Torre-del-Puerco.-Conil-de-la-Frontera-339x226.jpg 339w\" sizes=\"(max-width: 768px) 100vw, 768px\" \/>\t\t\t\t\t\t\t\t\t\t\t<figcaption class=\"widget-image-caption wp-caption-text\"><\/figcaption>\n\t\t\t\t\t\t\t\t\t\t<\/figure>\n\t\t\t\t\t\t\t\t\t<\/div>\n\t\t\t\t<\/div>\n\t\t\t\t<div class=\"elementor-element elementor-element-d1b7340 elementor-widget elementor-widget-image\" data-id=\"d1b7340\" data-element_type=\"widget\" data-e-type=\"widget\" data-widget_type=\"image.default\">\n\t\t\t\t<div class=\"elementor-widget-container\">\n\t\t\t\t\t\t\t\t\t\t\t\t<figure class=\"wp-caption\">\n\t\t\t\t\t\t\t\t\t\t<img loading=\"lazy\" decoding=\"async\" width=\"768\" height=\"512\" src=\"https:\/\/www.elturistatranquil.com\/wp-content\/uploads\/F127-Torre-del-Puerco.-Conil-de-la-Frontera.jpg\" class=\"attachment-large size-large wp-image-37713\" alt=\"Torre del Puerco. Conil de la Frontera\" srcset=\"https:\/\/www.elturistatranquil.com\/wp-content\/uploads\/F127-Torre-del-Puerco.-Conil-de-la-Frontera.jpg 768w, https:\/\/www.elturistatranquil.com\/wp-content\/uploads\/F127-Torre-del-Puerco.-Conil-de-la-Frontera-339x226.jpg 339w\" sizes=\"(max-width: 768px) 100vw, 768px\" \/>\t\t\t\t\t\t\t\t\t\t\t<figcaption class=\"widget-image-caption wp-caption-text\"><\/figcaption>\n\t\t\t\t\t\t\t\t\t\t<\/figure>\n\t\t\t\t\t\t\t\t\t<\/div>\n\t\t\t\t<\/div>\n\t\t\t\t<div class=\"elementor-element elementor-element-fd402c2 elementor-widget elementor-widget-text-editor\" data-id=\"fd402c2\" data-element_type=\"widget\" data-e-type=\"widget\" data-widget_type=\"text-editor.default\">\n\t\t\t\t<div class=\"elementor-widget-container\">\n\t\t\t\t\t\t\t\t\t<p>En aquest tram, l&#8217;elevaci\u00f3 de terreny no forma penya-segats, mentre que als peus s&#8217;estenen l&#8217;extensa <strong>platja de la Barrosa<\/strong>.<\/p>\t\t\t\t\t\t\t\t<\/div>\n\t\t\t\t<\/div>\n\t\t\t\t<div class=\"elementor-element elementor-element-e5c6cec elementor-widget elementor-widget-image\" data-id=\"e5c6cec\" data-element_type=\"widget\" data-e-type=\"widget\" data-widget_type=\"image.default\">\n\t\t\t\t<div class=\"elementor-widget-container\">\n\t\t\t\t\t\t\t\t\t\t\t\t<figure class=\"wp-caption\">\n\t\t\t\t\t\t\t\t\t\t<img loading=\"lazy\" decoding=\"async\" width=\"768\" height=\"511\" src=\"https:\/\/www.elturistatranquil.com\/wp-content\/uploads\/F128-Playa-de-la-Barrosa.-Conil-de-la-Frontera.jpg\" class=\"attachment-large size-large wp-image-37715\" alt=\"Playa de la Barrosa. Conil de la Frontera\" srcset=\"https:\/\/www.elturistatranquil.com\/wp-content\/uploads\/F128-Playa-de-la-Barrosa.-Conil-de-la-Frontera.jpg 768w, https:\/\/www.elturistatranquil.com\/wp-content\/uploads\/F128-Playa-de-la-Barrosa.-Conil-de-la-Frontera-339x226.jpg 339w\" sizes=\"(max-width: 768px) 100vw, 768px\" \/>\t\t\t\t\t\t\t\t\t\t\t<figcaption class=\"widget-image-caption wp-caption-text\"><\/figcaption>\n\t\t\t\t\t\t\t\t\t\t<\/figure>\n\t\t\t\t\t\t\t\t\t<\/div>\n\t\t\t\t<\/div>\n\t\t\t\t<div class=\"elementor-element elementor-element-166dc58 elementor-widget elementor-widget-menu-anchor\" data-id=\"166dc58\" data-element_type=\"widget\" data-e-type=\"widget\" data-widget_type=\"menu-anchor.default\">\n\t\t\t\t<div class=\"elementor-widget-container\">\n\t\t\t\t\t\t\t<div class=\"elementor-menu-anchor\" id=\"c7014\"><\/div>\n\t\t\t\t\t\t<\/div>\n\t\t\t\t<\/div>\n\t\t\t\t<div class=\"elementor-element elementor-element-47e8be7 elementor-widget elementor-widget-image\" data-id=\"47e8be7\" data-element_type=\"widget\" data-e-type=\"widget\" data-widget_type=\"image.default\">\n\t\t\t\t<div class=\"elementor-widget-container\">\n\t\t\t\t\t\t\t\t\t\t\t\t<figure class=\"wp-caption\">\n\t\t\t\t\t\t\t\t\t\t<img loading=\"lazy\" decoding=\"async\" width=\"768\" height=\"512\" src=\"https:\/\/www.elturistatranquil.com\/wp-content\/uploads\/F129-Playa-de-la-Barrosa.-Chiclana.jpg\" class=\"attachment-large size-large wp-image-37717\" alt=\"\" srcset=\"https:\/\/www.elturistatranquil.com\/wp-content\/uploads\/F129-Playa-de-la-Barrosa.-Chiclana.jpg 768w, https:\/\/www.elturistatranquil.com\/wp-content\/uploads\/F129-Playa-de-la-Barrosa.-Chiclana-339x226.jpg 339w\" sizes=\"(max-width: 768px) 100vw, 768px\" \/>\t\t\t\t\t\t\t\t\t\t\t<figcaption class=\"widget-image-caption wp-caption-text\"><\/figcaption>\n\t\t\t\t\t\t\t\t\t\t<\/figure>\n\t\t\t\t\t\t\t\t\t<\/div>\n\t\t\t\t<\/div>\n\t\t\t\t<div class=\"elementor-element elementor-element-84e3b65 elementor-widget elementor-widget-heading\" data-id=\"84e3b65\" data-element_type=\"widget\" data-e-type=\"widget\" data-widget_type=\"heading.default\">\n\t\t\t\t<div class=\"elementor-widget-container\">\n\t\t\t\t\t<h2 class=\"elementor-heading-title elementor-size-default\">Fi de la visita<\/h2>\t\t\t\t<\/div>\n\t\t\t\t<\/div>\n\t\t\t\t<div class=\"elementor-element elementor-element-c4b629a elementor-widget elementor-widget-text-editor\" data-id=\"c4b629a\" data-element_type=\"widget\" data-e-type=\"widget\" data-widget_type=\"text-editor.default\">\n\t\t\t\t<div class=\"elementor-widget-container\">\n\t\t\t\t\t\t\t\t\t<p>M&#8217;acomiado de Conil de la Frontera com cada tarda acomiaden el Sol, en posada per l&#8217;Atl\u00e0ntic, nombroses persones que es reuneixen a la platja, amb un aplaudiment final.<\/p>\t\t\t\t\t\t\t\t<\/div>\n\t\t\t\t<\/div>\n\t\t\t\t<div class=\"elementor-element elementor-element-c1db0a4 elementor-widget elementor-widget-image\" data-id=\"c1db0a4\" data-element_type=\"widget\" data-e-type=\"widget\" data-widget_type=\"image.default\">\n\t\t\t\t<div class=\"elementor-widget-container\">\n\t\t\t\t\t\t\t\t\t\t\t\t<figure class=\"wp-caption\">\n\t\t\t\t\t\t\t\t\t\t<img loading=\"lazy\" decoding=\"async\" width=\"768\" height=\"512\" src=\"https:\/\/www.elturistatranquil.com\/wp-content\/uploads\/F130-Observando-la-puesta-de-sol.-Conil-de-la-Frontera.jpg\" class=\"attachment-large size-large wp-image-37719\" alt=\"Observando la puesta de sol. Conil de la Frontera\" srcset=\"https:\/\/www.elturistatranquil.com\/wp-content\/uploads\/F130-Observando-la-puesta-de-sol.-Conil-de-la-Frontera.jpg 768w, https:\/\/www.elturistatranquil.com\/wp-content\/uploads\/F130-Observando-la-puesta-de-sol.-Conil-de-la-Frontera-339x226.jpg 339w\" sizes=\"(max-width: 768px) 100vw, 768px\" \/>\t\t\t\t\t\t\t\t\t\t\t<figcaption class=\"widget-image-caption wp-caption-text\"><\/figcaption>\n\t\t\t\t\t\t\t\t\t\t<\/figure>\n\t\t\t\t\t\t\t\t\t<\/div>\n\t\t\t\t<\/div>\n\t\t\t\t<div class=\"elementor-element elementor-element-5908dd7 elementor-widget elementor-widget-text-editor\" data-id=\"5908dd7\" data-element_type=\"widget\" data-e-type=\"widget\" data-widget_type=\"text-editor.default\">\n\t\t\t\t<div class=\"elementor-widget-container\">\n\t\t\t\t\t\t\t\t\t<p>M&#8217;agradaria ressaltar dos aspectes d&#8217;aquesta visita.<\/p><p>D&#8217;una banda, en relaci\u00f3 amb la morfologia urbana de la part hist\u00f2rica, que sent de construcci\u00f3 totalment cristiana, ha assumit de forma espont\u00e0nia a molts dels seus barris, fins i tot els constru\u00efts en \u00e8poca moderna, el model de ciutat \u201claber\u00edntica\u201d a qu\u00e8 s\u2019acostuma a qualificar el model de ciutat musulmana, amb carrerons irregulars i carrers sense sortida, que al fons articulen espais de conviv\u00e8ncia exterior als habitatges. Desconec si aquest procedir espontani d&#8217;autoconstrucci\u00f3 pot respondre a un fons cultural que els segles de pres\u00e8ncia i domini musulm\u00e0 van deixar a la cultura local.<\/p><p>De l&#8217;altra, la caracter\u00edstica de qualitat ambiental que ofereix el model de <strong>pobles blancs<\/strong>. La visi\u00f3 del conjunt urb\u00e0 de lluny ofereixen unes imatges d&#8217;uniformitat i homogene\u00eftat constructiva en la doble dimensi\u00f3 que no sobresurt cap edifici que trenqui l&#8217;harmonia, ni de formes ni colors arquitect\u00f2nics disruptius. La massa de blanc, tamisada pels buits de portes i finestres i els perfils de cada construcci\u00f3 ofereixen uniformitat visual sense caure a la monotonia. Crec que aquest \u00e9s el gran valor i atractiu dels pobles blancs.<\/p><p>Per\u00f2, a m\u00e9s, la cura a mantenir revocades i pintades de blanc totes i qualsevol tipus de paret, sigui d&#8217;una casa palatina, sigui d&#8217;un humil habitatge d&#8217;autoconstrucci\u00f3, evita la lletjor que mostren la immensa majoria dels pobles i ciutats d&#8217;Espanya que han crescut arbitr\u00e0riament i desordenadament.<\/p>\t\t\t\t\t\t\t\t<\/div>\n\t\t\t\t<\/div>\n\t\t\t\t<div class=\"elementor-element elementor-element-3db6182 elementor-widget elementor-widget-menu-anchor\" data-id=\"3db6182\" data-element_type=\"widget\" data-e-type=\"widget\" data-widget_type=\"menu-anchor.default\">\n\t\t\t\t<div class=\"elementor-widget-container\">\n\t\t\t\t\t\t\t<div class=\"elementor-menu-anchor\" id=\"c7015\"><\/div>\n\t\t\t\t\t\t<\/div>\n\t\t\t\t<\/div>\n\t\t\t\t<div class=\"elementor-element elementor-element-c83f11c elementor-widget elementor-widget-heading\" data-id=\"c83f11c\" data-element_type=\"widget\" data-e-type=\"widget\" data-widget_type=\"heading.default\">\n\t\t\t\t<div class=\"elementor-widget-container\">\n\t\t\t\t\t<h2 class=\"elementor-heading-title elementor-size-default\">Bases d\u2019informaci\u00f3<\/h2>\t\t\t\t<\/div>\n\t\t\t\t<\/div>\n\t\t\t\t<div class=\"elementor-element elementor-element-644c2694 elementor-widget elementor-widget-text-editor\" data-id=\"644c2694\" data-element_type=\"widget\" data-e-type=\"widget\" data-widget_type=\"text-editor.default\">\n\t\t\t\t<div class=\"elementor-widget-container\">\n\t\t\t\t\t\t\t\t\t<p><strong>Webs<\/strong><\/p><p><a href=\"https:\/\/www.conildelafrontera.es\/\" target=\"_blank\" rel=\"noopener\">ayuntamiento<\/a><\/p><p><a href=\"https:\/\/es.wikipedia.org\/wiki\/Conil_de_la_Frontera\" target=\"_blank\" rel=\"noopener\">wikipedia<\/a><\/p><p><a href=\"http:\/\/www.cadizturismo.com\/destinos\/provincias\/cadiz\/municipios\/conil-de-la-frontera\/\" target=\"_blank\" rel=\"noopener\">turismodecadiz<\/a><\/p><p><a href=\"https:\/\/andaluciarustica.com\/conil-de-la-frontera.htm\" target=\"_blank\" rel=\"noopener\">andaluciarustica<\/a><\/p><p><a href=\"http:\/\/www.spainviajes.com\/que-ver-en-cadiz\/conil-de-la-frontera\" target=\"_blank\" rel=\"noopener\">spainviajes<\/a><\/p><p><a href=\"https:\/\/studylib.es\/doc\/8339588\/patrimonio-de-conil\" target=\"_blank\" rel=\"noopener\">studylib<\/a><\/p><p><strong>Almadrabas <\/strong><\/p><p>Sara Amado Pareja. <a href=\"https:\/\/www.propronews.es\/la-almadraba-arte-pesca-milenario\/\" target=\"_blank\" rel=\"noopener\"><em>La almadraba, un arte de pesca milenario<\/em><\/a><\/p><p>Sara Amado Pareja. <a href=\"https:\/\/www.propronews.es\/la-almadraba-conil-gran-hito-pesquero-cultural-gastronomico-del-sur\/\" target=\"_blank\" rel=\"noopener\"><em>La almadraba de Conil, gran hito pesquero, cultural y gastron\u00f3mico del sur<\/em><\/a><\/p><p>David Florido del Corral. <a href=\"http:\/\/personales.us.es\/dflorido\/uploads\/Articulos\/Capitulos%20libros\/Almadrabas%20y%20prestigio.pdf\" target=\"_blank\" rel=\"noopener\"><em>Las almadrabas andaluzas: entre el prestigio y el mercado<\/em><\/a><\/p><p><strong>Webs academic<\/strong><\/p><p>Alfonso Fern\u00e1ndez Tabales et alt. <em><a href=\"http:\/\/grupo.us.es\/giettus\/docs\/Comunicacion%20Coloquio%20de%20Barcelona.pdf\" target=\"_blank\" rel=\"noopener\">Gobernanza territorial y gesti\u00f3n de destinos tur\u00edsticos. Iniciativas municipales de desarrollo tur\u00edstico vinculadas a la limitaci\u00f3n del crecimiento urbano en la costa de C\u00e1diz<\/a><\/em><\/p><p>Eva Cote et alt. <a href=\"https:\/\/repositorio.iaph.es\/bitstream\/11532\/332061\/1\/ATLAS_FASE3_COMARCA_12_LAJANDA_INFORME_COMARCAL_FINAL.pdf\" target=\"_blank\" rel=\"noopener\"><em>Informe comarcal final. La Janda (C\u00e1diz). Atlas Patrimonio Inmaterial de Andaluc\u00eda<\/em><\/a><\/p><p>J. Ramos. <em><a href=\"https:\/\/www.researchgate.net\/profile\/Jose-Ramos-Munoz-2\/publication\/270103415_Capitulo_2_Medio_natural_de_la_campina_litoral_y_banda_atlantica_de_Cadiz\/links\/549ff5cf0cf257a635ff5d11\/Capitulo-2-Medio-natural-de-la-campina-litoral-y-banda-atlantica-de-Cadiz.pdf\" target=\"_blank\" rel=\"noopener\">Cap\u00edtulo 2. Medio natural de la campi\u00f1a litoral y banda atl\u00e1ntica de C\u00e1diz<\/a><\/em><\/p><p>Jos\u00e9 Ramos Mu\u00f1oz (coord.). <a href=\"https:\/\/www.juntadeandalucia.es\/servicios\/publicaciones\/detalle\/56751.html#toc-informaci-n-general\" target=\"_blank\" rel=\"noopener\"><em>La ocupaci\u00f3n prehist\u00f3rica en la Campi\u00f1a litoral y Banda Atl\u00e1ntica de C\u00e1diz: aproximaci\u00f3n al estudio de las sociedades cazadoras-recolectoras, tribales-comunitarias y clasistas iniciales<\/em><\/a><\/p><p>Dar\u00edo Bernal Casasola. <em><a href=\"https:\/\/www.researchgate.net\/profile\/Dario-Bernal-Casasola\/publication\/312577820_Conil_en_la_Antiguedad_Clasica_Entre_Mercablum_el_garum_y_el_retrotierra_agropecuario\/links\/588251f74585150dde402161\/Conil-en-la-Antigueedad-Clasica-Entre-Mercablum-el-garum-y-el-retrotierra-agropecuario.pdf\" target=\"_blank\" rel=\"noopener\">Conil en la antig\u00fcedad cl\u00e1sica. Entre mercablum, el garum y el retrotierra agropecuario<\/a><\/em><\/p><p>Fernando Cruz Isidoro. <a href=\"https:\/\/idus.us.es\/bitstream\/handle\/11441\/49066\/articulo_6.pdf?sequence=1&amp;isAllowed=y\" target=\"_blank\" rel=\"noopener\"><em>La defensa de la frontera. La renovaci\u00f3n de la arquitectura militar en el estado territorial de la Casa de Medina Sidonia (del II al VII Duque)<\/em><\/a><\/p><p>Francisco Javier Hern\u00e1ndez Navarro et alt. <a href=\"https:\/\/digital.csic.es\/handle\/10261\/229477\" target=\"_blank\" rel=\"noopener\"><em>Las repercusiones de la Guerra de Sucesi\u00f3n en una villa del Ducado de Medina Sidonia: Conil de la Frontera (1700-1711)<\/em><\/a><\/p><p>Juan Carlos Fern\u00e1ndez S\u00e1nchez. <a href=\"https:\/\/repositorio.uam.es\/bitstream\/handle\/10486\/8470\/45669_1.pdf?sequence=1\" target=\"_blank\" rel=\"noopener\"><em>Urbanismo y arquitectura popular en C\u00e1diz<\/em><\/a><\/p><p>Manuel Chaparro Campos, Vicente Prieto Barea. <a href=\"https:\/\/dialnet.unirioja.es\/descarga\/articulo\/6992354.pdf\" target=\"_blank\" rel=\"noopener\"><em>Molinos tradicionales en la campi\u00f1a de medinasidonia y el territorio de frontera. Bases para la inscripci\u00f3n gen\u00e9rica colectiva en el cat\u00e1logo general del patrimonio hist\u00f3rico andaluz<\/em><\/a><\/p><p>Celeste Jim\u00e9nez de Madariaga. <a href=\"https:\/\/www.researchgate.net\/profile\/Celeste-Jimenez-De-Madariaga\/publication\/312192233_La_gestion_municipal_del_patrimonio_cultural_La_Chanca_de_Conil_Cadiz_Espana\/links\/587566d908ae6eb871c9b799\/La-gestion-municipal-del-patrimonio-cultural-La-Chanca-de-Conil-Cadiz-Espana.pdf\" target=\"_blank\" rel=\"noopener\"><em>La gesti\u00f3n municipal del patrimonio cultural. La chanca de Conil (C\u00e1diz, Espa\u00f1a)<\/em><\/a><\/p><p>Alberto Atanasio-Guisado, Juan Francisco Molina-Rozalem. <a href=\"https:\/\/riunet.upv.es\/bitstream\/handle\/10251\/147960\/Atanasio-Guisado%3BMolina-Rozalem%20-%20Implantaci%C3%B3n%20territorial%20y%20an%C3%A1lisis%20arquitect%C3%B3nico%20de%20los%20b%C3%BAnke....pdf?sequence=1\" target=\"_blank\" rel=\"noopener\"><em>Implantaci\u00f3n territorial y an\u00e1lisis arquitect\u00f3nico de los b\u00fankeres del Subsector IV del estrecho de Gibraltar (Conil, Vejer y Barbate) <\/em><\/a><\/p>\t\t\t\t\t\t\t\t<\/div>\n\t\t\t\t<\/div>\n\t\t\t\t\t<\/div>\n\t\t<\/div>\n\t\t\t\t\t<\/div>\n\t\t<\/section>\n\t\t\t\t<\/div>\n\t\t","protected":false},"excerpt":{"rendered":"<p>Conil de la Frontera (Costa de la Luz, Cadis) configura un dels pobles blancs del litoral gadit\u00e0. Municipi Tur\u00edstic de la Junta d&#8217;Andalusia, combina la tradici\u00f3 hist\u00f2rica, el medi natural &#8230; <a title=\"Conil de la Frontera (Cadis)\" class=\"read-more\" href=\"https:\/\/www.elturistatranquil.com\/ca\/conil-de-la-frontera-cadis\/\" aria-label=\"M\u00e9s informaci\u00f3 sobre Conil de la Frontera (Cadis)\">[ &#8230; ]<\/a><\/p>\n","protected":false},"author":1,"featured_media":37645,"comment_status":"open","ping_status":"closed","sticky":false,"template":"","format":"standard","meta":{"footnotes":""},"categories":[70,71,72,214,75,77,145,81,83,92,95,69,100,152,110],"tags":[],"class_list":["post-37742","post","type-post","status-publish","format-standard","has-post-thumbnail","hentry","category-arquitectura-civil-ca","category-arquitectura-popular-ca","category-arquitectura-religiosa-ca","category-cadis","category-castells","category-conjunts-historics","category-edat-mitjana","category-etnografia-ca","category-historia-ca","category-museus","category-paisatge","category-arqueologia-industrial-ca","category-pobles-i-ciutats-amb-interes","category-urbanisme","category-vila","infinite-scroll-item","generate-columns","tablet-grid-50","mobile-grid-100","grid-parent","grid-50","no-featured-image-padding"],"yoast_head":"<!-- This site is optimized with the Yoast SEO plugin v27.4 - https:\/\/yoast.com\/product\/yoast-seo-wordpress\/ -->\n<title>Conil de la Frontera (Cadis) - El turista tranquil<\/title>\n<meta name=\"description\" content=\"Conil de la Frontera (Costa de la Luz, Cadis) configura un dels pobles blancs del litoral gadit\u00e0. Municipi Tur\u00edstic de la Junta d&#039;Andalusia, combina la tradici\u00f3 hist\u00f2rica, el medi natural i les platges, amb un llegat etnol\u00f2gic que t\u00e9 la m\u00e0xima expressi\u00f3 a l&#039;almadrava.\" \/>\n<meta name=\"robots\" content=\"index, follow, max-snippet:-1, max-image-preview:large, max-video-preview:-1\" \/>\n<link rel=\"canonical\" href=\"https:\/\/www.elturistatranquil.com\/ca\/conil-de-la-frontera-cadis\/\" \/>\n<meta property=\"og:locale\" content=\"ca_ES\" \/>\n<meta property=\"og:type\" content=\"article\" \/>\n<meta property=\"og:title\" content=\"Conil de la Frontera (Cadis) - El turista tranquil\" \/>\n<meta property=\"og:description\" content=\"Conil de la Frontera (Costa de la Luz, Cadis) configura un dels pobles blancs del litoral gadit\u00e0. Municipi Tur\u00edstic de la Junta d&#039;Andalusia, combina la tradici\u00f3 hist\u00f2rica, el medi natural i les platges, amb un llegat etnol\u00f2gic que t\u00e9 la m\u00e0xima expressi\u00f3 a l&#039;almadrava.\" \/>\n<meta property=\"og:url\" content=\"https:\/\/www.elturistatranquil.com\/ca\/conil-de-la-frontera-cadis\/\" \/>\n<meta property=\"og:site_name\" content=\"El turista tranquil\" \/>\n<meta property=\"article:publisher\" content=\"https:\/\/www.facebook.com\/elturistatranquilo\/\" \/>\n<meta property=\"article:published_time\" content=\"2021-10-30T21:30:51+00:00\" \/>\n<meta property=\"article:modified_time\" content=\"2021-10-31T08:43:55+00:00\" \/>\n<meta property=\"og:image\" content=\"https:\/\/www.elturistatranquil.com\/wp-content\/uploads\/F00-Conil-de-la-Frontera.jpg\" \/>\n\t<meta property=\"og:image:width\" content=\"768\" \/>\n\t<meta property=\"og:image:height\" content=\"511\" \/>\n\t<meta property=\"og:image:type\" content=\"image\/jpeg\" \/>\n<meta name=\"author\" content=\"admin\" \/>\n<meta name=\"twitter:card\" content=\"summary_large_image\" \/>\n<meta name=\"twitter:label1\" content=\"Escrit per\" \/>\n\t<meta name=\"twitter:data1\" content=\"admin\" \/>\n\t<meta name=\"twitter:label2\" content=\"Temps estimat de lectura\" \/>\n\t<meta name=\"twitter:data2\" content=\"58 minuts\" \/>\n<script type=\"application\/ld+json\" class=\"yoast-schema-graph\">{\"@context\":\"https:\\\/\\\/schema.org\",\"@graph\":[{\"@type\":\"Article\",\"@id\":\"https:\\\/\\\/www.elturistatranquil.com\\\/ca\\\/conil-de-la-frontera-cadis\\\/#article\",\"isPartOf\":{\"@id\":\"https:\\\/\\\/www.elturistatranquil.com\\\/ca\\\/conil-de-la-frontera-cadis\\\/\"},\"author\":{\"name\":\"admin\",\"@id\":\"https:\\\/\\\/www.elturistatranquil.com\\\/ca\\\/#\\\/schema\\\/person\\\/16f607c3079b96ed0c530a52e6b58bb5\"},\"headline\":\"Conil de la Frontera (Cadis)\",\"datePublished\":\"2021-10-30T21:30:51+00:00\",\"dateModified\":\"2021-10-31T08:43:55+00:00\",\"mainEntityOfPage\":{\"@id\":\"https:\\\/\\\/www.elturistatranquil.com\\\/ca\\\/conil-de-la-frontera-cadis\\\/\"},\"wordCount\":7743,\"commentCount\":0,\"image\":{\"@id\":\"https:\\\/\\\/www.elturistatranquil.com\\\/ca\\\/conil-de-la-frontera-cadis\\\/#primaryimage\"},\"thumbnailUrl\":\"https:\\\/\\\/www.elturistatranquil.com\\\/wp-content\\\/uploads\\\/F00-Conil-de-la-Frontera.jpg\",\"articleSection\":[\"Arquitectura civil\",\"Arquitectura popular\",\"Arquitectura religiosa\",\"Cadis\",\"Castells, Muralles\",\"Conjunts hist\u00f2rics\",\"Edat mitjana\",\"Etnografia\",\"Hist\u00f2ria\",\"Museus\",\"Paisatge\",\"Patrimoni econ\u00f2mic\\\/productiu\",\"Pobles i ciutats amb inter\u00e9s\",\"Urbanisme\",\"Vila\"],\"inLanguage\":\"ca\",\"potentialAction\":[{\"@type\":\"CommentAction\",\"name\":\"Comment\",\"target\":[\"https:\\\/\\\/www.elturistatranquil.com\\\/ca\\\/conil-de-la-frontera-cadis\\\/#respond\"]}]},{\"@type\":\"WebPage\",\"@id\":\"https:\\\/\\\/www.elturistatranquil.com\\\/ca\\\/conil-de-la-frontera-cadis\\\/\",\"url\":\"https:\\\/\\\/www.elturistatranquil.com\\\/ca\\\/conil-de-la-frontera-cadis\\\/\",\"name\":\"Conil de la Frontera (Cadis) - El turista tranquil\",\"isPartOf\":{\"@id\":\"https:\\\/\\\/www.elturistatranquil.com\\\/ca\\\/#website\"},\"primaryImageOfPage\":{\"@id\":\"https:\\\/\\\/www.elturistatranquil.com\\\/ca\\\/conil-de-la-frontera-cadis\\\/#primaryimage\"},\"image\":{\"@id\":\"https:\\\/\\\/www.elturistatranquil.com\\\/ca\\\/conil-de-la-frontera-cadis\\\/#primaryimage\"},\"thumbnailUrl\":\"https:\\\/\\\/www.elturistatranquil.com\\\/wp-content\\\/uploads\\\/F00-Conil-de-la-Frontera.jpg\",\"datePublished\":\"2021-10-30T21:30:51+00:00\",\"dateModified\":\"2021-10-31T08:43:55+00:00\",\"author\":{\"@id\":\"https:\\\/\\\/www.elturistatranquil.com\\\/ca\\\/#\\\/schema\\\/person\\\/16f607c3079b96ed0c530a52e6b58bb5\"},\"description\":\"Conil de la Frontera (Costa de la Luz, Cadis) configura un dels pobles blancs del litoral gadit\u00e0. Municipi Tur\u00edstic de la Junta d'Andalusia, combina la tradici\u00f3 hist\u00f2rica, el medi natural i les platges, amb un llegat etnol\u00f2gic que t\u00e9 la m\u00e0xima expressi\u00f3 a l'almadrava.\",\"breadcrumb\":{\"@id\":\"https:\\\/\\\/www.elturistatranquil.com\\\/ca\\\/conil-de-la-frontera-cadis\\\/#breadcrumb\"},\"inLanguage\":\"ca\",\"potentialAction\":[{\"@type\":\"ReadAction\",\"target\":[\"https:\\\/\\\/www.elturistatranquil.com\\\/ca\\\/conil-de-la-frontera-cadis\\\/\"]}]},{\"@type\":\"ImageObject\",\"inLanguage\":\"ca\",\"@id\":\"https:\\\/\\\/www.elturistatranquil.com\\\/ca\\\/conil-de-la-frontera-cadis\\\/#primaryimage\",\"url\":\"https:\\\/\\\/www.elturistatranquil.com\\\/wp-content\\\/uploads\\\/F00-Conil-de-la-Frontera.jpg\",\"contentUrl\":\"https:\\\/\\\/www.elturistatranquil.com\\\/wp-content\\\/uploads\\\/F00-Conil-de-la-Frontera.jpg\",\"width\":768,\"height\":511,\"caption\":\"Conil de la Frontera\"},{\"@type\":\"BreadcrumbList\",\"@id\":\"https:\\\/\\\/www.elturistatranquil.com\\\/ca\\\/conil-de-la-frontera-cadis\\\/#breadcrumb\",\"itemListElement\":[{\"@type\":\"ListItem\",\"position\":1,\"name\":\"Portada\",\"item\":\"https:\\\/\\\/www.elturistatranquil.com\\\/ca\\\/\"},{\"@type\":\"ListItem\",\"position\":2,\"name\":\"Conil de la Frontera (Cadis)\"}]},{\"@type\":\"WebSite\",\"@id\":\"https:\\\/\\\/www.elturistatranquil.com\\\/ca\\\/#website\",\"url\":\"https:\\\/\\\/www.elturistatranquil.com\\\/ca\\\/\",\"name\":\"El turista tranquil\",\"description\":\"Blog de viatges\",\"potentialAction\":[{\"@type\":\"SearchAction\",\"target\":{\"@type\":\"EntryPoint\",\"urlTemplate\":\"https:\\\/\\\/www.elturistatranquil.com\\\/ca\\\/?s={search_term_string}\"},\"query-input\":{\"@type\":\"PropertyValueSpecification\",\"valueRequired\":true,\"valueName\":\"search_term_string\"}}],\"inLanguage\":\"ca\"},{\"@type\":\"Person\",\"@id\":\"https:\\\/\\\/www.elturistatranquil.com\\\/ca\\\/#\\\/schema\\\/person\\\/16f607c3079b96ed0c530a52e6b58bb5\",\"name\":\"admin\",\"image\":{\"@type\":\"ImageObject\",\"inLanguage\":\"ca\",\"@id\":\"https:\\\/\\\/secure.gravatar.com\\\/avatar\\\/1fbaf22aee75fcbb29a2f97b107f95d25d3a19b7c3416105be10269872673e8d?s=96&d=mm&r=g\",\"url\":\"https:\\\/\\\/secure.gravatar.com\\\/avatar\\\/1fbaf22aee75fcbb29a2f97b107f95d25d3a19b7c3416105be10269872673e8d?s=96&d=mm&r=g\",\"contentUrl\":\"https:\\\/\\\/secure.gravatar.com\\\/avatar\\\/1fbaf22aee75fcbb29a2f97b107f95d25d3a19b7c3416105be10269872673e8d?s=96&d=mm&r=g\",\"caption\":\"admin\"}}]}<\/script>\n<!-- \/ Yoast SEO plugin. -->","yoast_head_json":{"title":"Conil de la Frontera (Cadis) - El turista tranquil","description":"Conil de la Frontera (Costa de la Luz, Cadis) configura un dels pobles blancs del litoral gadit\u00e0. Municipi Tur\u00edstic de la Junta d'Andalusia, combina la tradici\u00f3 hist\u00f2rica, el medi natural i les platges, amb un llegat etnol\u00f2gic que t\u00e9 la m\u00e0xima expressi\u00f3 a l'almadrava.","robots":{"index":"index","follow":"follow","max-snippet":"max-snippet:-1","max-image-preview":"max-image-preview:large","max-video-preview":"max-video-preview:-1"},"canonical":"https:\/\/www.elturistatranquil.com\/ca\/conil-de-la-frontera-cadis\/","og_locale":"ca_ES","og_type":"article","og_title":"Conil de la Frontera (Cadis) - El turista tranquil","og_description":"Conil de la Frontera (Costa de la Luz, Cadis) configura un dels pobles blancs del litoral gadit\u00e0. Municipi Tur\u00edstic de la Junta d'Andalusia, combina la tradici\u00f3 hist\u00f2rica, el medi natural i les platges, amb un llegat etnol\u00f2gic que t\u00e9 la m\u00e0xima expressi\u00f3 a l'almadrava.","og_url":"https:\/\/www.elturistatranquil.com\/ca\/conil-de-la-frontera-cadis\/","og_site_name":"El turista tranquil","article_publisher":"https:\/\/www.facebook.com\/elturistatranquilo\/","article_published_time":"2021-10-30T21:30:51+00:00","article_modified_time":"2021-10-31T08:43:55+00:00","og_image":[{"width":768,"height":511,"url":"https:\/\/www.elturistatranquil.com\/wp-content\/uploads\/F00-Conil-de-la-Frontera.jpg","type":"image\/jpeg"}],"author":"admin","twitter_card":"summary_large_image","twitter_misc":{"Escrit per":"admin","Temps estimat de lectura":"58 minuts"},"schema":{"@context":"https:\/\/schema.org","@graph":[{"@type":"Article","@id":"https:\/\/www.elturistatranquil.com\/ca\/conil-de-la-frontera-cadis\/#article","isPartOf":{"@id":"https:\/\/www.elturistatranquil.com\/ca\/conil-de-la-frontera-cadis\/"},"author":{"name":"admin","@id":"https:\/\/www.elturistatranquil.com\/ca\/#\/schema\/person\/16f607c3079b96ed0c530a52e6b58bb5"},"headline":"Conil de la Frontera (Cadis)","datePublished":"2021-10-30T21:30:51+00:00","dateModified":"2021-10-31T08:43:55+00:00","mainEntityOfPage":{"@id":"https:\/\/www.elturistatranquil.com\/ca\/conil-de-la-frontera-cadis\/"},"wordCount":7743,"commentCount":0,"image":{"@id":"https:\/\/www.elturistatranquil.com\/ca\/conil-de-la-frontera-cadis\/#primaryimage"},"thumbnailUrl":"https:\/\/www.elturistatranquil.com\/wp-content\/uploads\/F00-Conil-de-la-Frontera.jpg","articleSection":["Arquitectura civil","Arquitectura popular","Arquitectura religiosa","Cadis","Castells, Muralles","Conjunts hist\u00f2rics","Edat mitjana","Etnografia","Hist\u00f2ria","Museus","Paisatge","Patrimoni econ\u00f2mic\/productiu","Pobles i ciutats amb inter\u00e9s","Urbanisme","Vila"],"inLanguage":"ca","potentialAction":[{"@type":"CommentAction","name":"Comment","target":["https:\/\/www.elturistatranquil.com\/ca\/conil-de-la-frontera-cadis\/#respond"]}]},{"@type":"WebPage","@id":"https:\/\/www.elturistatranquil.com\/ca\/conil-de-la-frontera-cadis\/","url":"https:\/\/www.elturistatranquil.com\/ca\/conil-de-la-frontera-cadis\/","name":"Conil de la Frontera (Cadis) - El turista tranquil","isPartOf":{"@id":"https:\/\/www.elturistatranquil.com\/ca\/#website"},"primaryImageOfPage":{"@id":"https:\/\/www.elturistatranquil.com\/ca\/conil-de-la-frontera-cadis\/#primaryimage"},"image":{"@id":"https:\/\/www.elturistatranquil.com\/ca\/conil-de-la-frontera-cadis\/#primaryimage"},"thumbnailUrl":"https:\/\/www.elturistatranquil.com\/wp-content\/uploads\/F00-Conil-de-la-Frontera.jpg","datePublished":"2021-10-30T21:30:51+00:00","dateModified":"2021-10-31T08:43:55+00:00","author":{"@id":"https:\/\/www.elturistatranquil.com\/ca\/#\/schema\/person\/16f607c3079b96ed0c530a52e6b58bb5"},"description":"Conil de la Frontera (Costa de la Luz, Cadis) configura un dels pobles blancs del litoral gadit\u00e0. Municipi Tur\u00edstic de la Junta d'Andalusia, combina la tradici\u00f3 hist\u00f2rica, el medi natural i les platges, amb un llegat etnol\u00f2gic que t\u00e9 la m\u00e0xima expressi\u00f3 a l'almadrava.","breadcrumb":{"@id":"https:\/\/www.elturistatranquil.com\/ca\/conil-de-la-frontera-cadis\/#breadcrumb"},"inLanguage":"ca","potentialAction":[{"@type":"ReadAction","target":["https:\/\/www.elturistatranquil.com\/ca\/conil-de-la-frontera-cadis\/"]}]},{"@type":"ImageObject","inLanguage":"ca","@id":"https:\/\/www.elturistatranquil.com\/ca\/conil-de-la-frontera-cadis\/#primaryimage","url":"https:\/\/www.elturistatranquil.com\/wp-content\/uploads\/F00-Conil-de-la-Frontera.jpg","contentUrl":"https:\/\/www.elturistatranquil.com\/wp-content\/uploads\/F00-Conil-de-la-Frontera.jpg","width":768,"height":511,"caption":"Conil de la Frontera"},{"@type":"BreadcrumbList","@id":"https:\/\/www.elturistatranquil.com\/ca\/conil-de-la-frontera-cadis\/#breadcrumb","itemListElement":[{"@type":"ListItem","position":1,"name":"Portada","item":"https:\/\/www.elturistatranquil.com\/ca\/"},{"@type":"ListItem","position":2,"name":"Conil de la Frontera (Cadis)"}]},{"@type":"WebSite","@id":"https:\/\/www.elturistatranquil.com\/ca\/#website","url":"https:\/\/www.elturistatranquil.com\/ca\/","name":"El turista tranquil","description":"Blog de viatges","potentialAction":[{"@type":"SearchAction","target":{"@type":"EntryPoint","urlTemplate":"https:\/\/www.elturistatranquil.com\/ca\/?s={search_term_string}"},"query-input":{"@type":"PropertyValueSpecification","valueRequired":true,"valueName":"search_term_string"}}],"inLanguage":"ca"},{"@type":"Person","@id":"https:\/\/www.elturistatranquil.com\/ca\/#\/schema\/person\/16f607c3079b96ed0c530a52e6b58bb5","name":"admin","image":{"@type":"ImageObject","inLanguage":"ca","@id":"https:\/\/secure.gravatar.com\/avatar\/1fbaf22aee75fcbb29a2f97b107f95d25d3a19b7c3416105be10269872673e8d?s=96&d=mm&r=g","url":"https:\/\/secure.gravatar.com\/avatar\/1fbaf22aee75fcbb29a2f97b107f95d25d3a19b7c3416105be10269872673e8d?s=96&d=mm&r=g","contentUrl":"https:\/\/secure.gravatar.com\/avatar\/1fbaf22aee75fcbb29a2f97b107f95d25d3a19b7c3416105be10269872673e8d?s=96&d=mm&r=g","caption":"admin"}}]}},"_links":{"self":[{"href":"https:\/\/www.elturistatranquil.com\/ca\/wp-json\/wp\/v2\/posts\/37742","targetHints":{"allow":["GET"]}}],"collection":[{"href":"https:\/\/www.elturistatranquil.com\/ca\/wp-json\/wp\/v2\/posts"}],"about":[{"href":"https:\/\/www.elturistatranquil.com\/ca\/wp-json\/wp\/v2\/types\/post"}],"author":[{"embeddable":true,"href":"https:\/\/www.elturistatranquil.com\/ca\/wp-json\/wp\/v2\/users\/1"}],"replies":[{"embeddable":true,"href":"https:\/\/www.elturistatranquil.com\/ca\/wp-json\/wp\/v2\/comments?post=37742"}],"version-history":[{"count":5,"href":"https:\/\/www.elturistatranquil.com\/ca\/wp-json\/wp\/v2\/posts\/37742\/revisions"}],"predecessor-version":[{"id":37776,"href":"https:\/\/www.elturistatranquil.com\/ca\/wp-json\/wp\/v2\/posts\/37742\/revisions\/37776"}],"wp:featuredmedia":[{"embeddable":true,"href":"https:\/\/www.elturistatranquil.com\/ca\/wp-json\/wp\/v2\/media\/37645"}],"wp:attachment":[{"href":"https:\/\/www.elturistatranquil.com\/ca\/wp-json\/wp\/v2\/media?parent=37742"}],"wp:term":[{"taxonomy":"category","embeddable":true,"href":"https:\/\/www.elturistatranquil.com\/ca\/wp-json\/wp\/v2\/categories?post=37742"},{"taxonomy":"post_tag","embeddable":true,"href":"https:\/\/www.elturistatranquil.com\/ca\/wp-json\/wp\/v2\/tags?post=37742"}],"curies":[{"name":"wp","href":"https:\/\/api.w.org\/{rel}","templated":true}]}}