{"id":38375,"date":"2021-11-27T12:59:01","date_gmt":"2021-11-27T11:59:01","guid":{"rendered":"https:\/\/www.elturistatranquil.com\/?p=38375"},"modified":"2021-12-26T09:51:33","modified_gmt":"2021-12-26T08:51:33","slug":"torrijos-toledo","status":"publish","type":"post","link":"https:\/\/www.elturistatranquil.com\/ca\/torrijos-toledo\/","title":{"rendered":"Torrijos (Toledo)"},"content":{"rendered":"\t\t<div data-elementor-type=\"wp-post\" data-elementor-id=\"38375\" class=\"elementor elementor-38375 elementor-38000\" data-elementor-post-type=\"post\">\n\t\t\t\t\t\t<section class=\"elementor-section elementor-top-section elementor-element elementor-element-3df392dc elementor-section-boxed elementor-section-height-default elementor-section-height-default\" data-id=\"3df392dc\" data-element_type=\"section\" data-e-type=\"section\">\n\t\t\t\t\t\t<div class=\"elementor-container elementor-column-gap-default\">\n\t\t\t\t\t<div class=\"elementor-column elementor-col-100 elementor-top-column elementor-element elementor-element-53714566\" data-id=\"53714566\" data-element_type=\"column\" data-e-type=\"column\">\n\t\t\t<div class=\"elementor-widget-wrap elementor-element-populated\">\n\t\t\t\t\t\t<section class=\"elementor-section elementor-inner-section elementor-element elementor-element-621eb139 elementor-section-content-middle elementor-section-boxed elementor-section-height-default elementor-section-height-default\" data-id=\"621eb139\" data-element_type=\"section\" data-e-type=\"section\">\n\t\t\t\t\t\t<div class=\"elementor-container elementor-column-gap-default\">\n\t\t\t\t\t<div class=\"elementor-column elementor-col-100 elementor-inner-column elementor-element elementor-element-195c44c2\" data-id=\"195c44c2\" data-element_type=\"column\" data-e-type=\"column\">\n\t\t\t<div class=\"elementor-widget-wrap elementor-element-populated\">\n\t\t\t\t\t\t<div class=\"elementor-element elementor-element-5d7ba4ed elementor-widget elementor-widget-text-editor\" data-id=\"5d7ba4ed\" data-element_type=\"widget\" data-e-type=\"widget\" data-widget_type=\"text-editor.default\">\n\t\t\t\t<div class=\"elementor-widget-container\">\n\t\t\t\t\t\t\t\t\t<p>La vila de Torrijos (Toledo), compta amb un important patrimoni que arrenca del segle XIV, amb el palau de Pere I, i t\u00e9 la seva obra culminant a la Col\u00b7legiata als segles XV-XVI. Un passeig pels seus carrers ens situa a la modernitat a trav\u00e9s del Projecte de Street Art.<\/p>\t\t\t\t\t\t\t\t<\/div>\n\t\t\t\t<\/div>\n\t\t\t\t\t<\/div>\n\t\t<\/div>\n\t\t\t\t\t<\/div>\n\t\t<\/section>\n\t\t\t\t<div class=\"elementor-element elementor-element-66748536 elementor-widget elementor-widget-heading\" data-id=\"66748536\" data-element_type=\"widget\" data-e-type=\"widget\" data-widget_type=\"heading.default\">\n\t\t\t\t<div class=\"elementor-widget-container\">\n\t\t\t\t\t<h1 class=\"elementor-heading-title elementor-size-default\">Torrijos (Toledo)<\/h1>\t\t\t\t<\/div>\n\t\t\t\t<\/div>\n\t\t\t\t\t<\/div>\n\t\t<\/div>\n\t\t\t\t\t<\/div>\n\t\t<\/section>\n\t\t\t\t<section class=\"elementor-section elementor-top-section elementor-element elementor-element-bfc1a2c elementor-section-boxed elementor-section-height-default elementor-section-height-default\" data-id=\"bfc1a2c\" data-element_type=\"section\" data-e-type=\"section\">\n\t\t\t\t\t\t<div class=\"elementor-container elementor-column-gap-default\">\n\t\t\t\t\t<div class=\"elementor-column elementor-col-100 elementor-top-column elementor-element elementor-element-5ff39ecd\" data-id=\"5ff39ecd\" data-element_type=\"column\" data-e-type=\"column\">\n\t\t\t<div class=\"elementor-widget-wrap elementor-element-populated\">\n\t\t\t\t\t\t<div class=\"elementor-element elementor-element-453a2751 elementor-widget elementor-widget-image\" data-id=\"453a2751\" data-element_type=\"widget\" data-e-type=\"widget\" data-widget_type=\"image.default\">\n\t\t\t\t<div class=\"elementor-widget-container\">\n\t\t\t\t\t\t\t\t\t\t\t\t<figure class=\"wp-caption\">\n\t\t\t\t\t\t\t\t\t\t<img fetchpriority=\"high\" decoding=\"async\" width=\"768\" height=\"512\" src=\"https:\/\/www.elturistatranquil.com\/wp-content\/uploads\/F01-Torrijos.-Toledo-Google-earth-2021-11-16.jpg\" class=\"attachment-large size-large wp-image-38010\" alt=\"Torrijos. Toledo (Google earth 2021-11-16)\" srcset=\"https:\/\/www.elturistatranquil.com\/wp-content\/uploads\/F01-Torrijos.-Toledo-Google-earth-2021-11-16.jpg 768w, https:\/\/www.elturistatranquil.com\/wp-content\/uploads\/F01-Torrijos.-Toledo-Google-earth-2021-11-16-339x226.jpg 339w\" sizes=\"(max-width: 768px) 100vw, 768px\" \/>\t\t\t\t\t\t\t\t\t\t\t<figcaption class=\"widget-image-caption wp-caption-text\">Torrijos (Google earth 2021-11-16)<\/figcaption>\n\t\t\t\t\t\t\t\t\t\t<\/figure>\n\t\t\t\t\t\t\t\t\t<\/div>\n\t\t\t\t<\/div>\n\t\t\t\t<div class=\"elementor-element elementor-element-36b900e7 elementor-widget elementor-widget-spacer\" data-id=\"36b900e7\" data-element_type=\"widget\" data-e-type=\"widget\" data-widget_type=\"spacer.default\">\n\t\t\t\t<div class=\"elementor-widget-container\">\n\t\t\t\t\t\t\t<div class=\"elementor-spacer\">\n\t\t\t<div class=\"elementor-spacer-inner\"><\/div>\n\t\t<\/div>\n\t\t\t\t\t\t<\/div>\n\t\t\t\t<\/div>\n\t\t\t\t<div class=\"elementor-element elementor-element-2b2f7183 elementor-widget elementor-widget-heading\" data-id=\"2b2f7183\" data-element_type=\"widget\" data-e-type=\"widget\" data-widget_type=\"heading.default\">\n\t\t\t\t<div class=\"elementor-widget-container\">\n\t\t\t\t\t<h2 class=\"elementor-heading-title elementor-size-default\">Torrijos. Comarca de Torrijos. Toledo<\/h2>\t\t\t\t<\/div>\n\t\t\t\t<\/div>\n\t\t\t\t<section class=\"elementor-section elementor-inner-section elementor-element elementor-element-3fcdd0c6 elementor-section-boxed elementor-section-height-default elementor-section-height-default\" data-id=\"3fcdd0c6\" data-element_type=\"section\" data-e-type=\"section\" data-settings=\"{&quot;background_background&quot;:&quot;classic&quot;}\">\n\t\t\t\t\t\t\t<div class=\"elementor-background-overlay\"><\/div>\n\t\t\t\t\t\t\t<div class=\"elementor-container elementor-column-gap-default\">\n\t\t\t\t\t<div class=\"elementor-column elementor-col-100 elementor-inner-column elementor-element elementor-element-3d9b0286\" data-id=\"3d9b0286\" data-element_type=\"column\" data-e-type=\"column\" data-settings=\"{&quot;background_background&quot;:&quot;classic&quot;}\">\n\t\t\t<div class=\"elementor-widget-wrap elementor-element-populated\">\n\t\t\t\t\t\t<div class=\"elementor-element elementor-element-17d26a60 elementor-widget elementor-widget-text-editor\" data-id=\"17d26a60\" data-element_type=\"widget\" data-e-type=\"widget\" data-widget_type=\"text-editor.default\">\n\t\t\t\t<div class=\"elementor-widget-container\">\n\t\t\t\t\t\t\t\t\t<p>Comarca: Comarca de Torrijos. Prov\u00edncia: Toledo. Com. Aut\u00f2noma: Castilla-La Mancha<\/p><p>Coordenades: 39\u00b059\u203200\u2033N 4\u00b016\u203253\u2033W. Altitud: 529 msnm. Poblaci\u00f3: 13.684 habitants (2020)<\/p><p>Web: <a href=\"https:\/\/www.torrijos.es\" target=\"_blank\" rel=\"noopener\">ayuntamiento<\/a><\/p><p>Visita: 2021<\/p>\t\t\t\t\t\t\t\t<\/div>\n\t\t\t\t<\/div>\n\t\t\t\t\t<\/div>\n\t\t<\/div>\n\t\t\t\t\t<\/div>\n\t\t<\/section>\n\t\t\t\t<div class=\"elementor-element elementor-element-1974da08 elementor-widget elementor-widget-image\" data-id=\"1974da08\" data-element_type=\"widget\" data-e-type=\"widget\" data-widget_type=\"image.default\">\n\t\t\t\t<div class=\"elementor-widget-container\">\n\t\t\t\t\t\t\t\t\t\t\t\t<figure class=\"wp-caption\">\n\t\t\t\t\t\t\t\t\t\t<img decoding=\"async\" width=\"768\" height=\"512\" src=\"https:\/\/www.elturistatranquil.com\/wp-content\/uploads\/F02c-Mapa-de-situacio-del-Hotel-La-Salve-Torrijos-ToledoGoogle-maps-2021-11-04.jpg\" class=\"attachment-medium_large size-medium_large wp-image-37949\" alt=\"Mapa de situaci\u00f3 del Hotel La Salve, Torrijos, Toledo(Google maps 2021-11-04)\" srcset=\"https:\/\/www.elturistatranquil.com\/wp-content\/uploads\/F02c-Mapa-de-situacio-del-Hotel-La-Salve-Torrijos-ToledoGoogle-maps-2021-11-04.jpg 768w, https:\/\/www.elturistatranquil.com\/wp-content\/uploads\/F02c-Mapa-de-situacio-del-Hotel-La-Salve-Torrijos-ToledoGoogle-maps-2021-11-04-339x226.jpg 339w\" sizes=\"(max-width: 768px) 100vw, 768px\" \/>\t\t\t\t\t\t\t\t\t\t\t<figcaption class=\"widget-image-caption wp-caption-text\">Mapa de situaci\u00f3 de Torrijos, Toledo (Google maps 2021-11-04)<\/figcaption>\n\t\t\t\t\t\t\t\t\t\t<\/figure>\n\t\t\t\t\t\t\t\t\t<\/div>\n\t\t\t\t<\/div>\n\t\t\t\t<section class=\"elementor-section elementor-inner-section elementor-element elementor-element-26ec518c elementor-section-boxed elementor-section-height-default elementor-section-height-default\" data-id=\"26ec518c\" data-element_type=\"section\" data-e-type=\"section\" data-settings=\"{&quot;background_background&quot;:&quot;classic&quot;}\">\n\t\t\t\t\t\t<div class=\"elementor-container elementor-column-gap-default\">\n\t\t\t\t\t<div class=\"elementor-column elementor-col-100 elementor-inner-column elementor-element elementor-element-235ec26f\" data-id=\"235ec26f\" data-element_type=\"column\" data-e-type=\"column\">\n\t\t\t<div class=\"elementor-widget-wrap elementor-element-populated\">\n\t\t\t\t\t\t<div class=\"elementor-element elementor-element-49957882 elementor-widget elementor-widget-text-editor\" data-id=\"49957882\" data-element_type=\"widget\" data-e-type=\"widget\" data-widget_type=\"text-editor.default\">\n\t\t\t\t<div class=\"elementor-widget-container\">\n\t\t\t\t\t\t\t\t\t<p style=\"text-align: center;\"><strong>\u00cdndex<\/strong><\/p>\t\t\t\t\t\t\t\t<\/div>\n\t\t\t\t<\/div>\n\t\t\t\t<div class=\"elementor-element elementor-element-7817e45e elementor-widget elementor-widget-menu-anchor\" data-id=\"7817e45e\" data-element_type=\"widget\" data-e-type=\"widget\" data-widget_type=\"menu-anchor.default\">\n\t\t\t\t<div class=\"elementor-widget-container\">\n\t\t\t\t\t\t\t<div class=\"elementor-menu-anchor\" id=\"a0101-EnlaceaunpuntodentrodelPost\"><\/div>\n\t\t\t\t\t\t<\/div>\n\t\t\t\t<\/div>\n\t\t\t\t<div class=\"elementor-element elementor-element-1e598563 elementor-widget elementor-widget-text-editor\" data-id=\"1e598563\" data-element_type=\"widget\" data-e-type=\"widget\" data-widget_type=\"text-editor.default\">\n\t\t\t\t<div class=\"elementor-widget-container\">\n\t\t\t\t\t\t\t\t\t<p><a href=\"https:\/\/www.elturistatranquil.com\/ca\/torrijos-toledo\/#c7101\">Torrijos. Comarca de Torrijos. Toledo<\/a><\/p><p><a href=\"https:\/\/www.elturistatranquil.com\/ca\/torrijos-toledo\/#c7102\">El territori<\/a><\/p><p><a href=\"https:\/\/www.elturistatranquil.com\/ca\/torrijos-toledo\/#c7103\">Una mica d&#8217;hist\u00f2ria<\/a><\/p><p><a href=\"https:\/\/www.elturistatranquil.com\/ca\/torrijos-toledo\/#c7104\">La visita a Torrijos<\/a><\/p><p><a href=\"https:\/\/www.elturistatranquil.com\/ca\/torrijos-toledo\/#c7105\">Recorregut monumental<\/a><\/p><p style=\"padding-left: 40px;\"><a href=\"https:\/\/www.elturistatranquil.com\/ca\/torrijos-toledo\/#c7106\">Palau de Pedro I \/ Convent de la Pur\u00edsima Concepci\u00f3n \/ Ajuntament<\/a><\/p><p style=\"padding-left: 40px;\"><a href=\"https:\/\/www.elturistatranquil.com\/ca\/torrijos-toledo\/#c7107\">Torre Dip\u00f2sit d&#8217;Aigua<\/a><\/p><p style=\"padding-left: 40px;\"><a href=\"https:\/\/www.elturistatranquil.com\/ca\/torrijos-toledo\/#c7108\">Col\u00b7legiata del Sant\u00edsimo Sacramento<\/a><\/p><p style=\"padding-left: 40px;\"><a href=\"https:\/\/www.elturistatranquil.com\/ca\/torrijos-toledo\/#c7109\">El Ca\u00f1o Viejo<\/a><\/p><p style=\"padding-left: 40px;\"><a href=\"https:\/\/www.elturistatranquil.com\/ca\/torrijos-toledo\/#c7110\">Capella del Sant\u00edsimo Cristo de la Sangre<\/a><a href=\"https:\/\/www.elturistatranquil.com\/ca\/torrijos-toledo\/#c7110\"> i Hospital de la Sant\u00edsima Trinidad i Nuestra Se\u00f1ora de la Consolaci\u00f3n<\/a><\/p><p style=\"padding-left: 40px;\"><a href=\"https:\/\/www.elturistatranquil.com\/ca\/torrijos-toledo\/#c7111\">Pla\u00e7a d\u00b4Espanya. Antic Ajuntament<\/a><\/p><p style=\"padding-left: 40px;\"><a href=\"https:\/\/www.elturistatranquil.com\/ca\/torrijos-toledo\/#c7112\">Carrer Major<\/a><\/p><p style=\"padding-left: 40px;\"><a href=\"https:\/\/www.elturistatranquil.com\/ca\/torrijos-toledo\/#c7113\">Estaci\u00f3 de Ferrocarril. Carrer de la Estaci\u00f3n<\/a><\/p><p style=\"padding-left: 40px;\"><a href=\"https:\/\/www.elturistatranquil.com\/ca\/torrijos-toledo\/#c7114\">Electra SA, F\u00e0brica de farines i Sitja de blat<\/a><\/p><p style=\"padding-left: 40px;\"><a href=\"https:\/\/www.elturistatranquil.com\/ca\/torrijos-toledo\/#c7115\">Estaci\u00f3 d&#8217;autobusos<\/a><\/p><p style=\"padding-left: 40px;\"><a href=\"https:\/\/www.elturistatranquil.com\/ca\/torrijos-toledo\/#c7116\">Barri de Las Colonias o Colonia Gatell<\/a><\/p><p style=\"padding-left: 40px;\"><a href=\"https:\/\/www.elturistatranquil.com\/ca\/torrijos-toledo\/#c7117\">Jaciment arqueol\u00f2gic de les ru\u00efnes del convent francisc\u00e0 de Santa Mar\u00eda de Jes\u00fas o de San Francisco<\/a><\/p><p style=\"padding-left: 40px;\"><a href=\"https:\/\/www.elturistatranquil.com\/ca\/torrijos-toledo\/#c7118\">Nou Convent de les Reverendes Mares Concepcionistes Franciscanes<\/a><\/p><p><a href=\"https:\/\/www.elturistatranquil.com\/ca\/torrijos-toledo\/#c7119\">Ruta d&#8217;Art Urb\u00e0 \u00abMAP\u00bb<\/a><\/p><p><a href=\"https:\/\/www.elturistatranquil.com\/ca\/torrijos-toledo\/#c7120\">Fi de la visita<\/a><\/p><p><a href=\"https:\/\/www.elturistatranquil.com\/ca\/torrijos-toledo\/#c7121\">Bases d\u2019informaci\u00f3<\/a><\/p>\t\t\t\t\t\t\t\t<\/div>\n\t\t\t\t<\/div>\n\t\t\t\t\t<\/div>\n\t\t<\/div>\n\t\t\t\t\t<\/div>\n\t\t<\/section>\n\t\t\t\t<div class=\"elementor-element elementor-element-bc53f81 elementor-widget elementor-widget-spacer\" data-id=\"bc53f81\" data-element_type=\"widget\" data-e-type=\"widget\" data-widget_type=\"spacer.default\">\n\t\t\t\t<div class=\"elementor-widget-container\">\n\t\t\t\t\t\t\t<div class=\"elementor-spacer\">\n\t\t\t<div class=\"elementor-spacer-inner\"><\/div>\n\t\t<\/div>\n\t\t\t\t\t\t<\/div>\n\t\t\t\t<\/div>\n\t\t\t\t<div class=\"elementor-element elementor-element-d859f2f elementor-widget elementor-widget-menu-anchor\" data-id=\"d859f2f\" data-element_type=\"widget\" data-e-type=\"widget\" data-widget_type=\"menu-anchor.default\">\n\t\t\t\t<div class=\"elementor-widget-container\">\n\t\t\t\t\t\t\t<div class=\"elementor-menu-anchor\" id=\"c7101\"><\/div>\n\t\t\t\t\t\t<\/div>\n\t\t\t\t<\/div>\n\t\t\t\t<div class=\"elementor-element elementor-element-7bf7965 elementor-widget elementor-widget-heading\" data-id=\"7bf7965\" data-element_type=\"widget\" data-e-type=\"widget\" data-widget_type=\"heading.default\">\n\t\t\t\t<div class=\"elementor-widget-container\">\n\t\t\t\t\t<h2 class=\"elementor-heading-title elementor-size-default\">Torrijos. Comarca de Torrijos. Toledo<\/h2>\t\t\t\t<\/div>\n\t\t\t\t<\/div>\n\t\t\t\t<div class=\"elementor-element elementor-element-b8f21df elementor-widget elementor-widget-menu-anchor\" data-id=\"b8f21df\" data-element_type=\"widget\" data-e-type=\"widget\" data-widget_type=\"menu-anchor.default\">\n\t\t\t\t<div class=\"elementor-widget-container\">\n\t\t\t\t\t\t\t<div class=\"elementor-menu-anchor\" id=\"c7102\"><\/div>\n\t\t\t\t\t\t<\/div>\n\t\t\t\t<\/div>\n\t\t\t\t<div class=\"elementor-element elementor-element-0779efe elementor-widget elementor-widget-text-editor\" data-id=\"0779efe\" data-element_type=\"widget\" data-e-type=\"widget\" data-widget_type=\"text-editor.default\">\n\t\t\t\t<div class=\"elementor-widget-container\">\n\t\t\t\t\t\t\t\t\t<p>El primer lloc de visita des del meu allotjament al <a href=\"https:\/\/www.elturistatranquil.com\/ca\/hotel-la-salve-restaurant-el-borbollon-comarca-de-torrijos\/\" target=\"_blank\" rel=\"noopener\"><strong>Hotel La Salve<\/strong><\/a> va ser la pr\u00f2pia vila de <strong>Torrijos<\/strong> on es troba ubicat.<\/p>\t\t\t\t\t\t\t\t<\/div>\n\t\t\t\t<\/div>\n\t\t\t\t<div class=\"elementor-element elementor-element-fe1c3ce elementor-widget elementor-widget-heading\" data-id=\"fe1c3ce\" data-element_type=\"widget\" data-e-type=\"widget\" data-widget_type=\"heading.default\">\n\t\t\t\t<div class=\"elementor-widget-container\">\n\t\t\t\t\t<h2 class=\"elementor-heading-title elementor-size-default\">El territori<\/h2>\t\t\t\t<\/div>\n\t\t\t\t<\/div>\n\t\t\t\t<div class=\"elementor-element elementor-element-243c5f3a elementor-widget elementor-widget-image\" data-id=\"243c5f3a\" data-element_type=\"widget\" data-e-type=\"widget\" data-widget_type=\"image.default\">\n\t\t\t\t<div class=\"elementor-widget-container\">\n\t\t\t\t\t\t\t\t\t\t\t\t<figure class=\"wp-caption\">\n\t\t\t\t\t\t\t\t\t\t<img decoding=\"async\" width=\"768\" height=\"512\" src=\"https:\/\/www.elturistatranquil.com\/wp-content\/uploads\/F03-Torrijos-territorio-Google-maps-2021-11-18.jpg\" class=\"attachment-large size-large wp-image-38012\" alt=\"Torrijos territorio (Google maps 2021-11-18)\" srcset=\"https:\/\/www.elturistatranquil.com\/wp-content\/uploads\/F03-Torrijos-territorio-Google-maps-2021-11-18.jpg 768w, https:\/\/www.elturistatranquil.com\/wp-content\/uploads\/F03-Torrijos-territorio-Google-maps-2021-11-18-339x226.jpg 339w\" sizes=\"(max-width: 768px) 100vw, 768px\" \/>\t\t\t\t\t\t\t\t\t\t\t<figcaption class=\"widget-image-caption wp-caption-text\">Torrijos territorio (Google maps 2021-11-18)<\/figcaption>\n\t\t\t\t\t\t\t\t\t\t<\/figure>\n\t\t\t\t\t\t\t\t\t<\/div>\n\t\t\t\t<\/div>\n\t\t\t\t<div class=\"elementor-element elementor-element-c6cccd8 elementor-widget elementor-widget-menu-anchor\" data-id=\"c6cccd8\" data-element_type=\"widget\" data-e-type=\"widget\" data-widget_type=\"menu-anchor.default\">\n\t\t\t\t<div class=\"elementor-widget-container\">\n\t\t\t\t\t\t\t<div class=\"elementor-menu-anchor\" id=\"c7103\"><\/div>\n\t\t\t\t\t\t<\/div>\n\t\t\t\t<\/div>\n\t\t\t\t<div class=\"elementor-element elementor-element-eaa2e6f elementor-widget elementor-widget-text-editor\" data-id=\"eaa2e6f\" data-element_type=\"widget\" data-e-type=\"widget\" data-widget_type=\"text-editor.default\">\n\t\t\t\t<div class=\"elementor-widget-container\">\n\t\t\t\t\t\t\t\t\t<p>Torrijos ocupa la part central de la Meseta compresa entre el Sistema Central i les Muntanyes de Toledo, al nord del riu Tajo, que la travessa d&#8217;est a oest per la seva part central, sobre terrenys sedimentaris.<\/p><p>La vila estar\u00e0, doncs, envoltada de terreny pla ondulat, pr\u00e0cticament sense massa forestal natural, estant els camps dedicats a cereal de sec\u00e0, vinya i oliverar.<\/p><p>En la seva hist\u00f2ria ha estat important la seva posici\u00f3 a les rutes des de Toledo a \u00c0vila i a Talavera de la Reina.<\/p><p>Una caracter\u00edstica d&#8217;aquest territori \u00e9s un poblament totalment concentrat en pobles i viles, i nom\u00e9s unes quantes finques disperses. Dels 13.684 habitants de Torrijos, nom\u00e9s 17 representen poblaci\u00f3 disseminada.<\/p>\t\t\t\t\t\t\t\t<\/div>\n\t\t\t\t<\/div>\n\t\t\t\t<div class=\"elementor-element elementor-element-5c3492f elementor-widget elementor-widget-heading\" data-id=\"5c3492f\" data-element_type=\"widget\" data-e-type=\"widget\" data-widget_type=\"heading.default\">\n\t\t\t\t<div class=\"elementor-widget-container\">\n\t\t\t\t\t<h2 class=\"elementor-heading-title elementor-size-default\">Una mica d'hist\u00f2ria<\/h2>\t\t\t\t<\/div>\n\t\t\t\t<\/div>\n\t\t\t\t<div class=\"elementor-element elementor-element-33775b8 elementor-widget elementor-widget-text-editor\" data-id=\"33775b8\" data-element_type=\"widget\" data-e-type=\"widget\" data-widget_type=\"text-editor.default\">\n\t\t\t\t<div class=\"elementor-widget-container\">\n\t\t\t\t\t\t\t\t\t<p>Tot i que es considera que va existir ocupaci\u00f3 humana des d&#8217;antic, hi ha indicis des del Paleol\u00edtic, aix\u00ed com possiblement de celtes vettons, romans i visigots, per\u00f2 el que ha perviscut de la seva hist\u00f2ria arrenca de l&#8217;Edat Mitjana.<\/p><p>El 1085 \u00e9s conquerit per Alfons VI i repoblat per moss\u00e0rabs toledans. El 1214 Alfons VIII premia la intervenci\u00f3 de l&#8217;arquebisbe de Toledo, Rodrigo Jim\u00e9nez de Rada, a la batalla de les Navas de Tolosa donant-li Torrijos, que posteriorment ser\u00e0 cedit al cabildo de la catedral de Toledo.<\/p><p>La primera obra que ha arribat fins a l&#8217;actualitat correspon a l&#8217;alc\u00e0sser-palau que Alfons XI al\u00e7a per al seu fill, el futur Pedro I, en commemoraci\u00f3 de la Batalla del Salado (1340).<\/p><p>Amb Pedro I Torrijos adquireix rellev\u00e0ncia reial en destinar el palau a la celebraci\u00f3 del naixement de la seva filla Beatriz, fruit de la relaci\u00f3 amb la seva amant la senyora Mar\u00eda de Padilla, el 1353.<\/p><p>Comptava amb una muralla, amb el palau situat al lateral de ponent. A la poblaci\u00f3 convivien cristians, jueus i moss\u00e0rabs, per la qual cosa comptava amb l&#8217;esgl\u00e9sia de Sant Gil Abad, el patr\u00f3 de la localitat, dues sinagogues i una mesquita, totes elles desaparegudes.<\/p><p>El Palau va ser sovint resid\u00e8ncia reial. Aquest fet queda reflectit a l&#8217;escut de Torrijos, que inclou el motiu her\u00e0ldic de la corona sobre la torre, significant la condici\u00f3 de vila de reialenc que, en l&#8217;aspecte jurisdiccional, va tenir Torrijos durant part del regnat de Juan de Castella i Lle\u00f3; i, aix\u00ed mateix, en ser el seu alc\u00e0sser-palau, lloc de resid\u00e8ncia dels monarques dels dits regnes.<\/p>\t\t\t\t\t\t\t\t<\/div>\n\t\t\t\t<\/div>\n\t\t\t\t<div class=\"elementor-element elementor-element-0295022 elementor-widget elementor-widget-image\" data-id=\"0295022\" data-element_type=\"widget\" data-e-type=\"widget\" data-widget_type=\"image.default\">\n\t\t\t\t<div class=\"elementor-widget-container\">\n\t\t\t\t\t\t\t\t\t\t\t\t<figure class=\"wp-caption\">\n\t\t\t\t\t\t\t\t\t\t<img loading=\"lazy\" decoding=\"async\" width=\"308\" height=\"450\" src=\"https:\/\/www.elturistatranquil.com\/wp-content\/uploads\/F04-Escudo-de-Torrijos-Toledo.jpg\" class=\"attachment-large size-large wp-image-38014\" alt=\"Escudo de Torrijos, Toledo\" srcset=\"https:\/\/www.elturistatranquil.com\/wp-content\/uploads\/F04-Escudo-de-Torrijos-Toledo.jpg 308w, https:\/\/www.elturistatranquil.com\/wp-content\/uploads\/F04-Escudo-de-Torrijos-Toledo-155x226.jpg 155w\" sizes=\"(max-width: 308px) 100vw, 308px\" \/>\t\t\t\t\t\t\t\t\t\t\t<figcaption class=\"widget-image-caption wp-caption-text\"><\/figcaption>\n\t\t\t\t\t\t\t\t\t\t<\/figure>\n\t\t\t\t\t\t\t\t\t<\/div>\n\t\t\t\t<\/div>\n\t\t\t\t<div class=\"elementor-element elementor-element-3150943 elementor-widget elementor-widget-text-editor\" data-id=\"3150943\" data-element_type=\"widget\" data-e-type=\"widget\" data-widget_type=\"text-editor.default\">\n\t\t\t\t<div class=\"elementor-widget-container\">\n\t\t\t\t\t\t\t\t\t<p>La torre de l&#8217;escut sembla al\u00b7ludir a l&#8217;etimologia &#8220;Torrelivm&#8221; (torret\u00f3), mentre que les oliveres completen la topon\u00edmia &#8220;TORRIJOS DE LES OLIVERES&#8221; amb qu\u00e8 es va con\u00e8ixer la vila des del segle XIV per l&#8217;abund\u00e0ncia i qualitat d&#8217;aquest cultiu, base de les ind\u00fastries oleiques i saboneres que tanta fama van donar a Torrijos fins a finals del segle XIX.<\/p><p>El moment transcendent per a Torrijos ser\u00e0 a partir de 1482 quan Gutierre de C\u00e1rdenas i Chac\u00f3n, comanador major de Lle\u00f3 de l&#8217;Ordre de Santiago, Comptador major dels Reis Cat\u00f2lics, compra al cabildo toled\u00e0 el llogaret de Torrijos, d&#8217;uns 500 ve\u00efns, i immediatament li dona categoria de vila, per a aix\u00f2 s&#8217;aixeca el rotllo jurisdiccional. La vila queda integrada a l&#8217;Estat senyorial de Maqueda del qual aviat es convertir\u00e0 en capital. El 1576 ja eren 750 ve\u00efns, malgrat de l&#8217;expulsi\u00f3 el 1492 d&#8217;un important call jueu.<\/p><p>Casat amb la Teresa Enr\u00edquez d&#8217;Alvarado, cosina del rei cat\u00f2lic Ferran i dama de la cort d&#8217;Isabel la Cat\u00f2lica, el matrimoni C\u00e1rdenas-Enr\u00edquez estableixen la seva resid\u00e8ncia a Torrijos, a l&#8217;alc\u00e0sser-palau, i dediquen els seus esfor\u00e7os a la construcci\u00f3 de diverses obres urbanes, religioses i ben\u00e8fiques que donaran real\u00e7 a la vila.<\/p><p>La import\u00e0ncia a la Cort de Gutierre de C\u00e1rdenas es manifesta en el fet que, estant prohibit que els nobles constru\u00efssin castells, se&#8217;l va autoritzar a completar la muralla de Torrijos, reconstruir el castell de Maqueda i aixecar el castell de Sant Silvestre, a Toledo .<\/p><p>D&#8217;aquesta manera, comen\u00e7a a Torrijos reconstruint les muralles i remodelant el Palau a l&#8217;estil renaixentista.<\/p><p>A partir del 1482 reedifica i restaura la muralla que envoltava Torrijos, ja que la ja existent no es trobava en molt bones condicions i no era gaire adequada per a la defensa de la ciutat, com s&#8217;havia comprovat en temps de Juan II, ni eren les pr\u00f2pies per a la poblaci\u00f3 on residiria el Comptador Major del Regne i una de les persones m\u00e9s importants de l&#8217;\u00e8poca.<\/p><p>De la muralla no en queda cap vestigi.<\/p>\t\t\t\t\t\t\t\t<\/div>\n\t\t\t\t<\/div>\n\t\t\t\t<div class=\"elementor-element elementor-element-4ee42d8 elementor-widget elementor-widget-image\" data-id=\"4ee42d8\" data-element_type=\"widget\" data-e-type=\"widget\" data-widget_type=\"image.default\">\n\t\t\t\t<div class=\"elementor-widget-container\">\n\t\t\t\t\t\t\t\t\t\t\t\t<figure class=\"wp-caption\">\n\t\t\t\t\t\t\t\t\t\t<img loading=\"lazy\" decoding=\"async\" width=\"768\" height=\"512\" src=\"https:\/\/www.elturistatranquil.com\/wp-content\/uploads\/F04-Muralla-de-Torrijos-Toledo.jpg\" class=\"attachment-large size-large wp-image-38016\" alt=\"Muralla de Torrijos, Toledo\" srcset=\"https:\/\/www.elturistatranquil.com\/wp-content\/uploads\/F04-Muralla-de-Torrijos-Toledo.jpg 768w, https:\/\/www.elturistatranquil.com\/wp-content\/uploads\/F04-Muralla-de-Torrijos-Toledo-339x226.jpg 339w\" sizes=\"(max-width: 768px) 100vw, 768px\" \/>\t\t\t\t\t\t\t\t\t\t\t<figcaption class=\"widget-image-caption wp-caption-text\"><\/figcaption>\n\t\t\t\t\t\t\t\t\t\t<\/figure>\n\t\t\t\t\t\t\t\t\t<\/div>\n\t\t\t\t<\/div>\n\t\t\t\t<div class=\"elementor-element elementor-element-0fdbb89 elementor-widget elementor-widget-text-editor\" data-id=\"0fdbb89\" data-element_type=\"widget\" data-e-type=\"widget\" data-widget_type=\"text-editor.default\">\n\t\t\t\t<div class=\"elementor-widget-container\">\n\t\t\t\t\t\t\t\t\t<p>El per\u00edmetre de la muralla es veu perfectament reflectit a la trama urbana.<\/p>\t\t\t\t\t\t\t\t<\/div>\n\t\t\t\t<\/div>\n\t\t\t\t<div class=\"elementor-element elementor-element-417d0fd elementor-widget elementor-widget-image\" data-id=\"417d0fd\" data-element_type=\"widget\" data-e-type=\"widget\" data-widget_type=\"image.default\">\n\t\t\t\t<div class=\"elementor-widget-container\">\n\t\t\t\t\t\t\t\t\t\t\t\t<figure class=\"wp-caption\">\n\t\t\t\t\t\t\t\t\t\t<img loading=\"lazy\" decoding=\"async\" width=\"768\" height=\"512\" src=\"https:\/\/www.elturistatranquil.com\/wp-content\/uploads\/F06-Torrijos.-Toledo-Google-earth-2021-11-16.jpg\" class=\"attachment-large size-large wp-image-38018\" alt=\"Torrijos. Toledo (Google earth 2021-11-16)\" srcset=\"https:\/\/www.elturistatranquil.com\/wp-content\/uploads\/F06-Torrijos.-Toledo-Google-earth-2021-11-16.jpg 768w, https:\/\/www.elturistatranquil.com\/wp-content\/uploads\/F06-Torrijos.-Toledo-Google-earth-2021-11-16-339x226.jpg 339w\" sizes=\"(max-width: 768px) 100vw, 768px\" \/>\t\t\t\t\t\t\t\t\t\t\t<figcaption class=\"widget-image-caption wp-caption-text\">Torrijos (Google earth 2021-11-16)<\/figcaption>\n\t\t\t\t\t\t\t\t\t\t<\/figure>\n\t\t\t\t\t\t\t\t\t<\/div>\n\t\t\t\t<\/div>\n\t\t\t\t<div class=\"elementor-element elementor-element-1964476 elementor-widget elementor-widget-text-editor\" data-id=\"1964476\" data-element_type=\"widget\" data-e-type=\"widget\" data-widget_type=\"text-editor.default\">\n\t\t\t\t<div class=\"elementor-widget-container\">\n\t\t\t\t\t\t\t\t\t<p>La muralla era d&#8217;aspecte mud\u00e8jar, molt similar a la de Maqueda i a les de l&#8217;entorn a la prov\u00edncia, amb un per\u00edmetre aproximat de 1.700 metres, i al seu interior hi havia una superf\u00edcie de 145.000 metres quadrats. Comptava amb quatre portes principals, les de Maqueda, Toledo, Gerindote i Pozo, a les quals es va unir posteriorment una cinquena, la de Madrid.<\/p><p>Les altres obres que el matrimoni que projecta i inicia, i que continuar\u00e0 fins a la seva mort el 1529 l&#8217;esposa Teresa Enr\u00edquez, s\u00f3n la Col\u00b7legiata del Sant\u00edssim Sagrament, el palau dels Comtes d&#8217;Altamira o Ducs de Maqueda, l&#8217;hospital de la Sant\u00edssima Trinitat amb la capella del Sant\u00edssim Cristo de la Sangre, l&#8217;hospital de la Consolaci\u00f3 i el monestir francisc\u00e0 de Santa Mar\u00eda de Jes\u00fas.<\/p><p>El conjunt d&#8217;actuacions que a Torrijos porto a terme el matrimoni C\u00e1rdenas-Enr\u00edquez, i culminat per la v\u00eddua, cal interpretar-lo com un programa arquitect\u00f2nic amb un clar valor religi\u00f3s, per\u00f2 tamb\u00e9 d&#8217;afirmaci\u00f3 del seu llinatge i poder al cap del seu senyoriu, com, per altra banda, van fer tots els grans llinatges d&#8217;\u00e8poca en els seus dominis respectius, amb la singularitat que es va triar la Col\u00b7legiata de Torrijos com l&#8217;edifici emblem\u00e0tic d&#8217;aquest projecte.<\/p><p>El palau dels Comtes d&#8217;Altamira o Ducs de Maqueda, el va fer construir Gutierre de C\u00e1rdenas, prenent com a model el Palau d&#8217;Oca\u00f1a, estava empla\u00e7at a l&#8217;antiga pla\u00e7a del mercat i actual Pla\u00e7a d&#8217;Espanya amb una superf\u00edcie d&#8217;uns 8.050 metres quadrats. De portada g\u00f2tica i magn\u00edfics salons mud\u00e8jars, i afegint l&#8217;estil renaixentista a successives reformes dutes a terme pels seus hereus. Va ser comprat per particulars a principi del segle XX i desmantellat i venudes totes les seves riqueses, sense que a Torrijos qued\u00e9s gaireb\u00e9 res del palau. Les seves portades i cassetonats es troben repartits per Toledo, Madrid, San Francisco, Londres o el Loira. De l&#8217;edifici no en queda cap rastre.<\/p><p>Teresa Enr\u00edquez, molt vinculada a l&#8217;orde franciscana, es va distingir pel seu amor profund a l&#8217;Eucaristia, anomenant-la el papa Juli II com la \u201c<em>boja del Sagrament i embriagada del vi celestia<\/em>l\u201d. Va fundar a Torrijos la primera Arxiconfraria del Sant\u00edssim Sagrament mare de totes les Sagramentals. Va morir a Torrijos el 4 de mar\u00e7 de 1529. El seu cos es conserva incorrupte al monestir Concepcionistes. Est\u00e0 en proc\u00e9s de beatificaci\u00f3.<\/p><p>El 1529 Carlos I crea el t\u00edtol nobiliari de ducat de Maqueda a favor de Diego de C\u00e1rdenas i Enr\u00edquez, senyor de Maqueda i avan\u00e7at major del regne de Granada. Era l&#8217;hereu dels cinc que van tenir Gutierre de C\u00e1rdenas i Teresa Enr\u00edquez.<\/p>\t\t\t\t\t\t\t\t<\/div>\n\t\t\t\t<\/div>\n\t\t\t\t<div class=\"elementor-element elementor-element-443117f elementor-widget elementor-widget-image\" data-id=\"443117f\" data-element_type=\"widget\" data-e-type=\"widget\" data-widget_type=\"image.default\">\n\t\t\t\t<div class=\"elementor-widget-container\">\n\t\t\t\t\t\t\t\t\t\t\t\t<figure class=\"wp-caption\">\n\t\t\t\t\t\t\t\t\t\t<img loading=\"lazy\" decoding=\"async\" width=\"768\" height=\"512\" src=\"https:\/\/www.elturistatranquil.com\/wp-content\/uploads\/F07-Armas-heraldicas-de-Cardenas-y-Enriquez-en-el-mausoleo-de-la-Colegiata-de-Torrijos.jpg\" class=\"attachment-large size-large wp-image-38020\" alt=\"Armas her\u00e1ldicas de C\u00e1rdenas y Enr\u00edquez en el mausoleo de la Colegiata de Torrijos\" srcset=\"https:\/\/www.elturistatranquil.com\/wp-content\/uploads\/F07-Armas-heraldicas-de-Cardenas-y-Enriquez-en-el-mausoleo-de-la-Colegiata-de-Torrijos.jpg 768w, https:\/\/www.elturistatranquil.com\/wp-content\/uploads\/F07-Armas-heraldicas-de-Cardenas-y-Enriquez-en-el-mausoleo-de-la-Colegiata-de-Torrijos-339x226.jpg 339w\" sizes=\"(max-width: 768px) 100vw, 768px\" \/>\t\t\t\t\t\t\t\t\t\t\t<figcaption class=\"widget-image-caption wp-caption-text\">Armes her\u00e0ldiques de C\u00e1rdenas i Enr\u00edquez al mausoleu de la Col\u00b7legiata <\/figcaption>\n\t\t\t\t\t\t\t\t\t\t<\/figure>\n\t\t\t\t\t\t\t\t\t<\/div>\n\t\t\t\t<\/div>\n\t\t\t\t<div class=\"elementor-element elementor-element-ef1853b elementor-widget elementor-widget-text-editor\" data-id=\"ef1853b\" data-element_type=\"widget\" data-e-type=\"widget\" data-widget_type=\"text-editor.default\">\n\t\t\t\t<div class=\"elementor-widget-container\">\n\t\t\t\t\t\t\t\t\t<p>D&#8217;aquesta \u00e8poca \u00e9s un distingit fill de Torrijos, l&#8217;arquitecte i escultor Alonso de Covarrubias y Leyva (1488-1570), representant del primer Renaixement espanyol. Tamb\u00e9 l&#8217;escultor Sebasti\u00e1n de Almonacid, i la vinculaci\u00f3 a la vila dels arquitectes Juan Guas (casat amb una <em>torrije\u00f1a<\/em>) i els germans Ant\u00f3n i Enrique Egas.<\/p><p>Despr\u00e9s de l&#8217;expulsi\u00f3 dels moriscs, les labors agr\u00e0ries es veuen molt minvades, per la qual cosa el 22 maig 1611 el Duc de Maqueda, Senyor de la Vila, dicta la \u201cCarta Pobla\u201d fent donaci\u00f3 de terrenys per atraure colons.<\/p><p>El segle XIX tindr\u00e0 dos moments importants de signe contrari. Als seus inicis la invasi\u00f3 napole\u00f2nica derivar\u00e0 en espoliaci\u00f3 i la destrucci\u00f3 del monestir francisc\u00e0 de Santa Mar\u00eda de Jes\u00fas, que ser\u00e0 seguida pels efectes de les Guerres Carlistes.<\/p><p>Per\u00f2 quan el 1876 s&#8217;inauguri l&#8217;estaci\u00f3 de ferrocarril de la l\u00ednia f\u00e8rria Madrid-Val\u00e8ncia d&#8217;Alc\u00e1ntara (C\u00e0ceres), es veur\u00e0 potenciat el paper hist\u00f2ric de centre comercial de Torrijos a la comarca, alhora que, a l&#8217;ombra, se&#8217;n desenvolupar\u00e0 una interessant activitat industrial dinamitzada per emprenedors procedents de Madrid i el nord d&#8217;Espanya, que actualment es mant\u00e9 amb una important activitat industrial vinculada a l&#8217;activitat agroindustrial, fusta i metal\u00b7l\u00fargica. La construcci\u00f3 i els serveis, especialment comercials, s\u00f3n tamb\u00e9 importants.<\/p><p>Actualment \u00e9s un tra\u00e7at ferroviari de via \u00fanica sense electrificar.<\/p><p>La din\u00e0mica de creixement de Torrijos es reflecteix en l&#8217;evoluci\u00f3 de la poblaci\u00f3, que ha anat creixent impulsada per la immigraci\u00f3. Dels gaireb\u00e9 tres mil (2.923) habitants de l&#8217;any 1900 es creix constantment fins als 10.042 de l&#8217;any 2000, amb un salt fins als m\u00e9s de 13 mil a partir del 2010, amb 13.684 a l&#8217;\u00faltim recompte del 2020.<\/p><p>La din\u00e0mica actual de Torrijos es reflecteix a la seva activitat cultural i esportiva. Aix\u00ed com en la recuperaci\u00f3 del patrimoni hist\u00f2ric i en potenciaci\u00f3 d&#8217;activitats innovadores, com la Ruta d&#8217;Art Urb\u00e0 \u201cMAP\u201d.<\/p><p>\u00c9s el que intentar\u00e9 reflectir tot seguit amb la visita.<\/p>\t\t\t\t\t\t\t\t<\/div>\n\t\t\t\t<\/div>\n\t\t\t\t<div class=\"elementor-element elementor-element-5163dd0 elementor-widget elementor-widget-menu-anchor\" data-id=\"5163dd0\" data-element_type=\"widget\" data-e-type=\"widget\" data-widget_type=\"menu-anchor.default\">\n\t\t\t\t<div class=\"elementor-widget-container\">\n\t\t\t\t\t\t\t<div class=\"elementor-menu-anchor\" id=\"c7104\"><\/div>\n\t\t\t\t\t\t<\/div>\n\t\t\t\t<\/div>\n\t\t\t\t<div class=\"elementor-element elementor-element-d97a624 elementor-widget elementor-widget-heading\" data-id=\"d97a624\" data-element_type=\"widget\" data-e-type=\"widget\" data-widget_type=\"heading.default\">\n\t\t\t\t<div class=\"elementor-widget-container\">\n\t\t\t\t\t<h2 class=\"elementor-heading-title elementor-size-default\">La visita a Torrijos<\/h2>\t\t\t\t<\/div>\n\t\t\t\t<\/div>\n\t\t\t\t<div class=\"elementor-element elementor-element-0589533 elementor-widget elementor-widget-menu-anchor\" data-id=\"0589533\" data-element_type=\"widget\" data-e-type=\"widget\" data-widget_type=\"menu-anchor.default\">\n\t\t\t\t<div class=\"elementor-widget-container\">\n\t\t\t\t\t\t\t<div class=\"elementor-menu-anchor\" id=\"c7105\"><\/div>\n\t\t\t\t\t\t<\/div>\n\t\t\t\t<\/div>\n\t\t\t\t<div class=\"elementor-element elementor-element-dff83bd elementor-widget elementor-widget-text-editor\" data-id=\"dff83bd\" data-element_type=\"widget\" data-e-type=\"widget\" data-widget_type=\"text-editor.default\">\n\t\t\t\t<div class=\"elementor-widget-container\">\n\t\t\t\t\t\t\t\t\t<p>La presentaci\u00f3 de la visita a Torrijos la far\u00e9 en dos blocs. El primer recorrent els elements arquitect\u00f2nics m\u00e9s significatius que han arribat fins a l\u2019actualitat, numeraci\u00f3 en blau. El segon visualitzant les representacions sobre els murs dels edificis de la iniciativa <strong>M\u00e9s enll\u00e0 de la Paret (MAP)<\/strong> d&#8217;art urb\u00e0 (street art o urban art), numeraci\u00f3 en taronja.<\/p><p>La presentaci\u00f3 de cada element la far\u00e9 sense seguir un itinerari, per\u00f2 intentant respectar una certa continu\u00eftat territorial. Per a la s\u00e8rie MAP seguir\u00e9 la numeraci\u00f3 del fullet tur\u00edstic que es pot obtenir a l&#8217;Oficina de Turisme a l\u2019Ajuntament.<\/p>\t\t\t\t\t\t\t\t<\/div>\n\t\t\t\t<\/div>\n\t\t\t\t<div class=\"elementor-element elementor-element-5fc86f5 elementor-widget elementor-widget-heading\" data-id=\"5fc86f5\" data-element_type=\"widget\" data-e-type=\"widget\" data-widget_type=\"heading.default\">\n\t\t\t\t<div class=\"elementor-widget-container\">\n\t\t\t\t\t<h2 class=\"elementor-heading-title elementor-size-default\">Recorregut monumental<\/h2>\t\t\t\t<\/div>\n\t\t\t\t<\/div>\n\t\t\t\t<div class=\"elementor-element elementor-element-25a2af4 elementor-widget elementor-widget-menu-anchor\" data-id=\"25a2af4\" data-element_type=\"widget\" data-e-type=\"widget\" data-widget_type=\"menu-anchor.default\">\n\t\t\t\t<div class=\"elementor-widget-container\">\n\t\t\t\t\t\t\t<div class=\"elementor-menu-anchor\" id=\"c7106\"><\/div>\n\t\t\t\t\t\t<\/div>\n\t\t\t\t<\/div>\n\t\t\t\t<div class=\"elementor-element elementor-element-b91fe9a elementor-widget elementor-widget-image\" data-id=\"b91fe9a\" data-element_type=\"widget\" data-e-type=\"widget\" data-widget_type=\"image.default\">\n\t\t\t\t<div class=\"elementor-widget-container\">\n\t\t\t\t\t\t\t\t\t\t\t\t<figure class=\"wp-caption\">\n\t\t\t\t\t\t\t\t\t\t<img loading=\"lazy\" decoding=\"async\" width=\"768\" height=\"512\" src=\"https:\/\/www.elturistatranquil.com\/wp-content\/uploads\/F08-Puntos-interes-Torrijos-Toledo-Google-maps-2021-11-16.jpg\" class=\"attachment-large size-large wp-image-38022\" alt=\"Puntos interes, Torrijos, Toledo (Google maps 2021-11-16)\" srcset=\"https:\/\/www.elturistatranquil.com\/wp-content\/uploads\/F08-Puntos-interes-Torrijos-Toledo-Google-maps-2021-11-16.jpg 768w, https:\/\/www.elturistatranquil.com\/wp-content\/uploads\/F08-Puntos-interes-Torrijos-Toledo-Google-maps-2021-11-16-339x226.jpg 339w\" sizes=\"(max-width: 768px) 100vw, 768px\" \/>\t\t\t\t\t\t\t\t\t\t\t<figcaption class=\"widget-image-caption wp-caption-text\">N\u00fameros en blau: punts de visita. N\u00fameros en taronja: ruta d'art urb\u00e0 \u201cMAP\u201d (Google maps 2021-11-16)<\/figcaption>\n\t\t\t\t\t\t\t\t\t\t<\/figure>\n\t\t\t\t\t\t\t\t\t<\/div>\n\t\t\t\t<\/div>\n\t\t\t\t<div class=\"elementor-element elementor-element-35ea11f0 elementor-widget elementor-widget-heading\" data-id=\"35ea11f0\" data-element_type=\"widget\" data-e-type=\"widget\" data-widget_type=\"heading.default\">\n\t\t\t\t<div class=\"elementor-widget-container\">\n\t\t\t\t\t<h3 class=\"elementor-heading-title elementor-size-default\">Palau de Pedro I \/ Convent de la Pur\u00edsima Concepci\u00f3n \/ Ajuntament<\/h3>\t\t\t\t<\/div>\n\t\t\t\t<\/div>\n\t\t\t\t<div class=\"elementor-element elementor-element-bcac561 elementor-widget elementor-widget-text-editor\" data-id=\"bcac561\" data-element_type=\"widget\" data-e-type=\"widget\" data-widget_type=\"text-editor.default\">\n\t\t\t\t<div class=\"elementor-widget-container\">\n\t\t\t\t\t\t\t\t\t<p>A la pla\u00e7a de Sant Gil s&#8217;al\u00e7a l&#8217;edifici que actualment s&#8217;anomena <strong>Palau de Pedro I<\/strong> (<strong>1<\/strong>) i que, funcionalment, \u00e9s la seu de l&#8217;Ajuntament.<\/p><p>Com veurem, l&#8217;edifici ha tingut quatre dedicacions al llarg de la seva vida. Resid\u00e8ncia reial, palau, convent i ara casa consistorial. Aquesta successi\u00f3 de funcions tan diverses va anar requerint modificacions i adaptacions arquitect\u00f2niques adequades a cadascuna. En el moment de la darrera rehabilitaci\u00f3 s&#8217;observa que la part hist\u00f2rica s&#8217;ha centrat a potenciar el seu moment de castell-palau renaixentista i la reconversi\u00f3 de les diverses estades a locals institucionals -sal\u00f3 de plens, oficines municipals- i altres d&#8217;\u00fas cultural -sal\u00f3 d&#8217;actes, biblioteca p\u00fablica-. Aix\u00f2 ha suposat deixar de banda la seva representaci\u00f3 com a convent. \u00c9s el problema cl\u00e0ssic quan cal triar que potenciar i que no als espais rehistoritzats -un lloc, successives actuacions superposades- al llarg de segles, etapes, estils i funcions que s&#8217;han succe\u00eft en un \u00fanic lloc.<\/p><p>L&#8217;edificaci\u00f3 s\u2019inicia al segle XIV, en \u00e8poca d&#8217;Alfonso XI de Castella destinada al seu fill, el futur Pedro I, el Cruel o el Justicier, segons qui ho qualifiqui.<\/p><p>El moment de m\u00e0xima esplendor com a resid\u00e8ncia reial se l&#8217;atorga Pedro I, quan el 1353 el destina a lloc de celebraci\u00f3 del bateig de la seva filla Beatriz, fruit de la relaci\u00f3 amb la seva amant Maria de Padilla. Celebraci\u00f3 realitzada amb grans fastos i festes. Quan el rei deixi el palau, Maria de Padilla i la seva filla es traslladen al Castell de Montalb\u00e1n.<\/p><p>Aquest episodi de la hist\u00f2ria de Torrijos fa uns anys, el 2005, va donar peu a iniciar les <strong>Jornades Medievals: Cr\u00f2niques de rei Pedro I<\/strong>, amb la recreaci\u00f3 hist\u00f2rica d&#8217;aquestes fastes, que tenen lloc a la primavera.<\/p><p>Els anys posteriors el palau perd magnific\u00e8ncia, tot i que conserva la funci\u00f3 de resid\u00e8ncia reial pel seu paper estrat\u00e8gic en aquest territori en relaci\u00f3 amb la ciutat de Toledo, en aquell moment sotmesa a les tensions din\u00e0stica i amb la noblesa.<\/p><p>Despr\u00e9s d&#8217;haver estat cedida Torrijos al Cabildo de la Catedral de Toledo, l&#8217;11 de juny de 1482 la localitat entra en una nova etapa d&#8217;esplendor en ser comprada al Cabildo per Gutierre de C\u00e1rdenas Chac\u00f3n, passant a ser \u201csenyor de Torrijos\u201d.<\/p><p>En principi, el castell-palau havia de ser destinat com a dot de casament per a resid\u00e8ncia del secundog\u00e8nit, Enric. Per\u00f2 la seva mort accidental el 1497, i la posterior de Gutierre el 1503 porta la seva dona, Teresa Enr\u00edquez, a reformar-lo en estil renaixentista per destinar-lo a <strong>monestir de Germanes Franciscanes Concepcionistes<\/strong>. Aix\u00ed doncs, la reconstrucci\u00f3 es va iniciar com a palau i va acabar com a convent.<\/p><p>Progressivament, i especialment despr\u00e9s de les desamortitzacions eclesi\u00e0stiques del segle XIX, l&#8217;edifici va anar decaient, fins que el 1970 les germanes franciscanes concepcionistes el van abandonar per considerar-lo inhabitable.<\/p><p>El 1981 l&#8217;edifici va ser declarat <em>Monument d&#8217;Inter\u00e8s Historicoart\u00edstic<\/em>. A partir del 1991, despr\u00e9s de la compra de l&#8217;edifici per l&#8217;Ajuntament, una reforma total ha tornat a posar en relleu i \u00fas aquesta magn\u00edfica edificaci\u00f3.<\/p><p>Sobre la pla\u00e7a de Sant Gil s&#8217;al\u00e7a el mur majestu\u00f3s de la part de llevant del palau. Amb una torre cantonera residu de la seva etapa d&#8217;alc\u00e0sser i una espadanya que ens mostra el seu paper hist\u00f2ric com a monestir.<\/p>\t\t\t\t\t\t\t\t<\/div>\n\t\t\t\t<\/div>\n\t\t\t\t<div class=\"elementor-element elementor-element-1adf1be elementor-widget elementor-widget-image\" data-id=\"1adf1be\" data-element_type=\"widget\" data-e-type=\"widget\" data-widget_type=\"image.default\">\n\t\t\t\t<div class=\"elementor-widget-container\">\n\t\t\t\t\t\t\t\t\t\t\t\t<figure class=\"wp-caption\">\n\t\t\t\t\t\t\t\t\t\t<img loading=\"lazy\" decoding=\"async\" width=\"768\" height=\"512\" src=\"https:\/\/www.elturistatranquil.com\/wp-content\/uploads\/F09-Palacio-de-Pedro-I-Torrijos-Toledo.jpg\" class=\"attachment-large size-large wp-image-38024\" alt=\"Palacio de Pedro I, Torrijos, Toledo\" srcset=\"https:\/\/www.elturistatranquil.com\/wp-content\/uploads\/F09-Palacio-de-Pedro-I-Torrijos-Toledo.jpg 768w, https:\/\/www.elturistatranquil.com\/wp-content\/uploads\/F09-Palacio-de-Pedro-I-Torrijos-Toledo-339x226.jpg 339w\" sizes=\"(max-width: 768px) 100vw, 768px\" \/>\t\t\t\t\t\t\t\t\t\t\t<figcaption class=\"widget-image-caption wp-caption-text\"><\/figcaption>\n\t\t\t\t\t\t\t\t\t\t<\/figure>\n\t\t\t\t\t\t\t\t\t<\/div>\n\t\t\t\t<\/div>\n\t\t\t\t<div class=\"elementor-element elementor-element-c0753d0 elementor-widget elementor-widget-image\" data-id=\"c0753d0\" data-element_type=\"widget\" data-e-type=\"widget\" data-widget_type=\"image.default\">\n\t\t\t\t<div class=\"elementor-widget-container\">\n\t\t\t\t\t\t\t\t\t\t\t\t<figure class=\"wp-caption\">\n\t\t\t\t\t\t\t\t\t\t<img loading=\"lazy\" decoding=\"async\" width=\"768\" height=\"511\" src=\"https:\/\/www.elturistatranquil.com\/wp-content\/uploads\/F10-Palacio-de-Pedro-I-Torrijos-Toledo.jpg\" class=\"attachment-large size-large wp-image-38026\" alt=\"Palacio de Pedro I, Torrijos, Toledo\" srcset=\"https:\/\/www.elturistatranquil.com\/wp-content\/uploads\/F10-Palacio-de-Pedro-I-Torrijos-Toledo.jpg 768w, https:\/\/www.elturistatranquil.com\/wp-content\/uploads\/F10-Palacio-de-Pedro-I-Torrijos-Toledo-339x226.jpg 339w\" sizes=\"(max-width: 768px) 100vw, 768px\" \/>\t\t\t\t\t\t\t\t\t\t\t<figcaption class=\"widget-image-caption wp-caption-text\"><\/figcaption>\n\t\t\t\t\t\t\t\t\t\t<\/figure>\n\t\t\t\t\t\t\t\t\t<\/div>\n\t\t\t\t<\/div>\n\t\t\t\t<div class=\"elementor-element elementor-element-cbe36e3 elementor-widget elementor-widget-text-editor\" data-id=\"cbe36e3\" data-element_type=\"widget\" data-e-type=\"widget\" data-widget_type=\"text-editor.default\">\n\t\t\t\t<div class=\"elementor-widget-container\">\n\t\t\t\t\t\t\t\t\t<p>La torrassa i aquesta part de la fa\u00e7ana s\u00f3n dels pocs elements que es conserven de l&#8217;alc\u00e0sser-palau medieval.<\/p>\t\t\t\t\t\t\t\t<\/div>\n\t\t\t\t<\/div>\n\t\t\t\t<div class=\"elementor-element elementor-element-8a2b84e elementor-widget elementor-widget-image\" data-id=\"8a2b84e\" data-element_type=\"widget\" data-e-type=\"widget\" data-widget_type=\"image.default\">\n\t\t\t\t<div class=\"elementor-widget-container\">\n\t\t\t\t\t\t\t\t\t\t\t\t<figure class=\"wp-caption\">\n\t\t\t\t\t\t\t\t\t\t<img loading=\"lazy\" decoding=\"async\" width=\"768\" height=\"511\" src=\"https:\/\/www.elturistatranquil.com\/wp-content\/uploads\/F11-Palacio-de-Pedro-I-Torrijos-Toledo.jpg\" class=\"attachment-large size-large wp-image-38028\" alt=\"Palacio de Pedro I, Torrijos, Toledo\" srcset=\"https:\/\/www.elturistatranquil.com\/wp-content\/uploads\/F11-Palacio-de-Pedro-I-Torrijos-Toledo.jpg 768w, https:\/\/www.elturistatranquil.com\/wp-content\/uploads\/F11-Palacio-de-Pedro-I-Torrijos-Toledo-339x226.jpg 339w\" sizes=\"(max-width: 768px) 100vw, 768px\" \/>\t\t\t\t\t\t\t\t\t\t\t<figcaption class=\"widget-image-caption wp-caption-text\"><\/figcaption>\n\t\t\t\t\t\t\t\t\t\t<\/figure>\n\t\t\t\t\t\t\t\t\t<\/div>\n\t\t\t\t<\/div>\n\t\t\t\t<div class=\"elementor-element elementor-element-01b2315 elementor-widget elementor-widget-image\" data-id=\"01b2315\" data-element_type=\"widget\" data-e-type=\"widget\" data-widget_type=\"image.default\">\n\t\t\t\t<div class=\"elementor-widget-container\">\n\t\t\t\t\t\t\t\t\t\t\t\t<figure class=\"wp-caption\">\n\t\t\t\t\t\t\t\t\t\t<img loading=\"lazy\" decoding=\"async\" width=\"768\" height=\"512\" src=\"https:\/\/www.elturistatranquil.com\/wp-content\/uploads\/F12-Palacio-de-Pedro-I-Torrijos-Toledo.jpg\" class=\"attachment-large size-large wp-image-38030\" alt=\"Palacio de Pedro I, Torrijos, Toledo\" srcset=\"https:\/\/www.elturistatranquil.com\/wp-content\/uploads\/F12-Palacio-de-Pedro-I-Torrijos-Toledo.jpg 768w, https:\/\/www.elturistatranquil.com\/wp-content\/uploads\/F12-Palacio-de-Pedro-I-Torrijos-Toledo-339x226.jpg 339w\" sizes=\"(max-width: 768px) 100vw, 768px\" \/>\t\t\t\t\t\t\t\t\t\t\t<figcaption class=\"widget-image-caption wp-caption-text\"><\/figcaption>\n\t\t\t\t\t\t\t\t\t\t<\/figure>\n\t\t\t\t\t\t\t\t\t<\/div>\n\t\t\t\t<\/div>\n\t\t\t\t<div class=\"elementor-element elementor-element-3caa718 elementor-widget elementor-widget-image\" data-id=\"3caa718\" data-element_type=\"widget\" data-e-type=\"widget\" data-widget_type=\"image.default\">\n\t\t\t\t<div class=\"elementor-widget-container\">\n\t\t\t\t\t\t\t\t\t\t\t\t<figure class=\"wp-caption\">\n\t\t\t\t\t\t\t\t\t\t<img loading=\"lazy\" decoding=\"async\" width=\"768\" height=\"511\" src=\"https:\/\/www.elturistatranquil.com\/wp-content\/uploads\/F13-Palacio-de-Pedro-I-Torrijos-Toledo.jpg\" class=\"attachment-large size-large wp-image-38032\" alt=\"Palacio de Pedro I, Torrijos, Toledo\" srcset=\"https:\/\/www.elturistatranquil.com\/wp-content\/uploads\/F13-Palacio-de-Pedro-I-Torrijos-Toledo.jpg 768w, https:\/\/www.elturistatranquil.com\/wp-content\/uploads\/F13-Palacio-de-Pedro-I-Torrijos-Toledo-339x226.jpg 339w\" sizes=\"(max-width: 768px) 100vw, 768px\" \/>\t\t\t\t\t\t\t\t\t\t\t<figcaption class=\"widget-image-caption wp-caption-text\"><\/figcaption>\n\t\t\t\t\t\t\t\t\t\t<\/figure>\n\t\t\t\t\t\t\t\t\t<\/div>\n\t\t\t\t<\/div>\n\t\t\t\t<div class=\"elementor-element elementor-element-5776f27 elementor-widget elementor-widget-text-editor\" data-id=\"5776f27\" data-element_type=\"widget\" data-e-type=\"widget\" data-widget_type=\"text-editor.default\">\n\t\t\t\t<div class=\"elementor-widget-container\">\n\t\t\t\t\t\t\t\t\t<p>El monestir es va articular al voltant d\u00b4un claustre central de doble planta d\u00b4estil renaixentista.<\/p>\t\t\t\t\t\t\t\t<\/div>\n\t\t\t\t<\/div>\n\t\t\t\t<div class=\"elementor-element elementor-element-82f7273 elementor-widget elementor-widget-image\" data-id=\"82f7273\" data-element_type=\"widget\" data-e-type=\"widget\" data-widget_type=\"image.default\">\n\t\t\t\t<div class=\"elementor-widget-container\">\n\t\t\t\t\t\t\t\t\t\t\t\t<figure class=\"wp-caption\">\n\t\t\t\t\t\t\t\t\t\t<img loading=\"lazy\" decoding=\"async\" width=\"768\" height=\"512\" src=\"https:\/\/www.elturistatranquil.com\/wp-content\/uploads\/F14-Palacio-de-Pedro-I-Torrijos-Toledo-Google-earth-2021-11-16.jpg\" class=\"attachment-large size-large wp-image-38034\" alt=\"Palacio de Pedro I, Torrijos, Toledo (Google earth-2021-11-16)\" srcset=\"https:\/\/www.elturistatranquil.com\/wp-content\/uploads\/F14-Palacio-de-Pedro-I-Torrijos-Toledo-Google-earth-2021-11-16.jpg 768w, https:\/\/www.elturistatranquil.com\/wp-content\/uploads\/F14-Palacio-de-Pedro-I-Torrijos-Toledo-Google-earth-2021-11-16-339x226.jpg 339w\" sizes=\"(max-width: 768px) 100vw, 768px\" \/>\t\t\t\t\t\t\t\t\t\t\t<figcaption class=\"widget-image-caption wp-caption-text\">(Google earth-2021-11-16)<\/figcaption>\n\t\t\t\t\t\t\t\t\t\t<\/figure>\n\t\t\t\t\t\t\t\t\t<\/div>\n\t\t\t\t<\/div>\n\t\t\t\t<div class=\"elementor-element elementor-element-4f037ea elementor-widget elementor-widget-text-editor\" data-id=\"4f037ea\" data-element_type=\"widget\" data-e-type=\"widget\" data-widget_type=\"text-editor.default\">\n\t\t\t\t<div class=\"elementor-widget-container\">\n\t\t\t\t\t\t\t\t\t<p>El claustre de dos nivells, d\u2019arcs carpanells i capitells toscans. Al pati hi havia un pou, ara eliminat.<\/p>\t\t\t\t\t\t\t\t<\/div>\n\t\t\t\t<\/div>\n\t\t\t\t<div class=\"elementor-element elementor-element-ab3780f elementor-widget elementor-widget-image\" data-id=\"ab3780f\" data-element_type=\"widget\" data-e-type=\"widget\" data-widget_type=\"image.default\">\n\t\t\t\t<div class=\"elementor-widget-container\">\n\t\t\t\t\t\t\t\t\t\t\t\t<figure class=\"wp-caption\">\n\t\t\t\t\t\t\t\t\t\t<img loading=\"lazy\" decoding=\"async\" width=\"768\" height=\"512\" src=\"https:\/\/www.elturistatranquil.com\/wp-content\/uploads\/F15-Palacio-de-Pedro-I-Torrijos-Toledo.jpg\" class=\"attachment-large size-large wp-image-38036\" alt=\"Palacio de Pedro I, Torrijos, Toledo\" srcset=\"https:\/\/www.elturistatranquil.com\/wp-content\/uploads\/F15-Palacio-de-Pedro-I-Torrijos-Toledo.jpg 768w, https:\/\/www.elturistatranquil.com\/wp-content\/uploads\/F15-Palacio-de-Pedro-I-Torrijos-Toledo-339x226.jpg 339w\" sizes=\"(max-width: 768px) 100vw, 768px\" \/>\t\t\t\t\t\t\t\t\t\t\t<figcaption class=\"widget-image-caption wp-caption-text\"><\/figcaption>\n\t\t\t\t\t\t\t\t\t\t<\/figure>\n\t\t\t\t\t\t\t\t\t<\/div>\n\t\t\t\t<\/div>\n\t\t\t\t<div class=\"elementor-element elementor-element-dd3dab8 elementor-widget elementor-widget-image\" data-id=\"dd3dab8\" data-element_type=\"widget\" data-e-type=\"widget\" data-widget_type=\"image.default\">\n\t\t\t\t<div class=\"elementor-widget-container\">\n\t\t\t\t\t\t\t\t\t\t\t\t<figure class=\"wp-caption\">\n\t\t\t\t\t\t\t\t\t\t<img loading=\"lazy\" decoding=\"async\" width=\"768\" height=\"512\" src=\"https:\/\/www.elturistatranquil.com\/wp-content\/uploads\/F16-Palacio-de-Pedro-I-Torrijos-Toledo.jpg\" class=\"attachment-large size-large wp-image-38038\" alt=\"Palacio de Pedro I, Torrijos, Toledo\" srcset=\"https:\/\/www.elturistatranquil.com\/wp-content\/uploads\/F16-Palacio-de-Pedro-I-Torrijos-Toledo.jpg 768w, https:\/\/www.elturistatranquil.com\/wp-content\/uploads\/F16-Palacio-de-Pedro-I-Torrijos-Toledo-339x226.jpg 339w\" sizes=\"(max-width: 768px) 100vw, 768px\" \/>\t\t\t\t\t\t\t\t\t\t\t<figcaption class=\"widget-image-caption wp-caption-text\"><\/figcaption>\n\t\t\t\t\t\t\t\t\t\t<\/figure>\n\t\t\t\t\t\t\t\t\t<\/div>\n\t\t\t\t<\/div>\n\t\t\t\t<div class=\"elementor-element elementor-element-7b607c8 elementor-widget elementor-widget-image\" data-id=\"7b607c8\" data-element_type=\"widget\" data-e-type=\"widget\" data-widget_type=\"image.default\">\n\t\t\t\t<div class=\"elementor-widget-container\">\n\t\t\t\t\t\t\t\t\t\t\t\t<figure class=\"wp-caption\">\n\t\t\t\t\t\t\t\t\t\t<img loading=\"lazy\" decoding=\"async\" width=\"768\" height=\"511\" src=\"https:\/\/www.elturistatranquil.com\/wp-content\/uploads\/F17-Palacio-de-Pedro-I-Torrijos-Toledo.jpg\" class=\"attachment-large size-large wp-image-38040\" alt=\"Palacio de Pedro I, Torrijos, Toledo\" srcset=\"https:\/\/www.elturistatranquil.com\/wp-content\/uploads\/F17-Palacio-de-Pedro-I-Torrijos-Toledo.jpg 768w, https:\/\/www.elturistatranquil.com\/wp-content\/uploads\/F17-Palacio-de-Pedro-I-Torrijos-Toledo-339x226.jpg 339w\" sizes=\"(max-width: 768px) 100vw, 768px\" \/>\t\t\t\t\t\t\t\t\t\t\t<figcaption class=\"widget-image-caption wp-caption-text\"><\/figcaption>\n\t\t\t\t\t\t\t\t\t\t<\/figure>\n\t\t\t\t\t\t\t\t\t<\/div>\n\t\t\t\t<\/div>\n\t\t\t\t<div class=\"elementor-element elementor-element-4946b0b elementor-widget elementor-widget-image\" data-id=\"4946b0b\" data-element_type=\"widget\" data-e-type=\"widget\" data-widget_type=\"image.default\">\n\t\t\t\t<div class=\"elementor-widget-container\">\n\t\t\t\t\t\t\t\t\t\t\t\t<figure class=\"wp-caption\">\n\t\t\t\t\t\t\t\t\t\t<img loading=\"lazy\" decoding=\"async\" width=\"768\" height=\"512\" src=\"https:\/\/www.elturistatranquil.com\/wp-content\/uploads\/F18-Palacio-de-Pedro-I-Torrijos-Toledo.jpg\" class=\"attachment-large size-large wp-image-38042\" alt=\"Palacio de Pedro I, Torrijos, Toledo\" srcset=\"https:\/\/www.elturistatranquil.com\/wp-content\/uploads\/F18-Palacio-de-Pedro-I-Torrijos-Toledo.jpg 768w, https:\/\/www.elturistatranquil.com\/wp-content\/uploads\/F18-Palacio-de-Pedro-I-Torrijos-Toledo-339x226.jpg 339w\" sizes=\"(max-width: 768px) 100vw, 768px\" \/>\t\t\t\t\t\t\t\t\t\t\t<figcaption class=\"widget-image-caption wp-caption-text\"><\/figcaption>\n\t\t\t\t\t\t\t\t\t\t<\/figure>\n\t\t\t\t\t\t\t\t\t<\/div>\n\t\t\t\t<\/div>\n\t\t\t\t<div class=\"elementor-element elementor-element-4fd85f3 elementor-widget elementor-widget-image\" data-id=\"4fd85f3\" data-element_type=\"widget\" data-e-type=\"widget\" data-widget_type=\"image.default\">\n\t\t\t\t<div class=\"elementor-widget-container\">\n\t\t\t\t\t\t\t\t\t\t\t\t<figure class=\"wp-caption\">\n\t\t\t\t\t\t\t\t\t\t<img loading=\"lazy\" decoding=\"async\" width=\"768\" height=\"511\" src=\"https:\/\/www.elturistatranquil.com\/wp-content\/uploads\/F19-Palacio-de-Pedro-I-Torrijos-Toledo.jpg\" class=\"attachment-large size-large wp-image-38044\" alt=\"Palacio de Pedro I, Torrijos, Toledo\" srcset=\"https:\/\/www.elturistatranquil.com\/wp-content\/uploads\/F19-Palacio-de-Pedro-I-Torrijos-Toledo.jpg 768w, https:\/\/www.elturistatranquil.com\/wp-content\/uploads\/F19-Palacio-de-Pedro-I-Torrijos-Toledo-339x226.jpg 339w\" sizes=\"(max-width: 768px) 100vw, 768px\" \/>\t\t\t\t\t\t\t\t\t\t\t<figcaption class=\"widget-image-caption wp-caption-text\"><\/figcaption>\n\t\t\t\t\t\t\t\t\t\t<\/figure>\n\t\t\t\t\t\t\t\t\t<\/div>\n\t\t\t\t<\/div>\n\t\t\t\t<div class=\"elementor-element elementor-element-37ba273 elementor-widget elementor-widget-text-editor\" data-id=\"37ba273\" data-element_type=\"widget\" data-e-type=\"widget\" data-widget_type=\"text-editor.default\">\n\t\t\t\t<div class=\"elementor-widget-container\">\n\t\t\t\t\t\t\t\t\t<p>En un n\u00ednxol d&#8217;una paret del claustre hi ha l&#8217;<strong>escultura orant de Pedro I<\/strong>, d&#8217;estil g\u00f2tic en alabastre, de mida una mica m\u00e9s gran que el natural. \u00c9s l&#8217;\u00fanic element que resta del t\u00famul funerari del rei. \u00c9s una reproducci\u00f3 de l&#8217;original que es troba al Museu Arqueol\u00f2gic Nacional de Madrid.<\/p>\t\t\t\t\t\t\t\t<\/div>\n\t\t\t\t<\/div>\n\t\t\t\t<div class=\"elementor-element elementor-element-561c226 elementor-widget elementor-widget-image\" data-id=\"561c226\" data-element_type=\"widget\" data-e-type=\"widget\" data-widget_type=\"image.default\">\n\t\t\t\t<div class=\"elementor-widget-container\">\n\t\t\t\t\t\t\t\t\t\t\t\t<figure class=\"wp-caption\">\n\t\t\t\t\t\t\t\t\t\t<img loading=\"lazy\" decoding=\"async\" width=\"768\" height=\"512\" src=\"https:\/\/www.elturistatranquil.com\/wp-content\/uploads\/F20-Pedro-I.-Palacio-de-Pedro-I-Torrijos-Toledo.jpg\" class=\"attachment-large size-large wp-image-38046\" alt=\"Pedro I. Palacio de Pedro I, Torrijos, Toledo\" srcset=\"https:\/\/www.elturistatranquil.com\/wp-content\/uploads\/F20-Pedro-I.-Palacio-de-Pedro-I-Torrijos-Toledo.jpg 768w, https:\/\/www.elturistatranquil.com\/wp-content\/uploads\/F20-Pedro-I.-Palacio-de-Pedro-I-Torrijos-Toledo-339x226.jpg 339w\" sizes=\"(max-width: 768px) 100vw, 768px\" \/>\t\t\t\t\t\t\t\t\t\t\t<figcaption class=\"widget-image-caption wp-caption-text\"><\/figcaption>\n\t\t\t\t\t\t\t\t\t\t<\/figure>\n\t\t\t\t\t\t\t\t\t<\/div>\n\t\t\t\t<\/div>\n\t\t\t\t<div class=\"elementor-element elementor-element-7eaa0de elementor-widget elementor-widget-text-editor\" data-id=\"7eaa0de\" data-element_type=\"widget\" data-e-type=\"widget\" data-widget_type=\"text-editor.default\">\n\t\t\t\t<div class=\"elementor-widget-container\">\n\t\t\t\t\t\t\t\t\t<p>Oposat a l&#8217;entrada al claustre, al costat de ponent, se situava el refectori del monestir, que actualment acull l&#8217;oficina de turisme, i tamb\u00e9 serveix d&#8217;espai per a exposicions temporals.<\/p>\t\t\t\t\t\t\t\t<\/div>\n\t\t\t\t<\/div>\n\t\t\t\t<div class=\"elementor-element elementor-element-78750b0 elementor-widget elementor-widget-image\" data-id=\"78750b0\" data-element_type=\"widget\" data-e-type=\"widget\" data-widget_type=\"image.default\">\n\t\t\t\t<div class=\"elementor-widget-container\">\n\t\t\t\t\t\t\t\t\t\t\t\t<figure class=\"wp-caption\">\n\t\t\t\t\t\t\t\t\t\t<img loading=\"lazy\" decoding=\"async\" width=\"768\" height=\"511\" src=\"https:\/\/www.elturistatranquil.com\/wp-content\/uploads\/F21-Palacio-de-Pedro-I-Torrijos-Toledo.jpg\" class=\"attachment-large size-large wp-image-38048\" alt=\"Palacio de Pedro I, Torrijos, Toledo\" srcset=\"https:\/\/www.elturistatranquil.com\/wp-content\/uploads\/F21-Palacio-de-Pedro-I-Torrijos-Toledo.jpg 768w, https:\/\/www.elturistatranquil.com\/wp-content\/uploads\/F21-Palacio-de-Pedro-I-Torrijos-Toledo-339x226.jpg 339w\" sizes=\"(max-width: 768px) 100vw, 768px\" \/>\t\t\t\t\t\t\t\t\t\t\t<figcaption class=\"widget-image-caption wp-caption-text\"><\/figcaption>\n\t\t\t\t\t\t\t\t\t\t<\/figure>\n\t\t\t\t\t\t\t\t\t<\/div>\n\t\t\t\t<\/div>\n\t\t\t\t<div class=\"elementor-element elementor-element-1d7e7bd elementor-widget elementor-widget-text-editor\" data-id=\"1d7e7bd\" data-element_type=\"widget\" data-e-type=\"widget\" data-widget_type=\"text-editor.default\">\n\t\t\t\t<div class=\"elementor-widget-container\">\n\t\t\t\t\t\t\t\t\t<p>Als murs s&#8217;han recuperat pintures murals monocromes.<\/p><p>La m\u00e9s important \u00e9s un <strong>\u00daltim Sopar<\/strong>. Al centre, davant de la taula, hi ha representada Teresa Enr\u00edquez entre dos franciscans i un calze. Observar tamb\u00e9 la disposici\u00f3 de Sant Joan, recolzat\/adormit sobre la taula i Judes, mig amagat fora de la taula.<\/p>\t\t\t\t\t\t\t\t<\/div>\n\t\t\t\t<\/div>\n\t\t\t\t<div class=\"elementor-element elementor-element-af0d4a3 elementor-widget elementor-widget-image\" data-id=\"af0d4a3\" data-element_type=\"widget\" data-e-type=\"widget\" data-widget_type=\"image.default\">\n\t\t\t\t<div class=\"elementor-widget-container\">\n\t\t\t\t\t\t\t\t\t\t\t\t<figure class=\"wp-caption\">\n\t\t\t\t\t\t\t\t\t\t<img loading=\"lazy\" decoding=\"async\" width=\"768\" height=\"511\" src=\"https:\/\/www.elturistatranquil.com\/wp-content\/uploads\/F22-Palacio-de-Pedro-I-Torrijos-Toledo.jpg\" class=\"attachment-large size-large wp-image-38050\" alt=\"Palacio de Pedro I, Torrijos, Toledo\" srcset=\"https:\/\/www.elturistatranquil.com\/wp-content\/uploads\/F22-Palacio-de-Pedro-I-Torrijos-Toledo.jpg 768w, https:\/\/www.elturistatranquil.com\/wp-content\/uploads\/F22-Palacio-de-Pedro-I-Torrijos-Toledo-339x226.jpg 339w\" sizes=\"(max-width: 768px) 100vw, 768px\" \/>\t\t\t\t\t\t\t\t\t\t\t<figcaption class=\"widget-image-caption wp-caption-text\"><\/figcaption>\n\t\t\t\t\t\t\t\t\t\t<\/figure>\n\t\t\t\t\t\t\t\t\t<\/div>\n\t\t\t\t<\/div>\n\t\t\t\t<div class=\"elementor-element elementor-element-cf2f89f elementor-widget elementor-widget-text-editor\" data-id=\"cf2f89f\" data-element_type=\"widget\" data-e-type=\"widget\" data-widget_type=\"text-editor.default\">\n\t\t\t\t<div class=\"elementor-widget-container\">\n\t\t\t\t\t\t\t\t\t<p>A dalt de tot de la resta dels murs, tamb\u00e9 monocromes, diversos escuts franciscans amb els estigmes de la flagel\u00b7laci\u00f3 de Crist, flanquejats per angelots. Per la base de l&#8217;enteixinat recorre una sanefa amb textos en llat\u00ed.<\/p>\t\t\t\t\t\t\t\t<\/div>\n\t\t\t\t<\/div>\n\t\t\t\t<section class=\"elementor-section elementor-inner-section elementor-element elementor-element-5e54b9e elementor-section-boxed elementor-section-height-default elementor-section-height-default\" data-id=\"5e54b9e\" data-element_type=\"section\" data-e-type=\"section\">\n\t\t\t\t\t\t<div class=\"elementor-container elementor-column-gap-default\">\n\t\t\t\t\t<div class=\"elementor-column elementor-col-50 elementor-inner-column elementor-element elementor-element-2063905\" data-id=\"2063905\" data-element_type=\"column\" data-e-type=\"column\">\n\t\t\t<div class=\"elementor-widget-wrap elementor-element-populated\">\n\t\t\t\t\t\t<div class=\"elementor-element elementor-element-99d5a24 elementor-widget elementor-widget-image\" data-id=\"99d5a24\" data-element_type=\"widget\" data-e-type=\"widget\" data-widget_type=\"image.default\">\n\t\t\t\t<div class=\"elementor-widget-container\">\n\t\t\t\t\t\t\t\t\t\t\t\t\t\t\t<img loading=\"lazy\" decoding=\"async\" width=\"380\" height=\"380\" src=\"https:\/\/www.elturistatranquil.com\/wp-content\/uploads\/F23m-Palacio-de-Pedro-I-Torrijos-Toledo.jpg\" class=\"attachment-large size-large wp-image-38052\" alt=\"Palacio de Pedro I, Torrijos, Toledo\" srcset=\"https:\/\/www.elturistatranquil.com\/wp-content\/uploads\/F23m-Palacio-de-Pedro-I-Torrijos-Toledo.jpg 380w, https:\/\/www.elturistatranquil.com\/wp-content\/uploads\/F23m-Palacio-de-Pedro-I-Torrijos-Toledo-226x226.jpg 226w\" sizes=\"(max-width: 380px) 100vw, 380px\" \/>\t\t\t\t\t\t\t\t\t\t\t\t\t\t\t<\/div>\n\t\t\t\t<\/div>\n\t\t\t\t\t<\/div>\n\t\t<\/div>\n\t\t\t\t<div class=\"elementor-column elementor-col-50 elementor-inner-column elementor-element elementor-element-9e9b41c\" data-id=\"9e9b41c\" data-element_type=\"column\" data-e-type=\"column\">\n\t\t\t<div class=\"elementor-widget-wrap elementor-element-populated\">\n\t\t\t\t\t\t<div class=\"elementor-element elementor-element-17e96c2 elementor-widget elementor-widget-image\" data-id=\"17e96c2\" data-element_type=\"widget\" data-e-type=\"widget\" data-widget_type=\"image.default\">\n\t\t\t\t<div class=\"elementor-widget-container\">\n\t\t\t\t\t\t\t\t\t\t\t\t\t\t\t<img loading=\"lazy\" decoding=\"async\" width=\"380\" height=\"380\" src=\"https:\/\/www.elturistatranquil.com\/wp-content\/uploads\/F23n-Palacio-de-Pedro-I-Torrijos-Toledo.jpg\" class=\"attachment-large size-large wp-image-38054\" alt=\"Palacio de Pedro I, Torrijos, Toledo\" srcset=\"https:\/\/www.elturistatranquil.com\/wp-content\/uploads\/F23n-Palacio-de-Pedro-I-Torrijos-Toledo.jpg 380w, https:\/\/www.elturistatranquil.com\/wp-content\/uploads\/F23n-Palacio-de-Pedro-I-Torrijos-Toledo-226x226.jpg 226w\" sizes=\"(max-width: 380px) 100vw, 380px\" \/>\t\t\t\t\t\t\t\t\t\t\t\t\t\t\t<\/div>\n\t\t\t\t<\/div>\n\t\t\t\t\t<\/div>\n\t\t<\/div>\n\t\t\t\t\t<\/div>\n\t\t<\/section>\n\t\t\t\t<div class=\"elementor-element elementor-element-50380ce elementor-widget elementor-widget-text-editor\" data-id=\"50380ce\" data-element_type=\"widget\" data-e-type=\"widget\" data-widget_type=\"text-editor.default\">\n\t\t\t\t<div class=\"elementor-widget-container\">\n\t\t\t\t\t\t\t\t\t<p>\u00a0<\/p><p>Pis superior del claustre mant\u00e9 la mateixa estructura d&#8217;arcs carpanells.<\/p>\t\t\t\t\t\t\t\t<\/div>\n\t\t\t\t<\/div>\n\t\t\t\t<div class=\"elementor-element elementor-element-4748ede elementor-widget elementor-widget-image\" data-id=\"4748ede\" data-element_type=\"widget\" data-e-type=\"widget\" data-widget_type=\"image.default\">\n\t\t\t\t<div class=\"elementor-widget-container\">\n\t\t\t\t\t\t\t\t\t\t\t\t<figure class=\"wp-caption\">\n\t\t\t\t\t\t\t\t\t\t<img loading=\"lazy\" decoding=\"async\" width=\"768\" height=\"512\" src=\"https:\/\/www.elturistatranquil.com\/wp-content\/uploads\/F24-Palacio-de-Pedro-I-Torrijos-Toledo.jpg\" class=\"attachment-large size-large wp-image-38056\" alt=\"Palacio de Pedro I, Torrijos, Toledo\" srcset=\"https:\/\/www.elturistatranquil.com\/wp-content\/uploads\/F24-Palacio-de-Pedro-I-Torrijos-Toledo.jpg 768w, https:\/\/www.elturistatranquil.com\/wp-content\/uploads\/F24-Palacio-de-Pedro-I-Torrijos-Toledo-339x226.jpg 339w\" sizes=\"(max-width: 768px) 100vw, 768px\" \/>\t\t\t\t\t\t\t\t\t\t\t<figcaption class=\"widget-image-caption wp-caption-text\"><\/figcaption>\n\t\t\t\t\t\t\t\t\t\t<\/figure>\n\t\t\t\t\t\t\t\t\t<\/div>\n\t\t\t\t<\/div>\n\t\t\t\t<div class=\"elementor-element elementor-element-73c322a elementor-widget elementor-widget-text-editor\" data-id=\"73c322a\" data-element_type=\"widget\" data-e-type=\"widget\" data-widget_type=\"text-editor.default\">\n\t\t\t\t<div class=\"elementor-widget-container\">\n\t\t\t\t\t\t\t\t\t<p>A la Sala de Plens de l&#8217;Ajuntament, al sal\u00f3 regi i sala capitular del convent, es conserva una espl\u00e8ndida armadura de parell i artells vuitavat mud\u00e8jar del segle XVI.<\/p>\t\t\t\t\t\t\t\t<\/div>\n\t\t\t\t<\/div>\n\t\t\t\t<div class=\"elementor-element elementor-element-b0dda34 elementor-widget elementor-widget-image\" data-id=\"b0dda34\" data-element_type=\"widget\" data-e-type=\"widget\" data-widget_type=\"image.default\">\n\t\t\t\t<div class=\"elementor-widget-container\">\n\t\t\t\t\t\t\t\t\t\t\t\t<figure class=\"wp-caption\">\n\t\t\t\t\t\t\t\t\t\t<img loading=\"lazy\" decoding=\"async\" width=\"768\" height=\"512\" src=\"https:\/\/www.elturistatranquil.com\/wp-content\/uploads\/F25-Palacio-de-Pedro-I-Torrijos-Toledo.jpg\" class=\"attachment-large size-large wp-image-38058\" alt=\"Palacio de Pedro I, Torrijos, Toledo\" srcset=\"https:\/\/www.elturistatranquil.com\/wp-content\/uploads\/F25-Palacio-de-Pedro-I-Torrijos-Toledo.jpg 768w, https:\/\/www.elturistatranquil.com\/wp-content\/uploads\/F25-Palacio-de-Pedro-I-Torrijos-Toledo-339x226.jpg 339w\" sizes=\"(max-width: 768px) 100vw, 768px\" \/>\t\t\t\t\t\t\t\t\t\t\t<figcaption class=\"widget-image-caption wp-caption-text\"><\/figcaption>\n\t\t\t\t\t\t\t\t\t\t<\/figure>\n\t\t\t\t\t\t\t\t\t<\/div>\n\t\t\t\t<\/div>\n\t\t\t\t<div class=\"elementor-element elementor-element-12d9cdb elementor-widget elementor-widget-image\" data-id=\"12d9cdb\" data-element_type=\"widget\" data-e-type=\"widget\" data-widget_type=\"image.default\">\n\t\t\t\t<div class=\"elementor-widget-container\">\n\t\t\t\t\t\t\t\t\t\t\t\t<figure class=\"wp-caption\">\n\t\t\t\t\t\t\t\t\t\t<img loading=\"lazy\" decoding=\"async\" width=\"768\" height=\"512\" src=\"https:\/\/www.elturistatranquil.com\/wp-content\/uploads\/F26-Palacio-de-Pedro-I-Torrijos-Toledo.jpg\" class=\"attachment-large size-large wp-image-38060\" alt=\"Palacio de Pedro I, Torrijos, Toledo\" srcset=\"https:\/\/www.elturistatranquil.com\/wp-content\/uploads\/F26-Palacio-de-Pedro-I-Torrijos-Toledo.jpg 768w, https:\/\/www.elturistatranquil.com\/wp-content\/uploads\/F26-Palacio-de-Pedro-I-Torrijos-Toledo-339x226.jpg 339w\" sizes=\"(max-width: 768px) 100vw, 768px\" \/>\t\t\t\t\t\t\t\t\t\t\t<figcaption class=\"widget-image-caption wp-caption-text\"><\/figcaption>\n\t\t\t\t\t\t\t\t\t\t<\/figure>\n\t\t\t\t\t\t\t\t\t<\/div>\n\t\t\t\t<\/div>\n\t\t\t\t<div class=\"elementor-element elementor-element-29529b2 elementor-widget elementor-widget-image\" data-id=\"29529b2\" data-element_type=\"widget\" data-e-type=\"widget\" data-widget_type=\"image.default\">\n\t\t\t\t<div class=\"elementor-widget-container\">\n\t\t\t\t\t\t\t\t\t\t\t\t<figure class=\"wp-caption\">\n\t\t\t\t\t\t\t\t\t\t<img loading=\"lazy\" decoding=\"async\" width=\"768\" height=\"512\" src=\"https:\/\/www.elturistatranquil.com\/wp-content\/uploads\/F27-Palacio-de-Pedro-I-Torrijos-Toledo.jpg\" class=\"attachment-large size-large wp-image-38062\" alt=\"Palacio de Pedro I, Torrijos, Toledo\" srcset=\"https:\/\/www.elturistatranquil.com\/wp-content\/uploads\/F27-Palacio-de-Pedro-I-Torrijos-Toledo.jpg 768w, https:\/\/www.elturistatranquil.com\/wp-content\/uploads\/F27-Palacio-de-Pedro-I-Torrijos-Toledo-339x226.jpg 339w\" sizes=\"(max-width: 768px) 100vw, 768px\" \/>\t\t\t\t\t\t\t\t\t\t\t<figcaption class=\"widget-image-caption wp-caption-text\"><\/figcaption>\n\t\t\t\t\t\t\t\t\t\t<\/figure>\n\t\t\t\t\t\t\t\t\t<\/div>\n\t\t\t\t<\/div>\n\t\t\t\t<div class=\"elementor-element elementor-element-28671be elementor-widget elementor-widget-text-editor\" data-id=\"28671be\" data-element_type=\"widget\" data-e-type=\"widget\" data-widget_type=\"text-editor.default\">\n\t\t\t\t<div class=\"elementor-widget-container\">\n\t\t\t\t\t\t\t\t\t<p>Una altra ala d\u00b4aquesta segona planta acull la Biblioteca P\u00fablica.<\/p>\t\t\t\t\t\t\t\t<\/div>\n\t\t\t\t<\/div>\n\t\t\t\t<div class=\"elementor-element elementor-element-4a9e4ca elementor-widget elementor-widget-image\" data-id=\"4a9e4ca\" data-element_type=\"widget\" data-e-type=\"widget\" data-widget_type=\"image.default\">\n\t\t\t\t<div class=\"elementor-widget-container\">\n\t\t\t\t\t\t\t\t\t\t\t\t<figure class=\"wp-caption\">\n\t\t\t\t\t\t\t\t\t\t<img loading=\"lazy\" decoding=\"async\" width=\"768\" height=\"512\" src=\"https:\/\/www.elturistatranquil.com\/wp-content\/uploads\/F28-Palacio-de-Pedro-I-Torrijos-Toledo.jpg\" class=\"attachment-large size-large wp-image-38064\" alt=\"Palacio de Pedro I, Torrijos, Toledo\" srcset=\"https:\/\/www.elturistatranquil.com\/wp-content\/uploads\/F28-Palacio-de-Pedro-I-Torrijos-Toledo.jpg 768w, https:\/\/www.elturistatranquil.com\/wp-content\/uploads\/F28-Palacio-de-Pedro-I-Torrijos-Toledo-339x226.jpg 339w\" sizes=\"(max-width: 768px) 100vw, 768px\" \/>\t\t\t\t\t\t\t\t\t\t\t<figcaption class=\"widget-image-caption wp-caption-text\"><\/figcaption>\n\t\t\t\t\t\t\t\t\t\t<\/figure>\n\t\t\t\t\t\t\t\t\t<\/div>\n\t\t\t\t<\/div>\n\t\t\t\t<div class=\"elementor-element elementor-element-6e0201c elementor-widget elementor-widget-text-editor\" data-id=\"6e0201c\" data-element_type=\"widget\" data-e-type=\"widget\" data-widget_type=\"text-editor.default\">\n\t\t\t\t<div class=\"elementor-widget-container\">\n\t\t\t\t\t\t\t\t\t<p>Per part seva, l&#8217;esgl\u00e9sia \u00e9s l&#8217;Auditori Palau Pedro I.<\/p>\t\t\t\t\t\t\t\t<\/div>\n\t\t\t\t<\/div>\n\t\t\t\t<div class=\"elementor-element elementor-element-0f50151 elementor-widget elementor-widget-image\" data-id=\"0f50151\" data-element_type=\"widget\" data-e-type=\"widget\" data-widget_type=\"image.default\">\n\t\t\t\t<div class=\"elementor-widget-container\">\n\t\t\t\t\t\t\t\t\t\t\t\t<figure class=\"wp-caption\">\n\t\t\t\t\t\t\t\t\t\t<img loading=\"lazy\" decoding=\"async\" width=\"768\" height=\"512\" src=\"https:\/\/www.elturistatranquil.com\/wp-content\/uploads\/F29-Palacio-de-Pedro-I-Torrijos-Toledo-Foto-Ayuntamiento.jpg\" class=\"attachment-large size-large wp-image-38066\" alt=\"Palacio de Pedro I, Torrijos, Toledo\" srcset=\"https:\/\/www.elturistatranquil.com\/wp-content\/uploads\/F29-Palacio-de-Pedro-I-Torrijos-Toledo-Foto-Ayuntamiento.jpg 768w, https:\/\/www.elturistatranquil.com\/wp-content\/uploads\/F29-Palacio-de-Pedro-I-Torrijos-Toledo-Foto-Ayuntamiento-339x226.jpg 339w\" sizes=\"(max-width: 768px) 100vw, 768px\" \/>\t\t\t\t\t\t\t\t\t\t\t<figcaption class=\"widget-image-caption wp-caption-text\">(Foto: Ayuntamiento)<\/figcaption>\n\t\t\t\t\t\t\t\t\t\t<\/figure>\n\t\t\t\t\t\t\t\t\t<\/div>\n\t\t\t\t<\/div>\n\t\t\t\t<div class=\"elementor-element elementor-element-0318215 elementor-widget elementor-widget-text-editor\" data-id=\"0318215\" data-element_type=\"widget\" data-e-type=\"widget\" data-widget_type=\"text-editor.default\">\n\t\t\t\t<div class=\"elementor-widget-container\">\n\t\t\t\t\t\t\t\t\t<p>A la part posterior occidental hi ha el <strong>pati porticat Maria de Padilla<\/strong>, antic pati d&#8217;armes de l&#8217;alc\u00e0sser. Es mant\u00e9 l&#8217;estructura renaixentista de dos nivells amb arcs carpanells i capitells toscans.<\/p>\t\t\t\t\t\t\t\t<\/div>\n\t\t\t\t<\/div>\n\t\t\t\t<div class=\"elementor-element elementor-element-faca3bc elementor-widget elementor-widget-image\" data-id=\"faca3bc\" data-element_type=\"widget\" data-e-type=\"widget\" data-widget_type=\"image.default\">\n\t\t\t\t<div class=\"elementor-widget-container\">\n\t\t\t\t\t\t\t\t\t\t\t\t<figure class=\"wp-caption\">\n\t\t\t\t\t\t\t\t\t\t<img loading=\"lazy\" decoding=\"async\" width=\"768\" height=\"511\" src=\"https:\/\/www.elturistatranquil.com\/wp-content\/uploads\/F30-Palacio-de-Pedro-I-Torrijos-Toledo.jpg\" class=\"attachment-large size-large wp-image-38068\" alt=\"Palacio de Pedro I, Torrijos, Toledo\" srcset=\"https:\/\/www.elturistatranquil.com\/wp-content\/uploads\/F30-Palacio-de-Pedro-I-Torrijos-Toledo.jpg 768w, https:\/\/www.elturistatranquil.com\/wp-content\/uploads\/F30-Palacio-de-Pedro-I-Torrijos-Toledo-339x226.jpg 339w\" sizes=\"(max-width: 768px) 100vw, 768px\" \/>\t\t\t\t\t\t\t\t\t\t\t<figcaption class=\"widget-image-caption wp-caption-text\"><\/figcaption>\n\t\t\t\t\t\t\t\t\t\t<\/figure>\n\t\t\t\t\t\t\t\t\t<\/div>\n\t\t\t\t<\/div>\n\t\t\t\t<div class=\"elementor-element elementor-element-9ddd590 elementor-widget elementor-widget-image\" data-id=\"9ddd590\" data-element_type=\"widget\" data-e-type=\"widget\" data-widget_type=\"image.default\">\n\t\t\t\t<div class=\"elementor-widget-container\">\n\t\t\t\t\t\t\t\t\t\t\t\t<figure class=\"wp-caption\">\n\t\t\t\t\t\t\t\t\t\t<img loading=\"lazy\" decoding=\"async\" width=\"768\" height=\"512\" src=\"https:\/\/www.elturistatranquil.com\/wp-content\/uploads\/F31-Palacio-de-Pedro-I-Torrijos-Toledo.jpg\" class=\"attachment-large size-large wp-image-38070\" alt=\"Palacio de Pedro I, Torrijos, Toledo\" srcset=\"https:\/\/www.elturistatranquil.com\/wp-content\/uploads\/F31-Palacio-de-Pedro-I-Torrijos-Toledo.jpg 768w, https:\/\/www.elturistatranquil.com\/wp-content\/uploads\/F31-Palacio-de-Pedro-I-Torrijos-Toledo-339x226.jpg 339w\" sizes=\"(max-width: 768px) 100vw, 768px\" \/>\t\t\t\t\t\t\t\t\t\t\t<figcaption class=\"widget-image-caption wp-caption-text\"><\/figcaption>\n\t\t\t\t\t\t\t\t\t\t<\/figure>\n\t\t\t\t\t\t\t\t\t<\/div>\n\t\t\t\t<\/div>\n\t\t\t\t<div class=\"elementor-element elementor-element-6c341c3 elementor-widget elementor-widget-text-editor\" data-id=\"6c341c3\" data-element_type=\"widget\" data-e-type=\"widget\" data-widget_type=\"text-editor.default\">\n\t\t\t\t<div class=\"elementor-widget-container\">\n\t\t\t\t\t\t\t\t\t<p>Part posterior de l\u2019extensi\u00f3 nord de l\u2019edifici principal.<\/p>\t\t\t\t\t\t\t\t<\/div>\n\t\t\t\t<\/div>\n\t\t\t\t<div class=\"elementor-element elementor-element-308e556 elementor-widget elementor-widget-menu-anchor\" data-id=\"308e556\" data-element_type=\"widget\" data-e-type=\"widget\" data-widget_type=\"menu-anchor.default\">\n\t\t\t\t<div class=\"elementor-widget-container\">\n\t\t\t\t\t\t\t<div class=\"elementor-menu-anchor\" id=\"c7107\"><\/div>\n\t\t\t\t\t\t<\/div>\n\t\t\t\t<\/div>\n\t\t\t\t<div class=\"elementor-element elementor-element-5f09459 elementor-widget elementor-widget-image\" data-id=\"5f09459\" data-element_type=\"widget\" data-e-type=\"widget\" data-widget_type=\"image.default\">\n\t\t\t\t<div class=\"elementor-widget-container\">\n\t\t\t\t\t\t\t\t\t\t\t\t<figure class=\"wp-caption\">\n\t\t\t\t\t\t\t\t\t\t<img loading=\"lazy\" decoding=\"async\" width=\"768\" height=\"511\" src=\"https:\/\/www.elturistatranquil.com\/wp-content\/uploads\/F32-Palacio-de-Pedro-I-Torrijos-Toledo.jpg\" class=\"attachment-large size-large wp-image-38072\" alt=\"Palacio de Pedro I, Torrijos, Toledo\" srcset=\"https:\/\/www.elturistatranquil.com\/wp-content\/uploads\/F32-Palacio-de-Pedro-I-Torrijos-Toledo.jpg 768w, https:\/\/www.elturistatranquil.com\/wp-content\/uploads\/F32-Palacio-de-Pedro-I-Torrijos-Toledo-339x226.jpg 339w\" sizes=\"(max-width: 768px) 100vw, 768px\" \/>\t\t\t\t\t\t\t\t\t\t\t<figcaption class=\"widget-image-caption wp-caption-text\"><\/figcaption>\n\t\t\t\t\t\t\t\t\t\t<\/figure>\n\t\t\t\t\t\t\t\t\t<\/div>\n\t\t\t\t<\/div>\n\t\t\t\t<div class=\"elementor-element elementor-element-4b01e09 elementor-widget elementor-widget-heading\" data-id=\"4b01e09\" data-element_type=\"widget\" data-e-type=\"widget\" data-widget_type=\"heading.default\">\n\t\t\t\t<div class=\"elementor-widget-container\">\n\t\t\t\t\t<h3 class=\"elementor-heading-title elementor-size-default\">Torre Dip\u00f2sit de l'Aigua<\/h3>\t\t\t\t<\/div>\n\t\t\t\t<\/div>\n\t\t\t\t<div class=\"elementor-element elementor-element-64b5909 elementor-widget elementor-widget-text-editor\" data-id=\"64b5909\" data-element_type=\"widget\" data-e-type=\"widget\" data-widget_type=\"text-editor.default\">\n\t\t\t\t<div class=\"elementor-widget-container\">\n\t\t\t\t\t\t\t\t\t<p>Al <em>skyline<\/em> de Torrijos es perfila sobresortint l&#8217;<strong>antic Dip\u00f2sit de l&#8217;Aigua<\/strong> (<strong>2<\/strong>) al <strong>carrer Minas<\/strong> cantonada <strong>carrer San Jos\u00e9<\/strong>, a una illa del pati porticat Mar\u00eda de Padilla.<\/p>\t\t\t\t\t\t\t\t<\/div>\n\t\t\t\t<\/div>\n\t\t\t\t<div class=\"elementor-element elementor-element-79f1496 elementor-widget elementor-widget-image\" data-id=\"79f1496\" data-element_type=\"widget\" data-e-type=\"widget\" data-widget_type=\"image.default\">\n\t\t\t\t<div class=\"elementor-widget-container\">\n\t\t\t\t\t\t\t\t\t\t\t\t<figure class=\"wp-caption\">\n\t\t\t\t\t\t\t\t\t\t<img loading=\"lazy\" decoding=\"async\" width=\"768\" height=\"511\" src=\"https:\/\/www.elturistatranquil.com\/wp-content\/uploads\/F33-Torre-del-Agua-Torrijos-Toledo.jpg\" class=\"attachment-large size-large wp-image-38074\" alt=\"Palacio de Pedro I, Torrijos, Toledo\" srcset=\"https:\/\/www.elturistatranquil.com\/wp-content\/uploads\/F33-Torre-del-Agua-Torrijos-Toledo.jpg 768w, https:\/\/www.elturistatranquil.com\/wp-content\/uploads\/F33-Torre-del-Agua-Torrijos-Toledo-339x226.jpg 339w\" sizes=\"(max-width: 768px) 100vw, 768px\" \/>\t\t\t\t\t\t\t\t\t\t\t<figcaption class=\"widget-image-caption wp-caption-text\"><\/figcaption>\n\t\t\t\t\t\t\t\t\t\t<\/figure>\n\t\t\t\t\t\t\t\t\t<\/div>\n\t\t\t\t<\/div>\n\t\t\t\t<div class=\"elementor-element elementor-element-9d8b8be elementor-widget elementor-widget-text-editor\" data-id=\"9d8b8be\" data-element_type=\"widget\" data-e-type=\"widget\" data-widget_type=\"text-editor.default\">\n\t\t\t\t<div class=\"elementor-widget-container\">\n\t\t\t\t\t\t\t\t\t<p>\u00c9s una original construcci\u00f3 d&#8217;una al\u00e7ada de m\u00e9s de 25 metres, edificada amb totxo, de forma octogonal. Data dels anys 60.<\/p><p>\u00c9s realment una obra digna de visitar per la seva estructura arquitect\u00f2nica \u201chistoricista medieval\u201d. En els seus materials, forma i aparell sembla referir-se m\u00e9s a una estructura defensiva que no pas a una obra p\u00fablica del segle XX.<\/p>\t\t\t\t\t\t\t\t<\/div>\n\t\t\t\t<\/div>\n\t\t\t\t<div class=\"elementor-element elementor-element-3a8298c elementor-widget elementor-widget-menu-anchor\" data-id=\"3a8298c\" data-element_type=\"widget\" data-e-type=\"widget\" data-widget_type=\"menu-anchor.default\">\n\t\t\t\t<div class=\"elementor-widget-container\">\n\t\t\t\t\t\t\t<div class=\"elementor-menu-anchor\" id=\"c7108\"><\/div>\n\t\t\t\t\t\t<\/div>\n\t\t\t\t<\/div>\n\t\t\t\t<div class=\"elementor-element elementor-element-06f5c99 elementor-widget elementor-widget-image\" data-id=\"06f5c99\" data-element_type=\"widget\" data-e-type=\"widget\" data-widget_type=\"image.default\">\n\t\t\t\t<div class=\"elementor-widget-container\">\n\t\t\t\t\t\t\t\t\t\t\t\t<figure class=\"wp-caption\">\n\t\t\t\t\t\t\t\t\t\t<img loading=\"lazy\" decoding=\"async\" width=\"768\" height=\"512\" src=\"https:\/\/www.elturistatranquil.com\/wp-content\/uploads\/F34-Torre-del-Agua-Torrijos-Toledo.jpg\" class=\"attachment-large size-large wp-image-38076\" alt=\"Torre del Agua, Torrijos, Toledo\" srcset=\"https:\/\/www.elturistatranquil.com\/wp-content\/uploads\/F34-Torre-del-Agua-Torrijos-Toledo.jpg 768w, https:\/\/www.elturistatranquil.com\/wp-content\/uploads\/F34-Torre-del-Agua-Torrijos-Toledo-339x226.jpg 339w\" sizes=\"(max-width: 768px) 100vw, 768px\" \/>\t\t\t\t\t\t\t\t\t\t\t<figcaption class=\"widget-image-caption wp-caption-text\"><\/figcaption>\n\t\t\t\t\t\t\t\t\t\t<\/figure>\n\t\t\t\t\t\t\t\t\t<\/div>\n\t\t\t\t<\/div>\n\t\t\t\t<div class=\"elementor-element elementor-element-f466668 elementor-widget elementor-widget-heading\" data-id=\"f466668\" data-element_type=\"widget\" data-e-type=\"widget\" data-widget_type=\"heading.default\">\n\t\t\t\t<div class=\"elementor-widget-container\">\n\t\t\t\t\t<h3 class=\"elementor-heading-title elementor-size-default\">Col\u00b7legiata del Sant\u00edsimo Sacramento<\/h3>\t\t\t\t<\/div>\n\t\t\t\t<\/div>\n\t\t\t\t<div class=\"elementor-element elementor-element-9632531 elementor-widget elementor-widget-text-editor\" data-id=\"9632531\" data-element_type=\"widget\" data-e-type=\"widget\" data-widget_type=\"text-editor.default\">\n\t\t\t\t<div class=\"elementor-widget-container\">\n\t\t\t\t\t\t\t\t\t<p><em>B\u00e9 d&#8217;Inter\u00e8s Cultural (BIC),<\/em> 1931.<\/p>\t\t\t\t\t\t\t\t<\/div>\n\t\t\t\t<\/div>\n\t\t\t\t<div class=\"elementor-element elementor-element-29dd224 elementor-widget elementor-widget-image\" data-id=\"29dd224\" data-element_type=\"widget\" data-e-type=\"widget\" data-widget_type=\"image.default\">\n\t\t\t\t<div class=\"elementor-widget-container\">\n\t\t\t\t\t\t\t\t\t\t\t\t<figure class=\"wp-caption\">\n\t\t\t\t\t\t\t\t\t\t<img loading=\"lazy\" decoding=\"async\" width=\"477\" height=\"550\" src=\"https:\/\/www.elturistatranquil.com\/wp-content\/uploads\/Colegiata-de-Torrijos.-Toledo.jpg\" class=\"attachment-large size-large wp-image-37992\" alt=\"Colegiata de Torrijos. Toledo\" srcset=\"https:\/\/www.elturistatranquil.com\/wp-content\/uploads\/Colegiata-de-Torrijos.-Toledo.jpg 477w, https:\/\/www.elturistatranquil.com\/wp-content\/uploads\/Colegiata-de-Torrijos.-Toledo-196x226.jpg 196w\" sizes=\"(max-width: 477px) 100vw, 477px\" \/>\t\t\t\t\t\t\t\t\t\t\t<figcaption class=\"widget-image-caption wp-caption-text\">La Col\u00b7legiata de Torrijos amb el Ca\u00f1o Viejo en una imatge de 1957<\/figcaption>\n\t\t\t\t\t\t\t\t\t\t<\/figure>\n\t\t\t\t\t\t\t\t\t<\/div>\n\t\t\t\t<\/div>\n\t\t\t\t<div class=\"elementor-element elementor-element-0571ab0 elementor-widget elementor-widget-text-editor\" data-id=\"0571ab0\" data-element_type=\"widget\" data-e-type=\"widget\" data-widget_type=\"text-editor.default\">\n\t\t\t\t<div class=\"elementor-widget-container\">\n\t\t\t\t\t\t\t\t\t<p>La fundaci\u00f3, dotaci\u00f3 i construcci\u00f3 de la <strong>Col\u00b7legiata del Sant\u00edsimo Sacramento<\/strong> (<strong>3<\/strong>) es deu a Teresa Enr\u00edquez, quan ja v\u00eddua de Gutierre de C\u00e1rdenas es retira de la cort dels Reis Cat\u00f2lics a la seva vila de Torrijos des d&#8217;on, com hem vist, realitzar\u00e0 nombroses fundacions de car\u00e0cter ben\u00e8fic i assistencial. Entre elles es troba la fundaci\u00f3 de la Confraria del Sant\u00edssim Sagrament amb butlla papal de 1508, que \u00e9s la ra\u00f3 de la dotaci\u00f3 de l&#8217;Esgl\u00e9sia ja que Teresa havia &#8220;edificat des dels fonaments i fet una esgl\u00e9sia en honra d&#8217;aquest Sagrament&#8221;.<\/p><p>L&#8217;esgl\u00e9sia, amb els seus capellans i els seus confrares preveres o laics es va erigir en <a href=\"https:\/\/www.elturistatranquil.com\/ca\/esglesies-monestirs-i-ordres-religioses-a-ledat-mitjana\/#b1513\" target=\"_blank\" rel=\"noopener\">col\u00b7legiata<\/a> el 1526, per una butlla pontif\u00edcia de Climent VII a trav\u00e9s del delegat papal, el cardenal Giovanni Salviati.<\/p><p>L&#8217;edifici de la Col\u00b7legiata es va erigir en estil g\u00f2tic tard\u00e0, per\u00f2 introduint elements del nou estil renaixentista. La seva construcci\u00f3 es va dur a terme en una mica menys de deu anys, des del 1509 al 1518. \u00c9s m\u00e9s que probable que les seves traces es duguessin a terme per Ant\u00f3n Egas i el seu germ\u00e0 Enrique Egas, arquitectes en aquestes dates de la catedral de Toledo i que arrib\u00e9s a participar a la segona fase Alonso de Covarrubias.<\/p><p>\u00c9s un temple d&#8217;\u00e0mplies dimensions, amb una planta de tipus basilical amb un absis vuitavat i dos absidioles semicirculars a la base, i de forma de creu llatina en altura, perceptible a la vista a\u00e8ria.<\/p><p>A l&#8217;exterior hi ha una torre exempta de plata quadrada, adossada a l&#8217;angle nord-oest del temple.<\/p><p>Al costat de l&#8217;evangeli, al tram de transsepte, s&#8217;obre cap a l&#8217;exterior una gran capella dedicada a San Gil, patr\u00f3 de Torrijos, amb la seva sagristia.<\/p>\t\t\t\t\t\t\t\t<\/div>\n\t\t\t\t<\/div>\n\t\t\t\t<div class=\"elementor-element elementor-element-bcb2b50 elementor-widget elementor-widget-image\" data-id=\"bcb2b50\" data-element_type=\"widget\" data-e-type=\"widget\" data-widget_type=\"image.default\">\n\t\t\t\t<div class=\"elementor-widget-container\">\n\t\t\t\t\t\t\t\t\t\t\t\t<figure class=\"wp-caption\">\n\t\t\t\t\t\t\t\t\t\t<img loading=\"lazy\" decoding=\"async\" width=\"768\" height=\"512\" src=\"https:\/\/www.elturistatranquil.com\/wp-content\/uploads\/F36-Colegiata-de-Torrijos-Toledo-Google-maps-2021-11-13.jpg\" class=\"attachment-large size-large wp-image-38081\" alt=\"Colegiata de Torrijos, Toledo (Google maps 2021-11-13)\" srcset=\"https:\/\/www.elturistatranquil.com\/wp-content\/uploads\/F36-Colegiata-de-Torrijos-Toledo-Google-maps-2021-11-13.jpg 768w, https:\/\/www.elturistatranquil.com\/wp-content\/uploads\/F36-Colegiata-de-Torrijos-Toledo-Google-maps-2021-11-13-339x226.jpg 339w\" sizes=\"(max-width: 768px) 100vw, 768px\" \/>\t\t\t\t\t\t\t\t\t\t\t<figcaption class=\"widget-image-caption wp-caption-text\">(Google maps 2021-11-13)<\/figcaption>\n\t\t\t\t\t\t\t\t\t\t<\/figure>\n\t\t\t\t\t\t\t\t\t<\/div>\n\t\t\t\t<\/div>\n\t\t\t\t<div class=\"elementor-element elementor-element-62f7b97 elementor-widget elementor-widget-image\" data-id=\"62f7b97\" data-element_type=\"widget\" data-e-type=\"widget\" data-widget_type=\"image.default\">\n\t\t\t\t<div class=\"elementor-widget-container\">\n\t\t\t\t\t\t\t\t\t\t\t\t<figure class=\"wp-caption\">\n\t\t\t\t\t\t\t\t\t\t<img loading=\"lazy\" decoding=\"async\" width=\"768\" height=\"513\" src=\"https:\/\/www.elturistatranquil.com\/wp-content\/uploads\/F37-Colegiata-de-Torrijos-Toledo.jpg\" class=\"attachment-large size-large wp-image-38083\" alt=\"Colegiata de Torrijos, Toledo\" srcset=\"https:\/\/www.elturistatranquil.com\/wp-content\/uploads\/F37-Colegiata-de-Torrijos-Toledo.jpg 768w, https:\/\/www.elturistatranquil.com\/wp-content\/uploads\/F37-Colegiata-de-Torrijos-Toledo-339x226.jpg 339w\" sizes=\"(max-width: 768px) 100vw, 768px\" \/>\t\t\t\t\t\t\t\t\t\t\t<figcaption class=\"widget-image-caption wp-caption-text\"><\/figcaption>\n\t\t\t\t\t\t\t\t\t\t<\/figure>\n\t\t\t\t\t\t\t\t\t<\/div>\n\t\t\t\t<\/div>\n\t\t\t\t<div class=\"elementor-element elementor-element-ef09c96 elementor-widget elementor-widget-text-editor\" data-id=\"ef09c96\" data-element_type=\"widget\" data-e-type=\"widget\" data-widget_type=\"text-editor.default\">\n\t\t\t\t<div class=\"elementor-widget-container\">\n\t\t\t\t\t\t\t\t\t<p>L&#8217;obra es va construir en els deu anys, encara que per les modificacions d&#8217;estil que s&#8217;observen va haver de patir canvis d&#8217;orientaci\u00f3 a l&#8217;intermedi, potser indicant un canvi de mans a la direcci\u00f3 de l&#8217;obra. Es va comen\u00e7ar pels peus i va anar avan\u00e7ant cap a la cap\u00e7alera, on es troben els seus elements estructurals m\u00e9s evolucionats a partir del bra\u00e7 del transsepte, amb un canvi de m\u00f2dul espacial que afecta les dimensions dels trams cap a la cap\u00e7alera. Aquesta segona m\u00e0 \u201ca la romana\u201d continua sent an\u00f2nima; caldria relacionar-la amb l&#8217;evoluci\u00f3 d&#8217;Enrique Egas o amb un jove Alonso de Covarrubias.<\/p><p>En conjunt es tracta d&#8217;una construcci\u00f3 tard\u00e0 g\u00f2tica entre 1509 i 1518. La fa\u00e7ana s&#8217;incorporaria a partir d&#8217;aquesta \u00faltima data, i els seus responsables serien Ant\u00f3n Egas i Alonso de Covarrubias amb esquemes g\u00f2tics que anaven incloent elements renaixentistes.<\/p>\t\t\t\t\t\t\t\t<\/div>\n\t\t\t\t<\/div>\n\t\t\t\t<div class=\"elementor-element elementor-element-ec7b1bb elementor-widget elementor-widget-image\" data-id=\"ec7b1bb\" data-element_type=\"widget\" data-e-type=\"widget\" data-widget_type=\"image.default\">\n\t\t\t\t<div class=\"elementor-widget-container\">\n\t\t\t\t\t\t\t\t\t\t\t\t<figure class=\"wp-caption\">\n\t\t\t\t\t\t\t\t\t\t<img loading=\"lazy\" decoding=\"async\" width=\"768\" height=\"512\" src=\"https:\/\/www.elturistatranquil.com\/wp-content\/uploads\/F38-Colegiata-de-Torrijos-Toledo.jpg\" class=\"attachment-large size-large wp-image-38085\" alt=\"Colegiata de Torrijos, Toledo\" srcset=\"https:\/\/www.elturistatranquil.com\/wp-content\/uploads\/F38-Colegiata-de-Torrijos-Toledo.jpg 768w, https:\/\/www.elturistatranquil.com\/wp-content\/uploads\/F38-Colegiata-de-Torrijos-Toledo-339x226.jpg 339w\" sizes=\"(max-width: 768px) 100vw, 768px\" \/>\t\t\t\t\t\t\t\t\t\t\t<figcaption class=\"widget-image-caption wp-caption-text\"><\/figcaption>\n\t\t\t\t\t\t\t\t\t\t<\/figure>\n\t\t\t\t\t\t\t\t\t<\/div>\n\t\t\t\t<\/div>\n\t\t\t\t<div class=\"elementor-element elementor-element-134968e elementor-widget elementor-widget-text-editor\" data-id=\"134968e\" data-element_type=\"widget\" data-e-type=\"widget\" data-widget_type=\"text-editor.default\">\n\t\t\t\t<div class=\"elementor-widget-container\">\n\t\t\t\t\t\t\t\t\t<p>La torre campanar de tres cossos \u00e9s de carreuat i una al\u00e7ada d&#8217;uns 40 metres. L\u2019agulla que la cobreix \u00e9s del segle XVII.<\/p>\t\t\t\t\t\t\t\t<\/div>\n\t\t\t\t<\/div>\n\t\t\t\t<div class=\"elementor-element elementor-element-4f7c7da elementor-widget elementor-widget-image\" data-id=\"4f7c7da\" data-element_type=\"widget\" data-e-type=\"widget\" data-widget_type=\"image.default\">\n\t\t\t\t<div class=\"elementor-widget-container\">\n\t\t\t\t\t\t\t\t\t\t\t\t<figure class=\"wp-caption\">\n\t\t\t\t\t\t\t\t\t\t<img loading=\"lazy\" decoding=\"async\" width=\"768\" height=\"512\" src=\"https:\/\/www.elturistatranquil.com\/wp-content\/uploads\/F39-Colegiata-de-Torrijos-Toledo-1.jpg\" class=\"attachment-large size-large wp-image-38316\" alt=\"Colegiata de Torrijos, Toledo\" srcset=\"https:\/\/www.elturistatranquil.com\/wp-content\/uploads\/F39-Colegiata-de-Torrijos-Toledo-1.jpg 768w, https:\/\/www.elturistatranquil.com\/wp-content\/uploads\/F39-Colegiata-de-Torrijos-Toledo-1-339x226.jpg 339w\" sizes=\"(max-width: 768px) 100vw, 768px\" \/>\t\t\t\t\t\t\t\t\t\t\t<figcaption class=\"widget-image-caption wp-caption-text\"><\/figcaption>\n\t\t\t\t\t\t\t\t\t\t<\/figure>\n\t\t\t\t\t\t\t\t\t<\/div>\n\t\t\t\t<\/div>\n\t\t\t\t<div class=\"elementor-element elementor-element-87ff941 elementor-widget elementor-widget-image\" data-id=\"87ff941\" data-element_type=\"widget\" data-e-type=\"widget\" data-widget_type=\"image.default\">\n\t\t\t\t<div class=\"elementor-widget-container\">\n\t\t\t\t\t\t\t\t\t\t\t\t<figure class=\"wp-caption\">\n\t\t\t\t\t\t\t\t\t\t<img loading=\"lazy\" decoding=\"async\" width=\"768\" height=\"511\" src=\"https:\/\/www.elturistatranquil.com\/wp-content\/uploads\/F40-Colegiata-de-Torrijos-Toledo.jpg\" class=\"attachment-large size-large wp-image-38089\" alt=\"Colegiata de Torrijos, Toledo\" srcset=\"https:\/\/www.elturistatranquil.com\/wp-content\/uploads\/F40-Colegiata-de-Torrijos-Toledo.jpg 768w, https:\/\/www.elturistatranquil.com\/wp-content\/uploads\/F40-Colegiata-de-Torrijos-Toledo-339x226.jpg 339w\" sizes=\"(max-width: 768px) 100vw, 768px\" \/>\t\t\t\t\t\t\t\t\t\t\t<figcaption class=\"widget-image-caption wp-caption-text\"><\/figcaption>\n\t\t\t\t\t\t\t\t\t\t<\/figure>\n\t\t\t\t\t\t\t\t\t<\/div>\n\t\t\t\t<\/div>\n\t\t\t\t<div class=\"elementor-element elementor-element-f49dd89 elementor-widget elementor-widget-text-editor\" data-id=\"f49dd89\" data-element_type=\"widget\" data-e-type=\"widget\" data-widget_type=\"text-editor.default\">\n\t\t\t\t<div class=\"elementor-widget-container\">\n\t\t\t\t\t\t\t\t\t<p>Portada del llibre <em>La Colegiata de Torrijos. 500 a\u00f1os de firme piedra<\/em> (Junta de Comunidades de Castilla-La Mancha, 2019).<\/p>\t\t\t\t\t\t\t\t<\/div>\n\t\t\t\t<\/div>\n\t\t\t\t<div class=\"elementor-element elementor-element-8beae59 elementor-widget elementor-widget-image\" data-id=\"8beae59\" data-element_type=\"widget\" data-e-type=\"widget\" data-widget_type=\"image.default\">\n\t\t\t\t<div class=\"elementor-widget-container\">\n\t\t\t\t\t\t\t\t\t\t\t\t<figure class=\"wp-caption\">\n\t\t\t\t\t\t\t\t\t\t<img loading=\"lazy\" decoding=\"async\" width=\"385\" height=\"550\" src=\"https:\/\/www.elturistatranquil.com\/wp-content\/uploads\/F43-Colegiata-de-Torrijos-Toledo-Libro.jpg\" class=\"attachment-large size-large wp-image-38096\" alt=\"Portada Libro. Colegiata de Torrijos, Toledo\" srcset=\"https:\/\/www.elturistatranquil.com\/wp-content\/uploads\/F43-Colegiata-de-Torrijos-Toledo-Libro.jpg 385w, https:\/\/www.elturistatranquil.com\/wp-content\/uploads\/F43-Colegiata-de-Torrijos-Toledo-Libro-158x226.jpg 158w\" sizes=\"(max-width: 385px) 100vw, 385px\" \/>\t\t\t\t\t\t\t\t\t\t\t<figcaption class=\"widget-image-caption wp-caption-text\"><\/figcaption>\n\t\t\t\t\t\t\t\t\t\t<\/figure>\n\t\t\t\t\t\t\t\t\t<\/div>\n\t\t\t\t<\/div>\n\t\t\t\t<div class=\"elementor-element elementor-element-3e7d6d0 elementor-widget elementor-widget-text-editor\" data-id=\"3e7d6d0\" data-element_type=\"widget\" data-e-type=\"widget\" data-widget_type=\"text-editor.default\">\n\t\t\t\t<div class=\"elementor-widget-container\">\n\t\t\t\t\t\t\t\t\t<p>La portada amb el seu gran arc sembla haver estat encaixada a l a testera g\u00f2tica entre dos contraforts una vegada acabat el cos del temple despr\u00e9s de 1519.<\/p><p>La portada est\u00e0 dedicada al Sant\u00edssim Sagrament, amb s\u00edmbols del Corpus Christie i la consagraci\u00f3 del Sacrifici de la Missa.<\/p><p>La portalada s&#8217;estructura sobre un arc de triomf rom\u00e0, amb pedestals, columnes exemptes, entaulaments, laterals amb n\u00ednxols amb veneres, i un front\u00f3 de remat, tot aix\u00f2 dins d&#8217;un gran arc a manera de p\u00f2rtic, her\u00e8ncia de l&#8217;arquitectura conventual de la \u00e8poca dels Reis Cat\u00f2lics.<\/p><p>El car\u00e0cter triomfal de la portada encaixa amb la manifestaci\u00f3 de poder en un doble sentit, terrenal per llinatge i religi\u00f3s de la fe cristiana davant dels infidels.<\/p><p>Els fusts de jaspi de color i els seus capitells eren trofeus &#8211;<em>spolia<\/em>&#8211; procedents d&#8217;edificacions musulmanes obtingudes als llocs conquerits on va participar Gutierre de C\u00e1rdenas al costat dels Reis Cat\u00f2lics.<\/p><p>Per les seves nombroses refer\u00e8ncies i representacions d&#8217;instruments musicals, d&#8217;\u00e0ngels fent m\u00fasica i d&#8217;anotacions musicals, tamb\u00e9 se l&#8217;ha arribat a anomenar la \u201cfa\u00e7ana sonora\u201d.<\/p>\t\t\t\t\t\t\t\t<\/div>\n\t\t\t\t<\/div>\n\t\t\t\t<div class=\"elementor-element elementor-element-35c1261 elementor-widget elementor-widget-image\" data-id=\"35c1261\" data-element_type=\"widget\" data-e-type=\"widget\" data-widget_type=\"image.default\">\n\t\t\t\t<div class=\"elementor-widget-container\">\n\t\t\t\t\t\t\t\t\t\t\t\t<figure class=\"wp-caption\">\n\t\t\t\t\t\t\t\t\t\t<img loading=\"lazy\" decoding=\"async\" width=\"768\" height=\"512\" src=\"https:\/\/www.elturistatranquil.com\/wp-content\/uploads\/F42-Colegiata-de-Torrijos-Toledo.jpg\" class=\"attachment-large size-large wp-image-38094\" alt=\"Colegiata de Torrijos, Toledo\" srcset=\"https:\/\/www.elturistatranquil.com\/wp-content\/uploads\/F42-Colegiata-de-Torrijos-Toledo.jpg 768w, https:\/\/www.elturistatranquil.com\/wp-content\/uploads\/F42-Colegiata-de-Torrijos-Toledo-339x226.jpg 339w\" sizes=\"(max-width: 768px) 100vw, 768px\" \/>\t\t\t\t\t\t\t\t\t\t\t<figcaption class=\"widget-image-caption wp-caption-text\"><\/figcaption>\n\t\t\t\t\t\t\t\t\t\t<\/figure>\n\t\t\t\t\t\t\t\t\t<\/div>\n\t\t\t\t<\/div>\n\t\t\t\t<div class=\"elementor-element elementor-element-43f327f elementor-widget elementor-widget-image\" data-id=\"43f327f\" data-element_type=\"widget\" data-e-type=\"widget\" data-widget_type=\"image.default\">\n\t\t\t\t<div class=\"elementor-widget-container\">\n\t\t\t\t\t\t\t\t\t\t\t\t<figure class=\"wp-caption\">\n\t\t\t\t\t\t\t\t\t\t<img loading=\"lazy\" decoding=\"async\" width=\"768\" height=\"511\" src=\"https:\/\/www.elturistatranquil.com\/wp-content\/uploads\/F43-Colegiata-de-Torrijos-Toledo.jpg\" class=\"attachment-large size-large wp-image-38098\" alt=\"Colegiata de Torrijos, Toledo\" srcset=\"https:\/\/www.elturistatranquil.com\/wp-content\/uploads\/F43-Colegiata-de-Torrijos-Toledo.jpg 768w, https:\/\/www.elturistatranquil.com\/wp-content\/uploads\/F43-Colegiata-de-Torrijos-Toledo-339x226.jpg 339w\" sizes=\"(max-width: 768px) 100vw, 768px\" \/>\t\t\t\t\t\t\t\t\t\t\t<figcaption class=\"widget-image-caption wp-caption-text\"><\/figcaption>\n\t\t\t\t\t\t\t\t\t\t<\/figure>\n\t\t\t\t\t\t\t\t\t<\/div>\n\t\t\t\t<\/div>\n\t\t\t\t<div class=\"elementor-element elementor-element-f4d9ceb elementor-widget elementor-widget-image\" data-id=\"f4d9ceb\" data-element_type=\"widget\" data-e-type=\"widget\" data-widget_type=\"image.default\">\n\t\t\t\t<div class=\"elementor-widget-container\">\n\t\t\t\t\t\t\t\t\t\t\t\t<figure class=\"wp-caption\">\n\t\t\t\t\t\t\t\t\t\t<img loading=\"lazy\" decoding=\"async\" width=\"768\" height=\"511\" src=\"https:\/\/www.elturistatranquil.com\/wp-content\/uploads\/F44-Colegiata-de-Torrijos-Toledo.jpg\" class=\"attachment-large size-large wp-image-38100\" alt=\"Colegiata de Torrijos, Toledo\" srcset=\"https:\/\/www.elturistatranquil.com\/wp-content\/uploads\/F44-Colegiata-de-Torrijos-Toledo.jpg 768w, https:\/\/www.elturistatranquil.com\/wp-content\/uploads\/F44-Colegiata-de-Torrijos-Toledo-339x226.jpg 339w\" sizes=\"(max-width: 768px) 100vw, 768px\" \/>\t\t\t\t\t\t\t\t\t\t\t<figcaption class=\"widget-image-caption wp-caption-text\"><\/figcaption>\n\t\t\t\t\t\t\t\t\t\t<\/figure>\n\t\t\t\t\t\t\t\t\t<\/div>\n\t\t\t\t<\/div>\n\t\t\t\t<div class=\"elementor-element elementor-element-46e3acc elementor-widget elementor-widget-text-editor\" data-id=\"46e3acc\" data-element_type=\"widget\" data-e-type=\"widget\" data-widget_type=\"text-editor.default\">\n\t\t\t\t<div class=\"elementor-widget-container\">\n\t\t\t\t\t\t\t\t\t<p>Sobrearc del p\u00f2rtic de la fa\u00e7ana.<\/p>\t\t\t\t\t\t\t\t<\/div>\n\t\t\t\t<\/div>\n\t\t\t\t<div class=\"elementor-element elementor-element-25b060b elementor-widget elementor-widget-image\" data-id=\"25b060b\" data-element_type=\"widget\" data-e-type=\"widget\" data-widget_type=\"image.default\">\n\t\t\t\t<div class=\"elementor-widget-container\">\n\t\t\t\t\t\t\t\t\t\t\t\t<figure class=\"wp-caption\">\n\t\t\t\t\t\t\t\t\t\t<img loading=\"lazy\" decoding=\"async\" width=\"768\" height=\"511\" src=\"https:\/\/www.elturistatranquil.com\/wp-content\/uploads\/F45-Colegiata-de-Torrijos-Toledo.jpg\" class=\"attachment-large size-large wp-image-38102\" alt=\"Colegiata de Torrijos, Toledo\" srcset=\"https:\/\/www.elturistatranquil.com\/wp-content\/uploads\/F45-Colegiata-de-Torrijos-Toledo.jpg 768w, https:\/\/www.elturistatranquil.com\/wp-content\/uploads\/F45-Colegiata-de-Torrijos-Toledo-339x226.jpg 339w\" sizes=\"(max-width: 768px) 100vw, 768px\" \/>\t\t\t\t\t\t\t\t\t\t\t<figcaption class=\"widget-image-caption wp-caption-text\"><\/figcaption>\n\t\t\t\t\t\t\t\t\t\t<\/figure>\n\t\t\t\t\t\t\t\t\t<\/div>\n\t\t\t\t<\/div>\n\t\t\t\t<div class=\"elementor-element elementor-element-4c8a8f6 elementor-widget elementor-widget-text-editor\" data-id=\"4c8a8f6\" data-element_type=\"widget\" data-e-type=\"widget\" data-widget_type=\"text-editor.default\">\n\t\t\t\t<div class=\"elementor-widget-container\">\n\t\t\t\t\t\t\t\t\t<p>El Calze i l&#8217;Eucaristia presidint el conjunt.<\/p>\t\t\t\t\t\t\t\t<\/div>\n\t\t\t\t<\/div>\n\t\t\t\t<div class=\"elementor-element elementor-element-9ffa4fd elementor-widget elementor-widget-image\" data-id=\"9ffa4fd\" data-element_type=\"widget\" data-e-type=\"widget\" data-widget_type=\"image.default\">\n\t\t\t\t<div class=\"elementor-widget-container\">\n\t\t\t\t\t\t\t\t\t\t\t\t<figure class=\"wp-caption\">\n\t\t\t\t\t\t\t\t\t\t<img loading=\"lazy\" decoding=\"async\" width=\"768\" height=\"512\" src=\"https:\/\/www.elturistatranquil.com\/wp-content\/uploads\/F46-Colegiata-de-Torrijos-Toledo.jpg\" class=\"attachment-large size-large wp-image-38104\" alt=\"Colegiata de Torrijos, Toledo\" srcset=\"https:\/\/www.elturistatranquil.com\/wp-content\/uploads\/F46-Colegiata-de-Torrijos-Toledo.jpg 768w, https:\/\/www.elturistatranquil.com\/wp-content\/uploads\/F46-Colegiata-de-Torrijos-Toledo-339x226.jpg 339w\" sizes=\"(max-width: 768px) 100vw, 768px\" \/>\t\t\t\t\t\t\t\t\t\t\t<figcaption class=\"widget-image-caption wp-caption-text\"><\/figcaption>\n\t\t\t\t\t\t\t\t\t\t<\/figure>\n\t\t\t\t\t\t\t\t\t<\/div>\n\t\t\t\t<\/div>\n\t\t\t\t<div class=\"elementor-element elementor-element-af48c6e elementor-widget elementor-widget-image\" data-id=\"af48c6e\" data-element_type=\"widget\" data-e-type=\"widget\" data-widget_type=\"image.default\">\n\t\t\t\t<div class=\"elementor-widget-container\">\n\t\t\t\t\t\t\t\t\t\t\t\t<figure class=\"wp-caption\">\n\t\t\t\t\t\t\t\t\t\t<img loading=\"lazy\" decoding=\"async\" width=\"768\" height=\"511\" src=\"https:\/\/www.elturistatranquil.com\/wp-content\/uploads\/F47-Colegiata-de-Torrijos-Toledo.jpg\" class=\"attachment-large size-large wp-image-38106\" alt=\"Colegiata de Torrijos, Toledo\" srcset=\"https:\/\/www.elturistatranquil.com\/wp-content\/uploads\/F47-Colegiata-de-Torrijos-Toledo.jpg 768w, https:\/\/www.elturistatranquil.com\/wp-content\/uploads\/F47-Colegiata-de-Torrijos-Toledo-339x226.jpg 339w\" sizes=\"(max-width: 768px) 100vw, 768px\" \/>\t\t\t\t\t\t\t\t\t\t\t<figcaption class=\"widget-image-caption wp-caption-text\"><\/figcaption>\n\t\t\t\t\t\t\t\t\t\t<\/figure>\n\t\t\t\t\t\t\t\t\t<\/div>\n\t\t\t\t<\/div>\n\t\t\t\t<div class=\"elementor-element elementor-element-3951081 elementor-widget elementor-widget-image\" data-id=\"3951081\" data-element_type=\"widget\" data-e-type=\"widget\" data-widget_type=\"image.default\">\n\t\t\t\t<div class=\"elementor-widget-container\">\n\t\t\t\t\t\t\t\t\t\t\t\t<figure class=\"wp-caption\">\n\t\t\t\t\t\t\t\t\t\t<img loading=\"lazy\" decoding=\"async\" width=\"768\" height=\"511\" src=\"https:\/\/www.elturistatranquil.com\/wp-content\/uploads\/F48-Colegiata-de-Torrijos-Toledo.jpg\" class=\"attachment-large size-large wp-image-38108\" alt=\"Colegiata de Torrijos, Toledo\" srcset=\"https:\/\/www.elturistatranquil.com\/wp-content\/uploads\/F48-Colegiata-de-Torrijos-Toledo.jpg 768w, https:\/\/www.elturistatranquil.com\/wp-content\/uploads\/F48-Colegiata-de-Torrijos-Toledo-339x226.jpg 339w\" sizes=\"(max-width: 768px) 100vw, 768px\" \/>\t\t\t\t\t\t\t\t\t\t\t<figcaption class=\"widget-image-caption wp-caption-text\"><\/figcaption>\n\t\t\t\t\t\t\t\t\t\t<\/figure>\n\t\t\t\t\t\t\t\t\t<\/div>\n\t\t\t\t<\/div>\n\t\t\t\t<div class=\"elementor-element elementor-element-814d32a elementor-widget elementor-widget-image\" data-id=\"814d32a\" data-element_type=\"widget\" data-e-type=\"widget\" data-widget_type=\"image.default\">\n\t\t\t\t<div class=\"elementor-widget-container\">\n\t\t\t\t\t\t\t\t\t\t\t\t<figure class=\"wp-caption\">\n\t\t\t\t\t\t\t\t\t\t<img loading=\"lazy\" decoding=\"async\" width=\"768\" height=\"511\" src=\"https:\/\/www.elturistatranquil.com\/wp-content\/uploads\/F49-Colegiata-de-Torrijos-Toledo.jpg\" class=\"attachment-large size-large wp-image-38110\" alt=\"Colegiata de Torrijos, Toledo\" srcset=\"https:\/\/www.elturistatranquil.com\/wp-content\/uploads\/F49-Colegiata-de-Torrijos-Toledo.jpg 768w, https:\/\/www.elturistatranquil.com\/wp-content\/uploads\/F49-Colegiata-de-Torrijos-Toledo-339x226.jpg 339w\" sizes=\"(max-width: 768px) 100vw, 768px\" \/>\t\t\t\t\t\t\t\t\t\t\t<figcaption class=\"widget-image-caption wp-caption-text\"><\/figcaption>\n\t\t\t\t\t\t\t\t\t\t<\/figure>\n\t\t\t\t\t\t\t\t\t<\/div>\n\t\t\t\t<\/div>\n\t\t\t\t<div class=\"elementor-element elementor-element-7aec58e elementor-widget elementor-widget-image\" data-id=\"7aec58e\" data-element_type=\"widget\" data-e-type=\"widget\" data-widget_type=\"image.default\">\n\t\t\t\t<div class=\"elementor-widget-container\">\n\t\t\t\t\t\t\t\t\t\t\t\t<figure class=\"wp-caption\">\n\t\t\t\t\t\t\t\t\t\t<img loading=\"lazy\" decoding=\"async\" width=\"768\" height=\"511\" src=\"https:\/\/www.elturistatranquil.com\/wp-content\/uploads\/F50-Colegiata-de-Torrijos-Toledo.jpg\" class=\"attachment-large size-large wp-image-38112\" alt=\"Colegiata de Torrijos, Toledo\" srcset=\"https:\/\/www.elturistatranquil.com\/wp-content\/uploads\/F50-Colegiata-de-Torrijos-Toledo.jpg 768w, https:\/\/www.elturistatranquil.com\/wp-content\/uploads\/F50-Colegiata-de-Torrijos-Toledo-339x226.jpg 339w\" sizes=\"(max-width: 768px) 100vw, 768px\" \/>\t\t\t\t\t\t\t\t\t\t\t<figcaption class=\"widget-image-caption wp-caption-text\"><\/figcaption>\n\t\t\t\t\t\t\t\t\t\t<\/figure>\n\t\t\t\t\t\t\t\t\t<\/div>\n\t\t\t\t<\/div>\n\t\t\t\t<div class=\"elementor-element elementor-element-c73cbb9 elementor-widget elementor-widget-text-editor\" data-id=\"c73cbb9\" data-element_type=\"widget\" data-e-type=\"widget\" data-widget_type=\"text-editor.default\">\n\t\t\t\t<div class=\"elementor-widget-container\">\n\t\t\t\t\t\t\t\t\t<p>Els s\u00edmbols de la Passi\u00f3 sostinguts pels evangelistes transformats en els \u00e9ssers del Tetramorfs: \u00e0guila, \u00e0ngel, bou i lle\u00f3. A sobre inscripci\u00f3 llatina, i \u00e0ngels m\u00fasics al costat de <em>spolia<\/em> musulmanes.<\/p>\t\t\t\t\t\t\t\t<\/div>\n\t\t\t\t<\/div>\n\t\t\t\t<section class=\"elementor-section elementor-inner-section elementor-element elementor-element-b67140d elementor-section-boxed elementor-section-height-default elementor-section-height-default\" data-id=\"b67140d\" data-element_type=\"section\" data-e-type=\"section\">\n\t\t\t\t\t\t<div class=\"elementor-container elementor-column-gap-default\">\n\t\t\t\t\t<div class=\"elementor-column elementor-col-50 elementor-inner-column elementor-element elementor-element-5023a4f\" data-id=\"5023a4f\" data-element_type=\"column\" data-e-type=\"column\">\n\t\t\t<div class=\"elementor-widget-wrap elementor-element-populated\">\n\t\t\t\t\t\t<div class=\"elementor-element elementor-element-00691f0 elementor-widget elementor-widget-image\" data-id=\"00691f0\" data-element_type=\"widget\" data-e-type=\"widget\" data-widget_type=\"image.default\">\n\t\t\t\t<div class=\"elementor-widget-container\">\n\t\t\t\t\t\t\t\t\t\t\t\t\t\t\t<img loading=\"lazy\" decoding=\"async\" width=\"380\" height=\"380\" src=\"https:\/\/www.elturistatranquil.com\/wp-content\/uploads\/F51m-Colegiata-de-Torrijos-Toledo.jpg\" class=\"attachment-large size-large wp-image-38114\" alt=\"Colegiata de Torrijos, Toledo\" srcset=\"https:\/\/www.elturistatranquil.com\/wp-content\/uploads\/F51m-Colegiata-de-Torrijos-Toledo.jpg 380w, https:\/\/www.elturistatranquil.com\/wp-content\/uploads\/F51m-Colegiata-de-Torrijos-Toledo-226x226.jpg 226w\" sizes=\"(max-width: 380px) 100vw, 380px\" \/>\t\t\t\t\t\t\t\t\t\t\t\t\t\t\t<\/div>\n\t\t\t\t<\/div>\n\t\t\t\t\t<\/div>\n\t\t<\/div>\n\t\t\t\t<div class=\"elementor-column elementor-col-50 elementor-inner-column elementor-element elementor-element-d70e9e6\" data-id=\"d70e9e6\" data-element_type=\"column\" data-e-type=\"column\">\n\t\t\t<div class=\"elementor-widget-wrap elementor-element-populated\">\n\t\t\t\t\t\t<div class=\"elementor-element elementor-element-1061918 elementor-widget elementor-widget-image\" data-id=\"1061918\" data-element_type=\"widget\" data-e-type=\"widget\" data-widget_type=\"image.default\">\n\t\t\t\t<div class=\"elementor-widget-container\">\n\t\t\t\t\t\t\t\t\t\t\t\t\t\t\t<img loading=\"lazy\" decoding=\"async\" width=\"380\" height=\"380\" src=\"https:\/\/www.elturistatranquil.com\/wp-content\/uploads\/F51n-Colegiata-de-Torrijos-Toledo.jpg\" class=\"attachment-large size-large wp-image-38116\" alt=\"Colegiata de Torrijos, Toledo\" srcset=\"https:\/\/www.elturistatranquil.com\/wp-content\/uploads\/F51n-Colegiata-de-Torrijos-Toledo.jpg 380w, https:\/\/www.elturistatranquil.com\/wp-content\/uploads\/F51n-Colegiata-de-Torrijos-Toledo-226x226.jpg 226w\" sizes=\"(max-width: 380px) 100vw, 380px\" \/>\t\t\t\t\t\t\t\t\t\t\t\t\t\t\t<\/div>\n\t\t\t\t<\/div>\n\t\t\t\t\t<\/div>\n\t\t<\/div>\n\t\t\t\t\t<\/div>\n\t\t<\/section>\n\t\t\t\t<div class=\"elementor-element elementor-element-9c7dc0e elementor-widget elementor-widget-text-editor\" data-id=\"9c7dc0e\" data-element_type=\"widget\" data-e-type=\"widget\" data-widget_type=\"text-editor.default\">\n\t\t\t\t<div class=\"elementor-widget-container\">\n\t\t\t\t\t\t\t\t\t<p>\u00a0<\/p><p>Capitells de cronologia emiral i califal.<\/p>\t\t\t\t\t\t\t\t<\/div>\n\t\t\t\t<\/div>\n\t\t\t\t<section class=\"elementor-section elementor-inner-section elementor-element elementor-element-66a9c2f elementor-section-boxed elementor-section-height-default elementor-section-height-default\" data-id=\"66a9c2f\" data-element_type=\"section\" data-e-type=\"section\">\n\t\t\t\t\t\t<div class=\"elementor-container elementor-column-gap-default\">\n\t\t\t\t\t<div class=\"elementor-column elementor-col-50 elementor-inner-column elementor-element elementor-element-141d191\" data-id=\"141d191\" data-element_type=\"column\" data-e-type=\"column\">\n\t\t\t<div class=\"elementor-widget-wrap elementor-element-populated\">\n\t\t\t\t\t\t<div class=\"elementor-element elementor-element-f552a4e elementor-widget elementor-widget-image\" data-id=\"f552a4e\" data-element_type=\"widget\" data-e-type=\"widget\" data-widget_type=\"image.default\">\n\t\t\t\t<div class=\"elementor-widget-container\">\n\t\t\t\t\t\t\t\t\t\t\t\t\t\t\t<img loading=\"lazy\" decoding=\"async\" width=\"380\" height=\"381\" src=\"https:\/\/www.elturistatranquil.com\/wp-content\/uploads\/F52m-Colegiata-de-Torrijos-Toledo.jpg\" class=\"attachment-large size-large wp-image-38118\" alt=\"Colegiata de Torrijos, Toledo\" srcset=\"https:\/\/www.elturistatranquil.com\/wp-content\/uploads\/F52m-Colegiata-de-Torrijos-Toledo.jpg 380w, https:\/\/www.elturistatranquil.com\/wp-content\/uploads\/F52m-Colegiata-de-Torrijos-Toledo-225x226.jpg 225w\" sizes=\"(max-width: 380px) 100vw, 380px\" \/>\t\t\t\t\t\t\t\t\t\t\t\t\t\t\t<\/div>\n\t\t\t\t<\/div>\n\t\t\t\t\t<\/div>\n\t\t<\/div>\n\t\t\t\t<div class=\"elementor-column elementor-col-50 elementor-inner-column elementor-element elementor-element-90e47fc\" data-id=\"90e47fc\" data-element_type=\"column\" data-e-type=\"column\">\n\t\t\t<div class=\"elementor-widget-wrap elementor-element-populated\">\n\t\t\t\t\t\t<div class=\"elementor-element elementor-element-7973903 elementor-widget elementor-widget-image\" data-id=\"7973903\" data-element_type=\"widget\" data-e-type=\"widget\" data-widget_type=\"image.default\">\n\t\t\t\t<div class=\"elementor-widget-container\">\n\t\t\t\t\t\t\t\t\t\t\t\t\t\t\t<img loading=\"lazy\" decoding=\"async\" width=\"380\" height=\"380\" src=\"https:\/\/www.elturistatranquil.com\/wp-content\/uploads\/F52n-Colegiata-de-Torrijos-Toledo.jpg\" class=\"attachment-large size-large wp-image-38120\" alt=\"Colegiata de Torrijos, Toledo\" srcset=\"https:\/\/www.elturistatranquil.com\/wp-content\/uploads\/F52n-Colegiata-de-Torrijos-Toledo.jpg 380w, https:\/\/www.elturistatranquil.com\/wp-content\/uploads\/F52n-Colegiata-de-Torrijos-Toledo-226x226.jpg 226w\" sizes=\"(max-width: 380px) 100vw, 380px\" \/>\t\t\t\t\t\t\t\t\t\t\t\t\t\t\t<\/div>\n\t\t\t\t<\/div>\n\t\t\t\t\t<\/div>\n\t\t<\/div>\n\t\t\t\t\t<\/div>\n\t\t<\/section>\n\t\t\t\t<div class=\"elementor-element elementor-element-fa3ce41 elementor-widget elementor-widget-text-editor\" data-id=\"fa3ce41\" data-element_type=\"widget\" data-e-type=\"widget\" data-widget_type=\"text-editor.default\">\n\t\t\t\t<div class=\"elementor-widget-container\">\n\t\t\t\t\t\t\t\t\t<p>\u00a0<\/p><p>Capitells <em>spolia<\/em> probablement col\u00b7locats en posici\u00f3 invertida.<\/p>\t\t\t\t\t\t\t\t<\/div>\n\t\t\t\t<\/div>\n\t\t\t\t<section class=\"elementor-section elementor-inner-section elementor-element elementor-element-3bb8624 elementor-section-boxed elementor-section-height-default elementor-section-height-default\" data-id=\"3bb8624\" data-element_type=\"section\" data-e-type=\"section\">\n\t\t\t\t\t\t<div class=\"elementor-container elementor-column-gap-default\">\n\t\t\t\t\t<div class=\"elementor-column elementor-col-50 elementor-inner-column elementor-element elementor-element-326b0f7\" data-id=\"326b0f7\" data-element_type=\"column\" data-e-type=\"column\">\n\t\t\t<div class=\"elementor-widget-wrap elementor-element-populated\">\n\t\t\t\t\t\t<div class=\"elementor-element elementor-element-749f261 elementor-widget elementor-widget-image\" data-id=\"749f261\" data-element_type=\"widget\" data-e-type=\"widget\" data-widget_type=\"image.default\">\n\t\t\t\t<div class=\"elementor-widget-container\">\n\t\t\t\t\t\t\t\t\t\t\t\t\t\t\t<img loading=\"lazy\" decoding=\"async\" width=\"380\" height=\"380\" src=\"https:\/\/www.elturistatranquil.com\/wp-content\/uploads\/F53m-Colegiata-de-Torrijos-Toledo.jpg\" class=\"attachment-large size-large wp-image-38122\" alt=\"Colegiata de Torrijos, Toledo\" srcset=\"https:\/\/www.elturistatranquil.com\/wp-content\/uploads\/F53m-Colegiata-de-Torrijos-Toledo.jpg 380w, https:\/\/www.elturistatranquil.com\/wp-content\/uploads\/F53m-Colegiata-de-Torrijos-Toledo-226x226.jpg 226w\" sizes=\"(max-width: 380px) 100vw, 380px\" \/>\t\t\t\t\t\t\t\t\t\t\t\t\t\t\t<\/div>\n\t\t\t\t<\/div>\n\t\t\t\t\t<\/div>\n\t\t<\/div>\n\t\t\t\t<div class=\"elementor-column elementor-col-50 elementor-inner-column elementor-element elementor-element-4b85b68\" data-id=\"4b85b68\" data-element_type=\"column\" data-e-type=\"column\">\n\t\t\t<div class=\"elementor-widget-wrap elementor-element-populated\">\n\t\t\t\t\t\t<div class=\"elementor-element elementor-element-3353541 elementor-widget elementor-widget-image\" data-id=\"3353541\" data-element_type=\"widget\" data-e-type=\"widget\" data-widget_type=\"image.default\">\n\t\t\t\t<div class=\"elementor-widget-container\">\n\t\t\t\t\t\t\t\t\t\t\t\t\t\t\t<img loading=\"lazy\" decoding=\"async\" width=\"380\" height=\"380\" src=\"https:\/\/www.elturistatranquil.com\/wp-content\/uploads\/F53n-Colegiata-de-Torrijos-Toledo.jpg\" class=\"attachment-large size-large wp-image-38124\" alt=\"Colegiata de Torrijos, Toledo\" srcset=\"https:\/\/www.elturistatranquil.com\/wp-content\/uploads\/F53n-Colegiata-de-Torrijos-Toledo.jpg 380w, https:\/\/www.elturistatranquil.com\/wp-content\/uploads\/F53n-Colegiata-de-Torrijos-Toledo-226x226.jpg 226w\" sizes=\"(max-width: 380px) 100vw, 380px\" \/>\t\t\t\t\t\t\t\t\t\t\t\t\t\t\t<\/div>\n\t\t\t\t<\/div>\n\t\t\t\t\t<\/div>\n\t\t<\/div>\n\t\t\t\t\t<\/div>\n\t\t<\/section>\n\t\t\t\t<div class=\"elementor-element elementor-element-b00ba6c elementor-widget elementor-widget-text-editor\" data-id=\"b00ba6c\" data-element_type=\"widget\" data-e-type=\"widget\" data-widget_type=\"text-editor.default\">\n\t\t\t\t<div class=\"elementor-widget-container\">\n\t\t\t\t\t\t\t\t\t<p>\u00a0<\/p><p>De l&#8217;antiguitat de les portes ens en dona una idea les frontisses.<\/p>\t\t\t\t\t\t\t\t<\/div>\n\t\t\t\t<\/div>\n\t\t\t\t<div class=\"elementor-element elementor-element-51db8ee elementor-widget elementor-widget-image\" data-id=\"51db8ee\" data-element_type=\"widget\" data-e-type=\"widget\" data-widget_type=\"image.default\">\n\t\t\t\t<div class=\"elementor-widget-container\">\n\t\t\t\t\t\t\t\t\t\t\t\t<figure class=\"wp-caption\">\n\t\t\t\t\t\t\t\t\t\t<img loading=\"lazy\" decoding=\"async\" width=\"768\" height=\"512\" src=\"https:\/\/www.elturistatranquil.com\/wp-content\/uploads\/F54-Colegiata-de-Torrijos-Toledo.jpg\" class=\"attachment-large size-large wp-image-38126\" alt=\"F54 Colegiata de Torrijos, Toledo\" srcset=\"https:\/\/www.elturistatranquil.com\/wp-content\/uploads\/F54-Colegiata-de-Torrijos-Toledo.jpg 768w, https:\/\/www.elturistatranquil.com\/wp-content\/uploads\/F54-Colegiata-de-Torrijos-Toledo-339x226.jpg 339w\" sizes=\"(max-width: 768px) 100vw, 768px\" \/>\t\t\t\t\t\t\t\t\t\t\t<figcaption class=\"widget-image-caption wp-caption-text\"><\/figcaption>\n\t\t\t\t\t\t\t\t\t\t<\/figure>\n\t\t\t\t\t\t\t\t\t<\/div>\n\t\t\t\t<\/div>\n\t\t\t\t<div class=\"elementor-element elementor-element-ded92c0 elementor-widget elementor-widget-text-editor\" data-id=\"ded92c0\" data-element_type=\"widget\" data-e-type=\"widget\" data-widget_type=\"text-editor.default\">\n\t\t\t\t<div class=\"elementor-widget-container\">\n\t\t\t\t\t\t\t\t\t<p>Al mur del costat de l&#8217;ep\u00edstola, el de migdia, s&#8217;obre una segona portada, m\u00e9s simple per\u00f2 tamb\u00e9 d&#8217;estructura renaixentista triomfal sobre pedestals. La seva autoria tampoc no \u00e9s coneguda amb certesa.<\/p>\t\t\t\t\t\t\t\t<\/div>\n\t\t\t\t<\/div>\n\t\t\t\t<div class=\"elementor-element elementor-element-7c862a1 elementor-widget elementor-widget-image\" data-id=\"7c862a1\" data-element_type=\"widget\" data-e-type=\"widget\" data-widget_type=\"image.default\">\n\t\t\t\t<div class=\"elementor-widget-container\">\n\t\t\t\t\t\t\t\t\t\t\t\t<figure class=\"wp-caption\">\n\t\t\t\t\t\t\t\t\t\t<img loading=\"lazy\" decoding=\"async\" width=\"768\" height=\"512\" src=\"https:\/\/www.elturistatranquil.com\/wp-content\/uploads\/F55-Colegiata-de-Torrijos-Toledo.jpg\" class=\"attachment-large size-large wp-image-38128\" alt=\"Colegiata de Torrijos, Toledo\" srcset=\"https:\/\/www.elturistatranquil.com\/wp-content\/uploads\/F55-Colegiata-de-Torrijos-Toledo.jpg 768w, https:\/\/www.elturistatranquil.com\/wp-content\/uploads\/F55-Colegiata-de-Torrijos-Toledo-339x226.jpg 339w\" sizes=\"(max-width: 768px) 100vw, 768px\" \/>\t\t\t\t\t\t\t\t\t\t\t<figcaption class=\"widget-image-caption wp-caption-text\"><\/figcaption>\n\t\t\t\t\t\t\t\t\t\t<\/figure>\n\t\t\t\t\t\t\t\t\t<\/div>\n\t\t\t\t<\/div>\n\t\t\t\t<div class=\"elementor-element elementor-element-e130568 elementor-widget elementor-widget-text-editor\" data-id=\"e130568\" data-element_type=\"widget\" data-e-type=\"widget\" data-widget_type=\"text-editor.default\">\n\t\t\t\t<div class=\"elementor-widget-container\">\n\t\t\t\t\t\t\t\t\t<p>La rematada de la porta cont\u00e9 un calze amb una sagrada forma relacionada amb la dedicaci\u00f3 del temple al Sant\u00edssim Sagrament.<\/p>\t\t\t\t\t\t\t\t<\/div>\n\t\t\t\t<\/div>\n\t\t\t\t<div class=\"elementor-element elementor-element-4df83b5 elementor-widget elementor-widget-image\" data-id=\"4df83b5\" data-element_type=\"widget\" data-e-type=\"widget\" data-widget_type=\"image.default\">\n\t\t\t\t<div class=\"elementor-widget-container\">\n\t\t\t\t\t\t\t\t\t\t\t\t<figure class=\"wp-caption\">\n\t\t\t\t\t\t\t\t\t\t<img loading=\"lazy\" decoding=\"async\" width=\"768\" height=\"512\" src=\"https:\/\/www.elturistatranquil.com\/wp-content\/uploads\/F56-Colegiata-de-Torrijos-Toledo.jpg\" class=\"attachment-large size-large wp-image-38130\" alt=\"Colegiata de Torrijos, Toledo\" srcset=\"https:\/\/www.elturistatranquil.com\/wp-content\/uploads\/F56-Colegiata-de-Torrijos-Toledo.jpg 768w, https:\/\/www.elturistatranquil.com\/wp-content\/uploads\/F56-Colegiata-de-Torrijos-Toledo-339x226.jpg 339w\" sizes=\"(max-width: 768px) 100vw, 768px\" \/>\t\t\t\t\t\t\t\t\t\t\t<figcaption class=\"widget-image-caption wp-caption-text\"><\/figcaption>\n\t\t\t\t\t\t\t\t\t\t<\/figure>\n\t\t\t\t\t\t\t\t\t<\/div>\n\t\t\t\t<\/div>\n\t\t\t\t<div class=\"elementor-element elementor-element-f58b6c7 elementor-widget elementor-widget-text-editor\" data-id=\"f58b6c7\" data-element_type=\"widget\" data-e-type=\"widget\" data-widget_type=\"text-editor.default\">\n\t\t\t\t<div class=\"elementor-widget-container\">\n\t\t\t\t\t\t\t\t\t<p>Cal destacar la rematada de flamers dels arcbotants exteriors.<\/p>\t\t\t\t\t\t\t\t<\/div>\n\t\t\t\t<\/div>\n\t\t\t\t<div class=\"elementor-element elementor-element-a2e4e0b elementor-widget elementor-widget-image\" data-id=\"a2e4e0b\" data-element_type=\"widget\" data-e-type=\"widget\" data-widget_type=\"image.default\">\n\t\t\t\t<div class=\"elementor-widget-container\">\n\t\t\t\t\t\t\t\t\t\t\t\t<figure class=\"wp-caption\">\n\t\t\t\t\t\t\t\t\t\t<img loading=\"lazy\" decoding=\"async\" width=\"768\" height=\"511\" src=\"https:\/\/www.elturistatranquil.com\/wp-content\/uploads\/F57-Colegiata-de-Torrijos-Toledo.jpg\" class=\"attachment-large size-large wp-image-38132\" alt=\"Colegiata de Torrijos, Toledo\" srcset=\"https:\/\/www.elturistatranquil.com\/wp-content\/uploads\/F57-Colegiata-de-Torrijos-Toledo.jpg 768w, https:\/\/www.elturistatranquil.com\/wp-content\/uploads\/F57-Colegiata-de-Torrijos-Toledo-339x226.jpg 339w\" sizes=\"(max-width: 768px) 100vw, 768px\" \/>\t\t\t\t\t\t\t\t\t\t\t<figcaption class=\"widget-image-caption wp-caption-text\"><\/figcaption>\n\t\t\t\t\t\t\t\t\t\t<\/figure>\n\t\t\t\t\t\t\t\t\t<\/div>\n\t\t\t\t<\/div>\n\t\t\t\t<div class=\"elementor-element elementor-element-0de5fcd elementor-widget elementor-widget-image\" data-id=\"0de5fcd\" data-element_type=\"widget\" data-e-type=\"widget\" data-widget_type=\"image.default\">\n\t\t\t\t<div class=\"elementor-widget-container\">\n\t\t\t\t\t\t\t\t\t\t\t\t<figure class=\"wp-caption\">\n\t\t\t\t\t\t\t\t\t\t<img loading=\"lazy\" decoding=\"async\" width=\"768\" height=\"512\" src=\"https:\/\/www.elturistatranquil.com\/wp-content\/uploads\/F58-Colegiata-de-Torrijos-Toledo.jpg\" class=\"attachment-large size-large wp-image-38134\" alt=\"Colegiata de Torrijos, Toledo\" srcset=\"https:\/\/www.elturistatranquil.com\/wp-content\/uploads\/F58-Colegiata-de-Torrijos-Toledo.jpg 768w, https:\/\/www.elturistatranquil.com\/wp-content\/uploads\/F58-Colegiata-de-Torrijos-Toledo-339x226.jpg 339w\" sizes=\"(max-width: 768px) 100vw, 768px\" \/>\t\t\t\t\t\t\t\t\t\t\t<figcaption class=\"widget-image-caption wp-caption-text\"><\/figcaption>\n\t\t\t\t\t\t\t\t\t\t<\/figure>\n\t\t\t\t\t\t\t\t\t<\/div>\n\t\t\t\t<\/div>\n\t\t\t\t<div class=\"elementor-element elementor-element-141cf1d elementor-widget elementor-widget-text-editor\" data-id=\"141cf1d\" data-element_type=\"widget\" data-e-type=\"widget\" data-widget_type=\"text-editor.default\">\n\t\t\t\t<div class=\"elementor-widget-container\">\n\t\t\t\t\t\t\t\t\t<p>Perspectiva de l&#8217;exterior del costat de l&#8217;evangeli.<\/p>\t\t\t\t\t\t\t\t<\/div>\n\t\t\t\t<\/div>\n\t\t\t\t<div class=\"elementor-element elementor-element-d4afe0c elementor-widget elementor-widget-image\" data-id=\"d4afe0c\" data-element_type=\"widget\" data-e-type=\"widget\" data-widget_type=\"image.default\">\n\t\t\t\t<div class=\"elementor-widget-container\">\n\t\t\t\t\t\t\t\t\t\t\t\t<figure class=\"wp-caption\">\n\t\t\t\t\t\t\t\t\t\t<img loading=\"lazy\" decoding=\"async\" width=\"768\" height=\"512\" src=\"https:\/\/www.elturistatranquil.com\/wp-content\/uploads\/F59-Colegiata-de-Torrijos-Toledo.jpg\" class=\"attachment-large size-large wp-image-38136\" alt=\"Colegiata de Torrijos, Toledo\" srcset=\"https:\/\/www.elturistatranquil.com\/wp-content\/uploads\/F59-Colegiata-de-Torrijos-Toledo.jpg 768w, https:\/\/www.elturistatranquil.com\/wp-content\/uploads\/F59-Colegiata-de-Torrijos-Toledo-339x226.jpg 339w\" sizes=\"(max-width: 768px) 100vw, 768px\" \/>\t\t\t\t\t\t\t\t\t\t\t<figcaption class=\"widget-image-caption wp-caption-text\"><\/figcaption>\n\t\t\t\t\t\t\t\t\t\t<\/figure>\n\t\t\t\t\t\t\t\t\t<\/div>\n\t\t\t\t<\/div>\n\t\t\t\t<div class=\"elementor-element elementor-element-5482930 elementor-widget elementor-widget-text-editor\" data-id=\"5482930\" data-element_type=\"widget\" data-e-type=\"widget\" data-widget_type=\"text-editor.default\">\n\t\t\t\t<div class=\"elementor-widget-container\">\n\t\t\t\t\t\t\t\t\t<p>Una perspectiva del temple des del rerecor. La major altura de la nau central \u00e9s aprofitada per incorporar un finestral d&#8217;arc de punta a cada tram a banda i banda.<\/p><p>Contrasta la pedra de columnes, arcs i el cor amb el blanc de parets i sostres.<\/p>\t\t\t\t\t\t\t\t<\/div>\n\t\t\t\t<\/div>\n\t\t\t\t<div class=\"elementor-element elementor-element-cea7b5c elementor-widget elementor-widget-image\" data-id=\"cea7b5c\" data-element_type=\"widget\" data-e-type=\"widget\" data-widget_type=\"image.default\">\n\t\t\t\t<div class=\"elementor-widget-container\">\n\t\t\t\t\t\t\t\t\t\t\t\t<figure class=\"wp-caption\">\n\t\t\t\t\t\t\t\t\t\t<img loading=\"lazy\" decoding=\"async\" width=\"768\" height=\"512\" src=\"https:\/\/www.elturistatranquil.com\/wp-content\/uploads\/F60-Colegiata-de-Torrijos-Toledo.jpg\" class=\"attachment-large size-large wp-image-38138\" alt=\"Colegiata de Torrijos, Toledo\" srcset=\"https:\/\/www.elturistatranquil.com\/wp-content\/uploads\/F60-Colegiata-de-Torrijos-Toledo.jpg 768w, https:\/\/www.elturistatranquil.com\/wp-content\/uploads\/F60-Colegiata-de-Torrijos-Toledo-339x226.jpg 339w\" sizes=\"(max-width: 768px) 100vw, 768px\" \/>\t\t\t\t\t\t\t\t\t\t\t<figcaption class=\"widget-image-caption wp-caption-text\"><\/figcaption>\n\t\t\t\t\t\t\t\t\t\t<\/figure>\n\t\t\t\t\t\t\t\t\t<\/div>\n\t\t\t\t<\/div>\n\t\t\t\t<div class=\"elementor-element elementor-element-6ecc352 elementor-widget elementor-widget-text-editor\" data-id=\"6ecc352\" data-element_type=\"widget\" data-e-type=\"widget\" data-widget_type=\"text-editor.default\">\n\t\t\t\t<div class=\"elementor-widget-container\">\n\t\t\t\t\t\t\t\t\t<p>Ressalta la pila baptismal sense adorns llaurats.<\/p>\t\t\t\t\t\t\t\t<\/div>\n\t\t\t\t<\/div>\n\t\t\t\t<div class=\"elementor-element elementor-element-a0fb7b5 elementor-widget elementor-widget-image\" data-id=\"a0fb7b5\" data-element_type=\"widget\" data-e-type=\"widget\" data-widget_type=\"image.default\">\n\t\t\t\t<div class=\"elementor-widget-container\">\n\t\t\t\t\t\t\t\t\t\t\t\t<figure class=\"wp-caption\">\n\t\t\t\t\t\t\t\t\t\t<img loading=\"lazy\" decoding=\"async\" width=\"768\" height=\"512\" src=\"https:\/\/www.elturistatranquil.com\/wp-content\/uploads\/F61-Colegiata-de-Torrijos-Toledo.jpg\" class=\"attachment-large size-large wp-image-38140\" alt=\"Colegiata de Torrijos, Toledo\" srcset=\"https:\/\/www.elturistatranquil.com\/wp-content\/uploads\/F61-Colegiata-de-Torrijos-Toledo.jpg 768w, https:\/\/www.elturistatranquil.com\/wp-content\/uploads\/F61-Colegiata-de-Torrijos-Toledo-339x226.jpg 339w\" sizes=\"(max-width: 768px) 100vw, 768px\" \/>\t\t\t\t\t\t\t\t\t\t\t<figcaption class=\"widget-image-caption wp-caption-text\"><\/figcaption>\n\t\t\t\t\t\t\t\t\t\t<\/figure>\n\t\t\t\t\t\t\t\t\t<\/div>\n\t\t\t\t<\/div>\n\t\t\t\t<div class=\"elementor-element elementor-element-228c572 elementor-widget elementor-widget-text-editor\" data-id=\"228c572\" data-element_type=\"widget\" data-e-type=\"widget\" data-widget_type=\"text-editor.default\">\n\t\t\t\t<div class=\"elementor-widget-container\">\n\t\t\t\t\t\t\t\t\t<p>Observar el canvi en el disseny de la volta entre la nau central i el presbiteri i l&#8217;absis, amb la introducci\u00f3 de la volta estrellada de sis puntes, signe d&#8217;un canvi probable en la direcci\u00f3 de l&#8217;obra.<\/p>\t\t\t\t\t\t\t\t<\/div>\n\t\t\t\t<\/div>\n\t\t\t\t<div class=\"elementor-element elementor-element-eccb025 elementor-widget elementor-widget-image\" data-id=\"eccb025\" data-element_type=\"widget\" data-e-type=\"widget\" data-widget_type=\"image.default\">\n\t\t\t\t<div class=\"elementor-widget-container\">\n\t\t\t\t\t\t\t\t\t\t\t\t<figure class=\"wp-caption\">\n\t\t\t\t\t\t\t\t\t\t<img loading=\"lazy\" decoding=\"async\" width=\"768\" height=\"512\" src=\"https:\/\/www.elturistatranquil.com\/wp-content\/uploads\/F62-Colegiata-de-Torrijos-Toledo.jpg\" class=\"attachment-large size-large wp-image-38142\" alt=\"Colegiata de Torrijos, Toledo\" srcset=\"https:\/\/www.elturistatranquil.com\/wp-content\/uploads\/F62-Colegiata-de-Torrijos-Toledo.jpg 768w, https:\/\/www.elturistatranquil.com\/wp-content\/uploads\/F62-Colegiata-de-Torrijos-Toledo-339x226.jpg 339w\" sizes=\"(max-width: 768px) 100vw, 768px\" \/>\t\t\t\t\t\t\t\t\t\t\t<figcaption class=\"widget-image-caption wp-caption-text\"><\/figcaption>\n\t\t\t\t\t\t\t\t\t\t<\/figure>\n\t\t\t\t\t\t\t\t\t<\/div>\n\t\t\t\t<\/div>\n\t\t\t\t<div class=\"elementor-element elementor-element-2def02f elementor-widget elementor-widget-image\" data-id=\"2def02f\" data-element_type=\"widget\" data-e-type=\"widget\" data-widget_type=\"image.default\">\n\t\t\t\t<div class=\"elementor-widget-container\">\n\t\t\t\t\t\t\t\t\t\t\t\t<figure class=\"wp-caption\">\n\t\t\t\t\t\t\t\t\t\t<img loading=\"lazy\" decoding=\"async\" width=\"768\" height=\"512\" src=\"https:\/\/www.elturistatranquil.com\/wp-content\/uploads\/F63-Colegiata-de-Torrijos-Toledo.jpg\" class=\"attachment-large size-large wp-image-38144\" alt=\"Colegiata de Torrijos, Toledo\" srcset=\"https:\/\/www.elturistatranquil.com\/wp-content\/uploads\/F63-Colegiata-de-Torrijos-Toledo.jpg 768w, https:\/\/www.elturistatranquil.com\/wp-content\/uploads\/F63-Colegiata-de-Torrijos-Toledo-339x226.jpg 339w\" sizes=\"(max-width: 768px) 100vw, 768px\" \/>\t\t\t\t\t\t\t\t\t\t\t<figcaption class=\"widget-image-caption wp-caption-text\"><\/figcaption>\n\t\t\t\t\t\t\t\t\t\t<\/figure>\n\t\t\t\t\t\t\t\t\t<\/div>\n\t\t\t\t<\/div>\n\t\t\t\t<div class=\"elementor-element elementor-element-190cf4e elementor-widget elementor-widget-text-editor\" data-id=\"190cf4e\" data-element_type=\"widget\" data-e-type=\"widget\" data-widget_type=\"text-editor.default\">\n\t\t\t\t<div class=\"elementor-widget-container\">\n\t\t\t\t\t\t\t\t\t<p>Nau lateral de l\u00b4evangeli. En primer terme, una capella i altars recolzats al mur. A continuaci\u00f3, al transsepte, s&#8217;obrir\u00e0 la capella de San Gil.<\/p>\t\t\t\t\t\t\t\t<\/div>\n\t\t\t\t<\/div>\n\t\t\t\t<div class=\"elementor-element elementor-element-d5613f4 elementor-widget elementor-widget-image\" data-id=\"d5613f4\" data-element_type=\"widget\" data-e-type=\"widget\" data-widget_type=\"image.default\">\n\t\t\t\t<div class=\"elementor-widget-container\">\n\t\t\t\t\t\t\t\t\t\t\t\t<figure class=\"wp-caption\">\n\t\t\t\t\t\t\t\t\t\t<img loading=\"lazy\" decoding=\"async\" width=\"768\" height=\"512\" src=\"https:\/\/www.elturistatranquil.com\/wp-content\/uploads\/F64-Colegiata-de-Torrijos-Toledo.jpg\" class=\"attachment-large size-large wp-image-38146\" alt=\"Colegiata de Torrijos, Toledo\" srcset=\"https:\/\/www.elturistatranquil.com\/wp-content\/uploads\/F64-Colegiata-de-Torrijos-Toledo.jpg 768w, https:\/\/www.elturistatranquil.com\/wp-content\/uploads\/F64-Colegiata-de-Torrijos-Toledo-339x226.jpg 339w\" sizes=\"(max-width: 768px) 100vw, 768px\" \/>\t\t\t\t\t\t\t\t\t\t\t<figcaption class=\"widget-image-caption wp-caption-text\"><\/figcaption>\n\t\t\t\t\t\t\t\t\t\t<\/figure>\n\t\t\t\t\t\t\t\t\t<\/div>\n\t\t\t\t<\/div>\n\t\t\t\t<div class=\"elementor-element elementor-element-dbeea1a elementor-widget elementor-widget-text-editor\" data-id=\"dbeea1a\" data-element_type=\"widget\" data-e-type=\"widget\" data-widget_type=\"text-editor.default\">\n\t\t\t\t<div class=\"elementor-widget-container\">\n\t\t\t\t\t\t\t\t\t<p>Nau lateral de l&#8217;ep\u00edstola, amb altars recolzats al mur.<\/p>\t\t\t\t\t\t\t\t<\/div>\n\t\t\t\t<\/div>\n\t\t\t\t<div class=\"elementor-element elementor-element-3426368 elementor-widget elementor-widget-image\" data-id=\"3426368\" data-element_type=\"widget\" data-e-type=\"widget\" data-widget_type=\"image.default\">\n\t\t\t\t<div class=\"elementor-widget-container\">\n\t\t\t\t\t\t\t\t\t\t\t\t<figure class=\"wp-caption\">\n\t\t\t\t\t\t\t\t\t\t<img loading=\"lazy\" decoding=\"async\" width=\"768\" height=\"512\" src=\"https:\/\/www.elturistatranquil.com\/wp-content\/uploads\/F65-Colegiata-de-Torrijos-Toledo.jpg\" class=\"attachment-large size-large wp-image-38148\" alt=\"Colegiata de Torrijos, Toledo\" srcset=\"https:\/\/www.elturistatranquil.com\/wp-content\/uploads\/F65-Colegiata-de-Torrijos-Toledo.jpg 768w, https:\/\/www.elturistatranquil.com\/wp-content\/uploads\/F65-Colegiata-de-Torrijos-Toledo-339x226.jpg 339w\" sizes=\"(max-width: 768px) 100vw, 768px\" \/>\t\t\t\t\t\t\t\t\t\t\t<figcaption class=\"widget-image-caption wp-caption-text\"><\/figcaption>\n\t\t\t\t\t\t\t\t\t\t<\/figure>\n\t\t\t\t\t\t\t\t\t<\/div>\n\t\t\t\t<\/div>\n\t\t\t\t<div class=\"elementor-element elementor-element-a224684 elementor-widget elementor-widget-image\" data-id=\"a224684\" data-element_type=\"widget\" data-e-type=\"widget\" data-widget_type=\"image.default\">\n\t\t\t\t<div class=\"elementor-widget-container\">\n\t\t\t\t\t\t\t\t\t\t\t\t<figure class=\"wp-caption\">\n\t\t\t\t\t\t\t\t\t\t<img loading=\"lazy\" decoding=\"async\" width=\"768\" height=\"512\" src=\"https:\/\/www.elturistatranquil.com\/wp-content\/uploads\/F66-Colegiata-de-Torrijos-Toledo.jpg\" class=\"attachment-large size-large wp-image-38150\" alt=\"Colegiata de Torrijos, Toledo\" srcset=\"https:\/\/www.elturistatranquil.com\/wp-content\/uploads\/F66-Colegiata-de-Torrijos-Toledo.jpg 768w, https:\/\/www.elturistatranquil.com\/wp-content\/uploads\/F66-Colegiata-de-Torrijos-Toledo-339x226.jpg 339w\" sizes=\"(max-width: 768px) 100vw, 768px\" \/>\t\t\t\t\t\t\t\t\t\t\t<figcaption class=\"widget-image-caption wp-caption-text\"><\/figcaption>\n\t\t\t\t\t\t\t\t\t\t<\/figure>\n\t\t\t\t\t\t\t\t\t<\/div>\n\t\t\t\t<\/div>\n\t\t\t\t<div class=\"elementor-element elementor-element-27079a6 elementor-widget elementor-widget-text-editor\" data-id=\"27079a6\" data-element_type=\"widget\" data-e-type=\"widget\" data-widget_type=\"text-editor.default\">\n\t\t\t\t<div class=\"elementor-widget-container\">\n\t\t\t\t\t\t\t\t\t<p>Els pilars s\u00f3n fasciculats amb fin\u00edssimes columnetes adossades d&#8217;estil g\u00f2tic.<\/p>\t\t\t\t\t\t\t\t<\/div>\n\t\t\t\t<\/div>\n\t\t\t\t<section class=\"elementor-section elementor-inner-section elementor-element elementor-element-f35101c elementor-section-boxed elementor-section-height-default elementor-section-height-default\" data-id=\"f35101c\" data-element_type=\"section\" data-e-type=\"section\">\n\t\t\t\t\t\t<div class=\"elementor-container elementor-column-gap-default\">\n\t\t\t\t\t<div class=\"elementor-column elementor-col-50 elementor-inner-column elementor-element elementor-element-5898f38\" data-id=\"5898f38\" data-element_type=\"column\" data-e-type=\"column\">\n\t\t\t<div class=\"elementor-widget-wrap elementor-element-populated\">\n\t\t\t\t\t\t<div class=\"elementor-element elementor-element-30554f1 elementor-widget elementor-widget-image\" data-id=\"30554f1\" data-element_type=\"widget\" data-e-type=\"widget\" data-widget_type=\"image.default\">\n\t\t\t\t<div class=\"elementor-widget-container\">\n\t\t\t\t\t\t\t\t\t\t\t\t\t\t\t<img loading=\"lazy\" decoding=\"async\" width=\"380\" height=\"380\" src=\"https:\/\/www.elturistatranquil.com\/wp-content\/uploads\/F67m-Colegiata-de-Torrijos-Toledo.jpg\" class=\"attachment-large size-large wp-image-38152\" alt=\"Colegiata de Torrijos, Toledo\" srcset=\"https:\/\/www.elturistatranquil.com\/wp-content\/uploads\/F67m-Colegiata-de-Torrijos-Toledo.jpg 380w, https:\/\/www.elturistatranquil.com\/wp-content\/uploads\/F67m-Colegiata-de-Torrijos-Toledo-226x226.jpg 226w\" sizes=\"(max-width: 380px) 100vw, 380px\" \/>\t\t\t\t\t\t\t\t\t\t\t\t\t\t\t<\/div>\n\t\t\t\t<\/div>\n\t\t\t\t\t<\/div>\n\t\t<\/div>\n\t\t\t\t<div class=\"elementor-column elementor-col-50 elementor-inner-column elementor-element elementor-element-e0e3dc9\" data-id=\"e0e3dc9\" data-element_type=\"column\" data-e-type=\"column\">\n\t\t\t<div class=\"elementor-widget-wrap elementor-element-populated\">\n\t\t\t\t\t\t<div class=\"elementor-element elementor-element-7260214 elementor-widget elementor-widget-image\" data-id=\"7260214\" data-element_type=\"widget\" data-e-type=\"widget\" data-widget_type=\"image.default\">\n\t\t\t\t<div class=\"elementor-widget-container\">\n\t\t\t\t\t\t\t\t\t\t\t\t\t\t\t<img loading=\"lazy\" decoding=\"async\" width=\"380\" height=\"380\" src=\"https:\/\/www.elturistatranquil.com\/wp-content\/uploads\/F67n-Colegiata-de-Torrijos-Toledo.jpg\" class=\"attachment-large size-large wp-image-38154\" alt=\"Colegiata de Torrijos, Toledo\" srcset=\"https:\/\/www.elturistatranquil.com\/wp-content\/uploads\/F67n-Colegiata-de-Torrijos-Toledo.jpg 380w, https:\/\/www.elturistatranquil.com\/wp-content\/uploads\/F67n-Colegiata-de-Torrijos-Toledo-226x226.jpg 226w\" sizes=\"(max-width: 380px) 100vw, 380px\" \/>\t\t\t\t\t\t\t\t\t\t\t\t\t\t\t<\/div>\n\t\t\t\t<\/div>\n\t\t\t\t\t<\/div>\n\t\t<\/div>\n\t\t\t\t\t<\/div>\n\t\t<\/section>\n\t\t\t\t<div class=\"elementor-element elementor-element-e93a2da elementor-widget elementor-widget-image\" data-id=\"e93a2da\" data-element_type=\"widget\" data-e-type=\"widget\" data-widget_type=\"image.default\">\n\t\t\t\t<div class=\"elementor-widget-container\">\n\t\t\t\t\t\t\t\t\t\t\t\t<figure class=\"wp-caption\">\n\t\t\t\t\t\t\t\t\t\t<img loading=\"lazy\" decoding=\"async\" width=\"768\" height=\"512\" src=\"https:\/\/www.elturistatranquil.com\/wp-content\/uploads\/F68-Colegiata-de-Torrijos-Toledo.jpg\" class=\"attachment-large size-large wp-image-38156\" alt=\"Colegiata de Torrijos, Toledo\" srcset=\"https:\/\/www.elturistatranquil.com\/wp-content\/uploads\/F68-Colegiata-de-Torrijos-Toledo.jpg 768w, https:\/\/www.elturistatranquil.com\/wp-content\/uploads\/F68-Colegiata-de-Torrijos-Toledo-339x226.jpg 339w\" sizes=\"(max-width: 768px) 100vw, 768px\" \/>\t\t\t\t\t\t\t\t\t\t\t<figcaption class=\"widget-image-caption wp-caption-text\"><\/figcaption>\n\t\t\t\t\t\t\t\t\t\t<\/figure>\n\t\t\t\t\t\t\t\t\t<\/div>\n\t\t\t\t<\/div>\n\t\t\t\t<div class=\"elementor-element elementor-element-6990c67 elementor-widget elementor-widget-text-editor\" data-id=\"6990c67\" data-element_type=\"widget\" data-e-type=\"widget\" data-widget_type=\"text-editor.default\">\n\t\t\t\t<div class=\"elementor-widget-container\">\n\t\t\t\t\t\t\t\t\t<p>El retaule major \u00e9s una de les joies del temple, atribu\u00eft a Juan Correa de Vivar.<\/p><p>Est\u00e0 compost per un banc, cinc carrers i cinc cossos. Quatre entrecanals d&#8217;escultura, amb n\u00ednxols que contenen parelles de sants. La casa central de la part baixa ocupa dos cossos i s&#8217;hi inclou l&#8217;element m\u00e9s i portant: el tabernacle. La casa de sobre amb una representaci\u00f3 escult\u00f2rica del Sant Sopar i a dalt, sobresortint, Crist a la Creu.<\/p><p>Les altres quatre caixes del primer novell amb parelles d&#8217;escultures i totes les altres amb escenes del cicle de la Passi\u00f3 i Resurrecci\u00f3.<\/p>\t\t\t\t\t\t\t\t<\/div>\n\t\t\t\t<\/div>\n\t\t\t\t<div class=\"elementor-element elementor-element-27c909d elementor-widget elementor-widget-image\" data-id=\"27c909d\" data-element_type=\"widget\" data-e-type=\"widget\" data-widget_type=\"image.default\">\n\t\t\t\t<div class=\"elementor-widget-container\">\n\t\t\t\t\t\t\t\t\t\t\t\t<figure class=\"wp-caption\">\n\t\t\t\t\t\t\t\t\t\t<img loading=\"lazy\" decoding=\"async\" width=\"768\" height=\"512\" src=\"https:\/\/www.elturistatranquil.com\/wp-content\/uploads\/F69-Colegiata-de-Torrijos-Toledo.jpg\" class=\"attachment-large size-large wp-image-38158\" alt=\"Colegiata de Torrijos, Toledo\" srcset=\"https:\/\/www.elturistatranquil.com\/wp-content\/uploads\/F69-Colegiata-de-Torrijos-Toledo.jpg 768w, https:\/\/www.elturistatranquil.com\/wp-content\/uploads\/F69-Colegiata-de-Torrijos-Toledo-339x226.jpg 339w\" sizes=\"(max-width: 768px) 100vw, 768px\" \/>\t\t\t\t\t\t\t\t\t\t\t<figcaption class=\"widget-image-caption wp-caption-text\"><\/figcaption>\n\t\t\t\t\t\t\t\t\t\t<\/figure>\n\t\t\t\t\t\t\t\t\t<\/div>\n\t\t\t\t<\/div>\n\t\t\t\t<div class=\"elementor-element elementor-element-49aec5e elementor-widget elementor-widget-text-editor\" data-id=\"49aec5e\" data-element_type=\"widget\" data-e-type=\"widget\" data-widget_type=\"text-editor.default\">\n\t\t\t\t<div class=\"elementor-widget-container\">\n\t\t\t\t\t\t\t\t\t<p>El tabernacle, o sagrari, devia ser un dels elements m\u00e9s significatius atesa la dedicaci\u00f3 del tempo al Sant\u00edssim Sagrament.<\/p><p>El volum poli\u00e8dric daurat \u00e9s de grans dimensions, amb una estructura de cinc pisos.<\/p>\t\t\t\t\t\t\t\t<\/div>\n\t\t\t\t<\/div>\n\t\t\t\t<div class=\"elementor-element elementor-element-4be6394 elementor-widget elementor-widget-image\" data-id=\"4be6394\" data-element_type=\"widget\" data-e-type=\"widget\" data-widget_type=\"image.default\">\n\t\t\t\t<div class=\"elementor-widget-container\">\n\t\t\t\t\t\t\t\t\t\t\t\t<figure class=\"wp-caption\">\n\t\t\t\t\t\t\t\t\t\t<img loading=\"lazy\" decoding=\"async\" width=\"768\" height=\"512\" src=\"https:\/\/www.elturistatranquil.com\/wp-content\/uploads\/F70-Colegiata-de-Torrijos-Toledo.jpg\" class=\"attachment-large size-large wp-image-38160\" alt=\"Colegiata de Torrijos, Toledo\" srcset=\"https:\/\/www.elturistatranquil.com\/wp-content\/uploads\/F70-Colegiata-de-Torrijos-Toledo.jpg 768w, https:\/\/www.elturistatranquil.com\/wp-content\/uploads\/F70-Colegiata-de-Torrijos-Toledo-339x226.jpg 339w\" sizes=\"(max-width: 768px) 100vw, 768px\" \/>\t\t\t\t\t\t\t\t\t\t\t<figcaption class=\"widget-image-caption wp-caption-text\"><\/figcaption>\n\t\t\t\t\t\t\t\t\t\t<\/figure>\n\t\t\t\t\t\t\t\t\t<\/div>\n\t\t\t\t<\/div>\n\t\t\t\t<div class=\"elementor-element elementor-element-dcc2293 elementor-widget elementor-widget-image\" data-id=\"dcc2293\" data-element_type=\"widget\" data-e-type=\"widget\" data-widget_type=\"image.default\">\n\t\t\t\t<div class=\"elementor-widget-container\">\n\t\t\t\t\t\t\t\t\t\t\t\t<figure class=\"wp-caption\">\n\t\t\t\t\t\t\t\t\t\t<img loading=\"lazy\" decoding=\"async\" width=\"768\" height=\"512\" src=\"https:\/\/www.elturistatranquil.com\/wp-content\/uploads\/F71-Colegiata-de-Torrijos-Toledo.jpg\" class=\"attachment-large size-large wp-image-38162\" alt=\"Colegiata de Torrijos, Toledo\" srcset=\"https:\/\/www.elturistatranquil.com\/wp-content\/uploads\/F71-Colegiata-de-Torrijos-Toledo.jpg 768w, https:\/\/www.elturistatranquil.com\/wp-content\/uploads\/F71-Colegiata-de-Torrijos-Toledo-339x226.jpg 339w\" sizes=\"(max-width: 768px) 100vw, 768px\" \/>\t\t\t\t\t\t\t\t\t\t\t<figcaption class=\"widget-image-caption wp-caption-text\"><\/figcaption>\n\t\t\t\t\t\t\t\t\t\t<\/figure>\n\t\t\t\t\t\t\t\t\t<\/div>\n\t\t\t\t<\/div>\n\t\t\t\t<div class=\"elementor-element elementor-element-1748be2 elementor-widget elementor-widget-image\" data-id=\"1748be2\" data-element_type=\"widget\" data-e-type=\"widget\" data-widget_type=\"image.default\">\n\t\t\t\t<div class=\"elementor-widget-container\">\n\t\t\t\t\t\t\t\t\t\t\t\t<figure class=\"wp-caption\">\n\t\t\t\t\t\t\t\t\t\t<img loading=\"lazy\" decoding=\"async\" width=\"768\" height=\"512\" src=\"https:\/\/www.elturistatranquil.com\/wp-content\/uploads\/F72-Colegiata-de-Torrijos-Toledo.jpg\" class=\"attachment-large size-large wp-image-38167\" alt=\"Colegiata de Torrijos, Toledo\" srcset=\"https:\/\/www.elturistatranquil.com\/wp-content\/uploads\/F72-Colegiata-de-Torrijos-Toledo.jpg 768w, https:\/\/www.elturistatranquil.com\/wp-content\/uploads\/F72-Colegiata-de-Torrijos-Toledo-339x226.jpg 339w\" sizes=\"(max-width: 768px) 100vw, 768px\" \/>\t\t\t\t\t\t\t\t\t\t\t<figcaption class=\"widget-image-caption wp-caption-text\"><\/figcaption>\n\t\t\t\t\t\t\t\t\t\t<\/figure>\n\t\t\t\t\t\t\t\t\t<\/div>\n\t\t\t\t<\/div>\n\t\t\t\t<div class=\"elementor-element elementor-element-c7f9c5f elementor-widget elementor-widget-text-editor\" data-id=\"c7f9c5f\" data-element_type=\"widget\" data-e-type=\"widget\" data-widget_type=\"text-editor.default\">\n\t\t\t\t<div class=\"elementor-widget-container\">\n\t\t\t\t\t\t\t\t\t<p>A la capella de Sant Gil es barregen elements g\u00f2tics amb renaixentistes \u201ca la romana\u201d.<\/p>\t\t\t\t\t\t\t\t<\/div>\n\t\t\t\t<\/div>\n\t\t\t\t<div class=\"elementor-element elementor-element-c9d7c01 elementor-widget elementor-widget-image\" data-id=\"c9d7c01\" data-element_type=\"widget\" data-e-type=\"widget\" data-widget_type=\"image.default\">\n\t\t\t\t<div class=\"elementor-widget-container\">\n\t\t\t\t\t\t\t\t\t\t\t\t<figure class=\"wp-caption\">\n\t\t\t\t\t\t\t\t\t\t<img loading=\"lazy\" decoding=\"async\" width=\"768\" height=\"512\" src=\"https:\/\/www.elturistatranquil.com\/wp-content\/uploads\/F73-Colegiata-de-Torrijos-Toledo.jpg\" class=\"attachment-large size-large wp-image-38169\" alt=\"Colegiata de Torrijos, Toledo\" srcset=\"https:\/\/www.elturistatranquil.com\/wp-content\/uploads\/F73-Colegiata-de-Torrijos-Toledo.jpg 768w, https:\/\/www.elturistatranquil.com\/wp-content\/uploads\/F73-Colegiata-de-Torrijos-Toledo-339x226.jpg 339w\" sizes=\"(max-width: 768px) 100vw, 768px\" \/>\t\t\t\t\t\t\t\t\t\t\t<figcaption class=\"widget-image-caption wp-caption-text\"><\/figcaption>\n\t\t\t\t\t\t\t\t\t\t<\/figure>\n\t\t\t\t\t\t\t\t\t<\/div>\n\t\t\t\t<\/div>\n\t\t\t\t<div class=\"elementor-element elementor-element-aad4176 elementor-widget elementor-widget-text-editor\" data-id=\"aad4176\" data-element_type=\"widget\" data-e-type=\"widget\" data-widget_type=\"text-editor.default\">\n\t\t\t\t<div class=\"elementor-widget-container\">\n\t\t\t\t\t\t\t\t\t<p>Portada de la sagristia major al costat de l&#8217;evangeli.<\/p>\t\t\t\t\t\t\t\t<\/div>\n\t\t\t\t<\/div>\n\t\t\t\t<div class=\"elementor-element elementor-element-f061e32 elementor-widget elementor-widget-image\" data-id=\"f061e32\" data-element_type=\"widget\" data-e-type=\"widget\" data-widget_type=\"image.default\">\n\t\t\t\t<div class=\"elementor-widget-container\">\n\t\t\t\t\t\t\t\t\t\t\t\t<figure class=\"wp-caption\">\n\t\t\t\t\t\t\t\t\t\t<img loading=\"lazy\" decoding=\"async\" width=\"768\" height=\"512\" src=\"https:\/\/www.elturistatranquil.com\/wp-content\/uploads\/F74-Colegiata-de-Torrijos-Toledo.jpg\" class=\"attachment-large size-large wp-image-38171\" alt=\"Colegiata de Torrijos, Toledo\" srcset=\"https:\/\/www.elturistatranquil.com\/wp-content\/uploads\/F74-Colegiata-de-Torrijos-Toledo.jpg 768w, https:\/\/www.elturistatranquil.com\/wp-content\/uploads\/F74-Colegiata-de-Torrijos-Toledo-339x226.jpg 339w\" sizes=\"(max-width: 768px) 100vw, 768px\" \/>\t\t\t\t\t\t\t\t\t\t\t<figcaption class=\"widget-image-caption wp-caption-text\"><\/figcaption>\n\t\t\t\t\t\t\t\t\t\t<\/figure>\n\t\t\t\t\t\t\t\t\t<\/div>\n\t\t\t\t<\/div>\n\t\t\t\t<div class=\"elementor-element elementor-element-a45cb9d elementor-widget elementor-widget-text-editor\" data-id=\"a45cb9d\" data-element_type=\"widget\" data-e-type=\"widget\" data-widget_type=\"text-editor.default\">\n\t\t\t\t<div class=\"elementor-widget-container\">\n\t\t\t\t\t\t\t\t\t<p>Al transsepte del costat de l&#8217;ep\u00edstola s&#8217;observa una finestra enreixada, que ara cont\u00e9 una vidriera, que comunicava a trav\u00e9s d&#8217;un passad\u00eds amb el palau dels Enr\u00edquez, avui desaparegut. Des d&#8217;ella assistia Teresa Enr\u00edquez als cultes de manera privada.<\/p>\t\t\t\t\t\t\t\t<\/div>\n\t\t\t\t<\/div>\n\t\t\t\t<div class=\"elementor-element elementor-element-1552772 elementor-widget elementor-widget-image\" data-id=\"1552772\" data-element_type=\"widget\" data-e-type=\"widget\" data-widget_type=\"image.default\">\n\t\t\t\t<div class=\"elementor-widget-container\">\n\t\t\t\t\t\t\t\t\t\t\t\t<figure class=\"wp-caption\">\n\t\t\t\t\t\t\t\t\t\t<img loading=\"lazy\" decoding=\"async\" width=\"768\" height=\"512\" src=\"https:\/\/www.elturistatranquil.com\/wp-content\/uploads\/F75-Colegiata-de-Torrijos-Toledo.jpg\" class=\"attachment-large size-large wp-image-38173\" alt=\"Colegiata de Torrijos, Toledo\" srcset=\"https:\/\/www.elturistatranquil.com\/wp-content\/uploads\/F75-Colegiata-de-Torrijos-Toledo.jpg 768w, https:\/\/www.elturistatranquil.com\/wp-content\/uploads\/F75-Colegiata-de-Torrijos-Toledo-339x226.jpg 339w\" sizes=\"(max-width: 768px) 100vw, 768px\" \/>\t\t\t\t\t\t\t\t\t\t\t<figcaption class=\"widget-image-caption wp-caption-text\"><\/figcaption>\n\t\t\t\t\t\t\t\t\t\t<\/figure>\n\t\t\t\t\t\t\t\t\t<\/div>\n\t\t\t\t<\/div>\n\t\t\t\t<div class=\"elementor-element elementor-element-ddbde24 elementor-widget elementor-widget-text-editor\" data-id=\"ddbde24\" data-element_type=\"widget\" data-e-type=\"widget\" data-widget_type=\"text-editor.default\">\n\t\t\t\t<div class=\"elementor-widget-container\">\n\t\t\t\t\t\t\t\t\t<p>L&#8217;ampli cor ocupa dos dels cinc trams del temple. S&#8217;hi situa un \u00f2rgan de 1703, obra de Josef Mart\u00ednez Colmenero de Madrid.<\/p>\t\t\t\t\t\t\t\t<\/div>\n\t\t\t\t<\/div>\n\t\t\t\t<div class=\"elementor-element elementor-element-90239ec elementor-widget elementor-widget-image\" data-id=\"90239ec\" data-element_type=\"widget\" data-e-type=\"widget\" data-widget_type=\"image.default\">\n\t\t\t\t<div class=\"elementor-widget-container\">\n\t\t\t\t\t\t\t\t\t\t\t\t<figure class=\"wp-caption\">\n\t\t\t\t\t\t\t\t\t\t<img loading=\"lazy\" decoding=\"async\" width=\"768\" height=\"512\" src=\"https:\/\/www.elturistatranquil.com\/wp-content\/uploads\/F76-Colegiata-de-Torrijos-Toledo.jpg\" class=\"attachment-large size-large wp-image-38175\" alt=\"Colegiata de Torrijos, Toledo\" srcset=\"https:\/\/www.elturistatranquil.com\/wp-content\/uploads\/F76-Colegiata-de-Torrijos-Toledo.jpg 768w, https:\/\/www.elturistatranquil.com\/wp-content\/uploads\/F76-Colegiata-de-Torrijos-Toledo-339x226.jpg 339w\" sizes=\"(max-width: 768px) 100vw, 768px\" \/>\t\t\t\t\t\t\t\t\t\t\t<figcaption class=\"widget-image-caption wp-caption-text\"><\/figcaption>\n\t\t\t\t\t\t\t\t\t\t<\/figure>\n\t\t\t\t\t\t\t\t\t<\/div>\n\t\t\t\t<\/div>\n\t\t\t\t<div class=\"elementor-element elementor-element-f26bc43 elementor-widget elementor-widget-text-editor\" data-id=\"f26bc43\" data-element_type=\"widget\" data-e-type=\"widget\" data-widget_type=\"text-editor.default\">\n\t\t\t\t<div class=\"elementor-widget-container\">\n\t\t\t\t\t\t\t\t\t<p>Al centre del cor s&#8217;ha ubicat, ja al segle XX, el mausoleu del matrimoni C\u00e1rdenas-Enr\u00edquez, els fundadors del temple.<\/p>\t\t\t\t\t\t\t\t<\/div>\n\t\t\t\t<\/div>\n\t\t\t\t<div class=\"elementor-element elementor-element-56e19ba elementor-widget elementor-widget-image\" data-id=\"56e19ba\" data-element_type=\"widget\" data-e-type=\"widget\" data-widget_type=\"image.default\">\n\t\t\t\t<div class=\"elementor-widget-container\">\n\t\t\t\t\t\t\t\t\t\t\t\t<figure class=\"wp-caption\">\n\t\t\t\t\t\t\t\t\t\t<img loading=\"lazy\" decoding=\"async\" width=\"768\" height=\"512\" src=\"https:\/\/www.elturistatranquil.com\/wp-content\/uploads\/F77-Colegiata-de-Torrijos-Toledo.jpg\" class=\"attachment-large size-large wp-image-38177\" alt=\"Colegiata de Torrijos, Toledo\" srcset=\"https:\/\/www.elturistatranquil.com\/wp-content\/uploads\/F77-Colegiata-de-Torrijos-Toledo.jpg 768w, https:\/\/www.elturistatranquil.com\/wp-content\/uploads\/F77-Colegiata-de-Torrijos-Toledo-339x226.jpg 339w\" sizes=\"(max-width: 768px) 100vw, 768px\" \/>\t\t\t\t\t\t\t\t\t\t\t<figcaption class=\"widget-image-caption wp-caption-text\"><\/figcaption>\n\t\t\t\t\t\t\t\t\t\t<\/figure>\n\t\t\t\t\t\t\t\t\t<\/div>\n\t\t\t\t<\/div>\n\t\t\t\t<div class=\"elementor-element elementor-element-c19ec4f elementor-widget elementor-widget-text-editor\" data-id=\"c19ec4f\" data-element_type=\"widget\" data-e-type=\"widget\" data-widget_type=\"text-editor.default\">\n\t\t\t\t<div class=\"elementor-widget-container\">\n\t\t\t\t\t\t\t\t\t<p>Sobre el cadirat de noguera del cor es disposa d&#8217;escassa informaci\u00f3. Est\u00e0 estructurada en dos pisos, el superior rematat per dossers tardo g\u00f2tics de cresteria.<\/p>\t\t\t\t\t\t\t\t<\/div>\n\t\t\t\t<\/div>\n\t\t\t\t<div class=\"elementor-element elementor-element-2e2e227 elementor-widget elementor-widget-image\" data-id=\"2e2e227\" data-element_type=\"widget\" data-e-type=\"widget\" data-widget_type=\"image.default\">\n\t\t\t\t<div class=\"elementor-widget-container\">\n\t\t\t\t\t\t\t\t\t\t\t\t<figure class=\"wp-caption\">\n\t\t\t\t\t\t\t\t\t\t<img loading=\"lazy\" decoding=\"async\" width=\"768\" height=\"512\" src=\"https:\/\/www.elturistatranquil.com\/wp-content\/uploads\/F78-Colegiata-de-Torrijos-Toledo.jpg\" class=\"attachment-large size-large wp-image-38179\" alt=\"Colegiata de Torrijos, Toledo\" srcset=\"https:\/\/www.elturistatranquil.com\/wp-content\/uploads\/F78-Colegiata-de-Torrijos-Toledo.jpg 768w, https:\/\/www.elturistatranquil.com\/wp-content\/uploads\/F78-Colegiata-de-Torrijos-Toledo-339x226.jpg 339w\" sizes=\"(max-width: 768px) 100vw, 768px\" \/>\t\t\t\t\t\t\t\t\t\t\t<figcaption class=\"widget-image-caption wp-caption-text\"><\/figcaption>\n\t\t\t\t\t\t\t\t\t\t<\/figure>\n\t\t\t\t\t\t\t\t\t<\/div>\n\t\t\t\t<\/div>\n\t\t\t\t<div class=\"elementor-element elementor-element-6e4e286 elementor-widget elementor-widget-image\" data-id=\"6e4e286\" data-element_type=\"widget\" data-e-type=\"widget\" data-widget_type=\"image.default\">\n\t\t\t\t<div class=\"elementor-widget-container\">\n\t\t\t\t\t\t\t\t\t\t\t\t<figure class=\"wp-caption\">\n\t\t\t\t\t\t\t\t\t\t<img loading=\"lazy\" decoding=\"async\" width=\"768\" height=\"512\" src=\"https:\/\/www.elturistatranquil.com\/wp-content\/uploads\/F79-Colegiata-de-Torrijos-Toledo.jpg\" class=\"attachment-large size-large wp-image-38181\" alt=\"Colegiata de Torrijos, Toledo\" srcset=\"https:\/\/www.elturistatranquil.com\/wp-content\/uploads\/F79-Colegiata-de-Torrijos-Toledo.jpg 768w, https:\/\/www.elturistatranquil.com\/wp-content\/uploads\/F79-Colegiata-de-Torrijos-Toledo-339x226.jpg 339w\" sizes=\"(max-width: 768px) 100vw, 768px\" \/>\t\t\t\t\t\t\t\t\t\t\t<figcaption class=\"widget-image-caption wp-caption-text\"><\/figcaption>\n\t\t\t\t\t\t\t\t\t\t<\/figure>\n\t\t\t\t\t\t\t\t\t<\/div>\n\t\t\t\t<\/div>\n\t\t\t\t<div class=\"elementor-element elementor-element-0e8f9bf elementor-widget elementor-widget-text-editor\" data-id=\"0e8f9bf\" data-element_type=\"widget\" data-e-type=\"widget\" data-widget_type=\"text-editor.default\">\n\t\t\t\t<div class=\"elementor-widget-container\">\n\t\t\t\t\t\t\t\t\t<p>Els dos p\u00falpits estan sostinguts sobre columnes amb capitells d&#8217;origen genov\u00e8s.<\/p>\t\t\t\t\t\t\t\t<\/div>\n\t\t\t\t<\/div>\n\t\t\t\t<div class=\"elementor-element elementor-element-c59ab2a elementor-widget elementor-widget-menu-anchor\" data-id=\"c59ab2a\" data-element_type=\"widget\" data-e-type=\"widget\" data-widget_type=\"menu-anchor.default\">\n\t\t\t\t<div class=\"elementor-widget-container\">\n\t\t\t\t\t\t\t<div class=\"elementor-menu-anchor\" id=\"c7109\"><\/div>\n\t\t\t\t\t\t<\/div>\n\t\t\t\t<\/div>\n\t\t\t\t<div class=\"elementor-element elementor-element-21ca95b elementor-widget elementor-widget-image\" data-id=\"21ca95b\" data-element_type=\"widget\" data-e-type=\"widget\" data-widget_type=\"image.default\">\n\t\t\t\t<div class=\"elementor-widget-container\">\n\t\t\t\t\t\t\t\t\t\t\t\t<figure class=\"wp-caption\">\n\t\t\t\t\t\t\t\t\t\t<img loading=\"lazy\" decoding=\"async\" width=\"768\" height=\"512\" src=\"https:\/\/www.elturistatranquil.com\/wp-content\/uploads\/F80-Colegiata-de-Torrijos-Toledo.jpg\" class=\"attachment-large size-large wp-image-38183\" alt=\"Colegiata de Torrijos, Toledo\" srcset=\"https:\/\/www.elturistatranquil.com\/wp-content\/uploads\/F80-Colegiata-de-Torrijos-Toledo.jpg 768w, https:\/\/www.elturistatranquil.com\/wp-content\/uploads\/F80-Colegiata-de-Torrijos-Toledo-339x226.jpg 339w\" sizes=\"(max-width: 768px) 100vw, 768px\" \/>\t\t\t\t\t\t\t\t\t\t\t<figcaption class=\"widget-image-caption wp-caption-text\"><\/figcaption>\n\t\t\t\t\t\t\t\t\t\t<\/figure>\n\t\t\t\t\t\t\t\t\t<\/div>\n\t\t\t\t<\/div>\n\t\t\t\t<div class=\"elementor-element elementor-element-eb16d93 elementor-widget elementor-widget-heading\" data-id=\"eb16d93\" data-element_type=\"widget\" data-e-type=\"widget\" data-widget_type=\"heading.default\">\n\t\t\t\t<div class=\"elementor-widget-container\">\n\t\t\t\t\t<h3 class=\"elementor-heading-title elementor-size-default\">El Ca\u00f1o Viejo<\/h3>\t\t\t\t<\/div>\n\t\t\t\t<\/div>\n\t\t\t\t<div class=\"elementor-element elementor-element-65ed488 elementor-widget elementor-widget-text-editor\" data-id=\"65ed488\" data-element_type=\"widget\" data-e-type=\"widget\" data-widget_type=\"text-editor.default\">\n\t\t\t\t<div class=\"elementor-widget-container\">\n\t\t\t\t\t\t\t\t\t<p>El <strong>Ca\u00f1o Viejo<\/strong> (<strong>4<\/strong>), es troba a la <strong>pla\u00e7a del Doctor Cifuentes<\/strong>, davant de la fa\u00e7ana de l&#8217;Esgl\u00e9sia. Els murs de l&#8217;abeurador actual s\u00f3n una reconstrucci\u00f3 amb una forma semblant a l&#8217;original. A la fotografia de l&#8217;any 1957 que he mostrat a l&#8217;inici de l&#8217;apartat de la Col\u00b7legiata, es pot veure com dones i nens acudien a buscar aigua quan no hi havia distribuci\u00f3 per les cases.<\/p>\t\t\t\t\t\t\t\t<\/div>\n\t\t\t\t<\/div>\n\t\t\t\t<div class=\"elementor-element elementor-element-85f4b6c elementor-widget elementor-widget-image\" data-id=\"85f4b6c\" data-element_type=\"widget\" data-e-type=\"widget\" data-widget_type=\"image.default\">\n\t\t\t\t<div class=\"elementor-widget-container\">\n\t\t\t\t\t\t\t\t\t\t\t\t<figure class=\"wp-caption\">\n\t\t\t\t\t\t\t\t\t\t<img loading=\"lazy\" decoding=\"async\" width=\"768\" height=\"511\" src=\"https:\/\/www.elturistatranquil.com\/wp-content\/uploads\/F81-Cano-Viejo-Torrijos-Toledo.jpg\" class=\"attachment-large size-large wp-image-38185\" alt=\"Ca\u00f1o Viejo, Torrijos, Toledo\" srcset=\"https:\/\/www.elturistatranquil.com\/wp-content\/uploads\/F81-Cano-Viejo-Torrijos-Toledo.jpg 768w, https:\/\/www.elturistatranquil.com\/wp-content\/uploads\/F81-Cano-Viejo-Torrijos-Toledo-339x226.jpg 339w\" sizes=\"(max-width: 768px) 100vw, 768px\" \/>\t\t\t\t\t\t\t\t\t\t\t<figcaption class=\"widget-image-caption wp-caption-text\"><\/figcaption>\n\t\t\t\t\t\t\t\t\t\t<\/figure>\n\t\t\t\t\t\t\t\t\t<\/div>\n\t\t\t\t<\/div>\n\t\t\t\t<div class=\"elementor-element elementor-element-c958309 elementor-widget elementor-widget-text-editor\" data-id=\"c958309\" data-element_type=\"widget\" data-e-type=\"widget\" data-widget_type=\"text-editor.default\">\n\t\t\t\t<div class=\"elementor-widget-container\">\n\t\t\t\t\t\t\t\t\t<p>A la font es pot llegir la inscripci\u00f3 de l&#8217;any 1698.<\/p>\t\t\t\t\t\t\t\t<\/div>\n\t\t\t\t<\/div>\n\t\t\t\t<section class=\"elementor-section elementor-inner-section elementor-element elementor-element-73ccf51 elementor-section-boxed elementor-section-height-default elementor-section-height-default\" data-id=\"73ccf51\" data-element_type=\"section\" data-e-type=\"section\">\n\t\t\t\t\t\t<div class=\"elementor-container elementor-column-gap-default\">\n\t\t\t\t\t<div class=\"elementor-column elementor-col-50 elementor-inner-column elementor-element elementor-element-2f513f2\" data-id=\"2f513f2\" data-element_type=\"column\" data-e-type=\"column\">\n\t\t\t<div class=\"elementor-widget-wrap elementor-element-populated\">\n\t\t\t\t\t\t<div class=\"elementor-element elementor-element-618f93a elementor-widget elementor-widget-image\" data-id=\"618f93a\" data-element_type=\"widget\" data-e-type=\"widget\" data-widget_type=\"image.default\">\n\t\t\t\t<div class=\"elementor-widget-container\">\n\t\t\t\t\t\t\t\t\t\t\t\t\t\t\t<img loading=\"lazy\" decoding=\"async\" width=\"380\" height=\"380\" src=\"https:\/\/www.elturistatranquil.com\/wp-content\/uploads\/F82m-Cano-Viejo-Torrijos-Toledo.jpg\" class=\"attachment-large size-large wp-image-38187\" alt=\"Ca\u00f1o Viejo, Torrijos, Toledo\" srcset=\"https:\/\/www.elturistatranquil.com\/wp-content\/uploads\/F82m-Cano-Viejo-Torrijos-Toledo.jpg 380w, https:\/\/www.elturistatranquil.com\/wp-content\/uploads\/F82m-Cano-Viejo-Torrijos-Toledo-226x226.jpg 226w\" sizes=\"(max-width: 380px) 100vw, 380px\" \/>\t\t\t\t\t\t\t\t\t\t\t\t\t\t\t<\/div>\n\t\t\t\t<\/div>\n\t\t\t\t\t<\/div>\n\t\t<\/div>\n\t\t\t\t<div class=\"elementor-column elementor-col-50 elementor-inner-column elementor-element elementor-element-9d5e2f8\" data-id=\"9d5e2f8\" data-element_type=\"column\" data-e-type=\"column\">\n\t\t\t<div class=\"elementor-widget-wrap elementor-element-populated\">\n\t\t\t\t\t\t<div class=\"elementor-element elementor-element-877b74f elementor-widget elementor-widget-image\" data-id=\"877b74f\" data-element_type=\"widget\" data-e-type=\"widget\" data-widget_type=\"image.default\">\n\t\t\t\t<div class=\"elementor-widget-container\">\n\t\t\t\t\t\t\t\t\t\t\t\t\t\t\t<img loading=\"lazy\" decoding=\"async\" width=\"380\" height=\"380\" src=\"https:\/\/www.elturistatranquil.com\/wp-content\/uploads\/F82n-Cano-Viejo-Torrijos-Toledo.jpg\" class=\"attachment-large size-large wp-image-38189\" alt=\"Ca\u00f1o Viejo, Torrijos, Toledo\" srcset=\"https:\/\/www.elturistatranquil.com\/wp-content\/uploads\/F82n-Cano-Viejo-Torrijos-Toledo.jpg 380w, https:\/\/www.elturistatranquil.com\/wp-content\/uploads\/F82n-Cano-Viejo-Torrijos-Toledo-226x226.jpg 226w\" sizes=\"(max-width: 380px) 100vw, 380px\" \/>\t\t\t\t\t\t\t\t\t\t\t\t\t\t\t<\/div>\n\t\t\t\t<\/div>\n\t\t\t\t\t<\/div>\n\t\t<\/div>\n\t\t\t\t\t<\/div>\n\t\t<\/section>\n\t\t\t\t<div class=\"elementor-element elementor-element-cec7a17 elementor-widget elementor-widget-text-editor\" data-id=\"cec7a17\" data-element_type=\"widget\" data-e-type=\"widget\" data-widget_type=\"text-editor.default\">\n\t\t\t\t<div class=\"elementor-widget-container\">\n\t\t\t\t\t\t\t\t\t<p>\u00a0<\/p><p>\u00c9s per valorar un empedrat recolzant-se en la tradici\u00f3 del lloc, a base de c\u00f2dols.<\/p>\t\t\t\t\t\t\t\t<\/div>\n\t\t\t\t<\/div>\n\t\t\t\t<div class=\"elementor-element elementor-element-6dda5a9 elementor-widget elementor-widget-menu-anchor\" data-id=\"6dda5a9\" data-element_type=\"widget\" data-e-type=\"widget\" data-widget_type=\"menu-anchor.default\">\n\t\t\t\t<div class=\"elementor-widget-container\">\n\t\t\t\t\t\t\t<div class=\"elementor-menu-anchor\" id=\"c7110\"><\/div>\n\t\t\t\t\t\t<\/div>\n\t\t\t\t<\/div>\n\t\t\t\t<div class=\"elementor-element elementor-element-7e4bdd9 elementor-widget elementor-widget-image\" data-id=\"7e4bdd9\" data-element_type=\"widget\" data-e-type=\"widget\" data-widget_type=\"image.default\">\n\t\t\t\t<div class=\"elementor-widget-container\">\n\t\t\t\t\t\t\t\t\t\t\t\t<figure class=\"wp-caption\">\n\t\t\t\t\t\t\t\t\t\t<img loading=\"lazy\" decoding=\"async\" width=\"768\" height=\"511\" src=\"https:\/\/www.elturistatranquil.com\/wp-content\/uploads\/F83-Torrijos-Toledo.jpg\" class=\"attachment-large size-large wp-image-38191\" alt=\"Torrijos, Toledo\" srcset=\"https:\/\/www.elturistatranquil.com\/wp-content\/uploads\/F83-Torrijos-Toledo.jpg 768w, https:\/\/www.elturistatranquil.com\/wp-content\/uploads\/F83-Torrijos-Toledo-339x226.jpg 339w\" sizes=\"(max-width: 768px) 100vw, 768px\" \/>\t\t\t\t\t\t\t\t\t\t\t<figcaption class=\"widget-image-caption wp-caption-text\"><\/figcaption>\n\t\t\t\t\t\t\t\t\t\t<\/figure>\n\t\t\t\t\t\t\t\t\t<\/div>\n\t\t\t\t<\/div>\n\t\t\t\t<div class=\"elementor-element elementor-element-3113a54 elementor-widget elementor-widget-heading\" data-id=\"3113a54\" data-element_type=\"widget\" data-e-type=\"widget\" data-widget_type=\"heading.default\">\n\t\t\t\t<div class=\"elementor-widget-container\">\n\t\t\t\t\t<h3 class=\"elementor-heading-title elementor-size-default\">Capella del Sant\u00edsimo Cristo de la Sangre  i Hospital de la Sant\u00edsima Trinidad i Nuestra Se\u00f1ora de la Consolaci\u00f3n <\/h3>\t\t\t\t<\/div>\n\t\t\t\t<\/div>\n\t\t\t\t<div class=\"elementor-element elementor-element-6b60baf elementor-widget elementor-widget-text-editor\" data-id=\"6b60baf\" data-element_type=\"widget\" data-e-type=\"widget\" data-widget_type=\"text-editor.default\">\n\t\t\t\t<div class=\"elementor-widget-container\">\n\t\t\t\t\t\t\t\t\t<p><em>B\u00e9 d\u2019Inter\u00e9s Cultural (BIC),<\/em> 1993.<\/p><p>Teresa Enr\u00edquez va fer construir a Torrijos dos hospitals complint el testament del seu marit, Gutierre de C\u00e1rdenas Chac\u00f3n.<\/p><p>Un va ser l&#8217;<strong>Hospital de la Sant\u00edssima Trinitat<\/strong>, acabat cap al 1525. L&#8217;hospital es completava amb la <strong>Capella del Sant\u00edsimo Cristo de la Sangre<\/strong> (<strong>5<\/strong>), a la qual s&#8217;accedia des de l&#8217;hospital pels peus del temple.<\/p><p>El conjunt hospitalari tenia planta de triangle is\u00f2sceles, al v\u00e8rtex del qual, que dona a la <strong>pla\u00e7a del Cristo<\/strong>, se situava la capella.<\/p><p>D&#8217;aquest conjunt nom\u00e9s se&#8217;n conserva en perfecte estat la capella. Est\u00e0 en proc\u00e9s de restauraci\u00f3 el pati de forma quadrangular amb galeries. L\u2019edificaci\u00f3 que corresponia a l\u2019hospital ha desaparegut.<\/p><p>S&#8217;accedeix a la capella des de l&#8217;exterior pel costat de l&#8217;ep\u00edstola al <strong>carrer del Cristo<\/strong>.<\/p><p>A la capella del Cristo de la Sangre s&#8217;allotja la imatge que va arribar procedent d&#8217;Am\u00e8rica. A mitjans segle XVIII es decideix obrir l&#8217;absis i afegir un cos exterior amb dues escalinates que parteixen dels dos costats de l&#8217;altar major, per poder arribar fins a la imatge que s&#8217;allotjaria des d&#8217;aquell moment al Camar\u00edn.<\/p>\t\t\t\t\t\t\t\t<\/div>\n\t\t\t\t<\/div>\n\t\t\t\t<div class=\"elementor-element elementor-element-b026a3d elementor-widget elementor-widget-image\" data-id=\"b026a3d\" data-element_type=\"widget\" data-e-type=\"widget\" data-widget_type=\"image.default\">\n\t\t\t\t<div class=\"elementor-widget-container\">\n\t\t\t\t\t\t\t\t\t\t\t\t<figure class=\"wp-caption\">\n\t\t\t\t\t\t\t\t\t\t<img loading=\"lazy\" decoding=\"async\" width=\"768\" height=\"512\" src=\"https:\/\/www.elturistatranquil.com\/wp-content\/uploads\/F84-Capilla-del-Santisimo-Cristo-de-la-Sangre-Torrijos-Toledo.jpg\" class=\"attachment-large size-large wp-image-38193\" alt=\"Capilla del Sant\u00edsimo Cristo de la Sangre, Torrijos, Toledo\" srcset=\"https:\/\/www.elturistatranquil.com\/wp-content\/uploads\/F84-Capilla-del-Santisimo-Cristo-de-la-Sangre-Torrijos-Toledo.jpg 768w, https:\/\/www.elturistatranquil.com\/wp-content\/uploads\/F84-Capilla-del-Santisimo-Cristo-de-la-Sangre-Torrijos-Toledo-339x226.jpg 339w\" sizes=\"(max-width: 768px) 100vw, 768px\" \/>\t\t\t\t\t\t\t\t\t\t\t<figcaption class=\"widget-image-caption wp-caption-text\"><\/figcaption>\n\t\t\t\t\t\t\t\t\t\t<\/figure>\n\t\t\t\t\t\t\t\t\t<\/div>\n\t\t\t\t<\/div>\n\t\t\t\t<div class=\"elementor-element elementor-element-ef400f7 elementor-widget elementor-widget-text-editor\" data-id=\"ef400f7\" data-element_type=\"widget\" data-e-type=\"widget\" data-widget_type=\"text-editor.default\">\n\t\t\t\t<div class=\"elementor-widget-container\">\n\t\t\t\t\t\t\t\t\t<p>Sobre el mur de l&#8217;hospital que dona al carrer del Cristo, encara que separada del temple, s&#8217;al\u00e7a una espadanya de ma\u00f3 amb tres obertures.<\/p>\t\t\t\t\t\t\t\t<\/div>\n\t\t\t\t<\/div>\n\t\t\t\t<div class=\"elementor-element elementor-element-d6dbbde elementor-widget elementor-widget-image\" data-id=\"d6dbbde\" data-element_type=\"widget\" data-e-type=\"widget\" data-widget_type=\"image.default\">\n\t\t\t\t<div class=\"elementor-widget-container\">\n\t\t\t\t\t\t\t\t\t\t\t\t<figure class=\"wp-caption\">\n\t\t\t\t\t\t\t\t\t\t<img loading=\"lazy\" decoding=\"async\" width=\"768\" height=\"511\" src=\"https:\/\/www.elturistatranquil.com\/wp-content\/uploads\/F85-Capilla-del-Santisimo-Cristo-de-la-Sangre-Torrijos-Toledo.jpg\" class=\"attachment-large size-large wp-image-38195\" alt=\"Capilla del Sant\u00edsimo Cristo de la Sangre, Torrijos, Toledo\" srcset=\"https:\/\/www.elturistatranquil.com\/wp-content\/uploads\/F85-Capilla-del-Santisimo-Cristo-de-la-Sangre-Torrijos-Toledo.jpg 768w, https:\/\/www.elturistatranquil.com\/wp-content\/uploads\/F85-Capilla-del-Santisimo-Cristo-de-la-Sangre-Torrijos-Toledo-339x226.jpg 339w\" sizes=\"(max-width: 768px) 100vw, 768px\" \/>\t\t\t\t\t\t\t\t\t\t\t<figcaption class=\"widget-image-caption wp-caption-text\"><\/figcaption>\n\t\t\t\t\t\t\t\t\t\t<\/figure>\n\t\t\t\t\t\t\t\t\t<\/div>\n\t\t\t\t<\/div>\n\t\t\t\t<div class=\"elementor-element elementor-element-d2b69ce elementor-widget elementor-widget-image\" data-id=\"d2b69ce\" data-element_type=\"widget\" data-e-type=\"widget\" data-widget_type=\"image.default\">\n\t\t\t\t<div class=\"elementor-widget-container\">\n\t\t\t\t\t\t\t\t\t\t\t\t<figure class=\"wp-caption\">\n\t\t\t\t\t\t\t\t\t\t<img loading=\"lazy\" decoding=\"async\" width=\"768\" height=\"512\" src=\"https:\/\/www.elturistatranquil.com\/wp-content\/uploads\/F86-Capilla-del-Santisimo-Cristo-de-la-Sangre-Torrijos-Toledo.jpg\" class=\"attachment-large size-large wp-image-38197\" alt=\"Capilla del Sant\u00edsimo Cristo de la Sangre, Torrijos, Toledo\" srcset=\"https:\/\/www.elturistatranquil.com\/wp-content\/uploads\/F86-Capilla-del-Santisimo-Cristo-de-la-Sangre-Torrijos-Toledo.jpg 768w, https:\/\/www.elturistatranquil.com\/wp-content\/uploads\/F86-Capilla-del-Santisimo-Cristo-de-la-Sangre-Torrijos-Toledo-339x226.jpg 339w\" sizes=\"(max-width: 768px) 100vw, 768px\" \/>\t\t\t\t\t\t\t\t\t\t\t<figcaption class=\"widget-image-caption wp-caption-text\"><\/figcaption>\n\t\t\t\t\t\t\t\t\t\t<\/figure>\n\t\t\t\t\t\t\t\t\t<\/div>\n\t\t\t\t<\/div>\n\t\t\t\t<div class=\"elementor-element elementor-element-5c5665b elementor-widget elementor-widget-image\" data-id=\"5c5665b\" data-element_type=\"widget\" data-e-type=\"widget\" data-widget_type=\"image.default\">\n\t\t\t\t<div class=\"elementor-widget-container\">\n\t\t\t\t\t\t\t\t\t\t\t\t<figure class=\"wp-caption\">\n\t\t\t\t\t\t\t\t\t\t<img loading=\"lazy\" decoding=\"async\" width=\"768\" height=\"512\" src=\"https:\/\/www.elturistatranquil.com\/wp-content\/uploads\/F87-Capilla-del-Santisimo-Cristo-de-la-Sangre-Torrijos-Toledo.jpg\" class=\"attachment-large size-large wp-image-38199\" alt=\"Capilla del Sant\u00edsimo Cristo de la Sangre, Torrijos, Toledo\" srcset=\"https:\/\/www.elturistatranquil.com\/wp-content\/uploads\/F87-Capilla-del-Santisimo-Cristo-de-la-Sangre-Torrijos-Toledo.jpg 768w, https:\/\/www.elturistatranquil.com\/wp-content\/uploads\/F87-Capilla-del-Santisimo-Cristo-de-la-Sangre-Torrijos-Toledo-339x226.jpg 339w\" sizes=\"(max-width: 768px) 100vw, 768px\" \/>\t\t\t\t\t\t\t\t\t\t\t<figcaption class=\"widget-image-caption wp-caption-text\"><\/figcaption>\n\t\t\t\t\t\t\t\t\t\t<\/figure>\n\t\t\t\t\t\t\t\t\t<\/div>\n\t\t\t\t<\/div>\n\t\t\t\t<div class=\"elementor-element elementor-element-18e811b elementor-widget elementor-widget-text-editor\" data-id=\"18e811b\" data-element_type=\"widget\" data-e-type=\"widget\" data-widget_type=\"text-editor.default\">\n\t\t\t\t<div class=\"elementor-widget-container\">\n\t\t\t\t\t\t\t\t\t<p>Pel costat del <strong>carrer Molinos<\/strong> es pot entreveure com el pati de l&#8217;hospital tenia dos nivells de galeria cobertes suportades per arcs carpanells d&#8217;estil renaixentista similars als del pati del palau de Pedro I.<\/p>\t\t\t\t\t\t\t\t<\/div>\n\t\t\t\t<\/div>\n\t\t\t\t<div class=\"elementor-element elementor-element-16ea4b5 elementor-widget elementor-widget-image\" data-id=\"16ea4b5\" data-element_type=\"widget\" data-e-type=\"widget\" data-widget_type=\"image.default\">\n\t\t\t\t<div class=\"elementor-widget-container\">\n\t\t\t\t\t\t\t\t\t\t\t\t<figure class=\"wp-caption\">\n\t\t\t\t\t\t\t\t\t\t<img loading=\"lazy\" decoding=\"async\" width=\"768\" height=\"511\" src=\"https:\/\/www.elturistatranquil.com\/wp-content\/uploads\/F88-Hospital-de-la-Santisima-Trinidad-Torrijos-Toledo-.jpg\" class=\"attachment-large size-large wp-image-38201\" alt=\"Hospital de la Sant\u00edsima Trinidad, Torrijos, Toledo\" srcset=\"https:\/\/www.elturistatranquil.com\/wp-content\/uploads\/F88-Hospital-de-la-Santisima-Trinidad-Torrijos-Toledo-.jpg 768w, https:\/\/www.elturistatranquil.com\/wp-content\/uploads\/F88-Hospital-de-la-Santisima-Trinidad-Torrijos-Toledo--339x226.jpg 339w\" sizes=\"(max-width: 768px) 100vw, 768px\" \/>\t\t\t\t\t\t\t\t\t\t\t<figcaption class=\"widget-image-caption wp-caption-text\"><\/figcaption>\n\t\t\t\t\t\t\t\t\t\t<\/figure>\n\t\t\t\t\t\t\t\t\t<\/div>\n\t\t\t\t<\/div>\n\t\t\t\t<div class=\"elementor-element elementor-element-4766fde elementor-widget elementor-widget-image\" data-id=\"4766fde\" data-element_type=\"widget\" data-e-type=\"widget\" data-widget_type=\"image.default\">\n\t\t\t\t<div class=\"elementor-widget-container\">\n\t\t\t\t\t\t\t\t\t\t\t\t<figure class=\"wp-caption\">\n\t\t\t\t\t\t\t\t\t\t<img loading=\"lazy\" decoding=\"async\" width=\"768\" height=\"511\" src=\"https:\/\/www.elturistatranquil.com\/wp-content\/uploads\/F89-Hospital-de-la-Santisima-Trinidad-Torrijos-Toledo.jpg\" class=\"attachment-large size-large wp-image-38203\" alt=\"Hospital de la Sant\u00edsima Trinidad, Torrijos, Toledo\" srcset=\"https:\/\/www.elturistatranquil.com\/wp-content\/uploads\/F89-Hospital-de-la-Santisima-Trinidad-Torrijos-Toledo.jpg 768w, https:\/\/www.elturistatranquil.com\/wp-content\/uploads\/F89-Hospital-de-la-Santisima-Trinidad-Torrijos-Toledo-339x226.jpg 339w\" sizes=\"(max-width: 768px) 100vw, 768px\" \/>\t\t\t\t\t\t\t\t\t\t\t<figcaption class=\"widget-image-caption wp-caption-text\"><\/figcaption>\n\t\t\t\t\t\t\t\t\t\t<\/figure>\n\t\t\t\t\t\t\t\t\t<\/div>\n\t\t\t\t<\/div>\n\t\t\t\t<div class=\"elementor-element elementor-element-0f85443 elementor-widget elementor-widget-text-editor\" data-id=\"0f85443\" data-element_type=\"widget\" data-e-type=\"widget\" data-widget_type=\"text-editor.default\">\n\t\t\t\t<div class=\"elementor-widget-container\">\n\t\t\t\t\t\t\t\t\t<p>S\u00b4accedeix a la capella des de l\u00b4exterior pel costat de l\u00b4ep\u00edstola a trav\u00e9s d\u00b4un pati i un atri amb un arc rebaixat recolzat en columnes.<\/p><p>Sobre la portada d&#8217;acc\u00e9s dos escuts franciscans i la creu de l&#8217;orde de l&#8217;Hospital.<\/p>\t\t\t\t\t\t\t\t<\/div>\n\t\t\t\t<\/div>\n\t\t\t\t<div class=\"elementor-element elementor-element-c19ad6e elementor-widget elementor-widget-image\" data-id=\"c19ad6e\" data-element_type=\"widget\" data-e-type=\"widget\" data-widget_type=\"image.default\">\n\t\t\t\t<div class=\"elementor-widget-container\">\n\t\t\t\t\t\t\t\t\t\t\t\t<figure class=\"wp-caption\">\n\t\t\t\t\t\t\t\t\t\t<img loading=\"lazy\" decoding=\"async\" width=\"768\" height=\"512\" src=\"https:\/\/www.elturistatranquil.com\/wp-content\/uploads\/F90-Capilla-del-Santisimo-Cristo-de-la-Sangre-Torrijos-Toledo.jpg\" class=\"attachment-large size-large wp-image-38205\" alt=\"Capilla del Sant\u00edsimo Cristo de la Sangre, Torrijos, Toledo\" srcset=\"https:\/\/www.elturistatranquil.com\/wp-content\/uploads\/F90-Capilla-del-Santisimo-Cristo-de-la-Sangre-Torrijos-Toledo.jpg 768w, https:\/\/www.elturistatranquil.com\/wp-content\/uploads\/F90-Capilla-del-Santisimo-Cristo-de-la-Sangre-Torrijos-Toledo-339x226.jpg 339w\" sizes=\"(max-width: 768px) 100vw, 768px\" \/>\t\t\t\t\t\t\t\t\t\t\t<figcaption class=\"widget-image-caption wp-caption-text\"><\/figcaption>\n\t\t\t\t\t\t\t\t\t\t<\/figure>\n\t\t\t\t\t\t\t\t\t<\/div>\n\t\t\t\t<\/div>\n\t\t\t\t<div class=\"elementor-element elementor-element-253fcfc elementor-widget elementor-widget-text-editor\" data-id=\"253fcfc\" data-element_type=\"widget\" data-e-type=\"widget\" data-widget_type=\"text-editor.default\">\n\t\t\t\t<div class=\"elementor-widget-container\">\n\t\t\t\t\t\t\t\t\t<p>La planta de la capella \u00e9s d\u2019una sola nau rectangular. L&#8217;arc triomfal dona pas al presbiteri i a l&#8217;absis poligonal de tres costats.<\/p>\t\t\t\t\t\t\t\t<\/div>\n\t\t\t\t<\/div>\n\t\t\t\t<div class=\"elementor-element elementor-element-cc68c60 elementor-widget elementor-widget-image\" data-id=\"cc68c60\" data-element_type=\"widget\" data-e-type=\"widget\" data-widget_type=\"image.default\">\n\t\t\t\t<div class=\"elementor-widget-container\">\n\t\t\t\t\t\t\t\t\t\t\t\t<figure class=\"wp-caption\">\n\t\t\t\t\t\t\t\t\t\t<img loading=\"lazy\" decoding=\"async\" width=\"768\" height=\"512\" src=\"https:\/\/www.elturistatranquil.com\/wp-content\/uploads\/F91-Capilla-del-Santisimo-Cristo-de-la-Sangre-Torrijos-Toledo.jpg\" class=\"attachment-large size-large wp-image-38207\" alt=\"Capilla del Sant\u00edsimo Cristo de la Sangre, Torrijos, Toledo\" srcset=\"https:\/\/www.elturistatranquil.com\/wp-content\/uploads\/F91-Capilla-del-Santisimo-Cristo-de-la-Sangre-Torrijos-Toledo.jpg 768w, https:\/\/www.elturistatranquil.com\/wp-content\/uploads\/F91-Capilla-del-Santisimo-Cristo-de-la-Sangre-Torrijos-Toledo-339x226.jpg 339w\" sizes=\"(max-width: 768px) 100vw, 768px\" \/>\t\t\t\t\t\t\t\t\t\t\t<figcaption class=\"widget-image-caption wp-caption-text\"><\/figcaption>\n\t\t\t\t\t\t\t\t\t\t<\/figure>\n\t\t\t\t\t\t\t\t\t<\/div>\n\t\t\t\t<\/div>\n\t\t\t\t<div class=\"elementor-element elementor-element-e6c6c3d elementor-widget elementor-widget-text-editor\" data-id=\"e6c6c3d\" data-element_type=\"widget\" data-e-type=\"widget\" data-widget_type=\"text-editor.default\">\n\t\t\t\t<div class=\"elementor-widget-container\">\n\t\t\t\t\t\t\t\t\t<p>Als peus del temple, cor elevat i portes d&#8217;acc\u00e9s a l&#8217;hospital. Al cor un petit orgue barroc.<\/p>\t\t\t\t\t\t\t\t<\/div>\n\t\t\t\t<\/div>\n\t\t\t\t<div class=\"elementor-element elementor-element-89fa375 elementor-widget elementor-widget-image\" data-id=\"89fa375\" data-element_type=\"widget\" data-e-type=\"widget\" data-widget_type=\"image.default\">\n\t\t\t\t<div class=\"elementor-widget-container\">\n\t\t\t\t\t\t\t\t\t\t\t\t<figure class=\"wp-caption\">\n\t\t\t\t\t\t\t\t\t\t<img loading=\"lazy\" decoding=\"async\" width=\"768\" height=\"512\" src=\"https:\/\/www.elturistatranquil.com\/wp-content\/uploads\/F92-Capilla-del-Santisimo-Cristo-de-la-Sangre-Torrijos-Toledo.jpg\" class=\"attachment-large size-large wp-image-38209\" alt=\"Capilla del Sant\u00edsimo Cristo de la Sangre, Torrijos, Toledo\" srcset=\"https:\/\/www.elturistatranquil.com\/wp-content\/uploads\/F92-Capilla-del-Santisimo-Cristo-de-la-Sangre-Torrijos-Toledo.jpg 768w, https:\/\/www.elturistatranquil.com\/wp-content\/uploads\/F92-Capilla-del-Santisimo-Cristo-de-la-Sangre-Torrijos-Toledo-339x226.jpg 339w\" sizes=\"(max-width: 768px) 100vw, 768px\" \/>\t\t\t\t\t\t\t\t\t\t\t<figcaption class=\"widget-image-caption wp-caption-text\"><\/figcaption>\n\t\t\t\t\t\t\t\t\t\t<\/figure>\n\t\t\t\t\t\t\t\t\t<\/div>\n\t\t\t\t<\/div>\n\t\t\t\t<div class=\"elementor-element elementor-element-01d0150 elementor-widget elementor-widget-text-editor\" data-id=\"01d0150\" data-element_type=\"widget\" data-e-type=\"widget\" data-widget_type=\"text-editor.default\">\n\t\t\t\t<div class=\"elementor-widget-container\">\n\t\t\t\t\t\t\t\t\t<p>La cap\u00e7alera, amb presbiteri i absis, cont\u00e9 un retaule barroc i els murs amb pintures al fresc d&#8217;estil manierista amb escenes de la Passi\u00f3.<\/p><p>Davant l&#8217;arc de triomf dues imatges de San Isidro Labrador i Santa Mar\u00eda de la Cabeza, totes dues de l&#8217;escultor del segle XVIII Juan Alonso Villabrille i Ron.<\/p>\t\t\t\t\t\t\t\t<\/div>\n\t\t\t\t<\/div>\n\t\t\t\t<div class=\"elementor-element elementor-element-a9f1644 elementor-widget elementor-widget-image\" data-id=\"a9f1644\" data-element_type=\"widget\" data-e-type=\"widget\" data-widget_type=\"image.default\">\n\t\t\t\t<div class=\"elementor-widget-container\">\n\t\t\t\t\t\t\t\t\t\t\t\t<figure class=\"wp-caption\">\n\t\t\t\t\t\t\t\t\t\t<img loading=\"lazy\" decoding=\"async\" width=\"768\" height=\"512\" src=\"https:\/\/www.elturistatranquil.com\/wp-content\/uploads\/F93-Capilla-del-Santisimo-Cristo-de-la-Sangre-Torrijos-Toledo.jpg\" class=\"attachment-large size-large wp-image-38211\" alt=\"Capilla del Sant\u00edsimo Cristo de la Sangre, Torrijos, Toledo\" srcset=\"https:\/\/www.elturistatranquil.com\/wp-content\/uploads\/F93-Capilla-del-Santisimo-Cristo-de-la-Sangre-Torrijos-Toledo.jpg 768w, https:\/\/www.elturistatranquil.com\/wp-content\/uploads\/F93-Capilla-del-Santisimo-Cristo-de-la-Sangre-Torrijos-Toledo-339x226.jpg 339w\" sizes=\"(max-width: 768px) 100vw, 768px\" \/>\t\t\t\t\t\t\t\t\t\t\t<figcaption class=\"widget-image-caption wp-caption-text\"><\/figcaption>\n\t\t\t\t\t\t\t\t\t\t<\/figure>\n\t\t\t\t\t\t\t\t\t<\/div>\n\t\t\t\t<\/div>\n\t\t\t\t<div class=\"elementor-element elementor-element-7a17d3a elementor-widget elementor-widget-text-editor\" data-id=\"7a17d3a\" data-element_type=\"widget\" data-e-type=\"widget\" data-widget_type=\"text-editor.default\">\n\t\t\t\t<div class=\"elementor-widget-container\">\n\t\t\t\t\t\t\t\t\t<p>Un dels elements art\u00edstics m\u00e9s interessants \u00e9s la volta de creueria ogival, amb nervadures, descansant els arcs en m\u00e8nsules s\u00f2briament exonerades i pintures intercalades que cobreix el presbiteri.<\/p>\t\t\t\t\t\t\t\t<\/div>\n\t\t\t\t<\/div>\n\t\t\t\t<div class=\"elementor-element elementor-element-cf156d5 elementor-widget elementor-widget-image\" data-id=\"cf156d5\" data-element_type=\"widget\" data-e-type=\"widget\" data-widget_type=\"image.default\">\n\t\t\t\t<div class=\"elementor-widget-container\">\n\t\t\t\t\t\t\t\t\t\t\t\t<figure class=\"wp-caption\">\n\t\t\t\t\t\t\t\t\t\t<img loading=\"lazy\" decoding=\"async\" width=\"768\" height=\"511\" src=\"https:\/\/www.elturistatranquil.com\/wp-content\/uploads\/F94-Capilla-del-Santisimo-Cristo-de-la-Sangre-Torrijos-Toledo.jpg\" class=\"attachment-large size-large wp-image-38213\" alt=\"Capilla del Sant\u00edsimo Cristo de la Sangre, Torrijos, Toledo\" srcset=\"https:\/\/www.elturistatranquil.com\/wp-content\/uploads\/F94-Capilla-del-Santisimo-Cristo-de-la-Sangre-Torrijos-Toledo.jpg 768w, https:\/\/www.elturistatranquil.com\/wp-content\/uploads\/F94-Capilla-del-Santisimo-Cristo-de-la-Sangre-Torrijos-Toledo-339x226.jpg 339w\" sizes=\"(max-width: 768px) 100vw, 768px\" \/>\t\t\t\t\t\t\t\t\t\t\t<figcaption class=\"widget-image-caption wp-caption-text\"><\/figcaption>\n\t\t\t\t\t\t\t\t\t\t<\/figure>\n\t\t\t\t\t\t\t\t\t<\/div>\n\t\t\t\t<\/div>\n\t\t\t\t<div class=\"elementor-element elementor-element-7afd03b elementor-widget elementor-widget-text-editor\" data-id=\"7afd03b\" data-element_type=\"widget\" data-e-type=\"widget\" data-widget_type=\"text-editor.default\">\n\t\t\t\t<div class=\"elementor-widget-container\">\n\t\t\t\t\t\t\t\t\t<p>Retaule obra de Joseph P\u00e9rez del segle XVI i als murs frescos de la Passi\u00f3 de Crist, de principis del segle XVII.<\/p><p>El <em>torrije\u00f1o<\/em> Francisco de Cebreros, resident a Nova Espanya (M\u00e8xic), va donar a la Confraria de la Precios\u00edssima Sang de Nostre Senyor Jesucrist, amb seu en aquest Hospital, una imatge del Sant\u00edssim Crist de la Sang, d&#8217;estil colonial, tallat pels indis tarascos, a l&#8217;Estat de Michoac\u00e1n. Al retaule es va obrir un cambril per allotjar aquesta imatge del Crist de la Sang.<\/p>\t\t\t\t\t\t\t\t<\/div>\n\t\t\t\t<\/div>\n\t\t\t\t<div class=\"elementor-element elementor-element-89fcf32 elementor-widget elementor-widget-image\" data-id=\"89fcf32\" data-element_type=\"widget\" data-e-type=\"widget\" data-widget_type=\"image.default\">\n\t\t\t\t<div class=\"elementor-widget-container\">\n\t\t\t\t\t\t\t\t\t\t\t\t<figure class=\"wp-caption\">\n\t\t\t\t\t\t\t\t\t\t<img loading=\"lazy\" decoding=\"async\" width=\"768\" height=\"512\" src=\"https:\/\/www.elturistatranquil.com\/wp-content\/uploads\/F95-Capilla-del-Santisimo-Cristo-de-la-Sangre-Torrijos-Toledo.jpg\" class=\"attachment-large size-large wp-image-38215\" alt=\"Capilla del Sant\u00edsimo Cristo de la Sangre, Torrijos, Toledo\" srcset=\"https:\/\/www.elturistatranquil.com\/wp-content\/uploads\/F95-Capilla-del-Santisimo-Cristo-de-la-Sangre-Torrijos-Toledo.jpg 768w, https:\/\/www.elturistatranquil.com\/wp-content\/uploads\/F95-Capilla-del-Santisimo-Cristo-de-la-Sangre-Torrijos-Toledo-339x226.jpg 339w\" sizes=\"(max-width: 768px) 100vw, 768px\" \/>\t\t\t\t\t\t\t\t\t\t\t<figcaption class=\"widget-image-caption wp-caption-text\"><\/figcaption>\n\t\t\t\t\t\t\t\t\t\t<\/figure>\n\t\t\t\t\t\t\t\t\t<\/div>\n\t\t\t\t<\/div>\n\t\t\t\t<div class=\"elementor-element elementor-element-9dc989e elementor-widget elementor-widget-text-editor\" data-id=\"9dc989e\" data-element_type=\"widget\" data-e-type=\"widget\" data-widget_type=\"text-editor.default\">\n\t\t\t\t<div class=\"elementor-widget-container\">\n\t\t\t\t\t\t\t\t\t<p>A les capelles diferents imatges que tenen aspecte processional.<\/p>\t\t\t\t\t\t\t\t<\/div>\n\t\t\t\t<\/div>\n\t\t\t\t<div class=\"elementor-element elementor-element-f8cdbfb elementor-widget elementor-widget-image\" data-id=\"f8cdbfb\" data-element_type=\"widget\" data-e-type=\"widget\" data-widget_type=\"image.default\">\n\t\t\t\t<div class=\"elementor-widget-container\">\n\t\t\t\t\t\t\t\t\t\t\t\t<figure class=\"wp-caption\">\n\t\t\t\t\t\t\t\t\t\t<img loading=\"lazy\" decoding=\"async\" width=\"768\" height=\"512\" src=\"https:\/\/www.elturistatranquil.com\/wp-content\/uploads\/F96-Capilla-del-Santisimo-Cristo-de-la-Sangre-Torrijos-Toledo.jpg\" class=\"attachment-large size-large wp-image-38217\" alt=\"Capilla del Sant\u00edsimo Cristo de la Sangre, Torrijos, Toledo\" srcset=\"https:\/\/www.elturistatranquil.com\/wp-content\/uploads\/F96-Capilla-del-Santisimo-Cristo-de-la-Sangre-Torrijos-Toledo.jpg 768w, https:\/\/www.elturistatranquil.com\/wp-content\/uploads\/F96-Capilla-del-Santisimo-Cristo-de-la-Sangre-Torrijos-Toledo-339x226.jpg 339w\" sizes=\"(max-width: 768px) 100vw, 768px\" \/>\t\t\t\t\t\t\t\t\t\t\t<figcaption class=\"widget-image-caption wp-caption-text\"><\/figcaption>\n\t\t\t\t\t\t\t\t\t\t<\/figure>\n\t\t\t\t\t\t\t\t\t<\/div>\n\t\t\t\t<\/div>\n\t\t\t\t<div class=\"elementor-element elementor-element-232906b elementor-widget elementor-widget-menu-anchor\" data-id=\"232906b\" data-element_type=\"widget\" data-e-type=\"widget\" data-widget_type=\"menu-anchor.default\">\n\t\t\t\t<div class=\"elementor-widget-container\">\n\t\t\t\t\t\t\t<div class=\"elementor-menu-anchor\" id=\"c7111\"><\/div>\n\t\t\t\t\t\t<\/div>\n\t\t\t\t<\/div>\n\t\t\t\t<div class=\"elementor-element elementor-element-9df79ab elementor-widget elementor-widget-image\" data-id=\"9df79ab\" data-element_type=\"widget\" data-e-type=\"widget\" data-widget_type=\"image.default\">\n\t\t\t\t<div class=\"elementor-widget-container\">\n\t\t\t\t\t\t\t\t\t\t\t\t<figure class=\"wp-caption\">\n\t\t\t\t\t\t\t\t\t\t<img loading=\"lazy\" decoding=\"async\" width=\"768\" height=\"512\" src=\"https:\/\/www.elturistatranquil.com\/wp-content\/uploads\/F97-Capilla-del-Santisimo-Cristo-de-la-Sangre-Torrijos-Toledo.jpg\" class=\"attachment-large size-large wp-image-38219\" alt=\"Capilla del Sant\u00edsimo Cristo de la Sangre, Torrijos, Toledo\" srcset=\"https:\/\/www.elturistatranquil.com\/wp-content\/uploads\/F97-Capilla-del-Santisimo-Cristo-de-la-Sangre-Torrijos-Toledo.jpg 768w, https:\/\/www.elturistatranquil.com\/wp-content\/uploads\/F97-Capilla-del-Santisimo-Cristo-de-la-Sangre-Torrijos-Toledo-339x226.jpg 339w\" sizes=\"(max-width: 768px) 100vw, 768px\" \/>\t\t\t\t\t\t\t\t\t\t\t<figcaption class=\"widget-image-caption wp-caption-text\"><\/figcaption>\n\t\t\t\t\t\t\t\t\t\t<\/figure>\n\t\t\t\t\t\t\t\t\t<\/div>\n\t\t\t\t<\/div>\n\t\t\t\t<div class=\"elementor-element elementor-element-8ea8bee elementor-widget elementor-widget-heading\" data-id=\"8ea8bee\" data-element_type=\"widget\" data-e-type=\"widget\" data-widget_type=\"heading.default\">\n\t\t\t\t<div class=\"elementor-widget-container\">\n\t\t\t\t\t<h3 class=\"elementor-heading-title elementor-size-default\">Pla\u00e7a d\u00b4Espanya. Antic Ajuntament<\/h3>\t\t\t\t<\/div>\n\t\t\t\t<\/div>\n\t\t\t\t<div class=\"elementor-element elementor-element-b645a4c elementor-widget elementor-widget-text-editor\" data-id=\"b645a4c\" data-element_type=\"widget\" data-e-type=\"widget\" data-widget_type=\"text-editor.default\">\n\t\t\t\t<div class=\"elementor-widget-container\">\n\t\t\t\t\t\t\t\t\t<p>La <strong>Pla\u00e7a d&#8217;Espanya<\/strong> (<strong>6<\/strong>) es va construir al segle XVI, als temps de Gutierre de C\u00e1rdenas.<\/p><p>Tot i que ha patit diverses reformes, l&#8217;<strong>antiga Casa de la Vila<\/strong> sempre ha estat al mateix lloc, amb la fa\u00e7ana orientada cap al sud. L&#8217;edifici actual es va reconstruir totalment al segle XX, mitjan\u00e7ant una subscripci\u00f3 popular.<\/p>\t\t\t\t\t\t\t\t<\/div>\n\t\t\t\t<\/div>\n\t\t\t\t<div class=\"elementor-element elementor-element-3d7e33d elementor-widget elementor-widget-image\" data-id=\"3d7e33d\" data-element_type=\"widget\" data-e-type=\"widget\" data-widget_type=\"image.default\">\n\t\t\t\t<div class=\"elementor-widget-container\">\n\t\t\t\t\t\t\t\t\t\t\t\t<figure class=\"wp-caption\">\n\t\t\t\t\t\t\t\t\t\t<img loading=\"lazy\" decoding=\"async\" width=\"768\" height=\"511\" src=\"https:\/\/www.elturistatranquil.com\/wp-content\/uploads\/F98-Plaza-de-Espana-Torrijos-Toledo.jpg\" class=\"attachment-large size-large wp-image-38221\" alt=\"Plaza de Espa\u00f1a, Torrijos, Toledo\" srcset=\"https:\/\/www.elturistatranquil.com\/wp-content\/uploads\/F98-Plaza-de-Espana-Torrijos-Toledo.jpg 768w, https:\/\/www.elturistatranquil.com\/wp-content\/uploads\/F98-Plaza-de-Espana-Torrijos-Toledo-339x226.jpg 339w\" sizes=\"(max-width: 768px) 100vw, 768px\" \/>\t\t\t\t\t\t\t\t\t\t\t<figcaption class=\"widget-image-caption wp-caption-text\"><\/figcaption>\n\t\t\t\t\t\t\t\t\t\t<\/figure>\n\t\t\t\t\t\t\t\t\t<\/div>\n\t\t\t\t<\/div>\n\t\t\t\t<div class=\"elementor-element elementor-element-0ef2be9 elementor-widget elementor-widget-text-editor\" data-id=\"0ef2be9\" data-element_type=\"widget\" data-e-type=\"widget\" data-widget_type=\"text-editor.default\">\n\t\t\t\t<div class=\"elementor-widget-container\">\n\t\t\t\t\t\t\t\t\t<p>Pla\u00e7a parcialment amb porxos.<\/p>\t\t\t\t\t\t\t\t<\/div>\n\t\t\t\t<\/div>\n\t\t\t\t<div class=\"elementor-element elementor-element-f1ccc19 elementor-widget elementor-widget-image\" data-id=\"f1ccc19\" data-element_type=\"widget\" data-e-type=\"widget\" data-widget_type=\"image.default\">\n\t\t\t\t<div class=\"elementor-widget-container\">\n\t\t\t\t\t\t\t\t\t\t\t\t<figure class=\"wp-caption\">\n\t\t\t\t\t\t\t\t\t\t<img loading=\"lazy\" decoding=\"async\" width=\"768\" height=\"511\" src=\"https:\/\/www.elturistatranquil.com\/wp-content\/uploads\/F99-Plaza-de-Espana-Torrijos-Toledo.jpg\" class=\"attachment-large size-large wp-image-38223\" alt=\"Plaza de Espa\u00f1a, Torrijos, Toledo\" srcset=\"https:\/\/www.elturistatranquil.com\/wp-content\/uploads\/F99-Plaza-de-Espana-Torrijos-Toledo.jpg 768w, https:\/\/www.elturistatranquil.com\/wp-content\/uploads\/F99-Plaza-de-Espana-Torrijos-Toledo-339x226.jpg 339w\" sizes=\"(max-width: 768px) 100vw, 768px\" \/>\t\t\t\t\t\t\t\t\t\t\t<figcaption class=\"widget-image-caption wp-caption-text\"><\/figcaption>\n\t\t\t\t\t\t\t\t\t\t<\/figure>\n\t\t\t\t\t\t\t\t\t<\/div>\n\t\t\t\t<\/div>\n\t\t\t\t<div class=\"elementor-element elementor-element-981b00c elementor-widget elementor-widget-menu-anchor\" data-id=\"981b00c\" data-element_type=\"widget\" data-e-type=\"widget\" data-widget_type=\"menu-anchor.default\">\n\t\t\t\t<div class=\"elementor-widget-container\">\n\t\t\t\t\t\t\t<div class=\"elementor-menu-anchor\" id=\"c7112\"><\/div>\n\t\t\t\t\t\t<\/div>\n\t\t\t\t<\/div>\n\t\t\t\t<div class=\"elementor-element elementor-element-152eb39 elementor-widget elementor-widget-image\" data-id=\"152eb39\" data-element_type=\"widget\" data-e-type=\"widget\" data-widget_type=\"image.default\">\n\t\t\t\t<div class=\"elementor-widget-container\">\n\t\t\t\t\t\t\t\t\t\t\t\t<figure class=\"wp-caption\">\n\t\t\t\t\t\t\t\t\t\t<img loading=\"lazy\" decoding=\"async\" width=\"768\" height=\"512\" src=\"https:\/\/www.elturistatranquil.com\/wp-content\/uploads\/F100-Ayuntamiento-viejo-Torrijos-Toledo.jpg\" class=\"attachment-large size-large wp-image-38225\" alt=\"Ayuntamiento viejo, Torrijos, Toledo\" srcset=\"https:\/\/www.elturistatranquil.com\/wp-content\/uploads\/F100-Ayuntamiento-viejo-Torrijos-Toledo.jpg 768w, https:\/\/www.elturistatranquil.com\/wp-content\/uploads\/F100-Ayuntamiento-viejo-Torrijos-Toledo-339x226.jpg 339w\" sizes=\"(max-width: 768px) 100vw, 768px\" \/>\t\t\t\t\t\t\t\t\t\t\t<figcaption class=\"widget-image-caption wp-caption-text\"><\/figcaption>\n\t\t\t\t\t\t\t\t\t\t<\/figure>\n\t\t\t\t\t\t\t\t\t<\/div>\n\t\t\t\t<\/div>\n\t\t\t\t<div class=\"elementor-element elementor-element-97090ab elementor-widget elementor-widget-heading\" data-id=\"97090ab\" data-element_type=\"widget\" data-e-type=\"widget\" data-widget_type=\"heading.default\">\n\t\t\t\t<div class=\"elementor-widget-container\">\n\t\t\t\t\t<h3 class=\"elementor-heading-title elementor-size-default\">Carrer Major<\/h3>\t\t\t\t<\/div>\n\t\t\t\t<\/div>\n\t\t\t\t<div class=\"elementor-element elementor-element-925330c elementor-widget elementor-widget-text-editor\" data-id=\"925330c\" data-element_type=\"widget\" data-e-type=\"widget\" data-widget_type=\"text-editor.default\">\n\t\t\t\t<div class=\"elementor-widget-container\">\n\t\t\t\t\t\t\t\t\t<p>Al nord de la pla\u00e7a d&#8217;Espanya, darrere de l&#8217;antic Ajuntament, transcorre el <strong>carrer Major<\/strong> (<strong>7<\/strong>), des de la Col\u00b7legiata fins a l&#8217;<strong>avinguda de l&#8217;Estaci\u00f3<\/strong>.<\/p><p>Com escau, hist\u00f2ricament era el carrer m\u00e9s important i on se situava preferentment l&#8217;activitat comercial. Com \u00e9s habitual que passi a les localitats que han experimentat importants creixements de la seva trama urbana m\u00e9s enll\u00e0 dels l\u00edmits de les muralles, quan en disposaven, el centre comercial i de serveis es despla\u00e7a cap a les \u00e0rees de nova centralitat.<\/p><p>A Torrijos aix\u00f2 ha passat, especialment a partir de la segona meitat del segle XX, despla\u00e7ant-se cap a l&#8217;<strong>avinguda de l&#8217;Estaci\u00f3<\/strong>, mentre que els darrers anys, l&#8217;expansi\u00f3 dels grans supermercats es despla\u00e7a preferentment cap a la perif\u00e8ria, buscant grans superf\u00edcies de terreny on ubicar-se amb aparcaments, i ho ha fet cap al nord seguint el <strong>carrer del Tejar<\/strong> i l&#8217;enlla\u00e7 amb l&#8217;<strong>autovia A-40<\/strong>.<\/p>\t\t\t\t\t\t\t\t<\/div>\n\t\t\t\t<\/div>\n\t\t\t\t<div class=\"elementor-element elementor-element-c3674d4 elementor-widget elementor-widget-image\" data-id=\"c3674d4\" data-element_type=\"widget\" data-e-type=\"widget\" data-widget_type=\"image.default\">\n\t\t\t\t<div class=\"elementor-widget-container\">\n\t\t\t\t\t\t\t\t\t\t\t\t<figure class=\"wp-caption\">\n\t\t\t\t\t\t\t\t\t\t<img loading=\"lazy\" decoding=\"async\" width=\"768\" height=\"511\" src=\"https:\/\/www.elturistatranquil.com\/wp-content\/uploads\/F101-Calle-Mayor-Torrijos-Toledo.jpg\" class=\"attachment-large size-large wp-image-38227\" alt=\"Calle Mayor, Torrijos, Toledo\" srcset=\"https:\/\/www.elturistatranquil.com\/wp-content\/uploads\/F101-Calle-Mayor-Torrijos-Toledo.jpg 768w, https:\/\/www.elturistatranquil.com\/wp-content\/uploads\/F101-Calle-Mayor-Torrijos-Toledo-339x226.jpg 339w\" sizes=\"(max-width: 768px) 100vw, 768px\" \/>\t\t\t\t\t\t\t\t\t\t\t<figcaption class=\"widget-image-caption wp-caption-text\"><\/figcaption>\n\t\t\t\t\t\t\t\t\t\t<\/figure>\n\t\t\t\t\t\t\t\t\t<\/div>\n\t\t\t\t<\/div>\n\t\t\t\t<div class=\"elementor-element elementor-element-8467d6a elementor-widget elementor-widget-text-editor\" data-id=\"8467d6a\" data-element_type=\"widget\" data-e-type=\"widget\" data-widget_type=\"text-editor.default\">\n\t\t\t\t<div class=\"elementor-widget-container\">\n\t\t\t\t\t\t\t\t\t<p>Al carrer Major podem trobar encara edificis hist\u00f2rics. Per\u00f2 ja no es veuen anunciades les botigues de \u201ccoloniales\u201d i \u201cultramarinos\u201d.<\/p>\t\t\t\t\t\t\t\t<\/div>\n\t\t\t\t<\/div>\n\t\t\t\t<div class=\"elementor-element elementor-element-d2f6008 elementor-widget elementor-widget-image\" data-id=\"d2f6008\" data-element_type=\"widget\" data-e-type=\"widget\" data-widget_type=\"image.default\">\n\t\t\t\t<div class=\"elementor-widget-container\">\n\t\t\t\t\t\t\t\t\t\t\t\t<figure class=\"wp-caption\">\n\t\t\t\t\t\t\t\t\t\t<img loading=\"lazy\" decoding=\"async\" width=\"768\" height=\"511\" src=\"https:\/\/www.elturistatranquil.com\/wp-content\/uploads\/F102-Calle-Mayor-Torrijos-Toledo.jpg\" class=\"attachment-large size-large wp-image-38229\" alt=\"Calle Mayor, Torrijos, Toledo\" srcset=\"https:\/\/www.elturistatranquil.com\/wp-content\/uploads\/F102-Calle-Mayor-Torrijos-Toledo.jpg 768w, https:\/\/www.elturistatranquil.com\/wp-content\/uploads\/F102-Calle-Mayor-Torrijos-Toledo-339x226.jpg 339w\" sizes=\"(max-width: 768px) 100vw, 768px\" \/>\t\t\t\t\t\t\t\t\t\t\t<figcaption class=\"widget-image-caption wp-caption-text\"><\/figcaption>\n\t\t\t\t\t\t\t\t\t\t<\/figure>\n\t\t\t\t\t\t\t\t\t<\/div>\n\t\t\t\t<\/div>\n\t\t\t\t<div class=\"elementor-element elementor-element-6e8a51d elementor-widget elementor-widget-menu-anchor\" data-id=\"6e8a51d\" data-element_type=\"widget\" data-e-type=\"widget\" data-widget_type=\"menu-anchor.default\">\n\t\t\t\t<div class=\"elementor-widget-container\">\n\t\t\t\t\t\t\t<div class=\"elementor-menu-anchor\" id=\"c7113\"><\/div>\n\t\t\t\t\t\t<\/div>\n\t\t\t\t<\/div>\n\t\t\t\t<div class=\"elementor-element elementor-element-8b761d7 elementor-widget elementor-widget-image\" data-id=\"8b761d7\" data-element_type=\"widget\" data-e-type=\"widget\" data-widget_type=\"image.default\">\n\t\t\t\t<div class=\"elementor-widget-container\">\n\t\t\t\t\t\t\t\t\t\t\t\t<figure class=\"wp-caption\">\n\t\t\t\t\t\t\t\t\t\t<img loading=\"lazy\" decoding=\"async\" width=\"768\" height=\"511\" src=\"https:\/\/www.elturistatranquil.com\/wp-content\/uploads\/F103-Calle-Mayor-Torrijos-Toledo.jpg\" class=\"attachment-large size-large wp-image-38231\" alt=\"Calle Mayor, Torrijos, Toledo\" srcset=\"https:\/\/www.elturistatranquil.com\/wp-content\/uploads\/F103-Calle-Mayor-Torrijos-Toledo.jpg 768w, https:\/\/www.elturistatranquil.com\/wp-content\/uploads\/F103-Calle-Mayor-Torrijos-Toledo-339x226.jpg 339w\" sizes=\"(max-width: 768px) 100vw, 768px\" \/>\t\t\t\t\t\t\t\t\t\t\t<figcaption class=\"widget-image-caption wp-caption-text\"><\/figcaption>\n\t\t\t\t\t\t\t\t\t\t<\/figure>\n\t\t\t\t\t\t\t\t\t<\/div>\n\t\t\t\t<\/div>\n\t\t\t\t<div class=\"elementor-element elementor-element-ebf0778 elementor-widget elementor-widget-heading\" data-id=\"ebf0778\" data-element_type=\"widget\" data-e-type=\"widget\" data-widget_type=\"heading.default\">\n\t\t\t\t<div class=\"elementor-widget-container\">\n\t\t\t\t\t<h3 class=\"elementor-heading-title elementor-size-default\">Estaci\u00f3 de Ferrocarril. Carrer de l'Estaci\u00f3<\/h3>\t\t\t\t<\/div>\n\t\t\t\t<\/div>\n\t\t\t\t<div class=\"elementor-element elementor-element-1a58523 elementor-widget elementor-widget-text-editor\" data-id=\"1a58523\" data-element_type=\"widget\" data-e-type=\"widget\" data-widget_type=\"text-editor.default\">\n\t\t\t\t<div class=\"elementor-widget-container\">\n\t\t\t\t\t\t\t\t\t<p>Ja a l&#8217;<strong>avinguda de l&#8217;Estaci\u00f3<\/strong> em dirigeixo en direcci\u00f3 sud cap a l&#8217; <strong>estaci\u00f3 del Ferrocarril<\/strong> (<strong>8<\/strong>).<\/p>\t\t\t\t\t\t\t\t<\/div>\n\t\t\t\t<\/div>\n\t\t\t\t<div class=\"elementor-element elementor-element-c9f417d elementor-widget elementor-widget-image\" data-id=\"c9f417d\" data-element_type=\"widget\" data-e-type=\"widget\" data-widget_type=\"image.default\">\n\t\t\t\t<div class=\"elementor-widget-container\">\n\t\t\t\t\t\t\t\t\t\t\t\t<figure class=\"wp-caption\">\n\t\t\t\t\t\t\t\t\t\t<img loading=\"lazy\" decoding=\"async\" width=\"768\" height=\"511\" src=\"https:\/\/www.elturistatranquil.com\/wp-content\/uploads\/F104-Calle-de-la-Estacion-Torrijos-Toledo.jpg\" class=\"attachment-large size-large wp-image-38233\" alt=\"Calle de la Estacion, Torrijos, Toledo\" srcset=\"https:\/\/www.elturistatranquil.com\/wp-content\/uploads\/F104-Calle-de-la-Estacion-Torrijos-Toledo.jpg 768w, https:\/\/www.elturistatranquil.com\/wp-content\/uploads\/F104-Calle-de-la-Estacion-Torrijos-Toledo-339x226.jpg 339w\" sizes=\"(max-width: 768px) 100vw, 768px\" \/>\t\t\t\t\t\t\t\t\t\t\t<figcaption class=\"widget-image-caption wp-caption-text\"><\/figcaption>\n\t\t\t\t\t\t\t\t\t\t<\/figure>\n\t\t\t\t\t\t\t\t\t<\/div>\n\t\t\t\t<\/div>\n\t\t\t\t<div class=\"elementor-element elementor-element-d546237 elementor-widget elementor-widget-image\" data-id=\"d546237\" data-element_type=\"widget\" data-e-type=\"widget\" data-widget_type=\"image.default\">\n\t\t\t\t<div class=\"elementor-widget-container\">\n\t\t\t\t\t\t\t\t\t\t\t\t<figure class=\"wp-caption\">\n\t\t\t\t\t\t\t\t\t\t<img loading=\"lazy\" decoding=\"async\" width=\"768\" height=\"512\" src=\"https:\/\/www.elturistatranquil.com\/wp-content\/uploads\/F105-Calle-de-la-Estacion-Torrijos-Toledo.jpg\" class=\"attachment-large size-large wp-image-38235\" alt=\"Calle de la Estacion, Torrijos, Toledo\" srcset=\"https:\/\/www.elturistatranquil.com\/wp-content\/uploads\/F105-Calle-de-la-Estacion-Torrijos-Toledo.jpg 768w, https:\/\/www.elturistatranquil.com\/wp-content\/uploads\/F105-Calle-de-la-Estacion-Torrijos-Toledo-339x226.jpg 339w\" sizes=\"(max-width: 768px) 100vw, 768px\" \/>\t\t\t\t\t\t\t\t\t\t\t<figcaption class=\"widget-image-caption wp-caption-text\"><\/figcaption>\n\t\t\t\t\t\t\t\t\t\t<\/figure>\n\t\t\t\t\t\t\t\t\t<\/div>\n\t\t\t\t<\/div>\n\t\t\t\t<div class=\"elementor-element elementor-element-bceb8b3 elementor-widget elementor-widget-text-editor\" data-id=\"bceb8b3\" data-element_type=\"widget\" data-e-type=\"widget\" data-widget_type=\"text-editor.default\">\n\t\t\t\t<div class=\"elementor-widget-container\">\n\t\t\t\t\t\t\t\t\t<p>La l\u00ednia de ferrocarril de Madrid a Torrijos, es va acabar el juny de 1876, integrat a la l\u00ednia Madrid-C\u00e0ceres.<\/p><p>Disposar d&#8217;estaci\u00f3 de ferrocarril ja des del segle XIX significava poder incrementar la seva activitat econ\u00f2mica i comercial i, per tant, potenciar la riquesa i la prosperitat de les localitats amb estaci\u00f3 de ferrocarril.<\/p><p>L&#8217;edifici de l&#8217;estaci\u00f3 es construeix aprofitant algunes pedres del monestir francisc\u00e0 desaparegut que quedava just a l&#8217;altra banda de les vies.<\/p><p>El seu estil \u00e9s anomenat historicista o d&#8217;\u00e8poca. \u00c9s una edificaci\u00f3 de pedra <em>berroque\u00f1a<\/em> (granit de la Serra de Guadarrama), amb dues al\u00e7ades que ofereixen una s\u00e8rie de portes i finestres amb arcs de mig punt. A banda i banda, dues depend\u00e8ncies m\u00e9s a la mateixa altura de la primera planta.<\/p>\t\t\t\t\t\t\t\t<\/div>\n\t\t\t\t<\/div>\n\t\t\t\t<div class=\"elementor-element elementor-element-1217e85 elementor-widget elementor-widget-image\" data-id=\"1217e85\" data-element_type=\"widget\" data-e-type=\"widget\" data-widget_type=\"image.default\">\n\t\t\t\t<div class=\"elementor-widget-container\">\n\t\t\t\t\t\t\t\t\t\t\t\t<figure class=\"wp-caption\">\n\t\t\t\t\t\t\t\t\t\t<img loading=\"lazy\" decoding=\"async\" width=\"768\" height=\"512\" src=\"https:\/\/www.elturistatranquil.com\/wp-content\/uploads\/F106-Estacion-de-Torrijos-Toledo.jpg\" class=\"attachment-large size-large wp-image-38237\" alt=\"Estacion de Torrijos, Toledo\" srcset=\"https:\/\/www.elturistatranquil.com\/wp-content\/uploads\/F106-Estacion-de-Torrijos-Toledo.jpg 768w, https:\/\/www.elturistatranquil.com\/wp-content\/uploads\/F106-Estacion-de-Torrijos-Toledo-339x226.jpg 339w\" sizes=\"(max-width: 768px) 100vw, 768px\" \/>\t\t\t\t\t\t\t\t\t\t\t<figcaption class=\"widget-image-caption wp-caption-text\"><\/figcaption>\n\t\t\t\t\t\t\t\t\t\t<\/figure>\n\t\t\t\t\t\t\t\t\t<\/div>\n\t\t\t\t<\/div>\n\t\t\t\t<div class=\"elementor-element elementor-element-f96eff0 elementor-widget elementor-widget-image\" data-id=\"f96eff0\" data-element_type=\"widget\" data-e-type=\"widget\" data-widget_type=\"image.default\">\n\t\t\t\t<div class=\"elementor-widget-container\">\n\t\t\t\t\t\t\t\t\t\t\t\t<figure class=\"wp-caption\">\n\t\t\t\t\t\t\t\t\t\t<img loading=\"lazy\" decoding=\"async\" width=\"768\" height=\"511\" src=\"https:\/\/www.elturistatranquil.com\/wp-content\/uploads\/F107-Estacion-de-Torrijos-Toledo.jpg\" class=\"attachment-large size-large wp-image-38239\" alt=\"Estacion de Torrijos, Toledo\" srcset=\"https:\/\/www.elturistatranquil.com\/wp-content\/uploads\/F107-Estacion-de-Torrijos-Toledo.jpg 768w, https:\/\/www.elturistatranquil.com\/wp-content\/uploads\/F107-Estacion-de-Torrijos-Toledo-339x226.jpg 339w\" sizes=\"(max-width: 768px) 100vw, 768px\" \/>\t\t\t\t\t\t\t\t\t\t\t<figcaption class=\"widget-image-caption wp-caption-text\"><\/figcaption>\n\t\t\t\t\t\t\t\t\t\t<\/figure>\n\t\t\t\t\t\t\t\t\t<\/div>\n\t\t\t\t<\/div>\n\t\t\t\t<div class=\"elementor-element elementor-element-ea0eb8d elementor-widget elementor-widget-image\" data-id=\"ea0eb8d\" data-element_type=\"widget\" data-e-type=\"widget\" data-widget_type=\"image.default\">\n\t\t\t\t<div class=\"elementor-widget-container\">\n\t\t\t\t\t\t\t\t\t\t\t\t<figure class=\"wp-caption\">\n\t\t\t\t\t\t\t\t\t\t<img loading=\"lazy\" decoding=\"async\" width=\"768\" height=\"511\" src=\"https:\/\/www.elturistatranquil.com\/wp-content\/uploads\/F108-Estacion-de-Torrijos-Toledo.jpg\" class=\"attachment-large size-large wp-image-38241\" alt=\"Estacion de Torrijos, Toledo\" srcset=\"https:\/\/www.elturistatranquil.com\/wp-content\/uploads\/F108-Estacion-de-Torrijos-Toledo.jpg 768w, https:\/\/www.elturistatranquil.com\/wp-content\/uploads\/F108-Estacion-de-Torrijos-Toledo-339x226.jpg 339w\" sizes=\"(max-width: 768px) 100vw, 768px\" \/>\t\t\t\t\t\t\t\t\t\t\t<figcaption class=\"widget-image-caption wp-caption-text\"><\/figcaption>\n\t\t\t\t\t\t\t\t\t\t<\/figure>\n\t\t\t\t\t\t\t\t\t<\/div>\n\t\t\t\t<\/div>\n\t\t\t\t<div class=\"elementor-element elementor-element-0e969fe elementor-widget elementor-widget-text-editor\" data-id=\"0e969fe\" data-element_type=\"widget\" data-e-type=\"widget\" data-widget_type=\"text-editor.default\">\n\t\t\t\t<div class=\"elementor-widget-container\">\n\t\t\t\t\t\t\t\t\t<p>A la seva proximitat es van al\u00e7ar dues edificacions significatives. La sitja de blat i la f\u00e0brica de farines Electra.<\/p>\t\t\t\t\t\t\t\t<\/div>\n\t\t\t\t<\/div>\n\t\t\t\t<div class=\"elementor-element elementor-element-c5fa71c elementor-widget elementor-widget-image\" data-id=\"c5fa71c\" data-element_type=\"widget\" data-e-type=\"widget\" data-widget_type=\"image.default\">\n\t\t\t\t<div class=\"elementor-widget-container\">\n\t\t\t\t\t\t\t\t\t\t\t\t<figure class=\"wp-caption\">\n\t\t\t\t\t\t\t\t\t\t<img loading=\"lazy\" decoding=\"async\" width=\"768\" height=\"511\" src=\"https:\/\/www.elturistatranquil.com\/wp-content\/uploads\/F109-Estacion-de-Torrijos-Toledo.jpg\" class=\"attachment-large size-large wp-image-38243\" alt=\"Estacion de Torrijos, Toledo\" srcset=\"https:\/\/www.elturistatranquil.com\/wp-content\/uploads\/F109-Estacion-de-Torrijos-Toledo.jpg 768w, https:\/\/www.elturistatranquil.com\/wp-content\/uploads\/F109-Estacion-de-Torrijos-Toledo-339x226.jpg 339w\" sizes=\"(max-width: 768px) 100vw, 768px\" \/>\t\t\t\t\t\t\t\t\t\t\t<figcaption class=\"widget-image-caption wp-caption-text\"><\/figcaption>\n\t\t\t\t\t\t\t\t\t\t<\/figure>\n\t\t\t\t\t\t\t\t\t<\/div>\n\t\t\t\t<\/div>\n\t\t\t\t<div class=\"elementor-element elementor-element-4bf4189 elementor-widget elementor-widget-text-editor\" data-id=\"4bf4189\" data-element_type=\"widget\" data-e-type=\"widget\" data-widget_type=\"text-editor.default\">\n\t\t\t\t<div class=\"elementor-widget-container\">\n\t\t\t\t\t\t\t\t\t<p>Actualment aquesta l\u00ednia de ferrocarril forma part d&#8217;un tra\u00e7at amb car\u00e8ncies elevades, ja que \u00e9s d&#8217;una sola via i sense electrificar. Hi ha qui veu un futur incert a aquesta l\u00ednia.<\/p>\t\t\t\t\t\t\t\t<\/div>\n\t\t\t\t<\/div>\n\t\t\t\t<div class=\"elementor-element elementor-element-c1da282 elementor-widget elementor-widget-menu-anchor\" data-id=\"c1da282\" data-element_type=\"widget\" data-e-type=\"widget\" data-widget_type=\"menu-anchor.default\">\n\t\t\t\t<div class=\"elementor-widget-container\">\n\t\t\t\t\t\t\t<div class=\"elementor-menu-anchor\" id=\"c7114\"><\/div>\n\t\t\t\t\t\t<\/div>\n\t\t\t\t<\/div>\n\t\t\t\t<div class=\"elementor-element elementor-element-e1f9f77 elementor-widget elementor-widget-image\" data-id=\"e1f9f77\" data-element_type=\"widget\" data-e-type=\"widget\" data-widget_type=\"image.default\">\n\t\t\t\t<div class=\"elementor-widget-container\">\n\t\t\t\t\t\t\t\t\t\t\t\t<figure class=\"wp-caption\">\n\t\t\t\t\t\t\t\t\t\t<img loading=\"lazy\" decoding=\"async\" width=\"768\" height=\"512\" src=\"https:\/\/www.elturistatranquil.com\/wp-content\/uploads\/F110-Estacion-de-Torrijos-Toledo.jpg\" class=\"attachment-large size-large wp-image-38245\" alt=\"Estacion de Torrijos, Toledo\" srcset=\"https:\/\/www.elturistatranquil.com\/wp-content\/uploads\/F110-Estacion-de-Torrijos-Toledo.jpg 768w, https:\/\/www.elturistatranquil.com\/wp-content\/uploads\/F110-Estacion-de-Torrijos-Toledo-339x226.jpg 339w\" sizes=\"(max-width: 768px) 100vw, 768px\" \/>\t\t\t\t\t\t\t\t\t\t\t<figcaption class=\"widget-image-caption wp-caption-text\"><\/figcaption>\n\t\t\t\t\t\t\t\t\t\t<\/figure>\n\t\t\t\t\t\t\t\t\t<\/div>\n\t\t\t\t<\/div>\n\t\t\t\t<div class=\"elementor-element elementor-element-c35cc10 elementor-widget elementor-widget-heading\" data-id=\"c35cc10\" data-element_type=\"widget\" data-e-type=\"widget\" data-widget_type=\"heading.default\">\n\t\t\t\t<div class=\"elementor-widget-container\">\n\t\t\t\t\t<h3 class=\"elementor-heading-title elementor-size-default\">Electra SA, F\u00e0brica de farines i Sitja de blat<\/h3>\t\t\t\t<\/div>\n\t\t\t\t<\/div>\n\t\t\t\t<div class=\"elementor-element elementor-element-af348b8 elementor-widget elementor-widget-text-editor\" data-id=\"af348b8\" data-element_type=\"widget\" data-e-type=\"widget\" data-widget_type=\"text-editor.default\">\n\t\t\t\t<div class=\"elementor-widget-container\">\n\t\t\t\t\t\t\t\t\t<p>\u00c9s interessant valorar el patrimoni econ\u00f2mic\/productiu hist\u00f2ric dels territoris. En aquest camp podem considerar com un tipus espec\u00edfic el <em>patrimoni agropecuari<\/em>, present especialment a les zones rurals i que seria interessant valorar i potenciar com a patrimoni cultural i en la derivada de recurs tur\u00edstic.<\/p><p>En aquest sentit, Torrijos presenta dues figures molt significatives de patrimoni agropecuari. Des de l&#8217;estaci\u00f3 del ferrocarril han sobresortit dues sitges de blat a banda i banda del tra\u00e7at ferroviari.<\/p><p>Al costat nord s&#8217;elevava una sitja de gra amb un color groc p\u00e0l\u00b7lid coronat per un r\u00e8tol vermell en qu\u00e8 es llegeix \u201cElectra\u201d. Correspon a la sitja de la <strong>F\u00e0brica de Harinas Electra, S.A.<\/strong> (<strong>9<\/strong>), que funciona a Torrijos des d&#8217;abans de la Guerra Civil. Aqu\u00ed es podria aplicar el doble qualificatiu de patrimoni agropecuari i industrial.<\/p><p>A la banda sud de la via l&#8217;altra <strong>sitja de cereals<\/strong> (<strong>10<\/strong>) va ser edificada pel Servicio Nacional del Trigo (STN) i ara pertany a l&#8217;Ajuntament. Les seves caracter\u00edstiques arquitect\u00f2niques s\u00f3n similars a les de les altres moltes sitges que el STN va anar al\u00e7ant en nombrosos municipis cerealistes entre 1937 i 1968.<\/p>\t\t\t\t\t\t\t\t<\/div>\n\t\t\t\t<\/div>\n\t\t\t\t<div class=\"elementor-element elementor-element-7313ec1 elementor-widget elementor-widget-menu-anchor\" data-id=\"7313ec1\" data-element_type=\"widget\" data-e-type=\"widget\" data-widget_type=\"menu-anchor.default\">\n\t\t\t\t<div class=\"elementor-widget-container\">\n\t\t\t\t\t\t\t<div class=\"elementor-menu-anchor\" id=\"c7115\"><\/div>\n\t\t\t\t\t\t<\/div>\n\t\t\t\t<\/div>\n\t\t\t\t<div class=\"elementor-element elementor-element-53a61e0 elementor-widget elementor-widget-image\" data-id=\"53a61e0\" data-element_type=\"widget\" data-e-type=\"widget\" data-widget_type=\"image.default\">\n\t\t\t\t<div class=\"elementor-widget-container\">\n\t\t\t\t\t\t\t\t\t\t\t\t<figure class=\"wp-caption\">\n\t\t\t\t\t\t\t\t\t\t<img loading=\"lazy\" decoding=\"async\" width=\"768\" height=\"511\" src=\"https:\/\/www.elturistatranquil.com\/wp-content\/uploads\/F111-Silos-de-Torrijos-Toledo.jpg\" class=\"attachment-large size-large wp-image-38247\" alt=\"Silos de Torrijos, Toledo\" srcset=\"https:\/\/www.elturistatranquil.com\/wp-content\/uploads\/F111-Silos-de-Torrijos-Toledo.jpg 768w, https:\/\/www.elturistatranquil.com\/wp-content\/uploads\/F111-Silos-de-Torrijos-Toledo-339x226.jpg 339w\" sizes=\"(max-width: 768px) 100vw, 768px\" \/>\t\t\t\t\t\t\t\t\t\t\t<figcaption class=\"widget-image-caption wp-caption-text\"><\/figcaption>\n\t\t\t\t\t\t\t\t\t\t<\/figure>\n\t\t\t\t\t\t\t\t\t<\/div>\n\t\t\t\t<\/div>\n\t\t\t\t<div class=\"elementor-element elementor-element-8a3b698 elementor-widget elementor-widget-heading\" data-id=\"8a3b698\" data-element_type=\"widget\" data-e-type=\"widget\" data-widget_type=\"heading.default\">\n\t\t\t\t<div class=\"elementor-widget-container\">\n\t\t\t\t\t<h3 class=\"elementor-heading-title elementor-size-default\">Estaci\u00f3 d'autobusos<\/h3>\t\t\t\t<\/div>\n\t\t\t\t<\/div>\n\t\t\t\t<div class=\"elementor-element elementor-element-c8c2c53 elementor-widget elementor-widget-text-editor\" data-id=\"c8c2c53\" data-element_type=\"widget\" data-e-type=\"widget\" data-widget_type=\"text-editor.default\">\n\t\t\t\t<div class=\"elementor-widget-container\">\n\t\t\t\t\t\t\t\t\t<p>Aprofitant l&#8217;extrem occidental de la zona de l&#8217;estaci\u00f3 ferrovi\u00e0ria s&#8217;ha aixecat una <strong>estaci\u00f3 d&#8217;autobusos<\/strong> moderna i \u00e0mplia (<strong>11<\/strong>). Es nota l&#8217;inter\u00e8s per fer una instal\u00b7laci\u00f3 de qualitat arquitect\u00f2nica amb un toc d\u2019estil postmodern.<\/p>\t\t\t\t\t\t\t\t<\/div>\n\t\t\t\t<\/div>\n\t\t\t\t<div class=\"elementor-element elementor-element-d40b88d elementor-widget elementor-widget-image\" data-id=\"d40b88d\" data-element_type=\"widget\" data-e-type=\"widget\" data-widget_type=\"image.default\">\n\t\t\t\t<div class=\"elementor-widget-container\">\n\t\t\t\t\t\t\t\t\t\t\t\t<figure class=\"wp-caption\">\n\t\t\t\t\t\t\t\t\t\t<img loading=\"lazy\" decoding=\"async\" width=\"768\" height=\"512\" src=\"https:\/\/www.elturistatranquil.com\/wp-content\/uploads\/F112-Estacion-de-autobuses-de-Torrijos-Toledo.jpg\" class=\"attachment-large size-large wp-image-38249\" alt=\"Estacion de autobuses de Torrijos, Toledo\" srcset=\"https:\/\/www.elturistatranquil.com\/wp-content\/uploads\/F112-Estacion-de-autobuses-de-Torrijos-Toledo.jpg 768w, https:\/\/www.elturistatranquil.com\/wp-content\/uploads\/F112-Estacion-de-autobuses-de-Torrijos-Toledo-339x226.jpg 339w\" sizes=\"(max-width: 768px) 100vw, 768px\" \/>\t\t\t\t\t\t\t\t\t\t\t<figcaption class=\"widget-image-caption wp-caption-text\"><\/figcaption>\n\t\t\t\t\t\t\t\t\t\t<\/figure>\n\t\t\t\t\t\t\t\t\t<\/div>\n\t\t\t\t<\/div>\n\t\t\t\t<div class=\"elementor-element elementor-element-23893c6 elementor-widget elementor-widget-menu-anchor\" data-id=\"23893c6\" data-element_type=\"widget\" data-e-type=\"widget\" data-widget_type=\"menu-anchor.default\">\n\t\t\t\t<div class=\"elementor-widget-container\">\n\t\t\t\t\t\t\t<div class=\"elementor-menu-anchor\" id=\"c7116\"><\/div>\n\t\t\t\t\t\t<\/div>\n\t\t\t\t<\/div>\n\t\t\t\t<div class=\"elementor-element elementor-element-dca2d5a elementor-widget elementor-widget-text-editor\" data-id=\"dca2d5a\" data-element_type=\"widget\" data-e-type=\"widget\" data-widget_type=\"text-editor.default\">\n\t\t\t\t<div class=\"elementor-widget-container\">\n\t\t\t\t\t\t\t\t\t<p>No he trobat refer\u00e8ncia sobre aquesta edificaci\u00f3, per\u00f2 considero que \u00e9s un punt on aturar-se, m\u00e9s tenint en compte que es troba al costat del pas a nivell del carrer La Salve, el qual podem travessar per continuar la visita.<\/p>\t\t\t\t\t\t\t\t<\/div>\n\t\t\t\t<\/div>\n\t\t\t\t<div class=\"elementor-element elementor-element-13ba6a8 elementor-widget elementor-widget-heading\" data-id=\"13ba6a8\" data-element_type=\"widget\" data-e-type=\"widget\" data-widget_type=\"heading.default\">\n\t\t\t\t<div class=\"elementor-widget-container\">\n\t\t\t\t\t<h3 class=\"elementor-heading-title elementor-size-default\">Barri de Las Colonias o Colonia Gatell<\/h3>\t\t\t\t<\/div>\n\t\t\t\t<\/div>\n\t\t\t\t<div class=\"elementor-element elementor-element-0dc2d87 elementor-widget elementor-widget-text-editor\" data-id=\"0dc2d87\" data-element_type=\"widget\" data-e-type=\"widget\" data-widget_type=\"text-editor.default\">\n\t\t\t\t<div class=\"elementor-widget-container\">\n\t\t\t\t\t\t\t\t\t<p>A l&#8217;altra banda de la via del ferrocarril, al costat sud, el 1953 per mitj\u00e0 de l&#8217;anomenat Pla de Regions Devastades es va comen\u00e7ar a construir <strong>Las Colonias Viejas<\/strong> (<strong>12<\/strong>). Van ser un total de 132 cases d&#8217;una planta per solucionar el problema de l&#8217;habitatge a Torrijos.<\/p><p>Que tamb\u00e9 se l&#8217;anomeni <strong>Colonia Gatell<\/strong> \u00e9s deu a que va ser un empresari de cognom Gatell l&#8217;encarregat de dur a terme el projecte.<\/p><p>Quasi no perduren cases de planta baixa de la primera construcci\u00f3, per\u00f2 si es mant\u00e9 en certa mesura l&#8217;esperit de nucli de colonitzaci\u00f3 que van caracteritzar les actuacions de l&#8217;Institut Nacional de Colonitzaci\u00f3, tant al tra\u00e7at ortogonal com, per exemple, a la pla\u00e7a quadrangular, la pla\u00e7a de les Col\u00f2nies, amb una Esgl\u00e9sia, (Veure el Post: <a href=\"https:\/\/www.elturistatranquil.com\/ca\/pobles-de-colonitzacio-del-pla-badajoz\/\" target=\"_blank\" rel=\"noopener\">Pobles de Colonitzaci\u00f3 del Pla Badajoz<\/a>).<\/p>\t\t\t\t\t\t\t\t<\/div>\n\t\t\t\t<\/div>\n\t\t\t\t<div class=\"elementor-element elementor-element-0977570 elementor-widget elementor-widget-image\" data-id=\"0977570\" data-element_type=\"widget\" data-e-type=\"widget\" data-widget_type=\"image.default\">\n\t\t\t\t<div class=\"elementor-widget-container\">\n\t\t\t\t\t\t\t\t\t\t\t\t<figure class=\"wp-caption\">\n\t\t\t\t\t\t\t\t\t\t<img loading=\"lazy\" decoding=\"async\" width=\"768\" height=\"513\" src=\"https:\/\/www.elturistatranquil.com\/wp-content\/uploads\/F113-Barrio-de-las-Colonias-Torrijos-Toledo-Google-earth-2021-11-16.jpg\" class=\"attachment-large size-large wp-image-38251\" alt=\"Barrio de las Colonias, Torrijos, Toledo (Google earth 2021-11-16)\" srcset=\"https:\/\/www.elturistatranquil.com\/wp-content\/uploads\/F113-Barrio-de-las-Colonias-Torrijos-Toledo-Google-earth-2021-11-16.jpg 768w, https:\/\/www.elturistatranquil.com\/wp-content\/uploads\/F113-Barrio-de-las-Colonias-Torrijos-Toledo-Google-earth-2021-11-16-339x226.jpg 339w\" sizes=\"(max-width: 768px) 100vw, 768px\" \/>\t\t\t\t\t\t\t\t\t\t\t<figcaption class=\"widget-image-caption wp-caption-text\">(Google earth 2021-11-16)<\/figcaption>\n\t\t\t\t\t\t\t\t\t\t<\/figure>\n\t\t\t\t\t\t\t\t\t<\/div>\n\t\t\t\t<\/div>\n\t\t\t\t<div class=\"elementor-element elementor-element-cf2ea77 elementor-widget elementor-widget-text-editor\" data-id=\"cf2ea77\" data-element_type=\"widget\" data-e-type=\"widget\" data-widget_type=\"text-editor.default\">\n\t\t\t\t<div class=\"elementor-widget-container\">\n\t\t\t\t\t\t\t\t\t<p>Pla\u00e7a de las Colonias i carrer adjacent.<\/p>\t\t\t\t\t\t\t\t<\/div>\n\t\t\t\t<\/div>\n\t\t\t\t<div class=\"elementor-element elementor-element-79fddc5 elementor-widget elementor-widget-image\" data-id=\"79fddc5\" data-element_type=\"widget\" data-e-type=\"widget\" data-widget_type=\"image.default\">\n\t\t\t\t<div class=\"elementor-widget-container\">\n\t\t\t\t\t\t\t\t\t\t\t\t<figure class=\"wp-caption\">\n\t\t\t\t\t\t\t\t\t\t<img loading=\"lazy\" decoding=\"async\" width=\"768\" height=\"511\" src=\"https:\/\/www.elturistatranquil.com\/wp-content\/uploads\/F114-Barrio-de-las-Colonias-Torrijos-Toledo.jpg\" class=\"attachment-large size-large wp-image-38253\" alt=\"Barrio de las Colonias, Torrijos, Toledo\" srcset=\"https:\/\/www.elturistatranquil.com\/wp-content\/uploads\/F114-Barrio-de-las-Colonias-Torrijos-Toledo.jpg 768w, https:\/\/www.elturistatranquil.com\/wp-content\/uploads\/F114-Barrio-de-las-Colonias-Torrijos-Toledo-339x226.jpg 339w\" sizes=\"(max-width: 768px) 100vw, 768px\" \/>\t\t\t\t\t\t\t\t\t\t\t<figcaption class=\"widget-image-caption wp-caption-text\"><\/figcaption>\n\t\t\t\t\t\t\t\t\t\t<\/figure>\n\t\t\t\t\t\t\t\t\t<\/div>\n\t\t\t\t<\/div>\n\t\t\t\t<div class=\"elementor-element elementor-element-37dac9c elementor-widget elementor-widget-image\" data-id=\"37dac9c\" data-element_type=\"widget\" data-e-type=\"widget\" data-widget_type=\"image.default\">\n\t\t\t\t<div class=\"elementor-widget-container\">\n\t\t\t\t\t\t\t\t\t\t\t\t<figure class=\"wp-caption\">\n\t\t\t\t\t\t\t\t\t\t<img loading=\"lazy\" decoding=\"async\" width=\"768\" height=\"511\" src=\"https:\/\/www.elturistatranquil.com\/wp-content\/uploads\/F115-Barrio-de-las-Colonias-Torrijos-Toledo.jpg\" class=\"attachment-large size-large wp-image-38259\" alt=\"Barrio de las Colonias, Torrijos, Toledo\" srcset=\"https:\/\/www.elturistatranquil.com\/wp-content\/uploads\/F115-Barrio-de-las-Colonias-Torrijos-Toledo.jpg 768w, https:\/\/www.elturistatranquil.com\/wp-content\/uploads\/F115-Barrio-de-las-Colonias-Torrijos-Toledo-339x226.jpg 339w\" sizes=\"(max-width: 768px) 100vw, 768px\" \/>\t\t\t\t\t\t\t\t\t\t\t<figcaption class=\"widget-image-caption wp-caption-text\"><\/figcaption>\n\t\t\t\t\t\t\t\t\t\t<\/figure>\n\t\t\t\t\t\t\t\t\t<\/div>\n\t\t\t\t<\/div>\n\t\t\t\t<div class=\"elementor-element elementor-element-b9e31d8 elementor-widget elementor-widget-text-editor\" data-id=\"b9e31d8\" data-element_type=\"widget\" data-e-type=\"widget\" data-widget_type=\"text-editor.default\">\n\t\t\t\t<div class=\"elementor-widget-container\">\n\t\t\t\t\t\t\t\t\t<p>En una Col\u00f2nia, i encara menys si era d&#8217;\u00e8poca franquista, no podia faltar una esgl\u00e9sia, en aquest cas l&#8217;<strong>esgl\u00e9sia Beato P\u00e9rez de Godoy<\/strong>, blanca de l&#8217;estil d&#8217;aquelles col\u00f2nies.<\/p>\t\t\t\t\t\t\t\t<\/div>\n\t\t\t\t<\/div>\n\t\t\t\t<div class=\"elementor-element elementor-element-8fa1647 elementor-widget elementor-widget-menu-anchor\" data-id=\"8fa1647\" data-element_type=\"widget\" data-e-type=\"widget\" data-widget_type=\"menu-anchor.default\">\n\t\t\t\t<div class=\"elementor-widget-container\">\n\t\t\t\t\t\t\t<div class=\"elementor-menu-anchor\" id=\"c7117\"><\/div>\n\t\t\t\t\t\t<\/div>\n\t\t\t\t<\/div>\n\t\t\t\t<div class=\"elementor-element elementor-element-02f7126 elementor-widget elementor-widget-image\" data-id=\"02f7126\" data-element_type=\"widget\" data-e-type=\"widget\" data-widget_type=\"image.default\">\n\t\t\t\t<div class=\"elementor-widget-container\">\n\t\t\t\t\t\t\t\t\t\t\t\t<figure class=\"wp-caption\">\n\t\t\t\t\t\t\t\t\t\t<img loading=\"lazy\" decoding=\"async\" width=\"768\" height=\"511\" src=\"https:\/\/www.elturistatranquil.com\/wp-content\/uploads\/F116-Iglesia-Beato-Perez-de-Godoy-Torrijos-Toledo.jpg\" class=\"attachment-large size-large wp-image-38261\" alt=\"Iglesia Beato P\u00e9rez de Godoy, Torrijos, Toledo\" srcset=\"https:\/\/www.elturistatranquil.com\/wp-content\/uploads\/F116-Iglesia-Beato-Perez-de-Godoy-Torrijos-Toledo.jpg 768w, https:\/\/www.elturistatranquil.com\/wp-content\/uploads\/F116-Iglesia-Beato-Perez-de-Godoy-Torrijos-Toledo-339x226.jpg 339w\" sizes=\"(max-width: 768px) 100vw, 768px\" \/>\t\t\t\t\t\t\t\t\t\t\t<figcaption class=\"widget-image-caption wp-caption-text\"><\/figcaption>\n\t\t\t\t\t\t\t\t\t\t<\/figure>\n\t\t\t\t\t\t\t\t\t<\/div>\n\t\t\t\t<\/div>\n\t\t\t\t<div class=\"elementor-element elementor-element-8c0e656 elementor-widget elementor-widget-heading\" data-id=\"8c0e656\" data-element_type=\"widget\" data-e-type=\"widget\" data-widget_type=\"heading.default\">\n\t\t\t\t<div class=\"elementor-widget-container\">\n\t\t\t\t\t<h3 class=\"elementor-heading-title elementor-size-default\">Jaciment arqueol\u00f2gic de les ru\u00efnes del convent francisc\u00e0 de Santa Mar\u00eda de Jes\u00fas o de San Francisco<\/h3>\t\t\t\t<\/div>\n\t\t\t\t<\/div>\n\t\t\t\t<div class=\"elementor-element elementor-element-574d795 elementor-widget elementor-widget-text-editor\" data-id=\"574d795\" data-element_type=\"widget\" data-e-type=\"widget\" data-widget_type=\"text-editor.default\">\n\t\t\t\t<div class=\"elementor-widget-container\">\n\t\t\t\t\t\t\t\t\t<p>En aquesta mateixa zona sud extramurs el matrimoni C\u00e1rdenas-Enr\u00edquez va fer construir el <strong>convent francisc\u00e0 de Santa Maria de Jes\u00fas o de Sant Francesc<\/strong> (<strong>13<\/strong>), que es troba al <strong>carrer Intemperie<\/strong>.<\/p><p>Se&#8217;l donava per desaparegut, per\u00f2 les obres de fonamentaci\u00f3 d&#8217;un nou edifici van fer aflorar els fonaments del que corresponia a l&#8217;Esgl\u00e9sia.<\/p><p>Es va comen\u00e7ar a construir el 1492 fins el 1502, atribuint-se la seva construcci\u00f3 a Joan Guas, arquitecte del Monestir de Sant Juan de los Reyes, a la manera d&#8217;aquest monestir toled\u00e0. Podia acollir fins a 40 frares. Tenia dos claustres, el menor destinat a l&#8217;abat.<\/p><p>Estaria destinat a pante\u00f3 familiar de la casa de Maqueda, on s&#8217;ubicaria un mausoleu de jaspes i alabastre. Al final, Teresa Enr\u00edquez sembla que va triar un lloc menys ostent\u00f3s, trobant-se el cos incorrupte en una paret, i que est\u00e0 dipositat a l&#8217;actual convent de Concepcionistes (<strong>14<\/strong>).<\/p><p>El saqueig i incendi pels francesos en la seva fugida despr\u00e9s de la batalla de Talavera el 1809, i la desamortitzaci\u00f3 de 1836-1837, van deixar el monestir en ru\u00efnes i finalment demolit el 1873.<\/p><p>Els treballs arqueol\u00f2gics van descobrir nombroses restes humanes i fragments de cer\u00e0mica de diferents \u00e8poques i estils, que van ser dipositats al Museu de Santa Cruz de Toledo. Tamb\u00e9 han aparegut soterraments humans prove\u00efts d&#8217;aixovar.<\/p><p>El disseny seg\u00fcent correspon a una reconstrucci\u00f3 ideal de l&#8217;esgl\u00e9sia de Santa Maria de Jes\u00fas realitzada per Jos\u00e9 Ram\u00f3n Gonz\u00e1lez de la Cal et alt. de l&#8217;Escola d&#8217;Arquitectura de Toledo de la UCM per a l&#8217;Ajuntament de Torrijos .<\/p>\t\t\t\t\t\t\t\t<\/div>\n\t\t\t\t<\/div>\n\t\t\t\t<div class=\"elementor-element elementor-element-9adc88e elementor-widget elementor-widget-image\" data-id=\"9adc88e\" data-element_type=\"widget\" data-e-type=\"widget\" data-widget_type=\"image.default\">\n\t\t\t\t<div class=\"elementor-widget-container\">\n\t\t\t\t\t\t\t\t\t\t\t\t<figure class=\"wp-caption\">\n\t\t\t\t\t\t\t\t\t\t<img loading=\"lazy\" decoding=\"async\" width=\"768\" height=\"511\" src=\"https:\/\/www.elturistatranquil.com\/wp-content\/uploads\/F117-Ruinas-del-convento-de-Santa-Maria-de-Jesus-Torrijos-Toledo.jpg\" class=\"attachment-large size-large wp-image-38263\" alt=\"Ruinas del convento de Santa Mar\u00eda de Jes\u00fas, Torrijos, Toledo\" srcset=\"https:\/\/www.elturistatranquil.com\/wp-content\/uploads\/F117-Ruinas-del-convento-de-Santa-Maria-de-Jesus-Torrijos-Toledo.jpg 768w, https:\/\/www.elturistatranquil.com\/wp-content\/uploads\/F117-Ruinas-del-convento-de-Santa-Maria-de-Jesus-Torrijos-Toledo-339x226.jpg 339w\" sizes=\"(max-width: 768px) 100vw, 768px\" \/>\t\t\t\t\t\t\t\t\t\t\t<figcaption class=\"widget-image-caption wp-caption-text\"><\/figcaption>\n\t\t\t\t\t\t\t\t\t\t<\/figure>\n\t\t\t\t\t\t\t\t\t<\/div>\n\t\t\t\t<\/div>\n\t\t\t\t<div class=\"elementor-element elementor-element-3bc96b0 elementor-widget elementor-widget-text-editor\" data-id=\"3bc96b0\" data-element_type=\"widget\" data-e-type=\"widget\" data-widget_type=\"text-editor.default\">\n\t\t\t\t<div class=\"elementor-widget-container\">\n\t\t\t\t\t\t\t\t\t<p>Sobre el pl\u00e0nol del monestir s&#8217;emmarca en color la part que s&#8217;ha tret a la llum corresponent a tota l&#8217;esgl\u00e9sia i una petita part d&#8217;un claustre.<\/p>\t\t\t\t\t\t\t\t<\/div>\n\t\t\t\t<\/div>\n\t\t\t\t<div class=\"elementor-element elementor-element-256c3d3 elementor-widget elementor-widget-image\" data-id=\"256c3d3\" data-element_type=\"widget\" data-e-type=\"widget\" data-widget_type=\"image.default\">\n\t\t\t\t<div class=\"elementor-widget-container\">\n\t\t\t\t\t\t\t\t\t\t\t\t<figure class=\"wp-caption\">\n\t\t\t\t\t\t\t\t\t\t<img loading=\"lazy\" decoding=\"async\" width=\"768\" height=\"511\" src=\"https:\/\/www.elturistatranquil.com\/wp-content\/uploads\/F118-Ruinas-del-convento-de-Santa-Maria-de-Jesus-Torrijos-Toledo.jpg\" class=\"attachment-large size-large wp-image-38265\" alt=\"Ruinas del convento de Santa Mar\u00eda de Jes\u00fas, Torrijos, Toledo\" srcset=\"https:\/\/www.elturistatranquil.com\/wp-content\/uploads\/F118-Ruinas-del-convento-de-Santa-Maria-de-Jesus-Torrijos-Toledo.jpg 768w, https:\/\/www.elturistatranquil.com\/wp-content\/uploads\/F118-Ruinas-del-convento-de-Santa-Maria-de-Jesus-Torrijos-Toledo-339x226.jpg 339w\" sizes=\"(max-width: 768px) 100vw, 768px\" \/>\t\t\t\t\t\t\t\t\t\t\t<figcaption class=\"widget-image-caption wp-caption-text\"><\/figcaption>\n\t\t\t\t\t\t\t\t\t\t<\/figure>\n\t\t\t\t\t\t\t\t\t<\/div>\n\t\t\t\t<\/div>\n\t\t\t\t<div class=\"elementor-element elementor-element-08dea4e elementor-widget elementor-widget-text-editor\" data-id=\"08dea4e\" data-element_type=\"widget\" data-e-type=\"widget\" data-widget_type=\"text-editor.default\">\n\t\t\t\t<div class=\"elementor-widget-container\">\n\t\t\t\t\t\t\t\t\t<p>Les fotografies seg\u00fcents mostren les restes muse\u00eftzades de la fonamentaci\u00f3 de l&#8217;esgl\u00e9sia que s&#8217;ha recuperat.<\/p>\t\t\t\t\t\t\t\t<\/div>\n\t\t\t\t<\/div>\n\t\t\t\t<div class=\"elementor-element elementor-element-e226362 elementor-widget elementor-widget-image\" data-id=\"e226362\" data-element_type=\"widget\" data-e-type=\"widget\" data-widget_type=\"image.default\">\n\t\t\t\t<div class=\"elementor-widget-container\">\n\t\t\t\t\t\t\t\t\t\t\t\t<figure class=\"wp-caption\">\n\t\t\t\t\t\t\t\t\t\t<img loading=\"lazy\" decoding=\"async\" width=\"768\" height=\"512\" src=\"https:\/\/www.elturistatranquil.com\/wp-content\/uploads\/F119-Ruinas-del-convento-de-Santa-Maria-de-Jesus-Torrijos-Toledo.jpg\" class=\"attachment-large size-large wp-image-38267\" alt=\"Ruinas del convento de Santa Mar\u00eda de Jes\u00fas, Torrijos, Toledo\" srcset=\"https:\/\/www.elturistatranquil.com\/wp-content\/uploads\/F119-Ruinas-del-convento-de-Santa-Maria-de-Jesus-Torrijos-Toledo.jpg 768w, https:\/\/www.elturistatranquil.com\/wp-content\/uploads\/F119-Ruinas-del-convento-de-Santa-Maria-de-Jesus-Torrijos-Toledo-339x226.jpg 339w\" sizes=\"(max-width: 768px) 100vw, 768px\" \/>\t\t\t\t\t\t\t\t\t\t\t<figcaption class=\"widget-image-caption wp-caption-text\"><\/figcaption>\n\t\t\t\t\t\t\t\t\t\t<\/figure>\n\t\t\t\t\t\t\t\t\t<\/div>\n\t\t\t\t<\/div>\n\t\t\t\t<div class=\"elementor-element elementor-element-6586fe7 elementor-widget elementor-widget-image\" data-id=\"6586fe7\" data-element_type=\"widget\" data-e-type=\"widget\" data-widget_type=\"image.default\">\n\t\t\t\t<div class=\"elementor-widget-container\">\n\t\t\t\t\t\t\t\t\t\t\t\t<figure class=\"wp-caption\">\n\t\t\t\t\t\t\t\t\t\t<img loading=\"lazy\" decoding=\"async\" width=\"768\" height=\"512\" src=\"https:\/\/www.elturistatranquil.com\/wp-content\/uploads\/F120-Ruinas-del-convento-de-Santa-Maria-de-Jesus-Torrijos-Toledo.jpg\" class=\"attachment-large size-large wp-image-38269\" alt=\"Ruinas del convento de Santa Mar\u00eda de Jes\u00fas, Torrijos, Toledo\" srcset=\"https:\/\/www.elturistatranquil.com\/wp-content\/uploads\/F120-Ruinas-del-convento-de-Santa-Maria-de-Jesus-Torrijos-Toledo.jpg 768w, https:\/\/www.elturistatranquil.com\/wp-content\/uploads\/F120-Ruinas-del-convento-de-Santa-Maria-de-Jesus-Torrijos-Toledo-339x226.jpg 339w\" sizes=\"(max-width: 768px) 100vw, 768px\" \/>\t\t\t\t\t\t\t\t\t\t\t<figcaption class=\"widget-image-caption wp-caption-text\"><\/figcaption>\n\t\t\t\t\t\t\t\t\t\t<\/figure>\n\t\t\t\t\t\t\t\t\t<\/div>\n\t\t\t\t<\/div>\n\t\t\t\t<div class=\"elementor-element elementor-element-e87e1e3 elementor-widget elementor-widget-menu-anchor\" data-id=\"e87e1e3\" data-element_type=\"widget\" data-e-type=\"widget\" data-widget_type=\"menu-anchor.default\">\n\t\t\t\t<div class=\"elementor-widget-container\">\n\t\t\t\t\t\t\t<div class=\"elementor-menu-anchor\" id=\"c7118\"><\/div>\n\t\t\t\t\t\t<\/div>\n\t\t\t\t<\/div>\n\t\t\t\t<div class=\"elementor-element elementor-element-2aa4bb8 elementor-widget elementor-widget-image\" data-id=\"2aa4bb8\" data-element_type=\"widget\" data-e-type=\"widget\" data-widget_type=\"image.default\">\n\t\t\t\t<div class=\"elementor-widget-container\">\n\t\t\t\t\t\t\t\t\t\t\t\t<figure class=\"wp-caption\">\n\t\t\t\t\t\t\t\t\t\t<img loading=\"lazy\" decoding=\"async\" width=\"768\" height=\"512\" src=\"https:\/\/www.elturistatranquil.com\/wp-content\/uploads\/F121-Ruinas-del-convento-de-Santa-Maria-de-Jesus-Torrijos-Toledo.jpg\" class=\"attachment-large size-large wp-image-38271\" alt=\"Ruinas del convento de Santa Mar\u00eda de Jes\u00fas, Torrijos, Toledo\" srcset=\"https:\/\/www.elturistatranquil.com\/wp-content\/uploads\/F121-Ruinas-del-convento-de-Santa-Maria-de-Jesus-Torrijos-Toledo.jpg 768w, https:\/\/www.elturistatranquil.com\/wp-content\/uploads\/F121-Ruinas-del-convento-de-Santa-Maria-de-Jesus-Torrijos-Toledo-339x226.jpg 339w\" sizes=\"(max-width: 768px) 100vw, 768px\" \/>\t\t\t\t\t\t\t\t\t\t\t<figcaption class=\"widget-image-caption wp-caption-text\"><\/figcaption>\n\t\t\t\t\t\t\t\t\t\t<\/figure>\n\t\t\t\t\t\t\t\t\t<\/div>\n\t\t\t\t<\/div>\n\t\t\t\t<div class=\"elementor-element elementor-element-38be38d elementor-widget elementor-widget-heading\" data-id=\"38be38d\" data-element_type=\"widget\" data-e-type=\"widget\" data-widget_type=\"heading.default\">\n\t\t\t\t<div class=\"elementor-widget-container\">\n\t\t\t\t\t<h3 class=\"elementor-heading-title elementor-size-default\">Nou Convent de les Reverendes Mares Concepcionistes Franciscanes<\/h3>\t\t\t\t<\/div>\n\t\t\t\t<\/div>\n\t\t\t\t<div class=\"elementor-element elementor-element-4166c21 elementor-widget elementor-widget-text-editor\" data-id=\"4166c21\" data-element_type=\"widget\" data-e-type=\"widget\" data-widget_type=\"text-editor.default\">\n\t\t\t\t<div class=\"elementor-widget-container\">\n\t\t\t\t\t\t\t\t\t<p>Despr\u00e9s d&#8217;abandonar el 1970 l&#8217;hist\u00f2ric Convent, on ara s&#8217;ubica l&#8217;Ajuntament, i despla\u00e7ar-se a la Puebla de Montalb\u00e1n, les Mares Concepcionistes van tornar a Torrijos, a un edifici de nova construcci\u00f3 al <strong>carrer de Ntra. Sra. del Rosario, 24<\/strong>, on es troba el <strong>Convent de les Reverendes Mares Concepcionistes Franciscanes<\/strong> (<strong>14<\/strong>), amb una esgl\u00e9sia oberta als feligresos. Alg\u00fa em va comentar que el recinte m\u00e9s semblava xalets que un convent.<\/p>\t\t\t\t\t\t\t\t<\/div>\n\t\t\t\t<\/div>\n\t\t\t\t<div class=\"elementor-element elementor-element-efc7107 elementor-widget elementor-widget-image\" data-id=\"efc7107\" data-element_type=\"widget\" data-e-type=\"widget\" data-widget_type=\"image.default\">\n\t\t\t\t<div class=\"elementor-widget-container\">\n\t\t\t\t\t\t\t\t\t\t\t\t<figure class=\"wp-caption\">\n\t\t\t\t\t\t\t\t\t\t<img loading=\"lazy\" decoding=\"async\" width=\"768\" height=\"512\" src=\"https:\/\/www.elturistatranquil.com\/wp-content\/uploads\/F122-Nuevo-Convento-Concepcionistas-Franciscanas-Torrijos-Toledo.jpg\" class=\"attachment-large size-large wp-image-38273\" alt=\"Nuevo Convento Concepcionistas Franciscanas, Torrijos, Toledo\" srcset=\"https:\/\/www.elturistatranquil.com\/wp-content\/uploads\/F122-Nuevo-Convento-Concepcionistas-Franciscanas-Torrijos-Toledo.jpg 768w, https:\/\/www.elturistatranquil.com\/wp-content\/uploads\/F122-Nuevo-Convento-Concepcionistas-Franciscanas-Torrijos-Toledo-339x226.jpg 339w\" sizes=\"(max-width: 768px) 100vw, 768px\" \/>\t\t\t\t\t\t\t\t\t\t\t<figcaption class=\"widget-image-caption wp-caption-text\"><\/figcaption>\n\t\t\t\t\t\t\t\t\t\t<\/figure>\n\t\t\t\t\t\t\t\t\t<\/div>\n\t\t\t\t<\/div>\n\t\t\t\t<div class=\"elementor-element elementor-element-3ee0147 elementor-widget elementor-widget-image\" data-id=\"3ee0147\" data-element_type=\"widget\" data-e-type=\"widget\" data-widget_type=\"image.default\">\n\t\t\t\t<div class=\"elementor-widget-container\">\n\t\t\t\t\t\t\t\t\t\t\t\t<figure class=\"wp-caption\">\n\t\t\t\t\t\t\t\t\t\t<img loading=\"lazy\" decoding=\"async\" width=\"768\" height=\"512\" src=\"https:\/\/www.elturistatranquil.com\/wp-content\/uploads\/F123-Nuevo-Convento-Concepcionistas-Franciscanas-Torrijos-Toledo.jpg\" class=\"attachment-large size-large wp-image-38275\" alt=\"Nuevo Convento Concepcionistas Franciscanas, Torrijos, Toledo\" srcset=\"https:\/\/www.elturistatranquil.com\/wp-content\/uploads\/F123-Nuevo-Convento-Concepcionistas-Franciscanas-Torrijos-Toledo.jpg 768w, https:\/\/www.elturistatranquil.com\/wp-content\/uploads\/F123-Nuevo-Convento-Concepcionistas-Franciscanas-Torrijos-Toledo-339x226.jpg 339w\" sizes=\"(max-width: 768px) 100vw, 768px\" \/>\t\t\t\t\t\t\t\t\t\t\t<figcaption class=\"widget-image-caption wp-caption-text\"><\/figcaption>\n\t\t\t\t\t\t\t\t\t\t<\/figure>\n\t\t\t\t\t\t\t\t\t<\/div>\n\t\t\t\t<\/div>\n\t\t\t\t<div class=\"elementor-element elementor-element-ca4afec elementor-widget elementor-widget-image\" data-id=\"ca4afec\" data-element_type=\"widget\" data-e-type=\"widget\" data-widget_type=\"image.default\">\n\t\t\t\t<div class=\"elementor-widget-container\">\n\t\t\t\t\t\t\t\t\t\t\t\t<figure class=\"wp-caption\">\n\t\t\t\t\t\t\t\t\t\t<img loading=\"lazy\" decoding=\"async\" width=\"768\" height=\"512\" src=\"https:\/\/www.elturistatranquil.com\/wp-content\/uploads\/F124-Nuevo-Convento-Concepcionistas-Franciscanas-Torrijos-Toledo.jpg\" class=\"attachment-large size-large wp-image-38277\" alt=\"Nuevo Convento Concepcionistas Franciscanas, Torrijos, Toledo\" srcset=\"https:\/\/www.elturistatranquil.com\/wp-content\/uploads\/F124-Nuevo-Convento-Concepcionistas-Franciscanas-Torrijos-Toledo.jpg 768w, https:\/\/www.elturistatranquil.com\/wp-content\/uploads\/F124-Nuevo-Convento-Concepcionistas-Franciscanas-Torrijos-Toledo-339x226.jpg 339w\" sizes=\"(max-width: 768px) 100vw, 768px\" \/>\t\t\t\t\t\t\t\t\t\t\t<figcaption class=\"widget-image-caption wp-caption-text\"><\/figcaption>\n\t\t\t\t\t\t\t\t\t\t<\/figure>\n\t\t\t\t\t\t\t\t\t<\/div>\n\t\t\t\t<\/div>\n\t\t\t\t<div class=\"elementor-element elementor-element-c349a0d elementor-widget elementor-widget-text-editor\" data-id=\"c349a0d\" data-element_type=\"widget\" data-e-type=\"widget\" data-widget_type=\"text-editor.default\">\n\t\t\t\t<div class=\"elementor-widget-container\">\n\t\t\t\t\t\t\t\t\t<p>El que \u00e9s interessant \u00e9s que al Convent es troba dipositat el que es considera que \u00e9s el cos incorrupte de Teresa Enr\u00edquez.<\/p><p>Pel que sembla, Teresa havia demanat a Fra Juan de Tolosa, el seu confessor, que de forma secreta es trasllad\u00e9s el seu cos a una \u201cparte oculta, o nicho de pared cerrado\u201d sense cap senyal.<\/p><p>El 1688 es va descobrir un ta\u00fct, dret i sense tapa, encastat a la paret, amb el \u201ccos incorrupte d&#8217;una dona, vestida de vellut, coll alt, cenyida amb una gruixuda corda de Sant Francesc, i sota el vellut, l&#8217;humil h\u00e0bit d&#8217;aquest sant\u201d. Aix\u00f2 coincidia amb les descripcions que es posse\u00efa, per la qual cosa es va deduir que es tractava del cos de Teresa Enr\u00edquez.<\/p><p>Amb tot el respecte, incloc les restes que es veneren discretament adjunt al temple, que nom\u00e9s s\u00f3n mostrades sota petici\u00f3 personal al mateix convent.<\/p>\t\t\t\t\t\t\t\t<\/div>\n\t\t\t\t<\/div>\n\t\t\t\t<div class=\"elementor-element elementor-element-b47b480 elementor-widget elementor-widget-image\" data-id=\"b47b480\" data-element_type=\"widget\" data-e-type=\"widget\" data-widget_type=\"image.default\">\n\t\t\t\t<div class=\"elementor-widget-container\">\n\t\t\t\t\t\t\t\t\t\t\t\t<figure class=\"wp-caption\">\n\t\t\t\t\t\t\t\t\t\t<img loading=\"lazy\" decoding=\"async\" width=\"768\" height=\"512\" src=\"https:\/\/www.elturistatranquil.com\/wp-content\/uploads\/F125-Cuerpo-incorrupto-de-Teresa-Enriquez-Torrijos-Toledo.jpg\" class=\"attachment-large size-large wp-image-38279\" alt=\"Cuerpo incorrupto de Teresa Enriquez, Torrijos, Toledo\" srcset=\"https:\/\/www.elturistatranquil.com\/wp-content\/uploads\/F125-Cuerpo-incorrupto-de-Teresa-Enriquez-Torrijos-Toledo.jpg 768w, https:\/\/www.elturistatranquil.com\/wp-content\/uploads\/F125-Cuerpo-incorrupto-de-Teresa-Enriquez-Torrijos-Toledo-339x226.jpg 339w\" sizes=\"(max-width: 768px) 100vw, 768px\" \/>\t\t\t\t\t\t\t\t\t\t\t<figcaption class=\"widget-image-caption wp-caption-text\"><\/figcaption>\n\t\t\t\t\t\t\t\t\t\t<\/figure>\n\t\t\t\t\t\t\t\t\t<\/div>\n\t\t\t\t<\/div>\n\t\t\t\t<div class=\"elementor-element elementor-element-609a9f2 elementor-widget elementor-widget-menu-anchor\" data-id=\"609a9f2\" data-element_type=\"widget\" data-e-type=\"widget\" data-widget_type=\"menu-anchor.default\">\n\t\t\t\t<div class=\"elementor-widget-container\">\n\t\t\t\t\t\t\t<div class=\"elementor-menu-anchor\" id=\"c7119\"><\/div>\n\t\t\t\t\t\t<\/div>\n\t\t\t\t<\/div>\n\t\t\t\t<div class=\"elementor-element elementor-element-58facdb elementor-widget elementor-widget-text-editor\" data-id=\"58facdb\" data-element_type=\"widget\" data-e-type=\"widget\" data-widget_type=\"text-editor.default\">\n\t\t\t\t<div class=\"elementor-widget-container\">\n\t\t\t\t\t\t\t\t\t<p>El retorn al centre urb\u00e0 es pot fer a trav\u00e9s de la passarel\u00b7la sobre la via f\u00e8rria a la <strong>carretera de Albarreal<\/strong>, davant del camp de futbol. Des de dalt es t\u00e9 una magn\u00edfica imatge de l&#8217;estaci\u00f3 del ferrocarril i de les sitges mirant cap a l&#8217;est, i com s&#8217;allunya la via \u00fanica cap a l&#8217;oest. Algunes de les fotografies d&#8217;aquest apartat van ser fetes des de dalt de la passarel\u00b7la.<\/p>\t\t\t\t\t\t\t\t<\/div>\n\t\t\t\t<\/div>\n\t\t\t\t<div class=\"elementor-element elementor-element-0f75780 elementor-widget elementor-widget-heading\" data-id=\"0f75780\" data-element_type=\"widget\" data-e-type=\"widget\" data-widget_type=\"heading.default\">\n\t\t\t\t<div class=\"elementor-widget-container\">\n\t\t\t\t\t<h2 class=\"elementor-heading-title elementor-size-default\">Ruta d'Art Urb\u00e0 \u00abMAP\u00bb<\/h2>\t\t\t\t<\/div>\n\t\t\t\t<\/div>\n\t\t\t\t<div class=\"elementor-element elementor-element-c168428 elementor-widget elementor-widget-text-editor\" data-id=\"c168428\" data-element_type=\"widget\" data-e-type=\"widget\" data-widget_type=\"text-editor.default\">\n\t\t\t\t<div class=\"elementor-widget-container\">\n\t\t\t\t\t\t\t\t\t<p>El segon bloc de la visita a Torrijos el va constituir cercant i trobant els murals del projecte art\u00edstic i cultural <strong>Ruta d&#8217;Art Urb\u00e0 (MAP),<\/strong> patrocinada per l&#8217;Ajuntament en col\u00b7laboraci\u00f3 amb artistes i ve\u00efns.<\/p><p>Com assenyala un fullet\u00f3 tur\u00edstic, ens proposa una ruta pels carrers de la localitat com a museu a l&#8217;aire lliure i viu, on en blanc i negre o color, les creacions abstractes, caricaturesques, de ci\u00e8ncia ficci\u00f3 o realistes, marcades per l&#8217;esprai , aer\u00f2graf i pinzell, juguin amb la nostra imaginaci\u00f3.<\/p><p>La numeraci\u00f3 que se segueix, en color taronja al pl\u00e0nol inicial de refer\u00e8ncies, \u00e9s l&#8217;assenyalada al pl\u00e0nol que es pot obtenir a l&#8217;Oficina de Turisme, amb les indicacions que s&#8217;hi insereixen.<\/p><p>\u00c9s un museu amb un fort component d&#8217;ef\u00edmer, no nom\u00e9s per la durabilitat de les pintures, sin\u00f3 tamb\u00e9 perqu\u00e8 en estar plasmades moltes en parets mitgeres al costat de solars urbanitzables, a mesura que s&#8217;hi edifiqui les representacions quedaran amagades entre dos edificis . \u00c9s el que ja ha d&#8217;haver succe\u00eft amb la n\u00famero 13, on ja s&#8217;estava al\u00e7ant la seva edificaci\u00f3 en el moment de fer la fotografia.<\/p><p>A continuaci\u00f3, es mostren tots els murals, excepte el n\u00famero 2. Al final n&#8217;he afegit dos m\u00e9s que vaig localitzar espont\u00e0niament durant el recorregut per la vila.<\/p>\t\t\t\t\t\t\t\t<\/div>\n\t\t\t\t<\/div>\n\t\t\t\t<div class=\"elementor-element elementor-element-14b9e5bb elementor-widget elementor-widget-heading\" data-id=\"14b9e5bb\" data-element_type=\"widget\" data-e-type=\"widget\" data-widget_type=\"heading.default\">\n\t\t\t\t<div class=\"elementor-widget-container\">\n\t\t\t\t\t<h4 class=\"elementor-heading-title elementor-size-default\">1. Calentamiento global - Sabotajealmontaje (calle de Huecas con Avda. Doce de Octubre <\/h4>\t\t\t\t<\/div>\n\t\t\t\t<\/div>\n\t\t\t\t<div class=\"elementor-element elementor-element-6219d05 elementor-widget elementor-widget-image\" data-id=\"6219d05\" data-element_type=\"widget\" data-e-type=\"widget\" data-widget_type=\"image.default\">\n\t\t\t\t<div class=\"elementor-widget-container\">\n\t\t\t\t\t\t\t\t\t\t\t\t<figure class=\"wp-caption\">\n\t\t\t\t\t\t\t\t\t\t<img loading=\"lazy\" decoding=\"async\" width=\"768\" height=\"512\" src=\"https:\/\/www.elturistatranquil.com\/wp-content\/uploads\/F126-Calentamiento-global-Sabotajealmontaje-Torrijos-Toledo.jpg\" class=\"attachment-large size-large wp-image-38281\" alt=\"Calentamiento global - Sabotajealmontaje , Torrijos, Toledo\" srcset=\"https:\/\/www.elturistatranquil.com\/wp-content\/uploads\/F126-Calentamiento-global-Sabotajealmontaje-Torrijos-Toledo.jpg 768w, https:\/\/www.elturistatranquil.com\/wp-content\/uploads\/F126-Calentamiento-global-Sabotajealmontaje-Torrijos-Toledo-339x226.jpg 339w\" sizes=\"(max-width: 768px) 100vw, 768px\" \/>\t\t\t\t\t\t\t\t\t\t\t<figcaption class=\"widget-image-caption wp-caption-text\"><\/figcaption>\n\t\t\t\t\t\t\t\t\t\t<\/figure>\n\t\t\t\t\t\t\t\t\t<\/div>\n\t\t\t\t<\/div>\n\t\t\t\t<div class=\"elementor-element elementor-element-4a31e83 elementor-widget elementor-widget-heading\" data-id=\"4a31e83\" data-element_type=\"widget\" data-e-type=\"widget\" data-widget_type=\"heading.default\">\n\t\t\t\t<div class=\"elementor-widget-container\">\n\t\t\t\t\t<h4 class=\"elementor-heading-title elementor-size-default\">2. Responsabilidades - Dan Ferre (Parque de los Descubrimientos) <\/h4>\t\t\t\t<\/div>\n\t\t\t\t<\/div>\n\t\t\t\t<div class=\"elementor-element elementor-element-b64e621 elementor-widget elementor-widget-heading\" data-id=\"b64e621\" data-element_type=\"widget\" data-e-type=\"widget\" data-widget_type=\"heading.default\">\n\t\t\t\t<div class=\"elementor-widget-container\">\n\t\t\t\t\t<h4 class=\"elementor-heading-title elementor-size-default\">3. Lazarillo de Tormes - Jacobo Palos Wey (CEIP lazarillo de Tormes) <\/h4>\t\t\t\t<\/div>\n\t\t\t\t<\/div>\n\t\t\t\t<div class=\"elementor-element elementor-element-d5764bd elementor-widget elementor-widget-image\" data-id=\"d5764bd\" data-element_type=\"widget\" data-e-type=\"widget\" data-widget_type=\"image.default\">\n\t\t\t\t<div class=\"elementor-widget-container\">\n\t\t\t\t\t\t\t\t\t\t\t\t<figure class=\"wp-caption\">\n\t\t\t\t\t\t\t\t\t\t<img loading=\"lazy\" decoding=\"async\" width=\"768\" height=\"512\" src=\"https:\/\/www.elturistatranquil.com\/wp-content\/uploads\/F127-Lazarillo-de-Tormes-Jacobo-Palos-Wey-Torrijos-Toledo.jpg\" class=\"attachment-large size-large wp-image-38283\" alt=\"Lazarillo de Tormes - Jacobo Palos Wey, Torrijos, Toledo\" srcset=\"https:\/\/www.elturistatranquil.com\/wp-content\/uploads\/F127-Lazarillo-de-Tormes-Jacobo-Palos-Wey-Torrijos-Toledo.jpg 768w, https:\/\/www.elturistatranquil.com\/wp-content\/uploads\/F127-Lazarillo-de-Tormes-Jacobo-Palos-Wey-Torrijos-Toledo-339x226.jpg 339w\" sizes=\"(max-width: 768px) 100vw, 768px\" \/>\t\t\t\t\t\t\t\t\t\t\t<figcaption class=\"widget-image-caption wp-caption-text\"><\/figcaption>\n\t\t\t\t\t\t\t\t\t\t<\/figure>\n\t\t\t\t\t\t\t\t\t<\/div>\n\t\t\t\t<\/div>\n\t\t\t\t<div class=\"elementor-element elementor-element-ea07f98 elementor-widget elementor-widget-heading\" data-id=\"ea07f98\" data-element_type=\"widget\" data-e-type=\"widget\" data-widget_type=\"heading.default\">\n\t\t\t\t<div class=\"elementor-widget-container\">\n\t\t\t\t\t<h4 class=\"elementor-heading-title elementor-size-default\">4. Ninfas de la era digital - Kram (Calle Tejar, 54) <\/h4>\t\t\t\t<\/div>\n\t\t\t\t<\/div>\n\t\t\t\t<div class=\"elementor-element elementor-element-2fa7a0e elementor-widget elementor-widget-image\" data-id=\"2fa7a0e\" data-element_type=\"widget\" data-e-type=\"widget\" data-widget_type=\"image.default\">\n\t\t\t\t<div class=\"elementor-widget-container\">\n\t\t\t\t\t\t\t\t\t\t\t\t<figure class=\"wp-caption\">\n\t\t\t\t\t\t\t\t\t\t<img loading=\"lazy\" decoding=\"async\" width=\"768\" height=\"511\" src=\"https:\/\/www.elturistatranquil.com\/wp-content\/uploads\/F128-Ninfas-de-la-era-digital-Kram-Torrijos-Toledo.jpg\" class=\"attachment-large size-large wp-image-38285\" alt=\"Ninfas de la era digital - Kram, Torrijos, Toledo\" srcset=\"https:\/\/www.elturistatranquil.com\/wp-content\/uploads\/F128-Ninfas-de-la-era-digital-Kram-Torrijos-Toledo.jpg 768w, https:\/\/www.elturistatranquil.com\/wp-content\/uploads\/F128-Ninfas-de-la-era-digital-Kram-Torrijos-Toledo-339x226.jpg 339w\" sizes=\"(max-width: 768px) 100vw, 768px\" \/>\t\t\t\t\t\t\t\t\t\t\t<figcaption class=\"widget-image-caption wp-caption-text\"><\/figcaption>\n\t\t\t\t\t\t\t\t\t\t<\/figure>\n\t\t\t\t\t\t\t\t\t<\/div>\n\t\t\t\t<\/div>\n\t\t\t\t<div class=\"elementor-element elementor-element-2adebba elementor-widget elementor-widget-heading\" data-id=\"2adebba\" data-element_type=\"widget\" data-e-type=\"widget\" data-widget_type=\"heading.default\">\n\t\t\t\t<div class=\"elementor-widget-container\">\n\t\t\t\t\t<h4 class=\"elementor-heading-title elementor-size-default\">5. Un mundo posible - Dourone (Camino Huecas con Avda. Estaci\u00f3n) <\/h4>\t\t\t\t<\/div>\n\t\t\t\t<\/div>\n\t\t\t\t<div class=\"elementor-element elementor-element-cd4d41c elementor-widget elementor-widget-image\" data-id=\"cd4d41c\" data-element_type=\"widget\" data-e-type=\"widget\" data-widget_type=\"image.default\">\n\t\t\t\t<div class=\"elementor-widget-container\">\n\t\t\t\t\t\t\t\t\t\t\t\t<figure class=\"wp-caption\">\n\t\t\t\t\t\t\t\t\t\t<img loading=\"lazy\" decoding=\"async\" width=\"768\" height=\"511\" src=\"https:\/\/www.elturistatranquil.com\/wp-content\/uploads\/F129-Un-mundo-posible-Dourone-Torrijos-Toledo.jpg\" class=\"attachment-large size-large wp-image-38287\" alt=\"Un mundo posible - Dourone , Torrijos, Toledo\" srcset=\"https:\/\/www.elturistatranquil.com\/wp-content\/uploads\/F129-Un-mundo-posible-Dourone-Torrijos-Toledo.jpg 768w, https:\/\/www.elturistatranquil.com\/wp-content\/uploads\/F129-Un-mundo-posible-Dourone-Torrijos-Toledo-339x226.jpg 339w\" sizes=\"(max-width: 768px) 100vw, 768px\" \/>\t\t\t\t\t\t\t\t\t\t\t<figcaption class=\"widget-image-caption wp-caption-text\"><\/figcaption>\n\t\t\t\t\t\t\t\t\t\t<\/figure>\n\t\t\t\t\t\t\t\t\t<\/div>\n\t\t\t\t<\/div>\n\t\t\t\t<div class=\"elementor-element elementor-element-e580c92 elementor-widget elementor-widget-heading\" data-id=\"e580c92\" data-element_type=\"widget\" data-e-type=\"widget\" data-widget_type=\"heading.default\">\n\t\t\t\t<div class=\"elementor-widget-container\">\n\t\t\t\t\t<h4 class=\"elementor-heading-title elementor-size-default\">6. Don Wey de la Mancha - Jacobo Palos Wey (calle Cerro Mazacotero, 50)<\/h4>\t\t\t\t<\/div>\n\t\t\t\t<\/div>\n\t\t\t\t<div class=\"elementor-element elementor-element-2940f65 elementor-widget elementor-widget-image\" data-id=\"2940f65\" data-element_type=\"widget\" data-e-type=\"widget\" data-widget_type=\"image.default\">\n\t\t\t\t<div class=\"elementor-widget-container\">\n\t\t\t\t\t\t\t\t\t\t\t\t<figure class=\"wp-caption\">\n\t\t\t\t\t\t\t\t\t\t<img loading=\"lazy\" decoding=\"async\" width=\"768\" height=\"512\" src=\"https:\/\/www.elturistatranquil.com\/wp-content\/uploads\/F130-Don-Wey-de-la-Mancha-Jacobo-Palos-WeyTorrijos-Toledo.jpg\" class=\"attachment-large size-large wp-image-38289\" alt=\"Don Wey de la Mancha - Jacobo Palos Wey,Torrijos, Toledo\" srcset=\"https:\/\/www.elturistatranquil.com\/wp-content\/uploads\/F130-Don-Wey-de-la-Mancha-Jacobo-Palos-WeyTorrijos-Toledo.jpg 768w, https:\/\/www.elturistatranquil.com\/wp-content\/uploads\/F130-Don-Wey-de-la-Mancha-Jacobo-Palos-WeyTorrijos-Toledo-339x226.jpg 339w\" sizes=\"(max-width: 768px) 100vw, 768px\" \/>\t\t\t\t\t\t\t\t\t\t\t<figcaption class=\"widget-image-caption wp-caption-text\"><\/figcaption>\n\t\t\t\t\t\t\t\t\t\t<\/figure>\n\t\t\t\t\t\t\t\t\t<\/div>\n\t\t\t\t<\/div>\n\t\t\t\t<div class=\"elementor-element elementor-element-e40dfd9 elementor-widget elementor-widget-heading\" data-id=\"e40dfd9\" data-element_type=\"widget\" data-e-type=\"widget\" data-widget_type=\"heading.default\">\n\t\t\t\t<div class=\"elementor-widget-container\">\n\t\t\t\t\t<h4 class=\"elementor-heading-title elementor-size-default\">7. Mi inmortal - G\u00f3mez (medianera calle Tejar, 18) <\/h4>\t\t\t\t<\/div>\n\t\t\t\t<\/div>\n\t\t\t\t<div class=\"elementor-element elementor-element-25cbb0c elementor-widget elementor-widget-image\" data-id=\"25cbb0c\" data-element_type=\"widget\" data-e-type=\"widget\" data-widget_type=\"image.default\">\n\t\t\t\t<div class=\"elementor-widget-container\">\n\t\t\t\t\t\t\t\t\t\t\t\t<figure class=\"wp-caption\">\n\t\t\t\t\t\t\t\t\t\t<img loading=\"lazy\" decoding=\"async\" width=\"768\" height=\"511\" src=\"https:\/\/www.elturistatranquil.com\/wp-content\/uploads\/F131-Mi-inmortal-Gomez-Torrijos-Toledo.jpg\" class=\"attachment-large size-large wp-image-38291\" alt=\"Mi inmortal - G\u00f3mez ,Torrijos, Toledo\" srcset=\"https:\/\/www.elturistatranquil.com\/wp-content\/uploads\/F131-Mi-inmortal-Gomez-Torrijos-Toledo.jpg 768w, https:\/\/www.elturistatranquil.com\/wp-content\/uploads\/F131-Mi-inmortal-Gomez-Torrijos-Toledo-339x226.jpg 339w\" sizes=\"(max-width: 768px) 100vw, 768px\" \/>\t\t\t\t\t\t\t\t\t\t\t<figcaption class=\"widget-image-caption wp-caption-text\"><\/figcaption>\n\t\t\t\t\t\t\t\t\t\t<\/figure>\n\t\t\t\t\t\t\t\t\t<\/div>\n\t\t\t\t<\/div>\n\t\t\t\t<div class=\"elementor-element elementor-element-d61fe49 elementor-widget elementor-widget-heading\" data-id=\"d61fe49\" data-element_type=\"widget\" data-e-type=\"widget\" data-widget_type=\"heading.default\">\n\t\t\t\t<div class=\"elementor-widget-container\">\n\t\t\t\t\t<h4 class=\"elementor-heading-title elementor-size-default\">8. La carta - Bezt (Calle Hern\u00e1n Cort\u00e9s, 6) <\/h4>\t\t\t\t<\/div>\n\t\t\t\t<\/div>\n\t\t\t\t<div class=\"elementor-element elementor-element-bed72dd elementor-widget elementor-widget-image\" data-id=\"bed72dd\" data-element_type=\"widget\" data-e-type=\"widget\" data-widget_type=\"image.default\">\n\t\t\t\t<div class=\"elementor-widget-container\">\n\t\t\t\t\t\t\t\t\t\t\t\t<figure class=\"wp-caption\">\n\t\t\t\t\t\t\t\t\t\t<img loading=\"lazy\" decoding=\"async\" width=\"768\" height=\"511\" src=\"https:\/\/www.elturistatranquil.com\/wp-content\/uploads\/F132-La-carta-Bezt-Torrijos-Toledo.jpg\" class=\"attachment-large size-large wp-image-38293\" alt=\"La carta - Bezt ,Torrijos, Toledo\" srcset=\"https:\/\/www.elturistatranquil.com\/wp-content\/uploads\/F132-La-carta-Bezt-Torrijos-Toledo.jpg 768w, https:\/\/www.elturistatranquil.com\/wp-content\/uploads\/F132-La-carta-Bezt-Torrijos-Toledo-339x226.jpg 339w\" sizes=\"(max-width: 768px) 100vw, 768px\" \/>\t\t\t\t\t\t\t\t\t\t\t<figcaption class=\"widget-image-caption wp-caption-text\"><\/figcaption>\n\t\t\t\t\t\t\t\t\t\t<\/figure>\n\t\t\t\t\t\t\t\t\t<\/div>\n\t\t\t\t<\/div>\n\t\t\t\t<div class=\"elementor-element elementor-element-f79c8b0 elementor-widget elementor-widget-heading\" data-id=\"f79c8b0\" data-element_type=\"widget\" data-e-type=\"widget\" data-widget_type=\"heading.default\">\n\t\t\t\t<div class=\"elementor-widget-container\">\n\t\t\t\t\t<h4 class=\"elementor-heading-title elementor-size-default\">9. El Azar del destino - Koz Dos [Calle Hermanos Pinz\u00f3n, 8) <\/h4>\t\t\t\t<\/div>\n\t\t\t\t<\/div>\n\t\t\t\t<div class=\"elementor-element elementor-element-95a3019 elementor-widget elementor-widget-image\" data-id=\"95a3019\" data-element_type=\"widget\" data-e-type=\"widget\" data-widget_type=\"image.default\">\n\t\t\t\t<div class=\"elementor-widget-container\">\n\t\t\t\t\t\t\t\t\t\t\t\t<figure class=\"wp-caption\">\n\t\t\t\t\t\t\t\t\t\t<img loading=\"lazy\" decoding=\"async\" width=\"768\" height=\"511\" src=\"https:\/\/www.elturistatranquil.com\/wp-content\/uploads\/F133-El-Azar-del-destino-Koz-Dos-Torrijos-Toledo.jpg\" class=\"attachment-large size-large wp-image-38295\" alt=\"El Azar del destino - Koz Dos ,Torrijos, Toledo\" srcset=\"https:\/\/www.elturistatranquil.com\/wp-content\/uploads\/F133-El-Azar-del-destino-Koz-Dos-Torrijos-Toledo.jpg 768w, https:\/\/www.elturistatranquil.com\/wp-content\/uploads\/F133-El-Azar-del-destino-Koz-Dos-Torrijos-Toledo-339x226.jpg 339w\" sizes=\"(max-width: 768px) 100vw, 768px\" \/>\t\t\t\t\t\t\t\t\t\t\t<figcaption class=\"widget-image-caption wp-caption-text\"><\/figcaption>\n\t\t\t\t\t\t\t\t\t\t<\/figure>\n\t\t\t\t\t\t\t\t\t<\/div>\n\t\t\t\t<\/div>\n\t\t\t\t<div class=\"elementor-element elementor-element-73938bc elementor-widget elementor-widget-heading\" data-id=\"73938bc\" data-element_type=\"widget\" data-e-type=\"widget\" data-widget_type=\"heading.default\">\n\t\t\t\t<div class=\"elementor-widget-container\">\n\t\t\t\t\t<h4 class=\"elementor-heading-title elementor-size-default\">10. Amor radical - Mr. Trazo (Avda. Estaci\u00f3n, 58) <\/h4>\t\t\t\t<\/div>\n\t\t\t\t<\/div>\n\t\t\t\t<div class=\"elementor-element elementor-element-5c93e20 elementor-widget elementor-widget-image\" data-id=\"5c93e20\" data-element_type=\"widget\" data-e-type=\"widget\" data-widget_type=\"image.default\">\n\t\t\t\t<div class=\"elementor-widget-container\">\n\t\t\t\t\t\t\t\t\t\t\t\t<figure class=\"wp-caption\">\n\t\t\t\t\t\t\t\t\t\t<img loading=\"lazy\" decoding=\"async\" width=\"768\" height=\"512\" src=\"https:\/\/www.elturistatranquil.com\/wp-content\/uploads\/F134-Amor-radical-Mr.-Trazo-Torrijos-Toledo.jpg\" class=\"attachment-large size-large wp-image-38297\" alt=\"Amor radical - Mr. Trazo ,Torrijos, Toledo\" srcset=\"https:\/\/www.elturistatranquil.com\/wp-content\/uploads\/F134-Amor-radical-Mr.-Trazo-Torrijos-Toledo.jpg 768w, https:\/\/www.elturistatranquil.com\/wp-content\/uploads\/F134-Amor-radical-Mr.-Trazo-Torrijos-Toledo-339x226.jpg 339w\" sizes=\"(max-width: 768px) 100vw, 768px\" \/>\t\t\t\t\t\t\t\t\t\t\t<figcaption class=\"widget-image-caption wp-caption-text\"><\/figcaption>\n\t\t\t\t\t\t\t\t\t\t<\/figure>\n\t\t\t\t\t\t\t\t\t<\/div>\n\t\t\t\t<\/div>\n\t\t\t\t<div class=\"elementor-element elementor-element-13dfe13 elementor-widget elementor-widget-heading\" data-id=\"13dfe13\" data-element_type=\"widget\" data-e-type=\"widget\" data-widget_type=\"heading.default\">\n\t\t\t\t<div class=\"elementor-widget-container\">\n\t\t\t\t\t<h4 class=\"elementor-heading-title elementor-size-default\">11. Narcissus - Natalia Rak [Centro Ocupacional y de D\u00eda Dr. Jos\u00e9 Portero) <\/h4>\t\t\t\t<\/div>\n\t\t\t\t<\/div>\n\t\t\t\t<div class=\"elementor-element elementor-element-2f8de9a elementor-widget elementor-widget-image\" data-id=\"2f8de9a\" data-element_type=\"widget\" data-e-type=\"widget\" data-widget_type=\"image.default\">\n\t\t\t\t<div class=\"elementor-widget-container\">\n\t\t\t\t\t\t\t\t\t\t\t\t<figure class=\"wp-caption\">\n\t\t\t\t\t\t\t\t\t\t<img loading=\"lazy\" decoding=\"async\" width=\"768\" height=\"511\" src=\"https:\/\/www.elturistatranquil.com\/wp-content\/uploads\/F135-Narcissus-Natalia-Rak-Torrijos-Toledo.jpg\" class=\"attachment-large size-large wp-image-38299\" alt=\"Narcissus - Natalia Rak , Torrijos, Toledo\" srcset=\"https:\/\/www.elturistatranquil.com\/wp-content\/uploads\/F135-Narcissus-Natalia-Rak-Torrijos-Toledo.jpg 768w, https:\/\/www.elturistatranquil.com\/wp-content\/uploads\/F135-Narcissus-Natalia-Rak-Torrijos-Toledo-339x226.jpg 339w\" sizes=\"(max-width: 768px) 100vw, 768px\" \/>\t\t\t\t\t\t\t\t\t\t\t<figcaption class=\"widget-image-caption wp-caption-text\"><\/figcaption>\n\t\t\t\t\t\t\t\t\t\t<\/figure>\n\t\t\t\t\t\t\t\t\t<\/div>\n\t\t\t\t<\/div>\n\t\t\t\t<div class=\"elementor-element elementor-element-cd3199c elementor-widget elementor-widget-heading\" data-id=\"cd3199c\" data-element_type=\"widget\" data-e-type=\"widget\" data-widget_type=\"heading.default\">\n\t\t\t\t<div class=\"elementor-widget-container\">\n\t\t\t\t\t<h4 class=\"elementor-heading-title elementor-size-default\">12. La primera decisi\u00f3n - Dan Ferrer (Hotel el Mes\u00f3n) <\/h4>\t\t\t\t<\/div>\n\t\t\t\t<\/div>\n\t\t\t\t<div class=\"elementor-element elementor-element-a997c5a elementor-widget elementor-widget-image\" data-id=\"a997c5a\" data-element_type=\"widget\" data-e-type=\"widget\" data-widget_type=\"image.default\">\n\t\t\t\t<div class=\"elementor-widget-container\">\n\t\t\t\t\t\t\t\t\t\t\t\t<figure class=\"wp-caption\">\n\t\t\t\t\t\t\t\t\t\t<img loading=\"lazy\" decoding=\"async\" width=\"768\" height=\"511\" src=\"https:\/\/www.elturistatranquil.com\/wp-content\/uploads\/F136-La-primera-decision-Dan-Ferrer-Torrijos-Toledo.jpg\" class=\"attachment-large size-large wp-image-38301\" alt=\"La primera decisi\u00f3n - Dan Ferrer , Torrijos, Toledo\" srcset=\"https:\/\/www.elturistatranquil.com\/wp-content\/uploads\/F136-La-primera-decision-Dan-Ferrer-Torrijos-Toledo.jpg 768w, https:\/\/www.elturistatranquil.com\/wp-content\/uploads\/F136-La-primera-decision-Dan-Ferrer-Torrijos-Toledo-339x226.jpg 339w\" sizes=\"(max-width: 768px) 100vw, 768px\" \/>\t\t\t\t\t\t\t\t\t\t\t<figcaption class=\"widget-image-caption wp-caption-text\"><\/figcaption>\n\t\t\t\t\t\t\t\t\t\t<\/figure>\n\t\t\t\t\t\t\t\t\t<\/div>\n\t\t\t\t<\/div>\n\t\t\t\t<div class=\"elementor-element elementor-element-64d0c2d elementor-widget elementor-widget-heading\" data-id=\"64d0c2d\" data-element_type=\"widget\" data-e-type=\"widget\" data-widget_type=\"heading.default\">\n\t\t\t\t<div class=\"elementor-widget-container\">\n\t\t\t\t\t<h4 class=\"elementor-heading-title elementor-size-default\">13. L'invidia degli dei - Luis G\u00f3mez (Calle Murillo, 23) <\/h4>\t\t\t\t<\/div>\n\t\t\t\t<\/div>\n\t\t\t\t<div class=\"elementor-element elementor-element-5e898b7 elementor-widget elementor-widget-image\" data-id=\"5e898b7\" data-element_type=\"widget\" data-e-type=\"widget\" data-widget_type=\"image.default\">\n\t\t\t\t<div class=\"elementor-widget-container\">\n\t\t\t\t\t\t\t\t\t\t\t\t<figure class=\"wp-caption\">\n\t\t\t\t\t\t\t\t\t\t<img loading=\"lazy\" decoding=\"async\" width=\"768\" height=\"511\" src=\"https:\/\/www.elturistatranquil.com\/wp-content\/uploads\/F137-Linvidia-degli-dei-Luis-Gomez-Torrijos-Toledo.jpg\" class=\"attachment-large size-large wp-image-38303\" alt=\"L&#039;invidia degli dei - Luis G\u00f3mez , Torrijos, Toledo\" srcset=\"https:\/\/www.elturistatranquil.com\/wp-content\/uploads\/F137-Linvidia-degli-dei-Luis-Gomez-Torrijos-Toledo.jpg 768w, https:\/\/www.elturistatranquil.com\/wp-content\/uploads\/F137-Linvidia-degli-dei-Luis-Gomez-Torrijos-Toledo-339x226.jpg 339w\" sizes=\"(max-width: 768px) 100vw, 768px\" \/>\t\t\t\t\t\t\t\t\t\t\t<figcaption class=\"widget-image-caption wp-caption-text\"><\/figcaption>\n\t\t\t\t\t\t\t\t\t\t<\/figure>\n\t\t\t\t\t\t\t\t\t<\/div>\n\t\t\t\t<\/div>\n\t\t\t\t<div class=\"elementor-element elementor-element-201ac3c elementor-widget elementor-widget-heading\" data-id=\"201ac3c\" data-element_type=\"widget\" data-e-type=\"widget\" data-widget_type=\"heading.default\">\n\t\t\t\t<div class=\"elementor-widget-container\">\n\t\t\t\t\t<h4 class=\"elementor-heading-title elementor-size-default\">14. From lamb to fox - Dan Ferrer (Centro de D\u00eda \"El Casino\") <\/h4>\t\t\t\t<\/div>\n\t\t\t\t<\/div>\n\t\t\t\t<div class=\"elementor-element elementor-element-c4b4ec1 elementor-widget elementor-widget-image\" data-id=\"c4b4ec1\" data-element_type=\"widget\" data-e-type=\"widget\" data-widget_type=\"image.default\">\n\t\t\t\t<div class=\"elementor-widget-container\">\n\t\t\t\t\t\t\t\t\t\t\t\t<figure class=\"wp-caption\">\n\t\t\t\t\t\t\t\t\t\t<img loading=\"lazy\" decoding=\"async\" width=\"768\" height=\"511\" src=\"https:\/\/www.elturistatranquil.com\/wp-content\/uploads\/F138-From-lamb-to-fox-Dan-Ferrer-Torrijos-Toledo.jpg\" class=\"attachment-large size-large wp-image-38305\" alt=\"From lamb to fox - Dan Ferrer , Torrijos, Toledo\" srcset=\"https:\/\/www.elturistatranquil.com\/wp-content\/uploads\/F138-From-lamb-to-fox-Dan-Ferrer-Torrijos-Toledo.jpg 768w, https:\/\/www.elturistatranquil.com\/wp-content\/uploads\/F138-From-lamb-to-fox-Dan-Ferrer-Torrijos-Toledo-339x226.jpg 339w\" sizes=\"(max-width: 768px) 100vw, 768px\" \/>\t\t\t\t\t\t\t\t\t\t\t<figcaption class=\"widget-image-caption wp-caption-text\"><\/figcaption>\n\t\t\t\t\t\t\t\t\t\t<\/figure>\n\t\t\t\t\t\t\t\t\t<\/div>\n\t\t\t\t<\/div>\n\t\t\t\t<div class=\"elementor-element elementor-element-23151d7 elementor-widget elementor-widget-heading\" data-id=\"23151d7\" data-element_type=\"widget\" data-e-type=\"widget\" data-widget_type=\"heading.default\">\n\t\t\t\t<div class=\"elementor-widget-container\">\n\t\t\t\t\t<h4 class=\"elementor-heading-title elementor-size-default\">15. The future is female - Die Katze (Calle la Salve, 43)<\/h4>\t\t\t\t<\/div>\n\t\t\t\t<\/div>\n\t\t\t\t<div class=\"elementor-element elementor-element-4c621c3 elementor-widget elementor-widget-image\" data-id=\"4c621c3\" data-element_type=\"widget\" data-e-type=\"widget\" data-widget_type=\"image.default\">\n\t\t\t\t<div class=\"elementor-widget-container\">\n\t\t\t\t\t\t\t\t\t\t\t\t<figure class=\"wp-caption\">\n\t\t\t\t\t\t\t\t\t\t<img loading=\"lazy\" decoding=\"async\" width=\"768\" height=\"511\" src=\"https:\/\/www.elturistatranquil.com\/wp-content\/uploads\/F139-The-future-is-female-Die-Katze-Torrijos-Toledo.jpg\" class=\"attachment-large size-large wp-image-38307\" alt=\"The future is female - Die Katze , Torrijos, Toledo\" srcset=\"https:\/\/www.elturistatranquil.com\/wp-content\/uploads\/F139-The-future-is-female-Die-Katze-Torrijos-Toledo.jpg 768w, https:\/\/www.elturistatranquil.com\/wp-content\/uploads\/F139-The-future-is-female-Die-Katze-Torrijos-Toledo-339x226.jpg 339w\" sizes=\"(max-width: 768px) 100vw, 768px\" \/>\t\t\t\t\t\t\t\t\t\t\t<figcaption class=\"widget-image-caption wp-caption-text\"><\/figcaption>\n\t\t\t\t\t\t\t\t\t\t<\/figure>\n\t\t\t\t\t\t\t\t\t<\/div>\n\t\t\t\t<\/div>\n\t\t\t\t<div class=\"elementor-element elementor-element-1fd3e988 elementor-widget elementor-widget-text-editor\" data-id=\"1fd3e988\" data-element_type=\"widget\" data-e-type=\"widget\" data-widget_type=\"text-editor.default\">\n\t\t\t\t<div class=\"elementor-widget-container\">\n\t\t\t\t\t\t\t\t\t<p>Fora ja de cat\u00e0leg: \u201cMierda y Ruido\u201d al carrer Don C\u00e1ndido Ballesteros D\u00edaz Guerra, 15.<\/p>\t\t\t\t\t\t\t\t<\/div>\n\t\t\t\t<\/div>\n\t\t\t\t<div class=\"elementor-element elementor-element-3e05f79 elementor-widget elementor-widget-image\" data-id=\"3e05f79\" data-element_type=\"widget\" data-e-type=\"widget\" data-widget_type=\"image.default\">\n\t\t\t\t<div class=\"elementor-widget-container\">\n\t\t\t\t\t\t\t\t\t\t\t\t<figure class=\"wp-caption\">\n\t\t\t\t\t\t\t\t\t\t<img loading=\"lazy\" decoding=\"async\" width=\"768\" height=\"511\" src=\"https:\/\/www.elturistatranquil.com\/wp-content\/uploads\/F140-Torrijos-Toledo.jpg\" class=\"attachment-large size-large wp-image-38309\" alt=\"Torrijos, Toledo\" srcset=\"https:\/\/www.elturistatranquil.com\/wp-content\/uploads\/F140-Torrijos-Toledo.jpg 768w, https:\/\/www.elturistatranquil.com\/wp-content\/uploads\/F140-Torrijos-Toledo-339x226.jpg 339w\" sizes=\"(max-width: 768px) 100vw, 768px\" \/>\t\t\t\t\t\t\t\t\t\t\t<figcaption class=\"widget-image-caption wp-caption-text\"><\/figcaption>\n\t\t\t\t\t\t\t\t\t\t<\/figure>\n\t\t\t\t\t\t\t\t\t<\/div>\n\t\t\t\t<\/div>\n\t\t\t\t<div class=\"elementor-element elementor-element-cdf43d4 elementor-widget elementor-widget-text-editor\" data-id=\"cdf43d4\" data-element_type=\"widget\" data-e-type=\"widget\" data-widget_type=\"text-editor.default\">\n\t\t\t\t<div class=\"elementor-widget-container\">\n\t\t\t\t\t\t\t\t\t<p>Mur d\u00b4obres de l\u00b4Hospital.<\/p>\t\t\t\t\t\t\t\t<\/div>\n\t\t\t\t<\/div>\n\t\t\t\t<div class=\"elementor-element elementor-element-f1c0a35 elementor-widget elementor-widget-menu-anchor\" data-id=\"f1c0a35\" data-element_type=\"widget\" data-e-type=\"widget\" data-widget_type=\"menu-anchor.default\">\n\t\t\t\t<div class=\"elementor-widget-container\">\n\t\t\t\t\t\t\t<div class=\"elementor-menu-anchor\" id=\"c7120\"><\/div>\n\t\t\t\t\t\t<\/div>\n\t\t\t\t<\/div>\n\t\t\t\t<div class=\"elementor-element elementor-element-ddfddab elementor-widget elementor-widget-image\" data-id=\"ddfddab\" data-element_type=\"widget\" data-e-type=\"widget\" data-widget_type=\"image.default\">\n\t\t\t\t<div class=\"elementor-widget-container\">\n\t\t\t\t\t\t\t\t\t\t\t\t<figure class=\"wp-caption\">\n\t\t\t\t\t\t\t\t\t\t<img loading=\"lazy\" decoding=\"async\" width=\"768\" height=\"511\" src=\"https:\/\/www.elturistatranquil.com\/wp-content\/uploads\/F1413-Torrijos-Toledo.jpg\" class=\"attachment-large size-large wp-image-38311\" alt=\"Torrijos, Toledo\" srcset=\"https:\/\/www.elturistatranquil.com\/wp-content\/uploads\/F1413-Torrijos-Toledo.jpg 768w, https:\/\/www.elturistatranquil.com\/wp-content\/uploads\/F1413-Torrijos-Toledo-339x226.jpg 339w\" sizes=\"(max-width: 768px) 100vw, 768px\" \/>\t\t\t\t\t\t\t\t\t\t\t<figcaption class=\"widget-image-caption wp-caption-text\"><\/figcaption>\n\t\t\t\t\t\t\t\t\t\t<\/figure>\n\t\t\t\t\t\t\t\t\t<\/div>\n\t\t\t\t<\/div>\n\t\t\t\t<div class=\"elementor-element elementor-element-4bd48ad elementor-widget elementor-widget-heading\" data-id=\"4bd48ad\" data-element_type=\"widget\" data-e-type=\"widget\" data-widget_type=\"heading.default\">\n\t\t\t\t<div class=\"elementor-widget-container\">\n\t\t\t\t\t<h2 class=\"elementor-heading-title elementor-size-default\">Fi de la visita<\/h2>\t\t\t\t<\/div>\n\t\t\t\t<\/div>\n\t\t\t\t<div class=\"elementor-element elementor-element-4c61336 elementor-widget elementor-widget-menu-anchor\" data-id=\"4c61336\" data-element_type=\"widget\" data-e-type=\"widget\" data-widget_type=\"menu-anchor.default\">\n\t\t\t\t<div class=\"elementor-widget-container\">\n\t\t\t\t\t\t\t<div class=\"elementor-menu-anchor\" id=\"c7121\"><\/div>\n\t\t\t\t\t\t<\/div>\n\t\t\t\t<\/div>\n\t\t\t\t<div class=\"elementor-element elementor-element-719883a elementor-widget elementor-widget-text-editor\" data-id=\"719883a\" data-element_type=\"widget\" data-e-type=\"widget\" data-widget_type=\"text-editor.default\">\n\t\t\t\t<div class=\"elementor-widget-container\">\n\t\t\t\t\t\t\t\t\t<p>Acabo de presentar un recorregut for\u00e7a exhaustiu per la vila de <strong>Torrijos<\/strong>, capital de la comarca del mateix nom. Un terreny mesetari entre el Sistema Central i el riu Tajo.<\/p><p>Malgrat el seu important paper com a vila reial i posteriorment senyorial, des del segle XIV amb Pere I al segle XV amb Gutierre de C\u00e1rdenas, i pel conjunt d\u2019obres promogudes per la v\u00eddua Teresa Enr\u00edquez al segle XVI, entre les quals destaca la Col\u00b7legiata, el patrimoni historicoarquitect\u00f2nic no s&#8217;ha comen\u00e7at a potenciar fins fa pocs anys..<\/p><p>Aquesta potenciaci\u00f3 tur\u00edstica va acompanyada d&#8217;una incursi\u00f3 cap a la modernitat, com s&#8217;ha vist reflectida al projecte urb\u00e0 <strong>M\u00e1s All\u00e1 de la Pared<\/strong>. Per\u00f2 sense perdre les seves arrels hist\u00f2riques, com les <strong>Jornades Medievals<\/strong> dedicades a les <strong>Cr\u00f2niques del Rei Don Pedro<\/strong> i les seves activitats complement\u00e0ries, des del 2005.<\/p><p>Considero altament aconsellable una visita a Torrijos, a m\u00e9s tenint en compte que un pot allotjar-se o menjar en un lloc com l&#8217;<a href=\"https:\/\/www.elturistatranquil.com\/ca\/hotel-la-salve-restaurant-el-borbollon-comarca-de-torrijos\/\" target=\"_blank\" rel=\"noopener\">Hotel La Salve-Restaurant El Borboll\u00f3n<\/a>.<\/p>\t\t\t\t\t\t\t\t<\/div>\n\t\t\t\t<\/div>\n\t\t\t\t<div class=\"elementor-element elementor-element-760ff1a elementor-widget elementor-widget-heading\" data-id=\"760ff1a\" data-element_type=\"widget\" data-e-type=\"widget\" data-widget_type=\"heading.default\">\n\t\t\t\t<div class=\"elementor-widget-container\">\n\t\t\t\t\t<h2 class=\"elementor-heading-title elementor-size-default\">Bases de informaci\u00f3n<\/h2>\t\t\t\t<\/div>\n\t\t\t\t<\/div>\n\t\t\t\t<div class=\"elementor-element elementor-element-5c3a125f elementor-widget elementor-widget-text-editor\" data-id=\"5c3a125f\" data-element_type=\"widget\" data-e-type=\"widget\" data-widget_type=\"text-editor.default\">\n\t\t\t\t<div class=\"elementor-widget-container\">\n\t\t\t\t\t\t\t\t\t<p><strong>Webs<\/strong><\/p><p><a href=\"https:\/\/www.torrijos.es\/\" target=\"_blank\" rel=\"noopener\">ayuntamiento<\/a><\/p><p><a href=\"https:\/\/agendat.torrijos.es\/turismo\/\" target=\"_blank\" rel=\"noopener\">agendaT<\/a><\/p><p><a href=\"https:\/\/es.wikipedia.org\/wiki\/Torrijos\" target=\"_blank\" rel=\"noopener\">wikipedia<\/a><\/p><p><a href=\"https:\/\/www.diputoledo.es\/global\/11\/50\/169\/dir_municipios\/T\/45173\" target=\"_blank\" rel=\"noopener\">diputoledo<\/a><\/p><p><strong>Palacio de Pedro I<\/strong><\/p><p><a href=\"http:\/\/agendat.torrijos.es\/turismo\/monumentos\/monumentos-desaparecidos\/muralla\/\" target=\"_blank\" rel=\"noopener\">agendaT<\/a><\/p><p><a href=\"https:\/\/cultura.castillalamancha.es\/patrimonio\/yacimientos-visitables\/palacio-de-pedro-i-de-torrijos\" target=\"_blank\" rel=\"noopener\">cultura.castillalamancha<\/a><\/p><p><strong>Convento Concepci\u00f3nistas Franciscanas <\/strong><\/p><p><a href=\"https:\/\/concepcionistasfranciscanasdecastilla.com\/2021\/09\/11\/el-monasterio-de-las-concepcionistas-de-torrijos-celebra-525-anos-de-fundacion\/\" target=\"_blank\" rel=\"noopener\">concepcionistasfranciscanasdecastilla<\/a><\/p><p><a href=\"http:\/\/pares.mcu.es\/ParesBusquedas20\/catalogo\/autoridad\/7401\" target=\"_blank\" rel=\"noopener\">pares<\/a><\/p><p><strong>Colegiata Del Sant\u00edsimo Sacramento<\/strong><\/p><p><a href=\"http:\/\/www.colegiatadetorrijos.com\/menu\/la-colegiata\/el-monumento.html\" target=\"_blank\" rel=\"noopener\">colegiatadetorrijos<\/a><\/p><p><a href=\"http:\/\/agendat.torrijos.es\/turismo\/monumentos\/colegiata-del-santisimo-sacramento\/\" target=\"_blank\" rel=\"noopener\">agendaT<\/a><\/p><p><a href=\"https:\/\/es.wikipedia.org\/wiki\/Colegiata_de_Torrijos\" target=\"_blank\" rel=\"noopener\">wikipedia<\/a><\/p><p><a href=\"https:\/\/cultura.castillalamancha.es\/patrimonio\/catalogo-patrimonio-cultural\/colegiata-del-santisimo-sacramento-de-torrijos\" target=\"_blank\" rel=\"noopener\">cultura.castillalamancha<\/a><\/p><p><a href=\"https:\/\/www.arteguias.com\/catedral\/colegiatatorrijos.htm\" target=\"_blank\" rel=\"noopener\">arteguias<\/a><\/p><p><strong>Capilla del Sant\u00edsimo Cristo de la Sangre y Hospital de la Sant\u00edsima Trinidad<\/strong><\/p><p><a href=\"http:\/\/agendat.torrijos.es\/turismo\/monumentos\/capilla-del-santisimo-cristo-de-la-sangre\/\" target=\"_blank\" rel=\"noopener\">agendaT.capilla<\/a><\/p><p><a href=\"http:\/\/agendat.torrijos.es\/turismo\/monumentos\/hospital-de-la-santisima-trinidad\/\" target=\"_blank\" rel=\"noopener\">agendaT.hospital<\/a><\/p><p><a href=\"https:\/\/cultura.castillalamancha.es\/patrimonio\/catalogo-patrimonio-cultural\/capilla-del-santisimo-cristo-de-la-sangre-y-del-hospital\" target=\"_blank\" rel=\"noopener\">cultura.castillalamancha<\/a><\/p><p><strong>Estaci\u00f3n de Ferrocarril<\/strong><\/p><p><a href=\"https:\/\/es.wikipedia.org\/wiki\/Estaci%C3%B3n_de_Torrijos\" target=\"_blank\" rel=\"noopener\">wikipedia<\/a><\/p><p><strong>Webs academic<\/strong><\/p><p>B\u00e1rbara Pons Giner (dir.). <a href=\"https:\/\/www.castillalamancha.es\/sites\/default\/files\/documentos\/pdf\/20170330\/atlas-clm.pdf\" target=\"_blank\" rel=\"noopener\"><em>Atlas de los Paisajes de Castilla-La Mancha<\/em><\/a><\/p><p>Ar\u00e1nzazu Mart\u00edn P\u00e9rez.<a href=\"https:\/\/oa.upm.es\/39545\/1\/ARANTZAZU_MARTIN_PEREZ.pdf\" target=\"_blank\" rel=\"noopener\"><em> Del rural agrario al rural periurbano: instrumentos de desarrollo rural en la comarca de Torrijos (Toledo)<\/em><\/a><\/p><p>Miguel F. G\u00f3mez Vozmediano. <a href=\"https:\/\/e-archivo.uc3m.es\/bitstream\/handle\/10016\/30205\/origenes_gomez_TOLETUM_2018.pdf?sequence=1\" target=\"_blank\" rel=\"noopener\"><em>Los or\u00edgenes del se\u00f1or\u00edo de Torrijos y la creaci\u00f3n del estado de las nueve villas<\/em><\/a><\/p><p>Adolfo Delgado Agudo. <a href=\"http:\/\/www.alcalibe.es\/images\/Alcalibe_20\/historia_rural_de_torrijos.pdf\" target=\"_blank\" rel=\"noopener\"><em>Historia rural de Torrijos y sus alrededores a finales de la Edad Media<\/em><\/a><\/p><p>Antonio Almagro. <a href=\"https:\/\/revistas.ucm.es\/index.php\/ANHA\/article\/view\/42830\/40686\" target=\"_blank\" rel=\"noopener\"><em>Los palacios de Pedro I. La arquitectura al\u00a0 servicio del poder<\/em><\/a><\/p><p>Jes\u00fas Nicol\u00e1s Torres Camacho y Fernando Aceituno Luengo. <a href=\"https:\/\/digibug.ugr.es\/bitstream\/handle\/10481\/69974\/18132-Article%20Text-64995-2-10-20210630.pdf?sequence=1&amp;isAllowed=y\" target=\"_blank\" rel=\"noopener\"><em>El papel de la administraci\u00f3n en la reutilizaci\u00f3n del patrimonio: El Convento de la Pur\u00edsima Concepci\u00f3n de Torrijos (Toledo)<\/em><\/a><\/p><p>Jes\u00fas Nicol\u00e1s Torres Camacho y Fernando Aceituno Luengo. <a href=\"https:\/\/riunet.upv.es\/bitstream\/handle\/10251\/160458\/Torres%3bAceituno%20-%20La%20recuperaci%c3%b3n%20del%20Palacio%20de%20Pedro%20I%20de%20Torrijos%20%28Toledo%29%3a%20Una%20apuesta%20de%20la%20....pdf?sequence=1&amp;isAllowed=y\" target=\"_blank\" rel=\"noopener\"><em>La recuperaci\u00f3n del Palacio de Pedro I de Torrijos (Toledo): Una apuesta de la administraci\u00f3n local<\/em><\/a><\/p><p>Jes\u00fas Nicol\u00e1s Torres Camacho. <a href=\"https:\/\/www.researchgate.net\/publication\/279762423_Los_grandes_complejos_agropecuarios_y_su_valoracion_como_paisajes_culturales_algunos_ejemplos_de_la_provincia_de_Toledo_Castilla-La_Mancha\/link\/559a5cb208ae21086d25e96a\/download\" target=\"_blank\" rel=\"noopener\"><em>Los grandes complejos agropecuarios y su valoraci\u00f3n como paisajes culturales (algunos ejemplos de la provincia de Toledo, Castilla-La Mancha)<\/em><\/a><\/p><p>Jes\u00fas Nicol\u00e1s Torres Camacho. <a href=\"https:\/\/www.academia.edu\/3802585\/Puesta_en_valor_del_Patrimonio_Industrial_Agroalimentario_en_la_comarca_de_Torrijos_Toledo_Castilla_La_Mancha_\" target=\"_blank\" rel=\"noopener\"><em>Puesta en valor del Patrimonio Industrial Agroalimentario en la comarca de Torrijos, Toledo (Castilla-La Mancha)<\/em><\/a><\/p><p><strong>Libros<\/strong><\/p><p>Julio Longobardo Carrillo. <em>Cr\u00f3nica del Rey Don Pedro I<\/em>. Ayuntamiento de Torrijos, Amigos de la Colegiata de Torrijos, 2019. En el libro se reproduce el texto completo de las cuatro jornadas en las que se organiza su representaci\u00f3n p\u00fablica por las calles de Torrijos por parte de sus habitantes<\/p><p>Fernando Mar\u00edas, Miriam Cera (coord.). <em>La Colegiata de Torrijos. 500 a\u00f1os de firme piedra<\/em>. Consejer\u00eda de Educaci\u00f3n, Cultura y Deportes. Servicio de Publicaciones. 2019<\/p>\t\t\t\t\t\t\t\t<\/div>\n\t\t\t\t<\/div>\n\t\t\t\t\t<\/div>\n\t\t<\/div>\n\t\t\t\t\t<\/div>\n\t\t<\/section>\n\t\t\t\t<section class=\"elementor-section elementor-top-section elementor-element elementor-element-c0732f0 elementor-section-boxed elementor-section-height-default elementor-section-height-default\" data-id=\"c0732f0\" data-element_type=\"section\" data-e-type=\"section\">\n\t\t\t\t\t\t<div class=\"elementor-container elementor-column-gap-default\">\n\t\t\t\t\t<div class=\"elementor-column elementor-col-100 elementor-top-column elementor-element elementor-element-63a6724\" data-id=\"63a6724\" data-element_type=\"column\" data-e-type=\"column\">\n\t\t\t<div class=\"elementor-widget-wrap elementor-element-populated\">\n\t\t\t\t\t\t<div class=\"elementor-element elementor-element-753741a elementor-widget elementor-widget-menu-anchor\" data-id=\"753741a\" data-element_type=\"widget\" data-e-type=\"widget\" data-widget_type=\"menu-anchor.default\">\n\t\t\t\t<div class=\"elementor-widget-container\">\n\t\t\t\t\t\t\t<div class=\"elementor-menu-anchor\" id=\"c71\"><\/div>\n\t\t\t\t\t\t<\/div>\n\t\t\t\t<\/div>\n\t\t\t\t\t<\/div>\n\t\t<\/div>\n\t\t\t\t\t<\/div>\n\t\t<\/section>\n\t\t\t\t<\/div>\n\t\t","protected":false},"excerpt":{"rendered":"<p>La vila de Torrijos (Toledo), compta amb un important patrimoni que arrenca del segle XIV, amb el palau de Pere I, i t\u00e9 la seva obra culminant a la Col\u00b7legiata &#8230; <a title=\"Torrijos (Toledo)\" class=\"read-more\" href=\"https:\/\/www.elturistatranquil.com\/ca\/torrijos-toledo\/\" aria-label=\"M\u00e9s informaci\u00f3 sobre Torrijos (Toledo)\">[ &#8230; ]<\/a><\/p>\n","protected":false},"author":1,"featured_media":38316,"comment_status":"open","ping_status":"closed","sticky":false,"template":"","format":"standard","meta":{"footnotes":""},"categories":[74,75,145,82,83,90,69,100,101,139,106,107,216,152,110],"tags":[],"class_list":["post-38375","post","type-post","status-publish","format-standard","has-post-thumbnail","hentry","category-barroc","category-castells","category-edat-mitjana","category-gotic","category-historia-ca","category-monestirs-catedrals","category-arqueologia-industrial-ca","category-pobles-i-ciutats-amb-interes","category-renaixement","category-segle-xvi-xvii","category-segle-xviii-xix","category-segle-xx-xxi","category-toledo-ca","category-urbanisme","category-vila","infinite-scroll-item","generate-columns","tablet-grid-50","mobile-grid-100","grid-parent","grid-50","no-featured-image-padding"],"yoast_head":"<!-- This site is optimized with the Yoast SEO plugin v27.4 - https:\/\/yoast.com\/product\/yoast-seo-wordpress\/ -->\n<title>Torrijos (Toledo) - El turista tranquil<\/title>\n<meta name=\"description\" content=\"La vila de Torrijos (Toledo), compta amb un important patrimoni que arrenca del segle XIV, amb el palau de Pere I, i t\u00e9 la seva obra culminant a la Col\u00b7legiata als segles XV-XVI. Un passeig pels seus carrers ens situa a la modernitat a trav\u00e9s del Projecte de Street Art.\" \/>\n<meta name=\"robots\" content=\"index, follow, max-snippet:-1, max-image-preview:large, max-video-preview:-1\" \/>\n<link rel=\"canonical\" href=\"https:\/\/www.elturistatranquil.com\/ca\/torrijos-toledo\/\" \/>\n<meta property=\"og:locale\" content=\"ca_ES\" \/>\n<meta property=\"og:type\" content=\"article\" \/>\n<meta property=\"og:title\" content=\"Torrijos (Toledo) - El turista tranquil\" \/>\n<meta property=\"og:description\" content=\"La vila de Torrijos (Toledo), compta amb un important patrimoni que arrenca del segle XIV, amb el palau de Pere I, i t\u00e9 la seva obra culminant a la Col\u00b7legiata als segles XV-XVI. Un passeig pels seus carrers ens situa a la modernitat a trav\u00e9s del Projecte de Street Art.\" \/>\n<meta property=\"og:url\" content=\"https:\/\/www.elturistatranquil.com\/ca\/torrijos-toledo\/\" \/>\n<meta property=\"og:site_name\" content=\"El turista tranquil\" \/>\n<meta property=\"article:publisher\" content=\"https:\/\/www.facebook.com\/elturistatranquilo\/\" \/>\n<meta property=\"article:published_time\" content=\"2021-11-27T11:59:01+00:00\" \/>\n<meta property=\"article:modified_time\" content=\"2021-12-26T08:51:33+00:00\" \/>\n<meta property=\"og:image\" content=\"https:\/\/www.elturistatranquil.com\/wp-content\/uploads\/F39-Colegiata-de-Torrijos-Toledo-1.jpg\" \/>\n\t<meta property=\"og:image:width\" content=\"768\" \/>\n\t<meta property=\"og:image:height\" content=\"512\" \/>\n\t<meta property=\"og:image:type\" content=\"image\/jpeg\" \/>\n<meta name=\"author\" content=\"admin\" \/>\n<meta name=\"twitter:card\" content=\"summary_large_image\" \/>\n<meta name=\"twitter:label1\" content=\"Escrit per\" \/>\n\t<meta name=\"twitter:data1\" content=\"admin\" \/>\n\t<meta name=\"twitter:label2\" content=\"Temps estimat de lectura\" \/>\n\t<meta name=\"twitter:data2\" content=\"60 minuts\" \/>\n<script type=\"application\/ld+json\" class=\"yoast-schema-graph\">{\"@context\":\"https:\\\/\\\/schema.org\",\"@graph\":[{\"@type\":\"Article\",\"@id\":\"https:\\\/\\\/www.elturistatranquil.com\\\/ca\\\/torrijos-toledo\\\/#article\",\"isPartOf\":{\"@id\":\"https:\\\/\\\/www.elturistatranquil.com\\\/ca\\\/torrijos-toledo\\\/\"},\"author\":{\"name\":\"admin\",\"@id\":\"https:\\\/\\\/www.elturistatranquil.com\\\/ca\\\/#\\\/schema\\\/person\\\/16f607c3079b96ed0c530a52e6b58bb5\"},\"headline\":\"Torrijos (Toledo)\",\"datePublished\":\"2021-11-27T11:59:01+00:00\",\"dateModified\":\"2021-12-26T08:51:33+00:00\",\"mainEntityOfPage\":{\"@id\":\"https:\\\/\\\/www.elturistatranquil.com\\\/ca\\\/torrijos-toledo\\\/\"},\"wordCount\":7727,\"commentCount\":0,\"image\":{\"@id\":\"https:\\\/\\\/www.elturistatranquil.com\\\/ca\\\/torrijos-toledo\\\/#primaryimage\"},\"thumbnailUrl\":\"https:\\\/\\\/www.elturistatranquil.com\\\/wp-content\\\/uploads\\\/F39-Colegiata-de-Torrijos-Toledo-1.jpg\",\"articleSection\":[\"Barroc\",\"Castells, Muralles\",\"Edat mitjana\",\"G\u00f2tic\",\"Hist\u00f2ria\",\"Monestirs, Catedrals\",\"Patrimoni econ\u00f2mic\\\/productiu\",\"Pobles i ciutats amb inter\u00e9s\",\"Renaixement\",\"Segle XVI-XVII\",\"Segle XVIII-XIX\",\"Segle XX-XXI\",\"Toledo\",\"Urbanisme\",\"Vila\"],\"inLanguage\":\"ca\",\"potentialAction\":[{\"@type\":\"CommentAction\",\"name\":\"Comment\",\"target\":[\"https:\\\/\\\/www.elturistatranquil.com\\\/ca\\\/torrijos-toledo\\\/#respond\"]}]},{\"@type\":\"WebPage\",\"@id\":\"https:\\\/\\\/www.elturistatranquil.com\\\/ca\\\/torrijos-toledo\\\/\",\"url\":\"https:\\\/\\\/www.elturistatranquil.com\\\/ca\\\/torrijos-toledo\\\/\",\"name\":\"Torrijos (Toledo) - El turista tranquil\",\"isPartOf\":{\"@id\":\"https:\\\/\\\/www.elturistatranquil.com\\\/ca\\\/#website\"},\"primaryImageOfPage\":{\"@id\":\"https:\\\/\\\/www.elturistatranquil.com\\\/ca\\\/torrijos-toledo\\\/#primaryimage\"},\"image\":{\"@id\":\"https:\\\/\\\/www.elturistatranquil.com\\\/ca\\\/torrijos-toledo\\\/#primaryimage\"},\"thumbnailUrl\":\"https:\\\/\\\/www.elturistatranquil.com\\\/wp-content\\\/uploads\\\/F39-Colegiata-de-Torrijos-Toledo-1.jpg\",\"datePublished\":\"2021-11-27T11:59:01+00:00\",\"dateModified\":\"2021-12-26T08:51:33+00:00\",\"author\":{\"@id\":\"https:\\\/\\\/www.elturistatranquil.com\\\/ca\\\/#\\\/schema\\\/person\\\/16f607c3079b96ed0c530a52e6b58bb5\"},\"description\":\"La vila de Torrijos (Toledo), compta amb un important patrimoni que arrenca del segle XIV, amb el palau de Pere I, i t\u00e9 la seva obra culminant a la Col\u00b7legiata als segles XV-XVI. Un passeig pels seus carrers ens situa a la modernitat a trav\u00e9s del Projecte de Street Art.\",\"breadcrumb\":{\"@id\":\"https:\\\/\\\/www.elturistatranquil.com\\\/ca\\\/torrijos-toledo\\\/#breadcrumb\"},\"inLanguage\":\"ca\",\"potentialAction\":[{\"@type\":\"ReadAction\",\"target\":[\"https:\\\/\\\/www.elturistatranquil.com\\\/ca\\\/torrijos-toledo\\\/\"]}]},{\"@type\":\"ImageObject\",\"inLanguage\":\"ca\",\"@id\":\"https:\\\/\\\/www.elturistatranquil.com\\\/ca\\\/torrijos-toledo\\\/#primaryimage\",\"url\":\"https:\\\/\\\/www.elturistatranquil.com\\\/wp-content\\\/uploads\\\/F39-Colegiata-de-Torrijos-Toledo-1.jpg\",\"contentUrl\":\"https:\\\/\\\/www.elturistatranquil.com\\\/wp-content\\\/uploads\\\/F39-Colegiata-de-Torrijos-Toledo-1.jpg\",\"width\":768,\"height\":512,\"caption\":\"Colegiata de Torrijos, Toledo\"},{\"@type\":\"BreadcrumbList\",\"@id\":\"https:\\\/\\\/www.elturistatranquil.com\\\/ca\\\/torrijos-toledo\\\/#breadcrumb\",\"itemListElement\":[{\"@type\":\"ListItem\",\"position\":1,\"name\":\"Portada\",\"item\":\"https:\\\/\\\/www.elturistatranquil.com\\\/ca\\\/\"},{\"@type\":\"ListItem\",\"position\":2,\"name\":\"Torrijos (Toledo)\"}]},{\"@type\":\"WebSite\",\"@id\":\"https:\\\/\\\/www.elturistatranquil.com\\\/ca\\\/#website\",\"url\":\"https:\\\/\\\/www.elturistatranquil.com\\\/ca\\\/\",\"name\":\"El turista tranquil\",\"description\":\"Blog de viatges\",\"potentialAction\":[{\"@type\":\"SearchAction\",\"target\":{\"@type\":\"EntryPoint\",\"urlTemplate\":\"https:\\\/\\\/www.elturistatranquil.com\\\/ca\\\/?s={search_term_string}\"},\"query-input\":{\"@type\":\"PropertyValueSpecification\",\"valueRequired\":true,\"valueName\":\"search_term_string\"}}],\"inLanguage\":\"ca\"},{\"@type\":\"Person\",\"@id\":\"https:\\\/\\\/www.elturistatranquil.com\\\/ca\\\/#\\\/schema\\\/person\\\/16f607c3079b96ed0c530a52e6b58bb5\",\"name\":\"admin\",\"image\":{\"@type\":\"ImageObject\",\"inLanguage\":\"ca\",\"@id\":\"https:\\\/\\\/secure.gravatar.com\\\/avatar\\\/1fbaf22aee75fcbb29a2f97b107f95d25d3a19b7c3416105be10269872673e8d?s=96&d=mm&r=g\",\"url\":\"https:\\\/\\\/secure.gravatar.com\\\/avatar\\\/1fbaf22aee75fcbb29a2f97b107f95d25d3a19b7c3416105be10269872673e8d?s=96&d=mm&r=g\",\"contentUrl\":\"https:\\\/\\\/secure.gravatar.com\\\/avatar\\\/1fbaf22aee75fcbb29a2f97b107f95d25d3a19b7c3416105be10269872673e8d?s=96&d=mm&r=g\",\"caption\":\"admin\"}}]}<\/script>\n<!-- \/ Yoast SEO plugin. -->","yoast_head_json":{"title":"Torrijos (Toledo) - El turista tranquil","description":"La vila de Torrijos (Toledo), compta amb un important patrimoni que arrenca del segle XIV, amb el palau de Pere I, i t\u00e9 la seva obra culminant a la Col\u00b7legiata als segles XV-XVI. Un passeig pels seus carrers ens situa a la modernitat a trav\u00e9s del Projecte de Street Art.","robots":{"index":"index","follow":"follow","max-snippet":"max-snippet:-1","max-image-preview":"max-image-preview:large","max-video-preview":"max-video-preview:-1"},"canonical":"https:\/\/www.elturistatranquil.com\/ca\/torrijos-toledo\/","og_locale":"ca_ES","og_type":"article","og_title":"Torrijos (Toledo) - El turista tranquil","og_description":"La vila de Torrijos (Toledo), compta amb un important patrimoni que arrenca del segle XIV, amb el palau de Pere I, i t\u00e9 la seva obra culminant a la Col\u00b7legiata als segles XV-XVI. Un passeig pels seus carrers ens situa a la modernitat a trav\u00e9s del Projecte de Street Art.","og_url":"https:\/\/www.elturistatranquil.com\/ca\/torrijos-toledo\/","og_site_name":"El turista tranquil","article_publisher":"https:\/\/www.facebook.com\/elturistatranquilo\/","article_published_time":"2021-11-27T11:59:01+00:00","article_modified_time":"2021-12-26T08:51:33+00:00","og_image":[{"width":768,"height":512,"url":"https:\/\/www.elturistatranquil.com\/wp-content\/uploads\/F39-Colegiata-de-Torrijos-Toledo-1.jpg","type":"image\/jpeg"}],"author":"admin","twitter_card":"summary_large_image","twitter_misc":{"Escrit per":"admin","Temps estimat de lectura":"60 minuts"},"schema":{"@context":"https:\/\/schema.org","@graph":[{"@type":"Article","@id":"https:\/\/www.elturistatranquil.com\/ca\/torrijos-toledo\/#article","isPartOf":{"@id":"https:\/\/www.elturistatranquil.com\/ca\/torrijos-toledo\/"},"author":{"name":"admin","@id":"https:\/\/www.elturistatranquil.com\/ca\/#\/schema\/person\/16f607c3079b96ed0c530a52e6b58bb5"},"headline":"Torrijos (Toledo)","datePublished":"2021-11-27T11:59:01+00:00","dateModified":"2021-12-26T08:51:33+00:00","mainEntityOfPage":{"@id":"https:\/\/www.elturistatranquil.com\/ca\/torrijos-toledo\/"},"wordCount":7727,"commentCount":0,"image":{"@id":"https:\/\/www.elturistatranquil.com\/ca\/torrijos-toledo\/#primaryimage"},"thumbnailUrl":"https:\/\/www.elturistatranquil.com\/wp-content\/uploads\/F39-Colegiata-de-Torrijos-Toledo-1.jpg","articleSection":["Barroc","Castells, Muralles","Edat mitjana","G\u00f2tic","Hist\u00f2ria","Monestirs, Catedrals","Patrimoni econ\u00f2mic\/productiu","Pobles i ciutats amb inter\u00e9s","Renaixement","Segle XVI-XVII","Segle XVIII-XIX","Segle XX-XXI","Toledo","Urbanisme","Vila"],"inLanguage":"ca","potentialAction":[{"@type":"CommentAction","name":"Comment","target":["https:\/\/www.elturistatranquil.com\/ca\/torrijos-toledo\/#respond"]}]},{"@type":"WebPage","@id":"https:\/\/www.elturistatranquil.com\/ca\/torrijos-toledo\/","url":"https:\/\/www.elturistatranquil.com\/ca\/torrijos-toledo\/","name":"Torrijos (Toledo) - El turista tranquil","isPartOf":{"@id":"https:\/\/www.elturistatranquil.com\/ca\/#website"},"primaryImageOfPage":{"@id":"https:\/\/www.elturistatranquil.com\/ca\/torrijos-toledo\/#primaryimage"},"image":{"@id":"https:\/\/www.elturistatranquil.com\/ca\/torrijos-toledo\/#primaryimage"},"thumbnailUrl":"https:\/\/www.elturistatranquil.com\/wp-content\/uploads\/F39-Colegiata-de-Torrijos-Toledo-1.jpg","datePublished":"2021-11-27T11:59:01+00:00","dateModified":"2021-12-26T08:51:33+00:00","author":{"@id":"https:\/\/www.elturistatranquil.com\/ca\/#\/schema\/person\/16f607c3079b96ed0c530a52e6b58bb5"},"description":"La vila de Torrijos (Toledo), compta amb un important patrimoni que arrenca del segle XIV, amb el palau de Pere I, i t\u00e9 la seva obra culminant a la Col\u00b7legiata als segles XV-XVI. Un passeig pels seus carrers ens situa a la modernitat a trav\u00e9s del Projecte de Street Art.","breadcrumb":{"@id":"https:\/\/www.elturistatranquil.com\/ca\/torrijos-toledo\/#breadcrumb"},"inLanguage":"ca","potentialAction":[{"@type":"ReadAction","target":["https:\/\/www.elturistatranquil.com\/ca\/torrijos-toledo\/"]}]},{"@type":"ImageObject","inLanguage":"ca","@id":"https:\/\/www.elturistatranquil.com\/ca\/torrijos-toledo\/#primaryimage","url":"https:\/\/www.elturistatranquil.com\/wp-content\/uploads\/F39-Colegiata-de-Torrijos-Toledo-1.jpg","contentUrl":"https:\/\/www.elturistatranquil.com\/wp-content\/uploads\/F39-Colegiata-de-Torrijos-Toledo-1.jpg","width":768,"height":512,"caption":"Colegiata de Torrijos, Toledo"},{"@type":"BreadcrumbList","@id":"https:\/\/www.elturistatranquil.com\/ca\/torrijos-toledo\/#breadcrumb","itemListElement":[{"@type":"ListItem","position":1,"name":"Portada","item":"https:\/\/www.elturistatranquil.com\/ca\/"},{"@type":"ListItem","position":2,"name":"Torrijos (Toledo)"}]},{"@type":"WebSite","@id":"https:\/\/www.elturistatranquil.com\/ca\/#website","url":"https:\/\/www.elturistatranquil.com\/ca\/","name":"El turista tranquil","description":"Blog de viatges","potentialAction":[{"@type":"SearchAction","target":{"@type":"EntryPoint","urlTemplate":"https:\/\/www.elturistatranquil.com\/ca\/?s={search_term_string}"},"query-input":{"@type":"PropertyValueSpecification","valueRequired":true,"valueName":"search_term_string"}}],"inLanguage":"ca"},{"@type":"Person","@id":"https:\/\/www.elturistatranquil.com\/ca\/#\/schema\/person\/16f607c3079b96ed0c530a52e6b58bb5","name":"admin","image":{"@type":"ImageObject","inLanguage":"ca","@id":"https:\/\/secure.gravatar.com\/avatar\/1fbaf22aee75fcbb29a2f97b107f95d25d3a19b7c3416105be10269872673e8d?s=96&d=mm&r=g","url":"https:\/\/secure.gravatar.com\/avatar\/1fbaf22aee75fcbb29a2f97b107f95d25d3a19b7c3416105be10269872673e8d?s=96&d=mm&r=g","contentUrl":"https:\/\/secure.gravatar.com\/avatar\/1fbaf22aee75fcbb29a2f97b107f95d25d3a19b7c3416105be10269872673e8d?s=96&d=mm&r=g","caption":"admin"}}]}},"_links":{"self":[{"href":"https:\/\/www.elturistatranquil.com\/ca\/wp-json\/wp\/v2\/posts\/38375","targetHints":{"allow":["GET"]}}],"collection":[{"href":"https:\/\/www.elturistatranquil.com\/ca\/wp-json\/wp\/v2\/posts"}],"about":[{"href":"https:\/\/www.elturistatranquil.com\/ca\/wp-json\/wp\/v2\/types\/post"}],"author":[{"embeddable":true,"href":"https:\/\/www.elturistatranquil.com\/ca\/wp-json\/wp\/v2\/users\/1"}],"replies":[{"embeddable":true,"href":"https:\/\/www.elturistatranquil.com\/ca\/wp-json\/wp\/v2\/comments?post=38375"}],"version-history":[{"count":5,"href":"https:\/\/www.elturistatranquil.com\/ca\/wp-json\/wp\/v2\/posts\/38375\/revisions"}],"predecessor-version":[{"id":38657,"href":"https:\/\/www.elturistatranquil.com\/ca\/wp-json\/wp\/v2\/posts\/38375\/revisions\/38657"}],"wp:featuredmedia":[{"embeddable":true,"href":"https:\/\/www.elturistatranquil.com\/ca\/wp-json\/wp\/v2\/media\/38316"}],"wp:attachment":[{"href":"https:\/\/www.elturistatranquil.com\/ca\/wp-json\/wp\/v2\/media?parent=38375"}],"wp:term":[{"taxonomy":"category","embeddable":true,"href":"https:\/\/www.elturistatranquil.com\/ca\/wp-json\/wp\/v2\/categories?post=38375"},{"taxonomy":"post_tag","embeddable":true,"href":"https:\/\/www.elturistatranquil.com\/ca\/wp-json\/wp\/v2\/tags?post=38375"}],"curies":[{"name":"wp","href":"https:\/\/api.w.org\/{rel}","templated":true}]}}