{"id":3942,"date":"2018-06-22T16:53:31","date_gmt":"2018-06-22T14:53:31","guid":{"rendered":"https:\/\/www.elturistatranquil.com\/?p=3942"},"modified":"2019-09-25T12:23:20","modified_gmt":"2019-09-25T10:23:20","slug":"sant-jaume-de-frontanya-poble-i-esglesia-del-monestir","status":"publish","type":"post","link":"https:\/\/www.elturistatranquil.com\/ca\/sant-jaume-de-frontanya-poble-i-esglesia-del-monestir\/","title":{"rendered":"Sant Jaume de Frontany\u00e0. Poble i Esgl\u00e9sia del monestir (Barcelona)"},"content":{"rendered":"\t\t<div data-elementor-type=\"wp-post\" data-elementor-id=\"3942\" class=\"elementor elementor-3942 elementor-3892 elementor-bc-flex-widget\" data-elementor-post-type=\"post\">\n\t\t\t\t\t\t<section class=\"elementor-section elementor-top-section elementor-element elementor-element-cff5ec7 elementor-section-boxed elementor-section-height-default elementor-section-height-default\" data-id=\"cff5ec7\" data-element_type=\"section\" data-e-type=\"section\">\n\t\t\t\t\t\t<div class=\"elementor-container elementor-column-gap-default\">\n\t\t\t\t\t<div class=\"elementor-column elementor-col-100 elementor-top-column elementor-element elementor-element-421290a0\" data-id=\"421290a0\" data-element_type=\"column\" data-e-type=\"column\">\n\t\t\t<div class=\"elementor-widget-wrap elementor-element-populated\">\n\t\t\t\t\t\t<section class=\"elementor-section elementor-inner-section elementor-element elementor-element-1ccc5aab elementor-section-content-middle elementor-section-boxed elementor-section-height-default elementor-section-height-default\" data-id=\"1ccc5aab\" data-element_type=\"section\" data-e-type=\"section\">\n\t\t\t\t\t\t<div class=\"elementor-container elementor-column-gap-default\">\n\t\t\t\t\t<div class=\"elementor-column elementor-col-100 elementor-inner-column elementor-element elementor-element-abe5123\" data-id=\"abe5123\" data-element_type=\"column\" data-e-type=\"column\">\n\t\t\t<div class=\"elementor-widget-wrap elementor-element-populated\">\n\t\t\t\t\t\t<div class=\"elementor-element elementor-element-2cfe9495 elementor-widget elementor-widget-text-editor\" data-id=\"2cfe9495\" data-element_type=\"widget\" data-e-type=\"widget\" data-widget_type=\"text-editor.default\">\n\t\t\t\t<div class=\"elementor-widget-container\">\n\t\t\t\t\t\t\t\t\t<p>El poble de <em>Sant Jaume de Frontany\u00e0<\/em> i l\u2019Esgl\u00e9sia del que havia estat un monestir de canonges agustinians, \u00e9s un dels pocs exemples en que es mant\u00e9 actualment l\u2019autenticitat de la seva estructura urbana i de l\u2019arquitectura de tots les edificacions.<\/p>\t\t\t\t\t\t\t\t<\/div>\n\t\t\t\t<\/div>\n\t\t\t\t\t<\/div>\n\t\t<\/div>\n\t\t\t\t\t<\/div>\n\t\t<\/section>\n\t\t\t\t<div class=\"elementor-element elementor-element-487e567a elementor-widget elementor-widget-heading\" data-id=\"487e567a\" data-element_type=\"widget\" data-e-type=\"widget\" data-widget_type=\"heading.default\">\n\t\t\t\t<div class=\"elementor-widget-container\">\n\t\t\t\t\t<h1 class=\"elementor-heading-title elementor-size-default\">Sant Jaume de Frontany\u00e0. Poble i Esgl\u00e9sia del monestir <\/h1>\t\t\t\t<\/div>\n\t\t\t\t<\/div>\n\t\t\t\t\t<\/div>\n\t\t<\/div>\n\t\t\t\t\t<\/div>\n\t\t<\/section>\n\t\t\t\t<section class=\"elementor-section elementor-top-section elementor-element elementor-element-674ef9ae elementor-section-boxed elementor-section-height-default elementor-section-height-default\" data-id=\"674ef9ae\" data-element_type=\"section\" data-e-type=\"section\">\n\t\t\t\t\t\t<div class=\"elementor-container elementor-column-gap-default\">\n\t\t\t\t\t<div class=\"elementor-column elementor-col-100 elementor-top-column elementor-element elementor-element-2be5580c\" data-id=\"2be5580c\" data-element_type=\"column\" data-e-type=\"column\">\n\t\t\t<div class=\"elementor-widget-wrap elementor-element-populated\">\n\t\t\t\t\t\t<div class=\"elementor-element elementor-element-5bf6b563 elementor-widget elementor-widget-image\" data-id=\"5bf6b563\" data-element_type=\"widget\" data-e-type=\"widget\" data-widget_type=\"image.default\">\n\t\t\t\t<div class=\"elementor-widget-container\">\n\t\t\t\t\t\t\t\t\t\t\t\t\t\t\t<img fetchpriority=\"high\" decoding=\"async\" width=\"800\" height=\"533\" src=\"https:\/\/www.elturistatranquil.com\/wp-content\/uploads\/F01-Sant-Jaume-de-Frontany\u00e0.jpg\" class=\"attachment-large size-large wp-image-3904\" alt=\"Sant Jaume de Frontany\u00e0\" srcset=\"https:\/\/www.elturistatranquil.com\/wp-content\/uploads\/F01-Sant-Jaume-de-Frontany\u00e0.jpg 800w, https:\/\/www.elturistatranquil.com\/wp-content\/uploads\/F01-Sant-Jaume-de-Frontany\u00e0-768x512.jpg 768w\" sizes=\"(max-width: 800px) 100vw, 800px\" \/>\t\t\t\t\t\t\t\t\t\t\t\t\t\t\t<\/div>\n\t\t\t\t<\/div>\n\t\t\t\t<div class=\"elementor-element elementor-element-3dec67c7 elementor-widget elementor-widget-spacer\" data-id=\"3dec67c7\" data-element_type=\"widget\" data-e-type=\"widget\" data-widget_type=\"spacer.default\">\n\t\t\t\t<div class=\"elementor-widget-container\">\n\t\t\t\t\t\t\t<div class=\"elementor-spacer\">\n\t\t\t<div class=\"elementor-spacer-inner\"><\/div>\n\t\t<\/div>\n\t\t\t\t\t\t<\/div>\n\t\t\t\t<\/div>\n\t\t\t\t<div class=\"elementor-element elementor-element-3fdb3ee9 elementor-widget elementor-widget-heading\" data-id=\"3fdb3ee9\" data-element_type=\"widget\" data-e-type=\"widget\" data-widget_type=\"heading.default\">\n\t\t\t\t<div class=\"elementor-widget-container\">\n\t\t\t\t\t<h2 class=\"elementor-heading-title elementor-size-default\">Sant Jaume de Frontany\u00e0. Poble i Esgl\u00e9sia del monestir (Bergued\u00e0)<\/h2>\t\t\t\t<\/div>\n\t\t\t\t<\/div>\n\t\t\t\t<section class=\"elementor-section elementor-inner-section elementor-element elementor-element-4d194734 elementor-section-boxed elementor-section-height-default elementor-section-height-default\" data-id=\"4d194734\" data-element_type=\"section\" data-e-type=\"section\" data-settings=\"{&quot;background_background&quot;:&quot;classic&quot;}\">\n\t\t\t\t\t\t<div class=\"elementor-container elementor-column-gap-default\">\n\t\t\t\t\t<div class=\"elementor-column elementor-col-100 elementor-inner-column elementor-element elementor-element-3cc4bf6d\" data-id=\"3cc4bf6d\" data-element_type=\"column\" data-e-type=\"column\" data-settings=\"{&quot;background_background&quot;:&quot;classic&quot;}\">\n\t\t\t<div class=\"elementor-widget-wrap elementor-element-populated\">\n\t\t\t\t\t\t<div class=\"elementor-element elementor-element-16c31856 elementor-widget elementor-widget-text-editor\" data-id=\"16c31856\" data-element_type=\"widget\" data-e-type=\"widget\" data-widget_type=\"text-editor.default\">\n\t\t\t\t<div class=\"elementor-widget-container\">\n\t\t\t\t\t\t\t\t\t<p>Sant Jaume de Frontany\u00e0. Comarca: Bergued\u00e0. Prov\u00edncia: Barcelona. Com. Aut\u00f2noma: Catalunya<\/p>\t\t\t\t\t\t\t\t<\/div>\n\t\t\t\t<\/div>\n\t\t\t\t<div class=\"elementor-element elementor-element-7c9cf21f elementor-widget elementor-widget-text-editor\" data-id=\"7c9cf21f\" data-element_type=\"widget\" data-e-type=\"widget\" data-widget_type=\"text-editor.default\">\n\t\t\t\t<div class=\"elementor-widget-container\">\n\t\t\t\t\t\t\t\t\t<p>Coordenades: 42\u00b011\u203220\u2033N 2\u00b001\u203233\u2033E. Altitud: 1.075 msnm. Poblaci\u00f3: 30 habitants (2017)<\/p>\t\t\t\t\t\t\t\t<\/div>\n\t\t\t\t<\/div>\n\t\t\t\t<div class=\"elementor-element elementor-element-44c8a199 elementor-widget elementor-widget-text-editor\" data-id=\"44c8a199\" data-element_type=\"widget\" data-e-type=\"widget\" data-widget_type=\"text-editor.default\">\n\t\t\t\t<div class=\"elementor-widget-container\">\n\t\t\t\t\t\t\t\t\t<p>Web: <a href=\"http:\/\/www.santjaumedefrontanya.cat\/\" target=\"_blank\" rel=\"noopener\">Ajuntament<\/a>. Tel: 93.823.91.94<\/p>\t\t\t\t\t\t\t\t<\/div>\n\t\t\t\t<\/div>\n\t\t\t\t<div class=\"elementor-element elementor-element-448071ee elementor-widget elementor-widget-text-editor\" data-id=\"448071ee\" data-element_type=\"widget\" data-e-type=\"widget\" data-widget_type=\"text-editor.default\">\n\t\t\t\t<div class=\"elementor-widget-container\">\n\t\t\t\t\t\t\t\t\t<p><em>Monument Hist\u00f2ric-Art\u00edstic<\/em>\u00a0en 1931<\/p><p><em>B\u00e9 d&#8217;Inter\u00e8s Cultural de l&#8217;entorn de protecci\u00f3 de l&#8217;esgl\u00e9sia de la localitat (2004)<\/em><\/p>\t\t\t\t\t\t\t\t<\/div>\n\t\t\t\t<\/div>\n\t\t\t\t<div class=\"elementor-element elementor-element-61328677 elementor-widget elementor-widget-text-editor\" data-id=\"61328677\" data-element_type=\"widget\" data-e-type=\"widget\" data-widget_type=\"text-editor.default\">\n\t\t\t\t<div class=\"elementor-widget-container\">\n\t\t\t\t\t\t\t\t\t<p>Visita: 2018<\/p>\t\t\t\t\t\t\t\t<\/div>\n\t\t\t\t<\/div>\n\t\t\t\t\t<\/div>\n\t\t<\/div>\n\t\t\t\t\t<\/div>\n\t\t<\/section>\n\t\t\t\t<div class=\"elementor-element elementor-element-737bb420 elementor-widget elementor-widget-image\" data-id=\"737bb420\" data-element_type=\"widget\" data-e-type=\"widget\" data-widget_type=\"image.default\">\n\t\t\t\t<div class=\"elementor-widget-container\">\n\t\t\t\t\t\t\t\t\t\t\t\t<figure class=\"wp-caption\">\n\t\t\t\t\t\t\t\t\t\t<img decoding=\"async\" width=\"768\" height=\"469\" src=\"https:\/\/www.elturistatranquil.com\/wp-content\/uploads\/F02-Sant-Jaume-de-Frontanya-Google-maps-2018-06-18-768x469.jpg\" class=\"attachment-medium_large size-medium_large wp-image-3905\" alt=\"Sant-Jaume-de-Frontanya-(Google-maps-2018-06-18)\" srcset=\"https:\/\/www.elturistatranquil.com\/wp-content\/uploads\/F02-Sant-Jaume-de-Frontanya-Google-maps-2018-06-18-768x469.jpg 768w, https:\/\/www.elturistatranquil.com\/wp-content\/uploads\/F02-Sant-Jaume-de-Frontanya-Google-maps-2018-06-18.jpg 800w\" sizes=\"(max-width: 768px) 100vw, 768px\" \/>\t\t\t\t\t\t\t\t\t\t\t<figcaption class=\"widget-image-caption wp-caption-text\">Mapa de situaci\u00f3<\/figcaption>\n\t\t\t\t\t\t\t\t\t\t<\/figure>\n\t\t\t\t\t\t\t\t\t<\/div>\n\t\t\t\t<\/div>\n\t\t\t\t<div class=\"elementor-element elementor-element-6b3e966b elementor-widget elementor-widget-menu-anchor\" data-id=\"6b3e966b\" data-element_type=\"widget\" data-e-type=\"widget\" data-widget_type=\"menu-anchor.default\">\n\t\t\t\t<div class=\"elementor-widget-container\">\n\t\t\t\t\t\t\t<div class=\"elementor-menu-anchor\" id=\"c1101\"><\/div>\n\t\t\t\t\t\t<\/div>\n\t\t\t\t<\/div>\n\t\t\t\t<div class=\"elementor-element elementor-element-38a88843 elementor-widget elementor-widget-menu-anchor\" data-id=\"38a88843\" data-element_type=\"widget\" data-e-type=\"widget\" data-widget_type=\"menu-anchor.default\">\n\t\t\t\t<div class=\"elementor-widget-container\">\n\t\t\t\t\t\t\t<div class=\"elementor-menu-anchor\" id=\"c1102\"><\/div>\n\t\t\t\t\t\t<\/div>\n\t\t\t\t<\/div>\n\t\t\t\t<section class=\"elementor-section elementor-inner-section elementor-element elementor-element-308116e5 elementor-section-boxed elementor-section-height-default elementor-section-height-default\" data-id=\"308116e5\" data-element_type=\"section\" data-e-type=\"section\" data-settings=\"{&quot;background_background&quot;:&quot;classic&quot;}\">\n\t\t\t\t\t\t<div class=\"elementor-container elementor-column-gap-default\">\n\t\t\t\t\t<div class=\"elementor-column elementor-col-100 elementor-inner-column elementor-element elementor-element-41cadb47\" data-id=\"41cadb47\" data-element_type=\"column\" data-e-type=\"column\">\n\t\t\t<div class=\"elementor-widget-wrap elementor-element-populated\">\n\t\t\t\t\t\t<div class=\"elementor-element elementor-element-526be9f0 elementor-widget elementor-widget-text-editor\" data-id=\"526be9f0\" data-element_type=\"widget\" data-e-type=\"widget\" data-widget_type=\"text-editor.default\">\n\t\t\t\t<div class=\"elementor-widget-container\">\n\t\t\t\t\t\t\t\t\t<h6 style=\"padding-left: 240px;\">\u00cdndex<\/h6>\t\t\t\t\t\t\t\t<\/div>\n\t\t\t\t<\/div>\n\t\t\t\t<div class=\"elementor-element elementor-element-3e33ea7a elementor-widget elementor-widget-text-editor\" data-id=\"3e33ea7a\" data-element_type=\"widget\" data-e-type=\"widget\" data-widget_type=\"text-editor.default\">\n\t\t\t\t<div class=\"elementor-widget-container\">\n\t\t\t\t\t\t\t\t\t<p><a href=\"https:\/\/www.elturistatranquil.com\/ca\/sant-jaume-de-frontanya-poble-i-esglesia-del-monestir\/#c1101\">Sant Jaume de Frontany\u00e0. Poble i Esgl\u00e9sia del monestir (Bergued\u00e0)<\/a><\/p>\t\t\t\t\t\t\t\t<\/div>\n\t\t\t\t<\/div>\n\t\t\t\t<div class=\"elementor-element elementor-element-b997db9 elementor-widget elementor-widget-text-editor\" data-id=\"b997db9\" data-element_type=\"widget\" data-e-type=\"widget\" data-widget_type=\"text-editor.default\">\n\t\t\t\t<div class=\"elementor-widget-container\">\n\t\t\t\t\t\t\t\t\t<p><a href=\"https:\/\/www.elturistatranquil.com\/ca\/sant-jaume-de-frontanya-poble-i-esglesia-del-monestir\/#c1102\">El poble i el territori<\/a><\/p>\t\t\t\t\t\t\t\t<\/div>\n\t\t\t\t<\/div>\n\t\t\t\t<div class=\"elementor-element elementor-element-3901a23d elementor-widget elementor-widget-text-editor\" data-id=\"3901a23d\" data-element_type=\"widget\" data-e-type=\"widget\" data-widget_type=\"text-editor.default\">\n\t\t\t\t<div class=\"elementor-widget-container\">\n\t\t\t\t\t\t\t\t\t<p><a href=\"https:\/\/www.elturistatranquil.com\/ca\/sant-jaume-de-frontanya-poble-i-esglesia-del-monestir\/#c1103\">L\u2019Esgl\u00e9sia del Monestir de Sant Jaume de Frontany\u00e0<\/a><\/p>\t\t\t\t\t\t\t\t<\/div>\n\t\t\t\t<\/div>\n\t\t\t\t<div class=\"elementor-element elementor-element-43ea06f0 elementor-widget elementor-widget-text-editor\" data-id=\"43ea06f0\" data-element_type=\"widget\" data-e-type=\"widget\" data-widget_type=\"text-editor.default\">\n\t\t\t\t<div class=\"elementor-widget-container\">\n\t\t\t\t\t\t\t\t\t<p style=\"padding-left: 60px;\"><a href=\"https:\/\/www.elturistatranquil.com\/ca\/sant-jaume-de-frontanya-poble-i-esglesia-del-monestir\/#c1104\">Visita a l\u2019Esgl\u00e9sia<\/a><\/p>\t\t\t\t\t\t\t\t<\/div>\n\t\t\t\t<\/div>\n\t\t\t\t<div class=\"elementor-element elementor-element-6d174966 elementor-widget elementor-widget-text-editor\" data-id=\"6d174966\" data-element_type=\"widget\" data-e-type=\"widget\" data-widget_type=\"text-editor.default\">\n\t\t\t\t<div class=\"elementor-widget-container\">\n\t\t\t\t\t\t\t\t\t<p><a href=\"https:\/\/www.elturistatranquil.com\/ca\/sant-jaume-de-frontanya-poble-i-esglesia-del-monestir\/#c1105\">Bases d\u2019informaci\u00f3<\/a><\/p>\t\t\t\t\t\t\t\t<\/div>\n\t\t\t\t<\/div>\n\t\t\t\t\t<\/div>\n\t\t<\/div>\n\t\t\t\t\t<\/div>\n\t\t<\/section>\n\t\t\t\t<div class=\"elementor-element elementor-element-1da08843 elementor-widget elementor-widget-spacer\" data-id=\"1da08843\" data-element_type=\"widget\" data-e-type=\"widget\" data-widget_type=\"spacer.default\">\n\t\t\t\t<div class=\"elementor-widget-container\">\n\t\t\t\t\t\t\t<div class=\"elementor-spacer\">\n\t\t\t<div class=\"elementor-spacer-inner\"><\/div>\n\t\t<\/div>\n\t\t\t\t\t\t<\/div>\n\t\t\t\t<\/div>\n\t\t\t\t<div class=\"elementor-element elementor-element-5b6272a8 elementor-widget elementor-widget-menu-anchor\" data-id=\"5b6272a8\" data-element_type=\"widget\" data-e-type=\"widget\" data-widget_type=\"menu-anchor.default\">\n\t\t\t\t<div class=\"elementor-widget-container\">\n\t\t\t\t\t\t\t<div class=\"elementor-menu-anchor\" id=\"a0101-EnlaceaunpuntodentrodelPost\"><\/div>\n\t\t\t\t\t\t<\/div>\n\t\t\t\t<\/div>\n\t\t\t\t<div class=\"elementor-element elementor-element-a91fb1a elementor-widget elementor-widget-heading\" data-id=\"a91fb1a\" data-element_type=\"widget\" data-e-type=\"widget\" data-widget_type=\"heading.default\">\n\t\t\t\t<div class=\"elementor-widget-container\">\n\t\t\t\t\t<h2 class=\"elementor-heading-title elementor-size-default\">Sant Jaume de Frontany\u00e0. Poble i Esgl\u00e9sia del monestir (Bergued\u00e0)<\/h2>\t\t\t\t<\/div>\n\t\t\t\t<\/div>\n\t\t\t\t<div class=\"elementor-element elementor-element-8de8030 elementor-widget elementor-widget-heading\" data-id=\"8de8030\" data-element_type=\"widget\" data-e-type=\"widget\" data-widget_type=\"heading.default\">\n\t\t\t\t<div class=\"elementor-widget-container\">\n\t\t\t\t\t<h2 class=\"elementor-heading-title elementor-size-default\">El poble i el territori<\/h2>\t\t\t\t<\/div>\n\t\t\t\t<\/div>\n\t\t\t\t<div class=\"elementor-element elementor-element-621e000d elementor-widget elementor-widget-text-editor\" data-id=\"621e000d\" data-element_type=\"widget\" data-e-type=\"widget\" data-widget_type=\"text-editor.default\">\n\t\t\t\t<div class=\"elementor-widget-container\">\n\t\t\t\t\t\t\t\t\t<p>A l\u2019ombra de la <em>Serra de Catller\u00e0<\/em>, a 1.075 msnm, s\u2019arriba al poble de Sant Jaume de Frontany\u00e0, un dels municipis menys poblats de Catalunya, amb 30 habitants censats el 2017 (n\u2019ha guanyat 11 respecte el 2011), tots ells disseminats pel territori del municipi.<\/p><p>Estem als inicis de la vessant sud del Prepirineu, al l\u00edmit est de la comarca del Bergued\u00e0, al llinda del Ripoll\u00e8s.<\/p><p>L\u2019ocupaci\u00f3 humana del municipi \u00e9s la t\u00edpica d\u2019aquestes terres, amb nuclis centrals petits i poblament disseminat en masos per la resta del municipi. Inclou tamb\u00e9 el <em>santuari dels Oms<\/em> i les esgl\u00e9sies de <em>Santa Eug\u00e8nia de les So\u00eflls<\/em> i <em>Sant Esteve de Montner<\/em>.<\/p><p>Una orografia muntanyosa ocupada per boscos eurosiberians, amb predomini de pi roig \u00a0(<em>Pinus sylvestris<\/em>), el roure (<em>Quercus petraea<\/em>) i les pastures, facilita que la agricultura, la ramaderia i el turisme conformin la seva base econ\u00f2mica.<\/p><p>A l\u2019ombra de la <em>Serra de Catller\u00e0<\/em>, a 1.075 msnm, s\u2019arriba al poble de Sant Jaume de Frontany\u00e0, un dels municipis menys poblats de Catalunya, amb 30 habitants censats el 2017 (n\u2019ha guanyat 11 respecte el 2011), tots ells disseminats pel territori del municipi.<\/p><p>Estem als inicis de la vessant sud del Prepirineu, al l\u00edmit est de la comarca del Bergued\u00e0, al llinda del Ripoll\u00e8s.<\/p><p>L\u2019ocupaci\u00f3 humana del municipi \u00e9s la t\u00edpica d\u2019aquestes terres, amb nuclis centrals petits i poblament disseminat en masos per la resta del municipi. Inclou tamb\u00e9 el <em>santuari dels Oms<\/em> i les esgl\u00e9sies de <em>Santa Eug\u00e8nia de les So\u00eflls<\/em> i <em>Sant Esteve de Montner<\/em>.<\/p><p>Una orografia muntanyosa ocupada per boscos eurosiberians, amb predomini de pi roig \u00a0(<em>Pinus sylvestris<\/em>), el roure (<em>Quercus petraea<\/em>) i les pastures, facilita que la agricultura, la ramaderia i el turisme conformin la seva base econ\u00f2mica.<\/p>\t\t\t\t\t\t\t\t<\/div>\n\t\t\t\t<\/div>\n\t\t\t\t<div class=\"elementor-element elementor-element-5fd674bf elementor-widget elementor-widget-image\" data-id=\"5fd674bf\" data-element_type=\"widget\" data-e-type=\"widget\" data-widget_type=\"image.default\">\n\t\t\t\t<div class=\"elementor-widget-container\">\n\t\t\t\t\t\t\t\t\t\t\t\t<figure class=\"wp-caption\">\n\t\t\t\t\t\t\t\t\t\t<img decoding=\"async\" width=\"800\" height=\"533\" src=\"https:\/\/www.elturistatranquil.com\/wp-content\/uploads\/F03-Sant-Jaume-de-Frontany\u00e0.jpg\" class=\"attachment-large size-large wp-image-3906\" alt=\"\" srcset=\"https:\/\/www.elturistatranquil.com\/wp-content\/uploads\/F03-Sant-Jaume-de-Frontany\u00e0.jpg 800w, https:\/\/www.elturistatranquil.com\/wp-content\/uploads\/F03-Sant-Jaume-de-Frontany\u00e0-768x512.jpg 768w\" sizes=\"(max-width: 800px) 100vw, 800px\" \/>\t\t\t\t\t\t\t\t\t\t\t<figcaption class=\"widget-image-caption wp-caption-text\">Pastures a les portes del poble<\/figcaption>\n\t\t\t\t\t\t\t\t\t\t<\/figure>\n\t\t\t\t\t\t\t\t\t<\/div>\n\t\t\t\t<\/div>\n\t\t\t\t<div class=\"elementor-element elementor-element-61b8c42b elementor-widget elementor-widget-image\" data-id=\"61b8c42b\" data-element_type=\"widget\" data-e-type=\"widget\" data-widget_type=\"image.default\">\n\t\t\t\t<div class=\"elementor-widget-container\">\n\t\t\t\t\t\t\t\t\t\t\t\t<figure class=\"wp-caption\">\n\t\t\t\t\t\t\t\t\t\t<img loading=\"lazy\" decoding=\"async\" width=\"800\" height=\"533\" src=\"https:\/\/www.elturistatranquil.com\/wp-content\/uploads\/F04-Sant-Jaume-de-Frontany\u00e0.jpg\" class=\"attachment-large size-large wp-image-3907\" alt=\"\" srcset=\"https:\/\/www.elturistatranquil.com\/wp-content\/uploads\/F04-Sant-Jaume-de-Frontany\u00e0.jpg 800w, https:\/\/www.elturistatranquil.com\/wp-content\/uploads\/F04-Sant-Jaume-de-Frontany\u00e0-768x512.jpg 768w\" sizes=\"(max-width: 800px) 100vw, 800px\" \/>\t\t\t\t\t\t\t\t\t\t\t<figcaption class=\"widget-image-caption wp-caption-text\">L\u2019entorn muntany\u00f3s amb la Casa Blanca a l\u2019esquerra<\/figcaption>\n\t\t\t\t\t\t\t\t\t\t<\/figure>\n\t\t\t\t\t\t\t\t\t<\/div>\n\t\t\t\t<\/div>\n\t\t\t\t<div class=\"elementor-element elementor-element-159a5b55 elementor-widget elementor-widget-text-editor\" data-id=\"159a5b55\" data-element_type=\"widget\" data-e-type=\"widget\" data-widget_type=\"text-editor.default\">\n\t\t\t\t<div class=\"elementor-widget-container\">\n\t\t\t\t\t\t\t\t\t<p>La monumental <em>Esgl\u00e9sia de Sant Jaume<\/em>, presideix el nucli urb\u00e0, mentre que el poble est\u00e0 format per un petit conjunt d\u2019una vintena de cases, arrenglerades en dos carrers, el de Dalt i el de Baix, que conflueixen en una pla\u00e7a on hi ha l\u2019esgl\u00e9sia parroquial de Sant Jaume, a m\u00e9s d\u2019un parell de cases a\u00efllades (<em>Cal mestre<\/em> i la masia, casa de turisme rural i bar-restaurant <em>Casa Blanca<\/em>).<\/p><p>Abans de continuar, vull fer esment a les circumst\u00e0ncies particulars que han fet que l\u2019evoluci\u00f3 urban\u00edstica d\u2019aquest poble hagi assumit uns trets particulars, que l\u2019han diferenciat dels altres pobles de la comarca.<\/p><p>Hist\u00f2ricament, a diferencia del ve\u00ed poble de <a href=\"https:\/\/www.elturistatranquil.com\/ca\/els-casals-bergueda\/\" target=\"_blank\" rel=\"noopener\"><em>Borred\u00e0<\/em><\/a>,\u00a0la industrialitzaci\u00f3 no el va afectar, restant un poble agrari. D\u2019altra banda, la seva situaci\u00f3 geogr\u00e0fica allunyada en relaci\u00f3 als eixos de comunicaci\u00f3 van deixar Sant Jaume de Frontany\u00e0 en una posici\u00f3 marginal que va portar a que fins fa pocs anys no disposes d\u2019una carretera asfaltada. Encara als voltants de 1968, <em>Mons. Eduard Junyent<\/em> escrivia: <em>&#8220;De (Borred\u00e0) surt el cam\u00ed que porta directament a Frontany\u00e0, despr\u00e9s de set quil\u00f2metres de recorregut, nom\u00e9s practicable en Jeep&#8221;<\/em>. Un tercer aspecte que es deriva dels anteriors, es la important p\u00e8rdua de poblaci\u00f3, ja que d\u2019un m\u00e0xim de 280 habitants el 1910 va arribar a descendir a uns 20 a partir de 1970. Per \u00faltim, l\u2019any 2004 l\u2019Esgl\u00e9sia amb el seu entorn es declar\u00e9s <em>B\u00e9 d&#8217;Inter\u00e8s Cultural de l&#8217;entorn de protecci\u00f3 de l&#8217;Esgl\u00e9sia de la localitat.<\/em><\/p><p>La conjunci\u00f3 d\u2019aquests quatre fets ha portat a que el nucli urb\u00e0 no s\u2019hagi vist afectat ni per l\u2019urbanisme d\u2019industrialitzaci\u00f3, que com he dit va incidir per exemple al ve\u00ed Borred\u00e0, ni per la invasi\u00f3 del turisme residencial, com a passat al mateix Borred\u00e0.<\/p><p>Els dos parells de fotografies que segueixen permeten veure com es mant\u00e9 intacta l\u2019estructura dels habitatges, mentre que la darrera arribada del turisme residencial el que ha fet \u00e9s millorar la seva conservaci\u00f3.<\/p><p>Crec qu\u00e8 estem davant d\u2019un dels pocs pobles d\u2019urbanisme i arquitectura \u201c<strong>aut\u00e8ntics<\/strong>\u201d, de com era a finals del segle XIX un poble rural.<\/p>\t\t\t\t\t\t\t\t<\/div>\n\t\t\t\t<\/div>\n\t\t\t\t<div class=\"elementor-element elementor-element-42fc454d elementor-widget elementor-widget-image\" data-id=\"42fc454d\" data-element_type=\"widget\" data-e-type=\"widget\" data-widget_type=\"image.default\">\n\t\t\t\t<div class=\"elementor-widget-container\">\n\t\t\t\t\t\t\t\t\t\t\t\t<figure class=\"wp-caption\">\n\t\t\t\t\t\t\t\t\t\t<img loading=\"lazy\" decoding=\"async\" width=\"800\" height=\"533\" src=\"https:\/\/www.elturistatranquil.com\/wp-content\/uploads\/F05-Sant-Jaume-de-Frontany\u00e0.jpg\" class=\"attachment-large size-large wp-image-3908\" alt=\"Sant Jaume de Frontany\u00e0\" srcset=\"https:\/\/www.elturistatranquil.com\/wp-content\/uploads\/F05-Sant-Jaume-de-Frontany\u00e0.jpg 800w, https:\/\/www.elturistatranquil.com\/wp-content\/uploads\/F05-Sant-Jaume-de-Frontany\u00e0-768x512.jpg 768w\" sizes=\"(max-width: 800px) 100vw, 800px\" \/>\t\t\t\t\t\t\t\t\t\t\t<figcaption class=\"widget-image-caption wp-caption-text\">(Foto de Jean Dieuzaide anterior a  1965)<\/figcaption>\n\t\t\t\t\t\t\t\t\t\t<\/figure>\n\t\t\t\t\t\t\t\t\t<\/div>\n\t\t\t\t<\/div>\n\t\t\t\t<div class=\"elementor-element elementor-element-1df0b677 elementor-widget elementor-widget-image\" data-id=\"1df0b677\" data-element_type=\"widget\" data-e-type=\"widget\" data-widget_type=\"image.default\">\n\t\t\t\t<div class=\"elementor-widget-container\">\n\t\t\t\t\t\t\t\t\t\t\t\t<figure class=\"wp-caption\">\n\t\t\t\t\t\t\t\t\t\t<img fetchpriority=\"high\" decoding=\"async\" width=\"800\" height=\"533\" src=\"https:\/\/www.elturistatranquil.com\/wp-content\/uploads\/F01-Sant-Jaume-de-Frontany\u00e0.jpg\" class=\"attachment-large size-large wp-image-3904\" alt=\"Sant Jaume de Frontany\u00e0\" srcset=\"https:\/\/www.elturistatranquil.com\/wp-content\/uploads\/F01-Sant-Jaume-de-Frontany\u00e0.jpg 800w, https:\/\/www.elturistatranquil.com\/wp-content\/uploads\/F01-Sant-Jaume-de-Frontany\u00e0-768x512.jpg 768w\" sizes=\"(max-width: 800px) 100vw, 800px\" \/>\t\t\t\t\t\t\t\t\t\t\t<figcaption class=\"widget-image-caption wp-caption-text\">Sobresortint l\u2019Esgl\u00e9sia de Sant Jaume de Frontany\u00e0. En primer terme, les cases del carrer de Baix, i a l\u2019esquerra les primeres cases del carrer de Dalt<\/figcaption>\n\t\t\t\t\t\t\t\t\t\t<\/figure>\n\t\t\t\t\t\t\t\t\t<\/div>\n\t\t\t\t<\/div>\n\t\t\t\t<div class=\"elementor-element elementor-element-ce099fd elementor-widget elementor-widget-image\" data-id=\"ce099fd\" data-element_type=\"widget\" data-e-type=\"widget\" data-widget_type=\"image.default\">\n\t\t\t\t<div class=\"elementor-widget-container\">\n\t\t\t\t\t\t\t\t\t\t\t\t<figure class=\"wp-caption\">\n\t\t\t\t\t\t\t\t\t\t<img loading=\"lazy\" decoding=\"async\" width=\"800\" height=\"567\" src=\"https:\/\/www.elturistatranquil.com\/wp-content\/uploads\/F07-Sant-Jaume-de-Frontany\u00e0.jpg\" class=\"attachment-large size-large wp-image-3909\" alt=\"\" srcset=\"https:\/\/www.elturistatranquil.com\/wp-content\/uploads\/F07-Sant-Jaume-de-Frontany\u00e0.jpg 800w, https:\/\/www.elturistatranquil.com\/wp-content\/uploads\/F07-Sant-Jaume-de-Frontany\u00e0-768x544.jpg 768w\" sizes=\"(max-width: 800px) 100vw, 800px\" \/>\t\t\t\t\t\t\t\t\t\t\t<figcaption class=\"widget-image-caption wp-caption-text\">(Foto de Jean Dieuzaide anterior a 1965)<\/figcaption>\n\t\t\t\t\t\t\t\t\t\t<\/figure>\n\t\t\t\t\t\t\t\t\t<\/div>\n\t\t\t\t<\/div>\n\t\t\t\t<div class=\"elementor-element elementor-element-60e3acfa elementor-widget elementor-widget-image\" data-id=\"60e3acfa\" data-element_type=\"widget\" data-e-type=\"widget\" data-widget_type=\"image.default\">\n\t\t\t\t<div class=\"elementor-widget-container\">\n\t\t\t\t\t\t\t\t\t\t\t\t<figure class=\"wp-caption\">\n\t\t\t\t\t\t\t\t\t\t<img loading=\"lazy\" decoding=\"async\" width=\"800\" height=\"468\" src=\"https:\/\/www.elturistatranquil.com\/wp-content\/uploads\/F08-Sant-Jaume-de-Frontany\u00e0.jpg\" class=\"attachment-large size-large wp-image-3910\" alt=\"\" srcset=\"https:\/\/www.elturistatranquil.com\/wp-content\/uploads\/F08-Sant-Jaume-de-Frontany\u00e0.jpg 800w, https:\/\/www.elturistatranquil.com\/wp-content\/uploads\/F08-Sant-Jaume-de-Frontany\u00e0-768x449.jpg 768w\" sizes=\"(max-width: 800px) 100vw, 800px\" \/>\t\t\t\t\t\t\t\t\t\t\t<figcaption class=\"widget-image-caption wp-caption-text\">Estat actual<\/figcaption>\n\t\t\t\t\t\t\t\t\t\t<\/figure>\n\t\t\t\t\t\t\t\t\t<\/div>\n\t\t\t\t<\/div>\n\t\t\t\t<div class=\"elementor-element elementor-element-4e07e15a elementor-widget elementor-widget-text-editor\" data-id=\"4e07e15a\" data-element_type=\"widget\" data-e-type=\"widget\" data-widget_type=\"text-editor.default\">\n\t\t\t\t<div class=\"elementor-widget-container\">\n\t\t\t\t\t\t\t\t\t<p>En la fotografia anterior, els arbres no deixen veure les cases del carrer de Dalt. En la fotografia que segueix l\u2019estat actual del carres de Dalt.<\/p>\t\t\t\t\t\t\t\t<\/div>\n\t\t\t\t<\/div>\n\t\t\t\t<div class=\"elementor-element elementor-element-1e23577b elementor-widget elementor-widget-image\" data-id=\"1e23577b\" data-element_type=\"widget\" data-e-type=\"widget\" data-widget_type=\"image.default\">\n\t\t\t\t<div class=\"elementor-widget-container\">\n\t\t\t\t\t\t\t\t\t\t\t\t<figure class=\"wp-caption\">\n\t\t\t\t\t\t\t\t\t\t<img loading=\"lazy\" decoding=\"async\" width=\"800\" height=\"533\" src=\"https:\/\/www.elturistatranquil.com\/wp-content\/uploads\/F09-Sant-Jaume-de-Frontany\u00e0-Carrer-de-Dalt.jpg\" class=\"attachment-large size-large wp-image-3911\" alt=\"Sant Jaume de Frontany\u00e0 Carrer de Dalt\" srcset=\"https:\/\/www.elturistatranquil.com\/wp-content\/uploads\/F09-Sant-Jaume-de-Frontany\u00e0-Carrer-de-Dalt.jpg 800w, https:\/\/www.elturistatranquil.com\/wp-content\/uploads\/F09-Sant-Jaume-de-Frontany\u00e0-Carrer-de-Dalt-768x512.jpg 768w\" sizes=\"(max-width: 800px) 100vw, 800px\" \/>\t\t\t\t\t\t\t\t\t\t\t<figcaption class=\"widget-image-caption wp-caption-text\">Carrer de Dalt<\/figcaption>\n\t\t\t\t\t\t\t\t\t\t<\/figure>\n\t\t\t\t\t\t\t\t\t<\/div>\n\t\t\t\t<\/div>\n\t\t\t\t<div class=\"elementor-element elementor-element-204d8d84 elementor-widget elementor-widget-image\" data-id=\"204d8d84\" data-element_type=\"widget\" data-e-type=\"widget\" data-widget_type=\"image.default\">\n\t\t\t\t<div class=\"elementor-widget-container\">\n\t\t\t\t\t\t\t\t\t\t\t\t<figure class=\"wp-caption\">\n\t\t\t\t\t\t\t\t\t\t<img loading=\"lazy\" decoding=\"async\" width=\"800\" height=\"533\" src=\"https:\/\/www.elturistatranquil.com\/wp-content\/uploads\/F10-Sant-Jaume-de-Frontany\u00e0-Carrer-de-Baix.jpg\" class=\"attachment-large size-large wp-image-3912\" alt=\"\" srcset=\"https:\/\/www.elturistatranquil.com\/wp-content\/uploads\/F10-Sant-Jaume-de-Frontany\u00e0-Carrer-de-Baix.jpg 800w, https:\/\/www.elturistatranquil.com\/wp-content\/uploads\/F10-Sant-Jaume-de-Frontany\u00e0-Carrer-de-Baix-768x512.jpg 768w\" sizes=\"(max-width: 800px) 100vw, 800px\" \/>\t\t\t\t\t\t\t\t\t\t\t<figcaption class=\"widget-image-caption wp-caption-text\">Carrer de Baix<\/figcaption>\n\t\t\t\t\t\t\t\t\t\t<\/figure>\n\t\t\t\t\t\t\t\t\t<\/div>\n\t\t\t\t<\/div>\n\t\t\t\t<div class=\"elementor-element elementor-element-7d3c02ea elementor-widget elementor-widget-image\" data-id=\"7d3c02ea\" data-element_type=\"widget\" data-e-type=\"widget\" data-widget_type=\"image.default\">\n\t\t\t\t<div class=\"elementor-widget-container\">\n\t\t\t\t\t\t\t\t\t\t\t\t<figure class=\"wp-caption\">\n\t\t\t\t\t\t\t\t\t\t<img loading=\"lazy\" decoding=\"async\" width=\"800\" height=\"533\" src=\"https:\/\/www.elturistatranquil.com\/wp-content\/uploads\/F11-Sant-Jaume-de-Frontany\u00e0-Cal-Mestre.jpg\" class=\"attachment-large size-large wp-image-3913\" alt=\"Sant Jaume de Frontany\u00e0 Cal Mestre\" srcset=\"https:\/\/www.elturistatranquil.com\/wp-content\/uploads\/F11-Sant-Jaume-de-Frontany\u00e0-Cal-Mestre.jpg 800w, https:\/\/www.elturistatranquil.com\/wp-content\/uploads\/F11-Sant-Jaume-de-Frontany\u00e0-Cal-Mestre-768x512.jpg 768w\" sizes=\"(max-width: 800px) 100vw, 800px\" \/>\t\t\t\t\t\t\t\t\t\t\t<figcaption class=\"widget-image-caption wp-caption-text\">Cal Mestre<\/figcaption>\n\t\t\t\t\t\t\t\t\t\t<\/figure>\n\t\t\t\t\t\t\t\t\t<\/div>\n\t\t\t\t<\/div>\n\t\t\t\t<div class=\"elementor-element elementor-element-1c64a1a7 elementor-widget elementor-widget-text-editor\" data-id=\"1c64a1a7\" data-element_type=\"widget\" data-e-type=\"widget\" data-widget_type=\"text-editor.default\">\n\t\t\t\t<div class=\"elementor-widget-container\">\n\t\t\t\t\t\t\t\t\t<p>Com he assenyalat, no nom\u00e9s l\u2019esgl\u00e9sia, sin\u00f3 tamb\u00e9 el seu entorn, l\u2019any 2004 van quedar protegits com he dit, com a <em>B\u00e9 d&#8217;Inter\u00e8s Cultural de l&#8217;entorn de protecci\u00f3 de l&#8217;Esgl\u00e9sia de la localitat <\/em> <a href=\"http:\/\/www.boe.es\/boe\/dias\/2006\/02\/09\/pdfs\/A05103-05104.pdf\" target=\"_blank\" rel=\"noopener\">(BOE 2006-02-09)<\/a><\/p>\t\t\t\t\t\t\t\t<\/div>\n\t\t\t\t<\/div>\n\t\t\t\t<div class=\"elementor-element elementor-element-14445d03 elementor-widget elementor-widget-menu-anchor\" data-id=\"14445d03\" data-element_type=\"widget\" data-e-type=\"widget\" data-widget_type=\"menu-anchor.default\">\n\t\t\t\t<div class=\"elementor-widget-container\">\n\t\t\t\t\t\t\t<div class=\"elementor-menu-anchor\" id=\"c1103\"><\/div>\n\t\t\t\t\t\t<\/div>\n\t\t\t\t<\/div>\n\t\t\t\t<div class=\"elementor-element elementor-element-853b4c5 elementor-widget elementor-widget-image\" data-id=\"853b4c5\" data-element_type=\"widget\" data-e-type=\"widget\" data-widget_type=\"image.default\">\n\t\t\t\t<div class=\"elementor-widget-container\">\n\t\t\t\t\t\t\t\t\t\t\t\t<figure class=\"wp-caption\">\n\t\t\t\t\t\t\t\t\t\t<img loading=\"lazy\" decoding=\"async\" width=\"605\" height=\"550\" src=\"https:\/\/www.elturistatranquil.com\/wp-content\/uploads\/F12-Sant-Jaume-de-Frontany\u00e0-Delimitaci\u00f3-de-lentorn-de-protecci\u00f3-2004.jpg\" class=\"attachment-large size-large wp-image-3914\" alt=\"\" \/>\t\t\t\t\t\t\t\t\t\t\t<figcaption class=\"widget-image-caption wp-caption-text\">Delimitaci\u00f3 de l'entorn de protecci\u00f3 2004 (BOE 2006-02-09)<\/figcaption>\n\t\t\t\t\t\t\t\t\t\t<\/figure>\n\t\t\t\t\t\t\t\t\t<\/div>\n\t\t\t\t<\/div>\n\t\t\t\t<div class=\"elementor-element elementor-element-18c5868 elementor-widget elementor-widget-heading\" data-id=\"18c5868\" data-element_type=\"widget\" data-e-type=\"widget\" data-widget_type=\"heading.default\">\n\t\t\t\t<div class=\"elementor-widget-container\">\n\t\t\t\t\t<h2 class=\"elementor-heading-title elementor-size-default\">L\u2019Esgl\u00e9sia del Monestir de Sant Jaume de Frontany\u00e0<\/h2>\t\t\t\t<\/div>\n\t\t\t\t<\/div>\n\t\t\t\t<div class=\"elementor-element elementor-element-3bc9a422 elementor-widget elementor-widget-text-editor\" data-id=\"3bc9a422\" data-element_type=\"widget\" data-e-type=\"widget\" data-widget_type=\"text-editor.default\">\n\t\t\t\t<div class=\"elementor-widget-container\">\n\t\t\t\t\t\t\t\t\t<p>En les \u00faltimes d\u00e8cades del segle XI es van estendre per Catalunya les comunitats de canonges regulars segons la regla de Sant Agust\u00ed, instituint la vida en com\u00fa per als clergues de determinats centres, permetent l&#8217;acci\u00f3 directa en un radi m\u00e9s o menys extens de parr\u00f2quia. Van desenvolupar una arquitectura amb un pla cruciforme d&#8217;una nau amb transsepte i tres absis que millor responia a les exig\u00e8ncies lit\u00fargiques de la comunitat. Sant Jaume de Frontany\u00e0 es mostra en aquests aspectes com un dels exemples m\u00e9s caracter\u00edstics. En els tres absis van ser erigits els altars dedicats a Sant Jaume, Sant Pere i Sant Joan.<\/p><p>Una primera esgl\u00e9sia es va consagrar l&#8217;any 905. Probablement la reforma que va donar resultat a l&#8217;esgl\u00e9sia actual es va iniciar en 1074, construint-se un monestir. La magnitud de l&#8217;edifici fa suposar que a aquest centre se li va atribuir una certa primacia per sobre dels altres que van apareixent als seves voltants a mesura que s&#8217;intensificava el poblament.<\/p><p>Un cop suprimida la can\u00f2nica, des del segle XVII, devia perseverar una comunitat de clergues cada vegada m\u00e9s redu\u00efda, adscrits al servei de la parr\u00f2quia rural.<\/p>\t\t\t\t\t\t\t\t<\/div>\n\t\t\t\t<\/div>\n\t\t\t\t<div class=\"elementor-element elementor-element-9ccb054 elementor-widget elementor-widget-menu-anchor\" data-id=\"9ccb054\" data-element_type=\"widget\" data-e-type=\"widget\" data-widget_type=\"menu-anchor.default\">\n\t\t\t\t<div class=\"elementor-widget-container\">\n\t\t\t\t\t\t\t<div class=\"elementor-menu-anchor\" id=\"c1104\"><\/div>\n\t\t\t\t\t\t<\/div>\n\t\t\t\t<\/div>\n\t\t\t\t<div class=\"elementor-element elementor-element-6a61869a elementor-widget elementor-widget-text-editor\" data-id=\"6a61869a\" data-element_type=\"widget\" data-e-type=\"widget\" data-widget_type=\"text-editor.default\">\n\t\t\t\t<div class=\"elementor-widget-container\">\n\t\t\t\t\t\t\t\t\t<p>La vida somorta d&#8217;edats posteriors, amb la l\u00e0nguida extinci\u00f3 dels residents en un ambient sense progr\u00e9s ulterior, va coadjuvar a l&#8217;admirable conservaci\u00f3 de l&#8217;esgl\u00e9sia sense altres modificacions que el tapiat de portes laterals i l&#8217;obertura de la finestra circular a la fa\u00e7ana, a m\u00e9s l&#8217;emblanquinat de l&#8217;interior que nom\u00e9s a calgut treure modernament per tornar la expressi\u00f3 aut\u00e8ntica a la seva estructura. En canvi va comportar la desaparici\u00f3 del claustre, subsistent encara al segle XV, desenvolupat al costat de migdia amb les depend\u00e8ncies mon\u00e0stiques al seu voltant.<\/p><p>L&#8217;any 1965 a l&#8217;aterrar-se la rectoria vella foren descoberts capitells i columnes pertanyents a l&#8217;antic claustre.<\/p>\t\t\t\t\t\t\t\t<\/div>\n\t\t\t\t<\/div>\n\t\t\t\t<div class=\"elementor-element elementor-element-1e2b858a elementor-widget elementor-widget-heading\" data-id=\"1e2b858a\" data-element_type=\"widget\" data-e-type=\"widget\" data-widget_type=\"heading.default\">\n\t\t\t\t<div class=\"elementor-widget-container\">\n\t\t\t\t\t<h3 class=\"elementor-heading-title elementor-size-default\">Visita a l\u2019Esgl\u00e9sia<\/h3>\t\t\t\t<\/div>\n\t\t\t\t<\/div>\n\t\t\t\t<div class=\"elementor-element elementor-element-42924f9a elementor-widget elementor-widget-text-editor\" data-id=\"42924f9a\" data-element_type=\"widget\" data-e-type=\"widget\" data-widget_type=\"text-editor.default\">\n\t\t\t\t<div class=\"elementor-widget-container\">\n\t\t\t\t\t\t\t\t\t<p>\u00c9s possible visitar l\u2019interior de l\u2019esgl\u00e9sia en qualsevol moment. Aconsegueixo la clau del temple a la masia i casa de turisme rural i restaurant <em>Casa Blanca<\/em>. Per trobar-la baixeu pel cam\u00ed de l\u2019esquerra de l\u2019esgl\u00e9sia, al costat de <em>Cal Mestre<\/em>, travesseu la carretera, i a les cases del fons \u2013<em>Casa Blanca<\/em>&#8211; us la proporcionaran. Disposen d\u2019una <em>audioguia<\/em>, per\u00f2 vaig tenir la pega de que aquell dia la tenien descarregada.<\/p>\t\t\t\t\t\t\t\t<\/div>\n\t\t\t\t<\/div>\n\t\t\t\t<div class=\"elementor-element elementor-element-3821e290 elementor-widget elementor-widget-image\" data-id=\"3821e290\" data-element_type=\"widget\" data-e-type=\"widget\" data-widget_type=\"image.default\">\n\t\t\t\t<div class=\"elementor-widget-container\">\n\t\t\t\t\t\t\t\t\t\t\t\t<figure class=\"wp-caption\">\n\t\t\t\t\t\t\t\t\t\t<img loading=\"lazy\" decoding=\"async\" width=\"800\" height=\"533\" src=\"https:\/\/www.elturistatranquil.com\/wp-content\/uploads\/F13-Sant-Jaume-de-Frontany\u00e0.jpg\" class=\"attachment-large size-large wp-image-3915\" alt=\"Sant Jaume de Frontany\u00e0\" srcset=\"https:\/\/www.elturistatranquil.com\/wp-content\/uploads\/F13-Sant-Jaume-de-Frontany\u00e0.jpg 800w, https:\/\/www.elturistatranquil.com\/wp-content\/uploads\/F13-Sant-Jaume-de-Frontany\u00e0-768x512.jpg 768w\" sizes=\"(max-width: 800px) 100vw, 800px\" \/>\t\t\t\t\t\t\t\t\t\t\t<figcaption class=\"widget-image-caption wp-caption-text\">La clau que m\u2019obrir\u00e0 la porta de l\u2019esgl\u00e9sia. Vista dels absis de l\u2019esgl\u00e9sia des de la Casa Blanca, on es pot recollit la clau. A l\u2019esquerra carrer de Baix i a la dreta Cal Mestre<\/figcaption>\n\t\t\t\t\t\t\t\t\t\t<\/figure>\n\t\t\t\t\t\t\t\t\t<\/div>\n\t\t\t\t<\/div>\n\t\t\t\t<div class=\"elementor-element elementor-element-7351f1f5 elementor-widget elementor-widget-text-editor\" data-id=\"7351f1f5\" data-element_type=\"widget\" data-e-type=\"widget\" data-widget_type=\"text-editor.default\">\n\t\t\t\t<div class=\"elementor-widget-container\">\n\t\t\t\t\t\t\t\t\t<p>M\u2019endinso a l\u2019interior de l\u2019esgl\u00e9sia.<\/p><p>La planta \u00e9s de tres absis oberts a un creuer amb la intersecci\u00f3 d&#8217;una sola nau a la base d&#8217;un cimbori. L\u00ednies de cobertes, al mig con sobre els absis, dobles vessants del creuer i de la nau. El cimbori, \u00fanic a Catalunya, t\u00e9 dotze costats, b\u00e9 que no forma pr\u00f2piament un dodec\u00e0gon sin\u00f3 que \u00e9s una modificaci\u00f3 de l&#8217;oct\u00e0gon b\u00e0sic.<\/p><p>Sense cap altra afegit exterior que la doble espadanya erigida amb posterioritat sobre la paret de la fa\u00e7ana i la incorporaci\u00f3 d&#8217;una obertura circular a la fa\u00e7ana. El conjunt segueix l\u2019estil llombardes d\u2019arcuacions als absis i a la fa\u00e7ana, trencant la monotonia del mur.<\/p><p>Perqu\u00e8 ens fem una idea de la magnitud d&#8217;aquesta esgl\u00e9sia diguem que la longitud de la nau \u00e9s de 22,20m; l&#8217;amplada de 6,30m; l&#8217;altura 10,96m i l&#8217;al\u00e7ada exterior fins al carener de la c\u00fapula \u00e9s de 19,20m.<\/p>\t\t\t\t\t\t\t\t<\/div>\n\t\t\t\t<\/div>\n\t\t\t\t<div class=\"elementor-element elementor-element-68dd0174 elementor-widget elementor-widget-image\" data-id=\"68dd0174\" data-element_type=\"widget\" data-e-type=\"widget\" data-widget_type=\"image.default\">\n\t\t\t\t<div class=\"elementor-widget-container\">\n\t\t\t\t\t\t\t\t\t\t\t\t<figure class=\"wp-caption\">\n\t\t\t\t\t\t\t\t\t\t<img loading=\"lazy\" decoding=\"async\" width=\"391\" height=\"550\" src=\"https:\/\/www.elturistatranquil.com\/wp-content\/uploads\/F14-Sant-Jaume-de-Frontany\u00e0-Planta.jpg\" class=\"attachment-large size-large wp-image-3916\" alt=\"\" \/>\t\t\t\t\t\t\t\t\t\t\t<figcaption class=\"widget-image-caption wp-caption-text\">Planta de l\u2019Esgl\u00e9sia de Sant Jaume de Frontany\u00e0<\/figcaption>\n\t\t\t\t\t\t\t\t\t\t<\/figure>\n\t\t\t\t\t\t\t\t\t<\/div>\n\t\t\t\t<\/div>\n\t\t\t\t<div class=\"elementor-element elementor-element-7c5cd83d elementor-widget elementor-widget-image\" data-id=\"7c5cd83d\" data-element_type=\"widget\" data-e-type=\"widget\" data-widget_type=\"image.default\">\n\t\t\t\t<div class=\"elementor-widget-container\">\n\t\t\t\t\t\t\t\t\t\t\t\t<figure class=\"wp-caption\">\n\t\t\t\t\t\t\t\t\t\t<img loading=\"lazy\" decoding=\"async\" width=\"410\" height=\"550\" src=\"https:\/\/www.elturistatranquil.com\/wp-content\/uploads\/F15-Sant-Jaume-de-Frontany\u00e0-Esgl\u00e9sia.jpg\" class=\"attachment-large size-large wp-image-3917\" alt=\"\" \/>\t\t\t\t\t\t\t\t\t\t\t<figcaption class=\"widget-image-caption wp-caption-text\">Abans de la restauraci\u00f3 que va eliminar la casa parroquial adossada a l\u2019esgl\u00e9sia i on es van trobar restes de l\u2019antic claustre<\/figcaption>\n\t\t\t\t\t\t\t\t\t\t<\/figure>\n\t\t\t\t\t\t\t\t\t<\/div>\n\t\t\t\t<\/div>\n\t\t\t\t<div class=\"elementor-element elementor-element-6239bcc1 elementor-widget elementor-widget-image\" data-id=\"6239bcc1\" data-element_type=\"widget\" data-e-type=\"widget\" data-widget_type=\"image.default\">\n\t\t\t\t<div class=\"elementor-widget-container\">\n\t\t\t\t\t\t\t\t\t\t\t\t\t\t\t<img loading=\"lazy\" decoding=\"async\" width=\"711\" height=\"474\" src=\"https:\/\/www.elturistatranquil.com\/wp-content\/uploads\/F16-Sant-Jaume-de-Frontany\u00e0-Esgl\u00e9sia.jpg\" class=\"attachment-large size-large wp-image-3918\" alt=\"\" \/>\t\t\t\t\t\t\t\t\t\t\t\t\t\t\t<\/div>\n\t\t\t\t<\/div>\n\t\t\t\t<div class=\"elementor-element elementor-element-6d3799db elementor-widget elementor-widget-image\" data-id=\"6d3799db\" data-element_type=\"widget\" data-e-type=\"widget\" data-widget_type=\"image.default\">\n\t\t\t\t<div class=\"elementor-widget-container\">\n\t\t\t\t\t\t\t\t\t\t\t\t\t\t\t<img loading=\"lazy\" decoding=\"async\" width=\"800\" height=\"533\" src=\"https:\/\/www.elturistatranquil.com\/wp-content\/uploads\/F17-Sant-Jaume-de-Frontany\u00e0-Esgl\u00e9sia.jpg\" class=\"attachment-large size-large wp-image-3919\" alt=\"Sant Jaume de Frontany\u00e0 Esgl\u00e9sia\" srcset=\"https:\/\/www.elturistatranquil.com\/wp-content\/uploads\/F17-Sant-Jaume-de-Frontany\u00e0-Esgl\u00e9sia.jpg 800w, https:\/\/www.elturistatranquil.com\/wp-content\/uploads\/F17-Sant-Jaume-de-Frontany\u00e0-Esgl\u00e9sia-768x512.jpg 768w\" sizes=\"(max-width: 800px) 100vw, 800px\" \/>\t\t\t\t\t\t\t\t\t\t\t\t\t\t\t<\/div>\n\t\t\t\t<\/div>\n\t\t\t\t<div class=\"elementor-element elementor-element-69ae2cb1 elementor-widget elementor-widget-image\" data-id=\"69ae2cb1\" data-element_type=\"widget\" data-e-type=\"widget\" data-widget_type=\"image.default\">\n\t\t\t\t<div class=\"elementor-widget-container\">\n\t\t\t\t\t\t\t\t\t\t\t\t\t\t\t<img loading=\"lazy\" decoding=\"async\" width=\"412\" height=\"550\" src=\"https:\/\/www.elturistatranquil.com\/wp-content\/uploads\/F18-Sant-Jaume-de-Frontany\u00e0-Esgl\u00e9sia-1.jpg\" class=\"attachment-large size-large wp-image-3921\" alt=\"Sant Jaume de Frontany\u00e0 Esgl\u00e9sia\" \/>\t\t\t\t\t\t\t\t\t\t\t\t\t\t\t<\/div>\n\t\t\t\t<\/div>\n\t\t\t\t<div class=\"elementor-element elementor-element-24c437bb elementor-widget elementor-widget-image\" data-id=\"24c437bb\" data-element_type=\"widget\" data-e-type=\"widget\" data-widget_type=\"image.default\">\n\t\t\t\t<div class=\"elementor-widget-container\">\n\t\t\t\t\t\t\t\t\t\t\t\t\t\t\t<img loading=\"lazy\" decoding=\"async\" width=\"800\" height=\"600\" src=\"https:\/\/www.elturistatranquil.com\/wp-content\/uploads\/F19-Sant-Jaume-de-Frontany\u00e0-Esgl\u00e9sia.jpg\" class=\"attachment-large size-large wp-image-3922\" alt=\"\" srcset=\"https:\/\/www.elturistatranquil.com\/wp-content\/uploads\/F19-Sant-Jaume-de-Frontany\u00e0-Esgl\u00e9sia.jpg 800w, https:\/\/www.elturistatranquil.com\/wp-content\/uploads\/F19-Sant-Jaume-de-Frontany\u00e0-Esgl\u00e9sia-768x576.jpg 768w\" sizes=\"(max-width: 800px) 100vw, 800px\" \/>\t\t\t\t\t\t\t\t\t\t\t\t\t\t\t<\/div>\n\t\t\t\t<\/div>\n\t\t\t\t<div class=\"elementor-element elementor-element-42de8c2a elementor-widget elementor-widget-image\" data-id=\"42de8c2a\" data-element_type=\"widget\" data-e-type=\"widget\" data-widget_type=\"image.default\">\n\t\t\t\t<div class=\"elementor-widget-container\">\n\t\t\t\t\t\t\t\t\t\t\t\t\t\t\t<img loading=\"lazy\" decoding=\"async\" width=\"800\" height=\"533\" src=\"https:\/\/www.elturistatranquil.com\/wp-content\/uploads\/F20-Sant-Jaume-de-Frontany\u00e0-Esgl\u00e9sia.jpg\" class=\"attachment-large size-large wp-image-3923\" alt=\"\" srcset=\"https:\/\/www.elturistatranquil.com\/wp-content\/uploads\/F20-Sant-Jaume-de-Frontany\u00e0-Esgl\u00e9sia.jpg 800w, https:\/\/www.elturistatranquil.com\/wp-content\/uploads\/F20-Sant-Jaume-de-Frontany\u00e0-Esgl\u00e9sia-768x512.jpg 768w\" sizes=\"(max-width: 800px) 100vw, 800px\" \/>\t\t\t\t\t\t\t\t\t\t\t\t\t\t\t<\/div>\n\t\t\t\t<\/div>\n\t\t\t\t<div class=\"elementor-element elementor-element-26b72ae9 elementor-widget elementor-widget-image\" data-id=\"26b72ae9\" data-element_type=\"widget\" data-e-type=\"widget\" data-widget_type=\"image.default\">\n\t\t\t\t<div class=\"elementor-widget-container\">\n\t\t\t\t\t\t\t\t\t\t\t\t\t\t\t<img loading=\"lazy\" decoding=\"async\" width=\"800\" height=\"533\" src=\"https:\/\/www.elturistatranquil.com\/wp-content\/uploads\/F21-Sant-Jaume-de-Frontany\u00e0-Esgl\u00e9sia.jpg\" class=\"attachment-large size-large wp-image-3924\" alt=\"Sant Jaume de Frontany\u00e0 Esgl\u00e9sia\" srcset=\"https:\/\/www.elturistatranquil.com\/wp-content\/uploads\/F21-Sant-Jaume-de-Frontany\u00e0-Esgl\u00e9sia.jpg 800w, https:\/\/www.elturistatranquil.com\/wp-content\/uploads\/F21-Sant-Jaume-de-Frontany\u00e0-Esgl\u00e9sia-768x512.jpg 768w\" sizes=\"(max-width: 800px) 100vw, 800px\" \/>\t\t\t\t\t\t\t\t\t\t\t\t\t\t\t<\/div>\n\t\t\t\t<\/div>\n\t\t\t\t<div class=\"elementor-element elementor-element-77ec7746 elementor-widget elementor-widget-image\" data-id=\"77ec7746\" data-element_type=\"widget\" data-e-type=\"widget\" data-widget_type=\"image.default\">\n\t\t\t\t<div class=\"elementor-widget-container\">\n\t\t\t\t\t\t\t\t\t\t\t\t\t\t\t<img loading=\"lazy\" decoding=\"async\" width=\"800\" height=\"533\" src=\"https:\/\/www.elturistatranquil.com\/wp-content\/uploads\/F22-Sant-Jaume-de-Frontany\u00e0-Esgl\u00e9sia-1.jpg\" class=\"attachment-large size-large wp-image-3926\" alt=\"\" srcset=\"https:\/\/www.elturistatranquil.com\/wp-content\/uploads\/F22-Sant-Jaume-de-Frontany\u00e0-Esgl\u00e9sia-1.jpg 800w, https:\/\/www.elturistatranquil.com\/wp-content\/uploads\/F22-Sant-Jaume-de-Frontany\u00e0-Esgl\u00e9sia-1-768x512.jpg 768w\" sizes=\"(max-width: 800px) 100vw, 800px\" \/>\t\t\t\t\t\t\t\t\t\t\t\t\t\t\t<\/div>\n\t\t\t\t<\/div>\n\t\t\t\t<div class=\"elementor-element elementor-element-5d6638a0 elementor-widget elementor-widget-image\" data-id=\"5d6638a0\" data-element_type=\"widget\" data-e-type=\"widget\" data-widget_type=\"image.default\">\n\t\t\t\t<div class=\"elementor-widget-container\">\n\t\t\t\t\t\t\t\t\t\t\t\t\t\t\t<img loading=\"lazy\" decoding=\"async\" width=\"800\" height=\"533\" src=\"https:\/\/www.elturistatranquil.com\/wp-content\/uploads\/F23-Sant-Jaume-de-Frontany\u00e0-Esgl\u00e9sia.jpg\" class=\"attachment-large size-large wp-image-3927\" alt=\"Sant Jaume de Frontany\u00e0 Esgl\u00e9sia\" srcset=\"https:\/\/www.elturistatranquil.com\/wp-content\/uploads\/F23-Sant-Jaume-de-Frontany\u00e0-Esgl\u00e9sia.jpg 800w, https:\/\/www.elturistatranquil.com\/wp-content\/uploads\/F23-Sant-Jaume-de-Frontany\u00e0-Esgl\u00e9sia-768x512.jpg 768w\" sizes=\"(max-width: 800px) 100vw, 800px\" \/>\t\t\t\t\t\t\t\t\t\t\t\t\t\t\t<\/div>\n\t\t\t\t<\/div>\n\t\t\t\t<div class=\"elementor-element elementor-element-80de25b elementor-widget elementor-widget-text-editor\" data-id=\"80de25b\" data-element_type=\"widget\" data-e-type=\"widget\" data-widget_type=\"text-editor.default\">\n\t\t\t\t<div class=\"elementor-widget-container\">\n\t\t\t\t\t\t\t\t\t<p>L&#8217;interior es esvelt i proporcionat, sense cap tipus de decoraci\u00f3, amb volta de mig can\u00f3 a una al\u00e7ada d&#8217;uns 11m, igual que els bra\u00e7os del creuer que es creuen en ella a la mateixa al\u00e7ada, per donar lloc a una c\u00fapula amb volta de vuit draps cil\u00edndrics, sostinguda sobre trompes c\u00f2niques a la base constitu\u00efda pels arcs formers.<\/p>\t\t\t\t\t\t\t\t<\/div>\n\t\t\t\t<\/div>\n\t\t\t\t<div class=\"elementor-element elementor-element-4ae1321 elementor-widget elementor-widget-image\" data-id=\"4ae1321\" data-element_type=\"widget\" data-e-type=\"widget\" data-widget_type=\"image.default\">\n\t\t\t\t<div class=\"elementor-widget-container\">\n\t\t\t\t\t\t\t\t\t\t\t\t<figure class=\"wp-caption\">\n\t\t\t\t\t\t\t\t\t\t<img loading=\"lazy\" decoding=\"async\" width=\"406\" height=\"550\" src=\"https:\/\/www.elturistatranquil.com\/wp-content\/uploads\/F24-Sant-Jaume-de-Frontany\u00e0-Esgl\u00e9sia.jpg\" class=\"attachment-large size-large wp-image-3928\" alt=\"\" \/>\t\t\t\t\t\t\t\t\t\t\t<figcaption class=\"widget-image-caption wp-caption-text\">Vista interior en direcci\u00f3 a l'absis<\/figcaption>\n\t\t\t\t\t\t\t\t\t\t<\/figure>\n\t\t\t\t\t\t\t\t\t<\/div>\n\t\t\t\t<\/div>\n\t\t\t\t<div class=\"elementor-element elementor-element-5b6f0c2e elementor-widget elementor-widget-image\" data-id=\"5b6f0c2e\" data-element_type=\"widget\" data-e-type=\"widget\" data-widget_type=\"image.default\">\n\t\t\t\t<div class=\"elementor-widget-container\">\n\t\t\t\t\t\t\t\t\t\t\t\t<figure class=\"wp-caption\">\n\t\t\t\t\t\t\t\t\t\t<img loading=\"lazy\" decoding=\"async\" width=\"413\" height=\"550\" src=\"https:\/\/www.elturistatranquil.com\/wp-content\/uploads\/F25-Sant-Jaume-de-Frontany\u00e0-Esgl\u00e9sia.jpg\" class=\"attachment-large size-large wp-image-3929\" alt=\"Sant Jaume de Frontany\u00e0 Esgl\u00e9sia\" \/>\t\t\t\t\t\t\t\t\t\t\t<figcaption class=\"widget-image-caption wp-caption-text\">F25 Vista interior en direcci\u00f3 a l'entrada<\/figcaption>\n\t\t\t\t\t\t\t\t\t\t<\/figure>\n\t\t\t\t\t\t\t\t\t<\/div>\n\t\t\t\t<\/div>\n\t\t\t\t<div class=\"elementor-element elementor-element-593e2587 elementor-widget elementor-widget-image\" data-id=\"593e2587\" data-element_type=\"widget\" data-e-type=\"widget\" data-widget_type=\"image.default\">\n\t\t\t\t<div class=\"elementor-widget-container\">\n\t\t\t\t\t\t\t\t\t\t\t\t<figure class=\"wp-caption\">\n\t\t\t\t\t\t\t\t\t\t<img loading=\"lazy\" decoding=\"async\" width=\"800\" height=\"600\" src=\"https:\/\/www.elturistatranquil.com\/wp-content\/uploads\/F26-Sant-Jaume-de-Frontany\u00e0-Esgl\u00e9sia.jpg\" class=\"attachment-large size-large wp-image-3930\" alt=\"\" srcset=\"https:\/\/www.elturistatranquil.com\/wp-content\/uploads\/F26-Sant-Jaume-de-Frontany\u00e0-Esgl\u00e9sia.jpg 800w, https:\/\/www.elturistatranquil.com\/wp-content\/uploads\/F26-Sant-Jaume-de-Frontany\u00e0-Esgl\u00e9sia-768x576.jpg 768w\" sizes=\"(max-width: 800px) 100vw, 800px\" \/>\t\t\t\t\t\t\t\t\t\t\t<figcaption class=\"widget-image-caption wp-caption-text\">Absis central<\/figcaption>\n\t\t\t\t\t\t\t\t\t\t<\/figure>\n\t\t\t\t\t\t\t\t\t<\/div>\n\t\t\t\t<\/div>\n\t\t\t\t<div class=\"elementor-element elementor-element-4264761b elementor-widget elementor-widget-image\" data-id=\"4264761b\" data-element_type=\"widget\" data-e-type=\"widget\" data-widget_type=\"image.default\">\n\t\t\t\t<div class=\"elementor-widget-container\">\n\t\t\t\t\t\t\t\t\t\t\t\t<figure class=\"wp-caption\">\n\t\t\t\t\t\t\t\t\t\t<img loading=\"lazy\" decoding=\"async\" width=\"413\" height=\"550\" src=\"https:\/\/www.elturistatranquil.com\/wp-content\/uploads\/F27-Sant-Jaume-de-Frontany\u00e0-Esgl\u00e9sia.jpg\" class=\"attachment-large size-large wp-image-3931\" alt=\"Sant Jaume de Frontany\u00e0 Esgl\u00e9sia\" \/>\t\t\t\t\t\t\t\t\t\t\t<figcaption class=\"widget-image-caption wp-caption-text\">Absis esquerre<\/figcaption>\n\t\t\t\t\t\t\t\t\t\t<\/figure>\n\t\t\t\t\t\t\t\t\t<\/div>\n\t\t\t\t<\/div>\n\t\t\t\t<div class=\"elementor-element elementor-element-1434dc7f elementor-widget elementor-widget-image\" data-id=\"1434dc7f\" data-element_type=\"widget\" data-e-type=\"widget\" data-widget_type=\"image.default\">\n\t\t\t\t<div class=\"elementor-widget-container\">\n\t\t\t\t\t\t\t\t\t\t\t\t<figure class=\"wp-caption\">\n\t\t\t\t\t\t\t\t\t\t<img loading=\"lazy\" decoding=\"async\" width=\"413\" height=\"550\" src=\"https:\/\/www.elturistatranquil.com\/wp-content\/uploads\/F28-Sant-Jaume-de-Frontany\u00e0-Esgl\u00e9sia.jpg\" class=\"attachment-large size-large wp-image-3932\" alt=\"\" \/>\t\t\t\t\t\t\t\t\t\t\t<figcaption class=\"widget-image-caption wp-caption-text\">Absis dret <\/figcaption>\n\t\t\t\t\t\t\t\t\t\t<\/figure>\n\t\t\t\t\t\t\t\t\t<\/div>\n\t\t\t\t<\/div>\n\t\t\t\t<div class=\"elementor-element elementor-element-22901ec7 elementor-widget elementor-widget-text-editor\" data-id=\"22901ec7\" data-element_type=\"widget\" data-e-type=\"widget\" data-widget_type=\"text-editor.default\">\n\t\t\t\t<div class=\"elementor-widget-container\">\n\t\t\t\t\t\t\t\t\t<p>Sobre los arcos del crucero reposa el cimborrio, mediante trompas c\u00f3nicas; es un cimborio poligonal de doce caras, \u00fanico ejemplo en Catalu\u00f1a de este periodo; por eso fue tomado como modelo por <a href=\"https:\/\/www.raco.cat\/index.php\/revistagirona\/article\/viewFile\/81952\/106562\" target=\"_blank\" rel=\"noopener\">Elies Rogent<\/a> al reconstruir la bas\u00edlica de Ripoll.<\/p>\t\t\t\t\t\t\t\t<\/div>\n\t\t\t\t<\/div>\n\t\t\t\t<div class=\"elementor-element elementor-element-7f3d17f9 elementor-widget elementor-widget-image\" data-id=\"7f3d17f9\" data-element_type=\"widget\" data-e-type=\"widget\" data-widget_type=\"image.default\">\n\t\t\t\t<div class=\"elementor-widget-container\">\n\t\t\t\t\t\t\t\t\t\t\t\t\t\t\t<img loading=\"lazy\" decoding=\"async\" width=\"800\" height=\"533\" src=\"https:\/\/www.elturistatranquil.com\/wp-content\/uploads\/F29-Sant-Jaume-de-Frontany\u00e0-Esgl\u00e9sia.jpg\" class=\"attachment-large size-large wp-image-3933\" alt=\"Sant Jaume de Frontany\u00e0 Esgl\u00e9sia\" srcset=\"https:\/\/www.elturistatranquil.com\/wp-content\/uploads\/F29-Sant-Jaume-de-Frontany\u00e0-Esgl\u00e9sia.jpg 800w, https:\/\/www.elturistatranquil.com\/wp-content\/uploads\/F29-Sant-Jaume-de-Frontany\u00e0-Esgl\u00e9sia-768x512.jpg 768w\" sizes=\"(max-width: 800px) 100vw, 800px\" \/>\t\t\t\t\t\t\t\t\t\t\t\t\t\t\t<\/div>\n\t\t\t\t<\/div>\n\t\t\t\t<div class=\"elementor-element elementor-element-7101aeb6 elementor-widget elementor-widget-image\" data-id=\"7101aeb6\" data-element_type=\"widget\" data-e-type=\"widget\" data-widget_type=\"image.default\">\n\t\t\t\t<div class=\"elementor-widget-container\">\n\t\t\t\t\t\t\t\t\t\t\t\t<figure class=\"wp-caption\">\n\t\t\t\t\t\t\t\t\t\t<img loading=\"lazy\" decoding=\"async\" width=\"800\" height=\"533\" src=\"https:\/\/www.elturistatranquil.com\/wp-content\/uploads\/F30-Sant-Jaume-de-Frontany\u00e0-Esgl\u00e9sia.jpg\" class=\"attachment-large size-large wp-image-3934\" alt=\"Sant Jaume de Frontany\u00e0 Esgl\u00e9sia\" srcset=\"https:\/\/www.elturistatranquil.com\/wp-content\/uploads\/F30-Sant-Jaume-de-Frontany\u00e0-Esgl\u00e9sia.jpg 800w, https:\/\/www.elturistatranquil.com\/wp-content\/uploads\/F30-Sant-Jaume-de-Frontany\u00e0-Esgl\u00e9sia-768x512.jpg 768w\" sizes=\"(max-width: 800px) 100vw, 800px\" \/>\t\t\t\t\t\t\t\t\t\t\t<figcaption class=\"widget-image-caption wp-caption-text\">Cimbori<\/figcaption>\n\t\t\t\t\t\t\t\t\t\t<\/figure>\n\t\t\t\t\t\t\t\t\t<\/div>\n\t\t\t\t<\/div>\n\t\t\t\t<div class=\"elementor-element elementor-element-45eb131a elementor-widget elementor-widget-text-editor\" data-id=\"45eb131a\" data-element_type=\"widget\" data-e-type=\"widget\" data-widget_type=\"text-editor.default\">\n\t\t\t\t<div class=\"elementor-widget-container\">\n\t\t\t\t\t\t\t\t\t<p>Dos elements originals que es poden observar a l\u2019interior del temple s\u00f3n la pica aigua bene\u00efda i una pila baptismal.<\/p>\t\t\t\t\t\t\t\t<\/div>\n\t\t\t\t<\/div>\n\t\t\t\t<div class=\"elementor-element elementor-element-6d136cad elementor-widget elementor-widget-image\" data-id=\"6d136cad\" data-element_type=\"widget\" data-e-type=\"widget\" data-widget_type=\"image.default\">\n\t\t\t\t<div class=\"elementor-widget-container\">\n\t\t\t\t\t\t\t\t\t\t\t\t\t\t\t<img loading=\"lazy\" decoding=\"async\" width=\"800\" height=\"533\" src=\"https:\/\/www.elturistatranquil.com\/wp-content\/uploads\/F31-Sant-Jaume-de-Frontany\u00e0-Esgl\u00e9sia-Pica-aigua-beneida.jpg\" class=\"attachment-large size-large wp-image-3935\" alt=\"\" srcset=\"https:\/\/www.elturistatranquil.com\/wp-content\/uploads\/F31-Sant-Jaume-de-Frontany\u00e0-Esgl\u00e9sia-Pica-aigua-beneida.jpg 800w, https:\/\/www.elturistatranquil.com\/wp-content\/uploads\/F31-Sant-Jaume-de-Frontany\u00e0-Esgl\u00e9sia-Pica-aigua-beneida-768x512.jpg 768w\" sizes=\"(max-width: 800px) 100vw, 800px\" \/>\t\t\t\t\t\t\t\t\t\t\t\t\t\t\t<\/div>\n\t\t\t\t<\/div>\n\t\t\t\t<div class=\"elementor-element elementor-element-242ac23b elementor-widget elementor-widget-image\" data-id=\"242ac23b\" data-element_type=\"widget\" data-e-type=\"widget\" data-widget_type=\"image.default\">\n\t\t\t\t<div class=\"elementor-widget-container\">\n\t\t\t\t\t\t\t\t\t\t\t\t\t\t\t<img loading=\"lazy\" decoding=\"async\" width=\"800\" height=\"533\" src=\"https:\/\/www.elturistatranquil.com\/wp-content\/uploads\/F32-Sant-Jaume-de-Frontany\u00e0-Esgl\u00e9sia-Pica-baptismal.jpg\" class=\"attachment-large size-large wp-image-3936\" alt=\"Sant Jaume de Frontany\u00e0 Esgl\u00e9sia Pica baptismal\" srcset=\"https:\/\/www.elturistatranquil.com\/wp-content\/uploads\/F32-Sant-Jaume-de-Frontany\u00e0-Esgl\u00e9sia-Pica-baptismal.jpg 800w, https:\/\/www.elturistatranquil.com\/wp-content\/uploads\/F32-Sant-Jaume-de-Frontany\u00e0-Esgl\u00e9sia-Pica-baptismal-768x512.jpg 768w\" sizes=\"(max-width: 800px) 100vw, 800px\" \/>\t\t\t\t\t\t\t\t\t\t\t\t\t\t\t<\/div>\n\t\t\t\t<\/div>\n\t\t\t\t<div class=\"elementor-element elementor-element-56539554 elementor-widget elementor-widget-menu-anchor\" data-id=\"56539554\" data-element_type=\"widget\" data-e-type=\"widget\" data-widget_type=\"menu-anchor.default\">\n\t\t\t\t<div class=\"elementor-widget-container\">\n\t\t\t\t\t\t\t<div class=\"elementor-menu-anchor\" id=\"c1105\"><\/div>\n\t\t\t\t\t\t<\/div>\n\t\t\t\t<\/div>\n\t\t\t\t<div class=\"elementor-element elementor-element-0f837d6 elementor-widget elementor-widget-text-editor\" data-id=\"0f837d6\" data-element_type=\"widget\" data-e-type=\"widget\" data-widget_type=\"text-editor.default\">\n\t\t\t\t<div class=\"elementor-widget-container\">\n\t\t\t\t\t\t\t\t\t<p>Finalitzat el reconeixement a l\u2019Esgl\u00e9sia era hora de retornar la clau i donar per finalitzada la visita a aquest poble, en que la seva situaci\u00f3 marginal l\u2019ha perm\u00e8s mantenir-se intacte, com era fa m\u00e9s de cent anys. Per tant, ens trobem en un indret en que l\u2019autenticitat del que observem es real, nom\u00e9s millorada per les rehabilitacions\u00a0 que fan que aquest conjunt aparegui potser una mica massa polit en relaci\u00f3 a com era en el seu \u00fas quotidi\u00e0. El que si s\u2019ha mantingut aut\u00e8ntic \u00e9s l\u2019estructura de les construccions. No hi ha gaires exemples com aquest en que es combini autenticitat i bon estat de conservaci\u00f3.<\/p><p>Per tot plegat, es tracta d\u2019una aut\u00e8ntica joia que \u00e9s absolutament aconsellable visitar. A m\u00e9s, actualment la carretera d\u2019acc\u00e9s des de Borred\u00e0 est\u00e0 en perfectes condicions.<\/p>\t\t\t\t\t\t\t\t<\/div>\n\t\t\t\t<\/div>\n\t\t\t\t<div class=\"elementor-element elementor-element-dcb188c elementor-widget elementor-widget-heading\" data-id=\"dcb188c\" data-element_type=\"widget\" data-e-type=\"widget\" data-widget_type=\"heading.default\">\n\t\t\t\t<div class=\"elementor-widget-container\">\n\t\t\t\t\t<h2 class=\"elementor-heading-title elementor-size-default\">Bases d\u2019informaci\u00f3<\/h2>\t\t\t\t<\/div>\n\t\t\t\t<\/div>\n\t\t\t\t<div class=\"elementor-element elementor-element-5332e057 elementor-widget elementor-widget-text-editor\" data-id=\"5332e057\" data-element_type=\"widget\" data-e-type=\"widget\" data-widget_type=\"text-editor.default\">\n\t\t\t\t<div class=\"elementor-widget-container\">\n\t\t\t\t\t\t\t\t\t<p><strong>Webs<\/strong><\/p><p><a href=\"http:\/\/www.santjaumedefrontanya.cat\/\" target=\"_blank\" rel=\"noopener\">Ajuntament<\/a><\/p><p><a href=\"https:\/\/es.wikipedia.org\/wiki\/San_Jaime_de_Frontanya\" target=\"_blank\" rel=\"noopener\">wikipedia.es<\/a><\/p><p><a href=\"https:\/\/ca.wikipedia.org\/wiki\/Sant_Jaume_de_Frontany%C3%A0\" target=\"_blank\" rel=\"noopener\">wikipedia.ca<\/a><\/p><p><a href=\"http:\/\/www.elbergueda.cat\/es\/pl121\/agenda\/id282\/visita-sant-jaume-de-frontanya.htm\" target=\"_blank\" rel=\"noopener\">elbergueda<\/a><\/p><p><a href=\"http:\/\/www.enciclopedia.cat\/EC-GEC-0059918.xml\" target=\"_blank\" rel=\"noopener\">enciclopedia.cat<\/a><\/p><p><a href=\"http:\/\/www.monestirs.cat\/monst\/bergue\/bg27fron.htm\" target=\"_blank\" rel=\"noopener\">monestirs.cat\/monst\/bergue<\/a><\/p><p><a href=\"http:\/\/www.turismo-prerromanico.com\/monumento\/sant-jaume-de-frontany-20150715121652\/\" target=\"_blank\" rel=\"noopener\">turismoprerromanico<\/a><\/p><p><a href=\"http:\/\/invarquit.cultura.gencat.cat\/Cerca\/Fitxa?index=0&amp;consulta=&amp;codi=212\" target=\"_blank\" rel=\"noopener\">inventaricultura.gencat<\/a><\/p><p><a href=\"http:\/\/www.boe.es\/boe\/dias\/2006\/02\/09\/pdfs\/A05103-05104.pdf\" target=\"_blank\" rel=\"noopener\">BOE 2006-02-09<\/a><\/p><p><strong>Web academic<\/strong><\/p><p>Manuel Riu, <a href=\"http:\/\/www.raco.cat\/index.php\/Erol\/article\/download\/171991\/250679\" target=\"_blank\" rel=\"noopener\"><em>Les antigues canoniques de l&#8217; ambit del Bisbat de Solsona<\/em><\/a><\/p><p>Vicente Maestre Abad, <a href=\"https:\/\/www.raco.cat\/index.php\/revistagirona\/article\/viewFile\/81952\/106562\" target=\"_blank\" rel=\"noopener\"><em>Elias Rogent, arque\u00f3logo y restaurador Notas para la historia de la restauraci\u00f3n de Santa Mar\u00eda de Ripoll<\/em><\/a>\u00a0<\/p><p><strong>Libros<\/strong><\/p><p>Mons. Eduard Junyent, texto; Jean Dieuzaide, fotograf\u00edas. <em>Catalu\u00f1a\/1, Volumen 6 de la serie La Espa\u00f1a Rom\u00e1nica<\/em>, Encuentro Ediciones, 1980 (primera edici\u00f3n 1968): <em>San Jaime de Frontany\u00e0<\/em> pp. 169-179<\/p><p>Eduard Carbonell, text; Jordi Gum\u00ed Cardona, fotografies, <em>El Rom\u00e0nic Catal\u00e0<\/em>, Edicions 62, Barcelona, 1976<\/p>\t\t\t\t\t\t\t\t<\/div>\n\t\t\t\t<\/div>\n\t\t\t\t<div class=\"elementor-element elementor-element-1a0f796d elementor-widget elementor-widget-text-editor\" data-id=\"1a0f796d\" data-element_type=\"widget\" data-e-type=\"widget\" data-widget_type=\"text-editor.default\">\n\t\t\t\t<div class=\"elementor-widget-container\">\n\t\t\t\t\t\t\t\t\t<p style=\"text-align: right;\">Enlla\u00e7 amb el <em>Post<\/em>: <a href=\"https:\/\/www.elturistatranquil.com\/ca\/els-casals-bergueda\/\" target=\"_blank\" rel=\"noopener\"><strong>Els Casals. Bergued\u00e0<\/strong><\/a><\/p>\t\t\t\t\t\t\t\t<\/div>\n\t\t\t\t<\/div>\n\t\t\t\t\t<\/div>\n\t\t<\/div>\n\t\t\t\t\t<\/div>\n\t\t<\/section>\n\t\t\t\t<section class=\"elementor-section elementor-top-section elementor-element elementor-element-5517db50 elementor-section-boxed elementor-section-height-default elementor-section-height-default\" data-id=\"5517db50\" data-element_type=\"section\" data-e-type=\"section\">\n\t\t\t\t\t\t<div class=\"elementor-container elementor-column-gap-default\">\n\t\t\t\t\t<div class=\"elementor-column elementor-col-100 elementor-top-column elementor-element elementor-element-63041c4b\" data-id=\"63041c4b\" data-element_type=\"column\" data-e-type=\"column\">\n\t\t\t<div class=\"elementor-widget-wrap elementor-element-populated\">\n\t\t\t\t\t\t<div class=\"elementor-element elementor-element-7a7d4f36 elementor-share-buttons--view-icon elementor-share-buttons--skin-minimal elementor-share-buttons--shape-circle elementor-grid-0 elementor-share-buttons--color-official elementor-widget elementor-widget-global elementor-global-398 elementor-widget-share-buttons\" data-id=\"7a7d4f36\" data-element_type=\"widget\" data-e-type=\"widget\" data-widget_type=\"share-buttons.default\">\n\t\t\t\t<div class=\"elementor-widget-container\">\n\t\t\t\t\t\t\t<div class=\"elementor-grid\" role=\"list\">\n\t\t\t\t\t\t\t\t<div class=\"elementor-grid-item\" role=\"listitem\">\n\t\t\t\t\t\t<div class=\"elementor-share-btn elementor-share-btn_facebook\" role=\"button\" tabindex=\"0\" aria-label=\"Compartici\u00f3 en facebook\">\n\t\t\t\t\t\t\t\t\t\t\t\t\t\t\t<span class=\"elementor-share-btn__icon\">\n\t\t\t\t\t\t\t\t<i class=\"fab fa-facebook\" aria-hidden=\"true\"><\/i>\t\t\t\t\t\t\t<\/span>\n\t\t\t\t\t\t\t\t\t\t\t\t\t\t\t\t\t\t\t\t<\/div>\n\t\t\t\t\t<\/div>\n\t\t\t\t\t\t\t\t\t<div class=\"elementor-grid-item\" role=\"listitem\">\n\t\t\t\t\t\t<div class=\"elementor-share-btn elementor-share-btn_twitter\" role=\"button\" tabindex=\"0\" aria-label=\"Compartici\u00f3 en twitter\">\n\t\t\t\t\t\t\t\t\t\t\t\t\t\t\t<span class=\"elementor-share-btn__icon\">\n\t\t\t\t\t\t\t\t<i class=\"fab fa-twitter\" aria-hidden=\"true\"><\/i>\t\t\t\t\t\t\t<\/span>\n\t\t\t\t\t\t\t\t\t\t\t\t\t\t\t\t\t\t\t\t<\/div>\n\t\t\t\t\t<\/div>\n\t\t\t\t\t\t\t\t\t<div class=\"elementor-grid-item\" role=\"listitem\">\n\t\t\t\t\t\t<div class=\"elementor-share-btn elementor-share-btn_pinterest\" role=\"button\" tabindex=\"0\" aria-label=\"Compartici\u00f3 en pinterest\">\n\t\t\t\t\t\t\t\t\t\t\t\t\t\t\t<span class=\"elementor-share-btn__icon\">\n\t\t\t\t\t\t\t\t<i class=\"fab fa-pinterest\" aria-hidden=\"true\"><\/i>\t\t\t\t\t\t\t<\/span>\n\t\t\t\t\t\t\t\t\t\t\t\t\t\t\t\t\t\t\t\t<\/div>\n\t\t\t\t\t<\/div>\n\t\t\t\t\t\t\t\t\t<div class=\"elementor-grid-item\" role=\"listitem\">\n\t\t\t\t\t\t<div class=\"elementor-share-btn elementor-share-btn_whatsapp\" role=\"button\" tabindex=\"0\" aria-label=\"Compartici\u00f3 en whatsapp\">\n\t\t\t\t\t\t\t\t\t\t\t\t\t\t\t<span class=\"elementor-share-btn__icon\">\n\t\t\t\t\t\t\t\t<i class=\"fab fa-whatsapp\" aria-hidden=\"true\"><\/i>\t\t\t\t\t\t\t<\/span>\n\t\t\t\t\t\t\t\t\t\t\t\t\t\t\t\t\t\t\t\t<\/div>\n\t\t\t\t\t<\/div>\n\t\t\t\t\t\t\t\t\t<div class=\"elementor-grid-item\" role=\"listitem\">\n\t\t\t\t\t\t<div class=\"elementor-share-btn elementor-share-btn_email\" role=\"button\" tabindex=\"0\" aria-label=\"Compartici\u00f3 en email\">\n\t\t\t\t\t\t\t\t\t\t\t\t\t\t\t<span class=\"elementor-share-btn__icon\">\n\t\t\t\t\t\t\t\t<i class=\"fas fa-envelope\" aria-hidden=\"true\"><\/i>\t\t\t\t\t\t\t<\/span>\n\t\t\t\t\t\t\t\t\t\t\t\t\t\t\t\t\t\t\t\t<\/div>\n\t\t\t\t\t<\/div>\n\t\t\t\t\t\t<\/div>\n\t\t\t\t\t\t<\/div>\n\t\t\t\t<\/div>\n\t\t\t\t\t<\/div>\n\t\t<\/div>\n\t\t\t\t\t<\/div>\n\t\t<\/section>\n\t\t\t\t<\/div>\n\t\t","protected":false},"excerpt":{"rendered":"<p>El poble de Sant Jaume de Frontany\u00e0 i l\u2019Esgl\u00e9sia del que havia estat un monestir de canonges agustinians, \u00e9s un dels pocs exemples en que es mant\u00e9 actualment l\u2019autenticitat de &#8230; <a title=\"Sant Jaume de Frontany\u00e0. Poble i Esgl\u00e9sia del monestir (Barcelona)\" class=\"read-more\" href=\"https:\/\/www.elturistatranquil.com\/ca\/sant-jaume-de-frontanya-poble-i-esglesia-del-monestir\/\" aria-label=\"M\u00e9s informaci\u00f3 sobre Sant Jaume de Frontany\u00e0. Poble i Esgl\u00e9sia del monestir (Barcelona)\">[ &#8230; ]<\/a><\/p>\n","protected":false},"author":1,"featured_media":3904,"comment_status":"open","ping_status":"closed","sticky":false,"template":"","format":"standard","meta":{"footnotes":""},"categories":[71,72,73,83,90,95,100,104],"tags":[],"class_list":["post-3942","post","type-post","status-publish","format-standard","has-post-thumbnail","hentry","category-arquitectura-popular-ca","category-arquitectura-religiosa-ca","category-barcelona-ca","category-historia-ca","category-monestirs-catedrals","category-paisatge","category-pobles-i-ciutats-amb-interes","category-preromanic-ca","infinite-scroll-item","generate-columns","tablet-grid-50","mobile-grid-100","grid-parent","grid-50","no-featured-image-padding"],"yoast_head":"<!-- This site is optimized with the Yoast SEO plugin v27.4 - https:\/\/yoast.com\/product\/yoast-seo-wordpress\/ -->\n<title>Sant Jaume de Frontany\u00e0. Poble i Esgl\u00e9sia del monestir (Barcelona) - El turista tranquil<\/title>\n<meta name=\"description\" content=\"El poble de Sant Jaume de Frontany\u00e0 i l\u2019Esgl\u00e9sia del que havia estat un monestir de canonges agustinians, \u00e9s un dels pocs exemples en que es mant\u00e9 actualment l\u2019autenticitat de la seva estructura urbana i de l\u2019arquitectura de tots els edificis.\" \/>\n<meta name=\"robots\" content=\"index, follow, max-snippet:-1, max-image-preview:large, max-video-preview:-1\" \/>\n<link rel=\"canonical\" href=\"https:\/\/www.elturistatranquil.com\/ca\/sant-jaume-de-frontanya-poble-i-esglesia-del-monestir\/\" \/>\n<meta property=\"og:locale\" content=\"ca_ES\" \/>\n<meta property=\"og:type\" content=\"article\" \/>\n<meta property=\"og:title\" content=\"Sant Jaume de Frontany\u00e0. Poble i Esgl\u00e9sia del monestir (Barcelona) - El turista tranquil\" \/>\n<meta property=\"og:description\" content=\"El poble de Sant Jaume de Frontany\u00e0 i l\u2019Esgl\u00e9sia del que havia estat un monestir de canonges agustinians, \u00e9s un dels pocs exemples en que es mant\u00e9 actualment l\u2019autenticitat de la seva estructura urbana i de l\u2019arquitectura de tots els edificis.\" \/>\n<meta property=\"og:url\" content=\"https:\/\/www.elturistatranquil.com\/ca\/sant-jaume-de-frontanya-poble-i-esglesia-del-monestir\/\" \/>\n<meta property=\"og:site_name\" content=\"El turista tranquil\" \/>\n<meta property=\"article:publisher\" content=\"https:\/\/www.facebook.com\/elturistatranquilo\/\" \/>\n<meta property=\"article:published_time\" content=\"2018-06-22T14:53:31+00:00\" \/>\n<meta property=\"article:modified_time\" content=\"2019-09-25T10:23:20+00:00\" \/>\n<meta property=\"og:image\" content=\"https:\/\/www.elturistatranquil.com\/wp-content\/uploads\/F01-Sant-Jaume-de-Frontany\u00e0.jpg\" \/>\n\t<meta property=\"og:image:width\" content=\"800\" \/>\n\t<meta property=\"og:image:height\" content=\"533\" \/>\n\t<meta property=\"og:image:type\" content=\"image\/jpeg\" \/>\n<meta name=\"author\" content=\"admin\" \/>\n<meta name=\"twitter:card\" content=\"summary_large_image\" \/>\n<meta name=\"twitter:label1\" content=\"Escrit per\" \/>\n\t<meta name=\"twitter:data1\" content=\"admin\" \/>\n\t<meta name=\"twitter:label2\" content=\"Temps estimat de lectura\" \/>\n\t<meta name=\"twitter:data2\" content=\"10 minuts\" \/>\n<script type=\"application\/ld+json\" class=\"yoast-schema-graph\">{\"@context\":\"https:\\\/\\\/schema.org\",\"@graph\":[{\"@type\":\"Article\",\"@id\":\"https:\\\/\\\/www.elturistatranquil.com\\\/ca\\\/sant-jaume-de-frontanya-poble-i-esglesia-del-monestir\\\/#article\",\"isPartOf\":{\"@id\":\"https:\\\/\\\/www.elturistatranquil.com\\\/ca\\\/sant-jaume-de-frontanya-poble-i-esglesia-del-monestir\\\/\"},\"author\":{\"name\":\"admin\",\"@id\":\"https:\\\/\\\/www.elturistatranquil.com\\\/ca\\\/#\\\/schema\\\/person\\\/16f607c3079b96ed0c530a52e6b58bb5\"},\"headline\":\"Sant Jaume de Frontany\u00e0. Poble i Esgl\u00e9sia del monestir (Barcelona)\",\"datePublished\":\"2018-06-22T14:53:31+00:00\",\"dateModified\":\"2019-09-25T10:23:20+00:00\",\"mainEntityOfPage\":{\"@id\":\"https:\\\/\\\/www.elturistatranquil.com\\\/ca\\\/sant-jaume-de-frontanya-poble-i-esglesia-del-monestir\\\/\"},\"wordCount\":2093,\"commentCount\":0,\"image\":{\"@id\":\"https:\\\/\\\/www.elturistatranquil.com\\\/ca\\\/sant-jaume-de-frontanya-poble-i-esglesia-del-monestir\\\/#primaryimage\"},\"thumbnailUrl\":\"https:\\\/\\\/www.elturistatranquil.com\\\/wp-content\\\/uploads\\\/F01-Sant-Jaume-de-Frontany\u00e0.jpg\",\"articleSection\":[\"Arquitectura popular\",\"Arquitectura religiosa\",\"Barcelona\",\"Hist\u00f2ria\",\"Monestirs, Catedrals\",\"Paisatge\",\"Pobles i ciutats amb inter\u00e9s\",\"Rom\u00e0nic\"],\"inLanguage\":\"ca\",\"potentialAction\":[{\"@type\":\"CommentAction\",\"name\":\"Comment\",\"target\":[\"https:\\\/\\\/www.elturistatranquil.com\\\/ca\\\/sant-jaume-de-frontanya-poble-i-esglesia-del-monestir\\\/#respond\"]}]},{\"@type\":\"WebPage\",\"@id\":\"https:\\\/\\\/www.elturistatranquil.com\\\/ca\\\/sant-jaume-de-frontanya-poble-i-esglesia-del-monestir\\\/\",\"url\":\"https:\\\/\\\/www.elturistatranquil.com\\\/ca\\\/sant-jaume-de-frontanya-poble-i-esglesia-del-monestir\\\/\",\"name\":\"Sant Jaume de Frontany\u00e0. Poble i Esgl\u00e9sia del monestir (Barcelona) - El turista tranquil\",\"isPartOf\":{\"@id\":\"https:\\\/\\\/www.elturistatranquil.com\\\/ca\\\/#website\"},\"primaryImageOfPage\":{\"@id\":\"https:\\\/\\\/www.elturistatranquil.com\\\/ca\\\/sant-jaume-de-frontanya-poble-i-esglesia-del-monestir\\\/#primaryimage\"},\"image\":{\"@id\":\"https:\\\/\\\/www.elturistatranquil.com\\\/ca\\\/sant-jaume-de-frontanya-poble-i-esglesia-del-monestir\\\/#primaryimage\"},\"thumbnailUrl\":\"https:\\\/\\\/www.elturistatranquil.com\\\/wp-content\\\/uploads\\\/F01-Sant-Jaume-de-Frontany\u00e0.jpg\",\"datePublished\":\"2018-06-22T14:53:31+00:00\",\"dateModified\":\"2019-09-25T10:23:20+00:00\",\"author\":{\"@id\":\"https:\\\/\\\/www.elturistatranquil.com\\\/ca\\\/#\\\/schema\\\/person\\\/16f607c3079b96ed0c530a52e6b58bb5\"},\"description\":\"El poble de Sant Jaume de Frontany\u00e0 i l\u2019Esgl\u00e9sia del que havia estat un monestir de canonges agustinians, \u00e9s un dels pocs exemples en que es mant\u00e9 actualment l\u2019autenticitat de la seva estructura urbana i de l\u2019arquitectura de tots els edificis.\",\"breadcrumb\":{\"@id\":\"https:\\\/\\\/www.elturistatranquil.com\\\/ca\\\/sant-jaume-de-frontanya-poble-i-esglesia-del-monestir\\\/#breadcrumb\"},\"inLanguage\":\"ca\",\"potentialAction\":[{\"@type\":\"ReadAction\",\"target\":[\"https:\\\/\\\/www.elturistatranquil.com\\\/ca\\\/sant-jaume-de-frontanya-poble-i-esglesia-del-monestir\\\/\"]}]},{\"@type\":\"ImageObject\",\"inLanguage\":\"ca\",\"@id\":\"https:\\\/\\\/www.elturistatranquil.com\\\/ca\\\/sant-jaume-de-frontanya-poble-i-esglesia-del-monestir\\\/#primaryimage\",\"url\":\"https:\\\/\\\/www.elturistatranquil.com\\\/wp-content\\\/uploads\\\/F01-Sant-Jaume-de-Frontany\u00e0.jpg\",\"contentUrl\":\"https:\\\/\\\/www.elturistatranquil.com\\\/wp-content\\\/uploads\\\/F01-Sant-Jaume-de-Frontany\u00e0.jpg\",\"width\":800,\"height\":533,\"caption\":\"Sant Jaume de Frontany\u00e0\"},{\"@type\":\"BreadcrumbList\",\"@id\":\"https:\\\/\\\/www.elturistatranquil.com\\\/ca\\\/sant-jaume-de-frontanya-poble-i-esglesia-del-monestir\\\/#breadcrumb\",\"itemListElement\":[{\"@type\":\"ListItem\",\"position\":1,\"name\":\"Portada\",\"item\":\"https:\\\/\\\/www.elturistatranquil.com\\\/ca\\\/\"},{\"@type\":\"ListItem\",\"position\":2,\"name\":\"Sant Jaume de Frontany\u00e0. Poble i Esgl\u00e9sia del monestir (Barcelona)\"}]},{\"@type\":\"WebSite\",\"@id\":\"https:\\\/\\\/www.elturistatranquil.com\\\/ca\\\/#website\",\"url\":\"https:\\\/\\\/www.elturistatranquil.com\\\/ca\\\/\",\"name\":\"El turista tranquil\",\"description\":\"Blog de viatges\",\"potentialAction\":[{\"@type\":\"SearchAction\",\"target\":{\"@type\":\"EntryPoint\",\"urlTemplate\":\"https:\\\/\\\/www.elturistatranquil.com\\\/ca\\\/?s={search_term_string}\"},\"query-input\":{\"@type\":\"PropertyValueSpecification\",\"valueRequired\":true,\"valueName\":\"search_term_string\"}}],\"inLanguage\":\"ca\"},{\"@type\":\"Person\",\"@id\":\"https:\\\/\\\/www.elturistatranquil.com\\\/ca\\\/#\\\/schema\\\/person\\\/16f607c3079b96ed0c530a52e6b58bb5\",\"name\":\"admin\",\"image\":{\"@type\":\"ImageObject\",\"inLanguage\":\"ca\",\"@id\":\"https:\\\/\\\/secure.gravatar.com\\\/avatar\\\/1fbaf22aee75fcbb29a2f97b107f95d25d3a19b7c3416105be10269872673e8d?s=96&d=mm&r=g\",\"url\":\"https:\\\/\\\/secure.gravatar.com\\\/avatar\\\/1fbaf22aee75fcbb29a2f97b107f95d25d3a19b7c3416105be10269872673e8d?s=96&d=mm&r=g\",\"contentUrl\":\"https:\\\/\\\/secure.gravatar.com\\\/avatar\\\/1fbaf22aee75fcbb29a2f97b107f95d25d3a19b7c3416105be10269872673e8d?s=96&d=mm&r=g\",\"caption\":\"admin\"}}]}<\/script>\n<!-- \/ Yoast SEO plugin. -->","yoast_head_json":{"title":"Sant Jaume de Frontany\u00e0. Poble i Esgl\u00e9sia del monestir (Barcelona) - El turista tranquil","description":"El poble de Sant Jaume de Frontany\u00e0 i l\u2019Esgl\u00e9sia del que havia estat un monestir de canonges agustinians, \u00e9s un dels pocs exemples en que es mant\u00e9 actualment l\u2019autenticitat de la seva estructura urbana i de l\u2019arquitectura de tots els edificis.","robots":{"index":"index","follow":"follow","max-snippet":"max-snippet:-1","max-image-preview":"max-image-preview:large","max-video-preview":"max-video-preview:-1"},"canonical":"https:\/\/www.elturistatranquil.com\/ca\/sant-jaume-de-frontanya-poble-i-esglesia-del-monestir\/","og_locale":"ca_ES","og_type":"article","og_title":"Sant Jaume de Frontany\u00e0. Poble i Esgl\u00e9sia del monestir (Barcelona) - El turista tranquil","og_description":"El poble de Sant Jaume de Frontany\u00e0 i l\u2019Esgl\u00e9sia del que havia estat un monestir de canonges agustinians, \u00e9s un dels pocs exemples en que es mant\u00e9 actualment l\u2019autenticitat de la seva estructura urbana i de l\u2019arquitectura de tots els edificis.","og_url":"https:\/\/www.elturistatranquil.com\/ca\/sant-jaume-de-frontanya-poble-i-esglesia-del-monestir\/","og_site_name":"El turista tranquil","article_publisher":"https:\/\/www.facebook.com\/elturistatranquilo\/","article_published_time":"2018-06-22T14:53:31+00:00","article_modified_time":"2019-09-25T10:23:20+00:00","og_image":[{"width":800,"height":533,"url":"https:\/\/www.elturistatranquil.com\/wp-content\/uploads\/F01-Sant-Jaume-de-Frontany\u00e0.jpg","type":"image\/jpeg"}],"author":"admin","twitter_card":"summary_large_image","twitter_misc":{"Escrit per":"admin","Temps estimat de lectura":"10 minuts"},"schema":{"@context":"https:\/\/schema.org","@graph":[{"@type":"Article","@id":"https:\/\/www.elturistatranquil.com\/ca\/sant-jaume-de-frontanya-poble-i-esglesia-del-monestir\/#article","isPartOf":{"@id":"https:\/\/www.elturistatranquil.com\/ca\/sant-jaume-de-frontanya-poble-i-esglesia-del-monestir\/"},"author":{"name":"admin","@id":"https:\/\/www.elturistatranquil.com\/ca\/#\/schema\/person\/16f607c3079b96ed0c530a52e6b58bb5"},"headline":"Sant Jaume de Frontany\u00e0. Poble i Esgl\u00e9sia del monestir (Barcelona)","datePublished":"2018-06-22T14:53:31+00:00","dateModified":"2019-09-25T10:23:20+00:00","mainEntityOfPage":{"@id":"https:\/\/www.elturistatranquil.com\/ca\/sant-jaume-de-frontanya-poble-i-esglesia-del-monestir\/"},"wordCount":2093,"commentCount":0,"image":{"@id":"https:\/\/www.elturistatranquil.com\/ca\/sant-jaume-de-frontanya-poble-i-esglesia-del-monestir\/#primaryimage"},"thumbnailUrl":"https:\/\/www.elturistatranquil.com\/wp-content\/uploads\/F01-Sant-Jaume-de-Frontany\u00e0.jpg","articleSection":["Arquitectura popular","Arquitectura religiosa","Barcelona","Hist\u00f2ria","Monestirs, Catedrals","Paisatge","Pobles i ciutats amb inter\u00e9s","Rom\u00e0nic"],"inLanguage":"ca","potentialAction":[{"@type":"CommentAction","name":"Comment","target":["https:\/\/www.elturistatranquil.com\/ca\/sant-jaume-de-frontanya-poble-i-esglesia-del-monestir\/#respond"]}]},{"@type":"WebPage","@id":"https:\/\/www.elturistatranquil.com\/ca\/sant-jaume-de-frontanya-poble-i-esglesia-del-monestir\/","url":"https:\/\/www.elturistatranquil.com\/ca\/sant-jaume-de-frontanya-poble-i-esglesia-del-monestir\/","name":"Sant Jaume de Frontany\u00e0. Poble i Esgl\u00e9sia del monestir (Barcelona) - El turista tranquil","isPartOf":{"@id":"https:\/\/www.elturistatranquil.com\/ca\/#website"},"primaryImageOfPage":{"@id":"https:\/\/www.elturistatranquil.com\/ca\/sant-jaume-de-frontanya-poble-i-esglesia-del-monestir\/#primaryimage"},"image":{"@id":"https:\/\/www.elturistatranquil.com\/ca\/sant-jaume-de-frontanya-poble-i-esglesia-del-monestir\/#primaryimage"},"thumbnailUrl":"https:\/\/www.elturistatranquil.com\/wp-content\/uploads\/F01-Sant-Jaume-de-Frontany\u00e0.jpg","datePublished":"2018-06-22T14:53:31+00:00","dateModified":"2019-09-25T10:23:20+00:00","author":{"@id":"https:\/\/www.elturistatranquil.com\/ca\/#\/schema\/person\/16f607c3079b96ed0c530a52e6b58bb5"},"description":"El poble de Sant Jaume de Frontany\u00e0 i l\u2019Esgl\u00e9sia del que havia estat un monestir de canonges agustinians, \u00e9s un dels pocs exemples en que es mant\u00e9 actualment l\u2019autenticitat de la seva estructura urbana i de l\u2019arquitectura de tots els edificis.","breadcrumb":{"@id":"https:\/\/www.elturistatranquil.com\/ca\/sant-jaume-de-frontanya-poble-i-esglesia-del-monestir\/#breadcrumb"},"inLanguage":"ca","potentialAction":[{"@type":"ReadAction","target":["https:\/\/www.elturistatranquil.com\/ca\/sant-jaume-de-frontanya-poble-i-esglesia-del-monestir\/"]}]},{"@type":"ImageObject","inLanguage":"ca","@id":"https:\/\/www.elturistatranquil.com\/ca\/sant-jaume-de-frontanya-poble-i-esglesia-del-monestir\/#primaryimage","url":"https:\/\/www.elturistatranquil.com\/wp-content\/uploads\/F01-Sant-Jaume-de-Frontany\u00e0.jpg","contentUrl":"https:\/\/www.elturistatranquil.com\/wp-content\/uploads\/F01-Sant-Jaume-de-Frontany\u00e0.jpg","width":800,"height":533,"caption":"Sant Jaume de Frontany\u00e0"},{"@type":"BreadcrumbList","@id":"https:\/\/www.elturistatranquil.com\/ca\/sant-jaume-de-frontanya-poble-i-esglesia-del-monestir\/#breadcrumb","itemListElement":[{"@type":"ListItem","position":1,"name":"Portada","item":"https:\/\/www.elturistatranquil.com\/ca\/"},{"@type":"ListItem","position":2,"name":"Sant Jaume de Frontany\u00e0. Poble i Esgl\u00e9sia del monestir (Barcelona)"}]},{"@type":"WebSite","@id":"https:\/\/www.elturistatranquil.com\/ca\/#website","url":"https:\/\/www.elturistatranquil.com\/ca\/","name":"El turista tranquil","description":"Blog de viatges","potentialAction":[{"@type":"SearchAction","target":{"@type":"EntryPoint","urlTemplate":"https:\/\/www.elturistatranquil.com\/ca\/?s={search_term_string}"},"query-input":{"@type":"PropertyValueSpecification","valueRequired":true,"valueName":"search_term_string"}}],"inLanguage":"ca"},{"@type":"Person","@id":"https:\/\/www.elturistatranquil.com\/ca\/#\/schema\/person\/16f607c3079b96ed0c530a52e6b58bb5","name":"admin","image":{"@type":"ImageObject","inLanguage":"ca","@id":"https:\/\/secure.gravatar.com\/avatar\/1fbaf22aee75fcbb29a2f97b107f95d25d3a19b7c3416105be10269872673e8d?s=96&d=mm&r=g","url":"https:\/\/secure.gravatar.com\/avatar\/1fbaf22aee75fcbb29a2f97b107f95d25d3a19b7c3416105be10269872673e8d?s=96&d=mm&r=g","contentUrl":"https:\/\/secure.gravatar.com\/avatar\/1fbaf22aee75fcbb29a2f97b107f95d25d3a19b7c3416105be10269872673e8d?s=96&d=mm&r=g","caption":"admin"}}]}},"_links":{"self":[{"href":"https:\/\/www.elturistatranquil.com\/ca\/wp-json\/wp\/v2\/posts\/3942","targetHints":{"allow":["GET"]}}],"collection":[{"href":"https:\/\/www.elturistatranquil.com\/ca\/wp-json\/wp\/v2\/posts"}],"about":[{"href":"https:\/\/www.elturistatranquil.com\/ca\/wp-json\/wp\/v2\/types\/post"}],"author":[{"embeddable":true,"href":"https:\/\/www.elturistatranquil.com\/ca\/wp-json\/wp\/v2\/users\/1"}],"replies":[{"embeddable":true,"href":"https:\/\/www.elturistatranquil.com\/ca\/wp-json\/wp\/v2\/comments?post=3942"}],"version-history":[{"count":0,"href":"https:\/\/www.elturistatranquil.com\/ca\/wp-json\/wp\/v2\/posts\/3942\/revisions"}],"wp:featuredmedia":[{"embeddable":true,"href":"https:\/\/www.elturistatranquil.com\/ca\/wp-json\/wp\/v2\/media\/3904"}],"wp:attachment":[{"href":"https:\/\/www.elturistatranquil.com\/ca\/wp-json\/wp\/v2\/media?parent=3942"}],"wp:term":[{"taxonomy":"category","embeddable":true,"href":"https:\/\/www.elturistatranquil.com\/ca\/wp-json\/wp\/v2\/categories?post=3942"},{"taxonomy":"post_tag","embeddable":true,"href":"https:\/\/www.elturistatranquil.com\/ca\/wp-json\/wp\/v2\/tags?post=3942"}],"curies":[{"name":"wp","href":"https:\/\/api.w.org\/{rel}","templated":true}]}}